{"id":141,"count":14,"description":"A k\u00fclt\u00e9ri dekor\u00e1ci\u00f3k \u00faj szintre emelik a kertek, teraszok \u00e9s erk\u00e9lyek hangulat\u00e1t. A l\u00e1mp\u00e1sok, girlandok, szobrok \u00e9s vir\u00e1gtart\u00f3k seg\u00edts\u00e9g\u00e9vel szem\u00e9lyess\u00e9, meghitt\u00e9 \u00e9s st\u00edlusoss\u00e1 var\u00e1zsolhat\u00f3k a szabadban t\u00f6lt\u00f6tt pillanatok. Ak\u00e1r term\u00e9szetk\u00f6zeli, ak\u00e1r modern diz\u00e1jnban gondolkodsz, az apr\u00f3 r\u00e9szletek mindig karaktert adnak a k\u00fclt\u00e9ri tereknek. Inspir\u00e1ci\u00f3k\u00e9nt szolg\u00e1lnak piknikekhez, kerti partikhoz vagy egyszer\u0171 h\u00e9tk\u00f6znapi pihen\u00e9shez, mik\u00f6zben id\u0151j\u00e1r\u00e1s\u00e1ll\u00f3 anyagaiknak k\u00f6sz\u00f6nhet\u0151en tart\u00f3san gy\u00f6ny\u00f6rk\u00f6dtetnek. Fedezd fel, hogyan teheted egyediv\u00e9 \u00e9s k\u00fcl\u00f6nlegess\u00e9 a szabad \u00e9g alatt elt\u00f6lt\u00f6tt perceket!","link":"https:\/\/doubletakedecor.com\/hu\/kulteri-dekoraciok\/","name":"K\u00fclt\u00e9ri dekor\u00e1ci\u00f3k","slug":"kulteri-dekoraciok","taxonomy":"category","parent":0,"meta":{"rank_math_focus_keyword":"kulteri-dekoraciok","rank_math_title":"K\u00fclt\u00e9ri dekor\u00e1ci\u00f3k \u2013 Inspir\u00e1ci\u00f3k kerthez, teraszhoz \u00e9s erk\u00e9lyhez","rank_math_description":"Fedezd fel a k\u00fclt\u00e9ri dekor\u00e1ci\u00f3k vil\u00e1g\u00e1t! \u00d6tletek l\u00e1mp\u00e1sokhoz, szobrokhoz, vir\u00e1gtart\u00f3khoz, hogy kerted egyedi legyen."},"_links":{"self":[{"href":"https:\/\/doubletakedecor.com\/hu\/wp-json\/wp\/v2\/categories\/141","targetHints":{"allow":["GET"]}}],"collection":[{"href":"https:\/\/doubletakedecor.com\/hu\/wp-json\/wp\/v2\/categories"}],"about":[{"href":"https:\/\/doubletakedecor.com\/hu\/wp-json\/wp\/v2\/taxonomies\/category"}],"wp:post_type":[{"href":"https:\/\/doubletakedecor.com\/hu\/wp-json\/wp\/v2\/posts?categories=141"}],"curies":[{"name":"wp","href":"https:\/\/api.w.org\/{rel}","templated":true}]}}