{"id":10453,"date":"2025-10-03T13:01:22","date_gmt":"2025-10-03T11:01:22","guid":{"rendered":"https:\/\/doubletakedecor.com\/kulteri-dekoraciok\/kreativ-napelemes-vilagitasi-otletek\/"},"modified":"2025-10-03T13:29:42","modified_gmt":"2025-10-03T11:29:42","slug":"kreativ-napelemes-vilagitasi-otletek","status":"publish","type":"post","link":"https:\/\/doubletakedecor.com\/hu\/kulteri-dekoraciok\/kreativ-napelemes-vilagitasi-otletek\/","title":{"rendered":"Innovat\u00edv napelemes vil\u00e1g\u00edt\u00e1si \u00f6tletek a k\u00fclt\u00e9ri teredhez"},"content":{"rendered":"<p>Szeretn\u00e9l egy kis var\u00e1zslatot vinni a kertedbe vagy teraszodra, de nem akarod, hogy az \u00e1ramk\u00f6lts\u00e9gek n\u0151jenek? A kreat\u00edv napelemes vil\u00e1g\u00edt\u00e1sok t\u00f6k\u00e9letes megold\u00e1st k\u00edn\u00e1lnak: k\u00f6rnyezetbar\u00e1t f\u00e9nyt adnak, mik\u00f6zben a saj\u00e1t st\u00edlusodat is t\u00fckr\u00f6zik. Elrejtheted a napelemes l\u00e1mp\u00e1kat a vir\u00e1gcserepekben, vagy ak\u00e1r \u00fajrahasznos\u00edtott anyagokb\u00f3l k\u00e9sz\u00edthetsz k\u00fcl\u00f6nleges csill\u00e1rokat. Ezek a bark\u00e1cs\u00f6tletek egyediv\u00e9 \u00e9s hangulatoss\u00e1 var\u00e1zsolnak b\u00e1rmilyen kertet vagy teraszt.<\/p>\n<p>Ha \u00fajrahasznos\u00edtasz mindennapi t\u00e1rgyakat, p\u00e9ld\u00e1ul bef\u0151ttes\u00fcvegeket, b\u00e1dogdobozokat vagy r\u00e9gi v\u00f6dr\u00f6ket, nemcsak cs\u00f6kkented a hullad\u00e9kot, hanem igaz\u00e1n k\u00fcl\u00f6nleges, napelemes d\u00edszeket k\u00e9sz\u00edthetsz bel\u0151l\u00fck. Az \u00f6tletek sz\u00e1ma v\u00e9gtelen\u2014p\u00e9ld\u00e1ul k\u00f6t\u00e9lb\u0151l font g\u00f6mb-l\u00e1mp\u00e1k festik meg a kertet \u00e1rny\u00e9kokkal, agyagcserepes \u201evil\u00e1g\u00edt\u00f3tornyok\u201d tengerparti hangulatot teremtenek, a napelemes m\u00e9csestart\u00f3k pedig meleg, bar\u00e1ts\u00e1gos l\u00e9gk\u00f6rt adnak az esti \u00f6sszej\u00f6vetelekhez.<\/p>\n<p>Ezek a projektek nemcsak sz\u00e9pek, hanem hasznosak is. A napelemes l\u00e1mp\u00e1k a Nap energi\u00e1j\u00e1t haszn\u00e1lj\u00e1k, \u00edgy nem kell vill\u00e1sdug\u00f3kkal vagy bonyolult k\u00e1belekkel bajl\u00f3dni. Ahogy lesz\u00e1ll az este, a l\u00e1mp\u00e1k magukt\u00f3l felkapcsol\u00f3dnak\u2014kiemelik a kerti \u00f6sv\u00e9nyeket, megvil\u00e1g\u00edtj\u00e1k a kedvenc n\u00f6v\u00e9nyeket, vagy ak\u00e1r teljesen \u00fajj\u00e1var\u00e1zsolj\u00e1k a kertedet \u00e9jszak\u00e1ra. R\u00e1ad\u00e1sul a legt\u00f6bb \u00f6tlethez olyan anyagokat haszn\u00e1lhatsz, amik m\u00e1r otthon is megvannak, \u00edgy igaz\u00e1n p\u00e9nzt\u00e1rcabar\u00e1t m\u00f3don d\u00edsz\u00edtheted \u00e9s szem\u00e9lyess\u00e9 teheted a k\u00fclt\u00e9ri \u00e9lettered, mik\u00f6zben a k\u00f6rnyezet\u00e9rt is teszel.<\/p>\n<div class=\"kt_block\" id=\"kt_id\">\n<span class=\"kt_headline\">Legfontosabb tudnival\u00f3k<\/span><\/p>\n<ul class=\"kt_post_list\">\n<li><strong>\ud83c\udf1e K\u00f6rnyezetbar\u00e1t f\u00e9nyforr\u00e1s:<\/strong> A napelemes l\u00e1mp\u00e1k k\u00edm\u00e9lik a k\u00f6rnyezetet \u00e9s energiatakar\u00e9kosak is, hiszen csak meg\u00fajul\u00f3 energi\u00e1t haszn\u00e1lnak, \u00edgy az \u00e1ramsz\u00e1ml\u00e1d sem n\u0151.<\/li>\n<li><strong>\ud83d\udee0\ufe0f Bark\u00e1csol\u00e1s \u00e9s kreativit\u00e1s:<\/strong> Ha bef\u0151ttes\u00fcvegekb\u0151l vagy r\u00e9gi v\u00f6dr\u00f6kb\u0151l k\u00e9sz\u00edtesz napelemes l\u00e1mp\u00e1kat, nemcsak kevesebb hullad\u00e9k lesz, de igaz\u00e1n egyedi hangulatot is adhatsz a kertednek vagy teraszodnak.<\/li>\n<li><strong>\ud83d\udca1 Egyszer\u0171 \u00e9s praktikus haszn\u00e1lat:<\/strong> A napelemes l\u00e1mp\u00e1k automatikusan bekapcsolnak s\u00f6t\u00e9ted\u00e9skor, nem kell hozz\u00e1juk konnektor vagy bonyolult vezet\u00e9kez\u00e9s, m\u00e9gis p\u00e9nzt\u00e1rcabar\u00e1tok \u00e9s k\u00f6nnyen telep\u00edthet\u0151k.<\/li>\n<li><strong>\ud83c\udf3f V\u00e1ltozatos megold\u00e1sok:<\/strong> V\u00e1laszthatsz napelemes l\u00e1mp\u00e1sokat, \u00fatsz\u00e9li l\u00e1mp\u00e1kat, dekor\u00e1ci\u00f3s g\u00f6mb\u00f6ket vagy ak\u00e1r csill\u00e1rokat is, hogy minden alkalomhoz \u00e9s st\u00edlushoz megtal\u00e1ld a legt\u00f6k\u00e9letesebb vil\u00e1g\u00edt\u00e1st.<\/li>\n<\/ul>\n<\/div>\n<h2>Fali l\u00e1mp\u00e1s f\u00fcgg\u0151 vir\u00e1gtart\u00f3val<\/h2>\n<p><img loading=\"lazy\" decoding=\"async\" width=\"700\" height=\"1049\" alt=\"\" class=\"aligncenter size-full wp-image-9708\" src=\"https:\/\/doubletakedecor.com\/uploads\/2025\/10\/solar-light-ideas-dtd-01.jpg\" srcset=\"https:\/\/doubletakedecor.com\/uploads\/2025\/10\/solar-light-ideas-dtd-01.jpg 700w, https:\/\/doubletakedecor.com\/uploads\/2025\/10\/solar-light-ideas-dtd-01-200x300.jpg 200w, https:\/\/doubletakedecor.com\/uploads\/2025\/10\/solar-light-ideas-dtd-01-683x1024.jpg 683w\" sizes=\"auto, (max-width: 700px) 100vw, 700px\" \/><\/p>\n<p>Kombin\u00e1ld a sz\u00e9pet a hasznossal: szerelj fel egy napelemes fali l\u00e1mp\u00e1st egy f\u00fcgg\u0151 vir\u00e1gtart\u00f3val alatta! A meleg f\u00e9ny sz\u00e9pen megvil\u00e1g\u00edtja a lecs\u00fcng\u0151 pozsg\u00e1sokat, \u00edgy igazi l\u00e1tv\u00e1nyoss\u00e1g lesz a kertedben. V\u00e1lassz v\u00edztakar\u00e9kos n\u00f6v\u00e9nyeket, hogy kev\u00e9s gondoz\u00e1st ig\u00e9nyeljenek. \u00dagy helyezd el az eg\u00e9szet, hogy el\u00e9g napf\u00e9ny \u00e9rje a l\u00e1mp\u00e1t \u00e9s a n\u00f6v\u00e9nyeket is!<\/p>\n<h2>Vil\u00e1g\u00edt\u00f3 k\u0151l\u00e9pcs\u0151 design<\/h2>\n<p><img loading=\"lazy\" decoding=\"async\" width=\"700\" height=\"1049\" alt=\"\" class=\"aligncenter size-full wp-image-9714\" src=\"https:\/\/doubletakedecor.com\/uploads\/2025\/10\/solar-light-ideas-dtd-02.jpg\" srcset=\"https:\/\/doubletakedecor.com\/uploads\/2025\/10\/solar-light-ideas-dtd-02.jpg 700w, https:\/\/doubletakedecor.com\/uploads\/2025\/10\/solar-light-ideas-dtd-02-200x300.jpg 200w, https:\/\/doubletakedecor.com\/uploads\/2025\/10\/solar-light-ideas-dtd-02-683x1024.jpg 683w\" sizes=\"auto, (max-width: 700px) 100vw, 700px\" \/><\/p>\n<p>Dobd fel a k\u00fclt\u00e9ri l\u00e9pcs\u0151det be\u00e9p\u00edtett napelemes vil\u00e1g\u00edt\u00e1ssal, amit a k\u0151falakba szerelhetsz. A l\u00e1mp\u00e1kat f\u00e9s\u00fcld teljesen a k\u0151felsz\u00ednhez, hogy letisztult, modern legyen az \u00f6sszk\u00e9p, mik\u00f6zben biztons\u00e1gos is marad a l\u00e9pcs\u0151 haszn\u00e1lata s\u00f6t\u00e9tben. Helyezd \u0151ket egyenl\u0151 t\u00e1vols\u00e1gra a l\u00e9pcs\u0151fokokon, hogy egyenletes vil\u00e1goss\u00e1got adjanak. \u00dcltess mell\u00e9 z\u00f6ld n\u00f6v\u00e9nyeket a term\u00e9szetes, \u00e1polt l\u00e1tv\u00e1ny\u00e9rt.<\/p>\n<h2>Hangulatos k\u00fclt\u00e9ri \u00f6sszej\u00f6veteli t\u00e9r<\/h2>\n<p><img loading=\"lazy\" decoding=\"async\" width=\"700\" height=\"1050\" alt=\"\" class=\"aligncenter size-full wp-image-9720\" src=\"https:\/\/doubletakedecor.com\/uploads\/2025\/10\/solar-light-ideas-dtd-03.jpg\" srcset=\"https:\/\/doubletakedecor.com\/uploads\/2025\/10\/solar-light-ideas-dtd-03.jpg 700w, https:\/\/doubletakedecor.com\/uploads\/2025\/10\/solar-light-ideas-dtd-03-200x300.jpg 200w, https:\/\/doubletakedecor.com\/uploads\/2025\/10\/solar-light-ideas-dtd-03-683x1024.jpg 683w\" sizes=\"auto, (max-width: 700px) 100vw, 700px\" \/><\/p>\n<p>Tedd var\u00e1zslatoss\u00e1 a h\u00e1ts\u00f3 kertedet, ha napelemes \u00e9g\u0151sorokat h\u00fazol a t\u0171zrak\u00f3hely f\u00f6l\u00e9. Rendezd a sz\u00e9keket k\u00f6r alakba, hogy j\u00f3 legyen a besz\u00e9lget\u00e9s, \u00e9s tegy\u00e9l r\u00e1juk puha p\u00e1rn\u00e1kat. \u00dagy akaszd fel a l\u00e1mp\u00e1kat, hogy kellemes, sz\u00f3rt f\u00e9nyt adjanak a teljes \u00fcl\u0151helyen, de senkinek ne vil\u00e1g\u00edtsanak k\u00f6zvetlen\u00fcl a szem\u00e9be.<\/p>\n<h2>Dekorat\u00edv f\u00fcgg\u0151l\u00e1mpa v\u00e1logat\u00e1s<\/h2>\n<p><img loading=\"lazy\" decoding=\"async\" width=\"700\" height=\"1050\" alt=\"\" class=\"aligncenter size-full wp-image-9726\" src=\"https:\/\/doubletakedecor.com\/uploads\/2025\/10\/solar-light-ideas-dtd-04.jpg\" srcset=\"https:\/\/doubletakedecor.com\/uploads\/2025\/10\/solar-light-ideas-dtd-04.jpg 700w, https:\/\/doubletakedecor.com\/uploads\/2025\/10\/solar-light-ideas-dtd-04-200x300.jpg 200w, https:\/\/doubletakedecor.com\/uploads\/2025\/10\/solar-light-ideas-dtd-04-683x1024.jpg 683w\" sizes=\"auto, (max-width: 700px) 100vw, 700px\" \/><\/p>\n<p>Dobd fel a kerted vagy a teraszod exkluz\u00edv hat\u00e1s\u00fa, napelemes f\u00fcgg\u0151l\u00e1mp\u00e1kkal, amelyek olyanok, mintha benti csill\u00e1rok lenn\u00e9nek! Szereld fel \u0151ket fedett teraszokra vagy pergol\u00e1kra, hogy est\u00e9nk\u00e9nt is hangulatos legyen a vil\u00e1g\u00edt\u00e1s. V\u00e1lassz t\u00f6bbf\u00e9le form\u00e1t \u00e9s anyagot, \u00e9s l\u00f3gasd \u0151ket k\u00fcl\u00f6nb\u00f6z\u0151 magass\u00e1gokba, hogy mozgalmas \u00e9s egyedi legyen az \u00f6sszk\u00e9p.<\/p>\n<h2>G\u00f6mb l\u00e1mp\u00e1k kerti \u00f6sv\u00e9nyhez<\/h2>\n<p><img loading=\"lazy\" decoding=\"async\" width=\"700\" height=\"1050\" alt=\"\" class=\"aligncenter size-full wp-image-9732\" src=\"https:\/\/doubletakedecor.com\/uploads\/2025\/10\/solar-light-ideas-dtd-05.jpg\" srcset=\"https:\/\/doubletakedecor.com\/uploads\/2025\/10\/solar-light-ideas-dtd-05.jpg 700w, https:\/\/doubletakedecor.com\/uploads\/2025\/10\/solar-light-ideas-dtd-05-200x300.jpg 200w, https:\/\/doubletakedecor.com\/uploads\/2025\/10\/solar-light-ideas-dtd-05-683x1024.jpg 683w\" sizes=\"auto, (max-width: 700px) 100vw, 700px\" \/><\/p>\n<p>Alak\u00edtsd \u00e1t a kerti s\u00e9t\u00e1nyodat elb\u0171v\u00f6l\u0151 esti helly\u00e9 szol\u00e1r g\u00f6mb l\u00e1mp\u00e1kkal! Helyezd el a vil\u00e1g\u00edt\u00f3 g\u00f6mb\u00f6ket a j\u00e1rda mindk\u00e9t oldal\u00e1ra, hogy egyenletes f\u00e9ny legyen. Le\u00e1sva vagy kavicsba s\u00fcllyesztve m\u00e9g stabilabb\u00e1 teheted \u0151ket. Ezek nemcsak biztons\u00e1gosabb\u00e1 teszik a s\u00e9t\u00e1t, hanem mes\u00e9s hangulatot is teremtenek az esti kerti bulikhoz.<\/p>\n<h2>Modern \u00fatsz\u00e9li napelemes l\u00e1mp\u00e1k<\/h2>\n<p><img loading=\"lazy\" decoding=\"async\" width=\"700\" height=\"1050\" alt=\"\" class=\"aligncenter size-full wp-image-9738\" src=\"https:\/\/doubletakedecor.com\/uploads\/2025\/10\/solar-light-ideas-dtd-06.jpg\" srcset=\"https:\/\/doubletakedecor.com\/uploads\/2025\/10\/solar-light-ideas-dtd-06.jpg 700w, https:\/\/doubletakedecor.com\/uploads\/2025\/10\/solar-light-ideas-dtd-06-200x300.jpg 200w, https:\/\/doubletakedecor.com\/uploads\/2025\/10\/solar-light-ideas-dtd-06-683x1024.jpg 683w\" sizes=\"auto, (max-width: 700px) 100vw, 700px\" \/><\/p>\n<p>Adj letisztult, modern megjelen\u00e9st a kerti j\u00e1rd\u00e1dnak henger alak\u00fa, f\u00e9nyl\u0151 gy\u0171r\u0171s szol\u00e1r l\u00e1mp\u00e1kkal. Helyezd \u0151ket k\u0151lapok mell\u00e9, hogy k\u00f6nnyebb \u00e9s biztons\u00e1gosabb legyen a k\u00f6zleked\u00e9s, mik\u00f6zben feldobj\u00e1k a kerted hangulat\u00e1t. P\u00e1ros\u00e1val telep\u00edtsd \u0151ket az egyenletes f\u00e9ny\u00e9rt, \u00fcltess k\u00f6r\u00e9j\u00fck alacsony d\u00edszn\u00f6v\u00e9nyeket a harmonikus, \u00e1tgondolt \u00f6sszhat\u00e1s\u00e9rt.<\/p>\n<h2>F\u00fcz\u00e9rl\u00e1mp\u00e1k k\u00fclt\u00e9ri \u00e9tkez\u00e9shez<\/h2>\n<p><img loading=\"lazy\" decoding=\"async\" width=\"700\" height=\"1050\" alt=\"\" class=\"aligncenter size-full wp-image-9744\" src=\"https:\/\/doubletakedecor.com\/uploads\/2025\/10\/solar-light-ideas-dtd-07.jpg\" srcset=\"https:\/\/doubletakedecor.com\/uploads\/2025\/10\/solar-light-ideas-dtd-07.jpg 700w, https:\/\/doubletakedecor.com\/uploads\/2025\/10\/solar-light-ideas-dtd-07-200x300.jpg 200w, https:\/\/doubletakedecor.com\/uploads\/2025\/10\/solar-light-ideas-dtd-07-683x1024.jpg 683w\" sizes=\"auto, (max-width: 700px) 100vw, 700px\" \/><\/p>\n<p>Tedd igaz\u00e1n k\u00fcl\u00f6nlegess\u00e9 a kinti vacsor\u00e1kat, ha napelemes f\u00e9nyf\u00fcz\u00e9reket h\u00fazol ki a f\u00e1k k\u00f6z\u00f6tt, az asztal f\u00f6l\u00e9. Meleg f\u00e9ny\u0171 \u00e9g\u0151ket v\u00e1lassz, ett\u0151l bar\u00e1ts\u00e1gosabb lesz a hangulat. Akkor\u00e1ra fesz\u00edtsd a l\u00e1mp\u00e1kat, hogy az eg\u00e9sz asztalt bevil\u00e1g\u00edts\u00e1k, de az \u00f6sszhang megmaradjon. Friss vir\u00e1gokat \u00e9s term\u00e9szetes d\u00edszeket is haszn\u00e1lhatsz az asztalodon a m\u00e9g nagyobb var\u00e1zslat\u00e9rt.<\/p>\n<h2>Nyolcsz\u00f6glet\u0171 \u00fcveg szol\u00e1rl\u00e1mp\u00e1s d\u00edsz\u00edt\u00e9s<\/h2>\n<p><img loading=\"lazy\" decoding=\"async\" width=\"700\" height=\"1049\" alt=\"\" class=\"aligncenter size-full wp-image-9750\" src=\"https:\/\/doubletakedecor.com\/uploads\/2025\/10\/solar-light-ideas-dtd-08.jpg\" srcset=\"https:\/\/doubletakedecor.com\/uploads\/2025\/10\/solar-light-ideas-dtd-08.jpg 700w, https:\/\/doubletakedecor.com\/uploads\/2025\/10\/solar-light-ideas-dtd-08-200x300.jpg 200w, https:\/\/doubletakedecor.com\/uploads\/2025\/10\/solar-light-ideas-dtd-08-683x1024.jpg 683w\" sizes=\"auto, (max-width: 700px) 100vw, 700px\" \/><\/p>\n<p>Emeld ki a teraszodat egy eleg\u00e1ns, nyolcsz\u00f6glet\u0171 napelem-l\u00e1mp\u00e1ssal, amit sz\u00ednes vir\u00e1gok vesznek k\u00f6r\u00fcl. Az asztal k\u00f6zep\u00e9re helyezd a l\u00e1mp\u00e1st, hogy igaz\u00e1n felt\u0171n\u0151 legyen! V\u00e1laszd az \u00e1rny\u00e9kmentes, napos helyet, \u00edgy este is er\u0151sen vil\u00e1g\u00edt majd. Cser\u00e9ld \u00e9vszakr\u00f3l \u00e9vszakra a vir\u00e1gokat, hogy mindig friss \u00e9s sz\u00ednes legyen a dekor\u00e1ci\u00f3.<\/p>\n<h2>Napelemes kerti oszlopl\u00e1mpa<\/h2>\n<p><img loading=\"lazy\" decoding=\"async\" width=\"700\" height=\"1050\" alt=\"\" class=\"aligncenter size-full wp-image-9756\" src=\"https:\/\/doubletakedecor.com\/uploads\/2025\/10\/solar-light-ideas-dtd-09.jpg\" srcset=\"https:\/\/doubletakedecor.com\/uploads\/2025\/10\/solar-light-ideas-dtd-09.jpg 700w, https:\/\/doubletakedecor.com\/uploads\/2025\/10\/solar-light-ideas-dtd-09-200x300.jpg 200w, https:\/\/doubletakedecor.com\/uploads\/2025\/10\/solar-light-ideas-dtd-09-683x1024.jpg 683w\" sizes=\"auto, (max-width: 700px) 100vw, 700px\" \/><\/p>\n<p>Szerelj fel egy oszlopra helyezett napelemet, hogy feldobd a kerted hangulatvil\u00e1g\u00edt\u00e1s\u00e1t. \u00c1ll\u00edtsd a panelt olyan sz\u00f6gbe, ahol eg\u00e9sz nap a legt\u00f6bb napf\u00e9nyt gy\u0171jti be. K\u00f6sd \u00f6ssze g\u00f6mb alak\u00fa l\u00e1mp\u00e1kkal a kellemes f\u00e9ny\u00e9rt. Tedd a vil\u00e1g\u00edt\u00e1st \u00fcl\u0151helyek k\u00f6zel\u00e9be, \u00edgy olyan bar\u00e1ts\u00e1gos, k\u00f6rnyezetk\u00edm\u00e9l\u0151 pihen\u0151helyet kapsz, ahol nem kell vezet\u00e9kekkel bajl\u00f3dnod.<\/p>\n<h2>T\u00fcrkiz gyertyatart\u00f3k vir\u00e1gos asztald\u00edsszel<\/h2>\n<p><img loading=\"lazy\" decoding=\"async\" width=\"700\" height=\"1050\" alt=\"\" class=\"aligncenter size-full wp-image-9762\" src=\"https:\/\/doubletakedecor.com\/uploads\/2025\/10\/solar-light-ideas-dtd-10.jpg\" srcset=\"https:\/\/doubletakedecor.com\/uploads\/2025\/10\/solar-light-ideas-dtd-10.jpg 700w, https:\/\/doubletakedecor.com\/uploads\/2025\/10\/solar-light-ideas-dtd-10-200x300.jpg 200w, https:\/\/doubletakedecor.com\/uploads\/2025\/10\/solar-light-ideas-dtd-10-683x1024.jpg 683w\" sizes=\"auto, (max-width: 700px) 100vw, 700px\" \/><\/p>\n<p>Dobd fel a k\u00fclt\u00e9ri helyed, ha egy sz\u00ednes vir\u00e1gcserepet t\u00fcrkiz gyertyatart\u00f3kkal keretezel. A k\u00fcl\u00f6nb\u00f6z\u0151 sz\u00ednek izgalmass\u00e1, a v\u00e1ltakoz\u00f3 magass\u00e1gok pedig l\u00e1tv\u00e1nyoss\u00e1 var\u00e1zsolj\u00e1k a teraszt vagy az erk\u00e9lyt. Helyezz napenergi\u00e1s l\u00e1mp\u00e1kat a gyertyatart\u00f3kba gyerty\u00e1k helyett, \u00e9s \u00e9lvezd, ahogy est\u00e9r\u0151l est\u00e9re meghitt f\u00e9nyben gy\u00f6ny\u00f6rk\u00f6dhetsz a vir\u00e1gaidban an\u00e9lk\u00fcl, hogy gondolni kellene a karbantart\u00e1sra.<\/p>\n<h2>D\u00edszes kerti szol\u00e1r l\u00e1mpatart\u00f3 \u00e1llv\u00e1ny<\/h2>\n<p><img loading=\"lazy\" decoding=\"async\" width=\"700\" height=\"1049\" alt=\"\" class=\"aligncenter size-full wp-image-9768\" src=\"https:\/\/doubletakedecor.com\/uploads\/2025\/10\/solar-light-ideas-dtd-11.jpg\" srcset=\"https:\/\/doubletakedecor.com\/uploads\/2025\/10\/solar-light-ideas-dtd-11.jpg 700w, https:\/\/doubletakedecor.com\/uploads\/2025\/10\/solar-light-ideas-dtd-11-200x300.jpg 200w, https:\/\/doubletakedecor.com\/uploads\/2025\/10\/solar-light-ideas-dtd-11-683x1024.jpg 683w\" sizes=\"auto, (max-width: 700px) 100vw, 700px\" \/><\/p>\n<p>Dobd fel a k\u00fclt\u00e9ri vend\u00e9gfogad\u00f3 teret ezzel az eleg\u00e1ns, duplal\u00e1mp\u00e1s szol\u00e1r \u00e1llv\u00e1nnyal. Helyezd el \u00fcl\u0151helyek k\u00f6zel\u00e9be, hogy hangulatos f\u00e9ny teremtsen, a krist\u00e1lygy\u00f6ngy\u00f6k pedig sz\u00e9pen megt\u00f6rj\u00e9k a f\u00e9nyt s\u00f6t\u00e9ted\u00e9s ut\u00e1n. Id\u0151t\u00e1ll\u00f3, id\u0151j\u00e1r\u00e1s\u00e1ll\u00f3 v\u00e1ltozatot v\u00e1lassz, \u00e9s ak\u00e1r t\u00f6bb \u00e1llv\u00e1nyt is egy\u00fctt haszn\u00e1lhatsz, ha l\u00e1tv\u00e1nyosabb hat\u00e1st szeretn\u00e9l.<\/p>\n<h2>K\u00e9k szol\u00e1r g\u00f6mbasztald\u00edsz<\/h2>\n<p><img loading=\"lazy\" decoding=\"async\" width=\"700\" height=\"1049\" alt=\"\" class=\"aligncenter size-full wp-image-9774\" src=\"https:\/\/doubletakedecor.com\/uploads\/2025\/10\/solar-light-ideas-dtd-12.jpg\" srcset=\"https:\/\/doubletakedecor.com\/uploads\/2025\/10\/solar-light-ideas-dtd-12.jpg 700w, https:\/\/doubletakedecor.com\/uploads\/2025\/10\/solar-light-ideas-dtd-12-200x300.jpg 200w, https:\/\/doubletakedecor.com\/uploads\/2025\/10\/solar-light-ideas-dtd-12-683x1024.jpg 683w\" sizes=\"auto, (max-width: 700px) 100vw, 700px\" \/><\/p>\n<p>Helyezd ezt a figyelemfelkelt\u0151 k\u00e9k szol\u00e1r g\u00f6mb\u00f6t textur\u00e1lt k\u00fclt\u00e9ri asztalokra, hogy napnyugta ut\u00e1n var\u00e1zslatos f\u00e9nyben ragyogjon. A pettyes minta napk\u00f6zben elnyeli a napf\u00e9ny energi\u00e1j\u00e1t, \u00e9jszaka pedig mes\u00e9s f\u00e9nyforr\u00e1sk\u00e9nt t\u00fcnd\u00f6k\u00f6l. Tedd z\u00f6ld n\u00f6v\u00e9nyek vagy vir\u00e1gok k\u00f6z\u00e9, \u00edgy m\u00e9g jobban kiemelkedik a d\u00edsz, \u00e9s hangulatos esti f\u00e9nyt ad.<\/p>\n<h2>Ker\u00edt\u00e9sre szerelt k\u00fclt\u00e9ri l\u00e1mpa<\/h2>\n<p><img loading=\"lazy\" decoding=\"async\" width=\"700\" height=\"1050\" alt=\"\" class=\"aligncenter size-full wp-image-9780\" src=\"https:\/\/doubletakedecor.com\/uploads\/2025\/10\/solar-light-ideas-dtd-13.jpg\" srcset=\"https:\/\/doubletakedecor.com\/uploads\/2025\/10\/solar-light-ideas-dtd-13.jpg 700w, https:\/\/doubletakedecor.com\/uploads\/2025\/10\/solar-light-ideas-dtd-13-200x300.jpg 200w, https:\/\/doubletakedecor.com\/uploads\/2025\/10\/solar-light-ideas-dtd-13-683x1024.jpg 683w\" sizes=\"auto, (max-width: 700px) 100vw, 700px\" \/><\/p>\n<p>Szereld ezt a klasszikus oszlopl\u00e1mp\u00e1t k\u00f6zvetlen\u00fcl a fa ker\u00edt\u00e9sedre, hogy megvil\u00e1g\u00edtsd a kert \u00f6sv\u00e9nyeit an\u00e9lk\u00fcl, hogy helyet foglaln\u00e1l a f\u00f6ld\u00f6n. A fekete kerettel, r\u00e1csos \u00fcveggel ell\u00e1tott l\u00e1mpa l\u00e1gy, hangulatos f\u00e9nyt biztos\u00edt, amely kiemeli a kerti st\u00edlust. V\u00e1lassz id\u0151j\u00e1r\u00e1s kopottas fa diz\u00e1jnt, ami illik a rusztikus ker\u00edt\u00e9shez \u00e9s a k\u00f6rnyez\u0151 z\u00f6ld n\u00f6v\u00e9nyekhez.<\/p>\n<h2>F\u00e9nyvisszaver\u0151 kerti vir\u00e1gszobor<\/h2>\n<p><img loading=\"lazy\" decoding=\"async\" width=\"700\" height=\"1050\" alt=\"\" class=\"aligncenter size-full wp-image-9786\" src=\"https:\/\/doubletakedecor.com\/uploads\/2025\/10\/solar-light-ideas-dtd-14.jpg\" srcset=\"https:\/\/doubletakedecor.com\/uploads\/2025\/10\/solar-light-ideas-dtd-14.jpg 700w, https:\/\/doubletakedecor.com\/uploads\/2025\/10\/solar-light-ideas-dtd-14-200x300.jpg 200w, https:\/\/doubletakedecor.com\/uploads\/2025\/10\/solar-light-ideas-dtd-14-683x1024.jpg 683w\" sizes=\"auto, (max-width: 700px) 100vw, 700px\" \/><\/p>\n<p>Alak\u00edts ki leny\u0171g\u00f6z\u0151 k\u00f6z\u00e9ppontot a kertedben egy f\u00e9nyvisszaver\u0151 vir\u00e1gszoborral. Helyezd el feh\u00e9r vir\u00e1gok k\u00f6z\u00e9, mert \u00edgy jobban kiemelkedik a szobor s\u00e1rga \u00e9s piros sz\u00edne. A f\u00e9mg\u00f6mb a k\u00f6zep\u00e9n eg\u00e9sz nap begy\u0171jti \u00e9s visszat\u00fckr\u00f6zi a f\u00e9nyt. Tegy\u00e9l mell\u00e9 z\u00f6ld n\u00f6v\u00e9nyeket, hogy m\u00e9g felt\u0171n\u0151bb legyen a l\u00e1tv\u00e1ny.<\/p>\n<h2>M\u00f3k\u00e1s kerti gomba d\u00edszek<\/h2>\n<p><img loading=\"lazy\" decoding=\"async\" width=\"700\" height=\"1050\" alt=\"\" class=\"aligncenter size-full wp-image-9792\" src=\"https:\/\/doubletakedecor.com\/uploads\/2025\/10\/solar-light-ideas-dtd-15.jpg\" srcset=\"https:\/\/doubletakedecor.com\/uploads\/2025\/10\/solar-light-ideas-dtd-15.jpg 700w, https:\/\/doubletakedecor.com\/uploads\/2025\/10\/solar-light-ideas-dtd-15-200x300.jpg 200w, https:\/\/doubletakedecor.com\/uploads\/2025\/10\/solar-light-ideas-dtd-15-683x1024.jpg 683w\" sizes=\"auto, (max-width: 700px) 100vw, 700px\" \/><\/p>\n<p>Var\u00e1zsold t\u00fcnd\u00e9rmes\u00e9v\u00e9 a kerted ezekkel a b\u00e1jos napelemes gomb\u00e1kkal! \u00dcltess k\u00f6z\u00f6tt\u00fck lombos n\u00f6v\u00e9nyeket, \u00edgy nappal felt\u00f6lt\u0151dnek napf\u00e9nnyel, este pedig ragyog\u00f3, mesevil\u00e1g-f\u00e9nyt adnak. Kisebb csoportokba helyezve igazi erdei hangulatot teremtenek, de kiv\u00e1l\u00f3ak \u00fatjelz\u0151k\u00e9nt is. Id\u0151j\u00e1r\u00e1s\u00e1ll\u00f3 kivitel\u00fck eg\u00e9sz \u00e9vben sz\u00ednes\u00edtik a kerted.<\/p>\n<h2>Matt \u00fcveg napelemes l\u00e1mp\u00e1s<\/h2>\n<p><img loading=\"lazy\" decoding=\"async\" width=\"700\" height=\"1050\" alt=\"\" class=\"aligncenter size-full wp-image-9798\" src=\"https:\/\/doubletakedecor.com\/uploads\/2025\/10\/solar-light-ideas-dtd-16.jpg\" srcset=\"https:\/\/doubletakedecor.com\/uploads\/2025\/10\/solar-light-ideas-dtd-16.jpg 700w, https:\/\/doubletakedecor.com\/uploads\/2025\/10\/solar-light-ideas-dtd-16-200x300.jpg 200w, https:\/\/doubletakedecor.com\/uploads\/2025\/10\/solar-light-ideas-dtd-16-683x1024.jpg 683w\" sizes=\"auto, (max-width: 700px) 100vw, 700px\" \/><\/p>\n<p>Dobd fel a kerted egy matt \u00fcveg napelemes l\u00e1mp\u00e1ssal! Az \u00fcvegpalack form\u00e1j\u00fa l\u00e1mpa meleg narancss\u00e1rga f\u00e9nnyel vil\u00e1g\u00edt, ide\u00e1lis hangulatvil\u00e1g\u00edt\u00e1sra teraszon vagy bar\u00e1ti \u00f6sszej\u00f6veteleken. Tedd \u00fcveg asztalokra, ahol a f\u00e9ny t\u00fckr\u00f6z\u0151d\u00e9se megsokszorozza a meghitts\u00e9g \u00e9rzet\u00e9t. Haszn\u00e1ld asztald\u00edsznek vagy \u00f6sv\u00e9ny menti vil\u00e1g\u00edt\u00e1snak az eleg\u00e1ns esti f\u00e9nyek\u00e9rt.<\/p>\n<h2>Rusztikus kerti \u00f6sv\u00e9nyvil\u00e1g\u00edt\u00e1s<\/h2>\n<p><img loading=\"lazy\" decoding=\"async\" width=\"700\" height=\"1050\" alt=\"\" class=\"aligncenter size-full wp-image-9804\" src=\"https:\/\/doubletakedecor.com\/uploads\/2025\/10\/solar-light-ideas-dtd-17.jpg\" srcset=\"https:\/\/doubletakedecor.com\/uploads\/2025\/10\/solar-light-ideas-dtd-17.jpg 700w, https:\/\/doubletakedecor.com\/uploads\/2025\/10\/solar-light-ideas-dtd-17-200x300.jpg 200w, https:\/\/doubletakedecor.com\/uploads\/2025\/10\/solar-light-ideas-dtd-17-683x1024.jpg 683w\" sizes=\"auto, (max-width: 700px) 100vw, 700px\" \/><\/p>\n<p>Tedd l\u00e1tv\u00e1nyoss\u00e1 kerti \u00f6sv\u00e9nyedet, ha dekorat\u00edv napelemes l\u00e1mp\u00e1kat f\u00e1b\u00f3l faragott l\u00e1mp\u00e1sokkal vagy fonott kasp\u00f3kkal p\u00e1ros\u00edtod. Futtass r\u00e1juk k\u00fasz\u00f3n\u00f6v\u00e9nyeket, hogy term\u00e9szetes, rusztikus hangulatot \u00e1rasszanak. A magasabb, f\u00e9mb\u0151l k\u00e9sz\u00fclt l\u00e1mp\u00e1kat \u00e9rdemes a ker\u00edt\u00e9s mell\u00e9 tenni, \u00edgy mindenhol kiegyens\u00falyozott lesz a f\u00e9ny. \u00cdgy igaz\u00e1n bar\u00e1ts\u00e1gos, kellemes kerti kuck\u00f3t hozol l\u00e9tre.<\/p>\n<h2>R\u00f3zsasz\u00edn \u00fcveg kerti l\u00e1mp\u00e1s<\/h2>\n<p><img loading=\"lazy\" decoding=\"async\" width=\"700\" height=\"1049\" alt=\"\" class=\"aligncenter size-full wp-image-9810\" src=\"https:\/\/doubletakedecor.com\/uploads\/2025\/10\/solar-light-ideas-dtd-18.jpg\" srcset=\"https:\/\/doubletakedecor.com\/uploads\/2025\/10\/solar-light-ideas-dtd-18.jpg 700w, https:\/\/doubletakedecor.com\/uploads\/2025\/10\/solar-light-ideas-dtd-18-200x300.jpg 200w, https:\/\/doubletakedecor.com\/uploads\/2025\/10\/solar-light-ideas-dtd-18-683x1024.jpg 683w\" sizes=\"auto, (max-width: 700px) 100vw, 700px\" \/><\/p>\n<p>Var\u00e1zsold \u00e1t a kerted ezzel a b\u00e1jos r\u00f3zsasz\u00edn \u00fcveg l\u00e1mp\u00e1ssal! A mint\u00e1s \u00fcveg nappal sz\u00e9pen megcsillan a napf\u00e9nyben, az \u00e1tt\u00f6rt teteje pedig \u00e9jjel mesesz\u00e9p f\u00e9nymint\u00e1kat vet. Tedd kerti p\u00e1rk\u00e1nyra vagy asztalra, hogy azonnal sz\u00ednt vigyen a t\u00e9rbe. A legjobb hat\u00e1s\u00e9rt haszn\u00e1lj napelemes m\u00e9csesl\u00e1mp\u00e1t, ami automatikusan bekapcsol alkonyatkor.<\/p>\n<h2>Vintage \u00fcveg l\u00e1mpaoszlop<\/h2>\n<p><img loading=\"lazy\" decoding=\"async\" width=\"700\" height=\"1050\" alt=\"\" class=\"aligncenter size-full wp-image-9816\" src=\"https:\/\/doubletakedecor.com\/uploads\/2025\/10\/solar-light-ideas-dtd-19.jpg\" srcset=\"https:\/\/doubletakedecor.com\/uploads\/2025\/10\/solar-light-ideas-dtd-19.jpg 700w, https:\/\/doubletakedecor.com\/uploads\/2025\/10\/solar-light-ideas-dtd-19-200x300.jpg 200w, https:\/\/doubletakedecor.com\/uploads\/2025\/10\/solar-light-ideas-dtd-19-683x1024.jpg 683w\" sizes=\"auto, (max-width: 700px) 100vw, 700px\" \/><\/p>\n<p>Emeld ki a kerti s\u00e9t\u00e1nyt egy klasszikus harang alak\u00fa \u00fcveg l\u00e1mp\u00e1val, amit faoszlopra szerelhetsz. A mint\u00e1s \u00fcveg gy\u00f6ny\u00f6r\u0171en t\u00f6ri meg a f\u00e9nyt s\u00f6t\u00e9tben. Tedd a l\u00e1mp\u00e1t besz\u00e9lget\u0151sarok vagy \u00f6sv\u00e9ny k\u00f6zel\u00e9be, hogy igaz\u00e1n felt\u0171n\u0151 legyen. Meleg f\u00e9ny\u0171 izz\u00f3val m\u00e9g hangulatosabb lehet a kerted esti f\u00e9nye.<\/p>\n<h2>F\u00fcz\u00e9rf\u00e9nyek a terasz felett<\/h2>\n<p><img loading=\"lazy\" decoding=\"async\" width=\"700\" height=\"1050\" alt=\"\" class=\"aligncenter size-full wp-image-9822\" src=\"https:\/\/doubletakedecor.com\/uploads\/2025\/10\/solar-light-ideas-dtd-20.jpg\" srcset=\"https:\/\/doubletakedecor.com\/uploads\/2025\/10\/solar-light-ideas-dtd-20.jpg 700w, https:\/\/doubletakedecor.com\/uploads\/2025\/10\/solar-light-ideas-dtd-20-200x300.jpg 200w, https:\/\/doubletakedecor.com\/uploads\/2025\/10\/solar-light-ideas-dtd-20-683x1024.jpg 683w\" sizes=\"auto, (max-width: 700px) 100vw, 700px\" \/><\/p>\n<p>Hangold var\u00e1zslatoss\u00e1 a kerti \u00e9tkez\u0151 r\u00e9szt f\u00fcz\u00e9rl\u00e1mp\u00e1kkal! H\u00fazd \u0151ket cikkcakkban a terasz f\u00f6l\u00e9, hogy mindenhov\u00e1 jusson f\u00e9ny. V\u00e1lassz melegfeh\u00e9r, napelemes LED izz\u00f3kat, ezek energiatakar\u00e9kosak \u00e9s sz\u00e9pen vil\u00e1g\u00edtanak. Fesz\u00edtsd ki stabil tart\u00f3oszlopokra vagy a terasz sz\u00e9l\u00e9n. Eg\u00e9sz \u00e9vben igazi hangulatot teremtesz vel\u00fck a szabadt\u00e9ri \u00f6sszej\u00f6veteleken.<\/p>\n<h2>K\u00fclt\u00e9ri terasz t\u0171zrak\u00f3val<\/h2>\n<p><img loading=\"lazy\" decoding=\"async\" width=\"700\" height=\"1050\" alt=\"\" class=\"aligncenter size-full wp-image-9828\" src=\"https:\/\/doubletakedecor.com\/uploads\/2025\/10\/solar-light-ideas-dtd-21.jpg\" srcset=\"https:\/\/doubletakedecor.com\/uploads\/2025\/10\/solar-light-ideas-dtd-21.jpg 700w, https:\/\/doubletakedecor.com\/uploads\/2025\/10\/solar-light-ideas-dtd-21-200x300.jpg 200w, https:\/\/doubletakedecor.com\/uploads\/2025\/10\/solar-light-ideas-dtd-21-683x1024.jpg 683w\" sizes=\"auto, (max-width: 700px) 100vw, 700px\" \/><\/p>\n<p>Var\u00e1zsold hangulatoss\u00e1 az esti bar\u00e1ti \u00f6sszej\u00f6veteleket, ha napelemes f\u00fcz\u00e9rl\u00e1mp\u00e1kat fesz\u00edtesz ki a be\u00fcl\u0151s r\u00e9szen. Igaz\u00edtsd a vil\u00e1g\u00edt\u00e1st \u00fagy, hogy kiemelje az \u00fcl\u0151helyeket \u00e9s az \u00e9p\u00edtett kerti r\u00e9szeket. V\u00e1lassz id\u0151j\u00e1r\u00e1s\u00e1ll\u00f3 napelemes l\u00e1mp\u00e1kat, ezekkel nincs gondod, \u00e9s kevesebb \u00e1ramot fogyasztanak. Egy t\u0171zrak\u00f3val kombin\u00e1lva r\u00e9teges, meleg f\u00e9nyt var\u00e1zsolhatsz, hogy t\u00f6k\u00e9letes legyen a kinti vend\u00e9gv\u00e1r\u00f3 z\u00f3na.<\/p>\n<h2>GYIK<\/h2>\n<details class=\"g-accordion \"><summary><h3>Milyen kreat\u00edv \u00f6tletek vannak k\u00fclt\u00e9ri napelemes vil\u00e1g\u00edt\u00e1shoz?<\/h3><\/summary>\n<p>Rengeteg \u00f6tletes m\u00f3dja van annak, hogy <strong>napelemes l\u00e1mp\u00e1kkal<\/strong> var\u00e1zsolj meghitt hangulatot a kertedbe vagy teraszodra. Ha p\u00e9ld\u00e1ul vir\u00e1gcserepekbe helyezed \u0151ket, gyeng\u00e9d, k\u00f6rnyezetbar\u00e1t f\u00e9nnyel vil\u00e1g\u00edtj\u00e1k meg a n\u00f6v\u00e9nyeket. R\u00e9gi t\u00e1rgyakb\u00f3l k\u00e9sz\u00edtett napelemes csill\u00e1rokkal pedig a f\u00e1k \u00e9s teraszok <strong>hangulatos, vil\u00e1g\u00edt\u00f3 tal\u00e1lkoz\u00f3helly\u00e9<\/strong> v\u00e1lnak, ahol \u00f6r\u00f6m \u00f6sszegy\u0171lni a bar\u00e1tokkal.<\/p>\n<p>A h\u00e9tk\u00f6znapi t\u00e1rgyak \u00fajrahasznos\u00edt\u00e1sa szint\u00e9n sokat dob a kert l\u00e1tv\u00e1ny\u00e1n. <strong>Bef\u0151ttes\u00fcvegekb\u0151l<\/strong> vagy r\u00e9gi konzervdobozokb\u00f3l egyedi napelemes l\u00e1mp\u00e1sokat k\u00e9sz\u00edthetsz, \u00edgy kiss\u00e9 rusztikus st\u00edlust adhatsz az udvarodnak. K\u00f6t\u00e9lb\u0151l font kos\u00e1rba rejtett napelemg\u00f6mb\u00f6k m\u0171v\u00e9szi f\u00e9nyt adnak; ezekkel megvil\u00e1g\u00edthatod a kerti \u00f6sv\u00e9nyt vagy ki\u00fcl\u0151sarkokat. R\u00e9gi v\u00f6dr\u00f6k vagy ak\u00e1r te\u00e1scs\u00e9sz\u00e9k is \u00e1talak\u00edthat\u00f3k <strong>napelemes n\u00f6v\u00e9nytart\u00f3v\u00e1<\/strong>, amikkel egyedi, energiatakar\u00e9kos hangulatot teremthetsz.<\/p>\n<ul>\n<li>bef\u0151ttes\u00fcvegb\u0151l vagy konzervdobozb\u00f3l k\u00e9sz\u00edtett napelemes l\u00e1mp\u00e1sok,<\/li>\n<li>k\u00f6t\u00e9lb\u0151l font g\u00f6mbvil\u00e1g\u00edt\u00e1s m\u0171v\u00e9szi kiemel\u00e9shez,<\/li>\n<li>r\u00e9gi v\u00f6d\u00f6r vagy te\u00e1scs\u00e9sze, mint napelemes n\u00f6v\u00e9nytart\u00f3,<\/li>\n<li>diy napelemes l\u00e1mp\u00e1k \u00e9s gyertyatart\u00f3k k\u00fcl\u00f6nleges alkalmakkor,<\/li>\n<li>napelemes g\u00f6mb\u00f6k, fali vil\u00e1g\u00edt\u00e1sok vagy vil\u00e1g\u00edt\u00f3 h\u00e1zsz\u00e1mok kreat\u00edv bej\u00e1ratokhoz.<\/li>\n<\/ul>\n<p><strong>Ezeket az egyszer\u0171 napelemes \u00f6tleteket b\u00e1tran kombin\u00e1lhatod, \u00edgy nemcsak szebb\u00e9 \u00e9s f\u00e9nyesebb\u00e9 v\u00e1lik az udvarod, hanem k\u00f6zben energi\u00e1t is sp\u00f3rolsz, hiszen a nap term\u00e9szetes erej\u00e9t haszn\u00e1lod fel.<\/strong><\/p>\n<\/details><details class=\"g-accordion \"><summary><h3>Mi\u00e9rt sz\u00e1m\u00edtanak k\u00f6rnyezetbar\u00e1t megold\u00e1snak a saj\u00e1t k\u00e9sz\u00edt\u00e9s\u0171 napelemes l\u00e1mp\u00e1k?<\/h3><\/summary>\n<p><strong>A saj\u00e1t k\u00e9sz\u00edt\u00e9s\u0171 (DIY) napelemes vil\u00e1g\u00edt\u00e1s k\u00f6rnyezetbar\u00e1t m\u00f3dja annak, hogy kerti ter\u00fcleteket bevil\u00e1g\u00edts, mik\u00f6zben kevesebb \u00e1ramot haszn\u00e1lsz, \u00edgy cs\u00f6kkented az \u00f6kol\u00e1bnyomodat.<\/strong> Ha a nap energi\u00e1j\u00e1t hasznos\u00edtod \u00e1ram helyett, tudatosabb \u00e9letet \u00e9lsz, \u00e9s r\u00e1ad\u00e1sul ha \u00fajrahasznos\u00edtott t\u00e1rgyakat v\u00e1lasztasz hozz\u00e1, minden elk\u00e9sz\u00fclt vil\u00e1g\u00edt\u00f3test egyedi d\u00edsze lesz az udvarodnak.<\/p>\n<ul>\n<li>r\u00e9gi \u00fcvegek, b\u00e1dogdobozok vagy v\u00f6dr\u00f6k \u00fajrahaszn\u00e1lat\u00e1val cs\u00f6kkented a hullad\u00e9kot, \u00e9s meghosszabb\u00edtod a t\u00e1rgyak \u00e9let\u00e9t,<\/li>\n<li>napelemes gyertyatart\u00f3k hangulatos, bar\u00e1ts\u00e1gos f\u00e9nyt adnak,<\/li>\n<li>vil\u00e1g\u00edt\u00f3 g\u00f6mb\u00f6k j\u00e1t\u00e9kos, b\u00e1jos hangulatot teremtenek a kertben,<\/li>\n<li>k\u00f6t\u00e9lb\u0151l font g\u00f6mbvil\u00e1g\u00edt\u00e1s st\u00edlusos, egyedi d\u00edsz\u00edt\u00e9s,<\/li>\n<li>napelemes m\u00e9csesek vagy d\u00edszv\u00e1za tervez\u00e9se egyszerre sz\u00e9p \u00e9s hasznos megold\u00e1s.<\/li>\n<\/ul>\n<p><strong>Minden saj\u00e1t k\u00e9sz\u00edt\u00e9s\u0171 napelemes vil\u00e1g\u00edt\u00f3 dekor\u00e1ci\u00f3 lehet\u0151s\u00e9get ad arra, hogy szem\u00e9lyre szabhasd a kertedet, kipr\u00f3b\u00e1lj \u00faj \u00f6tleteket, \u00e9s a f\u00e9nyt felesleges \u00e1ramfogyaszt\u00e1s n\u00e9lk\u00fcl \u00e9lvezd.<\/strong> V\u00e1lassz hozz\u00e1 cserepeket, kosarakat vagy r\u00e9gi t\u00e1rgyakat, hogy m\u00e9g k\u00f6rnyezettudatosabb legyen az eredm\u00e9ny.<\/p>\n<ul>\n<li>napelemmel m\u0171k\u00f6d\u0151 vil\u00e1g\u00edt\u00f3 h\u00e1zsz\u00e1m egyszerre hasznos \u00e9s mutat\u00f3s,<\/li>\n<li>bef\u0151ttes\u00fcveget napelemes tet\u0151vel l\u00e1mp\u00e1ss\u00e1 alak\u00edtani egyszer\u0171 \u00e9s l\u00e1tv\u00e1nyos,<\/li>\n<li>minden projekt kicsit z\u00f6ldebb\u00e9 teszi a k\u00f6rnyezeted.<\/li>\n<\/ul>\n<p><strong>Napelemes l\u00e1mp\u00e1kat bark\u00e1csolni kreat\u00edv \u00e9s k\u00f6rnyezetbar\u00e1t m\u00f3dszer arra, hogy szebb\u00e9 tedd a kertedet \u00e9s k\u00f6zben vigy\u00e1zz a bolyg\u00f3ra is.<\/strong><\/p>\n<\/details><details class=\"g-accordion \"><summary><h3>Mi\u00e9rt \u00e9rdemes \u00fajrahasznos\u00edtott anyagokat haszn\u00e1lni napelemes l\u00e1mp\u00e1khoz?<\/h3><\/summary>\n<p>Amikor r\u00e9gi <strong>\u00fcvegeket<\/strong>, <strong>konzervdobozokat<\/strong> vagy <strong>v\u00f6dr\u00f6ket<\/strong> alak\u00edtasz \u00e1t napelemes l\u00e1mp\u00e1v\u00e1, nemcsak kevesebb szem\u00e9t ker\u00fcl a kuk\u00e1ba, hanem ezek a t\u00e1rgyak \u00faj \u00e9letet is kapnak. <strong>Ha h\u00e9tk\u00f6znapi t\u00e1rgyakat form\u00e1lsz egyedi vil\u00e1g\u00edt\u00f3testt\u00e9, t\u00e1mogatod a fenntarthat\u00f3s\u00e1got \u00e9s cs\u00f6kkented a hullad\u00e9kmennyis\u00e9get is.<\/strong><\/p>\n<ul>\n<li>olcs\u00f3n lehet k\u00fclt\u00e9ri vil\u00e1g\u00edt\u00f3 d\u00edszeket k\u00e9sz\u00edteni \u00fajrahasznos\u00edtott anyagokb\u00f3l,<\/li>\n<li>sok projekthez elegend\u0151, ami otthon akad,<\/li>\n<li>nem kell \u00faj dolgokra k\u00f6lteni p\u00e9nzt,<\/li>\n<li>praktikus \u00e9s gazdas\u00e1gos m\u00f3don teheted hangulatosabb\u00e1 a kerted,<\/li>\n<li>igen, az \u00fajrahasznos\u00edt\u00e1s kevesebbe ker\u00fcl, mint \u00faj dekort venni.<\/li>\n<\/ul>\n<p>A k\u00f6rnyezeti \u00e9s p\u00e9nz\u00fcgyi el\u0151ny\u00f6k\u00f6n t\u00fal <strong>az \u00fajrahasznos\u00edt\u00e1s a kreativit\u00e1sodat is kibontakoztatja<\/strong>. Gondolj csak bele: egy egyszer\u0171 \u00fcvegb\u0151l vil\u00e1g\u00edt\u00f3 l\u00e1mp\u00e1st var\u00e1zsolhatsz, vagy egy r\u00e9gi v\u00f6dr\u00f6t vicces n\u00f6v\u00e9nytart\u00f3v\u00e1 alak\u00edthatsz \u00e1t. Minden ilyen munka seg\u00edt abban, hogy teljesen egyediv\u00e9 tedd a kertedet vagy a teraszod hangulat\u00e1t.<\/p>\n<p><strong>Ha saj\u00e1t kez\u0171leg, \u00fajrahasznos\u00edtott anyagokb\u00f3l k\u00e9sz\u00edtesz napelemes l\u00e1mp\u00e1kat, akkor energiatakar\u00e9kos, k\u00f6rnyezetbar\u00e1t m\u00f3don vil\u00e1g\u00edthatsz, \u00e9s minden k\u00e9zzel k\u00e9sz\u00fclt vil\u00e1g\u00edt\u00f3test m\u00e9g jobban t\u00fckr\u00f6zi, hogy fontos sz\u00e1modra a fenntarthat\u00f3s\u00e1g.<\/strong><\/p>\n<\/details><details class=\"g-accordion \"><summary><h3>Milyen egyedi diz\u00e1jnokat lehet l\u00e9trehozni napelemes f\u00e9nydekor\u00e1ci\u00f3val?<\/h3><\/summary>\n<p>A napelemes f\u00e9nydekor\u00e1ci\u00f3 egyszerre praktikus, kreat\u00edv \u00e9s k\u00f6rnyezetbar\u00e1t, r\u00e1ad\u00e1sul szinte v\u00e9gtelen a lehet\u0151s\u00e9gek sora a kertben vagy a teraszon. P\u00e9ld\u00e1ul egy napelemes csill\u00e1r, amit t\u00f6bb izz\u00f3val \u00e9s \u00fajrahasznos\u00edtott kerettel k\u00e9sz\u00edtesz, igaz\u00e1n l\u00e1tv\u00e1nyos \u2013 mik\u00f6zben \u00e1ramot is takar\u00edtasz. Az \u00fcvegb\u0151l, f\u00e9mb\u0151l vagy k\u00f6t\u00e9lb\u0151l k\u00e9sz\u00fclt g\u00f6mbvil\u00e1g\u00edt\u00e1s meleg, kellemes f\u00e9nyt ad; ezekkel szeg\u00e9lyezhetsz p\u00e9ld\u00e1ul kerti utakat vagy kiemelhetsz egy sz\u00e9p n\u00f6v\u00e9nyt.<\/p>\n<ul>\n<li>r\u00e9gi holmikb\u00f3l k\u00e9sz\u00edtett napelemes n\u00f6v\u00e9nytart\u00f3k egyszerre mutat\u00f3sak \u00e9s hasznosak,<\/li>\n<li>haszn\u00e1lt v\u00f6dr\u00f6k, te\u00e1scs\u00e9sz\u00e9k vagy locsol\u00f3kann\u00e1k is \u00faj \u00e9letre kelnek napelemes vil\u00e1g\u00edt\u00e1ssal,<\/li>\n<li>kedveltek a tematikus d\u00edszek \u2013 ilyen p\u00e9ld\u00e1ul a mini vil\u00e1g\u00edt\u00f3torony cser\u00e9pb\u0151l k\u00e9sz\u00edtve, ami tengerparti hangulatot id\u00e9z,<\/li>\n<li>\u00e1llatfigur\u00e1s vagy absztrakt szobrokba rejtett napelemek \u00e9jjel titokzatosan kelnek \u00e9letre,<\/li>\n<li>napelemes m\u00e9csesek, amelyek hangulatos f\u00e9nyt adnak az esti vacsor\u00e1khoz bef\u0151ttes\u00fcvegben, t\u00e1lban vagy v\u00e1z\u00e1ban.<\/li>\n<\/ul>\n<p>K\u00f6telekb\u0151l font kos\u00e1rra tekert LED-es vil\u00e1g\u00edt\u00e1ssal <strong>vil\u00e1g\u00edt\u00f3 g\u00f6mb\u00f6ket k\u00e9sz\u00edthetsz, amelyek text\u00far\u00e1t \u00e9s bar\u00e1ts\u00e1gos hangulatot visznek<\/strong> a kertbe. Ha szeretsz bark\u00e1csolni, sz\u00e1mos <strong>egyedi napelemes \u00f6tlet<\/strong> \u00e1ll rendelkez\u00e9sedre, p\u00e9ld\u00e1ul fali l\u00e1mp\u00e1k, dobozvil\u00e1g\u00edt\u00e1s, vil\u00e1g\u00edt\u00f3 h\u00e1zsz\u00e1mok, v\u00e1zavil\u00e1g\u00edt\u00e1s vagy napelemes bef\u0151ttes\u00fcvegek \u2013 csak a k\u00e9pzeleted szab hat\u00e1rt.<\/p>\n<p><strong>Az ilyen projektek egyszerre mutatj\u00e1k meg az egy\u00e9nis\u00e9gedet \u00e9s a k\u00f6rnyezettudatoss\u00e1godat, r\u00e1ad\u00e1sul st\u00edlusoss\u00e1 \u00e9s \u00e9l\u0151v\u00e9 v\u00e1ltoztatj\u00e1k a kertedet vagy a teraszodat.<\/strong><\/p>\n<\/details><details class=\"g-accordion \"><summary><h3>Hogyan teheted m\u00e9g szebb\u00e9 a kerted saj\u00e1t k\u00e9sz\u00edt\u00e9s\u0171 napelemes f\u00e9nyekkel?<\/h3><\/summary>\n<p><strong>A saj\u00e1t k\u00e9sz\u00edt\u00e9s\u0171 napelemes vil\u00e1g\u00edt\u00e1s egyszerre praktikus \u00e9s var\u00e1zslatos hangulatot ad a kertednek.<\/strong> Naplemente ut\u00e1n a kertutak \u00e9s vir\u00e1g\u00e1gy\u00e1sok l\u00e1gy f\u00e9nybe borulnak a g\u00f6mbvil\u00e1g\u00edt\u00e1st\u00f3l vagy ak\u00e1r h\u00e1zilag k\u00e9sz\u00edtett l\u00e1mpaoszlopokt\u00f3l. A k\u00f6t\u00e9lb\u0151l font g\u00f6mb\u00f6k j\u00e1t\u00e9kos hangulatot adnak, \u00e9s ha egy-egy f\u00e9nyforr\u00e1st j\u00f3l helyezel el, m\u00e9g egy-egy kedvenc n\u00f6v\u00e9nyed is f\u00f3kuszba ker\u00fclhet. Apr\u00f3bb l\u00e1mp\u00e1kat cserepekben vagy bokrok k\u00f6z\u00f6tt is elhelyezhetsz, \u00edgy var\u00e1zslatos esti l\u00e1tv\u00e1nyt kapsz.<\/p>\n<p>K\u00fcl\u00f6nlegess\u00e9 teheted az udvart azzal is, ha h\u00e9tk\u00f6znapi t\u00e1rgyakb\u00f3l alkotsz \u00fajat, p\u00e9ld\u00e1ul r\u00e9gi v\u00f6dr\u00f6kb\u0151l <strong>napelemes kasp\u00f3<\/strong> lesz, vagy a bef\u0151ttes\u00fcvegekre <strong>napelemes tet\u0151t teszel<\/strong>. Ez nem csak hullad\u00e9kot cs\u00f6kkent, hanem egy\u00e9niv\u00e9 \u00e9s bar\u00e1ts\u00e1goss\u00e1 is teszi az udvart. \u00dajrahasznos\u00edtott anyagokb\u00f3l, saj\u00e1t k\u00e9zzel k\u00e9sz\u00edtett l\u00e1mp\u00e1sok vagy m\u00e9csestart\u00f3k egyedi k\u00f6zponti elemek lehetnek \u2013 ezek meleg f\u00e9nnyel ragyogj\u00e1k be a kinti \u00f6sszej\u00f6veteleket. Cser\u00e9pb\u0151l k\u00e9sz\u00fclt vil\u00e1g\u00edt\u00f3torony vagy vil\u00e1g\u00edt\u00f3 h\u00e1zsz\u00e1m k\u00fcl\u00f6nleges, felt\u0171n\u0151 r\u00e9szlet, amely m\u00e9g <strong>vonz\u00f3bb\u00e1 teszi otthonodat<\/strong> k\u00edv\u00fclr\u0151l is.<\/p>\n<ul>\n<li>olcs\u00f3 anyagokb\u00f3l dolgozhatsz,<\/li>\n<li>nem kell bonyolult k\u00e1belez\u00e9s,<\/li>\n<li>a fenntart\u00e1sa is egyszer\u0171,<\/li>\n<li>v\u00e9gigvil\u00e1g\u00edthatod az \u00f6sv\u00e9nyeket,<\/li>\n<li>f\u00e9nyeket helyezhetsz el f\u00e1k alatt,<\/li>\n<li>vagy sz\u00ednes\u00edtheted vele a teraszt.<\/li>\n<\/ul>\n<p><strong>Ezek az \u00f6tletes, k\u00f6rnyezetbar\u00e1t megold\u00e1sok \u00f6tv\u00f6zik a kreativit\u00e1st, a fenntarthat\u00f3s\u00e1got \u00e9s a praktikumot, hogy a kerted igaz\u00e1n k\u00fcl\u00f6nleges, szem\u00e9lyes t\u00e9r legyen.<\/strong><\/p>\n<\/details><details class=\"g-accordion \"><summary><h3>Melyek a legn\u00e9pszer\u0171bb DIY napelemes vil\u00e1g\u00edt\u00e1si tr\u00fckk\u00f6k?<\/h3><\/summary>\n<p><strong>A saj\u00e1t k\u00e9sz\u00edt\u00e9s\u0171 napelemes vil\u00e1g\u00edt\u00e1s<\/strong> remek m\u00f3dszer, hogy olcs\u00f3 anyagokb\u00f3l legyen hangulatf\u00e9nyed kint. P\u00e9ld\u00e1ul, ha kett\u00e9v\u00e1god a lesz\u00farhat\u00f3 napelemes kerti l\u00e1mp\u00e1t, k\u00f6nnyen belef\u00e9r sz\u0171k helyekre, cser\u00e9pbe vagy bef\u0151ttes\u00fcvegbe is \u2013 \u00edgy szabadon alkothatsz saj\u00e1t megold\u00e1sokat. Bef\u0151ttes\u00fcveg tetej\u00e9t kiv\u00e1ltva <strong>napelemes tet\u0151vel<\/strong> hordozhat\u00f3 l\u00e1mp\u00e1s lesz bel\u0151le, ami feldobja a teraszt vagy a kerti utat \u2013 egyszer\u0171, de nagyon l\u00e1tv\u00e1nyos.<\/p>\n<ul>\n<li>lesz\u00farhat\u00f3 l\u00e1mp\u00e1k \u00e1talak\u00edt\u00e1sa sz\u0171k helyekhez,<\/li>\n<li>bef\u0151ttes\u00fcvegek fedel\u00e9nek lecser\u00e9l\u00e9se napelemesre,<\/li>\n<li>napelemes f\u00e9nyek magasabb n\u00f6v\u00e9nytart\u00f3ba helyez\u00e9se,<\/li>\n<li>r\u00e9gi \u00fcveg szigetel\u0151b\u0151l vagy b\u00e1dogdobozb\u00f3l vid\u00e1m l\u00e1mpatart\u00f3,<\/li>\n<li>napelemes f\u00e9nyek felszerel\u00e9se h\u00e1zsz\u00e1mra vagy postal\u00e1d\u00e1ra a jobb l\u00e1that\u00f3s\u00e1g\u00e9rt.<\/li>\n<\/ul>\n<p>A r\u00e9gi t\u00e1rgyak felhaszn\u00e1l\u00e1sa egyedi jelleget ad a k\u00fclt\u00e9rnek. P\u00e9ld\u00e1ul <strong>r\u00e9gi \u00fcveg szigetel\u0151 vagy b\u00e1dogdoboz l\u00e1mpatart\u00f3k\u00e9nt r\u00e9gies vagy rusztikus hangulatot teremt, mik\u00f6zben kevesebb szem\u00e9t keletkezik<\/strong>. Ha felteszed a vil\u00e1g\u00edt\u00e1st a h\u00e1zsz\u00e1mra vagy a postal\u00e1d\u00e1ra, este is j\u00f3l l\u00e1that\u00f3 lesz \u00e9s szebb\u00e9 teszi a h\u00e1z k\u00fclsej\u00e9t.<\/p>\n<ul>\n<li>napelemes g\u00f6mb\u00f6kkel szeg\u00e9lyezett \u00f6sv\u00e9ny hangulatos,<\/li>\n<li>k\u00f6t\u00e9llel k\u00f6rbetekert napelemes l\u00e1mp\u00e1k k\u00fcl\u00f6nleges g\u00f6mb\u00f6kk\u00e9 v\u00e1lnak,<\/li>\n<li>akaszt\u00f3s kosarakba rejtett napelemes f\u00e9nyek fel\u00fclr\u0151l vil\u00e1g\u00edtanak,<\/li>\n<li>t\u00f6bb l\u00e1mp\u00e1t egy\u00fctt is csoportos\u00edthatsz csill\u00e1rhoz hasonl\u00f3an.<\/li>\n<\/ul>\n<p>D\u00edsz\u00edtsd a l\u00e1mp\u00e1kat v\u00edz\u00e1ll\u00f3 fest\u00e9kkel vagy olyan anyaggal, ami t\u00fckr\u00f6zi a st\u00edlusodat. <strong>Ezek az olcs\u00f3, energiatakar\u00e9kos bark\u00e1cs\u00f6tletek k\u00f6nnyen var\u00e1zsolnak vid\u00e1m, szem\u00e9lyes k\u00fclt\u00e9ri teret.<\/strong><\/p>\n<\/details><details class=\"g-accordion \"><summary><h3>Hogyan teheted egyediv\u00e9 a napelemes l\u00e1mp\u00e1kat k\u00fcl\u00f6nleges alkalmakra?<\/h3><\/summary>\n<p><strong>A napelemes l\u00e1mp\u00e1kat b\u00e1rmilyen alkalomra k\u00f6nnyen szem\u00e9lyre szabhatod.<\/strong> K\u00f6sd \u00e1t \u0151ket szalaggal, v\u00e1lassz a t\u00e9m\u00e1hoz ill\u0151 sz\u00edneket vagy kieg\u00e9sz\u00edt\u0151ket, p\u00e9ld\u00e1ul pap\u00edrl\u00e1mp\u00e1sokat vagy \u00fcnnepi d\u00edszeket. Ha kicser\u00e9led a megszokott \u00e9g\u0151ket <strong>sz\u00ednes f\u00e9nyforr\u00e1sokra<\/strong>, m\u00e1ris \u00fcnnepi hangulatot teremthetsz \u2013 t\u00f6k\u00e9letes p\u00e9ld\u00e1ul \u00fcnnepekhez. Egyedi asztald\u00edszt is k\u00e9sz\u00edthetsz: p\u00e9ld\u00e1ul mes\u00e9sre festett bef\u0151ttes\u00fcvegek vagy \u00fajrahasznos\u00edtott dobozok, amik illenek az alkalomhoz \u2013 csillag mint\u00e1k a ny\u00e1ri \u00fcnnepekhez, pasztellsz\u00ednek esk\u00fcv\u0151kre, avarlevelek \u0151szre vagy h\u00e1laad\u00e1sra.<\/p>\n<ul>\n<li>v\u00e1ghatsz ki mint\u00e1kat pap\u00edrb\u00f3l vagy \u00e1ttetsz\u0151 anyagb\u00f3l, \u00e9s ezzel bor\u00edthatod be a napelemes g\u00f6mb\u00f6ket vagy m\u00e9csestart\u00f3kat,<\/li>\n<li>t\u00f6ltsd meg a napelemes v\u00e1z\u00e1t vagy fali l\u00e1mp\u00e1t t\u00e9m\u00e1hoz ill\u0151 apr\u00f3s\u00e1gokkal, p\u00e9ld\u00e1ul tengerpartra homokkal \u00e9s kagyl\u00f3val, t\u00e9lre \u00e1lh\u00f3val,<\/li>\n<li>elemes LED szalaggal nev\u00e9t vagy mint\u00e1kat tudsz a f\u00e9nyekhez form\u00e1zni ballag\u00e1skor vagy sz\u00fclet\u00e9snapon,<\/li>\n<li>fesd \u00e1t a cserepeket vagy \u00fajrahasznos\u00edtott alapanyagokat \u00e9l\u00e9nk sz\u00edn\u0171re, hogy m\u00e9g \u00fcnnepibb legyen,<\/li>\n<li>\u00e9s mindezt k\u00f6rnyezetbar\u00e1t m\u00f3don megteheted, egyszer\u0171en elk\u00e9sz\u00edtve a dekor\u00e1ci\u00f3t b\u00e1rmilyen alkalomra.<\/li>\n<\/ul>\n<p><strong>Ezek a m\u00f3dszerek nemcsak energi\u00e1t takar\u00edtanak meg, hanem igaz\u00e1n eml\u00e9kezetess\u00e9 \u00e9s k\u00fcl\u00f6nlegess\u00e9 var\u00e1zsolj\u00e1k minden \u00fcnnepi alkalmat.<\/strong><\/p>\n<\/details> <details class=\"g-accordion \"><summary><h3>Hogyan alak\u00edthatj\u00e1k \u00e1t a napelemes g\u00f6mb l\u00e1mp\u00e1k a k\u00fclt\u00e9ri tereidet?<\/h3><\/summary>  <\/p>\n<p><strong>A napelemes g\u00f6mb l\u00e1mp\u00e1k<\/strong> pillanatok alatt bar\u00e1ts\u00e1gosabb\u00e1 teszik a kertedet vagy teraszodat, mert l\u00e1gy, meleg f\u00e9nyt adnak, amit\u0151l az eg\u00e9sz hely h\u00edvogat\u00f3bb lesz. Akaszd \u0151ket f\u00e1k \u00e1gra, cserj\u00e9k k\u00f6z\u00e9, vagy szeg\u00e9lyezd vel\u00fck a kerti utat \u2013 ahol csak haszn\u00e1lod, azokat a r\u00e9szeket kiemelik egy kis eleganci\u00e1val.<\/p>\n<p><strong>J\u00e1t\u00e9kos hangulatukkal nem csak szebb\u00e9 var\u00e1zsolj\u00e1k a kertedet, hanem kellemesebb\u00e9 is teszik a kint t\u00f6lt\u00f6tt est\u00e9t,<\/strong> \u00edgy nyugodtabb \u00e9s meghittebb lesz a l\u00e9gk\u00f6r. <strong>Mivel napenergi\u00e1val m\u0171k\u00f6dnek<\/strong>, nem kell vezet\u00e9kekkel vagy konnektorokkal bajl\u00f3dnod \u2013 napk\u00f6zben felt\u00f6lt\u0151dnek a naps\u00fct\u00e9ssel, este pedig automatikusan vil\u00e1g\u00edtanak. Ez a megold\u00e1s egyszerre praktikus \u00e9s k\u00f6rnyezetbar\u00e1t.<\/p>\n<ul>\n<li>helyezd el a g\u00f6mb l\u00e1mp\u00e1kat a teraszod sz\u00e9l\u00e9n\u00e9l, hogy egy meghitt sarkot kapj pihen\u00e9shez vagy vend\u00e9gs\u00e9ghez,<\/li>\n<li>akaszd a l\u00e1mp\u00e1kat az \u00fcl\u0151helyek f\u00f6l\u00e9, hogy sz\u00e9p, egyenletes f\u00e9ny legyen vacsor\u00e1hoz vagy besz\u00e9lget\u00e9shez a csillagos \u00e9g alatt,<\/li>\n<li>halmozd \u0151ket vir\u00e1gok vagy egy kis kerti t\u00f3 k\u00f6r\u00e9, hogy kiemeld a kert r\u00e9szleteit,<\/li>\n<li>haszn\u00e1ld \u0151ket kerti s\u00e9t\u00e1ny ment\u00e9n, hogy biztons\u00e1gosabb \u00e9s szebb legyen az \u00fat,<\/li>\n<li>kreat\u00edvkodhatsz is: r\u00e9gi \u00fcvegt\u00e1lakb\u00f3l vagy tal\u00e1lt t\u00e1rgyakb\u00f3l egyedi, fenntarthat\u00f3 lantern\u00e1kat is k\u00e9sz\u00edthetsz.<\/li>\n<\/ul>\n<p><strong>A napelemes g\u00f6mb l\u00e1mp\u00e1k sokf\u00e9lek\u00e9ppen alkalmazhat\u00f3k \u2013 ak\u00e1r egy bulira is feldobhatod \u0151ket, ha sz\u00ednes anyagot vagy pap\u00edrt tekersz k\u00f6r\u00e9j\u00fck, hogy passzoljanak a hangulathoz.<\/strong> Egyszer\u0171 felszerel\u00e9s\u00fck \u00e9s k\u00f6nny\u0171 karbantart\u00e1suk miatt a bark\u00e1csol\u00e1st kedvel\u0151knek is j\u00f3 v\u00e1laszt\u00e1s.<\/p>\n<p><strong>Napelemes g\u00f6mb l\u00e1mp\u00e1kkal<\/strong> kellemes, puha megvil\u00e1g\u00edt\u00e1st \u00e9s k\u00f6rnyezetk\u00edm\u00e9l\u0151 technol\u00f3gi\u00e1t kapsz egyszerre \u2013 \u00edgy igaz\u00e1n hangulatos lehet a kerted, ak\u00e1r vend\u00e9geket fogadsz, ak\u00e1r csak egy csendes est\u00e9t szeretn\u00e9l kint t\u00f6lteni.<\/p>\n<\/details>\n<details class=\"g-accordion \"><summary><h3>Milyen el\u0151nyei vannak a napelemes bef\u0151ttes\u00fcveg tet\u0151knek?<\/h3><\/summary>  <\/p>\n<p><strong>A napelemes bef\u0151ttes\u00fcveg tet\u0151k<\/strong> nagyon k\u00f6nnyen haszn\u00e1lhat\u00f3k \u2013 csak pattintsd r\u00e1 egy sima bef\u0151ttes\u00fcvegre, \u00e9s m\u00e1ris elk\u00e9sz\u00fclt a napenergi\u00e1s hangulatf\u00e9nyed a kertbe. <strong>Ez a p\u00e1r mozdulat rusztikus \u00e9s b\u00e1jos d\u00edszt ad minden teraszhoz vagy kerti dekorhoz.<\/strong> R\u00e1ad\u00e1sul ha r\u00e9gi \u00fcveget v\u00e1lasztasz, azzal kevesebb lesz a hullad\u00e9k \u00e9s k\u00f6rnyezetbar\u00e1tabb lesz otthonod.<\/p>\n<p>Ezekhez a DIY napelemes l\u00e1mp\u00e1khoz nincs sz\u00fcks\u00e9g vezet\u00e9kre vagy bonyolult szersz\u00e1mra, \u00edgy kezd\u0151knek is ide\u00e1lis. Ha felhelyezted, a tet\u0151 napk\u00f6zben \u00f6sszegy\u0171jti a napf\u00e9nyt, estefel\u00e9 pedig meleg, hangulatos f\u00e9nyt ad \u2013 \u00edgy <strong>energiatakar\u00e9kos<\/strong>, \u00e9s hosszabb t\u00e1von <strong>sp\u00f3rol\u00f3s<\/strong> is.<\/p>\n<ul>\n<li>t\u00f6ltsd meg az \u00fcveget kavicsokkal,<\/li>\n<li>adj hozz\u00e1 t\u00fcnd\u00e9rl\u00e1mp\u00e1kat, ha szeretn\u00e9d, hogy m\u00e9g csillog\u00f3bb legyen,<\/li>\n<li>vagy haszn\u00e1lj sz\u00ednes \u00fcveget az egyedi f\u00e9nyhat\u00e1s\u00e9rt.<\/li>\n<\/ul>\n<p><strong>Sokf\u00e9lek\u00e9ppen haszn\u00e1lhat\u00f3k: szuperek teraszra, kerti \u00f6sv\u00e9nyre vagy ak\u00e1r \u00fcnnepi alkalmakra is \u2013 egyszerre vil\u00e1g\u00edtanak \u00e9s feldobj\u00e1k a k\u00f6rnyezeted st\u00edlusos, szem\u00e9lyes hangulattal.<\/strong><\/p>\n<\/details>\n<details class=\"g-accordion \"><summary><h3>Hogyan haszn\u00e1lhatsz napelemes l\u00e1mp\u00e1kat vir\u00e1gcserepekben?<\/h3><\/summary>  <\/p>\n<p><strong>A napelemes l\u00e1mp\u00e1kat k\u00f6nnyed\u00e9n beteheted a n\u00f6v\u00e9nyeid k\u00f6z\u00e9:<\/strong> csak sz\u00fard a f\u00f6ldbe a kis l\u00e1mp\u00e1t, vagy \u00e1ll\u00edts egy apr\u00f3 napelemes k\u00e9sz\u00fcl\u00e9ket a cser\u00e9p tetej\u00e9re. Nemcsak kiemeli a n\u00f6v\u00e9nyeket, hanem plusz l\u00e1tv\u00e1nyoss\u00e1got is ad a balkonon vagy a kertben.<\/p>\n<p><strong>Ezek a l\u00e1mp\u00e1k kellemes, tompa f\u00e9nyt adnak, \u00edgy a cserepes n\u00f6v\u00e9nyek igaz\u00e1n felt\u0171n\u0151ek lehetnek.<\/strong> Lehet hagyom\u00e1nyos sz\u00far\u00f3l\u00e1mpa form\u00e1j\u00fa, vagy kis kompakt napelemes l\u00e1mp\u00e1cska is \u2013 mindkett\u0151 t\u00f6k\u00e9letes erre.<\/p>\n<p>Sokan kreat\u00edvan haszn\u00e1lj\u00e1k ki a r\u00e9gi bef\u0151ttes\u00fcvegeket, vagy napelemes bef\u0151ttes\u00fcveg tet\u0151ket raknak k\u00fcl\u00f6nb\u00f6z\u0151 t\u00e1lakra, \u00edgy teljesen egyedi f\u00e9nyeket k\u00e9sz\u00edtenek, amik term\u00e9szetesen illeszkednek a n\u00f6v\u00e9nyek k\u00f6z\u00e9. <strong>Ez egy okos \u00e9s k\u00f6rnyezettudatos m\u00f3dja annak, hogy otthonosabb\u00e1 tedd a teret.<\/strong><\/p>\n<ul>\n<li>sz\u00ednes g\u00f6mb l\u00e1mp\u00e1kat is haszn\u00e1lhatsz, ha vid\u00e1mabb hat\u00e1st szeretn\u00e9l,<\/li>\n<li>k\u00f6t\u00e9lb\u0151l k\u00e9sz\u00fclt kosaras napelemes g\u00f6mb\u00f6k pillanatok alatt feldobj\u00e1k a hangulatot,<\/li>\n<li>energiatakar\u00e9kos vil\u00e1g\u00edt\u00e1st teremthetsz a teraszon vagy a kerti \u00f6sv\u00e9ny ment\u00e9n,<\/li>\n<li>r\u00e9gi konzervdobozokat is \u00e1talak\u00edthatsz napelemes &#8222;cserepekk\u00e9&#8221;,<\/li>\n<li>gyertyatart\u00f3kat is \u00e1t lehet alak\u00edtani, ha egy k\u00fcl\u00f6nlegesebb k\u00fcls\u0151t szeretn\u00e9l.<\/li>\n<\/ul>\n<p>Ha p\u00e9ld\u00e1ul r\u00e9gi konzervdobozt vagy egy r\u00e9gi gyertyatart\u00f3t alak\u00edtasz \u00e1t napelemes cser\u00e9pp\u00e9, akkor ezek egyszerre k\u00f6rnyezetbar\u00e1tok \u00e9s igaz\u00e1n k\u00fcl\u00f6nlegesek lesznek \u2013 r\u00e1ad\u00e1sul a cserepek egyediek maradnak.<\/p>\n<p>Ha m\u00e9g t\u00f6bb egyedis\u00e9get szeretn\u00e9l, tekerj d\u00edsz\u00edt\u0151 szalagokat a l\u00e1mp\u00e1k k\u00f6r\u00e9, vagy helyezz el t\u00f6bb l\u00e1mp\u00e1t egy nagyobb cser\u00e9pben, hogy m\u00e9g f\u00e9nyesebb legyen este. A lehet\u0151s\u00e9geknek szinte csak a k\u00e9pzelet szab hat\u00e1rt.<\/p>\n<p><strong>A legjobb pedig, hogy ezek a DIY napelemes f\u00e9nyek vezet\u00e9k n\u00e9lk\u00fcliek, csak napf\u00e9ny kell hozz\u00e1juk.<\/strong> N\u00e9h\u00e1ny perc alatt kellemes, bar\u00e1ts\u00e1gos hangulatot tudsz teremteni a balkonon vagy a kertben, mik\u00f6zben k\u00f6rnyezetk\u00edm\u00e9l\u0151 is maradsz.<\/p>\n<p>Ha igaz\u00e1n felt\u0171n\u0151 megold\u00e1st keresel, pr\u00f3b\u00e1ld ki, hogy napelemes bef\u0151ttes\u00fcveget teszel a cserepekbe, vagy egy napelemes &#8222;fali kar&#8221; l\u00e1mp\u00e1t rakj magasabb ed\u00e9nyekbe \u2013 mindkett\u0151 k\u00fcl\u00f6nlegess\u00e9 teszi a teret a meleg f\u00e9ny\u00e9vel.<\/p>\n<\/details>\n<details class=\"g-accordion \"><summary><h3>Hogyan lehet r\u00e9gi t\u00e1rgyakat napelemes l\u00e1mp\u00e1s cser\u00e9pp\u00e9 alak\u00edtani?<\/h3><\/summary>  <\/p>\n<p>Adj \u00faj \u00e9letet r\u00e9gi h\u00e1ztart\u00e1si t\u00e1rgyaknak \u00e9s csin\u00e1lj bel\u0151l\u00fck <strong>napelemes l\u00e1mp\u00e1s cserepeket<\/strong>. Egy kis \u00f6tlettel \u00e9s alapvet\u0151 napelemes megold\u00e1sokkal p\u00e9ld\u00e1ul te\u00e1scs\u00e9sz\u00e9kb\u0151l, v\u00f6dr\u00f6kb\u0151l vagy konzervdobozokb\u00f3l is lehetnek <strong>vid\u00e1m, hangulatos d\u00edszek a teraszra vagy az erk\u00e9lyre<\/strong>. Csak t\u00f6ltsd meg a kiv\u00e1lasztott ed\u00e9nyt f\u00f6lddel \u00e9s n\u00f6v\u00e9nnyel, majd helyezz bele egy kis napelemes l\u00e1mp\u00e1t \u2013 lehet besz\u00far\u00f3s, vagy napelemes bef\u0151ttes\u00fcveg tet\u0151 is \u2013 a n\u00f6v\u00e9nyek mell\u00e9 vagy a sz\u00e9l\u00e9re. <strong>Ez az egyszer\u0171 \u00e1talak\u00edt\u00e1s h\u00e9tk\u00f6znapi t\u00e1rgyakat tesz egyediv\u00e9 \u00e9s k\u00f6rnyezetbar\u00e1tt\u00e1.<\/strong><\/p>\n<ul>\n<li>r\u00e9gi felmos\u00f3v\u00f6dr\u00f6k,<\/li>\n<li>zom\u00e1ncos kancs\u00f3k,<\/li>\n<li>rozsd\u00e1s f\u00e9mdobozok is nagyszer\u0171 alapul szolg\u00e1lnak ezeknek az egyedi vir\u00e1gtart\u00f3knak.<\/li>\n<\/ul>\n<p>Ha v\u00f6dr\u00f6t haszn\u00e1lsz, f\u00farj n\u00e9h\u00e1ny v\u00edzelvezet\u0151 lyukat az alj\u00e1ra, t\u00f6ltsd meg vir\u00e1gf\u00f6lddel, \u00e9s cs\u00fasztass egy napelemes sz\u00far\u00f3l\u00e1mp\u00e1t a sz\u00e9l\u00e9n v\u00e9gig. Kisebb ed\u00e9nyekhez, p\u00e9ld\u00e1ul te\u00e1scs\u00e9sz\u00e9hez, kiv\u00e1l\u00f3ak apr\u00f3 napelemes f\u00e9nyek, amik kedves, puha f\u00e9nyt adnak. <strong>Minden ilyen &#8222;csereped&#8221; egyedi lesz \u2013 \u00f6tv\u00f6zi a k\u00f6rnyezettudatoss\u00e1got a kreativit\u00e1ssal \u00e9s a meghitt hangulattal.<\/strong><\/p>\n<ul>\n<li>ha r\u00e9gi t\u00e1rgyakat alak\u00edtasz \u00e1t, nem csak a dekorod lesz k\u00fcl\u00f6nleges,<\/li>\n<li>hanem cs\u00f6kkented a hullad\u00e9kot,<\/li>\n<li>meger\u0151s\u00edted a k\u00f6rnyezettudatos szeml\u00e9leted,<\/li>\n<li>rengeteg st\u00edlus k\u00f6z\u00fcl v\u00e1laszthatsz \u2013 rusztikus, boh\u00f3k\u00e1s vagy \u00e9pp modern,<\/li>\n<li>\u00e9s mindezek mellett k\u00f6nnyen kapsz napelemes hangulatf\u00e9nyt a kertedbe.<\/li>\n<\/ul>\n<p>Festett dobozokkal, grav\u00edrozott v\u00f6dr\u00f6kkel vagy mint\u00e1s cs\u00e9sz\u00e9kkel igaz\u00e1n <strong>egyedi \u00e9s fenntarthat\u00f3<\/strong> vir\u00e1gtart\u00f3kat var\u00e1zsolhatsz. <strong>Ezek a napelemes cserepek teljesen napenergi\u00e1val m\u0171k\u00f6dnek \u2013 nem kell hozz\u00e1juk vezet\u00e9k vagy \u00e1ram \u2013 \u00e9s egyszerre energiatakar\u00e9kosak, l\u00e1tv\u00e1nyosak, \u00e9s k\u00fcl\u00f6n karaktert adnak a teraszodnak vagy a kertednek.<\/strong><\/p>\n<\/details>\n<details class=\"g-accordion \"><summary><h3>Mi az a napelemes csill\u00e1r, \u00e9s hogyan k\u00e9sz\u00fcl?<\/h3><\/summary>  <\/p>\n<p>Egy <strong>napelemes csill\u00e1r<\/strong> eleganci\u00e1t hoz a kertbe vagy teraszra \u00fagy, hogy teljesen napenergi\u00e1val m\u0171k\u00f6dik. Elk\u00e9sz\u00edt\u00e9s\u00e9hez gyakran r\u00e9gi csill\u00e1rokat haszn\u00e1lnak fel: elt\u00e1vol\u00edtj\u00e1k a vezet\u00e9keket \u00e9s az \u00e9g\u0151ket, majd mindegyik foglalatba kis napelemes l\u00e1mp\u00e1t tesznek.<\/p>\n<p><strong>A r\u00e9gi f\u00e9m vagy r\u00e9z csill\u00e1rok nagyon n\u00e9pszer\u0171ek<\/strong>, mert el\u00e9g er\u0151sek ahhoz, hogy t\u00f6bb napelemes l\u00e1mp\u00e1t is megtartsanak. Mindegyik \u00e1g ide\u00e1lis hely egy napelemes f\u00e9nynek. Ezek a l\u00e1mp\u00e1k \u00e1ltal\u00e1ban <strong>id\u0151j\u00e1r\u00e1s\u00e1ll\u00f3ak, be\u00e9p\u00edtett napelemmel<\/strong> \u00e9s <strong>t\u00f6lthet\u0151 akkumul\u00e1torral<\/strong> k\u00e9sz\u00fclnek, \u00edgy praktikusak \u00e9s strapab\u00edr\u00f3k is.<\/p>\n<ol>\n<li>El\u0151sz\u00f6r alaposan tiszt\u00edtsd meg a csill\u00e1r v\u00e1z\u00e1t,<\/li>\n<li>r\u00f6gz\u00edtsd biztons\u00e1gosan a napelemes l\u00e1mp\u00e1kat mindegyik \u00e1gra, hogy stabilan \u00e1lljanak,<\/li>\n<li>\u00e1ll\u00edtsd be a paneleket \u00fagy, hogy min\u00e9l t\u00f6bb napf\u00e9nyt kapjanak,<\/li>\n<li>akaszd fel a csill\u00e1rt er\u0151s l\u00e1nccal vagy k\u00f6t\u00e9llel fa\u00e1gra, pergol\u00e1ra vagy a mennyezetre,<\/li>\n<li>ha szeretn\u00e9d, dekor\u00e1ld is \u2013 f\u00fajd le fest\u00e9kkel vagy d\u00edsz\u00edtsd sz\u00ednes d\u00edszekkel.<\/li>\n<\/ol>\n<ul>\n<li>haszn\u00e1lj \u00fcvegd\u00edszeket, ha vid\u00e1mabb megjelen\u00e9st szeretn\u00e9l,<\/li>\n<li>tegy\u00e9l r\u00e1 krist\u00e1lyokat az extra csillog\u00e1s\u00e9rt,<\/li>\n<li>b\u00e1rmilyen \u00fajrahasznos\u00edtott anyagot felhaszn\u00e1lhatsz, hogy egyedi legyen,<\/li>\n<li>v\u00e1lassz id\u0151j\u00e1r\u00e1s\u00e1ll\u00f3 napelemes l\u00e1mp\u00e1t, hogy sok\u00e1ig tartson,<\/li>\n<li>ezzel a megold\u00e1ssal k\u00f6rnyezetbar\u00e1tabb\u00e1 teszed a k\u00fclt\u00e9ri vil\u00e1g\u00edt\u00e1st.<\/li>\n<\/ul>\n<p>Egy ilyen napelemes csill\u00e1r igaz\u00e1n j\u00f3pofa \u00e9s \u00f6tletes m\u00f3dja annak, hogy <strong>vil\u00e1g\u00edtsd meg a teraszt vagy a kertet, \u00e9s k\u00f6zben a kreativit\u00e1sodat is megmutasd<\/strong>. Minden apr\u00f3 szem\u00e9lyes d\u00edsz\u00edt\u00e9s seg\u00edt abban, hogy olyan darabod legyen, ami egyszerre k\u00fcl\u00f6nleges, fenntarthat\u00f3 \u00e9s igazi l\u00e1tv\u00e1nyoss\u00e1g.<\/p>\n<\/details>\n<details class=\"g-accordion \"><summary><h3>Hogyan k\u00e9sz\u00fcl a k\u00f6t\u00e9lkosaras napelemes g\u00f6mb l\u00e1mpa?<\/h3><\/summary>  <\/p>\n<p>Egy <strong>k\u00f6t\u00e9lkosaras napelemes g\u00f6mb l\u00e1mpa<\/strong> bark\u00e1csol\u00e1sa meglep\u0151en egyszer\u0171 \u2013 csak kev\u00e9s alapanyag kell hozz\u00e1. El\u0151sz\u00f6r v\u00e1lassz egy kerek alapot: lehet ez egy felf\u00fajt lufi, amit k\u00e9s\u0151bb k\u00f6nny\u0171 elt\u00e1vol\u00edtani, vagy egy dr\u00f3tkeret, ha massz\u00edvabb l\u00e1mp\u00e1t szeretn\u00e9l.<\/p>\n<ol>\n<li>Kezdd el k\u00f6rbetekerni a d\u00edsz\u00edt\u0151 k\u00f6telet az alapon \u2013 figyelj, hogy szorosan illeszkedjen,<\/li>\n<li>tekercsel\u00e9s k\u00f6zben ragaszt\u00f3pisztollyal vagy \u00e1tl\u00e1tsz\u00f3 hobbi ragaszt\u00f3val r\u00f6gz\u00edtsd,<\/li>\n<li>l\u00e9p\u00e9sr\u0151l l\u00e9p\u00e9sre haladj, hogy sz\u00e9p legyen a v\u00e9geredm\u00e9ny,<\/li>\n<li>ha k\u00f6rbe\u00e9rt\u00e9l, hagyd teljesen megsz\u00e1radni a ragaszt\u00f3t,<\/li>\n<li>ha lufit haszn\u00e1lt\u00e1l, pukkaszd ki \u00e9s \u00f3vatosan h\u00fazd ki a marad\u00e9kot, hogy \u00fcreges maradjon a k\u00f6t\u00e9lg\u00f6mb,<\/li>\n<li>dr\u00f3tv\u00e1z eset\u00e9n eld\u00f6ntheted, hogy benne hagyod-e extra tart\u00e1s\u00e9rt vagy kiveszed, ha k\u00f6nnyebb g\u00f6mb\u00f6t akarsz.<\/li>\n<\/ol>\n<p><strong>Ha elk\u00e9sz\u00fclt a g\u00f6mb, cs\u00fassz be egy kis napelemes l\u00e1mp\u00e1t, \u00fagy helyezd el benne, hogy a f\u00e9ny sz\u00e9pen bevil\u00e1g\u00edtsa az eg\u00e9sz g\u00f6mb\u00f6t.<\/strong> A napelemet r\u00f6gz\u00edtsd fel\u00fcl vagy oldalra \u2013 fontos, hogy j\u00f3 sok napf\u00e9nyt kapjon nap k\u00f6zben.<\/p>\n<p><strong>Az eredm\u00e9ny egy b\u00e1jos, k\u00f6rnyezetbar\u00e1t f\u00e9ny, ami st\u00edlusos \u00e9s praktikus is egyszerre.<\/strong> Felakaszthatod f\u00e1ra, leteheted a terasz asztal\u00e1ra \u2013 \u00edgy \u00fajrahasznos\u00edtott anyagokat, saj\u00e1t kreativit\u00e1st \u00e9s energiatakar\u00e9kos technol\u00f3gi\u00e1t is haszn\u00e1lsz a kerted d\u00edsz\u00edt\u00e9s\u00e9re.<\/p>\n<\/details>\n<details class=\"g-accordion \"><summary><h3>Details<\/h3><\/summary>  <\/p>\n<p>Egyedi napelemes gyertyatart\u00f3 k\u00e9sz\u00edt\u00e9s\u00e9hez el\u0151sz\u00f6r v\u00e1lassz egy olyan t\u00e1rol\u00f3t, ami t\u00fckr\u00f6zi a st\u00edlusod \u2013 lehet ez egy \u00fcveg, v\u00e1za, vagy mutat\u00f3s t\u00e1l. Ezut\u00e1n kell egy kis napelemes l\u00e1mpa; <strong>a t\u00fcsk\u00e9s, levehet\u0151 fej\u0171 l\u00e1mp\u00e1k a legpraktikusabbak.<\/strong> Tedd a napelemes egys\u00e9get a tart\u00f3ba \u00fagy, hogy a panel a tetej\u00e9n legyen, \u00e9s j\u00f3l \u00e9rje a napf\u00e9ny.<\/p>\n<ul>\n<li>sz\u00f3rj bele egy kev\u00e9s homokot, kavicsot, \u00fcveggoly\u00f3t vagy m\u0171vir\u00e1got, hogy legyen s\u00falya \u00e9s mutat\u00f3sabb legyen,<\/li>\n<li>haszn\u00e1lj r\u00e9gi te\u00e1scs\u00e9sz\u00e9t vagy f\u00e9m konzervdobozt, ha valami k\u00fcl\u00f6nlegesebbre v\u00e1gysz,<\/li>\n<li>r\u00e9tegezz sz\u00ednes kavicsokat,<\/li>\n<li>d\u00edsz\u00edtsd \u00e9vszakhoz ill\u0151 kieg\u00e9sz\u00edt\u0151kkel,<\/li>\n<li>vagy v\u00e1lassz metszett \u00fcveget az egyedi f\u00e9nyhat\u00e1s\u00e9rt.<\/li>\n<\/ul>\n<p>Ez a <strong>gyors bark\u00e1csprojekt egyszerre energiatakar\u00e9kos \u00e9s divatos<\/strong> \u2013 k\u00fcl\u00f6nleges, k\u00f6rnyezettudatos f\u00e9nyt ad a teraszodra vagy kertedbe. A napelemes gyertyatart\u00f3kkal <strong>meleg, sz\u00f3rt f\u00e9nyt kapsz az asztalokra, \u00f6sv\u00e9nyekre vagy vir\u00e1g\u00e1gy\u00e1sokba, \u00edgy egyszerre lesz praktikus \u00e9s mutat\u00f3s a k\u00fclt\u00e9ri d\u00edszed.<\/strong><\/p>\n<p><strong>Szabd szem\u00e9lyre a gyertyatart\u00f3dat, hogy igaz\u00e1n r\u00f3lad sz\u00f3ljon, \u00e9s \u00e9lvezd a fenntarthat\u00f3 k\u00fclt\u00e9ri dekor\u00e1ci\u00f3t!<\/strong><\/p>\n<\/details>\n<details class=\"g-accordion \"><summary><h3>Mi a menete egy terra kott\u00e1s vil\u00e1g\u00edt\u00f3torony elk\u00e9sz\u00edt\u00e9s\u00e9nek?<\/h3><\/summary>  <\/p>\n<p>A terra kott\u00e1s vil\u00e1g\u00edt\u00f3torony elk\u00e9sz\u00edt\u00e9s\u00e9hez v\u00e1lassz <strong>h\u00e1rom vagy n\u00e9gy vir\u00e1gcserepet, mindegyik kicsit kisebb legyen, mint az el\u0151z\u0151<\/strong>. Az alj\u00e1ra ker\u00fclj\u00f6n a legnagyobb, erre ford\u00edtva \u00e9p\u00edtsd fel a t\u00f6bbit \u2013 \u00edgy megkapod a torony form\u00e1t. <strong>Er\u0151s k\u00fclt\u00e9ri ragaszt\u00f3t<\/strong> haszn\u00e1lj a r\u00e9tegek k\u00f6z\u00e9, hogy j\u00f3l egyben maradjanak.<\/p>\n<p>Ezut\u00e1n <strong>k\u00fclt\u00e9ri akrilfest\u00e9kkel<\/strong> fesd ki a tornyot. A tipikus feh\u00e9r-piros cs\u00edkok mindig n\u00e9pszer\u0171ek, de b\u00e1rmilyen sz\u00ednt v\u00e1laszthatsz. Minden r\u00e9tegnek <strong>teljesen meg kell sz\u00e1radnia, miel\u0151tt a k\u00f6vetkez\u0151re r\u00e1l\u00e9psz<\/strong>. A v\u00e9g\u00e9n fess ablakokat \u00e9s ajt\u00f3t feket\u00e9vel, vagy rajzold r\u00e1 alkoholos filccel, hogy szem\u00e9lyesebb legyen.<\/p>\n<p>Ha k\u00e9sz a fest\u00e9s, <strong>j\u00f6het a kis napelemes l\u00e1mpa a torony tetej\u00e9re<\/strong>. Sok kerti l\u00e1mp\u00e1b\u00f3l kivehet\u0151 a lesz\u00farhat\u00f3 r\u00e9sz \u2013 itt csak a vil\u00e1g\u00edt\u00f3fejet kell r\u00f6gz\u00edteni a legfels\u0151 cser\u00e9p ny\u00edl\u00e1s\u00e1ba. <strong>Ez lesz a vil\u00e1g\u00edt\u00f3torony f\u00e9nye, \u00edgy a napelem mindenk\u00e9pp felfel\u00e9 n\u00e9zzen, hogy napk\u00f6zben felt\u00f6lt\u0151dj\u00f6n.<\/strong><\/p>\n<ul>\n<li>rakj kavicsokat,<\/li>\n<li>tegy\u00e9l k\u00f6r\u00e9 kagyl\u00f3kat,<\/li>\n<li>vagy apr\u00f3 figur\u00e1kat a &#8222;part&#8221; k\u00f6r\u00e9, ha m\u00e9g m\u00f3k\u00e1sabb\u00e1 tenn\u00e9d.<\/li>\n<\/ul>\n<p>Ez az <strong>egyszer\u0171 \u00f6tlet \u00fajrahasznos\u00edt r\u00e9gi cserepeket \u00e9s kreat\u00edv, napelemes vil\u00e1g\u00edt\u00e1st var\u00e1zsol a kertedbe<\/strong>.<\/p>\n<\/details>\n","protected":false},"excerpt":{"rendered":"<p>Szeretn\u00e9l egy kis var\u00e1zslatot vinni a kertedbe vagy teraszodra, de nem akarod, hogy az \u00e1ramk\u00f6lts\u00e9gek n\u0151jenek? A kreat\u00edv napelemes vil\u00e1g\u00edt\u00e1sok t\u00f6k\u00e9letes megold\u00e1st k\u00edn\u00e1lnak: k\u00f6rnyezetbar\u00e1t f\u00e9nyt adnak, mik\u00f6zben a saj\u00e1t st\u00edlusodat is t\u00fckr\u00f6zik. Elrejtheted a napelemes l\u00e1mp\u00e1kat a vir\u00e1gcserepekben, vagy ak\u00e1r \u00fajrahasznos\u00edtott anyagokb\u00f3l k\u00e9sz\u00edthetsz k\u00fcl\u00f6nleges csill\u00e1rokat. Ezek a bark\u00e1cs\u00f6tletek egyediv\u00e9 \u00e9s hangulatoss\u00e1 var\u00e1zsolnak b\u00e1rmilyen kertet vagy teraszt. Ha \u00fajrahasznos\u00edtasz mindennapi t\u00e1rgyakat,&hellip;<\/p>\n","protected":false},"author":12,"featured_media":9837,"comment_status":"open","ping_status":"open","sticky":false,"template":"","format":"standard","meta":{"rank_math_focus_keyword":"kreat\u00edv napelemes vil\u00e1g\u00edt\u00e1si \u00f6tletek","rank_math_title":"Vil\u00e1g\u00edtsd meg a kerted","rank_math_description":"Fedezd fel az egyedi napelemes vil\u00e1g\u00edt\u00e1si \u00f6tleteket, hogy k\u00f6rnyezetbar\u00e1t, kreat\u00edv megold\u00e1sokkal vil\u00e1g\u00edtsd meg k\u00fclt\u00e9ri tereidet. Alak\u00edtsd \u00e1t fenntarthat\u00f3 m\u00f3don a teredet.","footnotes":""},"categories":[141],"tags":[],"class_list":["post-10453","post","type-post","status-publish","format-standard","has-post-thumbnail","hentry","category-kulteri-dekoraciok"],"g_custom_schema_json":"<script type=\"application\/ld+json\">\n{\n  \"@context\": \"https:\/\/schema.org\",\n  \"@type\": \"FAQPage\",\n  \"mainEntity\": [\n    {\n      \"@type\": \"Question\",\n      \"name\": \"Milyen kreat\u00edv \u00f6tletek vannak k\u00fclt\u00e9ri napelemes vil\u00e1g\u00edt\u00e1shoz?\",\n      \"acceptedAnswer\": {\n        \"@type\": \"Answer\",\n        \"text\": \"Rengeteg \u00f6tletes m\u00f3dja van annak, hogy napelemes l\u00e1mp\u00e1kkal var\u00e1zsolj meghitt hangulatot a kertedbe vagy teraszodra. Ha p\u00e9ld\u00e1ul vir\u00e1gcserepekbe helyezed \u0151ket, gyeng\u00e9d, k\u00f6rnyezetbar\u00e1t f\u00e9nnyel vil\u00e1g\u00edtj\u00e1k meg a n\u00f6v\u00e9nyeket. R\u00e9gi t\u00e1rgyakb\u00f3l k\u00e9sz\u00edtett napelemes csill\u00e1rokkal pedig a f\u00e1k \u00e9s teraszok hangulatos, vil\u00e1g\u00edt\u00f3 tal\u00e1lkoz\u00f3helly\u00e9 v\u00e1lnak.\"\n      }\n    },\n    {\n      \"@type\": \"Question\",\n      \"name\": \"Mi\u00e9rt sz\u00e1m\u00edtanak k\u00f6rnyezetbar\u00e1t megold\u00e1snak a saj\u00e1t k\u00e9sz\u00edt\u00e9s\u0171 napelemes l\u00e1mp\u00e1k?\",\n      \"acceptedAnswer\": {\n        \"@type\": \"Answer\",\n        \"text\": \"A saj\u00e1t k\u00e9sz\u00edt\u00e9s\u0171 (DIY) napelemes vil\u00e1g\u00edt\u00e1s k\u00f6rnyezetbar\u00e1t m\u00f3dja annak, hogy kerti ter\u00fcleteket bevil\u00e1g\u00edts, mik\u00f6zben kevesebb \u00e1ramot haszn\u00e1lsz, \u00edgy cs\u00f6kkented az \u00f6kol\u00e1bnyomodat. Ha a nap energi\u00e1j\u00e1t hasznos\u00edtod \u00e1ram helyett, tudatosabb \u00e9letet \u00e9lsz. R\u00e1ad\u00e1sul ha \u00fajrahasznos\u00edtott t\u00e1rgyakat v\u00e1lasztasz hozz\u00e1, minden elk\u00e9sz\u00fclt vil\u00e1g\u00edt\u00f3test egyedi d\u00edsze lesz az udvarodnak.\"\n      }\n    },\n    {\n      \"@type\": \"Question\",\n      \"name\": \"Mi\u00e9rt \u00e9rdemes \u00fajrahasznos\u00edtott anyagokat haszn\u00e1lni napelemes l\u00e1mp\u00e1khoz?\",\n      \"acceptedAnswer\": {\n        \"@type\": \"Answer\",\n        \"text\": \"Amikor r\u00e9gi \u00fcvegeket, konzervdobozokat vagy v\u00f6dr\u00f6ket alak\u00edtasz \u00e1t napelemes l\u00e1mp\u00e1v\u00e1, nemcsak kevesebb szem\u00e9t ker\u00fcl a kuk\u00e1ba, hanem ezek a t\u00e1rgyak \u00faj \u00e9letet is kapnak. Ha h\u00e9tk\u00f6znapi t\u00e1rgyakat form\u00e1lsz egyedi vil\u00e1g\u00edt\u00f3testt\u00e9, t\u00e1mogatod a fenntarthat\u00f3s\u00e1got \u00e9s cs\u00f6kkented a hullad\u00e9kmennyis\u00e9get is.\"\n      }\n    },\n    {\n      \"@type\": \"Question\",\n      \"name\": \"Milyen egyedi diz\u00e1jnokat lehet l\u00e9trehozni napelemes f\u00e9nydekor\u00e1ci\u00f3val?\",\n      \"acceptedAnswer\": {\n        \"@type\": \"Answer\",\n        \"text\": \"A napelemes f\u00e9nydekor\u00e1ci\u00f3 egyszerre praktikus, kreat\u00edv \u00e9s k\u00f6rnyezetbar\u00e1t, r\u00e1ad\u00e1sul szinte v\u00e9gtelen a lehet\u0151s\u00e9gek sora a kertben vagy a teraszon. P\u00e9ld\u00e1ul egy napelemes csill\u00e1r, amit t\u00f6bb izz\u00f3val \u00e9s \u00fajrahasznos\u00edtott kerettel k\u00e9sz\u00edtesz, igaz\u00e1n l\u00e1tv\u00e1nyos \u2013 mik\u00f6zben \u00e1ramot is takar\u00edtasz. Az \u00fcvegb\u0151l, f\u00e9mb\u0151l vagy k\u00f6t\u00e9lb\u0151l k\u00e9sz\u00fclt g\u00f6mbvil\u00e1g\u00edt\u00e1s meleg, kellemes f\u00e9nyt ad.\"\n      }\n    },\n    {\n      \"@type\": \"Question\",\n      \"name\": \"Hogyan teheted m\u00e9g szebb\u00e9 a kerted saj\u00e1t k\u00e9sz\u00edt\u00e9s\u0171 napelemes f\u00e9nyekkel?\",\n      \"acceptedAnswer\": {\n        \"@type\": \"Answer\",\n        \"text\": \"A saj\u00e1t k\u00e9sz\u00edt\u00e9s\u0171 napelemes vil\u00e1g\u00edt\u00e1s egyszerre praktikus \u00e9s var\u00e1zslatos hangulatot ad a kertednek. Naplemente ut\u00e1n a kertutak \u00e9s vir\u00e1g\u00e1gy\u00e1sok l\u00e1gy f\u00e9nybe borulnak a g\u00f6mbvil\u00e1g\u00edt\u00e1st\u00f3l vagy ak\u00e1r h\u00e1zilag k\u00e9sz\u00edtett l\u00e1mpaoszlopokt\u00f3l. A k\u00f6t\u00e9lb\u0151l font g\u00f6mb\u00f6k j\u00e1t\u00e9kos hangulatot adnak.\"\n      }\n    },\n    {\n      \"@type\": \"Question\",\n      \"name\": \"Melyek a legn\u00e9pszer\u0171bb DIY napelemes vil\u00e1g\u00edt\u00e1si tr\u00fckk\u00f6k?\",\n      \"acceptedAnswer\": {\n        \"@type\": \"Answer\",\n        \"text\": \"A saj\u00e1t k\u00e9sz\u00edt\u00e9s\u0171 napelemes vil\u00e1g\u00edt\u00e1s remek m\u00f3dszer, hogy olcs\u00f3 anyagokb\u00f3l legyen hangulatf\u00e9nyed kint. P\u00e9ld\u00e1ul, ha kett\u00e9v\u00e1god a lesz\u00farhat\u00f3 napelemes kerti l\u00e1mp\u00e1t, k\u00f6nnyen belef\u00e9r sz\u0171k helyekre, cser\u00e9pbe vagy bef\u0151ttes\u00fcvegbe is. Bef\u0151ttes\u00fcveg tetej\u00e9t kiv\u00e1ltva napelemes tet\u0151vel hordozhat\u00f3 l\u00e1mp\u00e1s lesz bel\u0151le.\"\n      }\n    },\n    {\n      \"@type\": \"Question\",\n      \"name\": \"Hogyan teheted egyediv\u00e9 a napelemes l\u00e1mp\u00e1kat k\u00fcl\u00f6nleges alkalmakra?\",\n      \"acceptedAnswer\": {\n        \"@type\": \"Answer\",\n        \"text\": \"A napelemes l\u00e1mp\u00e1kat b\u00e1rmilyen alkalomra k\u00f6nnyen szem\u00e9lyre szabhatod. K\u00f6sd \u00e1t \u0151ket szalaggal, v\u00e1lassz a t\u00e9m\u00e1hoz ill\u0151 sz\u00edneket vagy kieg\u00e9sz\u00edt\u0151ket, p\u00e9ld\u00e1ul pap\u00edrl\u00e1mp\u00e1sokat vagy \u00fcnnepi d\u00edszeket. Egyedi asztald\u00edszt is k\u00e9sz\u00edthetsz: p\u00e9ld\u00e1ul mes\u00e9sre festett bef\u0151ttes\u00fcvegek vagy \u00fajrahasznos\u00edtott dobozok.\"\n      }\n    },\n    {\n      \"@type\": \"Question\",\n      \"name\": \"Hogyan alak\u00edthatj\u00e1k \u00e1t a napelemes g\u00f6mb l\u00e1mp\u00e1k a k\u00fclt\u00e9ri tereidet?\",\n      \"acceptedAnswer\": {\n        \"@type\": \"Answer\",\n        \"text\": \"A napelemes g\u00f6mb l\u00e1mp\u00e1k pillanatok alatt bar\u00e1ts\u00e1gosabb\u00e1 teszik a kertedet vagy teraszodat, mert l\u00e1gy, meleg f\u00e9nyt adnak, amit\u0151l az eg\u00e9sz hely h\u00edvogat\u00f3bb lesz. Akaszd \u0151ket f\u00e1k \u00e1gra, cserj\u00e9k k\u00f6z\u00e9, vagy szeg\u00e9lyezd vel\u00fck a kerti utat. J\u00e1t\u00e9kos hangulatukkal nem csak szebb\u00e9 var\u00e1zsolj\u00e1k a kertedet, hanem kellemesebb\u00e9 is teszik a kint t\u00f6lt\u00f6tt est\u00e9t.\"\n      }\n    },\n    {\n      \"@type\": \"Question\",\n      \"name\": \"Milyen el\u0151nyei vannak a napelemes bef\u0151ttes\u00fcveg tet\u0151knek?\",\n      \"acceptedAnswer\": {\n        \"@type\": \"Answer\",\n        \"text\": \"A napelemes bef\u0151ttes\u00fcveg tet\u0151k nagyon k\u00f6nnyen haszn\u00e1lhat\u00f3k \u2013 csak pattintsd r\u00e1 egy sima bef\u0151ttes\u00fcvegre, \u00e9s m\u00e1ris elk\u00e9sz\u00fclt a napenergi\u00e1s hangulatf\u00e9nyed a kertbe. Ez a p\u00e1r mozdulat rusztikus \u00e9s b\u00e1jos d\u00edszt ad minden teraszhoz vagy kerti dekorhoz. R\u00e1ad\u00e1sul ha r\u00e9gi \u00fcveget v\u00e1lasztasz, azzal kevesebb lesz a hullad\u00e9k.\"\n      }\n    },\n    {\n      \"@type\": \"Question\",\n      \"name\": \"Hogyan haszn\u00e1lhatsz napelemes l\u00e1mp\u00e1kat vir\u00e1gcserepekben?\",\n      \"acceptedAnswer\": {\n        \"@type\": \"Answer\",\n        \"text\": \"A napelemes l\u00e1mp\u00e1kat k\u00f6nnyed\u00e9n beteheted a n\u00f6v\u00e9nyeid k\u00f6z\u00e9: csak sz\u00fard a f\u00f6ldbe a kis l\u00e1mp\u00e1t, vagy \u00e1ll\u00edts egy apr\u00f3 napelemes k\u00e9sz\u00fcl\u00e9ket a cser\u00e9p tetej\u00e9re. Nemcsak kiemeli a n\u00f6v\u00e9nyeket, hanem plusz l\u00e1tv\u00e1nyoss\u00e1got is ad a balkonon vagy a kertben. Ezek a l\u00e1mp\u00e1k kellemes, tompa f\u00e9nyt adnak.\"\n      }\n    },\n    {\n      \"@type\": \"Question\",\n      \"name\": \"Hogyan lehet r\u00e9gi t\u00e1rgyakat napelemes l\u00e1mp\u00e1s cser\u00e9pp\u00e9 alak\u00edtani?\",\n      \"acceptedAnswer\": {\n        \"@type\": \"Answer\",\n        \"text\": \"Adj \u00faj \u00e9letet r\u00e9gi h\u00e1ztart\u00e1si t\u00e1rgyaknak \u00e9s csin\u00e1lj bel\u0151l\u00fck napelemes l\u00e1mp\u00e1s cserepeket. Egy kis \u00f6tlettel \u00e9s alapvet\u0151 napelemes megold\u00e1sokkal p\u00e9ld\u00e1ul te\u00e1scs\u00e9sz\u00e9kb\u0151l, v\u00f6dr\u00f6kb\u0151l vagy konzervdobozokb\u00f3l is lehetnek vid\u00e1m, hangulatos d\u00edszek a teraszra vagy az erk\u00e9lyre. Ez az egyszer\u0171 \u00e1talak\u00edt\u00e1s h\u00e9tk\u00f6znapi t\u00e1rgyakat tesz egyediv\u00e9 \u00e9s k\u00f6rnyezetbar\u00e1tt\u00e1.\"\n      }\n    },\n    {\n      \"@type\": \"Question\",\n      \"name\": \"Mi az a napelemes csill\u00e1r, \u00e9s hogyan k\u00e9sz\u00fcl?\",\n      \"acceptedAnswer\": {\n        \"@type\": \"Answer\",\n        \"text\": \"Egy napelemes csill\u00e1r eleganci\u00e1t hoz a kertbe vagy teraszra \u00fagy, hogy teljesen napenergi\u00e1val m\u0171k\u00f6dik. Elk\u00e9sz\u00edt\u00e9s\u00e9hez gyakran r\u00e9gi csill\u00e1rokat haszn\u00e1lnak fel: elt\u00e1vol\u00edtj\u00e1k a vezet\u00e9keket \u00e9s az \u00e9g\u0151ket, majd mindegyik foglalatba kis napelemes l\u00e1mp\u00e1t tesznek. A r\u00e9gi f\u00e9m vagy r\u00e9z csill\u00e1rok nagyon n\u00e9pszer\u0171ek.\"\n      }\n    },\n    {\n      \"@type\": \"Question\",\n      \"name\": \"Hogyan k\u00e9sz\u00fcl a k\u00f6t\u00e9lkosaras napelemes g\u00f6mb l\u00e1mpa?\",\n      \"acceptedAnswer\": {\n        \"@type\": \"Answer\",\n        \"text\": \"Egy k\u00f6t\u00e9lkosaras napelemes g\u00f6mb l\u00e1mpa bark\u00e1csol\u00e1sa meglep\u0151en egyszer\u0171 \u2013 csak kev\u00e9s alapanyag kell hozz\u00e1. El\u0151sz\u00f6r v\u00e1lassz egy kerek alapot: lehet ez egy felf\u00fajt lufi, amit k\u00e9s\u0151bb k\u00f6nny\u0171 elt\u00e1vol\u00edtani, vagy egy dr\u00f3tkeret, ha massz\u00edvabb l\u00e1mp\u00e1t szeretn\u00e9l. Kezdd el k\u00f6rbetekerni a d\u00edsz\u00edt\u0151 k\u00f6telet az alapon.\"\n      }\n    },\n    {\n      \"@type\": \"Question\",\n      \"name\": \"Hogyan k\u00e9sz\u00edthetsz napelemes \"gyertyatart\u00f3t\"?\",\n      \"acceptedAnswer\": {\n        \"@type\": \"Answer\",\n        \"text\": \"Egyedi napelemes gyertyatart\u00f3 k\u00e9sz\u00edt\u00e9s\u00e9hez el\u0151sz\u00f6r v\u00e1lassz egy olyan t\u00e1rol\u00f3t, ami t\u00fckr\u00f6zi a st\u00edlusod \u2013 lehet ez egy \u00fcveg, v\u00e1za, vagy mutat\u00f3s t\u00e1l. Ezut\u00e1n kell egy kis napelemes l\u00e1mpa; a t\u00fcsk\u00e9s, levehet\u0151 fej\u0171 l\u00e1mp\u00e1k a legpraktikusabbak. Tedd a napelemes egys\u00e9get a tart\u00f3ba \u00fagy, hogy a panel a tetej\u00e9n legyen.\"\n      }\n    },\n    {\n      \"@type\": \"Question\",\n      \"name\": \"Mi a menete egy terra kott\u00e1s vil\u00e1g\u00edt\u00f3torony elk\u00e9sz\u00edt\u00e9s\u00e9nek?\",\n      \"acceptedAnswer\": {\n        \"@type\": \"Answer\",\n        \"text\": \"A terra kott\u00e1s vil\u00e1g\u00edt\u00f3torony elk\u00e9sz\u00edt\u00e9s\u00e9hez v\u00e1lassz h\u00e1rom vagy n\u00e9gy vir\u00e1gcserepet, mindegyik kicsit kisebb legyen, mint az el\u0151z\u0151. Az alj\u00e1ra ker\u00fclj\u00f6n a legnagyobb, erre ford\u00edtva \u00e9p\u00edtsd fel a t\u00f6bbit \u2013 \u00edgy megkapod a torony form\u00e1t. Er\u0151s k\u00fclt\u00e9ri ragaszt\u00f3t haszn\u00e1lj a r\u00e9tegek k\u00f6z\u00e9.\"\n      }\n    }\n  ]\n}\n<\/script>\n<script type=\"application\/ld+json\">\n{\n  \"@context\": \"https:\/\/schema.org\",\n  \"@type\": \"HowTo\",\n  \"name\": \"Napelemes csill\u00e1r k\u00e9sz\u00edt\u00e9se \u00fajrahasznos\u00edtott anyagokb\u00f3l\",\n  \"description\": \"K\u00e9sz\u00edts eleg\u00e1ns, k\u00f6rnyezetbar\u00e1t napelemes csill\u00e1rt a kertbe vagy teraszra r\u00e9gi csill\u00e1rv\u00e1z \u00e9s napelemes l\u00e1mp\u00e1k felhaszn\u00e1l\u00e1s\u00e1val.\",\n  \"image\": \"https:\/\/doubletakedecor.com\/uploads\/2025\/10\/solar-light-ideas-dtd-01.jpg\",\n  \"totalTime\": \"PT1H\",\n  \"estimatedCost\": {\n    \"@type\": \"MonetaryAmount\",\n    \"currency\": \"HUF\",\n    \"value\": \"5000\"\n  },\n  \"supply\": [\n    {\n      \"@type\": \"HowToSupply\",\n      \"name\": \"R\u00e9gi csill\u00e1rv\u00e1z\"\n    },\n    {\n      \"@type\": \"HowToSupply\",\n      \"name\": \"T\u00f6bb darab napelemes l\u00e1mpa\"\n    },\n    {\n      \"@type\": \"HowToSupply\",\n      \"name\": \"Er\u0151s l\u00e1nc vagy k\u00f6t\u00e9l a felakaszt\u00e1shoz\"\n    },\n    {\n      \"@type\": \"HowToSupply\",\n      \"name\": \"Dekor\u00e1ci\u00f3 (fest\u00e9k, krist\u00e1ly, \u00fcvegd\u00edsz stb. ig\u00e9ny szerint)\"\n    }\n  ],\n  \"tool\": [\n    {\n      \"@type\": \"HowToTool\",\n      \"name\": \"Csavarh\u00faz\u00f3\"\n    },\n    {\n      \"@type\": \"HowToTool\",\n      \"name\": \"Ragaszt\u00f3pisztoly\"\n    }\n  ],\n  \"step\": [\n    {\n      \"@type\": \"HowToStep\",\n      \"name\": \"Csill\u00e1rv\u00e1z el\u0151k\u00e9sz\u00edt\u00e9se\",\n      \"text\": \"Tiszt\u00edtsd meg a r\u00e9gi csill\u00e1rv\u00e1zat, t\u00e1vol\u00edtsd el a vezet\u00e9keket \u00e9s az eredeti \u00e9g\u0151ket.\"\n    },\n    {\n      \"@type\": \"HowToStep\",\n      \"name\": \"Napelemes l\u00e1mp\u00e1k r\u00f6gz\u00edt\u00e9se\",\n      \"text\": \"R\u00f6gz\u00edtsd a napelemes l\u00e1mp\u00e1kat a csill\u00e1r \u00e1gaira, hogy stabilan \u00e1lljanak, mindegyikn\u00e9l \u00fcgyelj arra, hogy a panel j\u00f3l \u00e9rje a napf\u00e9ny.\"\n    },\n    {\n      \"@type\": \"HowToStep\",\n      \"name\": \"Dekor\u00e1l\u00e1s\",\n      \"text\": \"Fesd le vagy d\u00edsz\u00edtsd a csill\u00e1rt \u00edzl\u00e9sed szerint. Haszn\u00e1lhatsz krist\u00e1lyokat, \u00fcvegd\u00edszeket vagy m\u00e1s \u00fajrahasznos\u00edtott anyagokat.\"\n    },\n    {\n      \"@type\": \"HowToStep\",\n      \"name\": \"Felakaszt\u00e1s\",\n      \"text\": \"Akassz er\u0151s l\u00e1ncot vagy k\u00f6telet a csill\u00e1rra, majd helyezd fel pergol\u00e1ra, fa\u00e1gra vagy m\u00e1s stabil szerkezetre, ahol sok napf\u00e9nyt \u00e9r.\"\n    },\n    {\n      \"@type\": \"HowToStep\",\n      \"name\": \"Haszn\u00e1lat\",\n      \"text\": \"\u00c9lvezd a hangulatos, k\u00f6rnyezetbar\u00e1t napelemes csill\u00e1rt a kertedben vagy teraszodon.\"\n    }\n  ]\n}\n<\/script>","_links":{"self":[{"href":"https:\/\/doubletakedecor.com\/hu\/wp-json\/wp\/v2\/posts\/10453","targetHints":{"allow":["GET"]}}],"collection":[{"href":"https:\/\/doubletakedecor.com\/hu\/wp-json\/wp\/v2\/posts"}],"about":[{"href":"https:\/\/doubletakedecor.com\/hu\/wp-json\/wp\/v2\/types\/post"}],"author":[{"embeddable":true,"href":"https:\/\/doubletakedecor.com\/hu\/wp-json\/wp\/v2\/users\/12"}],"replies":[{"embeddable":true,"href":"https:\/\/doubletakedecor.com\/hu\/wp-json\/wp\/v2\/comments?post=10453"}],"version-history":[{"count":1,"href":"https:\/\/doubletakedecor.com\/hu\/wp-json\/wp\/v2\/posts\/10453\/revisions"}],"predecessor-version":[{"id":10454,"href":"https:\/\/doubletakedecor.com\/hu\/wp-json\/wp\/v2\/posts\/10453\/revisions\/10454"}],"wp:featuredmedia":[{"embeddable":true,"href":"https:\/\/doubletakedecor.com\/hu\/wp-json\/wp\/v2\/media\/9837"}],"wp:attachment":[{"href":"https:\/\/doubletakedecor.com\/hu\/wp-json\/wp\/v2\/media?parent=10453"}],"wp:term":[{"taxonomy":"category","embeddable":true,"href":"https:\/\/doubletakedecor.com\/hu\/wp-json\/wp\/v2\/categories?post=10453"},{"taxonomy":"post_tag","embeddable":true,"href":"https:\/\/doubletakedecor.com\/hu\/wp-json\/wp\/v2\/tags?post=10453"}],"curies":[{"name":"wp","href":"https:\/\/api.w.org\/{rel}","templated":true}]}}