{"id":10483,"date":"2025-10-03T13:00:04","date_gmt":"2025-10-03T11:00:04","guid":{"rendered":"https:\/\/doubletakedecor.com\/dekoracios-otletek\/oszi-fa-dekoracio-otletek\/"},"modified":"2025-10-03T16:22:04","modified_gmt":"2025-10-03T14:22:04","slug":"oszi-fa-dekoracio-otletek","status":"publish","type":"post","link":"https:\/\/doubletakedecor.com\/hu\/dekoracios-otletek\/oszi-fa-dekoracio-otletek\/","title":{"rendered":"B\u00e1jos \u0151szi fa dekor\u00e1ci\u00f3s \u00f6tletek a hangulatos otthon\u00e9rt"},"content":{"rendered":"<p>Az \u0151szi fa dekor\u00e1ci\u00f3 melegs\u00e9get \u00e9s falusi hangulatot visz otthonodba egyszer\u0171, m\u00e9gis l\u00e1tv\u00e1nyos szezon\u00e1lis d\u00edszekkel. Festett f\u00e1b\u00f3l k\u00e9sz\u00fclt t\u00f6k\u00f6k b\u0151r szalaggal d\u00edsz\u00edtve, vagy k\u00e9zzel k\u00e9sz\u00edtett t\u00e1bl\u00e1k kedves feliratokkal, mint p\u00e9ld\u00e1ul &#8222;H\u00e1l\u00e1s vagyok&#8221; vagy &#8222;\u00dcdv\u00f6zl\u00fcnk, \u0150sz!&#8221;, mind seg\u00edtenek abban, hogy a h\u00e9tk\u00f6znapi tereket bar\u00e1ts\u00e1gos, \u0151szi mened\u00e9kk\u00e9 var\u00e1zsold.<\/p>\n<p>A fa dekor\u00e1ci\u00f3 igazi el\u0151nye a sokoldal\u00fas\u00e1g \u00e9s hozz\u00e1f\u00e9rhet\u0151s\u00e9g. Raklapokb\u00f3l, marad\u00e9k fadarabokb\u00f3l vagy fal\u00e1d\u00e1kb\u00f3l k\u00e9sz\u00edthetsz p\u00e9ld\u00e1ul felhalmozott t\u00f6k t\u00e1bl\u00e1kat, vagy ak\u00e1r \u0151szi asztald\u00edszeket tele gyerty\u00e1kkal \u00e9s t\u00f6k\u00f6kkel. Ezekhez a projektekhez nincs sz\u00fcks\u00e9g bonyolult eszk\u00f6z\u00f6kre, \u00edgy b\u00e1rki egyszer\u0171en elk\u00e9sz\u00edtheti \u0151ket, ak\u00e1r kezd\u0151 bark\u00e1csol\u00f3 vagy.<\/p>\n<p>Ak\u00e1r a vid\u00e9ki st\u00edlus\u00fa, kopottas hat\u00e1s\u00fa \u00e9s term\u00e9szetes sz\u00edn\u0171 dekorra, ak\u00e1r a tiszta vonal\u00fa, modern megjelen\u00e9sre szavazol, mindig tal\u00e1lsz a fa dekor\u00e1ci\u00f3k k\u00f6z\u00f6tt hozz\u00e1d ill\u0151t. Haszn\u00e1lj f\u00f6ldsz\u00edn\u0171 fest\u00e9keket, term\u00e9szetes anyagokat, mint zsineg \u00e9s juta, vagy grav\u00edroztass r\u00e1 egyedi mint\u00e1t, ami igaz\u00e1n r\u00f3latok mes\u00e9l.<\/p>\n<p>Ha j\u00f3l elhelyezed ezeket a k\u00e9zzel k\u00e9sz\u00fclt d\u00edszeket otthon \u2014 p\u00e9ld\u00e1ul a kandall\u00f3p\u00e1rk\u00e1nyra, bej\u00e1rathoz, \u00e9tkez\u0151asztalra vagy a verand\u00e1ra \u2014, egys\u00e9ges \u0151szi hangulatot teremthetsz, ami egyszerre bar\u00e1ts\u00e1gos \u00e9s teljesen egyedi. A legjobb az eg\u00e9szben? Ezek a fenntarthat\u00f3, p\u00e9nzt\u00e1rcabar\u00e1t \u00f6tletek nemcsak az \u0151sz melegs\u00e9g\u00e9t hozz\u00e1k be, hanem a kreativit\u00e1sod \u00e9s st\u00edlusod is megmutatj\u00e1k.<\/p>\n<div class=\"kt_block\" id=\"kt_id\">\n<span class=\"kt_headline\">Legfontosabb tudnival\u00f3k<\/span><\/p>\n<ul class=\"kt_post_list\">\n<li><strong>\ud83c\udf42 Sokoldal\u00fa fa dekor\u00e1ci\u00f3:<\/strong> Az \u0151szi fa d\u00edszekkel egyszer\u0171en teremthetsz otthonos, term\u00e9szetk\u00f6zeli hangulatot. Haszn\u00e1lhatsz raklapot, l\u00e1d\u00e1t \u2014 ezekb\u0151l ak\u00e1r kezd\u0151k\u00e9nt is k\u00f6nny\u0171 d\u00edszeket bark\u00e1csolni.<\/li>\n<li><strong>\ud83c\udfa8 Egyedi st\u00edlus:<\/strong> Ak\u00e1r vid\u00e9ki, ak\u00e1r modern a lak\u00e1sod, a fa d\u00edszek remek\u00fcl illeszkednek fest\u00e9kkel, term\u00e9szetes anyagokkal vagy egyedi grav\u00edroz\u00e1ssal.<\/li>\n<li><strong>\ud83c\udfe1 Hangulatos \u0151szi otthon:<\/strong> Ha ezekb\u0151l a k\u00e9zm\u0171ves fa d\u00edszekb\u0151l teszel a kandall\u00f3p\u00e1rk\u00e1nyra, az asztalra vagy a verand\u00e1ra, \u00f6sszef\u00fcgg\u0151 \u00e9s bar\u00e1ts\u00e1gos \u0151szi hangulatot var\u00e1zsolhatsz pillanatok alatt.<\/li>\n<li><strong>\ud83c\udf3f Fenntarthat\u00f3 \u00e9s gazdas\u00e1gos:<\/strong> Ezek a DIY \u00f6tletek nemcsak p\u00e9nzt\u00e1rcabar\u00e1t megold\u00e1sok, hanem k\u00f6rnyezetbar\u00e1tok is, \u00edgy kreat\u00edv lehetsz an\u00e9lk\u00fcl, hogy t\u00fal sokat k\u00f6lten\u00e9l.<\/li>\n<\/ul>\n<\/div>\n<h2>Far\u00f6nk asztald\u00edsz t\u00f6k d\u00edsz\u00edt\u00e9ssel<\/h2>\n<p><img loading=\"lazy\" decoding=\"async\" width=\"700\" height=\"1050\" alt=\"\u0150szi asztald\u00edsz: term\u00e9szetes far\u00f6nk m\u00e9csesekkel, sz\u00ednes t\u00f6k\u00f6kkel \u00e9s \u00e9l\u00e9nk juharlevelekkel a bar\u00e1ts\u00e1gos, meleg hangulat \u00e9rdek\u00e9ben.\" class=\"aligncenter size-full wp-image-9995\" src=\"https:\/\/doubletakedecor.com\/uploads\/2025\/10\/fall-wood-decor-ideas-dtd-01.jpg\" srcset=\"https:\/\/doubletakedecor.com\/uploads\/2025\/10\/fall-wood-decor-ideas-dtd-01.jpg 700w, https:\/\/doubletakedecor.com\/uploads\/2025\/10\/fall-wood-decor-ideas-dtd-01-200x300.jpg 200w, https:\/\/doubletakedecor.com\/uploads\/2025\/10\/fall-wood-decor-ideas-dtd-01-683x1024.jpg 683w\" sizes=\"auto, (max-width: 700px) 100vw, 700px\" \/><\/p>\n<p>V\u00e1ltoztass egy egyszer\u0171 far\u00f6nk\u00f6t l\u00e1tv\u00e1nyos \u0151szi asztald\u00edssz\u00e9: sorakoztass rajta m\u00e9cseseket, majd d\u00edsz\u00edtsd k\u00fcl\u00f6nf\u00e9le t\u00f6k\u00f6kkel. Sz\u00f3rd k\u00f6r\u00e9j\u00fck sz\u00ednes faleveleket, \u00edgy \u00e9rdekesebb lesz a l\u00e1tv\u00e1ny. Ez a dekor\u00e1ci\u00f3 t\u00f6k\u00e9letes h\u00e1laad\u00e1sra vagy \u0151szi vacsor\u00e1khoz, mert kellemes, term\u00e9szetes melegs\u00e9get visz az asztalra.<\/p>\n<h2>Rusztikus f\u00e1b\u00f3l k\u00e9sz\u00fclt koszor\u00fa<\/h2>\n<p><img loading=\"lazy\" decoding=\"async\" width=\"700\" height=\"1050\" alt=\"Fa szeletekb\u0151l k\u00e9sz\u00fclt k\u00f6r alak\u00fa koszor\u00fa juta masnival, tobozokkal \u00e9s sz\u00e1r\u00edtott vir\u00e1gokkal egy kopott fa ajt\u00f3n.\" class=\"aligncenter size-full wp-image-10001\" src=\"https:\/\/doubletakedecor.com\/uploads\/2025\/10\/fall-wood-decor-ideas-dtd-02.jpg\" srcset=\"https:\/\/doubletakedecor.com\/uploads\/2025\/10\/fall-wood-decor-ideas-dtd-02.jpg 700w, https:\/\/doubletakedecor.com\/uploads\/2025\/10\/fall-wood-decor-ideas-dtd-02-200x300.jpg 200w, https:\/\/doubletakedecor.com\/uploads\/2025\/10\/fall-wood-decor-ideas-dtd-02-683x1024.jpg 683w\" sizes=\"auto, (max-width: 700px) 100vw, 700px\" \/><\/p>\n<p>K\u00e9sz\u00edts vid\u00e1m erdei koszor\u00fat k\u00fcl\u00f6nb\u00f6z\u0151 fa szeletekb\u0151l, k\u00f6rk\u00f6r\u00f6sen elrendezve. D\u00edsz\u00edtsd tobozzal \u00e9s sz\u00e1r\u00edtott vir\u00e1gokkal a text\u00fara fokoz\u00e1s\u00e1hoz, majd fejezd be egy egyszer\u0171 juta masnival. Akaszd fel kopott fa fel\u00fcletre, hogy m\u00e9g hangs\u00falyosabb legyen a term\u00e9szetes hat\u00e1s. T\u00f6k\u00e9letes bej\u00e1rati ajt\u00f3ra vagy belt\u00e9ri fali d\u00edsznek eg\u00e9sz \u0151sszel.<\/p>\n<h2>Fah\u00e9jr\u00faddal k\u00f6rbetekert gyertyad\u00edsz<\/h2>\n<p><img loading=\"lazy\" decoding=\"async\" width=\"700\" height=\"1050\" alt=\"Eleg\u00e1ns \u0151szi asztald\u00edsz fah\u00e9jrudakba tekert gyerty\u00e1kkal, feh\u00e9r t\u00e1lc\u00e1n, z\u00f6ld n\u00f6v\u00e9nyekkel \u00e9s term\u00e9szetes d\u00edszekkel.\" class=\"aligncenter size-full wp-image-10007\" src=\"https:\/\/doubletakedecor.com\/uploads\/2025\/10\/fall-wood-decor-ideas-dtd-03.jpg\" srcset=\"https:\/\/doubletakedecor.com\/uploads\/2025\/10\/fall-wood-decor-ideas-dtd-03.jpg 700w, https:\/\/doubletakedecor.com\/uploads\/2025\/10\/fall-wood-decor-ideas-dtd-03-200x300.jpg 200w, https:\/\/doubletakedecor.com\/uploads\/2025\/10\/fall-wood-decor-ideas-dtd-03-683x1024.jpg 683w\" sizes=\"auto, (max-width: 700px) 100vw, 700px\" \/><\/p>\n<p>Dobj fel egy egyszer\u0171 vacsor\u00e1t fah\u00e9jrudakkal k\u00f6rbetekert gyerty\u00e1kkal! Ha meggy\u00fajtod, kellemes, f\u0171szeres illat t\u00f6lti be a szob\u00e1t. Helyezd \u0151ket feh\u00e9r t\u00e1lc\u00e1ra, f\u0171moh\u00e1val d\u00edsz\u00edtve, majd sz\u00f3rd k\u00f6r\u00e9 di\u00f3kat \u00e9s csillag\u00e1nizst a term\u00e9szetes text\u00far\u00e1k\u00e9rt. Ez az asztald\u00edsz h\u00e9tk\u00f6znapi \u00e9tkez\u00e9sekhez \u00e9s \u0151szi vend\u00e9gs\u00e9gekhez is t\u00f6k\u00e9letes.<\/p>\n<h2>Narancss\u00e1rg\u00e1ra festett l\u00e1d\u00e1k a teraszon<\/h2>\n<p><img loading=\"lazy\" decoding=\"async\" width=\"700\" height=\"1050\" alt=\"H\u00e1rom narancss\u00e1rga festett fa l\u00e1da, rusztikus zsineggel d\u00edsz\u00edtve, a teraszon elrendezve, \u0151szi kieg\u00e9sz\u00edt\u0151kkel dekor\u00e1lva.\" class=\"aligncenter size-full wp-image-10013\" src=\"https:\/\/doubletakedecor.com\/uploads\/2025\/10\/fall-wood-decor-ideas-dtd-04.jpg\" srcset=\"https:\/\/doubletakedecor.com\/uploads\/2025\/10\/fall-wood-decor-ideas-dtd-04.jpg 700w, https:\/\/doubletakedecor.com\/uploads\/2025\/10\/fall-wood-decor-ideas-dtd-04-200x300.jpg 200w, https:\/\/doubletakedecor.com\/uploads\/2025\/10\/fall-wood-decor-ideas-dtd-04-683x1024.jpg 683w\" sizes=\"auto, (max-width: 700px) 100vw, 700px\" \/><\/p>\n<p>Sima fal\u00e1d\u00e1idb\u00f3l klassz \u0151szi dekor\u00e1ci\u00f3t k\u00e9sz\u00edthetsz egy r\u00e9teg narancss\u00e1rga fest\u00e9kkel! D\u00edsz\u00edtsd rusztikus zsineggel, helyezd el \u0151ket elt\u00e9r\u0151 magass\u00e1gokban a teraszon vagy verand\u00e1n. Haszn\u00e1ld \u0151ket k\u00fclt\u00e9ri holmik t\u00e1rol\u00e1s\u00e1ra vagy helyezz r\u00e1juk gyerty\u00e1kat, kis far\u00f6nk\u00f6ket. TIPP: V\u00e1lassz id\u0151j\u00e1r\u00e1s\u00e1ll\u00f3 fest\u00e9ket, hogy es\u0151ben is sz\u00e9pek maradjanak.<\/p>\n<h2>Gally-t\u00f6k asztald\u00edsz<\/h2>\n<p><img loading=\"lazy\" decoding=\"async\" width=\"700\" height=\"1050\" alt=\"B\u00e1jos asztald\u00edsz: barna \u00e9s sz\u00fcrke gallyakb\u00f3l k\u00e9sz\u00fclt t\u00f6k, feh\u00e9r vir\u00e1gokkal \u00e9s pozsg\u00e1sokkal, fa deszk\u00e1n elrendezve.\" class=\"aligncenter size-full wp-image-10019\" src=\"https:\/\/doubletakedecor.com\/uploads\/2025\/10\/fall-wood-decor-ideas-dtd-05.jpg\" srcset=\"https:\/\/doubletakedecor.com\/uploads\/2025\/10\/fall-wood-decor-ideas-dtd-05.jpg 700w, https:\/\/doubletakedecor.com\/uploads\/2025\/10\/fall-wood-decor-ideas-dtd-05-200x300.jpg 200w, https:\/\/doubletakedecor.com\/uploads\/2025\/10\/fall-wood-decor-ideas-dtd-05-683x1024.jpg 683w\" sizes=\"auto, (max-width: 700px) 100vw, 700px\" \/><\/p>\n<p>K\u00e9sz\u00edts b\u00e1jos, rusztikus t\u00f6k\u00f6t term\u00e9szetes gallyakb\u00f3l! Rendezd barna \u00e9s sz\u00fcrke \u00e1gakat k\u00f6r alakba, r\u00f6gz\u00edtsd \u0151ket zsineggel, majd tegy\u00e9l r\u00e1 egy \u00f6sszetekert gallyat sz\u00e1rnak. Friss feh\u00e9r vir\u00e1ggal \u00e9s pozsg\u00e1s n\u00f6v\u00e9nnyel kieg\u00e9sz\u00edtve igaz\u00e1n harmonikus lesz a v\u00e9geredm\u00e9ny. T\u00f6k\u00e9letesen mutat fa fel\u00fcleteken egy igazi \u0151szi dekor\u00e1ci\u00f3 r\u00e9szek\u00e9nt.<\/p>\n<h2>Fa szelet karakterek \u0151szi d\u00edszhez<\/h2>\n<p><img loading=\"lazy\" decoding=\"async\" width=\"700\" height=\"1050\" alt=\"Rusztikus fa szeletek, k\u00e9zzel festett arcokkal, vil\u00e1gos sz\u00edn\u0171 t\u00f6k\u00f6kkel \u00e9s sz\u00e1raz b\u00faz\u00e1val, juta d\u00edsz\u00edt\u00e9ssel elrendezve.\" class=\"aligncenter size-full wp-image-10025\" src=\"https:\/\/doubletakedecor.com\/uploads\/2025\/10\/fall-wood-decor-ideas-dtd-06.jpg\" srcset=\"https:\/\/doubletakedecor.com\/uploads\/2025\/10\/fall-wood-decor-ideas-dtd-06.jpg 700w, https:\/\/doubletakedecor.com\/uploads\/2025\/10\/fall-wood-decor-ideas-dtd-06-200x300.jpg 200w, https:\/\/doubletakedecor.com\/uploads\/2025\/10\/fall-wood-decor-ideas-dtd-06-683x1024.jpg 683w\" sizes=\"auto, (max-width: 700px) 100vw, 700px\" \/><\/p>\n<p>Cuki \u0151szi figur\u00e1kat is k\u00e9sz\u00edthetsz: a nat\u00far fa szeletekre fess m\u00f3k\u00e1s t\u00f6k- vagy mad\u00e1rijeszt\u0151-arcokat \u00fagy, hogy a k\u00e9rges sz\u00e9leket meghagyod. Rendezd \u0151ket vil\u00e1gos mini t\u00f6k\u00f6kkel, zs\u00e1kv\u00e1szonnal \u00e1tk\u00f6t\u00f6tt b\u00fazacsokrokkal. \u00cdgy egyszerre lesz meleg \u00e9s j\u00e1t\u00e9kos a dekor\u00e1ci\u00f3 b\u00e1rmelyik helyis\u00e9gben.<\/p>\n<h2>\u0150szi levelekb\u0151l k\u00e9sz\u00fclt r\u00e9z karika koszor\u00fa<\/h2>\n<p><img loading=\"lazy\" decoding=\"async\" width=\"700\" height=\"1050\" alt=\"St\u00edlusos \u0151szi koszor\u00fa narancss\u00e1rga, z\u00f6ld \u00e9s arany m\u0171levelekkel, r\u00e9z karik\u00e1n, tarka bogy\u00f3kkal, kopott fa ajt\u00f3n.\" class=\"aligncenter size-full wp-image-10031\" src=\"https:\/\/doubletakedecor.com\/uploads\/2025\/10\/fall-wood-decor-ideas-dtd-07.jpg\" srcset=\"https:\/\/doubletakedecor.com\/uploads\/2025\/10\/fall-wood-decor-ideas-dtd-07.jpg 700w, https:\/\/doubletakedecor.com\/uploads\/2025\/10\/fall-wood-decor-ideas-dtd-07-200x300.jpg 200w, https:\/\/doubletakedecor.com\/uploads\/2025\/10\/fall-wood-decor-ideas-dtd-07-683x1024.jpg 683w\" sizes=\"auto, (max-width: 700px) 100vw, 700px\" \/><\/p>\n<p>K\u00e9sz\u00edts eleg\u00e1ns \u0151szi koszor\u00fat: m\u0171leveleket \u00e9s d\u00edszbogy\u00f3kat tekerj egyszer\u0171 r\u00e9z karik\u00e1ra. Az aranysz\u00edn\u0171 f\u00e9m sz\u00e9pen kiemeli a m\u00e9ly narancss\u00e1rg\u00e1t \u00e9s z\u00f6ldet. Tedd fa ajt\u00f3ra, hogy igaz\u00e1n mutat\u00f3s legyen. TIPP: r\u00f6gz\u00edtsd a leveleket vir\u00e1gdr\u00f3ttal, hogy az eg\u00e9sz szezonban tart\u00f3s maradjon.<\/p>\n<h2>Fah\u00e9jrudakb\u00f3l k\u00e9sz\u00fclt gyertyatart\u00f3k<\/h2>\n<p><img loading=\"lazy\" decoding=\"async\" width=\"700\" height=\"1050\" alt=\"\u0150szi hangulat: gyerty\u00e1kat k\u00f6r\u00fcl\u00f6lel\u0151 fah\u00e9jrudak, zsineggel \u00e1tk\u00f6tve, meleg, bar\u00e1ts\u00e1gos l\u00e9gk\u00f6rt teremtenek.\" class=\"aligncenter size-full wp-image-10037\" src=\"https:\/\/doubletakedecor.com\/uploads\/2025\/10\/fall-wood-decor-ideas-dtd-08.jpg\" srcset=\"https:\/\/doubletakedecor.com\/uploads\/2025\/10\/fall-wood-decor-ideas-dtd-08.jpg 700w, https:\/\/doubletakedecor.com\/uploads\/2025\/10\/fall-wood-decor-ideas-dtd-08-200x300.jpg 200w, https:\/\/doubletakedecor.com\/uploads\/2025\/10\/fall-wood-decor-ideas-dtd-08-683x1024.jpg 683w\" sizes=\"auto, (max-width: 700px) 100vw, 700px\" \/><\/p>\n<p>Egy sima gyerty\u00e1t is k\u00fcl\u00f6nlegess\u00e9 tehetsz fah\u00e9jrudakkal, amelyeket zsineggel tapasztasz k\u00f6r\u00e9. Ha a gyertya \u00e9g, a fah\u00e9j enyhe illatot ad, \u00edgy lesz igaz\u00e1n meghitt az \u00e9lm\u00e9ny. Ezek a tart\u00f3k remek\u00fcl mutatnak az asztalon vagy a kandall\u00f3p\u00e1rk\u00e1nyon, term\u00e9szetes melegs\u00e9get hozva az otthonodba.<\/p>\n<h2>Rusztikus t\u00f6k f\u00e1b\u00f3l, szeletekb\u0151l<\/h2>\n<p><img loading=\"lazy\" decoding=\"async\" width=\"700\" height=\"1050\" alt=\"Narancss\u00e1rga festett falelemekb\u0151l \u00f6ssze\u00e1ll\u00edtott t\u00f6k, toboz d\u00edsz\u00edt\u00e9ssel, kopottas deszk\u00e1k k\u00f6z\u00f6tt.\" class=\"aligncenter size-full wp-image-10043\" src=\"https:\/\/doubletakedecor.com\/uploads\/2025\/10\/fall-wood-decor-ideas-dtd-09.jpg\" srcset=\"https:\/\/doubletakedecor.com\/uploads\/2025\/10\/fall-wood-decor-ideas-dtd-09.jpg 700w, https:\/\/doubletakedecor.com\/uploads\/2025\/10\/fall-wood-decor-ideas-dtd-09-200x300.jpg 200w, https:\/\/doubletakedecor.com\/uploads\/2025\/10\/fall-wood-decor-ideas-dtd-09-683x1024.jpg 683w\" sizes=\"auto, (max-width: 700px) 100vw, 700px\" \/><\/p>\n<p>R\u00e9tegezz k\u00fcl\u00f6nb\u00f6z\u0151 m\u00e9ret\u0171 fa szeleteket, fesd \u0151ket narancss\u00e1rg\u00e1ra, \u00e9s alak\u00edts ki bel\u0151l\u00fck t\u00f6k\u00f6t! D\u00edsz\u00edtsd tobozokkal, hogy m\u00e9g t\u00f6bb term\u00e9szetes text\u00far\u00e1t vigy\u00e9l bele. A k\u00fcl\u00f6nb\u00f6z\u0151 m\u00e9retek t\u00e9rhat\u00e1st adnak, a rusztikus hangulat viszont megmarad. Helyezd kandall\u00f3ra vagy el\u0151szobaasztalra, hogy r\u00f6gt\u00f6n \u00e9rezd az \u0151sz meleg\u00e9t.<\/p>\n<h2>Rusztikus, fa t\u00f6k dekor\u00e1ci\u00f3<\/h2>\n<p><img loading=\"lazy\" decoding=\"async\" width=\"700\" height=\"1050\" alt=\"H\u00e1rom fa t\u00f6k, \u0151szi levelekkel \u00e9s tobozokkal elrendezve kopott fa lapon, mint\u00e1s textillel a h\u00e1tt\u00e9rben.\" class=\"aligncenter size-full wp-image-10049\" src=\"https:\/\/doubletakedecor.com\/uploads\/2025\/10\/fall-wood-decor-ideas-dtd-10.jpg\" srcset=\"https:\/\/doubletakedecor.com\/uploads\/2025\/10\/fall-wood-decor-ideas-dtd-10.jpg 700w, https:\/\/doubletakedecor.com\/uploads\/2025\/10\/fall-wood-decor-ideas-dtd-10-200x300.jpg 200w, https:\/\/doubletakedecor.com\/uploads\/2025\/10\/fall-wood-decor-ideas-dtd-10-683x1024.jpg 683w\" sizes=\"auto, (max-width: 700px) 100vw, 700px\" \/><\/p>\n<p>Rendezz el k\u00fcl\u00f6nb\u00f6z\u0151 m\u00e9ret\u0171 f\u00e1b\u00f3l k\u00e9sz\u00fclt t\u00f6k\u00f6ket egy rusztikus deszkalapon. Tedd mell\u00e9j\u00fck \u0151szi leveleket \u00e9s tobozokat, a textur\u00e1lt h\u00e1tt\u00e9r \u00e9rdek\u00e9ben haszn\u00e1lj mint\u00e1s anyagot al\u00e1juk. Ez a kompoz\u00edci\u00f3 asztald\u00edszk\u00e9nt vagy a kandall\u00f3n is t\u00f6k\u00e9letes az eg\u00e9sz \u0151szi id\u0151szakban.<\/p>\n<h2>Festett fa t\u00f6k tri\u00f3<\/h2>\n<p><img loading=\"lazy\" decoding=\"async\" width=\"700\" height=\"1050\" alt=\"Dekorat\u00edv, \u00e9l\u00e9nk narancsra festett fa t\u00f6k\u00f6k p\u00f6tty\u00f6kkel \u00e9s cs\u00edkokkal, sz\u00e1rakkal \u00e9s rusztikus zsineggel d\u00edsz\u00edtve.\" class=\"aligncenter size-full wp-image-10055\" src=\"https:\/\/doubletakedecor.com\/uploads\/2025\/10\/fall-wood-decor-ideas-dtd-11.jpg\" srcset=\"https:\/\/doubletakedecor.com\/uploads\/2025\/10\/fall-wood-decor-ideas-dtd-11.jpg 700w, https:\/\/doubletakedecor.com\/uploads\/2025\/10\/fall-wood-decor-ideas-dtd-11-200x300.jpg 200w, https:\/\/doubletakedecor.com\/uploads\/2025\/10\/fall-wood-decor-ideas-dtd-11-683x1024.jpg 683w\" sizes=\"auto, (max-width: 700px) 100vw, 700px\" \/><\/p>\n<p>K\u00e9sz\u00edts vid\u00e1m fa t\u00f6k\u00f6ket egyszer\u0171 fest\u00e9stechnik\u00e1kkal: fess p\u00f6tty\u00f6ket, cs\u00edkokat \u00e9l\u00e9nk narancss\u00e1rga alapra. Adj hozz\u00e1juk zsineg masnit \u00e9s fa sz\u00e1rat. Ha a fest\u00e9s el\u0151tt lecsiszolod az \u00e9leket, v\u00e9g\u00fcl matt lakkr\u00e9teggel tart\u00f3sabb\u00e1 teheted \u0151ket. T\u00f6k\u00e9letes asztald\u00edsz vagy kandall\u00f3ra kihelyezve eg\u00e9sz \u0151sszel.<\/p>\n<h2>F\u00e1b\u00f3l k\u00e9sz\u00fclt alma falid\u00edsz koszor\u00faval<\/h2>\n<p><img loading=\"lazy\" decoding=\"async\" width=\"700\" height=\"1050\" alt=\"Rusztikus fali dekor, amin alma mot\u00edvum l\u00e1that\u00f3 \u2013 t\u00fcrkiz, narancss\u00e1rga \u00e9s barna fa l\u00e9cekb\u0151l, term\u00e9szetes vessz\u0151koszor\u00faval \u00e9s piros bogy\u00f3kkal, \u0151szi dekor\u00e1ci\u00f3hoz.\" class=\"aligncenter size-full wp-image-10061\" src=\"https:\/\/doubletakedecor.com\/uploads\/2025\/10\/fall-wood-decor-ideas-dtd-12.jpg\" srcset=\"https:\/\/doubletakedecor.com\/uploads\/2025\/10\/fall-wood-decor-ideas-dtd-12.jpg 700w, https:\/\/doubletakedecor.com\/uploads\/2025\/10\/fall-wood-decor-ideas-dtd-12-200x300.jpg 200w, https:\/\/doubletakedecor.com\/uploads\/2025\/10\/fall-wood-decor-ideas-dtd-12-683x1024.jpg 683w\" sizes=\"auto, (max-width: 700px) 100vw, 700px\" \/><\/p>\n<p>Dobd fel otthonod ezzel a b\u00e1jos, \u00fajrahasznos\u00edtott f\u00e1b\u00f3l k\u00e9sz\u00fclt alma d\u00edsz\u00edt\u00e9ssel! Haszn\u00e1lj k\u00fcl\u00f6nb\u00f6z\u0151 sz\u00edn\u0171 fa l\u00e9ceket, hogy \u00e9rdekesebb legyen a l\u00e1tv\u00e1ny, majd tekerj r\u00e1 egy vessz\u0151koszor\u00fat piros bogy\u00f3kkal, hogy igazi \u0151szi hangulatot hozzon. Ez a k\u00f6rnyezetbar\u00e1t dekor\u00e1ci\u00f3 szuper\u00fcl mutat a konyh\u00e1ban, \u00e9tkez\u0151ben vagy el\u0151szob\u00e1ban, ahol igaz\u00e1n \u00e9rv\u00e9nyes\u00fclhet a rusztikus st\u00edlus.<\/p>\n<h2>H\u00e1rom f\u00e1b\u00f3l k\u00e9sz\u00fclt t\u00f6k egyben<\/h2>\n<p><img loading=\"lazy\" decoding=\"async\" width=\"700\" height=\"1050\" alt=\"Narancss\u00e1rga f\u00e1b\u00f3l k\u00e9sz\u00fclt t\u00f6k dekor, zsineggel tekert sz\u00e1rral, val\u00f3di minit\u00f6k\u00f6kkel egy\u00fctt, \u0151szi leveleket mint\u00e1z\u00f3 fut\u00f3n, rusztikus fa h\u00e1tt\u00e9r el\u0151tt.\" class=\"aligncenter size-full wp-image-10067\" src=\"https:\/\/doubletakedecor.com\/uploads\/2025\/10\/fall-wood-decor-ideas-dtd-13.jpg\" srcset=\"https:\/\/doubletakedecor.com\/uploads\/2025\/10\/fall-wood-decor-ideas-dtd-13.jpg 700w, https:\/\/doubletakedecor.com\/uploads\/2025\/10\/fall-wood-decor-ideas-dtd-13-200x300.jpg 200w, https:\/\/doubletakedecor.com\/uploads\/2025\/10\/fall-wood-decor-ideas-dtd-13-683x1024.jpg 683w\" sizes=\"auto, (max-width: 700px) 100vw, 700px\" \/><\/p>\n<p>Alak\u00edts ki d\u00fasabb \u0151szi hangulatot festett fa t\u00f6k\u00f6k \u00e9s apr\u00f3 igazi t\u00f6k\u00f6k kombin\u00e1l\u00e1s\u00e1val! Tekerd k\u00f6rbe a sz\u00e1rakat egy kis zsineggel a m\u00e9g rusztikusabb \u00e9rz\u00e9s\u00e9rt, \u00e9s helyezd el \u0151ket fa h\u00e1tt\u00e9r el\u00e9 az extra term\u00e9szetess\u00e9g\u00e9rt. Tegy\u00e9l al\u00e1 sz\u00ednes, mint\u00e1s fut\u00f3t, hogy \u00f6sszefogja az eg\u00e9sz dekor\u00e1ci\u00f3t.<\/p>\n<h2>Rusztikus fa gyertyatart\u00f3k<\/h2>\n<p><img loading=\"lazy\" decoding=\"async\" width=\"700\" height=\"1050\" alt=\"Hangulatos k\u00fclt\u00e9ri fa kanap\u00e9 \u0151szi p\u00e1rn\u00e1kkal, rusztikus fa gyertyatart\u00f3k \u00e9s meleg, \u0151szies hangulat.\" class=\"aligncenter size-full wp-image-10073\" src=\"https:\/\/doubletakedecor.com\/uploads\/2025\/10\/fall-wood-decor-ideas-dtd-14.jpg\" srcset=\"https:\/\/doubletakedecor.com\/uploads\/2025\/10\/fall-wood-decor-ideas-dtd-14.jpg 700w, https:\/\/doubletakedecor.com\/uploads\/2025\/10\/fall-wood-decor-ideas-dtd-14-200x300.jpg 200w, https:\/\/doubletakedecor.com\/uploads\/2025\/10\/fall-wood-decor-ideas-dtd-14-683x1024.jpg 683w\" sizes=\"auto, (max-width: 700px) 100vw, 700px\" \/><\/p>\n<p>Teremts meghitt hangulatot kint, az \u0151szi szabadban egyszer\u0171, k\u00fcl\u00f6nb\u00f6z\u0151 magass\u00e1g\u00fa fa gyertyatart\u00f3kkal! Helyezd \u0151ket egy asztalra vagy ak\u00e1r a f\u00f6ldre, \u00edgy kellemes, pisl\u00e1kol\u00f3 f\u00e9nyt adnak majd. Kombin\u00e1ld meleg sz\u00edn\u0171, puha text\u00edli\u00e1kkal az igazi \u0151szi \u00e9rz\u00e9s\u00e9rt. Ezek az egyszer\u0171 elemek minden teret bar\u00e1ts\u00e1gos pihen\u0151helly\u00e9 var\u00e1zsolnak.<\/p>\n<h2>P\u00f6tty\u00f6s \u00e9s cs\u00edkos dekorat\u00edv t\u00f6k\u00f6k<\/h2>\n<p><img loading=\"lazy\" decoding=\"async\" width=\"700\" height=\"1050\" alt=\"H\u00e1rom d\u00edszt\u00f6k f\u00e1b\u00f3l egy fafel\u00fcleten: egyik narancss\u00e1rga-feh\u00e9r cs\u00edkos, kett\u0151 feh\u00e9r p\u00f6tty\u00f6s, mindegyiken juta masni.\" class=\"aligncenter size-full wp-image-10079\" src=\"https:\/\/doubletakedecor.com\/uploads\/2025\/10\/fall-wood-decor-ideas-dtd-15.jpg\" srcset=\"https:\/\/doubletakedecor.com\/uploads\/2025\/10\/fall-wood-decor-ideas-dtd-15.jpg 700w, https:\/\/doubletakedecor.com\/uploads\/2025\/10\/fall-wood-decor-ideas-dtd-15-200x300.jpg 200w, https:\/\/doubletakedecor.com\/uploads\/2025\/10\/fall-wood-decor-ideas-dtd-15-683x1024.jpg 683w\" sizes=\"auto, (max-width: 700px) 100vw, 700px\" \/><\/p>\n<p>Ezt a vid\u00e1m t\u00f6k h\u00e1rmast k\u00f6nnyed\u00e9n elk\u00e9sz\u00edtheted n\u00e9mi fest\u00e9kkel. Fess akrilfest\u00e9kkel cs\u00edkokat vagy p\u00f6tty\u00f6ket m\u0171anyag, hab vagy fa t\u00f6kre, majd k\u00f6ss r\u00e1juk juta szalag masnit a rusztikus hat\u00e1s kedv\u00e9\u00e9rt. Ezek a k\u00f6nny\u0171 d\u00edszek t\u00f6bb \u0151szi szezonon \u00e1t is haszn\u00e1lhat\u00f3k, \u00e9s t\u00f6k\u00e9letesek kandall\u00f3n vagy doh\u00e1nyz\u00f3asztalon is. Tipp: F\u00fajd le \u0151ket matt, \u00e1tl\u00e1tsz\u00f3 lakkal, hogy tov\u00e1bb sz\u00e9pek maradjanak.<\/p>\n<h2>Fagy\u00f6ngy\u00f6s t\u00f6kd\u00edsz<\/h2>\n<p><img loading=\"lazy\" decoding=\"async\" width=\"700\" height=\"1050\" alt=\"D\u00edszes fagy\u00f6ngy t\u00f6k vessz\u0151sz\u00e1rral, egym\u00e1sra rakott k\u00f6nyveken, z\u00f6ld levelek \u00e9s hagyom\u00e1nyos narancss\u00e1rga t\u00f6k k\u00f6r\u00fcl\u00f6tte.\" class=\"aligncenter size-full wp-image-10085\" src=\"https:\/\/doubletakedecor.com\/uploads\/2025\/10\/fall-wood-decor-ideas-dtd-16.jpg\" srcset=\"https:\/\/doubletakedecor.com\/uploads\/2025\/10\/fall-wood-decor-ideas-dtd-16.jpg 700w, https:\/\/doubletakedecor.com\/uploads\/2025\/10\/fall-wood-decor-ideas-dtd-16-200x300.jpg 200w, https:\/\/doubletakedecor.com\/uploads\/2025\/10\/fall-wood-decor-ideas-dtd-16-683x1024.jpg 683w\" sizes=\"auto, (max-width: 700px) 100vw, 700px\" \/><\/p>\n<p>Ezt a b\u00e1jos gy\u00f6ngy\u00f6s t\u00f6k\u00f6t egyszer\u0171en elk\u00e9sz\u00edtheted egy kis term\u00e9szetes vessz\u0151 sz\u00e1rral. Tedd dekorat\u00edv, egym\u00e1sra rakott k\u00f6nyvekre, \u00e9s vegy\u00e9l k\u00f6rbe friss z\u00f6ld levelekkel, \u00edgy t\u00e9rbelibb lesz a l\u00e1tv\u00e1ny. Adj hozz\u00e1 hagyom\u00e1nyos narancss\u00e1rga t\u00f6k\u00f6ket is, hogy t\u00f6k\u00e9letes \u0151szi hangulatot kelts. Ez a dekor\u00e1ci\u00f3 j\u00f3l mutat kandall\u00f3n, el\u0151szobai konzolasztalon vagy ak\u00e1r az \u00e9tkez\u0151 asztal k\u00f6zep\u00e9n is.<\/p>\n<h2>Rusztikus fadoboz \u0151szi kompoz\u00edci\u00f3<\/h2>\n<p><img loading=\"lazy\" decoding=\"async\" width=\"700\" height=\"1050\" alt=\"Rusztikus fadoboz kr\u00e9mfeh\u00e9r \u00e9s z\u00f6ld d\u00edszt\u00f6k\u00f6kkel, sz\u00e1r\u00edtott b\u00faz\u00e1val \u00e9s levendul\u00e1val, csipkeszeg\u00e9llyel \u00e9s r\u00e9gi kott\u00e1kkal h\u00e1tt\u00e9rben.\" class=\"aligncenter size-full wp-image-10091\" src=\"https:\/\/doubletakedecor.com\/uploads\/2025\/10\/fall-wood-decor-ideas-dtd-17.jpg\" srcset=\"https:\/\/doubletakedecor.com\/uploads\/2025\/10\/fall-wood-decor-ideas-dtd-17.jpg 700w, https:\/\/doubletakedecor.com\/uploads\/2025\/10\/fall-wood-decor-ideas-dtd-17-200x300.jpg 200w, https:\/\/doubletakedecor.com\/uploads\/2025\/10\/fall-wood-decor-ideas-dtd-17-683x1024.jpg 683w\" sizes=\"auto, (max-width: 700px) 100vw, 700px\" \/><\/p>\n<p>Hozz l\u00e9tre sz\u00fcreti asztald\u00edszt egy r\u00e9gi, koptatott fadobozzal! Tedd bele feh\u00e9r \u00e9s z\u00f6ld t\u00f6k\u00f6ket, mell\u00e9 sz\u00e1r\u00edtott b\u00faz\u00e1t \u00e9s levendul\u00e1t, hogy izgalmasabb legyen a text\u00fara. Ter\u00edts \u00e1t a dobozon egy csipkeszeg\u00e9lyes anyagot a r\u00e9gi id\u0151k hangulat\u00e1\u00e9rt, \u00e9s \u00e1ll\u00edtsd r\u00e9gi kott\u00e1kra, hogy m\u00e9g k\u00fcl\u00f6nlegesebb legyen. Ide\u00e1lis kandall\u00f3ra, el\u0151szob\u00e1ba vagy \u00e9tkez\u0151asztalra eg\u00e9sz \u0151sszel.<\/p>\n<h2>H\u00e1rom f\u00e1b\u00f3l k\u00e9sz\u00fclt t\u00f6k<\/h2>\n<p><img loading=\"lazy\" decoding=\"async\" width=\"700\" height=\"1050\" alt=\"H\u00e1rom d\u00edszes fa t\u00f6k k\u00fcl\u00f6nb\u00f6z\u0151 fel\u00fclettel, \u00e9l\u00e9nk napraforg\u00f3k mellett, k\u00e9k h\u00e1zfal \u00e9s feh\u00e9r ker\u00edt\u00e9s el\u0151tt, \u0151szi dekor\u00e1ci\u00f3hoz.\" class=\"aligncenter size-full wp-image-10097\" src=\"https:\/\/doubletakedecor.com\/uploads\/2025\/10\/fall-wood-decor-ideas-dtd-18.jpg\" srcset=\"https:\/\/doubletakedecor.com\/uploads\/2025\/10\/fall-wood-decor-ideas-dtd-18.jpg 700w, https:\/\/doubletakedecor.com\/uploads\/2025\/10\/fall-wood-decor-ideas-dtd-18-200x300.jpg 200w, https:\/\/doubletakedecor.com\/uploads\/2025\/10\/fall-wood-decor-ideas-dtd-18-683x1024.jpg 683w\" sizes=\"auto, (max-width: 700px) 100vw, 700px\" \/><\/p>\n<p>Rendezz el k\u00fcl\u00f6nf\u00e9le m\u00e9ret\u0171 \u00e9s sz\u00edn\u0171 fa t\u00f6k\u00f6ket egym\u00e1s mell\u00e9, \u00edgy \u00f6sszef\u00fcgg\u0151, m\u00e9gis v\u00e1ltozatos \u0151szi dekor\u00e1ci\u00f3t kapsz. Kombin\u00e1ld a festett mint\u00e1kat r\u00e9gies, rusztikus hat\u00e1sokkal \u00e9s term\u00e9szetes fa t\u00f3nusokkal. Tedd m\u00e9g szebb\u00e9 \u00e9l\u00e9nk sz\u00edn\u0171 napraforg\u00f3kkal egy rusztikus v\u00e1z\u00e1ba, \u00edgy b\u00e1rmely k\u00fclt\u00e9ri fel\u00fcleten igazi meleg, vid\u00e1m hangulatot teremthetsz.<\/p>\n<h2>Feh\u00e9r, rusztikus fa t\u00f6k\u00f6k<\/h2>\n<p><img loading=\"lazy\" decoding=\"async\" width=\"700\" height=\"1050\" alt=\"\u0150szi d\u00edsz: kopott feh\u00e9r fa t\u00f6k\u00f6k, f\u00f6ldsz\u00edn\u0171 mint\u00e1s girland, \u00e9s kis narancss\u00e1rga t\u00f6k, meghitt \u0151szi hangulatban.\" class=\"aligncenter size-full wp-image-10103\" src=\"https:\/\/doubletakedecor.com\/uploads\/2025\/10\/fall-wood-decor-ideas-dtd-19.jpg\" srcset=\"https:\/\/doubletakedecor.com\/uploads\/2025\/10\/fall-wood-decor-ideas-dtd-19.jpg 700w, https:\/\/doubletakedecor.com\/uploads\/2025\/10\/fall-wood-decor-ideas-dtd-19-200x300.jpg 200w, https:\/\/doubletakedecor.com\/uploads\/2025\/10\/fall-wood-decor-ideas-dtd-19-683x1024.jpg 683w\" sizes=\"auto, (max-width: 700px) 100vw, 700px\" \/><\/p>\n<p>Alkoss vid\u00e9ki hangulat\u00fa kompoz\u00edci\u00f3t kopott, feh\u00e9r fa t\u00f6k\u00f6kkel! Eg\u00e9sz\u00edtsd ki \u0151ket textur\u00e1lt, mint\u00e1s girlanddal f\u00f6ldsz\u00ednekben, \u00e9s tegy\u00e9l mell\u00e9j\u00fck egy igazi mini t\u00f6k\u00f6t, hogy m\u00e9g \u0151sziesebb legyen a dekor. Ez a megold\u00e1s szuper\u00fcl mutat kandall\u00f3n, el\u0151szob\u00e1ban vagy asztald\u00edszk\u00e9nt \u2013 eleg\u00e1ns, m\u00e9gis bar\u00e1ts\u00e1gos \u0151szi l\u00e9gk\u00f6rt teremt.<\/p>\n<h2>Rusztikus r\u00f6nk gyertyatart\u00f3 asztald\u00edsz<\/h2>\n<p><img loading=\"lazy\" decoding=\"async\" width=\"700\" height=\"1050\" alt=\"\u0150szi asztald\u00edsz: h\u00e1rom k\u00fcl\u00f6nb\u00f6z\u0151 magass\u00e1g\u00fa r\u00f6nk gyertyatart\u00f3, kis narancss\u00e1rga t\u00f6k \u00e9s lehullott levelek, meleg, rusztikus \u0151szi asztalter\u00edt\u00e9k.\" class=\"aligncenter size-full wp-image-10109\" src=\"https:\/\/doubletakedecor.com\/uploads\/2025\/10\/fall-wood-decor-ideas-dtd-20.jpg\" srcset=\"https:\/\/doubletakedecor.com\/uploads\/2025\/10\/fall-wood-decor-ideas-dtd-20.jpg 700w, https:\/\/doubletakedecor.com\/uploads\/2025\/10\/fall-wood-decor-ideas-dtd-20-200x300.jpg 200w, https:\/\/doubletakedecor.com\/uploads\/2025\/10\/fall-wood-decor-ideas-dtd-20-683x1024.jpg 683w\" sizes=\"auto, (max-width: 700px) 100vw, 700px\" \/><\/p>\n<p>Egyszer\u0171, m\u00e9gis l\u00e1tv\u00e1nyos \u0151szi asztald\u00edszt k\u00e9sz\u00edthetsz, ha elt\u00e9r\u0151 magass\u00e1g\u00fa fadarabokat, r\u00f6nk\u00f6ket haszn\u00e1lsz gyertyatart\u00f3nak. K\u00f6r\u00e9j\u00fck helyezz minit\u00f6k\u00f6ket \u00e9s sz\u00ednes \u0151szi leveleket, \u00edgy m\u00e9g hangulatosabb lesz a ter\u00edt\u00e9k. A k\u00fcl\u00f6nb\u00f6z\u0151 magass\u00e1gok mozgalmasabb\u00e1 teszik a l\u00e1tv\u00e1nyt, a nat\u00far fa pedig melegs\u00e9get visz az asztalodra vagy a kandall\u00f3 p\u00e1rk\u00e1ny\u00e1ra. T\u00f6k\u00e9letes h\u00e1laad\u00e1sra vagy \u0151szi vend\u00e9gv\u00e1r\u00e1shoz.<\/p>\n<h2>Rusztikus gyerty\u00e1s asztald\u00edsz<\/h2>\n<p><img loading=\"lazy\" decoding=\"async\" width=\"700\" height=\"1050\" alt=\"Feh\u00e9r gyerty\u00e1k fa t\u00e1lc\u00e1n, sz\u00ednes \u0151szi bogy\u00f3kkal, hangulatos \u0151szi asztald\u00edszk\u00e9nt zs\u00e1kv\u00e1szon fut\u00f3n.\" class=\"aligncenter size-full wp-image-10115\" src=\"https:\/\/doubletakedecor.com\/uploads\/2025\/10\/fall-wood-decor-ideas-dtd-21.jpg\" srcset=\"https:\/\/doubletakedecor.com\/uploads\/2025\/10\/fall-wood-decor-ideas-dtd-21.jpg 700w, https:\/\/doubletakedecor.com\/uploads\/2025\/10\/fall-wood-decor-ideas-dtd-21-200x300.jpg 200w, https:\/\/doubletakedecor.com\/uploads\/2025\/10\/fall-wood-decor-ideas-dtd-21-683x1024.jpg 683w\" sizes=\"auto, (max-width: 700px) 100vw, 700px\" \/><\/p>\n<p>Helyezz k\u00fcl\u00f6nb\u00f6z\u0151 magass\u00e1g\u00fa gyerty\u00e1kat egy fa t\u00e1lc\u00e1ra, majd sz\u00f3rd k\u00f6r\u00e9j\u00fck sz\u00ednes, \u0151szi m\u0171bogy\u00f3kat, \u00e9s az eg\u00e9szet zs\u00e1kv\u00e1szon fut\u00f3ra tedd. A gyerty\u00e1k meleg f\u00e9nye \u00e9s a gazdag \u0151szi sz\u00ednek azonnal otthonos, szezon\u00e1lis hangulatot var\u00e1zsolnak az asztalodra.<\/p>\n<h2>Rusztikus l\u00e1mp\u00e1s \u0151szi asztald\u00edsz<\/h2>\n<p><img loading=\"lazy\" decoding=\"async\" width=\"700\" height=\"1050\" alt=\"Meleg hangulat\u00fa \u0151szi asztald\u00edsz vil\u00e1g\u00edt\u00f3 l\u00e1mp\u00e1ssal, sz\u00ednes \u0151szi levelekkel, kis t\u00f6k\u00f6kkel \u00e9s tobozokkal fonott kos\u00e1rban, fa asztalon.\" class=\"aligncenter size-full wp-image-10121\" src=\"https:\/\/doubletakedecor.com\/uploads\/2025\/10\/fall-wood-decor-ideas-dtd-22.jpg\" srcset=\"https:\/\/doubletakedecor.com\/uploads\/2025\/10\/fall-wood-decor-ideas-dtd-22.jpg 700w, https:\/\/doubletakedecor.com\/uploads\/2025\/10\/fall-wood-decor-ideas-dtd-22-200x300.jpg 200w, https:\/\/doubletakedecor.com\/uploads\/2025\/10\/fall-wood-decor-ideas-dtd-22-683x1024.jpg 683w\" sizes=\"auto, (max-width: 700px) 100vw, 700px\" \/><\/p>\n<p>Var\u00e1zsolj otthonodba meghitt \u0151szi sarkot egy r\u00e9gi st\u00edlus\u00fa l\u00e1mp\u00e1ssal, amit sz\u00ednes lombozat vesz k\u00f6r\u00fcl! Rendezd alapk\u00e9nt a leveleket, majd tegy\u00e9l k\u00f6r\u00e9 kisebb t\u00f6k\u00f6ket \u00e9s tobozokat, hogy m\u00e9g gazdagabb legyen a d\u00edsz\u00edt\u00e9s. Tegy\u00e9l a l\u00e1mp\u00e1sba meleg f\u00e9ny\u0171 gyerty\u00e1t a hangulatvil\u00e1g\u00edt\u00e1shoz. Ez az asztald\u00edsz j\u00f3l mutat \u00e9tkez\u0151asztalon vagy el\u0151sz\u00f3bai kom\u00f3don is.<\/p>\n<h2>Fa t\u00f6k\u00f6k sz\u00ednes \u0151szi dekor\u00e1ci\u00f3ban<\/h2>\n<p><img loading=\"lazy\" decoding=\"async\" width=\"700\" height=\"1050\" alt=\"Rusztikus \u0151szi d\u00edsz: s\u00e1rga, k\u00e9k \u00e9s narancss\u00e1rga f\u00e1b\u00f3l k\u00e9sz\u00fclt t\u00f6k\u00f6k d\u00edszszalagokkal, term\u00e9szetes z\u00f6ld h\u00e1tt\u00e9r el\u0151tt.\" class=\"aligncenter size-full wp-image-10127\" src=\"https:\/\/doubletakedecor.com\/uploads\/2025\/10\/fall-wood-decor-ideas-dtd-23.jpg\" srcset=\"https:\/\/doubletakedecor.com\/uploads\/2025\/10\/fall-wood-decor-ideas-dtd-23.jpg 700w, https:\/\/doubletakedecor.com\/uploads\/2025\/10\/fall-wood-decor-ideas-dtd-23-200x300.jpg 200w, https:\/\/doubletakedecor.com\/uploads\/2025\/10\/fall-wood-decor-ideas-dtd-23-683x1024.jpg 683w\" sizes=\"auto, (max-width: 700px) 100vw, 700px\" \/><\/p>\n<p>Alkoss hangulatos \u0151szi sarkot k\u00fcl\u00f6nb\u00f6z\u0151 m\u00e9ret\u0171 \u00e9s sz\u00edn\u0171, sz\u00ednes fa t\u00f6k\u00f6kkel! D\u00edsz\u00edtsd mindegyiket szalaggal vagy sp\u00e1rg\u00e1val, \u00edgy m\u00e9g k\u00fcl\u00f6nlegesebbek lesznek. \u00c1ll\u00edtsd \u0151ket z\u00f6ld n\u00f6v\u00e9nyek el\u00e9, hogy sz\u00e9p legyen a kontraszt. Ezek a d\u00edszek t\u00f6k\u00e9letesek teraszra, kandall\u00f3ra vagy asztalk\u00f6z\u00e9pre eg\u00e9sz \u0151szi szezonban.<\/p>\n<h2>Rusztikus talicska \u0151szi dekor\u00e1ci\u00f3<\/h2>\n<p><img loading=\"lazy\" decoding=\"async\" width=\"700\" height=\"1050\" alt=\"Kopott fa talicska v\u00e1ltozatos t\u00f6k\u00f6kkel, \u0151szi levelekkel \u00e9s vir\u00e1gokkal megt\u00f6ltve, b\u00e1jos k\u00fclt\u00e9ri \u0151szi dekor\u00e1ci\u00f3.\" class=\"aligncenter size-full wp-image-10133\" src=\"https:\/\/doubletakedecor.com\/uploads\/2025\/10\/fall-wood-decor-ideas-dtd-24.jpg\" srcset=\"https:\/\/doubletakedecor.com\/uploads\/2025\/10\/fall-wood-decor-ideas-dtd-24.jpg 700w, https:\/\/doubletakedecor.com\/uploads\/2025\/10\/fall-wood-decor-ideas-dtd-24-200x300.jpg 200w, https:\/\/doubletakedecor.com\/uploads\/2025\/10\/fall-wood-decor-ideas-dtd-24-683x1024.jpg 683w\" sizes=\"auto, (max-width: 700px) 100vw, 700px\" \/><\/p>\n<p>Haszn\u00e1lj fel egy r\u00e9gi fa talicsk\u00e1t leny\u0171g\u00f6z\u0151 \u0151szi dekor\u00e1ci\u00f3hoz! Rendezz bele k\u00fcl\u00f6nb\u00f6z\u0151 m\u00e9ret\u0171 t\u00f6k\u00f6ket (feh\u00e9rrel \u00e9s narancss\u00e1rg\u00e1val v\u00e1ltogatva), k\u00f6r\u00e9j\u00fck pedig sz\u00ednes \u0151szi leveleket \u00e9s vir\u00e1gokat. \u00c1ll\u00edtsd a bej\u00e1rathoz, hogy mindenki l\u00e1thassa, micsoda fens\u00e9ges \u0151szi hangulatot tud adni az \u00f6reg talicska \u00e9s a term\u00e9szet sz\u00ednei!<\/p>\n<h2>Rusztikus fal\u00e1da \u0151szi teraszdekor\u00e1ci\u00f3<\/h2>\n<p><img loading=\"lazy\" decoding=\"async\" width=\"700\" height=\"1050\" alt=\"\u0150szi otthon bej\u00e1rata fal\u00e1d\u00e1val, narancss\u00e1rga t\u00f6k\u00f6kkel, sz\u00ednes levelekkel \u00e9s dekor l\u00e1mp\u00e1ssal k\u0151l\u00e9pcs\u0151n, szezon\u00e1lis l\u00e1bt\u00f6rl\u0151vel.\" class=\"aligncenter size-full wp-image-10139\" src=\"https:\/\/doubletakedecor.com\/uploads\/2025\/10\/fall-wood-decor-ideas-dtd-25.jpg\" srcset=\"https:\/\/doubletakedecor.com\/uploads\/2025\/10\/fall-wood-decor-ideas-dtd-25.jpg 700w, https:\/\/doubletakedecor.com\/uploads\/2025\/10\/fall-wood-decor-ideas-dtd-25-200x300.jpg 200w, https:\/\/doubletakedecor.com\/uploads\/2025\/10\/fall-wood-decor-ideas-dtd-25-683x1024.jpg 683w\" sizes=\"auto, (max-width: 700px) 100vw, 700px\" \/><\/p>\n<p>Dobd fel a bej\u00e1ratot egy fal\u00e1d\u00e1val, amit \u0151szies f\u00f3kuszpontt\u00e1 alak\u00edthatsz! Helyezz k\u00f6r\u00e9 \u00e9s tetej\u00e9re t\u00f6k\u00f6ket k\u00fcl\u00f6nb\u00f6z\u0151 m\u00e9retben, \u00edgy izgalmasabb lesz az \u00f6sszhat\u00e1s. Tegy\u00e9l mell\u00e9 egy l\u00e1mp\u00e1st, hogy est\u00e9nk\u00e9nt is hangulatos legyen, \u00e9s sz\u00f3rd k\u00f6r\u00e9 \u0151szi leveleket a term\u00e9szetes hat\u00e1s\u00e9rt. Tipp: B\u00e9leld ki a l\u00e1d\u00e1t vil\u00e1gos sz\u00f6vetdarabbal, hogy kiemelkedjenek a s\u00f6t\u00e9tebb faelemek.<\/p>\n<h2>Fakarossz\u00e9k falra akasztott vir\u00e1gos dekorral<\/h2>\n<p><img loading=\"lazy\" decoding=\"async\" width=\"700\" height=\"1050\" alt=\"S\u00f6t\u00e9t fa sz\u00e9k falra f\u00fcggesztett fonott kos\u00e1rral, benne s\u00e1rga vir\u00e1gz\u00f3 \u00e1gak, meleg term\u00e9szetes enteri\u0151rben.\" class=\"aligncenter size-full wp-image-10145\" src=\"https:\/\/doubletakedecor.com\/uploads\/2025\/10\/fall-wood-decor-ideas-dtd-26.jpg\" srcset=\"https:\/\/doubletakedecor.com\/uploads\/2025\/10\/fall-wood-decor-ideas-dtd-26.jpg 700w, https:\/\/doubletakedecor.com\/uploads\/2025\/10\/fall-wood-decor-ideas-dtd-26-200x300.jpg 200w, https:\/\/doubletakedecor.com\/uploads\/2025\/10\/fall-wood-decor-ideas-dtd-26-683x1024.jpg 683w\" sizes=\"auto, (max-width: 700px) 100vw, 700px\" \/><\/p>\n<p>Alak\u00edts ki nyugodt kis sarkot otthonodban s\u00f6t\u00e9t faros karossz\u00e9kkel \u00e9s falra akasztott fonott kos\u00e1rral, amiben s\u00e1rga, vir\u00e1gz\u00f3 \u00e1gak vannak. \u00cdgy \u00f6tv\u00f6zheted a term\u00e9szetes text\u00far\u00e1kat \u00e9s melegs\u00e9get adhatsz a semleges tereknek. R\u00f6gz\u00edtsd a kosarat er\u0151sen a falhoz, \u00edgy tart\u00f3s, l\u00e1tv\u00e1nyos dekor\u00e1ci\u00f3d lesz, ami nem foglal helyet a f\u00f6ld\u00f6n sem.<\/p>\n<h2>F\u00e1b\u00f3l k\u00e9sz\u00fclt t\u00f6k l\u00e1mp\u00e1s<\/h2>\n<p><img loading=\"lazy\" decoding=\"async\" width=\"700\" height=\"1050\" alt=\"B\u00e1jos fa l\u00e1mp\u00e1s t\u00f6kfejjel, meleg f\u00e9nnyel, f\u00e9m asztalon, z\u00f6ld n\u00f6v\u00e9ny h\u00e1tt\u00e9rrel \u2013 ide\u00e1lis \u0151szi dekor\u00e1ci\u00f3.\" class=\"aligncenter size-full wp-image-10151\" src=\"https:\/\/doubletakedecor.com\/uploads\/2025\/10\/fall-wood-decor-ideas-dtd-27.jpg\" srcset=\"https:\/\/doubletakedecor.com\/uploads\/2025\/10\/fall-wood-decor-ideas-dtd-27.jpg 700w, https:\/\/doubletakedecor.com\/uploads\/2025\/10\/fall-wood-decor-ideas-dtd-27-200x300.jpg 200w, https:\/\/doubletakedecor.com\/uploads\/2025\/10\/fall-wood-decor-ideas-dtd-27-683x1024.jpg 683w\" sizes=\"auto, (max-width: 700px) 100vw, 700px\" \/><\/p>\n<p>K\u00e9sz\u00edtsd el ezt a hangulatos, f\u00e1b\u00f3l k\u00e9sz\u00fclt t\u00f6k l\u00e1mp\u00e1st, hogy meleg, \u00fcnnepi f\u00e9nnyel dobja fel a kerted vagy teraszod! Helyezd ki az asztalra vagy padra, ahol a term\u00e9szetes fa sz\u00edne j\u00f3l illik az \u0151szi k\u00f6rnyezethez. Haszn\u00e1lj elemes LED gyerty\u00e1t a biztons\u00e1g kedv\u00e9\u00e9rt \u00e9s hogy tov\u00e1bb ragyoghasson. T\u00f6k\u00e9letes halloweenre vagy az eg\u00e9sz betakar\u00edt\u00e1si szezonra.<\/p>\n<h2>GYIK<\/h2>\n<details class=\"g-accordion \"><summary><h3>Melyek a legn\u00e9pszer\u0171bb \u0151szi fa dekor\u00e1ci\u00f3s \u00f6tletek?<\/h3><\/summary>\n<p><strong>Rengeteg fa dekor\u00e1ci\u00f3s \u00f6tlet<\/strong> seg\u00edt, hogy otthonodba melegs\u00e9get \u00e9s b\u00e1jt vigy\u00e9l az \u0151szi h\u00f3napokban. A f\u00e1b\u00f3l k\u00e9sz\u00fclt t\u00f6k\u00f6k k\u00fcl\u00f6n\u00f6sen divatosak: mindenf\u00e9le st\u00edlusban el\u00e9rhet\u0151k \u2013 p\u00e9ld\u00e1ul <strong>feh\u00e9r t\u00f6k\u00f6k arany fest\u00e9ssel d\u00edsz\u00edtve<\/strong> vagy <strong>rusztikus t\u00f6k\u00f6k b\u0151r sz\u00edjakkal feldobva<\/strong>, hogy m\u00e9g izgalmasabb legyen a fel\u00fclet\u00fck.<\/p>\n<ul>\n<li>A falapb\u00f3l k\u00e9sz\u00fclt v\u00e1g\u00f3deszk\u00e1k \u00e9s t\u00e1lc\u00e1k remek \u0151szi d\u00edszek a konyh\u00e1ban vagy az \u00e9tkez\u0151ben,<\/li>\n<li>egyszer\u0171 f\u00e1b\u00f3l k\u00e9sz\u00fclt z\u00e1szl\u00f3f\u00fcz\u00e9rek vagy girlandok \u2013 h\u00e1romsz\u00f6gekkel, kiv\u00e1gott falevelekkel \u2013 b\u00e1rmelyik szob\u00e1nak adnak egy kis \u0151szi hangulatot,<\/li>\n<li>a bej\u00e1rati teraszokon vagy a kandall\u00f3 mellett k\u00fcl\u00f6nleges \u0151szi hangulatot teremtenek a rusztikus t\u00f6k\u00f6k vagy raklapb\u00f3l k\u00e9sz\u00fclt t\u00f6kdekor\u00e1ci\u00f3k,<\/li>\n<li>t\u00f6bb t\u00f6k form\u00e1j\u00fa t\u00e1bla egym\u00e1sra rakva, f\u00e1b\u00f3l k\u00e9sz\u00fclt l\u00e1d\u00e1k gyerty\u00e1kkal, t\u00f6k\u00f6kkel vagy d\u00edszt\u00f6k\u00f6kkel k\u00f6z\u00e9pre helyezve igazi \u0151szi vend\u00e9gv\u00e1r\u00f3v\u00e1 teszik a teret,<\/li>\n<li>felf\u00fcggesztett fa t\u00e1bl\u00e1k \u201eH\u00e1l\u00e1s\u201d vagy m\u00e1s r\u00f6vid id\u00e9zettel kedves hagyom\u00e1nyt visznek az el\u0151szob\u00e1ba vagy a folyos\u00f3ra.<\/li>\n<\/ul>\n<p>A <strong>DIY, azaz saj\u00e1t k\u00e9sz\u00edt\u00e9s\u0171 dekorokb\u00f3l szinte b\u00e1rmit megalkothatsz<\/strong>. Pr\u00f3b\u00e1ld ki p\u00e9ld\u00e1ul, hogy mad\u00e1rijeszt\u0151 figur\u00e1kat, vid\u00e1m pulyka asztald\u00edszeket vagy f\u00e1b\u00f3l k\u00e9sz\u00fclt szellemeket k\u00e9sz\u00edtesz az \u00fcnnepekre. <strong>Fat\u00f6rzsb\u0151l k\u00e9sz\u00fclt m\u00e9csestart\u00f3k vagy tobozos koszor\u00fak szint\u00e9n plusz rusztikus hangulatot teremtenek<\/strong>.<\/p>\n<ul>\n<li>term\u00e9szetes fa\u00e1gak felhaszn\u00e1l\u00e1sa,<\/li>\n<li>makkok be\u00e9p\u00edt\u00e9se,<\/li>\n<li>r\u00e9gi faanyagok vagy raklapok \u2013 ezekkel igazi vid\u00e9ki hangulatot var\u00e1zsolhatsz.<\/li>\n<\/ul>\n<p>Ezek az alapanyagok <strong>p\u00e9nzt\u00e1rcabar\u00e1tok<\/strong> \u00e9s k\u00f6nnyen illeszkednek modern vagy vintage st\u00edlushoz is. <strong>Ha a term\u00e9szetes anyagokat v\u00e9gigvezeted az otthonodban, igaz\u00e1n szem\u00e9lyes \u00e9s h\u00edvogat\u00f3 \u0151szi hangulat sz\u00fcletik<\/strong>.<\/p>\n<\/details><details class=\"g-accordion \"><summary><h3>Hogyan alak\u00edthatod \u00e1t a teret \u0151szi fa dekor\u00e1ci\u00f3val?<\/h3><\/summary>\n<p><strong>Fa dekor\u00e1ci\u00f3k<\/strong> k\u00f6nnyen hozz\u00e1k el az \u0151szi melegs\u00e9get, text\u00far\u00e1t \u00e9s k\u00fcl\u00f6nleges hangulatot az otthonodba. Helyezz el t\u00f6k\u00f6ket vagy rusztikus f\u00e1b\u00f3l k\u00e9sz\u00fclt t\u00e1bl\u00e1kat a bej\u00e1ratn\u00e1l vagy a nappaliban \u2013 azonnal megragadj\u00e1k a tekintetet \u00e9s bar\u00e1ts\u00e1goss\u00e1 teszik az eg\u00e9sz helyis\u00e9get. <strong>Fa l\u00e1d\u00e1kb\u00f3l sz\u00e9p asztald\u00edszek k\u00e9sz\u00edthet\u0151k<\/strong>, ha megt\u00f6lt\u00f6d \u0151ket t\u00f6k\u00f6kkel, gyerty\u00e1kkal vagy d\u00edszt\u00f6k\u00f6kkel: ezzel meghitt \u00e9s l\u00e1tv\u00e1nyos k\u00f6zponti d\u00edszt kapsz az \u00e9tkez\u0151- vagy doh\u00e1nyz\u00f3asztalra.<\/p>\n<p>Figyelj a kis, term\u00e9szetes kieg\u00e9sz\u00edt\u0151kre, ezek seg\u00edtenek, hogy egys\u00e9ges legyen az \u00f6sszhat\u00e1s. Szemet gy\u00f6ny\u00f6rk\u00f6dtet\u0151ek a semleges \u00e1rnyalat\u00fa raklap t\u00f6k\u00f6k, a fa girlandok \u00e9s a kis l\u00e1dak\u00f6lt\u00e9sek \u2013 ezek a kandall\u00f3n vagy a polcokon \u00e9pp\u00fagy mutatnak, mint a teraszon. B\u00e1tran v\u00e1lassz meleg fa \u00e1rnyalatokat, mint a s\u00f6t\u00e9tbarna, m\u00e9zsz\u00edn vagy arany \u2013 \u00e9s p\u00e1ros\u00edtsd \u0151ket puha pl\u00e9dekkel, p\u00e1rn\u00e1kkal a b\u00fatorokhoz. A konyh\u00e1ban is eg\u00e9sz\u00edtsd ki a dekor\u00e1ci\u00f3t f\u00e1b\u00f3l k\u00e9sz\u00fclt t\u00e1lc\u00e1val vagy v\u00e1g\u00f3deszk\u00e1val, rajta n\u00e9h\u00e1ny \u0151szi z\u00f6lds\u00e9ggel \u00e9s tobozzal, \u00edgy is egyszer\u0171, \u0151szi hangulatot teremthetsz.<\/p>\n<p>Dobd fel a dekor\u00e1ci\u00f3dat <strong>marad\u00e9k f\u00e1b\u00f3l k\u00e9sz\u00fclt saj\u00e1t k\u00e9sz\u00edt\u00e9s\u0171 d\u00edszekkel<\/strong>, p\u00e9ld\u00e1ul f\u0171r\u00e9szelj bel\u0151le t\u00f6k\u00f6ket, faleveleket vagy ak\u00e1r kedves mad\u00e1rijeszt\u0151 figur\u00e1t, azt\u00e1n fesd \u0151ket \u0151szi sz\u00ednekre \u2013 narancss\u00e1rga, arany, rozsdabarna. Rakj \u00f6ssze t\u00f6bbet, vagy keverd a k\u00e9sz t\u00f6k\u00f6kkel, hogy igazi vid\u00e9ki hangulatod legyen.<\/p>\n<ul>\n<li>k\u00eds\u00e9rletezz k\u00fcl\u00f6nb\u00f6z\u0151 anyagokkal: f\u00e1hoz j\u00f6het p\u00e9ld\u00e1ul zs\u00e1kv\u00e1szon fut\u00f3, filc faleveles girland, vagy puha takar\u00f3 a sz\u00e9keken,<\/li>\n<li>tegy\u00e9l gyertyatart\u00f3kat, tobozkoszor\u00fakat, \u00e9s f\u00e1b\u00f3l k\u00e9sz\u00fclt zsin\u00f3rm\u0171veket a kandall\u00f3ra \u00e9s a falakra,<\/li>\n<li>sz\u00f3rd el a polcokon vagy a szekr\u00e9nyen a kisebb fa d\u00edszeket \u2013 p\u00e9ld\u00e1ul grav\u00edrozott n\u00e9vt\u00e1bl\u00e1csk\u00e1kat vagy d\u00edszes fa bet\u0171ket,<\/li>\n<li>pakolj fel l\u00e1d\u00e1kat a teraszra t\u00f6k\u00f6kkel, kasp\u00f3kkal,<\/li>\n<li>fesz\u00edts ki saj\u00e1t k\u00e9sz\u00edt\u00e9s\u0171 fa t\u00e1bl\u00e1kat, p\u00e9ld\u00e1ul \u201eH\u00e1l\u00e1sak vagyunk\u201d vagy \u201e\u0150szi \u00fcdv\u00f6zlet\u201d sz\u00f6veggel \u2013 ezzel is er\u0151s\u00edtve az \u0151szi hangulatot.<\/li>\n<\/ul>\n<p><strong>Kombin\u00e1ld ezeket az \u0151szi fa dekor\u00e1ci\u00f3kat f\u00f6ldsz\u00edn\u0171 textilekkel \u00e9s term\u00e9szetes anyagokkal az asztalokon, kandall\u00f3n, teraszon vagy a falakon.<\/strong><strong>Ha tudatosan t\u00e1rs\u00edtod \u0151ket, minden zugot \u00e1tj\u00e1r majd az \u0151szi meghitts\u00e9g.<\/strong><\/details><details class=\"g-accordion \"><summary><h3>Hogyan teremthetsz t\u00e9nyleg \u0151szi hangulatot fa dekorral?<\/h3><\/summary>\n<p><strong>Az \u0151szi fa dekor\u00e1ci\u00f3k<\/strong> legink\u00e1bb a term\u00e9szetes anyagokat, form\u00e1kat \u00e9s a szezonra jellemz\u0151 sz\u00edneket \u00fcnneplik. Kezdd p\u00e9ld\u00e1ul fad\u00edsz t\u00f6k\u00f6kkel, falev\u00e9l form\u00e1kkal vagy \u0151szi id\u00e9zetes fa t\u00e1bl\u00e1kkal \u2013 <strong>ezek egyb\u0151l otthonos, \u0151szi l\u00e9gk\u00f6rt teremtenek<\/strong>. Ha narancsot, barn\u00e1t \u00e9s m\u00e9lyz\u00f6ldet, vagy ezekhez hasonl\u00f3 \u00e1rnyalatokat viszel be a fest\u00e9ssel vagy p\u00e1col\u00e1ssal, m\u00e1ris megjelenik az \u0151szi hangulat.<\/p>\n<ul>\n<li>tegy\u00e9l kisebb fa t\u00f6k\u00f6ket, semleges \u00e1rnyalat\u00fa vagy rusztikus d\u00edszeket a kandall\u00f3polcra vagy a bej\u00e1rati asztalra,<\/li>\n<li>haszn\u00e1lj term\u00e9szetes anyagokat, p\u00e9ld\u00e1ul zs\u00e1kv\u00e1sznat, fonalat, sz\u00f6vet leveleket a dekor\u00e1ci\u00f3hoz,<\/li>\n<li>f\u0171zz ajt\u00f3 f\u00f6l\u00e9 saj\u00e1t k\u00e9zzel k\u00e9sz\u00edtett fa girlandot vagy lev\u00e9lf\u00fcz\u00e9rt, ami egyszerre j\u00e1t\u00e9kos \u00e9s eleg\u00e1ns,<\/li>\n<li>adj hozz\u00e1 egyedi, DIY r\u00e9szleteket: p\u00e9ld\u00e1ul t\u00f6bb t\u00f6kb\u0151l \u00e1ll\u00f3 kis t\u00e1bl\u00e1t, \u201eH\u00e1l\u00e1sak vagyunk\u201d felirat\u00fa r\u00e9gifa darabot, vagy \u00fcdv\u00f6zl\u0151 sz\u00f6vegeket fa bet\u0171kb\u0151l,<\/li>\n<li>ter\u00edts le egyedi fal\u00e9c fut\u00f3t, \u00e9s helyezz k\u00f6z\u00e9pre egy t\u00f6k\u00f6kkel, gyerty\u00e1kkal teli l\u00e1d\u00e1t, hogy besz\u00e9lget\u00e9sind\u00edt\u00f3 legyen a vacsor\u00e1n\u00e1l vagy \u00f6sszej\u00f6veteleken,<\/li>\n<li>alkoss p\u00e9nzt\u00e1rcabar\u00e1t d\u00edszeket fa leveleket festve, m\u00e9csesekkel vagy tobozos koszor\u00fakkal p\u00e1ros\u00edtva, vagy alak\u00edtsd \u00e1t a marad\u00e9k faanyagot vid\u00e1m t\u00f6k\u00f6s m\u0171v\u00e9szett\u00e9, esetleg pulykafigur\u00e1kk\u00e1 az \u00fcnnepi asztalra,<\/li>\n<li>pakolj egym\u00e1sra fa l\u00e1d\u00e1kat a teraszra, hogy rusztikus d\u00edszt\u00f6k\u00f6ket vagy szellemes fa s\u00edrk\u00f6veket, szellemeket k\u00e9sz\u00edts Halloween-ra.<\/li>\n<\/ul>\n<p><strong>Keverd a saj\u00e1t k\u00e9sz\u00edt\u00e9s\u0171 fa elemeket, meleg t\u00f3nusokat \u00e9s term\u00e9szetes anyagokat \u2013 \u00edgy teremthetsz olyan \u0151szi st\u00edlust, ami otthonos, \u00fcnnepi, \u00e9s teljesen a saj\u00e1tod.<\/strong><\/p>\n<\/details><details class=\"g-accordion \"><summary><h3>Milyen rusztikus dekor\u00e1ci\u00f3s \u00f6tletek vannak f\u00e1val?<\/h3><\/summary>\n<p><strong>Fa rusztikus dekor\u00e1ci\u00f3val azonnal melegebb\u00e9 \u00e9s szem\u00e9lyesebb\u00e9 teheted b\u00e1rmelyik helyis\u00e9get.<\/strong> Kezd a fallal ell\u00e1tott, \u0151szi sz\u00f6vegeket tartalmaz\u00f3 fat\u00e1bl\u00e1kkal \u2013 ezek diszkr\u00e9t, m\u00e9gis bar\u00e1ts\u00e1gos d\u00edszek. <strong>Az \u00fajrahasznos\u00edtott, \u201e\u00e9lt l\u00e1tott\u201d faanyag<\/strong> \u2013 egyedi erezettel, hib\u00e1kkal \u2013 t\u00f6k\u00e9letesen hozza a vid\u00e9ki, otthonos hangulatot.<\/p>\n<p>Dekor\u00e1ld \u00e9tkez\u0151asztalodat r\u00e9gi strapab\u00edr\u00f3 f\u00e1b\u00f3l k\u00e9sz\u00fclt t\u00e1lc\u00e1kkal vagy k\u00e9pkeretekkel: rendezz el rajta gyerty\u00e1kat, tobozokat, pici d\u00edszt\u00f6k\u00f6ket \u2013 \u00edgy <strong>b\u00e1jos, rusztikus k\u00f6zponti d\u00edszeket<\/strong> kapsz. Ha polcaid vagy teraszod van, a k\u00e9zzel k\u00e9sz\u00fclt, nat\u00faran hagyott, vagy vil\u00e1gosra p\u00e1colt t\u00f6kfigur\u00e1k <strong>igaz\u00e1n bar\u00e1ts\u00e1gos, otthonos l\u00e9gk\u00f6rt teremtenek<\/strong>.<\/p>\n<p>A nosztalgikus st\u00edlushoz fesd, vagy stencilezd a t\u00e1bl\u00e1kat \u2013 egy egyszer\u0171 \u201eH\u00e1l\u00e1sak vagyunk\u201d vagy \u201e\u0150szi \u00fcdv\u00f6zlet\u201d sz\u00f6veg a bej\u00e1ratn\u00e1l vagy a kandall\u00f3 f\u00f6l\u00f6tt kedves r\u00e9szlet. Egy fa banner a kandall\u00f3ra sz\u00ednt \u00e9s puhas\u00e1got hoz.<\/p>\n<ul>\n<li>a fa l\u00e1d\u00e1k sokoldal\u00faan haszn\u00e1lhat\u00f3k,<\/li>\n<li>rakd tele gyerty\u00e1kkal, tobozokkal vagy m\u00e1s \u0151szi mot\u00edvumokkal,<\/li>\n<li>n\u00e9h\u00e1ny kieg\u00e9sz\u00edt\u0151vel az \u00e9tkez\u0151asztal is igazi sz\u00fcreti dekor\u00e1ci\u00f3v\u00e1 v\u00e1lik.<\/li>\n<\/ul>\n<p>Ha maradt m\u00e9g f\u00e1d, pr\u00f3b\u00e1lj ki apr\u00f3bb projekteket: raklapb\u00f3l t\u00f6k\u00f6k, pulyka figur\u00e1k vagy mad\u00e1rijeszt\u0151k is k\u00e9sz\u00fclhetnek. <strong>Jutaszalaggal, zs\u00e1kv\u00e1szonnal vagy vastag fonallal betekerve b\u00e1jos, textur\u00e1lt hat\u00e1st \u00e9rhetsz el.<\/strong><\/p>\n<p>Fa korongb\u00f3l vagy sz\u00e1raz \u00e1gakb\u00f3l k\u00e9sz\u00fclt koszor\u00fak is igazi rusztikus hangulatot adnak, \u00e9s ha d\u00edsz\u00edted \u0151ket makkal, falevelekkel vagy tobozokkal, ak\u00e1r az ajt\u00f3kra, ak\u00e1r a falra ker\u00fclnek, j\u00f3l mutatnak.<\/p>\n<ul>\n<li>pr\u00f3b\u00e1lj ki fa korongb\u00f3l k\u00e9sz\u00fclt asztali fut\u00f3t,<\/li>\n<li>rakj fel \u00fajrahasznos\u00edtott fat\u00e1lc\u00e1t extra meleg \u00e9s textur\u00e1lt hat\u00e1s\u00e9rt,<\/li>\n<li>tegy\u00e9l hozz\u00e1 vintage jelleg\u0171 feh\u00e9r\u00edtett vagy kopott t\u00f6k\u00f6ket a t\u00f6k\u00e9letes \u00f6sszhang \u00e9rdek\u00e9ben.<\/li>\n<\/ul>\n<p>Az eg\u00e9sz lak\u00e1sban <strong>keverheted a fad\u00edszt\u00e1lc\u00e1kat, m\u00e9cseseket, grav\u00edrozott fat\u00e1bl\u00e1kat, \u00edgy lesz egyszerre divatos \u00e9s praktikus a dekor\u00e1ci\u00f3<\/strong>. A legt\u00f6bb \u00f6tlet csak egyszer\u0171 alapanyagokat \u2013 hullad\u00e9k fadarabot, halv\u00e1ny sz\u00edneket, kev\u00e9s zsineget \u2013 ig\u00e9nyel. <strong>Ezek az elemek egy\u00fctt igaz\u00e1n klasszikus vid\u00e9ki st\u00edlust teremtenek, ami t\u00f6k\u00e9letesen kifejezi az \u0151sz l\u00e9nyeg\u00e9t.<\/strong><\/p>\n<\/details><details class=\"g-accordion \"><summary><h3>Hogyan \u00e9rhetsz el vid\u00e9ki hangulatot fa dekorral?<\/h3><\/summary>\n<p>Ha igaz\u00e1n meghitt, vid\u00e9ki st\u00edlust szeretn\u00e9l el\u00e9rni, v\u00e1lassz <strong>kopott, antikolt hat\u00e1s\u00fa b\u00fatort \u00e9s faldekorokat<\/strong>. K\u00e9pzelj el p\u00e9ld\u00e1ul egy feh\u00e9rre festett konzolasztalt a folyos\u00f3n, vagy \u00e9szrev\u00e9tlen\u00fcl \u201emegfakult\u201d fat\u00e1bl\u00e1kat a kedvenc fot\u00f3iddal. Az \u00fajrahasznos\u00edtott fa polcok k\u00fcl\u00f6nleges karaktert visznek a lak\u00e1sba, m\u00edg a kandall\u00f3 vagy ajt\u00f3 feletti, vintage st\u00edlus\u00fa fa t\u00e1bl\u00e1k \u2013 mint p\u00e9ld\u00e1ul a \u201eGy\u00fclekezz\u00fcnk!\u201d vagy \u201e\u00dcdv itthon!\u201d felirat \u2013 m\u00e9g t\u00f6bb melegs\u00e9get \u00e9s b\u00e1jt adnak.<\/p>\n<p>Er\u0151s\u00edtsd a rusztikus hangulatot <strong>term\u00e9szetes anyagok felhaszn\u00e1l\u00e1s\u00e1val<\/strong>:<\/p>\n<ul>\n<li>fa l\u00e1d\u00e1k a bej\u00e1ratn\u00e1l, amik t\u00e1rol\u00f3nak vagy asztald\u00edsz alapnak is haszn\u00e1lhat\u00f3k,<\/li>\n<li>zs\u00e1kv\u00e1szonba csomagolt gyertyatart\u00f3k, tobozkoszor\u00fak, amelyek a term\u00e9szetet csemp\u00e9szik be,<\/li>\n<li>massz\u00edv fat\u00f6rzsb\u0151l k\u00e9sz\u00fclt gyertyatart\u00f3k vagy t\u00e1lak asztalk\u00f6z\u00e9pre,<\/li>\n<li>t\u00e1lakba tett \u0151szi gy\u00fcm\u00f6lcs\u00f6k, sz\u00e1r\u00edtott levelekkel, sz\u00ednes d\u00edszt\u00f6k\u00f6kkel,<\/li>\n<li>vintage st\u00edlus\u00fa t\u00e1bl\u00e1k vagy kr\u00e9tat\u00e1bl\u00e1k f\u00e1b\u00f3l k\u00e9sz\u00edtett keretben, hogy igaz\u00e1n egyedi legyen a dekor.<\/li>\n<\/ul>\n<p>A vid\u00e9ki hangulat akkor lesz igaz\u00e1n t\u00f6k\u00e9letes, ha <strong>term\u00e9szet ihlette sz\u00ednpalett\u00e1t haszn\u00e1lsz:<\/strong> a fa d\u00edszeket festheted vagy p\u00e1colhatod kr\u00e9msz\u00edn\u0171, b\u00e9zs, barna, pasztell z\u00f6ld, szel\u00edd sz\u00fcrke \u00e1rnyalatokra, hogy minden helyis\u00e9gben legyen valami k\u00f6z\u00f6s. <strong>R\u00e9tegezz k\u00fcl\u00f6nb\u00f6z\u0151 text\u00far\u00e1kat: tedd le pl\u00e9deket, kock\u00e1s takar\u00f3kat vagy v\u00e1szon fut\u00f3kat a padokra \u00e9s asztalokra<\/strong> \u2013 egyszerre lesz k\u00e9nyelmes \u00e9s st\u00edlusos a v\u00e9geredm\u00e9ny.<\/p>\n<p>A vid\u00e9ki st\u00edlus l\u00e9nyege a <strong>szem\u00e9lyes, k\u00e9zzel k\u00e9sz\u00edtett d\u00edszekben rejlik<\/strong>:<\/p>\n<ul>\n<li>fa bet\u0171k, amikkel ki\u00edrhatsz neveket, szavakat,<\/li>\n<li>a csal\u00e1dod nev\u00e9re grav\u00edrozott falapok,<\/li>\n<li>egyedi kr\u00e9tat\u00e1bl\u00e1k \u00fcnnepi alkalmakra,<\/li>\n<li>t\u00e1lc\u00e1k vagy keny\u00e9rt\u00e1bl\u00e1k r\u00e9gi ist\u00e1ll\u00f3 f\u00e1b\u00f3l,<\/li>\n<li>ruhafogasok, fali akaszt\u00f3k, amelyek egyszerre praktikusak \u00e9s csinosak.<\/li>\n<\/ul>\n<p>Fontos, hogy a dekornak nemcsak sz\u00e9pnek, hanem hasznosnak is kell lennie. A konyh\u00e1ban vagy \u00e9tkez\u0151ben <strong>\u00e1ll\u00edts \u00f6ssze fat\u00f6rzsb\u0151l k\u00e9sz\u00fclt meleg\u00edt\u0151 al\u00e1t\u00e9teket, szalv\u00e9tatart\u00f3kat, m\u00e9csestart\u00f3kat<\/strong> \u2013 ezzel is er\u0151s\u00edtheted a vid\u00e9ki hangulatot, mik\u00f6zben t\u00e9nyleg haszn\u00e1lni is fogod \u0151ket.<\/p>\n<p><strong>Emeld ki a k\u00e9zm\u0171vess\u00e9g sz\u00e9ps\u00e9g\u00e9t: hagyd l\u00e1tsz\u00f3dni a fa term\u00e9szetes erezet\u00e9t vagy patin\u00e1j\u00e1t<\/strong>. Az igaz\u00e1n teljes \u00f6sszhat\u00e1s\u00e9rt kombin\u00e1ld a fa anyagokat m\u00e1s term\u00e9szetes anyagokkal \u2013 galvaniz\u00e1lt f\u00e9mmel, ker\u00e1mi\u00e1val, fonott kosarakkal \u2013, \u00edgy lesz igaz\u00e1n otthonos, meleg, megh\u00edv\u00f3 a vid\u00e9ki st\u00edlus.<\/p>\n<\/details><details class=\"g-accordion \"><summary><h3>Milyen f\u00f6ldsz\u00edn\u0171 \u00f6tletek illenek az \u0151szi fa dekorhoz?<\/h3><\/summary>\n<p>\n<strong>Az \u0151szi f\u00f6ldsz\u00edn\u0171 fa dekor\u00e1ci\u00f3k<\/strong> f\u0151leg barna, \u00e9getett narancss\u00e1rga, okker, terrakotta \u00e9s m\u00e9lyz\u00f6ld \u00e1rnyalatokat haszn\u00e1lnak. Ezek a sz\u00ednek gy\u00f6ny\u00f6r\u0171en kieg\u00e9sz\u00edtik a fa fel\u00fcleteket, f\u0151leg ha <strong>di\u00f3, t\u00f6lgy, c\u00e9drus vagy feny\u0151<\/strong> nat\u00far sz\u00edneivel t\u00e1rsulnak. Ha ilyen meleg \u00e1rnyalatokra fested vagy p\u00e1colod a t\u00f6k\u00f6ket, \u0151szi t\u00e1bl\u00e1kat vagy l\u00e1da d\u00edszeket, r\u00f6gt\u00f6n otthonos, szezon\u00e1lis l\u00e9gk\u00f6rt kapsz.\n<\/p>\n<p>M\u00e9g szebb\u00e9 teheted a d\u00edsz\u00edt\u00e9st, ha a faanyagokat m\u00e1s \u0151szi kieg\u00e9sz\u00edt\u0151kkel kombin\u00e1lod:<\/p>\n<ul>\n<li>m\u0171 falevelek,<\/li>\n<li>tobozok,<\/li>\n<li>makkok,<\/li>\n<li>sz\u00e1r\u00edtott \u00e1gak.<\/li>\n<\/ul>\n<p>Ezekkel a mot\u00edvumokkal egyszerre lesz izgalmasabb a l\u00e1tv\u00e1ny, mik\u00f6zben melegs\u00e9get is adnak. <strong>Rusztikus f\u00e1b\u00f3l k\u00e9sz\u00fclt t\u00f6k\u00f6k doh\u00e1nybarna vagy erdei z\u00f6ld t\u00f3nusban csoportos\u00edtva, vagy k\u00fcl\u00f6nf\u00e9le t\u00f6k\u00f6kkel kirakva igaz\u00e1n meghitt\u00e9 teszik a szob\u00e1t.<\/strong> Ha ink\u00e1bb a vid\u00e9ki st\u00edlushoz vonz\u00f3dsz, p\u00e1ros\u00edtsd a rusztikus, \u201ekopottas\u201d fa fel\u00fcleteket nat\u00far b\u00e9zs vagy kr\u00e9msz\u00ednekkel, hozz\u00e1 j\u00f6het m\u00e9g zs\u00e1kv\u00e1szon vagy v\u00e1szon textilek a m\u00e9g melegebb l\u00e9gk\u00f6r\u00e9rt.<\/p>\n<p>Ha k\u00f6zponti \u0151szi d\u00edszt k\u00e9sz\u00edtesz, <strong>rakj egym\u00e1sra k\u00fcl\u00f6nb\u00f6z\u0151 faerezet\u0171, elt\u00e9r\u0151 \u00e1rnyalat\u00fa fa l\u00e1d\u00e1kat<\/strong>. Ezeket d\u00edsz\u00edtsd t\u00f6k\u00f6kkel, moha\u00e1gacsk\u00e1kkal, fah\u00e9jas m\u00e9csesekkel, \u00edgy lesz igaz\u00e1n bar\u00e1ts\u00e1gos, term\u00e9szetes hangulat\u00fa a kompoz\u00edci\u00f3. A terrakotta, ol\u00edvaz\u00f6ld vagy arany sz\u00ednekre festett fat\u00e1bl\u00e1k, egyszer\u0171 \u0151szi sz\u00f6veggel, szint\u00e9n b\u00e1jos d\u00edszei a lak\u00e1snak.<\/p>\n<p>K\u00f6nny\u0171, saj\u00e1t k\u00e9sz\u00edt\u00e9s\u0171 projektek is akadnak, p\u00e9ld\u00e1ul marad\u00e9k f\u00e1b\u00f3l:<\/p>\n<ul>\n<li>paletta t\u00f6k csokibarna vagy agyagsz\u00edn\u0171 \u00e1rnyalatban,<\/li>\n<li>fa banner, amit szi\u00e9na \u00e9s mohasz\u00ednre festesz,<\/li>\n<li>saj\u00e1t \u0151szi sz\u00f6veggel ell\u00e1tott t\u00e1bla f\u00f6ldsz\u00ednekben,<\/li>\n<li>fap\u00e1lcik\u00e1kb\u00f3l f\u0171z\u00f6tt f\u00fcz\u00e9r,<\/li>\n<li>s\u00f6t\u00e9tz\u00f6ld \u00e9s gesztenyebarna fatov\u00e1bb <strong>levelekb\u0151l k\u00e9sz\u00fclt koszor\u00fak<\/strong>.<\/li>\n<\/ul>\n<p>\n<strong>D\u00edsz\u00edt\u0151 koszor\u00fak \u00e9s f\u00fcz\u00e9rek is m\u00e9g szebbek, ha f\u00e1b\u00f3l k\u00e9sz\u00fclt s\u00f6t\u00e9tz\u00f6ld vagy gesztenyebarna leveleket keversz semleges filccel vagy jut\u00e1val.<\/strong> F\u00e1b\u00f3l k\u00e9sz\u00fclt l\u00e1mp\u00e1sok, nat\u00far fa d\u00edszek k\u00f6tik \u00f6ssze a dekor\u00e1ci\u00f3t eg\u00e9ssz\u00e9. Ezek az \u00f6tletek adj\u00e1k meg az egys\u00e9ges, f\u00f6ldh\u00f6z k\u00f6t\u00f6tt, meghitt \u0151szi hangulatot.\n<\/p>\n<\/details><details class=\"g-accordion \"><summary><h3>Hogyan haszn\u00e1ld a meleg f\u00e1t az \u0151szi dekor\u00e1ci\u00f3ban?<\/h3><\/summary>\n<p>Ha igaz\u00e1n meleg, bar\u00e1ts\u00e1gos \u0151szi d\u00edszt szeretn\u00e9l, haszn\u00e1lj <strong>faelemeket nat\u00far, gazdag \u00e1rnyalatban<\/strong>: t\u00f6lgy, di\u00f3, cseresznye kiv\u00e1l\u00f3an alkalmas <strong>d\u00edszt\u00f6k\u00f6k, t\u00e1bl\u00e1k vagy l\u00e1tv\u00e1nyos asztald\u00edszek<\/strong> k\u00e9sz\u00edt\u00e9s\u00e9re, amelyek m\u00e1r \u00f6nmagukban is \u00fcnnepi hangulatot adnak otthonodnak. N\u00e9ha el\u00e9g egy <strong>fa k\u00e1v\u00e9t\u00e1bla<\/strong> vagy egy m\u00e9ly, meleg t\u00f3nus\u00fa fat\u00e1lca a konyhaasztalon, m\u00e1ris \u00fajj\u00e1sz\u00fcletik a szoba.<\/p>\n<p>A meghitts\u00e9get m\u00e9g jobban fokozhatod, ha az ilyen fad\u00edszek mell\u00e9 \u0151szi textileket is r\u00e9tegezel: k\u00e9pzeld el, ahogy egy <strong>kock\u00e1s pl\u00e9d<\/strong> laz\u00e1n a kanap\u00e9ra van t\u00e9ve, <strong>puha v\u00e1szon asztali fut\u00f3<\/strong> van az asztalon, vagy egy <strong>vastag k\u00f6t\u00f6tt p\u00e1rna<\/strong> dobott a sz\u00e9kre. <strong>A f\u00f6ldsz\u00edn\u0171 textilek \u00e9s a nat\u00far fa fantasztikusan kieg\u00e9sz\u00edtik egym\u00e1st<\/strong>, \u00edgy lesz igaz\u00e1n meghitt \u00e9s otthonos a helyis\u00e9g.<\/p>\n<ul>\n<li>B\u00e1tran helyezz el fad\u00edszeket a lak\u00e1s t\u00f6bb pontj\u00e1n, hogy mindenhol \u00e9rezhet\u0151 legyen a meleg hat\u00e1s,<\/li>\n<li>k\u00fcl\u00f6n\u00f6sen j\u00f3l mutatnak a kandall\u00f3n elhelyezett rusztikus t\u00f6k\u00f6k,<\/li>\n<li>a bej\u00e1ratn\u00e1l l\u00e9v\u0151 l\u00e1dat\u00f6k\u00f6k azonnal vend\u00e9gv\u00e1r\u00f3 hangulatot keltenek,<\/li>\n<li>a teraszon, verand\u00e1n pedig pakolj ki palett\u00e1b\u00f3l k\u00e9sz\u00fclt t\u00f6k\u00f6ket,<\/li>\n<li>eg\u00e9sz\u00edtsd ki klasszikus \u0151szi elemekkel \u2013 tobozokkal, makkokkal, filc- vagy zs\u00e1kv\u00e1szonb\u00f3l k\u00e9sz\u00fclt girlandokkal.<\/li>\n<\/ul>\n<p><strong>Fa t\u00e1bl\u00e1k mosolyg\u00f3s feliratokkal, egyedi grav\u00edroz\u00e1ssal m\u00e9zsz\u00edn\u0171 vagy karamell \u00e1rnyalattal igaz\u00e1n otthonoss\u00e1 teszik a lak\u00e1st<\/strong>. <strong>Ezek a r\u00e9szletek egyszerre hozz\u00e1k a melegs\u00e9get \u00e9s a bar\u00e1ts\u00e1gos hangulatot.<\/strong><\/p>\n<p>Ha olcs\u00f3bb \u00f6tleteket keresel, gy\u0171jts \u00f6ssze marad\u00e9k fadarabokat \u00e9s k\u00e9sz\u00edts <strong>t\u00f6kd\u00edszeket, mini t\u00f6k\u00f6ket vagy \u0151szi bannert<\/strong>. Egy kis fest\u00e9kkel vagy p\u00e1ccal, arany, borosty\u00e1n vagy mahag\u00f3ni sz\u00ednekben, n\u00e9mi szalaggal vagy madzaggal gyorsan hangulatos, rusztikus d\u00edszek lesznek bel\u0151l\u00fck.<\/p>\n<ul>\n<li>tegy\u00e9l fah\u00e9jas m\u00e9cseseket fa l\u00e1mp\u00e1sba vagy m\u00e9csestart\u00f3ba,<\/li>\n<li>rendezd el \u0151ket polcokon vagy asztalon, hogy kellemes, pisl\u00e1kol\u00f3 f\u00e9ny legyen a szob\u00e1ban,<\/li>\n<li>d\u00edsz\u00edtsd fa t\u00e1lc\u00e1t bef\u0151ttes\u00fcveggel, d\u00edszt\u00f6kkel, minit\u00f6kkel,<\/li>\n<li>mutasd meg az el\u0151szob\u00e1ban vagy a doh\u00e1nyz\u00f3asztalon az elk\u00e9sz\u00fclt kompoz\u00edci\u00f3t,<\/li>\n<li>k\u00e9sz\u00edts saj\u00e1t kez\u0171leg t\u00e1bl\u00e1kat \u00fajrahasznos\u00edtott f\u00e1b\u00f3l, vagy ak\u00e1r egyedi t\u00f6kl\u00e1mp\u00e1st is, \u00edgy a dekor\u00e1ci\u00f3 k\u00fcl\u00f6nleges \u00e9s fenntarthat\u00f3 lesz.<\/li>\n<\/ul>\n<p><strong>Ha \u00f6sszehozod ezeket a meleg fa elemeket f\u00f6ldsz\u00edn\u0171 textilekkel, puha anyagokkal \u00e9s szezon\u00e1lis z\u00f6ldekkel, t\u00e9nyleg megjelenik otthonodban az \u0151sz \u00f6r\u00f6k, meghitt st\u00edlusa.<\/strong><\/p>\n<\/details><details class=\"g-accordion \"><summary><h3>Milyen modern dekor\u00e1ci\u00f3s \u00f6tletek vannak f\u00e1val?<\/h3><\/summary>\n<p><strong>A modern fa dekor\u00e1ci\u00f3k<\/strong> letisztult form\u00e1kkal \u00e9s egyszer\u0171 vonalakkal hozz\u00e1k el az eleg\u00e1ns, m\u00e9gis otthonos \u00e9rz\u00e9st. V\u00e1lassz ak\u00e1r letisztult b\u00fatort, geometrikus faldekor\u00e1ci\u00f3kat, vagy egyszer\u0171, polcos rendszereket, hogy a t\u00e9r leveg\u0151sebb legyen. <strong>Semleges sz\u00ednek \u2013 feh\u00e9r, sz\u00fcrke, b\u00e9zs, vagy fekete \u2013 nagyon j\u00f3l mutatnak a nat\u00far fa mellett, \u00edgy a modern st\u00edlus nem nehezedik r\u00e1 a szob\u00e1ra.<\/strong><\/p>\n<ul>\n<li>v\u00e1lassz fali polcokat vagy lebeg\u0151 padokat an\u00e9lk\u00fcl, hogy t\u00fal \u201eneh\u00e9z\u201d hat\u00e1st kelten\u00e9nek,<\/li>\n<li>egy k\u00e1v\u00e9z\u00f3asztal kombin\u00e1lhatja a f\u00e1t f\u00e9mmel vagy \u00fcveggel \u2013 \u00edgy egyszerre lesz ipari \u00e9s kort\u00e1rs a diz\u00e1jn,<\/li>\n<li>geometrikus falik\u00e9pek, absztrakt fa szobrok b\u00e1rmelyik helyis\u00e9get feldobj\u00e1k,<\/li>\n<li>el\u0151 a modern feliratokkal: egyszer\u0171 bet\u0171k, letisztult grafik\u00e1k b\u00e1rmikor cser\u00e9lhet\u0151k, friss\u00edthetik a szezon\u00e1lis st\u00edlust,<\/li>\n<li>egy di\u00f3b\u00f3l vagy hamuf\u00e1b\u00f3l k\u00e9sz\u00fclt k\u00f6zponti d\u00edsz f\u00e9ml\u00e1mp\u00e1sokkal is nagyon j\u00f3l mutat,<\/li>\n<li>modul\u00e1ris darabok \u2013 \u00e1ll\u00edthat\u00f3 rekeszek, polcok \u2013 seg\u00edtenek rugalmasan alkalmazkodni a k\u00fcl\u00f6nb\u00f6z\u0151 szob\u00e1khoz vagy ig\u00e9nyekhez.<\/li>\n<\/ul>\n<p>A vil\u00e1gos fa sz\u00ednek gyakran fekete f\u00e9mmel vagy \u00fcveggel t\u00e1rsulnak, ez <strong>modern \u0151szi dekor\u00e1ci\u00f3k\u00e9nt<\/strong> is remek\u00fcl m\u0171k\u00f6dik. Pr\u00f3b\u00e1ld ki, hogy n\u00e9h\u00e1ny feh\u00e9r fat\u00f6k\u00f6t \u00e9s geometrikus v\u00e1zasokat teszel a kandall\u00f3ra, vagy fa palett\u00e1b\u00f3l k\u00e9sz\u00fclt t\u00f6k\u00f6k mell\u00e9 felt\u0171n\u0151 gyertyatart\u00f3kat helyezel dekor\u00e1ci\u00f3ul.<\/p>\n<ul>\n<li>vidd be a karaktert ny\u00edrfa vagy t\u00f6lgy t\u00e1lc\u00e1val,<\/li>\n<li>haszn\u00e1lj letisztult bet\u0171t\u00edpussal k\u00e9sz\u00fclt n\u00e9vt\u00e1bl\u00e1kat,<\/li>\n<li>d\u00edsz\u00edts f\u00e1b\u00f3l v\u00e1gott bet\u0171kkel egyszer\u0171, sz\u00e9p \u00edr\u00e1sos st\u00edlusban,<\/li>\n<li>szerelj fel falra modern akaszt\u00f3kat, kamp\u00f3kat az el\u0151szob\u00e1ba a rendezetts\u00e9g\u00e9rt,<\/li>\n<li>adj melegs\u00e9get filc- vagy v\u00e1szon kieg\u00e9sz\u00edt\u0151kkel, visszafogott sz\u00ednekben.<\/li>\n<\/ul>\n<p><strong>Ha rendben tartod a fel\u00fcleteket, \u00e9s \u00fcgyesen kevered a hasznoss\u00e1got a st\u00edlussal, otthonod egyszerre lesz modern \u00e9s meghitt \u2013 k\u00fcl\u00f6n\u00f6sen \u0151sszel.<\/strong><\/p>\n<\/details><details class=\"g-accordion \"><summary><h3>Hogyan vihetsz be szezon\u00e1lis hangulatot fa dekor\u00e1ci\u00f3val?<\/h3><\/summary>\n<p><strong>Fa dekor\u00e1ci\u00f3kkal egyszer\u0171 \u00e9s \u00f6r\u00f6mteli \u0151szi hangulatot var\u00e1zsolni<\/strong> az otthonodba. Haszn\u00e1lj f\u00e1b\u00f3l k\u00e9sz\u00fclt t\u00f6k\u00f6ket, \u0151szi d\u00edszf\u00fcz\u00e9reket vagy rusztikus asztald\u00edszeket, \u00edgy minden helyis\u00e9gben \u00e9rezhet\u0151 lesz a hangulat. Akassz ki szezon\u00e1lis szavakat vagy id\u00e9zeteket tartalmaz\u00f3 fa t\u00e1bl\u00e1kat, amelyek bar\u00e1ts\u00e1gos \u00e9s meleg atmoszf\u00e9r\u00e1t adnak. Ha pedig makkokat, fa\u00e1gakat, tobozokat v\u00e1lasztasz kieg\u00e9sz\u00edt\u0151nek, m\u00e9g term\u00e9szetesebb lesz a d\u00edsz\u00edt\u00e9s.<\/p>\n<ul>\n<li>Keverj k\u00fcl\u00f6nb\u00f6z\u0151 fa \u00e1rnyalatokat \u00e9s fajt\u00e1kat \u2013 \u00edgy lesz igaz\u00e1n izgalmas az \u00f6sszk\u00e9p,<\/li>\n<li>pakolj egy-k\u00e9t fa l\u00e1d\u00e1t t\u00f6k\u00f6kkel, d\u00edszdi\u00f3kkal, hogy t\u00e9rben is tagolt legyen a dekor,<\/li>\n<li>tegy\u00e9l a doh\u00e1nyz\u00f3asztal k\u00f6zep\u00e9re egy \u00fajrahasznos\u00edtott fa t\u00e1lc\u00e1t, amit \u0151szi vir\u00e1gokkal t\u00f6ltesz meg,<\/li>\n<li>fesd le saj\u00e1t magad a fa leveleket \u00e9s k\u00e9sz\u00edts otthoni girlandot, hogy igaz\u00e1n szem\u00e9lyes legyen a dekor,<\/li>\n<li>helyezz ki egyedi fa t\u00e1bl\u00e1t az el\u0151szob\u00e1ba a vend\u00e9gek k\u00f6sz\u00f6nt\u00e9s\u00e9re.<\/li>\n<\/ul>\n<p>A meleg t\u00f3nus\u00fa <strong>t\u00f6lgy vagy di\u00f3fa<\/strong> nagyon j\u00f3l mutat vastag takar\u00f3kkal, puha p\u00e1rn\u00e1kkal kombin\u00e1lva \u2013 m\u00e9g otthonosabb lesz a szoba. L\u00f3g\u00f3 fa l\u00e1mp\u00e1sok vagy m\u00e9csestart\u00f3k a kandall\u00f3n \u00e9s asztalon l\u00e1gy f\u00e9nyt adnak, mik\u00f6zben emelik a dekor rusztikus b\u00e1j\u00e1t. A bej\u00e1ratn\u00e1l vagy l\u00e9pcs\u0151korl\u00e1ton is elf\u00e9r egy fa levelekkel d\u00edsz\u00edtett girland vagy p\u00e1r nat\u00far raklap t\u00f6k, \u00edgy mindenhol \u00e9rezhet\u0151 lesz az \u0151szi hangulat.<\/p>\n<ul>\n<li>\u00cdrj ki p\u00e9ld\u00e1ul \u201eH\u00e1l\u00e1sak vagyunk\u201d feliratot sz\u00e9p, \u00edrott fa bet\u0171kb\u0151l, hogy m\u00e9g szem\u00e9lyesebb legyen a dekor,<\/li>\n<li>engraved n\u00e9vt\u00e1bl\u00e1t is kihelyezhetsz a konyh\u00e1ba vagy el\u0151t\u00e9rbe, \u00edgy a csal\u00e1d is otthon \u00e9rezheti mag\u00e1t,<\/li>\n<li>k\u00e9zzel k\u00e9sz\u00fclt d\u00edszt\u00e1rgyak \u2013 t\u00f6kb\u0151l kirakott kompoz\u00edci\u00f3k, vagy vid\u00e1m pulyka asztald\u00edszek \u2013 igaz\u00e1n egyedi \u00f6tleteket hoznak,<\/li>\n<li>egyszer\u0171, p\u00e9nzt\u00e1rcabar\u00e1t projektekkel \u2013 p\u00e9ld\u00e1ul l\u00e1dat\u00f6k, t\u00e1blafest\u00e9kb\u0151l k\u00e9sz\u00fclt m\u0171v\u00e9szet \u2013 is remek\u00fcl berendezheted otthonod,<\/li>\n<li>r\u00e9tegezd a text\u00far\u00e1kat zs\u00e1kv\u00e1szonnal, filccel vagy fonallal, hogy a fa dekor is m\u00e9g \u00e9rdekesebb legyen.<\/li>\n<\/ul>\n<p><strong>Ha ezekhez m\u00e9g gazdag, f\u00f6ldsz\u00edn\u0171 \u00e1rnyalatokat p\u00e1ros\u00edtasz, minden szob\u00e1ban megjelenik az otthon melege, \u00e9s igaz\u00e1n \u0151szi lesz a hangulat.<\/strong><\/p>\n<\/details><details class=\"g-accordion \"><summary><h3>Milyen DIY \u00fatmutat\u00f3k seg\u00edtenek \u0151szi fa dekor k\u00e9sz\u00edt\u00e9s\u00e9hez?<\/h3><\/summary>\n<p><strong>Az \u0151szi fa dekor\u00e1ci\u00f3k saj\u00e1t kez\u0171 k\u00e9sz\u00edt\u00e9se<\/strong> egyszer\u0171v\u00e9 \u00e9s kreat\u00edvv\u00e1 teszi az \u00fcnnepi dekor\u00e1l\u00e1st. Pr\u00f3b\u00e1ld ki a <strong>fa t\u00f6k\u00f6k, rusztikus feliratok vagy mutat\u00f3s asztalk\u00f6z\u00e9pek<\/strong> elk\u00e9sz\u00edt\u00e9s\u00e9t, f\u0151leg <strong>\u00fajrahasznos\u00edtott anyagokb\u00f3l<\/strong>. Sok \u00f6tlethez el\u00e9g, ha marad\u00e9k fadarabokat haszn\u00e1lsz fel, \u00edgy <strong>p\u00e9nzt sp\u00f3rolsz \u00e9s hullad\u00e9kot is cs\u00f6kkentesz<\/strong>. K\u00e9sz\u00edthetsz p\u00e9ld\u00e1ul p\u00f3rtalan\u00edtott t\u00e1bl\u00e1ra t\u00e1blafest\u00e9kkel t\u00f6k\u00f6ket, f\u0171zhetsz \u0151szi z\u00e1szl\u00f3f\u00fcz\u00e9rt, vagy csin\u00e1lj hangulatos k\u00e1v\u00e9sarkot egy saj\u00e1t k\u00e9sz\u00edt\u00e9s\u0171 fa t\u00e1bl\u00e1val.<\/p>\n<ul>\n<li>fa t\u00f6k form\u00e1k egym\u00e1sra rak\u00e1sa,<\/li>\n<li>\u0151szi id\u00e9zetek fest\u00e9se raklapdarabokra,<\/li>\n<li>egyszer\u0171 doboz k\u00e9sz\u00edt\u00e9se, amit szezon\u00e1lis dekorral t\u00f6lthetsz meg,<\/li>\n<li>fa v\u00e1g\u00e1sa, csiszol\u00e1sa,<\/li>\n<li>\u0151szi sz\u00ednekre fest\u00e9s,<\/li>\n<li>v\u00e9g\u00fcl fonal, stencil vagy egy\u00e9b d\u00edszek hozz\u00e1ad\u00e1sa.<\/li>\n<\/ul>\n<p>Akik komolyabb projektekre v\u00e1llalkoznak, m\u00e9g t\u00f6bb inspir\u00e1ci\u00f3t tal\u00e1lnak: n\u00e9pszer\u0171 \u00f6tlet p\u00e9ld\u00e1ul a <strong>l\u00e1da-st\u00edlus\u00fa t\u00f6k, marad\u00e9k f\u00e1b\u00f3l k\u00e9sz\u00fclt mad\u00e1rijeszt\u0151 vagy r\u00e9tegesen egym\u00e1sra rakott t\u00f6kt\u00e1bla<\/strong>. Tal\u00e1lsz \u00fatmutat\u00f3t festett fa levelekb\u0151l k\u00e9sz\u00fclt f\u00fcz\u00e9rekhez, mini t\u00f6k\u00f6kh\u00f6z, filc- \u00e9s fa koszor\u00fakhoz, vagy rusztikus l\u00e1mp\u00e1sokhoz \u2013 ezek mind n\u00f6velik az \u0151szi hangulatot.<\/p>\n<ul>\n<li>grav\u00edrozz saj\u00e1t n\u00e9vt\u00e1bl\u00e1t,<\/li>\n<li>fa bet\u0171kb\u0151l rakd ki a kedvenc sz\u00f3t,<\/li>\n<li>k\u00e9sz\u00edts egyedi dekor\u00e1ci\u00f3t raklapb\u00f3l,<\/li>\n<li>pr\u00f3b\u00e1lgass k\u00fcl\u00f6nb\u00f6z\u0151 fest\u00e9keket, technik\u00e1kat,<\/li>\n<li>dekor\u00e1ld minden darabot saj\u00e1tos, kreat\u00edv \u00f6tletekkel.<\/li>\n<\/ul>\n<p><strong>A legt\u00f6bb projekthez el\u00e9g az alap szersz\u00e1m \u00e9s hozz\u00e1val\u00f3, val\u00f3sz\u00edn\u0171leg m\u00e1r otthon is megtal\u00e1lod \u0151ket<\/strong>, teh\u00e1t kezd\u0151knek is b\u00e1tran aj\u00e1nlott. A tapasztaltabb bark\u00e1csol\u00f3k pedig sz\u00e1mtalan m\u00f3don dolgozhatj\u00e1k tov\u00e1bb, szem\u00e9lyess\u00e9 tehetik minden egyes t\u00e1rgyat.<\/p>\n<ul>\n<li>fa szellemek Halloween-re,<\/li>\n<li>pulyka form\u00e1j\u00fa asztalid\u00edszek H\u00e1laad\u00e1sra,<\/li>\n<li>t\u00e1blafest\u00e9kkel \u00edrt, \u00fcdv\u00f6zl\u0151 feliratok \u0151szre,<\/li>\n<li>fa levelekb\u0151l k\u00e9sz\u00fclt girland kandall\u00f3ra vagy ajt\u00f3ra,<\/li>\n<li>meghitt fa k\u00f6zponti d\u00edszek a nappaliban.<\/li>\n<\/ul>\n<p><strong>Ha elk\u00e9sz\u00edted ezeket, a saj\u00e1t k\u00e9zzel k\u00e9sz\u00fclt dekor\u00e1ci\u00f3k igazi meleg, bar\u00e1ts\u00e1gos \u0151szi hangulatot visznek az otthonodba.<\/strong> Minden darab egyedi, szem\u00e9lyes, \u00e9s seg\u00edt igaz\u00e1n k\u00fcl\u00f6nlegess\u00e9 tenni az \u00e9vszakot.<\/p>\n<\/details><details class=\"g-accordion \"><summary><h3>Milyen egyszer\u0171 DIY fa projektek vannak \u0151szre?<\/h3><\/summary>\n<p><strong>Az egyszer\u0171 DIY fa projektek t\u00f6k\u00e9letesek, ha gyors, hangulatos \u0151szi \u00e1talak\u00edt\u00e1st szeretn\u00e9l otthonodba<\/strong>. Pr\u00f3b\u00e1ld ki p\u00e9ld\u00e1ul, hogy fav\u00e1g\u00e1sb\u00f3l sz\u00e1rmaz\u00f3 fat\u00e9gl\u00e1kat narancssz\u00edn\u0171re \u00e9s z\u00f6ldre festesz, t\u00f6kform\u00e1ra v\u00e1god, majd egym\u00e1sra rakod \u2013 ez egy igaz\u00e1n felt\u0171n\u0151 dekor\u00e1ci\u00f3 lesz.<\/p>\n<p>Gyors d\u00edsz kell? K\u00e9sz\u00edtsd el \u0151szi faleveles t\u00e1bl\u00e1dat: stencillel ak\u00e1r sz\u00ednes faleveleket, ak\u00e1r kedves \u0151szi mondatot festhetsz egy fat\u00e1bl\u00e1ra, \u00edgy r\u00f6gt\u00f6n k\u00e9sz, szezonhoz ill\u0151 dekor\u00e1ci\u00f3t kapsz. Egy kicsi fa t\u00e1lca is j\u00f3 \u00f6tlet: sz\u00f3rd bele t\u00f6k\u00f6ket, makkot vagy minit\u00f6k\u00f6ket, \u00e9s m\u00e1ris egyszer\u0171, m\u00e9gis sz\u00e9p k\u00f6zponti d\u00edszt kapsz az asztalra.<\/p>\n<ul>\n<li>szem\u00e9lyre szabott fa poh\u00e1ral\u00e1t\u00e9tek kezd\u0151knek is j\u00f3k,<\/li>\n<li>fesd vagy stencilleld \u0151ket levelekkel, t\u00f6k\u00f6kkel, makkal, hogy mutat\u00f3s k\u00e1v\u00e9z\u00f3asztali d\u00edszek legyenek,<\/li>\n<li>rakj egym\u00e1sra fa l\u00e1d\u00e1kat a bej\u00e1ratn\u00e1l, a teraszon, fill\u00e9res d\u00edszekkel felt\u00f6ltve igaz\u00e1n bar\u00e1ts\u00e1gos fogad\u00f3t kapsz,<\/li>\n<li>DIY fat\u00e1bl\u00e1k \u201eH\u00e1l\u00e1sak vagyunk\u201d vagy \u201e\u0150szi \u00fcdv\u00f6zlet\u201d felirattal m\u00e9g szem\u00e9lyesebbek lesznek,<\/li>\n<li>a kiv\u00e1gott fa t\u00f6k\u00f6ket vagy leveleket is lef\u0171r\u00e9szelheted, festheted, \u00e1tf\u0171zheted, \u00e9s f\u00fcz\u00e9rnek akaszthatod a kandall\u00f3ra vagy ajt\u00f3ra.<\/li>\n<\/ul>\n<p>Van otthon marad\u00e9k faanyag? K\u00e9sz\u00edtsd el bel\u0151le rusztikus terasz mad\u00e1rijeszt\u0151t, szellemet Halloween-re, vagy csin\u00e1lj t\u00f6kform\u00e1t szegecsekkel, madzaggal tekerd k\u00f6rbe \u201estring art\u201d technik\u00e1val. <strong>Ezek a projektek mindegyike csak p\u00e1r alap szersz\u00e1mot ig\u00e9nyelnek: f\u0171r\u00e9sz, csiszol\u00f3, kev\u00e9s fest\u00e9k, ragaszt\u00f3 \u2013 kezd\u0151k is b\u00e1tran belev\u00e1ghatnak.<\/strong><\/p>\n<p>Ne feledd, ak\u00e1r egy kis fa t\u00e1lc\u00e1t vagy v\u00e1g\u00f3deszk\u00e1t is feldobhatsz \u0151szi mint\u00e1val, \u00e9s szezon\u00e1lis vend\u00e9gv\u00e1r\u00f3k\u00e9nt haszn\u00e1lhatod. <strong>A szem\u00e9lyes dolgok \u2013 mint p\u00e9ld\u00e1ul fa bet\u0171kb\u0151l kirakott szavak, csal\u00e1di n\u00e9v a t\u00e1bl\u00e1n, vagy kr\u00e9tat\u00e1bla-jel, amely \u00fcdv\u00f6zli a vend\u00e9geket \u2013 m\u00e9g t\u00f6bb melegs\u00e9get visznek a lak\u00e1sba.<\/strong><\/p>\n<p>Legyen ak\u00e1r vid\u00e9kies, rusztikus vagy modern a st\u00edlusod, ezek az <strong>olcs\u00f3 fa dekor\u00e1ci\u00f3k<\/strong> k\u00f6nny\u0171, k\u00e9zm\u0171ves megold\u00e1st k\u00edn\u00e1lnak arra, hogy otthonod minden szeglet\u00e9t igazi, h\u00edvogat\u00f3 \u0151szi hangulattal t\u00f6ltsd meg.<\/p>\n<\/details><details class=\"g-accordion \"><summary><h3>Milyen egyszer\u0171, kezd\u0151bar\u00e1t fa k\u00e9zm\u0171ves \u00f6tletek vannak?<\/h3><\/summary>\n<p><strong>K\u00f6nny\u0171 famegmunk\u00e1l\u00f3 projektek<\/strong> t\u00f6k\u00e9letesek azoknak, akik most v\u00e1gnak bele, mert csak alapszersz\u00e1m kell hozz\u00e1juk, \u00e9s nincs sz\u00fcks\u00e9g el\u0151zetes gyakorlatra sem.<\/p>\n<ul>\n<li>festett fa feliratok: csiszolj le egy deszk\u00e1t, majd szabad k\u00e9zzel vagy sablon seg\u00edts\u00e9g\u00e9vel fess r\u00e1 mint\u00e1t vagy sz\u00f6veget,<\/li>\n<li>fa poh\u00e1ral\u00e1t\u00e9t: marad\u00e9k fadarabokb\u00f3l k\u00f6r vagy n\u00e9gyzet alak\u00fa al\u00e1t\u00e9tek, amiket \u0151szi mint\u00e1kkal \u2013 levelek, t\u00f6k\u00f6k, makkok \u2013 dekor\u00e1lhatsz,<\/li>\n<li>fa t\u00f6kform\u00e1k: v\u00e1gj ki t\u00f6k alakokat f\u00e1b\u00f3l, \u00e9s fesd narancss\u00e1rga, z\u00f6ld sz\u00ednnel,<\/li>\n<li>rusztikus raklap t\u00f6k\u00f6k: k\u00e9sz\u00edts t\u00f6k\u00f6t r\u00e9gi raklapb\u00f3l, csiszold le, fesd ki, csavard k\u00f6rbe madzaggal vagy zs\u00e1kv\u00e1szonnal a b\u00e1jos hat\u00e1s\u00e9rt,<\/li>\n<li>fa k\u00e1v\u00e9t\u00e1bla: egy kisebb lapon k\u00e9zzel \u00edrd r\u00e1 a sz\u00f6veget, vagy haszn\u00e1lj sablonokat a tiszta, modern bet\u0171kh\u00f6z,<\/li>\n<li>\u0151szi z\u00e1szl\u00f3k, girlandok: pici fa leveleket vagy t\u00f6k\u00f6ket f\u0171zz fel zsinegre \u2013 ragaszd vagy k\u00f6sd is oda minden elemet,<\/li>\n<li>festett fa kock\u00e1k: rakd egym\u00e1sra a festett kubusokat, \u00edgy egyszer\u0171, de karakteres d\u00edszt kapsz.<\/li>\n<\/ul>\n<p><strong>Az \u00f6sszes projekt k\u00f6nnyen elk\u00e9sz\u00edthet\u0151, kev\u00e9s alapanyag kell, \u00edgy el\u00e9rhet\u0151 \u00e9s olcs\u00f3 m\u00f3dja annak, hogy kipr\u00f3b\u00e1ld a bark\u00e1csol\u00e1st<\/strong>. Lehet sz\u00f3 fat\u00e1bl\u00e1kr\u00f3l, poh\u00e1ral\u00e1t\u00e9tr\u0151l vagy t\u00f6k alak\u00fa v\u00e1g\u00e1sr\u00f3l, girlandr\u00f3l, k\u00f6zponti d\u00edszr\u0151l \u2013 mind p\u00e9nzt\u00e1rcabar\u00e1t, \u00e9s azonnal otthonoss\u00e1, hangulatoss\u00e1 var\u00e1zsolja a szob\u00e1d.<\/p>\n<\/details><details class=\"g-accordion \"><summary><h3>Hogyan k\u00e9sz\u00edthetsz egyszer\u0171 fa dekor\u00e1ci\u00f3kat \u0151szre?<\/h3><\/summary>\n<p>Egyszer\u0171 f\u00e1b\u00f3l k\u00e9sz\u00fclt \u0151szi d\u00edszeket k\u00e9sz\u00edteni k\u00f6nny\u0171 \u00e9s igaz\u00e1n \u00e9lvezetes. P\u00e1r alapvet\u0151 szersz\u00e1mmal \u00e9s egy csipetnyi kreativit\u00e1ssal rengeteg szezon\u00e1lis d\u00edszt el\u0151\u00e1ll\u00edthatsz. <strong>F\u00e1ra v\u00e1gott, festett t\u00f6k\u00f6k a legjobb kezd\u00e9shez \u2013 csak v\u00e1gj ki t\u00f6k form\u00e1kat marad\u00e9k f\u00e1b\u00f3l, fesd le narancs vagy feh\u00e9r sz\u00ednre, d\u00edsz\u00edtsd z\u00f6ld filccel, madzaggal vagy p\u00e1lcik\u00e1val sz\u00e1rnak<\/strong>. Ez a projekt gyorsan k\u00e9sz, \u00e9s szuper \u0151szi hangulatot ad.<\/p>\n<p>Ha jobban szereted a rusztikus st\u00edlust, pr\u00f3b\u00e1lj ki egy \u0151szi fat\u00e1bl\u00e1t: sima deszk\u00e1ra \u00edrj mondjuk \u201eSz\u00fcret\u201d vagy \u201eH\u00e1l\u00e1sak vagyunk\u201d feliratot, majd fess r\u00e1 k\u00e9zzel leveleket vagy makkokat \u2013 \u00edgy a teraszodon vagy a lak\u00e1sban is \u00fcnnepi lesz a hangulat.<\/p>\n<p>Ha m\u00e9g melegebb \u00f6sszhat\u00e1st szeretn\u00e9l, k\u00e9sz\u00edts fa lev\u00e9l girlandot: v\u00e9kony falapb\u00f3l v\u00e1gj ki leveleket, fesd \u0151ket f\u00f6ldsz\u00ednekre, majd f\u0171zd fel zsinegre. A kandall\u00f3ra vagy ajt\u00f3ra akasztva <strong>ez a girland azonnal beszippantja a szob\u00e1t az \u0151szi hangulatba<\/strong>.<\/p>\n<ul>\n<li>Kezd\u0151nek val\u00f3k p\u00e9ld\u00e1ul a dekorat\u00edv v\u00e1g\u00f3deszk\u00e1k \u2013 legyen rajtuk festett t\u00f6kminta vagy karcolt dekor\u00e1ci\u00f3,<\/li>\n<li>mutasd ki az asztalon vagy a konyh\u00e1ban,<\/li>\n<li>rakj egym\u00e1sra fa l\u00e1d\u00e1kat, t\u00f6ltsd meg \u0151ket m\u0171t\u00f6kkel, pl\u00e9dekkel vagy \u0151szi t\u00e1bl\u00e1kkal a teraszra,<\/li>\n<li>de polcra vagy asztalra is tegy\u00e9l festett fa kock\u00e1kat, pici k\u00e1v\u00e9t\u00e1bl\u00e1kat \u0151szi mot\u00edvumokkal.<\/li>\n<\/ul>\n<p>Ha vid\u00e9ki hangulatot szeretn\u00e9l, burkold be a far\u00f6nk\u00f6ket b\u0151r cs\u00edkkal vagy zs\u00e1kv\u00e1szonnal, ebb\u0151l is k\u00e9sz\u00edthetsz t\u00f6k\u00f6ket. A l\u00e1dat\u00f6k szint\u00e9n egyszer\u0171: rakj p\u00e1r fa l\u00e9cegyet egym\u00e1sra, fesd pasztell vagy kr\u00e9ta\u00e1rnyalatokra, \u00e9s m\u00e1ris rusztikus dekorod lesz.<\/p>\n<p>Haszn\u00e1ld fel a marad\u00e9k f\u00e1t: form\u00e1zz bel\u0151le erdei \u00e1llatk\u00e1t, kis makkot vagy b\u00e1rmit, amit el tudsz k\u00e9pzelni. Ezek k\u00f6r\u00fcl n\u00e9h\u00e1ny toboz \u00e9s m\u00e9cses igaz\u00e1n kedves k\u00f6zponti d\u00edsz az asztalon, <strong>adj\u00e1k az extra otthonoss\u00e1got<\/strong>.<\/p>\n<p>Egy kis f\u0171r\u00e9sz, smirgli, fest\u00e9k \u00e9s ragaszt\u00f3 b\u0151ven el\u00e9g, hogy szinte b\u00e1rki kipr\u00f3b\u00e1lhassa ezeket az \u0151szi bark\u00e1cs\u00f6tleteket. <strong>Kezd\u0151k is b\u00e1tran belefoghatnak, olcs\u00f3n feldobhatj\u00e1k vel\u00fck a szob\u00e1t, minden sarokba bek\u00f6lt\u00f6zik az \u0151szi meghitts\u00e9g.<\/strong><\/p>\n<\/details><details class=\"g-accordion \"><summary><h3>Milyen fa dekor\u00e1ci\u00f3kat k\u00e9sz\u00edthetsz \u0151szre?<\/h3><\/summary>\n<p><strong>Sz\u00e1mtalan \u00f6tlet van arra<\/strong>, <strong>hogyan vidd be az \u0151szt otthonodba fa d\u00edsz\u00edt\u00e9ssel<\/strong>. K\u00e9sz\u00edts p\u00e9ld\u00e1ul t\u00f6k\u00f6t marad\u00e9k fadarabb\u00f3l \u2013 csak p\u00e1r egyszer\u0171 form\u00e1t v\u00e1gj ki, fesd le \u0151ket meleg \u0151szi \u00e1rnyalatokra. Ez egy gyors, m\u00e9gis \u00f6r\u00f6kz\u00f6ld projekt. A marad\u00e9k fadarabokb\u00f3l rakott t\u00f6k t\u00e1bl\u00e1k, l\u00e1da alak\u00fa vagy semleges sz\u00edn\u0171 paletta t\u00f6k\u00f6k szint\u00e9n hozz\u00e1k a h\u00edvogat\u00f3, vid\u00e9ki \u00e9rz\u00e9st.<\/p>\n<ul>\n<li>Mad\u00e1rijeszt\u0151t is k\u00f6nny\u0171 \u00f6sszerakni fa kar\u00f3kb\u00f3l, egy kis textillel vagy zs\u00e1kv\u00e1szonnal feld\u00edsz\u00edtve \u2013 ez szuper k\u00fclt\u00e9ri dekor,<\/li>\n<li>\u201eH\u00e1l\u00e1sak vagyunk\u201d, \u201e\u0150szi \u00fcdv\u00f6zlet\u201d felirat\u00fa fa t\u00e1bl\u00e1k a bej\u00e1ratn\u00e1l, kandall\u00f3n vagy teraszon vend\u00e9gv\u00e1r\u00f3, bar\u00e1ts\u00e1gos hangulatot keltenek,<\/li>\n<li>az \u00e9tkez\u0151asztalra k\u00e9sz\u00edts rusztikus fat\u00e1lc\u00e1t vagy d\u00edszdobozt, amit mini t\u00f6k\u00f6kkel, makkokkal, m\u0171 levelekkel t\u00f6lthetsz fel \u2013 \u00edgy gy\u00f6ny\u00f6r\u0171, term\u00e9szetes d\u00edszed lesz,<\/li>\n<li>apr\u00f3bb \u00f6tletek: fa poh\u00e1ral\u00e1t\u00e9t, feh\u00e9r\u00edtett t\u00f6k \u2013 mind dekorat\u00edv, de funkcion\u00e1lis is,<\/li>\n<li>fali dekor\u00e1ci\u00f3 p\u00e9ld\u00e1ul festett fa levelekb\u0151l, n\u00e9vt\u00e1bl\u00e1kb\u00f3l, vagy d\u00edszes bet\u0171kb\u0151l kirakott szavakkal is bar\u00e1ts\u00e1gos hat\u00e1st kelt b\u00e1rmelyik helyis\u00e9gben,<\/li>\n<li>fa girland is mutat\u00f3s: fess t\u00f6k\u00f6ket, leveleket, k\u00f6sd \u0151ket egy madzagra, \u00e9s m\u00e1r k\u00e9sz is az \u00fcnnepi f\u00fcz\u00e9r,<\/li>\n<li>Halloween vagy H\u00e1laad\u00e1s idej\u00e9n szellemes fa figur\u00e1kkal (szellem, s\u00edrk\u0151, pulyka) m\u00e9g j\u00e1t\u00e9kosabb lesz a dekor.<\/li>\n<\/ul>\n<p><strong>\u00dajrahasznos\u00edtott f\u00e1b\u00f3l k\u00e9sz\u00fclt m\u00e9cses-l\u00e1mp\u00e1sok l\u00e1gy, meleg f\u00e9nyt adnak<\/strong>. Tobozos, fa elemekkel kombin\u00e1lt koszor\u00fak vagy kr\u00e9tat\u00e1bl\u00e1b\u00f3l k\u00e9sz\u00fclt feliratok is szem\u00e9lyesebb\u00e9 teszik a dekor\u00e1ci\u00f3t. Ezek a projektek h\u00e9tk\u00f6znapi alapanyagokb\u00f3l, n\u00e9h\u00e1ny egyszer\u0171 szersz\u00e1mmal is elk\u00e9sz\u00edthet\u0151k, \u00edgy b\u00e1rki nyugodtan kipr\u00f3b\u00e1lhatja. <strong>Minden \u00f6tletben benne van a kreativit\u00e1s, a k\u00e9zzelfoghat\u00f3s\u00e1g \u00e9s az \u0151szi meghitts\u00e9g \u2013 ett\u0151l lesz igaz\u00e1n otthonos a szezon.<\/strong><\/p>\n<\/details> <details class=\"g-accordion \"><summary><h3>Milyen egyszer\u0171 \u0151szi fa bark\u00e1cs\u00f6tletek vannak?<\/h3><\/summary>\n<p><strong>Egy j\u00f3l megv\u00e1lasztott, egyszer\u0171 fa k\u00e9zm\u0171ves projekt igaz\u00e1n szem\u00e9lyess\u00e9 \u00e9s otthonoss\u00e1 teszi a lak\u00e1sod \u0151szi dekor\u00e1ci\u00f3j\u00e1t.<\/strong> K\u00e9sz\u00edthetsz p\u00e9ld\u00e1ul fa t\u00f6k kock\u00e1kat: v\u00e1gj marad\u00e9k f\u00e1b\u00f3l k\u00fcl\u00f6nb\u00f6z\u0151 m\u00e9ret\u0171 t\u00e9glalapokat, fesd \u0151ket a betakar\u00edt\u00e1s sz\u00edneire, majd pakold egym\u00e1sra \u2013 nagyon vid\u00e1m hangulatot adnak.<\/p>\n<p>Ha a falra vagy a kandall\u00f3p\u00e1rk\u00e1nyra keresel \u00f6tletet, vegy\u00e9l el\u0151 egy fa deszk\u00e1t, \u0151szi \u00e1rnyalat\u00fa fest\u00e9keket \u00e9s egy falev\u00e9l sablont, \u00e9s k\u00e9sz\u00edts vibr\u00e1l\u00f3 lev\u00e9lmint\u00e1s t\u00e1bl\u00e1csk\u00e1t!<\/p>\n<p><strong>Az asztalodra is k\u00f6nnyen csemp\u00e9szhetsz rusztikus hangulatot.<\/strong><\/p>\n<ul>\n<li>t\u00f6lts meg egy fakosarat vagy t\u00e1lc\u00e1t kis t\u00f6k\u00f6kkel, tobozokkal, makkakal \u00e9s n\u00e9h\u00e1ny gyerty\u00e1val,<\/li>\n<li>fess h\u00e1romsz\u00f6g alak\u00fa fadarabokat meleg f\u00f6ldsz\u00ednekre, majd f\u0171zd fel \u0151ket egy m\u00f3k\u00e1s girlandnak,<\/li>\n<li>fess feh\u00e9rre n\u00e9h\u00e1ny fa t\u00f6k\u00f6t, \u00e9s egy kis arany fest\u00e9kkel dobd fel \u0151ket \u2013 ez modern hangulatot ad,<\/li>\n<li>k\u00e9sz\u00edts rusztikus fa t\u00f6k\u00f6ket \u00fajrahasznos\u00edtott f\u00e1b\u00f3l, d\u00edsz\u00edtsd b\u0151r szalaggal vagy zsineggel,<\/li>\n<li>marad\u00e9k fadarabokb\u00f3l fess vicces mad\u00e1rijeszt\u0151ket, amiket sz\u00f6vetb\u0151l vagy zs\u00e1kv\u00e1szonb\u00f3l k\u00e9sz\u00fclt ruh\u00e1csk\u00e1kba \u00f6lt\u00f6ztetsz,<\/li>\n<li>fa poh\u00e1ral\u00e1t\u00e9teket is dekor\u00e1lhatsz \u0151szi lev\u00e9l- vagy makkmint\u00e1val, hogy szezon\u00e1lis hangulatot var\u00e1zsolj.<\/li>\n<\/ul>\n<p><strong>Praktikus \u00f6tletek is b\u0151ven akadnak.<\/strong> D\u00edsz\u00edts egy fa t\u00e1lc\u00e1t vagy v\u00e1g\u00f3deszk\u00e1t \u0151szi mint\u00e1kkal, vagy k\u00e9sz\u00edts kis \u00edr\u00f3t\u00e1bl\u00e1t \u00fajrafelhaszn\u00e1lt f\u00e1b\u00f3l, \u00e9s \u00edrj r\u00e1 szezon\u00e1lis \u00fczenetet.<\/p>\n<p>Szinte mindegyik projekthez alig kell alapanyag vagy eszk\u00f6z, vagyis p\u00e9nzt\u00e1rcabar\u00e1t \u00e9s kezd\u0151k sz\u00e1m\u00e1ra is k\u00f6nny\u0171. Ezekkel a k\u00e9zm\u0171ves \u00f6tletekkel bar\u00e1ts\u00e1gos \u00e9s eredeti \u0151szi dekor\u00e1ci\u00f3t var\u00e1zsolhatsz, <strong>minden sarokba becsemp\u00e9szve a saj\u00e1t, k\u00e9zm\u0171ves hangulatod.<\/strong><\/p>\n<\/details><details class=\"g-accordion \"><summary><h3>Hogyan k\u00e9sz\u00edts DIY \u0151szi fa t\u00e1bl\u00e1t?<\/h3><\/summary>\n<p>Kezdd az \u0151szi fa t\u00e1bla k\u00e9sz\u00edt\u00e9s\u00e9t egy tiszta, sima fel\u00fclet\u0171 fadarab kiv\u00e1laszt\u00e1s\u00e1val. <strong>J\u00f3l csiszold le, hogy a fest\u00e9k igaz\u00e1n sz\u00e9pen tapadjon r\u00e1<\/strong>. V\u00e1lassz <strong>akrilfest\u00e9ket<\/strong> vagy <strong>fa p\u00e1cot<\/strong> meleg \u0151szi sz\u00ednekkel: narancs, barna vagy arany mind j\u00f3 v\u00e1laszt\u00e1s! Fess r\u00e1 egy \u0151szi hangulat\u00fa \u00fczenetet, p\u00e9ld\u00e1ul: \u201e\u00dcdv, \u0151sz!\u201d, \u201eH\u00e1l\u00e1s sz\u00edvvel\u201d, \u201e\u0150szi \u00e1ld\u00e1s\u201d. Ha <strong>szab\u00e1lyos, sz\u00e9p bet\u0171ket szeretn\u00e9l<\/strong>, haszn\u00e1lj vinil vagy \u00fajb\u00f3l felhaszn\u00e1lhat\u00f3 bet\u0171sablont hobbi boltb\u00f3l.<\/p>\n<ul>\n<li>ha megsz\u00e1radt az \u00fczenet, ragassz r\u00e1 filc vagy fa leveleket, apr\u00f3 t\u00f6k\u00f6ket vagy makkokat a sz\u00e9lekre,<\/li>\n<li>adj text\u00far\u00e1t masnival \u2013 kenderzsinegb\u0151l vagy kock\u00e1s szalagb\u00f3l \u2013, vagy p\u00e1r minitobozzal,<\/li>\n<li>rusztikus hat\u00e1shoz finoman csiszold vissza a festett sz\u00e9leket, vagy csak r\u00e9szlegesen fess r\u00e1 p\u00e1cot,<\/li>\n<li>ha kintre sz\u00e1nod, kenj r\u00e1 \u00e1tl\u00e1tsz\u00f3 v\u00e9d\u0151r\u00e9teget, hogy tov\u00e1bb b\u00edrja az id\u0151j\u00e1r\u00e1st,<\/li>\n<li>ha k\u00fcl\u00f6nlegesebb fel\u00fcletet szeretn\u00e9l, haszn\u00e1lj marad\u00e9k f\u00e1t, r\u00e9gi raklapt\u00e1bl\u00e1kat vagy l\u00e1d\u00e1k l\u00e9ceit.<\/li>\n<\/ul>\n<p>Ha szereted a v\u00e1ltozatoss\u00e1got, pr\u00f3b\u00e1ld ki a <strong>t\u00e1blafest\u00e9ket \u2013 \u00edgy kr\u00e9tamarkerrel mindig \u00faj \u00fczenetet \u00edrhatsz r\u00e1<\/strong>. Akaszt\u00e1shoz csavarj a h\u00e1tulj\u00e1ra fogas akaszt\u00f3t, vagy f\u00farj r\u00e1 lyukat, \u00e9s f\u0171zz \u00e1t rajta zsineget.<\/p>\n<p><strong>P\u00e1r egyszer\u0171 alapanyaggal \u00e9s egy adag kreativit\u00e1ssal igaz\u00e1n szem\u00e9lyre szabhat\u00f3, olcs\u00f3 \u0151szi fa t\u00e1bl\u00e1kat k\u00e9sz\u00edthetsz, amik v\u00e9gigk\u00eds\u00e9rik az \u00e9vszakot, \u00e9s feldobj\u00e1k az otthonodat!<\/strong><\/p>\n<\/details><details class=\"g-accordion \"><summary><h3>Milyen k\u00fcl\u00f6nleges fa t\u00e1bla \u00f6tletek vannak \u0151szre?<\/h3><\/summary>\n<p>Ha szeretn\u00e9l valami \u00fajat, pr\u00f3b\u00e1ld ki az ilyen feliratokat: <strong>\u201eB\u0151s\u00e9g\u201d, \u201e\u0150szi \u00f6sszej\u00f6vetelek\u201d vagy \u201eH\u00e1l\u00e1s sz\u00edvek\u201d.<\/strong> Dobd fel a t\u00e1bl\u00e1t \u00e1gacsk\u00e1kkal, pr\u00e9selt levelekkel vagy sz\u00e1r\u00edtott vir\u00e1gokkal \u2013 ezek term\u00e9szetes, meleg, tapinthat\u00f3 hangulatot adnak, ami nagyon j\u00f3l illik az \u0151szh\u00f6z.<\/p>\n<p>Cser\u00e9lhet\u0151 fa t\u00e1bl\u00e1k m\u00e9g j\u00e1t\u00e9kosabb\u00e1 teszik a dekor\u00e1ci\u00f3t. <strong>T\u00e9p\u0151z\u00e1rral, m\u00e1gnessel vagy akaszt\u00f3val<\/strong> k\u00f6nnyed\u00e9n lecser\u00e9lheted a festett t\u00f6k\u00f6t, pulyk\u00e1t vagy levelet, amikor \u00fajabb \u00fcnnep j\u00f6n vagy \u00faj \u00f6tleted t\u00e1mad. <strong>A r\u00e9szletek cser\u00e9je pillanatok m\u0171ve \u2013 a t\u00e1bl\u00e1d mindig aktu\u00e1lis lesz!<\/strong><\/p>\n<ul>\n<li>marad\u00e9k f\u00e1b\u00f3l v\u00e1gj ki z\u00e1szl\u00f3-form\u00e1kat,<\/li>\n<li>fesd meg mindegyiket k\u00fcl\u00f6n mint\u00e1val \u2013 cs\u00edkokkal, p\u00f6tty\u00f6kkel vagy makk\/t\u00f6k sziluettel,<\/li>\n<li>rakj egym\u00e1sra elt\u00e9r\u0151 m\u00e9ret\u0171 fa t\u00f6k\u00f6ket t\u00f6bb r\u00e9tegben,<\/li>\n<li>d\u00edsz\u00edtsd zsineggel, b\u0151rrel vagy monogrammal,<\/li>\n<li>v\u00e1lassz rusztikus, kopottas faanyagot hangulathoz.<\/li>\n<\/ul>\n<p>\u0150szi id\u00e9zeteket sablonnal vagy neveket grav\u00edrozva m\u00e9g szem\u00e9lyesebb\u00e9 teheted. A t\u00e1blafest\u00e9kes v\u00e1ltozat rugalmas: el\u00e9g, ha egy darab \u00fajrahasznos\u00edtott f\u00e1t befestesz, majd k\u00e9zzel \u00edrsz r\u00e1 \u00fczeneteket, vagy ak\u00e1r visszasz\u00e1molod rajta a napokat h\u00e1laad\u00e1sig. Ha klasszikus vid\u00e9ki st\u00edlust szeretn\u00e9l, pr\u00f3b\u00e1ld ki a festett f\u00e1b\u00f3l kiv\u00e1gott feliratokat: p\u00e9ld\u00e1ul a <strong>\u201eH\u00e1l\u00e1s\u201d<\/strong> sz\u00f3t ragaszd egy s\u00f6t\u00e9tre p\u00e1colt lapra, \u00e9s dekor\u00e1ld val\u00f3di tobozzal vagy makkal!<\/p>\n<p>L\u00e1gyabb sz\u00ednek is gy\u00f6ny\u00f6r\u0171ek \u0151sszel: feh\u00e9rre festett t\u00f6k vagy arany peremek eleg\u00e1nsabb, modernebb hat\u00e1st keltenek. <strong>Ezek a k\u00e9zzel k\u00e9sz\u00fclt t\u00e1bl\u00e1k lehetnek asztali d\u00edszek, ajt\u00f3d\u00edszek, vagy falra, kandall\u00f3p\u00e1rk\u00e1nyra rendezett fali gal\u00e9ria darabjai is.<\/strong><\/p>\n<p><strong>A legjobb, hogy mindezekhez el\u00e9g p\u00e1r olcs\u00f3 alapanyag \u2013 r\u00e9gi f\u00e1val, nat\u00far dekorral igaz\u00e1n kreat\u00edv \u00e9s praktikus m\u00f3don k\u00f6sz\u00f6ntheted az \u0151szt!<\/strong><\/p>\n<\/details><details class=\"g-accordion \"><summary><h3>Hogyan k\u00e9sz\u00edts \u0151szi fa t\u00e1bl\u00e1t l\u00e9p\u00e9sr\u0151l l\u00e9p\u00e9sre?<\/h3><\/summary>\n<p>Egyedi \u0151szi fa t\u00e1bla k\u00e9sz\u00edt\u00e9s\u00e9hez v\u00e1lassz ki egy deszk\u00e1t \u2013 <strong>feny\u0151 vagy palettdeszka<\/strong> t\u00f6k\u00e9letes lesz. Csiszold sim\u00e1ra, <strong>\u00edgy j\u00f3l tapad majd r\u00e1 a fest\u00e9k vagy p\u00e1c, \u00e9s nem lesz sz\u00e1lk\u00e1s<\/strong>.<\/p>\n<p>Ha k\u00e9sz a fa, fesd \u00e1t a h\u00e1tter\u00e9t kedvenc \u0151szi sz\u00edneddel. <strong>K\u00fcl\u00f6n\u00f6sen sz\u00e9pek lehetnek a narancs, m\u00e9ly barna, arany vagy kr\u00e9m \u00e1rnyalatok<\/strong>. Mind az akrilfest\u00e9k, mind a fa p\u00e1c sz\u00f3ba j\u00f6het \u2013 csak v\u00e1rd meg, m\u00edg teljesen megsz\u00e1rad!<\/p>\n<p>Ha megsz\u00e1radt, j\u00f6het a felirat. Sablonnal tudsz sz\u00e9p, szab\u00e1lyos bet\u0171ket k\u00e9sz\u00edteni, de nyugodtan festhetsz szabad k\u00e9zzel is, ha szem\u00e9lyesebb hangulatot szeretn\u00e9l. <strong>A legn\u00e9pszer\u0171bb \u00fczenetek: \u201e\u00dcdv, \u0151sz!\u201d, \u201eH\u00e1l\u00e1s sz\u00edvvel\u201d, \u201e\u0150szi \u00e1ld\u00e1s\u201d<\/strong>. Haszn\u00e1lj vastagabb bet\u0171ket, hogy j\u00f3l l\u00e1that\u00f3 legyen, \u00e9s sablon vagy \u00f6ntapad\u00f3s bet\u0171 seg\u00edt, hogy pontos legyen a munka.<\/p>\n<p>Ezek ut\u00e1n d\u00edsz\u00edtheted \u0151szi kell\u00e9kekkel:<\/p>\n<ul>\n<li>rajszolj vagy fess r\u00e1 leveleket, t\u00f6k\u00f6ket vagy makkot,<\/li>\n<li>ragassz r\u00e1 apr\u00f3 faform\u00e1kat vagy m\u0171leveleket,<\/li>\n<li>z\u00e1rd le zsinegmassn\u00e1val,<\/li>\n<li>ragassz v\u00e9kony fa peremet a sz\u00e9l\u00e9re a hangs\u00faly kedv\u00e9\u00e9rt,<\/li>\n<li>sz\u00e1rad\u00e1s ut\u00e1n finoman d\u00f6rzs\u00f6ld vissza itt-ott a fest\u00e9ket, hogy r\u00e9giesebb legyen.<\/li>\n<\/ul>\n<p>Amikor k\u00e9szen \u00e1ll a t\u00e1bla, tedd fel az akaszt\u00f3t: a f\u0171r\u00e9szes akaszt\u00f3 a legegyszer\u0171bb, de f\u00farhatsz lyukat is, \u00e9s \u00e1tf\u0171zhetsz rajta zsineget. <strong>Ha kint szeretn\u00e9d haszn\u00e1lni, kenj r\u00e1 v\u00e9d\u0151lakkot, hogy meg\u00f3vd az id\u0151j\u00e1r\u00e1st\u00f3l<\/strong>.<\/p>\n<p>Ezekhez a projektekhez csak n\u00e9h\u00e1ny dolog kell:<\/p>\n<ul>\n<li>fa,<\/li>\n<li>csiszol\u00f3pap\u00edr,<\/li>\n<li>fest\u00e9k,<\/li>\n<li>sablon,<\/li>\n<li>ragaszt\u00f3.<\/li>\n<\/ul>\n<p><strong>Ha r\u00e9gi fest\u00e9ket vagy marad\u00e9k f\u00e1t haszn\u00e1lsz, m\u00e9g sp\u00f3rolhatsz is \u00e9s a k\u00f6rnyezetet is \u00f3vod<\/strong>. Ak\u00e1r egy k\u00e1v\u00e9s t\u00e1bla, ak\u00e1r \u0151szi z\u00e1szl\u00f3 a c\u00e9l, vagy \u00e9pp a teraszra alkotsz valamit, ezekkel a tippekkel biztosan egyedi \u00e9s \u00fcnnepi dekorod lesz!<\/p>\n<\/details><details class=\"g-accordion \"><summary><h3>Hogyan k\u00e9sz\u00edts h\u00e1l\u00e1s fa t\u00e1bl\u00e1t?<\/h3><\/summary>\n<p>Ha szeretn\u00e9l egy hangulatos <strong>\u201eH\u00e1l\u00e1s\u201d felirat\u00fa fa t\u00e1bl\u00e1t<\/strong>, szerezz egy lapos deszk\u00e1t \u2013 a r\u00e9gi \u00fajrahasznos\u00edtott vagy feny\u0151fa is remek v\u00e1laszt\u00e1s. Csiszold sim\u00e1ra el\u0151sz\u00f6r 120-as, majd 220-as csiszol\u00f3pap\u00edrral, hogy ne maradjon sz\u00e1lka, \u00e9s t\u00f6k\u00e9letesen sima legyen a fel\u00fclet a fest\u00e9shez.<\/p>\n<p>V\u00e1lassz meleg, \u0151szi sz\u00edneket: <strong>\u00e9gett narancsot<\/strong>, <strong>m\u00e9ly v\u00f6r\u00f6set<\/strong>, <strong>must\u00e1rs\u00e1rg\u00e1t<\/strong> vagy halv\u00e1ny kr\u00e9met, \u00e9s fessed le vele teljesen a t\u00e1bl\u00e1t. V\u00e1rd meg, am\u00edg teljesen megsz\u00e1rad!<\/p>\n<p>Fesd r\u00e1 a <strong>\u201eH\u00e1l\u00e1s\u201d<\/strong> sz\u00f3t k\u00f6z\u00e9pre \u2013 haszn\u00e1lhatsz fest\u00e9kfilcet vagy akrilfest\u00e9ket, ami j\u00f3l el\u00fct a h\u00e1tt\u00e9rt\u0151l. \u00cdrhatsz szabad k\u00e9zzel vagy sablonnal \u2013 ak\u00e1r \u00f6ntapad\u00f3s vinillel is, hogy sz\u00e9pek legyenek a vonalak. Hagyd megsz\u00e1radni a feliratot is, miel\u0151tt d\u00edsz\u00edten\u00e9d tov\u00e1bb.<\/p>\n<ul>\n<li>ragassz vagy fess r\u00e1 meleg \u0151szi leveleket,<\/li>\n<li>ragassz r\u00e1 apr\u00f3 m\u0171t\u00f6k\u00f6ket,<\/li>\n<li>d\u00edsz\u00edtsd a sarkokat makkakal,<\/li>\n<li>k\u00f6ss r\u00e1 zsinegmasnit vagy kock\u00e1s szalagot,<\/li>\n<li>finoman csiszold le a sz\u00e9leket vagy fesd \u00e1t v\u00e9konyan s\u00f6t\u00e9t p\u00e1cot, amit let\u00f6r\u00f6lsz, hogy \u00e1tl\u00e1tsz\u00f3djon a fa erezete.<\/li>\n<\/ul>\n<p>Ha k\u00fclt\u00e9rre teszed, sz\u00e1rad\u00e1s ut\u00e1n kend le \u00e1tl\u00e1tsz\u00f3 lakkal vagy poliuret\u00e1nnal. <strong>\u00cdgy tart\u00f3s lesz, \u00e9s b\u00edrja az id\u0151j\u00e1r\u00e1st is.<\/strong><\/p>\n<ul>\n<li>r\u00f6gz\u00edts h\u00e1tulj\u00e1ra akaszt\u00f3t falra,<\/li>\n<li>f\u00farj k\u00e9t lyukat fel\u00fclre, \u00e9s f\u0171zd \u00e1t rajta zsineget az egyszer\u0171, rusztikus hat\u00e1s\u00e9rt,<\/li>\n<li>vagy haszn\u00e1lhatsz \u00f6ntapad\u00f3s r\u00f6gz\u00edt\u0151t, ha nem akarod kilyukasztani a t\u00e1bl\u00e1t.<\/li>\n<\/ul>\n<p><strong>B\u00e1rhogy is akasztod fel k\u00e9zzel k\u00e9sz\u00edtett \u201eH\u00e1l\u00e1s\u201d t\u00e1bl\u00e1dat, j\u00f3l megmutatja a fa sz\u00e9ps\u00e9g\u00e9t, az \u0151szi sz\u00ednek melegs\u00e9g\u00e9t \u00e9s a saj\u00e1t kreativit\u00e1sod \u2013 igazi d\u00edsze lesz a polcodnak, el\u0151szob\u00e1dnak vagy teraszodnak!<\/strong><\/p>\n<\/details><details class=\"g-accordion \"><summary><h3>Mi az a k\u00e9zzel k\u00e9sz\u00edtett, egym\u00e1sra rakott t\u00f6k\u00f6s fa t\u00e1bla?<\/h3><\/summary>\n<p>Egy <strong>DIY, egym\u00e1sra rakott t\u00f6k\u00f6s t\u00e1bla<\/strong> igazi k\u00e9zm\u0171ves hangulatot visz az \u0151szi d\u00edsz\u00edt\u00e9sbe. El\u0151sz\u00f6r <strong>v\u00e1gj ki k\u00fcl\u00f6nb\u00f6z\u0151 m\u00e9ret\u0171 fa t\u00f6k\u00f6ket<\/strong>, majd rakd \u0151ket egym\u00e1sra egy j\u00e1t\u00e9kos, figyelemfelkelt\u0151 dekor\u00e1ci\u00f3hoz. Ezut\u00e1n fesd \u0151ket <strong>meleg, \u0151szi \u00e1rnyalatokra<\/strong>. Haszn\u00e1lhatsz <strong>marad\u00e9k f\u00e1kat, raklap deszk\u00e1t vagy 10&#215;10 cm-es gerend\u00e1t<\/strong>, \u00edgy olcs\u00f3n \u00e9s egyszer\u0171en megval\u00f3s\u00edthat\u00f3.<\/p>\n<ul>\n<li>minden t\u00e1bl\u00e1t k\u00fcl\u00f6nlegess\u00e9 teheted zsineg masnival,<\/li>\n<li>fesd r\u00e1 a sz\u00e1rakat, hogy term\u00e9szetesebb legyen,<\/li>\n<li>ragaszthatsz r\u00e1 sz\u00f6vet levelet, hogy text\u00far\u00e1s legyen,<\/li>\n<li>d\u00edsz\u00edtsd b\u0151r szalaggal, hogy egyedi legyen,<\/li>\n<li>minden t\u00e1bla legyen kicsit m\u00e1s, k\u00fcl\u00f6nleges r\u00e9szletekkel.<\/li>\n<\/ul>\n<p>V\u00e1laszthatsz <strong>neutr\u00e1lis, vid\u00e9ki st\u00edlus\u00fa feh\u00e9r \u00e9s nat\u00far \u00e1rnyalatokat<\/strong>, vagy a klasszikus narancs-barna-feh\u00e9r kombin\u00e1ci\u00f3t. V\u00e9g\u00fcl k\u00e9zzel festett feliratot is r\u00e1\u00edrhatsz: p\u00e9ld\u00e1ul <strong>\u201e\u0150szi \u00e1ld\u00e1s\u201d vagy \u201e\u00dcdv, \u0151sz!\u201d<\/strong>. Amint megsz\u00e1radtak, <strong>ragaszd vagy csavard fel a t\u00f6k\u00f6ket egy fa alapra<\/strong> vagy egym\u00e1sra.<\/p>\n<ul>\n<li>tedd a verand\u00e1ra,<\/li>\n<li>rakd kandall\u00f3p\u00e1rk\u00e1nyra, hogy igaz\u00e1n meghitts\u00e9g legyen,<\/li>\n<li>helyezd el\u0151szob\u00e1ba, hogy minden l\u00e1togat\u00f3 vid\u00e1m legyen m\u00e1r bel\u00e9p\u00e9skor,<\/li>\n<li>haszn\u00e1lj \u00fajra r\u00e9gi, marad\u00e9k fadarabokat, hogy k\u00f6rnyezetbar\u00e1t legyen,<\/li>\n<li>fess r\u00e1 csal\u00e1dnevet vagy id\u00e9zetet is, hogy m\u00e9g szem\u00e9lyesebb legyen.<\/li>\n<\/ul>\n<p><strong>Az egym\u00e1sra rakott t\u00f6k\u00f6s fa t\u00e1bla var\u00e1zsa az egyszer\u0171s\u00e9gben, a kreativit\u00e1sban \u00e9s a saj\u00e1t k\u00e9zm\u0171ves st\u00edlusod \u00fcnnepl\u00e9s\u00e9ben rejlik \u0151sszel.<\/strong><\/p>\n<\/details><details class=\"g-accordion \"><summary><h3>Mik a legjobb kopottas, rusztikus fa t\u00e1bla \u00f6tletek \u0151szre?<\/h3><\/summary>\n<p><strong>Kopottas, r\u00e9gies fa t\u00e1bl\u00e1k<\/strong> azonnal meghitt \u0151szi hangulatot var\u00e1zsolnak az otthonodba. <strong>\u00dajrahasznos\u00edtott f\u00e1b\u00f3l<\/strong> k\u00e9sz\u00fclnek, rusztikus d\u00edsz\u00edt\u00e9ssel \u00e9s egyszer\u0171, h\u00edvogat\u00f3 feliratokkal, p\u00e9ld\u00e1ul: \u201e\u0150szi \u00e1ld\u00e1s\u201d vagy \u201e\u00dcdv, \u0151sz!\u201d, <strong>k\u00e9zzel festett, sz\u00e9p bet\u0171kkel<\/strong>. A kopott, r\u00e9gies hat\u00e1st sz\u00e9lek csiszol\u00e1s\u00e1val vagy egy kis feh\u00e9r, \u00e1ttetsz\u0151 fest\u00e9kr\u00e9teggel \u00e9rik el. Egy r\u00e9gi pajtadeszka vagy raklap k\u00fcl\u00f6nleges text\u00far\u00e1t \u00e9s t\u00f6rt\u00e9netet hoz minden darabhoz.<\/p>\n<ul>\n<li>haszn\u00e1lhatsz d\u00edszk\u00e9nt zs\u00e1kv\u00e1szon masnit, zsineget, sz\u00e1r\u00edtott vir\u00e1gokat,<\/li>\n<li>falev\u00e9l, makk vagy toboz alak\u00fa kis faform\u00e1kkal is feldobhatod,<\/li>\n<li>ragassz r\u00e1 apr\u00f3 \u00e1gacsk\u00e1kat vagy m\u0171t\u00f6k\u00f6ket, hogy kiemelked\u0151bb legyen,<\/li>\n<li>sz\u00e1raz ecsettel f\u00f6ldsz\u00edn\u0171, barn\u00e1s, okker vagy mohaz\u00f6ld \u00e1rnyalatokat kenj r\u00e1, \u00edgy m\u00e9g r\u00e9giesebb hat\u00e1sa lesz,<\/li>\n<li>rakd r\u00e1 a csal\u00e1d nev\u00e9t grav\u00edrozva, sablonnal, vagy nej\u00e9t\u00e1bl\u00e1n szem\u00e9lyre szabott felirattal is k\u00fcl\u00f6nlegess\u00e9 teheted.<\/li>\n<\/ul>\n<p>V\u00e9kony, sz\u00ednezett fa kerettel tedd teljess\u00e9 az \u00f6sszk\u00e9pet. <strong>J\u00e1tssz a form\u00e1kkal is \u2013 p\u00e9ld\u00e1ul egym\u00e1sra rakott l\u00e9cek, kis z\u00e1szl\u00f3k, vagy vid\u00e9ki st\u00edlus\u00fa nyilak is lehetnek<\/strong>.<\/p>\n<ul>\n<li>akasszd ki a bej\u00e1rati ajt\u00f3 mell\u00e9, hogy mindenki \u00f6r\u00f6mmel l\u00e9pjen be,<\/li>\n<li>d\u00edsz\u00edtsd vele a kandall\u00f3p\u00e1rk\u00e1nyod, hogy igazi f\u00f3kuszpont legyen,<\/li>\n<li>tedd asztali dekor\u00e1ci\u00f3nak, k\u00f6r\u00fclv\u00e9ve m\u00e9csesekkel, lev\u00e9l-girlanddal,<\/li>\n<li>passzol vid\u00e9ki, otthonos vagy vintage st\u00edlus\u00fa nappaliba is,<\/li>\n<li>sok p\u00e9nzt sp\u00f3rolsz, ha r\u00e9gi faanyagot haszn\u00e1lsz, amit am\u00fagy kidobn\u00e1l.<\/li>\n<\/ul>\n<\/details><details class=\"g-accordion \"><summary><h3>Hogyan k\u00e9sz\u00edts egyedi \u00fajrahasznos\u00edtott fa t\u00e1bl\u00e1t?<\/h3><\/summary>\n<p>Egyedi, \u00fajrahasznos\u00edtott fa t\u00e1bla k\u00e9sz\u00edt\u00e9s\u00e9hez v\u00e1lassz ki egy <strong>r\u00e9gi faanyagot<\/strong> a m\u00e9retedhez ill\u0151en. Csiszold \u00e1t el\u0151sz\u00f6r <strong>120-as, majd 220-as csiszol\u00f3pap\u00edrral<\/strong>, hogy teljesen sima, sz\u00e1lkamentes legyen. Ha k\u00e9sz, portalan\u00edtsd, miel\u0151tt r\u00e1ker\u00fclne a <strong>fest\u00e9k vagy p\u00e1c<\/strong>.<\/p>\n<p>Ha igaz\u00e1n \u0151szi hangulatot szeretn\u00e9l, haszn\u00e1ld ezeket a sz\u00edneket:<\/p>\n<ul>\n<li>l\u00e1gy feh\u00e9r,<\/li>\n<li>meleg barna,<\/li>\n<li>f\u00f6ldsz\u00ednek,<\/li>\n<li>nat\u00far p\u00e1cok,<\/li>\n<li>m\u00e9ly bord\u00f3 vagy narancss\u00e1rga.<\/li>\n<\/ul>\n<p><strong>V\u00e1rd meg, hogy teljesen megsz\u00e1radjon a fest\u00e9k vagy p\u00e1c, miel\u0151tt tov\u00e1bbl\u00e9psz!<\/strong><\/p>\n<p>\u00dczenetet sablonnal vagy k\u00e9zzel is r\u00e1festsz. J\u00f3 v\u00e1laszt\u00e1s: <strong>\u201eH\u00e1l\u00e1s\u201d, \u201e\u00dcdv, \u0151sz!\u201d<\/strong> vagy ak\u00e1r a csal\u00e1dod neve. Haszn\u00e1lj \u00e9l\u00e9nk sz\u00edn\u0171 <strong>akrilfest\u00e9ket<\/strong> vagy filcet, hogy j\u00f3l l\u00e1tsz\u00f3djon, \u00e9s b\u00e1tran alkalmazz vastagabb bet\u0171ket.<\/p>\n<p>Ha szeretn\u00e9l m\u00e9g rusztikusabb hat\u00e1st, finoman d\u00f6rzs\u00f6ld vissza a sz\u00e9leken, \u00e9s ak\u00e1r h\u00edg\u00edtott feh\u00e9r vagy barna fest\u00e9kkel is t\u00f6r\u00f6lheted a fel\u00fcletet.<\/p>\n<p>D\u00edsz\u00edt\u00e9shez haszn\u00e1lhatsz:<\/p>\n<ul>\n<li>ragasztott filc vagy fa leveleket,<\/li>\n<li>apr\u00f3 makkokat,<\/li>\n<li>mini m\u0171t\u00f6k\u00f6ket,<\/li>\n<li>zsineg-masnit,<\/li>\n<li>kock\u00e1s szalagot vagy zs\u00e1kv\u00e1szon cs\u00edkot.<\/li>\n<\/ul>\n<p>Ha k\u00fclt\u00e9rre tervezed, v\u00e9delmet ad <strong>poliuret\u00e1n vagy k\u00fclt\u00e9ri fa impregn\u00e1l\u00f3<\/strong>. H\u00e1tulj\u00e1ra akaszthatsz f\u0171r\u00e9szes akaszt\u00f3t, vagy lyukakat f\u00farva \u00e1tf\u0171zhetsz rajta zsineget is.<\/p>\n<p><strong>Az \u00fajrahasznos\u00edtott fa k\u00f6rnyezetbar\u00e1t \u00e9s p\u00e9nzt\u00e1rcak\u00edm\u00e9l\u0151, minden darab egyedi lesz a kopottas fel\u00fclettel, g\u00f6cs\u00f6rt\u00f6kkel vagy sz\u00f6glyukakkal<\/strong>. Ezek a rusztikus t\u00e1bl\u00e1k t\u00f6k\u00e9letesek \u0151szre, b\u00e1rmilyen DIY projekthez vagy vid\u00e9ki st\u00edlus\u00fa otthonba, \u00e9s egyedi hangulatot visznek az el\u0151szob\u00e1ba, kandall\u00f3p\u00e1rk\u00e1nyra vagy ak\u00e1r az asztalra is.<\/p>\n<\/details><details class=\"g-accordion \"><summary><h3>Mit jelent a cser\u00e9lhet\u0151, \u201eHome\u201d feliratos fa t\u00e1bla?<\/h3><\/summary>\n<p>Egy <strong>cser\u00e9lhet\u0151 \u201eHome\u201d feliratos t\u00e1bla<\/strong> igaz\u00e1n rugalmas \u00e9s szem\u00e9lyes dekor\u00e1ci\u00f3. \u00c1ltal\u00e1ban egy \u201ehome\u201d vagy \u201eotthon\u201d felirat\u00fa f\u0151t\u00e1bla, amelyen <strong>egy hely kihagyott a vari\u00e1lhat\u00f3 d\u00edszeknek<\/strong> \u2013 ezt az aktu\u00e1lis \u00e9vszak vagy \u00fcnnep szerint cser\u00e9lheted. <strong>Maga az alap t\u00e1bla rendszerint f\u00e1b\u00f3l k\u00e9sz\u00fcl<\/strong>, m\u00edg a kisebb d\u00edszek (p\u00e9ld\u00e1ul t\u00f6k, h\u00f3pehely, sz\u00edv, pulyka, vir\u00e1g) ragaszthat\u00f3ak, m\u00e1gnesesek vagy t\u00e9p\u0151z\u00e1rasak.<\/p>\n<ul>\n<li>az alap t\u00e1bl\u00e1t egyszer kell elk\u00e9sz\u00edtened,<\/li>\n<li>csak a kis vari\u00e1ci\u00f3kat kell dekor\u00e1lgatni \u00e9v k\u00f6zben,<\/li>\n<li>\u0151sszel t\u00f6k d\u00edszt tehetsz fel, majd t\u00e9len h\u00f3embert, tavasszal napocsk\u00e1t,<\/li>\n<li>\u00edgy eg\u00e9sz \u00e9vben p\u00e1r perc alatt friss\u00edthet\u0151 a dekor\u00e1ci\u00f3,<\/li>\n<li><strong>ez egyszer\u0171 \u00e9s szuper tr\u00fckk, hogy mindig naprak\u00e9sz legyen otthonod hangulata!<\/strong><\/li>\n<\/ul>\n<p><strong>Cser\u00e9lhet\u0151 t\u00e1bl\u00e1kban benne van az egyedis\u00e9g \u00e9s a praktikum is.<\/strong> Az ilyen dekor\u00e1ci\u00f3k helyet sp\u00f3rolnak, nincs minden \u00e9vszakra k\u00fcl\u00f6n nagy d\u00edsz, de m\u00e9gis mindig v\u00e1ltozatos \u00e9s aktu\u00e1lis lehet a hangulat. R\u00e1ad\u00e1sul szinte csak marad\u00e9k fa, egy kis fest\u00e9k \u00e9s n\u00e9h\u00e1ny alap eszk\u00f6z kell hozz\u00e1. Ezeket b\u00e1rmelyik szob\u00e1ba kiteheted \u2013 el\u0151szob\u00e1ba, nappaliba, konyh\u00e1ba vagy a teraszra \u2013, k\u00fcl\u00f6n\u00f6sen j\u00f3l mutat vid\u00e9ki, \u201efarmhouse\u201d st\u00edlusban.<\/p>\n<ul>\n<li>rengeteg a lehet\u0151s\u00e9g a szem\u00e9lyes dekorra: festhetsz r\u00e1 neveket, feliratokat,<\/li>\n<li>b\u00e1rmilyen \u00fcnnepi figur\u00e1val vagy mint\u00e1val feld\u00edsz\u00edtheted (h\u00e1laad\u00e1s, Halloween, kar\u00e1csony, tavasz),<\/li>\n<li><strong>az vari\u00e1lhat\u00f3 d\u00edszekkel a t\u00e1bl\u00e1d mindig t\u00fckr\u00f6zheti az aktu\u00e1lis \u00e9vszakot \u00e9s a saj\u00e1t st\u00edlusod!<\/strong><\/li>\n<\/ul>\n<\/details><details class=\"g-accordion \"><summary><h3>Hogyan k\u00e9sz\u00edts szezon\u00e1lis, \u00fajrahasznos\u00edtott f\u00e1b\u00f3l \u00e1llamos k\u00e9pet?<\/h3><\/summary>\n<p>Kezdd azzal, hogy <strong>\u00fajrahasznos\u00edtott f\u00e1t<\/strong> v\u00e1lasztasz egy szezon\u00e1lis \u00e1llam-m\u0171alkot\u00e1shoz. Olyan deszk\u00e1t keress, amin <strong>egyedi r\u00e9szletek<\/strong> vannak: sz\u00e9p erezet, kopott sz\u00e9lek, sz\u00f6glyukak \u2013 \u00edgy lesz igaz\u00e1n k\u00fcl\u00f6nleges a k\u00e9sz darab. Mindegyiket alaposan tiszt\u00edtsd meg, miel\u0151tt form\u00e1ra v\u00e1gn\u00e1d. Haszn\u00e1lj egy nyomtatott \u00e1llamt\u00e9rk\u00e9pet sablonnak: helyezd r\u00e1 a f\u00e1ra, rajzold r\u00e1 a kont\u00fart, majd dekop\u00edrf\u0171r\u00e9sszel v\u00e1gd pontosra.<\/p>\n<p>Ha k\u00e9sz a megfelel\u0151 alak, illeszd egym\u00e1s mell\u00e9 a darabokat, hogy kiadja az \u00e1llam sziluettj\u00e9t. <strong>J\u00e1tssz a k\u00fcl\u00f6nb\u00f6z\u0151 fa sz\u00ednekkel \u00e9s text\u00far\u00e1kkal<\/strong>, \u00edgy m\u00e9g l\u00e1tv\u00e1nyosabb lesz! Sim\u00edtsd el a legdurv\u00e1bb fel\u00fcleteket, de hagyj meg n\u00e9h\u00e1ny t\u00f6k\u00e9letlens\u00e9get \u2013 ez adja a rusztikus b\u00e1jt.<\/p>\n<p>Most j\u00f6hetnek a sz\u00ednek: <strong>v\u00e1lassz \u00e9vszakra jellemz\u0151 fest\u00e9keket vagy p\u00e1cokat<\/strong>:<\/p>\n<ul>\n<li>narancs, v\u00f6r\u00f6s \u00e9s arany \u0151szre,<\/li>\n<li>feh\u00e9r, sz\u00fcrke, k\u00e9k t\u00e9lre,<\/li>\n<li>halv\u00e1ny z\u00f6ld, pasztell vagy vir\u00e1gos mot\u00edvumok tavasszal,<\/li>\n<li>s\u00e1rga, \u00e9l\u00e9nk k\u00e9k \u00e9s feh\u00e9r ny\u00e1ron.<\/li>\n<li>Haszn\u00e1lj maszkol\u00f3szalagot a pontos szeg\u00e9lyhez vagy l\u00e1gy \u00e1tmenetekhez!<\/li>\n<\/ul>\n<p>Emeld ki az \u00e9vszakot egyedi d\u00edszekkel:<\/p>\n<ul>\n<li>f\u00e1b\u00f3l vagy festve leveleket \u0151szre,<\/li>\n<li>filc h\u00f3pelyheket t\u00e9lre,<\/li>\n<li>mini fa vir\u00e1gokat tavaszra,<\/li>\n<li>napocsk\u00e1t vagy \u00fcveggy\u00f6ngy\u00f6t ny\u00e1rra.<\/li>\n<li>Felfesthetsz r\u00e1 kedvenc id\u00e9zetet is fest\u00e9kfilccel.<\/li>\n<li>Rakj r\u00e1 v\u00e9g\u00fcl egy kis t\u00f6k\u00f6t, makkot vagy tobozt a sark\u00e1ba!<\/li>\n<\/ul>\n<p>\u00cdgy rakd \u00f6ssze a m\u0171alkot\u00e1sod:<\/p>\n<ol>\n<li>ragaszd vagy sz\u00f6gezd a fa darabokat egy r\u00e9tegelt lemez h\u00e1tlapra,<\/li>\n<li>er\u0151s\u00edtsd keresztl\u00e9cekkel h\u00e1tulr\u00f3l,<\/li>\n<li>akaszt\u00f3val vagy huzallal r\u00f6gz\u00edtsd,<\/li>\n<li>keress neki helyet a kandall\u00f3 felett, el\u0151szob\u00e1ban vagy \u00e9tkez\u0151ben,<\/li>\n<li>gy\u00f6ny\u00f6rk\u00f6dj egy igaz\u00e1n egyedi, \u00e9vszakhoz ill\u0151 dekor\u00e1ci\u00f3ban!<\/li>\n<\/ol>\n<p><strong>Ezzel a projekttel r\u00e9gi faanyagb\u00f3l egyedi, szezon\u00e1lis m\u0171alkot\u00e1s sz\u00fcletik, mely \u00fcnnepli a term\u00e9szetes anyagok sz\u00e9ps\u00e9g\u00e9t \u00e9s a k\u00e9zzel k\u00e9sz\u00edt\u00e9s \u00f6r\u00f6m\u00e9t.<\/strong><\/p>\n<\/details><details class=\"g-accordion \"><summary><h3>Hogyan haszn\u00e1lhatod a marad\u00e9k f\u00e1t t\u00f6k dekor\u00e1ci\u00f3khoz?<\/h3><\/summary>\n<p><strong>A marad\u00e9k fa t\u00f6k\u00e9letes alapanyag egyedi t\u00f6k dekor\u00e1ci\u00f3khoz.<\/strong> Mindegy, hogy deszka, 10&#215;10-es gerenda vagy raklapfadarab maradt n\u00e1lad, b\u00e1rmelyiket \u00e1tv\u00e1ltoztathatod k\u00fcl\u00f6nf\u00e9le m\u00e9ret\u0171 \u00e9s st\u00edlus\u00fa t\u00f6k\u00f6kk\u00e9. Fesd \u0151ket <strong>\u0151szi sz\u00ednekre<\/strong>, p\u00e9ld\u00e1ul narancss\u00e1rg\u00e1ra, meleg feh\u00e9rre vagy l\u00e1gy nat\u00far \u00e1rnyalatra, hogy igaz\u00e1n hangulatos legyen az \u00f6sszhat\u00e1s. Ha szereted a rusztikusabb l\u00e1tv\u00e1nyt, hagyd n\u00e9melyiket nat\u00far, csak csiszold vissza kicsit a sz\u00e9leiket, hogy kopottas legyen. A d\u00edsz\u00edt\u00e9shez <strong>b\u0151r p\u00e1ntok, zsineg masnik vagy sz\u00f6vet levelek<\/strong> is t\u00f6k\u00e9letesek!<\/p>\n<ul>\n<li>k\u00fcl\u00f6nb\u00f6z\u0151 m\u00e9ret\u0171 kiv\u00e1gott faform\u00e1kat egym\u00e1sra rakva k\u00e9sz\u00edthetsz r\u00e9teges t\u00f6kt\u00e1bl\u00e1t,<\/li>\n<li>raklapb\u00f3l visszafogott, minimalista t\u00f6k is dekorat\u00edv,<\/li>\n<li>f\u0171zd \u00f6ssze \u0151ket zsineggel, hogy bar\u00e1ts\u00e1gos, vid\u00e9ki hangulatot kelts,<\/li>\n<li>sz\u00e1rnak haszn\u00e1lj fa p\u00e1lc\u00e1t vagy \u00e1gat, hogy m\u00e9g \u00e9leth\u0171bb legyen,<\/li>\n<li>n\u00e9h\u00e1ny fa-t\u00f6kkel vagy t\u00f6mbbel d\u00edsz\u00edthetsz egy t\u00e1lc\u00e1t \u00fcnnepi asztald\u00edsznek is.<\/li>\n<\/ul>\n<p>Szem\u00e9lyesebb\u00e9 is teheted: sz\u00farhatsz fel r\u00e1 vicces t\u00f6kl\u00e1mp\u00e1s arcokat, ragaszthatsz r\u00e1 feliratokat vagy vegy\u00edthetsz hozz\u00e1 zs\u00e1kv\u00e1sznat, filc leveleket, festett mint\u00e1kat. Az \u00e9rdekes form\u00e1j\u00fa fa hullad\u00e9kokb\u00f3l k\u00e9sz\u00fclt t\u00f6k\u00f6k j\u00f3l mutatnak verand\u00e1n, falon, vagy ak\u00e1r girlandk\u00e9nt is. <strong>Ezek a projektek egyszer\u0171ek, olcs\u00f3k, r\u00e1ad\u00e1sul \u00faj \u00e9letet adnak a marad\u00e9k faanyagoknak!<\/strong> A v\u00e9g\u00e9n pedig igaz\u00e1n egyedi, fenntarthat\u00f3 \u0151szi d\u00edszeid lesznek.<\/p>\n<\/details><details class=\"g-accordion \"><summary><h3>Mik a legjobb marad\u00e9k fa projektek \u0151szre?<\/h3><\/summary>\n<p><strong>P\u00e9nzt\u00e1rcak\u00edm\u00e9l\u0151 \u00e9s kreat\u00edv \u2013 a legjobb marad\u00e9k fa bark\u00e1cs\u00f6tletekkel k\u00f6nnyen var\u00e1zsolhatsz szem\u00e9lyes, \u0151szi dekor\u00e1ci\u00f3t az otthonodba!<\/strong> A f\u00e1b\u00f3l k\u00e9sz\u00fclt t\u00f6k\u00f6k igazi kedvencek: v\u00e1gd ki a marad\u00e9k f\u00e1t t\u00f6k alak\u00fara, fesd narancsra, barn\u00e1ra, vagy l\u00e1gy pasztell \u00e1rnyalatra, majd csoportos\u00edtva tedd ki \u0151ket. Egy kis zsineg, b\u0151r vagy zs\u00e1kv\u00e1szon d\u00edsz m\u00e9g rusztikusabb\u00e1 teszi \u0151ket.<\/p>\n<p>Egyszer\u0171 dekor felirat is nagyszer\u0171 \u00f6tlet. Haszn\u00e1lj \u00fajrahasznos\u00edtott vagy marad\u00e9k f\u00e1t, majd stencillel vagy k\u00e9zzel fess r\u00e1 \u0151szi mondatokat: \u201eH\u00e1l\u00e1s\u201d vagy \u201e\u0150szi \u00e1ld\u00e1s\u201d. Apr\u00f3 fa leveleket vagy mini makkokat ragasztva igaz\u00e1n szezon\u00e1lis lesz a hat\u00e1s.<\/p>\n<p>Egy rusztikus asztald\u00edszhez el\u00e9g:<\/p>\n<ul>\n<li>f\u00e1b\u00f3l k\u00e9sz\u00fclt dobozba kis d\u00edszt\u00f6k\u00f6ket rakni,<\/li>\n<li>sz\u00ednes leveleket vagy tobozokat adni hozz\u00e1,<\/li>\n<li>p\u00e1r m\u00e9csest is betenni, hogy m\u00e9g hangulatosabb legyen.<\/li>\n<\/ul>\n<p>Girland vagy z\u00e1szl\u00f3 is k\u00e9sz\u00fclhet fadarabokb\u00f3l \u2013 v\u00e1gj ki lev\u00e9l, makk vagy t\u00f6k form\u00e1kat, fesd \u00e1t \u0151ket gazdag vagy visszafogott \u00e1rnyalatokkal, v\u00e9g\u00fcl f\u0171zd fel zsineggel.<\/p>\n<p>K\u00fclt\u00e9rre is akad \u00f6tlet: k\u00e9sz\u00edts marad\u00e9k deszk\u00e1b\u00f3l mad\u00e1rijeszt\u0151t, \u00f6lt\u00f6ztesd ki textildarabokkal. Fa szellemek vagy k\u00e9zzel festett s\u00edrk\u00f6ves t\u00e1bl\u00e1k szuper halloweeni hangulatot adnak.<\/p>\n<p><strong>Rengeteg apr\u00f3 \u00f6tlet k\u00f6z\u00fcl is v\u00e1laszthatsz:<\/strong><\/p>\n<ul>\n<li>\u0151szi mint\u00e1s fa poh\u00e1ral\u00e1t\u00e9tek,<\/li>\n<li>n\u00e9vvel ell\u00e1tott dekor t\u00e1bl\u00e1k,<\/li>\n<li>kr\u00e9tafest\u00e9kkel festett t\u00f6k\u00f6k,<\/li>\n<li>semleges sz\u00edn\u0171 raklap t\u00f6k\u00f6k,<\/li>\n<li>kis fa t\u00f6mb\u00f6k, hogy feldobd a polcot vagy asztalt.<\/li>\n<\/ul>\n<p><strong>Az \u00f6sszes DIY \u00f6tlet kezd\u0151bar\u00e1t \u00e9s k\u00f6lts\u00e9ghat\u00e9kony!<\/strong> El\u00e9g n\u00e9h\u00e1ny alap szersz\u00e1m, \u00e9s kedvedre kombin\u00e1lhatod a festett, r\u00e9gies vagy nat\u00far fel\u00fcleteket, hogy igaz\u00e1n rusztikus, vid\u00e9ki hangulatot teremts. Ek\u00f6zben hasznos\u00edthatod a marad\u00e9k f\u00e1t, \u00e9s k\u00e9zm\u0171ves hangulatot adsz az \u0151szi dekor\u00e1ci\u00f3dnak!<\/p>\n<\/details><details class=\"g-accordion \"><summary><h3>Hogyan k\u00e9sz\u00edts \u0151sszel DIY fa dekor\u00e1ci\u00f3t?<\/h3><\/summary>\n<p>\u0150szi fa d\u00edszeket k\u00e9sz\u00edteni meglep\u0151en egyszer\u0171 \u2013 n\u00e9h\u00e1ny szersz\u00e1m \u00e9s olcs\u00f3 alapanyag is el\u00e9g. Egy kis \u00fcgyess\u00e9ggel <strong>megh\u00edvhatod az \u0151szi hangulatot az otthonodba \u2013 k\u00edv\u00fcl \u00e9s bel\u00fcl<\/strong> egyar\u00e1nt. Haszn\u00e1lhatsz <strong>marad\u00e9k f\u00e1t, r\u00e9gi gerend\u00e1t vagy \u00fajrahasznos\u00edtott raklapot<\/strong> is \u2013 ezekb\u0151l k\u00f6nnyen k\u00e9sz\u00edthetsz f\u00e1b\u00f3l t\u00f6k\u00f6ket, bolondos mad\u00e1rijeszt\u0151t vagy rusztikus t\u00e1bl\u00e1t.<\/p>\n<p>V\u00e1gj ki k\u00f6r vagy ov\u00e1lis form\u00e1kat, ha t\u00f6k\u00f6ket szeretn\u00e9l, vagy rakj egym\u00e1sra t\u00e9glalapokat a r\u00e9teges dekor\u00e9rt. Fesd a fadarabokat <strong>klasszikus \u0151szi \u00e1rnyalatokra: narancs, barna, feh\u00e9r vagy m\u00e9ly v\u00f6r\u00f6s<\/strong> is j\u00f3 v\u00e1laszt\u00e1s. Sz\u00e1rad\u00e1s ut\u00e1n adj karaktert: tekerj zsineget a sz\u00e1r k\u00f6r\u00e9, d\u00edsz\u00edtsd b\u0151r p\u00e1nttal vagy ragassz r\u00e1 f\u00e1b\u00f3l k\u00e9sz\u00fclt bet\u0171ket, stencil mint\u00e1t.<\/p>\n<p>Egy\u00e9ni dekorfeliratokat vagy z\u00e1szl\u00f3kat m\u00e9g k\u00fcl\u00f6nlegesebb\u00e9 tehetsz a csal\u00e1dneveddel vagy r\u00f6vid mondattal; p\u00e9ld\u00e1ul: <strong>\u201eH\u00e1l\u00e1s\u201d<\/strong>. Utols\u00f3 sim\u00edt\u00e1sk\u00e9nt j\u00f6het a makk \u00e9s az \u0151szi lev\u00e9l. Ha ink\u00e1bb haszn\u00e1lati dekorra v\u00e1gysz, <strong>k\u00e9sz\u00edts r\u00e9gi deszk\u00e1b\u00f3l t\u00e1lc\u00e1t vagy asztald\u00edszt<\/strong> \u2013 t\u00f6ltsd meg gyerty\u00e1val, d\u00edszt\u00f6kkel, mini t\u00f6k\u00f6kkel, \u00e9s m\u00e1ris feldobtad a konyh\u00e1t vagy a nappalit!<\/p>\n<p>Szeretn\u00e9d a neutr\u00e1lisabb hangulatot? Fess raklap t\u00f6k\u00f6ket b\u00e9zsre vagy sz\u00fcrk\u00e9re. Adj vid\u00e9ki st\u00edlust azzal, hogy picit visszacsiszolod a sz\u00e9leket, v\u00e9g\u00fcl r\u00e1k\u00f6tsz egy zs\u00e1kv\u00e1szon masnit. Halloweenkor ak\u00e1r szellemet vagy s\u00edrk\u00f6vet is f\u0171r\u00e9szelhetsz f\u00e1b\u00f3l, a t\u00e1lcadba rakott t\u00f6k\u00f6k pedig igaz\u00e1n bar\u00e1ts\u00e1gosak a bej\u00e1ratn\u00e1l.<\/p>\n<ul>\n<li>fess lev\u00e9lmint\u00e1t \u00e9s inspir\u00e1l\u00f3 id\u00e9zetet fa t\u00e1bl\u00e1kra,<\/li>\n<li>marad\u00e9k f\u00e1b\u00f3l k\u00e9sz\u00edts poh\u00e1ral\u00e1t\u00e9tet t\u00f6k vagy makk mint\u00e1val,<\/li>\n<li>v\u00e1gj ki t\u00f6k\u00f6ket, fess r\u00e1juk kr\u00e9tafest\u00e9kkel modern st\u00edlusban,<\/li>\n<li>h\u00e1romsz\u00f6gekb\u0151l k\u00e9sz\u00edts cukorkat\u00f6k-hat\u00e1st s\u00e1rg\u00e1val, naranccsal, feh\u00e9rrel,<\/li>\n<li>kalap\u00e1lj sz\u00f6geket egy t\u00e1bl\u00e1ba t\u00f6k kont\u00farban, \u00e9s tekerj k\u00f6r\u00e9 narancssz\u00edn fonalat m\u00f3k\u00e1s fonaldekorhoz.<\/li>\n<\/ul>\n<p><strong>R\u00e9szletes online \u00fatmutat\u00f3k\u00a0kezd\u0151knek is seg\u00edtenek!<\/strong> Haszn\u00e1lj term\u00e9szetes anyagokat (filc, zs\u00e1kv\u00e1szon, zsineg), hogy m\u00e9g kuck\u00f3sabb legyen a hangulat, \u00e9s b\u00e1tran keverd a klasszikus \u0151szi sz\u00edneket extra melegs\u00e9g\u00e9rt. Kombin\u00e1ld t\u00f6k\u00f6kkel, k\u00e9zm\u0171ves t\u00e1bl\u00e1kkal, girlandokkal, hogy gyorsan felfriss\u00edtsd a lak\u00e1st. Egy kis kreativit\u00e1ssal <strong>b\u00e1rki meghozhatja az \u0151szi hangulatot \u2013 egyszer\u0171, p\u00e9nzt\u00e1rcabar\u00e1t fa dekorral!<\/strong><\/p>\n<\/details><details class=\"g-accordion \"><summary><h3>Hogyan d\u00edsz\u00edthetsz fahangulat\u00fa t\u00f6k\u00f6kkel kreat\u00edvan \u0151sszel?<\/h3><\/summary>\n<p><strong>A DIY fa t\u00f6k\u00f6k<\/strong> vicces \u00e9s mutat\u00f3s kieg\u00e9sz\u00edt\u0151i lesznek az \u0151szi dekor\u00e1ci\u00f3dnak. K\u00e9sz\u00edtheted \u0151ket klasszikus narancss\u00e1rga, ragyog\u00f3 feh\u00e9r vagy f\u00f6ldes sz\u00ednekben, hogy minden st\u00edlushoz passzoljanak \u2013 ak\u00e1r modern, vid\u00e9ki vagy rusztikus otthonban is j\u00f3l mutatnak.<\/p>\n<ul>\n<li>gy\u0171jts 10&#215;10-es gerend\u00e1t, fa marad\u00e9kot vagy raklap darabot,<\/li>\n<li>v\u00e1gd ki k\u00fcl\u00f6nb\u00f6z\u0151 m\u00e9ret\u0171 t\u00f6k alakokat,<\/li>\n<li>pakold egym\u00e1sra r\u00e9tegekben, vagy csak helyezd ki t\u00f6bbet csoportban a kandall\u00f3ra \u00e9s a teraszra egy meghitt, kuck\u00f3s hangulat\u00e9rt.<\/li>\n<\/ul>\n<ul>\n<li>tekerd be a sz\u00e1rat zsineggel, kenderk\u00f6t\u00e9llel vagy b\u0151r szalaggal, hogy m\u00e9g text\u00far\u00e1sabb legyen,<\/li>\n<li>d\u00edsz\u00edtsd sz\u00f6vetlev\u00e9llel, zs\u00e1kv\u00e1szon masnival vagy apr\u00f3 vir\u00e1ggal,<\/li>\n<li>hagyj meg n\u00e9h\u00e1nyat nat\u00faran, \u00e9s kicsit csiszold vissza a sz\u00e9l\u00e9t rusztikus hat\u00e1s\u00e9rt,<\/li>\n<li>fesd feh\u00e9rre vagy sz\u00fcrk\u00e9re a t\u00f6k\u00f6ket, \u00edgy modern st\u00edlust teremtesz,<\/li>\n<li>stencillel vagy k\u00e9zzel \u00edrj r\u00e1 \u00fczenetet: \u201eh\u00e1l\u00e1s\u201d, \u201e\u0151szi \u00e1ld\u00e1s\u201d,<\/li>\n<li>haszn\u00e1lj f\u00e1b\u00f3l v\u00e1gott bet\u0171ket vagy grav\u00edroz\u00e1st extra szem\u00e9lyess\u00e9g\u00e9rt,<\/li>\n<li>kr\u00e9tafest\u00e9kkel vintage hat\u00e1st, arany fest\u00e9kkel eleganci\u00e1t \u00e9rhetsz el.<\/li>\n<\/ul>\n<ul>\n<li>apr\u00f3 fakock\u00e1kat is \u00e1tfesthetsz mini t\u00f6k\u00f6kk\u00e9,<\/li>\n<li>rakd \u0151ket egym\u00e1sra,<\/li>\n<li>d\u00edsz\u00edtsd z\u00f6ld filc lev\u00e9llel vagy zsineg masnival \u2013 \u00edgy igaz\u00e1n b\u00e1jos lesz.<\/li>\n<\/ul>\n<p><strong>Ezek a fa t\u00f6k\u00f6k t\u00f6k\u00e9letesek asztali vagy polcd\u00edszekhez is.<\/strong> T\u00e1lc\u00e1ba, l\u00e1d\u00e1ba t\u00e9ve moh\u00e1val, gyerty\u00e1val \u00e9s apr\u00f3 d\u00edszekkel bar\u00e1ts\u00e1gos \u00f6sszhat\u00e1st keltenek.<\/p>\n<ul>\n<li>fess apr\u00f3 t\u00f6k\u00f6ket, f\u0171zd fel, \u00e9s k\u00e9sz\u00edts t\u00f6k-girlandot kandall\u00f3ra vagy ajt\u00f3keretre,<\/li>\n<li>keverd \u00f6ssze \u0151ket m\u00e1s \u0151szi fa dekorokkal, z\u00e1szl\u00f3kkal, szellemekkel,<\/li>\n<li>p\u00e1ros\u00edtsd toboz koszor\u00faval, lev\u00e9l alak\u00fa t\u00e1bl\u00e1kkal vagy k\u00e9zm\u0171ves mad\u00e1rijeszt\u0151vel az extra text\u00far\u00e1\u00e9rt.<\/li>\n<\/ul>\n<p><strong>Haszn\u00e1lj b\u00e1tran marad\u00e9k vagy r\u00e9gi f\u00e1t \u2013 \u00edgy takar\u00e9koskodsz \u00e9s igaz\u00e1n egyedi dekorod lesz!<\/strong> Tetsz\u00e9s szerint festheted, d\u00edsz\u00edtheted, csoportos\u00edthatod. \u00cdgy minden \u0151szi dekor\u00e1ci\u00f3d k\u00f6nnyen passzol majd b\u00e1rmelyik helyis\u00e9gbe vagy t\u00e9m\u00e1hoz.<\/p>\n<\/details><details class=\"g-accordion \"><summary><h3>Hogyan haszn\u00e1lhatsz rusztikus fa t\u00f6k\u00f6ket az \u0151szi dekor\u00e1ci\u00f3dban?<\/h3><\/summary>\n<p>\n<strong>Rusztikus fa t\u00f6k\u00f6k<\/strong> egyszer\u0171, p\u00e9nzt\u00e1rcabar\u00e1t m\u00f3don visznek \u0151szi hangulatot az otthonodba. Rakd fel a kandall\u00f3p\u00e1rk\u00e1nyra, \u00e9tkez\u0151asztalra vagy a bej\u00e1rathoz \u2013 <strong>meleg, bar\u00e1ts\u00e1gos atmoszf\u00e9r\u00e1t teremtenek<\/strong>. Ha t\u00f6k\u00f6ket k\u00fcl\u00f6nb\u00f6z\u0151 d\u00edszt\u00f6k\u00f6kkel, tobozokkal, vagy gyerty\u00e1kkal kombin\u00e1lod, igaz\u00e1n h\u00edvogat\u00f3 \u00f6sszk\u00e9pet kapsz.\n<\/p>\n<ul>\n<li>d\u00edsz\u00edtsd a verand\u00e1t semleges sz\u00edn\u0171, raklapb\u00f3l k\u00e9sz\u00fclt t\u00f6k\u00f6kkel a bej\u00e1ratn\u00e1l,<\/li>\n<li>rendezd f\u00e1b\u00f3l k\u00e9sz\u00fclt l\u00e1d\u00e1ba, sz\u00e9n\u00e1val \u00e9s sz\u00e1r\u00edtott levelekkel, hogy r\u00e9tegesebb \u00e9s text\u00far\u00e1sabb hat\u00e1st kelts,<\/li>\n<li>modern vid\u00e9ki st\u00edlus \u00e9rdek\u00e9ben csoportos\u00edtsd a rusztikus t\u00f6k\u00f6ket puha takar\u00f3val vagy struktur\u00e1lt asztali fut\u00f3val,<\/li>\n<li>kr\u00e9tafest\u00e9kes feh\u00e9r t\u00f6k\u00f6k sz\u00e9pen mutatnak polcon vagy doh\u00e1nyz\u00f3asztalon, j\u00f3l illeszkednek a retro \u00e9s vid\u00e9ki hangulathoz,<\/li>\n<li>minden t\u00f6k\u00f6t d\u00edsz\u00edthetsz zsineggel, b\u0151rrel, kock\u00e1s masnival vagy fa bet\u0171kkel.<\/li>\n<\/ul>\n<p>\n<strong>Csemp\u00e9ssz r\u00e1juk kis fa c\u00edmk\u00e9ket vagy textil leveleket \u2013 p\u00e9ld\u00e1ul \u201eH\u00e1l\u00e1s\u201d vagy \u201e\u0150szi \u00e1ld\u00e1s\u201d felirattal.<\/strong> \u00dajrahasznos\u00edtott fa alkalmaz\u00e1s\u00e1val kiemelheted a term\u00e9szetes text\u00far\u00e1t \u00e9s a t\u00f6k\u00e9letlens\u00e9gek sz\u00e9ps\u00e9g\u00e9t \u2013 \u00edgy <strong>fenntarthat\u00f3 d\u00edszeid is lesznek<\/strong>.\n<\/p>\n<ul>\n<li>a marad\u00e9k fa t\u00f6k\u00f6k faldekor\u00e1ci\u00f3k\u00e9nt vagy polcd\u00edszk\u00e9nt is j\u00f3l haszn\u00e1lhat\u00f3ak,<\/li>\n<li>kombin\u00e1ld \u0151ket fa feliratokkal vagy grav\u00edrozott nevekkel,<\/li>\n<li>k\u00e9sz\u00edts girlandot t\u00f6bb kis t\u00f6kb\u0151l, f\u0171zd fel ajt\u00f3- vagy l\u00e9pcs\u0151korl\u00e1tra,<\/li>\n<li>k\u00fclt\u00e9rre a l\u00e1d\u00e1s t\u00f6k\u00f6k j\u00f3l mutatnak l\u00e1mp\u00e1kkal, koszor\u00fakkal vagy kis fa t\u00f6mb\u00f6kkel,<\/li>\n<li>a f\u00f6ldsz\u00ednek \u2013 \u00e9gett narancs, m\u00e9lyz\u00f6ld, csoki vagy kr\u00e9m \u2013 szinte minden enteri\u0151rbe beleolvadnak.<\/li>\n<\/ul>\n<p>\n<strong>Legyen a st\u00edlusod vintage, farmhouse vagy modern, a fa t\u00f6k\u00f6k szinte b\u00e1rhova illenek!<\/strong> K\u00f6nnyen \u00e1thelyezheted \u00e9s \u00e9vr\u0151l \u00e9vre \u00fajradekor\u00e1lhatod \u0151ket.\n<\/p>\n<\/details><details class=\"g-accordion \"><summary><h3>Mik a legjobb neutr\u00e1lis, raklapb\u00f3l k\u00e9sz\u00fclt t\u00f6k \u00f6tletek \u0151szre?<\/h3><\/summary>\n<p>\n<strong>A neutr\u00e1lis raklap-t\u00f6k\u00f6k<\/strong> \u00fajrahasznos\u00edtott raklapf\u00e1b\u00f3l k\u00e9sz\u00fclnek egyszer\u0171, letisztult form\u00e1ban, visszafogott \u00e1rnyalatokkal festve. A <strong>b\u00e9zs<\/strong>, <strong>feh\u00e9r<\/strong>, <strong>\u00fasztatott sz\u00fcrke<\/strong> vagy <strong>taupe<\/strong> zseni\u00e1lis v\u00e1laszt\u00e1s, ha modern vid\u00e9ki hangulatot szeretn\u00e9l, \u00e9s mell\u0151zn\u00e9d a rik\u00edt\u00f3 narancss\u00e1rg\u00e1t. <strong>Kis csapatokban rendezve ezek a t\u00f6k\u00f6k \u00fcde, m\u00e9gis meghitt hangulatot visznek minden \u0151szi dekor\u00e1ci\u00f3ba.<\/strong>\n<\/p>\n<ul>\n<li>a sz\u00e1rat k\u00e9sz\u00edtheted f\u00e1b\u00f3l, \u00e1gb\u00f3l vagy parafadug\u00f3b\u00f3l,<\/li>\n<li>masnizz r\u00e1 jute-t, b\u0151rt vagy zsineget plusz text\u00far\u00e1\u00e9rt,<\/li>\n<li>d\u00edsz\u00edtsd apr\u00f3 fa levelekkel vagy feliratokkal a term\u00e9szetes, b\u00e1jos \u00f6sszhat\u00e1s\u00e9rt,<\/li>\n<li>rakd fel polcra, asztalra, vagy a bej\u00e1rat mell\u00e9 \u2013 sokoldal\u00fa \u00e9s szezon\u00e1lis,<\/li>\n<li>nagym\u00e9ret\u0171 t\u00f6k\u00fcket is kitehetsz az ajt\u00f3 el\u00e9 vend\u00e9gv\u00e1r\u00e1sk\u00e9nt.<\/li>\n<\/ul>\n<p>\nT\u00e1lc\u00e1ban vagy l\u00e1d\u00e1ban remek l\u00e1tv\u00e1nyt ny\u00fajtanak, k\u00fcl\u00f6n\u00f6sen, ha <strong>f\u00f6ldsz\u00edn\u0171 kieg\u00e9sz\u00edt\u0151kkel<\/strong> p\u00e1ros\u00edtod: p\u00e9ld\u00e1ul sz\u00e1r\u00edtott levelekkel, tobozzal vagy m\u0171t\u00f6k\u00f6kkel \u2013 \u00edgy <strong>p\u00e1r perc alatt mutat\u00f3s asztald\u00edszt kapsz<\/strong>.\n<\/p>\n<ul>\n<li>p\u00e1ros\u00edtsd a raklap t\u00f6k\u00f6t m\u00e1s fa \u0151szi d\u00edszekkel,<\/li>\n<li>vari\u00e1ld otthon k\u00e9sz\u00edtett fa t\u00e1bl\u00e1kkal vagy z\u00e1szl\u00f3kkal,<\/li>\n<li>adj hozz\u00e1 rusztikus t\u00f6k\u00f6ket,<\/li>\n<li>keverj hozz\u00e1 visszafogott \u0151szi girlandokat,<\/li>\n<li>marad\u00e9k f\u00e1b\u00f3l is megval\u00f3s\u00edthatod, \u00edgy olcs\u00f3 \u00e9s k\u00f6rnyezetbar\u00e1t az \u00f6sszhat\u00e1s.<\/li>\n<\/ul>\n<p>\n<strong>Az \u00fajrahasznos\u00edtott alapanyag meghitt hangulatot \u00e9s szem\u00e9lyes b\u00e1jt k\u00f6lcs\u00f6n\u00f6z \u2013 igaz\u00e1n st\u00edlusos lesz a lak\u00e1sod eg\u00e9sz \u0151sszel!<\/strong>\n<\/p>\n<\/details>\n","protected":false},"excerpt":{"rendered":"<p>Az \u0151szi fa dekor\u00e1ci\u00f3 melegs\u00e9get \u00e9s falusi hangulatot visz otthonodba egyszer\u0171, m\u00e9gis l\u00e1tv\u00e1nyos szezon\u00e1lis d\u00edszekkel. Festett f\u00e1b\u00f3l k\u00e9sz\u00fclt t\u00f6k\u00f6k b\u0151r szalaggal d\u00edsz\u00edtve, vagy k\u00e9zzel k\u00e9sz\u00edtett t\u00e1bl\u00e1k kedves feliratokkal, mint p\u00e9ld\u00e1ul &#8222;H\u00e1l\u00e1s vagyok&#8221; vagy &#8222;\u00dcdv\u00f6zl\u00fcnk, \u0150sz!&#8221;, mind seg\u00edtenek abban, hogy a h\u00e9tk\u00f6znapi tereket bar\u00e1ts\u00e1gos, \u0151szi mened\u00e9kk\u00e9 var\u00e1zsold. A fa dekor\u00e1ci\u00f3 igazi el\u0151nye a sokoldal\u00fas\u00e1g \u00e9s hozz\u00e1f\u00e9rhet\u0151s\u00e9g. Raklapokb\u00f3l, marad\u00e9k fadarabokb\u00f3l vagy fal\u00e1d\u00e1kb\u00f3l&hellip;<\/p>\n","protected":false},"author":12,"featured_media":10160,"comment_status":"open","ping_status":"open","sticky":false,"template":"","format":"standard","meta":{"rank_math_focus_keyword":"\u0151szi fa dekor\u00e1ci\u00f3 \u00f6tletek","rank_math_title":"Kreat\u00edv \u0151szi fa dekor\u00e1ci\u00f3 \u00f6tletek, amelyek \u00e1talak\u00edtj\u00e1k a teredet","rank_math_description":"Fedezd fel inspir\u00e1l\u00f3 \u0151szi fadekor \u00f6tleteket, amelyekkel meleg, bar\u00e1ts\u00e1gos hangulatot teremthetsz otthonodban ebben az \u0151szi szezonban.","footnotes":""},"categories":[128,150],"tags":[],"class_list":["post-10483","post","type-post","status-publish","format-standard","has-post-thumbnail","hentry","category-dekoracios-otletek","category-oszi-dekoraciok"],"g_custom_schema_json":"<script type=\"application\/ld+json\">\n{\n  \"@context\": \"https:\/\/schema.org\",\n  \"@type\": \"FAQPage\",\n  \"mainEntity\": [\n    {\n      \"@type\": \"Question\",\n      \"name\": \"Melyek a legn\u00e9pszer\u0171bb \u0151szi fa dekor\u00e1ci\u00f3s \u00f6tletek?\",\n      \"acceptedAnswer\": {\n        \"@type\": \"Answer\",\n        \"text\": \"Rengeteg fa dekor\u00e1ci\u00f3s \u00f6tlet seg\u00edt, hogy otthonodba melegs\u00e9get \u00e9s b\u00e1jt vigy\u00e9l az \u0151szi h\u00f3napokban. A f\u00e1b\u00f3l k\u00e9sz\u00fclt t\u00f6k\u00f6k k\u00fcl\u00f6n\u00f6sen divatosak: mindenf\u00e9le st\u00edlusban el\u00e9rhet\u0151k \u2013 p\u00e9ld\u00e1ul feh\u00e9r t\u00f6k\u00f6k arany fest\u00e9ssel d\u00edsz\u00edtve vagy rusztikus t\u00f6k\u00f6k b\u0151r sz\u00edjakkal feldobva, hogy m\u00e9g izgalmasabb legyen a fel\u00fclet\u00fck. A DIY, azaz saj\u00e1t k\u00e9sz\u00edt\u00e9s\u0171 dekorokb\u00f3l szinte b\u00e1rmit megalkothatsz.\"\n      }\n    },\n    {\n      \"@type\": \"Question\",\n      \"name\": \"Hogyan alak\u00edthatod \u00e1t a teret \u0151szi fa dekor\u00e1ci\u00f3val?\",\n      \"acceptedAnswer\": {\n        \"@type\": \"Answer\",\n        \"text\": \"Fa dekor\u00e1ci\u00f3k k\u00f6nnyen hozz\u00e1k el az \u0151szi melegs\u00e9get, text\u00far\u00e1t \u00e9s k\u00fcl\u00f6nleges hangulatot az otthonodba. Helyezz el t\u00f6k\u00f6ket vagy rusztikus f\u00e1b\u00f3l k\u00e9sz\u00fclt t\u00e1bl\u00e1kat a bej\u00e1ratn\u00e1l vagy a nappaliban \u2013 azonnal megragadj\u00e1k a tekintetet \u00e9s bar\u00e1ts\u00e1goss\u00e1 teszik az eg\u00e9sz helyis\u00e9get. Fa l\u00e1d\u00e1kb\u00f3l sz\u00e9p asztald\u00edszek k\u00e9sz\u00edthet\u0151k, ha megt\u00f6lt\u00f6d \u0151ket t\u00f6k\u00f6kkel, gyerty\u00e1kkal vagy d\u00edszt\u00f6k\u00f6kkel.\"\n      }\n    },\n    {\n      \"@type\": \"Question\",\n      \"name\": \"Hogyan teremthetsz t\u00e9nyleg \u0151szi hangulatot fa dekorral?\",\n      \"acceptedAnswer\": {\n        \"@type\": \"Answer\",\n        \"text\": \"Az \u0151szi fa dekor\u00e1ci\u00f3k legink\u00e1bb a term\u00e9szetes anyagokat, form\u00e1kat \u00e9s a szezonra jellemz\u0151 sz\u00edneket \u00fcnneplik. Kezdd p\u00e9ld\u00e1ul fad\u00edsz t\u00f6k\u00f6kkel, falev\u00e9l form\u00e1kkal vagy \u0151szi id\u00e9zetes fa t\u00e1bl\u00e1kkal \u2013 ezek egyb\u0151l otthonos, \u0151szi l\u00e9gk\u00f6rt teremtenek. Ha narancsot, barn\u00e1t \u00e9s m\u00e9lyz\u00f6ldet, vagy ezekhez hasonl\u00f3 \u00e1rnyalatokat viszel be a fest\u00e9ssel vagy p\u00e1col\u00e1ssal, m\u00e1ris megjelenik az \u0151szi hangulat.\"\n      }\n    },\n    {\n      \"@type\": \"Question\",\n      \"name\": \"Milyen rusztikus dekor\u00e1ci\u00f3s \u00f6tletek vannak f\u00e1val?\",\n      \"acceptedAnswer\": {\n        \"@type\": \"Answer\",\n        \"text\": \"Fa rusztikus dekor\u00e1ci\u00f3val azonnal melegebb\u00e9 \u00e9s szem\u00e9lyesebb\u00e9 teheted b\u00e1rmelyik helyis\u00e9get. Kezd a fallal ell\u00e1tott, \u0151szi sz\u00f6vegeket tartalmaz\u00f3 fat\u00e1bl\u00e1kkal \u2013 ezek diszkr\u00e9t, m\u00e9gis bar\u00e1ts\u00e1gos d\u00edszek. Az \u00fajrahasznos\u00edtott, \u201e\u00e9lt l\u00e1tott\u201d faanyag \u2013 egyedi erezettel, hib\u00e1kkal \u2013 t\u00f6k\u00e9letesen hozza a vid\u00e9ki, otthonos hangulatot.\"\n      }\n    },\n    {\n      \"@type\": \"Question\",\n      \"name\": \"Hogyan \u00e9rhetsz el vid\u00e9ki hangulatot fa dekorral?\",\n      \"acceptedAnswer\": {\n        \"@type\": \"Answer\",\n        \"text\": \"Ha igaz\u00e1n meghitt, vid\u00e9ki st\u00edlust szeretn\u00e9l el\u00e9rni, v\u00e1lassz kopott, antikolt hat\u00e1s\u00fa b\u00fatort \u00e9s faldekorokat. K\u00e9pzelj el p\u00e9ld\u00e1ul egy feh\u00e9rre festett konzolasztalt a folyos\u00f3n, vagy \u00e9szrev\u00e9tlen\u00fcl \u201emegfakult\u201d fat\u00e1bl\u00e1kat a kedvenc fot\u00f3iddal. Az \u00fajrahasznos\u00edtott fa polcok k\u00fcl\u00f6nleges karaktert visznek a lak\u00e1sba, m\u00edg a kandall\u00f3 vagy ajt\u00f3 feletti, vintage st\u00edlus\u00fa fa t\u00e1bl\u00e1k m\u00e9g t\u00f6bb melegs\u00e9get \u00e9s b\u00e1jt adnak.\"\n      }\n    },\n    {\n      \"@type\": \"Question\",\n      \"name\": \"Milyen f\u00f6ldsz\u00edn\u0171 \u00f6tletek illenek az \u0151szi fa dekorhoz?\",\n      \"acceptedAnswer\": {\n        \"@type\": \"Answer\",\n        \"text\": \"Az \u0151szi f\u00f6ldsz\u00edn\u0171 fa dekor\u00e1ci\u00f3k f\u0151leg barna, \u00e9getett narancss\u00e1rga, okker, terrakotta \u00e9s m\u00e9lyz\u00f6ld \u00e1rnyalatokat haszn\u00e1lnak. Ezek a sz\u00ednek gy\u00f6ny\u00f6r\u0171en kieg\u00e9sz\u00edtik a fa fel\u00fcleteket, f\u0151leg ha di\u00f3, t\u00f6lgy, c\u00e9drus vagy feny\u0151 nat\u00far sz\u00edneivel t\u00e1rsulnak. Ha ilyen meleg \u00e1rnyalatokra fested vagy p\u00e1colod a t\u00f6k\u00f6ket, \u0151szi t\u00e1bl\u00e1kat vagy l\u00e1da d\u00edszeket, r\u00f6gt\u00f6n otthonos, szezon\u00e1lis l\u00e9gk\u00f6rt kapsz.\"\n      }\n    },\n    {\n      \"@type\": \"Question\",\n      \"name\": \"Hogyan haszn\u00e1ld a meleg f\u00e1t az \u0151szi dekor\u00e1ci\u00f3ban?\",\n      \"acceptedAnswer\": {\n        \"@type\": \"Answer\",\n        \"text\": \"Ha igaz\u00e1n meleg, bar\u00e1ts\u00e1gos \u0151szi d\u00edszt szeretn\u00e9l, haszn\u00e1lj faelemeket nat\u00far, gazdag \u00e1rnyalatban: t\u00f6lgy, di\u00f3, cseresznye kiv\u00e1l\u00f3an alkalmas d\u00edszt\u00f6k\u00f6k, t\u00e1bl\u00e1k vagy l\u00e1tv\u00e1nyos asztald\u00edszek k\u00e9sz\u00edt\u00e9s\u00e9re, amelyek m\u00e1r \u00f6nmagukban is \u00fcnnepi hangulatot adnak otthonodnak. N\u00e9ha el\u00e9g egy fa k\u00e1v\u00e9t\u00e1bla vagy egy m\u00e9ly, meleg t\u00f3nus\u00fa fat\u00e1lca a konyhaasztalon, m\u00e1ris \u00fajj\u00e1sz\u00fcletik a szoba.\"\n      }\n    },\n    {\n      \"@type\": \"Question\",\n      \"name\": \"Milyen modern dekor\u00e1ci\u00f3s \u00f6tletek vannak f\u00e1val?\",\n      \"acceptedAnswer\": {\n        \"@type\": \"Answer\",\n        \"text\": \"A modern fa dekor\u00e1ci\u00f3k letisztult form\u00e1kkal \u00e9s egyszer\u0171 vonalakkal hozz\u00e1k el az eleg\u00e1ns, m\u00e9gis otthonos \u00e9rz\u00e9st. V\u00e1lassz ak\u00e1r letisztult b\u00fatort, geometrikus faldekor\u00e1ci\u00f3kat, vagy egyszer\u0171, polcos rendszereket, hogy a t\u00e9r leveg\u0151sebb legyen. Semleges sz\u00ednek \u2013 feh\u00e9r, sz\u00fcrke, b\u00e9zs, vagy fekete \u2013 nagyon j\u00f3l mutatnak a nat\u00far fa mellett, \u00edgy a modern st\u00edlus nem nehezedik r\u00e1 a szob\u00e1ra.\"\n      }\n    },\n    {\n      \"@type\": \"Question\",\n      \"name\": \"Hogyan vihetsz be szezon\u00e1lis hangulatot fa dekor\u00e1ci\u00f3val?\",\n      \"acceptedAnswer\": {\n        \"@type\": \"Answer\",\n        \"text\": \"Fa dekor\u00e1ci\u00f3kkal egyszer\u0171 \u00e9s \u00f6r\u00f6mteli \u0151szi hangulatot var\u00e1zsolni az otthonodba. Haszn\u00e1lj f\u00e1b\u00f3l k\u00e9sz\u00fclt t\u00f6k\u00f6ket, \u0151szi d\u00edszf\u00fcz\u00e9reket vagy rusztikus asztald\u00edszeket, \u00edgy minden helyis\u00e9gben \u00e9rezhet\u0151 lesz a hangulat. Akassz ki szezon\u00e1lis szavakat vagy id\u00e9zeteket tartalmaz\u00f3 fa t\u00e1bl\u00e1kat, amelyek bar\u00e1ts\u00e1gos \u00e9s meleg atmoszf\u00e9r\u00e1t adnak.\"\n      }\n    },\n    {\n      \"@type\": \"Question\",\n      \"name\": \"Milyen DIY \u00fatmutat\u00f3k seg\u00edtenek \u0151szi fa dekor k\u00e9sz\u00edt\u00e9s\u00e9hez?\",\n      \"acceptedAnswer\": {\n        \"@type\": \"Answer\",\n        \"text\": \"Az \u0151szi fa dekor\u00e1ci\u00f3k saj\u00e1t kez\u0171 k\u00e9sz\u00edt\u00e9se egyszer\u0171v\u00e9 \u00e9s kreat\u00edvv\u00e1 teszi az \u00fcnnepi dekor\u00e1l\u00e1st. Pr\u00f3b\u00e1ld ki a fa t\u00f6k\u00f6k, rusztikus feliratok vagy mutat\u00f3s asztalk\u00f6z\u00e9pek elk\u00e9sz\u00edt\u00e9s\u00e9t, f\u0151leg \u00fajrahasznos\u00edtott anyagokb\u00f3l. Sok \u00f6tlethez el\u00e9g, ha marad\u00e9k fadarabokat haszn\u00e1lsz fel, \u00edgy p\u00e9nzt sp\u00f3rolsz \u00e9s hullad\u00e9kot is cs\u00f6kkentesz.\"\n      }\n    }\n  ]\n}\n<\/script>\n\n<script type=\"application\/ld+json\">\n{\n  \"@context\": \"https:\/\/schema.org\",\n  \"@type\": \"HowTo\",\n  \"name\": \"\u0150szi fa t\u00e1bla k\u00e9sz\u00edt\u00e9se l\u00e9p\u00e9sr\u0151l l\u00e9p\u00e9sre\",\n  \"description\": \"Tanuld meg, hogyan k\u00e9sz\u00edthetsz egyedi, \u0151szi fa t\u00e1bl\u00e1t otthon, egyszer\u0171en \u00e9s kreat\u00edvan.\",\n  \"image\": [\n    \"https:\/\/doubletakedecor.com\/uploads\/2025\/10\/fall-wood-decor-ideas-dtd-12.jpg\"\n  ],\n  \"supply\": [\n    {\n      \"@type\": \"HowToSupply\",\n      \"name\": \"fa deszka vagy \u00fajrahasznos\u00edtott fa\"\n    },\n    {\n      \"@type\": \"HowToSupply\",\n      \"name\": \"csiszol\u00f3pap\u00edr\"\n    },\n    {\n      \"@type\": \"HowToSupply\",\n      \"name\": \"akrilfest\u00e9k vagy fa p\u00e1c\"\n    },\n    {\n      \"@type\": \"HowToSupply\",\n      \"name\": \"fest\u0151ecset\"\n    },\n    {\n      \"@type\": \"HowToSupply\",\n      \"name\": \"bet\u0171sablon vagy filctoll\"\n    },\n    {\n      \"@type\": \"HowToSupply\",\n      \"name\": \"ragaszt\u00f3\"\n    },\n    {\n      \"@type\": \"HowToSupply\",\n      \"name\": \"d\u00edsz\u00edt\u0151 elemek (fa vagy filc levelek, szalag, toboz, m\u0171t\u00f6k, zsineg)\"\n    }\n  ],\n  \"tool\": [\n    {\n      \"@type\": \"HowToTool\",\n      \"name\": \"szivacsecset vagy norm\u00e1l ecset\"\n    },\n    {\n      \"@type\": \"HowToTool\",\n      \"name\": \"oll\u00f3\"\n    },\n    {\n      \"@type\": \"HowToTool\",\n      \"name\": \"sablon vagy stencil\"\n    }\n  ],\n  \"step\": [\n    {\n      \"@type\": \"HowToStep\",\n      \"name\": \"Fa el\u0151k\u00e9sz\u00edt\u00e9se\",\n      \"text\": \"V\u00e1lassz ki egy sima fa deszk\u00e1t vagy \u00fajrahasznos\u00edtott f\u00e1t, \u00e9s csiszold le alaposan, hogy sima legyen a fel\u00fclet.\",\n      \"image\": \"https:\/\/doubletakedecor.com\/uploads\/2025\/10\/fall-wood-decor-ideas-dtd-12.jpg\"\n    },\n    {\n      \"@type\": \"HowToStep\",\n      \"name\": \"Alap fest\u00e9se\",\n      \"text\": \"Fesd \u00e1t a fa h\u00e1tter\u00e9t kedvenc \u0151szi sz\u00edneddel (p\u00e9ld\u00e1ul narancs, barna vagy kr\u00e9m). Hagyd teljesen megsz\u00e1radni.\",\n      \"image\": \"https:\/\/doubletakedecor.com\/uploads\/2025\/10\/fall-wood-decor-ideas-dtd-12.jpg\"\n    },\n    {\n      \"@type\": \"HowToStep\",\n      \"name\": \"Felirat k\u00e9sz\u00edt\u00e9se\",\n      \"text\": \"Bet\u0171sablonnal vagy szabad k\u00e9zzel fess fel egy \u0151szi \u00fczenetet, mint p\u00e9ld\u00e1ul: \u201e\u00dcdv, \u0151sz!\u201d vagy \u201eH\u00e1l\u00e1s sz\u00edvvel\u201d.\",\n      \"image\": \"https:\/\/doubletakedecor.com\/uploads\/2025\/10\/fall-wood-decor-ideas-dtd-12.jpg\"\n    },\n    {\n      \"@type\": \"HowToStep\",\n      \"name\": \"D\u00edsz\u00edt\u00e9s\",\n      \"text\": \"D\u00edsz\u00edtsd fa vagy filc levelekkel, masnival, tobozzal, m\u0171t\u00f6kkel. Ragaszd fel a d\u00edszeket a t\u00e1bla sz\u00e9l\u00e9re vagy sarkaira.\",\n      \"image\": \"https:\/\/doubletakedecor.com\/uploads\/2025\/10\/fall-wood-decor-ideas-dtd-12.jpg\"\n    },\n    {\n      \"@type\": \"HowToStep\",\n      \"name\": \"Fel\u00fclet kezel\u00e9se\",\n      \"text\": \"K\u00fclt\u00e9ri haszn\u00e1lathoz kend le \u00e1tl\u00e1tsz\u00f3 v\u00e9d\u0151r\u00e9teggel vagy lakkal, hogy id\u0151t\u00e1ll\u00f3 legyen a t\u00e1bla.\",\n      \"image\": \"https:\/\/doubletakedecor.com\/uploads\/2025\/10\/fall-wood-decor-ideas-dtd-12.jpg\"\n    },\n    {\n      \"@type\": \"HowToStep\",\n      \"name\": \"Akaszt\u00f3 felhelyez\u00e9se\",\n      \"text\": \"A h\u00e1tulj\u00e1ra akassz f\u0171r\u00e9szes akaszt\u00f3t vagy f\u00farj k\u00e9t lyukat, \u00e9s f\u0171zz \u00e1t rajta zsineget az egyszer\u0171 kihelyez\u00e9shez.\",\n      \"image\": \"https:\/\/doubletakedecor.com\/uploads\/2025\/10\/fall-wood-decor-ideas-dtd-12.jpg\"\n    }\n  ],\n  \"estimatedCost\": {\n    \"@type\": \"MonetaryAmount\",\n    \"currency\": \"HUF\",\n    \"value\": \"1000\"\n  },\n  \"totalTime\": \"PT2H\"\n}\n<\/script>","_links":{"self":[{"href":"https:\/\/doubletakedecor.com\/hu\/wp-json\/wp\/v2\/posts\/10483","targetHints":{"allow":["GET"]}}],"collection":[{"href":"https:\/\/doubletakedecor.com\/hu\/wp-json\/wp\/v2\/posts"}],"about":[{"href":"https:\/\/doubletakedecor.com\/hu\/wp-json\/wp\/v2\/types\/post"}],"author":[{"embeddable":true,"href":"https:\/\/doubletakedecor.com\/hu\/wp-json\/wp\/v2\/users\/12"}],"replies":[{"embeddable":true,"href":"https:\/\/doubletakedecor.com\/hu\/wp-json\/wp\/v2\/comments?post=10483"}],"version-history":[{"count":1,"href":"https:\/\/doubletakedecor.com\/hu\/wp-json\/wp\/v2\/posts\/10483\/revisions"}],"predecessor-version":[{"id":10484,"href":"https:\/\/doubletakedecor.com\/hu\/wp-json\/wp\/v2\/posts\/10483\/revisions\/10484"}],"wp:featuredmedia":[{"embeddable":true,"href":"https:\/\/doubletakedecor.com\/hu\/wp-json\/wp\/v2\/media\/10160"}],"wp:attachment":[{"href":"https:\/\/doubletakedecor.com\/hu\/wp-json\/wp\/v2\/media?parent=10483"}],"wp:term":[{"taxonomy":"category","embeddable":true,"href":"https:\/\/doubletakedecor.com\/hu\/wp-json\/wp\/v2\/categories?post=10483"},{"taxonomy":"post_tag","embeddable":true,"href":"https:\/\/doubletakedecor.com\/hu\/wp-json\/wp\/v2\/tags?post=10483"}],"curies":[{"name":"wp","href":"https:\/\/api.w.org\/{rel}","templated":true}]}}