{"id":1446,"date":"2025-07-13T16:34:08","date_gmt":"2025-07-13T14:34:08","guid":{"rendered":"https:\/\/doubletakedecor.com\/nem-kategorizalt\/kreativ-megoldasok-a-hatso-kert-vedelmere-a-kivancsi-szomszedok-elol\/"},"modified":"2025-07-18T23:47:41","modified_gmt":"2025-07-18T21:47:41","slug":"udvar-maganszfera-otletek-szomszedoktol","status":"publish","type":"post","link":"https:\/\/doubletakedecor.com\/hu\/kert\/udvar-maganszfera-otletek-szomszedoktol\/","title":{"rendered":"Kreat\u00edv kerti mag\u00e1nszf\u00e9ra megold\u00e1sok k\u00edv\u00e1ncsi szomsz\u00e9dok elleni v\u00e9delemhez"},"content":{"rendered":"<p>Egy saj\u00e1t, elvonul\u00f3s kis zug kialak\u00edt\u00e1sa a kertedben nem kell, hogy bonyolult vagy dr\u00e1ga legyen. Ha alaposan \u00e1tgondolod, \u00e9s kreat\u00edv megold\u00e1sokat haszn\u00e1lsz, k\u00f6nnyen \u00e1tvar\u00e1zsolhatod a k\u00fclt\u00e9ri teredet egy olyan mened\u00e9kk\u00e9, ahol nem l\u00e1tnak be a szomsz\u00e9dok, r\u00e1ad\u00e1sul a kerted is csak szebb lesz t\u0151le.<\/p>\n<p>A klasszikus fa ker\u00edt\u00e9sekt\u0151l \u00e9s term\u00e9szetes n\u00f6v\u00e9nyfalakt\u00f3l kezdve az \u00f6tletes megold\u00e1sokig, mint p\u00e9ld\u00e1ul a bambusz parav\u00e1nok vagy a k\u00fclt\u00e9ri f\u00fcgg\u00f6ny\u00f6k \u2013 rengeteg lehet\u0151s\u00e9g k\u00f6z\u00fcl v\u00e1laszthatsz, ha intimit\u00e1sra v\u00e1gysz a kertedben. Ha j\u00f3l helyezed el az \u00f6r\u00f6kz\u00f6ldeket, p\u00e9ld\u00e1ul a tuj\u00e1kat, vagy gyorsan n\u00f6v\u0151 d\u00edszf\u00fcveket \u00fcltetsz, eg\u00e9sz \u00e9vben \u00e9lvezheted a nyugalmat, mik\u00f6zben a kerted megjelen\u00e9se is izgalmasabb lesz.<\/p>\n<p>A priv\u00e1t szf\u00e9ra kialak\u00edt\u00e1s\u00e1n t\u00fal ezek a megold\u00e1sok m\u00e1s el\u0151nnyel is j\u00e1rnak: cs\u00f6kkentik a zajt, felfogj\u00e1k a szelet, \u00e9s j\u00f3l elv\u00e1lasztj\u00e1k a k\u00fcl\u00f6nf\u00e9le kerti funkci\u00f3kat. Ak\u00e1r a t\u00f6m\u00f6r c\u00e9drus ker\u00edt\u00e9st szereted, ak\u00e1r a fut\u00f3n\u00f6v\u00e9nyek eleganci\u00e1j\u00e1t egy r\u00e1cson, vagy a k\u00fcl\u00f6nb\u00f6z\u0151 \u00e1rny\u00e9kol\u00f3kat \u2013 mindegyik lehet\u0151s\u00e9get a saj\u00e1t ig\u00e9nyeidre form\u00e1lhatod, hogy t\u00f6k\u00e9letesen illjen otthonod st\u00edlus\u00e1hoz \u00e9s k\u00edv\u00e1nt intimit\u00e1s\u00e1hoz.<\/p>\n<p>Ha t\u00f6bbf\u00e9le priv\u00e1t elemet kombin\u00e1lsz, \u00e9s nemcsak az azonnali, de a hossz\u00fa t\u00e1v\u00fa kerttervez\u00e9st is szem el\u0151tt tartod, igazi o\u00e1zist teremthetsz magadnak a kertben. Itt nyugodtan pihenhetsz, vend\u00e9geket h\u00edvhatsz, vagy csak \u00e9lvezheted a szabad leveg\u0151t \u00fagy, hogy k\u00f6zben nem \u00e9rzed magad kik\u00f6zszeml\u00e9lve.<\/p>\n<div class=\"kt_block\" id=\"kt_id\">\n<span class=\"kt_headline\">F\u0151bb tanuls\u00e1gok<\/span><\/p>\n<ul class=\"kt_post_list\">\n<li><strong>\ud83c\udf3f Term\u00e9szetes megold\u00e1sok priv\u00e1tszf\u00e9ra teremt\u00e9s\u00e9hez:<\/strong> Magas cserj\u00e9k, f\u00e1k vagy s\u00f6v\u00e9nyek \u00fcltet\u00e9se hat\u00e9konyan elz\u00e1rhat a szomsz\u00e9dokt\u00f3l, r\u00e1ad\u00e1sul z\u00f6ld, k\u00f6rnyezetbar\u00e1t, \u00e9s a l\u00e1tv\u00e1nyt is feldobja a kertedben.<\/li>\n<li><strong>\ud83c\udfe1 Kreat\u00edv ker\u00edt\u00e9sek:<\/strong> A klasszikus fa ker\u00edt\u00e9s, a bambusz parav\u00e1n vagy egy d\u00edszes r\u00e1cs egyszerre ad intimit\u00e1st \u00e9s st\u00edlust is. Ezeket k\u00f6nnyen a h\u00e1zad hangulat\u00e1hoz igaz\u00edthatod.<\/li>\n<li><strong>\ud83e\udeb4 Rugalmas \u00e1rny\u00e9kol\u00f3k:<\/strong> K\u00fclt\u00e9ri f\u00fcgg\u00f6ny\u00f6k, \u00e1rny\u00e9kol\u00f3 h\u00e1l\u00f3k vagy r\u00e1csok \u2013 sokf\u00e9le, k\u00f6nnyen v\u00e1ltoztathat\u00f3 eszk\u00f6z l\u00e9tezik, melyek nemcsak elb\u00fajtathatnak a k\u00edv\u00e1ncsi szemek el\u0151l, de hangulatosabb\u00e1 is var\u00e1zsolj\u00e1k a kertedet.<\/li>\n<li><strong>\ud83c\udf33 \u00c9vszakokon \u00e1t tart\u00f3 elszigetelts\u00e9g:<\/strong> Gyorsan n\u00f6v\u0151 \u00f6r\u00f6kz\u00f6ldek, mint p\u00e9ld\u00e1ul a tuja vagy a leylandi ciprus eg\u00e9sz \u00e9vben d\u00fas lombbal \u00e9s folyamatos rejtetts\u00e9ggel aj\u00e1nd\u00e9koznak meg, mik\u00f6zben gy\u00f6ny\u00f6r\u0171 h\u00e1tteret adnak a kertednek.<\/li>\n<\/ul>\n<\/div>\n<h2>Alkoss rusztikus \u00e1gker\u00edt\u00e9st l\u00f3g\u00f3 vir\u00e1gtart\u00f3kkal \u2013 term\u00e9szetes priv\u00e1tszf\u00e9r\u00e1\u00e9rt<\/h2>\n<p><img loading=\"lazy\" decoding=\"async\" width=\"700\" height=\"1050\" alt=\"Rusztikus fa\u00e1g ker\u00edt\u00e9s, agyag vir\u00e1gcserepekkel feld\u00edsz\u00edtve, z\u00f6ld n\u00f6v\u00e9nyek k\u00f6z\u00f6tt elhelyezve.\" class=\"aligncenter size-full wp-image-1243\" src=\"https:\/\/doubletakedecor.com\/uploads\/2025\/07\/backyard-privacy-ideas-from-neighbors-dtd-01.jpg\" srcset=\"https:\/\/doubletakedecor.com\/uploads\/2025\/07\/backyard-privacy-ideas-from-neighbors-dtd-01.jpg 700w, https:\/\/doubletakedecor.com\/uploads\/2025\/07\/backyard-privacy-ideas-from-neighbors-dtd-01-200x300.jpg 200w, https:\/\/doubletakedecor.com\/uploads\/2025\/07\/backyard-privacy-ideas-from-neighbors-dtd-01-683x1024.jpg 683w, https:\/\/doubletakedecor.com\/uploads\/2025\/07\/backyard-privacy-ideas-from-neighbors-dtd-01-96x144.jpg 96w, https:\/\/doubletakedecor.com\/uploads\/2025\/07\/backyard-privacy-ideas-from-neighbors-dtd-01-280x420.jpg 280w, https:\/\/doubletakedecor.com\/uploads\/2025\/07\/backyard-privacy-ideas-from-neighbors-dtd-01-320x480.jpg 320w, https:\/\/doubletakedecor.com\/uploads\/2025\/07\/backyard-privacy-ideas-from-neighbors-dtd-01-360x540.jpg 360w, https:\/\/doubletakedecor.com\/uploads\/2025\/07\/backyard-privacy-ideas-from-neighbors-dtd-01-363x545.jpg 363w, https:\/\/doubletakedecor.com\/uploads\/2025\/07\/backyard-privacy-ideas-from-neighbors-dtd-01-370x555.jpg 370w, https:\/\/doubletakedecor.com\/uploads\/2025\/07\/backyard-privacy-ideas-from-neighbors-dtd-01-400x600.jpg 400w, https:\/\/doubletakedecor.com\/uploads\/2025\/07\/backyard-privacy-ideas-from-neighbors-dtd-01-560x840.jpg 560w, https:\/\/doubletakedecor.com\/uploads\/2025\/07\/backyard-privacy-ideas-from-neighbors-dtd-01-480x720.jpg 480w\" sizes=\"auto, (max-width: 700px) 100vw, 700px\" \/><\/p>\n<p>Egy igaz\u00e1n b\u00e1jos hat\u00e1rol\u00f3t k\u00e9sz\u00edthetsz v\u00e9kony \u00e1gakb\u00f3l, ha f\u00fcgg\u0151legesen egym\u00e1s mell\u00e9 rakod \u0151ket \u2013 ez sz\u00e9p, term\u00e9szetes t\u00e9relv\u00e1laszt\u00f3 lesz a kertben. Akassz k\u00fcl\u00f6nb\u00f6z\u0151 magass\u00e1gba kis agyagcserepeket, amelyekbe fut\u00f3 vagy lecs\u00fcng\u0151 vir\u00e1gokat \u00fcltetsz \u2013 \u00edgy egyszerre kapsz takar\u00e1st \u00e9s l\u00e1tv\u00e1nyos d\u00edsz\u00edt\u00e9st. Ez a megold\u00e1s j\u00f3l elb\u00fajtat, de nem z\u00e1r el teljesen, vagyis \u00e1tl\u00e1that\u00f3, m\u00e9gis v\u00e9dett lesz t\u0151le a kerted. Ha helyi \u00e1gakat haszn\u00e1lsz, az k\u00fcl\u00f6n k\u00f6rnyezetbar\u00e1t v\u00e1laszt\u00e1s.<\/p>\n<h2>Alak\u00edts ki meghitt zugot m\u0171v\u00e9szi parav\u00e1nokkal<\/h2>\n<p><img loading=\"lazy\" decoding=\"async\" width=\"700\" height=\"1050\" alt=\"K\u00e9k \u00fcl\u0151garnit\u00fara p\u00e1rn\u00e1kkal, asztal, fonott parav\u00e1n, kasp\u00f3kban d\u00edszn\u00f6v\u00e9nyek \u2013 hangulatos k\u00fclt\u00e9ri pihen\u0151.\" class=\"aligncenter size-full wp-image-1244\" src=\"https:\/\/doubletakedecor.com\/uploads\/2025\/07\/backyard-privacy-ideas-from-neighbors-dtd-02.jpg\" srcset=\"https:\/\/doubletakedecor.com\/uploads\/2025\/07\/backyard-privacy-ideas-from-neighbors-dtd-02.jpg 700w, https:\/\/doubletakedecor.com\/uploads\/2025\/07\/backyard-privacy-ideas-from-neighbors-dtd-02-200x300.jpg 200w, https:\/\/doubletakedecor.com\/uploads\/2025\/07\/backyard-privacy-ideas-from-neighbors-dtd-02-683x1024.jpg 683w, https:\/\/doubletakedecor.com\/uploads\/2025\/07\/backyard-privacy-ideas-from-neighbors-dtd-02-96x144.jpg 96w, https:\/\/doubletakedecor.com\/uploads\/2025\/07\/backyard-privacy-ideas-from-neighbors-dtd-02-280x420.jpg 280w, https:\/\/doubletakedecor.com\/uploads\/2025\/07\/backyard-privacy-ideas-from-neighbors-dtd-02-320x480.jpg 320w, https:\/\/doubletakedecor.com\/uploads\/2025\/07\/backyard-privacy-ideas-from-neighbors-dtd-02-360x540.jpg 360w, https:\/\/doubletakedecor.com\/uploads\/2025\/07\/backyard-privacy-ideas-from-neighbors-dtd-02-363x545.jpg 363w, https:\/\/doubletakedecor.com\/uploads\/2025\/07\/backyard-privacy-ideas-from-neighbors-dtd-02-370x555.jpg 370w, https:\/\/doubletakedecor.com\/uploads\/2025\/07\/backyard-privacy-ideas-from-neighbors-dtd-02-400x600.jpg 400w, https:\/\/doubletakedecor.com\/uploads\/2025\/07\/backyard-privacy-ideas-from-neighbors-dtd-02-560x840.jpg 560w, https:\/\/doubletakedecor.com\/uploads\/2025\/07\/backyard-privacy-ideas-from-neighbors-dtd-02-480x720.jpg 480w\" sizes=\"auto, (max-width: 700px) 100vw, 700px\" \/><\/p>\n<p>R\u00f6gz\u00edts dekorat\u00edv fa lamell\u00e1s parav\u00e1nokat, amelyek kijel\u00f6lik a kinti pihen\u0151helyedet, mik\u00f6zben \u00e1tszell\u0151znek, \u00e9s a f\u00e9nyt is \u00e1tereszthetik. Kombin\u00e1ld k\u00e9nyelmes \u00fcl\u0151b\u00fatorokkal \u00e9s \u00e9l\u00e9nk sz\u00edn\u0171 text\u00edli\u00e1kkal, hogy igaz\u00e1n men\u0151 kuck\u00f3t kapj. Tipp: v\u00e1lassz olyan parav\u00e1nmint\u00e1t, ami illik a kerted st\u00edlus\u00e1hoz, de m\u00e9gis elrejti a szomsz\u00e9dok pillant\u00e1sait. \u00dcltesd k\u00f6rbe a ter\u00fcletet kasp\u00f3kba n\u00f6v\u00e9nyekkel, \u00edgy extra r\u00e9teg v\u00e9delemhez jutsz.<\/p>\n<h2>K\u00e9sz\u00edts teraszb\u00f3l kis o\u00e1zist term\u00e9szetes takar\u00e1ssal<\/h2>\n<p><img loading=\"lazy\" decoding=\"async\" width=\"700\" height=\"1050\" alt=\"Modern k\u00fclt\u00e9ri \u00e9lett\u00e9r, f\u00e1b\u00f3l k\u00e9sz\u00fclt priv\u00e1t ker\u00edt\u00e9ssel, k\u00e9nyelmes kabinhos \u00fcl\u0151hellyel.\" class=\"aligncenter size-full wp-image-1245\" src=\"https:\/\/doubletakedecor.com\/uploads\/2025\/07\/backyard-privacy-ideas-from-neighbors-dtd-03.jpg\" srcset=\"https:\/\/doubletakedecor.com\/uploads\/2025\/07\/backyard-privacy-ideas-from-neighbors-dtd-03.jpg 700w, https:\/\/doubletakedecor.com\/uploads\/2025\/07\/backyard-privacy-ideas-from-neighbors-dtd-03-200x300.jpg 200w, https:\/\/doubletakedecor.com\/uploads\/2025\/07\/backyard-privacy-ideas-from-neighbors-dtd-03-683x1024.jpg 683w, https:\/\/doubletakedecor.com\/uploads\/2025\/07\/backyard-privacy-ideas-from-neighbors-dtd-03-96x144.jpg 96w, https:\/\/doubletakedecor.com\/uploads\/2025\/07\/backyard-privacy-ideas-from-neighbors-dtd-03-280x420.jpg 280w, https:\/\/doubletakedecor.com\/uploads\/2025\/07\/backyard-privacy-ideas-from-neighbors-dtd-03-320x480.jpg 320w, https:\/\/doubletakedecor.com\/uploads\/2025\/07\/backyard-privacy-ideas-from-neighbors-dtd-03-360x540.jpg 360w, https:\/\/doubletakedecor.com\/uploads\/2025\/07\/backyard-privacy-ideas-from-neighbors-dtd-03-363x545.jpg 363w, https:\/\/doubletakedecor.com\/uploads\/2025\/07\/backyard-privacy-ideas-from-neighbors-dtd-03-370x555.jpg 370w, https:\/\/doubletakedecor.com\/uploads\/2025\/07\/backyard-privacy-ideas-from-neighbors-dtd-03-400x600.jpg 400w, https:\/\/doubletakedecor.com\/uploads\/2025\/07\/backyard-privacy-ideas-from-neighbors-dtd-03-560x840.jpg 560w, https:\/\/doubletakedecor.com\/uploads\/2025\/07\/backyard-privacy-ideas-from-neighbors-dtd-03-480x720.jpg 480w\" sizes=\"auto, (max-width: 700px) 100vw, 700px\" \/><\/p>\n<p>\u00dagy rendezd el a terasz \u00fcl\u0151garnit\u00far\u00e1dat, hogy k\u00f6r\u00fcl\u00f6tte f\u00e1k adjanak term\u00e9szetes takar\u00e1st. Haszn\u00e1lj k\u00e9nyelmes, id\u0151j\u00e1r\u00e1s\u00e1ll\u00f3 b\u00fatorokat sz\u00ednes p\u00e1rn\u00e1kkal, hogy igaz\u00e1n otthonos legyen a t\u00e9r. Olyan faburkolatot v\u00e1lassz a teraszhoz, ami passzol a h\u00e1zad k\u00fclsej\u00e9hez, \u00e9s tegy\u00e9l le n\u00e9h\u00e1ny term\u00e9sk\u0151 l\u00e9p\u0151k\u00f6vet, hogy k\u00f6nnyen \u00e1tj\u00e1rhat\u00f3 legyen a f\u0171 \u00e9s a terasz k\u00f6z\u00f6tt. \u00cdgy egyszerre lesz meghitt \u00e9s st\u00edlusos a ter\u00fcleted.<\/p>\n<h2>Alak\u00edts ki elvonul\u00f3s besz\u00e9lget\u0151sarkot tudatos b\u00fatorelrendez\u00e9ssel<\/h2>\n<p><img loading=\"lazy\" decoding=\"async\" width=\"700\" height=\"1050\" alt=\"Bar\u00e1ts\u00e1gos fab\u00fator, sz\u00ednes p\u00e1rn\u00e1kkal, rusztikus asztal, priv\u00e1t ker\u00edt\u00e9s \u2013 meghitt kerti zug.\" class=\"aligncenter size-full wp-image-1246\" src=\"https:\/\/doubletakedecor.com\/uploads\/2025\/07\/backyard-privacy-ideas-from-neighbors-dtd-04.jpg\" srcset=\"https:\/\/doubletakedecor.com\/uploads\/2025\/07\/backyard-privacy-ideas-from-neighbors-dtd-04.jpg 700w, https:\/\/doubletakedecor.com\/uploads\/2025\/07\/backyard-privacy-ideas-from-neighbors-dtd-04-200x300.jpg 200w, https:\/\/doubletakedecor.com\/uploads\/2025\/07\/backyard-privacy-ideas-from-neighbors-dtd-04-683x1024.jpg 683w, https:\/\/doubletakedecor.com\/uploads\/2025\/07\/backyard-privacy-ideas-from-neighbors-dtd-04-96x144.jpg 96w, https:\/\/doubletakedecor.com\/uploads\/2025\/07\/backyard-privacy-ideas-from-neighbors-dtd-04-280x420.jpg 280w, https:\/\/doubletakedecor.com\/uploads\/2025\/07\/backyard-privacy-ideas-from-neighbors-dtd-04-320x480.jpg 320w, https:\/\/doubletakedecor.com\/uploads\/2025\/07\/backyard-privacy-ideas-from-neighbors-dtd-04-360x540.jpg 360w, https:\/\/doubletakedecor.com\/uploads\/2025\/07\/backyard-privacy-ideas-from-neighbors-dtd-04-363x545.jpg 363w, https:\/\/doubletakedecor.com\/uploads\/2025\/07\/backyard-privacy-ideas-from-neighbors-dtd-04-370x555.jpg 370w, https:\/\/doubletakedecor.com\/uploads\/2025\/07\/backyard-privacy-ideas-from-neighbors-dtd-04-400x600.jpg 400w, https:\/\/doubletakedecor.com\/uploads\/2025\/07\/backyard-privacy-ideas-from-neighbors-dtd-04-560x840.jpg 560w, https:\/\/doubletakedecor.com\/uploads\/2025\/07\/backyard-privacy-ideas-from-neighbors-dtd-04-480x720.jpg 480w\" sizes=\"auto, (max-width: 700px) 100vw, 700px\" \/><\/p>\n<p>Helyezd a k\u00fclt\u00e9ri b\u00fatorokat k\u00f6zvetlen\u00fcl a ker\u00edt\u00e9s mell\u00e9, \u00edgy m\u00e9g jobban rejtve leszel \u00e9s otthonosabb hangulatot kapsz. \u00dcltess magas kasp\u00f3kat a sarokba, hogy term\u00e9szetes n\u00f6v\u00e9nys\u00e1v is takarja a pihen\u0151z\u00f3n\u00e1t. A puha p\u00e1rn\u00e1kkal ell\u00e1tott fa \u00fcl\u0151garnit\u00fara k\u00e9nyelmes, az \u00e9g\u0151sorok pedig kellemes hangulatf\u00e9nyt adnak an\u00e9lk\u00fcl, hogy kivil\u00e1g\u00edtan\u00e1k a zugodat. V\u00e1lassz nat\u00far, semleges sz\u00edneket, hogy jobban beleolvadj a k\u00f6rnyezetbe, \u00e9s igaz\u00e1n diszkr\u00e9t legyen a pihen\u0151helyed.<\/p>\n<h2>Teremts nyugalmat v\u00edzszintes l\u00e9cesker\u00edt\u00e9ssel<\/h2>\n<p><img loading=\"lazy\" decoding=\"async\" width=\"700\" height=\"1050\" alt=\"Fa terasz, k\u00f6r\u00fcl\u00f6tte sok n\u00f6v\u00e9ny, v\u00edzszintes fa l\u00e9c ker\u00edt\u00e9s, amely intimit\u00e1st \u00e9s nyitotts\u00e1got is ad.\" class=\"aligncenter size-full wp-image-1247\" src=\"https:\/\/doubletakedecor.com\/uploads\/2025\/07\/backyard-privacy-ideas-from-neighbors-dtd-05.jpg\" srcset=\"https:\/\/doubletakedecor.com\/uploads\/2025\/07\/backyard-privacy-ideas-from-neighbors-dtd-05.jpg 700w, https:\/\/doubletakedecor.com\/uploads\/2025\/07\/backyard-privacy-ideas-from-neighbors-dtd-05-200x300.jpg 200w, https:\/\/doubletakedecor.com\/uploads\/2025\/07\/backyard-privacy-ideas-from-neighbors-dtd-05-683x1024.jpg 683w, https:\/\/doubletakedecor.com\/uploads\/2025\/07\/backyard-privacy-ideas-from-neighbors-dtd-05-96x144.jpg 96w, https:\/\/doubletakedecor.com\/uploads\/2025\/07\/backyard-privacy-ideas-from-neighbors-dtd-05-280x420.jpg 280w, https:\/\/doubletakedecor.com\/uploads\/2025\/07\/backyard-privacy-ideas-from-neighbors-dtd-05-320x480.jpg 320w, https:\/\/doubletakedecor.com\/uploads\/2025\/07\/backyard-privacy-ideas-from-neighbors-dtd-05-360x540.jpg 360w, https:\/\/doubletakedecor.com\/uploads\/2025\/07\/backyard-privacy-ideas-from-neighbors-dtd-05-363x545.jpg 363w, https:\/\/doubletakedecor.com\/uploads\/2025\/07\/backyard-privacy-ideas-from-neighbors-dtd-05-370x555.jpg 370w, https:\/\/doubletakedecor.com\/uploads\/2025\/07\/backyard-privacy-ideas-from-neighbors-dtd-05-400x600.jpg 400w, https:\/\/doubletakedecor.com\/uploads\/2025\/07\/backyard-privacy-ideas-from-neighbors-dtd-05-560x840.jpg 560w, https:\/\/doubletakedecor.com\/uploads\/2025\/07\/backyard-privacy-ideas-from-neighbors-dtd-05-480x720.jpg 480w\" sizes=\"auto, (max-width: 700px) 100vw, 700px\" \/><\/p>\n<p>Egyszerre lehet praktikus \u00e9s st\u00edlusos a kerted, ha v\u00edzszintes fa l\u00e9c ker\u00edt\u00e9st szerelsz fel a terasz k\u00f6r\u00e9. Fokozhatod a priv\u00e1t hat\u00e1st, ha a szeg\u00e9lyekbe magas\u00edtott kasp\u00f3kat teszel. \u00dcltesd tele illatos f\u0171szern\u00f6v\u00e9nyekkel vagy d\u00fas levelekkel, \u00edgy term\u00e9szetes takar\u00e1st kapsz. J\u00e1tssz a kasp\u00f3k form\u00e1j\u00e1val \u00e9s sz\u00edn\u00e9vel, hogy modernabb, lend\u00fcletes karakter\u0171 legyen a teraszod. Ez a megold\u00e1s egyar\u00e1nt ad vizu\u00e1lis v\u00e9delmet \u00e9s b\u00e9k\u00e9s atmoszf\u00e9r\u00e1t.<\/p>\n<h2>Legyen figyelemfelkelt\u0151 a priv\u00e1t t\u00e9red \u2013 \u00edves r\u00e1csos ker\u00edt\u00e9s mer\u00e9sz t\u00fcrkizben<\/h2>\n<p><img loading=\"lazy\" decoding=\"async\" width=\"700\" height=\"1050\" alt=\"T\u00fcrkiz sz\u00edn\u0171, \u00edves tetej\u0171, f\u00e1b\u00f3l k\u00e9sz\u00fclt r\u00e1csos ker\u00edt\u00e9s, amit buja n\u00f6v\u00e9nyzet \u00e9s vir\u00e1gok eg\u00e9sz\u00edtenek ki.\" class=\"aligncenter size-full wp-image-1248\" src=\"https:\/\/doubletakedecor.com\/uploads\/2025\/07\/backyard-privacy-ideas-from-neighbors-dtd-06.jpg\" srcset=\"https:\/\/doubletakedecor.com\/uploads\/2025\/07\/backyard-privacy-ideas-from-neighbors-dtd-06.jpg 700w, https:\/\/doubletakedecor.com\/uploads\/2025\/07\/backyard-privacy-ideas-from-neighbors-dtd-06-200x300.jpg 200w, https:\/\/doubletakedecor.com\/uploads\/2025\/07\/backyard-privacy-ideas-from-neighbors-dtd-06-683x1024.jpg 683w, https:\/\/doubletakedecor.com\/uploads\/2025\/07\/backyard-privacy-ideas-from-neighbors-dtd-06-96x144.jpg 96w, https:\/\/doubletakedecor.com\/uploads\/2025\/07\/backyard-privacy-ideas-from-neighbors-dtd-06-280x420.jpg 280w, https:\/\/doubletakedecor.com\/uploads\/2025\/07\/backyard-privacy-ideas-from-neighbors-dtd-06-320x480.jpg 320w, https:\/\/doubletakedecor.com\/uploads\/2025\/07\/backyard-privacy-ideas-from-neighbors-dtd-06-360x540.jpg 360w, https:\/\/doubletakedecor.com\/uploads\/2025\/07\/backyard-privacy-ideas-from-neighbors-dtd-06-363x545.jpg 363w, https:\/\/doubletakedecor.com\/uploads\/2025\/07\/backyard-privacy-ideas-from-neighbors-dtd-06-370x555.jpg 370w, https:\/\/doubletakedecor.com\/uploads\/2025\/07\/backyard-privacy-ideas-from-neighbors-dtd-06-400x600.jpg 400w, https:\/\/doubletakedecor.com\/uploads\/2025\/07\/backyard-privacy-ideas-from-neighbors-dtd-06-560x840.jpg 560w, https:\/\/doubletakedecor.com\/uploads\/2025\/07\/backyard-privacy-ideas-from-neighbors-dtd-06-480x720.jpg 480w\" sizes=\"auto, (max-width: 700px) 100vw, 700px\" \/><\/p>\n<p>Dekorat\u00edv, felt\u0171n\u0151 vizu\u00e1lis v\u00e9delmet ad egy ilyen \u00e9l\u00e9nk t\u00fcrkiz sz\u00edn\u0171, d\u00edszes f\u00e1b\u00f3l k\u00e9sz\u00fclt ker\u00edt\u00e9s, melynek \u00edves teteje karakteress\u00e9 teszi a kertedet, \u00e9s ugyanakkor j\u00f3l takarja el a k\u00edv\u00e1ncsiskod\u00f3k el\u0151l a priv\u00e1t teret. \u00dcltess hortenzia- \u00e9s \u00e1rny\u00e9kliliom-t\u00f6veket a ker\u00edt\u00e9s t\u00f6v\u00e9be, hogy a hat\u00e1rol\u00f3 puh\u00e1bb legyen, \u00e9s nyugalmas, b\u00e9k\u00e9s hangulatot var\u00e1zsoljon. Ez a ker\u00edt\u00e9s a t\u00f6k\u00e9letes egyens\u00falyt adja a tart\u00f3s v\u00e9delem \u00e9s a sz\u00e9p megjelen\u00e9s k\u00f6z\u00f6tt a kertedben.<\/p>\n<h2>Alak\u00edts ki priv\u00e1t k\u00fclt\u00e9ri \u00e9tkez\u0151tudvart \u00e1tgondolt n\u00f6v\u00e9ny\u00fcltet\u00e9ssel<\/h2>\n<p><img loading=\"lazy\" decoding=\"async\" width=\"700\" height=\"1050\" alt=\"Bens\u0151s\u00e9ges \u00e9tkez\u0151sarok, s\u00f6v\u00e9ny-\u00f6sv\u00e9nyekkel, k\u0151 terasszal, h\u00e1tt\u00e9rben kandall\u00f3val \u2013 t\u00f6k\u00e9letes hely szomsz\u00e9dokt\u00f3l elb\u00fajni.\" class=\"aligncenter size-full wp-image-1249\" src=\"https:\/\/doubletakedecor.com\/uploads\/2025\/07\/backyard-privacy-ideas-from-neighbors-dtd-07.jpg\" srcset=\"https:\/\/doubletakedecor.com\/uploads\/2025\/07\/backyard-privacy-ideas-from-neighbors-dtd-07.jpg 700w, https:\/\/doubletakedecor.com\/uploads\/2025\/07\/backyard-privacy-ideas-from-neighbors-dtd-07-200x300.jpg 200w, https:\/\/doubletakedecor.com\/uploads\/2025\/07\/backyard-privacy-ideas-from-neighbors-dtd-07-683x1024.jpg 683w, https:\/\/doubletakedecor.com\/uploads\/2025\/07\/backyard-privacy-ideas-from-neighbors-dtd-07-96x144.jpg 96w, https:\/\/doubletakedecor.com\/uploads\/2025\/07\/backyard-privacy-ideas-from-neighbors-dtd-07-280x420.jpg 280w, https:\/\/doubletakedecor.com\/uploads\/2025\/07\/backyard-privacy-ideas-from-neighbors-dtd-07-320x480.jpg 320w, https:\/\/doubletakedecor.com\/uploads\/2025\/07\/backyard-privacy-ideas-from-neighbors-dtd-07-360x540.jpg 360w, https:\/\/doubletakedecor.com\/uploads\/2025\/07\/backyard-privacy-ideas-from-neighbors-dtd-07-363x545.jpg 363w, https:\/\/doubletakedecor.com\/uploads\/2025\/07\/backyard-privacy-ideas-from-neighbors-dtd-07-370x555.jpg 370w, https:\/\/doubletakedecor.com\/uploads\/2025\/07\/backyard-privacy-ideas-from-neighbors-dtd-07-400x600.jpg 400w, https:\/\/doubletakedecor.com\/uploads\/2025\/07\/backyard-privacy-ideas-from-neighbors-dtd-07-560x840.jpg 560w, https:\/\/doubletakedecor.com\/uploads\/2025\/07\/backyard-privacy-ideas-from-neighbors-dtd-07-480x720.jpg 480w\" sizes=\"auto, (max-width: 700px) 100vw, 700px\" \/><\/p>\n<p>V\u00e9dd le az \u00e9tkez\u0151sarkodat \u00fagy, hogy gondosan ny\u00edrt s\u00f6v\u00e9nyt \u00e9s f\u00e1kat \u00fcltetsz k\u00f6r\u00e9 term\u00e9szetes k\u00e9perny\u0151k\u00e9nt. Az asztalt \u00fagy helyezd el, hogy sz\u00f6gben \u00e1lljon a szomsz\u00e9dok fel\u00e9, \u00edgy kev\u00e9sb\u00e9 lehet bel\u00e1tni. Helyezz el odakint egy k\u00fclt\u00e9ri kandall\u00f3t, ami egyszerre f\u00f3kuszpont \u00e9s plusz takar\u00e1sk\u00e9nt is m\u0171k\u00f6dik. R\u00e9teges megvil\u00e1g\u00edt\u00e1ssal \u2013 mint p\u00e9ld\u00e1ul f\u00e1kly\u00e1k, fel\u00fclr\u0151l vil\u00e1g\u00edt\u00f3 l\u00e1mp\u00e1k \u2013 este is megtarthatod a priv\u00e1t hangulatot \u00e9s a j\u00f3 t\u00e1rsas\u00e1gi l\u00e9gk\u00f6rt. A k\u00e9nyelmes p\u00e1rn\u00e1s sz\u00e9kek m\u00e9g hosszabb vacsor\u00e1khoz is t\u00f6k\u00e9letesek.<\/p>\n<h2>Alak\u00edts ki kerti \u00e9tkez\u0151helyet s\u0171r\u0171 n\u00f6v\u00e9nyfallal k\u00f6rbev\u00e9ve<\/h2>\n<p><img loading=\"lazy\" decoding=\"async\" width=\"700\" height=\"1050\" alt=\"Rusztikus faasztal, \u00f6sszecsukhat\u00f3 sz\u00e9kek, melyeket s\u0171r\u0171 n\u00f6v\u00e9nyzet vesz k\u00f6r\u00fcl \u2013 term\u00e9szetes elb\u00faj\u00f3 k\u00fclt\u00e9ri \u00e9tkez\u0151.\" class=\"aligncenter size-full wp-image-1250\" src=\"https:\/\/doubletakedecor.com\/uploads\/2025\/07\/backyard-privacy-ideas-from-neighbors-dtd-08.jpg\" srcset=\"https:\/\/doubletakedecor.com\/uploads\/2025\/07\/backyard-privacy-ideas-from-neighbors-dtd-08.jpg 700w, https:\/\/doubletakedecor.com\/uploads\/2025\/07\/backyard-privacy-ideas-from-neighbors-dtd-08-200x300.jpg 200w, https:\/\/doubletakedecor.com\/uploads\/2025\/07\/backyard-privacy-ideas-from-neighbors-dtd-08-683x1024.jpg 683w, https:\/\/doubletakedecor.com\/uploads\/2025\/07\/backyard-privacy-ideas-from-neighbors-dtd-08-96x144.jpg 96w, https:\/\/doubletakedecor.com\/uploads\/2025\/07\/backyard-privacy-ideas-from-neighbors-dtd-08-280x420.jpg 280w, https:\/\/doubletakedecor.com\/uploads\/2025\/07\/backyard-privacy-ideas-from-neighbors-dtd-08-320x480.jpg 320w, https:\/\/doubletakedecor.com\/uploads\/2025\/07\/backyard-privacy-ideas-from-neighbors-dtd-08-360x540.jpg 360w, https:\/\/doubletakedecor.com\/uploads\/2025\/07\/backyard-privacy-ideas-from-neighbors-dtd-08-363x545.jpg 363w, https:\/\/doubletakedecor.com\/uploads\/2025\/07\/backyard-privacy-ideas-from-neighbors-dtd-08-370x555.jpg 370w, https:\/\/doubletakedecor.com\/uploads\/2025\/07\/backyard-privacy-ideas-from-neighbors-dtd-08-400x600.jpg 400w, https:\/\/doubletakedecor.com\/uploads\/2025\/07\/backyard-privacy-ideas-from-neighbors-dtd-08-560x840.jpg 560w, https:\/\/doubletakedecor.com\/uploads\/2025\/07\/backyard-privacy-ideas-from-neighbors-dtd-08-480x720.jpg 480w\" sizes=\"auto, (max-width: 700px) 100vw, 700px\" \/><\/p>\n<p>Helyezd az \u00e9tkez\u0151asztalt s\u0171r\u0171 n\u00f6v\u00e9nys\u00e1v k\u00f6zep\u00e9re, \u00edgy teljesen rejtett, hangulatos teret kapsz a kertben. Magas s\u00f6v\u00e9nyek, id\u0151s bokrok j\u00f3l szigetelnek nemcsak a tekintetek, de a zaj ellen is. Egy egyszer\u0171 fa b\u00fator szett rusztikus \u00e9let\u00e9rz\u00e9st ad \u2013 ehhez illik a kert term\u00e9szetes sz\u00e9ps\u00e9ge. A legjobb, ha k\u00fcl\u00f6nb\u00f6z\u0151 magass\u00e1g\u00fa n\u00f6v\u00e9nyeket r\u00e9tegezel, \u00edgy teljesen elz\u00e1rod a kil\u00e1t\u00e1st a szomsz\u00e9dok el\u0151l.<\/p>\n<h2>R\u00e9tegezd a hat\u00e1rol\u00f3kat a maxim\u00e1lis priv\u00e1t t\u00e9r \u00e9rdek\u00e9ben<\/h2>\n<p><img loading=\"lazy\" decoding=\"async\" width=\"700\" height=\"1050\" alt=\"Feh\u00e9r m\u0171anyag ker\u00edt\u00e9s, dekorat\u00edv r\u00e1csos fels\u0151 r\u00e9sszel, sz\u00ednes vir\u00e1g\u00e1gy\u00e1ssal kieg\u00e9sz\u00edtve \u2013 j\u00f3l illik a parkos\u00edtott kertbe.\" class=\"aligncenter size-full wp-image-1251\" src=\"https:\/\/doubletakedecor.com\/uploads\/2025\/07\/backyard-privacy-ideas-from-neighbors-dtd-09.jpg\" srcset=\"https:\/\/doubletakedecor.com\/uploads\/2025\/07\/backyard-privacy-ideas-from-neighbors-dtd-09.jpg 700w, https:\/\/doubletakedecor.com\/uploads\/2025\/07\/backyard-privacy-ideas-from-neighbors-dtd-09-200x300.jpg 200w, https:\/\/doubletakedecor.com\/uploads\/2025\/07\/backyard-privacy-ideas-from-neighbors-dtd-09-683x1024.jpg 683w, https:\/\/doubletakedecor.com\/uploads\/2025\/07\/backyard-privacy-ideas-from-neighbors-dtd-09-96x144.jpg 96w, https:\/\/doubletakedecor.com\/uploads\/2025\/07\/backyard-privacy-ideas-from-neighbors-dtd-09-280x420.jpg 280w, https:\/\/doubletakedecor.com\/uploads\/2025\/07\/backyard-privacy-ideas-from-neighbors-dtd-09-320x480.jpg 320w, https:\/\/doubletakedecor.com\/uploads\/2025\/07\/backyard-privacy-ideas-from-neighbors-dtd-09-360x540.jpg 360w, https:\/\/doubletakedecor.com\/uploads\/2025\/07\/backyard-privacy-ideas-from-neighbors-dtd-09-363x545.jpg 363w, https:\/\/doubletakedecor.com\/uploads\/2025\/07\/backyard-privacy-ideas-from-neighbors-dtd-09-370x555.jpg 370w, https:\/\/doubletakedecor.com\/uploads\/2025\/07\/backyard-privacy-ideas-from-neighbors-dtd-09-400x600.jpg 400w, https:\/\/doubletakedecor.com\/uploads\/2025\/07\/backyard-privacy-ideas-from-neighbors-dtd-09-560x840.jpg 560w, https:\/\/doubletakedecor.com\/uploads\/2025\/07\/backyard-privacy-ideas-from-neighbors-dtd-09-480x720.jpg 480w\" sizes=\"auto, (max-width: 700px) 100vw, 700px\" \/><\/p>\n<p>\u00c9p\u00edts t\u00f6bbr\u00e9teg\u0171 v\u00e9d\u0151falat: p\u00e9ld\u00e1ul kombin\u00e1ld a feh\u00e9r m\u0171anyag ker\u00edt\u00e9st r\u00e1csos d\u00edsz\u00edt\u00e9ssel, egy dekorat\u00edv k\u0151fallal. \u00dcltess \u00e9l\u00e9nk sz\u00edn\u0171 vir\u00e1gokat az alaphoz, \u00edgy egyszerre lesz \u00e9rdekes a l\u00e1tv\u00e1ny \u00e9s garant\u00e1lt a takar\u00e1s. Ez a t\u00f6bbr\u00e9teg\u0171 megk\u00f6zel\u00edt\u00e9s nemcsak a bel\u00e1t\u00e1st akad\u00e1lyozza, hanem text\u00far\u00e1t \u00e9s m\u00e9lys\u00e9get is ad a kertednek. T\u00f6rekedj elt\u00e9r\u0151 magass\u00e1gokra, hogy a priv\u00e1t t\u00e9r t\u00e9nyleg teljes legyen, \u00e9s a l\u00e1tv\u00e1ny is v\u00e1ltozatos maradjon.<\/p>\n<h2>\u00c9l\u00e9nk t\u00fcrkiz ker\u00edt\u00e9s \u2013 sz\u00ednes, v\u00e9delmet ny\u00fajt\u00f3 hat\u00e1rol\u00f3<\/h2>\n<p><img loading=\"lazy\" decoding=\"async\" width=\"700\" height=\"1050\" alt=\"B\u00e1jos t\u00fcrkiz sz\u00edn\u0171, hegyes v\u00e9g\u0171 fa ker\u00edt\u00e9s, z\u00f6ld n\u00f6v\u00e9nyekkel \u00e9s narancs vir\u00e1gokkal kieg\u00e9sz\u00edtve.\" class=\"aligncenter size-full wp-image-1252\" src=\"https:\/\/doubletakedecor.com\/uploads\/2025\/07\/backyard-privacy-ideas-from-neighbors-dtd-10.jpg\" srcset=\"https:\/\/doubletakedecor.com\/uploads\/2025\/07\/backyard-privacy-ideas-from-neighbors-dtd-10.jpg 700w, https:\/\/doubletakedecor.com\/uploads\/2025\/07\/backyard-privacy-ideas-from-neighbors-dtd-10-200x300.jpg 200w, https:\/\/doubletakedecor.com\/uploads\/2025\/07\/backyard-privacy-ideas-from-neighbors-dtd-10-683x1024.jpg 683w, https:\/\/doubletakedecor.com\/uploads\/2025\/07\/backyard-privacy-ideas-from-neighbors-dtd-10-96x144.jpg 96w, https:\/\/doubletakedecor.com\/uploads\/2025\/07\/backyard-privacy-ideas-from-neighbors-dtd-10-280x420.jpg 280w, https:\/\/doubletakedecor.com\/uploads\/2025\/07\/backyard-privacy-ideas-from-neighbors-dtd-10-320x480.jpg 320w, https:\/\/doubletakedecor.com\/uploads\/2025\/07\/backyard-privacy-ideas-from-neighbors-dtd-10-360x540.jpg 360w, https:\/\/doubletakedecor.com\/uploads\/2025\/07\/backyard-privacy-ideas-from-neighbors-dtd-10-363x545.jpg 363w, https:\/\/doubletakedecor.com\/uploads\/2025\/07\/backyard-privacy-ideas-from-neighbors-dtd-10-370x555.jpg 370w, https:\/\/doubletakedecor.com\/uploads\/2025\/07\/backyard-privacy-ideas-from-neighbors-dtd-10-400x600.jpg 400w, https:\/\/doubletakedecor.com\/uploads\/2025\/07\/backyard-privacy-ideas-from-neighbors-dtd-10-560x840.jpg 560w, https:\/\/doubletakedecor.com\/uploads\/2025\/07\/backyard-privacy-ideas-from-neighbors-dtd-10-480x720.jpg 480w\" sizes=\"auto, (max-width: 700px) 100vw, 700px\" \/><\/p>\n<p>Alak\u00edts ki felt\u0171n\u0151, m\u00e9gis v\u00e9delmet ny\u00fajt\u00f3 hat\u00e1rt a kertedben egy \u00e9l\u00e9nk t\u00fcrkizre festett fa ker\u00edt\u00e9ssel. Ez az \u00e9l\u00e9nk sz\u00edn nemcsak elrejti a priv\u00e1t teret, de sz\u00e9p h\u00e1tteret is ad a vir\u00e1g\u00e1gy\u00e1soknak. V\u00e1lassz id\u0151j\u00e1r\u00e1s\u00e1ll\u00f3 fest\u00e9ket, majd fesd \u00e1t k\u00e9t r\u00e9tegben a tart\u00f3s eredm\u00e9nyhez. A hegyes ker\u00edt\u00e9sv\u00e9gek k\u00fcl\u00f6nleges karaktert adnak, \u00e9s egy\u00fattal azt is megnehez\u00edtik, hogy valaki \u00e1tl\u00e1sson rajta.<\/p>\n<h2>L\u00f3g\u00f3 vir\u00e1gtart\u00f3kkal bor\u00edtsd el a ker\u00edt\u00e9sed \u2013 term\u00e9szetes takar\u00e1s<\/h2>\n<p><img loading=\"lazy\" decoding=\"async\" width=\"700\" height=\"1050\" alt=\"S\u00e1rga fa ker\u00edt\u00e9s, amelyen \u00e9l\u00e9nk piros, narancs, lila cs\u00fcng\u0151 vir\u00e1gok takarj\u00e1k el a kerti \u00f6sv\u00e9nyt.\" class=\"aligncenter size-full wp-image-1253\" src=\"https:\/\/doubletakedecor.com\/uploads\/2025\/07\/backyard-privacy-ideas-from-neighbors-dtd-11.jpg\" srcset=\"https:\/\/doubletakedecor.com\/uploads\/2025\/07\/backyard-privacy-ideas-from-neighbors-dtd-11.jpg 700w, https:\/\/doubletakedecor.com\/uploads\/2025\/07\/backyard-privacy-ideas-from-neighbors-dtd-11-200x300.jpg 200w, https:\/\/doubletakedecor.com\/uploads\/2025\/07\/backyard-privacy-ideas-from-neighbors-dtd-11-683x1024.jpg 683w, https:\/\/doubletakedecor.com\/uploads\/2025\/07\/backyard-privacy-ideas-from-neighbors-dtd-11-96x144.jpg 96w, https:\/\/doubletakedecor.com\/uploads\/2025\/07\/backyard-privacy-ideas-from-neighbors-dtd-11-280x420.jpg 280w, https:\/\/doubletakedecor.com\/uploads\/2025\/07\/backyard-privacy-ideas-from-neighbors-dtd-11-320x480.jpg 320w, https:\/\/doubletakedecor.com\/uploads\/2025\/07\/backyard-privacy-ideas-from-neighbors-dtd-11-360x540.jpg 360w, https:\/\/doubletakedecor.com\/uploads\/2025\/07\/backyard-privacy-ideas-from-neighbors-dtd-11-363x545.jpg 363w, https:\/\/doubletakedecor.com\/uploads\/2025\/07\/backyard-privacy-ideas-from-neighbors-dtd-11-370x555.jpg 370w, https:\/\/doubletakedecor.com\/uploads\/2025\/07\/backyard-privacy-ideas-from-neighbors-dtd-11-400x600.jpg 400w, https:\/\/doubletakedecor.com\/uploads\/2025\/07\/backyard-privacy-ideas-from-neighbors-dtd-11-560x840.jpg 560w, https:\/\/doubletakedecor.com\/uploads\/2025\/07\/backyard-privacy-ideas-from-neighbors-dtd-11-480x720.jpg 480w\" sizes=\"auto, (max-width: 700px) 100vw, 700px\" \/><\/p>\n<p>Szerelj l\u00e1tv\u00e1nyos, sz\u00ednes vir\u00e1gtart\u00f3kat a ker\u00edt\u00e9sedre, \u00edgy term\u00e9szetes \u00e9l\u0151falat kapsz. V\u00e1lassz lecs\u00fcng\u0151 vir\u00e1g\u00fa fajt\u00e1kat, p\u00e9ld\u00e1ul pet\u00fani\u00e1t vagy bakop\u00e1t, hogy min\u00e9l jobban eltakarjanak. A kasp\u00f3kat tedd szemmagass\u00e1gba a leghat\u00e9konyabb takar\u00e1s\u00e9rt. Ha a ker\u00edt\u00e9st is sz\u00ednesre fested, m\u00e9g jobban kiemelheted a vir\u00e1gok sz\u00e9ps\u00e9g\u00e9t, mik\u00f6zben term\u00e9szetesen v\u00e9desz a k\u00edv\u00e1ncsi tekintetek el\u0151l.<\/p>\n<h2>Bambuszker\u00edt\u00e9s k\u0151\u00f6sv\u00e9nnyel \u2013 b\u00e9k\u00e9s rejtett kis zug<\/h2>\n<p><img loading=\"lazy\" decoding=\"async\" width=\"700\" height=\"1050\" alt=\"F\u00fcgg\u0151leges fa l\u00e9c ker\u00edt\u00e9s, k\u00fasz\u00f3n\u00f6v\u00e9nyek \u00e9s z\u00f6ld n\u00f6v\u00e9nyek term\u00e9szetes v\u00e9d\u0151falk\u00e9nt, k\u0151 s\u00e9t\u00e1ny mellett.\" class=\"aligncenter size-full wp-image-1254\" src=\"https:\/\/doubletakedecor.com\/uploads\/2025\/07\/backyard-privacy-ideas-from-neighbors-dtd-12.jpg\" srcset=\"https:\/\/doubletakedecor.com\/uploads\/2025\/07\/backyard-privacy-ideas-from-neighbors-dtd-12.jpg 700w, https:\/\/doubletakedecor.com\/uploads\/2025\/07\/backyard-privacy-ideas-from-neighbors-dtd-12-200x300.jpg 200w, https:\/\/doubletakedecor.com\/uploads\/2025\/07\/backyard-privacy-ideas-from-neighbors-dtd-12-683x1024.jpg 683w, https:\/\/doubletakedecor.com\/uploads\/2025\/07\/backyard-privacy-ideas-from-neighbors-dtd-12-96x144.jpg 96w, https:\/\/doubletakedecor.com\/uploads\/2025\/07\/backyard-privacy-ideas-from-neighbors-dtd-12-280x420.jpg 280w, https:\/\/doubletakedecor.com\/uploads\/2025\/07\/backyard-privacy-ideas-from-neighbors-dtd-12-320x480.jpg 320w, https:\/\/doubletakedecor.com\/uploads\/2025\/07\/backyard-privacy-ideas-from-neighbors-dtd-12-360x540.jpg 360w, https:\/\/doubletakedecor.com\/uploads\/2025\/07\/backyard-privacy-ideas-from-neighbors-dtd-12-363x545.jpg 363w, https:\/\/doubletakedecor.com\/uploads\/2025\/07\/backyard-privacy-ideas-from-neighbors-dtd-12-370x555.jpg 370w, https:\/\/doubletakedecor.com\/uploads\/2025\/07\/backyard-privacy-ideas-from-neighbors-dtd-12-400x600.jpg 400w, https:\/\/doubletakedecor.com\/uploads\/2025\/07\/backyard-privacy-ideas-from-neighbors-dtd-12-560x840.jpg 560w, https:\/\/doubletakedecor.com\/uploads\/2025\/07\/backyard-privacy-ideas-from-neighbors-dtd-12-480x720.jpg 480w\" sizes=\"auto, (max-width: 700px) 100vw, 700px\" \/><\/p>\n<p>Kialak\u00edthatsz term\u00e9szetes, m\u00e9gis hat\u00e9kony v\u00e9delmet, ha f\u00fcgg\u0151leges bambuszker\u00edt\u00e9st szerelsz egy k\u0151 t\u00e1mfalra. \u00dcltess fut\u00f3n\u00f6v\u00e9nyeket az alj\u00e1ba, hogy lecs\u00fcng\u0151 z\u00f6ld takar\u00e1sod legyen, \u00e9s ezzel tomp\u00edtsd a ker\u00edt\u00e9s hat\u00e1s\u00e1t. Az eg\u00e9szet tedd teljess\u00e9 egy szab\u00e1lytalan alak\u00fa, f\u00fcves k\u00f6z\u00f6k k\u00f6z\u00f6tt kacskaring\u00f3z\u00f3 k\u0151l\u00e9pcs\u0151vel. Ez a t\u00f6bb r\u00e9tegb\u0151l \u00e1ll\u00f3 megold\u00e1s j\u00f3l elrejt, mik\u00f6zben meghitten otthonos marad a kertedben.<\/p>\n<h2>Teremts nyugodt, zen hangulat\u00fa pihen\u0151helyet Adirondack sz\u00e9kekkel \u00e9s term\u00e9szetes takar\u00e1ssal<\/h2>\n<p><img loading=\"lazy\" decoding=\"async\" width=\"700\" height=\"1050\" alt=\"F\u00e1b\u00f3l k\u00e9sz\u00fclt Adirondack sz\u00e9kek egy asztal k\u00f6r\u00fcl, apr\u00f3kavicsos talajon, buja n\u00f6v\u00e9nyzettel \u00e9s bord\u00f3 sz\u00edn\u0171 ker\u00edt\u00e9ssel a h\u00e1tt\u00e9rben, a mag\u00e1nszf\u00e9ra \u00e9rdek\u00e9ben.\" class=\"aligncenter size-full wp-image-1255\" src=\"https:\/\/doubletakedecor.com\/uploads\/2025\/07\/backyard-privacy-ideas-from-neighbors-dtd-13.jpg\" srcset=\"https:\/\/doubletakedecor.com\/uploads\/2025\/07\/backyard-privacy-ideas-from-neighbors-dtd-13.jpg 700w, https:\/\/doubletakedecor.com\/uploads\/2025\/07\/backyard-privacy-ideas-from-neighbors-dtd-13-200x300.jpg 200w, https:\/\/doubletakedecor.com\/uploads\/2025\/07\/backyard-privacy-ideas-from-neighbors-dtd-13-683x1024.jpg 683w, https:\/\/doubletakedecor.com\/uploads\/2025\/07\/backyard-privacy-ideas-from-neighbors-dtd-13-96x144.jpg 96w, https:\/\/doubletakedecor.com\/uploads\/2025\/07\/backyard-privacy-ideas-from-neighbors-dtd-13-280x420.jpg 280w, https:\/\/doubletakedecor.com\/uploads\/2025\/07\/backyard-privacy-ideas-from-neighbors-dtd-13-320x480.jpg 320w, https:\/\/doubletakedecor.com\/uploads\/2025\/07\/backyard-privacy-ideas-from-neighbors-dtd-13-360x540.jpg 360w, https:\/\/doubletakedecor.com\/uploads\/2025\/07\/backyard-privacy-ideas-from-neighbors-dtd-13-363x545.jpg 363w, https:\/\/doubletakedecor.com\/uploads\/2025\/07\/backyard-privacy-ideas-from-neighbors-dtd-13-370x555.jpg 370w, https:\/\/doubletakedecor.com\/uploads\/2025\/07\/backyard-privacy-ideas-from-neighbors-dtd-13-400x600.jpg 400w, https:\/\/doubletakedecor.com\/uploads\/2025\/07\/backyard-privacy-ideas-from-neighbors-dtd-13-560x840.jpg 560w, https:\/\/doubletakedecor.com\/uploads\/2025\/07\/backyard-privacy-ideas-from-neighbors-dtd-13-480x720.jpg 480w\" sizes=\"auto, (max-width: 700px) 100vw, 700px\" \/><\/p>\n<p>Helyezz el fa Adirondack sz\u00e9keket kavicsos fel\u00fcleten, hogy b\u00e9k\u00e9s kis elvonul\u00f3t alak\u00edts ki. \u00dcl\u0151helyedet vedd k\u00f6r\u00fcl magas n\u00f6v\u00e9nyekkel \u00e9s gondosan \u00fcltetett z\u00f6ldekkel, amelyek egyszerre rejtenek el \u00e9s sz\u00e9p\u00edtik a hangulatot. Tegy\u00e9l mell\u00e9 egy egyszer\u0171 asztalt, rajta letisztult dekorral, hogy teljess\u00e9 tedd a teret. Ez az \u00f6ssze\u00e1ll\u00edt\u00e1s elz\u00e1r a k\u00fclvil\u00e1gt\u00f3l, de m\u00e9gsem sz\u0171k\u00edti le a term\u00e9szet k\u00f6zels\u00e9g\u00e9t.<\/p>\n<h2>Var\u00e1zsolj sz\u00ednes vir\u00e1gos szeg\u00e9lyt bambusz h\u00e1tt\u00e9rrel<\/h2>\n<p><img loading=\"lazy\" decoding=\"async\" width=\"700\" height=\"1050\" alt=\"Kertben v\u00f6r\u00f6s vir\u00e1gok \u00e9s bambuszker\u00edt\u00e9s alkotnak term\u00e9szetes priv\u00e1t hat\u00e1rt, buja z\u00f6ld n\u00f6v\u00e9nyekkel k\u00f6r\u00fclv\u00e9ve.\" class=\"aligncenter size-full wp-image-1256\" src=\"https:\/\/doubletakedecor.com\/uploads\/2025\/07\/backyard-privacy-ideas-from-neighbors-dtd-14.jpg\" srcset=\"https:\/\/doubletakedecor.com\/uploads\/2025\/07\/backyard-privacy-ideas-from-neighbors-dtd-14.jpg 700w, https:\/\/doubletakedecor.com\/uploads\/2025\/07\/backyard-privacy-ideas-from-neighbors-dtd-14-200x300.jpg 200w, https:\/\/doubletakedecor.com\/uploads\/2025\/07\/backyard-privacy-ideas-from-neighbors-dtd-14-683x1024.jpg 683w, https:\/\/doubletakedecor.com\/uploads\/2025\/07\/backyard-privacy-ideas-from-neighbors-dtd-14-96x144.jpg 96w, https:\/\/doubletakedecor.com\/uploads\/2025\/07\/backyard-privacy-ideas-from-neighbors-dtd-14-280x420.jpg 280w, https:\/\/doubletakedecor.com\/uploads\/2025\/07\/backyard-privacy-ideas-from-neighbors-dtd-14-320x480.jpg 320w, https:\/\/doubletakedecor.com\/uploads\/2025\/07\/backyard-privacy-ideas-from-neighbors-dtd-14-360x540.jpg 360w, https:\/\/doubletakedecor.com\/uploads\/2025\/07\/backyard-privacy-ideas-from-neighbors-dtd-14-363x545.jpg 363w, https:\/\/doubletakedecor.com\/uploads\/2025\/07\/backyard-privacy-ideas-from-neighbors-dtd-14-370x555.jpg 370w, https:\/\/doubletakedecor.com\/uploads\/2025\/07\/backyard-privacy-ideas-from-neighbors-dtd-14-400x600.jpg 400w, https:\/\/doubletakedecor.com\/uploads\/2025\/07\/backyard-privacy-ideas-from-neighbors-dtd-14-560x840.jpg 560w, https:\/\/doubletakedecor.com\/uploads\/2025\/07\/backyard-privacy-ideas-from-neighbors-dtd-14-480x720.jpg 480w\" sizes=\"auto, (max-width: 700px) 100vw, 700px\" \/><\/p>\n<p>\u00dcltess t\u00f6m\u00f6tt, sz\u00ednes vir\u00e1gszeg\u00e9lyt, hogy n\u00f6veld a kerted sz\u00e9ps\u00e9g\u00e9t \u00e9s elrejtsd a k\u00edv\u00e1ncsiskod\u00f3 szemeket. R\u00e9tegezd a vir\u00e1gokat magass\u00e1guk szerint: el\u00f6lre \u00fcltess v\u00f6r\u00f6s\u00f6ket, h\u00e1tra narancss\u00e1rg\u00e1t \u00e9s r\u00f3zsasz\u00ednt; mindezek m\u00f6g\u00f6tt \u00e1lljon egy rusztikus bambuszker\u00edt\u00e9s. Rakj le egy k\u00f6ves s\u00e9t\u00e1nyt, hogy k\u00e9nyelmesen j\u00e1rhass. Ez az \u00f6tlet nem csak egy sz\u00e9p kertet ad, de hat\u00e9konyan elv\u00e1laszt a szomsz\u00e9dokt\u00f3l is.<\/p>\n<h2>B\u00e1jos kerthat\u00e1rt vir\u00e1gokkal \u00e9s d\u00edszes ker\u00edt\u00e9ssel<\/h2>\n<p><img loading=\"lazy\" decoding=\"async\" width=\"700\" height=\"1050\" alt=\"Hangulatos kert feh\u00e9r ker\u00edt\u00e9ssel, amit r\u00f3zsasz\u00edn m\u00e1lyvar\u00f3zs\u00e1k \u00e9s s\u00e1rga vir\u00e1gok d\u00edsz\u00edtenek, egy fa pad k\u00f6r\u00fcl.\" class=\"aligncenter size-full wp-image-1257\" src=\"https:\/\/doubletakedecor.com\/uploads\/2025\/07\/backyard-privacy-ideas-from-neighbors-dtd-15.jpg\" srcset=\"https:\/\/doubletakedecor.com\/uploads\/2025\/07\/backyard-privacy-ideas-from-neighbors-dtd-15.jpg 700w, https:\/\/doubletakedecor.com\/uploads\/2025\/07\/backyard-privacy-ideas-from-neighbors-dtd-15-200x300.jpg 200w, https:\/\/doubletakedecor.com\/uploads\/2025\/07\/backyard-privacy-ideas-from-neighbors-dtd-15-683x1024.jpg 683w, https:\/\/doubletakedecor.com\/uploads\/2025\/07\/backyard-privacy-ideas-from-neighbors-dtd-15-96x144.jpg 96w, https:\/\/doubletakedecor.com\/uploads\/2025\/07\/backyard-privacy-ideas-from-neighbors-dtd-15-280x420.jpg 280w, https:\/\/doubletakedecor.com\/uploads\/2025\/07\/backyard-privacy-ideas-from-neighbors-dtd-15-320x480.jpg 320w, https:\/\/doubletakedecor.com\/uploads\/2025\/07\/backyard-privacy-ideas-from-neighbors-dtd-15-360x540.jpg 360w, https:\/\/doubletakedecor.com\/uploads\/2025\/07\/backyard-privacy-ideas-from-neighbors-dtd-15-363x545.jpg 363w, https:\/\/doubletakedecor.com\/uploads\/2025\/07\/backyard-privacy-ideas-from-neighbors-dtd-15-370x555.jpg 370w, https:\/\/doubletakedecor.com\/uploads\/2025\/07\/backyard-privacy-ideas-from-neighbors-dtd-15-400x600.jpg 400w, https:\/\/doubletakedecor.com\/uploads\/2025\/07\/backyard-privacy-ideas-from-neighbors-dtd-15-560x840.jpg 560w, https:\/\/doubletakedecor.com\/uploads\/2025\/07\/backyard-privacy-ideas-from-neighbors-dtd-15-480x720.jpg 480w\" sizes=\"auto, (max-width: 700px) 100vw, 700px\" \/><\/p>\n<p>Helyezz el feh\u00e9r l\u00e9cker\u00edt\u00e9st, amely alapb\u00f3l v\u00e9di a priv\u00e1tszf\u00e9r\u00e1t, majd \u00fcltess k\u00f6r\u00e9 magas, vir\u00e1gz\u00f3 n\u00f6v\u00e9nyeket. Az el\u0151tte elhelyezett rusztikus pad t\u00f6k\u00e9letes pihen\u0151hely lesz. A k\u00fcl\u00f6nb\u00f6z\u0151 magass\u00e1g\u00fa n\u00f6v\u00e9nyek nem csak elb\u00fajtatnak, de sz\u00e9pp\u00e9 is var\u00e1zsolj\u00e1k a kerted, mik\u00f6zben meg\u0151rzik a kellemes, nem t\u00fal z\u00e1rt hangulatot.<\/p>\n<h2>L\u00e9ces falker\u00edt\u00e9s fut\u00f3n\u00f6v\u00e9nyekkel \u2013 term\u00e9szetes intimit\u00e1s<\/h2>\n<p><img loading=\"lazy\" decoding=\"async\" width=\"700\" height=\"1050\" alt=\"Modern k\u00fclt\u00e9ri \u00e9lett\u00e9r vil\u00e1gos sz\u00fcrke kanap\u00e9val, dr\u00f3t sz\u00e9kekkel \u00e9s feh\u00e9r l\u00e9ces ker\u00edt\u00e9ssel az elz\u00e1rts\u00e1g\u00e9rt.\" class=\"aligncenter size-full wp-image-1258\" src=\"https:\/\/doubletakedecor.com\/uploads\/2025\/07\/backyard-privacy-ideas-from-neighbors-dtd-16.jpg\" srcset=\"https:\/\/doubletakedecor.com\/uploads\/2025\/07\/backyard-privacy-ideas-from-neighbors-dtd-16.jpg 700w, https:\/\/doubletakedecor.com\/uploads\/2025\/07\/backyard-privacy-ideas-from-neighbors-dtd-16-200x300.jpg 200w, https:\/\/doubletakedecor.com\/uploads\/2025\/07\/backyard-privacy-ideas-from-neighbors-dtd-16-683x1024.jpg 683w, https:\/\/doubletakedecor.com\/uploads\/2025\/07\/backyard-privacy-ideas-from-neighbors-dtd-16-96x144.jpg 96w, https:\/\/doubletakedecor.com\/uploads\/2025\/07\/backyard-privacy-ideas-from-neighbors-dtd-16-280x420.jpg 280w, https:\/\/doubletakedecor.com\/uploads\/2025\/07\/backyard-privacy-ideas-from-neighbors-dtd-16-320x480.jpg 320w, https:\/\/doubletakedecor.com\/uploads\/2025\/07\/backyard-privacy-ideas-from-neighbors-dtd-16-360x540.jpg 360w, https:\/\/doubletakedecor.com\/uploads\/2025\/07\/backyard-privacy-ideas-from-neighbors-dtd-16-363x545.jpg 363w, https:\/\/doubletakedecor.com\/uploads\/2025\/07\/backyard-privacy-ideas-from-neighbors-dtd-16-370x555.jpg 370w, https:\/\/doubletakedecor.com\/uploads\/2025\/07\/backyard-privacy-ideas-from-neighbors-dtd-16-400x600.jpg 400w, https:\/\/doubletakedecor.com\/uploads\/2025\/07\/backyard-privacy-ideas-from-neighbors-dtd-16-560x840.jpg 560w, https:\/\/doubletakedecor.com\/uploads\/2025\/07\/backyard-privacy-ideas-from-neighbors-dtd-16-480x720.jpg 480w\" sizes=\"auto, (max-width: 700px) 100vw, 700px\" \/><\/p>\n<p>Alak\u00edts ki eldugott kinti pihen\u0151helyet v\u00edzszintes f\u00e1b\u00f3l k\u00e9sz\u00fclt l\u00e9ces fallal \u00e9s j\u00f3l elhelyezett z\u00f6ld n\u00f6v\u00e9nyekkel. A l\u00e9cek azonnali priv\u00e1t szf\u00e9r\u00e1t ny\u00fajtanak, mik\u00f6zben j\u00f3l szell\u0151zik a hely. A felfut\u00f3 n\u00f6v\u00e9nyek term\u00e9szetesebb\u00e9 teszik a l\u00e1tv\u00e1nyt. Elhelyezhetsz k\u00e9nyelmes \u00fcl\u0151alkalmatoss\u00e1gokat \u00fagy, hogy ne l\u00e1ssanak oda a szomsz\u00e9dok, \u00e9s k\u00fcl\u00f6nb\u00f6z\u0151 magass\u00e1g\u00fa n\u00f6v\u00e9nyekkel fokozhatod a rejtetts\u00e9get. Egyszerre st\u00edlusos \u00e9s meghitt lesz \u00edgy a kerted.<\/p>\n<h2>Nyugalmas pihen\u0151sarkot s\u00f6v\u00e9nnyel<\/h2>\n<p><img loading=\"lazy\" decoding=\"async\" width=\"700\" height=\"1050\" alt=\"Elvonul\u00f3 k\u00fclt\u00e9ri t\u00e9r sz\u00fcrke \u00fcl\u0151garnit\u00far\u00e1val, fotelelekkel \u00e9s puffal, k\u00f6rben priv\u00e1t s\u00f6v\u00e9nnyel.\" class=\"aligncenter size-full wp-image-1259\" src=\"https:\/\/doubletakedecor.com\/uploads\/2025\/07\/backyard-privacy-ideas-from-neighbors-dtd-17.jpg\" srcset=\"https:\/\/doubletakedecor.com\/uploads\/2025\/07\/backyard-privacy-ideas-from-neighbors-dtd-17.jpg 700w, https:\/\/doubletakedecor.com\/uploads\/2025\/07\/backyard-privacy-ideas-from-neighbors-dtd-17-200x300.jpg 200w, https:\/\/doubletakedecor.com\/uploads\/2025\/07\/backyard-privacy-ideas-from-neighbors-dtd-17-683x1024.jpg 683w, https:\/\/doubletakedecor.com\/uploads\/2025\/07\/backyard-privacy-ideas-from-neighbors-dtd-17-96x144.jpg 96w, https:\/\/doubletakedecor.com\/uploads\/2025\/07\/backyard-privacy-ideas-from-neighbors-dtd-17-280x420.jpg 280w, https:\/\/doubletakedecor.com\/uploads\/2025\/07\/backyard-privacy-ideas-from-neighbors-dtd-17-320x480.jpg 320w, https:\/\/doubletakedecor.com\/uploads\/2025\/07\/backyard-privacy-ideas-from-neighbors-dtd-17-360x540.jpg 360w, https:\/\/doubletakedecor.com\/uploads\/2025\/07\/backyard-privacy-ideas-from-neighbors-dtd-17-363x545.jpg 363w, https:\/\/doubletakedecor.com\/uploads\/2025\/07\/backyard-privacy-ideas-from-neighbors-dtd-17-370x555.jpg 370w, https:\/\/doubletakedecor.com\/uploads\/2025\/07\/backyard-privacy-ideas-from-neighbors-dtd-17-400x600.jpg 400w, https:\/\/doubletakedecor.com\/uploads\/2025\/07\/backyard-privacy-ideas-from-neighbors-dtd-17-560x840.jpg 560w, https:\/\/doubletakedecor.com\/uploads\/2025\/07\/backyard-privacy-ideas-from-neighbors-dtd-17-480x720.jpg 480w\" sizes=\"auto, (max-width: 700px) 100vw, 700px\" \/><\/p>\n<p>Term\u00e9szetes m\u00f3don teremts priv\u00e1t kerti sarkot s\u0171r\u0171, gondozott s\u00f6v\u00e9nnyel az \u00fcl\u0151helyek k\u00f6r\u00fcl. Kavicsos aljzatot haszn\u00e1lj, ez k\u00f6nnyen karbantarthat\u00f3, \u00e9s j\u00f3l illik a modern k\u00fclt\u00e9ri b\u00fatorokhoz. V\u00e1lassz id\u0151j\u00e1r\u00e1s\u00e1ll\u00f3 p\u00e1rn\u00e1kat, amelyek sz\u00ednben harmoniz\u00e1lnak. \u00cdgy egy bar\u00e1ts\u00e1gos, elszepar\u00e1lt besz\u00e9lget\u0151sarkod lesz, ahov\u00e1 a k\u00edv\u00e1ncsi tekintetek biztosan nem l\u00e1tnak be.<\/p>\n<h2>K\u00fcl\u00f6n\u00e1ll\u00f3 k\u00fclt\u00e9ri nappali b\u00fatorok okos elrendez\u00e9s\u00e9vel<\/h2>\n<p><img loading=\"lazy\" decoding=\"async\" width=\"700\" height=\"1050\" alt=\"Hangulatos k\u00fclt\u00e9ri \u00fcl\u0151sarok sz\u00fcrke kanap\u00e9val, fa fotelekkel \u00e9s term\u00e9szetes takar\u00e1s\u00fa ker\u00edt\u00e9ssel a szepar\u00e1lt kerti pihen\u00e9s\u00e9rt.\" class=\"aligncenter size-full wp-image-1260\" src=\"https:\/\/doubletakedecor.com\/uploads\/2025\/07\/backyard-privacy-ideas-from-neighbors-dtd-18.jpg\" srcset=\"https:\/\/doubletakedecor.com\/uploads\/2025\/07\/backyard-privacy-ideas-from-neighbors-dtd-18.jpg 700w, https:\/\/doubletakedecor.com\/uploads\/2025\/07\/backyard-privacy-ideas-from-neighbors-dtd-18-200x300.jpg 200w, https:\/\/doubletakedecor.com\/uploads\/2025\/07\/backyard-privacy-ideas-from-neighbors-dtd-18-683x1024.jpg 683w, https:\/\/doubletakedecor.com\/uploads\/2025\/07\/backyard-privacy-ideas-from-neighbors-dtd-18-96x144.jpg 96w, https:\/\/doubletakedecor.com\/uploads\/2025\/07\/backyard-privacy-ideas-from-neighbors-dtd-18-280x420.jpg 280w, https:\/\/doubletakedecor.com\/uploads\/2025\/07\/backyard-privacy-ideas-from-neighbors-dtd-18-320x480.jpg 320w, https:\/\/doubletakedecor.com\/uploads\/2025\/07\/backyard-privacy-ideas-from-neighbors-dtd-18-360x540.jpg 360w, https:\/\/doubletakedecor.com\/uploads\/2025\/07\/backyard-privacy-ideas-from-neighbors-dtd-18-363x545.jpg 363w, https:\/\/doubletakedecor.com\/uploads\/2025\/07\/backyard-privacy-ideas-from-neighbors-dtd-18-370x555.jpg 370w, https:\/\/doubletakedecor.com\/uploads\/2025\/07\/backyard-privacy-ideas-from-neighbors-dtd-18-400x600.jpg 400w, https:\/\/doubletakedecor.com\/uploads\/2025\/07\/backyard-privacy-ideas-from-neighbors-dtd-18-560x840.jpg 560w, https:\/\/doubletakedecor.com\/uploads\/2025\/07\/backyard-privacy-ideas-from-neighbors-dtd-18-480x720.jpg 480w\" sizes=\"auto, (max-width: 700px) 100vw, 700px\" \/><\/p>\n<p>Helyezd el a k\u00fclt\u00e9ri \u00fcl\u0151garnit\u00far\u00e1t \u00fagy, hogy a h\u00e1tt\u00e1ml\u00e1ja a szomsz\u00e9dok fel\u00e9 n\u00e9zzen. Tegy\u00e9l m\u00f6g\u00e9 fa ker\u00edt\u00e9st, \u00e9s p\u00f3told a rejtetts\u00e9get gondosan elhelyezett n\u00f6v\u00e9nyekkel. Egy naperny\u0151 fel\u00fclr\u0151l v\u00e9d, mik\u00f6zben nyitott \u00e9s t\u00e1gas marad a t\u00e9r. \u00cdgy \u00fagy teremtessz hat\u00e1rokat, hogy a hely nem t\u0171nik z\u00e1rtnak vagy sz\u0171k\u00f6snek.<\/p>\n<h2>Priv\u00e1t \u00e9tkez\u0151sarok okosan elhelyezett ker\u00edt\u00e9ssel<\/h2>\n<p><img loading=\"lazy\" decoding=\"async\" width=\"700\" height=\"1050\" alt=\"Elb\u00fajtatott terasz kerek \u00fcvegasztallal, d\u00edszes f\u00e9msz\u00e9kekkel \u00e9s mag\u00e1nker\u00edt\u00e9ssel, sz\u00ednes vir\u00e1g\u00e1gy\u00e1sokkal k\u00f6rbev\u00e9ve.\" class=\"aligncenter size-full wp-image-1261\" src=\"https:\/\/doubletakedecor.com\/uploads\/2025\/07\/backyard-privacy-ideas-from-neighbors-dtd-19.jpg\" srcset=\"https:\/\/doubletakedecor.com\/uploads\/2025\/07\/backyard-privacy-ideas-from-neighbors-dtd-19.jpg 700w, https:\/\/doubletakedecor.com\/uploads\/2025\/07\/backyard-privacy-ideas-from-neighbors-dtd-19-200x300.jpg 200w, https:\/\/doubletakedecor.com\/uploads\/2025\/07\/backyard-privacy-ideas-from-neighbors-dtd-19-683x1024.jpg 683w, https:\/\/doubletakedecor.com\/uploads\/2025\/07\/backyard-privacy-ideas-from-neighbors-dtd-19-96x144.jpg 96w, https:\/\/doubletakedecor.com\/uploads\/2025\/07\/backyard-privacy-ideas-from-neighbors-dtd-19-280x420.jpg 280w, https:\/\/doubletakedecor.com\/uploads\/2025\/07\/backyard-privacy-ideas-from-neighbors-dtd-19-320x480.jpg 320w, https:\/\/doubletakedecor.com\/uploads\/2025\/07\/backyard-privacy-ideas-from-neighbors-dtd-19-360x540.jpg 360w, https:\/\/doubletakedecor.com\/uploads\/2025\/07\/backyard-privacy-ideas-from-neighbors-dtd-19-363x545.jpg 363w, https:\/\/doubletakedecor.com\/uploads\/2025\/07\/backyard-privacy-ideas-from-neighbors-dtd-19-370x555.jpg 370w, https:\/\/doubletakedecor.com\/uploads\/2025\/07\/backyard-privacy-ideas-from-neighbors-dtd-19-400x600.jpg 400w, https:\/\/doubletakedecor.com\/uploads\/2025\/07\/backyard-privacy-ideas-from-neighbors-dtd-19-560x840.jpg 560w, https:\/\/doubletakedecor.com\/uploads\/2025\/07\/backyard-privacy-ideas-from-neighbors-dtd-19-480x720.jpg 480w\" sizes=\"auto, (max-width: 700px) 100vw, 700px\" \/><\/p>\n<p>H\u00fazz k\u00f6rbe fa ker\u00edt\u00e9st az \u00e9tkez\u0151sarok k\u00f6r\u00fcl, \u00edgy meghitt hangulatot teremtesz an\u00e9lk\u00fcl, hogy sz\u0171k\u00edten\u00e9d a helyet. Tegy\u00e9l emelt \u00e1gy\u00e1sokat a ker\u00edt\u00e9s mell\u00e9 \u2013 ezek tomp\u00edtj\u00e1k a fa vonal\u00e1t, \u00e9s tov\u00e1bbi term\u00e9szetes takar\u00e1st adnak. V\u00e1lassz strapab\u00edr\u00f3, id\u0151j\u00e1r\u00e1s\u00e1ll\u00f3 b\u00fatorokat, amelyek j\u00f3l illenek a burkolathoz. \u00cdgy igaz\u00e1n k\u00e9nyelmes, k\u00f6nnyen karbantarthat\u00f3 kinti \u00e9tkez\u0151sarkod lesz.<\/p>\n<h2>\u00c9l\u0151 lugas \u2013 kerti alag\u00fat, ha igazi rejtetts\u00e9gre v\u00e1gysz<\/h2>\n<p><img loading=\"lazy\" decoding=\"async\" width=\"700\" height=\"1050\" alt=\"Elrejtett kert\u00fat f\u00e1b\u00f3l k\u00e9sz\u00fclt lugassal, amit fut\u00f3n\u00f6v\u00e9nyek bor\u00edtanak, sz\u00e9pen ny\u00edrt bukszus s\u00f6v\u00e9nnyel szeg\u00e9lyezve.\" class=\"aligncenter size-full wp-image-1262\" src=\"https:\/\/doubletakedecor.com\/uploads\/2025\/07\/backyard-privacy-ideas-from-neighbors-dtd-20.jpg\" srcset=\"https:\/\/doubletakedecor.com\/uploads\/2025\/07\/backyard-privacy-ideas-from-neighbors-dtd-20.jpg 700w, https:\/\/doubletakedecor.com\/uploads\/2025\/07\/backyard-privacy-ideas-from-neighbors-dtd-20-200x300.jpg 200w, https:\/\/doubletakedecor.com\/uploads\/2025\/07\/backyard-privacy-ideas-from-neighbors-dtd-20-683x1024.jpg 683w, https:\/\/doubletakedecor.com\/uploads\/2025\/07\/backyard-privacy-ideas-from-neighbors-dtd-20-96x144.jpg 96w, https:\/\/doubletakedecor.com\/uploads\/2025\/07\/backyard-privacy-ideas-from-neighbors-dtd-20-280x420.jpg 280w, https:\/\/doubletakedecor.com\/uploads\/2025\/07\/backyard-privacy-ideas-from-neighbors-dtd-20-320x480.jpg 320w, https:\/\/doubletakedecor.com\/uploads\/2025\/07\/backyard-privacy-ideas-from-neighbors-dtd-20-360x540.jpg 360w, https:\/\/doubletakedecor.com\/uploads\/2025\/07\/backyard-privacy-ideas-from-neighbors-dtd-20-363x545.jpg 363w, https:\/\/doubletakedecor.com\/uploads\/2025\/07\/backyard-privacy-ideas-from-neighbors-dtd-20-370x555.jpg 370w, https:\/\/doubletakedecor.com\/uploads\/2025\/07\/backyard-privacy-ideas-from-neighbors-dtd-20-400x600.jpg 400w, https:\/\/doubletakedecor.com\/uploads\/2025\/07\/backyard-privacy-ideas-from-neighbors-dtd-20-560x840.jpg 560w, https:\/\/doubletakedecor.com\/uploads\/2025\/07\/backyard-privacy-ideas-from-neighbors-dtd-20-480x720.jpg 480w\" sizes=\"auto, (max-width: 700px) 100vw, 700px\" \/><\/p>\n<p>K\u00e9sz\u00edts fa lugasfolyos\u00f3t, \u00e9s futtasd fel r\u00e1 kedvenc fut\u00f3n\u00f6v\u00e9nyeidet, hogy igazi, elz\u00e1rt kerti \u00e1tj\u00e1r\u00f3t kapj. T\u00e1rs\u00edts mell\u00e9 gondosan ny\u00edrt bukszus s\u00f6v\u00e9nyeket, \u00e9s k\u00f6vekkel burkolt j\u00e1rd\u00e1t, hogy v\u00e1ltozatos legyen a fel\u00fclet. Ez a kialak\u00edt\u00e1s nemcsak elrejt a szomsz\u00e9dok el\u0151l, hanem var\u00e1zslatos \u00e1tj\u00e1r\u00f3v\u00e1 lesz a kerted r\u00e9szei k\u00f6z\u00f6tt. Ha gyorsabb z\u00f6ldfed\u00e9st szeretn\u00e9l, pr\u00f3b\u00e1ld ki p\u00e9ld\u00e1ul a clematikszot vagy a j\u00e1zmint.<\/p>\n<h2>Fedett pergol\u00e1s terasz az igaz\u00e1n rejtett pihen\u00e9shez<\/h2>\n<p><img loading=\"lazy\" decoding=\"async\" width=\"700\" height=\"1050\" alt=\"Eleg\u00e1ns k\u00fclt\u00e9ri t\u00e9r feh\u00e9r pergol\u00e1val, k\u00e9k b\u00fatorral \u00e9s hangulatos f\u00e9nyf\u00fcz\u00e9rrel, mely teljes priv\u00e1t szf\u00e9r\u00e1t ad a kertben.\" class=\"aligncenter size-full wp-image-1263\" src=\"https:\/\/doubletakedecor.com\/uploads\/2025\/07\/backyard-privacy-ideas-from-neighbors-dtd-21.jpg\" srcset=\"https:\/\/doubletakedecor.com\/uploads\/2025\/07\/backyard-privacy-ideas-from-neighbors-dtd-21.jpg 700w, https:\/\/doubletakedecor.com\/uploads\/2025\/07\/backyard-privacy-ideas-from-neighbors-dtd-21-200x300.jpg 200w, https:\/\/doubletakedecor.com\/uploads\/2025\/07\/backyard-privacy-ideas-from-neighbors-dtd-21-683x1024.jpg 683w, https:\/\/doubletakedecor.com\/uploads\/2025\/07\/backyard-privacy-ideas-from-neighbors-dtd-21-96x144.jpg 96w, https:\/\/doubletakedecor.com\/uploads\/2025\/07\/backyard-privacy-ideas-from-neighbors-dtd-21-280x420.jpg 280w, https:\/\/doubletakedecor.com\/uploads\/2025\/07\/backyard-privacy-ideas-from-neighbors-dtd-21-320x480.jpg 320w, https:\/\/doubletakedecor.com\/uploads\/2025\/07\/backyard-privacy-ideas-from-neighbors-dtd-21-360x540.jpg 360w, https:\/\/doubletakedecor.com\/uploads\/2025\/07\/backyard-privacy-ideas-from-neighbors-dtd-21-363x545.jpg 363w, https:\/\/doubletakedecor.com\/uploads\/2025\/07\/backyard-privacy-ideas-from-neighbors-dtd-21-370x555.jpg 370w, https:\/\/doubletakedecor.com\/uploads\/2025\/07\/backyard-privacy-ideas-from-neighbors-dtd-21-400x600.jpg 400w, https:\/\/doubletakedecor.com\/uploads\/2025\/07\/backyard-privacy-ideas-from-neighbors-dtd-21-560x840.jpg 560w, https:\/\/doubletakedecor.com\/uploads\/2025\/07\/backyard-privacy-ideas-from-neighbors-dtd-21-480x720.jpg 480w\" sizes=\"auto, (max-width: 700px) 100vw, 700px\" \/><\/p>\n<p>Var\u00e1zsolj teljesen elvonul\u00f3 kertet egy feh\u00e9r, tet\u0151s pergol\u00e1val a teraszod f\u00f6l\u00e9. Helyezz el k\u00e9nyelmes, m\u00e9ly \u00fcl\u0151b\u00fatorokat vastag p\u00e1rn\u00e1kkal, \u00e9s hangulatos \u00e9g\u0151sorokat a tet\u0151 alatt. K\u00f6rbe\u00fcltetett n\u00f6v\u00e9nyek adj\u00e1k meg a rejtetts\u00e9get \u00e9s a meghitts\u00e9get. Ak\u00e1r egy falra szerelt t\u00e9v\u00e9t is tehetsz ide a sz\u00f3rakoz\u00e1shoz, \u00edgy a priv\u00e1t kuck\u00f3d t\u00f6k\u00e9letes lesz minden alkalomra.<\/p>\n<h2>Hangulatos, elrejtett \u00e9tkez\u0151sarok term\u00e9szetes takar\u00e1ssal<\/h2>\n<p><img loading=\"lazy\" decoding=\"async\" width=\"700\" height=\"1050\" alt=\"Kinti \u00e9tkez\u0151sarok r\u00e1csos fallal, z\u00f6ld n\u00f6v\u00e9nyekkel d\u00edsz\u00edtve, s\u00f6t\u00e9tk\u00e9k cs\u00edkos abroszokkal \u00e9s hangulatos f\u00e9nyf\u00fcz\u00e9rrel.\" class=\"aligncenter size-full wp-image-1264\" src=\"https:\/\/doubletakedecor.com\/uploads\/2025\/07\/backyard-privacy-ideas-from-neighbors-dtd-22.jpg\" srcset=\"https:\/\/doubletakedecor.com\/uploads\/2025\/07\/backyard-privacy-ideas-from-neighbors-dtd-22.jpg 700w, https:\/\/doubletakedecor.com\/uploads\/2025\/07\/backyard-privacy-ideas-from-neighbors-dtd-22-200x300.jpg 200w, https:\/\/doubletakedecor.com\/uploads\/2025\/07\/backyard-privacy-ideas-from-neighbors-dtd-22-683x1024.jpg 683w, https:\/\/doubletakedecor.com\/uploads\/2025\/07\/backyard-privacy-ideas-from-neighbors-dtd-22-96x144.jpg 96w, https:\/\/doubletakedecor.com\/uploads\/2025\/07\/backyard-privacy-ideas-from-neighbors-dtd-22-280x420.jpg 280w, https:\/\/doubletakedecor.com\/uploads\/2025\/07\/backyard-privacy-ideas-from-neighbors-dtd-22-320x480.jpg 320w, https:\/\/doubletakedecor.com\/uploads\/2025\/07\/backyard-privacy-ideas-from-neighbors-dtd-22-360x540.jpg 360w, https:\/\/doubletakedecor.com\/uploads\/2025\/07\/backyard-privacy-ideas-from-neighbors-dtd-22-363x545.jpg 363w, https:\/\/doubletakedecor.com\/uploads\/2025\/07\/backyard-privacy-ideas-from-neighbors-dtd-22-370x555.jpg 370w, https:\/\/doubletakedecor.com\/uploads\/2025\/07\/backyard-privacy-ideas-from-neighbors-dtd-22-400x600.jpg 400w, https:\/\/doubletakedecor.com\/uploads\/2025\/07\/backyard-privacy-ideas-from-neighbors-dtd-22-560x840.jpg 560w, https:\/\/doubletakedecor.com\/uploads\/2025\/07\/backyard-privacy-ideas-from-neighbors-dtd-22-480x720.jpg 480w\" sizes=\"auto, (max-width: 700px) 100vw, 700px\" \/><\/p>\n<p>Alak\u00edts ki meghitt k\u00fclt\u00e9ri \u00e9tkez\u0151sarkot buja cserepes n\u00f6v\u00e9nyekkel \u00e9s f\u00fcgg\u0151 z\u00f6ldekkel a falak ment\u00e9n. Helyezz terrakotta kasp\u00f3kat a ker\u00edt\u00e9s mell\u00e9, hogy term\u00e9szetes, z\u00f6ld \u201efalak\u201d vegy\u00e9k k\u00f6rbe az asztalokat. F\u00e9nyf\u00fcz\u00e9rek \u00e9s \u00f6sszeill\u0151 abroszok teszik teljess\u00e9 az intim hangulatot. \u00cdgy a szomsz\u00e9dok sem l\u00e1tnak be, r\u00e1ad\u00e1sul b\u00e1jos, var\u00e1zslatos teret kapsz a kerti vend\u00e9gs\u00e9gekhez.<\/p>\n<h2>Elz\u00e1rt \u00e9tkez\u0151r\u00e9sz sarok napvitorl\u00e1val<\/h2>\n<p><img loading=\"lazy\" decoding=\"async\" width=\"700\" height=\"1050\" alt=\"Modern k\u00fclt\u00e9ri \u00e9tkez\u0151r\u00e9sz napvitorl\u00e1val, \u00e9g\u0151sorral, priv\u00e1t ker\u00edt\u00e9ssel \u00e9s gondos n\u00f6v\u00e9nyes\u00edt\u00e9ssel.\" class=\"aligncenter size-full wp-image-1265\" src=\"https:\/\/doubletakedecor.com\/uploads\/2025\/07\/backyard-privacy-ideas-from-neighbors-dtd-23.jpg\" srcset=\"https:\/\/doubletakedecor.com\/uploads\/2025\/07\/backyard-privacy-ideas-from-neighbors-dtd-23.jpg 700w, https:\/\/doubletakedecor.com\/uploads\/2025\/07\/backyard-privacy-ideas-from-neighbors-dtd-23-200x300.jpg 200w, https:\/\/doubletakedecor.com\/uploads\/2025\/07\/backyard-privacy-ideas-from-neighbors-dtd-23-683x1024.jpg 683w, https:\/\/doubletakedecor.com\/uploads\/2025\/07\/backyard-privacy-ideas-from-neighbors-dtd-23-96x144.jpg 96w, https:\/\/doubletakedecor.com\/uploads\/2025\/07\/backyard-privacy-ideas-from-neighbors-dtd-23-280x420.jpg 280w, https:\/\/doubletakedecor.com\/uploads\/2025\/07\/backyard-privacy-ideas-from-neighbors-dtd-23-320x480.jpg 320w, https:\/\/doubletakedecor.com\/uploads\/2025\/07\/backyard-privacy-ideas-from-neighbors-dtd-23-360x540.jpg 360w, https:\/\/doubletakedecor.com\/uploads\/2025\/07\/backyard-privacy-ideas-from-neighbors-dtd-23-363x545.jpg 363w, https:\/\/doubletakedecor.com\/uploads\/2025\/07\/backyard-privacy-ideas-from-neighbors-dtd-23-370x555.jpg 370w, https:\/\/doubletakedecor.com\/uploads\/2025\/07\/backyard-privacy-ideas-from-neighbors-dtd-23-400x600.jpg 400w, https:\/\/doubletakedecor.com\/uploads\/2025\/07\/backyard-privacy-ideas-from-neighbors-dtd-23-560x840.jpg 560w, https:\/\/doubletakedecor.com\/uploads\/2025\/07\/backyard-privacy-ideas-from-neighbors-dtd-23-480x720.jpg 480w\" sizes=\"auto, (max-width: 700px) 100vw, 700px\" \/><\/p>\n<p>Tegy\u00e9l feh\u00e9r textil napvitorl\u00e1t az \u00e9tkez\u0151 f\u00f6l\u00e9, \u00edgy elrejted magad a szomsz\u00e9dok el\u0151l \u00e9s kellemes hangulatot teremtesz. Vil\u00e1g\u00edtsd meg a teret \u00e9g\u0151sorokkal, hogy este is bar\u00e1ts\u00e1gos legyen. Kavics \u00e9s beton t\u00e9rk\u00f6vek gondoskodnak a k\u00f6nny\u0171 tiszt\u00e1ntarthat\u00f3s\u00e1gr\u00f3l, k\u00f6r\u00e9 helyezett n\u00f6v\u00e9nyek meg adj\u00e1k a takar\u00e1st. A padok t\u00f6bb embert \u00fcltetnek le egy kis helyen is.<\/p>\n<h2>Teremts kuck\u00f3s erk\u00e9lyt f\u00fcgg\u0151leges fa l\u00e9cekb\u0151l \u00e1ll\u00f3 priv\u00e1t fallal<\/h2>\n<p><img loading=\"lazy\" decoding=\"async\" width=\"700\" height=\"1050\" alt=\"Intim \u00fcl\u0151sarok kerti sz\u00e9kekkel, fa l\u00e9ces fallal, \u00e9g\u0151sorokkal, z\u00f6ld kieg\u00e9sz\u00edt\u0151kkel a priv\u00e1t kert\u00e9rt.\" class=\"aligncenter size-full wp-image-1266\" src=\"https:\/\/doubletakedecor.com\/uploads\/2025\/07\/backyard-privacy-ideas-from-neighbors-dtd-24.jpg\" srcset=\"https:\/\/doubletakedecor.com\/uploads\/2025\/07\/backyard-privacy-ideas-from-neighbors-dtd-24.jpg 700w, https:\/\/doubletakedecor.com\/uploads\/2025\/07\/backyard-privacy-ideas-from-neighbors-dtd-24-200x300.jpg 200w, https:\/\/doubletakedecor.com\/uploads\/2025\/07\/backyard-privacy-ideas-from-neighbors-dtd-24-683x1024.jpg 683w, https:\/\/doubletakedecor.com\/uploads\/2025\/07\/backyard-privacy-ideas-from-neighbors-dtd-24-96x144.jpg 96w, https:\/\/doubletakedecor.com\/uploads\/2025\/07\/backyard-privacy-ideas-from-neighbors-dtd-24-280x420.jpg 280w, https:\/\/doubletakedecor.com\/uploads\/2025\/07\/backyard-privacy-ideas-from-neighbors-dtd-24-320x480.jpg 320w, https:\/\/doubletakedecor.com\/uploads\/2025\/07\/backyard-privacy-ideas-from-neighbors-dtd-24-360x540.jpg 360w, https:\/\/doubletakedecor.com\/uploads\/2025\/07\/backyard-privacy-ideas-from-neighbors-dtd-24-363x545.jpg 363w, https:\/\/doubletakedecor.com\/uploads\/2025\/07\/backyard-privacy-ideas-from-neighbors-dtd-24-370x555.jpg 370w, https:\/\/doubletakedecor.com\/uploads\/2025\/07\/backyard-privacy-ideas-from-neighbors-dtd-24-400x600.jpg 400w, https:\/\/doubletakedecor.com\/uploads\/2025\/07\/backyard-privacy-ideas-from-neighbors-dtd-24-560x840.jpg 560w, https:\/\/doubletakedecor.com\/uploads\/2025\/07\/backyard-privacy-ideas-from-neighbors-dtd-24-480x720.jpg 480w\" sizes=\"auto, (max-width: 700px) 100vw, 700px\" \/><\/p>\n<p>Szerelj fel f\u00fcgg\u0151leges fa l\u00e9ceket, hogy st\u00edlusos, modern priv\u00e1t falat kapj a teraszodon. Ez az \u00f6tlet nemcsak takar, de sz\u00e9p h\u00e1ttere is lesz az \u00fcl\u0151saroknak. Eg\u00e9sz\u00edtsd ki f\u00e9nyf\u00fcz\u00e9rekkel az esti hangulathoz, \u00e9s v\u00e1lassz sz\u00ednes, cs\u00edkos textileket, sz\u0151nyegeket, p\u00e1rn\u00e1kat, hogy igaz\u00e1n otthonos legyen a k\u00fclt\u00e9ri rejteked.<\/p>\n<h2>L\u00e9legzetel\u00e1ll\u00edt\u00f3, k\u00e9tszint\u0171 priv\u00e1t fal fa \u00e9s k\u0151 kombin\u00e1ci\u00f3j\u00e1b\u00f3l<\/h2>\n<p><img loading=\"lazy\" decoding=\"async\" width=\"700\" height=\"1050\" alt=\"Modern, s\u00f6t\u00e9t fa v\u00edzszintes l\u00e9ces ker\u00edt\u00e9s k\u0151alapon, amely letisztult, kort\u00e1rs priv\u00e1t szf\u00e9r\u00e1t ad egy rendezett kertben.\" class=\"aligncenter size-full wp-image-1267\" src=\"https:\/\/doubletakedecor.com\/uploads\/2025\/07\/backyard-privacy-ideas-from-neighbors-dtd-25.jpg\" srcset=\"https:\/\/doubletakedecor.com\/uploads\/2025\/07\/backyard-privacy-ideas-from-neighbors-dtd-25.jpg 700w, https:\/\/doubletakedecor.com\/uploads\/2025\/07\/backyard-privacy-ideas-from-neighbors-dtd-25-200x300.jpg 200w, https:\/\/doubletakedecor.com\/uploads\/2025\/07\/backyard-privacy-ideas-from-neighbors-dtd-25-683x1024.jpg 683w, https:\/\/doubletakedecor.com\/uploads\/2025\/07\/backyard-privacy-ideas-from-neighbors-dtd-25-96x144.jpg 96w, https:\/\/doubletakedecor.com\/uploads\/2025\/07\/backyard-privacy-ideas-from-neighbors-dtd-25-280x420.jpg 280w, https:\/\/doubletakedecor.com\/uploads\/2025\/07\/backyard-privacy-ideas-from-neighbors-dtd-25-320x480.jpg 320w, https:\/\/doubletakedecor.com\/uploads\/2025\/07\/backyard-privacy-ideas-from-neighbors-dtd-25-360x540.jpg 360w, https:\/\/doubletakedecor.com\/uploads\/2025\/07\/backyard-privacy-ideas-from-neighbors-dtd-25-363x545.jpg 363w, https:\/\/doubletakedecor.com\/uploads\/2025\/07\/backyard-privacy-ideas-from-neighbors-dtd-25-370x555.jpg 370w, https:\/\/doubletakedecor.com\/uploads\/2025\/07\/backyard-privacy-ideas-from-neighbors-dtd-25-400x600.jpg 400w, https:\/\/doubletakedecor.com\/uploads\/2025\/07\/backyard-privacy-ideas-from-neighbors-dtd-25-560x840.jpg 560w, https:\/\/doubletakedecor.com\/uploads\/2025\/07\/backyard-privacy-ideas-from-neighbors-dtd-25-480x720.jpg 480w\" sizes=\"auto, (max-width: 700px) 100vw, 700px\" \/><\/p>\n<p>Emeld \u00faj szintre a priv\u00e1tszf\u00e9r\u00e1t egy v\u00edzszintes s\u00f6t\u00e9t fa ker\u00edt\u00e9ssel, ami rusztikus k\u0151alapon \u00e1ll. A k\u00e9tf\u00e9le anyag egyszerre ad takar\u00e1st \u00e9s k\u00fcl\u00f6nleges megjelen\u00e9st. \u00c9p\u00edtsd meg ezt a hat\u00e1rvonalra, a s\u00f6t\u00e9t laz\u00faros fa pedig modern \u00f6sszhat\u00e1st kelt. Tegy\u00e9l mell\u00e9 k\u00f6ves j\u00e1rd\u00e1t a k\u00e9nyelmes k\u00f6zleked\u00e9s\u00e9rt, mell\u00e9 pedig \u00fcltess sz\u00e9p z\u00f6ldeket a kiegyens\u00falyozott l\u00e1tv\u00e1ny \u00e9rdek\u00e9ben.<\/p>\n<h2>Priv\u00e1t k\u00fclt\u00e9ri nappali z\u00f6ld n\u00f6v\u00e9nyekkel szepar\u00e1lva<\/h2>\n<p><img loading=\"lazy\" decoding=\"async\" width=\"700\" height=\"1050\" alt=\"Priv\u00e1t k\u00fclt\u00e9ri pihen\u0151sarok tenger\u00e9szk\u00e9k p\u00e1rn\u00e1kkal, fa doh\u00e1nyz\u00f3asztallal \u00e9s \u00e9g\u0151sorokkal, igaz\u00e1n elrejtett kerti kuck\u00f3.\" class=\"aligncenter size-full wp-image-1268\" src=\"https:\/\/doubletakedecor.com\/uploads\/2025\/07\/backyard-privacy-ideas-from-neighbors-dtd-26.jpg\" srcset=\"https:\/\/doubletakedecor.com\/uploads\/2025\/07\/backyard-privacy-ideas-from-neighbors-dtd-26.jpg 700w, https:\/\/doubletakedecor.com\/uploads\/2025\/07\/backyard-privacy-ideas-from-neighbors-dtd-26-200x300.jpg 200w, https:\/\/doubletakedecor.com\/uploads\/2025\/07\/backyard-privacy-ideas-from-neighbors-dtd-26-683x1024.jpg 683w, https:\/\/doubletakedecor.com\/uploads\/2025\/07\/backyard-privacy-ideas-from-neighbors-dtd-26-96x144.jpg 96w, https:\/\/doubletakedecor.com\/uploads\/2025\/07\/backyard-privacy-ideas-from-neighbors-dtd-26-280x420.jpg 280w, https:\/\/doubletakedecor.com\/uploads\/2025\/07\/backyard-privacy-ideas-from-neighbors-dtd-26-320x480.jpg 320w, https:\/\/doubletakedecor.com\/uploads\/2025\/07\/backyard-privacy-ideas-from-neighbors-dtd-26-360x540.jpg 360w, https:\/\/doubletakedecor.com\/uploads\/2025\/07\/backyard-privacy-ideas-from-neighbors-dtd-26-363x545.jpg 363w, https:\/\/doubletakedecor.com\/uploads\/2025\/07\/backyard-privacy-ideas-from-neighbors-dtd-26-370x555.jpg 370w, https:\/\/doubletakedecor.com\/uploads\/2025\/07\/backyard-privacy-ideas-from-neighbors-dtd-26-400x600.jpg 400w, https:\/\/doubletakedecor.com\/uploads\/2025\/07\/backyard-privacy-ideas-from-neighbors-dtd-26-560x840.jpg 560w, https:\/\/doubletakedecor.com\/uploads\/2025\/07\/backyard-privacy-ideas-from-neighbors-dtd-26-480x720.jpg 480w\" sizes=\"auto, (max-width: 700px) 100vw, 700px\" \/><\/p>\n<p>Alak\u00edts ki k\u00fcl\u00f6n kerti pihen\u0151t magas cserepes n\u00f6v\u00e9nyekkel az \u00fcl\u0151helyek k\u00f6r\u00fcl. V\u00e1lassz k\u00fcl\u00f6nb\u00f6z\u0151 magass\u00e1g\u00fa z\u00f6ldeket, hogy term\u00e9szetes takar\u00e1sk\u00e9nt szolg\u00e1ljanak \u00e9s sz\u00e9p is legyen az \u00f6sszhat\u00e1s. H\u00fazz f\u00e9nyf\u00fcz\u00e9reket a ker\u00edt\u00e9s ment\u00e9n, hogy este vil\u00e1g\u00edtsa meg a sarkot. Ezzel egyszerre jelenik meg a szepar\u00e1ci\u00f3 \u00e9s a kellemes, \u201ekinti szob\u00e1s\u201d \u00e9rz\u00e9s a kertedben.<\/p>\n<h2>St\u00edlusos pihen\u0151 modern, v\u00edzszintes l\u00e9cker\u00edt\u00e9ssel<\/h2>\n<p><img loading=\"lazy\" decoding=\"async\" width=\"700\" height=\"1050\" alt=\"Kort\u00e1rs f\u00e1b\u00f3l k\u00e9sz\u00fclt l\u00e9ces ker\u00edt\u00e9s, fiatal f\u00e1kkal \u00e9s alacsony bokrokkal a term\u00e9szetes, priv\u00e1t k\u00fclt\u00e9ri szent\u00e9lyhez.\" class=\"aligncenter size-full wp-image-1269\" src=\"https:\/\/doubletakedecor.com\/uploads\/2025\/07\/backyard-privacy-ideas-from-neighbors-dtd-27.jpg\" srcset=\"https:\/\/doubletakedecor.com\/uploads\/2025\/07\/backyard-privacy-ideas-from-neighbors-dtd-27.jpg 700w, https:\/\/doubletakedecor.com\/uploads\/2025\/07\/backyard-privacy-ideas-from-neighbors-dtd-27-200x300.jpg 200w, https:\/\/doubletakedecor.com\/uploads\/2025\/07\/backyard-privacy-ideas-from-neighbors-dtd-27-683x1024.jpg 683w, https:\/\/doubletakedecor.com\/uploads\/2025\/07\/backyard-privacy-ideas-from-neighbors-dtd-27-96x144.jpg 96w, https:\/\/doubletakedecor.com\/uploads\/2025\/07\/backyard-privacy-ideas-from-neighbors-dtd-27-280x420.jpg 280w, https:\/\/doubletakedecor.com\/uploads\/2025\/07\/backyard-privacy-ideas-from-neighbors-dtd-27-320x480.jpg 320w, https:\/\/doubletakedecor.com\/uploads\/2025\/07\/backyard-privacy-ideas-from-neighbors-dtd-27-360x540.jpg 360w, https:\/\/doubletakedecor.com\/uploads\/2025\/07\/backyard-privacy-ideas-from-neighbors-dtd-27-363x545.jpg 363w, https:\/\/doubletakedecor.com\/uploads\/2025\/07\/backyard-privacy-ideas-from-neighbors-dtd-27-370x555.jpg 370w, https:\/\/doubletakedecor.com\/uploads\/2025\/07\/backyard-privacy-ideas-from-neighbors-dtd-27-400x600.jpg 400w, https:\/\/doubletakedecor.com\/uploads\/2025\/07\/backyard-privacy-ideas-from-neighbors-dtd-27-560x840.jpg 560w, https:\/\/doubletakedecor.com\/uploads\/2025\/07\/backyard-privacy-ideas-from-neighbors-dtd-27-480x720.jpg 480w\" sizes=\"auto, (max-width: 700px) 100vw, 700px\" \/><\/p>\n<p>\u00c9rj el egyszerre priv\u00e1tszf\u00e9r\u00e1t \u00e9s modern st\u00edlust v\u00edzszintesen elhelyezett f\u00e1b\u00f3l k\u00e9sz\u00fclt l\u00e9ces fallal. Eg\u00e9sz\u00edtsd ki a kerti utat fiatal f\u00e1kkal, alacsony bokrokkal a t\u00f6k\u00e9letes takar\u00e1shoz. \u00cdgy kialakul a rejtetts\u00e9g, mik\u00f6zben a t\u00e9r t\u00e1gas, l\u00e9gies marad. \u00dcltess j\u00f3 min\u0151s\u00e9g\u0171 f\u00f6ldbe, hogy z\u00f6ld n\u00f6v\u00e9nyeid gyorsan n\u00f6vekedjenek, \u00e9s m\u00e9g bar\u00e1ts\u00e1gosabb legyen a b\u00fav\u00f3helyed.<\/p>\n<h2>Fa l\u00e9ces falak \u00e9s k\u00e9nyelmes \u00fcl\u0151k \u2013 minden a rejtett pihen\u00e9shez<\/h2>\n<p><img loading=\"lazy\" decoding=\"async\" width=\"700\" height=\"1050\" alt=\"Men\u0151 h\u00e1ts\u00f3kert fa priv\u00e1t panelekkel, U alak\u00fa \u00fcl\u0151hellyel \u00e9s betonj\u00e1r\u00f3lappal a szomsz\u00e9dok kiz\u00e1r\u00e1s\u00e1ra.\" class=\"aligncenter size-full wp-image-1270\" src=\"https:\/\/doubletakedecor.com\/uploads\/2025\/07\/backyard-privacy-ideas-from-neighbors-dtd-28.jpg\" srcset=\"https:\/\/doubletakedecor.com\/uploads\/2025\/07\/backyard-privacy-ideas-from-neighbors-dtd-28.jpg 700w, https:\/\/doubletakedecor.com\/uploads\/2025\/07\/backyard-privacy-ideas-from-neighbors-dtd-28-200x300.jpg 200w, https:\/\/doubletakedecor.com\/uploads\/2025\/07\/backyard-privacy-ideas-from-neighbors-dtd-28-683x1024.jpg 683w, https:\/\/doubletakedecor.com\/uploads\/2025\/07\/backyard-privacy-ideas-from-neighbors-dtd-28-96x144.jpg 96w, https:\/\/doubletakedecor.com\/uploads\/2025\/07\/backyard-privacy-ideas-from-neighbors-dtd-28-280x420.jpg 280w, https:\/\/doubletakedecor.com\/uploads\/2025\/07\/backyard-privacy-ideas-from-neighbors-dtd-28-320x480.jpg 320w, https:\/\/doubletakedecor.com\/uploads\/2025\/07\/backyard-privacy-ideas-from-neighbors-dtd-28-360x540.jpg 360w, https:\/\/doubletakedecor.com\/uploads\/2025\/07\/backyard-privacy-ideas-from-neighbors-dtd-28-363x545.jpg 363w, https:\/\/doubletakedecor.com\/uploads\/2025\/07\/backyard-privacy-ideas-from-neighbors-dtd-28-370x555.jpg 370w, https:\/\/doubletakedecor.com\/uploads\/2025\/07\/backyard-privacy-ideas-from-neighbors-dtd-28-400x600.jpg 400w, https:\/\/doubletakedecor.com\/uploads\/2025\/07\/backyard-privacy-ideas-from-neighbors-dtd-28-560x840.jpg 560w, https:\/\/doubletakedecor.com\/uploads\/2025\/07\/backyard-privacy-ideas-from-neighbors-dtd-28-480x720.jpg 480w\" sizes=\"auto, (max-width: 700px) 100vw, 700px\" \/><\/p>\n<p>\u00c9p\u00edts k\u00e9nyelmes k\u00fclt\u00e9ri pihen\u0151t modern fa l\u00e9ces fallal a h\u00e1tad m\u00f6g\u00f6tt. Helyezz el L alak\u00fa padot puha p\u00e1rn\u00e1kkal, k\u00f6rbe pedig cserepes n\u00f6v\u00e9nyeket, hogy m\u00e9g kuck\u00f3sabb legyen. A l\u00e9cek kiz\u00e1rj\u00e1k a k\u00edv\u00e1ncsi tekinteteket, mik\u00f6zben meleg, term\u00e9szetes hat\u00e1st keltenek. Egy k\u00fclt\u00e9ri t\u0171zrak\u00f3val meghosszabb\u00edthatod a bar\u00e1ti besz\u00e9lget\u00e9seket ak\u00e1r est\u00e9be ny\u00fal\u00f3an is.<\/p>\n<h2>GYIK<\/h2>\n<details class=\"g-accordion \"><summary><h3>Milyen hat\u00e9kony \u00f6tletek vannak a kerted elrejt\u00e9s\u00e9re?<\/h3><\/summary>\n<p>Egy igaz\u00e1n elvonul\u00f3s, priv\u00e1t kert kialak\u00edt\u00e1sa rengeteg \u00f6r\u00f6met adhat, \u00e9s n\u00e9h\u00e1ny \u00e1tgondolt megold\u00e1ssal k\u00f6nnyed\u00e9n el\u00e9rhet\u0151. Kezdheted ker\u00edt\u00e9ssel, pergol\u00e1val vagy kis falakkal \u2013 ezek azonnal v\u00e9dettebb\u00e9 teszik a kerted, \u00e9s hat\u00e1rozottan kijel\u00f6lik a ter\u00fcletet. <strong>Fa ker\u00edt\u00e9sek<\/strong> az\u00e9rt is n\u00e9pszer\u0171ek, mert j\u00f3l szabhat\u00f3 a magass\u00e1guk, st\u00edlusuk, \u00edgy igaz\u00edthatod az elk\u00e9pzel\u00e9sedhez, mik\u00f6zben a helyi szab\u00e1lyokat is betartod.<\/p>\n<p>Term\u00e9szetes megold\u00e1sokat v\u00e1lasztva, p\u00e9ld\u00e1ul s\u00f6v\u00e9nyek, f\u00e1k vagy bokrok \u00fcltet\u00e9s\u00e9vel nem csak priv\u00e1tabb\u00e1, hanem \u00fcd\u00e9v\u00e9, z\u00f6ldebb\u00e9 is var\u00e1zsolhatod a kertet. Gyorsan n\u00f6v\u0151 n\u00f6v\u00e9nyek, mint az \u00f6r\u00f6kz\u00f6ld tuja vagy Leyland-ciprus s\u0171r\u0171 z\u00f6ld falat k\u00e9peznek, amely eg\u00e9sz \u00e9vben eltakarja a kil\u00e1t\u00e1st. Ezeket oda \u00fcltesd, ahol a szomsz\u00e9dok bel\u00e1tnak, \u00edgy lesz a legjobb eredm\u00e9nye.<\/p>\n<ul>\n<li>Ha rugalmasabb megold\u00e1st szeretn\u00e9l, pr\u00f3b\u00e1ld ki a k\u00fclt\u00e9ri f\u00fcgg\u00f6ny\u00f6ket vagy \u00e1rny\u00e9kvitorl\u00e1kat,<\/li>\n<li>amikkel egyszer\u0171en szab\u00e1lyozhatod, mennyire l\u00e1tnak be, mik\u00f6zben d\u00edsz\u00edted is a kerted,<\/li>\n<li>bambuszb\u00f3l vagy m\u00e1s anyagb\u00f3l k\u00e9sz\u00fclt parav\u00e1nok szint\u00e9n j\u00f3l takarnak a k\u00edv\u00e1ncsi tekintetek el\u0151l.<\/li>\n<\/ul>\n<p>Futtass fut\u00f3n\u00f6v\u00e9nyeket (p\u00e9ld\u00e1ul borosty\u00e1nt vagy lilaak\u00e1cot) r\u00e1csokra, \u00edgy m\u00e9g magasabb \u00e9s z\u00e1rtabb lesz a kerted, \u00e9s k\u00f6zben sz\u00e9pen is mutat. Ku\u0308lt\u00e9ri b\u00fatorokat magas h\u00e1tt\u00e1ml\u00e1val vagy napellenz\u0151vel is elhelyezhetsz, \u00edgy meghitt \u00fcl\u0151helyekre tehetsz szert.<\/p>\n<p>Egy j\u00f3 elrendez\u00e9s\u0171 teraszn\u00e9gyed \u00e9s \u00fcgyesen megtervezett n\u00f6v\u00e9ny\u00e1gy\u00e1sok minim\u00e1lisra cs\u00f6kkentik azt, hogy m\u00e1sok bel\u00e1ssanak, \u00edgy gond n\u00e9lk\u00fcl pihenhetsz. Egy v\u00edzcsobog\u00f3 vagy kerti t\u00f3 r\u00e1ad\u00e1sul kellemes h\u00e1tt\u00e9rzajt ad, ami elnyomja a v\u00e1rosi zajokat.<\/p>\n<p><strong>Ha mindezeket \u00fcgyesen kombin\u00e1lod, egy igaz\u00e1n pihentet\u0151, z\u00e1rt kertet hozhatsz l\u00e9tre, ahol nyugodtan laz\u00edthatsz egyed\u00fcl vagy ak\u00e1r vend\u00e9geket is fogadhatsz, an\u00e9lk\u00fcl hogy zavarna a k\u00f6rny\u00e9k.<\/strong><\/p>\n<\/details><details class=\"g-accordion \"><summary><h3>Mik a legn\u00e9pszer\u0171bb k\u00fclt\u00e9ri takar\u00e1si megold\u00e1sok?<\/h3><\/summary>\n<p>Sokf\u00e9le lehet\u0151s\u00e9g van, ha szeretn\u00e9d elrejteni a kerted egyes r\u00e9szeit.<\/p>\n<ul>\n<li><strong>Ker\u00edt\u00e9sek<\/strong> \u2013 k\u00e9sz\u00fclhetnek f\u00e1b\u00f3l vagy f\u00e9mb\u0151l is, ezek hat\u00e9konyan takarj\u00e1k el a kerted a k\u00edv\u00e1ncsiskod\u00f3k el\u0151l,<\/li>\n<li><strong>S\u00f6v\u00e9nyek \u00e9s f\u00e1k<\/strong> \u2013 ezek term\u00e9szetes akad\u00e1lyt k\u00e9peznek, mik\u00f6zben sz\u00e9pp\u00e9 teszik a kertet,<\/li>\n<li><strong>Pergol\u00e1k<\/strong> \u2013 t\u00f6k\u00e9letesek, ha magass\u00e1got vagy lehat\u00e1rolt r\u00e9szt szeretn\u00e9l a kertben.<\/li>\n<\/ul>\n<p>Ha szeretn\u00e9l szil\u00e1rdabb, de m\u00e9gis k\u00f6nnyed helyet, j\u00f3 v\u00e1laszt\u00e1s lehet egy <strong>dekorat\u00edv fal<\/strong>, amely igazodik az otthonod st\u00edlus\u00e1hoz \u2013 k\u00f6zben enged be egy kis f\u00e9nyt is. A <strong>k\u00fclt\u00e9ri f\u00fcgg\u00f6ny\u00f6k<\/strong> is rugalmasan haszn\u00e1lhat\u00f3k, hisz akkor h\u00fazod el, amikor szeretn\u00e9d magadat elrejteni.<\/p>\n<ul>\n<li><strong>Bambusz parav\u00e1nok<\/strong> \u2013 k\u00f6nny\u0171ek, de er\u0151sek, egyedi hangulatot adnak \u00e9s j\u00f3l takarnak,<\/li>\n<li><strong>D\u00edszker\u00edt\u00e9sek<\/strong> \u2013 p\u00e9ld\u00e1ul l\u00e9ces, r\u00e1csos vagy m\u0171v\u00e9szien kialak\u00edtott darabok egyszerre teszik biztons\u00e1goss\u00e1 \u00e9s tetszet\u0151ss\u00e9 a kerted.<\/li>\n<\/ul>\n<p>Ha ezeket \u00fcgyesen vegy\u00edted egym\u00e1ssal, r\u00e9teges, szem\u00e9lyre szabott megold\u00e1st kaphatsz: a kerted egyszerre lesz k\u00e9nyelmes \u00e9s j\u00f3l elrejtett.<\/p>\n<\/details><details class=\"g-accordion \"><summary><h3>Hogyan tudod elz\u00e1rni a kil\u00e1t\u00e1st a szomsz\u00e9dod el\u0151l?<\/h3><\/summary>\n<p>Ha t\u00e9nyleg szeretn\u00e9d elrejteni a kerted, \u00e9rdemes vegy\u00edteni er\u0151sebb \u00e9p\u00edtett \u00e9s term\u00e9szetes, n\u00f6v\u00e9nyes megold\u00e1sokat.<\/p>\n<ul>\n<li>A magas ker\u00edt\u00e9s a legegyszer\u0171bb, hiszen r\u00f6gt\u00f6n eltakarja a k\u00edv\u00e1ncsi szemp\u00e1rokat, ha a telekhat\u00e1ron \u00e9p\u00edted,<\/li>\n<li>t\u00f6m\u00f6tt s\u00f6v\u00e9ny vagy f\u00e1k, mint p\u00e9ld\u00e1ul az <strong>\u00f6r\u00f6kz\u00f6ld tuja<\/strong> vagy a <strong>Leyland-ciprus<\/strong>, term\u00e9szetes falat alkotnak,<\/li>\n<li>pergol\u00e1val vagy parav\u00e1nnal n\u00f6velheted a takar\u00e1st f\u00fcgg\u0151leges ir\u00e1nyban,<\/li>\n<li>magas h\u00e1tt\u00e1ml\u00e1s k\u00fclt\u00e9ri b\u00fatorokkal, napellenz\u0151vel hangulatos, rejtettebb \u00fcl\u0151helyeket alak\u00edthatsz ki,<\/li>\n<li>fut\u00f3n\u00f6v\u00e9nyekkel befuttatott r\u00e1csok p\u00f3tolj\u00e1k a r\u00e9seket, z\u00f6ld\u00edtik a kertet,<\/li>\n<li>d\u00edszf\u0171vel, bokrokkal kit\u00f6ltheted a ker\u00edt\u00e9s alatti r\u00e9st, \u00edgy nem maradnak lyukak, \u00e9s v\u00e1ltozatosabb lesz a l\u00e1tv\u00e1ny.<\/li>\n<\/ul>\n<p>Az ilyen \u00f6r\u00f6kz\u00f6ldek gyorsan n\u0151nek, eg\u00e9sz \u00e9vben s\u0171r\u0171ek maradnak, ez\u00e9rt is t\u00f6k\u00e9letesek. Egy j\u00f3l elhelyezett bambusz parav\u00e1n szint\u00e9n v\u00e9d \u00e9s d\u00edsz\u00edt is. Ha t\u00f6bb ilyen \u00f6tletet is haszn\u00e1lsz, k\u00f6nnyen kialak\u00edthatsz egy igazi <strong>priv\u00e1t o\u00e1zist<\/strong>, ami elt\u00e9r a szomsz\u00e9daid\u00e9hoz k\u00e9pest.<\/p>\n<\/details><details class=\"g-accordion \"><summary><h3>Hogyan k\u00e9sz\u00edthetsz magad kertben priv\u00e1t zugot?<\/h3><\/summary>\n<p>Egy elvonul\u00f3s kertet k\u00f6nnyebben megteremthetsz, mint gondoln\u00e1d \u2013 csak n\u00e9h\u00e1ny j\u00f3l megv\u00e1lasztott n\u00f6v\u00e9ny kell hozz\u00e1. Magas <strong>bokrok<\/strong>, <strong>f\u00e1k<\/strong> vagy <strong>s\u00f6v\u00e9nyek<\/strong> term\u00e9szetes falk\u00e9nt szolg\u00e1lnak, r\u00e1ad\u00e1sul d\u00edsz\u00edtik is a kertet. Ha gyors v\u00e1ltoz\u00e1st szeretn\u00e9l, \u00fcltess p\u00e9ld\u00e1ul <strong>bambuszt<\/strong> vagy <strong>\u00f6r\u00f6kz\u00f6ldet<\/strong>. A d\u00edszf\u00fcvek, illetve a fut\u00f3n\u00f6v\u00e9nyek is kiemelkednek, ha r\u00e1csra futtatod \u0151ket.<\/p>\n<p>Ha szeretn\u00e9d, hogy b\u00e1rmikor alak\u00edthat\u00f3 legyen a \u201cfal\u201d, haszn\u00e1lj <strong>parav\u00e1nt<\/strong> vagy <strong>k\u00fclt\u00e9ri f\u00fcgg\u00f6nyt<\/strong>. Az <strong>\u00e1rny\u00e9kvitorl\u00e1k<\/strong> szint\u00e9n j\u00f3k, hiszen fentr\u0151l is v\u00e9denek, r\u00e1ad\u00e1sul feldobj\u00e1k a kertet.<\/p>\n<p>Megfelel\u0151en elhelyezett kerti b\u00fatorokkal m\u00e9g tov\u00e1bb n\u00f6velheted a rejtetts\u00e9get: magas t\u00e1ml\u00e1j\u00fa sz\u00e9kekkel vagy \u00e1rny\u00e9kkal ell\u00e1tott \u00fcl\u0151helyekkel saj\u00e1t kis zugokat alak\u00edthatsz ki.<\/p>\n<p>Ezeket kreat\u00edvan kombin\u00e1lva k\u00f6nnyen k\u00e9sz\u00edthetsz magadnak priv\u00e1t kertet, ak\u00e1r szakember n\u00e9lk\u00fcl is.<\/p>\n<\/details><details class=\"g-accordion \"><summary><h3>\u00c9rdemes-e ker\u00edt\u00e9st \u00e9p\u00edteni?<\/h3><\/summary>\n<p>Egy ker\u00edt\u00e9s jelent\u0151sen n\u00f6veli a kert v\u00e9detts\u00e9g\u00e9t \u00e9s biztons\u00e1g\u00e1t. Ha <strong>magasabb ker\u00edt\u00e9st<\/strong> v\u00e1lasztasz, k\u00f6nnyen elrejtheted a kerted a szomsz\u00e9dok el\u0151l, \u00e9s igazi nyugodt szigetet teremthetsz. Miel\u0151tt belev\u00e1gsz, mindig n\u00e9zd meg a helyi szab\u00e1lyokat is \u2013 mennyi lehet a maxim\u00e1lis magass\u00e1g, milyen st\u00edlust enged\u00e9lyeznek a k\u00f6rny\u00e9ken.<\/p>\n<p>A ker\u00edt\u00e9s k\u00e9sz\u00fclhet t\u00f6bbf\u00e9le anyagb\u00f3l, p\u00e9ld\u00e1ul f\u00e1b\u00f3l vagy f\u00e9mb\u0151l \u2013 mindkett\u0151 praktikus, \u00e9s j\u00f3l n\u00e9z ki. <strong>A fa ker\u00edt\u00e9sek<\/strong> nagyon n\u00e9pszer\u0171ek, mert minden ig\u00e9nyhez igaz\u00edthat\u00f3k: egyszer\u0171en szabhat\u00f3 a magass\u00e1g, form\u00e1zhatod, \u00e9s d\u00edsz\u00edtheted is. Ha m\u00e1r van ker\u00edt\u00e9sed, elhelyezhetsz rajta parav\u00e1nokat vagy d\u00edsz\u00edt\u0151 elemeket, \u00edgy m\u00e9g jobban v\u00e9d, \u00e9s mutat\u00f3sabb is lesz.<\/p>\n<p><strong>A ker\u00edt\u00e9s nemcsak a priv\u00e1t \u00e9letteret adja meg, hanem egy\u00e9rtelm\u0171en kijel\u00f6li a telekhat\u00e1rokat \u00e9s n\u00f6veli a biztons\u00e1got<\/strong> \u2013 k\u00fcl\u00f6n\u00f6sen ott, ahol s\u0171r\u0171n laknak, kev\u00e9s a hely, \u00e9s fontos az elvonults\u00e1g.<\/p>\n<p>Ha szereted az egyedi, term\u00e9szetes megold\u00e1sokat, kombin\u00e1lhatod a hagyom\u00e1nyos ker\u00edt\u00e9st p\u00e9ld\u00e1ul r\u00e1csra futtatott n\u00f6v\u00e9nyekkel vagy s\u0171r\u0171 s\u00f6v\u00e9nnyel. \u00cdgy m\u00e9g z\u00e1rtabb \u00e9s szebb lesz a kert. Ha olyan ker\u00edt\u00e9st v\u00e1lasztasz, ami megfelel mind az \u00edzl\u00e9sednek, mind a helyi szab\u00e1lyoknak, k\u00f6nnyed\u00e9n megteremtheted saj\u00e1t kis nyugodt vil\u00e1godat odakint.<\/p>\n<\/details><details class=\"g-accordion \"><summary><h3>Milyen kreat\u00edv ker\u00edt\u00e9s\u00f6tletek l\u00e9teznek a priv\u00e1t kerthez?<\/h3><\/summary>\n<p>Egy kreat\u00edvan kialak\u00edtott ker\u00edt\u00e9ssel egyszerre lehetsz elb\u00fajva \u00e9s st\u00edlusos is odakint. Ilyeneket pr\u00f3b\u00e1lhatsz:<\/p>\n<ul>\n<li>R\u00e1csra futtatott n\u00f6v\u00e9nyek: p\u00e9ld\u00e1ul borosty\u00e1n vagy lilaak\u00e1c futtat\u00e1s\u00e1val magasabb \u00e9s z\u00e1rtabb lesz a ker\u00edt\u00e9s,<\/li>\n<li>Bambuszker\u00edt\u00e9s: k\u00f6nny\u0171, m\u00e9gis er\u0151s, k\u00fcl\u00f6nleges hangulatot ad,<\/li>\n<li>D\u00edszr\u00e1cs a ker\u00edt\u00e9s tetej\u00e9re: ezzel n\u00f6veled a magass\u00e1got \u00e9s szebb lesz a l\u00e1tv\u00e1ny,<\/li>\n<li>K\u00fclt\u00e9ri f\u00fcgg\u00f6ny vagy \u00e1rny\u00e9kol\u00f3 a teraszhoz, pergol\u00e1hoz: \u00edgy b\u00e1rmikor szab\u00e1lyozhatod, mennyire l\u00e1tsz\u00f3dik be,<\/li>\n<li>Magasra n\u0151tt bokrok vagy f\u00e1k a megl\u00e9v\u0151 ker\u00edt\u00e9s mell\u00e9: ezek term\u00e9szetes m\u00f3don z\u00e1rj\u00e1k el a kil\u00e1t\u00e1st,<\/li>\n<li>Magas cserepes vir\u00e1gok, d\u00edszf\u00fcvek: ezek mozgalmat \u00e9s sz\u00ednt visznek a kertbe.<\/li>\n<\/ul>\n<p>Ezekb\u0151l a kreat\u00edv \u00f6tletekb\u0151l v\u00e1logatva t\u00f6k\u00e9letesen magadhoz ill\u0151, priv\u00e1t kertet alak\u00edthatsz ki, ami egyszerre praktikus \u00e9s sz\u00e9p.<\/p>\n<\/details><details class=\"g-accordion \"><summary><h3>Milyen a klasszikus ker\u00edt\u00e9s?<\/h3><\/summary>\n<p>Egy klasszikus ker\u00edt\u00e9s id\u0151tlen alapdarab, k\u00f6nnyen beleolvad b\u00e1rmilyen k\u00f6rnyezetbe. Leggyakrabban <strong>f\u00e1b\u00f3l<\/strong> vagy <strong>f\u00e9mb\u0151l<\/strong> k\u00e9sz\u00fcl, k\u00fcl\u00f6nb\u00f6z\u0151 magass\u00e1gban \u00e9s st\u00edlusban kaphat\u00f3, hogy illeszkedjen a h\u00e1zhoz.<\/p>\n<ul>\n<li>A priv\u00e1t szf\u00e9r\u00e1n t\u00fal igazi d\u00edsze is lesz a kertnek vagy h\u00e1znak,<\/li>\n<li>Mivel festhet\u0151, p\u00e1colhat\u00f3 is, sz\u00edne harmoniz\u00e1lhat az \u00e9p\u00fclettel,<\/li>\n<li>Gyakran tal\u00e1lni rajta d\u00edszes r\u00e1csokat vagy finomabb oszlopd\u00edszeket, amik feldobj\u00e1k a megjelen\u00e9s\u00e9t.<\/li>\n<\/ul>\n<p>Ha p\u00e9ld\u00e1ul <strong>v\u00f6r\u00f6s c\u00e9drusb\u00f3l<\/strong> k\u00e9sz\u00fclt, akkor nagyon tart\u00f3s, r\u00e1ad\u00e1sul ellen\u00e1ll a rothad\u00e1snak \u00e9s a rovaroknak; kevesebb karbantart\u00e1s kell hozz\u00e1. Egy klasszikus ker\u00edt\u00e9s elhat\u00e1rolja a kerted, de eleg\u00e1nss\u00e1 \u00e9s bar\u00e1ts\u00e1goss\u00e1 is var\u00e1zsolja az udvart.<\/p>\n<\/details><details class=\"g-accordion \"><summary><h3>Mennyire v\u00e9d a faker\u00edt\u00e9s a bel\u00e1t\u00e1s ellen?<\/h3><\/summary>\n<p>A faker\u00edt\u00e9s kiv\u00e1l\u00f3 v\u00e1laszt\u00e1s, ha szeretn\u00e9d elrejteni a kerted \u2013 f\u0151leg, ha el\u00e9g magas \u00e9s j\u00f3l \u00f6ssze van rakva. Egy massz\u00edv <strong>180cm-es ker\u00edt\u00e9s<\/strong> m\u00e1r j\u00f3l eltakar a k\u00edv\u00e1ncsi szomsz\u00e9dok el\u0151l, \u00edgy nyugodt \u201cbubor\u00e9kot\u201c kapsz a saj\u00e1t udvarodban. Ha m\u00e9g jobban n\u00f6veln\u00e9d a magass\u00e1got \u00e9s a takar\u00e1st, szerelj a tetej\u00e9re <strong>r\u00e1csot vagy futtass r\u00e1 k\u00fasz\u00f3n\u00f6v\u00e9nyeket<\/strong>, p\u00e9ld\u00e1ul borosty\u00e1nt. K\u00fcl\u00f6nf\u00e9le d\u00edsz\u00edt\u0151elemekkel is egyediv\u00e9 teheted \u2013 csak arra figyelj, hogy a helyi el\u0151\u00edr\u00e1sokat betartsd a m\u00e9retekkel.<\/p>\n<\/details><details class=\"g-accordion \"><summary><h3>Mi\u00e9rt j\u00f3 d\u00f6nt\u00e9s a c\u00e9drus ker\u00edt\u00e9s?<\/h3><\/summary>\n<p>A c\u00e9drus ker\u00edt\u00e9s nagyon kedvelt megold\u00e1s, ha rejtett, m\u00e9gis tart\u00f3s kertet szeretn\u00e9l. A <strong>c\u00e9drusfa term\u00e9szetes m\u00f3don ellen\u00e1ll a rothad\u00e1snak \u00e9s a k\u00e1rtev\u0151knek, emiatt sokkal tov\u00e1bb tart \u00e9s kevesebbet kell gondozni<\/strong> mint m\u00e1s faanyagokat. Tart\u00f3s, egyedi illata \u00e9s sz\u00e9p sz\u00edne miatt j\u00f3 r\u00e1n\u00e9zni, \u00e9s extra hangulatot ad a kertednek.<\/p>\n<ul>\n<li>T\u00f6bb f\u00e9le m\u00f3don alak\u00edthat\u00f3,<\/li>\n<li>Laz\u00farral vagy fest\u00e9kkel alak\u00edthatod az otthonod st\u00edlus\u00e1hoz,<\/li>\n<li>Kialak\u00edthatod teljesen a saj\u00e1t \u00edzl\u00e9sed szerint.<\/li>\n<\/ul>\n<p>Ha megfelel\u0151en magasra \u00e9p\u00edted, a c\u00e9drus ker\u00edt\u00e9s j\u00f3l elz\u00e1r a k\u00edv\u00e1ncsi szemek el\u0151l, \u00e9s igazi meghitts\u00e9get biztos\u00edt. K\u00fcl\u00f6nf\u00e9le d\u00edsz\u00edt\u0151 r\u00e1csokat, r\u00e1csos elemeket is hozz\u00e1adhatsz, hogy m\u00e9g l\u00e1tv\u00e1nyosabb legyen.<\/p>\n<p><strong>A c\u00e9drus term\u00e9szetes tulajdons\u00e1gai miatt k\u00f6rnyezetbar\u00e1t v\u00e1laszt\u00e1s is azoknak, akik nem csak praktikus, hanem eszt\u00e9tikus kertet szeretn\u00e9nek.<\/strong> Ha id\u0151nk\u00e9nt \u00e1polod, sok\u00e1ig meg\u0151rzi \u00e9l\u00e9nk sz\u00edn\u00e9t \u00e9s er\u0151s szerkezet\u00e9t, \u00edgy hossz\u00fa t\u00e1von is v\u00e9delmet ny\u00fajt a kertednek.<\/p>\n<\/details><details class=\"g-accordion \"><summary><h3>Mennyire j\u00f3 bambuszker\u00edt\u00e9st haszn\u00e1lni takar\u00e1sra?<\/h3><\/summary>\n<p><strong>A bambuszker\u00edt\u00e9s<\/strong> kit\u0171n\u0151 megold\u00e1s, ha gyorsan \u00e9s l\u00e1tv\u00e1nyosan szeretn\u00e9l priv\u00e1t kertet kialak\u00edtani \u2013 k\u00f6nny\u0171 ugyan, de el\u00e9g tart\u00f3s. Gyorsan fel\u00e1ll\u00edthat\u00f3, \u00e9s r\u00f6gt\u00f6n term\u00e9szetes \u201cfalat\u201d ad, amin\u00e9l m\u00e1ris jobban el tudsz b\u00fajni. A bambusz gyorsan n\u0151, \u00edgy fenntarthat\u00f3 megold\u00e1s, ha gyors eredm\u00e9nyt szeretn\u00e9l.<\/p>\n<ul>\n<li>Ha r\u00f6gt\u00f6n el szeretn\u00e9d takarni a r\u00e9git, ak\u00e1r r\u00e1 is r\u00f6gz\u00edtheted a megl\u00e9v\u0151 ker\u00edt\u00e9sre,<\/li>\n<li>K\u00fcl\u00f6nb\u00f6z\u0151 st\u00edlusokban, magass\u00e1gokban el\u00e9rhet\u0151 \u2014 mindig tudsz olyat v\u00e1lasztani, ami neked tetszik,<\/li>\n<li>Plusz, a bambusz remek\u00fcl elnyeli a zajokat is, \u00edgy csendesebb lesz a kerted.<\/li>\n<\/ul>\n<p><strong>L\u00e1tv\u00e1nyos, egzotikus hangulatot ad<\/strong> a kertnek, ez\u00e9rt nem csak praktikus, hanem tetszet\u0151s is.<\/p>\n<\/details><details class=\"g-accordion \"><summary><h3>Mit\u0151l j\u00f3 egy bambusz parav\u00e1n?<\/h3><\/summary>\n<p>Egy <strong>bambusz parav\u00e1n<\/strong> k\u00f6nnyen elrejti a kerted, \u00edgy a szomsz\u00e9dok nem l\u00e1tnak be, mik\u00f6zben igazi z\u00f6ld hangulatot teremt. A <strong>gyors n\u00f6veked\u00e9se \u00e9s magass\u00e1ga<\/strong> miatt k\u00fcl\u00f6n\u00f6sen alkalmas, hogy ak\u00e1r \u00f6n\u00e1ll\u00f3an, ak\u00e1r ker\u00edt\u00e9sre szerelve gyorsan s\u0171r\u0171 takar\u00e1st adjon. <strong>S\u0171r\u0171 sz\u00e1lai \u00e9s kiemelked\u0151 magass\u00e1ga<\/strong> t\u00e9nyleg j\u00f3l elz\u00e1rj\u00e1k a kil\u00e1t\u00e1st. Emellett seg\u00edt <strong>csendesebb\u00e9 tenni a kertet<\/strong> azzal, hogy tomp\u00edtja a zajokat.<\/p>\n<p>Sokf\u00e9le st\u00edlusban el\u00e9rhet\u0151, ez\u00e9rt biztosan tal\u00e1lsz a kertedhez ill\u0151t \u2014 \u00edgy praktikus \u00e9s mutat\u00f3s kieg\u00e9sz\u00edt\u0151je is lesz b\u00e1rmelyik udvarnak.<\/p>\n<\/details><details class=\"g-accordion \"><summary><h3>Mire j\u00f3 a hegyi bambusz a kert takar\u00e1s\u00e1ban?<\/h3><\/summary>\n<p><strong>A hegyi bambusz<\/strong> remek v\u00e1laszt\u00e1s, ha rejtettebb\u00e9 tenn\u00e9d a kerted. Gyors n\u00f6veked\u00e9se \u00e9s s\u0171r\u0171 lombozata miatt kiv\u00e1l\u00f3an elfedi a kerted a k\u00edv\u00e1ncsi szomsz\u00e9dok el\u0151l. Ha a telekhat\u00e1r mell\u00e9 \u00fclteted, term\u00e9szetes, \u00e9l\u0151 falat kapsz, r\u00e1ad\u00e1sul szebb\u00e9 is teszi az eg\u00e9sz udvart.<\/p>\n<p>Ez a n\u00f6v\u00e9ny t\u00f6bbf\u00e9lek\u00e9ppen haszn\u00e1lhat\u00f3:<\/p>\n<ul>\n<li>Futtathatod r\u00e1csra,<\/li>\n<li>Elhelyezheted \u00f6n\u00e1ll\u00f3 parav\u00e1nk\u00e9nt,<\/li>\n<li>K\u00f6nnyen igaz\u00edthatod b\u00e1rmilyen kertst\u00edlushoz,<\/li>\n<li>\u00cdgy mindenhol j\u00f3 fed\u00e9st biztos\u00edt.<\/li>\n<\/ul>\n<p>R\u00e1ad\u00e1sul <strong>a hegyi bambusz a zajt is k\u00e9pes cs\u00f6kkenteni<\/strong>, \u00edgy csendesebb\u00e9, nyugodtabb\u00e1 v\u00e1lik a kert. Gyors n\u00f6veked\u00e9se miatt azoknak is j\u00f3 \u00f6tlet, akik hamar szeretn\u00e9nek priv\u00e1t kertet kialak\u00edtani.<\/p>\n<\/details> <details class=\"g-accordion \"><summary><h3>Mik azok a k\u00fclt\u00e9ri priv\u00e1t falak?<\/h3><\/summary>\n<p>A <strong>k\u00fclt\u00e9ri priv\u00e1t falak<\/strong> er\u0151s szerkezetek, amelyek meghitt zugokat teremtenek az udvarodban. Lehetnek <strong>f\u00e1b\u00f3l<\/strong>, <strong>k\u0151b\u0151l<\/strong> vagy <strong>kompozit anyagokb\u00f3l<\/strong>, \u00e9s \u00fagy k\u00e9sz\u00fclnek, hogy sz\u00e9pen illeszkedjenek az otthonod st\u00edlus\u00e1hoz. Ezek a falak nemcsak a k\u00edv\u00e1ncsi tekinteteket z\u00e1rj\u00e1k ki, \u00edgy meg\u00f3vj\u00e1k a teraszt vagy a kertet a szomsz\u00e9dok el\u0151l, hanem sz\u00e9p h\u00e1tteret is ny\u00fajtanak a kerti b\u00fatoroknak \u00e9s a n\u00f6v\u00e9nyeknek. Zajosabb v\u00e1rosi k\u00f6rnyezetben k\u00fcl\u00f6n\u00f6sen j\u00f3 szolg\u00e1latot tesznek a priv\u00e1t szf\u00e9ra megtart\u00e1s\u00e1ban, \u00e9s seg\u00edtenek elk\u00fcl\u00f6n\u00edteni a szabadt\u00e9ri ter\u00fcleteket.<\/p>\n<\/details><details class=\"g-accordion \"><summary><h3>Milyen el\u0151nyei vannak a priv\u00e1t falaknak?<\/h3><\/summary>\n<p>Egy priv\u00e1t fal rengeteg el\u0151nyt ad a szabadt\u00e9ren, hiszen praktikusabb\u00e1 \u00e9s eszt\u00e9tikusabb\u00e1 is teszi azt.<\/p>\n<ul>\n<li>Jobban el tudod z\u00e1rni magad a szomsz\u00e9dokt\u00f3l, \u00edgy nyugodtan pihenhetsz vagy vend\u00e9gs\u00e9get tarthatsz a k\u00edv\u00e1ncsi pillant\u00e1sok n\u00e9lk\u00fcl,<\/li>\n<li>cs\u00f6kkentheti a zajt, mert felfogja a kellemetlen hangokat,<\/li>\n<li>szemreval\u00f3v\u00e1 \u00e9s rendezettebb\u00e9 teszi a teret, \u00edgy k\u00f6nnyebb elk\u00fcl\u00f6n\u00edteni a t\u00e1rsas\u00e1gi esem\u00e9nyekhez vagy a pihen\u00e9shez alkalmas r\u00e9szeket,<\/li>\n<li>sz\u00e9lfog\u00f3k\u00e9nt is v\u00e9di a kertet, ez\u00e9rt az \u00e9v minden szak\u00e1ban kellemesebb kint lenni.<\/li>\n<\/ul>\n<p><strong>Ha priv\u00e1t falakat k\u00e9sz\u00edtesz a kertben, nemcsak k\u00e9nyelmesebb\u00e9 teszed, hanem egyben hangulatos, szem\u00e9lyes kis teret is teremthetsz.<\/strong><\/p>\n<\/details><details class=\"g-accordion \"><summary><h3>Hogyan haszn\u00e1lhatsz hat\u00e9konyan priv\u00e1t paneleket?<\/h3><\/summary>\n<p>Egy priv\u00e1t parav\u00e1n egyszer\u0171, m\u00e9gis remek m\u00f3dszer, hogy eltakard magad a szomsz\u00e9dok el\u0151l \u2013 csak helyezd oda a kertben, ahol sz\u00fcks\u00e9g van r\u00e1. Ha p\u00e9ld\u00e1ul a ker\u00edt\u00e9s ment\u00e9n vagy egy \u00fcl\u0151sarok k\u00f6r\u00e9 teszed, m\u00e1ris meghitt hangulatot kapsz. V\u00e1laszthatsz <strong>fa<\/strong>, <strong>bambusz<\/strong> vagy <strong>sz\u00f6vet<\/strong> v\u00e1ltozatot is, \u00edgy mindenki tal\u00e1lhat mag\u00e1nak megfelel\u0151t. Ezek a panelek r\u00e1ad\u00e1sul \u00e1ltal\u00e1ban \u00e1ll\u00edthat\u00f3k, \u00edgy magad d\u00f6ntheted el, mennyire fedj\u00e9k el a teret.<\/p>\n<p>Ha igaz\u00e1n elszepar\u00e1lt r\u00e9szt szeretn\u00e9l, haszn\u00e1lj t\u00f6bb parav\u00e1nt egy\u00fctt! Ez nem csak jobban takar, de m\u00e9g r\u00e9tegesebb\u00e9 \u00e9s izgalmasabb\u00e1 is var\u00e1zsolja a kertet. Ha kevered a k\u00fcl\u00f6nb\u00f6z\u0151 anyagokat vagy st\u00edlusokat, egyszerre lesz praktikus \u00e9s mutat\u00f3s a takar\u00e1s.<\/p>\n<p>M\u00e9g hangulatosabb\u00e1 teheted a helyet, ha a panelekre fut\u00f3n\u00f6v\u00e9nyeket \u00fcltetsz. \u00cdgy nemcsak priv\u00e1tabb\u00e1 v\u00e1lik a kert, hanem z\u00f6ldebb \u00e9s bar\u00e1ts\u00e1gosabb is lesz, ahov\u00e1 mindig j\u00f3 lesz kil\u00e9pni.<\/p>\n<\/details><details class=\"g-accordion \"><summary><h3>Miben seg\u00edtenek a priv\u00e1t panelekkel val\u00f3 takar\u00e1s?<\/h3><\/summary>\n<p>A priv\u00e1t panelek nagyszer\u0171en elz\u00e1rj\u00e1k a kertedet a k\u00f6rny\u00e9kbeli k\u00edv\u00e1ncsi tekintetek el\u0151l. Gyakran a ker\u00edt\u00e9s mellett vagy olyan r\u00e9szeken \u00e1ll\u00edtj\u00e1k fel \u0151ket, ahol nagyobb nyugalomra v\u00e1gysz. Sokf\u00e9le anyagb\u00f3l k\u00e9sz\u00fclhetnek, p\u00e9ld\u00e1ul:<\/p>\n<ul>\n<li>f\u00e1b\u00f3l,<\/li>\n<li>bambuszb\u00f3l,<\/li>\n<li>sz\u00f6vetb\u0151l.<\/li>\n<\/ul>\n<p>\u00cdgy k\u00f6nnyen tudod a st\u00edlusodhoz vagy a k\u00edv\u00e1nt magass\u00e1ghoz igaz\u00edtani. Ha m\u00e9g mutat\u00f3sabb \u00e9s egys\u00e9gesebb megold\u00e1st szeretn\u00e9l, \u00fcltess a panelekhez fut\u00f3n\u00f6v\u00e9nyeket vagy bokrokat! Ez nemcsak <strong>priv\u00e1t szf\u00e9r\u00e1t<\/strong> ad, hanem bar\u00e1ts\u00e1gosabb hangulatot is teremt a kertedben.<\/p>\n<\/details><details class=\"g-accordion \"><summary><h3>Mi az a dekorat\u00edv ker\u00edt\u00e9s, \u00e9s mire j\u00f3?<\/h3><\/summary>\n<p>A dekorat\u00edv ker\u00edt\u00e9s egyszerre praktikus \u00e9s sz\u00e9p \u2013 eleg\u00e1ns megold\u00e1st k\u00edn\u00e1l arra, hogy a kertedet priv\u00e1tabb\u00e1 tedd. Olyan elemei lehetnek, mint p\u00e9ld\u00e1ul a <strong>r\u00e1csos vagy lugasos bet\u00e9tek<\/strong>, melyekkel nemcsak elv\u00e1lasztod a teret, hanem extra d\u00edszt is adhatsz a k\u00f6rnyezetnek. Az ilyen ker\u00edt\u00e9seket mindenki a saj\u00e1t \u00edzl\u00e9se szerint v\u00e1laszthatja, hogy harmoniz\u00e1ljon a kert t\u00f6bbi r\u00e9sz\u00e9vel.<\/p>\n<p>Egy ilyen v\u00e1ltozatos ker\u00edt\u00e9s lehet toldal\u00e9k a megl\u00e9v\u0151h\u00f6z, hogy magasabb \u00e9s bens\u0151s\u00e9gesebb legyen a t\u00e9r, de ak\u00e1r \u00f6nmag\u00e1ban is k\u00fcl\u00f6nleges eleme lehet az udvarnak. T\u00f6bbf\u00e9le mint\u00e1val \u00e9s anyaggal egyediv\u00e9 var\u00e1zsolhatod, hogy egyszerre \u0151rizze a kert nyugalm\u00e1t \u00e9s legyen igaz\u00e1n l\u00e1tv\u00e1nyos is.<\/p>\n<\/details><details class=\"g-accordion \"><summary><h3>Hogyan befoly\u00e1solj\u00e1k a helyi szab\u00e1lyok a ker\u00edt\u00e9s magass\u00e1g\u00e1t?<\/h3><\/summary>\n<p>A helyi el\u0151\u00edr\u00e1sok meghat\u00e1rozz\u00e1k, milyen magas lehet az otthoni ker\u00edt\u00e9s. Sok helyen <strong>1,8 \u00e9s 2,4 m\u00e9ter<\/strong> (vagyis k\u00f6r\u00fclbel\u00fcl 6\u20138 l\u00e1b) k\u00f6z\u00f6tt szabj\u00e1k meg a legnagyobb megengedett magass\u00e1got, hogy a k\u00f6rny\u00e9k sz\u00e9p maradjon, \u00e9s ne legyen vesz\u00e9lyes a szerkezet. Ezek a szab\u00e1lyok egyens\u00falyt pr\u00f3b\u00e1lnak teremteni az egy\u00e9ni priv\u00e1tszf\u00e9ra \u00e9s a k\u00f6z\u00f6s elv\u00e1r\u00e1sok k\u00f6z\u00f6tt. Ha \u00faj ker\u00edt\u00e9st tervezel, \u00e9rdemes el\u0151sz\u00f6r egyeztetni az \u00f6nkorm\u00e1nyzatn\u00e1l vagy a ter\u00fcleti hivataln\u00e1l. <strong>\u00cdgy biztosan nem szeged meg a szab\u00e1lyokat, elker\u00fcl\u00f6d a b\u00fcntet\u00e9seket vagy a k\u00e9s\u0151bbi \u00e1t\u00e9p\u00edt\u00e9st.<\/strong> Ha figyelemmel vagy a helyi el\u0151\u00edr\u00e1sokra, gond n\u00e9lk\u00fcl lehet olyan kerted, ahol j\u00f3l \u00e9rezheted magad \u00e9s minden rendben van.<\/p>\n<\/details><details class=\"g-accordion \"><summary><h3>Mik az \u00e9l\u0151 s\u00f6v\u00e9nyker\u00edt\u00e9s el\u0151nyei?<\/h3><\/summary>\n<p>Egy s\u00f6v\u00e9nyker\u00edt\u00e9s egyszerre ny\u00fajt <strong>term\u00e9szetes sz\u00e9ps\u00e9get \u00e9s hat\u00e1sos priv\u00e1tszf\u00e9r\u00e1t<\/strong>. \u00c9l\u0151 n\u00f6v\u00e9nyk\u00e9nt igazi z\u00f6ld falat k\u00e9pez, nemcsak elz\u00e1r a k\u00edv\u00e1ncsi szemek el\u0151l, hanem az \u00e1llatoknak is otthont ad, ezzel n\u00f6velve az udvar \u00f6kol\u00f3giai \u00e9rt\u00e9k\u00e9t. A s\u00f6v\u00e9nyeket te magad form\u00e1zhatod \u00e9s v\u00e1ghatod, hogy pont olyan magasak vagy d\u00fasak legyenek, ahogy szeretn\u00e9d.<\/p>\n<p>A priv\u00e1t szf\u00e9ra meg\u0151rz\u00e9s\u00e9n t\u00fal a s\u00f6v\u00e9nyek cs\u00f6kkentik a zajt is \u00e9s seg\u00edtenek megfogni a szelet, \u00edgy m\u00e9g kellemesebb\u00e9 teszik a kertet. R\u00e1ad\u00e1sul a leveg\u0151t is tiszt\u00edtj\u00e1k, \u00e9s soksz\u00edn\u0171v\u00e9 var\u00e1zsolj\u00e1k az udvarod. Ez a praktikum \u00e9s sz\u00e9ps\u00e9g elegye miatt sokan v\u00e1lasztj\u00e1k <strong>fenntarthat\u00f3 takar\u00e1sk\u00e9nt<\/strong> az \u00e9l\u0151 ker\u00edt\u00e9seket.<\/p>\n<\/details><details class=\"g-accordion \"><summary><h3>Hogyan seg\u00edtik a bokrok a kert v\u00e9delm\u00e9t?<\/h3><\/summary>\n<p>A bokrok nagyszer\u0171ek, ha term\u00e9szetes m\u00f3don szeretn\u00e9d elz\u00e1rni a kerted a k\u00edv\u00fcl\u00e1ll\u00f3kt\u00f3l. S\u0171r\u0171 \u00e9s magas n\u00f6v\u00e9nyk\u00e9nt akad\u00e1lyozz\u00e1k a bel\u00e1t\u00e1st, \u00edgy sokkal bens\u0151s\u00e9gesebb helyet kapsz. Ha magasra n\u00f6v\u0151 vagy s\u0171r\u0171 bokrokat \u00fcltetsz a kert sz\u00e9l\u00e9re, m\u00e1ris jobban v\u00e9denek.<\/p>\n<p>A <strong>\u00f6r\u00f6kz\u00f6ld bokrok<\/strong> az\u00e9rt k\u00fcl\u00f6n\u00f6sen j\u00f3k, mert eg\u00e9sz \u00e9vben megtartj\u00e1k leveleiket, \u00edgy b\u00e1rmelyik \u00e9vszakban elz\u00e1rj\u00e1k a teret. Ha gyors eredm\u00e9nyt szeretn\u00e9l, v\u00e1lassz <strong>gyorsan n\u00f6v\u0151 bokrokat<\/strong> \u2013 ezek hamar elszepar\u00e1lj\u00e1k a kertet.<\/p>\n<ul>\n<li>elnyelik a zajt,<\/li>\n<li>cs\u00f6kkentik a szelet,<\/li>\n<li>kellemesebb\u00e9 teszik a kinti id\u0151t\u00f6lt\u00e9st.<\/li>\n<\/ul>\n<p>A bokrokat form\u00e1ba is v\u00e1ghatod, \u00edgy <strong>szebb\u00e9 \u00e9s izgalmasabb\u00e1 var\u00e1zsolj\u00e1k a kert kin\u00e9zet\u00e9t, mik\u00f6zben v\u00e9delmet is adnak<\/strong>.<\/p>\n<\/details><details class=\"g-accordion \"><summary><h3>Mi az a n\u00f6v\u00e9nyekb\u0151l \u00e1ll\u00f3 term\u00e9szetes takar\u00e1s?<\/h3><\/summary>\n<p>Ha f\u00e1kb\u00f3l, bokrokb\u00f3l vagy m\u00e1s n\u00f6v\u00e9nyekb\u0151l k\u00e9sz\u00edtesz term\u00e9szetes ker\u00edt\u00e9st, az nem csak elz\u00e1rja a kerted, de m\u00e9g szebb\u00e9 is teszi. Ilyen z\u00f6ld falakkal meghittebb zugokat alak\u00edthatsz ki a kertben, r\u00e1ad\u00e1sul t\u00f6bbf\u00e9le magass\u00e1gban \u00e9s s\u0171r\u0171s\u00e9gben is elk\u00e9sz\u00edtheted, att\u00f3l f\u00fcgg\u0151en, mit \u00fcltetsz. Ezek a takar\u00e1sok nemcsak priv\u00e1tszf\u00e9r\u00e1t adnak, hanem cs\u00f6kkentik a zajt, valamint otthont k\u00edn\u00e1lnak \u00e1llatoknak \u2013 ez\u00e9rt t\u00f6k\u00e9letes v\u00e1laszt\u00e1s, ha egyszerre szeretn\u00e9l k\u00f6rnyezetbar\u00e1t \u00e9s praktikus megold\u00e1st.<\/p>\n<\/details><details class=\"g-accordion \"><summary><h3>Hogyan jav\u00edthatod a priv\u00e1t szf\u00e9r\u00e1t j\u00f3l elhelyezett n\u00f6v\u00e9nyekkel?<\/h3><\/summary>\n<p>Ha okosan helyezed el a magas vagy s\u0171r\u0171 n\u00f6v\u00e9nyeket, sokkal meghittebb\u00e9 teheted a kertben t\u00f6lt\u00f6tt id\u0151t, hiszen elz\u00e1rj\u00e1k a k\u00edv\u00e1ncsi pillant\u00e1sokat. A gyorsan n\u00f6v\u0151 fajt\u00e1k \u2013 p\u00e9ld\u00e1ul az <strong>\u00e9letfa<\/strong> (tuja) vagy a <strong>Leyland-ciprus<\/strong> \u2013 gyorsan z\u00f6ld falat alkotnak, amely sz\u00e9pen takarja a kertet. Ha az \u00f6r\u00f6kz\u00f6ldet \u00e9s a lombhullat\u00f3t is egy\u00fctt \u00fclteted, eg\u00e9sz \u00e9vben \u00e9lvezheted a d\u00fas lombkoron\u00e1t, mik\u00f6zben a v\u00e1ltoz\u00f3 \u00e9vszakok is sz\u00ednes\u00edtik a l\u00e1tv\u00e1nyt. Ha pedig fut\u00f3n\u00f6v\u00e9nyeket futtatsz fel lugasra vagy r\u00e1csra, m\u00e9g magasabb \u00e9s s\u0171r\u0171bb z\u00f6ld takar\u00e1st kapsz.<strong>Ezzel az \u00e1tgondolt \u00fcltet\u00e9ssel nem csak a priv\u00e1t szf\u00e9r\u00e1t er\u0151s\u00edted, hanem szebb\u00e9 is teszed a kerted.<\/strong><\/p>\n<\/details><details class=\"g-accordion \"><summary><h3>Milyen magas n\u00f6v\u00e9nyek j\u00f3k priv\u00e1tszf\u00e9ra-teremt\u00e9shez?<\/h3><\/summary>\n<p>A magas n\u00f6v\u00e9nyek szuperul elrejtik a kertet. A gyors n\u00f6v\u00e9s\u0171 \u00f6r\u00f6kz\u00f6ldek, p\u00e9ld\u00e1ul az <strong>\u00e9letfa<\/strong> (tuja) vagy a <strong>Leyland-ciprus<\/strong> eg\u00e9sz \u00e9vben s\u0171r\u0171 lombkoron\u00e1t adnak, \u00edgy megb\u00edzhat\u00f3an t\u00e1vol tartj\u00e1k a k\u00edv\u00e1ncsi szemeket. A <strong>bambusz<\/strong> is gyakran haszn\u00e1lt, mert gyorsan n\u0151, \u00e9s szint\u00e9n j\u00f3l elz\u00e1r. Ha igazi meghitt kertet szeretn\u00e9l, pr\u00f3b\u00e1ld ki a magas bokrokat is, mint a <strong>fagyal<\/strong>, <strong>puszp\u00e1ng<\/strong> vagy <strong>magyal<\/strong>.<\/p>\n<p>V\u00e1laszt\u00e1skor figyelj arra is, hogy:<\/p>\n<ul>\n<li>milyen gyorsan n\u0151nek,<\/li>\n<li>mekkora lesz a v\u00e9gs\u0151 magass\u00e1guk,<\/li>\n<li>mennyire ig\u00e9nylik a gondoskod\u00e1st.<\/li>\n<\/ul>\n<p>Mindig v\u00e1lassz olyan n\u00f6v\u00e9nyeket, amelyek j\u00f3l b\u00edrj\u00e1k a helyi kl\u00edm\u00e1t, \u00e9s megfelelnek a te ig\u00e9nyeidnek is.<\/p>\n<\/details><details class=\"g-accordion \"><summary><h3>Miben seg\u00edtenek az \u00f6r\u00f6kz\u00f6ldek, hogy eg\u00e9sz \u00e9vben priv\u00e1tszf\u00e9r\u00e1t teremts?<\/h3><\/summary>\n<p>Az \u00f6r\u00f6kz\u00f6ldek eg\u00e9sz \u00e9vben \u00f3vj\u00e1k a priv\u00e1tszf\u00e9r\u00e1dat, mert minden szezonban meg\u0151rzik leveleiket, \u00edgy \u00e1lland\u00f3 z\u00f6ld falat adnak. A gyors n\u00f6v\u00e9s\u0171 fajt\u00e1k, p\u00e9ld\u00e1ul az <strong>\u00e9letfa<\/strong> (tuja) vagy a <strong>Leyland-ciprus<\/strong>, hamar s\u0171r\u0171 takar\u00e1st biztos\u00edtanak, elz\u00e1rva a szomsz\u00e9dos h\u00e1zakb\u00f3l bel\u00e1t\u00f3kat.<\/p>\n<ul>\n<li>nemcsak meghitt zugokat alak\u00edtanak ki,<\/li>\n<li>hanem seg\u00edtenek elnyelni a zajokat,<\/li>\n<li>megfogj\u00e1k a szelet,<\/li>\n<li>k\u00e9nyelmesebb\u00e9 teszik a kerti id\u0151t\u00f6lt\u00e9st,<\/li>\n<li>s eg\u00e9sz \u00e9vben elz\u00e1rj\u00e1k a kertet a k\u00fclvil\u00e1gt\u00f3l.<\/li>\n<\/ul>\n<p><strong>Ez\u00e9rt is v\u00e1lasztj\u00e1k sokan, akik eg\u00e9sz \u00e9vben magukban szeretn\u00e9k \u00e9lvezni a kertet.<\/strong><\/p>\n<\/details><details class=\"g-accordion \"><summary><h3>Mik az \u00e9letfa (tuja) \u00e9s Leyland-ciprus el\u0151nyei?<\/h3><\/summary>\n<p>Az <strong>\u00e9letfa<\/strong> (tuja) \u00e9s a <strong>Leyland-ciprus<\/strong> t\u00f6k\u00e9letes v\u00e1laszt\u00e1s, ha szeretn\u00e9d priv\u00e1tt\u00e1 var\u00e1zsolni a kertedet. Ezek a f\u00e1k gyorsan n\u0151nek, s\u0171r\u0171 lombjuk eg\u00e9sz \u00e9vben takarja a kertet, \u00edgy senki sem l\u00e1t be. Mivel \u00f6r\u00f6kz\u00f6ldek, minden \u00e9vszakban sz\u00e9p, d\u00fas z\u00f6ld takar\u00e1st kapsz.<\/p>\n<p>Emellett kev\u00e9s gondoz\u00e1st ig\u00e9nyelnek, sokf\u00e9le talajban \u00e9s k\u00f6r\u00fclm\u00e9ny k\u00f6z\u00f6tt j\u00f3l fejl\u0151dnek, \u00edgy szinte b\u00e1rhol \u00fcltethet\u0151k. Seg\u00edtenek a zajsz\u0171r\u00e9sben \u00e9s felfogj\u00e1k a szelet is, ez\u00e9rt pihentet\u0151bb lesz a kertben lenni. R\u00e1ad\u00e1sul m\u00e9g szebb\u00e9 is var\u00e1zsolj\u00e1k az udvart.<\/p>\n<p>Ha ilyen f\u00e1kat v\u00e1lasztasz, olyan kerted lesz, ahol egyar\u00e1nt fontos a sz\u00e9ps\u00e9g \u00e9s a haszn\u00e1lhat\u00f3s\u00e1g.<\/p>\n<\/details><details class=\"g-accordion \"><summary><h3>Melyik fut\u00f3n\u00f6v\u00e9nyek a legjobbak takar\u00e1shoz?<\/h3><\/summary>\n<p>A fut\u00f3n\u00f6v\u00e9nyek remek\u00fcl alkalmasak arra, hogy priv\u00e1t sarkokat alak\u00edts ki a kertben vagy teraszon. Az olyan gyors n\u00f6v\u00e9s\u0171 fajt\u00e1k, mint az <strong>borosty\u00e1n<\/strong>, a <strong>wisteria<\/strong> (lilaak\u00e1c) vagy a <strong>clematis<\/strong> (iszalag) gyorsan befutj\u00e1k a r\u00e1csokat \u00e9s a ker\u00edt\u00e9seket, s\u0171r\u0171, z\u00f6ld falat alkotva. Emellett sz\u00e9p vir\u00e1gaikkal is feldobj\u00e1k a kertet, sz\u00f3val nemcsak elrejtenek, hanem m\u00e9g d\u00edsz\u00edtenek is. Ha fut\u00f3n\u00f6v\u00e9nyeket futtatsz fel t\u00e1maszokra, k\u00f6nnyed\u00e9n tudsz magasabb \u00e9s s\u0171r\u0171bb takar\u00e1st k\u00e9sz\u00edteni. V\u00e1s\u00e1rl\u00e1s el\u0151tt n\u00e9zd meg, melyik faj hogyan n\u0151, \u00e9s milyen t\u00f6r\u0151d\u00e9st ig\u00e9nyel \u2013 \u00edgy biztos lehetsz benne, hogy n\u00e1lad is j\u00f3l \u00e9rzik majd magukat, \u00e9s el\u00e9rik a c\u00e9lt.<\/p>\n<\/details><details class=\"g-accordion \"><summary><h3>Mik\u00e9nt seg\u00edtik a k\u00fclt\u00e9ri f\u00fcgg\u00f6ny\u00f6k a takar\u00e1st?<\/h3><\/summary>\n<p>A k\u00fclt\u00e9ri f\u00fcgg\u00f6ny\u00f6k sokoldal\u00faak, mivel egyszerre ny\u00fajtanak <strong>priv\u00e1t szf\u00e9r\u00e1t<\/strong> \u00e9s <strong>st\u00edlust<\/strong> is. K\u00f6nnyen elh\u00fazhatod \u0151ket, amikor szeretn\u00e9d elz\u00e1rni magad a k\u00edv\u00e1ncsi tekintetek el\u0151l \u2013 ez\u00e9rt j\u00f3l j\u00f6nnek <strong>teraszokon<\/strong>, <strong>pavilonokban<\/strong> vagy <strong>pergol\u00e1kon<\/strong> is. Ezekkel k\u00f6nnyen kialak\u00edthatsz egy intim kis helyet a kertben vagy az udvaron.<\/p>\n<p>Sokf\u00e9le sz\u00ednben \u00e9s anyagban kaphat\u00f3k, \u00edgy nemcsak takarnak, hanem a <strong>k\u00fcls\u0151 tereket is feldobj\u00e1k<\/strong>. Ak\u00e1r pihenni, ak\u00e1r vend\u00e9geket fogadni szeretn\u00e9l, ezeknek k\u00f6sz\u00f6nhet\u0151en nyugodtan \u00e9lvezheted az udvart.<\/p>\n<\/details><details class=\"g-accordion \"><summary><h3>Hogyan adnak egyszerre \u00e1rny\u00e9kot \u00e9s takar\u00e1st a napvitorl\u00e1k?<\/h3><\/summary>\n<p>A napvitorl\u00e1k egyszerre <strong>v\u00e9denek a k\u00edv\u00e1ncsiskod\u00f3kt\u00f3l<\/strong> \u00e9s <strong>st\u00edlusosak<\/strong> is: olyan fels\u0151 takar\u00e1st adnak, amely elrejti a teret fel\u00fclr\u0151l. Nemcsak kellemes \u00e1rny\u00e9kot biztos\u00edtanak a naps\u00fct\u00e9sben, hanem szebb\u00e9 is teszik a kertet vagy a teraszt. K\u00fcl\u00f6nf\u00e9le <strong>alakban<\/strong> \u00e9s <strong>sz\u00ednekben<\/strong> kaphat\u00f3k, \u00edgy k\u00f6nnyen igaz\u00edthatod \u0151ket a saj\u00e1t \u00edzl\u00e9sedhez. Ha okosan helyezed el a vitorl\u00e1kat, k\u00f6nnyen kialak\u00edthatsz egy eldugott kis sarkot, ahol pihenhetsz vagy vend\u00e9geket fogadhatsz. Ez a m\u00f3dszer nemcsak takar, hanem modern hangulatot is visz a kertbe, ez\u00e9rt azok k\u00f6r\u00e9ben n\u00e9pszer\u0171, akik egyszerre keresnek funkcion\u00e1lis \u00e9s l\u00e1tv\u00e1nyos megold\u00e1st.<\/p>\n<\/details><details class=\"g-accordion \"><summary><h3>Mire j\u00f3 a r\u00e1csos vagy lugasos szerkezet a takar\u00e1shoz?<\/h3><\/summary>\n<p>A r\u00e1csok \u00e9s lugasok fontos szerepet j\u00e1tszanak a priv\u00e1t szf\u00e9ra kialak\u00edt\u00e1s\u00e1ban, mert kiv\u00e1l\u00f3an megtartj\u00e1k a magas fut\u00f3n\u00f6v\u00e9nyeket, amelyek elz\u00e1rnak a szomsz\u00e9dok el\u0151l. Ha felvezeteted r\u00e1juk p\u00e9ld\u00e1ul a <strong>borosty\u00e1nt<\/strong> vagy <strong>lilaak\u00e1cot<\/strong>, gyorsan s\u0171r\u0171, z\u00f6ld falat kapsz, ami megb\u00edzhat\u00f3an eltakarja a ter\u00fcletet. Ezek a szerkezetek nemcsak praktikusak, hanem \u00f6nmagukban is d\u00edsz\u00edthetik a kertet vagy a teraszt. A mint\u00e1jukat \u00e9s a magass\u00e1gukat is k\u00f6nnyed\u00e9n igaz\u00edthatod a saj\u00e1t ig\u00e9nyeidhez, \u00edgy b\u00e1rmelyik szabadt\u00e9ri t\u00e9rbe j\u00f3l illeszkednek.<\/p>\n<\/details><details class=\"g-accordion \"><summary><h3>Mi\u00e9rt j\u00f3k a d\u00edszf\u00fcvek a kert v\u00e9delm\u00e9re?<\/h3><\/summary>\n<p>A d\u00edszf\u00fcvek nagyszer\u0171ek, ha szeretn\u00e9d, hogy a kert egyar\u00e1nt legyen priv\u00e1t \u00e9s l\u00e1tv\u00e1nyos. Term\u00e9szetes z\u00f6ld falat alkotnak, amely eltakar a k\u00edv\u00e1ncsi tekintetek el\u0151l, k\u00f6zben pedig az udvarnak mozg\u00e1st \u00e9s text\u00far\u00e1t is adnak. Ha csoportosan vagy a kert sz\u00e9l\u00e9re \u00fclteted \u0151ket, egyszerre lesz szepar\u00e1lt \u00e9s mutat\u00f3s a szabadt\u00e9ri r\u00e9szed.<\/p>\n<p><strong>Az egyik f\u0151 el\u0151ny\u00fck, hogy kev\u00e9s gondoz\u00e1st ig\u00e9nyelnek.<\/strong> Sokf\u00e9le k\u00f6r\u00fclm\u00e9nyt elviselnek, ez\u00e9rt b\u00e1rmilyen kertbe j\u00f3l illenek. Magasba n\u0151nek \u00e9s s\u0171r\u0171k, ez\u00e9rt eg\u00e9sz \u00e9vben v\u00e9denek \u00e9s mindig \u00e9rdekes az \u00f6sszhat\u00e1suk.<\/p>\n<p><strong>Ezek a f\u00fcvek k\u00fcl\u00f6nleges form\u00e1jukkal \u00e9s sz\u00edn\u00fckkel is feldobj\u00e1k a kertet<\/strong>, \u00edgy olyan hangulatos o\u00e1zist teremthetsz, ahol j\u00f3 pihenni \u00e9s felt\u00f6lt\u0151dni. Ha be\u00e9p\u00edted \u0151ket a kertedbe, egyszerre lesz v\u00e9dett \u00e9s bar\u00e1ts\u00e1gos a k\u00fclt\u00e9ri tered.<\/p>\n<\/details>\n","protected":false},"excerpt":{"rendered":"<p>Egy saj\u00e1t, elvonul\u00f3s kis zug kialak\u00edt\u00e1sa a kertedben nem kell, hogy bonyolult vagy dr\u00e1ga legyen. Ha alaposan \u00e1tgondolod, \u00e9s kreat\u00edv megold\u00e1sokat haszn\u00e1lsz, k\u00f6nnyen \u00e1tvar\u00e1zsolhatod a k\u00fclt\u00e9ri teredet egy olyan mened\u00e9kk\u00e9, ahol nem l\u00e1tnak be a szomsz\u00e9dok, r\u00e1ad\u00e1sul a kerted is csak szebb lesz t\u0151le. A klasszikus fa ker\u00edt\u00e9sekt\u0151l \u00e9s term\u00e9szetes n\u00f6v\u00e9nyfalakt\u00f3l kezdve az \u00f6tletes megold\u00e1sokig, mint p\u00e9ld\u00e1ul a bambusz parav\u00e1nok&hellip;<\/p>\n","protected":false},"author":12,"featured_media":1438,"comment_status":"closed","ping_status":"closed","sticky":false,"template":"","format":"standard","meta":{"rank_math_focus_keyword":"udvar mag\u00e1nszf\u00e9ra \u00f6tletek szomsz\u00e9dokt\u00f3l","rank_math_title":"Legjobb Udvar Mag\u00e1nszf\u00e9ra \u00d6tletek Szomsz\u00e9dokt\u00f3l egy Elz\u00e1rt K\u00fclt\u00e9ri T\u00e9r\u00e9rt","rank_math_description":"Fedezd fel a hat\u00e9kony udvarfed\u00e9s \u00f6tleteket, amelyekkel t\u00e1vol tarthatod a k\u00edv\u00e1ncsi szomsz\u00e9dokat, \u00e9s eldugott k\u00fcls\u0151 mened\u00e9ket teremthetsz a kertedben.","footnotes":""},"categories":[124],"tags":[],"class_list":["post-1446","post","type-post","status-publish","format-standard","has-post-thumbnail","hentry","category-kert"],"g_custom_schema_json":"<script type=\"application\/ld+json\">\r\n{\r\n  \"@context\": \"https:\/\/schema.org\",\r\n  \"@type\": \"FAQPage\",\r\n  \"mainEntity\": [\r\n    {\r\n      \"@type\": \"Question\",\r\n      \"name\": \"Milyen hat\u00e9kony \u00f6tletek vannak a kerted elrejt\u00e9s\u00e9re?\",\r\n      \"acceptedAnswer\": {\r\n        \"@type\": \"Answer\",\r\n        \"text\": \"Egy igaz\u00e1n elvonul\u00f3s, priv\u00e1t kert kialak\u00edt\u00e1sa rengeteg \u00f6r\u00f6met adhat, \u00e9s n\u00e9h\u00e1ny \u00e1tgondolt megold\u00e1ssal k\u00f6nnyed\u00e9n el\u00e9rhet\u0151. Kezdheted ker\u00edt\u00e9ssel, pergol\u00e1val vagy kis falakkal \u2013 ezek azonnal v\u00e9dettebb\u00e9 teszik a kerted, \u00e9s hat\u00e1rozottan kijel\u00f6lik a ter\u00fcletet. Fa ker\u00edt\u00e9sek az\u00e9rt is n\u00e9pszer\u0171ek, mert j\u00f3l szabhat\u00f3 a magass\u00e1guk, st\u00edlusuk, \u00edgy igaz\u00edthatod az elk\u00e9pzel\u00e9sedhez, mik\u00f6zben a helyi szab\u00e1lyokat is betartod.\"\r\n      }\r\n    },\r\n    {\r\n      \"@type\": \"Question\",\r\n      \"name\": \"Mik a legn\u00e9pszer\u0171bb k\u00fclt\u00e9ri takar\u00e1si megold\u00e1sok?\",\r\n      \"acceptedAnswer\": {\r\n        \"@type\": \"Answer\",\r\n        \"text\": \"Sokf\u00e9le lehet\u0151s\u00e9g van, ha szeretn\u00e9d elrejteni a kerted egyes r\u00e9szeit. Ker\u00edt\u00e9sek \u2013 k\u00e9sz\u00fclhetnek f\u00e1b\u00f3l vagy f\u00e9mb\u0151l is, ezek hat\u00e9konyan takarj\u00e1k el a kerted a k\u00edv\u00e1ncsiak el\u0151l. S\u00f6v\u00e9nyek \u00e9s f\u00e1k \u2013 ezek term\u00e9szetes akad\u00e1lyt k\u00e9peznek, mik\u00f6zben sz\u00e9pp\u00e9 teszik a kertet.\"\r\n      }\r\n    },\r\n    {\r\n      \"@type\": \"Question\",\r\n      \"name\": \"Hogyan tudod elz\u00e1rni a kil\u00e1t\u00e1st a szomsz\u00e9dod el\u0151l?\",\r\n      \"acceptedAnswer\": {\r\n        \"@type\": \"Answer\",\r\n        \"text\": \"Ha t\u00e9nyleg szeretn\u00e9d elrejteni a kerted, \u00e9rdemes vegy\u00edteni er\u0151sebb \u00e9p\u00edtett \u00e9s term\u00e9szetes, n\u00f6v\u00e9nyes megold\u00e1sokat. A magas ker\u00edt\u00e9s a legegyszer\u0171bb, hiszen r\u00f6gt\u00f6n eltakarja a k\u00edv\u00e1ncsi szemp\u00e1rokat, ha a telekhat\u00e1ron \u00e9p\u00edted. T\u00f6m\u00f6tt s\u00f6v\u00e9ny vagy f\u00e1k, mint p\u00e9ld\u00e1ul az \u00f6r\u00f6kz\u00f6ld tuja vagy a Leyland-ciprus, term\u00e9szetes falat alkotnak.\"\r\n      }\r\n    },\r\n    {\r\n      \"@type\": \"Question\",\r\n      \"name\": \"Hogyan k\u00e9sz\u00edthetsz magad kertben priv\u00e1t zugot?\",\r\n      \"acceptedAnswer\": {\r\n        \"@type\": \"Answer\",\r\n        \"text\": \"Egy elvonul\u00f3s kertet k\u00f6nnyebben megteremthetsz, mint gondoln\u00e1d \u2013 csak n\u00e9h\u00e1ny j\u00f3l megv\u00e1lasztott n\u00f6v\u00e9ny kell hozz\u00e1. Magas bokrok, f\u00e1k vagy s\u00f6v\u00e9nyek term\u00e9szetes falk\u00e9nt szolg\u00e1lnak, r\u00e1ad\u00e1sul d\u00edsz\u00edtik is a kertet. Ha gyors v\u00e1ltoz\u00e1st szeretn\u00e9l, \u00fcltess p\u00e9ld\u00e1ul bambuszt vagy \u00f6r\u00f6kz\u00f6ldet.\"\r\n      }\r\n    },\r\n    {\r\n      \"@type\": \"Question\",\r\n      \"name\": \"\u00c9rdemes-e ker\u00edt\u00e9st \u00e9p\u00edteni?\",\r\n      \"acceptedAnswer\": {\r\n        \"@type\": \"Answer\",\r\n        \"text\": \"Egy ker\u00edt\u00e9s jelent\u0151sen n\u00f6veli a kert v\u00e9detts\u00e9g\u00e9t \u00e9s biztons\u00e1g\u00e1t. Ha magasabb ker\u00edt\u00e9st v\u00e1lasztasz, k\u00f6nnyen elrejtheted a kerted a szomsz\u00e9dok el\u0151l, \u00e9s igazi nyugodt szigetet teremthetsz. Miel\u0151tt belev\u00e1gsz, mindig n\u00e9zd meg a helyi szab\u00e1lyokat is.\"\r\n      }\r\n    },\r\n    {\r\n      \"@type\": \"Question\",\r\n      \"name\": \"Milyen kreat\u00edv ker\u00edt\u00e9s\u00f6tletek l\u00e9teznek a priv\u00e1t kerthez?\",\r\n      \"acceptedAnswer\": {\r\n        \"@type\": \"Answer\",\r\n        \"text\": \"Egy kreat\u00edvan kialak\u00edtott ker\u00edt\u00e9ssel egyszerre lehetsz elb\u00fajva \u00e9s st\u00edlusos is odakint. Pr\u00f3b\u00e1ld ki p\u00e9ld\u00e1ul a r\u00e1csra futtatott n\u00f6v\u00e9nyeket, bambuszker\u00edt\u00e9st vagy d\u00edszr\u00e1csot a ker\u00edt\u00e9s tetej\u00e9re. Magasra n\u0151tt bokrok vagy f\u00e1k a megl\u00e9v\u0151 ker\u00edt\u00e9s mell\u00e9 term\u00e9szetes m\u00f3don z\u00e1rj\u00e1k el a kil\u00e1t\u00e1st.\"\r\n      }\r\n    },\r\n    {\r\n      \"@type\": \"Question\",\r\n      \"name\": \"Milyen a klasszikus ker\u00edt\u00e9s?\",\r\n      \"acceptedAnswer\": {\r\n        \"@type\": \"Answer\",\r\n        \"text\": \"Egy klasszikus ker\u00edt\u00e9s id\u0151tlen alapdarab, k\u00f6nnyen beleolvad b\u00e1rmilyen k\u00f6rnyezetbe. Leggyakrabban f\u00e1b\u00f3l vagy f\u00e9mb\u0151l k\u00e9sz\u00fcl, k\u00fcl\u00f6nb\u00f6z\u0151 magass\u00e1gban \u00e9s st\u00edlusban kaphat\u00f3, hogy illeszkedjen a h\u00e1zhoz. Ha p\u00e9ld\u00e1ul v\u00f6r\u00f6s c\u00e9drusb\u00f3l k\u00e9sz\u00fclt, akkor nagyon tart\u00f3s.\"\r\n      }\r\n    },\r\n    {\r\n      \"@type\": \"Question\",\r\n      \"name\": \"Mennyire v\u00e9d a faker\u00edt\u00e9s a bel\u00e1t\u00e1s ellen?\",\r\n      \"acceptedAnswer\": {\r\n        \"@type\": \"Answer\",\r\n        \"text\": \"A faker\u00edt\u00e9s kiv\u00e1l\u00f3 v\u00e1laszt\u00e1s, ha szeretn\u00e9d elrejteni a kerted \u2013 f\u0151leg, ha el\u00e9g magas \u00e9s j\u00f3l \u00f6ssze van rakva. Egy massz\u00edv 180cm-es ker\u00edt\u00e9s m\u00e1r j\u00f3l eltakar a k\u00edv\u00e1ncsi szomsz\u00e9dok el\u0151l, \u00edgy nyugodt \u201cbubor\u00e9kot\u201c kapsz a saj\u00e1t udvarodban. Ha m\u00e9g jobban n\u00f6veln\u00e9d a magass\u00e1got, szerelj a tetej\u00e9re r\u00e1csot vagy futtass r\u00e1 k\u00fasz\u00f3n\u00f6v\u00e9nyeket.\"\r\n      }\r\n    },\r\n    {\r\n      \"@type\": \"Question\",\r\n      \"name\": \"Mi\u00e9rt j\u00f3 d\u00f6nt\u00e9s a c\u00e9drus ker\u00edt\u00e9s?\",\r\n      \"acceptedAnswer\": {\r\n        \"@type\": \"Answer\",\r\n        \"text\": \"A c\u00e9drus ker\u00edt\u00e9s nagyon kedvelt megold\u00e1s, ha rejtett, m\u00e9gis tart\u00f3s kertet szeretn\u00e9l. A c\u00e9drusfa term\u00e9szetes m\u00f3don ellen\u00e1ll a rothad\u00e1snak \u00e9s a k\u00e1rtev\u0151knek, emiatt sokkal tov\u00e1bb tart \u00e9s kevesebbet kell gondozni mint m\u00e1s faanyagokat. Tart\u00f3s, egyedi illata \u00e9s sz\u00e9p sz\u00edne miatt j\u00f3 r\u00e1n\u00e9zni.\"\r\n      }\r\n    },\r\n    {\r\n      \"@type\": \"Question\",\r\n      \"name\": \"Mennyire j\u00f3 bambuszker\u00edt\u00e9st haszn\u00e1lni takar\u00e1sra?\",\r\n      \"acceptedAnswer\": {\r\n        \"@type\": \"Answer\",\r\n        \"text\": \"A bambuszker\u00edt\u00e9s kit\u0171n\u0151 megold\u00e1s, ha gyorsan \u00e9s l\u00e1tv\u00e1nyosan szeretn\u00e9l priv\u00e1t kertet kialak\u00edtani \u2013 k\u00f6nny\u0171 ugyan, de el\u00e9g tart\u00f3s. Gyorsan fel\u00e1ll\u00edthat\u00f3, \u00e9s r\u00f6gt\u00f6n term\u00e9szetes \u201cfalat\u201d ad, amin\u00e9l m\u00e1ris jobban el tudsz b\u00fajni. L\u00e1tv\u00e1nyos, egzotikus hangulatot ad a kertnek.\"\r\n      }\r\n    },\r\n    {\r\n      \"@type\": \"Question\",\r\n      \"name\": \"Mit\u0151l j\u00f3 egy bambusz parav\u00e1n?\",\r\n      \"acceptedAnswer\": {\r\n        \"@type\": \"Answer\",\r\n        \"text\": \"Egy bambusz parav\u00e1n k\u00f6nnyen elrejti a kerted, \u00edgy a szomsz\u00e9dok nem l\u00e1tnak be, mik\u00f6zben igazi z\u00f6ld hangulatot teremt. Gyors n\u00f6veked\u00e9se \u00e9s magass\u00e1ga miatt k\u00fcl\u00f6n\u00f6sen alkalmas, hogy ak\u00e1r \u00f6n\u00e1ll\u00f3an, ak\u00e1r ker\u00edt\u00e9sre szerelve gyorsan s\u0171r\u0171 takar\u00e1st adjon. S\u0171r\u0171 sz\u00e1lai \u00e9s kiemelked\u0151 magass\u00e1ga t\u00e9nyleg j\u00f3l elz\u00e1rj\u00e1k a kil\u00e1t\u00e1st.\"\r\n      }\r\n    },\r\n    {\r\n      \"@type\": \"Question\",\r\n      \"name\": \"Mire j\u00f3 a hegyi bambusz a kert takar\u00e1s\u00e1ban?\",\r\n      \"acceptedAnswer\": {\r\n        \"@type\": \"Answer\",\r\n        \"text\": \"A hegyi bambusz remek v\u00e1laszt\u00e1s, ha rejtettebb\u00e9 tenn\u00e9d a kerted. Gyors n\u00f6veked\u00e9se \u00e9s s\u0171r\u0171 lombozata miatt kiv\u00e1l\u00f3an elfedi a kerted a k\u00edv\u00e1ncsi szomsz\u00e9dok el\u0151l. K\u00f6nnyen igaz\u00edthatod b\u00e1rmilyen kertst\u00edlushoz.\"\r\n      }\r\n    }\r\n  ]\r\n}\r\n<\/script>\r\n<script type=\"application\/ld+json\">\r\n{\r\n  \"@context\": \"https:\/\/schema.org\",\r\n  \"@type\": \"HowTo\",\r\n  \"name\": \"Hogyan alak\u00edts ki priv\u00e1t zugot a kertedben?\",\r\n  \"description\": \"Tippek \u00e9s l\u00e9p\u00e9sek, hogyan teremts meghitt, elvonul\u00f3s sarkot a kertedben term\u00e9szetes \u00e9s kreat\u00edv megold\u00e1sokkal.\",\r\n  \"image\": [\r\n    \"https:\/\/doubletakedecor.com\/uploads\/2025\/07\/backyard-privacy-ideas-from-neighbors-dtd-01.jpg\",\r\n    \"https:\/\/doubletakedecor.com\/uploads\/2025\/07\/backyard-privacy-ideas-from-neighbors-dtd-04.jpg\",\r\n    \"https:\/\/doubletakedecor.com\/uploads\/2025\/07\/backyard-privacy-ideas-from-neighbors-dtd-12.jpg\"\r\n  ],\r\n  \"totalTime\": \"PT2H\",\r\n  \"supply\": [\r\n    {\r\n      \"@type\": \"HowToSupply\",\r\n      \"name\": \"Fa\u00e1gak, bambuszrudak vagy ker\u00edt\u00e9selemek\"\r\n    },\r\n    {\r\n      \"@type\": \"HowToSupply\",\r\n      \"name\": \"K\u00fcl\u00f6nb\u00f6z\u0151 magass\u00e1g\u00fa cserepes n\u00f6v\u00e9nyek\"\r\n    },\r\n    {\r\n      \"@type\": \"HowToSupply\",\r\n      \"name\": \"F\u00fcgg\u00f6ny, \u00e1rny\u00e9kol\u00f3 vagy parav\u00e1n\"\r\n    },\r\n    {\r\n      \"@type\": \"HowToSupply\",\r\n      \"name\": \"Vir\u00e1gtart\u00f3k, kasp\u00f3k\"\r\n    },\r\n    {\r\n      \"@type\": \"HowToSupply\",\r\n      \"name\": \"K\u00fclt\u00e9ri \u00fcl\u0151b\u00fatorok\"\r\n    }\r\n  ],\r\n  \"tool\": [\r\n    {\r\n      \"@type\": \"HowToTool\",\r\n      \"name\": \"Kalap\u00e1cs\"\r\n    },\r\n    {\r\n      \"@type\": \"HowToTool\",\r\n      \"name\": \"Csavarh\u00faz\u00f3\"\r\n    },\r\n    {\r\n      \"@type\": \"HowToTool\",\r\n      \"name\": \"Metsz\u0151oll\u00f3\"\r\n    }\r\n  ],\r\n  \"step\": [\r\n    {\r\n      \"@type\": \"HowToStep\",\r\n      \"name\": \"V\u00e1laszd ki a ter\u00fcletet\",\r\n      \"text\": \"Jel\u00f6ld ki a kertben azt a sarkot, ahol meghitt zugot szeretn\u00e9l kialak\u00edtani. Figyelj arra, hogy ne legyen k\u00f6zvetlen\u00fcl a szomsz\u00e9dok kil\u00e1t\u00e1s\u00e1ban.\",\r\n      \"image\": \"https:\/\/doubletakedecor.com\/uploads\/2025\/07\/backyard-privacy-ideas-from-neighbors-dtd-01.jpg\"\r\n    },\r\n    {\r\n      \"@type\": \"HowToStep\",\r\n      \"name\": \"\u00c9p\u00edts term\u00e9szetes hat\u00e1rol\u00f3t\",\r\n      \"text\": \"Haszn\u00e1lj fa\u00e1gakat, bambuszt vagy k\u00e9sz ker\u00edt\u00e9selemet, hogy vizu\u00e1lis v\u00e9delmet adj a ter\u00fcletnek. Futtass r\u00e1 fut\u00f3n\u00f6v\u00e9nyeket, vagy akassz fel vir\u00e1gtart\u00f3kat.\",\r\n      \"image\": \"https:\/\/doubletakedecor.com\/uploads\/2025\/07\/backyard-privacy-ideas-from-neighbors-dtd-12.jpg\"\r\n    },\r\n    {\r\n      \"@type\": \"HowToStep\",\r\n      \"name\": \"Tegy\u00e9l ki n\u00f6v\u00e9nyeket\",\r\n      \"text\": \"\u00dcltess magasabb, s\u0171r\u0171 bokrokat, \u00f6r\u00f6kz\u00f6ldeket vagy gyorsan n\u00f6v\u0151 d\u00edszf\u00fcveket a hat\u00e1rol\u00f3 mell\u00e9. Haszn\u00e1lj nagyobb kasp\u00f3kat is, hogy r\u00e9tegezd a takar\u00e1st.\",\r\n      \"image\": \"https:\/\/doubletakedecor.com\/uploads\/2025\/07\/backyard-privacy-ideas-from-neighbors-dtd-04.jpg\"\r\n    },\r\n    {\r\n      \"@type\": \"HowToStep\",\r\n      \"name\": \"Alak\u00edtsd ki a k\u00e9nyelmes \u00fcl\u0151helyet\",\r\n      \"text\": \"Helyezz el k\u00fclt\u00e9ri b\u00fatorokat, p\u00e9ld\u00e1ul kanap\u00e9t vagy fotelt. Haszn\u00e1lj puha p\u00e1rn\u00e1kat, \u00e9s ha kell, \u00e1rny\u00e9kot ad\u00f3 napvitorl\u00e1t vagy f\u00fcgg\u00f6nyt is.\",\r\n      \"image\": \"https:\/\/doubletakedecor.com\/uploads\/2025\/07\/backyard-privacy-ideas-from-neighbors-dtd-04.jpg\"\r\n    },\r\n    {\r\n      \"@type\": \"HowToStep\",\r\n      \"name\": \"D\u00edsz\u00edts hangulatf\u00e9nnyel\",\r\n      \"text\": \"H\u00fazz f\u00e9nyf\u00fcz\u00e9rt vagy helyezz el lampionokat a priv\u00e1t zugod k\u00f6r\u00fcl. Ez este is meghitt hangulatot ad.\",\r\n      \"image\": \"https:\/\/doubletakedecor.com\/uploads\/2025\/07\/backyard-privacy-ideas-from-neighbors-dtd-04.jpg\"\r\n    }\r\n  ]\r\n}\r\n<\/script>","_links":{"self":[{"href":"https:\/\/doubletakedecor.com\/hu\/wp-json\/wp\/v2\/posts\/1446","targetHints":{"allow":["GET"]}}],"collection":[{"href":"https:\/\/doubletakedecor.com\/hu\/wp-json\/wp\/v2\/posts"}],"about":[{"href":"https:\/\/doubletakedecor.com\/hu\/wp-json\/wp\/v2\/types\/post"}],"author":[{"embeddable":true,"href":"https:\/\/doubletakedecor.com\/hu\/wp-json\/wp\/v2\/users\/12"}],"replies":[{"embeddable":true,"href":"https:\/\/doubletakedecor.com\/hu\/wp-json\/wp\/v2\/comments?post=1446"}],"version-history":[{"count":4,"href":"https:\/\/doubletakedecor.com\/hu\/wp-json\/wp\/v2\/posts\/1446\/revisions"}],"predecessor-version":[{"id":2009,"href":"https:\/\/doubletakedecor.com\/hu\/wp-json\/wp\/v2\/posts\/1446\/revisions\/2009"}],"wp:featuredmedia":[{"embeddable":true,"href":"https:\/\/doubletakedecor.com\/hu\/wp-json\/wp\/v2\/media\/1438"}],"wp:attachment":[{"href":"https:\/\/doubletakedecor.com\/hu\/wp-json\/wp\/v2\/media?parent=1446"}],"wp:term":[{"taxonomy":"category","embeddable":true,"href":"https:\/\/doubletakedecor.com\/hu\/wp-json\/wp\/v2\/categories?post=1446"},{"taxonomy":"post_tag","embeddable":true,"href":"https:\/\/doubletakedecor.com\/hu\/wp-json\/wp\/v2\/tags?post=1446"}],"curies":[{"name":"wp","href":"https:\/\/api.w.org\/{rel}","templated":true}]}}