{"id":1990,"date":"2025-07-18T22:30:57","date_gmt":"2025-07-18T20:30:57","guid":{"rendered":"https:\/\/doubletakedecor.com\/kulteri-dekoraciok\/postalada-tajrendezes\/"},"modified":"2025-07-18T22:55:52","modified_gmt":"2025-07-18T20:55:52","slug":"postalada-tajrendezes","status":"publish","type":"post","link":"https:\/\/doubletakedecor.com\/hu\/kulteri-dekoraciok\/postalada-tajrendezes\/","title":{"rendered":"N\u00f6veld otthonod utcai megjelen\u00e9s\u00e9t leny\u0171g\u00f6z\u0151 postal\u00e1da kert\u00e9szeti \u00f6tletekkel"},"content":{"rendered":"<p>Dobd fel otthonod els\u0151 benyom\u00e1s\u00e1t a postal\u00e1da k\u00f6rny\u00e9k\u00e9nek dekor\u00e1ci\u00f3j\u00e1val! Ez az egyszer\u0171, de hat\u00e1sos \u00f6tlet seg\u00edt abban, hogy m\u00e1r a j\u00e1rda mell\u0151l is vonz\u00f3v\u00e1 tedd h\u00e1zadat. Ha a postal\u00e1d\u00e1dat k\u00f6r\u00fclveszed sz\u00e9pen megv\u00e1lasztott n\u00f6v\u00e9nyekkel, d\u00edsz\u00edt\u0151 elemekkel \u00e9s egy-k\u00e9t \u00f6tletes megold\u00e1ssal, a mindennapi haszn\u00e1lati t\u00e1rgyb\u00f3l is var\u00e1zslatos l\u00e1tv\u00e1nyoss\u00e1got alak\u00edthatsz ki, ami sz\u00edvesen fogadja a vend\u00e9geket \u00e9s a j\u00e1r\u00f3kel\u0151ket is.<\/p>\n<p>A postal\u00e1da k\u00f6rny\u00e9k\u00e9t d\u00edsz\u00edtheted \u00e9l\u00e9nk vir\u00e1gokkal, mint p\u00e9ld\u00e1ul cink\u00e9k vagy seprenc\u00e9k, de ak\u00e1r praktikus elemekkel is, mint d\u00edszkavicsok vagy napelemes l\u00e1mp\u00e1k. A postal\u00e1da kertben t\u00e9nyleg nincs hat\u00e1r a szem\u00e9lyre szab\u00e1sban! V\u00e1laszthatsz kev\u00e9s t\u00f6r\u0151d\u00e9st ig\u00e9nyl\u0151, sz\u00e1razs\u00e1gt\u0171r\u0151 n\u00f6v\u00e9nyeket, p\u00e9ld\u00e1ul varj\u00fah\u00e1jat, vagy ak\u00e1r olyan vir\u00e1gokat, amik \u00e9vszakonk\u00e9nt v\u00e1ltozatos sz\u00ednekben pomp\u00e1znak.<\/p>\n<p>Saj\u00e1t postal\u00e1da kerted kialak\u00edt\u00e1s\u00e1hoz nem kell profi kert\u00e9sznek lenned. N\u00e9h\u00e1ny alapvet\u0151 tervez\u00e9ssel \u2013 p\u00e9ld\u00e1ul hogy mennyi napf\u00e9nyt kap a ter\u00fclet, milyen n\u00f6v\u00e9nyek val\u00f3k oda, \u00e9s milyen d\u00edsz\u00edt\u0151 elemek illenek hozz\u00e1 \u2013 m\u00e1ris megtervezheted a saj\u00e1t st\u00edlusodhoz ill\u0151, a h\u00e1z k\u00fcls\u0151 megjelen\u00e9s\u00e9t kiemel\u0151 sarkot. Bord\u0171rk\u00f6vek, kasp\u00f3k vagy egyedi kieg\u00e9sz\u00edt\u0151k seg\u00edts\u00e9g\u00e9vel k\u00f6nnyebb lesz a gondoz\u00e1s is \u2013 \u00e9s m\u00e9g l\u00e1tv\u00e1nyosabb\u00e1 v\u00e1lik a postal\u00e1d\u00e1d k\u00f6rny\u00e9ke.<\/p>\n<div class=\"kt_block\" id=\"kt_id\">\n<span class=\"kt_headline\">L\u00e9nyeges tudnival\u00f3k<\/span><\/p>\n<ul class=\"kt_post_list\">\n<li><strong>\ud83c\udf3a Dobd fel a l\u00e1tv\u00e1nyt:<\/strong> Alak\u00edtsd \u00e1t postal\u00e1d\u00e1dat igazi l\u00e1tv\u00e1nyoss\u00e1gg\u00e1 \u00e9l\u00e9nk n\u00f6v\u00e9nyekkel, d\u00edszk\u00f6vekkel \u00e9s kreat\u00edv \u00f6tletekkel\u2014\u00edgy pillanatok alatt szebb lesz az otthonod el\u0151kertje.<\/li>\n<li><strong>\ud83c\udf1e V\u00e1ltozatos n\u00f6v\u00e9nyv\u00e1laszt\u00e9k:<\/strong> Ha egyszer\u0171bb \u00e1pol\u00e1st szeretn\u00e9l, \u00fcltess sz\u00edv\u00f3s varj\u00fah\u00e1jat, vagy v\u00e1lassz szezon\u00e1lis vir\u00e1gokat, mint a cink\u00e9k \u00e9s seprenc\u00e9k, hogy postal\u00e1dakerted mindig hozz\u00e1d \u00e9s az id\u0151j\u00e1r\u00e1shoz igazodhasson.<\/li>\n<li><strong>\ud83d\udee0 Egyszer\u0171 bark\u00e1csol\u00e1s:<\/strong> A postal\u00e1da kert meg\u00e1lmod\u00e1sa mindenki sz\u00e1m\u00e1ra el\u00e9rhet\u0151! El\u00e9g n\u00e9mi alapvet\u0151 tervez\u00e9s a napf\u00e9ny, a n\u00f6v\u00e9nyek \u00e9s d\u00edsz\u00edt\u0151 elemek kiv\u00e1laszt\u00e1s\u00e1val\u2014\u00edgy t\u00fckr\u00f6zheti a sarkod a Te st\u00edlusodat.<\/li>\n<li><strong>\ud83d\udca1 Hangulatos vil\u00e1g\u00edt\u00e1s:<\/strong> Dobj fel postal\u00e1d\u00e1d k\u00f6rny\u00e9k\u00e9t napelemes vil\u00e1g\u00edt\u00e1ssal vagy st\u00edlusos l\u00e1mp\u00e1sokkal! Ezek nemcsak praktikusak, hanem eleg\u00e1nsabb\u00e1 is teszik az otthonod bej\u00e1rat\u00e1t.<\/li>\n<\/ul>\n<\/div>\n<h2>K\u00f6r alak\u00fa k\u0151szeg\u00e9ly kialak\u00edt\u00e1sa a postal\u00e1da vir\u00e1g\u00e1gy\u00e1s k\u00f6r\u00fcl<\/h2>\n<p><img loading=\"lazy\" decoding=\"async\" width=\"700\" height=\"1050\" alt=\"Hangulatos, rusztikus postal\u00e1da, fa vir\u00e1gtart\u00f3ban piros vir\u00e1gokkal, k\u0151szeg\u00e9lyes, k\u00f6r alak\u00fa, sz\u00ednes vir\u00e1g\u00e1gy\u00e1ssal k\u00f6r\u00fclv\u00e9ve.\" class=\"aligncenter size-full wp-image-1637\" src=\"https:\/\/doubletakedecor.com\/uploads\/2025\/07\/mailbox-landscaping-dtd-01-1.jpg\" srcset=\"https:\/\/doubletakedecor.com\/uploads\/2025\/07\/mailbox-landscaping-dtd-01-1.jpg 700w, https:\/\/doubletakedecor.com\/uploads\/2025\/07\/mailbox-landscaping-dtd-01-1-200x300.jpg 200w, https:\/\/doubletakedecor.com\/uploads\/2025\/07\/mailbox-landscaping-dtd-01-1-683x1024.jpg 683w, https:\/\/doubletakedecor.com\/uploads\/2025\/07\/mailbox-landscaping-dtd-01-1-96x144.jpg 96w, https:\/\/doubletakedecor.com\/uploads\/2025\/07\/mailbox-landscaping-dtd-01-1-280x420.jpg 280w, https:\/\/doubletakedecor.com\/uploads\/2025\/07\/mailbox-landscaping-dtd-01-1-320x480.jpg 320w, https:\/\/doubletakedecor.com\/uploads\/2025\/07\/mailbox-landscaping-dtd-01-1-360x540.jpg 360w, https:\/\/doubletakedecor.com\/uploads\/2025\/07\/mailbox-landscaping-dtd-01-1-363x545.jpg 363w, https:\/\/doubletakedecor.com\/uploads\/2025\/07\/mailbox-landscaping-dtd-01-1-370x555.jpg 370w, https:\/\/doubletakedecor.com\/uploads\/2025\/07\/mailbox-landscaping-dtd-01-1-400x600.jpg 400w, https:\/\/doubletakedecor.com\/uploads\/2025\/07\/mailbox-landscaping-dtd-01-1-560x840.jpg 560w, https:\/\/doubletakedecor.com\/uploads\/2025\/07\/mailbox-landscaping-dtd-01-1-480x720.jpg 480w\" sizes=\"auto, (max-width: 700px) 100vw, 700px\" \/><\/p>\n<p>Emeld ki postal\u00e1d\u00e1dat egy k\u00f6r alak\u00fa k\u0151szeg\u00e9llyel, ami egyszerre ad tart\u00e1st \u00e9s eleganci\u00e1t a kertnek! Keretezd le a vir\u00e1g\u00e1gy\u00e1st term\u00e9sk\u00f6vekkel, ezut\u00e1n \u00fcltesd be \u00e9l\u00e9nk sz\u00edn\u0171, l\u00e1tv\u00e1nyos vir\u00e1gokkal \u00e9s d\u00edszf\u0171vekkel. Az ilyen profi megold\u00e1s egyszerre mutat\u00f3s, \u00e9s seg\u00edt rendben tartani a n\u00f6v\u00e9nyeket. Legjobb, ha kev\u00e9s gondoz\u00e1st ig\u00e9nyl\u0151, eg\u00e9sz \u00e9vben mutat\u00f3s \u00e9vel\u0151 vir\u00e1gokat v\u00e1lasztasz.<\/p>\n<h2>Vir\u00e1gz\u00f3, f\u00fcgg\u0151leges kert a postal\u00e1da k\u00f6r\u00fcl<\/h2>\n<p><img loading=\"lazy\" decoding=\"async\" width=\"700\" height=\"1049\" alt=\"Klasszikus postal\u00e1da, oldal\u00e1n leoml\u00f3 r\u00f3zsasz\u00edn, feh\u00e9r, narancs \u00e9s lila vir\u00e1gok, alatt mulccsal \u00e9s \u00fcde f\u0171vel rendezve.\" class=\"aligncenter size-full wp-image-1643\" src=\"https:\/\/doubletakedecor.com\/uploads\/2025\/07\/mailbox-landscaping-dtd-02-1.jpg\" srcset=\"https:\/\/doubletakedecor.com\/uploads\/2025\/07\/mailbox-landscaping-dtd-02-1.jpg 700w, https:\/\/doubletakedecor.com\/uploads\/2025\/07\/mailbox-landscaping-dtd-02-1-200x300.jpg 200w, https:\/\/doubletakedecor.com\/uploads\/2025\/07\/mailbox-landscaping-dtd-02-1-683x1024.jpg 683w, https:\/\/doubletakedecor.com\/uploads\/2025\/07\/mailbox-landscaping-dtd-02-1-96x144.jpg 96w, https:\/\/doubletakedecor.com\/uploads\/2025\/07\/mailbox-landscaping-dtd-02-1-280x420.jpg 280w, https:\/\/doubletakedecor.com\/uploads\/2025\/07\/mailbox-landscaping-dtd-02-1-320x480.jpg 320w, https:\/\/doubletakedecor.com\/uploads\/2025\/07\/mailbox-landscaping-dtd-02-1-360x539.jpg 360w, https:\/\/doubletakedecor.com\/uploads\/2025\/07\/mailbox-landscaping-dtd-02-1-363x544.jpg 363w, https:\/\/doubletakedecor.com\/uploads\/2025\/07\/mailbox-landscaping-dtd-02-1-370x554.jpg 370w, https:\/\/doubletakedecor.com\/uploads\/2025\/07\/mailbox-landscaping-dtd-02-1-400x599.jpg 400w, https:\/\/doubletakedecor.com\/uploads\/2025\/07\/mailbox-landscaping-dtd-02-1-560x839.jpg 560w, https:\/\/doubletakedecor.com\/uploads\/2025\/07\/mailbox-landscaping-dtd-02-1-480x719.jpg 480w\" sizes=\"auto, (max-width: 700px) 100vw, 700px\" \/><\/p>\n<p>Var\u00e1zsolj h\u00e9tk\u00f6znapi postal\u00e1d\u00e1db\u00f3l val\u00f3di d\u00edszt b\u0151ven lecs\u00fcng\u0151 vir\u00e1gokkal! \u00dcltess mell\u00e9 \u00e9l\u00e9nk sz\u00edn\u0171 zsurmok\u00e1t vagy pet\u00fani\u00e1t, lehet\u0151leg egym\u00e1shoz ill\u0151 \u00e1rnyalatokban. Egy friss, tiszta mulcs\u00e1gy\u00e1s sz\u00e9pen keretezi az eg\u00e9sz l\u00e1tv\u00e1nyt, \u00e9s kiemeli a sz\u00edneket. A f\u00fcgg\u0151leges kert tr\u00fckkje, hogy kis helyen is l\u00e1tv\u00e1nyos eredm\u00e9nyt hoz, r\u00e1ad\u00e1sul h\u00f3napokon \u00e1t gy\u00f6ny\u00f6rk\u00f6dhetsz benne.<\/p>\n<h2>Postal\u00e1da k\u0151oszlopon: vil\u00e1g\u00edt\u00f3 l\u00e1mp\u00e1ssal egyedi bej\u00e1ratot teremthetsz<\/h2>\n<p><img loading=\"lazy\" decoding=\"async\" width=\"700\" height=\"1049\" alt=\"Eleg\u00e1ns postal\u00e1da k\u0151oszlopon, d\u00edszes l\u00e1mp\u00e1ssal, arany sz\u00edn\u0171 h\u00e1zsz\u00e1mmal, \u00e1polt n\u00f6v\u00e9nyek k\u00f6zt.\" class=\"aligncenter size-full wp-image-1649\" src=\"https:\/\/doubletakedecor.com\/uploads\/2025\/07\/mailbox-landscaping-dtd-03-1.jpg\" srcset=\"https:\/\/doubletakedecor.com\/uploads\/2025\/07\/mailbox-landscaping-dtd-03-1.jpg 700w, https:\/\/doubletakedecor.com\/uploads\/2025\/07\/mailbox-landscaping-dtd-03-1-200x300.jpg 200w, https:\/\/doubletakedecor.com\/uploads\/2025\/07\/mailbox-landscaping-dtd-03-1-683x1024.jpg 683w, https:\/\/doubletakedecor.com\/uploads\/2025\/07\/mailbox-landscaping-dtd-03-1-96x144.jpg 96w, https:\/\/doubletakedecor.com\/uploads\/2025\/07\/mailbox-landscaping-dtd-03-1-280x420.jpg 280w, https:\/\/doubletakedecor.com\/uploads\/2025\/07\/mailbox-landscaping-dtd-03-1-320x480.jpg 320w, https:\/\/doubletakedecor.com\/uploads\/2025\/07\/mailbox-landscaping-dtd-03-1-360x539.jpg 360w, https:\/\/doubletakedecor.com\/uploads\/2025\/07\/mailbox-landscaping-dtd-03-1-363x544.jpg 363w, https:\/\/doubletakedecor.com\/uploads\/2025\/07\/mailbox-landscaping-dtd-03-1-370x554.jpg 370w, https:\/\/doubletakedecor.com\/uploads\/2025\/07\/mailbox-landscaping-dtd-03-1-400x599.jpg 400w, https:\/\/doubletakedecor.com\/uploads\/2025\/07\/mailbox-landscaping-dtd-03-1-560x839.jpg 560w, https:\/\/doubletakedecor.com\/uploads\/2025\/07\/mailbox-landscaping-dtd-03-1-480x719.jpg 480w\" sizes=\"auto, (max-width: 700px) 100vw, 700px\" \/><\/p>\n<p>N\u00f6veld a bej\u00e1ratod vonzerej\u00e9t egy k\u0151oszlopos postal\u00e1d\u00e1val, tetej\u00e9n st\u00edlusos l\u00e1mp\u00e1val! V\u00e1lassz elt\u00e9r\u0151 m\u00e9ret\u0171 \u00e9s sz\u00edn\u0171 k\u00f6veket, hogy igaz\u00e1n otthonos, rusztikus hat\u00e1st \u00e9rj el. Egy klasszikus fekete \u00e9s arany postal\u00e1da mindig j\u00f3l l\u00e1that\u00f3. K\u00f6r\u00e9 \u00fcltess alacsony cserj\u00e9ket, hogy sz\u00e9p keretet adj a kompoz\u00edci\u00f3nak. Ez a praktikus megold\u00e1s \u00e9jszakai f\u00e9nyt biztos\u00edt, \u00e9s eleg\u00e1ns bej\u00e1ratot alak\u00edt ki.<\/p>\n<h2>Sz\u00ednes tulip\u00e1ncsokor vir\u00e1gtart\u00f3s postal\u00e1d\u00e1val<\/h2>\n<p><img loading=\"lazy\" decoding=\"async\" width=\"700\" height=\"1049\" alt=\"Klasszikus piros postal\u00e1da, rajta vir\u00e1gtart\u00f3 kasp\u00f3, k\u00f6r\u00fcl\u00f6tte sz\u00ednes tulip\u00e1nok, h\u00edvogat\u00f3 el\u0151kertet teremtve\" class=\"aligncenter size-full wp-image-1655\" src=\"https:\/\/doubletakedecor.com\/uploads\/2025\/07\/mailbox-landscaping-dtd-04-1.jpg\" srcset=\"https:\/\/doubletakedecor.com\/uploads\/2025\/07\/mailbox-landscaping-dtd-04-1.jpg 700w, https:\/\/doubletakedecor.com\/uploads\/2025\/07\/mailbox-landscaping-dtd-04-1-200x300.jpg 200w, https:\/\/doubletakedecor.com\/uploads\/2025\/07\/mailbox-landscaping-dtd-04-1-683x1024.jpg 683w, https:\/\/doubletakedecor.com\/uploads\/2025\/07\/mailbox-landscaping-dtd-04-1-96x144.jpg 96w, https:\/\/doubletakedecor.com\/uploads\/2025\/07\/mailbox-landscaping-dtd-04-1-280x420.jpg 280w, https:\/\/doubletakedecor.com\/uploads\/2025\/07\/mailbox-landscaping-dtd-04-1-320x480.jpg 320w, https:\/\/doubletakedecor.com\/uploads\/2025\/07\/mailbox-landscaping-dtd-04-1-360x539.jpg 360w, https:\/\/doubletakedecor.com\/uploads\/2025\/07\/mailbox-landscaping-dtd-04-1-363x544.jpg 363w, https:\/\/doubletakedecor.com\/uploads\/2025\/07\/mailbox-landscaping-dtd-04-1-370x554.jpg 370w, https:\/\/doubletakedecor.com\/uploads\/2025\/07\/mailbox-landscaping-dtd-04-1-400x599.jpg 400w, https:\/\/doubletakedecor.com\/uploads\/2025\/07\/mailbox-landscaping-dtd-04-1-560x839.jpg 560w, https:\/\/doubletakedecor.com\/uploads\/2025\/07\/mailbox-landscaping-dtd-04-1-480x719.jpg 480w\" sizes=\"auto, (max-width: 700px) 100vw, 700px\" \/><\/p>\n<p>\u00dcltess tavaszi, sz\u00ednes tulip\u00e1nokat a postal\u00e1d\u00e1d k\u00f6r\u00e9, hogy b\u00e1rmikor vid\u00e1m hangulat fogadja a csal\u00e1dot \u00e9s vend\u00e9geket! Fokozd a hat\u00e1st, ha ill\u0151 sz\u00edn\u0171 vir\u00e1gtart\u00f3t is r\u00f6gz\u00edtesz mag\u00e1ra a postal\u00e1d\u00e1ra. Tipp: V\u00e1lassz id\u0151j\u00e1r\u00e1s\u00e1ll\u00f3, er\u0151s kasp\u00f3kat, \u00e9s olyan vir\u00e1gokat, amelyek harmoniz\u00e1lnak a h\u00e1zad sz\u00edn\u00e9vel \u2013 \u00edgy lesz igaz\u00e1n sz\u00e9p \u00e9s egys\u00e9ges a bej\u00e1rat.<\/p>\n<h2>R\u00e1csos h\u00e1tt\u00e1ml\u00e1s postal\u00e1da: izgalmas diz\u00e1jn az el\u0151kertben<\/h2>\n<p><img loading=\"lazy\" decoding=\"async\" width=\"700\" height=\"1050\" alt=\"Eleg\u00e1ns fa postal\u00e1da\u00e1llv\u00e1ny d\u00edszes r\u00e1csos panellel \u00e9s fekete postal\u00e1d\u00e1val, alul \u00e9l\u00e9nk vir\u00e1g\u00e1gy\u00e1ssal.\" class=\"aligncenter size-full wp-image-1661\" src=\"https:\/\/doubletakedecor.com\/uploads\/2025\/07\/mailbox-landscaping-dtd-05-1.jpg\" srcset=\"https:\/\/doubletakedecor.com\/uploads\/2025\/07\/mailbox-landscaping-dtd-05-1.jpg 700w, https:\/\/doubletakedecor.com\/uploads\/2025\/07\/mailbox-landscaping-dtd-05-1-200x300.jpg 200w, https:\/\/doubletakedecor.com\/uploads\/2025\/07\/mailbox-landscaping-dtd-05-1-683x1024.jpg 683w, https:\/\/doubletakedecor.com\/uploads\/2025\/07\/mailbox-landscaping-dtd-05-1-96x144.jpg 96w, https:\/\/doubletakedecor.com\/uploads\/2025\/07\/mailbox-landscaping-dtd-05-1-280x420.jpg 280w, https:\/\/doubletakedecor.com\/uploads\/2025\/07\/mailbox-landscaping-dtd-05-1-320x480.jpg 320w, https:\/\/doubletakedecor.com\/uploads\/2025\/07\/mailbox-landscaping-dtd-05-1-360x540.jpg 360w, https:\/\/doubletakedecor.com\/uploads\/2025\/07\/mailbox-landscaping-dtd-05-1-363x545.jpg 363w, https:\/\/doubletakedecor.com\/uploads\/2025\/07\/mailbox-landscaping-dtd-05-1-370x555.jpg 370w, https:\/\/doubletakedecor.com\/uploads\/2025\/07\/mailbox-landscaping-dtd-05-1-400x600.jpg 400w, https:\/\/doubletakedecor.com\/uploads\/2025\/07\/mailbox-landscaping-dtd-05-1-560x840.jpg 560w, https:\/\/doubletakedecor.com\/uploads\/2025\/07\/mailbox-landscaping-dtd-05-1-480x720.jpg 480w\" sizes=\"auto, (max-width: 700px) 100vw, 700px\" \/><\/p>\n<p>Dobd fel a postal\u00e1d\u00e1dat egy faoszlopra szerelt, r\u00e1csos d\u00edszpanellel! A fekete postal\u00e1da \u00e9s a meleg fa\u00e1rnyalatok sz\u00e9p kontrasztot alkotnak, amit az alatta vir\u00edt\u00f3 tarka vir\u00e1gok m\u00e9g l\u00e1tv\u00e1nyosabb\u00e1 tesznek. Ez a diz\u00e1jn eszt\u00e9tikus \u00e9s praktikus egyszerre\u2014ide\u00e1lis, ha igaz\u00e1n st\u00edlusos els\u0151 benyom\u00e1st szeretn\u00e9l kelteni.<\/p>\n<h2>Klasszikus postal\u00e1da \u00e9s k\u0151kerti \u00f6sv\u00e9ny: id\u0151tlen vonzer\u0151<\/h2>\n<p><img loading=\"lazy\" decoding=\"async\" width=\"700\" height=\"1050\" alt=\"St\u00edlusos ez\u00fcst postal\u00e1da piros z\u00e1szl\u00f3val, faoszlopon, \u00fcde z\u00f6ld f\u0171 \u00e9s k\u0151b\u0151l kirakott \u00f6sv\u00e9ny k\u00f6z\u00f6tt.\" class=\"aligncenter size-full wp-image-1667\" src=\"https:\/\/doubletakedecor.com\/uploads\/2025\/07\/mailbox-landscaping-dtd-06-1.jpg\" srcset=\"https:\/\/doubletakedecor.com\/uploads\/2025\/07\/mailbox-landscaping-dtd-06-1.jpg 700w, https:\/\/doubletakedecor.com\/uploads\/2025\/07\/mailbox-landscaping-dtd-06-1-200x300.jpg 200w, https:\/\/doubletakedecor.com\/uploads\/2025\/07\/mailbox-landscaping-dtd-06-1-683x1024.jpg 683w, https:\/\/doubletakedecor.com\/uploads\/2025\/07\/mailbox-landscaping-dtd-06-1-96x144.jpg 96w, https:\/\/doubletakedecor.com\/uploads\/2025\/07\/mailbox-landscaping-dtd-06-1-280x420.jpg 280w, https:\/\/doubletakedecor.com\/uploads\/2025\/07\/mailbox-landscaping-dtd-06-1-320x480.jpg 320w, https:\/\/doubletakedecor.com\/uploads\/2025\/07\/mailbox-landscaping-dtd-06-1-360x540.jpg 360w, https:\/\/doubletakedecor.com\/uploads\/2025\/07\/mailbox-landscaping-dtd-06-1-363x545.jpg 363w, https:\/\/doubletakedecor.com\/uploads\/2025\/07\/mailbox-landscaping-dtd-06-1-370x555.jpg 370w, https:\/\/doubletakedecor.com\/uploads\/2025\/07\/mailbox-landscaping-dtd-06-1-400x600.jpg 400w, https:\/\/doubletakedecor.com\/uploads\/2025\/07\/mailbox-landscaping-dtd-06-1-560x840.jpg 560w, https:\/\/doubletakedecor.com\/uploads\/2025\/07\/mailbox-landscaping-dtd-06-1-480x720.jpg 480w\" sizes=\"auto, (max-width: 700px) 100vw, 700px\" \/><\/p>\n<p>Egy id\u0151t\u00e1ll\u00f3 ez\u00fcst postal\u00e1d\u00e1t v\u00e1lassz massz\u00edv faoszlopra! Mindenhez illik, tart\u00f3s \u00e9s mutat\u00f3s. Mellette alak\u00edts ki egy k\u0151b\u0151l rakott \u00f6sv\u00e9nyt, amely az aut\u00f3be\u00e1ll\u00f3hoz vezet\u2014a rendezett \u00f6sv\u00e9ny, ny\u00edrt f\u0171 \u00e9s a letisztult kertr\u00e9szek egy\u00fctt igaz\u00e1n megh\u00edv\u00f3v\u00e1 teszik a bej\u00e1ratot. A term\u00e9szetes faoszlop rusztikus hangulatot ad, ami sokf\u00e9le h\u00e1zt\u00edpushoz passzol.<\/p>\n<h2>K\u0151szeg\u00e9lyes postal\u00e1da: hangs\u00falyos piros sz\u00edn \u00e9s \u00e1polt kert<\/h2>\n<p><img loading=\"lazy\" decoding=\"async\" width=\"700\" height=\"1050\" alt=\"\u00c9l\u00e9nk piros postal\u00e1da feh\u00e9r cs\u00edkkal faoszlopon, s\u0171r\u0171, z\u00f6ld f\u0171, d\u00edszn\u00f6v\u00e9nyek \u00e9s \u00edzl\u00e9sesen kirakott nagy k\u00f6vek k\u00f6z\u00f6tt.\" class=\"aligncenter size-full wp-image-1673\" src=\"https:\/\/doubletakedecor.com\/uploads\/2025\/07\/mailbox-landscaping-dtd-07-1.jpg\" srcset=\"https:\/\/doubletakedecor.com\/uploads\/2025\/07\/mailbox-landscaping-dtd-07-1.jpg 700w, https:\/\/doubletakedecor.com\/uploads\/2025\/07\/mailbox-landscaping-dtd-07-1-200x300.jpg 200w, https:\/\/doubletakedecor.com\/uploads\/2025\/07\/mailbox-landscaping-dtd-07-1-683x1024.jpg 683w, https:\/\/doubletakedecor.com\/uploads\/2025\/07\/mailbox-landscaping-dtd-07-1-96x144.jpg 96w, https:\/\/doubletakedecor.com\/uploads\/2025\/07\/mailbox-landscaping-dtd-07-1-280x420.jpg 280w, https:\/\/doubletakedecor.com\/uploads\/2025\/07\/mailbox-landscaping-dtd-07-1-320x480.jpg 320w, https:\/\/doubletakedecor.com\/uploads\/2025\/07\/mailbox-landscaping-dtd-07-1-360x540.jpg 360w, https:\/\/doubletakedecor.com\/uploads\/2025\/07\/mailbox-landscaping-dtd-07-1-363x545.jpg 363w, https:\/\/doubletakedecor.com\/uploads\/2025\/07\/mailbox-landscaping-dtd-07-1-370x555.jpg 370w, https:\/\/doubletakedecor.com\/uploads\/2025\/07\/mailbox-landscaping-dtd-07-1-400x600.jpg 400w, https:\/\/doubletakedecor.com\/uploads\/2025\/07\/mailbox-landscaping-dtd-07-1-560x840.jpg 560w, https:\/\/doubletakedecor.com\/uploads\/2025\/07\/mailbox-landscaping-dtd-07-1-480x720.jpg 480w\" sizes=\"auto, (max-width: 700px) 100vw, 700px\" \/><\/p>\n<p>Nagyobb k\u00f6vekkel \u00e9s finom kaviccsal \u00e9les szeg\u00e9lyt k\u00e9sz\u00edthetsz a postal\u00e1da t\u00f6v\u00e9ben. Az \u00e9l\u00e9nk postal\u00e1da \u00e9s a term\u00e9szetes k\u00f6vek kontrasztja igaz\u00e1n l\u00e1tv\u00e1nyoss\u00e1 teszi a helyet, mik\u00f6zben megakad\u00e1lyozza, hogy a f\u0171 t\u00faln\u0151je a ter\u00fcletet. \u00dcltess hozz\u00e1 d\u00edszf\u00fcveket is, ezek lend\u00fcletet visznek a kompoz\u00edci\u00f3ba. Ez a megold\u00e1s szinte gondoz\u00e1smentes: eg\u00e9sz \u00e9vben rendezett, \u00e9s m\u00e9g a kerti g\u00e9pekt\u0151l is v\u00e9di a postal\u00e1d\u00e1t.<\/p>\n<h2>Vir\u00e1gz\u00f3 o\u00e1zis a postal\u00e1da k\u00f6r\u00fcl<\/h2>\n<p><img loading=\"lazy\" decoding=\"async\" width=\"700\" height=\"1050\" alt=\"Sz\u00ednes el\u0151kert s\u00e1rga kasvir\u00e1ggal, lila levendul\u00e1val \u00e9s k\u00e9k \u00e9vel\u0151kkel, t\u00e9gla\u00f6sv\u00e9ny mellett \u00e1ll\u00f3, barna-s\u00e1rga postal\u00e1d\u00e1val.\" class=\"aligncenter size-full wp-image-1679\" src=\"https:\/\/doubletakedecor.com\/uploads\/2025\/07\/mailbox-landscaping-dtd-08-1.jpg\" srcset=\"https:\/\/doubletakedecor.com\/uploads\/2025\/07\/mailbox-landscaping-dtd-08-1.jpg 700w, https:\/\/doubletakedecor.com\/uploads\/2025\/07\/mailbox-landscaping-dtd-08-1-200x300.jpg 200w, https:\/\/doubletakedecor.com\/uploads\/2025\/07\/mailbox-landscaping-dtd-08-1-683x1024.jpg 683w, https:\/\/doubletakedecor.com\/uploads\/2025\/07\/mailbox-landscaping-dtd-08-1-96x144.jpg 96w, https:\/\/doubletakedecor.com\/uploads\/2025\/07\/mailbox-landscaping-dtd-08-1-280x420.jpg 280w, https:\/\/doubletakedecor.com\/uploads\/2025\/07\/mailbox-landscaping-dtd-08-1-320x480.jpg 320w, https:\/\/doubletakedecor.com\/uploads\/2025\/07\/mailbox-landscaping-dtd-08-1-360x540.jpg 360w, https:\/\/doubletakedecor.com\/uploads\/2025\/07\/mailbox-landscaping-dtd-08-1-363x545.jpg 363w, https:\/\/doubletakedecor.com\/uploads\/2025\/07\/mailbox-landscaping-dtd-08-1-370x555.jpg 370w, https:\/\/doubletakedecor.com\/uploads\/2025\/07\/mailbox-landscaping-dtd-08-1-400x600.jpg 400w, https:\/\/doubletakedecor.com\/uploads\/2025\/07\/mailbox-landscaping-dtd-08-1-560x840.jpg 560w, https:\/\/doubletakedecor.com\/uploads\/2025\/07\/mailbox-landscaping-dtd-08-1-480x720.jpg 480w\" sizes=\"auto, (max-width: 700px) 100vw, 700px\" \/><\/p>\n<p>V\u00e1ltoztasd igazi sz\u00ednpadd\u00e1 a postal\u00e1d\u00e1d el\u0151tti r\u00e9szt kasvir\u00e1ggal, levendul\u00e1val \u00e9s \u00e9l\u00e9nk k\u00e9k vir\u00e1gokkal! \u00dcgyelj arra, hogy elt\u00e9r\u0151 magass\u00e1g\u00fa \u00e9s elt\u00e9r\u0151 id\u0151ben ny\u00edl\u00f3 n\u00f6v\u00e9nyeket v\u00e1lassz, \u00edgy eg\u00e9sz \u00e9vben lesz mit csod\u00e1lni. A t\u00e9gla\u00f6sv\u00e9ny pedig nemcsak sz\u00e9p, hanem a post\u00e1snak is megk\u00f6nny\u00edti a dolg\u00e1t. Locsold ink\u00e1bb ritk\u00e1bban, de alaposan, hogy a n\u00f6v\u00e9nyek jobban b\u00edrj\u00e1k a sz\u00e1razs\u00e1got.<\/p>\n<h2>L\u00e1mpaoszlop postal\u00e1d\u00e1hoz: st\u00edlusos vil\u00e1g\u00edt\u00e1s egyszer\u0171en<\/h2>\n<p><img loading=\"lazy\" decoding=\"async\" width=\"700\" height=\"1050\" alt=\"Fekete postal\u00e1da faoszlopon, dekorat\u00edv l\u00e1mp\u00e1val, k\u00f6r\u00fcl\u00f6tte r\u00f3zsasz\u00edn, lila \u00e9s narancs vir\u00e1gok dobj\u00e1k fel a l\u00e1tv\u00e1nyt.\" class=\"aligncenter size-full wp-image-1685\" src=\"https:\/\/doubletakedecor.com\/uploads\/2025\/07\/mailbox-landscaping-dtd-09-1.jpg\" srcset=\"https:\/\/doubletakedecor.com\/uploads\/2025\/07\/mailbox-landscaping-dtd-09-1.jpg 700w, https:\/\/doubletakedecor.com\/uploads\/2025\/07\/mailbox-landscaping-dtd-09-1-200x300.jpg 200w, https:\/\/doubletakedecor.com\/uploads\/2025\/07\/mailbox-landscaping-dtd-09-1-683x1024.jpg 683w, https:\/\/doubletakedecor.com\/uploads\/2025\/07\/mailbox-landscaping-dtd-09-1-96x144.jpg 96w, https:\/\/doubletakedecor.com\/uploads\/2025\/07\/mailbox-landscaping-dtd-09-1-280x420.jpg 280w, https:\/\/doubletakedecor.com\/uploads\/2025\/07\/mailbox-landscaping-dtd-09-1-320x480.jpg 320w, https:\/\/doubletakedecor.com\/uploads\/2025\/07\/mailbox-landscaping-dtd-09-1-360x540.jpg 360w, https:\/\/doubletakedecor.com\/uploads\/2025\/07\/mailbox-landscaping-dtd-09-1-363x545.jpg 363w, https:\/\/doubletakedecor.com\/uploads\/2025\/07\/mailbox-landscaping-dtd-09-1-370x555.jpg 370w, https:\/\/doubletakedecor.com\/uploads\/2025\/07\/mailbox-landscaping-dtd-09-1-400x600.jpg 400w, https:\/\/doubletakedecor.com\/uploads\/2025\/07\/mailbox-landscaping-dtd-09-1-560x840.jpg 560w, https:\/\/doubletakedecor.com\/uploads\/2025\/07\/mailbox-landscaping-dtd-09-1-480x720.jpg 480w\" sizes=\"auto, (max-width: 700px) 100vw, 700px\" \/><\/p>\n<p>Tedd hangulatoss\u00e1 a postal\u00e1d\u00e1d k\u00f6rny\u00e9k\u00e9t egy d\u00edszes l\u00e1mp\u00e1val! Ez nemcsak szebb\u00e9, hanem esti \u00e9rkez\u00e9skor m\u00e9g praktikusabb\u00e1 is teszi a megvil\u00e1g\u00edtott levelez\u0151t. \u00dcltess k\u00f6r\u00e9 \u00e9l\u00e9nk vir\u00e1gokat, p\u00e9ld\u00e1ul kasvir\u00e1got vagy napliliomot, hogy eg\u00e9sz \u00e9vben sz\u00ednes legyen az \u00f6sszk\u00e9p. J\u00f3l mutat, ha egym\u00e1st\u00f3l elt\u00e9r\u0151 sz\u00edn\u0171 vir\u00e1gokat kombin\u00e1lsz.<\/p>\n<h2>Emelt postal\u00e1da faoszlopon: k\u0151szeg\u00e9llyel \u00e9s cserepes vir\u00e1gokkal<\/h2>\n<p><img loading=\"lazy\" decoding=\"async\" width=\"700\" height=\"1050\" alt=\"Fekete postal\u00e1da 2815-\u00f6s h\u00e1zsz\u00e1mmal, faoszlopon, k\u00f6r\u00fcl\u00f6tte sima folyami k\u00f6vek, valamint \u00e9l\u00e9nk piros, cser\u00e9pben \u00fcltetett vir\u00e1gok a bej\u00e1r\u00f3n\u00e1l.\" class=\"aligncenter size-full wp-image-1691\" src=\"https:\/\/doubletakedecor.com\/uploads\/2025\/07\/mailbox-landscaping-dtd-10-1.jpg\" srcset=\"https:\/\/doubletakedecor.com\/uploads\/2025\/07\/mailbox-landscaping-dtd-10-1.jpg 700w, https:\/\/doubletakedecor.com\/uploads\/2025\/07\/mailbox-landscaping-dtd-10-1-200x300.jpg 200w, https:\/\/doubletakedecor.com\/uploads\/2025\/07\/mailbox-landscaping-dtd-10-1-683x1024.jpg 683w, https:\/\/doubletakedecor.com\/uploads\/2025\/07\/mailbox-landscaping-dtd-10-1-96x144.jpg 96w, https:\/\/doubletakedecor.com\/uploads\/2025\/07\/mailbox-landscaping-dtd-10-1-280x420.jpg 280w, https:\/\/doubletakedecor.com\/uploads\/2025\/07\/mailbox-landscaping-dtd-10-1-320x480.jpg 320w, https:\/\/doubletakedecor.com\/uploads\/2025\/07\/mailbox-landscaping-dtd-10-1-360x540.jpg 360w, https:\/\/doubletakedecor.com\/uploads\/2025\/07\/mailbox-landscaping-dtd-10-1-363x545.jpg 363w, https:\/\/doubletakedecor.com\/uploads\/2025\/07\/mailbox-landscaping-dtd-10-1-370x555.jpg 370w, https:\/\/doubletakedecor.com\/uploads\/2025\/07\/mailbox-landscaping-dtd-10-1-400x600.jpg 400w, https:\/\/doubletakedecor.com\/uploads\/2025\/07\/mailbox-landscaping-dtd-10-1-560x840.jpg 560w, https:\/\/doubletakedecor.com\/uploads\/2025\/07\/mailbox-landscaping-dtd-10-1-480x720.jpg 480w\" sizes=\"auto, (max-width: 700px) 100vw, 700px\" \/><\/p>\n<p>K\u00fcl\u00f6nleges postakertet alak\u00edthatsz ki, ha fekete postal\u00e1d\u00e1t szerelsz egy nat\u00far faoszlopra, j\u00f3l olvashat\u00f3 h\u00e1zsz\u00e1mmal. A t\u00f6v\u00e9n\u00e9l sima folyami k\u00f6vek szeg\u00e9lyezik a ter\u00fcletet \u2013 ezek megakad\u00e1lyozz\u00e1k, hogy a f\u0171 r\u00e1n\u0151j\u00f6n. Dobj fel egy-k\u00e9t sz\u00ednes cserepes vir\u00e1ggal, amit ak\u00e1r \u00e9vszakonk\u00e9nt k\u00f6nnyen cser\u00e9lhetsz \u2013 t\u00f6k\u00e9letes, ha kev\u00e9s id\u0151d van kert\u00e9szkedni, de szeretn\u00e9l sz\u00e9ps\u00e9get a bej\u00e1rathoz.<\/p>\n<h2>Rusztikus hord\u00f3kasp\u00f3 \u2013 igaz\u00e1n hangulatos d\u00edsz a postal\u00e1d\u00e1d mell\u00e9<\/h2>\n<p><img loading=\"lazy\" decoding=\"async\" width=\"700\" height=\"1049\" alt=\"\u00dajrahasznos\u00edtott fa boroshord\u00f3, benne magas lila szarkal\u00e1bak \u00e9s r\u00f3zsasz\u00edn vir\u00e1gok, sz\u00ednes t\u00e1jk\u00e9pfoltot teremtve a postal\u00e1d\u00e1n\u00e1l.\" class=\"aligncenter size-full wp-image-1697\" src=\"https:\/\/doubletakedecor.com\/uploads\/2025\/07\/mailbox-landscaping-dtd-11-1.jpg\" srcset=\"https:\/\/doubletakedecor.com\/uploads\/2025\/07\/mailbox-landscaping-dtd-11-1.jpg 700w, https:\/\/doubletakedecor.com\/uploads\/2025\/07\/mailbox-landscaping-dtd-11-1-200x300.jpg 200w, https:\/\/doubletakedecor.com\/uploads\/2025\/07\/mailbox-landscaping-dtd-11-1-683x1024.jpg 683w, https:\/\/doubletakedecor.com\/uploads\/2025\/07\/mailbox-landscaping-dtd-11-1-96x144.jpg 96w, https:\/\/doubletakedecor.com\/uploads\/2025\/07\/mailbox-landscaping-dtd-11-1-280x420.jpg 280w, https:\/\/doubletakedecor.com\/uploads\/2025\/07\/mailbox-landscaping-dtd-11-1-320x480.jpg 320w, https:\/\/doubletakedecor.com\/uploads\/2025\/07\/mailbox-landscaping-dtd-11-1-360x539.jpg 360w, https:\/\/doubletakedecor.com\/uploads\/2025\/07\/mailbox-landscaping-dtd-11-1-363x544.jpg 363w, https:\/\/doubletakedecor.com\/uploads\/2025\/07\/mailbox-landscaping-dtd-11-1-370x554.jpg 370w, https:\/\/doubletakedecor.com\/uploads\/2025\/07\/mailbox-landscaping-dtd-11-1-400x599.jpg 400w, https:\/\/doubletakedecor.com\/uploads\/2025\/07\/mailbox-landscaping-dtd-11-1-560x839.jpg 560w, https:\/\/doubletakedecor.com\/uploads\/2025\/07\/mailbox-landscaping-dtd-11-1-480x719.jpg 480w\" sizes=\"auto, (max-width: 700px) 100vw, 700px\" \/><\/p>\n<p>L\u00e9gy kreat\u00edv, \u00e9s hasznos\u00edts egy r\u00e9gi fahord\u00f3t d\u00edszes vir\u00e1gtart\u00f3k\u00e9nt postal\u00e1d\u00e1d k\u00f6zel\u00e9ben! \u00dcltess bele magas szarkal\u00e1bat \u00e9s lecs\u00fcng\u0151 r\u00f3zsasz\u00edn vir\u00e1gokat, \u00edgy igaz\u00e1n mutat\u00f3s lesz m\u00e1r az \u00fat sz\u00e9l\u00e9r\u0151l is. V\u00e1lassz olyan vir\u00e1gokat, amelyek j\u00f3l \u00e9rzik magukat a te \u00e9ghajlatodon, \u00e9s passzolnak a h\u00e1z sz\u00edn\u00e9hez is. Forr\u00f3 id\u0151ben rendszeresen \u00f6nt\u00f6zd \u0151ket!<\/p>\n<h2>Alak\u00edts ki ragyog\u00f3 feh\u00e9r kertecsk\u00e9t a postal\u00e1d\u00e1d k\u00f6r\u00fcl<\/h2>\n<p><img loading=\"lazy\" decoding=\"async\" width=\"700\" height=\"1050\" alt=\"Fekete postal\u00e1da feh\u00e9r oszlopon, buja feh\u00e9r vir\u00e1gok k\u00f6z\u00f6tt, kedves f\u00f3kuszpont egy nyugodt lak\u00f3\u00f6vezetben.\" class=\"aligncenter size-full wp-image-1703\" src=\"https:\/\/doubletakedecor.com\/uploads\/2025\/07\/mailbox-landscaping-dtd-12-1.jpg\" srcset=\"https:\/\/doubletakedecor.com\/uploads\/2025\/07\/mailbox-landscaping-dtd-12-1.jpg 700w, https:\/\/doubletakedecor.com\/uploads\/2025\/07\/mailbox-landscaping-dtd-12-1-200x300.jpg 200w, https:\/\/doubletakedecor.com\/uploads\/2025\/07\/mailbox-landscaping-dtd-12-1-683x1024.jpg 683w, https:\/\/doubletakedecor.com\/uploads\/2025\/07\/mailbox-landscaping-dtd-12-1-96x144.jpg 96w, https:\/\/doubletakedecor.com\/uploads\/2025\/07\/mailbox-landscaping-dtd-12-1-280x420.jpg 280w, https:\/\/doubletakedecor.com\/uploads\/2025\/07\/mailbox-landscaping-dtd-12-1-320x480.jpg 320w, https:\/\/doubletakedecor.com\/uploads\/2025\/07\/mailbox-landscaping-dtd-12-1-360x540.jpg 360w, https:\/\/doubletakedecor.com\/uploads\/2025\/07\/mailbox-landscaping-dtd-12-1-363x545.jpg 363w, https:\/\/doubletakedecor.com\/uploads\/2025\/07\/mailbox-landscaping-dtd-12-1-370x555.jpg 370w, https:\/\/doubletakedecor.com\/uploads\/2025\/07\/mailbox-landscaping-dtd-12-1-400x600.jpg 400w, https:\/\/doubletakedecor.com\/uploads\/2025\/07\/mailbox-landscaping-dtd-12-1-560x840.jpg 560w, https:\/\/doubletakedecor.com\/uploads\/2025\/07\/mailbox-landscaping-dtd-12-1-480x720.jpg 480w\" sizes=\"auto, (max-width: 700px) 100vw, 700px\" \/><\/p>\n<p>V\u00e1ltoztasd \u00e1t a postal\u00e1d\u00e1d k\u00f6rny\u00e9k\u00e9t egy egysz\u00edn\u0171, feh\u00e9r vir\u00e1g\u00e1ggyal, ami eleg\u00e1ns megjelen\u00e9st ad az utcafrontra. \u00dcltess alacsony gondoz\u00e1st ig\u00e9nyl\u0151 \u00e9vel\u0151ket, p\u00e9ld\u00e1ul feh\u00e9r sepr\u0171- vagy pet\u00faniavir\u00e1got a postal\u00e1da t\u00f6v\u00e9be \u00fagy, hogy ne akad\u00e1lyozd a k\u00e9zbes\u00edt\u0151t. Tipp: A mulcs r\u00e9teg cs\u00f6kkenti a gyomokat \u00e9s seg\u00edt megtartani a nedvess\u00e9get. Ez a letisztult sz\u00ednhat\u00e1s b\u00e1rmilyen postal\u00e1d\u00e1hoz illik, \u00e9s kifinomult k\u00fcls\u0151t k\u00f6lcs\u00f6n\u00f6z a h\u00e1zadnak.<\/p>\n<h2>Alak\u00edts ki sz\u00ednes vir\u00e1gos szeg\u00e9lyt a postal\u00e1d\u00e1d k\u00f6r\u00fcl<\/h2>\n<p><img loading=\"lazy\" decoding=\"async\" width=\"700\" height=\"1049\" alt=\"Eleg\u00e1ns feh\u00e9r postal\u00e1da, amit sz\u00ednes, \u00e9l\u00e9nk vir\u00e1gok \u00f6lelnek k\u00f6rbe, bar\u00e1ts\u00e1gos kertet teremtve.\" class=\"aligncenter size-full wp-image-1709\" src=\"https:\/\/doubletakedecor.com\/uploads\/2025\/07\/mailbox-landscaping-dtd-13-1.jpg\" srcset=\"https:\/\/doubletakedecor.com\/uploads\/2025\/07\/mailbox-landscaping-dtd-13-1.jpg 700w, https:\/\/doubletakedecor.com\/uploads\/2025\/07\/mailbox-landscaping-dtd-13-1-200x300.jpg 200w, https:\/\/doubletakedecor.com\/uploads\/2025\/07\/mailbox-landscaping-dtd-13-1-683x1024.jpg 683w, https:\/\/doubletakedecor.com\/uploads\/2025\/07\/mailbox-landscaping-dtd-13-1-96x144.jpg 96w, https:\/\/doubletakedecor.com\/uploads\/2025\/07\/mailbox-landscaping-dtd-13-1-280x420.jpg 280w, https:\/\/doubletakedecor.com\/uploads\/2025\/07\/mailbox-landscaping-dtd-13-1-320x480.jpg 320w, https:\/\/doubletakedecor.com\/uploads\/2025\/07\/mailbox-landscaping-dtd-13-1-360x539.jpg 360w, https:\/\/doubletakedecor.com\/uploads\/2025\/07\/mailbox-landscaping-dtd-13-1-363x544.jpg 363w, https:\/\/doubletakedecor.com\/uploads\/2025\/07\/mailbox-landscaping-dtd-13-1-370x554.jpg 370w, https:\/\/doubletakedecor.com\/uploads\/2025\/07\/mailbox-landscaping-dtd-13-1-400x599.jpg 400w, https:\/\/doubletakedecor.com\/uploads\/2025\/07\/mailbox-landscaping-dtd-13-1-560x839.jpg 560w, https:\/\/doubletakedecor.com\/uploads\/2025\/07\/mailbox-landscaping-dtd-13-1-480x719.jpg 480w\" sizes=\"auto, (max-width: 700px) 100vw, 700px\" \/><\/p>\n<p>\u00dcltess v\u00e1ltozatos, k\u00fcl\u00f6nb\u00f6z\u0151 id\u0151pontokban ny\u00edl\u00f3 \u00e9vel\u0151ket, hogy eg\u00e9sz \u00e9vben legyen mit csod\u00e1lni. A magasabb vir\u00e1gokat, p\u00e9ld\u00e1ul a lila zs\u00e1ly\u00e1t tedd h\u00e1tra, az alacsonyabbakat el\u0151re, hogy sz\u00e9p r\u00e9teges legyen az \u00f6sszhat\u00e1s. V\u00e1lassz sz\u00e1razs\u00e1gt\u0171r\u0151 n\u00f6v\u00e9nyeket, amik elviselik a nap forr\u00f3s\u00e1g\u00e1t, \u00edgy kev\u00e9s gondoz\u00e1ssal is sok\u00e1ig sz\u00e9pek maradnak.<\/p>\n<h2>Bar\u00e1ts\u00e1gos vir\u00e1gos szeg\u00e9ly a postal\u00e1da k\u00f6r\u00fcl<\/h2>\n<p><img loading=\"lazy\" decoding=\"async\" width=\"700\" height=\"1050\" alt=\"Feh\u00e9r postal\u00e1da faoszlopon, \u00e9l\u00e9nk lila \u00e9s r\u00f3zsasz\u00edn vir\u00e1gokkal k\u00f6r\u00fclv\u00e9ve, bar\u00e1ts\u00e1gos hangulatot teremtve a z\u00f6ld gyepen.\" class=\"aligncenter size-full wp-image-1715\" src=\"https:\/\/doubletakedecor.com\/uploads\/2025\/07\/mailbox-landscaping-dtd-14-1.jpg\" srcset=\"https:\/\/doubletakedecor.com\/uploads\/2025\/07\/mailbox-landscaping-dtd-14-1.jpg 700w, https:\/\/doubletakedecor.com\/uploads\/2025\/07\/mailbox-landscaping-dtd-14-1-200x300.jpg 200w, https:\/\/doubletakedecor.com\/uploads\/2025\/07\/mailbox-landscaping-dtd-14-1-683x1024.jpg 683w, https:\/\/doubletakedecor.com\/uploads\/2025\/07\/mailbox-landscaping-dtd-14-1-96x144.jpg 96w, https:\/\/doubletakedecor.com\/uploads\/2025\/07\/mailbox-landscaping-dtd-14-1-280x420.jpg 280w, https:\/\/doubletakedecor.com\/uploads\/2025\/07\/mailbox-landscaping-dtd-14-1-320x480.jpg 320w, https:\/\/doubletakedecor.com\/uploads\/2025\/07\/mailbox-landscaping-dtd-14-1-360x540.jpg 360w, https:\/\/doubletakedecor.com\/uploads\/2025\/07\/mailbox-landscaping-dtd-14-1-363x545.jpg 363w, https:\/\/doubletakedecor.com\/uploads\/2025\/07\/mailbox-landscaping-dtd-14-1-370x555.jpg 370w, https:\/\/doubletakedecor.com\/uploads\/2025\/07\/mailbox-landscaping-dtd-14-1-400x600.jpg 400w, https:\/\/doubletakedecor.com\/uploads\/2025\/07\/mailbox-landscaping-dtd-14-1-560x840.jpg 560w, https:\/\/doubletakedecor.com\/uploads\/2025\/07\/mailbox-landscaping-dtd-14-1-480x720.jpg 480w\" sizes=\"auto, (max-width: 700px) 100vw, 700px\" \/><\/p>\n<p>V\u00e1ltoztasd \u00e1t az egyszer\u0171 postal\u00e1d\u00e1d egy sz\u00ednes, kedves f\u00f3kuszpontt\u00e1 egy vid\u00e1m vir\u00e1gszeg\u00e9llyel. \u00dcltess kev\u00e9s gondoz\u00e1st ig\u00e9nyl\u0151 \u00e9vel\u0151ket, p\u00e9ld\u00e1ul lila kasvir\u00e1got \u00e9s r\u00f3zsasz\u00edn pet\u00fani\u00e1t a l\u00e1da k\u00f6r\u00e9, \u00e9s tegy\u00e9l mell\u00e9 d\u00edszf\u00fcveket is, hogy izgalmasabb legyen az \u00f6sszhat\u00e1s. Ez az elrendez\u00e9s eg\u00e9sz \u00e9vben feldobja a k\u00f6rnyezetet, m\u00e9gis kev\u00e9s munk\u00e1t ig\u00e9nyel. \u00dcgyelj r\u00e1, hogy a vir\u00e1gok ne takarj\u00e1k el a postal\u00e1d\u00e1t \u00e9s a h\u00e1zsz\u00e1mot.<\/p>\n<h2>Eleg\u00e1ns h\u00e1zsz\u00e1m kiemel\u00e9s sz\u00ednes \u00e9vel\u0151kkel<\/h2>\n<p><img \/><\/p>\n<p>Szereld fel a postal\u00e1d\u00e1d f\u00f6l\u00e9 j\u00f3l l\u00e1that\u00f3 feh\u00e9r h\u00e1zsz\u00e1mt\u00e1bl\u00e1t, hogy mindenki k\u00f6nnyed\u00e9n megtal\u00e1ljon. Alak\u00edts ki az oszlop k\u00f6r\u00fcl egy t\u00f6bbsz\u00edn\u0171, eg\u00e9sz szezonban vir\u00e1gz\u00f3 \u00e1gy\u00e1st lila \u00e9s narancss\u00e1rga \u00e9vel\u0151kkel. Kombin\u00e1ld k\u00fcl\u00f6nb\u00f6z\u0151 magass\u00e1g\u00fa vir\u00e1gokkal az izgalmasabb l\u00e1tv\u00e1ny\u00e9rt, de \u00fagy, hogy a post\u00e1s is j\u00f3l l\u00e1sson. V\u00e1lassz legal\u00e1bb h\u00e1romf\u00e9le n\u00f6v\u00e9nyt a folyamatos sz\u00edness\u00e9g\u00e9rt.<\/p>\n<h2>Var\u00e1zsolj b\u00e1jos vir\u00e1gos keretet a postal\u00e1daoszlop k\u00f6r\u00e9<\/h2>\n<p><img loading=\"lazy\" decoding=\"async\" width=\"700\" height=\"1050\" alt=\"F\u00e9m postal\u00e1da rusztikus hat\u00e1s\u00fa feh\u00e9r oszlopon, vir\u00e1gz\u00f3 r\u00f3zsasz\u00edn \u00e9s s\u00e1rga vir\u00e1gokkal k\u00f6r\u00fclv\u00e9ve, d\u00fas kerti k\u00f6rnyezetben.\" class=\"aligncenter size-full wp-image-1727\" src=\"https:\/\/doubletakedecor.com\/uploads\/2025\/07\/mailbox-landscaping-dtd-16-1.jpg\" srcset=\"https:\/\/doubletakedecor.com\/uploads\/2025\/07\/mailbox-landscaping-dtd-16-1.jpg 700w, https:\/\/doubletakedecor.com\/uploads\/2025\/07\/mailbox-landscaping-dtd-16-1-200x300.jpg 200w, https:\/\/doubletakedecor.com\/uploads\/2025\/07\/mailbox-landscaping-dtd-16-1-683x1024.jpg 683w, https:\/\/doubletakedecor.com\/uploads\/2025\/07\/mailbox-landscaping-dtd-16-1-96x144.jpg 96w, https:\/\/doubletakedecor.com\/uploads\/2025\/07\/mailbox-landscaping-dtd-16-1-280x420.jpg 280w, https:\/\/doubletakedecor.com\/uploads\/2025\/07\/mailbox-landscaping-dtd-16-1-320x480.jpg 320w, https:\/\/doubletakedecor.com\/uploads\/2025\/07\/mailbox-landscaping-dtd-16-1-360x540.jpg 360w, https:\/\/doubletakedecor.com\/uploads\/2025\/07\/mailbox-landscaping-dtd-16-1-363x545.jpg 363w, https:\/\/doubletakedecor.com\/uploads\/2025\/07\/mailbox-landscaping-dtd-16-1-370x555.jpg 370w, https:\/\/doubletakedecor.com\/uploads\/2025\/07\/mailbox-landscaping-dtd-16-1-400x600.jpg 400w, https:\/\/doubletakedecor.com\/uploads\/2025\/07\/mailbox-landscaping-dtd-16-1-560x840.jpg 560w, https:\/\/doubletakedecor.com\/uploads\/2025\/07\/mailbox-landscaping-dtd-16-1-480x720.jpg 480w\" sizes=\"auto, (max-width: 700px) 100vw, 700px\" \/><\/p>\n<p>L\u00e9gy a k\u00f6rny\u00e9k egyik legszebb postal\u00e1d\u00e1ja: \u00fcltesd k\u00f6rbe sz\u00ednes vir\u00e1g\u00e1gy\u00e1ssal! Olyan k\u00f6nnyen kezelhet\u0151 \u00e9vel\u0151ket v\u00e1lassz, mint a r\u00f3zsasz\u00edn vagy s\u00e1rga vir\u00e1gok, amik eg\u00e9sz \u00e9vben mutat\u00f3sak. Hagyd meg el\u00e9g helyet a n\u00f6v\u00e9nyeknek, hogy szabadon n\u00f6vekedhessenek, \u00e9s haszn\u00e1lj mulcsot, hogy tov\u00e1bb megtarts\u00e1k a vizet. Ha extra k\u00fcl\u00f6nlegess\u00e9gre v\u00e1gysz, v\u00e1lassz d\u00edszes faoszlopot l\u00e1tv\u00e1nyos r\u00e9szletekkel \u2013 \u00edgy m\u00e9g szebb lesz az el\u0151kert.<\/p>\n<h2>Legyen vir\u00e1gos mini kerted postal\u00e1d\u00e1don f\u00fcgg\u0151 \u00fcltet\u0151kkel<\/h2>\n<p><img loading=\"lazy\" decoding=\"async\" width=\"700\" height=\"1049\" alt=\"Feh\u00e9r postal\u00e1da oszlopon, rajta f\u00e1b\u00f3l k\u00e9sz\u00fclt \u00fcltet\u0151, alatta \u00e9l\u00e9nk vir\u00e1g\u00e1gy\u00e1s b\u00fcd\u00f6sk\u00e9vel, pet\u00fani\u00e1val \u00e9s musk\u00e1tlival, rendezett gyepen.\" class=\"aligncenter size-full wp-image-1733\" src=\"https:\/\/doubletakedecor.com\/uploads\/2025\/07\/mailbox-landscaping-dtd-17-1.jpg\" srcset=\"https:\/\/doubletakedecor.com\/uploads\/2025\/07\/mailbox-landscaping-dtd-17-1.jpg 700w, https:\/\/doubletakedecor.com\/uploads\/2025\/07\/mailbox-landscaping-dtd-17-1-200x300.jpg 200w, https:\/\/doubletakedecor.com\/uploads\/2025\/07\/mailbox-landscaping-dtd-17-1-683x1024.jpg 683w, https:\/\/doubletakedecor.com\/uploads\/2025\/07\/mailbox-landscaping-dtd-17-1-96x144.jpg 96w, https:\/\/doubletakedecor.com\/uploads\/2025\/07\/mailbox-landscaping-dtd-17-1-280x420.jpg 280w, https:\/\/doubletakedecor.com\/uploads\/2025\/07\/mailbox-landscaping-dtd-17-1-320x480.jpg 320w, https:\/\/doubletakedecor.com\/uploads\/2025\/07\/mailbox-landscaping-dtd-17-1-360x539.jpg 360w, https:\/\/doubletakedecor.com\/uploads\/2025\/07\/mailbox-landscaping-dtd-17-1-363x544.jpg 363w, https:\/\/doubletakedecor.com\/uploads\/2025\/07\/mailbox-landscaping-dtd-17-1-370x554.jpg 370w, https:\/\/doubletakedecor.com\/uploads\/2025\/07\/mailbox-landscaping-dtd-17-1-400x599.jpg 400w, https:\/\/doubletakedecor.com\/uploads\/2025\/07\/mailbox-landscaping-dtd-17-1-560x839.jpg 560w, https:\/\/doubletakedecor.com\/uploads\/2025\/07\/mailbox-landscaping-dtd-17-1-480x719.jpg 480w\" sizes=\"auto, (max-width: 700px) 100vw, 700px\" \/><\/p>\n<p>Dobd fel a postal\u00e1d\u00e1d \u00fagy, hogy egy f\u00e1b\u00f3l k\u00e9sz\u00fclt \u00fcltet\u0151t szerelsz k\u00f6zvetlen\u00fcl az oszlopra! T\u00f6ltsd meg cs\u00fcng\u0151 vir\u00e1gokkal, amik sz\u00ednben is passzolnak az \u00e1gy\u00e1sodhoz. Haszn\u00e1lj sz\u00e1razs\u00e1gt\u0171r\u0151 fajt\u00e1kat, p\u00e9ld\u00e1ul b\u00fcd\u00f6sk\u00e9t vagy pet\u00fani\u00e1t, amik nem ig\u00e9nyelnek sok gondoz\u00e1st. Az \u00fcltet\u0151 m\u00f6g\u00e9 \u00fcltesd a magasabb n\u00f6v\u00e9nyeket, hogy l\u00e1tv\u00e1nyos, r\u00e9teges hat\u00e1st \u00e9rj el, de a postal\u00e1da hozz\u00e1f\u00e9rhet\u0151s\u00e9ge is megmaradjon.<\/p>\n<h2>Alak\u00edts ki st\u00edlusos oszlopot l\u00e1that\u00f3 h\u00e1zsz\u00e1mmal postal\u00e1d\u00e1dnak<\/h2>\n<p><img decoding=\"async\" src=\"https:\/\/doubletakedecor.com\/uploads\/2025\/07\/mailbox-landscaping-dtd-18-1.jpg\" \/><\/p>\n<p>Tedd praktikusabb\u00e1 a postal\u00e1d\u00e1d, ha feh\u00e9r betonoszlopra szerelteted j\u00f3l olvashat\u00f3 h\u00e1zsz\u00e1mmal. Mindk\u00e9t oldalra tegy\u00e9l egy-egy ugyanilyen \u00fcltet\u0151t, amit \u00e9vszakhoz ill\u0151 vir\u00e1gokkal \u00e9s z\u00f6ldekkel t\u00f6ltesz meg. Ez az eleg\u00e1ns kialak\u00edt\u00e1s nemcsak sz\u00e9p l\u00e1tv\u00e1ny, hanem a post\u00e1nak \u00e9s l\u00e1togat\u00f3knak is seg\u00edt megtal\u00e1lni a h\u00e1zsz\u00e1mot \u2013 \u00edgy az el\u0151kerted igazi \u00e9kszere lesz.<\/p>\n<h2>Alak\u00edts ki leny\u0171g\u00f6z\u0151 vir\u00e1g\u00e1gy\u00e1st a postal\u00e1d\u00e1d k\u00f6r\u00fcl<\/h2>\n<p><img loading=\"lazy\" decoding=\"async\" width=\"700\" height=\"1050\" alt=\"Feh\u00e9r postal\u00e1da faoszlopon, k\u00f6r\u00f6tte sz\u00ednes vir\u00e1g\u00e1gy\u00e1s piros, narancs, lila \u00e9s s\u00e1rga vir\u00e1gokkal, rendezett lak\u00f3parki h\u00e1tt\u00e9rrel.\" class=\"aligncenter size-full wp-image-1745\" src=\"https:\/\/doubletakedecor.com\/uploads\/2025\/07\/mailbox-landscaping-dtd-19-1.jpg\" srcset=\"https:\/\/doubletakedecor.com\/uploads\/2025\/07\/mailbox-landscaping-dtd-19-1.jpg 700w, https:\/\/doubletakedecor.com\/uploads\/2025\/07\/mailbox-landscaping-dtd-19-1-200x300.jpg 200w, https:\/\/doubletakedecor.com\/uploads\/2025\/07\/mailbox-landscaping-dtd-19-1-683x1024.jpg 683w, https:\/\/doubletakedecor.com\/uploads\/2025\/07\/mailbox-landscaping-dtd-19-1-96x144.jpg 96w, https:\/\/doubletakedecor.com\/uploads\/2025\/07\/mailbox-landscaping-dtd-19-1-280x420.jpg 280w, https:\/\/doubletakedecor.com\/uploads\/2025\/07\/mailbox-landscaping-dtd-19-1-320x480.jpg 320w, https:\/\/doubletakedecor.com\/uploads\/2025\/07\/mailbox-landscaping-dtd-19-1-360x540.jpg 360w, https:\/\/doubletakedecor.com\/uploads\/2025\/07\/mailbox-landscaping-dtd-19-1-363x545.jpg 363w, https:\/\/doubletakedecor.com\/uploads\/2025\/07\/mailbox-landscaping-dtd-19-1-370x555.jpg 370w, https:\/\/doubletakedecor.com\/uploads\/2025\/07\/mailbox-landscaping-dtd-19-1-400x600.jpg 400w, https:\/\/doubletakedecor.com\/uploads\/2025\/07\/mailbox-landscaping-dtd-19-1-560x840.jpg 560w, https:\/\/doubletakedecor.com\/uploads\/2025\/07\/mailbox-landscaping-dtd-19-1-480x720.jpg 480w\" sizes=\"auto, (max-width: 700px) 100vw, 700px\" \/><\/p>\n<p>Tedd izgalmasabb\u00e1 az egyszer\u0171 postal\u00e1d\u00e1t, ha \u00e9l\u00e9nk, sz\u00ednes vir\u00e1g\u00e1gy\u00e1ssal veszed k\u00f6rbe. V\u00e1lassz k\u00fcl\u00f6nb\u00f6z\u0151 sz\u00edn\u0171 vir\u00e1gokat, p\u00e9ld\u00e1ul pirosat, lil\u00e1t \u00e9s s\u00e1rg\u00e1t, hogy eg\u00e9sz \u00e9vben felt\u0171n\u0151 maradjon a hely. \u00dcgyelj arra, hogy legyen el\u00e9g hely a n\u00f6veked\u00e9shez \u00e9s a gondoz\u00e1shoz. Ezzel nemcsak az utcak\u00e9pet sz\u00e9p\u00edted, hanem bar\u00e1ts\u00e1gosabb bej\u00e1ratot is teremtesz a h\u00e1zadhoz.<\/p>\n<h2>V\u00e1ltoztasd \u00e1t postal\u00e1d\u00e1d sz\u00ednes vir\u00e1gos \u00fcltet\u0151vel<\/h2>\n<p><img loading=\"lazy\" decoding=\"async\" width=\"700\" height=\"1050\" alt=\"Vid\u00e1m z\u00f6ld postal\u00e1da faoszlopon, \u00e9l\u00e9nk piros \u00e9s r\u00f3zsasz\u00edn vir\u00e1gokkal megrakott \u00f3ri\u00e1s cser\u00e9pben, h\u00edvogat\u00f3 el\u0151kerti hangulatban.\" class=\"aligncenter size-full wp-image-1751\" src=\"https:\/\/doubletakedecor.com\/uploads\/2025\/07\/mailbox-landscaping-dtd-20-1.jpg\" srcset=\"https:\/\/doubletakedecor.com\/uploads\/2025\/07\/mailbox-landscaping-dtd-20-1.jpg 700w, https:\/\/doubletakedecor.com\/uploads\/2025\/07\/mailbox-landscaping-dtd-20-1-200x300.jpg 200w, https:\/\/doubletakedecor.com\/uploads\/2025\/07\/mailbox-landscaping-dtd-20-1-683x1024.jpg 683w, https:\/\/doubletakedecor.com\/uploads\/2025\/07\/mailbox-landscaping-dtd-20-1-96x144.jpg 96w, https:\/\/doubletakedecor.com\/uploads\/2025\/07\/mailbox-landscaping-dtd-20-1-280x420.jpg 280w, https:\/\/doubletakedecor.com\/uploads\/2025\/07\/mailbox-landscaping-dtd-20-1-320x480.jpg 320w, https:\/\/doubletakedecor.com\/uploads\/2025\/07\/mailbox-landscaping-dtd-20-1-360x540.jpg 360w, https:\/\/doubletakedecor.com\/uploads\/2025\/07\/mailbox-landscaping-dtd-20-1-363x545.jpg 363w, https:\/\/doubletakedecor.com\/uploads\/2025\/07\/mailbox-landscaping-dtd-20-1-370x555.jpg 370w, https:\/\/doubletakedecor.com\/uploads\/2025\/07\/mailbox-landscaping-dtd-20-1-400x600.jpg 400w, https:\/\/doubletakedecor.com\/uploads\/2025\/07\/mailbox-landscaping-dtd-20-1-560x840.jpg 560w, https:\/\/doubletakedecor.com\/uploads\/2025\/07\/mailbox-landscaping-dtd-20-1-480x720.jpg 480w\" sizes=\"auto, (max-width: 700px) 100vw, 700px\" \/><\/p>\n<p>Alkoss leny\u0171g\u00f6z\u0151 utcai l\u00e1tv\u00e1nyt egy nagy vir\u00e1gosl\u00e1d\u00e1val a postal\u00e1daoszlop k\u00f6r\u00fcl. T\u00f6ltsd meg a szezonnak megfelel\u0151 felt\u0171n\u0151 vir\u00e1gokkal, p\u00e9ld\u00e1ul \u00e9l\u00e9nk piros \u00e9s r\u00f3zsasz\u00edn szirmokkal. Gondoskodj a j\u00f3 v\u00edzelvezet\u00e9sr\u0151l, \u00e9s olyan n\u00f6v\u00e9nyeket v\u00e1lassz, amelyeknek hasonl\u00f3 a f\u00e9nyig\u00e9ny\u00fck. Ez a megold\u00e1s egyszerre ad kertednek hat\u00e1rozott form\u00e1t \u00e9s puhas\u00e1got, mik\u00f6zben kevesebb gondoz\u00e1st k\u00edv\u00e1n, mint a hagyom\u00e1nyos vir\u00e1g\u00e1gy\u00e1sok.<\/p>\n<h2>Modern-rusztikus hangulat\u00fa postal\u00e1da letisztult be\u00fcltet\u00e9ssel<\/h2>\n<p><img \/><\/p>\n<p>Alak\u00edts ki igazi l\u00e1tv\u00e1nyoss\u00e1got a postal\u00e1d\u00e1b\u00f3l: kombin\u00e1ld a modern f\u00e9ml\u00e1d\u00e1t egy rusztikus faoszloppal! Az oszlopra j\u00f3l l\u00e1that\u00f3an \u00edrj h\u00e1zsz\u00e1mot, hogy k\u00f6nny\u0171 legyen megtal\u00e1lni. A t\u00f6v\u00e9t szeg\u00e9lyezd fadeszk\u00e1kkal, bel\u00fcl pedig dekorat\u00edv kaviccsal t\u00f6ltsd ki, hogy kevesebb legyen a gazol\u00e1s. Dobd fel sz\u00ednes vir\u00e1gokkal \u00e9s egy \u00f6r\u00f6kz\u00f6ld n\u00f6v\u00e9nnyel, hogy eg\u00e9sz \u00e9vben \u00e1polt \u00e9s rendezett legyen a l\u00e1tv\u00e1ny.<\/p>\n<h2>Alak\u00edts ki vir\u00e1gos o\u00e1zist a postal\u00e1da k\u00f6r\u00fcl<\/h2>\n<p><img loading=\"lazy\" decoding=\"async\" width=\"700\" height=\"1050\" alt=\"Klasszikus k\u00e9k postal\u00e1da faoszlopon, k\u00f6r\u00fcl\u00f6tte sz\u00ednes vir\u00e1g\u00e1gy\u00e1s piros musk\u00e1tlival, lila \u0151szir\u00f3zs\u00e1kkal \u00e9s r\u00f3zsasz\u00edn pet\u00fani\u00e1kkal, szeg\u00e9lyezve k\u00f6vekkel.\" class=\"aligncenter size-full wp-image-1763\" src=\"https:\/\/doubletakedecor.com\/uploads\/2025\/07\/mailbox-landscaping-dtd-22-1.jpg\" srcset=\"https:\/\/doubletakedecor.com\/uploads\/2025\/07\/mailbox-landscaping-dtd-22-1.jpg 700w, https:\/\/doubletakedecor.com\/uploads\/2025\/07\/mailbox-landscaping-dtd-22-1-200x300.jpg 200w, https:\/\/doubletakedecor.com\/uploads\/2025\/07\/mailbox-landscaping-dtd-22-1-683x1024.jpg 683w, https:\/\/doubletakedecor.com\/uploads\/2025\/07\/mailbox-landscaping-dtd-22-1-96x144.jpg 96w, https:\/\/doubletakedecor.com\/uploads\/2025\/07\/mailbox-landscaping-dtd-22-1-280x420.jpg 280w, https:\/\/doubletakedecor.com\/uploads\/2025\/07\/mailbox-landscaping-dtd-22-1-320x480.jpg 320w, https:\/\/doubletakedecor.com\/uploads\/2025\/07\/mailbox-landscaping-dtd-22-1-360x540.jpg 360w, https:\/\/doubletakedecor.com\/uploads\/2025\/07\/mailbox-landscaping-dtd-22-1-363x545.jpg 363w, https:\/\/doubletakedecor.com\/uploads\/2025\/07\/mailbox-landscaping-dtd-22-1-370x555.jpg 370w, https:\/\/doubletakedecor.com\/uploads\/2025\/07\/mailbox-landscaping-dtd-22-1-400x600.jpg 400w, https:\/\/doubletakedecor.com\/uploads\/2025\/07\/mailbox-landscaping-dtd-22-1-560x840.jpg 560w, https:\/\/doubletakedecor.com\/uploads\/2025\/07\/mailbox-landscaping-dtd-22-1-480x720.jpg 480w\" sizes=\"auto, (max-width: 700px) 100vw, 700px\" \/><\/p>\n<p>Tedd k\u00fcl\u00f6nlegess\u00e9 az utcafronti r\u00e9szt sz\u00ednes vir\u00e1g\u00e1gy\u00e1ssal a postal\u00e1da k\u00f6r\u00fcl! Haszn\u00e1ld vegyesen az \u00e9vel\u0151 \u00e9s egyny\u00e1ri n\u00f6v\u00e9nyeket, p\u00e9ld\u00e1ul musk\u00e1tlit, \u0151szir\u00f3zs\u00e1t, pet\u00fani\u00e1t, hogy folyamatosan b\u0151ven legyen vir\u00e1g. Kutasd k\u00f6rbe sima k\u00f6vekkel, hogy k\u00f6nnyebb legyen rendben tartani, \u00e9s kiemeld az \u00e1gy\u00e1s form\u00e1j\u00e1t. Ha a postal\u00e1d\u00e1d sz\u00edn\u00e9t a h\u00e1zhoz igaz\u00edtod, m\u00e9g szebb lesz az \u00f6sszhang. Rendszeres locsol\u00e1ssal \u00e9s metsz\u00e9ssel a mini kerted eg\u00e9sz \u00e9vben \u00e1polt marad.<\/p>\n<h2>K\u00e9sz\u00edts k\u0151k\u00f6rrel szeg\u00e9lyezett vir\u00e1g\u00e1gy\u00e1st a postal\u00e1da k\u00f6r\u00e9<\/h2>\n<p><img loading=\"lazy\" decoding=\"async\" width=\"700\" height=\"1050\" alt=\"Id\u0151j\u00e1r\u00e1s-marta postal\u00e1da faoszlopon, k\u00f6r\u00fcl\u00f6tte k\u00f6r alak\u00fa vir\u00e1g\u00e1gy\u00e1s piros vir\u00e1gokkal \u00e9s dekorat\u00edv k\u00f6vekkel szeg\u00e9lyezve.\" class=\"aligncenter size-full wp-image-1769\" src=\"https:\/\/doubletakedecor.com\/uploads\/2025\/07\/mailbox-landscaping-dtd-23-1.jpg\" srcset=\"https:\/\/doubletakedecor.com\/uploads\/2025\/07\/mailbox-landscaping-dtd-23-1.jpg 700w, https:\/\/doubletakedecor.com\/uploads\/2025\/07\/mailbox-landscaping-dtd-23-1-200x300.jpg 200w, https:\/\/doubletakedecor.com\/uploads\/2025\/07\/mailbox-landscaping-dtd-23-1-683x1024.jpg 683w, https:\/\/doubletakedecor.com\/uploads\/2025\/07\/mailbox-landscaping-dtd-23-1-96x144.jpg 96w, https:\/\/doubletakedecor.com\/uploads\/2025\/07\/mailbox-landscaping-dtd-23-1-280x420.jpg 280w, https:\/\/doubletakedecor.com\/uploads\/2025\/07\/mailbox-landscaping-dtd-23-1-320x480.jpg 320w, https:\/\/doubletakedecor.com\/uploads\/2025\/07\/mailbox-landscaping-dtd-23-1-360x540.jpg 360w, https:\/\/doubletakedecor.com\/uploads\/2025\/07\/mailbox-landscaping-dtd-23-1-363x545.jpg 363w, https:\/\/doubletakedecor.com\/uploads\/2025\/07\/mailbox-landscaping-dtd-23-1-370x555.jpg 370w, https:\/\/doubletakedecor.com\/uploads\/2025\/07\/mailbox-landscaping-dtd-23-1-400x600.jpg 400w, https:\/\/doubletakedecor.com\/uploads\/2025\/07\/mailbox-landscaping-dtd-23-1-560x840.jpg 560w, https:\/\/doubletakedecor.com\/uploads\/2025\/07\/mailbox-landscaping-dtd-23-1-480x720.jpg 480w\" sizes=\"auto, (max-width: 700px) 100vw, 700px\" \/><\/p>\n<p>Dobd fel a postal\u00e1d\u00e1d megjelen\u00e9s\u00e9t egy k\u00f6r alak\u00fa, k\u0151szeg\u00e9llyel elv\u00e1lasztott vir\u00e1g\u00e1ggyal! \u00dcltess \u00e9l\u00e9nk piros vir\u00e1gokat \u00e9s d\u00fas z\u00f6ld n\u00f6v\u00e9nyeket, \u00edgy j\u00f3l l\u00e1that\u00f3, vid\u00e1m lesz a v\u00e9geredm\u00e9ny. Haszn\u00e1lj k\u00fcl\u00f6nb\u00f6z\u0151 \u00e1rnyalat\u00fa, rusztikus k\u00f6veket, hogy m\u00e9g jobban illeszkedjen a kertedhez. Ez a kialak\u00edt\u00e1s kev\u00e9s gondoz\u00e1st ig\u00e9nyel, m\u00e9gis nagyon mutat\u00f3s bej\u00e1ratot teremt. V\u00e1lassz olyan \u00e9vel\u0151ket, amik j\u00f3l \u00e9rzik magukat n\u00e1lad a kertben.<\/p>\n<h2>\u00cdvelt vir\u00e1g\u00e1gy\u00e1s a l\u00e1tv\u00e1nyos postal\u00e1da k\u00f6r\u00fcl<\/h2>\n<p><img loading=\"lazy\" decoding=\"async\" width=\"700\" height=\"1050\" alt=\"Sz\u00e9pen \u00edvelt vir\u00e1g\u00e1gy\u00e1s r\u00f3zsasz\u00edn \u00e9s lila vir\u00e1gokkal keretezve egy postal\u00e1d\u00e1t d\u00edszes oszlopon, sz\u00e9pen elv\u00e1lasztva a gondozott gyep mellett.\" class=\"aligncenter size-full wp-image-1775\" src=\"https:\/\/doubletakedecor.com\/uploads\/2025\/07\/mailbox-landscaping-dtd-24-1.jpg\" srcset=\"https:\/\/doubletakedecor.com\/uploads\/2025\/07\/mailbox-landscaping-dtd-24-1.jpg 700w, https:\/\/doubletakedecor.com\/uploads\/2025\/07\/mailbox-landscaping-dtd-24-1-200x300.jpg 200w, https:\/\/doubletakedecor.com\/uploads\/2025\/07\/mailbox-landscaping-dtd-24-1-683x1024.jpg 683w, https:\/\/doubletakedecor.com\/uploads\/2025\/07\/mailbox-landscaping-dtd-24-1-96x144.jpg 96w, https:\/\/doubletakedecor.com\/uploads\/2025\/07\/mailbox-landscaping-dtd-24-1-280x420.jpg 280w, https:\/\/doubletakedecor.com\/uploads\/2025\/07\/mailbox-landscaping-dtd-24-1-320x480.jpg 320w, https:\/\/doubletakedecor.com\/uploads\/2025\/07\/mailbox-landscaping-dtd-24-1-360x540.jpg 360w, https:\/\/doubletakedecor.com\/uploads\/2025\/07\/mailbox-landscaping-dtd-24-1-363x545.jpg 363w, https:\/\/doubletakedecor.com\/uploads\/2025\/07\/mailbox-landscaping-dtd-24-1-370x555.jpg 370w, https:\/\/doubletakedecor.com\/uploads\/2025\/07\/mailbox-landscaping-dtd-24-1-400x600.jpg 400w, https:\/\/doubletakedecor.com\/uploads\/2025\/07\/mailbox-landscaping-dtd-24-1-560x840.jpg 560w, https:\/\/doubletakedecor.com\/uploads\/2025\/07\/mailbox-landscaping-dtd-24-1-480x720.jpg 480w\" sizes=\"auto, (max-width: 700px) 100vw, 700px\" \/><\/p>\n<p>Emeld ki a postal\u00e1d\u00e1d hely\u00e9t egy eleg\u00e1nsan \u00edvelt vir\u00e1g\u00e1gy\u00e1ssal, ami mozgalmasabb\u00e1 \u00e9s t\u00e1gasabb\u00e1 teszi a teret. \u00dcltess kontrasztos sz\u00edneket \u2013 p\u00e9ld\u00e1ul r\u00f3zsasz\u00ednt \u00e9s lil\u00e1t \u2013 k\u00fcl\u00f6nb\u00f6z\u0151 z\u00f6ldekkel egy\u00fctt, hogy eg\u00e9sz \u00e9vben legyen mit n\u00e9zni. Tegy\u00e9l le egy tiszta \u00e9l\u0171 szeg\u00e9lyt, ami seg\u00edt megtartani az \u00e1gy\u00e1s form\u00e1j\u00e1t, \u00e9s elv\u00e1lasztja a gyepedt\u0151l. Ez a kis profi tr\u00fckk igazi d\u00edszt var\u00e1zsol a h\u00e1zad el\u00e9 \u2013 m\u00e9g egy semleges helyb\u0151l is f\u00f3kuszpontot teremt.<\/p>\n<h2>Tr\u00f3pusi hangulat a postal\u00e1d\u00e1d k\u00f6r\u00fcl \u00e9l\u00e9nk vir\u00e1gokkal<\/h2>\n<p><img loading=\"lazy\" decoding=\"async\" width=\"700\" height=\"1049\" alt=\"Vid\u00e1m vir\u00e1g\u00e1gy\u00e1s s\u00f6t\u00e9t postal\u00e1da k\u00f6r\u00fcl, piros tet\u0151vel, benne r\u00f3zsasz\u00edn, narancs \u00e9s lila vir\u00e1gokkal, t\u00e9glaszeg\u00e9llyel keretezve.\" class=\"aligncenter size-full wp-image-1781\" src=\"https:\/\/doubletakedecor.com\/uploads\/2025\/07\/mailbox-landscaping-dtd-25-1.jpg\" srcset=\"https:\/\/doubletakedecor.com\/uploads\/2025\/07\/mailbox-landscaping-dtd-25-1.jpg 700w, https:\/\/doubletakedecor.com\/uploads\/2025\/07\/mailbox-landscaping-dtd-25-1-200x300.jpg 200w, https:\/\/doubletakedecor.com\/uploads\/2025\/07\/mailbox-landscaping-dtd-25-1-683x1024.jpg 683w, https:\/\/doubletakedecor.com\/uploads\/2025\/07\/mailbox-landscaping-dtd-25-1-96x144.jpg 96w, https:\/\/doubletakedecor.com\/uploads\/2025\/07\/mailbox-landscaping-dtd-25-1-280x420.jpg 280w, https:\/\/doubletakedecor.com\/uploads\/2025\/07\/mailbox-landscaping-dtd-25-1-320x480.jpg 320w, https:\/\/doubletakedecor.com\/uploads\/2025\/07\/mailbox-landscaping-dtd-25-1-360x539.jpg 360w, https:\/\/doubletakedecor.com\/uploads\/2025\/07\/mailbox-landscaping-dtd-25-1-363x544.jpg 363w, https:\/\/doubletakedecor.com\/uploads\/2025\/07\/mailbox-landscaping-dtd-25-1-370x554.jpg 370w, https:\/\/doubletakedecor.com\/uploads\/2025\/07\/mailbox-landscaping-dtd-25-1-400x599.jpg 400w, https:\/\/doubletakedecor.com\/uploads\/2025\/07\/mailbox-landscaping-dtd-25-1-560x839.jpg 560w, https:\/\/doubletakedecor.com\/uploads\/2025\/07\/mailbox-landscaping-dtd-25-1-480x719.jpg 480w\" sizes=\"auto, (max-width: 700px) 100vw, 700px\" \/><\/p>\n<p>Alak\u00edtsd \u00e1t a postal\u00e1d\u00e1dat a kert d\u00edsz\u00e9v\u00e9 tr\u00f3pusi n\u00f6v\u00e9nyekkel \u00e9s \u00e9l\u00e9nk sz\u00edn\u0171 vir\u00e1gokkal! Szeg\u00e9lyezd az \u00e1gy\u00e1st t\u00e9gl\u00e1val, hogy a f\u00f6ld ne mos\u00f3djon sz\u00e9t. V\u00e1lassz elt\u00e9r\u0151, felt\u0171n\u0151 sz\u00edneket \u2013 p\u00e9ld\u00e1ul r\u00f3zsasz\u00ednt, narancsot vagy lil\u00e1t \u2013 a m\u00e9g izgalmasabb l\u00e1tv\u00e1ny\u00e9rt. Ha egyszer\u0171 gondoz\u00e1st szeretn\u00e9l, v\u00e1lassz olyan \u00e9vel\u0151ket, amik minden \u00e9vben magukt\u00f3l \u00fajra kihajtanak.<\/p>\n<h2>GYIK<\/h2>\n<details class=\"g-accordion \"><summary><h3>Mi az a postal\u00e1da-kertrendez\u00e9s?<\/h3><\/summary>\n<p>A postal\u00e1da k\u00f6r\u00fcli kertrendez\u00e9s azt jelenti, hogy n\u00f6v\u00e9nyekkel, vir\u00e1gokkal \u00e9s dekor\u00e1ci\u00f3kkal veszed k\u00f6r\u00fcl a postal\u00e1d\u00e1t, hogy sz\u00e9p \u00e9s figyelemfelkelt\u0151 r\u00e9sz\u00e9v\u00e9 v\u00e1ljon a kertednek. Ez nemcsak feldobja ezt a ter\u00fcletet, hanem a h\u00e1z k\u00fcls\u0151 megjelen\u00e9s\u00e9t is jav\u00edtja, n\u00f6velve az <strong>utcafront vonzerej\u00e9t<\/strong>.<\/p>\n<p>K\u00e9pzeld el, hogy egy sima postal\u00e1d\u00e1t b\u00e1jos kis kertd\u00edssz\u00e9 var\u00e1zsolsz:<\/p>\n<ul>\n<li>d\u00edszk\u00f6vekkel,<\/li>\n<li>szeg\u00e9lyk\u00f6vekkel k\u00f6r\u00fclvett \u00e1gy\u00e1ssal,<\/li>\n<li>sz\u00ednes vir\u00e1gokkal, p\u00e9ld\u00e1ul floksszal vagy \u00e1zsiai liliommal.<\/li>\n<\/ul>\n<p>Ezekkel az elemekkel \u00e9vszakhoz ill\u0151 sz\u00edneket \u00e9s hangulatot vihetsz az utcafrontra. Ez a m\u00f3dszer egyszerre sz\u00e9p is, hasznos is: kiemeli a bej\u00e1ratodat \u00e9s megmutathatod vele saj\u00e1t st\u00edlusodat, kreativit\u00e1sodat.<\/p>\n<\/details><details class=\"g-accordion \"><summary><h3>Hogyan emeli a postal\u00e1da-kertrendez\u00e9s az utcak\u00e9p sz\u00ednvonal\u00e1t?<\/h3><\/summary>\n<p>Az, hogy otthonod utcai megjelen\u00e9se vonz\u00f3bb\u00e1 v\u00e1ljon, lehet olyan egyszer\u0171 is, mint a postal\u00e1da k\u00f6rny\u00e9k\u00e9t feldobni \u2013 \u00edgy egy bar\u00e1ts\u00e1gos, szemet gy\u00f6ny\u00f6rk\u00f6dtet\u0151 r\u00e9szt alak\u00edtasz ki. Egy j\u00f3l megtervezett postal\u00e1da-kert nemcsak a vend\u00e9gek, j\u00e1r\u00f3kel\u0151k figyelm\u00e9t kelti fel, hanem remek\u00fcl megmutatja a szem\u00e9lyis\u00e9gedet is.<\/p>\n<p>Vigy\u00e9l egy csipet \u00e9letet sz\u00ednes vir\u00e1gokkal, p\u00e9ld\u00e1ul <strong>zinni\u00e1val<\/strong> vagy <strong>feh\u00e9r vinc\u00e1val<\/strong> \u2013 ezek igaz\u00e1n ragyog\u00f3v\u00e1 \u00e9s vid\u00e1mm\u00e1 teszik ezt a ter\u00fcletet. Ha mindezt feldobod d\u00edsz\u00edt\u0151elemekkel, p\u00e9ld\u00e1ul d\u00edszk\u00f6vekkel vagy szab\u00e1lyos szeg\u00e9lyk\u00f6vekkel, m\u00e9g eleg\u00e1nsabb lesz az \u00f6sszhat\u00e1s. Ezek a plusz elemek k\u00f6nnyed\u00e9n \u00f6sszek\u00f6tik a kertet a h\u00e1z k\u00fcls\u0151 st\u00edlus\u00e1val.<\/p>\n<p>Az <strong>alacsony gondoz\u00e1st ig\u00e9nyl\u0151 n\u00f6v\u00e9nyek<\/strong> v\u00e1laszt\u00e1s\u00e1val a kerted sz\u00e9p marad, an\u00e9lk\u00fcl, hogy sok id\u0151t kellene r\u00e1 ford\u00edtanod. \u00cdgy nemcsak az otthonod lesz mutat\u00f3sabb, hanem bar\u00e1ts\u00e1gosabb, h\u00edvogat\u00f3bb hangulatot teremtesz mindenkinek, aki meg\u00e1ll n\u00e1lad.<\/p>\n<\/details><details class=\"g-accordion \"><summary><h3>Milyen anyagok \u00e9s st\u00edlusok passzolnak legjobban egy postal\u00e1d\u00e1hoz?<\/h3><\/summary>\n<p>A megfelel\u0151 anyagok \u00e9s st\u00edlusok kiv\u00e1laszt\u00e1sa fontos, ha szeretn\u00e9l egy mutat\u00f3s \u00e9s j\u00f3l haszn\u00e1lhat\u00f3 postal\u00e1d\u00e1t a kertben. A k\u0151blokkok, tetej\u00fck\u00f6n fed\u0151k\u0151vel, nagyon kedvelt anyagok a <strong>tart\u00f3ss\u00e1guk \u00e9s eleganci\u00e1juk<\/strong> miatt. Massz\u00edv alapot adnak \u00e9s j\u00f3l illeszkednek a legt\u00f6bb h\u00e1z st\u00edlus\u00e1hoz \u2013 legyen az hagyom\u00e1nyos vagy modern.<\/p>\n<p>A n\u00f6v\u00e9nyv\u00e1laszt\u00e1sn\u00e1l \u00e9rdemes \u00e9vel\u0151ket, p\u00e9ld\u00e1ul <strong>kasvir\u00e1got vagy k\u00f6vir\u00f3zs\u00e1t<\/strong> \u00fcltetni, \u00e9s ezek mell\u00e9 egyny\u00e1riakat, mint a zinnia \u2013 \u00edgy eg\u00e9sz \u00e9vben sz\u00ednes marad a k\u00f6rnyezet kev\u00e9s munk\u00e1val. A modernabb st\u00edlusok t\u00f6bbsz\u00f6r haszn\u00e1lj\u00e1k a letisztult form\u00e1kat \u00e9s a rendezett \u00fcltet\u00e9st, m\u00edg a vid\u00e9ki hangulat\u00fa kertn\u00e9l sokf\u00e9le, vir\u00e1gz\u00f3 n\u00f6v\u00e9ny, p\u00e9ld\u00e1ul floksz vagy \u00e1zsiai liliom ker\u00fclhet a postal\u00e1da k\u00f6r\u00e9.<\/p>\n<p>Ha szereted a dekorat\u00edv elemeket, pr\u00f3b\u00e1lj ki k\u00f6veket vagy szeg\u00e9lyk\u00f6veket a l\u00e1tv\u00e1ny fokoz\u00e1s\u00e1ra. Egy <strong>fekete vagy m\u00e1s sz\u00e9p sz\u00edn\u0171 postal\u00e1da<\/strong> egyszerre lehet praktikus \u00e9s st\u00edlusos d\u00edsz is, ami t\u00fckr\u00f6zi az \u00edzl\u00e9sedet.<\/p>\n<ul>\n<li>Fontos a postal\u00e1da elhelyez\u00e9se is,<\/li>\n<li>j\u00f3l l\u00e1that\u00f3nak kell lennie az utc\u00e1r\u00f3l, m\u00e9gis k\u00f6nnyen el\u00e9rhet\u0151nek a post\u00e1snak,<\/li>\n<li>ha olyan anyagokat \u00e9s st\u00edlust v\u00e1lasztasz, ami tetszik \u00e9s megfelel az ig\u00e9nyeidnek, igaz\u00e1n mutat\u00f3s r\u00e9sze lehet a kertnek, amivel emelheted az utcak\u00e9pet.<\/li>\n<\/ul>\n<\/details><details class=\"g-accordion \"><summary><h3>Hogyan v\u00e1laszthatsz n\u00f6v\u00e9nyeket a postal\u00e1da kertj\u00e9hez?<\/h3><\/summary>\n<p>A megfelel\u0151 n\u00f6v\u00e9nyek kiv\u00e1laszt\u00e1sa a postal\u00e1d\u00e1d mell\u00e9 egy kis el\u0151zetes gondolkod\u00e1st ig\u00e9nyel. El\u0151sz\u00f6r is n\u00e9zd meg, milyen \u00e9ghajlaton \u00e9lsz \u2013 \u00edgy olyan n\u00f6v\u00e9nyeket v\u00e1laszthatsz, amelyek j\u00f3l \u00e9rzik magukat n\u00e1latok. Gondold \u00e1t, mennyi napf\u00e9ny \u00e9ri ezt a ter\u00fcletet: eg\u00e9sz nap t\u0171zi a nap, f\u00e9l\u00e1rny\u00e9kos vagy ink\u00e1bb \u00e1rny\u00e9kos r\u00e9szen van?<\/p>\n<p>Olyan <strong>alacsony gondoz\u00e1st ig\u00e9nyl\u0151 n\u00f6v\u00e9nyeket<\/strong> v\u00e1lassz, amelyek b\u00edrj\u00e1k a v\u00e1ltoz\u00f3 id\u0151j\u00e1r\u00e1st. A <strong>sz\u00e1razs\u00e1gt\u0171r\u0151 fajt\u00e1k<\/strong>, mint a k\u00f6vir\u00f3zsa vagy a sz\u00edv\u00f3s \u00e9vel\u0151k, p\u00e9ld\u00e1ul a kasvir\u00e1g, nagyon j\u00f3k lehetnek. Ezek rendk\u00edv\u00fcl keveset ig\u00e9nyelnek, m\u00e9gis eg\u00e9sz szezonban vir\u00e1gzanak \u00e9s d\u00fas lombot adnak.<\/p>\n<p>\u00c9rdemes keverni az <strong>egyny\u00e1ri \u00e9s \u00e9vel\u0151<\/strong> n\u00f6v\u00e9nyeket, \u00edgy t\u00e9len-ny\u00e1ron mutat\u00f3s marad a postal\u00e1da k\u00f6rny\u00e9ke:<\/p>\n<ul>\n<li>a floksz tavaszra sz\u00ednes talajtakar\u00f3t ad,<\/li>\n<li>az \u00e1zsiai liliom ny\u00e1ron magass\u00e1got \u00e9s eleganci\u00e1t visz a k\u00e9pbe,<\/li>\n<li>tov\u00e1bbi n\u00f6v\u00e9nyekkel folyamatosan sz\u00edness\u00e9 teheted az eg\u00e9sz \u00e9vet.<\/li>\n<\/ul>\n<p>Kiv\u00e1laszt\u00e1sn\u00e1l mindig n\u00e9zd meg, mennyi t\u00f6r\u0151d\u00e9st ig\u00e9nyel az adott n\u00f6v\u00e9ny. V\u00e1lassz <strong>er\u0151s, gyorsan fejl\u0151d\u0151 fajt\u00e1kat<\/strong>, hogy kev\u00e9s munk\u00e1val is sz\u00e9pen fejl\u0151dj\u00f6n a kerted.<\/p>\n<p>V\u00e9g\u00fcl gondold \u00e1t, hogy a n\u00f6v\u00e9nyeid hogyan illeszkednek a h\u00e1z eg\u00e9sz\u00e9hez. Egy <strong>sz\u00e9p sz\u00edn- \u00e9s formav\u00e1laszt\u00e9k<\/strong> nemcsak n\u00f6veli az utcafront sz\u00e9ps\u00e9g\u00e9t, de a saj\u00e1t st\u00edlusod is visszat\u00fckr\u00f6z\u0151dik benne. \u00cdgy, ha okosan d\u00f6ntesz, igaz\u00e1n l\u00e1tv\u00e1nyos \u00e9s fenntarthat\u00f3 postal\u00e1da-kertet alak\u00edthatsz ki, mely feldobja az otthonod megjelen\u00e9s\u00e9t.<\/p>\n<\/details><details class=\"g-accordion \"><summary><h3>Milyen kev\u00e9s gondoz\u00e1st ig\u00e9nyl\u0151 n\u00f6v\u00e9nyek aj\u00e1nlhat\u00f3k postal\u00e1da-kerthez?<\/h3><\/summary>\n<p>Ha kev\u00e9s gondoz\u00e1sra v\u00e1gy\u00f3 n\u00f6v\u00e9nyeket keresel a postal\u00e1d\u00e1d mell\u00e9, van n\u00e9h\u00e1ny sz\u00edv\u00f3s, egyszer\u0171 v\u00e1laszt\u00e1s, ami j\u00f3l t\u0171ri a v\u00e1ltoz\u00f3 id\u0151j\u00e1r\u00e1st \u00e9s kev\u00e9s t\u00f6r\u0151d\u00e9st k\u00edv\u00e1n. A <strong>feh\u00e9r vinca<\/strong> remek megold\u00e1s: teljes napon is sz\u00e9pen fejl\u0151dik \u00e9s nagyon kev\u00e9s vizet ig\u00e9nyel, \u00edgy azoknak is j\u00f3, akik sz\u00e9p kertet szeretn\u00e9nek, de nincs sok idej\u00fck foglalkozni vele.<\/p>\n<p>J\u00f3 v\u00e1laszt\u00e1s m\u00e9g a strapab\u00edr\u00f3 \u00e9vel\u0151k k\u00f6z\u00fcl a <strong>k\u00f6vir\u00f3zsa<\/strong> vagy a <strong>kasvir\u00e1g<\/strong>. Ezek j\u00f3l b\u00edrj\u00e1k az es\u0151t, napot, hideget is, m\u00e9gis \u00e9l\u00e9nk vir\u00e1gaikkal hossz\u00fa ideig d\u00edsz\u00edtik a kertet szinte gondoz\u00e1s n\u00e9lk\u00fcl. <strong>A k\u00f6vir\u00f3zsa igazi sz\u00e1razs\u00e1gt\u0171r\u0151 bajnok, a kasvir\u00e1g pedig hosszan tart\u00f3 sz\u00e9ps\u00e9get \u00e9s egyszer\u0171 gondoz\u00e1st k\u00edn\u00e1l.<\/strong><\/p>\n<p>Ha szeretn\u00e9d, m\u00e9g jobban megk\u00f6nny\u00edtheted magadnak a munk\u00e1t m\u00e1s sz\u00e1razs\u00e1gt\u0171r\u0151 n\u00f6v\u00e9nyekkel is. P\u00e9ld\u00e1ul a <strong>floksz<\/strong> sz\u00ednes talajtakar\u00f3t hoz l\u00e9tre an\u00e9lk\u00fcl, hogy gyakran kellene \u00f6nt\u00f6zni vagy ny\u00edrni. Ezekkel a v\u00e1laszt\u00e1sokkal nemcsak szebb\u00e9, hanem v\u00edztakar\u00e9kosabb\u00e1 is teszed a postal\u00e1da k\u00f6rny\u00e9k\u00e9t \u2013 \u00edgy a gondoz\u00e1s is egyszer\u0171bb.<\/p>\n<p>Ezekkel a kev\u00e9s t\u00f6r\u0151d\u00e9st ig\u00e9nyl\u0151 vir\u00e1gokkal egy igaz\u00e1n d\u00fas, sz\u00ednes kertet var\u00e1zsolhatsz magadnak, an\u00e9lk\u00fcl, hogy t\u00fal sok id\u0151t vagy p\u00e9nzt \u00e1ldozn\u00e1l r\u00e1. <strong>Ha az \u00e9ghajlatodhoz \u00e9s a napf\u00e9nyviszonyokhoz passzol\u00f3, sz\u00edv\u00f3s n\u00f6v\u00e9nyeket v\u00e1lasztod, biztosan tart\u00f3san mutat\u00f3s \u00e9s egyedi lesz a postal\u00e1d\u00e1d k\u00f6rnyezete.<\/strong><\/p>\n<\/details><details class=\"g-accordion \"><summary><h3>Hogyan haszn\u00e1lhatsz vir\u00e1gokat a postal\u00e1da kertj\u00e9ben?<\/h3><\/summary>\n<p>A postal\u00e1da k\u00f6rny\u00e9k\u00e9t k\u00f6nnyen feldobhatod sz\u00ednes vir\u00e1gokkal. Kezd\u00e9snek \u00fcltess vir\u00e1g\u00e1gy\u00e1st a postal\u00e1da k\u00f6r\u00fcl \u2013 p\u00e9ld\u00e1ul egyny\u00e1ri <strong>zinni\u00e1t<\/strong> vagy \u00e9vel\u0151 <strong>\u00e1zsiai liliomot<\/strong>. Ezzel eg\u00e9sz \u00e9ven \u00e1t \u00e9lvezheted a v\u00e1ltozatos vir\u00e1gz\u00e1st, ami k\u00fcl\u00f6n\u00f6sen sz\u00e9pp\u00e9 teszi az utcak\u00e9pet.<\/p>\n<p>Kombin\u00e1ld a k\u00fcl\u00f6nb\u00f6z\u0151 t\u00edpus\u00fa n\u00f6v\u00e9nyeket, hogy sokf\u00e9le text\u00fara \u00e9s sz\u00edn jelenjen meg. A floksz s\u0171r\u0171 talajtakar\u00f3t ad, m\u00edg a magasabb n\u00f6v\u00e9s\u0171 <strong>k\u00e1l\u00e1dium<\/strong> extra magass\u00e1got \u00e9s izgalmas l\u00e1tv\u00e1nyt visz a csoportba. \u00cdgy a postal\u00e1d\u00e1d k\u00f6nnyen a kerted legszebb pontj\u00e1v\u00e1 v\u00e1lhat.<\/p>\n<ul>\n<li>Ha \u00f6sszhangot szeretn\u00e9l, szeg\u00e9lyezd a vir\u00e1g\u00e1gy\u00e1st d\u00edszk\u00f6vekkel vagy szeg\u00e9lyk\u00f6vekkel,<\/li>\n<li>ez nemcsak kijel\u00f6li a ter\u00fcletet, hanem seg\u00edt, hogy a f\u0171 ne n\u0151j\u00f6n bele, \u00edgy sokkal rendezettebb lesz a l\u00e1tv\u00e1ny,<\/li>\n<li>alacsony gondoz\u00e1s\u00fa vir\u00e1gok, p\u00e9ld\u00e1ul a <strong>feh\u00e9r vinca<\/strong> seg\u00edtenek, hogy a kerted egyszer\u0171 maradjon, de mindig sz\u00e9p.<\/li>\n<\/ul>\n<p>Pr\u00f3b\u00e1lj ki kasp\u00f3kat vagy vir\u00e1gl\u00e1d\u00e1kat is, ha szeretn\u00e9d rugalmasabb\u00e1 tenni a kerted. Ezekkel k\u00f6nnyen cser\u00e9lheted a szezon\u00e1lis vir\u00e1gokat vagy ak\u00e1r f\u0171szern\u00f6v\u00e9nyeket is \u00fcltethetsz \u2013 \u00edgy mindig friss, \u00faj hangulatot vihetsz a postal\u00e1da k\u00f6r\u00e9 an\u00e9lk\u00fcl, hogy sokat kellene \u00fcltetgetned.<\/p>\n<\/details> <details class=\"g-accordion \"><summary><h3>Milyen kreat\u00edv \u00f6tletek vannak a postal\u00e1da k\u00f6rny\u00e9k\u00e9n kialak\u00edtott kertekhez?<\/h3><\/summary>  <\/p>\n<p>Kreat\u00edv postal\u00e1da kertet \u00fagy alak\u00edthatsz ki, ha egyedi elemeket teszel hozz\u00e1, amik megmutatj\u00e1k a saj\u00e1t st\u00edlusodat, mik\u00f6zben szebb\u00e9 teszik a h\u00e1zad el\u0151tti ter\u00fcletet. Kezdd azzal, hogy t\u00f6bbf\u00e9le n\u00f6v\u00e9nyt v\u00e1lasztasz: p\u00e9ld\u00e1ul ter\u00fcl\u0151 l\u00e1ngvir\u00e1got (creeping phlox) talajtakar\u00f3nak, magasabb n\u00f6v\u00e9nyek k\u00f6z\u00fcl pedig v\u00e1laszthatsz \u00e1zsiai liliomot vagy kal\u00e1diumot, amelyek magass\u00e1got \u00e9s m\u00e9lys\u00e9get adnak, \u00edgy mindig van mire r\u00e1n\u00e9zni a kertben.<\/p>\n<ul>\n<li>Tegyetek le dekorat\u00edv k\u00f6veket vagy kavicsokat, hogy v\u00e1ltozatosabb legyen a felsz\u00edn \u00e9s elk\u00fcl\u00f6n\u00fclj\u00f6n a kert,<\/li>\n<li>Vid\u00e1m hangulathoz v\u00e1lassz kis kerti t\u00f6rp\u00e9ket vagy m\u00f3k\u00e1s t\u00e1bl\u00e1kat, hogy igaz\u00e1n egyedi legyen a postal\u00e1da k\u00f6rnyezete,<\/li>\n<li>Haszn\u00e1ljatok kasp\u00f3kat vagy cserepeket, mert ezekkel k\u00f6nnyed\u00e9n cser\u00e9lhetitek a vir\u00e1gokat \u00e9vszakonk\u00e9nt.<\/li>\n<\/ul>\n<p>Ezek az apr\u00f3 \u00f6tletek egy egyszer\u0171 postal\u00e1d\u00e1b\u00f3l <strong>igazi k\u00fcl\u00f6nleges l\u00e1tv\u00e1nyelemet<\/strong> var\u00e1zsolnak, ami remek\u00fcl illik a h\u00e1z k\u00fclsej\u00e9hez. R\u00e1ad\u00e1sul \u00edgy k\u00f6nnyen \u00e1t is rendezheted a n\u00f6v\u00e9nyeket, ha v\u00e1ltoztatni szeretn\u00e9l a kin\u00e9zeten, ak\u00e1r minden \u00e9vszakban.<\/p>\n<p>\u00c9rdemes vil\u00e1g\u00edt\u00e1st is tervezni, hogy a postal\u00e1da este is j\u00f3l l\u00e1that\u00f3 \u00e9s mutat\u00f3s legyen. <strong>A napelemes l\u00e1mp\u00e1k energiatakar\u00e9kos megold\u00e1st jelentenek<\/strong>, r\u00e1ad\u00e1sul nem ig\u00e9nyelnek bonyolult k\u00e1belez\u00e9st sem.<\/p>\n<p>Ezekkel a kreat\u00edv \u00f6tletekkel olyan postal\u00e1da kerted lehet, ami nemcsak l\u00e1tv\u00e1nyosabb\u00e1 teszi az el\u0151kertet, hanem igaz\u00e1n megmutatja, milyen a te \u00edzl\u00e9sed \u00e9s szem\u00e9lyis\u00e9ged.<\/p>\n<\/details>\n<details class=\"g-accordion \"><summary><h3>Mi\u00e9rt \u00e9rdemes k\u00f6veket \u00e9s kavicsokat haszn\u00e1lni a postal\u00e1da k\u00f6rnyezet\u00e9nek kialak\u00edt\u00e1s\u00e1n\u00e1l?<\/h3><\/summary>  <\/p>\n<p>A k\u00f6vek \u00e9s kavicsok be\u00e9p\u00edt\u00e9se a postal\u00e1da k\u00f6rny\u00e9k\u00e9re sok el\u0151nnyel j\u00e1r:<\/p>\n<ul>\n<li>A term\u00e9szetes anyagok seg\u00edtik az es\u0151v\u00edz elvezet\u00e9s\u00e9t, \u00edgy nem marad t\u00f3csa, elker\u00fclhet\u0151 a talaj er\u00f3zi\u00f3ja \u2013 f\u0151leg, ahol gyakran \u00e9s sokat esik az es\u0151,<\/li>\n<li>A k\u00f6vek magukban is megakad\u00e1lyozz\u00e1k, hogy a napf\u00e9ny eljusson a gyomokhoz, \u00edgy kevesebbet kell gazolni,<\/li>\n<li>A d\u00edsz\u00edt\u0151 k\u00f6vek izgalmasabb\u00e1 teszik \u00e9s text\u00far\u00e1t adnak a postal\u00e1da kertj\u00e9nek,<\/li>\n<li>A k\u00f6vek term\u00e9szetes hat\u00e1st keltenek, sz\u00e9pen kiemelik a n\u00f6v\u00e9nyeket \u00e9s vir\u00e1gokat, fokozz\u00e1k a h\u00e1z el\u0151tti ter\u00fclet l\u00e1tv\u00e1ny\u00e1t,<\/li>\n<li>Ha a k\u00f6veket egym\u00e1sra rakod, sz\u00e9p szeg\u00e9lyt tudsz \u00e9p\u00edteni, vagy \u00e9rdekes h\u00e1tteret adhatsz p\u00e9ld\u00e1ul sz\u00ednes vir\u00e1goknak, mint a z\u00ednia vagy \u00e1zsiai liliom.<\/li>\n<\/ul>\n<p>R\u00e1ad\u00e1sul a <strong>k\u00f6vek kevesebb gondoz\u00e1st ig\u00e9nyelnek, mint p\u00e9ld\u00e1ul a fak\u00e9reg vagy mulcs<\/strong>. Ezekkel ellent\u00e9tben a k\u00f6vek nem korhadnak el, \u00edgy nem kell gyakran cser\u00e9lni \u0151ket. Ha k\u00f6veket v\u00e1lasztasz a postal\u00e1da k\u00f6r\u00fcli kertedhez, sz\u00e9p \u00e9s tart\u00f3s kerted lesz, amit k\u00f6nny\u0171 karbantartani.<\/p>\n<\/details>\n<details class=\"g-accordion \"><summary><h3>Hogyan haszn\u00e1lhat\u00f3k kasp\u00f3k \u00e9s cserepek a postal\u00e1da kertj\u00e9ben?<\/h3><\/summary>  <\/p>\n<p>A kasp\u00f3k \u00e9s cserepek remek\u00fcl feldobj\u00e1k a postal\u00e1d\u00e1d k\u00f6rny\u00e9k\u00e9t: magass\u00e1got, v\u00e1ltozatoss\u00e1got \u00e9s szezon\u00e1lis hangulatot adnak b\u00e1rmilyen kertben. Ezekkel a t\u00e1rol\u00f3kkal nagyon egyszer\u0171 a n\u00f6v\u00e9nyeket cser\u00e9lgetni, \u00edgy \u00e9v k\u00f6zben ak\u00e1r t\u00f6bbf\u00e9le st\u00edlust is kipr\u00f3b\u00e1lhatsz er\u0151fesz\u00edt\u00e9s n\u00e9lk\u00fcl.<\/p>\n<p>A kasp\u00f3k nemcsak praktikusak, hanem m\u00e9g t\u00f6bb sz\u00ednt is visznek a kompoz\u00edci\u00f3ba anyaguknak \u00e9s mint\u00e1juknak k\u00f6sz\u00f6nhet\u0151en. J\u00f3l illenek m\u00e1s d\u00edsz\u00edt\u0151elemekhez, p\u00e9ld\u00e1ul kavicsokhoz vagy t\u00e9rk\u00f6vekhez. Ha t\u00f6bbf\u00e9le m\u00e9ret\u0171 \u00e9s magass\u00e1g\u00fa kasp\u00f3t elhelyezel a postal\u00e1da k\u00f6r\u00fcl, izgalmasabb lesz az \u00f6sszhat\u00e1s, r\u00e1ad\u00e1sul k\u00f6nnyebb tiszt\u00e1n tartani, mint egy hagyom\u00e1nyos vir\u00e1g\u00e1gy\u00e1st.<\/p>\n<p><strong>Ha kasp\u00f3kat helyezel el a postal\u00e1da mellett, nemcsak szebb\u00e9 teszed a k\u00f6rnyezet\u00e9t, hanem \u00e1tl\u00e1that\u00f3bban is tudod rendezni \u00e9s kevesebbet kell vele foglalkozni.<\/strong><\/p>\n<\/details>\n<details class=\"g-accordion \"><summary><h3>Miben seg\u00edtenek a vil\u00e1g\u00edt\u00e1s \u00e9s d\u00edszt\u00e1rgyak a postal\u00e1da k\u00f6r\u00fcli kertn\u00e9l?<\/h3><\/summary>  <\/p>\n<p>Ha vil\u00e1g\u00edt\u00e1st \u00e9s d\u00edszt\u00e1rgyakat haszn\u00e1lsz a postal\u00e1da k\u00f6r\u00fcl, az sokat dobhat a l\u00e1tv\u00e1nyon \u00e9s m\u00e9g praktikusabb\u00e1 is teszi a helyet. A megfelel\u0151 vil\u00e1g\u00edt\u00e1s este k\u00fcl\u00f6n\u00f6sen fontos, hiszen \u00edgy k\u00f6nnyen megtal\u00e1lod a postal\u00e1d\u00e1t, r\u00e1ad\u00e1sul kellemesebb, vend\u00e9gv\u00e1r\u00f3 hangulatot \u00e1raszt. <strong>A napelemes l\u00e1mp\u00e1k<\/strong> energiatakar\u00e9kosak \u00e9s egyszer\u0171en beszerelhet\u0151k.<\/p>\n<p>Ha k\u00fcl\u00f6nb\u00f6z\u0151 d\u00edsz\u00edt\u0151elemeket \u2013 p\u00e9ld\u00e1ul z\u00e1szl\u00f3kat vagy \u00e9vszaknak megfelel\u0151 d\u00edszeket \u2013 haszn\u00e1lsz, m\u00e9g szem\u00e9lyesebb \u00e9s bar\u00e1ts\u00e1gosabb lesz a hely. \u00cdgy eg\u00e9sz \u00e9vben v\u00e1ltozatos maradhat a postal\u00e1da k\u00f6rnyezete. Kieg\u00e9sz\u00edtheted p\u00e9ld\u00e1ul l\u00e1mp\u00e1ssal vagy kis szobrokkal is az \u00f6sszhat\u00e1st, \u00edgy egyszer\u0171 postal\u00e1d\u00e1db\u00f3l igazi d\u00edsz v\u00e1lik.<\/p>\n<p><strong>Ezek a fejleszt\u00e9sek nemcsak szebb\u00e9, hanem biztons\u00e1gosabb\u00e1 is teszik a postal\u00e1d\u00e1hoz vezet\u0151 utat s\u00f6t\u00e9tben.<\/strong> Ha \u00fagy v\u00e1lasztod ki a vil\u00e1g\u00edt\u00e1st \u00e9s a d\u00edszeket, hogy azok harmoniz\u00e1lnak a h\u00e1z k\u00fclsej\u00e9vel, egys\u00e9ges lesz az \u00f6sszhat\u00e1s \u2013 sz\u00e9p \u00e9s praktikus egyszerre.<\/p>\n<\/details>\n<details class=\"g-accordion \"><summary><h3>Hogyan k\u00e9sz\u00edthetsz saj\u00e1t postal\u00e1da kertet l\u00e9p\u00e9sr\u0151l l\u00e9p\u00e9sre?<\/h3><\/summary>  <\/p>\n<p>Egy saj\u00e1t postal\u00e1da kert k\u00e9sz\u00edt\u00e9se egyszerre sz\u00f3rakoztat\u00f3 \u00e9s hasznos id\u0151t\u00f6lt\u00e9s. Kezdd azzal, hogy olyan kialak\u00edt\u00e1st tervezel, ami illik a h\u00e1zadhoz \u00e9s a te \u00edzl\u00e9sedhez. El\u0151sz\u00f6r gy\u0171jtsd \u00f6ssze az \u00f6sszes sz\u00fcks\u00e9ges kell\u00e9ket: f\u00f6ldet, n\u00f6v\u00e9nyeket, kavicsokat, mulcsot.<\/p>\n<ol>\n<li>El\u0151k\u00e9sz\u00fcletk\u00e9nt tiszt\u00edtsd meg a postal\u00e1da k\u00f6rny\u00e9k\u00e9t, szedd ki a gazokat \u00e9s szemetet, hogy rendben legyen a hely a ki\u00fcltet\u00e9s el\u0151tt,<\/li>\n<li>Helyezd el a n\u00f6v\u00e9nyeket a postal\u00e1da k\u00f6r\u00fcl, figyelve arra, hogy j\u00f3l mutassanak, \u00e9s megfeleljenek a k\u00f6rnyezetnek,<\/li>\n<li>V\u00e1lassz sz\u00ednes vir\u00e1gokat \u00e9s strapab\u00edr\u00f3 \u00e9vel\u0151ket, p\u00e9ld\u00e1ul <strong>ter\u00fcl\u0151 l\u00e1ngvir\u00e1got<\/strong> vagy <strong>feh\u00e9r vinc\u00e1t<\/strong>, hogy eg\u00e9sz \u00e9vben d\u00edsz\u00edtsen a kert.<\/li>\n<\/ol>\n<p>Ezut\u00e1n sz\u00f3rj le mulcsot vagy d\u00edszk\u00f6veket, hogy rendezettebb legyen a kert, megakad\u00e1lyozd a gazosod\u00e1st \u00e9s megtartsd a nedvess\u00e9get.<\/p>\n<ul>\n<li>Haszn\u00e1lhatsz szeg\u00e9lyk\u00f6vet vagy t\u00e9rk\u00f6vet is, hogy sz\u00e9pen elv\u00e1laszd a kert r\u00e9sz\u00e9t,<\/li>\n<li>Ez nemcsak l\u00e1tv\u00e1nyosabb\u00e1 teszi a kertet, hanem a f\u00fcvet is t\u00e1vol tartja a vir\u00e1gokt\u00f3l.<\/li>\n<\/ul>\n<ul>\n<li>Gondolj kasp\u00f3k vagy cserepek be\u00e9p\u00edt\u00e9s\u00e9re is,<\/li>\n<li>Ezekkel k\u00f6nnyen tudsz v\u00e1ltoztatni a n\u00f6v\u00e9nyeken \u00e9vszakonk\u00e9nt an\u00e9lk\u00fcl, hogy mindig \u00fajat kellene \u00fcltetni.<\/li>\n<\/ul>\n<p>Befejez\u00e9s\u00fcl vil\u00e1g\u00edtsd ki a kertet, p\u00e9ld\u00e1ul <strong>napelemes l\u00e1mp\u00e1kkal<\/strong>, amelyek este is mutat\u00f3sak \u00e9s praktikusak. D\u00edsz\u00edtsd a teret apr\u00f3 kerti szobrokkal vagy z\u00e1szl\u00f3kkal, hogy m\u00e9g ink\u00e1bb a saj\u00e1todnak \u00e9rezd.<\/p>\n<p><strong>Ha ezeket a l\u00e9p\u00e9seket k\u00f6veted, egy sz\u00e9p, saj\u00e1t k\u00e9sz\u00edt\u00e9s\u0171 postal\u00e1da kerted lesz, ami feldobja a h\u00e1z el\u0151tti r\u00e9szt, \u00e9s igaz\u00e1n l\u00e1ttatni engedi az egy\u00e9nis\u00e9gedet.<\/strong><\/p>\n<\/details>\n<details class=\"g-accordion \"><summary><h3>Hogyan kell gondozni a postal\u00e1da k\u00f6r\u00fcli kertet?<\/h3><\/summary>  <\/p>\n<p>A postal\u00e1da k\u00f6rny\u00e9k\u00e9n kialak\u00edtott kert gondoz\u00e1sa rendszeres odafigyel\u00e9st ig\u00e9nyel, hogy mindig rendezett \u00e9s sz\u00e9p maradjon. Kezdd a rendszeres \u00f6nt\u00f6z\u00e9ssel, f\u0151leg, ha napos helyen vannak a n\u00f6v\u00e9nyek, vagy k\u00f6nnyen kisz\u00e1radnak. Az \u00f6nt\u00f6z\u00e9s mennyis\u00e9g\u00e9t mindig igaz\u00edtsd az id\u0151j\u00e1r\u00e1shoz \u00e9s az \u00e9vszakhoz.<\/p>\n<p>A sz\u00e9p, rendezett l\u00e1tv\u00e1ny\u00e9rt gyakran kell gazolni. Ha rendszeresen elt\u00e1vol\u00edtod a gyomokat, azok nem veszik el a t\u00e1panyagot \u00e9s a vizet a vir\u00e1gokt\u00f3l, \u00edgy tiszta marad a kert.<\/p>\n<p>Metsz\u00e9s is fontos: ha visszav\u00e1god a t\u00faln\u0151tt \u00e1gakat vagy sz\u00e1rakat, eg\u00e9szs\u00e9gesebb lesz a n\u00f6v\u00e9ny, \u00e9s szebb, form\u00e1sabb marad. \u00cdgy a nagyobb n\u00f6v\u00e9nyek sem fogj\u00e1k el a f\u00e9nyt a kisebb vir\u00e1gok vagy d\u00edszek el\u0151l.<\/p>\n<p>Az \u00e9v folyam\u00e1n c\u00e9lszer\u0171 mindig kicsit igaz\u00edtani a kerten:<\/p>\n<ul>\n<li>\u00dcltess \u00faj vir\u00e1gokat vagy cser\u00e9lj ki r\u00e9gi n\u00f6v\u00e9nyeket, hogy mindig legyen, ami \u00e9pp ny\u00edlik,<\/li>\n<li>Haszn\u00e1lj egyny\u00e1ri vir\u00e1gokat, p\u00e9ld\u00e1ul <strong>z\u00edni\u00e1t<\/strong> tavasszal \u00e9s ny\u00e1ron,<\/li>\n<li>Majd v\u00e1lts \u00e1t kem\u00e9nyebb \u00e9vel\u0151kre, mint p\u00e9ld\u00e1ul az <strong>Echinacea<\/strong>, \u00edgy t\u00e9len-ny\u00e1ron lesz \u00e9rdekes n\u00f6v\u00e9ny a postal\u00e1d\u00e1n\u00e1l.<\/li>\n<\/ul>\n<p>Ne feledkezz meg id\u0151nk\u00e9nt a talajr\u00f3l sem. Ha sz\u00fcks\u00e9ges, jav\u00edtsd fel f\u00f6ldet mulccsal vagy komposzttal, hogy nedvesebb \u00e9s term\u00e9kenyebb legyen. <strong>Ezekkel a l\u00e9p\u00e9sekkel a postal\u00e1da kerted eg\u00e9sz \u00e9vben mutat\u00f3s marad, \u00e9s mindig sz\u00e9pen fogja keretezni a h\u00e1zad el\u0151tti teret.<\/strong><\/p>\n<\/details>\n","protected":false},"excerpt":{"rendered":"<p>Dobd fel otthonod els\u0151 benyom\u00e1s\u00e1t a postal\u00e1da k\u00f6rny\u00e9k\u00e9nek dekor\u00e1ci\u00f3j\u00e1val! Ez az egyszer\u0171, de hat\u00e1sos \u00f6tlet seg\u00edt abban, hogy m\u00e1r a j\u00e1rda mell\u0151l is vonz\u00f3v\u00e1 tedd h\u00e1zadat. Ha a postal\u00e1d\u00e1dat k\u00f6r\u00fclveszed sz\u00e9pen megv\u00e1lasztott n\u00f6v\u00e9nyekkel, d\u00edsz\u00edt\u0151 elemekkel \u00e9s egy-k\u00e9t \u00f6tletes megold\u00e1ssal, a mindennapi haszn\u00e1lati t\u00e1rgyb\u00f3l is var\u00e1zslatos l\u00e1tv\u00e1nyoss\u00e1got alak\u00edthatsz ki, ami sz\u00edvesen fogadja a vend\u00e9geket \u00e9s a j\u00e1r\u00f3kel\u0151ket is. A postal\u00e1da k\u00f6rny\u00e9k\u00e9t&hellip;<\/p>\n","protected":false},"author":12,"featured_media":1790,"comment_status":"closed","ping_status":"closed","sticky":false,"template":"","format":"standard","meta":{"rank_math_focus_keyword":"postal\u00e1da t\u00e1jrendez\u00e9s","rank_math_title":"Postal\u00e1da t\u00e1jrendez\u00e9s: Alak\u00edtsd \u00e1t az utcafronti megjelen\u00e9st","rank_math_description":"Fedezd fel a kreat\u00edv postal\u00e1da kert\u00e9szeti \u00f6tleteket, hogy fokozd otthonod utcai vonzerej\u00e9t. Alak\u00edtsd \u00e1t postal\u00e1d\u00e1d k\u00f6rny\u00e9k\u00e9t gy\u00f6ny\u00f6r\u0171 diz\u00e1jnokkal.","footnotes":""},"categories":[141],"tags":[],"class_list":["post-1990","post","type-post","status-publish","format-standard","has-post-thumbnail","hentry","category-kulteri-dekoraciok"],"g_custom_schema_json":"<script type=\"application\/ld+json\">\n{\n  \"@context\": \"https:\/\/schema.org\",\n  \"@type\": \"FAQPage\",\n  \"mainEntity\": [\n    {\n      \"@type\": \"Question\",\n      \"name\": \"Mi az a postal\u00e1da-kertrendez\u00e9s?\",\n      \"acceptedAnswer\": {\n        \"@type\": \"Answer\",\n        \"text\": \"A postal\u00e1da k\u00f6r\u00fcli kertrendez\u00e9s azt jelenti, hogy n\u00f6v\u00e9nyekkel, vir\u00e1gokkal \u00e9s dekor\u00e1ci\u00f3kkal veszed k\u00f6r\u00fcl a postal\u00e1d\u00e1t, hogy sz\u00e9p \u00e9s figyelemfelkelt\u0151 r\u00e9sz\u00e9v\u00e9 v\u00e1ljon a kertednek. Ez nemcsak feldobja ezt a ter\u00fcletet, hanem a h\u00e1z k\u00fcls\u0151 megjelen\u00e9s\u00e9t is jav\u00edtja. Ezekkel az elemekkel \u00e9vszakhoz ill\u0151 sz\u00edneket \u00e9s hangulatot vihetsz az utcafrontra.\"\n      }\n    },\n    {\n      \"@type\": \"Question\",\n      \"name\": \"Hogyan emeli a postal\u00e1da-kertrendez\u00e9s az utcak\u00e9p sz\u00ednvonal\u00e1t?\",\n      \"acceptedAnswer\": {\n        \"@type\": \"Answer\",\n        \"text\": \"Az, hogy otthonod utcai megjelen\u00e9se vonz\u00f3bb\u00e1 v\u00e1ljon, lehet olyan egyszer\u0171 is, mint a postal\u00e1da k\u00f6rny\u00e9k\u00e9t feldobni \u2013 \u00edgy egy bar\u00e1ts\u00e1gos, szemet gy\u00f6ny\u00f6rk\u00f6dtet\u0151 r\u00e9szt alak\u00edtasz ki. Egy j\u00f3l megtervezett postal\u00e1da-kert nemcsak a vend\u00e9gek, j\u00e1r\u00f3kel\u0151k figyelm\u00e9t kelti fel, hanem remek\u00fcl megmutatja a szem\u00e9lyis\u00e9gedet is. Az alacsony gondoz\u00e1st ig\u00e9nyl\u0151 n\u00f6v\u00e9nyek v\u00e1laszt\u00e1s\u00e1val a kerted sz\u00e9p marad, an\u00e9lk\u00fcl, hogy sok id\u0151t kellene r\u00e1 ford\u00edtanod.\"\n      }\n    },\n    {\n      \"@type\": \"Question\",\n      \"name\": \"Milyen anyagok \u00e9s st\u00edlusok passzolnak legjobban egy postal\u00e1d\u00e1hoz?\",\n      \"acceptedAnswer\": {\n        \"@type\": \"Answer\",\n        \"text\": \"A megfelel\u0151 anyagok \u00e9s st\u00edlusok kiv\u00e1laszt\u00e1sa fontos, ha szeretn\u00e9l egy mutat\u00f3s \u00e9s j\u00f3l haszn\u00e1lhat\u00f3 postal\u00e1d\u00e1t a kertben. A k\u0151blokkok, tetej\u00fck\u00f6n fed\u0151k\u0151vel, nagyon kedvelt anyagok a tart\u00f3ss\u00e1guk \u00e9s eleganci\u00e1juk miatt. A modernabb st\u00edlusok t\u00f6bbsz\u00f6r haszn\u00e1lj\u00e1k a letisztult form\u00e1kat, m\u00edg a vid\u00e9ki hangulat\u00fa kertn\u00e9l sokf\u00e9le, vir\u00e1gz\u00f3 n\u00f6v\u00e9ny ker\u00fclhet a postal\u00e1da k\u00f6r\u00e9.\"\n      }\n    },\n    {\n      \"@type\": \"Question\",\n      \"name\": \"Hogyan v\u00e1laszthatsz n\u00f6v\u00e9nyeket a postal\u00e1da kertj\u00e9hez?\",\n      \"acceptedAnswer\": {\n        \"@type\": \"Answer\",\n        \"text\": \"A megfelel\u0151 n\u00f6v\u00e9nyek kiv\u00e1laszt\u00e1sa a postal\u00e1d\u00e1d mell\u00e9 egy kis el\u0151zetes gondolkod\u00e1st ig\u00e9nyel. El\u0151sz\u00f6r is n\u00e9zd meg, milyen \u00e9ghajlaton \u00e9lsz \u2013 \u00edgy olyan n\u00f6v\u00e9nyeket v\u00e1laszthatsz, amelyek j\u00f3l \u00e9rzik magukat n\u00e1latok. \u00c9rdemes keverni az egyny\u00e1ri \u00e9s \u00e9vel\u0151 n\u00f6v\u00e9nyeket, \u00edgy t\u00e9len-ny\u00e1ron mutat\u00f3s marad a postal\u00e1da k\u00f6rny\u00e9ke.\"\n      }\n    },\n    {\n      \"@type\": \"Question\",\n      \"name\": \"Milyen kev\u00e9s gondoz\u00e1st ig\u00e9nyl\u0151 n\u00f6v\u00e9nyek aj\u00e1nlhat\u00f3k postal\u00e1da-kerthez?\",\n      \"acceptedAnswer\": {\n        \"@type\": \"Answer\",\n        \"text\": \"Ha kev\u00e9s gondoz\u00e1sra v\u00e1gy\u00f3 n\u00f6v\u00e9nyeket keresel a postal\u00e1d\u00e1d mell\u00e9, van n\u00e9h\u00e1ny sz\u00edv\u00f3s, egyszer\u0171 v\u00e1laszt\u00e1s. A feh\u00e9r vinca remek megold\u00e1s: teljes napon is sz\u00e9pen fejl\u0151dik \u00e9s nagyon kev\u00e9s vizet ig\u00e9nyel. J\u00f3 v\u00e1laszt\u00e1s m\u00e9g a strapab\u00edr\u00f3 \u00e9vel\u0151k k\u00f6z\u00fcl a k\u00f6vir\u00f3zsa vagy a kasvir\u00e1g.\"\n      }\n    },\n    {\n      \"@type\": \"Question\",\n      \"name\": \"Hogyan haszn\u00e1lhatsz vir\u00e1gokat a postal\u00e1da kertj\u00e9ben?\",\n      \"acceptedAnswer\": {\n        \"@type\": \"Answer\",\n        \"text\": \"A postal\u00e1da k\u00f6rny\u00e9k\u00e9t k\u00f6nnyen feldobhatod sz\u00ednes vir\u00e1gokkal. Kezd\u00e9snek \u00fcltess vir\u00e1g\u00e1gy\u00e1st a postal\u00e1da k\u00f6r\u00fcl \u2013 p\u00e9ld\u00e1ul egyny\u00e1ri zinni\u00e1t vagy \u00e9vel\u0151 \u00e1zsiai liliomot. Kombin\u00e1ld a k\u00fcl\u00f6nb\u00f6z\u0151 t\u00edpus\u00fa n\u00f6v\u00e9nyeket, hogy sokf\u00e9le text\u00fara \u00e9s sz\u00edn jelenjen meg.\"\n      }\n    },\n    {\n      \"@type\": \"Question\",\n      \"name\": \"Milyen kreat\u00edv \u00f6tletek vannak a postal\u00e1da k\u00f6rny\u00e9k\u00e9n kialak\u00edtott kertekhez?\",\n      \"acceptedAnswer\": {\n        \"@type\": \"Answer\",\n        \"text\": \"Kreat\u00edv postal\u00e1da kertet \u00fagy alak\u00edthatsz ki, ha egyedi elemeket teszel hozz\u00e1, amik megmutatj\u00e1k a saj\u00e1t st\u00edlusodat, mik\u00f6zben szebb\u00e9 teszik a h\u00e1zad el\u0151tti ter\u00fcletet. Tegyetek le dekorat\u00edv k\u00f6veket vagy kavicsokat, hogy v\u00e1ltozatosabb legyen a felsz\u00edn. Ezek az apr\u00f3 \u00f6tletek egy egyszer\u0171 postal\u00e1d\u00e1b\u00f3l igazi k\u00fcl\u00f6nleges l\u00e1tv\u00e1nyelemet var\u00e1zsolnak.\"\n      }\n    },\n    {\n      \"@type\": \"Question\",\n      \"name\": \"Mi\u00e9rt \u00e9rdemes k\u00f6veket \u00e9s kavicsokat haszn\u00e1lni a postal\u00e1da k\u00f6rnyezet\u00e9nek kialak\u00edt\u00e1s\u00e1n\u00e1l?\",\n      \"acceptedAnswer\": {\n        \"@type\": \"Answer\",\n        \"text\": \"A k\u00f6vek \u00e9s kavicsok be\u00e9p\u00edt\u00e9se a postal\u00e1da k\u00f6rny\u00e9k\u00e9re sok el\u0151nnyel j\u00e1r. A term\u00e9szetes anyagok seg\u00edtik az es\u0151v\u00edz elvezet\u00e9s\u00e9t, \u00edgy nem marad t\u00f3csa, elker\u00fclhet\u0151 a talaj er\u00f3zi\u00f3ja. A k\u00f6vek magukban is megakad\u00e1lyozz\u00e1k, hogy a napf\u00e9ny eljusson a gyomokhoz.\"\n      }\n    },\n    {\n      \"@type\": \"Question\",\n      \"name\": \"Hogyan haszn\u00e1lhat\u00f3k kasp\u00f3k \u00e9s cserepek a postal\u00e1da kertj\u00e9ben?\",\n      \"acceptedAnswer\": {\n        \"@type\": \"Answer\",\n        \"text\": \"A kasp\u00f3k \u00e9s cserepek remek\u00fcl feldobj\u00e1k a postal\u00e1d\u00e1d k\u00f6rny\u00e9k\u00e9t: magass\u00e1got, v\u00e1ltozatoss\u00e1got \u00e9s szezon\u00e1lis hangulatot adnak b\u00e1rmilyen kertben. Ezekkel a t\u00e1rol\u00f3kkal nagyon egyszer\u0171 a n\u00f6v\u00e9nyeket cser\u00e9lgetni. Ha kasp\u00f3kat helyezel el a postal\u00e1da mellett, nemcsak szebb\u00e9 teszed a k\u00f6rnyezet\u00e9t, hanem \u00e1tl\u00e1that\u00f3bban is tudod rendezni.\"\n      }\n    },\n    {\n      \"@type\": \"Question\",\n      \"name\": \"Miben seg\u00edtenek a vil\u00e1g\u00edt\u00e1s \u00e9s d\u00edszt\u00e1rgyak a postal\u00e1da k\u00f6r\u00fcli kertn\u00e9l?\",\n      \"acceptedAnswer\": {\n        \"@type\": \"Answer\",\n        \"text\": \"Ha vil\u00e1g\u00edt\u00e1st \u00e9s d\u00edszt\u00e1rgyakat haszn\u00e1lsz a postal\u00e1da k\u00f6r\u00fcl, az sokat dobhat a l\u00e1tv\u00e1nyon \u00e9s m\u00e9g praktikusabb\u00e1 is teszi a helyet. A megfelel\u0151 vil\u00e1g\u00edt\u00e1s este k\u00fcl\u00f6n\u00f6sen fontos, hiszen \u00edgy k\u00f6nnyen megtal\u00e1lod a postal\u00e1d\u00e1t. Ezek a fejleszt\u00e9sek nemcsak szebb\u00e9, hanem biztons\u00e1gosabb\u00e1 is teszik a postal\u00e1d\u00e1hoz vezet\u0151 utat s\u00f6t\u00e9tben.\"\n      }\n    },\n    {\n      \"@type\": \"Question\",\n      \"name\": \"Hogyan k\u00e9sz\u00edthetsz saj\u00e1t postal\u00e1da kertet l\u00e9p\u00e9sr\u0151l l\u00e9p\u00e9sre?\",\n      \"acceptedAnswer\": {\n        \"@type\": \"Answer\",\n        \"text\": \"Egy saj\u00e1t postal\u00e1da kert k\u00e9sz\u00edt\u00e9se egyszerre sz\u00f3rakoztat\u00f3 \u00e9s hasznos id\u0151t\u00f6lt\u00e9s. Kezdd azzal, hogy olyan kialak\u00edt\u00e1st tervezel, ami illik a h\u00e1zadhoz \u00e9s a te \u00edzl\u00e9sedhez. El\u0151k\u00e9sz\u00fcletk\u00e9nt tiszt\u00edtsd meg a postal\u00e1da k\u00f6rny\u00e9k\u00e9t, szedd ki a gazokat \u00e9s szemetet, hogy rendben legyen a hely a ki\u00fcltet\u00e9s el\u0151tt.\"\n      }\n    },\n    {\n      \"@type\": \"Question\",\n      \"name\": \"Hogyan kell gondozni a postal\u00e1da k\u00f6r\u00fcli kertet?\",\n      \"acceptedAnswer\": {\n        \"@type\": \"Answer\",\n        \"text\": \"A postal\u00e1da k\u00f6rny\u00e9k\u00e9n kialak\u00edtott kert gondoz\u00e1sa rendszeres odafigyel\u00e9st ig\u00e9nyel, hogy mindig rendezett \u00e9s sz\u00e9p maradjon. Kezdd a rendszeres \u00f6nt\u00f6z\u00e9ssel, f\u0151leg, ha napos helyen vannak a n\u00f6v\u00e9nyek, vagy k\u00f6nnyen kisz\u00e1radnak. Az \u00f6nt\u00f6z\u00e9s mennyis\u00e9g\u00e9t mindig igaz\u00edtsd az id\u0151j\u00e1r\u00e1shoz \u00e9s az \u00e9vszakhoz.\"\n      }\n    }\n  ]\n}\n<\/script>\n<script type=\"application\/ld+json\">\n{\n  \"@context\": \"https:\/\/schema.org\",\n  \"@type\": \"HowTo\",\n  \"name\": \"Saj\u00e1t postal\u00e1da kert k\u00e9sz\u00edt\u00e9se l\u00e9p\u00e9sr\u0151l l\u00e9p\u00e9sre\",\n  \"description\": \"Hogyan alak\u00edts ki l\u00e1tv\u00e1nyos \u00e9s k\u00f6nnyen gondozhat\u00f3 postal\u00e1da kertet saj\u00e1t kez\u0171leg.\",\n  \"image\": [\n    \"https:\/\/doubletakedecor.com\/uploads\/2025\/07\/mailbox-landscaping-dtd-01-1.jpg\"\n  ],\n  \"totalTime\": \"PT2H\",\n  \"supply\": [\n    {\n      \"@type\": \"HowToSupply\",\n      \"name\": \"N\u00f6v\u00e9nyek (\u00e9vel\u0151k, egyny\u00e1riak, sz\u00e1razs\u00e1gt\u0171r\u0151k)\"\n    },\n    {\n      \"@type\": \"HowToSupply\",\n      \"name\": \"F\u00f6ld\"\n    },\n    {\n      \"@type\": \"HowToSupply\",\n      \"name\": \"D\u00edszkavics, k\u00f6vek, mulcs\"\n    },\n    {\n      \"@type\": \"HowToSupply\",\n      \"name\": \"Dekor\u00e1ci\u00f3s elemek (kasp\u00f3k, l\u00e1mp\u00e1k, szeg\u00e9lyk\u00f6vek)\"\n    }\n  ],\n  \"tool\": [\n    {\n      \"@type\": \"HowToTool\",\n      \"name\": \"Kerti \u00e1s\u00f3\"\n    },\n    {\n      \"@type\": \"HowToTool\",\n      \"name\": \"Locsol\u00f3kanna\"\n    },\n    {\n      \"@type\": \"HowToTool\",\n      \"name\": \"Kapa vagy gereblye\"\n    }\n  ],\n  \"step\": [\n    {\n      \"@type\": \"HowToStep\",\n      \"name\": \"El\u0151k\u00e9sz\u00edt\u00e9s\",\n      \"text\": \"Tiszt\u00edtsd meg a postal\u00e1da k\u00f6rny\u00e9k\u00e9t, t\u00e1vol\u00edtsd el a gyomokat \u00e9s a szemetet. Ezut\u00e1n tervezd meg, milyen alak\u00fa \u00e9s st\u00edlus\u00fa kertet szeretn\u00e9l kialak\u00edtani. M\u00e9rd le a ter\u00fcletet, \u00e9s gondold \u00e1t, sz\u00fcks\u00e9g lesz-e szeg\u00e9lyk\u0151re vagy kasp\u00f3kra.\"\n    },\n    {\n      \"@type\": \"HowToStep\",\n      \"name\": \"\u00dcltet\u00e9s tervez\u00e9se\",\n      \"text\": \"V\u00e1laszd ki a n\u00f6v\u00e9nyeket az \u00e9ghajlatodhoz \u00e9s a napf\u00e9nyviszonyokhoz igazodva. Helyezd el a n\u00f6v\u00e9nyeket pr\u00f3bak\u00e9ppen a ter\u00fcleten, hogy l\u00e1sd, hogyan mutatnak egy\u00fctt. \u00c9rdemes sz\u00ednes vir\u00e1gokat, sz\u00e1razs\u00e1gt\u0171r\u0151 fajt\u00e1kat \u00e9s d\u00edszf\u00fcveket kombin\u00e1lni.\"\n    },\n    {\n      \"@type\": \"HowToStep\",\n      \"name\": \"Ki\u00fcltet\u00e9s\",\n      \"text\": \"\u00c1sd ki a g\u00f6dr\u00f6ket a kiv\u00e1lasztott n\u00f6v\u00e9nyeknek, \u00fcltess, majd t\u00f6m\u00f6r\u00edtsd a f\u00f6ldet k\u00f6r\u00fcl\u00f6tt\u00fck. Helyezz el kasp\u00f3kat, k\u00f6veket vagy szeg\u00e9lyk\u00f6veket a ter\u00fclet sz\u00e9l\u00e9n, hogy rendezetten keretezd a kertet.\"\n    },\n    {\n      \"@type\": \"HowToStep\",\n      \"name\": \"D\u00edsz\u00edt\u00e9s \u00e9s mulcsoz\u00e1s\",\n      \"text\": \"Sz\u00f3rj a n\u00f6v\u00e9nyek k\u00f6r\u00e9 mulcsot vagy kavicsot, hogy megakad\u00e1lyozd a gyomok n\u00f6veked\u00e9s\u00e9t \u00e9s megtartsd a nedvess\u00e9get. Dekor\u00e1ld a postal\u00e1da kertj\u00e9t vil\u00e1g\u00edt\u00e1ssal, p\u00e9ld\u00e1ul napelemes l\u00e1mp\u00e1kkal, vagy kerti d\u00edszekkel.\"\n    },\n    {\n      \"@type\": \"HowToStep\",\n      \"name\": \"Gondoz\u00e1s\",\n      \"text\": \"\u00d6nt\u00f6zd meg a frissen \u00fcltetett n\u00f6v\u00e9nyeket. Figyeld a n\u00f6v\u00e9nyek fejl\u0151d\u00e9s\u00e9t, sz\u00fcks\u00e9g szerint metszegetheted, p\u00f3tolhatod vagy cser\u00e9lheted a vir\u00e1gokat \u00e9vszakonk\u00e9nt.\"\n    }\n  ]\n}\n<\/script>","_links":{"self":[{"href":"https:\/\/doubletakedecor.com\/hu\/wp-json\/wp\/v2\/posts\/1990","targetHints":{"allow":["GET"]}}],"collection":[{"href":"https:\/\/doubletakedecor.com\/hu\/wp-json\/wp\/v2\/posts"}],"about":[{"href":"https:\/\/doubletakedecor.com\/hu\/wp-json\/wp\/v2\/types\/post"}],"author":[{"embeddable":true,"href":"https:\/\/doubletakedecor.com\/hu\/wp-json\/wp\/v2\/users\/12"}],"replies":[{"embeddable":true,"href":"https:\/\/doubletakedecor.com\/hu\/wp-json\/wp\/v2\/comments?post=1990"}],"version-history":[{"count":1,"href":"https:\/\/doubletakedecor.com\/hu\/wp-json\/wp\/v2\/posts\/1990\/revisions"}],"predecessor-version":[{"id":1991,"href":"https:\/\/doubletakedecor.com\/hu\/wp-json\/wp\/v2\/posts\/1990\/revisions\/1991"}],"wp:featuredmedia":[{"embeddable":true,"href":"https:\/\/doubletakedecor.com\/hu\/wp-json\/wp\/v2\/media\/1790"}],"wp:attachment":[{"href":"https:\/\/doubletakedecor.com\/hu\/wp-json\/wp\/v2\/media?parent=1990"}],"wp:term":[{"taxonomy":"category","embeddable":true,"href":"https:\/\/doubletakedecor.com\/hu\/wp-json\/wp\/v2\/categories?post=1990"},{"taxonomy":"post_tag","embeddable":true,"href":"https:\/\/doubletakedecor.com\/hu\/wp-json\/wp\/v2\/tags?post=1990"}],"curies":[{"name":"wp","href":"https:\/\/api.w.org\/{rel}","templated":true}]}}