{"id":2001,"date":"2025-07-18T22:31:11","date_gmt":"2025-07-18T20:31:11","guid":{"rendered":"https:\/\/doubletakedecor.com\/nyari-dekoraciok\/nyari-kandalloparkany-dekoracio\/"},"modified":"2025-07-18T23:40:00","modified_gmt":"2025-07-18T21:40:00","slug":"nyari-kandalloparkany-dekoracio","status":"publish","type":"post","link":"https:\/\/doubletakedecor.com\/hu\/nyari-dekoraciok\/nyari-kandalloparkany-dekoracio\/","title":{"rendered":"Emeld \u00faj szintre a teredet leny\u0171g\u00f6z\u0151 ny\u00e1ri kandall\u00f3 dekor\u00e1ci\u00f3val"},"content":{"rendered":"<p>V\u00e1ltoztasd a kandall\u00f3p\u00e1rk\u00e1nyt a ny\u00e1r ragyog\u00f3 k\u00f6z\u00e9ppontj\u00e1v\u00e1, ami visszaadja az \u00e9vszak meleg\u00e9t \u00e9s energi\u00e1j\u00e1t! A ny\u00e1ri kandall\u00f3p\u00e1rk\u00e1ny dekor\u00e1ci\u00f3 vil\u00e1gos sz\u00edneket, term\u00e9szetes anyagokat \u00e9s friss text\u00far\u00e1kat alkalmaz, hogy akkor is h\u00edvogat\u00f3 f\u00f3kuszpontja legyen otthonodnak, amikor a kandall\u00f3 nincs haszn\u00e1latban.<\/p>\n<p>A tengeri hangulat\u00fa kagyl\u00f3kt\u00f3l \u00e9s uszad\u00e9kf\u00e1kt\u00f3l kezdve az egyszer\u0171, de k\u00fcl\u00f6nleges t\u00e1rgyakkal berendezett minimalista st\u00edlusig \u2013 a ny\u00e1ri p\u00e1rk\u00e1ny kialak\u00edt\u00e1sa t\u00fckr\u00f6zheti a szem\u00e9lyes \u00edzl\u00e9sedet, mik\u00f6zben egy\u00fctt \u00fcnnepli a nyarat. K\u00f6nny\u0171 anyagok, \u00e9l\u00e9nk vir\u00e1gok \u00e9s l\u00e1gy pasztellsz\u00ednek egy\u00fctt adj\u00e1k azt a l\u00e9gies, felfriss\u00edt\u0151 hangulatot, amely beragyogja az eg\u00e9sz szob\u00e1t.<\/p>\n<p>Ak\u00e1r saj\u00e1t k\u00e9sz\u00edt\u00e9s\u0171, \u00fajrahasznos\u00edtott dolgokat v\u00e1lasztasz, ak\u00e1r r\u00e9gi kincsekb\u0151l \u00e1ll\u00edtasz \u00f6ssze kis kompoz\u00edci\u00f3kat, a l\u00e9nyeg a megfelel\u0151 egyens\u00faly: vari\u00e1ld a magass\u00e1gokat, keverd a text\u00far\u00e1kat, \u00e9s rendezz mindent \u00e1tgondoltan. A term\u00e9szetes elemek \u2013 mint az eukaliptusz, p\u00e1fr\u00e1ny vagy id\u0151j\u00e1r\u00e1s \u00e1ltal koptatott fa \u2013 behozz\u00e1k a kinti vil\u00e1got, m\u00edg a j\u00f3l megv\u00e1lasztott k\u00f6zponti d\u00edszek magukra vonzz\u00e1k a tekintetet \u00e9s \u00f6sszefogj\u00e1k az \u00f6sszk\u00e9pet.<\/p>\n<p>A legjobb pedig, hogy a gy\u00f6ny\u00f6r\u0171 ny\u00e1ri kandall\u00f3p\u00e1rk\u00e1nyhoz nincs sz\u00fcks\u00e9g nagy kiad\u00e1sokra. Egy kis kreativit\u00e1ssal \u00e9s j\u00f3 ar\u00e1ny\u00e9rz\u00e9kkel olyan szezon\u00e1lis d\u00edsz\u00edt\u00e9st alkothatsz, ami vid\u00e1m ny\u00e1ri hangulatot ad az eg\u00e9sz otthonodnak, \u00e9s a legmelegebb h\u00f3napokban is friss, h\u00edvogat\u00f3 lesz a lak\u00e1s.<\/p>\n<div class=\"kt_block\" id=\"kt_id\">\n<span class=\"kt_headline\">F\u0151bb tudnival\u00f3k<\/span><\/p>\n<ul class=\"kt_post_list\">\n<li><strong>\ud83c\udf1e Ragad meg a ny\u00e1r hangulat\u00e1t:<\/strong> Alak\u00edtsd \u00e1t a kandall\u00f3p\u00e1rk\u00e1nyt ny\u00e1ri k\u00f6z\u00e9ppontt\u00e1 vil\u00e1gos sz\u00ednekkel, term\u00e9szetes anyagokkal \u00e9s friss text\u00far\u00e1kkal, hogy visszaadja az \u00e9vszak energi\u00e1j\u00e1t.<\/li>\n<li><strong>\ud83c\udf3f Term\u00e9szetes anyagok \u00e9s DIY:<\/strong> Haszn\u00e1lj eukaliptuszt, p\u00e1fr\u00e1nyt \u00e9s \u00f6reg\u00edtett f\u00e1t, hogy behozd a term\u00e9szetet, \u00e9s pr\u00f3b\u00e1ld ki a saj\u00e1t k\u00e9sz\u00edt\u00e9s\u0171, \u00fajrahasznos\u00edtott vagy vintage t\u00e1rgyakat a szem\u00e9lyes hangulat \u00e9rdek\u00e9ben.<\/li>\n<li><strong>\ud83d\udca1 Kreat\u00edv f\u00f3kuszpontok:<\/strong> Tegy\u00e9l l\u00e1tv\u00e1nyos darabokat a p\u00e1rk\u00e1nyra, kombin\u00e1ld a k\u00fcl\u00f6nb\u00f6z\u0151 magass\u00e1gokat, text\u00far\u00e1kat \u00e9s gondosan kiv\u00e1lasztott dekor\u00e1ci\u00f3kat, p\u00e9ld\u00e1ul sz\u00ednes vir\u00e1gokat, z\u00f6ld n\u00f6v\u00e9nyeket vagy egyedi m\u0171t\u00e1rgyakat.<\/li>\n<li><strong>\ud83d\udcb0 P\u00e9nzt\u00e1rcabar\u00e1t dekor\u00e1ci\u00f3:<\/strong> Elb\u0171v\u00f6l\u0151 ny\u00e1ri d\u00edsz\u00edt\u00e9st \u00e9rhetsz el k\u00fcl\u00f6n\u00f6sebb k\u00f6ltekez\u00e9s n\u00e9lk\u00fcl is \u2013 el\u00e9g, ha \u00f6tletes vagy, figyelsz az egyens\u00falyra, \u00e9s egyszer\u0171, olcs\u00f3 d\u00edszekkel (uszad\u00e9kfa, kagyl\u00f3k) j\u00e1tszol.<\/li>\n<\/ul>\n<\/div>\n<h2>Eleg\u00e1ns ny\u00e1ri p\u00e1rk\u00e1ny vir\u00e1gos k\u00f6z\u00e9pponttal<\/h2>\n<p><img loading=\"lazy\" decoding=\"async\" width=\"700\" height=\"1050\" alt=\"Feh\u00e9r kandall\u00f3p\u00e1rk\u00e1ny \u00e9l\u00e9nk narancs \u00e9s s\u00e1rga vir\u00e1gkompoz\u00edci\u00f3val, kr\u00e9msz\u00edn\u0171 gyerty\u00e1kkal \u00e9s d\u00edszt\u00f6k\u00f6kkel, levendulasz\u00edn\u0171 tap\u00e9t\u00e1val a h\u00e1tt\u00e9rben.\" class=\"aligncenter size-full wp-image-1795\" src=\"https:\/\/doubletakedecor.com\/uploads\/2025\/07\/summer-mantle-decor-dtd-01.jpg\" srcset=\"https:\/\/doubletakedecor.com\/uploads\/2025\/07\/summer-mantle-decor-dtd-01.jpg 700w, https:\/\/doubletakedecor.com\/uploads\/2025\/07\/summer-mantle-decor-dtd-01-200x300.jpg 200w, https:\/\/doubletakedecor.com\/uploads\/2025\/07\/summer-mantle-decor-dtd-01-683x1024.jpg 683w, https:\/\/doubletakedecor.com\/uploads\/2025\/07\/summer-mantle-decor-dtd-01-96x144.jpg 96w, https:\/\/doubletakedecor.com\/uploads\/2025\/07\/summer-mantle-decor-dtd-01-280x420.jpg 280w, https:\/\/doubletakedecor.com\/uploads\/2025\/07\/summer-mantle-decor-dtd-01-320x480.jpg 320w, https:\/\/doubletakedecor.com\/uploads\/2025\/07\/summer-mantle-decor-dtd-01-360x540.jpg 360w, https:\/\/doubletakedecor.com\/uploads\/2025\/07\/summer-mantle-decor-dtd-01-363x545.jpg 363w, https:\/\/doubletakedecor.com\/uploads\/2025\/07\/summer-mantle-decor-dtd-01-370x555.jpg 370w, https:\/\/doubletakedecor.com\/uploads\/2025\/07\/summer-mantle-decor-dtd-01-400x600.jpg 400w, https:\/\/doubletakedecor.com\/uploads\/2025\/07\/summer-mantle-decor-dtd-01-560x840.jpg 560w, https:\/\/doubletakedecor.com\/uploads\/2025\/07\/summer-mantle-decor-dtd-01-480x720.jpg 480w\" sizes=\"auto, (max-width: 700px) 100vw, 700px\" \/><\/p>\n<p>Alak\u00edtsd a p\u00e1rk\u00e1nyodat a ny\u00e1r egyik f\u0151szerepl\u0151j\u00e9v\u00e9 \u00e9l\u00e9nk narancs \u00e9s s\u00e1rga vir\u00e1gokkal, p\u00e1ros\u00edtva eleg\u00e1ns gyertyatart\u00f3kkal. Legyen egy klasszikus, feh\u00e9r ker\u00e1mia v\u00e1za a k\u00f6zpontban, \u00e9s tegy\u00e9l mell\u00e9 magasabb elemeket oldalt. Egy dekorat\u00edv t\u00f6k \u00e9s egy antik r\u00e9z te\u00e1skanna melegs\u00e9get ad a kompoz\u00edci\u00f3nak. A levendulasz\u00edn\u0171 tap\u00e9ta sz\u00e9pen kiemeli a d\u00edsz\u00edt\u00e9s sz\u00edneit.<\/p>\n<h2>Friss ny\u00e1ri hangulat ellent\u00e9tes text\u00far\u00e1kkal<\/h2>\n<p><img loading=\"lazy\" decoding=\"async\" width=\"700\" height=\"1050\" alt=\"Hangulatos nappali feh\u00e9r kanap\u00e9val, narancssz\u00edn\u0171 p\u00e1rn\u00e1kkal, minimalista kandall\u00f3p\u00e1rk\u00e1nnyal \u00e9s l\u00e1gy, ny\u00e1ri dekorral.\" class=\"aligncenter size-full wp-image-1801\" src=\"https:\/\/doubletakedecor.com\/uploads\/2025\/07\/summer-mantle-decor-dtd-02.jpg\" srcset=\"https:\/\/doubletakedecor.com\/uploads\/2025\/07\/summer-mantle-decor-dtd-02.jpg 700w, https:\/\/doubletakedecor.com\/uploads\/2025\/07\/summer-mantle-decor-dtd-02-200x300.jpg 200w, https:\/\/doubletakedecor.com\/uploads\/2025\/07\/summer-mantle-decor-dtd-02-683x1024.jpg 683w, https:\/\/doubletakedecor.com\/uploads\/2025\/07\/summer-mantle-decor-dtd-02-96x144.jpg 96w, https:\/\/doubletakedecor.com\/uploads\/2025\/07\/summer-mantle-decor-dtd-02-280x420.jpg 280w, https:\/\/doubletakedecor.com\/uploads\/2025\/07\/summer-mantle-decor-dtd-02-320x480.jpg 320w, https:\/\/doubletakedecor.com\/uploads\/2025\/07\/summer-mantle-decor-dtd-02-360x540.jpg 360w, https:\/\/doubletakedecor.com\/uploads\/2025\/07\/summer-mantle-decor-dtd-02-363x545.jpg 363w, https:\/\/doubletakedecor.com\/uploads\/2025\/07\/summer-mantle-decor-dtd-02-370x555.jpg 370w, https:\/\/doubletakedecor.com\/uploads\/2025\/07\/summer-mantle-decor-dtd-02-400x600.jpg 400w, https:\/\/doubletakedecor.com\/uploads\/2025\/07\/summer-mantle-decor-dtd-02-560x840.jpg 560w, https:\/\/doubletakedecor.com\/uploads\/2025\/07\/summer-mantle-decor-dtd-02-480x720.jpg 480w\" sizes=\"auto, (max-width: 700px) 100vw, 700px\" \/><\/p>\n<p>Teremts kiegyens\u00falyozott ny\u00e1ri p\u00e1rk\u00e1nyt \u00fagy, hogy a s\u00f6t\u00e9t, sima fel\u00fcleteket p\u00e1ros\u00edtod a vil\u00e1gos, fa lamb\u00e9ri\u00e1val \u2013 \u00edgy izgalmas kontrasztot adsz. Egyszer\u0171 k\u00e9pek d\u00edsz\u00edts\u00e9k a p\u00e1rk\u00e1nyt, hogy ne legyen zs\u00fafolt az \u00f6sszhat\u00e1s. Vigy\u00e9l ny\u00e1ri hangulatot a nappalid minden r\u00e9sz\u00e9be meleg sz\u00edn\u0171 d\u00edszp\u00e1rn\u00e1kkal. Egy-k\u00e9t z\u00f6ld n\u00f6v\u00e9ny pedig m\u00e9g term\u00e9szetesebb \u00e9s vid\u00e1mabb\u00e1 teszi a szob\u00e1t.<\/p>\n<h2>Otthonos ny\u00e1ri hangulat term\u00e9szetes text\u00far\u00e1kkal \u00e9s \u00e9l\u00e9nk sz\u00ednekkel<\/h2>\n<p><img loading=\"lazy\" decoding=\"async\" width=\"700\" height=\"1049\" alt=\"Hangulatos nappali t\u00e9glakandall\u00f3val, z\u00f6ld kanap\u00e9val, sz\u00ednes p\u00e1rn\u00e1kkal, rattan sz\u00e9kekkel \u00e9s term\u00e9szetes ny\u00e1ri dekorral.\" class=\"aligncenter size-full wp-image-1807\" src=\"https:\/\/doubletakedecor.com\/uploads\/2025\/07\/summer-mantle-decor-dtd-03.jpg\" srcset=\"https:\/\/doubletakedecor.com\/uploads\/2025\/07\/summer-mantle-decor-dtd-03.jpg 700w, https:\/\/doubletakedecor.com\/uploads\/2025\/07\/summer-mantle-decor-dtd-03-200x300.jpg 200w, https:\/\/doubletakedecor.com\/uploads\/2025\/07\/summer-mantle-decor-dtd-03-683x1024.jpg 683w, https:\/\/doubletakedecor.com\/uploads\/2025\/07\/summer-mantle-decor-dtd-03-96x144.jpg 96w, https:\/\/doubletakedecor.com\/uploads\/2025\/07\/summer-mantle-decor-dtd-03-280x420.jpg 280w, https:\/\/doubletakedecor.com\/uploads\/2025\/07\/summer-mantle-decor-dtd-03-320x480.jpg 320w, https:\/\/doubletakedecor.com\/uploads\/2025\/07\/summer-mantle-decor-dtd-03-360x539.jpg 360w, https:\/\/doubletakedecor.com\/uploads\/2025\/07\/summer-mantle-decor-dtd-03-363x544.jpg 363w, https:\/\/doubletakedecor.com\/uploads\/2025\/07\/summer-mantle-decor-dtd-03-370x554.jpg 370w, https:\/\/doubletakedecor.com\/uploads\/2025\/07\/summer-mantle-decor-dtd-03-400x599.jpg 400w, https:\/\/doubletakedecor.com\/uploads\/2025\/07\/summer-mantle-decor-dtd-03-560x839.jpg 560w, https:\/\/doubletakedecor.com\/uploads\/2025\/07\/summer-mantle-decor-dtd-03-480x719.jpg 480w\" sizes=\"auto, (max-width: 700px) 100vw, 700px\" \/><\/p>\n<p>V\u00e1ltoztasd \u00e1t ny\u00e1ri a kandall\u00f3p\u00e1rk\u00e1nyt rattan, t\u00e9gla \u00e9s sz\u00f6v\u00f6tt anyagok egy\u00fcttes haszn\u00e1lat\u00e1val. Friss z\u00f6ld n\u00f6v\u00e9nyekkel \u00e9s sz\u00ednes vir\u00e1gokkal vid\u00e1m\u00edtsd fel a teret. Helyezz el kedvenc k\u00f6nyvek v\u00e1logat\u00e1s\u00e1t \u00e9s egy k\u00fcl\u00f6nleges d\u00edszt\u00e1rgyat a p\u00e1rk\u00e1nyon \u2013 \u00edgy megmarad az elegancia, de nem lesz zs\u00fafolt. Tipp: haszn\u00e1lj bambusz rol\u00f3kat a l\u00e1gyabb, term\u00e9szetes f\u00e9ny \u00e9rdek\u00e9ben, mik\u00f6zben megtartod a k\u00f6nnyed ny\u00e1ri hangulatot.<\/p>\n<h2>Z\u00f6ld n\u00f6v\u00e9nyekkel \u00e9s m\u0171alkot\u00e1sokkal feldobott p\u00e1rk\u00e1ny<\/h2>\n<p><img loading=\"lazy\" decoding=\"async\" width=\"700\" height=\"1049\" alt=\"Klasszikus nappali z\u00f6ld p\u00e1rk\u00e1nnyal, m\u0171alkot\u00e1sokkal \u00e9s d\u00fas n\u00f6v\u00e9nyekkel, k\u00e9k b\u00fatorokkal \u00e9s pink bazsar\u00f3zs\u00e1kkal kieg\u00e9sz\u00edtve.\" class=\"aligncenter size-full wp-image-1813\" src=\"https:\/\/doubletakedecor.com\/uploads\/2025\/07\/summer-mantle-decor-dtd-04.jpg\" srcset=\"https:\/\/doubletakedecor.com\/uploads\/2025\/07\/summer-mantle-decor-dtd-04.jpg 700w, https:\/\/doubletakedecor.com\/uploads\/2025\/07\/summer-mantle-decor-dtd-04-200x300.jpg 200w, https:\/\/doubletakedecor.com\/uploads\/2025\/07\/summer-mantle-decor-dtd-04-683x1024.jpg 683w, https:\/\/doubletakedecor.com\/uploads\/2025\/07\/summer-mantle-decor-dtd-04-96x144.jpg 96w, https:\/\/doubletakedecor.com\/uploads\/2025\/07\/summer-mantle-decor-dtd-04-280x420.jpg 280w, https:\/\/doubletakedecor.com\/uploads\/2025\/07\/summer-mantle-decor-dtd-04-320x480.jpg 320w, https:\/\/doubletakedecor.com\/uploads\/2025\/07\/summer-mantle-decor-dtd-04-360x539.jpg 360w, https:\/\/doubletakedecor.com\/uploads\/2025\/07\/summer-mantle-decor-dtd-04-363x544.jpg 363w, https:\/\/doubletakedecor.com\/uploads\/2025\/07\/summer-mantle-decor-dtd-04-370x554.jpg 370w, https:\/\/doubletakedecor.com\/uploads\/2025\/07\/summer-mantle-decor-dtd-04-400x599.jpg 400w, https:\/\/doubletakedecor.com\/uploads\/2025\/07\/summer-mantle-decor-dtd-04-560x839.jpg 560w, https:\/\/doubletakedecor.com\/uploads\/2025\/07\/summer-mantle-decor-dtd-04-480x719.jpg 480w\" sizes=\"auto, (max-width: 700px) 100vw, 700px\" \/><\/p>\n<p>Alak\u00edts ki eleg\u00e1ns ny\u00e1ri p\u00e1rk\u00e1nyt \u00fagy, hogy magas v\u00e1z\u00e1kba teszel buja z\u00f6ld n\u00f6v\u00e9nyeket a kandall\u00f3 k\u00e9t oldal\u00e1ra. Felette helyezz el bekeretezett k\u00e9peket, hogy felfel\u00e9 vezess\u00e9k a tekintetet. Haszn\u00e1lj finom z\u00f6ld \u00e1rnyalatokat a d\u00edsz\u00edt\u00e9sben a ny\u00e1r frissess\u00e9ge kedv\u00e9\u00e9rt, \u00e9s dobd fel a l\u00e1tv\u00e1nyt \u00e9l\u00e9nk sz\u00edn\u0171 vir\u00e1gokkal (p\u00e9ld\u00e1ul bazsar\u00f3zs\u00e1val) egy m\u00e1sik v\u00e1z\u00e1ban a szoba egyik sark\u00e1ban.<\/p>\n<h2>B\u00e1tor sz\u00ednfoltokkal ny\u00e1ri f\u00f3kuszpontot teremthetsz<\/h2>\n<p><img loading=\"lazy\" decoding=\"async\" width=\"700\" height=\"1049\" alt=\"St\u00edlusos nappali fekete kandall\u00f3val, narancssz\u00edn\u0171 polccal, dekorat\u00edv m\u0171alkot\u00e1sokkal \u00e9s k\u00e9nyelmes b\u0151r olvas\u00f3sarokkal, term\u00e9szetes f\u00e9nyben.\" class=\"aligncenter size-full wp-image-1819\" src=\"https:\/\/doubletakedecor.com\/uploads\/2025\/07\/summer-mantle-decor-dtd-05.jpg\" srcset=\"https:\/\/doubletakedecor.com\/uploads\/2025\/07\/summer-mantle-decor-dtd-05.jpg 700w, https:\/\/doubletakedecor.com\/uploads\/2025\/07\/summer-mantle-decor-dtd-05-200x300.jpg 200w, https:\/\/doubletakedecor.com\/uploads\/2025\/07\/summer-mantle-decor-dtd-05-683x1024.jpg 683w, https:\/\/doubletakedecor.com\/uploads\/2025\/07\/summer-mantle-decor-dtd-05-96x144.jpg 96w, https:\/\/doubletakedecor.com\/uploads\/2025\/07\/summer-mantle-decor-dtd-05-280x420.jpg 280w, https:\/\/doubletakedecor.com\/uploads\/2025\/07\/summer-mantle-decor-dtd-05-320x480.jpg 320w, https:\/\/doubletakedecor.com\/uploads\/2025\/07\/summer-mantle-decor-dtd-05-360x539.jpg 360w, https:\/\/doubletakedecor.com\/uploads\/2025\/07\/summer-mantle-decor-dtd-05-363x544.jpg 363w, https:\/\/doubletakedecor.com\/uploads\/2025\/07\/summer-mantle-decor-dtd-05-370x554.jpg 370w, https:\/\/doubletakedecor.com\/uploads\/2025\/07\/summer-mantle-decor-dtd-05-400x599.jpg 400w, https:\/\/doubletakedecor.com\/uploads\/2025\/07\/summer-mantle-decor-dtd-05-560x839.jpg 560w, https:\/\/doubletakedecor.com\/uploads\/2025\/07\/summer-mantle-decor-dtd-05-480x719.jpg 480w\" sizes=\"auto, (max-width: 700px) 100vw, 700px\" \/><\/p>\n<p>V\u00e1laszd a b\u00e1trabb megjelen\u00e9st, \u00e9s dobd fel a fekete kandall\u00f3t \u00e9l\u00e9nk sz\u00edn\u0171 polccal, p\u00e9ld\u00e1ul narancss\u00e1rg\u00e1val. Rendezgesd el a gondosan kiv\u00e1lasztott dekor\u00e1ci\u00f3kat, amelyek illenek ehhez a sz\u00ednvil\u00e1ghoz. Tegy\u00e9l a p\u00e1rk\u00e1ny f\u00f6l\u00e9 textur\u00e1lt falik\u00e9pet, \u00e9s haszn\u00e1ld ugyanezt a sz\u00ednpalett\u00e1t a p\u00e1rn\u00e1kn\u00e1l \u00e9s f\u00fcgg\u00f6ny\u00f6kn\u00e9l is \u2013 \u00edgy \u00f6sszef\u00fcgg\u0151, ny\u00e1rias lesz a helyis\u00e9g hangulata.<\/p>\n<h2>B\u00e1tran z\u00f6ld \u00e9s arany: \u00edgy lesz felt\u0171n\u0151 a kandall\u00f3p\u00e1rk\u00e1nyod<\/h2>\n<p><img loading=\"lazy\" decoding=\"async\" width=\"700\" height=\"1050\" alt=\"Eleg\u00e1ns ny\u00e1ri p\u00e1rk\u00e1ny s\u00f6t\u00e9tz\u00f6ld sz\u00edn\u0171 polccal, arany keretes t\u00fck\u00f6rrel, \u00e9s friss z\u00f6ld n\u00f6v\u00e9nyekkel d\u00edsz\u00edtett v\u00e1z\u00e1kkal.\" class=\"aligncenter size-full wp-image-1825\" src=\"https:\/\/doubletakedecor.com\/uploads\/2025\/07\/summer-mantle-decor-dtd-06.jpg\" srcset=\"https:\/\/doubletakedecor.com\/uploads\/2025\/07\/summer-mantle-decor-dtd-06.jpg 700w, https:\/\/doubletakedecor.com\/uploads\/2025\/07\/summer-mantle-decor-dtd-06-200x300.jpg 200w, https:\/\/doubletakedecor.com\/uploads\/2025\/07\/summer-mantle-decor-dtd-06-683x1024.jpg 683w, https:\/\/doubletakedecor.com\/uploads\/2025\/07\/summer-mantle-decor-dtd-06-96x144.jpg 96w, https:\/\/doubletakedecor.com\/uploads\/2025\/07\/summer-mantle-decor-dtd-06-280x420.jpg 280w, https:\/\/doubletakedecor.com\/uploads\/2025\/07\/summer-mantle-decor-dtd-06-320x480.jpg 320w, https:\/\/doubletakedecor.com\/uploads\/2025\/07\/summer-mantle-decor-dtd-06-360x540.jpg 360w, https:\/\/doubletakedecor.com\/uploads\/2025\/07\/summer-mantle-decor-dtd-06-363x545.jpg 363w, https:\/\/doubletakedecor.com\/uploads\/2025\/07\/summer-mantle-decor-dtd-06-370x555.jpg 370w, https:\/\/doubletakedecor.com\/uploads\/2025\/07\/summer-mantle-decor-dtd-06-400x600.jpg 400w, https:\/\/doubletakedecor.com\/uploads\/2025\/07\/summer-mantle-decor-dtd-06-560x840.jpg 560w, https:\/\/doubletakedecor.com\/uploads\/2025\/07\/summer-mantle-decor-dtd-06-480x720.jpg 480w\" sizes=\"auto, (max-width: 700px) 100vw, 700px\" \/><\/p>\n<p>L\u00e9pj ki a megszokottb\u00f3l: fesd z\u00f6ldre a kandall\u00f3p\u00e1rk\u00e1nyt, hogy igaz\u00e1n felt\u0171n\u0151 legyen. Eg\u00e9sz\u00edtsd ki arany keretes t\u00fck\u00f6rrel, ami sz\u00e9toszlatja a f\u00e9nyt a szob\u00e1ban. Tegy\u00e9l a k\u00f6zelbe k\u00fcl\u00f6nf\u00e9le m\u00e9ret\u0171 v\u00e1z\u00e1kba friss z\u00f6ld n\u00f6v\u00e9nyeket \u00e9s egy fonott kosarat term\u00e9szetes hangulat\u00e9rt. Az \u00f6sszhat\u00e1s modern, m\u00e9gis id\u0151tlen marad.<\/p>\n<h2>Hozd be a term\u00e9szetet: z\u00f6ldell\u0151 ny\u00e1ri pihen\u0151sarok a p\u00e1rk\u00e1nyon<\/h2>\n<p><img loading=\"lazy\" decoding=\"async\" width=\"700\" height=\"1049\" alt=\"Rusztikus t\u00e9glakandall\u00f3 fa p\u00e1rk\u00e1nnyal, t\u00e1jk\u00e9pfestm\u00e9nnyel, cserepes n\u00f6v\u00e9nyekkel \u00e9s term\u00e9szetes ny\u00e1ri dekorral egy vil\u00e1gos, l\u00e9gies nappaliban.\" class=\"aligncenter size-full wp-image-1831\" src=\"https:\/\/doubletakedecor.com\/uploads\/2025\/07\/summer-mantle-decor-dtd-07.jpg\" srcset=\"https:\/\/doubletakedecor.com\/uploads\/2025\/07\/summer-mantle-decor-dtd-07.jpg 700w, https:\/\/doubletakedecor.com\/uploads\/2025\/07\/summer-mantle-decor-dtd-07-200x300.jpg 200w, https:\/\/doubletakedecor.com\/uploads\/2025\/07\/summer-mantle-decor-dtd-07-683x1024.jpg 683w, https:\/\/doubletakedecor.com\/uploads\/2025\/07\/summer-mantle-decor-dtd-07-96x144.jpg 96w, https:\/\/doubletakedecor.com\/uploads\/2025\/07\/summer-mantle-decor-dtd-07-280x420.jpg 280w, https:\/\/doubletakedecor.com\/uploads\/2025\/07\/summer-mantle-decor-dtd-07-320x480.jpg 320w, https:\/\/doubletakedecor.com\/uploads\/2025\/07\/summer-mantle-decor-dtd-07-360x539.jpg 360w, https:\/\/doubletakedecor.com\/uploads\/2025\/07\/summer-mantle-decor-dtd-07-363x544.jpg 363w, https:\/\/doubletakedecor.com\/uploads\/2025\/07\/summer-mantle-decor-dtd-07-370x554.jpg 370w, https:\/\/doubletakedecor.com\/uploads\/2025\/07\/summer-mantle-decor-dtd-07-400x599.jpg 400w, https:\/\/doubletakedecor.com\/uploads\/2025\/07\/summer-mantle-decor-dtd-07-560x839.jpg 560w, https:\/\/doubletakedecor.com\/uploads\/2025\/07\/summer-mantle-decor-dtd-07-480x719.jpg 480w\" sizes=\"auto, (max-width: 700px) 100vw, 700px\" \/><\/p>\n<p>Form\u00e1ld a kandall\u00f3dat egy z\u00f6ld o\u00e1ziss\u00e1: csoportos\u00edts t\u00f6bbf\u00e9le cserepes n\u00f6v\u00e9nyt a p\u00e1rk\u00e1nyon. Egy nyugodt t\u00e1jk\u00e9p legyen a k\u00f6zponti darab, ami megfogja a pillant\u00e1st. Vigy\u00e9l magass\u00e1got f\u00fcgg\u0151 n\u00f6v\u00e9nyekkel vagy k\u00fcl\u00f6nb\u00f6z\u0151 m\u00e9ret\u0171 n\u00f6v\u00e9nyekkel. Fonott kosarakkal \u00e9s puha textilekkel fokozhatod a term\u00e9szetes hat\u00e1st. Tipp: V\u00e1lassz kev\u00e9s gondoz\u00e1st ig\u00e9nyl\u0151 pozsg\u00e1sokat, \u00e9s a magasabb n\u00f6v\u00e9nyeket tedd a sz\u00e9lekre, hogy keretezz\u00e9k az \u00f6ssze\u00e1ll\u00edt\u00e1st.<\/p>\n<h2>Teremts term\u00e9szetes ny\u00e1ri o\u00e1zist a kandall\u00f3p\u00e1rk\u00e1nyon<\/h2>\n<p><img loading=\"lazy\" decoding=\"async\" width=\"700\" height=\"1050\" alt=\"L\u00e9gies nappali boltozatos mennyezettel, sz\u00fcrke sarokkanap\u00e9val, st\u00edlusos kandall\u00f3val \u00e9s sok term\u00e9szetes f\u00e9nnyel.\" class=\"aligncenter size-full wp-image-1837\" src=\"https:\/\/doubletakedecor.com\/uploads\/2025\/07\/summer-mantle-decor-dtd-08.jpg\" srcset=\"https:\/\/doubletakedecor.com\/uploads\/2025\/07\/summer-mantle-decor-dtd-08.jpg 700w, https:\/\/doubletakedecor.com\/uploads\/2025\/07\/summer-mantle-decor-dtd-08-200x300.jpg 200w, https:\/\/doubletakedecor.com\/uploads\/2025\/07\/summer-mantle-decor-dtd-08-683x1024.jpg 683w, https:\/\/doubletakedecor.com\/uploads\/2025\/07\/summer-mantle-decor-dtd-08-96x144.jpg 96w, https:\/\/doubletakedecor.com\/uploads\/2025\/07\/summer-mantle-decor-dtd-08-280x420.jpg 280w, https:\/\/doubletakedecor.com\/uploads\/2025\/07\/summer-mantle-decor-dtd-08-320x480.jpg 320w, https:\/\/doubletakedecor.com\/uploads\/2025\/07\/summer-mantle-decor-dtd-08-360x540.jpg 360w, https:\/\/doubletakedecor.com\/uploads\/2025\/07\/summer-mantle-decor-dtd-08-363x545.jpg 363w, https:\/\/doubletakedecor.com\/uploads\/2025\/07\/summer-mantle-decor-dtd-08-370x555.jpg 370w, https:\/\/doubletakedecor.com\/uploads\/2025\/07\/summer-mantle-decor-dtd-08-400x600.jpg 400w, https:\/\/doubletakedecor.com\/uploads\/2025\/07\/summer-mantle-decor-dtd-08-560x840.jpg 560w, https:\/\/doubletakedecor.com\/uploads\/2025\/07\/summer-mantle-decor-dtd-08-480x720.jpg 480w\" sizes=\"auto, (max-width: 700px) 100vw, 700px\" \/><\/p>\n<p>Friss, ny\u00e1ri kandall\u00f3p\u00e1rk\u00e1nyt tudsz kialak\u00edtani, ha term\u00e9szetes anyagokat haszn\u00e1lsz: tegy\u00e9l uszad\u00e9kf\u00e1t, kagyl\u00f3kat \u00e9s friss z\u00f6ldet a p\u00e1rk\u00e1nyodra. Helyezz k\u00fcl\u00f6nb\u00f6z\u0151 magass\u00e1g\u00fa feh\u00e9r gyerty\u00e1kat a hangulatos est\u00e9k\u00e9rt, \u00e9s v\u00e1lassz egy egyszer\u0171 t\u00e1jk\u00e9pet f\u00f3kuszpontnak. A kompoz\u00edci\u00f3t hagyd aszimmetrikusra, hogy izgalmas legyen, m\u00e9gis megmaradjon a tiszta, k\u00f6nnyed \u00f6sszhat\u00e1s.<\/p>\n<h2>Turkiz \u00e9s arany: \u00edgy lesz eleg\u00e1ns a ny\u00e1ri p\u00e1rk\u00e1nyod<\/h2>\n<p><img loading=\"lazy\" decoding=\"async\" width=\"700\" height=\"1050\" alt=\"St\u00edlusos nappali kr\u00e9msz\u00edn\u0171 kanap\u00e9kkal, t\u00fcrkiz kieg\u00e9sz\u00edt\u0151kkel, feh\u00e9r-arany doh\u00e1nyz\u00f3asztallal \u00e9s kerek t\u00fck\u00f6rrel a kandall\u00f3 felett.\" class=\"aligncenter size-full wp-image-1843\" src=\"https:\/\/doubletakedecor.com\/uploads\/2025\/07\/summer-mantle-decor-dtd-09.jpg\" srcset=\"https:\/\/doubletakedecor.com\/uploads\/2025\/07\/summer-mantle-decor-dtd-09.jpg 700w, https:\/\/doubletakedecor.com\/uploads\/2025\/07\/summer-mantle-decor-dtd-09-200x300.jpg 200w, https:\/\/doubletakedecor.com\/uploads\/2025\/07\/summer-mantle-decor-dtd-09-683x1024.jpg 683w, https:\/\/doubletakedecor.com\/uploads\/2025\/07\/summer-mantle-decor-dtd-09-96x144.jpg 96w, https:\/\/doubletakedecor.com\/uploads\/2025\/07\/summer-mantle-decor-dtd-09-280x420.jpg 280w, https:\/\/doubletakedecor.com\/uploads\/2025\/07\/summer-mantle-decor-dtd-09-320x480.jpg 320w, https:\/\/doubletakedecor.com\/uploads\/2025\/07\/summer-mantle-decor-dtd-09-360x540.jpg 360w, https:\/\/doubletakedecor.com\/uploads\/2025\/07\/summer-mantle-decor-dtd-09-363x545.jpg 363w, https:\/\/doubletakedecor.com\/uploads\/2025\/07\/summer-mantle-decor-dtd-09-370x555.jpg 370w, https:\/\/doubletakedecor.com\/uploads\/2025\/07\/summer-mantle-decor-dtd-09-400x600.jpg 400w, https:\/\/doubletakedecor.com\/uploads\/2025\/07\/summer-mantle-decor-dtd-09-560x840.jpg 560w, https:\/\/doubletakedecor.com\/uploads\/2025\/07\/summer-mantle-decor-dtd-09-480x720.jpg 480w\" sizes=\"auto, (max-width: 700px) 100vw, 700px\" \/><\/p>\n<p>Pr\u00f3b\u00e1ld ki a t\u00fcrkiz v\u00e1z\u00e1kat arany keretes t\u00fck\u00f6r mellett, hogy eleg\u00e1ns, friss k\u00f6z\u00e9ppontja legyen a p\u00e1rk\u00e1nynak. Egyens\u00falyozd ki a l\u00e1tv\u00e1nyt friss, feh\u00e9r r\u00f3zs\u00e1kkal. Tipp: V\u00e1lassz k\u00fcl\u00f6nb\u00f6z\u0151 magass\u00e1g\u00fa dekor\u00e1ci\u00f3kat, hogy \u00e9rdekesebb legyen az elrendez\u00e9s, de k\u00f6zben maradj ugyanann\u00e1l a sz\u00ednvil\u00e1gn\u00e1l. A nagyobb t\u00e1rgyakat tedd k\u00f6z\u00e9pre, a kisebbeket k\u00edv\u00fclre \u2013 \u00edgy lesz igaz\u00e1n harmonikus az \u00f6sszk\u00e9p.<\/p>\n<h2>Ny\u00e1ri gal\u00e9ria a kandall\u00f3p\u00e1rk\u00e1nyon<\/h2>\n<p><img loading=\"lazy\" decoding=\"async\" width=\"700\" height=\"1050\" alt=\"Eleg\u00e1ns ny\u00e1ri p\u00e1rk\u00e1ny bekeretezett k\u00e9pekkel, d\u00edszgyerty\u00e1kkal \u00e9s l\u00e1tv\u00e1nyos monstera n\u00f6v\u00e9nnyel \u2013 \u00edgy lesz meleg, st\u00edlusos f\u00f3kuszpont a nappaliban.\" class=\"aligncenter size-full wp-image-1849\" src=\"https:\/\/doubletakedecor.com\/uploads\/2025\/07\/summer-mantle-decor-dtd-10.jpg\" srcset=\"https:\/\/doubletakedecor.com\/uploads\/2025\/07\/summer-mantle-decor-dtd-10.jpg 700w, https:\/\/doubletakedecor.com\/uploads\/2025\/07\/summer-mantle-decor-dtd-10-200x300.jpg 200w, https:\/\/doubletakedecor.com\/uploads\/2025\/07\/summer-mantle-decor-dtd-10-683x1024.jpg 683w, https:\/\/doubletakedecor.com\/uploads\/2025\/07\/summer-mantle-decor-dtd-10-96x144.jpg 96w, https:\/\/doubletakedecor.com\/uploads\/2025\/07\/summer-mantle-decor-dtd-10-280x420.jpg 280w, https:\/\/doubletakedecor.com\/uploads\/2025\/07\/summer-mantle-decor-dtd-10-320x480.jpg 320w, https:\/\/doubletakedecor.com\/uploads\/2025\/07\/summer-mantle-decor-dtd-10-360x540.jpg 360w, https:\/\/doubletakedecor.com\/uploads\/2025\/07\/summer-mantle-decor-dtd-10-363x545.jpg 363w, https:\/\/doubletakedecor.com\/uploads\/2025\/07\/summer-mantle-decor-dtd-10-370x555.jpg 370w, https:\/\/doubletakedecor.com\/uploads\/2025\/07\/summer-mantle-decor-dtd-10-400x600.jpg 400w, https:\/\/doubletakedecor.com\/uploads\/2025\/07\/summer-mantle-decor-dtd-10-560x840.jpg 560w, https:\/\/doubletakedecor.com\/uploads\/2025\/07\/summer-mantle-decor-dtd-10-480x720.jpg 480w\" sizes=\"auto, (max-width: 700px) 100vw, 700px\" \/><\/p>\n<p>Alak\u00edtsd \u00e1t a p\u00e1rk\u00e1nyt izgalmas m\u0171v\u00e9szeti k\u00f6zpontt\u00e1: r\u00e9tegezz k\u00fcl\u00f6nb\u00f6z\u0151 m\u00e9ret\u0171 k\u00e9peket, vegy\u00edtsd term\u00e9szetes anyagokkal. Egy l\u00e1tv\u00e1nyos darab legyen a k\u00f6z\u00e9ppontban, k\u00f6r\u00fcl\u00f6tte kisebb k\u00e9pek aszimmetrikusan. Dobd fel a kompoz\u00edci\u00f3t magasabb gyerty\u00e1kkal, \u00e9s helyezz el egy \u00e9l\u00e9nk, z\u00f6ld monstera n\u00f6v\u00e9nyt is. Sz\u0151tt t\u00e1rol\u00f3k \u00e9s \u00e9rdekes t\u00e1rgyak teszik teljess\u00e9 a profi hat\u00e1st.<\/p>\n<h2>Term\u00e9szetes elegancia bogy\u00f3kkal a ny\u00e1ri p\u00e1rk\u00e1nyon<\/h2>\n<p><img loading=\"lazy\" decoding=\"async\" width=\"700\" height=\"1050\" alt=\"P\u00e1rk\u00e1ny \u0151szies dekor\u00e1ci\u00f3val: narancss\u00e1rga bogy\u00f3k, feh\u00e9r t\u00f6k \u00e9s \u0151szi \u00e1gak l\u00e1gyz\u00f6ld fal el\u0151tt.\" class=\"aligncenter size-full wp-image-1855\" src=\"https:\/\/doubletakedecor.com\/uploads\/2025\/07\/summer-mantle-decor-dtd-11.jpg\" srcset=\"https:\/\/doubletakedecor.com\/uploads\/2025\/07\/summer-mantle-decor-dtd-11.jpg 700w, https:\/\/doubletakedecor.com\/uploads\/2025\/07\/summer-mantle-decor-dtd-11-200x300.jpg 200w, https:\/\/doubletakedecor.com\/uploads\/2025\/07\/summer-mantle-decor-dtd-11-683x1024.jpg 683w, https:\/\/doubletakedecor.com\/uploads\/2025\/07\/summer-mantle-decor-dtd-11-96x144.jpg 96w, https:\/\/doubletakedecor.com\/uploads\/2025\/07\/summer-mantle-decor-dtd-11-280x420.jpg 280w, https:\/\/doubletakedecor.com\/uploads\/2025\/07\/summer-mantle-decor-dtd-11-320x480.jpg 320w, https:\/\/doubletakedecor.com\/uploads\/2025\/07\/summer-mantle-decor-dtd-11-360x540.jpg 360w, https:\/\/doubletakedecor.com\/uploads\/2025\/07\/summer-mantle-decor-dtd-11-363x545.jpg 363w, https:\/\/doubletakedecor.com\/uploads\/2025\/07\/summer-mantle-decor-dtd-11-370x555.jpg 370w, https:\/\/doubletakedecor.com\/uploads\/2025\/07\/summer-mantle-decor-dtd-11-400x600.jpg 400w, https:\/\/doubletakedecor.com\/uploads\/2025\/07\/summer-mantle-decor-dtd-11-560x840.jpg 560w, https:\/\/doubletakedecor.com\/uploads\/2025\/07\/summer-mantle-decor-dtd-11-480x720.jpg 480w\" sizes=\"auto, (max-width: 700px) 100vw, 700px\" \/><\/p>\n<p>Friss\u00edtsd fel a ny\u00e1ri p\u00e1rk\u00e1nyt \u00e9l\u00e9nk bogy\u00f3s \u00e1gakkal \u00e9s l\u00e1gy z\u00f6ld h\u00e1tt\u00e9rrel. Egy nagyobb vir\u00e1gos kompoz\u00edci\u00f3 legyen az egyik oldalon, hogy aszimmetrikus egyens\u00falyt \u00e9rj el, \u00e9s n\u00e9h\u00e1ny emelt, szezon\u00e1lis d\u00edsz is hozzon v\u00e1ltozatoss\u00e1got. Haszn\u00e1lj feh\u00e9r ker\u00e1mi\u00e1t a friss hat\u00e1s\u00e9rt, \u00e9s fa t\u00e1lc\u00e1kkal emeld ki a term\u00e9szetes text\u00far\u00e1kat. V\u00e9gezet\u00fcl v\u00e1lassz letisztult falik\u00e9pet, ami sz\u00e9pen illik a sz\u00edn\u00f6ssze\u00e1ll\u00edt\u00e1shoz.<\/p>\n<h2>T\u00fck\u00f6rrel reflekt\u00e1lt ny\u00e1ri f\u00e9ny: f\u00f3kuszban a p\u00e1rk\u00e1ny<\/h2>\n<p><img loading=\"lazy\" decoding=\"async\" width=\"700\" height=\"1050\" alt=\"St\u00edlusos nappali feh\u00e9r t\u00e9gla kandall\u00f3val, f\u00f6l\u00f6tte t\u00fck\u00f6rrel, z\u00f6ld n\u00f6v\u00e9nyekkel \u00e9s modern b\u00fatorokkal a friss, ny\u00e1ri hangulat\u00e9rt.\" class=\"aligncenter size-full wp-image-1861\" src=\"https:\/\/doubletakedecor.com\/uploads\/2025\/07\/summer-mantle-decor-dtd-12.jpg\" srcset=\"https:\/\/doubletakedecor.com\/uploads\/2025\/07\/summer-mantle-decor-dtd-12.jpg 700w, https:\/\/doubletakedecor.com\/uploads\/2025\/07\/summer-mantle-decor-dtd-12-200x300.jpg 200w, https:\/\/doubletakedecor.com\/uploads\/2025\/07\/summer-mantle-decor-dtd-12-683x1024.jpg 683w, https:\/\/doubletakedecor.com\/uploads\/2025\/07\/summer-mantle-decor-dtd-12-96x144.jpg 96w, https:\/\/doubletakedecor.com\/uploads\/2025\/07\/summer-mantle-decor-dtd-12-280x420.jpg 280w, https:\/\/doubletakedecor.com\/uploads\/2025\/07\/summer-mantle-decor-dtd-12-320x480.jpg 320w, https:\/\/doubletakedecor.com\/uploads\/2025\/07\/summer-mantle-decor-dtd-12-360x540.jpg 360w, https:\/\/doubletakedecor.com\/uploads\/2025\/07\/summer-mantle-decor-dtd-12-363x545.jpg 363w, https:\/\/doubletakedecor.com\/uploads\/2025\/07\/summer-mantle-decor-dtd-12-370x555.jpg 370w, https:\/\/doubletakedecor.com\/uploads\/2025\/07\/summer-mantle-decor-dtd-12-400x600.jpg 400w, https:\/\/doubletakedecor.com\/uploads\/2025\/07\/summer-mantle-decor-dtd-12-560x840.jpg 560w, https:\/\/doubletakedecor.com\/uploads\/2025\/07\/summer-mantle-decor-dtd-12-480x720.jpg 480w\" sizes=\"auto, (max-width: 700px) 100vw, 700px\" \/><\/p>\n<p>Add a p\u00e1rk\u00e1nynak igazi hangs\u00falyt egy nagyobb t\u00fck\u00f6rrel a k\u00f6zpontban. Rendezgesd a z\u00f6ld n\u00f6v\u00e9nyeket aszimmetrikusan, hogy term\u00e9szetes, ny\u00e1ri hangulatot kapj. Magasabb gyertyatart\u00f3kkal vagy kisebb d\u00edszt\u00e1rgyakkal hozz vizu\u00e1lis j\u00e1t\u00e9kot. A t\u00fck\u00f6r megsokszorozza a f\u00e9nyt \u00e9s nagyobb t\u00e9r\u00e9rzetet ad \u2013 \u00edgy teltebben ragyog a szoba a ny\u00e1ri \u00f6sszej\u00f6vetelekhez is.<\/p>\n<h2>K\u00fcl\u00f6nleges mint\u00e1k: ny\u00e1ri tengerparti hangulat a p\u00e1rk\u00e1nyon<\/h2>\n<p><img loading=\"lazy\" decoding=\"async\" width=\"700\" height=\"1049\" alt=\"Bar\u00e1ts\u00e1gos nappali vil\u00e1gos kanap\u00e9val, m\u00e1rv\u00e1ny asztallal, s\u00e1rga vir\u00e1gokkal \u00e9s k\u00e9k-feh\u00e9r mint\u00e1s kandall\u00f3p\u00e1rk\u00e1nnyal.\" class=\"aligncenter size-full wp-image-1867\" src=\"https:\/\/doubletakedecor.com\/uploads\/2025\/07\/summer-mantle-decor-dtd-13.jpg\" srcset=\"https:\/\/doubletakedecor.com\/uploads\/2025\/07\/summer-mantle-decor-dtd-13.jpg 700w, https:\/\/doubletakedecor.com\/uploads\/2025\/07\/summer-mantle-decor-dtd-13-200x300.jpg 200w, https:\/\/doubletakedecor.com\/uploads\/2025\/07\/summer-mantle-decor-dtd-13-683x1024.jpg 683w, https:\/\/doubletakedecor.com\/uploads\/2025\/07\/summer-mantle-decor-dtd-13-96x144.jpg 96w, https:\/\/doubletakedecor.com\/uploads\/2025\/07\/summer-mantle-decor-dtd-13-280x420.jpg 280w, https:\/\/doubletakedecor.com\/uploads\/2025\/07\/summer-mantle-decor-dtd-13-320x480.jpg 320w, https:\/\/doubletakedecor.com\/uploads\/2025\/07\/summer-mantle-decor-dtd-13-360x539.jpg 360w, https:\/\/doubletakedecor.com\/uploads\/2025\/07\/summer-mantle-decor-dtd-13-363x544.jpg 363w, https:\/\/doubletakedecor.com\/uploads\/2025\/07\/summer-mantle-decor-dtd-13-370x554.jpg 370w, https:\/\/doubletakedecor.com\/uploads\/2025\/07\/summer-mantle-decor-dtd-13-400x599.jpg 400w, https:\/\/doubletakedecor.com\/uploads\/2025\/07\/summer-mantle-decor-dtd-13-560x839.jpg 560w, https:\/\/doubletakedecor.com\/uploads\/2025\/07\/summer-mantle-decor-dtd-13-480x719.jpg 480w\" sizes=\"auto, (max-width: 700px) 100vw, 700px\" \/><\/p>\n<p>K\u00e9k-feh\u00e9r mint\u00e1s kieg\u00e9sz\u00edt\u0151kkel igazi tengerparti hangulatot adhatsz a kandall\u00f3p\u00e1rk\u00e1nynak. Eg\u00e9sz\u00edtsd ki term\u00e9szetes fa \u00e1rnyalatokkal, \u00e9s egy \u00e9l\u00e9nk s\u00e1rga vir\u00e1gcsokorral dobd fel a sz\u00ednvil\u00e1got. Maradj a kevesebb t\u00f6bb elv\u00e9n\u00e9l, csak n\u00e9h\u00e1ny j\u00f3l elhelyezett kieg\u00e9sz\u00edt\u0151t haszn\u00e1lj, hogy nyugodt maradjon az \u00f6sszhat\u00e1s. Ugyanezeket a sz\u00edneket vidd vissza a d\u00edszp\u00e1rn\u00e1kra is, \u00edgy lesz egys\u00e9ges a t\u00e9r.<\/p>\n<h2>R\u00e9tegezd a vintage ablakkereteket t\u00fcrkiz \u00fcveggel a rusztikus ny\u00e1ri eleganci\u00e1\u00e9rt<\/h2>\n<p><img loading=\"lazy\" decoding=\"async\" width=\"700\" height=\"1050\" alt=\"B\u00e1jos ny\u00e1ri kandall\u00f3 p\u00e1rk\u00e1ny, rajta fa ablakkerettel, t\u00fcrkiz \u00fcvegpalackokkal, friss vir\u00e1gokkal \u00e9s rusztikus d\u00edszekkel feh\u00e9r kandall\u00f3n, halv\u00e1nyk\u00e9k fal el\u0151tt.\" class=\"aligncenter size-full wp-image-1873\" src=\"https:\/\/doubletakedecor.com\/uploads\/2025\/07\/summer-mantle-decor-dtd-14.jpg\" srcset=\"https:\/\/doubletakedecor.com\/uploads\/2025\/07\/summer-mantle-decor-dtd-14.jpg 700w, https:\/\/doubletakedecor.com\/uploads\/2025\/07\/summer-mantle-decor-dtd-14-200x300.jpg 200w, https:\/\/doubletakedecor.com\/uploads\/2025\/07\/summer-mantle-decor-dtd-14-683x1024.jpg 683w, https:\/\/doubletakedecor.com\/uploads\/2025\/07\/summer-mantle-decor-dtd-14-96x144.jpg 96w, https:\/\/doubletakedecor.com\/uploads\/2025\/07\/summer-mantle-decor-dtd-14-280x420.jpg 280w, https:\/\/doubletakedecor.com\/uploads\/2025\/07\/summer-mantle-decor-dtd-14-320x480.jpg 320w, https:\/\/doubletakedecor.com\/uploads\/2025\/07\/summer-mantle-decor-dtd-14-360x540.jpg 360w, https:\/\/doubletakedecor.com\/uploads\/2025\/07\/summer-mantle-decor-dtd-14-363x545.jpg 363w, https:\/\/doubletakedecor.com\/uploads\/2025\/07\/summer-mantle-decor-dtd-14-370x555.jpg 370w, https:\/\/doubletakedecor.com\/uploads\/2025\/07\/summer-mantle-decor-dtd-14-400x600.jpg 400w, https:\/\/doubletakedecor.com\/uploads\/2025\/07\/summer-mantle-decor-dtd-14-560x840.jpg 560w, https:\/\/doubletakedecor.com\/uploads\/2025\/07\/summer-mantle-decor-dtd-14-480x720.jpg 480w\" sizes=\"auto, (max-width: 700px) 100vw, 700px\" \/><\/p>\n<p>Alak\u00edts ki igaz\u00e1n l\u00e1tv\u00e1nyos hat\u00e1st, ha egy r\u00e9gi, kopott fa ablakkeretet teszel a kandall\u00f3d k\u00f6z\u00e9ppontj\u00e1ba. Eg\u00e9sz\u00edtsd ki t\u00fcrkiz \u00fcvegpalackokkal, hogy vid\u00e1m ny\u00e1ri sz\u00ednt vigy\u00e9l a t\u00e9rbe, \u00e9s a f\u00e9ny sz\u00e9pen csillanjon rajtuk. Tegy\u00e9l mell\u00e9 friss z\u00f6ld n\u00f6v\u00e9nyeket \u00e9s feh\u00e9r vir\u00e1gokat a term\u00e9szetes hat\u00e1s\u00e9rt. Kis fa d\u00edszt\u00e1rgyak \u00e9s dekorat\u00edv madarak seg\u00edts\u00e9g\u00e9vel m\u00e9g v\u00e1ltozatosabb \u00e9s otthonosabb lesz az \u00f6sszk\u00e9p a halv\u00e1nyk\u00e9k h\u00e1tt\u00e9ren.<\/p>\n<h2>Luxus ny\u00e1ri kandall\u00f3p\u00e1rk\u00e1ny m\u00e1rv\u00e1nnyal \u00e9s term\u00e9szetes anyagokkal<\/h2>\n<p><img loading=\"lazy\" decoding=\"async\" width=\"700\" height=\"1049\" alt=\"Modern nappali fekete kandall\u00f3val \u00e9s m\u00e1rv\u00e1ny h\u00e1tt\u00e9rrel, fa polcokkal, term\u00e9szetes d\u00edszekkel \u00e9s ny\u00e1ri z\u00f6lddel kieg\u00e9sz\u00edtve.\" class=\"aligncenter size-full wp-image-1879\" src=\"https:\/\/doubletakedecor.com\/uploads\/2025\/07\/summer-mantle-decor-dtd-15.jpg\" srcset=\"https:\/\/doubletakedecor.com\/uploads\/2025\/07\/summer-mantle-decor-dtd-15.jpg 700w, https:\/\/doubletakedecor.com\/uploads\/2025\/07\/summer-mantle-decor-dtd-15-200x300.jpg 200w, https:\/\/doubletakedecor.com\/uploads\/2025\/07\/summer-mantle-decor-dtd-15-683x1024.jpg 683w, https:\/\/doubletakedecor.com\/uploads\/2025\/07\/summer-mantle-decor-dtd-15-96x144.jpg 96w, https:\/\/doubletakedecor.com\/uploads\/2025\/07\/summer-mantle-decor-dtd-15-280x420.jpg 280w, https:\/\/doubletakedecor.com\/uploads\/2025\/07\/summer-mantle-decor-dtd-15-320x480.jpg 320w, https:\/\/doubletakedecor.com\/uploads\/2025\/07\/summer-mantle-decor-dtd-15-360x539.jpg 360w, https:\/\/doubletakedecor.com\/uploads\/2025\/07\/summer-mantle-decor-dtd-15-363x544.jpg 363w, https:\/\/doubletakedecor.com\/uploads\/2025\/07\/summer-mantle-decor-dtd-15-370x554.jpg 370w, https:\/\/doubletakedecor.com\/uploads\/2025\/07\/summer-mantle-decor-dtd-15-400x599.jpg 400w, https:\/\/doubletakedecor.com\/uploads\/2025\/07\/summer-mantle-decor-dtd-15-560x839.jpg 560w, https:\/\/doubletakedecor.com\/uploads\/2025\/07\/summer-mantle-decor-dtd-15-480x719.jpg 480w\" sizes=\"auto, (max-width: 700px) 100vw, 700px\" \/><\/p>\n<p>Form\u00e1ld \u00e1t a kandall\u00f3dat a ny\u00e1r f\u0151 l\u00e1tv\u00e1nyoss\u00e1g\u00e1v\u00e1 \u00fagy, hogy a m\u00e1rv\u00e1ny pr\u00e9miums\u00e1g\u00e1t term\u00e9szetes text\u00far\u00e1kkal p\u00e1ros\u00edtod. Tegy\u00e9l fa d\u00edszt\u00e1rgyakat \u00e9s egyszer\u0171 vir\u00e1gokat lebeg\u0151 polcokra, \u00edgy igaz\u00e1n l\u00e9gies hat\u00e1st \u00e9rhetsz el. Hagyj meg n\u00e9mi szabad helyet is a d\u00edszek k\u00f6z\u00f6tt, hogy ne legyen t\u00f6m\u00f6tt a t\u00e9r. Helyezz el k\u00fcl\u00f6nb\u00f6z\u0151 magass\u00e1g\u00fa v\u00e1z\u00e1kat vagy gyertyatart\u00f3kat, \u00edgy m\u00e9g mutat\u00f3sabb \u00e9s egys\u00e9gesebb lesz a dekor\u00e1ci\u00f3.<\/p>\n<h2>B\u00e1tor, sz\u00ednes ny\u00e1ri kandall\u00f3p\u00e1rk\u00e1ny kontrasztos d\u00edszekkel \u00e9s vir\u00e1gokkal<\/h2>\n<p><img loading=\"lazy\" decoding=\"async\" width=\"700\" height=\"1050\" alt=\"\u00c9l\u00e9nk, ny\u00e1ri kandall\u00f3p\u00e1rk\u00e1ny, feh\u00e9r kandall\u00f3val, tenger\u00e9szk\u00e9k fallal, sz\u00ednes v\u00e1z\u00e1kkal, piros sz\u00e9kekkel \u00e9s t\u00fcrkiz puffal, bar\u00e1ts\u00e1gos hangulatot teremtve.\" class=\"aligncenter size-full wp-image-1885\" src=\"https:\/\/doubletakedecor.com\/uploads\/2025\/07\/summer-mantle-decor-dtd-16.jpg\" srcset=\"https:\/\/doubletakedecor.com\/uploads\/2025\/07\/summer-mantle-decor-dtd-16.jpg 700w, https:\/\/doubletakedecor.com\/uploads\/2025\/07\/summer-mantle-decor-dtd-16-200x300.jpg 200w, https:\/\/doubletakedecor.com\/uploads\/2025\/07\/summer-mantle-decor-dtd-16-683x1024.jpg 683w, https:\/\/doubletakedecor.com\/uploads\/2025\/07\/summer-mantle-decor-dtd-16-96x144.jpg 96w, https:\/\/doubletakedecor.com\/uploads\/2025\/07\/summer-mantle-decor-dtd-16-280x420.jpg 280w, https:\/\/doubletakedecor.com\/uploads\/2025\/07\/summer-mantle-decor-dtd-16-320x480.jpg 320w, https:\/\/doubletakedecor.com\/uploads\/2025\/07\/summer-mantle-decor-dtd-16-360x540.jpg 360w, https:\/\/doubletakedecor.com\/uploads\/2025\/07\/summer-mantle-decor-dtd-16-363x545.jpg 363w, https:\/\/doubletakedecor.com\/uploads\/2025\/07\/summer-mantle-decor-dtd-16-370x555.jpg 370w, https:\/\/doubletakedecor.com\/uploads\/2025\/07\/summer-mantle-decor-dtd-16-400x600.jpg 400w, https:\/\/doubletakedecor.com\/uploads\/2025\/07\/summer-mantle-decor-dtd-16-560x840.jpg 560w, https:\/\/doubletakedecor.com\/uploads\/2025\/07\/summer-mantle-decor-dtd-16-480x720.jpg 480w\" sizes=\"auto, (max-width: 700px) 100vw, 700px\" \/><\/p>\n<p>Alak\u00edtsd \u00e1t a kandall\u00f3p\u00e1rk\u00e1nyodat ny\u00e1ron is hangs\u00falyos, vid\u00e1m r\u00e9szekk\u00e9 \u00fagy, hogy \u00e9l\u00e9nk kieg\u00e9sz\u00edt\u0151ket p\u00e1ros\u00edtasz a s\u00f6t\u00e9tk\u00e9k h\u00e1tt\u00e9rrel. T\u00f6bbf\u00e9le magass\u00e1g\u00fa, sz\u00ednes v\u00e1z\u00e1kat rakj ki friss z\u00f6ldekkel, k\u00f6zt\u00fck keretezett fot\u00f3kkal \u00e9s szobrokkal. A piros fotelek \u00e9s a sz\u00ednes b\u00fatorok egys\u00e9ges, h\u00edvogat\u00f3 hangulatot teremtenek. A friss vir\u00e1gok \u00e1ltal behozhatod a term\u00e9szetet a szob\u00e1dba, \u00edgy t\u00f6k\u00e9letes lesz a ny\u00e1ri \u00f6sszhang.<\/p>\n<h2>Alak\u00edtsd \u00e1t a kandall\u00f3p\u00e1rk\u00e1nyt tengerparti k\u00e9k eleganci\u00e1val<\/h2>\n<p><img loading=\"lazy\" decoding=\"async\" width=\"700\" height=\"1050\" alt=\"Nyugodt, vil\u00e1gosk\u00e9k nappali feh\u00e9r kandall\u00f3p\u00e1rk\u00e1nnyal, kerek t\u00fck\u00f6rrel \u00e9s be\u00e9p\u00edtett polcokon elhelyezett tengerparti d\u00edszekkel, k\u00e9nyelmes \u00fcl\u0151sarokkal.\" class=\"aligncenter size-full wp-image-1891\" src=\"https:\/\/doubletakedecor.com\/uploads\/2025\/07\/summer-mantle-decor-dtd-17.jpg\" srcset=\"https:\/\/doubletakedecor.com\/uploads\/2025\/07\/summer-mantle-decor-dtd-17.jpg 700w, https:\/\/doubletakedecor.com\/uploads\/2025\/07\/summer-mantle-decor-dtd-17-200x300.jpg 200w, https:\/\/doubletakedecor.com\/uploads\/2025\/07\/summer-mantle-decor-dtd-17-683x1024.jpg 683w, https:\/\/doubletakedecor.com\/uploads\/2025\/07\/summer-mantle-decor-dtd-17-96x144.jpg 96w, https:\/\/doubletakedecor.com\/uploads\/2025\/07\/summer-mantle-decor-dtd-17-280x420.jpg 280w, https:\/\/doubletakedecor.com\/uploads\/2025\/07\/summer-mantle-decor-dtd-17-320x480.jpg 320w, https:\/\/doubletakedecor.com\/uploads\/2025\/07\/summer-mantle-decor-dtd-17-360x540.jpg 360w, https:\/\/doubletakedecor.com\/uploads\/2025\/07\/summer-mantle-decor-dtd-17-363x545.jpg 363w, https:\/\/doubletakedecor.com\/uploads\/2025\/07\/summer-mantle-decor-dtd-17-370x555.jpg 370w, https:\/\/doubletakedecor.com\/uploads\/2025\/07\/summer-mantle-decor-dtd-17-400x600.jpg 400w, https:\/\/doubletakedecor.com\/uploads\/2025\/07\/summer-mantle-decor-dtd-17-560x840.jpg 560w, https:\/\/doubletakedecor.com\/uploads\/2025\/07\/summer-mantle-decor-dtd-17-480x720.jpg 480w\" sizes=\"auto, (max-width: 700px) 100vw, 700px\" \/><\/p>\n<p>Csemp\u00e9ssz tengerparti hangulatot a ny\u00e1ri kandall\u00f3p\u00e1rk\u00e1nyodra k\u00e9k \u00e9s feh\u00e9r elemekkel. Tegy\u00e9l egy hangs\u00falyos, kerek t\u00fckr\u00f6t a p\u00e1rk\u00e1ny f\u00f6l\u00e9, hadd verje vissza sz\u00e9pen a f\u00e9nyt, majd d\u00edsz\u00edtsd k\u00e9k-feh\u00e9r csemp\u00e9kkel is. A polcokat rendezd el st\u00edlusosan ker\u00e1mia ed\u00e9nyekkel vagy fonott kosarakkal, hogy meglegyen a text\u00fara egyens\u00falya. Ezzel a m\u00f3dszerrel eg\u00e9sz szob\u00e1d friss \u00e9s l\u00e9gies lesz.<\/p>\n<h2>Kombin\u00e1lj k\u00fcl\u00f6nb\u00f6z\u0151 text\u00far\u00e1kat a h\u00edvogat\u00f3 ny\u00e1ri kandall\u00f3p\u00e1rk\u00e1ny\u00e9rt<\/h2>\n<p><img loading=\"lazy\" decoding=\"async\" width=\"700\" height=\"1049\" alt=\"Vil\u00e1gos nappali feh\u00e9r kandall\u00f3p\u00e1rk\u00e1nnyal t\u00e9glakandall\u00f3n, n\u00f6v\u00e9nyekkel \u00e9s k\u00e9pekkel d\u00edsz\u00edtve, hangulatos \u00fcl\u0151sarokkal kieg\u00e9sz\u00edtve.\" class=\"aligncenter size-full wp-image-1897\" src=\"https:\/\/doubletakedecor.com\/uploads\/2025\/07\/summer-mantle-decor-dtd-18.jpg\" srcset=\"https:\/\/doubletakedecor.com\/uploads\/2025\/07\/summer-mantle-decor-dtd-18.jpg 700w, https:\/\/doubletakedecor.com\/uploads\/2025\/07\/summer-mantle-decor-dtd-18-200x300.jpg 200w, https:\/\/doubletakedecor.com\/uploads\/2025\/07\/summer-mantle-decor-dtd-18-683x1024.jpg 683w, https:\/\/doubletakedecor.com\/uploads\/2025\/07\/summer-mantle-decor-dtd-18-96x144.jpg 96w, https:\/\/doubletakedecor.com\/uploads\/2025\/07\/summer-mantle-decor-dtd-18-280x420.jpg 280w, https:\/\/doubletakedecor.com\/uploads\/2025\/07\/summer-mantle-decor-dtd-18-320x480.jpg 320w, https:\/\/doubletakedecor.com\/uploads\/2025\/07\/summer-mantle-decor-dtd-18-360x539.jpg 360w, https:\/\/doubletakedecor.com\/uploads\/2025\/07\/summer-mantle-decor-dtd-18-363x544.jpg 363w, https:\/\/doubletakedecor.com\/uploads\/2025\/07\/summer-mantle-decor-dtd-18-370x554.jpg 370w, https:\/\/doubletakedecor.com\/uploads\/2025\/07\/summer-mantle-decor-dtd-18-400x599.jpg 400w, https:\/\/doubletakedecor.com\/uploads\/2025\/07\/summer-mantle-decor-dtd-18-560x839.jpg 560w, https:\/\/doubletakedecor.com\/uploads\/2025\/07\/summer-mantle-decor-dtd-18-480x719.jpg 480w\" sizes=\"auto, (max-width: 700px) 100vw, 700px\" \/><\/p>\n<p>Tegy\u00fck az \u00f6sszk\u00e9pet izgalmasabb\u00e1 \u00fagy, hogy sima, feh\u00e9r p\u00e1rk\u00e1nyt rusztikus t\u00e9gl\u00e1val kombin\u00e1lunk. Helyezz el egy nagyobb, leveles n\u00f6v\u00e9nyt az egyik oldalra, hogy aszimmetrikus, de kiegyens\u00falyozott legyen a l\u00e1tv\u00e1ny. Akassz a kandall\u00f3 f\u00f6l\u00e9 egy hangs\u00falyos k\u00e9pet, \u00e9s v\u00e1lassz a p\u00e1rk\u00e1ny k\u00f6zel\u00e9be sz\u00ednekben harmoniz\u00e1l\u00f3 text\u00edli\u00e1kat az \u00fcl\u0151alkalmatoss\u00e1ghoz, hogy igaz\u00e1n otthonos, ny\u00e1ri hangulat\u00fa legyen a t\u00e9r.<\/p>\n<h2>Friss, ny\u00e1ri kandall\u00f3p\u00e1rk\u00e1ny szimmetri\u00e1val \u00e9s term\u00e9szetes elemekkel<\/h2>\n<p><img loading=\"lazy\" decoding=\"async\" width=\"700\" height=\"1050\" alt=\"Hangulatos nappali vil\u00e1gos sarokkanap\u00e9val, feh\u00e9r t\u00e9glakandall\u00f3val, fa p\u00e1rk\u00e1nnyal, kerek t\u00fck\u00f6rrel \u00e9s term\u00e9szetes f\u00e9nnyel megvil\u00e1g\u00edtott lebeg\u0151 polcokkal.\" class=\"aligncenter size-full wp-image-1903\" src=\"https:\/\/doubletakedecor.com\/uploads\/2025\/07\/summer-mantle-decor-dtd-19.jpg\" srcset=\"https:\/\/doubletakedecor.com\/uploads\/2025\/07\/summer-mantle-decor-dtd-19.jpg 700w, https:\/\/doubletakedecor.com\/uploads\/2025\/07\/summer-mantle-decor-dtd-19-200x300.jpg 200w, https:\/\/doubletakedecor.com\/uploads\/2025\/07\/summer-mantle-decor-dtd-19-683x1024.jpg 683w, https:\/\/doubletakedecor.com\/uploads\/2025\/07\/summer-mantle-decor-dtd-19-96x144.jpg 96w, https:\/\/doubletakedecor.com\/uploads\/2025\/07\/summer-mantle-decor-dtd-19-280x420.jpg 280w, https:\/\/doubletakedecor.com\/uploads\/2025\/07\/summer-mantle-decor-dtd-19-320x480.jpg 320w, https:\/\/doubletakedecor.com\/uploads\/2025\/07\/summer-mantle-decor-dtd-19-360x540.jpg 360w, https:\/\/doubletakedecor.com\/uploads\/2025\/07\/summer-mantle-decor-dtd-19-363x545.jpg 363w, https:\/\/doubletakedecor.com\/uploads\/2025\/07\/summer-mantle-decor-dtd-19-370x555.jpg 370w, https:\/\/doubletakedecor.com\/uploads\/2025\/07\/summer-mantle-decor-dtd-19-400x600.jpg 400w, https:\/\/doubletakedecor.com\/uploads\/2025\/07\/summer-mantle-decor-dtd-19-560x840.jpg 560w, https:\/\/doubletakedecor.com\/uploads\/2025\/07\/summer-mantle-decor-dtd-19-480x720.jpg 480w\" sizes=\"auto, (max-width: 700px) 100vw, 700px\" \/><\/p>\n<p>Legyen a kandall\u00f3d a ny\u00e1r k\u00f6zponti r\u00e9sze, ha mindk\u00e9t oldal\u00e1n ugyanolyan lebeg\u0151 polcokat helyezel el. D\u00edsz\u00edts k\u00fcl\u00f6nb\u00f6z\u0151 magass\u00e1g\u00fa dekor\u00e1ci\u00f3kkal, k\u00f6z\u00e9j\u00fck csemp\u00e9szd be a z\u00f6ld n\u00f6v\u00e9nyeket is, hogy friss maradjon az \u00f6sszk\u00e9p. A kerek t\u00fck\u00f6r visszaveri a f\u00e9nyt, \u00e9s egyens\u00falyt teremt. Semleges sz\u00ednek \u00e9s finom text\u00faravari\u00e1ci\u00f3k seg\u00edts\u00e9g\u00e9vel egys\u00e9ges, vil\u00e1gos lesz a szoba &#8211; t\u00f6k\u00e9letes ny\u00e1ri h\u00f3napokra.<\/p>\n<h2>Var\u00e1zsolj tengerparti hangulatot a kandall\u00f3dhoz haj\u00f3s d\u00edszekkel<\/h2>\n<p><img loading=\"lazy\" decoding=\"async\" width=\"700\" height=\"1050\" alt=\"Eleg\u00e1ns, ny\u00e1ri kandall\u00f3p\u00e1rk\u00e1ny tenger\u00e9sz st\u00edlusban: vitorl\u00e1s k\u00e9ppel, f\u00e1b\u00f3l k\u00e9sz\u00fclt gyertyatart\u00f3val \u00e9s dekorat\u00edv evez\u0151kkel, tengerparti hangulatban.\" class=\"aligncenter size-full wp-image-1909\" src=\"https:\/\/doubletakedecor.com\/uploads\/2025\/07\/summer-mantle-decor-dtd-20.jpg\" srcset=\"https:\/\/doubletakedecor.com\/uploads\/2025\/07\/summer-mantle-decor-dtd-20.jpg 700w, https:\/\/doubletakedecor.com\/uploads\/2025\/07\/summer-mantle-decor-dtd-20-200x300.jpg 200w, https:\/\/doubletakedecor.com\/uploads\/2025\/07\/summer-mantle-decor-dtd-20-683x1024.jpg 683w, https:\/\/doubletakedecor.com\/uploads\/2025\/07\/summer-mantle-decor-dtd-20-96x144.jpg 96w, https:\/\/doubletakedecor.com\/uploads\/2025\/07\/summer-mantle-decor-dtd-20-280x420.jpg 280w, https:\/\/doubletakedecor.com\/uploads\/2025\/07\/summer-mantle-decor-dtd-20-320x480.jpg 320w, https:\/\/doubletakedecor.com\/uploads\/2025\/07\/summer-mantle-decor-dtd-20-360x540.jpg 360w, https:\/\/doubletakedecor.com\/uploads\/2025\/07\/summer-mantle-decor-dtd-20-363x545.jpg 363w, https:\/\/doubletakedecor.com\/uploads\/2025\/07\/summer-mantle-decor-dtd-20-370x555.jpg 370w, https:\/\/doubletakedecor.com\/uploads\/2025\/07\/summer-mantle-decor-dtd-20-400x600.jpg 400w, https:\/\/doubletakedecor.com\/uploads\/2025\/07\/summer-mantle-decor-dtd-20-560x840.jpg 560w, https:\/\/doubletakedecor.com\/uploads\/2025\/07\/summer-mantle-decor-dtd-20-480x720.jpg 480w\" sizes=\"auto, (max-width: 700px) 100vw, 700px\" \/><\/p>\n<p>Alak\u00edtsd a kandall\u00f3p\u00e1rk\u00e1nyodat igazi tengerparti o\u00e1ziss\u00e1 egy keretezett vitorl\u00e1sk\u00e9p \u00e9s hozz\u00e1 ill\u0151 tenger\u00e9sz kieg\u00e9sz\u00edt\u0151k elhelyez\u00e9s\u00e9vel. Egy f\u00e1b\u00f3l k\u00e9sz\u00fclt gyertyatart\u00f3 \u00e9s egy dekorat\u00edv haj\u00f3modell szint\u00e9n j\u00f3l illik a p\u00e1rk\u00e1nyra, m\u00edg az evez\u0151k izgalmas d\u00edszk\u00e9nt ker\u00fclhetnek a kandall\u00f3 mell\u00e9. \u00cdgy k\u00f6nnyed\u00e9n eleg\u00e1ns, m\u00e9gis laza tengerparti hangulatot teremthetsz t\u00falz\u00e1s n\u00e9lk\u00fcl.<\/p>\n<h2>Modern ny\u00e1ri kandall\u00f3p\u00e1rk\u00e1ny term\u00e9szetes elemekkel<\/h2>\n<p><img loading=\"lazy\" decoding=\"async\" width=\"700\" height=\"1049\" alt=\"Letisztult nappali kandall\u00f3 s\u00f6t\u00e9t pala alappal, k\u00e9k k\u00f6r alak\u00fa k\u00e9ppel, t\u00e1jk\u00e9pfestm\u00e9nnyel \u00e9s term\u00e9szetes fa h\u00e1tt\u00e9rrel.\" class=\"aligncenter size-full wp-image-1915\" src=\"https:\/\/doubletakedecor.com\/uploads\/2025\/07\/summer-mantle-decor-dtd-21.jpg\" srcset=\"https:\/\/doubletakedecor.com\/uploads\/2025\/07\/summer-mantle-decor-dtd-21.jpg 700w, https:\/\/doubletakedecor.com\/uploads\/2025\/07\/summer-mantle-decor-dtd-21-200x300.jpg 200w, https:\/\/doubletakedecor.com\/uploads\/2025\/07\/summer-mantle-decor-dtd-21-683x1024.jpg 683w, https:\/\/doubletakedecor.com\/uploads\/2025\/07\/summer-mantle-decor-dtd-21-96x144.jpg 96w, https:\/\/doubletakedecor.com\/uploads\/2025\/07\/summer-mantle-decor-dtd-21-280x420.jpg 280w, https:\/\/doubletakedecor.com\/uploads\/2025\/07\/summer-mantle-decor-dtd-21-320x480.jpg 320w, https:\/\/doubletakedecor.com\/uploads\/2025\/07\/summer-mantle-decor-dtd-21-360x539.jpg 360w, https:\/\/doubletakedecor.com\/uploads\/2025\/07\/summer-mantle-decor-dtd-21-363x544.jpg 363w, https:\/\/doubletakedecor.com\/uploads\/2025\/07\/summer-mantle-decor-dtd-21-370x554.jpg 370w, https:\/\/doubletakedecor.com\/uploads\/2025\/07\/summer-mantle-decor-dtd-21-400x599.jpg 400w, https:\/\/doubletakedecor.com\/uploads\/2025\/07\/summer-mantle-decor-dtd-21-560x839.jpg 560w, https:\/\/doubletakedecor.com\/uploads\/2025\/07\/summer-mantle-decor-dtd-21-480x719.jpg 480w\" sizes=\"auto, (max-width: 700px) 100vw, 700px\" \/><\/p>\n<p>Hozz l\u00e9tre eleg\u00e1ns ny\u00e1ri p\u00e1rk\u00e1nyt, ha \u00e9l\u00e9nk k\u00e9peket kombin\u00e1lsz term\u00e9szetes fa elemekkel. Helyezd el ellent\u00e9tes st\u00edlus\u00fa k\u00e9peket, hogy kiemelked\u0151 legyen a l\u00e1tv\u00e1ny. Haszn\u00e1lj f\u00e1b\u00f3l k\u00e9sz\u00fclt t\u0171zifa t\u00e1rol\u00f3t m\u00e1r d\u00edsznek is, \u00e9s eg\u00e9sz\u00edtsd ki a megjelen\u00e9st egyszer\u0171 \u00fcvegv\u00e1z\u00e1val \u00e9s friss vir\u00e1gokkal, hogy k\u00f6nnyed, rendezett legyen a ny\u00e1ri \u00f6sszk\u00e9p.<\/p>\n<h2>Minimalista ny\u00e1ri kandall\u00f3p\u00e1rk\u00e1ny term\u00e9szetes r\u00e9szletekkel<\/h2>\n<p><img loading=\"lazy\" decoding=\"async\" width=\"700\" height=\"1050\" alt=\"Modern nappali k\u0151 d\u00edszfallal, feh\u00e9r p\u00e1rk\u00e1nnyal, k\u00f6nyvek \u00e9s sz\u00e1raz vir\u00e1gok d\u00edsz\u00edtik, term\u00e9szetes f\u00e9nyek \u00e9s s\u00e1rga p\u00e1rn\u00e1val feldobott k\u00e9nyelmes \u00fcl\u0151helyek.\" class=\"aligncenter size-full wp-image-1921\" src=\"https:\/\/doubletakedecor.com\/uploads\/2025\/07\/summer-mantle-decor-dtd-22.jpg\" srcset=\"https:\/\/doubletakedecor.com\/uploads\/2025\/07\/summer-mantle-decor-dtd-22.jpg 700w, https:\/\/doubletakedecor.com\/uploads\/2025\/07\/summer-mantle-decor-dtd-22-200x300.jpg 200w, https:\/\/doubletakedecor.com\/uploads\/2025\/07\/summer-mantle-decor-dtd-22-683x1024.jpg 683w, https:\/\/doubletakedecor.com\/uploads\/2025\/07\/summer-mantle-decor-dtd-22-96x144.jpg 96w, https:\/\/doubletakedecor.com\/uploads\/2025\/07\/summer-mantle-decor-dtd-22-280x420.jpg 280w, https:\/\/doubletakedecor.com\/uploads\/2025\/07\/summer-mantle-decor-dtd-22-320x480.jpg 320w, https:\/\/doubletakedecor.com\/uploads\/2025\/07\/summer-mantle-decor-dtd-22-360x540.jpg 360w, https:\/\/doubletakedecor.com\/uploads\/2025\/07\/summer-mantle-decor-dtd-22-363x545.jpg 363w, https:\/\/doubletakedecor.com\/uploads\/2025\/07\/summer-mantle-decor-dtd-22-370x555.jpg 370w, https:\/\/doubletakedecor.com\/uploads\/2025\/07\/summer-mantle-decor-dtd-22-400x600.jpg 400w, https:\/\/doubletakedecor.com\/uploads\/2025\/07\/summer-mantle-decor-dtd-22-560x840.jpg 560w, https:\/\/doubletakedecor.com\/uploads\/2025\/07\/summer-mantle-decor-dtd-22-480x720.jpg 480w\" sizes=\"auto, (max-width: 700px) 100vw, 700px\" \/><\/p>\n<p>Alak\u00edtsd ki letisztult, visszafogott ny\u00e1ri kandall\u00f3p\u00e1rk\u00e1nyodat n\u00e9h\u00e1ny j\u00f3l elhelyezett d\u00edszt\u00e1rggyal. A k\u00f6nyveket halmozd m\u0171v\u00e9szien, \u00edgy emelv\u00e9nyk\u00e9nt is funkcion\u00e1lnak, a sz\u00e1raz vir\u00e1gok pedig eleg\u00e1nsak \u00e9s semmilyen gondoz\u00e1st sem ig\u00e9nyelnek. \u00cdgy a sz\u00e9p k\u0151 d\u00edszfal marad a helyis\u00e9g k\u00f6z\u00e9ppontj\u00e1ban, mik\u00f6zben m\u00e9gis frissebb lesz az \u00f6sszhat\u00e1s. TIPP: Haszn\u00e1lj k\u00fcl\u00f6nb\u00f6z\u0151 magass\u00e1g\u00fa t\u00e1rgyakat, hogy \u00e9rdekesebb legyen a l\u00e1tv\u00e1ny, de ne rakj t\u00fal sok mindent a p\u00e1rk\u00e1nyra.<\/p>\n<h2>\u00d6r\u00f6k eleganci\u00e1j\u00fa kandall\u00f3p\u00e1rk\u00e1ny eg\u00e9sz \u00e9vre<\/h2>\n<p><img loading=\"lazy\" decoding=\"async\" width=\"700\" height=\"1049\" alt=\"Eleg\u00e1ns nappali k\u0151 kandall\u00f3val, vil\u00e1gos p\u00e1rk\u00e1nnyal, diszkr\u00e9t z\u00f6ld n\u00f6v\u00e9nyekkel \u00e9s k\u00e9nyelmes sz\u00fcrke fotelekkel, mint\u00e1s sz\u0151nyegen.\" class=\"aligncenter size-full wp-image-1927\" src=\"https:\/\/doubletakedecor.com\/uploads\/2025\/07\/summer-mantle-decor-dtd-23.jpg\" srcset=\"https:\/\/doubletakedecor.com\/uploads\/2025\/07\/summer-mantle-decor-dtd-23.jpg 700w, https:\/\/doubletakedecor.com\/uploads\/2025\/07\/summer-mantle-decor-dtd-23-200x300.jpg 200w, https:\/\/doubletakedecor.com\/uploads\/2025\/07\/summer-mantle-decor-dtd-23-683x1024.jpg 683w, https:\/\/doubletakedecor.com\/uploads\/2025\/07\/summer-mantle-decor-dtd-23-96x144.jpg 96w, https:\/\/doubletakedecor.com\/uploads\/2025\/07\/summer-mantle-decor-dtd-23-280x420.jpg 280w, https:\/\/doubletakedecor.com\/uploads\/2025\/07\/summer-mantle-decor-dtd-23-320x480.jpg 320w, https:\/\/doubletakedecor.com\/uploads\/2025\/07\/summer-mantle-decor-dtd-23-360x539.jpg 360w, https:\/\/doubletakedecor.com\/uploads\/2025\/07\/summer-mantle-decor-dtd-23-363x544.jpg 363w, https:\/\/doubletakedecor.com\/uploads\/2025\/07\/summer-mantle-decor-dtd-23-370x554.jpg 370w, https:\/\/doubletakedecor.com\/uploads\/2025\/07\/summer-mantle-decor-dtd-23-400x599.jpg 400w, https:\/\/doubletakedecor.com\/uploads\/2025\/07\/summer-mantle-decor-dtd-23-560x839.jpg 560w, https:\/\/doubletakedecor.com\/uploads\/2025\/07\/summer-mantle-decor-dtd-23-480x719.jpg 480w\" sizes=\"auto, (max-width: 700px) 100vw, 700px\" \/><\/p>\n<p>Teremts olyan alapot a kandall\u00f3dnak, ami eg\u00e9sz \u00e9vben eleg\u00e1ns. Helyezz el szimmetrikusan foteleket, \u00e9s eg\u00e9sz\u00edtsd ki a kandall\u00f3t egym\u00e1shoz ill\u0151 d\u00edszp\u00e1rn\u00e1kkal. R\u00e9tegezz k\u0151 anyagokat puha text\u00edli\u00e1kkal, \u00edgy v\u00e1ltozatosabb lesz a t\u00e9r. Tegy\u00e9l ki kev\u00e9s z\u00f6ld n\u00f6v\u00e9nyt, hogy friss legyen az \u00f6sszhat\u00e1s, de ne legyen t\u00falzs\u00fafolt. Ny\u00e1ron \u00e9rdemes a nehezebb dekorokat k\u00f6nnyedebbekre cser\u00e9lni, de a sz\u00ednek maradjanak harm\u00f3ni\u00e1ban.<\/p>\n<h2>Olvas\u00f3sarok kialak\u00edt\u00e1sa ny\u00e1ri kandall\u00f3p\u00e1rk\u00e1nyod k\u00f6r\u00fcl<\/h2>\n<p><img loading=\"lazy\" decoding=\"async\" width=\"700\" height=\"1049\" alt=\"Hangulatos nappali s\u00f6t\u00e9tk\u00e9k falakkal, st\u00edlusos p\u00e1rk\u00e1ny vitorl\u00e1ssal, polcokon friss feh\u00e9r vir\u00e1gokkal \u00e9s s\u00e1rga kasp\u00f3val.\" class=\"aligncenter size-full wp-image-1933\" src=\"https:\/\/doubletakedecor.com\/uploads\/2025\/07\/summer-mantle-decor-dtd-24.jpg\" srcset=\"https:\/\/doubletakedecor.com\/uploads\/2025\/07\/summer-mantle-decor-dtd-24.jpg 700w, https:\/\/doubletakedecor.com\/uploads\/2025\/07\/summer-mantle-decor-dtd-24-200x300.jpg 200w, https:\/\/doubletakedecor.com\/uploads\/2025\/07\/summer-mantle-decor-dtd-24-683x1024.jpg 683w, https:\/\/doubletakedecor.com\/uploads\/2025\/07\/summer-mantle-decor-dtd-24-96x144.jpg 96w, https:\/\/doubletakedecor.com\/uploads\/2025\/07\/summer-mantle-decor-dtd-24-280x420.jpg 280w, https:\/\/doubletakedecor.com\/uploads\/2025\/07\/summer-mantle-decor-dtd-24-320x480.jpg 320w, https:\/\/doubletakedecor.com\/uploads\/2025\/07\/summer-mantle-decor-dtd-24-360x539.jpg 360w, https:\/\/doubletakedecor.com\/uploads\/2025\/07\/summer-mantle-decor-dtd-24-363x544.jpg 363w, https:\/\/doubletakedecor.com\/uploads\/2025\/07\/summer-mantle-decor-dtd-24-370x554.jpg 370w, https:\/\/doubletakedecor.com\/uploads\/2025\/07\/summer-mantle-decor-dtd-24-400x599.jpg 400w, https:\/\/doubletakedecor.com\/uploads\/2025\/07\/summer-mantle-decor-dtd-24-560x839.jpg 560w, https:\/\/doubletakedecor.com\/uploads\/2025\/07\/summer-mantle-decor-dtd-24-480x719.jpg 480w\" sizes=\"auto, (max-width: 700px) 100vw, 700px\" \/><\/p>\n<p>Alak\u00edtsd ki a kandall\u00f3 k\u00f6rny\u00e9k\u00e9t otthonos olvas\u00f3sarokk\u00e1 \u00fagy, hogy sz\u00ednes k\u00f6nyveket rendezel a k\u00f6zeli polcokra. Hangs\u00falyozd ki a teret \u00e9l\u00e9nk d\u00edszekkel: egy piros vitorl\u00e1s vagy egy naps\u00e1rga kasp\u00f3 j\u00f3l mutat a s\u00f6t\u00e9tk\u00e9k falak el\u0151tt. Hozz frissess\u00e9get feh\u00e9r vir\u00e1gokkal, \u00e9s haszn\u00e1ld ki a f\u00e1t d\u00edsznek is, p\u00e9ld\u00e1ul t\u0171zifak\u00e9nt. A k\u00e9nyelmes fotelek \u00e9s puha p\u00e1rn\u00e1k t\u00f6k\u00e9letes helyet teremtenek ny\u00e1ri olvas\u00e1shoz.<\/p>\n<h2>R\u00e9tegezd a term\u00e9szetes text\u00far\u00e1kat a ny\u00e1rias, meleg kandall\u00f3p\u00e1rk\u00e1ny\u00e9rt<\/h2>\n<p><img loading=\"lazy\" decoding=\"async\" width=\"700\" height=\"1050\" alt=\"Meleg hangulat\u00fa nappali must\u00e1rs\u00e1rga fotellel, sz\u00ednes sz\u0151nyeggel, n\u00f6v\u00e9nyekkel \u00e9s vir\u00e1gokkal dekor\u00e1lt klasszikus kandall\u00f3p\u00e1rk\u00e1nnyal.\" class=\"aligncenter size-full wp-image-1939\" src=\"https:\/\/doubletakedecor.com\/uploads\/2025\/07\/summer-mantle-decor-dtd-25.jpg\" srcset=\"https:\/\/doubletakedecor.com\/uploads\/2025\/07\/summer-mantle-decor-dtd-25.jpg 700w, https:\/\/doubletakedecor.com\/uploads\/2025\/07\/summer-mantle-decor-dtd-25-200x300.jpg 200w, https:\/\/doubletakedecor.com\/uploads\/2025\/07\/summer-mantle-decor-dtd-25-683x1024.jpg 683w, https:\/\/doubletakedecor.com\/uploads\/2025\/07\/summer-mantle-decor-dtd-25-96x144.jpg 96w, https:\/\/doubletakedecor.com\/uploads\/2025\/07\/summer-mantle-decor-dtd-25-280x420.jpg 280w, https:\/\/doubletakedecor.com\/uploads\/2025\/07\/summer-mantle-decor-dtd-25-320x480.jpg 320w, https:\/\/doubletakedecor.com\/uploads\/2025\/07\/summer-mantle-decor-dtd-25-360x540.jpg 360w, https:\/\/doubletakedecor.com\/uploads\/2025\/07\/summer-mantle-decor-dtd-25-363x545.jpg 363w, https:\/\/doubletakedecor.com\/uploads\/2025\/07\/summer-mantle-decor-dtd-25-370x555.jpg 370w, https:\/\/doubletakedecor.com\/uploads\/2025\/07\/summer-mantle-decor-dtd-25-400x600.jpg 400w, https:\/\/doubletakedecor.com\/uploads\/2025\/07\/summer-mantle-decor-dtd-25-560x840.jpg 560w, https:\/\/doubletakedecor.com\/uploads\/2025\/07\/summer-mantle-decor-dtd-25-480x720.jpg 480w\" sizes=\"auto, (max-width: 700px) 100vw, 700px\" \/><\/p>\n<p>Hozd \u00f6ssze a kifinomults\u00e1got \u00e9s a bar\u00e1ts\u00e1gos, laza hangulatot \u00fagy, hogy sokf\u00e9le term\u00e9szetes text\u00far\u00e1t haszn\u00e1lsz egy\u00fctt. V\u00e1lassz mutat\u00f3s vir\u00e1gos k\u00f6z\u00e9ppontot a p\u00e1rk\u00e1nyra, mell\u00e9 pedig helyezz cserepes n\u00f6v\u00e9nyeket elt\u00e9r\u0151 magass\u00e1gban. T\u00e1rol\u00e1shoz \u00e9s d\u00edsznek is t\u00f6k\u00e9letesek a fonott kosarak. Egy vintage t\u00fck\u00f6r visszaveri a f\u00e9nyt, ezzel tov\u00e1bb fokozza a ny\u00e1r k\u00f6nnyed l\u00e9gk\u00f6r\u00e9t.<\/p>\n<h2>Vibr\u00e1l\u00f3 ny\u00e1ri kandall\u00f3p\u00e1rk\u00e1ny sz\u00ednes l\u00e1mp\u00e1kkal<\/h2>\n<p><img loading=\"lazy\" decoding=\"async\" width=\"700\" height=\"1050\" alt=\"Feh\u00e9r kandall\u00f3p\u00e1rk\u00e1ny kerek t\u00fck\u00f6rrel, sz\u00ednes l\u00e1mp\u00e1kkal \u00e9s term\u00e9szetes \u00e1gakkal, vil\u00e1gos, st\u00edlusos ny\u00e1ri nappali f\u00f3kuszpontjak\u00e9nt.\" class=\"aligncenter size-full wp-image-1945\" src=\"https:\/\/doubletakedecor.com\/uploads\/2025\/07\/summer-mantle-decor-dtd-26.jpg\" srcset=\"https:\/\/doubletakedecor.com\/uploads\/2025\/07\/summer-mantle-decor-dtd-26.jpg 700w, https:\/\/doubletakedecor.com\/uploads\/2025\/07\/summer-mantle-decor-dtd-26-200x300.jpg 200w, https:\/\/doubletakedecor.com\/uploads\/2025\/07\/summer-mantle-decor-dtd-26-683x1024.jpg 683w, https:\/\/doubletakedecor.com\/uploads\/2025\/07\/summer-mantle-decor-dtd-26-96x144.jpg 96w, https:\/\/doubletakedecor.com\/uploads\/2025\/07\/summer-mantle-decor-dtd-26-280x420.jpg 280w, https:\/\/doubletakedecor.com\/uploads\/2025\/07\/summer-mantle-decor-dtd-26-320x480.jpg 320w, https:\/\/doubletakedecor.com\/uploads\/2025\/07\/summer-mantle-decor-dtd-26-360x540.jpg 360w, https:\/\/doubletakedecor.com\/uploads\/2025\/07\/summer-mantle-decor-dtd-26-363x545.jpg 363w, https:\/\/doubletakedecor.com\/uploads\/2025\/07\/summer-mantle-decor-dtd-26-370x555.jpg 370w, https:\/\/doubletakedecor.com\/uploads\/2025\/07\/summer-mantle-decor-dtd-26-400x600.jpg 400w, https:\/\/doubletakedecor.com\/uploads\/2025\/07\/summer-mantle-decor-dtd-26-560x840.jpg 560w, https:\/\/doubletakedecor.com\/uploads\/2025\/07\/summer-mantle-decor-dtd-26-480x720.jpg 480w\" sizes=\"auto, (max-width: 700px) 100vw, 700px\" \/><\/p>\n<p>Emeld ki a ny\u00e1ri kandall\u00f3p\u00e1rk\u00e1nyodat \u00e9l\u00e9nk sz\u00edn\u0171 l\u00e1mp\u00e1kkal. Egy klasszikus, kerek t\u00fckr\u00f6t helyezz a k\u00f6z\u00e9ppontba, k\u00e9t oldal\u00e1ra pedig sz\u00ednes l\u00e1mp\u00e1kat, hogy igaz\u00e1n felt\u0171n\u0151 legyen. Tegy\u00e9l mell\u00e9 k\u00fcl\u00f6nb\u00f6z\u0151 magass\u00e1gban \u00e1gakat vagy kisebb, dekorat\u00edv t\u00e1rgyakat. Vigy\u00e9l sz\u00ednt a szob\u00e1ba harmoniz\u00e1l\u00f3 d\u00edszp\u00e1rn\u00e1kkal is, \u00edgy a ny\u00e1ri hangulat v\u00e9gig megmarad.<\/p>\n<h2>Bens\u0151s\u00e9ges, kiegyens\u00falyozott ny\u00e1ri kandall\u00f3p\u00e1rk\u00e1ny<\/h2>\n<p><img loading=\"lazy\" decoding=\"async\" width=\"700\" height=\"1050\" alt=\"Feh\u00e9r t\u00e9glakandall\u00f3 k\u00f6r alak\u00fa t\u00fck\u00f6rrel, st\u00edlusos dekor\u00e1ci\u00f3val \u00e9s k\u00e9nyelmes \u00fcl\u0151hellyel, meleg, bar\u00e1ts\u00e1gos nappaliban.\" class=\"aligncenter size-full wp-image-1951\" src=\"https:\/\/doubletakedecor.com\/uploads\/2025\/07\/summer-mantle-decor-dtd-27.jpg\" srcset=\"https:\/\/doubletakedecor.com\/uploads\/2025\/07\/summer-mantle-decor-dtd-27.jpg 700w, https:\/\/doubletakedecor.com\/uploads\/2025\/07\/summer-mantle-decor-dtd-27-200x300.jpg 200w, https:\/\/doubletakedecor.com\/uploads\/2025\/07\/summer-mantle-decor-dtd-27-683x1024.jpg 683w, https:\/\/doubletakedecor.com\/uploads\/2025\/07\/summer-mantle-decor-dtd-27-96x144.jpg 96w, https:\/\/doubletakedecor.com\/uploads\/2025\/07\/summer-mantle-decor-dtd-27-280x420.jpg 280w, https:\/\/doubletakedecor.com\/uploads\/2025\/07\/summer-mantle-decor-dtd-27-320x480.jpg 320w, https:\/\/doubletakedecor.com\/uploads\/2025\/07\/summer-mantle-decor-dtd-27-360x540.jpg 360w, https:\/\/doubletakedecor.com\/uploads\/2025\/07\/summer-mantle-decor-dtd-27-363x545.jpg 363w, https:\/\/doubletakedecor.com\/uploads\/2025\/07\/summer-mantle-decor-dtd-27-370x555.jpg 370w, https:\/\/doubletakedecor.com\/uploads\/2025\/07\/summer-mantle-decor-dtd-27-400x600.jpg 400w, https:\/\/doubletakedecor.com\/uploads\/2025\/07\/summer-mantle-decor-dtd-27-560x840.jpg 560w, https:\/\/doubletakedecor.com\/uploads\/2025\/07\/summer-mantle-decor-dtd-27-480x720.jpg 480w\" sizes=\"auto, (max-width: 700px) 100vw, 700px\" \/><\/p>\n<p>Alak\u00edts ki olyan ny\u00e1ri p\u00e1rk\u00e1nyt, ahol a magass\u00e1gok \u00e9s text\u00far\u00e1k kieg\u00e9sz\u00edtik egym\u00e1st. Egy k\u00f6r alak\u00fa fa t\u00fckr\u00f6t p\u00e1ros\u00edts karcs\u00fa v\u00e1z\u00e1kkal \u00e9s gyertyatart\u00f3kkal. Fali k\u00e9pekkel emeld ki a teret felfel\u00e9 is. TIPP: Rakj ki egy k\u00e9k sz\u00edn\u0171 kieg\u00e9sz\u00edt\u0151t, hogy felfriss\u00edtsd a l\u00e1tv\u00e1nyt, de az \u00f6sszhat\u00e1s maradjon egys\u00e9ges \u00e9s semleges.<\/p>\n<h2>Botanikai csodavil\u00e1g a ny\u00e1ri kandall\u00f3p\u00e1rk\u00e1nyon<\/h2>\n<p><img loading=\"lazy\" decoding=\"async\" width=\"700\" height=\"1049\" alt=\"Ny\u00e1ri kandall\u00f3p\u00e1rk\u00e1ny k\u00fcl\u00f6nb\u00f6z\u0151 v\u00e1z\u00e1kban elhelyezett vir\u00e1gokkal, k\u00e9k szarkal\u00e1b, feh\u00e9r oroszl\u00e1nsz\u00e1j \u00e9s nefelejcs puha m\u00e1lyva sz\u00edn\u0171 fal el\u0151tt.\" class=\"aligncenter size-full wp-image-1957\" src=\"https:\/\/doubletakedecor.com\/uploads\/2025\/07\/summer-mantle-decor-dtd-28.jpg\" srcset=\"https:\/\/doubletakedecor.com\/uploads\/2025\/07\/summer-mantle-decor-dtd-28.jpg 700w, https:\/\/doubletakedecor.com\/uploads\/2025\/07\/summer-mantle-decor-dtd-28-200x300.jpg 200w, https:\/\/doubletakedecor.com\/uploads\/2025\/07\/summer-mantle-decor-dtd-28-683x1024.jpg 683w, https:\/\/doubletakedecor.com\/uploads\/2025\/07\/summer-mantle-decor-dtd-28-96x144.jpg 96w, https:\/\/doubletakedecor.com\/uploads\/2025\/07\/summer-mantle-decor-dtd-28-280x420.jpg 280w, https:\/\/doubletakedecor.com\/uploads\/2025\/07\/summer-mantle-decor-dtd-28-320x480.jpg 320w, https:\/\/doubletakedecor.com\/uploads\/2025\/07\/summer-mantle-decor-dtd-28-360x539.jpg 360w, https:\/\/doubletakedecor.com\/uploads\/2025\/07\/summer-mantle-decor-dtd-28-363x544.jpg 363w, https:\/\/doubletakedecor.com\/uploads\/2025\/07\/summer-mantle-decor-dtd-28-370x554.jpg 370w, https:\/\/doubletakedecor.com\/uploads\/2025\/07\/summer-mantle-decor-dtd-28-400x599.jpg 400w, https:\/\/doubletakedecor.com\/uploads\/2025\/07\/summer-mantle-decor-dtd-28-560x839.jpg 560w, https:\/\/doubletakedecor.com\/uploads\/2025\/07\/summer-mantle-decor-dtd-28-480x719.jpg 480w\" sizes=\"auto, (max-width: 700px) 100vw, 700px\" \/><\/p>\n<p>Vari\u00e1ld a v\u00e1z\u00e1k magass\u00e1g\u00e1t \u00e9s form\u00e1j\u00e1t, hogy izgalmasabb legyen az \u00f6sszhat\u00e1s. Kombin\u00e1ld a k\u00f6nnyed vir\u00e1gokat mark\u00e1nsabb sz\u00e1r\u00fa fajt\u00e1kkal, p\u00e9ld\u00e1ul szarkal\u00e1bbal. Haszn\u00e1lj m\u00f3k\u00e1s v\u00e1z\u00e1kat is, p\u00e9ld\u00e1ul mentaz\u00f6ld locsol\u00f3kann\u00e1t! Egyens\u00falyozd ki a sz\u00ednes oldalt s\u00f6t\u00e9tebb d\u00edszekkel a m\u00e1sik oldalon, \u00edgy harmonikusabb lesz a l\u00e1tv\u00e1ny. A magasabb v\u00e1za a k\u00e9t v\u00e9g\u00e9n sz\u00e9pen keretezi az eg\u00e9sz vir\u00e1gkompoz\u00edci\u00f3t.<\/p>\n<h2>Emeld ki a ny\u00e1ri kandall\u00f3p\u00e1rk\u00e1nyt term\u00e9szetes text\u00far\u00e1kkal \u00e9s semleges \u00e1rnyalatokkal<\/h2>\n<p><img loading=\"lazy\" decoding=\"async\" width=\"700\" height=\"1050\" alt=\"Meleg nappali vil\u00e1gossz\u00fcrke kanap\u00e9val, b\u0151r \u00fcl\u0151k\u00e9vel, fa doh\u00e1nyz\u00f3asztallal \u00e9s feh\u00e9r k\u0151 kandall\u00f3val \u2013 modern-rusztikus hangulatban.\" class=\"aligncenter size-full wp-image-1963\" src=\"https:\/\/doubletakedecor.com\/uploads\/2025\/07\/summer-mantle-decor-dtd-29.jpg\" srcset=\"https:\/\/doubletakedecor.com\/uploads\/2025\/07\/summer-mantle-decor-dtd-29.jpg 700w, https:\/\/doubletakedecor.com\/uploads\/2025\/07\/summer-mantle-decor-dtd-29-200x300.jpg 200w, https:\/\/doubletakedecor.com\/uploads\/2025\/07\/summer-mantle-decor-dtd-29-683x1024.jpg 683w, https:\/\/doubletakedecor.com\/uploads\/2025\/07\/summer-mantle-decor-dtd-29-96x144.jpg 96w, https:\/\/doubletakedecor.com\/uploads\/2025\/07\/summer-mantle-decor-dtd-29-280x420.jpg 280w, https:\/\/doubletakedecor.com\/uploads\/2025\/07\/summer-mantle-decor-dtd-29-320x480.jpg 320w, https:\/\/doubletakedecor.com\/uploads\/2025\/07\/summer-mantle-decor-dtd-29-360x540.jpg 360w, https:\/\/doubletakedecor.com\/uploads\/2025\/07\/summer-mantle-decor-dtd-29-363x545.jpg 363w, https:\/\/doubletakedecor.com\/uploads\/2025\/07\/summer-mantle-decor-dtd-29-370x555.jpg 370w, https:\/\/doubletakedecor.com\/uploads\/2025\/07\/summer-mantle-decor-dtd-29-400x600.jpg 400w, https:\/\/doubletakedecor.com\/uploads\/2025\/07\/summer-mantle-decor-dtd-29-560x840.jpg 560w, https:\/\/doubletakedecor.com\/uploads\/2025\/07\/summer-mantle-decor-dtd-29-480x720.jpg 480w\" sizes=\"auto, (max-width: 700px) 100vw, 700px\" \/><\/p>\n<p>Legyen a kandall\u00f3p\u00e1rk\u00e1nyod igaz\u00e1n ny\u00e1rias k\u00f6z\u00e9ppont: haszn\u00e1lj term\u00e9szetes, vil\u00e1gos \u00e1rnyalatokat. R\u00e9tegezz fa d\u00edszeket, sima z\u00f6ldeket \u00e9s feh\u00e9r dekorokat, \u00edgy v\u00e1ltozatos, de letisztult lesz a l\u00e1tv\u00e1ny. V\u00e1lassz elt\u00e9r\u0151 magass\u00e1g\u00fa gyertyatart\u00f3kat vagy v\u00e1z\u00e1kat, a k\u00e9t oldal pedig legyen hasonl\u00f3an hangs\u00falyos. Az egyszer\u0171 elrendez\u00e9s frissess\u00e9get visz a szob\u00e1ba.<\/p>\n<h2>Nyugodt ny\u00e1ri kandall\u00f3p\u00e1rk\u00e1ny term\u00e9szetes elemekkel<\/h2>\n<p><img loading=\"lazy\" decoding=\"async\" width=\"700\" height=\"1050\" alt=\"Modern, sz\u00fcrke fotelek d\u00edszp\u00e1rn\u00e1kkal, kerek asztal k\u00f6r\u00fcl, eleg\u00e1ns fekete kandall\u00f3 mellett, ny\u00e1ri kandall\u00f3p\u00e1rk\u00e1ny d\u00edsz\u00edt\u00e9s\u00e9vel.\" class=\"aligncenter size-full wp-image-1969\" src=\"https:\/\/doubletakedecor.com\/uploads\/2025\/07\/summer-mantle-decor-dtd-30.jpg\" srcset=\"https:\/\/doubletakedecor.com\/uploads\/2025\/07\/summer-mantle-decor-dtd-30.jpg 700w, https:\/\/doubletakedecor.com\/uploads\/2025\/07\/summer-mantle-decor-dtd-30-200x300.jpg 200w, https:\/\/doubletakedecor.com\/uploads\/2025\/07\/summer-mantle-decor-dtd-30-683x1024.jpg 683w, https:\/\/doubletakedecor.com\/uploads\/2025\/07\/summer-mantle-decor-dtd-30-96x144.jpg 96w, https:\/\/doubletakedecor.com\/uploads\/2025\/07\/summer-mantle-decor-dtd-30-280x420.jpg 280w, https:\/\/doubletakedecor.com\/uploads\/2025\/07\/summer-mantle-decor-dtd-30-320x480.jpg 320w, https:\/\/doubletakedecor.com\/uploads\/2025\/07\/summer-mantle-decor-dtd-30-360x540.jpg 360w, https:\/\/doubletakedecor.com\/uploads\/2025\/07\/summer-mantle-decor-dtd-30-363x545.jpg 363w, https:\/\/doubletakedecor.com\/uploads\/2025\/07\/summer-mantle-decor-dtd-30-370x555.jpg 370w, https:\/\/doubletakedecor.com\/uploads\/2025\/07\/summer-mantle-decor-dtd-30-400x600.jpg 400w, https:\/\/doubletakedecor.com\/uploads\/2025\/07\/summer-mantle-decor-dtd-30-560x840.jpg 560w, https:\/\/doubletakedecor.com\/uploads\/2025\/07\/summer-mantle-decor-dtd-30-480x720.jpg 480w\" sizes=\"auto, (max-width: 700px) 100vw, 700px\" \/><\/p>\n<p>V\u00e1ltoztasd a kandall\u00f3dat igazi ny\u00e1ri pihen\u0151sarokk\u00e1 egyszer\u0171, term\u00e9szetes kieg\u00e9sz\u00edt\u0151kkel. Akassz ki egy vid\u00e1m, vil\u00e1gos \u00e9gboltot \u00e1br\u00e1zol\u00f3 k\u00e9pet egy sima fa polc f\u00f6l\u00e9. Tegy\u00e9l ki egy kis feh\u00e9r v\u00e1z\u00e1t friss z\u00f6ld n\u00f6v\u00e9nnyel, mell\u00e9 pedig egy dekorat\u00edv t\u00e1lat v\u00e1ltozatosabb text\u00fara kedv\u00e9\u00e9rt. A kandall\u00f3ba helyezett far\u00f6nk\u00f6k term\u00e9szetes \u00e9rzetet keltenek, \u00e9s akkor is izgalmas marad a kandall\u00f3 l\u00e1tv\u00e1nya, amikor \u00e9pp nincs benne t\u0171z.<\/p>\n<h2>GYIK<\/h2>\n<details class=\"g-accordion \"><summary><h3>Mi az a ny\u00e1ri kandall\u00f3p\u00e1rk\u00e1ny dekor\u00e1ci\u00f3?<\/h3><\/summary>\n<p>Ha ny\u00e1ron szeretn\u00e9d feld\u00edsz\u00edteni a kandall\u00f3p\u00e1rk\u00e1nyt, v\u00e1lassz olyan dolgokat, amik visszaadj\u00e1k az \u00e9vszak meleg\u00e9t \u00e9s \u00e9l\u00e9nks\u00e9g\u00e9t. Vid\u00e1m sz\u00ednek, friss n\u00f6v\u00e9nyek \u00e9s mosolyt hoz\u00f3 d\u00edszek seg\u00edtenek bar\u00e1ts\u00e1gos hangulatot teremteni otthonodban. \u00c9rdemes p\u00e9ld\u00e1ul ezeket haszn\u00e1lni:<\/p>\n<ul>\n<li>sz\u00ednes vir\u00e1gokat,<\/li>\n<li>term\u00e9szetes anyagokat, mint fa vagy kagyl\u00f3k,<\/li>\n<li>k\u00f6nnyed, vil\u00e1gos sz\u00f6veteket, hogy a ny\u00e1ri hangulatot behozd a lak\u00e1sba.<\/li>\n<\/ul>\n<p>Ezek nemcsak term\u00e9szetess\u00e9get csemp\u00e9sznek a t\u00e9rbe, de vil\u00e1gosabb\u00e1 is teszik azt, \u00edgy a p\u00e1rk\u00e1ny kellemes gy\u00fclekez\u0151helly\u00e9 v\u00e1lik. Ilyen dekor\u00e1ci\u00f3kkal k\u00f6nnyed\u00e9n \u00e1talak\u00edthatod a szob\u00e1t, hogy visszat\u00fckr\u00f6zze a <strong>ny\u00e1r meleg\u00e9t \u00e9s energi\u00e1j\u00e1t<\/strong>.<\/p>\n<\/details>\n<details class=\"g-accordion \"><summary><h3>Melyek a legjobb sz\u00ednek egy ny\u00e1ri kandall\u00f3p\u00e1rk\u00e1nyhoz?<\/h3><\/summary>\n<p>Ha ny\u00e1rias hangulatot szeretn\u00e9l a p\u00e1rk\u00e1nyodra, v\u00e1lassz vil\u00e1gos vagy tengerpartot id\u00e9z\u0151 sz\u00edneket. Ezek j\u00f3l t\u00fckr\u00f6zik a szezon frissess\u00e9g\u00e9t, \u00e9s \u00fcdes\u00e9get visznek a t\u00e9rbe. A l\u00e1gy pasztell sz\u00ednek, a feh\u00e9rek \u00e9s \u00e9l\u00e9nkebb \u00e1rnyalatok egyszerre teremtenek nyugalmat \u00e9s lend\u00fcletet a helyis\u00e9gben.<\/p>\n<p>Halv\u00e1nyk\u00e9k, babar\u00f3zsasz\u00edn \u00e9s l\u00e1gy s\u00e1rga p\u00e9ld\u00e1ul der\u0171s \u00e9s \u00e9l\u00e9nk l\u00e9gk\u00f6rt teremt. Ha tengerparti hat\u00e1st szeretn\u00e9l, a t\u00fcrkiz, a tengeri z\u00f6ld \u00e9s a homoksz\u00edn term\u00e9szetesen vil\u00e1gosabb\u00e1 teszi a szob\u00e1t. Ezek a sz\u00ednek j\u00f3l illenek kagyl\u00f3khoz vagy nat\u00far f\u00e1b\u00f3l k\u00e9sz\u00fclt d\u00edszekhez is.<\/p>\n<p><strong>Ha ilyen \u00e1rnyalatokat haszn\u00e1lsz a p\u00e1rk\u00e1nyon, k\u00f6nnyen megid\u00e9zheted a ny\u00e1r vid\u00e1ms\u00e1g\u00e1t.<\/strong> Legyen sz\u00f3 vir\u00e1gokr\u00f3l, v\u00e1z\u00e1kr\u00f3l vagy gyerty\u00e1kr\u00f3l, ezek a sz\u00ednek h\u00edvogat\u00f3v\u00e1 \u00e9s sz\u00e9pp\u00e9 var\u00e1zsolj\u00e1k a dekor\u00e1ci\u00f3t.<\/p>\n<\/details>\n<details class=\"g-accordion \"><summary><h3>Mi\u00e9rt j\u00f3k a vil\u00e1gos sz\u00ednek \u00e9s a puha anyagok a ny\u00e1ri dekor\u00e1ci\u00f3ban?<\/h3><\/summary>\n<p>Ha <strong>vil\u00e1gos sz\u00edneket<\/strong> \u00e9s <strong>puha text\u00far\u00e1kat<\/strong> haszn\u00e1lsz ny\u00e1ron, sok el\u0151nye van. Ezek a v\u00e1laszt\u00e1sok t\u00e1gas, friss \u00e9s h\u00edvogat\u00f3 \u00e9rz\u00e9st keltenek, mintha nagyobb \u00e9s nyitottabb lenne a szoba. <strong>A feh\u00e9r \u00e9s pasztell \u00e1rnyalatok sz\u00e9pen visszaverik a napf\u00e9nyt<\/strong>, \u00edgy m\u00e9g vil\u00e1gosabb lehet a t\u00e9r. K\u00f6zben a pamut vagy len anyagok k\u00e9nyelmes, laza hangulatot teremtenek \u2013 pont j\u00f3k ny\u00e1ri \u00f6sszej\u00f6vetelekhez is.<\/p>\n<p>Ilyen dekor\u00e1ci\u00f3val nyugodt \u00e9s bar\u00e1ts\u00e1gos k\u00f6rnyezetet var\u00e1zsolsz, ami a ny\u00e1ri lezsers\u00e9get hangs\u00falyozza. A vil\u00e1gos sz\u00ednek \u00e9s l\u00e1gy anyagok egy\u00fcttese friss\u00edt\u0151v\u00e9 \u00e9s otthonoss\u00e1 teszi a kandall\u00f3p\u00e1rk\u00e1nyt, mik\u00f6zben t\u00fckr\u00f6zi a ny\u00e1r nyitotts\u00e1g\u00e1t \u00e9s lazas\u00e1g\u00e1t.<\/p>\n<p>P\u00e9ld\u00e1ul ha vil\u00e1gosk\u00e9k vagy r\u00f3zsasz\u00edn d\u00edszeket p\u00e1ros\u00edtasz fonott anyagokkal, <strong>tengerparti hangulatot<\/strong> is becsemp\u00e9szhetsz, mik\u00f6zben megmarad az elegancia. Ezekkel az elemekkel minden ny\u00e1rias sarok term\u00e9szetesen bar\u00e1ts\u00e1goss\u00e1 v\u00e1lik.<\/p>\n<\/details>\n<details class=\"g-accordion \"><summary><h3>Hogyan lehet friss, ny\u00e1rias hangulatot var\u00e1zsolni a kandall\u00f3p\u00e1rk\u00e1nyra?<\/h3><\/summary>\n<p>Ha \u00fajj\u00e1var\u00e1zsoln\u00e1d ny\u00e1ron a p\u00e1rk\u00e1nyt, kezdj \u00e9l\u00e9nk vir\u00e1gokb\u00f3l \u00f6ssze\u00e1ll\u00edtott csokrokkal. Tegy\u00e9l ki friss n\u00f6v\u00e9nyeket is, p\u00e9ld\u00e1ul eukaliptuszt vagy p\u00e1fr\u00e1nyt, hogy z\u00f6ldet vigy\u00e9l a t\u00e9rbe. Ha szereted a tengerpartot, haszn\u00e1lj kagyl\u00f3kat, s k\u00f6nnyed v\u00e1szon vagy pamut ter\u00edt\u0151kkel fokozd a leveg\u0151s \u00e9rz\u00e9st. Elegancia \u00e9s puhas\u00e1g \u00e9rdek\u00e9ben helyezz pasztellsz\u00edn\u0171 v\u00e1z\u00e1kat vagy ker\u00e1miad\u00edszeket a vir\u00e1gok mell\u00e9.<\/p>\n<p>\u00c9rdemes \u00fagy rendezni a t\u00e1rgyakat, hogy legyen k\u00f6z\u00f6tt\u00fck k\u00fcl\u00f6nbs\u00e9g a magass\u00e1gokban, p\u00e9ld\u00e1ul \u00e1ll\u00edts h\u00e1rom k\u00fcl\u00f6nb\u00f6z\u0151 m\u00e9ret\u0171 d\u00edszt egym\u00e1s mell\u00e9. A f\u00e1b\u00f3l vagy k\u0151b\u0151l k\u00e9sz\u00fclt d\u00edszek text\u00far\u00e1t \u00e9s m\u00e9lys\u00e9get adnak. Ha szereted a fonott dolgokat, haszn\u00e1lj kosarakat vagy t\u00e1lc\u00e1kat a kisebb d\u00edszek, p\u00e9ld\u00e1ul gyerty\u00e1k rendszerez\u00e9s\u00e9hez.<\/p>\n<ul>\n<li>Haszn\u00e1lj p\u00e1ratlan sz\u00e1m\u00fa d\u00edszt az egyens\u00faly \u00e9rdek\u00e9ben,<\/li>\n<li>igyekezz harm\u00f3ni\u00e1t teremteni, de ne ragaszkodj a teljes szimmetri\u00e1hoz,<\/li>\n<li>egy figyelemfelkelt\u0151 m\u0171alkot\u00e1s legyen a k\u00f6z\u00e9ppontban, \u00edgy igaz\u00e1n kiemelt lesz az \u00f6sszhat\u00e1s.<\/li>\n<\/ul>\n<p><strong>Ha \u00edgy rendezed el az elemeket, vid\u00e1m \u00e9s ny\u00e1rias lesz a p\u00e1rk\u00e1nyod, aminek mindenki \u00f6r\u00fcl, aki bel\u00e9p a szob\u00e1ba.<\/strong><\/p>\n<\/details>\n<details class=\"g-accordion \"><summary><h3>Mi a legjobb m\u00f3dja, hogy elrendezd a d\u00edszeket a ny\u00e1ri kandall\u00f3p\u00e1rk\u00e1nyon?<\/h3><\/summary>\n<p>A ny\u00e1ri p\u00e1rk\u00e1ny elrendez\u00e9se lehet kreat\u00edv \u00e9s igaz\u00e1n \u00e9lvezetes. D\u00f6nthetsz <strong>aszimmetrikus<\/strong> vagy <strong>szimmetrikus elrendez\u00e9s<\/strong> mellett is, att\u00f3l f\u00fcgg\u0151en, melyik tetszik jobban. Ha <strong>p\u00e1ratlan sz\u00e1m\u00fa t\u00e1rgyat<\/strong> haszn\u00e1lsz, k\u00f6nnyebb mutat\u00f3s egyens\u00falyt teremteni, ami mag\u00e1val ragadja a tekintetet. Ha egym\u00e1s el\u00e9 helyezed a d\u00edszeket, az m\u00e9g izgalmasabb\u00e1, m\u00e9lyebb\u00e9 teszi a l\u00e1tv\u00e1nyt.<\/p>\n<p>J\u00f3 \u00f6tlet k\u00fcl\u00f6nb\u00f6z\u0151 magass\u00e1gokkal j\u00e1tszani, p\u00e9ld\u00e1ul k\u00fcl\u00f6nb\u00f6z\u0151 m\u00e9ret\u0171 v\u00e1z\u00e1kat vagy gyertyatart\u00f3kat haszn\u00e1lni. Ha szereted a term\u00e9szetes elemeket, v\u00e1lassz <strong>fa<\/strong> vagy <strong>fonott text\u00far\u00e1kat<\/strong> \u2013 ezek rusztikus hangulatot adnak, ami passzol a ny\u00e1rhoz. Hasonl\u00f3 t\u00e1rgyakat csoportos\u00edts egy helyre, p\u00e9ld\u00e1ul tegy\u00e9l egym\u00e1s mell\u00e9 kagyl\u00f3kat \u00e9s korallt, \u00edgy v\u00e1ltozatos, de egys\u00e9ges lehet az \u00f6sszk\u00e9p.<\/p>\n<p>Fontos, hogy nagyobb \u00e9s kisebb d\u00edszeket kombin\u00e1lj, \u00edgy nem lesz t\u00falzs\u00fafolt vagy egyhang\u00fa a dekor\u00e1ci\u00f3. Az azonos sz\u00edn\u0171 v\u00e1z\u00e1k vagy k\u00e9pek m\u00e9g tov\u00e1bb emelik a p\u00e1rk\u00e1ny kin\u00e9zet\u00e9t. Pr\u00f3b\u00e1ld ki ezeket az \u00f6tleteket, hogy a kandall\u00f3p\u00e1rk\u00e1nyod igaz\u00e1n ny\u00e1ri st\u00edlusban ragyoghasson.<\/p>\n<\/details>\n<details class=\"g-accordion \"><summary><h3>Hogyan k\u00e9sz\u00edthetsz hangs\u00falyos pontot a kandall\u00f3p\u00e1rk\u00e1ny ny\u00e1ri dekor\u00e1ci\u00f3j\u00e1ban?<\/h3><\/summary>\n<p>L\u00e1tv\u00e1nyos ny\u00e1ri p\u00e1rk\u00e1ny a k\u00f6z\u00e9ppontoz\u00e1ssal kezd\u0151dik, vagyis kell egy olyan d\u00edsz, ami r\u00f6gt\u00f6n odavonzza a szemet. Lehet ez egy <strong>egyedi k\u00e9p<\/strong> vagy egy <strong>nagy, \u00e9l\u00e9nk vir\u00e1gcsokor<\/strong>\u2014helyezd k\u00f6z\u00e9pre, hogy mindenki \u00e9szrevegye. Egy \u00e9rdekes szobor vagy d\u00edszes t\u00fck\u00f6r is kiv\u00e1l\u00f3an alkalmas erre.<\/p>\n<p>A legjobb, ha ezeket szemmagass\u00e1gban helyezed el, hogy t\u00e9nyleg f\u0151szerepl\u0151k legyenek. Fontos, hogy harm\u00f3ni\u00e1ban legyenek a t\u00f6bbi d\u00edszt\u00e1rggyal is, \u00edgy lesz igaz\u00e1n egys\u00e9ges a l\u00e1tv\u00e1ny. Ezekkel a hangs\u00falyos elemekkel \u00e9l\u00e9nk, \u00fcgyesen \u00f6sszehangolt ny\u00e1ri p\u00e1rk\u00e1nyt alkothatsz.<\/p>\n<\/details>\n<details class=\"g-accordion \"><summary><h3>Hogyan haszn\u00e1lhatsz term\u00e9szetes anyagokat a ny\u00e1ri kandall\u00f3p\u00e1rk\u00e1ny dekor\u00e1ci\u00f3hoz?<\/h3><\/summary>\n<p>A ny\u00e1ri p\u00e1rk\u00e1ny d\u00edsz\u00edt\u00e9se term\u00e9szetes elemekkel igazi friss\u00edt\u0151 k\u00f6zpontja lehet a szob\u00e1nak. A friss n\u00f6v\u00e9nyek, mint az <strong>eukaliptusz<\/strong> vagy a <strong>p\u00e1fr\u00e1ny<\/strong> \u00fcde z\u00f6ldet \u00e9s \u00e9letet adnak. A <strong>kagyl\u00f3k<\/strong> \u00e9s <strong>korallok<\/strong> izgalmas text\u00far\u00e1t hoznak, igaz\u00e1n tengerparti hangulatot \u00e1rulva. A <strong>fa<\/strong> \u00e9s <strong>k\u0151<\/strong> f\u00f6ldsz\u00ednei m\u00e9g tov\u00e1bb er\u0151s\u00edtik a term\u00e9szetes, ny\u00e1rias hat\u00e1st.<\/p>\n<p>Ha <strong>\u00e9vszakhoz ill\u0151 n\u00f6v\u00e9nyeket<\/strong> v\u00e1lasztasz, a szoba is \u00f6sszhangba ker\u00fcl a kinti vir\u00e1gok sz\u00edneivel. Ezeket a d\u00edszeket \u00fcgyesen elrendezve k\u00f6nnyed\u00e9n becsemp\u00e9szheted a term\u00e9szet var\u00e1zs\u00e1t otthonodba, hogy eg\u00e9sz ny\u00e1ron gy\u00f6ny\u00f6r\u0171 legyen az enteri\u0151r.<\/p>\n<\/details> <details class=\"g-accordion \"><summary><h3>Friss vagy m\u0171n\u00f6v\u00e9nyeket haszn\u00e1lj ny\u00e1ri kandall\u00f3d\u00edsz\u00edt\u00e9shez?<\/h3><\/summary>  <\/p>\n<p>Amikor azon gondolkodsz, hogy <strong>friss vagy m\u0171n\u00f6v\u00e9nyeket<\/strong> tegy\u00e9l-e a ny\u00e1ri kandall\u00f3polcra, fontos, hogy m\u00e9rlegeld a gondoz\u00e1st \u00e9s a saj\u00e1t st\u00edlusodat. A friss n\u00f6v\u00e9nyek, mint a eukaliptusz vagy p\u00e1fr\u00e1ny, nagyon \u00fcd\u00e9k, term\u00e9szetesek, \u00e9s igazi \u00e9letet visznek a szob\u00e1ba. Viszont ahhoz, hogy sz\u00e9pek maradjanak, rendszeresen \u00f6nt\u00f6zni \u00e9s \u00e1polni kell \u0151ket.<\/p>\n<p>Ezzel szemben a <strong>m\u0171n\u00f6v\u00e9nyek<\/strong> szinte semmi t\u00f6r\u0151d\u00e9st nem ig\u00e9nyelnek, \u00e9s hossz\u00fa ideig mutat\u00f3sak maradnak. A j\u00f3 min\u0151s\u00e9g\u0171 m\u0171n\u00f6v\u00e9nyek nagyon hasonl\u00edtanak az igaziakra, de nem kell vel\u00fck foglalkozni, ez\u00e9rt ide\u00e1lisak azoknak, akik elfoglaltak, vagy ahol neh\u00e9z \u00e9l\u0151 n\u00f6v\u00e9nyeket gondozni.<\/p>\n<p>V\u00e9g\u00fcl minden azon m\u00falik, te mit szeretn\u00e9l \u00e9s hogyan \u00e9lsz. <strong>Ha a k\u00e9nyelmet \u00e9s a tart\u00f3ss\u00e1got r\u00e9szes\u00edted el\u0151nyben, v\u00e1laszd a m\u0171n\u00f6v\u00e9nyeket.<\/strong> Ha viszont szereted az igazi n\u00f6v\u00e9nyek tapint\u00e1s\u00e1t \u00e9s illat\u00e1t, akkor \u00e9rdemes a friss v\u00e1ltozatot v\u00e1lasztanod, m\u00e9g akkor is, ha t\u00f6bb t\u00f6r\u0151d\u00e9st ig\u00e9nyel.<\/p>\n<\/details>\n<details class=\"g-accordion \"><summary><h3>Milyen \u00f6tletekkel d\u00edsz\u00edtheted kandall\u00f3polcodat tengerparti hangulatban?<\/h3><\/summary>  <\/p>\n<p>Ha tengerparti \u00e9rz\u00e9st szeretn\u00e9l var\u00e1zsolni a kandall\u00f3dra, haszn\u00e1ld a partot id\u00e9z\u0151 sz\u00edneket \u00e9s kieg\u00e9sz\u00edt\u0151ket. Kezdd <strong>homoksz\u00edn\u0171 b\u00e9zzsel<\/strong>, <strong>tengerz\u00f6lddel<\/strong> \u00e9s <strong>t\u00fcrkizzel<\/strong>, hogy visszaadd a tenger sz\u00edneit. Tegy\u00e9l ki <strong>kagyl\u00f3kat<\/strong> vagy <strong>korall d\u00edszeket<\/strong> is, ezek k\u00fcl\u00f6nleges text\u00far\u00e1t adnak, \u00e9s szell\u0151s, laza hangulatot teremtenek.<\/p>\n<p>Meger\u0151s\u00edtheted a tenger\u00e9sz hangulatot <strong>k\u00f6telekkel<\/strong> vagy <strong>l\u00e1mp\u00e1sokkal<\/strong>. L\u00e1gy\u00edtsd az \u00f6sszk\u00e9pet vil\u00e1gos anyagokkal, p\u00e9ld\u00e1ul <strong>lenv\u00e1szonnal<\/strong>, \u00e9s adj hozz\u00e1 fonott kosarakat vagy sz\u0151nyegeket is, \u00edgy lesz igaz\u00e1n m\u00e9ly, r\u00e9teges a d\u00edsz\u00edt\u00e9sed. R\u00e9gi, kiss\u00e9 kopott <strong>f\u00e9nyk\u00e9ptart\u00f3k<\/strong> vagy <strong>haj\u00f3s eszk\u00f6z\u00f6k<\/strong> m\u00e9g jobban kiemelik a tengerparti, laza hangulatot.<\/p>\n<p>Tedd teljess\u00e9 a st\u00edlust n\u00e9h\u00e1ny term\u00e9szetes elemmel, p\u00e9ld\u00e1ul <strong>uszad\u00e9kf\u00e1val<\/strong>, amit j\u00f3l l\u00e1that\u00f3 helyre tehetsz a kandall\u00f3ra. <strong>Az ilyen r\u00e9szletek t\u00f6k\u00e9letesen visszaadj\u00e1k a ny\u00e1ri tengerparti h\u00e1zak var\u00e1zs\u00e1t, \u00e9s igaz\u00e1n h\u00edvogat\u00f3v\u00e1 teszik a teret.<\/strong><\/p>\n<\/details>\n<details class=\"g-accordion \"><summary><h3>Hogyan vihetsz vintage hangulatot a ny\u00e1ri kandall\u00f3d\u00edsz\u00edt\u00e9sbe?<\/h3><\/summary>  <\/p>\n<p>Ha egyedi \u00e9s b\u00e1jos hangulatot szeretn\u00e9l, vigy\u00e9l n\u00e9h\u00e1ny r\u00e9gi, vintage d\u00edszt\u00e1rgyat a kandall\u00f3dra. Ezek sz\u00e9pen \u00f6tv\u00f6zik a m\u00falt eml\u00e9keit a modern st\u00edlussal.<\/p>\n<ul>\n<li>V\u00e1lassz klasszikus k\u00f6nyveket, hogy egy kis t\u00f6rt\u00e9nelmet \u00e9s egyedis\u00e9get adj hozz\u00e1,<\/li>\n<li>pakold fel \u0151ket egym\u00e1sra vagy alkoss bel\u0151l\u00fck egy h\u00e1romr\u00e9szes elrendez\u00e9st, hogy \u00e9rdekesebb legyen az \u00f6sszhat\u00e1s,<\/li>\n<li>eg\u00e9sz\u00edtsd ki a kin\u00e9zetet sz\u00e9p, r\u00e9gi gyertyatart\u00f3kkal, \u00edgy m\u00e9g meghittebb lesz az eredm\u00e9ny.<\/li>\n<\/ul>\n<p>Hozz l\u00e9tre r\u00e9teget \u00e9s m\u00e9lys\u00e9get d\u00edszes t\u00fckr\u00f6kkel vagy kiss\u00e9 kopott k\u00e9pkeretekkel. Ezek a t\u00e1rgyak egyszerre h\u00edvj\u00e1k fel magukra a figyelmet \u00e9s eg\u00e9sz\u00edtik ki az \u00f6sszhat\u00e1st. Ha modern t\u00e1rgyakkal egy\u00fctt haszn\u00e1lod \u0151ket, igaz\u00e1n friss, m\u00e9gis \u00f6r\u00f6k st\u00edlust kapsz.<\/p>\n<p>Emeld tov\u00e1bb a hangulatot vintage st\u00edlus\u00fa v\u00e1z\u00e1kkal vagy k\u00fcl\u00f6nleges szobrokkal, amik r\u00e1d jellemz\u0151ek. Ha j\u00f3l \u00e1tgondolva kevered ezeket a dolgokat, egy olyan izgalmas kandall\u00f3d\u00edszt kapsz, ami t\u00f6k\u00e9letesen visszaadja a ny\u00e1r hangulat\u00e1t \u00e9s a m\u00falt sz\u00e9ps\u00e9geit is.<\/p>\n<\/details>\n<details class=\"g-accordion \"><summary><h3>Hogyan haszn\u00e1lhatsz egyedi vagy k\u00e9zzel k\u00e9sz\u00fclt d\u00edszt\u00e1rgyakat?<\/h3><\/summary>  <\/p>\n<p>Ha szeretn\u00e9d, hogy a kandall\u00f3d t\u00e9nyleg k\u00fcl\u00f6nleges \u00e9s egyedi legyen ny\u00e1ron, v\u00e1lassz n\u00e9h\u00e1ny k\u00e9zm\u0171ves vagy egyedi d\u00edszt. Ezek lehetnek p\u00e9ld\u00e1ul v\u00e1z\u00e1k, festm\u00e9nyek vagy m\u00e1s d\u00edszt\u00e1rgyak, amik j\u00f3l t\u00fckr\u00f6zik a saj\u00e1t st\u00edlusodat. K\u00e9pzeld el, hogy <strong>k\u00e9zzel festett ker\u00e1mia v\u00e1z\u00e1kban<\/strong> sz\u00ednes vir\u00e1gokat helyezel el: nem csak szebb\u00e9 teszik a szob\u00e1t, hanem <strong>igazi l\u00e1tv\u00e1nyos k\u00f6z\u00e9ppontot<\/strong> is k\u00e9peznek, ami illik a ny\u00e1rhoz.<\/p>\n<p>Pr\u00f3b\u00e1lj meg saj\u00e1t kez\u0171leg k\u00e9sz\u00fclt text\u00edli\u00e1kat, p\u00e9ld\u00e1ul sz\u0151tt anyagokat vagy foltos takar\u00f3kat is haszn\u00e1lni. Ezek \u00faj text\u00far\u00e1t, sz\u00ednt \u00e9s otthonos hangulatot adnak, r\u00e1ad\u00e1sul megmutatj\u00e1k a kreativit\u00e1sodat. Az egyedi d\u00edszek besz\u00e9dt\u00e9m\u00e1k is lehetnek, \u00edgy igaz\u00e1n j\u00f3l kiemelik, mennyire k\u00fcl\u00f6nleges a kandall\u00f3d \u2013 f\u0151leg ny\u00e1ron!<\/p>\n<\/details>\n<details class=\"g-accordion \"><summary><h3>Hogyan \u00e9rhetsz el minimalista vagy maximalista st\u00edlust?<\/h3><\/summary>  <\/p>\n<p>A kandall\u00f3d d\u00edsz\u00edt\u00e9s\u00e9n\u00e9l d\u00f6nthetsz \u00fagy, hogy a <strong>minimalizmus<\/strong> vagy a <strong>maximalizmus<\/strong> mellett teszed le a voksod. Mindk\u00e9t st\u00edlus m\u00e1st jelent \u00e9s m\u00e1sfajta d\u00edsz\u00edt\u00e9st k\u00edv\u00e1n.<\/p>\n<p>Ha a <strong>minimalizmus<\/strong> tetszik, akkor t\u00f6rekedj a letisztults\u00e1gra. V\u00e1lassz ki csak n\u00e9h\u00e1ny d\u00edszt, \u00edgy rendezett \u00e9s szell\u0151s marad a polc. Maradj a semleges sz\u00ednek \u00e9s egyszer\u0171 form\u00e1k mellett, \u00e9s minden t\u00e1rgynak adj funkci\u00f3t is. Ez a st\u00edlus a <strong>kevesebb n\u00e9ha t\u00f6bb<\/strong> elvet k\u00f6veti, ahol a r\u00e9szletek \u00e9s finom text\u00far\u00e1k hangs\u00falyosabbak, \u00e9s sokkal nyitottabb, t\u00e1gasabb lesz a t\u00e9r.<\/p>\n<p>Ha viszont a <strong>maximalizmus<\/strong> \u00e1ll k\u00f6zel hozz\u00e1d, b\u00e1tran kombin\u00e1lj sok k\u00fcl\u00f6nf\u00e9le d\u00edszt \u00e9l\u00e9nk sz\u00ednekkel \u00e9s k\u00fcl\u00f6nb\u00f6z\u0151 anyagokkal. J\u00e1tssz a mint\u00e1kkal is, \u00e9s haszn\u00e1lj vegyes m\u00e9ret\u0171 d\u00edszeket, p\u00e9ld\u00e1ul v\u00e1z\u00e1kat, szobrokat vagy festm\u00e9nyeket, hogy igaz\u00e1n izgalmas, m\u00e9gis \u00f6sszehangolt legyen az \u00f6sszk\u00e9p. \u00dcgyelj r\u00e1, hogy ne legyen t\u00falzs\u00fafolt a kandall\u00f3.<\/p>\n<p>Mindkett\u0151 k\u00f6nnyen igaz\u00edthat\u00f3 a ny\u00e1ri kandall\u00f3d\u00edsz\u00edt\u00e9shez.<\/p>\n<ul>\n<li>Minimalista megk\u00f6zel\u00edt\u00e9shez haszn\u00e1lj halv\u00e1ny pasztell \u00e1rnyalatokat,<\/li>\n<li>ha maximalista vagy, v\u00e1lassz \u00e9l\u00e9nk sz\u00edneket,<\/li>\n<li>a ny\u00e1ri t\u00e9m\u00e1t tov\u00e1bb emelheted p\u00e9ld\u00e1ul friss vir\u00e1gokkal vagy kagyl\u00f3kkal.<\/li>\n<\/ul>\n<\/details>\n<details class=\"g-accordion \"><summary><h3>Milyen DIY tippekkel \u00faj\u00edthatod fel a kandall\u00f3d ny\u00e1rra?<\/h3><\/summary>  <\/p>\n<p>Igaz\u00e1n \u00e9lvezetes \u00e9s p\u00e9nzt\u00e1rcabar\u00e1t is lehet a ny\u00e1ri kandall\u00f3 fel\u00faj\u00edt\u00e1sa, ha saj\u00e1tkez\u0171 \u00f6tletekkel v\u00e1gsz bele. Fesd le p\u00e9ld\u00e1ul <strong>kr\u00e9tafest\u00e9kkel<\/strong>, hogy tiszta, \u00faj megjelen\u00e9se legyen. Dekor\u00e1lj \u00e9vszakhoz ill\u0151 dolgokkal, p\u00e9ld\u00e1ul sz\u00ednes vir\u00e1gokkal vagy tengerparti kieg\u00e9sz\u00edt\u0151kkel, mint <strong>kagyl\u00f3k<\/strong> \u00e9s <strong>uszad\u00e9kfa<\/strong>, hogy igazi ny\u00e1ri hangulatot adj neki.<\/p>\n<p>Tedd szem\u00e9lyess\u00e9 a kandall\u00f3d egyedi, saj\u00e1t k\u00e9sz\u00edt\u00e9s\u0171 d\u00edszekkel! K\u00e9sz\u00edthetsz vil\u00e1gos textilb\u0151l vagy selyempap\u00edrb\u00f3l girlandot, amik feldobj\u00e1k az \u00f6sszhat\u00e1st, de nem ker\u00fclnek sok p\u00e9nzbe. Ezeket k\u00f6nnyen kombin\u00e1lhatod a m\u00e1r megl\u00e9v\u0151 dekor\u00e1ci\u00f3iddal is.<\/p>\n<p>L\u00e9gy kreat\u00edv az otthon tal\u00e1lhat\u00f3, r\u00e9gebbi t\u00e1rgyakkal: egy r\u00e9gi k\u00e9pkeretet fess \u00e1t \u00e9l\u00e9nk sz\u00ednekre, vagy haszn\u00e1lj ki\u00fcr\u00fclt bef\u0151ttes\u00fcvegeket v\u00e1z\u00e1nak vir\u00e1gokhoz vagy z\u00f6ld n\u00f6v\u00e9nyekhez.<\/p>\n<p><strong>Ha ezeket az \u00f6tleteket \u00f6tv\u00f6z\u00f6d a saj\u00e1t st\u00edlusoddal, igaz\u00e1n ragyog\u00f3 ny\u00e1ri kandall\u00f3t alak\u00edthatsz ki an\u00e9lk\u00fcl, hogy sokat k\u00f6lten\u00e9l.<\/strong><\/p>\n<\/details>\n<details class=\"g-accordion \"><summary><h3>Hogyan dekor\u00e1lj ny\u00e1ron olcs\u00f3n a kandall\u00f3n?<\/h3><\/summary>  <\/p>\n<p>Ha szeretn\u00e9d p\u00e9nzt\u00e1rcabar\u00e1t m\u00f3don feldobni a kandall\u00f3polcot ny\u00e1ron, kezdj saj\u00e1t k\u00e9sz\u00edt\u00e9s\u0171 dekorral \u00e9s n\u00e9zz k\u00f6r\u00fcl otthon, mi az, amit \u00fajra tudsz hasznos\u00edtani. Az <strong>olcs\u00f3 boltokb\u00f3l<\/strong> vagy bolhapiacr\u00f3l is beszerezhetsz egyedi t\u00e1rgyakat, amik szuper\u00fcl feldobj\u00e1k a polcodat. Tegy\u00e9l ki term\u00e9szetes elemeket, p\u00e9ld\u00e1ul <strong>kagyl\u00f3kat<\/strong> vagy <strong>uszad\u00e9kf\u00e1t<\/strong> \u2013 ezek nem dr\u00e1g\u00e1k, m\u00e9gis behozz\u00e1k a term\u00e9szetet a lak\u00e1sba.<\/p>\n<ul>\n<li>Dobja fel a hangulatot szezon\u00e1lis vir\u00e1g vagy m\u0171n\u00f6v\u00e9ny, amivel igaz\u00e1n friss lesz a t\u00e9r, de nem ker\u00fcl sokba,<\/li>\n<li>v\u00e1laszd az egyszer\u0171, k\u00f6nny\u0171 anyagokat \u00e9s tengerparti sz\u00edneket \u2013 ett\u0151l igaz\u00e1n otthonos lesz a kandall\u00f3polc,<\/li>\n<li>egy r\u00e9teg kr\u00e9tafest\u00e9k r\u00e9gi t\u00e1rgyakon is csod\u00e1kat tesz kev\u00e9s p\u00e9nzb\u0151l.<\/li>\n<\/ul>\n<p>Ezekkel az \u00f6tletekkel vid\u00e1m, ny\u00e1ri kandall\u00f3t alak\u00edthatsz ki, mik\u00f6zben a p\u00e9nzt\u00e1rc\u00e1d sem b\u00e1nja meg!<\/p>\n<\/details>\n","protected":false},"excerpt":{"rendered":"<p>V\u00e1ltoztasd a kandall\u00f3p\u00e1rk\u00e1nyt a ny\u00e1r ragyog\u00f3 k\u00f6z\u00e9ppontj\u00e1v\u00e1, ami visszaadja az \u00e9vszak meleg\u00e9t \u00e9s energi\u00e1j\u00e1t! A ny\u00e1ri kandall\u00f3p\u00e1rk\u00e1ny dekor\u00e1ci\u00f3 vil\u00e1gos sz\u00edneket, term\u00e9szetes anyagokat \u00e9s friss text\u00far\u00e1kat alkalmaz, hogy akkor is h\u00edvogat\u00f3 f\u00f3kuszpontja legyen otthonodnak, amikor a kandall\u00f3 nincs haszn\u00e1latban. A tengeri hangulat\u00fa kagyl\u00f3kt\u00f3l \u00e9s uszad\u00e9kf\u00e1kt\u00f3l kezdve az egyszer\u0171, de k\u00fcl\u00f6nleges t\u00e1rgyakkal berendezett minimalista st\u00edlusig \u2013 a ny\u00e1ri p\u00e1rk\u00e1ny kialak\u00edt\u00e1sa t\u00fckr\u00f6zheti a&hellip;<\/p>\n","protected":false},"author":12,"featured_media":1978,"comment_status":"closed","ping_status":"closed","sticky":false,"template":"","format":"standard","meta":{"rank_math_focus_keyword":"ny\u00e1ri kandall\u00f3p\u00e1rk\u00e1ny dekor\u00e1ci\u00f3","rank_math_title":"A legjobb ny\u00e1ri kandall\u00f3p\u00e1rk\u00e1ny dekor\u00e1ci\u00f3s \u00f6tletek felfriss\u00edt\u0151 otthoni \u00e1talakul\u00e1shoz","rank_math_description":"Fedezd fel a kreat\u00edv ny\u00e1ri kandall\u00f3p\u00e1rk\u00e1ny dekor\u00e1ci\u00f3s \u00f6tleteket, amelyekkel friss \u00e9s \u00e9l\u00e9nk diz\u00e1jnokkal alak\u00edthatod \u00e1t a lak\u00f3tered.","footnotes":""},"categories":[145],"tags":[],"class_list":["post-2001","post","type-post","status-publish","format-standard","has-post-thumbnail","hentry","category-nyari-dekoraciok"],"g_custom_schema_json":"<script type=\"application\/ld+json\">\n{\n  \"@context\": \"https:\/\/schema.org\",\n  \"@type\": \"FAQPage\",\n  \"mainEntity\": [\n    {\n      \"@type\": \"Question\",\n      \"name\": \"Mi az a ny\u00e1ri kandall\u00f3p\u00e1rk\u00e1ny dekor\u00e1ci\u00f3?\",\n      \"acceptedAnswer\": {\n        \"@type\": \"Answer\",\n        \"text\": \"Ha ny\u00e1ron szeretn\u00e9d feld\u00edsz\u00edteni a kandall\u00f3p\u00e1rk\u00e1nyt, v\u00e1lassz olyan dolgokat, amik visszaadj\u00e1k az \u00e9vszak meleg\u00e9t \u00e9s \u00e9l\u00e9nks\u00e9g\u00e9t. Vid\u00e1m sz\u00ednek, friss n\u00f6v\u00e9nyek \u00e9s mosolyt hoz\u00f3 d\u00edszek seg\u00edtenek bar\u00e1ts\u00e1gos hangulatot teremteni otthonodban. \u00c9rdemes p\u00e9ld\u00e1ul sz\u00ednes vir\u00e1gokat, term\u00e9szetes anyagokat, mint fa vagy kagyl\u00f3k, valamint k\u00f6nnyed, vil\u00e1gos sz\u00f6veteket haszn\u00e1lni.\"\n      }\n    },\n    {\n      \"@type\": \"Question\",\n      \"name\": \"Melyek a legjobb sz\u00ednek egy ny\u00e1ri kandall\u00f3p\u00e1rk\u00e1nyhoz?\",\n      \"acceptedAnswer\": {\n        \"@type\": \"Answer\",\n        \"text\": \"Ha ny\u00e1rias hangulatot szeretn\u00e9l a p\u00e1rk\u00e1nyodra, v\u00e1lassz vil\u00e1gos vagy tengerpartot id\u00e9z\u0151 sz\u00edneket. A l\u00e1gy pasztell sz\u00ednek, a feh\u00e9rek \u00e9s \u00e9l\u00e9nkebb \u00e1rnyalatok egyszerre teremtenek nyugalmat \u00e9s lend\u00fcletet a helyis\u00e9gben. Halv\u00e1nyk\u00e9k, babar\u00f3zsasz\u00edn \u00e9s l\u00e1gy s\u00e1rga p\u00e9ld\u00e1ul der\u0171s \u00e9s \u00e9l\u00e9nk l\u00e9gk\u00f6rt teremt.\"\n      }\n    },\n    {\n      \"@type\": \"Question\",\n      \"name\": \"Mi\u00e9rt j\u00f3k a vil\u00e1gos sz\u00ednek \u00e9s a puha anyagok a ny\u00e1ri dekor\u00e1ci\u00f3ban?\",\n      \"acceptedAnswer\": {\n        \"@type\": \"Answer\",\n        \"text\": \"Ha vil\u00e1gos sz\u00edneket \u00e9s puha text\u00far\u00e1kat haszn\u00e1lsz ny\u00e1ron, sok el\u0151nye van. Ezek a v\u00e1laszt\u00e1sok t\u00e1gas, friss \u00e9s h\u00edvogat\u00f3 \u00e9rz\u00e9st keltenek, mintha nagyobb \u00e9s nyitottabb lenne a szoba. A feh\u00e9r \u00e9s pasztell \u00e1rnyalatok sz\u00e9pen visszaverik a napf\u00e9nyt, \u00edgy m\u00e9g vil\u00e1gosabb lehet a t\u00e9r.\"\n      }\n    },\n    {\n      \"@type\": \"Question\",\n      \"name\": \"Hogyan lehet friss, ny\u00e1rias hangulatot var\u00e1zsolni a kandall\u00f3p\u00e1rk\u00e1nyra?\",\n      \"acceptedAnswer\": {\n        \"@type\": \"Answer\",\n        \"text\": \"Ha \u00fajj\u00e1var\u00e1zsoln\u00e1d ny\u00e1ron a p\u00e1rk\u00e1nyt, kezdj \u00e9l\u00e9nk vir\u00e1gokb\u00f3l \u00f6ssze\u00e1ll\u00edtott csokrokkal. Tegy\u00e9l ki friss n\u00f6v\u00e9nyeket is, p\u00e9ld\u00e1ul eukaliptuszt vagy p\u00e1fr\u00e1nyt. Ha szereted a tengerpartot, haszn\u00e1lj kagyl\u00f3kat, s k\u00f6nnyed v\u00e1szon vagy pamut ter\u00edt\u0151kkel fokozd a leveg\u0151s \u00e9rz\u00e9st.\"\n      }\n    },\n    {\n      \"@type\": \"Question\",\n      \"name\": \"Mi a legjobb m\u00f3dja, hogy elrendezd a d\u00edszeket a ny\u00e1ri kandall\u00f3p\u00e1rk\u00e1nyon?\",\n      \"acceptedAnswer\": {\n        \"@type\": \"Answer\",\n        \"text\": \"A ny\u00e1ri p\u00e1rk\u00e1ny elrendez\u00e9se lehet kreat\u00edv \u00e9s igaz\u00e1n \u00e9lvezetes. D\u00f6nthetsz aszimmetrikus vagy szimmetrikus elrendez\u00e9s mellett is, att\u00f3l f\u00fcgg\u0151en, melyik tetszik jobban. J\u00f3 \u00f6tlet k\u00fcl\u00f6nb\u00f6z\u0151 magass\u00e1gokkal j\u00e1tszani, p\u00e9ld\u00e1ul k\u00fcl\u00f6nb\u00f6z\u0151 m\u00e9ret\u0171 v\u00e1z\u00e1kat vagy gyertyatart\u00f3kat haszn\u00e1lni.\"\n      }\n    },\n    {\n      \"@type\": \"Question\",\n      \"name\": \"Hogyan k\u00e9sz\u00edthetsz hangs\u00falyos pontot a kandall\u00f3p\u00e1rk\u00e1ny ny\u00e1ri dekor\u00e1ci\u00f3j\u00e1ban?\",\n      \"acceptedAnswer\": {\n        \"@type\": \"Answer\",\n        \"text\": \"L\u00e1tv\u00e1nyos ny\u00e1ri p\u00e1rk\u00e1ny a k\u00f6z\u00e9ppontoz\u00e1ssal kezd\u0151dik, vagyis kell egy olyan d\u00edsz, ami r\u00f6gt\u00f6n odavonzza a szemet. Lehet ez egy egyedi k\u00e9p vagy egy nagy, \u00e9l\u00e9nk vir\u00e1gcsokor\u2014helyezd k\u00f6z\u00e9pre, hogy mindenki \u00e9szrevegye. Egy \u00e9rdekes szobor vagy d\u00edszes t\u00fck\u00f6r is kiv\u00e1l\u00f3an alkalmas erre.\"\n      }\n    },\n    {\n      \"@type\": \"Question\",\n      \"name\": \"Hogyan haszn\u00e1lhatsz term\u00e9szetes anyagokat a ny\u00e1ri kandall\u00f3p\u00e1rk\u00e1ny dekor\u00e1ci\u00f3hoz?\",\n      \"acceptedAnswer\": {\n        \"@type\": \"Answer\",\n        \"text\": \"A ny\u00e1ri p\u00e1rk\u00e1ny d\u00edsz\u00edt\u00e9se term\u00e9szetes elemekkel igazi friss\u00edt\u0151 k\u00f6zpontja lehet a szob\u00e1nak. A friss n\u00f6v\u00e9nyek, mint az eukaliptusz vagy a p\u00e1fr\u00e1ny \u00fcde z\u00f6ldet \u00e9s \u00e9letet adnak. A kagyl\u00f3k \u00e9s korallok izgalmas text\u00far\u00e1t hoznak, igaz\u00e1n tengerparti hangulatot \u00e1rulva.\"\n      }\n    },\n    {\n      \"@type\": \"Question\",\n      \"name\": \"Friss vagy m\u0171n\u00f6v\u00e9nyeket haszn\u00e1lj ny\u00e1ri kandall\u00f3d\u00edsz\u00edt\u00e9shez?\",\n      \"acceptedAnswer\": {\n        \"@type\": \"Answer\",\n        \"text\": \"Amikor azon gondolkodsz, hogy friss vagy m\u0171n\u00f6v\u00e9nyeket tegy\u00e9l-e a ny\u00e1ri kandall\u00f3polcra, fontos, hogy m\u00e9rlegeld a gondoz\u00e1st \u00e9s a saj\u00e1t st\u00edlusodat. A friss n\u00f6v\u00e9nyek, mint a eukaliptusz vagy p\u00e1fr\u00e1ny, nagyon \u00fcd\u00e9k, term\u00e9szetesek, \u00e9s igazi \u00e9letet visznek a szob\u00e1ba. Viszont ahhoz, hogy sz\u00e9pek maradjanak, rendszeresen \u00f6nt\u00f6zni \u00e9s \u00e1polni kell \u0151ket.\"\n      }\n    },\n    {\n      \"@type\": \"Question\",\n      \"name\": \"Milyen \u00f6tletekkel d\u00edsz\u00edtheted kandall\u00f3polcodat tengerparti hangulatban?\",\n      \"acceptedAnswer\": {\n        \"@type\": \"Answer\",\n        \"text\": \"Ha tengerparti \u00e9rz\u00e9st szeretn\u00e9l var\u00e1zsolni a kandall\u00f3dra, haszn\u00e1ld a partot id\u00e9z\u0151 sz\u00edneket \u00e9s kieg\u00e9sz\u00edt\u0151ket. Kezdd homoksz\u00edn\u0171 b\u00e9zzsel, tengerz\u00f6lddel \u00e9s t\u00fcrkizzel, hogy visszaadd a tenger sz\u00edneit. Tegy\u00e9l ki kagyl\u00f3kat vagy korall d\u00edszeket is, ezek k\u00fcl\u00f6nleges text\u00far\u00e1t adnak.\"\n      }\n    },\n    {\n      \"@type\": \"Question\",\n      \"name\": \"Hogyan vihetsz vintage hangulatot a ny\u00e1ri kandall\u00f3d\u00edsz\u00edt\u00e9sbe?\",\n      \"acceptedAnswer\": {\n        \"@type\": \"Answer\",\n        \"text\": \"Ha egyedi \u00e9s b\u00e1jos hangulatot szeretn\u00e9l, vigy\u00e9l n\u00e9h\u00e1ny r\u00e9gi, vintage d\u00edszt\u00e1rgyat a kandall\u00f3dra. Ezek sz\u00e9pen \u00f6tv\u00f6zik a m\u00falt eml\u00e9keit a modern st\u00edlussal. V\u00e1lassz klasszikus k\u00f6nyveket, hogy egy kis t\u00f6rt\u00e9nelmet \u00e9s egyedis\u00e9get adj hozz\u00e1, pakold fel \u0151ket egym\u00e1sra vagy alkoss bel\u0151l\u00fck egy h\u00e1romr\u00e9szes elrendez\u00e9st.\"\n      }\n    },\n    {\n      \"@type\": \"Question\",\n      \"name\": \"Hogyan haszn\u00e1lhatsz egyedi vagy k\u00e9zzel k\u00e9sz\u00fclt d\u00edszt\u00e1rgyakat?\",\n      \"acceptedAnswer\": {\n        \"@type\": \"Answer\",\n        \"text\": \"Ha szeretn\u00e9d, hogy a kandall\u00f3d t\u00e9nyleg k\u00fcl\u00f6nleges \u00e9s egyedi legyen ny\u00e1ron, v\u00e1lassz n\u00e9h\u00e1ny k\u00e9zm\u0171ves vagy egyedi d\u00edszt. Ezek lehetnek p\u00e9ld\u00e1ul v\u00e1z\u00e1k, festm\u00e9nyek vagy m\u00e1s d\u00edszt\u00e1rgyak, amik j\u00f3l t\u00fckr\u00f6zik a saj\u00e1t st\u00edlusodat. Pr\u00f3b\u00e1lj meg saj\u00e1t kez\u0171leg k\u00e9sz\u00fclt text\u00edli\u00e1kat is haszn\u00e1lni.\"\n      }\n    },\n    {\n      \"@type\": \"Question\",\n      \"name\": \"Hogyan \u00e9rhetsz el minimalista vagy maximalista st\u00edlust?\",\n      \"acceptedAnswer\": {\n        \"@type\": \"Answer\",\n        \"text\": \"A kandall\u00f3d d\u00edsz\u00edt\u00e9s\u00e9n\u00e9l d\u00f6nthetsz \u00fagy, hogy a minimalizmus vagy a maximalizmus mellett teszed le a voksod. Ha a minimalizmus tetszik, akkor t\u00f6rekedj a letisztults\u00e1gra. Ha viszont a maximalizmus \u00e1ll k\u00f6zel hozz\u00e1d, b\u00e1tran kombin\u00e1lj sok k\u00fcl\u00f6nf\u00e9le d\u00edszt \u00e9l\u00e9nk sz\u00ednekkel \u00e9s k\u00fcl\u00f6nb\u00f6z\u0151 anyagokkal.\"\n      }\n    },\n    {\n      \"@type\": \"Question\",\n      \"name\": \"Milyen DIY tippekkel \u00faj\u00edthatod fel a kandall\u00f3d ny\u00e1rra?\",\n      \"acceptedAnswer\": {\n        \"@type\": \"Answer\",\n        \"text\": \"Igaz\u00e1n \u00e9lvezetes \u00e9s p\u00e9nzt\u00e1rcabar\u00e1t is lehet a ny\u00e1ri kandall\u00f3 fel\u00faj\u00edt\u00e1sa, ha saj\u00e1tkez\u0171 \u00f6tletekkel v\u00e1gsz bele. Fesd le p\u00e9ld\u00e1ul kr\u00e9tafest\u00e9kkel, hogy tiszta, \u00faj megjelen\u00e9se legyen. Dekor\u00e1lj \u00e9vszakhoz ill\u0151 dolgokkal, p\u00e9ld\u00e1ul sz\u00ednes vir\u00e1gokkal vagy tengerparti kieg\u00e9sz\u00edt\u0151kkel.\"\n      }\n    },\n    {\n      \"@type\": \"Question\",\n      \"name\": \"Hogyan dekor\u00e1lj ny\u00e1ron olcs\u00f3n a kandall\u00f3n?\",\n      \"acceptedAnswer\": {\n        \"@type\": \"Answer\",\n        \"text\": \"Ha szeretn\u00e9d p\u00e9nzt\u00e1rcabar\u00e1t m\u00f3don feldobni a kandall\u00f3polcot ny\u00e1ron, kezdj saj\u00e1t k\u00e9sz\u00edt\u00e9s\u0171 dekorral \u00e9s n\u00e9zz k\u00f6r\u00fcl otthon, mi az, amit \u00fajra tudsz hasznos\u00edtani. Az olcs\u00f3 boltokb\u00f3l vagy bolhapiacr\u00f3l is beszerezhetsz egyedi t\u00e1rgyakat, amik szuper\u00fcl feldobj\u00e1k a polcodat. Tegy\u00e9l ki term\u00e9szetes elemeket, p\u00e9ld\u00e1ul kagyl\u00f3kat vagy uszad\u00e9kf\u00e1t.\"\n      }\n    }\n  ]\n}\n<\/script>\n<script type=\"application\/ld+json\">\n{\n  \"@context\": \"https:\/\/schema.org\",\n  \"@type\": \"HowTo\",\n  \"name\": \"Ny\u00e1ri kandall\u00f3p\u00e1rk\u00e1ny d\u00edsz\u00edt\u00e9se l\u00e9p\u00e9sr\u0151l l\u00e9p\u00e9sre\",\n  \"description\": \"\u00cdgy alak\u00edtsd \u00e1t a kandall\u00f3p\u00e1rk\u00e1nyt ny\u00e1rias, friss \u00e9s h\u00edvogat\u00f3 k\u00f6z\u00e9ppontt\u00e1 vil\u00e1gos sz\u00ednekkel, term\u00e9szetes anyagokkal \u00e9s kreat\u00edv dekor\u00e1ci\u00f3val.\",\n  \"image\": [\n    \"https:\/\/doubletakedecor.com\/uploads\/2025\/07\/summer-mantle-decor-dtd-01.jpg\"\n  ],\n  \"totalTime\": \"PT1H\",\n  \"supply\": [\n    {\n      \"@type\": \"HowToSupply\",\n      \"name\": \"Vil\u00e1gos sz\u00edn\u0171 dekor\u00e1ci\u00f3k (pl. v\u00e1za, gyertya, d\u00edszt\u00f6k, kagyl\u00f3)\"\n    },\n    {\n      \"@type\": \"HowToSupply\",\n      \"name\": \"Term\u00e9szetes anyagok (fa, uszad\u00e9kfa, rattan, kagyl\u00f3k)\"\n    },\n    {\n      \"@type\": \"HowToSupply\",\n      \"name\": \"Friss vagy m\u0171n\u00f6v\u00e9nyek, vir\u00e1gok\"\n    },\n    {\n      \"@type\": \"HowToSupply\",\n      \"name\": \"Sz\u00ednes text\u00edli\u00e1k vagy d\u00edszp\u00e1rn\u00e1k\"\n    },\n    {\n      \"@type\": \"HowToSupply\",\n      \"name\": \"K\u00e9zm\u0171ves vagy vintage d\u00edszt\u00e1rgyak\"\n    }\n  ],\n  \"tool\": [\n    {\n      \"@type\": \"HowToTool\",\n      \"name\": \"Porrongy vagy tiszt\u00edt\u00f3kend\u0151\"\n    },\n    {\n      \"@type\": \"HowToTool\",\n      \"name\": \"Dekor\u00e1ci\u00f3s ragaszt\u00f3, ha sz\u00fcks\u00e9ges\"\n    }\n  ],\n  \"step\": [\n    {\n      \"@type\": \"HowToStep\",\n      \"name\": \"Tiszt\u00edtsd meg a kandall\u00f3p\u00e1rk\u00e1nyt\",\n      \"text\": \"El\u0151sz\u00f6r t\u00f6r\u00f6ld \u00e1t a p\u00e1rk\u00e1nyt, hogy elt\u00e1vol\u00edtsd a port \u00e9s a r\u00e9gi dekor\u00e1ci\u00f3t. \u00cdgy tiszta alapr\u00f3l indulhatsz.\"\n    },\n    {\n      \"@type\": \"HowToStep\",\n      \"name\": \"V\u00e1lassz sz\u00ednvil\u00e1got\",\n      \"text\": \"D\u00f6ntsd el, milyen sz\u00ednvil\u00e1got szeretn\u00e9l: lehet pasztell, tengerparti, vagy \u00e9l\u00e9nk ny\u00e1ri \u00e1rnyalat. Alapozd meg a dekor\u00e1ci\u00f3t ezekkel a sz\u00ednekkel.\"\n    },\n    {\n      \"@type\": \"HowToStep\",\n      \"name\": \"Term\u00e9szetes anyagok elhelyez\u00e9se\",\n      \"text\": \"Tegy\u00e9l ki fa, uszad\u00e9kfa vagy rattan elemeket, hogy behozd a term\u00e9szetes hangulatot. Ezek adnak text\u00far\u00e1t is a p\u00e1rk\u00e1nynak.\"\n    },\n    {\n      \"@type\": \"HowToStep\",\n      \"name\": \"Vir\u00e1gok \u00e9s n\u00f6v\u00e9nyek hozz\u00e1ad\u00e1sa\",\n      \"text\": \"Helyezz el v\u00e1z\u00e1kba friss vagy m\u0171vir\u00e1gokat, z\u00f6ld n\u00f6v\u00e9nyeket. A sz\u00ednes vir\u00e1gok feldobj\u00e1k az \u00f6sszk\u00e9pet.\"\n    },\n    {\n      \"@type\": \"HowToStep\",\n      \"name\": \"D\u00edszt\u00e1rgyak, gyerty\u00e1k, t\u00fck\u00f6r elrendez\u00e9se\",\n      \"text\": \"Tegy\u00e9l ki egy hangs\u00falyos k\u00f6zponti d\u00edszt (t\u00fck\u00f6r, k\u00e9p vagy nagy v\u00e1za). K\u00f6r\u00e9 rendezd el a gyerty\u00e1kat, kagyl\u00f3kat, vintage t\u00e1rgyakat k\u00fcl\u00f6nb\u00f6z\u0151 magass\u00e1gokban.\"\n    },\n    {\n      \"@type\": \"HowToStep\",\n      \"name\": \"Aszimmetria \u00e9s r\u00e9tegez\u00e9s\",\n      \"text\": \"Vari\u00e1ld a magass\u00e1gokat, keverd a text\u00far\u00e1kat, \u00e9s r\u00e9tegezd a dekor\u00e1ci\u00f3t. \u00cdgy l\u00e9gies \u00e9s harmonikus lesz a p\u00e1rk\u00e1ny.\"\n    },\n    {\n      \"@type\": \"HowToStep\",\n      \"name\": \"Finomhangol\u00e1s \u00e9s f\u00e9nyek\",\n      \"text\": \"Helyezz el n\u00e9h\u00e1ny sz\u00ednes d\u00edszp\u00e1rn\u00e1t vagy l\u00e1mp\u00e1t a kandall\u00f3 k\u00f6zel\u00e9ben. Ellen\u0151rizd, hogy a kompoz\u00edci\u00f3 egys\u00e9ges \u00e9s vid\u00e1m hangulat\u00fa-e.\"\n    }\n  ]\n}\n<\/script>","_links":{"self":[{"href":"https:\/\/doubletakedecor.com\/hu\/wp-json\/wp\/v2\/posts\/2001","targetHints":{"allow":["GET"]}}],"collection":[{"href":"https:\/\/doubletakedecor.com\/hu\/wp-json\/wp\/v2\/posts"}],"about":[{"href":"https:\/\/doubletakedecor.com\/hu\/wp-json\/wp\/v2\/types\/post"}],"author":[{"embeddable":true,"href":"https:\/\/doubletakedecor.com\/hu\/wp-json\/wp\/v2\/users\/12"}],"replies":[{"embeddable":true,"href":"https:\/\/doubletakedecor.com\/hu\/wp-json\/wp\/v2\/comments?post=2001"}],"version-history":[{"count":1,"href":"https:\/\/doubletakedecor.com\/hu\/wp-json\/wp\/v2\/posts\/2001\/revisions"}],"predecessor-version":[{"id":2002,"href":"https:\/\/doubletakedecor.com\/hu\/wp-json\/wp\/v2\/posts\/2001\/revisions\/2002"}],"wp:featuredmedia":[{"embeddable":true,"href":"https:\/\/doubletakedecor.com\/hu\/wp-json\/wp\/v2\/media\/1978"}],"wp:attachment":[{"href":"https:\/\/doubletakedecor.com\/hu\/wp-json\/wp\/v2\/media?parent=2001"}],"wp:term":[{"taxonomy":"category","embeddable":true,"href":"https:\/\/doubletakedecor.com\/hu\/wp-json\/wp\/v2\/categories?post=2001"},{"taxonomy":"post_tag","embeddable":true,"href":"https:\/\/doubletakedecor.com\/hu\/wp-json\/wp\/v2\/tags?post=2001"}],"curies":[{"name":"wp","href":"https:\/\/api.w.org\/{rel}","templated":true}]}}