{"id":2200,"date":"2025-07-19T00:25:36","date_gmt":"2025-07-18T22:25:36","guid":{"rendered":"https:\/\/doubletakedecor.com\/kert\/shabby-chic-kert\/"},"modified":"2025-07-19T00:38:50","modified_gmt":"2025-07-18T22:38:50","slug":"shabby-chic-kert","status":"publish","type":"post","link":"https:\/\/doubletakedecor.com\/hu\/kert\/shabby-chic-kert\/","title":{"rendered":"Alak\u00edtsd \u00e1t a kerted shabby chic st\u00edlus\u00fa \u00f6tletekkel"},"content":{"rendered":"<p>L\u00e9pj be a shabby chic kertek var\u00e1zslatos vil\u00e1g\u00e1ba, ahol a r\u00e9gi st\u00edlus \u00e9s a romantikus b\u00e1j egy nyugodt, meghitt k\u00fclt\u00e9ri mened\u00e9kk\u00e9 olvad \u00f6ssze. Ezek a kedves terek \u00f6reg, kopott b\u00fatorokkal, finom pasztellsz\u00ednekkel \u00e9s rengeteg vir\u00e1ggal h\u00edvogatnak, \u00edgy egyszerre \u00e9rezhet\u0151 az otthonoss\u00e1g \u00e9s az elegancia.<\/p>\n<p>A shabby chic kert kialak\u00edt\u00e1s\u00e1nak l\u00e9nyege a kopott fa padok, kov\u00e1csoltvas asztalok \u00e9s \u00fajrahasznos\u00edtott d\u00edszek okos elhelyez\u00e9se, amelyek mes\u00e9lnek a r\u00e9gi id\u0151kr\u0151l. A sz\u00ednek k\u00f6z\u00f6tt gyakran tal\u00e1lod a vil\u00e1gos r\u00f3zsasz\u00ednt, tompa k\u00e9ket \u00e9s m\u00e1s l\u00e1gy \u00e1rnyalatokat, hogy a kert egy b\u00e9k\u00e9s, pihentet\u0151 hely lehessen sz\u00e1modra.<\/p>\n<p>Ha te is szeretn\u00e9l shabby chic st\u00edlus\u00fa kertet, igyekezz megtal\u00e1lni az egyens\u00falyt a r\u00e9gi kincsek \u00e9s a modern elemek k\u00f6z\u00f6tt. Haszn\u00e1lj k\u00fcl\u00f6nleges vir\u00e1gtart\u00f3kat, \u00e9s adj hozz\u00e1 olyan szem\u00e9lyes dolgokat, amik t\u00e9ged t\u00fckr\u00f6znek. K\u00e9zm\u0171ves \u00f6tletek, p\u00e9ld\u00e1ul egy r\u00e9gi l\u00e9tra \u00e1talak\u00edt\u00e1sa n\u00f6v\u00e9nytart\u00f3nak vagy a b\u00fatorok \u00e1tfest\u00e9se pasztellsz\u00ednekre, m\u00e9g k\u00fcl\u00f6nlegesebb\u00e9 teszik a kertedet.<\/p>\n<p>A j\u00f3 vil\u00e1g\u00edt\u00e1s is nagyon fontos: mesebeli f\u00e9nyf\u00fcz\u00e9rek vagy l\u00e1mp\u00e1sok csod\u00e1s hangulatot teremtenek, f\u0151leg ha este egy\u00fctt vagytok a kertben. Ha rendszeresen \u00e1polod \u00e9s id\u0151nk\u00e9nt felfriss\u00edted a kertedet, eg\u00e9sz \u00e9vben egy hangulatos, romantikus mened\u00e9ked lehet, ahol j\u00f3l \u00e9rzed magad\u2014egy hely, ahol a r\u00e9gi id\u0151k b\u00e1ja \u00e9s a k\u00e9nyelmes, modern \u00e9let t\u00f6k\u00e9letesen \u00f6sszeolvad.<\/p>\n<div class=\"kt_block\" id=\"kt_id\">\n<span class=\"kt_headline\">Legfontosabb tudnival\u00f3k<\/span><\/p>\n<ul class=\"kt_post_list\">\n<li><strong>\ud83c\udf38 Vintage hangulat:<\/strong> A shabby chic kertekben r\u00e9gi b\u00fatorok, pasztellsz\u00ednek \u00e9s sok vir\u00e1g egy\u00fcttesen teremtenek romantikus \u00e9s nyugodt hangulatot a szabadban.<\/li>\n<li><strong>\ud83c\udf3f DIY b\u00e1j:<\/strong> K\u00e9zm\u0171ves \u00f6tletekkel, p\u00e9ld\u00e1ul egy r\u00e9gi l\u00e9tra n\u00f6v\u00e9nytart\u00f3v\u00e1 alak\u00edt\u00e1s\u00e1val vagy b\u00fatorok \u00fajrahasznos\u00edt\u00e1s\u00e1val a kerted igaz\u00e1n egyedi lesz.<\/li>\n<li><strong>\u2728 Var\u00e1zslatos megvil\u00e1g\u00edt\u00e1s:<\/strong> A f\u00e9nyf\u00fcz\u00e9rek \u00e9s l\u00e1mp\u00e1sok hangulatos, mes\u00e9s l\u00e9gk\u00f6rt teremtenek, r\u00e1ad\u00e1sul este is sz\u00e9p \u00e9s j\u00f3l haszn\u00e1lhat\u00f3 marad a kert.<\/li>\n<li><strong>\ud83e\udeb4 Vir\u00e1gtart\u00f3k \u00e9s dekor\u00e1ci\u00f3k:<\/strong> Ha k\u00fcl\u00f6nb\u00f6z\u0151 vagy \u00fajrahasznos\u00edtott vir\u00e1gtart\u00f3kban \u00fcltetsz sz\u00ednes vir\u00e1gokat, azok szinte vonzz\u00e1k a tekintetet, \u00e9s igazi vintage hangulatot adnak a kertnek.<\/li>\n<\/ul>\n<\/div>\n<h2>Romantikus r\u00f3zs\u00e1s \u00f6sv\u00e9ny k\u00e9sz\u00edt\u00e9se klasszikus ker\u00edt\u00e9ssel<\/h2>\n<p><img loading=\"lazy\" decoding=\"async\" width=\"700\" height=\"1050\" alt=\"\u00c9l\u00e9nk r\u00f3zsasz\u00edn r\u00f3zs\u00e1k szeg\u00e9lyezik az \u00f6sv\u00e9nyt, amit ny\u00edrt s\u00f6v\u00e9nyek, feh\u00e9r ker\u00edt\u00e9s \u00e9s bolt\u00edves kapu tesz igaz\u00e1n nyugodt shabby chic kertt\u00e9.\" class=\"aligncenter size-full wp-image-2012\" src=\"https:\/\/doubletakedecor.com\/uploads\/2025\/07\/shabby-chic-garden-dtd-01.jpg\" srcset=\"https:\/\/doubletakedecor.com\/uploads\/2025\/07\/shabby-chic-garden-dtd-01.jpg 700w, https:\/\/doubletakedecor.com\/uploads\/2025\/07\/shabby-chic-garden-dtd-01-200x300.jpg 200w, https:\/\/doubletakedecor.com\/uploads\/2025\/07\/shabby-chic-garden-dtd-01-683x1024.jpg 683w, https:\/\/doubletakedecor.com\/uploads\/2025\/07\/shabby-chic-garden-dtd-01-96x144.jpg 96w, https:\/\/doubletakedecor.com\/uploads\/2025\/07\/shabby-chic-garden-dtd-01-280x420.jpg 280w, https:\/\/doubletakedecor.com\/uploads\/2025\/07\/shabby-chic-garden-dtd-01-320x480.jpg 320w, https:\/\/doubletakedecor.com\/uploads\/2025\/07\/shabby-chic-garden-dtd-01-360x540.jpg 360w, https:\/\/doubletakedecor.com\/uploads\/2025\/07\/shabby-chic-garden-dtd-01-363x545.jpg 363w, https:\/\/doubletakedecor.com\/uploads\/2025\/07\/shabby-chic-garden-dtd-01-370x555.jpg 370w, https:\/\/doubletakedecor.com\/uploads\/2025\/07\/shabby-chic-garden-dtd-01-400x600.jpg 400w, https:\/\/doubletakedecor.com\/uploads\/2025\/07\/shabby-chic-garden-dtd-01-560x840.jpg 560w, https:\/\/doubletakedecor.com\/uploads\/2025\/07\/shabby-chic-garden-dtd-01-480x720.jpg 480w\" sizes=\"auto, (max-width: 700px) 100vw, 700px\" \/><\/p>\n<p>Alak\u00edtsd \u00e1t kertedet shabby chic mened\u00e9kk\u00e9: tervezd meg, hogy szimmetrikus \u00f6sv\u00e9nyt hozol l\u00e9tre r\u00f3zsasz\u00edn, illatos r\u00f3zs\u00e1kkal \u00e9s rendezett s\u00f6v\u00e9nyekkel a sz\u00e9l\u00e9n. Tegy\u00e9l mell\u00e9 b\u00e1jos feh\u00e9r ker\u00edt\u00e9st a klasszikus, r\u00e9gi hangulat\u00e9rt, \u00e9s helyezz a bej\u00e1rathoz egy \u00edves kaput, amit\u0151l a kerted igazi l\u00e1tv\u00e1nyoss\u00e1g lesz. \u00cdgy egyszerre kapsz rendezett \u00e9s j\u00e1t\u00e9kos hat\u00e1st, amelyek seg\u00edtenek ir\u00e1ny\u00edtani a vend\u00e9gek tekintet\u00e9t \u00e9s vezetni \u0151ket a kerteden kereszt\u00fcl.<\/p>\n<h2>Romantikus r\u00f3zs\u00e1s bolt\u00edv klasszikus kerti b\u00e1jhoz<\/h2>\n<p><img loading=\"lazy\" decoding=\"async\" width=\"700\" height=\"1050\" alt=\"Feh\u00e9r fa bolt\u00edv, amin r\u00f3zs\u00e1k vir\u00e1goznak \u2013 h\u00edvogat\u00f3 bej\u00e1rat egy buja kertbe, ker\u00edt\u00e9ssel \u00e9s k\u0151\u00f6sv\u00e9nnyel.\" class=\"aligncenter size-full wp-image-2018\" src=\"https:\/\/doubletakedecor.com\/uploads\/2025\/07\/shabby-chic-garden-dtd-02.jpg\" srcset=\"https:\/\/doubletakedecor.com\/uploads\/2025\/07\/shabby-chic-garden-dtd-02.jpg 700w, https:\/\/doubletakedecor.com\/uploads\/2025\/07\/shabby-chic-garden-dtd-02-200x300.jpg 200w, https:\/\/doubletakedecor.com\/uploads\/2025\/07\/shabby-chic-garden-dtd-02-683x1024.jpg 683w, https:\/\/doubletakedecor.com\/uploads\/2025\/07\/shabby-chic-garden-dtd-02-96x144.jpg 96w, https:\/\/doubletakedecor.com\/uploads\/2025\/07\/shabby-chic-garden-dtd-02-280x420.jpg 280w, https:\/\/doubletakedecor.com\/uploads\/2025\/07\/shabby-chic-garden-dtd-02-320x480.jpg 320w, https:\/\/doubletakedecor.com\/uploads\/2025\/07\/shabby-chic-garden-dtd-02-360x540.jpg 360w, https:\/\/doubletakedecor.com\/uploads\/2025\/07\/shabby-chic-garden-dtd-02-363x545.jpg 363w, https:\/\/doubletakedecor.com\/uploads\/2025\/07\/shabby-chic-garden-dtd-02-370x555.jpg 370w, https:\/\/doubletakedecor.com\/uploads\/2025\/07\/shabby-chic-garden-dtd-02-400x600.jpg 400w, https:\/\/doubletakedecor.com\/uploads\/2025\/07\/shabby-chic-garden-dtd-02-560x840.jpg 560w, https:\/\/doubletakedecor.com\/uploads\/2025\/07\/shabby-chic-garden-dtd-02-480x720.jpg 480w\" sizes=\"auto, (max-width: 700px) 100vw, 700px\" \/><\/p>\n<p>Hozz l\u00e9tre k\u00fcl\u00f6nleges l\u00e1tv\u00e1nyt a kertedben egy feh\u00e9r fa bolt\u00edvvel, amit fut\u00f3r\u00f3zs\u00e1k bor\u00edtanak. Tedd ezt a ker\u00edt\u00e9s mell\u00e9, hogy igaz\u00e1n shabby chic hangulatot kapj. Rendezz le k\u0151 l\u00e9p\u0151k\u00f6veket, amik megh\u00edvj\u00e1k a vend\u00e9geket a vir\u00e1gokkal teli kertedbe. V\u00e1lassz r\u00f3zsasz\u00edn \u00e9s piros r\u00f3zs\u00e1kat a bolt\u00edvhez, \u00edgy romantikus \u00e9s buja lesz az eg\u00e9sz, \u00e9s eg\u00e9sz ny\u00e1ron vir\u00e1gzik.<\/p>\n<h2>\u00c1lomszer\u0171 kerti \u00f6sv\u00e9ny rusztikus k\u00f6vekkel \u00e9s vir\u00e1gos bolt\u00edvekkel<\/h2>\n<p><img loading=\"lazy\" decoding=\"async\" width=\"700\" height=\"1050\" alt=\"K\u0151b\u0151l k\u00e9sz\u00fclt kerti \u00f6sv\u00e9ny, sz\u00ednes vir\u00e1gokkal, mely egy rusztikus fah\u00e1zik\u00f3hoz vezet; ef\u00f6l\u00f6tt fa bolt\u00edv, lila vir\u00e1gokkal d\u00edsz\u00edtve.\" class=\"aligncenter size-full wp-image-2024\" src=\"https:\/\/doubletakedecor.com\/uploads\/2025\/07\/shabby-chic-garden-dtd-03.jpg\" srcset=\"https:\/\/doubletakedecor.com\/uploads\/2025\/07\/shabby-chic-garden-dtd-03.jpg 700w, https:\/\/doubletakedecor.com\/uploads\/2025\/07\/shabby-chic-garden-dtd-03-200x300.jpg 200w, https:\/\/doubletakedecor.com\/uploads\/2025\/07\/shabby-chic-garden-dtd-03-683x1024.jpg 683w, https:\/\/doubletakedecor.com\/uploads\/2025\/07\/shabby-chic-garden-dtd-03-96x144.jpg 96w, https:\/\/doubletakedecor.com\/uploads\/2025\/07\/shabby-chic-garden-dtd-03-280x420.jpg 280w, https:\/\/doubletakedecor.com\/uploads\/2025\/07\/shabby-chic-garden-dtd-03-320x480.jpg 320w, https:\/\/doubletakedecor.com\/uploads\/2025\/07\/shabby-chic-garden-dtd-03-360x540.jpg 360w, https:\/\/doubletakedecor.com\/uploads\/2025\/07\/shabby-chic-garden-dtd-03-363x545.jpg 363w, https:\/\/doubletakedecor.com\/uploads\/2025\/07\/shabby-chic-garden-dtd-03-370x555.jpg 370w, https:\/\/doubletakedecor.com\/uploads\/2025\/07\/shabby-chic-garden-dtd-03-400x600.jpg 400w, https:\/\/doubletakedecor.com\/uploads\/2025\/07\/shabby-chic-garden-dtd-03-560x840.jpg 560w, https:\/\/doubletakedecor.com\/uploads\/2025\/07\/shabby-chic-garden-dtd-03-480x720.jpg 480w\" sizes=\"auto, (max-width: 700px) 100vw, 700px\" \/><\/p>\n<p>Alkoss var\u00e1zslatos bej\u00e1ratot a kertedhez: rakj le szab\u00e1lytalan k\u0151lapokat, amik k\u00f6z\u00f6tt f\u0171 n\u0151. \u00dcltess sz\u00ednes sarkanty\u00fak\u00e1t, pet\u00fani\u00e1t \u00e9s musk\u00e1tlit az \u00f6sv\u00e9ny ment\u00e9n, hogy minden \u00e9vszakban legyen sz\u00edn. Az \u00f6sv\u00e9nyt fejezd be egy fa bolt\u00edvvel, amin lila vir\u00e1gok futnak. Ez remek shabby chic f\u00f3kuszpont lesz, ami term\u00e9szetesen tereli a vend\u00e9geket kerteden kereszt\u00fcl.<\/p>\n<h2>Var\u00e1zsos vir\u00e1gos vitrint r\u00e9gi talicsk\u00e1b\u00f3l!<\/h2>\n<p><img loading=\"lazy\" decoding=\"async\" width=\"700\" height=\"1050\" alt=\"\u00dajrahasznos\u00edtott piros talicska, benne r\u00f3zsasz\u00edn \u00e9s feh\u00e9r vir\u00e1gokkal, tetej\u00e9n ill\u0151 piros \u00f6nt\u00f6z\u0151kanna\u2014b\u00e1jos shabby chic dekor\u00e1ci\u00f3.\" class=\"aligncenter size-full wp-image-2030\" src=\"https:\/\/doubletakedecor.com\/uploads\/2025\/07\/shabby-chic-garden-dtd-04.jpg\" srcset=\"https:\/\/doubletakedecor.com\/uploads\/2025\/07\/shabby-chic-garden-dtd-04.jpg 700w, https:\/\/doubletakedecor.com\/uploads\/2025\/07\/shabby-chic-garden-dtd-04-200x300.jpg 200w, https:\/\/doubletakedecor.com\/uploads\/2025\/07\/shabby-chic-garden-dtd-04-683x1024.jpg 683w, https:\/\/doubletakedecor.com\/uploads\/2025\/07\/shabby-chic-garden-dtd-04-96x144.jpg 96w, https:\/\/doubletakedecor.com\/uploads\/2025\/07\/shabby-chic-garden-dtd-04-280x420.jpg 280w, https:\/\/doubletakedecor.com\/uploads\/2025\/07\/shabby-chic-garden-dtd-04-320x480.jpg 320w, https:\/\/doubletakedecor.com\/uploads\/2025\/07\/shabby-chic-garden-dtd-04-360x540.jpg 360w, https:\/\/doubletakedecor.com\/uploads\/2025\/07\/shabby-chic-garden-dtd-04-363x545.jpg 363w, https:\/\/doubletakedecor.com\/uploads\/2025\/07\/shabby-chic-garden-dtd-04-370x555.jpg 370w, https:\/\/doubletakedecor.com\/uploads\/2025\/07\/shabby-chic-garden-dtd-04-400x600.jpg 400w, https:\/\/doubletakedecor.com\/uploads\/2025\/07\/shabby-chic-garden-dtd-04-560x840.jpg 560w, https:\/\/doubletakedecor.com\/uploads\/2025\/07\/shabby-chic-garden-dtd-04-480x720.jpg 480w\" sizes=\"auto, (max-width: 700px) 100vw, 700px\" \/><\/p>\n<p>K\u00f6lcs\u00f6n\u00f6zz \u00faj \u00e9letet r\u00e9gi talicsk\u00e1dnak: alak\u00edtsd vir\u00e1gtart\u00f3v\u00e1! T\u00f6ltsd meg f\u00f6lddel \u00e9s \u00fcltess bele sz\u00ednes, egym\u00e1shoz ill\u0151 vir\u00e1gokat, hogy igaz\u00e1n felt\u0171n\u0151 legyen. Helyezz mell\u00e9 egy hozz\u00e1 ill\u0151 \u00f6nt\u00f6z\u0151kann\u00e1t a shabby chic hangulat\u00e9rt. Rendezd el a kert sarkaiban vagy az \u00f6sv\u00e9ny ment\u00e9n, ahol mindenki megcsod\u00e1lhatja. Ne felejts el v\u00edzelvezet\u0151 lyukakat f\u00farni, hogy a vir\u00e1gok is j\u00f3l \u00e9rezz\u00e9k magukat!<\/p>\n<h2>Kopott pad a z\u00f6ldben \u2013 teremtsetek hangulatos zugot!<\/h2>\n<p><img loading=\"lazy\" decoding=\"async\" width=\"700\" height=\"1049\" alt=\"Kopott fa pad buja z\u00f6ld n\u00f6v\u00e9nyek \u00e9s vir\u00e1gok k\u00f6z\u00f6tt, mellette \u00e1s\u00f3vill\u00e1val egy igazi shabby chic kertben.\" class=\"aligncenter size-full wp-image-2036\" src=\"https:\/\/doubletakedecor.com\/uploads\/2025\/07\/shabby-chic-garden-dtd-05.jpg\" srcset=\"https:\/\/doubletakedecor.com\/uploads\/2025\/07\/shabby-chic-garden-dtd-05.jpg 700w, https:\/\/doubletakedecor.com\/uploads\/2025\/07\/shabby-chic-garden-dtd-05-200x300.jpg 200w, https:\/\/doubletakedecor.com\/uploads\/2025\/07\/shabby-chic-garden-dtd-05-683x1024.jpg 683w, https:\/\/doubletakedecor.com\/uploads\/2025\/07\/shabby-chic-garden-dtd-05-96x144.jpg 96w, https:\/\/doubletakedecor.com\/uploads\/2025\/07\/shabby-chic-garden-dtd-05-280x420.jpg 280w, https:\/\/doubletakedecor.com\/uploads\/2025\/07\/shabby-chic-garden-dtd-05-320x480.jpg 320w, https:\/\/doubletakedecor.com\/uploads\/2025\/07\/shabby-chic-garden-dtd-05-360x539.jpg 360w, https:\/\/doubletakedecor.com\/uploads\/2025\/07\/shabby-chic-garden-dtd-05-363x544.jpg 363w, https:\/\/doubletakedecor.com\/uploads\/2025\/07\/shabby-chic-garden-dtd-05-370x554.jpg 370w, https:\/\/doubletakedecor.com\/uploads\/2025\/07\/shabby-chic-garden-dtd-05-400x599.jpg 400w, https:\/\/doubletakedecor.com\/uploads\/2025\/07\/shabby-chic-garden-dtd-05-560x839.jpg 560w, https:\/\/doubletakedecor.com\/uploads\/2025\/07\/shabby-chic-garden-dtd-05-480x719.jpg 480w\" sizes=\"auto, (max-width: 700px) 100vw, 700px\" \/><\/p>\n<p>V\u00e1ltoztass \u00e1t egy elhanyagolt sarkot nyugodt pihen\u0151helly\u00e9: \u00e1ll\u00edts oda r\u00e9gi, klasszikus fa padot sok-sok z\u00f6ld n\u00f6v\u00e9ny k\u00f6z\u00e9. Hagyd, hogy fut\u00f3n\u00f6v\u00e9nyek term\u00e9szetesen k\u00f6rbefonj\u00e1k az \u00fcl\u0151helyet, hogy elb\u00fajhass kicsit a vil\u00e1g el\u0151l. Rakj a k\u00f6zelbe n\u00e9h\u00e1ny kerti eszk\u00f6zt, hogy m\u00e9g otthonosabb legyen. Ha f\u00e9m kasp\u00f3kat is haszn\u00e1lsz, az kihangs\u00falyozza majd a rusztikus, shabby chic st\u00edlust.<\/p>\n<h2>Levendul\u00e1s kavics\u00f6sv\u00e9ny \u2013 r\u00e9gi id\u0151k b\u00e1j\u00e1val<\/h2>\n<p><img loading=\"lazy\" decoding=\"async\" width=\"700\" height=\"1049\" alt=\"Kavicsos \u00f6sv\u00e9ny, melyet vir\u00e1gz\u00f3 levendula szeg\u00e9lyez; az \u00f6sv\u00e9ny egy fa kapuhoz vezet egy napf\u00e9nyes kertben.\" class=\"aligncenter size-full wp-image-2042\" src=\"https:\/\/doubletakedecor.com\/uploads\/2025\/07\/shabby-chic-garden-dtd-06.jpg\" srcset=\"https:\/\/doubletakedecor.com\/uploads\/2025\/07\/shabby-chic-garden-dtd-06.jpg 700w, https:\/\/doubletakedecor.com\/uploads\/2025\/07\/shabby-chic-garden-dtd-06-200x300.jpg 200w, https:\/\/doubletakedecor.com\/uploads\/2025\/07\/shabby-chic-garden-dtd-06-683x1024.jpg 683w, https:\/\/doubletakedecor.com\/uploads\/2025\/07\/shabby-chic-garden-dtd-06-96x144.jpg 96w, https:\/\/doubletakedecor.com\/uploads\/2025\/07\/shabby-chic-garden-dtd-06-280x420.jpg 280w, https:\/\/doubletakedecor.com\/uploads\/2025\/07\/shabby-chic-garden-dtd-06-320x480.jpg 320w, https:\/\/doubletakedecor.com\/uploads\/2025\/07\/shabby-chic-garden-dtd-06-360x539.jpg 360w, https:\/\/doubletakedecor.com\/uploads\/2025\/07\/shabby-chic-garden-dtd-06-363x544.jpg 363w, https:\/\/doubletakedecor.com\/uploads\/2025\/07\/shabby-chic-garden-dtd-06-370x554.jpg 370w, https:\/\/doubletakedecor.com\/uploads\/2025\/07\/shabby-chic-garden-dtd-06-400x599.jpg 400w, https:\/\/doubletakedecor.com\/uploads\/2025\/07\/shabby-chic-garden-dtd-06-560x839.jpg 560w, https:\/\/doubletakedecor.com\/uploads\/2025\/07\/shabby-chic-garden-dtd-06-480x719.jpg 480w\" sizes=\"auto, (max-width: 700px) 100vw, 700px\" \/><\/p>\n<p>Alak\u00edtsd \u00e1t a kerted bej\u00e1rat\u00e1t egy rusztikus kavicsos \u00f6sv\u00e9nnyel, amit illatos levendula szeg\u00e9lyez. Ez a klasszikus p\u00e1ros\u00edt\u00e1s nemcsak shabby chic hangulatot ad, hanem sz\u00e1razs\u00e1gt\u0171r\u0151 \u00e9s k\u00f6nnyen gondozhat\u00f3 is. \u00dcltesd a levendul\u00e1kat kb. 30 cm-re egym\u00e1st\u00f3l, hogy j\u00f3l n\u00f6vekedjenek, \u00e9s friss\u00edtsd \u00e9vente a kavicsr\u00e9teget, hogy mindig rendezett legyen. Fejezd be egy kopott f\u00e1b\u00f3l k\u00e9sz\u00fclt kapuval az igazi vid\u00e9ki hangulat\u00e9rt.<\/p>\n<h2>Rusztikus \u00fcvegh\u00e1z \u2013 a shabby chic kert \u00e9kszere<\/h2>\n<p><img loading=\"lazy\" decoding=\"async\" width=\"700\" height=\"1050\" alt=\"B\u00e9k\u00e9s kerti k\u00e9p, fa- \u00e9s \u00fcvegb\u0151l k\u00e9sz\u00fclt \u00fcvegh\u00e1zzal; k\u00f6r\u00fcl\u00f6tte z\u00f6ld n\u00f6v\u00e9nyek \u00e9s k\u0151b\u0151l rakott \u00fat.\" class=\"aligncenter size-full wp-image-2048\" src=\"https:\/\/doubletakedecor.com\/uploads\/2025\/07\/shabby-chic-garden-dtd-07.jpg\" srcset=\"https:\/\/doubletakedecor.com\/uploads\/2025\/07\/shabby-chic-garden-dtd-07.jpg 700w, https:\/\/doubletakedecor.com\/uploads\/2025\/07\/shabby-chic-garden-dtd-07-200x300.jpg 200w, https:\/\/doubletakedecor.com\/uploads\/2025\/07\/shabby-chic-garden-dtd-07-683x1024.jpg 683w, https:\/\/doubletakedecor.com\/uploads\/2025\/07\/shabby-chic-garden-dtd-07-96x144.jpg 96w, https:\/\/doubletakedecor.com\/uploads\/2025\/07\/shabby-chic-garden-dtd-07-280x420.jpg 280w, https:\/\/doubletakedecor.com\/uploads\/2025\/07\/shabby-chic-garden-dtd-07-320x480.jpg 320w, https:\/\/doubletakedecor.com\/uploads\/2025\/07\/shabby-chic-garden-dtd-07-360x540.jpg 360w, https:\/\/doubletakedecor.com\/uploads\/2025\/07\/shabby-chic-garden-dtd-07-363x545.jpg 363w, https:\/\/doubletakedecor.com\/uploads\/2025\/07\/shabby-chic-garden-dtd-07-370x555.jpg 370w, https:\/\/doubletakedecor.com\/uploads\/2025\/07\/shabby-chic-garden-dtd-07-400x600.jpg 400w, https:\/\/doubletakedecor.com\/uploads\/2025\/07\/shabby-chic-garden-dtd-07-560x840.jpg 560w, https:\/\/doubletakedecor.com\/uploads\/2025\/07\/shabby-chic-garden-dtd-07-480x720.jpg 480w\" sizes=\"auto, (max-width: 700px) 100vw, 700px\" \/><\/p>\n<p>\u00daj\u00edtsd meg kertedet fa keretes \u00fcvegh\u00e1zzal, amit s\u0171r\u0171 n\u00f6v\u00e9nyzet vesz k\u00f6r\u00fcl. Rendezz hozz\u00e1 egyszer\u0171, k\u0151lapokb\u00f3l k\u00e9sz\u00fclt utat a f\u0171ben, hogy m\u00e9g otthonosabb legyen. T\u00f6ltsd meg az \u00fcvegh\u00e1zat sz\u00ednpomp\u00e1s vir\u00e1gokkal \u00e9s olyan n\u00f6v\u00e9nyekkel, amik szeretik a v\u00e9dett helyet. Ez a megold\u00e1s sz\u00e9p \u00e9s praktikus egyszerre, hiszen eg\u00e9sz \u00e9vben \u00e9lvezheted a kert\u00e9szked\u00e9st egy kis vintage st\u00edlusban.<\/p>\n<h2>Hangulatos kavics\u00f6sv\u00e9ny\u2014kiemelked\u0151 shabby chic r\u00e9szlet!<\/h2>\n<p><img loading=\"lazy\" decoding=\"async\" width=\"700\" height=\"1050\" alt=\"B\u00e9k\u00e9s kert, ahol a kavicsos \u00f6sv\u00e9ny r\u00f3zsasz\u00edn \u00e9s lila vir\u00e1gok k\u00f6z\u00f6tt kanyarog egy hangulatos pavilon fel\u00e9, ahol padok v\u00e1rnak.\" class=\"aligncenter size-full wp-image-2054\" src=\"https:\/\/doubletakedecor.com\/uploads\/2025\/07\/shabby-chic-garden-dtd-08.jpg\" srcset=\"https:\/\/doubletakedecor.com\/uploads\/2025\/07\/shabby-chic-garden-dtd-08.jpg 700w, https:\/\/doubletakedecor.com\/uploads\/2025\/07\/shabby-chic-garden-dtd-08-200x300.jpg 200w, https:\/\/doubletakedecor.com\/uploads\/2025\/07\/shabby-chic-garden-dtd-08-683x1024.jpg 683w, https:\/\/doubletakedecor.com\/uploads\/2025\/07\/shabby-chic-garden-dtd-08-96x144.jpg 96w, https:\/\/doubletakedecor.com\/uploads\/2025\/07\/shabby-chic-garden-dtd-08-280x420.jpg 280w, https:\/\/doubletakedecor.com\/uploads\/2025\/07\/shabby-chic-garden-dtd-08-320x480.jpg 320w, https:\/\/doubletakedecor.com\/uploads\/2025\/07\/shabby-chic-garden-dtd-08-360x540.jpg 360w, https:\/\/doubletakedecor.com\/uploads\/2025\/07\/shabby-chic-garden-dtd-08-363x545.jpg 363w, https:\/\/doubletakedecor.com\/uploads\/2025\/07\/shabby-chic-garden-dtd-08-370x555.jpg 370w, https:\/\/doubletakedecor.com\/uploads\/2025\/07\/shabby-chic-garden-dtd-08-400x600.jpg 400w, https:\/\/doubletakedecor.com\/uploads\/2025\/07\/shabby-chic-garden-dtd-08-560x840.jpg 560w, https:\/\/doubletakedecor.com\/uploads\/2025\/07\/shabby-chic-garden-dtd-08-480x720.jpg 480w\" sizes=\"auto, (max-width: 700px) 100vw, 700px\" \/><\/p>\n<p>Tervezd meg kanyarg\u00f3s kavics\u00f6sv\u00e9nyedet, amit vid\u00e9ki hangulat\u00fa, r\u00f3zsasz\u00edn \u00e9s lila vir\u00e1gok szeg\u00e9lyeznek. Rakj le kopott padokat az \u00f6sv\u00e9ny mell\u00e9, hogy csendes pihen\u0151helyet alak\u00edthass ki. Emeld ki a sz\u00e9ps\u00e9get fut\u00f3r\u00f3zs\u00e1kkal vagy iszalaggal a pavilon k\u00f6zel\u00e9ben. Tipp: pr\u00f3b\u00e1ld ki, hogy z\u00fazott kagyl\u00f3h\u00e9jat keversz a kavicsok k\u00f6z\u00e9 \u2013 \u00edgy igaz\u00e1n shabby chic lesz az \u00fat, \u00e9s a gyomokat is t\u00e1vol tartja!<\/p>\n<h2>K\u00fclt\u00e9ri pihen\u0151hely feh\u00e9r pad \u00e9s vir\u00e1gok \u00f6lel\u00e9s\u00e9ben<\/h2>\n<p><img loading=\"lazy\" decoding=\"async\" width=\"700\" height=\"1050\" alt=\"Feh\u00e9r pad p\u00e1rn\u00e1kkal, k\u00f6r\u00fcl\u00f6tte feh\u00e9r vir\u00e1gok a t\u00e9gl\u00e1s teraszon; v\u00e1z\u00e1k \u00e9s kopott fa ker\u00edt\u00e9s eg\u00e9sz\u00edtik ki a shabby chic hangulatot.\" class=\"aligncenter size-full wp-image-2060\" src=\"https:\/\/doubletakedecor.com\/uploads\/2025\/07\/shabby-chic-garden-dtd-09.jpg\" srcset=\"https:\/\/doubletakedecor.com\/uploads\/2025\/07\/shabby-chic-garden-dtd-09.jpg 700w, https:\/\/doubletakedecor.com\/uploads\/2025\/07\/shabby-chic-garden-dtd-09-200x300.jpg 200w, https:\/\/doubletakedecor.com\/uploads\/2025\/07\/shabby-chic-garden-dtd-09-683x1024.jpg 683w, https:\/\/doubletakedecor.com\/uploads\/2025\/07\/shabby-chic-garden-dtd-09-96x144.jpg 96w, https:\/\/doubletakedecor.com\/uploads\/2025\/07\/shabby-chic-garden-dtd-09-280x420.jpg 280w, https:\/\/doubletakedecor.com\/uploads\/2025\/07\/shabby-chic-garden-dtd-09-320x480.jpg 320w, https:\/\/doubletakedecor.com\/uploads\/2025\/07\/shabby-chic-garden-dtd-09-360x540.jpg 360w, https:\/\/doubletakedecor.com\/uploads\/2025\/07\/shabby-chic-garden-dtd-09-363x545.jpg 363w, https:\/\/doubletakedecor.com\/uploads\/2025\/07\/shabby-chic-garden-dtd-09-370x555.jpg 370w, https:\/\/doubletakedecor.com\/uploads\/2025\/07\/shabby-chic-garden-dtd-09-400x600.jpg 400w, https:\/\/doubletakedecor.com\/uploads\/2025\/07\/shabby-chic-garden-dtd-09-560x840.jpg 560w, https:\/\/doubletakedecor.com\/uploads\/2025\/07\/shabby-chic-garden-dtd-09-480x720.jpg 480w\" sizes=\"auto, (max-width: 700px) 100vw, 700px\" \/><\/p>\n<p>Var\u00e1zsolj nyugodt kuck\u00f3t a kerted t\u00e9glaterasz\u00e1ra: \u00f6lt\u00f6ztesd feh\u00e9r fa padodat puha takar\u00f3kkal \u00e9s sz\u00ednes p\u00e1rn\u00e1kkal. Rakj mell\u00e9 buja, feh\u00e9r vir\u00e1gokat, k\u00fcl\u00f6nf\u00e9le kasp\u00f3kban\u2014ez\u00fcst v\u00e1z\u00e1k vagy egyszer\u0171 feh\u00e9r cserepek is j\u00f3l mutatnak. A h\u00e1tt\u00e9rben a kopott ker\u00edt\u00e9s teszi igaz\u00e1n hangulatoss\u00e1 ezt a rusztikus zugot. Kerted b\u00e1rmely fal\u00e1n\u00e1l kialak\u00edthatod ezt a cottage-st\u00edlus\u00fa \u00fcl\u0151helyet.<\/p>\n<h2>\u00daj\u00edtsd meg kertedet horganyzott f\u00e9m kasp\u00f3kkal!<\/h2>\n<p><img loading=\"lazy\" decoding=\"async\" width=\"700\" height=\"1050\" alt=\"Kopott fal, ablak \u00e9s koszor\u00fa egy fa asztal felett, amin horganyzott kasp\u00f3k, te\u00e1skanna \u00e9s f\u0171szern\u00f6v\u00e9nyek sorakoznak egy k\u00f6ves \u00f6sv\u00e9ny mellett.\" class=\"aligncenter size-full wp-image-2066\" src=\"https:\/\/doubletakedecor.com\/uploads\/2025\/07\/shabby-chic-garden-dtd-10.jpg\" srcset=\"https:\/\/doubletakedecor.com\/uploads\/2025\/07\/shabby-chic-garden-dtd-10.jpg 700w, https:\/\/doubletakedecor.com\/uploads\/2025\/07\/shabby-chic-garden-dtd-10-200x300.jpg 200w, https:\/\/doubletakedecor.com\/uploads\/2025\/07\/shabby-chic-garden-dtd-10-683x1024.jpg 683w, https:\/\/doubletakedecor.com\/uploads\/2025\/07\/shabby-chic-garden-dtd-10-96x144.jpg 96w, https:\/\/doubletakedecor.com\/uploads\/2025\/07\/shabby-chic-garden-dtd-10-280x420.jpg 280w, https:\/\/doubletakedecor.com\/uploads\/2025\/07\/shabby-chic-garden-dtd-10-320x480.jpg 320w, https:\/\/doubletakedecor.com\/uploads\/2025\/07\/shabby-chic-garden-dtd-10-360x540.jpg 360w, https:\/\/doubletakedecor.com\/uploads\/2025\/07\/shabby-chic-garden-dtd-10-363x545.jpg 363w, https:\/\/doubletakedecor.com\/uploads\/2025\/07\/shabby-chic-garden-dtd-10-370x555.jpg 370w, https:\/\/doubletakedecor.com\/uploads\/2025\/07\/shabby-chic-garden-dtd-10-400x600.jpg 400w, https:\/\/doubletakedecor.com\/uploads\/2025\/07\/shabby-chic-garden-dtd-10-560x840.jpg 560w, https:\/\/doubletakedecor.com\/uploads\/2025\/07\/shabby-chic-garden-dtd-10-480x720.jpg 480w\" sizes=\"auto, (max-width: 700px) 100vw, 700px\" \/><\/p>\n<p>Teremts rusztikus hangulatot azzal, hogy kopott f\u00e1t kombin\u00e1lsz horganyzott f\u00e9m kasp\u00f3kkal! Rendezd el a k\u00fcl\u00f6nb\u00f6z\u0151 m\u00e9ret\u0171 ed\u00e9nyeket, \u00e9s dobj fel mindent egy r\u00e9gi te\u00e1skann\u00e1val, hogy k\u00fcl\u00f6nleges legyen a kompoz\u00edci\u00f3. Rakj kisebb f\u0171szern\u00f6v\u00e9ny-cserepeket az asztalra, \u00e9s d\u00edsz\u00edtsd a falat egy koszor\u00fas ablakkerettel. Extra \u00f6tlet: egy dr\u00f3t sz\u00e9k is szolg\u00e1lhat emelt vir\u00e1gtart\u00f3k\u00e9nt.<\/p>\n<h2>R\u00e9gi ajt\u00f3b\u00f3l lehet a kerted \u00e9ke!<\/h2>\n<p><img loading=\"lazy\" decoding=\"async\" width=\"700\" height=\"1050\" alt=\"Kopott feh\u00e9r sz\u00e9k cserepes vir\u00e1gok mellett, m\u00f6g\u00f6tte fut\u00f3n\u00f6v\u00e9nnyel ben\u0151tt r\u00e9gi ajt\u00f3 \u00e9s macskak\u00f6ves \u00f6sv\u00e9ny, ami nyugodt shabby chic kertet alkot.\" class=\"aligncenter size-full wp-image-2072\" src=\"https:\/\/doubletakedecor.com\/uploads\/2025\/07\/shabby-chic-garden-dtd-11.jpg\" srcset=\"https:\/\/doubletakedecor.com\/uploads\/2025\/07\/shabby-chic-garden-dtd-11.jpg 700w, https:\/\/doubletakedecor.com\/uploads\/2025\/07\/shabby-chic-garden-dtd-11-200x300.jpg 200w, https:\/\/doubletakedecor.com\/uploads\/2025\/07\/shabby-chic-garden-dtd-11-683x1024.jpg 683w, https:\/\/doubletakedecor.com\/uploads\/2025\/07\/shabby-chic-garden-dtd-11-96x144.jpg 96w, https:\/\/doubletakedecor.com\/uploads\/2025\/07\/shabby-chic-garden-dtd-11-280x420.jpg 280w, https:\/\/doubletakedecor.com\/uploads\/2025\/07\/shabby-chic-garden-dtd-11-320x480.jpg 320w, https:\/\/doubletakedecor.com\/uploads\/2025\/07\/shabby-chic-garden-dtd-11-360x540.jpg 360w, https:\/\/doubletakedecor.com\/uploads\/2025\/07\/shabby-chic-garden-dtd-11-363x545.jpg 363w, https:\/\/doubletakedecor.com\/uploads\/2025\/07\/shabby-chic-garden-dtd-11-370x555.jpg 370w, https:\/\/doubletakedecor.com\/uploads\/2025\/07\/shabby-chic-garden-dtd-11-400x600.jpg 400w, https:\/\/doubletakedecor.com\/uploads\/2025\/07\/shabby-chic-garden-dtd-11-560x840.jpg 560w, https:\/\/doubletakedecor.com\/uploads\/2025\/07\/shabby-chic-garden-dtd-11-480x720.jpg 480w\" sizes=\"auto, (max-width: 700px) 100vw, 700px\" \/><\/p>\n<p>Adj \u00faj c\u00e9lt egy r\u00e9gi ajt\u00f3nak: tedd a shabby chic kerted k\u00f6zpontj\u00e1ba! Helyezd cserepes vir\u00e1gok \u00e9s kopott b\u00fatorok m\u00f6g\u00e9, majd l\u00f3gass r\u00e1 egy sz\u00e1razvir\u00e1g koszor\u00fat. Engedd, hogy az ind\u00e1k r\u00e9szben elfedj\u00e9k az ajt\u00f3t, ett\u0151l lesz igaz\u00e1n r\u00e9gies \u00e9s titokzatos. Haszn\u00e1lj macskak\u00f6ves \u00f6sv\u00e9nyt n\u00e9mi f\u0171vel, hogy teljes legyen ez a b\u00e9k\u00e9s zug.<\/p>\n<h2>B\u0151s\u00e9ges vir\u00e1gpompa \u00fajrahasznos\u00edtott horganyzott d\u00e9zs\u00e1kban<\/h2>\n<p><img loading=\"lazy\" decoding=\"async\" width=\"700\" height=\"1050\" alt=\"Rusztikus, f\u00e9m d\u00e9zs\u00e1b\u00f3l b\u0151s\u00e9ggel ki\u00f6ml\u0151 lila, r\u00f3zsasz\u00edn, s\u00e1rga \u00e9s feh\u00e9r vir\u00e1gok egy buja kertben\u2014t\u00f6k\u00e9letes shabby chic dekor\u00e1ci\u00f3.\" class=\"aligncenter size-full wp-image-2078\" src=\"https:\/\/doubletakedecor.com\/uploads\/2025\/07\/shabby-chic-garden-dtd-12.jpg\" srcset=\"https:\/\/doubletakedecor.com\/uploads\/2025\/07\/shabby-chic-garden-dtd-12.jpg 700w, https:\/\/doubletakedecor.com\/uploads\/2025\/07\/shabby-chic-garden-dtd-12-200x300.jpg 200w, https:\/\/doubletakedecor.com\/uploads\/2025\/07\/shabby-chic-garden-dtd-12-683x1024.jpg 683w, https:\/\/doubletakedecor.com\/uploads\/2025\/07\/shabby-chic-garden-dtd-12-96x144.jpg 96w, https:\/\/doubletakedecor.com\/uploads\/2025\/07\/shabby-chic-garden-dtd-12-280x420.jpg 280w, https:\/\/doubletakedecor.com\/uploads\/2025\/07\/shabby-chic-garden-dtd-12-320x480.jpg 320w, https:\/\/doubletakedecor.com\/uploads\/2025\/07\/shabby-chic-garden-dtd-12-360x540.jpg 360w, https:\/\/doubletakedecor.com\/uploads\/2025\/07\/shabby-chic-garden-dtd-12-363x545.jpg 363w, https:\/\/doubletakedecor.com\/uploads\/2025\/07\/shabby-chic-garden-dtd-12-370x555.jpg 370w, https:\/\/doubletakedecor.com\/uploads\/2025\/07\/shabby-chic-garden-dtd-12-400x600.jpg 400w, https:\/\/doubletakedecor.com\/uploads\/2025\/07\/shabby-chic-garden-dtd-12-560x840.jpg 560w, https:\/\/doubletakedecor.com\/uploads\/2025\/07\/shabby-chic-garden-dtd-12-480x720.jpg 480w\" sizes=\"auto, (max-width: 700px) 100vw, 700px\" \/><\/p>\n<p>V\u00e1ltoztass \u00e1t egyszer\u0171 horganyzott v\u00f6dr\u00f6ket \u00e9s d\u00e9zs\u00e1kat felt\u0171n\u0151 kerti l\u00e1tv\u00e1nyelemekk\u00e9! T\u00f6ltsd meg \u0151ket sokf\u00e9le, sz\u00ednes vir\u00e1ggal: legyen benne lila, r\u00f3zsasz\u00edn, s\u00e1rga \u00e9s feh\u00e9r is, \u00edgy a kerted pillanatok alatt shabby chic hangulat\u00fa lesz. Helyezd el ezeket a hordozhat\u00f3 tart\u00f3kat ott, ahol igaz\u00e1n l\u00e1tv\u00e1nyosak lesznek. Mindig gondoskodj j\u00f3 v\u00edzelvezet\u00e9sr\u0151l: haszn\u00e1lj laza, gyorsan sz\u00e1rad\u00f3 f\u00f6ldet, \u00e9s f\u00farj lyukakat az alj\u00e1ra!<\/p>\n<h2>\u00dcdv\u00f6zl\u0151 bej\u00e1rat vir\u00e1gokkal \u00e9s r\u00e9tegezett vir\u00e1gtart\u00f3kkal<\/h2>\n<p><img loading=\"lazy\" decoding=\"async\" width=\"700\" height=\"1049\" alt=\"H\u00edvogat\u00f3 h\u00e1zbej\u00e1rat: s\u00e1rga homlokzat, \u00fcveges ajt\u00f3, term\u00e9szetes koszor\u00fa, sz\u00ednes vir\u00e1gok a fa teraszon rusztikus r\u00e9szletekkel.\" class=\"aligncenter size-full wp-image-2084\" src=\"https:\/\/doubletakedecor.com\/uploads\/2025\/07\/shabby-chic-garden-dtd-13.jpg\" srcset=\"https:\/\/doubletakedecor.com\/uploads\/2025\/07\/shabby-chic-garden-dtd-13.jpg 700w, https:\/\/doubletakedecor.com\/uploads\/2025\/07\/shabby-chic-garden-dtd-13-200x300.jpg 200w, https:\/\/doubletakedecor.com\/uploads\/2025\/07\/shabby-chic-garden-dtd-13-683x1024.jpg 683w, https:\/\/doubletakedecor.com\/uploads\/2025\/07\/shabby-chic-garden-dtd-13-96x144.jpg 96w, https:\/\/doubletakedecor.com\/uploads\/2025\/07\/shabby-chic-garden-dtd-13-280x420.jpg 280w, https:\/\/doubletakedecor.com\/uploads\/2025\/07\/shabby-chic-garden-dtd-13-320x480.jpg 320w, https:\/\/doubletakedecor.com\/uploads\/2025\/07\/shabby-chic-garden-dtd-13-360x539.jpg 360w, https:\/\/doubletakedecor.com\/uploads\/2025\/07\/shabby-chic-garden-dtd-13-363x544.jpg 363w, https:\/\/doubletakedecor.com\/uploads\/2025\/07\/shabby-chic-garden-dtd-13-370x554.jpg 370w, https:\/\/doubletakedecor.com\/uploads\/2025\/07\/shabby-chic-garden-dtd-13-400x599.jpg 400w, https:\/\/doubletakedecor.com\/uploads\/2025\/07\/shabby-chic-garden-dtd-13-560x839.jpg 560w, https:\/\/doubletakedecor.com\/uploads\/2025\/07\/shabby-chic-garden-dtd-13-480x719.jpg 480w\" sizes=\"auto, (max-width: 700px) 100vw, 700px\" \/><\/p>\n<p>Alak\u00edtsd bej\u00e1ratodat shabby chic o\u00e1ziss\u00e1: helyezz k\u00fcl\u00f6nb\u00f6z\u0151 magass\u00e1gokban cserepes vir\u00e1gokat a k\u00fcsz\u00f6bre. Rakj kis cserepeket egy r\u00e9gi l\u00e9tr\u00e1b\u00f3l k\u00e9sz\u00fclt vir\u00e1gtart\u00f3ra, a nagyobbakat k\u00f6zvetlen\u00fcl a teraszra vagy torn\u00e1cra. Ajt\u00f3 f\u00f6l\u00e9 tegy\u00e9l term\u00e9szetes koszor\u00fat, \u00e9s haszn\u00e1ld a f\u00e9m sz\u00e9ket \u00fcl\u0151helynek vagy d\u00edszk\u00e9nt is. \u00cdgy kialak\u00edthatsz m\u00e9lys\u00e9get \u00e9s hamis\u00edtatlan vid\u00e9ki kert hangulatot m\u00e1r a bej\u00e1ratn\u00e1l is.<\/p>\n<h2>Var\u00e1zsold \u00e1t kerted bej\u00e1rat\u00e1t vid\u00e1m, romantikus st\u00edlusban!<\/h2>\n<p><img loading=\"lazy\" decoding=\"async\" width=\"700\" height=\"1050\" alt=\"B\u00e1jos kerti bej\u00e1rat fahajt\u00f3val, k\u0151 \u00f6sv\u00e9nnyel, biciklivel, fut\u00f3n\u00f6v\u00e9nyekkel \u00e9s f\u00fcz\u00e9rl\u00e1mp\u00e1sokkal, melyek \u00e1lomszer\u0171, shabby chic hangulatot teremtenek.\" class=\"aligncenter size-full wp-image-2090\" src=\"https:\/\/doubletakedecor.com\/uploads\/2025\/07\/shabby-chic-garden-dtd-14.jpg\" srcset=\"https:\/\/doubletakedecor.com\/uploads\/2025\/07\/shabby-chic-garden-dtd-14.jpg 700w, https:\/\/doubletakedecor.com\/uploads\/2025\/07\/shabby-chic-garden-dtd-14-200x300.jpg 200w, https:\/\/doubletakedecor.com\/uploads\/2025\/07\/shabby-chic-garden-dtd-14-683x1024.jpg 683w, https:\/\/doubletakedecor.com\/uploads\/2025\/07\/shabby-chic-garden-dtd-14-96x144.jpg 96w, https:\/\/doubletakedecor.com\/uploads\/2025\/07\/shabby-chic-garden-dtd-14-280x420.jpg 280w, https:\/\/doubletakedecor.com\/uploads\/2025\/07\/shabby-chic-garden-dtd-14-320x480.jpg 320w, https:\/\/doubletakedecor.com\/uploads\/2025\/07\/shabby-chic-garden-dtd-14-360x540.jpg 360w, https:\/\/doubletakedecor.com\/uploads\/2025\/07\/shabby-chic-garden-dtd-14-363x545.jpg 363w, https:\/\/doubletakedecor.com\/uploads\/2025\/07\/shabby-chic-garden-dtd-14-370x555.jpg 370w, https:\/\/doubletakedecor.com\/uploads\/2025\/07\/shabby-chic-garden-dtd-14-400x600.jpg 400w, https:\/\/doubletakedecor.com\/uploads\/2025\/07\/shabby-chic-garden-dtd-14-560x840.jpg 560w, https:\/\/doubletakedecor.com\/uploads\/2025\/07\/shabby-chic-garden-dtd-14-480x720.jpg 480w\" sizes=\"auto, (max-width: 700px) 100vw, 700px\" \/><\/p>\n<p>Alak\u00edts ki mes\u00e9s bej\u00e1ratot term\u00e9szetes anyagok \u00e9s r\u00e9gi, romantikus kieg\u00e9sz\u00edt\u0151k kever\u00e9s\u00e9vel! Keretezd a kaput fut\u00f3n\u00f6v\u00e9nyekkel, a k\u0151vel kirakott \u00f6sv\u00e9nyt pedig f\u00fcz\u00e9rl\u00e1mp\u00e1sokkal vil\u00e1g\u00edtsd meg. Vegyes, elt\u00e9r\u0151 vir\u00e1gcserepeket tegy\u00e9l a kavicsos utak mell\u00e9 \u2013 ez adja meg azt a t\u00f6k\u00e9letesen \u201cnem t\u00f6k\u00e9letes\u201d shabby chic hangulatot. Egy r\u00e9gi bicikli dekor\u00e1ci\u00f3k\u00e9nt elhelyezve igazi vid\u00e9ki b\u00e1jt k\u00f6lcs\u00f6n\u00f6z. \u00cdgy a bej\u00e1rat egyszerre lesz bar\u00e1ts\u00e1gos \u00e9s csod\u00e1latra m\u00e9lt\u00f3.<\/p>\n<h2>Hozz l\u00e9tre elb\u0171v\u00f6l\u0151 szabadt\u00e9ri \u00e9tkez\u0151sarkot fonott \u00e9s f\u00e1b\u00f3l k\u00e9sz\u00fclt b\u00fatorokkal!<\/h2>\n<p><img loading=\"lazy\" decoding=\"async\" width=\"700\" height=\"1050\" alt=\"Hangulatos k\u00fclt\u00e9ri \u00e9tkez\u0151 fa asztallal \u00e9s fonott sz\u00e9kekkel t\u00e9glaburkolaton, k\u00f6r\u00fcl\u00f6tte z\u00f6ld s\u00f6v\u00e9nyek \u00e9s sz\u00ednes vir\u00e1gok.\" class=\"aligncenter size-full wp-image-2096\" src=\"https:\/\/doubletakedecor.com\/uploads\/2025\/07\/shabby-chic-garden-dtd-15.jpg\" srcset=\"https:\/\/doubletakedecor.com\/uploads\/2025\/07\/shabby-chic-garden-dtd-15.jpg 700w, https:\/\/doubletakedecor.com\/uploads\/2025\/07\/shabby-chic-garden-dtd-15-200x300.jpg 200w, https:\/\/doubletakedecor.com\/uploads\/2025\/07\/shabby-chic-garden-dtd-15-683x1024.jpg 683w, https:\/\/doubletakedecor.com\/uploads\/2025\/07\/shabby-chic-garden-dtd-15-96x144.jpg 96w, https:\/\/doubletakedecor.com\/uploads\/2025\/07\/shabby-chic-garden-dtd-15-280x420.jpg 280w, https:\/\/doubletakedecor.com\/uploads\/2025\/07\/shabby-chic-garden-dtd-15-320x480.jpg 320w, https:\/\/doubletakedecor.com\/uploads\/2025\/07\/shabby-chic-garden-dtd-15-360x540.jpg 360w, https:\/\/doubletakedecor.com\/uploads\/2025\/07\/shabby-chic-garden-dtd-15-363x545.jpg 363w, https:\/\/doubletakedecor.com\/uploads\/2025\/07\/shabby-chic-garden-dtd-15-370x555.jpg 370w, https:\/\/doubletakedecor.com\/uploads\/2025\/07\/shabby-chic-garden-dtd-15-400x600.jpg 400w, https:\/\/doubletakedecor.com\/uploads\/2025\/07\/shabby-chic-garden-dtd-15-560x840.jpg 560w, https:\/\/doubletakedecor.com\/uploads\/2025\/07\/shabby-chic-garden-dtd-15-480x720.jpg 480w\" sizes=\"auto, (max-width: 700px) 100vw, 700px\" \/><\/p>\n<p>Var\u00e1zsold \u00fajj\u00e1 k\u00fclt\u00e9ri ter\u00fcletedet egy klasszikus, faasztalb\u00f3l \u00e9s fonott sz\u00e9kekb\u0151l \u00e1ll\u00f3 \u00e9tkez\u0151 garnit\u00far\u00e1val! Helyezd a szettet t\u00e9glaj\u00e1rd\u00e1ra, ez stabill\u00e1 teszi \u00e9s rusztikus hangulatot ad. Sz\u00ednes vir\u00e1gokkal teli kasp\u00f3kat helyezz a ter\u00fclet sz\u00e9l\u00e9re, hogy l\u00e1gyabb legyen az \u00f6sszhat\u00e1s. Ker\u00edtsd el ny\u00edrt s\u00f6v\u00e9nyekkel, ezek intimit\u00e1st \u00e9s rendezetts\u00e9get biztos\u00edtanak. Ha mindent eleg\u00e1ns ter\u00edt\u00e9kkel eg\u00e9sz\u00edtesz ki, b\u00e1rmikor k\u00e9szen \u00e1llsz egy hangulatos szabadt\u00e9ri lakom\u00e1ra.<\/p>\n<h2>Emeld ki kerted sz\u00e9ps\u00e9g\u00e9t vintage l\u00e1bas vir\u00e1gtart\u00f3kkal!<\/h2>\n<p><img loading=\"lazy\" decoding=\"async\" width=\"700\" height=\"1050\" alt=\"B\u00e1jos shabby chic kert feh\u00e9r, l\u00e1bakon \u00e1ll\u00f3 r\u00e9gi vir\u00e1gcser\u00e9ppel, benne lila vir\u00e1gokkal, k\u00f6r\u00fcl\u00f6tte agyagcserepek \u00e9s d\u00edszkavicsok.\" class=\"aligncenter size-full wp-image-2102\" src=\"https:\/\/doubletakedecor.com\/uploads\/2025\/07\/shabby-chic-garden-dtd-16.jpg\" srcset=\"https:\/\/doubletakedecor.com\/uploads\/2025\/07\/shabby-chic-garden-dtd-16.jpg 700w, https:\/\/doubletakedecor.com\/uploads\/2025\/07\/shabby-chic-garden-dtd-16-200x300.jpg 200w, https:\/\/doubletakedecor.com\/uploads\/2025\/07\/shabby-chic-garden-dtd-16-683x1024.jpg 683w, https:\/\/doubletakedecor.com\/uploads\/2025\/07\/shabby-chic-garden-dtd-16-96x144.jpg 96w, https:\/\/doubletakedecor.com\/uploads\/2025\/07\/shabby-chic-garden-dtd-16-280x420.jpg 280w, https:\/\/doubletakedecor.com\/uploads\/2025\/07\/shabby-chic-garden-dtd-16-320x480.jpg 320w, https:\/\/doubletakedecor.com\/uploads\/2025\/07\/shabby-chic-garden-dtd-16-360x540.jpg 360w, https:\/\/doubletakedecor.com\/uploads\/2025\/07\/shabby-chic-garden-dtd-16-363x545.jpg 363w, https:\/\/doubletakedecor.com\/uploads\/2025\/07\/shabby-chic-garden-dtd-16-370x555.jpg 370w, https:\/\/doubletakedecor.com\/uploads\/2025\/07\/shabby-chic-garden-dtd-16-400x600.jpg 400w, https:\/\/doubletakedecor.com\/uploads\/2025\/07\/shabby-chic-garden-dtd-16-560x840.jpg 560w, https:\/\/doubletakedecor.com\/uploads\/2025\/07\/shabby-chic-garden-dtd-16-480x720.jpg 480w\" sizes=\"auto, (max-width: 700px) 100vw, 700px\" \/><\/p>\n<p>K\u00fcl\u00f6nleges hangulatot adhatsz a kertnek, ha r\u00e9gi cserepeket f\u00e9m l\u00e1bakra \u00e1ll\u00edtasz, ezzel igaz\u00e1n egyedi, emelt vir\u00e1gtart\u00f3t nyersz. Fesd \u0151ket feh\u00e9rre, b\u00e1jos mint\u00e1kkal, \u00e9s t\u00f6ltsd meg \u00e9l\u00e9nk lila vir\u00e1gokkal, hogy igaz\u00e1n felt\u0171n\u0151 legyen. Helyezd el \u0151ket agyagcserepek k\u00f6z\u00f6tt, d\u00edszkavicsokon \u2013 \u00edgy m\u00e9g izgalmasabb, v\u00e1ltozatosabb lesz a l\u00e1tv\u00e1ny. Ezzel a k\u00f6nny\u0171 \u201c\u00fajrahasznos\u00edt\u00e1si\u201d tr\u00fckkel egy csap\u00e1sra feldobod a teraszt \u00e9s a kert sarkait.<\/p>\n<h2>Alkoss elvonul\u00f3s kerti olvas\u00f3sarkot \u00fajrahasznos\u00edtott elemekkel!<\/h2>\n<p><img loading=\"lazy\" decoding=\"async\" width=\"700\" height=\"1050\" alt=\"Hangulatos k\u00fclt\u00e9ri pihen\u0151hely r\u00e9gi \u00fcveges ajt\u00f3kkal, vintage f\u00e9m paddal pasztell p\u00e1rn\u00e1kkal, p\u00e1fr\u00e1nyokkal \u00e9s d\u00edszt\u00fck\u00f6rrel.\" class=\"aligncenter size-full wp-image-2108\" src=\"https:\/\/doubletakedecor.com\/uploads\/2025\/07\/shabby-chic-garden-dtd-17.jpg\" srcset=\"https:\/\/doubletakedecor.com\/uploads\/2025\/07\/shabby-chic-garden-dtd-17.jpg 700w, https:\/\/doubletakedecor.com\/uploads\/2025\/07\/shabby-chic-garden-dtd-17-200x300.jpg 200w, https:\/\/doubletakedecor.com\/uploads\/2025\/07\/shabby-chic-garden-dtd-17-683x1024.jpg 683w, https:\/\/doubletakedecor.com\/uploads\/2025\/07\/shabby-chic-garden-dtd-17-96x144.jpg 96w, https:\/\/doubletakedecor.com\/uploads\/2025\/07\/shabby-chic-garden-dtd-17-280x420.jpg 280w, https:\/\/doubletakedecor.com\/uploads\/2025\/07\/shabby-chic-garden-dtd-17-320x480.jpg 320w, https:\/\/doubletakedecor.com\/uploads\/2025\/07\/shabby-chic-garden-dtd-17-360x540.jpg 360w, https:\/\/doubletakedecor.com\/uploads\/2025\/07\/shabby-chic-garden-dtd-17-363x545.jpg 363w, https:\/\/doubletakedecor.com\/uploads\/2025\/07\/shabby-chic-garden-dtd-17-370x555.jpg 370w, https:\/\/doubletakedecor.com\/uploads\/2025\/07\/shabby-chic-garden-dtd-17-400x600.jpg 400w, https:\/\/doubletakedecor.com\/uploads\/2025\/07\/shabby-chic-garden-dtd-17-560x840.jpg 560w, https:\/\/doubletakedecor.com\/uploads\/2025\/07\/shabby-chic-garden-dtd-17-480x720.jpg 480w\" sizes=\"auto, (max-width: 700px) 100vw, 700px\" \/><\/p>\n<p>Alak\u00edts ki saj\u00e1t kis nyugalmadat a kertben: haszn\u00e1ld a r\u00e9gi ajt\u00f3kat t\u00e9relv\u00e1laszt\u00f3nak, \u00edgy igaz\u00e1n meghitt zugot teremthetsz. K\u00f6z\u00e9pre tegy\u00e9l egy kov\u00e1csoltvas padot puha p\u00e1rn\u00e1kkal, mell\u00e9 b\u00e1tran helyezz nagy, p\u00e1fr\u00e1nnyal teli cserepeket. Egy d\u00edszes t\u00fck\u00f6rrel j\u00e1tszhatsz a f\u00e9nnyel \u00e9s t\u00e1g\u00edthatod a teret. Alapnak sz\u00f3rj le kavicsokat, \u00edgy sz\u00e9p rusztikus lesz a k\u00f6rnyezet \u2013 t\u00f6k\u00e9letes egy csendes elvonul\u00e1sra a kertben.<\/p>\n<h2>Tegy\u00e9l hangulatos, vintage st\u00edlus\u00fa b\u00fatorokat a kertedbe!<\/h2>\n<p><img loading=\"lazy\" decoding=\"async\" width=\"700\" height=\"1049\" alt=\"Rusztikus kert fonott sz\u00e9kekkel, kopottas asztallal, hortenzia cserepekkel \u00e9s polcokkal, melyek hangulatos shabby chic pihen\u0151t teremtenek.\" class=\"aligncenter size-full wp-image-2114\" src=\"https:\/\/doubletakedecor.com\/uploads\/2025\/07\/shabby-chic-garden-dtd-18.jpg\" srcset=\"https:\/\/doubletakedecor.com\/uploads\/2025\/07\/shabby-chic-garden-dtd-18.jpg 700w, https:\/\/doubletakedecor.com\/uploads\/2025\/07\/shabby-chic-garden-dtd-18-200x300.jpg 200w, https:\/\/doubletakedecor.com\/uploads\/2025\/07\/shabby-chic-garden-dtd-18-683x1024.jpg 683w, https:\/\/doubletakedecor.com\/uploads\/2025\/07\/shabby-chic-garden-dtd-18-96x144.jpg 96w, https:\/\/doubletakedecor.com\/uploads\/2025\/07\/shabby-chic-garden-dtd-18-280x420.jpg 280w, https:\/\/doubletakedecor.com\/uploads\/2025\/07\/shabby-chic-garden-dtd-18-320x480.jpg 320w, https:\/\/doubletakedecor.com\/uploads\/2025\/07\/shabby-chic-garden-dtd-18-360x539.jpg 360w, https:\/\/doubletakedecor.com\/uploads\/2025\/07\/shabby-chic-garden-dtd-18-363x544.jpg 363w, https:\/\/doubletakedecor.com\/uploads\/2025\/07\/shabby-chic-garden-dtd-18-370x554.jpg 370w, https:\/\/doubletakedecor.com\/uploads\/2025\/07\/shabby-chic-garden-dtd-18-400x599.jpg 400w, https:\/\/doubletakedecor.com\/uploads\/2025\/07\/shabby-chic-garden-dtd-18-560x839.jpg 560w, https:\/\/doubletakedecor.com\/uploads\/2025\/07\/shabby-chic-garden-dtd-18-480x719.jpg 480w\" sizes=\"auto, (max-width: 700px) 100vw, 700px\" \/><\/p>\n<p>V\u00e1ltoztasd kertedet egy igazi shabby chic mened\u00e9kk\u00e9 megkopott fonott fotelekkel \u00e9s feh\u00e9r, kopott fel\u00fclet\u0171 asztalokkal! Ter\u00edts le mint\u00e1s sz\u0151nyeget a k\u00f6ves \u00f6sv\u00e9nyre, hogy melegebb, otthonosabb \u00e9rz\u00e9st adjon. Tegy\u00e9l fel rusztikus polcokat a ker\u00edt\u00e9s mell\u00e9, amelyeken l\u00e1mp\u00e1sok \u00e9s cserepes hortenzi\u00e1k mutatnak j\u00f3l. Haszn\u00e1ld ki a ker\u00edt\u00e9st, \u00e9s futtass r\u00e1 n\u00f6v\u00e9nyeket \u2013 ett\u0151l lesz elb\u00faj\u00f3s, b\u00e9k\u00e9s a szabadt\u00e9ri pihen\u0151d.<\/p>\n<h2>Vintage ajt\u00f3fallal k\u00e9sz\u00edts f\u00fcgg\u0151leges kerti o\u00e1zist!<\/h2>\n<p><img loading=\"lazy\" decoding=\"async\" width=\"700\" height=\"1050\" alt=\"B\u00e1jos kerti pihen\u0151sarok k\u00e9k ajt\u00f3kkal a t\u00e9glafalon, l\u00f3g\u00f3 n\u00f6v\u00e9nyekkel, hangulatos paddal \u00e9s fa asztalk\u00e1val kertiszersz\u00e1mokkal.\" class=\"aligncenter size-full wp-image-2120\" src=\"https:\/\/doubletakedecor.com\/uploads\/2025\/07\/shabby-chic-garden-dtd-19.jpg\" srcset=\"https:\/\/doubletakedecor.com\/uploads\/2025\/07\/shabby-chic-garden-dtd-19.jpg 700w, https:\/\/doubletakedecor.com\/uploads\/2025\/07\/shabby-chic-garden-dtd-19-200x300.jpg 200w, https:\/\/doubletakedecor.com\/uploads\/2025\/07\/shabby-chic-garden-dtd-19-683x1024.jpg 683w, https:\/\/doubletakedecor.com\/uploads\/2025\/07\/shabby-chic-garden-dtd-19-96x144.jpg 96w, https:\/\/doubletakedecor.com\/uploads\/2025\/07\/shabby-chic-garden-dtd-19-280x420.jpg 280w, https:\/\/doubletakedecor.com\/uploads\/2025\/07\/shabby-chic-garden-dtd-19-320x480.jpg 320w, https:\/\/doubletakedecor.com\/uploads\/2025\/07\/shabby-chic-garden-dtd-19-360x540.jpg 360w, https:\/\/doubletakedecor.com\/uploads\/2025\/07\/shabby-chic-garden-dtd-19-363x545.jpg 363w, https:\/\/doubletakedecor.com\/uploads\/2025\/07\/shabby-chic-garden-dtd-19-370x555.jpg 370w, https:\/\/doubletakedecor.com\/uploads\/2025\/07\/shabby-chic-garden-dtd-19-400x600.jpg 400w, https:\/\/doubletakedecor.com\/uploads\/2025\/07\/shabby-chic-garden-dtd-19-560x840.jpg 560w, https:\/\/doubletakedecor.com\/uploads\/2025\/07\/shabby-chic-garden-dtd-19-480x720.jpg 480w\" sizes=\"auto, (max-width: 700px) 100vw, 700px\" \/><\/p>\n<p>R\u00e9gi ajt\u00f3b\u00f3l b\u00e1mulatos h\u00e1tt\u00e9r k\u00e9sz\u00edthet\u0151 a shabby chic kertben. \u00c1ll\u00edts kopott ajt\u00f3kat a t\u00e9glafal el\u00e9, majd l\u00f3gass r\u00e1 vintage kamp\u00f3kra akasztott f\u0171szern\u00f6v\u00e9nyeket \u00e9s vir\u00e1gokat. Tegy\u00e9l hozz\u00e1 egy f\u00e9m padot puha p\u00e1rn\u00e1kkal, hogy igaz\u00e1n k\u00e9nyelmes legyen. D\u00edsz\u00edtsd antik szersz\u00e1mokkal \u00e9s r\u00e9gi ed\u00e9nyekkel, \u00edgy lesz igaz\u00e1n egyedi. Ez a megold\u00e1s kis helyen is j\u00f3l mutat, ha f\u00fcgg\u0151leges megold\u00e1st keresel.<\/p>\n<h2>T\u00f6bbszintes shabby chic kerti vir\u00e1gkompoz\u00edci\u00f3 \u00fajrahasznos\u00edtott t\u00e1rgyakkal<\/h2>\n<p><img loading=\"lazy\" decoding=\"async\" width=\"700\" height=\"1049\" alt=\"Hangulatos kert d\u00fas z\u00f6lddel, feh\u00e9r \u00e9s r\u00f3zsasz\u00edn vir\u00e1gokkal rozsd\u00e1s kasp\u00f3kban, d\u00edszes f\u00e9m paddal k\u0151 \u00f6sv\u00e9ny ment\u00e9n.\" class=\"aligncenter size-full wp-image-2126\" src=\"https:\/\/doubletakedecor.com\/uploads\/2025\/07\/shabby-chic-garden-dtd-20.jpg\" srcset=\"https:\/\/doubletakedecor.com\/uploads\/2025\/07\/shabby-chic-garden-dtd-20.jpg 700w, https:\/\/doubletakedecor.com\/uploads\/2025\/07\/shabby-chic-garden-dtd-20-200x300.jpg 200w, https:\/\/doubletakedecor.com\/uploads\/2025\/07\/shabby-chic-garden-dtd-20-683x1024.jpg 683w, https:\/\/doubletakedecor.com\/uploads\/2025\/07\/shabby-chic-garden-dtd-20-96x144.jpg 96w, https:\/\/doubletakedecor.com\/uploads\/2025\/07\/shabby-chic-garden-dtd-20-280x420.jpg 280w, https:\/\/doubletakedecor.com\/uploads\/2025\/07\/shabby-chic-garden-dtd-20-320x480.jpg 320w, https:\/\/doubletakedecor.com\/uploads\/2025\/07\/shabby-chic-garden-dtd-20-360x539.jpg 360w, https:\/\/doubletakedecor.com\/uploads\/2025\/07\/shabby-chic-garden-dtd-20-363x544.jpg 363w, https:\/\/doubletakedecor.com\/uploads\/2025\/07\/shabby-chic-garden-dtd-20-370x554.jpg 370w, https:\/\/doubletakedecor.com\/uploads\/2025\/07\/shabby-chic-garden-dtd-20-400x599.jpg 400w, https:\/\/doubletakedecor.com\/uploads\/2025\/07\/shabby-chic-garden-dtd-20-560x839.jpg 560w, https:\/\/doubletakedecor.com\/uploads\/2025\/07\/shabby-chic-garden-dtd-20-480x719.jpg 480w\" sizes=\"auto, (max-width: 700px) 100vw, 700px\" \/><\/p>\n<p>Helyezz vir\u00e1gokat k\u00fcl\u00f6nb\u00f6z\u0151 magass\u00e1gokba r\u00e9gi feh\u00e9r v\u00f6dr\u00f6kbe vagy fonott kosarakba, \u00edgy izgalmas r\u00e9tegeket alak\u00edthatsz ki. T\u00e9gla- vagy k\u0151darabokat is haszn\u00e1lhatsz al\u00e1t\u00e9tk\u00e9nt, \u00e9s mell\u00e9 egy d\u00edszes f\u00e9m padot \u00e1ll\u00edthatsz, ami \u00fcl\u0151hely \u00e9s dekor\u00e1ci\u00f3 egyszerre. K\u00f6vek seg\u00edts\u00e9g\u00e9vel k\u00e9sz\u00edts utakat a vir\u00e1gos r\u00e9szek k\u00f6z\u00f6tt, \u00e9s \u00edgy vend\u00e9geidet is v\u00e9gigvezetheted egy igazi kis kerti csod\u00e1n.<\/p>\n<h2>K\u00e9sz\u00edts ablakkeretes n\u00f6v\u00e9nytart\u00f3t a kertedbe!<\/h2>\n<p><img loading=\"lazy\" decoding=\"async\" width=\"700\" height=\"1050\" alt=\"\u00d6reg, k\u00e9k asztal agyagcserepekkel, r\u00e9gi ablakkerettel, d\u00edszes locsol\u00f3kann\u00e1kkal \u00e9s k\u00e9nyelmes \u00fcl\u0151hellyel, igazi shabby chic hangulattal.\" class=\"aligncenter size-full wp-image-2132\" src=\"https:\/\/doubletakedecor.com\/uploads\/2025\/07\/shabby-chic-garden-dtd-21.jpg\" srcset=\"https:\/\/doubletakedecor.com\/uploads\/2025\/07\/shabby-chic-garden-dtd-21.jpg 700w, https:\/\/doubletakedecor.com\/uploads\/2025\/07\/shabby-chic-garden-dtd-21-200x300.jpg 200w, https:\/\/doubletakedecor.com\/uploads\/2025\/07\/shabby-chic-garden-dtd-21-683x1024.jpg 683w, https:\/\/doubletakedecor.com\/uploads\/2025\/07\/shabby-chic-garden-dtd-21-96x144.jpg 96w, https:\/\/doubletakedecor.com\/uploads\/2025\/07\/shabby-chic-garden-dtd-21-280x420.jpg 280w, https:\/\/doubletakedecor.com\/uploads\/2025\/07\/shabby-chic-garden-dtd-21-320x480.jpg 320w, https:\/\/doubletakedecor.com\/uploads\/2025\/07\/shabby-chic-garden-dtd-21-360x540.jpg 360w, https:\/\/doubletakedecor.com\/uploads\/2025\/07\/shabby-chic-garden-dtd-21-363x545.jpg 363w, https:\/\/doubletakedecor.com\/uploads\/2025\/07\/shabby-chic-garden-dtd-21-370x555.jpg 370w, https:\/\/doubletakedecor.com\/uploads\/2025\/07\/shabby-chic-garden-dtd-21-400x600.jpg 400w, https:\/\/doubletakedecor.com\/uploads\/2025\/07\/shabby-chic-garden-dtd-21-560x840.jpg 560w, https:\/\/doubletakedecor.com\/uploads\/2025\/07\/shabby-chic-garden-dtd-21-480x720.jpg 480w\" sizes=\"auto, (max-width: 700px) 100vw, 700px\" \/><\/p>\n<p>Vid\u00e1m, vid\u00e9kies hangulat\u00fa sarkot hozhatsz l\u00e9tre egy \u00fajrahasznos\u00edtott, r\u00e9gi ablakkeretb\u0151l, amit a n\u00f6v\u00e9nyeid h\u00e1tterek\u00e9nt haszn\u00e1lhatsz. Mell\u00e9 \u00e1ll\u00edts kopottas, k\u00e9k asztalt, ez kiv\u00e1l\u00f3 munkafel\u00fclet vagy ak\u00e1r t\u00e1lal\u00e1shoz is. Tegy\u00e9l r\u00e1 agyagcserepeket vagy r\u00e9gi locsol\u00f3kann\u00e1kat, amib\u0151l b\u00e1tran k\u00e9sz\u00edthetsz egyedi kasp\u00f3kat is. Fonott vagy fa \u00fcl\u0151hellyel teljes ez a h\u00edvogat\u00f3, csal\u00e1dias kerti zug, ahol a praktikum rusztikus eleganci\u00e1val tal\u00e1lkozik.<\/p>\n<h2>K\u00e9nyelmes kerti terasz fonott b\u00fatorokkal \u00e9s sok-sok z\u00f6lddel<\/h2>\n<p><img loading=\"lazy\" decoding=\"async\" width=\"700\" height=\"1050\" alt=\"B\u00e1jos k\u00fclt\u00e9ri hely feh\u00e9r fonott sz\u00e9kkel, sz\u00ednes vir\u00e1gtart\u00f3kkal \u00e9s l\u00f3g\u00f3 z\u00f6ld n\u00f6v\u00e9nyekkel, meghitt shabby chic teret teremtve.\" class=\"aligncenter size-full wp-image-2138\" src=\"https:\/\/doubletakedecor.com\/uploads\/2025\/07\/shabby-chic-garden-dtd-22.jpg\" srcset=\"https:\/\/doubletakedecor.com\/uploads\/2025\/07\/shabby-chic-garden-dtd-22.jpg 700w, https:\/\/doubletakedecor.com\/uploads\/2025\/07\/shabby-chic-garden-dtd-22-200x300.jpg 200w, https:\/\/doubletakedecor.com\/uploads\/2025\/07\/shabby-chic-garden-dtd-22-683x1024.jpg 683w, https:\/\/doubletakedecor.com\/uploads\/2025\/07\/shabby-chic-garden-dtd-22-96x144.jpg 96w, https:\/\/doubletakedecor.com\/uploads\/2025\/07\/shabby-chic-garden-dtd-22-280x420.jpg 280w, https:\/\/doubletakedecor.com\/uploads\/2025\/07\/shabby-chic-garden-dtd-22-320x480.jpg 320w, https:\/\/doubletakedecor.com\/uploads\/2025\/07\/shabby-chic-garden-dtd-22-360x540.jpg 360w, https:\/\/doubletakedecor.com\/uploads\/2025\/07\/shabby-chic-garden-dtd-22-363x545.jpg 363w, https:\/\/doubletakedecor.com\/uploads\/2025\/07\/shabby-chic-garden-dtd-22-370x555.jpg 370w, https:\/\/doubletakedecor.com\/uploads\/2025\/07\/shabby-chic-garden-dtd-22-400x600.jpg 400w, https:\/\/doubletakedecor.com\/uploads\/2025\/07\/shabby-chic-garden-dtd-22-560x840.jpg 560w, https:\/\/doubletakedecor.com\/uploads\/2025\/07\/shabby-chic-garden-dtd-22-480x720.jpg 480w\" sizes=\"auto, (max-width: 700px) 100vw, 700px\" \/><\/p>\n<p>Alak\u00edtsd \u00e1t bej\u00e1ratod egy nyugalmas pihen\u0151helly\u00e9 feh\u00e9r fonott b\u00fatorokkal \u00e9s gondosan elhelyezett vir\u00e1gtart\u00f3kkal! Akassz cs\u00fcng\u0151 n\u00f6v\u00e9nyeket az ajt\u00f3 f\u00f6l\u00e9, hogy ne csak sz\u00e9p legyen, hanem izgalmas is. Egy vintage l\u00e1mp\u00e1s est\u00e9kre kellemes f\u00e9nyt ad. V\u00e1lassz k\u00fcl\u00f6nb\u00f6z\u0151 m\u00e9ret\u0171 vir\u00e1gcserepeket, hogy m\u00e9g mozgalmasabb legyen a teraszod k\u00e9pe. \u00cdgy egyszerre lesz mutat\u00f3s \u00e9s praktikus a sarok, ahol minden nap megpihenhetsz.<\/p>\n<h2>B\u00e1jos, kanyarg\u00f3 k\u00f6ves \u00f6sv\u00e9ny a shabby chic kertben<\/h2>\n<p><img loading=\"lazy\" decoding=\"async\" width=\"700\" height=\"1050\" alt=\"Csendes, kanyarg\u00f3s kerti \u00f6sv\u00e9ny d\u00fas n\u00f6v\u00e9nys\u00e1vval \u00e9s sz\u00ednes vir\u00e1gokkal, egy f\u00e1kkal k\u00f6r\u00fcl\u00f6lelt pihen\u0151sarok fel\u00e9 vezetve.\" class=\"aligncenter size-full wp-image-2144\" src=\"https:\/\/doubletakedecor.com\/uploads\/2025\/07\/shabby-chic-garden-dtd-23.jpg\" srcset=\"https:\/\/doubletakedecor.com\/uploads\/2025\/07\/shabby-chic-garden-dtd-23.jpg 700w, https:\/\/doubletakedecor.com\/uploads\/2025\/07\/shabby-chic-garden-dtd-23-200x300.jpg 200w, https:\/\/doubletakedecor.com\/uploads\/2025\/07\/shabby-chic-garden-dtd-23-683x1024.jpg 683w, https:\/\/doubletakedecor.com\/uploads\/2025\/07\/shabby-chic-garden-dtd-23-96x144.jpg 96w, https:\/\/doubletakedecor.com\/uploads\/2025\/07\/shabby-chic-garden-dtd-23-280x420.jpg 280w, https:\/\/doubletakedecor.com\/uploads\/2025\/07\/shabby-chic-garden-dtd-23-320x480.jpg 320w, https:\/\/doubletakedecor.com\/uploads\/2025\/07\/shabby-chic-garden-dtd-23-360x540.jpg 360w, https:\/\/doubletakedecor.com\/uploads\/2025\/07\/shabby-chic-garden-dtd-23-363x545.jpg 363w, https:\/\/doubletakedecor.com\/uploads\/2025\/07\/shabby-chic-garden-dtd-23-370x555.jpg 370w, https:\/\/doubletakedecor.com\/uploads\/2025\/07\/shabby-chic-garden-dtd-23-400x600.jpg 400w, https:\/\/doubletakedecor.com\/uploads\/2025\/07\/shabby-chic-garden-dtd-23-560x840.jpg 560w, https:\/\/doubletakedecor.com\/uploads\/2025\/07\/shabby-chic-garden-dtd-23-480x720.jpg 480w\" sizes=\"auto, (max-width: 700px) 100vw, 700px\" \/><\/p>\n<p>Rakj le szab\u00e1lytalan k\u00f6veket, hogy kacskaring\u00f3s \u00f6sv\u00e9nyt alak\u00edthass ki, ami v\u00e9gigvezet a kerti mened\u00e9keden. Az \u00fat mell\u00e9 \u00fcltesd s\u0171r\u0171, z\u00f6ld level\u0171 n\u00f6v\u00e9nyeket \u00e9s sz\u00ednes vir\u00e1gokat, ett\u0151l lesz igaz\u00e1n k\u00fcl\u00f6nleges a l\u00e1tv\u00e1ny. Magasabb f\u00e1k vagy bokrok seg\u00edts\u00e9g\u00e9vel magass\u00e1got is adhatsz, ami felfedez\u00e9sre cs\u00e1b\u00edt. Tervezd \u00fagy az \u00f6sv\u00e9nyt, hogy a kert \u201capr\u00f3 titkai\u201d csak fokozatosan t\u00e1ruljanak fel \u2013 \u00edgy lesz igaz\u00e1n romantikus, boh\u00e9m a kerted.<\/p>\n<h2>R\u00e9gi d\u00edszes \u00fcltet\u0151ed\u00e9nyb\u0151l v\u00e1lhat a kerted f\u0151 \u00e9kess\u00e9ge<\/h2>\n<p><img loading=\"lazy\" decoding=\"async\" width=\"700\" height=\"1050\" alt=\"B\u00e1jos kert d\u00edszes feh\u00e9r kasp\u00f3val \u00e9s sz\u00ednes vir\u00e1gokkal, melyeket egy nagy fa \u00e1rny\u00e9ka v\u00e9d.\" class=\"aligncenter size-full wp-image-2150\" src=\"https:\/\/doubletakedecor.com\/uploads\/2025\/07\/shabby-chic-garden-dtd-24.jpg\" srcset=\"https:\/\/doubletakedecor.com\/uploads\/2025\/07\/shabby-chic-garden-dtd-24.jpg 700w, https:\/\/doubletakedecor.com\/uploads\/2025\/07\/shabby-chic-garden-dtd-24-200x300.jpg 200w, https:\/\/doubletakedecor.com\/uploads\/2025\/07\/shabby-chic-garden-dtd-24-683x1024.jpg 683w, https:\/\/doubletakedecor.com\/uploads\/2025\/07\/shabby-chic-garden-dtd-24-96x144.jpg 96w, https:\/\/doubletakedecor.com\/uploads\/2025\/07\/shabby-chic-garden-dtd-24-280x420.jpg 280w, https:\/\/doubletakedecor.com\/uploads\/2025\/07\/shabby-chic-garden-dtd-24-320x480.jpg 320w, https:\/\/doubletakedecor.com\/uploads\/2025\/07\/shabby-chic-garden-dtd-24-360x540.jpg 360w, https:\/\/doubletakedecor.com\/uploads\/2025\/07\/shabby-chic-garden-dtd-24-363x545.jpg 363w, https:\/\/doubletakedecor.com\/uploads\/2025\/07\/shabby-chic-garden-dtd-24-370x555.jpg 370w, https:\/\/doubletakedecor.com\/uploads\/2025\/07\/shabby-chic-garden-dtd-24-400x600.jpg 400w, https:\/\/doubletakedecor.com\/uploads\/2025\/07\/shabby-chic-garden-dtd-24-560x840.jpg 560w, https:\/\/doubletakedecor.com\/uploads\/2025\/07\/shabby-chic-garden-dtd-24-480x720.jpg 480w\" sizes=\"auto, (max-width: 700px) 100vw, 700px\" \/><\/p>\n<p>Turb\u00f3zd fel a shabby chic kertedet egy k\u00fcl\u00f6nleges, r\u00e9gi mint\u00e1s kasp\u00f3val! \u00c1ll\u00edtsd egy \u00f6reg fa al\u00e1, \u00e9s \u00fcltess bele leoml\u00f3, romantikus r\u00f3zsasz\u00edn-lila vir\u00e1gokat. Az ed\u00e9ny k\u00f6r\u00e9 m\u00e9g t\u00f6bb vir\u00e1got tehetsz, \u00edgy minden ir\u00e1nyb\u00f3l sz\u00e9pen mutat. Ez a megold\u00e1s azonnal vonzza a tekinteteket, mik\u00f6zben meghagyja a shabby chic st\u00edlus laza eleganci\u00e1j\u00e1t.<\/p>\n<h2>Vintage f\u00e9m ed\u00e9nyb\u0151l is lehet mes\u00e9s kasp\u00f3!<\/h2>\n<p><img loading=\"lazy\" decoding=\"async\" width=\"700\" height=\"1050\" alt=\"Rusztikus f\u00e9med\u00e9ny vir\u00e1gokkal, sz\u00ednes z\u00f6lddel egy kavicsos kerti k\u00f6rnyezetben.\" class=\"aligncenter size-full wp-image-2156\" src=\"https:\/\/doubletakedecor.com\/uploads\/2025\/07\/shabby-chic-garden-dtd-25.jpg\" srcset=\"https:\/\/doubletakedecor.com\/uploads\/2025\/07\/shabby-chic-garden-dtd-25.jpg 700w, https:\/\/doubletakedecor.com\/uploads\/2025\/07\/shabby-chic-garden-dtd-25-200x300.jpg 200w, https:\/\/doubletakedecor.com\/uploads\/2025\/07\/shabby-chic-garden-dtd-25-683x1024.jpg 683w, https:\/\/doubletakedecor.com\/uploads\/2025\/07\/shabby-chic-garden-dtd-25-96x144.jpg 96w, https:\/\/doubletakedecor.com\/uploads\/2025\/07\/shabby-chic-garden-dtd-25-280x420.jpg 280w, https:\/\/doubletakedecor.com\/uploads\/2025\/07\/shabby-chic-garden-dtd-25-320x480.jpg 320w, https:\/\/doubletakedecor.com\/uploads\/2025\/07\/shabby-chic-garden-dtd-25-360x540.jpg 360w, https:\/\/doubletakedecor.com\/uploads\/2025\/07\/shabby-chic-garden-dtd-25-363x545.jpg 363w, https:\/\/doubletakedecor.com\/uploads\/2025\/07\/shabby-chic-garden-dtd-25-370x555.jpg 370w, https:\/\/doubletakedecor.com\/uploads\/2025\/07\/shabby-chic-garden-dtd-25-400x600.jpg 400w, https:\/\/doubletakedecor.com\/uploads\/2025\/07\/shabby-chic-garden-dtd-25-560x840.jpg 560w, https:\/\/doubletakedecor.com\/uploads\/2025\/07\/shabby-chic-garden-dtd-25-480x720.jpg 480w\" sizes=\"auto, (max-width: 700px) 100vw, 700px\" \/><\/p>\n<p>R\u00e9gi, kopott f\u00e9m ed\u00e9nyeket is b\u00e1tran haszn\u00e1lhatsz vir\u00e1gtart\u00f3nak a shabby chic kertedben. Hagyjad meg a term\u00e9szetes patin\u00e1jukat, \u00e9s tedd tele \u00e9l\u00e9nk, sz\u00ednes vir\u00e1gokkal! Ha al\u00e1 kavicsokat ter\u00edtesz, nem csak j\u00f3l mutat, de a v\u00edzelvezet\u00e9s is jobb lesz. Tipp: V\u00e1lassz k\u00fcl\u00f6nleges form\u00e1j\u00fa ed\u00e9nyeket, \u00edgy m\u00e9g karakteresebb lesz a kerti sarkod.<\/p>\n<h2>R\u00e9gi f\u00e9mt\u00e1rgyakb\u00f3l k\u00e9sz\u00edts vid\u00e1m vir\u00e1gtart\u00f3kat!<\/h2>\n<p><img loading=\"lazy\" decoding=\"async\" width=\"700\" height=\"1050\" alt=\"\u00c9l\u00e9nk vir\u00e1gok r\u00e9gi b\u00e1doged\u00e9nyben, fa fel\u00fcleten, amely igazi shabby chic hangulatot ad.\" class=\"aligncenter size-full wp-image-2162\" src=\"https:\/\/doubletakedecor.com\/uploads\/2025\/07\/shabby-chic-garden-dtd-26.jpg\" srcset=\"https:\/\/doubletakedecor.com\/uploads\/2025\/07\/shabby-chic-garden-dtd-26.jpg 700w, https:\/\/doubletakedecor.com\/uploads\/2025\/07\/shabby-chic-garden-dtd-26-200x300.jpg 200w, https:\/\/doubletakedecor.com\/uploads\/2025\/07\/shabby-chic-garden-dtd-26-683x1024.jpg 683w, https:\/\/doubletakedecor.com\/uploads\/2025\/07\/shabby-chic-garden-dtd-26-96x144.jpg 96w, https:\/\/doubletakedecor.com\/uploads\/2025\/07\/shabby-chic-garden-dtd-26-280x420.jpg 280w, https:\/\/doubletakedecor.com\/uploads\/2025\/07\/shabby-chic-garden-dtd-26-320x480.jpg 320w, https:\/\/doubletakedecor.com\/uploads\/2025\/07\/shabby-chic-garden-dtd-26-360x540.jpg 360w, https:\/\/doubletakedecor.com\/uploads\/2025\/07\/shabby-chic-garden-dtd-26-363x545.jpg 363w, https:\/\/doubletakedecor.com\/uploads\/2025\/07\/shabby-chic-garden-dtd-26-370x555.jpg 370w, https:\/\/doubletakedecor.com\/uploads\/2025\/07\/shabby-chic-garden-dtd-26-400x600.jpg 400w, https:\/\/doubletakedecor.com\/uploads\/2025\/07\/shabby-chic-garden-dtd-26-560x840.jpg 560w, https:\/\/doubletakedecor.com\/uploads\/2025\/07\/shabby-chic-garden-dtd-26-480x720.jpg 480w\" sizes=\"auto, (max-width: 700px) 100vw, 700px\" \/><\/p>\n<p>B\u00e1dogv\u00f6dr\u00f6kb\u0151l vagy r\u00e9gi f\u00e9mt\u00e1rgyakb\u00f3l rusztikus vir\u00e1gtart\u00f3t var\u00e1zsolhatsz. Kombin\u00e1ld \u00e9l\u00e9nk narancs \u00e9s piros vir\u00e1gokkal, lila \u00e9s z\u00f6ld n\u00f6v\u00e9nyekkel, \u00edgy igaz\u00e1n felt\u0171n\u0151 lesz! Helyezd vil\u00e1gos, napf\u00e9nyes helyre, p\u00e9ld\u00e1ul ablak mell\u00e9, hogy a term\u00e9szetes f\u00e9ny m\u00e9g jobban kiemelje a sz\u00edneket. Haszn\u00e1lj elt\u00e9r\u0151 m\u00e9ret\u0171 \u00e9s form\u00e1j\u00fa n\u00f6v\u00e9nyeket is, \u00edgy m\u00e9g j\u00e1t\u00e9kosabb lesz az \u00f6sszhat\u00e1s.<\/p>\n<h2>R\u00e9gi l\u00e9tra: k\u00e9sz\u00edts f\u00fcgg\u0151leges n\u00f6v\u00e9nytart\u00f3t a ker\u00edt\u00e9s mell\u00e9!<\/h2>\n<p><img loading=\"lazy\" decoding=\"async\" width=\"700\" height=\"1050\" alt=\"B\u00e1jos f\u00fcgg\u0151leges kert feh\u00e9r l\u00e9tra-\u00e1llv\u00e1nnyal, k\u00fcl\u00f6nf\u00e9le vir\u00e1gcserepekkel, fa l\u00e1d\u00e1kkal a ker\u00edt\u00e9s el\u0151tt.\" class=\"aligncenter size-full wp-image-2168\" src=\"https:\/\/doubletakedecor.com\/uploads\/2025\/07\/shabby-chic-garden-dtd-27.jpg\" srcset=\"https:\/\/doubletakedecor.com\/uploads\/2025\/07\/shabby-chic-garden-dtd-27.jpg 700w, https:\/\/doubletakedecor.com\/uploads\/2025\/07\/shabby-chic-garden-dtd-27-200x300.jpg 200w, https:\/\/doubletakedecor.com\/uploads\/2025\/07\/shabby-chic-garden-dtd-27-683x1024.jpg 683w, https:\/\/doubletakedecor.com\/uploads\/2025\/07\/shabby-chic-garden-dtd-27-96x144.jpg 96w, https:\/\/doubletakedecor.com\/uploads\/2025\/07\/shabby-chic-garden-dtd-27-280x420.jpg 280w, https:\/\/doubletakedecor.com\/uploads\/2025\/07\/shabby-chic-garden-dtd-27-320x480.jpg 320w, https:\/\/doubletakedecor.com\/uploads\/2025\/07\/shabby-chic-garden-dtd-27-360x540.jpg 360w, https:\/\/doubletakedecor.com\/uploads\/2025\/07\/shabby-chic-garden-dtd-27-363x545.jpg 363w, https:\/\/doubletakedecor.com\/uploads\/2025\/07\/shabby-chic-garden-dtd-27-370x555.jpg 370w, https:\/\/doubletakedecor.com\/uploads\/2025\/07\/shabby-chic-garden-dtd-27-400x600.jpg 400w, https:\/\/doubletakedecor.com\/uploads\/2025\/07\/shabby-chic-garden-dtd-27-560x840.jpg 560w, https:\/\/doubletakedecor.com\/uploads\/2025\/07\/shabby-chic-garden-dtd-27-480x720.jpg 480w\" sizes=\"auto, (max-width: 700px) 100vw, 700px\" \/><\/p>\n<p>Haszn\u00e1lj fel egy r\u00e9gi feh\u00e9r l\u00e9tr\u00e1t, \u00e9s rendezd el rajta a vir\u00e1gaidat a ker\u00edt\u00e9s mellett! A fels\u0151 fokokra helyezz nagyobb, cs\u00fcng\u0151 n\u00f6v\u00e9nyeket, az als\u00f3ra kisebb cserepeket. F\u00e1b\u00f3l k\u00e9sz\u00fclt l\u00e1d\u00e1kat is betehetsz mell\u00e9, \u00edgy m\u00e9g v\u00e1ltozatosabb lesz. Ez a f\u00fcgg\u0151leges megold\u00e1s nemcsak helytakar\u00e9kos, de felt\u0171n\u0151 d\u00edsze is lehet a kertednek. Tegy\u00e9l al\u00e1 k\u00f6veket, hogy teljes legyen a shabby chic hat\u00e1s.<\/p>\n<h2>R\u00e9gi fahord\u00f3b\u00f3l mutat\u00f3s vir\u00e1g\u00e1gy\u00e1s!<\/h2>\n<p><img loading=\"lazy\" decoding=\"async\" width=\"700\" height=\"1050\" alt=\"Kopott fahord\u00f3, tele \u00e9l\u00e9nk pink pet\u00fani\u00e1kkal, narancss\u00e1rga liliomokkal \u00e9s lila vir\u00e1gokkal, h\u00e1zfal mellett, a kertben.\" class=\"aligncenter size-full wp-image-2174\" src=\"https:\/\/doubletakedecor.com\/uploads\/2025\/07\/shabby-chic-garden-dtd-28.jpg\" srcset=\"https:\/\/doubletakedecor.com\/uploads\/2025\/07\/shabby-chic-garden-dtd-28.jpg 700w, https:\/\/doubletakedecor.com\/uploads\/2025\/07\/shabby-chic-garden-dtd-28-200x300.jpg 200w, https:\/\/doubletakedecor.com\/uploads\/2025\/07\/shabby-chic-garden-dtd-28-683x1024.jpg 683w, https:\/\/doubletakedecor.com\/uploads\/2025\/07\/shabby-chic-garden-dtd-28-96x144.jpg 96w, https:\/\/doubletakedecor.com\/uploads\/2025\/07\/shabby-chic-garden-dtd-28-280x420.jpg 280w, https:\/\/doubletakedecor.com\/uploads\/2025\/07\/shabby-chic-garden-dtd-28-320x480.jpg 320w, https:\/\/doubletakedecor.com\/uploads\/2025\/07\/shabby-chic-garden-dtd-28-360x540.jpg 360w, https:\/\/doubletakedecor.com\/uploads\/2025\/07\/shabby-chic-garden-dtd-28-363x545.jpg 363w, https:\/\/doubletakedecor.com\/uploads\/2025\/07\/shabby-chic-garden-dtd-28-370x555.jpg 370w, https:\/\/doubletakedecor.com\/uploads\/2025\/07\/shabby-chic-garden-dtd-28-400x600.jpg 400w, https:\/\/doubletakedecor.com\/uploads\/2025\/07\/shabby-chic-garden-dtd-28-560x840.jpg 560w, https:\/\/doubletakedecor.com\/uploads\/2025\/07\/shabby-chic-garden-dtd-28-480x720.jpg 480w\" sizes=\"auto, (max-width: 700px) 100vw, 700px\" \/><\/p>\n<p>Egy \u00f6reg fahord\u00f3 remek vir\u00e1gtart\u00f3 shabby chic kertedbe. Helyezd a fal mell\u00e9, \u00e9s t\u00f6lts bele leoml\u00f3 pet\u00fani\u00e1kat, \u00e9l\u00e9nk liliomokat, cs\u00fcng\u0151 z\u00f6ldet a k\u00fcl\u00f6nleges hat\u00e1s\u00e9rt. Vigy\u00e1zz, hogy a t\u00falfoly\u00f3 v\u00edz miatt alul lyukas legyen. Kaviccsal vagy gondosan ny\u00edrt bokrokkal vedd k\u00f6r\u00fcl, \u00edgy igaz\u00e1n rusztikus, m\u00e9gis eleg\u00e1ns kerti k\u00f6zponti elem lesz bel\u0151le.<\/p>\n<h2>Vir\u00e1gz\u00f3 pihen\u0151sarok kevert vir\u00e1gkompoz\u00edci\u00f3val<\/h2>\n<p><img loading=\"lazy\" decoding=\"async\" width=\"700\" height=\"1050\" alt=\"Gazdag vir\u00e1gos kert, meleg f\u00fcz\u00e9rl\u00e1mp\u00e1kkal, b\u00e1jos fa kish\u00e1zzal \u00e9s k\u00e9nyelmes \u00fcl\u0151hellyel a naplement\u00e9ben.\" class=\"aligncenter size-full wp-image-2180\" src=\"https:\/\/doubletakedecor.com\/uploads\/2025\/07\/shabby-chic-garden-dtd-29.jpg\" srcset=\"https:\/\/doubletakedecor.com\/uploads\/2025\/07\/shabby-chic-garden-dtd-29.jpg 700w, https:\/\/doubletakedecor.com\/uploads\/2025\/07\/shabby-chic-garden-dtd-29-200x300.jpg 200w, https:\/\/doubletakedecor.com\/uploads\/2025\/07\/shabby-chic-garden-dtd-29-683x1024.jpg 683w, https:\/\/doubletakedecor.com\/uploads\/2025\/07\/shabby-chic-garden-dtd-29-96x144.jpg 96w, https:\/\/doubletakedecor.com\/uploads\/2025\/07\/shabby-chic-garden-dtd-29-280x420.jpg 280w, https:\/\/doubletakedecor.com\/uploads\/2025\/07\/shabby-chic-garden-dtd-29-320x480.jpg 320w, https:\/\/doubletakedecor.com\/uploads\/2025\/07\/shabby-chic-garden-dtd-29-360x540.jpg 360w, https:\/\/doubletakedecor.com\/uploads\/2025\/07\/shabby-chic-garden-dtd-29-363x545.jpg 363w, https:\/\/doubletakedecor.com\/uploads\/2025\/07\/shabby-chic-garden-dtd-29-370x555.jpg 370w, https:\/\/doubletakedecor.com\/uploads\/2025\/07\/shabby-chic-garden-dtd-29-400x600.jpg 400w, https:\/\/doubletakedecor.com\/uploads\/2025\/07\/shabby-chic-garden-dtd-29-560x840.jpg 560w, https:\/\/doubletakedecor.com\/uploads\/2025\/07\/shabby-chic-garden-dtd-29-480x720.jpg 480w\" sizes=\"auto, (max-width: 700px) 100vw, 700px\" \/><\/p>\n<p>Alak\u00edtsd \u00e1t shabby chic kertedet igazi nyugalom sziget\u00e9v\u00e9, \u00fcltess piros, r\u00f3zsasz\u00edn \u00e9s feh\u00e9r vir\u00e1gokat f\u00e1k al\u00e1! Legyen egy rusztikus fah\u00e1z a k\u00f6z\u00e9ppontban. F\u00fcz\u00e9rl\u00e1mp\u00e1kkal csin\u00e1lj var\u00e1zslatos esti f\u00e9nyeket, \u00e9s helyezz el k\u00e9nyelmes, r\u00e9gi \u00fcl\u0151helyeket, ahol sz\u00edvesen elid\u0151zhetsz. Ez a hangulat t\u00f6k\u00e9letes csal\u00e1di programhoz vagy mag\u00e1nyos pihen\u00e9shez is.<\/p>\n<h2>GYIK<\/h2>\n<details class=\"g-accordion \"><summary><h3>Mi az a shabby chic kert?<\/h3><\/summary>\n<p>A shabby chic kert st\u00edlusosan \u00f6tv\u00f6zi a vintage hangulatot egy k\u00f6nnyed, romantikus l\u00e9gk\u00f6rrel. Ez a b\u00e1jos st\u00edlus gyakran tartalmaz:<\/p>\n<ul>\n<li>kopott b\u00fatorokat,<\/li>\n<li>puha, pasztell \u00e1rnyalatokat,<\/li>\n<li>sokf\u00e9le vir\u00e1got \u00e9s n\u00f6v\u00e9nyt.<\/li>\n<\/ul>\n<p>Az eredm\u00e9ny egy nyugodt k\u00fclt\u00e9ri mened\u00e9k, ami otthonos \u00e9s bar\u00e1ts\u00e1gos. Az antik hangulathoz gyakoriak a <strong>megviselt fa padok<\/strong> \u00e9s a <strong>kov\u00e1csoltvas asztalok<\/strong>, m\u00edg az \u00fajrahasznos\u00edtott dekor\u00e1ci\u00f3k m\u00e9g t\u00f6bb egyedis\u00e9get adnak a t\u00e9rnek.<\/p>\n<p>A kert \u00f6sszhat\u00e1sa egyszerre var\u00e1zslatos \u00e9s nosztalgikus. A vir\u00e1gmint\u00e1s text\u00edli\u00e1k \u00e9s a rusztikus d\u00edsz\u00edt\u00e9sek m\u00e9g szebb\u00e9 \u00e9s hangulatosabb\u00e1 teszik a k\u00f6rnyezetet. Ez a st\u00edlus ide\u00e1lis, ha im\u00e1dod a vid\u00e9ki, &#8222;cottage&#8221; st\u00edlust, \u00e9s szeretn\u00e9d, hogy a kertedben sz\u00e9pen megf\u00e9rjen egym\u00e1s mellett a r\u00e9gi id\u0151k b\u00e1ja \u00e9s a mai k\u00e9nyelem.<\/p>\n<\/details><details class=\"g-accordion \"><summary><h3>Mik a shabby chic kerti dekor f\u0151 elemei?<\/h3><\/summary>\n<p>A shabby chic kertet legink\u00e1bb a <strong>vintage b\u00fatorok<\/strong>, a <strong>puha pasztell \u00e1rnyalatok<\/strong>, a <strong>vir\u00e1gmint\u00e1k<\/strong> \u00e9s a <strong>rusztikus kieg\u00e9sz\u00edt\u0151k<\/strong> jellemzik.<\/p>\n<ul>\n<li>\u00f6reg, kopott fa padok,<\/li>\n<li>kov\u00e1csoltvas sz\u00e9kek,<\/li>\n<li>finom r\u00f3zsasz\u00edn \u00e9s k\u00e9k \u00e1rnyalatokb\u00f3l \u00e1ll\u00f3 sz\u00ednpaletta.<\/li>\n<\/ul>\n<p><strong>A l\u00e1gy r\u00f3zsasz\u00ednek \u00e9s k\u00e9kek nyugodt hangulatot teremtenek, ami m\u00e9g romantikusabb\u00e1 teszi a helyet.<\/strong><\/p>\n<p>A vir\u00e1gmint\u00e1s anyagok \u00e9s dekor\u00e1ci\u00f3k \u00e9letre keltik a b\u00e1jt. K\u00f6zben a rusztikus r\u00e9szletek, p\u00e9ld\u00e1ul a <strong>horganyzott v\u00f6d\u00f6r<\/strong> vagy <strong>antik kanna<\/strong> m\u00e9g vintage-hat\u00e1st adnak a kertnek.<\/p>\n<ul>\n<li>friss vir\u00e1gokat \u00fcltethetsz,<\/li>\n<li>egyedi vir\u00e1gtart\u00f3kkal v\u00e1ltozatoss\u00e1got vihetsz a dekorba,<\/li>\n<li>\u00e9l\u00e9nk n\u00f6v\u00e9nyekkel t\u00f6ltheted meg ezeket a tart\u00f3kat.<\/li>\n<\/ul>\n<p><strong>Ezeket az elemeket j\u00f3l kombin\u00e1lva a kerted igazi eleg\u00e1ns, k\u00e9nyelmes mened\u00e9khelly\u00e9 v\u00e1lhat.<\/strong><\/p>\n<\/details><details class=\"g-accordion \"><summary><h3>Hogyan alak\u00edthatsz ki shabby chic kertet?<\/h3><\/summary>\n<p>A shabby chic kert titka a <strong>vintage b\u00e1j<\/strong> \u00e9s az otthonos hangulat kever\u00e9se. Kezdd puha pasztell sz\u00ednekkel, p\u00e9ld\u00e1ul halv\u00e1ny r\u00f3zsasz\u00ednnel \u00e9s vil\u00e1gosk\u00e9kkel, hogy megteremtsd a b\u00e9k\u00e9s k\u00f6rnyezetet. Hozz egy\u00e9nis\u00e9get a kertedbe r\u00e9gi b\u00fatorokkal, mint p\u00e9ld\u00e1ul kopott fa padokkal vagy kov\u00e1csoltvas sz\u00e9kekkel.<\/p>\n<ul>\n<li>Sz\u00ednezz \u00e9s form\u00e1zz k\u00fcl\u00f6nf\u00e9le vir\u00e1gokkal \u00e9s n\u00f6v\u00e9nyekkel,<\/li>\n<li>k\u00e9sz\u00edts kis utakat, vagy helyezz el rusztikus elemeket, p\u00e9ld\u00e1ul r\u00e9gi l\u00e1d\u00e1kat a kertben,<\/li>\n<li>szem\u00e9lyess\u00e9 teheted a teret saj\u00e1t k\u00e9sz\u00edt\u00e9s\u0171 d\u00edszekkel vagy r\u00e9gi csal\u00e1di t\u00e1rgyakkal,<\/li>\n<li>alkoss \u00fajat r\u00e9gib\u0151l: p\u00e9ld\u00e1ul egy r\u00e9gi l\u00e9tra remek n\u00f6v\u00e9nytart\u00f3 lehet,<\/li>\n<li>sz\u00ednes, egyedi kasp\u00f3k ne csak n\u00f6v\u00e9nyeket tartsanak, hanem d\u00edszk\u00e9nt is szolg\u00e1ljanak.<\/li>\n<\/ul>\n<p>A vir\u00e1gmint\u00e1s text\u00edli\u00e1k vagy d\u00edszek j\u00f3l kieg\u00e9sz\u00edtik a romantikus hangulatot. <strong>Hangulatos vil\u00e1g\u00edt\u00e1s, p\u00e9ld\u00e1ul \u00e9g\u0151sorok m\u00e9g otthonosabb\u00e1 \u00e9s bar\u00e1ts\u00e1gosabb\u00e1 teszik a kerted.<\/strong> Ha ezekb\u0151l az \u00f6tletekb\u0151l v\u00e1logatsz, a kertedb\u0151l igazi o\u00e1zis lehet, ahol az elegancia \u00e9s a k\u00e9nyelem t\u00f6k\u00e9letes p\u00e1rost alkotnak.<\/p>\n<\/details><details class=\"g-accordion \"><summary><h3>Hogyan \u00f6tv\u00f6zheted a vintage \u00e9s modern elemeket a shabby chic kertben?<\/h3><\/summary>\n<p>Ha szeretn\u00e9d keverni a vintage b\u00e1jt \u00e9s a modern r\u00e9szleteket a shabby chic kertben, \u00e9rdemes finoman egyens\u00falyozni, hogy megmaradjon a bar\u00e1ts\u00e1gos, romantikus hangulat. El\u0151sz\u00f6r v\u00e1lassz r\u00e9gi, kopott b\u00fatorokat, p\u00e9ld\u00e1ul <strong>megviselt fa padok<\/strong> vagy <strong>kov\u00e1csoltvas sz\u00e9kek<\/strong> j\u00f3 alapot adnak a vintage st\u00edlushoz. A modern hangulathoz j\u00f6het p\u00e1r letisztult kieg\u00e9sz\u00edt\u0151, p\u00e9ld\u00e1ul <strong>horganyzott ac\u00e9l vir\u00e1gtart\u00f3k<\/strong> vagy <strong>egyszer\u0171 vil\u00e1g\u00edt\u00e1s<\/strong>, ami eleg\u00e1nss\u00e1 teszi a kertet, de nem nyomja el a meghitt l\u00e9gk\u00f6rt.<\/p>\n<p>Az izgalmas \u00f6sszhat\u00e1s el\u00e9r\u00e9s\u00e9hez keverd a r\u00e9gi \u00e9s \u00faj d\u00edszeket:<\/p>\n<ul>\n<li>p\u00e9ld\u00e1ul egy r\u00e9gi fal\u00e9tra t\u00f6k\u00e9letes n\u00f6v\u00e9nytart\u00f3 lehet,<\/li>\n<li>modern, geometrikus form\u00e1j\u00fa kasp\u00f3k izgalmas kontrasztot adnak,<\/li>\n<li>p\u00e1rn\u00e1kon vagy text\u00edli\u00e1kon a pasztell sz\u00ednek \u00e9s a vir\u00e1gmint\u00e1k j\u00f3l \u00f6sszek\u00f6tik a k\u00e9t st\u00edlust.<\/li>\n<\/ul>\n<p><strong>A legfontosabb, hogy minden t\u00e1rgy kieg\u00e9sz\u00edtse, ne elnyomja a t\u00f6bbit, \u00edgy lesz igaz\u00e1n vonz\u00f3 a k\u00fclt\u00e9ri t\u00e9r.<\/strong> Ezzel a m\u00f3dszerrel egyszerre mozgalmas \u00e9s harmonikus st\u00edlust teremthetsz, amiben a shabby chic \u00e9s a modern elemek j\u00f3l megf\u00e9rnek egym\u00e1s mellett.<\/p>\n<\/details> <details class=\"g-accordion \"><summary><h3>Milyen b\u00fatorok illenek egy shabby chic st\u00edlus\u00fa kertbe?<\/h3><\/summary>\n<p>A shabby chic kert hangulat\u00e1hoz olyan b\u00fatorok illenek, amelyekben egyszerre van meg a vid\u00e9ki romantika \u00e9s az otthonoss\u00e1g \u00e9rz\u00e9se. V\u00e1lassz haszn\u00e1ltas, kopottas darabokat, p\u00e9ld\u00e1ul f\u00e1b\u00f3l k\u00e9sz\u00fclt padokat vagy kov\u00e1csoltvas sz\u00e9keket, hogy rusztikus hangulatot teremts. Ezekn\u00e9l a b\u00fatorokn\u00e1l a megkopott fel\u00fclet adja a r\u00e9gi id\u0151k b\u00e1j\u00e1t. Ha k\u00fcl\u00f6nf\u00e9le st\u00edlusokat \u00e9s anyagokat keversz \u2013 p\u00e9ld\u00e1ul feh\u00e9r fonott b\u00fatorokat vagy antik hat\u00e1s\u00fa asztalokat \u2013 igaz\u00e1n bar\u00e1ts\u00e1gos, soksz\u00edn\u0171 kertet alak\u00edthatsz ki.<\/p>\n<p>A k\u00e9nyelemhez puha p\u00e1rn\u00e1kat \u00e9s pl\u00e9deket is tegy\u00e9l ki, mindig a romantikus st\u00edlus jegy\u00e9ben. Ilyenkor a pasztell sz\u00edn\u0171 vagy vir\u00e1gmint\u00e1s textilek illenek a kert eg\u00e9sz hangulat\u00e1hoz. Feldobhatod a kertedet m\u00e9g rusztikus v\u00f6dr\u00f6kkel vagy horganyzott kasp\u00f3kkal, \u00edgy m\u00e9g otthonosabb lesz a k\u00fclt\u00e9r.<\/p>\n<p><strong>Az egys\u00e9ges \u00f6sszk\u00e9phez \u00e9rdemes a vid\u00e9ki st\u00edlus eleganci\u00e1j\u00e1t modern elemekkel keverni, \u00fagy, hogy kieg\u00e9sz\u00edts\u00e9k, \u00e9s ne h\u00e1tt\u00e9rbe szor\u00edts\u00e1k a shabby chic alap hangulat\u00e1t.<\/strong> \u00cdgy v\u00e1lik a kerted igazi, nyugodt pihen\u0151helly\u00e9, ami id\u0151tlen b\u00e1jt sug\u00e1roz.<\/p>\n<\/details><details class=\"g-accordion \"><summary><h3>Mi\u00e9rt fontosak a kasp\u00f3k egy shabby chic kertben?<\/h3><\/summary>\n<p>A kasp\u00f3k alapvet\u0151 szerepet j\u00e1tszanak a shabby chic kertekben, hiszen <strong>r\u00e9gi id\u0151k hangulat\u00e1t<\/strong> \u00e9s egyedi karaktert visznek a t\u00e9rbe. Lehetnek <strong>terrakott\u00e1b\u00f3l<\/strong>, <strong>f\u00e9mb\u0151l<\/strong> vagy <strong>f\u00e1b\u00f3l<\/strong> \u2013 a l\u00e9nyeg, hogy gyakran kopottas, antik hat\u00e1s\u00faak, ami t\u00f6k\u00e9letesen illik ebbe a st\u00edlusba. Ha nem teljesen egyforma vagy \u00fajrahasznos\u00edtott kasp\u00f3kat v\u00e1lasztasz, j\u00e1t\u00e9koss\u00e1got \u00e9s izgalmat viszel a kertbe. Ha ezek tele vannak sz\u00ednes vir\u00e1gokkal \u00e9s buja z\u00f6ldekkel, nemcsak a kert sz\u00e9ps\u00e9g\u00e9t emelik, hanem a <strong>r\u00e9gi korok hangulat\u00e1t<\/strong> is megteremtik. Egy-egy k\u00fcl\u00f6nleges kasp\u00f3 ak\u00e1r igazi d\u00edsze lehet a kertnek, ahol j\u00f3l l\u00e1tszik a kreativit\u00e1sod \u00e9s a gondos tervez\u00e9s is.<\/p>\n<\/details><details class=\"g-accordion \"><summary><h3>Hogyan teheti hangulatosabb\u00e1 a vil\u00e1g\u00edt\u00e1s a shabby chic kertet?<\/h3><\/summary>\n<p>A vil\u00e1g\u00edt\u00e1s nagyon sokat sz\u00e1m\u00edt, ha azt szeretn\u00e9d, hogy a shabby chic kerted igaz\u00e1n hangulatos pihen\u0151hely legyen. <strong>F\u00fcz\u00e9res vagy \u201cszentj\u00e1nosbog\u00e1r\u201d f\u00e9nyf\u00fcz\u00e9rek<\/strong> kellemesen vil\u00e1g\u00edtj\u00e1k meg az utakat vagy a ki\u00fcl\u0151helyeket, \u00edgy var\u00e1zslatos hangulatot teremtenek. <strong>L\u00e1mp\u00e1sokkal<\/strong> pedig l\u00e1gy f\u00e9nyt adhatsz a vir\u00e1g\u00e1gy\u00e1sok vagy kerti d\u00edszek k\u00f6r\u00e9. \u00cdgy a kert nemcsak este is haszn\u00e1lhat\u00f3, de m\u00e9g romantikusabb lesz. J\u00f3l elhelyezett f\u00e9nyekkel meleg, otthonos l\u00e9gk\u00f6rt hozhatsz l\u00e9tre, ami t\u00f6k\u00e9letesen illik a r\u00e9gi id\u0151k hangulat\u00e1hoz \u2013 \u00edgy b\u00e1rmikor \u00f6r\u00f6m lesz kint lenni a kertben.<\/p>\n<\/details><details class=\"g-accordion \"><summary><h3>Milyen DIY \u00f6tleteket pr\u00f3b\u00e1lhatsz ki egy shabby chic kertben?<\/h3><\/summary>\n<p>A saj\u00e1t k\u00e9sz\u00edt\u00e9s\u0171 d\u00edszekkel igaz\u00e1n k\u00fcl\u00f6nlegess\u00e9 \u00e9s szem\u00e9lyess\u00e9 teheted shabby chic kertedet, mik\u00f6zben egy kis nosztalgikus hangulatot is viszel bele. P\u00e9ld\u00e1ul \u00fajrahasznos\u00edthatsz r\u00e9gi faanyagot kasp\u00f3k, vir\u00e1gtart\u00f3k k\u00e9sz\u00edt\u00e9s\u00e9hez \u2013 ez t\u00f6k\u00e9letesen illik ebbe a st\u00edlusba. R\u00e9gi b\u00fatorok is \u00faj \u00e9letre kelhetnek, ha vil\u00e1gos pasztellsz\u00ednekre, p\u00e9ld\u00e1ul halv\u00e1ny r\u00f3zsasz\u00ednre vagy tompa k\u00e9kre fested \u0151ket, \u00edgy harmonikusan illeszkednek a kertbe.<\/p>\n<ul>\n<li>K\u00e9sz\u00edthetsz kerti feliratokat is egyszer\u0171 fadarabokb\u00f3l, melyekre romantikus id\u00e9zeteket vagy vir\u00e1gmint\u00e1kat festesz \u2013 ezzel m\u00e9g b\u00e1josabb lesz a kert,<\/li>\n<li>r\u00e9gi t\u00e1rgyakat is \u00e1talak\u00edthatsz: egy l\u00e9tr\u00e1b\u00f3l vir\u00e1gtart\u00f3 lehet, \u00e9s nem \u00f6sszeill\u0151 cs\u00e9sz\u00e9kben is \u00fcltethetsz n\u00f6v\u00e9nyeket,<\/li>\n<li>ezek a DIY \u00f6tletek nemcsak az \u00f6tletess\u00e9gedet mutatj\u00e1k, hanem seg\u00edtenek abban is, hogy a kerted igaz\u00e1n bar\u00e1ts\u00e1gos, szem\u00e9lyes \u00e9s vid\u00e9ki hangulat\u00fa legyen.<\/li>\n<\/ul>\n<\/details><details class=\"g-accordion \"><summary><h3>Hogyan tartsd rendben a shabby chic kertet?<\/h3><\/summary>\n<p>Egy shabby chic kert sz\u00e9ps\u00e9g\u00e9hez rendszeres gondoz\u00e1sra van sz\u00fcks\u00e9g \u2013 ez igaz a n\u00f6v\u00e9nyekre \u00e9s a dekor\u00e1ci\u00f3kra is. Fontos, hogy <strong>rendszeresen \u00f6nt\u00f6zd, metszd \u00e9s gyoml\u00e1lj<\/strong>, \u00edgy lesz a kert eg\u00e9szs\u00e9ges \u00e9s sz\u00e9p. A b\u00fatorokat \u00e9s a d\u00edszeket is n\u00e9zd \u00e1t id\u0151nk\u00e9nt, t\u00f6r\u00f6ld le r\u00f3luk a port, \u00e9s tartsd \u0151ket rendben. <strong>A fest\u00e9kek friss\u00edt\u00e9se vagy a nagyon elhaszn\u00e1l\u00f3dott dolgok cser\u00e9je<\/strong> is hozz\u00e1j\u00e1rul, hogy minden \u00fajszer\u0171nek \u00e9s gondozottnak t\u0171nj\u00f6n.<\/p>\n<p>Hogy a kert mindig \u00e9l\u0151 \u00e9s v\u00e1ltozatos legyen, \u00fcltess szezon\u00e1lis n\u00f6v\u00e9nyeket, \u00e9s cser\u00e9ld a d\u00edszeket az \u00e9vszaknak megfelel\u0151en. Olyan <strong>strapab\u00edr\u00f3 n\u00f6v\u00e9nyeket<\/strong> haszn\u00e1lj, amelyek b\u00edrj\u00e1k a te kl\u00edm\u00e1dat, \u00edgy kevesebb lesz a gondod. <strong>Tartsd tiszt\u00e1n az \u00f6sv\u00e9nyeket is<\/strong>, hogy a kert mindig h\u00edvogat\u00f3 legyen.<\/p>\n<ul>\n<li>J\u00f3 \u00f6tlet a n\u00f6v\u00e9nyek t\u00f6v\u00e9t term\u00e9szetes mulccsal takarni,<\/li>\n<li>\u00edgy kevesebbet kell \u00f6nt\u00f6zn\u00f6d, \u00e9s a gyomokat is visszaszor\u00edtod,<\/li>\n<li>ha figyelsz ezekre a dolgokra, a kertedben garant\u00e1ltan megmarad a kellemes, romantikus shabby chic hangulat.<\/li>\n<\/ul>\n<\/details>\n","protected":false},"excerpt":{"rendered":"<p>L\u00e9pj be a shabby chic kertek var\u00e1zslatos vil\u00e1g\u00e1ba, ahol a r\u00e9gi st\u00edlus \u00e9s a romantikus b\u00e1j egy nyugodt, meghitt k\u00fclt\u00e9ri mened\u00e9kk\u00e9 olvad \u00f6ssze. Ezek a kedves terek \u00f6reg, kopott b\u00fatorokkal, finom pasztellsz\u00ednekkel \u00e9s rengeteg vir\u00e1ggal h\u00edvogatnak, \u00edgy egyszerre \u00e9rezhet\u0151 az otthonoss\u00e1g \u00e9s az elegancia. A shabby chic kert kialak\u00edt\u00e1s\u00e1nak l\u00e9nyege a kopott fa padok, kov\u00e1csoltvas asztalok \u00e9s \u00fajrahasznos\u00edtott d\u00edszek okos&hellip;<\/p>\n","protected":false},"author":12,"featured_media":2189,"comment_status":"closed","ping_status":"closed","sticky":false,"template":"","format":"standard","meta":{"rank_math_focus_keyword":"shabby chic kert","rank_math_title":"Shabby Chic Kert: Eleg\u00e1ns \u00e9s Rusztikus K\u00fclt\u00e9ri Dekor\u00e1ci\u00f3s \u00d6tletek","rank_math_description":"Fedezd fel a b\u00e1jos shabby chic kerti dekor\u00e1ci\u00f3s \u00f6tleteket, hogy rusztikus, eleg\u00e1ns k\u00fclt\u00e9ri teret alak\u00edts ki, tele vintage var\u00e1zzsal.","footnotes":""},"categories":[124],"tags":[],"class_list":["post-2200","post","type-post","status-publish","format-standard","has-post-thumbnail","hentry","category-kert"],"g_custom_schema_json":"<script type=\"application\/ld+json\">\n{\n  \"@context\": \"https:\/\/schema.org\",\n  \"@type\": \"FAQPage\",\n  \"mainEntity\": [\n    {\n      \"@type\": \"Question\",\n      \"name\": \"Mi az a shabby chic kert?\",\n      \"acceptedAnswer\": {\n        \"@type\": \"Answer\",\n        \"text\": \"A shabby chic kert st\u00edlusosan \u00f6tv\u00f6zi a vintage hangulatot egy k\u00f6nnyed, romantikus l\u00e9gk\u00f6rrel. Ez a b\u00e1jos st\u00edlus gyakran tartalmaz kopott b\u00fatorokat, puha, pasztell \u00e1rnyalatokat, sokf\u00e9le vir\u00e1got \u00e9s n\u00f6v\u00e9nyt.\"\n      }\n    },\n    {\n      \"@type\": \"Question\",\n      \"name\": \"Mik a shabby chic kerti dekor f\u0151 elemei?\",\n      \"acceptedAnswer\": {\n        \"@type\": \"Answer\",\n        \"text\": \"A shabby chic kertet legink\u00e1bb a vintage b\u00fatorok, a puha pasztell \u00e1rnyalatok, a vir\u00e1gmint\u00e1k \u00e9s a rusztikus kieg\u00e9sz\u00edt\u0151k jellemzik. \u00d6reg, kopott fa padok, kov\u00e1csoltvas sz\u00e9kek, finom r\u00f3zsasz\u00edn \u00e9s k\u00e9k \u00e1rnyalatokb\u00f3l \u00e1ll\u00f3 sz\u00ednpaletta.\"\n      }\n    },\n    {\n      \"@type\": \"Question\",\n      \"name\": \"Hogyan alak\u00edthatsz ki shabby chic kertet?\",\n      \"acceptedAnswer\": {\n        \"@type\": \"Answer\",\n        \"text\": \"A shabby chic kert titka a vintage b\u00e1j \u00e9s az otthonos hangulat kever\u00e9se. Kezdd puha pasztell sz\u00ednekkel, p\u00e9ld\u00e1ul halv\u00e1ny r\u00f3zsasz\u00ednnel \u00e9s vil\u00e1gosk\u00e9kkel, hogy megteremtsd a b\u00e9k\u00e9s k\u00f6rnyezetet.\"\n      }\n    },\n    {\n      \"@type\": \"Question\",\n      \"name\": \"Hogyan \u00f6tv\u00f6zheted a vintage \u00e9s modern elemeket a shabby chic kertben?\",\n      \"acceptedAnswer\": {\n        \"@type\": \"Answer\",\n        \"text\": \"Ha szeretn\u00e9d keverni a vintage b\u00e1jt \u00e9s a modern r\u00e9szleteket a shabby chic kertben, \u00e9rdemes finoman egyens\u00falyozni, hogy megmaradjon a bar\u00e1ts\u00e1gos, romantikus hangulat. El\u0151sz\u00f6r v\u00e1lassz r\u00e9gi, kopott b\u00fatorokat, p\u00e9ld\u00e1ul megviselt fa padok vagy kov\u00e1csoltvas sz\u00e9kek j\u00f3 alapot adnak a vintage st\u00edlushoz.\"\n      }\n    },\n    {\n      \"@type\": \"Question\",\n      \"name\": \"Milyen b\u00fatorok illenek egy shabby chic st\u00edlus\u00fa kertbe?\",\n      \"acceptedAnswer\": {\n        \"@type\": \"Answer\",\n        \"text\": \"A shabby chic kert hangulat\u00e1hoz olyan b\u00fatorok illenek, amelyekben egyszerre van meg a vid\u00e9ki romantika \u00e9s az otthonoss\u00e1g \u00e9rz\u00e9se. V\u00e1lassz haszn\u00e1ltas, kopottas darabokat, p\u00e9ld\u00e1ul f\u00e1b\u00f3l k\u00e9sz\u00fclt padokat vagy kov\u00e1csoltvas sz\u00e9keket, hogy rusztikus hangulatot teremts.\"\n      }\n    },\n    {\n      \"@type\": \"Question\",\n      \"name\": \"Mi\u00e9rt fontosak a kasp\u00f3k egy shabby chic kertben?\",\n      \"acceptedAnswer\": {\n        \"@type\": \"Answer\",\n        \"text\": \"A kasp\u00f3k alapvet\u0151 szerepet j\u00e1tszanak a shabby chic kertekben, hiszen r\u00e9gi id\u0151k hangulat\u00e1t \u00e9s egyedi karaktert visznek a t\u00e9rbe. Lehetnek terrakott\u00e1b\u00f3l, f\u00e9mb\u0151l vagy f\u00e1b\u00f3l \u2013 a l\u00e9nyeg, hogy gyakran kopottas, antik hat\u00e1s\u00faak, ami t\u00f6k\u00e9letesen illik ebbe a st\u00edlusba.\"\n      }\n    },\n    {\n      \"@type\": \"Question\",\n      \"name\": \"Hogyan teheti hangulatosabb\u00e1 a vil\u00e1g\u00edt\u00e1s a shabby chic kertet?\",\n      \"acceptedAnswer\": {\n        \"@type\": \"Answer\",\n        \"text\": \"A vil\u00e1g\u00edt\u00e1s nagyon sokat sz\u00e1m\u00edt, ha azt szeretn\u00e9d, hogy a shabby chic kerted igaz\u00e1n hangulatos pihen\u0151hely legyen. F\u00fcz\u00e9res vagy \u201cszentj\u00e1nosbog\u00e1r\u201d f\u00e9nyf\u00fcz\u00e9rek kellemesen vil\u00e1g\u00edtj\u00e1k meg az utakat vagy a ki\u00fcl\u0151helyeket, \u00edgy var\u00e1zslatos hangulatot teremtenek.\"\n      }\n    },\n    {\n      \"@type\": \"Question\",\n      \"name\": \"Milyen DIY \u00f6tleteket pr\u00f3b\u00e1lhatsz ki egy shabby chic kertben?\",\n      \"acceptedAnswer\": {\n        \"@type\": \"Answer\",\n        \"text\": \"A saj\u00e1t k\u00e9sz\u00edt\u00e9s\u0171 d\u00edszekkel igaz\u00e1n k\u00fcl\u00f6nlegess\u00e9 \u00e9s szem\u00e9lyess\u00e9 teheted shabby chic kertedet, mik\u00f6zben egy kis nosztalgikus hangulatot is viszel bele. P\u00e9ld\u00e1ul \u00fajrahasznos\u00edthatsz r\u00e9gi faanyagot kasp\u00f3k, vir\u00e1gtart\u00f3k k\u00e9sz\u00edt\u00e9s\u00e9hez \u2013 ez t\u00f6k\u00e9letesen illik ebbe a st\u00edlusba.\"\n      }\n    },\n    {\n      \"@type\": \"Question\",\n      \"name\": \"Hogyan tartsd rendben a shabby chic kertet?\",\n      \"acceptedAnswer\": {\n        \"@type\": \"Answer\",\n        \"text\": \"Egy shabby chic kert sz\u00e9ps\u00e9g\u00e9hez rendszeres gondoz\u00e1sra van sz\u00fcks\u00e9g \u2013 ez igaz a n\u00f6v\u00e9nyekre \u00e9s a dekor\u00e1ci\u00f3kra is. Fontos, hogy rendszeresen \u00f6nt\u00f6zd, metszd \u00e9s gyoml\u00e1lj, \u00edgy lesz a kert eg\u00e9szs\u00e9ges \u00e9s sz\u00e9p.\"\n      }\n    }\n  ]\n}\n<\/script>\n<script type=\"application\/ld+json\">\n{\n  \"@context\": \"https:\/\/schema.org\",\n  \"@type\": \"HowTo\",\n  \"name\": \"Romantikus r\u00f3zs\u00e1s \u00f6sv\u00e9ny k\u00e9sz\u00edt\u00e9se klasszikus ker\u00edt\u00e9ssel\",\n  \"description\": \"Szimmetrikus \u00f6sv\u00e9ny l\u00e9trehoz\u00e1sa r\u00f3zsasz\u00edn r\u00f3zs\u00e1kkal, rendezett s\u00f6v\u00e9nyekkel, b\u00e1jos feh\u00e9r ker\u00edt\u00e9ssel \u00e9s \u00edves kapuval, hogy shabby chic hangulat\u00fa, l\u00e1tv\u00e1nyos kerti \u00fatvonalat alak\u00edts ki.\",\n  \"image\": [\n    \"https:\/\/doubletakedecor.com\/uploads\/2025\/07\/shabby-chic-garden-dtd-01.jpg\"\n  ],\n  \"totalTime\": \"PT2H\",\n  \"supply\": [\n    {\n      \"@type\": \"HowToSupply\",\n      \"name\": \"R\u00f3zsasz\u00edn r\u00f3zsat\u00f6vek\"\n    },\n    {\n      \"@type\": \"HowToSupply\",\n      \"name\": \"S\u00f6v\u00e9nycsemet\u00e9k\"\n    },\n    {\n      \"@type\": \"HowToSupply\",\n      \"name\": \"Feh\u00e9r ker\u00edt\u00e9s elemek\"\n    },\n    {\n      \"@type\": \"HowToSupply\",\n      \"name\": \"\u00cdves kerti kapu\"\n    },\n    {\n      \"@type\": \"HowToSupply\",\n      \"name\": \"Kerti szersz\u00e1mok (\u00e1s\u00f3, kapa, locsol\u00f3kanna)\"\n    }\n  ],\n  \"tool\": [\n    {\n      \"@type\": \"HowToTool\",\n      \"name\": \"\u00c1s\u00f3\"\n    },\n    {\n      \"@type\": \"HowToTool\",\n      \"name\": \"Kapa\"\n    },\n    {\n      \"@type\": \"HowToTool\",\n      \"name\": \"Locsol\u00f3kanna\"\n    }\n  ],\n  \"step\": [\n    {\n      \"@type\": \"HowToStep\",\n      \"url\": \"https:\/\/doubletakedecor.com\/uploads\/2025\/07\/shabby-chic-garden-dtd-01.jpg\",\n      \"name\": \"Tervezd meg az \u00f6sv\u00e9ny vonal\u00e1t\",\n      \"text\": \"Jel\u00f6ld ki az \u00f6sv\u00e9ny hely\u00e9t a kertben, \u00fcgyelve a szimmetri\u00e1ra. M\u00e9rd ki a r\u00f3zs\u00e1k \u00e9s a s\u00f6v\u00e9nyek hely\u00e9t is.\"\n    },\n    {\n      \"@type\": \"HowToStep\",\n      \"name\": \"\u00dcltess r\u00f3zsasz\u00edn r\u00f3zs\u00e1kat az \u00f6sv\u00e9ny ment\u00e9n\",\n      \"text\": \"\u00c1sd ki az \u00fcltet\u0151g\u00f6dr\u00f6ket, majd \u00fcltesd el a r\u00f3zsat\u00f6veket szab\u00e1lyos t\u00e1vols\u00e1gban. T\u00f6ltsd vissza a f\u00f6ldet \u00e9s \u00f6nt\u00f6zd meg.\"\n    },\n    {\n      \"@type\": \"HowToStep\",\n      \"name\": \"Telep\u00edtsd a s\u00f6v\u00e9nyeket\",\n      \"text\": \"Az \u00f6sv\u00e9ny mindk\u00e9t oldal\u00e1n sorban \u00fcltesd el a s\u00f6v\u00e9nycsemet\u00e9ket, hogy rendezett hat\u00e1st keltsenek.\"\n    },\n    {\n      \"@type\": \"HowToStep\",\n      \"name\": \"\u00c1ll\u00edtsd fel a feh\u00e9r ker\u00edt\u00e9st \u00e9s a kaput\",\n      \"text\": \"Szereld fel a feh\u00e9r ker\u00edt\u00e9selemeket az \u00f6sv\u00e9ny sz\u00e9l\u00e9n. Helyezd el az \u00edves kaput a bej\u00e1ratn\u00e1l a klasszikus shabby chic hangulat\u00e9rt.\"\n    },\n    {\n      \"@type\": \"HowToStep\",\n      \"name\": \"Gondoskodj a rendszeres \u00f6nt\u00f6z\u00e9sr\u0151l\",\n      \"text\": \"A telep\u00edt\u00e9s ut\u00e1n rendszeresen \u00f6nt\u00f6zd a n\u00f6v\u00e9nyeket, hogy eg\u00e9szs\u00e9gesek maradjanak.\"\n    }\n  ]\n}\n<\/script>","_links":{"self":[{"href":"https:\/\/doubletakedecor.com\/hu\/wp-json\/wp\/v2\/posts\/2200","targetHints":{"allow":["GET"]}}],"collection":[{"href":"https:\/\/doubletakedecor.com\/hu\/wp-json\/wp\/v2\/posts"}],"about":[{"href":"https:\/\/doubletakedecor.com\/hu\/wp-json\/wp\/v2\/types\/post"}],"author":[{"embeddable":true,"href":"https:\/\/doubletakedecor.com\/hu\/wp-json\/wp\/v2\/users\/12"}],"replies":[{"embeddable":true,"href":"https:\/\/doubletakedecor.com\/hu\/wp-json\/wp\/v2\/comments?post=2200"}],"version-history":[{"count":1,"href":"https:\/\/doubletakedecor.com\/hu\/wp-json\/wp\/v2\/posts\/2200\/revisions"}],"predecessor-version":[{"id":2201,"href":"https:\/\/doubletakedecor.com\/hu\/wp-json\/wp\/v2\/posts\/2200\/revisions\/2201"}],"wp:featuredmedia":[{"embeddable":true,"href":"https:\/\/doubletakedecor.com\/hu\/wp-json\/wp\/v2\/media\/2189"}],"wp:attachment":[{"href":"https:\/\/doubletakedecor.com\/hu\/wp-json\/wp\/v2\/media?parent=2200"}],"wp:term":[{"taxonomy":"category","embeddable":true,"href":"https:\/\/doubletakedecor.com\/hu\/wp-json\/wp\/v2\/categories?post=2200"},{"taxonomy":"post_tag","embeddable":true,"href":"https:\/\/doubletakedecor.com\/hu\/wp-json\/wp\/v2\/tags?post=2200"}],"curies":[{"name":"wp","href":"https:\/\/api.w.org\/{rel}","templated":true}]}}