{"id":2386,"date":"2025-07-19T01:10:47","date_gmt":"2025-07-18T23:10:47","guid":{"rendered":"https:\/\/doubletakedecor.com\/kert\/kerttervezes\/"},"modified":"2025-07-19T01:53:09","modified_gmt":"2025-07-18T23:53:09","slug":"kerttervezes","status":"publish","type":"post","link":"https:\/\/doubletakedecor.com\/hu\/kert\/kerttervezes\/","title":{"rendered":"Alak\u00edtsd \u00e1t a kertedet gy\u00f6ny\u00f6r\u0171 szeg\u00e9lyez\u00e9si \u00f6tletekkel"},"content":{"rendered":"<p>A kertszeg\u00e9lyez\u00e9s m\u0171v\u00e9szete abban rejlik, hogy j\u00f3l l\u00e1that\u00f3 hat\u00e1rokat hozol l\u00e9tre a kert k\u00fcl\u00f6nb\u00f6z\u0151 r\u00e9szei k\u00f6z\u00f6tt. Ennek gyakorlati \u00e9s eszt\u00e9tikai haszna is van: seg\u00edt rendezetten tartani a talajt \u00e9s a n\u00f6v\u00e9nyeket, mik\u00f6zben szebb\u00e9, rendezettebb\u00e9 \u00e9s karakteresebb\u00e9 teszi a kertedet.<\/p>\n<p>A kertszeg\u00e9lyekhez sokf\u00e9le anyagot haszn\u00e1lhatsz: m\u0171anyagot, f\u00e9met, f\u00e1t vagy k\u00f6vet is. \u00cdgy minden st\u00edlushoz \u00e9s p\u00e9nzt\u00e1rc\u00e1hoz tal\u00e1lsz megold\u00e1st. Hogy sz\u00e1modra melyik a legjobb, az att\u00f3l f\u00fcgg, mennyire tart\u00f3s legyen, mennyi karbantart\u00e1st ig\u00e9nyel, \u00e9s milyen \u00f6sszk\u00e9pet szeretn\u00e9l el\u00e9rni a kerteddel.<\/p>\n<p>A szeg\u00e9ly nemcsak dekorat\u00edv, hanem fontos szerepe van a kert m\u0171k\u00f6d\u00e9s\u00e9ben is. Megakad\u00e1lyozza a talaj er\u00f3zi\u00f3j\u00e1t, seg\u00edt levezetni a vizet, t\u00e1vol tartja a gyomokat, \u00e9s megk\u00f6nny\u00edti a karbantart\u00e1st azzal, hogy elv\u00e1lasztja az \u00e1gy\u00e1sokat az \u00f6sv\u00e9nyekt\u0151l.<\/p>\n<p>Ak\u00e1r hull\u00e1mos sz\u00e9l\u0171, terrakotta szeg\u00e9lyt v\u00e1lasztasz a vid\u00e9ki hangulathoz, letisztult f\u00e9m szeg\u00e9lyt a modern kertekhez, vagy term\u00e9szetes n\u00f6v\u00e9nyeket haszn\u00e1lsz z\u00f6ld szeg\u00e9lyk\u00e9nt, a megfelel\u0151 szeg\u00e9ly rendezett\u00e9 \u00e9s l\u00e1tv\u00e1nyoss\u00e1 teszi a kertedet. Ehhez el\u00e9g lehet szakembert h\u00edvni, de ak\u00e1r magad is elk\u00e9sz\u00edtheted vagy v\u00e1laszthatsz egyszer\u0171en telep\u00edthet\u0151, \u00e1s\u00e1s n\u00e9lk\u00fcli megold\u00e1st. A szeg\u00e9lyez\u00e9s teh\u00e1t k\u00f6nnyen el\u00e9rhet\u0151, m\u00e9gis l\u00e1tv\u00e1nyos m\u00f3dja annak, hogy szebb\u00e9, rendezettebb\u00e9 var\u00e1zsold a kerted, mik\u00f6zben meg\u00f3vod a n\u00f6v\u00e9nyeket \u00e9s cs\u00f6kkented a karbantart\u00e1sra ford\u00edtott id\u0151t.<\/p>\n<div class=\"kt_block\" id=\"kt_id\">\n<span class=\"kt_headline\">Legfontosabb tudnival\u00f3k<\/span><\/p>\n<ul class=\"kt_post_list\">\n<li><strong>\ud83c\udf3f Szebb\u00e9 var\u00e1zsolja a kertet:<\/strong> A kertszeg\u00e9ly j\u00f3l elk\u00fcl\u00f6n\u00edti a ter\u00fcleteket, \u00edgy a kert nemcsak rendezettebb, de sokkal mutat\u00f3sabb is lesz.<\/li>\n<li><strong>\ud83d\udee0\ufe0f Sokf\u00e9le anyag k\u00f6z\u00fcl v\u00e1laszthatsz:<\/strong> V\u00e1laszd ki a hozz\u00e1d ill\u0151 anyagot \u2013 lehet az m\u0171anyag, f\u00e9m, fa vagy ak\u00e1r k\u0151 \u2013, att\u00f3l f\u00fcgg\u0151en, hogy mennyire tart\u00f3sat szeretn\u00e9l, mennyi gondoz\u00e1st v\u00e1llalsz, \u00e9s milyen st\u00edlus\u00fa kertet \u00e1lmodt\u00e1l meg.<\/li>\n<li><strong>\ud83c\udf31 Gyakorlati el\u0151ny\u00f6k:<\/strong> A szeg\u00e9ly megakad\u00e1lyozza, hogy a talaj lemos\u00f3djon, k\u00f6nny\u00edti a v\u00edzelvezet\u00e9st, visszaszor\u00edtja a gyomokat, \u00e9s egyszer\u0171bb\u00e9 teszi a kert rendben tart\u00e1s\u00e1t, mert vil\u00e1gosan elv\u00e1lasztja az \u00e1gy\u00e1sokat az \u00f6sv\u00e9nyekt\u0151l.<\/li>\n<li><strong>\ud83e\uddd1\u200d\ud83c\udf3e Szem\u00e9lyre szabhat\u00f3 \u00e9s ak\u00e1r saj\u00e1t kez\u0171leg is elk\u00e9sz\u00edthet\u0151:<\/strong> Ak\u00e1r szakember v\u00e9gzi, ak\u00e1r \u00e1s\u00e1s n\u00e9lk\u00fcli, gyors megold\u00e1st v\u00e1lasztasz, a kertszeg\u00e9ly rugalmas m\u00f3don seg\u00edt feldobni, szebb\u00e9 \u00e9s haszn\u00e1lhat\u00f3bb\u00e1 tenni a kertedet.<\/li>\n<\/ul>\n<\/div>\n<h2>Eleg\u00e1ns kerti s\u00e9ta\u00fat: fa \u00e9s kavics \u00f6tv\u00f6z\u00e9se<\/h2>\n<p><img loading=\"lazy\" decoding=\"async\" width=\"700\" height=\"1050\" alt=\"St\u00edlusos fa j\u00e1rda sima kavicsokkal szeg\u00e9lyezve, amely m\u0171f\u0171be torkollik, \u00edgy funkcion\u00e1lis kertet alak\u00edt ki\" class=\"aligncenter size-full wp-image-2204\" src=\"https:\/\/doubletakedecor.com\/uploads\/2025\/07\/garden-edging-dtd-01.jpg\" srcset=\"https:\/\/doubletakedecor.com\/uploads\/2025\/07\/garden-edging-dtd-01.jpg 700w, https:\/\/doubletakedecor.com\/uploads\/2025\/07\/garden-edging-dtd-01-200x300.jpg 200w, https:\/\/doubletakedecor.com\/uploads\/2025\/07\/garden-edging-dtd-01-683x1024.jpg 683w, https:\/\/doubletakedecor.com\/uploads\/2025\/07\/garden-edging-dtd-01-96x144.jpg 96w, https:\/\/doubletakedecor.com\/uploads\/2025\/07\/garden-edging-dtd-01-280x420.jpg 280w, https:\/\/doubletakedecor.com\/uploads\/2025\/07\/garden-edging-dtd-01-320x480.jpg 320w, https:\/\/doubletakedecor.com\/uploads\/2025\/07\/garden-edging-dtd-01-360x540.jpg 360w, https:\/\/doubletakedecor.com\/uploads\/2025\/07\/garden-edging-dtd-01-363x545.jpg 363w, https:\/\/doubletakedecor.com\/uploads\/2025\/07\/garden-edging-dtd-01-370x555.jpg 370w, https:\/\/doubletakedecor.com\/uploads\/2025\/07\/garden-edging-dtd-01-400x600.jpg 400w, https:\/\/doubletakedecor.com\/uploads\/2025\/07\/garden-edging-dtd-01-560x840.jpg 560w, https:\/\/doubletakedecor.com\/uploads\/2025\/07\/garden-edging-dtd-01-480x720.jpg 480w\" sizes=\"auto, (max-width: 700px) 100vw, 700px\" \/><\/p>\n<p>Ha igaz\u00e1n l\u00e1tv\u00e1nyos kontrasztot szeretn\u00e9l, kombin\u00e1ld a fa j\u00e1r\u00f3lapokat sima kavicsokkal \u2013 \u00edgy egyedi kerti szeg\u00e9lyt kapsz. A j\u00e1rd\u00e1t \u00e9rdemes egy kicsit magasabban elhelyezni a kavics szeg\u00e9lyn\u00e9l, hogy j\u00f3l elv\u00e1ljanak egym\u00e1st\u00f3l \u00e9s a v\u00edz is k\u00f6nnyebben elfolyjon. Ez a megold\u00e1s f\u0151leg m\u0171f\u0171 mellett m\u0171k\u00f6dik j\u00f3l, ahol minim\u00e1lis gondoz\u00e1st ig\u00e9nyel, mik\u00f6zben eg\u00e9sz \u00e9vben rendezett l\u00e1tv\u00e1nyt ny\u00fajt. V\u00e1lassz k\u00fcl\u00f6nb\u00f6z\u0151 m\u00e9ret\u0171 kavicsokat, hogy m\u00e9g \u00e9rdekesebb legyen az \u00f6sszhat\u00e1s!<\/p>\n<h2>Betonblokkb\u00f3l mutat\u00f3s kerti szeg\u00e9ly \u00e9s vir\u00e1gtart\u00f3<\/h2>\n<p><img loading=\"lazy\" decoding=\"async\" width=\"700\" height=\"1050\" alt=\"\u00dajrahasznos\u00edtott betonblokkok hat\u00e1rozott kerti szeg\u00e9lyk\u00e9nt, napraforg\u00f3kkal, lila vir\u00e1gokkal, agyagcserepekkel \u00e9s d\u00edszes l\u00e1mp\u00e1ssal\" class=\"aligncenter size-full wp-image-2210\" src=\"https:\/\/doubletakedecor.com\/uploads\/2025\/07\/garden-edging-dtd-02.jpg\" srcset=\"https:\/\/doubletakedecor.com\/uploads\/2025\/07\/garden-edging-dtd-02.jpg 700w, https:\/\/doubletakedecor.com\/uploads\/2025\/07\/garden-edging-dtd-02-200x300.jpg 200w, https:\/\/doubletakedecor.com\/uploads\/2025\/07\/garden-edging-dtd-02-683x1024.jpg 683w, https:\/\/doubletakedecor.com\/uploads\/2025\/07\/garden-edging-dtd-02-96x144.jpg 96w, https:\/\/doubletakedecor.com\/uploads\/2025\/07\/garden-edging-dtd-02-280x420.jpg 280w, https:\/\/doubletakedecor.com\/uploads\/2025\/07\/garden-edging-dtd-02-320x480.jpg 320w, https:\/\/doubletakedecor.com\/uploads\/2025\/07\/garden-edging-dtd-02-360x540.jpg 360w, https:\/\/doubletakedecor.com\/uploads\/2025\/07\/garden-edging-dtd-02-363x545.jpg 363w, https:\/\/doubletakedecor.com\/uploads\/2025\/07\/garden-edging-dtd-02-370x555.jpg 370w, https:\/\/doubletakedecor.com\/uploads\/2025\/07\/garden-edging-dtd-02-400x600.jpg 400w, https:\/\/doubletakedecor.com\/uploads\/2025\/07\/garden-edging-dtd-02-560x840.jpg 560w, https:\/\/doubletakedecor.com\/uploads\/2025\/07\/garden-edging-dtd-02-480x720.jpg 480w\" sizes=\"auto, (max-width: 700px) 100vw, 700px\" \/><\/p>\n<p>Hasznos\u00edtsd \u00fajra a betonblokkokat, \u00e9s alak\u00edtsd \u00e1t \u0151ket rendezett kerti szeg\u00e9lly\u00e9 \u2013 egyben \u00fcltet\u0151l\u00e1d\u00e1v\u00e1 is! Helyezd el \u0151ket a kert szeg\u00e9ly\u00e9n vagy a fal mellett, t\u00f6ltsd fel j\u00f3 min\u0151s\u00e9g\u0171 f\u00f6lddel, majd \u00fcltess bele sokf\u00e9le vir\u00e1got, hogy v\u00e1ltozatos legyen a l\u00e1tv\u00e1ny. Az eredm\u00e9ny m\u00e9g jobb, ha h\u00e1tulra magasabb vir\u00e1gokat teszel, el\u0151re alacsonyabbakat, \u00edgy sz\u00e9pen \u201el\u00e9pcs\u0151zik\u201d az \u00e1gy\u00e1s. Helyezz el n\u00e9h\u00e1ny hagyom\u00e1nyos cserepes n\u00f6v\u00e9nyt is a m\u00e9lys\u00e9g \u00e9rdek\u00e9ben, s\u0151t, egy-egy napelemes l\u00e1mpa is feldobja az esti hangulatot!<\/p>\n<h2>Id\u0151t\u00e1ll\u00f3 k\u0151szeg\u00e9ly dinamikus n\u00f6v\u00e9ny\u00e1gy\u00e1sokhoz<\/h2>\n<p><img loading=\"lazy\" decoding=\"async\" width=\"700\" height=\"1050\" alt=\"Kert\u00e1gy\u00e1s k\u0151szeg\u00e9llyel, k\u00fapos \u00f6r\u00f6kz\u00f6ldekkel, tarkalevel\u0171 \u00e1rny\u00e9kliliomokkal, textur\u00e1lt n\u00f6v\u00e9nyekkel, h\u00e1tt\u00e9rben fa ker\u00edt\u00e9ssel\" class=\"aligncenter size-full wp-image-2216\" src=\"https:\/\/doubletakedecor.com\/uploads\/2025\/07\/garden-edging-dtd-03.jpg\" srcset=\"https:\/\/doubletakedecor.com\/uploads\/2025\/07\/garden-edging-dtd-03.jpg 700w, https:\/\/doubletakedecor.com\/uploads\/2025\/07\/garden-edging-dtd-03-200x300.jpg 200w, https:\/\/doubletakedecor.com\/uploads\/2025\/07\/garden-edging-dtd-03-683x1024.jpg 683w, https:\/\/doubletakedecor.com\/uploads\/2025\/07\/garden-edging-dtd-03-96x144.jpg 96w, https:\/\/doubletakedecor.com\/uploads\/2025\/07\/garden-edging-dtd-03-280x420.jpg 280w, https:\/\/doubletakedecor.com\/uploads\/2025\/07\/garden-edging-dtd-03-320x480.jpg 320w, https:\/\/doubletakedecor.com\/uploads\/2025\/07\/garden-edging-dtd-03-360x540.jpg 360w, https:\/\/doubletakedecor.com\/uploads\/2025\/07\/garden-edging-dtd-03-363x545.jpg 363w, https:\/\/doubletakedecor.com\/uploads\/2025\/07\/garden-edging-dtd-03-370x555.jpg 370w, https:\/\/doubletakedecor.com\/uploads\/2025\/07\/garden-edging-dtd-03-400x600.jpg 400w, https:\/\/doubletakedecor.com\/uploads\/2025\/07\/garden-edging-dtd-03-560x840.jpg 560w, https:\/\/doubletakedecor.com\/uploads\/2025\/07\/garden-edging-dtd-03-480x720.jpg 480w\" sizes=\"auto, (max-width: 700px) 100vw, 700px\" \/><\/p>\n<p>Keretezd kertedet alacsony k\u0151fallal, hogy eleg\u00e1ns, j\u00f3l l\u00e1that\u00f3 szerkezetet adj neki! \u00dcltess magas, k\u00fapos \u00f6r\u00f6kz\u00f6ldeket a sarkokra, mell\u00e9j\u00fck pedig v\u00e1ltozatos level\u0171 \u00e1rny\u00e9kliliomokat, hogy izgalmas legyen a text\u00fara. A tart\u00f3s k\u0151szeg\u00e9ly nemcsak a mulcsot tartja bent, hanem modern, letisztult \u00f6sszhat\u00e1st is ad, \u00e9s kev\u00e9s gondoz\u00e1st ig\u00e9nyel. Ha s\u00f6t\u00e9t sz\u00edn\u0171 mulcsot haszn\u00e1lsz, m\u00e9g jobban kiemeli a n\u00f6v\u00e9nyek sz\u00edn\u00e9t a k\u0151 mellett.<\/p>\n<h2>Nyugalmat \u00e1raszt\u00f3 kerti \u00f6sv\u00e9ny k\u0151szeg\u00e9llyel<\/h2>\n<p><img loading=\"lazy\" decoding=\"async\" width=\"700\" height=\"1050\" alt=\"Sima sz\u00fcrke k\u00f6vek m\u0171v\u00e9szien szeg\u00e9lyezik a homok \u00fatvonalat, z\u00f6ld talajtakar\u00f3k \u00e9s naps\u00e1rga vir\u00e1gok nyugodt kerthelyet teremtenek\" class=\"aligncenter size-full wp-image-2222\" src=\"https:\/\/doubletakedecor.com\/uploads\/2025\/07\/garden-edging-dtd-04.jpg\" srcset=\"https:\/\/doubletakedecor.com\/uploads\/2025\/07\/garden-edging-dtd-04.jpg 700w, https:\/\/doubletakedecor.com\/uploads\/2025\/07\/garden-edging-dtd-04-200x300.jpg 200w, https:\/\/doubletakedecor.com\/uploads\/2025\/07\/garden-edging-dtd-04-683x1024.jpg 683w, https:\/\/doubletakedecor.com\/uploads\/2025\/07\/garden-edging-dtd-04-96x144.jpg 96w, https:\/\/doubletakedecor.com\/uploads\/2025\/07\/garden-edging-dtd-04-280x420.jpg 280w, https:\/\/doubletakedecor.com\/uploads\/2025\/07\/garden-edging-dtd-04-320x480.jpg 320w, https:\/\/doubletakedecor.com\/uploads\/2025\/07\/garden-edging-dtd-04-360x540.jpg 360w, https:\/\/doubletakedecor.com\/uploads\/2025\/07\/garden-edging-dtd-04-363x545.jpg 363w, https:\/\/doubletakedecor.com\/uploads\/2025\/07\/garden-edging-dtd-04-370x555.jpg 370w, https:\/\/doubletakedecor.com\/uploads\/2025\/07\/garden-edging-dtd-04-400x600.jpg 400w, https:\/\/doubletakedecor.com\/uploads\/2025\/07\/garden-edging-dtd-04-560x840.jpg 560w, https:\/\/doubletakedecor.com\/uploads\/2025\/07\/garden-edging-dtd-04-480x720.jpg 480w\" sizes=\"auto, (max-width: 700px) 100vw, 700px\" \/><\/p>\n<p>Hat\u00e1rozd meg eleg\u00e1nsan a kerti \u00f6sv\u00e9ny sz\u00e9leit k\u00fcl\u00f6nf\u00e9le m\u00e9ret\u0171, sima, sz\u00fcrke k\u00f6vekkel! Ezeket helyezd el a homokos \u00fatszakasz ment\u00e9n, \u00e9s engedd, hogy alacsony n\u00f6v\u00e9s\u0171 z\u00f6ldek finoman kit\u00f6lts\u00e9k az apr\u00f3 r\u00e9seket a k\u00f6vek k\u00f6z\u00f6tt. \u00dcltess mell\u00e9j\u00fck \u00e9l\u00e9nks\u00e1rga vir\u00e1gokat, hogy igazi sz\u00ednkontrasztot adjanak a kertednek. Ez a szeg\u00e9ly rengeteg praktikus el\u0151nnyel j\u00e1r: k\u00f6nny\u0171 tiszt\u00e1n tartani, \u00e9s egyediv\u00e9 var\u00e1zsolja a pihen\u0151kertet.<\/p>\n<h2>Term\u00e9szetes, fa r\u00f6nk\u00f6s szeg\u00e9ly \u00e9l\u00e9nk kertszeg\u00e9lyhez<\/h2>\n<p><img loading=\"lazy\" decoding=\"async\" width=\"700\" height=\"1050\" alt=\"Zs\u00fafolt, sz\u00ednes vir\u00e1gokkal, hortenzia bokrokkal gazdag\u00edtott kert, fa r\u00f6nk\u00f6s szeg\u00e9llyel, mik\u00f6zben \u00f6nt\u00f6zik\" class=\"aligncenter size-full wp-image-2228\" src=\"https:\/\/doubletakedecor.com\/uploads\/2025\/07\/garden-edging-dtd-05.jpg\" srcset=\"https:\/\/doubletakedecor.com\/uploads\/2025\/07\/garden-edging-dtd-05.jpg 700w, https:\/\/doubletakedecor.com\/uploads\/2025\/07\/garden-edging-dtd-05-200x300.jpg 200w, https:\/\/doubletakedecor.com\/uploads\/2025\/07\/garden-edging-dtd-05-683x1024.jpg 683w, https:\/\/doubletakedecor.com\/uploads\/2025\/07\/garden-edging-dtd-05-96x144.jpg 96w, https:\/\/doubletakedecor.com\/uploads\/2025\/07\/garden-edging-dtd-05-280x420.jpg 280w, https:\/\/doubletakedecor.com\/uploads\/2025\/07\/garden-edging-dtd-05-320x480.jpg 320w, https:\/\/doubletakedecor.com\/uploads\/2025\/07\/garden-edging-dtd-05-360x540.jpg 360w, https:\/\/doubletakedecor.com\/uploads\/2025\/07\/garden-edging-dtd-05-363x545.jpg 363w, https:\/\/doubletakedecor.com\/uploads\/2025\/07\/garden-edging-dtd-05-370x555.jpg 370w, https:\/\/doubletakedecor.com\/uploads\/2025\/07\/garden-edging-dtd-05-400x600.jpg 400w, https:\/\/doubletakedecor.com\/uploads\/2025\/07\/garden-edging-dtd-05-560x840.jpg 560w, https:\/\/doubletakedecor.com\/uploads\/2025\/07\/garden-edging-dtd-05-480x720.jpg 480w\" sizes=\"auto, (max-width: 700px) 100vw, 700px\" \/><\/p>\n<p>Adj rusztikus, term\u00e9szetes szeg\u00e9lyt a vir\u00e1g\u00e1gy\u00e1saidnak fa r\u00f6nk\u00f6kkel! Helyezd el \u0151ket v\u00edzszintesen az \u00e1gy\u00e1sok sz\u00e9l\u00e9n, hogy sz\u00e9pen elk\u00fcl\u00f6n\u00edts\u00e9k a vir\u00e1gokat a gyepfel\u00fclett\u0151l. \u00c9rdemes a f\u00f6ldet picit r\u00e1nyomni a r\u00f6nk\u00f6kre, \u00edgy harmonikus, egybeolvad\u00f3 lesz a hat\u00e1s. Tart\u00f3ss\u00e1g \u00e9rdek\u00e9ben v\u00e1lassz nyom\u00e1s\u00e1ll\u00f3 vagy term\u00e9szetes m\u00f3don ellen\u00e1ll\u00f3 f\u00e1t, p\u00e9ld\u00e1ul c\u00e9drust vagy ciprust! Az \u00f6nt\u00f6z\u00e9st ne felejtsd el \u2013 a vir\u00e1gok megh\u00e1l\u00e1lj\u00e1k!<\/p>\n<h2>Tiszt\u00e1n elv\u00e1lasztott kertz\u00f3n\u00e1k eleg\u00e1ns k\u0151szeg\u00e9llyel<\/h2>\n<p><img loading=\"lazy\" decoding=\"async\" width=\"700\" height=\"1050\" alt=\"\u00cdves k\u0151szeg\u00e9ly v\u00e1lasztja el az \u00e9letteli p\u00e1zsitot a lila vir\u00e1g\u00e1gy\u00e1st\u00f3l, h\u00e1tt\u00e9rben z\u00f6ld bokrok \u00e9s f\u00e1k\" class=\"aligncenter size-full wp-image-2234\" src=\"https:\/\/doubletakedecor.com\/uploads\/2025\/07\/garden-edging-dtd-06.jpg\" srcset=\"https:\/\/doubletakedecor.com\/uploads\/2025\/07\/garden-edging-dtd-06.jpg 700w, https:\/\/doubletakedecor.com\/uploads\/2025\/07\/garden-edging-dtd-06-200x300.jpg 200w, https:\/\/doubletakedecor.com\/uploads\/2025\/07\/garden-edging-dtd-06-683x1024.jpg 683w, https:\/\/doubletakedecor.com\/uploads\/2025\/07\/garden-edging-dtd-06-96x144.jpg 96w, https:\/\/doubletakedecor.com\/uploads\/2025\/07\/garden-edging-dtd-06-280x420.jpg 280w, https:\/\/doubletakedecor.com\/uploads\/2025\/07\/garden-edging-dtd-06-320x480.jpg 320w, https:\/\/doubletakedecor.com\/uploads\/2025\/07\/garden-edging-dtd-06-360x540.jpg 360w, https:\/\/doubletakedecor.com\/uploads\/2025\/07\/garden-edging-dtd-06-363x545.jpg 363w, https:\/\/doubletakedecor.com\/uploads\/2025\/07\/garden-edging-dtd-06-370x555.jpg 370w, https:\/\/doubletakedecor.com\/uploads\/2025\/07\/garden-edging-dtd-06-400x600.jpg 400w, https:\/\/doubletakedecor.com\/uploads\/2025\/07\/garden-edging-dtd-06-560x840.jpg 560w, https:\/\/doubletakedecor.com\/uploads\/2025\/07\/garden-edging-dtd-06-480x720.jpg 480w\" sizes=\"auto, (max-width: 700px) 100vw, 700px\" \/><\/p>\n<p>Rendezd el vil\u00e1gosan a gyepet \u00e9s a vir\u00e1g\u00e1gy\u00e1sokat egys\u00e9ges m\u00e9ret\u0171 k\u0151szeg\u00e9llyel! Ha ink\u00e1bb term\u00e9szetes, rusztikus st\u00edlusra v\u00e1gysz, vegyesen is lerakhatod k\u00fcl\u00f6nf\u00e9le alakban a k\u00f6veket. \u00c1sd be sek\u00e9ly \u00e1rkokba a stabilit\u00e1s \u00e9rdek\u00e9ben, \u00edgy a f\u0171 sem fogja \u00e1tl\u00e9pni a hat\u00e1rt. Ez a megold\u00e1s id\u0151t\u00e1ll\u00f3, kev\u00e9s gondoz\u00e1st k\u00edv\u00e1n, \u00e9s kiemeli a sz\u00ednes n\u00f6v\u00e9nyeket a kertedben.<\/p>\n<h2>\u00d6sszehangolt kerti s\u00e9ta\u00fat kontrasztos szeg\u00e9llyel<\/h2>\n<p><img loading=\"lazy\" decoding=\"async\" width=\"700\" height=\"1050\" alt=\"Geometriai mint\u00e1s kerti j\u00e1rda kontrasztos t\u00e9glaszeg\u00e9llyel, d\u00edszes cserepes n\u00f6v\u00e9nyekkel \u00e9s kavics\u00e1gy\u00e1sokkal\" class=\"aligncenter size-full wp-image-2240\" src=\"https:\/\/doubletakedecor.com\/uploads\/2025\/07\/garden-edging-dtd-07.jpg\" srcset=\"https:\/\/doubletakedecor.com\/uploads\/2025\/07\/garden-edging-dtd-07.jpg 700w, https:\/\/doubletakedecor.com\/uploads\/2025\/07\/garden-edging-dtd-07-200x300.jpg 200w, https:\/\/doubletakedecor.com\/uploads\/2025\/07\/garden-edging-dtd-07-683x1024.jpg 683w, https:\/\/doubletakedecor.com\/uploads\/2025\/07\/garden-edging-dtd-07-96x144.jpg 96w, https:\/\/doubletakedecor.com\/uploads\/2025\/07\/garden-edging-dtd-07-280x420.jpg 280w, https:\/\/doubletakedecor.com\/uploads\/2025\/07\/garden-edging-dtd-07-320x480.jpg 320w, https:\/\/doubletakedecor.com\/uploads\/2025\/07\/garden-edging-dtd-07-360x540.jpg 360w, https:\/\/doubletakedecor.com\/uploads\/2025\/07\/garden-edging-dtd-07-363x545.jpg 363w, https:\/\/doubletakedecor.com\/uploads\/2025\/07\/garden-edging-dtd-07-370x555.jpg 370w, https:\/\/doubletakedecor.com\/uploads\/2025\/07\/garden-edging-dtd-07-400x600.jpg 400w, https:\/\/doubletakedecor.com\/uploads\/2025\/07\/garden-edging-dtd-07-560x840.jpg 560w, https:\/\/doubletakedecor.com\/uploads\/2025\/07\/garden-edging-dtd-07-480x720.jpg 480w\" sizes=\"auto, (max-width: 700px) 100vw, 700px\" \/><\/p>\n<p>Helyezz v\u00e9kony, piros t\u00e9glaszeg\u00e9lyt a t\u00e9rk\u00f6vekb\u0151l kirakott kerti s\u00e9ta\u00fat mell\u00e9, hogy igaz\u00e1n eleg\u00e1ns legyen az \u00f6sszhat\u00e1s! A kontrasztos sz\u00ednek j\u00f3l kiemelik a j\u00e1rd\u00e1t, m\u00e9gis \u00f6sszhangban maradnak a kert t\u00f6bbi r\u00e9sz\u00e9vel. Tegy\u00e9l dekorat\u00edv cserepes n\u00f6v\u00e9nyeket a szeg\u00e9ly mell\u00e9, hogy l\u00e1gy\u00edtsd a kem\u00e9ny burkolatot. Sz\u00f3rj kavicsot a n\u00f6v\u00e9ny\u00e1gy\u00e1sok k\u00f6z\u00e9, \u00edgy jav\u00edtod a v\u00edzelvezet\u00e9st \u00e9s k\u00fcl\u00f6nleges, gondoz\u00e1smentes text\u00far\u00e1t adsz a kertnek.<\/p>\n<h2>Eleg\u00e1ns feh\u00e9r k\u0151szeg\u00e9ly kerti utakhoz<\/h2>\n<p><img loading=\"lazy\" decoding=\"async\" width=\"700\" height=\"1050\" alt=\"\u00cdves kerti \u00fat feh\u00e9r k\u0151vel szeg\u00e9lyezve, lila vir\u00e1gokkal \u00e9s hangulatos k\u00fclt\u00e9ri \u00fcl\u0151r\u00e9sszel a h\u00e1tt\u00e9rben\" class=\"aligncenter size-full wp-image-2246\" src=\"https:\/\/doubletakedecor.com\/uploads\/2025\/07\/garden-edging-dtd-08.jpg\" srcset=\"https:\/\/doubletakedecor.com\/uploads\/2025\/07\/garden-edging-dtd-08.jpg 700w, https:\/\/doubletakedecor.com\/uploads\/2025\/07\/garden-edging-dtd-08-200x300.jpg 200w, https:\/\/doubletakedecor.com\/uploads\/2025\/07\/garden-edging-dtd-08-683x1024.jpg 683w, https:\/\/doubletakedecor.com\/uploads\/2025\/07\/garden-edging-dtd-08-96x144.jpg 96w, https:\/\/doubletakedecor.com\/uploads\/2025\/07\/garden-edging-dtd-08-280x420.jpg 280w, https:\/\/doubletakedecor.com\/uploads\/2025\/07\/garden-edging-dtd-08-320x480.jpg 320w, https:\/\/doubletakedecor.com\/uploads\/2025\/07\/garden-edging-dtd-08-360x540.jpg 360w, https:\/\/doubletakedecor.com\/uploads\/2025\/07\/garden-edging-dtd-08-363x545.jpg 363w, https:\/\/doubletakedecor.com\/uploads\/2025\/07\/garden-edging-dtd-08-370x555.jpg 370w, https:\/\/doubletakedecor.com\/uploads\/2025\/07\/garden-edging-dtd-08-400x600.jpg 400w, https:\/\/doubletakedecor.com\/uploads\/2025\/07\/garden-edging-dtd-08-560x840.jpg 560w, https:\/\/doubletakedecor.com\/uploads\/2025\/07\/garden-edging-dtd-08-480x720.jpg 480w\" sizes=\"auto, (max-width: 700px) 100vw, 700px\" \/><\/p>\n<p>Hozz l\u00e9tre tiszta, j\u00f3l l\u00e1that\u00f3 hat\u00e1rt a kert \u00e9s az \u00f6sv\u00e9ny k\u00f6z\u00f6tt f\u00e9nyes feh\u00e9r k\u00f6vekkel! Az \u00edvesen elhelyezett k\u0151szeg\u00e9ly nemcsak sz\u00e9pen tagolja a kertet, de a mulcsot is a hely\u00e9n tartja. A k\u00f6veket \u00e9rdemes sek\u00e9ly v\u00e1jatba tenni, hogy stabilan \u00e1lljanak, \u00e9s f\u00e9lig legyenek f\u00f6ldbe s\u00fcllyesztve. Ha lehet, egys\u00e9ges m\u00e9ret\u0171 k\u00f6veket v\u00e1lassz, \u00e9s fektess geotextilt al\u00e1juk, \u00edgy a gyomok is k\u00f6nnyebben kord\u00e1ban maradnak.<\/p>\n<h2>Funkcion\u00e1lis kavicsos s\u00e9t\u00e1ny f\u00e1b\u00f3l k\u00e9sz\u00fclt szeg\u00e9llyel<\/h2>\n<p><img loading=\"lazy\" decoding=\"async\" width=\"700\" height=\"1050\" alt=\"K\u00f6z\u00f6ss\u00e9gi kert, amelyet gondosan elrendezett \u00e1gy\u00e1sok \u00e9s fa deszk\u00e1s szeg\u00e9llyel szeg\u00e9lyezett kavicsos s\u00e9t\u00e1ny kapcsol \u00f6ssze\" class=\"aligncenter size-full wp-image-2252\" src=\"https:\/\/doubletakedecor.com\/uploads\/2025\/07\/garden-edging-dtd-09.jpg\" srcset=\"https:\/\/doubletakedecor.com\/uploads\/2025\/07\/garden-edging-dtd-09.jpg 700w, https:\/\/doubletakedecor.com\/uploads\/2025\/07\/garden-edging-dtd-09-200x300.jpg 200w, https:\/\/doubletakedecor.com\/uploads\/2025\/07\/garden-edging-dtd-09-683x1024.jpg 683w, https:\/\/doubletakedecor.com\/uploads\/2025\/07\/garden-edging-dtd-09-96x144.jpg 96w, https:\/\/doubletakedecor.com\/uploads\/2025\/07\/garden-edging-dtd-09-280x420.jpg 280w, https:\/\/doubletakedecor.com\/uploads\/2025\/07\/garden-edging-dtd-09-320x480.jpg 320w, https:\/\/doubletakedecor.com\/uploads\/2025\/07\/garden-edging-dtd-09-360x540.jpg 360w, https:\/\/doubletakedecor.com\/uploads\/2025\/07\/garden-edging-dtd-09-363x545.jpg 363w, https:\/\/doubletakedecor.com\/uploads\/2025\/07\/garden-edging-dtd-09-370x555.jpg 370w, https:\/\/doubletakedecor.com\/uploads\/2025\/07\/garden-edging-dtd-09-400x600.jpg 400w, https:\/\/doubletakedecor.com\/uploads\/2025\/07\/garden-edging-dtd-09-560x840.jpg 560w, https:\/\/doubletakedecor.com\/uploads\/2025\/07\/garden-edging-dtd-09-480x720.jpg 480w\" sizes=\"auto, (max-width: 700px) 100vw, 700px\" \/><\/p>\n<p>Tedd k\u00e9nyelmesebb\u00e9 a kertedet kavicsos j\u00e1rd\u00e1kkal, amelyeket fa deszk\u00e1kkal szeg\u00e9lyezel! Ez a szeg\u00e9ly megk\u00f6nny\u00edti az \u00e1gy\u00e1sok hat\u00e1rol\u00e1s\u00e1t, \u00e9s seg\u00edt \u00e1tl\u00e1that\u00f3bb\u00e1 tenni a kertet. V\u00e1lassz tart\u00f3s\u00edtott f\u00e1t, hogy sok\u00e1ig b\u00edrja, a j\u00e1rda t\u00f6lt\u00e9s\u00e9hez pedig finom kavicsot haszn\u00e1lj, ami j\u00f3l vezeti el a vizet. Ez a megold\u00e1s egyszerre ad szerkezetet \u00e9s term\u00e9szetes hat\u00e1st, \u00edgy k\u00f6z\u00f6ss\u00e9gi vagy otthoni kertekn\u00e9l is bev\u00e1lik.<\/p>\n<h2>Ehet\u0151 kerti szeg\u00e9ly \u2013 hasznos \u00e9s sz\u00e9p egyszerre<\/h2>\n<p><img loading=\"lazy\" decoding=\"async\" width=\"700\" height=\"1050\" alt=\"Kanyarg\u00f3s kavicsos \u00f6sv\u00e9ny s\u00f6v\u00e9nnyel \u00e9s \u00e9l\u00e9nk sz\u00edn\u0171 ehet\u0151 n\u00f6v\u00e9nyekkel, p\u00e9ld\u00e1ul sal\u00e1t\u00e1kkal szeg\u00e9lyezve\" class=\"aligncenter size-full wp-image-2258\" src=\"https:\/\/doubletakedecor.com\/uploads\/2025\/07\/garden-edging-dtd-10.jpg\" srcset=\"https:\/\/doubletakedecor.com\/uploads\/2025\/07\/garden-edging-dtd-10.jpg 700w, https:\/\/doubletakedecor.com\/uploads\/2025\/07\/garden-edging-dtd-10-200x300.jpg 200w, https:\/\/doubletakedecor.com\/uploads\/2025\/07\/garden-edging-dtd-10-683x1024.jpg 683w, https:\/\/doubletakedecor.com\/uploads\/2025\/07\/garden-edging-dtd-10-96x144.jpg 96w, https:\/\/doubletakedecor.com\/uploads\/2025\/07\/garden-edging-dtd-10-280x420.jpg 280w, https:\/\/doubletakedecor.com\/uploads\/2025\/07\/garden-edging-dtd-10-320x480.jpg 320w, https:\/\/doubletakedecor.com\/uploads\/2025\/07\/garden-edging-dtd-10-360x540.jpg 360w, https:\/\/doubletakedecor.com\/uploads\/2025\/07\/garden-edging-dtd-10-363x545.jpg 363w, https:\/\/doubletakedecor.com\/uploads\/2025\/07\/garden-edging-dtd-10-370x555.jpg 370w, https:\/\/doubletakedecor.com\/uploads\/2025\/07\/garden-edging-dtd-10-400x600.jpg 400w, https:\/\/doubletakedecor.com\/uploads\/2025\/07\/garden-edging-dtd-10-560x840.jpg 560w, https:\/\/doubletakedecor.com\/uploads\/2025\/07\/garden-edging-dtd-10-480x720.jpg 480w\" sizes=\"auto, (max-width: 700px) 100vw, 700px\" \/><\/p>\n<p>K\u00e9sz\u00edts igaz\u00e1n k\u00fcl\u00f6nleges szeg\u00e9lyt ehet\u0151 n\u00f6v\u00e9nyekb\u0151l, p\u00e9ld\u00e1ul sz\u00ednes sal\u00e1t\u00e1kb\u00f3l \u00e9s f\u0171szern\u00f6v\u00e9nyekb\u0151l! \u00dcltesd \u0151ket a kavicsos \u00f6sv\u00e9ny k\u00e9t oldal\u00e1ra, \u00edgy nemcsak sz\u00e9pen elk\u00fcl\u00f6n\u00edtik a kertz\u00f3n\u00e1kat, de plusz term\u00e9st is adnak. Rendszeresen ny\u00edrd vissza \u0151ket, hogy sz\u00e9pen mutassanak \u00e9s ne n\u0151j\u00e9k t\u00fal a hely\u00fcket. Ez a megold\u00e1s egyszerre sz\u00ednes\u00edti a kertet \u00e9s lehet\u0151v\u00e9 teszi, hogy mindig friss n\u00f6v\u00e9nyeket sz\u00fcretelj a szezonban.<\/p>\n<h2>Rusztikus fa szeg\u00e9ly vir\u00e1g\u00e1gy\u00e1shoz<\/h2>\n<p><img loading=\"lazy\" decoding=\"async\" width=\"700\" height=\"1050\" alt=\"Vir\u00e1g\u00e1gy\u00e1s \u00e9l\u00e9nkpiros r\u00f3zs\u00e1kkal, rusztikus fa szeg\u00e9llyel, d\u00edszes kerti l\u00e1mp\u00e1val \u00e9s buja z\u00f6ld n\u00f6v\u00e9nyzettel\" class=\"aligncenter size-full wp-image-2264\" src=\"https:\/\/doubletakedecor.com\/uploads\/2025\/07\/garden-edging-dtd-11.jpg\" srcset=\"https:\/\/doubletakedecor.com\/uploads\/2025\/07\/garden-edging-dtd-11.jpg 700w, https:\/\/doubletakedecor.com\/uploads\/2025\/07\/garden-edging-dtd-11-200x300.jpg 200w, https:\/\/doubletakedecor.com\/uploads\/2025\/07\/garden-edging-dtd-11-683x1024.jpg 683w, https:\/\/doubletakedecor.com\/uploads\/2025\/07\/garden-edging-dtd-11-96x144.jpg 96w, https:\/\/doubletakedecor.com\/uploads\/2025\/07\/garden-edging-dtd-11-280x420.jpg 280w, https:\/\/doubletakedecor.com\/uploads\/2025\/07\/garden-edging-dtd-11-320x480.jpg 320w, https:\/\/doubletakedecor.com\/uploads\/2025\/07\/garden-edging-dtd-11-360x540.jpg 360w, https:\/\/doubletakedecor.com\/uploads\/2025\/07\/garden-edging-dtd-11-363x545.jpg 363w, https:\/\/doubletakedecor.com\/uploads\/2025\/07\/garden-edging-dtd-11-370x555.jpg 370w, https:\/\/doubletakedecor.com\/uploads\/2025\/07\/garden-edging-dtd-11-400x600.jpg 400w, https:\/\/doubletakedecor.com\/uploads\/2025\/07\/garden-edging-dtd-11-560x840.jpg 560w, https:\/\/doubletakedecor.com\/uploads\/2025\/07\/garden-edging-dtd-11-480x720.jpg 480w\" sizes=\"auto, (max-width: 700px) 100vw, 700px\" \/><\/p>\n<p>Emeld ki a vir\u00e1g\u00e1gy\u00e1saidat rusztikus fa szeg\u00e9llyel \u2013 \u00edgy rendezett marad a mulcs, \u00e9s melegebb, bar\u00e1ts\u00e1gosabb lesz a k\u00f6rnyezet a sz\u00ednes vir\u00e1gok k\u00f6z\u00f6tt. Tegy\u00e9l bel\u00fclre d\u00edszes napelemes l\u00e1mp\u00e1kat, hogy est\u00e9re is hangulatos legyen a kerted. Tart\u00f3s eredm\u00e9ny\u00e9rt v\u00e1lassz impregn\u00e1lt vagy term\u00e9szetes m\u00f3don ellen\u00e1ll\u00f3 faanyagot, mint a c\u00e9drus, hogy megv\u00e9dje a f\u00e1t a talajt\u00f3l.<\/p>\n<h2>Eleg\u00e1ns \u00edves szeg\u00e9ly vir\u00e1g\u00e1gy\u00e1sokhoz<\/h2>\n<p><img loading=\"lazy\" decoding=\"async\" width=\"700\" height=\"1050\" alt=\"Eleg\u00e1ns \u00edves szeg\u00e9ly v\u00e1lasztja el a d\u00fas p\u00e1zsitot a sz\u00ednes vir\u00e1g\u00e1gy\u00e1sokt\u00f3l, g\u00f6mb alak\u00fa bokrokkal \u00e9s kavicsos \u00f6sv\u00e9nyekkel\" class=\"aligncenter size-full wp-image-2270\" src=\"https:\/\/doubletakedecor.com\/uploads\/2025\/07\/garden-edging-dtd-12.jpg\" srcset=\"https:\/\/doubletakedecor.com\/uploads\/2025\/07\/garden-edging-dtd-12.jpg 700w, https:\/\/doubletakedecor.com\/uploads\/2025\/07\/garden-edging-dtd-12-200x300.jpg 200w, https:\/\/doubletakedecor.com\/uploads\/2025\/07\/garden-edging-dtd-12-683x1024.jpg 683w, https:\/\/doubletakedecor.com\/uploads\/2025\/07\/garden-edging-dtd-12-96x144.jpg 96w, https:\/\/doubletakedecor.com\/uploads\/2025\/07\/garden-edging-dtd-12-280x420.jpg 280w, https:\/\/doubletakedecor.com\/uploads\/2025\/07\/garden-edging-dtd-12-320x480.jpg 320w, https:\/\/doubletakedecor.com\/uploads\/2025\/07\/garden-edging-dtd-12-360x540.jpg 360w, https:\/\/doubletakedecor.com\/uploads\/2025\/07\/garden-edging-dtd-12-363x545.jpg 363w, https:\/\/doubletakedecor.com\/uploads\/2025\/07\/garden-edging-dtd-12-370x555.jpg 370w, https:\/\/doubletakedecor.com\/uploads\/2025\/07\/garden-edging-dtd-12-400x600.jpg 400w, https:\/\/doubletakedecor.com\/uploads\/2025\/07\/garden-edging-dtd-12-560x840.jpg 560w, https:\/\/doubletakedecor.com\/uploads\/2025\/07\/garden-edging-dtd-12-480x720.jpg 480w\" sizes=\"auto, (max-width: 700px) 100vw, 700px\" \/><\/p>\n<p>Alak\u00edts ki eleg\u00e1ns, \u00edves kertszeg\u00e9lyt kavicsos \u00f6sv\u00e9nyek mellett! Az \u00edv mellett \u00fcltesd be az \u00e1gy\u00e1st sz\u00ednes vir\u00e1gokkal \u2013 p\u00e9ld\u00e1ul r\u00f3zsasz\u00edn, feh\u00e9r \u00e9s lila vir\u00e1gokkal \u2013, amelyek frissen mutatnak a z\u00f6ld gyeppel. Tegy\u00e9l a szeg\u00e9lyhez g\u00f6mb alak\u00fa bokrokat, hogy \u00e9rdekesebb, tagoltabb legyen a kertk\u00e9p. \u00cdgy k\u00f6nnyebben \u00e1tl\u00e1thatod \u00e9s bej\u00e1rhatod a kertedet, \u00e9s minden r\u00e9sz harmonikus eg\u00e9szet alkot.<\/p>\n<h2>K\u00e9sz\u00edts rusztikus ker\u00edt\u00e9st fonott \u00e1gakb\u00f3l a term\u00e9szetes kerti hat\u00e1rokhoz<\/h2>\n<p><img loading=\"lazy\" decoding=\"async\" width=\"700\" height=\"1050\" alt=\"\u00d6sszefont \u00e1gakb\u00f3l k\u00e9sz\u00fclt ker\u00edt\u00e9s, amely term\u00e9szetes hat\u00e1rt alkot egy \u00e9l\u00e9nk kert k\u00f6r\u00fcl, ahonnan r\u00f3zsasz\u00edn \u00e9s feh\u00e9r vir\u00e1gok kandik\u00e1lnak ki\" class=\"aligncenter size-full wp-image-2276\" src=\"https:\/\/doubletakedecor.com\/uploads\/2025\/07\/garden-edging-dtd-13.jpg\" srcset=\"https:\/\/doubletakedecor.com\/uploads\/2025\/07\/garden-edging-dtd-13.jpg 700w, https:\/\/doubletakedecor.com\/uploads\/2025\/07\/garden-edging-dtd-13-200x300.jpg 200w, https:\/\/doubletakedecor.com\/uploads\/2025\/07\/garden-edging-dtd-13-683x1024.jpg 683w, https:\/\/doubletakedecor.com\/uploads\/2025\/07\/garden-edging-dtd-13-96x144.jpg 96w, https:\/\/doubletakedecor.com\/uploads\/2025\/07\/garden-edging-dtd-13-280x420.jpg 280w, https:\/\/doubletakedecor.com\/uploads\/2025\/07\/garden-edging-dtd-13-320x480.jpg 320w, https:\/\/doubletakedecor.com\/uploads\/2025\/07\/garden-edging-dtd-13-360x540.jpg 360w, https:\/\/doubletakedecor.com\/uploads\/2025\/07\/garden-edging-dtd-13-363x545.jpg 363w, https:\/\/doubletakedecor.com\/uploads\/2025\/07\/garden-edging-dtd-13-370x555.jpg 370w, https:\/\/doubletakedecor.com\/uploads\/2025\/07\/garden-edging-dtd-13-400x600.jpg 400w, https:\/\/doubletakedecor.com\/uploads\/2025\/07\/garden-edging-dtd-13-560x840.jpg 560w, https:\/\/doubletakedecor.com\/uploads\/2025\/07\/garden-edging-dtd-13-480x720.jpg 480w\" sizes=\"auto, (max-width: 700px) 100vw, 700px\" \/><\/p>\n<p>Var\u00e1zsolj mes\u00e9s kerti hat\u00e1rvonalat fonott \u00e1gakkal, amelyek vid\u00e9kies hangulatot adnak a kertednek. Gy\u0171jts hasonl\u00f3 vastags\u00e1g\u00fa, lehullott \u00e1gakat, \u00e9s f\u0171zd \u0151ket v\u00edzszintesen f\u00fcgg\u0151leges kar\u00f3k k\u00f6z\u00e9. Ezzel nemcsak k\u00f6rnyezetbar\u00e1t megold\u00e1st kapsz, hanem olyan szeg\u00e9lyt is, amin k\u00f6nnyen \u00e1tb\u00fajhatnak fut\u00f3n\u00f6v\u00e9nyek. Haszn\u00e1lj vastagabb \u00e1gakat oszlopnak, a v\u00e9konyabbakat pedig fon\u00e1shoz, hogy a ker\u00edt\u00e9s er\u0151s legyen.<\/p>\n<h2>Keretezz \u00e1gy\u00e1sokat d\u00edszk\u00f6vekkel a rendezett elegancia jegy\u00e9ben<\/h2>\n<p><img loading=\"lazy\" decoding=\"async\" width=\"700\" height=\"1050\" alt=\"T\u00e9glalap alak\u00fa vir\u00e1g\u00e1gy\u00e1s k\u00f6vekkel szeg\u00e9lyezve, lila \u00e9s feh\u00e9r vir\u00e1gokkal, mellette rendezett kockak\u0151 j\u00e1rda \u2013 eleg\u00e1ns kerti szeg\u00e9ly megold\u00e1s.\" class=\"aligncenter size-full wp-image-2282\" src=\"https:\/\/doubletakedecor.com\/uploads\/2025\/07\/garden-edging-dtd-14.jpg\" srcset=\"https:\/\/doubletakedecor.com\/uploads\/2025\/07\/garden-edging-dtd-14.jpg 700w, https:\/\/doubletakedecor.com\/uploads\/2025\/07\/garden-edging-dtd-14-200x300.jpg 200w, https:\/\/doubletakedecor.com\/uploads\/2025\/07\/garden-edging-dtd-14-683x1024.jpg 683w, https:\/\/doubletakedecor.com\/uploads\/2025\/07\/garden-edging-dtd-14-96x144.jpg 96w, https:\/\/doubletakedecor.com\/uploads\/2025\/07\/garden-edging-dtd-14-280x420.jpg 280w, https:\/\/doubletakedecor.com\/uploads\/2025\/07\/garden-edging-dtd-14-320x480.jpg 320w, https:\/\/doubletakedecor.com\/uploads\/2025\/07\/garden-edging-dtd-14-360x540.jpg 360w, https:\/\/doubletakedecor.com\/uploads\/2025\/07\/garden-edging-dtd-14-363x545.jpg 363w, https:\/\/doubletakedecor.com\/uploads\/2025\/07\/garden-edging-dtd-14-370x555.jpg 370w, https:\/\/doubletakedecor.com\/uploads\/2025\/07\/garden-edging-dtd-14-400x600.jpg 400w, https:\/\/doubletakedecor.com\/uploads\/2025\/07\/garden-edging-dtd-14-560x840.jpg 560w, https:\/\/doubletakedecor.com\/uploads\/2025\/07\/garden-edging-dtd-14-480x720.jpg 480w\" sizes=\"auto, (max-width: 700px) 100vw, 700px\" \/><\/p>\n<p>Hangs\u00falyozd a kerted hangulat\u00e1t k\u00f6vekkel szeg\u00e9lyezett, t\u00e9glalap alak\u00fa vir\u00e1g\u00e1gy\u00e1ssal! A k\u00f6vezett \u00f6sv\u00e9ny rendezett\u00e9 teszi a l\u00e1tv\u00e1nyt, mik\u00f6zben k\u00e9nyelmes utat biztos\u00edt. \u00dcltess sz\u00ednes, elt\u00e9r\u0151 magass\u00e1g\u00fa vir\u00e1gokat, hogy \u00e9rdekes legyen az \u00f6sszk\u00e9p. \u00dcgyelj arra, hogy a k\u00f6vek k\u00f6z\u00f6tt legyen el\u00e9g hely, \u00edgy nem n\u0151 \u00e1t a gaz, \u00e9s sz\u00e9p, tiszta szeg\u00e9lyed marad. Ez a megold\u00e1s egyes\u00edti a gondozott vir\u00e1gokat \u00e9s a tart\u00f3s burkolatot, \u00edgy igazi profi hat\u00e1st \u00e9rhetsz el a kertedben.<\/p>\n<h2>Tervezz kavicsos s\u00e9t\u00e1nyt term\u00e9szetes k\u0151 szeg\u00e9llyel<\/h2>\n<p><img loading=\"lazy\" decoding=\"async\" width=\"700\" height=\"1050\" alt=\"Kanyarg\u00f3s kerti \u00f6sv\u00e9ny sima kavicsokb\u00f3l, amelyet nagyobb k\u00f6vek szeg\u00e9lyeznek, k\u00f6r\u00fcl\u00f6tte z\u00f6ld gyep \u00e9s \u00e9l\u00e9nk s\u00e1rga vir\u00e1gok.\" class=\"aligncenter size-full wp-image-2288\" src=\"https:\/\/doubletakedecor.com\/uploads\/2025\/07\/garden-edging-dtd-15.jpg\" srcset=\"https:\/\/doubletakedecor.com\/uploads\/2025\/07\/garden-edging-dtd-15.jpg 700w, https:\/\/doubletakedecor.com\/uploads\/2025\/07\/garden-edging-dtd-15-200x300.jpg 200w, https:\/\/doubletakedecor.com\/uploads\/2025\/07\/garden-edging-dtd-15-683x1024.jpg 683w, https:\/\/doubletakedecor.com\/uploads\/2025\/07\/garden-edging-dtd-15-96x144.jpg 96w, https:\/\/doubletakedecor.com\/uploads\/2025\/07\/garden-edging-dtd-15-280x420.jpg 280w, https:\/\/doubletakedecor.com\/uploads\/2025\/07\/garden-edging-dtd-15-320x480.jpg 320w, https:\/\/doubletakedecor.com\/uploads\/2025\/07\/garden-edging-dtd-15-360x540.jpg 360w, https:\/\/doubletakedecor.com\/uploads\/2025\/07\/garden-edging-dtd-15-363x545.jpg 363w, https:\/\/doubletakedecor.com\/uploads\/2025\/07\/garden-edging-dtd-15-370x555.jpg 370w, https:\/\/doubletakedecor.com\/uploads\/2025\/07\/garden-edging-dtd-15-400x600.jpg 400w, https:\/\/doubletakedecor.com\/uploads\/2025\/07\/garden-edging-dtd-15-560x840.jpg 560w, https:\/\/doubletakedecor.com\/uploads\/2025\/07\/garden-edging-dtd-15-480x720.jpg 480w\" sizes=\"auto, (max-width: 700px) 100vw, 700px\" \/><\/p>\n<p>Vidd lend\u00fcletet \u00e9s eleganci\u00e1t a kertedbe egy kavicsos s\u00e9t\u00e1nnyal, amelyet nagyobb k\u00f6vek szeg\u00e9lyeznek. A sima kavicsok \u00e9s a massz\u00edv k\u0151 sz\u00e9lek l\u00e1tv\u00e1nyosan kieg\u00e9sz\u00edtik egym\u00e1st, mik\u00f6zben term\u00e9szetes marad a hangulat. \u00dcltess sz\u00ednes vir\u00e1gokat a s\u00e9t\u00e1ny mell\u00e9, hogy m\u00e9g figyelemfelkelt\u0151bb legyen az \u00f6sszhat\u00e1s. Ez a megold\u00e1s kev\u00e9s t\u00f6r\u0151d\u00e9st ig\u00e9nyel, \u00e9s b\u00e1rmilyen st\u00edlus\u00fa kertben j\u00f3l mutat.<\/p>\n<h2>K\u00e9sz\u00edts vid\u00e1m kerti szeg\u00e9lyt \u00fajrahasznos\u00edtott \u00fcvegekkel<\/h2>\n<p><img loading=\"lazy\" decoding=\"async\" width=\"700\" height=\"1050\" alt=\"Dekorat\u00edv kerti hat\u00e1r, amelyben fel\u00e1ll\u00edtott z\u00f6ld \u00e9s \u00e1tl\u00e1tsz\u00f3 \u00fcvegek alkotnak j\u00e1t\u00e9kos szeg\u00e9lyt fiatal n\u00f6v\u00e9nyek mellett, feh\u00e9r kavics\u00e1gyon.\" class=\"aligncenter size-full wp-image-2294\" src=\"https:\/\/doubletakedecor.com\/uploads\/2025\/07\/garden-edging-dtd-16.jpg\" srcset=\"https:\/\/doubletakedecor.com\/uploads\/2025\/07\/garden-edging-dtd-16.jpg 700w, https:\/\/doubletakedecor.com\/uploads\/2025\/07\/garden-edging-dtd-16-200x300.jpg 200w, https:\/\/doubletakedecor.com\/uploads\/2025\/07\/garden-edging-dtd-16-683x1024.jpg 683w, https:\/\/doubletakedecor.com\/uploads\/2025\/07\/garden-edging-dtd-16-96x144.jpg 96w, https:\/\/doubletakedecor.com\/uploads\/2025\/07\/garden-edging-dtd-16-280x420.jpg 280w, https:\/\/doubletakedecor.com\/uploads\/2025\/07\/garden-edging-dtd-16-320x480.jpg 320w, https:\/\/doubletakedecor.com\/uploads\/2025\/07\/garden-edging-dtd-16-360x540.jpg 360w, https:\/\/doubletakedecor.com\/uploads\/2025\/07\/garden-edging-dtd-16-363x545.jpg 363w, https:\/\/doubletakedecor.com\/uploads\/2025\/07\/garden-edging-dtd-16-370x555.jpg 370w, https:\/\/doubletakedecor.com\/uploads\/2025\/07\/garden-edging-dtd-16-400x600.jpg 400w, https:\/\/doubletakedecor.com\/uploads\/2025\/07\/garden-edging-dtd-16-560x840.jpg 560w, https:\/\/doubletakedecor.com\/uploads\/2025\/07\/garden-edging-dtd-16-480x720.jpg 480w\" sizes=\"auto, (max-width: 700px) 100vw, 700px\" \/><\/p>\n<p>Haszn\u00e1ld fel a felesleges \u00fcvegeket egy k\u00fcl\u00f6nleges kerti szeg\u00e9lyhez! Ford\u00edtsd fejjel lefel\u00e9 az \u00fcvegeket, majd nyomd \u0151ket biztosan a f\u00f6ldbe. V\u00e1lassz sz\u00ednes \u00fcveget, hogy a napf\u00e9ny sz\u00e9p \u00e1rnyalatokat var\u00e1zsoljon a kertbe. Feh\u00e9r kaviccsal p\u00e1ros\u00edtva m\u00e9g ink\u00e1bb kiemelkedik a hat\u00e1s. Ez a l\u00e1tv\u00e1nyos, k\u00f6rnyezetk\u00edm\u00e9l\u0151 \u00f6tlet nemcsak feldobja a kerted, hanem hasznoss\u00e1 teszi a r\u00e9gi \u00fcvegeket is.<\/p>\n<h2>Emeld ki kerted sz\u00e9ps\u00e9g\u00e9t \u00edves k\u0151j\u00e1rd\u00e1kkal<\/h2>\n<p><img loading=\"lazy\" decoding=\"async\" width=\"700\" height=\"1050\" alt=\"Gondosan kialak\u00edtott kert, amiben kanyarg\u00f3 k\u0151\u00f6sv\u00e9ny vezet vir\u00e1g\u00e1gy\u00e1sok k\u00f6z\u00f6tt, ahol \u00e1rny\u00e9kliliomok, r\u00f3zsasz\u00edn vir\u00e1gok \u00e9s s\u00f6t\u00e9t mulcs emeli ki a h\u00e1z el\u0151kertj\u00e9t.\" class=\"aligncenter size-full wp-image-2300\" src=\"https:\/\/doubletakedecor.com\/uploads\/2025\/07\/garden-edging-dtd-17.jpg\" srcset=\"https:\/\/doubletakedecor.com\/uploads\/2025\/07\/garden-edging-dtd-17.jpg 700w, https:\/\/doubletakedecor.com\/uploads\/2025\/07\/garden-edging-dtd-17-200x300.jpg 200w, https:\/\/doubletakedecor.com\/uploads\/2025\/07\/garden-edging-dtd-17-683x1024.jpg 683w, https:\/\/doubletakedecor.com\/uploads\/2025\/07\/garden-edging-dtd-17-96x144.jpg 96w, https:\/\/doubletakedecor.com\/uploads\/2025\/07\/garden-edging-dtd-17-280x420.jpg 280w, https:\/\/doubletakedecor.com\/uploads\/2025\/07\/garden-edging-dtd-17-320x480.jpg 320w, https:\/\/doubletakedecor.com\/uploads\/2025\/07\/garden-edging-dtd-17-360x540.jpg 360w, https:\/\/doubletakedecor.com\/uploads\/2025\/07\/garden-edging-dtd-17-363x545.jpg 363w, https:\/\/doubletakedecor.com\/uploads\/2025\/07\/garden-edging-dtd-17-370x555.jpg 370w, https:\/\/doubletakedecor.com\/uploads\/2025\/07\/garden-edging-dtd-17-400x600.jpg 400w, https:\/\/doubletakedecor.com\/uploads\/2025\/07\/garden-edging-dtd-17-560x840.jpg 560w, https:\/\/doubletakedecor.com\/uploads\/2025\/07\/garden-edging-dtd-17-480x720.jpg 480w\" sizes=\"auto, (max-width: 700px) 100vw, 700px\" \/><\/p>\n<p>Alak\u00edtsd ki kerted szerkezet\u00e9t kanyarg\u00f3 k\u0151j\u00e1rd\u00e1kkal, amelyek term\u00e9szetesen vezetik a tekintetet a n\u00f6v\u00e9nyek k\u00f6z\u00f6tt. Haszn\u00e1lj s\u00f6t\u00e9tbarna mulcsot, hogy l\u00e1tv\u00e1nyos legyen a hat\u00e1r a n\u00f6v\u00e9nyek \u00e9s az utak k\u00f6z\u00f6tt. Kombin\u00e1ld a k\u00fcl\u00f6nb\u00f6z\u0151 text\u00far\u00e1kat \u00e9s magass\u00e1gokat a be\u00fcltetett n\u00f6v\u00e9nyekn\u00e9l, \u00edgy izgalmasabb lesz az \u00f6sszk\u00e9p. Ezzel a profi megold\u00e1ssal nemcsak szebb lesz a kerted, hanem j\u00f3l elv\u00e1lasztott, k\u00fcl\u00f6n kerti r\u00e9szeket is kialak\u00edthatsz.<\/p>\n<h2>Dobd fel kertedet kavicsj\u00e1rd\u00e1val, amit sz\u00ednes vir\u00e1gszeg\u00e9ly \u00f6lel k\u00f6rbe<\/h2>\n<p><img loading=\"lazy\" decoding=\"async\" width=\"700\" height=\"1050\" alt=\"Gy\u00f6ny\u00f6r\u0171en kialak\u00edtott kert k\u00f6z\u00e9pen kavicsos \u00fattal, k\u00e9t oldal\u00e1n \u00e9l\u00e9nk r\u00f3zsasz\u00edn, lila \u00e9s feh\u00e9r tulip\u00e1nok sorakoznak rendezett \u00e1gy\u00e1sokban.\" class=\"aligncenter size-full wp-image-2306\" src=\"https:\/\/doubletakedecor.com\/uploads\/2025\/07\/garden-edging-dtd-18.jpg\" srcset=\"https:\/\/doubletakedecor.com\/uploads\/2025\/07\/garden-edging-dtd-18.jpg 700w, https:\/\/doubletakedecor.com\/uploads\/2025\/07\/garden-edging-dtd-18-200x300.jpg 200w, https:\/\/doubletakedecor.com\/uploads\/2025\/07\/garden-edging-dtd-18-683x1024.jpg 683w, https:\/\/doubletakedecor.com\/uploads\/2025\/07\/garden-edging-dtd-18-96x144.jpg 96w, https:\/\/doubletakedecor.com\/uploads\/2025\/07\/garden-edging-dtd-18-280x420.jpg 280w, https:\/\/doubletakedecor.com\/uploads\/2025\/07\/garden-edging-dtd-18-320x480.jpg 320w, https:\/\/doubletakedecor.com\/uploads\/2025\/07\/garden-edging-dtd-18-360x540.jpg 360w, https:\/\/doubletakedecor.com\/uploads\/2025\/07\/garden-edging-dtd-18-363x545.jpg 363w, https:\/\/doubletakedecor.com\/uploads\/2025\/07\/garden-edging-dtd-18-370x555.jpg 370w, https:\/\/doubletakedecor.com\/uploads\/2025\/07\/garden-edging-dtd-18-400x600.jpg 400w, https:\/\/doubletakedecor.com\/uploads\/2025\/07\/garden-edging-dtd-18-560x840.jpg 560w, https:\/\/doubletakedecor.com\/uploads\/2025\/07\/garden-edging-dtd-18-480x720.jpg 480w\" sizes=\"auto, (max-width: 700px) 100vw, 700px\" \/><\/p>\n<p>V\u00e1lj\u00e9k kerted d\u00edsz\u00e9v\u00e9 egy egyszer\u0171 kavicsj\u00e1rda, amelyet mindk\u00e9t oldalon tulip\u00e1nok szeg\u00e9lyeznek. Fekete mulccsal m\u00e9g jobban kiemelheted a vir\u00e1gsz\u00edneket, \u00e9s sz\u00e9p, tiszta hat\u00e1rt h\u00fazhatsz a gyalog\u00fat \u00e9s a n\u00f6v\u00e9nyek k\u00f6z\u00f6tt. \u00dcltess hasonl\u00f3 sz\u00edn\u0171 tulip\u00e1nokat csoportokban, hogy l\u00e1tv\u00e1nyosabb legyen a hat\u00e1s, mell\u00e9 pedig \u00f6r\u00f6kz\u00f6ldet, \u00edgy t\u00e9len is sz\u00e9p marad a kerted. Ez a klasszikus kialak\u00edt\u00e1s b\u00e1rmilyen m\u00e9ret\u0171 kertben j\u00f3l \u00e9rv\u00e9nyes\u00fcl.<\/p>\n<h2>V\u00e1lassz term\u00e9szetes kavics\u00f6sv\u00e9nyt a kerti ter\u00fcletek elhat\u00e1rol\u00e1s\u00e1ra<\/h2>\n<p><img loading=\"lazy\" decoding=\"async\" width=\"700\" height=\"1050\" alt=\"Sz\u00e9pen kialak\u00edtott kert lila, r\u00f3zsasz\u00edn \u00e9s feh\u00e9r vir\u00e1gokkal, amelyek kavicsos utat szeg\u00e9lyeznek, a sz\u00e9l\u00e9n rendezett bokrok \u00e9s gyep.\" class=\"aligncenter size-full wp-image-2312\" src=\"https:\/\/doubletakedecor.com\/uploads\/2025\/07\/garden-edging-dtd-19.jpg\" srcset=\"https:\/\/doubletakedecor.com\/uploads\/2025\/07\/garden-edging-dtd-19.jpg 700w, https:\/\/doubletakedecor.com\/uploads\/2025\/07\/garden-edging-dtd-19-200x300.jpg 200w, https:\/\/doubletakedecor.com\/uploads\/2025\/07\/garden-edging-dtd-19-683x1024.jpg 683w, https:\/\/doubletakedecor.com\/uploads\/2025\/07\/garden-edging-dtd-19-96x144.jpg 96w, https:\/\/doubletakedecor.com\/uploads\/2025\/07\/garden-edging-dtd-19-280x420.jpg 280w, https:\/\/doubletakedecor.com\/uploads\/2025\/07\/garden-edging-dtd-19-320x480.jpg 320w, https:\/\/doubletakedecor.com\/uploads\/2025\/07\/garden-edging-dtd-19-360x540.jpg 360w, https:\/\/doubletakedecor.com\/uploads\/2025\/07\/garden-edging-dtd-19-363x545.jpg 363w, https:\/\/doubletakedecor.com\/uploads\/2025\/07\/garden-edging-dtd-19-370x555.jpg 370w, https:\/\/doubletakedecor.com\/uploads\/2025\/07\/garden-edging-dtd-19-400x600.jpg 400w, https:\/\/doubletakedecor.com\/uploads\/2025\/07\/garden-edging-dtd-19-560x840.jpg 560w, https:\/\/doubletakedecor.com\/uploads\/2025\/07\/garden-edging-dtd-19-480x720.jpg 480w\" sizes=\"auto, (max-width: 700px) 100vw, 700px\" \/><\/p>\n<p>Haszn\u00e1lj \u00edves kavicsos utakat, hogy eleg\u00e1nsan elv\u00e1lassz k\u00fcl\u00f6nb\u00f6z\u0151 kerti r\u00e9szeket. Szeg\u00e9lyezd ezeket az utakat lila, r\u00f3zsasz\u00edn \u00e9s feh\u00e9r vir\u00e1gokkal az \u00e9l\u00e9nk kontraszt kedv\u00e9\u00e9rt. Figyelj arra, hogy sz\u00e9p, hat\u00e1rozott sz\u00e9le legyen a kavicsnak, \u00edgy nem keveredik el a n\u00f6v\u00e9nyekkel. Ennek a megold\u00e1snak az el\u0151nye, hogy nagyon j\u00f3 a v\u00edzelvezet\u00e9se, \u00e9s kev\u00e9s gondoz\u00e1st ig\u00e9nyel, m\u00e9gis praktikus \u00f6sv\u00e9nyeket hoz l\u00e9tre.<\/p>\n<p><h2>Alak\u00edts ki sz\u00e9p \u00edveket term\u00e9szetes kavicsszeg\u00e9llyel<\/h2>\n<p><img loading=\"lazy\" decoding=\"async\" width=\"700\" height=\"1050\" alt=\"Gondosan ny\u00edrt kert, amelyben \u00edves gyalog\u00fat ment\u00e9n kavicsszeg\u00e9ly, d\u00fas z\u00f6ld n\u00f6v\u00e9nyzet \u00e9s pihen\u00e9sre h\u00edv\u00f3 fa pad tal\u00e1lhat\u00f3.\" class=\"aligncenter size-full wp-image-2318\" src=\"https:\/\/doubletakedecor.com\/uploads\/2025\/07\/garden-edging-dtd-20.jpg\" srcset=\"https:\/\/doubletakedecor.com\/uploads\/2025\/07\/garden-edging-dtd-20.jpg 700w, https:\/\/doubletakedecor.com\/uploads\/2025\/07\/garden-edging-dtd-20-200x300.jpg 200w, https:\/\/doubletakedecor.com\/uploads\/2025\/07\/garden-edging-dtd-20-683x1024.jpg 683w, https:\/\/doubletakedecor.com\/uploads\/2025\/07\/garden-edging-dtd-20-96x144.jpg 96w, https:\/\/doubletakedecor.com\/uploads\/2025\/07\/garden-edging-dtd-20-280x420.jpg 280w, https:\/\/doubletakedecor.com\/uploads\/2025\/07\/garden-edging-dtd-20-320x480.jpg 320w, https:\/\/doubletakedecor.com\/uploads\/2025\/07\/garden-edging-dtd-20-360x540.jpg 360w, https:\/\/doubletakedecor.com\/uploads\/2025\/07\/garden-edging-dtd-20-363x545.jpg 363w, https:\/\/doubletakedecor.com\/uploads\/2025\/07\/garden-edging-dtd-20-370x555.jpg 370w, https:\/\/doubletakedecor.com\/uploads\/2025\/07\/garden-edging-dtd-20-400x600.jpg 400w, https:\/\/doubletakedecor.com\/uploads\/2025\/07\/garden-edging-dtd-20-560x840.jpg 560w, https:\/\/doubletakedecor.com\/uploads\/2025\/07\/garden-edging-dtd-20-480x720.jpg 480w\" sizes=\"auto, (max-width: 700px) 100vw, 700px\" \/><\/p>\n<p>Form\u00e1ld meg a gyep hat\u00e1rait sima kavicsszeg\u00e9llyel, amelyek \u00edves \u00f6sv\u00e9nyek mellett futnak. Ez a term\u00e9szetes szeg\u00e9ly nemcsak megjelen\u00e9s\u00e9ben l\u00e1tv\u00e1nyos, de t\u00e1vol tartja a f\u00fcvet a vir\u00e1g\u00e1gy\u00e1sokt\u00f3l is. \u00c1ss el\u0151sz\u00f6r egy sek\u00e9ly \u00e1rkot, \u00e9s ebbe rakd le a k\u00f6veket, hogy stabilan \u00e1lljanak. Az \u00edvelt vonalak v\u00e9gigvezetik a tekintetet a kerteden, mik\u00f6zben hossz\u00fa t\u00e1v\u00fa, kev\u00e9s t\u00f6r\u0151d\u00e9st ig\u00e9nyl\u0151 megold\u00e1st kapsz.<\/p>\n<h2>Kanyar\u00edts egy izgalmas k\u0151\u00f6sv\u00e9nyt a kert sz\u00e9l\u00e9re<\/h2>\n<p><img loading=\"lazy\" decoding=\"async\" width=\"700\" height=\"1050\" alt=\"D\u00fas kert lila \u00e9s s\u00e1rga vir\u00e1gokkal, amelyeket egy szab\u00e1lytalan k\u00f6vekb\u0151l kirakott s\u00e9t\u00e1ny hat\u00e1rol, \u00edgy a funkci\u00f3 \u00e9s a sz\u00e9ps\u00e9g harmonikusan tal\u00e1lkozik.\" class=\"aligncenter size-full wp-image-2324\" src=\"https:\/\/doubletakedecor.com\/uploads\/2025\/07\/garden-edging-dtd-21.jpg\" srcset=\"https:\/\/doubletakedecor.com\/uploads\/2025\/07\/garden-edging-dtd-21.jpg 700w, https:\/\/doubletakedecor.com\/uploads\/2025\/07\/garden-edging-dtd-21-200x300.jpg 200w, https:\/\/doubletakedecor.com\/uploads\/2025\/07\/garden-edging-dtd-21-683x1024.jpg 683w, https:\/\/doubletakedecor.com\/uploads\/2025\/07\/garden-edging-dtd-21-96x144.jpg 96w, https:\/\/doubletakedecor.com\/uploads\/2025\/07\/garden-edging-dtd-21-280x420.jpg 280w, https:\/\/doubletakedecor.com\/uploads\/2025\/07\/garden-edging-dtd-21-320x480.jpg 320w, https:\/\/doubletakedecor.com\/uploads\/2025\/07\/garden-edging-dtd-21-360x540.jpg 360w, https:\/\/doubletakedecor.com\/uploads\/2025\/07\/garden-edging-dtd-21-363x545.jpg 363w, https:\/\/doubletakedecor.com\/uploads\/2025\/07\/garden-edging-dtd-21-370x555.jpg 370w, https:\/\/doubletakedecor.com\/uploads\/2025\/07\/garden-edging-dtd-21-400x600.jpg 400w, https:\/\/doubletakedecor.com\/uploads\/2025\/07\/garden-edging-dtd-21-560x840.jpg 560w, https:\/\/doubletakedecor.com\/uploads\/2025\/07\/garden-edging-dtd-21-480x720.jpg 480w\" sizes=\"auto, (max-width: 700px) 100vw, 700px\" \/><\/p>\n<p>Fektesd le szab\u00e1lytalan alak\u00fa k\u00f6vekb\u0151l a szeg\u00e9lyt, hogy elv\u00e1laszd a gyepet a vir\u00e1g\u00e1gy\u00e1sokt\u00f3l. Ez a term\u00e9szetes \u00f6sv\u00e9ny nem csak j\u00e1rhat\u00f3v\u00e1 teszi a kertet, hanem megakad\u00e1lyozza, hogy a f\u0171 ben\u0151j\u00f6n a vir\u00e1gok k\u00f6z\u00e9. Olyan k\u00f6veket v\u00e1lassz, amelyek passzolnak a kertedhez, \u00e9s hagyj kis h\u00e9zagokat a j\u00f3 v\u00edzelvezet\u00e9shez. Ezzel a megold\u00e1ssal b\u00e1rmilyen kert m\u00e9ret\u00e9ben izgalmas l\u00e1tv\u00e1nyt \u00e9rhetsz el.<\/p>\n<h2>\u00cdvelt k\u0151szeg\u00e9ly, hogy t\u00f6k\u00e9letes kerted legyen<\/h2>\n<p><img loading=\"lazy\" decoding=\"async\" width=\"700\" height=\"1050\" alt=\"\u00cdves kerti szeg\u00e9lyben d\u00edszk\u00f6vek v\u00e1lasztj\u00e1k el a s\u0171r\u0171 z\u00f6ld gyepet az \u00e9l\u00e9nk r\u00f3zsasz\u00edn, s\u00e1rga \u00e9s narancs vir\u00e1g\u00e1gy\u00e1sokt\u00f3l\" class=\"aligncenter size-full wp-image-2330\" src=\"https:\/\/doubletakedecor.com\/uploads\/2025\/07\/garden-edging-dtd-22.jpg\" srcset=\"https:\/\/doubletakedecor.com\/uploads\/2025\/07\/garden-edging-dtd-22.jpg 700w, https:\/\/doubletakedecor.com\/uploads\/2025\/07\/garden-edging-dtd-22-200x300.jpg 200w, https:\/\/doubletakedecor.com\/uploads\/2025\/07\/garden-edging-dtd-22-683x1024.jpg 683w, https:\/\/doubletakedecor.com\/uploads\/2025\/07\/garden-edging-dtd-22-96x144.jpg 96w, https:\/\/doubletakedecor.com\/uploads\/2025\/07\/garden-edging-dtd-22-280x420.jpg 280w, https:\/\/doubletakedecor.com\/uploads\/2025\/07\/garden-edging-dtd-22-320x480.jpg 320w, https:\/\/doubletakedecor.com\/uploads\/2025\/07\/garden-edging-dtd-22-360x540.jpg 360w, https:\/\/doubletakedecor.com\/uploads\/2025\/07\/garden-edging-dtd-22-363x545.jpg 363w, https:\/\/doubletakedecor.com\/uploads\/2025\/07\/garden-edging-dtd-22-370x555.jpg 370w, https:\/\/doubletakedecor.com\/uploads\/2025\/07\/garden-edging-dtd-22-400x600.jpg 400w, https:\/\/doubletakedecor.com\/uploads\/2025\/07\/garden-edging-dtd-22-560x840.jpg 560w, https:\/\/doubletakedecor.com\/uploads\/2025\/07\/garden-edging-dtd-22-480x720.jpg 480w\" sizes=\"auto, (max-width: 700px) 100vw, 700px\" \/><\/p>\n<p>Helyezz el d\u00edsz\u00edt\u0151 k\u00f6veket a gyep \u00e9s a vir\u00e1g\u00e1gy\u00e1sok k\u00f6z\u00e9, hogy sz\u00e9p, tiszta v\u00e1laszt\u00f3vonalat kapj. Ez a profi kin\u00e9zet\u0171 szeg\u00e9ly megakad\u00e1lyozza, hogy a f\u0171 ben\u0151j\u00f6n a vir\u00e1gok k\u00f6z\u00e9, \u00e9s m\u00e9g jobban kiemeli a sz\u00ednes n\u00f6v\u00e9nyeket. Olyan k\u00f6vek k\u00f6z\u00fcl v\u00e1lassz, amelyek illenek a kert sz\u00edneihez, hogy egys\u00e9ges legyen a l\u00e1tv\u00e1ny. Az \u00edves forma k\u00fcl\u00f6nlegesebb\u00e9 teszi az \u00f6sszk\u00e9pet, sz\u00e9pen k\u00f6r\u00fcl\u00f6lelve a vir\u00e1gokat.<\/p>\n<h2>Eleg\u00e1ns kert\u00f6sv\u00e9ny term\u00e9szetes k\u0151lapokkal<\/h2>\n<p><img loading=\"lazy\" decoding=\"async\" width=\"700\" height=\"1050\" alt=\"Hangulatos kerti \u00fat szab\u00e1lytalan k\u0151lapokkal, amelyet buja n\u00f6v\u00e9nyzet \u00e9s r\u00f3zsasz\u00edn vir\u00e1gok szeg\u00e9lyeznek, \u00e9s egy k\u0151 \u00fcl\u0151sarokhoz vezet.\" class=\"aligncenter size-full wp-image-2336\" src=\"https:\/\/doubletakedecor.com\/uploads\/2025\/07\/garden-edging-dtd-23.jpg\" srcset=\"https:\/\/doubletakedecor.com\/uploads\/2025\/07\/garden-edging-dtd-23.jpg 700w, https:\/\/doubletakedecor.com\/uploads\/2025\/07\/garden-edging-dtd-23-200x300.jpg 200w, https:\/\/doubletakedecor.com\/uploads\/2025\/07\/garden-edging-dtd-23-683x1024.jpg 683w, https:\/\/doubletakedecor.com\/uploads\/2025\/07\/garden-edging-dtd-23-96x144.jpg 96w, https:\/\/doubletakedecor.com\/uploads\/2025\/07\/garden-edging-dtd-23-280x420.jpg 280w, https:\/\/doubletakedecor.com\/uploads\/2025\/07\/garden-edging-dtd-23-320x480.jpg 320w, https:\/\/doubletakedecor.com\/uploads\/2025\/07\/garden-edging-dtd-23-360x540.jpg 360w, https:\/\/doubletakedecor.com\/uploads\/2025\/07\/garden-edging-dtd-23-363x545.jpg 363w, https:\/\/doubletakedecor.com\/uploads\/2025\/07\/garden-edging-dtd-23-370x555.jpg 370w, https:\/\/doubletakedecor.com\/uploads\/2025\/07\/garden-edging-dtd-23-400x600.jpg 400w, https:\/\/doubletakedecor.com\/uploads\/2025\/07\/garden-edging-dtd-23-560x840.jpg 560w, https:\/\/doubletakedecor.com\/uploads\/2025\/07\/garden-edging-dtd-23-480x720.jpg 480w\" sizes=\"auto, (max-width: 700px) 100vw, 700px\" \/><\/p>\n<p>Dobd fel a kerted \u00f6sszk\u00e9p\u00e9t k\u00fcl\u00f6nb\u00f6z\u0151 form\u00e1j\u00fa \u00e9s \u00e1rnyalat\u00fa k\u0151lapokkal. Hagyj k\u00f6zt\u00fck kisebb h\u00e9zagokat, hogy a talajtakar\u00f3 n\u00f6v\u00e9nyek k\u00f6z\u00f6tt\u00fck is kib\u00fajhassanak, \u00edgy term\u00e9szetesebb lesz a l\u00e1tv\u00e1ny. Haszn\u00e1lj k\u00fcl\u00f6nb\u00f6z\u0151 m\u00e9ret\u0171 k\u00f6veket az organikus hat\u00e1s\u00e9rt, \u00e9s k\u00e9sz\u00edts stabil alapot, hogy ne mozduljanak el. Az \u00edves \u00f6sv\u00e9nyre minden szem r\u00e1t\u00e9ved majd, ahogy a kerten v\u00e9gigs\u00e9t\u00e1lsz.<\/p>\n<h2>K\u00e9sz\u00edts l\u00e1tv\u00e1nyos kerti utat vegyes sz\u00edn\u0171, szab\u00e1lytalan k\u0151lapokb\u00f3l<\/h2>\n<p><img loading=\"lazy\" decoding=\"async\" width=\"700\" height=\"1050\" alt=\"\u00cdves kerti \u00f6sv\u00e9ny vil\u00e1gos \u00e9s s\u00f6t\u00e9t sz\u00edn\u0171, szab\u00e1lytalan k\u00f6vekb\u0151l, amely \u00e1tkanyarog a z\u00f6ld p\u00e1zsiton, mellett\u00fck ny\u00edrt s\u00f6v\u00e9nyek szeg\u00e9lyezik az utat.\" class=\"aligncenter size-full wp-image-2342\" src=\"https:\/\/doubletakedecor.com\/uploads\/2025\/07\/garden-edging-dtd-24.jpg\" srcset=\"https:\/\/doubletakedecor.com\/uploads\/2025\/07\/garden-edging-dtd-24.jpg 700w, https:\/\/doubletakedecor.com\/uploads\/2025\/07\/garden-edging-dtd-24-200x300.jpg 200w, https:\/\/doubletakedecor.com\/uploads\/2025\/07\/garden-edging-dtd-24-683x1024.jpg 683w, https:\/\/doubletakedecor.com\/uploads\/2025\/07\/garden-edging-dtd-24-96x144.jpg 96w, https:\/\/doubletakedecor.com\/uploads\/2025\/07\/garden-edging-dtd-24-280x420.jpg 280w, https:\/\/doubletakedecor.com\/uploads\/2025\/07\/garden-edging-dtd-24-320x480.jpg 320w, https:\/\/doubletakedecor.com\/uploads\/2025\/07\/garden-edging-dtd-24-360x540.jpg 360w, https:\/\/doubletakedecor.com\/uploads\/2025\/07\/garden-edging-dtd-24-363x545.jpg 363w, https:\/\/doubletakedecor.com\/uploads\/2025\/07\/garden-edging-dtd-24-370x555.jpg 370w, https:\/\/doubletakedecor.com\/uploads\/2025\/07\/garden-edging-dtd-24-400x600.jpg 400w, https:\/\/doubletakedecor.com\/uploads\/2025\/07\/garden-edging-dtd-24-560x840.jpg 560w, https:\/\/doubletakedecor.com\/uploads\/2025\/07\/garden-edging-dtd-24-480x720.jpg 480w\" sizes=\"auto, (max-width: 700px) 100vw, 700px\" \/><\/p>\n<p>Emeld ki a kertedet egy \u00edves k\u0151j\u00e1rd\u00e1val, amelyhez vil\u00e1gos \u00e9s s\u00f6t\u00e9t sz\u00edn\u0171, szab\u00e1lytalan lapokat haszn\u00e1lsz. Rakd a k\u00f6veket szorosan egym\u00e1s mell\u00e9, hogy \u00f6sszef\u00fcgg\u0151 k\u00e9pet kapj, \u00e9s szeg\u00e9lyezd rendezett s\u00f6v\u00e9nnyel a j\u00e1rda ment\u00e9n. Ez a megold\u00e1s egyszerre dekorat\u00edv \u00e9s hasznos, hiszen megk\u00f6nny\u00edti a k\u00f6zleked\u00e9st a kertben, mik\u00f6zben szemet gy\u00f6ny\u00f6rk\u00f6dtet\u0151 \u00fatvonalat is ad neked.<\/p>\n<h2>Tegy\u00fck \u00f6r\u00f6k klasszikuss\u00e1 a kertedet t\u00e9glaszeg\u00e9lyes kerti \u00fattal<\/h2>\n<p><img loading=\"lazy\" decoding=\"async\" width=\"700\" height=\"1050\" alt=\"Kifinomult kerti s\u00e9t\u00e1ny piros t\u00e9gl\u00e1kb\u00f3l, amit friss f\u00f6ld, d\u00edszn\u00f6v\u00e9nyek \u00e9s f\u00e1k szeg\u00e9lyeznek; h\u00e1tt\u00e9rben f\u00e1b\u00f3l k\u00e9sz\u00fclt ker\u00edt\u00e9s l\u00e1that\u00f3.\" class=\"aligncenter size-full wp-image-2348\" src=\"https:\/\/doubletakedecor.com\/uploads\/2025\/07\/garden-edging-dtd-25.jpg\" srcset=\"https:\/\/doubletakedecor.com\/uploads\/2025\/07\/garden-edging-dtd-25.jpg 700w, https:\/\/doubletakedecor.com\/uploads\/2025\/07\/garden-edging-dtd-25-200x300.jpg 200w, https:\/\/doubletakedecor.com\/uploads\/2025\/07\/garden-edging-dtd-25-683x1024.jpg 683w, https:\/\/doubletakedecor.com\/uploads\/2025\/07\/garden-edging-dtd-25-96x144.jpg 96w, https:\/\/doubletakedecor.com\/uploads\/2025\/07\/garden-edging-dtd-25-280x420.jpg 280w, https:\/\/doubletakedecor.com\/uploads\/2025\/07\/garden-edging-dtd-25-320x480.jpg 320w, https:\/\/doubletakedecor.com\/uploads\/2025\/07\/garden-edging-dtd-25-360x540.jpg 360w, https:\/\/doubletakedecor.com\/uploads\/2025\/07\/garden-edging-dtd-25-363x545.jpg 363w, https:\/\/doubletakedecor.com\/uploads\/2025\/07\/garden-edging-dtd-25-370x555.jpg 370w, https:\/\/doubletakedecor.com\/uploads\/2025\/07\/garden-edging-dtd-25-400x600.jpg 400w, https:\/\/doubletakedecor.com\/uploads\/2025\/07\/garden-edging-dtd-25-560x840.jpg 560w, https:\/\/doubletakedecor.com\/uploads\/2025\/07\/garden-edging-dtd-25-480x720.jpg 480w\" sizes=\"auto, (max-width: 700px) 100vw, 700px\" \/><\/p>\n<p>Er\u0151s\u00edtsd meg kerted szerkezet\u00e9t egy hagyom\u00e1nyos t\u00e9glaj\u00e1rd\u00e1val, amely j\u00f3l elv\u00e1lasztja a gyalog\u00f6sv\u00e9nyeket a z\u00f6ld fel\u00fcletekt\u0151l. Rakd le a t\u00e9gl\u00e1kat halsz\u00e1lka mint\u00e1ban vagy egyenes sorban, hogy stabil legyen az \u00fat. Gondoskodj megfelel\u0151 v\u00edzelvezet\u00e9sr\u0151l homok\u00e1gy seg\u00edts\u00e9g\u00e9vel. Illeszd az \u00fat sz\u00e9l\u00e9t j\u00f3l v\u00e1lasztott n\u00f6v\u00e9nyekkel, \u00edgy rendezett, m\u00e9gis term\u00e9szetes lesz a l\u00e1tv\u00e1ny, \u00e9s a kerti utad mind praktikusan, mind eszt\u00e9tikailag t\u00f6k\u00e9letes lesz.<\/p>\n<h2>\u00cdves kavicsj\u00e1rd\u00e1kkal tegy\u00e9l mozgalmass\u00e1 \u00e9s rendezett\u00e9 a kertet<\/h2>\n<p><img loading=\"lazy\" decoding=\"async\" width=\"700\" height=\"1050\" alt=\"Csendes kert \u00edves kavicsos j\u00e1rd\u00e1val, amit z\u00f6ld gyep szeg\u00e9lyez, \u00fatk\u00f6zben fa pad, k\u00f6r\u00fcl\u00f6tte ny\u00edrt bokrok \u00e9s vir\u00e1gz\u00f3 cserj\u00e9k tal\u00e1lhat\u00f3k.\" class=\"aligncenter size-full wp-image-2354\" src=\"https:\/\/doubletakedecor.com\/uploads\/2025\/07\/garden-edging-dtd-26.jpg\" srcset=\"https:\/\/doubletakedecor.com\/uploads\/2025\/07\/garden-edging-dtd-26.jpg 700w, https:\/\/doubletakedecor.com\/uploads\/2025\/07\/garden-edging-dtd-26-200x300.jpg 200w, https:\/\/doubletakedecor.com\/uploads\/2025\/07\/garden-edging-dtd-26-683x1024.jpg 683w, https:\/\/doubletakedecor.com\/uploads\/2025\/07\/garden-edging-dtd-26-96x144.jpg 96w, https:\/\/doubletakedecor.com\/uploads\/2025\/07\/garden-edging-dtd-26-280x420.jpg 280w, https:\/\/doubletakedecor.com\/uploads\/2025\/07\/garden-edging-dtd-26-320x480.jpg 320w, https:\/\/doubletakedecor.com\/uploads\/2025\/07\/garden-edging-dtd-26-360x540.jpg 360w, https:\/\/doubletakedecor.com\/uploads\/2025\/07\/garden-edging-dtd-26-363x545.jpg 363w, https:\/\/doubletakedecor.com\/uploads\/2025\/07\/garden-edging-dtd-26-370x555.jpg 370w, https:\/\/doubletakedecor.com\/uploads\/2025\/07\/garden-edging-dtd-26-400x600.jpg 400w, https:\/\/doubletakedecor.com\/uploads\/2025\/07\/garden-edging-dtd-26-560x840.jpg 560w, https:\/\/doubletakedecor.com\/uploads\/2025\/07\/garden-edging-dtd-26-480x720.jpg 480w\" sizes=\"auto, (max-width: 700px) 100vw, 700px\" \/><\/p>\n<p>Alak\u00edts ki kecsesen \u00edvelt kavicsos \u00f6sv\u00e9nyeket, hogy j\u00e1t\u00e9koss\u00e1got \u00e9s szerkezetet vigy\u00e9l a kertedbe. R\u00f6gz\u00edts hajl\u00e9kony szeg\u00e9lyanyagot, hogy sz\u00e9p, tiszta legyen a hat\u00e1r a kavics \u00e9s a gyep k\u00f6z\u00f6tt. Helyezz padokat a s\u00e9t\u00e1ny ment\u00e9n, hogy kellemes pihen\u0151helyeket alak\u00edts ki. Szezon\u00e1lis cserepes n\u00f6v\u00e9nyekkel \u00e9s kerekre ny\u00edrt bokrokkal m\u00e9g sz\u00ednesebb, izgalmasabb lesz a l\u00e1tv\u00e1ny eg\u00e9sz \u00e9vben.<\/p>\n<h2>Hajl\u00edtott k\u0151szeg\u00e9llyel var\u00e1zsolj k\u00fcl\u00f6nleges form\u00e1kat<\/h2>\n<p><img loading=\"lazy\" decoding=\"async\" width=\"700\" height=\"1050\" alt=\"Kert\u00e1gy\u00e1s \u00edves k\u0151szeg\u00e9llyel, amely \u00e9l\u00e9nk r\u00f3zsasz\u00edn, lila \u00e9s s\u00e1rga vir\u00e1gokat v\u00e1laszt el a gyepfel\u00fclett\u0151l\" class=\"aligncenter size-full wp-image-2360\" src=\"https:\/\/doubletakedecor.com\/uploads\/2025\/07\/garden-edging-dtd-27.jpg\" srcset=\"https:\/\/doubletakedecor.com\/uploads\/2025\/07\/garden-edging-dtd-27.jpg 700w, https:\/\/doubletakedecor.com\/uploads\/2025\/07\/garden-edging-dtd-27-200x300.jpg 200w, https:\/\/doubletakedecor.com\/uploads\/2025\/07\/garden-edging-dtd-27-683x1024.jpg 683w, https:\/\/doubletakedecor.com\/uploads\/2025\/07\/garden-edging-dtd-27-96x144.jpg 96w, https:\/\/doubletakedecor.com\/uploads\/2025\/07\/garden-edging-dtd-27-280x420.jpg 280w, https:\/\/doubletakedecor.com\/uploads\/2025\/07\/garden-edging-dtd-27-320x480.jpg 320w, https:\/\/doubletakedecor.com\/uploads\/2025\/07\/garden-edging-dtd-27-360x540.jpg 360w, https:\/\/doubletakedecor.com\/uploads\/2025\/07\/garden-edging-dtd-27-363x545.jpg 363w, https:\/\/doubletakedecor.com\/uploads\/2025\/07\/garden-edging-dtd-27-370x555.jpg 370w, https:\/\/doubletakedecor.com\/uploads\/2025\/07\/garden-edging-dtd-27-400x600.jpg 400w, https:\/\/doubletakedecor.com\/uploads\/2025\/07\/garden-edging-dtd-27-560x840.jpg 560w, https:\/\/doubletakedecor.com\/uploads\/2025\/07\/garden-edging-dtd-27-480x720.jpg 480w\" sizes=\"auto, (max-width: 700px) 100vw, 700px\" \/><\/p>\n<p>Hozz l\u00e9tre tiszta hat\u00e1rt a gyep \u00e9s a vir\u00e1g\u00e1gy\u00e1s k\u00f6z\u00f6tt egy \u00edves k\u0151szeg\u00e9llyel. A l\u00e1gy g\u00f6rb\u00fclet eleg\u00e1ns l\u00e1tv\u00e1nyt ad, mik\u00f6zben bent tartja a talajt \u00e9s a mulcsot. Olyan k\u00f6veket v\u00e1lassz, amelyek id\u0151j\u00e1r\u00e1s\u00e1ll\u00f3ak \u00e9s sz\u00edn\u00fck illik a kert t\u00f6bbi r\u00e9sz\u00e9hez. Ez a klasszikus megold\u00e1s keveset ig\u00e9nyel a t\u00f6r\u0151d\u00e9sb\u0151l, viszont eg\u00e9sz \u00e9vben sz\u00e9p szerkezetet ad a kertednek.<\/p>\n<h2>Emeld ki a kontrasztot far\u00f6nkker\u00edt\u00e9ssel<\/h2>\n<p><img loading=\"lazy\" decoding=\"async\" width=\"700\" height=\"1050\" alt=\"\u00c9l\u00e9nk z\u00f6ld gyep, amelyet rusztikus r\u00f6nk ker\u00edt\u00e9s \u00f6lel k\u00f6r\u00fcl, m\u00f6g\u00f6tte s\u0171r\u0171 n\u00f6v\u00e9nyzet, \u00edgy egy b\u00e9k\u00e9s kerti hat\u00e1r j\u00f6n l\u00e9tre.\" class=\"aligncenter size-full wp-image-2366\" src=\"https:\/\/doubletakedecor.com\/uploads\/2025\/07\/garden-edging-dtd-28.jpg\" srcset=\"https:\/\/doubletakedecor.com\/uploads\/2025\/07\/garden-edging-dtd-28.jpg 700w, https:\/\/doubletakedecor.com\/uploads\/2025\/07\/garden-edging-dtd-28-200x300.jpg 200w, https:\/\/doubletakedecor.com\/uploads\/2025\/07\/garden-edging-dtd-28-683x1024.jpg 683w, https:\/\/doubletakedecor.com\/uploads\/2025\/07\/garden-edging-dtd-28-96x144.jpg 96w, https:\/\/doubletakedecor.com\/uploads\/2025\/07\/garden-edging-dtd-28-280x420.jpg 280w, https:\/\/doubletakedecor.com\/uploads\/2025\/07\/garden-edging-dtd-28-320x480.jpg 320w, https:\/\/doubletakedecor.com\/uploads\/2025\/07\/garden-edging-dtd-28-360x540.jpg 360w, https:\/\/doubletakedecor.com\/uploads\/2025\/07\/garden-edging-dtd-28-363x545.jpg 363w, https:\/\/doubletakedecor.com\/uploads\/2025\/07\/garden-edging-dtd-28-370x555.jpg 370w, https:\/\/doubletakedecor.com\/uploads\/2025\/07\/garden-edging-dtd-28-400x600.jpg 400w, https:\/\/doubletakedecor.com\/uploads\/2025\/07\/garden-edging-dtd-28-560x840.jpg 560w, https:\/\/doubletakedecor.com\/uploads\/2025\/07\/garden-edging-dtd-28-480x720.jpg 480w\" sizes=\"auto, (max-width: 700px) 100vw, 700px\" \/><\/p>\n<p>H\u00fazz vil\u00e1gos hat\u00e1rt a kertedben term\u00e9szetes r\u00f6nk ker\u00edt\u00e9ssel, amely vid\u00e9kies hangulatot ad a gondozott gyep mellett. \u00dcltess magasabb n\u00f6v\u00e9nyeket a ker\u00edt\u00e9s m\u00f6g\u00e9, hogy m\u00e9lys\u00e9get \u00e9s v\u00e1ltozatoss\u00e1got hozz l\u00e9tre. Mindig tarts tiszta szeg\u00e9lyt a f\u0171 \u00e9s a ker\u00edt\u00e9s vonala k\u00f6z\u00f6tt, hogy rendezett maradjon az \u00f6sszk\u00e9p. Ez a tart\u00f3s, k\u00f6nnyen gondozhat\u00f3 megold\u00e1s remek\u00fcl kiemeli a kert term\u00e9szetes sz\u00e9ps\u00e9g\u00e9t.<\/p>\n<h2>GYIK<\/h2>\n<details class=\"g-accordion \"><summary><h3>Mi az a kerti szeg\u00e9ly?<\/h3><\/summary>\n<p>A kerti szeg\u00e9lyez\u00e9s egy olyan megold\u00e1s, amellyel elv\u00e1laszthatod a kert k\u00fcl\u00f6nb\u00f6z\u0151 r\u00e9szeit, p\u00e9ld\u00e1ul a vir\u00e1g\u00e1gy\u00e1sokat, a gyepet \u00e9s a kerti utakat. Ez nemcsak hasznos, hanem sz\u00e9p is: seg\u00edt \u00f6sszefogni a f\u00f6ldet \u00e9s a n\u00f6v\u00e9nyeket a hely\u00fck\u00f6n, ugyanakkor eszt\u00e9tikusan kiemeli a kert kin\u00e9zet\u00e9t.<\/p>\n<p>Sokf\u00e9le anyagb\u00f3l k\u00e9sz\u00fclhet szeg\u00e9ly:<\/p>\n<ul>\n<li>m\u0171anyagb\u00f3l,<\/li>\n<li>f\u00e9mb\u0151l,<\/li>\n<li>gumib\u00f3l,<\/li>\n<li>betonb\u00f3l,<\/li>\n<li>f\u00e1b\u00f3l,<\/li>\n<li>k\u0151b\u0151l.<\/li>\n<\/ul>\n<p>A v\u00e1laszt\u00e1s f\u0151k\u00e9nt att\u00f3l f\u00fcgg, hogy mennyire legyen <strong>sz\u00e9p<\/strong>, <strong>tart\u00f3s<\/strong>, mennyi <strong>\u00e1pol\u00e1st ig\u00e9nyeljen<\/strong>, illetve mekkora a <strong>k\u00f6lts\u00e9gkereted<\/strong>.<\/p>\n<p>A szeg\u00e9lyez\u00e9s seg\u00edt rendszerezni a kertet tiszta vonalakkal. \u00cdgy elv\u00e1lasztod a n\u00f6v\u00e9nyeket a gyept\u0151l vagy a s\u00e9t\u00e1nyokt\u00f3l. <strong>Ez az elk\u00fcl\u00f6n\u00edt\u00e9s nemcsak sz\u00e9p\u00edti a kertet, hanem g\u00e1tolja a gyomn\u00f6v\u00e9nyeket, \u00e9s megel\u0151zi a talaj kimos\u00f3d\u00e1s\u00e1t is \u2013 ami f\u0151leg lejt\u0151s kertekben nagyon fontos, ahol az es\u0151 k\u00f6nnyen lemoshatja a f\u00f6ldet.<\/strong><\/p>\n<p>Ha szeretn\u00e9d gyorsan \u00e9s egyszer\u0171en feldobni a kerted, ak\u00e1r \u00e1s\u00e1s n\u00e9lk\u00fcl, akkor a <strong>\u00e1s\u00e1s n\u00e9lk\u00fcli szeg\u00e9lyez\u00e9s<\/strong> remek megold\u00e1s lehet. Ehhez csak egy \u00e1s\u00f3ra vagy f\u00e9lhold alak\u00fa szeg\u00e9lyez\u0151re \u00e9s n\u00e9h\u00e1ny r\u00f6gz\u00edt\u0151 kar\u00f3ra van sz\u00fcks\u00e9g, hogy r\u00f6gz\u00edtsd a szeg\u00e9lyt.<\/p>\n<p>Az szeg\u00e9ly st\u00edlus\u00e1nak kiv\u00e1laszt\u00e1sa nagyban befoly\u00e1solja, hogy mennyire mutat j\u00f3l a kerted. P\u00e9ld\u00e1ul a hull\u00e1mos sz\u00e9l\u0171 terrakotta szeg\u00e9lyek sz\u00e9pen illenek vid\u00e9ki hangulathoz; a rugalmas szalagb\u00f3l k\u00e9sz\u00fclt szeg\u00e9lyekkel k\u00f6nnyen form\u00e1zhatsz kanyarg\u00f3s \u00e1gy\u00e1sokat is; a term\u00e9szetes, \u00e9l\u0151 n\u00f6v\u00e9nyekb\u0151l \u00e1ll\u00f3 szeg\u00e9lyek pedig diszkr\u00e9ten, term\u00e9szetesen simulnak a kertbe.<\/p>\n<\/details><details class=\"g-accordion \"><summary><h3>Mi\u00e9rt \u00e9rdemes kerti szeg\u00e9lyt haszn\u00e1lni?<\/h3><\/summary>\n<p>A kerti szeg\u00e9lyez\u00e9s sz\u00e1mos el\u0151nnyel j\u00e1r:<\/p>\n<ul>\n<li>stabiliz\u00e1lja a talajt, megel\u0151zi a f\u00f6ld elmos\u00f3d\u00e1s\u00e1t,<\/li>\n<li>vil\u00e1gos hat\u00e1rokat ad, ezzel cs\u00f6kkenti a gyomok elterjed\u00e9s\u00e9t,<\/li>\n<li>k\u00f6nnyebb\u00e9 teszi a gondoz\u00e1st, rendezetten tartja a kertet,<\/li>\n<li>professzion\u00e1lis, hat\u00e1rozott vonalakat ad, \u00edgy elv\u00e1lik a vir\u00e1g\u00e1gy\u00e1s a j\u00e1rd\u00e1kt\u00f3l \u00e9s p\u00e1zsitt\u00f3l,<\/li>\n<li>nagyon feldobja a kert l\u00e1tv\u00e1ny\u00e1t.<\/li>\n<\/ul>\n<p>Ha a kerted j\u00f3l tagolt, sokkal k\u00f6nnyebb rendezni \u00e9s fenntartani. A k\u00fcl\u00f6n\u00e1ll\u00f3 ter\u00fcleteknek k\u00f6sz\u00f6nhet\u0151en jobban megtervezheted, mit hov\u00e1 \u00fcltess. <strong>Ezzel a rendezetts\u00e9ggel nemcsak a kerted \u00f6sszk\u00e9pe, hanem a n\u00f6v\u00e9nyek eg\u00e9szs\u00e9ge is javul, mert a n\u00f6v\u00e9ny\u00e1gy\u00e1sokat t\u00e1vol tarthatod a gyept\u0151l \u00e9s a gyomos r\u00e9szt\u0151l.<\/strong><\/p>\n<p>A <strong>m\u0171anyagb\u00f3l, f\u00e9mb\u0151l vagy d\u00edszes betonb\u00f3l<\/strong> k\u00e9sz\u00fclt szeg\u00e9lyek nagyon v\u00e1ltozatosak: mindegyik tart\u00f3s, k\u00f6nnyen lerakhat\u00f3, s\u0151t, van, amit \u00e1s\u00e1s n\u00e9lk\u00fcl is telep\u00edthetsz. V\u00e9g\u00fcl ezek a kerti szeg\u00e9lyek j\u00f3l szervezett, eszt\u00e9tikus kertet eredm\u00e9nyeznek, ami kev\u00e9s t\u00f6r\u0151d\u00e9st ig\u00e9nyel.<\/p>\n<\/details><details class=\"g-accordion \"><summary><h3>Hogyan teszi szebb\u00e9 a kertedet a szeg\u00e9lyez\u00e9s?<\/h3><\/summary>\n<p>A szeg\u00e9ly nemcsak <strong>rendezett k\u00fcls\u0151t<\/strong> ad a kertnek, hanem <strong>vil\u00e1gos hat\u00e1rokat<\/strong> is kijel\u00f6l. Ha elk\u00fcl\u00f6n\u00edted p\u00e9ld\u00e1ul az \u00e9vel\u0151ket az egyny\u00e1riakt\u00f3l, az eg\u00e9sz <strong>letisztult, \u00e1tl\u00e1that\u00f3 lesz<\/strong>. Ez nemcsak sz\u00e9p, hanem seg\u00edti a n\u00f6v\u00e9nyek eg\u00e9szs\u00e9g\u00e9t is, mert <strong>megmarad a megszokott talajt\u00edpus<\/strong>, \u00e9s cs\u00f6kken a gy\u00f6kerek verseng\u00e9se, \u00edgy minden n\u00f6v\u00e9ny jobban fejl\u0151dhet. Emellett a szeg\u00e9ly <strong>szebb\u00e9 var\u00e1zsolja a kertet \u00e9s egyszer\u0171bb\u00e9 teszi az \u00e1pol\u00e1st<\/strong>, \u00edgy a gondoz\u00e1s sem lesz nagy kih\u00edv\u00e1s.<\/p>\n<\/details><details class=\"g-accordion \"><summary><h3>Milyen el\u0151nyei vannak a z\u00f6lds\u00e9g\u00e1gy\u00e1sok szeg\u00e9lyez\u00e9s\u00e9nek?<\/h3><\/summary>\n<p>A z\u00f6lds\u00e9g\u00e1gy\u00e1sok szeg\u00e9lyez\u00e9se sz\u00e1mos el\u0151nyt jelent:<\/p>\n<ul>\n<li>pontos hat\u00e1rt h\u00faz az \u00e1gy\u00e1sok k\u00f6r\u00e9, ezzel k\u00f6nnyebb a gondoz\u00e1s \u00e9s szebb az \u00f6sszk\u00e9p,<\/li>\n<li>akad\u00e1lyt k\u00e9pez a gyomok ellen, hogy ne juthassanak be a z\u00f6lds\u00e9gek k\u00f6z\u00e9,<\/li>\n<li>seg\u00edt meg\u0151rizni a talaj eg\u00e9szs\u00e9g\u00e9t, mert v\u00e9di az \u00e1gy\u00e1st a kimos\u00f3d\u00e1st\u00f3l,<\/li>\n<li>az es\u0151 vagy \u00f6nt\u00f6z\u00e9s ut\u00e1n is egyben tartja a fels\u0151 talajr\u00e9teget,<\/li>\n<li>jobban kezeli a v\u00edz elfoly\u00e1s\u00e1t: elvezeti a felesleges vizet a k\u00e9nyes r\u00e9szekr\u0151l, mik\u00f6zben az \u00e1gy\u00e1sokban meg\u0151rzi a nedvess\u00e9get.<\/li>\n<\/ul>\n<p><strong>A vil\u00e1gos szerkezet kulcsfontoss\u00e1g\u00fa, hogy t\u00e1panyagban gazdag maradjon a talaj \u2013 ez elengedhetetlen az eg\u00e9szs\u00e9ges n\u00f6veked\u00e9shez.<\/strong><\/p>\n<p><strong>M\u0171anyag vagy k\u0151 szeg\u00e9lyek haszn\u00e1lat\u00e1val rendezett lesz a kert, er\u0151sebbek lesznek a n\u00f6v\u00e9nyek, \u00e9s a v\u00edzgazd\u00e1lkod\u00e1s is sokkal jobb lesz \u2013 ezek mind alapvet\u0151ek, ha b\u0151s\u00e9ges term\u00e9st szeretn\u00e9l.<\/strong><\/p>\n<\/details><details class=\"g-accordion \"><summary><h3>Hogyan seg\u00edti a szeg\u00e9lyez\u00e9s a talajer\u00f3zi\u00f3 meg\u00e1ll\u00edt\u00e1s\u00e1t?<\/h3><\/summary>\n<p>A szeg\u00e9lyek nagyon fontosak, ha meg akarod el\u0151zni, hogy a f\u00f6ldet elvigye az es\u0151, f\u0151leg hegyes vagy lejt\u0151s kertekben. A szeg\u00e9ly akad\u00e1lyk\u00e9nt tartja helyben a talajt, \u00edgy nem mos\u00f3dik el a fels\u0151, t\u00e1panyagban gazdag r\u00e9teg, amikor esik vagy \u00f6nt\u00f6z\u00f6l. Ez a stabilit\u00e1s k\u00fcl\u00f6n\u00f6sen fontos, hogy a n\u00f6v\u00e9nyeid eg\u00e9szs\u00e9gesek maradjanak. Ha szeg\u00e9lyeket raksz a lejt\u0151kre vagy az utak mell\u00e9, sokkal jobban szab\u00e1lyozhatod a v\u00edz \u00fatj\u00e1t, \u00e9s a n\u00f6v\u00e9nyeket is meg\u00f3vod a talaj elveszt\u00e9s\u00e9t\u0151l. <strong>Ha k\u0151b\u0151l vagy betonb\u00f3l k\u00e9sz\u00edtett szeg\u00e9lyeket haszn\u00e1lsz, a v\u00e9delem m\u00e9g er\u0151sebb \u00e9s tart\u00f3sabb lesz.<\/strong><\/p>\n<\/details><details class=\"g-accordion \"><summary><h3>Miben seg\u00edt a szeg\u00e9ly a v\u00edzelvezet\u00e9sben?<\/h3><\/summary>\n<p>A szeg\u00e9ly nagy szerepet j\u00e1tszik a v\u00edz elvezet\u00e9s\u00e9ben is, mert seg\u00edt a felesleges vizet a vesz\u00e9lyeztetett ter\u00fcletekt\u0151l elvezetni, \u00edgy megel\u0151zi a t\u00falfoly\u00e1st \u00e9s a talaj elmos\u00f3d\u00e1s\u00e1t. A j\u00f3l lerakott szeg\u00e9lyek egyfajta csatorn\u00e1t alkotnak, amelyen elfolyhat a v\u00edz an\u00e9lk\u00fcl, hogy t\u00f3csa keletkezne. Ez a megold\u00e1s abban is seg\u00edt, hogy a n\u00f6v\u00e9ny\u00e1gy\u00e1sokban benntartja a nedvess\u00e9get, \u00edgy a n\u00f6v\u00e9nyek \u00e9ppen annyi vizet kapnak, amennyi nekik kell, de a f\u00f6ld nem \u00e1zik \u00e1t feleslegesen. <strong>A beton vagy k\u0151 szeg\u00e9lyek k\u00fcl\u00f6n\u00f6sen j\u00f3k ebb\u0151l a szempontb\u00f3l<\/strong>, mert j\u00f3l b\u00edrj\u00e1k a v\u00edz nyom\u00e1s\u00e1t \u00e9s sok\u00e1ig meg\u0151rzik a form\u00e1jukat, mik\u00f6zben seg\u00edtenek a v\u00edzelvezet\u00e9sben.<\/p>\n<\/details><details class=\"g-accordion \"><summary><h3>Milyen t\u00edpus\u00fa kerti szeg\u00e9lyek l\u00e9teznek?<\/h3><\/summary>\n<p>A kerti szeg\u00e9lyek sokf\u00e9l\u00e9k, mindegyik m\u00e1s el\u0151nyt \u00e9s l\u00e1tv\u00e1nyt k\u00edn\u00e1l:<\/p>\n<ul>\n<li><strong>a m\u0171anyag szeg\u00e9ly<\/strong> k\u00f6nny\u0171 \u00e9s hajl\u00e9kony, egyszer\u0171en k\u00f6veti a kerti \u00e1gy\u00e1sok form\u00e1j\u00e1t,<\/li>\n<li><strong>a f\u00e9m szeg\u00e9ly<\/strong>, p\u00e9ld\u00e1ul az ac\u00e9l vagy alum\u00ednium, tart\u00f3s \u00e9s modern k\u00fcls\u0151t ad,<\/li>\n<li><strong>a gumib\u00f3l k\u00e9sz\u00fclt szeg\u00e9ly<\/strong>, amely \u00fajrahasznos\u00edtott anyagb\u00f3l van, k\u00f6rnyezetbar\u00e1t \u00e9s j\u00f3l ellen\u00e1ll az id\u0151j\u00e1r\u00e1snak,<\/li>\n<li><strong>a beton szeg\u00e9ly<\/strong> nagyon er\u0151s, \u00e9s ak\u00e1r hull\u00e1mos vagy mint\u00e1s is lehet, ami feldobja a kerti utakat vagy vir\u00e1g\u00e1gy\u00e1sokat,<\/li>\n<li><strong>a fa szeg\u00e9ly<\/strong> term\u00e9szetes hangulatot \u00e1raszt, fat\u00f6rzsb\u0151l vagy deszk\u00e1b\u00f3l rusztikus hat\u00e1st ad,<\/li>\n<li><strong>a k\u0151 szeg\u00e9ly<\/strong>, legyen ak\u00e1r term\u00e9szetes k\u0151, ak\u00e1r m\u0171k\u0151, igazi klasszikus, hagyom\u00e1nyos kertekhez nagyon j\u00f3l illik.<\/li>\n<\/ul>\n<p>Minden anyagnak megvan a maga el\u0151nye:<\/p>\n<ul>\n<li><strong>a m\u0171anyag<\/strong> olcs\u00f3 \u00e9s sokoldal\u00fa,<\/li>\n<li><strong>a f\u00e9m<\/strong> id\u0151t\u00e1ll\u00f3,<\/li>\n<li><strong>a gumi<\/strong> alig ig\u00e9nyel gondoz\u00e1st,<\/li>\n<li><strong>a beton<\/strong> stabil,<\/li>\n<li><strong>a fa<\/strong> melegs\u00e9get sug\u00e1roz,<\/li>\n<li><strong>a k\u0151<\/strong> \u00f6r\u00f6k eleganci\u00e1t ad.<\/li>\n<\/ul>\n<p>A megfelel\u0151 szeg\u00e9ly kiv\u00e1laszt\u00e1sakor \u00e9rdemes figyelembe venni a kert st\u00edlus\u00e1t, a k\u00f6lts\u00e9geket, mennyi id\u0151d van karbantartani, \u00e9s hogy milyen \u00f6sszk\u00e9pet szeretn\u00e9l el\u00e9rni.<\/p>\n<\/details> <details class=\"g-accordion \"><summary><h3>Hogyan v\u00e1laszd ki a legmegfelel\u0151bb szeg\u00e9lyanyagot a kertedhez?<\/h3><\/summary>  <\/p>\n<p>A t\u00f6k\u00e9letes szeg\u00e9lyanyag kiv\u00e1laszt\u00e1sa a kertedbe n\u00e9h\u00e1ny fontos szempont \u00e1tgondol\u00e1s\u00e1t ig\u00e9nyli, hogy egyszerre legyen st\u00edlusos \u00e9s praktikus. El\u0151sz\u00f6r gondold \u00e1t, mennyire tart\u00f3sak az egyes anyagok. <strong>A f\u00e9m szeg\u00e9lyek, mint p\u00e9ld\u00e1ul az ac\u00e9l vagy alum\u00ednium, modern, letisztult megjelen\u00e9st ny\u00fajtanak, \u00e9s hossz\u00fa \u00e9lettartam\u00faak<\/strong>, m\u00edg a fa term\u00e9szetesebb hangulatot teremt, de t\u00f6bb gondoz\u00e1st ig\u00e9nyelhet.<\/p>\n<p>Ezut\u00e1n n\u00e9zd meg, melyik anyag illik legjobban a kerted st\u00edlus\u00e1hoz:<\/p>\n<ul>\n<li>a d\u00edszbeton vagy a k\u0151 szeg\u00e9ly eleg\u00e1ns megjelen\u00e9st adhat,<\/li>\n<li>a haszn\u00e1lt gumi vagy m\u0171anyag olcs\u00f3bb, r\u00e1ad\u00e1sul k\u00f6rnyezetbar\u00e1t megold\u00e1s.<\/li>\n<\/ul>\n<p>A karbantart\u00e1s is fontos. A gumi vagy m\u0171anyag kev\u00e9sb\u00e9 ig\u00e9nyel t\u00f6r\u0151d\u00e9st, m\u00edg a fa rendszeres \u00e1pol\u00e1sra szorul, hogy ne romoljon meg. Az anyag kiv\u00e1laszt\u00e1s\u00e1n\u00e1l a p\u00e9nzt\u00e1rc\u00e1d is l\u00e9nyeges szerepet j\u00e1tszik:<\/p>\n<ul>\n<li>a m\u0171anyag \u00e9s a gumi \u00e1ltal\u00e1ban olcs\u00f3bb,<\/li>\n<li>a k\u0151 \u00e9s a f\u00e9m viszont dr\u00e1g\u00e1bb lehet.<\/li>\n<\/ul>\n<p>Ha magad szeretn\u00e9d beszerelni a szeg\u00e9lyt, n\u00e9zd meg, mennyire k\u00f6nny\u0171 a munk\u00e1val boldogulni. <strong>A hajl\u00e9kony m\u0171anyag ide\u00e1lis a h\u00e1zilagos projektekhez, mert k\u00f6nnyen alak\u00edthat\u00f3<\/strong>, m\u00edg a nehezebb anyagokhoz, p\u00e9ld\u00e1ul a betonhoz lehet, hogy szakember kell.<\/p>\n<p>Ha figyelembe veszed ezeket \u2014 a tart\u00f3ss\u00e1got, a k\u00fcls\u0151 megjelen\u00e9st, a karbantart\u00e1st, a k\u00f6lts\u00e9geket \u00e9s a beszerel\u00e9s neh\u00e9zs\u00e9g\u00e9t \u2014 akkor olyan szeg\u00e9lyt v\u00e1laszthatsz, ami feldobja a kertedet \u00e9s praktikus is marad.<\/p>\n<\/details>\n<details class=\"g-accordion \"><summary><h3>Milyen szeg\u00e9ly st\u00edlusok illenek k\u00fcl\u00f6nb\u00f6z\u0151 kertt\u00edpusokhoz?<\/h3><\/summary>  <\/p>\n<p>A kerti szeg\u00e9lyez\u00e9s rengeteg st\u00edlusban el\u00e9rhet\u0151, amikkel feldobhatod kerted l\u00e1tv\u00e1ny\u00e1t.<\/p>\n<ul>\n<li><strong>A hull\u00e1mos, terrakotta szeg\u00e9lyek<\/strong> klasszikus form\u00e1jukkal \u00e9s meleg f\u00f6ldsz\u00edn\u00fckkel f\u0151k\u00e9nt vid\u00e9ki hangulat\u00fa kertekhez passzolnak,<\/li>\n<li><strong>a v\u00e9kony, rugalmas szalag szeg\u00e9lyek<\/strong> modern kertekbe val\u00f3k, k\u00f6nnyen kanyar\u00edthat\u00f3k, \u00edgy sokf\u00e9le form\u00e1hoz illenek,<\/li>\n<li>ha tart\u00f3s \u00e9s mutat\u00f3s megold\u00e1st keresel, <strong>a d\u00edszbeton szeg\u00e9ly<\/strong> sz\u00e1mtalan mint\u00e1ban \u00e9s text\u00far\u00e1ban kaphat\u00f3, ak\u00e1r eleg\u00e1ns, ak\u00e1r laz\u00e1bb kertr\u0151l van sz\u00f3.<\/li>\n<\/ul>\n<p>Ezeket a st\u00edlusokat kombin\u00e1lva k\u00f6nnyen \u00e1talak\u00edthatod a kertedet, hogy jobban illeszkedjen a te \u00edzl\u00e9sedhez. Ak\u00e1r rusztikus, ak\u00e1r modern hangulatra v\u00e1gysz, a megfelel\u0151 szeg\u00e9ly seg\u00edt kiemelni a kert st\u00edlus\u00e1t, mik\u00f6zben praktikus is: elv\u00e1lasztja az \u00e1gy\u00e1sokat \u00e9s az \u00f6sv\u00e9nyeket.<\/p>\n<\/details>\n<details class=\"g-accordion \"><summary><h3>Melyek a legn\u00e9pszer\u0171bb szeg\u00e9lyez\u00e9si st\u00edlusok?<\/h3><\/summary>  <\/p>\n<p>A kertekben gyakran t\u00f6bbf\u00e9le szeg\u00e9lyez\u00e9si megold\u00e1ssal tal\u00e1lkozhatsz, p\u00e9ld\u00e1ul:<\/p>\n<ul>\n<li>term\u00e9szetes n\u00f6v\u00e9nys\u00e1vok,<\/li>\n<li>kavicsos szeg\u00e9lyek,<\/li>\n<li>d\u00edsz\u00edt\u0151 hat\u00e1s\u00fa kerti szeg\u00e9lyek.<\/li>\n<\/ul>\n<p><strong>A term\u00e9szetes szeg\u00e9lyekn\u00e9l<\/strong> n\u00f6v\u00e9nyeket haszn\u00e1lnak, \u00edgy \u00e1tmenet lesz az \u00e1gy\u00e1sok \u00e9s a gyep k\u00f6z\u00f6tt \u2013 f\u0151leg azoknak j\u00f3, akik organikus sz\u00e9ps\u00e9gre v\u00e1gynak. <strong>A kavicsos szeg\u00e9lyek<\/strong> rendk\u00edv\u00fcl sokoldal\u00faak: rendezett l\u00e1tv\u00e1nyt adnak, k\u00f6nnyen karbantarthat\u00f3k, \u00e9s j\u00f3l mutatnak b\u00e1rmilyen kertben. <strong>A d\u00edsz\u00edt\u0151 szeg\u00e9lyek<\/strong>, p\u00e9ld\u00e1ul k\u0151b\u0151l vagy f\u00e1b\u00f3l, izgalmas mint\u00e1kat \u00e9s egyedi karaktert adnak a kertednek. Ezekkel a st\u00edlusokkal szem\u00e9lyre szabhatod a k\u00fcls\u0151t, mik\u00f6zben megteremted a sz\u00fcks\u00e9ges hat\u00e1rokat is a kertben.<\/p>\n<\/details>\n<details class=\"g-accordion \"><summary><h3>Mik az \u00e1s\u00e1s n\u00e9lk\u00fcli szeg\u00e9lyez\u00e9s el\u0151nyei?<\/h3><\/summary>  <\/p>\n<p><strong>Az \u00e1s\u00e1s n\u00e9lk\u00fcli szeg\u00e9lyez\u00e9s<\/strong> nagyon n\u00e9pszer\u0171, mert gyors \u00e9s egyszer\u0171. Nincs sz\u00fcks\u00e9g nagy f\u00f6ldmunk\u00e1ra \u2013 sokkal hamarabb elk\u00e9sz\u00fcl, \u00e9s a talaj, illetve a n\u00f6v\u00e9nyek sem s\u00e9r\u00fclnek, \u00edgy k\u00edm\u00e9led a kert \u00e9l\u0151vil\u00e1g\u00e1t, \u00e9s \u00f3vod a gy\u00f6kereket is.<\/p>\n<p><strong>Az \u00e1s\u00e1s n\u00e9lk\u00fcli szeg\u00e9ly<\/strong> seg\u00edts\u00e9g\u00e9vel an\u00e9lk\u00fcl lesznek sz\u00e9p, rendezett hat\u00e1raid, hogy neh\u00e9z g\u00e9peket vagy k\u00fcl\u00f6nleges szersz\u00e1mokat haszn\u00e1ln\u00e1l. El\u00e9g egy \u00e1s\u00f3 vagy egy f\u00e9lhold alak\u00fa szeg\u00e9lyv\u00e1g\u00f3, valamint n\u00e9h\u00e1ny kar\u00f3, \u00e9s m\u00e1ris profi eredm\u00e9nyt \u00e9rsz el. \u00cdgy nemcsak id\u0151t sp\u00f3rolsz, hanem sok f\u00e1radts\u00e1got is meg\u00faszhatsz.<\/p>\n<p>Az ilyen szeg\u00e9lyek \u2013 p\u00e9ld\u00e1ul a hajl\u00e9kony m\u0171anyag szalag vagy \u00fajrahasznos\u00edtott gumi \u2013 tart\u00f3sak, \u00e9s k\u00f6nnyen illeszkednek b\u00e1rmilyen kerti form\u00e1hoz: sz\u00e9p \u00edvet vagy term\u00e9szetes vonalat is kialak\u00edthatsz vel\u00fck.<\/p>\n<p><strong>Az \u00e1s\u00e1s n\u00e9lk\u00fcli szeg\u00e9lyez\u00e9s<\/strong> tiszta \u00e9s rendezett kertet teremt, kevesebb befektetett munk\u00e1val, \u00e9s k\u00f6rnyezetk\u00edm\u00e9l\u0151 is.<\/p>\n<\/details>\n<details class=\"g-accordion \"><summary><h3>Hogyan telep\u00edtsd a kerti szeg\u00e9lyt?<\/h3><\/summary>  <\/p>\n<p>A szeg\u00e9ly telep\u00edt\u00e9s\u00e9t m\u00e9r\u00e9s n\u00e9lk\u00fcl ne kezdd: el\u0151sz\u00f6r hat\u00e1rozd meg pontosan, mekkora ter\u00fcletre van sz\u00fcks\u00e9ged \u2013 csak \u00edgy vehetsz megfelel\u0151 mennyis\u00e9g\u0171 anyagot. V\u00e1laszd ki a kertedhez ill\u0151 szeg\u00e9lyfajt\u00e1t, ezek k\u00f6z\u00fcl p\u00e9ld\u00e1ul:<\/p>\n<ul>\n<li>m\u0171anyag,<\/li>\n<li>f\u00e9m,<\/li>\n<li>gumi,<\/li>\n<li>beton,<\/li>\n<li>fa,<\/li>\n<li>k\u0151.<\/li>\n<\/ul>\n<p>Ha megvan minden, egy \u00e1s\u00f3val vagy f\u00e9lhold alak\u00fa szeg\u00e9lyv\u00e1g\u00f3val \u00e1ss \u00e1rkot a kijel\u00f6lt r\u00e9szen. Legyen el\u00e9g m\u00e9ly, hogy stabilan tartsa a szeg\u00e9lyt, de ne t\u00fal m\u00e9ly, mert akkor instabil lehet. Helyezd az anyagot az \u00e1rokba, majd igaz\u00edtsd el \u2013 lehet egyenes vagy \u00edves a vonal, ahogy szeretn\u00e9d.<\/p>\n<p>Az\u00e9rt, hogy a szeg\u00e9ly a hely\u00e9n maradjon, <strong>r\u00f6gz\u00edtsd kar\u00f3val vagy t\u00fcsk\u00e9vel<\/strong>. Az \u00e1s\u00e1s n\u00e9lk\u00fcli szeg\u00e9lyt egyszer\u0171en fekteted le, majd kar\u00f3val r\u00f6gz\u00edted \u2013 nem kell hozz\u00e1 nagy \u00e1s\u00e1s.<\/p>\n<p>V\u00e9g\u00fcl t\u00f6ltsd fel a szeg\u00e9lyn\u00e9l keletkezett h\u00e9zagokat f\u00f6lddel vagy mulccsal. \u00cdgy sz\u00e9p \u00e1tmenet lesz p\u00e9ld\u00e1ul a vir\u00e1g\u00e1gy\u00e1s \u00e9s az \u00f6sv\u00e9ny k\u00f6z\u00f6tt, ami nemcsak eszt\u00e9tikus, de v\u00e9di is a kertet a gyomosod\u00e1st\u00f3l \u00e9s talajer\u00f3zi\u00f3t\u00f3l.<\/p>\n<p><strong>Ha l\u00e9p\u00e9sr\u0151l l\u00e9p\u00e9sre k\u00f6vetsz mindent, rendezett \u00e9s mutat\u00f3s hat\u00e1rokat kapsz a kertedben, ami sokkal szebb \u00e9s haszn\u00e1lhat\u00f3bb lesz.<\/strong><\/p>\n<\/details>\n<details class=\"g-accordion \"><summary><h3>Milyen szersz\u00e1mokra lesz sz\u00fcks\u00e9ged a szeg\u00e9lyez\u00e9shez?<\/h3><\/summary>  <\/p>\n<p>Ahhoz, hogy sz\u00e9pen siker\u00fclj\u00f6n a szeg\u00e9lyez\u00e9s, n\u00e9h\u00e1ny alapvet\u0151 szersz\u00e1m kell:<\/p>\n<ul>\n<li><strong>\u00e1s\u00f3lap\u00e1t<\/strong> \u2013 ezzel \u00e1sod ki az \u00e1rkot, ahov\u00e1 a szeg\u00e9ly ker\u00fcl,<\/li>\n<li><strong>f\u00e9lhold alak\u00fa szeg\u00e9lyv\u00e1g\u00f3<\/strong> \u2013 pontos \u00e9s rendezett vonalakat alak\u00edthatsz ki vele,<\/li>\n<li><strong>hori-hori kerti k\u00e9s<\/strong> \u2013 j\u00f3l v\u00e1gja a gy\u00f6kereket \u00e9s a kem\u00e9nyebb talajt is,<\/li>\n<li><strong>szeg\u00e9lyr\u00f6gz\u00edt\u0151 t\u00fcsk\u00e9k<\/strong> \u2013 ezek tartj\u00e1k stabilan hossz\u00fa t\u00e1von a szeg\u00e9lyt.<\/li>\n<\/ul>\n<p>Ezekkel a szersz\u00e1mokkal k\u00f6nnyen telep\u00edtheted a szeg\u00e9lyt, \u00edgy rendezett, j\u00f3l elk\u00fcl\u00f6n\u00fcl\u0151 r\u00e9szeket alak\u00edthatsz ki a kertedben.<\/p>\n<\/details>\n<details class=\"g-accordion \"><summary><h3>Hogyan \u00e9rdemes karbantartani a kerti szeg\u00e9lyeket?<\/h3><\/summary>  <\/p>\n<p>A szeg\u00e9lyek rendben tart\u00e1sa elengedhetetlen, ha tiszta, rendezett kertet szeretn\u00e9l, \u00e9s t\u00e1vol akarod tartani a gazokat az \u00e1gy\u00e1sokt\u00f3l. A rendszeres v\u00e1g\u00e1s, igaz\u00edt\u00e1s seg\u00edt tiszt\u00e1n tartani a vonalakat, \u00e9s megf\u00e9kezni a n\u00f6v\u00e9nyek terjeszked\u00e9s\u00e9t. Ilyenkor haszn\u00e1lhatsz <strong>\u00e1s\u00f3t<\/strong> vagy <strong>f\u00e9lhold alak\u00fa szeg\u00e9lyv\u00e1g\u00f3t<\/strong> is, hogy mindig \u00e9les hat\u00e1r legyen a gyep \u00e9s az \u00e1gy\u00e1s k\u00f6z\u00f6tt.<\/p>\n<p>Gyakran ellen\u0151rizd a szeg\u00e9lyt es\u0151 vagy \u00f6nt\u00f6z\u00e9s ut\u00e1n, hogy nincs-e talajer\u00f3zi\u00f3. Ha \u00e9szleled, jav\u00edtsd ki gyorsan, \u00edgy tart\u00f3s lesz a hat\u00e1r. N\u00e9zd meg, hogy az anyagok stabilan vannak-e, \u00e9s sz\u00fcks\u00e9g szerint er\u0151s\u00edtsd meg kar\u00f3kkal vagy t\u00fcsk\u00e9kkel.<\/p>\n<p>Ha mulcsot ter\u00edtesz a szeg\u00e9lyek ment\u00e9n, az tov\u00e1bb sz\u00e9p\u00edti a l\u00e1tv\u00e1nyt, de egy\u00fattal tartja a nedvess\u00e9get \u00e9s cs\u00f6kkenti a gyomokat is. Ha nem szeretn\u00e9l sokat bajl\u00f3dni, a tart\u00f3sabb anyagokat \u2013 p\u00e9ld\u00e1ul <strong>k\u00f6vet<\/strong> vagy <strong>f\u00e9met<\/strong> \u2013 v\u00e1laszd, mert ezekkel kevesebb gond lesz. <strong>Ezekkel a m\u00f3dszerekkel eg\u00e9sz \u00e9vben rendezett, sz\u00e9p kerted lesz.<\/strong><\/p>\n<\/details>\n<details class=\"g-accordion \"><summary><h3>Milyen egyszer\u0171 DIY \u00f6tletek vannak kerti szeg\u00e9ly k\u00e9sz\u00edt\u00e9s\u00e9re?<\/h3><\/summary>  <\/p>\n<p><strong>A saj\u00e1t k\u00e9sz\u00edt\u00e9s\u0171 kerti szeg\u00e9ly<\/strong> j\u00f3 megold\u00e1s, ha egyedi, p\u00e9nzt\u00e1rcabar\u00e1t, m\u00e9gis l\u00e1tv\u00e1nyos dekor\u00e1ci\u00f3ra v\u00e1gysz. R\u00e9gi t\u00e9gl\u00e1k vagy fa \u00fajrahasznos\u00edt\u00e1s\u00e1val nemcsak k\u00fcl\u00f6nleges, de k\u00f6rnyezettudatos szeg\u00e9lyt is k\u00e9sz\u00edthetsz.<\/p>\n<ul>\n<li>haszn\u00e1lt t\u00e9gl\u00e1k vagy fadarabok \u00fajrafelhaszn\u00e1l\u00e1sa,<\/li>\n<li>hajl\u00e9kony szalag szeg\u00e9ly, amit k\u00f6nny\u0171 lerakni,<\/li>\n<li>sz\u00ednes, form\u00e1s d\u00edszk\u00f6vek,<\/li>\n<li>rozsd\u00e1s ac\u00e9l vagy k\u0151 oszlopok rusztikus hat\u00e1s\u00e9rt,<\/li>\n<li>olyan projektek, amik egyszerre tagolj\u00e1k a kertet \u00e9s szebb\u00e9 is teszik.<\/li>\n<\/ul>\n<p>Praktikus megold\u00e1s lehet m\u00e9g a <strong>hajl\u00e9kony szalag szeg\u00e9ly<\/strong>, amit k\u00f6nnyen alak\u00edthatsz \u00edves utakhoz vagy \u00e1gy\u00e1sokhoz.<\/p>\n<p>Ha igaz\u00e1n olcs\u00f3, de mutat\u00f3s megold\u00e1st keresel, <strong>a d\u00edszk\u00f6vek<\/strong> is remekek: sokf\u00e9le form\u00e1ban \u00e9s sz\u00ednben kaphat\u00f3k, \u00edgy a kerted l\u00e1tv\u00e1ny\u00e1t teljesen egyediv\u00e9 var\u00e1zsolhatod vel\u00fck.<\/p>\n<p>M\u00e1sik j\u00f3 \u00f6tlet a <strong>rozsd\u00e1s ac\u00e9l vagy k\u0151 oszlop szeg\u00e9ly<\/strong>, ami rusztikus, term\u00e9szetes hangulatot ad, \u00e9s j\u00f3l illik a vadreg\u00e9nyes kertekhez.<\/p>\n<p>Ezek az egyszer\u0171 DIY \u00f6tletek seg\u00edtenek, hogy k\u00fcl\u00f6nleges, \u00e1tl\u00e1that\u00f3 \u00e9s sz\u00e9p legyen a kerted \u2013 mindezt nagy k\u00f6lts\u00e9g vagy er\u0151fesz\u00edt\u00e9s n\u00e9lk\u00fcl.<\/p>\n<\/details>\n","protected":false},"excerpt":{"rendered":"<p>A kertszeg\u00e9lyez\u00e9s m\u0171v\u00e9szete abban rejlik, hogy j\u00f3l l\u00e1that\u00f3 hat\u00e1rokat hozol l\u00e9tre a kert k\u00fcl\u00f6nb\u00f6z\u0151 r\u00e9szei k\u00f6z\u00f6tt. Ennek gyakorlati \u00e9s eszt\u00e9tikai haszna is van: seg\u00edt rendezetten tartani a talajt \u00e9s a n\u00f6v\u00e9nyeket, mik\u00f6zben szebb\u00e9, rendezettebb\u00e9 \u00e9s karakteresebb\u00e9 teszi a kertedet. A kertszeg\u00e9lyekhez sokf\u00e9le anyagot haszn\u00e1lhatsz: m\u0171anyagot, f\u00e9met, f\u00e1t vagy k\u00f6vet is. \u00cdgy minden st\u00edlushoz \u00e9s p\u00e9nzt\u00e1rc\u00e1hoz tal\u00e1lsz megold\u00e1st. Hogy sz\u00e1modra melyik&hellip;<\/p>\n","protected":false},"author":12,"featured_media":2375,"comment_status":"closed","ping_status":"closed","sticky":false,"template":"","format":"standard","meta":{"rank_math_focus_keyword":"kerttervez\u00e9s","rank_math_title":"Fokozd fel a t\u00e1jk\u00e9ped st\u00edlusos szeg\u00e9lyekkel","rank_math_description":"Fedezd fel a legjobb kerti szeg\u00e9lyez\u00e9si \u00f6tleteket, hogy leny\u0171g\u00f6z\u0151 \u00e9s j\u00f3l k\u00f6r\u00fclhat\u00e1rolt t\u00e1j\u00e9p\u00edt\u00e9szeti hat\u00e1rokat hozz l\u00e9tre k\u00fclt\u00e9ri ter\u00fcleteden.","footnotes":""},"categories":[124],"tags":[],"class_list":["post-2386","post","type-post","status-publish","format-standard","has-post-thumbnail","hentry","category-kert"],"g_custom_schema_json":"<script type=\"application\/ld+json\">\n{\n  \"@context\": \"https:\/\/schema.org\",\n  \"@type\": \"FAQPage\",\n  \"mainEntity\": [\n    {\n      \"@type\": \"Question\",\n      \"name\": \"Mi az a kerti szeg\u00e9ly?\",\n      \"acceptedAnswer\": {\n        \"@type\": \"Answer\",\n        \"text\": \"A kerti szeg\u00e9lyez\u00e9s egy olyan megold\u00e1s, amellyel elv\u00e1laszthatod a kert k\u00fcl\u00f6nb\u00f6z\u0151 r\u00e9szeit, p\u00e9ld\u00e1ul a vir\u00e1g\u00e1gy\u00e1sokat, a gyepet \u00e9s a kerti utakat. Ez nemcsak hasznos, hanem sz\u00e9p is: seg\u00edt \u00f6sszefogni a f\u00f6ldet \u00e9s a n\u00f6v\u00e9nyeket a hely\u00fck\u00f6n, ugyanakkor eszt\u00e9tikusan kiemeli a kert kin\u00e9zet\u00e9t. Sokf\u00e9le anyagb\u00f3l k\u00e9sz\u00fclhet szeg\u00e9ly, p\u00e9ld\u00e1ul m\u0171anyagb\u00f3l, f\u00e9mb\u0151l, gumib\u00f3l, betonb\u00f3l, f\u00e1b\u00f3l vagy k\u0151b\u0151l.\"\n      }\n    },\n    {\n      \"@type\": \"Question\",\n      \"name\": \"Mi\u00e9rt \u00e9rdemes kerti szeg\u00e9lyt haszn\u00e1lni?\",\n      \"acceptedAnswer\": {\n        \"@type\": \"Answer\",\n        \"text\": \"A kerti szeg\u00e9lyez\u00e9s sz\u00e1mos el\u0151nnyel j\u00e1r: stabiliz\u00e1lja a talajt, megel\u0151zi a f\u00f6ld elmos\u00f3d\u00e1s\u00e1t, vil\u00e1gos hat\u00e1rokat ad, cs\u00f6kkenti a gyomok elterjed\u00e9s\u00e9t, \u00e9s k\u00f6nnyebb\u00e9 teszi a gondoz\u00e1st. Ha a kerted j\u00f3l tagolt, sokkal k\u00f6nnyebb rendezni \u00e9s fenntartani.\"\n      }\n    },\n    {\n      \"@type\": \"Question\",\n      \"name\": \"Hogyan teszi szebb\u00e9 a kertedet a szeg\u00e9lyez\u00e9s?\",\n      \"acceptedAnswer\": {\n        \"@type\": \"Answer\",\n        \"text\": \"A szeg\u00e9ly nemcsak rendezett k\u00fcls\u0151t ad a kertnek, hanem vil\u00e1gos hat\u00e1rokat is kijel\u00f6l. Ez nemcsak sz\u00e9p, hanem seg\u00edti a n\u00f6v\u00e9nyek eg\u00e9szs\u00e9g\u00e9t is, mert megmarad a megszokott talajt\u00edpus, \u00e9s cs\u00f6kken a gy\u00f6kerek verseng\u00e9se.\"\n      }\n    },\n    {\n      \"@type\": \"Question\",\n      \"name\": \"Milyen el\u0151nyei vannak a z\u00f6lds\u00e9g\u00e1gy\u00e1sok szeg\u00e9lyez\u00e9s\u00e9nek?\",\n      \"acceptedAnswer\": {\n        \"@type\": \"Answer\",\n        \"text\": \"A z\u00f6lds\u00e9g\u00e1gy\u00e1sok szeg\u00e9lyez\u00e9se pontos hat\u00e1rt h\u00faz az \u00e1gy\u00e1sok k\u00f6r\u00e9, ezzel k\u00f6nnyebb a gondoz\u00e1s \u00e9s szebb az \u00f6sszk\u00e9p. Akad\u00e1lyt k\u00e9pez a gyomok ellen, seg\u00edt meg\u0151rizni a talaj eg\u00e9szs\u00e9g\u00e9t, \u00e9s jobban kezeli a v\u00edz elfoly\u00e1s\u00e1t.\"\n      }\n    },\n    {\n      \"@type\": \"Question\",\n      \"name\": \"Hogyan seg\u00edti a szeg\u00e9lyez\u00e9s a talajer\u00f3zi\u00f3 meg\u00e1ll\u00edt\u00e1s\u00e1t?\",\n      \"acceptedAnswer\": {\n        \"@type\": \"Answer\",\n        \"text\": \"A szeg\u00e9lyek nagyon fontosak, ha meg akarod el\u0151zni, hogy a f\u00f6ldet elvigye az es\u0151, f\u0151leg hegyes vagy lejt\u0151s kertekben. A szeg\u00e9ly akad\u00e1lyk\u00e9nt tartja helyben a talajt, \u00edgy nem mos\u00f3dik el a fels\u0151, t\u00e1panyagban gazdag r\u00e9teg.\"\n      }\n    },\n    {\n      \"@type\": \"Question\",\n      \"name\": \"Miben seg\u00edt a szeg\u00e9ly a v\u00edzelvezet\u00e9sben?\",\n      \"acceptedAnswer\": {\n        \"@type\": \"Answer\",\n        \"text\": \"A szeg\u00e9ly nagy szerepet j\u00e1tszik a v\u00edz elvezet\u00e9s\u00e9ben is, mert seg\u00edt a felesleges vizet a vesz\u00e9lyeztetett ter\u00fcletekt\u0151l elvezetni. Ez a megold\u00e1s abban is seg\u00edt, hogy a n\u00f6v\u00e9ny\u00e1gy\u00e1sokban benntartja a nedvess\u00e9get.\"\n      }\n    },\n    {\n      \"@type\": \"Question\",\n      \"name\": \"Milyen t\u00edpus\u00fa kerti szeg\u00e9lyek l\u00e9teznek?\",\n      \"acceptedAnswer\": {\n        \"@type\": \"Answer\",\n        \"text\": \"A kerti szeg\u00e9lyek sokf\u00e9l\u00e9k: m\u0171anyag, f\u00e9m, gumi, beton, fa, k\u0151. Minden anyagnak megvan a maga el\u0151nye: a m\u0171anyag olcs\u00f3 \u00e9s sokoldal\u00fa, a f\u00e9m id\u0151t\u00e1ll\u00f3, a fa melegs\u00e9get sug\u00e1roz, a k\u0151 \u00f6r\u00f6k eleganci\u00e1t ad.\"\n      }\n    },\n    {\n      \"@type\": \"Question\",\n      \"name\": \"Hogyan v\u00e1laszd ki a legmegfelel\u0151bb szeg\u00e9lyanyagot a kertedhez?\",\n      \"acceptedAnswer\": {\n        \"@type\": \"Answer\",\n        \"text\": \"A t\u00f6k\u00e9letes szeg\u00e9lyanyag kiv\u00e1laszt\u00e1s\u00e1hoz gondold \u00e1t, mennyire tart\u00f3sak az egyes anyagok, melyik illik a kerted st\u00edlus\u00e1hoz \u00e9s mennyi karbantart\u00e1st ig\u00e9nyel. A k\u00f6lts\u00e9geket \u00e9s a beszerel\u00e9s neh\u00e9zs\u00e9g\u00e9t is \u00e9rdemes figyelembe venni.\"\n      }\n    },\n    {\n      \"@type\": \"Question\",\n      \"name\": \"Milyen szeg\u00e9ly st\u00edlusok illenek k\u00fcl\u00f6nb\u00f6z\u0151 kertt\u00edpusokhoz?\",\n      \"acceptedAnswer\": {\n        \"@type\": \"Answer\",\n        \"text\": \"A hull\u00e1mos, terrakotta szeg\u00e9lyek klasszikus form\u00e1jukkal f\u0151k\u00e9nt vid\u00e9ki hangulat\u00fa kertekhez passzolnak, a v\u00e9kony, rugalmas szalag szeg\u00e9lyek modern kertekbe val\u00f3k, a d\u00edszbeton szeg\u00e9ly sz\u00e1mtalan mint\u00e1ban kaphat\u00f3.\"\n      }\n    },\n    {\n      \"@type\": \"Question\",\n      \"name\": \"Melyek a legn\u00e9pszer\u0171bb szeg\u00e9lyez\u00e9si st\u00edlusok?\",\n      \"acceptedAnswer\": {\n        \"@type\": \"Answer\",\n        \"text\": \"A kertekben gyakran tal\u00e1lkozhatsz term\u00e9szetes n\u00f6v\u00e9nys\u00e1vokkal, kavicsos szeg\u00e9lyekkel, d\u00edsz\u00edt\u0151 hat\u00e1s\u00fa kerti szeg\u00e9lyekkel. A term\u00e9szetes szeg\u00e9lyekn\u00e9l n\u00f6v\u00e9nyeket haszn\u00e1lnak, a kavicsos szeg\u00e9lyek rendezett l\u00e1tv\u00e1nyt adnak.\"\n      }\n    },\n    {\n      \"@type\": \"Question\",\n      \"name\": \"Mik az \u00e1s\u00e1s n\u00e9lk\u00fcli szeg\u00e9lyez\u00e9s el\u0151nyei?\",\n      \"acceptedAnswer\": {\n        \"@type\": \"Answer\",\n        \"text\": \"Az \u00e1s\u00e1s n\u00e9lk\u00fcli szeg\u00e9lyez\u00e9s gyors \u00e9s egyszer\u0171, nincs sz\u00fcks\u00e9g nagy f\u00f6ldmunk\u00e1ra \u2013 hamarabb elk\u00e9sz\u00fcl, \u00e9s a talaj, illetve a n\u00f6v\u00e9nyek sem s\u00e9r\u00fclnek. Tiszta \u00e9s rendezett kertet teremt kevesebb munk\u00e1val.\"\n      }\n    },\n    {\n      \"@type\": \"Question\",\n      \"name\": \"Hogyan telep\u00edtsd a kerti szeg\u00e9lyt?\",\n      \"acceptedAnswer\": {\n        \"@type\": \"Answer\",\n        \"text\": \"A szeg\u00e9ly telep\u00edt\u00e9s\u00e9t m\u00e9r\u00e9s n\u00e9lk\u00fcl ne kezdd: el\u0151sz\u00f6r hat\u00e1rozd meg a ter\u00fcletet, v\u00e1laszd ki a szeg\u00e9lyfajt\u00e1t, majd \u00e1ss \u00e1rkot, helyezd el az anyagot, r\u00f6gz\u00edtsd \u00e9s t\u00f6ltsd fel f\u00f6lddel vagy mulccsal a h\u00e9zagokat.\"\n      }\n    },\n    {\n      \"@type\": \"Question\",\n      \"name\": \"Milyen szersz\u00e1mokra lesz sz\u00fcks\u00e9ged a szeg\u00e9lyez\u00e9shez?\",\n      \"acceptedAnswer\": {\n        \"@type\": \"Answer\",\n        \"text\": \"Alapvet\u0151 szersz\u00e1mok: \u00e1s\u00f3lap\u00e1t, f\u00e9lhold alak\u00fa szeg\u00e9lyv\u00e1g\u00f3, hori-hori kerti k\u00e9s, szeg\u00e9lyr\u00f6gz\u00edt\u0151 t\u00fcsk\u00e9k. Ezekkel k\u00f6nnyen telep\u00edtheted a szeg\u00e9lyt, \u00edgy rendezett, j\u00f3l elk\u00fcl\u00f6n\u00fcl\u0151 r\u00e9szeket alak\u00edthatsz ki.\"\n      }\n    },\n    {\n      \"@type\": \"Question\",\n      \"name\": \"Hogyan \u00e9rdemes karbantartani a kerti szeg\u00e9lyeket?\",\n      \"acceptedAnswer\": {\n        \"@type\": \"Answer\",\n        \"text\": \"A szeg\u00e9lyek rendben tart\u00e1sa elengedhetetlen, ha tiszta, rendezett kertet szeretn\u00e9l. Rendszeres v\u00e1g\u00e1s, igaz\u00edt\u00e1s \u00e9s ellen\u0151rz\u00e9s sz\u00fcks\u00e9ges, hogy mindig \u00e9les hat\u00e1r legyen a gyep \u00e9s az \u00e1gy\u00e1s k\u00f6z\u00f6tt.\"\n      }\n    },\n    {\n      \"@type\": \"Question\",\n      \"name\": \"Milyen egyszer\u0171 DIY \u00f6tletek vannak kerti szeg\u00e9ly k\u00e9sz\u00edt\u00e9s\u00e9re?\",\n      \"acceptedAnswer\": {\n        \"@type\": \"Answer\",\n        \"text\": \"A saj\u00e1t k\u00e9sz\u00edt\u00e9s\u0171 kerti szeg\u00e9ly j\u00f3 megold\u00e1s, ha egyedi, p\u00e9nzt\u00e1rcabar\u00e1t, m\u00e9gis l\u00e1tv\u00e1nyos dekor\u00e1ci\u00f3ra v\u00e1gysz. Haszn\u00e1lhatsz r\u00e9gi t\u00e9gl\u00e1kat, fa darabokat, hajl\u00e9kony szalagot vagy d\u00edszk\u00f6veket.\"\n      }\n    }\n  ]\n}\n<\/script>\n<script type=\"application\/ld+json\">\n{\n  \"@context\": \"https:\/\/schema.org\",\n  \"@type\": \"HowTo\",\n  \"name\": \"Kerti szeg\u00e9ly telep\u00edt\u00e9se l\u00e9p\u00e9sr\u0151l l\u00e9p\u00e9sre\",\n  \"description\": \"Ismerd meg, hogyan telep\u00edthetsz kerti szeg\u00e9lyt egyszer\u0171en, hogy rendezett, praktikus \u00e9s sz\u00e9p legyen a kerted.\",\n  \"image\": [\n    \"https:\/\/doubletakedecor.com\/uploads\/2025\/07\/garden-edging-dtd-01.jpg\",\n    \"https:\/\/doubletakedecor.com\/uploads\/2025\/07\/garden-edging-dtd-02.jpg\",\n    \"https:\/\/doubletakedecor.com\/uploads\/2025\/07\/garden-edging-dtd-03.jpg\"\n  ],\n  \"totalTime\": \"PT2H\",\n  \"supply\": [\n    {\n      \"@type\": \"HowToSupply\",\n      \"name\": \"Kerti szeg\u00e9ly (m\u0171anyag, f\u00e9m, fa, k\u0151 vagy beton)\"\n    },\n    {\n      \"@type\": \"HowToSupply\",\n      \"name\": \"Kar\u00f3k vagy t\u00fcsk\u00e9k a r\u00f6gz\u00edt\u00e9shez\"\n    },\n    {\n      \"@type\": \"HowToSupply\",\n      \"name\": \"Mulcs vagy f\u00f6ld a h\u00e9zagok kit\u00f6lt\u00e9s\u00e9hez\"\n    }\n  ],\n  \"tool\": [\n    {\n      \"@type\": \"HowToTool\",\n      \"name\": \"\u00c1s\u00f3lap\u00e1t\"\n    },\n    {\n      \"@type\": \"HowToTool\",\n      \"name\": \"F\u00e9lhold alak\u00fa szeg\u00e9lyv\u00e1g\u00f3\"\n    },\n    {\n      \"@type\": \"HowToTool\",\n      \"name\": \"Szeg\u00e9lyr\u00f6gz\u00edt\u0151 t\u00fcsk\u00e9k\"\n    }\n  ],\n  \"step\": [\n    {\n      \"@type\": \"HowToStep\",\n      \"name\": \"M\u00e9rd fel a ter\u00fcletet\",\n      \"text\": \"Hat\u00e1rozd meg pontosan, hova szeretn\u00e9d helyezni a szeg\u00e9lyt, \u00e9s m\u00e9rd le a sz\u00fcks\u00e9ges hossz\u00fas\u00e1got. \u00cdgy elegend\u0151 anyagot tudsz beszerezni.\",\n      \"image\": \"https:\/\/doubletakedecor.com\/uploads\/2025\/07\/garden-edging-dtd-01.jpg\"\n    },\n    {\n      \"@type\": \"HowToStep\",\n      \"name\": \"\u00c1rok \u00e1s\u00e1sa\",\n      \"text\": \"Egy \u00e1s\u00f3lap\u00e1ttal vagy szeg\u00e9lyv\u00e1g\u00f3val \u00e1ss sek\u00e9ly \u00e1rkot a kijel\u00f6lt vonal ment\u00e9n. Az \u00e1rok legyen el\u00e9g m\u00e9ly, hogy a szeg\u00e9ly stabilan \u00e1lljon.\",\n      \"image\": \"https:\/\/doubletakedecor.com\/uploads\/2025\/07\/garden-edging-dtd-02.jpg\"\n    },\n    {\n      \"@type\": \"HowToStep\",\n      \"name\": \"A szeg\u00e9ly behelyez\u00e9se\",\n      \"text\": \"Helyezd a szeg\u00e9lyanyagot az \u00e1rokba. Igaz\u00edtsd el \u00fagy, hogy egyenes vagy \u00edves vonalat kapj, a kert st\u00edlus\u00e1nak megfelel\u0151en.\",\n      \"image\": \"https:\/\/doubletakedecor.com\/uploads\/2025\/07\/garden-edging-dtd-03.jpg\"\n    },\n    {\n      \"@type\": \"HowToStep\",\n      \"name\": \"R\u00f6gz\u00edt\u00e9s\",\n      \"text\": \"A szeg\u00e9lyt kar\u00f3kkal vagy t\u00fcsk\u00e9kkel r\u00f6gz\u00edtsd, hogy hossz\u00fa t\u00e1von stabil maradjon. Az \u00e1s\u00e1s n\u00e9lk\u00fcli szeg\u00e9lyt is \u00edgy tudod fix\u00e1lni.\",\n      \"image\": \"https:\/\/doubletakedecor.com\/uploads\/2025\/07\/garden-edging-dtd-04.jpg\"\n    },\n    {\n      \"@type\": \"HowToStep\",\n      \"name\": \"H\u00e9zagok felt\u00f6lt\u00e9se\",\n      \"text\": \"A szeg\u00e9ly mellett keletkezett h\u00e9zagokat t\u00f6ltsd fel f\u00f6lddel vagy mulccsal, hogy sz\u00e9p, term\u00e9szetes \u00e1tmenet legyen a kert r\u00e9szei k\u00f6z\u00f6tt.\",\n      \"image\": \"https:\/\/doubletakedecor.com\/uploads\/2025\/07\/garden-edging-dtd-05.jpg\"\n    }\n  ]\n}\n<\/script>","_links":{"self":[{"href":"https:\/\/doubletakedecor.com\/hu\/wp-json\/wp\/v2\/posts\/2386","targetHints":{"allow":["GET"]}}],"collection":[{"href":"https:\/\/doubletakedecor.com\/hu\/wp-json\/wp\/v2\/posts"}],"about":[{"href":"https:\/\/doubletakedecor.com\/hu\/wp-json\/wp\/v2\/types\/post"}],"author":[{"embeddable":true,"href":"https:\/\/doubletakedecor.com\/hu\/wp-json\/wp\/v2\/users\/12"}],"replies":[{"embeddable":true,"href":"https:\/\/doubletakedecor.com\/hu\/wp-json\/wp\/v2\/comments?post=2386"}],"version-history":[{"count":1,"href":"https:\/\/doubletakedecor.com\/hu\/wp-json\/wp\/v2\/posts\/2386\/revisions"}],"predecessor-version":[{"id":2387,"href":"https:\/\/doubletakedecor.com\/hu\/wp-json\/wp\/v2\/posts\/2386\/revisions\/2387"}],"wp:featuredmedia":[{"embeddable":true,"href":"https:\/\/doubletakedecor.com\/hu\/wp-json\/wp\/v2\/media\/2375"}],"wp:attachment":[{"href":"https:\/\/doubletakedecor.com\/hu\/wp-json\/wp\/v2\/media?parent=2386"}],"wp:term":[{"taxonomy":"category","embeddable":true,"href":"https:\/\/doubletakedecor.com\/hu\/wp-json\/wp\/v2\/categories?post=2386"},{"taxonomy":"post_tag","embeddable":true,"href":"https:\/\/doubletakedecor.com\/hu\/wp-json\/wp\/v2\/tags?post=2386"}],"curies":[{"name":"wp","href":"https:\/\/api.w.org\/{rel}","templated":true}]}}