{"id":3117,"date":"2025-07-24T22:33:20","date_gmt":"2025-07-24T20:33:20","guid":{"rendered":"https:\/\/doubletakedecor.com\/kert\/udvari-elrendezes\/"},"modified":"2025-07-24T22:58:33","modified_gmt":"2025-07-24T20:58:33","slug":"udvari-elrendezes","status":"publish","type":"post","link":"https:\/\/doubletakedecor.com\/hu\/kert\/udvari-elrendezes\/","title":{"rendered":"Teljes \u00fatmutat\u00f3 az ide\u00e1lis kerti elrendez\u00e9s megtervez\u00e9s\u00e9hez"},"content":{"rendered":"<p>A t\u00f6k\u00e9letes h\u00e1ts\u00f3 kert kialak\u00edt\u00e1sa azzal kezd\u0151dik, hogy alaposan \u00e1tgondolod a rendelkez\u00e9sedre \u00e1ll\u00f3 t\u00e9r adotts\u00e1gait, \u00e9s pontosan meghat\u00e1rozod, mit szeretn\u00e9l kihozni a k\u00fclt\u00e9ri ter\u00fcletedb\u0151l. Legyen sz\u00f3 pihen\u0151sarokr\u00f3l, sz\u00f3rakoztat\u00f3 k\u00f6zpontr\u00f3l vagy vir\u00e1gz\u00f3 kertr\u0151l, a tervez\u00e9s sor\u00e1n mindig egyens\u00falyba kell hozni a sz\u00e9ps\u00e9get \u00e9s a haszn\u00e1lhat\u00f3s\u00e1got ahhoz, hogy igaz\u00e1n j\u00f3l m\u0171k\u00f6d\u0151 kerted legyen.<\/p>\n<p>Alapvet\u0151 elemek, mint az elk\u00fcl\u00f6n\u00edtett \u00fcl\u0151helyek, \u00e1tgondoltan elhelyezett kerti \u00f6sv\u00e9nyek \u00e9s a tudatos n\u00f6v\u00e9nytelep\u00edt\u00e9s teljesen \u00faj szintre emelhetik az \u00e1tlagos kertedet. Ma m\u00e1r olyan modern eszk\u00f6z\u00f6k is seg\u00edtenek, mint a 3D-s kerttervez\u0151 programok, melyekkel k\u00f6nnyed\u00e9n megn\u00e9zheted, milyen lesz a kert t\u00f6bbf\u00e9le elrendez\u00e9sben, miel\u0151tt b\u00e1rmit is t\u00e9nylegesen \u00e1talak\u00edtan\u00e1l.<\/p>\n<p>A cikk megmutatja, hogy ha t\u00f6bb k\u00fcl\u00f6n\u00e1ll\u00f3 z\u00f3n\u00e1t alak\u00edtasz ki a kertben (p\u00e9ld\u00e1ul pihen\u0151, j\u00e1tsz\u00f3 vagy \u00e9tkez\u0151 r\u00e9szeket), az nem csak a haszn\u00e1latot teszi k\u00f6nnyebb\u00e9, de l\u00e1tv\u00e1nyra is sokkal izgalmasabb lesz a kerted. Az is fontos, hogy j\u00f3l helyezd el a k\u00fcl\u00f6nf\u00e9le technikai megold\u00e1sokat, hogy hossz\u00fa t\u00e1von el\u00e9gedett legy\u00e9l az eredm\u00e9nnyel. Olyan \u00f6tleteket is kapsz, hogyan lehet be\u00e9p\u00edtett \u00fcl\u0151helyeket, t\u00e1mfalakat vagy \u00e1rny\u00e9kol\u00f3 elemeket kialak\u00edtani \u00fagy, hogy azok egyszerre legyenek praktikusak \u00e9s sz\u00e9pek is.<\/p>\n<p>M\u00e9g egy kisebb kertet is igaz\u00e1n k\u00fcl\u00f6nlegess\u00e9 tehetsz, ha p\u00e9ld\u00e1ul f\u00fcgg\u0151leges n\u00f6v\u00e9nyfalat haszn\u00e1lsz, t\u00f6bbfunkci\u00f3s kerti b\u00fatorokat v\u00e1lasztasz, vagy \u00fcgyesen j\u00e1tszol a sz\u00ednekkel \u00e9s a t\u00e9r elrendez\u00e9s\u00e9vel. Ha okosan v\u00e1logatod meg az anyagokat \u00e9s el\u0151re \u00e1tgondolod a terveidet, biztos lehetsz benne, hogy a kerted \u00e9veken \u00e1t a nyugalom \u00e9s a kikapcsol\u00f3d\u00e1s szigete lesz, ahol a st\u00edlus \u00e9s a haszn\u00e1lhat\u00f3s\u00e1g t\u00f6k\u00e9letesen megf\u00e9r egym\u00e1s mellett.<\/p>\n<div class=\"kt_block\" id=\"kt_id\">\n<span class=\"kt_headline\">F\u0151bb tanuls\u00e1gok<\/span><\/p>\n<ul class=\"kt_post_list\">\n<li><strong>\ud83c\udfe1 Szem\u00e9lyre szabott k\u00fclt\u00e9ri t\u00e9r:<\/strong> Az ide\u00e1lis h\u00e1ts\u00f3 kert kialak\u00edt\u00e1sa azzal kezd\u0151dik, hogy felm\u00e9red a helyet, meghat\u00e1rozod az ig\u00e9nyeidet, \u00e9s az eszt\u00e9tik\u00e1t \u00fagy egyens\u00falyozod a haszn\u00e1lhat\u00f3s\u00e1ggal, hogy a v\u00e9geredm\u00e9ny egy igaz\u00e1n szem\u00e9lyes kert legyen.<\/li>\n<li><strong>\ud83d\udecb\ufe0f Elk\u00fcl\u00f6n\u00edtett z\u00f3n\u00e1k, k\u00f6nny\u0171 haszn\u00e1lat:<\/strong> Ha a kertedet t\u00f6bbf\u00e9le, j\u00f3l elk\u00fcl\u00f6n\u00fcl\u0151 r\u00e9szre bontod (\u00fcl\u0151hely, \u00f6sv\u00e9ny, z\u00f6lds\u00e9ges vagy vir\u00e1g\u00e1gy\u00e1s), sokkal k\u00f6nnyebb\u00e9 \u00e9s \u00e9lvezetesebb\u00e9 v\u00e1lik a haszn\u00e1lata, r\u00e1ad\u00e1sul vizu\u00e1lisan is izgalmasabb lesz.<\/li>\n<li><strong>\ud83d\udee0\ufe0f Tervez\u0151 eszk\u00f6z\u00f6k:<\/strong> Modern seg\u00edts\u00e9get is vehetsz ig\u00e9nybe, p\u00e9ld\u00e1ul 3D-s kerttervez\u0151 programokat, amikkel el\u0151re kipr\u00f3b\u00e1lhatod a k\u00fcl\u00f6nb\u00f6z\u0151 elrendez\u00e9si \u00f6tleteidet \u2013 \u00edgy \u00e9lesben m\u00e1r csak a t\u00f6k\u00e9letes v\u00e1ltozatot val\u00f3s\u00edtod meg.<\/li>\n<li><strong>\ud83c\udf3f \u00d6tletes megold\u00e1sok kis helyre:<\/strong> Kis kertb\u0151l is lehet b\u00e1jos pihen\u0151hely, ha p\u00e9ld\u00e1ul magas\u00edtott n\u00f6v\u00e9nyfalakat, t\u00f6bbfunkci\u00f3s b\u00fatorokat vagy j\u00f3l megv\u00e1lasztott, \u00e9l\u00e9nk sz\u00edneket alkalmazol \u2013 \u00edgy egyszerre lesz sz\u00e9p \u00e9s praktikus a t\u00e9r.<\/li>\n<\/ul>\n<\/div>\n<h2>Alak\u00edts ki bar\u00e1ts\u00e1gos besz\u00e9lget\u0151sarkot \u00edves kanap\u00e9val \u00e9s t\u0171zrak\u00f3val<\/h2>\n<p><img loading=\"lazy\" decoding=\"async\" width=\"700\" height=\"1049\" alt=\"\u00cdves kerti kanap\u00e9 d\u00edszp\u00e1rn\u00e1kkal, modern t\u0171zrak\u00f3 k\u00f6r\u00fcl, buja z\u00f6ld n\u00f6v\u00e9nyek \u00e9s kavicsos talaj, modern \u00fcvegajt\u00f3s h\u00e1z mellett.\" class=\"aligncenter size-full wp-image-2775\" src=\"https:\/\/doubletakedecor.com\/uploads\/2025\/07\/backyard-layout-dtd-01.jpg\" srcset=\"https:\/\/doubletakedecor.com\/uploads\/2025\/07\/backyard-layout-dtd-01.jpg 700w, https:\/\/doubletakedecor.com\/uploads\/2025\/07\/backyard-layout-dtd-01-200x300.jpg 200w, https:\/\/doubletakedecor.com\/uploads\/2025\/07\/backyard-layout-dtd-01-683x1024.jpg 683w, https:\/\/doubletakedecor.com\/uploads\/2025\/07\/backyard-layout-dtd-01-96x144.jpg 96w, https:\/\/doubletakedecor.com\/uploads\/2025\/07\/backyard-layout-dtd-01-280x420.jpg 280w, https:\/\/doubletakedecor.com\/uploads\/2025\/07\/backyard-layout-dtd-01-320x480.jpg 320w, https:\/\/doubletakedecor.com\/uploads\/2025\/07\/backyard-layout-dtd-01-360x539.jpg 360w, https:\/\/doubletakedecor.com\/uploads\/2025\/07\/backyard-layout-dtd-01-363x544.jpg 363w, https:\/\/doubletakedecor.com\/uploads\/2025\/07\/backyard-layout-dtd-01-370x554.jpg 370w, https:\/\/doubletakedecor.com\/uploads\/2025\/07\/backyard-layout-dtd-01-400x599.jpg 400w, https:\/\/doubletakedecor.com\/uploads\/2025\/07\/backyard-layout-dtd-01-560x839.jpg 560w, https:\/\/doubletakedecor.com\/uploads\/2025\/07\/backyard-layout-dtd-01-480x719.jpg 480w\" sizes=\"auto, (max-width: 700px) 100vw, 700px\" \/><\/p>\n<p>Alak\u00edtsd \u00e1t a h\u00e1ts\u00f3 kerted egy kellemes besz\u00e9lget\u0151s helysz\u00ednn\u00e9 \u00fagy, hogy egy \u00edves kanap\u00e9t \u00e1ll\u00edtasz a k\u00f6z\u00e9ppontba, amelyet egy modern t\u0171zrak\u00f3 eg\u00e9sz\u00edt ki. Ez az elrendez\u00e9s term\u00e9szetesen \u00f6szt\u00f6nzi a t\u00e1rsalg\u00e1st, mik\u00f6zben \u00e1tl\u00e1that\u00f3 marad a kert. V\u00e1lassz semleges sz\u00edn\u0171 k\u00e1rpitot alapnak, majd dobd fel mint\u00e1s p\u00e1rn\u00e1kkal. Kerti b\u00fator k\u00f6r\u00e9 sz\u00f3rj kavicsot, \u00edgy a v\u00edzelvezet\u00e9s is megoldott lesz, a karbantart\u00e1s pedig minim\u00e1lis.<\/p>\n<h2>Var\u00e1zsold el kertedet t\u00f6bb szintes t\u00e1mfallal<\/h2>\n<p><img loading=\"lazy\" decoding=\"async\" width=\"700\" height=\"1050\" alt=\"Tervezett kert teraszos k\u0151falakkal, sz\u00ednes vir\u00e1g\u00e1gy\u00e1sokkal \u00e9s kanyarg\u00f3s k\u0151\u00f6sv\u00e9nnyel, amely egy tavacsk\u00e1hoz vezet.\" class=\"aligncenter size-full wp-image-2781\" src=\"https:\/\/doubletakedecor.com\/uploads\/2025\/07\/backyard-layout-dtd-02.jpg\" srcset=\"https:\/\/doubletakedecor.com\/uploads\/2025\/07\/backyard-layout-dtd-02.jpg 700w, https:\/\/doubletakedecor.com\/uploads\/2025\/07\/backyard-layout-dtd-02-200x300.jpg 200w, https:\/\/doubletakedecor.com\/uploads\/2025\/07\/backyard-layout-dtd-02-683x1024.jpg 683w, https:\/\/doubletakedecor.com\/uploads\/2025\/07\/backyard-layout-dtd-02-96x144.jpg 96w, https:\/\/doubletakedecor.com\/uploads\/2025\/07\/backyard-layout-dtd-02-280x420.jpg 280w, https:\/\/doubletakedecor.com\/uploads\/2025\/07\/backyard-layout-dtd-02-320x480.jpg 320w, https:\/\/doubletakedecor.com\/uploads\/2025\/07\/backyard-layout-dtd-02-360x540.jpg 360w, https:\/\/doubletakedecor.com\/uploads\/2025\/07\/backyard-layout-dtd-02-363x545.jpg 363w, https:\/\/doubletakedecor.com\/uploads\/2025\/07\/backyard-layout-dtd-02-370x555.jpg 370w, https:\/\/doubletakedecor.com\/uploads\/2025\/07\/backyard-layout-dtd-02-400x600.jpg 400w, https:\/\/doubletakedecor.com\/uploads\/2025\/07\/backyard-layout-dtd-02-560x840.jpg 560w, https:\/\/doubletakedecor.com\/uploads\/2025\/07\/backyard-layout-dtd-02-480x720.jpg 480w\" sizes=\"auto, (max-width: 700px) 100vw, 700px\" \/><\/p>\n<p>Ha lejt\u0151s a kerted, emeld ki az adotts\u00e1gait teraszos, t\u00f6bb szintes k\u0151 t\u00e1mfalakkal. Tegy\u00e9l be l\u00e9pcs\u0151zetes v\u00edzes\u00e9st, hogy kellemes csobog\u00e1s t\u00f6ltse meg a teret. Minden szintre m\u00e1s-m\u00e1s n\u00f6v\u00e9nyeket \u00fcltess: alulra \u00e1rny\u00e9kkedvel\u0151 p\u00e1fr\u00e1nyokat, fel\u00fclre napf\u00e9nykedvel\u0151 vir\u00e1gokat. Tipp: az egys\u00e9ges anyaghaszn\u00e1lat (pl. ugyanaz a k\u0151 a l\u00e9pcs\u0151kn\u00e9l \u00e9s a falakn\u00e1l) \u00f6sszhangot visz a kertedbe.<\/p>\n<h2>Alak\u00edts ki b\u00e9k\u00e9s kerti \u00f6sv\u00e9nyt k\u00fcl\u00f6nb\u00f6z\u0151 text\u00far\u00e1kkal<\/h2>\n<p><img loading=\"lazy\" decoding=\"async\" width=\"700\" height=\"1049\" alt=\"Kanyarg\u00f3s kerti \u00fat, k\u00f6vekkel szeg\u00e9lyezve, m\u0171p\u00e1zsit, d\u00edszf\u00fcvek \u00e9s rusztikus k\u0151fal egy hangulatos kertben.\" class=\"aligncenter size-full wp-image-2787\" src=\"https:\/\/doubletakedecor.com\/uploads\/2025\/07\/backyard-layout-dtd-03.jpg\" srcset=\"https:\/\/doubletakedecor.com\/uploads\/2025\/07\/backyard-layout-dtd-03.jpg 700w, https:\/\/doubletakedecor.com\/uploads\/2025\/07\/backyard-layout-dtd-03-200x300.jpg 200w, https:\/\/doubletakedecor.com\/uploads\/2025\/07\/backyard-layout-dtd-03-683x1024.jpg 683w, https:\/\/doubletakedecor.com\/uploads\/2025\/07\/backyard-layout-dtd-03-96x144.jpg 96w, https:\/\/doubletakedecor.com\/uploads\/2025\/07\/backyard-layout-dtd-03-280x420.jpg 280w, https:\/\/doubletakedecor.com\/uploads\/2025\/07\/backyard-layout-dtd-03-320x480.jpg 320w, https:\/\/doubletakedecor.com\/uploads\/2025\/07\/backyard-layout-dtd-03-360x539.jpg 360w, https:\/\/doubletakedecor.com\/uploads\/2025\/07\/backyard-layout-dtd-03-363x544.jpg 363w, https:\/\/doubletakedecor.com\/uploads\/2025\/07\/backyard-layout-dtd-03-370x554.jpg 370w, https:\/\/doubletakedecor.com\/uploads\/2025\/07\/backyard-layout-dtd-03-400x599.jpg 400w, https:\/\/doubletakedecor.com\/uploads\/2025\/07\/backyard-layout-dtd-03-560x839.jpg 560w, https:\/\/doubletakedecor.com\/uploads\/2025\/07\/backyard-layout-dtd-03-480x719.jpg 480w\" sizes=\"auto, (max-width: 700px) 100vw, 700px\" \/><\/p>\n<p>Tervezd meg, hogy a kerteden kereszt\u00fcl kanyarg\u00f3 k\u00f6ves \u00f6sv\u00e9nyt alak\u00edtasz ki, amely seg\u00edt a term\u00e9szetes \u00e1raml\u00e1s megteremt\u00e9s\u00e9ben, \u00e9s vizu\u00e1lis \u00e9lm\u00e9nyt is ny\u00fajt. Kombin\u00e1ld a k\u00f6nnyen kezelhet\u0151 m\u0171p\u00e1zsitot mozg\u00f3, izgalmas d\u00edszf\u00fcvekkel. Tedd m\u00e9g izgalmasabb\u00e1 a teret egy rusztikus k\u0151fallal, ami elv\u00e1laszt, de k\u00f6zben funkcion\u00e1lis is marad. \u00cdgy eg\u00e9sz \u00e9vben \u00e9lvezhet\u0151, alacsony gondoz\u00e1sig\u00e9ny\u0171 kerted lesz.<\/p>\n<h2>Alak\u00edts ki romantikus kerti pavilont szabadt\u00e9ri \u00e9tkez\u00e9shez<\/h2>\n<p><img loading=\"lazy\" decoding=\"async\" width=\"700\" height=\"1049\" alt=\"Feh\u00e9r f\u00e1b\u00f3l k\u00e9sz\u00fclt pavilon zsindelyes tet\u0151vel, r\u00f3zsasz\u00edn vir\u00e1gokkal \u00e9s meghitt \u00e9tkez\u0151vel, buja z\u00f6ld kertben.\" class=\"aligncenter size-full wp-image-2793\" src=\"https:\/\/doubletakedecor.com\/uploads\/2025\/07\/backyard-layout-dtd-04.jpg\" srcset=\"https:\/\/doubletakedecor.com\/uploads\/2025\/07\/backyard-layout-dtd-04.jpg 700w, https:\/\/doubletakedecor.com\/uploads\/2025\/07\/backyard-layout-dtd-04-200x300.jpg 200w, https:\/\/doubletakedecor.com\/uploads\/2025\/07\/backyard-layout-dtd-04-683x1024.jpg 683w, https:\/\/doubletakedecor.com\/uploads\/2025\/07\/backyard-layout-dtd-04-96x144.jpg 96w, https:\/\/doubletakedecor.com\/uploads\/2025\/07\/backyard-layout-dtd-04-280x420.jpg 280w, https:\/\/doubletakedecor.com\/uploads\/2025\/07\/backyard-layout-dtd-04-320x480.jpg 320w, https:\/\/doubletakedecor.com\/uploads\/2025\/07\/backyard-layout-dtd-04-360x539.jpg 360w, https:\/\/doubletakedecor.com\/uploads\/2025\/07\/backyard-layout-dtd-04-363x544.jpg 363w, https:\/\/doubletakedecor.com\/uploads\/2025\/07\/backyard-layout-dtd-04-370x554.jpg 370w, https:\/\/doubletakedecor.com\/uploads\/2025\/07\/backyard-layout-dtd-04-400x599.jpg 400w, https:\/\/doubletakedecor.com\/uploads\/2025\/07\/backyard-layout-dtd-04-560x839.jpg 560w, https:\/\/doubletakedecor.com\/uploads\/2025\/07\/backyard-layout-dtd-04-480x719.jpg 480w\" sizes=\"auto, (max-width: 700px) 100vw, 700px\" \/><\/p>\n<p>Friss\u00edtsd fel a kerted egy klasszikus, feh\u00e9r pavilonnal, amit kifejezetten \u00e9tkez\u00e9shez alak\u00edtasz ki. Helyezd el buja z\u00f6ld n\u00f6v\u00e9nyek k\u00f6z\u00f6tt, a korl\u00e1tokra pedig futtass sz\u00ednes vir\u00e1gkompoz\u00edci\u00f3kat. Egy egyszer\u0171 \u00e9tkez\u0151garnit\u00fara \u00e9s feh\u00e9r abrosz eleg\u00e1ns kontrasztot alkot a fa burkolattal. Sz\u00f3rj cserepes n\u00f6v\u00e9nyeket a pavilon k\u00f6r\u00e9, \u00edgy a szerkezet sz\u00e9pen beleolvad a kertbe.<\/p>\n<h2>Emeld ki bels\u0151 udvarodat egy nyugalmat \u00e1raszt\u00f3 k\u00f6r alak\u00fa sz\u00f6k\u0151k\u00fattal<\/h2>\n<p><img loading=\"lazy\" decoding=\"async\" width=\"700\" height=\"1050\" alt=\"Nyugodt udvari kert, k\u00f6z\u00e9pen k\u00f6r alak\u00fa k\u0151 sz\u00f6k\u0151k\u00fat, k\u00f6rben r\u00f3zsasz\u00edn vir\u00e1gok, h\u00e1tt\u00e9rben feh\u00e9r \u00e9p\u00fclet k\u00e9k ablakokkal.\" class=\"aligncenter size-full wp-image-2799\" src=\"https:\/\/doubletakedecor.com\/uploads\/2025\/07\/backyard-layout-dtd-05.jpg\" srcset=\"https:\/\/doubletakedecor.com\/uploads\/2025\/07\/backyard-layout-dtd-05.jpg 700w, https:\/\/doubletakedecor.com\/uploads\/2025\/07\/backyard-layout-dtd-05-200x300.jpg 200w, https:\/\/doubletakedecor.com\/uploads\/2025\/07\/backyard-layout-dtd-05-683x1024.jpg 683w, https:\/\/doubletakedecor.com\/uploads\/2025\/07\/backyard-layout-dtd-05-96x144.jpg 96w, https:\/\/doubletakedecor.com\/uploads\/2025\/07\/backyard-layout-dtd-05-280x420.jpg 280w, https:\/\/doubletakedecor.com\/uploads\/2025\/07\/backyard-layout-dtd-05-320x480.jpg 320w, https:\/\/doubletakedecor.com\/uploads\/2025\/07\/backyard-layout-dtd-05-360x540.jpg 360w, https:\/\/doubletakedecor.com\/uploads\/2025\/07\/backyard-layout-dtd-05-363x545.jpg 363w, https:\/\/doubletakedecor.com\/uploads\/2025\/07\/backyard-layout-dtd-05-370x555.jpg 370w, https:\/\/doubletakedecor.com\/uploads\/2025\/07\/backyard-layout-dtd-05-400x600.jpg 400w, https:\/\/doubletakedecor.com\/uploads\/2025\/07\/backyard-layout-dtd-05-560x840.jpg 560w, https:\/\/doubletakedecor.com\/uploads\/2025\/07\/backyard-layout-dtd-05-480x720.jpg 480w\" sizes=\"auto, (max-width: 700px) 100vw, 700px\" \/><\/p>\n<p>Alak\u00edts ki igazi nyugtat\u00f3 k\u00f6z\u00e9ppontot az udvarodban egy k\u00f6r alak\u00fa k\u0151sz\u00f6k\u0151k\u00fattal. Vedd k\u00f6rbe sz\u00ednes cserepes n\u00f6v\u00e9nyekkel, \u00edgy mindig m\u00e1s-m\u00e1s hangulatot adhatsz neki. Tegy\u00e9l a sz\u00f6k\u0151k\u00fathoz vezet\u0151 \u00fatvonalat macskak\u0151b\u0151l, a kert sz\u00e9l\u00e9re pedig \u00fcltess szab\u00e1lyos s\u00f6v\u00e9nyeket, \u00edgy rendezett lesz az \u00f6sszk\u00e9p. Ez nemcsak sz\u00e9p l\u00e1tv\u00e1nyt k\u00edn\u00e1l, de a cs\u00f6rgedez\u0151 v\u00edz hangja is megnyugtat\u00f3.<\/p>\n<h2>Rejts el hinta\u00e1gyat a kertben egy nyugodt zugban<\/h2>\n<p><img loading=\"lazy\" decoding=\"async\" width=\"700\" height=\"1050\" alt=\"Feh\u00e9r hinta\u00e1gy egyszer\u0171 \u00e1rny\u00e9kol\u00f3 alatt, sz\u00ednes vir\u00e1gok \u00e9s buja z\u00f6ldek, k\u0151\u00f6sv\u00e9ny b\u00e9k\u00e9s kertben.\" class=\"aligncenter size-full wp-image-2805\" src=\"https:\/\/doubletakedecor.com\/uploads\/2025\/07\/backyard-layout-dtd-06.jpg\" srcset=\"https:\/\/doubletakedecor.com\/uploads\/2025\/07\/backyard-layout-dtd-06.jpg 700w, https:\/\/doubletakedecor.com\/uploads\/2025\/07\/backyard-layout-dtd-06-200x300.jpg 200w, https:\/\/doubletakedecor.com\/uploads\/2025\/07\/backyard-layout-dtd-06-683x1024.jpg 683w, https:\/\/doubletakedecor.com\/uploads\/2025\/07\/backyard-layout-dtd-06-96x144.jpg 96w, https:\/\/doubletakedecor.com\/uploads\/2025\/07\/backyard-layout-dtd-06-280x420.jpg 280w, https:\/\/doubletakedecor.com\/uploads\/2025\/07\/backyard-layout-dtd-06-320x480.jpg 320w, https:\/\/doubletakedecor.com\/uploads\/2025\/07\/backyard-layout-dtd-06-360x540.jpg 360w, https:\/\/doubletakedecor.com\/uploads\/2025\/07\/backyard-layout-dtd-06-363x545.jpg 363w, https:\/\/doubletakedecor.com\/uploads\/2025\/07\/backyard-layout-dtd-06-370x555.jpg 370w, https:\/\/doubletakedecor.com\/uploads\/2025\/07\/backyard-layout-dtd-06-400x600.jpg 400w, https:\/\/doubletakedecor.com\/uploads\/2025\/07\/backyard-layout-dtd-06-560x840.jpg 560w, https:\/\/doubletakedecor.com\/uploads\/2025\/07\/backyard-layout-dtd-06-480x720.jpg 480w\" sizes=\"auto, (max-width: 700px) 100vw, 700px\" \/><\/p>\n<p>Ha csendes pihen\u0151helyre v\u00e1gysz, telep\u00edts egy feh\u00e9r hinta\u00e1gyat egy egyszer\u0171 \u00e1rny\u00e9kol\u00f3 al\u00e1 a kert egyik sark\u00e1ba. Vedd k\u00f6rbe sz\u00ednes vir\u00e1gokkal \u00e9s \u00e9l\u00e9nk z\u00f6ld n\u00f6v\u00e9nyekkel, hogy igaz\u00e1n meghitt legyen. K\u0151b\u0151l kirakott \u00f6sv\u00e9ny vezessen a hinta\u00e1gyig \u2013 \u00edgy nem csak mutat\u00f3s, de praktikus is lesz, ak\u00e1r es\u0151 ut\u00e1n is. Ez a kialak\u00edt\u00e1s t\u00f6k\u00e9letes mened\u00e9k, ahol mindig megpihenhetsz a term\u00e9szetben.<\/p>\n<h2>Alkoss kacskaring\u00f3s \u00f6sv\u00e9nyt, ami bej\u00e1rhat\u00f3v\u00e1 \u00e9s var\u00e1zslatoss\u00e1 teszi a kertedet<\/h2>\n<p><img loading=\"lazy\" decoding=\"async\" width=\"700\" height=\"1049\" alt=\"Kavicsos \u00f6sv\u00e9ny k\u00edgy\u00f3zik sz\u00ednes s\u00e1rga, lila \u00e9s r\u00f3zsasz\u00edn vir\u00e1gokkal teli kertben, form\u00e1ra ny\u00edrt bokrok \u00e9s sz\u00f6k\u0151k\u00fat mellett.\" class=\"aligncenter size-full wp-image-2811\" src=\"https:\/\/doubletakedecor.com\/uploads\/2025\/07\/backyard-layout-dtd-07.jpg\" srcset=\"https:\/\/doubletakedecor.com\/uploads\/2025\/07\/backyard-layout-dtd-07.jpg 700w, https:\/\/doubletakedecor.com\/uploads\/2025\/07\/backyard-layout-dtd-07-200x300.jpg 200w, https:\/\/doubletakedecor.com\/uploads\/2025\/07\/backyard-layout-dtd-07-683x1024.jpg 683w, https:\/\/doubletakedecor.com\/uploads\/2025\/07\/backyard-layout-dtd-07-96x144.jpg 96w, https:\/\/doubletakedecor.com\/uploads\/2025\/07\/backyard-layout-dtd-07-280x420.jpg 280w, https:\/\/doubletakedecor.com\/uploads\/2025\/07\/backyard-layout-dtd-07-320x480.jpg 320w, https:\/\/doubletakedecor.com\/uploads\/2025\/07\/backyard-layout-dtd-07-360x539.jpg 360w, https:\/\/doubletakedecor.com\/uploads\/2025\/07\/backyard-layout-dtd-07-363x544.jpg 363w, https:\/\/doubletakedecor.com\/uploads\/2025\/07\/backyard-layout-dtd-07-370x554.jpg 370w, https:\/\/doubletakedecor.com\/uploads\/2025\/07\/backyard-layout-dtd-07-400x599.jpg 400w, https:\/\/doubletakedecor.com\/uploads\/2025\/07\/backyard-layout-dtd-07-560x839.jpg 560w, https:\/\/doubletakedecor.com\/uploads\/2025\/07\/backyard-layout-dtd-07-480x719.jpg 480w\" sizes=\"auto, (max-width: 700px) 100vw, 700px\" \/><\/p>\n<p>Tervezd meg a kertedet \u00fagy, hogy egy kanyarg\u00f3s kavicsos \u00f6sv\u00e9ny vezet v\u00e9gig a legszebb r\u00e9szeken. Az \u00fat sz\u00e9l\u00e9t szeg\u00e9lyezd alacsony vir\u00e1g\u00e1gy\u00e1sokkal, m\u00f6g\u00e9j\u00fck pedig \u00fcltess magasabb n\u00f6v\u00e9nyeket. Helyezz el \u00fatk\u00f6zben egy kis sz\u00f6k\u0151kutat is, \u00edgy igazi l\u00e1tv\u00e1nyoss\u00e1g lesz a s\u00e9t\u00e1ny. Ez a kialak\u00edt\u00e1s j\u00e1t\u00e9koss\u00e1 \u00e9s izgalmass\u00e1 teszi a kertet, ahol minden s\u00e9t\u00e1n \u00fajabb r\u00e9szleteket fedezhetsz fel.<\/p>\n<h2>Hangulatos pihen\u0151hely pillang\u00f3sz\u00e9kekkel, kavics\u00e1gyon<\/h2>\n<p><img loading=\"lazy\" decoding=\"async\" width=\"700\" height=\"1043\" alt=\"K\u00e9t pillang\u00f3sz\u00e9k sima kavicsokon, levendulabokrokkal \u00e9s szab\u00e1lyos s\u00f6v\u00e9nyekkel k\u00f6r\u00fclv\u00e9ve, kellemes, csendes h\u00e1ts\u00f3 kertben.\" class=\"aligncenter size-full wp-image-2817\" src=\"https:\/\/doubletakedecor.com\/uploads\/2025\/07\/backyard-layout-dtd-08.jpg\" srcset=\"https:\/\/doubletakedecor.com\/uploads\/2025\/07\/backyard-layout-dtd-08.jpg 700w, https:\/\/doubletakedecor.com\/uploads\/2025\/07\/backyard-layout-dtd-08-201x300.jpg 201w, https:\/\/doubletakedecor.com\/uploads\/2025\/07\/backyard-layout-dtd-08-687x1024.jpg 687w, https:\/\/doubletakedecor.com\/uploads\/2025\/07\/backyard-layout-dtd-08-96x143.jpg 96w, https:\/\/doubletakedecor.com\/uploads\/2025\/07\/backyard-layout-dtd-08-280x417.jpg 280w, https:\/\/doubletakedecor.com\/uploads\/2025\/07\/backyard-layout-dtd-08-320x477.jpg 320w, https:\/\/doubletakedecor.com\/uploads\/2025\/07\/backyard-layout-dtd-08-360x536.jpg 360w, https:\/\/doubletakedecor.com\/uploads\/2025\/07\/backyard-layout-dtd-08-363x541.jpg 363w, https:\/\/doubletakedecor.com\/uploads\/2025\/07\/backyard-layout-dtd-08-370x551.jpg 370w, https:\/\/doubletakedecor.com\/uploads\/2025\/07\/backyard-layout-dtd-08-400x596.jpg 400w, https:\/\/doubletakedecor.com\/uploads\/2025\/07\/backyard-layout-dtd-08-560x834.jpg 560w, https:\/\/doubletakedecor.com\/uploads\/2025\/07\/backyard-layout-dtd-08-480x715.jpg 480w\" sizes=\"auto, (max-width: 700px) 100vw, 700px\" \/><\/p>\n<p>Egyszer\u0171, de st\u00edlusos pihen\u0151helyet alak\u00edthatsz ki, ha a pillang\u00f3 form\u00e1j\u00fa sz\u00e9keket sima kavicsokra helyezed. \u00dcltesd k\u00f6r\u00e9j\u00fck illatos levendul\u00e1t, \u00edgy ny\u00e1ron igazi \u00e9rz\u00e9kszervi \u00e9lm\u00e9nyt ny\u00fajt. Az egyenesre v\u00e1gott s\u00f6v\u00e9nyek \u00e9s feh\u00e9r t\u00e9glafalak nyugodt, rendezett h\u00e1tteret biztos\u00edtanak. Ezzel a kialak\u00edt\u00e1ssal szinte semmi gondod nem lesz, m\u00e9gis mindig hangulatos kertben pihenhetsz.<\/p>\n<h2>Alak\u00edts ki luxus hangulat\u00fa k\u00fclt\u00e9ri nappalit modern kandall\u00f3pavilonnal<\/h2>\n<p><img loading=\"lazy\" decoding=\"async\" width=\"700\" height=\"1050\" alt=\"Eleg\u00e1ns k\u00fclt\u00e9ri t\u00e9r, k\u00f6z\u00e9pen k\u0151 kandall\u00f3, mindk\u00e9t oldalon fa sz\u00e9kek kock\u00e1s p\u00e1rn\u00e1kkal, medence, sok z\u00f6ld n\u00f6v\u00e9ny.\" class=\"aligncenter size-full wp-image-2823\" src=\"https:\/\/doubletakedecor.com\/uploads\/2025\/07\/backyard-layout-dtd-09.jpg\" srcset=\"https:\/\/doubletakedecor.com\/uploads\/2025\/07\/backyard-layout-dtd-09.jpg 700w, https:\/\/doubletakedecor.com\/uploads\/2025\/07\/backyard-layout-dtd-09-200x300.jpg 200w, https:\/\/doubletakedecor.com\/uploads\/2025\/07\/backyard-layout-dtd-09-683x1024.jpg 683w, https:\/\/doubletakedecor.com\/uploads\/2025\/07\/backyard-layout-dtd-09-96x144.jpg 96w, https:\/\/doubletakedecor.com\/uploads\/2025\/07\/backyard-layout-dtd-09-280x420.jpg 280w, https:\/\/doubletakedecor.com\/uploads\/2025\/07\/backyard-layout-dtd-09-320x480.jpg 320w, https:\/\/doubletakedecor.com\/uploads\/2025\/07\/backyard-layout-dtd-09-360x540.jpg 360w, https:\/\/doubletakedecor.com\/uploads\/2025\/07\/backyard-layout-dtd-09-363x545.jpg 363w, https:\/\/doubletakedecor.com\/uploads\/2025\/07\/backyard-layout-dtd-09-370x555.jpg 370w, https:\/\/doubletakedecor.com\/uploads\/2025\/07\/backyard-layout-dtd-09-400x600.jpg 400w, https:\/\/doubletakedecor.com\/uploads\/2025\/07\/backyard-layout-dtd-09-560x840.jpg 560w, https:\/\/doubletakedecor.com\/uploads\/2025\/07\/backyard-layout-dtd-09-480x720.jpg 480w\" sizes=\"auto, (max-width: 700px) 100vw, 700px\" \/><\/p>\n<p>Hozz l\u00e9tre eleg\u00e1ns, m\u00e9gis otthonos k\u00fclt\u00e9ri nappalit egy modern, nyitott pavilonnal \u00e9s l\u00e1tv\u00e1nyos k\u0151 kandall\u00f3val. A t\u0171zrak\u00f3 k\u00f6r\u00e9 k\u00e9nyelmes, sz\u00ednben \u00f6sszehangolt \u00fcl\u0151helyeket rendezz el, \u00edgy meghitt \u00f6sszej\u00f6vetelekre is alkalmas lesz. A pavilont ak\u00e1r a medence mell\u00e9 is telep\u00edtheted, \u00edgy harmonikus sz\u00f3rakoz\u00f3t\u00e9r j\u00f6n l\u00e9tre. Dobd fel \u00e9l\u00e9nk sz\u00ednekkel \u00e9s z\u00f6ld n\u00f6v\u00e9nyekkel, hogy igaz\u00e1n egyedi legyen!<\/p>\n<h2>Alkoss vid\u00e9ki hangulat\u00fa pihen\u0151t fah\u00e1zzal a kertedben<\/h2>\n<p><img loading=\"lazy\" decoding=\"async\" width=\"700\" height=\"1050\" alt=\"B\u00e1jos r\u00f6nkh\u00e1z kopottas k\u00fclsej\u0171 gerend\u00e1kkal, k\u00f6r\u00fcl\u00f6tte buja kert sz\u00ednes vir\u00e1gokkal \u00e9s sok z\u00f6lddel, kavicsos \u00f6sv\u00e9nyekkel \u00f6sszek\u00f6tve.\" class=\"aligncenter size-full wp-image-2829\" src=\"https:\/\/doubletakedecor.com\/uploads\/2025\/07\/backyard-layout-dtd-10.jpg\" srcset=\"https:\/\/doubletakedecor.com\/uploads\/2025\/07\/backyard-layout-dtd-10.jpg 700w, https:\/\/doubletakedecor.com\/uploads\/2025\/07\/backyard-layout-dtd-10-200x300.jpg 200w, https:\/\/doubletakedecor.com\/uploads\/2025\/07\/backyard-layout-dtd-10-683x1024.jpg 683w, https:\/\/doubletakedecor.com\/uploads\/2025\/07\/backyard-layout-dtd-10-96x144.jpg 96w, https:\/\/doubletakedecor.com\/uploads\/2025\/07\/backyard-layout-dtd-10-280x420.jpg 280w, https:\/\/doubletakedecor.com\/uploads\/2025\/07\/backyard-layout-dtd-10-320x480.jpg 320w, https:\/\/doubletakedecor.com\/uploads\/2025\/07\/backyard-layout-dtd-10-360x540.jpg 360w, https:\/\/doubletakedecor.com\/uploads\/2025\/07\/backyard-layout-dtd-10-363x545.jpg 363w, https:\/\/doubletakedecor.com\/uploads\/2025\/07\/backyard-layout-dtd-10-370x555.jpg 370w, https:\/\/doubletakedecor.com\/uploads\/2025\/07\/backyard-layout-dtd-10-400x600.jpg 400w, https:\/\/doubletakedecor.com\/uploads\/2025\/07\/backyard-layout-dtd-10-560x840.jpg 560w, https:\/\/doubletakedecor.com\/uploads\/2025\/07\/backyard-layout-dtd-10-480x720.jpg 480w\" sizes=\"auto, (max-width: 700px) 100vw, 700px\" \/><\/p>\n<p>Csemp\u00e9ssz egy kis falusi b\u00e1jt a kertedbe \u00f6reg\u00edtett fa elemek \u00e9s rendezett \u00e1gy\u00e1sok kombin\u00e1ci\u00f3j\u00e1val. Az \u00e1gy\u00e1sokat kavicsos \u00f6sv\u00e9nyek v\u00e1lassz\u00e1k el egym\u00e1st\u00f3l \u2013 \u00edgy tiszt\u00e1n tartani sem neh\u00e9z \u0151ket. V\u00e1ltogasd a sz\u00ednes vir\u00e1gokat k\u00fcl\u00f6nf\u00e9le z\u00f6ld n\u00f6v\u00e9nyekkel, \u00edgy az \u00e9v minden szak\u00e1ban lesz mit n\u00e9zni. Egy kis fah\u00e1z, f\u00e9szer vagy fa\u00e9p\u00fclet t\u00f6k\u00e9letes k\u00f6zponti elemk\u00e9nt szolg\u00e1lhat ebben a term\u00e9szetk\u00f6zeli, b\u00e9k\u00e9s kertben.<\/p>\n<h2>Eleg\u00e1ns k\u00fclt\u00e9ri \u00e9tkez\u0151hely modern pergol\u00e1val<\/h2>\n<p><img loading=\"lazy\" decoding=\"async\" width=\"700\" height=\"1049\" alt=\"Letisztult pergola v\u00edzszintes l\u00e9cekkel le\u00e1rny\u00e9kolva, alatta \u00edzl\u00e9ses \u00e9tkez\u0151 b\u00fator, t\u00e9rk\u0151 burkolat, d\u00fas z\u00f6ld gyep \u00e9s sz\u00e9p panor\u00e1ma.\" class=\"aligncenter size-full wp-image-2835\" src=\"https:\/\/doubletakedecor.com\/uploads\/2025\/07\/backyard-layout-dtd-11.jpg\" srcset=\"https:\/\/doubletakedecor.com\/uploads\/2025\/07\/backyard-layout-dtd-11.jpg 700w, https:\/\/doubletakedecor.com\/uploads\/2025\/07\/backyard-layout-dtd-11-200x300.jpg 200w, https:\/\/doubletakedecor.com\/uploads\/2025\/07\/backyard-layout-dtd-11-683x1024.jpg 683w, https:\/\/doubletakedecor.com\/uploads\/2025\/07\/backyard-layout-dtd-11-96x144.jpg 96w, https:\/\/doubletakedecor.com\/uploads\/2025\/07\/backyard-layout-dtd-11-280x420.jpg 280w, https:\/\/doubletakedecor.com\/uploads\/2025\/07\/backyard-layout-dtd-11-320x480.jpg 320w, https:\/\/doubletakedecor.com\/uploads\/2025\/07\/backyard-layout-dtd-11-360x539.jpg 360w, https:\/\/doubletakedecor.com\/uploads\/2025\/07\/backyard-layout-dtd-11-363x544.jpg 363w, https:\/\/doubletakedecor.com\/uploads\/2025\/07\/backyard-layout-dtd-11-370x554.jpg 370w, https:\/\/doubletakedecor.com\/uploads\/2025\/07\/backyard-layout-dtd-11-400x599.jpg 400w, https:\/\/doubletakedecor.com\/uploads\/2025\/07\/backyard-layout-dtd-11-560x839.jpg 560w, https:\/\/doubletakedecor.com\/uploads\/2025\/07\/backyard-layout-dtd-11-480x719.jpg 480w\" sizes=\"auto, (max-width: 700px) 100vw, 700px\" \/><\/p>\n<p>Ha t\u00e9nyleg k\u00fcl\u00f6nleges k\u00fclt\u00e9ri \u00e9tkez\u0151helyet szeretn\u00e9l, \u00e9p\u00edts modern pergol\u00e1t v\u00edzszintesen fut\u00f3 l\u00e9cekkel \u2013 ezek optim\u00e1lisan szab\u00e1lyozz\u00e1k a napf\u00e9nyt \u00e9s az \u00e1rny\u00e9kot. Az \u00e9tkez\u0151asztalt tedd a pergola al\u00e1, \u00edgy elk\u00fcl\u00f6n\u00fcl\u0151, hangulatos \u201eszob\u00e1t\u201d kapsz a szabadban. D\u00edsz\u00edtsd cserepes n\u00f6v\u00e9nyekkel, \u00e9s v\u00e1lassz tart\u00f3s, k\u00f6nnyen tiszt\u00edthat\u00f3 burkolatot. Ez a letisztult elrendez\u00e9s f\u0151leg term\u00e9szetes k\u00f6rnyezetben mutat igaz\u00e1n j\u00f3l, mert kiemeli a kert sz\u00e9ps\u00e9g\u00e9t, de nem nyomja el azt.<\/p>\n<h2>B\u00e9k\u00e9s kerti \u00f6sv\u00e9ny, ami a saj\u00e1t zugodba vezet<\/h2>\n<p><img loading=\"lazy\" decoding=\"async\" width=\"700\" height=\"1049\" alt=\"Kanyarg\u00f3 k\u0151\u00f6sv\u00e9ny z\u00f6ld f\u0171ben, v\u00e9g\u00e9n pergola k\u00f6r\u00fcl fut\u00f3n\u00f6v\u00e9nyekkel, alatta k\u00fclt\u00e9ri \u00fcl\u0151hely, \u00e9l\u00e9nk z\u00f6ld n\u00f6v\u00e9nyek k\u00f6z\u00f6tt.\" class=\"aligncenter size-full wp-image-2841\" src=\"https:\/\/doubletakedecor.com\/uploads\/2025\/07\/backyard-layout-dtd-12.jpg\" srcset=\"https:\/\/doubletakedecor.com\/uploads\/2025\/07\/backyard-layout-dtd-12.jpg 700w, https:\/\/doubletakedecor.com\/uploads\/2025\/07\/backyard-layout-dtd-12-200x300.jpg 200w, https:\/\/doubletakedecor.com\/uploads\/2025\/07\/backyard-layout-dtd-12-683x1024.jpg 683w, https:\/\/doubletakedecor.com\/uploads\/2025\/07\/backyard-layout-dtd-12-96x144.jpg 96w, https:\/\/doubletakedecor.com\/uploads\/2025\/07\/backyard-layout-dtd-12-280x420.jpg 280w, https:\/\/doubletakedecor.com\/uploads\/2025\/07\/backyard-layout-dtd-12-320x480.jpg 320w, https:\/\/doubletakedecor.com\/uploads\/2025\/07\/backyard-layout-dtd-12-360x539.jpg 360w, https:\/\/doubletakedecor.com\/uploads\/2025\/07\/backyard-layout-dtd-12-363x544.jpg 363w, https:\/\/doubletakedecor.com\/uploads\/2025\/07\/backyard-layout-dtd-12-370x554.jpg 370w, https:\/\/doubletakedecor.com\/uploads\/2025\/07\/backyard-layout-dtd-12-400x599.jpg 400w, https:\/\/doubletakedecor.com\/uploads\/2025\/07\/backyard-layout-dtd-12-560x839.jpg 560w, https:\/\/doubletakedecor.com\/uploads\/2025\/07\/backyard-layout-dtd-12-480x719.jpg 480w\" sizes=\"auto, (max-width: 700px) 100vw, 700px\" \/><\/p>\n<p>Rakj le n\u00e9gyzet alak\u00fa k\u0151l\u00e9p\u0151ket egy kacskaring\u00f3s \u00f6sv\u00e9ny ment\u00e9n a p\u00e1zsitodon, hogy eleg\u00e1nsan \u00f6sszek\u00f6sd a kert k\u00fcl\u00f6nb\u00f6z\u0151 r\u00e9szeit. \u00dcgyelj r\u00e1, hogy a k\u00f6vek el\u00e9g k\u00f6zel legyenek egym\u00e1shoz a k\u00e9nyelmes j\u00e1r\u00e1shoz, de a term\u00e9szetes \u00f6sszk\u00e9p megmaradjon. Az \u00fat v\u00e9g\u00e9n lehet egy pergol\u00e1s \u00fcl\u0151sarok \u00e1rny\u00e9kot \u00e9s priv\u00e1t zugot adva. Futtass r\u00e1 k\u00fasz\u00f3n\u00f6v\u00e9nyeket, hogy ny\u00e1ron is kellemesen h\u0171s, z\u00f6ld mened\u00e9ket ny\u00fajtson a vend\u00e9geidnek.<\/p>\n<h2>Sz\u00ednes tulip\u00e1n\u00e1gy\u00e1sokkal alak\u00edts ki hull\u00e1mz\u00f3 vir\u00e1gmez\u0151ket<\/h2>\n<p><img loading=\"lazy\" decoding=\"async\" width=\"700\" height=\"1049\" alt=\"Sz\u00ednes tulip\u00e1nok kanyarg\u00f3 \u00e1gy\u00e1sokban t\u00fckr\u00f6z\u0151d\u0151 v\u00edzparton, magas f\u00e1k k\u00f6z\u00f6tt egy nyugodt h\u00e1ts\u00f3kertben\" class=\"aligncenter size-full wp-image-2847\" src=\"https:\/\/doubletakedecor.com\/uploads\/2025\/07\/backyard-layout-dtd-13.jpg\" srcset=\"https:\/\/doubletakedecor.com\/uploads\/2025\/07\/backyard-layout-dtd-13.jpg 700w, https:\/\/doubletakedecor.com\/uploads\/2025\/07\/backyard-layout-dtd-13-200x300.jpg 200w, https:\/\/doubletakedecor.com\/uploads\/2025\/07\/backyard-layout-dtd-13-683x1024.jpg 683w, https:\/\/doubletakedecor.com\/uploads\/2025\/07\/backyard-layout-dtd-13-96x144.jpg 96w, https:\/\/doubletakedecor.com\/uploads\/2025\/07\/backyard-layout-dtd-13-280x420.jpg 280w, https:\/\/doubletakedecor.com\/uploads\/2025\/07\/backyard-layout-dtd-13-320x480.jpg 320w, https:\/\/doubletakedecor.com\/uploads\/2025\/07\/backyard-layout-dtd-13-360x539.jpg 360w, https:\/\/doubletakedecor.com\/uploads\/2025\/07\/backyard-layout-dtd-13-363x544.jpg 363w, https:\/\/doubletakedecor.com\/uploads\/2025\/07\/backyard-layout-dtd-13-370x554.jpg 370w, https:\/\/doubletakedecor.com\/uploads\/2025\/07\/backyard-layout-dtd-13-400x599.jpg 400w, https:\/\/doubletakedecor.com\/uploads\/2025\/07\/backyard-layout-dtd-13-560x839.jpg 560w, https:\/\/doubletakedecor.com\/uploads\/2025\/07\/backyard-layout-dtd-13-480x719.jpg 480w\" sizes=\"auto, (max-width: 700px) 100vw, 700px\" \/><\/p>\n<p>\u00cdvesen fut\u00f3 tulip\u00e1n\u00e1gy\u00e1sokkal vezess v\u00e9gig a h\u00e1ts\u00f3 kerteden. \u00dcltesd egym\u00e1s mell\u00e9 a sz\u00edneiben harmoniz\u00e1l\u00f3 fajt\u00e1kat, hogy a vir\u00e1g\u00e1gy\u00e1sok igaz\u00e1n l\u00e1tv\u00e1nyosak legyenek. Helyezd \u0151ket v\u00edz k\u00f6zel\u00e9be, \u00edgy gy\u00f6ny\u00f6r\u0171en t\u00fckr\u00f6z\u0151dnek majd a sziromsz\u00ednek. Ez a kialak\u00edt\u00e1s nemcsak szemet gy\u00f6ny\u00f6rk\u00f6dtet\u0151, hanem term\u00e9szetes \u00f6sv\u00e9nyt is kialak\u00edt, amely felfedez\u00e9sre h\u00edv a kertedben.<\/p>\n<h2>Nyugalmas tavaszi t\u00f3: r\u00e9teges n\u00f6v\u00e9ny\u00fcltet\u00e9si tr\u00fckk\u00f6kkel<\/h2>\n<p><img loading=\"lazy\" decoding=\"async\" width=\"700\" height=\"1049\" alt=\"Gondosan megtervezett kert halk t\u00f3val, k\u00f6vekkel k\u00f6r\u00fclv\u00e9ve, sz\u00ednes vir\u00e1gokkal, v\u00edzes\u00e9ssel \u00e9s d\u00fas z\u00f6ldell\u0151 n\u00f6v\u00e9nyekkel.\" class=\"aligncenter size-full wp-image-2853\" src=\"https:\/\/doubletakedecor.com\/uploads\/2025\/07\/backyard-layout-dtd-14.jpg\" srcset=\"https:\/\/doubletakedecor.com\/uploads\/2025\/07\/backyard-layout-dtd-14.jpg 700w, https:\/\/doubletakedecor.com\/uploads\/2025\/07\/backyard-layout-dtd-14-200x300.jpg 200w, https:\/\/doubletakedecor.com\/uploads\/2025\/07\/backyard-layout-dtd-14-683x1024.jpg 683w, https:\/\/doubletakedecor.com\/uploads\/2025\/07\/backyard-layout-dtd-14-96x144.jpg 96w, https:\/\/doubletakedecor.com\/uploads\/2025\/07\/backyard-layout-dtd-14-280x420.jpg 280w, https:\/\/doubletakedecor.com\/uploads\/2025\/07\/backyard-layout-dtd-14-320x480.jpg 320w, https:\/\/doubletakedecor.com\/uploads\/2025\/07\/backyard-layout-dtd-14-360x539.jpg 360w, https:\/\/doubletakedecor.com\/uploads\/2025\/07\/backyard-layout-dtd-14-363x544.jpg 363w, https:\/\/doubletakedecor.com\/uploads\/2025\/07\/backyard-layout-dtd-14-370x554.jpg 370w, https:\/\/doubletakedecor.com\/uploads\/2025\/07\/backyard-layout-dtd-14-400x599.jpg 400w, https:\/\/doubletakedecor.com\/uploads\/2025\/07\/backyard-layout-dtd-14-560x839.jpg 560w, https:\/\/doubletakedecor.com\/uploads\/2025\/07\/backyard-layout-dtd-14-480x719.jpg 480w\" sizes=\"auto, (max-width: 700px) 100vw, 700px\" \/><\/p>\n<p>Alak\u00edtsd ki a v\u00edzpart k\u00f6r\u00fcl term\u00e9szetes hat\u00e1s\u00fa k\u0151keretet, hogy a t\u00f3 sz\u00e9pen elk\u00fcl\u00f6n\u00fclj\u00f6n. \u00dcltess magasabb vir\u00e1gokat a t\u00f3 m\u00f6g\u00e9, a kisebbeket pedig el\u0151re: \u00edgy lesz igaz\u00e1n izgalmas a l\u00e1tv\u00e1ny. Kis v\u00edzes\u00e9ssel a t\u00f3 hangulata m\u00e9g nyugtat\u00f3bb lesz, r\u00e1ad\u00e1sul megmozgatja a vizet. A tiszta, rendezett p\u00e1zsit h\u00e1tt\u00e9rben sz\u00e9pen kiemeli a t\u00f3 k\u00fcl\u00f6nlegess\u00e9g\u00e9t.<\/p>\n<h2>Macram\u00e9 f\u00fcgg\u0151sz\u00e9kkel alak\u00edts ki csendes pihen\u0151sarkot<\/h2>\n<p><img loading=\"lazy\" decoding=\"async\" width=\"700\" height=\"1049\" alt=\"Feh\u00e9r makram\u00e9 f\u00fcgg\u0151fotel egy fa\u00e1gra akasztva, z\u00f6lddel teli kertben, k\u00f6vekkel kirakott \u00fattal\" class=\"aligncenter size-full wp-image-2859\" src=\"https:\/\/doubletakedecor.com\/uploads\/2025\/07\/backyard-layout-dtd-15.jpg\" srcset=\"https:\/\/doubletakedecor.com\/uploads\/2025\/07\/backyard-layout-dtd-15.jpg 700w, https:\/\/doubletakedecor.com\/uploads\/2025\/07\/backyard-layout-dtd-15-200x300.jpg 200w, https:\/\/doubletakedecor.com\/uploads\/2025\/07\/backyard-layout-dtd-15-683x1024.jpg 683w, https:\/\/doubletakedecor.com\/uploads\/2025\/07\/backyard-layout-dtd-15-96x144.jpg 96w, https:\/\/doubletakedecor.com\/uploads\/2025\/07\/backyard-layout-dtd-15-280x420.jpg 280w, https:\/\/doubletakedecor.com\/uploads\/2025\/07\/backyard-layout-dtd-15-320x480.jpg 320w, https:\/\/doubletakedecor.com\/uploads\/2025\/07\/backyard-layout-dtd-15-360x539.jpg 360w, https:\/\/doubletakedecor.com\/uploads\/2025\/07\/backyard-layout-dtd-15-363x544.jpg 363w, https:\/\/doubletakedecor.com\/uploads\/2025\/07\/backyard-layout-dtd-15-370x554.jpg 370w, https:\/\/doubletakedecor.com\/uploads\/2025\/07\/backyard-layout-dtd-15-400x599.jpg 400w, https:\/\/doubletakedecor.com\/uploads\/2025\/07\/backyard-layout-dtd-15-560x839.jpg 560w, https:\/\/doubletakedecor.com\/uploads\/2025\/07\/backyard-layout-dtd-15-480x719.jpg 480w\" sizes=\"auto, (max-width: 700px) 100vw, 700px\" \/><\/p>\n<p>B\u00e1rmelyik kerti sarkot nyugodt mened\u00e9kk\u00e9 tudod var\u00e1zsolni, ha egy macram\u00e9 f\u00fcgg\u0151sz\u00e9ket akasztasz egy er\u0151s fa\u00e1gra. Ha egy kerti \u00f6sv\u00e9ny k\u00f6zel\u00e9be teszed, sz\u00e9p r\u00e1l\u00e1t\u00e1sod lesz a kertre. Id\u0151j\u00e1r\u00e1s\u00e1ll\u00f3 p\u00e1rn\u00e1kkal m\u00e9g k\u00e9nyelmesebb hossz\u00fa olvas\u00e1sokhoz vagy pihen\u00e9shez. Ne feledd: csak stabil, nagy teherb\u00edr\u00e1s\u00fa szerelv\u00e9nyekkel r\u00f6gz\u00edtsd a sz\u00e9ket a biztons\u00e1g kedv\u00e9\u00e9rt!<\/p>\n<h2>Szintezett elrendez\u00e9s: k\u00fcl\u00f6n terek egy k\u00e9nyelmes kerti mened\u00e9khez<\/h2>\n<p><img loading=\"lazy\" decoding=\"async\" width=\"700\" height=\"1050\" alt=\"Rendezett kert sz\u00fcrke burkolatos terasszal, fonott \u00e9tkez\u0151 garnit\u00far\u00e1val, l\u00e9pcs\u0151zetes \u00e1gy\u00e1sok d\u00edszn\u00f6v\u00e9nyekkel \u00e9s f\u00e1kkal.\" class=\"aligncenter size-full wp-image-2865\" src=\"https:\/\/doubletakedecor.com\/uploads\/2025\/07\/backyard-layout-dtd-16.jpg\" srcset=\"https:\/\/doubletakedecor.com\/uploads\/2025\/07\/backyard-layout-dtd-16.jpg 700w, https:\/\/doubletakedecor.com\/uploads\/2025\/07\/backyard-layout-dtd-16-200x300.jpg 200w, https:\/\/doubletakedecor.com\/uploads\/2025\/07\/backyard-layout-dtd-16-683x1024.jpg 683w, https:\/\/doubletakedecor.com\/uploads\/2025\/07\/backyard-layout-dtd-16-96x144.jpg 96w, https:\/\/doubletakedecor.com\/uploads\/2025\/07\/backyard-layout-dtd-16-280x420.jpg 280w, https:\/\/doubletakedecor.com\/uploads\/2025\/07\/backyard-layout-dtd-16-320x480.jpg 320w, https:\/\/doubletakedecor.com\/uploads\/2025\/07\/backyard-layout-dtd-16-360x540.jpg 360w, https:\/\/doubletakedecor.com\/uploads\/2025\/07\/backyard-layout-dtd-16-363x545.jpg 363w, https:\/\/doubletakedecor.com\/uploads\/2025\/07\/backyard-layout-dtd-16-370x555.jpg 370w, https:\/\/doubletakedecor.com\/uploads\/2025\/07\/backyard-layout-dtd-16-400x600.jpg 400w, https:\/\/doubletakedecor.com\/uploads\/2025\/07\/backyard-layout-dtd-16-560x840.jpg 560w, https:\/\/doubletakedecor.com\/uploads\/2025\/07\/backyard-layout-dtd-16-480x720.jpg 480w\" sizes=\"auto, (max-width: 700px) 100vw, 700px\" \/><\/p>\n<p>Hozz l\u00e9tre elt\u00e9r\u0151 funkci\u00f3j\u00fa z\u00f3n\u00e1kat szintezett kialak\u00edt\u00e1ssal a kertedben. Az \u00e9tkez\u0151t, asztalt \u00e9s sz\u00e9keket helyezd a legk\u00f6zelebb a h\u00e1zhoz, burkolt fel\u00fcletre. Tov\u00e1bb haladva j\u00f6het a z\u00f6ld p\u00e1zsit \u00e9s k\u00f6r\u00fcl\u00f6tte d\u00edszf\u0171vek. A l\u00e9pcs\u0151zetes \u00e1gy\u00e1sok egyszerre biztos\u00edtanak meghitts\u00e9get \u00e9s vizu\u00e1lis izgalmat. Ezzel a megold\u00e1ssal mindent kihaszn\u00e1lsz a kertb\u0151l, mik\u00f6zben megmarad a rendezett \u00f6sszhang.<\/p>\n<h2>T\u00f6bbfunkci\u00f3s h\u00e1ts\u00f3kert eleg\u00e1ns vend\u00e9gh\u00e1zzal<\/h2>\n<p><img loading=\"lazy\" decoding=\"async\" width=\"700\" height=\"1050\" alt=\"Eleg\u00e1ns kert: t\u00e9glalap alak\u00fa medence, fa burkolat, modern vend\u00e9gh\u00e1z \u00fcvegajt\u00f3kkal \u00e9s letisztult berendez\u00e9ssel.\" class=\"aligncenter size-full wp-image-2871\" src=\"https:\/\/doubletakedecor.com\/uploads\/2025\/07\/backyard-layout-dtd-17.jpg\" srcset=\"https:\/\/doubletakedecor.com\/uploads\/2025\/07\/backyard-layout-dtd-17.jpg 700w, https:\/\/doubletakedecor.com\/uploads\/2025\/07\/backyard-layout-dtd-17-200x300.jpg 200w, https:\/\/doubletakedecor.com\/uploads\/2025\/07\/backyard-layout-dtd-17-683x1024.jpg 683w, https:\/\/doubletakedecor.com\/uploads\/2025\/07\/backyard-layout-dtd-17-96x144.jpg 96w, https:\/\/doubletakedecor.com\/uploads\/2025\/07\/backyard-layout-dtd-17-280x420.jpg 280w, https:\/\/doubletakedecor.com\/uploads\/2025\/07\/backyard-layout-dtd-17-320x480.jpg 320w, https:\/\/doubletakedecor.com\/uploads\/2025\/07\/backyard-layout-dtd-17-360x540.jpg 360w, https:\/\/doubletakedecor.com\/uploads\/2025\/07\/backyard-layout-dtd-17-363x545.jpg 363w, https:\/\/doubletakedecor.com\/uploads\/2025\/07\/backyard-layout-dtd-17-370x555.jpg 370w, https:\/\/doubletakedecor.com\/uploads\/2025\/07\/backyard-layout-dtd-17-400x600.jpg 400w, https:\/\/doubletakedecor.com\/uploads\/2025\/07\/backyard-layout-dtd-17-560x840.jpg 560w, https:\/\/doubletakedecor.com\/uploads\/2025\/07\/backyard-layout-dtd-17-480x720.jpg 480w\" sizes=\"auto, (max-width: 700px) 100vw, 700px\" \/><\/p>\n<p>Tedd igaz\u00e1n \u00e9lvezetess\u00e9 a k\u00fclt\u00e9ri teredet egy letisztult medenc\u00e9vel \u00e9s modern vend\u00e9gh\u00e1zzal. Oszd t\u00f6bb r\u00e9szre a kertet: fapadl\u00f3val, pergol\u00e1val k\u00e9sz\u00edthetsz ki\u00fcl\u0151s, \u00e1rny\u00e9kos r\u00e9szeket. \u00dagy helyezd el az \u00fcl\u0151alkalmatoss\u00e1gokat, hogy k\u00e9nyelmesen besz\u00e9lgethess vagy pihenhess a medence mellett. Gondolj a praktikumra is: legyen k\u00e9zn\u00e9l t\u00f6r\u00fclk\u00f6z\u0151, \u00e9s nagy tol\u00f3ajt\u00f3kkal biztos\u00edtsd, hogy k\u00f6nnyen \u00e1tj\u00e1rhat\u00f3 legyen a k\u00fclt\u00e9r \u00e9s a belt\u00e9r. Ilyen elrendez\u00e9ssel a luxus \u00e9s a praktikum egyszerre val\u00f3sul meg.<\/p>\n<h2>Emeld ki a kertedet term\u00e9szetes k\u0151l\u00e9pcs\u0151kkel<\/h2>\n<p><img loading=\"lazy\" decoding=\"async\" width=\"700\" height=\"1049\" alt=\"K\u0151l\u00e9pcs\u0151 kanyarog d\u00fas n\u00f6v\u00e9nyek k\u00f6zt \u2013 sz\u00ednes vir\u00e1gok, f\u00e1k egy csendes kertben.\" class=\"aligncenter size-full wp-image-2877\" src=\"https:\/\/doubletakedecor.com\/uploads\/2025\/07\/backyard-layout-dtd-18.jpg\" srcset=\"https:\/\/doubletakedecor.com\/uploads\/2025\/07\/backyard-layout-dtd-18.jpg 700w, https:\/\/doubletakedecor.com\/uploads\/2025\/07\/backyard-layout-dtd-18-200x300.jpg 200w, https:\/\/doubletakedecor.com\/uploads\/2025\/07\/backyard-layout-dtd-18-683x1024.jpg 683w, https:\/\/doubletakedecor.com\/uploads\/2025\/07\/backyard-layout-dtd-18-96x144.jpg 96w, https:\/\/doubletakedecor.com\/uploads\/2025\/07\/backyard-layout-dtd-18-280x420.jpg 280w, https:\/\/doubletakedecor.com\/uploads\/2025\/07\/backyard-layout-dtd-18-320x480.jpg 320w, https:\/\/doubletakedecor.com\/uploads\/2025\/07\/backyard-layout-dtd-18-360x539.jpg 360w, https:\/\/doubletakedecor.com\/uploads\/2025\/07\/backyard-layout-dtd-18-363x544.jpg 363w, https:\/\/doubletakedecor.com\/uploads\/2025\/07\/backyard-layout-dtd-18-370x554.jpg 370w, https:\/\/doubletakedecor.com\/uploads\/2025\/07\/backyard-layout-dtd-18-400x599.jpg 400w, https:\/\/doubletakedecor.com\/uploads\/2025\/07\/backyard-layout-dtd-18-560x839.jpg 560w, https:\/\/doubletakedecor.com\/uploads\/2025\/07\/backyard-layout-dtd-18-480x719.jpg 480w\" sizes=\"auto, (max-width: 700px) 100vw, 700px\" \/><\/p>\n<p>Nagy, lapos k\u0151l\u00e9p\u0151kkel l\u00e9trehozhatsz egy j\u00f3l j\u00e1rhat\u00f3, m\u00e9gis eleg\u00e1ns \u00f6sv\u00e9nyt a kerteden \u00e1t. K\u00f6r\u00e9 v\u00e1logass k\u00fcl\u00f6nf\u00e9le f\u0171f\u00e9l\u00e9ket \u00e9s leveles bokrokat, \u00edgy kiegyens\u00falyozott lesz a l\u00e1tv\u00e1ny. H\u00e1tr\u00e9bb, elrendezve, n\u00e9h\u00e1ny magasabb fa adhat \u00e1rny\u00e9kot is \u00e9s m\u00e9lys\u00e9get. Ez a kialak\u00edt\u00e1s f\u0151leg lejt\u0151s ter\u00fcleten mutat igaz\u00e1n j\u00f3l: a kor\u00e1bban nehezen hasznos\u00edthat\u00f3 r\u00e9sz most a kert d\u00edsz\u00e9v\u00e9 v\u00e1lik.<\/p>\n<h2>D\u00edszes mad\u00e1ritat\u00f3val teremts figyelemfelkelt\u0151 k\u00f6zpontot a kertedben<\/h2>\n<p><img loading=\"lazy\" decoding=\"async\" width=\"700\" height=\"1050\" alt=\"Fest\u0151i kert: sz\u00ednes vir\u00e1gok egy fat\u00e1bl\u00e1s h\u00e1zhoz vezetnek, k\u00f6z\u00e9ppontban egy egyedi, ker\u00e9k alak\u00fa mad\u00e1ritat\u00f3 a t\u00e9glapadon.\" class=\"aligncenter size-full wp-image-2883\" src=\"https:\/\/doubletakedecor.com\/uploads\/2025\/07\/backyard-layout-dtd-19.jpg\" srcset=\"https:\/\/doubletakedecor.com\/uploads\/2025\/07\/backyard-layout-dtd-19.jpg 700w, https:\/\/doubletakedecor.com\/uploads\/2025\/07\/backyard-layout-dtd-19-200x300.jpg 200w, https:\/\/doubletakedecor.com\/uploads\/2025\/07\/backyard-layout-dtd-19-683x1024.jpg 683w, https:\/\/doubletakedecor.com\/uploads\/2025\/07\/backyard-layout-dtd-19-96x144.jpg 96w, https:\/\/doubletakedecor.com\/uploads\/2025\/07\/backyard-layout-dtd-19-280x420.jpg 280w, https:\/\/doubletakedecor.com\/uploads\/2025\/07\/backyard-layout-dtd-19-320x480.jpg 320w, https:\/\/doubletakedecor.com\/uploads\/2025\/07\/backyard-layout-dtd-19-360x540.jpg 360w, https:\/\/doubletakedecor.com\/uploads\/2025\/07\/backyard-layout-dtd-19-363x545.jpg 363w, https:\/\/doubletakedecor.com\/uploads\/2025\/07\/backyard-layout-dtd-19-370x555.jpg 370w, https:\/\/doubletakedecor.com\/uploads\/2025\/07\/backyard-layout-dtd-19-400x600.jpg 400w, https:\/\/doubletakedecor.com\/uploads\/2025\/07\/backyard-layout-dtd-19-560x840.jpg 560w, https:\/\/doubletakedecor.com\/uploads\/2025\/07\/backyard-layout-dtd-19-480x720.jpg 480w\" sizes=\"auto, (max-width: 700px) 100vw, 700px\" \/><\/p>\n<p>Var\u00e1zsolj \u00e9lettel teli k\u00f6zpontot a kertedbe egy mutat\u00f3s mad\u00e1ritat\u00f3val! Helyezd el \u00fagy, hogy j\u00f3l lehessen l\u00e1tni a kerti \u00faton s\u00e9t\u00e1lva. Sz\u00ednes vir\u00e1gokkal \u2013 p\u00e9ld\u00e1ul p\u00fcnk\u00f6sdir\u00f3zs\u00e1val \u2013 vegy\u00fck k\u00f6rbe, hogy igaz\u00e1n felt\u0171n\u0151 legyen. Ez a v\u00edzforr\u00e1s nemcsak l\u00e1tv\u00e1nyos d\u00edsz, hanem odavonzhatja a kedves madarakat is a kertedbe.<\/p>\n<h2>Hangs\u00falyos \u00fatvonalak hortenzia t\u00f6mb\u00f6kkel<\/h2>\n<p><img loading=\"lazy\" decoding=\"async\" width=\"700\" height=\"1050\" alt=\"Gondozott kert b\u0151velkedik feh\u00e9r hortenzi\u00e1ban, kavicsos \u00f6sv\u00e9nyek, pasztell vir\u00e1gok, sok z\u00f6lddel.\" class=\"aligncenter size-full wp-image-2889\" src=\"https:\/\/doubletakedecor.com\/uploads\/2025\/07\/backyard-layout-dtd-20.jpg\" srcset=\"https:\/\/doubletakedecor.com\/uploads\/2025\/07\/backyard-layout-dtd-20.jpg 700w, https:\/\/doubletakedecor.com\/uploads\/2025\/07\/backyard-layout-dtd-20-200x300.jpg 200w, https:\/\/doubletakedecor.com\/uploads\/2025\/07\/backyard-layout-dtd-20-683x1024.jpg 683w, https:\/\/doubletakedecor.com\/uploads\/2025\/07\/backyard-layout-dtd-20-96x144.jpg 96w, https:\/\/doubletakedecor.com\/uploads\/2025\/07\/backyard-layout-dtd-20-280x420.jpg 280w, https:\/\/doubletakedecor.com\/uploads\/2025\/07\/backyard-layout-dtd-20-320x480.jpg 320w, https:\/\/doubletakedecor.com\/uploads\/2025\/07\/backyard-layout-dtd-20-360x540.jpg 360w, https:\/\/doubletakedecor.com\/uploads\/2025\/07\/backyard-layout-dtd-20-363x545.jpg 363w, https:\/\/doubletakedecor.com\/uploads\/2025\/07\/backyard-layout-dtd-20-370x555.jpg 370w, https:\/\/doubletakedecor.com\/uploads\/2025\/07\/backyard-layout-dtd-20-400x600.jpg 400w, https:\/\/doubletakedecor.com\/uploads\/2025\/07\/backyard-layout-dtd-20-560x840.jpg 560w, https:\/\/doubletakedecor.com\/uploads\/2025\/07\/backyard-layout-dtd-20-480x720.jpg 480w\" sizes=\"auto, (max-width: 700px) 100vw, 700px\" \/><\/p>\n<p>Emeld ki a kerti \u00fatvonalat felt\u0171n\u0151 feh\u00e9r hortenzi\u00e1kkal. Tedd ezeket a bokrokat a kanyarg\u00f3 kavicsos \u00f6sv\u00e9ny mell\u00e9, k\u00f6r\u00fcl\u00f6tt\u00fck d\u00fas z\u00f6ld n\u00f6v\u00e9nyzettel \u00e9s tov\u00e1bbi finom r\u00f3zsasz\u00edn vir\u00e1gokkal. N\u00e9h\u00e1ny nagyobb fa term\u00e9szetes h\u00e1tteret ad a b\u00e9k\u00e9s hangulathoz. Ez a kialak\u00edt\u00e1s egyszerre ad l\u00e1tv\u00e1nyos keretet \u00e9s csendes, nyugodt zugokat: ide\u00e1lis pihen\u00e9shez vagy elm\u00e9ly\u00fcl\u00e9shez.<\/p>\n<h2>K\u00fclt\u00e9ri spa hangulat: k\u0151 terasz \u00e9s term\u00e9szetes kieg\u00e9sz\u00edt\u0151k<\/h2>\n<p><img loading=\"lazy\" decoding=\"async\" width=\"700\" height=\"1050\" alt=\"Eleg\u00e1ns k\u00fclt\u00e9ri t\u00e9r: k\u0151 terasz jakuzzival, nyug\u00e1gyak, r\u00f3zsasz\u00edn vir\u00e1gok \u00e9s st\u00edlusos piros tet\u0151s \u00e9p\u00fcletek.\" class=\"aligncenter size-full wp-image-2895\" src=\"https:\/\/doubletakedecor.com\/uploads\/2025\/07\/backyard-layout-dtd-21.jpg\" srcset=\"https:\/\/doubletakedecor.com\/uploads\/2025\/07\/backyard-layout-dtd-21.jpg 700w, https:\/\/doubletakedecor.com\/uploads\/2025\/07\/backyard-layout-dtd-21-200x300.jpg 200w, https:\/\/doubletakedecor.com\/uploads\/2025\/07\/backyard-layout-dtd-21-683x1024.jpg 683w, https:\/\/doubletakedecor.com\/uploads\/2025\/07\/backyard-layout-dtd-21-96x144.jpg 96w, https:\/\/doubletakedecor.com\/uploads\/2025\/07\/backyard-layout-dtd-21-280x420.jpg 280w, https:\/\/doubletakedecor.com\/uploads\/2025\/07\/backyard-layout-dtd-21-320x480.jpg 320w, https:\/\/doubletakedecor.com\/uploads\/2025\/07\/backyard-layout-dtd-21-360x540.jpg 360w, https:\/\/doubletakedecor.com\/uploads\/2025\/07\/backyard-layout-dtd-21-363x545.jpg 363w, https:\/\/doubletakedecor.com\/uploads\/2025\/07\/backyard-layout-dtd-21-370x555.jpg 370w, https:\/\/doubletakedecor.com\/uploads\/2025\/07\/backyard-layout-dtd-21-400x600.jpg 400w, https:\/\/doubletakedecor.com\/uploads\/2025\/07\/backyard-layout-dtd-21-560x840.jpg 560w, https:\/\/doubletakedecor.com\/uploads\/2025\/07\/backyard-layout-dtd-21-480x720.jpg 480w\" sizes=\"auto, (max-width: 700px) 100vw, 700px\" \/><\/p>\n<p>Alak\u00edtsd \u00e1t a kerted egy igazi luxus pihen\u0151v\u00e9 egy jakuzzi be\u00e9p\u00edt\u00e9s\u00e9vel, amelyet term\u00e9szetes k\u0151fal vesz k\u00f6r\u00fcl. Nyug\u00e1gyakat tegy\u00e9l mell\u00e9j\u00fck, \u00e9s \u00fcltess sz\u00ednes, \u00e9l\u00e9nk vir\u00e1gokat, hogy feldobja a hangulatot. A k\u0151 \u00e9s fa elemek egy\u00fctt harmonikus k\u00e9pet adnak. Egy tipp: pr\u00f3b\u00e1lj olyan f\u00e9m tet\u0151t v\u00e1lasztani, ami illik a kerted st\u00edlus\u00e1hoz, \u00edgy lesz teljes az \u00e9lm\u00e9ny!<\/p>\n<h2>L\u00e9pcs\u0151zetes k\u0151falas vir\u00e1g\u00e1gy\u00e1s a k\u00fcl\u00f6nleges hat\u00e1s\u00e9rt<\/h2>\n<p><img loading=\"lazy\" decoding=\"async\" width=\"700\" height=\"1050\" alt=\"Gondozott kert feh\u00e9r \u00e9s k\u00e9k vir\u00e1gokkal, rusztikus k\u0151fal ment\u00e9n lil\u00e1s vir\u00e1gt\u00f6mb\u00f6kkel\" class=\"aligncenter size-full wp-image-2901\" src=\"https:\/\/doubletakedecor.com\/uploads\/2025\/07\/backyard-layout-dtd-22.jpg\" srcset=\"https:\/\/doubletakedecor.com\/uploads\/2025\/07\/backyard-layout-dtd-22.jpg 700w, https:\/\/doubletakedecor.com\/uploads\/2025\/07\/backyard-layout-dtd-22-200x300.jpg 200w, https:\/\/doubletakedecor.com\/uploads\/2025\/07\/backyard-layout-dtd-22-683x1024.jpg 683w, https:\/\/doubletakedecor.com\/uploads\/2025\/07\/backyard-layout-dtd-22-96x144.jpg 96w, https:\/\/doubletakedecor.com\/uploads\/2025\/07\/backyard-layout-dtd-22-280x420.jpg 280w, https:\/\/doubletakedecor.com\/uploads\/2025\/07\/backyard-layout-dtd-22-320x480.jpg 320w, https:\/\/doubletakedecor.com\/uploads\/2025\/07\/backyard-layout-dtd-22-360x540.jpg 360w, https:\/\/doubletakedecor.com\/uploads\/2025\/07\/backyard-layout-dtd-22-363x545.jpg 363w, https:\/\/doubletakedecor.com\/uploads\/2025\/07\/backyard-layout-dtd-22-370x555.jpg 370w, https:\/\/doubletakedecor.com\/uploads\/2025\/07\/backyard-layout-dtd-22-400x600.jpg 400w, https:\/\/doubletakedecor.com\/uploads\/2025\/07\/backyard-layout-dtd-22-560x840.jpg 560w, https:\/\/doubletakedecor.com\/uploads\/2025\/07\/backyard-layout-dtd-22-480x720.jpg 480w\" sizes=\"auto, (max-width: 700px) 100vw, 700px\" \/><\/p>\n<p>\u00c9rdekes l\u00e1tv\u00e1nyt teremthetsz a kertedben egy term\u00e9sk\u0151 t\u00e1mfal be\u00e9p\u00edt\u00e9s\u00e9vel, amelybe n\u00f6v\u00e9nyszigeteket \u00fcltethetsz. Legel\u00f6lre alacsony talajtakar\u00f3kat v\u00e1lassz, e m\u00f6g\u00f6tt lehetnek k\u00f6z\u00e9pmagas \u00e9vel\u0151k, a fal perem\u00e9r\u0151l pedig cs\u00fcng\u0151 vir\u00e1gok l\u00f3ghatnak \u00e1t. Tipp: haszn\u00e1ld a lila \u00e9s feh\u00e9r sz\u00ednkontrasztot a vir\u00e1gokn\u00e1l, hogy igaz\u00e1n kiemelked\u0151 legyen a k\u0151fal el\u0151tt.<\/p>\n<h2>K\u0151b\u0151l rakott \u00f6sv\u00e9ny: \u00fat a medenc\u00e9hez<\/h2>\n<p><img loading=\"lazy\" decoding=\"async\" width=\"700\" height=\"1049\" alt=\"K\u0151burkolat\u00fa \u00f6sv\u00e9ny z\u00f6ld p\u00e1zsiton \u00e9s r\u00f3zsasz\u00edn vir\u00e1g\u00e1gy\u00e1sok k\u00f6zt, napf\u00e9nyes medenc\u00e9hez visz, mellette nyug\u00e1gyak \u00e9s s\u00f6v\u00e9nyek a priv\u00e1t szf\u00e9r\u00e1\u00e9rt\" class=\"aligncenter size-full wp-image-2907\" src=\"https:\/\/doubletakedecor.com\/uploads\/2025\/07\/backyard-layout-dtd-23.jpg\" srcset=\"https:\/\/doubletakedecor.com\/uploads\/2025\/07\/backyard-layout-dtd-23.jpg 700w, https:\/\/doubletakedecor.com\/uploads\/2025\/07\/backyard-layout-dtd-23-200x300.jpg 200w, https:\/\/doubletakedecor.com\/uploads\/2025\/07\/backyard-layout-dtd-23-683x1024.jpg 683w, https:\/\/doubletakedecor.com\/uploads\/2025\/07\/backyard-layout-dtd-23-96x144.jpg 96w, https:\/\/doubletakedecor.com\/uploads\/2025\/07\/backyard-layout-dtd-23-280x420.jpg 280w, https:\/\/doubletakedecor.com\/uploads\/2025\/07\/backyard-layout-dtd-23-320x480.jpg 320w, https:\/\/doubletakedecor.com\/uploads\/2025\/07\/backyard-layout-dtd-23-360x539.jpg 360w, https:\/\/doubletakedecor.com\/uploads\/2025\/07\/backyard-layout-dtd-23-363x544.jpg 363w, https:\/\/doubletakedecor.com\/uploads\/2025\/07\/backyard-layout-dtd-23-370x554.jpg 370w, https:\/\/doubletakedecor.com\/uploads\/2025\/07\/backyard-layout-dtd-23-400x599.jpg 400w, https:\/\/doubletakedecor.com\/uploads\/2025\/07\/backyard-layout-dtd-23-560x839.jpg 560w, https:\/\/doubletakedecor.com\/uploads\/2025\/07\/backyard-layout-dtd-23-480x719.jpg 480w\" sizes=\"auto, (max-width: 700px) 100vw, 700px\" \/><\/p>\n<p>Nagy, lapos k\u0151l\u00e9p\u0151k\u00f6n k\u00e9nyelmesen juthatsz \u00e1t a p\u00e1zsiton a kert k\u00fcl\u00f6nb\u00f6z\u0151 r\u00e9szeihez, p\u00e9ld\u00e1ul a medenc\u00e9hez. Az utat sz\u00ednes vir\u00e1g\u00e1gy\u00e1sok szeg\u00e9lyezz\u00e9k \u2013 p\u00e9ld\u00e1ul r\u00f3zsasz\u00edn vir\u00e1gok, melyek sz\u00e9p kontrasztot adnak a z\u00f6lddel. A medence k\u00f6r\u00fcl form\u00e1ra ny\u00edrt s\u00f6v\u00e9nyek adj\u00e1k a priv\u00e1t hangulatot, mik\u00f6zben megmarad az \u00e1tl\u00e1that\u00f3, rendezett elrendez\u00e9s. Ez seg\u00edt, hogy a pihen\u00e9s t\u00e9nyleg zavartalan legyen.<\/p>\n<h2>Alkoss nyugalmas pihen\u0151helyeket j\u00f3l elhelyezett \u00fcl\u0151b\u00fatorokkal<\/h2>\n<p><img loading=\"lazy\" decoding=\"async\" width=\"700\" height=\"1049\" alt=\"Tengerz\u00f6ld Adirondack sz\u00e9kek k\u0151 teraszon, f\u00fcves foltokkal, d\u00fas z\u00f6ld n\u00f6v\u00e9nyek \u00e9s hangulatos piros fah\u00e1z h\u00e1tt\u00e9rrel.\" class=\"aligncenter size-full wp-image-2913\" src=\"https:\/\/doubletakedecor.com\/uploads\/2025\/07\/backyard-layout-dtd-24.jpg\" srcset=\"https:\/\/doubletakedecor.com\/uploads\/2025\/07\/backyard-layout-dtd-24.jpg 700w, https:\/\/doubletakedecor.com\/uploads\/2025\/07\/backyard-layout-dtd-24-200x300.jpg 200w, https:\/\/doubletakedecor.com\/uploads\/2025\/07\/backyard-layout-dtd-24-683x1024.jpg 683w, https:\/\/doubletakedecor.com\/uploads\/2025\/07\/backyard-layout-dtd-24-96x144.jpg 96w, https:\/\/doubletakedecor.com\/uploads\/2025\/07\/backyard-layout-dtd-24-280x420.jpg 280w, https:\/\/doubletakedecor.com\/uploads\/2025\/07\/backyard-layout-dtd-24-320x480.jpg 320w, https:\/\/doubletakedecor.com\/uploads\/2025\/07\/backyard-layout-dtd-24-360x539.jpg 360w, https:\/\/doubletakedecor.com\/uploads\/2025\/07\/backyard-layout-dtd-24-363x544.jpg 363w, https:\/\/doubletakedecor.com\/uploads\/2025\/07\/backyard-layout-dtd-24-370x554.jpg 370w, https:\/\/doubletakedecor.com\/uploads\/2025\/07\/backyard-layout-dtd-24-400x599.jpg 400w, https:\/\/doubletakedecor.com\/uploads\/2025\/07\/backyard-layout-dtd-24-560x839.jpg 560w, https:\/\/doubletakedecor.com\/uploads\/2025\/07\/backyard-layout-dtd-24-480x719.jpg 480w\" sizes=\"auto, (max-width: 700px) 100vw, 700px\" \/><\/p>\n<p>Helyezz el k\u00e9nyelmes Adirondack sz\u00e9keket k\u0151teraszokra, ahol a f\u0171 is meg-megjelenik a j\u00e1r\u00f3lapok k\u00f6z\u00f6tt. K\u00f6rbe \u00fcltess vir\u00e1g\u00e1gy\u00e1sokat, hogy kellemes legyen a l\u00e1tv\u00e1ny, mik\u00f6zben r\u00e1l\u00e1tsz a kert f\u0151bb elemeire. Az ilyen elrendez\u00e9snek k\u00f6sz\u00f6nhet\u0151en a kert t\u00f6bb r\u00e9sz\u00e9t is kipr\u00f3b\u00e1lod, \u00e9s k\u00f6zelebb ker\u00fclsz a term\u00e9szethez minden nap.<\/p>\n<h2>Harmonikus, szimmetrikus medencepart a kikapcsol\u00f3d\u00e1shoz<\/h2>\n<p><img loading=\"lazy\" decoding=\"async\" width=\"700\" height=\"1050\" alt=\"T\u00e9glalap alak\u00fa medence, t\u00fckr\u00f6zi az eget; z\u00f6ld p\u00e1zsit, napoz\u00f3sz\u00e9kek, oldals\u00f3 asztal vir\u00e1gokkal, f\u00e1k veszik k\u00f6r\u00fcl\" class=\"aligncenter size-full wp-image-2919\" src=\"https:\/\/doubletakedecor.com\/uploads\/2025\/07\/backyard-layout-dtd-25.jpg\" srcset=\"https:\/\/doubletakedecor.com\/uploads\/2025\/07\/backyard-layout-dtd-25.jpg 700w, https:\/\/doubletakedecor.com\/uploads\/2025\/07\/backyard-layout-dtd-25-200x300.jpg 200w, https:\/\/doubletakedecor.com\/uploads\/2025\/07\/backyard-layout-dtd-25-683x1024.jpg 683w, https:\/\/doubletakedecor.com\/uploads\/2025\/07\/backyard-layout-dtd-25-96x144.jpg 96w, https:\/\/doubletakedecor.com\/uploads\/2025\/07\/backyard-layout-dtd-25-280x420.jpg 280w, https:\/\/doubletakedecor.com\/uploads\/2025\/07\/backyard-layout-dtd-25-320x480.jpg 320w, https:\/\/doubletakedecor.com\/uploads\/2025\/07\/backyard-layout-dtd-25-360x540.jpg 360w, https:\/\/doubletakedecor.com\/uploads\/2025\/07\/backyard-layout-dtd-25-363x545.jpg 363w, https:\/\/doubletakedecor.com\/uploads\/2025\/07\/backyard-layout-dtd-25-370x555.jpg 370w, https:\/\/doubletakedecor.com\/uploads\/2025\/07\/backyard-layout-dtd-25-400x600.jpg 400w, https:\/\/doubletakedecor.com\/uploads\/2025\/07\/backyard-layout-dtd-25-560x840.jpg 560w, https:\/\/doubletakedecor.com\/uploads\/2025\/07\/backyard-layout-dtd-25-480x720.jpg 480w\" sizes=\"auto, (max-width: 700px) 100vw, 700px\" \/><\/p>\n<p>Teremts egyens\u00falyt a kertben azzal, hogy a t\u00e9glalap alak\u00fa medence mindk\u00e9t oldal\u00e1ra ugyanazokat a napoz\u00f3sz\u00e9keket teszed. Egy kis d\u00edszasztal friss vir\u00e1gokkal t\u00f6k\u00e9letes kieg\u00e9sz\u00edt\u0151 lehet. Figyelj arra is, hogy a p\u00e1zsit \u00e1polt, tiszta legyen, \u00edgy a v\u00edz \u00e9s a kert minden sz\u00e9ps\u00e9ge j\u00f3l \u00e9rv\u00e9nyes\u00fcl. N\u00e9h\u00e1ny id\u0151sebb fa a kert sz\u00e9l\u00e9n term\u00e9szetes \u00e1rny\u00e9kot \u00e9s priv\u00e1t szf\u00e9r\u00e1t ad a legmelegebb napokon is.<\/p>\n<h2>Priv\u00e1t o\u00e1zis: ker\u00edt\u00e9s \u00e9s otthonos kerti b\u00fatorok<\/h2>\n<p><img loading=\"lazy\" decoding=\"async\" width=\"700\" height=\"1050\" alt=\"Priv\u00e1t k\u00fclt\u00e9ri \u00e9lett\u00e9r: feh\u00e9r sarokkanap\u00e9, fonott sz\u00e9k, kerek k\u00e1v\u00e9z\u00f3asztal fa teraszon, cserepes n\u00f6v\u00e9nyekkel.\" class=\"aligncenter size-full wp-image-2925\" src=\"https:\/\/doubletakedecor.com\/uploads\/2025\/07\/backyard-layout-dtd-26.jpg\" srcset=\"https:\/\/doubletakedecor.com\/uploads\/2025\/07\/backyard-layout-dtd-26.jpg 700w, https:\/\/doubletakedecor.com\/uploads\/2025\/07\/backyard-layout-dtd-26-200x300.jpg 200w, https:\/\/doubletakedecor.com\/uploads\/2025\/07\/backyard-layout-dtd-26-683x1024.jpg 683w, https:\/\/doubletakedecor.com\/uploads\/2025\/07\/backyard-layout-dtd-26-96x144.jpg 96w, https:\/\/doubletakedecor.com\/uploads\/2025\/07\/backyard-layout-dtd-26-280x420.jpg 280w, https:\/\/doubletakedecor.com\/uploads\/2025\/07\/backyard-layout-dtd-26-320x480.jpg 320w, https:\/\/doubletakedecor.com\/uploads\/2025\/07\/backyard-layout-dtd-26-360x540.jpg 360w, https:\/\/doubletakedecor.com\/uploads\/2025\/07\/backyard-layout-dtd-26-363x545.jpg 363w, https:\/\/doubletakedecor.com\/uploads\/2025\/07\/backyard-layout-dtd-26-370x555.jpg 370w, https:\/\/doubletakedecor.com\/uploads\/2025\/07\/backyard-layout-dtd-26-400x600.jpg 400w, https:\/\/doubletakedecor.com\/uploads\/2025\/07\/backyard-layout-dtd-26-560x840.jpg 560w, https:\/\/doubletakedecor.com\/uploads\/2025\/07\/backyard-layout-dtd-26-480x720.jpg 480w\" sizes=\"auto, (max-width: 700px) 100vw, 700px\" \/><\/p>\n<p>Feh\u00e9r, l\u00e9cezett ker\u00edt\u00e9ssel kijel\u00f6lheted a szabadt\u00e9ri \u00e9letteredet, mik\u00f6zben a leveg\u0151 \u00e9s a f\u00e9ny is szabadon \u00e1ramlik. Helyezz el k\u00e9nyelmes b\u00fatorokat id\u0151j\u00e1r\u00e1s\u00e1ll\u00f3 p\u00e1rn\u00e1kkal, egy semleges \u00e1rnyalat\u00fa k\u00fclt\u00e9ri sz\u0151nyeggel dobd fel a teret. Tedd m\u00e9g hangulatosabb\u00e1 cserepes n\u00f6v\u00e9nyekkel. Ez az elrendez\u00e9s biztos\u00edtja a priv\u00e1t szf\u00e9r\u00e1t, de nem lesz t\u00fal z\u00e1rt \u00e9rzete: t\u00f6k\u00e9letes bar\u00e1ti \u00f6sszej\u00f6vetelekhez vagy nyugalmas elvonul\u00e1shoz.<\/p>\n<h2>Bar\u00e1ts\u00e1gos besz\u00e9lget\u0151sarok k\u00fclt\u00e9ren, hangulatos f\u00e9nyekkel<\/h2>\n<p><img loading=\"lazy\" decoding=\"async\" width=\"700\" height=\"1050\" alt=\"K\u00e9nyelmes fa sz\u00e9kek p\u00e1rn\u00e1kkal, egy k\u00e1v\u00e9z\u00f3asztal k\u00f6r\u00fcl mint\u00e1s sz\u0151nyegen, \u00e9g\u0151sor a fej felett, a h\u00e1tt\u00e9rben z\u00f6ld n\u00f6v\u00e9nyek \u00e9s feh\u00e9r ker\u00edt\u00e9s.\" class=\"aligncenter size-full wp-image-2931\" src=\"https:\/\/doubletakedecor.com\/uploads\/2025\/07\/backyard-layout-dtd-27.jpg\" srcset=\"https:\/\/doubletakedecor.com\/uploads\/2025\/07\/backyard-layout-dtd-27.jpg 700w, https:\/\/doubletakedecor.com\/uploads\/2025\/07\/backyard-layout-dtd-27-200x300.jpg 200w, https:\/\/doubletakedecor.com\/uploads\/2025\/07\/backyard-layout-dtd-27-683x1024.jpg 683w, https:\/\/doubletakedecor.com\/uploads\/2025\/07\/backyard-layout-dtd-27-96x144.jpg 96w, https:\/\/doubletakedecor.com\/uploads\/2025\/07\/backyard-layout-dtd-27-280x420.jpg 280w, https:\/\/doubletakedecor.com\/uploads\/2025\/07\/backyard-layout-dtd-27-320x480.jpg 320w, https:\/\/doubletakedecor.com\/uploads\/2025\/07\/backyard-layout-dtd-27-360x540.jpg 360w, https:\/\/doubletakedecor.com\/uploads\/2025\/07\/backyard-layout-dtd-27-363x545.jpg 363w, https:\/\/doubletakedecor.com\/uploads\/2025\/07\/backyard-layout-dtd-27-370x555.jpg 370w, https:\/\/doubletakedecor.com\/uploads\/2025\/07\/backyard-layout-dtd-27-400x600.jpg 400w, https:\/\/doubletakedecor.com\/uploads\/2025\/07\/backyard-layout-dtd-27-560x840.jpg 560w, https:\/\/doubletakedecor.com\/uploads\/2025\/07\/backyard-layout-dtd-27-480x720.jpg 480w\" sizes=\"auto, (max-width: 700px) 100vw, 700px\" \/><\/p>\n<p>Var\u00e1zsold igaz\u00e1n otthonoss\u00e1 a kertedet: csoportos\u00edts fa sz\u00e9keket p\u00e1rn\u00e1kkal egy k\u00e1v\u00e9z\u00f3asztal k\u00f6r\u00e9, mindezt egy mint\u00e1s k\u00fclt\u00e9ri sz\u0151nyegre helyezve. \u00c9g\u0151sorokkal teremts este is meghitt hangulatot, cserepes n\u00f6v\u00e9nyekkel pedig tedd term\u00e9szetess\u00e9 a sarkot. A ker\u00edt\u00e9s h\u00e1tt\u00e9rnek is j\u00f3, egyben biztos\u00edtja a priv\u00e1t l\u00e9gk\u00f6rt. Ez az elrendez\u00e9s t\u00f6k\u00e9letes bar\u00e1ti besz\u00e9lget\u00e9sekhez vagy nyugodt mindennapi pihen\u00e9shez is.<\/p>\n<h2>Vend\u00e9gbar\u00e1t bej\u00e1rat: nagy, t\u00e9glalap alak\u00fa t\u00e9rk\u00f6vekkel<\/h2>\n<p><img loading=\"lazy\" decoding=\"async\" width=\"700\" height=\"1049\" alt=\"Modern sz\u00fcrke t\u00e9glah\u00e1z f\u00e9mtet\u0151vel, a bej\u00e1rathoz vezet\u0151 sz\u00e9les t\u00e9rk\u00f6vekkel, rendezett kerttel \u00e9s z\u00f6ld n\u00f6v\u00e9nyekkel.\" class=\"aligncenter size-full wp-image-2937\" src=\"https:\/\/doubletakedecor.com\/uploads\/2025\/07\/backyard-layout-dtd-28.jpg\" srcset=\"https:\/\/doubletakedecor.com\/uploads\/2025\/07\/backyard-layout-dtd-28.jpg 700w, https:\/\/doubletakedecor.com\/uploads\/2025\/07\/backyard-layout-dtd-28-200x300.jpg 200w, https:\/\/doubletakedecor.com\/uploads\/2025\/07\/backyard-layout-dtd-28-683x1024.jpg 683w, https:\/\/doubletakedecor.com\/uploads\/2025\/07\/backyard-layout-dtd-28-96x144.jpg 96w, https:\/\/doubletakedecor.com\/uploads\/2025\/07\/backyard-layout-dtd-28-280x420.jpg 280w, https:\/\/doubletakedecor.com\/uploads\/2025\/07\/backyard-layout-dtd-28-320x480.jpg 320w, https:\/\/doubletakedecor.com\/uploads\/2025\/07\/backyard-layout-dtd-28-360x539.jpg 360w, https:\/\/doubletakedecor.com\/uploads\/2025\/07\/backyard-layout-dtd-28-363x544.jpg 363w, https:\/\/doubletakedecor.com\/uploads\/2025\/07\/backyard-layout-dtd-28-370x554.jpg 370w, https:\/\/doubletakedecor.com\/uploads\/2025\/07\/backyard-layout-dtd-28-400x599.jpg 400w, https:\/\/doubletakedecor.com\/uploads\/2025\/07\/backyard-layout-dtd-28-560x839.jpg 560w, https:\/\/doubletakedecor.com\/uploads\/2025\/07\/backyard-layout-dtd-28-480x719.jpg 480w\" sizes=\"auto, (max-width: 700px) 100vw, 700px\" \/><\/p>\n<p>Var\u00e1zslatos bej\u00e1ratot alak\u00edthatsz ki, ha a f\u0151 s\u00e9t\u00e1nyra nagy, t\u00e9glalap alak\u00fa t\u00e9rk\u00f6veket teszel. A j\u00e1rda ment\u00e9n legyen gondozott p\u00e1zsit, \u00e9l\u00e9nk egyny\u00e1ri vir\u00e1g\u00e1gy\u00e1sok, hogy m\u00e1r messzir\u0151l h\u00edvogasson. \u00dcltess kisebb \u00f6r\u00f6kz\u00f6ldeket a tart\u00f3s keret\u00e9rt \u00e9s d\u00edszf\u00fcveket a v\u00e1ltozatos text\u00fara miatt. Ez a megold\u00e1s egyszerre modern, letisztult, m\u00e9gis term\u00e9szetesen vezet \u00e1t kintb\u0151l bentbe.<\/p>\n<h2>GYIK<\/h2>\n<details class=\"g-accordion \"><summary><h3>Mi a l\u00e9p\u00e9se egy j\u00f3l haszn\u00e1lhat\u00f3 h\u00e1ts\u00f3 udvar megtervez\u00e9s\u00e9nek?<\/h3><\/summary>\n<p>Ha szeretn\u00e9l egy praktikus h\u00e1ts\u00f3 udvart, el\u0151sz\u00f6r n\u00e9zd meg, mekkora hely \u00e1ll rendelkez\u00e9sedre. M\u00e9rd le a ter\u00fcletet, \u00e9s jegyezd fel, vannak-e <strong>f\u00e1k<\/strong>, <strong>lejt\u0151k<\/strong> vagy <strong>m\u00e1r megl\u00e9v\u0151 \u00e9p\u00edtm\u00e9nyek<\/strong> az udvarban. Ezek fontosak lesznek ahhoz, hogy sz\u00e9p \u00e9s haszn\u00e1lhat\u00f3 helyet alak\u00edts ki.<\/p>\n<p>Gondold \u00e1t, mire szeretn\u00e9d haszn\u00e1lni az udvart. Szeretn\u00e9l <strong>pihenni<\/strong>, <strong>bar\u00e1tokat vend\u00e9g\u00fcl l\u00e1tni<\/strong>, vagy ink\u00e1bb <strong>kert\u00e9szkedn\u00e9l<\/strong>? Ha tudod, mire van sz\u00fcks\u00e9ged, k\u00f6nnyebb lesz olyan udvart tervezni, ami val\u00f3ban megfelel neked.<\/p>\n<p>K\u00e9sz\u00edts egy egyszer\u0171 rajzot \u2013 \u00edgy jobban el tudod k\u00e9pzelni, hogyan lehetne elrendezni a dolgokat. Pr\u00f3b\u00e1lj ki k\u00fcl\u00f6nf\u00e9le elrendez\u00e9seket, de figyelj olyan gyakorlati dolgokra is, mint a <strong>napf\u00e9ny<\/strong> vagy a <strong>v\u00edzelvezet\u00e9s<\/strong>.<\/p>\n<p>N\u00e9zz ut\u00e1na alaposan, milyen n\u00f6v\u00e9nyeket, anyagokat vagy \u00e9p\u00edtm\u00e9nyeket v\u00e1lasztasz. Olyan <strong>helyi n\u00f6v\u00e9nyekre<\/strong> voksolj, amelyek kev\u00e9s gondoz\u00e1st ig\u00e9nyelnek, \u00e9s keress olyan anyagokat, amik b\u00edrj\u00e1k az itteni id\u0151j\u00e1r\u00e1st.<\/p>\n<p>V\u00e9gezet\u00fcl \u00e9rdemes olyan hasznos elemeket is be\u00e9p\u00edtened, mint a <strong>k\u00f6zleked\u0151 utak<\/strong> vagy <strong>t\u00e1mfalak, amelyek seg\u00edtenek a lejt\u0151k kezel\u00e9s\u00e9ben<\/strong>. A c\u00e9l az, hogy a kin\u00e9zet \u00e9s a haszn\u00e1lhat\u00f3s\u00e1g j\u00f3l megf\u00e9rjenek egym\u00e1s mellett a kertedben.<\/p>\n<\/details><details class=\"g-accordion \"><summary><h3>Milyen alapvet\u0151 elemek kellenek egy h\u00e1ts\u00f3 udvar kialak\u00edt\u00e1s\u00e1hoz?<\/h3><\/summary>\n<p>Ha h\u00e1ts\u00f3 udvart tervezel, fontos, hogy kijel\u00f6ld a helyeket \u00fcl\u00e9sre, j\u00e1rd\u00e1kra \u00e9s kert\u00e9szked\u00e9sre.<\/p>\n<ul>\n<li>egy terasz vagy fedett pihen\u0151hely sokkal k\u00e9nyelmesebb\u00e9 teheti az udvart,<\/li>\n<li>olyan n\u00f6v\u00e9nyeket v\u00e1lassz, p\u00e9ld\u00e1ul f\u00e1kat vagy bokrokat, amelyek j\u00f3l n\u00e9znek ki \u00e9s hasznosak is,<\/li>\n<li>v\u00edzj\u00e1t\u00e9kok \u00e9s k\u00fclt\u00e9ri vil\u00e1g\u00edt\u00e1s hangulatoss\u00e1 \u00e9s praktikusabb\u00e1 teszik a kertet,<\/li>\n<li>egy be\u00e9p\u00edtett grills\u00fct\u0151 k\u00e9nyelmes lehet\u0151s\u00e9get ad a szabadt\u00e9ri f\u0151z\u00e9shez,<\/li>\n<li>mindezek egy\u00fctt egy olyan egys\u00e9ges kertet hoznak l\u00e9tre, ahol a sz\u00e9ps\u00e9g \u00e9s a praktikum tal\u00e1lkozik.<\/li>\n<\/ul>\n<\/details><details class=\"g-accordion \"><summary><h3>Hogyan seg\u00edthet egy kerttervez\u0151 program az udvar elrendez\u00e9s\u00e9ben?<\/h3><\/summary>\n<p>Egy <strong>kerttervez\u0151 program<\/strong> nagyon hasznos t\u00e1rs lehet, ha az udvarod \u00e1talak\u00edt\u00e1s\u00e1t tervezed. A seg\u00edts\u00e9g\u00e9vel megadhatod a pontos m\u00e9reteket, \u00e9s k\u00f6nnyen kipr\u00f3b\u00e1lhatsz k\u00fcl\u00f6nb\u00f6z\u0151 berendez\u00e9seket. Sok ilyen programban van <strong>h\u00fazd-\u00e9s-edd el funkci\u00f3<\/strong>, \u00edgy gyorsan beilleszthetsz p\u00e9ld\u00e1ul:<\/p>\n<ul>\n<li>n\u00f6v\u00e9nyeket,<\/li>\n<li>kerti b\u00fatorokat,<\/li>\n<li>kisebb-nagyobb kert\u00e9p\u00edtm\u00e9nyeket.<\/li>\n<\/ul>\n<p>Ezekkel l\u00e1thatod, hogyan mutatna az udvarod <strong>2D-ben<\/strong> vagy <strong>3D-ben<\/strong> is. \u00cdgy m\u00e9g az \u00e1talak\u00edt\u00e1s el\u0151tt pontos k\u00e9pet kapsz arr\u00f3l, hogyan lesz minden elhelyezve. Egy j\u00f3 kerttervez\u0151vel nemcsak praktikus, de igaz\u00e1n tetszet\u0151s kertet is tervezhetsz magadnak, ami minden ig\u00e9nyednek megfelel.<\/p>\n<\/details><details class=\"g-accordion \"><summary><h3>Mi\u00e9rt j\u00f3 a 3D-s kerttervez\u00e9s, \u00e9s hogyan seg\u00edt az elk\u00e9pzel\u00e9sben?<\/h3><\/summary>\n<p>A <strong>3D-s tervez\u00e9s<\/strong> sokat seg\u00edt abban, hogy el\u0151re megl\u00e1sd, milyen lesz a k\u00e9s\u0151bbi kerted. Ezek a programok <strong>\u00e9leth\u0171 k\u00e9pet<\/strong> adnak arr\u00f3l, hogyan illeszkednek majd egym\u00e1shoz a n\u00f6v\u00e9nyek, a k\u0151burkolatok vagy m\u00e1s kerti elemek. \u00cdgy pr\u00f3b\u00e1lgathatod a k\u00fcl\u00f6nb\u00f6z\u0151 elrendez\u00e9seket, \u00e9s m\u00e9g az \u00e9p\u00edtkez\u00e9s el\u0151tt eld\u00f6ntheted, mi tetszik, \u00e9s mi m\u0171k\u00f6dik j\u00f3l. A <strong>3D-s tervez\u0151 szoftverek szinte n\u00e9lk\u00fcl\u00f6zhetetlenek<\/strong>, mert seg\u00edts\u00e9g\u00fckkel el\u0151re elk\u00e9pzelheted, hogyan fog \u00f6ssze\u00e1llni az eg\u00e9sz udvarod.<\/p>\n<\/details><details class=\"g-accordion \"><summary><h3>Hogyan \u00e9rdemes anyagokat v\u00e1lasztani az udvarodhoz?<\/h3><\/summary>\n<p>Ha anyagot v\u00e1lasztasz a kertbe, gondold \u00e1t alaposan, mire lesz sz\u00fcks\u00e9ged, hogy a v\u00e9geredm\u00e9ny tart\u00f3s \u00e9s st\u00edlusos legyen. El\u0151sz\u00f6r is n\u00e9zd meg, mennyire <strong>strapab\u00edr\u00f3k az anyagok<\/strong>, hiszen az id\u0151j\u00e1r\u00e1st is b\u00edrniuk kell.<\/p>\n<p>Ha p\u00e9ld\u00e1ul burkolatra gondolsz, j\u00f3 lehet:<\/p>\n<ul>\n<li>t\u00e9rk\u0151,<\/li>\n<li>term\u00e9sk\u0151,<\/li>\n<li>beton.<\/li>\n<\/ul>\n<p>Minden anyagnak m\u00e1s a kin\u00e9zete \u00e9s a karbantart\u00e1si ig\u00e9nye. <strong>A beton p\u00e9ld\u00e1ul tart\u00f3s, \u00e9s kev\u00e9s gondoz\u00e1st ig\u00e9nyel<\/strong>, a k\u00f6vek viszont term\u00e9szetes hat\u00e1st adnak, de t\u00f6bb tiszt\u00edt\u00e1st ig\u00e9nyelnek.<\/p>\n<p>Ha n\u00f6v\u00e9nyeket v\u00e1lasztasz, \u00e9rdemes <strong>helyi, j\u00f3l alkalmazkod\u00f3 fajt\u00e1kat<\/strong> keresni. Ezekkel k\u00f6nnyebb a kert gondoz\u00e1sa, mert kevesebb locsol\u00e1st \u00e9s kevesebb t\u00f6r\u0151d\u00e9st ig\u00e9nyelnek, <strong>\u00edgy a kerted fenntarthat\u00f3bb lesz, \u00e9s a v\u00edzhaszn\u00e1lat is cs\u00f6kken<\/strong>.<\/p>\n<p>Az anyag\u00e1rak szint\u00e9n fontosak. Ha megtal\u00e1lod az egyens\u00falyt a <strong>min\u0151s\u00e9g \u00e9s a p\u00e9nzt\u00e1rc\u00e1d k\u00f6z\u00f6tt<\/strong>, hossz\u00fa t\u00e1von sem lesz sok gondod a fel\u00faj\u00edt\u00e1ssal.<\/p>\n<p>V\u00e9g\u00fcl figyelj arra is, hogy az anyagok st\u00edlusban illeszkedjenek egym\u00e1shoz \u00e9s az udvar eg\u00e9sz\u00e9hez. <strong>Ha minden j\u00f3l passzol, harmonikus lesz a kerted<\/strong>, \u00e9s j\u00f3l illik majd a h\u00e1zadhoz is.<\/p>\n<\/details><details class=\"g-accordion \"><summary><h3>Milyen el\u0151ny\u00f6kkel j\u00e1rnak a kert\u00e9p\u00edt\u00e9si \u00f6tletek az udvarodban?<\/h3><\/summary>\n<p>A j\u00f3 kert\u00e9p\u00edt\u00e9si \u00f6tletek teljesen megv\u00e1ltoztathatj\u00e1k, feldobhatj\u00e1k a h\u00e1ts\u00f3 udvarodat. A j\u00f3l kiv\u00e1lasztott n\u00f6v\u00e9nyek sz\u00edness\u00e9, v\u00e1ltozatoss\u00e1 \u00e9s izgalmass\u00e1 teszik a teret. Ha j\u00e1rd\u00e1kat vagy teraszt is be\u00e9p\u00edtesz, k\u00e9nyelmesebb lesz a haszn\u00e1lata, m\u00edg olyan elemek, mint a <strong>emelt \u00e1gy\u00e1sok<\/strong>, <strong>lugasok<\/strong> vagy ak\u00e1r egy <strong>kerti t\u00f3<\/strong> igazi l\u00e1tv\u00e1nyoss\u00e1gai lesznek a kertnek.<\/p>\n<p>Ha az udvart k\u00fcl\u00f6n z\u00f3n\u00e1kra osztod, sokkal rendezettebbnek \u00e9s bar\u00e1ts\u00e1gosabbnak fog t\u0171nni. Egy j\u00f3l elhelyezett \u00fcl\u0151hely vagy konyhakert p\u00e9ld\u00e1ul seg\u00edt, hogy minden r\u00e9szletnek meg legyen a maga szerepe, \u00edgy k\u00f6nnyebb lesz itt bar\u00e1ti \u00f6sszej\u00f6veteleket tartani, \u00e9s a helyet is jobban kihaszn\u00e1lod.<\/p>\n<p>Az is fontos, hogy a n\u00f6v\u00e9nyeket \u00e9s az anyagokat j\u00f3l v\u00e1laszd meg a napf\u00e9ny \u00e9s a v\u00edzelvezet\u00e9s szempontj\u00e1b\u00f3l. \u00cdgy lesz sz\u00e9p \u00e9s tart\u00f3s egyszerre a kerted, r\u00e1ad\u00e1sul nem lesz neh\u00e9z gondozni sem.<\/p>\n<p>Egy kis kreativit\u00e1ssal egy \u00e1tlagos udvarb\u00f3l bar\u00e1ts\u00e1gos, h\u00edvogat\u00f3 kertet faraghatsz, ami nemcsak gy\u00f6ny\u00f6r\u0171, hanem minden ig\u00e9nyedet is kiel\u00e9g\u00edti.<\/p>\n<\/details> <details class=\"g-accordion \"><summary><h3>Milyen el\u0151nyei vannak annak, ha a kertedben tev\u00e9kenys\u00e9gi z\u00f3n\u00e1kat alak\u00edtasz ki?<\/h3><\/summary>  <\/p>\n<p>Ha a kertedben kijel\u00f6lsz k\u00fcl\u00f6nb\u00f6z\u0151 ter\u00fcleteket, annak sok haszna van. Ha elk\u00fcl\u00f6n\u00edtesz helyeket p\u00e9ld\u00e1ul \u00e9tkez\u00e9sre, pihen\u00e9sre vagy kert\u00e9szked\u00e9sre, sokkal \u00e1tl\u00e1that\u00f3bban tudod szervezni a kertet, \u00e9s kihozod bel\u0151le a legt\u00f6bbet. Ez a megold\u00e1s sokkal haszn\u00e1lhat\u00f3bb\u00e1 teszi az udvart, \u00e9s igaz\u00e1n \u00e9lvezetes helly\u00e9 var\u00e1zsolja. Az ilyen z\u00f3n\u00e1k mindenf\u00e9le \u00e9rdekl\u0151d\u00e9st kiszolg\u00e1lnak, \u00e9s seg\u00edtenek abban is, hogy t\u00f6bben egy\u00fctt \u00e9lvezz\u00e9tek a kertet, \u00edgy t\u00f6bb \u00e9let k\u00f6lt\u00f6zik az udvarba.<\/p>\n<p>A j\u00f3l elhat\u00e1rolt r\u00e9szek r\u00e1ad\u00e1sul seg\u00edtik azt is, hogy k\u00f6nnyen lehessen mozogni a kertben. Minden z\u00f3na el tudja l\u00e1tni a saj\u00e1t szerep\u00e9t an\u00e9lk\u00fcl, hogy akad\u00e1lyozn\u00e1 a t\u00f6bbit, \u00edgy mindenki j\u00f3l \u00e9rzi mag\u00e1t. Ha funkci\u00f3k szerint bontod fel a kertet, az a karbantart\u00e1st is egyszer\u0171bb\u00e9 teszi, mert egy\u00e9rtelm\u0171bb, hogy melyik r\u00e9sznek milyen \u00e1pol\u00e1sra van sz\u00fcks\u00e9ge.<\/p>\n<p>V\u00e9g\u00fcl az ilyen tev\u00e9kenys\u00e9gi z\u00f3n\u00e1kkal nemcsak jobban kihaszn\u00e1lod a kertet, de szebb\u00e9 is teszed, mert j\u00f3l elk\u00fcl\u00f6n\u00fclnek egym\u00e1st\u00f3l a k\u00fcl\u00f6nb\u00f6z\u0151 c\u00e9l\u00fa r\u00e9szek, \u00edgy mindenf\u00e9le ig\u00e9nyt vagy \u00edzl\u00e9st k\u00f6nnyebb kiel\u00e9g\u00edteni.<\/p>\n<\/details>\n<details class=\"g-accordion \"><summary><h3>Hogyan lehet be\u00e9p\u00edtett \u00fcl\u0151helyeket \u00e9s k\u00fclt\u00e9ri szob\u00e1kat kialak\u00edtani?<\/h3><\/summary>  <\/p>\n<p>A kert k\u00e9nyelm\u00e9t \u00e9s praktikuss\u00e1g\u00e1t nagyban n\u00f6veli, ha be\u00e9p\u00edtett \u00fcl\u0151helyeket \u00e9s szabadt\u00e9ri \u201eszob\u00e1kat\u201d hozol l\u00e9tre. Az \u00fcl\u0151helyeket p\u00e9ld\u00e1ul be\u00e9p\u00edtheted t\u00e1mfalakba vagy rendezheted k\u00f6rbe egy t\u0171zrak\u00f3 helyet \u2013 <strong>a be\u00e9p\u00edtett \u00fcl\u0151helyek tart\u00f3s, helytakar\u00e9kos megold\u00e1st ny\u00fajtanak a pihen\u00e9shez<\/strong>. Ha a b\u00fatorok anyag\u00e1ban, p\u00e9ld\u00e1ul k\u0151ben vagy f\u00e1ban gondolkodsz, az teljesen \u00f6sszhangban tarthatja a kert st\u00edlus\u00e1t.<\/p>\n<p>K\u00fclt\u00e9ri \u201eszob\u00e1kat\u201d a k\u00f6vetkez\u0151 elemekkel tudsz l\u00e9trehozni:<\/p>\n<ul>\n<li>pergol\u00e1k,<\/li>\n<li>pavilonok,<\/li>\n<li>j\u00f3l elhelyezett n\u00f6v\u00e9nyek.<\/li>\n<\/ul>\n<p>Ezek nemcsak \u00e1rny\u00e9kot, hanem rendezett tereket is biztos\u00edtanak. Fontos, hogy \u00e1tgondold, a kertben hogyan lehet egyik r\u00e9szb\u0151l a m\u00e1sikba k\u00e9nyelmesen \u00e1tmenni, \u00edgy lesz igaz\u00e1n \u00e9lhet\u0151 az elrendez\u00e9s.<\/p>\n<p>Ha az ilyen elemeket \u00f6sv\u00e9nyekkel \u00e9s n\u00f6v\u00e9nyes r\u00e9szekkel eg\u00e9sz\u00edted ki, \u00e9rdemes j\u00f3l megtervezni a m\u00e9reteket \u00e9s az elhelyez\u00e9st. <strong>Egy \u00e1tgondolt kialak\u00edt\u00e1s bar\u00e1ts\u00e1gos, sokf\u00e9le elfoglalts\u00e1gra alkalmas kertet eredm\u00e9nyez, amely sz\u00e9p \u00e9s k\u00e9nyelmes egyszerre.<\/strong><\/p>\n<\/details>\n<details class=\"g-accordion \"><summary><h3>Mire figyelj, ha k\u00f6zm\u0171veket kell elhelyezni a kertben?<\/h3><\/summary>  <\/p>\n<p>Ha k\u00f6zm\u0171veket, p\u00e9ld\u00e1ul v\u00edzvezet\u00e9ket vagy villanyt kell elrendezned a kertben, fontos, hogy ezek j\u00f3l m\u0171k\u00f6djenek, \u00e9s k\u00e9s\u0151bb se okozzanak gondot. M\u00e1r a tervez\u00e9skor gondolj <strong>az es\u0151v\u00edz elvezet\u00e9sre<\/strong>, <strong>a v\u00edzcs\u00f6vekre<\/strong> \u00e9s <strong>az \u00e1ram ki\u00e9p\u00edt\u00e9s\u00e9re<\/strong>. Fontos, hogy ezek ne zavarj\u00e1k se a pihen\u0151helyeteket, se a kertet.<\/p>\n<ul>\n<li>A v\u00edzcs\u00f6veket tedd el\u00e9rhet\u0151 helyre, hogy k\u00f6nnyen locsolhass.<\/li>\n<li>A konnektorok legyenek k\u00f6zel azokra a r\u00e9szekre, ahol vil\u00e1g\u00edt\u00e1st vagy elektromos eszk\u00f6zt haszn\u00e1lsz.<\/li>\n<li>A v\u00edzelvezet\u00e9st oldd meg a term\u00e9szetes lejt\u0151k kihaszn\u00e1l\u00e1s\u00e1val, \u00edgy nem gy\u0171lik \u00f6ssze a csapad\u00e9k ott, ahol nem kellene.<\/li>\n<\/ul>\n<p>\u00c9rdemes szak\u00e9rt\u0151h\u00f6z fordulni, \u00edgy biztosan minden szab\u00e1lyt betartasz, \u00e9s a legjobb helyre ker\u00fcl minden k\u00f6zm\u0171. Ha el\u0151re j\u00f3l \u00e1tgondolod, a kert praktikus, k\u00f6nnyen haszn\u00e1lhat\u00f3 \u00e9s sz\u00e9p is lesz, minden ig\u00e9nyedet kiel\u00e9g\u00edti an\u00e9lk\u00fcl, hogy a diz\u00e1jn s\u00e9r\u00fclne.<\/p>\n<\/details>\n<details class=\"g-accordion \"><summary><h3>Mi\u00e9rt fontosak a t\u00e1mfalak \u00e9s a kerti \u00f6sv\u00e9nyek az elrendez\u00e9sn\u00e9l?<\/h3><\/summary>  <\/p>\n<p>A t\u00e1mfalak \u00e9s a kerti \u00f6sv\u00e9nyek alapvet\u0151 szerepet j\u00e1tszanak a kert form\u00e1l\u00e1s\u00e1ban \u00e9s haszn\u00e1lhat\u00f3s\u00e1g\u00e1ban. A lejt\u0151k megtart\u00e1s\u00e1val <strong>a t\u00e1mfalak s\u00edk ter\u00fcleteket hoznak l\u00e9tre<\/strong>, amiket \u00fcltet\u00e9sre vagy \u00fcl\u0151helynek is haszn\u00e1lhatsz, \u00e9s megakad\u00e1lyozz\u00e1k a f\u00f6ldcsuszaml\u00e1st, es\u0151mos\u00e1st is.<\/p>\n<p><strong>Az \u00f6sv\u00e9nyek seg\u00edtenek, hogy k\u00f6nnyed\u00e9n \u00e1tj\u00e1rhat\u00f3 legyen a kert.<\/strong> Ezek j\u00f3l elk\u00fcl\u00f6n\u00edtik egym\u00e1st\u00f3l p\u00e9ld\u00e1ul a vetem\u00e9nyest, a pihen\u0151r\u00e9szt vagy a j\u00e1tsz\u00f3sarkot, \u00e9s egyszer\u0171v\u00e9 teszik a t\u00e1j\u00e9koz\u00f3d\u00e1st. Egy j\u00f3l megtervezett \u00f6sv\u00e9ny vagy t\u00e1mfal nemcsak praktikusabb\u00e1, hanem szebb\u00e9 is teszi az udvart.<\/p>\n<p>A t\u00e1mfalak anyag\u00e1ul <strong>beton,<\/strong> vagy <strong>term\u00e9sk\u0151<\/strong> is v\u00e1laszthat\u00f3\u2014ezek mind m\u00e1s-m\u00e1s hangulatot adnak, \u00e9s tart\u00f3ss\u00e1gban is elt\u00e9rnek. Az \u00f6sv\u00e9nyekhez gyakran <strong>t\u00e9rk\u00f6vet<\/strong> vagy <strong>murv\u00e1val sz\u00f3rt utat<\/strong> haszn\u00e1lnak, mert ezek sokf\u00e9lek\u00e9ppen alak\u00edthat\u00f3k, \u00e9s k\u00f6nny\u0171 lerakni is.<\/p>\n<p><strong>Ha a t\u00e1mfalakat \u00e9s \u00f6sv\u00e9nyeket j\u00f3l helyezed el, egyszerre lesz praktikus \u00e9s gy\u00f6ny\u00f6r\u0171 a kerted\u2014egy igazi szabadt\u00e9ri o\u00e1zis, ahol minden c\u00e9lra tal\u00e1lni helyet.<\/strong><\/p>\n<\/details>\n<details class=\"g-accordion \"><summary><h3>Milyen m\u00f3dszerekkel tudsz \u00e1rny\u00e9kot adni a kertednek?<\/h3><\/summary>  <\/p>\n<p>A kertben az \u00e1rny\u00e9k nemcsak k\u00e9nyelmesebb, hanem jobban is haszn\u00e1lhat\u00f3 lesz t\u0151le a t\u00e9r. Ha p\u00e9ld\u00e1ul t\u00f6lgyf\u00e1t vagy juhart \u00fcltetsz, ezek sz\u00e9les lombkoron\u00e1juk miatt sok \u00e1rny\u00e9kot adnak. Tart\u00f3sabb megold\u00e1s lehet a pergola vagy a napellenz\u0151, amik fedelet adnak a terasz vagy \u00fcl\u0151sarok f\u00f6l\u00e9. <strong>A napvitorl\u00e1k l\u00e1tv\u00e1nyosak is, \u00e9s praktikusak is, hiszen a d\u0151l\u00e9ssz\u00f6g\u00fck\u00f6n v\u00e1ltoztathatsz att\u00f3l f\u00fcgg\u0151en, honnan s\u00fct a nap.<\/strong><\/p>\n<ul>\n<li>A k\u00fclt\u00e9ri naperny\u0151k egyszer\u0171, gyors \u00e1rny\u00e9kot adnak,<\/li>\n<li>Tetsz\u00e9s szerint mozgathat\u00f3k, \u00edgy \u00e1rny\u00e9kban maradhatsz eg\u00e9sz nap,<\/li>\n<li>Ha r\u00e1csot vagy pergol\u00e1t futtatsz be p\u00e9ld\u00e1ul borosty\u00e1nnal vagy lilaak\u00e1ccal, az egyszerre z\u00f6ld\u00edt \u00e9s sz\u00f3rt \u00e1rny\u00e9kot teremt.<\/li>\n<\/ul>\n<p>Minden lehet\u0151s\u00e9g m\u00e1s \u00e9s m\u00e1s el\u0151nnyel j\u00e1r\u2014v\u00e1lassz olyat, ami neked tetszik, \u00e9s oda helyezd, ahol a legnagyobb sz\u00fcks\u00e9g van r\u00e1!<\/p>\n<\/details>\n<details class=\"g-accordion \"><summary><h3>Hogyan jav\u00edthatod a kert kin\u00e9zet\u00e9t egy elrendez\u00e9si tervvel?<\/h3><\/summary>  <\/p>\n<p>Egy \u00e1tgondolt kertterv nagyot v\u00e1ltoztat az udvaron: rendet, \u00e1tl\u00e1that\u00f3s\u00e1got \u00e9s sz\u00e9ps\u00e9get hoz. Ha figyelsz arra, <strong>milyen nap-, illetve v\u00edzig\u00e9nye van a n\u00f6v\u00e9nyeknek<\/strong>, a lehet\u0151 legjobb helyre ker\u00fclnek \u00e9s eg\u00e9szs\u00e9gesebben n\u0151nek majd. \u00cdgy k\u00fcl\u00f6n kialak\u00edthatsz r\u00e9szeket <strong>pihen\u00e9sre<\/strong>, <strong>bar\u00e1ti \u00f6sszej\u00f6vetelekre<\/strong> vagy \u00e9pp <strong>kert\u00e9szked\u00e9sre<\/strong>.<\/p>\n<p>Az okosan megtervezett udvar j\u00f3l n\u00e9z ki, egyszer\u0171bb rendben tartani is. \u00cdgy k\u00f6nnyebb felk\u00e9sz\u00fclni az \u00e9vszakok v\u00e1ltakoz\u00e1s\u00e1ra, \u00e9s egyszer\u0171bb a gondoz\u00e1s. <strong>Ha el\u0151re mindent \u00e1tgondolsz, a kerted eg\u00e9sz \u00e9vben mutat\u00f3s \u00e9s \u00e9lvezetes marad.<\/strong><\/p>\n<p>Ha bevetsz extra l\u00e1tv\u00e1ny\u00f6tleteket is, p\u00e9ld\u00e1ul sz\u00ednes n\u00f6v\u00e9nyeket, izgalmas text\u00far\u00e1kat vagy szab\u00e1lyos utak, kis terek elrendez\u00e9s\u00e9t, m\u00e9g k\u00fcl\u00f6nlegesebb lesz az udvar. Egy j\u00f3 kerttervvel a sima h\u00e1ts\u00f3 kertb\u0151l igazi, egyedi pihen\u0151helyet teremthetsz, ahol t\u00e9nyleg minden a hely\u00e9n van.<\/p>\n<\/details>\n<details class=\"g-accordion \"><summary><h3>Hogyan lehet kis kertb\u0151l is j\u00f3l haszn\u00e1lhat\u00f3, mutat\u00f3s teret kihozni?<\/h3><\/summary>  <\/p>\n<p>Egy kis udvarb\u00f3l is csod\u00e1s, praktikus kert lehet, ha okosan tervezed meg.<\/p>\n<ul>\n<li><strong>A f\u00fcgg\u0151leges kert\u00e9szked\u00e9s<\/strong> kihaszn\u00e1lja a falakat is, \u00edgy t\u00f6bb n\u00f6v\u00e9ny f\u00e9r el kev\u00e9s helyen,<\/li>\n<li><strong>A kont\u00e9neres kert<\/strong> rugalmas megold\u00e1s \u2013 b\u00e1rmikor \u00e1tmozgathatod a cserepeket, ha v\u00e1ltozatoss\u00e1gra v\u00e1gysz,<\/li>\n<li>J\u00f3l elhelyezett t\u00fckr\u00f6kkel t\u00e1gasabbnak t\u0171nik a kerted.<\/li>\n<\/ul>\n<p><strong>Sokoldal\u00fa b\u00fatorok<\/strong> is j\u00f3l j\u00f6nnek\u2014p\u00e9ld\u00e1ul olyan padok, amelyek alatt t\u00e1rolhatsz dolgokat. Ha \u00f6sv\u00e9nyeket alak\u00edtasz ki, vagy j\u00f3l elk\u00fcl\u00f6n\u00edted a k\u00fcl\u00f6nb\u00f6z\u0151 r\u00e9szeket, k\u00f6nnyebb lesz \u00e1tl\u00e1tni \u00e9s haszn\u00e1lni a kertet, mindegyik el\u00e9rheti a saj\u00e1t \u201ec\u00e9lj\u00e1t\u201d.<\/p>\n<p><strong>Kisebb n\u00f6v\u00e9nyek<\/strong> nem uralj\u00e1k el a teret, a gondosan v\u00e1lasztott sz\u00ednek pedig izgalmass\u00e1 teszik a l\u00e1tv\u00e1nyt an\u00e9lk\u00fcl, hogy zs\u00fafolt lenne minden. Ezekkel az \u00f6tletekkel egy pici kert is lehet mutat\u00f3s \u00e9s bar\u00e1ts\u00e1gos, r\u00e1ad\u00e1sul sok lehet\u0151s\u00e9g van benne a kreativit\u00e1sra!<\/p>\n<\/details>\n","protected":false},"excerpt":{"rendered":"<p>A t\u00f6k\u00e9letes h\u00e1ts\u00f3 kert kialak\u00edt\u00e1sa azzal kezd\u0151dik, hogy alaposan \u00e1tgondolod a rendelkez\u00e9sedre \u00e1ll\u00f3 t\u00e9r adotts\u00e1gait, \u00e9s pontosan meghat\u00e1rozod, mit szeretn\u00e9l kihozni a k\u00fclt\u00e9ri ter\u00fcletedb\u0151l. Legyen sz\u00f3 pihen\u0151sarokr\u00f3l, sz\u00f3rakoztat\u00f3 k\u00f6zpontr\u00f3l vagy vir\u00e1gz\u00f3 kertr\u0151l, a tervez\u00e9s sor\u00e1n mindig egyens\u00falyba kell hozni a sz\u00e9ps\u00e9get \u00e9s a haszn\u00e1lhat\u00f3s\u00e1got ahhoz, hogy igaz\u00e1n j\u00f3l m\u0171k\u00f6d\u0151 kerted legyen. Alapvet\u0151 elemek, mint az elk\u00fcl\u00f6n\u00edtett \u00fcl\u0151helyek, \u00e1tgondoltan elhelyezett kerti&hellip;<\/p>\n","protected":false},"author":12,"featured_media":2946,"comment_status":"closed","ping_status":"closed","sticky":false,"template":"","format":"standard","meta":{"rank_math_focus_keyword":"udvari elrendez\u00e9s","rank_math_title":"Udvari elrendez\u00e9si \u00f6tletek: Alak\u00edtsd \u00e1t a k\u00fcls\u0151 teredet","rank_math_description":"Fedezz fel kreat\u00edv h\u00e1ts\u00f3 udvari elrendez\u00e9si \u00f6tleteket, hogy fokozd k\u00fclt\u00e9ri tered funkcionalit\u00e1s\u00e1t \u00e9s eszt\u00e9tikai vonzerej\u00e9t.","footnotes":""},"categories":[124],"tags":[],"class_list":["post-3117","post","type-post","status-publish","format-standard","has-post-thumbnail","hentry","category-kert"],"g_custom_schema_json":"<script type=\"application\/ld+json\">\r\n{\r\n  \"@context\": \"https:\/\/schema.org\",\r\n  \"@type\": \"FAQPage\",\r\n  \"mainEntity\": [\r\n    {\r\n      \"@type\": \"Question\",\r\n      \"name\": \"Mi a l\u00e9p\u00e9se egy j\u00f3l haszn\u00e1lhat\u00f3 h\u00e1ts\u00f3 udvar megtervez\u00e9s\u00e9nek?\",\r\n      \"acceptedAnswer\": {\r\n        \"@type\": \"Answer\",\r\n        \"text\": \"Ha szeretn\u00e9l egy praktikus h\u00e1ts\u00f3 udvart, el\u0151sz\u00f6r n\u00e9zd meg, mekkora hely \u00e1ll rendelkez\u00e9sedre. Gondold \u00e1t, mire szeretn\u00e9d haszn\u00e1lni az udvart. K\u00e9sz\u00edts egy egyszer\u0171 rajzot \u2013 \u00edgy jobban el tudod k\u00e9pzelni, hogyan lehetne elrendezni a dolgokat.\"\r\n      }\r\n    },\r\n    {\r\n      \"@type\": \"Question\",\r\n      \"name\": \"Milyen alapvet\u0151 elemek kellenek egy h\u00e1ts\u00f3 udvar kialak\u00edt\u00e1s\u00e1hoz?\",\r\n      \"acceptedAnswer\": {\r\n        \"@type\": \"Answer\",\r\n        \"text\": \"Ha h\u00e1ts\u00f3 udvart tervezel, fontos, hogy kijel\u00f6ld a helyeket \u00fcl\u00e9sre, j\u00e1rd\u00e1kra \u00e9s kert\u00e9szked\u00e9sre. Egy terasz vagy fedett pihen\u0151hely sokkal k\u00e9nyelmesebb\u00e9 teheti az udvart, olyan n\u00f6v\u00e9nyeket v\u00e1lassz, p\u00e9ld\u00e1ul f\u00e1kat vagy bokrokat, amelyek j\u00f3l n\u00e9znek ki \u00e9s hasznosak is.\"\r\n      }\r\n    },\r\n    {\r\n      \"@type\": \"Question\",\r\n      \"name\": \"Hogyan seg\u00edthet egy kerttervez\u0151 program az udvar elrendez\u00e9s\u00e9ben?\",\r\n      \"acceptedAnswer\": {\r\n        \"@type\": \"Answer\",\r\n        \"text\": \"Egy kerttervez\u0151 program nagyon hasznos t\u00e1rs lehet, ha az udvarod \u00e1talak\u00edt\u00e1s\u00e1t tervezed. A seg\u00edts\u00e9g\u00e9vel megadhatod a pontos m\u00e9reteket, \u00e9s k\u00f6nnyen kipr\u00f3b\u00e1lhatsz k\u00fcl\u00f6nb\u00f6z\u0151 berendez\u00e9seket.\"\r\n      }\r\n    },\r\n    {\r\n      \"@type\": \"Question\",\r\n      \"name\": \"Mi\u00e9rt j\u00f3 a 3D-s kerttervez\u00e9s, \u00e9s hogyan seg\u00edt az elk\u00e9pzel\u00e9sben?\",\r\n      \"acceptedAnswer\": {\r\n        \"@type\": \"Answer\",\r\n        \"text\": \"A 3D-s tervez\u00e9s sokat seg\u00edt abban, hogy el\u0151re megl\u00e1sd, milyen lesz a k\u00e9s\u0151bbi kerted. Ezek a programok \u00e9leth\u0171 k\u00e9pet adnak arr\u00f3l, hogyan illeszkednek majd egym\u00e1shoz a n\u00f6v\u00e9nyek, a k\u0151burkolatok vagy m\u00e1s kerti elemek.\"\r\n      }\r\n    },\r\n    {\r\n      \"@type\": \"Question\",\r\n      \"name\": \"Hogyan \u00e9rdemes anyagokat v\u00e1lasztani az udvarodhoz?\",\r\n      \"acceptedAnswer\": {\r\n        \"@type\": \"Answer\",\r\n        \"text\": \"Ha anyagot v\u00e1lasztasz a kertbe, gondold \u00e1t alaposan, mire lesz sz\u00fcks\u00e9ged, hogy a v\u00e9geredm\u00e9ny tart\u00f3s \u00e9s st\u00edlusos legyen. El\u0151sz\u00f6r is n\u00e9zd meg, mennyire strapab\u00edr\u00f3k az anyagok, hiszen az id\u0151j\u00e1r\u00e1st is b\u00edrniuk kell.\"\r\n      }\r\n    },\r\n    {\r\n      \"@type\": \"Question\",\r\n      \"name\": \"Milyen el\u0151ny\u00f6kkel j\u00e1rnak a kert\u00e9p\u00edt\u00e9si \u00f6tletek az udvarodban?\",\r\n      \"acceptedAnswer\": {\r\n        \"@type\": \"Answer\",\r\n        \"text\": \"A j\u00f3 kert\u00e9p\u00edt\u00e9si \u00f6tletek teljesen megv\u00e1ltoztathatj\u00e1k, feldobhatj\u00e1k a h\u00e1ts\u00f3 udvarodat. A j\u00f3l kiv\u00e1lasztott n\u00f6v\u00e9nyek sz\u00edness\u00e9, v\u00e1ltozatoss\u00e1 \u00e9s izgalmass\u00e1 teszik a teret.\"\r\n      }\r\n    },\r\n    {\r\n      \"@type\": \"Question\",\r\n      \"name\": \"Milyen el\u0151nyei vannak annak, ha a kertedben tev\u00e9kenys\u00e9gi z\u00f3n\u00e1kat alak\u00edtasz ki?\",\r\n      \"acceptedAnswer\": {\r\n        \"@type\": \"Answer\",\r\n        \"text\": \"Ha a kertedben kijel\u00f6lsz k\u00fcl\u00f6nb\u00f6z\u0151 ter\u00fcleteket, annak sok haszna van. Ha elk\u00fcl\u00f6n\u00edtesz helyeket p\u00e9ld\u00e1ul \u00e9tkez\u00e9sre, pihen\u00e9sre vagy kert\u00e9szked\u00e9sre, sokkal \u00e1tl\u00e1that\u00f3bban tudod szervezni a kertet.\"\r\n      }\r\n    },\r\n    {\r\n      \"@type\": \"Question\",\r\n      \"name\": \"Hogyan lehet be\u00e9p\u00edtett \u00fcl\u0151helyeket \u00e9s k\u00fclt\u00e9ri szob\u00e1kat kialak\u00edtani?\",\r\n      \"acceptedAnswer\": {\r\n        \"@type\": \"Answer\",\r\n        \"text\": \"A kert k\u00e9nyelm\u00e9t \u00e9s praktikuss\u00e1g\u00e1t nagyban n\u00f6veli, ha be\u00e9p\u00edtett \u00fcl\u0151helyeket \u00e9s szabadt\u00e9ri \u201eszob\u00e1kat\u201d hozol l\u00e9tre. Az \u00fcl\u0151helyeket p\u00e9ld\u00e1ul be\u00e9p\u00edtheted t\u00e1mfalakba vagy rendezheted k\u00f6rbe egy t\u0171zrak\u00f3 helyet \u2013 a be\u00e9p\u00edtett \u00fcl\u0151helyek tart\u00f3s, helytakar\u00e9kos megold\u00e1st ny\u00fajtanak a pihen\u00e9shez.\"\r\n      }\r\n    },\r\n    {\r\n      \"@type\": \"Question\",\r\n      \"name\": \"Mire figyelj, ha k\u00f6zm\u0171veket kell elhelyezni a kertben?\",\r\n      \"acceptedAnswer\": {\r\n        \"@type\": \"Answer\",\r\n        \"text\": \"Ha k\u00f6zm\u0171veket, p\u00e9ld\u00e1ul v\u00edzvezet\u00e9ket vagy villanyt kell elrendezned a kertben, fontos, hogy ezek j\u00f3l m\u0171k\u00f6djenek, \u00e9s k\u00e9s\u0151bb se okozzanak gondot. M\u00e1r a tervez\u00e9skor gondolj az es\u0151v\u00edz elvezet\u00e9sre, a v\u00edzcs\u00f6vekre \u00e9s az \u00e1ram ki\u00e9p\u00edt\u00e9s\u00e9re.\"\r\n      }\r\n    },\r\n    {\r\n      \"@type\": \"Question\",\r\n      \"name\": \"Mi\u00e9rt fontosak a t\u00e1mfalak \u00e9s a kerti \u00f6sv\u00e9nyek az elrendez\u00e9sn\u00e9l?\",\r\n      \"acceptedAnswer\": {\r\n        \"@type\": \"Answer\",\r\n        \"text\": \"A t\u00e1mfalak \u00e9s a kerti \u00f6sv\u00e9nyek alapvet\u0151 szerepet j\u00e1tszanak a kert form\u00e1l\u00e1s\u00e1ban \u00e9s haszn\u00e1lhat\u00f3s\u00e1g\u00e1ban. A lejt\u0151k megtart\u00e1s\u00e1val a t\u00e1mfalak s\u00edk ter\u00fcleteket hoznak l\u00e9tre, amiket \u00fcltet\u00e9sre vagy \u00fcl\u0151helynek is haszn\u00e1lhatsz.\"\r\n      }\r\n    },\r\n    {\r\n      \"@type\": \"Question\",\r\n      \"name\": \"Milyen m\u00f3dszerekkel tudsz \u00e1rny\u00e9kot adni a kertednek?\",\r\n      \"acceptedAnswer\": {\r\n        \"@type\": \"Answer\",\r\n        \"text\": \"A kertben az \u00e1rny\u00e9k nemcsak k\u00e9nyelmesebb, hanem jobban is haszn\u00e1lhat\u00f3 lesz t\u0151le a t\u00e9r. Ha p\u00e9ld\u00e1ul t\u00f6lgyf\u00e1t vagy juhart \u00fcltetsz, ezek sz\u00e9les lombkoron\u00e1juk miatt sok \u00e1rny\u00e9kot adnak.\"\r\n      }\r\n    },\r\n    {\r\n      \"@type\": \"Question\",\r\n      \"name\": \"Hogyan jav\u00edthatod a kert kin\u00e9zet\u00e9t egy elrendez\u00e9si tervvel?\",\r\n      \"acceptedAnswer\": {\r\n        \"@type\": \"Answer\",\r\n        \"text\": \"Egy \u00e1tgondolt kertterv nagyot v\u00e1ltoztat az udvaron: rendet, \u00e1tl\u00e1that\u00f3s\u00e1got \u00e9s sz\u00e9ps\u00e9get hoz. Ha figyelsz arra, milyen nap-, illetve v\u00edzig\u00e9nye van a n\u00f6v\u00e9nyeknek, a lehet\u0151 legjobb helyre ker\u00fclnek.\"\r\n      }\r\n    },\r\n    {\r\n      \"@type\": \"Question\",\r\n      \"name\": \"Hogyan lehet kis kertb\u0151l is j\u00f3l haszn\u00e1lhat\u00f3, mutat\u00f3s teret kihozni?\",\r\n      \"acceptedAnswer\": {\r\n        \"@type\": \"Answer\",\r\n        \"text\": \"Egy kis udvarb\u00f3l is csod\u00e1s, praktikus kert lehet, ha okosan tervezed meg. A f\u00fcgg\u0151leges kert\u00e9szked\u00e9s kihaszn\u00e1lja a falakat is, \u00edgy t\u00f6bb n\u00f6v\u00e9ny f\u00e9r el kev\u00e9s helyen.\"\r\n      }\r\n    }\r\n  ]\r\n}\r\n<\/script>\r\n<script type=\"application\/ld+json\">\r\n{\r\n  \"@context\": \"https:\/\/schema.org\",\r\n  \"@type\": \"HowTo\",\r\n  \"name\": \"H\u00e1ts\u00f3 kert megtervez\u00e9se l\u00e9p\u00e9sr\u0151l l\u00e9p\u00e9sre\",\r\n  \"description\": \"\u00datmutat\u00f3 a t\u00f6k\u00e9letes h\u00e1ts\u00f3 kert kialak\u00edt\u00e1s\u00e1hoz, a t\u00e9r felm\u00e9r\u00e9s\u00e9t\u0151l a z\u00f3n\u00e1k kialak\u00edt\u00e1s\u00e1n \u00e1t eg\u00e9szen a n\u00f6v\u00e9nyek \u00e9s anyagok kiv\u00e1laszt\u00e1s\u00e1ig.\",\r\n  \"image\": \"https:\/\/doubletakedecor.com\/uploads\/2025\/07\/backyard-layout-dtd-01.jpg\",\r\n  \"step\": [\r\n    {\r\n      \"@type\": \"HowToStep\",\r\n      \"name\": \"Felm\u00e9r\u00e9s \u00e9s ig\u00e9nyek meghat\u00e1roz\u00e1sa\",\r\n      \"text\": \"N\u00e9zd meg, mekkora a rendelkez\u00e9sre \u00e1ll\u00f3 t\u00e9r, jegyezd fel a f\u0151bb adotts\u00e1gokat (f\u00e1k, lejt\u0151k, megl\u00e9v\u0151 \u00e9p\u00edtm\u00e9nyek). Gondold \u00e1t, mire szeretn\u00e9d haszn\u00e1lni a kertet: pihen\u00e9s, vend\u00e9gl\u00e1t\u00e1s vagy kert\u00e9szked\u00e9s.\",\r\n      \"image\": \"https:\/\/doubletakedecor.com\/uploads\/2025\/07\/backyard-layout-dtd-01.jpg\"\r\n    },\r\n    {\r\n      \"@type\": \"HowToStep\",\r\n      \"name\": \"T\u00e9rk\u00e9p k\u00e9sz\u00edt\u00e9se \u00e9s elrendez\u00e9s\",\r\n      \"text\": \"K\u00e9sz\u00edts egy egyszer\u0171 rajzot vagy haszn\u00e1ld egy 3D kerttervez\u0151 programot. Pr\u00f3b\u00e1lj ki k\u00fcl\u00f6nf\u00e9le elrendez\u00e9seket, jel\u00f6ld be a f\u0151 z\u00f3n\u00e1kat: \u00fcl\u0151helyek, \u00f6sv\u00e9nyek, n\u00f6v\u00e9ny\u00e1gy\u00e1sok.\",\r\n      \"image\": \"https:\/\/doubletakedecor.com\/uploads\/2025\/07\/backyard-layout-dtd-02.jpg\"\r\n    },\r\n    {\r\n      \"@type\": \"HowToStep\",\r\n      \"name\": \"K\u00fcl\u00f6n\u00e1ll\u00f3 z\u00f3n\u00e1k kialak\u00edt\u00e1sa\",\r\n      \"text\": \"Oszd fel a kertet funkci\u00f3 szerint: pihen\u0151, j\u00e1tsz\u00f3, \u00e9tkez\u0151 r\u00e9sz. Az ilyen z\u00f3n\u00e1k k\u00f6nnyebb\u00e9 teszik a haszn\u00e1latot, \u00e9s l\u00e1tv\u00e1nyra is izgalmasabb\u00e1 v\u00e1lnak.\",\r\n      \"image\": \"https:\/\/doubletakedecor.com\/uploads\/2025\/07\/backyard-layout-dtd-03.jpg\"\r\n    },\r\n    {\r\n      \"@type\": \"HowToStep\",\r\n      \"name\": \"Be\u00e9p\u00edtett \u00fcl\u0151helyek \u00e9s \u00e1rny\u00e9kol\u00e1s\",\r\n      \"text\": \"Tervezd meg a be\u00e9p\u00edtett \u00fcl\u0151helyeket, p\u00e9ld\u00e1ul t\u00e1mfalakba vagy t\u0171zrak\u00f3 k\u00f6r\u00e9. Gondolj \u00e1rny\u00e9kot ad\u00f3 elemekre: pergola, pavilon, nagyobb f\u00e1k vagy napvitorla.\",\r\n      \"image\": \"https:\/\/doubletakedecor.com\/uploads\/2025\/07\/backyard-layout-dtd-04.jpg\"\r\n    },\r\n    {\r\n      \"@type\": \"HowToStep\",\r\n      \"name\": \"Anyagok \u00e9s n\u00f6v\u00e9nyek kiv\u00e1laszt\u00e1sa\",\r\n      \"text\": \"V\u00e1lassz id\u0151j\u00e1r\u00e1s\u00e1ll\u00f3 burkolatokat, tart\u00f3s anyagokat. Helyi, kev\u00e9s gondoz\u00e1st ig\u00e9nyl\u0151 n\u00f6v\u00e9nyekkel lesz fenntarthat\u00f3 \u00e9s sz\u00e9p a kerted.\",\r\n      \"image\": \"https:\/\/doubletakedecor.com\/uploads\/2025\/07\/backyard-layout-dtd-05.jpg\"\r\n    },\r\n    {\r\n      \"@type\": \"HowToStep\",\r\n      \"name\": \"K\u00f6zm\u0171vek \u00e9s technikai megold\u00e1sok tervez\u00e9se\",\r\n      \"text\": \"El\u0151re tervezd meg a v\u00edz, villany, vil\u00e1g\u00edt\u00e1s \u00e9s v\u00edzelvezet\u00e9s hely\u00e9t, hogy k\u00e9s\u0151bb is k\u00f6nnyen haszn\u00e1lhat\u00f3 maradjon a kert.\",\r\n      \"image\": \"https:\/\/doubletakedecor.com\/uploads\/2025\/07\/backyard-layout-dtd-06.jpg\"\r\n    },\r\n    {\r\n      \"@type\": \"HowToStep\",\r\n      \"name\": \"\u00d6sv\u00e9nyek \u00e9s t\u00e1mfalak elhelyez\u00e9se\",\r\n      \"text\": \"Kialak\u00edthatod kanyarg\u00f3s kavicsos vagy k\u0151 \u00f6sv\u00e9nyekkel az \u00e1tj\u00e1r\u00e1st, a t\u00e1mfalakkal pedig a lejt\u0151k kezel\u00e9s\u00e9t, \u00faj z\u00f3n\u00e1k l\u00e9trehoz\u00e1s\u00e1t seg\u00edted el\u0151.\",\r\n      \"image\": \"https:\/\/doubletakedecor.com\/uploads\/2025\/07\/backyard-layout-dtd-07.jpg\"\r\n    },\r\n    {\r\n      \"@type\": \"HowToStep\",\r\n      \"name\": \"Kis kertek praktikus kialak\u00edt\u00e1sa\",\r\n      \"text\": \"F\u00fcgg\u0151leges n\u00f6v\u00e9nyfal, kont\u00e9neres kert\u00e9szked\u00e9s, t\u00f6bbfunkci\u00f3s b\u00fatorok \u00e9s j\u00f3l elhelyezett \u00f6sv\u00e9nyek seg\u00edts\u00e9g\u00e9vel egy kisebb kertb\u0151l is mutat\u00f3s \u00e9s j\u00f3l haszn\u00e1lhat\u00f3 teret hozhatsz ki.\",\r\n      \"image\": \"https:\/\/doubletakedecor.com\/uploads\/2025\/07\/backyard-layout-dtd-08.jpg\"\r\n    }\r\n  ],\r\n  \"tool\": [\r\n    {\r\n      \"@type\": \"HowToTool\",\r\n      \"name\": \"3D kerttervez\u0151 program\"\r\n    }\r\n  ],\r\n  \"supply\": [\r\n    {\r\n      \"@type\": \"HowToSupply\",\r\n      \"name\": \"T\u00e9rk\u0151, term\u00e9sk\u0151, beton, fa\"\r\n    },\r\n    {\r\n      \"@type\": \"HowToSupply\",\r\n      \"name\": \"Helyi n\u00f6v\u00e9nyek, cserj\u00e9k, f\u00e1k\"\r\n    }\r\n  ],\r\n  \"estimatedCost\": {\r\n    \"@type\": \"MonetaryAmount\",\r\n    \"currency\": \"HUF\",\r\n    \"value\": \"100000\"\r\n  },\r\n  \"totalTime\": \"P2W\"\r\n}\r\n<\/script>","_links":{"self":[{"href":"https:\/\/doubletakedecor.com\/hu\/wp-json\/wp\/v2\/posts\/3117","targetHints":{"allow":["GET"]}}],"collection":[{"href":"https:\/\/doubletakedecor.com\/hu\/wp-json\/wp\/v2\/posts"}],"about":[{"href":"https:\/\/doubletakedecor.com\/hu\/wp-json\/wp\/v2\/types\/post"}],"author":[{"embeddable":true,"href":"https:\/\/doubletakedecor.com\/hu\/wp-json\/wp\/v2\/users\/12"}],"replies":[{"embeddable":true,"href":"https:\/\/doubletakedecor.com\/hu\/wp-json\/wp\/v2\/comments?post=3117"}],"version-history":[{"count":2,"href":"https:\/\/doubletakedecor.com\/hu\/wp-json\/wp\/v2\/posts\/3117\/revisions"}],"predecessor-version":[{"id":3122,"href":"https:\/\/doubletakedecor.com\/hu\/wp-json\/wp\/v2\/posts\/3117\/revisions\/3122"}],"wp:featuredmedia":[{"embeddable":true,"href":"https:\/\/doubletakedecor.com\/hu\/wp-json\/wp\/v2\/media\/2946"}],"wp:attachment":[{"href":"https:\/\/doubletakedecor.com\/hu\/wp-json\/wp\/v2\/media?parent=3117"}],"wp:term":[{"taxonomy":"category","embeddable":true,"href":"https:\/\/doubletakedecor.com\/hu\/wp-json\/wp\/v2\/categories?post=3117"},{"taxonomy":"post_tag","embeddable":true,"href":"https:\/\/doubletakedecor.com\/hu\/wp-json\/wp\/v2\/tags?post=3117"}],"curies":[{"name":"wp","href":"https:\/\/api.w.org\/{rel}","templated":true}]}}