{"id":3129,"date":"2025-07-24T22:34:15","date_gmt":"2025-07-24T20:34:15","guid":{"rendered":"https:\/\/doubletakedecor.com\/kert\/foldfelszini-medence-otletek\/"},"modified":"2025-07-24T23:15:39","modified_gmt":"2025-07-24T21:15:39","slug":"foldfelszini-medence-otletek","status":"publish","type":"post","link":"https:\/\/doubletakedecor.com\/hu\/kert\/foldfelszini-medence-otletek\/","title":{"rendered":"Leny\u0171g\u00f6z\u0151 f\u00f6ld feletti medence \u00f6tletek, amelyek \u00e1talak\u00edtj\u00e1k a kertedet"},"content":{"rendered":"<p>Egy kreat\u00edvan kialak\u00edtott felsz\u00edni medenc\u00e9vel nemcsak st\u00edlust \u00e9s praktikuss\u00e1got, hanem saj\u00e1t szem\u00e9lyis\u00e9gedet is beleviheted a kertedbe. Egy f\u00e1b\u00f3l k\u00e9sz\u00fclt k\u00f6r\u00fclj\u00e1rhat\u00f3 terasz k\u00f6nnyebben el\u00e9rhet\u0151v\u00e9 teszi a medenc\u00e9t, m\u00edg \u00e9l\u00e9nk sz\u00ednes cserepes n\u00f6v\u00e9nyek vid\u00e1ms\u00e1got \u00e9s \u00e9letet visznek az eg\u00e9sz kertbe. Rengeteg \u00f6tlet l\u00e9tezik, hogy hangulatosabb\u00e1 \u00e9s vonz\u00f3bb\u00e1 tedd a medence k\u00f6rny\u00e9k\u00e9t.<\/p>\n<p>A vil\u00e1g\u00edt\u00e1s nagyon sokat sz\u00e1m\u00edt a hangulat megteremt\u00e9s\u00e9ben. A napelemes vagy LED l\u00e1mp\u00e1k var\u00e1zslatos esti f\u00e9nyeket adnak, r\u00e1ad\u00e1sul biztons\u00e1gosabb\u00e1 teszik a k\u00f6rnyezetet. J\u00e1t\u00e9kos dekor\u00e1ci\u00f3kkal, p\u00e9ld\u00e1ul vicces feliratokkal vagy t\u00e1bl\u00e1kkal (\u201eNe etesd a sell\u0151ket!\u201d), valamint k\u00e9nyelmes \u00fcl\u0151r\u00e9szekkel \u00e9s praktikus t\u00e1rol\u00f3val egyar\u00e1nt egyedi \u00e9s hasznos r\u00e9sz lesz a kertedb\u0151l.<\/p>\n<p>Ha nagyobb \u00e1talak\u00edt\u00e1sra v\u00e1gysz, \u00e9rdemes k\u00fcl\u00f6nb\u00f6z\u0151 medenceform\u00e1kban \u00e9s strapab\u00edr\u00f3 anyagokban, p\u00e9ld\u00e1ul vinyl vagy \u00fcvegsz\u00e1las megold\u00e1sokban gondolkozni. Egy j\u00f3l meg\u00e9p\u00edtett terasz nemcsak a bej\u00e1r\u00e1st k\u00f6nny\u00edti meg, hanem remek helyet ad pihen\u00e9shez, bar\u00e1ti \u00f6sszej\u00f6vetelekhez, mik\u00f6zben sz\u00e9pen beleillik a kertbe \u00e9s a t\u00e1jba.<\/p>\n<p>Ak\u00e1r olcs\u00f3bb, otthon elk\u00e9sz\u00edthet\u0151 d\u00edsz\u00edt\u00e9sekben \u00e9s projektekben gondolkodsz, ak\u00e1r modernebb, p\u00e9ld\u00e1ul automatikus vil\u00e1g\u00edt\u00e1sban, ezek a felsz\u00edni medence \u00f6tletek \u00f6tv\u00f6zik a praktikumot \u00e9s a szem\u00e9lyes st\u00edlust. Egy kis odafigyel\u00e9ssel \u00e9s kreativit\u00e1ssal l\u00e1tv\u00e1nyos k\u00f6zponti elemet hozhatsz l\u00e9tre, amely felturb\u00f3zza a kerted hangulat\u00e1t \u00e9s \u00e9lm\u00e9ny\u00e9t.<\/p>\n<div class=\"kt_block\" id=\"kt_id\">\n<span class=\"kt_headline\">Legfontosabb \u00d6tletek<\/span><\/p>\n<ul class=\"kt_post_list\">\n<li><strong>\ud83c\udfca L\u00e1tv\u00e1nyos medenceterraszok:<\/strong> Ha f\u00e1b\u00f3l vagy kompozit anyagb\u00f3l k\u00e9sz\u00edtesz teraszt a felsz\u00edni medence k\u00f6r\u00e9, sokkal k\u00f6nnyebb lesz bejutni, \u00e9s l\u00e1tv\u00e1nyos \u00e1tmenetet kapsz a k\u00fclt\u00e9ri pihen\u0151helyhez.<\/li>\n<li><strong>\ud83c\udf3c \u00c9l\u00e9nk n\u00f6v\u00e9nydekor\u00e1ci\u00f3:<\/strong> Cserepes n\u00f6v\u00e9nyek, vir\u00e1gz\u00f3 f\u00e1k \u00e9s j\u00f3l elhelyezett bokrok sz\u00ednt, \u00e9letet \u00e9s term\u00e9szetes \u00e1rny\u00e9kol\u00e1st, valamint kellemes hangulatot teremtenek a medence k\u00f6r\u00fcl.<\/li>\n<li><strong>\ud83d\udca1 Hangulatos vil\u00e1g\u00edt\u00e1s:<\/strong> A napelemes \u00e9s LED f\u00e9nyek elengedhetetlenek, hogy este is biztons\u00e1gosan haszn\u00e1ld a medenc\u00e9t, mik\u00f6zben var\u00e1zslatos, esti hangulatot teremtenek a kertedben.<\/li>\n<li><strong>\ud83c\udfa8 Egyedi dekor\u00e1ci\u00f3k:<\/strong> K\u00fcl\u00f6nleges d\u00edszek, vicces t\u00e1bl\u00e1k vagy j\u00e1t\u00e9kos b\u00fatorok seg\u00edts\u00e9g\u00e9vel igazi egy\u00e9nis\u00e9get adhatsz a medence k\u00f6rny\u00e9k\u00e9nek, hogy igaz\u00e1n bar\u00e1ts\u00e1gos \u00e9s eml\u00e9kezetes legyen a t\u00e9r.<\/li>\n<\/ul>\n<\/div>\n<h2>Alak\u00edts ki pihentet\u0151 o\u00e1zist jakuzzival \u00e9s terasszal<\/h2>\n<p><img loading=\"lazy\" decoding=\"async\" width=\"700\" height=\"1050\" alt=\"K\u00f6r alak\u00fa jakuzzi f\u00e1b\u00f3l k\u00e9sz\u00fclt terasszal, k\u00e9nyelmes \u00fcl\u0151r\u00e9sszel \u00e1rny\u00e9kol\u00f3 alatt, valamint cserepes d\u00edszn\u00f6v\u00e9nyekkel a term\u00e9szetes hangulat\u00e9rt.\" class=\"aligncenter size-full wp-image-2951\" src=\"https:\/\/doubletakedecor.com\/uploads\/2025\/07\/above-ground-pool-ideas-dtd-01.jpg\" srcset=\"https:\/\/doubletakedecor.com\/uploads\/2025\/07\/above-ground-pool-ideas-dtd-01.jpg 700w, https:\/\/doubletakedecor.com\/uploads\/2025\/07\/above-ground-pool-ideas-dtd-01-200x300.jpg 200w, https:\/\/doubletakedecor.com\/uploads\/2025\/07\/above-ground-pool-ideas-dtd-01-683x1024.jpg 683w, https:\/\/doubletakedecor.com\/uploads\/2025\/07\/above-ground-pool-ideas-dtd-01-96x144.jpg 96w, https:\/\/doubletakedecor.com\/uploads\/2025\/07\/above-ground-pool-ideas-dtd-01-280x420.jpg 280w, https:\/\/doubletakedecor.com\/uploads\/2025\/07\/above-ground-pool-ideas-dtd-01-320x480.jpg 320w, https:\/\/doubletakedecor.com\/uploads\/2025\/07\/above-ground-pool-ideas-dtd-01-360x540.jpg 360w, https:\/\/doubletakedecor.com\/uploads\/2025\/07\/above-ground-pool-ideas-dtd-01-363x545.jpg 363w, https:\/\/doubletakedecor.com\/uploads\/2025\/07\/above-ground-pool-ideas-dtd-01-370x555.jpg 370w, https:\/\/doubletakedecor.com\/uploads\/2025\/07\/above-ground-pool-ideas-dtd-01-400x600.jpg 400w, https:\/\/doubletakedecor.com\/uploads\/2025\/07\/above-ground-pool-ideas-dtd-01-560x840.jpg 560w, https:\/\/doubletakedecor.com\/uploads\/2025\/07\/above-ground-pool-ideas-dtd-01-480x720.jpg 480w\" sizes=\"auto, (max-width: 700px) 100vw, 700px\" \/><\/p>\n<p>Var\u00e1zsolj luxus hat\u00e1s\u00fa o\u00e1zist a kertedbe: alak\u00edts ki k\u00f6r alak\u00fa fa teraszt a jakuzzi k\u00f6r\u00fcl! \u00c1rny\u00e9kolt \u00fcl\u0151sarok semleges sz\u00edn\u0171 p\u00e1rn\u00e1kkal extra k\u00e9nyelmet ad. Cserepes d\u00edszn\u00f6v\u00e9nyekkel, d\u00edszf\u00fcvekkel \u00e9s vir\u00e1gokkal m\u00e9g term\u00e9szetesebb \u00e9s otthonosabb lesz a t\u00e9r. \u00cdgy egyszerre lesz helye a laz\u00edt\u00e1snak \u00e9s a bar\u00e1ti \u00f6sszej\u00f6veteleknek is.<\/p>\n<h2>Modern minimalista o\u00e1zis letisztult anyagokkal \u00e9s egyenes vonalakkal<\/h2>\n<p><img loading=\"lazy\" decoding=\"async\" width=\"700\" height=\"1050\" alt=\"Eleg\u00e1ns felsz\u00edni medence sz\u00fcrke teraszburkolattal, feh\u00e9r napoz\u00f3\u00e1gyakkal \u00e9s cserepes d\u00edszn\u00f6v\u00e9nyekkel, eleg\u00e1ns feh\u00e9r ker\u00edt\u00e9ssel k\u00f6r\u00fclv\u00e9ve.\" class=\"aligncenter size-full wp-image-2957\" src=\"https:\/\/doubletakedecor.com\/uploads\/2025\/07\/above-ground-pool-ideas-dtd-02.jpg\" srcset=\"https:\/\/doubletakedecor.com\/uploads\/2025\/07\/above-ground-pool-ideas-dtd-02.jpg 700w, https:\/\/doubletakedecor.com\/uploads\/2025\/07\/above-ground-pool-ideas-dtd-02-200x300.jpg 200w, https:\/\/doubletakedecor.com\/uploads\/2025\/07\/above-ground-pool-ideas-dtd-02-683x1024.jpg 683w, https:\/\/doubletakedecor.com\/uploads\/2025\/07\/above-ground-pool-ideas-dtd-02-96x144.jpg 96w, https:\/\/doubletakedecor.com\/uploads\/2025\/07\/above-ground-pool-ideas-dtd-02-280x420.jpg 280w, https:\/\/doubletakedecor.com\/uploads\/2025\/07\/above-ground-pool-ideas-dtd-02-320x480.jpg 320w, https:\/\/doubletakedecor.com\/uploads\/2025\/07\/above-ground-pool-ideas-dtd-02-360x540.jpg 360w, https:\/\/doubletakedecor.com\/uploads\/2025\/07\/above-ground-pool-ideas-dtd-02-363x545.jpg 363w, https:\/\/doubletakedecor.com\/uploads\/2025\/07\/above-ground-pool-ideas-dtd-02-370x555.jpg 370w, https:\/\/doubletakedecor.com\/uploads\/2025\/07\/above-ground-pool-ideas-dtd-02-400x600.jpg 400w, https:\/\/doubletakedecor.com\/uploads\/2025\/07\/above-ground-pool-ideas-dtd-02-560x840.jpg 560w, https:\/\/doubletakedecor.com\/uploads\/2025\/07\/above-ground-pool-ideas-dtd-02-480x720.jpg 480w\" sizes=\"auto, (max-width: 700px) 100vw, 700px\" \/><\/p>\n<p>Emeld \u00faj szintre a felsz\u00edni medenc\u00e9d hangulat\u00e1t modern sz\u00fcrke burkolatokkal \u00e9s feh\u00e9r napoz\u00f3\u00e1gyakkal. K\u00f6rben alacsony d\u00edszf\u00fcveket telep\u00edts, hogy l\u00e1gyabb\u00e1 tedd a letisztult vonalakat. Alak\u00edts ki be\u00e9p\u00edtett l\u00e9pcs\u0151t a k\u00f6nny\u0171 bejut\u00e1s\u00e9rt, \u00e9s v\u00e1laszd ki a t\u00f6m\u00f6r feh\u00e9r ker\u00edt\u00e9st a teljes diszkr\u00e9ci\u00f3hoz. Ez a modern st\u00edlus egyszerre eleg\u00e1ns \u00e9s pihentet\u0151 o\u00e1zis lesz a kertben.<\/p>\n<h2>Botanikus mened\u00e9k a felsz\u00edni medence k\u00f6r\u00fcl<\/h2>\n<p><img loading=\"lazy\" decoding=\"async\" width=\"700\" height=\"1050\" alt=\"Nyugodt felsz\u00edni medence buja kerttel, r\u00f3zsasz\u00edn r\u00f3zsabokrokkal, levendul\u00e1val \u00e9s \u00e1polt bokrokkal, amelyek nyugalmat sug\u00e1roznak.\" class=\"aligncenter size-full wp-image-2963\" src=\"https:\/\/doubletakedecor.com\/uploads\/2025\/07\/above-ground-pool-ideas-dtd-03.jpg\" srcset=\"https:\/\/doubletakedecor.com\/uploads\/2025\/07\/above-ground-pool-ideas-dtd-03.jpg 700w, https:\/\/doubletakedecor.com\/uploads\/2025\/07\/above-ground-pool-ideas-dtd-03-200x300.jpg 200w, https:\/\/doubletakedecor.com\/uploads\/2025\/07\/above-ground-pool-ideas-dtd-03-683x1024.jpg 683w, https:\/\/doubletakedecor.com\/uploads\/2025\/07\/above-ground-pool-ideas-dtd-03-96x144.jpg 96w, https:\/\/doubletakedecor.com\/uploads\/2025\/07\/above-ground-pool-ideas-dtd-03-280x420.jpg 280w, https:\/\/doubletakedecor.com\/uploads\/2025\/07\/above-ground-pool-ideas-dtd-03-320x480.jpg 320w, https:\/\/doubletakedecor.com\/uploads\/2025\/07\/above-ground-pool-ideas-dtd-03-360x540.jpg 360w, https:\/\/doubletakedecor.com\/uploads\/2025\/07\/above-ground-pool-ideas-dtd-03-363x545.jpg 363w, https:\/\/doubletakedecor.com\/uploads\/2025\/07\/above-ground-pool-ideas-dtd-03-370x555.jpg 370w, https:\/\/doubletakedecor.com\/uploads\/2025\/07\/above-ground-pool-ideas-dtd-03-400x600.jpg 400w, https:\/\/doubletakedecor.com\/uploads\/2025\/07\/above-ground-pool-ideas-dtd-03-560x840.jpg 560w, https:\/\/doubletakedecor.com\/uploads\/2025\/07\/above-ground-pool-ideas-dtd-03-480x720.jpg 480w\" sizes=\"auto, (max-width: 700px) 100vw, 700px\" \/><\/p>\n<p>Alak\u00edtsd \u00e1t a medence k\u00f6rny\u00e9k\u00e9t egy igazi n\u00f6v\u00e9nyparadicsomm\u00e1! \u00dcltess a ker\u00edt\u00e9s mell\u00e9 vir\u00e1gz\u00f3 f\u00e1kat, hogy a magasabb r\u00e9sz is sz\u00ednes legyen, a f\u00f6ldre pedig levendulabokrokat, amik illatot \u00e9s sz\u00ednt adnak. Az \u00f6r\u00f6kz\u00f6ld bokrok \u00e9vr\u0151l \u00e9vre gondozott, z\u00e1rt \u00e9rzetet adnak. Tipp: v\u00e1lassz olyan n\u00f6v\u00e9nyeket, amelyek nem hullajtanak levelet, \u00edgy kevesebbszer kell takar\u00edtani a medence sz\u0171r\u0151j\u00e9t.<\/p>\n<h2>Luxus hangulat kavicsos szeg\u00e9ly\u0171 k\u00f6rmedenc\u00e9vel<\/h2>\n<p><img loading=\"lazy\" decoding=\"async\" width=\"700\" height=\"1049\" alt=\"Modern h\u00e1z feh\u00e9r burkolattal, kis k\u00f6r alak\u00fa felsz\u00edni medenc\u00e9vel, d\u00edszes k\u0151szeg\u00e9llyel, kavicsokkal \u00e9s buja n\u00f6v\u00e9nyekkel k\u00f6r\u00fclv\u00e9ve.\" class=\"aligncenter size-full wp-image-2969\" src=\"https:\/\/doubletakedecor.com\/uploads\/2025\/07\/above-ground-pool-ideas-dtd-04.jpg\" srcset=\"https:\/\/doubletakedecor.com\/uploads\/2025\/07\/above-ground-pool-ideas-dtd-04.jpg 700w, https:\/\/doubletakedecor.com\/uploads\/2025\/07\/above-ground-pool-ideas-dtd-04-200x300.jpg 200w, https:\/\/doubletakedecor.com\/uploads\/2025\/07\/above-ground-pool-ideas-dtd-04-683x1024.jpg 683w, https:\/\/doubletakedecor.com\/uploads\/2025\/07\/above-ground-pool-ideas-dtd-04-96x144.jpg 96w, https:\/\/doubletakedecor.com\/uploads\/2025\/07\/above-ground-pool-ideas-dtd-04-280x420.jpg 280w, https:\/\/doubletakedecor.com\/uploads\/2025\/07\/above-ground-pool-ideas-dtd-04-320x480.jpg 320w, https:\/\/doubletakedecor.com\/uploads\/2025\/07\/above-ground-pool-ideas-dtd-04-360x539.jpg 360w, https:\/\/doubletakedecor.com\/uploads\/2025\/07\/above-ground-pool-ideas-dtd-04-363x544.jpg 363w, https:\/\/doubletakedecor.com\/uploads\/2025\/07\/above-ground-pool-ideas-dtd-04-370x554.jpg 370w, https:\/\/doubletakedecor.com\/uploads\/2025\/07\/above-ground-pool-ideas-dtd-04-400x599.jpg 400w, https:\/\/doubletakedecor.com\/uploads\/2025\/07\/above-ground-pool-ideas-dtd-04-560x839.jpg 560w, https:\/\/doubletakedecor.com\/uploads\/2025\/07\/above-ground-pool-ideas-dtd-04-480x719.jpg 480w\" sizes=\"auto, (max-width: 700px) 100vw, 700px\" \/><\/p>\n<p>Vidd luxus szintre a kertet: egy kisebb k\u00f6r alak\u00fa medenc\u00e9t d\u00edsz\u00edts k\u0151 szeg\u00e9llyel! K\u00f6r\u00e9 sz\u00f3rj sima kavicsokat, amik nemcsak sz\u00e9pek, hanem seg\u00edtenek a v\u00edzelvezet\u00e9sben is. N\u00e9h\u00e1ny j\u00f3l megv\u00e1lasztott cserepes n\u00f6v\u00e9nnyel \u00e9s bokrokkal b\u00e1rmilyen h\u00e1z hangulat\u00e1hoz illeni fog, \u00e9s m\u00e9g a kisebb helyet is j\u00f3l kihaszn\u00e1lod.<\/p>\n<h2>Tr\u00f3pusi hangulat otthon: \u00e9p\u00edts saj\u00e1t tiki b\u00e1rt<\/h2>\n<p><img loading=\"lazy\" decoding=\"async\" width=\"700\" height=\"1050\" alt=\"Felsz\u00edni medence a kertben, n\u00e1dtet\u0151s tiki b\u00e1rral, t\u00fcrkiz sz\u00e9kekkel \u00e9s p\u00e1lmaf\u00e1kkal, tr\u00f3pusi hangulatot teremtve.\" class=\"aligncenter size-full wp-image-2975\" src=\"https:\/\/doubletakedecor.com\/uploads\/2025\/07\/above-ground-pool-ideas-dtd-05.jpg\" srcset=\"https:\/\/doubletakedecor.com\/uploads\/2025\/07\/above-ground-pool-ideas-dtd-05.jpg 700w, https:\/\/doubletakedecor.com\/uploads\/2025\/07\/above-ground-pool-ideas-dtd-05-200x300.jpg 200w, https:\/\/doubletakedecor.com\/uploads\/2025\/07\/above-ground-pool-ideas-dtd-05-683x1024.jpg 683w, https:\/\/doubletakedecor.com\/uploads\/2025\/07\/above-ground-pool-ideas-dtd-05-96x144.jpg 96w, https:\/\/doubletakedecor.com\/uploads\/2025\/07\/above-ground-pool-ideas-dtd-05-280x420.jpg 280w, https:\/\/doubletakedecor.com\/uploads\/2025\/07\/above-ground-pool-ideas-dtd-05-320x480.jpg 320w, https:\/\/doubletakedecor.com\/uploads\/2025\/07\/above-ground-pool-ideas-dtd-05-360x540.jpg 360w, https:\/\/doubletakedecor.com\/uploads\/2025\/07\/above-ground-pool-ideas-dtd-05-363x545.jpg 363w, https:\/\/doubletakedecor.com\/uploads\/2025\/07\/above-ground-pool-ideas-dtd-05-370x555.jpg 370w, https:\/\/doubletakedecor.com\/uploads\/2025\/07\/above-ground-pool-ideas-dtd-05-400x600.jpg 400w, https:\/\/doubletakedecor.com\/uploads\/2025\/07\/above-ground-pool-ideas-dtd-05-560x840.jpg 560w, https:\/\/doubletakedecor.com\/uploads\/2025\/07\/above-ground-pool-ideas-dtd-05-480x720.jpg 480w\" sizes=\"auto, (max-width: 700px) 100vw, 700px\" \/><\/p>\n<p>\u00c1lmodj meg egy tr\u00f3pusi mened\u00e9ket saj\u00e1t kertedben! K\u00e9sz\u00edts n\u00e1dtet\u0151s tiki b\u00e1rt fa s\u00e1vokkal \u00e9s massz\u00edv pulttal. \u00dcltesd be a k\u00f6rny\u00e9ket p\u00e1lmaf\u00e1kkal, \u00e9s v\u00e1lassz \u00e9l\u00e9nk t\u00fcrkiz \u00fcl\u0151alkalmatoss\u00e1gokat. Ez a kis b\u00e1r nemcsak friss\u00edt\u0151 italt ad, hanem olyan \u00e9rz\u00e9st kelt, mintha nyaraln\u00e1l \u2013 a saj\u00e1t kertedben!<\/p>\n<h2>Mes\u00e9s esti hangulat f\u00e9nyf\u00fcz\u00e9rekkel<\/h2>\n<p><img loading=\"lazy\" decoding=\"async\" width=\"700\" height=\"1050\" alt=\"T\u00e9glalap alak\u00fa medence k\u00f6rben vil\u00e1g\u00edt\u00f3 f\u00e9nyf\u00fcz\u00e9rekkel, modern fonott fotelekkel \u00e9s rusztikus k\u00e1v\u00e9z\u00f3asztallal, eleg\u00e1ns k\u00fclt\u00e9ri o\u00e1zist teremtve.\" class=\"aligncenter size-full wp-image-2981\" src=\"https:\/\/doubletakedecor.com\/uploads\/2025\/07\/above-ground-pool-ideas-dtd-06.jpg\" srcset=\"https:\/\/doubletakedecor.com\/uploads\/2025\/07\/above-ground-pool-ideas-dtd-06.jpg 700w, https:\/\/doubletakedecor.com\/uploads\/2025\/07\/above-ground-pool-ideas-dtd-06-200x300.jpg 200w, https:\/\/doubletakedecor.com\/uploads\/2025\/07\/above-ground-pool-ideas-dtd-06-683x1024.jpg 683w, https:\/\/doubletakedecor.com\/uploads\/2025\/07\/above-ground-pool-ideas-dtd-06-96x144.jpg 96w, https:\/\/doubletakedecor.com\/uploads\/2025\/07\/above-ground-pool-ideas-dtd-06-280x420.jpg 280w, https:\/\/doubletakedecor.com\/uploads\/2025\/07\/above-ground-pool-ideas-dtd-06-320x480.jpg 320w, https:\/\/doubletakedecor.com\/uploads\/2025\/07\/above-ground-pool-ideas-dtd-06-360x540.jpg 360w, https:\/\/doubletakedecor.com\/uploads\/2025\/07\/above-ground-pool-ideas-dtd-06-363x545.jpg 363w, https:\/\/doubletakedecor.com\/uploads\/2025\/07\/above-ground-pool-ideas-dtd-06-370x555.jpg 370w, https:\/\/doubletakedecor.com\/uploads\/2025\/07\/above-ground-pool-ideas-dtd-06-400x600.jpg 400w, https:\/\/doubletakedecor.com\/uploads\/2025\/07\/above-ground-pool-ideas-dtd-06-560x840.jpg 560w, https:\/\/doubletakedecor.com\/uploads\/2025\/07\/above-ground-pool-ideas-dtd-06-480x720.jpg 480w\" sizes=\"auto, (max-width: 700px) 100vw, 700px\" \/><\/p>\n<p>Var\u00e1zsolj mes\u00e9s esti hangulatot: f\u0171zz meleg f\u00e9ny\u0171 LED-l\u00e1mp\u00e1kat a medence k\u00f6r\u00e9! F\u00e9nyf\u00fcz\u00e9reket feltehetsz oszlopokra vagy k\u00f6zeli f\u00e1kra is, hogy kellemes, puha megvil\u00e1g\u00edt\u00e1st kapj. Kombin\u00e1ld ezt k\u00e9nyelmes \u00fcl\u0151b\u00fatorokkal \u00e9s visszafogott k\u00fclt\u00e9ri dekor\u00e1ci\u00f3val \u2013 \u00edgy t\u00f6k\u00e9letes lesz b\u00e1rmelyik esti \u00f6sszej\u00f6vetelhez.<\/p>\n<h2>Term\u00e9szetk\u00f6zeli pihen\u0151: fa jakuzzi az erd\u0151 sz\u00e9l\u00e9n<\/h2>\n<p><img loading=\"lazy\" decoding=\"async\" width=\"700\" height=\"1049\" alt=\"K\u00f6r alak\u00fa fa jakuzzi feny\u0151f\u00e1k k\u00f6z\u00f6tt, feh\u00e9r napoz\u00f3\u00e1gyakkal \u00e9s fa l\u00e9pcs\u0151kkel, term\u00e9szetes hangulat\u00fa pihen\u0151t\u00e9r kialak\u00edtva.\" class=\"aligncenter size-full wp-image-2987\" src=\"https:\/\/doubletakedecor.com\/uploads\/2025\/07\/above-ground-pool-ideas-dtd-07.jpg\" srcset=\"https:\/\/doubletakedecor.com\/uploads\/2025\/07\/above-ground-pool-ideas-dtd-07.jpg 700w, https:\/\/doubletakedecor.com\/uploads\/2025\/07\/above-ground-pool-ideas-dtd-07-200x300.jpg 200w, https:\/\/doubletakedecor.com\/uploads\/2025\/07\/above-ground-pool-ideas-dtd-07-683x1024.jpg 683w, https:\/\/doubletakedecor.com\/uploads\/2025\/07\/above-ground-pool-ideas-dtd-07-96x144.jpg 96w, https:\/\/doubletakedecor.com\/uploads\/2025\/07\/above-ground-pool-ideas-dtd-07-280x420.jpg 280w, https:\/\/doubletakedecor.com\/uploads\/2025\/07\/above-ground-pool-ideas-dtd-07-320x480.jpg 320w, https:\/\/doubletakedecor.com\/uploads\/2025\/07\/above-ground-pool-ideas-dtd-07-360x539.jpg 360w, https:\/\/doubletakedecor.com\/uploads\/2025\/07\/above-ground-pool-ideas-dtd-07-363x544.jpg 363w, https:\/\/doubletakedecor.com\/uploads\/2025\/07\/above-ground-pool-ideas-dtd-07-370x554.jpg 370w, https:\/\/doubletakedecor.com\/uploads\/2025\/07\/above-ground-pool-ideas-dtd-07-400x599.jpg 400w, https:\/\/doubletakedecor.com\/uploads\/2025\/07\/above-ground-pool-ideas-dtd-07-560x839.jpg 560w, https:\/\/doubletakedecor.com\/uploads\/2025\/07\/above-ground-pool-ideas-dtd-07-480x719.jpg 480w\" sizes=\"auto, (max-width: 700px) 100vw, 700px\" \/><\/p>\n<p>Teremts spahangulatot a felsz\u00edni medenc\u00e9n\u00e9l egy f\u00e1b\u00f3l k\u00e9sz\u00fclt jakuzzival, amit term\u00e9szetes k\u00f6rnyezetbe helyezel! Haszn\u00e1lj term\u00e9szetes kavicsot a talajra, \u00e9p\u00edts hozz\u00e1 fa l\u00e9pcs\u0151t a k\u00e9nyelmes bejut\u00e1s\u00e9rt, \u00e9s helyezz el napoz\u00f3\u00e1gyakat a k\u00f6zelben. Ez a megold\u00e1s kis erd\u0151s kertekben is szuper\u00fcl m\u0171k\u00f6dik, \u00e9s meg\u0151rzi a term\u00e9szet adta adotts\u00e1gokat.<\/p>\n<h2>Mutat\u00f3s t\u00f6bbszint\u0171 terasz felsz\u00edni medence k\u00f6r\u00fcl<\/h2>\n<p><img loading=\"lazy\" decoding=\"async\" width=\"700\" height=\"1049\" alt=\"St\u00edlusos k\u00fclt\u00e9ri terasz \u00edvelt l\u00e9pcs\u0151kkel, k\u00f6r alak\u00fa medenc\u00e9vel, napoz\u00f3\u00e1gyakkal \u00e9s buja n\u00f6v\u00e9nyekkel k\u00f6rbev\u00e9ve.\" class=\"aligncenter size-full wp-image-2993\" src=\"https:\/\/doubletakedecor.com\/uploads\/2025\/07\/above-ground-pool-ideas-dtd-08.jpg\" srcset=\"https:\/\/doubletakedecor.com\/uploads\/2025\/07\/above-ground-pool-ideas-dtd-08.jpg 700w, https:\/\/doubletakedecor.com\/uploads\/2025\/07\/above-ground-pool-ideas-dtd-08-200x300.jpg 200w, https:\/\/doubletakedecor.com\/uploads\/2025\/07\/above-ground-pool-ideas-dtd-08-683x1024.jpg 683w, https:\/\/doubletakedecor.com\/uploads\/2025\/07\/above-ground-pool-ideas-dtd-08-96x144.jpg 96w, https:\/\/doubletakedecor.com\/uploads\/2025\/07\/above-ground-pool-ideas-dtd-08-280x420.jpg 280w, https:\/\/doubletakedecor.com\/uploads\/2025\/07\/above-ground-pool-ideas-dtd-08-320x480.jpg 320w, https:\/\/doubletakedecor.com\/uploads\/2025\/07\/above-ground-pool-ideas-dtd-08-360x539.jpg 360w, https:\/\/doubletakedecor.com\/uploads\/2025\/07\/above-ground-pool-ideas-dtd-08-363x544.jpg 363w, https:\/\/doubletakedecor.com\/uploads\/2025\/07\/above-ground-pool-ideas-dtd-08-370x554.jpg 370w, https:\/\/doubletakedecor.com\/uploads\/2025\/07\/above-ground-pool-ideas-dtd-08-400x599.jpg 400w, https:\/\/doubletakedecor.com\/uploads\/2025\/07\/above-ground-pool-ideas-dtd-08-560x839.jpg 560w, https:\/\/doubletakedecor.com\/uploads\/2025\/07\/above-ground-pool-ideas-dtd-08-480x719.jpg 480w\" sizes=\"auto, (max-width: 700px) 100vw, 700px\" \/><\/p>\n<p>Hozz ki mindent a kertedb\u0151l: \u00e9p\u00edts egyedi, t\u00f6bbszintes teraszt, amely k\u00f6rbe\u00f6leli a k\u00f6rmedenc\u00e9t! Tart\u00f3s kompozit anyagb\u00f3l k\u00e9sz\u00edtve hossz\u00fa ideig sz\u00e9p marad, az \u00edvelt l\u00e9pcs\u0151k pedig eleg\u00e1ns \u00e1tmenetet adnak a k\u00fcl\u00f6nb\u00f6z\u0151 szintek k\u00f6z\u00f6tt. Alak\u00edts ki k\u00fcl\u00f6n r\u00e9szeket \u00e9tkez\u00e9shez \u00e9s pihen\u00e9shez, s helyezz cserepes n\u00f6v\u00e9nyeket a sz\u00e9l\u00fckre, hogy term\u00e9szetes intimit\u00e1st \u00e9s m\u00e9g t\u00f6bb vizu\u00e1lis \u00e9lm\u00e9nyt ny\u00fajtsanak.<\/p>\n<h2>Tr\u00f3pusi o\u00e1zis n\u00e1dtet\u0151s kabinnal<\/h2>\n<p><img loading=\"lazy\" decoding=\"async\" width=\"700\" height=\"1050\" alt=\"Kis felsz\u00edni medence szalm\u00e1b\u00f3l font tet\u0151 alatt, fonott b\u00fatorokkal, k\u00e9k p\u00e1rn\u00e1kkal \u00e9s tr\u00f3pusi n\u00f6v\u00e9nyekkel, nyugodt k\u00fclt\u00e9ri o\u00e1zist teremtve.\" class=\"aligncenter size-full wp-image-2999\" src=\"https:\/\/doubletakedecor.com\/uploads\/2025\/07\/above-ground-pool-ideas-dtd-09.jpg\" srcset=\"https:\/\/doubletakedecor.com\/uploads\/2025\/07\/above-ground-pool-ideas-dtd-09.jpg 700w, https:\/\/doubletakedecor.com\/uploads\/2025\/07\/above-ground-pool-ideas-dtd-09-200x300.jpg 200w, https:\/\/doubletakedecor.com\/uploads\/2025\/07\/above-ground-pool-ideas-dtd-09-683x1024.jpg 683w, https:\/\/doubletakedecor.com\/uploads\/2025\/07\/above-ground-pool-ideas-dtd-09-96x144.jpg 96w, https:\/\/doubletakedecor.com\/uploads\/2025\/07\/above-ground-pool-ideas-dtd-09-280x420.jpg 280w, https:\/\/doubletakedecor.com\/uploads\/2025\/07\/above-ground-pool-ideas-dtd-09-320x480.jpg 320w, https:\/\/doubletakedecor.com\/uploads\/2025\/07\/above-ground-pool-ideas-dtd-09-360x540.jpg 360w, https:\/\/doubletakedecor.com\/uploads\/2025\/07\/above-ground-pool-ideas-dtd-09-363x545.jpg 363w, https:\/\/doubletakedecor.com\/uploads\/2025\/07\/above-ground-pool-ideas-dtd-09-370x555.jpg 370w, https:\/\/doubletakedecor.com\/uploads\/2025\/07\/above-ground-pool-ideas-dtd-09-400x600.jpg 400w, https:\/\/doubletakedecor.com\/uploads\/2025\/07\/above-ground-pool-ideas-dtd-09-560x840.jpg 560w, https:\/\/doubletakedecor.com\/uploads\/2025\/07\/above-ground-pool-ideas-dtd-09-480x720.jpg 480w\" sizes=\"auto, (max-width: 700px) 100vw, 700px\" \/><\/p>\n<p>\u00c1talak\u00edtsd a medenc\u00e9d egy igazi \u00fcd\u00fcl\u0151paradicsomm\u00e1: \u00e9p\u00edts f\u00f6l\u00e9 n\u00e1dtet\u0151s kabint! V\u00e1lassz k\u00e9nyelmes k\u00f6r alak\u00fa \u00fcl\u0151alkalmatoss\u00e1gokat \u00e9l\u00e9nk p\u00e1rn\u00e1kkal, tegy\u00e9l le k\u00fclt\u00e9ri sz\u0151nyeget, \u00e9s l\u00f3gass fel k\u00f6nnyed f\u00fcgg\u00f6ny\u00f6ket, hogy m\u00e9g elrejtettebb legyen a t\u00e9r. A cserepes tr\u00f3pusi n\u00f6v\u00e9nyek teszik fel a pontot az i-re.<\/p>\n<h2>Tedd \u00e9l\u00e9nkebb\u00e9 a medence k\u00f6rny\u00e9k\u00e9t sz\u00ednes kieg\u00e9sz\u00edt\u0151kkel \u00e9s k\u00e9nyelmes pihen\u0151kkel<\/h2>\n<p><img loading=\"lazy\" decoding=\"async\" width=\"700\" height=\"1049\" alt=\"\u00c9letteli k\u00fclt\u00e9ri medencer\u00e9sz cs\u00edkos falakkal, sz\u00ednes napoz\u00f3\u00e1gyakkal, eklektikus b\u00fatorokkal \u00e9s lebeg\u0151 l\u00e1mp\u00e1sokkal, vid\u00e1m kerti mened\u00e9ket l\u00e9trehozva.\" class=\"aligncenter size-full wp-image-3005\" src=\"https:\/\/doubletakedecor.com\/uploads\/2025\/07\/above-ground-pool-ideas-dtd-10.jpg\" srcset=\"https:\/\/doubletakedecor.com\/uploads\/2025\/07\/above-ground-pool-ideas-dtd-10.jpg 700w, https:\/\/doubletakedecor.com\/uploads\/2025\/07\/above-ground-pool-ideas-dtd-10-200x300.jpg 200w, https:\/\/doubletakedecor.com\/uploads\/2025\/07\/above-ground-pool-ideas-dtd-10-683x1024.jpg 683w, https:\/\/doubletakedecor.com\/uploads\/2025\/07\/above-ground-pool-ideas-dtd-10-96x144.jpg 96w, https:\/\/doubletakedecor.com\/uploads\/2025\/07\/above-ground-pool-ideas-dtd-10-280x420.jpg 280w, https:\/\/doubletakedecor.com\/uploads\/2025\/07\/above-ground-pool-ideas-dtd-10-320x480.jpg 320w, https:\/\/doubletakedecor.com\/uploads\/2025\/07\/above-ground-pool-ideas-dtd-10-360x539.jpg 360w, https:\/\/doubletakedecor.com\/uploads\/2025\/07\/above-ground-pool-ideas-dtd-10-363x544.jpg 363w, https:\/\/doubletakedecor.com\/uploads\/2025\/07\/above-ground-pool-ideas-dtd-10-370x554.jpg 370w, https:\/\/doubletakedecor.com\/uploads\/2025\/07\/above-ground-pool-ideas-dtd-10-400x599.jpg 400w, https:\/\/doubletakedecor.com\/uploads\/2025\/07\/above-ground-pool-ideas-dtd-10-560x839.jpg 560w, https:\/\/doubletakedecor.com\/uploads\/2025\/07\/above-ground-pool-ideas-dtd-10-480x719.jpg 480w\" sizes=\"auto, (max-width: 700px) 100vw, 700px\" \/><\/p>\n<p>Tedd igaz\u00e1n vid\u00e1mm\u00e1 a felsz\u00edni medenc\u00e9d: haszn\u00e1lj \u00e9l\u00e9nk cs\u00edkos p\u00e1rn\u00e1kat, formabont\u00f3 b\u00fatorokat. Akaszd ki a lebeg\u0151 l\u00e1mp\u00e1sokat, \u00e9s ter\u00edts k\u00fclt\u00e9ri sz\u0151nyeget, hogy j\u00f3l elk\u00fcl\u00f6n\u00fcljenek a besz\u00e9lget\u0151s r\u00e9szek. Cserepes n\u00f6v\u00e9nyekkel fokozhatod a priv\u00e1t hangulatot \u00e9s a vizu\u00e1lis \u00e9lm\u00e9nyt. Ez a soksz\u00edn\u0171 megold\u00e1s egy unalmas medenc\u00e9b\u0151l is igazi sz\u00f3rakoztat\u00f3 k\u00f6zpontot csin\u00e1l.<\/p>\n<h2>Alak\u00edts ki egy nyugodt pihen\u0151helyet jakuzzival \u00e9s k\u00e9nyelmes \u00fcl\u0151sarokkal<\/h2>\n<p><img loading=\"lazy\" decoding=\"async\" width=\"700\" height=\"1050\" alt=\"Eleg\u00e1ns k\u00fclt\u00e9ri t\u00e9r t\u00fcrkiz jakuzzival, k\u00f6r\u00fcl\u00f6tte z\u00f6ld n\u00f6v\u00e9nyzettel, mellette modern feh\u00e9r kanap\u00e9 mint\u00e1s p\u00e1rn\u00e1kkal egy fekete naperny\u0151 alatt.\" class=\"aligncenter size-full wp-image-3011\" src=\"https:\/\/doubletakedecor.com\/uploads\/2025\/07\/above-ground-pool-ideas-dtd-11.jpg\" srcset=\"https:\/\/doubletakedecor.com\/uploads\/2025\/07\/above-ground-pool-ideas-dtd-11.jpg 700w, https:\/\/doubletakedecor.com\/uploads\/2025\/07\/above-ground-pool-ideas-dtd-11-200x300.jpg 200w, https:\/\/doubletakedecor.com\/uploads\/2025\/07\/above-ground-pool-ideas-dtd-11-683x1024.jpg 683w, https:\/\/doubletakedecor.com\/uploads\/2025\/07\/above-ground-pool-ideas-dtd-11-96x144.jpg 96w, https:\/\/doubletakedecor.com\/uploads\/2025\/07\/above-ground-pool-ideas-dtd-11-280x420.jpg 280w, https:\/\/doubletakedecor.com\/uploads\/2025\/07\/above-ground-pool-ideas-dtd-11-320x480.jpg 320w, https:\/\/doubletakedecor.com\/uploads\/2025\/07\/above-ground-pool-ideas-dtd-11-360x540.jpg 360w, https:\/\/doubletakedecor.com\/uploads\/2025\/07\/above-ground-pool-ideas-dtd-11-363x545.jpg 363w, https:\/\/doubletakedecor.com\/uploads\/2025\/07\/above-ground-pool-ideas-dtd-11-370x555.jpg 370w, https:\/\/doubletakedecor.com\/uploads\/2025\/07\/above-ground-pool-ideas-dtd-11-400x600.jpg 400w, https:\/\/doubletakedecor.com\/uploads\/2025\/07\/above-ground-pool-ideas-dtd-11-560x840.jpg 560w, https:\/\/doubletakedecor.com\/uploads\/2025\/07\/above-ground-pool-ideas-dtd-11-480x720.jpg 480w\" sizes=\"auto, (max-width: 700px) 100vw, 700px\" \/><\/p>\n<p>Dobd fel a medence k\u00f6rny\u00e9k\u00e9t egy hozz\u00e1 ill\u0151 jakuzzival \u00e9s st\u00edlusos pihen\u0151sarokkal. Helyezd a jakuzzit s\u00f6v\u00e9nyhez vagy magas bokrokhoz, hogy zavartalanul relax\u00e1lhass. K\u00e9nyelmes id\u0151j\u00e1r\u00e1s\u00e1ll\u00f3 b\u00fatorokat \u00e9s vid\u00e1m mint\u00e1s p\u00e1rn\u00e1kat v\u00e1lassz a t\u00e1rsas\u00e1g sz\u00e1m\u00e1ra. A v\u00e1ltozatos j\u00e1r\u00f3lapok, p\u00e9ld\u00e1ul fa terasz \u00e9s beton, nemcsak j\u00f3l mutatnak, de strapab\u00edr\u00f3k is.<\/p>\n<h2>Var\u00e1zsold a medenc\u00e9det eleg\u00e1nss\u00e1 egy sz\u00e9p terasszal<\/h2>\n<p><img loading=\"lazy\" decoding=\"async\" width=\"700\" height=\"1049\" alt=\"B\u00e9k\u00e9s k\u00fclt\u00e9ri t\u00e9r fa terasszal, t\u00e9glalap alak\u00fa medenc\u00e9vel, napoz\u00f3\u00e1gyakkal naperny\u0151 alatt, \u00e9s tr\u00f3pusi n\u00f6v\u00e9nyekkel, melyek luxus hangulatot teremtenek.\" class=\"aligncenter size-full wp-image-3017\" src=\"https:\/\/doubletakedecor.com\/uploads\/2025\/07\/above-ground-pool-ideas-dtd-12.jpg\" srcset=\"https:\/\/doubletakedecor.com\/uploads\/2025\/07\/above-ground-pool-ideas-dtd-12.jpg 700w, https:\/\/doubletakedecor.com\/uploads\/2025\/07\/above-ground-pool-ideas-dtd-12-200x300.jpg 200w, https:\/\/doubletakedecor.com\/uploads\/2025\/07\/above-ground-pool-ideas-dtd-12-683x1024.jpg 683w, https:\/\/doubletakedecor.com\/uploads\/2025\/07\/above-ground-pool-ideas-dtd-12-96x144.jpg 96w, https:\/\/doubletakedecor.com\/uploads\/2025\/07\/above-ground-pool-ideas-dtd-12-280x420.jpg 280w, https:\/\/doubletakedecor.com\/uploads\/2025\/07\/above-ground-pool-ideas-dtd-12-320x480.jpg 320w, https:\/\/doubletakedecor.com\/uploads\/2025\/07\/above-ground-pool-ideas-dtd-12-360x539.jpg 360w, https:\/\/doubletakedecor.com\/uploads\/2025\/07\/above-ground-pool-ideas-dtd-12-363x544.jpg 363w, https:\/\/doubletakedecor.com\/uploads\/2025\/07\/above-ground-pool-ideas-dtd-12-370x554.jpg 370w, https:\/\/doubletakedecor.com\/uploads\/2025\/07\/above-ground-pool-ideas-dtd-12-400x599.jpg 400w, https:\/\/doubletakedecor.com\/uploads\/2025\/07\/above-ground-pool-ideas-dtd-12-560x839.jpg 560w, https:\/\/doubletakedecor.com\/uploads\/2025\/07\/above-ground-pool-ideas-dtd-12-480x719.jpg 480w\" sizes=\"auto, (max-width: 700px) 100vw, 700px\" \/><\/p>\n<p>Meghitt pihen\u0151helyet var\u00e1zsolhatsz meleg t\u00f3nus\u00fa fa terasszal \u00e9s \u00edzl\u00e9sesen elhelyezett b\u00fatorokkal. Tedd a napoz\u00f3\u00e1gyakat puha p\u00e1rn\u00e1kkal k\u00e9nyelmess\u00e9, \u00e9s v\u00e1lassz egy nagy naperny\u0151t az \u00e1rny\u00e9khoz. Helyezz el cserepes tr\u00f3pusi n\u00f6v\u00e9nyeket a terasz sz\u00e9l\u00e9n, hogy bar\u00e1ts\u00e1gosabb legyen a mili\u0151 \u00e9s n\u0151j\u00f6n a priv\u00e1t szf\u00e9ra. Ez a diz\u00e1jn egyszerre mutat\u00f3s \u00e9s praktikus, r\u00e1ad\u00e1sul kev\u00e9s gondoz\u00e1st ig\u00e9nyel.<\/p>\n<h2>Tr\u00f3pusi hangulat \u00fcgyes kert\u00e9szked\u00e9ssel<\/h2>\n<p><img loading=\"lazy\" decoding=\"async\" width=\"700\" height=\"1049\" alt=\"Eleg\u00e1ns f\u00f6ld feletti medence k\u00e9k v\u00edzzel, k\u0151falakkal, p\u00e1lmaf\u00e1val, napoz\u00f3\u00e1ggyal \u00e9s buja n\u00f6v\u00e9nyzettel, amelyek b\u00e9k\u00e9s o\u00e1zist teremtenek.\" class=\"aligncenter size-full wp-image-3023\" src=\"https:\/\/doubletakedecor.com\/uploads\/2025\/07\/above-ground-pool-ideas-dtd-13.jpg\" srcset=\"https:\/\/doubletakedecor.com\/uploads\/2025\/07\/above-ground-pool-ideas-dtd-13.jpg 700w, https:\/\/doubletakedecor.com\/uploads\/2025\/07\/above-ground-pool-ideas-dtd-13-200x300.jpg 200w, https:\/\/doubletakedecor.com\/uploads\/2025\/07\/above-ground-pool-ideas-dtd-13-683x1024.jpg 683w, https:\/\/doubletakedecor.com\/uploads\/2025\/07\/above-ground-pool-ideas-dtd-13-96x144.jpg 96w, https:\/\/doubletakedecor.com\/uploads\/2025\/07\/above-ground-pool-ideas-dtd-13-280x420.jpg 280w, https:\/\/doubletakedecor.com\/uploads\/2025\/07\/above-ground-pool-ideas-dtd-13-320x480.jpg 320w, https:\/\/doubletakedecor.com\/uploads\/2025\/07\/above-ground-pool-ideas-dtd-13-360x539.jpg 360w, https:\/\/doubletakedecor.com\/uploads\/2025\/07\/above-ground-pool-ideas-dtd-13-363x544.jpg 363w, https:\/\/doubletakedecor.com\/uploads\/2025\/07\/above-ground-pool-ideas-dtd-13-370x554.jpg 370w, https:\/\/doubletakedecor.com\/uploads\/2025\/07\/above-ground-pool-ideas-dtd-13-400x599.jpg 400w, https:\/\/doubletakedecor.com\/uploads\/2025\/07\/above-ground-pool-ideas-dtd-13-560x839.jpg 560w, https:\/\/doubletakedecor.com\/uploads\/2025\/07\/above-ground-pool-ideas-dtd-13-480x719.jpg 480w\" sizes=\"auto, (max-width: 700px) 100vw, 700px\" \/><\/p>\n<p>Csak n\u00e9h\u00e1ny magas p\u00e1lmafa \u00e9s rengeteg z\u00f6ld n\u00f6v\u00e9ny kell, hogy az otthoni medenc\u00e9d igazi \u00fcd\u00fcl\u0151paradicsom legyen. Helyezz el k\u00e9nyelmes napoz\u00f3\u00e1gyakat textur\u00e1lt k\u0151lapokon, hogy k\u00e9zn\u00e9l legyen egy pihen\u0151 r\u00e9sz. Tegy\u00e9l cserepes n\u00f6v\u00e9nyeket a medence sz\u00e9l\u00e9n, \u00edgy sz\u00e9pen elrejtheted a kem\u00e9ny \u00e9leket, mik\u00f6zben n\u0151 a priv\u00e1t szf\u00e9ra is. Ez a n\u00f6v\u00e9nyes megold\u00e1s nemcsak feldobja a l\u00e1tv\u00e1nyt, de hasznos is.<\/p>\n<h2>Vid\u00e1m sz\u00ednekkel \u00e9s tr\u00f3pusi hangulattal \u00faj\u00edtsd meg a medenc\u00e9det<\/h2>\n<p><img loading=\"lazy\" decoding=\"async\" width=\"700\" height=\"1050\" alt=\"F\u00f6ld feletti medence narancss\u00e1rga peremmel, tr\u00f3pusi n\u00f6v\u00e9nyekkel, hegyi panor\u00e1m\u00e1val, valamint divatos narancss\u00e1rga napoz\u00f3\u00e1gyakkal fa teraszon.\" class=\"aligncenter size-full wp-image-3029\" src=\"https:\/\/doubletakedecor.com\/uploads\/2025\/07\/above-ground-pool-ideas-dtd-14.jpg\" srcset=\"https:\/\/doubletakedecor.com\/uploads\/2025\/07\/above-ground-pool-ideas-dtd-14.jpg 700w, https:\/\/doubletakedecor.com\/uploads\/2025\/07\/above-ground-pool-ideas-dtd-14-200x300.jpg 200w, https:\/\/doubletakedecor.com\/uploads\/2025\/07\/above-ground-pool-ideas-dtd-14-683x1024.jpg 683w, https:\/\/doubletakedecor.com\/uploads\/2025\/07\/above-ground-pool-ideas-dtd-14-96x144.jpg 96w, https:\/\/doubletakedecor.com\/uploads\/2025\/07\/above-ground-pool-ideas-dtd-14-280x420.jpg 280w, https:\/\/doubletakedecor.com\/uploads\/2025\/07\/above-ground-pool-ideas-dtd-14-320x480.jpg 320w, https:\/\/doubletakedecor.com\/uploads\/2025\/07\/above-ground-pool-ideas-dtd-14-360x540.jpg 360w, https:\/\/doubletakedecor.com\/uploads\/2025\/07\/above-ground-pool-ideas-dtd-14-363x545.jpg 363w, https:\/\/doubletakedecor.com\/uploads\/2025\/07\/above-ground-pool-ideas-dtd-14-370x555.jpg 370w, https:\/\/doubletakedecor.com\/uploads\/2025\/07\/above-ground-pool-ideas-dtd-14-400x600.jpg 400w, https:\/\/doubletakedecor.com\/uploads\/2025\/07\/above-ground-pool-ideas-dtd-14-560x840.jpg 560w, https:\/\/doubletakedecor.com\/uploads\/2025\/07\/above-ground-pool-ideas-dtd-14-480x720.jpg 480w\" sizes=\"auto, (max-width: 700px) 100vw, 700px\" \/><\/p>\n<p>Legyen igaz\u00e1n felt\u0171n\u0151 a medenc\u00e9d egy \u00e9l\u00e9nk sz\u00edn\u0171 peremmel, amit term\u00e9szetes k\u00f6rnyezet vesz k\u00f6r\u00fcl. Helyezz el k\u00e9nyelmes napoz\u00f3\u00e1gyakat a fa teraszon, hogy mindig legyen hol napoznod vagy pihenned. V\u00e1lassz tr\u00f3pusi n\u00f6v\u00e9nyeket, mint p\u00e9ld\u00e1ul p\u00e1lm\u00e1kat \u00e9s kaktuszokat, hogy m\u00e9g k\u00fcl\u00f6nlegesebb\u00e9 tedd a medencepartot. Ez a st\u00edlus a nyaral\u00e1s hangulat\u00e1t hozza el neked, mik\u00f6zben minden a c\u00e9lnak is megfelel.<\/p>\n<h2>Pihen\u0151hely t\u0171zrak\u00f3hellyel a medence mellett<\/h2>\n<p><img loading=\"lazy\" decoding=\"async\" width=\"700\" height=\"1050\" alt=\"Parkos\u00edtott kert k\u00f6r alak\u00fa, k\u0151b\u0151l \u00e9p\u00edtett t\u0171zrak\u00f3hellyel, l\u00e9p\u0151k\u00f6vekkel, z\u00f6ld napoz\u00f3\u00e1gyakkal \u00e9s dekorat\u00edv fak\u00e9reggel, amely hangulatos k\u00fclt\u00e9ri teret teremt.\" class=\"aligncenter size-full wp-image-3035\" src=\"https:\/\/doubletakedecor.com\/uploads\/2025\/07\/above-ground-pool-ideas-dtd-15.jpg\" srcset=\"https:\/\/doubletakedecor.com\/uploads\/2025\/07\/above-ground-pool-ideas-dtd-15.jpg 700w, https:\/\/doubletakedecor.com\/uploads\/2025\/07\/above-ground-pool-ideas-dtd-15-200x300.jpg 200w, https:\/\/doubletakedecor.com\/uploads\/2025\/07\/above-ground-pool-ideas-dtd-15-683x1024.jpg 683w, https:\/\/doubletakedecor.com\/uploads\/2025\/07\/above-ground-pool-ideas-dtd-15-96x144.jpg 96w, https:\/\/doubletakedecor.com\/uploads\/2025\/07\/above-ground-pool-ideas-dtd-15-280x420.jpg 280w, https:\/\/doubletakedecor.com\/uploads\/2025\/07\/above-ground-pool-ideas-dtd-15-320x480.jpg 320w, https:\/\/doubletakedecor.com\/uploads\/2025\/07\/above-ground-pool-ideas-dtd-15-360x540.jpg 360w, https:\/\/doubletakedecor.com\/uploads\/2025\/07\/above-ground-pool-ideas-dtd-15-363x545.jpg 363w, https:\/\/doubletakedecor.com\/uploads\/2025\/07\/above-ground-pool-ideas-dtd-15-370x555.jpg 370w, https:\/\/doubletakedecor.com\/uploads\/2025\/07\/above-ground-pool-ideas-dtd-15-400x600.jpg 400w, https:\/\/doubletakedecor.com\/uploads\/2025\/07\/above-ground-pool-ideas-dtd-15-560x840.jpg 560w, https:\/\/doubletakedecor.com\/uploads\/2025\/07\/above-ground-pool-ideas-dtd-15-480x720.jpg 480w\" sizes=\"auto, (max-width: 700px) 100vw, 700px\" \/><\/p>\n<p>Dobj fel a medence k\u00f6rny\u00e9k\u00e9t egy k\u00f6r alak\u00fa t\u0171zrak\u00f3hellyel, amit l\u00e9p\u0151k\u00f6vek vesznek k\u00f6r\u00fcl. Haszn\u00e1lj dekorat\u00edv fak\u00e9rget a talajon, \u00edgy kev\u00e9s gondoz\u00e1st ig\u00e9nyel majd, \u00e9s helyezz el napoz\u00f3\u00e1gyakat a pihen\u00e9shez. A k\u00fcl\u00f6nb\u00f6z\u0151 j\u00e1r\u00f3lapok \u00e9s m\u0171f\u0171 v\u00e1ltozatoss\u00e1 \u00e9s otthonoss\u00e1 teszik a teret. T\u00f6k\u00e9letes megold\u00e1s, ha h\u0171v\u00f6sebb est\u00e9ken is \u00e9lvezni szeretn\u00e9d a kertedet.<\/p>\n<h2>F\u00fcrd\u0151h\u00e1zi hangulat pergol\u00e1s jakuzzi sarokkal<\/h2>\n<p><img loading=\"lazy\" decoding=\"async\" width=\"700\" height=\"1050\" alt=\"Hangulatos szabadt\u00e9ri t\u00e9r, fa pergol\u00e1val lefedett jakuzzival, f\u00e9nyf\u00fcz\u00e9rekkel, st\u00edlusos \u00fcl\u0151alkalmatoss\u00e1gokkal \u00e9s tr\u00f3pusi mint\u00e1s sz\u0151nyeggel.\" class=\"aligncenter size-full wp-image-3041\" src=\"https:\/\/doubletakedecor.com\/uploads\/2025\/07\/above-ground-pool-ideas-dtd-16.jpg\" srcset=\"https:\/\/doubletakedecor.com\/uploads\/2025\/07\/above-ground-pool-ideas-dtd-16.jpg 700w, https:\/\/doubletakedecor.com\/uploads\/2025\/07\/above-ground-pool-ideas-dtd-16-200x300.jpg 200w, https:\/\/doubletakedecor.com\/uploads\/2025\/07\/above-ground-pool-ideas-dtd-16-683x1024.jpg 683w, https:\/\/doubletakedecor.com\/uploads\/2025\/07\/above-ground-pool-ideas-dtd-16-96x144.jpg 96w, https:\/\/doubletakedecor.com\/uploads\/2025\/07\/above-ground-pool-ideas-dtd-16-280x420.jpg 280w, https:\/\/doubletakedecor.com\/uploads\/2025\/07\/above-ground-pool-ideas-dtd-16-320x480.jpg 320w, https:\/\/doubletakedecor.com\/uploads\/2025\/07\/above-ground-pool-ideas-dtd-16-360x540.jpg 360w, https:\/\/doubletakedecor.com\/uploads\/2025\/07\/above-ground-pool-ideas-dtd-16-363x545.jpg 363w, https:\/\/doubletakedecor.com\/uploads\/2025\/07\/above-ground-pool-ideas-dtd-16-370x555.jpg 370w, https:\/\/doubletakedecor.com\/uploads\/2025\/07\/above-ground-pool-ideas-dtd-16-400x600.jpg 400w, https:\/\/doubletakedecor.com\/uploads\/2025\/07\/above-ground-pool-ideas-dtd-16-560x840.jpg 560w, https:\/\/doubletakedecor.com\/uploads\/2025\/07\/above-ground-pool-ideas-dtd-16-480x720.jpg 480w\" sizes=\"auto, (max-width: 700px) 100vw, 700px\" \/><\/p>\n<p>Alak\u00edtsd \u00e1t a medenceparti r\u00e9szt egy fa pergol\u00e1val, amely al\u00e1 egy jakuzzit is be\u00e1ll\u00edthatsz. Akassz fel soros f\u00e9nyeket hangulatos est\u00e9kre, \u00e9s rendezz be k\u00e9nyelmes, sz\u00ednes \u00fcl\u0151helyeket valamint egy kisebb asztalt innival\u00f3nak vagy r\u00e1gcs\u00e1lnival\u00f3nak. Egy vid\u00e1m k\u00fclt\u00e9ri sz\u0151nyeg is j\u00f3l j\u00f6het a padl\u00f3 lefed\u00e9s\u00e9hez \u00e9s a t\u00e9r elv\u00e1laszt\u00e1s\u00e1hoz. T\u00f6k\u00e9letes \u00e9rz\u00e9s lesz itt laz\u00edtani f\u00fcrd\u00e9s ut\u00e1n is.<\/p>\n<h2>Pihentet\u0151 jakuzzis sarok, sz\u00ednes Southwest st\u00edlusban<\/h2>\n<p><img loading=\"lazy\" decoding=\"async\" width=\"700\" height=\"1050\" alt=\"Kerek jakuzzi fa teraszon, sivatagi kaktuszokkal, t\u00fcrkiz p\u00e1rn\u00e1s sz\u00e9kekkel \u00e9s sz\u00ednes hegyi falfest\u00e9ssel h\u00e1tt\u00e9rben.\" class=\"aligncenter size-full wp-image-3047\" src=\"https:\/\/doubletakedecor.com\/uploads\/2025\/07\/above-ground-pool-ideas-dtd-17.jpg\" srcset=\"https:\/\/doubletakedecor.com\/uploads\/2025\/07\/above-ground-pool-ideas-dtd-17.jpg 700w, https:\/\/doubletakedecor.com\/uploads\/2025\/07\/above-ground-pool-ideas-dtd-17-200x300.jpg 200w, https:\/\/doubletakedecor.com\/uploads\/2025\/07\/above-ground-pool-ideas-dtd-17-683x1024.jpg 683w, https:\/\/doubletakedecor.com\/uploads\/2025\/07\/above-ground-pool-ideas-dtd-17-96x144.jpg 96w, https:\/\/doubletakedecor.com\/uploads\/2025\/07\/above-ground-pool-ideas-dtd-17-280x420.jpg 280w, https:\/\/doubletakedecor.com\/uploads\/2025\/07\/above-ground-pool-ideas-dtd-17-320x480.jpg 320w, https:\/\/doubletakedecor.com\/uploads\/2025\/07\/above-ground-pool-ideas-dtd-17-360x540.jpg 360w, https:\/\/doubletakedecor.com\/uploads\/2025\/07\/above-ground-pool-ideas-dtd-17-363x545.jpg 363w, https:\/\/doubletakedecor.com\/uploads\/2025\/07\/above-ground-pool-ideas-dtd-17-370x555.jpg 370w, https:\/\/doubletakedecor.com\/uploads\/2025\/07\/above-ground-pool-ideas-dtd-17-400x600.jpg 400w, https:\/\/doubletakedecor.com\/uploads\/2025\/07\/above-ground-pool-ideas-dtd-17-560x840.jpg 560w, https:\/\/doubletakedecor.com\/uploads\/2025\/07\/above-ground-pool-ideas-dtd-17-480x720.jpg 480w\" sizes=\"auto, (max-width: 700px) 100vw, 700px\" \/><\/p>\n<p>Alak\u00edts ki egy meghitt sarkot a kertben egy k\u00f6r alak\u00fa jakuzzival, amit fa teraszra teszel. \u00dcltess sivatagi n\u00f6v\u00e9nyeket, p\u00e9ld\u00e1ul kaktuszokat a k\u00f6nny\u0171 gondoz\u00e1s\u00e9rt, \u00e9s v\u00e1lassz \u00e9l\u00e9nk sz\u00edn\u0171 \u00fcl\u0151p\u00e1rn\u00e1kat a sz\u00e9kekhez. Egy sz\u00ednes falfestm\u00e9ny a h\u00e1tt\u00e9rben egys\u00e9ges hangulatot teremt, \u00edgy eg\u00e9sz \u00e9vben haszn\u00e1lhatod ezt a kellemes r\u00e9szt, nem csak ny\u00e1ron.<\/p>\n<h2>Rusztikus hangulat: B\u00e1dogk\u00e1d medence, mint mini kert o\u00e1zis<\/h2>\n<p><img loading=\"lazy\" decoding=\"async\" width=\"700\" height=\"1049\" alt=\"Emelt, b\u00e1dogb\u00f3l k\u00e9sz\u00fclt medence fa teraszon, r\u00f3zsasz\u00edn naperny\u0151vel, f\u00e1kkal k\u00f6r\u00fclv\u00e9ve \u00e9s rusztikus szabadt\u00e9ri pihen\u0151t\u00e9rrel.\" class=\"aligncenter size-full wp-image-3053\" src=\"https:\/\/doubletakedecor.com\/uploads\/2025\/07\/above-ground-pool-ideas-dtd-18.jpg\" srcset=\"https:\/\/doubletakedecor.com\/uploads\/2025\/07\/above-ground-pool-ideas-dtd-18.jpg 700w, https:\/\/doubletakedecor.com\/uploads\/2025\/07\/above-ground-pool-ideas-dtd-18-200x300.jpg 200w, https:\/\/doubletakedecor.com\/uploads\/2025\/07\/above-ground-pool-ideas-dtd-18-683x1024.jpg 683w, https:\/\/doubletakedecor.com\/uploads\/2025\/07\/above-ground-pool-ideas-dtd-18-96x144.jpg 96w, https:\/\/doubletakedecor.com\/uploads\/2025\/07\/above-ground-pool-ideas-dtd-18-280x420.jpg 280w, https:\/\/doubletakedecor.com\/uploads\/2025\/07\/above-ground-pool-ideas-dtd-18-320x480.jpg 320w, https:\/\/doubletakedecor.com\/uploads\/2025\/07\/above-ground-pool-ideas-dtd-18-360x539.jpg 360w, https:\/\/doubletakedecor.com\/uploads\/2025\/07\/above-ground-pool-ideas-dtd-18-363x544.jpg 363w, https:\/\/doubletakedecor.com\/uploads\/2025\/07\/above-ground-pool-ideas-dtd-18-370x554.jpg 370w, https:\/\/doubletakedecor.com\/uploads\/2025\/07\/above-ground-pool-ideas-dtd-18-400x599.jpg 400w, https:\/\/doubletakedecor.com\/uploads\/2025\/07\/above-ground-pool-ideas-dtd-18-560x839.jpg 560w, https:\/\/doubletakedecor.com\/uploads\/2025\/07\/above-ground-pool-ideas-dtd-18-480x719.jpg 480w\" sizes=\"auto, (max-width: 700px) 100vw, 700px\" \/><\/p>\n<p>Ha olcs\u00f3n szeretn\u00e9d kipr\u00f3b\u00e1lni a medenc\u00e9t, haszn\u00e1ld fel egy b\u00e1dogk\u00e1d tart\u00e1lyt alternat\u00edvak\u00e9nt. Emeld meg egy fa teraszon, hogy k\u00f6nnyen megk\u00f6zel\u00edthet\u0151 \u00e9s bar\u00e1ts\u00e1gos legyen. \u00c1rny\u00e9kolj sz\u00ednes naperny\u0151vel, \u00e9s eg\u00e9sz\u00edtsd ki n\u00e9h\u00e1ny \u00fcl\u0151hellyel, \u00edgy lesz teljes a pihen\u0151 sarok. A kavicsos k\u00f6rnyezet praktikus v\u00edzelvezet\u00e9st biztos\u00edt, mik\u00f6zben meg\u0151rzi a rusztikus hat\u00e1st. Kis kertbe is t\u00f6k\u00e9letes.<\/p>\n<h2>T\u00f6bbszintes terasz be\u00e9p\u00edtett jakuzzival<\/h2>\n<p><img loading=\"lazy\" decoding=\"async\" width=\"700\" height=\"1050\" alt=\"Fa terasz jakuzzival, nagy cserepes n\u00f6v\u00e9nyekkel a sz\u00e9les l\u00e9pcs\u0151k mellett, ker\u00edt\u00e9ssel \u00e9s hangulatos vil\u00e1g\u00edt\u00e1ssal, amely kellemes k\u00fclt\u00e9ri pihen\u0151t teremt.\" class=\"aligncenter size-full wp-image-3059\" src=\"https:\/\/doubletakedecor.com\/uploads\/2025\/07\/above-ground-pool-ideas-dtd-19.jpg\" srcset=\"https:\/\/doubletakedecor.com\/uploads\/2025\/07\/above-ground-pool-ideas-dtd-19.jpg 700w, https:\/\/doubletakedecor.com\/uploads\/2025\/07\/above-ground-pool-ideas-dtd-19-200x300.jpg 200w, https:\/\/doubletakedecor.com\/uploads\/2025\/07\/above-ground-pool-ideas-dtd-19-683x1024.jpg 683w, https:\/\/doubletakedecor.com\/uploads\/2025\/07\/above-ground-pool-ideas-dtd-19-96x144.jpg 96w, https:\/\/doubletakedecor.com\/uploads\/2025\/07\/above-ground-pool-ideas-dtd-19-280x420.jpg 280w, https:\/\/doubletakedecor.com\/uploads\/2025\/07\/above-ground-pool-ideas-dtd-19-320x480.jpg 320w, https:\/\/doubletakedecor.com\/uploads\/2025\/07\/above-ground-pool-ideas-dtd-19-360x540.jpg 360w, https:\/\/doubletakedecor.com\/uploads\/2025\/07\/above-ground-pool-ideas-dtd-19-363x545.jpg 363w, https:\/\/doubletakedecor.com\/uploads\/2025\/07\/above-ground-pool-ideas-dtd-19-370x555.jpg 370w, https:\/\/doubletakedecor.com\/uploads\/2025\/07\/above-ground-pool-ideas-dtd-19-400x600.jpg 400w, https:\/\/doubletakedecor.com\/uploads\/2025\/07\/above-ground-pool-ideas-dtd-19-560x840.jpg 560w, https:\/\/doubletakedecor.com\/uploads\/2025\/07\/above-ground-pool-ideas-dtd-19-480x720.jpg 480w\" sizes=\"auto, (max-width: 700px) 100vw, 700px\" \/><\/p>\n<p>Dobj fel egyedi fa teraszt a medenc\u00e9d k\u00f6r\u00e9 be\u00e9p\u00edtett l\u00e9pcs\u0151kkel \u00e9s egy k\u00fcl\u00f6n jakuzzival. Helyezz el meleg, tomp\u00edtott vil\u00e1g\u00edt\u00e1st a terasz k\u00f6r\u00fcl, hogy est\u00e9nk\u00e9nt is haszn\u00e1lhat\u00f3 legyen a t\u00e9r. Nagy, z\u00f6ld n\u00f6v\u00e9nyeket \u00fcltess a terasz sz\u00e9l\u00e9re, \u00edgy m\u00e9g otthonosabb lesz a k\u00f6rnyezet. Ez a t\u00f6bbszintes kialak\u00edt\u00e1s t\u00f6bbf\u00e9le pihen\u0151sarkot ad, \u00e9s maxim\u00e1lisan kihaszn\u00e1lja a helyet.<\/p>\n<h2>Praktikus bej\u00e1rat \u00e9s eleg\u00e1ns n\u00f6v\u00e9nyek a medence mellett<\/h2>\n<p><img loading=\"lazy\" decoding=\"async\" width=\"700\" height=\"1049\" alt=\"Nyugodt f\u00f6ld feletti medence feh\u00e9r l\u00e9tr\u00e1val, fa terasszal, vir\u00e1gokkal, napoz\u00f3\u00e1gyakkal \u00e9s naperny\u0151kkel.\" class=\"aligncenter size-full wp-image-3065\" src=\"https:\/\/doubletakedecor.com\/uploads\/2025\/07\/above-ground-pool-ideas-dtd-20.jpg\" srcset=\"https:\/\/doubletakedecor.com\/uploads\/2025\/07\/above-ground-pool-ideas-dtd-20.jpg 700w, https:\/\/doubletakedecor.com\/uploads\/2025\/07\/above-ground-pool-ideas-dtd-20-200x300.jpg 200w, https:\/\/doubletakedecor.com\/uploads\/2025\/07\/above-ground-pool-ideas-dtd-20-683x1024.jpg 683w, https:\/\/doubletakedecor.com\/uploads\/2025\/07\/above-ground-pool-ideas-dtd-20-96x144.jpg 96w, https:\/\/doubletakedecor.com\/uploads\/2025\/07\/above-ground-pool-ideas-dtd-20-280x420.jpg 280w, https:\/\/doubletakedecor.com\/uploads\/2025\/07\/above-ground-pool-ideas-dtd-20-320x480.jpg 320w, https:\/\/doubletakedecor.com\/uploads\/2025\/07\/above-ground-pool-ideas-dtd-20-360x539.jpg 360w, https:\/\/doubletakedecor.com\/uploads\/2025\/07\/above-ground-pool-ideas-dtd-20-363x544.jpg 363w, https:\/\/doubletakedecor.com\/uploads\/2025\/07\/above-ground-pool-ideas-dtd-20-370x554.jpg 370w, https:\/\/doubletakedecor.com\/uploads\/2025\/07\/above-ground-pool-ideas-dtd-20-400x599.jpg 400w, https:\/\/doubletakedecor.com\/uploads\/2025\/07\/above-ground-pool-ideas-dtd-20-560x839.jpg 560w, https:\/\/doubletakedecor.com\/uploads\/2025\/07\/above-ground-pool-ideas-dtd-20-480x719.jpg 480w\" sizes=\"auto, (max-width: 700px) 100vw, 700px\" \/><\/p>\n<p>Szerelj fel massz\u00edv feh\u00e9r l\u00e9tr\u00e1t a biztons\u00e1gos medenc\u00e9be sz\u00e1ll\u00e1shoz, majd tedd hangulatosabb\u00e1 a r\u00e9szt \u00fcgyesen elhelyezett n\u00f6v\u00e9nyekkel. Vir\u00e1gos kasp\u00f3kat tegy\u00e9l a lej\u00e1ratok mell\u00e9, hogy \u00e9rdekes \u00e9s mutat\u00f3s legyen az \u00f6sszhat\u00e1s. K\u00e9nyelmes nyug\u00e1gyakat v\u00e1lassz naperny\u0151kkel, hogy \u00fasz\u00e1s ut\u00e1n is k\u00e9nyelmesen pihenhess. \u00cdgy minden praktikus \u00e9s eszt\u00e9tikus lesz egyszerre.<\/p>\n<h2>K\u00fcl\u00f6nleges hangulat\u00fa \u00e9jszakai kert f\u00e9nyekkel<\/h2>\n<p><img loading=\"lazy\" decoding=\"async\" width=\"700\" height=\"1050\" alt=\"Kivil\u00e1g\u00edtott f\u00f6ld feletti medence fa terasszal \u00e9s pergol\u00e1val, amelyet f\u00e9nyf\u00fcz\u00e9rek d\u00edsz\u00edtenek, \u00edgy meghitt esti pihen\u0151hely j\u00f6n l\u00e9tre.\" class=\"aligncenter size-full wp-image-3071\" src=\"https:\/\/doubletakedecor.com\/uploads\/2025\/07\/above-ground-pool-ideas-dtd-21.jpg\" srcset=\"https:\/\/doubletakedecor.com\/uploads\/2025\/07\/above-ground-pool-ideas-dtd-21.jpg 700w, https:\/\/doubletakedecor.com\/uploads\/2025\/07\/above-ground-pool-ideas-dtd-21-200x300.jpg 200w, https:\/\/doubletakedecor.com\/uploads\/2025\/07\/above-ground-pool-ideas-dtd-21-683x1024.jpg 683w, https:\/\/doubletakedecor.com\/uploads\/2025\/07\/above-ground-pool-ideas-dtd-21-96x144.jpg 96w, https:\/\/doubletakedecor.com\/uploads\/2025\/07\/above-ground-pool-ideas-dtd-21-280x420.jpg 280w, https:\/\/doubletakedecor.com\/uploads\/2025\/07\/above-ground-pool-ideas-dtd-21-320x480.jpg 320w, https:\/\/doubletakedecor.com\/uploads\/2025\/07\/above-ground-pool-ideas-dtd-21-360x540.jpg 360w, https:\/\/doubletakedecor.com\/uploads\/2025\/07\/above-ground-pool-ideas-dtd-21-363x545.jpg 363w, https:\/\/doubletakedecor.com\/uploads\/2025\/07\/above-ground-pool-ideas-dtd-21-370x555.jpg 370w, https:\/\/doubletakedecor.com\/uploads\/2025\/07\/above-ground-pool-ideas-dtd-21-400x600.jpg 400w, https:\/\/doubletakedecor.com\/uploads\/2025\/07\/above-ground-pool-ideas-dtd-21-560x840.jpg 560w, https:\/\/doubletakedecor.com\/uploads\/2025\/07\/above-ground-pool-ideas-dtd-21-480x720.jpg 480w\" sizes=\"auto, (max-width: 700px) 100vw, 700px\" \/><\/p>\n<p>Alak\u00edtsd \u00e1t a medenc\u00e9det esti mened\u00e9kk\u00e9, ha f\u00e9nyf\u00fcz\u00e9reket szerelsz fel egy f\u00e1b\u00f3l k\u00e9sz\u00fclt pergol\u00e1ra. Ez a megold\u00e1s nappal \u00e1rny\u00e9kot, este gy\u00f6ny\u00f6r\u0171 hangulatot ny\u00fajt. Tegy\u00e9l ki k\u00e9nyelmes nyug\u00e1gyakat, \u00e9s eg\u00e9sz\u00edtsd ki a teret cserepes n\u00f6v\u00e9nyekkel, hogy term\u00e9szetesebb hat\u00e1st keltsen. A v\u00edz k\u00f6zel\u00e9be v\u00e1lassz v\u00edz\u00e1ll\u00f3 LED-elemeket a biztons\u00e1g \u00e9rdek\u00e9ben.<\/p>\n<h2>Term\u00e9szetes k\u0151fal \u2013 emeld ki a medenced sz\u00e9ps\u00e9g\u00e9t!<\/h2>\n<p><img loading=\"lazy\" decoding=\"async\" width=\"700\" height=\"1049\" alt=\"K\u00f6r alak\u00fa f\u00f6ld feletti medence rusztikus k\u0151fallal, meleg vil\u00e1g\u00edt\u00e1ssal \u00e9s buja kerttel, amely b\u00e9k\u00e9s k\u00fclt\u00e9ri pihen\u0151helyet alkot.\" class=\"aligncenter size-full wp-image-3077\" src=\"https:\/\/doubletakedecor.com\/uploads\/2025\/07\/above-ground-pool-ideas-dtd-22.jpg\" srcset=\"https:\/\/doubletakedecor.com\/uploads\/2025\/07\/above-ground-pool-ideas-dtd-22.jpg 700w, https:\/\/doubletakedecor.com\/uploads\/2025\/07\/above-ground-pool-ideas-dtd-22-200x300.jpg 200w, https:\/\/doubletakedecor.com\/uploads\/2025\/07\/above-ground-pool-ideas-dtd-22-683x1024.jpg 683w, https:\/\/doubletakedecor.com\/uploads\/2025\/07\/above-ground-pool-ideas-dtd-22-96x144.jpg 96w, https:\/\/doubletakedecor.com\/uploads\/2025\/07\/above-ground-pool-ideas-dtd-22-280x420.jpg 280w, https:\/\/doubletakedecor.com\/uploads\/2025\/07\/above-ground-pool-ideas-dtd-22-320x480.jpg 320w, https:\/\/doubletakedecor.com\/uploads\/2025\/07\/above-ground-pool-ideas-dtd-22-360x539.jpg 360w, https:\/\/doubletakedecor.com\/uploads\/2025\/07\/above-ground-pool-ideas-dtd-22-363x544.jpg 363w, https:\/\/doubletakedecor.com\/uploads\/2025\/07\/above-ground-pool-ideas-dtd-22-370x554.jpg 370w, https:\/\/doubletakedecor.com\/uploads\/2025\/07\/above-ground-pool-ideas-dtd-22-400x599.jpg 400w, https:\/\/doubletakedecor.com\/uploads\/2025\/07\/above-ground-pool-ideas-dtd-22-560x839.jpg 560w, https:\/\/doubletakedecor.com\/uploads\/2025\/07\/above-ground-pool-ideas-dtd-22-480x719.jpg 480w\" sizes=\"auto, (max-width: 700px) 100vw, 700px\" \/><\/p>\n<p>K\u00f6r\u00fcl\u00e9p\u00edtheted a medenc\u00e9det term\u00e9szetes k\u0151fallal, \u00edgy egyszerre lesz rusztikus jellege \u00e9s biztons\u00e1gos szerkezete. V\u00e1lassz vil\u00e1gos sz\u00edn\u0171 k\u00f6veket, hogy bar\u00e1ts\u00e1gos legyen a l\u00e1tv\u00e1ny. L\u00e1gy vil\u00e1g\u00edt\u00e1s fokozza az esti hangulatot, m\u00edg \u00e1polt f\u0171sz\u0151nyeg \u00e9s kavicsszeg\u00e9lyek teszik teljess\u00e9 a kertet. Ez a tart\u00f3s megold\u00e1s sz\u00e9pen beleolvad a k\u00f6rnyezetbe.<\/p>\n<h2>Kert o\u00e1zis f\u00f6ld feletti medence k\u00f6r\u00fcl<\/h2>\n<p><img loading=\"lazy\" decoding=\"async\" width=\"700\" height=\"1050\" alt=\"B\u00e9k\u00e9s h\u00e1ts\u00f3 kerti medence k\u0151 \u00e9s t\u00e9gla szeg\u00e9lyekkel, buja n\u00f6v\u00e9nyzettel \u00e9s l\u00e1tv\u00e1nyos kasp\u00f3kkal.\" class=\"aligncenter size-full wp-image-3083\" src=\"https:\/\/doubletakedecor.com\/uploads\/2025\/07\/above-ground-pool-ideas-dtd-23.jpg\" srcset=\"https:\/\/doubletakedecor.com\/uploads\/2025\/07\/above-ground-pool-ideas-dtd-23.jpg 700w, https:\/\/doubletakedecor.com\/uploads\/2025\/07\/above-ground-pool-ideas-dtd-23-200x300.jpg 200w, https:\/\/doubletakedecor.com\/uploads\/2025\/07\/above-ground-pool-ideas-dtd-23-683x1024.jpg 683w, https:\/\/doubletakedecor.com\/uploads\/2025\/07\/above-ground-pool-ideas-dtd-23-96x144.jpg 96w, https:\/\/doubletakedecor.com\/uploads\/2025\/07\/above-ground-pool-ideas-dtd-23-280x420.jpg 280w, https:\/\/doubletakedecor.com\/uploads\/2025\/07\/above-ground-pool-ideas-dtd-23-320x480.jpg 320w, https:\/\/doubletakedecor.com\/uploads\/2025\/07\/above-ground-pool-ideas-dtd-23-360x540.jpg 360w, https:\/\/doubletakedecor.com\/uploads\/2025\/07\/above-ground-pool-ideas-dtd-23-363x545.jpg 363w, https:\/\/doubletakedecor.com\/uploads\/2025\/07\/above-ground-pool-ideas-dtd-23-370x555.jpg 370w, https:\/\/doubletakedecor.com\/uploads\/2025\/07\/above-ground-pool-ideas-dtd-23-400x600.jpg 400w, https:\/\/doubletakedecor.com\/uploads\/2025\/07\/above-ground-pool-ideas-dtd-23-560x840.jpg 560w, https:\/\/doubletakedecor.com\/uploads\/2025\/07\/above-ground-pool-ideas-dtd-23-480x720.jpg 480w\" sizes=\"auto, (max-width: 700px) 100vw, 700px\" \/><\/p>\n<p>Tedd igaz\u00e1n k\u00fcl\u00f6nlegess\u00e9 a medenc\u00e9d k\u00f6rny\u00e9k\u00e9t d\u00fas n\u00f6v\u00e9nyzettel \u00e9s j\u00f3l elhelyezett kasp\u00f3kkal. Kombin\u00e1ld a k\u00f6vet t\u00e9glaszeg\u00e9llyel, \u00edgy l\u00e1tv\u00e1nyosabb \u00e9s id\u0151t\u00e1ll\u00f3bb lesz a hat\u00e1s. Pihenj k\u00e9nyelmes napoz\u00f3\u00e1gyakon, \u00e9s alak\u00edts ki k\u00f6nnyen megk\u00f6zel\u00edthet\u0151 fa teraszt is. Tipp: k\u00fcl\u00f6nb\u00f6z\u0151 m\u00e9ret\u0171 \u00e9s magass\u00e1g\u00fa n\u00f6v\u00e9nyeket haszn\u00e1lj a r\u00e9teges, \u00e9rdekes hat\u00e1s\u00e9rt.<\/p>\n<h2>Tr\u00f3pusi o\u00e1zis: k\u00f6r alak\u00fa medence \u00e9s fa terasz egy\u00fctt<\/h2>\n<p><img loading=\"lazy\" decoding=\"async\" width=\"700\" height=\"1050\" alt=\"B\u00e9k\u00e9s k\u00f6r alak\u00fa medence fa terasszal \u00e9s tr\u00f3pusi n\u00f6v\u00e9nyekkel, mely term\u00e9szetes kerti mened\u00e9ket teremt a pihen\u00e9shez.\" class=\"aligncenter size-full wp-image-3089\" src=\"https:\/\/doubletakedecor.com\/uploads\/2025\/07\/above-ground-pool-ideas-dtd-24.jpg\" srcset=\"https:\/\/doubletakedecor.com\/uploads\/2025\/07\/above-ground-pool-ideas-dtd-24.jpg 700w, https:\/\/doubletakedecor.com\/uploads\/2025\/07\/above-ground-pool-ideas-dtd-24-200x300.jpg 200w, https:\/\/doubletakedecor.com\/uploads\/2025\/07\/above-ground-pool-ideas-dtd-24-683x1024.jpg 683w, https:\/\/doubletakedecor.com\/uploads\/2025\/07\/above-ground-pool-ideas-dtd-24-96x144.jpg 96w, https:\/\/doubletakedecor.com\/uploads\/2025\/07\/above-ground-pool-ideas-dtd-24-280x420.jpg 280w, https:\/\/doubletakedecor.com\/uploads\/2025\/07\/above-ground-pool-ideas-dtd-24-320x480.jpg 320w, https:\/\/doubletakedecor.com\/uploads\/2025\/07\/above-ground-pool-ideas-dtd-24-360x540.jpg 360w, https:\/\/doubletakedecor.com\/uploads\/2025\/07\/above-ground-pool-ideas-dtd-24-363x545.jpg 363w, https:\/\/doubletakedecor.com\/uploads\/2025\/07\/above-ground-pool-ideas-dtd-24-370x555.jpg 370w, https:\/\/doubletakedecor.com\/uploads\/2025\/07\/above-ground-pool-ideas-dtd-24-400x600.jpg 400w, https:\/\/doubletakedecor.com\/uploads\/2025\/07\/above-ground-pool-ideas-dtd-24-560x840.jpg 560w, https:\/\/doubletakedecor.com\/uploads\/2025\/07\/above-ground-pool-ideas-dtd-24-480x720.jpg 480w\" sizes=\"auto, (max-width: 700px) 100vw, 700px\" \/><\/p>\n<p>\u00c9p\u00edts k\u00f6r alak\u00fa f\u00f6ld feletti medenc\u00e9t term\u00e9szetes fa terasszal, hogy olyan \u00e9rz\u00e9sed lehessen, mintha nyaraln\u00e1l. A l\u00e9cezett terasz sz\u00e9p \u00edvet k\u00f6vet, r\u00e1ad\u00e1sul cs\u00fasz\u00e1sg\u00e1tl\u00f3 is. Helyezz el p\u00e1lm\u00e1kat \u00e9s tr\u00f3pusi n\u00f6v\u00e9nyeket a medence k\u00f6r\u00fcl, hogy a priv\u00e1t szf\u00e9ra n\u0151j\u00f6n, \u00e9s m\u00e9g z\u00f6ldebb legyen a k\u00f6rny\u00e9k. Ezzel a megold\u00e1ssal val\u00f3di tr\u00f3pusi hangulatot teremthet b\u00e1rki a kertj\u00e9ben.<\/p>\n<h2>Nyugodt pihen\u0151sziget: \u00fcgyesen tervezett kert a medence k\u00f6r\u00fcl<\/h2>\n<p><img loading=\"lazy\" decoding=\"async\" width=\"700\" height=\"1050\" alt=\"Kert k\u00f6r alak\u00fa l\u00e9p\u0151k\u00f6vekkel, melyek vezetnek az ov\u00e1lis medenc\u00e9hez, sz\u00ednes vir\u00e1g\u00e1gy\u00e1sok \u00e9s feh\u00e9r ker\u00edt\u00e9s biztos\u00edtja a priv\u00e1t szf\u00e9r\u00e1t.\" class=\"aligncenter size-full wp-image-3095\" src=\"https:\/\/doubletakedecor.com\/uploads\/2025\/07\/above-ground-pool-ideas-dtd-25.jpg\" srcset=\"https:\/\/doubletakedecor.com\/uploads\/2025\/07\/above-ground-pool-ideas-dtd-25.jpg 700w, https:\/\/doubletakedecor.com\/uploads\/2025\/07\/above-ground-pool-ideas-dtd-25-200x300.jpg 200w, https:\/\/doubletakedecor.com\/uploads\/2025\/07\/above-ground-pool-ideas-dtd-25-683x1024.jpg 683w, https:\/\/doubletakedecor.com\/uploads\/2025\/07\/above-ground-pool-ideas-dtd-25-96x144.jpg 96w, https:\/\/doubletakedecor.com\/uploads\/2025\/07\/above-ground-pool-ideas-dtd-25-280x420.jpg 280w, https:\/\/doubletakedecor.com\/uploads\/2025\/07\/above-ground-pool-ideas-dtd-25-320x480.jpg 320w, https:\/\/doubletakedecor.com\/uploads\/2025\/07\/above-ground-pool-ideas-dtd-25-360x540.jpg 360w, https:\/\/doubletakedecor.com\/uploads\/2025\/07\/above-ground-pool-ideas-dtd-25-363x545.jpg 363w, https:\/\/doubletakedecor.com\/uploads\/2025\/07\/above-ground-pool-ideas-dtd-25-370x555.jpg 370w, https:\/\/doubletakedecor.com\/uploads\/2025\/07\/above-ground-pool-ideas-dtd-25-400x600.jpg 400w, https:\/\/doubletakedecor.com\/uploads\/2025\/07\/above-ground-pool-ideas-dtd-25-560x840.jpg 560w, https:\/\/doubletakedecor.com\/uploads\/2025\/07\/above-ground-pool-ideas-dtd-25-480x720.jpg 480w\" sizes=\"auto, (max-width: 700px) 100vw, 700px\" \/><\/p>\n<p>Alak\u00edtsd \u00e1t a medence k\u00f6rny\u00e9k\u00e9t \u00e1tgondolt kert\u00e9p\u00edt\u00e9ssel. Tegy\u00e9l le k\u00f6r alak\u00fa l\u00e9p\u0151k\u00f6veket a f\u0171be, \u00edgy egyedi \u00f6sv\u00e9ny vezethet a medenc\u00e9hez. K\u00f6r\u00fcl\u00f6tte \u00fcltess soksz\u00edn\u0171 vir\u00e1g\u00e1gy\u00e1sokat, a szeg\u00e9lyt pedig rakd ki massz\u00edv k\u00f6vekkel. A feh\u00e9r ker\u00edt\u00e9s garant\u00e1lja a zavartalan pihen\u00e9st, a cserepes n\u00f6v\u00e9nyek \u00e9s k\u00fclt\u00e9ri \u00fcl\u0151helyek pedig hangulatosabb\u00e1 teszik a sarkot.<\/p>\n<h2>GYIK<\/h2>\n<details class=\"g-accordion \"><summary><h3>Milyen kreat\u00edv \u00f6tletek vannak f\u00f6ld feletti medenc\u00e9khez?<\/h3><\/summary>\n<p>Ha szeretn\u00e9d igaz\u00e1n k\u00fcl\u00f6nlegess\u00e9 var\u00e1zsolni a h\u00e1ts\u00f3 kertedet, rengeteg \u00f6tletes megold\u00e1s k\u00f6z\u00fcl v\u00e1laszthatsz f\u00f6ld feletti medence kialak\u00edt\u00e1s\u00e1hoz.<\/p>\n<ul>\n<li>\u00c9p\u00edts fa teraszt a medence k\u00f6r\u00e9 \u2013 \u00edgy k\u00f6nny\u0171 lesz a be- \u00e9s kisz\u00e1ll\u00e1s, r\u00e1ad\u00e1sul mutat\u00f3sabb\u00e1 is teszi a medenc\u00e9t.<\/li>\n<li>Helyezz vid\u00e1m, sz\u00ednes cserepes n\u00f6v\u00e9nyeket a k\u00f6rnyezet\u00e9be, hogy \u00e9let \u00e9s sz\u00ednek k\u00f6lt\u00f6zzenek a kertedbe.<\/li>\n<li>Alak\u00edts ki tr\u00f3pusi hangulatot p\u00e1lmaf\u00e1kkal \u00e9s tiki f\u00e1kly\u00e1kkal, ha szeretn\u00e9l egzotikusabb k\u00f6rnyezetet teremteni.<\/li>\n<\/ul>\n<p>Dobj fel n\u00e9h\u00e1ny m\u00f3k\u00e1s dekor\u00e1ci\u00f3t, p\u00e9ld\u00e1ul humoros t\u00e1bl\u00e1kat \u2013 k\u00e9pzeld el ezt: <strong>&#8222;Sell\u0151ket etetni tilos&#8221;<\/strong> \u2013 \u00edgy igaz\u00e1n egyedi karaktert adhatsz a medenc\u00e9s r\u00e9sznek.<\/p>\n<p><strong>A vil\u00e1g\u00edt\u00e1s nagyon fontos a hangulat megteremt\u00e9s\u00e9hez<\/strong>; pr\u00f3b\u00e1ld ki a napelemes vagy LED-es f\u00e9nyeket, hogy este is var\u00e1zslatos legyen a medence k\u00f6rny\u00e9ke.<\/p>\n<p>Ha szeretsz bark\u00e1csolni, k\u00e9sz\u00edthetsz p\u00e9ld\u00e1ul felf\u00fajhat\u00f3 medencelej\u00e1r\u00f3t vagy l\u00e9pcs\u0151t, \u00edgy m\u00e9g egyedibb\u00e9 teheted az \u00f6sszhat\u00e1st.<\/p>\n<p>\u00dcgyelj r\u00e1, hogy a kerted t\u00f6bbi r\u00e9sze is illeszkedjen a medenc\u00e9hez: sok z\u00f6ldet \u00e9s d\u00edszk\u00f6veket haszn\u00e1lj, \u00edgy k\u00fcl\u00f6nleges text\u00far\u00e1kat kapsz.<\/p>\n<p>K\u00eds\u00e9rletezz a medence form\u00e1j\u00e1val is \u2013 lehet ak\u00e1r t\u00e9glalap vagy egyedi alak\u00fa, de fontos, hogy tart\u00f3s anyagot v\u00e1lassz, p\u00e9ld\u00e1ul <strong>vinyl<\/strong>-t vagy <strong>\u00fcvegsz\u00e1lat<\/strong>.<\/p>\n<p>Ha szeretn\u00e9d, hogy kicsik \u00e9s nagyok is j\u00f3l \u00e9rezz\u00e9k magukat, gondolkodj ugr\u00f3deszk\u00e1ban vagy v\u00edzics\u00faszd\u00e1ban. Ezek a kreat\u00edv \u00f6tletek egyszerre praktikusak \u00e9s st\u00edlusosak, \u00edgy a saj\u00e1t kertedben alak\u00edthatsz ki egy bar\u00e1ts\u00e1gos, szem\u00e9lyre szabott medenc\u00e9s mened\u00e9ket.<\/p>\n<\/details><details class=\"g-accordion \"><summary><h3>Hogyan tehetem vonz\u00f3bb\u00e1 a f\u00f6ld feletti medenc\u00e9met?<\/h3><\/summary>\n<p>Ha szebb\u00e9 szeretn\u00e9d var\u00e1zsolni a f\u00f6ld feletti medenc\u00e9det, figyelj oda a k\u00f6rnyezet kialak\u00edt\u00e1s\u00e1ra is! \u00dcltess vir\u00e1gokat, bokrokat, d\u00edszk\u00f6veket a medence k\u00f6r\u00e9\u2014ez \u00e9lettel t\u00f6lti meg a teret. Egy terasz szuper \u00f6tlet lehet: feldobja a l\u00e1tv\u00e1nyt, \u00e9s k\u00e9nyelmes helyet ad a pihen\u00e9shez vagy a bar\u00e1tokkal val\u00f3 id\u0151t\u00f6lt\u00e9shez. Olyan anyagokat v\u00e1lassz ehhez, amelyek passzolnak a kerted st\u00edlus\u00e1hoz, hogy egys\u00e9ges legyen az \u00f6sszhat\u00e1s.<\/p>\n<p><strong>A vil\u00e1g\u00edt\u00e1s nagyon sokat sz\u00e1m\u00edt a hangulat szempontj\u00e1b\u00f3l;<\/strong> haszn\u00e1lj napelemes vagy f\u00e9nyf\u00fcz\u00e9rt az esti id\u0151szakhoz. Ezek nemcsak a ter\u00fcletet vil\u00e1g\u00edtj\u00e1k meg, hanem meghitt, bar\u00e1ts\u00e1gos l\u00e9gk\u00f6rt teremtenek a medence k\u00f6r\u00fcl.<\/p>\n<p>D\u00edsz\u00edtheted a teret t\u00e9m\u00e1hoz ill\u0151 t\u00e1bl\u00e1kkal vagy diz\u00e1jnos kerti b\u00fatorokkal is, \u00edgy egyszerre lesz l\u00e1tv\u00e1nyos \u00e9s praktikus a medence k\u00f6rnyezete. K\u00e9nyelmes nyug\u00e1gyakkal \u00e9s asztalokkal igazi pihen\u0151sarkot alak\u00edthatsz ki. Sz\u00ednes cserepes n\u00f6v\u00e9nyekkel pedig \u00fajabb sz\u00edneket vihetsz az \u00f6sszk\u00e9pbe.<\/p>\n<p><strong>Ha igaz\u00e1n kreat\u00edv szeretn\u00e9l lenni, pr\u00f3b\u00e1lj ki m\u00f3k\u00e1s megold\u00e1sokat, p\u00e9ld\u00e1ul felf\u00fajhat\u00f3 medencelej\u00e1r\u00f3kat vagy k\u00fcl\u00f6nleges l\u00e9pcs\u0151ket a medenc\u00e9hez.<\/strong> Ha j\u00f3l \u00e1tgondolod a r\u00e9szleteket, a f\u00f6ld feletti medenc\u00e9d igazi \u00e9ke lehet a kertednek.<\/p>\n<\/details><details class=\"g-accordion \"><summary><h3>Melyek a legjobb kert\u00e9p\u00edt\u00e9si \u00f6tletek f\u00f6ld feletti medenc\u00e9hez?<\/h3><\/summary>\n<p>Ha szeretn\u00e9d szebb\u00e9 tenni a medenc\u00e9d k\u00f6r\u00fcli r\u00e9szt, \u00e9rdemes <strong>n\u00f6v\u00e9nyeket, vir\u00e1gokat \u00e9s dekor\u00e1ci\u00f3kat<\/strong> v\u00e1lasztani, hogy h\u00edvogat\u00f3bb legyen az \u00f6sszhat\u00e1s. A sz\u00ednes vir\u00e1gok \u00e9s a buja z\u00f6ld n\u00f6v\u00e9nyek sok energi\u00e1t \u00e9s \u00e9letet visznek a k\u00f6rnyezetbe. Ha szereted a rendezett megjelen\u00e9st, haszn\u00e1lj <strong>d\u00edszk\u00f6vet vagy kavicsot<\/strong> a medence k\u00f6r\u00e9.<\/p>\n<p>Egy <strong>fa terasz<\/strong> is remek v\u00e1laszt\u00e1s: \u00f6sszek\u00f6ti a medenc\u00e9t a kerttel, \u00e9s plusz helyet ad a pihen\u00e9shez. Persze olyan anyagokat \u00e9rdemes v\u00e1lasztani, amelyek passzolnak a kerthez, hogy sz\u00e9p, egys\u00e9ges legyen minden. A terasz nemcsak a k\u00e9nyelmet n\u00f6veli, de stabil fel\u00fcletet is ad a medenc\u00e9hez val\u00f3 biztons\u00e1gos k\u00f6zleked\u00e9sre.<\/p>\n<p>K\u00fcl\u00f6nb\u00f6z\u0151 m\u00e9ret\u0171 \u00e9s form\u00e1j\u00fa cserepes n\u00f6v\u00e9nyekkel m\u00e9g izgalmasabb\u00e1, sz\u00ednesebb\u00e9 teheted a teret. Olyan n\u00f6v\u00e9nyeket v\u00e1lassz, amik b\u00edrj\u00e1k az adott \u00e9ghajlatot, \u00edgy kevesebb gondod lesz vel\u00fck. D\u00edsz\u00edtsd a medence k\u00f6rny\u00e9k\u00e9t eleg\u00e1ns kerti b\u00fatorokkal vagy t\u00e9m\u00e1hoz ill\u0151 t\u00e1bl\u00e1kkal\u2013 \u00edgy egyszerre lesz sz\u00e9p \u00e9s k\u00e9nyelmes is a t\u00e9r.<\/p>\n<p><strong>Ha mindezeket figyelembe veszed, a f\u00f6ld feletti medenc\u00e9d egy st\u00edlusos, praktikus o\u00e1ziss\u00e1 v\u00e1ltozik a saj\u00e1t kertedben.<\/strong><\/p>\n<\/details><details class=\"g-accordion \"><summary><h3>Miben seg\u00edthetnek a cserepes n\u00f6v\u00e9nyek \u00e9s vir\u00e1gok a medence k\u00f6r\u00fcl?<\/h3><\/summary>\n<p>Ha szeretn\u00e9d szebb\u00e9 \u00e9s \u00e9l\u0151bb\u00e9 tenni a medenc\u00e9d k\u00f6rny\u00e9k\u00e9t, helyezz el cserepes n\u00f6v\u00e9nyeket \u00e9s vir\u00e1gokat! Ezek friss sz\u00ednt \u00e9s \u00e9letet visznek a t\u00e9rbe, mintha egy kis kert k\u00f6sz\u00f6ntene m\u00e1r indul\u00e1skor is. Fontos, hogy olyan n\u00f6v\u00e9nyeket v\u00e1lassz, amelyek j\u00f3l \u00e9rzik magukat a saj\u00e1t \u00e9ghajlatodban, \u00edgy k\u00f6nny\u0171 \u0151ket gondozni.<\/p>\n<p><strong>A cserepes n\u00f6v\u00e9nyekben az a j\u00f3, hogy b\u00e1rmikor \u00e1trendezheted \u0151ket.<\/strong> Meguntad az elrendez\u00e9st, vagy \u00faj szezont szeretn\u00e9l? Csak fogd, \u00e9s tedd m\u00e1shova a cserepeseket! Ezzel egyszer\u0171en k\u00eds\u00e9rletezhetsz, am\u00edg meg nem tal\u00e1lod az igazi hangulatot. Feldobhatod a l\u00e1tv\u00e1nyt, ha t\u00f6bbf\u00e9le m\u00e9ret\u0171 \u00e9s sz\u00edn\u0171 kasp\u00f3t haszn\u00e1lsz egym\u00e1s mellett.<\/p>\n<p><strong>A vir\u00e1gok igazi sz\u00ednbomb\u00e1k a medence k\u00f6r\u00fcl<\/strong>\u2013 \u00e9l\u00e9nkebb\u00e9, vid\u00e1mabb\u00e1 teszik a kertedet. Kombin\u00e1lhatod \u0151ket d\u00edszk\u00f6vekkel vagy kaviccsal, hogy m\u00e9g egys\u00e9gesebb legyen a l\u00e1tv\u00e1ny. Ha olyan n\u00f6v\u00e9nyeket v\u00e1lasztasz, amelyek illenek az otthonodhoz \u00e9s k\u00f6rnyezetedhez, eg\u00e9sz \u00e9vben ragyog\u00f3 lesz a medenc\u00e9d k\u00f6rny\u00e9ke, \u00e9s nem lesz vele sok dolgod.<\/p>\n<p>A cserepes n\u00f6v\u00e9nyeket ak\u00e1r term\u00e9szetes parav\u00e1nk\u00e9nt is haszn\u00e1lhatod, p\u00e9ld\u00e1ul az \u00fcl\u0151helyek mell\u00e9 vagy a telek sz\u00e9l\u00e9re. \u00cdgy egy kis elvonul\u00e1st is biztos\u00edtanak, mik\u00f6zben gy\u00f6ny\u00f6rk\u00f6dhetsz is benn\u00fck a saj\u00e1t kertedben.<\/p>\n<\/details><details class=\"g-accordion \"><summary><h3>Milyen dekor\u00e1ci\u00f3kkal lehet feldobni a f\u00f6ld feletti medenc\u00e9t?<\/h3><\/summary>\n<p>K\u00fcl\u00f6nleges dekor\u00e1ci\u00f3kkal igaz\u00e1n bar\u00e1ts\u00e1gos \u00e9s l\u00e1tv\u00e1nyos lesz a f\u00f6ld feletti medenc\u00e9d! Pr\u00f3b\u00e1lj ki vicces vagy kreat\u00edv t\u00e1bl\u00e1kat, hogy vid\u00e1mabb\u00e1 tedd a medence k\u00f6rnyezet\u00e9t. Haszn\u00e1lj egyedi vil\u00e1g\u00edt\u00e1sokat, p\u00e9ld\u00e1ul napelemes vagy LED-es l\u00e1mp\u00e1kat, amelyek k\u00fcl\u00f6n\u00f6sen hangulatosak lehetnek az esti f\u00fcrd\u0151z\u00e9sekhez.<\/p>\n<p>K\u00e9nyelmes k\u00fclt\u00e9ri b\u00fatorokat, p\u00e9ld\u00e1ul nyug\u00e1gyakat \u00e9s asztalokat is elhelyezhetsz a medence mellett \u2013 ezek nemcsak praktikusak, de seg\u00edtenek abban is, hogy igazi k\u00f6z\u00f6ss\u00e9gi t\u00e9rr\u00e9 v\u00e1ltoztasd a medenc\u00e9t. Dekorat\u00edv kavicsok vagy d\u00edszk\u00f6vek szint\u00e9n feldobj\u00e1k a l\u00e1tv\u00e1nyt, r\u00e1ad\u00e1sul cs\u00f6kkentik a cs\u00fasz\u00e1svesz\u00e9lyt.<\/p>\n<ul>\n<li>K\u00eds\u00e9rletezz bark\u00e1csdekor\u00e1ci\u00f3val, p\u00e9ld\u00e1ul k\u00e9sz\u00edts felf\u00fajhat\u00f3 medencelej\u00e1r\u00f3t vagy egyedi l\u00e9pcs\u0151ket,<\/li>\n<li>figyelj arra, hogy a dekor\u00e1ci\u00f3 egyszerre legyen sz\u00e9p \u00e9s k\u00f6nnyen haszn\u00e1lhat\u00f3,<\/li>\n<li>v\u00e1logass olyan sz\u00ednes cserepes n\u00f6v\u00e9nyeket, amik j\u00f3l \u00e9rzik magukat a te \u00e9ghajlatodon, \u00edgy egyszer\u0171 lesz a gondoz\u00e1suk.<\/li>\n<\/ul>\n<p>A j\u00f3l elhelyezett n\u00f6v\u00e9nyek m\u00e9g t\u00f6bb \u00e9letet visznek a kertbe, \u00e9s ak\u00e1r term\u00e9szetes bel\u00e1t\u00e1sg\u00e1tl\u00f3k\u00e9nt is szolg\u00e1lnak. Ha j\u00f3l \u00f6sszev\u00e1logatod a dekor\u00e1ci\u00f3kat, a medenc\u00e9d gyorsan a kerted \u00e9kszere lesz!<\/p>\n<\/details><details class=\"g-accordion \"><summary><h3>Milyen vil\u00e1g\u00edt\u00e1si lehet\u0151s\u00e9gek vannak f\u00f6ld feletti medenc\u00e9khez?<\/h3><\/summary>\n<p>A f\u00f6ld feletti medence <strong>biztons\u00e1g\u00e1t<\/strong> \u00e9s hangulat\u00e1t is nagyban meghat\u00e1rozza a megfelel\u0151 vil\u00e1g\u00edt\u00e1s. A <strong>napelemes l\u00e1mp\u00e1k<\/strong> energiatakar\u00e9kosak \u00e9s k\u00f6nnyen elhelyezhet\u0151k a medence k\u00f6r\u00fcl \u2014 \u00edgy t\u00f6bb f\u00e9nyt kapsz, de nem n\u0151 a villanysz\u00e1mla. Ha \u00e9l\u00e9nkebb, sz\u00ednesebb hat\u00e1st szeretn\u00e9l, <strong>LED-es l\u00e1mp\u00e1kat<\/strong> is haszn\u00e1lhatsz, ezek v\u00edz alatt \u00e9s felett is m\u0171k\u00f6dnek.<\/p>\n<ul>\n<li>Ha esti bulit rendezel,<\/li>\n<li>f\u00e9nyf\u00fcz\u00e9reket is akaszthatsz a medence f\u00f6l\u00e9 \u2014 ett\u0151l igaz\u00e1n \u00fcnnepi lesz a hangulat,<\/li>\n<li>ezek a vil\u00e1g\u00edt\u00e1sok nemcsak a l\u00e1t\u00e1st seg\u00edtik,<\/li>\n<li>de sokkal hangulatosabb\u00e1 teszik a kertedet,<\/li>\n<li>\u00e9s az esti f\u00fcrd\u0151z\u00e9st is biztons\u00e1gosabb\u00e1, \u00e9lvezetesebb\u00e9 var\u00e1zsolj\u00e1k.<\/li>\n<\/ul>\n<\/details> <details class=\"g-accordion \"><summary><h3>Milyen medencekieg\u00e9sz\u00edt\u0151k tehetik \u00e9lvezetesebb\u00e9 a f\u00f6ld feletti medenc\u00e9det?<\/h3><\/summary>  <\/p>\n<p>A f\u00f6ld feletti medenc\u00e9d k\u00e9nyelm\u00e9t k\u00f6nnyen fokozhatod a megfelel\u0151 kieg\u00e9sz\u00edt\u0151kkel. K\u00e9pzeld el, ahogy egy v\u00edzen lebeg\u0151 matracon napozol, mik\u00f6zben lassan ringat\u00f3zol a v\u00edz felsz\u00edn\u00e9n. Ha szereted a j\u00e1t\u00e9kos kih\u00edv\u00e1sokat, szerelj fel <strong>kos\u00e1rlabdapal\u00e1nkot<\/strong> vagy <strong>r\u00f6plabdah\u00e1l\u00f3t<\/strong>; \u00edgy az \u00fasz\u00e1sb\u00f3l izgalmas j\u00e1t\u00e9kk\u00e1 v\u00e1lik minden alkalom.<\/p>\n<p><strong>A biztons\u00e1g<\/strong> mindig kulcsfontoss\u00e1g\u00fa. Egy massz\u00edv <strong>l\u00e9tra vagy l\u00e9pcs\u0151<\/strong> megk\u00f6nny\u00edti a ki- \u00e9s besz\u00e1ll\u00e1st, \u00edgy mindenki biztons\u00e1gosan haszn\u00e1lhatja a medenc\u00e9t. Egy j\u00f3 min\u0151s\u00e9g\u0171 <strong>medencetakar\u00f3<\/strong> seg\u00edt meg\u0151rizni a v\u00edz h\u0151m\u00e9rs\u00e9klet\u00e9t \u00e9s tisztas\u00e1g\u00e1t \u2013 ez egyszerre cs\u00f6kkenti a h\u0151vesztes\u00e9get \u00e9s a takar\u00edt\u00e1sra ford\u00edtott id\u0151t. Ne feledkezz meg a vid\u00e1m felf\u00fajhat\u00f3kr\u00f3l sem; a hatalmas \u00fasz\u00f3gumik vagy m\u00f3k\u00e1s matracok j\u00e1t\u00e9kos, j\u00f3kedv\u0171 hangulatot var\u00e1zsolnak a medenc\u00e9s napokra.<\/p>\n<ul>\n<li>a v\u00edzpartra tehet\u0151, t\u00f6r\u00f6lk\u00f6z\u0151knek \u00e9s j\u00e1t\u00e9koknak kialak\u00edtott t\u00e1rol\u00f3 rendet tart,<\/li>\n<li>k\u00e9nyelmesebb\u00e9 teszi a medence k\u00f6rny\u00e9k\u00e9t,<\/li>\n<li>s\u0151t, sokkal praktikusabb\u00e1 is teszi az eg\u00e9sz medenc\u00e9s r\u00e9szt.<\/li>\n<\/ul>\n<\/details>  <\/p>\n<details class=\"g-accordion \"><summary><h3>Hogyan tervezhetsz modern kertet f\u00f6ld feletti medenc\u00e9vel?<\/h3><\/summary>  <\/p>\n<p>Egy modern kert meg\u00e1lmod\u00e1sa f\u00f6ld feletti medenc\u00e9vel a st\u00edlus \u00e9s a praktikum \u00f6sszehangol\u00e1s\u00e1r\u00f3l sz\u00f3l. Kezdd azzal, hogy olyan medenceform\u00e1t v\u00e1lasztasz, ami illik a kertedbe \u2013 lehet klasszikus t\u00e9glalap, vagy ak\u00e1r egyedi tervez\u00e9s is. <strong>Tart\u00f3s alapanyagokkal, p\u00e9ld\u00e1ul \u00fcvegsz\u00e1llal vagy vinyllel<\/strong> k\u00f6nny\u0171 a karbantart\u00e1s is.<\/p>\n<p>\u00c9p\u00edttess a medence mell\u00e9 letisztult, m\u0171anyag vagy fa kompozitb\u00f3l k\u00e9sz\u00fclt teraszt. Ezek a burkolatok alig ig\u00e9nyelnek t\u00f6r\u0151d\u00e9st, sz\u00e9pen \u00f6sszekapcsolj\u00e1k a medenc\u00e9t a kert t\u00f6bbi r\u00e9sz\u00e9vel, \u00e9s extra helyet teremtenek pihen\u00e9shez vagy \u00f6sszej\u00f6vetelekhez.<\/p>\n<p>A pihen\u00e9shez v\u00e1lassz modern, egyszer\u0171 formavil\u00e1g\u00fa kerti b\u00fatorokat; ezzel h\u00edvogat\u00f3, k\u00e9nyelmes k\u00f6rnyezetet teremthetsz a v\u00edzparton. A semleges \u00e1rnyalatok letisztult hat\u00e1st keltenek, de feldobhatod a hangulatot p\u00e1r sz\u00ednes p\u00e1rn\u00e1val vagy cserepes n\u00f6v\u00e9nnyel.<\/p>\n<p>Okos megold\u00e1sokkal a kert m\u00e9g k\u00e9nyelmesebb lehet: <strong>automatiz\u00e1lt vil\u00e1g\u00edt\u00e1si rendszerrel<\/strong> k\u00f6nnyed\u00e9n szab\u00e1lyozhatod a f\u00e9nyeket a hangulathoz igaz\u00edtva. Be\u00e9p\u00edtett LED-l\u00e1mp\u00e1kkal a medenc\u00e9d leny\u0171g\u00f6z\u0151en mutat majd est\u00e9nk\u00e9nt.<\/p>\n<p>V\u00e1lassz kev\u00e9s gondoz\u00e1st ig\u00e9nyl\u0151 n\u00f6v\u00e9nyeket, amelyek feldobj\u00e1k \u00e9s egyedibb\u00e9 teszik a kertet. Kaviccsal vagy d\u00edszk\u00f6vekkel rendezett \u00e1gy\u00e1sokkal \u00e1tl\u00e1that\u00f3 lesz a k\u00f6rnyezet, a talaj v\u00edzelvezet\u00e9se is javul. <strong>Ha minden ilyen r\u00e9szletre odafigyelsz, igazi, modern o\u00e1zist var\u00e1zsolhatsz a kertedb\u0151l, amit a f\u00f6ld feletti medence koron\u00e1z meg.<\/strong><\/p>\n<\/details>\n<details class=\"g-accordion \"><summary><h3>Milyen el\u0151nyei vannak, ha teraszt \u00e9p\u00edtesz a f\u00f6ld feletti medenc\u00e9dhez?<\/h3><\/summary>  <\/p>\n<p>Egy f\u00f6ld feletti medenc\u00e9hez csatlakoz\u00f3 terasz sok \u00f6r\u00f6met \u00e9s hasznot rejt: igazi o\u00e1zist teremthetsz a h\u00e1ts\u00f3 udvarban. Az egyik legnagyobb el\u0151ny a k\u00e9nyelmesebb \u00e9s biztons\u00e1gosabb haszn\u00e1lat. <strong>Ha stabil, s\u00edk fel\u00fcletr\u0151l l\u00e9phetsz be vagy ki, sokkal kisebb a megcs\u00fasz\u00e1s vagy es\u00e9s vesz\u00e9lye \u2013 ez f\u0151leg akkor l\u00e9nyeges, ha gyerekek vagy id\u0151sebbek is haszn\u00e1lj\u00e1k a medenc\u00e9t.<\/strong><\/p>\n<p>A biztons\u00e1g mellett a terasz kib\u0151v\u00edti a kerti \u00e9letteret; \u00edgy k\u00e9nyelmesen lehet pihenni vagy vend\u00e9geket fogadni:<\/p>\n<ul>\n<li>napoz\u00f3\u00e1gyak \u00e9s asztalok is elf\u00e9rnek, nyugodtan pihenhetsz a medence mellett,<\/li>\n<li>k\u00f6nnyebb medenceparti programokat vagy bulikat szervezni,<\/li>\n<li>\u00e9s egyszer\u0171en \u00e1t tudsz s\u00e9t\u00e1lni a kert t\u00f6bbi r\u00e9sz\u00e9be.<\/li>\n<\/ul>\n<p>L\u00e1tv\u00e1nyra is sokat sz\u00e1m\u00edt a terasz: szebb\u00e9 var\u00e1zsolja a medence k\u00f6rny\u00e9k\u00e9t, j\u00f3l illik a vir\u00e1gokhoz, cserj\u00e9khez. Ha olyan anyagokat v\u00e1lasztasz, amelyek passzolnak a kerted st\u00edlus\u00e1hoz, igaz\u00e1n harmonikus lesz az \u00f6sszk\u00e9p.<\/p>\n<p>Praktikus szempontb\u00f3l sincs okod agg\u00f3dni: <strong>a terasz ak\u00e1r t\u00e1rol\u00f3helyk\u00e9nt is szolg\u00e1l, p\u00e9ld\u00e1ul a t\u00f6r\u00f6lk\u00f6z\u0151knek vagy felf\u00fajhat\u00f3 j\u00e1t\u00e9koknak<\/strong>. Ha id\u0151t\u00e1ll\u00f3, <strong>kompozit faanyagot<\/strong> v\u00e1lasztasz, nem kell sokat bajl\u00f3dni a fel\u00fclettel, \u00e9s j\u00f3l b\u00edrja az id\u0151j\u00e1r\u00e1s v\u00e1ltoz\u00e1sait is.<\/p>\n<p><strong>Egy j\u00f3l meg\u00e9p\u00edtett terasz fokozza a k\u00e9nyelmet, a biztons\u00e1got, \u00e9s m\u00e9g szebb\u00e9, praktikusabb\u00e1 teszi a kertet a f\u00f6ld feletti medenc\u00e9vel egy\u00fctt.<\/strong><\/p>\n<\/details>\n<details class=\"g-accordion \"><summary><h3>Hogyan eg\u00e9sz\u00edtheti ki a terasz diz\u00e1jn a f\u00f6ld feletti medenc\u00e9t?<\/h3><\/summary>  <\/p>\n<p>A terasz megjelen\u00e9se \u00e9s kialak\u00edt\u00e1sa rengeteget dobhat a f\u00f6ld feletti medence hangulat\u00e1n \u2013 f\u0151leg, ha st\u00edlusban \u00e9s anyagban is illik hozz\u00e1. <strong>A f\u00e1b\u00f3l k\u00e9sz\u00fclt teraszok<\/strong> term\u00e9szetes, otthonos hangulatot \u00e1rasztanak a kertben, m\u00edg a <strong>kompozit megold\u00e1sok<\/strong> modern, letisztult k\u00fclsej\u00fckkel kev\u00e9s karbantart\u00e1st ig\u00e9nyelnek.<\/p>\n<p>Ha be\u00e9p\u00edtett \u00fcl\u0151helyeket vagy vir\u00e1gl\u00e1d\u00e1kat teszel a teraszra, m\u00e9g k\u00e9nyelmesebb \u00e9s szebb lesz a k\u00f6rnyezet.<\/p>\n<ul>\n<li>Az \u00fcl\u0151r\u00e9szek t\u00f6k\u00e9letesek pihen\u00e9shez vagy besz\u00e9lget\u00e9shez,<\/li>\n<li>a n\u00f6v\u00e9nyek feldobj\u00e1k a z\u00f6ld k\u00f6rnyezetet, j\u00f3l illeszkednek a t\u00f6bbi kertbe \u00fcltetett n\u00f6v\u00e9nyhez,<\/li>\n<li>\u00e9s ha r\u00e1csos t\u00e9relv\u00e1laszt\u00f3t vagy egyedi korl\u00e1tokat is elhelyezel, m\u00e9g divatosabb \u00e9s priv\u00e1tabb lesz a medence k\u00f6rny\u00e9ke.<\/li>\n<\/ul>\n<p>K\u00fcl\u00f6nf\u00e9le teraszform\u00e1kkal \u2013 p\u00e9ld\u00e1ul k\u00f6rbej\u00e1rhat\u00f3 vagy t\u00f6bb szintes kialak\u00edt\u00e1ssal \u2013 meghat\u00e1rozhatod, hov\u00e1 szeretn\u00e9d a pihen\u0151-, \u00e9s hov\u00e1 a vend\u00e9gfogad\u00f3 r\u00e9szeket, r\u00e1ad\u00e1sul egyszer\u0171bben el\u00e9rhet\u0151 lesz a medence is. Ha a v\u00e1lasztott anyag \u00e9s st\u00edlus passzol a kertedhez, igaz\u00e1n egys\u00e9ges lesz az \u00f6sszhat\u00e1s.<\/p>\n<p><strong>\u00d6sszess\u00e9g\u00e9ben egy \u00e1tgondolt terasz nemcsak szebb\u00e9 teszi a f\u00f6ld feletti medenc\u00e9t, de k\u00e9nyelmes, h\u00edvogat\u00f3 teret is teremt, amely term\u00e9szetesen illeszkedik b\u00e1rmilyen kertben.<\/strong><\/p>\n<\/details>\n<details class=\"g-accordion \"><summary><h3>Melyek a legn\u00e9pszer\u0171bb anyagok a f\u00f6ld feletti medenc\u00e9khez \u00e9p\u00edtett teraszokhoz?<\/h3><\/summary>  <\/p>\n<p>Fontos, hogy olyan anyagot v\u00e1lassz, amely <strong>strapab\u00edr\u00f3<\/strong>, <strong>eszt\u00e9tikus<\/strong> \u00e9s <strong>k\u00f6nnyen karbantarthat\u00f3<\/strong>.<\/p>\n<ul>\n<li>a term\u00e9szetes fa \u00f6r\u00f6k favorit, kellemes, meghitt hangulatot teremt a kertben, viszont folyamatos \u00e1pol\u00e1st ig\u00e9nyel, hogy ellen\u00e1lljon az id\u0151j\u00e1r\u00e1s viszontags\u00e1gainak,<\/li>\n<li>a kompozit anyagok modern megold\u00e1st k\u00edn\u00e1lnak: nagyon tart\u00f3sak, szinte alig kell vel\u00fck foglalkozni, \u00fajrahasznos\u00edtott fa \u00e9s m\u0171anyag kever\u00e9k\u00e9b\u0151l k\u00e9sz\u00fclnek, j\u00f3l b\u00edrj\u00e1k a nedvess\u00e9get \u00e9s a bogarakat is,<\/li>\n<li>az alum\u00ednium szint\u00e9n j\u00f3 v\u00e1laszt\u00e1s: k\u00f6nny\u0171, nem rozsd\u00e1sodik, kifejezetten v\u00e1rosi, modern st\u00edlushoz passzol, f\u0151leg ha p\u00e1r\u00e1sabb, csapad\u00e9kosabb az id\u0151j\u00e1r\u00e1s a k\u00f6rny\u00e9ken.<\/li>\n<\/ul>\n<p>Minden anyagnak megvannak a maga el\u0151nyei:<\/p>\n<ul>\n<li><strong>a fa melegs\u00e9get, otthonoss\u00e1got ad<\/strong>,<\/li>\n<li><strong>a kompozit hossz\u00fa \u00e9vekig tart, kev\u00e9s munk\u00e1val<\/strong>,<\/li>\n<li><strong>az alum\u00ednium modern, letisztult, \u00e9s nagyon strapab\u00edr\u00f3<\/strong>.<\/li>\n<\/ul>\n<\/details>\n<details class=\"g-accordion \"><summary><h3>Milyen p\u00e9nzt\u00e1rcabar\u00e1t \u00f6tletek seg\u00edtenek feldobni a f\u00f6ld feletti medenc\u00e9det?<\/h3><\/summary>  <\/p>\n<p>A f\u00f6ld feletti medenc\u00e9d k\u00f6rny\u00e9ke kis k\u00f6lts\u00e9gb\u0151l is lehet bar\u00e1ts\u00e1gosabb \u00e9s hangulatosabb. Szerezz cserepes n\u00f6v\u00e9nyeket a medence k\u00f6r\u00e9 \u2013 ezek feldobj\u00e1k a l\u00e1tv\u00e1nyt, sz\u00ednt \u00e9s \u00e9letet visznek a t\u00e9rbe. V\u00e1lassz olyan er\u0151s, id\u0151j\u00e1r\u00e1s-\u00e1ll\u00f3 n\u00f6v\u00e9nyeket, amik kev\u00e9s gondoz\u00e1st ig\u00e9nyelnek. Hangulatos, k\u00f6rnyezetbar\u00e1t megvil\u00e1g\u00edt\u00e1st adnak az egyszer\u0171 <strong>szol\u00e1r l\u00e1mp\u00e1k<\/strong> is az esti \u00f3r\u00e1kban.<\/p>\n<p><strong>Egyedi d\u00edszekkel is sokat jav\u00edthatsz a hangulaton<\/strong>; p\u00e9ld\u00e1ul v\u00e1lassz vid\u00e1m, t\u00e9m\u00e1hoz ill\u0151 t\u00e1bl\u00e1kat vagy kinti sz\u0151nyegeket. Saj\u00e1t kez\u0171leg is k\u00e9sz\u00edthetsz olcs\u00f3n kieg\u00e9sz\u00edt\u0151ket \u2013 p\u00e9ld\u00e1ul egy egyszer\u0171, olcs\u00f3 anyagb\u00f3l k\u00e9sz\u00fclt terasz vagy fa pihen\u0151 r\u00e9szt, amivel k\u00e9nyelmesebb\u00e9, k\u00f6nnyebben el\u00e9rhet\u0151v\u00e9 teheted a medenc\u00e9t.<\/p>\n<ul>\n<li>Olcs\u00f3 kerti b\u00fatorokb\u00f3l kialak\u00edthatsz egy k\u00e9nyelmes \u00fcl\u0151r\u00e9szt a v\u00edzparton,<\/li>\n<li>n\u00e9zz sz\u00e9t akci\u00f3s sz\u00e9kek, padok k\u00f6z\u00f6tt \u2013 v\u00e1lassz olyat, ami passzol a medenc\u00e9d st\u00edlus\u00e1hoz,<\/li>\n<li>vid\u00e1m, sz\u00ednes felf\u00fajhat\u00f3 j\u00e1t\u00e9kok pedig kis k\u00f6lts\u00e9gb\u0151l is j\u00f3kedvet visznek a medenc\u00e9hez.<\/li>\n<\/ul>\n<p><strong>Ezek az egyszer\u0171 \u00f6tletek nemcsak szebb\u00e9, de m\u00e9g k\u00e9nyelmesebb\u00e9 \u00e9s izgalmasabb\u00e1 is teszik a medenc\u00e9s sarkot, \u00edgy fill\u00e9rekb\u0151l teremthetsz igazi pihen\u0151s o\u00e1zist a kertedben.<\/strong><\/p>\n<\/details>\n","protected":false},"excerpt":{"rendered":"<p>Egy kreat\u00edvan kialak\u00edtott felsz\u00edni medenc\u00e9vel nemcsak st\u00edlust \u00e9s praktikuss\u00e1got, hanem saj\u00e1t szem\u00e9lyis\u00e9gedet is beleviheted a kertedbe. Egy f\u00e1b\u00f3l k\u00e9sz\u00fclt k\u00f6r\u00fclj\u00e1rhat\u00f3 terasz k\u00f6nnyebben el\u00e9rhet\u0151v\u00e9 teszi a medenc\u00e9t, m\u00edg \u00e9l\u00e9nk sz\u00ednes cserepes n\u00f6v\u00e9nyek vid\u00e1ms\u00e1got \u00e9s \u00e9letet visznek az eg\u00e9sz kertbe. Rengeteg \u00f6tlet l\u00e9tezik, hogy hangulatosabb\u00e1 \u00e9s vonz\u00f3bb\u00e1 tedd a medence k\u00f6rny\u00e9k\u00e9t. A vil\u00e1g\u00edt\u00e1s nagyon sokat sz\u00e1m\u00edt a hangulat megteremt\u00e9s\u00e9ben. A napelemes vagy&hellip;<\/p>\n","protected":false},"author":12,"featured_media":3104,"comment_status":"closed","ping_status":"closed","sticky":false,"template":"","format":"standard","meta":{"rank_math_focus_keyword":"f\u00f6ldfelsz\u00edni medence \u00f6tletek","rank_math_title":"Legjobb f\u00f6ldfelsz\u00edni medence \u00f6tletek leny\u0171g\u00f6z\u0151 kert\u00e1talak\u00edt\u00e1shoz","rank_math_description":"Fedezd fel kreat\u00edv f\u00f6ldfelsz\u00edni medence \u00f6tleteket, amelyekkel st\u00edlusosan \u00e9s funkcion\u00e1lisan fejlesztheted k\u00fclt\u00e9ri teredet.","footnotes":""},"categories":[124,141],"tags":[],"class_list":["post-3129","post","type-post","status-publish","format-standard","has-post-thumbnail","hentry","category-kert","category-kulteri-dekoraciok"],"g_custom_schema_json":"<script type=\"application\/ld+json\">\n{\n  \"@context\": \"https:\/\/schema.org\",\n  \"@type\": \"FAQPage\",\n  \"mainEntity\": [\n    {\n      \"@type\": \"Question\",\n      \"name\": \"Milyen kreat\u00edv \u00f6tletek vannak f\u00f6ld feletti medenc\u00e9khez?\",\n      \"acceptedAnswer\": {\n        \"@type\": \"Answer\",\n        \"text\": \"Ha szeretn\u00e9d igaz\u00e1n k\u00fcl\u00f6nlegess\u00e9 var\u00e1zsolni a h\u00e1ts\u00f3 kertedet, rengeteg \u00f6tletes megold\u00e1s k\u00f6z\u00fcl v\u00e1laszthatsz f\u00f6ld feletti medence kialak\u00edt\u00e1s\u00e1hoz. \u00c9p\u00edts fa teraszt a medence k\u00f6r\u00e9 \u2013 \u00edgy k\u00f6nny\u0171 lesz a be- \u00e9s kisz\u00e1ll\u00e1s, r\u00e1ad\u00e1sul mutat\u00f3sabb\u00e1 is teszi a medenc\u00e9t. Helyezz vid\u00e1m, sz\u00ednes cserepes n\u00f6v\u00e9nyeket a k\u00f6rnyezet\u00e9be, hogy \u00e9let \u00e9s sz\u00ednek k\u00f6lt\u00f6zzenek a kertedbe.\"\n      }\n    },\n    {\n      \"@type\": \"Question\",\n      \"name\": \"Hogyan tehetem vonz\u00f3bb\u00e1 a f\u00f6ld feletti medenc\u00e9met?\",\n      \"acceptedAnswer\": {\n        \"@type\": \"Answer\",\n        \"text\": \"Ha szebb\u00e9 szeretn\u00e9d var\u00e1zsolni a f\u00f6ld feletti medenc\u00e9det, figyelj oda a k\u00f6rnyezet kialak\u00edt\u00e1s\u00e1ra is! \u00dcltess vir\u00e1gokat, bokrokat, d\u00edszk\u00f6veket a medence k\u00f6r\u00e9\u2014ez \u00e9lettel t\u00f6lti meg a teret. Egy terasz szuper \u00f6tlet lehet: feldobja a l\u00e1tv\u00e1nyt, \u00e9s k\u00e9nyelmes helyet ad a pihen\u00e9shez vagy a bar\u00e1tokkal val\u00f3 id\u0151t\u00f6lt\u00e9shez.\"\n      }\n    },\n    {\n      \"@type\": \"Question\",\n      \"name\": \"Melyek a legjobb kert\u00e9p\u00edt\u00e9si \u00f6tletek f\u00f6ld feletti medenc\u00e9hez?\",\n      \"acceptedAnswer\": {\n        \"@type\": \"Answer\",\n        \"text\": \"Ha szeretn\u00e9d szebb\u00e9 tenni a medenc\u00e9d k\u00f6r\u00fcli r\u00e9szt, \u00e9rdemes n\u00f6v\u00e9nyeket, vir\u00e1gokat \u00e9s dekor\u00e1ci\u00f3kat v\u00e1lasztani, hogy h\u00edvogat\u00f3bb legyen az \u00f6sszhat\u00e1s. A sz\u00ednes vir\u00e1gok \u00e9s a buja z\u00f6ld n\u00f6v\u00e9nyek sok energi\u00e1t \u00e9s \u00e9letet visznek a k\u00f6rnyezetbe. Ha szereted a rendezett megjelen\u00e9st, haszn\u00e1lj d\u00edszk\u00f6vet vagy kavicsot a medence k\u00f6r\u00e9.\"\n      }\n    },\n    {\n      \"@type\": \"Question\",\n      \"name\": \"Miben seg\u00edthetnek a cserepes n\u00f6v\u00e9nyek \u00e9s vir\u00e1gok a medence k\u00f6r\u00fcl?\",\n      \"acceptedAnswer\": {\n        \"@type\": \"Answer\",\n        \"text\": \"Ha szeretn\u00e9d szebb\u00e9 \u00e9s \u00e9l\u0151bb\u00e9 tenni a medenc\u00e9d k\u00f6rny\u00e9k\u00e9t, helyezz el cserepes n\u00f6v\u00e9nyeket \u00e9s vir\u00e1gokat! Ezek friss sz\u00ednt \u00e9s \u00e9letet visznek a t\u00e9rbe, mintha egy kis kert k\u00f6sz\u00f6ntene m\u00e1r indul\u00e1skor is. Fontos, hogy olyan n\u00f6v\u00e9nyeket v\u00e1lassz, amelyek j\u00f3l \u00e9rzik magukat a saj\u00e1t \u00e9ghajlatodban, \u00edgy k\u00f6nny\u0171 \u0151ket gondozni.\"\n      }\n    },\n    {\n      \"@type\": \"Question\",\n      \"name\": \"Milyen dekor\u00e1ci\u00f3kkal lehet feldobni a f\u00f6ld feletti medenc\u00e9t?\",\n      \"acceptedAnswer\": {\n        \"@type\": \"Answer\",\n        \"text\": \"K\u00fcl\u00f6nleges dekor\u00e1ci\u00f3kkal igaz\u00e1n bar\u00e1ts\u00e1gos \u00e9s l\u00e1tv\u00e1nyos lesz a f\u00f6ld feletti medenc\u00e9d! Pr\u00f3b\u00e1lj ki vicces vagy kreat\u00edv t\u00e1bl\u00e1kat, hogy vid\u00e1mabb\u00e1 tedd a medence k\u00f6rnyezet\u00e9t. Haszn\u00e1lj egyedi vil\u00e1g\u00edt\u00e1sokat, p\u00e9ld\u00e1ul napelemes vagy LED-es l\u00e1mp\u00e1kat, amelyek k\u00fcl\u00f6n\u00f6sen hangulatosak lehetnek az esti f\u00fcrd\u0151z\u00e9sekhez.\"\n      }\n    },\n    {\n      \"@type\": \"Question\",\n      \"name\": \"Milyen vil\u00e1g\u00edt\u00e1si lehet\u0151s\u00e9gek vannak f\u00f6ld feletti medenc\u00e9khez?\",\n      \"acceptedAnswer\": {\n        \"@type\": \"Answer\",\n        \"text\": \"A f\u00f6ld feletti medence biztons\u00e1g\u00e1t \u00e9s hangulat\u00e1t is nagyban meghat\u00e1rozza a megfelel\u0151 vil\u00e1g\u00edt\u00e1s. A napelemes l\u00e1mp\u00e1k energiatakar\u00e9kosak \u00e9s k\u00f6nnyen elhelyezhet\u0151k a medence k\u00f6r\u00fcl \u2014 \u00edgy t\u00f6bb f\u00e9nyt kapsz, de nem n\u0151 a villanysz\u00e1mla. Ha \u00e9l\u00e9nkebb, sz\u00ednesebb hat\u00e1st szeretn\u00e9l, LED-es l\u00e1mp\u00e1kat is haszn\u00e1lhatsz, ezek v\u00edz alatt \u00e9s felett is m\u0171k\u00f6dnek.\"\n      }\n    },\n    {\n      \"@type\": \"Question\",\n      \"name\": \"Milyen medencekieg\u00e9sz\u00edt\u0151k tehetik \u00e9lvezetesebb\u00e9 a f\u00f6ld feletti medenc\u00e9det?\",\n      \"acceptedAnswer\": {\n        \"@type\": \"Answer\",\n        \"text\": \"A f\u00f6ld feletti medenc\u00e9d k\u00e9nyelm\u00e9t k\u00f6nnyen fokozhatod a megfelel\u0151 kieg\u00e9sz\u00edt\u0151kkel. K\u00e9pzeld el, ahogy egy v\u00edzen lebeg\u0151 matracon napozol, mik\u00f6zben lassan ringat\u00f3zol a v\u00edz felsz\u00edn\u00e9n. Ha szereted a j\u00e1t\u00e9kos kih\u00edv\u00e1sokat, szerelj fel kos\u00e1rlabdapal\u00e1nkot vagy r\u00f6plabdah\u00e1l\u00f3t; \u00edgy az \u00fasz\u00e1sb\u00f3l izgalmas j\u00e1t\u00e9kk\u00e1 v\u00e1lik minden alkalom.\"\n      }\n    },\n    {\n      \"@type\": \"Question\",\n      \"name\": \"Hogyan tervezhetsz modern kertet f\u00f6ld feletti medenc\u00e9vel?\",\n      \"acceptedAnswer\": {\n        \"@type\": \"Answer\",\n        \"text\": \"Egy modern kert meg\u00e1lmod\u00e1sa f\u00f6ld feletti medenc\u00e9vel a st\u00edlus \u00e9s a praktikum \u00f6sszehangol\u00e1s\u00e1r\u00f3l sz\u00f3l. Kezdd azzal, hogy olyan medenceform\u00e1t v\u00e1lasztasz, ami illik a kertedbe \u2013 lehet klasszikus t\u00e9glalap, vagy ak\u00e1r egyedi tervez\u00e9s is. Tart\u00f3s alapanyagokkal, p\u00e9ld\u00e1ul \u00fcvegsz\u00e1llal vagy vinyllel k\u00f6nny\u0171 a karbantart\u00e1s is.\"\n      }\n    },\n    {\n      \"@type\": \"Question\",\n      \"name\": \"Milyen el\u0151nyei vannak, ha teraszt \u00e9p\u00edtesz a f\u00f6ld feletti medenc\u00e9dhez?\",\n      \"acceptedAnswer\": {\n        \"@type\": \"Answer\",\n        \"text\": \"Egy f\u00f6ld feletti medenc\u00e9hez csatlakoz\u00f3 terasz sok \u00f6r\u00f6met \u00e9s hasznot rejt: igazi o\u00e1zist teremthetsz a h\u00e1ts\u00f3 udvarban. Az egyik legnagyobb el\u0151ny a k\u00e9nyelmesebb \u00e9s biztons\u00e1gosabb haszn\u00e1lat. Ha stabil, s\u00edk fel\u00fcletr\u0151l l\u00e9phetsz be vagy ki, sokkal kisebb a megcs\u00fasz\u00e1s vagy es\u00e9s vesz\u00e9lye \u2013 ez f\u0151leg akkor l\u00e9nyeges, ha gyerekek vagy id\u0151sebbek is haszn\u00e1lj\u00e1k a medenc\u00e9t.\"\n      }\n    },\n    {\n      \"@type\": \"Question\",\n      \"name\": \"Hogyan eg\u00e9sz\u00edtheti ki a terasz diz\u00e1jn a f\u00f6ld feletti medenc\u00e9t?\",\n      \"acceptedAnswer\": {\n        \"@type\": \"Answer\",\n        \"text\": \"A terasz megjelen\u00e9se \u00e9s kialak\u00edt\u00e1sa rengeteget dobhat a f\u00f6ld feletti medence hangulat\u00e1n \u2013 f\u0151leg, ha st\u00edlusban \u00e9s anyagban is illik hozz\u00e1. A f\u00e1b\u00f3l k\u00e9sz\u00fclt teraszok term\u00e9szetes, otthonos hangulatot \u00e1rasztanak a kertben, m\u00edg a kompozit megold\u00e1sok modern, letisztult k\u00fclsej\u00fckkel kev\u00e9s karbantart\u00e1st ig\u00e9nyelnek.\"\n      }\n    },\n    {\n      \"@type\": \"Question\",\n      \"name\": \"Melyek a legn\u00e9pszer\u0171bb anyagok a f\u00f6ld feletti medenc\u00e9khez \u00e9p\u00edtett teraszokhoz?\",\n      \"acceptedAnswer\": {\n        \"@type\": \"Answer\",\n        \"text\": \"Fontos, hogy olyan anyagot v\u00e1lassz, amely strapab\u00edr\u00f3, eszt\u00e9tikus \u00e9s k\u00f6nnyen karbantarthat\u00f3. A term\u00e9szetes fa \u00f6r\u00f6k favorit, kellemes, meghitt hangulatot teremt a kertben, viszont folyamatos \u00e1pol\u00e1st ig\u00e9nyel, hogy ellen\u00e1lljon az id\u0151j\u00e1r\u00e1s viszontags\u00e1gainak.\"\n      }\n    },\n    {\n      \"@type\": \"Question\",\n      \"name\": \"Milyen p\u00e9nzt\u00e1rcabar\u00e1t \u00f6tletek seg\u00edtenek feldobni a f\u00f6ld feletti medenc\u00e9det?\",\n      \"acceptedAnswer\": {\n        \"@type\": \"Answer\",\n        \"text\": \"A f\u00f6ld feletti medenc\u00e9d k\u00f6rny\u00e9ke kis k\u00f6lts\u00e9gb\u0151l is lehet bar\u00e1ts\u00e1gosabb \u00e9s hangulatosabb. Szerezz cserepes n\u00f6v\u00e9nyeket a medence k\u00f6r\u00e9 \u2013 ezek feldobj\u00e1k a l\u00e1tv\u00e1nyt, sz\u00ednt \u00e9s \u00e9letet visznek a t\u00e9rbe. V\u00e1lassz olyan er\u0151s, id\u0151j\u00e1r\u00e1s-\u00e1ll\u00f3 n\u00f6v\u00e9nyeket, amik kev\u00e9s gondoz\u00e1st ig\u00e9nyelnek.\"\n      }\n    }\n  ]\n}\n<\/script>\n<script type=\"application\/ld+json\">\n{\n  \"@context\": \"https:\/\/schema.org\",\n  \"@type\": \"HowTo\",\n  \"name\": \"Hogyan alak\u00edts ki st\u00edlusos \u00e9s praktikus f\u00f6ld feletti medence k\u00f6rnyezetet?\",\n  \"description\": \"\u00datmutat\u00f3 kreat\u00edv \u00e9s praktikus \u00f6tletekhez, hogy a f\u00f6ld feletti medenc\u00e9d kerted \u00e9kk\u00f6ve legyen.\",\n  \"image\": [\n    \"https:\/\/doubletakedecor.com\/uploads\/2025\/07\/above-ground-pool-ideas-dtd-01.jpg\",\n    \"https:\/\/doubletakedecor.com\/uploads\/2025\/07\/above-ground-pool-ideas-dtd-02.jpg\",\n    \"https:\/\/doubletakedecor.com\/uploads\/2025\/07\/above-ground-pool-ideas-dtd-03.jpg\"\n  ],\n  \"step\": [\n    {\n      \"@type\": \"HowToStep\",\n      \"name\": \"V\u00e1lassz egyedi medenceform\u00e1t \u00e9s anyagot\",\n      \"text\": \"Gondolkodj el k\u00fcl\u00f6nb\u00f6z\u0151 medenceform\u00e1kban, p\u00e9ld\u00e1ul k\u00f6r vagy t\u00e9glalap alakban. Strapab\u00edr\u00f3 anyagokat, p\u00e9ld\u00e1ul vinyl vagy \u00fcvegsz\u00e1las megold\u00e1sokat is v\u00e1laszthatsz.\",\n      \"image\": \"https:\/\/doubletakedecor.com\/uploads\/2025\/07\/above-ground-pool-ideas-dtd-14.jpg\"\n    },\n    {\n      \"@type\": \"HowToStep\",\n      \"name\": \"\u00c9p\u00edts k\u00f6r\u00fclj\u00e1rhat\u00f3, f\u00e1b\u00f3l vagy kompozitb\u00f3l k\u00e9sz\u00fclt teraszt\",\n      \"text\": \"A k\u00f6r\u00fclj\u00e1rhat\u00f3 terasz k\u00f6nnyebb\u00e9 teszi a bejut\u00e1st \u00e9s l\u00e1tv\u00e1nyos \u00e1tmenetet ad a pihen\u0151helyhez.\",\n      \"image\": \"https:\/\/doubletakedecor.com\/uploads\/2025\/07\/above-ground-pool-ideas-dtd-08.jpg\"\n    },\n    {\n      \"@type\": \"HowToStep\",\n      \"name\": \"Dekor\u00e1ld \u00e9l\u00e9nk, sz\u00ednes cserepes n\u00f6v\u00e9nyekkel\",\n      \"text\": \"Cserepes n\u00f6v\u00e9nyek, vir\u00e1gz\u00f3 f\u00e1k \u00e9s bokrok vid\u00e1ms\u00e1got \u00e9s term\u00e9szetes hangulatot teremtenek.\",\n      \"image\": \"https:\/\/doubletakedecor.com\/uploads\/2025\/07\/above-ground-pool-ideas-dtd-10.jpg\"\n    },\n    {\n      \"@type\": \"HowToStep\",\n      \"name\": \"Haszn\u00e1lj hangulatos vil\u00e1g\u00edt\u00e1st\",\n      \"text\": \"A napelemes vagy LED l\u00e1mp\u00e1k nemcsak var\u00e1zslatos esti f\u00e9nyeket adnak, hanem biztons\u00e1gosabb\u00e1 is teszik a k\u00f6rnyezetet.\",\n      \"image\": \"https:\/\/doubletakedecor.com\/uploads\/2025\/07\/above-ground-pool-ideas-dtd-06.jpg\"\n    },\n    {\n      \"@type\": \"HowToStep\",\n      \"name\": \"Eg\u00e9sz\u00edtsd ki vicces dekor\u00e1ci\u00f3kkal \u00e9s k\u00e9nyelmes \u00fcl\u0151r\u00e9szekkel\",\n      \"text\": \"Dekor\u00e1ld a k\u00f6rnyezetet vicces feliratokkal, t\u00e9m\u00e1hoz ill\u0151 t\u00e1bl\u00e1kkal, k\u00e9nyelmes \u00fcl\u0151b\u00fatorokkal \u00e9s praktikus t\u00e1rol\u00f3val.\",\n      \"image\": \"https:\/\/doubletakedecor.com\/uploads\/2025\/07\/above-ground-pool-ideas-dtd-05.jpg\"\n    },\n    {\n      \"@type\": \"HowToStep\",\n      \"name\": \"Adj hozz\u00e1 kavicsos vagy d\u00edszk\u00f6ves szeg\u00e9lyt\",\n      \"text\": \"A kavicsos szeg\u00e9ly nemcsak eszt\u00e9tikus, hanem seg\u00edt a v\u00edzelvezet\u00e9sben is.\",\n      \"image\": \"https:\/\/doubletakedecor.com\/uploads\/2025\/07\/above-ground-pool-ideas-dtd-04.jpg\"\n    },\n    {\n      \"@type\": \"HowToStep\",\n      \"name\": \"Alak\u00edts ki pihen\u0151- \u00e9s \u00e9tkez\u0151sarkot a teraszon\",\n      \"text\": \"Hozz l\u00e9tre k\u00fcl\u00f6n r\u00e9szeket \u00e9tkez\u00e9shez, t\u00e1rsas\u00e1gi \u00e9lethez \u00e9s pihen\u00e9shez, k\u00e9nyelmes k\u00fclt\u00e9ri b\u00fatorokkal.\",\n      \"image\": \"https:\/\/doubletakedecor.com\/uploads\/2025\/07\/above-ground-pool-ideas-dtd-11.jpg\"\n    },\n    {\n      \"@type\": \"HowToStep\",\n      \"name\": \"Haszn\u00e1lj p\u00e9nzt\u00e1rcabar\u00e1t d\u00edsz\u00edt\u0151elemeket\",\n      \"text\": \"K\u00e9sz\u00edts saj\u00e1t kez\u0171leg dekor\u00e1ci\u00f3kat, haszn\u00e1lj kedvez\u0151 \u00e1r\u00fa b\u00fatorokat vagy sz\u00ednes text\u00edli\u00e1kat a vid\u00e1m hangulat\u00e9rt.\",\n      \"image\": \"https:\/\/doubletakedecor.com\/uploads\/2025\/07\/above-ground-pool-ideas-dtd-18.jpg\"\n    }\n  ],\n  \"totalTime\": \"P1D\",\n  \"tool\": [\n    {\n      \"@type\": \"HowToTool\",\n      \"name\": \"Kerti szersz\u00e1mok\"\n    },\n    {\n      \"@type\": \"HowToTool\",\n      \"name\": \"Elektromos csavarh\u00faz\u00f3\"\n    }\n  ],\n  \"supply\": [\n    {\n      \"@type\": \"HowToSupply\",\n      \"name\": \"Fa vagy kompozit teraszlapok\"\n    },\n    {\n      \"@type\": \"HowToSupply\",\n      \"name\": \"Cserepes n\u00f6v\u00e9nyek\"\n    },\n    {\n      \"@type\": \"HowToSupply\",\n      \"name\": \"Napelemes vagy LED l\u00e1mp\u00e1k\"\n    },\n    {\n      \"@type\": \"HowToSupply\",\n      \"name\": \"Dekor\u00e1ci\u00f3s t\u00e1bl\u00e1k\"\n    },\n    {\n      \"@type\": \"HowToSupply\",\n      \"name\": \"Kavics vagy d\u00edszk\u0151\"\n    },\n    {\n      \"@type\": \"HowToSupply\",\n      \"name\": \"K\u00fclt\u00e9ri b\u00fatorok\"\n    },\n    {\n      \"@type\": \"HowToSupply\",\n      \"name\": \"Text\u00edli\u00e1k, p\u00e1rn\u00e1k\"\n    }\n  ]\n}\n<\/script>","_links":{"self":[{"href":"https:\/\/doubletakedecor.com\/hu\/wp-json\/wp\/v2\/posts\/3129","targetHints":{"allow":["GET"]}}],"collection":[{"href":"https:\/\/doubletakedecor.com\/hu\/wp-json\/wp\/v2\/posts"}],"about":[{"href":"https:\/\/doubletakedecor.com\/hu\/wp-json\/wp\/v2\/types\/post"}],"author":[{"embeddable":true,"href":"https:\/\/doubletakedecor.com\/hu\/wp-json\/wp\/v2\/users\/12"}],"replies":[{"embeddable":true,"href":"https:\/\/doubletakedecor.com\/hu\/wp-json\/wp\/v2\/comments?post=3129"}],"version-history":[{"count":1,"href":"https:\/\/doubletakedecor.com\/hu\/wp-json\/wp\/v2\/posts\/3129\/revisions"}],"predecessor-version":[{"id":3130,"href":"https:\/\/doubletakedecor.com\/hu\/wp-json\/wp\/v2\/posts\/3129\/revisions\/3130"}],"wp:featuredmedia":[{"embeddable":true,"href":"https:\/\/doubletakedecor.com\/hu\/wp-json\/wp\/v2\/media\/3104"}],"wp:attachment":[{"href":"https:\/\/doubletakedecor.com\/hu\/wp-json\/wp\/v2\/media?parent=3129"}],"wp:term":[{"taxonomy":"category","embeddable":true,"href":"https:\/\/doubletakedecor.com\/hu\/wp-json\/wp\/v2\/categories?post=3129"},{"taxonomy":"post_tag","embeddable":true,"href":"https:\/\/doubletakedecor.com\/hu\/wp-json\/wp\/v2\/tags?post=3129"}],"curies":[{"name":"wp","href":"https:\/\/api.w.org\/{rel}","templated":true}]}}