{"id":3673,"date":"2025-07-27T22:37:14","date_gmt":"2025-07-27T20:37:14","guid":{"rendered":"https:\/\/doubletakedecor.com\/eloszoba\/nyaralo-veranda\/"},"modified":"2025-07-27T22:48:25","modified_gmt":"2025-07-27T20:48:25","slug":"nyaralo-veranda","status":"publish","type":"post","link":"https:\/\/doubletakedecor.com\/hu\/eloszoba\/nyaralo-veranda\/","title":{"rendered":"B\u00e1jos \u00f6tletek a nyaral\u00f3d verand\u00e1j\u00e1hoz"},"content":{"rendered":"<p>Egy vid\u00e9ki verand\u00e1n\u00e1l sokkal t\u00f6bbr\u0151l van sz\u00f3, mint egy \u00e9p\u00edt\u00e9szeti elemr\u0151l \u2013 ez az otthonod meghosszabb\u00edt\u00e1sa, ahol a benti k\u00e9nyelem tal\u00e1lkozik a k\u00fclt\u00e9ri b\u00e1jjal. N\u00e9h\u00e1ny \u00fcgyes \u00f6tlettel k\u00f6nnyen alak\u00edthatod kuck\u00f3s mened\u00e9kk\u00e9, ami t\u00f6k\u00e9letes ak\u00e1r egy halk olvas\u00e1shoz, ak\u00e1r a bar\u00e1tokkal t\u00f6lt\u00f6tt vid\u00e1m pillanatokhoz.<\/p>\n<p>Az otthonos cottage-veranda berendez\u00e9s\u00e9t k\u00e9nyelmes \u00fcl\u0151helyekkel kezdd \u2013 p\u00e9ld\u00e1ul fonott sz\u00e9kekkel, klasszikus hintasz\u00e9kekkel vagy hintapados padokkal. Ezek nemcsak k\u00e9nyelmet ny\u00fajtanak, hanem feldobj\u00e1k a rusztikus hangulatot is, amit\u0151l annyira szerethet\u0151 egy ilyen veranda. Ha \u00e9l\u00e9nk sz\u00edn\u0171 cserepes vir\u00e1gokat (mint musk\u00e1tli vagy hortenzia) teszel ki, m\u00e1ris \u00e9lettel \u00e9s sz\u00ednekkel t\u00f6lt\u00f6d meg a teret.<\/p>\n<p>Gondos vil\u00e1g\u00edt\u00e1s \u2013 f\u00e9nyf\u00fcz\u00e9rek, l\u00e1mp\u00e1sok vagy falikarok \u2013 seg\u00edts\u00e9g\u00e9vel este is haszn\u00e1lhatod a verand\u00e1t, meleg \u00e9s bar\u00e1ts\u00e1gos f\u00e9nyt var\u00e1zsolva. A rusztikus anyagok, mint az \u00fajrahasznos\u00edtott fa, a term\u00e9szetes k\u0151 vagy a f\u00e9mes kieg\u00e9sz\u00edt\u0151k, m\u00e9g hitelesebb\u00e9 teszik a vid\u00e9ki hangulatot, \u00e9s \u00f6sszek\u00f6tik a verand\u00e1t a k\u00f6rnyez\u0151 term\u00e9szettel.<\/p>\n<p>Lehet, hogy kis \u00e9tkez\u0151sarkot alak\u00edtasz ki egy bistroasztallal, egy k\u00e9nyelmes olvas\u00f3kuck\u00f3t p\u00e1rnaszigetekkel, vagy n\u00e9h\u00e1ny egyedi d\u00edszt\u00e1rgyat teszel ki: a cottage-veranda igazi szem\u00e9lyre szabott kinti szent\u00e9lly\u00e9 v\u00e1lhat, ami t\u00fckr\u00f6zi a st\u00edlusod, mik\u00f6zben elhozza a vid\u00e9ki \u00e9let id\u0151tlen b\u00e1j\u00e1t.<\/p>\n<div class=\"kt_block\" id=\"kt_id\">\n<span class=\"kt_headline\">L\u00e9nyeges Tudnival\u00f3k<\/span><\/p>\n<ul class=\"kt_post_list\">\n<li><strong>\ud83c\udfe1 Kuck\u00f3s Mened\u00e9k:<\/strong> A cottage-veranda otthonod h\u00edvogat\u00f3 folytat\u00e1sa, olyan hely, ahol a benti k\u00e9nyelem \u00e9s a k\u00fclt\u00e9ri hangulat tal\u00e1lkozik \u2013 ide\u00e1lis halk olvas\u00e1shoz vagy vid\u00e1m \u00f6sszej\u00f6vetelekhez.<\/li>\n<li><strong>\ud83e\ude91 K\u00e9nyelmes \u00dcl\u0151helyek:<\/strong> Fonott sz\u00e9kek, hintasz\u00e9kek \u00e9s hintapadok egyszerre gondoskodnak a pihen\u00e9sr\u0151l \u00e9s hozz\u00e1j\u00e1rulnak a vid\u00e9ki, bar\u00e1ts\u00e1gos hangulathoz.<\/li>\n<li><strong>\ud83c\udf3c \u00c9letteli Vir\u00e1gd\u00edszek:<\/strong> Sz\u00ednes cserepes vir\u00e1gok \u2013 mint a musk\u00e1tli vagy hortenzia \u2013 \u00e9s f\u00fcgg\u0151 vir\u00e1gtart\u00f3k \u00e9letet, sz\u00ednt \u00e9s egy kis term\u00e9szetet var\u00e1zsolnak a verand\u00e1dra.<\/li>\n<li><strong>\ud83d\udca1 Hangulatos Vil\u00e1g\u00edt\u00e1s:<\/strong> F\u00e9nyf\u00fcz\u00e9rek, l\u00e1mp\u00e1sok \u00e9s falikarok meghosszabb\u00edtj\u00e1k a veranda haszn\u00e1lhat\u00f3s\u00e1g\u00e1t est\u00e9re is, meleg, bar\u00e1ts\u00e1gos f\u00e9nyt adva neki.<\/li>\n<\/ul>\n<\/div>\n<h2>Vid\u00e9ki bej\u00e1rat vir\u00e1gd\u00edszekkel<\/h2>\n<p><img loading=\"lazy\" decoding=\"async\" width=\"700\" height=\"1049\" alt=\"B\u00e1jos n\u00e1dtet\u0151s h\u00e1z bej\u00e1rata nyitott ajt\u00f3val, vir\u00e1gd\u00edszekkel, z\u00f6ld gumicsizm\u00e1val \u00e9s egy rusztikus l\u00e1mp\u00e1s polccal.\" class=\"aligncenter size-full wp-image-3133\" src=\"https:\/\/doubletakedecor.com\/uploads\/2025\/07\/cottage-porch-dtd-01.jpg\" srcset=\"https:\/\/doubletakedecor.com\/uploads\/2025\/07\/cottage-porch-dtd-01.jpg 700w, https:\/\/doubletakedecor.com\/uploads\/2025\/07\/cottage-porch-dtd-01-200x300.jpg 200w, https:\/\/doubletakedecor.com\/uploads\/2025\/07\/cottage-porch-dtd-01-683x1024.jpg 683w, https:\/\/doubletakedecor.com\/uploads\/2025\/07\/cottage-porch-dtd-01-96x144.jpg 96w, https:\/\/doubletakedecor.com\/uploads\/2025\/07\/cottage-porch-dtd-01-280x420.jpg 280w, https:\/\/doubletakedecor.com\/uploads\/2025\/07\/cottage-porch-dtd-01-320x480.jpg 320w, https:\/\/doubletakedecor.com\/uploads\/2025\/07\/cottage-porch-dtd-01-360x539.jpg 360w, https:\/\/doubletakedecor.com\/uploads\/2025\/07\/cottage-porch-dtd-01-363x544.jpg 363w, https:\/\/doubletakedecor.com\/uploads\/2025\/07\/cottage-porch-dtd-01-370x554.jpg 370w, https:\/\/doubletakedecor.com\/uploads\/2025\/07\/cottage-porch-dtd-01-400x599.jpg 400w, https:\/\/doubletakedecor.com\/uploads\/2025\/07\/cottage-porch-dtd-01-560x839.jpg 560w, https:\/\/doubletakedecor.com\/uploads\/2025\/07\/cottage-porch-dtd-01-480x719.jpg 480w\" sizes=\"auto, (max-width: 700px) 100vw, 700px\" \/><\/p>\n<p>Tedd igaz\u00e1n h\u00edvogat\u00f3v\u00e1 a cottage-bej\u00e1ratot \u00fagy, hogy a praktikus dolgokat is dekor\u00e1ci\u00f3k\u00e9nt haszn\u00e1lod! Helyezz ki egy l\u00e1mp\u00e1s st\u00edlus\u00fa polcot sz\u00ednes vir\u00e1gokkal, mell\u00e9 rusztikus cserepes n\u00f6v\u00e9nyeket. A gumicsizm\u00e1kat ne rejtsd el: b\u00e1tran tedd el\u00f6lre, \u00edgy m\u00e9g hangulatosabb lesz az \u00f6sszhat\u00e1s. Egy sz\u00f6v\u00f6tt l\u00e1bt\u00f6rl\u0151 \u00e9s k\u00f6rnyez\u0151 z\u00f6ld n\u00f6v\u00e9nyek teszik teljess\u00e9 ezt a bar\u00e1ts\u00e1gos, nyugodt bel\u00e9p\u0151t.<\/p>\n<h2>Rusztikus bej\u00e1rat piros musk\u00e1tlival<\/h2>\n<p><img loading=\"lazy\" decoding=\"async\" width=\"700\" height=\"1049\" alt=\"B\u00e1jos cottage veranda bej\u00e1rat \u00e9l\u00e9nk piros musk\u00e1tlival egy kis fa s\u00e1mlira t\u00e9ve, s\u00e1rga fal, f\u00fcgg\u0151 n\u00f6v\u00e9nyek \u00e9s rusztikus sz\u00e9k h\u00e1tt\u00e9rben\" class=\"aligncenter size-full wp-image-3139\" src=\"https:\/\/doubletakedecor.com\/uploads\/2025\/07\/cottage-porch-dtd-02.jpg\" srcset=\"https:\/\/doubletakedecor.com\/uploads\/2025\/07\/cottage-porch-dtd-02.jpg 700w, https:\/\/doubletakedecor.com\/uploads\/2025\/07\/cottage-porch-dtd-02-200x300.jpg 200w, https:\/\/doubletakedecor.com\/uploads\/2025\/07\/cottage-porch-dtd-02-683x1024.jpg 683w, https:\/\/doubletakedecor.com\/uploads\/2025\/07\/cottage-porch-dtd-02-96x144.jpg 96w, https:\/\/doubletakedecor.com\/uploads\/2025\/07\/cottage-porch-dtd-02-280x420.jpg 280w, https:\/\/doubletakedecor.com\/uploads\/2025\/07\/cottage-porch-dtd-02-320x480.jpg 320w, https:\/\/doubletakedecor.com\/uploads\/2025\/07\/cottage-porch-dtd-02-360x539.jpg 360w, https:\/\/doubletakedecor.com\/uploads\/2025\/07\/cottage-porch-dtd-02-363x544.jpg 363w, https:\/\/doubletakedecor.com\/uploads\/2025\/07\/cottage-porch-dtd-02-370x554.jpg 370w, https:\/\/doubletakedecor.com\/uploads\/2025\/07\/cottage-porch-dtd-02-400x599.jpg 400w, https:\/\/doubletakedecor.com\/uploads\/2025\/07\/cottage-porch-dtd-02-560x839.jpg 560w, https:\/\/doubletakedecor.com\/uploads\/2025\/07\/cottage-porch-dtd-02-480x719.jpg 480w\" sizes=\"auto, (max-width: 700px) 100vw, 700px\" \/><\/p>\n<p>Dobd fel a cottage verand\u00e1d egy sz\u00ednes n\u00f6v\u00e9nyes \u00f6ssze\u00e1ll\u00edt\u00e1ssal! Tegy\u00e9l \u00e9l\u00e9nkpiros s\u00e1mlira egy cserepes musk\u00e1tlit, kombin\u00e1ld k\u00fcl\u00f6nf\u00e9le magass\u00e1gban f\u00fcgg\u0151 vir\u00e1gtart\u00f3kkal. Egy r\u00e9gies, megkopott sz\u00e9k a k\u00f6zelben extra hangulatot ad. A vil\u00e1gos fal mellett a kontrasztos sz\u00ednek izgalmasabb\u00e1 teszik a l\u00e1tv\u00e1nyt, de k\u00f6zben megmarad a vid\u00e9ki, bar\u00e1ts\u00e1gos hangulat.<\/p>\n<h2>Vid\u00e9ki kuck\u00f3, t\u00e9glafal \u00e1rny\u00e9k\u00e1ban<\/h2>\n<p><img loading=\"lazy\" decoding=\"async\" width=\"700\" height=\"1049\" alt=\"Hangulatos feh\u00e9r t\u00e9gl\u00e1s kuck\u00f3 konzolasztallal, t\u00fck\u00f6rrel, lila vir\u00e1gokkal \u00e9s vir\u00e1gos p\u00e1rn\u00e1j\u00fa fotellel \u2013 otthonos cottage hangulat.\" class=\"aligncenter size-full wp-image-3145\" src=\"https:\/\/doubletakedecor.com\/uploads\/2025\/07\/cottage-porch-dtd-03.jpg\" srcset=\"https:\/\/doubletakedecor.com\/uploads\/2025\/07\/cottage-porch-dtd-03.jpg 700w, https:\/\/doubletakedecor.com\/uploads\/2025\/07\/cottage-porch-dtd-03-200x300.jpg 200w, https:\/\/doubletakedecor.com\/uploads\/2025\/07\/cottage-porch-dtd-03-683x1024.jpg 683w, https:\/\/doubletakedecor.com\/uploads\/2025\/07\/cottage-porch-dtd-03-96x144.jpg 96w, https:\/\/doubletakedecor.com\/uploads\/2025\/07\/cottage-porch-dtd-03-280x420.jpg 280w, https:\/\/doubletakedecor.com\/uploads\/2025\/07\/cottage-porch-dtd-03-320x480.jpg 320w, https:\/\/doubletakedecor.com\/uploads\/2025\/07\/cottage-porch-dtd-03-360x539.jpg 360w, https:\/\/doubletakedecor.com\/uploads\/2025\/07\/cottage-porch-dtd-03-363x544.jpg 363w, https:\/\/doubletakedecor.com\/uploads\/2025\/07\/cottage-porch-dtd-03-370x554.jpg 370w, https:\/\/doubletakedecor.com\/uploads\/2025\/07\/cottage-porch-dtd-03-400x599.jpg 400w, https:\/\/doubletakedecor.com\/uploads\/2025\/07\/cottage-porch-dtd-03-560x839.jpg 560w, https:\/\/doubletakedecor.com\/uploads\/2025\/07\/cottage-porch-dtd-03-480x719.jpg 480w\" sizes=\"auto, (max-width: 700px) 100vw, 700px\" \/><\/p>\n<p>\u00daj\u00edtsd meg a verand\u00e1d bej\u00e1rat\u00e1t egy h\u00edvogat\u00f3 konzolasztallal! Egy egyszer\u0171 feh\u00e9r kis asztalt \u00e1ll\u00edts a t\u00e9glafal mell\u00e9, d\u00edsz\u00edtsd szezon\u00e1lis vir\u00e1gokkal \u00e9s kedves csal\u00e1di fot\u00f3kkal. F\u00fcggessz f\u00f6l egy kerek t\u00fckr\u00f6t a f\u00e9ny\u00e9rt \u00e9s a t\u00e1gasabb hat\u00e1s\u00e9rt. V\u00e9g\u00fcl fonott kosarakban t\u00e1rolhatsz a k\u00fclt\u00e9ri dolgaidat, hogy rendezett \u00e9s bar\u00e1ts\u00e1gos maradjon a t\u00e9r.<\/p>\n<h2>Eleg\u00e1ns t\u00e9likert k\u0151teraszos \u00e1tmenettel<\/h2>\n<p><img loading=\"lazy\" decoding=\"async\" width=\"700\" height=\"1049\" alt=\"B\u00e1jos cottage t\u00e9likert feh\u00e9r ablakokkal, k\u0151burkolat\u00fa terasz k\u00e9t sz\u00e9kkel \u00e9s asztallal, vir\u00e1gz\u00f3 kerttel k\u00f6rbev\u00e9ve.\" class=\"aligncenter size-full wp-image-3151\" src=\"https:\/\/doubletakedecor.com\/uploads\/2025\/07\/cottage-porch-dtd-04.jpg\" srcset=\"https:\/\/doubletakedecor.com\/uploads\/2025\/07\/cottage-porch-dtd-04.jpg 700w, https:\/\/doubletakedecor.com\/uploads\/2025\/07\/cottage-porch-dtd-04-200x300.jpg 200w, https:\/\/doubletakedecor.com\/uploads\/2025\/07\/cottage-porch-dtd-04-683x1024.jpg 683w, https:\/\/doubletakedecor.com\/uploads\/2025\/07\/cottage-porch-dtd-04-96x144.jpg 96w, https:\/\/doubletakedecor.com\/uploads\/2025\/07\/cottage-porch-dtd-04-280x420.jpg 280w, https:\/\/doubletakedecor.com\/uploads\/2025\/07\/cottage-porch-dtd-04-320x480.jpg 320w, https:\/\/doubletakedecor.com\/uploads\/2025\/07\/cottage-porch-dtd-04-360x539.jpg 360w, https:\/\/doubletakedecor.com\/uploads\/2025\/07\/cottage-porch-dtd-04-363x544.jpg 363w, https:\/\/doubletakedecor.com\/uploads\/2025\/07\/cottage-porch-dtd-04-370x554.jpg 370w, https:\/\/doubletakedecor.com\/uploads\/2025\/07\/cottage-porch-dtd-04-400x599.jpg 400w, https:\/\/doubletakedecor.com\/uploads\/2025\/07\/cottage-porch-dtd-04-560x839.jpg 560w, https:\/\/doubletakedecor.com\/uploads\/2025\/07\/cottage-porch-dtd-04-480x719.jpg 480w\" sizes=\"auto, (max-width: 700px) 100vw, 700px\" \/><\/p>\n<p>K\u00f6ssd \u00f6ssze a t\u00e9likertet a kerttel egy st\u00edlusos k\u0151 terasszal. Helyezz el id\u0151j\u00e1r\u00e1s\u00e1ll\u00f3 feh\u00e9r kerti b\u00fatorokat \u2013 ez egys\u00e9ges megjelen\u00e9st ad. D\u00edsz\u00edtsd a helyet cserepes n\u00f6v\u00e9nyekkel \u00e9s sz\u00ednpomp\u00e1s vir\u00e1gokkal. A nagy k\u0151lapok \u00f6sv\u00e9nyk\u00e9nt is szolg\u00e1lnak, \u00edgy minden r\u00e9sze k\u00f6nnyen el\u00e9rhet\u0151, mik\u00f6zben \u00f6sszhangban marad a kerted z\u00f6ldj\u00e9vel.<\/p>\n<h2>S\u00e1rga cottage-veranda fonott \u00fcl\u0151k\u00e9kkel<\/h2>\n<p><img loading=\"lazy\" decoding=\"async\" width=\"700\" height=\"1050\" alt=\"B\u00e1jos s\u00e1rga cottage veranda fonott paddal, k\u00e9k p\u00e1rn\u00e1kkal \u00e9s vid\u00e1m vir\u00e1gcserepekkel fa burkolaton\" class=\"aligncenter size-full wp-image-3157\" src=\"https:\/\/doubletakedecor.com\/uploads\/2025\/07\/cottage-porch-dtd-05.jpg\" srcset=\"https:\/\/doubletakedecor.com\/uploads\/2025\/07\/cottage-porch-dtd-05.jpg 700w, https:\/\/doubletakedecor.com\/uploads\/2025\/07\/cottage-porch-dtd-05-200x300.jpg 200w, https:\/\/doubletakedecor.com\/uploads\/2025\/07\/cottage-porch-dtd-05-683x1024.jpg 683w, https:\/\/doubletakedecor.com\/uploads\/2025\/07\/cottage-porch-dtd-05-96x144.jpg 96w, https:\/\/doubletakedecor.com\/uploads\/2025\/07\/cottage-porch-dtd-05-280x420.jpg 280w, https:\/\/doubletakedecor.com\/uploads\/2025\/07\/cottage-porch-dtd-05-320x480.jpg 320w, https:\/\/doubletakedecor.com\/uploads\/2025\/07\/cottage-porch-dtd-05-360x540.jpg 360w, https:\/\/doubletakedecor.com\/uploads\/2025\/07\/cottage-porch-dtd-05-363x545.jpg 363w, https:\/\/doubletakedecor.com\/uploads\/2025\/07\/cottage-porch-dtd-05-370x555.jpg 370w, https:\/\/doubletakedecor.com\/uploads\/2025\/07\/cottage-porch-dtd-05-400x600.jpg 400w, https:\/\/doubletakedecor.com\/uploads\/2025\/07\/cottage-porch-dtd-05-560x840.jpg 560w, https:\/\/doubletakedecor.com\/uploads\/2025\/07\/cottage-porch-dtd-05-480x720.jpg 480w\" sizes=\"auto, (max-width: 700px) 100vw, 700px\" \/><\/p>\n<p>Alak\u00edts ki otthonos k\u00fclt\u00e9ri pihen\u0151helyet egy feh\u00e9r fonott paddal \u00e9s m\u00e9lyk\u00e9k p\u00e1rn\u00e1kkal. Tedd v\u00e1ltozatoss\u00e1 a hangulatot k\u00fcl\u00f6nb\u00f6z\u0151 \u00e9l\u00e9nk vir\u00e1gos cserepekkel, amik eg\u00e9sz \u00e9vben feldobj\u00e1k a teret. A meleg fa padl\u00f3k kiemelik a rusztikus hangulatot, a vid\u00e1m s\u00e1rga falak mellett pedig m\u00e9g der\u0171sebb lesz az \u00f6sszhat\u00e1s. Kisebb d\u00edszekkel a bej\u00e1ratn\u00e1l m\u00e9g bar\u00e1ts\u00e1gosabb\u00e1 teheted ezt a sarkot.<\/p>\n<h2>Klasszikus cottage-veranda feh\u00e9r oszlopokkal<\/h2>\n<p><img loading=\"lazy\" decoding=\"async\" width=\"700\" height=\"1050\" alt=\"B\u00e1jos egyszintes cottage feh\u00e9r oszlopokkal, \u00fcveges ajt\u00f3val \u00e9s nagy l\u00e1mp\u00e1ssal a h\u00edvogat\u00f3 veranda bej\u00e1rat f\u00f6l\u00f6tt.\" class=\"aligncenter size-full wp-image-3163\" src=\"https:\/\/doubletakedecor.com\/uploads\/2025\/07\/cottage-porch-dtd-06.jpg\" srcset=\"https:\/\/doubletakedecor.com\/uploads\/2025\/07\/cottage-porch-dtd-06.jpg 700w, https:\/\/doubletakedecor.com\/uploads\/2025\/07\/cottage-porch-dtd-06-200x300.jpg 200w, https:\/\/doubletakedecor.com\/uploads\/2025\/07\/cottage-porch-dtd-06-683x1024.jpg 683w, https:\/\/doubletakedecor.com\/uploads\/2025\/07\/cottage-porch-dtd-06-96x144.jpg 96w, https:\/\/doubletakedecor.com\/uploads\/2025\/07\/cottage-porch-dtd-06-280x420.jpg 280w, https:\/\/doubletakedecor.com\/uploads\/2025\/07\/cottage-porch-dtd-06-320x480.jpg 320w, https:\/\/doubletakedecor.com\/uploads\/2025\/07\/cottage-porch-dtd-06-360x540.jpg 360w, https:\/\/doubletakedecor.com\/uploads\/2025\/07\/cottage-porch-dtd-06-363x545.jpg 363w, https:\/\/doubletakedecor.com\/uploads\/2025\/07\/cottage-porch-dtd-06-370x555.jpg 370w, https:\/\/doubletakedecor.com\/uploads\/2025\/07\/cottage-porch-dtd-06-400x600.jpg 400w, https:\/\/doubletakedecor.com\/uploads\/2025\/07\/cottage-porch-dtd-06-560x840.jpg 560w, https:\/\/doubletakedecor.com\/uploads\/2025\/07\/cottage-porch-dtd-06-480x720.jpg 480w\" sizes=\"auto, (max-width: 700px) 100vw, 700px\" \/><\/p>\n<p>\u00d6r\u00f6k sz\u00e9ps\u00e9g\u0171 bej\u00e1ratot teremthetsz, ha a verand\u00e1t szimmetrikusan tervezteted, k\u00f6z\u00e9pen eleg\u00e1ns feh\u00e9r oszlopokkal. Rakj ki a bej\u00e1rat mindk\u00e9t oldal\u00e1ra egyforma vir\u00e1gtart\u00f3kat a harm\u00f3nia \u00e9rdek\u00e9ben, az ajt\u00f3 f\u00f6l\u00e9 pedig tegy\u00e9l egy k\u00fcl\u00f6nleges l\u00e1mp\u00e1st, ami meleg, bar\u00e1ts\u00e1gos f\u00e9nyt ad. Az egy\u00e9rtelm\u0171, szeg\u00e9lyezett j\u00e1rda seg\u00edt, hogy a vend\u00e9gek magukt\u00f3l r\u00e1tal\u00e1ljanak a h\u00edvogat\u00f3 bej\u00e1ratra.<\/p>\n<h2>Fonott sz\u00e9kes, besz\u00e9lget\u0151s veranda<\/h2>\n<p><img loading=\"lazy\" decoding=\"async\" width=\"700\" height=\"1050\" alt=\"Kuck\u00f3s veranda k\u00e9t fonott sz\u00e9kkel, kerek asztallal, cserepes n\u00f6v\u00e9nyekkel \u00e9s nat\u00farsz\u0151nyeggel, feh\u00e9r ker\u00edt\u00e9s el\u0151tt.\" class=\"aligncenter size-full wp-image-3169\" src=\"https:\/\/doubletakedecor.com\/uploads\/2025\/07\/cottage-porch-dtd-07.jpg\" srcset=\"https:\/\/doubletakedecor.com\/uploads\/2025\/07\/cottage-porch-dtd-07.jpg 700w, https:\/\/doubletakedecor.com\/uploads\/2025\/07\/cottage-porch-dtd-07-200x300.jpg 200w, https:\/\/doubletakedecor.com\/uploads\/2025\/07\/cottage-porch-dtd-07-683x1024.jpg 683w, https:\/\/doubletakedecor.com\/uploads\/2025\/07\/cottage-porch-dtd-07-96x144.jpg 96w, https:\/\/doubletakedecor.com\/uploads\/2025\/07\/cottage-porch-dtd-07-280x420.jpg 280w, https:\/\/doubletakedecor.com\/uploads\/2025\/07\/cottage-porch-dtd-07-320x480.jpg 320w, https:\/\/doubletakedecor.com\/uploads\/2025\/07\/cottage-porch-dtd-07-360x540.jpg 360w, https:\/\/doubletakedecor.com\/uploads\/2025\/07\/cottage-porch-dtd-07-363x545.jpg 363w, https:\/\/doubletakedecor.com\/uploads\/2025\/07\/cottage-porch-dtd-07-370x555.jpg 370w, https:\/\/doubletakedecor.com\/uploads\/2025\/07\/cottage-porch-dtd-07-400x600.jpg 400w, https:\/\/doubletakedecor.com\/uploads\/2025\/07\/cottage-porch-dtd-07-560x840.jpg 560w, https:\/\/doubletakedecor.com\/uploads\/2025\/07\/cottage-porch-dtd-07-480x720.jpg 480w\" sizes=\"auto, (max-width: 700px) 100vw, 700px\" \/><\/p>\n<p>Alak\u00edts ki besz\u00e9lget\u0151sarkot term\u00e9szetes fonott sz\u00e9kekkel, amelyek egy nat\u00farsz\u0151nyegen \u00e1llnak extra text\u00far\u00e1\u00e9rt. Tegy\u00e9l k\u00f6z\u00e9j\u00fck egy kis kerek asztalt, ahov\u00e1 k\u00f6nyvek vagy italok is letehet\u0151k. A k\u00fcl\u00f6nb\u00f6z\u0151 magass\u00e1g\u00fa cserepes n\u00f6v\u00e9nyek, valamint egy f\u00fcgg\u0151 vir\u00e1gtart\u00f3 izgalmasabb\u00e1 teszik a teret. \u00cdgy egyszerre lesz k\u00e9nyelmes \u00e9s k\u00f6nnyed, term\u00e9szetk\u00f6zeli hangulat\u00fa a verand\u00e1d.<\/p>\n<h2>Kerti hangulat\u00fa, otthonos asztal sarok<\/h2>\n<p><img loading=\"lazy\" decoding=\"async\" width=\"700\" height=\"1050\" alt=\"Kuck\u00f3s kerti \u00fcl\u0151sarok z\u00f6ld, kerek asztallal, hozz\u00e1 ill\u0151 sz\u00e9kekkel \u00e9s sz\u00ednes cserepes vir\u00e1gokkal feh\u00e9r t\u00e9glafaln\u00e1l.\" class=\"aligncenter size-full wp-image-3175\" src=\"https:\/\/doubletakedecor.com\/uploads\/2025\/07\/cottage-porch-dtd-08.jpg\" srcset=\"https:\/\/doubletakedecor.com\/uploads\/2025\/07\/cottage-porch-dtd-08.jpg 700w, https:\/\/doubletakedecor.com\/uploads\/2025\/07\/cottage-porch-dtd-08-200x300.jpg 200w, https:\/\/doubletakedecor.com\/uploads\/2025\/07\/cottage-porch-dtd-08-683x1024.jpg 683w, https:\/\/doubletakedecor.com\/uploads\/2025\/07\/cottage-porch-dtd-08-96x144.jpg 96w, https:\/\/doubletakedecor.com\/uploads\/2025\/07\/cottage-porch-dtd-08-280x420.jpg 280w, https:\/\/doubletakedecor.com\/uploads\/2025\/07\/cottage-porch-dtd-08-320x480.jpg 320w, https:\/\/doubletakedecor.com\/uploads\/2025\/07\/cottage-porch-dtd-08-360x540.jpg 360w, https:\/\/doubletakedecor.com\/uploads\/2025\/07\/cottage-porch-dtd-08-363x545.jpg 363w, https:\/\/doubletakedecor.com\/uploads\/2025\/07\/cottage-porch-dtd-08-370x555.jpg 370w, https:\/\/doubletakedecor.com\/uploads\/2025\/07\/cottage-porch-dtd-08-400x600.jpg 400w, https:\/\/doubletakedecor.com\/uploads\/2025\/07\/cottage-porch-dtd-08-560x840.jpg 560w, https:\/\/doubletakedecor.com\/uploads\/2025\/07\/cottage-porch-dtd-08-480x720.jpg 480w\" sizes=\"auto, (max-width: 700px) 100vw, 700px\" \/><\/p>\n<p>Friss\u00edtsd fel cottage-verand\u00e1d egy bistro-st\u00edlus\u00fa \u00fcl\u0151sarokkal! V\u00e1lassz puha \u00e1rnyalat\u00fa asztalt, ami passzol a h\u00e1z homlokzat\u00e1hoz, k\u00f6z\u00e9pre pedig helyezz nagy, vegyes vir\u00e1gcserepet, ami az \u00e9vszakhoz illik. Az intim hangulathoz poz\u00edcion\u00e1ld a fal mell\u00e9, a hat\u00e1rol\u00e1shoz pedig haszn\u00e1lj k\u0151lapokat, amik egyben stabil alapot is biztos\u00edtanak a b\u00fatoroknak.<\/p>\n<h2>Klasszikus sz\u00fcrke cottage feh\u00e9r oszlopokkal<\/h2>\n<p><img loading=\"lazy\" decoding=\"async\" width=\"700\" height=\"1050\" alt=\"B\u00e1jos k\u00e9tszintes cottage sz\u00fcrke falakkal, feh\u00e9r oszlopos verand\u00e1val, sz\u00ednes kerttel \u00e9s feh\u00e9r ker\u00edt\u00e9ssel.\" class=\"aligncenter size-full wp-image-3181\" src=\"https:\/\/doubletakedecor.com\/uploads\/2025\/07\/cottage-porch-dtd-09.jpg\" srcset=\"https:\/\/doubletakedecor.com\/uploads\/2025\/07\/cottage-porch-dtd-09.jpg 700w, https:\/\/doubletakedecor.com\/uploads\/2025\/07\/cottage-porch-dtd-09-200x300.jpg 200w, https:\/\/doubletakedecor.com\/uploads\/2025\/07\/cottage-porch-dtd-09-683x1024.jpg 683w, https:\/\/doubletakedecor.com\/uploads\/2025\/07\/cottage-porch-dtd-09-96x144.jpg 96w, https:\/\/doubletakedecor.com\/uploads\/2025\/07\/cottage-porch-dtd-09-280x420.jpg 280w, https:\/\/doubletakedecor.com\/uploads\/2025\/07\/cottage-porch-dtd-09-320x480.jpg 320w, https:\/\/doubletakedecor.com\/uploads\/2025\/07\/cottage-porch-dtd-09-360x540.jpg 360w, https:\/\/doubletakedecor.com\/uploads\/2025\/07\/cottage-porch-dtd-09-363x545.jpg 363w, https:\/\/doubletakedecor.com\/uploads\/2025\/07\/cottage-porch-dtd-09-370x555.jpg 370w, https:\/\/doubletakedecor.com\/uploads\/2025\/07\/cottage-porch-dtd-09-400x600.jpg 400w, https:\/\/doubletakedecor.com\/uploads\/2025\/07\/cottage-porch-dtd-09-560x840.jpg 560w, https:\/\/doubletakedecor.com\/uploads\/2025\/07\/cottage-porch-dtd-09-480x720.jpg 480w\" sizes=\"auto, (max-width: 700px) 100vw, 700px\" \/><\/p>\n<p>Tedd igaz\u00e1n vend\u00e9gcsalogat\u00f3v\u00e1 a cottage-bej\u00e1ratot, ha z\u00fazott k\u00f6ves felj\u00e1r\u00f3t kombin\u00e1lsz sz\u00ednes kerttel. A verand\u00e1d keretezd feh\u00e9r oszlopokkal a soha-nem-m\u00fal\u00f3 elegancia \u00e9rdek\u00e9ben, fekete spalett\u00e1k pedig lend\u00fcletet visznek a vil\u00e1gos falakhoz. Egy feh\u00e9r ker\u00edt\u00e9s k\u00f6r\u00fclhat\u00e1rolja a kertet, sz\u00e9p\u00edti az utcak\u00e9pet, de m\u00e9gis l\u00e9gies \u00e9s nyitott marad a t\u00e9r.<\/p>\n<h2>T\u00e9glaj\u00e1rda vir\u00e1g\u00e1gy\u00e1sokkal<\/h2>\n<p><img loading=\"lazy\" decoding=\"async\" width=\"700\" height=\"1050\" alt=\"K\u00e9tszintes s\u00e1rga cottage bord\u00f3 spalett\u00e1kkal, feh\u00e9r korl\u00e1ttal, t\u00e9glaj\u00e1rd\u00e1val \u00e9s sz\u00ednes vir\u00e1g\u00e1gy\u00e1sokkal, amiket feh\u00e9r kavics szeg\u00e9lyez.\" class=\"aligncenter size-full wp-image-3187\" src=\"https:\/\/doubletakedecor.com\/uploads\/2025\/07\/cottage-porch-dtd-10.jpg\" srcset=\"https:\/\/doubletakedecor.com\/uploads\/2025\/07\/cottage-porch-dtd-10.jpg 700w, https:\/\/doubletakedecor.com\/uploads\/2025\/07\/cottage-porch-dtd-10-200x300.jpg 200w, https:\/\/doubletakedecor.com\/uploads\/2025\/07\/cottage-porch-dtd-10-683x1024.jpg 683w, https:\/\/doubletakedecor.com\/uploads\/2025\/07\/cottage-porch-dtd-10-96x144.jpg 96w, https:\/\/doubletakedecor.com\/uploads\/2025\/07\/cottage-porch-dtd-10-280x420.jpg 280w, https:\/\/doubletakedecor.com\/uploads\/2025\/07\/cottage-porch-dtd-10-320x480.jpg 320w, https:\/\/doubletakedecor.com\/uploads\/2025\/07\/cottage-porch-dtd-10-360x540.jpg 360w, https:\/\/doubletakedecor.com\/uploads\/2025\/07\/cottage-porch-dtd-10-363x545.jpg 363w, https:\/\/doubletakedecor.com\/uploads\/2025\/07\/cottage-porch-dtd-10-370x555.jpg 370w, https:\/\/doubletakedecor.com\/uploads\/2025\/07\/cottage-porch-dtd-10-400x600.jpg 400w, https:\/\/doubletakedecor.com\/uploads\/2025\/07\/cottage-porch-dtd-10-560x840.jpg 560w, https:\/\/doubletakedecor.com\/uploads\/2025\/07\/cottage-porch-dtd-10-480x720.jpg 480w\" sizes=\"auto, (max-width: 700px) 100vw, 700px\" \/><\/p>\n<p>V\u00e1ltoztasd a bej\u00e1ratot h\u00edvogat\u00f3v\u00e1 dekorat\u00edv t\u00e9gl\u00e1s \u00f6sv\u00e9nnyel, amit gondosan kialak\u00edtott vir\u00e1g\u00e1gy\u00e1sok szeg\u00e9lyeznek. Haszn\u00e1lj feh\u00e9r folyami kavicsokat a kert hat\u00e1r\u00e1nak kijel\u00f6l\u00e9s\u00e9hez \u00e9s a vizu\u00e1lis rendezetts\u00e9ghez. Az \u00e9vel\u0151k \u00e9s szezon\u00e1lis vir\u00e1gok egy\u00fctt eg\u00e9sz \u00e9vben sz\u00ednes\u00edtik a kerted, mik\u00f6zben illenek a verand\u00e1hoz is.<\/p>\n<h2>Eleg\u00e1ns cottage-veranda l\u00e9pcs\u0151<\/h2>\n<p><img loading=\"lazy\" decoding=\"async\" width=\"700\" height=\"1049\" alt=\"H\u00edvogat\u00f3 fa veranda l\u00e9pcs\u0151 feh\u00e9r ors\u00f3kkal, \u00edvelt kavics j\u00e1rd\u00e1val \u00e9s \u00e9l\u00e9nk kerti d\u00edsz\u00edt\u00e9ssel.\" class=\"aligncenter size-full wp-image-3193\" src=\"https:\/\/doubletakedecor.com\/uploads\/2025\/07\/cottage-porch-dtd-11.jpg\" srcset=\"https:\/\/doubletakedecor.com\/uploads\/2025\/07\/cottage-porch-dtd-11.jpg 700w, https:\/\/doubletakedecor.com\/uploads\/2025\/07\/cottage-porch-dtd-11-200x300.jpg 200w, https:\/\/doubletakedecor.com\/uploads\/2025\/07\/cottage-porch-dtd-11-683x1024.jpg 683w, https:\/\/doubletakedecor.com\/uploads\/2025\/07\/cottage-porch-dtd-11-96x144.jpg 96w, https:\/\/doubletakedecor.com\/uploads\/2025\/07\/cottage-porch-dtd-11-280x420.jpg 280w, https:\/\/doubletakedecor.com\/uploads\/2025\/07\/cottage-porch-dtd-11-320x480.jpg 320w, https:\/\/doubletakedecor.com\/uploads\/2025\/07\/cottage-porch-dtd-11-360x539.jpg 360w, https:\/\/doubletakedecor.com\/uploads\/2025\/07\/cottage-porch-dtd-11-363x544.jpg 363w, https:\/\/doubletakedecor.com\/uploads\/2025\/07\/cottage-porch-dtd-11-370x554.jpg 370w, https:\/\/doubletakedecor.com\/uploads\/2025\/07\/cottage-porch-dtd-11-400x599.jpg 400w, https:\/\/doubletakedecor.com\/uploads\/2025\/07\/cottage-porch-dtd-11-560x839.jpg 560w, https:\/\/doubletakedecor.com\/uploads\/2025\/07\/cottage-porch-dtd-11-480x719.jpg 480w\" sizes=\"auto, (max-width: 700px) 100vw, 700px\" \/><\/p>\n<p>Tedd k\u00fcl\u00f6nlegess\u00e9 a bej\u00e1ratot s\u00f6t\u00e9t, lakkozott fa l\u00e9pcs\u0151vel \u00e9s feh\u00e9r, d\u00edszes ors\u00f3kkal! A korl\u00e1tokat diszkr\u00e9t z\u00f6ld sz\u00ednnel is feldobhatod. Az utcafrontot egy kanyarg\u00f3 kavicsos \u00f6sv\u00e9nnyel, t\u00e9glalap alak\u00fa burkol\u00f3lapokkal szeg\u00e9lyezve form\u00e1ld meg, piros mulcs \u00e9s z\u00f6ld p\u00e1zsit pedig m\u00e9g izgalmasabb\u00e1 teszi az \u00f6sszk\u00e9pet. Ez a hagyom\u00e1nyos \u00e9s modern elemeket vegy\u00edt\u0151 megold\u00e1s fokozza cottage-ot hangulat\u00e1t.<\/p>\n<h2>Vid\u00e1m, fonott b\u00fatoros veranda<\/h2>\n<p><img loading=\"lazy\" decoding=\"async\" width=\"700\" height=\"1050\" alt=\"Otthonos cottage-veranda feh\u00e9r fonott b\u00fatorokkal, sz\u00ednes p\u00e1rn\u00e1kkal, cserepes n\u00f6v\u00e9nyekkel \u00e9s mennyezeti ventil\u00e1torral.\" class=\"aligncenter size-full wp-image-3199\" src=\"https:\/\/doubletakedecor.com\/uploads\/2025\/07\/cottage-porch-dtd-12.jpg\" srcset=\"https:\/\/doubletakedecor.com\/uploads\/2025\/07\/cottage-porch-dtd-12.jpg 700w, https:\/\/doubletakedecor.com\/uploads\/2025\/07\/cottage-porch-dtd-12-200x300.jpg 200w, https:\/\/doubletakedecor.com\/uploads\/2025\/07\/cottage-porch-dtd-12-683x1024.jpg 683w, https:\/\/doubletakedecor.com\/uploads\/2025\/07\/cottage-porch-dtd-12-96x144.jpg 96w, https:\/\/doubletakedecor.com\/uploads\/2025\/07\/cottage-porch-dtd-12-280x420.jpg 280w, https:\/\/doubletakedecor.com\/uploads\/2025\/07\/cottage-porch-dtd-12-320x480.jpg 320w, https:\/\/doubletakedecor.com\/uploads\/2025\/07\/cottage-porch-dtd-12-360x540.jpg 360w, https:\/\/doubletakedecor.com\/uploads\/2025\/07\/cottage-porch-dtd-12-363x545.jpg 363w, https:\/\/doubletakedecor.com\/uploads\/2025\/07\/cottage-porch-dtd-12-370x555.jpg 370w, https:\/\/doubletakedecor.com\/uploads\/2025\/07\/cottage-porch-dtd-12-400x600.jpg 400w, https:\/\/doubletakedecor.com\/uploads\/2025\/07\/cottage-porch-dtd-12-560x840.jpg 560w, https:\/\/doubletakedecor.com\/uploads\/2025\/07\/cottage-porch-dtd-12-480x720.jpg 480w\" sizes=\"auto, (max-width: 700px) 100vw, 700px\" \/><\/p>\n<p>Csemp\u00e9ssz relax\u00e1l\u00f3s hangulatot a cottage-verand\u00e1dra feh\u00e9r fonott b\u00fatorokkal \u00e9s vid\u00e1m mint\u00e1j\u00fa d\u00edszp\u00e1rn\u00e1kkal! Egy \u00fcveglapos doh\u00e1nyz\u00f3asztal praktikuss\u00e1 teszi a helyet, friss vir\u00e1gcsokor pedig term\u00e9szetes sz\u00ednfoltot ad. A mennyezeti ventil\u00e1tor k\u00e9nyelmess\u00e9 teszi a ny\u00e1ri napokat, egy finom sz\u0151nyeg pedig letisztult alapot ad. Cserepes \u00e9s f\u00fcgg\u0151 n\u00f6v\u00e9nyekkel v\u00e1lik igaz\u00e1n bar\u00e1ts\u00e1goss\u00e1 ez az o\u00e1zis.<\/p>\n<h2>Botanikus hangulat\u00fa cottage-kuck\u00f3<\/h2>\n<p><img loading=\"lazy\" decoding=\"async\" width=\"700\" height=\"1050\" alt=\"Hangulatos feh\u00e9r hintasz\u00e9k botanikus p\u00e1rn\u00e1val, rusztikus asztalka k\u00f6r\u00fcl \u00e9l\u00e9nk cserepes vir\u00e1gokkal \u00e9s z\u00f6ld n\u00f6v\u00e9nyekkel\" class=\"aligncenter size-full wp-image-3205\" src=\"https:\/\/doubletakedecor.com\/uploads\/2025\/07\/cottage-porch-dtd-13.jpg\" srcset=\"https:\/\/doubletakedecor.com\/uploads\/2025\/07\/cottage-porch-dtd-13.jpg 700w, https:\/\/doubletakedecor.com\/uploads\/2025\/07\/cottage-porch-dtd-13-200x300.jpg 200w, https:\/\/doubletakedecor.com\/uploads\/2025\/07\/cottage-porch-dtd-13-683x1024.jpg 683w, https:\/\/doubletakedecor.com\/uploads\/2025\/07\/cottage-porch-dtd-13-96x144.jpg 96w, https:\/\/doubletakedecor.com\/uploads\/2025\/07\/cottage-porch-dtd-13-280x420.jpg 280w, https:\/\/doubletakedecor.com\/uploads\/2025\/07\/cottage-porch-dtd-13-320x480.jpg 320w, https:\/\/doubletakedecor.com\/uploads\/2025\/07\/cottage-porch-dtd-13-360x540.jpg 360w, https:\/\/doubletakedecor.com\/uploads\/2025\/07\/cottage-porch-dtd-13-363x545.jpg 363w, https:\/\/doubletakedecor.com\/uploads\/2025\/07\/cottage-porch-dtd-13-370x555.jpg 370w, https:\/\/doubletakedecor.com\/uploads\/2025\/07\/cottage-porch-dtd-13-400x600.jpg 400w, https:\/\/doubletakedecor.com\/uploads\/2025\/07\/cottage-porch-dtd-13-560x840.jpg 560w, https:\/\/doubletakedecor.com\/uploads\/2025\/07\/cottage-porch-dtd-13-480x720.jpg 480w\" sizes=\"auto, (max-width: 700px) 100vw, 700px\" \/><\/p>\n<p>Alak\u00edts ki b\u00e1jos olvas\u00f3sarkot: egy feh\u00e9r hintasz\u00e9ket dobj fel botanikus mint\u00e1s p\u00e1rn\u00e1val! K\u00f6r\u00fcl\u00f6tte k\u00fcl\u00f6nf\u00e9le magass\u00e1g\u00fa cserepes vir\u00e1gokat rendezz el \u2013 m\u00e9g egy mad\u00e1rkalitk\u00e1b\u00f3l is lehet vir\u00e1gtart\u00f3, ami nosztalgikus hangulatot teremt. Egy rusztikus kis asztalka helyet ad a k\u00f6nyveknek vagy d\u00edszes l\u00e1mp\u00e1soknak, amik este extra hangulatf\u00e9nyt adhatnak. A sokf\u00e9le kasp\u00f3 igazi l\u00e1tv\u00e1nyoss\u00e1g lesz a verand\u00e1n.<\/p>\n<h2>\u0150szi hangulat\u00fa torn\u00e1cdekor\u00e1ci\u00f3<\/h2>\n<p><img loading=\"lazy\" decoding=\"async\" width=\"700\" height=\"1050\" alt=\"Hangulatos feh\u00e9r paraszth\u00e1z torn\u00e1ca, melyet \u0151szi krizant\u00e9mok, f\u00fcgg\u0151 vir\u00e1gkosarak \u00e9s d\u00edszt\u00f6k\u00f6k d\u00edsz\u00edtenek.\" class=\"aligncenter size-full wp-image-3211\" src=\"https:\/\/doubletakedecor.com\/uploads\/2025\/07\/cottage-porch-dtd-14.jpg\" srcset=\"https:\/\/doubletakedecor.com\/uploads\/2025\/07\/cottage-porch-dtd-14.jpg 700w, https:\/\/doubletakedecor.com\/uploads\/2025\/07\/cottage-porch-dtd-14-200x300.jpg 200w, https:\/\/doubletakedecor.com\/uploads\/2025\/07\/cottage-porch-dtd-14-683x1024.jpg 683w, https:\/\/doubletakedecor.com\/uploads\/2025\/07\/cottage-porch-dtd-14-96x144.jpg 96w, https:\/\/doubletakedecor.com\/uploads\/2025\/07\/cottage-porch-dtd-14-280x420.jpg 280w, https:\/\/doubletakedecor.com\/uploads\/2025\/07\/cottage-porch-dtd-14-320x480.jpg 320w, https:\/\/doubletakedecor.com\/uploads\/2025\/07\/cottage-porch-dtd-14-360x540.jpg 360w, https:\/\/doubletakedecor.com\/uploads\/2025\/07\/cottage-porch-dtd-14-363x545.jpg 363w, https:\/\/doubletakedecor.com\/uploads\/2025\/07\/cottage-porch-dtd-14-370x555.jpg 370w, https:\/\/doubletakedecor.com\/uploads\/2025\/07\/cottage-porch-dtd-14-400x600.jpg 400w, https:\/\/doubletakedecor.com\/uploads\/2025\/07\/cottage-porch-dtd-14-560x840.jpg 560w, https:\/\/doubletakedecor.com\/uploads\/2025\/07\/cottage-porch-dtd-14-480x720.jpg 480w\" sizes=\"auto, (max-width: 700px) 100vw, 700px\" \/><\/p>\n<p>Tedd otthonosabb\u00e1 a bej\u00e1ratodat az \u0151sz sz\u00edneivel! Helyezz sz\u00ednes krizant\u00e9mokat \u00e9s k\u00fcl\u00f6nb\u00f6z\u0151 m\u00e9ret\u0171 t\u00f6k\u00f6ket a torn\u00e1cl\u00e9pcs\u0151kre. Tegy\u00e9l ki \u00e9l\u00e9nk vir\u00e1gkosarakat, hogy felfel\u00e9 is odavonzz\u00e1k a tekintetet, \u00e9s haszn\u00e1lj sz\u00e1r\u00edtott f\u0171sz\u00e1lakat, ami rusztikus hangulatot ad. Kombin\u00e1ld a narancss\u00e1rga \u00e9s feh\u00e9r t\u00f6k\u00f6ket a h\u00e1z k\u00fclsej\u00e9hez igazodva, hogy k\u00fcl\u00f6nleges, eleg\u00e1ns l\u00e1tv\u00e1nyt ny\u00fajtson. Ez a dekor\u00e1ci\u00f3 sz\u00e9pen keretezi a bej\u00e1rati ajt\u00f3t.<\/p>\n<h2>\u00c9letteli \u0151szi torn\u00e1cdekor<\/h2>\n<p><img loading=\"lazy\" decoding=\"async\" width=\"700\" height=\"1050\" alt=\"Megh\u00edv\u00f3 hangulat\u00fa feh\u00e9r paraszth\u00e1z torn\u00e1ca, f\u00fcgg\u0151 p\u00e1fr\u00e1nyokkal, \u0151szi sz\u00edn\u0171 cserepes n\u00f6v\u00e9nyekkel \u00e9s k\u00e9nyelmes hintasz\u00e9kkel a k\u00f6ves \u00f6sv\u00e9ny mellett.\" class=\"aligncenter size-full wp-image-3217\" src=\"https:\/\/doubletakedecor.com\/uploads\/2025\/07\/cottage-porch-dtd-15.jpg\" srcset=\"https:\/\/doubletakedecor.com\/uploads\/2025\/07\/cottage-porch-dtd-15.jpg 700w, https:\/\/doubletakedecor.com\/uploads\/2025\/07\/cottage-porch-dtd-15-200x300.jpg 200w, https:\/\/doubletakedecor.com\/uploads\/2025\/07\/cottage-porch-dtd-15-683x1024.jpg 683w, https:\/\/doubletakedecor.com\/uploads\/2025\/07\/cottage-porch-dtd-15-96x144.jpg 96w, https:\/\/doubletakedecor.com\/uploads\/2025\/07\/cottage-porch-dtd-15-280x420.jpg 280w, https:\/\/doubletakedecor.com\/uploads\/2025\/07\/cottage-porch-dtd-15-320x480.jpg 320w, https:\/\/doubletakedecor.com\/uploads\/2025\/07\/cottage-porch-dtd-15-360x540.jpg 360w, https:\/\/doubletakedecor.com\/uploads\/2025\/07\/cottage-porch-dtd-15-363x545.jpg 363w, https:\/\/doubletakedecor.com\/uploads\/2025\/07\/cottage-porch-dtd-15-370x555.jpg 370w, https:\/\/doubletakedecor.com\/uploads\/2025\/07\/cottage-porch-dtd-15-400x600.jpg 400w, https:\/\/doubletakedecor.com\/uploads\/2025\/07\/cottage-porch-dtd-15-560x840.jpg 560w, https:\/\/doubletakedecor.com\/uploads\/2025\/07\/cottage-porch-dtd-15-480x720.jpg 480w\" sizes=\"auto, (max-width: 700px) 100vw, 700px\" \/><\/p>\n<p>Teremts kellemes \u0151szi hangulatot a torn\u00e1con f\u00fcgg\u0151 p\u00e1fr\u00e1nyokkal \u00e9s narancss\u00e1rga vir\u00e1gokkal, amik j\u00f3l mutatnak a feh\u00e9r falakon. \u00c1ll\u00edts ki egy klasszikus hintasz\u00e9ket, ami otthonoss\u00e1got sug\u00e1roz, \u00e9s rendezd el elt\u00e9r\u0151 magass\u00e1g\u00fa vir\u00e1gtart\u00f3kban a n\u00f6v\u00e9nyeket a l\u00e9pcs\u0151n. Gondoskodj arr\u00f3l is, hogy a j\u00e1rda sz\u00e9pen gondozott legyen \u2013 ett\u0151l az eg\u00e9sz h\u00e1z csinosabb \u00e9s rendezettebb hat\u00e1st kelt az \u0151szi h\u00f3napokban is.<\/p>\n<h2>\u0150szi inspir\u00e1ci\u00f3 a torn\u00e1c sark\u00e1ban<\/h2>\n<p><img loading=\"lazy\" decoding=\"async\" width=\"700\" height=\"1050\" alt=\"Bar\u00e1ts\u00e1gos torn\u00e1c fonott sz\u00e9kkel, narancss\u00e1rga pokr\u00f3ccal, krizant\u00e9mokkal, rusztikus koszor\u00faval \u00e9s szezon\u00e1lis t\u00f6k\u00f6kkel.\" class=\"aligncenter size-full wp-image-3223\" src=\"https:\/\/doubletakedecor.com\/uploads\/2025\/07\/cottage-porch-dtd-16.jpg\" srcset=\"https:\/\/doubletakedecor.com\/uploads\/2025\/07\/cottage-porch-dtd-16.jpg 700w, https:\/\/doubletakedecor.com\/uploads\/2025\/07\/cottage-porch-dtd-16-200x300.jpg 200w, https:\/\/doubletakedecor.com\/uploads\/2025\/07\/cottage-porch-dtd-16-683x1024.jpg 683w, https:\/\/doubletakedecor.com\/uploads\/2025\/07\/cottage-porch-dtd-16-96x144.jpg 96w, https:\/\/doubletakedecor.com\/uploads\/2025\/07\/cottage-porch-dtd-16-280x420.jpg 280w, https:\/\/doubletakedecor.com\/uploads\/2025\/07\/cottage-porch-dtd-16-320x480.jpg 320w, https:\/\/doubletakedecor.com\/uploads\/2025\/07\/cottage-porch-dtd-16-360x540.jpg 360w, https:\/\/doubletakedecor.com\/uploads\/2025\/07\/cottage-porch-dtd-16-363x545.jpg 363w, https:\/\/doubletakedecor.com\/uploads\/2025\/07\/cottage-porch-dtd-16-370x555.jpg 370w, https:\/\/doubletakedecor.com\/uploads\/2025\/07\/cottage-porch-dtd-16-400x600.jpg 400w, https:\/\/doubletakedecor.com\/uploads\/2025\/07\/cottage-porch-dtd-16-560x840.jpg 560w, https:\/\/doubletakedecor.com\/uploads\/2025\/07\/cottage-porch-dtd-16-480x720.jpg 480w\" sizes=\"auto, (max-width: 700px) 100vw, 700px\" \/><\/p>\n<p>Alak\u00edts ki egy otthonos \u0151szi zugot egy k\u00e9nyelmes fonott sz\u00e9kkel \u00e9s meleg sz\u00edn\u0171 p\u00e1rn\u00e1kkal vagy takar\u00f3kkal. Helyezz k\u00fcl\u00f6nb\u00f6z\u0151 magass\u00e1g\u00fa cserepes krizant\u00e9mokat \u00e9s bokrokat a sarokba, tedd a f\u00f6ldre a feh\u00e9r \u00e9s narancss\u00e1rga t\u00f6k\u00f6ket, \u00e9s akassz ki egy rusztikus koszor\u00fat a falra. Ha van l\u00e9pcs\u0151zetes polcod, azon is elf\u00e9rnek az \u0151szi vir\u00e1gok a hangulat teljess\u00e9g\u00e9hez.<\/p>\n<h2>Bar\u00e1ts\u00e1gos torn\u00e1c szezon\u00e1lis d\u00edszekkel<\/h2>\n<p><img loading=\"lazy\" decoding=\"async\" width=\"700\" height=\"1050\" alt=\"Gy\u00f6ny\u00f6r\u0171 feh\u00e9r paraszth\u00e1z fa ajt\u00f3val, szezon\u00e1lis koszor\u00faval, fali l\u00e1mp\u00e1kkal, piros vir\u00e1gokkal \u00e9s fa paddal.\" class=\"aligncenter size-full wp-image-3229\" src=\"https:\/\/doubletakedecor.com\/uploads\/2025\/07\/cottage-porch-dtd-17.jpg\" srcset=\"https:\/\/doubletakedecor.com\/uploads\/2025\/07\/cottage-porch-dtd-17.jpg 700w, https:\/\/doubletakedecor.com\/uploads\/2025\/07\/cottage-porch-dtd-17-200x300.jpg 200w, https:\/\/doubletakedecor.com\/uploads\/2025\/07\/cottage-porch-dtd-17-683x1024.jpg 683w, https:\/\/doubletakedecor.com\/uploads\/2025\/07\/cottage-porch-dtd-17-96x144.jpg 96w, https:\/\/doubletakedecor.com\/uploads\/2025\/07\/cottage-porch-dtd-17-280x420.jpg 280w, https:\/\/doubletakedecor.com\/uploads\/2025\/07\/cottage-porch-dtd-17-320x480.jpg 320w, https:\/\/doubletakedecor.com\/uploads\/2025\/07\/cottage-porch-dtd-17-360x540.jpg 360w, https:\/\/doubletakedecor.com\/uploads\/2025\/07\/cottage-porch-dtd-17-363x545.jpg 363w, https:\/\/doubletakedecor.com\/uploads\/2025\/07\/cottage-porch-dtd-17-370x555.jpg 370w, https:\/\/doubletakedecor.com\/uploads\/2025\/07\/cottage-porch-dtd-17-400x600.jpg 400w, https:\/\/doubletakedecor.com\/uploads\/2025\/07\/cottage-porch-dtd-17-560x840.jpg 560w, https:\/\/doubletakedecor.com\/uploads\/2025\/07\/cottage-porch-dtd-17-480x720.jpg 480w\" sizes=\"auto, (max-width: 700px) 100vw, 700px\" \/><\/p>\n<p>Teremts id\u0151t\u00e1ll\u00f3, bar\u00e1ts\u00e1gos hangulatot, ha a f\u00e1b\u00f3l k\u00e9sz\u00fclt ajt\u00f3 mell\u00e9 mindk\u00e9t oldalra ugyanolyan l\u00e1mp\u00e1kat \u00e9s \u00f6sszeill\u0151 n\u00f6v\u00e9nyeket teszel. Rendezd el elt\u00e9r\u0151 magass\u00e1gokban a cserepes kompoz\u00edci\u00f3kat, hogy izgalmasabb legyen a l\u00e1tv\u00e1ny. Tegy\u00e9l ki egy szezon\u00e1lis koszor\u00fat, amely illik a h\u00e1z sz\u00edneihez. V\u00e9g\u00fcl egy k\u00e9nyelmes pad is j\u00f3l j\u00f6n, ha sz\u00edvesen \u00fcld\u00f6g\u00e9ln\u00e9l vagy besz\u00e9lgetn\u00e9l est\u00e9nk\u00e9nt a friss leveg\u0151n.<\/p>\n<h2>K\u00f6ves \u00f6sv\u00e9nyes bej\u00e1rat<\/h2>\n<p><img loading=\"lazy\" decoding=\"async\" width=\"700\" height=\"1050\" alt=\"Bar\u00e1ts\u00e1gos paraszth\u00e1z fa torn\u00e1ccal, k\u00f6ves \u00f6sv\u00e9nnyel, sz\u00ednes vir\u00e1g\u00e1gy\u00e1sokkal \u00e9s z\u00f6ld p\u00e1zsittal.\" class=\"aligncenter size-full wp-image-3235\" src=\"https:\/\/doubletakedecor.com\/uploads\/2025\/07\/cottage-porch-dtd-18.jpg\" srcset=\"https:\/\/doubletakedecor.com\/uploads\/2025\/07\/cottage-porch-dtd-18.jpg 700w, https:\/\/doubletakedecor.com\/uploads\/2025\/07\/cottage-porch-dtd-18-200x300.jpg 200w, https:\/\/doubletakedecor.com\/uploads\/2025\/07\/cottage-porch-dtd-18-683x1024.jpg 683w, https:\/\/doubletakedecor.com\/uploads\/2025\/07\/cottage-porch-dtd-18-96x144.jpg 96w, https:\/\/doubletakedecor.com\/uploads\/2025\/07\/cottage-porch-dtd-18-280x420.jpg 280w, https:\/\/doubletakedecor.com\/uploads\/2025\/07\/cottage-porch-dtd-18-320x480.jpg 320w, https:\/\/doubletakedecor.com\/uploads\/2025\/07\/cottage-porch-dtd-18-360x540.jpg 360w, https:\/\/doubletakedecor.com\/uploads\/2025\/07\/cottage-porch-dtd-18-363x545.jpg 363w, https:\/\/doubletakedecor.com\/uploads\/2025\/07\/cottage-porch-dtd-18-370x555.jpg 370w, https:\/\/doubletakedecor.com\/uploads\/2025\/07\/cottage-porch-dtd-18-400x600.jpg 400w, https:\/\/doubletakedecor.com\/uploads\/2025\/07\/cottage-porch-dtd-18-560x840.jpg 560w, https:\/\/doubletakedecor.com\/uploads\/2025\/07\/cottage-porch-dtd-18-480x720.jpg 480w\" sizes=\"auto, (max-width: 700px) 100vw, 700px\" \/><\/p>\n<p>Harmonikus bel\u00e9p\u0151t alak\u00edthatsz ki, ha nagy, lapos k\u00f6veket helyezel el, \u00e9s mellett\u00fck \u00e9l\u00e9nk cserepes n\u00f6v\u00e9nyekkel szeg\u00e9lyezed az utat. A k\u00f6vek rusztikus hat\u00e1st keltenek, a sz\u00ednes vir\u00e1gok pedig \u00e9letet visznek a l\u00e1tv\u00e1nyba. Mindkett\u0151t \u00e9rdemes \u00fagy elrendezni, hogy a l\u00e1togat\u00f3k tekintet\u00e9t egyenesen a torn\u00e1cod fel\u00e9 vezess\u00e9k.<\/p>\n<h2>Adirondack sz\u00e9kek vir\u00e1gd\u00edsz\u00edt\u00e9ssel<\/h2>\n<p><img loading=\"lazy\" decoding=\"async\" width=\"700\" height=\"1050\" alt=\"Hangulatos torn\u00e1c k\u00e9t vil\u00e1gos Adirondack sz\u00e9kkel, k\u00f6r\u00fcl\u00f6tt\u00fck z\u00f6ld n\u00f6v\u00e9nyek \u00e9s feh\u00e9r vir\u00e1gok cserepekben a fapadl\u00f3n.\" class=\"aligncenter size-full wp-image-3241\" src=\"https:\/\/doubletakedecor.com\/uploads\/2025\/07\/cottage-porch-dtd-19.jpg\" srcset=\"https:\/\/doubletakedecor.com\/uploads\/2025\/07\/cottage-porch-dtd-19.jpg 700w, https:\/\/doubletakedecor.com\/uploads\/2025\/07\/cottage-porch-dtd-19-200x300.jpg 200w, https:\/\/doubletakedecor.com\/uploads\/2025\/07\/cottage-porch-dtd-19-683x1024.jpg 683w, https:\/\/doubletakedecor.com\/uploads\/2025\/07\/cottage-porch-dtd-19-96x144.jpg 96w, https:\/\/doubletakedecor.com\/uploads\/2025\/07\/cottage-porch-dtd-19-280x420.jpg 280w, https:\/\/doubletakedecor.com\/uploads\/2025\/07\/cottage-porch-dtd-19-320x480.jpg 320w, https:\/\/doubletakedecor.com\/uploads\/2025\/07\/cottage-porch-dtd-19-360x540.jpg 360w, https:\/\/doubletakedecor.com\/uploads\/2025\/07\/cottage-porch-dtd-19-363x545.jpg 363w, https:\/\/doubletakedecor.com\/uploads\/2025\/07\/cottage-porch-dtd-19-370x555.jpg 370w, https:\/\/doubletakedecor.com\/uploads\/2025\/07\/cottage-porch-dtd-19-400x600.jpg 400w, https:\/\/doubletakedecor.com\/uploads\/2025\/07\/cottage-porch-dtd-19-560x840.jpg 560w, https:\/\/doubletakedecor.com\/uploads\/2025\/07\/cottage-porch-dtd-19-480x720.jpg 480w\" sizes=\"auto, (max-width: 700px) 100vw, 700px\" \/><\/p>\n<p>Hozz l\u00e9tre egy nyugodt pihen\u0151sarkot vil\u00e1gos Adirondack sz\u00e9kekkel \u00e9s vid\u00e1m cserepes vir\u00e1gokkal! Tegy\u00e9l egy feh\u00e9r ker\u00e1miakors\u00f3ba vir\u00e1gz\u00f3 n\u00f6v\u00e9nyt a sz\u00e9kek k\u00f6z\u00e9, \u00edgy az lesz a k\u00f6z\u00e9ppontban. A meleg fapadl\u00f3 term\u00e9szetes hangulatot ad, a falon l\u00e9v\u0151 l\u00e1mp\u00e1sok pedig est\u00e9nk\u00e9nt is bar\u00e1ts\u00e1goss\u00e1 teszik a helyet. A cserepeket nyugodtan elhelyezheted k\u00fcl\u00f6nb\u00f6z\u0151 magass\u00e1gban, hogy v\u00e1ltozatosabb legyen az \u00f6sszhat\u00e1s.<\/p>\n<h2>Kertre n\u00e9z\u0151 bej\u00e1rat<\/h2>\n<p><img loading=\"lazy\" decoding=\"async\" width=\"700\" height=\"1050\" alt=\"Hangulatos bej\u00e1rat dupla ajt\u00f3val \u00e9s \u00e1ttetsz\u0151 f\u00fcgg\u00f6nnyel, kil\u00e1t\u00e1ssal a kertbe cserepes n\u00f6v\u00e9nyekkel \u00e9s \u00e9tkez\u0151asztallal, bent pedig rusztikus dekor\u00e1ci\u00f3kkal.\" class=\"aligncenter size-full wp-image-3247\" src=\"https:\/\/doubletakedecor.com\/uploads\/2025\/07\/cottage-porch-dtd-20.jpg\" srcset=\"https:\/\/doubletakedecor.com\/uploads\/2025\/07\/cottage-porch-dtd-20.jpg 700w, https:\/\/doubletakedecor.com\/uploads\/2025\/07\/cottage-porch-dtd-20-200x300.jpg 200w, https:\/\/doubletakedecor.com\/uploads\/2025\/07\/cottage-porch-dtd-20-683x1024.jpg 683w, https:\/\/doubletakedecor.com\/uploads\/2025\/07\/cottage-porch-dtd-20-96x144.jpg 96w, https:\/\/doubletakedecor.com\/uploads\/2025\/07\/cottage-porch-dtd-20-280x420.jpg 280w, https:\/\/doubletakedecor.com\/uploads\/2025\/07\/cottage-porch-dtd-20-320x480.jpg 320w, https:\/\/doubletakedecor.com\/uploads\/2025\/07\/cottage-porch-dtd-20-360x540.jpg 360w, https:\/\/doubletakedecor.com\/uploads\/2025\/07\/cottage-porch-dtd-20-363x545.jpg 363w, https:\/\/doubletakedecor.com\/uploads\/2025\/07\/cottage-porch-dtd-20-370x555.jpg 370w, https:\/\/doubletakedecor.com\/uploads\/2025\/07\/cottage-porch-dtd-20-400x600.jpg 400w, https:\/\/doubletakedecor.com\/uploads\/2025\/07\/cottage-porch-dtd-20-560x840.jpg 560w, https:\/\/doubletakedecor.com\/uploads\/2025\/07\/cottage-porch-dtd-20-480x720.jpg 480w\" sizes=\"auto, (max-width: 700px) 100vw, 700px\" \/><\/p>\n<p>Tedd k\u00fcl\u00f6nlegess\u00e9 az \u00e1tmenetet a h\u00e1z \u00e9s a kert k\u00f6z\u00f6tt \u00e1ttetsz\u0151 f\u00fcgg\u00f6ny\u00f6kkel, melyek l\u00e1gy\u00edtj\u00e1k az ajt\u00f3 vonalait, de m\u00e9gis \u00e1tengedik a term\u00e9szetes f\u00e9nyt. A cserepes n\u00f6v\u00e9nyeket \u00fagy rendezd el, hogy vezet\u0151 utat k\u00e9pezzenek bent \u00e9s kint k\u00f6z\u00f6tt. Fonott kosarakkal vagy mint\u00e1s sz\u0151nyegekkel m\u00e9g hangulatosabb\u00e1 teheted ezt a kicsi \u00e1tj\u00e1r\u00f3 r\u00e9szt.<\/p>\n<h2>Klasszikus bej\u00e1rat k\u0151l\u00e9pcs\u0151kkel \u00e9s fekete ajt\u00f3val<\/h2>\n<p><img loading=\"lazy\" decoding=\"async\" width=\"700\" height=\"1050\" alt=\"Hangulatos paraszth\u00e1zi bej\u00e1rat k\u0151l\u00e9pcs\u0151vel, d\u00edszes fekete ajt\u00f3val, fali l\u00e1mp\u00e1val \u00e9s \u00e9l\u00e9nk lila vir\u00e1gokkal.\" class=\"aligncenter size-full wp-image-3253\" src=\"https:\/\/doubletakedecor.com\/uploads\/2025\/07\/cottage-porch-dtd-21.jpg\" srcset=\"https:\/\/doubletakedecor.com\/uploads\/2025\/07\/cottage-porch-dtd-21.jpg 700w, https:\/\/doubletakedecor.com\/uploads\/2025\/07\/cottage-porch-dtd-21-200x300.jpg 200w, https:\/\/doubletakedecor.com\/uploads\/2025\/07\/cottage-porch-dtd-21-683x1024.jpg 683w, https:\/\/doubletakedecor.com\/uploads\/2025\/07\/cottage-porch-dtd-21-96x144.jpg 96w, https:\/\/doubletakedecor.com\/uploads\/2025\/07\/cottage-porch-dtd-21-280x420.jpg 280w, https:\/\/doubletakedecor.com\/uploads\/2025\/07\/cottage-porch-dtd-21-320x480.jpg 320w, https:\/\/doubletakedecor.com\/uploads\/2025\/07\/cottage-porch-dtd-21-360x540.jpg 360w, https:\/\/doubletakedecor.com\/uploads\/2025\/07\/cottage-porch-dtd-21-363x545.jpg 363w, https:\/\/doubletakedecor.com\/uploads\/2025\/07\/cottage-porch-dtd-21-370x555.jpg 370w, https:\/\/doubletakedecor.com\/uploads\/2025\/07\/cottage-porch-dtd-21-400x600.jpg 400w, https:\/\/doubletakedecor.com\/uploads\/2025\/07\/cottage-porch-dtd-21-560x840.jpg 560w, https:\/\/doubletakedecor.com\/uploads\/2025\/07\/cottage-porch-dtd-21-480x720.jpg 480w\" sizes=\"auto, (max-width: 700px) 100vw, 700px\" \/><\/p>\n<p>Eleg\u00e1ns hangulatot teremthetsz, ha id\u0151t\u00e1ll\u00f3 fekete ajt\u00f3t v\u00e1lasztasz \u00e9s mell\u00e9 d\u00edszes oldalvil\u00e1g\u00edt\u00e1st telep\u00edtesz. A l\u00e9pcs\u0151k k\u00e9t oldal\u00e1n szimmetrikusan elhelyezett cserepes n\u00f6v\u00e9nyek rendezett\u00e9 teszik a bej\u00e1ratot, a kertben el\u00fcltetett lila vir\u00e1gok pedig bar\u00e1ts\u00e1gos, m\u00e9gis el\u0151kel\u0151 l\u00e1tv\u00e1nyt ny\u00fajtanak.<\/p>\n<h2>Fonott sz\u00e9kek, puha r\u00e9szletekkel<\/h2>\n<p><img loading=\"lazy\" decoding=\"async\" width=\"700\" height=\"1049\" alt=\"Hangulatos torn\u00e1c k\u00e9t fonott sz\u00e9kkel, kr\u00e9msz\u00edn\u0171 p\u00e1rn\u00e1kkal, m\u0171sz\u0151rme pl\u00e9ddel \u00e9s fekete asztalk\u00e1val, fel\u00fcl f\u00fcgg\u0151 l\u00e1mp\u00e1ssal.\" class=\"aligncenter size-full wp-image-3259\" src=\"https:\/\/doubletakedecor.com\/uploads\/2025\/07\/cottage-porch-dtd-22.jpg\" srcset=\"https:\/\/doubletakedecor.com\/uploads\/2025\/07\/cottage-porch-dtd-22.jpg 700w, https:\/\/doubletakedecor.com\/uploads\/2025\/07\/cottage-porch-dtd-22-200x300.jpg 200w, https:\/\/doubletakedecor.com\/uploads\/2025\/07\/cottage-porch-dtd-22-683x1024.jpg 683w, https:\/\/doubletakedecor.com\/uploads\/2025\/07\/cottage-porch-dtd-22-96x144.jpg 96w, https:\/\/doubletakedecor.com\/uploads\/2025\/07\/cottage-porch-dtd-22-280x420.jpg 280w, https:\/\/doubletakedecor.com\/uploads\/2025\/07\/cottage-porch-dtd-22-320x480.jpg 320w, https:\/\/doubletakedecor.com\/uploads\/2025\/07\/cottage-porch-dtd-22-360x539.jpg 360w, https:\/\/doubletakedecor.com\/uploads\/2025\/07\/cottage-porch-dtd-22-363x544.jpg 363w, https:\/\/doubletakedecor.com\/uploads\/2025\/07\/cottage-porch-dtd-22-370x554.jpg 370w, https:\/\/doubletakedecor.com\/uploads\/2025\/07\/cottage-porch-dtd-22-400x599.jpg 400w, https:\/\/doubletakedecor.com\/uploads\/2025\/07\/cottage-porch-dtd-22-560x839.jpg 560w, https:\/\/doubletakedecor.com\/uploads\/2025\/07\/cottage-porch-dtd-22-480x719.jpg 480w\" sizes=\"auto, (max-width: 700px) 100vw, 700px\" \/><\/p>\n<p>Bar\u00e1ts\u00e1gos pihen\u0151sarkot alak\u00edthatsz ki a torn\u00e1con fonott sz\u00e9kekkel, vastag p\u00e1rn\u00e1kkal. Egy m\u0171sz\u0151rme pl\u00e9d a sz\u00e9ken melegebb\u00e9 teszi a h\u0171v\u00f6sebb est\u00e9ket. Egy kis kerek asztalra leteheted az innival\u00f3dat, a f\u00f6l\u00e9 l\u00f3gatott klasszikus l\u00e1mp\u00e1ssal pedig est\u00e9nk\u00e9nt is hangulatos marad a kuck\u00f3d.<\/p>\n<h2>Napf\u00e9nyes torn\u00e1c, mint egy o\u00e1zis<\/h2>\n<p><img loading=\"lazy\" decoding=\"async\" width=\"700\" height=\"1050\" alt=\"Vil\u00e1gos napf\u00e9nyes szoba feh\u00e9r falakkal, fonott kanap\u00e9val, sz\u00ednes p\u00e1rn\u00e1kkal \u00e9s nyitott ajt\u00f3val a kert fel\u00e9.\" class=\"aligncenter size-full wp-image-3265\" src=\"https:\/\/doubletakedecor.com\/uploads\/2025\/07\/cottage-porch-dtd-23.jpg\" srcset=\"https:\/\/doubletakedecor.com\/uploads\/2025\/07\/cottage-porch-dtd-23.jpg 700w, https:\/\/doubletakedecor.com\/uploads\/2025\/07\/cottage-porch-dtd-23-200x300.jpg 200w, https:\/\/doubletakedecor.com\/uploads\/2025\/07\/cottage-porch-dtd-23-683x1024.jpg 683w, https:\/\/doubletakedecor.com\/uploads\/2025\/07\/cottage-porch-dtd-23-96x144.jpg 96w, https:\/\/doubletakedecor.com\/uploads\/2025\/07\/cottage-porch-dtd-23-280x420.jpg 280w, https:\/\/doubletakedecor.com\/uploads\/2025\/07\/cottage-porch-dtd-23-320x480.jpg 320w, https:\/\/doubletakedecor.com\/uploads\/2025\/07\/cottage-porch-dtd-23-360x540.jpg 360w, https:\/\/doubletakedecor.com\/uploads\/2025\/07\/cottage-porch-dtd-23-363x545.jpg 363w, https:\/\/doubletakedecor.com\/uploads\/2025\/07\/cottage-porch-dtd-23-370x555.jpg 370w, https:\/\/doubletakedecor.com\/uploads\/2025\/07\/cottage-porch-dtd-23-400x600.jpg 400w, https:\/\/doubletakedecor.com\/uploads\/2025\/07\/cottage-porch-dtd-23-560x840.jpg 560w, https:\/\/doubletakedecor.com\/uploads\/2025\/07\/cottage-porch-dtd-23-480x720.jpg 480w\" sizes=\"auto, (max-width: 700px) 100vw, 700px\" \/><\/p>\n<p>Teremts \u00e1tmenetet a h\u00e1z \u00e9s kert k\u00f6z\u00f6tt egy vil\u00e1gos, feh\u00e9r fal\u00fa napf\u00e9nyes szob\u00e1val, ahol fonott b\u00fatorok \u00e9s sz\u00ednes p\u00e1rn\u00e1k teremtik meg az otthonoss\u00e1got. Tegy\u00e9l le fonott sz\u0151nyeget a fa padl\u00f3ra a term\u00e9szetes hat\u00e1s\u00e9rt. \u00dagy helyezd el az \u00fcl\u0151helyeket, hogy j\u00f3l r\u00e1l\u00e1ssatok a kertre, \u00e9s helyezz el egy k\u00fclt\u00e9ri asztalt az ajt\u00f3n k\u00edv\u00fcl, ha nagyobb t\u00e1rsas\u00e1gnak is szeretn\u00e9l teret adni. Haszn\u00e1lj vil\u00e1gos sz\u00edneket, hogy min\u00e9l t\u00f6bb napf\u00e9nyt visszaverjenek a szob\u00e1ban.<\/p>\n<h2>Rusztikus torn\u00e1c bej\u00e1rat<\/h2>\n<p><img loading=\"lazy\" decoding=\"async\" width=\"700\" height=\"1049\" alt=\"Megh\u00edv\u00f3 torn\u00e1c kr\u00e9msz\u00edn\u0171 ajt\u00f3val, d\u00edszes l\u00e1mp\u00e1sokkal, cserepes n\u00f6v\u00e9nyekkel \u00e9s r\u00e9gi fa paddal a k\u00f6vezeten.\" class=\"aligncenter size-full wp-image-3271\" src=\"https:\/\/doubletakedecor.com\/uploads\/2025\/07\/cottage-porch-dtd-24.jpg\" srcset=\"https:\/\/doubletakedecor.com\/uploads\/2025\/07\/cottage-porch-dtd-24.jpg 700w, https:\/\/doubletakedecor.com\/uploads\/2025\/07\/cottage-porch-dtd-24-200x300.jpg 200w, https:\/\/doubletakedecor.com\/uploads\/2025\/07\/cottage-porch-dtd-24-683x1024.jpg 683w, https:\/\/doubletakedecor.com\/uploads\/2025\/07\/cottage-porch-dtd-24-96x144.jpg 96w, https:\/\/doubletakedecor.com\/uploads\/2025\/07\/cottage-porch-dtd-24-280x420.jpg 280w, https:\/\/doubletakedecor.com\/uploads\/2025\/07\/cottage-porch-dtd-24-320x480.jpg 320w, https:\/\/doubletakedecor.com\/uploads\/2025\/07\/cottage-porch-dtd-24-360x539.jpg 360w, https:\/\/doubletakedecor.com\/uploads\/2025\/07\/cottage-porch-dtd-24-363x544.jpg 363w, https:\/\/doubletakedecor.com\/uploads\/2025\/07\/cottage-porch-dtd-24-370x554.jpg 370w, https:\/\/doubletakedecor.com\/uploads\/2025\/07\/cottage-porch-dtd-24-400x599.jpg 400w, https:\/\/doubletakedecor.com\/uploads\/2025\/07\/cottage-porch-dtd-24-560x839.jpg 560w, https:\/\/doubletakedecor.com\/uploads\/2025\/07\/cottage-porch-dtd-24-480x719.jpg 480w\" sizes=\"auto, (max-width: 700px) 100vw, 700px\" \/><\/p>\n<p>Hangulatos torn\u00e1cod lehet egyszer\u0171, rusztikus elemekkel \u00e9s praktikus d\u00edszekkel. Tegy\u00e9l ki egy l\u00e1mp\u00e1st, hogy este is vil\u00e1gos legyen, a k\u0151 burkolat id\u0151tlen hat\u00e1st kelt, az agyagcserepekben k\u00fcl\u00f6nf\u00e9le z\u00f6ld n\u00f6v\u00e9nyek term\u00e9szetesen keretezik az ajt\u00f3t. Egy egyszer\u0171 fa pad pedig nemcsak d\u00edsz, de le is \u00fclhetsz r\u00e1, mik\u00f6zben \u00e9lvezed a kerted l\u00e1tv\u00e1ny\u00e1t.<\/p>\n<h2>K\u0151h\u00e1zas kert, mint b\u00fav\u00f3hely<\/h2>\n<p><img loading=\"lazy\" decoding=\"async\" width=\"700\" height=\"1050\" alt=\"Hangulatos k\u0151h\u00e1z fut\u00f3n\u00f6v\u00e9nyekkel, z\u00f6ld p\u00e1zsittal \u00e9s rusztikus fa b\u00fatorokkal a kertben.\" class=\"aligncenter size-full wp-image-3277\" src=\"https:\/\/doubletakedecor.com\/uploads\/2025\/07\/cottage-porch-dtd-25.jpg\" srcset=\"https:\/\/doubletakedecor.com\/uploads\/2025\/07\/cottage-porch-dtd-25.jpg 700w, https:\/\/doubletakedecor.com\/uploads\/2025\/07\/cottage-porch-dtd-25-200x300.jpg 200w, https:\/\/doubletakedecor.com\/uploads\/2025\/07\/cottage-porch-dtd-25-683x1024.jpg 683w, https:\/\/doubletakedecor.com\/uploads\/2025\/07\/cottage-porch-dtd-25-96x144.jpg 96w, https:\/\/doubletakedecor.com\/uploads\/2025\/07\/cottage-porch-dtd-25-280x420.jpg 280w, https:\/\/doubletakedecor.com\/uploads\/2025\/07\/cottage-porch-dtd-25-320x480.jpg 320w, https:\/\/doubletakedecor.com\/uploads\/2025\/07\/cottage-porch-dtd-25-360x540.jpg 360w, https:\/\/doubletakedecor.com\/uploads\/2025\/07\/cottage-porch-dtd-25-363x545.jpg 363w, https:\/\/doubletakedecor.com\/uploads\/2025\/07\/cottage-porch-dtd-25-370x555.jpg 370w, https:\/\/doubletakedecor.com\/uploads\/2025\/07\/cottage-porch-dtd-25-400x600.jpg 400w, https:\/\/doubletakedecor.com\/uploads\/2025\/07\/cottage-porch-dtd-25-560x840.jpg 560w, https:\/\/doubletakedecor.com\/uploads\/2025\/07\/cottage-porch-dtd-25-480x720.jpg 480w\" sizes=\"auto, (max-width: 700px) 100vw, 700px\" \/><\/p>\n<p>K\u00fcl\u00f6nleges kertet var\u00e1zsolhatsz a h\u00e1zad k\u00f6r\u00e9, ha hagyod, hogy fut\u00f3n\u00f6v\u00e9nyek bor\u00edts\u00e1k a k\u0151falakat. Tegy\u00e9l ki fa b\u00fatorokat a f\u0171re, \u00edgy a szabadban is tudtok enni vagy besz\u00e9lgetni. Fontos, hogy a sz\u00e9keket, asztalokat csoportosan rendezd el a t\u00e1rsas\u00e1ghoz, a vir\u00e1g\u00e1gy\u00e1sok pedig j\u00f3l kijel\u00f6lik a z\u00f6ld ter\u00fclet sz\u00e9l\u00e9t. Adj hozz\u00e1 n\u00e9mi szab\u00e1lytalans\u00e1got is, hogy igazi vid\u00e9ki hangulat legyen!<\/p>\n<h2>Tengerparti hangulat\u00fa t\u00fcrkiz torn\u00e1c<\/h2>\n<p><img loading=\"lazy\" decoding=\"async\" width=\"700\" height=\"1050\" alt=\"Torn\u00e1c b\u00e9zs sarokkanap\u00e9val, t\u00fcrkiz kieg\u00e9sz\u00edt\u0151kkel, fonott \u00e9tkez\u0151garnit\u00far\u00e1val \u00e9s \u00e1ttetsz\u0151 f\u00fcgg\u00f6ny\u00f6kkel.\" class=\"aligncenter size-full wp-image-3283\" src=\"https:\/\/doubletakedecor.com\/uploads\/2025\/07\/cottage-porch-dtd-26.jpg\" srcset=\"https:\/\/doubletakedecor.com\/uploads\/2025\/07\/cottage-porch-dtd-26.jpg 700w, https:\/\/doubletakedecor.com\/uploads\/2025\/07\/cottage-porch-dtd-26-200x300.jpg 200w, https:\/\/doubletakedecor.com\/uploads\/2025\/07\/cottage-porch-dtd-26-683x1024.jpg 683w, https:\/\/doubletakedecor.com\/uploads\/2025\/07\/cottage-porch-dtd-26-96x144.jpg 96w, https:\/\/doubletakedecor.com\/uploads\/2025\/07\/cottage-porch-dtd-26-280x420.jpg 280w, https:\/\/doubletakedecor.com\/uploads\/2025\/07\/cottage-porch-dtd-26-320x480.jpg 320w, https:\/\/doubletakedecor.com\/uploads\/2025\/07\/cottage-porch-dtd-26-360x540.jpg 360w, https:\/\/doubletakedecor.com\/uploads\/2025\/07\/cottage-porch-dtd-26-363x545.jpg 363w, https:\/\/doubletakedecor.com\/uploads\/2025\/07\/cottage-porch-dtd-26-370x555.jpg 370w, https:\/\/doubletakedecor.com\/uploads\/2025\/07\/cottage-porch-dtd-26-400x600.jpg 400w, https:\/\/doubletakedecor.com\/uploads\/2025\/07\/cottage-porch-dtd-26-560x840.jpg 560w, https:\/\/doubletakedecor.com\/uploads\/2025\/07\/cottage-porch-dtd-26-480x720.jpg 480w\" sizes=\"auto, (max-width: 700px) 100vw, 700px\" \/><\/p>\n<p>Alak\u00edts ki tengerparti hangulatot a torn\u00e1con b\u00e9zs sarok\u00fcl\u0151vel, \u00e9l\u00e9nk t\u00fcrkiz p\u00e1rn\u00e1kkal \u00e9s fonott \u00e9tkez\u0151asztallal. T\u00f6bb, kisebb asztallal k\u00fcl\u00f6n z\u00f3n\u00e1kat teremthetsz \u00e9tkez\u00e9shez \u00e9s pihen\u00e9shez is. Szerelj fel \u00e1ttetsz\u0151 f\u00fcgg\u00f6ny\u00f6ket, hogy megmaradjon a vil\u00e1goss\u00e1g, de legyen n\u00e9mi priv\u00e1t szf\u00e9ra is. Ventil\u00e1tort is haszn\u00e1lhatsz a melegebb napokon, s egy k\u00fclt\u00e9ri sz\u0151nyeg elhat\u00e1rolja ezt a r\u00e9szt, hogy m\u00e9g otthonosabb legyen.<\/p>\n<h2>Napf\u00e9nyes verandaszoba, mint mened\u00e9k<\/h2>\n<p><img loading=\"lazy\" decoding=\"async\" width=\"700\" height=\"1050\" alt=\"Hangulatos napf\u00e9nyes szoba feh\u00e9r zsalug\u00e1terrel, vil\u00e1gos kanap\u00e9val, k\u00e9k-z\u00f6ld p\u00e1rn\u00e1kkal, fa sz\u00e9kkel \u00e9s rusztikus doh\u00e1nyz\u00f3asztallal, k\u00f6r\u00fcl\u00f6tte sok cserepes n\u00f6v\u00e9nnyel.\" class=\"aligncenter size-full wp-image-3289\" src=\"https:\/\/doubletakedecor.com\/uploads\/2025\/07\/cottage-porch-dtd-27.jpg\" srcset=\"https:\/\/doubletakedecor.com\/uploads\/2025\/07\/cottage-porch-dtd-27.jpg 700w, https:\/\/doubletakedecor.com\/uploads\/2025\/07\/cottage-porch-dtd-27-200x300.jpg 200w, https:\/\/doubletakedecor.com\/uploads\/2025\/07\/cottage-porch-dtd-27-683x1024.jpg 683w, https:\/\/doubletakedecor.com\/uploads\/2025\/07\/cottage-porch-dtd-27-96x144.jpg 96w, https:\/\/doubletakedecor.com\/uploads\/2025\/07\/cottage-porch-dtd-27-280x420.jpg 280w, https:\/\/doubletakedecor.com\/uploads\/2025\/07\/cottage-porch-dtd-27-320x480.jpg 320w, https:\/\/doubletakedecor.com\/uploads\/2025\/07\/cottage-porch-dtd-27-360x540.jpg 360w, https:\/\/doubletakedecor.com\/uploads\/2025\/07\/cottage-porch-dtd-27-363x545.jpg 363w, https:\/\/doubletakedecor.com\/uploads\/2025\/07\/cottage-porch-dtd-27-370x555.jpg 370w, https:\/\/doubletakedecor.com\/uploads\/2025\/07\/cottage-porch-dtd-27-400x600.jpg 400w, https:\/\/doubletakedecor.com\/uploads\/2025\/07\/cottage-porch-dtd-27-560x840.jpg 560w, https:\/\/doubletakedecor.com\/uploads\/2025\/07\/cottage-porch-dtd-27-480x720.jpg 480w\" sizes=\"auto, (max-width: 700px) 100vw, 700px\" \/><\/p>\n<p>Var\u00e1zsolj nyugalmas szob\u00e1t a torn\u00e1cb\u00f3l, ahol a sok f\u00e9ny mellett \u00e1ll\u00edthat\u00f3 zsalug\u00e1terekkel szab\u00e1lyozhatod a vil\u00e1goss\u00e1got. Rakj le k\u00e9nyelmes \u00fcl\u0151helyeket a k\u00e9k-z\u00f6ld p\u00e1rn\u00e1kkal, egy rusztikus doh\u00e1nyz\u00f3asztal k\u00f6r\u00e9. Cserepes n\u00f6v\u00e9nyeket rendezz el mindenhol, hogy friss \u00e9s term\u00e9szetes legyen az \u00f6sszk\u00e9p, \u00e9s egy fonott sz\u0151nyeg seg\u00edt puh\u00edtani a s\u00f6t\u00e9t padl\u00f3 hat\u00e1s\u00e1t. A vil\u00e1gos b\u00fatorok sz\u00e9p kontrasztot adnak a s\u00f6t\u00e9t f\u00e1hoz.<\/p>\n<h2>Eleg\u00e1ns, kerek asztalos torn\u00e1c<\/h2>\n<p><img loading=\"lazy\" decoding=\"async\" width=\"700\" height=\"1050\" alt=\"Hangulatos torn\u00e1c s\u00f6t\u00e9t kerek asztallal \u00e9s n\u00e9gy feh\u00e9r, d\u00edszes f\u00e9msz\u00e9kkel fa padl\u00f3n, feh\u00e9r korl\u00e1ttal \u00e9s sz\u00e9p kertre ny\u00edl\u00f3 kil\u00e1t\u00e1ssal.\" class=\"aligncenter size-full wp-image-3295\" src=\"https:\/\/doubletakedecor.com\/uploads\/2025\/07\/cottage-porch-dtd-28.jpg\" srcset=\"https:\/\/doubletakedecor.com\/uploads\/2025\/07\/cottage-porch-dtd-28.jpg 700w, https:\/\/doubletakedecor.com\/uploads\/2025\/07\/cottage-porch-dtd-28-200x300.jpg 200w, https:\/\/doubletakedecor.com\/uploads\/2025\/07\/cottage-porch-dtd-28-683x1024.jpg 683w, https:\/\/doubletakedecor.com\/uploads\/2025\/07\/cottage-porch-dtd-28-96x144.jpg 96w, https:\/\/doubletakedecor.com\/uploads\/2025\/07\/cottage-porch-dtd-28-280x420.jpg 280w, https:\/\/doubletakedecor.com\/uploads\/2025\/07\/cottage-porch-dtd-28-320x480.jpg 320w, https:\/\/doubletakedecor.com\/uploads\/2025\/07\/cottage-porch-dtd-28-360x540.jpg 360w, https:\/\/doubletakedecor.com\/uploads\/2025\/07\/cottage-porch-dtd-28-363x545.jpg 363w, https:\/\/doubletakedecor.com\/uploads\/2025\/07\/cottage-porch-dtd-28-370x555.jpg 370w, https:\/\/doubletakedecor.com\/uploads\/2025\/07\/cottage-porch-dtd-28-400x600.jpg 400w, https:\/\/doubletakedecor.com\/uploads\/2025\/07\/cottage-porch-dtd-28-560x840.jpg 560w, https:\/\/doubletakedecor.com\/uploads\/2025\/07\/cottage-porch-dtd-28-480x720.jpg 480w\" sizes=\"auto, (max-width: 700px) 100vw, 700px\" \/><\/p>\n<p>Szervezz st\u00edlusos szabadt\u00e9ri \u00e9tkez\u00e9st egy s\u00f6t\u00e9t, kerek asztallal \u00e9s d\u00edszes feh\u00e9r f\u00e9m sz\u00e9kekkel. Az elrendez\u00e9st helyezd a feh\u00e9r korl\u00e1tok mell\u00e9, \u00edgy v\u00e9dve marad a priv\u00e1t szf\u00e9ra, \u00e9s a kertre is gy\u00f6ny\u00f6r\u0171 a kil\u00e1t\u00e1s. Egy apr\u00f3 cserepes n\u00f6v\u00e9nyt is tehetsz az asztalra, amit\u0151l m\u00e9g bar\u00e1ts\u00e1gosabb lesz a hely. Ez a megold\u00e1s eg\u00e9sz \u00e9vben j\u00f3l haszn\u00e1lhat\u00f3 a fedett fa torn\u00e1cokon.<\/p>\n<h2>Rusztikus hintasz\u00e9kes torn\u00e1c az \u0151sz jegy\u00e9ben<\/h2>\n<p><img loading=\"lazy\" decoding=\"async\" width=\"700\" height=\"1049\" alt=\"Hangulatos \u0151szi torn\u00e1c n\u00e9gy fa hintasz\u00e9kkel, r\u00e9gi asztalon t\u00f6k\u00f6kkel \u00e9s f\u00fcgg\u0151l\u00e1mp\u00e1s vil\u00e1g\u00edt\u00e1ssal.\" class=\"aligncenter size-full wp-image-3301\" src=\"https:\/\/doubletakedecor.com\/uploads\/2025\/07\/cottage-porch-dtd-29.jpg\" srcset=\"https:\/\/doubletakedecor.com\/uploads\/2025\/07\/cottage-porch-dtd-29.jpg 700w, https:\/\/doubletakedecor.com\/uploads\/2025\/07\/cottage-porch-dtd-29-200x300.jpg 200w, https:\/\/doubletakedecor.com\/uploads\/2025\/07\/cottage-porch-dtd-29-683x1024.jpg 683w, https:\/\/doubletakedecor.com\/uploads\/2025\/07\/cottage-porch-dtd-29-96x144.jpg 96w, https:\/\/doubletakedecor.com\/uploads\/2025\/07\/cottage-porch-dtd-29-280x420.jpg 280w, https:\/\/doubletakedecor.com\/uploads\/2025\/07\/cottage-porch-dtd-29-320x480.jpg 320w, https:\/\/doubletakedecor.com\/uploads\/2025\/07\/cottage-porch-dtd-29-360x539.jpg 360w, https:\/\/doubletakedecor.com\/uploads\/2025\/07\/cottage-porch-dtd-29-363x544.jpg 363w, https:\/\/doubletakedecor.com\/uploads\/2025\/07\/cottage-porch-dtd-29-370x554.jpg 370w, https:\/\/doubletakedecor.com\/uploads\/2025\/07\/cottage-porch-dtd-29-400x599.jpg 400w, https:\/\/doubletakedecor.com\/uploads\/2025\/07\/cottage-porch-dtd-29-560x839.jpg 560w, https:\/\/doubletakedecor.com\/uploads\/2025\/07\/cottage-porch-dtd-29-480x719.jpg 480w\" sizes=\"auto, (max-width: 700px) 100vw, 700px\" \/><\/p>\n<p>Var\u00e1zsolj igazi \u0151szi mened\u00e9ket a torn\u00e1cra! A hintasz\u00e9keket rendezd k\u00f6rbe, hogy k\u00e9nyelmes legyen a besz\u00e9lget\u00e9s. Az asztalk\u00e1n helyezd el a t\u00f6k\u00f6ket, ezek mutat\u00f3s k\u00f6z\u00e9ppontjai lesznek a dekor\u00e1ci\u00f3nak. A f\u00fcgg\u0151l\u00e1mp\u00e1s meleg f\u00e9nyt ad est\u00e9nk\u00e9nt, a letisztult fa h\u00e1tt\u00e9r pedig kiemeli az \u0151szi sz\u00ednes d\u00edszeket, \u00edgy m\u00e9g hangulatosabb lesz az eg\u00e9sz torn\u00e1cod.<\/p>\n<h2>GYIK<\/h2>\n<details class=\"g-accordion \"><summary><h3>Mit\u0151l lesz h\u00edvogat\u00f3 egy vid\u00e9ki torn\u00e1c?<\/h3><\/summary>\n<p>Egy igaz\u00e1n h\u00edvogat\u00f3 vid\u00e9ki torn\u00e1cot n\u00e9h\u00e1ny kulcselem tesz otthonoss\u00e1 \u00e9s bar\u00e1ts\u00e1goss\u00e1:<\/p>\n<ul>\n<li>k\u00e9nyelmes b\u00fatorok, mint a fonott sz\u00e9kek vagy ring\u00f3padok, egyszerre ny\u00fajtanak pihen\u00e9st \u00e9s b\u00e1jt,<\/li>\n<li>cserepes n\u00f6v\u00e9nyek, p\u00e9ld\u00e1ul musk\u00e1tlik \u00e9s hortenzi\u00e1k, \u00e9l\u00e9nk sz\u00edneket \u00e9s term\u00e9szetk\u00f6zeli hangulatot visznek a t\u00e9rbe,<\/li>\n<li>d\u00edszek, mint ajt\u00f3koszor\u00fak vagy szezon\u00e1lis dekor\u00e1ci\u00f3k, m\u00e9g otthonosabb\u00e1 var\u00e1zsolj\u00e1k a bej\u00e1ratot.<\/li>\n<\/ul>\n<p>A rusztikus st\u00edlus sz\u00e9pen illik a vid\u00e9ki h\u00e1zakhoz \u00e9s a kerthez. Ha <strong>fa vagy f\u00e9m<\/strong> anyagokat haszn\u00e1lsz, sokkal karakteresebb lesz a torn\u00e1c, \u00e9s harmonikusan illeszkedik a term\u00e9szetbe. Szem\u00e9lyes apr\u00f3s\u00e1gok \u2013 egy csal\u00e1di eml\u00e9k vagy bolhapiaci kincs \u2013 igaz\u00e1n egyediv\u00e9 teszik a helyet.<\/p>\n<p>A vil\u00e1g\u00edt\u00e1s is nagyon fontos a hangulathoz; <strong>\u00e9g\u0151sorok vagy l\u00e1mp\u00e1sok<\/strong> melegs\u00e9get \u00e9s bar\u00e1ts\u00e1gos f\u00e9nyt adnak az esti besz\u00e9lget\u00e9sekhez a szabadban. A l\u00e9nyeg, hogy a tervez\u00e9s egyszerre legyen k\u00e9nyelmes \u00e9s st\u00edlusos, t\u00fckr\u00f6zze az otthonod egy\u00e9nis\u00e9g\u00e9t.<\/p>\n<p><strong>K\u00fclt\u00e9ri sz\u0151nyegek \u00e9s p\u00e1rn\u00e1k is emelnek a komforton \u00e9s sz\u00ednt visznek a t\u00e9rbe.<\/strong> Egy j\u00f3l \u00e1tgondolt vid\u00e9ki torn\u00e1c kitolja a benti \u00e9letet, \u00edgy t\u00f6k\u00e9letes lehet bar\u00e1ti \u00f6sszej\u00f6vetelekhez vagy ak\u00e1r egy kis mag\u00e1nyos pihen\u00e9shez is.<\/p>\n<\/details><details class=\"g-accordion \"><summary><h3>Hogyan v\u00e1lik a vid\u00e9ki torn\u00e1c a k\u00fclt\u00e9ri \u00e9lett\u00e9r r\u00e9sz\u00e9v\u00e9?<\/h3><\/summary>\n<p>A vid\u00e9ki torn\u00e1c olyan, mint az otthonod meghosszabb\u00edt\u00e1sa: egyszerre biztos\u00edt k\u00e9nyelmet \u00e9s lehet\u0151s\u00e9get arra, hogy \u00e9lvezd a friss leveg\u0151t. Itt olvashatsz, pihenhetsz vagy vend\u00e9geket fogadhatsz\u2014b\u00e1rmire t\u00f6k\u00e9letes.<\/p>\n<ul>\n<li>n\u00f6velheted az otthonoss\u00e1got fonott sz\u00e9kekkel,<\/li>\n<li>hintasz\u00e9kkel,<\/li>\n<li>vagy ring\u00f3padokkal az el\u00fcls\u0151 \u00e9s h\u00e1ts\u00f3 teraszon is.<\/li>\n<\/ul>\n<p>D\u00edszp\u00e1rn\u00e1kkal, koszor\u00fakkal vagy \u00e9vszaknak megfelel\u0151 dekorral k\u00f6nnyed\u00e9n feldobhatod a hangulatot, \u00e9s egy kis szem\u00e9lyess\u00e9get vihetsz az eg\u00e9szbe. Egy kis k\u00e1v\u00e9z\u00f3asztallal k\u00f6nnyen vacsor\u00e1z\u00f3 sarokk\u00e1 is alak\u00edthatod a torn\u00e1cot \u2013 nagyszer\u0171 hely a kinti reggelikhez vagy vacsor\u00e1khoz.<\/p>\n<ul>\n<li>cserepes n\u00f6v\u00e9nyekkel vagy felakaszthat\u00f3 vir\u00e1gtart\u00f3kkal, p\u00e9ld\u00e1ul sz\u00ednes musk\u00e1tlikkal vagy hortenzi\u00e1kkal,<\/li>\n<li>z\u00f6ld o\u00e1zist teremthetsz,<\/li>\n<li>\u00e9s sz\u0151nyegek, p\u00e1rn\u00e1k fonott anyagb\u00f3l m\u00e9g k\u00e9nyelmesebb\u00e9 \u00e9s st\u00edlusosabb\u00e1 tehetik a helyet.<\/li>\n<\/ul>\n<p>Egy j\u00f3 elrendez\u00e9s\u0171 torn\u00e1c nemcsak szebb\u00e9 teszi a h\u00e1zat, de megn\u00f6veli az \u00e9rt\u00e9k\u00e9t is, hiszen extra lak\u00f3teret ad, amit az id\u0151j\u00e1r\u00e1s sem zavar. Kis ny\u00e1ri \u00f6sszej\u00f6vetelekhez vagy csendes, term\u00e9szetk\u00f6zeli pillanatokhoz is t\u00f6k\u00e9letes v\u00e1laszt\u00e1s.<\/p>\n<\/details><details class=\"g-accordion \"><summary><h3>Hogyan lehet a torn\u00e1c r\u00e9sze a kertnek?<\/h3><\/summary>\n<p>Ha a torn\u00e1cot a kerttel \u00f6sszekapcsolod, igazi \u00e1tmenetet teremthetsz a lak\u00e1s \u00e9s a szabad leveg\u0151 k\u00f6z\u00f6tt, ami mindkett\u0151t hangulatosabb\u00e1 teszi. Ehhez \u00e9rdemes felhaszn\u00e1lni:<\/p>\n<ul>\n<li>cserepes n\u00f6v\u00e9nyeket,<\/li>\n<li>akaszthat\u00f3 vir\u00e1gtart\u00f3kat,<\/li>\n<li>ablakl\u00e1d\u00e1kat, tele sz\u00ednes vir\u00e1gokkal, p\u00e9ld\u00e1ul b\u00e1rsonyvir\u00e1ggal vagy m\u00e9zvir\u00e1ggal.<\/li>\n<\/ul>\n<p>Ezek eg\u00e9sz \u00e9vben szemet gy\u00f6ny\u00f6rk\u00f6dtet\u0151 sz\u00edneket visznek a torn\u00e1cra.<\/p>\n<p>Helyezz n\u00f6v\u00e9nytart\u00f3kat a hintasz\u00e9kek vagy ring\u00f3padok k\u00f6zel\u00e9be, \u00edgy m\u00e9g k\u00f6zvetlenebb lesz a kapcsolat a kerttel. Ha egyny\u00e1ri \u00e9s \u00e9vel\u0151 n\u00f6v\u00e9nyeket is \u00fcltetsz, a l\u00e1tv\u00e1ny mindig v\u00e1ltozatos \u00e9s izgalmas marad. Tov\u00e1bbi sz\u00ednt \u00e9s text\u00far\u00e1t adhatsz <strong>angol borosty\u00e1nnal<\/strong> vagy <strong>s\u00e1rga d\u00edzi\u00f3val<\/strong> egy-egy cser\u00e9pben.<\/p>\n<p>Er\u0151s\u00edtsd tov\u00e1bb a k\u00f6t\u0151d\u00e9st a kerthez <strong>fa b\u00fatorokkal<\/strong> vagy <strong>k\u0151b\u0151l k\u00e9sz\u00fclt j\u00e1rd\u00e1kkal<\/strong>, melyek sz\u00e9pen illeszkednek a k\u00fcls\u0151 t\u00e9rhez is. Ha olyan elemeket v\u00e1lasztasz, amik harm\u00f3ni\u00e1ban vannak a kerteddel, term\u00e9szetes m\u00f3don b\u0151v\u00edted ki azt a torn\u00e1c fel\u00e9, \u00edgy t\u00e9nyleg egybenyitott, egys\u00e9ges k\u00f6rnyezetet teremthetsz.<\/p>\n<\/details><details class=\"g-accordion \"><summary><h3>Milyen k\u00fclt\u00e9ri b\u00fatorok illenek egy vid\u00e9ki torn\u00e1cra?<\/h3><\/summary>\n<p>Egy k\u00e9nyelmes, bar\u00e1ts\u00e1gos vid\u00e9ki torn\u00e1c kialak\u00edt\u00e1s\u00e1hoz \u00e9rdemes a meghitts\u00e9gre \u00e9s a rusztikus hangulatra figyelned. Pr\u00f3b\u00e1ld ki az al\u00e1bbiakat:<\/p>\n<ul>\n<li>fonott sz\u00e9kek, ring\u00f3padok \u00e9s hintasz\u00e9kek, amik egyszerre pihentet\u0151k \u00e9s sz\u00e9pek,<\/li>\n<li>padok, amelyek extra \u00fcl\u0151helyet biztos\u00edtanak, de meg\u0151rzik a kellemes hangulatot.<\/li>\n<\/ul>\n<p>Ha vend\u00e9geket fogadsz, kis asztalok j\u00f3l j\u00f6nnek az italok vagy nassolnival\u00f3k sz\u00e1m\u00e1ra. Plusz sz\u00ednt \u00e9s komfortot adhatsz p\u00e1rn\u00e1kkal, takar\u00f3kkal \u2013 ezek sokat dobnak a hangulaton. <strong>L\u00e1mp\u00e1sokkal vagy n\u00f6v\u00e9nytart\u00f3kkal tov\u00e1bb d\u00edsz\u00edtheted a torn\u00e1cot.<\/strong><\/p>\n<p>Id\u0151t\u00e1ll\u00f3bb lesz a berendez\u00e9sed, ha id\u0151j\u00e1r\u00e1s\u00e1ll\u00f3 anyagokat v\u00e1lasztasz; ezek j\u00f3l b\u00edrj\u00e1k a kinti viszontags\u00e1gokat, mik\u00f6zben hozz\u00e1j\u00e1rulnak a rusztikus hangulathoz. <strong>A fonott anyagok egy kis eleganci\u00e1t visznek bele, an\u00e9lk\u00fcl hogy a k\u00e9nyelem rov\u00e1s\u00e1ra menn\u00e9nek.<\/strong><\/p>\n<p>Ha olyan b\u00fatorokat v\u00e1lasztasz, amelyek t\u00fckr\u00f6zik az egy\u00e9ni st\u00edlusodat, olyan k\u00fclt\u00e9ri sarkot hozhatsz l\u00e9tre, ami nemcsak j\u00f3l illeszkedik a h\u00e1zhoz, hanem remek hely lesz pihen\u00e9sre vagy vend\u00e9gek fogad\u00e1s\u00e1ra is.<\/p>\n<\/details> <details class=\"g-accordion \"><summary><h3>Melyek a legjobb \u00fcl\u0151helyek egy vid\u00e9ki verand\u00e1ra?<\/h3><\/summary>  <\/p>\n<p>Amikor \u00fcl\u0151helyet v\u00e1lasztasz egy vid\u00e9ki verand\u00e1ra, a k\u00e9nyelem \u00e9s a st\u00edlus nagyon fontos. Ezeket a lehet\u0151s\u00e9geket aj\u00e1nljuk, ha bar\u00e1ts\u00e1gos, pihen\u00e9shez vagy besz\u00e9lget\u00e9shez ide\u00e1lis hangulatot szeretn\u00e9l:<\/p>\n<ul>\n<li>fonott sz\u00e9kek,<\/li>\n<li>hintasz\u00e9kek,<\/li>\n<li>ring\u00f3 padok vagy sz\u00e9kek.<\/li>\n<\/ul>\n<p>Egy pad vagy hinta elhelyez\u00e9se t\u00f6bb \u00fcl\u0151helyet k\u00edn\u00e1l, \u00e9s m\u00e9g hangulatosabb\u00e1 is teszi a verand\u00e1t. <strong>Ha id\u0151j\u00e1r\u00e1s\u00e1ll\u00f3 anyagokat v\u00e1lasztasz<\/strong>, a kerti b\u00fatorok sok\u00e1ig b\u00edrni fogj\u00e1k az es\u0151t, napot \u00e9s szelet. Ezek a megold\u00e1sok nemcsak praktikusabb\u00e1, hanem szebb\u00e9 is teszik a verand\u00e1t, \u00e9s remek\u00fcl illenek a rusztikus vid\u00e9ki hangulathoz \u2013 \u00edgy h\u00edvogat\u00f3 teret alak\u00edthatsz ki k\u00fcl\u00f6nb\u00f6z\u0151 tev\u00e9kenys\u00e9gekhez.<\/p>\n<\/details>\n<details class=\"g-accordion \"><summary><h3>Hogyan d\u00edsz\u00edtheted vir\u00e1gokkal \u00e9s n\u00f6v\u00e9nyekkel a vid\u00e9ki verand\u00e1dat?<\/h3><\/summary>  <\/p>\n<p>K\u00f6nnyen \u00e1tv\u00e1ltoztathatod a verand\u00e1t egy \u00fcde, bar\u00e1ts\u00e1gos kuck\u00f3v\u00e1, ha \u00fcgyesen kombin\u00e1lsz vir\u00e1gokat \u00e9s n\u00f6v\u00e9nyeket. Haszn\u00e1lj p\u00e9ld\u00e1ul:<\/p>\n<ul>\n<li>cserepes n\u00f6v\u00e9nyeket,<\/li>\n<li>f\u00fcgg\u0151 kosarakat,<\/li>\n<li>ablakl\u00e1d\u00e1kat.<\/li>\n<\/ul>\n<p>V\u00e1lassz \u00e9l\u00e9nk sz\u00edn\u0171 vir\u00e1gokat, p\u00e9ld\u00e1ul <strong>musk\u00e1tlit<\/strong> vagy <strong>hortenzi\u00e1t<\/strong>, hogy eg\u00e9sz szezonban mutat\u00f3s legyen a verand\u00e1d.<\/p>\n<p>T\u00e9gy f\u0171szern\u00f6v\u00e9nyeket vagy apr\u00f3 z\u00f6lds\u00e9geket is a vir\u00e1gok k\u00f6z\u00e9 \u2013 ezek egyszerre sz\u00e9pek \u00e9s hasznosak is. Tedd \u0151ket <strong>d\u00edszes kasp\u00f3kba<\/strong>, \u00e9s a k\u00fcl\u00f6nb\u00f6z\u0151 magass\u00e1gokkal m\u00e9g v\u00e1ltozatosabb lesz a l\u00e1tv\u00e1ny. <strong>Terrakotta kasp\u00f3kkal<\/strong> igaz\u00e1n klasszikus, vid\u00e9ki hat\u00e1s \u00e9rhet\u0151 el.<\/p>\n<p>V\u00e1lassz olyan n\u00f6v\u00e9nyeket, amelyek illenek a k\u00f6rnyez\u0151 kerthez vagy t\u00e1jhoz. Ha egyar\u00e1nt \u00fcltetsz egyny\u00e1ri \u00e9s \u00e9vel\u0151 n\u00f6v\u00e9nyeket is, minden \u00e9vszakban m\u00e1s-m\u00e1s arc\u00e1t mutatja majd a verand\u00e1d. A gondosan elrendezett n\u00f6v\u00e9nyek egy igaz\u00e1n kellemes, pihentet\u0151 helyet var\u00e1zsolnak a szabadba.<\/p>\n<\/details>\n<details class=\"g-accordion \"><summary><h3>Milyen vil\u00e1g\u00edt\u00e1s teszi hangulatoss\u00e1 a vid\u00e9ki verand\u00e1t?<\/h3><\/summary>  <\/p>\n<p>A f\u00e9nyf\u00fcz\u00e9rek, l\u00e1mp\u00e1sok \u00e9s falikarok t\u00f6k\u00e9letesen passzolnak egy vid\u00e9ki veranda b\u00e1jos vil\u00e1g\u00edt\u00e1s\u00e1hoz.<\/p>\n<ul>\n<li>A f\u00e9nyf\u00fcz\u00e9rek est\u00e9nk\u00e9nt var\u00e1zslatos hangulatot teremtenek \u2013 k\u00fcl\u00f6n\u00f6sen egy meleg ny\u00e1ri est\u00e9n,<\/li>\n<li>a l\u00e1mp\u00e1sok l\u00e1gy f\u00e9nye rusztikus jelleget k\u00f6lcs\u00f6n\u00f6z a t\u00e9rnek,<\/li>\n<li>a falikarok kiemelik az \u00e9p\u00fclet d\u00edszeit \u00e9s praktikus vil\u00e1g\u00edt\u00e1st adnak.<\/li>\n<\/ul>\n<p>Ha meleg, s\u00e1rg\u00e1s f\u00e9ny\u0171 izz\u00f3kat haszn\u00e1lsz, m\u00e9g bar\u00e1ts\u00e1gosabb lesz a kuck\u00f3d. Ezek a vil\u00e1g\u00edt\u00e1si \u00f6tletek nemcsak f\u00e9nyt adnak, hanem harm\u00f3ni\u00e1t visznek a t\u00f6bbi b\u00fatordarab \u2013 p\u00e9ld\u00e1ul a fonott vagy hintasz\u00e9kek \u2013 mell\u00e9, \u00edgy egy\u00fctt egy igaz\u00e1n h\u00edvogat\u00f3 k\u00fclt\u00e9ri helyet teremtenek.<\/p>\n<\/details>\n<details class=\"g-accordion \"><summary><h3>Hogyan csemp\u00e9szhetsz rusztikus anyagokat a vid\u00e9ki verand\u00e1ra?<\/h3><\/summary>  <\/p>\n<p>Ha rusztikus anyagokat haszn\u00e1lsz a verand\u00e1n, az m\u00e9g otthonosabb\u00e1 \u00e9s k\u00fcl\u00f6nlegesebb\u00e9 teszi a teret. Kezdd <strong>f\u00e1b\u00f3l k\u00e9sz\u00fclt b\u00fatorokkal<\/strong>, p\u00e9ld\u00e1ul r\u00e9gi fapadokkal vagy \u00fajrahasznos\u00edtott asztalokkal, hogy term\u00e9szetes, bar\u00e1ts\u00e1gos hangulatot teremts. Egy-egy <strong>k\u0151b\u0151l k\u00e9sz\u00fclt vir\u00e1gl\u00e1da vagy kis j\u00e1rda<\/strong> \u00e9rdesebb fel\u00fcletet, tart\u00f3ss\u00e1got, \u00e9s term\u00e9szetes \u00f6sszhat\u00e1st ad.<\/p>\n<p>Ha mer\u00e9szebb hat\u00e1st szeretn\u00e9l, <strong>f\u00e9m elemeket<\/strong> is bevethetsz. Egy kov\u00e1csoltvas korl\u00e1t vagy l\u00e1mpa remek\u00fcl illik a hagyom\u00e1nyos st\u00edlushoz, \u00e9s sz\u00e9p kontrasztot teremt a fa \u00e9s a k\u0151 mellett.<\/p>\n<p>Ezeket az anyagokat egym\u00e1ssal kombin\u00e1lva egyens\u00falyban \u00e9s kellemesen otthonoss\u00e1 v\u00e1lik a veranda. <strong>Fonott l\u00e1bt\u00f6rl\u0151 vagy k\u00fclt\u00e9ri sz\u0151nyeg<\/strong> tov\u00e1bbi text\u00far\u00e1t \u00e9s bar\u00e1ts\u00e1gos \u00e9rzetet ad.<\/p>\n<p>Ha olyan anyagokat v\u00e1lasztasz, amelyek illenek hozz\u00e1d \u00e9s a k\u00f6rnyezethez, <strong>a verand\u00e1d t\u00e9nyleg meghosszabb\u00edt\u00e1sa lesz a h\u00e1zadnak<\/strong> \u2013 bar\u00e1ts\u00e1gos, szerethet\u0151 hely, ahov\u00e1 j\u00f3 ki\u00fclni.<\/p>\n<\/details>\n<details class=\"g-accordion \"><summary><h3>Milyen p\u00e9nzt\u00e1rcabar\u00e1t \u00f6tletek vannak egy vid\u00e9ki veranda d\u00edsz\u00edt\u00e9s\u00e9hez?<\/h3><\/summary>  <\/p>\n<p>Olcs\u00f3n d\u00edsz\u00edteni egy vid\u00e9ki verand\u00e1t igaz\u00e1n kreat\u00edv kih\u00edv\u00e1s. Haszn\u00e1ld fel, amit tal\u00e1lsz: p\u00e9ld\u00e1ul k\u00e9sz\u00edts vir\u00e1gtart\u00f3kat r\u00e9gi t\u00e1rgyakb\u00f3l, vagy fesd \u00e1t a r\u00e9gi b\u00fatorokat, hogy \u00faj \u00e9letet kapjanak. <strong>A turk\u00e1l\u00f3k kincsesb\u00e1ny\u00e1i lehetnek az egyedi dekor\u00e1ci\u00f3knak<\/strong>, amelyekkel igaz\u00e1n egyediv\u00e9 \u00e9s hangulatosabb\u00e1 teheted a verand\u00e1dat.<\/p>\n<p>Tegy\u00e9l ki term\u00e9szetes elemeket is \u2013 p\u00e9ld\u00e1ul \u00e1gakat, kavicsokat, vagy vadvir\u00e1gokat \u2013, \u00edgy szinte semmi k\u00f6lts\u00e9ggel hozhatsz be egy kis term\u00e9szetet, \u00e9s kiemelheted a rusztikus st\u00edlust. Vid\u00e1m k\u00fclt\u00e9ri p\u00e1rn\u00e1kkal vagy \u00fcl\u0151p\u00e1rn\u00e1kkal fokozhatod a k\u00e9nyelmet \u00e9s sz\u00ednt is vihetsz a t\u00e9rbe.<\/p>\n<ul>\n<li>Kutass r\u00e9gi d\u00edszek ut\u00e1n gar\u00e1zsv\u00e1s\u00e1ron,<\/li>\n<li>n\u00e9zz k\u00f6r\u00fcl bolhapiacon, h\u00e1tha r\u00e1akadsz valami hozz\u00e1d ill\u0151re,<\/li>\n<li>\u00e9s haszn\u00e1ld ki a kreat\u00edv, olcs\u00f3 \u00f6tleteket, hogy igaz\u00e1n h\u00edvogat\u00f3 legyen a verand\u00e1d.<\/li>\n<\/ul>\n<p>F\u00fcggeszd fel vir\u00e1ggal teli kasp\u00f3kat \u2013 p\u00e9ld\u00e1ul kozmosszal vagy fut\u00f3 borosty\u00e1nnal \u2013 hogy m\u00e9g melegebb \u00e9s mutat\u00f3sabb legyen az \u00f6sszk\u00e9p. <strong>Ezekkel az \u00f6tletekkel olyan verand\u00e1t teremthetsz, ami egyszerre bar\u00e1ts\u00e1gos, praktikus \u00e9s st\u00edlusos \u2013 mindezt el\u00e9rhet\u0151 \u00e1ron.<\/strong><\/p>\n<\/details>\n<details class=\"g-accordion \"><summary><h3>Hogyan hozhatsz l\u00e9tre bar\u00e1ts\u00e1gos olvas\u00f3sarkot a vid\u00e9ki verand\u00e1n?<\/h3><\/summary>  <\/p>\n<p>Egy kellemes olvas\u00f3sarok igazi kikapcsol\u00f3d\u00e1s a term\u00e9szet k\u00f6zels\u00e9g\u00e9ben. V\u00e1lassz k\u00e9nyelmes \u00fcl\u0151helyet \u2013 p\u00e9ld\u00e1ul <strong>fonott sz\u00e9ket<\/strong> vagy <strong>f\u00fcgg\u0151\u00e1gyat<\/strong> \u2013, ami illik a verand\u00e1hoz \u00e9s neked is tetszik. Tegy\u00e9l hozz\u00e1 puha p\u00e1rn\u00e1kat \u00e9s meleg takar\u00f3t, hogy igaz\u00e1n j\u00f3l \u00e9rezd magad, ak\u00e1r hosszabb olvas\u00e1s k\u00f6zben is.<\/p>\n<ul>\n<li>\u00c1ll\u00edts be egy kis asztalt is, hogy a k\u00f6nyved vagy az innival\u00f3d \u2013 p\u00e9ld\u00e1ul tea vagy k\u00e1v\u00e9 \u2013 k\u00e9zn\u00e9l legyen,<\/li>\n<li>gondoskodj el\u00e9g vil\u00e1g\u00edt\u00e1sr\u00f3l is est\u00e9re: egy l\u00e1mp\u00e1s vagy kis asztali l\u00e1mpa remek hangulatot teremt \u00e9s seg\u00edt olvasni,<\/li>\n<li>n\u00f6v\u00e9nyekkel k\u00f6r\u00fclv\u00e9ve a sarok csendes, elvonul\u00f3s hely lesz, ahol a z\u00f6ld n\u00f6v\u00e9nyek sz\u00e9ps\u00e9ge is pihentet.<\/li>\n<\/ul>\n<p>Ha <strong>f\u00e1b\u00f3l vagy f\u00e9mb\u0151l k\u00e9sz\u00fclt b\u00fatorokat<\/strong> haszn\u00e1lsz, m\u00e9g rusztikusabb lesz a hangulat, illeszkedve a vid\u00e9ki st\u00edlushoz. Ezek okos elrendez\u00e9s\u00e9vel egy igaz\u00e1n bar\u00e1ts\u00e1gos, pihen\u00e9sre \u00e9s olvas\u00e1sra cs\u00e1b\u00edt\u00f3 helyet teremthetsz magadnak, ahol \u00e9lvezheted a k\u00f6nyveket \u00e9s a term\u00e9szet nyugalm\u00e1t.<\/p>\n<\/details>\n","protected":false},"excerpt":{"rendered":"<p>Egy vid\u00e9ki verand\u00e1n\u00e1l sokkal t\u00f6bbr\u0151l van sz\u00f3, mint egy \u00e9p\u00edt\u00e9szeti elemr\u0151l \u2013 ez az otthonod meghosszabb\u00edt\u00e1sa, ahol a benti k\u00e9nyelem tal\u00e1lkozik a k\u00fclt\u00e9ri b\u00e1jjal. N\u00e9h\u00e1ny \u00fcgyes \u00f6tlettel k\u00f6nnyen alak\u00edthatod kuck\u00f3s mened\u00e9kk\u00e9, ami t\u00f6k\u00e9letes ak\u00e1r egy halk olvas\u00e1shoz, ak\u00e1r a bar\u00e1tokkal t\u00f6lt\u00f6tt vid\u00e1m pillanatokhoz. Az otthonos cottage-veranda berendez\u00e9s\u00e9t k\u00e9nyelmes \u00fcl\u0151helyekkel kezdd \u2013 p\u00e9ld\u00e1ul fonott sz\u00e9kekkel, klasszikus hintasz\u00e9kekkel vagy hintapados padokkal. Ezek&hellip;<\/p>\n","protected":false},"author":12,"featured_media":3310,"comment_status":"closed","ping_status":"closed","sticky":false,"template":"","format":"standard","meta":{"rank_math_focus_keyword":"nyaral\u00f3 veranda","rank_math_title":"Nyaral\u00f3 veranda \u00f6tletek: Tedd szebb\u00e9 a k\u00fcls\u0151 teredet","rank_math_description":"Fedezd fel b\u00e1jos vid\u00e9ki torn\u00e1c \u00f6tleteket, amelyek st\u00edlussal \u00e9s k\u00e9nyelemmel gazdag\u00edtj\u00e1k k\u00fclt\u00e9ri teredet. T\u00f6k\u00e9letes pihen\u00e9shez \u00e9s vend\u00e9gfogad\u00e1shoz.","footnotes":""},"categories":[132],"tags":[],"class_list":["post-3673","post","type-post","status-publish","format-standard","has-post-thumbnail","hentry","category-eloszoba"],"g_custom_schema_json":"<script type=\"application\/ld+json\">\n{\n  \"@context\": \"https:\/\/schema.org\",\n  \"@type\": \"FAQPage\",\n  \"mainEntity\": [\n    {\n      \"@type\": \"Question\",\n      \"name\": \"Mit\u0151l lesz h\u00edvogat\u00f3 egy vid\u00e9ki torn\u00e1c?\",\n      \"acceptedAnswer\": {\n        \"@type\": \"Answer\",\n        \"text\": \"Egy igaz\u00e1n h\u00edvogat\u00f3 vid\u00e9ki torn\u00e1cot n\u00e9h\u00e1ny kulcselem tesz otthonoss\u00e1: k\u00e9nyelmes b\u00fatorok, mint a fonott sz\u00e9kek vagy ring\u00f3padok, cserepes n\u00f6v\u00e9nyek, p\u00e9ld\u00e1ul musk\u00e1tlik \u00e9s hortenzi\u00e1k, \u00e9l\u00e9nk sz\u00edneket \u00e9s term\u00e9szetk\u00f6zeli hangulatot visznek a t\u00e9rbe. A rusztikus st\u00edlus sz\u00e9pen illik a vid\u00e9ki h\u00e1zakhoz \u00e9s a kerthez.\"\n      }\n    },\n    {\n      \"@type\": \"Question\",\n      \"name\": \"Hogyan v\u00e1lik a vid\u00e9ki torn\u00e1c a k\u00fclt\u00e9ri \u00e9lett\u00e9r r\u00e9sz\u00e9v\u00e9?\",\n      \"acceptedAnswer\": {\n        \"@type\": \"Answer\",\n        \"text\": \"A vid\u00e9ki torn\u00e1c olyan, mint az otthonod meghosszabb\u00edt\u00e1sa: egyszerre biztos\u00edt k\u00e9nyelmet \u00e9s lehet\u0151s\u00e9get arra, hogy \u00e9lvezd a friss leveg\u0151t. Itt olvashatsz, pihenhetsz vagy vend\u00e9geket fogadhatsz\u2014b\u00e1rmire t\u00f6k\u00e9letes. D\u00edszp\u00e1rn\u00e1kkal, koszor\u00fakkal vagy \u00e9vszaknak megfelel\u0151 dekorral k\u00f6nnyed\u00e9n feldobhatod a hangulatot.\"\n      }\n    },\n    {\n      \"@type\": \"Question\",\n      \"name\": \"Hogyan lehet a torn\u00e1c r\u00e9sze a kertnek?\",\n      \"acceptedAnswer\": {\n        \"@type\": \"Answer\",\n        \"text\": \"Ha a torn\u00e1cot a kerttel \u00f6sszekapcsolod, igazi \u00e1tmenetet teremthetsz a lak\u00e1s \u00e9s a szabad leveg\u0151 k\u00f6z\u00f6tt. Ehhez \u00e9rdemes felhaszn\u00e1lni cserepes n\u00f6v\u00e9nyeket, akaszthat\u00f3 vir\u00e1gtart\u00f3kat, ablakl\u00e1d\u00e1kat, tele sz\u00ednes vir\u00e1gokkal.\"\n      }\n    },\n    {\n      \"@type\": \"Question\",\n      \"name\": \"Milyen k\u00fclt\u00e9ri b\u00fatorok illenek egy vid\u00e9ki torn\u00e1cra?\",\n      \"acceptedAnswer\": {\n        \"@type\": \"Answer\",\n        \"text\": \"Egy k\u00e9nyelmes, bar\u00e1ts\u00e1gos vid\u00e9ki torn\u00e1c kialak\u00edt\u00e1s\u00e1hoz \u00e9rdemes a meghitts\u00e9gre \u00e9s a rusztikus hangulatra figyelned. Pr\u00f3b\u00e1ld ki a fonott sz\u00e9keket, ring\u00f3padokat, hintasz\u00e9keket, amik egyszerre pihentet\u0151k \u00e9s sz\u00e9pek.\"\n      }\n    },\n    {\n      \"@type\": \"Question\",\n      \"name\": \"Melyek a legjobb \u00fcl\u0151helyek egy vid\u00e9ki verand\u00e1ra?\",\n      \"acceptedAnswer\": {\n        \"@type\": \"Answer\",\n        \"text\": \"A k\u00e9nyelem \u00e9s a st\u00edlus nagyon fontos. Fonott sz\u00e9kek, hintasz\u00e9kek, ring\u00f3 padok vagy sz\u00e9kek ide\u00e1lisak a pihen\u00e9shez vagy besz\u00e9lget\u00e9shez.\"\n      }\n    },\n    {\n      \"@type\": \"Question\",\n      \"name\": \"Hogyan d\u00edsz\u00edtheted vir\u00e1gokkal \u00e9s n\u00f6v\u00e9nyekkel a vid\u00e9ki verand\u00e1dat?\",\n      \"acceptedAnswer\": {\n        \"@type\": \"Answer\",\n        \"text\": \"K\u00f6nnyen \u00e1tv\u00e1ltoztathatod a verand\u00e1t, ha \u00fcgyesen kombin\u00e1lsz vir\u00e1gokat \u00e9s n\u00f6v\u00e9nyeket: cserepes n\u00f6v\u00e9nyek, f\u00fcgg\u0151 kosarak, ablakl\u00e1d\u00e1k. V\u00e1lassz \u00e9l\u00e9nk sz\u00edn\u0171 vir\u00e1gokat, p\u00e9ld\u00e1ul musk\u00e1tlit vagy hortenzi\u00e1t.\"\n      }\n    },\n    {\n      \"@type\": \"Question\",\n      \"name\": \"Milyen vil\u00e1g\u00edt\u00e1s teszi hangulatoss\u00e1 a vid\u00e9ki verand\u00e1t?\",\n      \"acceptedAnswer\": {\n        \"@type\": \"Answer\",\n        \"text\": \"A f\u00e9nyf\u00fcz\u00e9rek, l\u00e1mp\u00e1sok \u00e9s falikarok t\u00f6k\u00e9letesen passzolnak egy vid\u00e9ki veranda b\u00e1jos vil\u00e1g\u00edt\u00e1s\u00e1hoz. A f\u00e9nyf\u00fcz\u00e9rek est\u00e9nk\u00e9nt var\u00e1zslatos hangulatot teremtenek.\"\n      }\n    },\n    {\n      \"@type\": \"Question\",\n      \"name\": \"Hogyan csemp\u00e9szhetsz rusztikus anyagokat a vid\u00e9ki verand\u00e1ra?\",\n      \"acceptedAnswer\": {\n        \"@type\": \"Answer\",\n        \"text\": \"Ha rusztikus anyagokat haszn\u00e1lsz, m\u00e9g otthonosabb\u00e1 \u00e9s k\u00fcl\u00f6nlegesebb\u00e9 teszed a teret. Kezdd f\u00e1b\u00f3l k\u00e9sz\u00fclt b\u00fatorokkal, p\u00e9ld\u00e1ul r\u00e9gi fapadokkal vagy \u00fajrahasznos\u00edtott asztalokkal.\"\n      }\n    },\n    {\n      \"@type\": \"Question\",\n      \"name\": \"Milyen p\u00e9nzt\u00e1rcabar\u00e1t \u00f6tletek vannak egy vid\u00e9ki veranda d\u00edsz\u00edt\u00e9s\u00e9hez?\",\n      \"acceptedAnswer\": {\n        \"@type\": \"Answer\",\n        \"text\": \"Olcs\u00f3n d\u00edsz\u00edteni egy vid\u00e9ki verand\u00e1t igaz\u00e1n kreat\u00edv kih\u00edv\u00e1s. Haszn\u00e1ld fel, amit tal\u00e1lsz: p\u00e9ld\u00e1ul k\u00e9sz\u00edts vir\u00e1gtart\u00f3kat r\u00e9gi t\u00e1rgyakb\u00f3l vagy fesd \u00e1t a r\u00e9gi b\u00fatorokat.\"\n      }\n    },\n    {\n      \"@type\": \"Question\",\n      \"name\": \"Hogyan hozhatsz l\u00e9tre bar\u00e1ts\u00e1gos olvas\u00f3sarkot a vid\u00e9ki verand\u00e1n?\",\n      \"acceptedAnswer\": {\n        \"@type\": \"Answer\",\n        \"text\": \"Egy kellemes olvas\u00f3sarok igazi kikapcsol\u00f3d\u00e1s a term\u00e9szet k\u00f6zels\u00e9g\u00e9ben. V\u00e1lassz k\u00e9nyelmes \u00fcl\u0151helyet \u2013 p\u00e9ld\u00e1ul fonott sz\u00e9ket vagy f\u00fcgg\u0151\u00e1gyat \u2013, ami illik a verand\u00e1hoz.\"\n      }\n    }\n  ]\n}\n<\/script>\n<script type=\"application\/ld+json\">\n{\n  \"@context\": \"https:\/\/schema.org\",\n  \"@type\": \"HowTo\",\n  \"name\": \"Hangulatos vid\u00e9ki veranda kialak\u00edt\u00e1sa\",\n  \"description\": \"L\u00e9p\u00e9sr\u0151l l\u00e9p\u00e9sre bemutatjuk, hogyan alak\u00edts ki otthonos, rusztikus st\u00edlus\u00fa verand\u00e1t: \u00fcl\u0151helyekkel, n\u00f6v\u00e9nyekkel \u00e9s vil\u00e1g\u00edt\u00e1ssal.\",\n  \"image\": \"https:\/\/doubletakedecor.com\/uploads\/2025\/07\/cottage-porch-dtd-01.jpg\",\n  \"totalTime\": \"PT2H\",\n  \"supply\": [\n    {\n      \"@type\": \"HowToSupply\",\n      \"name\": \"Fonott sz\u00e9kek vagy hintasz\u00e9kek\"\n    },\n    {\n      \"@type\": \"HowToSupply\",\n      \"name\": \"Cserepes n\u00f6v\u00e9nyek (musk\u00e1tli, hortenzia)\"\n    },\n    {\n      \"@type\": \"HowToSupply\",\n      \"name\": \"F\u00e9nyf\u00fcz\u00e9rek, l\u00e1mp\u00e1sok, falikarok\"\n    },\n    {\n      \"@type\": \"HowToSupply\",\n      \"name\": \"Rusztikus d\u00edszt\u00e1rgyak, ajt\u00f3koszor\u00fa\"\n    },\n    {\n      \"@type\": \"HowToSupply\",\n      \"name\": \"K\u00fclt\u00e9ri sz\u0151nyeg, p\u00e1rn\u00e1k\"\n    }\n  ],\n  \"tool\": [\n    {\n      \"@type\": \"HowToTool\",\n      \"name\": \"Vir\u00e1gkasp\u00f3\"\n    },\n    {\n      \"@type\": \"HowToTool\",\n      \"name\": \"K\u00fclt\u00e9ri asztal\"\n    }\n  ],\n  \"step\": [\n    {\n      \"@type\": \"HowToStep\",\n      \"url\": \"https:\/\/doubletakedecor.com\/uploads\/2025\/07\/cottage-porch-dtd-01.jpg\",\n      \"name\": \"K\u00e9nyelmes \u00fcl\u0151helyek elhelyez\u00e9se\",\n      \"image\": \"https:\/\/doubletakedecor.com\/uploads\/2025\/07\/cottage-porch-dtd-01.jpg\",\n      \"text\": \"Helyezz fonott sz\u00e9keket, hintasz\u00e9keket vagy hintapadot a verand\u00e1ra. Ezek nemcsak k\u00e9nyelmet ny\u00fajtanak, hanem rusztikus hangulatot is teremtenek.\"\n    },\n    {\n      \"@type\": \"HowToStep\",\n      \"url\": \"https:\/\/doubletakedecor.com\/uploads\/2025\/07\/cottage-porch-dtd-02.jpg\",\n      \"name\": \"Sz\u00ednes vir\u00e1gd\u00edszek \u00e9s n\u00f6v\u00e9nyek kihelyez\u00e9se\",\n      \"image\": \"https:\/\/doubletakedecor.com\/uploads\/2025\/07\/cottage-porch-dtd-02.jpg\",\n      \"text\": \"Tegy\u00e9l ki \u00e9l\u00e9nk cserepes vir\u00e1gokat, p\u00e9ld\u00e1ul musk\u00e1tlit vagy hortenzi\u00e1t, \u00e9s haszn\u00e1lj f\u00fcgg\u0151 vir\u00e1gtart\u00f3kat. Ezzel sz\u00ednt \u00e9s \u00e9letet viszel a verand\u00e1ra.\"\n    },\n    {\n      \"@type\": \"HowToStep\",\n      \"url\": \"https:\/\/doubletakedecor.com\/uploads\/2025\/07\/cottage-porch-dtd-03.jpg\",\n      \"name\": \"Vil\u00e1g\u00edt\u00e1s kialak\u00edt\u00e1sa\",\n      \"image\": \"https:\/\/doubletakedecor.com\/uploads\/2025\/07\/cottage-porch-dtd-03.jpg\",\n      \"text\": \"Helyezz el f\u00e9nyf\u00fcz\u00e9reket, l\u00e1mp\u00e1sokat vagy falikarokat, hogy este is hangulatos \u00e9s haszn\u00e1lhat\u00f3 legyen a veranda.\"\n    },\n    {\n      \"@type\": \"HowToStep\",\n      \"url\": \"https:\/\/doubletakedecor.com\/uploads\/2025\/07\/cottage-porch-dtd-04.jpg\",\n      \"name\": \"Rusztikus anyagok \u00e9s kieg\u00e9sz\u00edt\u0151k\",\n      \"image\": \"https:\/\/doubletakedecor.com\/uploads\/2025\/07\/cottage-porch-dtd-04.jpg\",\n      \"text\": \"Haszn\u00e1lj fa, k\u0151 vagy f\u00e9m dekor\u00e1ci\u00f3kat, hogy a veranda \u00f6sszhangban legyen a term\u00e9szettel. Egy ajt\u00f3koszor\u00fa vagy egyedi d\u00edszt\u00e1rgyak szem\u00e9lyess\u00e9 teszik a teret.\"\n    },\n    {\n      \"@type\": \"HowToStep\",\n      \"url\": \"https:\/\/doubletakedecor.com\/uploads\/2025\/07\/cottage-porch-dtd-05.jpg\",\n      \"name\": \"K\u00e9nyelmes text\u00edli\u00e1k \u00e9s sz\u0151nyegek\",\n      \"image\": \"https:\/\/doubletakedecor.com\/uploads\/2025\/07\/cottage-porch-dtd-05.jpg\",\n      \"text\": \"Tegy\u00e9l k\u00fclt\u00e9ri sz\u0151nyeget \u00e9s p\u00e1rn\u00e1kat a b\u00fatorokra, hogy m\u00e9g otthonosabb \u00e9s k\u00e9nyelmesebb legyen a veranda.\"\n    }\n  ]\n}\n<\/script>","_links":{"self":[{"href":"https:\/\/doubletakedecor.com\/hu\/wp-json\/wp\/v2\/posts\/3673","targetHints":{"allow":["GET"]}}],"collection":[{"href":"https:\/\/doubletakedecor.com\/hu\/wp-json\/wp\/v2\/posts"}],"about":[{"href":"https:\/\/doubletakedecor.com\/hu\/wp-json\/wp\/v2\/types\/post"}],"author":[{"embeddable":true,"href":"https:\/\/doubletakedecor.com\/hu\/wp-json\/wp\/v2\/users\/12"}],"replies":[{"embeddable":true,"href":"https:\/\/doubletakedecor.com\/hu\/wp-json\/wp\/v2\/comments?post=3673"}],"version-history":[{"count":1,"href":"https:\/\/doubletakedecor.com\/hu\/wp-json\/wp\/v2\/posts\/3673\/revisions"}],"predecessor-version":[{"id":3674,"href":"https:\/\/doubletakedecor.com\/hu\/wp-json\/wp\/v2\/posts\/3673\/revisions\/3674"}],"wp:featuredmedia":[{"embeddable":true,"href":"https:\/\/doubletakedecor.com\/hu\/wp-json\/wp\/v2\/media\/3310"}],"wp:attachment":[{"href":"https:\/\/doubletakedecor.com\/hu\/wp-json\/wp\/v2\/media?parent=3673"}],"wp:term":[{"taxonomy":"category","embeddable":true,"href":"https:\/\/doubletakedecor.com\/hu\/wp-json\/wp\/v2\/categories?post=3673"},{"taxonomy":"post_tag","embeddable":true,"href":"https:\/\/doubletakedecor.com\/hu\/wp-json\/wp\/v2\/tags?post=3673"}],"curies":[{"name":"wp","href":"https:\/\/api.w.org\/{rel}","templated":true}]}}