{"id":3689,"date":"2025-07-27T22:37:35","date_gmt":"2025-07-27T20:37:35","guid":{"rendered":"https:\/\/doubletakedecor.com\/diy-projektek\/raklap-terasz-burkolat\/"},"modified":"2025-07-27T23:09:57","modified_gmt":"2025-07-27T21:09:57","slug":"raklap-terasz-burkolat","status":"publish","type":"post","link":"https:\/\/doubletakedecor.com\/hu\/diy-projektek\/raklap-terasz-burkolat\/","title":{"rendered":"Hogyan \u00e9p\u00edts DIY raklapb\u00f3l teraszburkolatot"},"content":{"rendered":"<p>Alak\u00edtsd \u00e1t a k\u00fclt\u00e9ri teredet egy saj\u00e1t k\u00e9sz\u00edt\u00e9s\u0171 raklap terasszal \u2013 ez az \u00f6tletes, p\u00e9nzt\u00e1rcabar\u00e1t projekt egyszerre k\u00f6rnyezettudatos \u00e9s st\u00edlusos. \u00c1ltal\u00e1ban olcs\u00f3n vagy ak\u00e1r ingyen is beszerezhetsz haszn\u00e1lt fa raklapokat, amelyekb\u0151l gy\u00f6ny\u00f6r\u0171 teraszt \u00e9p\u00edthetsz, ami igaz\u00e1n egyedi lesz, \u00e9s a bolyg\u00f3nak is j\u00f3t tesz.<\/p>\n<p>A munka azzal indul, hogy er\u0151s, egyforma raklapokat v\u00e1lasztasz ki, amiken nincs s\u00e9r\u00fcl\u00e9s vagy korhad\u00e1s. Ezut\u00e1n el\u0151 kell k\u00e9sz\u00edtened az alapot, hogy a teraszod egyenletesen fek\u00fcdj\u00f6n. Ha megvan az alap, b\u00e1tran k\u00eds\u00e9rletezhetsz a padl\u00f3 mint\u00e1zat\u00e1val is \u2013 a r\u00e9gi raklapok deszk\u00e1i k\u00fcl\u00f6nleges sz\u00ednt \u00e9s text\u00far\u00e1t adnak a burkolatnak.<\/p>\n<p>A biztons\u00e1g nagyon fontos az \u00e9p\u00edt\u00e9s sor\u00e1n, ez\u00e9rt j\u00f3l r\u00f6gz\u00edts minden deszk\u00e1t, \u00e9s ne feledkezz meg a rendszeres karbantart\u00e1sr\u00f3l sem, hogy a terasz stabil \u00e9s tart\u00f3s maradjon. Az utols\u00f3 sim\u00edt\u00e1sok var\u00e1zsolj\u00e1k igaz\u00e1n otthonoss\u00e1 a teret \u2013 ilyen lehet a d\u00edsz\u00edt\u0151 szeg\u00e9ly, az id\u0151j\u00e1r\u00e1s\u00e1ll\u00f3 lakkr\u00e9teg, vagy a rusztikus hangulatot fokoz\u00f3 kerti b\u00fatorok.<\/p>\n<p>Ha m\u00e1r elk\u00e9sz\u00fclt az alap, engedd szabadon a fant\u00e1zi\u00e1dat! Lehet szintelt\u00e9r\u00e9sekkel, \u00e9p\u00edtett \u00fcl\u0151k\u00e9kkel vagy ak\u00e1r bes\u00fcllyesztett t\u0171zrak\u00f3 hellyel is feldobni a teraszt. Ha rendszeresen tiszt\u00edtod, \u00e9s gondoskodsz a fel\u00fclet v\u00e9delm\u00e9r\u0151l, a raklapteraszod \u00e9vekig sz\u00e9p \u00e9s k\u00e9nyelmes lesz, mik\u00f6zben minden l\u00e1togat\u00f3nak megmutatja, mennyire kreat\u00edv \u00e9s k\u00f6rnyezettudatos vagy.<\/p>\n<div class=\"kt_block\" id=\"kt_id\">\n<span class=\"kt_headline\">A legfontosabb tudnival\u00f3k<\/span><\/p>\n<ul class=\"kt_post_list\">\n<li><strong>\ud83c\udf3f K\u00f6rnyezettudatos \u00e9s st\u00edlusos:<\/strong> Egy saj\u00e1t k\u00e9sz\u00edt\u00e9s\u0171 raklapterasz \u00f6tv\u00f6zi a fenntarthat\u00f3s\u00e1got \u00e9s a divatos megjelen\u00e9st, hiszen r\u00e9gi fa raklapokb\u00f3l alak\u00edtja ki a k\u00fclt\u00e9ri pihen\u0151t.<\/li>\n<li><strong>\ud83d\udee0\ufe0f Gyakorlati tippek az \u00e9p\u00edt\u00e9shez:<\/strong> V\u00e1lassz massz\u00edv raklapokat, alak\u00edts ki szil\u00e1rd, egyenes alapot, majd rendezd kreat\u00edvan a deszk\u00e1kat a szebb \u00e9s praktikusabb v\u00e9geredm\u00e9ny\u00e9rt.<\/li>\n<li><strong>\ud83d\udd27 Biztons\u00e1g \u00e9s karbantart\u00e1s:<\/strong> Fontos, hogy minden elem biztons\u00e1gosan legyen r\u00f6gz\u00edtve, \u00e9s a teraszt rendszeresen karban kell tartani \u2013 p\u00e9ld\u00e1ul v\u00e9d\u0151lakkot felvinni \u2013, hogy tart\u00f3s \u00e9s biztons\u00e1gos legyen.<\/li>\n<li><strong>\ud83c\udfa8 Kreat\u00edv \u00f6tletek:<\/strong> Pr\u00f3b\u00e1lj ki t\u00f6bb szintet, be\u00e9p\u00edtett padokat, vagy \u00e9rdekes padl\u00f3mint\u00e1kat, hogy szem\u00e9lyre szabott legyen a teraszod, \u00e9s megmutasd a DIY-tud\u00e1sodat.<\/li>\n<\/ul>\n<\/div>\n<h2>Halsz\u00e1lka mint\u00e1s raklapterasz<\/h2>\n<p><img loading=\"lazy\" decoding=\"async\" width=\"700\" height=\"1050\" alt=\"Eleg\u00e1ns, halsz\u00e1lka mint\u00e1zat\u00fa faterasz, cs\u00edkos k\u00fclt\u00e9ri sz\u00e9kekkel, z\u00f6ld n\u00f6v\u00e9nyek \u00e9s f\u00e1k k\u00f6z\u00f6tt, b\u00e9k\u00e9s hangulat\u00fa szabadt\u00e9ri hely.\" class=\"aligncenter size-full wp-image-3315\" src=\"https:\/\/doubletakedecor.com\/uploads\/2025\/07\/diy-pallet-patio-deck-dtd-01.jpg\" srcset=\"https:\/\/doubletakedecor.com\/uploads\/2025\/07\/diy-pallet-patio-deck-dtd-01.jpg 700w, https:\/\/doubletakedecor.com\/uploads\/2025\/07\/diy-pallet-patio-deck-dtd-01-200x300.jpg 200w, https:\/\/doubletakedecor.com\/uploads\/2025\/07\/diy-pallet-patio-deck-dtd-01-683x1024.jpg 683w, https:\/\/doubletakedecor.com\/uploads\/2025\/07\/diy-pallet-patio-deck-dtd-01-96x144.jpg 96w, https:\/\/doubletakedecor.com\/uploads\/2025\/07\/diy-pallet-patio-deck-dtd-01-280x420.jpg 280w, https:\/\/doubletakedecor.com\/uploads\/2025\/07\/diy-pallet-patio-deck-dtd-01-320x480.jpg 320w, https:\/\/doubletakedecor.com\/uploads\/2025\/07\/diy-pallet-patio-deck-dtd-01-360x540.jpg 360w, https:\/\/doubletakedecor.com\/uploads\/2025\/07\/diy-pallet-patio-deck-dtd-01-363x545.jpg 363w, https:\/\/doubletakedecor.com\/uploads\/2025\/07\/diy-pallet-patio-deck-dtd-01-370x555.jpg 370w, https:\/\/doubletakedecor.com\/uploads\/2025\/07\/diy-pallet-patio-deck-dtd-01-400x600.jpg 400w, https:\/\/doubletakedecor.com\/uploads\/2025\/07\/diy-pallet-patio-deck-dtd-01-560x840.jpg 560w, https:\/\/doubletakedecor.com\/uploads\/2025\/07\/diy-pallet-patio-deck-dtd-01-480x720.jpg 480w\" sizes=\"auto, (max-width: 700px) 100vw, 700px\" \/><\/p>\n<p>Dobd fel a raklapteraszodat halsz\u00e1lka mint\u00e1val! Helyezd el a raklapokat v\u00e1ltakoz\u00f3 sz\u00f6gben, majd r\u00f6gz\u00edtsd \u0151ket er\u0151sen az alaphoz. Tegy\u00e9l r\u00e1 k\u00e9nyelmes, p\u00e9ld\u00e1ul cs\u00edkos sz\u00e9keket, \u00e9s sz\u00ednes\u00edtsd a teret cserepes n\u00f6v\u00e9nyekkel. Ez a design nemcsak l\u00e1tv\u00e1nyos, hanem praktikus is lesz a kertedben.<\/p>\n<h2>Sarok\u00fcl\u0151 sz\u00ednes p\u00e1rn\u00e1kkal raklapb\u00f3l<\/h2>\n<p><img loading=\"lazy\" decoding=\"async\" width=\"700\" height=\"1049\" alt=\"DIY raklapterasz, amelyen sarokkanap\u00e9 vil\u00e1gos p\u00e1rn\u00e1kkal, piros d\u00edszp\u00e1rn\u00e1kkal \u00e9s hozz\u00e1 ill\u0151 kisasztal egy kertben.\" class=\"aligncenter size-full wp-image-3321\" src=\"https:\/\/doubletakedecor.com\/uploads\/2025\/07\/diy-pallet-patio-deck-dtd-02.jpg\" srcset=\"https:\/\/doubletakedecor.com\/uploads\/2025\/07\/diy-pallet-patio-deck-dtd-02.jpg 700w, https:\/\/doubletakedecor.com\/uploads\/2025\/07\/diy-pallet-patio-deck-dtd-02-200x300.jpg 200w, https:\/\/doubletakedecor.com\/uploads\/2025\/07\/diy-pallet-patio-deck-dtd-02-683x1024.jpg 683w, https:\/\/doubletakedecor.com\/uploads\/2025\/07\/diy-pallet-patio-deck-dtd-02-96x144.jpg 96w, https:\/\/doubletakedecor.com\/uploads\/2025\/07\/diy-pallet-patio-deck-dtd-02-280x420.jpg 280w, https:\/\/doubletakedecor.com\/uploads\/2025\/07\/diy-pallet-patio-deck-dtd-02-320x480.jpg 320w, https:\/\/doubletakedecor.com\/uploads\/2025\/07\/diy-pallet-patio-deck-dtd-02-360x539.jpg 360w, https:\/\/doubletakedecor.com\/uploads\/2025\/07\/diy-pallet-patio-deck-dtd-02-363x544.jpg 363w, https:\/\/doubletakedecor.com\/uploads\/2025\/07\/diy-pallet-patio-deck-dtd-02-370x554.jpg 370w, https:\/\/doubletakedecor.com\/uploads\/2025\/07\/diy-pallet-patio-deck-dtd-02-400x599.jpg 400w, https:\/\/doubletakedecor.com\/uploads\/2025\/07\/diy-pallet-patio-deck-dtd-02-560x839.jpg 560w, https:\/\/doubletakedecor.com\/uploads\/2025\/07\/diy-pallet-patio-deck-dtd-02-480x719.jpg 480w\" sizes=\"auto, (max-width: 700px) 100vw, 700px\" \/><\/p>\n<p>Alak\u00edtsd \u00e1t a teraszodat ezzel a st\u00edlusos sarok\u00fcl\u0151 garnit\u00far\u00e1val, amit teljesen raklapokb\u00f3l \u00e9p\u00edthetsz. Tegy\u00e9l r\u00e1 puha, vil\u00e1gos p\u00e1rn\u00e1kat, \u00e9s dobd fel piros d\u00edszp\u00e1rn\u00e1kkal is. Eg\u00e9sz\u00edtsd ki a sarkot egy raklapb\u00f3l k\u00e9sz\u00fclt kisasztallal \u00e9s puha sz\u0151nyeggel, hogy m\u00e9g otthonosabb legyen. N\u00e9h\u00e1ny kis n\u00f6v\u00e9nnyel j\u00f3l \u00f6sszek\u00f6theted a teret a kert z\u00f6ldj\u00e9vel is.<\/p>\n<h2>Modern, kontrasztos teraszdesign<\/h2>\n<p><img loading=\"lazy\" decoding=\"async\" width=\"700\" height=\"1049\" alt=\"Modern terasz s\u00f6t\u00e9t fa burkolattal, feh\u00e9r kavicsszeg\u00e9llyel, k\u00e9nyelmes \u00fcl\u0151helyekkel \u00e9s hangulatos f\u00fcgg\u0151l\u00e1mp\u00e1kkal.\" class=\"aligncenter size-full wp-image-3327\" src=\"https:\/\/doubletakedecor.com\/uploads\/2025\/07\/diy-pallet-patio-deck-dtd-03.jpg\" srcset=\"https:\/\/doubletakedecor.com\/uploads\/2025\/07\/diy-pallet-patio-deck-dtd-03.jpg 700w, https:\/\/doubletakedecor.com\/uploads\/2025\/07\/diy-pallet-patio-deck-dtd-03-200x300.jpg 200w, https:\/\/doubletakedecor.com\/uploads\/2025\/07\/diy-pallet-patio-deck-dtd-03-683x1024.jpg 683w, https:\/\/doubletakedecor.com\/uploads\/2025\/07\/diy-pallet-patio-deck-dtd-03-96x144.jpg 96w, https:\/\/doubletakedecor.com\/uploads\/2025\/07\/diy-pallet-patio-deck-dtd-03-280x420.jpg 280w, https:\/\/doubletakedecor.com\/uploads\/2025\/07\/diy-pallet-patio-deck-dtd-03-320x480.jpg 320w, https:\/\/doubletakedecor.com\/uploads\/2025\/07\/diy-pallet-patio-deck-dtd-03-360x539.jpg 360w, https:\/\/doubletakedecor.com\/uploads\/2025\/07\/diy-pallet-patio-deck-dtd-03-363x544.jpg 363w, https:\/\/doubletakedecor.com\/uploads\/2025\/07\/diy-pallet-patio-deck-dtd-03-370x554.jpg 370w, https:\/\/doubletakedecor.com\/uploads\/2025\/07\/diy-pallet-patio-deck-dtd-03-400x599.jpg 400w, https:\/\/doubletakedecor.com\/uploads\/2025\/07\/diy-pallet-patio-deck-dtd-03-560x839.jpg 560w, https:\/\/doubletakedecor.com\/uploads\/2025\/07\/diy-pallet-patio-deck-dtd-03-480x719.jpg 480w\" sizes=\"auto, (max-width: 700px) 100vw, 700px\" \/><\/p>\n<p>Haszn\u00e1lj s\u00f6t\u00e9t fapall\u00f3kat feh\u00e9r kavicsszeg\u00e9llyel, hogy \u00e9rdekes kontrasztokat hozz l\u00e9tre a teraszodon. Ossz fel k\u00fcl\u00f6n z\u00f3n\u00e1kat \u2013 p\u00e9ld\u00e1ul \u00e9tkez\u00e9shez \u00e9s pihen\u00e9shez \u2013, \u00e9s v\u00e1lassz hozz\u00e1 ill\u0151 b\u00fatorokat. \u00dcltess nagyobb \u00e9s kisebb n\u00f6v\u00e9nyeket a sarkokba, hogy m\u00e9g z\u00f6ldebb legyen a k\u00f6rnyezet. Szerelj fel k\u00fclt\u00e9ri f\u00e9nyf\u00fcz\u00e9rt, hogy est\u00e9nk\u00e9nt is hangulatos maradjon a terasz. Ne feledd, minden f\u00e1b\u00f3l k\u00e9sz\u00fclt elemet v\u00e9deni kell az id\u0151j\u00e1r\u00e1s ellen!<\/p>\n<h2>Rusztikus faterasz k\u00e9k sz\u00e9kekkel<\/h2>\n<p><img loading=\"lazy\" decoding=\"async\" width=\"700\" height=\"1050\" alt=\"Kis fa raklapterasz term\u00e9szetes k\u00f6rnyezetben, k\u00e9t k\u00e9k \u00f6sszecsukhat\u00f3 sz\u00e9kkel \u00e9s kerek asztallal, t\u00f6k\u00e9letes k\u00fclt\u00e9ri pihen\u00e9shez.\" class=\"aligncenter size-full wp-image-3333\" src=\"https:\/\/doubletakedecor.com\/uploads\/2025\/07\/diy-pallet-patio-deck-dtd-04.jpg\" srcset=\"https:\/\/doubletakedecor.com\/uploads\/2025\/07\/diy-pallet-patio-deck-dtd-04.jpg 700w, https:\/\/doubletakedecor.com\/uploads\/2025\/07\/diy-pallet-patio-deck-dtd-04-200x300.jpg 200w, https:\/\/doubletakedecor.com\/uploads\/2025\/07\/diy-pallet-patio-deck-dtd-04-683x1024.jpg 683w, https:\/\/doubletakedecor.com\/uploads\/2025\/07\/diy-pallet-patio-deck-dtd-04-96x144.jpg 96w, https:\/\/doubletakedecor.com\/uploads\/2025\/07\/diy-pallet-patio-deck-dtd-04-280x420.jpg 280w, https:\/\/doubletakedecor.com\/uploads\/2025\/07\/diy-pallet-patio-deck-dtd-04-320x480.jpg 320w, https:\/\/doubletakedecor.com\/uploads\/2025\/07\/diy-pallet-patio-deck-dtd-04-360x540.jpg 360w, https:\/\/doubletakedecor.com\/uploads\/2025\/07\/diy-pallet-patio-deck-dtd-04-363x545.jpg 363w, https:\/\/doubletakedecor.com\/uploads\/2025\/07\/diy-pallet-patio-deck-dtd-04-370x555.jpg 370w, https:\/\/doubletakedecor.com\/uploads\/2025\/07\/diy-pallet-patio-deck-dtd-04-400x600.jpg 400w, https:\/\/doubletakedecor.com\/uploads\/2025\/07\/diy-pallet-patio-deck-dtd-04-560x840.jpg 560w, https:\/\/doubletakedecor.com\/uploads\/2025\/07\/diy-pallet-patio-deck-dtd-04-480x720.jpg 480w\" sizes=\"auto, (max-width: 700px) 100vw, 700px\" \/><\/p>\n<p>Egyszer\u0171, m\u00e9gis hangulatos a kertedben ez a kis raklapterasz. Haszn\u00e1lj impregn\u00e1lt f\u00e1t, hogy az id\u0151j\u00e1r\u00e1s ne \u00e1rtson neki. Tedd \u00e1rny\u00e9kos helyre, \u00edgy a legforr\u00f3bb napokon is kellemes lesz. V\u00e1lassz k\u00f6nny\u0171, \u00f6sszehajthat\u00f3 b\u00fatorokat, amelyeket k\u00f6nnyen mozgathatsz vagy eltehetsz, ha rosszabbra fordul az id\u0151. A fa r\u00e9szeket \u00e9vente kezeld le v\u00e9d\u0151szerrel is.<\/p>\n<h2>Faterasz kertre n\u00e9z\u0151 kil\u00e1t\u00e1ssal<\/h2>\n<p><img loading=\"lazy\" decoding=\"async\" width=\"700\" height=\"1049\" alt=\"Faterasz d\u00f6nthet\u0151 sz\u00e9kkel, ami szeg\u00e9llyel k\u00f6r\u00fclvett, magas\u00edtott vir\u00e1g\u00e1gy\u00e1st n\u00e9z, z\u00f6ld f\u0171 \u00e9s bel\u00e1t\u00e1sg\u00e1tl\u00f3 ker\u00edt\u00e9s k\u00f6r\u00fcl\u00f6tte.\" class=\"aligncenter size-full wp-image-3339\" src=\"https:\/\/doubletakedecor.com\/uploads\/2025\/07\/diy-pallet-patio-deck-dtd-05.jpg\" srcset=\"https:\/\/doubletakedecor.com\/uploads\/2025\/07\/diy-pallet-patio-deck-dtd-05.jpg 700w, https:\/\/doubletakedecor.com\/uploads\/2025\/07\/diy-pallet-patio-deck-dtd-05-200x300.jpg 200w, https:\/\/doubletakedecor.com\/uploads\/2025\/07\/diy-pallet-patio-deck-dtd-05-683x1024.jpg 683w, https:\/\/doubletakedecor.com\/uploads\/2025\/07\/diy-pallet-patio-deck-dtd-05-96x144.jpg 96w, https:\/\/doubletakedecor.com\/uploads\/2025\/07\/diy-pallet-patio-deck-dtd-05-280x420.jpg 280w, https:\/\/doubletakedecor.com\/uploads\/2025\/07\/diy-pallet-patio-deck-dtd-05-320x480.jpg 320w, https:\/\/doubletakedecor.com\/uploads\/2025\/07\/diy-pallet-patio-deck-dtd-05-360x539.jpg 360w, https:\/\/doubletakedecor.com\/uploads\/2025\/07\/diy-pallet-patio-deck-dtd-05-363x544.jpg 363w, https:\/\/doubletakedecor.com\/uploads\/2025\/07\/diy-pallet-patio-deck-dtd-05-370x554.jpg 370w, https:\/\/doubletakedecor.com\/uploads\/2025\/07\/diy-pallet-patio-deck-dtd-05-400x599.jpg 400w, https:\/\/doubletakedecor.com\/uploads\/2025\/07\/diy-pallet-patio-deck-dtd-05-560x839.jpg 560w, https:\/\/doubletakedecor.com\/uploads\/2025\/07\/diy-pallet-patio-deck-dtd-05-480x719.jpg 480w\" sizes=\"auto, (max-width: 700px) 100vw, 700px\" \/><\/p>\n<p>Dobd fel a kertedet ezzel a praktikus faterasz \u00e9s emelt \u00e1gy\u00e1s kombin\u00e1ci\u00f3val! Helyezz el k\u00e9nyelmes d\u00f6nthet\u0151 sz\u00e9ket, ahonnan j\u00f3l l\u00e1thatod a vir\u00e1gokat. Haszn\u00e1lj k\u0151 szeg\u00e9lyeket, hogy elv\u00e1laszd az \u00fcltet\u0151 \u00e1gy\u00e1sokat, \u00e9s \u00e9vel\u0151ket vagy f\u0171szern\u00f6v\u00e9nyeket is termeszthetsz. A bel\u00e1t\u00e1sg\u00e1tl\u00f3 ker\u00edt\u00e9s meghitt\u00e9 teszi a pihen\u0151helyet, mik\u00f6zben a k\u00f6rnyez\u0151 f\u0171 sz\u00e9p egyens\u00falyt teremt.<\/p>\n<h2>Emelt faterasz h\u00e1ts\u00f3 kertben<\/h2>\n<p><img loading=\"lazy\" decoding=\"async\" width=\"700\" height=\"1049\" alt=\"DIY raklapterasz \u00e9p\u00edt\u00e9s k\u00f6zben, vil\u00e1gos fa deszk\u00e1kkal, sz\u00e9pen kidolgozott sz\u00e9lekkel, rendezetlen udvarral \u00e9s \u00e9p\u00edt\u0151anyagokkal k\u00f6r\u00fclv\u00e9ve.\" class=\"aligncenter size-full wp-image-3345\" src=\"https:\/\/doubletakedecor.com\/uploads\/2025\/07\/diy-pallet-patio-deck-dtd-06.jpg\" srcset=\"https:\/\/doubletakedecor.com\/uploads\/2025\/07\/diy-pallet-patio-deck-dtd-06.jpg 700w, https:\/\/doubletakedecor.com\/uploads\/2025\/07\/diy-pallet-patio-deck-dtd-06-200x300.jpg 200w, https:\/\/doubletakedecor.com\/uploads\/2025\/07\/diy-pallet-patio-deck-dtd-06-683x1024.jpg 683w, https:\/\/doubletakedecor.com\/uploads\/2025\/07\/diy-pallet-patio-deck-dtd-06-96x144.jpg 96w, https:\/\/doubletakedecor.com\/uploads\/2025\/07\/diy-pallet-patio-deck-dtd-06-280x420.jpg 280w, https:\/\/doubletakedecor.com\/uploads\/2025\/07\/diy-pallet-patio-deck-dtd-06-320x480.jpg 320w, https:\/\/doubletakedecor.com\/uploads\/2025\/07\/diy-pallet-patio-deck-dtd-06-360x539.jpg 360w, https:\/\/doubletakedecor.com\/uploads\/2025\/07\/diy-pallet-patio-deck-dtd-06-363x544.jpg 363w, https:\/\/doubletakedecor.com\/uploads\/2025\/07\/diy-pallet-patio-deck-dtd-06-370x554.jpg 370w, https:\/\/doubletakedecor.com\/uploads\/2025\/07\/diy-pallet-patio-deck-dtd-06-400x599.jpg 400w, https:\/\/doubletakedecor.com\/uploads\/2025\/07\/diy-pallet-patio-deck-dtd-06-560x839.jpg 560w, https:\/\/doubletakedecor.com\/uploads\/2025\/07\/diy-pallet-patio-deck-dtd-06-480x719.jpg 480w\" sizes=\"auto, (max-width: 700px) 100vw, 700px\" \/><\/p>\n<p>\u00c9p\u00edts t\u00f6bbszintes raklapteraszt \u00fagy, hogy a szerkezetet kiss\u00e9 megemeled a f\u00f6ld f\u00f6l\u00e9. Ez nem csak l\u00e1tv\u00e1nyosabb, de a teret is jobban tagolja. Az \u00e9leket dolgozd ki t\u00falny\u00fal\u00f3 szeg\u00e9llyel, ezt\u0151l igaz\u00e1n ig\u00e9nyes lesz a v\u00e9geredm\u00e9ny. A befejez\u00e9sn\u00e9l gondoskodj a k\u00f6rny\u00e9k rendez\u00e9s\u00e9r\u0151l, hogy sz\u00e9p egys\u00e9get alkosson a terasz a kerttel.<\/p>\n<h2>Modern terasz geometrikus mint\u00e1kkal<\/h2>\n<p><img loading=\"lazy\" decoding=\"async\" width=\"700\" height=\"1049\" alt=\"Raklapterasz fekete-feh\u00e9r cs\u00edkos sz\u0151nyeggel, dr\u00f3tv\u00e1zas sz\u00e9kekkel \u00e9s cserepes n\u00f6v\u00e9nyekkel \u2013 st\u00edlusos k\u00fclt\u00e9ri \u00fcl\u0151sarok.\" class=\"aligncenter size-full wp-image-3351\" src=\"https:\/\/doubletakedecor.com\/uploads\/2025\/07\/diy-pallet-patio-deck-dtd-07.jpg\" srcset=\"https:\/\/doubletakedecor.com\/uploads\/2025\/07\/diy-pallet-patio-deck-dtd-07.jpg 700w, https:\/\/doubletakedecor.com\/uploads\/2025\/07\/diy-pallet-patio-deck-dtd-07-200x300.jpg 200w, https:\/\/doubletakedecor.com\/uploads\/2025\/07\/diy-pallet-patio-deck-dtd-07-683x1024.jpg 683w, https:\/\/doubletakedecor.com\/uploads\/2025\/07\/diy-pallet-patio-deck-dtd-07-96x144.jpg 96w, https:\/\/doubletakedecor.com\/uploads\/2025\/07\/diy-pallet-patio-deck-dtd-07-280x420.jpg 280w, https:\/\/doubletakedecor.com\/uploads\/2025\/07\/diy-pallet-patio-deck-dtd-07-320x480.jpg 320w, https:\/\/doubletakedecor.com\/uploads\/2025\/07\/diy-pallet-patio-deck-dtd-07-360x539.jpg 360w, https:\/\/doubletakedecor.com\/uploads\/2025\/07\/diy-pallet-patio-deck-dtd-07-363x544.jpg 363w, https:\/\/doubletakedecor.com\/uploads\/2025\/07\/diy-pallet-patio-deck-dtd-07-370x554.jpg 370w, https:\/\/doubletakedecor.com\/uploads\/2025\/07\/diy-pallet-patio-deck-dtd-07-400x599.jpg 400w, https:\/\/doubletakedecor.com\/uploads\/2025\/07\/diy-pallet-patio-deck-dtd-07-560x839.jpg 560w, https:\/\/doubletakedecor.com\/uploads\/2025\/07\/diy-pallet-patio-deck-dtd-07-480x719.jpg 480w\" sizes=\"auto, (max-width: 700px) 100vw, 700px\" \/><\/p>\n<p>Dobd fel a teraszodat mer\u00e9sz geometrikus mint\u00e1kkal \u00e9s modern, dr\u00f3tb\u00f3l k\u00e9sz\u00fclt b\u00fatorokkal. Kombin\u00e1ld a cs\u00edkos sz\u0151nyeget p\u00f6tty\u00f6s p\u00e1rn\u00e1kkal, \u00edgy mozgalmas lesz a t\u00e9r. Tegy\u00e9l ki cserepes n\u00f6v\u00e9nyeket, hogy term\u00e9szetes legyen a k\u00f6rnyezet, \u00e9s szerelj fel f\u00e9nyf\u00fcz\u00e9rt az esti hangulat\u00e9rt. Ez a megold\u00e1s kis helyen is sok st\u00edlust \u00e9s k\u00e9nyelmet ad.<\/p>\n<h2>Z\u00f6ld pad a fateraszon<\/h2>\n<p><img loading=\"lazy\" decoding=\"async\" width=\"700\" height=\"1050\" alt=\"Raklapterasz vil\u00e1gos fa padl\u00f3val, z\u00f6ldre festett paddal, cserepes n\u00f6v\u00e9nyekkel \u00e9s t\u00e9glafal h\u00e1tt\u00e9rrel.\" class=\"aligncenter size-full wp-image-3357\" src=\"https:\/\/doubletakedecor.com\/uploads\/2025\/07\/diy-pallet-patio-deck-dtd-08.jpg\" srcset=\"https:\/\/doubletakedecor.com\/uploads\/2025\/07\/diy-pallet-patio-deck-dtd-08.jpg 700w, https:\/\/doubletakedecor.com\/uploads\/2025\/07\/diy-pallet-patio-deck-dtd-08-200x300.jpg 200w, https:\/\/doubletakedecor.com\/uploads\/2025\/07\/diy-pallet-patio-deck-dtd-08-683x1024.jpg 683w, https:\/\/doubletakedecor.com\/uploads\/2025\/07\/diy-pallet-patio-deck-dtd-08-96x144.jpg 96w, https:\/\/doubletakedecor.com\/uploads\/2025\/07\/diy-pallet-patio-deck-dtd-08-280x420.jpg 280w, https:\/\/doubletakedecor.com\/uploads\/2025\/07\/diy-pallet-patio-deck-dtd-08-320x480.jpg 320w, https:\/\/doubletakedecor.com\/uploads\/2025\/07\/diy-pallet-patio-deck-dtd-08-360x540.jpg 360w, https:\/\/doubletakedecor.com\/uploads\/2025\/07\/diy-pallet-patio-deck-dtd-08-363x545.jpg 363w, https:\/\/doubletakedecor.com\/uploads\/2025\/07\/diy-pallet-patio-deck-dtd-08-370x555.jpg 370w, https:\/\/doubletakedecor.com\/uploads\/2025\/07\/diy-pallet-patio-deck-dtd-08-400x600.jpg 400w, https:\/\/doubletakedecor.com\/uploads\/2025\/07\/diy-pallet-patio-deck-dtd-08-560x840.jpg 560w, https:\/\/doubletakedecor.com\/uploads\/2025\/07\/diy-pallet-patio-deck-dtd-08-480x720.jpg 480w\" sizes=\"auto, (max-width: 700px) 100vw, 700px\" \/><\/p>\n<p>Alak\u00edts ki nyugodt relax sarkot a teraszodon egy egyszer\u0171, festett paddal! A cserepes n\u00f6v\u00e9nyeket helyezd \u00fcgyesen, hogy z\u00f6ldebb legyen, de ne zs\u00fafold t\u00fal a sarkot. A fa padl\u00f3t mindenk\u00e9ppen kezeld le lakkal, \u00edgy sz\u00e9p f\u00e9nyes, tart\u00f3s fel\u00fcletet kapsz. A fa, a t\u00e9gla \u00e9s a n\u00f6v\u00e9nyek egy\u00fctt remek hangulatot teremtenek.<\/p>\n<h2>Geometrikus raklap platform design<\/h2>\n<p><img loading=\"lazy\" decoding=\"async\" width=\"700\" height=\"1050\" alt=\"Raklapterasz r\u00e9teges, elt\u00e9r\u0151 \u00e1rnyalat\u00fa fa t\u00e9glalapokkal, leny\u0171g\u00f6z\u0151 k\u00fclt\u00e9ri pihen\u0151hely egy csendes kertben.\" class=\"aligncenter size-full wp-image-3363\" src=\"https:\/\/doubletakedecor.com\/uploads\/2025\/07\/diy-pallet-patio-deck-dtd-09.jpg\" srcset=\"https:\/\/doubletakedecor.com\/uploads\/2025\/07\/diy-pallet-patio-deck-dtd-09.jpg 700w, https:\/\/doubletakedecor.com\/uploads\/2025\/07\/diy-pallet-patio-deck-dtd-09-200x300.jpg 200w, https:\/\/doubletakedecor.com\/uploads\/2025\/07\/diy-pallet-patio-deck-dtd-09-683x1024.jpg 683w, https:\/\/doubletakedecor.com\/uploads\/2025\/07\/diy-pallet-patio-deck-dtd-09-96x144.jpg 96w, https:\/\/doubletakedecor.com\/uploads\/2025\/07\/diy-pallet-patio-deck-dtd-09-280x420.jpg 280w, https:\/\/doubletakedecor.com\/uploads\/2025\/07\/diy-pallet-patio-deck-dtd-09-320x480.jpg 320w, https:\/\/doubletakedecor.com\/uploads\/2025\/07\/diy-pallet-patio-deck-dtd-09-360x540.jpg 360w, https:\/\/doubletakedecor.com\/uploads\/2025\/07\/diy-pallet-patio-deck-dtd-09-363x545.jpg 363w, https:\/\/doubletakedecor.com\/uploads\/2025\/07\/diy-pallet-patio-deck-dtd-09-370x555.jpg 370w, https:\/\/doubletakedecor.com\/uploads\/2025\/07\/diy-pallet-patio-deck-dtd-09-400x600.jpg 400w, https:\/\/doubletakedecor.com\/uploads\/2025\/07\/diy-pallet-patio-deck-dtd-09-560x840.jpg 560w, https:\/\/doubletakedecor.com\/uploads\/2025\/07\/diy-pallet-patio-deck-dtd-09-480x720.jpg 480w\" sizes=\"auto, (max-width: 700px) 100vw, 700px\" \/><\/p>\n<p>Var\u00e1zsolj egyedi hangulatot a kertedbe ezzel a geometrikus raklapterasszal! Helyezd el \u00fagy a raklapokat, hogy t\u00f6bbf\u00e9le sz\u00edn\u0171, \u00e1tfed\u0151 t\u00e9glalapokat kapj. Ez a ritka megold\u00e1s t\u00f6k\u00e9letes nagyobb bar\u00e1ti \u00f6sszej\u00f6vetelekhez vagy ak\u00e1r k\u00e9nyelmes pihen\u0151saroknak. Minden elemet gondosan kezelj k\u00fclt\u00e9ri lakkal az id\u0151j\u00e1r\u00e1s ellen.<\/p>\n<h2>Fadeszk\u00e1s terasz kont\u00e9neres kerttel<\/h2>\n<p><img loading=\"lazy\" decoding=\"async\" width=\"700\" height=\"1050\" alt=\"Kis k\u00fclt\u00e9ri terasz fa padl\u00f3val, bel\u00e1t\u00e1sg\u00e1tl\u00f3 ker\u00edt\u00e9ssel, \u00f6sszecsukhat\u00f3 sz\u00e9kkel \u00e9s sz\u00ednes vir\u00e1gtart\u00f3kkal kert\u00e9szked\u00e9shez.\" class=\"aligncenter size-full wp-image-3369\" src=\"https:\/\/doubletakedecor.com\/uploads\/2025\/07\/diy-pallet-patio-deck-dtd-10.jpg\" srcset=\"https:\/\/doubletakedecor.com\/uploads\/2025\/07\/diy-pallet-patio-deck-dtd-10.jpg 700w, https:\/\/doubletakedecor.com\/uploads\/2025\/07\/diy-pallet-patio-deck-dtd-10-200x300.jpg 200w, https:\/\/doubletakedecor.com\/uploads\/2025\/07\/diy-pallet-patio-deck-dtd-10-683x1024.jpg 683w, https:\/\/doubletakedecor.com\/uploads\/2025\/07\/diy-pallet-patio-deck-dtd-10-96x144.jpg 96w, https:\/\/doubletakedecor.com\/uploads\/2025\/07\/diy-pallet-patio-deck-dtd-10-280x420.jpg 280w, https:\/\/doubletakedecor.com\/uploads\/2025\/07\/diy-pallet-patio-deck-dtd-10-320x480.jpg 320w, https:\/\/doubletakedecor.com\/uploads\/2025\/07\/diy-pallet-patio-deck-dtd-10-360x540.jpg 360w, https:\/\/doubletakedecor.com\/uploads\/2025\/07\/diy-pallet-patio-deck-dtd-10-363x545.jpg 363w, https:\/\/doubletakedecor.com\/uploads\/2025\/07\/diy-pallet-patio-deck-dtd-10-370x555.jpg 370w, https:\/\/doubletakedecor.com\/uploads\/2025\/07\/diy-pallet-patio-deck-dtd-10-400x600.jpg 400w, https:\/\/doubletakedecor.com\/uploads\/2025\/07\/diy-pallet-patio-deck-dtd-10-560x840.jpg 560w, https:\/\/doubletakedecor.com\/uploads\/2025\/07\/diy-pallet-patio-deck-dtd-10-480x720.jpg 480w\" sizes=\"auto, (max-width: 700px) 100vw, 700px\" \/><\/p>\n<p>Ha kev\u00e9s a hely, kombin\u00e1ld a raklapteraszt emelt vir\u00e1gl\u00e1d\u00e1kkal! V\u00e1lassz k\u00fcl\u00f6nb\u00f6z\u0151 magass\u00e1g\u00fa l\u00e1d\u00e1kat, hogy k\u00f6nnyebb legyen a gondoz\u00e1s \u00e9s izgalmasabb legyen a l\u00e1tv\u00e1ny. Tegy\u00e9l fel r\u00e1csos ker\u00edt\u00e9st, hogy legyen egy kis priv\u00e1t sarok, a fut\u00f3n\u00f6v\u00e9nyek pedig elfedik a r\u00e1csot. Haszn\u00e1lj k\u00f6nny\u0171, \u00f6sszecsukhat\u00f3 sz\u00e9keket, \u00edgy b\u00e1rhol gyorsan \u00e1trendezheted a teret.<\/p>\n<h2>Erdei hangulat\u00fa raklapterasz<\/h2>\n<p><img loading=\"lazy\" decoding=\"async\" width=\"700\" height=\"1049\" alt=\"Raklapterasz k\u00e9k sz\u00e9kekkel \u00e9s kis kerek asztallal, k\u00f6r\u00fcl\u00f6tte cser\u00e9pbe \u00fcltetett n\u00f6v\u00e9nyek \u00e9s f\u00e1k, igazi nyugalmas k\u00fclt\u00e9ri b\u00fav\u00f3hely.\" class=\"aligncenter size-full wp-image-3375\" src=\"https:\/\/doubletakedecor.com\/uploads\/2025\/07\/diy-pallet-patio-deck-dtd-11.jpg\" srcset=\"https:\/\/doubletakedecor.com\/uploads\/2025\/07\/diy-pallet-patio-deck-dtd-11.jpg 700w, https:\/\/doubletakedecor.com\/uploads\/2025\/07\/diy-pallet-patio-deck-dtd-11-200x300.jpg 200w, https:\/\/doubletakedecor.com\/uploads\/2025\/07\/diy-pallet-patio-deck-dtd-11-683x1024.jpg 683w, https:\/\/doubletakedecor.com\/uploads\/2025\/07\/diy-pallet-patio-deck-dtd-11-96x144.jpg 96w, https:\/\/doubletakedecor.com\/uploads\/2025\/07\/diy-pallet-patio-deck-dtd-11-280x420.jpg 280w, https:\/\/doubletakedecor.com\/uploads\/2025\/07\/diy-pallet-patio-deck-dtd-11-320x480.jpg 320w, https:\/\/doubletakedecor.com\/uploads\/2025\/07\/diy-pallet-patio-deck-dtd-11-360x539.jpg 360w, https:\/\/doubletakedecor.com\/uploads\/2025\/07\/diy-pallet-patio-deck-dtd-11-363x544.jpg 363w, https:\/\/doubletakedecor.com\/uploads\/2025\/07\/diy-pallet-patio-deck-dtd-11-370x554.jpg 370w, https:\/\/doubletakedecor.com\/uploads\/2025\/07\/diy-pallet-patio-deck-dtd-11-400x599.jpg 400w, https:\/\/doubletakedecor.com\/uploads\/2025\/07\/diy-pallet-patio-deck-dtd-11-560x839.jpg 560w, https:\/\/doubletakedecor.com\/uploads\/2025\/07\/diy-pallet-patio-deck-dtd-11-480x719.jpg 480w\" sizes=\"auto, (max-width: 700px) 100vw, 700px\" \/><\/p>\n<p>Alak\u00edts ki bar\u00e1ts\u00e1gos kuck\u00f3t a kertben \u00fagy, hogy a raklapteraszt f\u00e1k k\u00f6zel\u00e9be teszed \u2013 \u00edgy eg\u00e9sz nap \u00e1rny\u00e9kos marad. Haszn\u00e1lj \u00e9l\u00e9nk sz\u00edn\u0171 k\u00e9nyelmes sz\u00e9keket, hogy igaz\u00e1n vid\u00e1m legyen a hely, \u00e9s rakj mell\u00e9 egy kerek asztalt. A sarkokat d\u00edsz\u00edtsd cserepes n\u00f6v\u00e9nyekkel, a kert fel\u00e9 pedig \u00e9p\u00edts kis l\u00e9pcs\u0151t, hogy k\u00f6nnyen \u00e1tj\u00e1rhat\u00f3 legyen a terasz.<\/p>\n<h2>T\u00f6bbszintes fa terasz design<\/h2>\n<p><img loading=\"lazy\" decoding=\"async\" width=\"700\" height=\"1050\" alt=\"Eleg\u00e1ns t\u00f6bbszint\u0171 faterasz \u00e9tkez\u0151z\u00f3n\u00e1val, ami z\u00f6kken\u0151mentesen illeszkedik a k\u00f6rnyez\u0151 gyephez, dekorat\u00edv k\u0151szeg\u00e9lyekkel.\" class=\"aligncenter size-full wp-image-3381\" src=\"https:\/\/doubletakedecor.com\/uploads\/2025\/07\/diy-pallet-patio-deck-dtd-12.jpg\" srcset=\"https:\/\/doubletakedecor.com\/uploads\/2025\/07\/diy-pallet-patio-deck-dtd-12.jpg 700w, https:\/\/doubletakedecor.com\/uploads\/2025\/07\/diy-pallet-patio-deck-dtd-12-200x300.jpg 200w, https:\/\/doubletakedecor.com\/uploads\/2025\/07\/diy-pallet-patio-deck-dtd-12-683x1024.jpg 683w, https:\/\/doubletakedecor.com\/uploads\/2025\/07\/diy-pallet-patio-deck-dtd-12-96x144.jpg 96w, https:\/\/doubletakedecor.com\/uploads\/2025\/07\/diy-pallet-patio-deck-dtd-12-280x420.jpg 280w, https:\/\/doubletakedecor.com\/uploads\/2025\/07\/diy-pallet-patio-deck-dtd-12-320x480.jpg 320w, https:\/\/doubletakedecor.com\/uploads\/2025\/07\/diy-pallet-patio-deck-dtd-12-360x540.jpg 360w, https:\/\/doubletakedecor.com\/uploads\/2025\/07\/diy-pallet-patio-deck-dtd-12-363x545.jpg 363w, https:\/\/doubletakedecor.com\/uploads\/2025\/07\/diy-pallet-patio-deck-dtd-12-370x555.jpg 370w, https:\/\/doubletakedecor.com\/uploads\/2025\/07\/diy-pallet-patio-deck-dtd-12-400x600.jpg 400w, https:\/\/doubletakedecor.com\/uploads\/2025\/07\/diy-pallet-patio-deck-dtd-12-560x840.jpg 560w, https:\/\/doubletakedecor.com\/uploads\/2025\/07\/diy-pallet-patio-deck-dtd-12-480x720.jpg 480w\" sizes=\"auto, (max-width: 700px) 100vw, 700px\" \/><\/p>\n<p>Hozz l\u00e9tre t\u00f6bb szintet a k\u00fclt\u00e9ri tereden, hogy m\u00e9g t\u00e1gasabbnak \u00e9s v\u00e1ltozatosabbnak \u00e9rezd. K\u00fcl\u00f6n\u00edts el z\u00f3n\u00e1kat \u2013 p\u00e9ld\u00e1ul vacsor\u00e1hoz \u00e9s pihen\u00e9shez \u2013, \u00e9s a fa fel\u00fcleteket kezeld min\u0151s\u00e9gi k\u00fclt\u00e9ri laz\u00farral, hogy sz\u00e9p maradjon az erezet \u00e9s v\u00e9dve legyen az es\u0151t\u0151l. D\u00edsz\u00edtsd a terasz sz\u00e9l\u00e9t k\u0151szeg\u00e9llyel, ett\u0151l m\u00e9g mutat\u00f3sabb \u00e9s rendezettebb lesz az \u00e1tmenet a f\u0171h\u00f6z.<\/p>\n<h2>Modern feh\u00e9r pavilon \u00fcl\u0151garnit\u00far\u00e1val<\/h2>\n<p><img loading=\"lazy\" decoding=\"async\" width=\"700\" height=\"1049\" alt=\"Modern feh\u00e9r fapavilon U-alak\u00fa sz\u00fcrke \u00fcl\u0151garnit\u00far\u00e1val, kerek asztallal \u00e9s n\u00f6v\u00e9nyekkel feld\u00edsz\u00edtett falakkal egy fateraszon.\" class=\"aligncenter size-full wp-image-3387\" src=\"https:\/\/doubletakedecor.com\/uploads\/2025\/07\/diy-pallet-patio-deck-dtd-13.jpg\" srcset=\"https:\/\/doubletakedecor.com\/uploads\/2025\/07\/diy-pallet-patio-deck-dtd-13.jpg 700w, https:\/\/doubletakedecor.com\/uploads\/2025\/07\/diy-pallet-patio-deck-dtd-13-200x300.jpg 200w, https:\/\/doubletakedecor.com\/uploads\/2025\/07\/diy-pallet-patio-deck-dtd-13-683x1024.jpg 683w, https:\/\/doubletakedecor.com\/uploads\/2025\/07\/diy-pallet-patio-deck-dtd-13-96x144.jpg 96w, https:\/\/doubletakedecor.com\/uploads\/2025\/07\/diy-pallet-patio-deck-dtd-13-280x420.jpg 280w, https:\/\/doubletakedecor.com\/uploads\/2025\/07\/diy-pallet-patio-deck-dtd-13-320x480.jpg 320w, https:\/\/doubletakedecor.com\/uploads\/2025\/07\/diy-pallet-patio-deck-dtd-13-360x539.jpg 360w, https:\/\/doubletakedecor.com\/uploads\/2025\/07\/diy-pallet-patio-deck-dtd-13-363x544.jpg 363w, https:\/\/doubletakedecor.com\/uploads\/2025\/07\/diy-pallet-patio-deck-dtd-13-370x554.jpg 370w, https:\/\/doubletakedecor.com\/uploads\/2025\/07\/diy-pallet-patio-deck-dtd-13-400x599.jpg 400w, https:\/\/doubletakedecor.com\/uploads\/2025\/07\/diy-pallet-patio-deck-dtd-13-560x839.jpg 560w, https:\/\/doubletakedecor.com\/uploads\/2025\/07\/diy-pallet-patio-deck-dtd-13-480x719.jpg 480w\" sizes=\"auto, (max-width: 700px) 100vw, 700px\" \/><\/p>\n<p>Alkoss luxushangulatot a kertben egy h\u00f3feh\u00e9r, modern pavilonnal \u00e9s k\u00e9nyelmes sz\u00fcrke \u00fcl\u0151garnit\u00far\u00e1val! A tet\u0151n \u00e9s az asztalon jelenjenek meg term\u00e9szetes fa d\u00edsz\u00edt\u0151elemek is, hogy melegebb legyen az \u00f6sszhat\u00e1s. Akaszd a falra a cserepes n\u00f6v\u00e9nyeket, \u00edgy egyszerre teremt priv\u00e1t teret \u00e9s k\u00f6zelebb is hozza a term\u00e9szetet. A k\u00f6r alap\u00fa fa terasz remek\u00fcl kijel\u00f6li a sz\u00f3rakoz\u00f3 z\u00f3n\u00e1t a kertben.<\/p>\n<h2>Rusztikus, f\u00e1b\u00f3l k\u00e9sz\u00fclt terasz b\u00e1rpulttal<\/h2>\n<p><img loading=\"lazy\" decoding=\"async\" width=\"700\" height=\"1049\" alt=\"Saj\u00e1t k\u00e9sz\u00edt\u00e9s\u0171 raklap terasz, magas\u00edtott pulttal, narancss\u00e1rga h\u0171t\u0151vel \u00e9s laza \u00fcl\u0151r\u00e9sszel, n\u00f6v\u00e9nyekkel k\u00f6r\u00fclv\u00e9ve\" class=\"aligncenter size-full wp-image-3393\" src=\"https:\/\/doubletakedecor.com\/uploads\/2025\/07\/diy-pallet-patio-deck-dtd-14.jpg\" srcset=\"https:\/\/doubletakedecor.com\/uploads\/2025\/07\/diy-pallet-patio-deck-dtd-14.jpg 700w, https:\/\/doubletakedecor.com\/uploads\/2025\/07\/diy-pallet-patio-deck-dtd-14-200x300.jpg 200w, https:\/\/doubletakedecor.com\/uploads\/2025\/07\/diy-pallet-patio-deck-dtd-14-683x1024.jpg 683w, https:\/\/doubletakedecor.com\/uploads\/2025\/07\/diy-pallet-patio-deck-dtd-14-96x144.jpg 96w, https:\/\/doubletakedecor.com\/uploads\/2025\/07\/diy-pallet-patio-deck-dtd-14-280x420.jpg 280w, https:\/\/doubletakedecor.com\/uploads\/2025\/07\/diy-pallet-patio-deck-dtd-14-320x480.jpg 320w, https:\/\/doubletakedecor.com\/uploads\/2025\/07\/diy-pallet-patio-deck-dtd-14-360x539.jpg 360w, https:\/\/doubletakedecor.com\/uploads\/2025\/07\/diy-pallet-patio-deck-dtd-14-363x544.jpg 363w, https:\/\/doubletakedecor.com\/uploads\/2025\/07\/diy-pallet-patio-deck-dtd-14-370x554.jpg 370w, https:\/\/doubletakedecor.com\/uploads\/2025\/07\/diy-pallet-patio-deck-dtd-14-400x599.jpg 400w, https:\/\/doubletakedecor.com\/uploads\/2025\/07\/diy-pallet-patio-deck-dtd-14-560x839.jpg 560w, https:\/\/doubletakedecor.com\/uploads\/2025\/07\/diy-pallet-patio-deck-dtd-14-480x719.jpg 480w\" sizes=\"auto, (max-width: 700px) 100vw, 700px\" \/><\/p>\n<p>Alak\u00edtsd \u00e1t a k\u00fclt\u00e9ri teredet t\u00f6bb szintb\u0151l \u00e1ll\u00f3 terasz seg\u00edts\u00e9g\u00e9vel, ahol be\u00e9p\u00edtett b\u00e1rpult is helyet kap. R\u00f6gz\u00edtsd a f\u00fcgg\u0151leges tart\u00f3kat stabilra, majd szereld fel a pultot. Praktikus dolgokat is be\u00e9p\u00edthetsz, p\u00e9ld\u00e1ul egy h\u0171t\u0151t az \u00fcd\u00edt\u0151knek, \u00e9s t\u00f6bbf\u00e9le \u00fcl\u0151helyet. Dobd fel a hangulatot cserepes n\u00f6v\u00e9nyekkel \u00e9s l\u00e1mp\u00e1sokkal. Ez a megold\u00e1s remek hely lehet bulikhoz \u00e9s csendes pihen\u00e9shez egyar\u00e1nt.<\/p>\n<h2>Kompakt raklap terasz vid\u00e1m sz\u00ednekkel<\/h2>\n<p><img loading=\"lazy\" decoding=\"async\" width=\"700\" height=\"1050\" alt=\"Kicsi raklap terasz narancss\u00e1rga p\u00e1rn\u00e1s sz\u00e9kekkel \u00e9s s\u00e1rga vir\u00e1gcser\u00e9ppel, ide\u00e1lis kis pihen\u0151sarok a szabadban.\" class=\"aligncenter size-full wp-image-3399\" src=\"https:\/\/doubletakedecor.com\/uploads\/2025\/07\/diy-pallet-patio-deck-dtd-15.jpg\" srcset=\"https:\/\/doubletakedecor.com\/uploads\/2025\/07\/diy-pallet-patio-deck-dtd-15.jpg 700w, https:\/\/doubletakedecor.com\/uploads\/2025\/07\/diy-pallet-patio-deck-dtd-15-200x300.jpg 200w, https:\/\/doubletakedecor.com\/uploads\/2025\/07\/diy-pallet-patio-deck-dtd-15-683x1024.jpg 683w, https:\/\/doubletakedecor.com\/uploads\/2025\/07\/diy-pallet-patio-deck-dtd-15-96x144.jpg 96w, https:\/\/doubletakedecor.com\/uploads\/2025\/07\/diy-pallet-patio-deck-dtd-15-280x420.jpg 280w, https:\/\/doubletakedecor.com\/uploads\/2025\/07\/diy-pallet-patio-deck-dtd-15-320x480.jpg 320w, https:\/\/doubletakedecor.com\/uploads\/2025\/07\/diy-pallet-patio-deck-dtd-15-360x540.jpg 360w, https:\/\/doubletakedecor.com\/uploads\/2025\/07\/diy-pallet-patio-deck-dtd-15-363x545.jpg 363w, https:\/\/doubletakedecor.com\/uploads\/2025\/07\/diy-pallet-patio-deck-dtd-15-370x555.jpg 370w, https:\/\/doubletakedecor.com\/uploads\/2025\/07\/diy-pallet-patio-deck-dtd-15-400x600.jpg 400w, https:\/\/doubletakedecor.com\/uploads\/2025\/07\/diy-pallet-patio-deck-dtd-15-560x840.jpg 560w, https:\/\/doubletakedecor.com\/uploads\/2025\/07\/diy-pallet-patio-deck-dtd-15-480x720.jpg 480w\" sizes=\"auto, (max-width: 700px) 100vw, 700px\" \/><\/p>\n<p>Egy kis szabadt\u00e9ri ter\u00fcletet is bar\u00e1ts\u00e1gos pihen\u0151sarokk\u00e1 var\u00e1zsolhatsz ezzel a helytakar\u00e9kos raklapterasszal. Helyezz k\u00f6nny\u0171 \u00f6sszecsukhat\u00f3 sz\u00e9keket egy kis asztal k\u00f6r\u00e9, majd tegy\u00e9l r\u00e1juk \u00e9l\u00e9nk sz\u00edn\u0171 p\u00e1rn\u00e1kat \u00e9s vir\u00e1gokat kasp\u00f3ban, hogy feldobd a hangulatot. Akaszd a d\u00edszeket a falra, hogy jobban kihaszn\u00e1ld a f\u00fcgg\u0151leges helyet. Ez a kialak\u00edt\u00e1s kiv\u00e1l\u00f3 v\u00e1laszt\u00e1s v\u00e1rosi udvarokra vagy erk\u00e9lyekre is.<\/p>\n<h2>Halsz\u00e1lkamint\u00e1s raklap terasz t\u00f3ra n\u00e9z\u0151 panor\u00e1m\u00e1val<\/h2>\n<p><img loading=\"lazy\" decoding=\"async\" width=\"700\" height=\"1050\" alt=\"Eleg\u00e1ns, halsz\u00e1lkamint\u00e1s sz\u00fcrke raklap terasz sok sz\u00ednes vir\u00e1g\u00e1gy\u00e1ssal, csendes v\u00edzparti h\u00e1tt\u00e9rrel\" class=\"aligncenter size-full wp-image-3405\" src=\"https:\/\/doubletakedecor.com\/uploads\/2025\/07\/diy-pallet-patio-deck-dtd-16.jpg\" srcset=\"https:\/\/doubletakedecor.com\/uploads\/2025\/07\/diy-pallet-patio-deck-dtd-16.jpg 700w, https:\/\/doubletakedecor.com\/uploads\/2025\/07\/diy-pallet-patio-deck-dtd-16-200x300.jpg 200w, https:\/\/doubletakedecor.com\/uploads\/2025\/07\/diy-pallet-patio-deck-dtd-16-683x1024.jpg 683w, https:\/\/doubletakedecor.com\/uploads\/2025\/07\/diy-pallet-patio-deck-dtd-16-96x144.jpg 96w, https:\/\/doubletakedecor.com\/uploads\/2025\/07\/diy-pallet-patio-deck-dtd-16-280x420.jpg 280w, https:\/\/doubletakedecor.com\/uploads\/2025\/07\/diy-pallet-patio-deck-dtd-16-320x480.jpg 320w, https:\/\/doubletakedecor.com\/uploads\/2025\/07\/diy-pallet-patio-deck-dtd-16-360x540.jpg 360w, https:\/\/doubletakedecor.com\/uploads\/2025\/07\/diy-pallet-patio-deck-dtd-16-363x545.jpg 363w, https:\/\/doubletakedecor.com\/uploads\/2025\/07\/diy-pallet-patio-deck-dtd-16-370x555.jpg 370w, https:\/\/doubletakedecor.com\/uploads\/2025\/07\/diy-pallet-patio-deck-dtd-16-400x600.jpg 400w, https:\/\/doubletakedecor.com\/uploads\/2025\/07\/diy-pallet-patio-deck-dtd-16-560x840.jpg 560w, https:\/\/doubletakedecor.com\/uploads\/2025\/07\/diy-pallet-patio-deck-dtd-16-480x720.jpg 480w\" sizes=\"auto, (max-width: 700px) 100vw, 700px\" \/><\/p>\n<p>K\u00e9sz\u00edts mutat\u00f3s halsz\u00e1lkamint\u00e1t k\u00fcl\u00f6nb\u00f6z\u0151 \u00e1rnyalat\u00fa sz\u00fcrke raklapl\u00e9cekb\u0151l, hogy igaz\u00e1n l\u00e1tv\u00e1nyos legyen a teraszod. Tervezd meg \u00fagy a helyet, hogy a legjobban l\u00e1sd a vizet, \u00e9s \u00fcltess vir\u00e1gokat a terasz sz\u00e9l\u00e9re. \u00c9rdemes alaposan lekezelni a f\u00e1t, hogy ellen\u00e1lljon a v\u00edznek, \u00e9s emeld kiss\u00e9 meg a szerkezetet, hogy jobban elfolyjon az es\u0151v\u00edz, \u00edgy tov\u00e1bb tart majd a terasz.<\/p>\n<h2>Hangulatos k\u00fclt\u00e9ri besz\u00e9lget\u0151sarok<\/h2>\n<p><img loading=\"lazy\" decoding=\"async\" width=\"700\" height=\"1049\" alt=\"K\u00e9t fekete f\u00e9m sz\u00e9k piros p\u00e1rn\u00e1kkal, sz\u00ednes sz\u0151nyeggel, feh\u00e9r asztal s\u00e1rga vir\u00e1gokkal, kis ker\u00edt\u00e9s el\u0151tt.\" class=\"aligncenter size-full wp-image-3411\" src=\"https:\/\/doubletakedecor.com\/uploads\/2025\/07\/diy-pallet-patio-deck-dtd-17.jpg\" srcset=\"https:\/\/doubletakedecor.com\/uploads\/2025\/07\/diy-pallet-patio-deck-dtd-17.jpg 700w, https:\/\/doubletakedecor.com\/uploads\/2025\/07\/diy-pallet-patio-deck-dtd-17-200x300.jpg 200w, https:\/\/doubletakedecor.com\/uploads\/2025\/07\/diy-pallet-patio-deck-dtd-17-683x1024.jpg 683w, https:\/\/doubletakedecor.com\/uploads\/2025\/07\/diy-pallet-patio-deck-dtd-17-96x144.jpg 96w, https:\/\/doubletakedecor.com\/uploads\/2025\/07\/diy-pallet-patio-deck-dtd-17-280x420.jpg 280w, https:\/\/doubletakedecor.com\/uploads\/2025\/07\/diy-pallet-patio-deck-dtd-17-320x480.jpg 320w, https:\/\/doubletakedecor.com\/uploads\/2025\/07\/diy-pallet-patio-deck-dtd-17-360x539.jpg 360w, https:\/\/doubletakedecor.com\/uploads\/2025\/07\/diy-pallet-patio-deck-dtd-17-363x544.jpg 363w, https:\/\/doubletakedecor.com\/uploads\/2025\/07\/diy-pallet-patio-deck-dtd-17-370x554.jpg 370w, https:\/\/doubletakedecor.com\/uploads\/2025\/07\/diy-pallet-patio-deck-dtd-17-400x599.jpg 400w, https:\/\/doubletakedecor.com\/uploads\/2025\/07\/diy-pallet-patio-deck-dtd-17-560x839.jpg 560w, https:\/\/doubletakedecor.com\/uploads\/2025\/07\/diy-pallet-patio-deck-dtd-17-480x719.jpg 480w\" sizes=\"auto, (max-width: 700px) 100vw, 700px\" \/><\/p>\n<p>Alak\u00edts ki meghitt besz\u00e9lget\u0151sarkot raklapteraszon k\u00e9nyelmes f\u00e9m sz\u00e9kekkel \u00e9s sz\u00ednes p\u00e1rn\u00e1kkal. Tegy\u00e9l le egy kerek d\u00edszsz\u0151nyeget, hogy j\u00f3l elhat\u00e1rolt \u00e9s bar\u00e1ts\u00e1gos legyen a r\u00e9sz. Helyezz el egy kis asztalt italoknak, \u00e9s cser\u00e9pben p\u00e1r n\u00f6v\u00e9nyt is, hogy sz\u00ednes legyen az \u00f6sszk\u00e9p. A feh\u00e9r ker\u00edt\u00e9s h\u00e1tt\u00e9rk\u00e9nt j\u00f3l illik ehhez a kellemes, d\u00e9lut\u00e1ni pihen\u0151h\u00f6z.<\/p>\n<h2>Hangulatos f\u00e1b\u00f3l k\u00e9sz\u00fclt terasz sok z\u00f6lddel<\/h2>\n<p><img loading=\"lazy\" decoding=\"async\" width=\"700\" height=\"1050\" alt=\"Bar\u00e1ts\u00e1gos kerti fa terasz nyolcsz\u00f6g alak\u00fa \u00fcvegasztallal, lila sz\u00e9kkel, k\u00f6rben cserepes n\u00f6v\u00e9nyekkel, t\u00f6k\u00e9letes relax\u00e1ci\u00f3s t\u00e9r\" class=\"aligncenter size-full wp-image-3417\" src=\"https:\/\/doubletakedecor.com\/uploads\/2025\/07\/diy-pallet-patio-deck-dtd-18.jpg\" srcset=\"https:\/\/doubletakedecor.com\/uploads\/2025\/07\/diy-pallet-patio-deck-dtd-18.jpg 700w, https:\/\/doubletakedecor.com\/uploads\/2025\/07\/diy-pallet-patio-deck-dtd-18-200x300.jpg 200w, https:\/\/doubletakedecor.com\/uploads\/2025\/07\/diy-pallet-patio-deck-dtd-18-683x1024.jpg 683w, https:\/\/doubletakedecor.com\/uploads\/2025\/07\/diy-pallet-patio-deck-dtd-18-96x144.jpg 96w, https:\/\/doubletakedecor.com\/uploads\/2025\/07\/diy-pallet-patio-deck-dtd-18-280x420.jpg 280w, https:\/\/doubletakedecor.com\/uploads\/2025\/07\/diy-pallet-patio-deck-dtd-18-320x480.jpg 320w, https:\/\/doubletakedecor.com\/uploads\/2025\/07\/diy-pallet-patio-deck-dtd-18-360x540.jpg 360w, https:\/\/doubletakedecor.com\/uploads\/2025\/07\/diy-pallet-patio-deck-dtd-18-363x545.jpg 363w, https:\/\/doubletakedecor.com\/uploads\/2025\/07\/diy-pallet-patio-deck-dtd-18-370x555.jpg 370w, https:\/\/doubletakedecor.com\/uploads\/2025\/07\/diy-pallet-patio-deck-dtd-18-400x600.jpg 400w, https:\/\/doubletakedecor.com\/uploads\/2025\/07\/diy-pallet-patio-deck-dtd-18-560x840.jpg 560w, https:\/\/doubletakedecor.com\/uploads\/2025\/07\/diy-pallet-patio-deck-dtd-18-480x720.jpg 480w\" sizes=\"auto, (max-width: 700px) 100vw, 700px\" \/><\/p>\n<p>Tedd m\u00e9g vonz\u00f3bb\u00e1 raklapteraszodat \u00fagy, hogy k\u00f6rben k\u00fcl\u00f6nb\u00f6z\u0151 m\u00e9ret\u0171 cserepes n\u00f6v\u00e9nyeket helyezel el. \u00c1ll\u00edts k\u00f6z\u00e9pre egy \u00fcvegasztalt, rajta egy kisebb d\u00edszn\u00f6v\u00e9nnyel. V\u00e1lassz sz\u00ednes k\u00fclt\u00e9ri b\u00fatorokat, amik j\u00f3l illenek a fa term\u00e9szetes \u00e1rnyalat\u00e1hoz. \u00cdgy egy igaz\u00e1n pihentet\u0151, &#8222;bent is-kint is&#8221; hat\u00e1s\u00fa \u00e9letteret kapsz.<\/p>\n<h2>T\u00f6bbz\u00f3n\u00e1s raklap terasz pihen\u00e9shez<\/h2>\n<p><img loading=\"lazy\" decoding=\"async\" width=\"700\" height=\"1050\" alt=\"F\u00e1b\u00f3l k\u00e9sz\u00fclt raklap terasz \u00e9tkez\u0151- \u00e9s pihen\u0151sarokkal, s\u00e1rga \u00e9s t\u00fcrkiz naperny\u0151vel, f\u00e9nyf\u00fcz\u00e9rekkel, \u00e9s sok n\u00f6v\u00e9nnyel a term\u00e9szetben.\" class=\"aligncenter size-full wp-image-3423\" src=\"https:\/\/doubletakedecor.com\/uploads\/2025\/07\/diy-pallet-patio-deck-dtd-19.jpg\" srcset=\"https:\/\/doubletakedecor.com\/uploads\/2025\/07\/diy-pallet-patio-deck-dtd-19.jpg 700w, https:\/\/doubletakedecor.com\/uploads\/2025\/07\/diy-pallet-patio-deck-dtd-19-200x300.jpg 200w, https:\/\/doubletakedecor.com\/uploads\/2025\/07\/diy-pallet-patio-deck-dtd-19-683x1024.jpg 683w, https:\/\/doubletakedecor.com\/uploads\/2025\/07\/diy-pallet-patio-deck-dtd-19-96x144.jpg 96w, https:\/\/doubletakedecor.com\/uploads\/2025\/07\/diy-pallet-patio-deck-dtd-19-280x420.jpg 280w, https:\/\/doubletakedecor.com\/uploads\/2025\/07\/diy-pallet-patio-deck-dtd-19-320x480.jpg 320w, https:\/\/doubletakedecor.com\/uploads\/2025\/07\/diy-pallet-patio-deck-dtd-19-360x540.jpg 360w, https:\/\/doubletakedecor.com\/uploads\/2025\/07\/diy-pallet-patio-deck-dtd-19-363x545.jpg 363w, https:\/\/doubletakedecor.com\/uploads\/2025\/07\/diy-pallet-patio-deck-dtd-19-370x555.jpg 370w, https:\/\/doubletakedecor.com\/uploads\/2025\/07\/diy-pallet-patio-deck-dtd-19-400x600.jpg 400w, https:\/\/doubletakedecor.com\/uploads\/2025\/07\/diy-pallet-patio-deck-dtd-19-560x840.jpg 560w, https:\/\/doubletakedecor.com\/uploads\/2025\/07\/diy-pallet-patio-deck-dtd-19-480x720.jpg 480w\" sizes=\"auto, (max-width: 700px) 100vw, 700px\" \/><\/p>\n<p>Oszd fel raklapteraszodat k\u00fcl\u00f6nb\u00f6z\u0151 funkci\u00f3kra: helyezd a b\u00fatorokat \u00fagy, hogy j\u00f3l elk\u00fcl\u00f6n\u00fcljenek az \u00e9tkez\u00e9shez \u00e9s pihen\u00e9shez val\u00f3 r\u00e9szek. K\u00fcl\u00f6nb\u00f6z\u0151 sz\u00edn\u0171 naperny\u0151kkel jelezheted az elrendez\u00e9st, mik\u00f6zben \u00e1rny\u00e9kot is adsz. Puha, k\u00fclt\u00e9ri sz\u0151nyegek \u00e9s puffok j\u00f3l passzolnak a f\u00e1hoz. Esti hangulatot var\u00e1zsolhatsz egy f\u00e9nyf\u00fcz\u00e9rrel, \u00e9s sok n\u00f6v\u00e9nnyel term\u00e9szetesebb lesz az \u00f6sszhang a kerttel.<\/p>\n<h2>Hangulatos raklap sarokkanap\u00e9 k\u00fclt\u00e9rre<\/h2>\n<p><img loading=\"lazy\" decoding=\"async\" width=\"700\" height=\"1050\" alt=\"Rusztikus raklap sarokkanap\u00e9 b\u00e9zs \u00e9s r\u00f3zsasz\u00edn p\u00e1rn\u00e1kkal a fateraszon, k\u00f6r\u00fcl\u00f6tte r\u00f3zsasz\u00edn vir\u00e1gok \u00e9s buja z\u00f6ld n\u00f6v\u00e9nyek.\" class=\"aligncenter size-full wp-image-3429\" src=\"https:\/\/doubletakedecor.com\/uploads\/2025\/07\/diy-pallet-patio-deck-dtd-20.jpg\" srcset=\"https:\/\/doubletakedecor.com\/uploads\/2025\/07\/diy-pallet-patio-deck-dtd-20.jpg 700w, https:\/\/doubletakedecor.com\/uploads\/2025\/07\/diy-pallet-patio-deck-dtd-20-200x300.jpg 200w, https:\/\/doubletakedecor.com\/uploads\/2025\/07\/diy-pallet-patio-deck-dtd-20-683x1024.jpg 683w, https:\/\/doubletakedecor.com\/uploads\/2025\/07\/diy-pallet-patio-deck-dtd-20-96x144.jpg 96w, https:\/\/doubletakedecor.com\/uploads\/2025\/07\/diy-pallet-patio-deck-dtd-20-280x420.jpg 280w, https:\/\/doubletakedecor.com\/uploads\/2025\/07\/diy-pallet-patio-deck-dtd-20-320x480.jpg 320w, https:\/\/doubletakedecor.com\/uploads\/2025\/07\/diy-pallet-patio-deck-dtd-20-360x540.jpg 360w, https:\/\/doubletakedecor.com\/uploads\/2025\/07\/diy-pallet-patio-deck-dtd-20-363x545.jpg 363w, https:\/\/doubletakedecor.com\/uploads\/2025\/07\/diy-pallet-patio-deck-dtd-20-370x555.jpg 370w, https:\/\/doubletakedecor.com\/uploads\/2025\/07\/diy-pallet-patio-deck-dtd-20-400x600.jpg 400w, https:\/\/doubletakedecor.com\/uploads\/2025\/07\/diy-pallet-patio-deck-dtd-20-560x840.jpg 560w, https:\/\/doubletakedecor.com\/uploads\/2025\/07\/diy-pallet-patio-deck-dtd-20-480x720.jpg 480w\" sizes=\"auto, (max-width: 700px) 100vw, 700px\" \/><\/p>\n<p>\u00c9p\u00edts multifunkci\u00f3s, k\u00fclt\u00e9ri pihen\u0151helyet raklap sarokkanap\u00e9val. Tegy\u00e9l r\u00e1 puha, sz\u00ednes p\u00e1rn\u00e1kat, hogy m\u00e9g k\u00e9nyelmesebb legyen. A terasz k\u00f6r\u00fcl elhelyezett vir\u00e1gokkal m\u00e9g bar\u00e1ts\u00e1gosabb\u00e1 tudod tenni a helyet. Praktikus megold\u00e1s egy fonott kos\u00e1r, amely egyszerre t\u00e1rol\u00f3 \u00e9s asztal is lehet.<\/p>\n<h2>K\u00fclt\u00e9ri \u00e9tkez\u0151 \u00e9s f\u0151z\u0151sarok teraszon<\/h2>\n<p><img loading=\"lazy\" decoding=\"async\" width=\"700\" height=\"1050\" alt=\"F\u00e1b\u00f3l \u00e9p\u00fclt raklap terasz \u00e9tkez\u0151 szettel, mint\u00e1s sz\u0151nyeggel, konyh\u00e1val, pergol\u00e1val \u00e9s hangulatos kerttel \u2013 ide\u00e1lis k\u00fclt\u00e9ri vend\u00e9gl\u00e1t\u00e1shoz.\" class=\"aligncenter size-full wp-image-3435\" src=\"https:\/\/doubletakedecor.com\/uploads\/2025\/07\/diy-pallet-patio-deck-dtd-21.jpg\" srcset=\"https:\/\/doubletakedecor.com\/uploads\/2025\/07\/diy-pallet-patio-deck-dtd-21.jpg 700w, https:\/\/doubletakedecor.com\/uploads\/2025\/07\/diy-pallet-patio-deck-dtd-21-200x300.jpg 200w, https:\/\/doubletakedecor.com\/uploads\/2025\/07\/diy-pallet-patio-deck-dtd-21-683x1024.jpg 683w, https:\/\/doubletakedecor.com\/uploads\/2025\/07\/diy-pallet-patio-deck-dtd-21-96x144.jpg 96w, https:\/\/doubletakedecor.com\/uploads\/2025\/07\/diy-pallet-patio-deck-dtd-21-280x420.jpg 280w, https:\/\/doubletakedecor.com\/uploads\/2025\/07\/diy-pallet-patio-deck-dtd-21-320x480.jpg 320w, https:\/\/doubletakedecor.com\/uploads\/2025\/07\/diy-pallet-patio-deck-dtd-21-360x540.jpg 360w, https:\/\/doubletakedecor.com\/uploads\/2025\/07\/diy-pallet-patio-deck-dtd-21-363x545.jpg 363w, https:\/\/doubletakedecor.com\/uploads\/2025\/07\/diy-pallet-patio-deck-dtd-21-370x555.jpg 370w, https:\/\/doubletakedecor.com\/uploads\/2025\/07\/diy-pallet-patio-deck-dtd-21-400x600.jpg 400w, https:\/\/doubletakedecor.com\/uploads\/2025\/07\/diy-pallet-patio-deck-dtd-21-560x840.jpg 560w, https:\/\/doubletakedecor.com\/uploads\/2025\/07\/diy-pallet-patio-deck-dtd-21-480x720.jpg 480w\" sizes=\"auto, (max-width: 700px) 100vw, 700px\" \/><\/p>\n<p>Alak\u00edtsd \u00e1t raklap teraszodat val\u00f3di vend\u00e9gt\u00e9rr\u00e9 \u00e9tkez\u0151 garnit\u00far\u00e1val \u00e9s egy mint\u00e1s sz\u0151nyeggel, ami sz\u00ednt visz a helybe. Praktikus k\u00fclt\u00e9ri konyh\u00e1t is kialak\u00edthatsz, hogy m\u00e9g k\u00f6nnyebb legyen a f\u0151z\u00e9s. \u00dcltess cserepes n\u00f6v\u00e9nyeket a term\u00e9szetes hat\u00e1s\u00e9rt, \u00e9s szerelj pergol\u00e1t l\u00e1mp\u00e1sokkal, hogy este is kellemes legyen a hangulat. Kavicsos \u00f6sv\u00e9nnyel \u00f6sszek\u00f6theted a terasz k\u00fcl\u00f6nb\u00f6z\u0151 r\u00e9szeit.<\/p>\n<h2>Faterasz hangulatos pihen\u0151sarokkal<\/h2>\n<p><img loading=\"lazy\" decoding=\"async\" width=\"700\" height=\"1050\" alt=\"Hangulatos faterasz k\u00e9t napoz\u00f3\u00e1ggyal, k\u00fclt\u00e9ri sz\u0151nyeggel \u00e9s kis asztallal, mag\u00e1nszf\u00e9ra ker\u00edt\u00e9ssel \u00e9s z\u00f6ld n\u00f6v\u00e9nyekkel k\u00f6r\u00fclv\u00e9ve.\" class=\"aligncenter size-full wp-image-3441\" src=\"https:\/\/doubletakedecor.com\/uploads\/2025\/07\/diy-pallet-patio-deck-dtd-22.jpg\" srcset=\"https:\/\/doubletakedecor.com\/uploads\/2025\/07\/diy-pallet-patio-deck-dtd-22.jpg 700w, https:\/\/doubletakedecor.com\/uploads\/2025\/07\/diy-pallet-patio-deck-dtd-22-200x300.jpg 200w, https:\/\/doubletakedecor.com\/uploads\/2025\/07\/diy-pallet-patio-deck-dtd-22-683x1024.jpg 683w, https:\/\/doubletakedecor.com\/uploads\/2025\/07\/diy-pallet-patio-deck-dtd-22-96x144.jpg 96w, https:\/\/doubletakedecor.com\/uploads\/2025\/07\/diy-pallet-patio-deck-dtd-22-280x420.jpg 280w, https:\/\/doubletakedecor.com\/uploads\/2025\/07\/diy-pallet-patio-deck-dtd-22-320x480.jpg 320w, https:\/\/doubletakedecor.com\/uploads\/2025\/07\/diy-pallet-patio-deck-dtd-22-360x540.jpg 360w, https:\/\/doubletakedecor.com\/uploads\/2025\/07\/diy-pallet-patio-deck-dtd-22-363x545.jpg 363w, https:\/\/doubletakedecor.com\/uploads\/2025\/07\/diy-pallet-patio-deck-dtd-22-370x555.jpg 370w, https:\/\/doubletakedecor.com\/uploads\/2025\/07\/diy-pallet-patio-deck-dtd-22-400x600.jpg 400w, https:\/\/doubletakedecor.com\/uploads\/2025\/07\/diy-pallet-patio-deck-dtd-22-560x840.jpg 560w, https:\/\/doubletakedecor.com\/uploads\/2025\/07\/diy-pallet-patio-deck-dtd-22-480x720.jpg 480w\" sizes=\"auto, (max-width: 700px) 100vw, 700px\" \/><\/p>\n<p>Dobd fel a kertedet t\u00f6bb szintes faterasz kialak\u00edt\u00e1s\u00e1val. Csatolj hozz\u00e1 egy kisebb peront, amit d\u00edszk\u00f6vekkel veszel k\u00f6rbe a l\u00e1tv\u00e1ny\u00e9rt. K\u00e9nyelmes pihen\u0151fotelek \u00e9s k\u00fclt\u00e9ri sz\u0151nyeg bar\u00e1ts\u00e1goss\u00e1 var\u00e1zsolja a helyet. A f\u00e1b\u00f3l k\u00e9sz\u00fclt ker\u00edt\u00e9s gondoskodik a mag\u00e1nszf\u00e9r\u00e1r\u00f3l, mik\u00f6zben a z\u00f6ld n\u00f6v\u00e9nyek term\u00e9szetk\u00f6zeli hangulatot adnak.<\/p>\n<h2>Piros sz\u00edn\u0171, bar\u00e1ts\u00e1gos terasz \u00fcl\u0151hely<\/h2>\n<p><img loading=\"lazy\" decoding=\"async\" width=\"700\" height=\"1050\" alt=\"Meghitt raklap terasz feh\u00e9r \u00f6sszecsukhat\u00f3 sz\u00e9kekkel, piros p\u00e1rn\u00e1kkal \u00e9s fa asztallal, s\u00e1rga vir\u00e1ggal d\u00edsz\u00edtve \u2013 t\u00f6k\u00e9letes pihen\u00e9shez.\" class=\"aligncenter size-full wp-image-3447\" src=\"https:\/\/doubletakedecor.com\/uploads\/2025\/07\/diy-pallet-patio-deck-dtd-23.jpg\" srcset=\"https:\/\/doubletakedecor.com\/uploads\/2025\/07\/diy-pallet-patio-deck-dtd-23.jpg 700w, https:\/\/doubletakedecor.com\/uploads\/2025\/07\/diy-pallet-patio-deck-dtd-23-200x300.jpg 200w, https:\/\/doubletakedecor.com\/uploads\/2025\/07\/diy-pallet-patio-deck-dtd-23-683x1024.jpg 683w, https:\/\/doubletakedecor.com\/uploads\/2025\/07\/diy-pallet-patio-deck-dtd-23-96x144.jpg 96w, https:\/\/doubletakedecor.com\/uploads\/2025\/07\/diy-pallet-patio-deck-dtd-23-280x420.jpg 280w, https:\/\/doubletakedecor.com\/uploads\/2025\/07\/diy-pallet-patio-deck-dtd-23-320x480.jpg 320w, https:\/\/doubletakedecor.com\/uploads\/2025\/07\/diy-pallet-patio-deck-dtd-23-360x540.jpg 360w, https:\/\/doubletakedecor.com\/uploads\/2025\/07\/diy-pallet-patio-deck-dtd-23-363x545.jpg 363w, https:\/\/doubletakedecor.com\/uploads\/2025\/07\/diy-pallet-patio-deck-dtd-23-370x555.jpg 370w, https:\/\/doubletakedecor.com\/uploads\/2025\/07\/diy-pallet-patio-deck-dtd-23-400x600.jpg 400w, https:\/\/doubletakedecor.com\/uploads\/2025\/07\/diy-pallet-patio-deck-dtd-23-560x840.jpg 560w, https:\/\/doubletakedecor.com\/uploads\/2025\/07\/diy-pallet-patio-deck-dtd-23-480x720.jpg 480w\" sizes=\"auto, (max-width: 700px) 100vw, 700px\" \/><\/p>\n<p>Teremts h\u00edvogat\u00f3 \u00fcl\u0151helyet kontrasztos sz\u00ednekkel, p\u00e9ld\u00e1ul feh\u00e9r \u00f6sszecsukhat\u00f3 sz\u00e9kekkel \u00e9s \u00e9l\u00e9nk piros p\u00e1rn\u00e1kkal. Helyezz el egy egyszer\u0171 fa asztalt k\u00f6z\u00e9pre, \u00e9s rakj r\u00e1 egy cserepes vir\u00e1got, hogy term\u00e9szetess\u00e9 v\u00e1ljon az \u00f6sszhat\u00e1s. A vil\u00e1gos sz\u00fcrke terasz kevesebb h\u0151t vesz fel ny\u00e1ron. Ez az elrendez\u00e9s k\u00e9nyelmes \u00e9s letisztult, f\u0151leg kis helyeken j\u00f3l m\u0171k\u00f6dik.<\/p>\n<h2>Rusztikus raklap terasz \u00fcl\u0151hellyel<\/h2>\n<p><img loading=\"lazy\" decoding=\"async\" width=\"700\" height=\"1050\" alt=\"Magas\u00edtott raklap terasz feh\u00e9r sz\u00e9kekkel \u00e9s buja n\u00f6v\u00e9nyzettel \u2013 kellemes kerti t\u00e9r vil\u00e1gos sz\u00edn\u0171 h\u00e1z mellett.\" class=\"aligncenter size-full wp-image-3453\" src=\"https:\/\/doubletakedecor.com\/uploads\/2025\/07\/diy-pallet-patio-deck-dtd-24.jpg\" srcset=\"https:\/\/doubletakedecor.com\/uploads\/2025\/07\/diy-pallet-patio-deck-dtd-24.jpg 700w, https:\/\/doubletakedecor.com\/uploads\/2025\/07\/diy-pallet-patio-deck-dtd-24-200x300.jpg 200w, https:\/\/doubletakedecor.com\/uploads\/2025\/07\/diy-pallet-patio-deck-dtd-24-683x1024.jpg 683w, https:\/\/doubletakedecor.com\/uploads\/2025\/07\/diy-pallet-patio-deck-dtd-24-96x144.jpg 96w, https:\/\/doubletakedecor.com\/uploads\/2025\/07\/diy-pallet-patio-deck-dtd-24-280x420.jpg 280w, https:\/\/doubletakedecor.com\/uploads\/2025\/07\/diy-pallet-patio-deck-dtd-24-320x480.jpg 320w, https:\/\/doubletakedecor.com\/uploads\/2025\/07\/diy-pallet-patio-deck-dtd-24-360x540.jpg 360w, https:\/\/doubletakedecor.com\/uploads\/2025\/07\/diy-pallet-patio-deck-dtd-24-363x545.jpg 363w, https:\/\/doubletakedecor.com\/uploads\/2025\/07\/diy-pallet-patio-deck-dtd-24-370x555.jpg 370w, https:\/\/doubletakedecor.com\/uploads\/2025\/07\/diy-pallet-patio-deck-dtd-24-400x600.jpg 400w, https:\/\/doubletakedecor.com\/uploads\/2025\/07\/diy-pallet-patio-deck-dtd-24-560x840.jpg 560w, https:\/\/doubletakedecor.com\/uploads\/2025\/07\/diy-pallet-patio-deck-dtd-24-480x720.jpg 480w\" sizes=\"auto, (max-width: 700px) 100vw, 700px\" \/><\/p>\n<p>Egyszer\u0171, de j\u00f3l haszn\u00e1lhat\u00f3 szabadt\u00e9ri helyet alak\u00edthatsz ki magas\u00edtott raklap terasszal \u00e9s egyszer\u0171 feh\u00e9r sz\u00e9kekkel. Rakd a raklapokat t\u00e9glalap alakban, picit emelve a f\u00f6ldt\u0151l, \u00edgy kev\u00e9sbe \u00e1zik meg. Vedd k\u00f6rbe n\u00f6v\u00e9nyekkel, hogy hangulatos \u00e9s eldugott legyen. Ezzel a kialak\u00edt\u00e1ssal a kisebb terek is kihozhatj\u00e1k a maximumot, ide\u00e1lis relax\u00e1l\u00e1shoz.<\/p>\n<h2>Raklap L-alak\u00fa kerti pihen\u0151r\u00e9sz<\/h2>\n<p><img loading=\"lazy\" decoding=\"async\" width=\"700\" height=\"1049\" alt=\"L-alak\u00fa raklap \u00fcl\u0151r\u00e9sz vid\u00e1m p\u00e1rn\u00e1kkal, fa kisasztallal, n\u00f6v\u00e9nyekkel \u00e9s f\u00e9nyf\u00fcz\u00e9rrel \u2013 hangulatos k\u00fclt\u00e9ri pihen\u0151.\" class=\"aligncenter size-full wp-image-3459\" src=\"https:\/\/doubletakedecor.com\/uploads\/2025\/07\/diy-pallet-patio-deck-dtd-25.jpg\" srcset=\"https:\/\/doubletakedecor.com\/uploads\/2025\/07\/diy-pallet-patio-deck-dtd-25.jpg 700w, https:\/\/doubletakedecor.com\/uploads\/2025\/07\/diy-pallet-patio-deck-dtd-25-200x300.jpg 200w, https:\/\/doubletakedecor.com\/uploads\/2025\/07\/diy-pallet-patio-deck-dtd-25-683x1024.jpg 683w, https:\/\/doubletakedecor.com\/uploads\/2025\/07\/diy-pallet-patio-deck-dtd-25-96x144.jpg 96w, https:\/\/doubletakedecor.com\/uploads\/2025\/07\/diy-pallet-patio-deck-dtd-25-280x420.jpg 280w, https:\/\/doubletakedecor.com\/uploads\/2025\/07\/diy-pallet-patio-deck-dtd-25-320x480.jpg 320w, https:\/\/doubletakedecor.com\/uploads\/2025\/07\/diy-pallet-patio-deck-dtd-25-360x539.jpg 360w, https:\/\/doubletakedecor.com\/uploads\/2025\/07\/diy-pallet-patio-deck-dtd-25-363x544.jpg 363w, https:\/\/doubletakedecor.com\/uploads\/2025\/07\/diy-pallet-patio-deck-dtd-25-370x554.jpg 370w, https:\/\/doubletakedecor.com\/uploads\/2025\/07\/diy-pallet-patio-deck-dtd-25-400x599.jpg 400w, https:\/\/doubletakedecor.com\/uploads\/2025\/07\/diy-pallet-patio-deck-dtd-25-560x839.jpg 560w, https:\/\/doubletakedecor.com\/uploads\/2025\/07\/diy-pallet-patio-deck-dtd-25-480x719.jpg 480w\" sizes=\"auto, (max-width: 700px) 100vw, 700px\" \/><\/p>\n<p>Hozd ki a legt\u00f6bbet szabadt\u00e9ri \u00fcl\u0151helyedb\u0151l, L-alak\u00fa raklapkanap\u00e9val a kertben. Tegy\u00e9l r\u00e1 sz\u00ednes d\u00edszp\u00e1rn\u00e1kat, \u00e9s rakj k\u00f6r\u00e9 cserepes n\u00f6v\u00e9nyeket. Eg\u00e9sz\u00edtsd ki egy passzol\u00f3 raklap doh\u00e1nyz\u00f3asztallal, \u00e9s akassz f\u00e9nyf\u00fcz\u00e9rt a megfelel\u0151 hangulat \u00e9rdek\u00e9ben. \u00cdgy bar\u00e1ts\u00e1gos \u00e9s h\u00edvogat\u00f3 lesz ez a k\u00fclt\u00e9ri \u00e9lett\u00e9r.<\/p>\n<h2>Hangulatos raklapterasz j\u00e1tsz\u00f3sarokkal<\/h2>\n<p><img loading=\"lazy\" decoding=\"async\" width=\"700\" height=\"1050\" alt=\"F\u00e1b\u00f3l \u00e9p\u00fclt terasz gyerek tipi s\u00e1torral \u00e9s sz\u00fcrke sarokkanap\u00e9val, f\u00e9nyf\u00fcz\u00e9rekkel \u00e9s z\u00f6ld n\u00f6v\u00e9nyekkel, csal\u00e1di kikapcsol\u00f3d\u00e1shoz.\" class=\"aligncenter size-full wp-image-3465\" src=\"https:\/\/doubletakedecor.com\/uploads\/2025\/07\/diy-pallet-patio-deck-dtd-26.jpg\" srcset=\"https:\/\/doubletakedecor.com\/uploads\/2025\/07\/diy-pallet-patio-deck-dtd-26.jpg 700w, https:\/\/doubletakedecor.com\/uploads\/2025\/07\/diy-pallet-patio-deck-dtd-26-200x300.jpg 200w, https:\/\/doubletakedecor.com\/uploads\/2025\/07\/diy-pallet-patio-deck-dtd-26-683x1024.jpg 683w, https:\/\/doubletakedecor.com\/uploads\/2025\/07\/diy-pallet-patio-deck-dtd-26-96x144.jpg 96w, https:\/\/doubletakedecor.com\/uploads\/2025\/07\/diy-pallet-patio-deck-dtd-26-280x420.jpg 280w, https:\/\/doubletakedecor.com\/uploads\/2025\/07\/diy-pallet-patio-deck-dtd-26-320x480.jpg 320w, https:\/\/doubletakedecor.com\/uploads\/2025\/07\/diy-pallet-patio-deck-dtd-26-360x540.jpg 360w, https:\/\/doubletakedecor.com\/uploads\/2025\/07\/diy-pallet-patio-deck-dtd-26-363x545.jpg 363w, https:\/\/doubletakedecor.com\/uploads\/2025\/07\/diy-pallet-patio-deck-dtd-26-370x555.jpg 370w, https:\/\/doubletakedecor.com\/uploads\/2025\/07\/diy-pallet-patio-deck-dtd-26-400x600.jpg 400w, https:\/\/doubletakedecor.com\/uploads\/2025\/07\/diy-pallet-patio-deck-dtd-26-560x840.jpg 560w, https:\/\/doubletakedecor.com\/uploads\/2025\/07\/diy-pallet-patio-deck-dtd-26-480x720.jpg 480w\" sizes=\"auto, (max-width: 700px) 100vw, 700px\" \/><\/p>\n<p>Alak\u00edtsd \u00e1t a teraszt k\u00e9tfunkci\u00f3s helly\u00e9: k\u00e9sz\u00edts f\u00e1b\u00f3l egy kis teraszt, rajta k\u00e9nyelmes sarokkanap\u00e9val. Tegy\u00e9l ki f\u00f6l\u00e9 f\u00e9nyf\u00fcz\u00e9rt az esti hangulathoz. Rakj le egy sz\u00ednes tipi s\u00e1trat a f\u0171re, hogy a gyerekeknek is legyen ahol j\u00e1tszani. D\u00edszp\u00e1rn\u00e1k \u00e9s magas cserepes f\u0171 teszi teljess\u00e9 ezt a csal\u00e1dbar\u00e1t szabadt\u00e9ri mened\u00e9ket.<\/p>\n<h2>Lila Adirondack sz\u00e9kek fateraszon<\/h2>\n<p><img loading=\"lazy\" decoding=\"async\" width=\"700\" height=\"1050\" alt=\"Hangulatos szabadt\u00e9ri pihen\u0151 k\u00e9t \u00e9l\u00e9nk lila Adirondack sz\u00e9kkel \u00e9s hozz\u00e1 ill\u0151 asztallal a fateraszon, buja z\u00f6ld h\u00e1tt\u00e9rrel.\" class=\"aligncenter size-full wp-image-3471\" src=\"https:\/\/doubletakedecor.com\/uploads\/2025\/07\/diy-pallet-patio-deck-dtd-27.jpg\" srcset=\"https:\/\/doubletakedecor.com\/uploads\/2025\/07\/diy-pallet-patio-deck-dtd-27.jpg 700w, https:\/\/doubletakedecor.com\/uploads\/2025\/07\/diy-pallet-patio-deck-dtd-27-200x300.jpg 200w, https:\/\/doubletakedecor.com\/uploads\/2025\/07\/diy-pallet-patio-deck-dtd-27-683x1024.jpg 683w, https:\/\/doubletakedecor.com\/uploads\/2025\/07\/diy-pallet-patio-deck-dtd-27-96x144.jpg 96w, https:\/\/doubletakedecor.com\/uploads\/2025\/07\/diy-pallet-patio-deck-dtd-27-280x420.jpg 280w, https:\/\/doubletakedecor.com\/uploads\/2025\/07\/diy-pallet-patio-deck-dtd-27-320x480.jpg 320w, https:\/\/doubletakedecor.com\/uploads\/2025\/07\/diy-pallet-patio-deck-dtd-27-360x540.jpg 360w, https:\/\/doubletakedecor.com\/uploads\/2025\/07\/diy-pallet-patio-deck-dtd-27-363x545.jpg 363w, https:\/\/doubletakedecor.com\/uploads\/2025\/07\/diy-pallet-patio-deck-dtd-27-370x555.jpg 370w, https:\/\/doubletakedecor.com\/uploads\/2025\/07\/diy-pallet-patio-deck-dtd-27-400x600.jpg 400w, https:\/\/doubletakedecor.com\/uploads\/2025\/07\/diy-pallet-patio-deck-dtd-27-560x840.jpg 560w, https:\/\/doubletakedecor.com\/uploads\/2025\/07\/diy-pallet-patio-deck-dtd-27-480x720.jpg 480w\" sizes=\"auto, (max-width: 700px) 100vw, 700px\" \/><\/p>\n<p>K\u00e9sz\u00edts k\u00e9nyelmes pihen\u0151sarkot a raklap teraszodon sz\u00ednes Adirondack sz\u00e9kekkel \u00e9s hozz\u00e1 passzol\u00f3 kis asztallal. A lila \u00e1rnyalat feldobja a fa term\u00e9szetes sz\u00edneit. Vir\u00e1gokat is helyezz el az oldalakra, hogy l\u00e1gyabb legyen az \u00e1tmenet a terasz \u00e9s a kert k\u00f6z\u00f6tt. \u00dagy helyezd a sz\u00e9keket, hogy a lehet\u0151 legszebb kil\u00e1t\u00e1st ny\u00fajts\u00e1k a kertedre.<\/p>\n<h2>Faterasz cserepes n\u00f6v\u00e9nykerttel<\/h2>\n<p><img loading=\"lazy\" decoding=\"async\" width=\"700\" height=\"1050\" alt=\"Kellemes h\u00e1ts\u00f3 udvari raklap terasz cserepes n\u00f6v\u00e9nyekkel, f\u00e9m sz\u00e9kkel \u00e9s napos kerti kil\u00e1t\u00e1ssal \u2013 t\u00f6k\u00e9letes szabadt\u00e9ri relax\u00e1ci\u00f3hoz.\" class=\"aligncenter size-full wp-image-3477\" src=\"https:\/\/doubletakedecor.com\/uploads\/2025\/07\/diy-pallet-patio-deck-dtd-28.jpg\" srcset=\"https:\/\/doubletakedecor.com\/uploads\/2025\/07\/diy-pallet-patio-deck-dtd-28.jpg 700w, https:\/\/doubletakedecor.com\/uploads\/2025\/07\/diy-pallet-patio-deck-dtd-28-200x300.jpg 200w, https:\/\/doubletakedecor.com\/uploads\/2025\/07\/diy-pallet-patio-deck-dtd-28-683x1024.jpg 683w, https:\/\/doubletakedecor.com\/uploads\/2025\/07\/diy-pallet-patio-deck-dtd-28-96x144.jpg 96w, https:\/\/doubletakedecor.com\/uploads\/2025\/07\/diy-pallet-patio-deck-dtd-28-280x420.jpg 280w, https:\/\/doubletakedecor.com\/uploads\/2025\/07\/diy-pallet-patio-deck-dtd-28-320x480.jpg 320w, https:\/\/doubletakedecor.com\/uploads\/2025\/07\/diy-pallet-patio-deck-dtd-28-360x540.jpg 360w, https:\/\/doubletakedecor.com\/uploads\/2025\/07\/diy-pallet-patio-deck-dtd-28-363x545.jpg 363w, https:\/\/doubletakedecor.com\/uploads\/2025\/07\/diy-pallet-patio-deck-dtd-28-370x555.jpg 370w, https:\/\/doubletakedecor.com\/uploads\/2025\/07\/diy-pallet-patio-deck-dtd-28-400x600.jpg 400w, https:\/\/doubletakedecor.com\/uploads\/2025\/07\/diy-pallet-patio-deck-dtd-28-560x840.jpg 560w, https:\/\/doubletakedecor.com\/uploads\/2025\/07\/diy-pallet-patio-deck-dtd-28-480x720.jpg 480w\" sizes=\"auto, (max-width: 700px) 100vw, 700px\" \/><\/p>\n<p>Alak\u00edtsd ki a kertedben ezt a sokoldal\u00fa fateraszt, amely egyszerre pihen\u0151sarok \u00e9s cserepes n\u00f6v\u00e9nyes kert is lehet. Ter\u00edts el k\u00fcl\u00f6nb\u00f6z\u0151 m\u00e9ret\u0171, agyag vagy sz\u00ednes cserepeket, hogy l\u00e1tv\u00e1nyos legyen a v\u00e9geredm\u00e9ny, de k\u00f6zben a n\u00f6v\u00e9nyek is k\u00f6nnyen el\u00e9rhet\u0151k maradnak. Helyezd el az \u00fcl\u0151helyeket \u00fagy, hogy \u00e9lvezhesd a kil\u00e1t\u00e1st \u00e9s k\u00f6zel lehess a n\u00f6v\u00e9nyekhez is, \u00edgy a gondoz\u00e1s is egyszer\u0171bb lesz.<\/p>\n<h2>Raklap terasz jakuzzival<\/h2>\n<p><img loading=\"lazy\" decoding=\"async\" width=\"700\" height=\"1050\" alt=\"Meleg t\u00f3nus\u00fa fa terasz r\u00e9szben fedett jakuzzival, feh\u00e9r ker\u00edt\u00e9ssel k\u00f6r\u00fclv\u00e9ve \u2013 eleg\u00e1ns \u00e9s priv\u00e1t pihen\u0151hely.\" class=\"aligncenter size-full wp-image-3483\" src=\"https:\/\/doubletakedecor.com\/uploads\/2025\/07\/diy-pallet-patio-deck-dtd-29.jpg\" srcset=\"https:\/\/doubletakedecor.com\/uploads\/2025\/07\/diy-pallet-patio-deck-dtd-29.jpg 700w, https:\/\/doubletakedecor.com\/uploads\/2025\/07\/diy-pallet-patio-deck-dtd-29-200x300.jpg 200w, https:\/\/doubletakedecor.com\/uploads\/2025\/07\/diy-pallet-patio-deck-dtd-29-683x1024.jpg 683w, https:\/\/doubletakedecor.com\/uploads\/2025\/07\/diy-pallet-patio-deck-dtd-29-96x144.jpg 96w, https:\/\/doubletakedecor.com\/uploads\/2025\/07\/diy-pallet-patio-deck-dtd-29-280x420.jpg 280w, https:\/\/doubletakedecor.com\/uploads\/2025\/07\/diy-pallet-patio-deck-dtd-29-320x480.jpg 320w, https:\/\/doubletakedecor.com\/uploads\/2025\/07\/diy-pallet-patio-deck-dtd-29-360x540.jpg 360w, https:\/\/doubletakedecor.com\/uploads\/2025\/07\/diy-pallet-patio-deck-dtd-29-363x545.jpg 363w, https:\/\/doubletakedecor.com\/uploads\/2025\/07\/diy-pallet-patio-deck-dtd-29-370x555.jpg 370w, https:\/\/doubletakedecor.com\/uploads\/2025\/07\/diy-pallet-patio-deck-dtd-29-400x600.jpg 400w, https:\/\/doubletakedecor.com\/uploads\/2025\/07\/diy-pallet-patio-deck-dtd-29-560x840.jpg 560w, https:\/\/doubletakedecor.com\/uploads\/2025\/07\/diy-pallet-patio-deck-dtd-29-480x720.jpg 480w\" sizes=\"auto, (max-width: 700px) 100vw, 700px\" \/><\/p>\n<p>Alak\u00edts ki igazi luxus h\u00e1ts\u00f3 kertet a raklap teraszodon egy jakuzzi be\u00e9p\u00edt\u00e9s\u00e9vel. Kombin\u00e1lj k\u00fcl\u00f6nb\u00f6z\u0151 fa \u00e1rnyalatokat az izgalmas l\u00e1tv\u00e1ny\u00e9rt, \u00e9s szerelj fel feh\u00e9r ker\u00edt\u00e9st a nyugodt mag\u00e1nszf\u00e9r\u00e1hoz. Gondolkodhatsz r\u00e9szleges tet\u0151n is, hogy az id\u0151j\u00e1r\u00e1s ne zavarjon, de a nyitott \u00e9rz\u00e9s is megmaradjon. Keress egy meger\u0151s\u00edtett fel\u00fcletet a jakuzzinak, hogy biztos stabil legyen alatta a terasz.<\/p>\n<h2>Mint\u00e1s fa terasz hintasz\u00e9kkel<\/h2>\n<p><img loading=\"lazy\" decoding=\"async\" width=\"700\" height=\"1050\" alt=\"R\u00e9szletes, mint\u00e1s padl\u00f3 fa teraszhoz ellent\u00e9tes sz\u00ednekkel, hintasz\u00e9kkel \u00e9s n\u00f6v\u00e9nyekkel k\u00f6r\u00fcl\u00f6lelve.\" class=\"aligncenter size-full wp-image-3489\" src=\"https:\/\/doubletakedecor.com\/uploads\/2025\/07\/diy-pallet-patio-deck-dtd-30.jpg\" srcset=\"https:\/\/doubletakedecor.com\/uploads\/2025\/07\/diy-pallet-patio-deck-dtd-30.jpg 700w, https:\/\/doubletakedecor.com\/uploads\/2025\/07\/diy-pallet-patio-deck-dtd-30-200x300.jpg 200w, https:\/\/doubletakedecor.com\/uploads\/2025\/07\/diy-pallet-patio-deck-dtd-30-683x1024.jpg 683w, https:\/\/doubletakedecor.com\/uploads\/2025\/07\/diy-pallet-patio-deck-dtd-30-96x144.jpg 96w, https:\/\/doubletakedecor.com\/uploads\/2025\/07\/diy-pallet-patio-deck-dtd-30-280x420.jpg 280w, https:\/\/doubletakedecor.com\/uploads\/2025\/07\/diy-pallet-patio-deck-dtd-30-320x480.jpg 320w, https:\/\/doubletakedecor.com\/uploads\/2025\/07\/diy-pallet-patio-deck-dtd-30-360x540.jpg 360w, https:\/\/doubletakedecor.com\/uploads\/2025\/07\/diy-pallet-patio-deck-dtd-30-363x545.jpg 363w, https:\/\/doubletakedecor.com\/uploads\/2025\/07\/diy-pallet-patio-deck-dtd-30-370x555.jpg 370w, https:\/\/doubletakedecor.com\/uploads\/2025\/07\/diy-pallet-patio-deck-dtd-30-400x600.jpg 400w, https:\/\/doubletakedecor.com\/uploads\/2025\/07\/diy-pallet-patio-deck-dtd-30-560x840.jpg 560w, https:\/\/doubletakedecor.com\/uploads\/2025\/07\/diy-pallet-patio-deck-dtd-30-480x720.jpg 480w\" sizes=\"auto, (max-width: 700px) 100vw, 700px\" \/><\/p>\n<p>Tedd l\u00e1tv\u00e1nyosabb\u00e1 raklap teraszodat geometrikus mint\u00e1s padl\u00f3val, ahol elt\u00e9r\u0151 sz\u00edn\u0171 fa l\u00e9ceket kombin\u00e1lsz. Csiszold le j\u00f3l a fel\u00fcleteket, \u00edgy nem lesz sz\u00e1lk\u00e1s a padl\u00f3. A b\u00fatorokat \u2013 mint p\u00e9ld\u00e1ul egy hintasz\u00e9ket \u2013 \u00fagy helyezd el, hogy egy\u00e9rtelm\u0171 pihen\u0151z\u00f3n\u00e1t kapj. Vond k\u00f6rbe z\u00f6ld n\u00f6v\u00e9nyekkel, hogy a terasz \u00e9s a kert igaz\u00e1n \u00f6sszekapcsol\u00f3djon.<\/p>\n<h2>GYIK<\/h2>\n<details class=\"g-accordion \"><summary><h3>Mi az a DIY raklap terasz?<\/h3><\/summary>\n<p>A DIY raklap terasz \u00e9p\u00edt\u00e9se egyszer\u0171 \u00e9s p\u00e9nzt\u00e1rcabar\u00e1t m\u00f3dja annak, hogy feldobd a k\u00fclt\u00e9ri teredet. F\u00e1b\u00f3l k\u00e9sz\u00fclt raklapokb\u00f3l olyan teraszt vagy fedett r\u00e9szt k\u00e9sz\u00edthetsz, ami kev\u00e9s p\u00e9nzb\u0151l is megval\u00f3s\u00edthat\u00f3 \u00e9s a k\u00f6rnyezetnek is j\u00f3t tesz, hiszen ezeket az anyagokat gyakran ingyen vagy nagyon olcs\u00f3n beszerezheted.<\/p>\n<ul>\n<li>El\u0151sz\u00f6r v\u00e1laszd ki a megfelel\u0151 raklapokat,<\/li>\n<li>rendezd el \u0151ket, hogy kialak\u00edtsd a k\u00edv\u00e1nt ter\u00fcletet,<\/li>\n<li>figyelj arra, hogy a talaj egyenes legyen, \u00edgy lesz stabil az alap, miel\u0151tt elrendezn\u00e9d a raklapokat a terveid szerint.<\/li>\n<\/ul>\n<p><strong>Ezzel a m\u00f3dszerrel nemcsak p\u00e9nzt takar\u00edtasz meg, de a fenntarthat\u00f3s\u00e1got is seg\u00edted az \u00fajrahasznos\u00edtott anyagokkal.<\/strong><\/p>\n<\/details><details class=\"g-accordion \"><summary><h3>Hogyan v\u00e1laszd ki a megfelel\u0151 raklapokat?<\/h3><\/summary>\n<p>A j\u00f3 raklapok kiv\u00e1laszt\u00e1sa nagyon fontos, hogy a DIY terasz stabil \u00e9s tart\u00f3s legyen. N\u00e9zd meg mindegyik raklapot, hogy er\u0151sek-e, nincsenek-e elrepedve vagy sz\u00e9tesve. <strong>Fontos, hogy az \u00f6sszes raklap egyforma magas legyen<\/strong>, mert ez ad egyenletes alapot a teraszodnak, ami n\u00f6veli a stabilit\u00e1st.<\/p>\n<p>B\u00e1r a magass\u00e1g legyen azonos, a k\u00fcl\u00f6nb\u00f6z\u0151 m\u00e9ret\u0171 \u00e9s alak\u00fa raklapok k\u00fcl\u00f6nlegesebb\u00e9 tehetik a tervez\u00e9st, ez\u00e9rt gondold \u00e1t, mekkora teraszt szeretn\u00e9l. <strong>J\u00f3 v\u00e1laszt\u00e1s a kezelt raklap<\/strong>, mert jobban b\u00edrja az id\u0151j\u00e1r\u00e1st. Pontos m\u00e9r\u00e9s n\u00e9lk\u00fcl k\u00f6nnyen hib\u00e1zhatsz, \u00e9s ebb\u0151l szerkezeti probl\u00e9m\u00e1k ad\u00f3dhatnak.<\/p>\n<p>B\u00e1tran k\u00eds\u00e9rletezz az elrendez\u00e9ssel is! \u00cdgy egyedi lesz a teraszod, de a funkcionalit\u00e1s is megmarad.<\/p>\n<\/details><details class=\"g-accordion \"><summary><h3>Mik a ter\u00fclet el\u0151k\u00e9sz\u00edt\u00e9s\u00e9nek l\u00e9p\u00e9sei?<\/h3><\/summary>\n<p>Ha DIY raklap teraszt \u00e9p\u00edtesz, <strong>el\u0151sz\u00f6r a talajt kell rendezni<\/strong>. Ez kell ahhoz, hogy stabil alapot kapj. T\u00f6ltsd fel a kiemelked\u00e9seket f\u00f6lddel vagy homokkal, hogy <strong>sima felsz\u00edn<\/strong> legyen, majd t\u00f6m\u00f6r\u00edtsd le a talajt. Ez nemcsak a mozg\u00e1st akad\u00e1lyozza meg, hanem hossz\u00fa t\u00e1von is seg\u00edti a stabilit\u00e1st. Ha mindezt pontosan csin\u00e1lod, k\u00f6nnyebben fogsz dolgozni k\u00e9s\u0151bb, \u00e9s a teraszod <strong>biztos alapokon lesz<\/strong>.<\/p>\n<\/details><details class=\"g-accordion \"><summary><h3>Hogyan \u00e9p\u00edts stabil raklap-alapot?<\/h3><\/summary>\n<p>A stabil alap elk\u00e9sz\u00edt\u00e9s\u00e9hez v\u00e1laszd ki a <strong>raklapokat<\/strong> a k\u00edv\u00e1nt forma \u00e9s m\u00e9ret szerint. Figyelj arra, hogy mind egyforma <strong>magasak<\/strong> legyenek, \u00edgy az alap is v\u00edzszintes marad. Rendezd el \u0151ket a tervek alapj\u00e1n, \u00e9s \u00fcgyelj <strong>a pontos illeszt\u00e9sre \u00e9s stabilit\u00e1sra<\/strong>. Haszn\u00e1lj hossz\u00fa csavarokat, hogy er\u0151sen \u00f6sszefogasd a raklapokat, ezzel meger\u0151s\u00edted a szerkezetet. Ez a massz\u00edv alap hossz\u00fa ideig <strong>biztos \u00e9s biztons\u00e1gos<\/strong> lesz a terasz padl\u00f3d sz\u00e1m\u00e1ra.<\/p>\n<\/details><details class=\"g-accordion \"><summary><h3>Milyen padl\u00f3burkolatot haszn\u00e1lhatsz raklaphoz?<\/h3><\/summary>\n<p>Ha raklap teraszt \u00e9p\u00edtesz, a r\u00e9gi raklapok deszk\u00e1i k\u00fcl\u00f6nleges hangulatot adhatnak. Ezek a deszk\u00e1k sokf\u00e9le <strong>sz\u00ednt<\/strong> \u00e9s <strong>mint\u00e1zatot<\/strong> k\u00edn\u00e1lnak, amit\u0151l izgalmas lesz a v\u00e9geredm\u00e9ny. A sima, rendezett felsz\u00ednhez v\u00e1lassz azonos <strong>vastags\u00e1g\u00fa deszk\u00e1kat<\/strong>. A fa term\u00e9szetes elt\u00e9r\u00e9sei miatt minden egyes terasz egyedi lesz.<\/p>\n<\/details><details class=\"g-accordion \"><summary><h3>Hogyan \u00e9rdemes megtervezni a padl\u00f3mint\u00e1t?<\/h3><\/summary>\n<p>A DIY raklap terasz padl\u00f3mint\u00e1j\u00e1nak kialak\u00edt\u00e1s\u00e1hoz tervezz el\u0151re, hogy a v\u00e9geredm\u00e9ny ne csak sz\u00e9p, hanem massz\u00edv is legyen. Sokan kedvelik a <strong>45\u00b0-os mint\u00e1t<\/strong>, ami feldobja a l\u00e1tv\u00e1nyt, \u00e9s az \u00e1tfed\u00e9s miatt er\u0151sebb\u00e9 is teszi a padl\u00f3t.<\/p>\n<p>Kezdd \u00fagy, hogy a deszk\u00e1kat kiss\u00e9 t\u00fall\u00f3gatod a sz\u00e9leken. Ezt ut\u00f3lag k\u00f6nnyen le lehet v\u00e1gni, \u00edgy lesznek a v\u00e9gek <strong>egyenesek<\/strong> p\u00e9ld\u00e1ul egy g\u00e9rv\u00e1g\u00f3 vagy <strong>f\u0171r\u00e9sz<\/strong> seg\u00edts\u00e9g\u00e9vel. Ha pontosan v\u00e1god le \u0151ket, akkor szebben illeszkednek, \u00e9s nem lesz gond az \u00f6sszeilleszt\u00e9ssel sem.<\/p>\n<p>Ha ezekre figyelsz, a teraszod nemcsak l\u00e1tv\u00e1nyos lesz, hanem sok\u00e1ig j\u00f3 \u00e1llapotban marad.<\/p>\n<\/details><details class=\"g-accordion \"><summary><h3>Hogyan lehet a padl\u00f3lapokat a raklap alaphoz r\u00f6gz\u00edteni?<\/h3><\/summary>\n<p>A raklap alaphoz val\u00f3 padl\u00f3lapokat <strong>fa teraszcsavarokkal<\/strong> vagy <strong>sz\u00f6gez\u0151g\u00e9ppel<\/strong> is feler\u0151s\u00edtheted. Miel\u0151tt r\u00f6gz\u00edten\u00e9d, igaz\u00edtsd szorosan egym\u00e1s mell\u00e9 a deszk\u00e1kat, hogy ne legyenek r\u00e9sek, \u00e9s stabilabb legyen a terasz. Ha minden k\u00e9sz, v\u00e1gd le a kil\u00f3g\u00f3 sz\u00e9leket elektromos f\u0171r\u00e9sszel, \u00edgy kapsz <strong>sz\u00e9p, profi befejez\u00e9st<\/strong>. Ezzel a m\u00f3dszerrel stabilabb lesz a szerkezet, \u00e9s m\u00e9g eszt\u00e9tikusabb\u00e1 is teszi a k\u00fclt\u00e9ri teredet.<\/p>\n<\/details> <details class=\"g-accordion \"><summary><h3>Hogyan teheted biztons\u00e1goss\u00e1 \u00e9s stabilabb\u00e1 a saj\u00e1t k\u00e9sz\u00edt\u00e9s\u0171 raklap teraszt?<\/h3><\/summary>  <\/p>\n<p>Ahhoz, hogy a <strong>saj\u00e1t k\u00e9sz\u00edt\u00e9s\u0171 raklap teraszod<\/strong> igaz\u00e1n stabil \u00e9s biztons\u00e1gos legyen, fontos el\u0151re megtervezni mindent, \u00e9s alaposan kivitelezni. Kezdd azzal, hogy a talaj teljesen v\u00edzszintes legyen, \u00e9s kem\u00e9ny, egyforma m\u00e9ret\u0171 raklapokat haszn\u00e1lj, \u00edgy er\u0151s, egys\u00e9ges alapot kapsz, ami j\u00f3l elb\u00edrja a terasz s\u00faly\u00e1t. A padl\u00f3deszk\u00e1kat szil\u00e1rdan r\u00f6gz\u00edtsd a raklapokhoz facsavarral vagy sz\u00f6gekkel, \u00e9s \u00fcgyelj arra, hogy minden deszka szorosan illeszkedjen, \u00edgy nem maradnak r\u00e9sek, \u00e9s nem mozdulnak el k\u00e9s\u0151bb sem.<\/p>\n<ul>\n<li>Rendszeresen ellen\u0151rizd a teraszt, hogy folyamatosan biztons\u00e1gban tudd haszn\u00e1lni,<\/li>\n<li>figyelj az esetlegesen kilazult deszk\u00e1kra vagy olyan szerkezeti hib\u00e1kra, amik k\u00e9s\u0151bb gyeng\u00edthetik a szerkezetet,<\/li>\n<li>az \u00e1pol\u00e1s is nagyon fontos: fa\u00e1pol\u00f3val vagy laz\u00farral kezeld a f\u00e1t, hogy v\u00e9dd az id\u0151j\u00e1r\u00e1s viszontags\u00e1gait\u00f3l, \u00e9s \u00edgy sokkal tov\u00e1bb tart majd a teraszod.<\/li>\n<\/ul>\n<p>Mindig \u00fcgyelj a <strong>s\u00falyeloszt\u00e1sra<\/strong> a raklap teraszon! Ha nehezebb b\u00fatorokat vagy t\u00e1rgyakat teszel r\u00e1, oszd el \u0151ket egyenletesen, hogy elker\u00fcld a behajl\u00e1st vagy az egyes r\u00e9szek meggyeng\u00fcl\u00e9s\u00e9t. <strong>Ha betartod ezeket a tan\u00e1csokat, \u00e9vekig \u00e9lvezheted a tart\u00f3s \u00e9s biztons\u00e1gos k\u00fclt\u00e9ri ter\u00fcletet.<\/strong><\/p>\n<\/details>\n<details class=\"g-accordion \"><summary><h3>Hogyan tehetsz csinos v\u00e9gesim\u00edt\u00e1st a raklap teraszodon?<\/h3><\/summary>  <\/p>\n<p>A raklap teraszod v\u00e9gs\u0151 r\u00e9szleteinek kidolgoz\u00e1s\u00e1val nemcsak szebb\u00e9, de praktikusabb\u00e1 is teheted az eg\u00e9sz ter\u00fcletet. Kezdd azzal, hogy d\u00edszl\u00e9ceket teszel a sz\u00e9lekre, \u00edgy eltakarhatod a nyitott v\u00e9geket, \u00e9s rendezett, ig\u00e9nyes hat\u00e1st keltesz. A raklapok alj\u00e1hoz helyezz dekorat\u00edv k\u00f6veket vagy mulcsot; ezzel nemcsak sz\u00e9p szeg\u00e9lyt k\u00e9sz\u00edthetsz, hanem a v\u00edzelvezet\u00e9sen is sokat jav\u00edthatsz.<\/p>\n<p>V\u00e1lassz olyan kinti b\u00fatorokat, amik illenek hozz\u00e1d \u00e9s a teraszod st\u00edlus\u00e1hoz! Id\u0151t\u00e1ll\u00f3, v\u00edz\u00e1ll\u00f3 napoz\u00f3\u00e1gyak vagy asztalok \u2013 lehet\u0151leg hasonl\u00f3 anyagb\u00f3l \u2013 seg\u00edtenek egys\u00e9ges l\u00e1tv\u00e1nyt kialak\u00edtani. A fa v\u00e9delm\u00e9hez haszn\u00e1lj megfelel\u0151 fa\u00e1pol\u00f3t \u2013 <strong>ez a l\u00e9p\u00e9s meg\u0151rzi a term\u00e9szetes sz\u00e9ps\u00e9get, \u00e9s meghosszabb\u00edtja a terasz \u00e9let\u00e9t<\/strong>.<\/p>\n<p>Ezekkel a kieg\u00e9sz\u00edt\u00e9sekkel bar\u00e1ts\u00e1gosabb\u00e1, h\u00edvogat\u00f3bb\u00e1 v\u00e1lik a t\u00e9r; ide\u00e1lis lesz ak\u00e1r egyed\u00fcli kikapcsol\u00f3d\u00e1sra, ak\u00e1r vend\u00e9gek fogad\u00e1s\u00e1ra.<\/p>\n<\/details>\n<details class=\"g-accordion \"><summary><h3>Milyen kerti b\u00fator illik a raklap teraszhoz?<\/h3><\/summary>  <\/p>\n<p>Ha szeretn\u00e9d feldobni a raklap teraszodat, v\u00e1lassz olyan k\u00fclt\u00e9ri b\u00fatorokat, amelyek j\u00f3l passzolnak a <strong>rusztikus \u00e9s p\u00e9nzt\u00e1rcabar\u00e1t hangulathoz<\/strong>. Gondolkodhatsz p\u00e9ld\u00e1ul:<\/p>\n<ul>\n<li>napoz\u00f3\u00e1gyakban,<\/li>\n<li>asztalokban,<\/li>\n<li>vagy hasonl\u00f3, ak\u00e1r raklapb\u00f3l k\u00e9sz\u00fclt padokban.<\/li>\n<\/ul>\n<p>Fontos, hogy ezek a b\u00fatorok <strong>id\u0151j\u00e1r\u00e1s\u00e1ll\u00f3ak<\/strong> legyenek, \u00edgy hossz\u00fa ideig meg\u0151rzik min\u0151s\u00e9g\u00fcket kint is.<\/p>\n<p>Olyan st\u00edlust keress, ami term\u00e9szetesen illik a raklap teraszhoz. A fa b\u00fatorok sz\u00e9pen harmoniz\u00e1lnak a terasz anyag\u00e1val, de <strong>f\u00e9m vagy fonott (rattan) darabokkal<\/strong> is izgalmasabb\u00e1 teheted a l\u00e1tv\u00e1nyt.<\/p>\n<p>\u00c9rdemes kipr\u00f3b\u00e1lni <strong>modul\u00e1ris b\u00fatorokat<\/strong> is, amiket k\u00f6nnyed\u00e9n \u00e1t tudsz rendezni k\u00fcl\u00f6nb\u00f6z\u0151 esem\u00e9nyekre. Puha p\u00e1rn\u00e1kkal vagy f\u00f6ldsz\u00edn\u0171 takar\u00f3kkal m\u00e9g k\u00e9nyelmesebb\u00e9 \u00e9s hangulatosabb\u00e1 v\u00e1lik a terasz.<\/p>\n<p>Egys\u00e9ges hat\u00e1s\u00e9rt haszn\u00e1lj raklapb\u00f3l vagy hasonl\u00f3 anyagokb\u00f3l k\u00e9sz\u00fclt vir\u00e1gtart\u00f3kat; ezek sz\u00e9pen d\u00edsz\u00edtik a teraszt, mik\u00f6zben z\u00f6ldebb\u00e9 \u00e9s <strong>k\u00f6rnyezetbar\u00e1tabb\u00e1<\/strong> is teszik.<\/p>\n<p>Arra is \u00fcgyelj, hogy a b\u00fatorok k\u00f6z\u00f6tt elegend\u0151 hely legyen, hogy a teraszod <strong>t\u00e1gas \u00e9s vend\u00e9gcsalogat\u00f3<\/strong> maradjon.<\/p>\n<\/details>\n<details class=\"g-accordion \"><summary><h3>Milyen kreat\u00edv \u00f6tletek \u00e9s kialak\u00edt\u00e1sok l\u00e9teznek raklap teraszhoz?<\/h3><\/summary>  <\/p>\n<p>Kreat\u00edv raklap terasz \u00f6tletekkel b\u00e1rmilyen k\u00fclt\u00e9ri teret k\u00fcl\u00f6nlegess\u00e9 \u00e9s bar\u00e1ts\u00e1goss\u00e1 var\u00e1zsolhatsz. Gondolkodj <strong>t\u00f6bbszintes teraszban<\/strong>, \u00edgy j\u00e1t\u00e9kosabb, praktikusabb lesz a t\u00e9r. <strong>Be\u00e9p\u00edtett \u00fcl\u0151helyekkel<\/strong> is helyet sp\u00f3rolsz, \u00e9s igaz\u00e1n letisztult marad a l\u00e1tv\u00e1ny.<\/p>\n<p>Ha egyedi megold\u00e1st szeretn\u00e9l, pr\u00f3b\u00e1lj ki egy <strong>bes\u00fcllyesztett r\u00e9szt<\/strong>! Ez lehet kuck\u00f3s pihen\u0151sarok vagy ak\u00e1r t\u0171zrak\u00f3hely is. A terasz mellett raklapokb\u00f3l k\u00e9sz\u00edtett vir\u00e1gl\u00e1d\u00e1k vagy f\u00fcgg\u0151leges kertek megjelen\u00e9s\u00e9ben \u00e9s z\u00f6ld\u00edt\u00e9s\u00e9ben is sokat seg\u00edtenek, mik\u00f6zben <strong>k\u00f6rnyezetbar\u00e1t hangulatot<\/strong> adnak.<\/p>\n<p>Ha k\u00fcl\u00f6nb\u00f6z\u0151 <strong>fa fel\u00fcleteket vagy sz\u00edneket<\/strong> v\u00e1lasztasz, igaz\u00e1n egyediv\u00e9 \u00e9s szem\u00e9lyess\u00e9 v\u00e1lik a terasz. Raklapb\u00f3l ak\u00e1r \u00e1rny\u00e9kol\u00f3t (p\u00e9ld\u00e1ul pergol\u00e1t vagy napellenz\u0151t) is alkothatsz, \u00edgy a nagy melegben is komfortosan haszn\u00e1lhatod a teraszt.<\/p>\n<ul>\n<li>a kreat\u00edv kialak\u00edt\u00e1sok feldobj\u00e1k a l\u00e1tv\u00e1nyt,<\/li>\n<li>a raklap terasz tov\u00e1bbra is praktikus marad,<\/li>\n<li>st\u00edlusb\u00f3l sem lesz hi\u00e1ny.<\/li>\n<\/ul>\n<\/details>\n<details class=\"g-accordion \"><summary><h3>Hogyan tartsd karban \u00e9s \u00e1pold a raklap teraszt?<\/h3><\/summary>  <\/p>\n<p>Ha mindig sz\u00e9p \u00e9s tart\u00f3s teraszt szeretn\u00e9l, <strong>rendszeresen tiszt\u00edtsd<\/strong> meg! Ezzel egyszer\u0171en elt\u00fcntetheted a koszt \u00e9s a leveleket, \u00edgy sok\u00e1ig meg\u0151rizheted a terasz \u00fajszer\u0171 l\u00e1tv\u00e1ny\u00e1t.<\/p>\n<ul>\n<li>Id\u0151r\u0151l id\u0151re n\u00e9zd \u00e1t, van-e kilazult deszka vagy szerkezeti hiba,<\/li>\n<li>ha tal\u00e1lsz ilyet, miel\u0151bb jav\u00edtsd ki, ez a biztons\u00e1g miatt fontos,<\/li>\n<li>\u00f3vd a f\u00e1t az id\u0151j\u00e1r\u00e1st\u00f3l,<\/li>\n<li>fa\u00e1pol\u00f3val vagy laz\u00farral fokozd a sz\u00e9ps\u00e9g\u00e9t \u00e9s az \u00e9lettartam\u00e1t,<\/li>\n<li>v\u00e1lassz j\u00f3 min\u0151s\u00e9g\u0171, k\u00fclt\u00e9rre val\u00f3 fa\u00e1pol\u00f3t,<\/li>\n<li>\u00e9s id\u0151nk\u00e9nt \u00faj\u00edtsd is fel, att\u00f3l f\u00fcgg\u0151en, mennyire kopik vagy \u00e1zik az id\u0151j\u00e1r\u00e1sban.<\/li>\n<\/ul>\n<p>Ha rendszeresen \u00e1polod, a teraszod sok\u00e1ig <strong>megtartja sz\u00e9ps\u00e9g\u00e9t<\/strong>, \u00e9s \u00e9vek m\u00falva is \u00f6r\u00f6m lesz r\u00e1n\u00e9zni \u00e9s haszn\u00e1lni!<\/p>\n<\/details>\n","protected":false},"excerpt":{"rendered":"<p>Alak\u00edtsd \u00e1t a k\u00fclt\u00e9ri teredet egy saj\u00e1t k\u00e9sz\u00edt\u00e9s\u0171 raklap terasszal \u2013 ez az \u00f6tletes, p\u00e9nzt\u00e1rcabar\u00e1t projekt egyszerre k\u00f6rnyezettudatos \u00e9s st\u00edlusos. \u00c1ltal\u00e1ban olcs\u00f3n vagy ak\u00e1r ingyen is beszerezhetsz haszn\u00e1lt fa raklapokat, amelyekb\u0151l gy\u00f6ny\u00f6r\u0171 teraszt \u00e9p\u00edthetsz, ami igaz\u00e1n egyedi lesz, \u00e9s a bolyg\u00f3nak is j\u00f3t tesz. A munka azzal indul, hogy er\u0151s, egyforma raklapokat v\u00e1lasztasz ki, amiken nincs s\u00e9r\u00fcl\u00e9s vagy korhad\u00e1s. Ezut\u00e1n&hellip;<\/p>\n","protected":false},"author":12,"featured_media":3498,"comment_status":"closed","ping_status":"closed","sticky":false,"template":"","format":"standard","meta":{"rank_math_focus_keyword":"raklap terasz burkolat","rank_math_title":"l\u00e9p\u00e9sr\u0151l l\u00e9p\u00e9sre \u00e9p\u00edt\u00e9si \u00fatmutat\u00f3","rank_math_description":"Alak\u00edtsd \u00e1t a kerted raklapokb\u00f3l k\u00e9sz\u00fclt terasz fed\u00e9llel. Tanuld meg l\u00e9p\u00e9sr\u0151l l\u00e9p\u00e9sre, hogyan \u00e9p\u00edtsd fel k\u00f6lts\u00e9ghat\u00e9konyan.","footnotes":""},"categories":[130,141,142],"tags":[],"class_list":["post-3689","post","type-post","status-publish","format-standard","has-post-thumbnail","hentry","category-diy-projektek","category-kulteri-dekoraciok","category-ujrahasznositott"],"g_custom_schema_json":"<script type=\"application\/ld+json\">\n{\n  \"@context\": \"https:\/\/schema.org\",\n  \"@type\": \"FAQPage\",\n  \"mainEntity\": [\n    {\n      \"@type\": \"Question\",\n      \"name\": \"Mi az a DIY raklap terasz?\",\n      \"acceptedAnswer\": {\n        \"@type\": \"Answer\",\n        \"text\": \"A DIY raklap terasz \u00e9p\u00edt\u00e9se egyszer\u0171 \u00e9s p\u00e9nzt\u00e1rcabar\u00e1t m\u00f3dja annak, hogy feldobd a k\u00fclt\u00e9ri teredet. F\u00e1b\u00f3l k\u00e9sz\u00fclt raklapokb\u00f3l olyan teraszt vagy fedett r\u00e9szt k\u00e9sz\u00edthetsz, ami kev\u00e9s p\u00e9nzb\u0151l is megval\u00f3s\u00edthat\u00f3 \u00e9s a k\u00f6rnyezetnek is j\u00f3t tesz.\"\n      }\n    },\n    {\n      \"@type\": \"Question\",\n      \"name\": \"Hogyan v\u00e1laszd ki a megfelel\u0151 raklapokat?\",\n      \"acceptedAnswer\": {\n        \"@type\": \"Answer\",\n        \"text\": \"A j\u00f3 raklapok kiv\u00e1laszt\u00e1sa nagyon fontos, hogy a DIY terasz stabil \u00e9s tart\u00f3s legyen. N\u00e9zd meg mindegyik raklapot, hogy er\u0151sek-e, nincsenek-e elrepedve vagy sz\u00e9tesve. Fontos, hogy az \u00f6sszes raklap egyforma magas legyen, mert ez ad egyenletes alapot a teraszodnak.\"\n      }\n    },\n    {\n      \"@type\": \"Question\",\n      \"name\": \"Mik a ter\u00fclet el\u0151k\u00e9sz\u00edt\u00e9s\u00e9nek l\u00e9p\u00e9sei?\",\n      \"acceptedAnswer\": {\n        \"@type\": \"Answer\",\n        \"text\": \"Ha DIY raklap teraszt \u00e9p\u00edtesz, el\u0151sz\u00f6r a talajt kell rendezni. Ez kell ahhoz, hogy stabil alapot kapj. T\u00f6ltsd fel a kiemelked\u00e9seket f\u00f6lddel vagy homokkal, hogy sima felsz\u00edn legyen, majd t\u00f6m\u00f6r\u00edtsd le a talajt.\"\n      }\n    },\n    {\n      \"@type\": \"Question\",\n      \"name\": \"Hogyan \u00e9p\u00edts stabil raklap-alapot?\",\n      \"acceptedAnswer\": {\n        \"@type\": \"Answer\",\n        \"text\": \"A stabil alap elk\u00e9sz\u00edt\u00e9s\u00e9hez v\u00e1laszd ki a raklapokat a k\u00edv\u00e1nt forma \u00e9s m\u00e9ret szerint. Figyelj arra, hogy mind egyforma magasak legyenek, \u00edgy az alap is v\u00edzszintes marad. Rendezd el \u0151ket a tervek alapj\u00e1n, \u00e9s \u00fcgyelj a pontos illeszt\u00e9sre \u00e9s stabilit\u00e1sra.\"\n      }\n    },\n    {\n      \"@type\": \"Question\",\n      \"name\": \"Milyen padl\u00f3burkolatot haszn\u00e1lhatsz raklaphoz?\",\n      \"acceptedAnswer\": {\n        \"@type\": \"Answer\",\n        \"text\": \"Ha raklap teraszt \u00e9p\u00edtesz, a r\u00e9gi raklapok deszk\u00e1i k\u00fcl\u00f6nleges hangulatot adhatnak. Ezek a deszk\u00e1k sokf\u00e9le sz\u00ednt \u00e9s mint\u00e1zatot k\u00edn\u00e1lnak, amit\u0151l izgalmas lesz a v\u00e9geredm\u00e9ny. A sima, rendezett felsz\u00ednhez v\u00e1lassz azonos vastags\u00e1g\u00fa deszk\u00e1kat.\"\n      }\n    },\n    {\n      \"@type\": \"Question\",\n      \"name\": \"Hogyan \u00e9rdemes megtervezni a padl\u00f3mint\u00e1t?\",\n      \"acceptedAnswer\": {\n        \"@type\": \"Answer\",\n        \"text\": \"A DIY raklap terasz padl\u00f3mint\u00e1j\u00e1nak kialak\u00edt\u00e1s\u00e1hoz tervezz el\u0151re, hogy a v\u00e9geredm\u00e9ny ne csak sz\u00e9p, hanem massz\u00edv is legyen. Sokan kedvelik a 45\u00b0-os mint\u00e1t, ami feldobja a l\u00e1tv\u00e1nyt, \u00e9s az \u00e1tfed\u00e9s miatt er\u0151sebb\u00e9 is teszi a padl\u00f3t. Kezdd \u00fagy, hogy a deszk\u00e1kat kiss\u00e9 t\u00fall\u00f3gatod a sz\u00e9leken.\"\n      }\n    },\n    {\n      \"@type\": \"Question\",\n      \"name\": \"Hogyan lehet a padl\u00f3lapokat a raklap alaphoz r\u00f6gz\u00edteni?\",\n      \"acceptedAnswer\": {\n        \"@type\": \"Answer\",\n        \"text\": \"A raklap alaphoz val\u00f3 padl\u00f3lapokat fa teraszcsavarokkal vagy sz\u00f6gez\u0151g\u00e9ppel is feler\u0151s\u00edtheted. Miel\u0151tt r\u00f6gz\u00edten\u00e9d, igaz\u00edtsd szorosan egym\u00e1s mell\u00e9 a deszk\u00e1kat, hogy ne legyenek r\u00e9sek, \u00e9s stabilabb legyen a terasz. Ha minden k\u00e9sz, v\u00e1gd le a kil\u00f3g\u00f3 sz\u00e9leket elektromos f\u0171r\u00e9sszel.\"\n      }\n    },\n    {\n      \"@type\": \"Question\",\n      \"name\": \"Hogyan teheted biztons\u00e1goss\u00e1 \u00e9s stabilabb\u00e1 a saj\u00e1t k\u00e9sz\u00edt\u00e9s\u0171 raklap teraszt?\",\n      \"acceptedAnswer\": {\n        \"@type\": \"Answer\",\n        \"text\": \"Ahhoz, hogy a saj\u00e1t k\u00e9sz\u00edt\u00e9s\u0171 raklap teraszod igaz\u00e1n stabil \u00e9s biztons\u00e1gos legyen, fontos el\u0151re megtervezni mindent, \u00e9s alaposan kivitelezni. Kezdd azzal, hogy a talaj teljesen v\u00edzszintes legyen, \u00e9s kem\u00e9ny, egyforma m\u00e9ret\u0171 raklapokat haszn\u00e1lj, \u00edgy er\u0151s, egys\u00e9ges alapot kapsz. A padl\u00f3deszk\u00e1kat szil\u00e1rdan r\u00f6gz\u00edtsd a raklapokhoz facsavarral vagy sz\u00f6gekkel.\"\n      }\n    },\n    {\n      \"@type\": \"Question\",\n      \"name\": \"Hogyan tehetsz csinos v\u00e9gesim\u00edt\u00e1st a raklap teraszodon?\",\n      \"acceptedAnswer\": {\n        \"@type\": \"Answer\",\n        \"text\": \"A raklap teraszod v\u00e9gs\u0151 r\u00e9szleteinek kidolgoz\u00e1s\u00e1val nemcsak szebb\u00e9, de praktikusabb\u00e1 is teheted az eg\u00e9sz ter\u00fcletet. Kezdd azzal, hogy d\u00edszl\u00e9ceket teszel a sz\u00e9lekre, \u00edgy eltakarhatod a nyitott v\u00e9geket, \u00e9s rendezett, ig\u00e9nyes hat\u00e1st keltesz. A raklapok alj\u00e1hoz helyezz dekorat\u00edv k\u00f6veket vagy mulcsot.\"\n      }\n    },\n    {\n      \"@type\": \"Question\",\n      \"name\": \"Milyen kerti b\u00fator illik a raklap teraszhoz?\",\n      \"acceptedAnswer\": {\n        \"@type\": \"Answer\",\n        \"text\": \"Ha szeretn\u00e9d feldobni a raklap teraszodat, v\u00e1lassz olyan k\u00fclt\u00e9ri b\u00fatorokat, amelyek j\u00f3l passzolnak a rusztikus \u00e9s p\u00e9nzt\u00e1rcabar\u00e1t hangulathoz. Gondolkodhatsz p\u00e9ld\u00e1ul: napoz\u00f3\u00e1gyakban, asztalokban, vagy hasonl\u00f3, ak\u00e1r raklapb\u00f3l k\u00e9sz\u00fclt padokban. Fontos, hogy ezek a b\u00fatorok id\u0151j\u00e1r\u00e1s\u00e1ll\u00f3ak legyenek.\"\n      }\n    },\n    {\n      \"@type\": \"Question\",\n      \"name\": \"Milyen kreat\u00edv \u00f6tletek \u00e9s kialak\u00edt\u00e1sok l\u00e9teznek raklap teraszhoz?\",\n      \"acceptedAnswer\": {\n        \"@type\": \"Answer\",\n        \"text\": \"Kreat\u00edv raklap terasz \u00f6tletekkel b\u00e1rmilyen k\u00fclt\u00e9ri teret k\u00fcl\u00f6nlegess\u00e9 \u00e9s bar\u00e1ts\u00e1goss\u00e1 var\u00e1zsolhatsz. Gondolkodj t\u00f6bbszintes teraszban, \u00edgy j\u00e1t\u00e9kosabb, praktikusabb lesz a t\u00e9r. Be\u00e9p\u00edtett \u00fcl\u0151helyekkel is helyet sp\u00f3rolsz, \u00e9s igaz\u00e1n letisztult marad a l\u00e1tv\u00e1ny.\"\n      }\n    },\n    {\n      \"@type\": \"Question\",\n      \"name\": \"Hogyan tartsd karban \u00e9s \u00e1pold a raklap teraszt?\",\n      \"acceptedAnswer\": {\n        \"@type\": \"Answer\",\n        \"text\": \"Ha mindig sz\u00e9p \u00e9s tart\u00f3s teraszt szeretn\u00e9l, rendszeresen tiszt\u00edtsd meg! Ezzel egyszer\u0171en elt\u00fcntetheted a koszt \u00e9s a leveleket, \u00edgy sok\u00e1ig meg\u0151rizheted a terasz \u00fajszer\u0171 l\u00e1tv\u00e1ny\u00e1t. Id\u0151r\u0151l id\u0151re n\u00e9zd \u00e1t, van-e kilazult deszka vagy szerkezeti hiba.\"\n      }\n    }\n  ]\n}\n<\/script>\n\n<script type=\"application\/ld+json\">\n{\n  \"@context\": \"https:\/\/schema.org\",\n  \"@type\": \"HowTo\",\n  \"name\": \"DIY raklap terasz k\u00e9sz\u00edt\u00e9se\",\n  \"description\": \"L\u00e9p\u00e9sr\u0151l l\u00e9p\u00e9sre bemutatjuk, hogyan k\u00e9sz\u00edts egyedi \u00e9s st\u00edlusos raklap teraszt a kertedbe, p\u00e9nzt\u00e1rcabar\u00e1t m\u00f3don, \u00fajrahasznos\u00edtott anyagokb\u00f3l.\",\n  \"image\": [\n    \"https:\/\/doubletakedecor.com\/uploads\/2025\/07\/diy-pallet-patio-deck-dtd-01.jpg\",\n    \"https:\/\/doubletakedecor.com\/uploads\/2025\/07\/diy-pallet-patio-deck-dtd-02.jpg\",\n    \"https:\/\/doubletakedecor.com\/uploads\/2025\/07\/diy-pallet-patio-deck-dtd-03.jpg\"\n  ],\n  \"totalTime\": \"P3D\",\n  \"estimatedCost\": {\n    \"@type\": \"MonetaryAmount\",\n    \"currency\": \"HUF\",\n    \"value\": \"20000\"\n  },\n  \"tool\": [\n    {\n      \"@type\": \"HowToTool\",\n      \"name\": \"F\u0171r\u00e9sz\"\n    },\n    {\n      \"@type\": \"HowToTool\",\n      \"name\": \"Csavarh\u00faz\u00f3\"\n    },\n    {\n      \"@type\": \"HowToTool\",\n      \"name\": \"Csiszol\u00f3g\u00e9p\"\n    },\n    {\n      \"@type\": \"HowToTool\",\n      \"name\": \"M\u00e9r\u0151szalag\"\n    }\n  ],\n  \"supply\": [\n    {\n      \"@type\": \"HowToSupply\",\n      \"name\": \"Haszn\u00e1lt fa raklapok\"\n    },\n    {\n      \"@type\": \"HowToSupply\",\n      \"name\": \"Facsavarok\"\n    },\n    {\n      \"@type\": \"HowToSupply\",\n      \"name\": \"Fa\u00e1pol\u00f3 vagy v\u00e9d\u0151lakk\"\n    },\n    {\n      \"@type\": \"HowToSupply\",\n      \"name\": \"Homok vagy f\u00f6ld az alaphoz\"\n    }\n  ],\n  \"step\": [\n    {\n      \"@type\": \"HowToStep\",\n      \"name\": \"Raklapok kiv\u00e1laszt\u00e1sa\",\n      \"text\": \"V\u00e1laszd ki a megfelel\u0151, massz\u00edv, egys\u00e9ges magass\u00e1g\u00fa raklapokat, amelyek nincsenek elrepedve vagy korhadva.\"\n    },\n    {\n      \"@type\": \"HowToStep\",\n      \"name\": \"Alap el\u0151k\u00e9sz\u00edt\u00e9se\",\n      \"text\": \"Tiszt\u00edtsd meg \u00e9s egyenl\u00edtsd ki a talajt. T\u00f6m\u00f6r\u00edtsd le, hogy stabil legyen, \u00e9s sz\u00fcks\u00e9g eset\u00e9n t\u00f6ltsd fel homokkal vagy f\u00f6lddel.\"\n    },\n    {\n      \"@type\": \"HowToStep\",\n      \"name\": \"Raklapok elrendez\u00e9se\",\n      \"text\": \"Helyezd el a raklapokat a k\u00edv\u00e1nt alakban \u00e9s ellen\u0151rizd, hogy a fel\u00fclet egyenes \u00e9s stabil legyen.\"\n    },\n    {\n      \"@type\": \"HowToStep\",\n      \"name\": \"Padl\u00f3burkolat \u00e9s padl\u00f3minta kialak\u00edt\u00e1sa\",\n      \"text\": \"R\u00f6gz\u00edtsd a raklapok deszk\u00e1it a k\u00edv\u00e1nt mint\u00e1ban \u2013 p\u00e9ld\u00e1ul halsz\u00e1lka vagy 45\u00b0-os elrendez\u00e9sben. V\u00e1lassz azonos vastags\u00e1g\u00fa deszk\u00e1kat a sima felsz\u00ednhez.\"\n    },\n    {\n      \"@type\": \"HowToStep\",\n      \"name\": \"Deszk\u00e1k r\u00f6gz\u00edt\u00e9se\",\n      \"text\": \"Facsavarokkal vagy sz\u00f6gez\u0151g\u00e9ppel r\u00f6gz\u00edtsd a deszk\u00e1kat a raklapokhoz. A kil\u00f3g\u00f3 r\u00e9szeket v\u00e1gd le f\u0171r\u00e9sszel.\"\n    },\n    {\n      \"@type\": \"HowToStep\",\n      \"name\": \"Fel\u00fcletkezel\u00e9s\",\n      \"text\": \"Csiszold le a padl\u00f3t, majd kend le fa\u00e1pol\u00f3val vagy v\u00e9d\u0151lakkal, hogy meg\u00f3vd az id\u0151j\u00e1r\u00e1st\u00f3l.\"\n    },\n    {\n      \"@type\": \"HowToStep\",\n      \"name\": \"Dekor\u00e1ci\u00f3 \u00e9s b\u00fatorok elhelyez\u00e9se\",\n      \"text\": \"Helyezz el k\u00fclt\u00e9ri b\u00fatorokat, p\u00e9ld\u00e1ul raklapb\u00f3l k\u00e9sz\u00fclt \u00fcl\u0151k\u00e9ket, asztalokat \u00e9s n\u00f6v\u00e9nyeket a terasz st\u00edlus\u00e1hoz igaz\u00edtva.\"\n    }\n  ]\n}\n<\/script>","_links":{"self":[{"href":"https:\/\/doubletakedecor.com\/hu\/wp-json\/wp\/v2\/posts\/3689","targetHints":{"allow":["GET"]}}],"collection":[{"href":"https:\/\/doubletakedecor.com\/hu\/wp-json\/wp\/v2\/posts"}],"about":[{"href":"https:\/\/doubletakedecor.com\/hu\/wp-json\/wp\/v2\/types\/post"}],"author":[{"embeddable":true,"href":"https:\/\/doubletakedecor.com\/hu\/wp-json\/wp\/v2\/users\/12"}],"replies":[{"embeddable":true,"href":"https:\/\/doubletakedecor.com\/hu\/wp-json\/wp\/v2\/comments?post=3689"}],"version-history":[{"count":1,"href":"https:\/\/doubletakedecor.com\/hu\/wp-json\/wp\/v2\/posts\/3689\/revisions"}],"predecessor-version":[{"id":3690,"href":"https:\/\/doubletakedecor.com\/hu\/wp-json\/wp\/v2\/posts\/3689\/revisions\/3690"}],"wp:featuredmedia":[{"embeddable":true,"href":"https:\/\/doubletakedecor.com\/hu\/wp-json\/wp\/v2\/media\/3498"}],"wp:attachment":[{"href":"https:\/\/doubletakedecor.com\/hu\/wp-json\/wp\/v2\/media?parent=3689"}],"wp:term":[{"taxonomy":"category","embeddable":true,"href":"https:\/\/doubletakedecor.com\/hu\/wp-json\/wp\/v2\/categories?post=3689"},{"taxonomy":"post_tag","embeddable":true,"href":"https:\/\/doubletakedecor.com\/hu\/wp-json\/wp\/v2\/tags?post=3689"}],"curies":[{"name":"wp","href":"https:\/\/api.w.org\/{rel}","templated":true}]}}