{"id":3691,"date":"2025-07-27T22:37:58","date_gmt":"2025-07-27T20:37:58","guid":{"rendered":"https:\/\/doubletakedecor.com\/videkies\/kis-tanyahaz\/"},"modified":"2025-07-27T23:10:01","modified_gmt":"2025-07-27T21:10:01","slug":"kis-tanyahaz","status":"publish","type":"post","link":"https:\/\/doubletakedecor.com\/hu\/videkies\/kis-tanyahaz\/","title":{"rendered":"Kompakt lak\u00f3terek felfedez\u00e9se: Kis barndom\u00edniumok modern tany\u00e1khoz"},"content":{"rendered":"<p>A kis barndominiumok, vagyis becenev\u00fck\u00f6n \u201ebarndo\u201d-k, t\u00f6k\u00e9letesen \u00f6tv\u00f6zik a vid\u00e9ki pajta hangulat\u00e1t a modern lak\u00f3komforttal. Ezek a b\u00e1jos, \u00e1ltal\u00e1ban 100 n\u00e9gyzetm\u00e9tern\u00e9l kisebb otthonok nagyszer\u0171 megold\u00e1st k\u00edn\u00e1lnak azoknak, akik olcs\u00f3, m\u00e9gis st\u00edlusos lak\u00e1sra v\u00e1gynak \u2013 ak\u00e1r kisebbre k\u00f6lt\u00f6zn\u00e9nek, ak\u00e1r plusz lak\u00f3teret alak\u00edtan\u00e1nak ki.<\/p>\n<p>Ami igaz\u00e1n k\u00fcl\u00f6nlegess\u00e9 teszi ezeket az \u00e9p\u00fcleteket, az a sokoldal\u00fas\u00e1guk \u00e9s a helytakar\u00e9koss\u00e1guk. A nyitott elrendez\u00e9s, a t\u00f6bbfunkci\u00f3s terek \u00e9s az okos, f\u00fcgg\u0151leges t\u00e1rol\u00e1si megold\u00e1sok \u2013 p\u00e9ld\u00e1ul gal\u00e9ri\u00e1s szintek \u2013 seg\u00edtenek minden n\u00e9gyzetcentim\u00e9tert kihaszn\u00e1lni an\u00e9lk\u00fcl, hogy sz\u0171k\u00f6s lenne a lak\u00e1s. Az ac\u00e9l tart\u00f3gerend\u00e1kb\u00f3l \u00e9s tet\u0151gerend\u00e1k n\u00e9lk\u00fcli konstrukci\u00f3b\u00f3l k\u00e9sz\u00fclt szerkezet tart\u00f3s, \u00e9s igaz\u00e1n k\u00fcl\u00f6nleges k\u00fcls\u0151t biztos\u00edt.<\/p>\n<p>A praktikus el\u0151ny\u00f6k mellett a kis barnd\u00f3k p\u00e9nzt\u00e1rcabar\u00e1t v\u00e1laszt\u00e1snak is sz\u00e1m\u00edtanak. A kisebb alapter\u00fclet kevesebb anyagot \u00e9s munk\u00e1t ig\u00e9nyel, \u00edgy az \u00e9p\u00edt\u00e9s olcs\u00f3bb, \u00e9s a rezsisz\u00e1ml\u00e1k is alacsonyabbak lehetnek. Sokan v\u00e1lasztanak szem\u00e9lyre szabhat\u00f3 barndo k\u00e9szletet, amely csavaros szerel\u00e9ssel gyorsan, ig\u00e9ny szerint alak\u00edthat\u00f3, \u00e9s remek\u00fcl egyens\u00falyoz a megfizethet\u0151s\u00e9g \u00e9s az egyedis\u00e9g k\u00f6z\u00f6tt.<\/p>\n<p>Ak\u00e1r f\u0151 lak\u00f3h\u00e1zk\u00e9nt, vend\u00e9gh\u00e1zk\u00e9nt vagy kiad\u00f3 apartmank\u00e9nt haszn\u00e1lod, ezek az otthonok k\u00f6nnyen igaz\u00edthat\u00f3k a saj\u00e1t \u00edzl\u00e9sedhez \u2013 mik\u00f6zben megmarad jellegzetes rusztikus b\u00e1juk \u00e9s a modern praktikum. Ha egyszer\u0171, de okosan megtervezett, k\u00fcl\u00f6nleges otthonra v\u00e1gysz, ami p\u00e9nzt\u00e1rcabar\u00e1t is, a kis barndominiumok egyre n\u00e9pszer\u0171bb megold\u00e1st jelentenek.<\/p>\n<div class=\"kt_block\" id=\"kt_id\">\n<span class=\"kt_headline\">Legfontosabb tudnival\u00f3k<\/span><\/p>\n<ul class=\"kt_post_list\">\n<li><strong>\ud83c\udfe1 K\u00e9nyelmes, kompakt \u00e9lett\u00e9r:<\/strong> A kis barndominiumok \u2013 vagy \u201ebarnd\u00f3k\u201d \u2013 t\u00f6k\u00e9letesen kombin\u00e1lj\u00e1k a rusztikus pajta hangulatot \u00e9s a modern k\u00e9nyelmet, \u00edgy azoknak ide\u00e1lisak, akik b\u00e1jos, el\u00e9rhet\u0151 \u00e1r\u00fa otthonra v\u00e1gynak 100 n\u00e9gyzetm\u00e9ter alatt.<\/li>\n<li><strong>\ud83d\udd27 Sokoldal\u00fas\u00e1g \u00e9s hat\u00e9konys\u00e1g:<\/strong> Ezek az otthonok nyitott elrendez\u00e9ssel, t\u00f6bbfunkci\u00f3s terekkel \u00e9s okos t\u00e1rol\u00e1si megold\u00e1sokkal b\u0151ven kihaszn\u00e1lj\u00e1k a teret, mik\u00f6zben t\u00e1gasnak hatnak \u2013 k\u00f6sz\u00f6nhet\u0151en a massz\u00edv ac\u00e9l tart\u00f3knak \u00e9s a modern szerkezetnek.<\/li>\n<li><strong>\ud83d\udcb5 Gazdas\u00e1gos \u00e9s szem\u00e9lyre szabhat\u00f3:<\/strong> A kis barnd\u00f3k kevesebb anyagb\u00f3l \u00e9s munk\u00e1val k\u00e9sz\u00fclnek, \u00edgy olcs\u00f3bbak, \u00e9s a rezsik\u00f6lts\u00e9g\u00fck is alacsony; egyedi ig\u00e9nyekre szabhat\u00f3 barndo csomagokkal egyszer\u0171en megteremtheted a saj\u00e1t st\u00edlusod.<\/li>\n<li><strong>\ud83c\udf3f Rugalmas kialak\u00edt\u00e1s:<\/strong> Ak\u00e1r lak\u00f3h\u00e1zk\u00e9nt, vend\u00e9gh\u00e1zk\u00e9nt vagy kiad\u00f3k\u00e9nt haszn\u00e1lod, a kis barndominiumokat k\u00f6nnyen alak\u00edthatod, hogy t\u00fckr\u00f6zz\u00e9k az \u00edzl\u00e9sed \u2013 \u00edgy egyszerre lesznek rusztikusak \u00e9s modernek.<\/li>\n<\/ul>\n<\/div>\n<h2>Fekete vid\u00e9ki h\u00e1z modern b\u00e1jjal<\/h2>\n<p><img loading=\"lazy\" decoding=\"async\" width=\"700\" height=\"1049\" alt=\"B\u00e1jos fekete vid\u00e9ki h\u00e1z modern f\u00e9m tet\u0151vel, fa burkolattal, h\u00edvogat\u00f3 verand\u00e1val \u00e9s t\u00e1gas gyepfel\u00fclettel egy csendes, vid\u00e9ki k\u00f6rnyezetben.\" class=\"aligncenter size-full wp-image-3503\" src=\"https:\/\/doubletakedecor.com\/uploads\/2025\/07\/small-barndo-dtd-01.jpg\" srcset=\"https:\/\/doubletakedecor.com\/uploads\/2025\/07\/small-barndo-dtd-01.jpg 700w, https:\/\/doubletakedecor.com\/uploads\/2025\/07\/small-barndo-dtd-01-200x300.jpg 200w, https:\/\/doubletakedecor.com\/uploads\/2025\/07\/small-barndo-dtd-01-683x1024.jpg 683w, https:\/\/doubletakedecor.com\/uploads\/2025\/07\/small-barndo-dtd-01-96x144.jpg 96w, https:\/\/doubletakedecor.com\/uploads\/2025\/07\/small-barndo-dtd-01-280x420.jpg 280w, https:\/\/doubletakedecor.com\/uploads\/2025\/07\/small-barndo-dtd-01-320x480.jpg 320w, https:\/\/doubletakedecor.com\/uploads\/2025\/07\/small-barndo-dtd-01-360x539.jpg 360w, https:\/\/doubletakedecor.com\/uploads\/2025\/07\/small-barndo-dtd-01-363x544.jpg 363w, https:\/\/doubletakedecor.com\/uploads\/2025\/07\/small-barndo-dtd-01-370x554.jpg 370w, https:\/\/doubletakedecor.com\/uploads\/2025\/07\/small-barndo-dtd-01-400x599.jpg 400w, https:\/\/doubletakedecor.com\/uploads\/2025\/07\/small-barndo-dtd-01-560x839.jpg 560w, https:\/\/doubletakedecor.com\/uploads\/2025\/07\/small-barndo-dtd-01-480x719.jpg 480w\" sizes=\"auto, (max-width: 700px) 100vw, 700px\" \/><\/p>\n<p>Emeld ki barndominiumod k\u00fcls\u0151j\u00e9t s\u00f6t\u00e9t sz\u00ednvil\u00e1ggal a kifinomult elegancia \u00e9rdek\u00e9ben! Kombin\u00e1ld a fekete burkolatot strapab\u00edr\u00f3 f\u00e9m tet\u0151vel, hogy egyszerre legyen st\u00edlusos \u00e9s tart\u00f3s. Helyezz el egy h\u00edvogat\u00f3 verand\u00e1t k\u00e9nyelmes \u00fcl\u0151helyekkel \u00e9s cserepes n\u00f6v\u00e9nyekkel, \u00edgy k\u00fclt\u00e9ren is kiterjesztheted az \u00e9letteret. A s\u00f6t\u00e9t homlokzathoz \u00fcltess d\u00fas n\u00f6v\u00e9nyzetet, hogy egyens\u00falyban legyen a vid\u00e9kies hangulat \u00e9s a modern elegancia.<\/p>\n<h2>Modern fekete barndominium homlokzat<\/h2>\n<p><img loading=\"lazy\" decoding=\"async\" width=\"700\" height=\"1050\" alt=\"Kifinomult fekete barndominium nagy ablakokkal, nat\u00far fa gerend\u00e1s verand\u00e1val, letisztult b\u00fatorokkal \u00e9s eleg\u00e1ns kerttel.\" class=\"aligncenter size-full wp-image-3509\" src=\"https:\/\/doubletakedecor.com\/uploads\/2025\/07\/small-barndo-dtd-02.jpg\" srcset=\"https:\/\/doubletakedecor.com\/uploads\/2025\/07\/small-barndo-dtd-02.jpg 700w, https:\/\/doubletakedecor.com\/uploads\/2025\/07\/small-barndo-dtd-02-200x300.jpg 200w, https:\/\/doubletakedecor.com\/uploads\/2025\/07\/small-barndo-dtd-02-683x1024.jpg 683w, https:\/\/doubletakedecor.com\/uploads\/2025\/07\/small-barndo-dtd-02-96x144.jpg 96w, https:\/\/doubletakedecor.com\/uploads\/2025\/07\/small-barndo-dtd-02-280x420.jpg 280w, https:\/\/doubletakedecor.com\/uploads\/2025\/07\/small-barndo-dtd-02-320x480.jpg 320w, https:\/\/doubletakedecor.com\/uploads\/2025\/07\/small-barndo-dtd-02-360x540.jpg 360w, https:\/\/doubletakedecor.com\/uploads\/2025\/07\/small-barndo-dtd-02-363x545.jpg 363w, https:\/\/doubletakedecor.com\/uploads\/2025\/07\/small-barndo-dtd-02-370x555.jpg 370w, https:\/\/doubletakedecor.com\/uploads\/2025\/07\/small-barndo-dtd-02-400x600.jpg 400w, https:\/\/doubletakedecor.com\/uploads\/2025\/07\/small-barndo-dtd-02-560x840.jpg 560w, https:\/\/doubletakedecor.com\/uploads\/2025\/07\/small-barndo-dtd-02-480x720.jpg 480w\" sizes=\"auto, (max-width: 700px) 100vw, 700px\" \/><\/p>\n<p>Dobj fel a barnd\u00f3d megjelen\u00e9s\u00e9t egy mer\u00e9sz fekete k\u00fcls\u0151vel, nagy ablakokkal, amelyek rengeteg term\u00e9szetes f\u00e9nyt engednek be! Helyezz el egy fedett verand\u00e1t nat\u00far fa gerend\u00e1kkal, ami melegs\u00e9get \u00e9s egyedi kontrasztot ad az \u00e9p\u00fcletnek. Minimalista kerti b\u00fatorokat tegy\u00e9l ki puha p\u00e1rn\u00e1kkal, hogy a k\u00fclt\u00e9ri pihen\u00e9s is igaz\u00e1n k\u00e9nyelmes legyen. Egyszer\u0171 kertt\u00e9rrendez\u00e9ssel keretezd a barndominiumot, \u00edgy m\u00e9g eszt\u00e9tikusabb lesz az \u00f6sszhat\u00e1s.<\/p>\n<h2>Modern-rusztikus barndominium verand\u00e1val<\/h2>\n<p><img loading=\"lazy\" decoding=\"async\" width=\"700\" height=\"1050\" alt=\"B\u00e1jos barndominium nyeregtet\u0151vel, f\u00e1b\u00f3l k\u00e9sz\u00fclt verand\u00e1val, hintasz\u00e9kekkel \u00e9s s\u00f6t\u00e9t burkolattal term\u00e9szeti k\u00f6rnyezetben.\" class=\"aligncenter size-full wp-image-3515\" src=\"https:\/\/doubletakedecor.com\/uploads\/2025\/07\/small-barndo-dtd-03.jpg\" srcset=\"https:\/\/doubletakedecor.com\/uploads\/2025\/07\/small-barndo-dtd-03.jpg 700w, https:\/\/doubletakedecor.com\/uploads\/2025\/07\/small-barndo-dtd-03-200x300.jpg 200w, https:\/\/doubletakedecor.com\/uploads\/2025\/07\/small-barndo-dtd-03-683x1024.jpg 683w, https:\/\/doubletakedecor.com\/uploads\/2025\/07\/small-barndo-dtd-03-96x144.jpg 96w, https:\/\/doubletakedecor.com\/uploads\/2025\/07\/small-barndo-dtd-03-280x420.jpg 280w, https:\/\/doubletakedecor.com\/uploads\/2025\/07\/small-barndo-dtd-03-320x480.jpg 320w, https:\/\/doubletakedecor.com\/uploads\/2025\/07\/small-barndo-dtd-03-360x540.jpg 360w, https:\/\/doubletakedecor.com\/uploads\/2025\/07\/small-barndo-dtd-03-363x545.jpg 363w, https:\/\/doubletakedecor.com\/uploads\/2025\/07\/small-barndo-dtd-03-370x555.jpg 370w, https:\/\/doubletakedecor.com\/uploads\/2025\/07\/small-barndo-dtd-03-400x600.jpg 400w, https:\/\/doubletakedecor.com\/uploads\/2025\/07\/small-barndo-dtd-03-560x840.jpg 560w, https:\/\/doubletakedecor.com\/uploads\/2025\/07\/small-barndo-dtd-03-480x720.jpg 480w\" sizes=\"auto, (max-width: 700px) 100vw, 700px\" \/><\/p>\n<p>Haszn\u00e1ld b\u00e1tran a nat\u00far fa \u00e9s a s\u00f6t\u00e9t burkolat kombin\u00e1ci\u00f3j\u00e1t, ha meleg, rusztikus hangulatra v\u00e1gysz a barnd\u00f3dban. Egy h\u00edvogat\u00f3, fa gerend\u00e1s veranda k\u00e9nyelmes hintasz\u00e9kekkel t\u00f6k\u00e9letes k\u00fclt\u00e9ri pihen\u0151hely. Nagy ablakokat is tervezz a bej\u00e1rat k\u00f6r\u00e9, hogy min\u00e9l t\u00f6bb term\u00e9szetes f\u00e9ny jusson be, mik\u00f6zben megmarad a meghitt hangulat. Egyszer\u0171 n\u00f6v\u00e9nyes\u00edt\u00e9s teszi teljess\u00e9 a l\u00e1tv\u00e1nyt.<\/p>\n<h2>Modern-rusztikus, tenger\u00e9szk\u00e9k barndominium<\/h2>\n<p><img loading=\"lazy\" decoding=\"async\" width=\"700\" height=\"1049\" alt=\"Modern, rusztikus, k\u00e9tszintes barndominium tenger\u00e9szk\u00e9k burkolattal, fa d\u00edsz\u00edt\u00e9ssel \u00e9s h\u00edvogat\u00f3, f\u00e9m tet\u0151s verand\u00e1val.\" class=\"aligncenter size-full wp-image-3521\" src=\"https:\/\/doubletakedecor.com\/uploads\/2025\/07\/small-barndo-dtd-04.jpg\" srcset=\"https:\/\/doubletakedecor.com\/uploads\/2025\/07\/small-barndo-dtd-04.jpg 700w, https:\/\/doubletakedecor.com\/uploads\/2025\/07\/small-barndo-dtd-04-200x300.jpg 200w, https:\/\/doubletakedecor.com\/uploads\/2025\/07\/small-barndo-dtd-04-683x1024.jpg 683w, https:\/\/doubletakedecor.com\/uploads\/2025\/07\/small-barndo-dtd-04-96x144.jpg 96w, https:\/\/doubletakedecor.com\/uploads\/2025\/07\/small-barndo-dtd-04-280x420.jpg 280w, https:\/\/doubletakedecor.com\/uploads\/2025\/07\/small-barndo-dtd-04-320x480.jpg 320w, https:\/\/doubletakedecor.com\/uploads\/2025\/07\/small-barndo-dtd-04-360x539.jpg 360w, https:\/\/doubletakedecor.com\/uploads\/2025\/07\/small-barndo-dtd-04-363x544.jpg 363w, https:\/\/doubletakedecor.com\/uploads\/2025\/07\/small-barndo-dtd-04-370x554.jpg 370w, https:\/\/doubletakedecor.com\/uploads\/2025\/07\/small-barndo-dtd-04-400x599.jpg 400w, https:\/\/doubletakedecor.com\/uploads\/2025\/07\/small-barndo-dtd-04-560x839.jpg 560w, https:\/\/doubletakedecor.com\/uploads\/2025\/07\/small-barndo-dtd-04-480x719.jpg 480w\" sizes=\"auto, (max-width: 700px) 100vw, 700px\" \/><\/p>\n<p>\u00d6tv\u00f6zd a modern \u00e9s rusztikus elemeket: v\u00e1lassz tenger\u00e9szk\u00e9k burkolatot, amit meleg fa d\u00edsz\u00edt\u00e9sekkel eg\u00e9sz\u00edtesz ki. A strapab\u00edr\u00f3 f\u00e9m tet\u0151 amellett, hogy modern, tart\u00f3s is lesz. Egy teljes sz\u00e9less\u00e9g\u0171, gerend\u00e1s veranda nagyszer\u0171 k\u00fclt\u00e9ri lak\u00f3helyet teremt. Nagy ablakokkal sok napf\u00e9nyt engedhetsz be, egy k\u00f6ves alapzat pedig \u00e9rdekes kontrasztot adhat a h\u00e1znak.<\/p>\n<h2>Rusztikus barndo otthon h\u00edvogat\u00f3 verand\u00e1val<\/h2>\n<p><img loading=\"lazy\" decoding=\"async\" width=\"700\" height=\"1049\" alt=\"B\u00e1jos, pajta-st\u00edlus\u00fa h\u00e1z f\u00e9m tet\u0151vel \u00e9s fa burkolattal a f\u00e1k k\u00f6zt, h\u00edvogat\u00f3 verand\u00e1val, cserepes n\u00f6v\u00e9nyekkel.\" class=\"aligncenter size-full wp-image-3527\" src=\"https:\/\/doubletakedecor.com\/uploads\/2025\/07\/small-barndo-dtd-05.jpg\" srcset=\"https:\/\/doubletakedecor.com\/uploads\/2025\/07\/small-barndo-dtd-05.jpg 700w, https:\/\/doubletakedecor.com\/uploads\/2025\/07\/small-barndo-dtd-05-200x300.jpg 200w, https:\/\/doubletakedecor.com\/uploads\/2025\/07\/small-barndo-dtd-05-683x1024.jpg 683w, https:\/\/doubletakedecor.com\/uploads\/2025\/07\/small-barndo-dtd-05-96x144.jpg 96w, https:\/\/doubletakedecor.com\/uploads\/2025\/07\/small-barndo-dtd-05-280x420.jpg 280w, https:\/\/doubletakedecor.com\/uploads\/2025\/07\/small-barndo-dtd-05-320x480.jpg 320w, https:\/\/doubletakedecor.com\/uploads\/2025\/07\/small-barndo-dtd-05-360x539.jpg 360w, https:\/\/doubletakedecor.com\/uploads\/2025\/07\/small-barndo-dtd-05-363x544.jpg 363w, https:\/\/doubletakedecor.com\/uploads\/2025\/07\/small-barndo-dtd-05-370x554.jpg 370w, https:\/\/doubletakedecor.com\/uploads\/2025\/07\/small-barndo-dtd-05-400x599.jpg 400w, https:\/\/doubletakedecor.com\/uploads\/2025\/07\/small-barndo-dtd-05-560x839.jpg 560w, https:\/\/doubletakedecor.com\/uploads\/2025\/07\/small-barndo-dtd-05-480x719.jpg 480w\" sizes=\"auto, (max-width: 700px) 100vw, 700px\" \/><\/p>\n<p>Tedd igaz\u00e1n vonz\u00f3v\u00e1 barndominiumod, ha a term\u00e9szetes anyagokat is hangs\u00falyozod a k\u00fcls\u0151 kialak\u00edt\u00e1sban! T\u00e1masszad meg t\u00fczes fa oszlopokkal az \u00e9p\u00fcletet, ami egyszerre lesz stabil \u00e9s rusztikus hat\u00e1s\u00fa. Cserepes n\u00f6v\u00e9nyekkel keretezd a bej\u00e1ratot, hogy l\u00e1gyabb\u00e1 tedd a f\u00e9m tet\u0151 vonal\u00e1t. Helyezz el egy k\u00e9nyelmes padot a verand\u00e1n, ahol pihenhetsz \u00e9s k\u00f6zelebb ker\u00fclhetsz a term\u00e9szethez otthonod k\u00f6r\u00fcl.<\/p>\n<h2>Rusztikus barndo fa homlokzattal<\/h2>\n<p><img loading=\"lazy\" decoding=\"async\" width=\"700\" height=\"1049\" alt=\"Modern pajta-st\u00edlus\u00fa otthon fa homlokzattal, h\u00e1romsz\u00f6g alak\u00fa tet\u0151vel \u00e9s \u00fcveg bej\u00e1rati ajt\u00f3kkal, rendezett kerttel \u00e9s rusztikus-modern funkcionalit\u00e1ssal.\" class=\"aligncenter size-full wp-image-3533\" src=\"https:\/\/doubletakedecor.com\/uploads\/2025\/07\/small-barndo-dtd-06.jpg\" srcset=\"https:\/\/doubletakedecor.com\/uploads\/2025\/07\/small-barndo-dtd-06.jpg 700w, https:\/\/doubletakedecor.com\/uploads\/2025\/07\/small-barndo-dtd-06-200x300.jpg 200w, https:\/\/doubletakedecor.com\/uploads\/2025\/07\/small-barndo-dtd-06-683x1024.jpg 683w, https:\/\/doubletakedecor.com\/uploads\/2025\/07\/small-barndo-dtd-06-96x144.jpg 96w, https:\/\/doubletakedecor.com\/uploads\/2025\/07\/small-barndo-dtd-06-280x420.jpg 280w, https:\/\/doubletakedecor.com\/uploads\/2025\/07\/small-barndo-dtd-06-320x480.jpg 320w, https:\/\/doubletakedecor.com\/uploads\/2025\/07\/small-barndo-dtd-06-360x539.jpg 360w, https:\/\/doubletakedecor.com\/uploads\/2025\/07\/small-barndo-dtd-06-363x544.jpg 363w, https:\/\/doubletakedecor.com\/uploads\/2025\/07\/small-barndo-dtd-06-370x554.jpg 370w, https:\/\/doubletakedecor.com\/uploads\/2025\/07\/small-barndo-dtd-06-400x599.jpg 400w, https:\/\/doubletakedecor.com\/uploads\/2025\/07\/small-barndo-dtd-06-560x839.jpg 560w, https:\/\/doubletakedecor.com\/uploads\/2025\/07\/small-barndo-dtd-06-480x719.jpg 480w\" sizes=\"auto, (max-width: 700px) 100vw, 700px\" \/><\/p>\n<p>Tervezz egy vend\u00e9gv\u00e1r\u00f3 bej\u00e1ratot tol\u00f3 \u00fcvegajt\u00f3val, ami egy feh\u00e9r teraszra ny\u00edlik! A h\u00e1romsz\u00f6g form\u00e1j\u00fa tet\u0151 \u00e9s a fa homlokzat rusztikus, m\u00e9gis modern \u00f6sszhat\u00e1st k\u00f6lcs\u00f6n\u00f6z. Alak\u00edts ki nagy ablakokat, hogy rengeteg term\u00e9szetes f\u00e9nyt engedjenek be, a k\u00fcls\u0151t pedig rendezett bokrokkal \u00e9s vil\u00e1gos kavicsos t\u00e9rburkolattal \u00e9rdemes kieg\u00e9sz\u00edteni a harmonikus, \u201ef\u00f6ldk\u00f6zeli\u201d hangulat\u00e9rt.<\/p>\n<h2>Modern farmhouse fekete r\u00e9szletekkel<\/h2>\n<p><img loading=\"lazy\" decoding=\"async\" width=\"700\" height=\"1050\" alt=\"Modern farmhouse feh\u00e9r k\u00fcls\u0151vel, fekete d\u00edsz\u00edt\u00e9sekkel, pajta-tet\u0151vel \u00e9s rusztikus fa elemekkel, d\u00fas kerttel k\u00f6r\u00fclv\u00e9ve.\" class=\"aligncenter size-full wp-image-3539\" src=\"https:\/\/doubletakedecor.com\/uploads\/2025\/07\/small-barndo-dtd-07.jpg\" srcset=\"https:\/\/doubletakedecor.com\/uploads\/2025\/07\/small-barndo-dtd-07.jpg 700w, https:\/\/doubletakedecor.com\/uploads\/2025\/07\/small-barndo-dtd-07-200x300.jpg 200w, https:\/\/doubletakedecor.com\/uploads\/2025\/07\/small-barndo-dtd-07-683x1024.jpg 683w, https:\/\/doubletakedecor.com\/uploads\/2025\/07\/small-barndo-dtd-07-96x144.jpg 96w, https:\/\/doubletakedecor.com\/uploads\/2025\/07\/small-barndo-dtd-07-280x420.jpg 280w, https:\/\/doubletakedecor.com\/uploads\/2025\/07\/small-barndo-dtd-07-320x480.jpg 320w, https:\/\/doubletakedecor.com\/uploads\/2025\/07\/small-barndo-dtd-07-360x540.jpg 360w, https:\/\/doubletakedecor.com\/uploads\/2025\/07\/small-barndo-dtd-07-363x545.jpg 363w, https:\/\/doubletakedecor.com\/uploads\/2025\/07\/small-barndo-dtd-07-370x555.jpg 370w, https:\/\/doubletakedecor.com\/uploads\/2025\/07\/small-barndo-dtd-07-400x600.jpg 400w, https:\/\/doubletakedecor.com\/uploads\/2025\/07\/small-barndo-dtd-07-560x840.jpg 560w, https:\/\/doubletakedecor.com\/uploads\/2025\/07\/small-barndo-dtd-07-480x720.jpg 480w\" sizes=\"auto, (max-width: 700px) 100vw, 700px\" \/><\/p>\n<p>Var\u00e1zsolj \u00fct\u0151s kontrasztot a feh\u00e9r homlokzat \u00e9s a fekete kiemel\u00e9sek kombin\u00e1ci\u00f3j\u00e1val! Nagy ablakokat v\u00e1lassz, hogy sok legyen a term\u00e9szetes f\u00e9ny, \u00e9s var\u00e1zsolj meghitts\u00e9get rusztikus fa r\u00e9szletekkel, p\u00e9ld\u00e1ul gar\u00e1zskapukkal. K\u00e9pezd ki az el\u00fcls\u0151 teraszt t\u00e1gasra, \u00edgy t\u00f6k\u00e9letes lesz kerti \u00f6sszej\u00f6vetelekre. Gondosan megtervezett n\u00f6v\u00e9nyes\u00edt\u00e9s emeli majd a vid\u00e9ki lak\u00f3k\u00f6rnyezet hangulat\u00e1t.<\/p>\n<h2>Modern fekete barndominium k\u00fcls\u0151<\/h2>\n<p><img loading=\"lazy\" decoding=\"async\" width=\"700\" height=\"1049\" alt=\"Kort\u00e1rs fekete barndominium f\u00fcgg\u0151leges bor\u00edt\u00e1ssal, nagy ablakokkal, nyeregtet\u0151vel \u00e9s eleg\u00e1ns kerttel, kavicsos bej\u00e1r\u00f3val.\" class=\"aligncenter size-full wp-image-3545\" src=\"https:\/\/doubletakedecor.com\/uploads\/2025\/07\/small-barndo-dtd-08.jpg\" srcset=\"https:\/\/doubletakedecor.com\/uploads\/2025\/07\/small-barndo-dtd-08.jpg 700w, https:\/\/doubletakedecor.com\/uploads\/2025\/07\/small-barndo-dtd-08-200x300.jpg 200w, https:\/\/doubletakedecor.com\/uploads\/2025\/07\/small-barndo-dtd-08-683x1024.jpg 683w, https:\/\/doubletakedecor.com\/uploads\/2025\/07\/small-barndo-dtd-08-96x144.jpg 96w, https:\/\/doubletakedecor.com\/uploads\/2025\/07\/small-barndo-dtd-08-280x420.jpg 280w, https:\/\/doubletakedecor.com\/uploads\/2025\/07\/small-barndo-dtd-08-320x480.jpg 320w, https:\/\/doubletakedecor.com\/uploads\/2025\/07\/small-barndo-dtd-08-360x539.jpg 360w, https:\/\/doubletakedecor.com\/uploads\/2025\/07\/small-barndo-dtd-08-363x544.jpg 363w, https:\/\/doubletakedecor.com\/uploads\/2025\/07\/small-barndo-dtd-08-370x554.jpg 370w, https:\/\/doubletakedecor.com\/uploads\/2025\/07\/small-barndo-dtd-08-400x599.jpg 400w, https:\/\/doubletakedecor.com\/uploads\/2025\/07\/small-barndo-dtd-08-560x839.jpg 560w, https:\/\/doubletakedecor.com\/uploads\/2025\/07\/small-barndo-dtd-08-480x719.jpg 480w\" sizes=\"auto, (max-width: 700px) 100vw, 700px\" \/><\/p>\n<p>Alkoss modern k\u00fcls\u0151t f\u00fcgg\u0151leges homlokzati bor\u00edt\u00e1ssal \u00e9s t\u00e1gas ablakokkal! \u00c9rdemes kavicsos bej\u00e1r\u00f3val ellens\u00falyozni a s\u00f6t\u00e9t sz\u00ednt, \u00edgy bar\u00e1ts\u00e1gosabbnak t\u0171nik majd a bej\u00e1rat. Letisztult, rendezett \u00fcltet\u00e9sekkel, okosan elhelyezett n\u00f6v\u00e9nytart\u00f3kkal l\u00e1tv\u00e1nyosan fokozhatod a h\u00e1z megjelen\u00e9s\u00e9t, mik\u00f6zben meg\u0151rz\u00f6d a modern, letisztult st\u00edlust. A nyeregtet\u0151 hagyom\u00e1nyos b\u00e1jt ad az egy\u00e9bk\u00e9nt modern h\u00e1znak.<\/p>\n<h2>Modern farmhouse A-keretes kialak\u00edt\u00e1ssal<\/h2>\n<p><img loading=\"lazy\" decoding=\"async\" width=\"700\" height=\"1049\" alt=\"B\u00e1jos, feh\u00e9r t\u00e9gl\u00e1s farmhouse s\u00f6t\u00e9t f\u00e9mtet\u0151vel, fedett verand\u00e1val, hintasz\u00e9kekkel \u00e9s st\u00edlusos bej\u00e1rattal, minim\u00e1lis t\u00e9rburkolattal.\" class=\"aligncenter size-full wp-image-3551\" src=\"https:\/\/doubletakedecor.com\/uploads\/2025\/07\/small-barndo-dtd-09.jpg\" srcset=\"https:\/\/doubletakedecor.com\/uploads\/2025\/07\/small-barndo-dtd-09.jpg 700w, https:\/\/doubletakedecor.com\/uploads\/2025\/07\/small-barndo-dtd-09-200x300.jpg 200w, https:\/\/doubletakedecor.com\/uploads\/2025\/07\/small-barndo-dtd-09-683x1024.jpg 683w, https:\/\/doubletakedecor.com\/uploads\/2025\/07\/small-barndo-dtd-09-96x144.jpg 96w, https:\/\/doubletakedecor.com\/uploads\/2025\/07\/small-barndo-dtd-09-280x420.jpg 280w, https:\/\/doubletakedecor.com\/uploads\/2025\/07\/small-barndo-dtd-09-320x480.jpg 320w, https:\/\/doubletakedecor.com\/uploads\/2025\/07\/small-barndo-dtd-09-360x539.jpg 360w, https:\/\/doubletakedecor.com\/uploads\/2025\/07\/small-barndo-dtd-09-363x544.jpg 363w, https:\/\/doubletakedecor.com\/uploads\/2025\/07\/small-barndo-dtd-09-370x554.jpg 370w, https:\/\/doubletakedecor.com\/uploads\/2025\/07\/small-barndo-dtd-09-400x599.jpg 400w, https:\/\/doubletakedecor.com\/uploads\/2025\/07\/small-barndo-dtd-09-560x839.jpg 560w, https:\/\/doubletakedecor.com\/uploads\/2025\/07\/small-barndo-dtd-09-480x719.jpg 480w\" sizes=\"auto, (max-width: 700px) 100vw, 700px\" \/><\/p>\n<p>Vigy\u00e9l id\u0151t\u00e1ll\u00f3 st\u00edlust otthonodba: kombin\u00e1ld a feh\u00e9r t\u00e9gl\u00e1t s\u00f6t\u00e9t f\u00e9mtet\u0151vel az er\u0151teljes kontraszt\u00e9rt! Er\u0151s\u00edtsd meg a verand\u00e1t fa tart\u00f3oszlopokkal a rusztikus \u00e9rz\u00e9s\u00e9rt, de a modern megjelen\u00e9st is tartsd meg. Tegy\u00e9l ki hintasz\u00e9keket a bar\u00e1ts\u00e1gos, h\u00edvogat\u00f3 t\u00e9r kedv\u00e9\u00e9rt. Eg\u00e9sz\u00edtsd ki az \u00f6sszhat\u00e1st j\u00f3l megvil\u00e1g\u00edtott k\u00fclt\u00e9ri l\u00e1mp\u00e1kkal \u00e9s rendezett, egyszer\u0171 kerttel, hogy igaz\u00e1n szemet gy\u00f6ny\u00f6rk\u00f6dtet\u0151 legyen.<\/p>\n<h2>Feh\u00e9r barndominium nyeregtet\u0151vel<\/h2>\n<p><img loading=\"lazy\" decoding=\"async\" width=\"700\" height=\"1049\" alt=\"Farmhouse-st\u00edlus\u00fa barndominium feh\u00e9r burkolattal, nyeregtet\u0151vel, nagy ablakokkal \u00e9s t\u00e1gas el\u00fcls\u0151 verand\u00e1val fa oszlopokkal, parkos\u00edtott kertben.\" class=\"aligncenter size-full wp-image-3557\" src=\"https:\/\/doubletakedecor.com\/uploads\/2025\/07\/small-barndo-dtd-10.jpg\" srcset=\"https:\/\/doubletakedecor.com\/uploads\/2025\/07\/small-barndo-dtd-10.jpg 700w, https:\/\/doubletakedecor.com\/uploads\/2025\/07\/small-barndo-dtd-10-200x300.jpg 200w, https:\/\/doubletakedecor.com\/uploads\/2025\/07\/small-barndo-dtd-10-683x1024.jpg 683w, https:\/\/doubletakedecor.com\/uploads\/2025\/07\/small-barndo-dtd-10-96x144.jpg 96w, https:\/\/doubletakedecor.com\/uploads\/2025\/07\/small-barndo-dtd-10-280x420.jpg 280w, https:\/\/doubletakedecor.com\/uploads\/2025\/07\/small-barndo-dtd-10-320x480.jpg 320w, https:\/\/doubletakedecor.com\/uploads\/2025\/07\/small-barndo-dtd-10-360x539.jpg 360w, https:\/\/doubletakedecor.com\/uploads\/2025\/07\/small-barndo-dtd-10-363x544.jpg 363w, https:\/\/doubletakedecor.com\/uploads\/2025\/07\/small-barndo-dtd-10-370x554.jpg 370w, https:\/\/doubletakedecor.com\/uploads\/2025\/07\/small-barndo-dtd-10-400x599.jpg 400w, https:\/\/doubletakedecor.com\/uploads\/2025\/07\/small-barndo-dtd-10-560x839.jpg 560w, https:\/\/doubletakedecor.com\/uploads\/2025\/07\/small-barndo-dtd-10-480x719.jpg 480w\" sizes=\"auto, (max-width: 700px) 100vw, 700px\" \/><\/p>\n<p>Alkosd meg a bar\u00e1ts\u00e1gos k\u00fcls\u0151t feh\u00e9r burkolattal \u00e9s rusztikus fa tet\u0151gerend\u00e1kkal! Nagy ablakokkal sok napf\u00e9nyt engedhetsz be, az el\u0151teraszra fahas\u00e1b oszlopokat \u00e9p\u00edts, hogy t\u00f6k\u00e9letes k\u00fclt\u00e9ri pihen\u0151t\u00e9r alakuljon ki. A h\u00e1z alj\u00e1n\u00e1l haszn\u00e1lj k\u0151burkolatot, hogy izgalmasabb legyen az \u00f6sszhang, \u00e9s vedd k\u00f6r\u00fcl \u00edzl\u00e9ses kerttel, amely kiemeli barndominiumod sz\u00e9ps\u00e9g\u00e9t.<\/p>\n<h2>Modern, k\u00e9tszintes, fekete barndominium<\/h2>\n<p><img loading=\"lazy\" decoding=\"async\" width=\"700\" height=\"1049\" alt=\"Kort\u00e1rs, k\u00e9tszintes h\u00e1z fekete k\u00fcls\u0151vel \u00e9s k\u0151 berak\u00e1sokkal, nagy ablakokkal \u00e9s izgalmas tet\u0151form\u00e1kkal a term\u00e9szetben.\" class=\"aligncenter size-full wp-image-3563\" src=\"https:\/\/doubletakedecor.com\/uploads\/2025\/07\/small-barndo-dtd-11.jpg\" srcset=\"https:\/\/doubletakedecor.com\/uploads\/2025\/07\/small-barndo-dtd-11.jpg 700w, https:\/\/doubletakedecor.com\/uploads\/2025\/07\/small-barndo-dtd-11-200x300.jpg 200w, https:\/\/doubletakedecor.com\/uploads\/2025\/07\/small-barndo-dtd-11-683x1024.jpg 683w, https:\/\/doubletakedecor.com\/uploads\/2025\/07\/small-barndo-dtd-11-96x144.jpg 96w, https:\/\/doubletakedecor.com\/uploads\/2025\/07\/small-barndo-dtd-11-280x420.jpg 280w, https:\/\/doubletakedecor.com\/uploads\/2025\/07\/small-barndo-dtd-11-320x480.jpg 320w, https:\/\/doubletakedecor.com\/uploads\/2025\/07\/small-barndo-dtd-11-360x539.jpg 360w, https:\/\/doubletakedecor.com\/uploads\/2025\/07\/small-barndo-dtd-11-363x544.jpg 363w, https:\/\/doubletakedecor.com\/uploads\/2025\/07\/small-barndo-dtd-11-370x554.jpg 370w, https:\/\/doubletakedecor.com\/uploads\/2025\/07\/small-barndo-dtd-11-400x599.jpg 400w, https:\/\/doubletakedecor.com\/uploads\/2025\/07\/small-barndo-dtd-11-560x839.jpg 560w, https:\/\/doubletakedecor.com\/uploads\/2025\/07\/small-barndo-dtd-11-480x719.jpg 480w\" sizes=\"auto, (max-width: 700px) 100vw, 700px\" \/><\/p>\n<p>\u00d6tv\u00f6zd a modern diz\u00e1jnt \u00e9s a barndominium praktikumot egy felt\u0171n\u0151 fekete k\u00fcls\u0151vel! V\u00e1lassz term\u00e9szetes k\u0151 d\u00edsz\u00edt\u00e9seket a h\u00e1zhoz, ezzel sz\u00e9p kontrasztot \u00e9s melegs\u00e9get vihetsz az \u00f6sszk\u00e9pbe. Alkalmazz nagy ablakokat, hogy bent is vil\u00e1gos \u00e9s napf\u00e9nyes legyen minden helyis\u00e9g. Gondolkodj t\u00f6bb-cs\u00facsos tet\u0151ben, ami izgalmasabb\u00e1 teszi a h\u00e1zat, mik\u00f6zben megmarad a barndominiumn\u00e1l elv\u00e1rt masszivit\u00e1s.<\/p>\n<h2>Modern feh\u00e9r farmhouse fedett terasszal<\/h2>\n<p><img loading=\"lazy\" decoding=\"async\" width=\"700\" height=\"1050\" alt=\"Modern, feh\u00e9r barndominium fekete f\u00e9m tet\u0151vel, fa gerend\u00e1s fedett terasszal \u00e9s buja, z\u00f6ld kerttel.\" class=\"aligncenter size-full wp-image-3569\" src=\"https:\/\/doubletakedecor.com\/uploads\/2025\/07\/small-barndo-dtd-12.jpg\" srcset=\"https:\/\/doubletakedecor.com\/uploads\/2025\/07\/small-barndo-dtd-12.jpg 700w, https:\/\/doubletakedecor.com\/uploads\/2025\/07\/small-barndo-dtd-12-200x300.jpg 200w, https:\/\/doubletakedecor.com\/uploads\/2025\/07\/small-barndo-dtd-12-683x1024.jpg 683w, https:\/\/doubletakedecor.com\/uploads\/2025\/07\/small-barndo-dtd-12-96x144.jpg 96w, https:\/\/doubletakedecor.com\/uploads\/2025\/07\/small-barndo-dtd-12-280x420.jpg 280w, https:\/\/doubletakedecor.com\/uploads\/2025\/07\/small-barndo-dtd-12-320x480.jpg 320w, https:\/\/doubletakedecor.com\/uploads\/2025\/07\/small-barndo-dtd-12-360x540.jpg 360w, https:\/\/doubletakedecor.com\/uploads\/2025\/07\/small-barndo-dtd-12-363x545.jpg 363w, https:\/\/doubletakedecor.com\/uploads\/2025\/07\/small-barndo-dtd-12-370x555.jpg 370w, https:\/\/doubletakedecor.com\/uploads\/2025\/07\/small-barndo-dtd-12-400x600.jpg 400w, https:\/\/doubletakedecor.com\/uploads\/2025\/07\/small-barndo-dtd-12-560x840.jpg 560w, https:\/\/doubletakedecor.com\/uploads\/2025\/07\/small-barndo-dtd-12-480x720.jpg 480w\" sizes=\"auto, (max-width: 700px) 100vw, 700px\" \/><\/p>\n<p>Kombin\u00e1ld a hagyom\u00e1nyos barndominium st\u00edlust a modern diz\u00e1jnnal: v\u00e1lassz feh\u00e9r oldalfalat \u00e9s fekete f\u00e9m tet\u0151t, hogy er\u0151s kontrasztot \u00e9rj el. B\u0151v\u00edtsd otthonod egy fedett terasszal, amelyet fa gerend\u00e1k szeg\u00e9lyeznek. L\u00e1gy\u00edtsd a mark\u00e1ns \u00e9p\u00edt\u00e9szeti vonalakat term\u00e9szetes kertr\u00e9szletekkel \u2013 \u00edgy bar\u00e1ts\u00e1gosabb \u00e9s vonz\u00f3bb lesz az otthonod k\u00fclseje.<\/p>\n<h2>K\u00e9tszintes, modern h\u00e1z fekete k\u00fcls\u0151vel<\/h2>\n<p><img loading=\"lazy\" decoding=\"async\" width=\"700\" height=\"1050\" alt=\"K\u00e9tszintes modern barndominium fekete, v\u00edzszintes panelekkel, fa gerend\u00e1s verand\u00e1val, nagy ablakokkal, rendezett kerttel \u00e9s k\u0151b\u0151l k\u00e9sz\u00fclt \u00f6sv\u00e9nnyel.\" class=\"aligncenter size-full wp-image-3575\" src=\"https:\/\/doubletakedecor.com\/uploads\/2025\/07\/small-barndo-dtd-13.jpg\" srcset=\"https:\/\/doubletakedecor.com\/uploads\/2025\/07\/small-barndo-dtd-13.jpg 700w, https:\/\/doubletakedecor.com\/uploads\/2025\/07\/small-barndo-dtd-13-200x300.jpg 200w, https:\/\/doubletakedecor.com\/uploads\/2025\/07\/small-barndo-dtd-13-683x1024.jpg 683w, https:\/\/doubletakedecor.com\/uploads\/2025\/07\/small-barndo-dtd-13-96x144.jpg 96w, https:\/\/doubletakedecor.com\/uploads\/2025\/07\/small-barndo-dtd-13-280x420.jpg 280w, https:\/\/doubletakedecor.com\/uploads\/2025\/07\/small-barndo-dtd-13-320x480.jpg 320w, https:\/\/doubletakedecor.com\/uploads\/2025\/07\/small-barndo-dtd-13-360x540.jpg 360w, https:\/\/doubletakedecor.com\/uploads\/2025\/07\/small-barndo-dtd-13-363x545.jpg 363w, https:\/\/doubletakedecor.com\/uploads\/2025\/07\/small-barndo-dtd-13-370x555.jpg 370w, https:\/\/doubletakedecor.com\/uploads\/2025\/07\/small-barndo-dtd-13-400x600.jpg 400w, https:\/\/doubletakedecor.com\/uploads\/2025\/07\/small-barndo-dtd-13-560x840.jpg 560w, https:\/\/doubletakedecor.com\/uploads\/2025\/07\/small-barndo-dtd-13-480x720.jpg 480w\" sizes=\"auto, (max-width: 700px) 100vw, 700px\" \/><\/p>\n<p>Ha ilyen modern farmhouse hangulatra v\u00e1gysz, kombin\u00e1ld a fekete v\u00edzszintes paneleket meleg fa gerend\u00e1kkal az el\u0151teraszon. Telep\u00edts nagy ablakokat, hogy sok term\u00e9szetes f\u00e9ny j\u00f6jj\u00f6n be, ett\u0151l a bels\u0151 t\u00e9r is bar\u00e1ts\u00e1gosabb lesz. Eg\u00e9sz\u00edtsd ki a s\u00f6t\u00e9t k\u00fcls\u0151t hozz\u00e1 ill\u0151 kerti b\u00fatorokkal, \u00e9s var\u00e1zsolj sz\u00ednes kertet n\u00f6v\u00e9nyekkel, k\u00f6ves \u00f6sv\u00e9nnyel, hogy a fekete fel\u00fcletek ne legyenek t\u00fal ridegek.<\/p>\n<h2>Modern farmhouse f\u00e9mes r\u00e9szletekkel<\/h2>\n<p><img loading=\"lazy\" decoding=\"async\" width=\"700\" height=\"1049\" alt=\"B\u00e1jos, modern farmhouse f\u00e9m tet\u0151vel, faburkolatokkal, s\u00f6t\u00e9t oldalfallal, piros kiemel\u00e9ssel a tet\u0151 oromzat\u00e1n, \u00e9s bar\u00e1ts\u00e1gos torn\u00e1ccal, term\u00e9szetes k\u00f6rnyezetben.\" class=\"aligncenter size-full wp-image-3581\" src=\"https:\/\/doubletakedecor.com\/uploads\/2025\/07\/small-barndo-dtd-14.jpg\" srcset=\"https:\/\/doubletakedecor.com\/uploads\/2025\/07\/small-barndo-dtd-14.jpg 700w, https:\/\/doubletakedecor.com\/uploads\/2025\/07\/small-barndo-dtd-14-200x300.jpg 200w, https:\/\/doubletakedecor.com\/uploads\/2025\/07\/small-barndo-dtd-14-683x1024.jpg 683w, https:\/\/doubletakedecor.com\/uploads\/2025\/07\/small-barndo-dtd-14-96x144.jpg 96w, https:\/\/doubletakedecor.com\/uploads\/2025\/07\/small-barndo-dtd-14-280x420.jpg 280w, https:\/\/doubletakedecor.com\/uploads\/2025\/07\/small-barndo-dtd-14-320x480.jpg 320w, https:\/\/doubletakedecor.com\/uploads\/2025\/07\/small-barndo-dtd-14-360x539.jpg 360w, https:\/\/doubletakedecor.com\/uploads\/2025\/07\/small-barndo-dtd-14-363x544.jpg 363w, https:\/\/doubletakedecor.com\/uploads\/2025\/07\/small-barndo-dtd-14-370x554.jpg 370w, https:\/\/doubletakedecor.com\/uploads\/2025\/07\/small-barndo-dtd-14-400x599.jpg 400w, https:\/\/doubletakedecor.com\/uploads\/2025\/07\/small-barndo-dtd-14-560x839.jpg 560w, https:\/\/doubletakedecor.com\/uploads\/2025\/07\/small-barndo-dtd-14-480x719.jpg 480w\" sizes=\"auto, (max-width: 700px) 100vw, 700px\" \/><\/p>\n<p>Hozd el a klasszikus \u00e9s modern hangulatot is az otthonodba: v\u00e1lassz f\u00e9m tet\u0151t \u00e9s term\u00e9szetes f\u00e1b\u00f3l k\u00e9sz\u00fclt elemeket. A s\u00f6t\u00e9t oldalfal mell\u00e9 b\u00e1tran haszn\u00e1lj \u00e9l\u00e9nk, p\u00e9ld\u00e1ul piros sz\u00edneket az oromzatn\u00e1l, \u00edgy m\u00e9g izgalmasabb lesz a h\u00e1z. Hosszabb\u00edtsd meg az el\u0151teraszt, hogy egy k\u00e9nyelmes, h\u00edvogat\u00f3 k\u00fclt\u00e9ri pihen\u0151hely legyen, ami \u00f6sszek\u00f6ti a h\u00e1zat a kerttel. Z\u00fazott k\u00f6ves bej\u00e1r\u00f3val val\u00f3di vid\u00e9ki hangulatot teremthetsz.<\/p>\n<h2>Modern farmhouse k\u0151 d\u00edsz\u00edt\u00e9ssel<\/h2>\n<p><img loading=\"lazy\" decoding=\"async\" width=\"700\" height=\"1049\" alt=\"Modern kis barndominium feh\u00e9r oldalfallal, k\u0151 d\u00edsz\u00edt\u00e9sekkel, f\u00e9m nyeregtet\u0151vel \u00e9s fa gerend\u00e1s bej\u00e1rattal egy nyugodt vid\u00e9ki t\u00e1jban.\" class=\"aligncenter size-full wp-image-3587\" src=\"https:\/\/doubletakedecor.com\/uploads\/2025\/07\/small-barndo-dtd-15.jpg\" srcset=\"https:\/\/doubletakedecor.com\/uploads\/2025\/07\/small-barndo-dtd-15.jpg 700w, https:\/\/doubletakedecor.com\/uploads\/2025\/07\/small-barndo-dtd-15-200x300.jpg 200w, https:\/\/doubletakedecor.com\/uploads\/2025\/07\/small-barndo-dtd-15-683x1024.jpg 683w, https:\/\/doubletakedecor.com\/uploads\/2025\/07\/small-barndo-dtd-15-96x144.jpg 96w, https:\/\/doubletakedecor.com\/uploads\/2025\/07\/small-barndo-dtd-15-280x420.jpg 280w, https:\/\/doubletakedecor.com\/uploads\/2025\/07\/small-barndo-dtd-15-320x480.jpg 320w, https:\/\/doubletakedecor.com\/uploads\/2025\/07\/small-barndo-dtd-15-360x539.jpg 360w, https:\/\/doubletakedecor.com\/uploads\/2025\/07\/small-barndo-dtd-15-363x544.jpg 363w, https:\/\/doubletakedecor.com\/uploads\/2025\/07\/small-barndo-dtd-15-370x554.jpg 370w, https:\/\/doubletakedecor.com\/uploads\/2025\/07\/small-barndo-dtd-15-400x599.jpg 400w, https:\/\/doubletakedecor.com\/uploads\/2025\/07\/small-barndo-dtd-15-560x839.jpg 560w, https:\/\/doubletakedecor.com\/uploads\/2025\/07\/small-barndo-dtd-15-480x719.jpg 480w\" sizes=\"auto, (max-width: 700px) 100vw, 700px\" \/><\/p>\n<p>Ha eleg\u00e1ns, modern farmhouse st\u00edlust szeretn\u00e9l, kombin\u00e1ld a feh\u00e9r bor\u00edt\u00e1st k\u0151 d\u00edsz\u00edt\u00e9sekkel. Nagy, s\u00f6t\u00e9t keretes ablakokat v\u00e1lassz, hogy sok term\u00e9szetes f\u00e9nyt engedjenek be, \u00e9s dobj fel mindent egy f\u00e9m nyeregtet\u0151vel. Fa gerend\u00e1s bej\u00e1ratot is \u00e9p\u00edthetsz, ett\u0151l karakteresebb lesz a h\u00e1z. El\u00f6l massz\u00edv oszlopokkal t\u00e1massz al\u00e1 egy sz\u00e9les torn\u00e1cot, \u00edgy h\u00edvogat\u00f3 \u00e9s rendezett lesz az el\u0151kerted.<\/p>\n<h2>K\u00e9k barndo t\u00e1gas terasszal<\/h2>\n<p><img loading=\"lazy\" decoding=\"async\" width=\"700\" height=\"1050\" alt=\"Modern k\u00e9k barndominium nagy ablakokkal, f\u00e9m tet\u0151vel \u00e9s fa terasszal, buja z\u00f6ld\u00f6vezetben, bar\u00e1ts\u00e1gos hangulatban.\" class=\"aligncenter size-full wp-image-3593\" src=\"https:\/\/doubletakedecor.com\/uploads\/2025\/07\/small-barndo-dtd-16.jpg\" srcset=\"https:\/\/doubletakedecor.com\/uploads\/2025\/07\/small-barndo-dtd-16.jpg 700w, https:\/\/doubletakedecor.com\/uploads\/2025\/07\/small-barndo-dtd-16-200x300.jpg 200w, https:\/\/doubletakedecor.com\/uploads\/2025\/07\/small-barndo-dtd-16-683x1024.jpg 683w, https:\/\/doubletakedecor.com\/uploads\/2025\/07\/small-barndo-dtd-16-96x144.jpg 96w, https:\/\/doubletakedecor.com\/uploads\/2025\/07\/small-barndo-dtd-16-280x420.jpg 280w, https:\/\/doubletakedecor.com\/uploads\/2025\/07\/small-barndo-dtd-16-320x480.jpg 320w, https:\/\/doubletakedecor.com\/uploads\/2025\/07\/small-barndo-dtd-16-360x540.jpg 360w, https:\/\/doubletakedecor.com\/uploads\/2025\/07\/small-barndo-dtd-16-363x545.jpg 363w, https:\/\/doubletakedecor.com\/uploads\/2025\/07\/small-barndo-dtd-16-370x555.jpg 370w, https:\/\/doubletakedecor.com\/uploads\/2025\/07\/small-barndo-dtd-16-400x600.jpg 400w, https:\/\/doubletakedecor.com\/uploads\/2025\/07\/small-barndo-dtd-16-560x840.jpg 560w, https:\/\/doubletakedecor.com\/uploads\/2025\/07\/small-barndo-dtd-16-480x720.jpg 480w\" sizes=\"auto, (max-width: 700px) 100vw, 700px\" \/><\/p>\n<p>\u00c9lvezd a szabad leveg\u0151t egy k\u00f6rbefut\u00f3 terasszal, ami \u00f6sszek\u00f6ti a bels\u0151 teret a kerttel. Szerelj fel korl\u00e1tokat a biztons\u00e1g kedv\u00e9\u00e9rt, de \u00fcgyelj arra, hogy szabadon kil\u00e1ss a term\u00e9szetre. A f\u00e9m tet\u0151 id\u0151t\u00e1ll\u00f3 \u00e9s j\u00f3l b\u00edrja az id\u0151j\u00e1r\u00e1st, f\u0151leg vid\u00e9ken. Nagy ablakokkal \u00e1raszd el f\u00e9nyben a h\u00e1zat, k\u00f6zben gy\u00f6ny\u00f6rk\u00f6dhetsz a t\u00e1jban is.<\/p>\n<h2>Meghitt este barndominium st\u00edlusban<\/h2>\n<p><img loading=\"lazy\" decoding=\"async\" width=\"700\" height=\"1049\" alt=\"Modern, barndominium st\u00edlus\u00fa \u00e9p\u00fclet f\u00e9m tet\u0151vel, feh\u00e9r k\u00fcls\u0151vel, meleg f\u00e9nyekkel megvil\u00e1g\u00edtva alkonyatkor, ker\u00edt\u00e9ssel, z\u00f6ld kerttel k\u00f6r\u00fclv\u00e9ve.\" class=\"aligncenter size-full wp-image-3599\" src=\"https:\/\/doubletakedecor.com\/uploads\/2025\/07\/small-barndo-dtd-17.jpg\" srcset=\"https:\/\/doubletakedecor.com\/uploads\/2025\/07\/small-barndo-dtd-17.jpg 700w, https:\/\/doubletakedecor.com\/uploads\/2025\/07\/small-barndo-dtd-17-200x300.jpg 200w, https:\/\/doubletakedecor.com\/uploads\/2025\/07\/small-barndo-dtd-17-683x1024.jpg 683w, https:\/\/doubletakedecor.com\/uploads\/2025\/07\/small-barndo-dtd-17-96x144.jpg 96w, https:\/\/doubletakedecor.com\/uploads\/2025\/07\/small-barndo-dtd-17-280x420.jpg 280w, https:\/\/doubletakedecor.com\/uploads\/2025\/07\/small-barndo-dtd-17-320x480.jpg 320w, https:\/\/doubletakedecor.com\/uploads\/2025\/07\/small-barndo-dtd-17-360x539.jpg 360w, https:\/\/doubletakedecor.com\/uploads\/2025\/07\/small-barndo-dtd-17-363x544.jpg 363w, https:\/\/doubletakedecor.com\/uploads\/2025\/07\/small-barndo-dtd-17-370x554.jpg 370w, https:\/\/doubletakedecor.com\/uploads\/2025\/07\/small-barndo-dtd-17-400x599.jpg 400w, https:\/\/doubletakedecor.com\/uploads\/2025\/07\/small-barndo-dtd-17-560x839.jpg 560w, https:\/\/doubletakedecor.com\/uploads\/2025\/07\/small-barndo-dtd-17-480x719.jpg 480w\" sizes=\"auto, (max-width: 700px) 100vw, 700px\" \/><\/p>\n<p>Vil\u00e1g\u00edtsd meg az otthonod este is, hogy kiemeld a h\u00e1z legszebb elemeit. Haszn\u00e1lj meleg, finom f\u00e9nyeket az oromzatn\u00e1l \u00e9s a tet\u0151n\u00e9l. Egy feh\u00e9r ker\u00edt\u00e9s vid\u00e9kies hangulatot ad, mik\u00f6zben nyitott marad a t\u00e9r a bar\u00e1ti tal\u00e1lkoz\u00f3khoz. \u00cdgy otthonos, hangulatos lesz a h\u00e1zad, a f\u00e9m tet\u0151 pedig igaz\u00e1n mutat\u00f3s alkonyatkor.<\/p>\n<h2>Modern farmhouse k\u00fcls\u0151<\/h2>\n<p><img loading=\"lazy\" decoding=\"async\" width=\"700\" height=\"1049\" alt=\"Feh\u00e9r, f\u00fcgg\u0151leges burkolat\u00fa farmhouse f\u00e9m tet\u0151vel, fekete keretes ablakokkal, rendezett kerttel \u00e9s betonj\u00e1rd\u00e1kkal.\" class=\"aligncenter size-full wp-image-3605\" src=\"https:\/\/doubletakedecor.com\/uploads\/2025\/07\/small-barndo-dtd-18.jpg\" srcset=\"https:\/\/doubletakedecor.com\/uploads\/2025\/07\/small-barndo-dtd-18.jpg 700w, https:\/\/doubletakedecor.com\/uploads\/2025\/07\/small-barndo-dtd-18-200x300.jpg 200w, https:\/\/doubletakedecor.com\/uploads\/2025\/07\/small-barndo-dtd-18-683x1024.jpg 683w, https:\/\/doubletakedecor.com\/uploads\/2025\/07\/small-barndo-dtd-18-96x144.jpg 96w, https:\/\/doubletakedecor.com\/uploads\/2025\/07\/small-barndo-dtd-18-280x420.jpg 280w, https:\/\/doubletakedecor.com\/uploads\/2025\/07\/small-barndo-dtd-18-320x480.jpg 320w, https:\/\/doubletakedecor.com\/uploads\/2025\/07\/small-barndo-dtd-18-360x539.jpg 360w, https:\/\/doubletakedecor.com\/uploads\/2025\/07\/small-barndo-dtd-18-363x544.jpg 363w, https:\/\/doubletakedecor.com\/uploads\/2025\/07\/small-barndo-dtd-18-370x554.jpg 370w, https:\/\/doubletakedecor.com\/uploads\/2025\/07\/small-barndo-dtd-18-400x599.jpg 400w, https:\/\/doubletakedecor.com\/uploads\/2025\/07\/small-barndo-dtd-18-560x839.jpg 560w, https:\/\/doubletakedecor.com\/uploads\/2025\/07\/small-barndo-dtd-18-480x719.jpg 480w\" sizes=\"auto, (max-width: 700px) 100vw, 700px\" \/><\/p>\n<p>K\u00e9sz\u00edts l\u00e1tv\u00e1nyos kontrasztot: v\u00e1laszd a feh\u00e9r, f\u00fcgg\u0151legesen burkolt falat, fekete keretes ablakokat, mell\u00e9 modern, f\u00e9nyes f\u00e9m tet\u0151t. A h\u00e1z el\u0151tt rendezd el szimmetrikusan a n\u00f6v\u00e9nyeket, tegy\u00e9l ki vir\u00e1gokat \u00e9s kis f\u00e1kat d\u00e9zs\u00e1ba, ett\u0151l rendezett \u00e9s h\u00edvogat\u00f3 lesz a l\u00e1tv\u00e1ny. Az aut\u00f3bej\u00e1r\u00f3 \u00e9s a terasz is legyen sima, mint\u00e1s betonb\u00f3l, ami sz\u00e9pen csillog, \u00e9s illik a modern farmhouse st\u00edlushoz.<\/p>\n<h2>Modern fekete barndo fa verand\u00e1val<\/h2>\n<p><img loading=\"lazy\" decoding=\"async\" width=\"700\" height=\"1050\" alt=\"F\u00f6ldszintes, fekete f\u00e9m barndominium sz\u00fcrke tet\u0151vel, fa gerend\u00e1s verand\u00e1val \u00e9s k\u00fclt\u00e9ri pihen\u0151hellyel, z\u00f6ld k\u00f6rnyezetben.\" class=\"aligncenter size-full wp-image-3611\" src=\"https:\/\/doubletakedecor.com\/uploads\/2025\/07\/small-barndo-dtd-19.jpg\" srcset=\"https:\/\/doubletakedecor.com\/uploads\/2025\/07\/small-barndo-dtd-19.jpg 700w, https:\/\/doubletakedecor.com\/uploads\/2025\/07\/small-barndo-dtd-19-200x300.jpg 200w, https:\/\/doubletakedecor.com\/uploads\/2025\/07\/small-barndo-dtd-19-683x1024.jpg 683w, https:\/\/doubletakedecor.com\/uploads\/2025\/07\/small-barndo-dtd-19-96x144.jpg 96w, https:\/\/doubletakedecor.com\/uploads\/2025\/07\/small-barndo-dtd-19-280x420.jpg 280w, https:\/\/doubletakedecor.com\/uploads\/2025\/07\/small-barndo-dtd-19-320x480.jpg 320w, https:\/\/doubletakedecor.com\/uploads\/2025\/07\/small-barndo-dtd-19-360x540.jpg 360w, https:\/\/doubletakedecor.com\/uploads\/2025\/07\/small-barndo-dtd-19-363x545.jpg 363w, https:\/\/doubletakedecor.com\/uploads\/2025\/07\/small-barndo-dtd-19-370x555.jpg 370w, https:\/\/doubletakedecor.com\/uploads\/2025\/07\/small-barndo-dtd-19-400x600.jpg 400w, https:\/\/doubletakedecor.com\/uploads\/2025\/07\/small-barndo-dtd-19-560x840.jpg 560w, https:\/\/doubletakedecor.com\/uploads\/2025\/07\/small-barndo-dtd-19-480x720.jpg 480w\" sizes=\"auto, (max-width: 700px) 100vw, 700px\" \/><\/p>\n<p>Legyen igaz\u00e1n h\u00edvogat\u00f3 a bej\u00e1ratod egy t\u00e1gas fa verand\u00e1val, amely egyszerre praktikus \u00e9s mutat\u00f3s. Rendezhetsz ki k\u00fclt\u00e9ri eb\u00e9dl\u0151- \u00e9s pihen\u0151sarkot. Vigy\u00e9l n\u00e9mi \u00e9letet cserepes n\u00f6v\u00e9nyekkel \u00e9s rusztikus fa d\u00edszekkel \u2013 ezek bar\u00e1ts\u00e1goss\u00e1 teszik a modern, fekete k\u00fcls\u0151t, mik\u00f6zben \u00f6sszekapcsolj\u00e1k az \u00e9p\u00fcletet a term\u00e9szettel.<\/p>\n<h2>Rusztikus farmhouse bej\u00e1rat<\/h2>\n<p><img loading=\"lazy\" decoding=\"async\" width=\"700\" height=\"1049\" alt=\"B\u00e1jos farmhouse feh\u00e9r oldalfallal, s\u00f6t\u00e9t fa r\u00e9szletekkel, nagym\u00e9ret\u0171 fa k\u00e9tsz\u00e1rny\u00fa ajt\u00f3val \u00e9s z\u00f6ld n\u00f6v\u00e9nyekkel teli d\u00edszed\u00e9nyekkel.\" class=\"aligncenter size-full wp-image-3617\" src=\"https:\/\/doubletakedecor.com\/uploads\/2025\/07\/small-barndo-dtd-20.jpg\" srcset=\"https:\/\/doubletakedecor.com\/uploads\/2025\/07\/small-barndo-dtd-20.jpg 700w, https:\/\/doubletakedecor.com\/uploads\/2025\/07\/small-barndo-dtd-20-200x300.jpg 200w, https:\/\/doubletakedecor.com\/uploads\/2025\/07\/small-barndo-dtd-20-683x1024.jpg 683w, https:\/\/doubletakedecor.com\/uploads\/2025\/07\/small-barndo-dtd-20-96x144.jpg 96w, https:\/\/doubletakedecor.com\/uploads\/2025\/07\/small-barndo-dtd-20-280x420.jpg 280w, https:\/\/doubletakedecor.com\/uploads\/2025\/07\/small-barndo-dtd-20-320x480.jpg 320w, https:\/\/doubletakedecor.com\/uploads\/2025\/07\/small-barndo-dtd-20-360x539.jpg 360w, https:\/\/doubletakedecor.com\/uploads\/2025\/07\/small-barndo-dtd-20-363x544.jpg 363w, https:\/\/doubletakedecor.com\/uploads\/2025\/07\/small-barndo-dtd-20-370x554.jpg 370w, https:\/\/doubletakedecor.com\/uploads\/2025\/07\/small-barndo-dtd-20-400x599.jpg 400w, https:\/\/doubletakedecor.com\/uploads\/2025\/07\/small-barndo-dtd-20-560x839.jpg 560w, https:\/\/doubletakedecor.com\/uploads\/2025\/07\/small-barndo-dtd-20-480x719.jpg 480w\" sizes=\"auto, (max-width: 700px) 100vw, 700px\" \/><\/p>\n<p>Tedd bar\u00e1ts\u00e1goss\u00e1 a barndominiumod bej\u00e1rat\u00e1t feh\u00e9r falakkal \u00e9s s\u00f6t\u00e9t fa d\u00edsz\u00edt\u0151elemekkel. Szerelj fel nagym\u00e9ret\u0171, f\u00e1b\u00f3l k\u00e9sz\u00fclt k\u00e9tsz\u00e1rny\u00fa ajt\u00f3t, k\u00e9t oldal\u00e1n mutat\u00f3s l\u00e1mp\u00e1kkal, hogy azonnal felt\u0171n\u0151 legyen a bej\u00e1rat. Eg\u00e9sz\u00edtsd ki a l\u00e1tv\u00e1nyt fa hord\u00f3kkal \u00e9s j\u00f3l elhelyezett n\u00f6v\u00e9nyes kasp\u00f3kkal \u2013 ett\u0151l egyszerre rusztikus \u00e9s \u00edzl\u00e9ses lesz az \u00f6sszhat\u00e1s.<\/p>\n<h2>Feh\u00e9r barndominium meredek tet\u0151vel<\/h2>\n<p><img loading=\"lazy\" decoding=\"async\" width=\"700\" height=\"1049\" alt=\"Modern, feh\u00e9r farmhouse f\u00fcgg\u0151leges oldalfallal, meredek s\u00f6t\u00e9t f\u00e9m tet\u0151vel, \u00fcveges, k\u00e9tsz\u00e1rny\u00fa ajt\u00f3val \u00e9s eleg\u00e1ns k\u00fclt\u00e9ri vil\u00e1g\u00edt\u00e1ssal.\" class=\"aligncenter size-full wp-image-3623\" src=\"https:\/\/doubletakedecor.com\/uploads\/2025\/07\/small-barndo-dtd-21.jpg\" srcset=\"https:\/\/doubletakedecor.com\/uploads\/2025\/07\/small-barndo-dtd-21.jpg 700w, https:\/\/doubletakedecor.com\/uploads\/2025\/07\/small-barndo-dtd-21-200x300.jpg 200w, https:\/\/doubletakedecor.com\/uploads\/2025\/07\/small-barndo-dtd-21-683x1024.jpg 683w, https:\/\/doubletakedecor.com\/uploads\/2025\/07\/small-barndo-dtd-21-96x144.jpg 96w, https:\/\/doubletakedecor.com\/uploads\/2025\/07\/small-barndo-dtd-21-280x420.jpg 280w, https:\/\/doubletakedecor.com\/uploads\/2025\/07\/small-barndo-dtd-21-320x480.jpg 320w, https:\/\/doubletakedecor.com\/uploads\/2025\/07\/small-barndo-dtd-21-360x539.jpg 360w, https:\/\/doubletakedecor.com\/uploads\/2025\/07\/small-barndo-dtd-21-363x544.jpg 363w, https:\/\/doubletakedecor.com\/uploads\/2025\/07\/small-barndo-dtd-21-370x554.jpg 370w, https:\/\/doubletakedecor.com\/uploads\/2025\/07\/small-barndo-dtd-21-400x599.jpg 400w, https:\/\/doubletakedecor.com\/uploads\/2025\/07\/small-barndo-dtd-21-560x839.jpg 560w, https:\/\/doubletakedecor.com\/uploads\/2025\/07\/small-barndo-dtd-21-480x719.jpg 480w\" sizes=\"auto, (max-width: 700px) 100vw, 700px\" \/><\/p>\n<p>Teremts id\u0151tlen eleganci\u00e1t f\u00fcgg\u0151leges feh\u00e9r falakkal \u00e9s s\u00f6t\u00e9t f\u00e9m tet\u0151vel. Az \u00fcveges k\u00e9tsz\u00e1rny\u00fa ajt\u00f3 sok f\u00e9nyt enged be \u00e9s modernn\u00e9 var\u00e1zsolja a bej\u00e1ratot. Szimmetrikusan helyezz el eleg\u00e1ns k\u00fclt\u00e9ri l\u00e1mp\u00e1kat \u2013 ezek este is kiemelik a h\u00e1z sz\u00e9ps\u00e9g\u00e9t. Ez a diz\u00e1jn t\u00f6k\u00e9letes egyens\u00falyt alkot a modern farmhouse st\u00edlus \u00e9s a praktikum k\u00f6z\u00f6tt.<\/p>\n<h2>Modern feh\u00e9r pajtah\u00e1z<\/h2>\n<p><img loading=\"lazy\" decoding=\"async\" width=\"700\" height=\"1050\" alt=\"Modern, pajtast\u00edlus\u00fa h\u00e1z feh\u00e9r burkolattal, f\u00e9m tet\u0151vel, nagy ablakokkal \u00e9s m\u00e1sodik emeleti erk\u00e9llyel, rendezett kerttel k\u00f6rbev\u00e9ve.\" class=\"aligncenter size-full wp-image-3629\" src=\"https:\/\/doubletakedecor.com\/uploads\/2025\/07\/small-barndo-dtd-22.jpg\" srcset=\"https:\/\/doubletakedecor.com\/uploads\/2025\/07\/small-barndo-dtd-22.jpg 700w, https:\/\/doubletakedecor.com\/uploads\/2025\/07\/small-barndo-dtd-22-200x300.jpg 200w, https:\/\/doubletakedecor.com\/uploads\/2025\/07\/small-barndo-dtd-22-683x1024.jpg 683w, https:\/\/doubletakedecor.com\/uploads\/2025\/07\/small-barndo-dtd-22-96x144.jpg 96w, https:\/\/doubletakedecor.com\/uploads\/2025\/07\/small-barndo-dtd-22-280x420.jpg 280w, https:\/\/doubletakedecor.com\/uploads\/2025\/07\/small-barndo-dtd-22-320x480.jpg 320w, https:\/\/doubletakedecor.com\/uploads\/2025\/07\/small-barndo-dtd-22-360x540.jpg 360w, https:\/\/doubletakedecor.com\/uploads\/2025\/07\/small-barndo-dtd-22-363x545.jpg 363w, https:\/\/doubletakedecor.com\/uploads\/2025\/07\/small-barndo-dtd-22-370x555.jpg 370w, https:\/\/doubletakedecor.com\/uploads\/2025\/07\/small-barndo-dtd-22-400x600.jpg 400w, https:\/\/doubletakedecor.com\/uploads\/2025\/07\/small-barndo-dtd-22-560x840.jpg 560w, https:\/\/doubletakedecor.com\/uploads\/2025\/07\/small-barndo-dtd-22-480x720.jpg 480w\" sizes=\"auto, (max-width: 700px) 100vw, 700px\" \/><\/p>\n<p>Keltess j\u00f3 benyom\u00e1st: haszn\u00e1ld a f\u00fcgg\u0151leges fa burkolatot \u00e9s magas, f\u00e9m tet\u0151t a barndominiumodon. Sok nagy ablakot tervezz, hogy be\u00e1radjon a f\u00e9ny, \u00e9s gondolkodj el egy emeleti erk\u00e9lyen is, ami feldobja a homlokzatot. \u00dcveges ajt\u00f3val keretezd be a bej\u00e1ratot, a h\u00e1z k\u00f6r\u00fcl pedig legyen gondozott p\u00e1zsit \u00e9s cserepes n\u00f6v\u00e9nyek, hogy a modern pajtahat\u00e1s ne legyen t\u00fal rideg.<\/p>\n<h2>Rusztikus barndominium kertbe illesztve<\/h2>\n<p><img loading=\"lazy\" decoding=\"async\" width=\"700\" height=\"1050\" alt=\"Rusztikus st\u00edlus\u00fa barndominium fa \u00e9s k\u0151 burkolattal, nagy ablakokkal, f\u00e9m tet\u0151vel \u00e9s toronyd\u00edszekkel, gondozott kerttel.\" class=\"aligncenter size-full wp-image-3635\" src=\"https:\/\/doubletakedecor.com\/uploads\/2025\/07\/small-barndo-dtd-23.jpg\" srcset=\"https:\/\/doubletakedecor.com\/uploads\/2025\/07\/small-barndo-dtd-23.jpg 700w, https:\/\/doubletakedecor.com\/uploads\/2025\/07\/small-barndo-dtd-23-200x300.jpg 200w, https:\/\/doubletakedecor.com\/uploads\/2025\/07\/small-barndo-dtd-23-683x1024.jpg 683w, https:\/\/doubletakedecor.com\/uploads\/2025\/07\/small-barndo-dtd-23-96x144.jpg 96w, https:\/\/doubletakedecor.com\/uploads\/2025\/07\/small-barndo-dtd-23-280x420.jpg 280w, https:\/\/doubletakedecor.com\/uploads\/2025\/07\/small-barndo-dtd-23-320x480.jpg 320w, https:\/\/doubletakedecor.com\/uploads\/2025\/07\/small-barndo-dtd-23-360x540.jpg 360w, https:\/\/doubletakedecor.com\/uploads\/2025\/07\/small-barndo-dtd-23-363x545.jpg 363w, https:\/\/doubletakedecor.com\/uploads\/2025\/07\/small-barndo-dtd-23-370x555.jpg 370w, https:\/\/doubletakedecor.com\/uploads\/2025\/07\/small-barndo-dtd-23-400x600.jpg 400w, https:\/\/doubletakedecor.com\/uploads\/2025\/07\/small-barndo-dtd-23-560x840.jpg 560w, https:\/\/doubletakedecor.com\/uploads\/2025\/07\/small-barndo-dtd-23-480x720.jpg 480w\" sizes=\"auto, (max-width: 700px) 100vw, 700px\" \/><\/p>\n<p>Illeszd bele a barndominiumodat a k\u00f6rnyezetbe: haszn\u00e1lj k\u0151bor\u00edt\u00e1st \u00e9s term\u00e9szetes faelemeket a k\u00fcls\u0151 falakon. Nagy ablakokkal \u00e1rassz be f\u00e9nyt, \u00e9s v\u00e1lassz dekorat\u00edv tornyokat, hogy izgalmasabb\u00e1 tedd a h\u00e1zat. \u00cdvelt kocsibej\u00e1r\u00f3val \u00e9s gondosan elhelyezett n\u00f6v\u00e9nyekkel fokozhatod az \u00f6sszhat\u00e1st \u2013 \u00edgy a h\u00e1z sz\u00e9pen belesimul a t\u00e1jba.<\/p>\n<h2>Vid\u00e9ki barndo vend\u00e9gh\u00e1zzal<\/h2>\n<p><img loading=\"lazy\" decoding=\"async\" width=\"700\" height=\"1050\" alt=\"K\u00e9t b\u00e1jos h\u00e1z z\u00f6ld domboldalon alkonyatkor, ablakokb\u00f3l meleg f\u00e9ny sz\u0171r\u0151dik, a h\u00e1tt\u00e9rben lank\u00e1s dombokkal.\" class=\"aligncenter size-full wp-image-3641\" src=\"https:\/\/doubletakedecor.com\/uploads\/2025\/07\/small-barndo-dtd-24.jpg\" srcset=\"https:\/\/doubletakedecor.com\/uploads\/2025\/07\/small-barndo-dtd-24.jpg 700w, https:\/\/doubletakedecor.com\/uploads\/2025\/07\/small-barndo-dtd-24-200x300.jpg 200w, https:\/\/doubletakedecor.com\/uploads\/2025\/07\/small-barndo-dtd-24-683x1024.jpg 683w, https:\/\/doubletakedecor.com\/uploads\/2025\/07\/small-barndo-dtd-24-96x144.jpg 96w, https:\/\/doubletakedecor.com\/uploads\/2025\/07\/small-barndo-dtd-24-280x420.jpg 280w, https:\/\/doubletakedecor.com\/uploads\/2025\/07\/small-barndo-dtd-24-320x480.jpg 320w, https:\/\/doubletakedecor.com\/uploads\/2025\/07\/small-barndo-dtd-24-360x540.jpg 360w, https:\/\/doubletakedecor.com\/uploads\/2025\/07\/small-barndo-dtd-24-363x545.jpg 363w, https:\/\/doubletakedecor.com\/uploads\/2025\/07\/small-barndo-dtd-24-370x555.jpg 370w, https:\/\/doubletakedecor.com\/uploads\/2025\/07\/small-barndo-dtd-24-400x600.jpg 400w, https:\/\/doubletakedecor.com\/uploads\/2025\/07\/small-barndo-dtd-24-560x840.jpg 560w, https:\/\/doubletakedecor.com\/uploads\/2025\/07\/small-barndo-dtd-24-480x720.jpg 480w\" sizes=\"auto, (max-width: 700px) 100vw, 700px\" \/><\/p>\n<p>Tervezd meg a barndominiumodat \u00fagy, hogy hozz\u00e1 tartozzon egy vend\u00e9gh\u00e1z vagy st\u00fadi\u00f3 is. Helyezd el az \u00e9p\u00fcleteket \u00fagy, hogy a lehet\u0151 legszebb kil\u00e1t\u00e1s ny\u00edljon, \u00e9s legyen harmonikus az \u00f6sszk\u00e9p. A piros \u00e9s feh\u00e9r sz\u00ednekkel k\u00fcl\u00f6nleges, l\u00e1tv\u00e1nyos lesz a h\u00e1z el\u0151n\u00e9zete, az esti meleg k\u00fclt\u00e9ri f\u00e9nyek pedig meghitt hangulatot adnak. K\u00f6z\u00f6s bej\u00e1r\u00f3t is kialak\u00edthatsz, hogy praktikus \u00e9s m\u00e9gis priv\u00e1t maradjon mindk\u00e9t otthon.<\/p>\n<h2>Modern rusztikus pajtah\u00e1z k\u00fcls\u0151<\/h2>\n<p><img loading=\"lazy\" decoding=\"async\" width=\"700\" height=\"1050\" alt=\"Eleg\u00e1ns, pajta st\u00edlus\u00fa otthon fa \u00e9s k\u0151 fel\u00fcletekkel, nagy ablakokkal, rendezett kerttel \u00e9s k\u00e9t\u00e1ll\u00e1sos gar\u00e1zzsal, mely visszat\u00fckr\u00f6z\u0151dik a pocsoly\u00e1ban.\" class=\"aligncenter size-full wp-image-3647\" src=\"https:\/\/doubletakedecor.com\/uploads\/2025\/07\/small-barndo-dtd-25.jpg\" srcset=\"https:\/\/doubletakedecor.com\/uploads\/2025\/07\/small-barndo-dtd-25.jpg 700w, https:\/\/doubletakedecor.com\/uploads\/2025\/07\/small-barndo-dtd-25-200x300.jpg 200w, https:\/\/doubletakedecor.com\/uploads\/2025\/07\/small-barndo-dtd-25-683x1024.jpg 683w, https:\/\/doubletakedecor.com\/uploads\/2025\/07\/small-barndo-dtd-25-96x144.jpg 96w, https:\/\/doubletakedecor.com\/uploads\/2025\/07\/small-barndo-dtd-25-280x420.jpg 280w, https:\/\/doubletakedecor.com\/uploads\/2025\/07\/small-barndo-dtd-25-320x480.jpg 320w, https:\/\/doubletakedecor.com\/uploads\/2025\/07\/small-barndo-dtd-25-360x540.jpg 360w, https:\/\/doubletakedecor.com\/uploads\/2025\/07\/small-barndo-dtd-25-363x545.jpg 363w, https:\/\/doubletakedecor.com\/uploads\/2025\/07\/small-barndo-dtd-25-370x555.jpg 370w, https:\/\/doubletakedecor.com\/uploads\/2025\/07\/small-barndo-dtd-25-400x600.jpg 400w, https:\/\/doubletakedecor.com\/uploads\/2025\/07\/small-barndo-dtd-25-560x840.jpg 560w, https:\/\/doubletakedecor.com\/uploads\/2025\/07\/small-barndo-dtd-25-480x720.jpg 480w\" sizes=\"auto, (max-width: 700px) 100vw, 700px\" \/><\/p>\n<p>Kombin\u00e1ld a rusztikus hangulatot modern st\u00edlussal: bor\u00edtsd a h\u00e1z k\u00fcls\u0151 falait f\u00e1val \u00e9s k\u0151vel. Nagy ablakokkal tedd vil\u00e1goss\u00e1 a bels\u0151 tereket, hogy \u00e9lvezhesd a kert \u00e9s t\u00e1j minden sz\u00e9ps\u00e9g\u00e9t. Rendezd el a gyepet, bokrokat \u00e9s vir\u00e1g\u00e1gy\u00e1sokat \u00e1tgondoltan, hogy sz\u00e9p, rendezett legyen az el\u0151t\u00e9r. A st\u00edlusos fa gar\u00e1zskapuk pedig egys\u00e9ges megjelen\u00e9st adnak az eg\u00e9sz h\u00e1znak.<\/p>\n<h2>Modern feh\u00e9r farmhouse kupol\u00e1val<\/h2>\n<p><img loading=\"lazy\" decoding=\"async\" width=\"700\" height=\"1050\" alt=\"Modern, feh\u00e9r farmhouse barndominium magastet\u0151vel, fa burkolattal, h\u00edvogat\u00f3 torn\u00e1ccal \u00e9s kupol\u00e1val, rendezett p\u00e1zsittal \u00e9s nagy f\u00e1kkal \u00f6vezve.\" class=\"aligncenter size-full wp-image-3653\" src=\"https:\/\/doubletakedecor.com\/uploads\/2025\/07\/small-barndo-dtd-26.jpg\" srcset=\"https:\/\/doubletakedecor.com\/uploads\/2025\/07\/small-barndo-dtd-26.jpg 700w, https:\/\/doubletakedecor.com\/uploads\/2025\/07\/small-barndo-dtd-26-200x300.jpg 200w, https:\/\/doubletakedecor.com\/uploads\/2025\/07\/small-barndo-dtd-26-683x1024.jpg 683w, https:\/\/doubletakedecor.com\/uploads\/2025\/07\/small-barndo-dtd-26-96x144.jpg 96w, https:\/\/doubletakedecor.com\/uploads\/2025\/07\/small-barndo-dtd-26-280x420.jpg 280w, https:\/\/doubletakedecor.com\/uploads\/2025\/07\/small-barndo-dtd-26-320x480.jpg 320w, https:\/\/doubletakedecor.com\/uploads\/2025\/07\/small-barndo-dtd-26-360x540.jpg 360w, https:\/\/doubletakedecor.com\/uploads\/2025\/07\/small-barndo-dtd-26-363x545.jpg 363w, https:\/\/doubletakedecor.com\/uploads\/2025\/07\/small-barndo-dtd-26-370x555.jpg 370w, https:\/\/doubletakedecor.com\/uploads\/2025\/07\/small-barndo-dtd-26-400x600.jpg 400w, https:\/\/doubletakedecor.com\/uploads\/2025\/07\/small-barndo-dtd-26-560x840.jpg 560w, https:\/\/doubletakedecor.com\/uploads\/2025\/07\/small-barndo-dtd-26-480x720.jpg 480w\" sizes=\"auto, (max-width: 700px) 100vw, 700px\" \/><\/p>\n<p>Tedd k\u00fcl\u00f6nlegess\u00e9 a barndominiumod k\u00fclsej\u00e9t ragyog\u00f3an feh\u00e9r falakkal \u00e9s klasszikus magastet\u0151vel. Egy d\u00edszes kupol\u00e1val \u00e9s kontrasztos ablakkeretekkel m\u00e9g \u00e9rdekesebb lesz az \u00e9p\u00fclet. Alak\u00edts ki egy h\u00edvogat\u00f3 torn\u00e1cot, \u00edgy k\u00f6nnyed\u00e9n \u00e1tj\u00e1rhatsz a kert \u00e9s a h\u00e1z k\u00f6z\u00f6tt \u2013 mindezt an\u00e9lk\u00fcl, hogy elveszten\u00e9d a klasszikus farmhouse hangulatot.<\/p>\n<h2>GYIK<\/h2>\n<details class=\"g-accordion \"><summary><h3>Mi az a kis barndominium?<\/h3><\/summary>\n<p>A kis <strong>barndominium<\/strong> \u2013 r\u00f6viden &#8222;<strong>barndo<\/strong>&#8221; \u2013 remek\u00fcl \u00f6tv\u00f6zi a vid\u00e9ki cs\u0171r hangulat\u00e1t a modern otthon k\u00e9nyelm\u00e9vel. Ezek a kedves h\u00e1zak \u00e1ltal\u00e1ban <strong>100 n\u00e9gyzetm\u00e9ter<\/strong> alatt vannak, \u00e9s lehetnek f\u0151 lak\u00f3h\u00e1zak vagy m\u00e1sodik, kisebb lak\u00e1sok (<strong>ADU-k<\/strong>). A f\u00e9m \u00e9s fa szerkezet elegy\u00edt\u00e9s\u00e9vel er\u0151s, m\u00e9gis mutat\u00f3s otthont kapsz.<\/p>\n<p>A kis barndominiumokat f\u0151k\u00e9nt a t\u00e1gas, egybef\u00fcgg\u0151 bels\u0151 tereik miatt dics\u00e9rik, ahol minden helyet kihaszn\u00e1lnak, hogy a h\u00e1z igaz\u00e1n praktikus legyen. Ha <strong>barndo k\u00e9szletb\u0151l<\/strong> \u00e9p\u00edtesz, sok mindent ig\u00e9nyed szerint alak\u00edthatsz. Ezek a h\u00e1zak jellemz\u0151en ac\u00e9lb\u00f3l k\u00e9sz\u00fclt I-gerend\u00e1kat \u00e9s egyszer\u0171, csavarozhat\u00f3 fel\u00e9p\u00edt\u00e9st haszn\u00e1lnak, \u00edgy k\u00f6nnyen \u00f6ssze\u00e1ll\u00edthat\u00f3k, valamint p\u00e9nzt\u00e1rcabar\u00e1tok \u2013 ide\u00e1lis v\u00e1laszt\u00e1s, ha megfizethet\u0151, kompakt otthont keresel.<\/p>\n<\/details><details class=\"g-accordion \"><summary><h3>Mekkora egy kis barndominium m\u00e9rete?<\/h3><\/summary>\n<p>A kis barndominiumok \u00e1ltal\u00e1ban <strong>100 n\u00e9gyzetm\u00e9ter<\/strong> alattiak, azaz minden fontos helyis\u00e9g elf\u00e9r benn\u00fck. Gyakoriak p\u00e9ld\u00e1ul a <strong>6&#215;9<\/strong> vagy <strong>7,5&#215;12 m\u00e9ter<\/strong> (azaz nagyj\u00e1b\u00f3l <strong>20&#215;30<\/strong> vagy <strong>25&#215;40 l\u00e1b<\/strong>) alaprajzok, amik rugalmasan alak\u00edthat\u00f3k. Kis m\u00e9ret\u00fck t\u00f6k\u00e9letes, ha kisebb h\u00e1zat szeretn\u00e9l vagy gazdas\u00e1gosan \u00e9p\u00edten\u00e9l, de nem akarsz lemondani a k\u00e9nyelemr\u0151l. A legt\u00f6bb kis barnd\u00f3 nyitott elrendez\u00e9s\u0171, \u00edgy a t\u00e9r m\u00e9g t\u00e1gasabbnak t\u0171nik, \u00e9s k\u00f6nnyen berendezhet\u0151.<\/p>\n<\/details><details class=\"g-accordion \"><summary><h3>Milyen jellemz\u0151i vannak egy kis barndominium otthonnak?<\/h3><\/summary>\n<p>A kis barndominiumok igazi <strong>modern otthonok<\/strong>, ahol minden praktikus \u00e9s j\u00f3l kihaszn\u00e1lt. A <strong>nyitott bels\u0151 terek<\/strong> miatt a lak\u00e1s l\u00e9gies \u00e9s t\u00e1gas, m\u00e9g akkor is, ha maga a h\u00e1z nem nagy. \u00c1ltal\u00e1ban k\u00e9t h\u00e1l\u00f3szob\u00e1val rendelkeznek, \u00edgy p\u00e1roknak vagy kisebb csal\u00e1doknak is remek v\u00e1laszt\u00e1s.<\/p>\n<ul>\n<li>tartozhat hozz\u00e1 gar\u00e1zs vagy m\u0171hely,<\/li>\n<li>biztons\u00e1gos parkol\u00e1s \u00e9s sok t\u00e1rol\u00f3helyet k\u00edn\u00e1l,<\/li>\n<li>n\u00e9h\u00e1ny elrendez\u00e9sben gal\u00e9ria (loft) is van, ahol lehet ak\u00e1r extra szoba vagy t\u00e1rol\u00f3 is \u2013 \u00edgy a magass\u00e1got is j\u00f3l kihaszn\u00e1lod,<\/li>\n<li>gyakori a k\u00f6rbefut\u00f3 terasz vagy fedett veranda,<\/li>\n<li>ez jav\u00edtja a kerttel kapcsolatos \u00e9lm\u00e9nyt \u00e9s szebb\u00e9 teszi a h\u00e1z k\u00fclsej\u00e9t.<\/li>\n<\/ul>\n<p>A szerkezethez sokszor <strong>ac\u00e9l I-gerend\u00e1kat<\/strong> \u00e9s <strong>szaruf\u00e1k n\u00e9lk\u00fcli (trussless) tet\u0151ket<\/strong> haszn\u00e1lnak, \u00edgy nagy, egybef\u00fcgg\u0151, m\u00e9gis stabil tereket lehet kialak\u00edtani \u2013 ez nemcsak tart\u00f3ss\u00e1got ad, de sz\u00e9pen is mutat. Egy m\u00e1sik el\u0151ny a <strong>szem\u00e9lyre szabhat\u00f3s\u00e1g<\/strong>; v\u00e1laszthatsz hozz\u00e1 f\u00e9mh\u00e1z k\u00e9szletet vagy ak\u00e1r saj\u00e1t \u00edzl\u00e9sedre szabhatod a bels\u0151 munk\u00e1kat is.<\/p>\n<p>Mindezek egy\u00fctt vonz\u00f3v\u00e1 teszik a kis barndominiumokat azoknak, akik szeretn\u00e9k \u00e9lvezni az egyszerre rusztikus \u00e9s modern otthon el\u0151nyeit, r\u00e1ad\u00e1sul olcs\u00f3bban.<\/p>\n<\/details><details class=\"g-accordion \"><summary><h3>Mi\u00e9rt k\u00f6nny\u0171 \u00e9s olcs\u00f3 meg\u00e9p\u00edteni egy kis barndominiumot?<\/h3><\/summary>\n<p>A kis barndominiumok t\u00f6bb okb\u00f3l is olcs\u00f3n \u00e9s gyorsan fel\u00e9p\u00edthet\u0151k:<\/p>\n<ul>\n<li>a kisebb m\u00e9ret\u00fckh\u00f6z kevesebb anyag \u00e9s munka kell, ez j\u00f3val cs\u00f6kkenti az \u00e9p\u00edt\u00e9si k\u00f6lts\u00e9geket,<\/li>\n<li>az egyszer\u0171 kialak\u00edt\u00e1s tov\u00e1bb m\u00e9rs\u00e9keli a r\u00e1ford\u00edt\u00e1st,<\/li>\n<li>a f\u00e9mv\u00e1zas h\u00e1z-k\u00e9szletek, illetve a csavarozhat\u00f3 szerkezetek miatt a fel\u00e9p\u00edt\u00e9s gyorsabb \u00e9s olcs\u00f3bb is lehet.<\/li>\n<\/ul>\n<p>Az <strong>ac\u00e9l I-gerend\u00e1k<\/strong> haszn\u00e1lata er\u0151sebb\u00e9 teszi a h\u00e1zat, r\u00e1ad\u00e1sul kevesebb kieg\u00e9sz\u00edt\u0151 tart\u00f3ra van sz\u00fcks\u00e9g. A gy\u00e1rban el\u0151re legy\u00e1rtott elemeket csak a helysz\u00ednen kell \u00f6sszeszerelni, \u00edgy kevesebb a hullad\u00e9k, \u00e9s egyszer\u0171bb is a munka.<\/p>\n<p>Emellett a kis barndominiumok gyakran nyitott bels\u0151 ter\u0171ek, \u00edgy a hely j\u00f3l kihaszn\u00e1lhat\u00f3 dr\u00e1ga vagy bonyolult megold\u00e1sok n\u00e9lk\u00fcl is. A <strong>k\u00e9szletcsomagok<\/strong> lehet\u0151v\u00e9 teszik az olcs\u00f3bb szem\u00e9lyre szab\u00e1st, \u00edgy \u00fagy alak\u00edthatod ki a lak\u00e1st, ahogy neked tetszik.<\/p>\n<p>\u00d6sszess\u00e9g\u00e9ben a kis barndominiumokat az\u00e9rt szeretik, mert okos tervez\u00e9ssel sp\u00f3rolnak az anyagon \u00e9s a munk\u00e1n, gyorsan \u00e9p\u00edthet\u0151k, \u00e9s rugalmas lakhat\u00e1st adnak.<\/p>\n<\/details><details class=\"g-accordion \"><summary><h3>Milyen el\u0151nyei vannak a kis barndominium helytakar\u00e9kos kialak\u00edt\u00e1s\u00e1nak?<\/h3><\/summary>\n<p>A barndominium kis m\u00e9ret\u00e9vel t\u00f6bbf\u00e9le el\u0151ny j\u00e1r.<\/p>\n<ul>\n<li>az \u00e9p\u00edt\u00e9s \u00e9s a fenntart\u00e1s jelent\u0151sen olcs\u00f3bb lesz,<\/li>\n<li>m\u00e1r az \u00e9p\u00edtkez\u00e9skor, de hossz\u00fa t\u00e1von is sp\u00f3rolhatsz,<\/li>\n<li>alacsonyabb a rezsi, \u00edgy a mindennapos fenntart\u00e1s is kev\u00e9sb\u00e9 terheli meg a p\u00e9nzt\u00e1rc\u00e1dat.<\/li>\n<\/ul>\n<p>R\u00e1ad\u00e1sul a kisebb barndominiumok k\u00f6rnyezetbar\u00e1tabbak is. Kevesebb energi\u00e1t \u00e9s anyagot haszn\u00e1lnak, ami fenntarthat\u00f3bb \u00e9letm\u00f3dot eredm\u00e9nyez \u2013 ezt k\u00fcl\u00f6n\u00f6sen \u00e9rt\u00e9kelik azok, akik fontosnak tartj\u00e1k a k\u00f6rnyezet v\u00e9delm\u00e9t.<\/p>\n<p>Egy ilyen otthonban lakva k\u00f6nnyebb a minimalista, egyszer\u0171 \u00e9letvitel: mivel kev\u00e9s hely van a felesleges dolgoknak, a lak\u00e1s \u00e1ltal\u00e1ban rendezett \u00e9s \u00e1tl\u00e1that\u00f3. Ez kiv\u00e1l\u00f3 lehet\u0151s\u00e9g mindazoknak, akik kisebbre k\u00f6lt\u00f6zn\u00e9nek vagy hat\u00e9konyabban szeretn\u00e9nek \u00e9lni, mik\u00f6zben a k\u00e9nyelemr\u0151l sem mondanak le.<\/p>\n<p><strong>V\u00e9gs\u0151 soron a kis barndominium var\u00e1zsa abban rejlik, hogy olcs\u00f3, k\u00f6rnyezettudatos, \u00e9s egyszer\u0171bb, letisztultabb \u00e9letet tesz lehet\u0151v\u00e9 \u00fagy, hogy minden n\u00e9gyzetm\u00e9tert j\u00f3l ki lehet haszn\u00e1lni.<\/strong><\/p>\n<\/details> <details class=\"g-accordion \"><summary><h3>Hogyan haszn\u00e1lja ki egy kis barndominium a lakhat\u00f3 teret?<\/h3><\/summary>  <\/p>\n<p>Egy kis barndominium okosan haszn\u00e1lja ki a helyet, k\u00f6sz\u00f6nhet\u0151en j\u00f3l \u00e1tgondolt tervez\u00e9s\u00e9nek. Az egybenyitott terek kiemelked\u0151en fontosak: nincsenek felesleges falak, \u00edgy a helyis\u00e9gek k\u00f6nnyen \u00e1tj\u00e1rhat\u00f3k egym\u00e1sba. Ez nemcsak t\u00e1gasabbnak l\u00e1ttatja a lak\u00e1st, de egy helyis\u00e9get t\u00f6bb c\u00e9lra is haszn\u00e1lhatsz. P\u00e9ld\u00e1ul egy szoba lehet egyszerre eb\u00e9dl\u0151 \u00e9s dolgoz\u00f3szoba is.<\/p>\n<p><strong>A gal\u00e9ri\u00e1k extra, f\u00fcgg\u0151leges teret adnak, \u00edgy lehet oda pakolni vagy ak\u00e1r aludni is, \u00e9s nem kell n\u00f6velni az alapter\u00fcletet.<\/strong> A be\u00e9p\u00edtett t\u00e1rol\u00f3k szint\u00e9n n\u00e9lk\u00fcl\u00f6zhetetlenek: minden n\u00e9gyzetm\u00e9tert ki tudsz haszn\u00e1lni, a lak\u00e1s \u00edgy akkor is \u00e1tl\u00e1that\u00f3 marad, ha nem t\u00fal nagy.<\/p>\n<p>Ezek az \u00e1tgondolt megold\u00e1sok egy\u00fctt t\u00e1gasabbnak mutatj\u00e1k az otthont. J\u00f3l elosztott bels\u0151 t\u00e9rrel a kis barndominium is k\u00e9nyelmes \u00e9s sokf\u00e9le \u00e9letvitelhez igazodik \u2013 nagyobbnak t\u0171nik, mint amekkora val\u00f3j\u00e1ban.<\/p>\n<\/details>\n<details class=\"g-accordion \"><summary><h3>Milyen rugalmas lakhat\u00e1si lehet\u0151s\u00e9geket ny\u00fajt egy kis barndominium?<\/h3><\/summary>  <\/p>\n<p>A kis barndominium igaz\u00e1n sokoldal\u00fa, mert a tervez\u00e9se k\u00f6nnyen alak\u00edthat\u00f3 \u00e9s szem\u00e9lyre szabhat\u00f3. Lehet bel\u0151le:<\/p>\n<ul>\n<li>\u00e1lland\u00f3 otthon,<\/li>\n<li>vend\u00e9gh\u00e1z,<\/li>\n<li>kiad\u00f3 lak\u00e1s.<\/li>\n<\/ul>\n<p>Ezek a lehet\u0151s\u00e9gek sokf\u00e9le ig\u00e9nyt kiel\u00e9g\u00edtenek. Tulajdonosk\u00e9nt d\u00f6nthetsz \u00fagy, hogy:<\/p>\n<ul>\n<li>kialak\u00edtasz egy otthoni irod\u00e1t,<\/li>\n<li>t\u00f6bb h\u00e1l\u00f3szob\u00e1t adsz hozz\u00e1,<\/li>\n<li>vagy m\u0171helyt rendezel be.<\/li>\n<\/ul>\n<p>Ez a rugalmass\u00e1g j\u00f3l j\u00f6n, ha v\u00e1ltozik az \u00e9lethelyzeted vagy \u00faj ig\u00e9nyek jelennek meg.<\/p>\n<p><strong>R\u00e1ad\u00e1sul ha eltolhat\u00f3 falakat vagy \u00e1talak\u00edthat\u00f3 b\u00fatorokat is v\u00e1lasztasz, b\u00e1rmikor k\u00f6nnyed\u00e9n \u00e1talak\u00edthatod az otthonodat, ahogy csak sz\u00fcks\u00e9ged van r\u00e1.<\/strong><\/p>\n<\/details>\n<details class=\"g-accordion \"><summary><h3>Hogyan szem\u00e9lyre szabhatod a kis barndominiumod?<\/h3><\/summary>  <\/p>\n<p>Ha szeretn\u00e9d, hogy a barndominiumod t\u00fckr\u00f6zze a st\u00edlusod, rengeteg lehet\u0151s\u00e9g k\u00f6z\u00fcl v\u00e1laszthatsz. \u00c1t\u00edrhatod a megl\u00e9v\u0151 terveket, vagy ak\u00e1r teljesen \u00faj elrendez\u00e9st tervezhetsz. M\u00e1s-m\u00e1s anyagokat felhaszn\u00e1lva az \u00e9p\u00fclet k\u00edv\u00fcl-bel\u00fcl is egyedi lehet. Meg\u00e9ri p\u00e9ld\u00e1ul \u00e1talak\u00edtani a szob\u00e1k m\u00e9ret\u00e9t, t\u00f6bb ablakot betenni, vagy k\u00fcl\u00f6nleges t\u00e1rol\u00f3helyeket kialak\u00edtani \u2013 ezek <strong>nemcsak praktikusak, de feldobj\u00e1k a k\u00fcls\u0151t is.<\/strong><\/p>\n<ul>\n<li>\u00e1talak\u00edthatod a megl\u00e9v\u0151 terveket,<\/li>\n<li>tervezhetsz teljesen \u00faj elrendez\u00e9st,<\/li>\n<li>v\u00e1laszthatsz elt\u00e9r\u0151 anyagokat,<\/li>\n<li>megv\u00e1ltoztathatod a szob\u00e1k m\u00e9ret\u00e9t,<\/li>\n<li>t\u00f6bb ablakot tehetsz be,<\/li>\n<li>egyedi t\u00e1rol\u00f3 megold\u00e1sokat haszn\u00e1lhatsz.<\/li>\n<\/ul>\n<p>Sok kivitelez\u0151 k\u00edn\u00e1l olyan h\u00e1zterveket is, melyeket k\u00f6nny\u0171 testre szabni. Gyakran <strong>f\u00e9mh\u00e1z k\u00e9szletek<\/strong> tartoznak hozz\u00e1: p\u00e9ld\u00e1ul fedett el\u0151terek, s\u00e1tortet\u0151k \u00e9s t\u00e1gas, egybenyitott bels\u0151 terek \u2013 mindez arra van kital\u00e1lva, hogy min\u00e9l t\u00f6bb helyed legyen, mik\u00f6zben a k\u00f6lts\u00e9gek se sz\u00e1llnak el. Te d\u00f6ntheted el, milyen legyen a padl\u00f3, a fal sz\u00edne vagy a l\u00e1mp\u00e1k, hogy t\u00e9nyleg k\u00e9nyelmes legyen neked.<\/p>\n<ul>\n<li>fedett el\u0151terek,<\/li>\n<li>s\u00e1tortet\u0151k,<\/li>\n<li>egybenyitott bels\u0151 terek,<\/li>\n<li>padl\u00f3burkolat kiv\u00e1laszt\u00e1sa,<\/li>\n<li>falak sz\u00edne \u00e9s l\u00e1mpatestek.<\/li>\n<\/ul>\n<p>Ha m\u00e9g egyedibb otthont szeretn\u00e9l, ki\u00e9p\u00edthetsz p\u00e9ld\u00e1ul egy fedett teraszt vagy gal\u00e9ri\u00e1t is. \u00cdgy az otthonod val\u00f3ban olyan lesz, amilyet elk\u00e9pzelt\u00e9l. Minden kis barndominium <strong>igazi t\u00fckre lehet a tulajdonos\u00e1nak<\/strong>, mik\u00f6zben j\u00f3l haszn\u00e1lhat\u00f3 marad kis m\u00e9rete ellen\u00e9re is.<\/p>\n<\/details>\n<details class=\"g-accordion \"><summary><h3>Milyen tervez\u00e9si \u00f6tletek passzolnak egy kis barndominiumhoz?<\/h3><\/summary>  <\/p>\n<p>Ha kis barndominiumot tervezel, \u00e9rdemes \u00f6tv\u00f6zni a vid\u00e9ki hangulatot a modern k\u00e9nyelemmel. <strong>L\u00e1tsz\u00f3d\u00f3 gerend\u00e1k<\/strong> \u00e9s <strong>f\u00e1b\u00f3l k\u00e9sz\u00fclt burkolatok<\/strong> hozz\u00e1k a rusztikus st\u00edlust, m\u00edg <strong>letisztult konyhaszigetek<\/strong> \u00e9s <strong>egybenyitott lak\u00f3terek<\/strong> teszik modernn\u00e9 az otthont. <strong>Nagy ablakok<\/strong> \u00e9s <strong>tet\u0151ablakok<\/strong> \u00e1rasztj\u00e1k el a bels\u0151 teret f\u00e9nnyel, \u00edgy m\u00e9g a kis lak\u00e1s is vil\u00e1gos \u00e9s t\u00e1gas \u00e9rzetet ad.<\/p>\n<p>Kintre \u00e9rdemes <strong>fedett teraszt<\/strong> vagy <strong>fapadl\u00f3s teraszt<\/strong> \u00e9p\u00edteni, ahol j\u00f3l lehet pihenni vagy besz\u00e9lgetni. Az <strong>el\u0151t\u00e9r<\/strong> vagy a <strong>s\u00e1tortet\u0151<\/strong> feldobja az otthon k\u00fclsej\u00e9t, \u00e9s izgalmasabb\u00e1 teszi az \u00f6sszhat\u00e1st.<\/p>\n<p>Bent <strong>t\u00f6bbfunkci\u00f3s b\u00fatorokkal<\/strong> is sp\u00f3rolhatsz a hellyel. Egy <strong>\u00e1ggy\u00e1 nyithat\u00f3 kanap\u00e9<\/strong> p\u00e9ld\u00e1ul \u00fcl\u0151hely \u00e9s \u00e1gy is egyben. A <strong>be\u00e9p\u00edtett t\u00e1rol\u00f3k<\/strong> pedig seg\u00edtenek rendben tartani a lak\u00e1st an\u00e9lk\u00fcl, hogy felesleges dolgokat halmozn\u00e1l fel.<\/p>\n<p>A testreszabhat\u00f3 terveknek h\u00e1la, egyedi l\u00e1mp\u00e1kat vagy fel\u00fcleteket is v\u00e1laszthatsz, hogy igaz\u00e1n hozz\u00e1d ill\u0151 legyen a t\u00e9r. Ha szeretn\u00e9d, v\u00e1lassz <strong>energiatakar\u00e9kos h\u00e1ztart\u00e1si g\u00e9peket<\/strong>, de melegebb sz\u00ednekkel is bar\u00e1ts\u00e1gosabb\u00e1 teheted az otthonod. Minden r\u00e9szlet sz\u00e1m\u00edt: a praktikum \u00e9s a st\u00edlus egyszerre legyen meg.<\/p>\n<p><strong>A c\u00e9l az, hogy a rusztikus hangulat \u00e9s a modern k\u00e9nyelem j\u00f3l kieg\u00e9sz\u00edtse egym\u00e1st egy kis, m\u00e9gis k\u00fcl\u00f6nleges barndominiumban.<\/strong><\/p>\n<\/details>\n<details class=\"g-accordion \"><summary><h3>Hogyan teszi egy kis barndominium vonz\u00f3bb\u00e1 az otthonod k\u00edv\u00fclr\u0151l?<\/h3><\/summary>  <\/p>\n<p>A kis barndominiumok jellegzetes k\u00fcls\u0151vel t\u0171nnek ki: egyszerre hoznak vid\u00e9ki b\u00e1jt \u00e9s mai st\u00edlust. K\u00fcls\u0151 kialak\u00edt\u00e1suk h\u00edvogat\u00f3, f\u0151leg ha van <strong>k\u00f6rbefut\u00f3 terasz<\/strong> vagy <strong>nagy ablakok<\/strong>. A <strong>f\u00e9m vagy ac\u00e9l tet\u0151<\/strong> pedig er\u0151teljess\u00e9 \u00e9s modernn\u00e9 teszi a h\u00e1z megjelen\u00e9s\u00e9t, \u00edgy b\u00e1rmelyik k\u00f6rny\u00e9ken kit\u0171nik a t\u00f6megb\u0151l.<\/p>\n<p>Ehhez sz\u00e9pen illik egy okosan megtervezett kert is, ami m\u00e9g tov\u00e1bb n\u00f6veli az otthon sz\u00e9ps\u00e9g\u00e9t. Amikor a l\u00e1tv\u00e1ny \u00e9s a praktikum k\u00e9z a k\u00e9zben j\u00e1r, egy kis barndominium <strong>\u00f6r\u00f6mteli \u00e9s k\u00f6nnyen \u00e9lhet\u0151 otthont<\/strong> k\u00edn\u00e1l, ami garant\u00e1ltan mag\u00e1ra vonja a figyelmet j\u00f3 \u00e9rtelemben.<\/p>\n<\/details>\n","protected":false},"excerpt":{"rendered":"<p>A kis barndominiumok, vagyis becenev\u00fck\u00f6n \u201ebarndo\u201d-k, t\u00f6k\u00e9letesen \u00f6tv\u00f6zik a vid\u00e9ki pajta hangulat\u00e1t a modern lak\u00f3komforttal. Ezek a b\u00e1jos, \u00e1ltal\u00e1ban 100 n\u00e9gyzetm\u00e9tern\u00e9l kisebb otthonok nagyszer\u0171 megold\u00e1st k\u00edn\u00e1lnak azoknak, akik olcs\u00f3, m\u00e9gis st\u00edlusos lak\u00e1sra v\u00e1gynak \u2013 ak\u00e1r kisebbre k\u00f6lt\u00f6zn\u00e9nek, ak\u00e1r plusz lak\u00f3teret alak\u00edtan\u00e1nak ki. Ami igaz\u00e1n k\u00fcl\u00f6nlegess\u00e9 teszi ezeket az \u00e9p\u00fcleteket, az a sokoldal\u00fas\u00e1guk \u00e9s a helytakar\u00e9koss\u00e1guk. A nyitott elrendez\u00e9s, a t\u00f6bbfunkci\u00f3s&hellip;<\/p>\n","protected":false},"author":12,"featured_media":3662,"comment_status":"closed","ping_status":"closed","sticky":false,"template":"","format":"standard","meta":{"rank_math_focus_keyword":"kis tanyah\u00e1z","rank_math_title":"Kis tanyah\u00e1zak: Kompakt \u00e9s st\u00edlusos lak\u00e1smegold\u00e1sok","rank_math_description":"Fedezd fel a kis barndominiumokat, amelyek st\u00edlust \u00e9s hat\u00e9konys\u00e1got egyes\u00edtenek a modern \u00e9letm\u00f3d sz\u00e1m\u00e1ra. Tekintsd meg a sokoldal\u00fa terveket m\u00e9g ma.","footnotes":""},"categories":[140,143,133],"tags":[],"class_list":["post-3691","post","type-post","status-publish","format-standard","has-post-thumbnail","hentry","category-modern-design-2","category-rusztikus-otthondekoracio","category-videkies"],"g_custom_schema_json":"<script type=\"application\/ld+json\">\n{\n  \"@context\": \"https:\/\/schema.org\",\n  \"@type\": \"FAQPage\",\n  \"mainEntity\": [\n    {\n      \"@type\": \"Question\",\n      \"name\": \"Mi az a kis barndominium?\",\n      \"acceptedAnswer\": {\n        \"@type\": \"Answer\",\n        \"text\": \"A kis barndominium \u2013 r\u00f6viden \"barndo\" \u2013 remek\u00fcl \u00f6tv\u00f6zi a vid\u00e9ki cs\u0171r hangulat\u00e1t a modern otthon k\u00e9nyelm\u00e9vel. Ezek a kedves h\u00e1zak \u00e1ltal\u00e1ban 100 n\u00e9gyzetm\u00e9ter alatt vannak, \u00e9s lehetnek f\u0151 lak\u00f3h\u00e1zak vagy m\u00e1sodik, kisebb lak\u00e1sok (ADU-k). A f\u00e9m \u00e9s fa szerkezet elegy\u00edt\u00e9s\u00e9vel er\u0151s, m\u00e9gis mutat\u00f3s otthont kapsz.\"\n      }\n    },\n    {\n      \"@type\": \"Question\",\n      \"name\": \"Mekkora egy kis barndominium m\u00e9rete?\",\n      \"acceptedAnswer\": {\n        \"@type\": \"Answer\",\n        \"text\": \"A kis barndominiumok \u00e1ltal\u00e1ban 100 n\u00e9gyzetm\u00e9ter alattiak, azaz minden fontos helyis\u00e9g elf\u00e9r benn\u00fck. Gyakoriak p\u00e9ld\u00e1ul a 6x9 vagy 7,5x12 m\u00e9ter (azaz nagyj\u00e1b\u00f3l 20x30 vagy 25x40 l\u00e1b) alaprajzok, amik rugalmasan alak\u00edthat\u00f3k. Kis m\u00e9ret\u00fck t\u00f6k\u00e9letes, ha kisebb h\u00e1zat szeretn\u00e9l vagy gazdas\u00e1gosan \u00e9p\u00edten\u00e9l, de nem akarsz lemondani a k\u00e9nyelemr\u0151l.\"\n      }\n    },\n    {\n      \"@type\": \"Question\",\n      \"name\": \"Milyen jellemz\u0151i vannak egy kis barndominium otthonnak?\",\n      \"acceptedAnswer\": {\n        \"@type\": \"Answer\",\n        \"text\": \"A kis barndominiumok igazi modern otthonok, ahol minden praktikus \u00e9s j\u00f3l kihaszn\u00e1lt. A nyitott bels\u0151 terek miatt a lak\u00e1s l\u00e9gies \u00e9s t\u00e1gas, m\u00e9g akkor is, ha maga a h\u00e1z nem nagy. \u00c1ltal\u00e1ban k\u00e9t h\u00e1l\u00f3szob\u00e1val rendelkeznek, \u00edgy p\u00e1roknak vagy kisebb csal\u00e1doknak is remek v\u00e1laszt\u00e1s.\"\n      }\n    },\n    {\n      \"@type\": \"Question\",\n      \"name\": \"Mi\u00e9rt k\u00f6nny\u0171 \u00e9s olcs\u00f3 meg\u00e9p\u00edteni egy kis barndominiumot?\",\n      \"acceptedAnswer\": {\n        \"@type\": \"Answer\",\n        \"text\": \"A kis barndominiumok t\u00f6bb okb\u00f3l is olcs\u00f3n \u00e9s gyorsan fel\u00e9p\u00edthet\u0151k: a kisebb m\u00e9ret\u00fckh\u00f6z kevesebb anyag \u00e9s munka kell, ez j\u00f3val cs\u00f6kkenti az \u00e9p\u00edt\u00e9si k\u00f6lts\u00e9geket. Az egyszer\u0171 kialak\u00edt\u00e1s tov\u00e1bb m\u00e9rs\u00e9keli a r\u00e1ford\u00edt\u00e1st, a f\u00e9mv\u00e1zas h\u00e1z-k\u00e9szletek, illetve a csavarozhat\u00f3 szerkezetek miatt a fel\u00e9p\u00edt\u00e9s gyorsabb \u00e9s olcs\u00f3bb is lehet.\"\n      }\n    },\n    {\n      \"@type\": \"Question\",\n      \"name\": \"Milyen el\u0151nyei vannak a kis barndominium helytakar\u00e9kos kialak\u00edt\u00e1s\u00e1nak?\",\n      \"acceptedAnswer\": {\n        \"@type\": \"Answer\",\n        \"text\": \"A barndominium kis m\u00e9ret\u00e9vel t\u00f6bbf\u00e9le el\u0151ny j\u00e1r. Az \u00e9p\u00edt\u00e9s \u00e9s a fenntart\u00e1s jelent\u0151sen olcs\u00f3bb lesz, m\u00e1r az \u00e9p\u00edtkez\u00e9skor, de hossz\u00fa t\u00e1von is sp\u00f3rolhatsz, alacsonyabb a rezsi, \u00edgy a mindennapos fenntart\u00e1s is kev\u00e9sb\u00e9 terheli meg a p\u00e9nzt\u00e1rc\u00e1dat.\"\n      }\n    },\n    {\n      \"@type\": \"Question\",\n      \"name\": \"Hogyan haszn\u00e1lja ki egy kis barndominium a lakhat\u00f3 teret?\",\n      \"acceptedAnswer\": {\n        \"@type\": \"Answer\",\n        \"text\": \"Egy kis barndominium okosan haszn\u00e1lja ki a helyet, k\u00f6sz\u00f6nhet\u0151en j\u00f3l \u00e1tgondolt tervez\u00e9s\u00e9nek. Az egybenyitott terek kiemelked\u0151en fontosak: nincsenek felesleges falak, \u00edgy a helyis\u00e9gek k\u00f6nnyen \u00e1tj\u00e1rhat\u00f3k egym\u00e1sba. Ez nemcsak t\u00e1gasabbnak l\u00e1ttatja a lak\u00e1st, de egy helyis\u00e9get t\u00f6bb c\u00e9lra is haszn\u00e1lhatsz.\"\n      }\n    },\n    {\n      \"@type\": \"Question\",\n      \"name\": \"Milyen rugalmas lakhat\u00e1si lehet\u0151s\u00e9geket ny\u00fajt egy kis barndominium?\",\n      \"acceptedAnswer\": {\n        \"@type\": \"Answer\",\n        \"text\": \"A kis barndominium igaz\u00e1n sokoldal\u00fa, mert a tervez\u00e9se k\u00f6nnyen alak\u00edthat\u00f3 \u00e9s szem\u00e9lyre szabhat\u00f3. Lehet bel\u0151le: \u00e1lland\u00f3 otthon, vend\u00e9gh\u00e1z, kiad\u00f3 lak\u00e1s. Ezek a lehet\u0151s\u00e9gek sokf\u00e9le ig\u00e9nyt kiel\u00e9g\u00edtenek.\"\n      }\n    },\n    {\n      \"@type\": \"Question\",\n      \"name\": \"Hogyan szem\u00e9lyre szabhatod a kis barndominiumod?\",\n      \"acceptedAnswer\": {\n        \"@type\": \"Answer\",\n        \"text\": \"Ha szeretn\u00e9d, hogy a barndominiumod t\u00fckr\u00f6zze a st\u00edlusod, rengeteg lehet\u0151s\u00e9g k\u00f6z\u00fcl v\u00e1laszthatsz. \u00c1t\u00edrhatod a megl\u00e9v\u0151 terveket, vagy ak\u00e1r teljesen \u00faj elrendez\u00e9st tervezhetsz. M\u00e1s-m\u00e1s anyagokat felhaszn\u00e1lva az \u00e9p\u00fclet k\u00edv\u00fcl-bel\u00fcl is egyedi lehet.\"\n      }\n    },\n    {\n      \"@type\": \"Question\",\n      \"name\": \"Milyen tervez\u00e9si \u00f6tletek passzolnak egy kis barndominiumhoz?\",\n      \"acceptedAnswer\": {\n        \"@type\": \"Answer\",\n        \"text\": \"Ha kis barndominiumot tervezel, \u00e9rdemes \u00f6tv\u00f6zni a vid\u00e9ki hangulatot a modern k\u00e9nyelemmel. L\u00e1tsz\u00f3d\u00f3 gerend\u00e1k \u00e9s f\u00e1b\u00f3l k\u00e9sz\u00fclt burkolatok hozz\u00e1k a rusztikus st\u00edlust, m\u00edg letisztult konyhaszigetek \u00e9s egybenyitott lak\u00f3terek teszik modernn\u00e9 az otthont.\"\n      }\n    },\n    {\n      \"@type\": \"Question\",\n      \"name\": \"Hogyan teszi egy kis barndominium vonz\u00f3bb\u00e1 az otthonod k\u00edv\u00fclr\u0151l?\",\n      \"acceptedAnswer\": {\n        \"@type\": \"Answer\",\n        \"text\": \"A kis barndominiumok jellegzetes k\u00fcls\u0151vel t\u0171nnek ki: egyszerre hoznak vid\u00e9ki b\u00e1jt \u00e9s mai st\u00edlust. K\u00fcls\u0151 kialak\u00edt\u00e1suk h\u00edvogat\u00f3, f\u0151leg ha van k\u00f6rbefut\u00f3 terasz vagy nagy ablakok. A f\u00e9m vagy ac\u00e9l tet\u0151 pedig er\u0151teljess\u00e9 \u00e9s modernn\u00e9 teszi a h\u00e1z megjelen\u00e9s\u00e9t.\"\n      }\n    }\n  ]\n}\n<\/script>\n\n<script type=\"application\/ld+json\">\n{\n  \"@context\": \"https:\/\/schema.org\",\n  \"@type\": \"HowTo\",\n  \"name\": \"Hogyan tervezd meg \u00e9s szem\u00e9lyre szabhatod a kis barndominiumodat?\",\n  \"description\": \"\u00datmutat\u00f3 kis barndominium kialak\u00edt\u00e1s\u00e1hoz, a helytakar\u00e9kos megold\u00e1sokt\u00f3l a szem\u00e9lyre szab\u00e1sig.\",\n  \"image\": [\n    \"https:\/\/doubletakedecor.com\/uploads\/2025\/07\/small-barndo-dtd-01.jpg\",\n    \"https:\/\/doubletakedecor.com\/uploads\/2025\/07\/small-barndo-dtd-02.jpg\",\n    \"https:\/\/doubletakedecor.com\/uploads\/2025\/07\/small-barndo-dtd-03.jpg\"\n  ],\n  \"totalTime\": \"P2M\",\n  \"estimatedCost\": {\n    \"@type\": \"MonetaryAmount\",\n    \"currency\": \"HUF\",\n    \"value\": \"5000000\"\n  },\n  \"supply\": [\n    {\n      \"@type\": \"HowToSupply\",\n      \"name\": \"Barndominium k\u00e9szlet vagy egy\u00e9ni terv\"\n    },\n    {\n      \"@type\": \"HowToSupply\",\n      \"name\": \"\u00c9p\u00edt\u0151anyagok (fa, ac\u00e9l, szigetel\u00e9s, tet\u0151fed\u00e9s)\"\n    },\n    {\n      \"@type\": \"HowToSupply\",\n      \"name\": \"Bels\u0151\u00e9p\u00edt\u00e9szeti elemek\"\n    }\n  ],\n  \"tool\": [\n    {\n      \"@type\": \"HowToTool\",\n      \"name\": \"Alapszersz\u00e1mok (f\u00far\u00f3, csavarh\u00faz\u00f3, f\u0171r\u00e9sz)\"\n    },\n    {\n      \"@type\": \"HowToTool\",\n      \"name\": \"L\u00e9tra\"\n    }\n  ],\n  \"step\": [\n    {\n      \"@type\": \"HowToStep\",\n      \"name\": \"Tervezd meg az alaprajzot\",\n      \"text\": \"Hat\u00e1rozd meg a barndominium m\u00e9ret\u00e9t (\u00e1ltal\u00e1ban 100 n\u00e9gyzetm\u00e9ter alatt). V\u00e1lassz nyitott elrendez\u00e9st, hogy t\u00e1gasabbnak t\u0171nj\u00f6n a t\u00e9r, \u00e9s tervezz be t\u00f6bbfunkci\u00f3s helyis\u00e9geket.\"\n    },\n    {\n      \"@type\": \"HowToStep\",\n      \"name\": \"V\u00e1laszd ki az alapanyagokat\",\n      \"text\": \"D\u00f6nts ac\u00e9l vagy fa szerkezet mellett. A f\u00e9mv\u00e1zas h\u00e1z-k\u00e9szletek gyorsabb \u00e9s olcs\u00f3bb \u00e9p\u00edt\u00e9st tesznek lehet\u0151v\u00e9, m\u00edg a fa szerkezet rusztikusabb hangulatot adhat.\"\n    },\n    {\n      \"@type\": \"HowToStep\",\n      \"name\": \"Helytakar\u00e9kos megold\u00e1sok tervez\u00e9se\",\n      \"text\": \"Haszn\u00e1lj be\u00e9p\u00edtett t\u00e1rol\u00f3kat, gal\u00e9ri\u00e1t vagy magas\u00edtott szinteket. T\u00f6bbfunkci\u00f3s b\u00fatorokkal sp\u00f3rolhatsz a hellyel, p\u00e9ld\u00e1ul \u00e1ggy\u00e1 nyithat\u00f3 kanap\u00e9val.\"\n    },\n    {\n      \"@type\": \"HowToStep\",\n      \"name\": \"K\u00fcls\u0151 diz\u00e1jn kialak\u00edt\u00e1sa\",\n      \"text\": \"V\u00e1lassz modern vagy rusztikus k\u00fcls\u0151t: p\u00e9ld\u00e1ul fekete vagy feh\u00e9r burkolatot, nagy ablakokat, f\u00e9m vagy fa tet\u0151t. K\u00fclt\u00e9ri teraszt, verand\u00e1t is tervezz a pihen\u00e9shez.\"\n    },\n    {\n      \"@type\": \"HowToStep\",\n      \"name\": \"Bels\u0151 t\u00e9r szem\u00e9lyre szab\u00e1sa\",\n      \"text\": \"Alak\u00edtsd saj\u00e1t ig\u00e9nyeid szerint a szob\u00e1k m\u00e9ret\u00e9t, a falak sz\u00edn\u00e9t \u00e9s a vil\u00e1g\u00edt\u00e1st. Haszn\u00e1lj term\u00e9szetes anyagokat, t\u00f6bb ablakot, vagy tervezz k\u00fcl\u00f6nleges t\u00e1rol\u00f3kat.\"\n    },\n    {\n      \"@type\": \"HowToStep\",\n      \"name\": \"Fenntarthat\u00f3s\u00e1gi szempontok\",\n      \"text\": \"V\u00e1lassz energiatakar\u00e9kos g\u00e9peket, j\u00f3 szigetel\u00e9st \u00e9s k\u00f6rnyezetbar\u00e1t anyagokat. \u00cdgy hossz\u00fa t\u00e1von alacsonyabb lesz a rezsi \u00e9s a k\u00f6rnyezeti terhel\u00e9s.\"\n    }\n  ]\n}\n<\/script>","_links":{"self":[{"href":"https:\/\/doubletakedecor.com\/hu\/wp-json\/wp\/v2\/posts\/3691","targetHints":{"allow":["GET"]}}],"collection":[{"href":"https:\/\/doubletakedecor.com\/hu\/wp-json\/wp\/v2\/posts"}],"about":[{"href":"https:\/\/doubletakedecor.com\/hu\/wp-json\/wp\/v2\/types\/post"}],"author":[{"embeddable":true,"href":"https:\/\/doubletakedecor.com\/hu\/wp-json\/wp\/v2\/users\/12"}],"replies":[{"embeddable":true,"href":"https:\/\/doubletakedecor.com\/hu\/wp-json\/wp\/v2\/comments?post=3691"}],"version-history":[{"count":1,"href":"https:\/\/doubletakedecor.com\/hu\/wp-json\/wp\/v2\/posts\/3691\/revisions"}],"predecessor-version":[{"id":3692,"href":"https:\/\/doubletakedecor.com\/hu\/wp-json\/wp\/v2\/posts\/3691\/revisions\/3692"}],"wp:featuredmedia":[{"embeddable":true,"href":"https:\/\/doubletakedecor.com\/hu\/wp-json\/wp\/v2\/media\/3662"}],"wp:attachment":[{"href":"https:\/\/doubletakedecor.com\/hu\/wp-json\/wp\/v2\/media?parent=3691"}],"wp:term":[{"taxonomy":"category","embeddable":true,"href":"https:\/\/doubletakedecor.com\/hu\/wp-json\/wp\/v2\/categories?post=3691"},{"taxonomy":"post_tag","embeddable":true,"href":"https:\/\/doubletakedecor.com\/hu\/wp-json\/wp\/v2\/tags?post=3691"}],"curies":[{"name":"wp","href":"https:\/\/api.w.org\/{rel}","templated":true}]}}