{"id":4215,"date":"2025-08-05T01:16:30","date_gmt":"2025-08-04T23:16:30","guid":{"rendered":"https:\/\/doubletakedecor.com\/modern-design-2\/modularis-hazak\/"},"modified":"2025-08-05T02:29:14","modified_gmt":"2025-08-05T00:29:14","slug":"modularis-hazak","status":"publish","type":"post","link":"https:\/\/doubletakedecor.com\/hu\/modern-design-2\/modularis-hazak\/","title":{"rendered":"Fedezd fel a j\u00f6v\u0151 lak\u00e1skult\u00far\u00e1j\u00e1t modul\u00e1ris h\u00e1zakkal."},"content":{"rendered":"<p>A modul\u00e1ris otthonok forradalmi megk\u00f6zel\u00edt\u00e9st hoznak a saj\u00e1t lak\u00e1s megszerz\u00e9s\u00e9ben. Ezek a h\u00e1zak t\u00f6k\u00e9letesen \u00f6tv\u00f6zik a megfizethet\u0151s\u00e9get, az egyedis\u00e9get \u00e9s a magas min\u0151s\u00e9get. A modul\u00e1ris otthonokat j\u00f3l el\u0151k\u00e9sz\u00edtett gy\u00e1rakban \u00e9p\u00edtik \u00f6ssze, darabokb\u00f3l vagy \u201emodulokb\u00f3l\u201d. Ezut\u00e1n elsz\u00e1ll\u00edtj\u00e1k \u0151ket, majd v\u00e9gleges alapra szerelik \u00f6ssze, \u00edgy ugyanolyan stabilak lesznek, mint a hagyom\u00e1nyos h\u00e1zak.<\/p>\n<p>A mobilh\u00e1zakkal vagy gy\u00e1rilag gy\u00e1rtott h\u00e1zakkal ellent\u00e9tben a modul\u00e1ris otthonok ugyanolyan szigor\u00fa \u00e9p\u00edt\u00e9si szab\u00e1lyoknak felelnek meg, mint azok a h\u00e1zak, amiket a helysz\u00ednen \u00e9p\u00edtenek. Ez\u00e9rt a szerkezet\u00fck nagyon er\u0151s, \u00e9s a tervez\u00e9s\u00fck is sokkal rugalmasabb. Emiatt egyre t\u00f6bben v\u00e1lasztj\u00e1k \u0151ket a k\u00fcl\u00f6nb\u00f6z\u0151 ig\u00e9ny\u0171 v\u00e1s\u00e1rl\u00f3k k\u00f6z\u00fcl.<\/p>\n<p>A modul\u00e1ris h\u00e1zak el\u0151nyei azonban nem csak a j\u00f3 min\u0151s\u00e9g\u0171 kivitelez\u00e9sben rejlenek. Ezek az otthonok remek h\u0151szigetel\u00e9ssel \u00e9s korszer\u0171 energiatakar\u00e9kos rendszerekkel rendelkeznek, \u00edgy kevesebbet kell fizetned a rezsi\u00e9rt, mik\u00f6zben m\u00e9g a k\u00f6rnyezetet is v\u00e9ded. A gy\u00e1ri \u00e9p\u00edt\u00e9si folyamat j\u00f3val gyorsabb, kevesebb hullad\u00e9k keletkezik, \u00e9s minden l\u00e9p\u00e9sn\u00e9l biztos\u00edtott a min\u0151s\u00e9g.<\/p>\n<p>Ak\u00e1r szem\u00e9lyre szabott alaprajzra, modern bels\u0151 terekre, k\u00f6rnyezetbar\u00e1t anyagokra vagy id\u0151j\u00e1r\u00e1s\u00e1ll\u00f3 megold\u00e1sokra v\u00e1gysz, a modul\u00e1ris otthonok \u00e1talak\u00edtj\u00e1k az ingatlanpiacot. Ugyan\u00fagy vehetsz fel r\u00e1 hitelt, mint egy hagyom\u00e1nyos h\u00e1zra, elad\u00e1skor pedig megtartj\u00e1k az \u00e9rt\u00e9k\u00fcket is. Nem csup\u00e1n m\u00e1sf\u00e9le otthonr\u00f3l van sz\u00f3: ez egy fenntarthat\u00f3 \u00e9s szem\u00e9lyre szabhat\u00f3 \u00e9letforma, ami a mai vev\u0151k ig\u00e9nyeire k\u00e9sz\u00fclt.<\/p>\n<div class=\"kt_block\" id=\"kt_id\">\n<span class=\"kt_headline\">F\u0151 tudnival\u00f3k<\/span><\/p>\n<ul class=\"kt_post_list\">\n<li><strong>\ud83c\udfd7\ufe0f Hat\u00e9kony \u00e9p\u00edtkez\u00e9s:<\/strong> A modul\u00e1ris otthonokat gy\u00e1rban rakj\u00e1k \u00f6ssze, \u00edgy r\u00f6videbb az \u00e9p\u00edt\u00e9si id\u0151, nagyobb a min\u0151s\u00e9g-ellen\u0151rz\u00e9s, \u00e9s kevesebb anyag v\u00e9sz k\u00e1rba, mint a hagyom\u00e1nyos h\u00e1zakn\u00e1l.<\/li>\n<li><strong>\ud83d\udca1 Energiahat\u00e9konys\u00e1g \u00e9s fenntarthat\u00f3s\u00e1g:<\/strong> Ezek a h\u00e1zak kiv\u00e1l\u00f3 szigetel\u00e9ssel \u00e9s energiatakar\u00e9kos rendszerekkel k\u00e9sz\u00fclnek, amik miatt alacsonyabb a rezsi, \u00e9s kisebb a k\u00f6rnyezeti terhel\u00e9s is.<\/li>\n<li><strong>\ud83d\udd27 Szem\u00e9lyre szabhat\u00f3s\u00e1g \u00e9s min\u0151s\u00e9g:<\/strong> A modul\u00e1ris h\u00e1zak rengeteg vari\u00e1ci\u00f3t k\u00edn\u00e1lnak. Ugyanolyan szigor\u00fa \u00e9p\u00edt\u00e9si el\u0151\u00edr\u00e1soknak felelnek meg, mint a helyben \u00e9p\u00edtett h\u00e1zak, ez\u00e9rt nagyon er\u0151sek \u00e9s rugalmas a kialak\u00edt\u00e1suk is.<\/li>\n<li><strong>\ud83c\udfe0 Megfizethet\u0151, modern otthon:<\/strong> A modul\u00e1ris h\u00e1zak \u00e1rai kedvez\u0151ek, k\u00fcl\u00f6nb\u00f6z\u0151 hitelfelv\u00e9teli lehet\u0151s\u00e9gekkel is \u00e9lhetsz, \u00e9s az elad\u00e1si \u00e9rt\u00e9k\u00fck is versenyk\u00e9pes. Ezek az otthonok innovat\u00edv, megfizethet\u0151 megold\u00e1st jelentenek a mai lak\u00e1sv\u00e1s\u00e1rl\u00f3knak.<\/li>\n<\/ul>\n<\/div>\n<h2>Modern vid\u00e9ki modul\u00e1ris h\u00e1z<\/h2>\n<p><img loading=\"lazy\" decoding=\"async\" width=\"700\" height=\"1050\" alt=\"A contemporary single-story modular home with flat roof nestled in serene countryside at sunset, featuring a welcoming porch and natural landscaping.\" class=\"aligncenter size-full wp-image-3698\" src=\"https:\/\/doubletakedecor.com\/uploads\/2025\/08\/modular-homes-dtd-01.jpg\" srcset=\"https:\/\/doubletakedecor.com\/uploads\/2025\/08\/modular-homes-dtd-01.jpg 700w, https:\/\/doubletakedecor.com\/uploads\/2025\/08\/modular-homes-dtd-01-200x300.jpg 200w, https:\/\/doubletakedecor.com\/uploads\/2025\/08\/modular-homes-dtd-01-683x1024.jpg 683w, https:\/\/doubletakedecor.com\/uploads\/2025\/08\/modular-homes-dtd-01-96x144.jpg 96w, https:\/\/doubletakedecor.com\/uploads\/2025\/08\/modular-homes-dtd-01-280x420.jpg 280w, https:\/\/doubletakedecor.com\/uploads\/2025\/08\/modular-homes-dtd-01-320x480.jpg 320w, https:\/\/doubletakedecor.com\/uploads\/2025\/08\/modular-homes-dtd-01-360x540.jpg 360w, https:\/\/doubletakedecor.com\/uploads\/2025\/08\/modular-homes-dtd-01-363x545.jpg 363w, https:\/\/doubletakedecor.com\/uploads\/2025\/08\/modular-homes-dtd-01-370x555.jpg 370w, https:\/\/doubletakedecor.com\/uploads\/2025\/08\/modular-homes-dtd-01-400x600.jpg 400w, https:\/\/doubletakedecor.com\/uploads\/2025\/08\/modular-homes-dtd-01-560x840.jpg 560w, https:\/\/doubletakedecor.com\/uploads\/2025\/08\/modular-homes-dtd-01-480x720.jpg 480w\" sizes=\"auto, (max-width: 700px) 100vw, 700px\" \/><\/p>\n<p>Hozd ki a legt\u00f6bbet a modul\u00e1ris h\u00e1zadb\u00f3l azzal, hogy j\u00f3l v\u00e1lasztod meg az elhelyez\u00e9s\u00e9t, hogy be\u00e1radjon a napf\u00e9ny, \u00e9s gy\u00f6ny\u00f6rk\u00f6dhess a kil\u00e1t\u00e1sban. V\u00e1lassz semleges, term\u00e9szetes sz\u00edneket a k\u00fcls\u0151h\u00f6z, hogy a k\u00f6rnyezetbe simuljon. \u00dcltess egyszer\u0171, \u0151shonos n\u00f6v\u00e9nyeket, \u00edgy kev\u00e9s gond lesz a kerttel. Szerezz egy kis verand\u00e1t, hogy a belt\u00e9r \u00e9s a term\u00e9szet k\u00f6z\u00f6tt k\u00f6nnyed\u00e9n k\u00f6zlekedj.<\/p>\n<h2>Modern modul\u00e1ris h\u00e1z nagym\u00e9ret\u0171 terasszal<\/h2>\n<p><img loading=\"lazy\" decoding=\"async\" width=\"700\" height=\"1050\" alt=\"A minimalist modular home with light-colored facade, large glass doors, and spacious deck for outdoor dining, surrounded by lush green landscape.\" class=\"aligncenter size-full wp-image-3704\" src=\"https:\/\/doubletakedecor.com\/uploads\/2025\/08\/modular-homes-dtd-02.jpg\" srcset=\"https:\/\/doubletakedecor.com\/uploads\/2025\/08\/modular-homes-dtd-02.jpg 700w, https:\/\/doubletakedecor.com\/uploads\/2025\/08\/modular-homes-dtd-02-200x300.jpg 200w, https:\/\/doubletakedecor.com\/uploads\/2025\/08\/modular-homes-dtd-02-683x1024.jpg 683w, https:\/\/doubletakedecor.com\/uploads\/2025\/08\/modular-homes-dtd-02-96x144.jpg 96w, https:\/\/doubletakedecor.com\/uploads\/2025\/08\/modular-homes-dtd-02-280x420.jpg 280w, https:\/\/doubletakedecor.com\/uploads\/2025\/08\/modular-homes-dtd-02-320x480.jpg 320w, https:\/\/doubletakedecor.com\/uploads\/2025\/08\/modular-homes-dtd-02-360x540.jpg 360w, https:\/\/doubletakedecor.com\/uploads\/2025\/08\/modular-homes-dtd-02-363x545.jpg 363w, https:\/\/doubletakedecor.com\/uploads\/2025\/08\/modular-homes-dtd-02-370x555.jpg 370w, https:\/\/doubletakedecor.com\/uploads\/2025\/08\/modular-homes-dtd-02-400x600.jpg 400w, https:\/\/doubletakedecor.com\/uploads\/2025\/08\/modular-homes-dtd-02-560x840.jpg 560w, https:\/\/doubletakedecor.com\/uploads\/2025\/08\/modular-homes-dtd-02-480x720.jpg 480w\" sizes=\"auto, (max-width: 700px) 100vw, 700px\" \/><\/p>\n<p>N\u00f6veld otthonod term\u00e9szetk\u00f6zelis\u00e9g\u00e9t egy t\u00e1gas, el\u0151re n\u00e9z\u0151 terasszal. Nagy \u00fcvegajt\u00f3kat \u00e9p\u00edts be, hogy sok term\u00e9szetes f\u00e9ny jusson be, \u00e9s k\u00f6nny\u0171 legyen ki- \u00e9s bej\u00e1rni. Egyszer\u0171 betonj\u00e1rd\u00e1kkal tedd k\u00f6nnyen \u00e1tj\u00e1rhat\u00f3v\u00e1 a kertet, a letisztult kert pedig kiemeli a h\u00e1z modern formavil\u00e1g\u00e1t.<\/p>\n<h2>Modern f\u00f6ldszintes h\u00e1z rendezett kerttel<\/h2>\n<p><img loading=\"lazy\" decoding=\"async\" width=\"700\" height=\"1050\" alt=\"Modern single-story house with sloped roof, large windows, and beautifully landscaped yard featuring stone pathway and trimmed shrubs.\" class=\"aligncenter size-full wp-image-3710\" src=\"https:\/\/doubletakedecor.com\/uploads\/2025\/08\/modular-homes-dtd-03.jpg\" srcset=\"https:\/\/doubletakedecor.com\/uploads\/2025\/08\/modular-homes-dtd-03.jpg 700w, https:\/\/doubletakedecor.com\/uploads\/2025\/08\/modular-homes-dtd-03-200x300.jpg 200w, https:\/\/doubletakedecor.com\/uploads\/2025\/08\/modular-homes-dtd-03-683x1024.jpg 683w, https:\/\/doubletakedecor.com\/uploads\/2025\/08\/modular-homes-dtd-03-96x144.jpg 96w, https:\/\/doubletakedecor.com\/uploads\/2025\/08\/modular-homes-dtd-03-280x420.jpg 280w, https:\/\/doubletakedecor.com\/uploads\/2025\/08\/modular-homes-dtd-03-320x480.jpg 320w, https:\/\/doubletakedecor.com\/uploads\/2025\/08\/modular-homes-dtd-03-360x540.jpg 360w, https:\/\/doubletakedecor.com\/uploads\/2025\/08\/modular-homes-dtd-03-363x545.jpg 363w, https:\/\/doubletakedecor.com\/uploads\/2025\/08\/modular-homes-dtd-03-370x555.jpg 370w, https:\/\/doubletakedecor.com\/uploads\/2025\/08\/modular-homes-dtd-03-400x600.jpg 400w, https:\/\/doubletakedecor.com\/uploads\/2025\/08\/modular-homes-dtd-03-560x840.jpg 560w, https:\/\/doubletakedecor.com\/uploads\/2025\/08\/modular-homes-dtd-03-480x720.jpg 480w\" sizes=\"auto, (max-width: 700px) 100vw, 700px\" \/><\/p>\n<p>Dobj fel a h\u00e1z megjelen\u00e9s\u00e9t j\u00f3l megtervezett kerttel. \u00dcltess kev\u00e9s gondoz\u00e1st ig\u00e9nyl\u0151 bokrokat \u00e9s d\u00edszf\u00e1kat a telek sz\u00e9l\u00e9n, hogy v\u00e9delmet ny\u00fajtsanak, ugyanakkor ne zavarj\u00e1k a kil\u00e1t\u00e1st. Helyezz el k\u0151b\u0151l k\u00e9sz\u00fclt utat a bej\u00e1rathoz, hogy rendezett, h\u00edvogat\u00f3 legyen a fogadtat\u00e1s. V\u00e1lassz id\u0151j\u00e1r\u00e1s\u00e1ll\u00f3 z\u00f6ld n\u00f6v\u00e9nyeket, hogy j\u00f3l illeszkedjenek modern otthonodhoz.<\/p>\n<h2>Eleg\u00e1ns, modern h\u00e1z k\u00fclt\u00e9ri terasszal<\/h2>\n<p><img loading=\"lazy\" decoding=\"async\" width=\"700\" height=\"1050\" alt=\"Elegant modular home with wood and dark exterior, sloped roof, and large windows, featuring a spacious wooden deck for outdoor dining.\" class=\"aligncenter size-full wp-image-3716\" src=\"https:\/\/doubletakedecor.com\/uploads\/2025\/08\/modular-homes-dtd-04.jpg\" srcset=\"https:\/\/doubletakedecor.com\/uploads\/2025\/08\/modular-homes-dtd-04.jpg 700w, https:\/\/doubletakedecor.com\/uploads\/2025\/08\/modular-homes-dtd-04-200x300.jpg 200w, https:\/\/doubletakedecor.com\/uploads\/2025\/08\/modular-homes-dtd-04-683x1024.jpg 683w, https:\/\/doubletakedecor.com\/uploads\/2025\/08\/modular-homes-dtd-04-96x144.jpg 96w, https:\/\/doubletakedecor.com\/uploads\/2025\/08\/modular-homes-dtd-04-280x420.jpg 280w, https:\/\/doubletakedecor.com\/uploads\/2025\/08\/modular-homes-dtd-04-320x480.jpg 320w, https:\/\/doubletakedecor.com\/uploads\/2025\/08\/modular-homes-dtd-04-360x540.jpg 360w, https:\/\/doubletakedecor.com\/uploads\/2025\/08\/modular-homes-dtd-04-363x545.jpg 363w, https:\/\/doubletakedecor.com\/uploads\/2025\/08\/modular-homes-dtd-04-370x555.jpg 370w, https:\/\/doubletakedecor.com\/uploads\/2025\/08\/modular-homes-dtd-04-400x600.jpg 400w, https:\/\/doubletakedecor.com\/uploads\/2025\/08\/modular-homes-dtd-04-560x840.jpg 560w, https:\/\/doubletakedecor.com\/uploads\/2025\/08\/modular-homes-dtd-04-480x720.jpg 480w\" sizes=\"auto, (max-width: 700px) 100vw, 700px\" \/><\/p>\n<p>Tedd igaz\u00e1n vonz\u00f3v\u00e1 modul\u00e1ris h\u00e1zadat \u00fagy, hogy term\u00e9szetes anyagokat keversz a modern diz\u00e1jnnal. Nagy ablakokkal hozd be a napf\u00e9nyt, \u00e9s egy f\u00e1b\u00f3l k\u00e9sz\u00fclt terasszal legyen k\u00f6zvetlen kij\u00e1r\u00e1s a kertbe. A vil\u00e1gos \u00e9s s\u00f6t\u00e9t sz\u00ednek kever\u00e9se izgalmas k\u00fcls\u0151t ad, a kertben elhelyezett n\u00f6v\u00e9nyek pedig gondoskodnak a priv\u00e1t szf\u00e9r\u00e1r\u00f3l.<\/p>\n<h2>Modern otthon k\u00e9t medenc\u00e9vel<\/h2>\n<p><img loading=\"lazy\" decoding=\"async\" width=\"700\" height=\"1050\" alt=\"Sleek modular home with large windows, wooden deck, and twin pools surrounded by landscaped gardens and eucalyptus trees.\" class=\"aligncenter size-full wp-image-3722\" src=\"https:\/\/doubletakedecor.com\/uploads\/2025\/08\/modular-homes-dtd-05.jpg\" srcset=\"https:\/\/doubletakedecor.com\/uploads\/2025\/08\/modular-homes-dtd-05.jpg 700w, https:\/\/doubletakedecor.com\/uploads\/2025\/08\/modular-homes-dtd-05-200x300.jpg 200w, https:\/\/doubletakedecor.com\/uploads\/2025\/08\/modular-homes-dtd-05-683x1024.jpg 683w, https:\/\/doubletakedecor.com\/uploads\/2025\/08\/modular-homes-dtd-05-96x144.jpg 96w, https:\/\/doubletakedecor.com\/uploads\/2025\/08\/modular-homes-dtd-05-280x420.jpg 280w, https:\/\/doubletakedecor.com\/uploads\/2025\/08\/modular-homes-dtd-05-320x480.jpg 320w, https:\/\/doubletakedecor.com\/uploads\/2025\/08\/modular-homes-dtd-05-360x540.jpg 360w, https:\/\/doubletakedecor.com\/uploads\/2025\/08\/modular-homes-dtd-05-363x545.jpg 363w, https:\/\/doubletakedecor.com\/uploads\/2025\/08\/modular-homes-dtd-05-370x555.jpg 370w, https:\/\/doubletakedecor.com\/uploads\/2025\/08\/modular-homes-dtd-05-400x600.jpg 400w, https:\/\/doubletakedecor.com\/uploads\/2025\/08\/modular-homes-dtd-05-560x840.jpg 560w, https:\/\/doubletakedecor.com\/uploads\/2025\/08\/modular-homes-dtd-05-480x720.jpg 480w\" sizes=\"auto, (max-width: 700px) 100vw, 700px\" \/><\/p>\n<p>\u00c9lvezd a szabadban t\u00f6lt\u00f6tt id\u0151t modul\u00e1ris otthonodban k\u00e9t medence \u00e9s egy f\u00e1b\u00f3l k\u00e9sz\u00fclt terasz seg\u00edts\u00e9g\u00e9vel. Nagy \u00fcvegablakokat haszn\u00e1lj, hogy a belt\u00e9r \u00e9s a k\u00fclt\u00e9r k\u00f6z\u00f6tt szinte elt\u0171njenek a hat\u00e1rok. Eukaliptuszf\u00e1kkal \u00e9s d\u00edszn\u00f6v\u00e9nyekkel teremts nyugalmat \u00e9s priv\u00e1t z\u00f3n\u00e1t a kertben.<\/p>\n<h2>Eleg\u00e1ns f\u00f6ldszintes modul\u00e1ris h\u00e1z<\/h2>\n<p><img loading=\"lazy\" decoding=\"async\" width=\"700\" height=\"1050\" alt=\"Beautiful modular house with wide porch, columns, and sloped roof set among manicured lawns and lush landscaping.\" class=\"aligncenter size-full wp-image-3728\" src=\"https:\/\/doubletakedecor.com\/uploads\/2025\/08\/modular-homes-dtd-06.jpg\" srcset=\"https:\/\/doubletakedecor.com\/uploads\/2025\/08\/modular-homes-dtd-06.jpg 700w, https:\/\/doubletakedecor.com\/uploads\/2025\/08\/modular-homes-dtd-06-200x300.jpg 200w, https:\/\/doubletakedecor.com\/uploads\/2025\/08\/modular-homes-dtd-06-683x1024.jpg 683w, https:\/\/doubletakedecor.com\/uploads\/2025\/08\/modular-homes-dtd-06-96x144.jpg 96w, https:\/\/doubletakedecor.com\/uploads\/2025\/08\/modular-homes-dtd-06-280x420.jpg 280w, https:\/\/doubletakedecor.com\/uploads\/2025\/08\/modular-homes-dtd-06-320x480.jpg 320w, https:\/\/doubletakedecor.com\/uploads\/2025\/08\/modular-homes-dtd-06-360x540.jpg 360w, https:\/\/doubletakedecor.com\/uploads\/2025\/08\/modular-homes-dtd-06-363x545.jpg 363w, https:\/\/doubletakedecor.com\/uploads\/2025\/08\/modular-homes-dtd-06-370x555.jpg 370w, https:\/\/doubletakedecor.com\/uploads\/2025\/08\/modular-homes-dtd-06-400x600.jpg 400w, https:\/\/doubletakedecor.com\/uploads\/2025\/08\/modular-homes-dtd-06-560x840.jpg 560w, https:\/\/doubletakedecor.com\/uploads\/2025\/08\/modular-homes-dtd-06-480x720.jpg 480w\" sizes=\"auto, (max-width: 700px) 100vw, 700px\" \/><\/p>\n<p>Legyen h\u00e1zad k\u00fclseje igaz\u00e1n vonz\u00f3 egy t\u00e1gas verand\u00e1val \u00e9s klasszikus oszlopokkal. Vil\u00e1gos sz\u00ednek optikailag n\u00f6velik a teret, \u00e9s d\u00edszes zsindellyel feldobhatod a tet\u0151t is. Alap k\u00f6r\u00e9 \u00fcltess bokrokat, h\u00e1tulra vagy oldalt pedig magasabb f\u00e1kat, hogy m\u00e9lyebb, term\u00e9szetk\u00f6zeli l\u00e1tv\u00e1nyt kapj.<\/p>\n<h2>Parkos\u00edtott modul\u00e1ris otthon<\/h2>\n<p><img loading=\"lazy\" decoding=\"async\" width=\"700\" height=\"1050\" alt=\"Modern single-story modular home with large windows and covered patio, surrounded by manicured lawn and ornamental plants in a tranquil setting.\" class=\"aligncenter size-full wp-image-3734\" src=\"https:\/\/doubletakedecor.com\/uploads\/2025\/08\/modular-homes-dtd-07.jpg\" srcset=\"https:\/\/doubletakedecor.com\/uploads\/2025\/08\/modular-homes-dtd-07.jpg 700w, https:\/\/doubletakedecor.com\/uploads\/2025\/08\/modular-homes-dtd-07-200x300.jpg 200w, https:\/\/doubletakedecor.com\/uploads\/2025\/08\/modular-homes-dtd-07-683x1024.jpg 683w, https:\/\/doubletakedecor.com\/uploads\/2025\/08\/modular-homes-dtd-07-96x144.jpg 96w, https:\/\/doubletakedecor.com\/uploads\/2025\/08\/modular-homes-dtd-07-280x420.jpg 280w, https:\/\/doubletakedecor.com\/uploads\/2025\/08\/modular-homes-dtd-07-320x480.jpg 320w, https:\/\/doubletakedecor.com\/uploads\/2025\/08\/modular-homes-dtd-07-360x540.jpg 360w, https:\/\/doubletakedecor.com\/uploads\/2025\/08\/modular-homes-dtd-07-363x545.jpg 363w, https:\/\/doubletakedecor.com\/uploads\/2025\/08\/modular-homes-dtd-07-370x555.jpg 370w, https:\/\/doubletakedecor.com\/uploads\/2025\/08\/modular-homes-dtd-07-400x600.jpg 400w, https:\/\/doubletakedecor.com\/uploads\/2025\/08\/modular-homes-dtd-07-560x840.jpg 560w, https:\/\/doubletakedecor.com\/uploads\/2025\/08\/modular-homes-dtd-07-480x720.jpg 480w\" sizes=\"auto, (max-width: 700px) 100vw, 700px\" \/><\/p>\n<p>Alak\u00edts ki k\u00f6nny\u0171 \u00e1tj\u00e1r\u00e1st a belt\u00e9r \u00e9s a k\u00fclt\u00e9r k\u00f6z\u00f6tt egy fedett terasszal, ami ehetsz \u00e9s pihenhetsz is. K\u00fclt\u00e9ri b\u00fatorokat helyezz el \u00fagy, hogy k\u00fcl\u00f6n z\u00f3n\u00e1t alkossanak ev\u00e9shez \u00e9s kikapcsol\u00f3d\u00e1shoz. Szeg\u00e9lyezd az utat d\u00edszk\u00f6vekkel \u00e9s k\u00fcl\u00f6nb\u00f6z\u0151 magass\u00e1g\u00fa bokrokkal, \u00edgy a kert l\u00e1tv\u00e1nyos lesz, m\u00e9gis letisztult \u00e9s illik a h\u00e1zhoz.<\/p>\n<h2>Vid\u00e9kies st\u00edlus\u00fa modul\u00e1ris h\u00e1z<\/h2>\n<p><img loading=\"lazy\" decoding=\"async\" width=\"700\" height=\"1050\" alt=\"Elegant modular country house with metal roof and welcoming porch, surrounded by landscaped gardens and tall trees under clear blue skies.\" class=\"aligncenter size-full wp-image-3740\" src=\"https:\/\/doubletakedecor.com\/uploads\/2025\/08\/modular-homes-dtd-08.jpg\" srcset=\"https:\/\/doubletakedecor.com\/uploads\/2025\/08\/modular-homes-dtd-08.jpg 700w, https:\/\/doubletakedecor.com\/uploads\/2025\/08\/modular-homes-dtd-08-200x300.jpg 200w, https:\/\/doubletakedecor.com\/uploads\/2025\/08\/modular-homes-dtd-08-683x1024.jpg 683w, https:\/\/doubletakedecor.com\/uploads\/2025\/08\/modular-homes-dtd-08-96x144.jpg 96w, https:\/\/doubletakedecor.com\/uploads\/2025\/08\/modular-homes-dtd-08-280x420.jpg 280w, https:\/\/doubletakedecor.com\/uploads\/2025\/08\/modular-homes-dtd-08-320x480.jpg 320w, https:\/\/doubletakedecor.com\/uploads\/2025\/08\/modular-homes-dtd-08-360x540.jpg 360w, https:\/\/doubletakedecor.com\/uploads\/2025\/08\/modular-homes-dtd-08-363x545.jpg 363w, https:\/\/doubletakedecor.com\/uploads\/2025\/08\/modular-homes-dtd-08-370x555.jpg 370w, https:\/\/doubletakedecor.com\/uploads\/2025\/08\/modular-homes-dtd-08-400x600.jpg 400w, https:\/\/doubletakedecor.com\/uploads\/2025\/08\/modular-homes-dtd-08-560x840.jpg 560w, https:\/\/doubletakedecor.com\/uploads\/2025\/08\/modular-homes-dtd-08-480x720.jpg 480w\" sizes=\"auto, (max-width: 700px) 100vw, 700px\" \/><\/p>\n<p>Tedd hangulatoss\u00e1 h\u00e1zad k\u00fclsej\u00e9t a klasszikus vid\u00e9kies st\u00edlussal: f\u00e9m tet\u0151vel \u00e9s bar\u00e1ts\u00e1gos, fedett verand\u00e1val. Az \u00f6sv\u00e9nyeket sz\u00e9p vir\u00e1g\u00e1gy\u00e1sokkal szegd k\u00f6rbe, hogy igaz\u00e1n h\u00edvogat\u00f3 legyen a bej\u00e1rat. \u00dcltess magas f\u00e1kat \u00e1rny\u00e9knak \u00e9s priv\u00e1t szf\u00e9r\u00e1nak, de hagyj szabadon r\u00e9szeket is, hogy j\u00f3l \u00e9rv\u00e9nyes\u00fclj\u00f6n a h\u00e1z l\u00e1tv\u00e1nya.<\/p>\n<h2>Modern modul\u00e1ris h\u00e1z tr\u00f3pusi kerttel<\/h2>\n<p><img loading=\"lazy\" decoding=\"async\" width=\"700\" height=\"1050\" alt=\"A white modern house with wraparound porch set in lush tropical gardens, featuring a curved pathway and small swimming pool with lounge chairs.\" class=\"aligncenter size-full wp-image-3746\" src=\"https:\/\/doubletakedecor.com\/uploads\/2025\/08\/modular-homes-dtd-09.jpg\" srcset=\"https:\/\/doubletakedecor.com\/uploads\/2025\/08\/modular-homes-dtd-09.jpg 700w, https:\/\/doubletakedecor.com\/uploads\/2025\/08\/modular-homes-dtd-09-200x300.jpg 200w, https:\/\/doubletakedecor.com\/uploads\/2025\/08\/modular-homes-dtd-09-683x1024.jpg 683w, https:\/\/doubletakedecor.com\/uploads\/2025\/08\/modular-homes-dtd-09-96x144.jpg 96w, https:\/\/doubletakedecor.com\/uploads\/2025\/08\/modular-homes-dtd-09-280x420.jpg 280w, https:\/\/doubletakedecor.com\/uploads\/2025\/08\/modular-homes-dtd-09-320x480.jpg 320w, https:\/\/doubletakedecor.com\/uploads\/2025\/08\/modular-homes-dtd-09-360x540.jpg 360w, https:\/\/doubletakedecor.com\/uploads\/2025\/08\/modular-homes-dtd-09-363x545.jpg 363w, https:\/\/doubletakedecor.com\/uploads\/2025\/08\/modular-homes-dtd-09-370x555.jpg 370w, https:\/\/doubletakedecor.com\/uploads\/2025\/08\/modular-homes-dtd-09-400x600.jpg 400w, https:\/\/doubletakedecor.com\/uploads\/2025\/08\/modular-homes-dtd-09-560x840.jpg 560w, https:\/\/doubletakedecor.com\/uploads\/2025\/08\/modular-homes-dtd-09-480x720.jpg 480w\" sizes=\"auto, (max-width: 700px) 100vw, 700px\" \/><\/p>\n<p>Haszn\u00e1ld ki a szabadt\u00e9ri lehet\u0151s\u00e9geket tr\u00f3pusi n\u00f6v\u00e9nyekkel k\u00f6rbe\u00fcltetett kerttel. Vezess egy kanyarg\u00f3s utat a n\u00f6v\u00e9nyek k\u00f6z\u00f6tt, \u00edgy \u00e9rdekesebb lesz a kerted \u00e9s k\u00f6nnyebb k\u00f6zlekedni is. Helyezz el egy kisebb medenc\u00e9t, ahol a kem\u00e9nyburkolat nem foglal el sok teret, \u00edgy minden harmonikus marad. N\u00e9h\u00e1ny k\u00e9nyelmes napoz\u00f3\u00e1gy remek pihen\u0151hely lesz a letisztult h\u00e1z mellett.<\/p>\n<h2>Modern fah\u00e1zas k\u00f6z\u00f6ss\u00e9g a term\u00e9szetben<\/h2>\n<p><img loading=\"lazy\" decoding=\"async\" width=\"700\" height=\"1050\" alt=\"Serene outdoor setting with modern wooden cabins arranged along a gravel path, surrounded by trees and natural greenery.\" class=\"aligncenter size-full wp-image-3752\" src=\"https:\/\/doubletakedecor.com\/uploads\/2025\/08\/modular-homes-dtd-10.jpg\" srcset=\"https:\/\/doubletakedecor.com\/uploads\/2025\/08\/modular-homes-dtd-10.jpg 700w, https:\/\/doubletakedecor.com\/uploads\/2025\/08\/modular-homes-dtd-10-200x300.jpg 200w, https:\/\/doubletakedecor.com\/uploads\/2025\/08\/modular-homes-dtd-10-683x1024.jpg 683w, https:\/\/doubletakedecor.com\/uploads\/2025\/08\/modular-homes-dtd-10-96x144.jpg 96w, https:\/\/doubletakedecor.com\/uploads\/2025\/08\/modular-homes-dtd-10-280x420.jpg 280w, https:\/\/doubletakedecor.com\/uploads\/2025\/08\/modular-homes-dtd-10-320x480.jpg 320w, https:\/\/doubletakedecor.com\/uploads\/2025\/08\/modular-homes-dtd-10-360x540.jpg 360w, https:\/\/doubletakedecor.com\/uploads\/2025\/08\/modular-homes-dtd-10-363x545.jpg 363w, https:\/\/doubletakedecor.com\/uploads\/2025\/08\/modular-homes-dtd-10-370x555.jpg 370w, https:\/\/doubletakedecor.com\/uploads\/2025\/08\/modular-homes-dtd-10-400x600.jpg 400w, https:\/\/doubletakedecor.com\/uploads\/2025\/08\/modular-homes-dtd-10-560x840.jpg 560w, https:\/\/doubletakedecor.com\/uploads\/2025\/08\/modular-homes-dtd-10-480x720.jpg 480w\" sizes=\"auto, (max-width: 700px) 100vw, 700px\" \/><\/p>\n<p>Alak\u00edts ki nyugodt hangulat\u00fa k\u00f6z\u00f6ss\u00e9get \u00fagy, hogy t\u00f6bb fah\u00e1zik\u00f3t helyezel el egy kavicsos \u00f6sv\u00e9ny ment\u00e9n. V\u00e1ltogasd a vil\u00e1gos \u00e9s s\u00f6t\u00e9t fa burkolatokat, \u00edgy m\u00e9g \u00e9rdekesebb lesz a h\u00e1zak sora, mik\u00f6zben egys\u00e9ges a st\u00edlus. Kavicsos s\u00e9t\u00e1nyokkal v\u00e9dd a term\u00e9szetet, \u00e9s a f\u00e1k is maradjanak meg k\u00f6r\u00fcl\u00f6tt\u00fck, hogy priv\u00e1t l\u00e9gk\u00f6rt, \u00e1rny\u00e9kot \u00e9s h\u0171v\u00f6set biztos\u00edtsanak.<\/p>\n<h2>Modern k\u00e9tszintes modul\u00e1ris otthon tervez\u00e9se<\/h2>\n<p><img loading=\"lazy\" decoding=\"async\" width=\"700\" height=\"1050\" alt=\"Modern modul\u00e1ris h\u00e1z letisztult f\u00e9m burkolattal, fa elemekkel \u00e9s nagy ablakokkal, amelyek egy minimalista k\u00fclt\u00e9ri teraszra n\u00e9znek.\" class=\"aligncenter size-full wp-image-3758\" src=\"https:\/\/doubletakedecor.com\/uploads\/2025\/08\/modular-homes-dtd-11.jpg\" srcset=\"https:\/\/doubletakedecor.com\/uploads\/2025\/08\/modular-homes-dtd-11.jpg 700w, https:\/\/doubletakedecor.com\/uploads\/2025\/08\/modular-homes-dtd-11-200x300.jpg 200w, https:\/\/doubletakedecor.com\/uploads\/2025\/08\/modular-homes-dtd-11-683x1024.jpg 683w, https:\/\/doubletakedecor.com\/uploads\/2025\/08\/modular-homes-dtd-11-96x144.jpg 96w, https:\/\/doubletakedecor.com\/uploads\/2025\/08\/modular-homes-dtd-11-280x420.jpg 280w, https:\/\/doubletakedecor.com\/uploads\/2025\/08\/modular-homes-dtd-11-320x480.jpg 320w, https:\/\/doubletakedecor.com\/uploads\/2025\/08\/modular-homes-dtd-11-360x540.jpg 360w, https:\/\/doubletakedecor.com\/uploads\/2025\/08\/modular-homes-dtd-11-363x545.jpg 363w, https:\/\/doubletakedecor.com\/uploads\/2025\/08\/modular-homes-dtd-11-370x555.jpg 370w, https:\/\/doubletakedecor.com\/uploads\/2025\/08\/modular-homes-dtd-11-400x600.jpg 400w, https:\/\/doubletakedecor.com\/uploads\/2025\/08\/modular-homes-dtd-11-560x840.jpg 560w, https:\/\/doubletakedecor.com\/uploads\/2025\/08\/modular-homes-dtd-11-480x720.jpg 480w\" sizes=\"auto, (max-width: 700px) 100vw, 700px\" \/><\/p>\n<p>Dobd fel a modul\u00e1ris otthonod k\u00fclsej\u00e9t, ha kontrasztos anyagokat haszn\u00e1lsz, p\u00e9ld\u00e1ul f\u00e9m bor\u00edt\u00e1st \u00e9s meleg hangulat\u00fa fa d\u00edsz\u00edt\u00e9st. V\u00e1lassz padl\u00f3t\u00f3l-plafonig \u00e9r\u0151 ablakokat \u2013 \u00edgy vil\u00e1gosabb lesz bel\u00fcl \u00e9s szinte eggy\u00e9 v\u00e1lik a bel- \u00e9s k\u00fclt\u00e9r. Eg\u00e9sz\u00edtsd ki az \u00f6sszhat\u00e1st kev\u00e9s karbantart\u00e1st ig\u00e9nyl\u0151 kavicsos terasszal \u00e9s letisztult, k\u00e9nyelmes kerti b\u00fatorokkal. \u00cdgy b\u00e1rmikor k\u00f6nnyed\u00e9n vend\u00e9g\u00fcl l\u00e1thatod bar\u00e1taidat.<\/p>\n<h2>Modern otthon k\u00fclt\u00e9ri t\u0171zrak\u00f3val<\/h2>\n<p><img loading=\"lazy\" decoding=\"async\" width=\"700\" height=\"1050\" alt=\"Eleg\u00e1ns modul\u00e1ris h\u00e1z nagy ablakokkal, lank\u00e1s dombok k\u00f6z\u00f6tt. A teraszon hangulatos t\u0171zrak\u00f3 \u00e9s letisztult \u00fcl\u0151sarok kap helyet.\" class=\"aligncenter size-full wp-image-3764\" src=\"https:\/\/doubletakedecor.com\/uploads\/2025\/08\/modular-homes-dtd-12.jpg\" srcset=\"https:\/\/doubletakedecor.com\/uploads\/2025\/08\/modular-homes-dtd-12.jpg 700w, https:\/\/doubletakedecor.com\/uploads\/2025\/08\/modular-homes-dtd-12-200x300.jpg 200w, https:\/\/doubletakedecor.com\/uploads\/2025\/08\/modular-homes-dtd-12-683x1024.jpg 683w, https:\/\/doubletakedecor.com\/uploads\/2025\/08\/modular-homes-dtd-12-96x144.jpg 96w, https:\/\/doubletakedecor.com\/uploads\/2025\/08\/modular-homes-dtd-12-280x420.jpg 280w, https:\/\/doubletakedecor.com\/uploads\/2025\/08\/modular-homes-dtd-12-320x480.jpg 320w, https:\/\/doubletakedecor.com\/uploads\/2025\/08\/modular-homes-dtd-12-360x540.jpg 360w, https:\/\/doubletakedecor.com\/uploads\/2025\/08\/modular-homes-dtd-12-363x545.jpg 363w, https:\/\/doubletakedecor.com\/uploads\/2025\/08\/modular-homes-dtd-12-370x555.jpg 370w, https:\/\/doubletakedecor.com\/uploads\/2025\/08\/modular-homes-dtd-12-400x600.jpg 400w, https:\/\/doubletakedecor.com\/uploads\/2025\/08\/modular-homes-dtd-12-560x840.jpg 560w, https:\/\/doubletakedecor.com\/uploads\/2025\/08\/modular-homes-dtd-12-480x720.jpg 480w\" sizes=\"auto, (max-width: 700px) 100vw, 700px\" \/><\/p>\n<p>Alak\u00edts ki modern kinti pihen\u0151helyet a h\u00e1zadhoz \u2013 p\u00e9ld\u00e1ul egy fat\u00e1bl\u00e1kb\u00f3l k\u00e9sz\u00fclt t\u0171zrak\u00f3val, amit d\u00edszk\u00f6vek t\u00f6ltenek meg. Helyezz el k\u00e9nyelmes \u00fcl\u0151alkalmatoss\u00e1gokat k\u00f6r\u00e9, hogy k\u00f6z\u00f6s tal\u00e1lkoz\u00f3pontot teremts, ami j\u00f3l illik a h\u00e1z letisztult st\u00edlus\u00e1hoz. A kertet tartsd egyszer\u0171nek: v\u00e1lassz term\u00e9szetes f\u0171f\u00e9l\u00e9ket, \u00edgy modern hangulatot teremtesz, mik\u00f6zben kellemes \u00e1tmenetet adsz a h\u00e1z \u00e9s a term\u00e9szet k\u00f6z\u00f6tt.<\/p>\n<h2>Letisztult modern otthon \u00fcvegablakokkal<\/h2>\n<p><img loading=\"lazy\" decoding=\"async\" width=\"700\" height=\"1050\" alt=\"Modern, minimalista modul\u00e1ris h\u00e1z nagy \u00fcvegablakokkal, feh\u00e9r homlokzattal \u00e9s fa l\u00e9pcs\u0151s bej\u00e1rattal, amely melegen vil\u00e1g\u00edt alkonyatkor.\" class=\"aligncenter size-full wp-image-3770\" src=\"https:\/\/doubletakedecor.com\/uploads\/2025\/08\/modular-homes-dtd-13.jpg\" srcset=\"https:\/\/doubletakedecor.com\/uploads\/2025\/08\/modular-homes-dtd-13.jpg 700w, https:\/\/doubletakedecor.com\/uploads\/2025\/08\/modular-homes-dtd-13-200x300.jpg 200w, https:\/\/doubletakedecor.com\/uploads\/2025\/08\/modular-homes-dtd-13-683x1024.jpg 683w, https:\/\/doubletakedecor.com\/uploads\/2025\/08\/modular-homes-dtd-13-96x144.jpg 96w, https:\/\/doubletakedecor.com\/uploads\/2025\/08\/modular-homes-dtd-13-280x420.jpg 280w, https:\/\/doubletakedecor.com\/uploads\/2025\/08\/modular-homes-dtd-13-320x480.jpg 320w, https:\/\/doubletakedecor.com\/uploads\/2025\/08\/modular-homes-dtd-13-360x540.jpg 360w, https:\/\/doubletakedecor.com\/uploads\/2025\/08\/modular-homes-dtd-13-363x545.jpg 363w, https:\/\/doubletakedecor.com\/uploads\/2025\/08\/modular-homes-dtd-13-370x555.jpg 370w, https:\/\/doubletakedecor.com\/uploads\/2025\/08\/modular-homes-dtd-13-400x600.jpg 400w, https:\/\/doubletakedecor.com\/uploads\/2025\/08\/modular-homes-dtd-13-560x840.jpg 560w, https:\/\/doubletakedecor.com\/uploads\/2025\/08\/modular-homes-dtd-13-480x720.jpg 480w\" sizes=\"auto, (max-width: 700px) 100vw, 700px\" \/><\/p>\n<p>V\u00e1laszd a padl\u00f3t\u00f3l a plafonig \u00e9r\u0151 ablakokat, hogy otthonod tele legyen term\u00e9szetes f\u00e9nnyel, ak\u00e1rcsak ez a modern kialak\u00edt\u00e1s. Fa teraszburkolat teremthet sz\u00e9p \u00e1tmenetet a kint \u00e9s bent k\u00f6z\u00f6tt. V\u00e1lassz kavicsos kertet, mert \u00edgy kev\u00e9s vele a gond. D\u00edsz\u00edtsd a bej\u00e1ratot egyszer\u0171 \u00fcltet\u0151l\u00e1d\u00e1kkal \u00e9s d\u00edszf\u00fcvekkel, hogy izgalmasabb legyen az \u00f6sszhat\u00e1s \u2013 de ne t\u00f6rje meg a letisztult st\u00edlust.<\/p>\n<h2>Modern modul\u00e1ris otthon k\u00fcls\u0151<\/h2>\n<p><img loading=\"lazy\" decoding=\"async\" width=\"700\" height=\"1050\" alt=\"Kort\u00e1rs modul\u00e1ris h\u00e1z padl\u00f3t\u00f3l plafonig \u00e9r\u0151 ablakokkal, fa d\u00edsz\u00edt\u00e9ssel \u00e9s h\u00edvogat\u00f3 terasszal, erdei z\u00f6ldek k\u00f6z\u00f6tt.\" class=\"aligncenter size-full wp-image-3776\" src=\"https:\/\/doubletakedecor.com\/uploads\/2025\/08\/modular-homes-dtd-14.jpg\" srcset=\"https:\/\/doubletakedecor.com\/uploads\/2025\/08\/modular-homes-dtd-14.jpg 700w, https:\/\/doubletakedecor.com\/uploads\/2025\/08\/modular-homes-dtd-14-200x300.jpg 200w, https:\/\/doubletakedecor.com\/uploads\/2025\/08\/modular-homes-dtd-14-683x1024.jpg 683w, https:\/\/doubletakedecor.com\/uploads\/2025\/08\/modular-homes-dtd-14-96x144.jpg 96w, https:\/\/doubletakedecor.com\/uploads\/2025\/08\/modular-homes-dtd-14-280x420.jpg 280w, https:\/\/doubletakedecor.com\/uploads\/2025\/08\/modular-homes-dtd-14-320x480.jpg 320w, https:\/\/doubletakedecor.com\/uploads\/2025\/08\/modular-homes-dtd-14-360x540.jpg 360w, https:\/\/doubletakedecor.com\/uploads\/2025\/08\/modular-homes-dtd-14-363x545.jpg 363w, https:\/\/doubletakedecor.com\/uploads\/2025\/08\/modular-homes-dtd-14-370x555.jpg 370w, https:\/\/doubletakedecor.com\/uploads\/2025\/08\/modular-homes-dtd-14-400x600.jpg 400w, https:\/\/doubletakedecor.com\/uploads\/2025\/08\/modular-homes-dtd-14-560x840.jpg 560w, https:\/\/doubletakedecor.com\/uploads\/2025\/08\/modular-homes-dtd-14-480x720.jpg 480w\" sizes=\"auto, (max-width: 700px) 100vw, 700px\" \/><\/p>\n<p>Legyen felt\u0171n\u0151 a h\u00e1zad, ha kontrasztos burkolatokat v\u00e1lasztasz a k\u00fclsej\u00e9re. Kombin\u00e1ld a v\u00edzszintes fapaneleket sima, s\u00f6t\u00e9t elemekkel \u2013 ez izgalmass\u00e1 teszi a l\u00e1tv\u00e1nyt. A nagy ablakok m\u00e9g t\u00f6bb f\u00e9nyt engednek be \u00e9s \u00f6sszek\u00f6tik a bentet a kinttel. Egy m\u00e9retes fa terasz meghosszabb\u00edtja a lak\u00f3teret, \u00e9s h\u00edvogat\u00f3 bej\u00e1ratot teremt.<\/p>\n<h2>Kort\u00e1rs s\u00f6t\u00e9t k\u00fclsej\u0171 modul\u00e1ris otthon<\/h2>\n<p><img loading=\"lazy\" decoding=\"async\" width=\"700\" height=\"1050\" alt=\"Kort\u00e1rs k\u00e9tszintes modul\u00e1ris h\u00e1z s\u00f6t\u00e9t f\u00e9m burkolattal, nagy ablakokkal \u00e9s fa terasszal. Esti f\u00e9nyben buja z\u00f6ld k\u00f6rnyezet veszi k\u00f6r\u00fcl.\" class=\"aligncenter size-full wp-image-3782\" src=\"https:\/\/doubletakedecor.com\/uploads\/2025\/08\/modular-homes-dtd-15.jpg\" srcset=\"https:\/\/doubletakedecor.com\/uploads\/2025\/08\/modular-homes-dtd-15.jpg 700w, https:\/\/doubletakedecor.com\/uploads\/2025\/08\/modular-homes-dtd-15-200x300.jpg 200w, https:\/\/doubletakedecor.com\/uploads\/2025\/08\/modular-homes-dtd-15-683x1024.jpg 683w, https:\/\/doubletakedecor.com\/uploads\/2025\/08\/modular-homes-dtd-15-96x144.jpg 96w, https:\/\/doubletakedecor.com\/uploads\/2025\/08\/modular-homes-dtd-15-280x420.jpg 280w, https:\/\/doubletakedecor.com\/uploads\/2025\/08\/modular-homes-dtd-15-320x480.jpg 320w, https:\/\/doubletakedecor.com\/uploads\/2025\/08\/modular-homes-dtd-15-360x540.jpg 360w, https:\/\/doubletakedecor.com\/uploads\/2025\/08\/modular-homes-dtd-15-363x545.jpg 363w, https:\/\/doubletakedecor.com\/uploads\/2025\/08\/modular-homes-dtd-15-370x555.jpg 370w, https:\/\/doubletakedecor.com\/uploads\/2025\/08\/modular-homes-dtd-15-400x600.jpg 400w, https:\/\/doubletakedecor.com\/uploads\/2025\/08\/modular-homes-dtd-15-560x840.jpg 560w, https:\/\/doubletakedecor.com\/uploads\/2025\/08\/modular-homes-dtd-15-480x720.jpg 480w\" sizes=\"auto, (max-width: 700px) 100vw, 700px\" \/><\/p>\n<p>V\u00e1lassz s\u00f6t\u00e9t f\u00e9mbor\u00edt\u00e1st, ha igaz\u00e1n modern, eleg\u00e1ns k\u00fcls\u0151t akarsz, ami j\u00f3l kiemelkedik a term\u00e9szetes k\u00f6rnyezetb\u0151l. Tervezd meg nagy ablakokkal a h\u00e1zat, hogy mindenhol vil\u00e1gos legyen. Eg\u00e9sz\u00edtsd ki diz\u00e1jnt f\u00e1b\u00f3l k\u00e9sz\u00fclt terasszal \u00e9s k\u00e9nyelmes kerti \u00fcl\u0151kkel \u2013 \u00edgy kint is remek\u00fcl \u00e9rezheted magad. Szeg\u00e9lyvil\u00e1g\u00edt\u00e1ssal tedd hangulatosabb\u00e1 \u00e9s biztons\u00e1gosabb\u00e1 a kerti k\u00f6zleked\u00e9st.<\/p>\n<h2>Modern modul\u00e1ris otthon parkos\u00edtott udvarral<\/h2>\n<p><img loading=\"lazy\" decoding=\"async\" width=\"700\" height=\"1050\" alt=\"B\u00e1jos, modern modul\u00e1ris otthon s\u00f6t\u00e9t fa burkolattal \u00e9s ferde tet\u0151vel. Az \u00f6sv\u00e9ny ment\u00e9n lila vir\u00e1gok ny\u00edlnak, a k\u00f6rnyezet buj\u00e1n z\u00f6ld.\" class=\"aligncenter size-full wp-image-3788\" src=\"https:\/\/doubletakedecor.com\/uploads\/2025\/08\/modular-homes-dtd-16.jpg\" srcset=\"https:\/\/doubletakedecor.com\/uploads\/2025\/08\/modular-homes-dtd-16.jpg 700w, https:\/\/doubletakedecor.com\/uploads\/2025\/08\/modular-homes-dtd-16-200x300.jpg 200w, https:\/\/doubletakedecor.com\/uploads\/2025\/08\/modular-homes-dtd-16-683x1024.jpg 683w, https:\/\/doubletakedecor.com\/uploads\/2025\/08\/modular-homes-dtd-16-96x144.jpg 96w, https:\/\/doubletakedecor.com\/uploads\/2025\/08\/modular-homes-dtd-16-280x420.jpg 280w, https:\/\/doubletakedecor.com\/uploads\/2025\/08\/modular-homes-dtd-16-320x480.jpg 320w, https:\/\/doubletakedecor.com\/uploads\/2025\/08\/modular-homes-dtd-16-360x540.jpg 360w, https:\/\/doubletakedecor.com\/uploads\/2025\/08\/modular-homes-dtd-16-363x545.jpg 363w, https:\/\/doubletakedecor.com\/uploads\/2025\/08\/modular-homes-dtd-16-370x555.jpg 370w, https:\/\/doubletakedecor.com\/uploads\/2025\/08\/modular-homes-dtd-16-400x600.jpg 400w, https:\/\/doubletakedecor.com\/uploads\/2025\/08\/modular-homes-dtd-16-560x840.jpg 560w, https:\/\/doubletakedecor.com\/uploads\/2025\/08\/modular-homes-dtd-16-480x720.jpg 480w\" sizes=\"auto, (max-width: 700px) 100vw, 700px\" \/><\/p>\n<p>Dobd fel h\u00e1zad k\u00fclsej\u00e9t s\u00f6t\u00e9t fa burkolattal \u00e9s tudatos kerttervez\u00e9ssel. \u00dcltess alacsony s\u00f6v\u00e9nyt \u00e9s lila vir\u00e1gokat az \u00f6sv\u00e9ny mell\u00e9, hogy izgalmasabb legyen a l\u00e1tv\u00e1ny. N\u00e9h\u00e1ny nagyra n\u0151tt f\u00e1t is elhelyezhetsz az udvarban \u2013 ezek kellemes \u00e1rny\u00e9kot adnak \u00e9s v\u00e9delmet a k\u00edv\u00e1ncsi szemekt\u0151l. Egy kis odafigyel\u00e9ssel a h\u00e1z k\u00f6nnyen bar\u00e1ts\u00e1gos, egyedi otthonn\u00e1 v\u00e1lik, amely term\u00e9szetesen illeszkedik a k\u00f6rnyezet\u00e9be.<\/p>\n<h2>Modern, f\u00f6ldszintes otthon tervez\u00e9se<\/h2>\n<p><img loading=\"lazy\" decoding=\"async\" width=\"700\" height=\"1050\" alt=\"F\u00f6ldszintes modul\u00e1ris h\u00e1z vil\u00e1gos homlokzattal, z\u00f6ld tet\u0151vel, h\u00edvogat\u00f3 verand\u00e1val feh\u00e9r korl\u00e1ttal \u00e9s sz\u00e9p, rendezett el\u0151kerttel.\" class=\"aligncenter size-full wp-image-3794\" src=\"https:\/\/doubletakedecor.com\/uploads\/2025\/08\/modular-homes-dtd-17.jpg\" srcset=\"https:\/\/doubletakedecor.com\/uploads\/2025\/08\/modular-homes-dtd-17.jpg 700w, https:\/\/doubletakedecor.com\/uploads\/2025\/08\/modular-homes-dtd-17-200x300.jpg 200w, https:\/\/doubletakedecor.com\/uploads\/2025\/08\/modular-homes-dtd-17-683x1024.jpg 683w, https:\/\/doubletakedecor.com\/uploads\/2025\/08\/modular-homes-dtd-17-96x144.jpg 96w, https:\/\/doubletakedecor.com\/uploads\/2025\/08\/modular-homes-dtd-17-280x420.jpg 280w, https:\/\/doubletakedecor.com\/uploads\/2025\/08\/modular-homes-dtd-17-320x480.jpg 320w, https:\/\/doubletakedecor.com\/uploads\/2025\/08\/modular-homes-dtd-17-360x540.jpg 360w, https:\/\/doubletakedecor.com\/uploads\/2025\/08\/modular-homes-dtd-17-363x545.jpg 363w, https:\/\/doubletakedecor.com\/uploads\/2025\/08\/modular-homes-dtd-17-370x555.jpg 370w, https:\/\/doubletakedecor.com\/uploads\/2025\/08\/modular-homes-dtd-17-400x600.jpg 400w, https:\/\/doubletakedecor.com\/uploads\/2025\/08\/modular-homes-dtd-17-560x840.jpg 560w, https:\/\/doubletakedecor.com\/uploads\/2025\/08\/modular-homes-dtd-17-480x720.jpg 480w\" sizes=\"auto, (max-width: 700px) 100vw, 700px\" \/><\/p>\n<p>Tedd vonz\u00f3v\u00e1 az otthonod vil\u00e1gos sz\u00edn\u0171 homlokzattal \u00e9s kontrasztos tet\u0151vel. A feh\u00e9r korl\u00e1t a verand\u00e1n k\u00fcl\u00f6n\u00f6sen bar\u00e1ts\u00e1gos bej\u00e1ratot ad. Sz\u00e9les beton j\u00e1rd\u00e1t tervezz, amit rendezett p\u00e1zsit \u00e9s j\u00f3l elhelyezett n\u00f6v\u00e9ny\u00e1gy\u00e1sok szeg\u00e9lyeznek. V\u00e1gj vissza bokrokat, hogy sz\u00e9p, rendezett maradjon a kert, mik\u00f6zben t\u00e1gas \u00e9rz\u00e9st kelt a h\u00e1z k\u00f6r\u00fcl.<\/p>\n<h2>F\u00e9ny\u00e1rban \u00fasz\u00f3 f\u00f6ldszintes modul\u00e1ris h\u00e1z<\/h2>\n<p><img loading=\"lazy\" decoding=\"async\" width=\"700\" height=\"1050\" alt=\"B\u00e1jos f\u00f6ldszintes modul\u00e1ris h\u00e1z vil\u00e1gos k\u00fcls\u0151vel, nagy ablakokkal \u00e9s h\u00edvogat\u00f3 verand\u00e1val, buja kert k\u00f6zep\u00e9n.\" class=\"aligncenter size-full wp-image-3800\" src=\"https:\/\/doubletakedecor.com\/uploads\/2025\/08\/modular-homes-dtd-18.jpg\" srcset=\"https:\/\/doubletakedecor.com\/uploads\/2025\/08\/modular-homes-dtd-18.jpg 700w, https:\/\/doubletakedecor.com\/uploads\/2025\/08\/modular-homes-dtd-18-200x300.jpg 200w, https:\/\/doubletakedecor.com\/uploads\/2025\/08\/modular-homes-dtd-18-683x1024.jpg 683w, https:\/\/doubletakedecor.com\/uploads\/2025\/08\/modular-homes-dtd-18-96x144.jpg 96w, https:\/\/doubletakedecor.com\/uploads\/2025\/08\/modular-homes-dtd-18-280x420.jpg 280w, https:\/\/doubletakedecor.com\/uploads\/2025\/08\/modular-homes-dtd-18-320x480.jpg 320w, https:\/\/doubletakedecor.com\/uploads\/2025\/08\/modular-homes-dtd-18-360x540.jpg 360w, https:\/\/doubletakedecor.com\/uploads\/2025\/08\/modular-homes-dtd-18-363x545.jpg 363w, https:\/\/doubletakedecor.com\/uploads\/2025\/08\/modular-homes-dtd-18-370x555.jpg 370w, https:\/\/doubletakedecor.com\/uploads\/2025\/08\/modular-homes-dtd-18-400x600.jpg 400w, https:\/\/doubletakedecor.com\/uploads\/2025\/08\/modular-homes-dtd-18-560x840.jpg 560w, https:\/\/doubletakedecor.com\/uploads\/2025\/08\/modular-homes-dtd-18-480x720.jpg 480w\" sizes=\"auto, (max-width: 700px) 100vw, 700px\" \/><\/p>\n<p>V\u00e1laszd a vil\u00e1gos k\u00fcls\u0151t, mert \u00edgy visszaveri a napf\u00e9nyt, otthonod pedig vid\u00e1mabb, bar\u00e1ts\u00e1gosabb lesz. Az L-alak\u00fa vagy k\u00f6rbefut\u00f3 veranda b\u0151v\u00edti a lak\u00f3teret a kert fel\u00e9, a nagy ablakok pedig sok f\u00e9nyt engednek be. Szeg\u00e9lyezd az el\u0151kertet egyszer\u0171, kev\u00e9s gondoz\u00e1st ig\u00e9nyl\u0151, helyi n\u00f6v\u00e9nyekkel \u2013 \u00edgy a h\u00e1z term\u00e9szetes vonzereje m\u00e9g jobban \u00e9rv\u00e9nyes\u00fcl.<\/p>\n<h2>Modern h\u00e1z fa homlokzattal<\/h2>\n<p><img loading=\"lazy\" decoding=\"async\" width=\"700\" height=\"1050\" alt=\"Modern modul\u00e1ris otthon fa homlokzattal \u00e9s \u00fcvegablakokkal, buja kerttel \u00e9s k\u0151 \u00f6sv\u00e9nnyel a bej\u00e1rat fel\u00e9.\" class=\"aligncenter size-full wp-image-3806\" src=\"https:\/\/doubletakedecor.com\/uploads\/2025\/08\/modular-homes-dtd-19.jpg\" srcset=\"https:\/\/doubletakedecor.com\/uploads\/2025\/08\/modular-homes-dtd-19.jpg 700w, https:\/\/doubletakedecor.com\/uploads\/2025\/08\/modular-homes-dtd-19-200x300.jpg 200w, https:\/\/doubletakedecor.com\/uploads\/2025\/08\/modular-homes-dtd-19-683x1024.jpg 683w, https:\/\/doubletakedecor.com\/uploads\/2025\/08\/modular-homes-dtd-19-96x144.jpg 96w, https:\/\/doubletakedecor.com\/uploads\/2025\/08\/modular-homes-dtd-19-280x420.jpg 280w, https:\/\/doubletakedecor.com\/uploads\/2025\/08\/modular-homes-dtd-19-320x480.jpg 320w, https:\/\/doubletakedecor.com\/uploads\/2025\/08\/modular-homes-dtd-19-360x540.jpg 360w, https:\/\/doubletakedecor.com\/uploads\/2025\/08\/modular-homes-dtd-19-363x545.jpg 363w, https:\/\/doubletakedecor.com\/uploads\/2025\/08\/modular-homes-dtd-19-370x555.jpg 370w, https:\/\/doubletakedecor.com\/uploads\/2025\/08\/modular-homes-dtd-19-400x600.jpg 400w, https:\/\/doubletakedecor.com\/uploads\/2025\/08\/modular-homes-dtd-19-560x840.jpg 560w, https:\/\/doubletakedecor.com\/uploads\/2025\/08\/modular-homes-dtd-19-480x720.jpg 480w\" sizes=\"auto, (max-width: 700px) 100vw, 700px\" \/><\/p>\n<p>A fa homlokzat igaz\u00e1n harmonikuss\u00e1 teszi a h\u00e1zat a term\u00e9szettel. Gyepeden vezessen v\u00e9gig egy vil\u00e1gos, k\u0151b\u0151l rakott \u00f6sv\u00e9ny, sz\u00e9l\u00e9n d\u00edszkavicsokkal \u00e9s sz\u00ednes vir\u00e1gokkal. A nagy ablakok maxim\u00e1lis f\u00e9nyt engednek be, \u00e9s \u00f6sszek\u00f6tik a belt\u00e9ri \u00e9s k\u00fclt\u00e9ri tereket. Gondolkodj el n\u00e9h\u00e1ny magas fa \u00fcltet\u00e9s\u00e9n a kertben \u2013 ezek felfriss\u00edtik az udvart \u00e9s kellemes priv\u00e1t szf\u00e9r\u00e1t adnak.<\/p>\n<h2>Modern fa terasz k\u00fclt\u00e9ri \u00e9lettel<\/h2>\n<p><img loading=\"lazy\" decoding=\"async\" width=\"700\" height=\"1050\" alt=\"Kort\u00e1rs modul\u00e1ris h\u00e1z fa terasszal, hangulatos \u00fcl\u0151r\u00e9sszel, szabadt\u00e9ri \u00e9tkez\u0151vel \u00e9s be\u00e9p\u00edtett kandall\u00f3val, z\u00f6ld n\u00f6v\u00e9nyek k\u00f6z\u00f6tt.\" class=\"aligncenter size-full wp-image-3812\" src=\"https:\/\/doubletakedecor.com\/uploads\/2025\/08\/modular-homes-dtd-20.jpg\" srcset=\"https:\/\/doubletakedecor.com\/uploads\/2025\/08\/modular-homes-dtd-20.jpg 700w, https:\/\/doubletakedecor.com\/uploads\/2025\/08\/modular-homes-dtd-20-200x300.jpg 200w, https:\/\/doubletakedecor.com\/uploads\/2025\/08\/modular-homes-dtd-20-683x1024.jpg 683w, https:\/\/doubletakedecor.com\/uploads\/2025\/08\/modular-homes-dtd-20-96x144.jpg 96w, https:\/\/doubletakedecor.com\/uploads\/2025\/08\/modular-homes-dtd-20-280x420.jpg 280w, https:\/\/doubletakedecor.com\/uploads\/2025\/08\/modular-homes-dtd-20-320x480.jpg 320w, https:\/\/doubletakedecor.com\/uploads\/2025\/08\/modular-homes-dtd-20-360x540.jpg 360w, https:\/\/doubletakedecor.com\/uploads\/2025\/08\/modular-homes-dtd-20-363x545.jpg 363w, https:\/\/doubletakedecor.com\/uploads\/2025\/08\/modular-homes-dtd-20-370x555.jpg 370w, https:\/\/doubletakedecor.com\/uploads\/2025\/08\/modular-homes-dtd-20-400x600.jpg 400w, https:\/\/doubletakedecor.com\/uploads\/2025\/08\/modular-homes-dtd-20-560x840.jpg 560w, https:\/\/doubletakedecor.com\/uploads\/2025\/08\/modular-homes-dtd-20-480x720.jpg 480w\" sizes=\"auto, (max-width: 700px) 100vw, 700px\" \/><\/p>\n<p>Alak\u00edts ki t\u00f6bbfunkci\u00f3s fa teraszt a h\u00e1zadn\u00e1l, ahol k\u00e9nyelmesen elf\u00e9r az \u00e9tkez\u0151 \u00e9s a pihen\u0151r\u00e9sz is. V\u00e1lassz s\u00f6t\u00e9tebb k\u00fclt\u00e9ri b\u00fatorokat, hogy hangs\u00falyos \u00e9s tart\u00f3s legyen az \u00f6sszk\u00e9p. Egy be\u00e9p\u00edtett kandall\u00f3 eg\u00e9sz \u00e9vben hangulatosabb\u00e1 teszi a teret. N\u00e9h\u00e1ny j\u00f3l elhelyezett n\u00f6v\u00e9ny seg\u00edt fenntartani a priv\u00e1t szf\u00e9r\u00e1t an\u00e9lk\u00fcl, hogy elnehez\u00edten\u00e9 a l\u00e1tv\u00e1nyt.<\/p>\n<h2>Modern v\u00edzparti modul\u00e1ris otthon<\/h2>\n<p><img loading=\"lazy\" decoding=\"async\" width=\"700\" height=\"1050\" alt=\"Modern, minimalista modul\u00e1ris h\u00e1z s\u00f6t\u00e9t fa k\u00fcls\u0151vel, nagy ablakokkal \u00e9s tet\u0151terasszal, nyugodt term\u00e9szetes k\u00f6rnyezetben.\" class=\"aligncenter size-full wp-image-3818\" src=\"https:\/\/doubletakedecor.com\/uploads\/2025\/08\/modular-homes-dtd-21.jpg\" srcset=\"https:\/\/doubletakedecor.com\/uploads\/2025\/08\/modular-homes-dtd-21.jpg 700w, https:\/\/doubletakedecor.com\/uploads\/2025\/08\/modular-homes-dtd-21-200x300.jpg 200w, https:\/\/doubletakedecor.com\/uploads\/2025\/08\/modular-homes-dtd-21-683x1024.jpg 683w, https:\/\/doubletakedecor.com\/uploads\/2025\/08\/modular-homes-dtd-21-96x144.jpg 96w, https:\/\/doubletakedecor.com\/uploads\/2025\/08\/modular-homes-dtd-21-280x420.jpg 280w, https:\/\/doubletakedecor.com\/uploads\/2025\/08\/modular-homes-dtd-21-320x480.jpg 320w, https:\/\/doubletakedecor.com\/uploads\/2025\/08\/modular-homes-dtd-21-360x540.jpg 360w, https:\/\/doubletakedecor.com\/uploads\/2025\/08\/modular-homes-dtd-21-363x545.jpg 363w, https:\/\/doubletakedecor.com\/uploads\/2025\/08\/modular-homes-dtd-21-370x555.jpg 370w, https:\/\/doubletakedecor.com\/uploads\/2025\/08\/modular-homes-dtd-21-400x600.jpg 400w, https:\/\/doubletakedecor.com\/uploads\/2025\/08\/modular-homes-dtd-21-560x840.jpg 560w, https:\/\/doubletakedecor.com\/uploads\/2025\/08\/modular-homes-dtd-21-480x720.jpg 480w\" sizes=\"auto, (max-width: 700px) 100vw, 700px\" \/><\/p>\n<p>Kapcsol\u00f3dj jobban a term\u00e9szethez nagy \u00fcvegablakokkal \u00e9s k\u00f6rbefut\u00f3 terasszal, hogy bent \u00e9s kint ugyan\u00fagy otthon \u00e9rezd magad. A s\u00f6t\u00e9t fa burkolat eleg\u00e1ns k\u00fcls\u0151t ad, ami sz\u00e9pen mutat a z\u00f6ld k\u00f6rnyezetben. Haszn\u00e1ld ki a tet\u0151teraszt is, hogy minden n\u00e9gyzetm\u00e9tert ki\u00e9lvezhess, \u00e9s csod\u00e1s panor\u00e1m\u00e1ban legyen r\u00e9szed. Figyelj r\u00e1, hogy a h\u00e1z hely\u00e9t \u00e9s t\u00e1jol\u00e1s\u00e1t j\u00f3l v\u00e1laszd meg \u2013 \u00edgy otthonod a t\u00e1jjal egy\u00fctt \u00e9l majd.<\/p>\n<h2>Modern lapostet\u0151s modul\u00e1ris h\u00e1z<\/h2>\n<p><img loading=\"lazy\" decoding=\"async\" width=\"700\" height=\"1049\" alt=\"Letisztult, modern modul\u00e1ris otthon lapos tet\u0151vel, nagy ablakokkal \u00e9s sz\u00e9pen parkos\u00edtott, lila vir\u00e1gokkal \u00e9s d\u00edszf\u00fcvekkel d\u00edsz\u00edtett kerttel.\" class=\"aligncenter size-full wp-image-3824\" src=\"https:\/\/doubletakedecor.com\/uploads\/2025\/08\/modular-homes-dtd-22.jpg\" srcset=\"https:\/\/doubletakedecor.com\/uploads\/2025\/08\/modular-homes-dtd-22.jpg 700w, https:\/\/doubletakedecor.com\/uploads\/2025\/08\/modular-homes-dtd-22-200x300.jpg 200w, https:\/\/doubletakedecor.com\/uploads\/2025\/08\/modular-homes-dtd-22-683x1024.jpg 683w, https:\/\/doubletakedecor.com\/uploads\/2025\/08\/modular-homes-dtd-22-96x144.jpg 96w, https:\/\/doubletakedecor.com\/uploads\/2025\/08\/modular-homes-dtd-22-280x420.jpg 280w, https:\/\/doubletakedecor.com\/uploads\/2025\/08\/modular-homes-dtd-22-320x480.jpg 320w, https:\/\/doubletakedecor.com\/uploads\/2025\/08\/modular-homes-dtd-22-360x539.jpg 360w, https:\/\/doubletakedecor.com\/uploads\/2025\/08\/modular-homes-dtd-22-363x544.jpg 363w, https:\/\/doubletakedecor.com\/uploads\/2025\/08\/modular-homes-dtd-22-370x554.jpg 370w, https:\/\/doubletakedecor.com\/uploads\/2025\/08\/modular-homes-dtd-22-400x599.jpg 400w, https:\/\/doubletakedecor.com\/uploads\/2025\/08\/modular-homes-dtd-22-560x839.jpg 560w, https:\/\/doubletakedecor.com\/uploads\/2025\/08\/modular-homes-dtd-22-480x719.jpg 480w\" sizes=\"auto, (max-width: 700px) 100vw, 700px\" \/><\/p>\n<p>Hangs\u00falyozd a h\u00e1zad letisztult form\u00e1it tudatos kerttervez\u00e9ssel. \u00c9l\u00e9nk lila vir\u00e1gokat keverj d\u00edszf\u00fcvekkel, \u00edgy sz\u00e9p kontrasztot kapsz az \u00e9p\u00fclet modern geometri\u00e1j\u00e1val. Tartsd a f\u00fcves r\u00e9szt \u00e1poltan, hogy m\u00e9g jobban \u00f6sszekapcsol\u00f3djon a h\u00e1z a kerttel \u2013 a nagy ablakokon \u00e1t a term\u00e9szet \u00e9s a modern diz\u00e1jn t\u00f6k\u00e9letesen tal\u00e1lkozik.<\/p>\n<h2>Modern \u00fcveg modul\u00e1ris otthon<\/h2>\n<p><img loading=\"lazy\" decoding=\"async\" width=\"700\" height=\"1050\" alt=\"Modern \u00fcvegh\u00e1z feh\u00e9r homlokzattal, nagy ablakokkal, parkos\u00edtott kerttel, g\u00f6mb\u00f6lyded bokrokkal \u00e9s fa j\u00e1rd\u00e1kkal.\" class=\"aligncenter size-full wp-image-3830\" src=\"https:\/\/doubletakedecor.com\/uploads\/2025\/08\/modular-homes-dtd-23.jpg\" srcset=\"https:\/\/doubletakedecor.com\/uploads\/2025\/08\/modular-homes-dtd-23.jpg 700w, https:\/\/doubletakedecor.com\/uploads\/2025\/08\/modular-homes-dtd-23-200x300.jpg 200w, https:\/\/doubletakedecor.com\/uploads\/2025\/08\/modular-homes-dtd-23-683x1024.jpg 683w, https:\/\/doubletakedecor.com\/uploads\/2025\/08\/modular-homes-dtd-23-96x144.jpg 96w, https:\/\/doubletakedecor.com\/uploads\/2025\/08\/modular-homes-dtd-23-280x420.jpg 280w, https:\/\/doubletakedecor.com\/uploads\/2025\/08\/modular-homes-dtd-23-320x480.jpg 320w, https:\/\/doubletakedecor.com\/uploads\/2025\/08\/modular-homes-dtd-23-360x540.jpg 360w, https:\/\/doubletakedecor.com\/uploads\/2025\/08\/modular-homes-dtd-23-363x545.jpg 363w, https:\/\/doubletakedecor.com\/uploads\/2025\/08\/modular-homes-dtd-23-370x555.jpg 370w, https:\/\/doubletakedecor.com\/uploads\/2025\/08\/modular-homes-dtd-23-400x600.jpg 400w, https:\/\/doubletakedecor.com\/uploads\/2025\/08\/modular-homes-dtd-23-560x840.jpg 560w, https:\/\/doubletakedecor.com\/uploads\/2025\/08\/modular-homes-dtd-23-480x720.jpg 480w\" sizes=\"auto, (max-width: 700px) 100vw, 700px\" \/><\/p>\n<p>Tervezd \u00fagy a kertet, hogy az harmoniz\u00e1ljon h\u00e1zad modern st\u00edlus\u00e1val. \u00dcltess g\u00f6mb alak\u00fa bokrokat vagy nagyobb cserepes n\u00f6v\u00e9nyeket vil\u00e1gos kavics\u00e1gy\u00e1sba, hogy j\u00f3l kiemelkedjenek. F\u00e1b\u00f3l k\u00e9sz\u00fclt \u00f6sv\u00e9nyt haszn\u00e1lj, hogy meleg, term\u00e9szetes \u00e9rz\u00e9st keltve vezesd v\u00e9gig a l\u00e1togat\u00f3t a kerten. A j\u00f3l elhelyezett \u00fcvegfel\u00fcletek egyszerre engednek be sok f\u00e9nyt, mik\u00f6zben meg\u0151rizheted a priv\u00e1t szf\u00e9r\u00e1t is.<\/p>\n<h2>Modern modul\u00e1ris otthon term\u00e9szetes elemekkel<\/h2>\n<p><img loading=\"lazy\" decoding=\"async\" width=\"700\" height=\"1050\" alt=\"Modern h\u00e1z feh\u00e9r f\u00e9mmel \u00e9s fa r\u00e9szletekkel, nagy ablakokkal, st\u00edlusos beton j\u00e1rd\u00e1val \u00e9s \u00edzl\u00e9ses kerttel, vibr\u00e1l\u00f3 naplement\u00e9ben.\" class=\"aligncenter size-full wp-image-3836\" src=\"https:\/\/doubletakedecor.com\/uploads\/2025\/08\/modular-homes-dtd-24.jpg\" srcset=\"https:\/\/doubletakedecor.com\/uploads\/2025\/08\/modular-homes-dtd-24.jpg 700w, https:\/\/doubletakedecor.com\/uploads\/2025\/08\/modular-homes-dtd-24-200x300.jpg 200w, https:\/\/doubletakedecor.com\/uploads\/2025\/08\/modular-homes-dtd-24-683x1024.jpg 683w, https:\/\/doubletakedecor.com\/uploads\/2025\/08\/modular-homes-dtd-24-96x144.jpg 96w, https:\/\/doubletakedecor.com\/uploads\/2025\/08\/modular-homes-dtd-24-280x420.jpg 280w, https:\/\/doubletakedecor.com\/uploads\/2025\/08\/modular-homes-dtd-24-320x480.jpg 320w, https:\/\/doubletakedecor.com\/uploads\/2025\/08\/modular-homes-dtd-24-360x540.jpg 360w, https:\/\/doubletakedecor.com\/uploads\/2025\/08\/modular-homes-dtd-24-363x545.jpg 363w, https:\/\/doubletakedecor.com\/uploads\/2025\/08\/modular-homes-dtd-24-370x555.jpg 370w, https:\/\/doubletakedecor.com\/uploads\/2025\/08\/modular-homes-dtd-24-400x600.jpg 400w, https:\/\/doubletakedecor.com\/uploads\/2025\/08\/modular-homes-dtd-24-560x840.jpg 560w, https:\/\/doubletakedecor.com\/uploads\/2025\/08\/modular-homes-dtd-24-480x720.jpg 480w\" sizes=\"auto, (max-width: 700px) 100vw, 700px\" \/><\/p>\n<p>Keverd a feh\u00e9r f\u00e9m bor\u00edt\u00e1st meleg fa d\u00edsz\u00edt\u00e9ssel, \u00edgy lesz igaz\u00e1n k\u00fcl\u00f6nleges a h\u00e1zad k\u00fclseje. Nagy ablakokkal t\u00f6ltsd meg az otthont napf\u00e9nnyel, a sz\u00e9les beton j\u00e1rda pedig h\u00edvogat\u00f3v\u00e1 var\u00e1zsolja a bej\u00e1ratot. Egyszer\u0171s\u00edtett kerted lehet d\u00edszbokrokkal \u00e9s d\u00edszf\u00fcvekkel sz\u00ednes, amelyek nem ig\u00e9nyelnek sok t\u00f6r\u0151d\u00e9st, de m\u00e9gis izgalmas l\u00e1tv\u00e1nyt adnak.<\/p>\n<h2>Modern, f\u00f6ldszintes modul\u00e1ris otthon<\/h2>\n<p><img loading=\"lazy\" decoding=\"async\" width=\"700\" height=\"1050\" alt=\"F\u00f6ldszintes, modern modul\u00e1ris h\u00e1z vil\u00e1gos oldalfallal, nagy ablakokkal, fedett verand\u00e1val \u00e9s sz\u00e9pen rendezett kerttel, melyhez k\u00f6ves \u00f6sv\u00e9ny vezet.\" class=\"aligncenter size-full wp-image-3842\" src=\"https:\/\/doubletakedecor.com\/uploads\/2025\/08\/modular-homes-dtd-25.jpg\" srcset=\"https:\/\/doubletakedecor.com\/uploads\/2025\/08\/modular-homes-dtd-25.jpg 700w, https:\/\/doubletakedecor.com\/uploads\/2025\/08\/modular-homes-dtd-25-200x300.jpg 200w, https:\/\/doubletakedecor.com\/uploads\/2025\/08\/modular-homes-dtd-25-683x1024.jpg 683w, https:\/\/doubletakedecor.com\/uploads\/2025\/08\/modular-homes-dtd-25-96x144.jpg 96w, https:\/\/doubletakedecor.com\/uploads\/2025\/08\/modular-homes-dtd-25-280x420.jpg 280w, https:\/\/doubletakedecor.com\/uploads\/2025\/08\/modular-homes-dtd-25-320x480.jpg 320w, https:\/\/doubletakedecor.com\/uploads\/2025\/08\/modular-homes-dtd-25-360x540.jpg 360w, https:\/\/doubletakedecor.com\/uploads\/2025\/08\/modular-homes-dtd-25-363x545.jpg 363w, https:\/\/doubletakedecor.com\/uploads\/2025\/08\/modular-homes-dtd-25-370x555.jpg 370w, https:\/\/doubletakedecor.com\/uploads\/2025\/08\/modular-homes-dtd-25-400x600.jpg 400w, https:\/\/doubletakedecor.com\/uploads\/2025\/08\/modular-homes-dtd-25-560x840.jpg 560w, https:\/\/doubletakedecor.com\/uploads\/2025\/08\/modular-homes-dtd-25-480x720.jpg 480w\" sizes=\"auto, (max-width: 700px) 100vw, 700px\" \/><\/p>\n<p>Dobj fel egy \u00edvelt k\u0151 \u00f6sv\u00e9nnyel, ami a fedett verand\u00e1hoz vezet \u2013 ett\u0151l bar\u00e1ts\u00e1gosabb lesz a bej\u00e1rat. V\u00e1lassz kev\u00e9s gondoz\u00e1st ig\u00e9nyl\u0151 kertet, n\u00e9h\u00e1ny j\u00f3l elhelyezett vir\u00e1g\u00e1gy\u00e1ssal, hogy eg\u00e9sz \u00e9vben mutat\u00f3s maradjon. Nagy ablakokkal m\u00e9g vil\u00e1gosabb lesz a h\u00e1z, a bent \u00e9s kint pedig k\u00f6nnyed\u00e9n \u00f6sszekapcsol\u00f3dik, mik\u00f6zben a priv\u00e1t szf\u00e9ra is megmarad.<\/p>\n<h2>GYIK<\/h2>\n<details class=\"g-accordion \"><summary><h3>Mik azok a modul\u00e1ris h\u00e1zak?<\/h3><\/summary>\n<p><p>A modul\u00e1ris h\u00e1zak t\u00f6bb r\u00e9szb\u0151l, \u00fagynevezett <strong>modulokb\u00f3l<\/strong> \u00e1llnak, amelyeket gy\u00e1rban szerelnek \u00f6ssze. Ez a z\u00e1rt, ellen\u0151rz\u00f6tt k\u00f6rnyezet biztos\u00edtja a magas min\u0151s\u00e9get \u00e9s azt, hogy a h\u00e1z megfelel a legfontosabb \u00e9p\u00edt\u00e9si el\u0151\u00edr\u00e1soknak. Miut\u00e1n a modulok elk\u00e9sz\u00fclnek, elsz\u00e1ll\u00edtj\u00e1k \u0151ket a telekre, ahol v\u00e9glegesre szerelik a h\u00e1zat. Ez a m\u00f3dszer sokkal gyorsabb, mint a hagyom\u00e1nyos \u00e9p\u00edtkez\u00e9s.<\/p>\n<\/p>\n<p><p>A gy\u00e1rt\u00f3sori \u00e9p\u00edt\u00e9s nagy szabads\u00e1got ad testreszab\u00e1sra: a tulajdonos t\u00f6bbf\u00e9le tervet \u00e9s kialak\u00edt\u00e1st v\u00e1laszthat, hogy a h\u00e1z pontosan illeszkedjen a saj\u00e1t ig\u00e9nyeihez. B\u00e1r a modulokat nem a helysz\u00ednen k\u00e9sz\u00edtik, ezeknek a h\u00e1zaknak is meg kell felelni\u00fck a helyi \u00e9p\u00edt\u00e9si szab\u00e1lyoknak. Ez\u00e9rt a biztons\u00e1guk \u00e9s a stabilit\u00e1suk ugyanolyan j\u00f3, mint a hagyom\u00e1nyos h\u00e1zak\u00e9.<\/p>\n<\/p>\n<p><p>A modul\u00e1ris h\u00e1zak gy\u00e1rt\u00e1sa hat\u00e9konyabb \u2013 kevesebb munkad\u00edjat \u00e9s anyagvesztes\u00e9get jelent, \u00edgy takar\u00e9kosabb megold\u00e1s lehet. Gyakran kiv\u00e1l\u00f3 min\u0151s\u00e9g\u0171 anyagokat haszn\u00e1lnak az energiamegtakar\u00edt\u00e1s \u00e9rdek\u00e9ben. Ezek a h\u00e1zak \u00e1ltal\u00e1ban energiatakar\u00e9kosabbak, ami alacsonyabb rezsit eredm\u00e9nyez.<\/p>\n<\/p>\n<p><p>\u00d6sszess\u00e9g\u00e9ben a modul\u00e1ris h\u00e1zak <strong>megfizethet\u0151s\u00e9get<\/strong>, <strong>sokf\u00e9le testreszab\u00e1si lehet\u0151s\u00e9get<\/strong> \u00e9s magas kivitelez\u00e9si sz\u00ednvonalat k\u00edn\u00e1lnak \u2013 ezek miatt v\u00e1lasztja sok ember ezt a h\u00e1zt\u00edpust.<\/p>\n<\/p>\n<\/details><details class=\"g-accordion \"><summary><h3>Miben k\u00fcl\u00f6nb\u00f6znek a modul\u00e1ris h\u00e1zak a gy\u00e1rtott (mobil) h\u00e1zakt\u00f3l?<\/h3><\/summary>\n<p><p>A <strong>modul\u00e1ris h\u00e1zak<\/strong> t\u00f6bb szempontb\u00f3l is elt\u00e9rnek a gy\u00e1rtott \u00e9s mobil h\u00e1zakt\u00f3l. A mobilh\u00e1zakn\u00e1l \u00e1ltal\u00e1ban az <strong>HUD-k\u00f3d<\/strong> szab\u00e1lyait kell betartani, ezek pedig nem olyan szigor\u00faak, mint azokat az el\u0151\u00edr\u00e1sok, amelyeket a modul\u00e1ris \u00e9s hagyom\u00e1nyos h\u00e1zakn\u00e1l alkalmazni kell. Ez\u00e9rt a modul\u00e1ris h\u00e1zak ugyanolyan biztons\u00e1gosak \u00e9s strapab\u00edr\u00f3k, mint a hagyom\u00e1nyosan \u00e9p\u00fclt otthonok.<\/p>\n<\/p>\n<p><p>A legnagyobb k\u00fcl\u00f6nbs\u00e9g az \u00e9p\u00edt\u00e9s\u00fckben \u00e9s az alapoz\u00e1sban van. A <strong>modul\u00e1ris h\u00e1zakat<\/strong> szint\u00e9n gy\u00e1rban darabonk\u00e9nt rakj\u00e1k \u00f6ssze, majd v\u00e9gleges alapra \u00e1ll\u00edtj\u00e1k a telepen. \u00cdgy massz\u00edvabbak \u00e9s stabilabbak lesznek. A gy\u00e1rtott h\u00e1zakat viszont gyakran csak ideiglenes alapokra helyezik, ez\u00e9rt k\u00f6nnyebben mozgathat\u00f3k, de ez cs\u00f6kkentheti a stabilit\u00e1sukat.<\/p>\n<\/p>\n<ul>\n<li>a testreszabhat\u00f3s\u00e1gban is kiemelkednek: a modul\u00e1ris h\u00e1zakn\u00e1l sokf\u00e9le terv \u00e9s elrendez\u00e9s k\u00f6z\u00fcl v\u00e1laszthatsz,<\/li>\n<li>\u00edgy az otthon pontosan olyan lehet, amilyet szeretn\u00e9l,<\/li>\n<li>ezzel szemben a gy\u00e1rtott \u00e9s mobil h\u00e1zakn\u00e1l kevesebb lehet\u0151s\u00e9ged van, mert gy\u00e1rilag megszabott tervekb\u0151l k\u00e9sz\u00fclnek.<\/li>\n<\/ul>\n<p><p><strong>\u00d6sszess\u00e9g\u00e9ben a modul\u00e1ris h\u00e1zak nagyobb szerkezeti szil\u00e1rds\u00e1got \u00e9s rugalmasabb tervez\u00e9si lehet\u0151s\u00e9geket biztos\u00edtanak.<\/strong> Azonban ha sz\u00e1modra fontos a mozgathat\u00f3s\u00e1g vagy az alacsonyabb kezd\u0151 \u00e1r, akkor a gy\u00e1rtott \u00e9s mobilh\u00e1zak is j\u00f3 v\u00e1laszt\u00e1s lehetnek.<\/p>\n<\/p>\n<\/details><details class=\"g-accordion \"><summary><h3>Milyen el\u0151nyei vannak a modul\u00e1ris h\u00e1zaknak?<\/h3><\/summary>\n<p>A modul\u00e1ris h\u00e1zak sokf\u00e9le el\u0151nnyel j\u00e1rnak, \u00edgy sok v\u00e1s\u00e1rl\u00f3 k\u00f6r\u00e9ben n\u00e9pszer\u0171ek. Az egyik f\u0151 er\u00e9ny\u00fck a kiv\u00e1l\u00f3 <strong>energiahat\u00e9konys\u00e1g<\/strong>. Ezekben a h\u00e1zakban gyakran j\u00f3 h\u0151szigetel\u00e9s, energiatakar\u00e9kos ablakok \u00e9s modern f\u0171t\u00e9si-h\u0171t\u00e9si rendszerek vannak. \u00cdgy alacsonyabb lesz a rezsi, \u00e9s a k\u00f6rnyezetnek is j\u00f3t tesznek.<\/p>\n<p>A modul\u00e1ris h\u00e1zak \u00e9p\u00edt\u00e9se l\u00e9nyegesen gyorsabb, mint a hagyom\u00e1nyos h\u00e1zak\u00e9. Mivel a modulokat gy\u00e1rban rakj\u00e1k \u00f6ssze, nem zavarj\u00e1k \u0151ket az id\u0151j\u00e1r\u00e1s viszontags\u00e1gai, \u00e9s a munka v\u00e9gig egyenletes min\u0151s\u00e9g\u0171. Ez a gyorsas\u00e1g nemcsak id\u0151t, de jelent\u0151s munkak\u00f6lts\u00e9get is megtakar\u00edt.<\/p>\n<p><strong>A szem\u00e9lyre szabhat\u00f3s\u00e1g is nagy el\u0151ny<\/strong>. A tulajdonos t\u00f6bbf\u00e9le terv, elrendez\u00e9s \u00e9s befejez\u0151 elem k\u00f6z\u00fcl v\u00e1laszthat, \u00edgy az otthona t\u00f6k\u00e9letesen illeszkedik az \u00edzl\u00e9s\u00e9hez. Ez a rugalmass\u00e1g azt jelenti, hogy mindenki olyan otthont kap, ami igaz\u00e1n hozz\u00e1 illik.<\/p>\n<p>A modul\u00e1ris h\u00e1zak \u00e1rban is kedvez\u0151ek, mert gy\u00e1rt\u00e1suk sor\u00e1n kevesebb anyag pazarol\u00f3dik el, \u00e9s hat\u00e9konyan \u00e9p\u00edtik \u0151ket. A gy\u00e1rt\u00e1si pontoss\u00e1g cs\u00f6kkenti a hib\u00e1k sz\u00e1m\u00e1t \u00e9s n\u00f6veli a megtakar\u00edt\u00e1st.<\/p>\n<p><strong>\u00d6sszefoglalva: a modul\u00e1ris h\u00e1zak az\u00e9rt egyre n\u00e9pszer\u0171bbek, mert energiatakar\u00e9kosak, gyorsan elk\u00e9sz\u00fclnek, sokf\u00e9le berendez\u00e9si lehet\u0151s\u00e9get k\u00edn\u00e1lnak, \u00e9s \u00f6sszess\u00e9g\u00e9ben k\u00f6lts\u00e9ghat\u00e9konyak is.<\/strong><\/p>\n<\/details><details class=\"g-accordion \"><summary><h3>Hogyan zajlik a modul\u00e1ris h\u00e1zak \u00e9p\u00edt\u00e9si folyamata?<\/h3><\/summary>\n<p>A modul\u00e1ris h\u00e1zak \u00e9p\u00edt\u00e9se egyedi m\u00f3don t\u00f6rt\u00e9nik, ez\u00e9rt k\u00fcl\u00f6nb\u00f6znek a hagyom\u00e1nyos \u00e9p\u00edtkez\u00e9st\u0151l. El\u0151sz\u00f6r a h\u00e1z modulait gy\u00e1rban szerelik \u00f6ssze, \u00edgy minden r\u00e9sz v\u00e9dve van az id\u0151j\u00e1r\u00e1st\u00f3l. Ez a k\u00f6rnyezet garant\u00e1lja az <strong>egyenletes min\u0151s\u00e9get<\/strong> az eg\u00e9sz folyamat sor\u00e1n.<\/p>\n<p>Ha elk\u00e9sz\u00fcltek, minden modult alaposan \u00e1tvizsg\u00e1lnak, hogy biztos\u00edts\u00e1k a helyi el\u0151\u00edr\u00e1soknak val\u00f3 megfelel\u00e9st. Ez minden szempontb\u00f3l garant\u00e1lja a <strong>biztons\u00e1got \u00e9s a szerkezeti szil\u00e1rds\u00e1got<\/strong>, pont mint egy helyben \u00e9p\u00edtett h\u00e1zn\u00e1l. Ha minden rendben van, a modulokat kisz\u00e1ll\u00edtj\u00e1k a v\u00e9gleges hely\u00fckre.<\/p>\n<p>A munkahely el\u0151k\u00e9sz\u00edt\u00e9se elengedhetetlen: le kell tiszt\u00edtani a telket, ki kell egyenl\u00edteni a terepet, \u00e9s stabil, \u00e1lland\u00f3 alapot kell k\u00e9sz\u00edteni a moduloknak. Amikor a modulok meg\u00e9rkeznek, \u00f3vatosan egym\u00e1shoz illesztik \u00e9s r\u00f6gz\u00edtik \u0151ket az alaphoz \u2013 ett\u0151l lesz a h\u00e1z <strong>igaz\u00e1n stabil \u00e9s er\u0151s<\/strong>.<\/p>\n<p>A modul\u00e1ris \u00e9p\u00edt\u00e9s jelent\u0151s id\u0151megtakar\u00edt\u00e1st hoz. Ezek a projektek jellemz\u0151en hamarabb befejez\u0151dnek, mert el\u0151re gy\u00e1rtj\u00e1k a r\u00e9szeket, \u00e9s az id\u0151j\u00e1r\u00e1s sem h\u00e1tr\u00e1ltatja a munk\u00e1t. A gy\u00e1ri min\u0151s\u00e9g-ellen\u0151rz\u00e9s kevesebb hib\u00e1t eredm\u00e9nyez a helysz\u00ednen, \u00edgy m\u00e9g gyorsabban elk\u00e9sz\u00fcl az otthonod.<\/p>\n<p>V\u00e9g\u00fcl, a modul\u00e1ris h\u00e1zak \u00e9p\u00edt\u00e9si folyamata az\u00e9rt vonz\u00f3, mert <strong>gyors, biztosra megy a min\u0151s\u00e9g-ellen\u0151rz\u00e9sben<\/strong>, \u00e9s <strong>szigor\u00faan k\u00f6veti az el\u0151\u00edr\u00e1sokat<\/strong> \u2013 ez\u00e9rt n\u00e9pszer\u0171 v\u00e1laszt\u00e1s azok sz\u00e1m\u00e1ra, akik megb\u00edzhat\u00f3 \u00e9s testre szabhat\u00f3 otthont szeretn\u00e9nek.<\/p>\n<\/details><details class=\"g-accordion \"><summary><h3>Milyen \u00e9p\u00edt\u00e9si szab\u00e1lyok vonatkoznak a modul\u00e1ris h\u00e1zakra?<\/h3><\/summary>\n<p>A <strong>modul\u00e1ris h\u00e1zak<\/strong> \u00e9p\u00edt\u00e9sekor figyelni kell a helyi \u00e9p\u00edt\u00e9si el\u0151\u00edr\u00e1sokra. Ezek garant\u00e1lj\u00e1k, hogy a h\u00e1z ugyanolyan biztons\u00e1gos, stabil \u00e9s energiatakar\u00e9kos legyen, mint egy hagyom\u00e1nyos \u00e9p\u00fclet. Minden modult alaposan \u00e1tvizsg\u00e1lnak a gy\u00e1rban, hogy megfeleljenek ezeknek a szab\u00e1lyoknak, miel\u0151tt a helysz\u00ednre sz\u00e1ll\u00edtan\u00e1k \u0151ket. Az ilyen \u00e1tvizsg\u00e1l\u00e1sok garant\u00e1lj\u00e1k a <strong>magas min\u0151s\u00e9get<\/strong> \u00e9s a k\u00f6z\u00f6ss\u00e9gi el\u0151\u00edr\u00e1soknak val\u00f3 megfelel\u00e9st. Ennek k\u00f6sz\u00f6nhet\u0151en ezekben a h\u00e1zakban <strong>biztons\u00e1gosan \u00e9s hossz\u00fa t\u00e1von lehet lakni<\/strong>.<\/p>\n<\/details><details class=\"g-accordion \"><summary><h3>Milyen el\u0151k\u00e9sz\u00fcletek \u00e9s enged\u00e9lyek sz\u00fcks\u00e9gesek a modul\u00e1ris h\u00e1zakhoz?<\/h3><\/summary>\n<p>A <strong>modul\u00e1ris h\u00e1zak<\/strong> fel\u00e9p\u00edt\u00e9s\u00e9hez alapos el\u0151k\u00e9sz\u00fcletre \u00e9s pontos kivitelez\u00e9sre van sz\u00fcks\u00e9g. Az els\u0151 l\u00e9p\u00e9s a telek megtiszt\u00edt\u00e1sa \u00e9s a talaj elsim\u00edt\u00e1sa, amihez stabil alap kell. Ezt k\u00f6vet\u0151en az alapot kell lerakni, hogy a h\u00e1z igaz\u00e1n stabil \u00e9s tart\u00f3s legyen.<\/p>\n<p>Fontos, hogy a helyi hat\u00f3s\u00e1gokt\u00f3l beszerezd a sz\u00fcks\u00e9ges enged\u00e9lyeket. Ezekre az\u00e9rt van sz\u00fcks\u00e9g, hogy a h\u00e1z megfeleljen a <strong>helyi \u00f6vezeti szab\u00e1lyoz\u00e1soknak<\/strong> \u00e9s <strong>\u00e9p\u00edt\u00e9si el\u0151\u00edr\u00e1soknak<\/strong>. A k\u00f6vetelm\u00e9nyek ter\u00fcletenk\u00e9nt elt\u00e9rhetnek, ez\u00e9rt \u00e9rdemes a helyi \u00e9p\u00edt\u00e9si oszt\u00e1llyal vagy szak\u00e9rt\u0151kkel egyeztetni, hogy pontosan mi sz\u00fcks\u00e9ges.<\/p>\n<p>Sokszor helysz\u00edni ellen\u0151rz\u00e9st is tartanak, hogy minden megfelel-e a szab\u00e1lyoknak, miel\u0151tt a modulokat a helysz\u00ednre sz\u00e1ll\u00edtan\u00e1k \u00e9s \u00f6sszeszereln\u00e9k \u0151ket. Ezekre a l\u00e9p\u00e9sekre nem csak a t\u00f6rv\u00e9nyi el\u0151\u00edr\u00e1sok miatt van sz\u00fcks\u00e9g, hanem az\u00e9rt is, hogy a modul\u00e1ris h\u00e1z hossz\u00fa t\u00e1von <strong>biztons\u00e1gos \u00e9s stabil<\/strong> lehessen.<\/p>\n<\/details> <details class=\"g-accordion \"><summary><h3>Hogyan lehet szem\u00e9lyre szabni a modul\u00e1ris otthonokat?<\/h3><\/summary>  <\/p>\n<p><strong>A modul\u00e1ris otthonok rengeteg lehet\u0151s\u00e9get ny\u00fajtanak a szem\u00e9lyre szab\u00e1sra<\/strong>, \u00edgy te is k\u00f6nnyed\u00e9n alak\u00edthatod ki a lak\u00f3teret a saj\u00e1t ig\u00e9nyeid \u00e9s \u00edzl\u00e9sed szerint. B\u00e1rmit megv\u00e1ltoztathatsz, az alaprajzt\u00f3l kezdve, az anyagokon \u00e1t, eg\u00e9szen a homlokzat kin\u00e9zet\u00e9ig. Ha egy\u00fctt dolgozol az \u00e9p\u00edt\u0151kkel, olyan otthont tervezhetsz, ami t\u00f6k\u00e9letesen passzol az \u00e9letst\u00edlusodhoz\u2014lehet ez nyitott t\u00e9r, plusz h\u00e1l\u00f3szoba vagy modern burkolatok be\u00e9p\u00edt\u00e9se.<\/p>\n<p>Ez az \u00e9p\u00edtkez\u00e9si fajta nagyon rugalmas, \u00edgy megval\u00f3s\u00edthat\u00f3ak p\u00e9ld\u00e1ul a <strong>magas mennyezetek<\/strong>, a <strong>nagy ablakok<\/strong> vagy \u00e9pp az <strong>elt\u00e9r\u0151 k\u00fcls\u0151 burkolatok<\/strong> is. \u00cdgy minden otthon t\u00fckr\u00f6zheti a tulajdonos egyedi st\u00edlus\u00e1t, mik\u00f6zben tart\u00f3s \u00e9s energiatakar\u00e9kos marad. Mivel ennyi mindent szem\u00e9lyre lehet szabni, a modul\u00e1ris h\u00e1zak igazi egyedi otthon\u00e9lm\u00e9nyt adnak \u00fagy, hogy a min\u0151s\u00e9gb\u0151l \u00e9s az el\u0151\u00edr\u00e1sokb\u00f3l sem kell engedni.<\/p>\n<\/details>\n<details class=\"g-accordion \"><summary><h3>Milyen tervez\u00e9si \u00e9s alaprajz lehet\u0151s\u00e9gek l\u00e9teznek a modul\u00e1ris otthonokn\u00e1l?<\/h3><\/summary>  <\/p>\n<p>A modul\u00e1ris otthonok sokf\u00e9le st\u00edlusban, m\u00e9retben \u00e9s elrendez\u00e9sben k\u00e9sz\u00fclhetnek el. V\u00e1laszthatsz f\u00f6ldszintes vagy emeletes megold\u00e1st is, minden lehet\u0151s\u00e9gben m\u00e1s-m\u00e1s el\u0151ny\u00f6k vannak, p\u00e9ld\u00e1ul a t\u00e1gas, egybenyitott terek, amik m\u00e9g nagyobbnak mutatj\u00e1k a lak\u00e1st. A <strong>nagy ablakok<\/strong> \u00e9s <strong>modern burkolatok<\/strong> tov\u00e1bb fokozz\u00e1k az otthonos hangulatukat.<\/p>\n<p>A modul\u00e1ris \u00e9p\u00edt\u00e9s rugalmass\u00e1ga miatt sokf\u00e9le m\u00f3don szem\u00e9lyre szabhatod az otthont, mik\u00f6zben a praktikum is megmarad. Ak\u00e1r nagyobb k\u00f6z\u00f6s tereket, ak\u00e1r kisebb, m\u00e9gis praktikus szob\u00e1kat szeretn\u00e9l, a modul\u00e1ris h\u00e1z igazodik az \u00e9letst\u00edlusodhoz. Ez a v\u00e1ltozatoss\u00e1g megk\u00f6nny\u00edti, hogy az elk\u00e9sz\u00fclt lak\u00e1s egyszerre legyen k\u00e9nyelmes \u00e9s eszt\u00e9tikus is.<\/p>\n<ul>\n<li>kisebb, kuck\u00f3s h\u00e1zik\u00f3t\u00f3l ak\u00e1r nagyobb csal\u00e1di otthonig sokf\u00e9le m\u00e9ret el\u00e9rhet\u0151,<\/li>\n<li>a modul\u00e1ris h\u00e1zak k\u00fcl\u00f6nb\u00f6z\u0151 m\u00e9retekben k\u00e9sz\u00fclnek, \u00edgy igazodnak b\u00e1rmely h\u00e1ztart\u00e1s ig\u00e9nyeihez,<\/li>\n<li>k\u00edv\u00fcl \u00e9s bel\u00fcl is sokf\u00e9le burkolat, sz\u00edn \u00e9s st\u00edlus k\u00f6z\u00fcl v\u00e1laszthatsz,<\/li>\n<li>ezek a testreszabhat\u00f3 lehet\u0151s\u00e9gek azoknak vonz\u00f3k igaz\u00e1n, akik egy praktikus, de m\u00e9gis st\u00edlusos otthonra v\u00e1gynak.<\/li>\n<\/ul>\n<\/details>\n<details class=\"g-accordion \"><summary><h3>Hogyan biztos\u00edtanak a modul\u00e1ris otthonok energiahat\u00e9konys\u00e1got?<\/h3><\/summary>  <\/p>\n<p>A modul\u00e1ris otthonokat <strong>energiahat\u00e9konys\u00e1gra<\/strong> tervezik, t\u00f6bbf\u00e9le korszer\u0171 megold\u00e1s be\u00e9p\u00edt\u00e9s\u00e9vel. A j\u00f3 min\u0151s\u00e9g\u0171 szigetel\u00e9s seg\u00edt a h\u0151 megtart\u00e1s\u00e1ban, \u00edgy kevesebb energi\u00e1t kell felhaszn\u00e1lni a f\u0171t\u00e9sre vagy a h\u0171t\u00e9sre. Emellett az <strong>energiatakar\u00e9kos ablakok<\/strong> is hozz\u00e1j\u00e1rulnak az egyenletes h\u0151m\u00e9rs\u00e9klethez. A modern, okos f\u0171t\u0151- \u00e9s h\u0171t\u0151rendszerek m\u00e9g tov\u00e1bb n\u00f6velik a hat\u00e9konys\u00e1got, hiszen pontosan az ig\u00e9nyekhez igazodnak.<\/p>\n<p>Mivel ezek az otthonok gy\u00e1rban k\u00e9sz\u00fclnek, az \u00f6sszeilleszt\u00e9s \u00e9s minden r\u00e9szlet pontoss\u00e1ga kiv\u00e1l\u00f3. Ez azt jelenti, hogy a leveg\u0151 szinte sehol sem sz\u00f6kik meg, \u00edgy az energiafelhaszn\u00e1l\u00e1s is kevesebb lesz. \u00cdgy nemcsak a rezsik\u00f6lts\u00e9g cs\u00f6kken, hanem a k\u00f6rnyezetet is jobban k\u00edm\u00e9led.<\/p>\n<p>Ha m\u00e1r a tervez\u00e9skor odafigyelnek ezekre a szempontokra, akkor a modul\u00e1ris h\u00e1z egy <strong>k\u00f6rnyezetbar\u00e1t, modern otthon<\/strong> lesz, amivel egyszerre takar\u00edthatsz meg p\u00e9nzt \u00e9s teszel j\u00f3t a bolyg\u00f3nak.<\/p>\n<\/details>\n<details class=\"g-accordion \"><summary><h3>Miben t\u00e1mogatja a fenntarthat\u00f3s\u00e1got egy modul\u00e1ris otthon?<\/h3><\/summary>  <\/p>\n<p><strong>A modul\u00e1ris otthonok<\/strong> sokat seg\u00edtenek a fenntarthat\u00f3s\u00e1gban. Az \u00e9p\u00edtkez\u00e9s f\u0151leg gy\u00e1rakban zajlik, emiatt kevesebb hullad\u00e9k keletkezik. A fa- vagy ac\u00e9lanyagokat pontos m\u00e9retre v\u00e1gj\u00e1k, \u00edgy a kivitelez\u00e9sn\u00e9l szinte semmi nem megy k\u00e1rba, ellent\u00e9tben a hagyom\u00e1nyos \u00e9p\u00edtkez\u00e9sekkel. A gy\u00e1rt\u00e1s kontroll\u00e1lt k\u00f6rnyezetben t\u00f6rt\u00e9nik, \u00edgy a k\u00f6rnyezetre gyakorolt hat\u00e1s is kisebb.<\/p>\n<p>Gyakran haszn\u00e1lnak k\u00f6rnyezetbar\u00e1t anyagokat \u00e9s energiatakar\u00e9kos rendszereket is, amelyek eg\u00e9szs\u00e9gesebb lak\u00f3teret teremtenek, \u00e9s cs\u00f6kkentik a k\u00e1rosanyag-kibocs\u00e1t\u00e1st. Az al\u00e1bbi f\u0151 jellemz\u0151k mind ezt t\u00e1mogatj\u00e1k:<\/p>\n<ul>\n<li>kiv\u00e1l\u00f3 min\u0151s\u00e9g\u0171 szigetel\u00e9s,<\/li>\n<li>energiatakar\u00e9kos ablakok,<\/li>\n<li>korszer\u0171, energiatakar\u00e9kos f\u0171t\u00e9s-h\u0171t\u00e9s rendszer.<\/li>\n<\/ul>\n<p>A modul\u00e1ris h\u00e1zak \u00edgy nemcsak olcs\u00f3bb\u00e1 teszik a rezsit, hanem hozz\u00e1j\u00e1rulnak ahhoz is, hogy kevesebb term\u00e9szeti er\u0151forr\u00e1st haszn\u00e1ljunk fel.<\/p>\n<p><strong>\u00d6sszess\u00e9g\u00e9ben, a kevesebb hullad\u00e9k \u00e9s a fenntarthat\u00f3 anyagok haszn\u00e1lata miatt a modul\u00e1ris otthonok ide\u00e1lis v\u00e1laszt\u00e1snak sz\u00e1m\u00edtanak azoknak, akiknek fontos a k\u00f6rnyezettudatos \u00e9letm\u00f3d.<\/strong><\/p>\n<\/details>\n<details class=\"g-accordion \"><summary><h3>Hogyan teljes\u00edtenek a modul\u00e1ris otthonok extr\u00e9m id\u0151j\u00e1r\u00e1si k\u00f6r\u00fclm\u00e9nyek k\u00f6z\u00f6tt?<\/h3><\/summary>  <\/p>\n<p><strong>A modul\u00e1ris otthonok meglep\u0151en ellen\u00e1ll\u00f3ak a sz\u00e9ls\u0151s\u00e9ges id\u0151j\u00e1r\u00e1sban.<\/strong> Az \u00e9p\u00edt\u00e9s\u00fck szigor\u00fa el\u0151\u00edr\u00e1sok szerint zajlik, \u00edgy szerkezetileg is er\u0151sebbek \u00e9s biztons\u00e1gosabbak, mint a hagyom\u00e1nyos h\u00e1zak. Kutat\u00e1sok szerint ezek az otthonok jobban b\u00edrj\u00e1k az olyan viharokat, mint p\u00e9ld\u00e1ul a hurrik\u00e1n, mivel az egyes elemeket nagyon stabilan, er\u0151sen kapcsolj\u00e1k \u00f6ssze. Ez a tart\u00f3ss\u00e1guk \u00e9s strapab\u00edr\u00e1suk miatt kit\u0171n\u0151 v\u00e1laszt\u00e1s ott, ahol gyakoriak a sz\u00e9ls\u0151s\u00e9ges id\u0151j\u00e1r\u00e1si esem\u00e9nyek.<\/p>\n<\/details>\n<details class=\"g-accordion \"><summary><h3>Mennyire k\u00f6lts\u00e9ghat\u00e9kony egy modul\u00e1ris otthon?<\/h3><\/summary>  <\/p>\n<p><strong>A modul\u00e1ris otthonok<\/strong> sok esetben olcs\u00f3bbak, mint a hagyom\u00e1nyos h\u00e1zak. Mivel egy <strong>gy\u00e1rban, ir\u00e1ny\u00edtott k\u00f6rnyezetben<\/strong> k\u00e9sz\u00fclnek, kevesebb munkad\u00edjat kell kifizetni \u00e9s az eg\u00e9sz folyamat is gyorsabb, ez\u00e9rt <strong>hamarabb bek\u00f6lt\u00f6zhetsz<\/strong>, ami plusz megtakar\u00edt\u00e1st jelent. Mivel az anyagokat pontosan le tudj\u00e1k m\u00e9rni, sokkal kevesebb hullad\u00e9k termel\u0151dik, \u00edgy ez is cs\u00f6kkenti a k\u00f6lts\u00e9geket.<\/p>\n<ul>\n<li>Gy\u00e1ri felszerelts\u00e9g\u00fckh\u00f6z gyakran tartoznak energiatakar\u00e9kos megold\u00e1sok,<\/li>\n<li>p\u00e9ld\u00e1ul kiv\u00e1l\u00f3 szigetel\u00e9s,<\/li>\n<li>vagy korszer\u0171 f\u0171t\u00e9s- \u00e9s h\u0171t\u00e9srendszerek.<\/li>\n<\/ul>\n<p><strong>Ezeknek k\u00f6sz\u00f6nhet\u0151en hossz\u00fa t\u00e1von is alacsonyabb lehet a rezsi<\/strong>, ez\u00e9rt k\u00fcl\u00f6n\u00f6sen j\u00f3 v\u00e1laszt\u00e1s, ha olcs\u00f3, de min\u0151s\u00e9gi lakhelyet keresel. K\u00f6nnyen testreszabhat\u00f3k an\u00e9lk\u00fcl, hogy a min\u0151s\u00e9gb\u0151l engedni kellene.<\/p>\n<\/details>\n<details class=\"g-accordion \"><summary><h3>Milyen finansz\u00edroz\u00e1si lehet\u0151s\u00e9gek adottak modul\u00e1ris otthonra?<\/h3><\/summary>  <\/p>\n<p>A modul\u00e1ris otthon finansz\u00edroz\u00e1sa hasonl\u00edt a hagyom\u00e1nyos h\u00e1zak\u00e9hoz, \u00edgy t\u00f6bbf\u00e9le lehet\u0151s\u00e9g k\u00f6z\u00fcl is v\u00e1laszthatsz. Itt van p\u00e1r gyakori opci\u00f3:<\/p>\n<ul>\n<li><strong>hagyom\u00e1nyos lak\u00e1shitel<\/strong>\u2014ehhez kedvez\u0151 felt\u00e9telek j\u00e1rnak, ha j\u00f3 az ad\u00f3smin\u0151s\u00edt\u00e9sed,<\/li>\n<li><strong>FHA hitel<\/strong>\u2014az amerikai sz\u00f6vets\u00e9gi lak\u00e1s\u00fcgyi hivatal t\u00e1mogat\u00e1s\u00e1val, laz\u00e1bb hitelb\u00edr\u00e1lati felt\u00e9telekkel \u00e9s alacsonyabb \u00f6ner\u0151vel,<\/li>\n<li><strong>VA hitel<\/strong>\u2014kifejezetten veter\u00e1noknak \u00e9s akt\u00edv katon\u00e1knak, \u00f6nr\u00e9sz n\u00e9lk\u00fcl \u00e9s alacsony kamattal.<\/li>\n<\/ul>\n<p>Ha fontolgatod, hogy modul\u00e1ris h\u00e1zat venn\u00e9l, \u00e9rdemes olyan bankot vagy p\u00e9nzint\u00e9zetet v\u00e1lasztani, aki j\u00e1rtas ebben a ter\u00fcleten. \u0150k seg\u00edtenek kiv\u00e1lasztani, hogy milyen hitel illik hozz\u00e1d a legjobban. <strong>Ha ismered az ilyen otthonokhoz sz\u00fcks\u00e9ges speci\u00e1lis finansz\u00edroz\u00e1si felt\u00e9teleket, biztosan tal\u00e1lsz olyan megold\u00e1st, ami t\u00f6k\u00e9letesen illeszkedik a lehet\u0151s\u00e9geidhez.<\/strong><\/p>\n<\/details>\n<details class=\"g-accordion \"><summary><h3>Milyen hat\u00e1ssal vannak a modul\u00e1ris otthonok az ingatlanpiacra?<\/h3><\/summary>  <\/p>\n<p><strong>A modul\u00e1ris otthonok<\/strong> \u00faj sz\u00ednt visznek az ingatlanpiacra, hiszen <strong>megfizethet\u0151 lakhat\u00e1si lehet\u0151s\u00e9get<\/strong> teremtenek, \u00e9s gyorsan el\u00e9rhet\u0151v\u00e9 teszik az \u00faj otthonokat. A hat\u00e9kony \u00e9p\u00edtkez\u00e9si folyamat miatt r\u00f6videbb id\u0151 alatt lehet bek\u00f6lt\u00f6zni, \u00edgy k\u00f6nnyebben kezelhet\u0151v\u00e9 v\u00e1lik a lak\u00e1shi\u00e1ny. Ez a gyorsas\u00e1g seg\u00edthet stabiliz\u00e1lni az \u00e1rakat a nagy kereslet\u0171 ter\u00fcleteken is. R\u00e1ad\u00e1sul a modul\u00e1ris h\u00e1zak sz\u00e9les k\u00f6rben szem\u00e9lyre szabhat\u00f3k, \u00edgy mindenki megtal\u00e1lhatja a neki tetsz\u0151 st\u00edlust vagy kialak\u00edt\u00e1st.<\/p>\n<p>De nem csak az olcs\u00f3s\u00e1g vagy a szem\u00e9lyre szabhat\u00f3s\u00e1g miatt k\u00fcl\u00f6nlegesek, hanem abban is, hogy \u00faj v\u00e1laszt\u00e1si lehet\u0151s\u00e9get adnak azoknak, akik egyedi vagy k\u00f6rnyezetbar\u00e1t otthont keresnek. Ahogy egyre t\u00f6bben v\u00e1lasztanak ilyen t\u00edpus\u00fa h\u00e1zat, n\u0151 a gy\u00e1rt\u00e1si \u00e9s fejleszt\u00e9si kedv is a piacon.<\/p>\n<p>Egyszer\u0171en fogalmazva: <strong>a modul\u00e1ris h\u00e1zak \u00faj es\u00e9lyt adnak a lak\u00e1sv\u00e1s\u00e1rl\u00e1sra<\/strong>, \u00e9s mindig igazodnak a v\u00e1s\u00e1rl\u00f3k \u00fajabbn\u00e1l \u00fajabb ig\u00e9nyeihez, ezzel kedvez\u0151en befoly\u00e1solva az ingatlanpiac alakul\u00e1s\u00e1t.<\/p>\n<\/details>\n<details class=\"g-accordion \"><summary><h3>Mennyit \u00e9r a modul\u00e1ris otthon tov\u00e1bb\u00e9rt\u00e9kes\u00edt\u00e9skor?<\/h3><\/summary>  <\/p>\n<p>A modul\u00e1ris otthonok tov\u00e1bb\u00e9rt\u00e9kes\u00edt\u00e9sekor gyakran hasonl\u00f3 \u00e1ron kelnek el, mint a hagyom\u00e1nyos h\u00e1zak, f\u0151leg, ha j\u00f3 \u00e1llapotban vannak, illetve kedvelt k\u00f6rny\u00e9ken tal\u00e1lhat\u00f3ak. Az al\u00e1bbiak mind befoly\u00e1solj\u00e1k az \u00e9rt\u00e9k\u00fcket:<\/p>\n<ul>\n<li>az otthon tervez\u00e9si min\u0151s\u00e9ge,<\/li>\n<li>energiahat\u00e9konys\u00e1ga,<\/li>\n<li>\u00e9p\u00edt\u00e9si szabv\u00e1nyoknak val\u00f3 megfelel\u00e9s.<\/li>\n<\/ul>\n<p>Ahogy egyre n\u00e9pszer\u0171bbek a gy\u00e1rban el\u0151regy\u00e1rtott h\u00e1zak, \u00fagy n\u0151 az \u00e9rdekl\u0151d\u00e9s is ir\u00e1ntuk. A <strong>szem\u00e9lyre szabhat\u00f3s\u00e1g<\/strong> \u00e9s a h\u00e1z \u00e1ltal\u00e1nos \u00e1llapota nagyban hozz\u00e1j\u00e1rul ahhoz, hogy mennyire lesz kelend\u0151 \u00e9s milyen v\u00e9gs\u0151 \u00e1ron lehet eladni. Emellett a <strong>korszer\u0171, energiahat\u00e9kony megold\u00e1sok<\/strong> is fontosak, mert ezekkel k\u00e9s\u0151bb a vev\u0151k kevesebbet fizethetnek a rezsi\u00e9rt.<\/p>\n<\/details>\n","protected":false},"excerpt":{"rendered":"<p>A modul\u00e1ris otthonok forradalmi megk\u00f6zel\u00edt\u00e9st hoznak a saj\u00e1t lak\u00e1s megszerz\u00e9s\u00e9ben. Ezek a h\u00e1zak t\u00f6k\u00e9letesen \u00f6tv\u00f6zik a megfizethet\u0151s\u00e9get, az egyedis\u00e9get \u00e9s a magas min\u0151s\u00e9get. A modul\u00e1ris otthonokat j\u00f3l el\u0151k\u00e9sz\u00edtett gy\u00e1rakban \u00e9p\u00edtik \u00f6ssze, darabokb\u00f3l vagy \u201emodulokb\u00f3l\u201d. Ezut\u00e1n elsz\u00e1ll\u00edtj\u00e1k \u0151ket, majd v\u00e9gleges alapra szerelik \u00f6ssze, \u00edgy ugyanolyan stabilak lesznek, mint a hagyom\u00e1nyos h\u00e1zak. A mobilh\u00e1zakkal vagy gy\u00e1rilag gy\u00e1rtott h\u00e1zakkal ellent\u00e9tben a modul\u00e1ris otthonok&hellip;<\/p>\n","protected":false},"author":12,"featured_media":3851,"comment_status":"closed","ping_status":"closed","sticky":false,"template":"","format":"standard","meta":{"rank_math_focus_keyword":"modul\u00e1ris h\u00e1zak","rank_math_title":"Modul\u00e1ris h\u00e1zak: Innovat\u00edv \u00e9s megfizethet\u0151 lak\u00f3helyi megold\u00e1sok","rank_math_description":"Fedezd fel a modul\u00e1ris h\u00e1zakat egy szem\u00e9lyre szabhat\u00f3, hat\u00e9kony \u00e9s megfizethet\u0151 lakhat\u00e1si \u00e9lm\u00e9ny\u00e9rt. Ide\u00e1lis modern \u00e9s fenntarthat\u00f3 \u00e9letm\u00f3dhoz.","footnotes":""},"categories":[140],"tags":[],"class_list":["post-4215","post","type-post","status-publish","format-standard","has-post-thumbnail","hentry","category-modern-design-2"],"g_custom_schema_json":"<script type=\"application\/ld+json\">\n{\n  \"@context\": \"https:\/\/schema.org\",\n  \"@type\": \"FAQPage\",\n  \"mainEntity\": [\n    {\n      \"@type\": \"Question\",\n      \"name\": \"Mik azok a modul\u00e1ris h\u00e1zak?\",\n      \"acceptedAnswer\": {\n        \"@type\": \"Answer\",\n        \"text\": \"A modul\u00e1ris h\u00e1zak t\u00f6bb r\u00e9szb\u0151l, \u00fagynevezett modulokb\u00f3l \u00e1llnak, amelyeket gy\u00e1rban szerelnek \u00f6ssze. Ez a z\u00e1rt, ellen\u0151rz\u00f6tt k\u00f6rnyezet biztos\u00edtja a magas min\u0151s\u00e9get \u00e9s azt, hogy a h\u00e1z megfelel a legfontosabb \u00e9p\u00edt\u00e9si el\u0151\u00edr\u00e1soknak. Miut\u00e1n a modulok elk\u00e9sz\u00fclnek, elsz\u00e1ll\u00edtj\u00e1k \u0151ket a telekre, ahol v\u00e9glegesre szerelik a h\u00e1zat.\"\n      }\n    },\n    {\n      \"@type\": \"Question\",\n      \"name\": \"Miben k\u00fcl\u00f6nb\u00f6znek a modul\u00e1ris h\u00e1zak a gy\u00e1rtott (mobil) h\u00e1zakt\u00f3l?\",\n      \"acceptedAnswer\": {\n        \"@type\": \"Answer\",\n        \"text\": \"A modul\u00e1ris h\u00e1zak t\u00f6bb szempontb\u00f3l is elt\u00e9rnek a gy\u00e1rtott \u00e9s mobil h\u00e1zakt\u00f3l. A mobilh\u00e1zakn\u00e1l \u00e1ltal\u00e1ban az HUD-k\u00f3d szab\u00e1lyait kell betartani, ezek pedig nem olyan szigor\u00faak, mint azokat az el\u0151\u00edr\u00e1sok, amelyeket a modul\u00e1ris \u00e9s hagyom\u00e1nyos h\u00e1zakn\u00e1l alkalmazni kell. Ez\u00e9rt a modul\u00e1ris h\u00e1zak ugyanolyan biztons\u00e1gosak \u00e9s strapab\u00edr\u00f3k, mint a hagyom\u00e1nyosan \u00e9p\u00fclt otthonok.\"\n      }\n    },\n    {\n      \"@type\": \"Question\",\n      \"name\": \"Milyen el\u0151nyei vannak a modul\u00e1ris h\u00e1zaknak?\",\n      \"acceptedAnswer\": {\n        \"@type\": \"Answer\",\n        \"text\": \"A modul\u00e1ris h\u00e1zak sokf\u00e9le el\u0151nnyel j\u00e1rnak, \u00edgy sok v\u00e1s\u00e1rl\u00f3 k\u00f6r\u00e9ben n\u00e9pszer\u0171ek. Az egyik f\u0151 er\u00e9ny\u00fck a kiv\u00e1l\u00f3 energiahat\u00e9konys\u00e1g. Ezekben a h\u00e1zakban gyakran j\u00f3 h\u0151szigetel\u00e9s, energiatakar\u00e9kos ablakok \u00e9s modern f\u0171t\u00e9si-h\u0171t\u00e9si rendszerek vannak.\"\n      }\n    },\n    {\n      \"@type\": \"Question\",\n      \"name\": \"Hogyan zajlik a modul\u00e1ris h\u00e1zak \u00e9p\u00edt\u00e9si folyamata?\",\n      \"acceptedAnswer\": {\n        \"@type\": \"Answer\",\n        \"text\": \"A modul\u00e1ris h\u00e1zak \u00e9p\u00edt\u00e9se egyedi m\u00f3don t\u00f6rt\u00e9nik, ez\u00e9rt k\u00fcl\u00f6nb\u00f6znek a hagyom\u00e1nyos \u00e9p\u00edtkez\u00e9st\u0151l. El\u0151sz\u00f6r a h\u00e1z modulait gy\u00e1rban szerelik \u00f6ssze, \u00edgy minden r\u00e9sz v\u00e9dve van az id\u0151j\u00e1r\u00e1st\u00f3l. Ez a k\u00f6rnyezet garant\u00e1lja az egyenletes min\u0151s\u00e9get az eg\u00e9sz folyamat sor\u00e1n.\"\n      }\n    },\n    {\n      \"@type\": \"Question\",\n      \"name\": \"Milyen \u00e9p\u00edt\u00e9si szab\u00e1lyok vonatkoznak a modul\u00e1ris h\u00e1zakra?\",\n      \"acceptedAnswer\": {\n        \"@type\": \"Answer\",\n        \"text\": \"A modul\u00e1ris h\u00e1zak \u00e9p\u00edt\u00e9sekor figyelni kell a helyi \u00e9p\u00edt\u00e9si el\u0151\u00edr\u00e1sokra. Ezek garant\u00e1lj\u00e1k, hogy a h\u00e1z ugyanolyan biztons\u00e1gos, stabil \u00e9s energiatakar\u00e9kos legyen, mint egy hagyom\u00e1nyos \u00e9p\u00fclet. Minden modult alaposan \u00e1tvizsg\u00e1lnak a gy\u00e1rban, hogy megfeleljenek ezeknek a szab\u00e1lyoknak.\"\n      }\n    },\n    {\n      \"@type\": \"Question\",\n      \"name\": \"Milyen el\u0151k\u00e9sz\u00fcletek \u00e9s enged\u00e9lyek sz\u00fcks\u00e9gesek a modul\u00e1ris h\u00e1zakhoz?\",\n      \"acceptedAnswer\": {\n        \"@type\": \"Answer\",\n        \"text\": \"A modul\u00e1ris h\u00e1zak fel\u00e9p\u00edt\u00e9s\u00e9hez alapos el\u0151k\u00e9sz\u00fcletre \u00e9s pontos kivitelez\u00e9sre van sz\u00fcks\u00e9g. Az els\u0151 l\u00e9p\u00e9s a telek megtiszt\u00edt\u00e1sa \u00e9s a talaj elsim\u00edt\u00e1sa, amihez stabil alap kell. Ezt k\u00f6vet\u0151en az alapot kell lerakni, hogy a h\u00e1z igaz\u00e1n stabil \u00e9s tart\u00f3s legyen.\"\n      }\n    },\n    {\n      \"@type\": \"Question\",\n      \"name\": \"Hogyan lehet szem\u00e9lyre szabni a modul\u00e1ris otthonokat?\",\n      \"acceptedAnswer\": {\n        \"@type\": \"Answer\",\n        \"text\": \"A modul\u00e1ris otthonok rengeteg lehet\u0151s\u00e9get ny\u00fajtanak a szem\u00e9lyre szab\u00e1sra, \u00edgy te is k\u00f6nnyed\u00e9n alak\u00edthatod ki a lak\u00f3teret a saj\u00e1t ig\u00e9nyeid \u00e9s \u00edzl\u00e9sed szerint. B\u00e1rmit megv\u00e1ltoztathatsz, az alaprajzt\u00f3l kezdve, az anyagokon \u00e1t, eg\u00e9szen a homlokzat kin\u00e9zet\u00e9ig.\"\n      }\n    },\n    {\n      \"@type\": \"Question\",\n      \"name\": \"Milyen tervez\u00e9si \u00e9s alaprajz lehet\u0151s\u00e9gek l\u00e9teznek a modul\u00e1ris otthonokn\u00e1l?\",\n      \"acceptedAnswer\": {\n        \"@type\": \"Answer\",\n        \"text\": \"A modul\u00e1ris otthonok sokf\u00e9le st\u00edlusban, m\u00e9retben \u00e9s elrendez\u00e9sben k\u00e9sz\u00fclhetnek el. V\u00e1laszthatsz f\u00f6ldszintes vagy emeletes megold\u00e1st is, minden lehet\u0151s\u00e9gben m\u00e1s-m\u00e1s el\u0151ny\u00f6k vannak, p\u00e9ld\u00e1ul a t\u00e1gas, egybenyitott terek, amik m\u00e9g nagyobbnak mutatj\u00e1k a lak\u00e1st.\"\n      }\n    },\n    {\n      \"@type\": \"Question\",\n      \"name\": \"Hogyan biztos\u00edtanak a modul\u00e1ris otthonok energiahat\u00e9konys\u00e1got?\",\n      \"acceptedAnswer\": {\n        \"@type\": \"Answer\",\n        \"text\": \"A modul\u00e1ris otthonokat energiahat\u00e9konys\u00e1gra tervezik, t\u00f6bbf\u00e9le korszer\u0171 megold\u00e1s be\u00e9p\u00edt\u00e9s\u00e9vel. A j\u00f3 min\u0151s\u00e9g\u0171 szigetel\u00e9s seg\u00edt a h\u0151 megtart\u00e1s\u00e1ban, \u00edgy kevesebb energi\u00e1t kell felhaszn\u00e1lni a f\u0171t\u00e9sre vagy a h\u0171t\u00e9sre.\"\n      }\n    },\n    {\n      \"@type\": \"Question\",\n      \"name\": \"Miben t\u00e1mogatja a fenntarthat\u00f3s\u00e1got egy modul\u00e1ris otthon?\",\n      \"acceptedAnswer\": {\n        \"@type\": \"Answer\",\n        \"text\": \"A modul\u00e1ris otthonok sokat seg\u00edtenek a fenntarthat\u00f3s\u00e1gban. Az \u00e9p\u00edtkez\u00e9s f\u0151leg gy\u00e1rakban zajlik, emiatt kevesebb hullad\u00e9k keletkezik. A fa- vagy ac\u00e9lanyagokat pontos m\u00e9retre v\u00e1gj\u00e1k, \u00edgy a kivitelez\u00e9sn\u00e9l szinte semmi nem megy k\u00e1rba.\"\n      }\n    },\n    {\n      \"@type\": \"Question\",\n      \"name\": \"Hogyan teljes\u00edtenek a modul\u00e1ris otthonok extr\u00e9m id\u0151j\u00e1r\u00e1si k\u00f6r\u00fclm\u00e9nyek k\u00f6z\u00f6tt?\",\n      \"acceptedAnswer\": {\n        \"@type\": \"Answer\",\n        \"text\": \"A modul\u00e1ris otthonok meglep\u0151en ellen\u00e1ll\u00f3ak a sz\u00e9ls\u0151s\u00e9ges id\u0151j\u00e1r\u00e1sban. Az \u00e9p\u00edt\u00e9s\u00fck szigor\u00fa el\u0151\u00edr\u00e1sok szerint zajlik, \u00edgy szerkezetileg is er\u0151sebbek \u00e9s biztons\u00e1gosabbak, mint a hagyom\u00e1nyos h\u00e1zak.\"\n      }\n    },\n    {\n      \"@type\": \"Question\",\n      \"name\": \"Mennyire k\u00f6lts\u00e9ghat\u00e9kony egy modul\u00e1ris otthon?\",\n      \"acceptedAnswer\": {\n        \"@type\": \"Answer\",\n        \"text\": \"A modul\u00e1ris otthonok sok esetben olcs\u00f3bbak, mint a hagyom\u00e1nyos h\u00e1zak. Mivel egy gy\u00e1rban, ir\u00e1ny\u00edtott k\u00f6rnyezetben k\u00e9sz\u00fclnek, kevesebb munkad\u00edjat kell kifizetni \u00e9s az eg\u00e9sz folyamat is gyorsabb, ez\u00e9rt hamarabb bek\u00f6lt\u00f6zhetsz.\"\n      }\n    },\n    {\n      \"@type\": \"Question\",\n      \"name\": \"Milyen finansz\u00edroz\u00e1si lehet\u0151s\u00e9gek adottak modul\u00e1ris otthonra?\",\n      \"acceptedAnswer\": {\n        \"@type\": \"Answer\",\n        \"text\": \"A modul\u00e1ris otthon finansz\u00edroz\u00e1sa hasonl\u00edt a hagyom\u00e1nyos h\u00e1zak\u00e9hoz, \u00edgy t\u00f6bbf\u00e9le lehet\u0151s\u00e9g k\u00f6z\u00fcl is v\u00e1laszthatsz. Itt van p\u00e1r gyakori opci\u00f3: hagyom\u00e1nyos lak\u00e1shitel, FHA hitel, VA hitel.\"\n      }\n    },\n    {\n      \"@type\": \"Question\",\n      \"name\": \"Milyen hat\u00e1ssal vannak a modul\u00e1ris otthonok az ingatlanpiacra?\",\n      \"acceptedAnswer\": {\n        \"@type\": \"Answer\",\n        \"text\": \"A modul\u00e1ris otthonok \u00faj sz\u00ednt visznek az ingatlanpiacra, hiszen megfizethet\u0151 lakhat\u00e1si lehet\u0151s\u00e9get teremtenek, \u00e9s gyorsan el\u00e9rhet\u0151v\u00e9 teszik az \u00faj otthonokat. A hat\u00e9kony \u00e9p\u00edtkez\u00e9si folyamat miatt r\u00f6videbb id\u0151 alatt lehet bek\u00f6lt\u00f6zni.\"\n      }\n    },\n    {\n      \"@type\": \"Question\",\n      \"name\": \"Mennyit \u00e9r a modul\u00e1ris otthon tov\u00e1bb\u00e9rt\u00e9kes\u00edt\u00e9skor?\",\n      \"acceptedAnswer\": {\n        \"@type\": \"Answer\",\n        \"text\": \"A modul\u00e1ris otthonok tov\u00e1bb\u00e9rt\u00e9kes\u00edt\u00e9sekor gyakran hasonl\u00f3 \u00e1ron kelnek el, mint a hagyom\u00e1nyos h\u00e1zak, f\u0151leg, ha j\u00f3 \u00e1llapotban vannak, illetve kedvelt k\u00f6rny\u00e9ken tal\u00e1lhat\u00f3ak. Az al\u00e1bbiak mind befoly\u00e1solj\u00e1k az \u00e9rt\u00e9k\u00fcket: az otthon tervez\u00e9si min\u0151s\u00e9ge, energiahat\u00e9konys\u00e1ga, \u00e9p\u00edt\u00e9si szabv\u00e1nyoknak val\u00f3 megfelel\u00e9s.\"\n      }\n    }\n  ]\n}\n<\/script>\n\n<script type=\"application\/ld+json\">\n{\n  \"@context\": \"https:\/\/schema.org\",\n  \"@type\": \"HowTo\",\n  \"name\": \"Hogyan zajlik a modul\u00e1ris h\u00e1zak \u00e9p\u00edt\u00e9si folyamata?\",\n  \"description\": \"A modul\u00e1ris h\u00e1zak \u00e9p\u00edt\u00e9se egyedi m\u00f3don t\u00f6rt\u00e9nik, ez\u00e9rt k\u00fcl\u00f6nb\u00f6znek a hagyom\u00e1nyos \u00e9p\u00edtkez\u00e9st\u0151l. El\u0151sz\u00f6r a h\u00e1z modulait gy\u00e1rban szerelik \u00f6ssze, \u00edgy minden r\u00e9sz v\u00e9dve van az id\u0151j\u00e1r\u00e1st\u00f3l. Ez a k\u00f6rnyezet garant\u00e1lja az egyenletes min\u0151s\u00e9get az eg\u00e9sz folyamat sor\u00e1n.\",\n  \"step\": [\n    {\n      \"@type\": \"HowToStep\",\n      \"name\": \"Telek el\u0151k\u00e9sz\u00edt\u00e9se\",\n      \"text\": \"A telek megtiszt\u00edt\u00e1sa \u00e9s a talaj elsim\u00edt\u00e1sa az els\u0151 l\u00e9p\u00e9s. Stabil alapot kell k\u00e9sz\u00edteni, amelyre majd a modulokat helyezik.\",\n      \"url\": \"https:\/\/doubletakedecor.com\/uploads\/2025\/08\/modular-homes-dtd-01.jpg\",\n      \"image\": {\n        \"@type\": \"ImageObject\",\n        \"url\": \"https:\/\/doubletakedecor.com\/uploads\/2025\/08\/modular-homes-dtd-01.jpg\"\n      }\n    },\n    {\n      \"@type\": \"HowToStep\",\n      \"name\": \"Alapoz\u00e1s\",\n      \"text\": \"A telek el\u0151k\u00e9sz\u00edt\u00e9se ut\u00e1n le\u00f6ntik az alapot, amely biztos\u00edtja a h\u00e1z stabilit\u00e1s\u00e1t \u00e9s tart\u00f3ss\u00e1g\u00e1t.\",\n      \"url\": \"https:\/\/doubletakedecor.com\/uploads\/2025\/08\/modular-homes-dtd-02.jpg\",\n      \"image\": {\n        \"@type\": \"ImageObject\",\n        \"url\": \"https:\/\/doubletakedecor.com\/uploads\/2025\/08\/modular-homes-dtd-02.jpg\"\n      }\n    },\n    {\n      \"@type\": \"HowToStep\",\n      \"name\": \"Modulok gy\u00e1rt\u00e1sa\",\n      \"text\": \"A h\u00e1z f\u0151 egys\u00e9geit, a modulokat gy\u00e1rban \u00e1ll\u00edtj\u00e1k \u00f6ssze. Ebben a k\u00f6rnyezetben minden r\u00e9szletet prec\u00edzen ellen\u0151riznek, hogy megfeleljenek a min\u0151s\u00e9gi el\u0151\u00edr\u00e1soknak.\",\n      \"url\": \"https:\/\/doubletakedecor.com\/uploads\/2025\/08\/modular-homes-dtd-03.jpg\",\n      \"image\": {\n        \"@type\": \"ImageObject\",\n        \"url\": \"https:\/\/doubletakedecor.com\/uploads\/2025\/08\/modular-homes-dtd-03.jpg\"\n      }\n    },\n    {\n      \"@type\": \"HowToStep\",\n      \"name\": \"Min\u0151s\u00e9gellen\u0151rz\u00e9s\",\n      \"text\": \"A gy\u00e1rt\u00e1s ut\u00e1n minden modult alaposan \u00e1tvizsg\u00e1lnak, hogy minden szempontb\u00f3l megfeleljenek a helyi \u00e9p\u00edt\u00e9si szab\u00e1lyoknak.\",\n      \"url\": \"https:\/\/doubletakedecor.com\/uploads\/2025\/08\/modular-homes-dtd-04.jpg\",\n      \"image\": {\n        \"@type\": \"ImageObject\",\n        \"url\": \"https:\/\/doubletakedecor.com\/uploads\/2025\/08\/modular-homes-dtd-04.jpg\"\n      }\n    },\n    {\n      \"@type\": \"HowToStep\",\n      \"name\": \"Modulok sz\u00e1ll\u00edt\u00e1sa\",\n      \"text\": \"A k\u00e9sz modulokat speci\u00e1lis j\u00e1rm\u0171vekkel sz\u00e1ll\u00edtj\u00e1k a telekre, ahol a v\u00e9gleges hely\u00fckre ker\u00fclnek.\",\n      \"url\": \"https:\/\/doubletakedecor.com\/uploads\/2025\/08\/modular-homes-dtd-05.jpg\",\n      \"image\": {\n        \"@type\": \"ImageObject\",\n        \"url\": \"https:\/\/doubletakedecor.com\/uploads\/2025\/08\/modular-homes-dtd-05.jpg\"\n      }\n    },\n    {\n      \"@type\": \"HowToStep\",\n      \"name\": \"\u00d6sszeszerel\u00e9s \u00e9s r\u00f6gz\u00edt\u00e9s\",\n      \"text\": \"A helysz\u00ednen a modulokat egym\u00e1shoz illesztik \u00e9s biztons\u00e1gosan r\u00f6gz\u00edtik az alaphoz. Ez teszi a h\u00e1zat stabil \u00e9s id\u0151j\u00e1r\u00e1s\u00e1ll\u00f3 szerkezett\u00e9.\",\n      \"url\": \"https:\/\/doubletakedecor.com\/uploads\/2025\/08\/modular-homes-dtd-06.jpg\",\n      \"image\": {\n        \"@type\": \"ImageObject\",\n        \"url\": \"https:\/\/doubletakedecor.com\/uploads\/2025\/08\/modular-homes-dtd-06.jpg\"\n      }\n    },\n    {\n      \"@type\": \"HowToStep\",\n      \"name\": \"Befejez\u0151 munk\u00e1latok\",\n      \"text\": \"Az \u00f6sszeszerel\u00e9s ut\u00e1n k\u00f6vetkeznek a befejez\u0151 munk\u00e1k: bels\u0151 terek kialak\u00edt\u00e1sa, burkolatok, g\u00e9p\u00e9szet, majd a v\u00e9gs\u0151 ellen\u0151rz\u00e9s.\",\n      \"url\": \"https:\/\/doubletakedecor.com\/uploads\/2025\/08\/modular-homes-dtd-07.jpg\",\n      \"image\": {\n        \"@type\": \"ImageObject\",\n        \"url\": \"https:\/\/doubletakedecor.com\/uploads\/2025\/08\/modular-homes-dtd-07.jpg\"\n      }\n    }\n  ]\n}\n<\/script>\n","_links":{"self":[{"href":"https:\/\/doubletakedecor.com\/hu\/wp-json\/wp\/v2\/posts\/4215","targetHints":{"allow":["GET"]}}],"collection":[{"href":"https:\/\/doubletakedecor.com\/hu\/wp-json\/wp\/v2\/posts"}],"about":[{"href":"https:\/\/doubletakedecor.com\/hu\/wp-json\/wp\/v2\/types\/post"}],"author":[{"embeddable":true,"href":"https:\/\/doubletakedecor.com\/hu\/wp-json\/wp\/v2\/users\/12"}],"replies":[{"embeddable":true,"href":"https:\/\/doubletakedecor.com\/hu\/wp-json\/wp\/v2\/comments?post=4215"}],"version-history":[{"count":1,"href":"https:\/\/doubletakedecor.com\/hu\/wp-json\/wp\/v2\/posts\/4215\/revisions"}],"predecessor-version":[{"id":4216,"href":"https:\/\/doubletakedecor.com\/hu\/wp-json\/wp\/v2\/posts\/4215\/revisions\/4216"}],"wp:featuredmedia":[{"embeddable":true,"href":"https:\/\/doubletakedecor.com\/hu\/wp-json\/wp\/v2\/media\/3851"}],"wp:attachment":[{"href":"https:\/\/doubletakedecor.com\/hu\/wp-json\/wp\/v2\/media?parent=4215"}],"wp:term":[{"taxonomy":"category","embeddable":true,"href":"https:\/\/doubletakedecor.com\/hu\/wp-json\/wp\/v2\/categories?post=4215"},{"taxonomy":"post_tag","embeddable":true,"href":"https:\/\/doubletakedecor.com\/hu\/wp-json\/wp\/v2\/tags?post=4215"}],"curies":[{"name":"wp","href":"https:\/\/api.w.org\/{rel}","templated":true}]}}