{"id":4235,"date":"2025-08-05T01:54:39","date_gmt":"2025-08-04T23:54:39","guid":{"rendered":"https:\/\/doubletakedecor.com\/dekoracios-otletek\/belso-telikert-butor-otletek\/"},"modified":"2025-08-05T03:15:23","modified_gmt":"2025-08-05T01:15:23","slug":"belso-telikert-butor-otletek","status":"publish","type":"post","link":"https:\/\/doubletakedecor.com\/hu\/dekoracios-otletek\/belso-telikert-butor-otletek\/","title":{"rendered":"St\u00edlusos \u00e9s praktikus belt\u00e9ri t\u00e9likert b\u00fator \u00f6tletek"},"content":{"rendered":"<p>Alak\u00edtsd \u00e1t a napf\u00e9nyes szob\u00e1dat egy leny\u0171g\u00f6z\u0151 pihen\u0151helly\u00e9 olyan b\u00fatorokkal, amelyek k\u00e9nyelmet, st\u00edlust \u00e9s praktikumot is adnak. V\u00e1lassz puha, k\u00e9nyelmes kanap\u00e9kat vagy \u00e1gyk\u00e9nt is haszn\u00e1lhat\u00f3 pihen\u0151padokat, \u00e9s eg\u00e9sz\u00edtsd ki a teret okos megold\u00e1sokkal, p\u00e9ld\u00e1ul t\u00e1rol\u00f3s puffokkal vagy egym\u00e1sba rakhat\u00f3 asztalokkal. Ezekkel a b\u00fatorokkal maxim\u00e1lisan kihaszn\u00e1lhatod ezt a vil\u00e1gos szob\u00e1t, mik\u00f6zben sz\u00e9p \u00e9s praktikus lesz egyszerre.<\/p>\n<p>A b\u00fatorok anyaga sokat sz\u00e1m\u00edt a napf\u00e9nyes szob\u00e1ban. Olyat v\u00e1lassz, ami j\u00f3l b\u00edrja a h\u0151m\u00e9rs\u00e9klet-v\u00e1ltoz\u00e1st \u00e9s a p\u00e1r\u00e1t, mint p\u00e9ld\u00e1ul a fonott rattan, a f\u0171zfa vagy az ak\u00e1cfa \u2013 ezek nemcsak tart\u00f3sak, de sz\u00e9pek is maradnak. Eg\u00e9sz\u00edtsd ki id\u0151j\u00e1r\u00e1s\u00e1ll\u00f3 sz\u00f6vetekkel \u00e9s puha, meleg text\u00edli\u00e1kkal, hogy m\u00e9g hangulatosabb legyen a helyis\u00e9g.<\/p>\n<p>A b\u00fatorokat \u00fagy helyezd el, hogy min\u00e9l t\u00f6bb term\u00e9szetes f\u00e9ny jusson be, \u00e9s j\u00f3 kil\u00e1t\u00e1s legyen. Alak\u00edts ki k\u00e9nyelmes sarkokat pihen\u00e9shez, \u00e9tkez\u00e9shez vagy ak\u00e1r munk\u00e1hoz. Ha \u00e1tgondoltan rendezed be a szob\u00e1t, k\u00f6nnyen lehet majd mozogni benne, \u00e9s megmarad a t\u00e1gas, vil\u00e1gos \u00e9rz\u00e9s.<\/p>\n<p>A felfel\u00e9 ny\u00edl\u00f3 helyet se felejtsd el! Falra szerelhet\u0151 polcok, f\u00fcgg\u0151 n\u00f6v\u00e9nytart\u00f3k vagy falra r\u00f6gz\u00edthet\u0151 \u00edr\u00f3asztalok praktikusak, nem foglalj\u00e1k el a padl\u00f3t, \u00e9s \u00edgy nem lesz zs\u00fafolt a szoba. Ezek a megold\u00e1sok nemcsak hasznosak, hanem l\u00e1tv\u00e1nyoss\u00e1 is teszik a helyis\u00e9get.<\/p>\n<p>Ha j\u00f3l v\u00e1lasztod meg a b\u00fatorokat \u00e9s \u00fcgyesen rendezed el \u0151ket, akkor a napf\u00e9nyes szob\u00e1db\u00f3l egy sokoldal\u00fa, h\u00edvogat\u00f3 hely lesz, ahol egyszerre \u00e9lvezheted a belt\u00e9ri k\u00e9nyelmet \u00e9s a kinti sz\u00e9ps\u00e9get \u2013 eg\u00e9sz \u00e9vben \u00f6r\u00f6mmel haszn\u00e1lhatod.<\/p>\n<div class=\"kt_block\" id=\"kt_id\">\n<span class=\"kt_headline\">Legfontosabb tudnival\u00f3k<\/span><\/p>\n<ul class=\"kt_post_list\">\n<li><strong>\ud83d\udecb\ufe0f St\u00edlusos \u00e9s Praktikus Napf\u00e9nyes Szobab\u00fatorok:<\/strong> V\u00e1lassz k\u00e9nyelmes \u00fcl\u0151b\u00fatorokat, p\u00e9ld\u00e1ul sarokkanap\u00e9t vagy kih\u00fazhat\u00f3s \u00e1gyat, \u00e9s eg\u00e9sz\u00edtsd ki okos megold\u00e1sokkal, mint a t\u00e1rol\u00f3s puff vagy a t\u00f6bbfunkci\u00f3s asztalk\u00e1k \u2013 \u00edgy lesz igaz\u00e1n k\u00e9nyelmes \u00e9s praktikus a szob\u00e1d.<\/li>\n<li><strong>\ud83c\udf3f Tart\u00f3s anyagok napf\u00e9nyes szob\u00e1ba:<\/strong> Olyan anyagot v\u00e1lassz, mint a fonott rattan, a f\u0171zfa vagy az ak\u00e1cfa \u2013 ezek j\u00f3l b\u00edrj\u00e1k a p\u00e1r\u00e1t \u00e9s a h\u0151m\u00e9rs\u00e9klet-v\u00e1ltoz\u00e1st, mik\u00f6zben az id\u0151j\u00e1r\u00e1s\u00e1ll\u00f3 anyagok melegs\u00e9get \u00e9s text\u00far\u00e1t csemp\u00e9sznek a t\u00e9rbe.<\/li>\n<li><strong>\u2600\ufe0f \u00c1tgondolt b\u00fatorelrendez\u00e9s:<\/strong> Helyezd \u00fagy a b\u00fatorokat, hogy min\u00e9l t\u00f6bb term\u00e9szetes f\u00e9ny j\u00f6hessen be, \u00e9s k\u00fcl\u00f6n\u00edts el r\u00e9szeket pihen\u00e9shez, \u00e9tkez\u00e9shez vagy munk\u00e1hoz \u2013 \u00edgy a szoba t\u00e1gas \u00e9s l\u00e9gies marad.<\/li>\n<li><strong>\ud83c\udf31 Haszn\u00e1ld ki a f\u00fcgg\u0151leges helyet:<\/strong> Falra szerelhet\u0151 polcok, f\u00fcggesztett vir\u00e1gtart\u00f3k \u00e9s falra r\u00f6gz\u00edthet\u0151 \u00edr\u00f3asztalok n\u00f6velik a hasznos teret, an\u00e9lk\u00fcl, hogy zs\u00fafolts\u00e1got okozn\u00e1nak \u2013 \u00edgy a szoba egyszerre lesz praktikus \u00e9s mutat\u00f3s.<\/li>\n<\/ul>\n<\/div>\n<h2>Modern sarokkanap\u00e9 elrendez\u00e9s<\/h2>\n<p><img loading=\"lazy\" decoding=\"async\" width=\"700\" height=\"1050\" alt=\"Modern napf\u00e9nyes szoba puha sarokkanap\u00e9val, d\u00edszp\u00e1rn\u00e1kkal \u00e9s be\u00e1rad\u00f3 term\u00e9szetes f\u00e9nnyel a nagy ablakokon kereszt\u00fcl \u2013 \u00edgy igazi pihentet\u0151, bel-t\u00e9ri \u00e9s k\u00fclt\u00e9ri \u00e9lm\u00e9nyt ad.\" class=\"aligncenter size-full wp-image-4032\" src=\"https:\/\/doubletakedecor.com\/uploads\/2025\/08\/indoor-sunroom-furniture-ideas-dtd-01.jpg\" srcset=\"https:\/\/doubletakedecor.com\/uploads\/2025\/08\/indoor-sunroom-furniture-ideas-dtd-01.jpg 700w, https:\/\/doubletakedecor.com\/uploads\/2025\/08\/indoor-sunroom-furniture-ideas-dtd-01-200x300.jpg 200w, https:\/\/doubletakedecor.com\/uploads\/2025\/08\/indoor-sunroom-furniture-ideas-dtd-01-683x1024.jpg 683w, https:\/\/doubletakedecor.com\/uploads\/2025\/08\/indoor-sunroom-furniture-ideas-dtd-01-96x144.jpg 96w, https:\/\/doubletakedecor.com\/uploads\/2025\/08\/indoor-sunroom-furniture-ideas-dtd-01-280x420.jpg 280w, https:\/\/doubletakedecor.com\/uploads\/2025\/08\/indoor-sunroom-furniture-ideas-dtd-01-320x480.jpg 320w, https:\/\/doubletakedecor.com\/uploads\/2025\/08\/indoor-sunroom-furniture-ideas-dtd-01-360x540.jpg 360w, https:\/\/doubletakedecor.com\/uploads\/2025\/08\/indoor-sunroom-furniture-ideas-dtd-01-363x545.jpg 363w, https:\/\/doubletakedecor.com\/uploads\/2025\/08\/indoor-sunroom-furniture-ideas-dtd-01-370x555.jpg 370w, https:\/\/doubletakedecor.com\/uploads\/2025\/08\/indoor-sunroom-furniture-ideas-dtd-01-400x600.jpg 400w, https:\/\/doubletakedecor.com\/uploads\/2025\/08\/indoor-sunroom-furniture-ideas-dtd-01-560x840.jpg 560w, https:\/\/doubletakedecor.com\/uploads\/2025\/08\/indoor-sunroom-furniture-ideas-dtd-01-480x720.jpg 480w\" sizes=\"auto, (max-width: 700px) 100vw, 700px\" \/><\/p>\n<p>Helyezd a vil\u00e1gos sz\u00edn\u0171 sarokkanap\u00e9t a napf\u00e9nyes szoba k\u00f6z\u00e9ppontj\u00e1ba, \u00e9s dobj r\u00e1 k\u00fcl\u00f6nf\u00e9le d\u00edszp\u00e1rn\u00e1kat a k\u00e9nyelmes, puha hangulat\u00e9rt. J\u00f3l mutat mellette egy vil\u00e1gos sz\u0151nyeg \u00e9s egy f\u00e1b\u00f3l k\u00e9sz\u00fclt doh\u00e1nyz\u00f3asztal, ami melegs\u00e9get visz a t\u00e9rbe. Hagyd szabadon az ablakokat, hogy be\u00e1radjon a term\u00e9szetes f\u00e9ny, \u00e9s tegy\u00e9l n\u00e9h\u00e1ny cserepes n\u00f6v\u00e9nyt is, hogy er\u0151sebben kapcsol\u00f3dj a kinti vil\u00e1ghoz. A l\u00e1that\u00f3 gerend\u00e1k extra \u00e9rdekess\u00e9get adnak a szob\u00e1nak.<\/p>\n<h2>Eleg\u00e1ns \u00e9tkez\u0151 napf\u00e9nyes szob\u00e1ban<\/h2>\n<p><img loading=\"lazy\" decoding=\"async\" width=\"700\" height=\"1049\" alt=\"Eleg\u00e1ns napf\u00e9nyes szoba nagy ablakokkal, bord\u00f3 f\u00fcgg\u00f6ny\u00f6kkel, kerek asztallal b\u0151r sz\u00e9kekkel, sakkt\u00e1bl\u00e1val \u00e9s halsz\u00e1lka parkett\u00e1val.\" class=\"aligncenter size-full wp-image-4038\" src=\"https:\/\/doubletakedecor.com\/uploads\/2025\/08\/indoor-sunroom-furniture-ideas-dtd-02.jpg\" srcset=\"https:\/\/doubletakedecor.com\/uploads\/2025\/08\/indoor-sunroom-furniture-ideas-dtd-02.jpg 700w, https:\/\/doubletakedecor.com\/uploads\/2025\/08\/indoor-sunroom-furniture-ideas-dtd-02-200x300.jpg 200w, https:\/\/doubletakedecor.com\/uploads\/2025\/08\/indoor-sunroom-furniture-ideas-dtd-02-683x1024.jpg 683w, https:\/\/doubletakedecor.com\/uploads\/2025\/08\/indoor-sunroom-furniture-ideas-dtd-02-96x144.jpg 96w, https:\/\/doubletakedecor.com\/uploads\/2025\/08\/indoor-sunroom-furniture-ideas-dtd-02-280x420.jpg 280w, https:\/\/doubletakedecor.com\/uploads\/2025\/08\/indoor-sunroom-furniture-ideas-dtd-02-320x480.jpg 320w, https:\/\/doubletakedecor.com\/uploads\/2025\/08\/indoor-sunroom-furniture-ideas-dtd-02-360x539.jpg 360w, https:\/\/doubletakedecor.com\/uploads\/2025\/08\/indoor-sunroom-furniture-ideas-dtd-02-363x544.jpg 363w, https:\/\/doubletakedecor.com\/uploads\/2025\/08\/indoor-sunroom-furniture-ideas-dtd-02-370x554.jpg 370w, https:\/\/doubletakedecor.com\/uploads\/2025\/08\/indoor-sunroom-furniture-ideas-dtd-02-400x599.jpg 400w, https:\/\/doubletakedecor.com\/uploads\/2025\/08\/indoor-sunroom-furniture-ideas-dtd-02-560x839.jpg 560w, https:\/\/doubletakedecor.com\/uploads\/2025\/08\/indoor-sunroom-furniture-ideas-dtd-02-480x719.jpg 480w\" sizes=\"auto, (max-width: 700px) 100vw, 700px\" \/><\/p>\n<p>Alak\u00edts ki egy eleg\u00e1ns \u00e9tkez\u0151sarkot a napf\u00e9nyes szob\u00e1ban kerek asztallal \u00e9s steppelt b\u0151rsz\u00e9kekkel. A gazdag, bord\u00f3 f\u00fcgg\u00f6ny\u00f6k eleganci\u00e1t visznek a t\u00e9rbe, de a f\u00e9nyt is beengedik. Tegy\u00e9l egy cserepes n\u00f6v\u00e9nyt, hogy frissebb legyen a hangulat, \u00e9s gondolj t\u00e1rsasj\u00e1t\u00e9kokra is a kikapcsol\u00f3d\u00e1shoz. A halsz\u00e1lka parketta pedig csak fokozza a luxus\u00e9rz\u00e9st.<\/p>\n<h2>Rusztikus fa \u00e9tkez\u0151szett<\/h2>\n<p><img loading=\"lazy\" decoding=\"async\" width=\"700\" height=\"1049\" alt=\"Fa \u00e9tkez\u0151asztal d\u00f6nt\u00f6tt l\u00e1bakkal, k\u00f6rben sz\u00e9kekkel, felette gyertyacsill\u00e1rral, nagy ablakokkal \u2013 \u00edgy rengeteg term\u00e9szetes f\u00e9ny jut be.\" class=\"aligncenter size-full wp-image-4044\" src=\"https:\/\/doubletakedecor.com\/uploads\/2025\/08\/indoor-sunroom-furniture-ideas-dtd-03.jpg\" srcset=\"https:\/\/doubletakedecor.com\/uploads\/2025\/08\/indoor-sunroom-furniture-ideas-dtd-03.jpg 700w, https:\/\/doubletakedecor.com\/uploads\/2025\/08\/indoor-sunroom-furniture-ideas-dtd-03-200x300.jpg 200w, https:\/\/doubletakedecor.com\/uploads\/2025\/08\/indoor-sunroom-furniture-ideas-dtd-03-683x1024.jpg 683w, https:\/\/doubletakedecor.com\/uploads\/2025\/08\/indoor-sunroom-furniture-ideas-dtd-03-96x144.jpg 96w, https:\/\/doubletakedecor.com\/uploads\/2025\/08\/indoor-sunroom-furniture-ideas-dtd-03-280x420.jpg 280w, https:\/\/doubletakedecor.com\/uploads\/2025\/08\/indoor-sunroom-furniture-ideas-dtd-03-320x480.jpg 320w, https:\/\/doubletakedecor.com\/uploads\/2025\/08\/indoor-sunroom-furniture-ideas-dtd-03-360x539.jpg 360w, https:\/\/doubletakedecor.com\/uploads\/2025\/08\/indoor-sunroom-furniture-ideas-dtd-03-363x544.jpg 363w, https:\/\/doubletakedecor.com\/uploads\/2025\/08\/indoor-sunroom-furniture-ideas-dtd-03-370x554.jpg 370w, https:\/\/doubletakedecor.com\/uploads\/2025\/08\/indoor-sunroom-furniture-ideas-dtd-03-400x599.jpg 400w, https:\/\/doubletakedecor.com\/uploads\/2025\/08\/indoor-sunroom-furniture-ideas-dtd-03-560x839.jpg 560w, https:\/\/doubletakedecor.com\/uploads\/2025\/08\/indoor-sunroom-furniture-ideas-dtd-03-480x719.jpg 480w\" sizes=\"auto, (max-width: 700px) 100vw, 700px\" \/><\/p>\n<p>Hozd be a term\u00e9szet hangulat\u00e1t a napf\u00e9nyes szob\u00e1ba: helyezz el egy k\u00fcl\u00f6nleges, ferde l\u00e1b\u00fa, f\u00e1b\u00f3l k\u00e9sz\u00fclt asztalt a szoba k\u00f6zep\u00e9re. V\u00e1lassz hozz\u00e1 nyitott h\u00e1t\u00fa sz\u00e9keket, a fonott \u00fcl\u00e9ssel plusz text\u00far\u00e1t csemp\u00e9szel a sarokba. N\u00e9h\u00e1ny nagy level\u0171 n\u00f6v\u00e9ny k\u00f6z\u00e9pre, az ablak k\u00f6zel\u00e9ben pedig m\u00e9g t\u00f6bb napf\u00e9ny. Egy mint\u00e1s sz\u0151nyeg lehorgonyozza a teret \u00e9s puh\u00edtja a fa padl\u00f3t.<\/p>\n<h2>Ekletikus napf\u00e9nyes szoba ring\u00f3 sz\u00e9kkel<\/h2>\n<p><img loading=\"lazy\" decoding=\"async\" width=\"700\" height=\"1050\" alt=\"Hangulatos napf\u00e9nyes szoba fekete hintasz\u00e9kkel, piros kisasztallal \u00e9s k\u00e9nyelmes kanap\u00e9val, rajta sz\u00ednes p\u00e1rn\u00e1kkal, term\u00e9szetes f\u00e9nnyel \u00e9s z\u00f6ld n\u00f6v\u00e9nyekkel.\" class=\"aligncenter size-full wp-image-4050\" src=\"https:\/\/doubletakedecor.com\/uploads\/2025\/08\/indoor-sunroom-furniture-ideas-dtd-04.jpg\" srcset=\"https:\/\/doubletakedecor.com\/uploads\/2025\/08\/indoor-sunroom-furniture-ideas-dtd-04.jpg 700w, https:\/\/doubletakedecor.com\/uploads\/2025\/08\/indoor-sunroom-furniture-ideas-dtd-04-200x300.jpg 200w, https:\/\/doubletakedecor.com\/uploads\/2025\/08\/indoor-sunroom-furniture-ideas-dtd-04-683x1024.jpg 683w, https:\/\/doubletakedecor.com\/uploads\/2025\/08\/indoor-sunroom-furniture-ideas-dtd-04-96x144.jpg 96w, https:\/\/doubletakedecor.com\/uploads\/2025\/08\/indoor-sunroom-furniture-ideas-dtd-04-280x420.jpg 280w, https:\/\/doubletakedecor.com\/uploads\/2025\/08\/indoor-sunroom-furniture-ideas-dtd-04-320x480.jpg 320w, https:\/\/doubletakedecor.com\/uploads\/2025\/08\/indoor-sunroom-furniture-ideas-dtd-04-360x540.jpg 360w, https:\/\/doubletakedecor.com\/uploads\/2025\/08\/indoor-sunroom-furniture-ideas-dtd-04-363x545.jpg 363w, https:\/\/doubletakedecor.com\/uploads\/2025\/08\/indoor-sunroom-furniture-ideas-dtd-04-370x555.jpg 370w, https:\/\/doubletakedecor.com\/uploads\/2025\/08\/indoor-sunroom-furniture-ideas-dtd-04-400x600.jpg 400w, https:\/\/doubletakedecor.com\/uploads\/2025\/08\/indoor-sunroom-furniture-ideas-dtd-04-560x840.jpg 560w, https:\/\/doubletakedecor.com\/uploads\/2025\/08\/indoor-sunroom-furniture-ideas-dtd-04-480x720.jpg 480w\" sizes=\"auto, (max-width: 700px) 100vw, 700px\" \/><\/p>\n<p>Alak\u00edts ki vid\u00e1m, \u00e9l\u00e9nk hangulatot k\u00fcl\u00f6nb\u00f6z\u0151 text\u00far\u00e1k \u00e9s sz\u00ednek kever\u00e9s\u00e9vel. Egy klasszikus fekete hintasz\u00e9k mell\u00e9 ker\u00fclj\u00f6n puha, sz\u00ednes p\u00e1rn\u00e1kkal feldobott kanap\u00e9. Dobd fel a teret egy vag\u00e1ny piros asztalk\u00e1val is a l\u00e1tv\u00e1ny kedv\u00e9\u00e9rt. Fonott kos\u00e1rban tartott cserepes n\u00f6v\u00e9nyek hozz\u00e1k be a term\u00e9szet \u00e9rzet\u00e9t, az \u00e1ttetsz\u0151 f\u00fcgg\u00f6ny\u00f6k pedig beengedik a napf\u00e9nyt mik\u00f6zben intimit\u00e1st is biztos\u00edtanak.<\/p>\n<h2>Rattan \u00fcl\u0151garnit\u00fara term\u00e9szetes kieg\u00e9sz\u00edt\u0151kkel<\/h2>\n<p><img loading=\"lazy\" decoding=\"async\" width=\"700\" height=\"1050\" alt=\"Napf\u00e9nyes szoba rattan b\u00fatorokkal \u2013 feh\u00e9r p\u00e1rn\u00e1s sz\u00f3fa, karossz\u00e9k, puff, k\u00f6r\u00fcl\u00f6tt\u00fck cserepes n\u00f6v\u00e9nyek \u00e9s semleges sz\u0151nyeg.\" class=\"aligncenter size-full wp-image-4056\" src=\"https:\/\/doubletakedecor.com\/uploads\/2025\/08\/indoor-sunroom-furniture-ideas-dtd-05.jpg\" srcset=\"https:\/\/doubletakedecor.com\/uploads\/2025\/08\/indoor-sunroom-furniture-ideas-dtd-05.jpg 700w, https:\/\/doubletakedecor.com\/uploads\/2025\/08\/indoor-sunroom-furniture-ideas-dtd-05-200x300.jpg 200w, https:\/\/doubletakedecor.com\/uploads\/2025\/08\/indoor-sunroom-furniture-ideas-dtd-05-683x1024.jpg 683w, https:\/\/doubletakedecor.com\/uploads\/2025\/08\/indoor-sunroom-furniture-ideas-dtd-05-96x144.jpg 96w, https:\/\/doubletakedecor.com\/uploads\/2025\/08\/indoor-sunroom-furniture-ideas-dtd-05-280x420.jpg 280w, https:\/\/doubletakedecor.com\/uploads\/2025\/08\/indoor-sunroom-furniture-ideas-dtd-05-320x480.jpg 320w, https:\/\/doubletakedecor.com\/uploads\/2025\/08\/indoor-sunroom-furniture-ideas-dtd-05-360x540.jpg 360w, https:\/\/doubletakedecor.com\/uploads\/2025\/08\/indoor-sunroom-furniture-ideas-dtd-05-363x545.jpg 363w, https:\/\/doubletakedecor.com\/uploads\/2025\/08\/indoor-sunroom-furniture-ideas-dtd-05-370x555.jpg 370w, https:\/\/doubletakedecor.com\/uploads\/2025\/08\/indoor-sunroom-furniture-ideas-dtd-05-400x600.jpg 400w, https:\/\/doubletakedecor.com\/uploads\/2025\/08\/indoor-sunroom-furniture-ideas-dtd-05-560x840.jpg 560w, https:\/\/doubletakedecor.com\/uploads\/2025\/08\/indoor-sunroom-furniture-ideas-dtd-05-480x720.jpg 480w\" sizes=\"auto, (max-width: 700px) 100vw, 700px\" \/><\/p>\n<p>Alak\u00edtsd \u00e1t a szob\u00e1t nyugodt, b\u00e9k\u00e9s t\u00e9rr\u00e9 id\u0151j\u00e1r\u00e1s\u00e1ll\u00f3, rattan \u00fcl\u0151garnit\u00far\u00e1val \u00e9s puha feh\u00e9r p\u00e1rn\u00e1kkal. \u00dagy helyezd el az \u00fcl\u00e9seket, hogy min\u00e9l jobb kil\u00e1t\u00e1s ny\u00edljon a nagy ablakokon \u00e1t. Tegy\u00e9l t\u00f6bbf\u00e9le magass\u00e1g\u00fa cserepes n\u00f6v\u00e9nyt, \u00edgy igazi kerti hangulatot teremthetsz bent is. Egy semleges \u00e1rnyalat\u00fa sz\u0151nyeg keretezi a t\u00e1rsalg\u00f3 r\u00e9szt, mik\u00f6zben meg\u0151rzi a t\u00e1gas, szell\u0151s \u00e9rz\u00e9st.<\/p>\n<h2>Tengerparti st\u00edlus\u00fa \u00fcl\u0151sarok napf\u00e9nyes szob\u00e1ba<\/h2>\n<p><img loading=\"lazy\" decoding=\"async\" width=\"700\" height=\"1050\" alt=\"Vil\u00e1gos napf\u00e9nyes szoba L-alak\u00fa kanap\u00e9val, k\u00e9k fotellel, f\u00e1b\u00f3l k\u00e9sz\u00fclt doh\u00e1nyz\u00f3asztallal \u00e9s sok term\u00e9szetes f\u00e9nnyel, \u00e1ttetsz\u0151 f\u00fcgg\u00f6ny\u00f6n \u00e1t.\" class=\"aligncenter size-full wp-image-4062\" src=\"https:\/\/doubletakedecor.com\/uploads\/2025\/08\/indoor-sunroom-furniture-ideas-dtd-06.jpg\" srcset=\"https:\/\/doubletakedecor.com\/uploads\/2025\/08\/indoor-sunroom-furniture-ideas-dtd-06.jpg 700w, https:\/\/doubletakedecor.com\/uploads\/2025\/08\/indoor-sunroom-furniture-ideas-dtd-06-200x300.jpg 200w, https:\/\/doubletakedecor.com\/uploads\/2025\/08\/indoor-sunroom-furniture-ideas-dtd-06-683x1024.jpg 683w, https:\/\/doubletakedecor.com\/uploads\/2025\/08\/indoor-sunroom-furniture-ideas-dtd-06-96x144.jpg 96w, https:\/\/doubletakedecor.com\/uploads\/2025\/08\/indoor-sunroom-furniture-ideas-dtd-06-280x420.jpg 280w, https:\/\/doubletakedecor.com\/uploads\/2025\/08\/indoor-sunroom-furniture-ideas-dtd-06-320x480.jpg 320w, https:\/\/doubletakedecor.com\/uploads\/2025\/08\/indoor-sunroom-furniture-ideas-dtd-06-360x540.jpg 360w, https:\/\/doubletakedecor.com\/uploads\/2025\/08\/indoor-sunroom-furniture-ideas-dtd-06-363x545.jpg 363w, https:\/\/doubletakedecor.com\/uploads\/2025\/08\/indoor-sunroom-furniture-ideas-dtd-06-370x555.jpg 370w, https:\/\/doubletakedecor.com\/uploads\/2025\/08\/indoor-sunroom-furniture-ideas-dtd-06-400x600.jpg 400w, https:\/\/doubletakedecor.com\/uploads\/2025\/08\/indoor-sunroom-furniture-ideas-dtd-06-560x840.jpg 560w, https:\/\/doubletakedecor.com\/uploads\/2025\/08\/indoor-sunroom-furniture-ideas-dtd-06-480x720.jpg 480w\" sizes=\"auto, (max-width: 700px) 100vw, 700px\" \/><\/p>\n<p>Teremts nyugodt, tengerparti hangulatot egy vil\u00e1gos L-alak\u00fa kanap\u00e9val, mell\u00e9 p\u00e1ros\u00edts k\u00e9k fotelt. Dobd fel a kompoz\u00edci\u00f3t term\u00e9szetes elemekkel, p\u00e9ld\u00e1ul fa doh\u00e1nyz\u00f3asztallal \u00e9s cserepes n\u00f6v\u00e9nyekkel. Haszn\u00e1lj \u00e1ttetsz\u0151 f\u00fcgg\u00f6nyt, hogy sok f\u00e9ny jusson be, de a priv\u00e1t szf\u00e9ra is megmaradjon. Egy s\u00f6t\u00e9tebb sz\u0151nyeg pedig sz\u00e9pen kiemeli a teret.<\/p>\n<h2>Vid\u00e1m, vegyes \u00fcl\u0151alkalmatoss\u00e1g\u00fa napf\u00e9nyes szoba<\/h2>\n<p><img loading=\"lazy\" decoding=\"async\" width=\"700\" height=\"1049\" alt=\"Vil\u00e1gos napf\u00e9nyes szoba sz\u00fcrke kanap\u00e9val, t\u00fcrkiz fotelekkel, s\u00f6t\u00e9t doh\u00e1nyz\u00f3asztallal, k\u00e9k sz\u0151nyeggel \u00e9s sok n\u00f6v\u00e9nnyel, term\u00e9szetes f\u00e9nyben f\u00fcr\u00f6dve.\" class=\"aligncenter size-full wp-image-4068\" src=\"https:\/\/doubletakedecor.com\/uploads\/2025\/08\/indoor-sunroom-furniture-ideas-dtd-07.jpg\" srcset=\"https:\/\/doubletakedecor.com\/uploads\/2025\/08\/indoor-sunroom-furniture-ideas-dtd-07.jpg 700w, https:\/\/doubletakedecor.com\/uploads\/2025\/08\/indoor-sunroom-furniture-ideas-dtd-07-200x300.jpg 200w, https:\/\/doubletakedecor.com\/uploads\/2025\/08\/indoor-sunroom-furniture-ideas-dtd-07-683x1024.jpg 683w, https:\/\/doubletakedecor.com\/uploads\/2025\/08\/indoor-sunroom-furniture-ideas-dtd-07-96x144.jpg 96w, https:\/\/doubletakedecor.com\/uploads\/2025\/08\/indoor-sunroom-furniture-ideas-dtd-07-280x420.jpg 280w, https:\/\/doubletakedecor.com\/uploads\/2025\/08\/indoor-sunroom-furniture-ideas-dtd-07-320x480.jpg 320w, https:\/\/doubletakedecor.com\/uploads\/2025\/08\/indoor-sunroom-furniture-ideas-dtd-07-360x539.jpg 360w, https:\/\/doubletakedecor.com\/uploads\/2025\/08\/indoor-sunroom-furniture-ideas-dtd-07-363x544.jpg 363w, https:\/\/doubletakedecor.com\/uploads\/2025\/08\/indoor-sunroom-furniture-ideas-dtd-07-370x554.jpg 370w, https:\/\/doubletakedecor.com\/uploads\/2025\/08\/indoor-sunroom-furniture-ideas-dtd-07-400x599.jpg 400w, https:\/\/doubletakedecor.com\/uploads\/2025\/08\/indoor-sunroom-furniture-ideas-dtd-07-560x839.jpg 560w, https:\/\/doubletakedecor.com\/uploads\/2025\/08\/indoor-sunroom-furniture-ideas-dtd-07-480x719.jpg 480w\" sizes=\"auto, (max-width: 700px) 100vw, 700px\" \/><\/p>\n<p>Hozz l\u00e9tre sokoldal\u00fa, besz\u00e9lget\u0151s sarkot mint\u00e1s sz\u00f3fa \u00e9s hozz\u00e1 ill\u0151, de m\u00e1s-m\u00e1s sz\u00edn\u0171 fotelek p\u00e1ros\u00edt\u00e1s\u00e1val. Egy mint\u00e1s sz\u0151nyeg \u00f6sszefogja a sz\u00ednes b\u00fatorokat, a v\u00e1ltozatos d\u00edszp\u00e1rn\u00e1k pedig karaktert adnak a t\u00e9rnek. Term\u00e9szetes elemekr\u0151l se feledkezz meg: tegy\u00e9l cserepes n\u00f6v\u00e9nyeket a szob\u00e1ba. Az alacsony doh\u00e1nyz\u00f3asztalt k\u00f6z\u00e9pen helyezd el, hogy ne zavarja a kil\u00e1t\u00e1st vagy a besz\u00e9lget\u00e9st.<\/p>\n<h2>Megnyugtat\u00f3, k\u00e9k olvas\u00f3kuck\u00f3<\/h2>\n<p><img loading=\"lazy\" decoding=\"async\" width=\"700\" height=\"1049\" alt=\"K\u00e9nyelmes napf\u00e9nyes szoba k\u00e9t \u00e9gsz\u00ednk\u00e9k fotellel, d\u00edszp\u00e1rn\u00e1kkal, rusztikus faasztallal, padl\u00f3t\u00f3l plafonig ablakokkal, kertre n\u00e9z\u0151 kil\u00e1t\u00e1ssal.\" class=\"aligncenter size-full wp-image-4074\" src=\"https:\/\/doubletakedecor.com\/uploads\/2025\/08\/indoor-sunroom-furniture-ideas-dtd-08.jpg\" srcset=\"https:\/\/doubletakedecor.com\/uploads\/2025\/08\/indoor-sunroom-furniture-ideas-dtd-08.jpg 700w, https:\/\/doubletakedecor.com\/uploads\/2025\/08\/indoor-sunroom-furniture-ideas-dtd-08-200x300.jpg 200w, https:\/\/doubletakedecor.com\/uploads\/2025\/08\/indoor-sunroom-furniture-ideas-dtd-08-683x1024.jpg 683w, https:\/\/doubletakedecor.com\/uploads\/2025\/08\/indoor-sunroom-furniture-ideas-dtd-08-96x144.jpg 96w, https:\/\/doubletakedecor.com\/uploads\/2025\/08\/indoor-sunroom-furniture-ideas-dtd-08-280x420.jpg 280w, https:\/\/doubletakedecor.com\/uploads\/2025\/08\/indoor-sunroom-furniture-ideas-dtd-08-320x480.jpg 320w, https:\/\/doubletakedecor.com\/uploads\/2025\/08\/indoor-sunroom-furniture-ideas-dtd-08-360x539.jpg 360w, https:\/\/doubletakedecor.com\/uploads\/2025\/08\/indoor-sunroom-furniture-ideas-dtd-08-363x544.jpg 363w, https:\/\/doubletakedecor.com\/uploads\/2025\/08\/indoor-sunroom-furniture-ideas-dtd-08-370x554.jpg 370w, https:\/\/doubletakedecor.com\/uploads\/2025\/08\/indoor-sunroom-furniture-ideas-dtd-08-400x599.jpg 400w, https:\/\/doubletakedecor.com\/uploads\/2025\/08\/indoor-sunroom-furniture-ideas-dtd-08-560x839.jpg 560w, https:\/\/doubletakedecor.com\/uploads\/2025\/08\/indoor-sunroom-furniture-ideas-dtd-08-480x719.jpg 480w\" sizes=\"auto, (max-width: 700px) 100vw, 700px\" \/><\/p>\n<p>V\u00e1lassz k\u00e9nyelmes, puha fotelt megnyugtat\u00f3 k\u00e9k \u00e1rnyalatban, \u00fcltesd \u0151ket egym\u00e1ssal szembe, k\u00f6zt\u00fck egy rusztikus kisfaasztallal a kontraszthoz. Hangulatvil\u00e1g\u00edt\u00e1sr\u00f3l \u00e1ll\u00f3l\u00e1mp\u00e1val gondoskodj, d\u00edszp\u00e1rn\u00e1kkal pedig m\u00e9g otthonosabb\u00e1 teheted a helyet. \u00cdgy a szoba term\u00e9szetes f\u00e9nye mellett t\u00f6k\u00e9letes hely lesz reggeli k\u00e1v\u00e9hoz vagy esti olvas\u00e1shoz.<\/p>\n<h2>Napf\u00e9nyes elegancia modern k\u00e9nyelemmel<\/h2>\n<p><img loading=\"lazy\" decoding=\"async\" width=\"700\" height=\"1050\" alt=\"Napf\u00e9nyes nappali, fa burkolat\u00fa mennyezettel, sz\u00fcrke kanap\u00e9val, sz\u00ednes p\u00e1rn\u00e1kkal \u00e9s modern fekete-feh\u00e9r fotellel, term\u00e9szetes f\u00e9nyben f\u00fcr\u00f6dve.\" class=\"aligncenter size-full wp-image-4080\" src=\"https:\/\/doubletakedecor.com\/uploads\/2025\/08\/indoor-sunroom-furniture-ideas-dtd-09.jpg\" srcset=\"https:\/\/doubletakedecor.com\/uploads\/2025\/08\/indoor-sunroom-furniture-ideas-dtd-09.jpg 700w, https:\/\/doubletakedecor.com\/uploads\/2025\/08\/indoor-sunroom-furniture-ideas-dtd-09-200x300.jpg 200w, https:\/\/doubletakedecor.com\/uploads\/2025\/08\/indoor-sunroom-furniture-ideas-dtd-09-683x1024.jpg 683w, https:\/\/doubletakedecor.com\/uploads\/2025\/08\/indoor-sunroom-furniture-ideas-dtd-09-96x144.jpg 96w, https:\/\/doubletakedecor.com\/uploads\/2025\/08\/indoor-sunroom-furniture-ideas-dtd-09-280x420.jpg 280w, https:\/\/doubletakedecor.com\/uploads\/2025\/08\/indoor-sunroom-furniture-ideas-dtd-09-320x480.jpg 320w, https:\/\/doubletakedecor.com\/uploads\/2025\/08\/indoor-sunroom-furniture-ideas-dtd-09-360x540.jpg 360w, https:\/\/doubletakedecor.com\/uploads\/2025\/08\/indoor-sunroom-furniture-ideas-dtd-09-363x545.jpg 363w, https:\/\/doubletakedecor.com\/uploads\/2025\/08\/indoor-sunroom-furniture-ideas-dtd-09-370x555.jpg 370w, https:\/\/doubletakedecor.com\/uploads\/2025\/08\/indoor-sunroom-furniture-ideas-dtd-09-400x600.jpg 400w, https:\/\/doubletakedecor.com\/uploads\/2025\/08\/indoor-sunroom-furniture-ideas-dtd-09-560x840.jpg 560w, https:\/\/doubletakedecor.com\/uploads\/2025\/08\/indoor-sunroom-furniture-ideas-dtd-09-480x720.jpg 480w\" sizes=\"auto, (max-width: 700px) 100vw, 700px\" \/><\/p>\n<p>Helyezd \u00fagy az \u00fcl\u0151b\u00fatorokat, hogy az ablakok fel\u00e9 n\u00e9zzenek, \u00edgy ak\u00e1r kil\u00e1tni, ak\u00e1r besz\u00e9lgetni szeretn\u00e9l, mindig vil\u00e1gos \u00e9s nyitott marad a t\u00e9r. K\u00fcl\u00f6nb\u00f6z\u0151 p\u00e1rn\u00e1k \u00e9s takar\u00f3k izgalmasabb\u00e1, r\u00e9tegesebb\u00e9 teszik a szob\u00e1t. Kombin\u00e1ld a fa elemeket modern b\u00fatorokkal a letisztult, id\u0151t\u00e1ll\u00f3 st\u00edlus\u00e9rt, \u00e9s tegy\u00e9l n\u00e9h\u00e1ny n\u00f6v\u00e9nyt, hogy tov\u00e1bb er\u0151s\u00edtsd a term\u00e9szetk\u00f6zeli \u00e9rz\u00e9st.<\/p>\n<h2>Fonott, tengerparti st\u00edlus\u00fa \u00e9tkez\u0151garnit\u00fara<\/h2>\n<p><img loading=\"lazy\" decoding=\"async\" width=\"700\" height=\"1050\" alt=\"Vil\u00e1gos napf\u00e9nyes szoba kerek feh\u00e9r asztallal, fonott sz\u00e9kekkel, \u00fcveg csill\u00e1rral, k\u00e9k f\u00fcgg\u00f6nnyel \u00e9s hangulatos n\u00f6v\u00e9nyekkel \u2013 mindez t\u00f6k\u00e9letes tengerparti \u00e9tkez\u0151h\u00f6z.\" class=\"aligncenter size-full wp-image-4086\" src=\"https:\/\/doubletakedecor.com\/uploads\/2025\/08\/indoor-sunroom-furniture-ideas-dtd-10.jpg\" srcset=\"https:\/\/doubletakedecor.com\/uploads\/2025\/08\/indoor-sunroom-furniture-ideas-dtd-10.jpg 700w, https:\/\/doubletakedecor.com\/uploads\/2025\/08\/indoor-sunroom-furniture-ideas-dtd-10-200x300.jpg 200w, https:\/\/doubletakedecor.com\/uploads\/2025\/08\/indoor-sunroom-furniture-ideas-dtd-10-683x1024.jpg 683w, https:\/\/doubletakedecor.com\/uploads\/2025\/08\/indoor-sunroom-furniture-ideas-dtd-10-96x144.jpg 96w, https:\/\/doubletakedecor.com\/uploads\/2025\/08\/indoor-sunroom-furniture-ideas-dtd-10-280x420.jpg 280w, https:\/\/doubletakedecor.com\/uploads\/2025\/08\/indoor-sunroom-furniture-ideas-dtd-10-320x480.jpg 320w, https:\/\/doubletakedecor.com\/uploads\/2025\/08\/indoor-sunroom-furniture-ideas-dtd-10-360x540.jpg 360w, https:\/\/doubletakedecor.com\/uploads\/2025\/08\/indoor-sunroom-furniture-ideas-dtd-10-363x545.jpg 363w, https:\/\/doubletakedecor.com\/uploads\/2025\/08\/indoor-sunroom-furniture-ideas-dtd-10-370x555.jpg 370w, https:\/\/doubletakedecor.com\/uploads\/2025\/08\/indoor-sunroom-furniture-ideas-dtd-10-400x600.jpg 400w, https:\/\/doubletakedecor.com\/uploads\/2025\/08\/indoor-sunroom-furniture-ideas-dtd-10-560x840.jpg 560w, https:\/\/doubletakedecor.com\/uploads\/2025\/08\/indoor-sunroom-furniture-ideas-dtd-10-480x720.jpg 480w\" sizes=\"auto, (max-width: 700px) 100vw, 700px\" \/><\/p>\n<p>Hozz l\u00e9tre nyugodt, vil\u00e1gos \u00e9tkez\u0151teret term\u00e9szetes, fonott sz\u00e9kekkel \u00e9s tiszta, feh\u00e9r asztallal. K\u00e9k mint\u00e1s f\u00fcgg\u00f6ny\u00f6kkel \u00e9s semleges rol\u00f3val szab\u00e1lyozhatod a be\u00e1rad\u00f3 f\u00e9nyt. Az \u00fcveg l\u00e1mpa \u00e9s a j\u00f3l elhelyezett z\u00f6ld n\u00f6v\u00e9nyek m\u00e9g \u00e9rdekesebb\u00e9 var\u00e1zsolj\u00e1k a szob\u00e1t. Egy mint\u00e1s sz\u0151nyeg kijel\u00f6li az \u00e9tkez\u0151r\u00e9szt \u00e9s m\u00e9g k\u00e9nyelmesebb\u00e9 teszi az \u00e9tkez\u00e9st.<\/p>\n<h2>Tengerparti hangulat\u00fa napf\u00e9nyes \u00e9tkez\u0151<\/h2>\n<p><img loading=\"lazy\" decoding=\"async\" width=\"700\" height=\"1050\" alt=\"Vil\u00e1gos \u00e9tkez\u0151, feh\u00e9r-k\u00e9k cs\u00edkos sz\u00e9kekkel, feh\u00e9r asztallal, f\u00fcgg\u0151l\u00e1mp\u00e1kkal \u00e9s tengerparti dekorral, term\u00e9szetes napf\u00e9nyben.\" class=\"aligncenter size-full wp-image-4092\" src=\"https:\/\/doubletakedecor.com\/uploads\/2025\/08\/indoor-sunroom-furniture-ideas-dtd-11.jpg\" srcset=\"https:\/\/doubletakedecor.com\/uploads\/2025\/08\/indoor-sunroom-furniture-ideas-dtd-11.jpg 700w, https:\/\/doubletakedecor.com\/uploads\/2025\/08\/indoor-sunroom-furniture-ideas-dtd-11-200x300.jpg 200w, https:\/\/doubletakedecor.com\/uploads\/2025\/08\/indoor-sunroom-furniture-ideas-dtd-11-683x1024.jpg 683w, https:\/\/doubletakedecor.com\/uploads\/2025\/08\/indoor-sunroom-furniture-ideas-dtd-11-96x144.jpg 96w, https:\/\/doubletakedecor.com\/uploads\/2025\/08\/indoor-sunroom-furniture-ideas-dtd-11-280x420.jpg 280w, https:\/\/doubletakedecor.com\/uploads\/2025\/08\/indoor-sunroom-furniture-ideas-dtd-11-320x480.jpg 320w, https:\/\/doubletakedecor.com\/uploads\/2025\/08\/indoor-sunroom-furniture-ideas-dtd-11-360x540.jpg 360w, https:\/\/doubletakedecor.com\/uploads\/2025\/08\/indoor-sunroom-furniture-ideas-dtd-11-363x545.jpg 363w, https:\/\/doubletakedecor.com\/uploads\/2025\/08\/indoor-sunroom-furniture-ideas-dtd-11-370x555.jpg 370w, https:\/\/doubletakedecor.com\/uploads\/2025\/08\/indoor-sunroom-furniture-ideas-dtd-11-400x600.jpg 400w, https:\/\/doubletakedecor.com\/uploads\/2025\/08\/indoor-sunroom-furniture-ideas-dtd-11-560x840.jpg 560w, https:\/\/doubletakedecor.com\/uploads\/2025\/08\/indoor-sunroom-furniture-ideas-dtd-11-480x720.jpg 480w\" sizes=\"auto, (max-width: 700px) 100vw, 700px\" \/><\/p>\n<p>Alak\u00edts ki friss, tengerparti hangulat\u00fa \u00e9tkez\u0151t feh\u00e9r-k\u00e9k cs\u00edkos sz\u00e9kekkel \u00e9s l\u00e1tv\u00e1nyos l\u00e1mp\u00e1val. Dobd fel gy\u00fcm\u00f6lcst\u00e1llal \u00e9s cserepes n\u00f6v\u00e9nyekkel, hogy term\u00e9szetes legyen a t\u00e9r. Az asztalt helyezd \u00fagy, hogy a nagy ablakokon vagy \u00fcvegajt\u00f3kon \u00e1t kintre l\u00e1thass \u2013 \u00edgy eg\u00e9sz \u00e9vben \u00e9lvezheted a belt\u00e9ri k\u00e9nyelmet \u00e9s a kinti sz\u00e9ps\u00e9get egyszerre.<\/p>\n<h2>\u00cdves sarokkanap\u00e9 a napf\u00e9nyes sarokban<\/h2>\n<p><img loading=\"lazy\" decoding=\"async\" width=\"700\" height=\"1050\" alt=\"Napf\u00e9nyes \u00fcl\u0151sarok \u00edves, z\u00f6ldesk\u00e9k sarokkanap\u00e9val, mint\u00e1s p\u00e1rn\u00e1kkal, fonott doh\u00e1nyz\u00f3asztallal, n\u00f6v\u00e9nyekkel \u00e9s bambusz rol\u00f3val.\" class=\"aligncenter size-full wp-image-4098\" src=\"https:\/\/doubletakedecor.com\/uploads\/2025\/08\/indoor-sunroom-furniture-ideas-dtd-12.jpg\" srcset=\"https:\/\/doubletakedecor.com\/uploads\/2025\/08\/indoor-sunroom-furniture-ideas-dtd-12.jpg 700w, https:\/\/doubletakedecor.com\/uploads\/2025\/08\/indoor-sunroom-furniture-ideas-dtd-12-200x300.jpg 200w, https:\/\/doubletakedecor.com\/uploads\/2025\/08\/indoor-sunroom-furniture-ideas-dtd-12-683x1024.jpg 683w, https:\/\/doubletakedecor.com\/uploads\/2025\/08\/indoor-sunroom-furniture-ideas-dtd-12-96x144.jpg 96w, https:\/\/doubletakedecor.com\/uploads\/2025\/08\/indoor-sunroom-furniture-ideas-dtd-12-280x420.jpg 280w, https:\/\/doubletakedecor.com\/uploads\/2025\/08\/indoor-sunroom-furniture-ideas-dtd-12-320x480.jpg 320w, https:\/\/doubletakedecor.com\/uploads\/2025\/08\/indoor-sunroom-furniture-ideas-dtd-12-360x540.jpg 360w, https:\/\/doubletakedecor.com\/uploads\/2025\/08\/indoor-sunroom-furniture-ideas-dtd-12-363x545.jpg 363w, https:\/\/doubletakedecor.com\/uploads\/2025\/08\/indoor-sunroom-furniture-ideas-dtd-12-370x555.jpg 370w, https:\/\/doubletakedecor.com\/uploads\/2025\/08\/indoor-sunroom-furniture-ideas-dtd-12-400x600.jpg 400w, https:\/\/doubletakedecor.com\/uploads\/2025\/08\/indoor-sunroom-furniture-ideas-dtd-12-560x840.jpg 560w, https:\/\/doubletakedecor.com\/uploads\/2025\/08\/indoor-sunroom-furniture-ideas-dtd-12-480x720.jpg 480w\" sizes=\"auto, (max-width: 700px) 100vw, 700px\" \/><\/p>\n<p>Helyezd el az \u00edves sarokkanap\u00e9t \u00fagy, hogy min\u00e9l t\u00f6bben elf\u00e9rjenek, de k\u00f6zben megmaradjon a nyitott, t\u00e1gas t\u00e9r. Feldobhatod a kanap\u00e9t sz\u00ednes, mint\u00e1s d\u00edszp\u00e1rn\u00e1kkal, m\u00edg a fonott doh\u00e1nyz\u00f3asztal \u00e9s a bambusz rol\u00f3 meger\u0151s\u00edti a term\u00e9szetes hangulatot. Egy nagyobb szoban\u00f6v\u00e9ny az ablak mell\u00e9 friss z\u00f6ld sz\u00ednt visz a szob\u00e1ba.<\/p>\n<h2>Hangulatos, \u00edvelt t\u00fcrkiz kanap\u00e9s napf\u00e9nyes szoba<\/h2>\n<p><img loading=\"lazy\" decoding=\"async\" width=\"700\" height=\"1050\" alt=\"Vil\u00e1gos napf\u00e9nyes szoba falt\u00f3l falig ablakokkal, benne egy \u00edvelt t\u00fcrkiz kanap\u00e9val, m\u00e1rv\u00e1ny doh\u00e1nyz\u00f3asztallal \u00e9s modern f\u00fcgg\u0151l\u00e1mp\u00e1val.\" class=\"aligncenter size-full wp-image-4104\" src=\"https:\/\/doubletakedecor.com\/uploads\/2025\/08\/indoor-sunroom-furniture-ideas-dtd-13.jpg\" srcset=\"https:\/\/doubletakedecor.com\/uploads\/2025\/08\/indoor-sunroom-furniture-ideas-dtd-13.jpg 700w, https:\/\/doubletakedecor.com\/uploads\/2025\/08\/indoor-sunroom-furniture-ideas-dtd-13-200x300.jpg 200w, https:\/\/doubletakedecor.com\/uploads\/2025\/08\/indoor-sunroom-furniture-ideas-dtd-13-683x1024.jpg 683w, https:\/\/doubletakedecor.com\/uploads\/2025\/08\/indoor-sunroom-furniture-ideas-dtd-13-96x144.jpg 96w, https:\/\/doubletakedecor.com\/uploads\/2025\/08\/indoor-sunroom-furniture-ideas-dtd-13-280x420.jpg 280w, https:\/\/doubletakedecor.com\/uploads\/2025\/08\/indoor-sunroom-furniture-ideas-dtd-13-320x480.jpg 320w, https:\/\/doubletakedecor.com\/uploads\/2025\/08\/indoor-sunroom-furniture-ideas-dtd-13-360x540.jpg 360w, https:\/\/doubletakedecor.com\/uploads\/2025\/08\/indoor-sunroom-furniture-ideas-dtd-13-363x545.jpg 363w, https:\/\/doubletakedecor.com\/uploads\/2025\/08\/indoor-sunroom-furniture-ideas-dtd-13-370x555.jpg 370w, https:\/\/doubletakedecor.com\/uploads\/2025\/08\/indoor-sunroom-furniture-ideas-dtd-13-400x600.jpg 400w, https:\/\/doubletakedecor.com\/uploads\/2025\/08\/indoor-sunroom-furniture-ideas-dtd-13-560x840.jpg 560w, https:\/\/doubletakedecor.com\/uploads\/2025\/08\/indoor-sunroom-furniture-ideas-dtd-13-480x720.jpg 480w\" sizes=\"auto, (max-width: 700px) 100vw, 700px\" \/><\/p>\n<p>Emeld ki napf\u00e9nyes szob\u00e1d hangulat\u00e1t egy \u00edvelt t\u00fcrkiz kanap\u00e9val, ami k\u00f6zponti helyet kap a t\u00e9rben. P\u00e1ros\u00edtsd m\u00e1rv\u00e1ny tetej\u0171 doh\u00e1nyz\u00f3asztallal, hogy eleg\u00e1ns legyen az \u00f6sszhat\u00e1s. Vigy\u00e9l text\u00far\u00e1t a helyis\u00e9gbe egy min\u0151s\u00e9gi sz\u0151nyeggel \u00e9s d\u00edszp\u00e1rn\u00e1kkal. Egy karakteres f\u00fcgg\u0151l\u00e1mpa m\u00e9g modernebb\u00e9 var\u00e1zsolja a teret, mik\u00f6zben meg\u0151rzi a szoba kapcsolat\u00e1t a kinti z\u00f6lddel.<\/p>\n<h2>Pihen\u0151sarok napf\u00e9nnyel \u00e9s fa hever\u0151vel<\/h2>\n<p><img loading=\"lazy\" decoding=\"async\" width=\"700\" height=\"1050\" alt=\"Fa hever\u0151 r\u00f3zsasz\u00edn p\u00e1rn\u00e1kkal \u00e9s feh\u00e9r takar\u00f3val, padl\u00f3t\u00f3l a mennyezetig \u00e9r\u0151 ablakok mellett, z\u00f6ld f\u00fcgg\u00f6ny\u00f6kkel \u2013 ide\u00e1lis pihen\u0151hely napf\u00e9nyes szob\u00e1ban.\" class=\"aligncenter size-full wp-image-4110\" src=\"https:\/\/doubletakedecor.com\/uploads\/2025\/08\/indoor-sunroom-furniture-ideas-dtd-14.jpg\" srcset=\"https:\/\/doubletakedecor.com\/uploads\/2025\/08\/indoor-sunroom-furniture-ideas-dtd-14.jpg 700w, https:\/\/doubletakedecor.com\/uploads\/2025\/08\/indoor-sunroom-furniture-ideas-dtd-14-200x300.jpg 200w, https:\/\/doubletakedecor.com\/uploads\/2025\/08\/indoor-sunroom-furniture-ideas-dtd-14-683x1024.jpg 683w, https:\/\/doubletakedecor.com\/uploads\/2025\/08\/indoor-sunroom-furniture-ideas-dtd-14-96x144.jpg 96w, https:\/\/doubletakedecor.com\/uploads\/2025\/08\/indoor-sunroom-furniture-ideas-dtd-14-280x420.jpg 280w, https:\/\/doubletakedecor.com\/uploads\/2025\/08\/indoor-sunroom-furniture-ideas-dtd-14-320x480.jpg 320w, https:\/\/doubletakedecor.com\/uploads\/2025\/08\/indoor-sunroom-furniture-ideas-dtd-14-360x540.jpg 360w, https:\/\/doubletakedecor.com\/uploads\/2025\/08\/indoor-sunroom-furniture-ideas-dtd-14-363x545.jpg 363w, https:\/\/doubletakedecor.com\/uploads\/2025\/08\/indoor-sunroom-furniture-ideas-dtd-14-370x555.jpg 370w, https:\/\/doubletakedecor.com\/uploads\/2025\/08\/indoor-sunroom-furniture-ideas-dtd-14-400x600.jpg 400w, https:\/\/doubletakedecor.com\/uploads\/2025\/08\/indoor-sunroom-furniture-ideas-dtd-14-560x840.jpg 560w, https:\/\/doubletakedecor.com\/uploads\/2025\/08\/indoor-sunroom-furniture-ideas-dtd-14-480x720.jpg 480w\" sizes=\"auto, (max-width: 700px) 100vw, 700px\" \/><\/p>\n<p>Alak\u00edtsd \u00e1t napos szob\u00e1dat egy igazi olvas\u00f3sarokk\u00e1: tegy\u00e9l egy fa hever\u0151t a hatalmas ablakok k\u00f6zel\u00e9be. Dobd fel k\u00fcl\u00f6nf\u00e9le text\u00far\u00e1j\u00fa p\u00e1rn\u00e1kkal \u00e9s egy meleg takar\u00f3val. Egy rusztikus fat\u00f6nk asztal term\u00e9szetes hangulatot ad, n\u00e9h\u00e1ny friss vir\u00e1g pedig m\u00e9g otthonosabb\u00e1 teszi a teret. Egy mint\u00e1s sz\u0151nyeg kijel\u00f6li a pihen\u0151r\u00e9szt, \u00e9s seg\u00edt elnyelni a zajokat.<\/p>\n<h2>Modern, napf\u00e9nyes nappali kialak\u00edt\u00e1s<\/h2>\n<p><img loading=\"lazy\" decoding=\"async\" width=\"700\" height=\"1050\" alt=\"Vil\u00e1gos szoba b\u00e9zs t\u0171z\u00f6tt kanap\u00e9val, fekete doh\u00e1nyz\u00f3asztallal, fa pihen\u0151sz\u00e9kkel \u00e9s zongor\u00e1val \u2013 mindezt nagy ablakokon \u00e1t \u00f6nti el a term\u00e9szetes f\u00e9ny.\" class=\"aligncenter size-full wp-image-4116\" src=\"https:\/\/doubletakedecor.com\/uploads\/2025\/08\/indoor-sunroom-furniture-ideas-dtd-15.jpg\" srcset=\"https:\/\/doubletakedecor.com\/uploads\/2025\/08\/indoor-sunroom-furniture-ideas-dtd-15.jpg 700w, https:\/\/doubletakedecor.com\/uploads\/2025\/08\/indoor-sunroom-furniture-ideas-dtd-15-200x300.jpg 200w, https:\/\/doubletakedecor.com\/uploads\/2025\/08\/indoor-sunroom-furniture-ideas-dtd-15-683x1024.jpg 683w, https:\/\/doubletakedecor.com\/uploads\/2025\/08\/indoor-sunroom-furniture-ideas-dtd-15-96x144.jpg 96w, https:\/\/doubletakedecor.com\/uploads\/2025\/08\/indoor-sunroom-furniture-ideas-dtd-15-280x420.jpg 280w, https:\/\/doubletakedecor.com\/uploads\/2025\/08\/indoor-sunroom-furniture-ideas-dtd-15-320x480.jpg 320w, https:\/\/doubletakedecor.com\/uploads\/2025\/08\/indoor-sunroom-furniture-ideas-dtd-15-360x540.jpg 360w, https:\/\/doubletakedecor.com\/uploads\/2025\/08\/indoor-sunroom-furniture-ideas-dtd-15-363x545.jpg 363w, https:\/\/doubletakedecor.com\/uploads\/2025\/08\/indoor-sunroom-furniture-ideas-dtd-15-370x555.jpg 370w, https:\/\/doubletakedecor.com\/uploads\/2025\/08\/indoor-sunroom-furniture-ideas-dtd-15-400x600.jpg 400w, https:\/\/doubletakedecor.com\/uploads\/2025\/08\/indoor-sunroom-furniture-ideas-dtd-15-560x840.jpg 560w, https:\/\/doubletakedecor.com\/uploads\/2025\/08\/indoor-sunroom-furniture-ideas-dtd-15-480x720.jpg 480w\" sizes=\"auto, (max-width: 700px) 100vw, 700px\" \/><\/p>\n<p>Tegy\u00e9l a napf\u00e9nyes szob\u00e1dba k\u00e9nyelmes \u00fcl\u0151helyeket \u00e9s term\u00e9szetes anyagokat, hogy igaz\u00e1n h\u00edvogat\u00f3 legyen. Ford\u00edtsd a kanap\u00e9t az ablakok fel\u00e9, hogy min\u00e9l jobban \u00e9lvezd a besz\u0171r\u0151d\u0151 napf\u00e9nyt, \u00e9s adj hozz\u00e1 f\u00e1b\u00f3l k\u00e9sz\u00fclt b\u00fatorokat, amelyek melegs\u00e9get visznek a t\u00e9rbe. Egy puha sz\u0151nyeg egys\u00e9gess\u00e9 teszi a szob\u00e1t, \u00e9s k\u00e9nyelmess\u00e9 a padl\u00f3t. TIPP: v\u00e1lassz k\u00fcl\u00f6nb\u00f6z\u0151 m\u00e9ret\u0171 cserepes n\u00f6v\u00e9nyeket, hogy igazi \u00e1tmenetet teremts bent \u00e9s kint k\u00f6z\u00f6tt.<\/p>\n<h2>Belt\u00e9ri n\u00f6v\u00e9nyo\u00e1zis \u2013 Botanika hangulat<\/h2>\n<p><img loading=\"lazy\" decoding=\"async\" width=\"700\" height=\"1049\" alt=\"Meleg s\u00e1rga f\u00e9ny\u0171 szoba fa kanap\u00e9val, \u00fcvegablakokkal, mint\u00e1s sz\u0151nyeggel, b\u0151s\u00e9ges belt\u00e9ri n\u00f6v\u00e9nyekkel egy igazi b\u00e9k\u00e9s, vil\u00e1gos n\u00f6v\u00e9nysarokhoz.\" class=\"aligncenter size-full wp-image-4122\" src=\"https:\/\/doubletakedecor.com\/uploads\/2025\/08\/indoor-sunroom-furniture-ideas-dtd-16.jpg\" srcset=\"https:\/\/doubletakedecor.com\/uploads\/2025\/08\/indoor-sunroom-furniture-ideas-dtd-16.jpg 700w, https:\/\/doubletakedecor.com\/uploads\/2025\/08\/indoor-sunroom-furniture-ideas-dtd-16-200x300.jpg 200w, https:\/\/doubletakedecor.com\/uploads\/2025\/08\/indoor-sunroom-furniture-ideas-dtd-16-683x1024.jpg 683w, https:\/\/doubletakedecor.com\/uploads\/2025\/08\/indoor-sunroom-furniture-ideas-dtd-16-96x144.jpg 96w, https:\/\/doubletakedecor.com\/uploads\/2025\/08\/indoor-sunroom-furniture-ideas-dtd-16-280x420.jpg 280w, https:\/\/doubletakedecor.com\/uploads\/2025\/08\/indoor-sunroom-furniture-ideas-dtd-16-320x480.jpg 320w, https:\/\/doubletakedecor.com\/uploads\/2025\/08\/indoor-sunroom-furniture-ideas-dtd-16-360x539.jpg 360w, https:\/\/doubletakedecor.com\/uploads\/2025\/08\/indoor-sunroom-furniture-ideas-dtd-16-363x544.jpg 363w, https:\/\/doubletakedecor.com\/uploads\/2025\/08\/indoor-sunroom-furniture-ideas-dtd-16-370x554.jpg 370w, https:\/\/doubletakedecor.com\/uploads\/2025\/08\/indoor-sunroom-furniture-ideas-dtd-16-400x599.jpg 400w, https:\/\/doubletakedecor.com\/uploads\/2025\/08\/indoor-sunroom-furniture-ideas-dtd-16-560x839.jpg 560w, https:\/\/doubletakedecor.com\/uploads\/2025\/08\/indoor-sunroom-furniture-ideas-dtd-16-480x719.jpg 480w\" sizes=\"auto, (max-width: 700px) 100vw, 700px\" \/><\/p>\n<p>Hozz ki t\u00f6bbet napos szob\u00e1db\u00f3l \u00e9l\u00e9nk n\u00f6v\u00e9nyekkel, amiket k\u00fcl\u00f6nb\u00f6z\u0151 magass\u00e1gban helyezel el a r\u00e9teges, z\u00f6ld hat\u00e1s\u00e9rt. Egyens\u00falyozd ki \u0151ket meleg sz\u00edn\u0171 p\u00e1rn\u00e1kkal \u00e9s \u00e9l\u00e9nk sz\u0151nyeggel. Helyezd a b\u00fatoraidat \u00fagy, hogy az ablak fel\u00e9 n\u00e9zzenek \u2013 \u00edgy odabent is \u00e9lvezheted a term\u00e9szetes f\u00e9nyt. Polcokra tedd a n\u00f6v\u00e9nyeket vagy dekor\u00e1ci\u00f3kat, hogy izgalmasabb legyen a l\u00e1tv\u00e1ny.<\/p>\n<h2>Vil\u00e1gos napf\u00e9nyes szoba hangulatos \u00fcl\u0151sarokkal<\/h2>\n<p><img loading=\"lazy\" decoding=\"async\" width=\"700\" height=\"1049\" alt=\"Vil\u00e1gos szoba lamb\u00e9ri\u00e1s mennyezettel, puha kanap\u00e9val, z\u00f6ld cs\u00edkos fotellel, fa doh\u00e1nyz\u00f3asztallal \u00e9s kis \u00e9tkez\u0151sarokkal a nagy ablakok mellett.\" class=\"aligncenter size-full wp-image-4128\" src=\"https:\/\/doubletakedecor.com\/uploads\/2025\/08\/indoor-sunroom-furniture-ideas-dtd-17.jpg\" srcset=\"https:\/\/doubletakedecor.com\/uploads\/2025\/08\/indoor-sunroom-furniture-ideas-dtd-17.jpg 700w, https:\/\/doubletakedecor.com\/uploads\/2025\/08\/indoor-sunroom-furniture-ideas-dtd-17-200x300.jpg 200w, https:\/\/doubletakedecor.com\/uploads\/2025\/08\/indoor-sunroom-furniture-ideas-dtd-17-683x1024.jpg 683w, https:\/\/doubletakedecor.com\/uploads\/2025\/08\/indoor-sunroom-furniture-ideas-dtd-17-96x144.jpg 96w, https:\/\/doubletakedecor.com\/uploads\/2025\/08\/indoor-sunroom-furniture-ideas-dtd-17-280x420.jpg 280w, https:\/\/doubletakedecor.com\/uploads\/2025\/08\/indoor-sunroom-furniture-ideas-dtd-17-320x480.jpg 320w, https:\/\/doubletakedecor.com\/uploads\/2025\/08\/indoor-sunroom-furniture-ideas-dtd-17-360x539.jpg 360w, https:\/\/doubletakedecor.com\/uploads\/2025\/08\/indoor-sunroom-furniture-ideas-dtd-17-363x544.jpg 363w, https:\/\/doubletakedecor.com\/uploads\/2025\/08\/indoor-sunroom-furniture-ideas-dtd-17-370x554.jpg 370w, https:\/\/doubletakedecor.com\/uploads\/2025\/08\/indoor-sunroom-furniture-ideas-dtd-17-400x599.jpg 400w, https:\/\/doubletakedecor.com\/uploads\/2025\/08\/indoor-sunroom-furniture-ideas-dtd-17-560x839.jpg 560w, https:\/\/doubletakedecor.com\/uploads\/2025\/08\/indoor-sunroom-furniture-ideas-dtd-17-480x719.jpg 480w\" sizes=\"auto, (max-width: 700px) 100vw, 700px\" \/><\/p>\n<p>Oszd fel a teret t\u00f6bbf\u00e9le funkci\u00f3ra: egy puha kanap\u00e9t d\u00edszp\u00e1rn\u00e1kkal \u00e9s egy kisebb \u00e9tkez\u0151asztalt egy\u00fctt helyezz el, hogy min\u00e9l t\u00f6bbf\u00e9lek\u00e9pp tudd kihaszn\u00e1lni a szob\u00e1t. Haszn\u00e1lj z\u00f6ld f\u00fcgg\u00f6ny\u00f6ket, amelyek kiemelik az ablakokat, \u00e9s j\u00f3l illenek a b\u00fatorokhoz. Egy fa doh\u00e1nyz\u00f3asztalon rendezetten elhelyezhetsz kisebb d\u00edszt\u00e1rgyakat, hogy mindig rendezett, h\u00edvogat\u00f3 maradjon a helyis\u00e9g \u2013 ak\u00e1r pihen\u00e9shez, ak\u00e1r vend\u00e9gfogad\u00e1shoz.<\/p>\n<h2>Minimalista olvas\u00f3sarok napf\u00e9nyes szob\u00e1ban<\/h2>\n<p><img loading=\"lazy\" decoding=\"async\" width=\"700\" height=\"1050\" alt=\"Modern szoba kerek fa asztallal, b\u0151r fotellel, p\u00e1rn\u00e1s kanap\u00e9val \u00e9s n\u00f6v\u00e9nyekkel, amelyeket el\u00e1raszt a napf\u00e9ny.\" class=\"aligncenter size-full wp-image-4134\" src=\"https:\/\/doubletakedecor.com\/uploads\/2025\/08\/indoor-sunroom-furniture-ideas-dtd-18.jpg\" srcset=\"https:\/\/doubletakedecor.com\/uploads\/2025\/08\/indoor-sunroom-furniture-ideas-dtd-18.jpg 700w, https:\/\/doubletakedecor.com\/uploads\/2025\/08\/indoor-sunroom-furniture-ideas-dtd-18-200x300.jpg 200w, https:\/\/doubletakedecor.com\/uploads\/2025\/08\/indoor-sunroom-furniture-ideas-dtd-18-683x1024.jpg 683w, https:\/\/doubletakedecor.com\/uploads\/2025\/08\/indoor-sunroom-furniture-ideas-dtd-18-96x144.jpg 96w, https:\/\/doubletakedecor.com\/uploads\/2025\/08\/indoor-sunroom-furniture-ideas-dtd-18-280x420.jpg 280w, https:\/\/doubletakedecor.com\/uploads\/2025\/08\/indoor-sunroom-furniture-ideas-dtd-18-320x480.jpg 320w, https:\/\/doubletakedecor.com\/uploads\/2025\/08\/indoor-sunroom-furniture-ideas-dtd-18-360x540.jpg 360w, https:\/\/doubletakedecor.com\/uploads\/2025\/08\/indoor-sunroom-furniture-ideas-dtd-18-363x545.jpg 363w, https:\/\/doubletakedecor.com\/uploads\/2025\/08\/indoor-sunroom-furniture-ideas-dtd-18-370x555.jpg 370w, https:\/\/doubletakedecor.com\/uploads\/2025\/08\/indoor-sunroom-furniture-ideas-dtd-18-400x600.jpg 400w, https:\/\/doubletakedecor.com\/uploads\/2025\/08\/indoor-sunroom-furniture-ideas-dtd-18-560x840.jpg 560w, https:\/\/doubletakedecor.com\/uploads\/2025\/08\/indoor-sunroom-furniture-ideas-dtd-18-480x720.jpg 480w\" sizes=\"auto, (max-width: 700px) 100vw, 700px\" \/><\/p>\n<p>Rendezz be egy nyugodt olvas\u00f3sarkot: tegy\u00e9l egy kerek fa asztalt k\u00e9nyelmes \u00fcl\u0151b\u00fatorok mell\u00e9, a nagy ablakok k\u00f6zel\u00e9ben. K\u00f6nnyed rol\u00f3s \u00e1rny\u00e9kol\u00f3kkal szab\u00e1lyozhatod a f\u00e9nyt \u00e9s a priv\u00e1t szf\u00e9r\u00e1t. P\u00e1rn\u00e1k \u00e9s egy puha sz\u0151nyeg teszik otthonoss\u00e1, n\u00e9h\u00e1ny cserepes n\u00f6v\u00e9ny pedig \u00e9letet visz a helyis\u00e9gbe. Este pedig szerelj fel egy izgalmas f\u00fcgg\u0151l\u00e1mp\u00e1t a hangulat kedv\u00e9\u00e9rt.<\/p>\n<h2>Hangulatos olvas\u00f3sarok rattan d\u00edsz\u00edt\u00e9ssel<\/h2>\n<p><img loading=\"lazy\" decoding=\"async\" width=\"700\" height=\"1050\" alt=\"H\u00edvogat\u00f3 sarok feh\u00e9r fotellel, sz\u00ednes p\u00e1rn\u00e1kkal, rattan asztalk\u00e1val \u00e9s l\u00e9tra alak\u00fa dekorpolccal, amit \u00e1tragyog a napf\u00e9ny.\" class=\"aligncenter size-full wp-image-4140\" src=\"https:\/\/doubletakedecor.com\/uploads\/2025\/08\/indoor-sunroom-furniture-ideas-dtd-19.jpg\" srcset=\"https:\/\/doubletakedecor.com\/uploads\/2025\/08\/indoor-sunroom-furniture-ideas-dtd-19.jpg 700w, https:\/\/doubletakedecor.com\/uploads\/2025\/08\/indoor-sunroom-furniture-ideas-dtd-19-200x300.jpg 200w, https:\/\/doubletakedecor.com\/uploads\/2025\/08\/indoor-sunroom-furniture-ideas-dtd-19-683x1024.jpg 683w, https:\/\/doubletakedecor.com\/uploads\/2025\/08\/indoor-sunroom-furniture-ideas-dtd-19-96x144.jpg 96w, https:\/\/doubletakedecor.com\/uploads\/2025\/08\/indoor-sunroom-furniture-ideas-dtd-19-280x420.jpg 280w, https:\/\/doubletakedecor.com\/uploads\/2025\/08\/indoor-sunroom-furniture-ideas-dtd-19-320x480.jpg 320w, https:\/\/doubletakedecor.com\/uploads\/2025\/08\/indoor-sunroom-furniture-ideas-dtd-19-360x540.jpg 360w, https:\/\/doubletakedecor.com\/uploads\/2025\/08\/indoor-sunroom-furniture-ideas-dtd-19-363x545.jpg 363w, https:\/\/doubletakedecor.com\/uploads\/2025\/08\/indoor-sunroom-furniture-ideas-dtd-19-370x555.jpg 370w, https:\/\/doubletakedecor.com\/uploads\/2025\/08\/indoor-sunroom-furniture-ideas-dtd-19-400x600.jpg 400w, https:\/\/doubletakedecor.com\/uploads\/2025\/08\/indoor-sunroom-furniture-ideas-dtd-19-560x840.jpg 560w, https:\/\/doubletakedecor.com\/uploads\/2025\/08\/indoor-sunroom-furniture-ideas-dtd-19-480x720.jpg 480w\" sizes=\"auto, (max-width: 700px) 100vw, 700px\" \/><\/p>\n<p>Alkoss napf\u00e9nyes olvas\u00f3sarkot egy \u00edvelt feh\u00e9r fotellel \u00e9s egy term\u00e9szetes rattan kis asztallal. Tegy\u00e9l r\u00e1 pasztell sz\u00edn\u0171 p\u00e1rn\u00e1kat \u00e9s egy k\u00f6nny\u0171 takar\u00f3t a k\u00e9nyelemhez. Dekor\u00e1ld a teret kis cserepes n\u00f6v\u00e9nyekkel \u00e9s csal\u00e1di fot\u00f3kkal a l\u00e9trapolcon. F\u00e1tyolos f\u00fcgg\u00f6ny\u00f6k gondoskodnak a sz\u0171rt f\u00e9nyr\u0151l, egy sz\u0151nyeg pedig melegs\u00e9get ad a talpad al\u00e1.<\/p>\n<h2>Modern \u00fcveg \u00e9tkez\u0151asztal z\u00f6ld kieg\u00e9sz\u00edt\u0151kkel<\/h2>\n<p><img loading=\"lazy\" decoding=\"async\" width=\"700\" height=\"1049\" alt=\"Kerek \u00fcveg asztal vil\u00e1gosz\u00f6ld sz\u00e9kekkel egy napos szob\u00e1ban, modern csill\u00e1rral, nagym\u00e9ret\u0171 ablakokon \u00e1t \u00e1rad\u00f3 f\u00e9nnyel.\" class=\"aligncenter size-full wp-image-4146\" src=\"https:\/\/doubletakedecor.com\/uploads\/2025\/08\/indoor-sunroom-furniture-ideas-dtd-20.jpg\" srcset=\"https:\/\/doubletakedecor.com\/uploads\/2025\/08\/indoor-sunroom-furniture-ideas-dtd-20.jpg 700w, https:\/\/doubletakedecor.com\/uploads\/2025\/08\/indoor-sunroom-furniture-ideas-dtd-20-200x300.jpg 200w, https:\/\/doubletakedecor.com\/uploads\/2025\/08\/indoor-sunroom-furniture-ideas-dtd-20-683x1024.jpg 683w, https:\/\/doubletakedecor.com\/uploads\/2025\/08\/indoor-sunroom-furniture-ideas-dtd-20-96x144.jpg 96w, https:\/\/doubletakedecor.com\/uploads\/2025\/08\/indoor-sunroom-furniture-ideas-dtd-20-280x420.jpg 280w, https:\/\/doubletakedecor.com\/uploads\/2025\/08\/indoor-sunroom-furniture-ideas-dtd-20-320x480.jpg 320w, https:\/\/doubletakedecor.com\/uploads\/2025\/08\/indoor-sunroom-furniture-ideas-dtd-20-360x539.jpg 360w, https:\/\/doubletakedecor.com\/uploads\/2025\/08\/indoor-sunroom-furniture-ideas-dtd-20-363x544.jpg 363w, https:\/\/doubletakedecor.com\/uploads\/2025\/08\/indoor-sunroom-furniture-ideas-dtd-20-370x554.jpg 370w, https:\/\/doubletakedecor.com\/uploads\/2025\/08\/indoor-sunroom-furniture-ideas-dtd-20-400x599.jpg 400w, https:\/\/doubletakedecor.com\/uploads\/2025\/08\/indoor-sunroom-furniture-ideas-dtd-20-560x839.jpg 560w, https:\/\/doubletakedecor.com\/uploads\/2025\/08\/indoor-sunroom-furniture-ideas-dtd-20-480x719.jpg 480w\" sizes=\"auto, (max-width: 700px) 100vw, 700px\" \/><\/p>\n<p>Hozz l\u00e9tre \u00e9l\u00e9nk \u00e9tkez\u0151sarkot egy letisztult \u00fcveg asztallal \u00e9s modern, z\u00f6ld sz\u00e9kekkel. Az \u00e1tl\u00e1tsz\u00f3 asztallap t\u00e1gasabb\u00e1 var\u00e1zsolja a teret, a sz\u00e9kek sz\u00edne pedig \u00f6sszhangban van a falakkal. Esti vil\u00e1g\u00edt\u00e1shoz szerelj fel design f\u00fcgg\u0151l\u00e1mp\u00e1t, az asztalra pedig tegy\u00e9l friss v\u00e1gott vir\u00e1gokat. Cserepes n\u00f6v\u00e9nyek m\u00e9g ink\u00e1bb \u00f6sszek\u00f6tik a bentet a term\u00e9szettel.<\/p>\n<h2>\u00cdves ablakos szoba geometrikus padl\u00f3val<\/h2>\n<p><img loading=\"lazy\" decoding=\"async\" width=\"700\" height=\"1050\" alt=\"L\u00e9gies szoba \u00edves ablakokkal, modern cs\u00edkos kanap\u00e9val, fonott sz\u00e9kekkel, \u00e9s felt\u0171n\u0151 fekete-r\u00f3zsasz\u00edn-kr\u00e9m mint\u00e1s m\u00e1rv\u00e1nypadl\u00f3val.\" class=\"aligncenter size-full wp-image-4152\" src=\"https:\/\/doubletakedecor.com\/uploads\/2025\/08\/indoor-sunroom-furniture-ideas-dtd-21.jpg\" srcset=\"https:\/\/doubletakedecor.com\/uploads\/2025\/08\/indoor-sunroom-furniture-ideas-dtd-21.jpg 700w, https:\/\/doubletakedecor.com\/uploads\/2025\/08\/indoor-sunroom-furniture-ideas-dtd-21-200x300.jpg 200w, https:\/\/doubletakedecor.com\/uploads\/2025\/08\/indoor-sunroom-furniture-ideas-dtd-21-683x1024.jpg 683w, https:\/\/doubletakedecor.com\/uploads\/2025\/08\/indoor-sunroom-furniture-ideas-dtd-21-96x144.jpg 96w, https:\/\/doubletakedecor.com\/uploads\/2025\/08\/indoor-sunroom-furniture-ideas-dtd-21-280x420.jpg 280w, https:\/\/doubletakedecor.com\/uploads\/2025\/08\/indoor-sunroom-furniture-ideas-dtd-21-320x480.jpg 320w, https:\/\/doubletakedecor.com\/uploads\/2025\/08\/indoor-sunroom-furniture-ideas-dtd-21-360x540.jpg 360w, https:\/\/doubletakedecor.com\/uploads\/2025\/08\/indoor-sunroom-furniture-ideas-dtd-21-363x545.jpg 363w, https:\/\/doubletakedecor.com\/uploads\/2025\/08\/indoor-sunroom-furniture-ideas-dtd-21-370x555.jpg 370w, https:\/\/doubletakedecor.com\/uploads\/2025\/08\/indoor-sunroom-furniture-ideas-dtd-21-400x600.jpg 400w, https:\/\/doubletakedecor.com\/uploads\/2025\/08\/indoor-sunroom-furniture-ideas-dtd-21-560x840.jpg 560w, https:\/\/doubletakedecor.com\/uploads\/2025\/08\/indoor-sunroom-furniture-ideas-dtd-21-480x720.jpg 480w\" sizes=\"auto, (max-width: 700px) 100vw, 700px\" \/><\/p>\n<p>Hangs\u00falyozd a l\u00e1tv\u00e1nyt modern b\u00fatorokkal \u00e9s mer\u00e9sz, mint\u00e1s m\u00e1rv\u00e1nypadl\u00f3val. A felt\u0171n\u0151 mint\u00e1kat egyens\u00falyozd nat\u00far sz\u00edn\u0171 kanap\u00e9val \u00e9s fa elemekkel. Cserepes n\u00f6v\u00e9nyek tov\u00e1bb er\u0151s\u00edtik a kinti-benti kapcsolatot. Az \u00fcl\u0151helyeket \u00fagy helyezd el, hogy a sok be\u00e1rad\u00f3 f\u00e9nyt \u00e9lvezni tudd \u2013 f\u0151leg az \u00edves ablakok \u00e9s tet\u0151ablakok mellett.<\/p>\n<h2>S\u00f6t\u00e9tk\u00e9k t\u0171z\u00f6tt sz\u00e9kek kerek asztallal<\/h2>\n<p><img loading=\"lazy\" decoding=\"async\" width=\"700\" height=\"1050\" alt=\"Napf\u00e9nyes nappali k\u00e9t s\u00f6t\u00e9tk\u00e9k t\u0171z\u00f6tt sz\u00e9kkel, amelyeket kerek fa asztal vesz k\u00f6r\u00fcl egy kr\u00e9m sz\u00edn\u0171 sz\u0151nyegen \u2013 t\u00f6k\u00e9letes pihen\u0151sarok.\" class=\"aligncenter size-full wp-image-4158\" src=\"https:\/\/doubletakedecor.com\/uploads\/2025\/08\/indoor-sunroom-furniture-ideas-dtd-22.jpg\" srcset=\"https:\/\/doubletakedecor.com\/uploads\/2025\/08\/indoor-sunroom-furniture-ideas-dtd-22.jpg 700w, https:\/\/doubletakedecor.com\/uploads\/2025\/08\/indoor-sunroom-furniture-ideas-dtd-22-200x300.jpg 200w, https:\/\/doubletakedecor.com\/uploads\/2025\/08\/indoor-sunroom-furniture-ideas-dtd-22-683x1024.jpg 683w, https:\/\/doubletakedecor.com\/uploads\/2025\/08\/indoor-sunroom-furniture-ideas-dtd-22-96x144.jpg 96w, https:\/\/doubletakedecor.com\/uploads\/2025\/08\/indoor-sunroom-furniture-ideas-dtd-22-280x420.jpg 280w, https:\/\/doubletakedecor.com\/uploads\/2025\/08\/indoor-sunroom-furniture-ideas-dtd-22-320x480.jpg 320w, https:\/\/doubletakedecor.com\/uploads\/2025\/08\/indoor-sunroom-furniture-ideas-dtd-22-360x540.jpg 360w, https:\/\/doubletakedecor.com\/uploads\/2025\/08\/indoor-sunroom-furniture-ideas-dtd-22-363x545.jpg 363w, https:\/\/doubletakedecor.com\/uploads\/2025\/08\/indoor-sunroom-furniture-ideas-dtd-22-370x555.jpg 370w, https:\/\/doubletakedecor.com\/uploads\/2025\/08\/indoor-sunroom-furniture-ideas-dtd-22-400x600.jpg 400w, https:\/\/doubletakedecor.com\/uploads\/2025\/08\/indoor-sunroom-furniture-ideas-dtd-22-560x840.jpg 560w, https:\/\/doubletakedecor.com\/uploads\/2025\/08\/indoor-sunroom-furniture-ideas-dtd-22-480x720.jpg 480w\" sizes=\"auto, (max-width: 700px) 100vw, 700px\" \/><\/p>\n<p>Alak\u00edts ki eleg\u00e1ns besz\u00e9lget\u0151sarkot k\u00e9t t\u0171z\u00f6tt, s\u00f6t\u00e9tk\u00e9k fotellel \u00e9s egy modern, kerek fa asztallal. Helyezd mindezt puha, kr\u00e9msz\u00edn\u0171 sz\u0151nyegre, hogy kijel\u00f6ld a teret, de vil\u00e1gos maradjon az \u00f6sszhat\u00e1s. Egy k\u00f6zeli cserepes n\u00f6v\u00e9ny m\u00e9g hangulatosabb\u00e1 teszi, f\u0151leg ha az ablakokon \u00e1t r\u00e1l\u00e1tsz a kertre.<\/p>\n<h2>Fonott sz\u00e9kek sz\u00ednes dekorral<\/h2>\n<p><img loading=\"lazy\" decoding=\"async\" width=\"700\" height=\"1050\" alt=\"Hangulatos napf\u00e9nyes szoba feh\u00e9r t\u00e9glafallal, fonott karf\u00e1s sz\u00e9kekkel, sz\u00ednes p\u00e1rn\u00e1kkal, \u00e9s egy fonott doh\u00e1nyz\u00f3asztallal, ahol \u00e1rad a term\u00e9szetes f\u00e9ny.\" class=\"aligncenter size-full wp-image-4164\" src=\"https:\/\/doubletakedecor.com\/uploads\/2025\/08\/indoor-sunroom-furniture-ideas-dtd-23.jpg\" srcset=\"https:\/\/doubletakedecor.com\/uploads\/2025\/08\/indoor-sunroom-furniture-ideas-dtd-23.jpg 700w, https:\/\/doubletakedecor.com\/uploads\/2025\/08\/indoor-sunroom-furniture-ideas-dtd-23-200x300.jpg 200w, https:\/\/doubletakedecor.com\/uploads\/2025\/08\/indoor-sunroom-furniture-ideas-dtd-23-683x1024.jpg 683w, https:\/\/doubletakedecor.com\/uploads\/2025\/08\/indoor-sunroom-furniture-ideas-dtd-23-96x144.jpg 96w, https:\/\/doubletakedecor.com\/uploads\/2025\/08\/indoor-sunroom-furniture-ideas-dtd-23-280x420.jpg 280w, https:\/\/doubletakedecor.com\/uploads\/2025\/08\/indoor-sunroom-furniture-ideas-dtd-23-320x480.jpg 320w, https:\/\/doubletakedecor.com\/uploads\/2025\/08\/indoor-sunroom-furniture-ideas-dtd-23-360x540.jpg 360w, https:\/\/doubletakedecor.com\/uploads\/2025\/08\/indoor-sunroom-furniture-ideas-dtd-23-363x545.jpg 363w, https:\/\/doubletakedecor.com\/uploads\/2025\/08\/indoor-sunroom-furniture-ideas-dtd-23-370x555.jpg 370w, https:\/\/doubletakedecor.com\/uploads\/2025\/08\/indoor-sunroom-furniture-ideas-dtd-23-400x600.jpg 400w, https:\/\/doubletakedecor.com\/uploads\/2025\/08\/indoor-sunroom-furniture-ideas-dtd-23-560x840.jpg 560w, https:\/\/doubletakedecor.com\/uploads\/2025\/08\/indoor-sunroom-furniture-ideas-dtd-23-480x720.jpg 480w\" sizes=\"auto, (max-width: 700px) 100vw, 700px\" \/><\/p>\n<p>Rendezz \u00f6sszehangolt \u00fcl\u0151r\u00e9szt term\u00e9szetes fonott sz\u00e9kekkel \u00e9s puha p\u00e1rn\u00e1kkal. Adj karaktert k\u00e9k \u00e9s z\u00f6ld d\u00edszp\u00e1rn\u00e1kkal. Egyszer\u0171 fekete f\u00e9m polcokon mutasd meg a hozz\u00e1d ill\u0151 dekort\u00e1rgyakat, amik sz\u00ednben passzolnak a p\u00e1rn\u00e1khoz. \u00cdgy lesz maxim\u00e1lisan k\u00e9nyelmes, de m\u00e9gis l\u00e9gies \u00e9s vil\u00e1gos a szob\u00e1d.<\/p>\n<h2>T\u00e9glav\u00f6r\u00f6s \u00e9s fa napf\u00e9nyes szoba<\/h2>\n<p><img loading=\"lazy\" decoding=\"async\" width=\"700\" height=\"1049\" alt=\"L\u00e9gies, modern napos szoba fa gerend\u00e1kkal, terrakotta j\u00e1r\u00f3lappal, modern pihen\u0151sz\u00e9kekkel \u00e9s \u00e9tkez\u0151garnit\u00far\u00e1val, amelyet el\u00e1raszt a term\u00e9szetes f\u00e9ny.\" class=\"aligncenter size-full wp-image-4170\" src=\"https:\/\/doubletakedecor.com\/uploads\/2025\/08\/indoor-sunroom-furniture-ideas-dtd-24.jpg\" srcset=\"https:\/\/doubletakedecor.com\/uploads\/2025\/08\/indoor-sunroom-furniture-ideas-dtd-24.jpg 700w, https:\/\/doubletakedecor.com\/uploads\/2025\/08\/indoor-sunroom-furniture-ideas-dtd-24-200x300.jpg 200w, https:\/\/doubletakedecor.com\/uploads\/2025\/08\/indoor-sunroom-furniture-ideas-dtd-24-683x1024.jpg 683w, https:\/\/doubletakedecor.com\/uploads\/2025\/08\/indoor-sunroom-furniture-ideas-dtd-24-96x144.jpg 96w, https:\/\/doubletakedecor.com\/uploads\/2025\/08\/indoor-sunroom-furniture-ideas-dtd-24-280x420.jpg 280w, https:\/\/doubletakedecor.com\/uploads\/2025\/08\/indoor-sunroom-furniture-ideas-dtd-24-320x480.jpg 320w, https:\/\/doubletakedecor.com\/uploads\/2025\/08\/indoor-sunroom-furniture-ideas-dtd-24-360x539.jpg 360w, https:\/\/doubletakedecor.com\/uploads\/2025\/08\/indoor-sunroom-furniture-ideas-dtd-24-363x544.jpg 363w, https:\/\/doubletakedecor.com\/uploads\/2025\/08\/indoor-sunroom-furniture-ideas-dtd-24-370x554.jpg 370w, https:\/\/doubletakedecor.com\/uploads\/2025\/08\/indoor-sunroom-furniture-ideas-dtd-24-400x599.jpg 400w, https:\/\/doubletakedecor.com\/uploads\/2025\/08\/indoor-sunroom-furniture-ideas-dtd-24-560x839.jpg 560w, https:\/\/doubletakedecor.com\/uploads\/2025\/08\/indoor-sunroom-furniture-ideas-dtd-24-480x719.jpg 480w\" sizes=\"auto, (max-width: 700px) 100vw, 700px\" \/><\/p>\n<p>Kombin\u00e1ld a f\u00f6ldsz\u00edn\u0171 terrakotta j\u00e1r\u00f3lapot \u00e9s a fa mennyezeti gerend\u00e1kat egy igaz\u00e1n meleg, bar\u00e1ts\u00e1gos nappali hangulat\u00e9rt. V\u00e1lassz k\u00f6nnyed b\u00fatorokat, hogy ne t\u00f6rd meg a t\u00e9r l\u00e9gies jelleg\u00e9t, \u00e9s haszn\u00e1lj fonott sz\u00e9keket, cserepes n\u00f6v\u00e9nyeket a text\u00fara kedv\u00e9\u00e9rt. Egy absztrakt falik\u00e9p sz\u00ednt visz a szob\u00e1ba an\u00e9lk\u00fcl, hogy elnyomn\u00e1 a napf\u00e9nyt.<\/p>\n<h2>Vil\u00e1gos, tengerparti hangulat\u00fa napf\u00e9nyes szoba<\/h2>\n<p><img loading=\"lazy\" decoding=\"async\" width=\"700\" height=\"1050\" alt=\"B\u00e9k\u00e9s napos szoba l\u00e1gy k\u00e9k falakkal, puha kanap\u00e9val sz\u00ednes p\u00e1rn\u00e1kkal, eleg\u00e1ns mint\u00e1s fotelekkel, \u00e9s term\u00e9szetes f\u00e9nnyel, ami nagy ablakokon \u00e1ramlik be.\" class=\"aligncenter size-full wp-image-4176\" src=\"https:\/\/doubletakedecor.com\/uploads\/2025\/08\/indoor-sunroom-furniture-ideas-dtd-25.jpg\" srcset=\"https:\/\/doubletakedecor.com\/uploads\/2025\/08\/indoor-sunroom-furniture-ideas-dtd-25.jpg 700w, https:\/\/doubletakedecor.com\/uploads\/2025\/08\/indoor-sunroom-furniture-ideas-dtd-25-200x300.jpg 200w, https:\/\/doubletakedecor.com\/uploads\/2025\/08\/indoor-sunroom-furniture-ideas-dtd-25-683x1024.jpg 683w, https:\/\/doubletakedecor.com\/uploads\/2025\/08\/indoor-sunroom-furniture-ideas-dtd-25-96x144.jpg 96w, https:\/\/doubletakedecor.com\/uploads\/2025\/08\/indoor-sunroom-furniture-ideas-dtd-25-280x420.jpg 280w, https:\/\/doubletakedecor.com\/uploads\/2025\/08\/indoor-sunroom-furniture-ideas-dtd-25-320x480.jpg 320w, https:\/\/doubletakedecor.com\/uploads\/2025\/08\/indoor-sunroom-furniture-ideas-dtd-25-360x540.jpg 360w, https:\/\/doubletakedecor.com\/uploads\/2025\/08\/indoor-sunroom-furniture-ideas-dtd-25-363x545.jpg 363w, https:\/\/doubletakedecor.com\/uploads\/2025\/08\/indoor-sunroom-furniture-ideas-dtd-25-370x555.jpg 370w, https:\/\/doubletakedecor.com\/uploads\/2025\/08\/indoor-sunroom-furniture-ideas-dtd-25-400x600.jpg 400w, https:\/\/doubletakedecor.com\/uploads\/2025\/08\/indoor-sunroom-furniture-ideas-dtd-25-560x840.jpg 560w, https:\/\/doubletakedecor.com\/uploads\/2025\/08\/indoor-sunroom-furniture-ideas-dtd-25-480x720.jpg 480w\" sizes=\"auto, (max-width: 700px) 100vw, 700px\" \/><\/p>\n<p>Var\u00e1zsolj tengerparti hangulatot a szob\u00e1dba l\u00e1gy k\u00e9k falakkal \u00e9s sok term\u00e9szetes f\u00e9nnyel. Dobd fel mint\u00e1s p\u00e1rn\u00e1kkal \u00e9s kontrasztos k\u00e1rpittal, hogy m\u00e9g l\u00e1tv\u00e1nyosabb legyen. Egyens\u00falyt adnak a friss vir\u00e1gok \u00e9s a cserepes n\u00f6v\u00e9nyek. A cs\u00edkos sz\u0151nyeg \u00f6sszefogja a b\u00fatorrendez\u00e9st, ugyanakkor lehet\u0151v\u00e9 teszi a k\u00f6nny\u0171 \u00e1thalad\u00e1st a szob\u00e1n.<\/p>\n<h2>Eleg\u00e1ns \u00e9tkez\u0151sarok term\u00e9szetes f\u00e9nnyel<\/h2>\n<p><img loading=\"lazy\" decoding=\"async\" width=\"700\" height=\"1050\" alt=\"Eleg\u00e1ns \u00e9tkez\u0151 kerek asztallal arany csill\u00e1r alatt, tompa z\u00f6ld falakkal, term\u00e9szetes f\u00e9nyt enged\u0151 francia ajt\u00f3kkal, fa b\u00fatorokkal.\" class=\"aligncenter size-full wp-image-4182\" src=\"https:\/\/doubletakedecor.com\/uploads\/2025\/08\/indoor-sunroom-furniture-ideas-dtd-26.jpg\" srcset=\"https:\/\/doubletakedecor.com\/uploads\/2025\/08\/indoor-sunroom-furniture-ideas-dtd-26.jpg 700w, https:\/\/doubletakedecor.com\/uploads\/2025\/08\/indoor-sunroom-furniture-ideas-dtd-26-200x300.jpg 200w, https:\/\/doubletakedecor.com\/uploads\/2025\/08\/indoor-sunroom-furniture-ideas-dtd-26-683x1024.jpg 683w, https:\/\/doubletakedecor.com\/uploads\/2025\/08\/indoor-sunroom-furniture-ideas-dtd-26-96x144.jpg 96w, https:\/\/doubletakedecor.com\/uploads\/2025\/08\/indoor-sunroom-furniture-ideas-dtd-26-280x420.jpg 280w, https:\/\/doubletakedecor.com\/uploads\/2025\/08\/indoor-sunroom-furniture-ideas-dtd-26-320x480.jpg 320w, https:\/\/doubletakedecor.com\/uploads\/2025\/08\/indoor-sunroom-furniture-ideas-dtd-26-360x540.jpg 360w, https:\/\/doubletakedecor.com\/uploads\/2025\/08\/indoor-sunroom-furniture-ideas-dtd-26-363x545.jpg 363w, https:\/\/doubletakedecor.com\/uploads\/2025\/08\/indoor-sunroom-furniture-ideas-dtd-26-370x555.jpg 370w, https:\/\/doubletakedecor.com\/uploads\/2025\/08\/indoor-sunroom-furniture-ideas-dtd-26-400x600.jpg 400w, https:\/\/doubletakedecor.com\/uploads\/2025\/08\/indoor-sunroom-furniture-ideas-dtd-26-560x840.jpg 560w, https:\/\/doubletakedecor.com\/uploads\/2025\/08\/indoor-sunroom-furniture-ideas-dtd-26-480x720.jpg 480w\" sizes=\"auto, (max-width: 700px) 100vw, 700px\" \/><\/p>\n<p>Rendezz eleg\u00e1ns, meghitt \u00e9tkez\u0151sarkot egy kerek asztal \u00e9s arany csill\u00e1r p\u00e1ros\u00e1val. A l\u00e1gy z\u00f6ld falak \u00e9s a k\u00e9k mennyezet nyugalmat \u00e1rasztanak. Helyezd k\u00f6zel az asztalt a francia ajt\u00f3khoz, hogy min\u00e9l t\u00f6bb term\u00e9szetes f\u00e9nyt, \u00e9s kertre ny\u00edl\u00f3 kil\u00e1t\u00e1st kapj. Vir\u00e1gmint\u00e1s f\u00fcgg\u00f6ny \u00e9s cserepes n\u00f6v\u00e9nyek tov\u00e1bb fokozz\u00e1k a harmonikus, h\u00edvogat\u00f3 hangulatot.<\/p>\n<h2>\u00cdzl\u00e9ses tengerparti sarok kanap\u00e9val<\/h2>\n<p><img loading=\"lazy\" decoding=\"async\" width=\"700\" height=\"1049\" alt=\"Hangulatos szoba sz\u00f6v\u00f6tt kanap\u00e9val, k\u00e9k-z\u00f6ld mint\u00e1s p\u00e1rn\u00e1kkal, nagy ablakokon \u00e1t be\u00f6ml\u0151 f\u00e9nnyel, cs\u00edkos ablakdekorral.\" class=\"aligncenter size-full wp-image-4188\" src=\"https:\/\/doubletakedecor.com\/uploads\/2025\/08\/indoor-sunroom-furniture-ideas-dtd-27.jpg\" srcset=\"https:\/\/doubletakedecor.com\/uploads\/2025\/08\/indoor-sunroom-furniture-ideas-dtd-27.jpg 700w, https:\/\/doubletakedecor.com\/uploads\/2025\/08\/indoor-sunroom-furniture-ideas-dtd-27-200x300.jpg 200w, https:\/\/doubletakedecor.com\/uploads\/2025\/08\/indoor-sunroom-furniture-ideas-dtd-27-683x1024.jpg 683w, https:\/\/doubletakedecor.com\/uploads\/2025\/08\/indoor-sunroom-furniture-ideas-dtd-27-96x144.jpg 96w, https:\/\/doubletakedecor.com\/uploads\/2025\/08\/indoor-sunroom-furniture-ideas-dtd-27-280x420.jpg 280w, https:\/\/doubletakedecor.com\/uploads\/2025\/08\/indoor-sunroom-furniture-ideas-dtd-27-320x480.jpg 320w, https:\/\/doubletakedecor.com\/uploads\/2025\/08\/indoor-sunroom-furniture-ideas-dtd-27-360x539.jpg 360w, https:\/\/doubletakedecor.com\/uploads\/2025\/08\/indoor-sunroom-furniture-ideas-dtd-27-363x544.jpg 363w, https:\/\/doubletakedecor.com\/uploads\/2025\/08\/indoor-sunroom-furniture-ideas-dtd-27-370x554.jpg 370w, https:\/\/doubletakedecor.com\/uploads\/2025\/08\/indoor-sunroom-furniture-ideas-dtd-27-400x599.jpg 400w, https:\/\/doubletakedecor.com\/uploads\/2025\/08\/indoor-sunroom-furniture-ideas-dtd-27-560x839.jpg 560w, https:\/\/doubletakedecor.com\/uploads\/2025\/08\/indoor-sunroom-furniture-ideas-dtd-27-480x719.jpg 480w\" sizes=\"auto, (max-width: 700px) 100vw, 700px\" \/><\/p>\n<p>Teremts t\u00f6k\u00e9letes tengerparti hangulatot k\u00e9k-z\u00f6ld mint\u00e1s p\u00e1rn\u00e1kkal \u00e9s hozz\u00e1 ill\u0151 cs\u00edkos ablakdekorral. A plisz\u00edrozott kanap\u00e9 szoknya eleg\u00e1ns text\u00far\u00e1t visz a t\u00e9rbe, de a hangulat m\u00e9gis laza marad. Kiegyens\u00falyozhatod a l\u00e1tv\u00e1nyt friss vir\u00e1ggal \u00e9s fonott kieg\u00e9sz\u00edt\u0151kkel. Az \u00fcl\u0151sarkot helyezd \u00fagy, hogy a lehet\u0151 legt\u00f6bbet l\u00e1ss ki az ablakokon \u2013 \u00edgy lesz igaz\u00e1n k\u00fcl\u00f6nleges a napos szob\u00e1d.<\/p>\n<h2>Vil\u00e1gos szoba, r\u00e9teges text\u00far\u00e1kkal<\/h2>\n<p><img loading=\"lazy\" decoding=\"async\" width=\"700\" height=\"1050\" alt=\"L\u00e9gies, feh\u00e9r szoba b\u00e9zs sarokkanap\u00e9val, fonott sz\u00e9kekkel, r\u00e9teges sz\u0151nyegekkel \u00e9s fa kieg\u00e9sz\u00edt\u0151kkel, amelyet el\u00e1raszt a term\u00e9szetes f\u00e9ny.\" class=\"aligncenter size-full wp-image-4194\" src=\"https:\/\/doubletakedecor.com\/uploads\/2025\/08\/indoor-sunroom-furniture-ideas-dtd-28.jpg\" srcset=\"https:\/\/doubletakedecor.com\/uploads\/2025\/08\/indoor-sunroom-furniture-ideas-dtd-28.jpg 700w, https:\/\/doubletakedecor.com\/uploads\/2025\/08\/indoor-sunroom-furniture-ideas-dtd-28-200x300.jpg 200w, https:\/\/doubletakedecor.com\/uploads\/2025\/08\/indoor-sunroom-furniture-ideas-dtd-28-683x1024.jpg 683w, https:\/\/doubletakedecor.com\/uploads\/2025\/08\/indoor-sunroom-furniture-ideas-dtd-28-96x144.jpg 96w, https:\/\/doubletakedecor.com\/uploads\/2025\/08\/indoor-sunroom-furniture-ideas-dtd-28-280x420.jpg 280w, https:\/\/doubletakedecor.com\/uploads\/2025\/08\/indoor-sunroom-furniture-ideas-dtd-28-320x480.jpg 320w, https:\/\/doubletakedecor.com\/uploads\/2025\/08\/indoor-sunroom-furniture-ideas-dtd-28-360x540.jpg 360w, https:\/\/doubletakedecor.com\/uploads\/2025\/08\/indoor-sunroom-furniture-ideas-dtd-28-363x545.jpg 363w, https:\/\/doubletakedecor.com\/uploads\/2025\/08\/indoor-sunroom-furniture-ideas-dtd-28-370x555.jpg 370w, https:\/\/doubletakedecor.com\/uploads\/2025\/08\/indoor-sunroom-furniture-ideas-dtd-28-400x600.jpg 400w, https:\/\/doubletakedecor.com\/uploads\/2025\/08\/indoor-sunroom-furniture-ideas-dtd-28-560x840.jpg 560w, https:\/\/doubletakedecor.com\/uploads\/2025\/08\/indoor-sunroom-furniture-ideas-dtd-28-480x720.jpg 480w\" sizes=\"auto, (max-width: 700px) 100vw, 700px\" \/><\/p>\n<p>Tedd h\u00edvogat\u00f3v\u00e1 napf\u00e9nyes szob\u00e1dat k\u00fcl\u00f6nb\u00f6z\u0151 text\u00far\u00e1kkal: fonott b\u00fatorokat kombin\u00e1lj puha k\u00e1rpitozott darabokkal. Egy term\u00e9szetes anyag\u00fa alap-sz\u0151nyegre ter\u00edts egy mint\u00e1sabb sz\u0151nyeget \u2013 ez m\u00e9lys\u00e9get ad a t\u00e9rnek. Hagyd vil\u00e1gosnak a falakat, hogy m\u00e9g f\u00e9nyesebb legyen a szoba, \u00edgy a b\u00fatorok ker\u00fclnek a figyelem k\u00f6z\u00e9ppontj\u00e1ba. Dekor\u00e1ci\u00f3b\u00f3l el\u00e9g n\u00e9h\u00e1ny visszafogott darab, hogy a t\u00e9r tiszta, t\u00e1gas maradjon.<\/p>\n<h2>GYIK<\/h2>\n<details class=\"g-accordion \"><summary><h3>Milyen b\u00fator\u00f6tletek vannak belt\u00e9ri t\u00e9likertbe?<\/h3><\/summary>\n<p>Amikor belt\u00e9ri t\u00e9likertet rendezel be, t\u00f6rekedj arra, hogy a <strong>k\u00e9nyelmet \u00e9s a st\u00edlust<\/strong> \u00f6tv\u00f6zd. Kezdd puha \u00fcl\u0151helyek kiv\u00e1laszt\u00e1s\u00e1val, p\u00e9ld\u00e1ul k\u00e9nyelmes fotellel, L-alak\u00fa kanap\u00e9val vagy k\u00e9tszem\u00e9lyes kanap\u00e9val. Ezek ide\u00e1lisak a pihen\u00e9shez, \u00e9s k\u00f6nny\u0171v\u00e9 teszik a vend\u00e9gek fogad\u00e1s\u00e1t is. Ezek mell\u00e9 j\u00f3l j\u00f6n egy doh\u00e1nyz\u00f3asztal, ahov\u00e1 italokat, nassolni val\u00f3t tehetsz, a kissz\u00e9kek vagy oldalasztalok pedig m\u00e9g k\u00e9nyelmesebb\u00e9 teszik a teret.<\/p>\n<p>V\u00e1lassz <strong>fonott, fa vagy f\u00e9m<\/strong> anyag\u00fa darabokat \u2013 ezek nemcsak mutat\u00f3sak, hanem tart\u00f3sak is. Ezek a b\u00fatorok sz\u00e9pen kiemelik a be\u00e1rad\u00f3 term\u00e9szetes f\u00e9nyt, \u00e9s sokf\u00e9le st\u00edlushoz illenek.<\/p>\n<p>Dobd fel a hangulatot d\u00edszp\u00e1rn\u00e1kkal, melyeket p\u00e9ld\u00e1ul puha b\u00e1rsonyb\u00f3l vagy j\u00f3 min\u0151s\u00e9g\u0171 pamutb\u00f3l v\u00e1lasztasz \u2013 ez melegs\u00e9get \u00e9s text\u00far\u00e1t ad a t\u00e9rnek. Egy-k\u00e9t pokr\u00f3c fokozza a kuck\u00f3s hangulatot.<\/p>\n<p>Ha igaz\u00e1n kihaszn\u00e1ln\u00e1d a helyet, <strong>t\u00f6bbfunkci\u00f3s b\u00fatorokat<\/strong> \u00e9rdemes v\u00e1lasztani. <strong>T\u00e1rol\u00f3s puffok<\/strong> egyszerre rejtenek el dolgokat \u00e9s szolg\u00e1lnak extra \u00fcl\u0151hely, illetve l\u00e1btart\u00f3 gyan\u00e1nt is. Az egym\u00e1sba rakhat\u00f3 asztalokkal k\u00f6nnyed\u00e9n vari\u00e1lhatod a fel\u00fcleteket, \u00e9s mindig oda teheted, ahol \u00e9pp sz\u00fcks\u00e9ged van r\u00e1juk.<\/p>\n<p>V\u00e9g\u00fcl, csemp\u00e9ssz egy kis z\u00f6ldet a t\u00e9rbe n\u00e9h\u00e1ny szoban\u00f6v\u00e9nnyel! Ezeket az elemeket \u00f6tv\u00f6zve hangulatos, vend\u00e9gv\u00e1r\u00f3 t\u00e9likertet alak\u00edthatsz ki, amely t\u00f6k\u00e9letes a kikapcsol\u00f3d\u00e1shoz \u00e9s a bar\u00e1ti \u00f6sszej\u00f6vetelekhez is.<\/p>\n<\/details><details class=\"g-accordion \"><summary><h3>Melyek a legjobb anyagok t\u00e9likerti b\u00fatorhoz?<\/h3><\/summary>\n<p>T\u00e9likerti b\u00fator v\u00e1laszt\u00e1sakor fontos, hogy az anyagok j\u00f3l b\u00edrj\u00e1k a h\u0151m\u00e9rs\u00e9klet- \u00e9s p\u00e1ratartalom v\u00e1ltoz\u00e1s\u00e1t. <strong>Fonott b\u00fatorok<\/strong>, <strong>rattan<\/strong> \u00e9s <strong>ak\u00e1cfa<\/strong> remek d\u00f6nt\u00e9s, mert tart\u00f3sak \u00e9s ellen\u00e1llnak az id\u0151j\u00e1r\u00e1snak is. Ezek az anyagok nemcsak b\u00edrj\u00e1k a k\u00fcl\u00f6nleges t\u00e9likerti kl\u00edm\u00e1t, de term\u00e9szetes megjelen\u00e9s\u00fck nagyszer\u0171en illik a vil\u00e1gos t\u00e9rbe.<\/p>\n<p><strong>\u00dcveg asztallapok<\/strong> szint\u00e9n kiv\u00e1l\u00f3ak: k\u00f6nnyed hat\u00e1st keltenek, m\u00e9gis strapab\u00edr\u00f3ak. Az \u00fcveg f\u00e9nyvisszaver\u0151 fel\u00fclete tov\u00e1bb vil\u00e1gos\u00edtja \u00e9s bar\u00e1ts\u00e1gosabb\u00e1 var\u00e1zsolja a helyis\u00e9get. Fontos azonban, hogy minden anyag harmoniz\u00e1ljon a t\u00e9likert st\u00edlus\u00e1val, \u00edgy lesz egys\u00e9ges az \u00f6sszk\u00e9p.<\/p>\n<p>Ezeknek az anyagoknak a haszn\u00e1lat\u00e1val olyan mutat\u00f3s, m\u00e9gis id\u0151t\u00e1ll\u00f3 b\u00fatorokat kapsz, amelyek j\u00f3l b\u00edrj\u00e1k a v\u00e1ltoz\u00f3 k\u00f6r\u00fclm\u00e9nyeket.<\/p>\n<\/details><details class=\"g-accordion \"><summary><h3>Melyek a legstrapab\u00edr\u00f3bb anyagok t\u00e9likerti b\u00fatorhoz?<\/h3><\/summary>\n<p><strong>Strapab\u00edr\u00f3 anyagok<\/strong> v\u00e1laszt\u00e1s\u00e1val a t\u00e9likerti b\u00fatorok nemcsak tart\u00f3sak lesznek, de sok\u00e1ig meg\u0151rzik sz\u00e9p megjelen\u00e9s\u00fcket is. Ezeket \u00e9rdemes megfontolni:<\/p>\n<ul>\n<li><strong>fonott \u00e9s rattan<\/strong>: kiv\u00e1l\u00f3an ellen\u00e1llnak a napf\u00e9nynek \u00e9s a p\u00e1r\u00e1nak,<\/li>\n<li><strong>kezelt fa, p\u00e9ld\u00e1ul ak\u00e1c<\/strong>: j\u00f3l kezeli a nedvess\u00e9get, ez\u00e9rt ide\u00e1lis ilyen k\u00f6rnyezetbe,<\/li>\n<li><strong>porsz\u00f3rt f\u00e9m v\u00e1zak<\/strong>: er\u0151sek, m\u00e9gis k\u00f6nnyen mozgathat\u00f3k, a tart\u00f3ss\u00e1guk rov\u00e1s\u00e1ra sem megy ez a k\u00f6nnyeds\u00e9g.<\/li>\n<\/ul>\n<p>K\u00e1rpitnak mindenk\u00e9pp <strong>UV-\u00e1ll\u00f3 textilt<\/strong> v\u00e1lassz, \u00edgy a sz\u00ednek hossz\u00fa ideig frissek maradnak. Ezek az anyagok tart\u00f3ss\u00e1got \u00e9s st\u00edlust is adnak a t\u00e9likerti b\u00fatorokhoz. Ha j\u00f3 min\u0151s\u00e9g\u0171, \u00e1tgondolt darabokat szerzel be, akkor a t\u00e9likerted sok\u00e1ig sz\u00e9p \u00e9s h\u00edvogat\u00f3 lesz.<\/p>\n<\/details><details class=\"g-accordion \"><summary><h3>Mi\u00e9rt \u00e9rdemes rattant vagy ak\u00e1cf\u00e1t v\u00e1lasztani t\u00e9likerti b\u00fatorhoz?<\/h3><\/summary>\n<p><p>A <strong>rattan<\/strong> \u00e9s az <strong>ak\u00e1cfa<\/strong> nagyszer\u0171 v\u00e1laszt\u00e1s t\u00e9likertbe, hiszen tart\u00f3sak \u00e9s sz\u00e9pek is. A <strong>rattan<\/strong> k\u00f6nny\u0171, m\u00e9gis er\u0151s, ez\u00e9rt ide\u00e1lis ott, ahol a h\u0151m\u00e9rs\u00e9klet gyakran v\u00e1ltozik. J\u00f3l b\u00edrja a k\u00fclt\u00e9ri k\u00f6r\u00fclm\u00e9nyeket, \u00edgy sok\u00e1ig haszn\u00e1lhatod an\u00e9lk\u00fcl, hogy vesz\u00edtene a st\u00edlus\u00e1b\u00f3l. Az <strong>ak\u00e1cfa<\/strong> er\u0151s \u00e9s j\u00f3l ellen\u00e1ll a nedvess\u00e9gnek \u2013 ezek a tulajdons\u00e1gok kifejezetten j\u00f3l j\u00f6nnek egy t\u00e9likertben. Mindk\u00e9t anyag term\u00e9szetes, rusztikus hangulatot k\u00f6lcs\u00f6n\u00f6z a t\u00e9rnek, amivel igaz\u00e1n otthonoss\u00e1 var\u00e1zsolhatod a t\u00e9likertedet.<\/p>\n<\/p>\n<\/details><details class=\"g-accordion \"><summary><h3>Melyek a legstrapab\u00edr\u00f3bb sz\u00f6vetek t\u00e9likerti b\u00fatorhoz?<\/h3><\/summary>\n<p>T\u00e9likerti b\u00fatorhoz olyan sz\u00f6veteket \u00e9rdemes v\u00e1lasztani, amelyek ellen\u00e1llnak az er\u0151s naps\u00fct\u00e9s <strong>UV sugarainak<\/strong> \u2013 ilyen p\u00e9ld\u00e1ul a <strong>festett akril<\/strong> vagy a <strong>poli\u00e9szter kever\u00e9k<\/strong>. Ezeket kifejezetten \u00fagy tervezik, hogy hossz\u00fa ideig b\u00edrj\u00e1k a napf\u00e9nyt an\u00e9lk\u00fcl, hogy kifakuln\u00e1nak, \u00edgy tov\u00e1bb meg\u0151rzik sz\u00e9ps\u00e9g\u00fcket. Az olyan <strong>k\u00fclt\u00e9rre sz\u00e1nt anyagok<\/strong>, amelyek tasz\u00edtj\u00e1k a vizet \u00e9s k\u00f6nnyen tiszt\u00edthat\u00f3k, tov\u00e1bb n\u00f6velik a b\u00fator \u00e9lettartam\u00e1t. Ha ilyen <strong>strapab\u00edr\u00f3 textileket<\/strong> v\u00e1lasztasz, a b\u00fatorod id\u0151vel is k\u00e9nyelmes \u00e9s mutat\u00f3s marad, b\u00edrja az id\u0151j\u00e1r\u00e1si viszontags\u00e1gokat \u00e9s a mindennapos haszn\u00e1latot is.<\/p>\n<\/details><details class=\"g-accordion \"><summary><h3>Hogyan teszik k\u00fcl\u00f6nlegess\u00e9 az exkluz\u00edv sz\u00f6vetek a t\u00e9likertet?<\/h3><\/summary>\n<p>A luxus anyagok igaz\u00e1n meghat\u00e1roz\u00f3ak egy t\u00e9likert hangulat\u00e1ban, mert text\u00far\u00e1t \u00e9s gazdag sz\u00ednt visznek a t\u00e9rbe. A <strong>b\u00e1rsony<\/strong> \u00e9s a <strong>magas min\u0151s\u00e9g\u0171 pamut<\/strong> melegs\u00e9get sug\u00e1roz, ami bar\u00e1ts\u00e1goss\u00e1 \u00e9s otthonoss\u00e1 teszi a helyis\u00e9get. Ha ilyen anyagb\u00f3l k\u00e9sz\u00fclt p\u00e1rn\u00e1k, takar\u00f3k vagy ak\u00e1r k\u00e1rpit van a t\u00e9likertben, az igazi eleganci\u00e1val t\u00f6lti meg a teret. Ezek nemcsak k\u00e9nyelmet adnak, hanem st\u00edlusoss\u00e1 is var\u00e1zsolj\u00e1k a szob\u00e1t. <strong>Ezekkel az anyagokkal egy \u00e1tlagos t\u00e9likertb\u0151l k\u00f6nnyed\u00e9n eleg\u00e1ns pihen\u0151sarkot alak\u00edthatsz ki, ahol j\u00f3lesik laz\u00edtani vagy t\u00e1rsas\u00e1gban lenni.<\/strong><\/p>\n<\/details><details class=\"g-accordion \"><summary><h3>Mi\u00e9rt \u00e9rdemes vil\u00e1gos anyagokat v\u00e1lasztani t\u00e9likerti b\u00fatorhoz?<\/h3><\/summary>\n<p>A <strong>vil\u00e1gos anyagok<\/strong> f\u0151szerepet j\u00e1tszanak abban, hogy a t\u00e9likert t\u00e1gas \u00e9s napf\u00e9nyes maradjon. <strong>Rattan, fonott b\u00fator \u00e9s \u00fcveg<\/strong> kihangs\u00falyozz\u00e1k a term\u00e9szetes f\u00e9nyt, \u00e9s meleg, bar\u00e1ts\u00e1gos k\u00f6zeget teremtenek. Ezek a b\u00fatorok j\u00f3l visszaverik a napf\u00e9nyt, \u00edgy vil\u00e1gosabb\u00e1 \u00e9s h\u00edvogat\u00f3bb\u00e1 v\u00e1lik a helyis\u00e9g. Ha <strong>vil\u00e1gos sz\u00edn\u0171 text\u00edli\u00e1kat \u00e9s fel\u00fcleteket<\/strong> p\u00e1ros\u00edtasz hozz\u00e1juk, az tov\u00e1bb er\u0151s\u00edti ezt a hat\u00e1st, hiszen eloszlatj\u00e1k a napf\u00e9nyt a szob\u00e1ban, \u00edgy reggelt\u0151l estig ragyog\u00f3 lesz a t\u00e9likert. Ezzel a megold\u00e1ssal k\u00f6nnyed\u00e9n \u00f6sszeolvadhat a belt\u00e9r \u00e9s a k\u00fclt\u00e9r, r\u00e1ad\u00e1sul st\u00edlusos \u00e9s haszn\u00e1lhat\u00f3 lesz a helyis\u00e9g.<\/p>\n<\/details><details class=\"g-accordion \"><summary><h3>Hogyan dobhatod fel a t\u00e9likerted hangulat\u00e1t k\u00e9nyelmes b\u00fatorokkal?<\/h3><\/summary>\n<p>A t\u00e9likertb\u0151l igazi otthonos zugot var\u00e1zsolsz, ha a megfelel\u0151 b\u00fatorokat v\u00e1lasztod. V\u00e1lassz puha \u00fcl\u0151alkalmatoss\u00e1gokat, p\u00e9ld\u00e1ul <strong>b\u00e1rsony fotelt<\/strong> vagy <strong>pamut huzat\u00fa L-alak\u00fa kanap\u00e9t<\/strong> \u2013 ezek csalogatnak egy kiad\u00f3s pihen\u00e9shez. A <strong>meleg sz\u00ednek<\/strong> bar\u00e1ts\u00e1gos \u00e9rzetet keltenek, \u00e9s a d\u00edszp\u00e1rn\u00e1k, takar\u00f3k m\u00e9g otthonosabb\u00e1 teszik a teret. N\u00e9h\u00e1ny cserepes n\u00f6v\u00e9ny elhelyez\u00e9se tov\u00e1bb fokozza a hangulatot. \u00cdgy a t\u00e9likert t\u00f6k\u00e9letes pihen\u0151helly\u00e9 v\u00e1lik, ahol te \u00e9s vend\u00e9geid is j\u00f3l \u00e9rzitek magatokat.<\/p>\n<\/details><details class=\"g-accordion \"><summary><h3>Milyen el\u0151nyei vannak a t\u00f6bbfunkci\u00f3s b\u00fatoroknak egy t\u00e9likertben?<\/h3><\/summary>\n<p>A t\u00f6bbfunkci\u00f3s b\u00fatorok sz\u00e1mos el\u0151nnyel j\u00e1rnak a t\u00e9likertben: <strong>helytakar\u00e9kosak<\/strong> \u00e9s <strong>sokoldal\u00faan alkalmazhat\u00f3k<\/strong>. Ilyenek p\u00e9ld\u00e1ul:<\/p>\n<ul>\n<li>t\u00e1rol\u00f3s puffok,<\/li>\n<li>egym\u00e1sba rakhat\u00f3 asztalok,<\/li>\n<li>\u00f6sszecsukhat\u00f3 b\u00fatorok.<\/li>\n<\/ul>\n<p>Ezek k\u00f6nnyed\u00e9n \u00e1talak\u00edthat\u00f3k, \u00edgy b\u00e1rmilyen tev\u00e9kenys\u00e9ghez haszn\u00e1lhatod \u0151ket. A <strong>t\u00e1rol\u00f3s puffok<\/strong> \u00fcl\u0151helyk\u00e9nt is funkcion\u00e1lnak, mik\u00f6zben elrejtheted benn\u00fck p\u00e9ld\u00e1ul a takar\u00f3kat vagy az \u00fajs\u00e1gokat. Az <strong>egym\u00e1sra rakhat\u00f3 asztalok<\/strong> b\u00e1rmikor k\u00e9zn\u00e9l vannak, de k\u00f6nnyed\u00e9n f\u00e9lretehet\u0151k, ha t\u00f6bb helyre van sz\u00fcks\u00e9ged \u2013 t\u00f6k\u00e9letesek kisebb terekhez. Az <strong>\u00f6sszecsukhat\u00f3 b\u00fatorokkal<\/strong> gyorsan \u00e1talak\u00edthatod a szob\u00e1t: lehet bel\u0151le pihen\u0151t\u00e9r, eb\u00e9dl\u0151 vagy ak\u00e1r dolgoz\u00f3sarok is. Ezek a darabok rendet \u00e9s rugalmass\u00e1got biztos\u00edtanak a t\u00e9likertben, an\u00e9lk\u00fcl, hogy le kellene mondanod a st\u00edlusr\u00f3l vagy a haszn\u00e1lhat\u00f3s\u00e1gr\u00f3l.<\/p>\n<\/details><details class=\"g-accordion \"><summary><h3>Milyen v\u00e1ltozatos \u00fcl\u0151helyek j\u00f3k egy t\u00e9likertben?<\/h3><\/summary>\n<p>A t\u00e9likertben sokf\u00e9le \u00fcl\u0151hely k\u00f6z\u00fcl v\u00e1laszthatsz, amelyek rugalmasan igazodnak az ig\u00e9nyeidhez. \u00cdme p\u00e1r \u00f6tlet:<\/p>\n<ul>\n<li><strong>forg\u00f3sz\u00e9kek<\/strong>: k\u00f6nnyed\u00e9n elfordulhatsz a napf\u00e9ny vagy ak\u00e1r a besz\u00e9lget\u00e9s ir\u00e1ny\u00e1ba,<\/li>\n<li><strong>L-alak\u00fa kanap\u00e9k<\/strong>: t\u00f6bb r\u00e9szb\u0151l \u00e1llnak, \u00edgy b\u00e1rmilyen elrendez\u00e9shez igazodnak,<\/li>\n<li><strong>hever\u0151k<\/strong>: egyszerre biztos\u00edtanak k\u00e9nyelmes \u00fcl\u00e9st \u00e9s ak\u00e1r alv\u00f3helyet is,<\/li>\n<li><strong>k\u00f6nny\u0171 sz\u00e9kek<\/strong>: egyszer\u0171 megmozgatni \u0151ket, \u00edgy maxim\u00e1lisan kihaszn\u00e1lhatod a helyet,<\/li>\n<li><strong>padok \u00e9s t\u00e1rol\u00f3s puffok<\/strong>: extra \u00fcl\u0151helyet adnak, mik\u00f6zben elrejthetsz benn\u00fck p\u00e9ld\u00e1ul k\u00f6nyveket vagy takar\u00f3kat.<\/li>\n<\/ul>\n<p><strong>Ezek a lehet\u0151s\u00e9gek m\u00e9g k\u00e9nyelmesebb\u00e9 \u00e9s vend\u00e9gv\u00e1r\u00f3v\u00e1 teszik a t\u00e9likertet, legyen sz\u00f3 pihen\u00e9sr\u0151l vagy k\u00f6z\u00f6s programr\u00f3l.<\/strong><\/p>\n<\/details><details class=\"g-accordion \"><summary><h3>Melyek a legk\u00e9nyelmesebb kanap\u00e9v\u00e1laszt\u00e1sok egy t\u00e9likertbe?<\/h3><\/summary>\n<p>Egy t\u00e9likertben \u00e9rdemes ilyenek k\u00f6z\u00fcl v\u00e1logatni:<\/p>\n<ul>\n<li>L-alak\u00fa kanap\u00e9k,<\/li>\n<li>k\u00e9tszem\u00e9lyes kanap\u00e9k,<\/li>\n<li>puha, k\u00e9nyelmes kanap\u00e9k.<\/li>\n<\/ul>\n<p>Ezek nemcsak pihentet\u0151ek, de meghitt hangulatot is adnak a helyis\u00e9gnek. Javasolt <strong>id\u0151j\u00e1r\u00e1s\u00e1ll\u00f3 sz\u00f6veteket<\/strong> v\u00e1lasztani, hogy a kanap\u00e9 b\u00edrja a v\u00e1ltoz\u00f3 k\u00f6r\u00fclm\u00e9nyeket is. Plusz p\u00e1rn\u00e1k \u00e9s pokr\u00f3cok m\u00e9g k\u00e9nyelmesebb\u00e9 \u00e9s st\u00edlusosabb\u00e1 teszik a teret. Ezek a kanap\u00e9k t\u00f6k\u00e9letesek lust\u00e1lkod\u00e1shoz vagy vend\u00e9gek fogad\u00e1s\u00e1hoz is. Mindenk\u00e9pp olyan darabot v\u00e1lassz, ami illik a t\u00e9likert hangulat\u00e1hoz \u2013 ett\u0151l lesz igaz\u00e1n bar\u00e1ts\u00e1gos \u00e9s \u00f6sszehangolt a t\u00e9r.<\/p>\n<\/details><details class=\"g-accordion \"><summary><h3>Milyen el\u0151nyei vannak a karcs\u00fa kanap\u00e9nak a t\u00e9likertben?<\/h3><\/summary>\n<p>A <strong>keskeny, karcs\u00fa kanap\u00e9k<\/strong> ide\u00e1lisak a t\u00e9likertbe. Kis helyen is elf\u00e9rnek, \u00edgy <strong>nem lesz zs\u00fafolt a t\u00e9r<\/strong>, k\u00f6nnyen \u00e1t lehet rendezni a szob\u00e1t, \u00e9s szell\u0151s marad minden. Ezek a kanap\u00e9k k\u00e9nyelmes \u00fcl\u0151helyet ny\u00fajtanak, mik\u00f6zben modern st\u00edlust csemp\u00e9sznek a berendez\u00e9sbe.<\/p>\n<ul>\n<li>letisztult vonalak,<\/li>\n<li>minimalista formavil\u00e1g,<\/li>\n<li>nyitott, h\u00edvogat\u00f3 hangulat marad a t\u00e9likertben.<\/li>\n<\/ul>\n<p>Ezek a darabok nagyszer\u0171ek, ha valaki st\u00edlusos, de praktikus b\u00fatort keres, <strong>a karcs\u00fa kanap\u00e9k pedig t\u00f6k\u00e9letesen illenek egy modern t\u00e9likertbe<\/strong>, an\u00e9lk\u00fcl, hogy le kellene mondani a k\u00e9nyelemr\u0151l vagy a helytakar\u00e9koss\u00e1gr\u00f3l.<\/p>\n<\/details><details class=\"g-accordion \"><summary><h3>Hogyan haszn\u00e1lhat\u00f3 a hever\u0151 a t\u00e9likertben?<\/h3><\/summary>\n<p>Egy <strong>hever\u0151<\/strong> sokoldal\u00fa eleme lehet a t\u00e9likertnek, hiszen egyar\u00e1nt alkalmas \u00fcl\u00e9sre \u00e9s alv\u00e1sra is. Nappal remek hely laz\u00edtani, pihenni vagy ak\u00e1r k\u00f6nyvet olvasni \u2013 \u00e9jszaka pedig k\u00f6nnyed\u00e9n \u00e1gyk\u00e9nt is funkcion\u00e1lhat a vend\u00e9geknek. K\u00e9nyelmesebb\u00e9 teheted p\u00e1rn\u00e1kkal, puha takar\u00f3kkal. Egy hever\u0151 \u00edgy m\u00e9g praktikusabb\u00e1 var\u00e1zsolja a t\u00e9likerted, \u00e9s j\u00f3l illeszthet\u0151 b\u00e1rmilyen lakberendez\u00e9si st\u00edlushoz, igazi vend\u00e9gv\u00e1r\u00f3, nyugalmas sarok lesz bel\u0151le.<\/p>\n<\/details><details class=\"g-accordion \"><summary><h3>\u00c9rdemes t\u00e1rol\u00f3s puffot v\u00e1lasztani a t\u00e9likertbe?<\/h3><\/summary>\n<p>A t\u00e1rol\u00f3s puffok szuper v\u00e1laszt\u00e1snak sz\u00e1m\u00edtanak a t\u00e9likertbe, mivel egyszerre <strong>st\u00edlusosak<\/strong> \u00e9s <strong>praktikusak<\/strong>. Ezek k\u00edn\u00e1lnak:<\/p>\n<ul>\n<li>extra \u00fcl\u0151helyet,<\/li>\n<li>rejtett t\u00e1rol\u00f3helyet pokr\u00f3coknak, j\u00e1t\u00e9koknak vagy magazinoknak,<\/li>\n<li>t\u00f6bbf\u00e9le funkci\u00f3t: lehetnek l\u00e1btart\u00f3k vagy mini asztalk\u00e1k is.<\/li>\n<\/ul>\n<p><strong>Ezekkel a puffokkal k\u00f6nny\u0171 rendet tartani, m\u00e9gsem vesz\u00edted el a meghitt, otthonos hangulatot.<\/strong> R\u00e1ad\u00e1sul a tervez\u00e9s\u00fck j\u00f3l harmoniz\u00e1l a t\u00f6bbi b\u00fatorral.<\/p>\n<\/details> <details class=\"g-accordion \"><summary><h3>Hogyan seg\u00edtenek a rak\u00e1solhat\u00f3 asztalk\u00e1k kihaszn\u00e1lni a helyet a t\u00e9likertben?<\/h3><\/summary>\n<p>A rak\u00e1solhat\u00f3 asztalk\u00e1k kiv\u00e1l\u00f3 lehet\u0151s\u00e9get ny\u00fajtanak arra, hogy a legt\u00f6bbet hozd ki a t\u00e9likertedb\u0151l. Ezek a sokoldal\u00fa b\u00fatorok k\u00f6nnyen \u00e1trendezhet\u0151k vagy elpakolhat\u00f3k, gyakran <strong>k\u00e9t<\/strong> vagy <strong>h\u00e1rom<\/strong> darabos szettekben kaphat\u00f3k, \u00edgy m\u00e9g k\u00e9nyelmesebbek. Ha nincs r\u00e1juk sz\u00fcks\u00e9ged, egym\u00e1s al\u00e1 cs\u00fasztathatod \u0151ket, \u00edgy \u00e9rt\u00e9kes padl\u00f3fel\u00fcletet szabad\u00edtasz fel \u2013 ez k\u00fcl\u00f6n\u00f6sen kis t\u00e9likertekben nagyon hasznos, ahol t\u00e9nyleg minden n\u00e9gyzetcenti sz\u00e1m\u00edt.<\/p>\n<p>Ha vend\u00e9geket h\u00edvsz, csak sz\u00e9t kell h\u00faznod az asztalokat, \u00e9s m\u00e1ris t\u00f6bb helyed lesz a nassolnival\u00f3k \u00e9s italok sz\u00e1m\u00e1ra. \u00cdgy m\u00e9g praktikusabb\u00e1 teszed a szob\u00e1t. Mivel k\u00f6nnyen \u00e1trendezhet\u0151k, gyorsan alkalmazkodhatnak b\u00e1rmilyen tev\u00e9kenys\u00e9ghez \u2013 ak\u00e1r bar\u00e1tokat l\u00e1tsz vend\u00e9g\u00fcl, ak\u00e1r csak pihenni szeretn\u00e9l egyed\u00fcl.<\/p>\n<p>A rak\u00e1solhat\u00f3 asztalk\u00e1k v\u00e1ltozatos diz\u00e1jnban el\u00e9rhet\u0151k, \u00edgy <strong>modern vagy rusztikus<\/strong> st\u00edlushoz is remek\u00fcl illenek, an\u00e9lk\u00fcl hogy a st\u00edluson rontan\u00e1nak. Kis s\u00falyuk miatt k\u00f6nnyen mozgathat\u00f3k, ha arra van sz\u00fcks\u00e9g.<\/p>\n<p><strong>Ha be\u00e9p\u00edted a t\u00e9likertedbe, a rak\u00e1solhat\u00f3 asztalk\u00e1k nemcsak praktikusabb\u00e1 teszik a teret, de meg\u0151rzik a k\u00e9nyelmet \u00e9s a sz\u00e9p \u00f6sszk\u00e9pet is.<\/strong> Okos v\u00e1laszt\u00e1s, ha egy \u00fcgyes, st\u00edlusos helyet szeretn\u00e9l, ami t\u00f6bbf\u00e9le tev\u00e9kenys\u00e9ghez is j\u00f3l alkalmazkodik.<\/p>\n<\/details><details class=\"g-accordion \"><summary><h3>Mi\u00e9rt \u00e9rdemes \u00fcvegasztalt v\u00e1lasztani a t\u00e9likertbe?<\/h3><\/summary>\n<p>Az \u00fcveglappal ell\u00e1tott asztalok remek\u00fcl illenek a t\u00e9likertbe, mivel \u00e1tl\u00e1tsz\u00f3 fel\u00fclet\u00fck szabad utat enged a napf\u00e9nynek. Ez\u00e1ltal a szoba vil\u00e1gosabbnak \u00e9s t\u00e1gasabbnak t\u0171nik. <strong>A f\u00e9nyes, ragyog\u00f3 hangulat t\u00f6k\u00e9letesen illik azokba a helyis\u00e9gekbe, ahol sok a term\u00e9szetes napf\u00e9ny.<\/strong> R\u00e1ad\u00e1sul az \u00fcvegasztalok k\u00f6nnyen tiszt\u00edthat\u00f3k, teh\u00e1t roppant praktikusak. K\u00fcl\u00f6nb\u00f6z\u0151 st\u00edlusokhoz is illeszkednek, mik\u00f6zben eleganci\u00e1t \u00e9s modern hangulatot visznek a t\u00e9likertedbe.<\/p>\n<\/details><details class=\"g-accordion \"><summary><h3>Milyen el\u0151nyei vannak egy doh\u00e1nyz\u00f3asztalnak a t\u00e9likertben?<\/h3><\/summary>\n<p>Egy doh\u00e1nyz\u00f3asztal sz\u00e1mos el\u0151nyt k\u00edn\u00e1l, ha a t\u00e9likertbe ker\u00fcl. Ez lehet a <strong>k\u00f6zponti pont<\/strong>, ahov\u00e1 italokat, apr\u00f3 harapnival\u00f3kat vagy d\u00edszt\u00e1rgyakat \u2013 p\u00e9ld\u00e1ul n\u00f6v\u00e9nyeket, gyerty\u00e1kat \u2013 tehetsz. \u00cdgy haszn\u00e1lhat\u00f3bb lesz a hely, ak\u00e1r pihenni, ak\u00e1r vend\u00e9geket fogadni szeretn\u00e9l. Ha olyan asztalt v\u00e1lasztasz, ami illik a t\u00e9likert st\u00edlus\u00e1hoz, az tov\u00e1bb dobhat az \u00f6sszhat\u00e1son. Emellett a rend meg\u0151rz\u00e9s\u00e9t is seg\u00edti, hogy bar\u00e1ts\u00e1gos, <strong>h\u00edvogat\u00f3 hangulatot<\/strong> teremts ak\u00e1r t\u00e1rsas\u00e1gnak, ak\u00e1r egy kis egyed\u00fcll\u00e9tre.<\/p>\n<\/details><details class=\"g-accordion \"><summary><h3>Hogyan illik egy minimalista doh\u00e1nyz\u00f3asztal a t\u00e9likertbe?<\/h3><\/summary>\n<p>Egy <strong>minimalista doh\u00e1nyz\u00f3asztal<\/strong> igaz\u00e1n j\u00f3 v\u00e1laszt\u00e1s a t\u00e9likertbe, mert letisztult fel\u00fclet\u00e9vel \u00e9s egyszer\u0171s\u00e9g\u00e9ben megtartja a szoba t\u00e1gas, l\u00e9gies hangulat\u00e1t. A <strong>letisztult vonalvezet\u00e9s\u0171<\/strong>, p\u00e9ld\u00e1ul <strong>\u00fcvegb\u0151l<\/strong> vagy <strong>f\u00e9mb\u0151l<\/strong> k\u00e9sz\u00fclt asztalok szinte \u00e9szrev\u00e9tlen\u00fcl engedik be a term\u00e9szetes f\u00e9nyt. Ez a <strong>sokoldal\u00faan haszn\u00e1lhat\u00f3 b\u00fatordarab<\/strong> kieg\u00e9sz\u00edt b\u00e1rmilyen berendez\u00e9si st\u00edlust an\u00e9lk\u00fcl, hogy elvonn\u00e1 a figyelmet a t\u00f6bbi elemr\u0151l. Egyszerre praktikus \u00e9s visszafogott, t\u00e1mogatja a <strong>k\u00e9nyelmet<\/strong> \u00e9s <strong>pihen\u00e9st<\/strong> a t\u00e9likertben.<\/p>\n<\/details><details class=\"g-accordion \"><summary><h3>Hogyan rendezd be k\u00e9nyelmesen a t\u00e9likertedet?<\/h3><\/summary>\n<p>Egy otthonos, bar\u00e1ts\u00e1gos t\u00e9likert kialak\u00edt\u00e1sa egy kis tervez\u00e9st ig\u00e9nyel. Kezdd azzal, hogy \u00fagy rendezed el az \u00fcl\u0151helyeket, hogy k\u00f6nny\u0171 legyen besz\u00e9lgetni \u00e9s mindenki k\u00e9nyelmesen elf\u00e9rjen. A k\u00fcl\u00f6nb\u00f6z\u0151 form\u00e1j\u00fa \u00e9s magass\u00e1g\u00fa sz\u00e9kek kever\u00e9se kellemesebb\u00e9 \u00e9s izgalmasabb\u00e1 teszi a l\u00e1tv\u00e1nyt, ez\u00e9rt j\u00f3 \u00f6tlet p\u00e9ld\u00e1ul forg\u00f3sz\u00e9ket vagy sarokkanap\u00e9t is elhelyezni, hogy rugalmasan alkalmazkodhass a helyzetekhez.<\/p>\n<p>Az ablakok el\u00e9 vagy a legvil\u00e1gosabb helyre tedd a b\u00fatorokat, \u00edgy jobban kihaszn\u00e1lod a napf\u00e9nyt \u00e9s a sz\u00e9p kil\u00e1t\u00e1sokat. Ha multifunkci\u00f3s darabokat, p\u00e9ld\u00e1ul t\u00e1rol\u00f3s puffot v\u00e1lasztasz, az is sokat seg\u00edt, hogy ne legyen zs\u00fafolt a t\u00e9r.<\/p>\n<p>Egy j\u00f3l \u00e1tgondolt berendez\u00e9ssel a t\u00e9likert t\u00f6k\u00e9letes hely lehet pihen\u00e9shez, vend\u00e9gfogad\u00e1shoz vagy ak\u00e1r a term\u00e9szet csendes megfigyel\u00e9s\u00e9hez is.<\/p>\n<\/details><details class=\"g-accordion \"><summary><h3>Mire figyelj, ha elrendezed a b\u00fatorokat a t\u00e9likertben?<\/h3><\/summary>\n<p>Ha b\u00fatorokat helyezel el a t\u00e9likertben:<\/p>\n<ul>\n<li>igyekezz a lehet\u0151 legt\u00f6bb term\u00e9szetes f\u00e9nyt kihaszn\u00e1lni, \u00e9s figyelj arra is, hogy k\u00f6nny\u0171 legyen \u00e1tj\u00e1rni a helyis\u00e9get,<\/li>\n<li>\u00fagy helyezd el a b\u00fatorokat, hogy sok napf\u00e9nyt \u00e9s sz\u00e9p kil\u00e1t\u00e1sokat kapj \u2013 ett\u0151l bar\u00e1ts\u00e1gosabb lesz a t\u00e9r,<\/li>\n<li>maradjanak szabad \u00e1tj\u00e1r\u00f3k, hogy k\u00f6nny\u0171 legyen mozogni,<\/li>\n<li>olyan b\u00fatorokat v\u00e1lassz, melyek m\u00e9retben passzolnak, \u00e9s nem t\u00falzs\u00fafoltt\u00e1 teszik a szob\u00e1t,<\/li>\n<li>jel\u00f6ld ki a k\u00fcl\u00f6nb\u00f6z\u0151 z\u00f3n\u00e1kat \u2013 lehet ez pihen\u0151- vagy \u00e9tkez\u0151r\u00e9sz p\u00e9ld\u00e1ul.<\/li>\n<\/ul>\n<p><strong>Egy j\u00f3l \u00e1tgondolt elrendez\u00e9s nemcsak praktikus, hanem nyitott, vil\u00e1gos hangulatot is teremt.<\/strong><\/p>\n<\/details><details class=\"g-accordion \"><summary><h3>Milyen a j\u00f3 berendez\u00e9s egy t\u00e9likertben?<\/h3><\/summary>\n<p>Egy j\u00f3l kialak\u00edtott t\u00e9likert igaz\u00e1n bar\u00e1ts\u00e1gos, k\u00e9nyelmes pihen\u0151helly\u00e9 v\u00e1ltoztathatja otthonodat. Hogy a legt\u00f6bbet hozd ki bel\u0151le, \u00e9rdemes k\u00fcl\u00f6n r\u00e9szeket, azaz z\u00f3n\u00e1kat kialak\u00edtani \u2013 p\u00e9ld\u00e1ul pihen\u00e9shez, \u00e9tkez\u00e9shez vagy ak\u00e1r munk\u00e1hoz. Ha szeretsz vend\u00e9geket h\u00edvni, a k\u00f6r vagy f\u00e9lk\u00f6r alakban elhelyezett \u00fcl\u0151helyek el\u0151seg\u00edtik a besz\u00e9lget\u00e9st.<\/p>\n<p>Az \u00fcgyesen elhelyezett b\u00fatorok seg\u00edtenek elk\u00fcl\u00f6n\u00edteni ezeket a z\u00f3n\u00e1kat, \u00e9s m\u00e9g jobban haszn\u00e1lhat\u00f3v\u00e1, \u00e1tl\u00e1that\u00f3v\u00e1 teszik a teret. P\u00e9ld\u00e1ul, ha a kanap\u00e9t \u00fagy teszed, hogy elv\u00e1lassza egym\u00e1st\u00f3l az olvas\u00f3sarkot \u00e9s az \u00e9tkez\u0151t, nem lesz zs\u00fafolt \u00e9rz\u00e9s, m\u00e9gis minden k\u00e9zre \u00e1ll. \u00cdgy szabadon lehet k\u00f6zlekedni is.<\/p>\n<p>Sokoldal\u00fa b\u00fatorokkal, p\u00e9ld\u00e1ul <strong>rak\u00e1solhat\u00f3 asztalk\u00e1kkal<\/strong> vagy <strong>t\u00e1rol\u00f3s puffokkal<\/strong> tov\u00e1bb n\u00f6velheted a praktikuss\u00e1got \u2013 ezeket akkor \u00e9s oda teheted, ahov\u00e1 \u00e9pp sz\u00fcks\u00e9ges.<\/p>\n<p><strong>A term\u00e9szetes f\u00e9ny elengedhetetlen a j\u00f3 elrendez\u00e9shez.<\/strong> \u00dagy helyezd el a b\u00fatorokat, hogy min\u00e9l t\u00f6bb napf\u00e9nyt kapjanak \u2013 \u00edgy bar\u00e1ts\u00e1gosabb, k\u00e9nyelmesebb lesz a szoba. Ha ezeket a tippeket megfogadva rendezed be a t\u00e9likertedet, egyszerre lesz st\u00edlusos \u00e9s j\u00f3l haszn\u00e1lhat\u00f3 \u2013 pihen\u00e9sre \u00e9s t\u00e1rsas\u00e1gi \u00f6sszej\u00f6vetelekre is.<\/p>\n<\/details><details class=\"g-accordion \"><summary><h3>Milyen \u00f6tletek vannak kis t\u00e9likertek berendez\u00e9s\u00e9hez?<\/h3><\/summary>\n<p>Ha kicsi t\u00e9likerted van, a megfelel\u0151 b\u00fatorok nagyban feldobj\u00e1k a kin\u00e9zetet \u00e9s m\u00e9g haszn\u00e1lhat\u00f3bb\u00e1 is teszik a helyet. Olyan <strong>k\u00f6nny\u0171, k\u00f6nnyen mozgathat\u00f3 darabokat<\/strong> v\u00e1lassz \u2013 mint p\u00e9ld\u00e1ul a forg\u00f3sz\u00e9k vagy kis oldalasztal \u2013, amelyeket egyszer\u0171en \u00e1trendezhetsz att\u00f3l f\u00fcgg\u0151en, mit szeretn\u00e9l \u00e9ppen csin\u00e1lni.<\/p>\n<ul>\n<li>a rak\u00e1solhat\u00f3 asztalk\u00e1k szint\u00e9n remek v\u00e1laszt\u00e1sok,<\/li>\n<li>amiket haszn\u00e1laton k\u00edv\u00fcl egym\u00e1s al\u00e1 tolva pakolhatsz el,<\/li>\n<li>\u00edgy helyet sp\u00f3rolsz, de ha kell, m\u00e9gis lesz plusz asztalfel\u00fclet.<\/li>\n<\/ul>\n<p>Egy kompakt, kism\u00e9ret\u0171 bisztr\u00f3asztal is t\u00f6k\u00e9letes vacsorahelyet teremthet, an\u00e9lk\u00fcl, hogy t\u00fal sok helyet foglalna. Lehet\u0151s\u00e9get ad arra, hogy k\u00e9nyelmesen egy\u00e9l. A t\u00e1rol\u00f3s puffok is okos megold\u00e1sok: ezekben elrejtheted a holmikat, de ak\u00e1r \u00fcl\u0151helyk\u00e9nt vagy l\u00e1btart\u00f3k\u00e9nt is haszn\u00e1lhatod \u0151ket.<\/p>\n<p>Ha t\u00f6bbfunkci\u00f3s b\u00fatorokat v\u00e1lasztasz, a legkisebb t\u00e9likertb\u0151l is st\u00edlusos, k\u00e9nyelmes, j\u00f3l kihaszn\u00e1lhat\u00f3 hely lesz.<\/p>\n<\/details><details class=\"g-accordion \"><summary><h3>Hogyan rendezd be a z\u00e1rt t\u00e9likertet?<\/h3><\/summary>\n<p>Z\u00e1rt t\u00e9likert berendez\u00e9sekor olyan <strong>id\u0151j\u00e1r\u00e1s\u00e1ll\u00f3 anyagokat<\/strong> v\u00e1lassz, mint p\u00e9ld\u00e1ul a rattan vagy a fonott b\u00fator. Ezek j\u00f3l b\u00edrj\u00e1k a h\u0151m\u00e9rs\u00e9klet-ingadoz\u00e1st, \u00e9s term\u00e9szetes hangulatot adnak a t\u00e9rnek. A k\u00e9nyelem \u00e9rdek\u00e9ben haszn\u00e1lj <strong>k\u00e9nyelmes \u00fcl\u0151b\u00fatorokat<\/strong>, hogy pihentet\u0151 legyen a hely, \u00e9s dobj fel n\u00e9h\u00e1ny <strong>puh\u00e1bb textilekkel<\/strong> (p\u00e1rn\u00e1k, pl\u00e9dek) is, hogy m\u00e9g otthonosabb legyen.<\/p>\n<ul>\n<li>a n\u00f6v\u00e9nyek elhelyez\u00e9s\u00e9vel \u00e9letet vihetsz a t\u00e9likertedbe,<\/li>\n<li>jobb\u00e1 teszik a leveg\u0151t, \u00e9s friss\u00edt\u0151 hangulatot teremtenek,<\/li>\n<li>a t\u00f6bbfunkci\u00f3s b\u00fatorok, mint a t\u00e1rol\u00f3s puff vagy a rak\u00e1solhat\u00f3 asztalka, m\u00e9g praktikusabb\u00e1 teszik a teret, an\u00e9lk\u00fcl, hogy rontan\u00e1nak a l\u00e1tv\u00e1nyon.<\/li>\n<\/ul>\n<p>Ezekkel az \u00f6tletekkel eg\u00e9sz \u00e9vben bar\u00e1ts\u00e1gos \u00e9s haszn\u00e1lhat\u00f3 marad a t\u00e9likerted.<\/p>\n<\/details><details class=\"g-accordion \"><summary><h3>Milyen kanap\u00e9t v\u00e1lassz a t\u00e9likertbe?<\/h3><\/summary>\n<p>Amikor kanap\u00e9t keresel a t\u00e9likertbe, els\u0151 a <strong>k\u00e9nyelem<\/strong> \u00e9s a <strong>strapab\u00edr\u00f3s\u00e1g<\/strong>. A sarokkanap\u00e9 szuper, mert sokan elf\u00e9rnek rajta, \u00e9s j\u00f3l elrendezhet\u0151. Egy kisebb t\u00e9likertbe a k\u00e9tszem\u00e9lyes kanap\u00e9 j\u00f3 alternat\u00edva, \u00edgy sem a hely, sem a k\u00e9nyelem nem csorbul. J\u00f3, ha olyan huzatot v\u00e1lasztasz, ami <strong>id\u0151j\u00e1r\u00e1s\u00e1ll\u00f3 sz\u00f6vetb\u0151l<\/strong> k\u00e9sz\u00fcl, \u00edgy a napf\u00e9ny vagy a h\u0151m\u00e9rs\u00e9kletv\u00e1lt\u00e1s sem \u00e1rt neki.<\/p>\n<p>Puh\u00e1bb p\u00e1rn\u00e1kkal \u00e9s takar\u00f3kkal m\u00e9g bar\u00e1ts\u00e1gosabb\u00e1 teheted az \u00fcl\u0151helyet, r\u00e1ad\u00e1sul ezek \u00fcde sz\u00edneket \u00e9s text\u00far\u00e1kat is csemp\u00e9sznek a t\u00e9rbe. A semleges sz\u00edn\u0171 kanap\u00e9k j\u00f3l illenek a sok f\u00e9nyhez, \u00e9s nyugodt, b\u00e9k\u00e9s hangulatot teremtenek. \u00c9rdemes olyan darabot v\u00e1lasztani, ami illeszkedik a szoba t\u00f6bbi b\u00fator\u00e1hoz \u2013 legyen az modern vagy rusztikus \u2013, hogy egys\u00e9ges legyen az \u00f6sszhat\u00e1s.<\/p>\n<p>Ha \u00fagy helyezed el a kanap\u00e9t, hogy sz\u00e9p kil\u00e1t\u00e1s vagy sok term\u00e9szetes f\u00e9ny \u00e9rje, az m\u00e9g kellemesebb hangulatot teremt. Ezekkel a szempontokkal <strong>igazi pihen\u0151helyet var\u00e1zsolhatsz a t\u00e9likertb\u0151l<\/strong>, ahol j\u00f3l esik kikapcsol\u00f3dni vagy bar\u00e1tokat vend\u00e9g\u00fcl l\u00e1tni.<\/p>\n<\/details><details class=\"g-accordion \"><summary><h3>Milyen \u00e9tkez\u0151b\u00fatort v\u00e1lassz a t\u00e9likertbe?<\/h3><\/summary>\n<p>Ha a t\u00e9likertbe keresel \u00e9tkez\u0151b\u00fatort, figyelj arra, hogy <strong>rugalmasan haszn\u00e1lhat\u00f3ak<\/strong> \u00e9s <strong>strapab\u00edr\u00f3ak<\/strong> legyenek.<\/p>\n<ul>\n<li>kisebb bisztr\u00f3asztalok szuper\u00fcl elf\u00e9rnek sz\u0171kebb helyeken,<\/li>\n<li>a b\u0151v\u00edthet\u0151 asztalokkal nagyobb t\u00e1rsas\u00e1got is k\u00f6nnyen le tudsz \u00fcltetni,<\/li>\n<li>k\u00f6nny\u0171 sz\u00e9keket v\u00e1lassz, hogy k\u00f6nnyed\u00e9n \u00e1trendezhesd a teret.<\/li>\n<\/ul>\n<p>\u00c9rdemes <strong>id\u0151j\u00e1r\u00e1s\u00e1ll\u00f3<\/strong> anyagokat is v\u00e1lasztani, mint a <strong>rattan<\/strong> vagy <strong>ak\u00e1cfa<\/strong> \u2013 ezek j\u00f3l b\u00edrj\u00e1k a k\u00f6rnyezetet, \u00e9s st\u00edlusosak is.<\/p>\n<p>Ha sz\u00e9pen megter\u00edted az asztalt, vagy valamilyen d\u00edszt is teszel r\u00e1, az m\u00e9g hangulatosabb\u00e1 var\u00e1zsolhatja a t\u00e9likertet, ak\u00e1r csal\u00e1di, ak\u00e1r bar\u00e1ti eb\u00e9dekr\u0151l, ak\u00e1r \u00fcnnepi alkalmakr\u00f3l van sz\u00f3.<\/p>\n<p><strong>Ezzel a m\u00f3dszerrel a hely egyszerre lesz praktikus \u00e9s h\u00edvogat\u00f3.<\/strong><\/p>\n<\/details><details class=\"g-accordion \"><summary><h3>Hogyan rendezd be a nappali mellett ny\u00edl\u00f3 t\u00e9likertet?<\/h3><\/summary>\n<p>Ha a t\u00e9likert a nappalidb\u00f3l ny\u00edlik, \u00e9rdemes \u00fagy megv\u00e1lasztani a b\u00fatorokat, hogy a k\u00e9t hely egybeolvadjon, mik\u00f6zben bar\u00e1ts\u00e1gos \u00e9s hangulatos marad a t\u00e9r. V\u00e1lassz harmoniz\u00e1l\u00f3 sz\u00edn\u0171 \u00e9s st\u00edlus\u00fa b\u00fatorokat, hogy egys\u00e9ges \u00f6sszhat\u00e1s legyen.<\/p>\n<ul>\n<li>tegy\u00e9l be k\u00e9nyelmes foteleket vagy sarokkanap\u00e9t, ezek alkalmasak a pihen\u00e9sre \u00e9s besz\u00e9lget\u00e9sre,<\/li>\n<li>egy doh\u00e1nyz\u00f3asztal remek k\u00f6zponti elem lehet italok, d\u00edszek sz\u00e1m\u00e1ra,<\/li>\n<li>puha p\u00e1rn\u00e1kkal \u00e9s finom anyag\u00fa pl\u00e9dekkel m\u00e9g melegebb\u00e9, otthonosabb\u00e1 var\u00e1zsolhatod a t\u00e9r hangulat\u00e1t.<\/li>\n<\/ul>\n<p>Min\u00e9l nagyobb ablakokat vagy \u00fcvegajt\u00f3kat helyezel el, ann\u00e1l t\u00f6bb term\u00e9szetes f\u00e9ny jut az eg\u00e9sz t\u00e9rbe, <strong>\u00edgy m\u00e9g jobban \u00f6sszeolvad a kint \u00e9s bent, \u00e9s kiemelked\u0151 lesz a kil\u00e1t\u00e1s<\/strong>.<\/p>\n<p>Praktikus lehet a t\u00f6bbfunkci\u00f3s, t\u00e1rol\u00f3s puff is: <strong>ez \u00fcl\u0151helyk\u00e9nt \u00e9s elrejtett t\u00e1rol\u00f3k\u00e9nt is j\u00f3l j\u00f6n, an\u00e9lk\u00fcl hogy rendetlens\u00e9get okozna<\/strong>.<\/p>\n<p>Ha ilyen \u00e1tmenetet teremtesz a k\u00e9t szoba k\u00f6z\u00f6tt, akkor egy igaz\u00e1n bar\u00e1ts\u00e1gos, eleg\u00e1ns, m\u00e9gis j\u00f3l haszn\u00e1lhat\u00f3 otthoni teret kapsz.<\/p>\n<\/details><details class=\"g-accordion \"><summary><h3>Hogyan haszn\u00e1lhatod ki a f\u00fcgg\u0151leges teret a t\u00e9likertben?<\/h3><\/summary>\n<p>Ha ki szeretn\u00e9d haszn\u00e1lni a t\u00e9likert magasabb r\u00e9szeit is, sokkal rendezettebb \u00e9s t\u00e1gasabb lesz a hely, an\u00e9lk\u00fcl, hogy a padl\u00f3t telepakoln\u00e1d. <strong>Lebeg\u0151 polcokat<\/strong> felszerelni kiv\u00e1l\u00f3 megold\u00e1s: ezekre tehetsz n\u00f6v\u00e9nyeket, k\u00f6nyveket vagy d\u00edszt\u00e1rgyakat, mik\u00f6zben a padl\u00f3 szabad marad, \u00edgy nyitottabb, leveg\u0151sebb a t\u00e9r.<\/p>\n<p><strong>F\u00fcgg\u0151 vir\u00e1gtart\u00f3k<\/strong> szint\u00e9n remek \u00f6tletnek bizonyulnak. Ezekkel t\u00f6bbf\u00e9le magass\u00e1gban is bevihetsz n\u00f6v\u00e9nyeket a szob\u00e1ba, ami izgalmasabb\u00e1 \u00e9s term\u00e9szetesebb\u00e9 teszi a t\u00e9likertet.<\/p>\n<p>A <strong>fali \u00edr\u00f3asztalok<\/strong> szint\u00e9n praktikusak: ha dolgoz\u00f3- vagy hobbisarkot szeretn\u00e9l, de nem szeretn\u00e9d, hogy a padl\u00f3 zs\u00fafolt legyen, ez j\u00f3 v\u00e1laszt\u00e1s lehet.<\/p>\n<p><strong>Az ilyen megold\u00e1sokkal egyszerre tarthatod rendben \u00e9s st\u00edlusosan a t\u00e9likertedet, mik\u00f6zben a hely minden centim\u00e9ter\u00e9t kihaszn\u00e1lod.<\/strong><\/p>\n<\/details><details class=\"g-accordion \"><summary><h3>Mi\u00e9rt j\u00f3k a lebeg\u0151 polcok a t\u00e9likertben?<\/h3><\/summary>\n<ul>\n<li>kihaszn\u00e1lj\u00e1k a f\u00fcgg\u0151leges teret,<\/li>\n<li>st\u00edlusosak, \u00e9s remek lehet\u0151s\u00e9get adnak n\u00f6v\u00e9nyek, k\u00f6nyvek vagy d\u00edszek elhelyez\u00e9s\u00e9re,<\/li>\n<li>szabadon hagyj\u00e1k a padl\u00f3t, \u00edgy a t\u00e9r t\u00e1gasabbnak, nyitottabbnak hat,<\/li>\n<li>szinte b\u00e1rmilyen t\u00e9likertben, b\u00e1rmilyen elrendez\u00e9shez igaz\u00edthat\u00f3k, \u00edgy saj\u00e1t ig\u00e9nyeidhez form\u00e1lhatod \u0151ket,<\/li>\n<li>praktikusabb\u00e1 teszik a szob\u00e1t,<\/li>\n<li>emelik az \u00f6sszhat\u00e1st \u00e9s a hangulatot,<\/li>\n<li>bar\u00e1ts\u00e1gosabb, rendezettebb lesz t\u0151l\u00fck a t\u00e9likert.<\/li>\n<\/ul>\n<\/details><details class=\"g-accordion \"><summary><h3>Hogyan dobnak fel a f\u00fcgg\u0151 n\u00f6v\u00e9nytart\u00f3k egy t\u00e9likertet?<\/h3><\/summary>\n<p>A f\u00fcgg\u0151 n\u00f6v\u00e9nytart\u00f3k igaz\u00e1n feldobj\u00e1k a t\u00e9likertet: sz\u00ednes, \u00e9l\u0151 z\u00f6ld n\u00f6v\u00e9nyekkel t\u00f6ltik meg, amelyeket elt\u00e9r\u0151 magass\u00e1gokban helyezhetsz el. \u00cdgy izgalmasabb \u00e9s term\u00e9szetesebb lesz a t\u00e9r hangulata. Miut\u00e1n nem foglalj\u00e1k el az asztalokat vagy polcokat, a hely nyitott \u00e9s leveg\u0151s marad. T\u00f6bbf\u00e9le n\u00f6v\u00e9ny telep\u00edt\u00e9s\u00e9vel pedig m\u00e9g a leveg\u0151 is tiszt\u00e1bb lesz, \u00edgy friss, eg\u00e9szs\u00e9ges k\u00f6rnyezetet teremthetsz. <strong>Ezzel nemcsak szebb lesz a szoba, de az eg\u00e9szs\u00e9gednek is j\u00f3t tesz.<\/strong><\/p>\n<\/details><details class=\"g-accordion \"><summary><h3>\u00c9rdemes fali \u00edr\u00f3asztalt tenni a t\u00e9likertbe?<\/h3><\/summary>\n<p>Egy <strong>fali \u00edr\u00f3asztal<\/strong> a t\u00e9likertben praktikus dolgoz\u00f3sarkot ad, mik\u00f6zben a padl\u00f3n is marad el\u00e9g hely. Ez a megold\u00e1s ide\u00e1lis, ha tanulni, dolgozni vagy hobbizni szeretn\u00e9l an\u00e9lk\u00fcl, hogy zs\u00fafoltnak \u00e9rezn\u00e9d a teret. Ha az asztal megjelen\u00e9se illeszkedik a t\u00e9likert st\u00edlus\u00e1hoz, a hely is szebb \u00e9s hasznosabb lesz. Egy ilyen \u00edr\u00f3asztal \u00e1thidalja a kinti-benti vil\u00e1got, \u00edgy dolgozhatsz vagy alkothatsz a term\u00e9szetes f\u00e9nyben, mik\u00f6zben \u00e9lvezed a t\u00e9likert hangulat\u00e1t. K\u00fcl\u00f6n\u00f6sen hasznos, ha t\u00f6bbfunkci\u00f3s a hely, p\u00e9ld\u00e1ul olvas\u00f3sarokk\u00e9nt vagy pihen\u0151k\u00e9nt is m\u0171k\u00f6dik \u2013 ekkor a <strong>rugalmass\u00e1got<\/strong> \u00e9s a <strong>praktikuss\u00e1got<\/strong> is n\u00f6veli a b\u00fator.<\/p>\n<\/details>\n","protected":false},"excerpt":{"rendered":"<p>Alak\u00edtsd \u00e1t a napf\u00e9nyes szob\u00e1dat egy leny\u0171g\u00f6z\u0151 pihen\u0151helly\u00e9 olyan b\u00fatorokkal, amelyek k\u00e9nyelmet, st\u00edlust \u00e9s praktikumot is adnak. V\u00e1lassz puha, k\u00e9nyelmes kanap\u00e9kat vagy \u00e1gyk\u00e9nt is haszn\u00e1lhat\u00f3 pihen\u0151padokat, \u00e9s eg\u00e9sz\u00edtsd ki a teret okos megold\u00e1sokkal, p\u00e9ld\u00e1ul t\u00e1rol\u00f3s puffokkal vagy egym\u00e1sba rakhat\u00f3 asztalokkal. Ezekkel a b\u00fatorokkal maxim\u00e1lisan kihaszn\u00e1lhatod ezt a vil\u00e1gos szob\u00e1t, mik\u00f6zben sz\u00e9p \u00e9s praktikus lesz egyszerre. A b\u00fatorok anyaga sokat sz\u00e1m\u00edt&hellip;<\/p>\n","protected":false},"author":12,"featured_media":4203,"comment_status":"closed","ping_status":"closed","sticky":false,"template":"","format":"standard","meta":{"rank_math_focus_keyword":"bels\u0151 t\u00e9likert b\u00fator \u00f6tletek","rank_math_title":"Legjobb bels\u0151 t\u00e9likert b\u00fator \u00f6tletek a hangulatos t\u00e9r\u00e9rt","rank_math_description":"Fedezd fel a legjobb t\u00e9likert b\u00fator \u00f6tleteket, hogy hangulatos \u00e9s bar\u00e1ts\u00e1gos teret alak\u00edts ki st\u00edlusra \u00e9s k\u00e9nyelemre helyezve a hangs\u00falyt.","footnotes":""},"categories":[128],"tags":[],"class_list":["post-4235","post","type-post","status-publish","format-standard","has-post-thumbnail","hentry","category-dekoracios-otletek"],"g_custom_schema_json":"<script type=\"application\/ld+json\">\n{\n  \"@context\": \"https:\/\/schema.org\",\n  \"@type\": \"FAQPage\",\n  \"mainEntity\": [\n    {\n      \"@type\": \"Question\",\n      \"name\": \"Milyen b\u00fator\u00f6tletek vannak belt\u00e9ri t\u00e9likertbe?\",\n      \"acceptedAnswer\": {\n        \"@type\": \"Answer\",\n        \"text\": \"Amikor belt\u00e9ri t\u00e9likertet rendezel be, t\u00f6rekedj arra, hogy a k\u00e9nyelmet \u00e9s a st\u00edlust \u00f6tv\u00f6zd. Kezdd puha \u00fcl\u0151helyek kiv\u00e1laszt\u00e1s\u00e1val, p\u00e9ld\u00e1ul k\u00e9nyelmes fotellel, L-alak\u00fa kanap\u00e9val vagy k\u00e9tszem\u00e9lyes kanap\u00e9val. Ezek ide\u00e1lisak a pihen\u00e9shez, \u00e9s k\u00f6nny\u0171v\u00e9 teszik a vend\u00e9gek fogad\u00e1s\u00e1t is.\"\n      }\n    },\n    {\n      \"@type\": \"Question\",\n      \"name\": \"Melyek a legjobb anyagok t\u00e9likerti b\u00fatorhoz?\",\n      \"acceptedAnswer\": {\n        \"@type\": \"Answer\",\n        \"text\": \"T\u00e9likerti b\u00fator v\u00e1laszt\u00e1sakor fontos, hogy az anyagok j\u00f3l b\u00edrj\u00e1k a h\u0151m\u00e9rs\u00e9klet- \u00e9s p\u00e1ratartalom v\u00e1ltoz\u00e1s\u00e1t. Fonott b\u00fatorok, rattan \u00e9s ak\u00e1cfa remek d\u00f6nt\u00e9s, mert tart\u00f3sak \u00e9s ellen\u00e1llnak az id\u0151j\u00e1r\u00e1snak is. Ezek az anyagok nemcsak b\u00edrj\u00e1k a k\u00fcl\u00f6nleges t\u00e9likerti kl\u00edm\u00e1t, de term\u00e9szetes megjelen\u00e9s\u00fck nagyszer\u0171en illik a vil\u00e1gos t\u00e9rbe.\"\n      }\n    },\n    {\n      \"@type\": \"Question\",\n      \"name\": \"Melyek a legstrapab\u00edr\u00f3bb anyagok t\u00e9likerti b\u00fatorhoz?\",\n      \"acceptedAnswer\": {\n        \"@type\": \"Answer\",\n        \"text\": \"Strapab\u00edr\u00f3 anyagok v\u00e1laszt\u00e1s\u00e1val a t\u00e9likerti b\u00fatorok nemcsak tart\u00f3sak lesznek, de sok\u00e1ig meg\u0151rzik sz\u00e9p megjelen\u00e9s\u00fcket is. Ezeket \u00e9rdemes megfontolni: fonott \u00e9s rattan kiv\u00e1l\u00f3an ellen\u00e1llnak a napf\u00e9nynek \u00e9s a p\u00e1r\u00e1nak, kezelt fa, p\u00e9ld\u00e1ul ak\u00e1c j\u00f3l kezeli a nedvess\u00e9get, porsz\u00f3rt f\u00e9m v\u00e1zak er\u0151sek.\"\n      }\n    },\n    {\n      \"@type\": \"Question\",\n      \"name\": \"Mi\u00e9rt \u00e9rdemes rattant vagy ak\u00e1cf\u00e1t v\u00e1lasztani t\u00e9likerti b\u00fatorhoz?\",\n      \"acceptedAnswer\": {\n        \"@type\": \"Answer\",\n        \"text\": \"A rattan \u00e9s az ak\u00e1cfa nagyszer\u0171 v\u00e1laszt\u00e1s t\u00e9likertbe, hiszen tart\u00f3sak \u00e9s sz\u00e9pek is. A rattan k\u00f6nny\u0171, m\u00e9gis er\u0151s, ez\u00e9rt ide\u00e1lis ott, ahol a h\u0151m\u00e9rs\u00e9klet gyakran v\u00e1ltozik. J\u00f3l b\u00edrja a k\u00fclt\u00e9ri k\u00f6r\u00fclm\u00e9nyeket, \u00edgy sok\u00e1ig haszn\u00e1lhatod an\u00e9lk\u00fcl, hogy vesz\u00edtene a st\u00edlus\u00e1b\u00f3l.\"\n      }\n    },\n    {\n      \"@type\": \"Question\",\n      \"name\": \"Melyek a legstrapab\u00edr\u00f3bb sz\u00f6vetek t\u00e9likerti b\u00fatorhoz?\",\n      \"acceptedAnswer\": {\n        \"@type\": \"Answer\",\n        \"text\": \"T\u00e9likerti b\u00fatorhoz olyan sz\u00f6veteket \u00e9rdemes v\u00e1lasztani, amelyek ellen\u00e1llnak az er\u0151s naps\u00fct\u00e9s UV sugarainak \u2013 ilyen p\u00e9ld\u00e1ul a festett akril vagy a poli\u00e9szter kever\u00e9k. Ezeket kifejezetten \u00fagy tervezik, hogy hossz\u00fa ideig b\u00edrj\u00e1k a napf\u00e9nyt an\u00e9lk\u00fcl, hogy kifakuln\u00e1nak. Az olyan k\u00fclt\u00e9rre sz\u00e1nt anyagok, amelyek tasz\u00edtj\u00e1k a vizet \u00e9s k\u00f6nnyen tiszt\u00edthat\u00f3k, tov\u00e1bb n\u00f6velik a b\u00fator \u00e9lettartam\u00e1t.\"\n      }\n    },\n    {\n      \"@type\": \"Question\",\n      \"name\": \"Hogyan teszik k\u00fcl\u00f6nlegess\u00e9 az exkluz\u00edv sz\u00f6vetek a t\u00e9likertet?\",\n      \"acceptedAnswer\": {\n        \"@type\": \"Answer\",\n        \"text\": \"A luxus anyagok igaz\u00e1n meghat\u00e1roz\u00f3ak egy t\u00e9likert hangulat\u00e1ban, mert text\u00far\u00e1t \u00e9s gazdag sz\u00ednt visznek a t\u00e9rbe. A b\u00e1rsony \u00e9s a magas min\u0151s\u00e9g\u0171 pamut melegs\u00e9get sug\u00e1roz, ami bar\u00e1ts\u00e1goss\u00e1 \u00e9s otthonoss\u00e1 teszi a helyis\u00e9get.\"\n      }\n    },\n    {\n      \"@type\": \"Question\",\n      \"name\": \"Mi\u00e9rt \u00e9rdemes vil\u00e1gos anyagokat v\u00e1lasztani t\u00e9likerti b\u00fatorhoz?\",\n      \"acceptedAnswer\": {\n        \"@type\": \"Answer\",\n        \"text\": \"A vil\u00e1gos anyagok f\u0151szerepet j\u00e1tszanak abban, hogy a t\u00e9likert t\u00e1gas \u00e9s napf\u00e9nyes maradjon. Rattan, fonott b\u00fator \u00e9s \u00fcveg kihangs\u00falyozz\u00e1k a term\u00e9szetes f\u00e9nyt, \u00e9s meleg, bar\u00e1ts\u00e1gos k\u00f6zeget teremtenek.\"\n      }\n    },\n    {\n      \"@type\": \"Question\",\n      \"name\": \"Hogyan dobhatod fel a t\u00e9likerted hangulat\u00e1t k\u00e9nyelmes b\u00fatorokkal?\",\n      \"acceptedAnswer\": {\n        \"@type\": \"Answer\",\n        \"text\": \"A t\u00e9likertb\u0151l igazi otthonos zugot var\u00e1zsolsz, ha a megfelel\u0151 b\u00fatorokat v\u00e1lasztod. V\u00e1lassz puha \u00fcl\u0151alkalmatoss\u00e1gokat, p\u00e9ld\u00e1ul b\u00e1rsony fotelt vagy pamut huzat\u00fa L-alak\u00fa kanap\u00e9t \u2013 ezek csalogatnak egy kiad\u00f3s pihen\u00e9shez.\"\n      }\n    },\n    {\n      \"@type\": \"Question\",\n      \"name\": \"Milyen el\u0151nyei vannak a t\u00f6bbfunkci\u00f3s b\u00fatoroknak egy t\u00e9likertben?\",\n      \"acceptedAnswer\": {\n        \"@type\": \"Answer\",\n        \"text\": \"A t\u00f6bbfunkci\u00f3s b\u00fatorok sz\u00e1mos el\u0151nnyel j\u00e1rnak a t\u00e9likertben: helytakar\u00e9kosak \u00e9s sokoldal\u00faan alkalmazhat\u00f3k. Ilyenek p\u00e9ld\u00e1ul: t\u00e1rol\u00f3s puffok, egym\u00e1sba rakhat\u00f3 asztalok, \u00f6sszecsukhat\u00f3 b\u00fatorok.\"\n      }\n    },\n    {\n      \"@type\": \"Question\",\n      \"name\": \"Milyen v\u00e1ltozatos \u00fcl\u0151helyek j\u00f3k egy t\u00e9likertben?\",\n      \"acceptedAnswer\": {\n        \"@type\": \"Answer\",\n        \"text\": \"A t\u00e9likertben sokf\u00e9le \u00fcl\u0151hely k\u00f6z\u00fcl v\u00e1laszthatsz, amelyek rugalmasan igazodnak az ig\u00e9nyeidhez. \u00cdme p\u00e1r \u00f6tlet: forg\u00f3sz\u00e9kek, L-alak\u00fa kanap\u00e9k, hever\u0151k, k\u00f6nny\u0171 sz\u00e9kek, padok \u00e9s t\u00e1rol\u00f3s puffok.\"\n      }\n    },\n    {\n      \"@type\": \"Question\",\n      \"name\": \"Melyek a legk\u00e9nyelmesebb kanap\u00e9v\u00e1laszt\u00e1sok egy t\u00e9likertbe?\",\n      \"acceptedAnswer\": {\n        \"@type\": \"Answer\",\n        \"text\": \"Egy t\u00e9likertben \u00e9rdemes ilyenek k\u00f6z\u00fcl v\u00e1logatni: L-alak\u00fa kanap\u00e9k, k\u00e9tszem\u00e9lyes kanap\u00e9k, puha, k\u00e9nyelmes kanap\u00e9k. Ezek nemcsak pihentet\u0151ek, de meghitt hangulatot is adnak a helyis\u00e9gnek.\"\n      }\n    },\n    {\n      \"@type\": \"Question\",\n      \"name\": \"Milyen el\u0151nyei vannak a karcs\u00fa kanap\u00e9nak a t\u00e9likertben?\",\n      \"acceptedAnswer\": {\n        \"@type\": \"Answer\",\n        \"text\": \"A keskeny, karcs\u00fa kanap\u00e9k ide\u00e1lisak a t\u00e9likertbe. Kis helyen is elf\u00e9rnek, \u00edgy nem lesz zs\u00fafolt a t\u00e9r, k\u00f6nnyen \u00e1t lehet rendezni a szob\u00e1t, \u00e9s szell\u0151s marad minden.\"\n      }\n    },\n    {\n      \"@type\": \"Question\",\n      \"name\": \"Hogyan haszn\u00e1lhat\u00f3 a hever\u0151 a t\u00e9likertben?\",\n      \"acceptedAnswer\": {\n        \"@type\": \"Answer\",\n        \"text\": \"Egy hever\u0151 sokoldal\u00fa eleme lehet a t\u00e9likertnek, hiszen egyar\u00e1nt alkalmas \u00fcl\u00e9sre \u00e9s alv\u00e1sra is. Nappal remek hely laz\u00edtani, pihenni vagy ak\u00e1r k\u00f6nyvet olvasni \u2013 \u00e9jszaka pedig k\u00f6nnyed\u00e9n \u00e1gyk\u00e9nt is funkcion\u00e1lhat a vend\u00e9geknek.\"\n      }\n    },\n    {\n      \"@type\": \"Question\",\n      \"name\": \"\u00c9rdemes t\u00e1rol\u00f3s puffot v\u00e1lasztani a t\u00e9likertbe?\",\n      \"acceptedAnswer\": {\n        \"@type\": \"Answer\",\n        \"text\": \"A t\u00e1rol\u00f3s puffok szuper v\u00e1laszt\u00e1snak sz\u00e1m\u00edtanak a t\u00e9likertbe, mivel egyszerre st\u00edlusosak \u00e9s praktikusak. Ezek k\u00edn\u00e1lnak: extra \u00fcl\u0151helyet, rejtett t\u00e1rol\u00f3helyet pokr\u00f3coknak, j\u00e1t\u00e9koknak vagy magazinoknak.\"\n      }\n    },\n    {\n      \"@type\": \"Question\",\n      \"name\": \"Hogyan seg\u00edtenek a rak\u00e1solhat\u00f3 asztalk\u00e1k kihaszn\u00e1lni a helyet a t\u00e9likertben?\",\n      \"acceptedAnswer\": {\n        \"@type\": \"Answer\",\n        \"text\": \"A rak\u00e1solhat\u00f3 asztalk\u00e1k kiv\u00e1l\u00f3 lehet\u0151s\u00e9get ny\u00fajtanak arra, hogy a legt\u00f6bbet hozd ki a t\u00e9likertedb\u0151l. Ezek a sokoldal\u00fa b\u00fatorok k\u00f6nnyen \u00e1trendezhet\u0151k vagy elpakolhat\u00f3k, gyakran k\u00e9t vagy h\u00e1rom darabos szettekben kaphat\u00f3k.\"\n      }\n    },\n    {\n      \"@type\": \"Question\",\n      \"name\": \"Mi\u00e9rt \u00e9rdemes \u00fcvegasztalt v\u00e1lasztani a t\u00e9likertbe?\",\n      \"acceptedAnswer\": {\n        \"@type\": \"Answer\",\n        \"text\": \"Az \u00fcveglappal ell\u00e1tott asztalok remek\u00fcl illenek a t\u00e9likertbe, mivel \u00e1tl\u00e1tsz\u00f3 fel\u00fclet\u00fck szabad utat enged a napf\u00e9nynek. Ez\u00e1ltal a szoba vil\u00e1gosabbnak \u00e9s t\u00e1gasabbnak t\u0171nik. A f\u00e9nyes, ragyog\u00f3 hangulat t\u00f6k\u00e9letesen illik azokba a helyis\u00e9gekbe, ahol sok a term\u00e9szetes napf\u00e9ny.\"\n      }\n    },\n    {\n      \"@type\": \"Question\",\n      \"name\": \"Milyen el\u0151nyei vannak egy doh\u00e1nyz\u00f3asztalnak a t\u00e9likertben?\",\n      \"acceptedAnswer\": {\n        \"@type\": \"Answer\",\n        \"text\": \"Egy doh\u00e1nyz\u00f3asztal sz\u00e1mos el\u0151nyt k\u00edn\u00e1l, ha a t\u00e9likertbe ker\u00fcl. Ez lehet a k\u00f6zponti pont, ahov\u00e1 italokat, apr\u00f3 harapnival\u00f3kat vagy d\u00edszt\u00e1rgyakat \u2013 p\u00e9ld\u00e1ul n\u00f6v\u00e9nyeket, gyerty\u00e1kat \u2013 tehetsz.\"\n      }\n    },\n    {\n      \"@type\": \"Question\",\n      \"name\": \"Hogyan illik egy minimalista doh\u00e1nyz\u00f3asztal a t\u00e9likertbe?\",\n      \"acceptedAnswer\": {\n        \"@type\": \"Answer\",\n        \"text\": \"Egy minimalista doh\u00e1nyz\u00f3asztal igaz\u00e1n j\u00f3 v\u00e1laszt\u00e1s a t\u00e9likertbe, mert letisztult fel\u00fclet\u00e9vel \u00e9s egyszer\u0171s\u00e9g\u00e9ben megtartja a szoba t\u00e1gas, l\u00e9gies hangulat\u00e1t. A letisztult vonalvezet\u00e9s\u0171, p\u00e9ld\u00e1ul \u00fcvegb\u0151l vagy f\u00e9mb\u0151l k\u00e9sz\u00fclt asztalok szinte \u00e9szrev\u00e9tlen\u00fcl engedik be a term\u00e9szetes f\u00e9nyt.\"\n      }\n    },\n    {\n      \"@type\": \"Question\",\n      \"name\": \"Hogyan rendezd be k\u00e9nyelmesen a t\u00e9likertedet?\",\n      \"acceptedAnswer\": {\n        \"@type\": \"Answer\",\n        \"text\": \"Egy otthonos, bar\u00e1ts\u00e1gos t\u00e9likert kialak\u00edt\u00e1sa egy kis tervez\u00e9st ig\u00e9nyel. Kezdd azzal, hogy \u00fagy rendezed el az \u00fcl\u0151helyeket, hogy k\u00f6nny\u0171 legyen besz\u00e9lgetni \u00e9s mindenki k\u00e9nyelmesen elf\u00e9rjen. A k\u00fcl\u00f6nb\u00f6z\u0151 form\u00e1j\u00fa \u00e9s magass\u00e1g\u00fa sz\u00e9kek kever\u00e9se kellemesebb\u00e9 \u00e9s izgalmasabb\u00e1 teszi a l\u00e1tv\u00e1nyt.\"\n      }\n    },\n    {\n      \"@type\": \"Question\",\n      \"name\": \"Mire figyelj, ha elrendezed a b\u00fatorokat a t\u00e9likertben?\",\n      \"acceptedAnswer\": {\n        \"@type\": \"Answer\",\n        \"text\": \"Ha b\u00fatorokat helyezel el a t\u00e9likertben: igyekezz a lehet\u0151 legt\u00f6bb term\u00e9szetes f\u00e9nyt kihaszn\u00e1lni, \u00e9s figyelj arra is, hogy k\u00f6nny\u0171 legyen \u00e1tj\u00e1rni a helyis\u00e9get. \u00dagy helyezd el a b\u00fatorokat, hogy sok napf\u00e9nyt \u00e9s sz\u00e9p kil\u00e1t\u00e1sokat kapj \u2013 ett\u0151l bar\u00e1ts\u00e1gosabb lesz a t\u00e9r.\"\n      }\n    },\n    {\n      \"@type\": \"Question\",\n      \"name\": \"Milyen a j\u00f3 berendez\u00e9s egy t\u00e9likertben?\",\n      \"acceptedAnswer\": {\n        \"@type\": \"Answer\",\n        \"text\": \"Egy j\u00f3l kialak\u00edtott t\u00e9likert igaz\u00e1n bar\u00e1ts\u00e1gos, k\u00e9nyelmes pihen\u0151helly\u00e9 v\u00e1ltoztathatja otthonodat. Hogy a legt\u00f6bbet hozd ki bel\u0151le, \u00e9rdemes k\u00fcl\u00f6n r\u00e9szeket, azaz z\u00f3n\u00e1kat kialak\u00edtani \u2013 p\u00e9ld\u00e1ul pihen\u00e9shez, \u00e9tkez\u00e9shez vagy ak\u00e1r munk\u00e1hoz.\"\n      }\n    },\n    {\n      \"@type\": \"Question\",\n      \"name\": \"Milyen \u00f6tletek vannak kis t\u00e9likertek berendez\u00e9s\u00e9hez?\",\n      \"acceptedAnswer\": {\n        \"@type\": \"Answer\",\n        \"text\": \"Ha kicsi t\u00e9likerted van, a megfelel\u0151 b\u00fatorok nagyban feldobj\u00e1k a kin\u00e9zetet \u00e9s m\u00e9g haszn\u00e1lhat\u00f3bb\u00e1 is teszik a helyet. Olyan k\u00f6nny\u0171, k\u00f6nnyen mozgathat\u00f3 darabokat v\u00e1lassz \u2013 mint p\u00e9ld\u00e1ul a forg\u00f3sz\u00e9k vagy kis oldalasztal \u2013, amelyeket egyszer\u0171en \u00e1trendezhetsz att\u00f3l f\u00fcgg\u0151en, mit szeretn\u00e9l \u00e9ppen csin\u00e1lni.\"\n      }\n    },\n    {\n      \"@type\": \"Question\",\n      \"name\": \"Hogyan rendezd be a z\u00e1rt t\u00e9likertet?\",\n      \"acceptedAnswer\": {\n        \"@type\": \"Answer\",\n        \"text\": \"Z\u00e1rt t\u00e9likert berendez\u00e9sekor olyan id\u0151j\u00e1r\u00e1s\u00e1ll\u00f3 anyagokat v\u00e1lassz, mint p\u00e9ld\u00e1ul a rattan vagy a fonott b\u00fator. Ezek j\u00f3l b\u00edrj\u00e1k a h\u0151m\u00e9rs\u00e9klet-ingadoz\u00e1st, \u00e9s term\u00e9szetes hangulatot adnak a t\u00e9rnek.\"\n      }\n    },\n    {\n      \"@type\": \"Question\",\n      \"name\": \"Milyen kanap\u00e9t v\u00e1lassz a t\u00e9likertbe?\",\n      \"acceptedAnswer\": {\n        \"@type\": \"Answer\",\n        \"text\": \"Amikor kanap\u00e9t keresel a t\u00e9likertbe, els\u0151 a k\u00e9nyelem \u00e9s a strapab\u00edr\u00f3s\u00e1g. A sarokkanap\u00e9 szuper, mert sokan elf\u00e9rnek rajta, \u00e9s j\u00f3l elrendezhet\u0151. Egy kisebb t\u00e9likertbe a k\u00e9tszem\u00e9lyes kanap\u00e9 j\u00f3 alternat\u00edva, \u00edgy sem a hely, sem a k\u00e9nyelem nem csorbul.\"\n      }\n    },\n    {\n      \"@type\": \"Question\",\n      \"name\": \"Milyen \u00e9tkez\u0151b\u00fatort v\u00e1lassz a t\u00e9likertbe?\",\n      \"acceptedAnswer\": {\n        \"@type\": \"Answer\",\n        \"text\": \"Ha a t\u00e9likertbe keresel \u00e9tkez\u0151b\u00fatort, figyelj arra, hogy rugalmasan haszn\u00e1lhat\u00f3ak \u00e9s strapab\u00edr\u00f3ak legyenek. Kisebb bisztr\u00f3asztalok szuper\u00fcl elf\u00e9rnek sz\u0171kebb helyeken, a b\u0151v\u00edthet\u0151 asztalokkal nagyobb t\u00e1rsas\u00e1got is k\u00f6nnyen le tudsz \u00fcltetni.\"\n      }\n    },\n    {\n      \"@type\": \"Question\",\n      \"name\": \"Hogyan rendezd be a nappali mellett ny\u00edl\u00f3 t\u00e9likertet?\",\n      \"acceptedAnswer\": {\n        \"@type\": \"Answer\",\n        \"text\": \"Ha a t\u00e9likert a nappalidb\u00f3l ny\u00edlik, \u00e9rdemes \u00fagy megv\u00e1lasztani a b\u00fatorokat, hogy a k\u00e9t hely egybeolvadjon, mik\u00f6zben bar\u00e1ts\u00e1gos \u00e9s hangulatos marad a t\u00e9r. V\u00e1lassz harmoniz\u00e1l\u00f3 sz\u00edn\u0171 \u00e9s st\u00edlus\u00fa b\u00fatorokat, hogy egys\u00e9ges \u00f6sszhat\u00e1s legyen.\"\n      }\n    },\n    {\n      \"@type\": \"Question\",\n      \"name\": \"Hogyan haszn\u00e1lhatod ki a f\u00fcgg\u0151leges teret a t\u00e9likertben?\",\n      \"acceptedAnswer\": {\n        \"@type\": \"Answer\",\n        \"text\": \"Ha ki szeretn\u00e9d haszn\u00e1lni a t\u00e9likert magasabb r\u00e9szeit is, sokkal rendezettebb \u00e9s t\u00e1gasabb lesz a hely, an\u00e9lk\u00fcl, hogy a padl\u00f3t telepakoln\u00e1d. Lebeg\u0151 polcokat felszerelni kiv\u00e1l\u00f3 megold\u00e1s: ezekre tehetsz n\u00f6v\u00e9nyeket, k\u00f6nyveket vagy d\u00edszt\u00e1rgyakat.\"\n      }\n    },\n    {\n      \"@type\": \"Question\",\n      \"name\": \"Mi\u00e9rt j\u00f3k a lebeg\u0151 polcok a t\u00e9likertben?\",\n      \"acceptedAnswer\": {\n        \"@type\": \"Answer\",\n        \"text\": \"Kihaszn\u00e1lj\u00e1k a f\u00fcgg\u0151leges teret, st\u00edlusosak, \u00e9s remek lehet\u0151s\u00e9get adnak n\u00f6v\u00e9nyek, k\u00f6nyvek vagy d\u00edszek elhelyez\u00e9s\u00e9re. Szabadon hagyj\u00e1k a padl\u00f3t, \u00edgy a t\u00e9r t\u00e1gasabbnak, nyitottabbnak hat.\"\n      }\n    },\n    {\n      \"@type\": \"Question\",\n      \"name\": \"Hogyan dobnak fel a f\u00fcgg\u0151 n\u00f6v\u00e9nytart\u00f3k egy t\u00e9likertet?\",\n      \"acceptedAnswer\": {\n        \"@type\": \"Answer\",\n        \"text\": \"A f\u00fcgg\u0151 n\u00f6v\u00e9nytart\u00f3k igaz\u00e1n feldobj\u00e1k a t\u00e9likertet: sz\u00ednes, \u00e9l\u0151 z\u00f6ld n\u00f6v\u00e9nyekkel t\u00f6ltik meg, amelyeket elt\u00e9r\u0151 magass\u00e1gokban helyezhetsz el. \u00cdgy izgalmasabb \u00e9s term\u00e9szetesebb lesz a t\u00e9r hangulata.\"\n      }\n    },\n    {\n      \"@type\": \"Question\",\n      \"name\": \"\u00c9rdemes fali \u00edr\u00f3asztalt tenni a t\u00e9likertbe?\",\n      \"acceptedAnswer\": {\n        \"@type\": \"Answer\",\n        \"text\": \"Egy fali \u00edr\u00f3asztal a t\u00e9likertben praktikus dolgoz\u00f3sarkot ad, mik\u00f6zben a padl\u00f3n is marad el\u00e9g hely. Ez a megold\u00e1s ide\u00e1lis, ha tanulni, dolgozni vagy hobbizni szeretn\u00e9l an\u00e9lk\u00fcl, hogy zs\u00fafoltnak \u00e9rezn\u00e9d a teret.\"\n      }\n    }\n  ]\n}\n<\/script>\n<script type=\"application\/ld+json\">\n{\n  \"@context\": \"https:\/\/schema.org\",\n  \"@type\": \"HowTo\",\n  \"name\": \"Hogyan rendezd be st\u00edlusosan \u00e9s praktikusan a napf\u00e9nyes szob\u00e1dat?\",\n  \"description\": \"\u00datmutat\u00f3 ahhoz, hogyan alak\u00edtsd \u00e1t napf\u00e9nyes szob\u00e1dat k\u00e9nyelmes \u00e9s modern pihen\u0151helly\u00e9, a megfelel\u0151 b\u00fatorok, anyagok \u00e9s elrendez\u00e9s kiv\u00e1laszt\u00e1s\u00e1val.\",\n  \"image\": \"https:\/\/doubletakedecor.com\/uploads\/2025\/08\/indoor-sunroom-furniture-ideas-dtd-01.jpg\",\n  \"totalTime\": \"PT1H\",\n  \"supply\": [\n    {\n      \"@type\": \"HowToSupply\",\n      \"name\": \"Puha, k\u00e9nyelmes kanap\u00e9 vagy pihen\u0151pad\"\n    },\n    {\n      \"@type\": \"HowToSupply\",\n      \"name\": \"T\u00e1rol\u00f3s puff\"\n    },\n    {\n      \"@type\": \"HowToSupply\",\n      \"name\": \"Egym\u00e1sba rakhat\u00f3 asztalok\"\n    },\n    {\n      \"@type\": \"HowToSupply\",\n      \"name\": \"Fonott rattan, f\u0171zfa vagy ak\u00e1cfa b\u00fator\"\n    },\n    {\n      \"@type\": \"HowToSupply\",\n      \"name\": \"Id\u0151j\u00e1r\u00e1s\u00e1ll\u00f3 sz\u00f6vetek\"\n    },\n    {\n      \"@type\": \"HowToSupply\",\n      \"name\": \"Puha, meleg text\u00edli\u00e1k\"\n    },\n    {\n      \"@type\": \"HowToSupply\",\n      \"name\": \"Falra szerelhet\u0151 polcok\"\n    },\n    {\n      \"@type\": \"HowToSupply\",\n      \"name\": \"F\u00fcgg\u0151 n\u00f6v\u00e9nytart\u00f3k\"\n    }\n  ],\n  \"tool\": [\n    {\n      \"@type\": \"HowToTool\",\n      \"name\": \"Dekor\u00e1ci\u00f3s p\u00e1rn\u00e1k\"\n    },\n    {\n      \"@type\": \"HowToTool\",\n      \"name\": \"Sz\u0151nyeg\"\n    }\n  ],\n  \"step\": [\n    {\n      \"@type\": \"HowToStep\",\n      \"name\": \"V\u00e1laszd ki a f\u0151 b\u00fatorokat\",\n      \"text\": \"V\u00e1lassz puha \u00fcl\u0151b\u00fatorokat, p\u00e9ld\u00e1ul sarokkanap\u00e9t vagy kih\u00fazhat\u00f3s \u00e1gyat. Eg\u00e9sz\u00edtsd ki a teret okos megold\u00e1sokkal, mint a t\u00e1rol\u00f3s puff vagy a t\u00f6bbfunkci\u00f3s asztalk\u00e1k.\"\n    },\n    {\n      \"@type\": \"HowToStep\",\n      \"name\": \"Anyagv\u00e1laszt\u00e1s\",\n      \"text\": \"Olyan b\u00fatorokat keress, amelyek j\u00f3l b\u00edrj\u00e1k a h\u0151m\u00e9rs\u00e9klet-v\u00e1ltoz\u00e1st \u00e9s a p\u00e1r\u00e1t, p\u00e9ld\u00e1ul fonott rattan, f\u0171zfa vagy ak\u00e1cfa. Eg\u00e9sz\u00edtsd ki id\u0151j\u00e1r\u00e1s\u00e1ll\u00f3 sz\u00f6vetekkel \u00e9s puha, meleg text\u00edli\u00e1kkal.\"\n    },\n    {\n      \"@type\": \"HowToStep\",\n      \"name\": \"B\u00fatorelrendez\u00e9s\",\n      \"text\": \"Helyezd \u00fagy a b\u00fatorokat, hogy min\u00e9l t\u00f6bb term\u00e9szetes f\u00e9ny jusson be. Alak\u00edts ki k\u00e9nyelmes sarkokat pihen\u00e9shez, \u00e9tkez\u00e9shez vagy munk\u00e1hoz.\"\n    },\n    {\n      \"@type\": \"HowToStep\",\n      \"name\": \"Haszn\u00e1ld ki a f\u00fcgg\u0151leges helyet\",\n      \"text\": \"Falra szerelhet\u0151 polcokat, f\u00fcgg\u0151 n\u00f6v\u00e9nytart\u00f3kat vagy falra r\u00f6gz\u00edthet\u0151 \u00edr\u00f3asztalokat haszn\u00e1lj. Ezek nem foglalj\u00e1k el a padl\u00f3t, \u00edgy nem lesz zs\u00fafolt a szoba.\"\n    },\n    {\n      \"@type\": \"HowToStep\",\n      \"name\": \"Dekor\u00e1lj term\u00e9szetes elemekkel\",\n      \"text\": \"Tegy\u00e9l cserepes n\u00f6v\u00e9nyeket, term\u00e9szetes anyagokb\u00f3l k\u00e9sz\u00fclt sz\u0151nyeget, \u00e9s haszn\u00e1lj k\u00fcl\u00f6nb\u00f6z\u0151 d\u00edszp\u00e1rn\u00e1kat. Ezekkel a megold\u00e1sokkal m\u00e9g otthonosabb\u00e1 \u00e9s hangulatosabb\u00e1 v\u00e1lik a szoba.\"\n    }\n  ]\n}\n<\/script>\n","_links":{"self":[{"href":"https:\/\/doubletakedecor.com\/hu\/wp-json\/wp\/v2\/posts\/4235","targetHints":{"allow":["GET"]}}],"collection":[{"href":"https:\/\/doubletakedecor.com\/hu\/wp-json\/wp\/v2\/posts"}],"about":[{"href":"https:\/\/doubletakedecor.com\/hu\/wp-json\/wp\/v2\/types\/post"}],"author":[{"embeddable":true,"href":"https:\/\/doubletakedecor.com\/hu\/wp-json\/wp\/v2\/users\/12"}],"replies":[{"embeddable":true,"href":"https:\/\/doubletakedecor.com\/hu\/wp-json\/wp\/v2\/comments?post=4235"}],"version-history":[{"count":1,"href":"https:\/\/doubletakedecor.com\/hu\/wp-json\/wp\/v2\/posts\/4235\/revisions"}],"predecessor-version":[{"id":4236,"href":"https:\/\/doubletakedecor.com\/hu\/wp-json\/wp\/v2\/posts\/4235\/revisions\/4236"}],"wp:featuredmedia":[{"embeddable":true,"href":"https:\/\/doubletakedecor.com\/hu\/wp-json\/wp\/v2\/media\/4203"}],"wp:attachment":[{"href":"https:\/\/doubletakedecor.com\/hu\/wp-json\/wp\/v2\/media?parent=4235"}],"wp:term":[{"taxonomy":"category","embeddable":true,"href":"https:\/\/doubletakedecor.com\/hu\/wp-json\/wp\/v2\/categories?post=4235"},{"taxonomy":"post_tag","embeddable":true,"href":"https:\/\/doubletakedecor.com\/hu\/wp-json\/wp\/v2\/tags?post=4235"}],"curies":[{"name":"wp","href":"https:\/\/api.w.org\/{rel}","templated":true}]}}