{"id":5415,"date":"2025-08-12T20:41:27","date_gmt":"2025-08-12T18:41:27","guid":{"rendered":"https:\/\/doubletakedecor.com\/dekoracios-otletek\/hangulatos-telikert-otletek\/"},"modified":"2025-08-12T21:07:11","modified_gmt":"2025-08-12T19:07:11","slug":"hangulatos-telikert-otletek","status":"publish","type":"post","link":"https:\/\/doubletakedecor.com\/hu\/dekoracios-otletek\/hangulatos-telikert-otletek\/","title":{"rendered":"10 hangulatos t\u00e9likert \u00f6tlet, amivel \u00e1talak\u00edthatod a teredet"},"content":{"rendered":"<p>Ha szeretn\u00e9d, hogy a napf\u00e9nyes szob\u00e1d igaz\u00e1n otthonos mened\u00e9khely legyen, \u00e9rdemes a term\u00e9szetes f\u00e9nyt kihaszn\u00e1lva minden \u00e9vszakban k\u00e9nyelmes hangulatot teremteni. Puha d\u00edszp\u00e1rn\u00e1kkal feldobott k\u00e9nyelmes \u00fcl\u0151alkalmatoss\u00e1gok \u00e9s j\u00f3l elhelyezett szoban\u00f6v\u00e9nyek igazi o\u00e1zist var\u00e1zsolnak bel\u0151le, ahol a belt\u00e9ri k\u00e9nyelem t\u00f6k\u00e9letesen tal\u00e1lkozik a k\u00fclt\u00e9ri panor\u00e1m\u00e1val.<\/p>\n<p>A j\u00f3 napf\u00e9nyes szoba egyszerre praktikus \u00e9s szem\u00e9lyes: szigetelt ablakok, id\u0151j\u00e1r\u00e1s\u00e1ll\u00f3 anyagok, \u00e9s olyan dekor\u00e1ci\u00f3, ami a saj\u00e1t st\u00edlusodat t\u00fckr\u00f6zi. Ak\u00e1r olvas\u00f3 kuck\u00f3t, ak\u00e1r egy sokoldal\u00fa sz\u00f3rakoztat\u00f3 sarkot tervezel, az \u00e1tgondolt b\u00fator-elrendez\u00e9s \u00e9s a t\u00f6bbfunkci\u00f3s darabok garant\u00e1lj\u00e1k, hogy eg\u00e9sz \u00e9vben sz\u00edvesen t\u00f6lt\u00f6d itt az id\u0151d.<\/p>\n<p>A sz\u00ednek is nagyon fontosak\u2014f\u00f6ld sz\u00ednek \u00e9s vil\u00e1gos, pasztell \u00e1rnyalatok harmoniz\u00e1lnak a term\u00e9szettel, m\u00edg a hangulatvil\u00e1g\u00edt\u00e1s elvar\u00e1zsolja a teret, amikor lemegy a nap. M\u00e9g egy kisebb szoba is var\u00e1zslatoss\u00e1 v\u00e1lik, ha \u00fcgyes t\u00e1rol\u00f3kkal vagy f\u00e9nyt t\u00fckr\u00f6z\u0151 t\u00fckr\u00f6kkel gazdag\u00edtod. \u00c1ll\u00edthat\u00f3 ablak\u00e1rny\u00e9kol\u00f3kkal \u00e9s \u00e9vszaknak megfelel\u0151 d\u00edsz\u00edt\u00e9ssel a napf\u00e9nyes szob\u00e1d k\u00f6nnyed\u00e9n igazodik az id\u0151j\u00e1r\u00e1shoz, \u00edgy mindig kellemes, term\u00e9szetk\u00f6zeli rejtekhely lesz, ahol nyugodtan \u00e9lvezheted a f\u00e9nyt, m\u00e9gis v\u00e9dve vagy az id\u0151j\u00e1r\u00e1s viszontags\u00e1gait\u00f3l.<\/p>\n<div class=\"kt_block\" id=\"kt_id\">\n<span class=\"kt_headline\">Legfontosabb tudnival\u00f3k<\/span><\/p>\n<ul class=\"kt_post_list\">\n<li><strong>\ud83c\udf1e Haszn\u00e1ld ki a term\u00e9szetes f\u00e9nyt:<\/strong> Egy kellemes napf\u00e9nyes szoba nagy ablakokkal, vil\u00e1gos sz\u00ednekkel \u00e9s t\u00fckr\u00f6z\u0151d\u0151 fel\u00fcletekkel lesz igaz\u00e1n vil\u00e1gos \u00e9s h\u00edvogat\u00f3.<\/li>\n<li><strong>\ud83c\udf3f K\u00f6sd \u00f6ssze a benti k\u00e9nyelmet a k\u00fclt\u00e9ri l\u00e1tv\u00e1nnyal:<\/strong> A szoban\u00f6v\u00e9nyek \u00e9s a term\u00e9szetes anyagok, p\u00e9ld\u00e1ul a fonott b\u00fatorok m\u00e9g jobban megteremtik a kapcsolatot a kinti vil\u00e1ggal, mik\u00f6zben bent is kellemes \u00e9rzetet adnak.<\/li>\n<li><strong>\ud83d\udecb\ufe0f T\u00f6bbfunkci\u00f3s kialak\u00edt\u00e1s eg\u00e9sz \u00e9vre:<\/strong> \u00dcgyes b\u00fatorelvez\u00e9ssel \u00e9s t\u00f6bbf\u00e9le haszn\u00e1lat\u00fa darabokkal olvas\u00f3 sarokk\u00e1, eb\u00e9dl\u0151v\u00e9 vagy t\u00e1rsalg\u00f3v\u00e1 is alak\u00edthatod a szob\u00e1d b\u00e1rmely \u00e9vszakban.<\/li>\n<li><strong>\ud83c\udfa8 Szem\u00e9lyes \u00e9s szezon\u00e1lis r\u00e9szletek:<\/strong> F\u00f6ld sz\u00ednek, puha pasztellek \u00e9s hangulatvil\u00e1g\u00edt\u00e1s teremtenek term\u00e9szetes harm\u00f3ni\u00e1t, a d\u00edsz\u00edt\u00e9s \u00e9vszakonk\u00e9nti cser\u00e9je pedig mindig friss\u00e9 teszi a szob\u00e1t.<\/li>\n<\/ul>\n<\/div>\n<h2>Sakkt\u00e1blamint\u00e1s padl\u00f3j\u00fa napf\u00e9nyes szoba<\/h2>\n<p><img loading=\"lazy\" decoding=\"async\" width=\"700\" height=\"1049\" alt=\"Vil\u00e1gos napf\u00e9nyes szoba sakkt\u00e1blamint\u00e1s padl\u00f3val, fonott sz\u00e9kekkel, \u00fcveg doh\u00e1nyz\u00f3asztallal \u00e9s sok z\u00f6ld n\u00f6v\u00e9nnyel, rengeteg term\u00e9szetes f\u00e9nnyel.\" class=\"aligncenter size-full wp-image-4241\" src=\"https:\/\/doubletakedecor.com\/uploads\/2025\/08\/cozy-sunroom-ideas-dtd-01.jpg\" srcset=\"https:\/\/doubletakedecor.com\/uploads\/2025\/08\/cozy-sunroom-ideas-dtd-01.jpg 700w, https:\/\/doubletakedecor.com\/uploads\/2025\/08\/cozy-sunroom-ideas-dtd-01-200x300.jpg 200w, https:\/\/doubletakedecor.com\/uploads\/2025\/08\/cozy-sunroom-ideas-dtd-01-683x1024.jpg 683w, https:\/\/doubletakedecor.com\/uploads\/2025\/08\/cozy-sunroom-ideas-dtd-01-96x144.jpg 96w, https:\/\/doubletakedecor.com\/uploads\/2025\/08\/cozy-sunroom-ideas-dtd-01-280x420.jpg 280w, https:\/\/doubletakedecor.com\/uploads\/2025\/08\/cozy-sunroom-ideas-dtd-01-320x480.jpg 320w, https:\/\/doubletakedecor.com\/uploads\/2025\/08\/cozy-sunroom-ideas-dtd-01-360x539.jpg 360w, https:\/\/doubletakedecor.com\/uploads\/2025\/08\/cozy-sunroom-ideas-dtd-01-363x544.jpg 363w, https:\/\/doubletakedecor.com\/uploads\/2025\/08\/cozy-sunroom-ideas-dtd-01-370x554.jpg 370w, https:\/\/doubletakedecor.com\/uploads\/2025\/08\/cozy-sunroom-ideas-dtd-01-400x599.jpg 400w, https:\/\/doubletakedecor.com\/uploads\/2025\/08\/cozy-sunroom-ideas-dtd-01-560x839.jpg 560w, https:\/\/doubletakedecor.com\/uploads\/2025\/08\/cozy-sunroom-ideas-dtd-01-480x719.jpg 480w\" sizes=\"auto, (max-width: 700px) 100vw, 700px\" \/><\/p>\n<p>Dobd fel a napf\u00e9nyes szob\u00e1t egy klasszikus fekete-feh\u00e9r sakkt\u00e1blamint\u00e1s padl\u00f3val. Ez a l\u00e1tv\u00e1nyos minta j\u00f3l illik a fonott b\u00fatorokhoz \u00e9s a sok z\u00f6ld n\u00f6v\u00e9nyhez. A b\u00fatorokat \u00fagy helyezd el, hogy min\u00e9l t\u00f6bb f\u00e9ny jusson be, \u00e9s v\u00e1logass k\u00fcl\u00f6nb\u00f6z\u0151 m\u00e9ret\u0171 cserepes n\u00f6v\u00e9nyeket. A magas mennyezet t\u00e1gasabb \u00e9rzetet ad, a mennyezeti ventil\u00e1torral pedig eg\u00e9sz \u00e9vben k\u00e9nyelmes lesz a helyis\u00e9g.<\/p>\n<h2>Napf\u00e9nyszoba tele n\u00f6v\u00e9nyekkel<\/h2>\n<p><img loading=\"lazy\" decoding=\"async\" width=\"700\" height=\"1049\" alt=\"Napf\u00e9nyes szoba, amelyet sokf\u00e9le szoban\u00f6v\u00e9ny, rusztikus fa asztal, fonott t\u00e1rol\u00f3kosarak \u00e9s bambusz rol\u00f3k tesznek igaz\u00e1n bar\u00e1ts\u00e1goss\u00e1.\" class=\"aligncenter size-full wp-image-4247\" src=\"https:\/\/doubletakedecor.com\/uploads\/2025\/08\/cozy-sunroom-ideas-dtd-02.jpg\" srcset=\"https:\/\/doubletakedecor.com\/uploads\/2025\/08\/cozy-sunroom-ideas-dtd-02.jpg 700w, https:\/\/doubletakedecor.com\/uploads\/2025\/08\/cozy-sunroom-ideas-dtd-02-200x300.jpg 200w, https:\/\/doubletakedecor.com\/uploads\/2025\/08\/cozy-sunroom-ideas-dtd-02-683x1024.jpg 683w, https:\/\/doubletakedecor.com\/uploads\/2025\/08\/cozy-sunroom-ideas-dtd-02-96x144.jpg 96w, https:\/\/doubletakedecor.com\/uploads\/2025\/08\/cozy-sunroom-ideas-dtd-02-280x420.jpg 280w, https:\/\/doubletakedecor.com\/uploads\/2025\/08\/cozy-sunroom-ideas-dtd-02-320x480.jpg 320w, https:\/\/doubletakedecor.com\/uploads\/2025\/08\/cozy-sunroom-ideas-dtd-02-360x539.jpg 360w, https:\/\/doubletakedecor.com\/uploads\/2025\/08\/cozy-sunroom-ideas-dtd-02-363x544.jpg 363w, https:\/\/doubletakedecor.com\/uploads\/2025\/08\/cozy-sunroom-ideas-dtd-02-370x554.jpg 370w, https:\/\/doubletakedecor.com\/uploads\/2025\/08\/cozy-sunroom-ideas-dtd-02-400x599.jpg 400w, https:\/\/doubletakedecor.com\/uploads\/2025\/08\/cozy-sunroom-ideas-dtd-02-560x839.jpg 560w, https:\/\/doubletakedecor.com\/uploads\/2025\/08\/cozy-sunroom-ideas-dtd-02-480x719.jpg 480w\" sizes=\"auto, (max-width: 700px) 100vw, 700px\" \/><\/p>\n<p>Alak\u00edtsd \u00e1t a szob\u00e1t buja z\u00f6ld o\u00e1ziss\u00e1 k\u00fcl\u00f6nb\u00f6z\u0151 magass\u00e1g\u00fa \u00e9s level\u0171 n\u00f6v\u00e9nyekkel! A magasabbakat tedd az ablak k\u00f6zel\u00e9be, a fut\u00f3kat pedig polcokr\u00f3l l\u00f3gasd le. Fonott kosarakkal st\u00edlusosan t\u00e1rolhatsz, egy term\u00e9szetes sz\u0151nyeg pedig kellemesebb\u00e9 teszi a hideg padl\u00f3t. A bambusz red\u0151ny sz\u0171ri az er\u0151s f\u00e9nyt, de vil\u00e1gos \u00e9s leveg\u0151s marad a szoba.<\/p>\n<h2>Eleg\u00e1ns, vil\u00e1gosk\u00e9k mennyezet\u0171 napf\u00e9nyszoba<\/h2>\n<p><img loading=\"lazy\" decoding=\"async\" width=\"700\" height=\"1049\" alt=\"Hangulatos, vil\u00e1gosk\u00e9k mennyezet\u0171 terasz, fonott b\u00fatorok z\u00f6ld \u00e9s feh\u00e9r p\u00e1rn\u00e1kkal, fa \u00e9tkez\u0151, sok n\u00f6v\u00e9ny \u00e9s l\u00e1gy vil\u00e1g\u00edt\u00e1s.\" class=\"aligncenter size-full wp-image-4253\" src=\"https:\/\/doubletakedecor.com\/uploads\/2025\/08\/cozy-sunroom-ideas-dtd-03.jpg\" srcset=\"https:\/\/doubletakedecor.com\/uploads\/2025\/08\/cozy-sunroom-ideas-dtd-03.jpg 700w, https:\/\/doubletakedecor.com\/uploads\/2025\/08\/cozy-sunroom-ideas-dtd-03-200x300.jpg 200w, https:\/\/doubletakedecor.com\/uploads\/2025\/08\/cozy-sunroom-ideas-dtd-03-683x1024.jpg 683w, https:\/\/doubletakedecor.com\/uploads\/2025\/08\/cozy-sunroom-ideas-dtd-03-96x144.jpg 96w, https:\/\/doubletakedecor.com\/uploads\/2025\/08\/cozy-sunroom-ideas-dtd-03-280x420.jpg 280w, https:\/\/doubletakedecor.com\/uploads\/2025\/08\/cozy-sunroom-ideas-dtd-03-320x480.jpg 320w, https:\/\/doubletakedecor.com\/uploads\/2025\/08\/cozy-sunroom-ideas-dtd-03-360x539.jpg 360w, https:\/\/doubletakedecor.com\/uploads\/2025\/08\/cozy-sunroom-ideas-dtd-03-363x544.jpg 363w, https:\/\/doubletakedecor.com\/uploads\/2025\/08\/cozy-sunroom-ideas-dtd-03-370x554.jpg 370w, https:\/\/doubletakedecor.com\/uploads\/2025\/08\/cozy-sunroom-ideas-dtd-03-400x599.jpg 400w, https:\/\/doubletakedecor.com\/uploads\/2025\/08\/cozy-sunroom-ideas-dtd-03-560x839.jpg 560w, https:\/\/doubletakedecor.com\/uploads\/2025\/08\/cozy-sunroom-ideas-dtd-03-480x719.jpg 480w\" sizes=\"auto, (max-width: 700px) 100vw, 700px\" \/><\/p>\n<p>Fesd a mennyezetet halv\u00e1nyk\u00e9kre, \u00edgy l\u00e9giesebb \u00e9s t\u00e1gasabb lesz a szoba. Kombin\u00e1ld a fonott \u00e9s puha, k\u00e1rpitozott b\u00fatorokat term\u00e9szet ihlette p\u00e1rn\u00e1kkal az egys\u00e9ges \u00f6sszhat\u00e1shoz. Helyezz el besz\u00e9lget\u0151s \u00e9s \u00e9tkez\u0151s sarkokat is, hogy minden helyzetben hasznos legyen. N\u00f6v\u00e9nyi mint\u00e1s sz\u0151nyeg, f\u00fcgg\u0151l\u00e1mp\u00e1k \u00e9s \u00e1ttetsz\u0151 f\u00fcgg\u00f6ny\u00f6k gondoskodnak a meghitts\u00e9gr\u0151l \u00e9s a priv\u00e1t szf\u00e9r\u00e1r\u00f3l. A n\u00f6v\u00e9nyeket se hagyd ki, hogy m\u00e9g jobban hozd a kint-bent hangulatot!<\/p>\n<h2>Vil\u00e1gos napf\u00e9nyszoba tengerparti hangulattal<\/h2>\n<p><img loading=\"lazy\" decoding=\"async\" width=\"700\" height=\"1049\" alt=\"Vil\u00e1gos napf\u00e9nyszoba feh\u00e9r haj\u00f3padl\u00f3val, fa gerend\u00e1kkal, k\u00e9k karossz\u00e9kekkel \u00e9s feh\u00e9r kanap\u00e9val, tengerparti kieg\u00e9sz\u00edt\u0151kkel, term\u00e9szetes f\u00e9nnyel.\" class=\"aligncenter size-full wp-image-4259\" src=\"https:\/\/doubletakedecor.com\/uploads\/2025\/08\/cozy-sunroom-ideas-dtd-04.jpg\" srcset=\"https:\/\/doubletakedecor.com\/uploads\/2025\/08\/cozy-sunroom-ideas-dtd-04.jpg 700w, https:\/\/doubletakedecor.com\/uploads\/2025\/08\/cozy-sunroom-ideas-dtd-04-200x300.jpg 200w, https:\/\/doubletakedecor.com\/uploads\/2025\/08\/cozy-sunroom-ideas-dtd-04-683x1024.jpg 683w, https:\/\/doubletakedecor.com\/uploads\/2025\/08\/cozy-sunroom-ideas-dtd-04-96x144.jpg 96w, https:\/\/doubletakedecor.com\/uploads\/2025\/08\/cozy-sunroom-ideas-dtd-04-280x420.jpg 280w, https:\/\/doubletakedecor.com\/uploads\/2025\/08\/cozy-sunroom-ideas-dtd-04-320x480.jpg 320w, https:\/\/doubletakedecor.com\/uploads\/2025\/08\/cozy-sunroom-ideas-dtd-04-360x539.jpg 360w, https:\/\/doubletakedecor.com\/uploads\/2025\/08\/cozy-sunroom-ideas-dtd-04-363x544.jpg 363w, https:\/\/doubletakedecor.com\/uploads\/2025\/08\/cozy-sunroom-ideas-dtd-04-370x554.jpg 370w, https:\/\/doubletakedecor.com\/uploads\/2025\/08\/cozy-sunroom-ideas-dtd-04-400x599.jpg 400w, https:\/\/doubletakedecor.com\/uploads\/2025\/08\/cozy-sunroom-ideas-dtd-04-560x839.jpg 560w, https:\/\/doubletakedecor.com\/uploads\/2025\/08\/cozy-sunroom-ideas-dtd-04-480x719.jpg 480w\" sizes=\"auto, (max-width: 700px) 100vw, 700px\" \/><\/p>\n<p>Teremts tengerparti hangulatot a napf\u00e9nyes szob\u00e1ban vil\u00e1gosk\u00e9k karossz\u00e9kekkel, hozz\u00e1 ill\u0151 d\u00edszp\u00e1rn\u00e1kkal \u00e9s feh\u00e9r haj\u00f3lapokkal a falon. Fonott rol\u00f3k engedik be a napf\u00e9nyt, de kellemesen sz\u0171rik is azt. A fa gerend\u00e1k \u00e9s a textur\u00e1lt sz\u0151nyeg term\u00e9szetes melegs\u00e9get csemp\u00e9sznek a t\u00e9rbe. V\u00e9g\u00fcl n\u00e9h\u00e1ny friss vir\u00e1g \u00e9s apr\u00f3 dekor\u00e1ci\u00f3 teszi otthonoss\u00e1 \u00e9s bar\u00e1ts\u00e1goss\u00e1 a helyet.<\/p>\n<h2>Tengerparti napf\u00e9nyszoba \u00f3ce\u00e1nra n\u00e9z\u0151 kil\u00e1t\u00e1ssal<\/h2>\n<p><img loading=\"lazy\" decoding=\"async\" width=\"700\" height=\"1049\" alt=\"Modern tengerparti napf\u00e9nyszoba nagy ablakokkal, amelyek az \u00f3ce\u00e1nra n\u00e9znek, fa gerend\u00e1kkal, k\u00e9nyelmes kerek fotelokkal \u00e9s k\u00f6r alak\u00fa asztallal.\" class=\"aligncenter size-full wp-image-4265\" src=\"https:\/\/doubletakedecor.com\/uploads\/2025\/08\/cozy-sunroom-ideas-dtd-05.jpg\" srcset=\"https:\/\/doubletakedecor.com\/uploads\/2025\/08\/cozy-sunroom-ideas-dtd-05.jpg 700w, https:\/\/doubletakedecor.com\/uploads\/2025\/08\/cozy-sunroom-ideas-dtd-05-200x300.jpg 200w, https:\/\/doubletakedecor.com\/uploads\/2025\/08\/cozy-sunroom-ideas-dtd-05-683x1024.jpg 683w, https:\/\/doubletakedecor.com\/uploads\/2025\/08\/cozy-sunroom-ideas-dtd-05-96x144.jpg 96w, https:\/\/doubletakedecor.com\/uploads\/2025\/08\/cozy-sunroom-ideas-dtd-05-280x420.jpg 280w, https:\/\/doubletakedecor.com\/uploads\/2025\/08\/cozy-sunroom-ideas-dtd-05-320x480.jpg 320w, https:\/\/doubletakedecor.com\/uploads\/2025\/08\/cozy-sunroom-ideas-dtd-05-360x539.jpg 360w, https:\/\/doubletakedecor.com\/uploads\/2025\/08\/cozy-sunroom-ideas-dtd-05-363x544.jpg 363w, https:\/\/doubletakedecor.com\/uploads\/2025\/08\/cozy-sunroom-ideas-dtd-05-370x554.jpg 370w, https:\/\/doubletakedecor.com\/uploads\/2025\/08\/cozy-sunroom-ideas-dtd-05-400x599.jpg 400w, https:\/\/doubletakedecor.com\/uploads\/2025\/08\/cozy-sunroom-ideas-dtd-05-560x839.jpg 560w, https:\/\/doubletakedecor.com\/uploads\/2025\/08\/cozy-sunroom-ideas-dtd-05-480x719.jpg 480w\" sizes=\"auto, (max-width: 700px) 100vw, 700px\" \/><\/p>\n<p>Ehhez a nyugalmas sarokhoz a karossz\u00e9keket \u00fagy helyezd el, hogy ki tudj n\u00e9zni az \u00f3ce\u00e1nhoz. A nat\u00far fa k\u00f6rasztal tov\u00e1bb er\u0151s\u00edti a term\u00e9szetess\u00e9get. Puha sz\u0151nyegek \u00e9s vil\u00e1gos d\u00edszp\u00e1rn\u00e1k teszik k\u00e9nyelmess\u00e9 a teret. A l\u00e1tsz\u00f3 gerend\u00e1s mennyezet magasabb\u00e1, l\u00e9giesebb\u00e9 var\u00e1zsolja a helyis\u00e9get, mik\u00f6zben meghitt marad.<\/p>\n<h2>Vil\u00e1gos, n\u00f6v\u00e9nyekkel d\u00edsz\u00edtett \u00e9tkez\u0151sarok<\/h2>\n<p><img loading=\"lazy\" decoding=\"async\" width=\"700\" height=\"1049\" alt=\"Vil\u00e1gos \u00e9tkez\u0151 r\u00e9sz egy k\u00f6r alak\u00fa fa asztallal, feh\u00e9r sz\u00e9kekkel, szoban\u00f6v\u00e9nyekkel, \u00e1ttetsz\u0151 f\u00fcgg\u00f6ny\u00f6kkel \u00e9s f\u00fcgg\u0151l\u00e1mp\u00e1val a kellemes napf\u00e9nyszob\u00e1hoz.\" class=\"aligncenter size-full wp-image-4271\" src=\"https:\/\/doubletakedecor.com\/uploads\/2025\/08\/cozy-sunroom-ideas-dtd-06.jpg\" srcset=\"https:\/\/doubletakedecor.com\/uploads\/2025\/08\/cozy-sunroom-ideas-dtd-06.jpg 700w, https:\/\/doubletakedecor.com\/uploads\/2025\/08\/cozy-sunroom-ideas-dtd-06-200x300.jpg 200w, https:\/\/doubletakedecor.com\/uploads\/2025\/08\/cozy-sunroom-ideas-dtd-06-683x1024.jpg 683w, https:\/\/doubletakedecor.com\/uploads\/2025\/08\/cozy-sunroom-ideas-dtd-06-96x144.jpg 96w, https:\/\/doubletakedecor.com\/uploads\/2025\/08\/cozy-sunroom-ideas-dtd-06-280x420.jpg 280w, https:\/\/doubletakedecor.com\/uploads\/2025\/08\/cozy-sunroom-ideas-dtd-06-320x480.jpg 320w, https:\/\/doubletakedecor.com\/uploads\/2025\/08\/cozy-sunroom-ideas-dtd-06-360x539.jpg 360w, https:\/\/doubletakedecor.com\/uploads\/2025\/08\/cozy-sunroom-ideas-dtd-06-363x544.jpg 363w, https:\/\/doubletakedecor.com\/uploads\/2025\/08\/cozy-sunroom-ideas-dtd-06-370x554.jpg 370w, https:\/\/doubletakedecor.com\/uploads\/2025\/08\/cozy-sunroom-ideas-dtd-06-400x599.jpg 400w, https:\/\/doubletakedecor.com\/uploads\/2025\/08\/cozy-sunroom-ideas-dtd-06-560x839.jpg 560w, https:\/\/doubletakedecor.com\/uploads\/2025\/08\/cozy-sunroom-ideas-dtd-06-480x719.jpg 480w\" sizes=\"auto, (max-width: 700px) 100vw, 700px\" \/><\/p>\n<p>Form\u00e1ld \u00e1t a napf\u00e9nyes szob\u00e1d hangulatos \u00e9tkez\u0151v\u00e9 egy mint\u00e1s sz\u0151nyegre \u00e1ll\u00edtott kerek fa asztallal. K\u00f6r\u00e9 tegy\u00e9l modern sz\u00e9keket, \u00e9s eg\u00e9sz\u00edtsd ki friss szoban\u00f6v\u00e9nyekkel. \u00c1ttetsz\u0151 f\u00fcgg\u00f6ny\u00f6k engedik be a f\u00e9nyt, de biztos\u00edtanak priv\u00e1t szf\u00e9r\u00e1t, a mennyezeti l\u00e1mpa pedig r\u00e1tesz egy lap\u00e1ttal a hangulatra.<\/p>\n<h2>\u00c9l\u00e9nk sz\u00ednpaletta a napf\u00e9nyszob\u00e1ban<\/h2>\n<p><img loading=\"lazy\" decoding=\"async\" width=\"700\" height=\"1049\" alt=\"Vil\u00e1gos napf\u00e9nyszoba lila, steppelt kanap\u00e9val, k\u00e9k-feh\u00e9r mint\u00e1s sz\u00e9kkel \u00e9s hozz\u00e1 ill\u0151 paddal, nagy ablakokon be\u00e1rad\u00f3 napf\u00e9nyben.\" class=\"aligncenter size-full wp-image-4277\" src=\"https:\/\/doubletakedecor.com\/uploads\/2025\/08\/cozy-sunroom-ideas-dtd-07.jpg\" srcset=\"https:\/\/doubletakedecor.com\/uploads\/2025\/08\/cozy-sunroom-ideas-dtd-07.jpg 700w, https:\/\/doubletakedecor.com\/uploads\/2025\/08\/cozy-sunroom-ideas-dtd-07-200x300.jpg 200w, https:\/\/doubletakedecor.com\/uploads\/2025\/08\/cozy-sunroom-ideas-dtd-07-683x1024.jpg 683w, https:\/\/doubletakedecor.com\/uploads\/2025\/08\/cozy-sunroom-ideas-dtd-07-96x144.jpg 96w, https:\/\/doubletakedecor.com\/uploads\/2025\/08\/cozy-sunroom-ideas-dtd-07-280x420.jpg 280w, https:\/\/doubletakedecor.com\/uploads\/2025\/08\/cozy-sunroom-ideas-dtd-07-320x480.jpg 320w, https:\/\/doubletakedecor.com\/uploads\/2025\/08\/cozy-sunroom-ideas-dtd-07-360x539.jpg 360w, https:\/\/doubletakedecor.com\/uploads\/2025\/08\/cozy-sunroom-ideas-dtd-07-363x544.jpg 363w, https:\/\/doubletakedecor.com\/uploads\/2025\/08\/cozy-sunroom-ideas-dtd-07-370x554.jpg 370w, https:\/\/doubletakedecor.com\/uploads\/2025\/08\/cozy-sunroom-ideas-dtd-07-400x599.jpg 400w, https:\/\/doubletakedecor.com\/uploads\/2025\/08\/cozy-sunroom-ideas-dtd-07-560x839.jpg 560w, https:\/\/doubletakedecor.com\/uploads\/2025\/08\/cozy-sunroom-ideas-dtd-07-480x719.jpg 480w\" sizes=\"auto, (max-width: 700px) 100vw, 700px\" \/><\/p>\n<p>Vigy\u00e9l sz\u00ednt a szob\u00e1ba egy l\u00e1tv\u00e1nyos, lila steppelt kanap\u00e9val, hozz\u00e1 ill\u0151 mint\u00e1s karossz\u00e9kkel! \u00c1ttetsz\u0151 f\u00fcgg\u00f6ny\u00f6kkel maximaliz\u00e1lhatod a napf\u00e9nyt \u00e9s a priv\u00e1t szf\u00e9r\u00e1t. A sz\u00e1r\u00edtott vir\u00e1gd\u00edszek \u00e9s egy nat\u00far sz\u0151nyeg nemcsak sz\u00ednesek, de ellens\u00falyozz\u00e1k is a mer\u00e9sz \u00e1rnyalatokat. Ez a kombin\u00e1ci\u00f3 bar\u00e1ts\u00e1gos, m\u00e9gis eleg\u00e1ns mened\u00e9khelyet teremt.<\/p>\n<h2>T\u00f6bbfunkci\u00f3s \u00fcl\u0151hely elrendez\u00e9s<\/h2>\n<p><img loading=\"lazy\" decoding=\"async\" width=\"700\" height=\"1050\" alt=\"Vil\u00e1gos napf\u00e9nyszoba nagy ablakokkal, fa r\u00e9szletekkel, cserepes n\u00f6v\u00e9nyekkel \u00e9s k\u00e9nyelmes \u00fcl\u0151helyekkel, amelyek egy k\u00f6zponti asztal k\u00f6r\u00fcl vannak elrendezve egy text\u00far\u00e1lt sz\u0151nyegen.\" class=\"aligncenter size-full wp-image-4283\" src=\"https:\/\/doubletakedecor.com\/uploads\/2025\/08\/cozy-sunroom-ideas-dtd-08.jpg\" srcset=\"https:\/\/doubletakedecor.com\/uploads\/2025\/08\/cozy-sunroom-ideas-dtd-08.jpg 700w, https:\/\/doubletakedecor.com\/uploads\/2025\/08\/cozy-sunroom-ideas-dtd-08-200x300.jpg 200w, https:\/\/doubletakedecor.com\/uploads\/2025\/08\/cozy-sunroom-ideas-dtd-08-683x1024.jpg 683w, https:\/\/doubletakedecor.com\/uploads\/2025\/08\/cozy-sunroom-ideas-dtd-08-96x144.jpg 96w, https:\/\/doubletakedecor.com\/uploads\/2025\/08\/cozy-sunroom-ideas-dtd-08-280x420.jpg 280w, https:\/\/doubletakedecor.com\/uploads\/2025\/08\/cozy-sunroom-ideas-dtd-08-320x480.jpg 320w, https:\/\/doubletakedecor.com\/uploads\/2025\/08\/cozy-sunroom-ideas-dtd-08-360x540.jpg 360w, https:\/\/doubletakedecor.com\/uploads\/2025\/08\/cozy-sunroom-ideas-dtd-08-363x545.jpg 363w, https:\/\/doubletakedecor.com\/uploads\/2025\/08\/cozy-sunroom-ideas-dtd-08-370x555.jpg 370w, https:\/\/doubletakedecor.com\/uploads\/2025\/08\/cozy-sunroom-ideas-dtd-08-400x600.jpg 400w, https:\/\/doubletakedecor.com\/uploads\/2025\/08\/cozy-sunroom-ideas-dtd-08-560x840.jpg 560w, https:\/\/doubletakedecor.com\/uploads\/2025\/08\/cozy-sunroom-ideas-dtd-08-480x720.jpg 480w\" sizes=\"auto, (max-width: 700px) 100vw, 700px\" \/><\/p>\n<p>Legyen sokoldal\u00fa a napf\u00e9nyes szob\u00e1d: k\u00f6z\u00e9pre tegy\u00e9l egy asztalt, k\u00f6r\u00fcl\u00f6tte pedig keverj puha kanap\u00e9t, fonott sz\u00e9keket \u00e9s ak\u00e1r \u00f6sszehajthat\u00f3 \u00fcl\u0151alkalmatoss\u00e1gokat is. Egy sz\u0151nyeg melegebb\u00e9 teszi a teret, f\u00fcgg\u0151l\u00e1mpa gondoskodik a vil\u00e1g\u00edt\u00e1sr\u00f3l, sok cserepes n\u00f6v\u00e9ny pedig bent is megid\u00e9zi a term\u00e9szetet. T\u00f6k\u00e9letes hely pihen\u00e9shez vagy bar\u00e1ti \u00f6sszej\u00f6vetelekhez.<\/p>\n<h2>Tengerparti hangulat\u00fa \u00e9tkez\u0151 napf\u00e9nyszob\u00e1ban<\/h2>\n<p><img loading=\"lazy\" decoding=\"async\" width=\"700\" height=\"1049\" alt=\"Vil\u00e1gos napf\u00e9nyes \u00e9tkez\u0151, kerek feh\u00e9r asztal, rattan sz\u00e9kek k\u00e9k p\u00e1rn\u00e1val, cserepes n\u00f6v\u00e9ny, tengerparti hangulat\u00fa dekor.\" class=\"aligncenter size-full wp-image-4289\" src=\"https:\/\/doubletakedecor.com\/uploads\/2025\/08\/cozy-sunroom-ideas-dtd-09.jpg\" srcset=\"https:\/\/doubletakedecor.com\/uploads\/2025\/08\/cozy-sunroom-ideas-dtd-09.jpg 700w, https:\/\/doubletakedecor.com\/uploads\/2025\/08\/cozy-sunroom-ideas-dtd-09-200x300.jpg 200w, https:\/\/doubletakedecor.com\/uploads\/2025\/08\/cozy-sunroom-ideas-dtd-09-683x1024.jpg 683w, https:\/\/doubletakedecor.com\/uploads\/2025\/08\/cozy-sunroom-ideas-dtd-09-96x144.jpg 96w, https:\/\/doubletakedecor.com\/uploads\/2025\/08\/cozy-sunroom-ideas-dtd-09-280x420.jpg 280w, https:\/\/doubletakedecor.com\/uploads\/2025\/08\/cozy-sunroom-ideas-dtd-09-320x480.jpg 320w, https:\/\/doubletakedecor.com\/uploads\/2025\/08\/cozy-sunroom-ideas-dtd-09-360x539.jpg 360w, https:\/\/doubletakedecor.com\/uploads\/2025\/08\/cozy-sunroom-ideas-dtd-09-363x544.jpg 363w, https:\/\/doubletakedecor.com\/uploads\/2025\/08\/cozy-sunroom-ideas-dtd-09-370x554.jpg 370w, https:\/\/doubletakedecor.com\/uploads\/2025\/08\/cozy-sunroom-ideas-dtd-09-400x599.jpg 400w, https:\/\/doubletakedecor.com\/uploads\/2025\/08\/cozy-sunroom-ideas-dtd-09-560x839.jpg 560w, https:\/\/doubletakedecor.com\/uploads\/2025\/08\/cozy-sunroom-ideas-dtd-09-480x719.jpg 480w\" sizes=\"auto, (max-width: 700px) 100vw, 700px\" \/><\/p>\n<p>Teremts nyugodt \u00e9tkez\u0151 hangulatot rattan sz\u00e9kekkel, k\u00e9k p\u00e1rn\u00e1kkal \u00e9s egyszer\u0171 feh\u00e9r asztallal. Fonott rol\u00f3k, mint\u00e1s f\u00fcgg\u00f6ny\u00f6k \u00e9s sok szoban\u00f6v\u00e9ny teszi bar\u00e1ts\u00e1goss\u00e1. R\u00e9tegezz text\u00far\u00e1kat egy durv\u00e1bb sz\u0151nyeggel is. A f\u00e9lig \u00e1tl\u00e1tsz\u00f3 f\u00fcgg\u0151l\u00e1mpa vil\u00e1goss\u00e1, de meghitt\u00e9 var\u00e1zsolja az \u00e9tkez\u00e9seidet.<\/p>\n<h2>\u00cdves b\u00e1rsony kanap\u00e9s pihen\u0151sarok<\/h2>\n<p><img loading=\"lazy\" decoding=\"async\" width=\"700\" height=\"1049\" alt=\"Hangulatos napf\u00e9nyszoba, \u00edves z\u00f6ld b\u00e1rsony kanap\u00e9 d\u00edszp\u00e1rn\u00e1kkal, kerek asztal \u00e9s fonott rol\u00f3k eleg\u00e1ns pihen\u0151helyet teremtenek.\" class=\"aligncenter size-full wp-image-4295\" src=\"https:\/\/doubletakedecor.com\/uploads\/2025\/08\/cozy-sunroom-ideas-dtd-10.jpg\" srcset=\"https:\/\/doubletakedecor.com\/uploads\/2025\/08\/cozy-sunroom-ideas-dtd-10.jpg 700w, https:\/\/doubletakedecor.com\/uploads\/2025\/08\/cozy-sunroom-ideas-dtd-10-200x300.jpg 200w, https:\/\/doubletakedecor.com\/uploads\/2025\/08\/cozy-sunroom-ideas-dtd-10-683x1024.jpg 683w, https:\/\/doubletakedecor.com\/uploads\/2025\/08\/cozy-sunroom-ideas-dtd-10-96x144.jpg 96w, https:\/\/doubletakedecor.com\/uploads\/2025\/08\/cozy-sunroom-ideas-dtd-10-280x420.jpg 280w, https:\/\/doubletakedecor.com\/uploads\/2025\/08\/cozy-sunroom-ideas-dtd-10-320x480.jpg 320w, https:\/\/doubletakedecor.com\/uploads\/2025\/08\/cozy-sunroom-ideas-dtd-10-360x539.jpg 360w, https:\/\/doubletakedecor.com\/uploads\/2025\/08\/cozy-sunroom-ideas-dtd-10-363x544.jpg 363w, https:\/\/doubletakedecor.com\/uploads\/2025\/08\/cozy-sunroom-ideas-dtd-10-370x554.jpg 370w, https:\/\/doubletakedecor.com\/uploads\/2025\/08\/cozy-sunroom-ideas-dtd-10-400x599.jpg 400w, https:\/\/doubletakedecor.com\/uploads\/2025\/08\/cozy-sunroom-ideas-dtd-10-560x839.jpg 560w, https:\/\/doubletakedecor.com\/uploads\/2025\/08\/cozy-sunroom-ideas-dtd-10-480x719.jpg 480w\" sizes=\"auto, (max-width: 700px) 100vw, 700px\" \/><\/p>\n<p>Hozz l\u00e9tre besz\u00e9lget\u0151sarkot egy l\u00e1tv\u00e1nyos, \u00edves, z\u00f6ld b\u00e1rsony kanap\u00e9val! A luxust egyszer\u0171 kerek asztal \u00e9s puha textilek egyens\u00falyozz\u00e1k. A fonott rol\u00f3k sz\u0171rik a be\u00e1rad\u00f3 f\u00e9nyt, ugyanakkor intimit\u00e1st adnak. Egy v\u00e1z\u00e1ban elhelyezett friss vir\u00e1g csod\u00e1s sz\u00ednt \u00e9s \u00e9letet hoz ebbe a mened\u00e9khelybe.<\/p>\n<h2>Modern t\u00e9glafal\u00fa napf\u00e9nyes szoba tengerparti r\u00e9szletekkel<\/h2>\n<p><img loading=\"lazy\" decoding=\"async\" width=\"700\" height=\"1049\" alt=\"Vil\u00e1gos napf\u00e9nyszoba l\u00e1tsz\u00f3 t\u00e9glafallal, feh\u00e9r kanap\u00e9val k\u00e9k p\u00e1rn\u00e1kkal, z\u00f6ld \u00fcl\u0151k\u00e9kkel \u00e9s kerek doh\u00e1nyz\u00f3asztallal.\" class=\"aligncenter size-full wp-image-4301\" src=\"https:\/\/doubletakedecor.com\/uploads\/2025\/08\/cozy-sunroom-ideas-dtd-11.jpg\" srcset=\"https:\/\/doubletakedecor.com\/uploads\/2025\/08\/cozy-sunroom-ideas-dtd-11.jpg 700w, https:\/\/doubletakedecor.com\/uploads\/2025\/08\/cozy-sunroom-ideas-dtd-11-200x300.jpg 200w, https:\/\/doubletakedecor.com\/uploads\/2025\/08\/cozy-sunroom-ideas-dtd-11-683x1024.jpg 683w, https:\/\/doubletakedecor.com\/uploads\/2025\/08\/cozy-sunroom-ideas-dtd-11-96x144.jpg 96w, https:\/\/doubletakedecor.com\/uploads\/2025\/08\/cozy-sunroom-ideas-dtd-11-280x420.jpg 280w, https:\/\/doubletakedecor.com\/uploads\/2025\/08\/cozy-sunroom-ideas-dtd-11-320x480.jpg 320w, https:\/\/doubletakedecor.com\/uploads\/2025\/08\/cozy-sunroom-ideas-dtd-11-360x539.jpg 360w, https:\/\/doubletakedecor.com\/uploads\/2025\/08\/cozy-sunroom-ideas-dtd-11-363x544.jpg 363w, https:\/\/doubletakedecor.com\/uploads\/2025\/08\/cozy-sunroom-ideas-dtd-11-370x554.jpg 370w, https:\/\/doubletakedecor.com\/uploads\/2025\/08\/cozy-sunroom-ideas-dtd-11-400x599.jpg 400w, https:\/\/doubletakedecor.com\/uploads\/2025\/08\/cozy-sunroom-ideas-dtd-11-560x839.jpg 560w, https:\/\/doubletakedecor.com\/uploads\/2025\/08\/cozy-sunroom-ideas-dtd-11-480x719.jpg 480w\" sizes=\"auto, (max-width: 700px) 100vw, 700px\" \/><\/p>\n<p>Dobd fel a napf\u00e9nyes szoba karakter\u00e9t l\u00e1tsz\u00f3 t\u00e9glafalakkal \u00e9s tengerparti st\u00edlus\u00fa b\u00fatorokkal! A k\u00e9k \u00e9s z\u00f6ld elemek frissess\u00e9get visznek a meleg t\u00e9gl\u00e1hoz. A k\u00f6z\u00e9ppontban elhelyezett asztal k\u00f6r\u00e9 rendezd a sz\u00e9keket egy bar\u00e1ts\u00e1gos t\u00e1rsalg\u00f3hoz. Durv\u00e1bb fel\u00fclet\u0171 sz\u0151nyegek \u00e9s egy-k\u00e9t f\u00e9mes kieg\u00e9sz\u00edt\u0151 m\u00e9g izgalmasabb\u00e1 teszi, a nagy ablakok pedig biztos\u00edtj\u00e1k, hogy minden ragyog\u00f3 f\u00e9nyben \u00fasszon.<\/p>\n<h2>Meleg, F\u00e1b\u00f3l K\u00e9sz\u00fclt Mennyezet\u0171 T\u00e9likert<\/h2>\n<p><img loading=\"lazy\" decoding=\"async\" width=\"700\" height=\"1050\" alt=\"Hangulatos t\u00e9likert fabor\u00edt\u00e1s\u00fa mennyezettel, fonott b\u00fatorokkal, semleges p\u00e1rn\u00e1kkal \u00e9s cserepes n\u00f6v\u00e9nyekkel a term\u00e9szetes f\u00e9nyben \u00faszva.\" class=\"aligncenter size-full wp-image-4307\" src=\"https:\/\/doubletakedecor.com\/uploads\/2025\/08\/cozy-sunroom-ideas-dtd-12.jpg\" srcset=\"https:\/\/doubletakedecor.com\/uploads\/2025\/08\/cozy-sunroom-ideas-dtd-12.jpg 700w, https:\/\/doubletakedecor.com\/uploads\/2025\/08\/cozy-sunroom-ideas-dtd-12-200x300.jpg 200w, https:\/\/doubletakedecor.com\/uploads\/2025\/08\/cozy-sunroom-ideas-dtd-12-683x1024.jpg 683w, https:\/\/doubletakedecor.com\/uploads\/2025\/08\/cozy-sunroom-ideas-dtd-12-96x144.jpg 96w, https:\/\/doubletakedecor.com\/uploads\/2025\/08\/cozy-sunroom-ideas-dtd-12-280x420.jpg 280w, https:\/\/doubletakedecor.com\/uploads\/2025\/08\/cozy-sunroom-ideas-dtd-12-320x480.jpg 320w, https:\/\/doubletakedecor.com\/uploads\/2025\/08\/cozy-sunroom-ideas-dtd-12-360x540.jpg 360w, https:\/\/doubletakedecor.com\/uploads\/2025\/08\/cozy-sunroom-ideas-dtd-12-363x545.jpg 363w, https:\/\/doubletakedecor.com\/uploads\/2025\/08\/cozy-sunroom-ideas-dtd-12-370x555.jpg 370w, https:\/\/doubletakedecor.com\/uploads\/2025\/08\/cozy-sunroom-ideas-dtd-12-400x600.jpg 400w, https:\/\/doubletakedecor.com\/uploads\/2025\/08\/cozy-sunroom-ideas-dtd-12-560x840.jpg 560w, https:\/\/doubletakedecor.com\/uploads\/2025\/08\/cozy-sunroom-ideas-dtd-12-480x720.jpg 480w\" sizes=\"auto, (max-width: 700px) 100vw, 700px\" \/><\/p>\n<p>Csemp\u00e9ssz term\u00e9szetes hangulatot a t\u00e9likertedbe fa bor\u00edt\u00e1s\u00fa mennyezettel! Ez otthonoss\u00e1 teszi a teret, mintha egy kis fah\u00e1zban lenn\u00e9l. A vil\u00e1gos padl\u00f3 \u00e9s semleges b\u00fatorok remek\u00fcl ellens\u00falyozz\u00e1k a meleg t\u00f3nusokat. Fonott elemeket \u00e9s cserepes n\u00f6v\u00e9nyeket is adj hozz\u00e1, \u00edgy m\u00e9g k\u00f6zelebb \u00e9rezheted magad a term\u00e9szethez. P\u00e1rn\u00e1kkal k\u00e9nyelmesebb\u00e9 \u00e9s bar\u00e1ts\u00e1gosabb\u00e1 var\u00e1zsolhatod a helyis\u00e9get, mik\u00f6zben a sz\u00ednek harm\u00f3ni\u00e1j\u00e1ra is \u00fcgyelsz.<\/p>\n<h2>Eleg\u00e1ns \u00c9tkez\u0151 T\u00e9likert<\/h2>\n<p><img loading=\"lazy\" decoding=\"async\" width=\"700\" height=\"1049\" alt=\"Napf\u00e9nyes \u00e9tkez\u0151r\u00e9sz kerek feh\u00e9r asztallal, fonott sz\u00e9kekkel, csill\u00e1rral \u00e9s z\u00f6ld n\u00f6v\u00e9nyekkel a rusztikus lamb\u00e9ria mennyezet alatt.\" class=\"aligncenter size-full wp-image-4313\" src=\"https:\/\/doubletakedecor.com\/uploads\/2025\/08\/cozy-sunroom-ideas-dtd-13.jpg\" srcset=\"https:\/\/doubletakedecor.com\/uploads\/2025\/08\/cozy-sunroom-ideas-dtd-13.jpg 700w, https:\/\/doubletakedecor.com\/uploads\/2025\/08\/cozy-sunroom-ideas-dtd-13-200x300.jpg 200w, https:\/\/doubletakedecor.com\/uploads\/2025\/08\/cozy-sunroom-ideas-dtd-13-683x1024.jpg 683w, https:\/\/doubletakedecor.com\/uploads\/2025\/08\/cozy-sunroom-ideas-dtd-13-96x144.jpg 96w, https:\/\/doubletakedecor.com\/uploads\/2025\/08\/cozy-sunroom-ideas-dtd-13-280x420.jpg 280w, https:\/\/doubletakedecor.com\/uploads\/2025\/08\/cozy-sunroom-ideas-dtd-13-320x480.jpg 320w, https:\/\/doubletakedecor.com\/uploads\/2025\/08\/cozy-sunroom-ideas-dtd-13-360x539.jpg 360w, https:\/\/doubletakedecor.com\/uploads\/2025\/08\/cozy-sunroom-ideas-dtd-13-363x544.jpg 363w, https:\/\/doubletakedecor.com\/uploads\/2025\/08\/cozy-sunroom-ideas-dtd-13-370x554.jpg 370w, https:\/\/doubletakedecor.com\/uploads\/2025\/08\/cozy-sunroom-ideas-dtd-13-400x599.jpg 400w, https:\/\/doubletakedecor.com\/uploads\/2025\/08\/cozy-sunroom-ideas-dtd-13-560x839.jpg 560w, https:\/\/doubletakedecor.com\/uploads\/2025\/08\/cozy-sunroom-ideas-dtd-13-480x719.jpg 480w\" sizes=\"auto, (max-width: 700px) 100vw, 700px\" \/><\/p>\n<p>Alak\u00edtsd \u00e1t a t\u00e9likerted egy kifinomult \u00e9tkez\u0151v\u00e9 egy kerek asztal \u00e9s fonott sz\u00e9kek seg\u00edts\u00e9g\u00e9vel! Egy klasszikus csill\u00e1r gondoskodik a kellemes f\u00e9nyekr\u0151l est\u00e9nk\u00e9nt. A rusztikus lamb\u00e9ria mennyezet egy kis vid\u00e9ki hangulatot ad, m\u00edg a cserepes n\u00f6v\u00e9nyek m\u00e9g term\u00e9szetesebb\u00e9 teszik a k\u00f6rnyezetet. A semleges falfest\u00e9k kiemeli a rengeteg be\u00e1rad\u00f3 napf\u00e9nyt.<\/p>\n<h2>K\u00e9k Mennyezetes T\u00e9likert \u2013 Nyugalom Szigete<\/h2>\n<p><img loading=\"lazy\" decoding=\"async\" width=\"700\" height=\"1049\" alt=\"Vil\u00e1gos t\u00e9likert k\u00e9k mennyezettel, nagy ablakokkal, k\u00e9nyelmes paddal \u00e9s p\u00e1rn\u00e1kkal, rusztikus asztallal \u00e9s fonott sz\u00e9kkel a s\u00f6t\u00e9t fa padl\u00f3n.\" class=\"aligncenter size-full wp-image-4319\" src=\"https:\/\/doubletakedecor.com\/uploads\/2025\/08\/cozy-sunroom-ideas-dtd-14.jpg\" srcset=\"https:\/\/doubletakedecor.com\/uploads\/2025\/08\/cozy-sunroom-ideas-dtd-14.jpg 700w, https:\/\/doubletakedecor.com\/uploads\/2025\/08\/cozy-sunroom-ideas-dtd-14-200x300.jpg 200w, https:\/\/doubletakedecor.com\/uploads\/2025\/08\/cozy-sunroom-ideas-dtd-14-683x1024.jpg 683w, https:\/\/doubletakedecor.com\/uploads\/2025\/08\/cozy-sunroom-ideas-dtd-14-96x144.jpg 96w, https:\/\/doubletakedecor.com\/uploads\/2025\/08\/cozy-sunroom-ideas-dtd-14-280x420.jpg 280w, https:\/\/doubletakedecor.com\/uploads\/2025\/08\/cozy-sunroom-ideas-dtd-14-320x480.jpg 320w, https:\/\/doubletakedecor.com\/uploads\/2025\/08\/cozy-sunroom-ideas-dtd-14-360x539.jpg 360w, https:\/\/doubletakedecor.com\/uploads\/2025\/08\/cozy-sunroom-ideas-dtd-14-363x544.jpg 363w, https:\/\/doubletakedecor.com\/uploads\/2025\/08\/cozy-sunroom-ideas-dtd-14-370x554.jpg 370w, https:\/\/doubletakedecor.com\/uploads\/2025\/08\/cozy-sunroom-ideas-dtd-14-400x599.jpg 400w, https:\/\/doubletakedecor.com\/uploads\/2025\/08\/cozy-sunroom-ideas-dtd-14-560x839.jpg 560w, https:\/\/doubletakedecor.com\/uploads\/2025\/08\/cozy-sunroom-ideas-dtd-14-480x719.jpg 480w\" sizes=\"auto, (max-width: 700px) 100vw, 700px\" \/><\/p>\n<p>Fess egy l\u00e1gy k\u00e9ket a mennyezetre, \u00edgy a t\u00e9likerted olyan lesz, mint az \u00e9gbolt \u2013 megnyugtat\u00f3 \u00e9s t\u00e1gas. A kontrasztos, s\u00f6t\u00e9t fa padl\u00f3 feldobja az \u00f6sszhat\u00e1st, a fonott b\u00fatorok pedig extra text\u00far\u00e1t visznek be. Egy k\u00e9nyelmes p\u00e1rn\u00e1s pad \u00fcl\u0151helynek \u00e9s d\u00edsznek is t\u00f6k\u00e9letes. Egy kis asztal k\u00f6zelben pedig mindig j\u00f3l j\u00f6n.<\/p>\n<h2>Fonott \u00e9s K\u00e9k Tengerparti T\u00e9likert<\/h2>\n<p><img loading=\"lazy\" decoding=\"async\" width=\"700\" height=\"1049\" alt=\"T\u00e9likert fonott sz\u00e9kekkel, k\u00e9k p\u00e1rn\u00e1kkal, passzol\u00f3 kanap\u00e9val, dekorat\u00edv form\u00e1ra v\u00e1gott z\u00f6ld n\u00f6v\u00e9nyekkel \u00e9s f\u00e1b\u00f3l k\u00e9sz\u00fclt doh\u00e1nyz\u00f3asztallal a napf\u00e9nyben \u00faszva.\" class=\"aligncenter size-full wp-image-4325\" src=\"https:\/\/doubletakedecor.com\/uploads\/2025\/08\/cozy-sunroom-ideas-dtd-15.jpg\" srcset=\"https:\/\/doubletakedecor.com\/uploads\/2025\/08\/cozy-sunroom-ideas-dtd-15.jpg 700w, https:\/\/doubletakedecor.com\/uploads\/2025\/08\/cozy-sunroom-ideas-dtd-15-200x300.jpg 200w, https:\/\/doubletakedecor.com\/uploads\/2025\/08\/cozy-sunroom-ideas-dtd-15-683x1024.jpg 683w, https:\/\/doubletakedecor.com\/uploads\/2025\/08\/cozy-sunroom-ideas-dtd-15-96x144.jpg 96w, https:\/\/doubletakedecor.com\/uploads\/2025\/08\/cozy-sunroom-ideas-dtd-15-280x420.jpg 280w, https:\/\/doubletakedecor.com\/uploads\/2025\/08\/cozy-sunroom-ideas-dtd-15-320x480.jpg 320w, https:\/\/doubletakedecor.com\/uploads\/2025\/08\/cozy-sunroom-ideas-dtd-15-360x539.jpg 360w, https:\/\/doubletakedecor.com\/uploads\/2025\/08\/cozy-sunroom-ideas-dtd-15-363x544.jpg 363w, https:\/\/doubletakedecor.com\/uploads\/2025\/08\/cozy-sunroom-ideas-dtd-15-370x554.jpg 370w, https:\/\/doubletakedecor.com\/uploads\/2025\/08\/cozy-sunroom-ideas-dtd-15-400x599.jpg 400w, https:\/\/doubletakedecor.com\/uploads\/2025\/08\/cozy-sunroom-ideas-dtd-15-560x839.jpg 560w, https:\/\/doubletakedecor.com\/uploads\/2025\/08\/cozy-sunroom-ideas-dtd-15-480x719.jpg 480w\" sizes=\"auto, (max-width: 700px) 100vw, 700px\" \/><\/p>\n<p>Var\u00e1zsolj tengerparti hangulatot a fonott b\u00fatorok \u00e9s vil\u00e1gosk\u00e9k p\u00e1rn\u00e1k p\u00e1ros\u00edt\u00e1s\u00e1val! Keverd a mint\u00e1kat: p\u00f6tty\u00f6s \u00e9s cs\u00edkos p\u00e1rn\u00e1k is feldobj\u00e1k a l\u00e1tv\u00e1nyt. A sarkokba tegy\u00e9l form\u00e1s topi\u00e1ri\u00e1kat, amik sz\u00e9p z\u00f6ld foltokat visznek be. Egy term\u00e9szetes sz\u00e1l\u00fa sz\u0151nyeg melegs\u00e9get \u00e9s k\u00f6nnyeds\u00e9get ad egyszerre.<\/p>\n<h2>Eleg\u00e1ns, Vir\u00e1gos El\u0151szobai \u00d6tlet<\/h2>\n<p><img loading=\"lazy\" decoding=\"async\" width=\"700\" height=\"1049\" alt=\"B\u00e1jos el\u0151szoba vir\u00e1gmint\u00e1s fotelekkel, konzolasztallal, bolt\u00edves t\u00fck\u00f6rrel, vintage fali l\u00e1mp\u00e1kkal \u00e9s sz\u00ednes sz\u0151nyeggel feh\u00e9r lamb\u00e9ria falakon.\" class=\"aligncenter size-full wp-image-4331\" src=\"https:\/\/doubletakedecor.com\/uploads\/2025\/08\/cozy-sunroom-ideas-dtd-16.jpg\" srcset=\"https:\/\/doubletakedecor.com\/uploads\/2025\/08\/cozy-sunroom-ideas-dtd-16.jpg 700w, https:\/\/doubletakedecor.com\/uploads\/2025\/08\/cozy-sunroom-ideas-dtd-16-200x300.jpg 200w, https:\/\/doubletakedecor.com\/uploads\/2025\/08\/cozy-sunroom-ideas-dtd-16-683x1024.jpg 683w, https:\/\/doubletakedecor.com\/uploads\/2025\/08\/cozy-sunroom-ideas-dtd-16-96x144.jpg 96w, https:\/\/doubletakedecor.com\/uploads\/2025\/08\/cozy-sunroom-ideas-dtd-16-280x420.jpg 280w, https:\/\/doubletakedecor.com\/uploads\/2025\/08\/cozy-sunroom-ideas-dtd-16-320x480.jpg 320w, https:\/\/doubletakedecor.com\/uploads\/2025\/08\/cozy-sunroom-ideas-dtd-16-360x539.jpg 360w, https:\/\/doubletakedecor.com\/uploads\/2025\/08\/cozy-sunroom-ideas-dtd-16-363x544.jpg 363w, https:\/\/doubletakedecor.com\/uploads\/2025\/08\/cozy-sunroom-ideas-dtd-16-370x554.jpg 370w, https:\/\/doubletakedecor.com\/uploads\/2025\/08\/cozy-sunroom-ideas-dtd-16-400x599.jpg 400w, https:\/\/doubletakedecor.com\/uploads\/2025\/08\/cozy-sunroom-ideas-dtd-16-560x839.jpg 560w, https:\/\/doubletakedecor.com\/uploads\/2025\/08\/cozy-sunroom-ideas-dtd-16-480x719.jpg 480w\" sizes=\"auto, (max-width: 700px) 100vw, 700px\" \/><\/p>\n<p>Tedd h\u00edvogat\u00f3v\u00e1 az el\u0151szob\u00e1dat vir\u00e1gos k\u00e1rpitoz\u00e1s\u00fa sz\u00e9kek \u00e9s geometrikus konzolasztal p\u00e1ros\u00edt\u00e1s\u00e1val! Egy bolt\u00edves t\u00fck\u00f6r nagyobb\u00e1 \u00e9s vil\u00e1gosabb\u00e1 var\u00e1zsolja a teret. Vintage falil\u00e1mp\u00e1k kellemes f\u00e9nyt adnak, a mint\u00e1s sz\u0151nyeg pedig m\u00e9g izgalmasabb\u00e1 teszi a helyis\u00e9get. A feh\u00e9r lamb\u00e9ria falak lez\u00e1rj\u00e1k ezt a st\u00edlusos, m\u00e9gis hasznos el\u0151szob\u00e1t.<\/p>\n<h2>Eleg\u00e1ns T\u00e9likert K\u00fcl\u00f6nleges Mennyezettel<\/h2>\n<p><img loading=\"lazy\" decoding=\"async\" width=\"700\" height=\"1049\" alt=\"Vil\u00e1gos t\u00e9likert nagy ablakokkal, k\u00fcl\u00f6nleges mennyezeti kialak\u00edt\u00e1ssal, vil\u00e1gos kanap\u00e9val mint\u00e1s p\u00e1rn\u00e1kkal, f\u00e1b\u00f3l k\u00e9sz\u00fclt asztallal \u00e9s szoban\u00f6v\u00e9nyekkel a term\u00e9szetes, otthonos hangulat\u00e9rt.\" class=\"aligncenter size-full wp-image-4337\" src=\"https:\/\/doubletakedecor.com\/uploads\/2025\/08\/cozy-sunroom-ideas-dtd-17.jpg\" srcset=\"https:\/\/doubletakedecor.com\/uploads\/2025\/08\/cozy-sunroom-ideas-dtd-17.jpg 700w, https:\/\/doubletakedecor.com\/uploads\/2025\/08\/cozy-sunroom-ideas-dtd-17-200x300.jpg 200w, https:\/\/doubletakedecor.com\/uploads\/2025\/08\/cozy-sunroom-ideas-dtd-17-683x1024.jpg 683w, https:\/\/doubletakedecor.com\/uploads\/2025\/08\/cozy-sunroom-ideas-dtd-17-96x144.jpg 96w, https:\/\/doubletakedecor.com\/uploads\/2025\/08\/cozy-sunroom-ideas-dtd-17-280x420.jpg 280w, https:\/\/doubletakedecor.com\/uploads\/2025\/08\/cozy-sunroom-ideas-dtd-17-320x480.jpg 320w, https:\/\/doubletakedecor.com\/uploads\/2025\/08\/cozy-sunroom-ideas-dtd-17-360x539.jpg 360w, https:\/\/doubletakedecor.com\/uploads\/2025\/08\/cozy-sunroom-ideas-dtd-17-363x544.jpg 363w, https:\/\/doubletakedecor.com\/uploads\/2025\/08\/cozy-sunroom-ideas-dtd-17-370x554.jpg 370w, https:\/\/doubletakedecor.com\/uploads\/2025\/08\/cozy-sunroom-ideas-dtd-17-400x599.jpg 400w, https:\/\/doubletakedecor.com\/uploads\/2025\/08\/cozy-sunroom-ideas-dtd-17-560x839.jpg 560w, https:\/\/doubletakedecor.com\/uploads\/2025\/08\/cozy-sunroom-ideas-dtd-17-480x719.jpg 480w\" sizes=\"auto, (max-width: 700px) 100vw, 700px\" \/><\/p>\n<p>Hozz l\u00e9tre vil\u00e1gos, bar\u00e1ts\u00e1gos t\u00e9likertet nagy ablakokkal, hogy a napf\u00e9ny mindent el\u00e1rasszon! A hangulatr\u00f3l mint\u00e1s p\u00e1rn\u00e1k \u00e9s semleges sz\u0151nyeg gondoskodnak. Szoban\u00f6v\u00e9nyekkel a term\u00e9szet k\u00f6zels\u00e9g\u00e9t \u00e9lvezheted bent is. Ha k\u00fcl\u00f6nleges mennyezeti r\u00e9szletet vagy letisztult, eleg\u00e1ns l\u00e1mp\u00e1kat v\u00e1lasztasz, m\u00e9g kifinomultabb lesz az \u00f6sszhat\u00e1s.<\/p>\n<h2>Modern T\u00e9likert Rengeteg F\u00e9nnyel<\/h2>\n<p><img loading=\"lazy\" decoding=\"async\" width=\"700\" height=\"1049\" alt=\"Vil\u00e1gos t\u00e9likert nagy ablakokkal, feh\u00e9r kanap\u00e9val narancss\u00e1rga pl\u00e9ddel, letisztult \u00e1ll\u00f3l\u00e1mp\u00e1val \u00e9s vintage sz\u0151nyeggel \u2013 modern, m\u00e9gis otthonos hangulatban.\" class=\"aligncenter size-full wp-image-4343\" src=\"https:\/\/doubletakedecor.com\/uploads\/2025\/08\/cozy-sunroom-ideas-dtd-18.jpg\" srcset=\"https:\/\/doubletakedecor.com\/uploads\/2025\/08\/cozy-sunroom-ideas-dtd-18.jpg 700w, https:\/\/doubletakedecor.com\/uploads\/2025\/08\/cozy-sunroom-ideas-dtd-18-200x300.jpg 200w, https:\/\/doubletakedecor.com\/uploads\/2025\/08\/cozy-sunroom-ideas-dtd-18-683x1024.jpg 683w, https:\/\/doubletakedecor.com\/uploads\/2025\/08\/cozy-sunroom-ideas-dtd-18-96x144.jpg 96w, https:\/\/doubletakedecor.com\/uploads\/2025\/08\/cozy-sunroom-ideas-dtd-18-280x420.jpg 280w, https:\/\/doubletakedecor.com\/uploads\/2025\/08\/cozy-sunroom-ideas-dtd-18-320x480.jpg 320w, https:\/\/doubletakedecor.com\/uploads\/2025\/08\/cozy-sunroom-ideas-dtd-18-360x539.jpg 360w, https:\/\/doubletakedecor.com\/uploads\/2025\/08\/cozy-sunroom-ideas-dtd-18-363x544.jpg 363w, https:\/\/doubletakedecor.com\/uploads\/2025\/08\/cozy-sunroom-ideas-dtd-18-370x554.jpg 370w, https:\/\/doubletakedecor.com\/uploads\/2025\/08\/cozy-sunroom-ideas-dtd-18-400x599.jpg 400w, https:\/\/doubletakedecor.com\/uploads\/2025\/08\/cozy-sunroom-ideas-dtd-18-560x839.jpg 560w, https:\/\/doubletakedecor.com\/uploads\/2025\/08\/cozy-sunroom-ideas-dtd-18-480x719.jpg 480w\" sizes=\"auto, (max-width: 700px) 100vw, 700px\" \/><\/p>\n<p>Haszn\u00e1lj f\u00e9ny\u00e1tereszt\u0151 f\u00fcgg\u00f6ny\u00f6ket, hogy a term\u00e9szetes f\u00e9ny be\u00e1radhasson, \u00e9s l\u00e9gies hangulatot teremtsen. A modern, letisztult l\u00e1mp\u00e1k \u00e9s a narancss\u00e1rga pl\u00e9d melegs\u00e9get visznek a semleges sz\u00edn\u0171 b\u00fatorokhoz. Egy textur\u00e1lt sz\u0151nyeg k\u00e9nyelmess\u00e9 \u00e9s l\u00e1tv\u00e1nyoss\u00e1 teszi a teret. Ez a kialak\u00edt\u00e1s egyszerre eleg\u00e1ns \u00e9s bar\u00e1ts\u00e1gos.<\/p>\n<h2>R\u00e9gi Id\u0151k Hangulat\u00e1t Id\u00e9z\u0151 Z\u00f6ld T\u00e9likert<\/h2>\n<p><img loading=\"lazy\" decoding=\"async\" width=\"700\" height=\"1050\" alt=\"Eleg\u00e1ns t\u00e9likert z\u00f6ld, vir\u00e1gos tap\u00e9t\u00e1val, bolt\u00edves ablakokkal, szoban\u00f6v\u00e9nyekkel, \u00edves kanap\u00e9val \u00e9s \u00fcvegasztallal \u2013 bar\u00e1ts\u00e1gos l\u00e9gk\u00f6rben.\" class=\"aligncenter size-full wp-image-4349\" src=\"https:\/\/doubletakedecor.com\/uploads\/2025\/08\/cozy-sunroom-ideas-dtd-19.jpg\" srcset=\"https:\/\/doubletakedecor.com\/uploads\/2025\/08\/cozy-sunroom-ideas-dtd-19.jpg 700w, https:\/\/doubletakedecor.com\/uploads\/2025\/08\/cozy-sunroom-ideas-dtd-19-200x300.jpg 200w, https:\/\/doubletakedecor.com\/uploads\/2025\/08\/cozy-sunroom-ideas-dtd-19-683x1024.jpg 683w, https:\/\/doubletakedecor.com\/uploads\/2025\/08\/cozy-sunroom-ideas-dtd-19-96x144.jpg 96w, https:\/\/doubletakedecor.com\/uploads\/2025\/08\/cozy-sunroom-ideas-dtd-19-280x420.jpg 280w, https:\/\/doubletakedecor.com\/uploads\/2025\/08\/cozy-sunroom-ideas-dtd-19-320x480.jpg 320w, https:\/\/doubletakedecor.com\/uploads\/2025\/08\/cozy-sunroom-ideas-dtd-19-360x540.jpg 360w, https:\/\/doubletakedecor.com\/uploads\/2025\/08\/cozy-sunroom-ideas-dtd-19-363x545.jpg 363w, https:\/\/doubletakedecor.com\/uploads\/2025\/08\/cozy-sunroom-ideas-dtd-19-370x555.jpg 370w, https:\/\/doubletakedecor.com\/uploads\/2025\/08\/cozy-sunroom-ideas-dtd-19-400x600.jpg 400w, https:\/\/doubletakedecor.com\/uploads\/2025\/08\/cozy-sunroom-ideas-dtd-19-560x840.jpg 560w, https:\/\/doubletakedecor.com\/uploads\/2025\/08\/cozy-sunroom-ideas-dtd-19-480x720.jpg 480w\" sizes=\"auto, (max-width: 700px) 100vw, 700px\" \/><\/p>\n<p>\u00d6tv\u00f6zd a r\u00e9gi id\u0151k eleganci\u00e1j\u00e1t \u00e9s a n\u00f6v\u00e9nyek frissess\u00e9g\u00e9t egy igaz\u00e1n st\u00edlusos t\u00e9likertben! A gazdag z\u00f6ld, vir\u00e1gmint\u00e1s tap\u00e9ta l\u00e1tv\u00e1nyos h\u00e1tteret ad, az \u00edvelt b\u00fatorok pedig k\u00f6nnyed\u00e9n lehet\u0151s\u00e9get teremtenek a besz\u00e9lget\u00e9sre. P\u00e1rn\u00e1k \u00e9s botanikus mint\u00e1j\u00fa sz\u0151nyeg m\u00e9lys\u00e9get adnak. Sokf\u00e9le szoban\u00f6v\u00e9ny teszi m\u00e9g term\u00e9szetesebb\u00e9, mik\u00f6zben nem zavarja az ablakokon \u00e1t l\u00e1that\u00f3 kil\u00e1t\u00e1st.<\/p>\n<h2>Z\u00f6ld Fal\u00fa T\u00e9likert Vaspaddal<\/h2>\n<p><img loading=\"lazy\" decoding=\"async\" width=\"700\" height=\"1050\" alt=\"B\u00e9k\u00e9s t\u00e9likert nagy ablakokkal, z\u00f6ld falakkal \u00e9s k\u00e9nyelmes vas\u00e1ggyal, amelyet p\u00e1rn\u00e1k d\u00edsz\u00edtenek a pala j\u00e1r\u00f3lap padl\u00f3n.\" class=\"aligncenter size-full wp-image-4355\" src=\"https:\/\/doubletakedecor.com\/uploads\/2025\/08\/cozy-sunroom-ideas-dtd-20.jpg\" srcset=\"https:\/\/doubletakedecor.com\/uploads\/2025\/08\/cozy-sunroom-ideas-dtd-20.jpg 700w, https:\/\/doubletakedecor.com\/uploads\/2025\/08\/cozy-sunroom-ideas-dtd-20-200x300.jpg 200w, https:\/\/doubletakedecor.com\/uploads\/2025\/08\/cozy-sunroom-ideas-dtd-20-683x1024.jpg 683w, https:\/\/doubletakedecor.com\/uploads\/2025\/08\/cozy-sunroom-ideas-dtd-20-96x144.jpg 96w, https:\/\/doubletakedecor.com\/uploads\/2025\/08\/cozy-sunroom-ideas-dtd-20-280x420.jpg 280w, https:\/\/doubletakedecor.com\/uploads\/2025\/08\/cozy-sunroom-ideas-dtd-20-320x480.jpg 320w, https:\/\/doubletakedecor.com\/uploads\/2025\/08\/cozy-sunroom-ideas-dtd-20-360x540.jpg 360w, https:\/\/doubletakedecor.com\/uploads\/2025\/08\/cozy-sunroom-ideas-dtd-20-363x545.jpg 363w, https:\/\/doubletakedecor.com\/uploads\/2025\/08\/cozy-sunroom-ideas-dtd-20-370x555.jpg 370w, https:\/\/doubletakedecor.com\/uploads\/2025\/08\/cozy-sunroom-ideas-dtd-20-400x600.jpg 400w, https:\/\/doubletakedecor.com\/uploads\/2025\/08\/cozy-sunroom-ideas-dtd-20-560x840.jpg 560w, https:\/\/doubletakedecor.com\/uploads\/2025\/08\/cozy-sunroom-ideas-dtd-20-480x720.jpg 480w\" sizes=\"auto, (max-width: 700px) 100vw, 700px\" \/><\/p>\n<p>\u00c1raszd el nyugalommal a t\u00e9likerted a z\u00f6ld falak \u00e9s a kontrasztos festett mennyezet p\u00e1ros\u00edt\u00e1s\u00e1val! Helyezz egy vasb\u00f3l k\u00e9sz\u00fclt hever\u0151t k\u00f6z\u00e9pre, ez kiv\u00e1l\u00f3 \u00fcl\u0151hely, \u00e9s puha p\u00e1rn\u00e1kkal m\u00e9g k\u00e9nyelmesebb lesz. A pala j\u00e1r\u00f3lap padl\u00f3 strapab\u00edr\u00f3 \u00e9s otthonos is, r\u00e1ad\u00e1sul j\u00f3l b\u00edrja a napf\u00e9nyt \u00e9s a h\u0151ingadoz\u00e1st.<\/p>\n<h2>Vil\u00e1gos, Feh\u00e9r Lamb\u00e9ri\u00e1s T\u00e9li O\u00e1zis<\/h2>\n<p><img loading=\"lazy\" decoding=\"async\" width=\"700\" height=\"1050\" alt=\"Feh\u00e9r lamb\u00e9ri\u00e1s t\u00e9likert k\u00e9k kanap\u00e9val, f\u00e1b\u00f3l k\u00e9sz\u00fclt asztallal \u00e9s l\u00e1that\u00f3 \u00e9tkez\u0151r\u00e9sszel, ahol f\u00fcggesztett l\u00e1mp\u00e1k \u00e9s term\u00e9szetes t\u00e9m\u00e1j\u00fa k\u00e9pek tal\u00e1lhat\u00f3k.\" class=\"aligncenter size-full wp-image-4361\" src=\"https:\/\/doubletakedecor.com\/uploads\/2025\/08\/cozy-sunroom-ideas-dtd-21.jpg\" srcset=\"https:\/\/doubletakedecor.com\/uploads\/2025\/08\/cozy-sunroom-ideas-dtd-21.jpg 700w, https:\/\/doubletakedecor.com\/uploads\/2025\/08\/cozy-sunroom-ideas-dtd-21-200x300.jpg 200w, https:\/\/doubletakedecor.com\/uploads\/2025\/08\/cozy-sunroom-ideas-dtd-21-683x1024.jpg 683w, https:\/\/doubletakedecor.com\/uploads\/2025\/08\/cozy-sunroom-ideas-dtd-21-96x144.jpg 96w, https:\/\/doubletakedecor.com\/uploads\/2025\/08\/cozy-sunroom-ideas-dtd-21-280x420.jpg 280w, https:\/\/doubletakedecor.com\/uploads\/2025\/08\/cozy-sunroom-ideas-dtd-21-320x480.jpg 320w, https:\/\/doubletakedecor.com\/uploads\/2025\/08\/cozy-sunroom-ideas-dtd-21-360x540.jpg 360w, https:\/\/doubletakedecor.com\/uploads\/2025\/08\/cozy-sunroom-ideas-dtd-21-363x545.jpg 363w, https:\/\/doubletakedecor.com\/uploads\/2025\/08\/cozy-sunroom-ideas-dtd-21-370x555.jpg 370w, https:\/\/doubletakedecor.com\/uploads\/2025\/08\/cozy-sunroom-ideas-dtd-21-400x600.jpg 400w, https:\/\/doubletakedecor.com\/uploads\/2025\/08\/cozy-sunroom-ideas-dtd-21-560x840.jpg 560w, https:\/\/doubletakedecor.com\/uploads\/2025\/08\/cozy-sunroom-ideas-dtd-21-480x720.jpg 480w\" sizes=\"auto, (max-width: 700px) 100vw, 700px\" \/><\/p>\n<p>Teremts l\u00e9giess\u00e9get feh\u00e9r fa lamb\u00e9ri\u00e1val \u2013 \u00edgy t\u00fckr\u00f6z\u0151dik a f\u00e9ny, \u00e9s t\u00e1gasabb a t\u00e9r. A halv\u00e1nyk\u00e9k k\u00e1rpit \u00e9s a term\u00e9szetes anyagok, mint a fonott f\u00fcgg\u0151l\u00e1mpa, l\u00e1gy\u00edtj\u00e1k a vil\u00e1goss\u00e1got. T\u00e1jfestm\u00e9nyekkel hozz be szabadt\u00e9ri hangulatot, s a b\u00fatorok \u00e9s r\u00e9tegezett sz\u0151nyegek seg\u00edtenek a k\u00fcl\u00f6nb\u00f6z\u0151 funkci\u00f3k elk\u00fcl\u00f6n\u00edt\u00e9s\u00e9ben. \u00cdgy igaz\u00e1n k\u00e9nyelmes \u00e9s st\u00edlusos lesz a helyis\u00e9g.<\/p>\n<h2>Vil\u00e1gos, Tengerparti T\u00e9likert<\/h2>\n<p><img loading=\"lazy\" decoding=\"async\" width=\"700\" height=\"1050\" alt=\"Vil\u00e1gos t\u00e9likert vil\u00e1gos kanap\u00e9val, k\u00e9k p\u00e1rn\u00e1kkal, fonott sz\u00e9kkel, dekorat\u00edv asztallal \u00e9s feh\u00e9r kieg\u00e9sz\u00edt\u0151kkel, sok term\u00e9szetes f\u00e9nyben.\" class=\"aligncenter size-full wp-image-4367\" src=\"https:\/\/doubletakedecor.com\/uploads\/2025\/08\/cozy-sunroom-ideas-dtd-22.jpg\" srcset=\"https:\/\/doubletakedecor.com\/uploads\/2025\/08\/cozy-sunroom-ideas-dtd-22.jpg 700w, https:\/\/doubletakedecor.com\/uploads\/2025\/08\/cozy-sunroom-ideas-dtd-22-200x300.jpg 200w, https:\/\/doubletakedecor.com\/uploads\/2025\/08\/cozy-sunroom-ideas-dtd-22-683x1024.jpg 683w, https:\/\/doubletakedecor.com\/uploads\/2025\/08\/cozy-sunroom-ideas-dtd-22-96x144.jpg 96w, https:\/\/doubletakedecor.com\/uploads\/2025\/08\/cozy-sunroom-ideas-dtd-22-280x420.jpg 280w, https:\/\/doubletakedecor.com\/uploads\/2025\/08\/cozy-sunroom-ideas-dtd-22-320x480.jpg 320w, https:\/\/doubletakedecor.com\/uploads\/2025\/08\/cozy-sunroom-ideas-dtd-22-360x540.jpg 360w, https:\/\/doubletakedecor.com\/uploads\/2025\/08\/cozy-sunroom-ideas-dtd-22-363x545.jpg 363w, https:\/\/doubletakedecor.com\/uploads\/2025\/08\/cozy-sunroom-ideas-dtd-22-370x555.jpg 370w, https:\/\/doubletakedecor.com\/uploads\/2025\/08\/cozy-sunroom-ideas-dtd-22-400x600.jpg 400w, https:\/\/doubletakedecor.com\/uploads\/2025\/08\/cozy-sunroom-ideas-dtd-22-560x840.jpg 560w, https:\/\/doubletakedecor.com\/uploads\/2025\/08\/cozy-sunroom-ideas-dtd-22-480x720.jpg 480w\" sizes=\"auto, (max-width: 700px) 100vw, 700px\" \/><\/p>\n<p>Alak\u00edtsd ki a tengerpart ihlette nyugalmat vil\u00e1gos k\u00e1rpitokkal, k\u00e9k d\u00edszp\u00e1rn\u00e1kkal \u00e9s term\u00e9szetes fonott b\u00fatorokkal! \u00dagy helyezd el az \u00fcl\u0151helyeket, hogy \u00e9lvezhesd a kil\u00e1t\u00e1st, de besz\u00e9lgetni is lehessen. Egy sz\u00f6v\u00f6tt sz\u0151nyeg \u00e9s mint\u00e1s kisasztal textur\u00e1t visz a t\u00e9rbe. Tipp: apr\u00f3 n\u00f6v\u00e9nyekkel \u00e9s dekorat\u00edv k\u00f6nyvekkel szem\u00e9lyesebb\u00e9 teheted, an\u00e9lk\u00fcl, hogy zs\u00fafolt lenne a vil\u00e1gos helyis\u00e9g.<\/p>\n<h2>Modern T\u00e9likert Piros Akcentussal<\/h2>\n<p><img loading=\"lazy\" decoding=\"async\" width=\"700\" height=\"1050\" alt=\"Vil\u00e1gos t\u00e9likert nagy \u00fcvegfalakkal, felt\u0171n\u0151 piros fotellel \u00e9s l\u00e1btart\u00f3val, \u00edvelt fekete l\u00e1mp\u00e1val, n\u00f6v\u00e9nyekkel \u00e9s dekorat\u00edv sz\u0151nyeggel.\" class=\"aligncenter size-full wp-image-4373\" src=\"https:\/\/doubletakedecor.com\/uploads\/2025\/08\/cozy-sunroom-ideas-dtd-23.jpg\" srcset=\"https:\/\/doubletakedecor.com\/uploads\/2025\/08\/cozy-sunroom-ideas-dtd-23.jpg 700w, https:\/\/doubletakedecor.com\/uploads\/2025\/08\/cozy-sunroom-ideas-dtd-23-200x300.jpg 200w, https:\/\/doubletakedecor.com\/uploads\/2025\/08\/cozy-sunroom-ideas-dtd-23-683x1024.jpg 683w, https:\/\/doubletakedecor.com\/uploads\/2025\/08\/cozy-sunroom-ideas-dtd-23-96x144.jpg 96w, https:\/\/doubletakedecor.com\/uploads\/2025\/08\/cozy-sunroom-ideas-dtd-23-280x420.jpg 280w, https:\/\/doubletakedecor.com\/uploads\/2025\/08\/cozy-sunroom-ideas-dtd-23-320x480.jpg 320w, https:\/\/doubletakedecor.com\/uploads\/2025\/08\/cozy-sunroom-ideas-dtd-23-360x540.jpg 360w, https:\/\/doubletakedecor.com\/uploads\/2025\/08\/cozy-sunroom-ideas-dtd-23-363x545.jpg 363w, https:\/\/doubletakedecor.com\/uploads\/2025\/08\/cozy-sunroom-ideas-dtd-23-370x555.jpg 370w, https:\/\/doubletakedecor.com\/uploads\/2025\/08\/cozy-sunroom-ideas-dtd-23-400x600.jpg 400w, https:\/\/doubletakedecor.com\/uploads\/2025\/08\/cozy-sunroom-ideas-dtd-23-560x840.jpg 560w, https:\/\/doubletakedecor.com\/uploads\/2025\/08\/cozy-sunroom-ideas-dtd-23-480x720.jpg 480w\" sizes=\"auto, (max-width: 700px) 100vw, 700px\" \/><\/p>\n<p>Legyen igaz\u00e1n felt\u0171n\u0151 pontja a t\u00e9likertednek egy \u00e9l\u00e9nk piros fotel \u00e9s l\u00e1btart\u00f3 p\u00e1rossal! Tedd k\u00f6zel a nagy ablakokhoz, hogy mindig sok f\u00e9ny \u00e9rje. Egy \u00edvelt fekete \u00e1ll\u00f3l\u00e1mpa j\u00f3l j\u00f6n esti olvas\u00e1shoz. K\u00fcl\u00f6nb\u00f6z\u0151 magass\u00e1g\u00fa n\u00f6v\u00e9nyekkel m\u00e9g jobban \u00f6sszekapcsol\u00f3dik bent a kintivel. Egy textur\u00e1lt sz\u0151nyeg pedig \u00f6sszefogja a l\u00e1tv\u00e1nyt \u00e9s kellemes a talpadnak is.<\/p>\n<h2>Vir\u00e1gmint\u00e1s Tap\u00e9t\u00e1s T\u00e9likerti \u00c9tkez\u0151<\/h2>\n<p><img loading=\"lazy\" decoding=\"async\" width=\"700\" height=\"1050\" alt=\"Napf\u00e9nyes \u00e9tkez\u0151 z\u00f6ld vir\u00e1gmint\u00e1s tap\u00e9t\u00e1val, kerek l\u00e1bas asztallal \u00e9s p\u00e1rn\u00e1zott \u00fcl\u0151helyekkel \u2013 bar\u00e1ts\u00e1gos, term\u00e9szet ihlette t\u00e9likert.\" class=\"aligncenter size-full wp-image-4379\" src=\"https:\/\/doubletakedecor.com\/uploads\/2025\/08\/cozy-sunroom-ideas-dtd-24.jpg\" srcset=\"https:\/\/doubletakedecor.com\/uploads\/2025\/08\/cozy-sunroom-ideas-dtd-24.jpg 700w, https:\/\/doubletakedecor.com\/uploads\/2025\/08\/cozy-sunroom-ideas-dtd-24-200x300.jpg 200w, https:\/\/doubletakedecor.com\/uploads\/2025\/08\/cozy-sunroom-ideas-dtd-24-683x1024.jpg 683w, https:\/\/doubletakedecor.com\/uploads\/2025\/08\/cozy-sunroom-ideas-dtd-24-96x144.jpg 96w, https:\/\/doubletakedecor.com\/uploads\/2025\/08\/cozy-sunroom-ideas-dtd-24-280x420.jpg 280w, https:\/\/doubletakedecor.com\/uploads\/2025\/08\/cozy-sunroom-ideas-dtd-24-320x480.jpg 320w, https:\/\/doubletakedecor.com\/uploads\/2025\/08\/cozy-sunroom-ideas-dtd-24-360x540.jpg 360w, https:\/\/doubletakedecor.com\/uploads\/2025\/08\/cozy-sunroom-ideas-dtd-24-363x545.jpg 363w, https:\/\/doubletakedecor.com\/uploads\/2025\/08\/cozy-sunroom-ideas-dtd-24-370x555.jpg 370w, https:\/\/doubletakedecor.com\/uploads\/2025\/08\/cozy-sunroom-ideas-dtd-24-400x600.jpg 400w, https:\/\/doubletakedecor.com\/uploads\/2025\/08\/cozy-sunroom-ideas-dtd-24-560x840.jpg 560w, https:\/\/doubletakedecor.com\/uploads\/2025\/08\/cozy-sunroom-ideas-dtd-24-480x720.jpg 480w\" sizes=\"auto, (max-width: 700px) 100vw, 700px\" \/><\/p>\n<p>Tedd k\u00fcl\u00f6nlegess\u00e9 a t\u00e9likerted egy eleg\u00e1ns \u00e9tkez\u0151r\u00e9sszel! Haszn\u00e1lj felt\u0171n\u0151 vir\u00e1gmint\u00e1s tap\u00e9t\u00e1t, hogy kert hangulatot teremts. A kerek l\u00e1bas asztalhoz ill\u0151, k\u00e9nyelmes sz\u00e9keket v\u00e1lassz. Cserepes n\u00f6v\u00e9nyekkel \u00e9s puha p\u00e1rn\u00e1kkal, amik sz\u00ednben is \u00f6sszeillenek, m\u00e9g term\u00e9szetesebb lesz a hangulat. A mint\u00e1s j\u00e1r\u00f3lapok pedig izgalmat visznek a k\u00f6rnyezetbe.<\/p>\n<h2>St\u00edlusos T\u00e9likerti Dolgoz\u00f3szoba<\/h2>\n<p><img loading=\"lazy\" decoding=\"async\" width=\"700\" height=\"1049\" alt=\"Kifinomult dolgoz\u00f3szoba korall sz\u00edn\u0171 kanap\u00e9val, fekete \u00edr\u00f3asztallal, csill\u00e1rral \u00e9s nagy ablakokkal \u2013 vil\u00e1gos, otthonos munkahely.\" class=\"aligncenter size-full wp-image-4385\" src=\"https:\/\/doubletakedecor.com\/uploads\/2025\/08\/cozy-sunroom-ideas-dtd-25.jpg\" srcset=\"https:\/\/doubletakedecor.com\/uploads\/2025\/08\/cozy-sunroom-ideas-dtd-25.jpg 700w, https:\/\/doubletakedecor.com\/uploads\/2025\/08\/cozy-sunroom-ideas-dtd-25-200x300.jpg 200w, https:\/\/doubletakedecor.com\/uploads\/2025\/08\/cozy-sunroom-ideas-dtd-25-683x1024.jpg 683w, https:\/\/doubletakedecor.com\/uploads\/2025\/08\/cozy-sunroom-ideas-dtd-25-96x144.jpg 96w, https:\/\/doubletakedecor.com\/uploads\/2025\/08\/cozy-sunroom-ideas-dtd-25-280x420.jpg 280w, https:\/\/doubletakedecor.com\/uploads\/2025\/08\/cozy-sunroom-ideas-dtd-25-320x480.jpg 320w, https:\/\/doubletakedecor.com\/uploads\/2025\/08\/cozy-sunroom-ideas-dtd-25-360x539.jpg 360w, https:\/\/doubletakedecor.com\/uploads\/2025\/08\/cozy-sunroom-ideas-dtd-25-363x544.jpg 363w, https:\/\/doubletakedecor.com\/uploads\/2025\/08\/cozy-sunroom-ideas-dtd-25-370x554.jpg 370w, https:\/\/doubletakedecor.com\/uploads\/2025\/08\/cozy-sunroom-ideas-dtd-25-400x599.jpg 400w, https:\/\/doubletakedecor.com\/uploads\/2025\/08\/cozy-sunroom-ideas-dtd-25-560x839.jpg 560w, https:\/\/doubletakedecor.com\/uploads\/2025\/08\/cozy-sunroom-ideas-dtd-25-480x719.jpg 480w\" sizes=\"auto, (max-width: 700px) 100vw, 700px\" \/><\/p>\n<p>Alak\u00edtsd \u00e1t a t\u00e9likerted munka- \u00e9s pihen\u0151sarokk\u00e1 egyszerre! Egy letisztult \u00edr\u00f3asztal mell\u00e9 v\u00e1lassz puha korall sz\u00edn\u0171 kanap\u00e9t, hogy k\u00e9nyelmesen dolgozhass vagy pihenhess. Az ablakokra csak minim\u00e1lis \u00e1rny\u00e9kol\u00f3 kell, hogy a f\u00e9ny szabadon \u00e1ramoljon. Egy sz\u00e9p sz\u0151nyeg melegs\u00e9get ad, kis n\u00f6v\u00e9nyek \u00e9s k\u00e9pek pedig otthonoss\u00e1 \u00e9s inspir\u00e1l\u00f3v\u00e1 var\u00e1zsolj\u00e1k a teret.<\/p>\n<h2>F\u00e9ny\u00e1rban \u00dasz\u00f3 T\u00e9likert Term\u00e9szetes Elemekkel<\/h2>\n<p><img loading=\"lazy\" decoding=\"async\" width=\"700\" height=\"1050\" alt=\"Vil\u00e1gos t\u00e9likert r\u00f3zsasz\u00edn kanap\u00e9val, rattan sz\u00e9kekkel \u00e9s nagy ablakokon, tet\u0151ablakon be\u00e1rad\u00f3 f\u00e9nyben \u2013 bar\u00e1ts\u00e1gos, nyugodt l\u00e9gk\u00f6r.\" class=\"aligncenter size-full wp-image-4391\" src=\"https:\/\/doubletakedecor.com\/uploads\/2025\/08\/cozy-sunroom-ideas-dtd-26.jpg\" srcset=\"https:\/\/doubletakedecor.com\/uploads\/2025\/08\/cozy-sunroom-ideas-dtd-26.jpg 700w, https:\/\/doubletakedecor.com\/uploads\/2025\/08\/cozy-sunroom-ideas-dtd-26-200x300.jpg 200w, https:\/\/doubletakedecor.com\/uploads\/2025\/08\/cozy-sunroom-ideas-dtd-26-683x1024.jpg 683w, https:\/\/doubletakedecor.com\/uploads\/2025\/08\/cozy-sunroom-ideas-dtd-26-96x144.jpg 96w, https:\/\/doubletakedecor.com\/uploads\/2025\/08\/cozy-sunroom-ideas-dtd-26-280x420.jpg 280w, https:\/\/doubletakedecor.com\/uploads\/2025\/08\/cozy-sunroom-ideas-dtd-26-320x480.jpg 320w, https:\/\/doubletakedecor.com\/uploads\/2025\/08\/cozy-sunroom-ideas-dtd-26-360x540.jpg 360w, https:\/\/doubletakedecor.com\/uploads\/2025\/08\/cozy-sunroom-ideas-dtd-26-363x545.jpg 363w, https:\/\/doubletakedecor.com\/uploads\/2025\/08\/cozy-sunroom-ideas-dtd-26-370x555.jpg 370w, https:\/\/doubletakedecor.com\/uploads\/2025\/08\/cozy-sunroom-ideas-dtd-26-400x600.jpg 400w, https:\/\/doubletakedecor.com\/uploads\/2025\/08\/cozy-sunroom-ideas-dtd-26-560x840.jpg 560w, https:\/\/doubletakedecor.com\/uploads\/2025\/08\/cozy-sunroom-ideas-dtd-26-480x720.jpg 480w\" sizes=\"auto, (max-width: 700px) 100vw, 700px\" \/><\/p>\n<p>Alak\u00edtsd f\u00e9nyes \u00e9s bar\u00e1ts\u00e1gos t\u00e9likertt\u00e9 a helyis\u00e9get nagy ablakokkal \u00e9s tet\u0151ablakkal! Egy vid\u00e1m r\u00f3zsasz\u00edn kanap\u00e9 mell\u00e9 helyezz term\u00e9szetes rattan sz\u00e9keket a text\u00far\u00e1k miatt. N\u00e9h\u00e1ny j\u00f3l elhelyezett n\u00f6v\u00e9ny friss\u00e9 teszi a leveg\u0151t, egy sz\u00f6v\u00f6tt sz\u0151nyeg pedig kiemeli az \u00fcl\u0151r\u00e9szt. Ne zs\u00fafold t\u00fal kieg\u00e9sz\u00edt\u0151kkel; el\u00e9g n\u00e9h\u00e1ny d\u00edsz\u00edt\u0151 t\u00e1rgy.<\/p>\n<h2>Eleg\u00e1ns Modern T\u00e9likert Fekete Kerettel<\/h2>\n<p><img loading=\"lazy\" decoding=\"async\" width=\"700\" height=\"1050\" alt=\"T\u00e9likert nagy, fekete keretes \u00fcvegfalakkal, k\u00e9t st\u00edlusos sz\u00e9kkel \u00e9s t\u00fckr\u00f6s asztallal \u2013 vil\u00e1gos, modern pihen\u0151t\u00e9r.\" class=\"aligncenter size-full wp-image-4397\" src=\"https:\/\/doubletakedecor.com\/uploads\/2025\/08\/cozy-sunroom-ideas-dtd-27.jpg\" srcset=\"https:\/\/doubletakedecor.com\/uploads\/2025\/08\/cozy-sunroom-ideas-dtd-27.jpg 700w, https:\/\/doubletakedecor.com\/uploads\/2025\/08\/cozy-sunroom-ideas-dtd-27-200x300.jpg 200w, https:\/\/doubletakedecor.com\/uploads\/2025\/08\/cozy-sunroom-ideas-dtd-27-683x1024.jpg 683w, https:\/\/doubletakedecor.com\/uploads\/2025\/08\/cozy-sunroom-ideas-dtd-27-96x144.jpg 96w, https:\/\/doubletakedecor.com\/uploads\/2025\/08\/cozy-sunroom-ideas-dtd-27-280x420.jpg 280w, https:\/\/doubletakedecor.com\/uploads\/2025\/08\/cozy-sunroom-ideas-dtd-27-320x480.jpg 320w, https:\/\/doubletakedecor.com\/uploads\/2025\/08\/cozy-sunroom-ideas-dtd-27-360x540.jpg 360w, https:\/\/doubletakedecor.com\/uploads\/2025\/08\/cozy-sunroom-ideas-dtd-27-363x545.jpg 363w, https:\/\/doubletakedecor.com\/uploads\/2025\/08\/cozy-sunroom-ideas-dtd-27-370x555.jpg 370w, https:\/\/doubletakedecor.com\/uploads\/2025\/08\/cozy-sunroom-ideas-dtd-27-400x600.jpg 400w, https:\/\/doubletakedecor.com\/uploads\/2025\/08\/cozy-sunroom-ideas-dtd-27-560x840.jpg 560w, https:\/\/doubletakedecor.com\/uploads\/2025\/08\/cozy-sunroom-ideas-dtd-27-480x720.jpg 480w\" sizes=\"auto, (max-width: 700px) 100vw, 700px\" \/><\/p>\n<p>V\u00e1lassz nagym\u00e9ret\u0171, fekete keretes \u00fcvegfalakat az eleg\u00e1ns t\u00e9likerthez! K\u00e9nyelmes sz\u00e9keket v\u00e1lassz, amik f\u00e1b\u00f3l k\u00e9sz\u00fcltek \u00e9s j\u00f3l mutatnak a t\u00e9rben. Egy t\u00fckr\u00f6s asztalka tov\u00e1bb t\u00fckr\u00f6zi a be\u00e1rad\u00f3 f\u00e9nyt. Egy puha takar\u00f3 \u00e9s a k\u00f6zeli \u00e9tkez\u0151r\u00e9sszel val\u00f3 kapcsolat sokoldal\u00fav\u00e1 \u00e9s hangulatoss\u00e1 teszi a helyet. A s\u00f6t\u00e9t padl\u00f3elemek pedig sz\u00e9p kontrasztot adnak a vil\u00e1gos r\u00e9szletekhez.<\/p>\n<h2>GY.I.K.<\/h2>\n<details class=\"g-accordion \"><summary><h3>Mik a hangulatos t\u00e9likert \u00f6tletek?<\/h3><\/summary>\n<p>Egy hangulatos t\u00e9likert kialak\u00edt\u00e1sa azt jelenti, hogy olyan otthonos teret hozol l\u00e9tre, ahol a term\u00e9szetes f\u00e9ny kapja a f\u0151szerepet. \u00c9rdemes egy k\u00e9nyelmes kanap\u00e9val vagy napoz\u00f3\u00e1ggyal ind\u00edtani, amit puha p\u00e1rn\u00e1kkal tehetsz m\u00e9g pihentet\u0151bb\u00e9. Melegs\u00e9get adhatsz a t\u00e9rnek puha takar\u00f3kkal \u00e9s k\u00fcl\u00f6nb\u00f6z\u0151 text\u00far\u00e1j\u00fa anyagokkal, mik\u00f6zben n\u00e9h\u00e1ny cserepes n\u00f6v\u00e9nnyel a term\u00e9szetet is becsemp\u00e9szheted a szob\u00e1ba. Ha szereted a csendes perceket, alak\u00edts ki egy olvas\u00f3sarkot is, a b\u00fatorok kiv\u00e1laszt\u00e1s\u00e1n\u00e1l pedig gondolj tart\u00f3s anyagokra, p\u00e9ld\u00e1ul a vessz\u0151b\u0151l k\u00e9sz\u00fclt darabokra.<\/p>\n<p>A meleg sz\u00ednek \u00e9s a hangulatos vil\u00e1g\u00edt\u00e1s nyugodt l\u00e9gk\u00f6rt teremtenek, ahol j\u00f3l esik pihenni vagy vend\u00e9geket fogadni. Szem\u00e9lyes t\u00e1rgyakkal, p\u00e9ld\u00e1ul k\u00e9pekkel vagy csal\u00e1di fot\u00f3kkal igaz\u00e1n otthonoss\u00e1 teheted a helyis\u00e9get. Ha szeretn\u00e9d, hogy a t\u00e9likert t\u00f6bbf\u00e9le c\u00e9lt szolg\u00e1ljon, v\u00e1lassz olyan b\u00fatorokat, amelyek t\u00e1rol\u00e1sra is alkalmasak, mint p\u00e9ld\u00e1ul a be\u00e9p\u00edtett \u00fcl\u0151helyek.<\/p>\n<ul>\n<li>A bambusz rol\u00f3k \u00e9s a r\u00e9tegezett f\u00fcgg\u00f6ny\u00f6k kit\u0171n\u0151en szab\u00e1lyozz\u00e1k a be\u00e1raml\u00f3 f\u00e9nyt \u00e9s meg\u0151rzik a priv\u00e1t szf\u00e9r\u00e1dat,<\/li>\n<li>a mennyezeti ventil\u00e1tor seg\u00edt kord\u00e1ban tartani a h\u0151m\u00e9rs\u00e9kletet, \u00edgy eg\u00e9sz \u00e9vben k\u00e9nyelmes lesz a helyis\u00e9g,<\/li>\n<li>a vintage dekor\u00e1ci\u00f3s elemek vagy a modern rusztikus st\u00edlus egyedi hangulatot adnak, ami t\u00fckr\u00f6zi a te st\u00edlusodat,<\/li>\n<li>ha \u00e1talak\u00edtod a t\u00e9likerted, v\u00e1lassz \u00e9l\u00e9nk hangs\u00falyos sz\u00edneket a f\u00f3kuszpontok kialak\u00edt\u00e1s\u00e1hoz, de \u00fcgyelj r\u00e1, hogy ne telezs\u00fafold a teret,<\/li>\n<li>az \u00e1tgondolt elrendez\u00e9s pedig seg\u00edti a k\u00f6nny\u0171 mozg\u00e1st \u00e9s megtartja a nyitott, t\u00e1gas \u00e9rzetet.<\/li>\n<\/ul>\n<p>Legyen sz\u00f3 d\u00e9li hangulatr\u00f3l vagy boh\u00e9m st\u00edlusr\u00f3l, ezek a tippek sokf\u00e9le \u00edzl\u00e9shez passzolnak, \u00e9s seg\u00edtenek, hogy a t\u00e9likerted val\u00f3di kis mened\u00e9k legyen a lak\u00e1son bel\u00fcl \u00e9s k\u00edv\u00fcl is.<\/p>\n<\/details><details class=\"g-accordion \"><summary><h3>Mik a n\u00e9gy\u00e9vszakos szoba el\u0151nyei?<\/h3><\/summary>\n<p>Egy n\u00e9gy\u00e9vszakos szoba igazi kincs a lak\u00e1sban, hiszen rengeteg el\u0151nnyel j\u00e1r. \u00c9lvezheted a term\u00e9szetes f\u00e9nyt, mik\u00f6zben k\u00e9nyelmesen figyelheted az \u00e9vszakok v\u00e1ltakoz\u00e1s\u00e1t \u2013 mindezt an\u00e9lk\u00fcl, hogy ki lenn\u00e9l t\u00e9ve az id\u0151j\u00e1r\u00e1s viszontags\u00e1gainak. Ez azt jelenti, hogy eg\u00e9sz \u00e9vben gy\u00f6ny\u00f6rk\u00f6dhetsz a kil\u00e1t\u00e1sban, m\u00e9g extr\u00e9m h\u0151m\u00e9rs\u00e9kletek eset\u00e9n is.<\/p>\n<p><strong>Ny\u00e1ron a szoba h\u0171s mened\u00e9ket ny\u00fajt a meleg el\u0151l, \u00edgy t\u00f6k\u00e9letes helye lesz a kikapcsol\u00f3d\u00e1snak vagy bar\u00e1ti \u00f6sszej\u00f6veteleknek.<\/strong> T\u00e9len naps\u00fct\u00e9ssel \u00e1rasztja el a teret, ami igaz\u00e1n meghitt\u00e9 \u00e9s k\u00e9nyelmess\u00e9 teszi, p\u00e9ld\u00e1ul olvas\u00e1shoz vagy pihen\u00e9shez. Sokoldal\u00fas\u00e1ga miatt val\u00f3ban nagy \u00f6r\u00f6m haszn\u00e1lni eg\u00e9sz \u00e9vben.<\/p>\n<ul>\n<li>A helyis\u00e9g sokf\u00e9le funkci\u00f3ja miatt v\u00e1ltozatosan hasznos\u00edthat\u00f3: lehet pihen\u0151szoba,<\/li>\n<li>\u00e9tkez\u0151,<\/li>\n<li>vagy ak\u00e1r otthoni dolgoz\u00f3szoba is.<\/li>\n<\/ul>\n<p>Az olyan megold\u00e1sok, mint az <strong>szigetelt \u00fcveg<\/strong> \u00e9s a <strong>mennyezeti ventil\u00e1tor<\/strong> n\u00f6velik az energiatakar\u00e9koss\u00e1got \u00e9s a k\u00e9nyelmet. Ha strapab\u00edr\u00f3, id\u0151j\u00e1r\u00e1s-\u00e1ll\u00f3 n\u00f6v\u00e9nyeket vagy tart\u00f3s d\u00edszt\u00e1rgyakat is teszel bele, eg\u00e9sz \u00e9vben h\u00edvogat\u00f3 marad a t\u00e9r.<\/p>\n<p><strong>\u00d6sszefoglalva: ezek a szob\u00e1k olyan belt\u00e9ri-k\u00fclt\u00e9ri \u00e9lm\u00e9nyt ny\u00fajtanak, ami nemcsak kellemesebb\u00e9 teszi az otthoni id\u0151t\u00f6lt\u00e9st, hanem az ingatlan \u00e9rt\u00e9k\u00e9t is n\u00f6veli.<\/strong><\/p>\n<\/details><details class=\"g-accordion \"><summary><h3>Mik a legjobb anyagok t\u00e9likert tervez\u00e9s\u00e9hez?<\/h3><\/summary>\n<p>Ahhoz, hogy a t\u00e9likerted sok\u00e1ig sz\u00e9p \u00e9s k\u00e9nyelmes maradjon, fontos j\u00f3l megv\u00e1lasztani az anyagokat. Az <strong>szigetelt \u00fcveg<\/strong> rengeteget sz\u00e1m\u00edt, hiszen rengeteg term\u00e9szetes f\u00e9nyt enged be, k\u00f6zben m\u00e9gis energiatakar\u00e9kos. A <strong>vessz\u0151b\u0151l vagy rattanb\u00f3l k\u00e9sz\u00fclt b\u00fatorok<\/strong> meleg, term\u00e9szetes hangulatot teremtenek, \u00edgy k\u00f6nnyen \u00f6sszek\u00f6theted a kert \u00e9s a szoba hangulat\u00e1t.<\/p>\n<p>Az <strong>id\u0151j\u00e1r\u00e1s\u00e1ll\u00f3 sz\u00f6vetek<\/strong> haszn\u00e1lata a p\u00e1rn\u00e1kon vagy takar\u00f3kon \u00fagy n\u00f6veli a k\u00e9nyelmet, hogy k\u00f6zben tart\u00f3sak is maradnak, \u00edgy a t\u00e9likert sok\u00e1ig meg\u0151rzi b\u00e1j\u00e1t. A fa egy kis meghitts\u00e9get \u00e9s rusztikus \u00e9rz\u00e9st ad, amit\u0151l m\u00e9g bar\u00e1ts\u00e1gosabb lesz a t\u00e9r.<\/p>\n<ul>\n<li>Szigetelt \u00fcveg az energiatakar\u00e9koss\u00e1g\u00e9rt,<\/li>\n<li>vessz\u0151 vagy rattan a kellemes hangulat\u00e9rt,<\/li>\n<li>id\u0151j\u00e1r\u00e1s\u00e1ll\u00f3 anyag a tart\u00f3ss\u00e1g\u00e9rt,<\/li>\n<li>fa a melegs\u00e9g\u00e9rt \u00e9s a rusztikus st\u00edlus\u00e9rt.<\/li>\n<\/ul>\n<p>Ezekkel a tudatosan v\u00e1lasztott anyagokkal a t\u00e9likert eg\u00e9sz \u00e9vben haszn\u00e1lhat\u00f3 lesz, igazi meghitt pihen\u0151hely, ahonnan csod\u00e1s a kil\u00e1t\u00e1s is. Ha egyszerre t\u00f6rekszel a st\u00edlusra \u00e9s a praktikuss\u00e1gra, olyan t\u00e9likertet var\u00e1zsolhatsz, ahol mindig sz\u00edvesen t\u00f6lt\u00f6d majd az id\u0151t.<\/p>\n<\/details><details class=\"g-accordion \"><summary><h3>Hogyan lehet t\u00e9likertet eg\u00e9sz \u00e9vben haszn\u00e1lhat\u00f3v\u00e1 tenni?<\/h3><\/summary>\n<p>Ha szeretn\u00e9d, hogy a t\u00e9likerted t\u00e9len-ny\u00e1ron k\u00e9nyelmes legyen, \u00e9rdemes j\u00f3l \u00e1tgondolni, hogyan alak\u00edtod ki. <strong>Kezdd a szigetelt ablakokkal<\/strong>; ezek seg\u00edtenek megtartani a kellemes h\u0151m\u00e9rs\u00e9kletet, r\u00e1ad\u00e1sul energiatakar\u00e9kosak. Ny\u00e1ron a <strong>mennyezeti ventil\u00e1tor<\/strong> elengedhetetlen, hiszen biztos\u00edtja a j\u00f3 leveg\u0151kering\u00e9st, \u00edgy nem lesz t\u00fal meleg.<\/p>\n<p>T\u00e9len gondolj padl\u00f3f\u0171t\u00e9sre vagy egy j\u00f3 hordozhat\u00f3 f\u0171t\u0151testre, hogy a t\u00e9likert tov\u00e1bbra is meghitt \u00e9s meleg maradjon. K\u00e9nyelmes \u00fcl\u0151alkalmatoss\u00e1g mindenk\u00e9ppen sz\u00fcks\u00e9ges, p\u00e9ld\u00e1ul egy puha kanap\u00e9 vagy sarokgarnit\u00fara, ahol az eg\u00e9sz csal\u00e1d k\u00e9nyelmesen elf\u00e9r. Ha szab\u00e1lyozni kell a f\u00e9nyt \u00e9s az \u00e1tl\u00e1that\u00f3s\u00e1got, <strong>\u00e1ll\u00edthat\u00f3 rol\u00f3k<\/strong> vagy bambusz \u00e1rny\u00e9kol\u00f3k is j\u00f3 v\u00e1laszt\u00e1sok. Egy kis asztal szuper lehet a nassolnival\u00f3k \u00e9s italok sz\u00e1m\u00e1ra.<\/p>\n<ul>\n<li>V\u00e1lassz olyan alapanyagokat, amelyek j\u00f3l b\u00edrj\u00e1k az \u00e9vszakok v\u00e1ltoz\u00e1sait,<\/li>\n<li>a vessz\u0151b\u00fator tart\u00f3s, r\u00e1ad\u00e1sul term\u00e9szetes megjelen\u00e9st ad,<\/li>\n<li>dobj be n\u00e9h\u00e1ny puha takar\u00f3t, k\u00fcl\u00f6nleges sz\u00f6v\u00e9s\u0171 anyagot a m\u00e9g meghittebb hangulathoz,<\/li>\n<li>n\u00e9h\u00e1ny szoban\u00f6v\u00e9nnyel pedig nemcsak szebb\u00e9, de frissebb\u00e9 is var\u00e1zsolhatod a leveg\u0151t.<\/li>\n<\/ul>\n<p>Az elrendez\u00e9st \u00fagy tervezd meg, hogy k\u00e9nyelmesen ki lehessen haszn\u00e1lni a tereket, \u00e9s min\u00e9l t\u00f6bb term\u00e9szetes f\u00e9ny jusson be \u2013 p\u00e9ld\u00e1ul nagy \u00fcvegfel\u00fcletekkel vagy tet\u0151ablakkal. Ezekre figyelve <strong>b\u00e1rmelyik \u00e9vszakban sokoldal\u00faan haszn\u00e1lhat\u00f3, bar\u00e1ts\u00e1gos t\u00e9likertet alak\u00edthatsz ki, ahol mindig sz\u00edvesen pihensz vagy vend\u00e9geket fogadsz.<\/strong><\/p>\n<\/details><details class=\"g-accordion \"><summary><h3>Mik a j\u00f3 t\u00e9likert elrendez\u00e9si megold\u00e1sok?<\/h3><\/summary>\n<p>A j\u00f3 t\u00e9likert elrendez\u00e9s titka az, hogy a t\u00e9r minden n\u00e9gyzetm\u00e9ter\u00e9t okosan kihaszn\u00e1ld, mik\u00f6zben k\u00e9nyelmes marad a helyis\u00e9g. \u00c9rdemes \u00fagy elhelyezni a b\u00fatorokat, hogy k\u00f6nnyen besz\u00e9lgethess vagy pihenhess vel\u00fck, \u00edgy kellemes lesz a hangulat is. P\u00e9ld\u00e1ul a be\u00e9p\u00edtett \u00fcl\u0151hely vagy egy ablakp\u00e1rk\u00e1nyos pad helytakar\u00e9kos, \u00e9s k\u00e9nyelmes kuck\u00f3t ad an\u00e9lk\u00fcl, hogy zs\u00fafoltt\u00e1 tenn\u00e9 a teret. Egy t\u00e1rol\u00f3s doh\u00e1nyz\u00f3asztal t\u00f6bbf\u00e9le c\u00e9lra is haszn\u00e1lhat\u00f3, \u00edgy a helyis\u00e9g alkalmas lesz t\u00f6bbf\u00e9le tev\u00e9kenys\u00e9ghez.<\/p>\n<ul>\n<li>Gondosan helyezd el a berendez\u00e9st, hogy mindenhol k\u00f6nnyen lehessen mozogni,<\/li>\n<li>haszn\u00e1ld ki a term\u00e9szetes f\u00e9nyt, \u00edgy t\u00e1gasabb, h\u00edvogat\u00f3bb lesz a t\u00e9r,<\/li>\n<li>tervezd a teret \u00fagy, hogy sz\u00fcks\u00e9g eset\u00e9n k\u00f6nnyen \u00e1talak\u00edthat\u00f3 legyen,<\/li>\n<li>az olvas\u00f3sarokb\u00f3l ak\u00e1r \u00e9tkez\u0151sarkot is csin\u00e1lhatsz,<\/li>\n<li>k\u00e9nyelmes kanap\u00e9k vagy napoz\u00f3\u00e1gyak is j\u00f3l illeszkednek a v\u00e1lasztott st\u00edlushoz.<\/li>\n<\/ul>\n<p>N\u00e9h\u00e1ny szoban\u00f6v\u00e9nnyel vagy dekorat\u00edv sz\u0151nyeggel m\u00e9g bar\u00e1ts\u00e1gosabb \u00e9s szebb lesz a hely, mik\u00f6zben megmarad a praktikuss\u00e1ga.<\/p>\n<p><strong>\u00d6sszess\u00e9g\u00e9ben, ha j\u00f3l \u00e1tgondolod az elrendez\u00e9st, olyan t\u00e9likertet alak\u00edthatsz ki, ami egyszerre praktikus \u00e9s st\u00edlusos, t\u00f6k\u00e9letes helye lehet a pihen\u00e9snek, a t\u00e1rsas\u00e1gi \u00e9letnek vagy a panor\u00e1ma \u00e9lvezet\u00e9nek az \u00e9v b\u00e1rmely szak\u00e1ban.<\/strong><\/p>\n<\/details><details class=\"g-accordion \"><summary><h3>Hogyan lehet a legt\u00f6bbet kihozni a t\u00e9likert term\u00e9szetes f\u00e9ny\u00e9b\u0151l?<\/h3><\/summary>\n<p>Ha szeretn\u00e9d, hogy a t\u00e9likerted igaz\u00e1n f\u00e9ny\u00e1rban \u00fasszon, olyan elrendez\u00e9st v\u00e1lassz, amely kiemeli a vil\u00e1goss\u00e1got \u00e9s bar\u00e1ts\u00e1goss\u00e1 teszi a teret. Nagy ablakok vagy \u00fcvegajt\u00f3k be\u00e9p\u00edt\u00e9s\u00e9vel b\u0151ven \u00e1ramlik be a napf\u00e9ny. A vil\u00e1gos falak, t\u00fckr\u00f6k vagy f\u00e9nyes fel\u00fcletek tov\u00e1bb fokozz\u00e1k ezt a hat\u00e1st.<\/p>\n<ul>\n<li>A neh\u00e9z, s\u00f6t\u00e9t f\u00fcgg\u00f6ny\u00f6k helyett ink\u00e1bb l\u00e9gies, \u00e1ttetsz\u0151 f\u00fcgg\u00f6nyt vagy \u00e1ll\u00edthat\u00f3 rol\u00f3t haszn\u00e1lj,<\/li>\n<li>ezek megadj\u00e1k a sz\u00fcks\u00e9ges priv\u00e1t szf\u00e9r\u00e1t, de nem veszik el a term\u00e9szetes vil\u00e1goss\u00e1got,<\/li>\n<li>ha t\u00fckr\u00f6ket helyezel el az ablakokkal szemben, a f\u00e9ny m\u00e9lyebbre jut a szob\u00e1ba, ami m\u00e9g vil\u00e1gosabb\u00e1 teszi azt.<\/li>\n<\/ul>\n<p><strong>A tet\u0151ablakok k\u00fcl\u00f6n\u00f6sen j\u00f3k arra, hogy a napf\u00e9nyt fel\u00fclr\u0151l hozz\u00e1k be \u2013 \u00edgy a szob\u00e1d nemcsak vil\u00e1gosabb, de igaz\u00e1n k\u00fcl\u00f6nleges is lesz.<\/strong> Ezekkel a megold\u00e1sokkal nemcsak f\u00e9nyesebb \u00e9s t\u00e1gasabb lesz a t\u00e9likerted, hanem szinte eggy\u00e9 olvad a kinti vil\u00e1ggal is.<\/p>\n<\/details> <details class=\"g-accordion \"><summary><h3>Melyek a legjobb dekor\u00e1ci\u00f3s elemek egy t\u00e9likertben?<\/h3><\/summary>  <\/p>\n<p>Egy t\u00e9likert hangulat\u00e1t \u00e9s haszn\u00e1lhat\u00f3s\u00e1g\u00e1t a megfelel\u0151 dekor\u00e1ci\u00f3s elemekkel teheted igaz\u00e1n var\u00e1zslatoss\u00e1. Kezdd k\u00e9nyelmes b\u00fatorokkal, p\u00e9ld\u00e1ul egy puha kanap\u00e9val vagy napoz\u00f3\u00e1ggyal \u2013 ezek t\u00f6k\u00e9letesek a kikapcsol\u00f3d\u00e1shoz. Puha textilek, mint a takar\u00f3k \u00e9s p\u00e1rn\u00e1k melegs\u00e9get adnak \u00e9s v\u00e1ltozatoss\u00e1got visznek a t\u00e9rbe. Helyezz el szoban\u00f6v\u00e9nyeket is, \u00edgy m\u00e9g ink\u00e1bb term\u00e9szetk\u00f6zeliv\u00e9 v\u00e1lik a szoba, \u00e9s a sok napf\u00e9ny is jobban \u00e9rv\u00e9nyes\u00fcl.<\/p>\n<p>Ha szeretn\u00e9d, hogy a t\u00e9likert k\u00fcl\u00f6nf\u00e9le tev\u00e9kenys\u00e9gekre is alkalmas legyen a nap folyam\u00e1n, v\u00e1lassz \u00e1ll\u00edthat\u00f3 vil\u00e1g\u00edt\u00e1st \u2013 ez lehet \u00e1ltal\u00e1nos vagy c\u00e9lzott f\u00e9ny ak\u00e1r olvas\u00e1shoz is. Az ablakokra \u00e9rdemes olyan \u00e1rny\u00e9kol\u00f3kat, p\u00e9ld\u00e1ul bambusz rol\u00f3kat vagy \u00e1ttetsz\u0151 f\u00fcgg\u00f6ny\u00f6ket v\u00e1lasztani, amelyek szab\u00e1lyozz\u00e1k a f\u00e9nyt, \u00e9s k\u00f6zben sz\u00e9pp\u00e9 is teszik a helyis\u00e9get.<\/p>\n<ul>\n<li>Akassz ki n\u00e9h\u00e1ny k\u00e9pet vagy dekor\u00e1ci\u00f3t, ami t\u00fckr\u00f6zi a saj\u00e1t st\u00edlusod,<\/li>\n<li>k\u00fcl\u00f6nb\u00f6z\u0151 anyagokat \u00e9s sz\u00edneket kombin\u00e1lva izgalmas, m\u00e9gis bar\u00e1ts\u00e1gos teret alak\u00edthatsz ki,<\/li>\n<li>ezek az \u00e1tgondolt apr\u00f3s\u00e1gok egy\u00fctt igaz\u00e1n meghitt, vend\u00e9gv\u00e1r\u00f3 t\u00e9likertet teremtenek, ahol \u00f6r\u00f6m egyed\u00fcl pihenni vagy vend\u00e9geket fogadni.<\/li>\n<\/ul>\n<\/details>\n<details class=\"g-accordion \"><summary><h3>Hogyan haszn\u00e1lj sz\u00edneket \u00e9s text\u00far\u00e1kat a t\u00e9likert dekor\u00e1l\u00e1sakor?<\/h3><\/summary>  <\/p>\n<p>Egy t\u00e9likert akkor lesz igaz\u00e1n bar\u00e1ts\u00e1gos, ha j\u00f3 \u00edzl\u00e9ssel v\u00e1logatod \u00f6ssze a sz\u00edneket \u00e9s az anyagokat. V\u00e1lassz term\u00e9szetk\u00f6zeli \u00e1rnyalatokat, p\u00e9ld\u00e1ul f\u00f6ldbarna, nyugtat\u00f3 z\u00f6ld vagy vil\u00e1gos pasztellsz\u00edneket \u2013 ezek szinte behozz\u00e1k a kinti vil\u00e1got. Ha szeretn\u00e9d, egy-egy \u00e9l\u00e9nkebb sz\u00ednt is bevihetsz, de csak m\u00e9rt\u00e9kkel, hogy ne uralja el a teret.<\/p>\n<ul>\n<li>K\u00fcl\u00f6nb\u00f6z\u0151 anyagokat, fel\u00fcleteket kombin\u00e1lva m\u00e9lys\u00e9get \u00e9s izgalmat vihetsz a dekor\u00e1ci\u00f3ba,<\/li>\n<li>puha p\u00e1rn\u00e1k, fonott sz\u0151nyegek \u00e9s sima fa b\u00fatorok mind hozz\u00e1j\u00e1rulnak a meghitt, nyugodt hangulathoz,<\/li>\n<li>n\u00e9h\u00e1ny mer\u00e9sz sz\u00edn\u0171 d\u00edsz vagy kieg\u00e9sz\u00edt\u0151 pedig pont oda vonzza a figyelmet, ahov\u00e1 szeretn\u00e9d, mik\u00f6zben a szoba egys\u00e9ges st\u00edlusban marad.<\/li>\n<\/ul>\n<p><strong>Ezzel a m\u00f3dszerrel v\u00e1ltozatoss\u00e1 teszed a tereket, de a t\u00e9likert m\u00e9gis harmonikus \u00e9s szem\u00e9lyes hangulatot kap.<\/strong><\/p>\n<\/details>\n<details class=\"g-accordion \"><summary><h3>Milyen b\u00fatorok illenek legjobban egy hangulatos t\u00e9likertbe?<\/h3><\/summary>  <\/p>\n<p>Ha t\u00e9likertbe v\u00e1lasztasz b\u00fatorokat, a k\u00e9nyelem \u00e9s a praktikum legyen a legfontosabb. V\u00e1lassz <strong>puha kanap\u00e9kat<\/strong> vagy <strong>nagy, k\u00e9nyelmes foteleket<\/strong>, amikbe j\u00f3 be\u00fclni. <strong>A napoz\u00f3\u00e1gy is j\u00f3 v\u00e1laszt\u00e1s pihen\u00e9shez \u00e9s szuny\u00f3k\u00e1l\u00e1shoz.<\/strong> Egy doh\u00e1nyz\u00f3asztal k\u00f6zponti elem lehet, ide teheted az innival\u00f3kat vagy a nassolnival\u00f3t is.<\/p>\n<p>Tegy\u00e9l mell\u00e9j\u00fck kisebb asztalk\u00e1kat, amikre k\u00f6nyvet, d\u00edszt\u00e1rgyat pakolhatsz. A t\u00e1rol\u00e1shoz j\u00f6het n\u00e9h\u00e1ny kos\u00e1r vagy polc \u2013 ezek elnyelik a t\u00e1rsasj\u00e1t\u00e9kokat, pokr\u00f3cokat, \u00edgy a rend is megmarad. A b\u00fatorokat \u00fagy rendezd el, hogy kihaszn\u00e1ld a kil\u00e1t\u00e1st \u00e9s k\u00f6nnyen besz\u00e9lgethessetek, \u00edgy a t\u00e9likert szeretett, k\u00f6z\u00f6s helyis\u00e9gg\u00e9 v\u00e1lik.<\/p>\n<p>V\u00e1lassz <strong>strapab\u00edr\u00f3 anyagokat<\/strong>, mint p\u00e9ld\u00e1ul a rattan vagy fonott b\u00fatorok. Ezek id\u0151t\u00e1ll\u00f3k \u00e9s j\u00f3l illenek a term\u00e9szetes, kerti hangulathoz. Ha ezekre figyelsz, garant\u00e1ltan olyan helyet hozol l\u00e9tre, ahol j\u00f3lesik \u00fcld\u00f6g\u00e9lni, \u00e9lvezni a napf\u00e9nyt \u00e9s a sz\u00e9p l\u00e1tv\u00e1nyt.<\/p>\n<\/details>\n<details class=\"g-accordion \"><summary><h3>Melyek a legjobb ablak-\u00e1rny\u00e9kol\u00e1si \u00f6tletek t\u00e9likertbe?<\/h3><\/summary>  <\/p>\n<p>T\u00e9likerthez olyan \u00e1rny\u00e9kol\u00e1s kell, ami egyens\u00falyt teremt a f\u00e9ny, a priv\u00e1t szf\u00e9ra \u00e9s a st\u00edlus k\u00f6z\u00f6tt.<\/p>\n<ul>\n<li>Az \u00e1ttetsz\u0151 f\u00fcgg\u00f6ny\u00f6k nagyon n\u00e9pszer\u0171ek, mert beengedik a term\u00e9szetes f\u00e9nyt, mik\u00f6zben valamennyi takar\u00e1st adnak,<\/li>\n<li>Az \u00e1ll\u00edthat\u00f3 relux\u00e1k az\u00e9rt j\u00f3k, mert b\u00e1rmikor igaz\u00edthatod \u0151ket a nap \u00e1ll\u00e1s\u00e1hoz,<\/li>\n<li>A r\u00f3mai rol\u00f3k vagy hagyom\u00e1nyos s\u00f6t\u00e9t\u00edt\u0151k is remek v\u00e1laszt\u00e1sok; j\u00f3l kezelik a napf\u00e9nyt \u00e9s mutat\u00f3sak is,<\/li>\n<li>Ha vil\u00e1gos sz\u00f6veteket v\u00e1lasztasz, azok l\u00e9giesebb, t\u00e1gasabb \u00e9rz\u00e9st adnak,<\/li>\n<li>K\u00fclt\u00e9ri anyagb\u00f3l k\u00e9sz\u00fclt \u00e1rny\u00e9kol\u00f3k pedig jobban b\u00edrj\u00e1k a sok napf\u00e9nyt \u00e9s a h\u0151m\u00e9rs\u00e9klet-ingadoz\u00e1st.<\/li>\n<\/ul>\n<p><strong>Ez\u00e9rt nemcsak praktikusak az ilyen \u00e1rny\u00e9kol\u00f3k, hanem eg\u00e9sz \u00e9vben emelik a t\u00e9likert hangulat\u00e1t \u2013 igazi pihen\u0151 kuck\u00f3t var\u00e1zsolnak bel\u0151le.<\/strong><\/p>\n<\/details>\n<details class=\"g-accordion \"><summary><h3>Hogyan teremthetsz pihentet\u0151 hangulatot a t\u00e9likertben?<\/h3><\/summary>  <\/p>\n<p>Ha azt szeretn\u00e9d, hogy pihentet\u0151 legyen a t\u00e9likert, \u00e9rdemes k\u00e9nyelmes b\u00fatorokkal \u00e9s megnyugtat\u00f3 r\u00e9szletekkel d\u00edsz\u00edteni. V\u00e1lassz puha kanap\u00e9kat vagy h\u00edvogat\u00f3 napoz\u00f3\u00e1gyat, ezek elcsendesed\u00e9sre cs\u00e1b\u00edtanak. A f\u00e9ny is sokat sz\u00e1m\u00edt \u2013 hangulatos l\u00e1mp\u00e1k vagy f\u00e9nyf\u00fcz\u00e9rek seg\u00edtenek ellazulni.<\/p>\n<p>A dekor\u00e1ci\u00f3nak is fontos szerepe van: term\u00e9szetes sz\u00ednek \u00e9s anyagok m\u00e9g nyugodtabb\u00e1 teszik a szob\u00e1t. Szoban\u00f6v\u00e9nyeket is \u00e9rdemes bevinni; ezek nemcsak friss leveg\u0151t biztos\u00edtanak, hanem meghitt k\u00f6rnyezetet teremtenek. Egy puha takar\u00f3 vagy p\u00e1rna pedig m\u00e9g k\u00e9nyelmesebb\u00e9 teszi a helyet.<\/p>\n<p>L\u00e1gy h\u00e1tt\u00e9rzajr\u00f3l se feledkezz meg \u2013 lehet egy halk zene, vagy egy apr\u00f3 sz\u00f6k\u0151k\u00fat csobog\u00e1sa. <strong>Ha \u00edgy d\u00edsz\u00edted, a t\u00e9likert igazi o\u00e1zis lesz, ahov\u00e1 \u00f6r\u00f6m visszah\u00faz\u00f3dni \u00e9s elfelejteni a h\u00e9tk\u00f6znapi fesz\u00fclts\u00e9get.<\/strong><\/p>\n<\/details>\n<details class=\"g-accordion \"><summary><h3>Hogyan tehetsz szoban\u00f6v\u00e9nyeket a t\u00e9likertbe?<\/h3><\/summary>  <\/p>\n<p>Szoban\u00f6v\u00e9nyekkel m\u00e9g \u00e9lettelibb \u00e9s term\u00e9szetesebb hangulatot vihetsz a t\u00e9likertbe. V\u00e1lassz olyan n\u00f6v\u00e9nyeket, amelyek szeretik a sok f\u00e9nyt, p\u00e9ld\u00e1ul <strong>pozsg\u00e1sokat<\/strong>, <strong>p\u00e1fr\u00e1nyokat<\/strong> vagy <strong>vir\u00e1gz\u00f3 n\u00f6v\u00e9nyeket<\/strong>. \u00dcltesd \u0151ket mutat\u00f3s kasp\u00f3kba, amik illenek a saj\u00e1t st\u00edlusodhoz, \u00e9s helyezd el a n\u00f6v\u00e9nyeket k\u00fcl\u00f6nb\u00f6z\u0151 magass\u00e1gokba \u2013 \u00edgy izgalmasabb lesz az \u00f6sszhat\u00e1s. A f\u00fcgg\u0151 n\u00f6v\u00e9nyekkel a f\u00fcgg\u0151leges teret is kihaszn\u00e1lhatod. <strong>Ha rendszeresen gondozod \u0151ket, a t\u00e9likert mindig friss \u00e9s \u00fcde marad.<\/strong><\/p>\n<\/details>\n<details class=\"g-accordion \"><summary><h3>Hogyan alak\u00edthatsz ki olvas\u00f3sarkot egy t\u00e9likertben?<\/h3><\/summary>  <\/p>\n<p>\u00cdgy var\u00e1zsolhatsz olvas\u00f3kuck\u00f3t a t\u00e9likertedbe:<\/p>\n<ul>\n<li>tegy\u00e9l le egy k\u00e9nyelmes fotelt vagy napoz\u00f3\u00e1gyat az ablak k\u00f6zel\u00e9be, hogy j\u00f3l \u00e9rv\u00e9nyes\u00fclj\u00f6n a term\u00e9szetes f\u00e9ny,<\/li>\n<li>egy kis oldalasztal j\u00f3l j\u00f6n a k\u00f6nyveknek \u00e9s egy l\u00e1mp\u00e1nak, hogy este is k\u00e9nyelmesen olvass,<\/li>\n<li>polcokat vagy k\u00f6nyves szekr\u00e9nyt is elhelyezhetsz, hogy mindig k\u00e9zn\u00e9l legyenek a kedvenc olvasm\u00e1nyaid,<\/li>\n<li>puha takar\u00f3kat \u00e9s p\u00e1rn\u00e1kat is tegy\u00e9l oda, hogy m\u00e9g meghittebb legyen a sarok.<\/li>\n<\/ul>\n<p><strong>Ezekkel az \u00f6tletekkel nemcsak t\u00f6k\u00e9letes olvas\u00f3helyet alak\u00edtasz ki, hanem m\u00e9g otthonosabb\u00e1 is teszed a t\u00e9likert hangulat\u00e1t.<\/strong><\/p>\n<\/details>\n<details class=\"g-accordion \"><summary><h3>Milyen vil\u00e1g\u00edt\u00e1si megold\u00e1sok ide\u00e1lisak egy hangulatos t\u00e9likerthez?<\/h3><\/summary>  <\/p>\n<p>Egy igaz\u00e1n bar\u00e1ts\u00e1gos t\u00e9likerthez a vil\u00e1g\u00edt\u00e1s kiv\u00e1laszt\u00e1sa is fontos. <strong>\u00c1ltal\u00e1nos f\u00e9nyforr\u00e1sokkal<\/strong> \u2013 p\u00e9ld\u00e1ul mennyezeti l\u00e1mp\u00e1kkal vagy csill\u00e1rokkal \u2013 biztos\u00edthatod az eg\u00e9sz szoba f\u00e9ny\u00e9t. Ugyanakkor a <strong>helyi vil\u00e1g\u00edt\u00e1s<\/strong> \u2013 asztali vagy \u00e1ll\u00f3l\u00e1mp\u00e1k \u2013 ide\u00e1lis, ha olvasni vagy dolgozni szeretn\u00e9l, hiszen pontosan oda ad f\u00e9nyt, ahol erre sz\u00fcks\u00e9g van.<\/p>\n<p>Este <strong>f\u00e9nyf\u00fcz\u00e9rekkel vagy hangulatvil\u00e1g\u00edt\u00e1ssal<\/strong> teheted k\u00fcl\u00f6nlegess\u00e9 a teret, ezek melegebb\u00e9 \u00e9s meghittebb\u00e9 var\u00e1zsolj\u00e1k a szob\u00e1t. <strong>F\u00e9nyszab\u00e1lyz\u00f3s kapcsol\u00f3k<\/strong> is j\u00f3l j\u00f6hetnek, \u00edgy mindig az alkalomhoz \u00e9s hangulathoz igaz\u00edthatod a f\u00e9nyt. Ha ezeket \u00f6tv\u00f6z\u00f6d, eg\u00e9sz \u00e9vben kellemes, otthonos lesz a t\u00e9likerted.<\/p>\n<\/details>\n<details class=\"g-accordion \"><summary><h3>Hogyan vihetsz szezon\u00e1lis dekor\u00e1ci\u00f3t a t\u00e9likertbe?<\/h3><\/summary>  <\/p>\n<p>Egy t\u00e9likert d\u00edsz\u00edt\u00e9se \u00e9vszakonk\u00e9nt egyszer\u0171en feldobja a helyis\u00e9get \u00e9s mindig \u00faj hangulatot ad neki. Kezd a textilek cser\u00e9j\u00e9vel: v\u00e1lassz k\u00fcl\u00f6nf\u00e9le sz\u00edn\u0171 \u00e9s mint\u00e1j\u00fa p\u00e1rn\u00e1kat, takar\u00f3kat minden szezonra:<\/p>\n<ul>\n<li>tavasszal \u00e9s ny\u00e1ron j\u00f6hetnek a vid\u00e1m, vir\u00e1gos mint\u00e1k,<\/li>\n<li>\u0151szre \u00e9s t\u00e9lre pedig a melegebb sz\u00ednek \u00e9s vastagabb anyagok illenek.<\/li>\n<\/ul>\n<p><strong>Szezon\u00e1lis n\u00f6v\u00e9nyek vagy v\u00e1gott vir\u00e1gok<\/strong> is friss lend\u00fcletet adnak a szob\u00e1nak, \u00e9s kellemes illattal t\u00f6lthetik meg. Dekor\u00e1ci\u00f3k\u00e9nt haszn\u00e1lj koszor\u00fakat, vagy v\u00e1lts \u00e9vszakot id\u00e9z\u0151 k\u00e9peket, d\u00edszeket. Egy-egy \u00faj asztali dekor vagy illatos gyertya is hozz\u00e1tesz a hangulathoz.<\/p>\n<p>Ezekkel az apr\u00f3 v\u00e1ltoztat\u00e1sokkal a t\u00e9likerted <strong>mindig aktu\u00e1lis \u00e9s otthonos marad<\/strong> \u2013 \u00e9s ehhez nem is kell nagy \u00e1talak\u00edt\u00e1s.<\/p>\n<\/details>\n<details class=\"g-accordion \"><summary><h3>Hogyan dekor\u00e1lj egy kis m\u00e9ret\u0171 t\u00e9likertet?<\/h3><\/summary>  <\/p>\n<p>Egy kisebb t\u00e9likert berendez\u00e9se okos d\u00f6nt\u00e9seket ig\u00e9nyel, hogy t\u00e1gasnak \u00e9s h\u00edvogat\u00f3nak hasson.<\/p>\n<ul>\n<li>V\u00e1lassz t\u00f6bbre haszn\u00e1lhat\u00f3 b\u00fatorokat, p\u00e9ld\u00e1ul olyan padot, amelyben t\u00e1rol\u00f3hely is van, vagy kis asztalt, amit ak\u00e1r dolgoz\u00f3sark\u00e9nt is haszn\u00e1lhatsz,<\/li>\n<li>a vil\u00e1gos sz\u00ednekkel a falakon \u00e9s a b\u00fatorokon t\u00f6bb f\u00e9nyt, nagyobb teret \u00e9rzel,<\/li>\n<li>a t\u00fckr\u00f6k pedig megsokszorozz\u00e1k a f\u00e9nyt \u00e9s nyitottabb\u00e1 teszik a helyis\u00e9get.<\/li>\n<\/ul>\n<p>Tartsd egyszer\u0171en a dekor\u00e1ci\u00f3t, csak annyi b\u00fatort v\u00e1lassz, amennyi t\u00e9nyleg sz\u00fcks\u00e9ges, \u00edgy nem lesz zs\u00fafolts\u00e1g. A <strong>f\u00fcgg\u0151leges t\u00e1rol\u00e1s<\/strong> \u2013 p\u00e9ld\u00e1ul polcok \u2013 j\u00f3l j\u00f6n, ha kev\u00e9s a hely. <strong>\u00c1ttetsz\u0151 f\u00fcgg\u00f6ny\u00f6k<\/strong> biztos\u00edtj\u00e1k a mag\u00e1n\u00e9letet, mik\u00f6zben beengedik a napf\u00e9nyt \u00e9s meghagyj\u00e1k a szoba l\u00e9gies \u00e9rz\u00e9s\u00e9t.<\/p>\n<p>Puh\u00e1bb takar\u00f3kkal, textur\u00e1lt anyagokkal melegebb\u00e9 teheted a szob\u00e1t an\u00e9lk\u00fcl, hogy t\u00fal sok helyet foglaln\u00e1l. N\u00e9h\u00e1ny szoban\u00f6v\u00e9ny feldobja a teret \u00e9s \u00f6sszehozza a bels\u0151 vil\u00e1got a kintivel. Ezekre figyelve a legkisebb t\u00e9likertb\u0151l is hangulatos, bar\u00e1ts\u00e1gos zugot teremthetsz, ahol j\u00f3 megpihenni vagy vend\u00e9geket fogadni.<\/p>\n<\/details>\n","protected":false},"excerpt":{"rendered":"<p>Ha szeretn\u00e9d, hogy a napf\u00e9nyes szob\u00e1d igaz\u00e1n otthonos mened\u00e9khely legyen, \u00e9rdemes a term\u00e9szetes f\u00e9nyt kihaszn\u00e1lva minden \u00e9vszakban k\u00e9nyelmes hangulatot teremteni. Puha d\u00edszp\u00e1rn\u00e1kkal feldobott k\u00e9nyelmes \u00fcl\u0151alkalmatoss\u00e1gok \u00e9s j\u00f3l elhelyezett szoban\u00f6v\u00e9nyek igazi o\u00e1zist var\u00e1zsolnak bel\u0151le, ahol a belt\u00e9ri k\u00e9nyelem t\u00f6k\u00e9letesen tal\u00e1lkozik a k\u00fclt\u00e9ri panor\u00e1m\u00e1val. A j\u00f3 napf\u00e9nyes szoba egyszerre praktikus \u00e9s szem\u00e9lyes: szigetelt ablakok, id\u0151j\u00e1r\u00e1s\u00e1ll\u00f3 anyagok, \u00e9s olyan dekor\u00e1ci\u00f3, ami a saj\u00e1t&hellip;<\/p>\n","protected":false},"author":12,"featured_media":4406,"comment_status":"closed","ping_status":"closed","sticky":false,"template":"","format":"standard","meta":{"rank_math_focus_keyword":"hangulatos t\u00e9likert \u00f6tletek","rank_math_title":"Hangulatos t\u00e9likert \u00f6tletek: Alak\u00edtsd \u00e1t a tered melegs\u00e9ggel \u00e9s k\u00e9nyelemmel","rank_math_description":"Fedezd fel a hangulatos t\u00e9likert \u00f6tleteket, hogy meleg, h\u00edvogat\u00f3 mened\u00e9ket alak\u00edts ki. Jav\u00edtsd t\u00e9likertedet st\u00edlusos dekor\u00e1ci\u00f3val \u00e9s k\u00e9nyelmes b\u00fatorokkal.","footnotes":""},"categories":[128],"tags":[],"class_list":["post-5415","post","type-post","status-publish","format-standard","has-post-thumbnail","hentry","category-dekoracios-otletek"],"g_custom_schema_json":"<script type=\"application\/ld+json\">\n{\n  \"@context\": \"https:\/\/schema.org\",\n  \"@type\": \"FAQPage\",\n  \"mainEntity\": [\n    {\n      \"@type\": \"Question\",\n      \"name\": \"Mik a hangulatos t\u00e9likert \u00f6tletek?\",\n      \"acceptedAnswer\": {\n        \"@type\": \"Answer\",\n        \"text\": \"Egy hangulatos t\u00e9likert kialak\u00edt\u00e1sa azt jelenti, hogy olyan otthonos teret hozol l\u00e9tre, ahol a term\u00e9szetes f\u00e9ny kapja a f\u0151szerepet. \u00c9rdemes egy k\u00e9nyelmes kanap\u00e9val vagy napoz\u00f3\u00e1ggyal ind\u00edtani, amit puha p\u00e1rn\u00e1kkal tehetsz m\u00e9g pihentet\u0151bb\u00e9. Melegs\u00e9get adhatsz a t\u00e9rnek puha takar\u00f3kkal \u00e9s k\u00fcl\u00f6nb\u00f6z\u0151 text\u00far\u00e1j\u00fa anyagokkal.\"\n      }\n    },\n    {\n      \"@type\": \"Question\",\n      \"name\": \"Mik a n\u00e9gy\u00e9vszakos szoba el\u0151nyei?\",\n      \"acceptedAnswer\": {\n        \"@type\": \"Answer\",\n        \"text\": \"Egy n\u00e9gy\u00e9vszakos szoba igazi kincs a lak\u00e1sban, hiszen rengeteg el\u0151nnyel j\u00e1r. \u00c9lvezheted a term\u00e9szetes f\u00e9nyt, mik\u00f6zben k\u00e9nyelmesen figyelheted az \u00e9vszakok v\u00e1ltakoz\u00e1s\u00e1t \u2013 mindezt an\u00e9lk\u00fcl, hogy ki lenn\u00e9l t\u00e9ve az id\u0151j\u00e1r\u00e1s viszontags\u00e1gainak. Ez azt jelenti, hogy eg\u00e9sz \u00e9vben gy\u00f6ny\u00f6rk\u00f6dhetsz a kil\u00e1t\u00e1sban.\"\n      }\n    },\n    {\n      \"@type\": \"Question\",\n      \"name\": \"Mik a legjobb anyagok t\u00e9likert tervez\u00e9s\u00e9hez?\",\n      \"acceptedAnswer\": {\n        \"@type\": \"Answer\",\n        \"text\": \"Ahhoz, hogy a t\u00e9likerted sok\u00e1ig sz\u00e9p \u00e9s k\u00e9nyelmes maradjon, fontos j\u00f3l megv\u00e1lasztani az anyagokat. Az szigetelt \u00fcveg rengeteget sz\u00e1m\u00edt, hiszen rengeteg term\u00e9szetes f\u00e9nyt enged be, k\u00f6zben m\u00e9gis energiatakar\u00e9kos. A vessz\u0151b\u0151l vagy rattanb\u00f3l k\u00e9sz\u00fclt b\u00fatorok meleg, term\u00e9szetes hangulatot teremtenek.\"\n      }\n    },\n    {\n      \"@type\": \"Question\",\n      \"name\": \"Hogyan lehet t\u00e9likertet eg\u00e9sz \u00e9vben haszn\u00e1lhat\u00f3v\u00e1 tenni?\",\n      \"acceptedAnswer\": {\n        \"@type\": \"Answer\",\n        \"text\": \"Ha szeretn\u00e9d, hogy a t\u00e9likerted t\u00e9len-ny\u00e1ron k\u00e9nyelmes legyen, \u00e9rdemes j\u00f3l \u00e1tgondolni, hogyan alak\u00edtod ki. Kezdd a szigetelt ablakokkal; ezek seg\u00edtenek megtartani a kellemes h\u0151m\u00e9rs\u00e9kletet, r\u00e1ad\u00e1sul energiatakar\u00e9kosak. Ny\u00e1ron a mennyezeti ventil\u00e1tor elengedhetetlen, hiszen biztos\u00edtja a j\u00f3 leveg\u0151kering\u00e9st.\"\n      }\n    },\n    {\n      \"@type\": \"Question\",\n      \"name\": \"Mik a j\u00f3 t\u00e9likert elrendez\u00e9si megold\u00e1sok?\",\n      \"acceptedAnswer\": {\n        \"@type\": \"Answer\",\n        \"text\": \"A j\u00f3 t\u00e9likert elrendez\u00e9s titka az, hogy a t\u00e9r minden n\u00e9gyzetm\u00e9ter\u00e9t okosan kihaszn\u00e1ld, mik\u00f6zben k\u00e9nyelmes marad a helyis\u00e9g. \u00c9rdemes \u00fagy elhelyezni a b\u00fatorokat, hogy k\u00f6nnyen besz\u00e9lgethess vagy pihenhess vel\u00fck, \u00edgy kellemes lesz a hangulat is. P\u00e9ld\u00e1ul a be\u00e9p\u00edtett \u00fcl\u0151hely vagy egy ablakp\u00e1rk\u00e1nyos pad helytakar\u00e9kos.\"\n      }\n    },\n    {\n      \"@type\": \"Question\",\n      \"name\": \"Hogyan lehet a legt\u00f6bbet kihozni a t\u00e9likert term\u00e9szetes f\u00e9ny\u00e9b\u0151l?\",\n      \"acceptedAnswer\": {\n        \"@type\": \"Answer\",\n        \"text\": \"Ha szeretn\u00e9d, hogy a t\u00e9likerted igaz\u00e1n f\u00e9ny\u00e1rban \u00fasszon, olyan elrendez\u00e9st v\u00e1lassz, amely kiemeli a vil\u00e1goss\u00e1got \u00e9s bar\u00e1ts\u00e1goss\u00e1 teszi a teret. Nagy ablakok vagy \u00fcvegajt\u00f3k be\u00e9p\u00edt\u00e9s\u00e9vel b\u0151ven \u00e1ramlik be a napf\u00e9ny. A vil\u00e1gos falak, t\u00fckr\u00f6k vagy f\u00e9nyes fel\u00fcletek tov\u00e1bb fokozz\u00e1k ezt a hat\u00e1st.\"\n      }\n    },\n    {\n      \"@type\": \"Question\",\n      \"name\": \"Melyek a legjobb dekor\u00e1ci\u00f3s elemek egy t\u00e9likertben?\",\n      \"acceptedAnswer\": {\n        \"@type\": \"Answer\",\n        \"text\": \"Egy t\u00e9likert hangulat\u00e1t \u00e9s haszn\u00e1lhat\u00f3s\u00e1g\u00e1t a megfelel\u0151 dekor\u00e1ci\u00f3s elemekkel teheted igaz\u00e1n var\u00e1zslatoss\u00e1. Kezdd k\u00e9nyelmes b\u00fatorokkal, p\u00e9ld\u00e1ul egy puha kanap\u00e9val vagy napoz\u00f3\u00e1ggyal \u2013 ezek t\u00f6k\u00e9letesek a kikapcsol\u00f3d\u00e1shoz. Puha textilek, mint a takar\u00f3k \u00e9s p\u00e1rn\u00e1k melegs\u00e9get adnak \u00e9s v\u00e1ltozatoss\u00e1got visznek a t\u00e9rbe.\"\n      }\n    },\n    {\n      \"@type\": \"Question\",\n      \"name\": \"Hogyan haszn\u00e1lj sz\u00edneket \u00e9s text\u00far\u00e1kat a t\u00e9likert dekor\u00e1l\u00e1sakor?\",\n      \"acceptedAnswer\": {\n        \"@type\": \"Answer\",\n        \"text\": \"Egy t\u00e9likert akkor lesz igaz\u00e1n bar\u00e1ts\u00e1gos, ha j\u00f3 \u00edzl\u00e9ssel v\u00e1logatod \u00f6ssze a sz\u00edneket \u00e9s az anyagokat. V\u00e1lassz term\u00e9szetk\u00f6zeli \u00e1rnyalatokat, p\u00e9ld\u00e1ul f\u00f6ldbarna, nyugtat\u00f3 z\u00f6ld vagy vil\u00e1gos pasztellsz\u00edneket \u2013 ezek szinte behozz\u00e1k a kinti vil\u00e1got. Ha szeretn\u00e9d, egy-egy \u00e9l\u00e9nkebb sz\u00ednt is bevihetsz, de csak m\u00e9rt\u00e9kkel.\"\n      }\n    },\n    {\n      \"@type\": \"Question\",\n      \"name\": \"Milyen b\u00fatorok illenek legjobban egy hangulatos t\u00e9likertbe?\",\n      \"acceptedAnswer\": {\n        \"@type\": \"Answer\",\n        \"text\": \"Ha t\u00e9likertbe v\u00e1lasztasz b\u00fatorokat, a k\u00e9nyelem \u00e9s a praktikum legyen a legfontosabb. V\u00e1lassz puha kanap\u00e9kat vagy nagy, k\u00e9nyelmes foteleket, amikbe j\u00f3 be\u00fclni. A napoz\u00f3\u00e1gy is j\u00f3 v\u00e1laszt\u00e1s pihen\u00e9shez \u00e9s szuny\u00f3k\u00e1l\u00e1shoz.\"\n      }\n    },\n    {\n      \"@type\": \"Question\",\n      \"name\": \"Melyek a legjobb ablak-\u00e1rny\u00e9kol\u00e1si \u00f6tletek t\u00e9likertbe?\",\n      \"acceptedAnswer\": {\n        \"@type\": \"Answer\",\n        \"text\": \"T\u00e9likerthez olyan \u00e1rny\u00e9kol\u00e1s kell, ami egyens\u00falyt teremt a f\u00e9ny, a priv\u00e1t szf\u00e9ra \u00e9s a st\u00edlus k\u00f6z\u00f6tt. Az \u00e1ttetsz\u0151 f\u00fcgg\u00f6ny\u00f6k nagyon n\u00e9pszer\u0171ek, mert beengedik a term\u00e9szetes f\u00e9nyt, mik\u00f6zben valamennyi takar\u00e1st adnak. Az \u00e1ll\u00edthat\u00f3 relux\u00e1k az\u00e9rt j\u00f3k, mert b\u00e1rmikor igaz\u00edthatod \u0151ket a nap \u00e1ll\u00e1s\u00e1hoz.\"\n      }\n    },\n    {\n      \"@type\": \"Question\",\n      \"name\": \"Hogyan teremthetsz pihentet\u0151 hangulatot a t\u00e9likertben?\",\n      \"acceptedAnswer\": {\n        \"@type\": \"Answer\",\n        \"text\": \"Ha azt szeretn\u00e9d, hogy pihentet\u0151 legyen a t\u00e9likert, \u00e9rdemes k\u00e9nyelmes b\u00fatorokkal \u00e9s megnyugtat\u00f3 r\u00e9szletekkel d\u00edsz\u00edteni. V\u00e1lassz puha kanap\u00e9kat vagy h\u00edvogat\u00f3 napoz\u00f3\u00e1gyat, ezek elcsendesed\u00e9sre cs\u00e1b\u00edtanak. A f\u00e9ny is sokat sz\u00e1m\u00edt \u2013 hangulatos l\u00e1mp\u00e1k vagy f\u00e9nyf\u00fcz\u00e9rek seg\u00edtenek ellazulni.\"\n      }\n    },\n    {\n      \"@type\": \"Question\",\n      \"name\": \"Hogyan tehetsz szoban\u00f6v\u00e9nyeket a t\u00e9likertbe?\",\n      \"acceptedAnswer\": {\n        \"@type\": \"Answer\",\n        \"text\": \"Szoban\u00f6v\u00e9nyekkel m\u00e9g \u00e9lettelibb \u00e9s term\u00e9szetesebb hangulatot vihetsz a t\u00e9likertbe. V\u00e1lassz olyan n\u00f6v\u00e9nyeket, amelyek szeretik a sok f\u00e9nyt, p\u00e9ld\u00e1ul pozsg\u00e1sokat, p\u00e1fr\u00e1nyokat vagy vir\u00e1gz\u00f3 n\u00f6v\u00e9nyeket. \u00dcltesd \u0151ket mutat\u00f3s kasp\u00f3kba, amik illenek a saj\u00e1t st\u00edlusodhoz.\"\n      }\n    },\n    {\n      \"@type\": \"Question\",\n      \"name\": \"Hogyan alak\u00edthatsz ki olvas\u00f3sarkot egy t\u00e9likertben?\",\n      \"acceptedAnswer\": {\n        \"@type\": \"Answer\",\n        \"text\": \"\u00cdgy var\u00e1zsolhatsz olvas\u00f3kuck\u00f3t a t\u00e9likertedbe: tegy\u00e9l le egy k\u00e9nyelmes fotelt vagy napoz\u00f3\u00e1gyat az ablak k\u00f6zel\u00e9be, hogy j\u00f3l \u00e9rv\u00e9nyes\u00fclj\u00f6n a term\u00e9szetes f\u00e9ny. Egy kis oldalasztal j\u00f3l j\u00f6n a k\u00f6nyveknek \u00e9s egy l\u00e1mp\u00e1nak, hogy este is k\u00e9nyelmesen olvass. Polcokat vagy k\u00f6nyves szekr\u00e9nyt is elhelyezhetsz.\"\n      }\n    },\n    {\n      \"@type\": \"Question\",\n      \"name\": \"Milyen vil\u00e1g\u00edt\u00e1si megold\u00e1sok ide\u00e1lisak egy hangulatos t\u00e9likerthez?\",\n      \"acceptedAnswer\": {\n        \"@type\": \"Answer\",\n        \"text\": \"Egy igaz\u00e1n bar\u00e1ts\u00e1gos t\u00e9likerthez a vil\u00e1g\u00edt\u00e1s kiv\u00e1laszt\u00e1sa is fontos. \u00c1ltal\u00e1nos f\u00e9nyforr\u00e1sokkal \u2013 p\u00e9ld\u00e1ul mennyezeti l\u00e1mp\u00e1kkal vagy csill\u00e1rokkal \u2013 biztos\u00edthatod az eg\u00e9sz szoba f\u00e9ny\u00e9t. Ugyanakkor a helyi vil\u00e1g\u00edt\u00e1s \u2013 asztali vagy \u00e1ll\u00f3l\u00e1mp\u00e1k \u2013 ide\u00e1lis, ha olvasni vagy dolgozni szeretn\u00e9l.\"\n      }\n    },\n    {\n      \"@type\": \"Question\",\n      \"name\": \"Hogyan vihetsz szezon\u00e1lis dekor\u00e1ci\u00f3t a t\u00e9likertbe?\",\n      \"acceptedAnswer\": {\n        \"@type\": \"Answer\",\n        \"text\": \"Egy t\u00e9likert d\u00edsz\u00edt\u00e9se \u00e9vszakonk\u00e9nt egyszer\u0171en feldobja a helyis\u00e9get \u00e9s mindig \u00faj hangulatot ad neki. Kezd a textilek cser\u00e9j\u00e9vel: v\u00e1lassz k\u00fcl\u00f6nf\u00e9le sz\u00edn\u0171 \u00e9s mint\u00e1j\u00fa p\u00e1rn\u00e1kat, takar\u00f3kat minden szezonra. Tavasszal \u00e9s ny\u00e1ron j\u00f6hetnek a vid\u00e1m, vir\u00e1gos mint\u00e1k.\"\n      }\n    },\n    {\n      \"@type\": \"Question\",\n      \"name\": \"Hogyan dekor\u00e1lj egy kis m\u00e9ret\u0171 t\u00e9likertet?\",\n      \"acceptedAnswer\": {\n        \"@type\": \"Answer\",\n        \"text\": \"Egy kisebb t\u00e9likert berendez\u00e9se okos d\u00f6nt\u00e9seket ig\u00e9nyel, hogy t\u00e1gasnak \u00e9s h\u00edvogat\u00f3nak hasson. V\u00e1lassz t\u00f6bbre haszn\u00e1lhat\u00f3 b\u00fatorokat, p\u00e9ld\u00e1ul olyan padot, amelyben t\u00e1rol\u00f3hely is van, vagy kis asztalt, amit ak\u00e1r dolgoz\u00f3sark\u00e9nt is haszn\u00e1lhatsz. A vil\u00e1gos sz\u00ednekkel a falakon \u00e9s a b\u00fatorokon t\u00f6bb f\u00e9nyt, nagyobb teret \u00e9rzel.\"\n      }\n    }\n  ]\n}\n<\/script>\n<script type=\"application\/ld+json\">\n{\n  \"@context\": \"https:\/\/schema.org\",\n  \"@type\": \"HowTo\",\n  \"name\": \"Hogyan alak\u00edts ki hangulatos t\u00e9likertet?\",\n  \"description\": \"L\u00e9p\u00e9sr\u0151l l\u00e9p\u00e9sre bemutatjuk, hogyan teheted a t\u00e9likerted igaz\u00e1n otthonoss\u00e1 \u00e9s term\u00e9szetk\u00f6zeliv\u00e9.\",\n  \"image\": \"https:\/\/doubletakedecor.com\/uploads\/2025\/08\/cozy-sunroom-ideas-dtd-01.jpg\",\n  \"supply\": [\n    {\n      \"@type\": \"HowToSupply\",\n      \"name\": \"K\u00e9nyelmes \u00fcl\u0151b\u00fator (kanap\u00e9, fotel, pad)\"\n    },\n    {\n      \"@type\": \"HowToSupply\",\n      \"name\": \"Puha d\u00edszp\u00e1rn\u00e1k, takar\u00f3k\"\n    },\n    {\n      \"@type\": \"HowToSupply\",\n      \"name\": \"Szoban\u00f6v\u00e9nyek\"\n    },\n    {\n      \"@type\": \"HowToSupply\",\n      \"name\": \"F\u00fcgg\u00f6ny\u00f6k, \u00e1rny\u00e9kol\u00f3k\"\n    },\n    {\n      \"@type\": \"HowToSupply\",\n      \"name\": \"Hangulatvil\u00e1g\u00edt\u00e1s (l\u00e1mpa, f\u00e9nyf\u00fcz\u00e9r)\"\n    },\n    {\n      \"@type\": \"HowToSupply\",\n      \"name\": \"Term\u00e9szetes anyagokb\u00f3l k\u00e9sz\u00fclt b\u00fatorok\"\n    }\n  ],\n  \"tool\": [\n    {\n      \"@type\": \"HowToTool\",\n      \"name\": \"Kasp\u00f3k, polcok\"\n    },\n    {\n      \"@type\": \"HowToTool\",\n      \"name\": \"T\u00fckr\u00f6k\"\n    }\n  ],\n  \"step\": [\n    {\n      \"@type\": \"HowToStep\",\n      \"name\": \"1. l\u00e9p\u00e9s: V\u00e1laszd ki a legf\u00e9nyesebb helyis\u00e9get\",\n      \"text\": \"Olyan szob\u00e1t v\u00e1lassz, ahol sok term\u00e9szetes f\u00e9ny \u00e9ri a teret. Min\u00e9l nagyobbak az ablakok, ann\u00e1l vil\u00e1gosabb \u00e9s bar\u00e1ts\u00e1gosabb lesz a t\u00e9likerted. Ha lehet, helyezz el \u00fcvegajt\u00f3t vagy tet\u0151ablakot is.\"\n    },\n    {\n      \"@type\": \"HowToStep\",\n      \"name\": \"2. l\u00e9p\u00e9s: Rendezd be k\u00e9nyelmes \u00fcl\u0151helyekkel\",\n      \"text\": \"Tegy\u00e9l a szob\u00e1ba puha kanap\u00e9t, fotelt vagy napoz\u00f3\u00e1gyat. D\u00edszp\u00e1rn\u00e1kkal \u00e9s takar\u00f3kkal m\u00e9g h\u00edvogat\u00f3bb\u00e1 \u00e9s k\u00e9nyelmesebb\u00e9 teheted a helyet. Egy k\u00f6zponti doh\u00e1nyz\u00f3asztal praktikus \u00e9s dekorat\u00edv is lehet.\"\n    },\n    {\n      \"@type\": \"HowToStep\",\n      \"name\": \"3. l\u00e9p\u00e9s: Vigy\u00e9l be min\u00e9l t\u00f6bb z\u00f6ld n\u00f6v\u00e9nyt\",\n      \"image\": \"https:\/\/doubletakedecor.com\/uploads\/2025\/08\/cozy-sunroom-ideas-dtd-02.jpg\",\n      \"text\": \"Szoban\u00f6v\u00e9nyekkel term\u00e9szetesebb\u00e9 \u00e9s frissebb\u00e9 v\u00e1lik a t\u00e9likert. V\u00e1lassz k\u00fcl\u00f6nb\u00f6z\u0151 m\u00e9ret\u0171 \u00e9s level\u0171 n\u00f6v\u00e9nyeket, helyezd \u0151ket kasp\u00f3kba, polcokra vagy f\u00fcggeszd le \u0151ket a mennyezetr\u0151l.\"\n    },\n    {\n      \"@type\": \"HowToStep\",\n      \"name\": \"4. l\u00e9p\u00e9s: Haszn\u00e1lj term\u00e9szetes anyagokat\",\n      \"text\": \"A fonott, rattan vagy fa b\u00fatorok, kieg\u00e9sz\u00edt\u0151k melegs\u00e9get adnak a helyis\u00e9gnek. Ezek az anyagok j\u00f3l b\u00edrj\u00e1k a napf\u00e9nyt \u00e9s id\u0151t\u00e1ll\u00f3k, \u00edgy eg\u00e9sz \u00e9vben kellemes lesz a t\u00e9likert hangulata.\"\n    },\n    {\n      \"@type\": \"HowToStep\",\n      \"name\": \"5. l\u00e9p\u00e9s: Alak\u00edts ki t\u00f6bbfunkci\u00f3s teret\",\n      \"text\": \"B\u00fatorozd be \u00fagy a szob\u00e1t, hogy alkalmas legyen olvas\u00e1sra, \u00e9tkez\u00e9sre vagy vend\u00e9gfogad\u00e1sra is. Egy kis asztal vagy pad t\u00f6bbf\u00e9le c\u00e9lt szolg\u00e1lhat, a t\u00e1rol\u00f3kosarakban pedig elrejtheted a kieg\u00e9sz\u00edt\u0151ket.\"\n    },\n    {\n      \"@type\": \"HowToStep\",\n      \"name\": \"6. l\u00e9p\u00e9s: Gondoskodj a f\u00e9ny szab\u00e1lyoz\u00e1s\u00e1r\u00f3l\",\n      \"text\": \"Haszn\u00e1lj \u00e1ttetsz\u0151 f\u00fcgg\u00f6ny\u00f6ket vagy \u00e1rny\u00e9kol\u00f3kat, hogy szab\u00e1lyozhasd a be\u00e1raml\u00f3 napf\u00e9nyt. Ezzel megtarthatod a priv\u00e1t szf\u00e9r\u00e1t is, mik\u00f6zben nem veszik el a term\u00e9szetes vil\u00e1goss\u00e1g.\"\n    },\n    {\n      \"@type\": \"HowToStep\",\n      \"name\": \"7. l\u00e9p\u00e9s: Dekor\u00e1ld hangulatvil\u00e1g\u00edt\u00e1ssal\",\n      \"image\": \"https:\/\/doubletakedecor.com\/uploads\/2025\/08\/cozy-sunroom-ideas-dtd-03.jpg\",\n      \"text\": \"L\u00e1mp\u00e1kkal, f\u00e9nyf\u00fcz\u00e9rekkel vagy ak\u00e1r gyerty\u00e1kkal teheted m\u00e9g meghittebb\u00e9 a teret. A f\u00e9nyek melegs\u00e9get visznek a helyis\u00e9gbe, este is bar\u00e1ts\u00e1gos marad a t\u00e9likert.\"\n    },\n    {\n      \"@type\": \"HowToStep\",\n      \"name\": \"8. l\u00e9p\u00e9s: J\u00e1tssz a sz\u00ednekkel \u00e9s text\u00far\u00e1kkal\",\n      \"text\": \"F\u00f6ldsz\u00ednek, pasztell \u00e1rnyalatok, term\u00e9szetes textilek \u00e9s k\u00fcl\u00f6nf\u00e9le mint\u00e1k seg\u00edtenek, hogy harmonikus \u00e9s otthonos legyen a t\u00e9r. Dobj be n\u00e9h\u00e1ny tarka d\u00edszp\u00e1rn\u00e1t vagy mint\u00e1s sz\u0151nyeget is.\"\n    },\n    {\n      \"@type\": \"HowToStep\",\n      \"name\": \"9. l\u00e9p\u00e9s: Adj hozz\u00e1 szem\u00e9lyes t\u00e1rgyakat\",\n      \"image\": \"https:\/\/doubletakedecor.com\/uploads\/2025\/08\/cozy-sunroom-ideas-dtd-16.jpg\",\n      \"text\": \"K\u00e9pek, k\u00f6nyvek, csal\u00e1di fot\u00f3k vagy kedvenc d\u00edszt\u00e1rgyaid seg\u00edtenek, hogy a t\u00e9likert val\u00f3ban a saj\u00e1t st\u00edlusodat t\u00fckr\u00f6zze.\"\n    }\n  ]\n}\n<\/script>","_links":{"self":[{"href":"https:\/\/doubletakedecor.com\/hu\/wp-json\/wp\/v2\/posts\/5415","targetHints":{"allow":["GET"]}}],"collection":[{"href":"https:\/\/doubletakedecor.com\/hu\/wp-json\/wp\/v2\/posts"}],"about":[{"href":"https:\/\/doubletakedecor.com\/hu\/wp-json\/wp\/v2\/types\/post"}],"author":[{"embeddable":true,"href":"https:\/\/doubletakedecor.com\/hu\/wp-json\/wp\/v2\/users\/12"}],"replies":[{"embeddable":true,"href":"https:\/\/doubletakedecor.com\/hu\/wp-json\/wp\/v2\/comments?post=5415"}],"version-history":[{"count":1,"href":"https:\/\/doubletakedecor.com\/hu\/wp-json\/wp\/v2\/posts\/5415\/revisions"}],"predecessor-version":[{"id":5416,"href":"https:\/\/doubletakedecor.com\/hu\/wp-json\/wp\/v2\/posts\/5415\/revisions\/5416"}],"wp:featuredmedia":[{"embeddable":true,"href":"https:\/\/doubletakedecor.com\/hu\/wp-json\/wp\/v2\/media\/4406"}],"wp:attachment":[{"href":"https:\/\/doubletakedecor.com\/hu\/wp-json\/wp\/v2\/media?parent=5415"}],"wp:term":[{"taxonomy":"category","embeddable":true,"href":"https:\/\/doubletakedecor.com\/hu\/wp-json\/wp\/v2\/categories?post=5415"},{"taxonomy":"post_tag","embeddable":true,"href":"https:\/\/doubletakedecor.com\/hu\/wp-json\/wp\/v2\/tags?post=5415"}],"curies":[{"name":"wp","href":"https:\/\/api.w.org\/{rel}","templated":true}]}}