{"id":5431,"date":"2025-08-12T20:41:44","date_gmt":"2025-08-12T18:41:44","guid":{"rendered":"https:\/\/doubletakedecor.com\/kert\/elokert-kialakitasi-otletek\/"},"modified":"2025-08-12T21:51:58","modified_gmt":"2025-08-12T19:51:58","slug":"elokert-kialakitasi-otletek","status":"publish","type":"post","link":"https:\/\/doubletakedecor.com\/hu\/kert\/elokert-kialakitasi-otletek\/","title":{"rendered":"Alak\u00edtsd \u00e1t a h\u00e1z k\u00fcls\u0151 megjelen\u00e9s\u00e9t: Inspir\u00e1l\u00f3 \u00f6tletek a bej\u00e1rati kert kialak\u00edt\u00e1s\u00e1hoz"},"content":{"rendered":"<p>Alak\u00edtsd \u00e1t otthonod els\u0151 benyom\u00e1s\u00e1t \u00e1tgondolt el\u0151kert-tervez\u00e9ssel, ami egyszerre sz\u00e9p \u00e9s praktikus. Ha j\u00f3l v\u00e1lasztod meg a n\u00f6v\u00e9nyeket, bar\u00e1ts\u00e1gos bej\u00e1ratot alak\u00edthatsz ki, \u00e9s a kanyarg\u00f3s \u00e1gy\u00e1sok seg\u00edtenek elv\u00e1lasztani a k\u00fcl\u00f6nb\u00f6z\u0151 ter\u00fcleteket. A megfelel\u0151 megold\u00e1s nemcsak mutat\u00f3sabb\u00e1 teszi a h\u00e1zat, de a saj\u00e1t st\u00edlusodat is t\u00fckr\u00f6zheti.<\/p>\n<p>A k\u00f6rnyezetbe ill\u0151 n\u00f6v\u00e9nyek, mint p\u00e9ld\u00e1ul az orosz zs\u00e1lya vagy a r\u00f3zsasz\u00edn spirea, kev\u00e9s gondoz\u00e1st ig\u00e9nyelnek, m\u00e9gis j\u00f3l b\u00edrj\u00e1k az itteni id\u0151j\u00e1r\u00e1st. Ezek mell\u00e9 ha \u00e9vszakhoz igazod\u00f3 vir\u00e1gokat \u00fcltetsz, az eg\u00e9sz \u00e9vben v\u00e1ltozatos k\u00e9pet ad. K\u00fcl\u00f6nb\u00f6z\u0151 anyagok \u2013 p\u00e9ld\u00e1ul folyami k\u00f6vek, talajtakar\u00f3k \u00e9s j\u00f3l elhelyezett kerti l\u00e1mp\u00e1k \u2013 m\u00e9g tov\u00e1bb sz\u00ednes\u00edtik az \u00f6sszk\u00e9pet, r\u00e1ad\u00e1sul megk\u00f6nny\u00edtik a fenntart\u00e1st is.<\/p>\n<p>Legyen sz\u00f3 kisebb k\u00f6lts\u00e9gvet\u00e9sr\u0151l vagy teljes \u00e1talak\u00edt\u00e1sr\u00f3l, \u00e9rdemes olyan praktikus \u00f6tletekre gondolni, mint a sz\u00e1razs\u00e1gt\u0171r\u0151 n\u00f6v\u00e9nyek vagy a napelemes vil\u00e1g\u00edt\u00e1s. Ezek \u00fagy \u00f6tv\u00f6zik a k\u00f6rnyezetbar\u00e1t megold\u00e1sokat a sz\u00e9ps\u00e9ggel, hogy b\u00e1rki sz\u00e1m\u00e1ra el\u00e9rhet\u0151ek. J\u00f3l kiv\u00e1lasztott bokrokkal, f\u00e1kkal \u00e9s vir\u00e1g\u00e1gy\u00e1sokkal \u00e9letedr\u00e9tegezett, izgalmas l\u00e1tv\u00e1nyvil\u00e1g teremthet\u0151, f\u0151leg, ha k\u00fcl\u00f6nb\u00f6z\u0151 magass\u00e1gokat \u00e9s form\u00e1kat haszn\u00e1lsz. Az \u00e1gy\u00e1sszeg\u00e9lyek pedig seg\u00edtenek, hogy minden rendezett maradjon.<\/p>\n<p>Egy \u00edzl\u00e9ses, n\u00f6v\u00e9nyekkel \u00e9s t\u00e9rburkolattal \u00f6sszehangolt el\u0151kert sz\u00edvesen l\u00e1tott r\u00e9sz\u00e9v\u00e9 v\u00e1lik az otthonodnak \u2013 \u00f6r\u00f6m lesz r\u00e1n\u00e9zni, \u00e9s a vend\u00e9gek is mindig le lesznek ny\u0171g\u00f6zve. A titok abban rejlik, hogy megtal\u00e1ld a sz\u00e1modra \u00e9s az itteni k\u00f6rnyezethez legjobban ill\u0151, kreat\u00edv, ugyanakkor praktikus megold\u00e1sokat.<\/p>\n<div class=\"kt_block\" id=\"kt_id\">\n<span class=\"kt_headline\">A legfontosabb tudnival\u00f3k<\/span><\/p>\n<ul class=\"kt_post_list\">\n<li><strong>\ud83c\udf3f Mutat\u00f3s el\u0151kert:<\/strong> K\u00f6rnyezetbe ill\u0151 n\u00f6v\u00e9nyekkel, mint az orosz zs\u00e1lya vagy a r\u00f3zsasz\u00edn spirea, k\u00f6nnyen feldobhatod otthonod megjelen\u00e9s\u00e9t, mik\u00f6zben kev\u00e9s gondoz\u00e1sra lesz sz\u00fcks\u00e9ged.<\/li>\n<li><strong>\ud83e\udea8 Sz\u00ednes \u00e9s v\u00e1ltozatos kert:<\/strong> Folyami k\u00f6vek, talajtakar\u00f3k, \u00e9s kerti l\u00e1mp\u00e1k soksz\u00edn\u0171s\u00e9get \u00e9s m\u00e9lys\u00e9get visznek a kertbe \u2013 egyszerre k\u00f6nny\u00edtik meg a fenntart\u00e1st \u00e9s teszik izgalmass\u00e1 a l\u00e1tv\u00e1nyt.<\/li>\n<li><strong>\ud83d\udca1 Fenntarthat\u00f3 megold\u00e1sok:<\/strong> Sz\u00e1razs\u00e1gt\u0171r\u0151 n\u00f6v\u00e9nyek \u00e9s napelemes vil\u00e1g\u00edt\u00e1s k\u00f6rnyezetbar\u00e1t, m\u00e9gis mutat\u00f3s v\u00e1laszt\u00e1s b\u00e1rmilyen k\u00f6lts\u00e9gvet\u00e9s eset\u00e9n.<\/li>\n<li><strong>\ud83c\udf37 R\u00e9teges \u00e1gy\u00e1sok:<\/strong> K\u00fcl\u00f6nb\u00f6z\u0151 magass\u00e1g\u00fa \u00e9s fajt\u00e1j\u00fa n\u00f6v\u00e9nyekkel eg\u00e9sz \u00e9vben tarka, \u00e9rdekes el\u0151kertet alak\u00edthatsz ki, kev\u00e9s munk\u00e1val.<\/li>\n<\/ul>\n<\/div>\n<h2>Vibr\u00e1l\u00f3, sz\u00ednes vir\u00e1goskert elrendez\u00e9s<\/h2>\n<p><img loading=\"lazy\" decoding=\"async\" width=\"700\" height=\"1050\" alt=\"Sz\u00ednpomp\u00e1s vir\u00e1goskert \u00e9l\u00e9nk s\u00e1rga margar\u00e9t\u00e1kkal, r\u00f3zsasz\u00edn \u00e9s lila vir\u00e1gokkal, narancss\u00e1rga d\u00edsz\u00edt\u00e9sekkel, gondosan elv\u00e1lasztott \u00e1gy\u00e1sokban az el\u0151kert sz\u00e9p\u00edt\u00e9s\u00e9hez\" class=\"aligncenter size-full wp-image-4411\" src=\"https:\/\/doubletakedecor.com\/uploads\/2025\/08\/front-of-home-landscaping-ideas-dtd-01.jpg\" srcset=\"https:\/\/doubletakedecor.com\/uploads\/2025\/08\/front-of-home-landscaping-ideas-dtd-01.jpg 700w, https:\/\/doubletakedecor.com\/uploads\/2025\/08\/front-of-home-landscaping-ideas-dtd-01-200x300.jpg 200w, https:\/\/doubletakedecor.com\/uploads\/2025\/08\/front-of-home-landscaping-ideas-dtd-01-683x1024.jpg 683w, https:\/\/doubletakedecor.com\/uploads\/2025\/08\/front-of-home-landscaping-ideas-dtd-01-96x144.jpg 96w, https:\/\/doubletakedecor.com\/uploads\/2025\/08\/front-of-home-landscaping-ideas-dtd-01-280x420.jpg 280w, https:\/\/doubletakedecor.com\/uploads\/2025\/08\/front-of-home-landscaping-ideas-dtd-01-320x480.jpg 320w, https:\/\/doubletakedecor.com\/uploads\/2025\/08\/front-of-home-landscaping-ideas-dtd-01-360x540.jpg 360w, https:\/\/doubletakedecor.com\/uploads\/2025\/08\/front-of-home-landscaping-ideas-dtd-01-363x545.jpg 363w, https:\/\/doubletakedecor.com\/uploads\/2025\/08\/front-of-home-landscaping-ideas-dtd-01-370x555.jpg 370w, https:\/\/doubletakedecor.com\/uploads\/2025\/08\/front-of-home-landscaping-ideas-dtd-01-400x600.jpg 400w, https:\/\/doubletakedecor.com\/uploads\/2025\/08\/front-of-home-landscaping-ideas-dtd-01-560x840.jpg 560w, https:\/\/doubletakedecor.com\/uploads\/2025\/08\/front-of-home-landscaping-ideas-dtd-01-480x720.jpg 480w\" sizes=\"auto, (max-width: 700px) 100vw, 700px\" \/><\/p>\n<p>Hat\u00e1rozd meg tiszt\u00e1n a vir\u00e1g\u00e1gy\u00e1sokat, \u00e9s v\u00e1lassz \u00f6sszeill\u0151 sz\u00edneket a l\u00e1tv\u00e1nyos \u00f6sszhat\u00e1s\u00e9rt. H\u00e1tulra \u00fcltess magasabb, karcs\u00fa z\u00f6ld n\u00f6v\u00e9nyeket, el\u0151re pedig alacsonyabb vir\u00e1gokat, p\u00e9ld\u00e1ul margar\u00e9t\u00e1kat, hogy v\u00e1ltozatos legyen az \u00e1gy\u00e1s. Kombin\u00e1ld a s\u00e1rga, r\u00f3zsasz\u00edn, lila \u00e9s narancss\u00e1rga vir\u00e1gokat az eg\u00e9sz \u00e9vben \u00e9l\u00e9nk hat\u00e1s\u00e9rt. Figyelj a megfelel\u0151 \u00fcltet\u00e9si t\u00e1vols\u00e1gra, \u00edgy minden n\u00f6v\u00e9ny j\u00f3l fejl\u0151dhet.<\/p>\n<h2>Sz\u00ednes vid\u00e9ki h\u00e1z feh\u00e9r ker\u00edt\u00e9ssel<\/h2>\n<p><img loading=\"lazy\" decoding=\"async\" width=\"700\" height=\"1050\" alt=\"Feh\u00e9r h\u00e1z k\u00e9k zsalug\u00e1terrel \u00e9s piros ajt\u00f3val, \u00e9l\u00e9nk vir\u00e1g\u00e1gy\u00e1sokkal k\u00f6r\u00fclv\u00e9ve, klasszikus feh\u00e9r ker\u00edt\u00e9s \u00f6lel\u00e9s\u00e9ben.\" class=\"aligncenter size-full wp-image-4417\" src=\"https:\/\/doubletakedecor.com\/uploads\/2025\/08\/front-of-home-landscaping-ideas-dtd-02.jpg\" srcset=\"https:\/\/doubletakedecor.com\/uploads\/2025\/08\/front-of-home-landscaping-ideas-dtd-02.jpg 700w, https:\/\/doubletakedecor.com\/uploads\/2025\/08\/front-of-home-landscaping-ideas-dtd-02-200x300.jpg 200w, https:\/\/doubletakedecor.com\/uploads\/2025\/08\/front-of-home-landscaping-ideas-dtd-02-683x1024.jpg 683w, https:\/\/doubletakedecor.com\/uploads\/2025\/08\/front-of-home-landscaping-ideas-dtd-02-96x144.jpg 96w, https:\/\/doubletakedecor.com\/uploads\/2025\/08\/front-of-home-landscaping-ideas-dtd-02-280x420.jpg 280w, https:\/\/doubletakedecor.com\/uploads\/2025\/08\/front-of-home-landscaping-ideas-dtd-02-320x480.jpg 320w, https:\/\/doubletakedecor.com\/uploads\/2025\/08\/front-of-home-landscaping-ideas-dtd-02-360x540.jpg 360w, https:\/\/doubletakedecor.com\/uploads\/2025\/08\/front-of-home-landscaping-ideas-dtd-02-363x545.jpg 363w, https:\/\/doubletakedecor.com\/uploads\/2025\/08\/front-of-home-landscaping-ideas-dtd-02-370x555.jpg 370w, https:\/\/doubletakedecor.com\/uploads\/2025\/08\/front-of-home-landscaping-ideas-dtd-02-400x600.jpg 400w, https:\/\/doubletakedecor.com\/uploads\/2025\/08\/front-of-home-landscaping-ideas-dtd-02-560x840.jpg 560w, https:\/\/doubletakedecor.com\/uploads\/2025\/08\/front-of-home-landscaping-ideas-dtd-02-480x720.jpg 480w\" sizes=\"auto, (max-width: 700px) 100vw, 700px\" \/><\/p>\n<p>L\u00e9gy figyelemfelkelt\u0151: harmoniz\u00e1ld a h\u00e1z k\u00fcls\u0151 sz\u00edneit! Ak\u00e1r feh\u00e9r falat, ak\u00e1r \u00e9l\u00e9nk k\u00e9k spalett\u00e1kat vagy mer\u00e9sz piros ajt\u00f3t v\u00e1lasztasz, ezek egy\u00fctt kiemelik otthonodat. \u00dcltess olyan sz\u00ednes vir\u00e1gokat, amelyek illenek ehhez az \u00f6sszk\u00e9phez, \u00e9s tartsd rendezett form\u00e1ban a kertet egy klasszikus feh\u00e9r ker\u00edt\u00e9s m\u00f6g\u00f6tt \u2013 ezzel id\u0151tlen, bar\u00e1ts\u00e1gos hangulatot teremtesz.<\/p>\n<h2>Sz\u00fcrke homlokzat bar\u00e1ts\u00e1gos \u00f6sv\u00e9nnyel<\/h2>\n<p><img loading=\"lazy\" decoding=\"async\" width=\"700\" height=\"1050\" alt=\"Eleg\u00e1ns sz\u00fcrke h\u00e1z r\u00f3zsasz\u00edn zsalug\u00e1terrel, t\u00e9glaburkolat\u00fa s\u00e9t\u00e1nnyal, kerek bokrokkal \u00e9s sz\u00ednes vir\u00e1g\u00e1gy\u00e1ssal szeg\u00e9lyezve\" class=\"aligncenter size-full wp-image-4423\" src=\"https:\/\/doubletakedecor.com\/uploads\/2025\/08\/front-of-home-landscaping-ideas-dtd-03.jpg\" srcset=\"https:\/\/doubletakedecor.com\/uploads\/2025\/08\/front-of-home-landscaping-ideas-dtd-03.jpg 700w, https:\/\/doubletakedecor.com\/uploads\/2025\/08\/front-of-home-landscaping-ideas-dtd-03-200x300.jpg 200w, https:\/\/doubletakedecor.com\/uploads\/2025\/08\/front-of-home-landscaping-ideas-dtd-03-683x1024.jpg 683w, https:\/\/doubletakedecor.com\/uploads\/2025\/08\/front-of-home-landscaping-ideas-dtd-03-96x144.jpg 96w, https:\/\/doubletakedecor.com\/uploads\/2025\/08\/front-of-home-landscaping-ideas-dtd-03-280x420.jpg 280w, https:\/\/doubletakedecor.com\/uploads\/2025\/08\/front-of-home-landscaping-ideas-dtd-03-320x480.jpg 320w, https:\/\/doubletakedecor.com\/uploads\/2025\/08\/front-of-home-landscaping-ideas-dtd-03-360x540.jpg 360w, https:\/\/doubletakedecor.com\/uploads\/2025\/08\/front-of-home-landscaping-ideas-dtd-03-363x545.jpg 363w, https:\/\/doubletakedecor.com\/uploads\/2025\/08\/front-of-home-landscaping-ideas-dtd-03-370x555.jpg 370w, https:\/\/doubletakedecor.com\/uploads\/2025\/08\/front-of-home-landscaping-ideas-dtd-03-400x600.jpg 400w, https:\/\/doubletakedecor.com\/uploads\/2025\/08\/front-of-home-landscaping-ideas-dtd-03-560x840.jpg 560w, https:\/\/doubletakedecor.com\/uploads\/2025\/08\/front-of-home-landscaping-ideas-dtd-03-480x720.jpg 480w\" sizes=\"auto, (max-width: 700px) 100vw, 700px\" \/><\/p>\n<p>Dobj fel egy m\u00e9lysz\u00fcrke homlokzatot halv\u00e1ny r\u00f3zsasz\u00edn spalett\u00e1kkal \u2013 \u00edgy modern, m\u00e9gis bar\u00e1ts\u00e1gos hangulatot teremthetsz. Alak\u00edts ki t\u00e9gl\u00e1b\u00f3l rakott kerti utat, amit mindk\u00e9t oldalon sz\u00e9pen form\u00e1lt kerek bokrokkal \u00e9s \u00e9vszakhoz ill\u0151 vir\u00e1gokkal szeg\u00e9lyezel. \u00dcgyelj a tiszta elv\u00e1laszt\u00e1sra a burkolat \u00e9s az \u00e1gy\u00e1sok k\u00f6z\u00f6tt, hogy a kert rendezett, profi hat\u00e1st keltsen.<\/p>\n<h2>Emelked\u0151 kerti l\u00e9pcs\u0151 sz\u00ednes \u00e1gy\u00e1sokkal<\/h2>\n<p><img loading=\"lazy\" decoding=\"async\" width=\"700\" height=\"1049\" alt=\"Hangulatos h\u00e1z betonl\u00e9pcs\u0151vel, melyet s\u00e1rga, feh\u00e9r, piros vir\u00e1g\u00e1gy\u00e1sok k\u00eds\u00e9rnek, bar\u00e1ts\u00e1gos bej\u00e1ratot teremtve\" class=\"aligncenter size-full wp-image-4429\" src=\"https:\/\/doubletakedecor.com\/uploads\/2025\/08\/front-of-home-landscaping-ideas-dtd-04.jpg\" srcset=\"https:\/\/doubletakedecor.com\/uploads\/2025\/08\/front-of-home-landscaping-ideas-dtd-04.jpg 700w, https:\/\/doubletakedecor.com\/uploads\/2025\/08\/front-of-home-landscaping-ideas-dtd-04-200x300.jpg 200w, https:\/\/doubletakedecor.com\/uploads\/2025\/08\/front-of-home-landscaping-ideas-dtd-04-683x1024.jpg 683w, https:\/\/doubletakedecor.com\/uploads\/2025\/08\/front-of-home-landscaping-ideas-dtd-04-96x144.jpg 96w, https:\/\/doubletakedecor.com\/uploads\/2025\/08\/front-of-home-landscaping-ideas-dtd-04-280x420.jpg 280w, https:\/\/doubletakedecor.com\/uploads\/2025\/08\/front-of-home-landscaping-ideas-dtd-04-320x480.jpg 320w, https:\/\/doubletakedecor.com\/uploads\/2025\/08\/front-of-home-landscaping-ideas-dtd-04-360x539.jpg 360w, https:\/\/doubletakedecor.com\/uploads\/2025\/08\/front-of-home-landscaping-ideas-dtd-04-363x544.jpg 363w, https:\/\/doubletakedecor.com\/uploads\/2025\/08\/front-of-home-landscaping-ideas-dtd-04-370x554.jpg 370w, https:\/\/doubletakedecor.com\/uploads\/2025\/08\/front-of-home-landscaping-ideas-dtd-04-400x599.jpg 400w, https:\/\/doubletakedecor.com\/uploads\/2025\/08\/front-of-home-landscaping-ideas-dtd-04-560x839.jpg 560w, https:\/\/doubletakedecor.com\/uploads\/2025\/08\/front-of-home-landscaping-ideas-dtd-04-480x719.jpg 480w\" sizes=\"auto, (max-width: 700px) 100vw, 700px\" \/><\/p>\n<p>Egym\u00e1s mellett elhelyezett, sz\u00ednes vir\u00e1g\u00e1gy\u00e1sokkal keretezd k\u00f6rbe a l\u00e9pcs\u0151 melletti betonutat. V\u00e1lassz olyan n\u00f6v\u00e9nyeket, amelyek k\u00fcl\u00f6nb\u00f6z\u0151 id\u0151szakban ny\u00edlnak, \u00edgy hosszabb ideig lesz sz\u00ednes az \u00f6sszk\u00e9p. S\u00e1rga, feh\u00e9r, piros sz\u00ednek j\u00f3l mutatnak egy\u00fctt, h\u00e1tt\u00e9rk\u00e9nt keverd hozz\u00e1juk k\u00fcl\u00f6nb\u00f6z\u0151 z\u00f6ldeket is. Ez a kialak\u00edt\u00e1s term\u00e9szetes m\u00f3don vezeti a vend\u00e9geket a bej\u00e1ratodhoz, \u00e9s k\u00f6zben hangs\u00falyos l\u00e1tv\u00e1nyt ad.<\/p>\n<h2>Kanyarg\u00f3 kerti \u00f6sv\u00e9ny<\/h2>\n<p><img loading=\"lazy\" decoding=\"async\" width=\"700\" height=\"1049\" alt=\"Gondosan kialak\u00edtott kert kanyarg\u00f3 sz\u00fcrke k\u00f6ves \u00f6sv\u00e9nnyel, kaviccsal, \u00e9l\u00e9nks\u00e1rga vir\u00e1gokkal mulcsozott \u00e1gy\u00e1sokban, \u00e9les szeg\u00e9lyez\u00e9ssel.\" class=\"aligncenter size-full wp-image-4435\" src=\"https:\/\/doubletakedecor.com\/uploads\/2025\/08\/front-of-home-landscaping-ideas-dtd-05.jpg\" srcset=\"https:\/\/doubletakedecor.com\/uploads\/2025\/08\/front-of-home-landscaping-ideas-dtd-05.jpg 700w, https:\/\/doubletakedecor.com\/uploads\/2025\/08\/front-of-home-landscaping-ideas-dtd-05-200x300.jpg 200w, https:\/\/doubletakedecor.com\/uploads\/2025\/08\/front-of-home-landscaping-ideas-dtd-05-683x1024.jpg 683w, https:\/\/doubletakedecor.com\/uploads\/2025\/08\/front-of-home-landscaping-ideas-dtd-05-96x144.jpg 96w, https:\/\/doubletakedecor.com\/uploads\/2025\/08\/front-of-home-landscaping-ideas-dtd-05-280x420.jpg 280w, https:\/\/doubletakedecor.com\/uploads\/2025\/08\/front-of-home-landscaping-ideas-dtd-05-320x480.jpg 320w, https:\/\/doubletakedecor.com\/uploads\/2025\/08\/front-of-home-landscaping-ideas-dtd-05-360x539.jpg 360w, https:\/\/doubletakedecor.com\/uploads\/2025\/08\/front-of-home-landscaping-ideas-dtd-05-363x544.jpg 363w, https:\/\/doubletakedecor.com\/uploads\/2025\/08\/front-of-home-landscaping-ideas-dtd-05-370x554.jpg 370w, https:\/\/doubletakedecor.com\/uploads\/2025\/08\/front-of-home-landscaping-ideas-dtd-05-400x599.jpg 400w, https:\/\/doubletakedecor.com\/uploads\/2025\/08\/front-of-home-landscaping-ideas-dtd-05-560x839.jpg 560w, https:\/\/doubletakedecor.com\/uploads\/2025\/08\/front-of-home-landscaping-ideas-dtd-05-480x719.jpg 480w\" sizes=\"auto, (max-width: 700px) 100vw, 700px\" \/><\/p>\n<p>Kombin\u00e1ld a sz\u00fcrke j\u00e1rdak\u00f6veket term\u00e9szetes kaviccsal a l\u00e1tv\u00e1nyosabb, r\u00e9teges \u00f6sszhat\u00e1s\u00e9rt. Foglalj le egy\u00e9rtelm\u0171 ter\u00fcletet fekete szeg\u00e9llyel, \u00e9s t\u00f6ltsd ki j\u00f3 min\u0151s\u00e9g\u0171 mulccsal az \u00e1gy\u00e1sokat. Vess k\u00f6z\u00e9j\u00fck \u00e9l\u00e9nk s\u00e1rga vir\u00e1gokat, hogy j\u00f3l \u00e9rv\u00e9nyes\u00fcljenek a z\u00f6ld leveleken. Kisebb dekor\u00e1ci\u00f3kat, p\u00e9ld\u00e1ul kerti t\u00e1bl\u00e1kat is tehetsz ki karakterk\u00e9nt. Fontos a sz\u00e9pen ny\u00edrt p\u00e1zsit, \u00edgy lesz igaz\u00e1n rendezett az el\u0151kert.<\/p>\n<h2>Eleg\u00e1ns, pavilonos kert<\/h2>\n<p><img loading=\"lazy\" decoding=\"async\" width=\"700\" height=\"1049\" alt=\"\u00c1polt gyep, sz\u00ednes vir\u00e1g\u00e1gy\u00e1sok \u00e9s bokrok \u00f6lelik k\u00f6rbe a feh\u00e9r fa pavilont \u2013 t\u00f6k\u00e9letes l\u00e1tv\u00e1nyelem az el\u0151kerthez.\" class=\"aligncenter size-full wp-image-4441\" src=\"https:\/\/doubletakedecor.com\/uploads\/2025\/08\/front-of-home-landscaping-ideas-dtd-06.jpg\" srcset=\"https:\/\/doubletakedecor.com\/uploads\/2025\/08\/front-of-home-landscaping-ideas-dtd-06.jpg 700w, https:\/\/doubletakedecor.com\/uploads\/2025\/08\/front-of-home-landscaping-ideas-dtd-06-200x300.jpg 200w, https:\/\/doubletakedecor.com\/uploads\/2025\/08\/front-of-home-landscaping-ideas-dtd-06-683x1024.jpg 683w, https:\/\/doubletakedecor.com\/uploads\/2025\/08\/front-of-home-landscaping-ideas-dtd-06-96x144.jpg 96w, https:\/\/doubletakedecor.com\/uploads\/2025\/08\/front-of-home-landscaping-ideas-dtd-06-280x420.jpg 280w, https:\/\/doubletakedecor.com\/uploads\/2025\/08\/front-of-home-landscaping-ideas-dtd-06-320x480.jpg 320w, https:\/\/doubletakedecor.com\/uploads\/2025\/08\/front-of-home-landscaping-ideas-dtd-06-360x539.jpg 360w, https:\/\/doubletakedecor.com\/uploads\/2025\/08\/front-of-home-landscaping-ideas-dtd-06-363x544.jpg 363w, https:\/\/doubletakedecor.com\/uploads\/2025\/08\/front-of-home-landscaping-ideas-dtd-06-370x554.jpg 370w, https:\/\/doubletakedecor.com\/uploads\/2025\/08\/front-of-home-landscaping-ideas-dtd-06-400x599.jpg 400w, https:\/\/doubletakedecor.com\/uploads\/2025\/08\/front-of-home-landscaping-ideas-dtd-06-560x839.jpg 560w, https:\/\/doubletakedecor.com\/uploads\/2025\/08\/front-of-home-landscaping-ideas-dtd-06-480x719.jpg 480w\" sizes=\"auto, (max-width: 700px) 100vw, 700px\" \/><\/p>\n<p>Legyen az el\u0151kerted f\u0151 \u00e9ke egy feh\u00e9r fapavilon. K\u00f6r\u00e9 \u00fcltess kerekded bokrokat, ami kiemeli a form\u00e1t, \u00e9s v\u00e1lassz hozz\u00e1 felt\u0171n\u0151 sz\u00edn\u0171 vir\u00e1gokat \u2013 p\u00e9ld\u00e1ul k\u00e9ket, pirosat vagy r\u00f3zsasz\u00ednt \u2013 az \u00f6sszhat\u00e1s er\u0151s\u00edt\u00e9s\u00e9hez. Az \u00e1polt, s\u0171r\u0171 gyep \u00e9s a d\u00fas vir\u00e1g\u00e1gy\u00e1sok eleg\u00e1nss\u00e1, de m\u00e9gis bar\u00e1ts\u00e1goss\u00e1 var\u00e1zsolj\u00e1k a kertet, amely \u00edgy pihen\u00e9sre, kikapcsol\u00f3d\u00e1sra is h\u00edvogat\u00f3 lesz.<\/p>\n<h2>L\u00e9pcs\u0151zetesen kiemelt bej\u00e1rati vir\u00e1g\u00e1gy\u00e1s<\/h2>\n<p><img loading=\"lazy\" decoding=\"async\" width=\"700\" height=\"1050\" alt=\"Gondosan rendben tartott t\u00e9rk\u0151 s\u00e9t\u00e1ny vezet a verand\u00e1ra, amit sz\u00ednes vir\u00e1g\u00e1gy\u00e1sok \u00e9s \u00e1polt s\u00f6v\u00e9nyek fognak k\u00f6zre, megh\u00edv\u00f3 bej\u00e1ratot teremtve.\" class=\"aligncenter size-full wp-image-4447\" src=\"https:\/\/doubletakedecor.com\/uploads\/2025\/08\/front-of-home-landscaping-ideas-dtd-07.jpg\" srcset=\"https:\/\/doubletakedecor.com\/uploads\/2025\/08\/front-of-home-landscaping-ideas-dtd-07.jpg 700w, https:\/\/doubletakedecor.com\/uploads\/2025\/08\/front-of-home-landscaping-ideas-dtd-07-200x300.jpg 200w, https:\/\/doubletakedecor.com\/uploads\/2025\/08\/front-of-home-landscaping-ideas-dtd-07-683x1024.jpg 683w, https:\/\/doubletakedecor.com\/uploads\/2025\/08\/front-of-home-landscaping-ideas-dtd-07-96x144.jpg 96w, https:\/\/doubletakedecor.com\/uploads\/2025\/08\/front-of-home-landscaping-ideas-dtd-07-280x420.jpg 280w, https:\/\/doubletakedecor.com\/uploads\/2025\/08\/front-of-home-landscaping-ideas-dtd-07-320x480.jpg 320w, https:\/\/doubletakedecor.com\/uploads\/2025\/08\/front-of-home-landscaping-ideas-dtd-07-360x540.jpg 360w, https:\/\/doubletakedecor.com\/uploads\/2025\/08\/front-of-home-landscaping-ideas-dtd-07-363x545.jpg 363w, https:\/\/doubletakedecor.com\/uploads\/2025\/08\/front-of-home-landscaping-ideas-dtd-07-370x555.jpg 370w, https:\/\/doubletakedecor.com\/uploads\/2025\/08\/front-of-home-landscaping-ideas-dtd-07-400x600.jpg 400w, https:\/\/doubletakedecor.com\/uploads\/2025\/08\/front-of-home-landscaping-ideas-dtd-07-560x840.jpg 560w, https:\/\/doubletakedecor.com\/uploads\/2025\/08\/front-of-home-landscaping-ideas-dtd-07-480x720.jpg 480w\" sizes=\"auto, (max-width: 700px) 100vw, 700px\" \/><\/p>\n<p>Bar\u00e1ts\u00e1gos el\u0151kertet teremthetsz, ha a s\u00e9t\u00e1nyt k\u00f6r\u00fclvev\u0151 vir\u00e1g\u00e1gy\u00e1sokat l\u00e9pcs\u0151zetes elrendez\u00e9sben alak\u00edtod ki: h\u00e1tt\u00e9rbe magasabb bokrokat, k\u00f6z\u00e9pre k\u00f6zepes \u00e9vel\u0151ket, el\u0151re sz\u00ednes, alacsony egyny\u00e1riakat \u00fcltess. A burkolathoz textur\u00e1lt t\u00e9rk\u00f6vet v\u00e1lassz, \u00e9s helyezz cserepes n\u00f6v\u00e9nyeket a veranda k\u00f6zel\u00e9be, hogy k\u00f6nnyen, \u00e9vszakonk\u00e9nt v\u00e1ltoz\u00f3 sz\u00ednekkel feldobhasd a hangulatot.<\/p>\n<h2>Kanyarg\u00f3 kavicsos kerti \u00f6sv\u00e9ny<\/h2>\n<p><img loading=\"lazy\" decoding=\"async\" width=\"700\" height=\"1050\" alt=\"Kavics- \u00e9s k\u0151burkolat\u00fa \u00f6sv\u00e9ny kanyarog d\u00fas, sz\u00ednes vir\u00e1g\u00e1gy\u00e1sok k\u00f6z\u00f6tt (lila, s\u00e1rga, piros vir\u00e1gok), nyugodt kerti hangulatot teremtve.\" class=\"aligncenter size-full wp-image-4453\" src=\"https:\/\/doubletakedecor.com\/uploads\/2025\/08\/front-of-home-landscaping-ideas-dtd-08.jpg\" srcset=\"https:\/\/doubletakedecor.com\/uploads\/2025\/08\/front-of-home-landscaping-ideas-dtd-08.jpg 700w, https:\/\/doubletakedecor.com\/uploads\/2025\/08\/front-of-home-landscaping-ideas-dtd-08-200x300.jpg 200w, https:\/\/doubletakedecor.com\/uploads\/2025\/08\/front-of-home-landscaping-ideas-dtd-08-683x1024.jpg 683w, https:\/\/doubletakedecor.com\/uploads\/2025\/08\/front-of-home-landscaping-ideas-dtd-08-96x144.jpg 96w, https:\/\/doubletakedecor.com\/uploads\/2025\/08\/front-of-home-landscaping-ideas-dtd-08-280x420.jpg 280w, https:\/\/doubletakedecor.com\/uploads\/2025\/08\/front-of-home-landscaping-ideas-dtd-08-320x480.jpg 320w, https:\/\/doubletakedecor.com\/uploads\/2025\/08\/front-of-home-landscaping-ideas-dtd-08-360x540.jpg 360w, https:\/\/doubletakedecor.com\/uploads\/2025\/08\/front-of-home-landscaping-ideas-dtd-08-363x545.jpg 363w, https:\/\/doubletakedecor.com\/uploads\/2025\/08\/front-of-home-landscaping-ideas-dtd-08-370x555.jpg 370w, https:\/\/doubletakedecor.com\/uploads\/2025\/08\/front-of-home-landscaping-ideas-dtd-08-400x600.jpg 400w, https:\/\/doubletakedecor.com\/uploads\/2025\/08\/front-of-home-landscaping-ideas-dtd-08-560x840.jpg 560w, https:\/\/doubletakedecor.com\/uploads\/2025\/08\/front-of-home-landscaping-ideas-dtd-08-480x720.jpg 480w\" sizes=\"auto, (max-width: 700px) 100vw, 700px\" \/><\/p>\n<p>Alak\u00edts ki kanyarg\u00f3 kavicsos utat az el\u0151kertben, \u00edgy bar\u00e1ts\u00e1gosabb \u00e9s mozgalmasabb lesz a t\u00e9r. A sz\u00e9leket g\u00f6mb\u00f6ly\u0171 k\u00f6vekkel szeg\u00e9lyezd, hogy egy\u00e9rtelm\u0171en elv\u00e1laszd a j\u00e1r\u00f3fel\u00fcletet \u00e9s megakad\u00e1lyozd a kavics sz\u00e9tsz\u00f3r\u00f3d\u00e1s\u00e1t. \u00dcltess s\u0171r\u0171n k\u00fcl\u00f6nb\u00f6z\u0151 magass\u00e1g\u00fa \u00e9s sz\u00edn\u0171 vir\u00e1gokat \u2013 p\u00e9ld\u00e1ul lil\u00e1t, s\u00e1rg\u00e1t, pirosat \u2013, \u00edgy eg\u00e9sz \u00e9vben \u00e9lvezhet\u0151, sz\u00ednes lesz a kert, r\u00e1ad\u00e1sul k\u00f6nnyen \u00e1tl\u00e1that\u00f3 is marad.<\/p>\n<h2>Term\u00e9szetes k\u0151b\u0151l kialak\u00edtott kerti \u00f6sv\u00e9ny<\/h2>\n<p><img loading=\"lazy\" decoding=\"async\" width=\"700\" height=\"1050\" alt=\"Term\u00e9szetes k\u0151l\u00e9pcs\u0151k form\u00e1lnak gy\u00f6ny\u00f6r\u0171 kerti \u00f6sv\u00e9nyt, d\u00fas z\u00f6ld n\u00f6v\u00e9nyzettel, bokrokkal \u00e9s sz\u00ednes vir\u00e1gz\u00f3 f\u00e1kkal egy \u00e1polt gyepen.\" class=\"aligncenter size-full wp-image-4459\" src=\"https:\/\/doubletakedecor.com\/uploads\/2025\/08\/front-of-home-landscaping-ideas-dtd-09.jpg\" srcset=\"https:\/\/doubletakedecor.com\/uploads\/2025\/08\/front-of-home-landscaping-ideas-dtd-09.jpg 700w, https:\/\/doubletakedecor.com\/uploads\/2025\/08\/front-of-home-landscaping-ideas-dtd-09-200x300.jpg 200w, https:\/\/doubletakedecor.com\/uploads\/2025\/08\/front-of-home-landscaping-ideas-dtd-09-683x1024.jpg 683w, https:\/\/doubletakedecor.com\/uploads\/2025\/08\/front-of-home-landscaping-ideas-dtd-09-96x144.jpg 96w, https:\/\/doubletakedecor.com\/uploads\/2025\/08\/front-of-home-landscaping-ideas-dtd-09-280x420.jpg 280w, https:\/\/doubletakedecor.com\/uploads\/2025\/08\/front-of-home-landscaping-ideas-dtd-09-320x480.jpg 320w, https:\/\/doubletakedecor.com\/uploads\/2025\/08\/front-of-home-landscaping-ideas-dtd-09-360x540.jpg 360w, https:\/\/doubletakedecor.com\/uploads\/2025\/08\/front-of-home-landscaping-ideas-dtd-09-363x545.jpg 363w, https:\/\/doubletakedecor.com\/uploads\/2025\/08\/front-of-home-landscaping-ideas-dtd-09-370x555.jpg 370w, https:\/\/doubletakedecor.com\/uploads\/2025\/08\/front-of-home-landscaping-ideas-dtd-09-400x600.jpg 400w, https:\/\/doubletakedecor.com\/uploads\/2025\/08\/front-of-home-landscaping-ideas-dtd-09-560x840.jpg 560w, https:\/\/doubletakedecor.com\/uploads\/2025\/08\/front-of-home-landscaping-ideas-dtd-09-480x720.jpg 480w\" sizes=\"auto, (max-width: 700px) 100vw, 700px\" \/><\/p>\n<p>Term\u00e9szetes k\u0151l\u00e9pcs\u0151kkel igaz\u00e1n term\u00e9szetk\u00f6zeli hangulatot adhatsz a bej\u00e1ratnak. Lap\u00edtott, nem szab\u00e1lyos k\u00f6veket v\u00e1lassz, \u00e9s helyezd el \u0151ket k\u00e9nyelmes t\u00e1vols\u00e1gban. Eg\u00e9sz\u00edtsd ki az utat kev\u00e9s gondoz\u00e1st ig\u00e9nyl\u0151 bokrokkal \u00e9s vir\u00e1gz\u00f3 n\u00f6v\u00e9nyekkel, hogy minden \u00e9vszakban sz\u00e9p legyen a l\u00e1tv\u00e1ny. Az egyes k\u00f6vek k\u00f6z\u00e9 sz\u00f3rj speci\u00e1lis, gyommentes\u00edt\u0151 homokot, hogy az \u00f6sv\u00e9ny tart\u00f3s \u00e9s gondoz\u00e1smentes maradjon.<\/p>\n<h2>K\u0151sz\u00f6k\u0151k\u00fat sz\u00ednes vir\u00e1gokkal k\u00f6r\u00fclv\u00e9ve<\/h2>\n<p><img loading=\"lazy\" decoding=\"async\" width=\"700\" height=\"1050\" alt=\"K\u0151b\u0151l k\u00e9sz\u00fclt sz\u00f6k\u0151k\u00fat csobog\u00f3 v\u00edzzel, amit \u00e9l\u00e9nk lila \u00e9s r\u00f3zsasz\u00edn vir\u00e1gok vesznek k\u00f6rbe egy buja kertben.\" class=\"aligncenter size-full wp-image-4465\" src=\"https:\/\/doubletakedecor.com\/uploads\/2025\/08\/front-of-home-landscaping-ideas-dtd-10.jpg\" srcset=\"https:\/\/doubletakedecor.com\/uploads\/2025\/08\/front-of-home-landscaping-ideas-dtd-10.jpg 700w, https:\/\/doubletakedecor.com\/uploads\/2025\/08\/front-of-home-landscaping-ideas-dtd-10-200x300.jpg 200w, https:\/\/doubletakedecor.com\/uploads\/2025\/08\/front-of-home-landscaping-ideas-dtd-10-683x1024.jpg 683w, https:\/\/doubletakedecor.com\/uploads\/2025\/08\/front-of-home-landscaping-ideas-dtd-10-96x144.jpg 96w, https:\/\/doubletakedecor.com\/uploads\/2025\/08\/front-of-home-landscaping-ideas-dtd-10-280x420.jpg 280w, https:\/\/doubletakedecor.com\/uploads\/2025\/08\/front-of-home-landscaping-ideas-dtd-10-320x480.jpg 320w, https:\/\/doubletakedecor.com\/uploads\/2025\/08\/front-of-home-landscaping-ideas-dtd-10-360x540.jpg 360w, https:\/\/doubletakedecor.com\/uploads\/2025\/08\/front-of-home-landscaping-ideas-dtd-10-363x545.jpg 363w, https:\/\/doubletakedecor.com\/uploads\/2025\/08\/front-of-home-landscaping-ideas-dtd-10-370x555.jpg 370w, https:\/\/doubletakedecor.com\/uploads\/2025\/08\/front-of-home-landscaping-ideas-dtd-10-400x600.jpg 400w, https:\/\/doubletakedecor.com\/uploads\/2025\/08\/front-of-home-landscaping-ideas-dtd-10-560x840.jpg 560w, https:\/\/doubletakedecor.com\/uploads\/2025\/08\/front-of-home-landscaping-ideas-dtd-10-480x720.jpg 480w\" sizes=\"auto, (max-width: 700px) 100vw, 700px\" \/><\/p>\n<p>Hozz l\u00e9tre k\u00fcl\u00f6nleges l\u00e1tv\u00e1nyt az el\u0151kertben egy k\u0151b\u0151l k\u00e9sz\u00fclt sz\u00f6k\u0151k\u00fattal, amit sz\u00ednes \u00e9vel\u0151 vir\u00e1gok \u00fcltet\u00e9s\u00e9vel emelhetsz ki. Kombin\u00e1ld a lila \u00e9s r\u00f3zsasz\u00edn \u00e1rnyalatokat k\u00fcl\u00f6nb\u00f6z\u0151 magass\u00e1g\u00fa n\u00f6v\u00e9nyekkel, hogy j\u00e1t\u00e9kos text\u00far\u00e1t \u00e9s m\u00e9lys\u00e9get adj a t\u00e9rnek. A magasabb n\u00f6v\u00e9nyek a sz\u00f6k\u0151k\u00fat m\u00f6g\u00f6tti h\u00e1tt\u00e9rbe ker\u00fclhetnek, \u00edgy j\u00f3l kiemelik a v\u00edzes\u00e9st, aminek csobog\u00e1sa nyugalmat \u00e1raszt \u00e9s elnyomja az utca zaj\u00e1t.<\/p>\n<h2>Klasszikus el\u0151v\u00e1rosi kert<\/h2>\n<p><img loading=\"lazy\" decoding=\"async\" width=\"700\" height=\"1050\" alt=\"El\u0151v\u00e1rosi h\u00e1z zsindelyes \u00e9s fabor\u00edt\u00e1s\u00fa homlokzattal, \u00e1polt, \u00edvelt p\u00e1zsittal, sz\u00ednes vir\u00e1g\u00e1gy\u00e1sokkal \u00e9s d\u00edszbokrokkal.\" class=\"aligncenter size-full wp-image-4471\" src=\"https:\/\/doubletakedecor.com\/uploads\/2025\/08\/front-of-home-landscaping-ideas-dtd-11.jpg\" srcset=\"https:\/\/doubletakedecor.com\/uploads\/2025\/08\/front-of-home-landscaping-ideas-dtd-11.jpg 700w, https:\/\/doubletakedecor.com\/uploads\/2025\/08\/front-of-home-landscaping-ideas-dtd-11-200x300.jpg 200w, https:\/\/doubletakedecor.com\/uploads\/2025\/08\/front-of-home-landscaping-ideas-dtd-11-683x1024.jpg 683w, https:\/\/doubletakedecor.com\/uploads\/2025\/08\/front-of-home-landscaping-ideas-dtd-11-96x144.jpg 96w, https:\/\/doubletakedecor.com\/uploads\/2025\/08\/front-of-home-landscaping-ideas-dtd-11-280x420.jpg 280w, https:\/\/doubletakedecor.com\/uploads\/2025\/08\/front-of-home-landscaping-ideas-dtd-11-320x480.jpg 320w, https:\/\/doubletakedecor.com\/uploads\/2025\/08\/front-of-home-landscaping-ideas-dtd-11-360x540.jpg 360w, https:\/\/doubletakedecor.com\/uploads\/2025\/08\/front-of-home-landscaping-ideas-dtd-11-363x545.jpg 363w, https:\/\/doubletakedecor.com\/uploads\/2025\/08\/front-of-home-landscaping-ideas-dtd-11-370x555.jpg 370w, https:\/\/doubletakedecor.com\/uploads\/2025\/08\/front-of-home-landscaping-ideas-dtd-11-400x600.jpg 400w, https:\/\/doubletakedecor.com\/uploads\/2025\/08\/front-of-home-landscaping-ideas-dtd-11-560x840.jpg 560w, https:\/\/doubletakedecor.com\/uploads\/2025\/08\/front-of-home-landscaping-ideas-dtd-11-480x720.jpg 480w\" sizes=\"auto, (max-width: 700px) 100vw, 700px\" \/><\/p>\n<p>H\u00edvogat\u00f3 el\u0151kertet alak\u00edthatsz ki, ha a p\u00e1zsitot \u00edvelten szeg\u00e9lyezed, \u00e9s j\u00f3l megv\u00e1lasztott, sz\u00ednes vir\u00e1gokat \u00fcltetsz. Rendszeresen metszd vissza a bokrokat, hogy megmaradjon a rendezett \u00e9s kiegyens\u00falyozott \u00f6sszhat\u00e1s. Kombin\u00e1ld a t\u00e9rburkolatot \u00e9s a n\u00f6v\u00e9nyeket v\u00e1ltozatosan \u2013 \u00edgy mindig lesz valami \u00e9rdekes a kertben. Hozz\u00e1adhatsz \u00e9vszakhoz ill\u0151 vir\u00e1gokat is, hogy folyamatosan meg\u00fajuljon a l\u00e1tv\u00e1ny.<\/p>\n<h2>Sziklakert \u00e9l\u00e9nk vir\u00e1gokkal<\/h2>\n<p><img loading=\"lazy\" decoding=\"async\" width=\"700\" height=\"1050\" alt=\"Gondosan megtervezett kert r\u00f3zsasz\u00edn \u00e9s narancss\u00e1rga vir\u00e1gokkal, szikl\u00e1k \u00e9s l\u00e9p\u0151k\u00f6vek k\u00f6z\u00f6tt, fekete mulcson.\" class=\"aligncenter size-full wp-image-4477\" src=\"https:\/\/doubletakedecor.com\/uploads\/2025\/08\/front-of-home-landscaping-ideas-dtd-12.jpg\" srcset=\"https:\/\/doubletakedecor.com\/uploads\/2025\/08\/front-of-home-landscaping-ideas-dtd-12.jpg 700w, https:\/\/doubletakedecor.com\/uploads\/2025\/08\/front-of-home-landscaping-ideas-dtd-12-200x300.jpg 200w, https:\/\/doubletakedecor.com\/uploads\/2025\/08\/front-of-home-landscaping-ideas-dtd-12-683x1024.jpg 683w, https:\/\/doubletakedecor.com\/uploads\/2025\/08\/front-of-home-landscaping-ideas-dtd-12-96x144.jpg 96w, https:\/\/doubletakedecor.com\/uploads\/2025\/08\/front-of-home-landscaping-ideas-dtd-12-280x420.jpg 280w, https:\/\/doubletakedecor.com\/uploads\/2025\/08\/front-of-home-landscaping-ideas-dtd-12-320x480.jpg 320w, https:\/\/doubletakedecor.com\/uploads\/2025\/08\/front-of-home-landscaping-ideas-dtd-12-360x540.jpg 360w, https:\/\/doubletakedecor.com\/uploads\/2025\/08\/front-of-home-landscaping-ideas-dtd-12-363x545.jpg 363w, https:\/\/doubletakedecor.com\/uploads\/2025\/08\/front-of-home-landscaping-ideas-dtd-12-370x555.jpg 370w, https:\/\/doubletakedecor.com\/uploads\/2025\/08\/front-of-home-landscaping-ideas-dtd-12-400x600.jpg 400w, https:\/\/doubletakedecor.com\/uploads\/2025\/08\/front-of-home-landscaping-ideas-dtd-12-560x840.jpg 560w, https:\/\/doubletakedecor.com\/uploads\/2025\/08\/front-of-home-landscaping-ideas-dtd-12-480x720.jpg 480w\" sizes=\"auto, (max-width: 700px) 100vw, 700px\" \/><\/p>\n<p>Helyezz el nagyobb, l\u00e1tv\u00e1nyos szikl\u00e1kat az el\u0151kertben, \u00e9s \u00fcltess mell\u00e9j\u00fck felt\u0171n\u0151 sz\u00edn\u0171 (p\u00e9ld\u00e1ul r\u00f3zsasz\u00edn vagy narancs) vir\u00e1gokat. A fekete mulcs j\u00f3l kiemeli a sz\u00ednes n\u00f6v\u00e9nyeket, r\u00e1ad\u00e1sul k\u00f6nnyebb rendben tartani a kertet is. Az \u00e1gy\u00e1sokban elhelyezett l\u00e9p\u0151k\u00f6vek egyszerre praktikusak \u00e9s sz\u00e9pek \u2013 ezt a l\u00e1tv\u00e1nyt reggeli vagy esti f\u00e9nyben is j\u00f3l ki\u00e9lvezheted.<\/p>\n<h2>Kanyarg\u00f3s, mulcsozott vir\u00e1g\u00e1gy\u00e1s<\/h2>\n<p><img loading=\"lazy\" decoding=\"async\" width=\"700\" height=\"1050\" alt=\"Eleg\u00e1ns feh\u00e9r h\u00e1z nagy ablakokkal, kanyarg\u00f3s, barna mulccsal fedett \u00e1gy\u00e1ssal, kerekded z\u00f6ld bokrokkal \u00e9s sz\u00ednes vir\u00e1gokkal, gondosan ny\u00edrt gyepen.\" class=\"aligncenter size-full wp-image-4483\" src=\"https:\/\/doubletakedecor.com\/uploads\/2025\/08\/front-of-home-landscaping-ideas-dtd-13.jpg\" srcset=\"https:\/\/doubletakedecor.com\/uploads\/2025\/08\/front-of-home-landscaping-ideas-dtd-13.jpg 700w, https:\/\/doubletakedecor.com\/uploads\/2025\/08\/front-of-home-landscaping-ideas-dtd-13-200x300.jpg 200w, https:\/\/doubletakedecor.com\/uploads\/2025\/08\/front-of-home-landscaping-ideas-dtd-13-683x1024.jpg 683w, https:\/\/doubletakedecor.com\/uploads\/2025\/08\/front-of-home-landscaping-ideas-dtd-13-96x144.jpg 96w, https:\/\/doubletakedecor.com\/uploads\/2025\/08\/front-of-home-landscaping-ideas-dtd-13-280x420.jpg 280w, https:\/\/doubletakedecor.com\/uploads\/2025\/08\/front-of-home-landscaping-ideas-dtd-13-320x480.jpg 320w, https:\/\/doubletakedecor.com\/uploads\/2025\/08\/front-of-home-landscaping-ideas-dtd-13-360x540.jpg 360w, https:\/\/doubletakedecor.com\/uploads\/2025\/08\/front-of-home-landscaping-ideas-dtd-13-363x545.jpg 363w, https:\/\/doubletakedecor.com\/uploads\/2025\/08\/front-of-home-landscaping-ideas-dtd-13-370x555.jpg 370w, https:\/\/doubletakedecor.com\/uploads\/2025\/08\/front-of-home-landscaping-ideas-dtd-13-400x600.jpg 400w, https:\/\/doubletakedecor.com\/uploads\/2025\/08\/front-of-home-landscaping-ideas-dtd-13-560x840.jpg 560w, https:\/\/doubletakedecor.com\/uploads\/2025\/08\/front-of-home-landscaping-ideas-dtd-13-480x720.jpg 480w\" sizes=\"auto, (max-width: 700px) 100vw, 700px\" \/><\/p>\n<p>Emeld ki az el\u0151kertet egy hajl\u00edtott formaj\u00fa vir\u00e1g\u00e1gy\u00e1ssal, amit j\u00f3 min\u0151s\u00e9g\u0171 barna mulccsal t\u00f6ltesz ki. Az \u00edves kialak\u00edt\u00e1s l\u00e1gy\u00edtja a h\u00e1z vonalait, \u00e9s kijel\u00f6li a bokrok \u00e9s vir\u00e1gok hely\u00e9t. Haszn\u00e1ld ki a p\u00e1zsit, a mulcs \u00e9s a n\u00f6v\u00e9nyek k\u00f6zti sz\u00ednk\u00fcl\u00f6nbs\u00e9geket, hogy mutat\u00f3s, rendezett legyen az el\u0151kerted, amit\u0151l mindenki sz\u00edvesen \u00e1tl\u00e9p majd a kapun.<\/p>\n<h2>Sz\u00ednes tulipszeg\u00e9lyes kert<\/h2>\n<p><img loading=\"lazy\" decoding=\"async\" width=\"700\" height=\"1049\" alt=\"Sz\u00ednes tulip\u00e1nok s\u00e1rga, narancs, r\u00f3zsasz\u00edn \u00e9s piros sz\u00ednekben szeg\u00e9lyt alkotnak egy kerti \u00f6sv\u00e9ny ment\u00e9n, vid\u00e1m tavaszi hat\u00e1rt k\u00e9pezve a kert \u00e9s a f\u0171 k\u00f6z\u00f6tt.\" class=\"aligncenter size-full wp-image-4489\" src=\"https:\/\/doubletakedecor.com\/uploads\/2025\/08\/front-of-home-landscaping-ideas-dtd-14.jpg\" srcset=\"https:\/\/doubletakedecor.com\/uploads\/2025\/08\/front-of-home-landscaping-ideas-dtd-14.jpg 700w, https:\/\/doubletakedecor.com\/uploads\/2025\/08\/front-of-home-landscaping-ideas-dtd-14-200x300.jpg 200w, https:\/\/doubletakedecor.com\/uploads\/2025\/08\/front-of-home-landscaping-ideas-dtd-14-683x1024.jpg 683w, https:\/\/doubletakedecor.com\/uploads\/2025\/08\/front-of-home-landscaping-ideas-dtd-14-96x144.jpg 96w, https:\/\/doubletakedecor.com\/uploads\/2025\/08\/front-of-home-landscaping-ideas-dtd-14-280x420.jpg 280w, https:\/\/doubletakedecor.com\/uploads\/2025\/08\/front-of-home-landscaping-ideas-dtd-14-320x480.jpg 320w, https:\/\/doubletakedecor.com\/uploads\/2025\/08\/front-of-home-landscaping-ideas-dtd-14-360x539.jpg 360w, https:\/\/doubletakedecor.com\/uploads\/2025\/08\/front-of-home-landscaping-ideas-dtd-14-363x544.jpg 363w, https:\/\/doubletakedecor.com\/uploads\/2025\/08\/front-of-home-landscaping-ideas-dtd-14-370x554.jpg 370w, https:\/\/doubletakedecor.com\/uploads\/2025\/08\/front-of-home-landscaping-ideas-dtd-14-400x599.jpg 400w, https:\/\/doubletakedecor.com\/uploads\/2025\/08\/front-of-home-landscaping-ideas-dtd-14-560x839.jpg 560w, https:\/\/doubletakedecor.com\/uploads\/2025\/08\/front-of-home-landscaping-ideas-dtd-14-480x719.jpg 480w\" sizes=\"auto, (max-width: 700px) 100vw, 700px\" \/><\/p>\n<p>Emeld ki az el\u0151kertet egy \u00e9l\u00e9nk sz\u00edn\u0171 tulipszeg\u00e9llyel! \u0150sszel \u00fcltesd el a hagym\u00e1kat, \u00e9s v\u00e1lassz egym\u00e1shoz ill\u0151 sz\u00edneket, p\u00e9ld\u00e1ul s\u00e1rg\u00e1t, r\u00f3zsasz\u00ednt \u00e9s pirosat, hogy igaz\u00e1n l\u00e1tv\u00e1nyos legyen az \u00f6sszhat\u00e1s. Mulccsal takard be a f\u00f6ldet a n\u00f6v\u00e9nyek k\u00f6z\u00f6tt, hogy kevesebb gaz n\u0151j\u00f6n, \u00e9s tov\u00e1bb maradjon nedves a talaj. Ez az egyszer\u0171en gondozhat\u00f3 megold\u00e1s tavasszal csod\u00e1s l\u00e1tv\u00e1nyt ny\u00fajt kev\u00e9s munk\u00e1val is.<\/p>\n<h2>Eleg\u00e1ns, vegyes anyag\u00fa h\u00e1z homlokzat<\/h2>\n<p><img loading=\"lazy\" decoding=\"async\" width=\"700\" height=\"1050\" alt=\"Bar\u00e1ts\u00e1gos otthon faburkolattal, t\u00e9glafalakkal, nyeregtet\u0151vel, hangulatos torn\u00e1ccal, gazdag n\u00f6v\u00e9nyzettel \u00e9s f\u00e9nyf\u00fcz\u00e9rekkel.\" class=\"aligncenter size-full wp-image-4495\" src=\"https:\/\/doubletakedecor.com\/uploads\/2025\/08\/front-of-home-landscaping-ideas-dtd-15.jpg\" srcset=\"https:\/\/doubletakedecor.com\/uploads\/2025\/08\/front-of-home-landscaping-ideas-dtd-15.jpg 700w, https:\/\/doubletakedecor.com\/uploads\/2025\/08\/front-of-home-landscaping-ideas-dtd-15-200x300.jpg 200w, https:\/\/doubletakedecor.com\/uploads\/2025\/08\/front-of-home-landscaping-ideas-dtd-15-683x1024.jpg 683w, https:\/\/doubletakedecor.com\/uploads\/2025\/08\/front-of-home-landscaping-ideas-dtd-15-96x144.jpg 96w, https:\/\/doubletakedecor.com\/uploads\/2025\/08\/front-of-home-landscaping-ideas-dtd-15-280x420.jpg 280w, https:\/\/doubletakedecor.com\/uploads\/2025\/08\/front-of-home-landscaping-ideas-dtd-15-320x480.jpg 320w, https:\/\/doubletakedecor.com\/uploads\/2025\/08\/front-of-home-landscaping-ideas-dtd-15-360x540.jpg 360w, https:\/\/doubletakedecor.com\/uploads\/2025\/08\/front-of-home-landscaping-ideas-dtd-15-363x545.jpg 363w, https:\/\/doubletakedecor.com\/uploads\/2025\/08\/front-of-home-landscaping-ideas-dtd-15-370x555.jpg 370w, https:\/\/doubletakedecor.com\/uploads\/2025\/08\/front-of-home-landscaping-ideas-dtd-15-400x600.jpg 400w, https:\/\/doubletakedecor.com\/uploads\/2025\/08\/front-of-home-landscaping-ideas-dtd-15-560x840.jpg 560w, https:\/\/doubletakedecor.com\/uploads\/2025\/08\/front-of-home-landscaping-ideas-dtd-15-480x720.jpg 480w\" sizes=\"auto, (max-width: 700px) 100vw, 700px\" \/><\/p>\n<p>Tedd vonz\u00f3bb\u00e1 h\u00e1zadat \u00fagy, hogy a fa zsindelyt t\u00e9gl\u00e1val kombin\u00e1lod. Ez id\u0151t\u00e1ll\u00f3 \u00e9s meleg hangulatot ad. Az \u00f6sv\u00e9ny mellett \u00fcltess k\u00fcl\u00f6nb\u00f6z\u0151 n\u00f6v\u00e9nyeket \u00e9s bokrokat, \u00edgy mindig lesz mit n\u00e9zni. A torn\u00e1cra tegy\u00e9l k\u00e9nyelmes \u00fcl\u0151helyet, \u00e9s akassz fel f\u00e9nyf\u00fcz\u00e9rt az eresz al\u00e1, hogy esti besz\u00e9lget\u00e9sekhez, pihen\u00e9shez is hangulatos legyen a k\u00f6rnyezet.<\/p>\n<h2>Modern otthon r\u00e9teges kerttervvel<\/h2>\n<p><img loading=\"lazy\" decoding=\"async\" width=\"700\" height=\"1049\" alt=\"Modern k\u00fcls\u0151 alacsony gondoz\u00e1s\u00fa bokrokkal, d\u00edszf\u00fcvekkel, kontrasztos k\u0151szeg\u00e9llyel \u00e9s rendezett gyepfel\u00fclettel, amely kiemeli a letisztult \u00e9p\u00edt\u00e9szetet.\" class=\"aligncenter size-full wp-image-4501\" src=\"https:\/\/doubletakedecor.com\/uploads\/2025\/08\/front-of-home-landscaping-ideas-dtd-16.jpg\" srcset=\"https:\/\/doubletakedecor.com\/uploads\/2025\/08\/front-of-home-landscaping-ideas-dtd-16.jpg 700w, https:\/\/doubletakedecor.com\/uploads\/2025\/08\/front-of-home-landscaping-ideas-dtd-16-200x300.jpg 200w, https:\/\/doubletakedecor.com\/uploads\/2025\/08\/front-of-home-landscaping-ideas-dtd-16-683x1024.jpg 683w, https:\/\/doubletakedecor.com\/uploads\/2025\/08\/front-of-home-landscaping-ideas-dtd-16-96x144.jpg 96w, https:\/\/doubletakedecor.com\/uploads\/2025\/08\/front-of-home-landscaping-ideas-dtd-16-280x420.jpg 280w, https:\/\/doubletakedecor.com\/uploads\/2025\/08\/front-of-home-landscaping-ideas-dtd-16-320x480.jpg 320w, https:\/\/doubletakedecor.com\/uploads\/2025\/08\/front-of-home-landscaping-ideas-dtd-16-360x539.jpg 360w, https:\/\/doubletakedecor.com\/uploads\/2025\/08\/front-of-home-landscaping-ideas-dtd-16-363x544.jpg 363w, https:\/\/doubletakedecor.com\/uploads\/2025\/08\/front-of-home-landscaping-ideas-dtd-16-370x554.jpg 370w, https:\/\/doubletakedecor.com\/uploads\/2025\/08\/front-of-home-landscaping-ideas-dtd-16-400x599.jpg 400w, https:\/\/doubletakedecor.com\/uploads\/2025\/08\/front-of-home-landscaping-ideas-dtd-16-560x839.jpg 560w, https:\/\/doubletakedecor.com\/uploads\/2025\/08\/front-of-home-landscaping-ideas-dtd-16-480x719.jpg 480w\" sizes=\"auto, (max-width: 700px) 100vw, 700px\" \/><\/p>\n<p>Alak\u00edts ki \u00e9rdekes el\u0151kertet k\u00fcl\u00f6nb\u00f6z\u0151 anyagok r\u00e9tegz\u00e9s\u00e9vel! Haszn\u00e1lj vil\u00e1gos kavicsokat szeg\u00e9lyk\u00e9nt a s\u00f6t\u00e9t mulcs \u00e9s a z\u00f6ld p\u00e1zsit k\u00f6z\u00f6tt. Olyan cserj\u00e9ket \u00e9s d\u00edszf\u00fcveket v\u00e1lassz, melyek j\u00f3l illenek a modern h\u00e1z st\u00edlus\u00e1hoz, \u00e9s eg\u00e9sz \u00e9vben mutat\u00f3sak maradnak, mik\u00f6zben kev\u00e9s gondoz\u00e1st ig\u00e9nyelnek.<\/p>\n<h2>Kanyarg\u00f3 utak r\u00e9tegezett n\u00f6v\u00e9nyekkel<\/h2>\n<p><img loading=\"lazy\" decoding=\"async\" width=\"700\" height=\"1049\" alt=\"Sz\u00e9pen parkos\u00edtott el\u0151kert, ahol kanyarg\u00f3 betonj\u00e1rd\u00e1k vezetnek alacsony bokrok \u00e9s f\u00fcvek k\u00f6z\u00f6tt a napf\u00e9nyes bej\u00e1ratig.\" class=\"aligncenter size-full wp-image-4507\" src=\"https:\/\/doubletakedecor.com\/uploads\/2025\/08\/front-of-home-landscaping-ideas-dtd-17.jpg\" srcset=\"https:\/\/doubletakedecor.com\/uploads\/2025\/08\/front-of-home-landscaping-ideas-dtd-17.jpg 700w, https:\/\/doubletakedecor.com\/uploads\/2025\/08\/front-of-home-landscaping-ideas-dtd-17-200x300.jpg 200w, https:\/\/doubletakedecor.com\/uploads\/2025\/08\/front-of-home-landscaping-ideas-dtd-17-683x1024.jpg 683w, https:\/\/doubletakedecor.com\/uploads\/2025\/08\/front-of-home-landscaping-ideas-dtd-17-96x144.jpg 96w, https:\/\/doubletakedecor.com\/uploads\/2025\/08\/front-of-home-landscaping-ideas-dtd-17-280x420.jpg 280w, https:\/\/doubletakedecor.com\/uploads\/2025\/08\/front-of-home-landscaping-ideas-dtd-17-320x480.jpg 320w, https:\/\/doubletakedecor.com\/uploads\/2025\/08\/front-of-home-landscaping-ideas-dtd-17-360x539.jpg 360w, https:\/\/doubletakedecor.com\/uploads\/2025\/08\/front-of-home-landscaping-ideas-dtd-17-363x544.jpg 363w, https:\/\/doubletakedecor.com\/uploads\/2025\/08\/front-of-home-landscaping-ideas-dtd-17-370x554.jpg 370w, https:\/\/doubletakedecor.com\/uploads\/2025\/08\/front-of-home-landscaping-ideas-dtd-17-400x599.jpg 400w, https:\/\/doubletakedecor.com\/uploads\/2025\/08\/front-of-home-landscaping-ideas-dtd-17-560x839.jpg 560w, https:\/\/doubletakedecor.com\/uploads\/2025\/08\/front-of-home-landscaping-ideas-dtd-17-480x719.jpg 480w\" sizes=\"auto, (max-width: 700px) 100vw, 700px\" \/><\/p>\n<p>K\u00e9sz\u00edts bar\u00e1ts\u00e1gos bej\u00e1ratot kanyarg\u00f3s beton utakkal, amik term\u00e9szetesen vezetik a vend\u00e9geket. Az utak ment\u00e9n r\u00e9tegezve \u00fcltesd el az alacsony bokrokat \u00e9s d\u00edszf\u00fcveket, hogy v\u00e1ltozatos legyen a l\u00e1tv\u00e1ny. A l\u00e9pcs\u0151k k\u00f6zel\u00e9be s\u0171r\u0171bben \u00fcltess, hogy sz\u00e9p, term\u00e9szetes szeg\u00e9lyt kapj. Ez a megold\u00e1s egyszerre mutat\u00f3s \u00e9s k\u00f6nnyen \u00e1polhat\u00f3.<\/p>\n<h2>K\u0151\u00f6sv\u00e9ny v\u00e1ltozatos be\u00fcltet\u00e9ssel<\/h2>\n<p><img loading=\"lazy\" decoding=\"async\" width=\"700\" height=\"1050\" alt=\"Modern h\u00e1z kertj\u00e9ben k\u0151\u00f6sv\u00e9ny, d\u00fas z\u00f6ld n\u00f6v\u00e9nyzet, s\u00e1rga level\u0171 n\u00f6v\u00e9nyek hangs\u00falyaival \u00e9s kavicsdekor\u00e1ci\u00f3val kellemes, nyugodt k\u00fclt\u00e9ri r\u00e9szt hoz l\u00e9tre.\" class=\"aligncenter size-full wp-image-4513\" src=\"https:\/\/doubletakedecor.com\/uploads\/2025\/08\/front-of-home-landscaping-ideas-dtd-18.jpg\" srcset=\"https:\/\/doubletakedecor.com\/uploads\/2025\/08\/front-of-home-landscaping-ideas-dtd-18.jpg 700w, https:\/\/doubletakedecor.com\/uploads\/2025\/08\/front-of-home-landscaping-ideas-dtd-18-200x300.jpg 200w, https:\/\/doubletakedecor.com\/uploads\/2025\/08\/front-of-home-landscaping-ideas-dtd-18-683x1024.jpg 683w, https:\/\/doubletakedecor.com\/uploads\/2025\/08\/front-of-home-landscaping-ideas-dtd-18-96x144.jpg 96w, https:\/\/doubletakedecor.com\/uploads\/2025\/08\/front-of-home-landscaping-ideas-dtd-18-280x420.jpg 280w, https:\/\/doubletakedecor.com\/uploads\/2025\/08\/front-of-home-landscaping-ideas-dtd-18-320x480.jpg 320w, https:\/\/doubletakedecor.com\/uploads\/2025\/08\/front-of-home-landscaping-ideas-dtd-18-360x540.jpg 360w, https:\/\/doubletakedecor.com\/uploads\/2025\/08\/front-of-home-landscaping-ideas-dtd-18-363x545.jpg 363w, https:\/\/doubletakedecor.com\/uploads\/2025\/08\/front-of-home-landscaping-ideas-dtd-18-370x555.jpg 370w, https:\/\/doubletakedecor.com\/uploads\/2025\/08\/front-of-home-landscaping-ideas-dtd-18-400x600.jpg 400w, https:\/\/doubletakedecor.com\/uploads\/2025\/08\/front-of-home-landscaping-ideas-dtd-18-560x840.jpg 560w, https:\/\/doubletakedecor.com\/uploads\/2025\/08\/front-of-home-landscaping-ideas-dtd-18-480x720.jpg 480w\" sizes=\"auto, (max-width: 700px) 100vw, 700px\" \/><\/p>\n<p>St\u00edlusos bej\u00e1rathoz fektess lapos k\u00f6vekb\u0151l \u00f6sv\u00e9nyt kavics\u00e1gyra. Tedd izgalmass\u00e1 buja z\u00f6ld bokrokkal, d\u00edszf\u00fcvekkel \u00e9s itt-ott s\u00e1rga level\u0171 n\u00f6v\u00e9nyekkel. Ez a rendezett, modern kert eg\u00e9sz \u00e9vben \u00e9rdekes, m\u00e9gis nagyon k\u00f6nnyen \u00e1polhat\u00f3.<\/p>\n<h2>R\u00e9tegezett kerti \u00f6sv\u00e9nyterv<\/h2>\n<p><img loading=\"lazy\" decoding=\"async\" width=\"700\" height=\"1049\" alt=\"K\u0151\u00f6sv\u00e9ny egy kedves h\u00e1z bej\u00e1rat\u00e1hoz, amit d\u00fas z\u00f6ld n\u00f6v\u00e9nyek, vir\u00e1gos \u00e9vel\u0151k \u00e9s egy \u00e1rny\u00e9kot ad\u00f3 fa szeg\u00e9lyeznek a sz\u00e9pen kialak\u00edtott el\u0151kertben.\" class=\"aligncenter size-full wp-image-4519\" src=\"https:\/\/doubletakedecor.com\/uploads\/2025\/08\/front-of-home-landscaping-ideas-dtd-19.jpg\" srcset=\"https:\/\/doubletakedecor.com\/uploads\/2025\/08\/front-of-home-landscaping-ideas-dtd-19.jpg 700w, https:\/\/doubletakedecor.com\/uploads\/2025\/08\/front-of-home-landscaping-ideas-dtd-19-200x300.jpg 200w, https:\/\/doubletakedecor.com\/uploads\/2025\/08\/front-of-home-landscaping-ideas-dtd-19-683x1024.jpg 683w, https:\/\/doubletakedecor.com\/uploads\/2025\/08\/front-of-home-landscaping-ideas-dtd-19-96x144.jpg 96w, https:\/\/doubletakedecor.com\/uploads\/2025\/08\/front-of-home-landscaping-ideas-dtd-19-280x420.jpg 280w, https:\/\/doubletakedecor.com\/uploads\/2025\/08\/front-of-home-landscaping-ideas-dtd-19-320x480.jpg 320w, https:\/\/doubletakedecor.com\/uploads\/2025\/08\/front-of-home-landscaping-ideas-dtd-19-360x539.jpg 360w, https:\/\/doubletakedecor.com\/uploads\/2025\/08\/front-of-home-landscaping-ideas-dtd-19-363x544.jpg 363w, https:\/\/doubletakedecor.com\/uploads\/2025\/08\/front-of-home-landscaping-ideas-dtd-19-370x554.jpg 370w, https:\/\/doubletakedecor.com\/uploads\/2025\/08\/front-of-home-landscaping-ideas-dtd-19-400x599.jpg 400w, https:\/\/doubletakedecor.com\/uploads\/2025\/08\/front-of-home-landscaping-ideas-dtd-19-560x839.jpg 560w, https:\/\/doubletakedecor.com\/uploads\/2025\/08\/front-of-home-landscaping-ideas-dtd-19-480x719.jpg 480w\" sizes=\"auto, (max-width: 700px) 100vw, 700px\" \/><\/p>\n<p>Tedd izgalmass\u00e1 a bej\u00e1ratot \u00fagy, hogy m\u00e1s-m\u00e1s magass\u00e1g\u00fa n\u00f6v\u00e9nyeket \u00fcltetsz az \u00f6sv\u00e9ny ment\u00e9n! H\u00e1tul legyenek a magas cserj\u00e9k \u00e9s f\u00e1k, k\u00f6z\u00e9pen \u00e9vel\u0151 vir\u00e1gok, legh\u00e1tul pedig alacsony n\u00f6v\u00e9nyek a szeg\u00e9lynek. A l\u00e9pcs\u0151kh\u00f6z haszn\u00e1lj k\u00f6vet, \u00e9s figyelj, hogy az utak legal\u00e1bb 90-120 cm sz\u00e9lesek legyenek, \u00edgy k\u00e9nyelmesen elf\u00e9r mindenki.<\/p>\n<h2>Vid\u00e9kies kert feh\u00e9r ker\u00edt\u00e9ssel<\/h2>\n<p><img loading=\"lazy\" decoding=\"async\" width=\"700\" height=\"1049\" alt=\"Egy b\u00e1jos s\u00e1rga vid\u00e9ki h\u00e1z gazdag n\u00f6v\u00e9nyzettel, feh\u00e9r ker\u00edt\u00e9ssel, k\u0151b\u0151l rakott \u00f6sv\u00e9nnyel \u00e9s sz\u00ednes vir\u00e1g\u00e1gy\u00e1sokkal.\" class=\"aligncenter size-full wp-image-4525\" src=\"https:\/\/doubletakedecor.com\/uploads\/2025\/08\/front-of-home-landscaping-ideas-dtd-20.jpg\" srcset=\"https:\/\/doubletakedecor.com\/uploads\/2025\/08\/front-of-home-landscaping-ideas-dtd-20.jpg 700w, https:\/\/doubletakedecor.com\/uploads\/2025\/08\/front-of-home-landscaping-ideas-dtd-20-200x300.jpg 200w, https:\/\/doubletakedecor.com\/uploads\/2025\/08\/front-of-home-landscaping-ideas-dtd-20-683x1024.jpg 683w, https:\/\/doubletakedecor.com\/uploads\/2025\/08\/front-of-home-landscaping-ideas-dtd-20-96x144.jpg 96w, https:\/\/doubletakedecor.com\/uploads\/2025\/08\/front-of-home-landscaping-ideas-dtd-20-280x420.jpg 280w, https:\/\/doubletakedecor.com\/uploads\/2025\/08\/front-of-home-landscaping-ideas-dtd-20-320x480.jpg 320w, https:\/\/doubletakedecor.com\/uploads\/2025\/08\/front-of-home-landscaping-ideas-dtd-20-360x539.jpg 360w, https:\/\/doubletakedecor.com\/uploads\/2025\/08\/front-of-home-landscaping-ideas-dtd-20-363x544.jpg 363w, https:\/\/doubletakedecor.com\/uploads\/2025\/08\/front-of-home-landscaping-ideas-dtd-20-370x554.jpg 370w, https:\/\/doubletakedecor.com\/uploads\/2025\/08\/front-of-home-landscaping-ideas-dtd-20-400x599.jpg 400w, https:\/\/doubletakedecor.com\/uploads\/2025\/08\/front-of-home-landscaping-ideas-dtd-20-560x839.jpg 560w, https:\/\/doubletakedecor.com\/uploads\/2025\/08\/front-of-home-landscaping-ideas-dtd-20-480x719.jpg 480w\" sizes=\"auto, (max-width: 700px) 100vw, 700px\" \/><\/p>\n<p>Ker\u00edtsd k\u00f6rbe a s\u00e1rga h\u00e1zat klasszikus, feh\u00e9r ker\u00edt\u00e9ssel! A k\u00f6ves \u00f6sv\u00e9ny ment\u00e9n \u00fcltess sz\u00ednes vir\u00e1gokat, \u00e9s az el\u0151kert kapuj\u00e1hoz futtasd fel k\u00fasz\u00f3n\u00f6v\u00e9nyeket, hogy a kert t\u00e9rben is izgalmas legyen. Akassz fel cserepes n\u00f6v\u00e9nyeket, tervezz \u00e1rny\u00e9kot ad\u00f3 f\u00e1kat, hogy t\u00e9nyleg meghitt, bar\u00e1ts\u00e1gos vid\u00e9ki kerted legyen.<\/p>\n<h2>K\u00f6vek \u00f6sv\u00e9ny\u00e9n kereszt\u00fcl kialak\u00edtott kert<\/h2>\n<p><img loading=\"lazy\" decoding=\"async\" width=\"700\" height=\"1050\" alt=\"Szab\u00e1lytalan alak\u00fa k\u00f6vek kanyarg\u00f3s \u00f6sv\u00e9nyt alkotnak a gazdag z\u00f6ld kertben, a szeg\u00e9lyeken bokrok \u00e9s n\u00f6v\u00e9nyek futnak v\u00e9gig.\" class=\"aligncenter size-full wp-image-4531\" src=\"https:\/\/doubletakedecor.com\/uploads\/2025\/08\/front-of-home-landscaping-ideas-dtd-21.jpg\" srcset=\"https:\/\/doubletakedecor.com\/uploads\/2025\/08\/front-of-home-landscaping-ideas-dtd-21.jpg 700w, https:\/\/doubletakedecor.com\/uploads\/2025\/08\/front-of-home-landscaping-ideas-dtd-21-200x300.jpg 200w, https:\/\/doubletakedecor.com\/uploads\/2025\/08\/front-of-home-landscaping-ideas-dtd-21-683x1024.jpg 683w, https:\/\/doubletakedecor.com\/uploads\/2025\/08\/front-of-home-landscaping-ideas-dtd-21-96x144.jpg 96w, https:\/\/doubletakedecor.com\/uploads\/2025\/08\/front-of-home-landscaping-ideas-dtd-21-280x420.jpg 280w, https:\/\/doubletakedecor.com\/uploads\/2025\/08\/front-of-home-landscaping-ideas-dtd-21-320x480.jpg 320w, https:\/\/doubletakedecor.com\/uploads\/2025\/08\/front-of-home-landscaping-ideas-dtd-21-360x540.jpg 360w, https:\/\/doubletakedecor.com\/uploads\/2025\/08\/front-of-home-landscaping-ideas-dtd-21-363x545.jpg 363w, https:\/\/doubletakedecor.com\/uploads\/2025\/08\/front-of-home-landscaping-ideas-dtd-21-370x555.jpg 370w, https:\/\/doubletakedecor.com\/uploads\/2025\/08\/front-of-home-landscaping-ideas-dtd-21-400x600.jpg 400w, https:\/\/doubletakedecor.com\/uploads\/2025\/08\/front-of-home-landscaping-ideas-dtd-21-560x840.jpg 560w, https:\/\/doubletakedecor.com\/uploads\/2025\/08\/front-of-home-landscaping-ideas-dtd-21-480x720.jpg 480w\" sizes=\"auto, (max-width: 700px) 100vw, 700px\" \/><\/p>\n<p>\u00c9p\u00edts term\u00e9szetes hat\u00e1s\u00fa utat szab\u00e1lytalan alak\u00fa k\u00f6vekb\u0151l! Hagyd, hogy a k\u00f6vek k\u00f6z\u00f6tt apr\u00f3 n\u00f6v\u00e9nyek, talajtakar\u00f3k n\u0151jenek, \u00edgy igaz\u00e1n bar\u00e1ts\u00e1gos lesz a hangulat. A stabilit\u00e1s\u00e9rt helyezd a k\u00f6veket t\u00f6m\u00f6r aljzatra, \u00e9s a szeg\u00e9lyt d\u00fas, k\u00f6nnyen gondozhat\u00f3 bokrokkal tedd rendezett\u00e9 \u00e9s z\u00f6lddel teliv\u00e9.<\/p>\n<h2>Modern kert \u00e9l\u00e9nk n\u00f6v\u00e9nyekkel<\/h2>\n<p><img loading=\"lazy\" decoding=\"async\" width=\"700\" height=\"1050\" alt=\"Parkos\u00edtott kert kanyarg\u00f3 vir\u00e1g\u00e1gy\u00e1sokkal, \u00e9l\u00e9nk gyepfel\u00fclettel, tr\u00f3pusi n\u00f6v\u00e9nyekkel; modern otthon nagy ablakokkal a h\u00e1tt\u00e9rben.\" class=\"aligncenter size-full wp-image-4537\" src=\"https:\/\/doubletakedecor.com\/uploads\/2025\/08\/front-of-home-landscaping-ideas-dtd-22.jpg\" srcset=\"https:\/\/doubletakedecor.com\/uploads\/2025\/08\/front-of-home-landscaping-ideas-dtd-22.jpg 700w, https:\/\/doubletakedecor.com\/uploads\/2025\/08\/front-of-home-landscaping-ideas-dtd-22-200x300.jpg 200w, https:\/\/doubletakedecor.com\/uploads\/2025\/08\/front-of-home-landscaping-ideas-dtd-22-683x1024.jpg 683w, https:\/\/doubletakedecor.com\/uploads\/2025\/08\/front-of-home-landscaping-ideas-dtd-22-96x144.jpg 96w, https:\/\/doubletakedecor.com\/uploads\/2025\/08\/front-of-home-landscaping-ideas-dtd-22-280x420.jpg 280w, https:\/\/doubletakedecor.com\/uploads\/2025\/08\/front-of-home-landscaping-ideas-dtd-22-320x480.jpg 320w, https:\/\/doubletakedecor.com\/uploads\/2025\/08\/front-of-home-landscaping-ideas-dtd-22-360x540.jpg 360w, https:\/\/doubletakedecor.com\/uploads\/2025\/08\/front-of-home-landscaping-ideas-dtd-22-363x545.jpg 363w, https:\/\/doubletakedecor.com\/uploads\/2025\/08\/front-of-home-landscaping-ideas-dtd-22-370x555.jpg 370w, https:\/\/doubletakedecor.com\/uploads\/2025\/08\/front-of-home-landscaping-ideas-dtd-22-400x600.jpg 400w, https:\/\/doubletakedecor.com\/uploads\/2025\/08\/front-of-home-landscaping-ideas-dtd-22-560x840.jpg 560w, https:\/\/doubletakedecor.com\/uploads\/2025\/08\/front-of-home-landscaping-ideas-dtd-22-480x720.jpg 480w\" sizes=\"auto, (max-width: 700px) 100vw, 700px\" \/><\/p>\n<p>K\u00e9sz\u00edts hull\u00e1mos vir\u00e1g\u00e1gy\u00e1sokat a gyep mell\u00e9, hogy korszer\u0171 legyen a kert! El\u0151l legyenek sz\u00ednes vir\u00e1gok, h\u00e1tulra \u00fcltess magasabb tr\u00f3pusi n\u00f6v\u00e9nyeket, amelyek k\u00fcl\u00f6nleges pontot adnak a kertnek. Az \u00e1gy\u00e1sok k\u00f6vess\u00e9k a h\u00e1z vonal\u00e1t, \u00e9s mindig \u00fcgyelj r\u00e1, hogy el\u00e9g f\u00e9ny jusson az ablakokhoz. Ez a megold\u00e1s egyszerre szab\u00e1lyos \u00e9s m\u00e9gis term\u00e9szetes hat\u00e1s\u00fa.<\/p>\n<h2>D\u00fas, ablak el\u0151tti vetem\u00e9nyes<\/h2>\n<p><img loading=\"lazy\" decoding=\"async\" width=\"700\" height=\"1050\" alt=\"D\u00fas vetem\u00e9nyes\u00e1gy\u00e1s sz\u00ednes sal\u00e1t\u00e1kkal \u00e9s f\u0171szern\u00f6v\u00e9nyekkel, k\u0151vel szeg\u00e9lyezve, k\u00f6zvetlen\u00fcl a h\u00e1z ablakai alatt.\" class=\"aligncenter size-full wp-image-4543\" src=\"https:\/\/doubletakedecor.com\/uploads\/2025\/08\/front-of-home-landscaping-ideas-dtd-23.jpg\" srcset=\"https:\/\/doubletakedecor.com\/uploads\/2025\/08\/front-of-home-landscaping-ideas-dtd-23.jpg 700w, https:\/\/doubletakedecor.com\/uploads\/2025\/08\/front-of-home-landscaping-ideas-dtd-23-200x300.jpg 200w, https:\/\/doubletakedecor.com\/uploads\/2025\/08\/front-of-home-landscaping-ideas-dtd-23-683x1024.jpg 683w, https:\/\/doubletakedecor.com\/uploads\/2025\/08\/front-of-home-landscaping-ideas-dtd-23-96x144.jpg 96w, https:\/\/doubletakedecor.com\/uploads\/2025\/08\/front-of-home-landscaping-ideas-dtd-23-280x420.jpg 280w, https:\/\/doubletakedecor.com\/uploads\/2025\/08\/front-of-home-landscaping-ideas-dtd-23-320x480.jpg 320w, https:\/\/doubletakedecor.com\/uploads\/2025\/08\/front-of-home-landscaping-ideas-dtd-23-360x540.jpg 360w, https:\/\/doubletakedecor.com\/uploads\/2025\/08\/front-of-home-landscaping-ideas-dtd-23-363x545.jpg 363w, https:\/\/doubletakedecor.com\/uploads\/2025\/08\/front-of-home-landscaping-ideas-dtd-23-370x555.jpg 370w, https:\/\/doubletakedecor.com\/uploads\/2025\/08\/front-of-home-landscaping-ideas-dtd-23-400x600.jpg 400w, https:\/\/doubletakedecor.com\/uploads\/2025\/08\/front-of-home-landscaping-ideas-dtd-23-560x840.jpg 560w, https:\/\/doubletakedecor.com\/uploads\/2025\/08\/front-of-home-landscaping-ideas-dtd-23-480x720.jpg 480w\" sizes=\"auto, (max-width: 700px) 100vw, 700px\" \/><\/p>\n<p>V\u00e1ltoztasd meg otthonod el\u0151kertj\u00e9t egy d\u00fas vetem\u00e9nyessel, k\u00f6zvetlen\u00fcl az ablak alatt! \u00dcltess elt\u00e9r\u0151 sz\u00edn\u0171 sal\u00e1t\u00e1kat d\u00edszn\u00f6v\u00e9nyekkel \u00e9s f\u0171szerekkel egy\u00fctt, hogy izgalmas \u00e9s hasznos is legyen a kert. K\u0151szeg\u00e9llyel sz\u00e9pen elk\u00fcl\u00f6n\u00edtheted a vetem\u00e9nyest, \u00edgy tiszta, rendezett lesz az \u00f6sszhat\u00e1s. \u00cdgy nemcsak friss z\u00f6lds\u00e9ged lesz, de a kerted is sokkal l\u00e1tv\u00e1nyosabb\u00e1 v\u00e1lik.<\/p>\n<h2>\u00c9l\u00e9nk vir\u00e1g\u00e1gy\u00e1sok hangulatos verand\u00e1val<\/h2>\n<p><img loading=\"lazy\" decoding=\"async\" width=\"700\" height=\"1050\" alt=\"Sz\u00e9pen rendezett el\u0151kert sz\u00ednes vir\u00e1g\u00e1gy\u00e1sokkal, \u00e1polt gyeppel, \u00e9s egy bar\u00e1ts\u00e1gos verand\u00e1val, rajta cserepes n\u00f6v\u00e9nyekkel.\" class=\"aligncenter size-full wp-image-4549\" src=\"https:\/\/doubletakedecor.com\/uploads\/2025\/08\/front-of-home-landscaping-ideas-dtd-24.jpg\" srcset=\"https:\/\/doubletakedecor.com\/uploads\/2025\/08\/front-of-home-landscaping-ideas-dtd-24.jpg 700w, https:\/\/doubletakedecor.com\/uploads\/2025\/08\/front-of-home-landscaping-ideas-dtd-24-200x300.jpg 200w, https:\/\/doubletakedecor.com\/uploads\/2025\/08\/front-of-home-landscaping-ideas-dtd-24-683x1024.jpg 683w, https:\/\/doubletakedecor.com\/uploads\/2025\/08\/front-of-home-landscaping-ideas-dtd-24-96x144.jpg 96w, https:\/\/doubletakedecor.com\/uploads\/2025\/08\/front-of-home-landscaping-ideas-dtd-24-280x420.jpg 280w, https:\/\/doubletakedecor.com\/uploads\/2025\/08\/front-of-home-landscaping-ideas-dtd-24-320x480.jpg 320w, https:\/\/doubletakedecor.com\/uploads\/2025\/08\/front-of-home-landscaping-ideas-dtd-24-360x540.jpg 360w, https:\/\/doubletakedecor.com\/uploads\/2025\/08\/front-of-home-landscaping-ideas-dtd-24-363x545.jpg 363w, https:\/\/doubletakedecor.com\/uploads\/2025\/08\/front-of-home-landscaping-ideas-dtd-24-370x555.jpg 370w, https:\/\/doubletakedecor.com\/uploads\/2025\/08\/front-of-home-landscaping-ideas-dtd-24-400x600.jpg 400w, https:\/\/doubletakedecor.com\/uploads\/2025\/08\/front-of-home-landscaping-ideas-dtd-24-560x840.jpg 560w, https:\/\/doubletakedecor.com\/uploads\/2025\/08\/front-of-home-landscaping-ideas-dtd-24-480x720.jpg 480w\" sizes=\"auto, (max-width: 700px) 100vw, 700px\" \/><\/p>\n<p>Var\u00e1zsolj v\u00e1ltozatos vir\u00e1g\u00e1gy\u00e1sokat \u00fagy, hogy h\u00e1tulra \u00fclteted a magas bokrokat, k\u00f6z\u00e9pre k\u00f6zepes \u00e9vel\u0151ket, el\u0151re pedig alacsony vir\u00e1gokat! A verand\u00e1ra is tegy\u00e9l cserepes n\u00f6v\u00e9nyeket, \u00edgy a kert \u00f6sszeforr a h\u00e1zzal, \u00e9s minden sz\u00edn, forma egys\u00e9ges lesz.<\/p>\n<h2>K\u0151l\u00e9pcs\u0151 \u00e9l\u00e9nk kerti szeg\u00e9llyel<\/h2>\n<p><img loading=\"lazy\" decoding=\"async\" width=\"700\" height=\"1050\" alt=\"Term\u00e9szetes k\u0151b\u0151l k\u00e9sz\u00fclt l\u00e9pcs\u0151k kanyarognak sz\u00ednes kertben, s\u00e1rga vir\u00e1gok, levendula \u00e9s d\u00fas z\u00f6ldek k\u00f6z\u00f6tt, ezzel kellemes kerti \u00f6sv\u00e9nyt alkotva.\" class=\"aligncenter size-full wp-image-4555\" src=\"https:\/\/doubletakedecor.com\/uploads\/2025\/08\/front-of-home-landscaping-ideas-dtd-25.jpg\" srcset=\"https:\/\/doubletakedecor.com\/uploads\/2025\/08\/front-of-home-landscaping-ideas-dtd-25.jpg 700w, https:\/\/doubletakedecor.com\/uploads\/2025\/08\/front-of-home-landscaping-ideas-dtd-25-200x300.jpg 200w, https:\/\/doubletakedecor.com\/uploads\/2025\/08\/front-of-home-landscaping-ideas-dtd-25-683x1024.jpg 683w, https:\/\/doubletakedecor.com\/uploads\/2025\/08\/front-of-home-landscaping-ideas-dtd-25-96x144.jpg 96w, https:\/\/doubletakedecor.com\/uploads\/2025\/08\/front-of-home-landscaping-ideas-dtd-25-280x420.jpg 280w, https:\/\/doubletakedecor.com\/uploads\/2025\/08\/front-of-home-landscaping-ideas-dtd-25-320x480.jpg 320w, https:\/\/doubletakedecor.com\/uploads\/2025\/08\/front-of-home-landscaping-ideas-dtd-25-360x540.jpg 360w, https:\/\/doubletakedecor.com\/uploads\/2025\/08\/front-of-home-landscaping-ideas-dtd-25-363x545.jpg 363w, https:\/\/doubletakedecor.com\/uploads\/2025\/08\/front-of-home-landscaping-ideas-dtd-25-370x555.jpg 370w, https:\/\/doubletakedecor.com\/uploads\/2025\/08\/front-of-home-landscaping-ideas-dtd-25-400x600.jpg 400w, https:\/\/doubletakedecor.com\/uploads\/2025\/08\/front-of-home-landscaping-ideas-dtd-25-560x840.jpg 560w, https:\/\/doubletakedecor.com\/uploads\/2025\/08\/front-of-home-landscaping-ideas-dtd-25-480x720.jpg 480w\" sizes=\"auto, (max-width: 700px) 100vw, 700px\" \/><\/p>\n<p>L\u00e9gy kreat\u00edv a kertedben term\u00e9szetes k\u0151b\u0151l k\u00e9sz\u00fclt l\u00e9pcs\u0151kkel, amiket \u00e9vel\u0151 vir\u00e1gok szeg\u00e9lyeznek! H\u00e1tul legyenek a magas n\u00f6v\u00e9nyek, el\u0151l alacsonyabbak, \u00edgy mozgalmas lesz a l\u00e1tv\u00e1ny. V\u00e1lassz v\u00edztakar\u00e9kos n\u00f6v\u00e9nyeket, p\u00e9ld\u00e1ul levendul\u00e1t, \u00e9s eg\u00e9sz \u00e9vben sz\u00ednes vir\u00e1gokat. A k\u00f6veket mindig \u00fagy rakd le, hogy alattuk j\u00f3 legyen a v\u00edzelvezet\u00e9s, \u00edgy es\u0151s id\u0151ben sem \u00e1ll meg a v\u00edz.<\/p>\n<h2>Klasszikus feh\u00e9r bej\u00e1rat, szimmetrikus tervez\u00e9ssel<\/h2>\n<p><img loading=\"lazy\" decoding=\"async\" width=\"700\" height=\"1050\" alt=\"B\u00e1jos, feh\u00e9r h\u00e1zbej\u00e1rat, oldalt f\u00fcgg\u0151leges bokrokkal, sz\u00ednes vir\u00e1gcserepekkel, t\u00e9glal\u00e9pcs\u0151kkel \u00e9s rendezett k\u00e9k vir\u00e1g\u00e1gy\u00e1sokkal, z\u00f6lddel.\" class=\"aligncenter size-full wp-image-4561\" src=\"https:\/\/doubletakedecor.com\/uploads\/2025\/08\/front-of-home-landscaping-ideas-dtd-26.jpg\" srcset=\"https:\/\/doubletakedecor.com\/uploads\/2025\/08\/front-of-home-landscaping-ideas-dtd-26.jpg 700w, https:\/\/doubletakedecor.com\/uploads\/2025\/08\/front-of-home-landscaping-ideas-dtd-26-200x300.jpg 200w, https:\/\/doubletakedecor.com\/uploads\/2025\/08\/front-of-home-landscaping-ideas-dtd-26-683x1024.jpg 683w, https:\/\/doubletakedecor.com\/uploads\/2025\/08\/front-of-home-landscaping-ideas-dtd-26-96x144.jpg 96w, https:\/\/doubletakedecor.com\/uploads\/2025\/08\/front-of-home-landscaping-ideas-dtd-26-280x420.jpg 280w, https:\/\/doubletakedecor.com\/uploads\/2025\/08\/front-of-home-landscaping-ideas-dtd-26-320x480.jpg 320w, https:\/\/doubletakedecor.com\/uploads\/2025\/08\/front-of-home-landscaping-ideas-dtd-26-360x540.jpg 360w, https:\/\/doubletakedecor.com\/uploads\/2025\/08\/front-of-home-landscaping-ideas-dtd-26-363x545.jpg 363w, https:\/\/doubletakedecor.com\/uploads\/2025\/08\/front-of-home-landscaping-ideas-dtd-26-370x555.jpg 370w, https:\/\/doubletakedecor.com\/uploads\/2025\/08\/front-of-home-landscaping-ideas-dtd-26-400x600.jpg 400w, https:\/\/doubletakedecor.com\/uploads\/2025\/08\/front-of-home-landscaping-ideas-dtd-26-560x840.jpg 560w, https:\/\/doubletakedecor.com\/uploads\/2025\/08\/front-of-home-landscaping-ideas-dtd-26-480x720.jpg 480w\" sizes=\"auto, (max-width: 700px) 100vw, 700px\" \/><\/p>\n<p>Alak\u00edts ki bar\u00e1ts\u00e1gos bej\u00e1ratot szimmetrikus elrendez\u00e9ssel! A l\u00e9pcs\u0151k k\u00e9t oldal\u00e1n legyenek ugyanolyan vir\u00e1gcserepek sz\u00ednes n\u00f6v\u00e9nyekkel. A magass\u00e1got keskeny bokrokkal vagy form\u00e1ra ny\u00edrt \u00f6r\u00f6kz\u00f6ldekkel egyens\u00falyozd. T\u00e9glal\u00e9pcs\u0151vel meleg, tart\u00f3s alapot adsz, az \u00e1gy\u00e1sokban pedig kontrasztos sz\u00edneket haszn\u00e1lj, hogy a kert mindig \u00e1polt \u00e9s figyelemfelkelt\u0151 legyen.<\/p>\n<h2>Kanyarg\u00f3 k\u0151\u00f6sv\u00e9ny a kertben<\/h2>\n<p><img loading=\"lazy\" decoding=\"async\" width=\"700\" height=\"1049\" alt=\"Kanyarg\u00f3s k\u0151\u00f6sv\u00e9ny \u00e1polt f\u0171ben \u00e9s \u00e9l\u00e9nk vir\u00e1g\u00e1gy\u00e1sokban, r\u00f3zsasz\u00edn \u00e9s lila vir\u00e1gokkal, buja z\u00f6ld levelekkel k\u00f6r\u00fclv\u00e9ve.\" class=\"aligncenter size-full wp-image-4567\" src=\"https:\/\/doubletakedecor.com\/uploads\/2025\/08\/front-of-home-landscaping-ideas-dtd-27.jpg\" srcset=\"https:\/\/doubletakedecor.com\/uploads\/2025\/08\/front-of-home-landscaping-ideas-dtd-27.jpg 700w, https:\/\/doubletakedecor.com\/uploads\/2025\/08\/front-of-home-landscaping-ideas-dtd-27-200x300.jpg 200w, https:\/\/doubletakedecor.com\/uploads\/2025\/08\/front-of-home-landscaping-ideas-dtd-27-683x1024.jpg 683w, https:\/\/doubletakedecor.com\/uploads\/2025\/08\/front-of-home-landscaping-ideas-dtd-27-96x144.jpg 96w, https:\/\/doubletakedecor.com\/uploads\/2025\/08\/front-of-home-landscaping-ideas-dtd-27-280x420.jpg 280w, https:\/\/doubletakedecor.com\/uploads\/2025\/08\/front-of-home-landscaping-ideas-dtd-27-320x480.jpg 320w, https:\/\/doubletakedecor.com\/uploads\/2025\/08\/front-of-home-landscaping-ideas-dtd-27-360x539.jpg 360w, https:\/\/doubletakedecor.com\/uploads\/2025\/08\/front-of-home-landscaping-ideas-dtd-27-363x544.jpg 363w, https:\/\/doubletakedecor.com\/uploads\/2025\/08\/front-of-home-landscaping-ideas-dtd-27-370x554.jpg 370w, https:\/\/doubletakedecor.com\/uploads\/2025\/08\/front-of-home-landscaping-ideas-dtd-27-400x599.jpg 400w, https:\/\/doubletakedecor.com\/uploads\/2025\/08\/front-of-home-landscaping-ideas-dtd-27-560x839.jpg 560w, https:\/\/doubletakedecor.com\/uploads\/2025\/08\/front-of-home-landscaping-ideas-dtd-27-480x719.jpg 480w\" sizes=\"auto, (max-width: 700px) 100vw, 700px\" \/><\/p>\n<p>Legyen v\u00e1ltozatos \u00e9s \u00fcde az el\u0151kerted egy kacskaring\u00f3s k\u0151\u00f6sv\u00e9nnyel, aminek k\u00e9t oldal\u00e1n sz\u00ednes vir\u00e1g\u00e1gy\u00e1sok vannak! Kombin\u00e1ld r\u00f3zsasz\u00edn \u00e9s lila vir\u00e1gokat k\u00fcl\u00f6nb\u00f6z\u0151 magass\u00e1g\u00fa z\u00f6ldekkel, p\u00e9ld\u00e1ul host\u00e1val. A k\u00f6vek k\u00f6z\u00e9 \u00fcltess talajtakar\u00f3kat, hogy az \u00f6sv\u00e9ny \u00e9lei l\u00e1gyabbak legyenek. Ez a kialak\u00edt\u00e1s eg\u00e9sz \u00e9vben rendezett, de id\u0151r\u0151l id\u0151re \u00faj sz\u00edneket mutat az \u00e9rkez\u0151 vend\u00e9geknek is.<\/p>\n<h2>Hangulatos piros Adirondack besz\u00e9lget\u0151sarok<\/h2>\n<p><img loading=\"lazy\" decoding=\"async\" width=\"700\" height=\"1050\" alt=\"K\u00e9t piros Adirondack sz\u00e9k rusztikus asztallal kavicson, k\u00f6rben d\u00fas z\u00f6ld \u00e9s vir\u00e1gz\u00f3 n\u00f6v\u00e9nyek, \u00edgy meghitt k\u00fclt\u00e9ri pihen\u0151 j\u00f6n l\u00e9tre.\" class=\"aligncenter size-full wp-image-4573\" src=\"https:\/\/doubletakedecor.com\/uploads\/2025\/08\/front-of-home-landscaping-ideas-dtd-28.jpg\" srcset=\"https:\/\/doubletakedecor.com\/uploads\/2025\/08\/front-of-home-landscaping-ideas-dtd-28.jpg 700w, https:\/\/doubletakedecor.com\/uploads\/2025\/08\/front-of-home-landscaping-ideas-dtd-28-200x300.jpg 200w, https:\/\/doubletakedecor.com\/uploads\/2025\/08\/front-of-home-landscaping-ideas-dtd-28-683x1024.jpg 683w, https:\/\/doubletakedecor.com\/uploads\/2025\/08\/front-of-home-landscaping-ideas-dtd-28-96x144.jpg 96w, https:\/\/doubletakedecor.com\/uploads\/2025\/08\/front-of-home-landscaping-ideas-dtd-28-280x420.jpg 280w, https:\/\/doubletakedecor.com\/uploads\/2025\/08\/front-of-home-landscaping-ideas-dtd-28-320x480.jpg 320w, https:\/\/doubletakedecor.com\/uploads\/2025\/08\/front-of-home-landscaping-ideas-dtd-28-360x540.jpg 360w, https:\/\/doubletakedecor.com\/uploads\/2025\/08\/front-of-home-landscaping-ideas-dtd-28-363x545.jpg 363w, https:\/\/doubletakedecor.com\/uploads\/2025\/08\/front-of-home-landscaping-ideas-dtd-28-370x555.jpg 370w, https:\/\/doubletakedecor.com\/uploads\/2025\/08\/front-of-home-landscaping-ideas-dtd-28-400x600.jpg 400w, https:\/\/doubletakedecor.com\/uploads\/2025\/08\/front-of-home-landscaping-ideas-dtd-28-560x840.jpg 560w, https:\/\/doubletakedecor.com\/uploads\/2025\/08\/front-of-home-landscaping-ideas-dtd-28-480x720.jpg 480w\" sizes=\"auto, (max-width: 700px) 100vw, 700px\" \/><\/p>\n<p>Alak\u00edts ki bar\u00e1ts\u00e1gos besz\u00e9lget\u0151sarkot k\u00e9t \u00e9l\u00e9nk piros Adirondack sz\u00e9kkel, amik egym\u00e1ssal szemben \u00e1llnak kavics\u00e1gyon. K\u00f6z\u00e9j\u00fck tegy\u00e9l egy rusztikus asztalt italoknak vagy apr\u00f3s\u00e1goknak. K\u00f6r\u00fcl\u00f6tte \u00fcltess hazai f\u0171f\u00e9l\u00e9ket \u00e9s sz\u00ednes \u00e9vel\u0151 vir\u00e1gokat, hogy m\u00e9g term\u00e9szetesebb \u00e9s intimebb legyen a hangulat. Ez a kev\u00e9s munk\u00e1t ig\u00e9nyl\u0151 sarok t\u00f6k\u00e9letes el\u0151kertbe is.<\/p>\n<h2>K\u0151 \u00e9s burkolat kombin\u00e1ci\u00f3s csal\u00e1di h\u00e1z<\/h2>\n<p><img loading=\"lazy\" decoding=\"async\" width=\"700\" height=\"1049\" alt=\"K\u00fclv\u00e1rosi h\u00e1z k\u0151 \u00e9s burkolat kombin\u00e1lt homlokzattal, nyeregtet\u0151vel, feh\u00e9r korl\u00e1ttal, d\u00fas z\u00f6lddel \u00e9s vir\u00e1gz\u00f3 n\u00f6v\u00e9nyekkel.\" class=\"aligncenter size-full wp-image-4579\" src=\"https:\/\/doubletakedecor.com\/uploads\/2025\/08\/front-of-home-landscaping-ideas-dtd-29.jpg\" srcset=\"https:\/\/doubletakedecor.com\/uploads\/2025\/08\/front-of-home-landscaping-ideas-dtd-29.jpg 700w, https:\/\/doubletakedecor.com\/uploads\/2025\/08\/front-of-home-landscaping-ideas-dtd-29-200x300.jpg 200w, https:\/\/doubletakedecor.com\/uploads\/2025\/08\/front-of-home-landscaping-ideas-dtd-29-683x1024.jpg 683w, https:\/\/doubletakedecor.com\/uploads\/2025\/08\/front-of-home-landscaping-ideas-dtd-29-96x144.jpg 96w, https:\/\/doubletakedecor.com\/uploads\/2025\/08\/front-of-home-landscaping-ideas-dtd-29-280x420.jpg 280w, https:\/\/doubletakedecor.com\/uploads\/2025\/08\/front-of-home-landscaping-ideas-dtd-29-320x480.jpg 320w, https:\/\/doubletakedecor.com\/uploads\/2025\/08\/front-of-home-landscaping-ideas-dtd-29-360x539.jpg 360w, https:\/\/doubletakedecor.com\/uploads\/2025\/08\/front-of-home-landscaping-ideas-dtd-29-363x544.jpg 363w, https:\/\/doubletakedecor.com\/uploads\/2025\/08\/front-of-home-landscaping-ideas-dtd-29-370x554.jpg 370w, https:\/\/doubletakedecor.com\/uploads\/2025\/08\/front-of-home-landscaping-ideas-dtd-29-400x599.jpg 400w, https:\/\/doubletakedecor.com\/uploads\/2025\/08\/front-of-home-landscaping-ideas-dtd-29-560x839.jpg 560w, https:\/\/doubletakedecor.com\/uploads\/2025\/08\/front-of-home-landscaping-ideas-dtd-29-480x719.jpg 480w\" sizes=\"auto, (max-width: 700px) 100vw, 700px\" \/><\/p>\n<p>Keverd a k\u00f6vet \u00e9s a burkolatot a homlokzaton, \u00edgy a h\u00e1z karakteresebb, \u00e9s \u00e9rdekesebb lesz. Mindig tartsd rendben a gyepet, ez adja az eg\u00e9sz kert alapj\u00e1t! A bej\u00e1rat k\u00e9t oldal\u00e1t szimmetrikus l\u00e1mp\u00e1sokkal \u00e9s k\u00f6nnyen gondozhat\u00f3 bokrokkal keretezd. V\u00e1lassz olyan vir\u00e1gokat, amik sz\u00ednben illenek a h\u00e1zhoz, \u00edgy az eg\u00e9sz \u00e9vben l\u00e1tv\u00e1nyos marad a kerted.<\/p>\n<h2>Klasszikus h\u00e1z sz\u00ednes kerti \u00f6sv\u00e9nnyel<\/h2>\n<p><img loading=\"lazy\" decoding=\"async\" width=\"700\" height=\"1050\" alt=\"K\u00e9tszintes feh\u00e9r h\u00e1z d\u00fas, sz\u00ednes kerttel, k\u0151\u00f6sv\u00e9nnyel, k\u00e9k verandasz\u00e9kekkel; a v\u00e9geredm\u00e9ny igaz\u00e1n h\u00edvogat\u00f3 k\u00fclcs\u00edn.\" class=\"aligncenter size-full wp-image-4585\" src=\"https:\/\/doubletakedecor.com\/uploads\/2025\/08\/front-of-home-landscaping-ideas-dtd-30.jpg\" srcset=\"https:\/\/doubletakedecor.com\/uploads\/2025\/08\/front-of-home-landscaping-ideas-dtd-30.jpg 700w, https:\/\/doubletakedecor.com\/uploads\/2025\/08\/front-of-home-landscaping-ideas-dtd-30-200x300.jpg 200w, https:\/\/doubletakedecor.com\/uploads\/2025\/08\/front-of-home-landscaping-ideas-dtd-30-683x1024.jpg 683w, https:\/\/doubletakedecor.com\/uploads\/2025\/08\/front-of-home-landscaping-ideas-dtd-30-96x144.jpg 96w, https:\/\/doubletakedecor.com\/uploads\/2025\/08\/front-of-home-landscaping-ideas-dtd-30-280x420.jpg 280w, https:\/\/doubletakedecor.com\/uploads\/2025\/08\/front-of-home-landscaping-ideas-dtd-30-320x480.jpg 320w, https:\/\/doubletakedecor.com\/uploads\/2025\/08\/front-of-home-landscaping-ideas-dtd-30-360x540.jpg 360w, https:\/\/doubletakedecor.com\/uploads\/2025\/08\/front-of-home-landscaping-ideas-dtd-30-363x545.jpg 363w, https:\/\/doubletakedecor.com\/uploads\/2025\/08\/front-of-home-landscaping-ideas-dtd-30-370x555.jpg 370w, https:\/\/doubletakedecor.com\/uploads\/2025\/08\/front-of-home-landscaping-ideas-dtd-30-400x600.jpg 400w, https:\/\/doubletakedecor.com\/uploads\/2025\/08\/front-of-home-landscaping-ideas-dtd-30-560x840.jpg 560w, https:\/\/doubletakedecor.com\/uploads\/2025\/08\/front-of-home-landscaping-ideas-dtd-30-480x720.jpg 480w\" sizes=\"auto, (max-width: 700px) 100vw, 700px\" \/><\/p>\n<p>Emeld ki a h\u00e1z bej\u00e1rat\u00e1t kanyarg\u00f3s k\u0151\u00f6sv\u00e9nnyel, melynek k\u00e9t oldal\u00e1n \u00e9l\u00e9nk vir\u00e1g\u00e1gy\u00e1sok vannak. \u00dcltess levendul\u00e1t \u00e9s r\u00f3zsasz\u00edn vir\u00e1gokat, hogy eg\u00e9sz \u00e9vben legyen, ami sz\u00ednt visz a kertbe. Tegy\u00e9l sz\u00ednes kerti b\u00fatorokat a verand\u00e1ra, \u00edgy a kert \u00e9s h\u00e1z k\u00f6z\u00f6tt is meglesz a kapcsol\u00f3d\u00e1s. Mindig \u00fcgyelj r\u00e1, hogy a gyep \u00e9s az \u00e1gy\u00e1sok szeg\u00e9lye rendezett, egyenes legyen, \u00edgy lesz igaz\u00e1n sz\u00e9p az \u00f6sszhat\u00e1s.<\/p>\n<h2>GYIK<\/h2>\n<details class=\"g-accordion \"><summary><h3>Melyek a legjobb \u00f6tletek az el\u0151kert kialak\u00edt\u00e1s\u00e1hoz?<\/h3><\/summary>\n<p>Ha szeretn\u00e9d, hogy a h\u00e1zad el\u0151tti kert igaz\u00e1n l\u00e1tv\u00e1nyos legyen, tervezz egy bar\u00e1ts\u00e1gos bej\u00e1ratot, ahol a n\u00f6v\u00e9nyek, vir\u00e1gok \u00e9s kem\u00e9ny fel\u00fcletek (mint a k\u00f6vek vagy j\u00e1rd\u00e1k) j\u00f3l kieg\u00e9sz\u00edtik egym\u00e1st. Fontos, hogy a kert st\u00edlusa passzoljon a h\u00e1zhoz, \u00edgy minden \u00f6sszhangban lesz. \u00c9rdemes olyan \u00e9vszakos n\u00f6v\u00e9nyeket v\u00e1lasztani, mint a tulip\u00e1n vagy a liliom, hogy mindig legyen valami sz\u00ednes vagy \u00e9rdekes a kertben.<\/p>\n<p>\u00dcltess \u0151shonos n\u00f6v\u00e9nyeket, p\u00e9ld\u00e1ul <strong>levendul\u00e1t<\/strong> vagy <strong>r\u00f3zsasz\u00edn spire\u00e1t<\/strong>, mert ezek kev\u00e9s gondoz\u00e1ssal is sz\u00e9pen fejl\u0151dnek, \u00e9s j\u00f3l b\u00edrj\u00e1k a helyi id\u0151j\u00e1r\u00e1st. Ha szeretn\u00e9l egy kis \u00e1rny\u00e9kot \u00e9s karakteres form\u00e1kat, v\u00e1lassz bokrokat, p\u00e9ld\u00e1ul a <strong>puszp\u00e1ngot<\/strong> vagy d\u00edsz<strong>cseresznyef\u00e1t<\/strong>.<\/p>\n<p>Az utcafront szebb lesz, ha tiszt\u00e1n l\u00e1tod hol kezd\u0151dik \u00e9s hol \u00e9r v\u00e9get a kert. Haszn\u00e1lhatsz term\u00e9szetes k\u00f6veket vagy betonszeg\u00e9lyt, hogy ne folyjon sz\u00e9t a mulcs, \u00e9s a kert rendezettnek t\u0171nj\u00f6n. Ha a hat\u00e1rokat nem egyenesen, hanem \u00edvesen alak\u00edtod ki, a kert l\u00e1gyabbnak, term\u00e9szetesebbnek hat.<\/p>\n<p>Vir\u00e1g\u00e1gy\u00e1sokban keverd a magasabb \u00e9s alacsonyabb n\u00f6v\u00e9nyeket, \u00e9s \u00fcltess \u00e9vel\u0151ket (amik minden \u00e9vben visszan\u0151nek) egyny\u00e1riakkal, \u00edgy mindig lesz mi vir\u00e1gozzon. Kis kavicsok vagy talajtakar\u00f3k, mint p\u00e9ld\u00e1ul a k\u00fasz\u00f3 kakukkf\u0171, nemcsak sz\u00e9pek, hanem kevesebb gondoz\u00e1st is ig\u00e9nyelnek.<\/p>\n<p>Jel\u00f6lj ki kavicsb\u00f3l vagy k\u0151b\u0151l s\u00e9t\u00e1nyokat, ezek vezethetik a vend\u00e9geket a kertben. Az okosan elhelyezett l\u00e1mp\u00e1k egyszerre teszik szebb\u00e9 \u00e9s biztons\u00e1gosabb\u00e1 a kertet este. <strong>Ha a j\u00e1rd\u00e1k mell\u00e9 napelemes l\u00e1mp\u00e1kat teszel, kiemelheted a fontos r\u00e9szeket plusz villanysz\u00e1mla n\u00e9lk\u00fcl.<\/strong><\/p>\n<p>V\u00e9g\u00fcl, sp\u00f3rolhatsz, ha magad bark\u00e1csolsz n\u00e9h\u00e1ny dolgot, vagy \u00fajrahasznos\u00edtott anyagokat haszn\u00e1lsz fel. \u00cdgy akkor is lehet mutat\u00f3s kerted, ha nem szeretn\u00e9l sokat k\u00f6lteni.<\/p>\n<\/details><details class=\"g-accordion \"><summary><h3>Milyen kreat\u00edv \u00f6tletekkel lehet feldobni a kerti teret?<\/h3><\/summary>\n<p>Alak\u00edtsd \u00e1t a kertedet egyedi, bar\u00e1ts\u00e1gos helly\u00e9 \u00f6tletes megold\u00e1sokkal! Ha sokf\u00e9le n\u00f6v\u00e9nyt, sz\u00ednt \u00e9s form\u00e1t haszn\u00e1lsz, izgalmasabb lesz az \u00f6sszk\u00e9p. Pr\u00f3b\u00e1lj ki t\u00e9m\u00e1s kerteket is:<\/p>\n<ul>\n<li>a vid\u00e9ki (cottage) kertekn\u00e9l laza elrendez\u00e9sben sok illatos vir\u00e1g \u2013 p\u00e9ld\u00e1ul szegf\u0171 vagy fut\u00f3 iszalag \u2013 ny\u00edlik,<\/li>\n<li>a zen kertben n\u00e9h\u00e1ny szikla \u00e9s kev\u00e9s z\u00f6ld n\u00f6v\u00e9ny teremti meg a nyugalmat.<\/li>\n<\/ul>\n<p>Ha f\u00fcgg\u0151leges form\u00e1kat szeretn\u00e9l, tegy\u00e9l be <strong>r\u00e1csokat vagy lugasokat<\/strong>, amelyekre fut\u00f3n\u00f6v\u00e9nyeket nevelhetsz. Az emelt \u00e1gy\u00e1sokban k\u00f6nnyebb lehet z\u00f6lds\u00e9get vagy vir\u00e1got termeszteni, mert a f\u00f6ld is jobb min\u0151s\u00e9g\u0171, \u00e9s a gondoz\u00e1s is egyszer\u0171bb. A term\u00e9szetes k\u0151b\u0151l vagy kavicsb\u00f3l rakott \u00f6sv\u00e9nyek nem csak mutat\u00f3sak, hanem seg\u00edtenek a t\u00e1j\u00e9koz\u00f3d\u00e1sban is.<\/p>\n<p>Az \u00e9vszakos vir\u00e1gtart\u00f3k gyorsan \u00e9s egyszer\u0171en feldobj\u00e1k a kertet. Tavasszal \u00e9s ny\u00e1ron \u00e9l\u00e9nk sz\u00edn\u0171 egyny\u00e1riakat \u00fcltess, \u0151sszel \u00e9s t\u00e9len cser\u00e9ld \u00f6r\u00f6kz\u00f6ldekre vagy d\u00edszes kasp\u00f3kra, \u00edgy mindig lesz valami l\u00e1tnival\u00f3.<\/p>\n<p>Ha szeretn\u00e9l k\u00f6rnyezetbar\u00e1t kertet, <strong>sz\u00e1razs\u00e1gt\u0171r\u0151 n\u00f6v\u00e9nyek<\/strong> \u2013 mint p\u00e9ld\u00e1ul az izs\u00f3p vagy az oroszmandula \u2013 kev\u00e9s v\u00edzzel is sz\u00e9pen n\u0151nek, \u00e9s a helyi rovarokat is odavonzz\u00e1k, \u00edgy n\u0151 a biodiverzit\u00e1s.<\/p>\n<p>A legjobb, ha a sz\u00e9p l\u00e1tv\u00e1ny \u00e9s a k\u00f6nny\u0171 gondoz\u00e1s j\u00f3l kieg\u00e9sz\u00edtik egym\u00e1st. A talajtakar\u00f3k, p\u00e9ld\u00e1ul a r\u00f3zsasz\u00edn spirea vagy az aranysom, cs\u00f6kkentik a gyoml\u00e1l\u00e1sra ford\u00edtott id\u0151t, m\u00e9gis buj\u00e1n bor\u00edtj\u00e1k a kertet.<\/p>\n<\/details><details class=\"g-accordion \"><summary><h3>Hogyan alak\u00edthatsz ki takar\u00e9kos el\u0151kertet?<\/h3><\/summary>\n<p>Egy <strong>k\u00f6lts\u00e9ghat\u00e9kony el\u0151kert<\/strong> kialak\u00edt\u00e1s\u00e1hoz \u00e9rdemes alaposan \u00e1tgondolni mindent, hogy ne k\u00f6lts f\u00f6l\u00f6slegesen. Kezdd egy egyszer\u0171, k\u00f6nnyen haszn\u00e1lhat\u00f3 tervvel. \u00dcltess \u0151shonos n\u00f6v\u00e9nyeket, p\u00e9ld\u00e1ul <strong>levendul\u00e1t<\/strong> vagy <strong>r\u00f3zsasz\u00edn spire\u00e1t<\/strong>, mert ezek kev\u00e9s vizet ig\u00e9nyelnek, gyorsan alkalmazkodnak, \u00e9s a karbantart\u00e1suk olcs\u00f3bb.<\/p>\n<p>B\u00e1tran \u00e1llj neki egyszer\u0171bb kerti munk\u00e1knak, p\u00e9ld\u00e1ul s\u00e9t\u00e1ny vagy \u00e1gy\u00e1sszeg\u00e9ly kialak\u00edt\u00e1s\u00e1nak. Olcs\u00f3n is lehet mutat\u00f3s anyagokat tal\u00e1lni, p\u00e9ld\u00e1ul <strong>kavicsot<\/strong> vagy <strong>term\u00e9sk\u00f6vet<\/strong>. Ha otthon tal\u00e1lsz \u00fajrahasznos\u00edthat\u00f3 dolgokat, vagy haszn\u00e1ltan v\u00e1s\u00e1rolsz hozz\u00e1, azzal m\u00e9g t\u00f6bbet sp\u00f3rolhatsz \u00fagy, hogy a st\u00edlus is megmarad.<\/p>\n<ul>\n<li>az \u00e9vszakos vir\u00e1gtart\u00f3k olcs\u00f3 megold\u00e1st jelentenek, ha sz\u00ednt vinn\u00e9l a kertbe,<\/li>\n<li>tavasszal \u00e9s ny\u00e1ron v\u00e1logass az \u00e9l\u00e9nk egyny\u00e1riakb\u00f3l,<\/li>\n<li>\u0151sszel \u00e9s t\u00e9len pedig \u00fcltesd be \u00f6r\u00f6kz\u00f6ldekkel vagy d\u00edszt\u00e1rgyakkal, hogy mindig legyen valami sz\u00e9p a kertben.<\/li>\n<\/ul>\n<p>Ne akard egyszerre teljesen \u00e1talak\u00edtani az eg\u00e9sz kertet, ink\u00e1bb v\u00e1lassz ki n\u00e9h\u00e1ny hangs\u00falyos elemet. A <strong>betonszeg\u00e9ly<\/strong> p\u00e9ld\u00e1ul j\u00f3l k\u00f6rbehat\u00e1rolja az \u00e1gy\u00e1sokat, a mulcsot hely\u00e9n tartja, \u00edgy k\u00e9s\u0151bb is kevesebb gondod lesz r\u00e1.<\/p>\n<p>V\u00e9g\u00fcl pedig v\u00e1lassz olyan alacsony gondoz\u00e1sig\u00e9ny\u0171 n\u00f6v\u00e9nyeket, mint a <strong>k\u00fasz\u00f3 kakukkf\u0171<\/strong> vagy a <strong>varj\u00fah\u00e1j<\/strong>. Ezek kev\u00e9s t\u00f6r\u0151d\u00e9st ig\u00e9nyelnek, m\u00e9gis s\u0171r\u0171n takarj\u00e1k a talajt. Ha az alapokra figyelsz, \u00e9s okos \u00f6tleteket haszn\u00e1lsz, akkor sz\u00e9p lesz a kerted an\u00e9lk\u00fcl, hogy t\u00fal sokat k\u00f6lten\u00e9l r\u00e1.<\/p>\n<\/details><details class=\"g-accordion \"><summary><h3>Milyen bokrok, vir\u00e1gok \u00e9s f\u00e1k illenek az el\u0151kertbe?<\/h3><\/summary>\n<p>Az el\u0151kert megtervez\u00e9s\u00e9n\u00e9l az a fontos, hogy j\u00f3l \u00f6sszev\u00e1logasd a bokrokat, vir\u00e1gokat \u00e9s f\u00e1kat, \u00edgy bar\u00e1ts\u00e1gos \u00e9s rendezett lesz az \u00f6sszhat\u00e1s.<\/p>\n<ul>\n<li>Kezdd olyan bokrokkal, mint a <strong>puszp\u00e1ng<\/strong> vagy a <strong>r\u00f3zsasz\u00edn vir\u00e1g\u00fa gy\u00f6ngyvir\u00e1gcserje<\/strong> \u2013 ezek sz\u00e9p form\u00e1t adnak a kertnek, \u00e9s eg\u00e9sz \u00e9vben \u00e9rdekesek,<\/li>\n<li>az <strong>aranysom<\/strong> vagy m\u00e1s \u00f6r\u00f6kz\u00f6ldek folyamatosan z\u00f6ld h\u00e1tteret biztos\u00edtanak.<\/li>\n<\/ul>\n<p>\u00dcltess sokf\u00e9le vir\u00e1got, hogy tavaszt\u00f3l \u0151szig mindig legyen valami, ami ny\u00edlik.<\/p>\n<ul>\n<li>\u00c9vel\u0151 vir\u00e1gok k\u00f6z\u00fcl v\u00e1laszd p\u00e9ld\u00e1ul a <strong>kasvir\u00e1got<\/strong>, <strong>liliomot<\/strong> vagy <strong>varj\u00fah\u00e1jat<\/strong> \u2013 ezek m\u00e1s-m\u00e1s id\u0151ben vir\u00e1goznak, \u00edgy mindig lesz sz\u00edn a kertben,<\/li>\n<li>a <strong>szegf\u0171<\/strong> is j\u00f3 v\u00e1laszt\u00e1s \u2013 \u00e9l\u00e9nk sz\u00ednfoltot ad az \u00e1gy\u00e1snak, \u00e9s nem kell sokat foglalkozni vele,<\/li>\n<li>Ha szeretn\u00e9d, hogy a kertnek legyenek magasabb pontjai, \u00fcltesd <strong>d\u00edszcsereszny\u00e9t<\/strong> vagy <strong>juharf\u00e1t<\/strong>; ezek vir\u00e1gz\u00e1sa igaz\u00e1n mutat\u00f3s tavasszal.<\/li>\n<\/ul>\n<p><strong>Ha azt szeretn\u00e9d, hogy a n\u00f6v\u00e9nyeid sok\u00e1ig j\u00f3l fejl\u0151djenek, mindenk\u00e9pp vedd figyelembe az adott hely kl\u00edm\u00e1j\u00e1t \u00e9s a talaj t\u00edpus\u00e1t!<\/strong> Ha \u00fcgyesen vari\u00e1lod a n\u00f6v\u00e9nyeket, egyszerre lesz sz\u00e9p \u00e9s rendezett a kerted, amely minden szomsz\u00e9dod figyelm\u00e9t felkelti.<\/p>\n<\/details><details class=\"g-accordion \"><summary><h3>Milyen kev\u00e9s gondoz\u00e1st ig\u00e9nyl\u0151 n\u00f6v\u00e9nyeket \u00e9rdemes az el\u0151kertbe \u00fcltetni?<\/h3><\/summary>\n<p>Sz\u00e9p el\u0151kertet \u00fagy is kialak\u00edthatsz, ha <strong>\u0151shonos n\u00f6v\u00e9nyeket<\/strong> v\u00e1lasztasz. Ezek j\u00f3l b\u00edrj\u00e1k az id\u0151j\u00e1r\u00e1st, \u00e9s sokkal kevesebb \u00f6nt\u00f6z\u00e9st vagy \u00e1pol\u00e1st ig\u00e9nyelnek.<\/p>\n<ul>\n<li>A d\u00edszf\u00fcvek, p\u00e9ld\u00e1ul a deres csenkesz vagy a tollborzf\u0171, \u00e9rdekes mozg\u00e1st \u00e9s text\u00far\u00e1t adnak kev\u00e9s energi\u00e1val is,<\/li>\n<li>a varj\u00fah\u00e1j vagy a bors\u00f3k\u0151vir\u00e1gf\u00e9le pozsg\u00e1sok szinte alig ig\u00e9nyelnek vizet, m\u00e9gis k\u00fcl\u00f6nlegesek,<\/li>\n<li>talajtakar\u00f3nak a k\u00fasz\u00f3 kakukkf\u0171 vagy a moha j\u00f3 v\u00e1laszt\u00e1s, mert s\u0171r\u0171, z\u00f6ld sz\u0151nyeget ad, \u00edgy ritk\u00e1bban kell ny\u00edrni, gyoml\u00e1lni,<\/li>\n<li>a strapab\u00edr\u00f3 \u00e9vel\u0151k, mint p\u00e9ld\u00e1ul a levendula, illattal t\u00f6ltik meg a kertet, \u00e9s szinte \u00f6n\u00e1ll\u00f3an n\u0151nek fel, ha egyszer el\u00fcltetted \u0151ket.<\/li>\n<\/ul>\n<p>M\u00e9g k\u00f6nnyebb lesz a dolgod, ha <strong>mulccsal<\/strong> betakarod a f\u00f6ldet a n\u00f6v\u00e9nyek k\u00f6z\u00f6tt \u2013 \u00edgy nem sz\u00e1rad ki a talaj, \u00e9s a gyomok sem n\u0151nek olyan gyorsan. Ha ilyen <strong>kev\u00e9s gondoz\u00e1s\u00fa<\/strong> n\u00f6v\u00e9nyeket v\u00e1lasztasz, akkor szinte mag\u00e1t\u00f3l sz\u00e9p lesz az el\u0151kerted, m\u00e9g akkor is, ha sok a teend\u0151d.<\/p>\n<\/details><details class=\"g-accordion \"><summary><h3>Hogyan alak\u00edthatsz ki sz\u00e1razs\u00e1gt\u0171r\u0151 el\u0151kertet?<\/h3><\/summary>\n<p>Olyan el\u0151kertet is tervezhetsz, ami j\u00f3l b\u00edrja a sz\u00e1razabb id\u0151szakokat, m\u00e9gis mutat\u00f3s marad. El\u0151sz\u00f6r is v\u00e1lassz <strong>\u0151shonos n\u00f6v\u00e9nyeket<\/strong>, p\u00e9ld\u00e1ul levendul\u00e1t vagy orosz zs\u00e1ly\u00e1t. Ezeknek kev\u00e9s v\u00edz kell, m\u00e9gis \u00fcde, d\u00fas lesz t\u0151le a kerted.<\/p>\n<p>Haszn\u00e1lj <strong>xeriszkaping<\/strong> m\u00f3dszereket a kertedben:<\/p>\n<ul>\n<li>\u00fcltess egym\u00e1s mell\u00e9 olyan n\u00f6v\u00e9nyeket, amelyek hasonl\u00f3an t\u0171rik a vizet,<\/li>\n<li>takard le a talajt mulccsal, hogy jobban bent maradjon a nedvess\u00e9g,<\/li>\n<li>tervezz t\u00f6bb kavicsos, k\u00f6ves r\u00e9szt, \u00edgy cs\u00f6kkented a f\u0171 mennyis\u00e9g\u00e9t.<\/li>\n<\/ul>\n<p><strong>A mulcsoz\u00e1s nemcsak vizet fog meg, hanem kevesebb gyomot is jelent \u2013 \u00edgy kevesebbet kell gondoznod a kertet.<\/strong> Ezekkel az \u00f6tletekkel sok vizet sp\u00f3rolhatsz.<\/p>\n<p>Ha lehet, \u00e9p\u00edts ki <strong>csepegtet\u0151s \u00f6nt\u00f6z\u0151rendszert<\/strong>, ez a n\u00f6v\u00e9nyek t\u00f6v\u00e9n\u00e9l adja le a vizet, ez\u00e9rt szinte semmi nem megy k\u00e1rba, mint a locsol\u00f3val.<\/p>\n<p><strong>Ha \u00edgy tervezed meg a kertet, nemcsak sz\u00e9p lesz, de a sz\u00e1razabb id\u0151szakokat is k\u00f6nnyebben \u00e1tv\u00e9szeli.<\/strong><\/p>\n<\/details> <details class=\"g-accordion \"><summary><h3>Mik a legfontosabb szempontok \u0151shonos n\u00f6v\u00e9nyek kiv\u00e1laszt\u00e1sakor?<\/h3><\/summary>\n<p>Amikor \u0151shonos n\u00f6v\u00e9nyeket v\u00e1lasztasz kertedbe, \u00e9rdemes ezeket figyelembe venni:<\/p>\n<ul>\n<li>legyenek \u00f6sszehangban a helyi kl\u00edm\u00e1val, a talajjal \u00e9s a napf\u00e9nnyel,<\/li>\n<li>ellen\u00e1lljanak a k\u00e1rtev\u0151knek \u00e9s betegs\u00e9geknek, \u00edgy egyszer\u0171bb lesz a gondoz\u00e1suk,<\/li>\n<li>seg\u00edts\u00e9k a helyi \u00e1llatvil\u00e1got \u00e9s n\u00f6velj\u00e9k a biodiverzit\u00e1st,<\/li>\n<li>n\u00e9zz ut\u00e1na, mely \u0151shonos fajok \u00e9rzik j\u00f3l magukat n\u00e1latok,<\/li>\n<li>tudd meg, mennyire terjednek \u00e9s milyen t\u00f6r\u0151d\u00e9st ig\u00e9nyelnek.<\/li>\n<\/ul>\n<p><strong>\u00cdgy egy fenntarthat\u00f3 kertet alak\u00edthatsz ki, amely t\u00f6k\u00e9letesen illeszkedik a k\u00f6rnyezet\u00e9hez.<\/strong><\/p>\n<\/details><details class=\"g-accordion \"><summary><h3>Hogyan var\u00e1zsolhatsz sz\u00ednes kertet \u00e9vszakos kasp\u00f3kkal?<\/h3><\/summary>\n<p>Az \u00e9vszakos kasp\u00f3k igazi sz\u00ednfoltot visznek az udvarodba eg\u00e9sz \u00e9vben. Kezdd azzal, hogy az adott \u00e9vszakhoz ill\u0151 n\u00f6v\u00e9nyeket v\u00e1lasztasz:<\/p>\n<ul>\n<li>tavasszal a tulip\u00e1nok \u00e9s \u00e1rv\u00e1csk\u00e1k friss, vid\u00e1m hangulatot adnak,<\/li>\n<li>ny\u00e1ron az egyny\u00e1riak, p\u00e9ld\u00e1ul a pet\u00fania vagy a musk\u00e1tli, sz\u00e9pen vir\u00e1goznak kasp\u00f3kban,<\/li>\n<li>\u0151sszel a d\u00edszk\u00e1poszta \u00e9s a krizant\u00e9m m\u00e9lyebb, gazdag sz\u00edneket hoz,<\/li>\n<li>t\u00e9len az \u00f6r\u00f6kz\u00f6ldeket \u00fcnnepi d\u00edszekkel feldobva is \u00fcltetheted, hogy kerted ilyenkor is \u00e9l\u00e9nk maradjon.<\/li>\n<\/ul>\n<p>\u00cdgy az udvarod eg\u00e9sz \u00e9vben l\u00e1tv\u00e1nyos lesz, minim\u00e1lis munk\u00e1val.<\/p>\n<p>A kasp\u00f3k elhelyez\u00e9se nagyon fontos, hogy igaz\u00e1n \u00e9rv\u00e9nyes\u00fcljenek. Tedd \u0151ket bej\u00e1rathoz vagy kerti \u00f6sv\u00e9nyek mell\u00e9, \u00edgy bar\u00e1ts\u00e1gos hangulatot teremtenek. Ha k\u00fcl\u00f6nb\u00f6z\u0151 m\u00e9ret\u0171 \u00e9s st\u00edlus\u00fa kasp\u00f3kat kombin\u00e1lsz, a kerted m\u00e9g v\u00e1ltozatosabb \u00e9s egyedibb lesz.<\/p>\n<p>Az \u00e9vszakos kasp\u00f3k j\u00f3l \u00e1tgondolt haszn\u00e1lat\u00e1val mindig \u00e9l\u00e9nk \u00e9s bar\u00e1ts\u00e1gos lesz az el\u0151kerted \u2013 <strong>egyszer\u0171, de hat\u00e1sos m\u00f3dja annak, hogy sz\u00e9pen mutasson az otthonod k\u00edv\u00fclr\u0151l is, t\u00e9len-ny\u00e1ron.<\/strong><\/p>\n<\/details><details class=\"g-accordion \"><summary><h3>Milyen tippekkel lehet sz\u00e9p vir\u00e1g\u00e1gy\u00e1st kialak\u00edtani az el\u0151kertben?<\/h3><\/summary>\n<p>Ha mutat\u00f3s vir\u00e1g\u00e1gy\u00e1st szeretn\u00e9l az el\u0151kertbe, \u00fcltess \u00e9vel\u0151ket egy- \u00e9s k\u00e9tny\u00e1ri vir\u00e1gok mell\u00e9, \u00edgy hosszan tart\u00f3 vir\u00e1gz\u00e1st kapsz. V\u00e1ltozatos magass\u00e1g\u00fa \u00e9s level\u0171 n\u00f6v\u00e9nyeket v\u00e1lassz, hogy \u00e9rdekesebb legyen az \u00f6sszhat\u00e1s. Figyelj a helyes t\u0151t\u00e1vols\u00e1gra, mert a szell\u0151sebb \u00fcltet\u00e9s seg\u00edt megel\u0151zni a betegs\u00e9geket \u00e9s jav\u00edtja a n\u00f6v\u00e9nyek eg\u00e9szs\u00e9g\u00e9t. <strong>A mulcs megtartja a nedvess\u00e9get \u00e9s visszafogja a gyomokat.<\/strong><\/p>\n<p>Sz\u00e9p, rendezett hat\u00e1st adhatsz, ha szeg\u00e9lyezel \u2013 term\u00e9szetes k\u00f6vekkel vagy d\u00edsz\u00edtett szeg\u00e9lyekkel, amelyek illenek a h\u00e1zad st\u00edlus\u00e1hoz. <strong>Ha rendszeresen lecs\u00edped az elny\u00edlt vir\u00e1gokat, \u00fajabb bimb\u00f3k fejl\u0151dnek, \u00e9s eg\u00e9sz szezonban sz\u00e9p marad a kerted.<\/strong><\/p>\n<p>V\u00e1lassz olyan n\u00f6v\u00e9nyeket, amelyek b\u00edrj\u00e1k a k\u00f6rny\u00e9ken jellemz\u0151 id\u0151j\u00e1r\u00e1st \u2013 \u00edgy k\u00f6nnyebben gondozhat\u00f3k lesznek, \u00e9s id\u0151vel egy fenntarthat\u00f3, mutat\u00f3s el\u0151kertet kapsz minim\u00e1lis munk\u00e1val.<\/p>\n<\/details><details class=\"g-accordion \"><summary><h3>Hogyan emelhetik ki a szeg\u00e9lyek az el\u0151kert sz\u00e9ps\u00e9g\u00e9t?<\/h3><\/summary>\n<p><strong>A kerti szeg\u00e9lyek<\/strong> remek\u00fcl kiemelik az el\u0151kert sz\u00e9ps\u00e9g\u00e9t azzal, hogy rendezett, j\u00f3l l\u00e1that\u00f3 hat\u00e1rt adnak a vir\u00e1g\u00e1gy\u00e1soknak vagy kerti utaknak. Lehetnek p\u00e9ld\u00e1ul k\u0151b\u0151l, f\u00e1b\u00f3l vagy f\u00e9mb\u0151l, minden anyag m\u00e1s-m\u00e1s text\u00far\u00e1t \u00e9s hangulatot ad a kertnek.<\/p>\n<p>Nemcsak d\u00edsz\u00edtenek, hanem seg\u00edtenek a talajt \u00e9s a mulcsot a hely\u00e9n tartani, illetve kevesebb gyom n\u0151 majd k\u00f6z\u00f6tt\u00fck, \u00edgy rendezettebb lesz az udvar. A szeg\u00e9lyek vezetik a tekintetet a kertben, kiemelik a l\u00e9nyeges r\u00e9szeket, seg\u00edtenek a harmonikus, egys\u00e9ges elrendez\u00e9sben.<\/p>\n<p><strong>Ezek a hat\u00e1rozott \u00e9lek rendszert adnak a kertnek, ett\u0151l otthonosabb, mutat\u00f3sabb lesz az \u00f6sszhat\u00e1s.<\/strong> A sokf\u00e9le anyag k\u00f6z\u00fcl mindenki kiv\u00e1laszthatja, mi illik a h\u00e1z st\u00edlus\u00e1hoz: rusztikus hangulatra p\u00e9ld\u00e1ul a term\u00e9szetes k\u00f6vek j\u00f3k, modern hat\u00e1st ad a f\u00e9m.<\/p>\n<p>Ez a megold\u00e1s nem csak szebb, de praktikus is, mert egyszer\u0171bb\u00e9 teszi a kerti munk\u00e1kat.<\/p>\n<\/details><details class=\"g-accordion \"><summary><h3>\u00c9rdemes-e kanyarg\u00f3s kerti szeg\u00e9lyeket v\u00e1lasztani?<\/h3><\/summary>\n<p>A kanyarg\u00f3s, hull\u00e1mos szeg\u00e9lyek term\u00e9szetesebb, bar\u00e1ts\u00e1gosabb hangulatot adnak a kertnek, mint az egyenes vonalak. Seg\u00edtenek kellemes, l\u00e1gy \u00e1tmeneteket teremteni, ett\u0151l az udvar rendezettebb \u00e9s izgalmasabb lesz. A g\u00f6rbe szeg\u00e9lyek j\u00f3l elk\u00fcl\u00f6n\u00edtik a k\u00fcl\u00f6nb\u00f6z\u0151 r\u00e9szeket, p\u00e9ld\u00e1ul a vir\u00e1g\u00e1gy\u00e1st a gyepfel\u00fclett\u0151l, \u00edgy praktikusak \u00e9s sz\u00e9pek is egyszerre.<\/p>\n<p>Fontos, hogy ezek a form\u00e1k illjenek a h\u00e1z st\u00edlus\u00e1hoz \u00e9s a megl\u00e9v\u0151 kerthez \u2013 \u00edgy harm\u00f3ni\u00e1t \u00e9s \u00f6sszhangot adnak. R\u00e1ad\u00e1sul <strong>kanyarokhoz is t\u00f6bbf\u00e9le anyagot haszn\u00e1lhatsz<\/strong>: k\u0151, f\u00e9m, fa \u2013 mindegyik j\u00f3l illeszkedik p\u00e9ld\u00e1ul kerti utakhoz vagy d\u00edszes szeg\u00e9lyekhez.<\/p>\n<p>A hull\u00e1mos szeg\u00e9lyek plusz m\u00e9lys\u00e9get \u00e9s \u00e9rdekess\u00e9get visznek a kertbe. Ett\u0151l az el\u0151kerted bar\u00e1ts\u00e1gosabb\u00e1, izgalmasabb\u00e1 v\u00e1lik, \u00e9s sz\u00edvesen fedezi fel b\u00e1rki, aki arra j\u00e1r.<\/p>\n<\/details><details class=\"g-accordion \"><summary><h3>Milyen el\u0151nyei vannak a kerti szeg\u00e9lyeknek \u00e9s d\u00edszszeg\u00e9lyeknek?<\/h3><\/summary>\n<p>A kerti szeg\u00e9lyek \u00e9s d\u00edszszeg\u00e9lyek nemcsak szebb\u00e9, de praktikusabb\u00e1 is teszik az udvart. Hat\u00e1rozott hat\u00e1rt adnak a vir\u00e1g\u00e1gy\u00e1soknak, kerti \u00f6sv\u00e9nyeknek vagy a gyepnek: \u00edgy \u00e1ttekinthet\u0151bb lesz a kert, \u00e9s k\u00f6nnyebb rendben tartani.<\/p>\n<ul>\n<li>A szeg\u00e9lyek megel\u0151zik a talaj kimos\u00f3d\u00e1s\u00e1t, mert megtartj\u00e1k a f\u00f6ldet \u00e9s a mulcsot,<\/li>\n<li>cs\u00f6kkentik a gyomn\u00f6veked\u00e9st, \u00edgy a n\u00f6v\u00e9nyek t\u00f6bb t\u00e1panyaghoz jutnak,<\/li>\n<li>ett\u0151l eg\u00e9szs\u00e9gesebb lesz a kerted.<\/li>\n<\/ul>\n<p>L\u00e1tv\u00e1ny szempontj\u00e1b\u00f3l is sokat sz\u00e1m\u00edt: <strong>a szeg\u00e9lyek egyedi form\u00e1kat \u00e9s st\u00edlust adhatnak<\/strong> a kertednek. Anyagb\u00f3l is t\u00f6bbf\u00e9le van: k\u0151, f\u00e9m, fa \u2013 ezek j\u00f3l illeszthet\u0151k a h\u00e1zad st\u00edlus\u00e1hoz, egy saj\u00e1tos karaktert \u00e9s harm\u00f3ni\u00e1t teremtenek az udvarban.<\/p>\n<p>Ezek a kieg\u00e9sz\u00edt\u0151k nemcsak d\u00edsz\u00edtenek, hanem egyszer\u0171s\u00edtik a kerti munk\u00e1t \u00e9s n\u00f6velik az el\u0151kert vonzerej\u00e9t is.<\/p>\n<\/details><details class=\"g-accordion \"><summary><h3>Hogyan haszn\u00e1lhatod a kavicsokat \u00e9s term\u00e9szetes k\u00f6veket a kertben?<\/h3><\/summary>\n<p>A folyami kavicsok \u00e9s term\u00e9szetes k\u00f6vek l\u00e1tv\u00e1nyosak \u00e9s hasznosak is a kertben. Hangulatos s\u00e9t\u00e1nyokat alak\u00edthatsz ki vel\u00fck, amelyek v\u00e9gigvezetnek a kerteden. Ha vir\u00e1g\u00e1gy\u00e1sok sz\u00e9l\u00e9t d\u00edsz\u00edted vel\u00fck, nemcsak hat\u00e1rt adsz, hanem \u00e9rdekes text\u00far\u00e1t is viszel a l\u00e1tv\u00e1nyba.<\/p>\n<p>K\u00fcl\u00f6nlegesebb r\u00e9szeket is meg\u00e1lmodhatsz: p\u00e9ld\u00e1ul sz\u00e1raz patakmedret vagy sziklakertet, amelyek a term\u00e9szet sz\u00e9ps\u00e9g\u00e9t id\u00e9zik. Ezek a k\u00f6vek <strong>seg\u00edtenek a v\u00edzelvezet\u00e9sben<\/strong> \u00e9s <strong>megel\u0151zik a talajer\u00f3zi\u00f3t<\/strong>, \u00edgy tart\u00f3s \u00e9s fenntarthat\u00f3 lesz a kert.<\/p>\n<p>Amikor k\u00f6veket v\u00e1lasztasz, figyelj r\u00e1:<\/p>\n<ul>\n<li>olyan m\u00e9ret\u0171 \u00e9s sz\u00edn\u0171 legyen, ami illik a kerted hangulat\u00e1hoz,<\/li>\n<li>a nagyobb k\u00f6vek j\u00f3l mutatnak hangs\u00falyos elemekk\u00e9nt vir\u00e1g\u00e1gy\u00e1sban vagy f\u00e1k k\u00f6r\u00fcl,<\/li>\n<li>kialak\u00edtanak egyens\u00falyt az udvarban.<\/li>\n<\/ul>\n<p>\u00d6sszess\u00e9g\u00e9ben a k\u00f6vek <strong>l\u00e1tv\u00e1nyoss\u00e1 teszik a kertet<\/strong>, ugyanakkor <strong>jav\u00edtj\u00e1k a v\u00edzelvezet\u00e9st<\/strong> \u00e9s <strong>cs\u00f6kkentik a talajer\u00f3zi\u00f3t<\/strong>.<\/p>\n<\/details><details class=\"g-accordion \"><summary><h3>Hogyan \u00e9rdemes talajtakar\u00f3 n\u00f6v\u00e9nyeket be\u00fcltetni az el\u0151kertbe?<\/h3><\/summary>\n<p>A <strong>talajtakar\u00f3 n\u00f6v\u00e9nyek<\/strong> t\u00f6bbf\u00e9le el\u0151nnyel j\u00e1rnak az el\u0151kertben. Nemcsak <strong>visszaszor\u00edtj\u00e1k a gyomokat<\/strong> \u00e9s <strong>meg\u0151rzik a talaj nedvess\u00e9g\u00e9t<\/strong>, de \u00fcde, z\u00f6ld foltot is adnak a kertnek. J\u00f3 v\u00e1laszt\u00e1s lehet p\u00e9ld\u00e1ul:<\/p>\n<ul>\n<li>k\u00fasz\u00f3 kakukkf\u0171,<\/li>\n<li>varj\u00fah\u00e1j,<\/li>\n<li>moha.<\/li>\n<\/ul>\n<p>Ezek a strapab\u00edr\u00f3 n\u00f6v\u00e9nyek sokf\u00e9le \u00e9ghajlatban j\u00f3l \u00e9rzik magukat, r\u00e1ad\u00e1sul ott is be\u00fcltetheted \u0151ket, ahol a f\u0171 nem akar megmaradni, vagy a nagyobb n\u00f6v\u00e9nyek k\u00f6z\u00f6tt h\u00e9zagk\u00e9nt kit\u00f6ltik az \u00fcres foltokat.<\/p>\n<p>Ha harmonikus \u00f6sszhat\u00e1st szeretn\u00e9l, v\u00e1lassz olyan talajtakar\u00f3kat, amelyek illenek a t\u00f6bbi n\u00f6v\u00e9nyhez. \u00c1rny\u00e9kos r\u00e9szeken, p\u00e9ld\u00e1ul f\u00e1k alatt vagy s\u00e9t\u00e1nyok mellett k\u00fcl\u00f6n\u00f6sen j\u00f3l mutatnak, \u00e9s minim\u00e1lis gondoz\u00e1st ig\u00e9nyelnek. R\u00e1ad\u00e1sul <strong>g\u00e1tolj\u00e1k a talajer\u00f3zi\u00f3t<\/strong> is a lejt\u0151s vagy egyenetlen ter\u00fcleteken.<\/p>\n<p>Ha a helyi kl\u00edm\u00e1hoz igazod\u00f3 talajtakar\u00f3kat \u00fcltetsz, <strong>tart\u00f3s, egyszer\u0171en kezelhet\u0151 kerted lesz<\/strong>. Ezek a n\u00f6v\u00e9nyek nemcsak sz\u00e9pp\u00e9, hanem praktikusabb\u00e1 is teszik az el\u0151kertet, mik\u00f6zben fokozz\u00e1k az \u00f6sszhat\u00e1st.<\/p>\n<\/details><details class=\"g-accordion \"><summary><h3>Hogyan jav\u00edthatod a kerti hangulatot vil\u00e1g\u00edt\u00e1ssal?<\/h3><\/summary>\n<p>A vil\u00e1g\u00edt\u00e1s nemcsak l\u00e1tv\u00e1nyosabb\u00e1, hanem biztons\u00e1gosabb\u00e1 is teszi az el\u0151kertet. Kezdd p\u00e9ld\u00e1ul \u00f6sv\u00e9ny vil\u00e1g\u00edt\u00f3 l\u00e1mp\u00e1kkal, hogy s\u00f6t\u00e9ted\u00e9s ut\u00e1n is j\u00f3l lehessen l\u00e1tni az utakat. <strong>A felfel\u00e9 ir\u00e1ny\u00edtott f\u00e9nyek sz\u00e9pen kiemelik a f\u00e1kat vagy a h\u00e1z k\u00fcl\u00f6nleges r\u00e9szeit, \u00e9s izgalmasabb\u00e1 teszik a l\u00e1tv\u00e1nyt.<\/strong> Ha szeretn\u00e9d sp\u00f3rolni az energi\u00e1t, <strong>v\u00e1lassz napelemes l\u00e1mp\u00e1kat<\/strong> \u2013 ezekkel kirajzolhatod az \u00f6sv\u00e9nyeket vagy megvil\u00e1g\u00edthatsz kiemelt r\u00e9szeket an\u00e9lk\u00fcl, hogy n\u0151ne a villanysz\u00e1ml\u00e1d.<\/p>\n<p>Hangulatosabb\u00e1 var\u00e1zsolhatod a kertet p\u00e9ld\u00e1ul f\u00e9nyf\u00fcz\u00e9rekkel is, \u00edgy a bar\u00e1ti \u00f6sszej\u00f6vetelek, kinti \u00f6sszej\u00f6vetelek alatt is bar\u00e1ts\u00e1gos lesz az udvar. <strong>J\u00f3l elhelyezett f\u00e9nyekkel tov\u00e1bb haszn\u00e1lhatod este is a kertet, \u00edgy meghitt, de praktikus is lesz.<\/strong> Ha t\u00f6bbfajta vil\u00e1g\u00edt\u00e1st keversz, este is k\u00fcl\u00f6nleges l\u00e1tv\u00e1ny fogad, mik\u00f6zben biztons\u00e1gosabb\u00e1 teszed az el\u0151kertet.<\/p>\n<\/details>\n","protected":false},"excerpt":{"rendered":"<p>Alak\u00edtsd \u00e1t otthonod els\u0151 benyom\u00e1s\u00e1t \u00e1tgondolt el\u0151kert-tervez\u00e9ssel, ami egyszerre sz\u00e9p \u00e9s praktikus. Ha j\u00f3l v\u00e1lasztod meg a n\u00f6v\u00e9nyeket, bar\u00e1ts\u00e1gos bej\u00e1ratot alak\u00edthatsz ki, \u00e9s a kanyarg\u00f3s \u00e1gy\u00e1sok seg\u00edtenek elv\u00e1lasztani a k\u00fcl\u00f6nb\u00f6z\u0151 ter\u00fcleteket. A megfelel\u0151 megold\u00e1s nemcsak mutat\u00f3sabb\u00e1 teszi a h\u00e1zat, de a saj\u00e1t st\u00edlusodat is t\u00fckr\u00f6zheti. A k\u00f6rnyezetbe ill\u0151 n\u00f6v\u00e9nyek, mint p\u00e9ld\u00e1ul az orosz zs\u00e1lya vagy a r\u00f3zsasz\u00edn spirea, kev\u00e9s gondoz\u00e1st&hellip;<\/p>\n","protected":false},"author":12,"featured_media":4594,"comment_status":"closed","ping_status":"closed","sticky":false,"template":"","format":"standard","meta":{"rank_math_focus_keyword":"el\u0151kert kialak\u00edt\u00e1si \u00f6tletek","rank_math_title":"N\u00f6veld otthonod vonzerej\u00e9t","rank_math_description":"Fedezd fel az innovat\u00edv el\u0151kert-kialak\u00edt\u00e1si \u00f6tleteket, amelyekkel fokozhatod otthonod vonzerej\u00e9t \u00e9s bar\u00e1ts\u00e1gos els\u0151 benyom\u00e1st kelthet.","footnotes":""},"categories":[124],"tags":[],"class_list":["post-5431","post","type-post","status-publish","format-standard","has-post-thumbnail","hentry","category-kert"],"g_custom_schema_json":"<script type=\"application\/ld+json\">\n{\n  \"@context\": \"https:\/\/schema.org\",\n  \"@type\": \"FAQPage\",\n  \"mainEntity\": [\n    {\n      \"@type\": \"Question\",\n      \"name\": \"Melyek a legjobb \u00f6tletek az el\u0151kert kialak\u00edt\u00e1s\u00e1hoz?\",\n      \"acceptedAnswer\": {\n        \"@type\": \"Answer\",\n        \"text\": \"Ha szeretn\u00e9d, hogy a h\u00e1zad el\u0151tti kert igaz\u00e1n l\u00e1tv\u00e1nyos legyen, tervezz egy bar\u00e1ts\u00e1gos bej\u00e1ratot, ahol a n\u00f6v\u00e9nyek, vir\u00e1gok \u00e9s kem\u00e9ny fel\u00fcletek (mint a k\u00f6vek vagy j\u00e1rd\u00e1k) j\u00f3l kieg\u00e9sz\u00edtik egym\u00e1st. Fontos, hogy a kert st\u00edlusa passzoljon a h\u00e1zhoz, \u00edgy minden \u00f6sszhangban lesz. \u00c9rdemes olyan \u00e9vszakos n\u00f6v\u00e9nyeket v\u00e1lasztani, mint a tulip\u00e1n vagy a liliom.\"\n      }\n    },\n    {\n      \"@type\": \"Question\",\n      \"name\": \"Milyen kreat\u00edv \u00f6tletekkel lehet feldobni a kerti teret?\",\n      \"acceptedAnswer\": {\n        \"@type\": \"Answer\",\n        \"text\": \"Alak\u00edtsd \u00e1t a kertedet egyedi, bar\u00e1ts\u00e1gos helly\u00e9 \u00f6tletes megold\u00e1sokkal! Ha sokf\u00e9le n\u00f6v\u00e9nyt, sz\u00ednt \u00e9s form\u00e1t haszn\u00e1lsz, izgalmasabb lesz az \u00f6sszk\u00e9p. Pr\u00f3b\u00e1lj ki t\u00e9m\u00e1s kerteket is, p\u00e9ld\u00e1ul cottage vagy zen kertet.\"\n      }\n    },\n    {\n      \"@type\": \"Question\",\n      \"name\": \"Hogyan alak\u00edthatsz ki takar\u00e9kos el\u0151kertet?\",\n      \"acceptedAnswer\": {\n        \"@type\": \"Answer\",\n        \"text\": \"Egy k\u00f6lts\u00e9ghat\u00e9kony el\u0151kert kialak\u00edt\u00e1s\u00e1hoz \u00e9rdemes alaposan \u00e1tgondolni mindent, hogy ne k\u00f6lts f\u00f6l\u00f6slegesen. Kezdd egy egyszer\u0171, k\u00f6nnyen haszn\u00e1lhat\u00f3 tervvel. \u00dcltess \u0151shonos n\u00f6v\u00e9nyeket, p\u00e9ld\u00e1ul levendul\u00e1t vagy r\u00f3zsasz\u00edn spire\u00e1t, mert ezek kev\u00e9s vizet ig\u00e9nyelnek.\"\n      }\n    },\n    {\n      \"@type\": \"Question\",\n      \"name\": \"Milyen bokrok, vir\u00e1gok \u00e9s f\u00e1k illenek az el\u0151kertbe?\",\n      \"acceptedAnswer\": {\n        \"@type\": \"Answer\",\n        \"text\": \"Az el\u0151kert megtervez\u00e9s\u00e9n\u00e9l az a fontos, hogy j\u00f3l \u00f6sszev\u00e1logasd a bokrokat, vir\u00e1gokat \u00e9s f\u00e1kat, \u00edgy bar\u00e1ts\u00e1gos \u00e9s rendezett lesz az \u00f6sszhat\u00e1s. Kezdd olyan bokrokkal, mint a puszp\u00e1ng vagy a r\u00f3zsasz\u00edn vir\u00e1g\u00fa gy\u00f6ngyvir\u00e1gcserje. \u00dcltess sokf\u00e9le vir\u00e1got, hogy tavaszt\u00f3l \u0151szig mindig legyen valami, ami ny\u00edlik.\"\n      }\n    },\n    {\n      \"@type\": \"Question\",\n      \"name\": \"Milyen kev\u00e9s gondoz\u00e1st ig\u00e9nyl\u0151 n\u00f6v\u00e9nyeket \u00e9rdemes az el\u0151kertbe \u00fcltetni?\",\n      \"acceptedAnswer\": {\n        \"@type\": \"Answer\",\n        \"text\": \"Sz\u00e9p el\u0151kertet \u00fagy is kialak\u00edthatsz, ha \u0151shonos n\u00f6v\u00e9nyeket v\u00e1lasztasz. Ezek j\u00f3l b\u00edrj\u00e1k az id\u0151j\u00e1r\u00e1st, \u00e9s sokkal kevesebb \u00f6nt\u00f6z\u00e9st vagy \u00e1pol\u00e1st ig\u00e9nyelnek. A d\u00edszf\u00fcvek, p\u00e9ld\u00e1ul a deres csenkesz vagy a tollborzf\u0171, \u00e9rdekes mozg\u00e1st \u00e9s text\u00far\u00e1t adnak kev\u00e9s energi\u00e1val is.\"\n      }\n    },\n    {\n      \"@type\": \"Question\",\n      \"name\": \"Hogyan alak\u00edthatsz ki sz\u00e1razs\u00e1gt\u0171r\u0151 el\u0151kertet?\",\n      \"acceptedAnswer\": {\n        \"@type\": \"Answer\",\n        \"text\": \"Olyan el\u0151kertet is tervezhetsz, ami j\u00f3l b\u00edrja a sz\u00e1razabb id\u0151szakokat, m\u00e9gis mutat\u00f3s marad. El\u0151sz\u00f6r is v\u00e1lassz \u0151shonos n\u00f6v\u00e9nyeket, p\u00e9ld\u00e1ul levendul\u00e1t vagy orosz zs\u00e1ly\u00e1t. Ezeknek kev\u00e9s v\u00edz kell, m\u00e9gis \u00fcde, d\u00fas lesz t\u0151le a kerted.\"\n      }\n    },\n    {\n      \"@type\": \"Question\",\n      \"name\": \"Mik a legfontosabb szempontok \u0151shonos n\u00f6v\u00e9nyek kiv\u00e1laszt\u00e1sakor?\",\n      \"acceptedAnswer\": {\n        \"@type\": \"Answer\",\n        \"text\": \"Amikor \u0151shonos n\u00f6v\u00e9nyeket v\u00e1lasztasz kertedbe, \u00e9rdemes ezeket figyelembe venni: legyenek \u00f6sszehangban a helyi kl\u00edm\u00e1val, a talajjal \u00e9s a napf\u00e9nnyel. Ellen\u00e1lljanak a k\u00e1rtev\u0151knek \u00e9s betegs\u00e9geknek, \u00edgy egyszer\u0171bb lesz a gondoz\u00e1suk.\"\n      }\n    },\n    {\n      \"@type\": \"Question\",\n      \"name\": \"Hogyan var\u00e1zsolhatsz sz\u00ednes kertet \u00e9vszakos kasp\u00f3kkal?\",\n      \"acceptedAnswer\": {\n        \"@type\": \"Answer\",\n        \"text\": \"Az \u00e9vszakos kasp\u00f3k igazi sz\u00ednfoltot visznek az udvarodba eg\u00e9sz \u00e9vben. Kezdd azzal, hogy az adott \u00e9vszakhoz ill\u0151 n\u00f6v\u00e9nyeket v\u00e1lasztasz: tavasszal tulip\u00e1nok, ny\u00e1ron egyny\u00e1riak, \u0151sszel d\u00edszk\u00e1poszta, t\u00e9len \u00f6r\u00f6kz\u00f6ldek.\"\n      }\n    },\n    {\n      \"@type\": \"Question\",\n      \"name\": \"Milyen tippekkel lehet sz\u00e9p vir\u00e1g\u00e1gy\u00e1st kialak\u00edtani az el\u0151kertben?\",\n      \"acceptedAnswer\": {\n        \"@type\": \"Answer\",\n        \"text\": \"Ha mutat\u00f3s vir\u00e1g\u00e1gy\u00e1st szeretn\u00e9l az el\u0151kertbe, \u00fcltess \u00e9vel\u0151ket egy- \u00e9s k\u00e9tny\u00e1ri vir\u00e1gok mell\u00e9, \u00edgy hosszan tart\u00f3 vir\u00e1gz\u00e1st kapsz. V\u00e1ltozatos magass\u00e1g\u00fa \u00e9s level\u0171 n\u00f6v\u00e9nyeket v\u00e1lassz, hogy \u00e9rdekesebb legyen az \u00f6sszhat\u00e1s.\"\n      }\n    },\n    {\n      \"@type\": \"Question\",\n      \"name\": \"Hogyan emelhetik ki a szeg\u00e9lyek az el\u0151kert sz\u00e9ps\u00e9g\u00e9t?\",\n      \"acceptedAnswer\": {\n        \"@type\": \"Answer\",\n        \"text\": \"A kerti szeg\u00e9lyek remek\u00fcl kiemelik az el\u0151kert sz\u00e9ps\u00e9g\u00e9t azzal, hogy rendezett, j\u00f3l l\u00e1that\u00f3 hat\u00e1rt adnak a vir\u00e1g\u00e1gy\u00e1soknak vagy kerti utaknak. Lehetnek p\u00e9ld\u00e1ul k\u0151b\u0151l, f\u00e1b\u00f3l vagy f\u00e9mb\u0151l, minden anyag m\u00e1s-m\u00e1s text\u00far\u00e1t \u00e9s hangulatot ad a kertnek.\"\n      }\n    },\n    {\n      \"@type\": \"Question\",\n      \"name\": \"\u00c9rdemes-e kanyarg\u00f3s kerti szeg\u00e9lyeket v\u00e1lasztani?\",\n      \"acceptedAnswer\": {\n        \"@type\": \"Answer\",\n        \"text\": \"A kanyarg\u00f3s, hull\u00e1mos szeg\u00e9lyek term\u00e9szetesebb, bar\u00e1ts\u00e1gosabb hangulatot adnak a kertnek, mint az egyenes vonalak. Seg\u00edtenek kellemes, l\u00e1gy \u00e1tmeneteket teremteni, ett\u0151l az udvar rendezettebb \u00e9s izgalmasabb lesz.\"\n      }\n    },\n    {\n      \"@type\": \"Question\",\n      \"name\": \"Milyen el\u0151nyei vannak a kerti szeg\u00e9lyeknek \u00e9s d\u00edszszeg\u00e9lyeknek?\",\n      \"acceptedAnswer\": {\n        \"@type\": \"Answer\",\n        \"text\": \"A kerti szeg\u00e9lyek \u00e9s d\u00edszszeg\u00e9lyek nemcsak szebb\u00e9, de praktikusabb\u00e1 is teszik az udvart. Hat\u00e1rozott hat\u00e1rt adnak a vir\u00e1g\u00e1gy\u00e1soknak, kerti \u00f6sv\u00e9nyeknek vagy a gyepnek: \u00edgy \u00e1ttekinthet\u0151bb lesz a kert, \u00e9s k\u00f6nnyebb rendben tartani.\"\n      }\n    },\n    {\n      \"@type\": \"Question\",\n      \"name\": \"Hogyan haszn\u00e1lhatod a kavicsokat \u00e9s term\u00e9szetes k\u00f6veket a kertben?\",\n      \"acceptedAnswer\": {\n        \"@type\": \"Answer\",\n        \"text\": \"A folyami kavicsok \u00e9s term\u00e9szetes k\u00f6vek l\u00e1tv\u00e1nyosak \u00e9s hasznosak is a kertben. Hangulatos s\u00e9t\u00e1nyokat alak\u00edthatsz ki vel\u00fck, amelyek v\u00e9gigvezetnek a kerteden. K\u00fcl\u00f6nlegesebb r\u00e9szeket is meg\u00e1lmodhatsz, p\u00e9ld\u00e1ul sz\u00e1raz patakmedret vagy sziklakertet.\"\n      }\n    },\n    {\n      \"@type\": \"Question\",\n      \"name\": \"Hogyan \u00e9rdemes talajtakar\u00f3 n\u00f6v\u00e9nyeket be\u00fcltetni az el\u0151kertbe?\",\n      \"acceptedAnswer\": {\n        \"@type\": \"Answer\",\n        \"text\": \"A talajtakar\u00f3 n\u00f6v\u00e9nyek t\u00f6bbf\u00e9le el\u0151nnyel j\u00e1rnak az el\u0151kertben. Nemcsak visszaszor\u00edtj\u00e1k a gyomokat \u00e9s meg\u0151rzik a talaj nedvess\u00e9g\u00e9t, de \u00fcde, z\u00f6ld foltot is adnak a kertnek. J\u00f3 v\u00e1laszt\u00e1s lehet p\u00e9ld\u00e1ul: k\u00fasz\u00f3 kakukkf\u0171, varj\u00fah\u00e1j, moha.\"\n      }\n    },\n    {\n      \"@type\": \"Question\",\n      \"name\": \"Hogyan jav\u00edthatod a kerti hangulatot vil\u00e1g\u00edt\u00e1ssal?\",\n      \"acceptedAnswer\": {\n        \"@type\": \"Answer\",\n        \"text\": \"A vil\u00e1g\u00edt\u00e1s nemcsak l\u00e1tv\u00e1nyosabb\u00e1, hanem biztons\u00e1gosabb\u00e1 is teszi az el\u0151kertet. Kezdd p\u00e9ld\u00e1ul \u00f6sv\u00e9ny vil\u00e1g\u00edt\u00f3 l\u00e1mp\u00e1kkal, hogy s\u00f6t\u00e9ted\u00e9s ut\u00e1n is j\u00f3l lehessen l\u00e1tni az utakat. A felfel\u00e9 ir\u00e1ny\u00edtott f\u00e9nyek sz\u00e9pen kiemelik a f\u00e1kat vagy a h\u00e1z k\u00fcl\u00f6nleges r\u00e9szeit.\"\n      }\n    }\n  ]\n}\n<\/script>\n<script type=\"application\/ld+json\">\n{\n  \"@context\":\"https:\/\/schema.org\",\n  \"@type\":\"HowTo\",\n  \"name\":\"El\u0151kert tervez\u00e9s l\u00e9p\u00e9sr\u0151l l\u00e9p\u00e9sre\",\n  \"description\":\"Mutat\u00f3s, bar\u00e1ts\u00e1gos \u00e9s praktikus el\u0151kert kialak\u00edt\u00e1sa otthon, n\u00f6v\u00e9nyek, anyagok \u00e9s \u00f6tletek kombin\u00e1l\u00e1s\u00e1val.\",\n  \"image\":\"https:\/\/doubletakedecor.com\/uploads\/2025\/08\/front-of-home-landscaping-ideas-dtd-01.jpg\",\n  \"totalTime\":\"P1D\",\n  \"supply\":[\n    {\n      \"@type\":\"HowToSupply\",\n      \"name\":\"\u0150shonos n\u00f6v\u00e9nyek (pl. orosz zs\u00e1lya, levendula, r\u00f3zsasz\u00edn spirea)\"\n    },\n    {\n      \"@type\":\"HowToSupply\",\n      \"name\":\"Vir\u00e1gmagok, \u00e9vel\u0151 \u00e9s egyny\u00e1ri vir\u00e1gok\"\n    },\n    {\n      \"@type\":\"HowToSupply\",\n      \"name\":\"Folyami k\u00f6vek, talajtakar\u00f3k, mulcs\"\n    },\n    {\n      \"@type\":\"HowToSupply\",\n      \"name\":\"Kerti l\u00e1mp\u00e1k (napelemes, LED, f\u00fcz\u00e9rek)\"\n    },\n    {\n      \"@type\":\"HowToSupply\",\n      \"name\":\"Beton vagy term\u00e9szetes k\u00f6vek \u00f6sv\u00e9nyhez\"\n    },\n    {\n      \"@type\":\"HowToSupply\",\n      \"name\":\"\u00c1gy\u00e1sszeg\u00e9ly anyag (k\u0151, f\u00e9m, fa)\"\n    }\n  ],\n  \"tool\":[\n    {\n      \"@type\":\"HowToTool\",\n      \"name\":\"\u00c1s\u00f3\"\n    },\n    {\n      \"@type\":\"HowToTool\",\n      \"name\":\"Kapa\"\n    },\n    {\n      \"@type\":\"HowToTool\",\n      \"name\":\"Kerti gereblye\"\n    },\n    {\n      \"@type\":\"HowToTool\",\n      \"name\":\"Locsol\u00f3kanna\"\n    },\n    {\n      \"@type\":\"HowToTool\",\n      \"name\":\"Metsz\u0151oll\u00f3\"\n    }\n  ],\n  \"step\":[\n    {\n      \"@type\":\"HowToStep\",\n      \"name\":\"1. Tervezz bar\u00e1ts\u00e1gos bej\u00e1ratot\",\n      \"text\":\"Rajzold meg az el\u0151kert alaprajz\u00e1t, jel\u00f6ld ki az \u00f6sv\u00e9nyeket, \u00e1gy\u00e1sokat \u00e9s fontosabb l\u00e1tv\u00e1nyelemeket. V\u00e1lassz olyan n\u00f6v\u00e9nyeket, amelyek illenek a h\u00e1z st\u00edlus\u00e1hoz \u00e9s a helyi kl\u00edm\u00e1hoz.\",\n      \"image\":\"https:\/\/doubletakedecor.com\/uploads\/2025\/08\/front-of-home-landscaping-ideas-dtd-01.jpg\"\n    },\n    {\n      \"@type\":\"HowToStep\",\n      \"name\":\"2. V\u00e1lassz n\u00f6v\u00e9nyeket \u00e9s anyagokat\",\n      \"text\":\"Kombin\u00e1ld az alacsony gondoz\u00e1s\u00fa n\u00f6v\u00e9nyeket (pl. levendula, orosz zs\u00e1lya, spirea) sz\u00ednes egyny\u00e1riakkal \u00e9s \u00e9vel\u0151kkel. Haszn\u00e1lj folyami k\u00f6veket, mulcsot, talajtakar\u00f3t az \u00e1gy\u00e1sok d\u00edsz\u00edt\u00e9s\u00e9hez.\",\n      \"image\":\"https:\/\/doubletakedecor.com\/uploads\/2025\/08\/front-of-home-landscaping-ideas-dtd-14.jpg\"\n    },\n    {\n      \"@type\":\"HowToStep\",\n      \"name\":\"3. K\u00e9sz\u00edtsd el\u0151 a talajt\",\n      \"text\":\"T\u00e1vol\u00edtsd el a gyomokat, jav\u00edtsd a talajt komposzttal. Jel\u00f6ld ki az \u00e1gy\u00e1sok \u00e9s \u00f6sv\u00e9nyek hely\u00e9t, majd k\u00e9sz\u00edtsd el\u0151 a talajt az \u00fcltet\u00e9shez.\",\n      \"image\":\"https:\/\/doubletakedecor.com\/uploads\/2025\/08\/front-of-home-landscaping-ideas-dtd-16.jpg\"\n    },\n    {\n      \"@type\":\"HowToStep\",\n      \"name\":\"4. \u00dcltess r\u00e9tegesen\",\n      \"text\":\"A h\u00e1z k\u00f6zel\u00e9be \u00fcltess magasabb bokrokat, h\u00e1tulra d\u00edszf\u00e1kat, el\u0151re alacsonyabb vir\u00e1gokat. R\u00e9tegezd a n\u00f6v\u00e9nyeket, hogy eg\u00e9sz \u00e9vben tarka, izgalmas legyen a kert.\",\n      \"image\":\"https:\/\/doubletakedecor.com\/uploads\/2025\/08\/front-of-home-landscaping-ideas-dtd-19.jpg\"\n    },\n    {\n      \"@type\":\"HowToStep\",\n      \"name\":\"5. K\u00e9sz\u00edts \u00f6sv\u00e9nyeket \u00e9s szeg\u00e9lyeket\",\n      \"text\":\"Haszn\u00e1lj term\u00e9szetes vagy betonk\u00f6vet kanyarg\u00f3s s\u00e9t\u00e1nyokhoz, az \u00e1gy\u00e1sokat szeg\u00e9lyezd k\u0151vel, f\u00e1val vagy f\u00e9mmel a rendezett \u00f6sszhat\u00e1s\u00e9rt.\",\n      \"image\":\"https:\/\/doubletakedecor.com\/uploads\/2025\/08\/front-of-home-landscaping-ideas-dtd-21.jpg\"\n    },\n    {\n      \"@type\":\"HowToStep\",\n      \"name\":\"6. Talajtakar\u00e1s \u00e9s mulcsoz\u00e1s\",\n      \"text\":\"Ter\u00edts mulcsot vagy talajtakar\u00f3t a n\u00f6v\u00e9nyek k\u00f6z\u00e9, hogy a talaj nedvess\u00e9g\u00e9t megtartsa, \u00e9s kevesebb legyen a gyom.\",\n      \"image\":\"https:\/\/doubletakedecor.com\/uploads\/2025\/08\/front-of-home-landscaping-ideas-dtd-13.jpg\"\n    },\n    {\n      \"@type\":\"HowToStep\",\n      \"name\":\"7. Telep\u00edts vil\u00e1g\u00edt\u00e1st \u00e9s dekor\u00e1ci\u00f3t\",\n      \"text\":\"Helyezz el napelemes l\u00e1mp\u00e1kat az \u00f6sv\u00e9nyek ment\u00e9n, haszn\u00e1lj f\u00e9nyf\u00fcz\u00e9reket vagy kerti l\u00e1mp\u00e1kat a hangulat\u00e9rt. Tedd bar\u00e1ts\u00e1goss\u00e1 a kertet \u00fcl\u0151hellyel, cserepes n\u00f6v\u00e9nyekkel.\",\n      \"image\":\"https:\/\/doubletakedecor.com\/uploads\/2025\/08\/front-of-home-landscaping-ideas-dtd-28.jpg\"\n    }\n  ]\n}\n<\/script>","_links":{"self":[{"href":"https:\/\/doubletakedecor.com\/hu\/wp-json\/wp\/v2\/posts\/5431","targetHints":{"allow":["GET"]}}],"collection":[{"href":"https:\/\/doubletakedecor.com\/hu\/wp-json\/wp\/v2\/posts"}],"about":[{"href":"https:\/\/doubletakedecor.com\/hu\/wp-json\/wp\/v2\/types\/post"}],"author":[{"embeddable":true,"href":"https:\/\/doubletakedecor.com\/hu\/wp-json\/wp\/v2\/users\/12"}],"replies":[{"embeddable":true,"href":"https:\/\/doubletakedecor.com\/hu\/wp-json\/wp\/v2\/comments?post=5431"}],"version-history":[{"count":1,"href":"https:\/\/doubletakedecor.com\/hu\/wp-json\/wp\/v2\/posts\/5431\/revisions"}],"predecessor-version":[{"id":5432,"href":"https:\/\/doubletakedecor.com\/hu\/wp-json\/wp\/v2\/posts\/5431\/revisions\/5432"}],"wp:featuredmedia":[{"embeddable":true,"href":"https:\/\/doubletakedecor.com\/hu\/wp-json\/wp\/v2\/media\/4594"}],"wp:attachment":[{"href":"https:\/\/doubletakedecor.com\/hu\/wp-json\/wp\/v2\/media?parent=5431"}],"wp:term":[{"taxonomy":"category","embeddable":true,"href":"https:\/\/doubletakedecor.com\/hu\/wp-json\/wp\/v2\/categories?post=5431"},{"taxonomy":"post_tag","embeddable":true,"href":"https:\/\/doubletakedecor.com\/hu\/wp-json\/wp\/v2\/tags?post=5431"}],"curies":[{"name":"wp","href":"https:\/\/api.w.org\/{rel}","templated":true}]}}