{"id":5433,"date":"2025-08-12T20:41:59","date_gmt":"2025-08-12T18:41:59","guid":{"rendered":"https:\/\/doubletakedecor.com\/hobbi-szobak\/noi-kerti-haz-otletek\/"},"modified":"2025-08-12T21:52:04","modified_gmt":"2025-08-12T19:52:04","slug":"noi-kerti-haz-otletek","status":"publish","type":"post","link":"https:\/\/doubletakedecor.com\/hu\/hobbi-szobak\/noi-kerti-haz-otletek\/","title":{"rendered":"Kreat\u00edv n\u0151i kerti fah\u00e1z \u00f6tletek a t\u00f6k\u00e9letes udvari mened\u00e9kedhez"},"content":{"rendered":"<p>L\u00e9pj be a &#8222;she shed&#8221;-ek vil\u00e1g\u00e1ba \u2013 ezek a k\u00fcl\u00f6nleges kis szent\u00e9lyek n\u0151knek k\u00e9sz\u00fclnek, hogy nyugalmat \u00e9s felt\u00f6lt\u0151d\u00e9st ny\u00fajtsanak a saj\u00e1t kertedben. Ezek a b\u00e1jos \u00e9p\u00fcletek j\u00f3val t\u00f6bbet tudnak, mint egy \u00e1tlagos kerti f\u00e9szer: itt t\u00e9nyleg szabadon sz\u00e1rnyalhat a kreativit\u00e1sod, \u00e9s kiz\u00e1rhatod a mindennapok zaj\u00e1t.<\/p>\n<p>A she shed lehet pihentet\u0151 j\u00f3ga-st\u00fadi\u00f3, k\u00e9nyelmes otthoni iroda, vid\u00e1m kreat\u00edv sarok vagy \u00e9pp egy hangulatos helysz\u00edn bar\u00e1ti besz\u00e9lget\u00e9sekhez \u2013 att\u00f3l f\u00fcgg, mire van sz\u00fcks\u00e9ged. Az igaz\u00e1n j\u00f3 benn\u00fck, hogy nem vagy szab\u00e1lyokhoz k\u00f6tve: mindig \u00fagy alak\u00edthatod, ahogy legjobban kifejezi a szem\u00e9lyis\u00e9gedet, \u00e9s a szenved\u00e9lyeidhez igaz\u00edthatod. \u00cdgy an\u00e9lk\u00fcl is elvonulhatsz egy kicsit, hogy messzire kellene menned otthonr\u00f3l.<\/p>\n<p>A t\u00f6k\u00e9letes she shed kialak\u00edt\u00e1s\u00e1hoz egy kicsit gondolkodnod kell a r\u00e9szletekr\u0151l: legyen sok term\u00e9szetes f\u00e9ny, a b\u00fatorok legyenek helytakar\u00e9kosak, de mutat\u00f3sak \u00e9s k\u00e9nyelmesek is. Ha a h\u00e1zik\u00f3t k\u00f6rbe\u00fclteted sz\u00e9p n\u00f6v\u00e9nyekkel, m\u00e9g nyugisabb lesz a hangulata, \u00e9s \u00e9szrev\u00e9tlen\u00fcl egybeolvad majd a kerttel.<\/p>\n<p>A she shed att\u00f3l lesz igaz\u00e1n egyedi, ahogyan te szem\u00e9lyre szabod \u2013 lehet ez a fest\u00e9k sz\u00edne, a d\u00edszek vagy a berendez\u00e9s. Ha k\u00f6r\u00fclveszed magad mindazzal, ami \u00f6r\u00f6met \u00e9s inspir\u00e1ci\u00f3t ad, ez a kis \u00e9p\u00fclet nem csak egy \u00fajabb \u201ckerti f\u00e9szer\u201d lesz, hanem egy apr\u00f3 tan\u00fabizonys\u00e1ga annak, mennyire fontos az \u00f6nmagadr\u00f3l val\u00f3 gondoskod\u00e1s, na meg hogy mennyi st\u00edlus van benned!<\/p>\n<div class=\"kt_block\" id=\"kt_id\">\n<span class=\"kt_headline\">Legfontosabb tudnival\u00f3k<\/span><\/p>\n<ul class=\"kt_post_list\">\n<li><strong>\ud83c\udfe1 Szem\u00e9lyes mened\u00e9k:<\/strong> A she shed egy igaz\u00e1n saj\u00e1t zugot teremt a kertben, ahol szabadon \u00f6nmagadat adhatod, kikapcsolhatsz, felt\u00f6lthetsz \u00e9s megmutathatod a st\u00edlusodat.<\/li>\n<li><strong>\ud83c\udfa8 Sokoldal\u00fa kialak\u00edt\u00e1s:<\/strong> Ezek a terek b\u00e1rmiv\u00e9 v\u00e1lhatnak, amit csak szeretn\u00e9l \u2013 j\u00f3ga-st\u00fadi\u00f3v\u00e1, dolgoz\u00f3szob\u00e1v\u00e1, hobbisarokk\u00e1 \u2013 annyi lehet\u0151s\u00e9g, ah\u00e1ny \u00f6tletet hozol!<\/li>\n<li><strong>\ud83c\udf3f Harmonikus \u00f6sszhang:<\/strong> Az \u00e1tgondolt f\u00e9nyek, a praktikus b\u00fatorok \u00e9s a gondosan kialak\u00edtott kert egym\u00e1shoz hangolj\u00e1k a bent \u00e9s kint vil\u00e1g\u00e1t.<\/li>\n<li><strong>\ud83d\udca1 \u00d6nmagad kifejez\u00e9se:<\/strong> A she shed t\u00f6k\u00e9letes terep arra, hogy sz\u00ednekkel, mint\u00e1kkal \u00e9s saj\u00e1tos elrendez\u00e9ssel kifejezd magad, \u00e9s igaz\u00e1n j\u00f3l \u00e9rezd magad a b\u0151r\u00f6dben.<\/li>\n<\/ul>\n<\/div>\n<h2>Rusztikus fekete she shed nyeregtet\u0151vel<\/h2>\n<p><img loading=\"lazy\" decoding=\"async\" width=\"700\" height=\"1049\" alt=\"Hangulatos fekete she shed z\u00f6ld ajt\u00f3val, f\u00e9nyf\u0171z\u00e9rrel \u00e9s cserepes n\u00f6v\u00e9nyekkel \u2013 igazi kerti mened\u00e9k.\" class=\"aligncenter size-full wp-image-4599\" src=\"https:\/\/doubletakedecor.com\/uploads\/2025\/08\/she-shed-ideas-dtd-01.jpg\" srcset=\"https:\/\/doubletakedecor.com\/uploads\/2025\/08\/she-shed-ideas-dtd-01.jpg 700w, https:\/\/doubletakedecor.com\/uploads\/2025\/08\/she-shed-ideas-dtd-01-200x300.jpg 200w, https:\/\/doubletakedecor.com\/uploads\/2025\/08\/she-shed-ideas-dtd-01-683x1024.jpg 683w, https:\/\/doubletakedecor.com\/uploads\/2025\/08\/she-shed-ideas-dtd-01-96x144.jpg 96w, https:\/\/doubletakedecor.com\/uploads\/2025\/08\/she-shed-ideas-dtd-01-280x420.jpg 280w, https:\/\/doubletakedecor.com\/uploads\/2025\/08\/she-shed-ideas-dtd-01-320x480.jpg 320w, https:\/\/doubletakedecor.com\/uploads\/2025\/08\/she-shed-ideas-dtd-01-360x539.jpg 360w, https:\/\/doubletakedecor.com\/uploads\/2025\/08\/she-shed-ideas-dtd-01-363x544.jpg 363w, https:\/\/doubletakedecor.com\/uploads\/2025\/08\/she-shed-ideas-dtd-01-370x554.jpg 370w, https:\/\/doubletakedecor.com\/uploads\/2025\/08\/she-shed-ideas-dtd-01-400x599.jpg 400w, https:\/\/doubletakedecor.com\/uploads\/2025\/08\/she-shed-ideas-dtd-01-560x839.jpg 560w, https:\/\/doubletakedecor.com\/uploads\/2025\/08\/she-shed-ideas-dtd-01-480x719.jpg 480w\" sizes=\"auto, (max-width: 700px) 100vw, 700px\" \/><\/p>\n<p>Ha egy igaz\u00e1n otthonos kerti kuck\u00f3t szeretn\u00e9l, fesd le a she shed-et fekete sz\u00ednnel, \u00edgy izgalmas kontrasztot kapsz. Az ajt\u00f3 el\u00e9 tegy\u00e9l le k\u0151lapokat, \u00e9s \u00fcltess k\u00f6r\u00e9 cserepes n\u00f6v\u00e9nyeket. F\u00e9nyf\u0171z\u00e9rrel var\u00e1zslatos lesz az esti hangulat \u2013 egy egyszer\u0171 pad p\u00e1rn\u00e1kkal pedig k\u00e9nyelmes \u00fccs\u00f6rg\u0151hely lesz. V\u00e1lassz magasra n\u00f6v\u0151 lila vir\u00e1gokat is, mert remek\u00fcl mutatnak a s\u00f6t\u00e9t sz\u00edn\u0171 falak mellett.<\/p>\n<h2>Minimalista sarok dolgoz\u00f3sarok<\/h2>\n<p><img loading=\"lazy\" decoding=\"async\" width=\"700\" height=\"1049\" alt=\"Bar\u00e1ts\u00e1gos dolgoz\u00f3sarok vil\u00e1gos fa \u00edr\u00f3asztallal, fekete sz\u00e9kkel \u00e9s \u00fcde n\u00f6v\u00e9nyekkel \u2013 \u00edgy lesz vonz\u00f3 az otthoni she shed irod\u00e1d!\" class=\"aligncenter size-full wp-image-4605\" src=\"https:\/\/doubletakedecor.com\/uploads\/2025\/08\/she-shed-ideas-dtd-02.jpg\" srcset=\"https:\/\/doubletakedecor.com\/uploads\/2025\/08\/she-shed-ideas-dtd-02.jpg 700w, https:\/\/doubletakedecor.com\/uploads\/2025\/08\/she-shed-ideas-dtd-02-200x300.jpg 200w, https:\/\/doubletakedecor.com\/uploads\/2025\/08\/she-shed-ideas-dtd-02-683x1024.jpg 683w, https:\/\/doubletakedecor.com\/uploads\/2025\/08\/she-shed-ideas-dtd-02-96x144.jpg 96w, https:\/\/doubletakedecor.com\/uploads\/2025\/08\/she-shed-ideas-dtd-02-280x420.jpg 280w, https:\/\/doubletakedecor.com\/uploads\/2025\/08\/she-shed-ideas-dtd-02-320x480.jpg 320w, https:\/\/doubletakedecor.com\/uploads\/2025\/08\/she-shed-ideas-dtd-02-360x539.jpg 360w, https:\/\/doubletakedecor.com\/uploads\/2025\/08\/she-shed-ideas-dtd-02-363x544.jpg 363w, https:\/\/doubletakedecor.com\/uploads\/2025\/08\/she-shed-ideas-dtd-02-370x554.jpg 370w, https:\/\/doubletakedecor.com\/uploads\/2025\/08\/she-shed-ideas-dtd-02-400x599.jpg 400w, https:\/\/doubletakedecor.com\/uploads\/2025\/08\/she-shed-ideas-dtd-02-560x839.jpg 560w, https:\/\/doubletakedecor.com\/uploads\/2025\/08\/she-shed-ideas-dtd-02-480x719.jpg 480w\" sizes=\"auto, (max-width: 700px) 100vw, 700px\" \/><\/p>\n<p>Ha kev\u00e9s helyed van, alak\u00edts ki egy sarkot \u00fagy, hogy a fa \u00edr\u00f3asztalt falra szerelt konzolokra teszed. Egyszer\u0171 fekete sz\u00e9kkel \u00e9s rendezett, felette l\u00e9v\u0151 polcokkal \u00f6tv\u00f6zd a praktikumot \u00e9s a st\u00edlust. Z\u00f6ld n\u00f6v\u00e9nyekkel \u00e9letet vihetsz a t\u00e9rbe, mik\u00f6zben a letisztult vonalak megmaradnak. Csak a legsz\u00fcks\u00e9gesebbeket hagyd szem el\u0151tt, \u00edgy a rend \u00e9s a hat\u00e9konys\u00e1g garant\u00e1lt!<\/p>\n<h2>Rusztikus fa she shed dupla ajt\u00f3kkal<\/h2>\n<p><img loading=\"lazy\" decoding=\"async\" width=\"700\" height=\"1049\" alt=\"B\u00e1jos fat\u00e1rol\u00f3 \u00fcvegezett ajt\u00f3kkal, d\u00edszes zsalug\u00e1terekkel, fut\u00f3n\u00f6v\u00e9nyekkel \u00e9s cserepes z\u00f6ldekkel szeg\u00e9lyezett kavicsos \u00f6sv\u00e9ny mellett.\" class=\"aligncenter size-full wp-image-4611\" src=\"https:\/\/doubletakedecor.com\/uploads\/2025\/08\/she-shed-ideas-dtd-03.jpg\" srcset=\"https:\/\/doubletakedecor.com\/uploads\/2025\/08\/she-shed-ideas-dtd-03.jpg 700w, https:\/\/doubletakedecor.com\/uploads\/2025\/08\/she-shed-ideas-dtd-03-200x300.jpg 200w, https:\/\/doubletakedecor.com\/uploads\/2025\/08\/she-shed-ideas-dtd-03-683x1024.jpg 683w, https:\/\/doubletakedecor.com\/uploads\/2025\/08\/she-shed-ideas-dtd-03-96x144.jpg 96w, https:\/\/doubletakedecor.com\/uploads\/2025\/08\/she-shed-ideas-dtd-03-280x420.jpg 280w, https:\/\/doubletakedecor.com\/uploads\/2025\/08\/she-shed-ideas-dtd-03-320x480.jpg 320w, https:\/\/doubletakedecor.com\/uploads\/2025\/08\/she-shed-ideas-dtd-03-360x539.jpg 360w, https:\/\/doubletakedecor.com\/uploads\/2025\/08\/she-shed-ideas-dtd-03-363x544.jpg 363w, https:\/\/doubletakedecor.com\/uploads\/2025\/08\/she-shed-ideas-dtd-03-370x554.jpg 370w, https:\/\/doubletakedecor.com\/uploads\/2025\/08\/she-shed-ideas-dtd-03-400x599.jpg 400w, https:\/\/doubletakedecor.com\/uploads\/2025\/08\/she-shed-ideas-dtd-03-560x839.jpg 560w, https:\/\/doubletakedecor.com\/uploads\/2025\/08\/she-shed-ideas-dtd-03-480x719.jpg 480w\" sizes=\"auto, (max-width: 700px) 100vw, 700px\" \/><\/p>\n<p>Tedd igaz\u00e1n bar\u00e1ts\u00e1goss\u00e1 a bej\u00e1ratot nat\u00far fa falburkolattal \u00e9s dekorzsalug\u00e1terekkel! Az \u00fcveges, dupla ajt\u00f3k sok f\u00e9nyt engednek be. A bej\u00e1ratot keretezd fut\u00f3n\u00f6v\u00e9nyekkel, a kavicsos \u00f6sv\u00e9ny mell\u00e9 pedig helyezz k\u00fcl\u00f6nb\u00f6z\u0151 magass\u00e1g\u00fa cserepes n\u00f6v\u00e9nyeket. Este egy l\u00e1mp\u00e1s ad meghitt vil\u00e1g\u00edt\u00e1st, a kavics pedig k\u00f6nnyen karbantarthat\u00f3 burkolatot biztos\u00edt.<\/p>\n<h2>Eleg\u00e1ns she shed t\u00fcrkiz ajt\u00f3kkal<\/h2>\n<p><img loading=\"lazy\" decoding=\"async\" width=\"700\" height=\"1049\" alt=\"St\u00edlusos she shed t\u00fcrkizk\u00e9k dupla ajt\u00f3kkal, f\u00e9m tet\u0151vel, kavicsos \u00f6sv\u00e9nnyel, rendezett kerttel \u00e9s d\u00edszes sz\u00f6k\u0151k\u00fattal.\" class=\"aligncenter size-full wp-image-4617\" src=\"https:\/\/doubletakedecor.com\/uploads\/2025\/08\/she-shed-ideas-dtd-04.jpg\" srcset=\"https:\/\/doubletakedecor.com\/uploads\/2025\/08\/she-shed-ideas-dtd-04.jpg 700w, https:\/\/doubletakedecor.com\/uploads\/2025\/08\/she-shed-ideas-dtd-04-200x300.jpg 200w, https:\/\/doubletakedecor.com\/uploads\/2025\/08\/she-shed-ideas-dtd-04-683x1024.jpg 683w, https:\/\/doubletakedecor.com\/uploads\/2025\/08\/she-shed-ideas-dtd-04-96x144.jpg 96w, https:\/\/doubletakedecor.com\/uploads\/2025\/08\/she-shed-ideas-dtd-04-280x420.jpg 280w, https:\/\/doubletakedecor.com\/uploads\/2025\/08\/she-shed-ideas-dtd-04-320x480.jpg 320w, https:\/\/doubletakedecor.com\/uploads\/2025\/08\/she-shed-ideas-dtd-04-360x539.jpg 360w, https:\/\/doubletakedecor.com\/uploads\/2025\/08\/she-shed-ideas-dtd-04-363x544.jpg 363w, https:\/\/doubletakedecor.com\/uploads\/2025\/08\/she-shed-ideas-dtd-04-370x554.jpg 370w, https:\/\/doubletakedecor.com\/uploads\/2025\/08\/she-shed-ideas-dtd-04-400x599.jpg 400w, https:\/\/doubletakedecor.com\/uploads\/2025\/08\/she-shed-ideas-dtd-04-560x839.jpg 560w, https:\/\/doubletakedecor.com\/uploads\/2025\/08\/she-shed-ideas-dtd-04-480x719.jpg 480w\" sizes=\"auto, (max-width: 700px) 100vw, 700px\" \/><\/p>\n<p>Adj hangs\u00falyt az ajt\u00f3knak: a t\u00fcrkizk\u00e9k sz\u00edn gy\u00f6ny\u00f6r\u0171en kiemelkedik a semleges sz\u00edn\u0171 k\u00fcls\u0151b\u0151l. Kavicsos \u00f6sv\u00e9ny adja a rendezett, letisztult hat\u00e1st, egy k\u00f6zeli v\u00edzj\u00e1t\u00e9k pedig csak fokozza a nyugalmat. K\u00f6r\u00fcl\u00f6tte d\u00edszf\u00fcveket is \u00fcltethetsz \u2013 ezek mozg\u00e1st \u00e9s izgalmas text\u00far\u00e1t hoznak a kertbe.<\/p>\n<h2>Hangulatos, t\u00f6bbfunkci\u00f3s olvas\u00f3sarok<\/h2>\n<p><img loading=\"lazy\" decoding=\"async\" width=\"700\" height=\"1049\" alt=\"B\u00e1jos she shed bels\u0151, vintage hever\u0151vel, sz\u00ednes p\u00e1rn\u00e1kkal, l\u00e9gies dekorral \u00e9s kis k\u00e9k \u00e9tkez\u0151asztallal friss vir\u00e1gokkal.\" class=\"aligncenter size-full wp-image-4623\" src=\"https:\/\/doubletakedecor.com\/uploads\/2025\/08\/she-shed-ideas-dtd-05.jpg\" srcset=\"https:\/\/doubletakedecor.com\/uploads\/2025\/08\/she-shed-ideas-dtd-05.jpg 700w, https:\/\/doubletakedecor.com\/uploads\/2025\/08\/she-shed-ideas-dtd-05-200x300.jpg 200w, https:\/\/doubletakedecor.com\/uploads\/2025\/08\/she-shed-ideas-dtd-05-683x1024.jpg 683w, https:\/\/doubletakedecor.com\/uploads\/2025\/08\/she-shed-ideas-dtd-05-96x144.jpg 96w, https:\/\/doubletakedecor.com\/uploads\/2025\/08\/she-shed-ideas-dtd-05-280x420.jpg 280w, https:\/\/doubletakedecor.com\/uploads\/2025\/08\/she-shed-ideas-dtd-05-320x480.jpg 320w, https:\/\/doubletakedecor.com\/uploads\/2025\/08\/she-shed-ideas-dtd-05-360x539.jpg 360w, https:\/\/doubletakedecor.com\/uploads\/2025\/08\/she-shed-ideas-dtd-05-363x544.jpg 363w, https:\/\/doubletakedecor.com\/uploads\/2025\/08\/she-shed-ideas-dtd-05-370x554.jpg 370w, https:\/\/doubletakedecor.com\/uploads\/2025\/08\/she-shed-ideas-dtd-05-400x599.jpg 400w, https:\/\/doubletakedecor.com\/uploads\/2025\/08\/she-shed-ideas-dtd-05-560x839.jpg 560w, https:\/\/doubletakedecor.com\/uploads\/2025\/08\/she-shed-ideas-dtd-05-480x719.jpg 480w\" sizes=\"auto, (max-width: 700px) 100vw, 700px\" \/><\/p>\n<p>Alak\u00edts ki egy sokoldal\u00fa teret a she shed-ben egy k\u00e9nyelmes hever\u0151vel, amin \u00fclni vagy aludni is lehet! Tegy\u00e9l r\u00e1 sok sz\u00ednes p\u00e1rn\u00e1t \u00e9s puha takar\u00f3kat, felette pedig egy polc j\u00f3l j\u00f6n eml\u00e9kt\u00e1rgyaidnak. Egy kis \u00e9tkez\u0151asztal is elf\u00e9r, hogy ak\u00e1r dolgozz vagy falatozz ott. Egy mint\u00e1s sz\u0151nyeg melegebb\u00e9 \u00e9s bar\u00e1ts\u00e1gosabb\u00e1 teszi ezt a kis zugot.<\/p>\n<h2>Kerti mened\u00e9k vir\u00e1gos d\u00edsz\u00edt\u00e9ssel<\/h2>\n<p><img loading=\"lazy\" decoding=\"async\" width=\"700\" height=\"1049\" alt=\"B\u00e1jos kerti f\u00e9szer \u00fcvegezett ajt\u00f3kkal \u00e9s vir\u00e1gkoszor\u00faval, sz\u00ednes magas\u00e1gy\u00e1sokkal \u00e9s kavicsos \u00f6sv\u00e9nnyel k\u00f6r\u00fclv\u00e9ve.\" class=\"aligncenter size-full wp-image-4629\" src=\"https:\/\/doubletakedecor.com\/uploads\/2025\/08\/she-shed-ideas-dtd-06.jpg\" srcset=\"https:\/\/doubletakedecor.com\/uploads\/2025\/08\/she-shed-ideas-dtd-06.jpg 700w, https:\/\/doubletakedecor.com\/uploads\/2025\/08\/she-shed-ideas-dtd-06-200x300.jpg 200w, https:\/\/doubletakedecor.com\/uploads\/2025\/08\/she-shed-ideas-dtd-06-683x1024.jpg 683w, https:\/\/doubletakedecor.com\/uploads\/2025\/08\/she-shed-ideas-dtd-06-96x144.jpg 96w, https:\/\/doubletakedecor.com\/uploads\/2025\/08\/she-shed-ideas-dtd-06-280x420.jpg 280w, https:\/\/doubletakedecor.com\/uploads\/2025\/08\/she-shed-ideas-dtd-06-320x480.jpg 320w, https:\/\/doubletakedecor.com\/uploads\/2025\/08\/she-shed-ideas-dtd-06-360x539.jpg 360w, https:\/\/doubletakedecor.com\/uploads\/2025\/08\/she-shed-ideas-dtd-06-363x544.jpg 363w, https:\/\/doubletakedecor.com\/uploads\/2025\/08\/she-shed-ideas-dtd-06-370x554.jpg 370w, https:\/\/doubletakedecor.com\/uploads\/2025\/08\/she-shed-ideas-dtd-06-400x599.jpg 400w, https:\/\/doubletakedecor.com\/uploads\/2025\/08\/she-shed-ideas-dtd-06-560x839.jpg 560w, https:\/\/doubletakedecor.com\/uploads\/2025\/08\/she-shed-ideas-dtd-06-480x719.jpg 480w\" sizes=\"auto, (max-width: 700px) 100vw, 700px\" \/><\/p>\n<p>V\u00e1ltoztasd she shed-ed egy igazi kerti paradicsomm\u00e1: helyezd el sz\u00ednes vir\u00e1gokkal teli magas\u00e1gy\u00e1sok k\u00f6z\u00f6tt. Az \u00fcvegezett ajt\u00f3kra akassz vir\u00e1gkoszor\u00fat \u2013 \u00edgy nemcsak j\u00f3l n\u00e9z ki, de a f\u00e9ny is be\u00e1ramlik! Egy egyszer\u0171 kavicsos \u00f6sv\u00e9nnyel \u00e9s s\u0171r\u0171 n\u00f6v\u00e9nyekkel m\u00e1r k\u00e9sz is a kellemes, harmonikus \u00f6sszhang a term\u00e9szet \u00e9s a she shed k\u00f6z\u00f6tt.<\/p>\n<h2>Rusztikus \u00e9s modern otthoni iroda egyben<\/h2>\n<p><img loading=\"lazy\" decoding=\"async\" width=\"700\" height=\"1049\" alt=\"Hangulatos otthoni iroda fa gerend\u00e1kkal, term\u00e9szetes f\u00e9nnyel, feh\u00e9r-z\u00f6ld \u00edr\u00f3asztallal, vir\u00e1gmint\u00e1s sz\u00e9kkel \u00e9s mint\u00e1s sz\u0151nyeggel.\" class=\"aligncenter size-full wp-image-4635\" src=\"https:\/\/doubletakedecor.com\/uploads\/2025\/08\/she-shed-ideas-dtd-07.jpg\" srcset=\"https:\/\/doubletakedecor.com\/uploads\/2025\/08\/she-shed-ideas-dtd-07.jpg 700w, https:\/\/doubletakedecor.com\/uploads\/2025\/08\/she-shed-ideas-dtd-07-200x300.jpg 200w, https:\/\/doubletakedecor.com\/uploads\/2025\/08\/she-shed-ideas-dtd-07-683x1024.jpg 683w, https:\/\/doubletakedecor.com\/uploads\/2025\/08\/she-shed-ideas-dtd-07-96x144.jpg 96w, https:\/\/doubletakedecor.com\/uploads\/2025\/08\/she-shed-ideas-dtd-07-280x420.jpg 280w, https:\/\/doubletakedecor.com\/uploads\/2025\/08\/she-shed-ideas-dtd-07-320x480.jpg 320w, https:\/\/doubletakedecor.com\/uploads\/2025\/08\/she-shed-ideas-dtd-07-360x539.jpg 360w, https:\/\/doubletakedecor.com\/uploads\/2025\/08\/she-shed-ideas-dtd-07-363x544.jpg 363w, https:\/\/doubletakedecor.com\/uploads\/2025\/08\/she-shed-ideas-dtd-07-370x554.jpg 370w, https:\/\/doubletakedecor.com\/uploads\/2025\/08\/she-shed-ideas-dtd-07-400x599.jpg 400w, https:\/\/doubletakedecor.com\/uploads\/2025\/08\/she-shed-ideas-dtd-07-560x839.jpg 560w, https:\/\/doubletakedecor.com\/uploads\/2025\/08\/she-shed-ideas-dtd-07-480x719.jpg 480w\" sizes=\"auto, (max-width: 700px) 100vw, 700px\" \/><\/p>\n<p>Ha dolgoz\u00f3sarkot szeretn\u00e9l, \u00f6tv\u00f6zd a rusztikus hangulatot a modern praktikummal! Egy mutat\u00f3s, term\u00e9szetes anyagokb\u00f3l k\u00e9sz\u00fclt \u00edr\u00f3asztal \u00e9s rengeteg term\u00e9szetes f\u00e9ny sokat sz\u00e1m\u00edt. Mint\u00e1s sz\u0151nyeg vagy vir\u00e1gmint\u00e1s sz\u00e9k feldobja az \u00f6sszk\u00e9pet. A munk\u00e1hoz sz\u00fcks\u00e9ges dolgokat d\u00edszt\u00e1rgyakkal is kombin\u00e1lhatod, hogy kreat\u00edv \u00e9s bar\u00e1ts\u00e1gos legyen a hely.<\/p>\n<h2>Piros kerti f\u00e9szer feh\u00e9r kerettel<\/h2>\n<p><img loading=\"lazy\" decoding=\"async\" width=\"700\" height=\"1049\" alt=\"B\u00e1jos piros f\u00e9szer feh\u00e9r szeg\u00e9llyel, nyeregtet\u0151vel, zsalug\u00e1teres ablakkal, cserepes n\u00f6v\u00e9nyekkel \u00e9s z\u00f6lddel teli kerti polccal.\" class=\"aligncenter size-full wp-image-4641\" src=\"https:\/\/doubletakedecor.com\/uploads\/2025\/08\/she-shed-ideas-dtd-08.jpg\" srcset=\"https:\/\/doubletakedecor.com\/uploads\/2025\/08\/she-shed-ideas-dtd-08.jpg 700w, https:\/\/doubletakedecor.com\/uploads\/2025\/08\/she-shed-ideas-dtd-08-200x300.jpg 200w, https:\/\/doubletakedecor.com\/uploads\/2025\/08\/she-shed-ideas-dtd-08-683x1024.jpg 683w, https:\/\/doubletakedecor.com\/uploads\/2025\/08\/she-shed-ideas-dtd-08-96x144.jpg 96w, https:\/\/doubletakedecor.com\/uploads\/2025\/08\/she-shed-ideas-dtd-08-280x420.jpg 280w, https:\/\/doubletakedecor.com\/uploads\/2025\/08\/she-shed-ideas-dtd-08-320x480.jpg 320w, https:\/\/doubletakedecor.com\/uploads\/2025\/08\/she-shed-ideas-dtd-08-360x539.jpg 360w, https:\/\/doubletakedecor.com\/uploads\/2025\/08\/she-shed-ideas-dtd-08-363x544.jpg 363w, https:\/\/doubletakedecor.com\/uploads\/2025\/08\/she-shed-ideas-dtd-08-370x554.jpg 370w, https:\/\/doubletakedecor.com\/uploads\/2025\/08\/she-shed-ideas-dtd-08-400x599.jpg 400w, https:\/\/doubletakedecor.com\/uploads\/2025\/08\/she-shed-ideas-dtd-08-560x839.jpg 560w, https:\/\/doubletakedecor.com\/uploads\/2025\/08\/she-shed-ideas-dtd-08-480x719.jpg 480w\" sizes=\"auto, (max-width: 700px) 100vw, 700px\" \/><\/p>\n<p>Igazi klasszikus kerti hangulatot teremthetsz a piros-feh\u00e9r sz\u00ednp\u00e1rossal. Az ablak al\u00e1 szerelt polcra pakolj cserepes n\u00f6v\u00e9nyeket, vir\u00e1gokat! Tipp: a feh\u00e9r keretsz\u00edn sz\u00e9pen hangs\u00falyozza az \u00e9p\u00fclet form\u00e1j\u00e1t, m\u00edg a sok n\u00f6v\u00e9ny gyorsan a kert szerves r\u00e9sz\u00e9v\u00e9 teszi a she shed-et.<\/p>\n<h2>Eleg\u00e1ns she shed \u00e9tkez\u0151v\u00e9 alak\u00edtva<\/h2>\n<p><img loading=\"lazy\" decoding=\"async\" width=\"700\" height=\"1049\" alt=\"Feh\u00e9r f\u00e9szer eleg\u00e1ns \u00e9tkez\u0151v\u00e9 alak\u00edtva, \u00fcvegezett ajt\u00f3kkal, puha \u00fcl\u0151fel\u00fcletekkel \u00e9s \u00e9l\u00e9nk vir\u00e1gdekorral.\" class=\"aligncenter size-full wp-image-4647\" src=\"https:\/\/doubletakedecor.com\/uploads\/2025\/08\/she-shed-ideas-dtd-09.jpg\" srcset=\"https:\/\/doubletakedecor.com\/uploads\/2025\/08\/she-shed-ideas-dtd-09.jpg 700w, https:\/\/doubletakedecor.com\/uploads\/2025\/08\/she-shed-ideas-dtd-09-200x300.jpg 200w, https:\/\/doubletakedecor.com\/uploads\/2025\/08\/she-shed-ideas-dtd-09-683x1024.jpg 683w, https:\/\/doubletakedecor.com\/uploads\/2025\/08\/she-shed-ideas-dtd-09-96x144.jpg 96w, https:\/\/doubletakedecor.com\/uploads\/2025\/08\/she-shed-ideas-dtd-09-280x420.jpg 280w, https:\/\/doubletakedecor.com\/uploads\/2025\/08\/she-shed-ideas-dtd-09-320x480.jpg 320w, https:\/\/doubletakedecor.com\/uploads\/2025\/08\/she-shed-ideas-dtd-09-360x539.jpg 360w, https:\/\/doubletakedecor.com\/uploads\/2025\/08\/she-shed-ideas-dtd-09-363x544.jpg 363w, https:\/\/doubletakedecor.com\/uploads\/2025\/08\/she-shed-ideas-dtd-09-370x554.jpg 370w, https:\/\/doubletakedecor.com\/uploads\/2025\/08\/she-shed-ideas-dtd-09-400x599.jpg 400w, https:\/\/doubletakedecor.com\/uploads\/2025\/08\/she-shed-ideas-dtd-09-560x839.jpg 560w, https:\/\/doubletakedecor.com\/uploads\/2025\/08\/she-shed-ideas-dtd-09-480x719.jpg 480w\" sizes=\"auto, (max-width: 700px) 100vw, 700px\" \/><\/p>\n<p>Alak\u00edtsd \u00e1t a she shed-et k\u00fcl\u00f6nleges \u00e9tkez\u0151v\u00e9! Az \u00fcvegezett ajt\u00f3k beengedik a l\u00e1tv\u00e1nyt \u00e9s a f\u00e9nyt, \u00edgy belt\u00e9ren is meg\u0151rz\u00f6d a kert hangulat\u00e1t. Fix padot tegy\u00e9l be, hogy t\u00f6bb hely maradjon, \u00e9s v\u00e1lassz k\u00e9nyelmes p\u00e1rn\u00e1kat! Egy karakteres l\u00e1mpa \u00e9s st\u00edlusos f\u00fcgg\u00f6ny teszi teljess\u00e9 az \u00f6sszhat\u00e1st, a bej\u00e1ratn\u00e1l cserepes n\u00f6v\u00e9nyek v\u00e1rj\u00e1k a vend\u00e9geket.<\/p>\n<h2>Modern kerti she shed hangulatos bels\u0151vel<\/h2>\n<p><img loading=\"lazy\" decoding=\"async\" width=\"700\" height=\"1049\" alt=\"Kort\u00e1rs she shed fa l\u00e9cekkel, st\u00edlusos tet\u0151vel, z\u00f6ld paddal, r\u00f3zsasz\u00edn ter\u00edt\u0151vel letakart asztallal \u00e9s belt\u00e9ri n\u00f6v\u00e9nyekkel nyugodt kerti k\u00f6rnyezetben.\" class=\"aligncenter size-full wp-image-4653\" src=\"https:\/\/doubletakedecor.com\/uploads\/2025\/08\/she-shed-ideas-dtd-10.jpg\" srcset=\"https:\/\/doubletakedecor.com\/uploads\/2025\/08\/she-shed-ideas-dtd-10.jpg 700w, https:\/\/doubletakedecor.com\/uploads\/2025\/08\/she-shed-ideas-dtd-10-200x300.jpg 200w, https:\/\/doubletakedecor.com\/uploads\/2025\/08\/she-shed-ideas-dtd-10-683x1024.jpg 683w, https:\/\/doubletakedecor.com\/uploads\/2025\/08\/she-shed-ideas-dtd-10-96x144.jpg 96w, https:\/\/doubletakedecor.com\/uploads\/2025\/08\/she-shed-ideas-dtd-10-280x420.jpg 280w, https:\/\/doubletakedecor.com\/uploads\/2025\/08\/she-shed-ideas-dtd-10-320x480.jpg 320w, https:\/\/doubletakedecor.com\/uploads\/2025\/08\/she-shed-ideas-dtd-10-360x539.jpg 360w, https:\/\/doubletakedecor.com\/uploads\/2025\/08\/she-shed-ideas-dtd-10-363x544.jpg 363w, https:\/\/doubletakedecor.com\/uploads\/2025\/08\/she-shed-ideas-dtd-10-370x554.jpg 370w, https:\/\/doubletakedecor.com\/uploads\/2025\/08\/she-shed-ideas-dtd-10-400x599.jpg 400w, https:\/\/doubletakedecor.com\/uploads\/2025\/08\/she-shed-ideas-dtd-10-560x839.jpg 560w, https:\/\/doubletakedecor.com\/uploads\/2025\/08\/she-shed-ideas-dtd-10-480x719.jpg 480w\" sizes=\"auto, (max-width: 700px) 100vw, 700px\" \/><\/p>\n<p>Friss\u00edtsd fel a kerti kuck\u00f3t modern k\u00fcls\u0151vel: a fa l\u00e9cek \u00e9s az egyszer\u0171 szerkezet st\u00edlusoss\u00e1 var\u00e1zsolj\u00e1k. Bel\u00fcl k\u00e9nyelmes \u00fcl\u0151helyek \u00e9s \u00e9l\u00e9nk, sz\u00ednes textilek teszik otthonoss\u00e1. Polcra rakott szoban\u00f6v\u00e9nyekkel behozhatod a term\u00e9szetet. V\u00e9g\u00fcl egy fa terasz \u00e9s k\u00f6r\u00fcl\u00f6tte \u00e1gy\u00e1sba \u00fcltetett vir\u00e1gok gondoskodnak az egys\u00e9ges, harmonikus \u00f6sszhangr\u00f3l.<\/p>\n<h2>K\u00e9k kerti mened\u00e9k medenc\u00e9vel<\/h2>\n<p><img loading=\"lazy\" decoding=\"async\" width=\"700\" height=\"1049\" alt=\"S\u00f6t\u00e9tk\u00e9k she shed nyeregtet\u0151vel \u00e9s r\u00e1csos d\u00edsz\u00edt\u00e9ssel, fa terasszal, sz\u00e9kekkel, hangulatos medence mellett.\" class=\"aligncenter size-full wp-image-4659\" src=\"https:\/\/doubletakedecor.com\/uploads\/2025\/08\/she-shed-ideas-dtd-11.jpg\" srcset=\"https:\/\/doubletakedecor.com\/uploads\/2025\/08\/she-shed-ideas-dtd-11.jpg 700w, https:\/\/doubletakedecor.com\/uploads\/2025\/08\/she-shed-ideas-dtd-11-200x300.jpg 200w, https:\/\/doubletakedecor.com\/uploads\/2025\/08\/she-shed-ideas-dtd-11-683x1024.jpg 683w, https:\/\/doubletakedecor.com\/uploads\/2025\/08\/she-shed-ideas-dtd-11-96x144.jpg 96w, https:\/\/doubletakedecor.com\/uploads\/2025\/08\/she-shed-ideas-dtd-11-280x420.jpg 280w, https:\/\/doubletakedecor.com\/uploads\/2025\/08\/she-shed-ideas-dtd-11-320x480.jpg 320w, https:\/\/doubletakedecor.com\/uploads\/2025\/08\/she-shed-ideas-dtd-11-360x539.jpg 360w, https:\/\/doubletakedecor.com\/uploads\/2025\/08\/she-shed-ideas-dtd-11-363x544.jpg 363w, https:\/\/doubletakedecor.com\/uploads\/2025\/08\/she-shed-ideas-dtd-11-370x554.jpg 370w, https:\/\/doubletakedecor.com\/uploads\/2025\/08\/she-shed-ideas-dtd-11-400x599.jpg 400w, https:\/\/doubletakedecor.com\/uploads\/2025\/08\/she-shed-ideas-dtd-11-560x839.jpg 560w, https:\/\/doubletakedecor.com\/uploads\/2025\/08\/she-shed-ideas-dtd-11-480x719.jpg 480w\" sizes=\"auto, (max-width: 700px) 100vw, 700px\" \/><\/p>\n<p>K\u00e9sz\u00edts magadnak modern \u201cmened\u00e9ket\u201d a medence mellett egy st\u00edlusos k\u00e9k she shed seg\u00edts\u00e9g\u00e9vel! R\u00f6gz\u00edtett k\u00fclt\u00e9ri l\u00e1mp\u00e1k gondoskodnak az esti dereng\u00e9sr\u0151l; hosszabb\u00edtsd meg a teraszt, \u00edgy lesz \u00e1tmeneti, pihen\u0151 z\u00f3na. Tegy\u00e9l ki k\u00e9nyelmes sz\u00e9keket cs\u00edkos p\u00e1rn\u00e1kkal, \u00e9s keretezd az eg\u00e9sz ter\u00fcletet szimmetrikusan \u00fcltetett n\u00f6v\u00e9nyekkel \u2013 \u00edgy a kerti h\u00e1zik\u00f3d val\u00f3di kikapcsol\u00f3d\u00e1st ad majd.<\/p>\n<h2>Eleg\u00e1ns \u00fcvegh\u00e1zi mened\u00e9k a kertben<\/h2>\n<p><img loading=\"lazy\" decoding=\"async\" width=\"700\" height=\"1049\" alt=\"B\u00e1jos, feh\u00e9r keretes \u00fcvegh\u00e1z \u00fcvegt\u00e1bl\u00e1kkal, buja kertben, k\u0151 \u00f6sv\u00e9nnyel \u00e9s f\u00e1b\u00f3l k\u00e9sz\u00fclt l\u00e9pcs\u0151kkel\" class=\"aligncenter size-full wp-image-4665\" src=\"https:\/\/doubletakedecor.com\/uploads\/2025\/08\/she-shed-ideas-dtd-12.jpg\" srcset=\"https:\/\/doubletakedecor.com\/uploads\/2025\/08\/she-shed-ideas-dtd-12.jpg 700w, https:\/\/doubletakedecor.com\/uploads\/2025\/08\/she-shed-ideas-dtd-12-200x300.jpg 200w, https:\/\/doubletakedecor.com\/uploads\/2025\/08\/she-shed-ideas-dtd-12-683x1024.jpg 683w, https:\/\/doubletakedecor.com\/uploads\/2025\/08\/she-shed-ideas-dtd-12-96x144.jpg 96w, https:\/\/doubletakedecor.com\/uploads\/2025\/08\/she-shed-ideas-dtd-12-280x420.jpg 280w, https:\/\/doubletakedecor.com\/uploads\/2025\/08\/she-shed-ideas-dtd-12-320x480.jpg 320w, https:\/\/doubletakedecor.com\/uploads\/2025\/08\/she-shed-ideas-dtd-12-360x539.jpg 360w, https:\/\/doubletakedecor.com\/uploads\/2025\/08\/she-shed-ideas-dtd-12-363x544.jpg 363w, https:\/\/doubletakedecor.com\/uploads\/2025\/08\/she-shed-ideas-dtd-12-370x554.jpg 370w, https:\/\/doubletakedecor.com\/uploads\/2025\/08\/she-shed-ideas-dtd-12-400x599.jpg 400w, https:\/\/doubletakedecor.com\/uploads\/2025\/08\/she-shed-ideas-dtd-12-560x839.jpg 560w, https:\/\/doubletakedecor.com\/uploads\/2025\/08\/she-shed-ideas-dtd-12-480x719.jpg 480w\" sizes=\"auto, (max-width: 700px) 100vw, 700px\" \/><\/p>\n<p>V\u00e1ltoztasd a kish\u00e1zadat igazi n\u00f6v\u00e9nyparadicsomm\u00e1 egy \u00fcvegh\u00e1zas kialak\u00edt\u00e1ssal! A feh\u00e9r keretek klasszikus megjelen\u00e9st k\u00f6lcs\u00f6n\u00f6znek, a dupla ajt\u00f3k pedig k\u00e9nyelmesen ny\u00edlnak. Egy f\u00e1b\u00f3l k\u00e9sz\u00fclt emelv\u00e9nyre helyezd, \u00e9s alak\u00edts ki k\u0151b\u0151l \u00f6sv\u00e9nyeket, hogy izgalmasabb legyen a l\u00e1tv\u00e1ny. B\u0151ven \u00fcltess k\u00f6r\u00e9 z\u00f6ld n\u00f6v\u00e9nyeket, hogy t\u00f6k\u00e9letesen belesimuljon a kertedbe.<\/p>\n<h2>\u00dcvegh\u00e1zi kish\u00e1z \u2013 nyugalom szigete<\/h2>\n<p><img loading=\"lazy\" decoding=\"async\" width=\"700\" height=\"1050\" alt=\"\u00dcvegtet\u0151s \u00fcvegh\u00e1zb\u00f3l kialak\u00edtott hangulatos h\u00e1l\u00f3szoba, cs\u00edkos \u00e1gynem\u0171vel, polcokon n\u00f6v\u00e9nyekkel \u00e9s kock\u00e1s padl\u00f3val.\" class=\"aligncenter size-full wp-image-4671\" src=\"https:\/\/doubletakedecor.com\/uploads\/2025\/08\/she-shed-ideas-dtd-13.jpg\" srcset=\"https:\/\/doubletakedecor.com\/uploads\/2025\/08\/she-shed-ideas-dtd-13.jpg 700w, https:\/\/doubletakedecor.com\/uploads\/2025\/08\/she-shed-ideas-dtd-13-200x300.jpg 200w, https:\/\/doubletakedecor.com\/uploads\/2025\/08\/she-shed-ideas-dtd-13-683x1024.jpg 683w, https:\/\/doubletakedecor.com\/uploads\/2025\/08\/she-shed-ideas-dtd-13-96x144.jpg 96w, https:\/\/doubletakedecor.com\/uploads\/2025\/08\/she-shed-ideas-dtd-13-280x420.jpg 280w, https:\/\/doubletakedecor.com\/uploads\/2025\/08\/she-shed-ideas-dtd-13-320x480.jpg 320w, https:\/\/doubletakedecor.com\/uploads\/2025\/08\/she-shed-ideas-dtd-13-360x540.jpg 360w, https:\/\/doubletakedecor.com\/uploads\/2025\/08\/she-shed-ideas-dtd-13-363x545.jpg 363w, https:\/\/doubletakedecor.com\/uploads\/2025\/08\/she-shed-ideas-dtd-13-370x555.jpg 370w, https:\/\/doubletakedecor.com\/uploads\/2025\/08\/she-shed-ideas-dtd-13-400x600.jpg 400w, https:\/\/doubletakedecor.com\/uploads\/2025\/08\/she-shed-ideas-dtd-13-560x840.jpg 560w, https:\/\/doubletakedecor.com\/uploads\/2025\/08\/she-shed-ideas-dtd-13-480x720.jpg 480w\" sizes=\"auto, (max-width: 700px) 100vw, 700px\" \/><\/p>\n<p>Alak\u00edtsd \u00e1t a kish\u00e1zadat csendes, \u00fcvegh\u00e1zas mened\u00e9kk\u00e9, ahol a f\u00e9nyes \u00fcvegpanelek beengedik a napsugarakat, \u00e9s kiemelik a n\u00f6v\u00e9nyeidet. Helyezz el egy puha \u00e1gyat mint\u00e1s textillel d\u00e9lut\u00e1ni szuny\u00f3k\u00e1l\u00e1sokhoz, \u00e9s tegy\u00e9l fel fapolcokat a cserepes n\u00f6v\u00e9nyekhez. A kock\u00e1s padl\u00f3 sz\u00ednt visz a t\u00e9rbe, egy egyszer\u0171 sz\u00e9k pedig remek hely lesz a pihen\u00e9shez z\u00f6ld kedvenceid k\u00f6z\u00f6tt.<\/p>\n<h2>Rusztikus \u00fcltet\u0151asztal t\u00e1rol\u00f3val<\/h2>\n<p><img loading=\"lazy\" decoding=\"async\" width=\"700\" height=\"1049\" alt=\"Hangulatos, rusztikus bels\u0151 t\u00e9r f\u00e1b\u00f3l k\u00e9sz\u00fclt asztallal, vintage f\u00e9mt\u00e1llal, feh\u00e9r falakkal \u00e9s fels\u0151 polcokon elhelyezett kerti t\u00e1rgyakkal, d\u00edszekkel.\" class=\"aligncenter size-full wp-image-4677\" src=\"https:\/\/doubletakedecor.com\/uploads\/2025\/08\/she-shed-ideas-dtd-14.jpg\" srcset=\"https:\/\/doubletakedecor.com\/uploads\/2025\/08\/she-shed-ideas-dtd-14.jpg 700w, https:\/\/doubletakedecor.com\/uploads\/2025\/08\/she-shed-ideas-dtd-14-200x300.jpg 200w, https:\/\/doubletakedecor.com\/uploads\/2025\/08\/she-shed-ideas-dtd-14-683x1024.jpg 683w, https:\/\/doubletakedecor.com\/uploads\/2025\/08\/she-shed-ideas-dtd-14-96x144.jpg 96w, https:\/\/doubletakedecor.com\/uploads\/2025\/08\/she-shed-ideas-dtd-14-280x420.jpg 280w, https:\/\/doubletakedecor.com\/uploads\/2025\/08\/she-shed-ideas-dtd-14-320x480.jpg 320w, https:\/\/doubletakedecor.com\/uploads\/2025\/08\/she-shed-ideas-dtd-14-360x539.jpg 360w, https:\/\/doubletakedecor.com\/uploads\/2025\/08\/she-shed-ideas-dtd-14-363x544.jpg 363w, https:\/\/doubletakedecor.com\/uploads\/2025\/08\/she-shed-ideas-dtd-14-370x554.jpg 370w, https:\/\/doubletakedecor.com\/uploads\/2025\/08\/she-shed-ideas-dtd-14-400x599.jpg 400w, https:\/\/doubletakedecor.com\/uploads\/2025\/08\/she-shed-ideas-dtd-14-560x839.jpg 560w, https:\/\/doubletakedecor.com\/uploads\/2025\/08\/she-shed-ideas-dtd-14-480x719.jpg 480w\" sizes=\"auto, (max-width: 700px) 100vw, 700px\" \/><\/p>\n<p>V\u00e1ltoztasd a kish\u00e1zadat rendezett kert\u00e9szsarokk\u00e1 egy rusztikus \u00fcltet\u0151asztallal! Haszn\u00e1lj ipari st\u00edlus\u00fa asztalt be\u00e9p\u00edtett t\u00e1rol\u00f3rekeszekkel, \u00edgy mindig rendet tudsz tartani az eszk\u00f6z\u00f6k k\u00f6z\u00f6tt. Dobd fel a teret egy r\u00e9gi f\u00e9mt\u00e1llal, \u00e9s szerelj fel nyitott polcokat a d\u00edsz- \u00e9s seg\u00e9deszk\u00f6z\u00f6knek. F\u00e1b\u00f3l k\u00e9sz\u00fclt kieg\u00e9sz\u00edt\u0151kkel \u00e9s sok n\u00f6v\u00e9nnyel igaz\u00e1n otthonoss\u00e1 \u00e9s h\u00edvogat\u00f3v\u00e1 v\u00e1lik a munkahelyed.<\/p>\n<h2>\u00dcvegh\u00e1zas kish\u00e1z \u2013 b\u00e9k\u00e9s kertmened\u00e9k<\/h2>\n<p><img loading=\"lazy\" decoding=\"async\" width=\"700\" height=\"1049\" alt=\"Pasztell sz\u00edn\u0171 \u00fcvegh\u00e1z \u00fcvegt\u00e1bl\u00e1kkal, cs\u00facsos tet\u0151vel, vir\u00e1gl\u00e1d\u00e1kkal \u00e9s fa \u00f6sv\u00e9nnyel, buja kerttel k\u00f6r\u00fclv\u00e9ve\" class=\"aligncenter size-full wp-image-4683\" src=\"https:\/\/doubletakedecor.com\/uploads\/2025\/08\/she-shed-ideas-dtd-15.jpg\" srcset=\"https:\/\/doubletakedecor.com\/uploads\/2025\/08\/she-shed-ideas-dtd-15.jpg 700w, https:\/\/doubletakedecor.com\/uploads\/2025\/08\/she-shed-ideas-dtd-15-200x300.jpg 200w, https:\/\/doubletakedecor.com\/uploads\/2025\/08\/she-shed-ideas-dtd-15-683x1024.jpg 683w, https:\/\/doubletakedecor.com\/uploads\/2025\/08\/she-shed-ideas-dtd-15-96x144.jpg 96w, https:\/\/doubletakedecor.com\/uploads\/2025\/08\/she-shed-ideas-dtd-15-280x420.jpg 280w, https:\/\/doubletakedecor.com\/uploads\/2025\/08\/she-shed-ideas-dtd-15-320x480.jpg 320w, https:\/\/doubletakedecor.com\/uploads\/2025\/08\/she-shed-ideas-dtd-15-360x539.jpg 360w, https:\/\/doubletakedecor.com\/uploads\/2025\/08\/she-shed-ideas-dtd-15-363x544.jpg 363w, https:\/\/doubletakedecor.com\/uploads\/2025\/08\/she-shed-ideas-dtd-15-370x554.jpg 370w, https:\/\/doubletakedecor.com\/uploads\/2025\/08\/she-shed-ideas-dtd-15-400x599.jpg 400w, https:\/\/doubletakedecor.com\/uploads\/2025\/08\/she-shed-ideas-dtd-15-560x839.jpg 560w, https:\/\/doubletakedecor.com\/uploads\/2025\/08\/she-shed-ideas-dtd-15-480x719.jpg 480w\" sizes=\"auto, (max-width: 700px) 100vw, 700px\" \/><\/p>\n<p>Alak\u00edtsd \u00e1t kertedet egy \u00fcvegh\u00e1zas kish\u00e1z seg\u00edts\u00e9g\u00e9vel! Haszn\u00e1lj vil\u00e1gos pasztellsz\u00edn\u0171 oldalakat az eleg\u00e1ns megjelen\u00e9shez, \u00e9s nagy \u00fcvegpanelek seg\u00edts\u00e9g\u00e9vel engedd be a sok term\u00e9szetes f\u00e9nyt. Helyezz vir\u00e1gl\u00e1d\u00e1kat az ablakok al\u00e1, ezek sz\u00ednesebb\u00e9 \u00e9s bar\u00e1ts\u00e1gosabb\u00e1 teszik a helyet. Egy fa \u00f6sv\u00e9ny k\u00e9nyelmes \u00e9s mutat\u00f3s lesz a kish\u00e1zhoz vezet\u0151 \u00faton.<\/p>\n<h2>\u00c1rnyas kertmened\u00e9k<\/h2>\n<p><img loading=\"lazy\" decoding=\"async\" width=\"700\" height=\"1050\" alt=\"Otthonos kert r\u00e9sz vil\u00e1gos fa kish\u00e1zzal, fedett terasszal, lila vir\u00e1gokkal cserepekben \u00e9s kavicsos \u00f6sv\u00e9nnyel vezet\u0151 rusztikus k\u00fclt\u00e9ri b\u00fatorokhoz.\" class=\"aligncenter size-full wp-image-4689\" src=\"https:\/\/doubletakedecor.com\/uploads\/2025\/08\/she-shed-ideas-dtd-16.jpg\" srcset=\"https:\/\/doubletakedecor.com\/uploads\/2025\/08\/she-shed-ideas-dtd-16.jpg 700w, https:\/\/doubletakedecor.com\/uploads\/2025\/08\/she-shed-ideas-dtd-16-200x300.jpg 200w, https:\/\/doubletakedecor.com\/uploads\/2025\/08\/she-shed-ideas-dtd-16-683x1024.jpg 683w, https:\/\/doubletakedecor.com\/uploads\/2025\/08\/she-shed-ideas-dtd-16-96x144.jpg 96w, https:\/\/doubletakedecor.com\/uploads\/2025\/08\/she-shed-ideas-dtd-16-280x420.jpg 280w, https:\/\/doubletakedecor.com\/uploads\/2025\/08\/she-shed-ideas-dtd-16-320x480.jpg 320w, https:\/\/doubletakedecor.com\/uploads\/2025\/08\/she-shed-ideas-dtd-16-360x540.jpg 360w, https:\/\/doubletakedecor.com\/uploads\/2025\/08\/she-shed-ideas-dtd-16-363x545.jpg 363w, https:\/\/doubletakedecor.com\/uploads\/2025\/08\/she-shed-ideas-dtd-16-370x555.jpg 370w, https:\/\/doubletakedecor.com\/uploads\/2025\/08\/she-shed-ideas-dtd-16-400x600.jpg 400w, https:\/\/doubletakedecor.com\/uploads\/2025\/08\/she-shed-ideas-dtd-16-560x840.jpg 560w, https:\/\/doubletakedecor.com\/uploads\/2025\/08\/she-shed-ideas-dtd-16-480x720.jpg 480w\" sizes=\"auto, (max-width: 700px) 100vw, 700px\" \/><\/p>\n<p>Hozz l\u00e9tre h\u00edvogat\u00f3 kertmened\u00e9ket egy fedett terasz kialak\u00edt\u00e1s\u00e1val a kish\u00e1z mellett! Tegy\u00e9l ki cserepes vir\u00e1gokat \u00e9l\u00e9nk sz\u00ednekkel, \u00e9s kavicsos utakat a k\u00f6nny\u0171 tiszt\u00e1n tart\u00e1s\u00e9rt. V\u00e1lassz rusztikus fa b\u00fatorokat, hogy k\u00e9nyelmesen le\u00fclhess, ak\u00e1r pihenni, ak\u00e1r bar\u00e1tokat fogadni szeretn\u00e9l.<\/p>\n<h2>Eleg\u00e1ns \u00fcvegh\u00e1zas kish\u00e1z<\/h2>\n<p><img loading=\"lazy\" decoding=\"async\" width=\"700\" height=\"1049\" alt=\"B\u00e1jos feh\u00e9r fa \u00fcvegh\u00e1z \u00fcvegpanelekkel, dupla ajt\u00f3val \u00e9s \u00e1tl\u00e1tsz\u00f3 lejt\u0151s tet\u0151vel, cserepes n\u00f6v\u00e9nyekkel b\u00e9k\u00e9s vid\u00e9ki k\u00f6rnyezetben.\" class=\"aligncenter size-full wp-image-4695\" src=\"https:\/\/doubletakedecor.com\/uploads\/2025\/08\/she-shed-ideas-dtd-17.jpg\" srcset=\"https:\/\/doubletakedecor.com\/uploads\/2025\/08\/she-shed-ideas-dtd-17.jpg 700w, https:\/\/doubletakedecor.com\/uploads\/2025\/08\/she-shed-ideas-dtd-17-200x300.jpg 200w, https:\/\/doubletakedecor.com\/uploads\/2025\/08\/she-shed-ideas-dtd-17-683x1024.jpg 683w, https:\/\/doubletakedecor.com\/uploads\/2025\/08\/she-shed-ideas-dtd-17-96x144.jpg 96w, https:\/\/doubletakedecor.com\/uploads\/2025\/08\/she-shed-ideas-dtd-17-280x420.jpg 280w, https:\/\/doubletakedecor.com\/uploads\/2025\/08\/she-shed-ideas-dtd-17-320x480.jpg 320w, https:\/\/doubletakedecor.com\/uploads\/2025\/08\/she-shed-ideas-dtd-17-360x539.jpg 360w, https:\/\/doubletakedecor.com\/uploads\/2025\/08\/she-shed-ideas-dtd-17-363x544.jpg 363w, https:\/\/doubletakedecor.com\/uploads\/2025\/08\/she-shed-ideas-dtd-17-370x554.jpg 370w, https:\/\/doubletakedecor.com\/uploads\/2025\/08\/she-shed-ideas-dtd-17-400x599.jpg 400w, https:\/\/doubletakedecor.com\/uploads\/2025\/08\/she-shed-ideas-dtd-17-560x839.jpg 560w, https:\/\/doubletakedecor.com\/uploads\/2025\/08\/she-shed-ideas-dtd-17-480x719.jpg 480w\" sizes=\"auto, (max-width: 700px) 100vw, 700px\" \/><\/p>\n<p>Var\u00e1zsolj napf\u00e9nyes mened\u00e9ket kish\u00e1zadb\u00f3l egy feh\u00e9r fa \u00fcvegh\u00e1z kialak\u00edt\u00e1s\u00e1val! Nagy \u00fcvegt\u00e1bl\u00e1kat \u00e9s \u00e1tl\u00e1tsz\u00f3 tet\u0151t haszn\u00e1lj, hogy min\u00e9l t\u00f6bb f\u00e9ny jusson be, \u00e9s a n\u00f6v\u00e9nyek l\u00e1that\u00f3k legyenek. Helyezz el egy rusztikus fa asztalt \u00fcltet\u00e9shez, \u00e9s d\u00edsz\u00edtsd a bej\u00e1ratot vir\u00e1gos-cserepekkel, hogy m\u00e9g bar\u00e1ts\u00e1gosabb legyen a fogadtat\u00e1s. Ide\u00e1lis v\u00e1laszt\u00e1s, ha a kert\u00e9szked\u00e9st egy nyugodt pihen\u0151hellyel szeretn\u00e9d \u00f6sszek\u00f6tni.<\/p>\n<h2>Vid\u00e1m s\u00e1rga kerti kish\u00e1z<\/h2>\n<p><img loading=\"lazy\" decoding=\"async\" width=\"700\" height=\"1050\" alt=\"\u00c9l\u00e9nks\u00e1rga kerti kish\u00e1z feh\u00e9r ajt\u00f3kkal, ablakl\u00e1d\u00e1kkal, vir\u00e1gokkal, \u00e9s a bej\u00e1rathoz vezet\u0151 k\u0151 \u00f6sv\u00e9ny, cserepes n\u00f6v\u00e9nyekkel k\u00f6r\u00fclv\u00e9ve.\" class=\"aligncenter size-full wp-image-4701\" src=\"https:\/\/doubletakedecor.com\/uploads\/2025\/08\/she-shed-ideas-dtd-18.jpg\" srcset=\"https:\/\/doubletakedecor.com\/uploads\/2025\/08\/she-shed-ideas-dtd-18.jpg 700w, https:\/\/doubletakedecor.com\/uploads\/2025\/08\/she-shed-ideas-dtd-18-200x300.jpg 200w, https:\/\/doubletakedecor.com\/uploads\/2025\/08\/she-shed-ideas-dtd-18-683x1024.jpg 683w, https:\/\/doubletakedecor.com\/uploads\/2025\/08\/she-shed-ideas-dtd-18-96x144.jpg 96w, https:\/\/doubletakedecor.com\/uploads\/2025\/08\/she-shed-ideas-dtd-18-280x420.jpg 280w, https:\/\/doubletakedecor.com\/uploads\/2025\/08\/she-shed-ideas-dtd-18-320x480.jpg 320w, https:\/\/doubletakedecor.com\/uploads\/2025\/08\/she-shed-ideas-dtd-18-360x540.jpg 360w, https:\/\/doubletakedecor.com\/uploads\/2025\/08\/she-shed-ideas-dtd-18-363x545.jpg 363w, https:\/\/doubletakedecor.com\/uploads\/2025\/08\/she-shed-ideas-dtd-18-370x555.jpg 370w, https:\/\/doubletakedecor.com\/uploads\/2025\/08\/she-shed-ideas-dtd-18-400x600.jpg 400w, https:\/\/doubletakedecor.com\/uploads\/2025\/08\/she-shed-ideas-dtd-18-560x840.jpg 560w, https:\/\/doubletakedecor.com\/uploads\/2025\/08\/she-shed-ideas-dtd-18-480x720.jpg 480w\" sizes=\"auto, (max-width: 700px) 100vw, 700px\" \/><\/p>\n<p>Fess ki a kish\u00e1zadat \u00e9l\u00e9nk s\u00e1rg\u00e1ra, \u00e9s m\u00e1ris vid\u00e1mabb, bar\u00e1ts\u00e1gosabb lesz a kerted! Tegy\u00e9l az ablakok al\u00e1 vir\u00e1gl\u00e1d\u00e1kat szezon\u00e1lis n\u00f6v\u00e9nyekkel, hogy sz\u00ednesebb \u00e9s \u00e9rdekesebb legyen a h\u00e1z k\u00fclseje. A bej\u00e1ratig vezet\u0151 k\u0151 \u00f6sv\u00e9nyt szeg\u00e9lyezd k\u00fcl\u00f6nb\u00f6z\u0151 m\u00e9ret\u0171 cserepes n\u00f6v\u00e9nyekkel. Haszn\u00e1lj fonott kosarakat \u00e9s m\u00e1s d\u00edszeket, hogy m\u00e9g hangulatosabb, vid\u00e9ki hat\u00e1st \u00e9rj el.<\/p>\n<h2>\u0150szi pergol\u00e1s mened\u00e9k<\/h2>\n<p><img loading=\"lazy\" decoding=\"async\" width=\"700\" height=\"1050\" alt=\"Hangulatos k\u00fclt\u00e9ri terasz feh\u00e9r \u00fcl\u0151garnit\u00far\u00e1val, fekete pergol\u00e1val, f\u00e9nyf\u00fcz\u00e9rekkel, sz\u00ednes \u0151szi lombokkal k\u00f6r\u00fclv\u00e9ve.\" class=\"aligncenter size-full wp-image-4707\" src=\"https:\/\/doubletakedecor.com\/uploads\/2025\/08\/she-shed-ideas-dtd-19.jpg\" srcset=\"https:\/\/doubletakedecor.com\/uploads\/2025\/08\/she-shed-ideas-dtd-19.jpg 700w, https:\/\/doubletakedecor.com\/uploads\/2025\/08\/she-shed-ideas-dtd-19-200x300.jpg 200w, https:\/\/doubletakedecor.com\/uploads\/2025\/08\/she-shed-ideas-dtd-19-683x1024.jpg 683w, https:\/\/doubletakedecor.com\/uploads\/2025\/08\/she-shed-ideas-dtd-19-96x144.jpg 96w, https:\/\/doubletakedecor.com\/uploads\/2025\/08\/she-shed-ideas-dtd-19-280x420.jpg 280w, https:\/\/doubletakedecor.com\/uploads\/2025\/08\/she-shed-ideas-dtd-19-320x480.jpg 320w, https:\/\/doubletakedecor.com\/uploads\/2025\/08\/she-shed-ideas-dtd-19-360x540.jpg 360w, https:\/\/doubletakedecor.com\/uploads\/2025\/08\/she-shed-ideas-dtd-19-363x545.jpg 363w, https:\/\/doubletakedecor.com\/uploads\/2025\/08\/she-shed-ideas-dtd-19-370x555.jpg 370w, https:\/\/doubletakedecor.com\/uploads\/2025\/08\/she-shed-ideas-dtd-19-400x600.jpg 400w, https:\/\/doubletakedecor.com\/uploads\/2025\/08\/she-shed-ideas-dtd-19-560x840.jpg 560w, https:\/\/doubletakedecor.com\/uploads\/2025\/08\/she-shed-ideas-dtd-19-480x720.jpg 480w\" sizes=\"auto, (max-width: 700px) 100vw, 700px\" \/><\/p>\n<p>Alak\u00edts ki saj\u00e1t szabadt\u00e9ri pihen\u0151helyet egy fekete pergola felszerel\u00e9s\u00e9vel a terasz f\u00f6l\u00e9! L\u00f3gass fel \u00e9g\u0151sort, hogy este is hangulatos legyen a hely. Tegy\u00e9l a teraszra k\u00e9nyelmes \u00fcl\u0151garnit\u00far\u00e1t, puha p\u00e1rn\u00e1kat \u0151szies sz\u00ednekben, \u00e9s v\u00e1lassz letisztult b\u00fatorokat. Cserepes n\u00f6v\u00e9nyekkel term\u00e9szetk\u00f6zeli \u00e9rz\u00e9st adsz, ami j\u00f3l illik az \u0151szi kertedhez.<\/p>\n<h2>K\u00fclt\u00e9ri kerti iroda kish\u00e1z<\/h2>\n<p><img loading=\"lazy\" decoding=\"async\" width=\"700\" height=\"1050\" alt=\"S\u00f6t\u00e9t, feh\u00e9r szeg\u00e9lyes kerti kish\u00e1z \u00fcvegajt\u00f3kkal, bel\u00fcl fa polcokkal \u00e9s k\u00f6r\u00fcl\u00f6tte k\u0151 \u00f6sv\u00e9nyekkel.\" class=\"aligncenter size-full wp-image-4713\" src=\"https:\/\/doubletakedecor.com\/uploads\/2025\/08\/she-shed-ideas-dtd-20.jpg\" srcset=\"https:\/\/doubletakedecor.com\/uploads\/2025\/08\/she-shed-ideas-dtd-20.jpg 700w, https:\/\/doubletakedecor.com\/uploads\/2025\/08\/she-shed-ideas-dtd-20-200x300.jpg 200w, https:\/\/doubletakedecor.com\/uploads\/2025\/08\/she-shed-ideas-dtd-20-683x1024.jpg 683w, https:\/\/doubletakedecor.com\/uploads\/2025\/08\/she-shed-ideas-dtd-20-96x144.jpg 96w, https:\/\/doubletakedecor.com\/uploads\/2025\/08\/she-shed-ideas-dtd-20-280x420.jpg 280w, https:\/\/doubletakedecor.com\/uploads\/2025\/08\/she-shed-ideas-dtd-20-320x480.jpg 320w, https:\/\/doubletakedecor.com\/uploads\/2025\/08\/she-shed-ideas-dtd-20-360x540.jpg 360w, https:\/\/doubletakedecor.com\/uploads\/2025\/08\/she-shed-ideas-dtd-20-363x545.jpg 363w, https:\/\/doubletakedecor.com\/uploads\/2025\/08\/she-shed-ideas-dtd-20-370x555.jpg 370w, https:\/\/doubletakedecor.com\/uploads\/2025\/08\/she-shed-ideas-dtd-20-400x600.jpg 400w, https:\/\/doubletakedecor.com\/uploads\/2025\/08\/she-shed-ideas-dtd-20-560x840.jpg 560w, https:\/\/doubletakedecor.com\/uploads\/2025\/08\/she-shed-ideas-dtd-20-480x720.jpg 480w\" sizes=\"auto, (max-width: 700px) 100vw, 700px\" \/><\/p>\n<p>Hozd l\u00e9tre \u00e1lmaid otthoni munkahely\u00e9t egy eleg\u00e1ns kertv\u00e9gi kish\u00e1zb\u00f3l! Nagy \u00fcvegajt\u00f3kat szerelj be, hogy rengeteg term\u00e9szetes f\u00e9ny jusson be, a fa polcokon pedig elf\u00e9rnek a munkaeszk\u00f6z\u00f6k \u00e9s a d\u00edszt\u00e1rgyak is. A k\u0151b\u0151l k\u00e9sz\u00fclt \u00f6sv\u00e9nyek st\u00edlusosak, a kertet pedig alacsony gondoz\u00e1s\u00fa n\u00f6v\u00e9nyekkel szeg\u00e9lyezd. \u00cdgy profi, de nyugodt \u00e9s z\u00f6ld k\u00f6rnyezetben dolgozhatsz.<\/p>\n<h2>Klasszikus feh\u00e9r kish\u00e1z kerttel<\/h2>\n<p><img loading=\"lazy\" decoding=\"async\" width=\"700\" height=\"1049\" alt=\"B\u00e1jos feh\u00e9r kerti kish\u00e1z fekete r\u00e9szletekkel, dupla \u00fcvegezett ajt\u00f3kkal, rendezett vir\u00e1g\u00e1gy\u00e1sokkal \u00e9s k\u0151 \u00f6sv\u00e9nnyel a bej\u00e1rathoz.\" class=\"aligncenter size-full wp-image-4719\" src=\"https:\/\/doubletakedecor.com\/uploads\/2025\/08\/she-shed-ideas-dtd-21.jpg\" srcset=\"https:\/\/doubletakedecor.com\/uploads\/2025\/08\/she-shed-ideas-dtd-21.jpg 700w, https:\/\/doubletakedecor.com\/uploads\/2025\/08\/she-shed-ideas-dtd-21-200x300.jpg 200w, https:\/\/doubletakedecor.com\/uploads\/2025\/08\/she-shed-ideas-dtd-21-683x1024.jpg 683w, https:\/\/doubletakedecor.com\/uploads\/2025\/08\/she-shed-ideas-dtd-21-96x144.jpg 96w, https:\/\/doubletakedecor.com\/uploads\/2025\/08\/she-shed-ideas-dtd-21-280x420.jpg 280w, https:\/\/doubletakedecor.com\/uploads\/2025\/08\/she-shed-ideas-dtd-21-320x480.jpg 320w, https:\/\/doubletakedecor.com\/uploads\/2025\/08\/she-shed-ideas-dtd-21-360x539.jpg 360w, https:\/\/doubletakedecor.com\/uploads\/2025\/08\/she-shed-ideas-dtd-21-363x544.jpg 363w, https:\/\/doubletakedecor.com\/uploads\/2025\/08\/she-shed-ideas-dtd-21-370x554.jpg 370w, https:\/\/doubletakedecor.com\/uploads\/2025\/08\/she-shed-ideas-dtd-21-400x599.jpg 400w, https:\/\/doubletakedecor.com\/uploads\/2025\/08\/she-shed-ideas-dtd-21-560x839.jpg 560w, https:\/\/doubletakedecor.com\/uploads\/2025\/08\/she-shed-ideas-dtd-21-480x719.jpg 480w\" sizes=\"auto, (max-width: 700px) 100vw, 700px\" \/><\/p>\n<p>Alkoss csendes mened\u00e9ket a kertben elhelyezett kish\u00e1zzal \u00e9s gondosan kialak\u00edtott vir\u00e1g\u00e1gy\u00e1sokkal! Tegy\u00e9l be nagy \u00fcvegezett ajt\u00f3kat, \u00edgy sok f\u00e9ny \u00e1rad be, de m\u00e9gis megmarad a mag\u00e1nszf\u00e9ra. K\u00e9sz\u00edts kis teraszt k\u00e9nyelmes \u00fcl\u0151hellyel a szabadban is. Feh\u00e9r k\u00fcls\u0151, fekete r\u00e9szletekkel \u2013 ez az \u00f6r\u00f6k elegancia minden kertben j\u00f3l mutat.<\/p>\n<h2>Modern kish\u00e1z kil\u00e1t\u00e1ssal a kertre<\/h2>\n<p><img loading=\"lazy\" decoding=\"async\" width=\"700\" height=\"1049\" alt=\"St\u00edlusos, belt\u00e9ri kish\u00e1z sz\u00fcrke falakkal, f\u00fcgg\u0151 l\u00e1mp\u00e1kkal, munkaasztallal \u00e9s dupla ajt\u00f3kkal, amelyek egy z\u00f6ld udvarra ny\u00edlnak.\" class=\"aligncenter size-full wp-image-4725\" src=\"https:\/\/doubletakedecor.com\/uploads\/2025\/08\/she-shed-ideas-dtd-22.jpg\" srcset=\"https:\/\/doubletakedecor.com\/uploads\/2025\/08\/she-shed-ideas-dtd-22.jpg 700w, https:\/\/doubletakedecor.com\/uploads\/2025\/08\/she-shed-ideas-dtd-22-200x300.jpg 200w, https:\/\/doubletakedecor.com\/uploads\/2025\/08\/she-shed-ideas-dtd-22-683x1024.jpg 683w, https:\/\/doubletakedecor.com\/uploads\/2025\/08\/she-shed-ideas-dtd-22-96x144.jpg 96w, https:\/\/doubletakedecor.com\/uploads\/2025\/08\/she-shed-ideas-dtd-22-280x420.jpg 280w, https:\/\/doubletakedecor.com\/uploads\/2025\/08\/she-shed-ideas-dtd-22-320x480.jpg 320w, https:\/\/doubletakedecor.com\/uploads\/2025\/08\/she-shed-ideas-dtd-22-360x539.jpg 360w, https:\/\/doubletakedecor.com\/uploads\/2025\/08\/she-shed-ideas-dtd-22-363x544.jpg 363w, https:\/\/doubletakedecor.com\/uploads\/2025\/08\/she-shed-ideas-dtd-22-370x554.jpg 370w, https:\/\/doubletakedecor.com\/uploads\/2025\/08\/she-shed-ideas-dtd-22-400x599.jpg 400w, https:\/\/doubletakedecor.com\/uploads\/2025\/08\/she-shed-ideas-dtd-22-560x839.jpg 560w, https:\/\/doubletakedecor.com\/uploads\/2025\/08\/she-shed-ideas-dtd-22-480x719.jpg 480w\" sizes=\"auto, (max-width: 700px) 100vw, 700px\" \/><\/p>\n<p>Hozz l\u00e9tre egy olyan kis mened\u00e9ket, ahol dolgozhatsz \u00e9s pihenhetsz is! Szerelj fel f\u00fcgg\u0151l\u00e1mp\u00e1kat a ferde mennyezet al\u00e1, \u00edgy egyszerre lesz st\u00edlusos \u00e9s j\u00f3l megvil\u00e1g\u00edtott a hely. Az asztalt tedd nagy ajt\u00f3 k\u00f6zel\u00e9be \u2013 \u00edgy sok term\u00e9szetes f\u00e9nyt kapsz, r\u00e1ad\u00e1sul sz\u00e9p kil\u00e1t\u00e1sod is lesz a kertre. \u00dcltess n\u00f6v\u00e9nyeket mindenhov\u00e1, hogy friss \u00e9s nyugodt legyen a l\u00e9gk\u00f6r.<\/p>\n<h2>B\u00e1jos k\u00e9k kish\u00e1z bisztr\u00f3 sarokkal<\/h2>\n<p><img loading=\"lazy\" decoding=\"async\" width=\"700\" height=\"1050\" alt=\"K\u00e9k kish\u00e1z feh\u00e9r szeg\u00e9llyel, d\u00edsz ajt\u00f3koszor\u00faval \u00e9s oldalablakokkal, el\u0151t\u00e9rben hangulatos bisztr\u00f3 asztallal \u00e9s sz\u00e9kkel.\" class=\"aligncenter size-full wp-image-4731\" src=\"https:\/\/doubletakedecor.com\/uploads\/2025\/08\/she-shed-ideas-dtd-23.jpg\" srcset=\"https:\/\/doubletakedecor.com\/uploads\/2025\/08\/she-shed-ideas-dtd-23.jpg 700w, https:\/\/doubletakedecor.com\/uploads\/2025\/08\/she-shed-ideas-dtd-23-200x300.jpg 200w, https:\/\/doubletakedecor.com\/uploads\/2025\/08\/she-shed-ideas-dtd-23-683x1024.jpg 683w, https:\/\/doubletakedecor.com\/uploads\/2025\/08\/she-shed-ideas-dtd-23-96x144.jpg 96w, https:\/\/doubletakedecor.com\/uploads\/2025\/08\/she-shed-ideas-dtd-23-280x420.jpg 280w, https:\/\/doubletakedecor.com\/uploads\/2025\/08\/she-shed-ideas-dtd-23-320x480.jpg 320w, https:\/\/doubletakedecor.com\/uploads\/2025\/08\/she-shed-ideas-dtd-23-360x540.jpg 360w, https:\/\/doubletakedecor.com\/uploads\/2025\/08\/she-shed-ideas-dtd-23-363x545.jpg 363w, https:\/\/doubletakedecor.com\/uploads\/2025\/08\/she-shed-ideas-dtd-23-370x555.jpg 370w, https:\/\/doubletakedecor.com\/uploads\/2025\/08\/she-shed-ideas-dtd-23-400x600.jpg 400w, https:\/\/doubletakedecor.com\/uploads\/2025\/08\/she-shed-ideas-dtd-23-560x840.jpg 560w, https:\/\/doubletakedecor.com\/uploads\/2025\/08\/she-shed-ideas-dtd-23-480x720.jpg 480w\" sizes=\"auto, (max-width: 700px) 100vw, 700px\" \/><\/p>\n<p>Dobj fel a kish\u00e1zad k\u00fclsej\u00e9t egy \u00f6sszeill\u0151 sz\u00ednkombin\u00e1ci\u00f3val, p\u00e9ld\u00e1ul k\u00e9k-feh\u00e9r \u00e1rnyalatokkal! \u00dcltess vir\u00e1gokat az ablakl\u00e1d\u00e1kba, \u00e9s akassz egy d\u00edszkoszor\u00fat az ajt\u00f3ra a bar\u00e1ts\u00e1gos bej\u00e1rathoz. Egy kis bisztr\u00f3 asztal t\u00f6k\u00e9letes lesz reggeli k\u00e1v\u00e9hoz vagy esti pihen\u00e9shez. K\u00f6r\u00fcl\u00f6tte sz\u00f3rj le apr\u00f3 kavicsot \u2013 ez cs\u00f6kkenti a gondoz\u00e1si ig\u00e9nyt \u00e9s hangulatos lesz a kish\u00e1z k\u00f6rny\u00e9ke.<\/p>\n<h2>Belt\u00e9ri-k\u00fclt\u00e9ri \u00e1tj\u00e1r\u00f3s mened\u00e9k<\/h2>\n<p><img loading=\"lazy\" decoding=\"async\" width=\"700\" height=\"1049\" alt=\"Rusztikus kish\u00e1z bels\u0151, feh\u00e9r falakkal, nyitott ajt\u00f3val a kertre, fekete \u00f3r\u00e1val \u00e9s polcokon n\u00f6v\u00e9nyekkel, k\u00f6nyvekkel.\" class=\"aligncenter size-full wp-image-4737\" src=\"https:\/\/doubletakedecor.com\/uploads\/2025\/08\/she-shed-ideas-dtd-24.jpg\" srcset=\"https:\/\/doubletakedecor.com\/uploads\/2025\/08\/she-shed-ideas-dtd-24.jpg 700w, https:\/\/doubletakedecor.com\/uploads\/2025\/08\/she-shed-ideas-dtd-24-200x300.jpg 200w, https:\/\/doubletakedecor.com\/uploads\/2025\/08\/she-shed-ideas-dtd-24-683x1024.jpg 683w, https:\/\/doubletakedecor.com\/uploads\/2025\/08\/she-shed-ideas-dtd-24-96x144.jpg 96w, https:\/\/doubletakedecor.com\/uploads\/2025\/08\/she-shed-ideas-dtd-24-280x420.jpg 280w, https:\/\/doubletakedecor.com\/uploads\/2025\/08\/she-shed-ideas-dtd-24-320x480.jpg 320w, https:\/\/doubletakedecor.com\/uploads\/2025\/08\/she-shed-ideas-dtd-24-360x539.jpg 360w, https:\/\/doubletakedecor.com\/uploads\/2025\/08\/she-shed-ideas-dtd-24-363x544.jpg 363w, https:\/\/doubletakedecor.com\/uploads\/2025\/08\/she-shed-ideas-dtd-24-370x554.jpg 370w, https:\/\/doubletakedecor.com\/uploads\/2025\/08\/she-shed-ideas-dtd-24-400x599.jpg 400w, https:\/\/doubletakedecor.com\/uploads\/2025\/08\/she-shed-ideas-dtd-24-560x839.jpg 560w, https:\/\/doubletakedecor.com\/uploads\/2025\/08\/she-shed-ideas-dtd-24-480x719.jpg 480w\" sizes=\"auto, (max-width: 700px) 100vw, 700px\" \/><\/p>\n<p>Olvaszd egybe a kish\u00e1zat a kerttel egy t\u00e1gas \u00e1tj\u00e1r\u00f3n kereszt\u00fcl! Tegy\u00e9l fel \u00e1ttetsz\u0151 f\u00fcgg\u00f6nyt a nagy ajt\u00f3 el\u00e9, \u00edgy sok f\u00e9ny j\u00f6n be, de meg\u00f3vhatod a mag\u00e1n\u00e9letedet is. Feh\u00e9r falakat v\u00e1lassz, hogy vil\u00e1gos legyen a hely, rakj fel fali\u00f3r\u00e1t, \u00e9s tegy\u00e9l z\u00f6ld n\u00f6v\u00e9nyeket k\u00edv\u00fclre-bel\u00fclre. A nyitott polcokra elf\u00e9rnek a k\u00f6nyvek \u00e9s apr\u00f3 d\u00edszek.<\/p>\n<h2>Vil\u00e1gos \u00e9s l\u00e9gies kish\u00e1z bels\u0151<\/h2>\n<p><img loading=\"lazy\" decoding=\"async\" width=\"700\" height=\"1050\" alt=\"Nyugodt kish\u00e1z belseje feh\u00e9r fapanelekkel, k\u00e9nyelmes kanap\u00e9val, k\u00e9k p\u00e1rn\u00e1kkal, vir\u00e1gos puffal, term\u00e9szetes f\u00e9nnyel a f\u00fcgg\u00f6ny\u00f6s ablakokon \u00e1t.\" class=\"aligncenter size-full wp-image-4743\" src=\"https:\/\/doubletakedecor.com\/uploads\/2025\/08\/she-shed-ideas-dtd-25.jpg\" srcset=\"https:\/\/doubletakedecor.com\/uploads\/2025\/08\/she-shed-ideas-dtd-25.jpg 700w, https:\/\/doubletakedecor.com\/uploads\/2025\/08\/she-shed-ideas-dtd-25-200x300.jpg 200w, https:\/\/doubletakedecor.com\/uploads\/2025\/08\/she-shed-ideas-dtd-25-683x1024.jpg 683w, https:\/\/doubletakedecor.com\/uploads\/2025\/08\/she-shed-ideas-dtd-25-96x144.jpg 96w, https:\/\/doubletakedecor.com\/uploads\/2025\/08\/she-shed-ideas-dtd-25-280x420.jpg 280w, https:\/\/doubletakedecor.com\/uploads\/2025\/08\/she-shed-ideas-dtd-25-320x480.jpg 320w, https:\/\/doubletakedecor.com\/uploads\/2025\/08\/she-shed-ideas-dtd-25-360x540.jpg 360w, https:\/\/doubletakedecor.com\/uploads\/2025\/08\/she-shed-ideas-dtd-25-363x545.jpg 363w, https:\/\/doubletakedecor.com\/uploads\/2025\/08\/she-shed-ideas-dtd-25-370x555.jpg 370w, https:\/\/doubletakedecor.com\/uploads\/2025\/08\/she-shed-ideas-dtd-25-400x600.jpg 400w, https:\/\/doubletakedecor.com\/uploads\/2025\/08\/she-shed-ideas-dtd-25-560x840.jpg 560w, https:\/\/doubletakedecor.com\/uploads\/2025\/08\/she-shed-ideas-dtd-25-480x720.jpg 480w\" sizes=\"auto, (max-width: 700px) 100vw, 700px\" \/><\/p>\n<p>Var\u00e1zsolj nyugalmat a kish\u00e1zadba feh\u00e9r lamb\u00e9ri\u00e1s falakkal, ami vid\u00e9ki hangulatot ad a helyis\u00e9gnek! Helyezz el puha kanap\u00e9t hozz\u00e1ill\u0151 k\u00e9k \u00e9s vir\u00e1gmint\u00e1s p\u00e1rn\u00e1kkal. Az \u00fcl\u0151puff legyen k\u00e1rpitozott, \u00edgy ak\u00e1r asztalk\u00e9nt is haszn\u00e1lhatod. V\u00e1lassz term\u00e9szetes anyagokb\u00f3l, p\u00e9ld\u00e1ul juta sz\u0151nyeget. N\u00e9h\u00e1ny cserepes vir\u00e1g \u00e9s l\u00e1mpa teszi igaz\u00e1n egyediv\u00e9 \u00e9s meghitt\u00e9 a teret.<\/p>\n<h2>Falt\u00e1maszt\u00f3s polcos t\u00e1rol\u00f3<\/h2>\n<p><img loading=\"lazy\" decoding=\"async\" width=\"700\" height=\"1050\" alt=\"F\u00e1b\u00f3l k\u00e9sz\u00fclt, falt\u00e1maszt\u00f3s polc n\u00f6v\u00e9nyekkel, k\u00f6nyvekkel, d\u00edszekkel, t\u00e1rol\u00f3fi\u00f3kkal \u00e9s fonott kos\u00e1rral, mellette otthonos fotel pokr\u00f3ccal \u00e9s vir\u00e1gos p\u00e1rn\u00e1kkal.\" class=\"aligncenter size-full wp-image-4749\" src=\"https:\/\/doubletakedecor.com\/uploads\/2025\/08\/she-shed-ideas-dtd-26.jpg\" srcset=\"https:\/\/doubletakedecor.com\/uploads\/2025\/08\/she-shed-ideas-dtd-26.jpg 700w, https:\/\/doubletakedecor.com\/uploads\/2025\/08\/she-shed-ideas-dtd-26-200x300.jpg 200w, https:\/\/doubletakedecor.com\/uploads\/2025\/08\/she-shed-ideas-dtd-26-683x1024.jpg 683w, https:\/\/doubletakedecor.com\/uploads\/2025\/08\/she-shed-ideas-dtd-26-96x144.jpg 96w, https:\/\/doubletakedecor.com\/uploads\/2025\/08\/she-shed-ideas-dtd-26-280x420.jpg 280w, https:\/\/doubletakedecor.com\/uploads\/2025\/08\/she-shed-ideas-dtd-26-320x480.jpg 320w, https:\/\/doubletakedecor.com\/uploads\/2025\/08\/she-shed-ideas-dtd-26-360x540.jpg 360w, https:\/\/doubletakedecor.com\/uploads\/2025\/08\/she-shed-ideas-dtd-26-363x545.jpg 363w, https:\/\/doubletakedecor.com\/uploads\/2025\/08\/she-shed-ideas-dtd-26-370x555.jpg 370w, https:\/\/doubletakedecor.com\/uploads\/2025\/08\/she-shed-ideas-dtd-26-400x600.jpg 400w, https:\/\/doubletakedecor.com\/uploads\/2025\/08\/she-shed-ideas-dtd-26-560x840.jpg 560w, https:\/\/doubletakedecor.com\/uploads\/2025\/08\/she-shed-ideas-dtd-26-480x720.jpg 480w\" sizes=\"auto, (max-width: 700px) 100vw, 700px\" \/><\/p>\n<p>Haszn\u00e1ld ki a helyet a kish\u00e1zban egy falt\u00e1maszt\u00f3s polccal! Tedd r\u00e1 a n\u00f6v\u00e9nyeket, k\u00f6nyveket, d\u00edszes dobozokat k\u00fcl\u00f6nb\u00f6z\u0151 szintekre, hogy izgalmasabb legyen a l\u00e1tv\u00e1ny. Rendezd el rajta a dolgokat fi\u00f3kokba \u00e9s kosarakba, \u00edgy mindig rend lesz. \u00c1ll\u00edtsd napf\u00e9nyes ablak k\u00f6zel\u00e9be, hogy a polcon l\u00e9v\u0151 t\u00e1rgyak j\u00f3l \u00e9rv\u00e9nyes\u00fcljenek, \u00e9s mellette k\u00e9nyelmes legyen a fotelben pihenni.<\/p>\n<h2>Rendszerezett kreat\u00edv t\u00e1rol\u00f3<\/h2>\n<p><img loading=\"lazy\" decoding=\"async\" width=\"700\" height=\"1050\" alt=\"Vil\u00e1gos kish\u00e1z bels\u0151 vir\u00e1gos f\u00fcgg\u00f6ny\u00f6kkel, k\u00e9k t\u00e1ml\u00e1ssz\u00e9kkel, feh\u00e9r polccal, amin rendszerezett k\u00e9zm\u0171ves eszk\u00f6z\u00f6k \u00e9s c\u00edmk\u00e9zett kosarak tal\u00e1lhat\u00f3k.\" class=\"aligncenter size-full wp-image-4755\" src=\"https:\/\/doubletakedecor.com\/uploads\/2025\/08\/she-shed-ideas-dtd-27.jpg\" srcset=\"https:\/\/doubletakedecor.com\/uploads\/2025\/08\/she-shed-ideas-dtd-27.jpg 700w, https:\/\/doubletakedecor.com\/uploads\/2025\/08\/she-shed-ideas-dtd-27-200x300.jpg 200w, https:\/\/doubletakedecor.com\/uploads\/2025\/08\/she-shed-ideas-dtd-27-683x1024.jpg 683w, https:\/\/doubletakedecor.com\/uploads\/2025\/08\/she-shed-ideas-dtd-27-96x144.jpg 96w, https:\/\/doubletakedecor.com\/uploads\/2025\/08\/she-shed-ideas-dtd-27-280x420.jpg 280w, https:\/\/doubletakedecor.com\/uploads\/2025\/08\/she-shed-ideas-dtd-27-320x480.jpg 320w, https:\/\/doubletakedecor.com\/uploads\/2025\/08\/she-shed-ideas-dtd-27-360x540.jpg 360w, https:\/\/doubletakedecor.com\/uploads\/2025\/08\/she-shed-ideas-dtd-27-363x545.jpg 363w, https:\/\/doubletakedecor.com\/uploads\/2025\/08\/she-shed-ideas-dtd-27-370x555.jpg 370w, https:\/\/doubletakedecor.com\/uploads\/2025\/08\/she-shed-ideas-dtd-27-400x600.jpg 400w, https:\/\/doubletakedecor.com\/uploads\/2025\/08\/she-shed-ideas-dtd-27-560x840.jpg 560w, https:\/\/doubletakedecor.com\/uploads\/2025\/08\/she-shed-ideas-dtd-27-480x720.jpg 480w\" sizes=\"auto, (max-width: 700px) 100vw, 700px\" \/><\/p>\n<p>Alak\u00edts ki k\u00e9zm\u0171ves sarkot a kish\u00e1zon bel\u00fcl, okos t\u00e1rol\u00f3kkal! Haszn\u00e1lj c\u00edmk\u00e9zett kosarakat a k\u00e9zm\u0171ves holmiknak, \u00e9s szerelj fel nyitott polcokat, hogy minden k\u00e9zn\u00e9l \u00e9s rendben legyen. Tegy\u00e9l a k\u00f6zelbe k\u00e9nyelmes sz\u00e9ket az ablak mell\u00e9, hogy term\u00e9szetes f\u00e9ny mellett tudj alkotni. Ez az elrendez\u00e9s praktikus \u00e9s m\u00e9gis bar\u00e1ts\u00e1gos marad.<\/p>\n<h2>GYIK<\/h2>\n<details class=\"g-accordion \"><summary><h3>Mi az a she shed?<\/h3><\/summary>\n<p>A she shed egy k\u00fcl\u00f6nleges, a kertben kialak\u00edtott, csak n\u0151knek sz\u00f3l\u00f3 szabadt\u00e9ri mened\u00e9khely. Nem hasonl\u00edt a hagyom\u00e1nyos kerti t\u00e1rol\u00f3khoz, hiszen itt a <strong>k\u00e9nyelem<\/strong> \u00e9s az <strong>\u00f6nkifejez\u00e9s<\/strong> a f\u0151 szempont. A c\u00e9l egy olyan nyugodt, priv\u00e1t b\u00fav\u00f3hely megteremt\u00e9se, ahol h\u00e1zon k\u00edv\u00fcl is kikapcsol\u00f3dhatsz.<\/p>\n<p>Legyen sz\u00f3 fest\u00e9sr\u0151l, k\u00e9zm\u0171vesked\u00e9sr\u0151l vagy ak\u00e1r otthoni munk\u00e1r\u00f3l, a she shed mindig a tulajdonos st\u00edlus\u00e1hoz igazodik, amit a berendez\u00e9s \u00e9s a dekor\u00e1ci\u00f3 is t\u00fckr\u00f6z. Itt a praktikum \u00e9s a sz\u00e9ps\u00e9g t\u00f6k\u00e9letesen tal\u00e1lkozik.<\/p>\n<p>A she shed l\u00e9nyege, hogy olyan helyet teremtsen, ahol zavartalanul pihenhetsz vagy kedvenc tev\u00e9kenys\u00e9geidnek h\u00f3dolhatsz. Ha <strong>k\u00e9nyelmes sarkokat<\/strong>, <strong>term\u00e9szetes f\u00e9nyt<\/strong> \u00e9s <strong>egy\u00e9ni d\u00edszeket<\/strong> haszn\u00e1lsz, m\u00e9g otthonosabb\u00e1 \u00e9s h\u00edvogat\u00f3bb\u00e1 teheted a mened\u00e9ket.<\/p>\n<ul>\n<li>lehet bel\u0151le j\u00f3gast\u00fadi\u00f3,<\/li>\n<li>hangulatos, fah\u00e1zas kuck\u00f3,<\/li>\n<li>vagy b\u00e1rmi, amire \u00e9ppen sz\u00fcks\u00e9ged van \u2013 nagyon sokoldal\u00faak ezek a terek.<\/li>\n<\/ul>\n<p>V\u00e9gs\u0151 soron a she shed t\u00f6bb, mint egy sima kerti \u00e9p\u00fclet; <strong>egy val\u00f3di elk\u00f6telez\u0151d\u00e9st jelent a testi-lelki felt\u00f6lt\u0151d\u00e9s \u00e9s a kreativit\u00e1s ir\u00e1nt, mindezt a saj\u00e1t kerted nyugalm\u00e1ban.<\/strong><\/p>\n<\/details><details class=\"g-accordion \"><summary><h3>Hogyan viheted bele a saj\u00e1t st\u00edlusod a she shedbe?<\/h3><\/summary>\n<p>Ha a she shededet szem\u00e9lyes mened\u00e9kk\u00e9 alak\u00edtod, igaz\u00e1n megmutathatod benne \u00f6nmagad. Kezdd azzal, hogy olyan sz\u00edneket v\u00e1lasztasz, amik k\u00f6zel \u00e1llnak hozz\u00e1d: lehet \u00e9l\u00e9nk \u00e9s vid\u00e1m vagy ink\u00e1bb finom, halv\u00e1ny \u00e1rnyalat is. Ez a sz\u00ednvil\u00e1g megjelenhet a falakon, a b\u00fatorokon \u00e9s a kieg\u00e9sz\u00edt\u0151k\u00f6n, ezzel hangulatos egys\u00e9get teremtve.<\/p>\n<p>V\u00e1lassz olyan dekor\u00e1ci\u00f3t, ami t\u00fckr\u00f6zi az \u00edzl\u00e9sedet! Egy r\u00e9gi karossz\u00e9k vagy egy modern asztalka m\u00e1ris meghat\u00e1rozza a hangulatot. Feldobhatod a teret kedvenc m\u0171alkot\u00e1saiddal \u2013 lehet ez festm\u00e9ny, szobor, fot\u00f3 vagy sz\u00ednes textil. Sz\u0151nyegek, p\u00e1rn\u00e1k, f\u00fcgg\u00f6ny\u00f6k pedig m\u00e9g otthonosabb\u00e1 \u00e9s bar\u00e1ts\u00e1gosabb\u00e1 teszik a helyet.<\/p>\n<p>Praktikus, de mutat\u00f3s t\u00e1rol\u00f3kkal rendet tudsz tartani, s\u0151t ezek m\u00e9g d\u00edsz\u00edtik is a teret. Ha a letisztult st\u00edlust szereted, t\u00f6rekedj az egyszer\u0171s\u00e9gre. Ha ink\u00e1bb az eklektika \u00e1ll hozz\u00e1d k\u00f6zelebb, b\u00e1tran kombin\u00e1lj k\u00fcl\u00f6nb\u00f6z\u0151 elemeket.<\/p>\n<p>Ne felejts el a shed k\u00f6rny\u00e9k\u00e9t is feldobni! N\u00f6v\u00e9nyek, kerti d\u00edszek vagy \u00e9pp egy vid\u00e1m kerti t\u00f6rpe m\u00e9g hangulatosabb\u00e1 teszik az \u00f6sszk\u00e9pet.<\/p>\n<p><strong>Ha k\u00f6r\u00fclveszed magad azokkal a dolgokkal, amik boldogg\u00e1 \u00e9s inspir\u00e1ltt\u00e1 tesznek, a she shededb\u0151l val\u00f3di mened\u00e9k lesz \u2013 egy olyan saj\u00e1t zug, ahol sz\u00e1rnyalhat a kreativit\u00e1sod.<\/strong><\/p>\n<\/details><details class=\"g-accordion \"><summary><h3>Milyen helytakar\u00e9kos \u00f6tletek m\u0171k\u00f6dnek egy she shedben?<\/h3><\/summary>\n<p>Ha kev\u00e9s helyed van, akkor is berendezheted k\u00e9nyelmesen a she shedet, csak egy kis okos tervez\u00e9s kell hozz\u00e1. <strong>T\u00f6bbfunkci\u00f3s b\u00fatorokkal<\/strong> \u2013 p\u00e9ld\u00e1ul lehajthat\u00f3 asztallal vagy kih\u00fazhat\u00f3 kanap\u00e9val \u2013 rengeteg helyet sp\u00f3rolhatsz. A f\u00fcgg\u0151leges t\u00e1rol\u00f3k, mint a polcok vagy fali kamp\u00f3k seg\u00edtenek, hogy mindennek meglegyen a helye, \u00e9s ne legyen zs\u00fafolt a t\u00e9r. Gondold \u00e1t a b\u00fatorok elrendez\u00e9s\u00e9t is: \u00fagy alak\u00edtsd ki, hogy k\u00f6nny\u0171 legyen k\u00f6zlekedni, \u00e9s mindig rend legyen. T\u00fckr\u00f6t is tehetsz a falra, mert az visszaveri a f\u00e9nyt, \u00edgy t\u00e1gasabbnak hat a helyis\u00e9g. <strong>Ezekkel az apr\u00f3 tr\u00fckk\u00f6kkel a legkisebb she shed is k\u00e9nyelmes \u00e9s bar\u00e1ts\u00e1gos lesz pihen\u00e9shez vagy munk\u00e1hoz egyar\u00e1nt.<\/strong><\/p>\n<\/details><details class=\"g-accordion \"><summary><h3>Hogyan haszn\u00e1lhatod ki legjobban a term\u00e9szetes f\u00e9nyt a she shedben?<\/h3><\/summary>\n<p>A term\u00e9szetes f\u00e9ny maxim\u00e1lis kihaszn\u00e1l\u00e1sa nemcsak hangulatosabb\u00e1 teszi a she shedet, de sokkal praktikusabb\u00e1 is. Ha \u00fcgyesen helyezed el az ablakokat, eg\u00e9sz nap be\u00e1ramlik a napf\u00e9ny. A <strong>nagy ablakok<\/strong>, f\u0151leg a d\u00e9li oldalon, j\u00f3l bevil\u00e1g\u00edtj\u00e1k a bels\u0151 teret, \u00edgy kevesebb mesters\u00e9ges f\u00e9ny kell. <strong>Tet\u0151ablakokkal<\/strong> tov\u00e1bb n\u00f6velheted a vil\u00e1goss\u00e1got, r\u00e1ad\u00e1sul t\u00e1gasabbnak hat a szoba.<\/p>\n<p><strong>Vil\u00e1gos sz\u00edn\u0171 falak \u00e9s mennyezet<\/strong> sz\u00e9pen visszaverik a f\u00e9nyt, \u00edgy m\u00e9g ragyog\u00f3bbnak \u00e9s t\u00e1gasabbnak t\u0171nik a hely. Haszn\u00e1ld ezeket a vil\u00e1gos \u00e1rnyalatokat b\u00e1tran!<\/p>\n<p>Az <strong>\u00fcvegezett vagy francia ajt\u00f3k<\/strong> is sok napf\u00e9nyt hoznak be, \u00e9s m\u00e9g \u00f6sszek\u00f6tik a benti teret a kerttel \u2013 \u00edgy igaz\u00e1n otthonos lesz az eg\u00e9sz shed.<\/p>\n<p>Ha fontos a mag\u00e1nszf\u00e9ra, <strong>\u00e1ttetsz\u0151 f\u00fcgg\u00f6nnyel vagy matt \u00fcveggel<\/strong> is el\u00e9rheted, hogy a f\u00e9ny bej\u00f6jj\u00f6n, de ne l\u00e1ssanak be k\u00edv\u00fclr\u0151l.<\/p>\n<p><strong>Ha ezekre odafigyelsz, var\u00e1zslatosan vil\u00e1gos \u00e9s bar\u00e1ts\u00e1gos helyet teremthetsz, t\u00f6k\u00e9leteset pihen\u00e9shez vagy alkot\u00e1shoz.<\/strong><\/p>\n<\/details><details class=\"g-accordion \"><summary><h3>Mivel lehet feldobni a she shed k\u00f6rny\u00e9k\u00e9t kert\u00e9szked\u00e9ssel?<\/h3><\/summary>\n<p>Ha egy kis kert\u00e9szked\u00e9st is viszel a she shed k\u00f6r\u00e9, sokkal hangulatosabb \u00e9s praktikusabb lesz az eg\u00e9sz. Kezdd p\u00e9ld\u00e1ul kerti \u00f6sv\u00e9nnyel: sz\u00f3rj le k\u00f6vet vagy kavicsot, \u00edgy egyenesen vezet az \u00fat a shedig, \u00e9s j\u00f3l illeszkedik a kertk\u00e9pbe. K\u00f6rbe\u00fcltetheted k\u00fcl\u00f6nf\u00e9le n\u00f6v\u00e9nyekkel \u2013 ett\u0151l nemcsak szebb lesz a l\u00e1tv\u00e1ny, de elb\u00fajhatsz is a kert egy nyugodt zug\u00e1ba.<\/p>\n<p>Rendezz be kinti \u00fcl\u0151helyeket k\u00e9nyelmes sz\u00e9kekkel vagy padokkal! Ezeket teheted egy \u00e1rnyas fa al\u00e1 vagy egy sz\u00e9p vir\u00e1g\u00e1gy\u00e1s mell\u00e9, hogy igaz\u00e1n kellemes legyen a pihen\u00e9s vagy a vend\u00e9gfogad\u00e1s. \u00dcltess olyan n\u00f6v\u00e9nyeket, amik j\u00f3l \u00e9rzik magukat a te \u00e9ghajlatodon \u00e9s kev\u00e9s gondoz\u00e1st ig\u00e9nyelnek, \u00edgy nem lesz sok dolgod vel\u00fck.<\/p>\n<ul>\n<li>helyezz el kerti d\u00edszeket,<\/li>\n<li>\u00e1ll\u00edts ki mad\u00e1retet\u0151t,<\/li>\n<li>vagy tegy\u00e9l egy kis sz\u00f6k\u0151kutat is a k\u00f6zelbe.<\/li>\n<\/ul>\n<p><strong>Ezekkel az apr\u00f3 r\u00e9szletekkel igaz\u00e1n h\u00edvogat\u00f3v\u00e1 teheted a kertedet, \u00e9s garant\u00e1ltan sz\u00edvesen t\u00f6lt\u00f6d majd ott az id\u0151d.<\/strong><\/p>\n<p><strong>Ha figyelsz a kert k\u00f6r\u00e9 rendez\u00e9s\u00e9re is, a she shedb\u0151l igazi kerti lakhely v\u00e1lik, ami sz\u00e9p \u00e9s praktikus egyszerre.<\/strong><\/p>\n<\/details><details class=\"g-accordion \"><summary><h3>Hogyan v\u00e1lhat a she shed igazi priv\u00e1t mened\u00e9kk\u00e9?<\/h3><\/summary>\n<p>Egy <strong>she shed<\/strong> igazi szem\u00e9lyes mened\u00e9k lehet: csendes hely, t\u00e1vol a mindennapok zaj\u00e1t\u00f3l. Itt v\u00e9gre egyed\u00fcl lehetsz, kikapcsolhatsz, a kedvenc hobbidnak \u00e9lhetsz, vagy medit\u00e1lhatsz \u2013 minden a te temp\u00f3dban, zavartalanul.<\/p>\n<ul>\n<li>\u00e1ltal\u00e1ban \u00fagy tervezik, hogy a k\u00e9nyelem legyen a legfontosabb,<\/li>\n<li>meleg kuck\u00f3k, k\u00e9nyelmes sz\u00e9kek \u00e9s l\u00e1gy f\u00e9nyek seg\u00edtik a relax\u00e1ci\u00f3t,<\/li>\n<li>egyedi d\u00edsz\u00edt\u00e9ssel m\u00e9g jobban a saj\u00e1t \u00edzl\u00e9sedre szabhatod, hogy m\u00e9g otthonosabb legyen.<\/li>\n<\/ul>\n<p>Ak\u00e1r elm\u00e9ly\u00fclsz egy j\u00f3 k\u00f6nyvben, \u00edrsz a napl\u00f3dba, vagy csak egyszer\u0171en kikapcsolsz, a she shed <strong>megnyugtat\u00f3, felt\u00f6lt\u0151 hangulat\u00e1val<\/strong> igazi lelki felfriss\u00fcl\u00e9st k\u00edn\u00e1l.<\/p>\n<\/details><details class=\"g-accordion \"><summary><h3>Hogyan alak\u00edthatsz ki pihentet\u0151 she shedet?<\/h3><\/summary>\n<p>Ha igaz\u00e1n b\u00e9k\u00e9s she shedet szeretn\u00e9l, a nyugodt \u00e9s bar\u00e1ts\u00e1gos hangulat a legfontosabb. V\u00e1lassz nyugtat\u00f3 sz\u00edneket: p\u00e9ld\u00e1ul halv\u00e1nyk\u00e9k, puha z\u00f6ld vagy meleg, nat\u00far \u00e1rnyalatokat, hogy m\u00e1r az elej\u00e9n kellemes legyen a t\u00e9r. Gondoskodj arr\u00f3l, hogy k\u00e9nyelmes \u00fcl\u0151helyek is legyenek benne: egy nagy fotel vagy ak\u00e1r egy hinta\u00e1gy t\u00f6k\u00e9letes v\u00e1laszt\u00e1s.<\/p>\n<p>A term\u00e9szet k\u00f6zels\u00e9ge sokat hozz\u00e1tesz:<\/p>\n<ul>\n<li>tegy\u00e9l be cserepes n\u00f6v\u00e9nyeket,<\/li>\n<li>egy kis belt\u00e9ri sz\u00f6k\u0151kutat,<\/li>\n<li>vagy haszn\u00e1lj l\u00e1gy f\u00e9nyeket, p\u00e9ld\u00e1ul f\u00e9nyf\u00fcz\u00e9rt vagy meleg f\u00e9ny\u0171 l\u00e1mp\u00e1t.<\/li>\n<\/ul>\n<p><strong>A j\u00f3 vil\u00e1g\u00edt\u00e1s is fontos<\/strong>: v\u00e1lassz meleg, gyeng\u00e9d f\u00e9nyeket, mint a f\u00e9nyf\u00fcz\u00e9r vagy l\u00e1mpa, hogy igaz\u00e1n meghitt legyen a hely.<\/p>\n<p>Haszn\u00e1lj term\u00e9szetes anyagokat, p\u00e9ld\u00e1ul f\u00e1t vagy textilt, ezek m\u00e9g otthonosabb\u00e1 var\u00e1zsolj\u00e1k a teret. A szem\u00e9lyes t\u00e1rgyak teszik igaz\u00e1n egyediv\u00e9 a mened\u00e9kedet:<\/p>\n<ul>\n<li>\u00e1ll\u00edts fel k\u00f6nyvespolcot a kedvenc olvasm\u00e1nyaidnak,<\/li>\n<li>rakj be egy zenelej\u00e1tsz\u00f3t, hogy nyugtat\u00f3 dallamokat hallgathass,<\/li>\n<li>vagy alak\u00edts ki egy puha sarkot, ahov\u00e1 visszavonulhatsz relax\u00e1lni egyed\u00fcl.<\/li>\n<\/ul>\n<p><strong>Ha ezekre odafigyelsz, she shededb\u0151l igazi pihen\u0151hely lesz, ahol \u00fajj\u00e1 t\u00f6lt\u0151dhetsz.<\/strong><\/p>\n<\/details> <details class=\"g-accordion \"><summary><h3>Milyen el\u0151nyei vannak, ha j\u00f3g\u00e1z\u00e1sra vagy medit\u00e1ci\u00f3ra haszn\u00e1lod a n\u0151i kuck\u00f3dat?<\/h3><\/summary>\n<p>\nEgy n\u0151i kuck\u00f3 (she shed) t\u00f6k\u00e9letes hely lehet j\u00f3g\u00e1ra vagy medit\u00e1ci\u00f3ra, hiszen nyugodt \u00e9s csendes k\u00f6rnyezetet biztos\u00edt ezekhez a tev\u00e9kenys\u00e9gekhez. A mag\u00e1ny garant\u00e1lja, hogy senki se zavarjon meg \u2013 \u00edgy igazi kis mened\u00e9kk\u00e9 v\u00e1lhat, ahol f\u00e9lrevonulhatsz \u00e9s \u00f6nmagadra figyelhetsz. Ha k\u00f6r\u00fcl\u00f6tte sok a z\u00f6ld n\u00f6v\u00e9ny \u00e9s j\u00f3l vannak elhelyezve az ablakok, akkor a term\u00e9szet k\u00f6zels\u00e9g\u00e9t is \u00e9rezheted, ami csak seg\u00edti az ellazul\u00e1st \u00e9s az elm\u00e9ly\u00fcl\u00e9st.\n<\/p>\n<p>\nA kuck\u00f3 belsej\u00e9be \u00e1raml\u00f3 term\u00e9szetes f\u00e9ny t\u00e1gasabb, bar\u00e1ts\u00e1gosabb \u00e9rz\u00e9st ny\u00fajt, ez pedig megk\u00f6nny\u00edti a relax\u00e1ci\u00f3t \u00e9s a koncentr\u00e1ci\u00f3t. Ha ezt kieg\u00e9sz\u00edted hangulatvil\u00e1g\u00edt\u00e1ssal \u00e9s nyugodt, letisztult dekor\u00e1ci\u00f3val, m\u00e9g meghittebb\u00e9 teheted a helyis\u00e9get.\n<\/p>\n<p>\nEgy n\u0151i kuck\u00f3 igazi k\u00fcl\u00f6nlegess\u00e9ge, hogy k\u00f6nnyen rugalmasan alak\u00edthatod eg\u00e9szs\u00e9ges, felt\u00f6lt\u0151d\u00e9st ny\u00fajt\u00f3 t\u00e9rr\u00e9. Nyugtat\u00f3 sz\u00ednek, k\u00e9nyelmes j\u00f3ga- vagy tornasz\u0151nyegek, illetve a minim\u00e1lis berendez\u00e9s seg\u00edtenek, hogy \u00e1tl\u00e1that\u00f3 \u00e9s rendezett legyen a t\u00e9r \u2013 \u00edgy a gondolataid is k\u00f6nnyebben kitisztulhatnak. Ha <strong>f\u00e1t<\/strong> vagy <strong>bambuszt<\/strong> haszn\u00e1lsz a berendez\u00e9sben, az tov\u00e1bb er\u0151s\u00edti a term\u00e9szetes hangulatot.\n<\/p>\n<p>\n\u00d6sszess\u00e9g\u00e9ben, ha a n\u0151i kuck\u00f3dat j\u00f3g\u00e1z\u00f3- vagy medit\u00e1ci\u00f3s helyis\u00e9gg\u00e9 alak\u00edtod, megteremtheted azt a nyugodt, elvonul\u00e1sra alkalmas k\u00f6rnyezetet, ahol azt\u00e1n t\u00e9nyleg felt\u00f6lt\u0151dhetsz.\n<\/p>\n<\/details>\n<details class=\"g-accordion \"><summary><h3>Milyen kreat\u00edv \u00f6tletekkel alak\u00edthatod \u00e1t n\u0151i kuck\u00f3dat k\u00e9zm\u0171vesked\u00e9shez?<\/h3><\/summary>\n<p>\nEgy inspir\u00e1l\u00f3 \u00e9s rendezett k\u00e9zm\u0171ves m\u0171hely kialak\u00edt\u00e1s\u00e1hoz el\u00e9g n\u00e9h\u00e1ny praktikus \u00e9s kreat\u00edv \u00f6tlet. El\u0151sz\u00f6r is, \u00e9rdemes k\u00fcl\u00f6n z\u00f3n\u00e1kat kialak\u00edtani a k\u00fcl\u00f6nf\u00e9le tev\u00e9kenys\u00e9geknek, p\u00e9ld\u00e1ul varr\u00e1shoz, fest\u00e9shez vagy scrapbook k\u00e9sz\u00edt\u00e9shez \u2013 \u00edgy \u00e1tl\u00e1that\u00f3bb \u00e9s rendszerezettebb lesz a munk\u00e1d. Mindig igaz\u00edtsd a munkafel\u00fcletek m\u00e9ret\u00e9t az adott hobbidhoz, hogy minden k\u00e9zre essen \u00e9s rend legyen.\n<\/p>\n<p>\nA j\u00f3 t\u00e1rol\u00e1s nagyon fontos:\n<\/p>\n<ul>\n<li>haszn\u00e1lj polcokat,<\/li>\n<li>lyukacsos szerel\u0151falat (pegboard),<\/li>\n<li>vagy szekr\u00e9nyeket, hogy az alapanyagokat rendezetten tudjad t\u00e1rolni.<\/li>\n<\/ul>\n<p>\nSokkal szebb lesz a t\u00e9r, ha bevezetsz mutat\u00f3s t\u00e1rol\u00f3kat is, p\u00e9ld\u00e1ul c\u00edmk\u00e9zett \u00fcvegeket vagy kosarakat \u2013 ezek nemcsak feldobj\u00e1k a hangulatot, hanem az \u00e1tl\u00e1that\u00f3s\u00e1got is seg\u00edtik.\n<\/p>\n<p>\nHa szeretn\u00e9d \u00f6szt\u00f6n\u00f6zni a kreativit\u00e1st, d\u00edsz\u00edtsd a falat k\u00e9pekkel, inspir\u00e1ci\u00f3s t\u00e1bl\u00e1kkal vagy hangulattal rendelkez\u0151 dekorokkal, amelyek t\u00e9nyleg r\u00e1d jellemz\u0151ek. V\u00e1lassz \u00e9l\u00e9nk sz\u00edneket vagy mint\u00e1kat, hogy m\u00e9g energikusabb \u00e9s kellemesebb legyen alkotni.\n<\/p>\n<p>\nA vil\u00e1g\u00edt\u00e1s nagyon fontos \u2013 <strong>\u00e1ll\u00edthat\u00f3 l\u00e1mp\u00e1kkal vil\u00e1g\u00edtsd meg a munkater\u00fcletet<\/strong>, de a term\u00e9szetes f\u00e9ny is sokat dobhat a hangulaton, ha ablakot is beengedsz.\n<\/p>\n<p>\nA k\u00e9nyelemre is \u00e9rdemes figyelni: puha, p\u00e1rn\u00e1zott sz\u00e9kekkel vagy k\u00e9nyelmes \u00fcl\u0151k\u00e9kkel sokkal jobban fogsz \u00e9rezni magad munka k\u00f6zben. Sz\u0151nyegek vagy f\u00fcgg\u00f6ny\u00f6k is otthonosabb\u00e1 \u00e9s bar\u00e1ts\u00e1gosabb\u00e1 teszik a helyis\u00e9get.\n<\/p>\n<p>\nEzekkel az \u00f6tletekkel a n\u0151i kuck\u00f3d <strong>igazi, \u00e9l\u00e9nk k\u00e9zm\u0171ves k\u00f6zpontt\u00e1 v\u00e1lhat, ahol \u00f6r\u00f6m \u00e9s inspir\u00e1ci\u00f3 minden egyes elk\u00e9sz\u00edtett alkot\u00e1s<\/strong>.\n<\/p>\n<\/details>\n<details class=\"g-accordion \"><summary><h3>Milyen n\u0151i kuck\u00f3 kialak\u00edt\u00e1sok a legjobbak otthoni irod\u00e1nak?<\/h3><\/summary>\n<p>\nEgy <strong>n\u0151i kuck\u00f3<\/strong> otthoni irodak\u00e9nt akkor igaz\u00e1n hasznos, ha egyszerre k\u00e9nyelmes \u00e9s \u00f6szt\u00f6nzi a hat\u00e9kony munk\u00e1t. V\u00e1lassz <strong>ergonomikus b\u00fatort<\/strong>, p\u00e9ld\u00e1ul \u00e1ll\u00edthat\u00f3 sz\u00e9ket \u00e9s asztalt, hogy hosszabb ideig is k\u00e9nyelmesen tudj dolgozni. A j\u00f3 vil\u00e1g\u00edt\u00e1s elengedhetetlen \u2013 legyen elegend\u0151 er\u0151s f\u00e9ny munk\u00e1hoz \u00e9s hangulatvil\u00e1g\u00edt\u00e1s a pihen\u00e9shez.\n<\/p>\n<ul>\n<li>Olyan elrendez\u00e9st v\u00e1lassz, amivel minden gyakran haszn\u00e1lt dolog k\u00f6nnyen el\u00e9rhet\u0151.<\/li>\n<li>Gondolkodj f\u00fcgg\u0151leges t\u00e1rol\u00f3kban, mint a polcok vagy szekr\u00e9nyek \u2013 \u00edgy nem foglalnak el sok helyet, viszont minden rendezett marad.<\/li>\n<li>Vil\u00e1gos falakat \u00e9s kieg\u00e9sz\u00edt\u0151ket is haszn\u00e1lhatsz, amelyek visszaverik a term\u00e9szetes f\u00e9nyt, \u00edgy frissebbnek t\u0171nik a helyis\u00e9g \u00e9s k\u00f6nnyebb \u00f6sszpontos\u00edtani.<\/li>\n<\/ul>\n<p>\nAdd hozz\u00e1 szem\u00e9lyes elemeket is, amik inspir\u00e1lnak, p\u00e9ld\u00e1ul festm\u00e9nyeket vagy motiv\u00e1l\u00f3 id\u00e9zeteket. N\u00e9h\u00e1ny szoban\u00f6v\u00e9ny \u00e9letet visz a t\u00e9rbe, r\u00e1ad\u00e1sul jav\u00edtja a leveg\u0151 min\u0151s\u00e9g\u00e9t. A kellemes hangulat \u00e9rdek\u00e9ben haszn\u00e1lj puha text\u00edli\u00e1kat vagy sz\u0151nyeget is.\n<\/p>\n<p>\n<strong>Ezekre az \u00f6tletekre figyelve n\u0151i kuck\u00f3d t\u00f6k\u00e9letes otthoni irod\u00e1v\u00e1 alakulhat, ahol a j\u00f3kedv \u00e9s a hat\u00e9konys\u00e1g egy\u00fctt j\u00e1r.<\/strong>\n<\/p>\n<\/details>\n<details class=\"g-accordion \"><summary><h3>Hogyan lehet igaz\u00e1n j\u00f3l haszn\u00e1lhat\u00f3 munkateret kialak\u00edtani a n\u0151i kuck\u00f3dban?<\/h3><\/summary>\n<p>\nEgy j\u00f3l m\u0171k\u00f6d\u0151 munkahely kialak\u00edt\u00e1sa a n\u0151i kuck\u00f3ban \u00e1tgondolt tervez\u00e9st \u00e9s k\u00e9nyelmes elrendez\u00e9st ig\u00e9nyel. El\u0151sz\u00f6r is rendezd el praktikusan az eszk\u00f6zeidet \u00e9s alapanyagaidat. Haszn\u00e1lj helytakar\u00e9kos t\u00e1rol\u00f3kat, mint p\u00e9ld\u00e1ul:\n<\/p>\n<ul>\n<li>polcokat,<\/li>\n<li>szerel\u0151falat (pegboard),<\/li>\n<li>vagy szekr\u00e9nyeket.<\/li>\n<\/ul>\n<p>\n\u00cdgy minden k\u00f6nnyen el\u00e9rhet\u0151 lesz \u00e9s megmarad a rend.\n<\/p>\n<p>\n<strong>A vil\u00e1g\u00edt\u00e1s k\u00fcl\u00f6n\u00f6sen l\u00e9nyeges<\/strong>, ez\u00e9rt j\u00f3, ha van term\u00e9szetes f\u00e9ny (ablak vagy tet\u0151ablak), de ezt eg\u00e9sz\u00edtsd ki mesters\u00e9ges vil\u00e1g\u00edt\u00e1ssal is, p\u00e9ld\u00e1ul:\n<\/p>\n<ul>\n<li>nagy f\u00e9nyerej\u0171 ir\u00f3l\u00e1mp\u00e1val,<\/li>\n<li>vagy mennyezeti vil\u00e1g\u00edt\u00e1ssal.<\/li>\n<\/ul>\n<p>\nA j\u00f3 megvil\u00e1g\u00edt\u00e1s n\u00f6veli az odafigyel\u00e9st \u00e9s a hat\u00e9konys\u00e1got.\n<\/p>\n<p>\nAlak\u00edtsd ki az elrendez\u00e9st \u00fagy, hogy t\u00e1mogassa a munk\u00e1idat: a b\u00fatorokat \u00fagy rendezd el, hogy legyen hely a mozg\u00e1shoz, \u00e9s \u00e9rdemes t\u00f6bbfunkci\u00f3s darabokat v\u00e1lasztani, p\u00e9ld\u00e1ul:\n<\/p>\n<ul>\n<li>lecsukhat\u00f3 asztalt,<\/li>\n<li>vagy \u00e1talak\u00edthat\u00f3 \u00fcl\u0151b\u00fatort.<\/li>\n<\/ul>\n<p>\nEzekkel praktikusabb\u00e1 \u00e9s kev\u00e9sb\u00e9 zs\u00fafoltt\u00e1 v\u00e1lik a hely.\n<\/p>\n<p>\nFektess be k\u00e9nyelmes, ergon\u00f3mikus b\u00fatorokba (p\u00e9ld\u00e1ul <strong>\u00e1ll\u00edthat\u00f3 sz\u00e9kbe \u00e9s \u00edr\u00f3asztalba<\/strong>), hogy hosszabb ideig is sz\u00edvesen dolgozz. Egy kis inspir\u00e1ci\u00f3 is j\u00f3l j\u00f6n: motiv\u00e1l\u00f3 k\u00e9pek vagy n\u00f6v\u00e9nyek feldobj\u00e1k a munkahely hangulat\u00e1t \u00e9s kreat\u00edvabb\u00e1 tehetik a h\u00e9tk\u00f6znapokat.\n<\/p>\n<p>\nHa ezeket az \u00f6tleteket alkalmazod, a n\u0151i kuck\u00f3d egyszerre lesz praktikus munkat\u00e9r \u00e9s a te egyedi st\u00edlusodat t\u00fckr\u00f6z\u0151 helyis\u00e9g.\n<\/p>\n<\/details>\n<details class=\"g-accordion \"><summary><h3>Hogyan haszn\u00e1lhatod a n\u0151i kuck\u00f3dat vend\u00e9gl\u00e1t\u00e1sra?<\/h3><\/summary>\n<p>\nHa szeretn\u00e9d, hogy a n\u0151i kuck\u00f3d igazi bulik\u00f6zpont legyen, a kulcs a j\u00f3 tervez\u00e9s \u00e9s n\u00e9h\u00e1ny okos \u00f6tlet. Kezdheted azzal, hogy k\u00e9nyelmes \u00fcl\u0151helyeket teszel be, p\u00e9ld\u00e1ul puha kanap\u00e9t vagy \u00f6sszeilleszthet\u0151 foteleket, \u00edgy mindenki sz\u00edvesen le\u00fcl majd besz\u00e9lgetni. Hangulatos f\u00e9nyf\u00fcz\u00e9r vagy l\u00e1mp\u00e1s is j\u00f3 v\u00e1laszt\u00e1s, ha melegebb, bar\u00e1ts\u00e1gosabb l\u00e9gk\u00f6rt szeretn\u00e9l.\n<\/p>\n<p>\nLegyenek olyan elemek is, amik \u00f6sszehozz\u00e1k a t\u00e1rsas\u00e1got. Egy kis b\u00e1rpult n\u00e9h\u00e1ny \u00fcd\u00edt\u0151vel, harapnival\u00f3val sokat dobhat az \u00f6sszej\u00f6veteleken. Ha elf\u00e9r, egy kis j\u00e1t\u00e9ksarok (t\u00e1rsasj\u00e1t\u00e9kok vagy k\u00e1rtyaasztal) is j\u00f3 \u00f6tlet, mert \u00edgy m\u00e9g vid\u00e1mabb lesz a buli.\n<\/p>\n<p>\nA funkci\u00f3k b\u0151v\u00edt\u00e9s\u00e9hez haszn\u00e1lj olyan b\u00fatorokat, amik egyszerre t\u00e1rol\u00f3k is \u2013 \u00edgy k\u00f6nny\u0171 elpakolni a partihoz sz\u00fcks\u00e9ges kell\u00e9keket. <strong>Egy j\u00f3 hangrendszer kihagyhatatlan; remek\u00fcl megteremti az alaphangulatot \u00e9s seg\u00edt egyedi zen\u00e9vel felpezsd\u00edteni b\u00e1rmilyen alkalmat.<\/strong>\n<\/p>\n<p>\n\u00c9rdemes figyelni a bels\u0151 \u00e9s k\u00fcls\u0151 terek \u00f6sszekapcsol\u00e1s\u00e1ra is: ha van r\u00e1 lehet\u0151s\u00e9g, nyisd meg a kuck\u00f3t a terasz vagy a kert fel\u00e9 \u2013 \u00edgy a vend\u00e9gek ak\u00e1r a csillagos \u00e9g alatt is j\u00f3l \u00e9rezhetik magukat. A k\u00fclt\u00e9ri, id\u0151j\u00e1r\u00e1s\u00e1ll\u00f3 \u00fcl\u0151helyek b\u0151v\u00edtik a teret, \u00e9s t\u00f6bbf\u00e9le programot is lehet\u0151v\u00e9 tesznek.\n<\/p>\n<p>\nHa odafigyelsz a k\u00e9nyelemre, praktikuss\u00e1gra \u00e9s a st\u00edlusra, a n\u0151i kuck\u00f3d hamar kedvelt tal\u00e1lkoz\u00f3pont lesz a csal\u00e1d \u00e9s a bar\u00e1tok k\u00f6r\u00e9ben!\n<\/p>\n<\/details>\n<details class=\"g-accordion \"><summary><h3>Mik a legfontosabbak, ha a n\u0151i kuck\u00f3dat vend\u00e9gh\u00e1zz\u00e1 szeretn\u00e9d alak\u00edtani?<\/h3><\/summary>\n<p>\nHa szeretn\u00e9d, hogy a r\u00e9gi f\u00e9szeredb\u0151l hangulatos vend\u00e9gh\u00e1z legyen, a legfontosabb a bar\u00e1ts\u00e1gos \u00e9s otthonos hangulat. V\u00e1lassz helytakar\u00e9kos, de k\u00e9nyelmes fekv\u0151helyeket, p\u00e9ld\u00e1ul <strong>nap\u00e1gyat<\/strong> vagy <strong>kih\u00fazhat\u00f3 kanap\u00e9t<\/strong>, \u00edgy k\u00e9nyelmesen aludhatnak a vend\u00e9geid, de a szoba sem lesz zs\u00fafolt. Szereld fel a vend\u00e9gh\u00e1zat alapvet\u0151 eszk\u00f6z\u00f6kkel, p\u00e9ld\u00e1ul <strong>minikonyh\u00e1val<\/strong> \u2013 el\u00e9g egy kis h\u0171t\u0151 \u00e9s mikrohull\u00e1m\u00fa s\u00fct\u0151 is.\n<\/p>\n<p>\nA meghitt hangulatot meleg sz\u00ednekkel \u00e9s puha text\u00edli\u00e1kkal \u00e9rheted el. Nem \u00e1rt, ha n\u00e9h\u00e1ny k\u00e9pet vagy dekor\u00e1ci\u00f3t is elhelyezel, \u00edgy igaz\u00e1n otthonos lesz a hely. <strong>Fontos a j\u00f3 vil\u00e1g\u00edt\u00e1s<\/strong> \u2013 engedd be a napf\u00e9nyt, de legyen elegend\u0151 hangulatvil\u00e1g\u00edt\u00e1s is, hogy a vend\u00e9gszob\u00e1d mindig f\u00e9nyes \u00e9s t\u00e1gas legyen.\n<\/p>\n<p>\nOkos t\u00e1rol\u00e1si lehet\u0151s\u00e9gekkel k\u00f6nny\u0171 rendet tartani \u00e9s feldobhatod a teret is vel\u00fck. \u00c9rdemes t\u00f6bbfunkci\u00f3s b\u00fatorokat v\u00e1lasztani, amelyek sokoldal\u00faak, de az \u00f6sszhat\u00e1suk tov\u00e1bbra is st\u00edlusos. Ha megoldhat\u00f3, alak\u00edts ki k\u00fcl\u00f6n f\u00fcrd\u0151szob\u00e1t is \u2013 ezzel tov\u00e1bb n\u00f6velheted a vend\u00e9gek k\u00e9nyelm\u00e9t.\n<\/p>\n<p>\nNagy ablakokkal vagy franciaajt\u00f3val nyithatsz a kert fel\u00e9, hogy gy\u00f6ny\u00f6r\u0171 kil\u00e1t\u00e1s legyen, \u00e9s m\u00e9g kellemesebb legyen a tart\u00f3zkod\u00e1s. \u00cdgy a f\u00e9szeredb\u0151l igazi kis mened\u00e9k lesz, ahov\u00e1 sz\u00edvesen visszat\u00e9rnek a vend\u00e9geid!\n<\/p>\n<\/details>\n<details class=\"g-accordion \"><summary><h3>Hogyan alak\u00edthat\u00f3 \u00e1t a n\u0151i kuck\u00f3 hangulatos kabinn\u00e1?<\/h3><\/summary>\n<p>\nHa a n\u0151i kuck\u00f3dat igazi, meghitt kabinn\u00e1 szeretn\u00e9d alak\u00edtani, a c\u00e9l a bar\u00e1ts\u00e1gos \u00e9s meleg l\u00e9gk\u00f6r megteremt\u00e9se. El\u0151sz\u00f6r is v\u00e1lassz k\u00e9nyelmes b\u00fatorokat, p\u00e9ld\u00e1ul puha karossz\u00e9keket vagy kanap\u00e9t, hogy legyen egy otthonos besz\u00e9lget\u0151sarokod. A kellemes hangulatot fokozhatod puha sz\u0151nyegekkel, p\u00e1rn\u00e1kkal \u00e9s takar\u00f3kkal, amelyek melegebb\u00e9 \u00e9s otthonosabb\u00e1 teszik a teret.\n<\/p>\n<p>\nA f\u00e9nyek is sokat sz\u00e1m\u00edtanak: v\u00e1lassz meleg f\u00e9ny\u0171 l\u00e1mp\u00e1kat vagy hangulatos f\u00e9nyf\u00fcz\u00e9reket, hogy igaz\u00e1n kabinos hangulata legyen a helynek. A term\u00e9szetes anyagok, p\u00e9ld\u00e1ul a <strong>fa<\/strong>, tov\u00e1bb er\u0151s\u00edtik a rusztikus, vid\u00e9ki jelleget.\n<\/p>\n<p>\n<strong>F\u00f6ldsz\u00edn\u0171 \u00e1rnyalatok<\/strong> a falakon \u00e9s a b\u00fatorokon m\u00e9g otthonosabb\u00e1 teszik a kuck\u00f3t. Egyedi k\u00e9pekkel vagy csal\u00e1di fot\u00f3kkal is feldobhatod, hogy igaz\u00e1n saj\u00e1tos hangulata legyen.\n<\/p>\n<p>\nHa szeretn\u00e9d, hogy a t\u00e9r praktikus maradjon, de a st\u00edlusa se vesszen el, v\u00e1lassz olyan t\u00e1rol\u00f3kat, amik beleolvadnak a berendez\u00e9sbe. \u00cdgy n\u0151i kuck\u00f3d egy igazi, kuck\u00f3z\u00f3s, meleg hangulat\u00fa kis kabinn\u00e1 v\u00e1lhat \u2013 t\u00f6k\u00e9letes hely a pihen\u00e9shez, felt\u00f6lt\u0151d\u00e9shez!\n<\/p>\n<\/details>\n<details class=\"g-accordion \"><summary><h3>Milyen j\u00e1t\u00e9kos, egyedi \u00f6tletekkel teheted k\u00fcl\u00f6nlegess\u00e9 a n\u0151i kuck\u00f3dat?<\/h3><\/summary>\n<p>\nHa j\u00e1t\u00e9kos, vid\u00e1m hangulatot szeretn\u00e9l a n\u0151i kuck\u00f3dban, \u00f6tletes d\u00edszekkel igaz\u00e1n egyediv\u00e9 var\u00e1zsolhatod a teret. Pr\u00f3b\u00e1lj ki egyedi dekor\u00e1ci\u00f3kat, p\u00e9ld\u00e1ul <strong>retr\u00f3 t\u00e1bl\u00e1kat<\/strong>, f\u00e9nyf\u00fcz\u00e9reket vagy <strong>l\u00f3g\u00f3 n\u00f6v\u00e9nyeket<\/strong> \u2013 mindegyik hozz\u00e1tesz egy csipetnyi var\u00e1zslatot a helyis\u00e9ghez.\n<\/p>\n<p>\nVid\u00e1m sz\u00ednekkel fessed ki a falakat vagy a b\u00fatorokat, ak\u00e1r pasztell \u00e1rnyalatokat, ak\u00e1r felt\u0171n\u0151 sz\u00edneket v\u00e1lasztasz \u2013 ezek r\u00f6gt\u00f6n \u00e9lettel t\u00f6ltik meg a szob\u00e1t. Egy <strong>kr\u00e9tafal<\/strong> is szuper \u00f6tlet \u2013 erre rajzolhatsz vagy inspir\u00e1l\u00f3 id\u00e9zeteket is \u00edrhatsz, ami kreativit\u00e1sra \u00f6szt\u00f6n\u00f6z.\n<\/p>\n<p>\nV\u00e1lassz olyan b\u00fatorokat \u00e9s kieg\u00e9sz\u00edt\u0151ket, amiknek igazi egy\u00e9nis\u00e9ge van, p\u00e9ld\u00e1ul hinta-sz\u00e9ket vagy felt\u0171n\u0151 sz\u00edn\u0171 sz\u0151nyeget. Az udvaron <strong>kerti t\u00f6rp\u00e9k<\/strong> vagy <strong>d\u00edszes mad\u00e1rod\u00fak<\/strong> is emelhetik a j\u00e1t\u00e9kos hangulatot.\n<\/p>\n<p>\nIlyen fant\u00e1ziad\u00fas \u00f6tletekkel a n\u0151i kuck\u00f3dban minden nap egy kis kaland lesz \u2013 t\u00f6bb\u00e9 nem csup\u00e1n praktikus hely, hanem igazi, der\u0171s \u00e9s egyedi mened\u00e9k, amely t\u00fckr\u00f6zi a saj\u00e1t st\u00edlusodat \u00e9s kreativit\u00e1sodat!\n<\/p>\n<\/details>\n","protected":false},"excerpt":{"rendered":"<p>L\u00e9pj be a &#8222;she shed&#8221;-ek vil\u00e1g\u00e1ba \u2013 ezek a k\u00fcl\u00f6nleges kis szent\u00e9lyek n\u0151knek k\u00e9sz\u00fclnek, hogy nyugalmat \u00e9s felt\u00f6lt\u0151d\u00e9st ny\u00fajtsanak a saj\u00e1t kertedben. Ezek a b\u00e1jos \u00e9p\u00fcletek j\u00f3val t\u00f6bbet tudnak, mint egy \u00e1tlagos kerti f\u00e9szer: itt t\u00e9nyleg szabadon sz\u00e1rnyalhat a kreativit\u00e1sod, \u00e9s kiz\u00e1rhatod a mindennapok zaj\u00e1t. A she shed lehet pihentet\u0151 j\u00f3ga-st\u00fadi\u00f3, k\u00e9nyelmes otthoni iroda, vid\u00e1m kreat\u00edv sarok vagy \u00e9pp egy&hellip;<\/p>\n","protected":false},"author":12,"featured_media":4764,"comment_status":"closed","ping_status":"closed","sticky":false,"template":"","format":"standard","meta":{"rank_math_focus_keyword":"n\u0151i kerti h\u00e1z \u00f6tletek","rank_math_title":"Legjobb n\u0151i kerti h\u00e1z \u00f6tletek leny\u0171g\u00f6z\u0151 kerti mened\u00e9khez","rank_math_description":"Fedezd fel a legjobb she shed \u00f6tleteket, hogy a kertedet st\u00edlusos \u00e9s pihentet\u0151 mened\u00e9khelly\u00e9 alak\u00edtsd \u00e1t. Inspir\u00e1l\u00f3dj m\u00e9g ma!","footnotes":""},"categories":[135],"tags":[],"class_list":["post-5433","post","type-post","status-publish","format-standard","has-post-thumbnail","hentry","category-hobbi-szobak"],"g_custom_schema_json":"<script type=\"application\/ld+json\">\n{\n  \"@context\": \"https:\/\/schema.org\",\n  \"@type\": \"FAQPage\",\n  \"mainEntity\": [\n    {\n      \"@type\": \"Question\",\n      \"name\": \"Mi az a she shed?\",\n      \"acceptedAnswer\": {\n        \"@type\": \"Answer\",\n        \"text\": \"A she shed egy k\u00fcl\u00f6nleges, a kertben kialak\u00edtott, csak n\u0151knek sz\u00f3l\u00f3 szabadt\u00e9ri mened\u00e9khely. Nem hasonl\u00edt a hagyom\u00e1nyos kerti t\u00e1rol\u00f3khoz, hiszen itt a k\u00e9nyelem \u00e9s az \u00f6nkifejez\u00e9s a f\u0151 szempont. A c\u00e9l egy olyan nyugodt, priv\u00e1t b\u00fav\u00f3hely megteremt\u00e9se, ahol h\u00e1zon k\u00edv\u00fcl is kikapcsol\u00f3dhatsz.\"\n      }\n    },\n    {\n      \"@type\": \"Question\",\n      \"name\": \"Hogyan viheted bele a saj\u00e1t st\u00edlusod a she shedbe?\",\n      \"acceptedAnswer\": {\n        \"@type\": \"Answer\",\n        \"text\": \"Ha a she shededet szem\u00e9lyes mened\u00e9kk\u00e9 alak\u00edtod, igaz\u00e1n megmutathatod benne \u00f6nmagad. Kezdd azzal, hogy olyan sz\u00edneket v\u00e1lasztasz, amik k\u00f6zel \u00e1llnak hozz\u00e1d: lehet \u00e9l\u00e9nk \u00e9s vid\u00e1m vagy ink\u00e1bb finom, halv\u00e1ny \u00e1rnyalat is. Ez a sz\u00ednvil\u00e1g megjelenhet a falakon, a b\u00fatorokon \u00e9s a kieg\u00e9sz\u00edt\u0151k\u00f6n, ezzel hangulatos egys\u00e9get teremtve.\"\n      }\n    },\n    {\n      \"@type\": \"Question\",\n      \"name\": \"Milyen helytakar\u00e9kos \u00f6tletek m\u0171k\u00f6dnek egy she shedben?\",\n      \"acceptedAnswer\": {\n        \"@type\": \"Answer\",\n        \"text\": \"Ha kev\u00e9s helyed van, akkor is berendezheted k\u00e9nyelmesen a she shedet, csak egy kis okos tervez\u00e9s kell hozz\u00e1. T\u00f6bbfunkci\u00f3s b\u00fatorokkal \u2013 p\u00e9ld\u00e1ul lehajthat\u00f3 asztallal vagy kih\u00fazhat\u00f3 kanap\u00e9val \u2013 rengeteg helyet sp\u00f3rolhatsz. A f\u00fcgg\u0151leges t\u00e1rol\u00f3k, mint a polcok vagy fali kamp\u00f3k seg\u00edtenek, hogy mindennek meglegyen a helye, \u00e9s ne legyen zs\u00fafolt a t\u00e9r.\"\n      }\n    },\n    {\n      \"@type\": \"Question\",\n      \"name\": \"Hogyan haszn\u00e1lhatod ki legjobban a term\u00e9szetes f\u00e9nyt a she shedben?\",\n      \"acceptedAnswer\": {\n        \"@type\": \"Answer\",\n        \"text\": \"A term\u00e9szetes f\u00e9ny maxim\u00e1lis kihaszn\u00e1l\u00e1sa nemcsak hangulatosabb\u00e1 teszi a she shedet, de sokkal praktikusabb\u00e1 is. Ha \u00fcgyesen helyezed el az ablakokat, eg\u00e9sz nap be\u00e1ramlik a napf\u00e9ny. A nagy ablakok, f\u0151leg a d\u00e9li oldalon, j\u00f3l bevil\u00e1g\u00edtj\u00e1k a bels\u0151 teret, \u00edgy kevesebb mesters\u00e9ges f\u00e9ny kell.\"\n      }\n    },\n    {\n      \"@type\": \"Question\",\n      \"name\": \"Mivel lehet feldobni a she shed k\u00f6rny\u00e9k\u00e9t kert\u00e9szked\u00e9ssel?\",\n      \"acceptedAnswer\": {\n        \"@type\": \"Answer\",\n        \"text\": \"Ha egy kis kert\u00e9szked\u00e9st is viszel a she shed k\u00f6r\u00e9, sokkal hangulatosabb \u00e9s praktikusabb lesz az eg\u00e9sz. Kezdd p\u00e9ld\u00e1ul kerti \u00f6sv\u00e9nnyel: sz\u00f3rj le k\u00f6vet vagy kavicsot, \u00edgy egyenesen vezet az \u00fat a shedig, \u00e9s j\u00f3l illeszkedik a kertk\u00e9pbe.\"\n      }\n    },\n    {\n      \"@type\": \"Question\",\n      \"name\": \"Hogyan v\u00e1lhat a she shed igazi priv\u00e1t mened\u00e9kk\u00e9?\",\n      \"acceptedAnswer\": {\n        \"@type\": \"Answer\",\n        \"text\": \"Egy she shed igazi szem\u00e9lyes mened\u00e9k lehet: csendes hely, t\u00e1vol a mindennapok zaj\u00e1t\u00f3l. Itt v\u00e9gre egyed\u00fcl lehetsz, kikapcsolhatsz, a kedvenc hobbidnak \u00e9lhetsz, vagy medit\u00e1lhatsz \u2013 minden a te temp\u00f3dban, zavartalanul.\"\n      }\n    },\n    {\n      \"@type\": \"Question\",\n      \"name\": \"Hogyan alak\u00edthatsz ki pihentet\u0151 she shedet?\",\n      \"acceptedAnswer\": {\n        \"@type\": \"Answer\",\n        \"text\": \"Ha igaz\u00e1n b\u00e9k\u00e9s she shedet szeretn\u00e9l, a nyugodt \u00e9s bar\u00e1ts\u00e1gos hangulat a legfontosabb. V\u00e1lassz nyugtat\u00f3 sz\u00edneket: p\u00e9ld\u00e1ul halv\u00e1nyk\u00e9k, puha z\u00f6ld vagy meleg, nat\u00far \u00e1rnyalatokat, hogy m\u00e1r az elej\u00e9n kellemes legyen a t\u00e9r.\"\n      }\n    },\n    {\n      \"@type\": \"Question\",\n      \"name\": \"Milyen el\u0151nyei vannak, ha j\u00f3g\u00e1z\u00e1sra vagy medit\u00e1ci\u00f3ra haszn\u00e1lod a n\u0151i kuck\u00f3dat?\",\n      \"acceptedAnswer\": {\n        \"@type\": \"Answer\",\n        \"text\": \"Egy n\u0151i kuck\u00f3 (she shed) t\u00f6k\u00e9letes hely lehet j\u00f3g\u00e1ra vagy medit\u00e1ci\u00f3ra, hiszen nyugodt \u00e9s csendes k\u00f6rnyezetet biztos\u00edt ezekhez a tev\u00e9kenys\u00e9gekhez. A mag\u00e1ny garant\u00e1lja, hogy senki se zavarjon meg \u2013 \u00edgy igazi kis mened\u00e9kk\u00e9 v\u00e1lhat, ahol f\u00e9lrevonulhatsz \u00e9s \u00f6nmagadra figyelhetsz.\"\n      }\n    },\n    {\n      \"@type\": \"Question\",\n      \"name\": \"Milyen kreat\u00edv \u00f6tletekkel alak\u00edthatod \u00e1t n\u0151i kuck\u00f3dat k\u00e9zm\u0171vesked\u00e9shez?\",\n      \"acceptedAnswer\": {\n        \"@type\": \"Answer\",\n        \"text\": \"Egy inspir\u00e1l\u00f3 \u00e9s rendezett k\u00e9zm\u0171ves m\u0171hely kialak\u00edt\u00e1s\u00e1hoz el\u00e9g n\u00e9h\u00e1ny praktikus \u00e9s kreat\u00edv \u00f6tlet. El\u0151sz\u00f6r is, \u00e9rdemes k\u00fcl\u00f6n z\u00f3n\u00e1kat kialak\u00edtani a k\u00fcl\u00f6nf\u00e9le tev\u00e9kenys\u00e9geknek, p\u00e9ld\u00e1ul varr\u00e1shoz, fest\u00e9shez vagy scrapbook k\u00e9sz\u00edt\u00e9shez \u2013 \u00edgy \u00e1tl\u00e1that\u00f3bb \u00e9s rendszerezettebb lesz a munk\u00e1d.\"\n      }\n    },\n    {\n      \"@type\": \"Question\",\n      \"name\": \"Milyen n\u0151i kuck\u00f3 kialak\u00edt\u00e1sok a legjobbak otthoni irod\u00e1nak?\",\n      \"acceptedAnswer\": {\n        \"@type\": \"Answer\",\n        \"text\": \"Egy n\u0151i kuck\u00f3 otthoni irodak\u00e9nt akkor igaz\u00e1n hasznos, ha egyszerre k\u00e9nyelmes \u00e9s \u00f6szt\u00f6nzi a hat\u00e9kony munk\u00e1t. V\u00e1lassz ergonomikus b\u00fatort, p\u00e9ld\u00e1ul \u00e1ll\u00edthat\u00f3 sz\u00e9ket \u00e9s asztalt, hogy hosszabb ideig is k\u00e9nyelmesen tudj dolgozni.\"\n      }\n    },\n    {\n      \"@type\": \"Question\",\n      \"name\": \"Hogyan lehet igaz\u00e1n j\u00f3l haszn\u00e1lhat\u00f3 munkateret kialak\u00edtani a n\u0151i kuck\u00f3dban?\",\n      \"acceptedAnswer\": {\n        \"@type\": \"Answer\",\n        \"text\": \"Egy j\u00f3l m\u0171k\u00f6d\u0151 munkahely kialak\u00edt\u00e1sa a n\u0151i kuck\u00f3ban \u00e1tgondolt tervez\u00e9st \u00e9s k\u00e9nyelmes elrendez\u00e9st ig\u00e9nyel. El\u0151sz\u00f6r is rendezd el praktikusan az eszk\u00f6zeidet \u00e9s alapanyagaidat. Haszn\u00e1lj helytakar\u00e9kos t\u00e1rol\u00f3kat, mint p\u00e9ld\u00e1ul polcokat, szerel\u0151falat (pegboard), vagy szekr\u00e9nyeket.\"\n      }\n    },\n    {\n      \"@type\": \"Question\",\n      \"name\": \"Hogyan haszn\u00e1lhatod a n\u0151i kuck\u00f3dat vend\u00e9gl\u00e1t\u00e1sra?\",\n      \"acceptedAnswer\": {\n        \"@type\": \"Answer\",\n        \"text\": \"Ha szeretn\u00e9d, hogy a n\u0151i kuck\u00f3d igazi bulik\u00f6zpont legyen, a kulcs a j\u00f3 tervez\u00e9s \u00e9s n\u00e9h\u00e1ny okos \u00f6tlet. Kezdheted azzal, hogy k\u00e9nyelmes \u00fcl\u0151helyeket teszel be, p\u00e9ld\u00e1ul puha kanap\u00e9t vagy \u00f6sszeilleszthet\u0151 foteleket, \u00edgy mindenki sz\u00edvesen le\u00fcl majd besz\u00e9lgetni.\"\n      }\n    },\n    {\n      \"@type\": \"Question\",\n      \"name\": \"Mik a legfontosabbak, ha a n\u0151i kuck\u00f3dat vend\u00e9gh\u00e1zz\u00e1 szeretn\u00e9d alak\u00edtani?\",\n      \"acceptedAnswer\": {\n        \"@type\": \"Answer\",\n        \"text\": \"Ha szeretn\u00e9d, hogy a r\u00e9gi f\u00e9szeredb\u0151l hangulatos vend\u00e9gh\u00e1z legyen, a legfontosabb a bar\u00e1ts\u00e1gos \u00e9s otthonos hangulat. V\u00e1lassz helytakar\u00e9kos, de k\u00e9nyelmes fekv\u0151helyeket, p\u00e9ld\u00e1ul nap\u00e1gyat vagy kih\u00fazhat\u00f3 kanap\u00e9t, \u00edgy k\u00e9nyelmesen aludhatnak a vend\u00e9geid, de a szoba sem lesz zs\u00fafolt.\"\n      }\n    },\n    {\n      \"@type\": \"Question\",\n      \"name\": \"Hogyan alak\u00edthat\u00f3 \u00e1t a n\u0151i kuck\u00f3 hangulatos kabinn\u00e1?\",\n      \"acceptedAnswer\": {\n        \"@type\": \"Answer\",\n        \"text\": \"Ha a n\u0151i kuck\u00f3dat igazi, meghitt kabinn\u00e1 szeretn\u00e9d alak\u00edtani, a c\u00e9l a bar\u00e1ts\u00e1gos \u00e9s meleg l\u00e9gk\u00f6r megteremt\u00e9se. El\u0151sz\u00f6r is v\u00e1lassz k\u00e9nyelmes b\u00fatorokat, p\u00e9ld\u00e1ul puha karossz\u00e9keket vagy kanap\u00e9t, hogy legyen egy otthonos besz\u00e9lget\u0151sarokod.\"\n      }\n    },\n    {\n      \"@type\": \"Question\",\n      \"name\": \"Milyen j\u00e1t\u00e9kos, egyedi \u00f6tletekkel teheted k\u00fcl\u00f6nlegess\u00e9 a n\u0151i kuck\u00f3dat?\",\n      \"acceptedAnswer\": {\n        \"@type\": \"Answer\",\n        \"text\": \"Ha j\u00e1t\u00e9kos, vid\u00e1m hangulatot szeretn\u00e9l a n\u0151i kuck\u00f3dban, \u00f6tletes d\u00edszekkel igaz\u00e1n egyediv\u00e9 var\u00e1zsolhatod a teret. Pr\u00f3b\u00e1lj ki egyedi dekor\u00e1ci\u00f3kat, p\u00e9ld\u00e1ul retr\u00f3 t\u00e1bl\u00e1kat, f\u00e9nyf\u00fcz\u00e9reket vagy l\u00f3g\u00f3 n\u00f6v\u00e9nyeket \u2013 mindegyik hozz\u00e1tesz egy csipetnyi var\u00e1zslatot a helyis\u00e9ghez.\"\n      }\n    }\n  ]\n}\n<\/script>\n<script type=\"application\/ld+json\">\n{\n  \"@context\": \"https:\/\/schema.org\",\n  \"@type\": \"HowTo\",\n  \"name\": \"Hogyan alak\u00edts ki t\u00f6k\u00e9letes she shed-et a kertedben?\",\n  \"description\": \"\u00datmutat\u00f3 l\u00e9p\u00e9sr\u0151l l\u00e9p\u00e9sre a saj\u00e1t she sheded kialak\u00edt\u00e1s\u00e1hoz, tippekkel a st\u00edlus, funkci\u00f3, f\u00e9nyek \u00e9s kertkapcsolat megteremt\u00e9s\u00e9hez.\",\n  \"image\": [\n    \"https:\/\/doubletakedecor.com\/uploads\/2025\/08\/she-shed-ideas-dtd-01.jpg\",\n    \"https:\/\/doubletakedecor.com\/uploads\/2025\/08\/she-shed-ideas-dtd-02.jpg\",\n    \"https:\/\/doubletakedecor.com\/uploads\/2025\/08\/she-shed-ideas-dtd-03.jpg\"\n  ],\n  \"estimatedCost\": {\n    \"@type\": \"MonetaryAmount\",\n    \"currency\": \"HUF\",\n    \"value\": \"200000\"\n  },\n  \"supply\": [\n    {\n      \"@type\": \"HowToSupply\",\n      \"name\": \"kerti kish\u00e1z vagy f\u00e9szer\"\n    },\n    {\n      \"@type\": \"HowToSupply\",\n      \"name\": \"b\u00fatorok (sz\u00e9k, \u00edr\u00f3asztal, polc)\"\n    },\n    {\n      \"@type\": \"HowToSupply\",\n      \"name\": \"fest\u00e9k \u00e9s ecset\"\n    },\n    {\n      \"@type\": \"HowToSupply\",\n      \"name\": \"dekor\u00e1ci\u00f3s elemek\"\n    },\n    {\n      \"@type\": \"HowToSupply\",\n      \"name\": \"cserepes \u00e9s kerti n\u00f6v\u00e9nyek\"\n    },\n    {\n      \"@type\": \"HowToSupply\",\n      \"name\": \"vil\u00e1g\u00edt\u00e1s (f\u00e9nyf\u00fcz\u00e9r, l\u00e1mpa)\"\n    }\n  ],\n  \"tool\": [\n    {\n      \"@type\": \"HowToTool\",\n      \"name\": \"szersz\u00e1mok (kalap\u00e1cs, csavarh\u00faz\u00f3, f\u00far\u00f3)\"\n    },\n    {\n      \"@type\": \"HowToTool\",\n      \"name\": \"m\u00e9r\u0151szalag\"\n    }\n  ],\n  \"step\": [\n    {\n      \"@type\": \"HowToStep\",\n      \"name\": \"Tervezz st\u00edlust \u00e9s funkci\u00f3t\",\n      \"text\": \"D\u00f6ntsd el, mire szeretn\u00e9d haszn\u00e1lni a she shed-et: lehet j\u00f3ga-st\u00fadi\u00f3, otthoni iroda, kreat\u00edv sarok vagy vend\u00e9gfogad\u00f3 t\u00e9r. V\u00e1lassz sz\u00ednvil\u00e1got \u00e9s st\u00edlust, ami igaz\u00e1n t\u00fckr\u00f6zi a szem\u00e9lyis\u00e9gedet.\",\n      \"image\": \"https:\/\/doubletakedecor.com\/uploads\/2025\/08\/she-shed-ideas-dtd-01.jpg\"\n    },\n    {\n      \"@type\": \"HowToStep\",\n      \"name\": \"V\u00e1lassz kiindul\u00f3 \u00e9p\u00fcletet\",\n      \"text\": \"Keress egy megl\u00e9v\u0151 kerti kish\u00e1zat vagy f\u00e9szer alapot. Ellen\u0151rizd, hogy stabil, sz\u00e1raz \u00e9s elegend\u0151 hely van benne a c\u00e9ljaidhoz.\",\n      \"image\": \"https:\/\/doubletakedecor.com\/uploads\/2025\/08\/she-shed-ideas-dtd-03.jpg\"\n    },\n    {\n      \"@type\": \"HowToStep\",\n      \"name\": \"Fesd le \u00e9s dekor\u00e1ld k\u00edv\u00fcl-bel\u00fcl\",\n      \"text\": \"V\u00e1lassz sz\u00edneket: a fekete, feh\u00e9r, t\u00fcrkiz vagy s\u00e1rga is nagyszer\u0171 lehet. Fesd le k\u00edv\u00fcl-bel\u00fcl, \u00e9s dekor\u00e1ld az ablakp\u00e1rk\u00e1nyokat, ajt\u00f3kat vir\u00e1gokkal vagy koszor\u00faval.\",\n      \"image\": \"https:\/\/doubletakedecor.com\/uploads\/2025\/08\/she-shed-ideas-dtd-04.jpg\"\n    },\n    {\n      \"@type\": \"HowToStep\",\n      \"name\": \"Hozd be a term\u00e9szetes f\u00e9nyt\",\n      \"text\": \"Fontos, hogy min\u00e9l t\u00f6bb term\u00e9szetes f\u00e9ny jusson be. Szerelj nagyobb ablakokat vagy haszn\u00e1lj \u00fcvegezett ajt\u00f3kat, tet\u0151ablakot.\",\n      \"image\": \"https:\/\/doubletakedecor.com\/uploads\/2025\/08\/she-shed-ideas-dtd-12.jpg\"\n    },\n    {\n      \"@type\": \"HowToStep\",\n      \"name\": \"Rendezd be okosan\",\n      \"text\": \"Haszn\u00e1lj helytakar\u00e9kos, de k\u00e9nyelmes b\u00fatorokat. V\u00e1lassz t\u00f6bbfunkci\u00f3s darabokat: lehajthat\u00f3 asztal, kih\u00fazhat\u00f3 kanap\u00e9, polcok.\",\n      \"image\": \"https:\/\/doubletakedecor.com\/uploads\/2025\/08\/she-shed-ideas-dtd-02.jpg\"\n    },\n    {\n      \"@type\": \"HowToStep\",\n      \"name\": \"Dekor\u00e1ld egyedien\",\n      \"text\": \"D\u00edsz\u00edtsd a she shedet szem\u00e9lyes t\u00e1rgyakkal, sz\u00ednes textillel, k\u00e9pekkel, p\u00e1rn\u00e1kkal. Haszn\u00e1lj term\u00e9szetes anyagokat, sz\u0151nyeget, kosarakat.\",\n      \"image\": \"https:\/\/doubletakedecor.com\/uploads\/2025\/08\/she-shed-ideas-dtd-25.jpg\"\n    },\n    {\n      \"@type\": \"HowToStep\",\n      \"name\": \"Alak\u00edtsd ki a kertkapcsolatot\",\n      \"text\": \"\u00dcltess cserepes n\u00f6v\u00e9nyeket az ajt\u00f3 el\u00e9, alak\u00edts ki kavicsos \u00f6sv\u00e9nyt, vagy helyezz el egy kis teraszt \u00fcl\u0151alkalmatoss\u00e1gokkal.\",\n      \"image\": \"https:\/\/doubletakedecor.com\/uploads\/2025\/08\/she-shed-ideas-dtd-21.jpg\"\n    },\n    {\n      \"@type\": \"HowToStep\",\n      \"name\": \"Gondoskodj a vil\u00e1g\u00edt\u00e1sr\u00f3l\",\n      \"text\": \"Tegy\u00e9l fel hangulatos f\u00e9nyf\u00fcz\u00e9rt, asztali vagy mennyezeti l\u00e1mp\u00e1t. A meleg f\u00e9nyek bar\u00e1ts\u00e1gosabb\u00e1 teszik a she shed-et.\",\n      \"image\": \"https:\/\/doubletakedecor.com\/uploads\/2025\/08\/she-shed-ideas-dtd-19.jpg\"\n    }\n  ],\n  \"totalTime\": \"P2D\"\n}\n<\/script>","_links":{"self":[{"href":"https:\/\/doubletakedecor.com\/hu\/wp-json\/wp\/v2\/posts\/5433","targetHints":{"allow":["GET"]}}],"collection":[{"href":"https:\/\/doubletakedecor.com\/hu\/wp-json\/wp\/v2\/posts"}],"about":[{"href":"https:\/\/doubletakedecor.com\/hu\/wp-json\/wp\/v2\/types\/post"}],"author":[{"embeddable":true,"href":"https:\/\/doubletakedecor.com\/hu\/wp-json\/wp\/v2\/users\/12"}],"replies":[{"embeddable":true,"href":"https:\/\/doubletakedecor.com\/hu\/wp-json\/wp\/v2\/comments?post=5433"}],"version-history":[{"count":1,"href":"https:\/\/doubletakedecor.com\/hu\/wp-json\/wp\/v2\/posts\/5433\/revisions"}],"predecessor-version":[{"id":5434,"href":"https:\/\/doubletakedecor.com\/hu\/wp-json\/wp\/v2\/posts\/5433\/revisions\/5434"}],"wp:featuredmedia":[{"embeddable":true,"href":"https:\/\/doubletakedecor.com\/hu\/wp-json\/wp\/v2\/media\/4764"}],"wp:attachment":[{"href":"https:\/\/doubletakedecor.com\/hu\/wp-json\/wp\/v2\/media?parent=5433"}],"wp:term":[{"taxonomy":"category","embeddable":true,"href":"https:\/\/doubletakedecor.com\/hu\/wp-json\/wp\/v2\/categories?post=5433"},{"taxonomy":"post_tag","embeddable":true,"href":"https:\/\/doubletakedecor.com\/hu\/wp-json\/wp\/v2\/tags?post=5433"}],"curies":[{"name":"wp","href":"https:\/\/api.w.org\/{rel}","templated":true}]}}