{"id":5453,"date":"2025-08-12T20:42:43","date_gmt":"2025-08-12T18:42:43","guid":{"rendered":"https:\/\/doubletakedecor.com\/kert\/francia-kerti-tervezes\/"},"modified":"2025-08-12T23:31:12","modified_gmt":"2025-08-12T21:31:12","slug":"francia-kerti-tervezes","status":"publish","type":"post","link":"https:\/\/doubletakedecor.com\/hu\/kert\/francia-kerti-tervezes\/","title":{"rendered":"Saj\u00e1t francia kert kialak\u00edt\u00e1sa: Tervez\u00e9s \u00e9s inspir\u00e1ci\u00f3"},"content":{"rendered":"<p>A francia kert\u00e9p\u00edt\u00e9s vil\u00e1gszerte h\u00edres az eleganci\u00e1j\u00e1r\u00f3l, szimmetri\u00e1j\u00e1r\u00f3l \u00e9s rendezett form\u00e1ir\u00f3l. Ezek a nagyszer\u0171 kertek \u00e9l\u0151 m\u0171alkot\u00e1sokk\u00e1 v\u00e1ltoztatj\u00e1k a t\u00e1jat: a geometrikus mint\u00e1k rendet \u00e9s harm\u00f3ni\u00e1t teremtenek. A francia kertek k\u00f6zpontj\u00e1ban rendszerint d\u00edszes parterrek \u00e1llnak \u2013 alacsony s\u00f6v\u00e9nyek szimmetrikus form\u00e1kat rajzolnak ki, a kertet pedig \u00f6sv\u00e9nyek \u00e9s gondosan ny\u00edrt s\u00f6v\u00e9nyek osztj\u00e1k kisebb \u201eszob\u00e1kra\u201d.<\/p>\n<p>A v\u00edz fontos szerepet kap ezekben a kertekben: a sz\u00f6k\u0151kutak \u00e9s t\u00fck\u00f6rmedenc\u00e9k nemcsak l\u00e1tv\u00e1nyoss\u00e1got, hanem megnyugtat\u00f3 hangokat is adnak a kertnek. Antik elemek, p\u00e9ld\u00e1ul r\u00e9gi kasp\u00f3k t\u00f6rt\u00e9nelmi hangulatot visznek a t\u00e9rbe, m\u00edg a puszp\u00e1ng s\u00f6v\u00e9nyek \u00e9s a kavicsos \u00f6sv\u00e9nyek rendezett, \u00e1polt l\u00e1tv\u00e1nyt biztos\u00edtanak.<\/p>\n<p>B\u00e1r hagyom\u00e1nyosan visszafogott sz\u00edneket haszn\u00e1lnak, a francia kertekbe gondosan v\u00e1logatott vir\u00e1gok ker\u00fclnek, amelyek kiemelik a kert eleganci\u00e1j\u00e1t. Illatos n\u00f6v\u00e9nyek, mint a narancsf\u00e1k vagy a levendula, egyszerre gy\u00f6ny\u00f6rk\u00f6dtetik a szemet \u00e9s a szagl\u00e1st, \u00e9lm\u00e9nyt adva minden \u00e9rz\u00e9knek. Ezekben a terekben az \u00e1tgondolt kem\u00e9ny burkolatok \u2013 p\u00e9ld\u00e1ul k\u0151falak, teraszok, geometrikus mint\u00e1k \u2013 mutatj\u00e1k meg, mire k\u00e9pes az ember, ha \u00fcgyesen form\u00e1lja a term\u00e9szetet. Az eredm\u00e9ny: eleg\u00e1ns, m\u00e9gis bar\u00e1ts\u00e1gos kertek, amelyek otthonod val\u00f3di d\u00edszei lehetnek.<\/p>\n<div class=\"kt_block\" id=\"kt_id\">\n<span class=\"kt_headline\">F\u0151bb tudnival\u00f3k<\/span><\/p>\n<ul class=\"kt_post_list\">\n<li><strong>\ud83c\udf3f Leny\u0171g\u00f6z\u0151 szimmetria:<\/strong> A francia kertek vil\u00e1gszerte h\u00edresek a szimmetri\u00e1jukr\u00f3l \u00e9s szab\u00e1lyos, rendezett elrendez\u00e9s\u00fckr\u0151l. Geometrikus mint\u00e1k \u00e9s parterrek teszik igaz\u00e1n k\u00fcl\u00f6nlegess\u00e9 ezeket a tereket.<\/li>\n<li><strong>\ud83d\udca7 Nyugodt v\u00edzi elemek:<\/strong> Sz\u00f6k\u0151kutak \u00e9s t\u00fck\u00f6rmedenc\u00e9k nem csak sz\u00e9p l\u00e1tv\u00e1nyt, hanem kellemes hangokat is adnak \u2013 ett\u0151l lesz a francia kert igazi nyugalom szigete.<\/li>\n<li><strong>\ud83c\udf38 Illatos vir\u00e1gpomp\u00e1k:<\/strong> Gondosan v\u00e1logatott vir\u00e1gok, levendula vagy narancsf\u00e1k teszik \u00e9lm\u00e9nyd\u00fass\u00e1 \u00e9s igaz\u00e1n sz\u00e9pp\u00e9 a kertet.<\/li>\n<li><strong>\ud83c\udfe1 Egys\u00e9ges \u00f6sszhang:<\/strong> A francia kertek harmonikusan kapcsol\u00f3dnak a h\u00e1zhoz \u2013 \u00f6sv\u00e9nyekkel, teraszokkal \u00e9s \u00e9l\u00e9nk n\u00f6v\u00e9nyekkel igazi egys\u00e9get alkotnak a k\u00fclt\u00e9r \u00e9s a belt\u00e9r k\u00f6z\u00f6tt.<\/li>\n<\/ul>\n<\/div>\n<h2>K\u00f6ves h\u00e1z vid\u00e9ki kerttel<\/h2>\n<p><img loading=\"lazy\" decoding=\"async\" width=\"700\" height=\"1050\" alt=\"Rusztikus k\u0151h\u00e1z r\u00f3zsasz\u00edn \u00e9s lila vir\u00e1gokkal teli ablakl\u00e1d\u00e1kkal, f\u00fcgg\u00f6ny\u00f6s ablakok, buja kert, fa pad vir\u00e1gz\u00f3 n\u00f6v\u00e9nyek k\u00f6z\u00f6tt.\" class=\"aligncenter size-full wp-image-4903\" src=\"https:\/\/doubletakedecor.com\/uploads\/2025\/08\/french-garden-design-dtd-01.jpg\" srcset=\"https:\/\/doubletakedecor.com\/uploads\/2025\/08\/french-garden-design-dtd-01.jpg 700w, https:\/\/doubletakedecor.com\/uploads\/2025\/08\/french-garden-design-dtd-01-200x300.jpg 200w, https:\/\/doubletakedecor.com\/uploads\/2025\/08\/french-garden-design-dtd-01-683x1024.jpg 683w, https:\/\/doubletakedecor.com\/uploads\/2025\/08\/french-garden-design-dtd-01-96x144.jpg 96w, https:\/\/doubletakedecor.com\/uploads\/2025\/08\/french-garden-design-dtd-01-280x420.jpg 280w, https:\/\/doubletakedecor.com\/uploads\/2025\/08\/french-garden-design-dtd-01-320x480.jpg 320w, https:\/\/doubletakedecor.com\/uploads\/2025\/08\/french-garden-design-dtd-01-360x540.jpg 360w, https:\/\/doubletakedecor.com\/uploads\/2025\/08\/french-garden-design-dtd-01-363x545.jpg 363w, https:\/\/doubletakedecor.com\/uploads\/2025\/08\/french-garden-design-dtd-01-370x555.jpg 370w, https:\/\/doubletakedecor.com\/uploads\/2025\/08\/french-garden-design-dtd-01-400x600.jpg 400w, https:\/\/doubletakedecor.com\/uploads\/2025\/08\/french-garden-design-dtd-01-560x840.jpg 560w, https:\/\/doubletakedecor.com\/uploads\/2025\/08\/french-garden-design-dtd-01-480x720.jpg 480w\" sizes=\"auto, (max-width: 700px) 100vw, 700px\" \/><\/p>\n<p>Tedd kerted val\u00f3ban franci\u00e1s hangulat\u00fav\u00e1 vir\u00e1gok \u00fcgyes elhelyez\u00e9s\u00e9vel! R\u00f6gz\u00edts ablakl\u00e1d\u00e1kat a k\u0151falakon, \u00e9s \u00fcltess bele r\u00f3zsasz\u00edn-lila vir\u00e1gokat. Cser\u00e9pben nevelt n\u00f6v\u00e9nyeket helyezz el a kerti \u00f6sv\u00e9nyek ment\u00e9n, \u00e9s \u00e1ll\u00edts oda egy egyszer\u0171 fa padot, ami pihen\u00e9sre cs\u00e1b\u00edt. A mindig \u00e1polt z\u00f6ld gyep t\u00f6k\u00e9letes h\u00e1tteret ad a sz\u00ednes vir\u00e1gszeg\u00e9lyeknek.<\/p>\n<h2>Vid\u00e9ki francia terasz \u00e9tkez\u0151 sarokkal<\/h2>\n<p><img loading=\"lazy\" decoding=\"async\" width=\"700\" height=\"1050\" alt=\"K\u0151b\u0151l k\u00e9sz\u00fclt h\u00e1z terasza k\u00f6rasztallal, k\u00e9k sz\u00e9kekkel, fut\u00f3n\u00f6v\u00e9nyekkel \u00e9s szab\u00e1lyos form\u00e1j\u00fa bokrokkal, amelyek nyugodt francia kert hangulatot teremtenek.\" class=\"aligncenter size-full wp-image-4909\" src=\"https:\/\/doubletakedecor.com\/uploads\/2025\/08\/french-garden-design-dtd-02.jpg\" srcset=\"https:\/\/doubletakedecor.com\/uploads\/2025\/08\/french-garden-design-dtd-02.jpg 700w, https:\/\/doubletakedecor.com\/uploads\/2025\/08\/french-garden-design-dtd-02-200x300.jpg 200w, https:\/\/doubletakedecor.com\/uploads\/2025\/08\/french-garden-design-dtd-02-683x1024.jpg 683w, https:\/\/doubletakedecor.com\/uploads\/2025\/08\/french-garden-design-dtd-02-96x144.jpg 96w, https:\/\/doubletakedecor.com\/uploads\/2025\/08\/french-garden-design-dtd-02-280x420.jpg 280w, https:\/\/doubletakedecor.com\/uploads\/2025\/08\/french-garden-design-dtd-02-320x480.jpg 320w, https:\/\/doubletakedecor.com\/uploads\/2025\/08\/french-garden-design-dtd-02-360x540.jpg 360w, https:\/\/doubletakedecor.com\/uploads\/2025\/08\/french-garden-design-dtd-02-363x545.jpg 363w, https:\/\/doubletakedecor.com\/uploads\/2025\/08\/french-garden-design-dtd-02-370x555.jpg 370w, https:\/\/doubletakedecor.com\/uploads\/2025\/08\/french-garden-design-dtd-02-400x600.jpg 400w, https:\/\/doubletakedecor.com\/uploads\/2025\/08\/french-garden-design-dtd-02-560x840.jpg 560w, https:\/\/doubletakedecor.com\/uploads\/2025\/08\/french-garden-design-dtd-02-480x720.jpg 480w\" sizes=\"auto, (max-width: 700px) 100vw, 700px\" \/><\/p>\n<p>Alak\u00edts ki meghitt \u00e9tkez\u0151sarkot egy stabil k\u0151asztallal \u00e9s vil\u00e1gosk\u00e9k f\u00e9m sz\u00e9kekkel. Dobd fel a k\u00e9nyelmet mint\u00e1s p\u00e1rn\u00e1kkal! Az \u00fcl\u0151helyet fut\u00f3n\u00f6v\u00e9nyek fogj\u00e1k k\u00f6rbe term\u00e9szetes \u00e1rny\u00e9kot \u00e9s elvonul\u00e1st k\u00edn\u00e1lva. A terasz sz\u00e9l\u00e9n terrakotta cserepekben nevelt alakra ny\u00edrt bokrok fokozz\u00e1k az igazi francia kert hangulat\u00e1t.<\/p>\n<h2>K\u0151h\u00e1z romantikus kertbej\u00e1rattal<\/h2>\n<p><img loading=\"lazy\" decoding=\"async\" width=\"700\" height=\"1050\" alt=\"Hangulatos k\u0151h\u00e1z bej\u00e1rata borosty\u00e1nnal befuttatva, d\u00edszes l\u00e1mp\u00e1sokkal, eleg\u00e1ns n\u00f6v\u00e9nytart\u00f3kkal a macskak\u00f6ves \u00f6sv\u00e9ny mellett.\" class=\"aligncenter size-full wp-image-4915\" src=\"https:\/\/doubletakedecor.com\/uploads\/2025\/08\/french-garden-design-dtd-03.jpg\" srcset=\"https:\/\/doubletakedecor.com\/uploads\/2025\/08\/french-garden-design-dtd-03.jpg 700w, https:\/\/doubletakedecor.com\/uploads\/2025\/08\/french-garden-design-dtd-03-200x300.jpg 200w, https:\/\/doubletakedecor.com\/uploads\/2025\/08\/french-garden-design-dtd-03-683x1024.jpg 683w, https:\/\/doubletakedecor.com\/uploads\/2025\/08\/french-garden-design-dtd-03-96x144.jpg 96w, https:\/\/doubletakedecor.com\/uploads\/2025\/08\/french-garden-design-dtd-03-280x420.jpg 280w, https:\/\/doubletakedecor.com\/uploads\/2025\/08\/french-garden-design-dtd-03-320x480.jpg 320w, https:\/\/doubletakedecor.com\/uploads\/2025\/08\/french-garden-design-dtd-03-360x540.jpg 360w, https:\/\/doubletakedecor.com\/uploads\/2025\/08\/french-garden-design-dtd-03-363x545.jpg 363w, https:\/\/doubletakedecor.com\/uploads\/2025\/08\/french-garden-design-dtd-03-370x555.jpg 370w, https:\/\/doubletakedecor.com\/uploads\/2025\/08\/french-garden-design-dtd-03-400x600.jpg 400w, https:\/\/doubletakedecor.com\/uploads\/2025\/08\/french-garden-design-dtd-03-560x840.jpg 560w, https:\/\/doubletakedecor.com\/uploads\/2025\/08\/french-garden-design-dtd-03-480x720.jpg 480w\" sizes=\"auto, (max-width: 700px) 100vw, 700px\" \/><\/p>\n<p>Keretet adhatsz bej\u00e1ratodnak s\u0171r\u0171re futtatott borosty\u00e1nnal, majd helyezz el d\u00edszes l\u00e1mp\u00e1sokat, hogy meleg, bar\u00e1ts\u00e1gos hangulatot teremts. Keverj modern gomb\u00f3cform\u00e1ra ny\u00edrt bokrokat r\u00e9gi, id\u0151j\u00e1r\u00e1s-viselte cserepekkel a sz\u00e9p kontraszt kedv\u00e9\u00e9rt. V\u00e1lassz patin\u00e1s k\u0151ed\u00e9nyeket, amelyek illenek a h\u00e1z homlokzat\u00e1hoz, \u00e9s alak\u00edts ki egy macskak\u00f6ves \u00f6sv\u00e9nyt, hogy igazi francia kert \u00e9rz\u00e9st var\u00e1zsolj.<\/p>\n<h2>Eleg\u00e1ns k\u0151terasz puszp\u00e1ng bokrokkal<\/h2>\n<p><img loading=\"lazy\" decoding=\"async\" width=\"700\" height=\"1050\" alt=\"Francia kert terasza k\u0151padl\u00f3val, rattan kanap\u00e9val, g\u00f6mb alak\u00fa puszp\u00e1ng bokrokkal, s\u00e1rgabarack sz\u00edn\u0171 vakolattal \u00e9s k\u00e9k zsalug\u00e1terekkel.\" class=\"aligncenter size-full wp-image-4921\" src=\"https:\/\/doubletakedecor.com\/uploads\/2025\/08\/french-garden-design-dtd-04.jpg\" srcset=\"https:\/\/doubletakedecor.com\/uploads\/2025\/08\/french-garden-design-dtd-04.jpg 700w, https:\/\/doubletakedecor.com\/uploads\/2025\/08\/french-garden-design-dtd-04-200x300.jpg 200w, https:\/\/doubletakedecor.com\/uploads\/2025\/08\/french-garden-design-dtd-04-683x1024.jpg 683w, https:\/\/doubletakedecor.com\/uploads\/2025\/08\/french-garden-design-dtd-04-96x144.jpg 96w, https:\/\/doubletakedecor.com\/uploads\/2025\/08\/french-garden-design-dtd-04-280x420.jpg 280w, https:\/\/doubletakedecor.com\/uploads\/2025\/08\/french-garden-design-dtd-04-320x480.jpg 320w, https:\/\/doubletakedecor.com\/uploads\/2025\/08\/french-garden-design-dtd-04-360x540.jpg 360w, https:\/\/doubletakedecor.com\/uploads\/2025\/08\/french-garden-design-dtd-04-363x545.jpg 363w, https:\/\/doubletakedecor.com\/uploads\/2025\/08\/french-garden-design-dtd-04-370x555.jpg 370w, https:\/\/doubletakedecor.com\/uploads\/2025\/08\/french-garden-design-dtd-04-400x600.jpg 400w, https:\/\/doubletakedecor.com\/uploads\/2025\/08\/french-garden-design-dtd-04-560x840.jpg 560w, https:\/\/doubletakedecor.com\/uploads\/2025\/08\/french-garden-design-dtd-04-480x720.jpg 480w\" sizes=\"auto, (max-width: 700px) 100vw, 700px\" \/><\/p>\n<p>T\u00f6k\u00e9letes francia kertet teremthetsz \u00fagy, hogy term\u00e9sk\u0151 burkolatot p\u00e1ros\u00edtasz szab\u00e1lyos, g\u00f6mb\u00f6ly\u0171 puszp\u00e1ng bokrokkal. K\u00e9nyelmes fonott b\u00fatorokat \u00e1ll\u00edts a h\u00e1z bej\u00e1rata el\u00e9, hogy bar\u00e1ts\u00e1gos besz\u00e9lget\u0151sarkot hozz l\u00e9tre! Futtass k\u00fasz\u00f3n\u00f6v\u00e9nyeket a vil\u00e1gos vakolatfalakhoz, \u00e9s eg\u00e9sz\u00edtsd ki a k\u00e9pet k\u00e9k zsalug\u00e1terekkel a val\u00f3di d\u00e9l-francia hangulat\u00e9rt.<\/p>\n<h2>Francia kerti pihen\u0151sarok<\/h2>\n<p><img loading=\"lazy\" decoding=\"async\" width=\"700\" height=\"1050\" alt=\"Eleg\u00e1ns k\u00fclt\u00e9ri \u00fcl\u0151sarok k\u00e9nyelmes, k\u00e9k p\u00e1rn\u00e1s sz\u00e9kekkel, letisztult asztallal, buja z\u00f6ld n\u00f6v\u00e9nyekkel \u00e9s puszp\u00e1ng bokrokkal k\u00f6r\u00fclv\u00e9ve.\" class=\"aligncenter size-full wp-image-4927\" src=\"https:\/\/doubletakedecor.com\/uploads\/2025\/08\/french-garden-design-dtd-05.jpg\" srcset=\"https:\/\/doubletakedecor.com\/uploads\/2025\/08\/french-garden-design-dtd-05.jpg 700w, https:\/\/doubletakedecor.com\/uploads\/2025\/08\/french-garden-design-dtd-05-200x300.jpg 200w, https:\/\/doubletakedecor.com\/uploads\/2025\/08\/french-garden-design-dtd-05-683x1024.jpg 683w, https:\/\/doubletakedecor.com\/uploads\/2025\/08\/french-garden-design-dtd-05-96x144.jpg 96w, https:\/\/doubletakedecor.com\/uploads\/2025\/08\/french-garden-design-dtd-05-280x420.jpg 280w, https:\/\/doubletakedecor.com\/uploads\/2025\/08\/french-garden-design-dtd-05-320x480.jpg 320w, https:\/\/doubletakedecor.com\/uploads\/2025\/08\/french-garden-design-dtd-05-360x540.jpg 360w, https:\/\/doubletakedecor.com\/uploads\/2025\/08\/french-garden-design-dtd-05-363x545.jpg 363w, https:\/\/doubletakedecor.com\/uploads\/2025\/08\/french-garden-design-dtd-05-370x555.jpg 370w, https:\/\/doubletakedecor.com\/uploads\/2025\/08\/french-garden-design-dtd-05-400x600.jpg 400w, https:\/\/doubletakedecor.com\/uploads\/2025\/08\/french-garden-design-dtd-05-560x840.jpg 560w, https:\/\/doubletakedecor.com\/uploads\/2025\/08\/french-garden-design-dtd-05-480x720.jpg 480w\" sizes=\"auto, (max-width: 700px) 100vw, 700px\" \/><\/p>\n<p>Rendezz be hangulatos pihen\u0151helyet apr\u00f3 kaviccsal bor\u00edtott aljzaton, modern, p\u00e1rn\u00e1zott sz\u00e9kekkel \u00e9s letisztult asztallal. Helyezd k\u00f6zel a francia ajt\u00f3khoz a k\u00e9nyelmes \u00e1tj\u00e1r\u00e1s\u00e9rt! \u00dcl\u0151helyedet \u00f6leld k\u00f6rbe form\u00e1ra ny\u00edrt puszp\u00e1nggal \u00e9s k\u00fasz\u00f3n\u00f6v\u00e9nyekkel. Egy apr\u00f3 cserepes n\u00f6v\u00e9ny a k\u00f6z\u00e9ppontban igaz\u00e1n bens\u0151s\u00e9ges hangulatot ad.<\/p>\n<h2>Vid\u00e9ki eb\u00e9d a z\u00f6ldben<\/h2>\n<p><img loading=\"lazy\" decoding=\"async\" width=\"700\" height=\"1050\" alt=\"Nyugodt kerti \u00e9tkez\u0151 r\u00e9sz f\u00e1b\u00f3l k\u00e9sz\u00fclt asztallal, f\u00e9m sz\u00e9kekkel, sz\u0151l\u0151lugas alatt, buja z\u00f6ld n\u00f6v\u00e9nyek \u00e9s vir\u00e1gok \u00f6lel\u00e9s\u00e9ben.\" class=\"aligncenter size-full wp-image-4933\" src=\"https:\/\/doubletakedecor.com\/uploads\/2025\/08\/french-garden-design-dtd-06.jpg\" srcset=\"https:\/\/doubletakedecor.com\/uploads\/2025\/08\/french-garden-design-dtd-06.jpg 700w, https:\/\/doubletakedecor.com\/uploads\/2025\/08\/french-garden-design-dtd-06-200x300.jpg 200w, https:\/\/doubletakedecor.com\/uploads\/2025\/08\/french-garden-design-dtd-06-683x1024.jpg 683w, https:\/\/doubletakedecor.com\/uploads\/2025\/08\/french-garden-design-dtd-06-96x144.jpg 96w, https:\/\/doubletakedecor.com\/uploads\/2025\/08\/french-garden-design-dtd-06-280x420.jpg 280w, https:\/\/doubletakedecor.com\/uploads\/2025\/08\/french-garden-design-dtd-06-320x480.jpg 320w, https:\/\/doubletakedecor.com\/uploads\/2025\/08\/french-garden-design-dtd-06-360x540.jpg 360w, https:\/\/doubletakedecor.com\/uploads\/2025\/08\/french-garden-design-dtd-06-363x545.jpg 363w, https:\/\/doubletakedecor.com\/uploads\/2025\/08\/french-garden-design-dtd-06-370x555.jpg 370w, https:\/\/doubletakedecor.com\/uploads\/2025\/08\/french-garden-design-dtd-06-400x600.jpg 400w, https:\/\/doubletakedecor.com\/uploads\/2025\/08\/french-garden-design-dtd-06-560x840.jpg 560w, https:\/\/doubletakedecor.com\/uploads\/2025\/08\/french-garden-design-dtd-06-480x720.jpg 480w\" sizes=\"auto, (max-width: 700px) 100vw, 700px\" \/><\/p>\n<p>Alak\u00edts ki hangulatos \u00e9tkez\u0151helyet a kertben egy rusztikus faasztallal, f\u00e9m sz\u00e9kekkel, \u00e1rny\u00e9kos sz\u0151l\u0151lugas alatt. Helyezd k\u00f6zel a k\u0151falhoz az eredetis\u00e9g\u00e9rt, \u00fcltess a k\u00f6zelbe f\u0171szer- \u00e9s gy\u00f3gyn\u00f6v\u00e9nyeket \u2013 ezek illatot is, \u00e9s praktikus konyhai kieg\u00e9sz\u00edt\u00e9st is adnak. Feh\u00e9r \u00e9s r\u00f3zsasz\u00edn vir\u00e1gokat p\u00e1ros\u00edts a klasszikus sz\u00ednharm\u00f3ni\u00e1\u00e9rt, \u00e9s gondoskodj r\u00f3la, hogy a lomb k\u00f6z\u00fcl \u00e1tsz\u0171r\u0151dj\u00f6n a napf\u00e9ny a t\u00f6k\u00e9letes hangulat\u00e9rt.<\/p>\n<h2>Hangulatos k\u00f6ves udvar<\/h2>\n<p><img loading=\"lazy\" decoding=\"async\" width=\"700\" height=\"1049\" alt=\"Nyugodt francia kert k\u0151falakkal, fab\u00fatorokkal, levendul\u00e1val \u00e9s lila vir\u00e1gokkal terrakotta cser\u00e9pben, k\u00f6z\u00e9pen k\u0151sz\u00f6k\u0151k\u00fattal.\" class=\"aligncenter size-full wp-image-4939\" src=\"https:\/\/doubletakedecor.com\/uploads\/2025\/08\/french-garden-design-dtd-07.jpg\" srcset=\"https:\/\/doubletakedecor.com\/uploads\/2025\/08\/french-garden-design-dtd-07.jpg 700w, https:\/\/doubletakedecor.com\/uploads\/2025\/08\/french-garden-design-dtd-07-200x300.jpg 200w, https:\/\/doubletakedecor.com\/uploads\/2025\/08\/french-garden-design-dtd-07-683x1024.jpg 683w, https:\/\/doubletakedecor.com\/uploads\/2025\/08\/french-garden-design-dtd-07-96x144.jpg 96w, https:\/\/doubletakedecor.com\/uploads\/2025\/08\/french-garden-design-dtd-07-280x420.jpg 280w, https:\/\/doubletakedecor.com\/uploads\/2025\/08\/french-garden-design-dtd-07-320x480.jpg 320w, https:\/\/doubletakedecor.com\/uploads\/2025\/08\/french-garden-design-dtd-07-360x539.jpg 360w, https:\/\/doubletakedecor.com\/uploads\/2025\/08\/french-garden-design-dtd-07-363x544.jpg 363w, https:\/\/doubletakedecor.com\/uploads\/2025\/08\/french-garden-design-dtd-07-370x554.jpg 370w, https:\/\/doubletakedecor.com\/uploads\/2025\/08\/french-garden-design-dtd-07-400x599.jpg 400w, https:\/\/doubletakedecor.com\/uploads\/2025\/08\/french-garden-design-dtd-07-560x839.jpg 560w, https:\/\/doubletakedecor.com\/uploads\/2025\/08\/french-garden-design-dtd-07-480x719.jpg 480w\" sizes=\"auto, (max-width: 700px) 100vw, 700px\" \/><\/p>\n<p>Var\u00e1zsolj b\u00e9k\u00e9s francia hangulatot a kertedbe fa napoz\u00f3\u00e1gyak \u00e9s levendula\/lila vir\u00e1gok t\u00e1rs\u00edt\u00e1s\u00e1val, terrakotta cserepekben. Kavicsos \u00f6sv\u00e9nyek adj\u00e1k meg az autentikus hangulatot, a k\u00f6z\u00e9ppontba pedig \u00e1ll\u00edts k\u0151sz\u00f6k\u0151kutat figyelemfelkelt\u0151 elemk\u00e9nt. Helyezd el a cserepeket a rusztikus fal ment\u00e9n \u2013 \u00edgy igaz\u00e1n otthonos, meghitt lesz az udvar.<\/p>\n<h2>Lugasos pergola \u00e9tkez\u0151hely<\/h2>\n<p><img loading=\"lazy\" decoding=\"async\" width=\"700\" height=\"1050\" alt=\"Francia kert terasza fahat\u00e1s\u00fa pergol\u00e1val, amelyet fut\u00f3n\u00f6v\u00e9nyek bor\u00edtanak el, fonott kerti b\u00fatorszettel \u00e9s f\u0171szeres cserepekkel a nyugodt hangulat\u00e9rt.\" class=\"aligncenter size-full wp-image-4945\" src=\"https:\/\/doubletakedecor.com\/uploads\/2025\/08\/french-garden-design-dtd-08.jpg\" srcset=\"https:\/\/doubletakedecor.com\/uploads\/2025\/08\/french-garden-design-dtd-08.jpg 700w, https:\/\/doubletakedecor.com\/uploads\/2025\/08\/french-garden-design-dtd-08-200x300.jpg 200w, https:\/\/doubletakedecor.com\/uploads\/2025\/08\/french-garden-design-dtd-08-683x1024.jpg 683w, https:\/\/doubletakedecor.com\/uploads\/2025\/08\/french-garden-design-dtd-08-96x144.jpg 96w, https:\/\/doubletakedecor.com\/uploads\/2025\/08\/french-garden-design-dtd-08-280x420.jpg 280w, https:\/\/doubletakedecor.com\/uploads\/2025\/08\/french-garden-design-dtd-08-320x480.jpg 320w, https:\/\/doubletakedecor.com\/uploads\/2025\/08\/french-garden-design-dtd-08-360x540.jpg 360w, https:\/\/doubletakedecor.com\/uploads\/2025\/08\/french-garden-design-dtd-08-363x545.jpg 363w, https:\/\/doubletakedecor.com\/uploads\/2025\/08\/french-garden-design-dtd-08-370x555.jpg 370w, https:\/\/doubletakedecor.com\/uploads\/2025\/08\/french-garden-design-dtd-08-400x600.jpg 400w, https:\/\/doubletakedecor.com\/uploads\/2025\/08\/french-garden-design-dtd-08-560x840.jpg 560w, https:\/\/doubletakedecor.com\/uploads\/2025\/08\/french-garden-design-dtd-08-480x720.jpg 480w\" sizes=\"auto, (max-width: 700px) 100vw, 700px\" \/><\/p>\n<p>Alak\u00edts ki b\u00e9k\u00e9s k\u00fclt\u00e9ri \u00e9tkez\u0151t \u00fagy, hogy fut\u00f3n\u00f6v\u00e9nyeket vezetsz fel egy fa pergol\u00e1ra. Tegy\u00e9l mell\u00e9 egy robusztus faasztalt \u00e9s fonott sz\u00e9keket a val\u00f3di francia hangulat\u00e9rt! Egy oldalasztal j\u00f3l j\u00f6n a t\u00e1lal\u00e1shoz, a lugas sz\u00e9l\u00e9re pedig \u00e1ll\u00edts f\u0171szeres ed\u00e9nyeket, hogy az illatok \u00e9s a f\u0151z\u00e9shez sz\u00fcks\u00e9ges z\u00f6ldf\u0171szerek is k\u00e9zn\u00e9l legyenek. Az agyagsz\u00edn\u0171 j\u00e1r\u00f3lapok term\u00e9szetesen simulnak bele a t\u00e9rbe.<\/p>\n<h2>Eleg\u00e1ns francia kertbej\u00e1rat<\/h2>\n<p><img loading=\"lazy\" decoding=\"async\" width=\"700\" height=\"1049\" alt=\"Rusztikus fa ajt\u00f3k \u00fcveg bet\u00e9ttel, k\u00f6r\u00fcl\u00f6tt\u00fck fut\u00f3r\u00f3zsa, r\u00f3zsasz\u00edn vir\u00e1gok terrakotta cser\u00e9pben, k\u0151 \u00f6sv\u00e9ny ment\u00e9n.\" class=\"aligncenter size-full wp-image-4951\" src=\"https:\/\/doubletakedecor.com\/uploads\/2025\/08\/french-garden-design-dtd-09.jpg\" srcset=\"https:\/\/doubletakedecor.com\/uploads\/2025\/08\/french-garden-design-dtd-09.jpg 700w, https:\/\/doubletakedecor.com\/uploads\/2025\/08\/french-garden-design-dtd-09-200x300.jpg 200w, https:\/\/doubletakedecor.com\/uploads\/2025\/08\/french-garden-design-dtd-09-683x1024.jpg 683w, https:\/\/doubletakedecor.com\/uploads\/2025\/08\/french-garden-design-dtd-09-96x144.jpg 96w, https:\/\/doubletakedecor.com\/uploads\/2025\/08\/french-garden-design-dtd-09-280x420.jpg 280w, https:\/\/doubletakedecor.com\/uploads\/2025\/08\/french-garden-design-dtd-09-320x480.jpg 320w, https:\/\/doubletakedecor.com\/uploads\/2025\/08\/french-garden-design-dtd-09-360x539.jpg 360w, https:\/\/doubletakedecor.com\/uploads\/2025\/08\/french-garden-design-dtd-09-363x544.jpg 363w, https:\/\/doubletakedecor.com\/uploads\/2025\/08\/french-garden-design-dtd-09-370x554.jpg 370w, https:\/\/doubletakedecor.com\/uploads\/2025\/08\/french-garden-design-dtd-09-400x599.jpg 400w, https:\/\/doubletakedecor.com\/uploads\/2025\/08\/french-garden-design-dtd-09-560x839.jpg 560w, https:\/\/doubletakedecor.com\/uploads\/2025\/08\/french-garden-design-dtd-09-480x719.jpg 480w\" sizes=\"auto, (max-width: 700px) 100vw, 700px\" \/><\/p>\n<p>Emeld ki bej\u00e1ratodat sz\u00ednes vir\u00e1gokkal tele\u00fcltetett terrakotta cserepekkel, amelyek j\u00f3l mutatnak a feh\u00e9r falak el\u0151tt. Helyezz el a k\u00f6zelben k\u0151padot a nyugodt pillanatokhoz! Futtass r\u00f3zs\u00e1t az ajt\u00f3 k\u00f6r\u00e9, hogy l\u00e1gy\u00edtsd a h\u00e1z vonalait, \u00e9s kombin\u00e1ld term\u00e9szetes k\u0151\u00f6sv\u00e9nnyel, amelybe f\u0171foltok is beleolvadnak. \u00cdgy lesz igaz\u00e1n h\u00edvogat\u00f3 \u00e9s b\u00e9k\u00e9s a kerted bej\u00e1rata.<\/p>\n<h2>Eleg\u00e1ns bolt\u00edves kerti \u00f6sv\u00e9ny<\/h2>\n<p><img loading=\"lazy\" decoding=\"async\" width=\"700\" height=\"1050\" alt=\"Nyugodt k\u0151 \u00f6sv\u00e9ny buj\u00e1n z\u00f6ldell\u0151 n\u00f6v\u00e9nyek \u00e9s eleg\u00e1ns bolt\u00edvek k\u00f6z\u00f6tt, amelyek egy hangulatos sz\u00f6k\u0151k\u00fathoz vezetnek.\" class=\"aligncenter size-full wp-image-4957\" src=\"https:\/\/doubletakedecor.com\/uploads\/2025\/08\/french-garden-design-dtd-10.jpg\" srcset=\"https:\/\/doubletakedecor.com\/uploads\/2025\/08\/french-garden-design-dtd-10.jpg 700w, https:\/\/doubletakedecor.com\/uploads\/2025\/08\/french-garden-design-dtd-10-200x300.jpg 200w, https:\/\/doubletakedecor.com\/uploads\/2025\/08\/french-garden-design-dtd-10-683x1024.jpg 683w, https:\/\/doubletakedecor.com\/uploads\/2025\/08\/french-garden-design-dtd-10-96x144.jpg 96w, https:\/\/doubletakedecor.com\/uploads\/2025\/08\/french-garden-design-dtd-10-280x420.jpg 280w, https:\/\/doubletakedecor.com\/uploads\/2025\/08\/french-garden-design-dtd-10-320x480.jpg 320w, https:\/\/doubletakedecor.com\/uploads\/2025\/08\/french-garden-design-dtd-10-360x540.jpg 360w, https:\/\/doubletakedecor.com\/uploads\/2025\/08\/french-garden-design-dtd-10-363x545.jpg 363w, https:\/\/doubletakedecor.com\/uploads\/2025\/08\/french-garden-design-dtd-10-370x555.jpg 370w, https:\/\/doubletakedecor.com\/uploads\/2025\/08\/french-garden-design-dtd-10-400x600.jpg 400w, https:\/\/doubletakedecor.com\/uploads\/2025\/08\/french-garden-design-dtd-10-560x840.jpg 560w, https:\/\/doubletakedecor.com\/uploads\/2025\/08\/french-garden-design-dtd-10-480x720.jpg 480w\" sizes=\"auto, (max-width: 700px) 100vw, 700px\" \/><\/p>\n<p>\u00c9p\u00edts klasszikus francia promen\u00e1dot szimmetrikus bolt\u00edvekkel, amelyeket fut\u00f3n\u00f6v\u00e9nyek d\u00edsz\u00edtenek. Szerelj fel letisztult kerti l\u00e1mp\u00e1kat az esti hangulat\u00e9rt, \u00e9s szeg\u00e9lyezd az \u00f6sv\u00e9nyt metszett s\u00f6v\u00e9nnyel! A s\u00e9t\u00e1ny v\u00e9g\u00e9re helyezz l\u00e1tv\u00e1nyos elemk\u00e9nt sz\u00f6k\u0151kutat, hogy odavonzza a tekintetet. Vil\u00e1gos k\u0151lapokkal igazi p\u00e1rizsi kert\u00e9rz\u00e9st adhatsz a t\u00e9rnek.<\/p>\n<h2>K\u0151 \u00f6sv\u00e9ny rendezett s\u00f6v\u00e9nyekkel<\/h2>\n<p><img loading=\"lazy\" decoding=\"async\" width=\"700\" height=\"1050\" alt=\"Gy\u00f6ny\u00f6r\u0171en kialak\u00edtott francia kert k\u0151 \u00f6sv\u00e9nnyel, ny\u00edrt s\u00f6v\u00e9nyekkel, r\u00f3zs\u00e1kkal \u00e9s d\u00edszes sz\u00f6k\u0151k\u00fattal egy b\u00e1jos k\u0151h\u00e1z mellett.\" class=\"aligncenter size-full wp-image-4963\" src=\"https:\/\/doubletakedecor.com\/uploads\/2025\/08\/french-garden-design-dtd-11.jpg\" srcset=\"https:\/\/doubletakedecor.com\/uploads\/2025\/08\/french-garden-design-dtd-11.jpg 700w, https:\/\/doubletakedecor.com\/uploads\/2025\/08\/french-garden-design-dtd-11-200x300.jpg 200w, https:\/\/doubletakedecor.com\/uploads\/2025\/08\/french-garden-design-dtd-11-683x1024.jpg 683w, https:\/\/doubletakedecor.com\/uploads\/2025\/08\/french-garden-design-dtd-11-96x144.jpg 96w, https:\/\/doubletakedecor.com\/uploads\/2025\/08\/french-garden-design-dtd-11-280x420.jpg 280w, https:\/\/doubletakedecor.com\/uploads\/2025\/08\/french-garden-design-dtd-11-320x480.jpg 320w, https:\/\/doubletakedecor.com\/uploads\/2025\/08\/french-garden-design-dtd-11-360x540.jpg 360w, https:\/\/doubletakedecor.com\/uploads\/2025\/08\/french-garden-design-dtd-11-363x545.jpg 363w, https:\/\/doubletakedecor.com\/uploads\/2025\/08\/french-garden-design-dtd-11-370x555.jpg 370w, https:\/\/doubletakedecor.com\/uploads\/2025\/08\/french-garden-design-dtd-11-400x600.jpg 400w, https:\/\/doubletakedecor.com\/uploads\/2025\/08\/french-garden-design-dtd-11-560x840.jpg 560w, https:\/\/doubletakedecor.com\/uploads\/2025\/08\/french-garden-design-dtd-11-480x720.jpg 480w\" sizes=\"auto, (max-width: 700px) 100vw, 700px\" \/><\/p>\n<p>Alak\u00edts ki eleg\u00e1ns francia kerti \u00f6sv\u00e9nyt term\u00e9sk\u0151 lapokb\u00f3l, amelyeket szimmetrikus s\u00f6v\u00e9nyek szeg\u00e9lyeznek. \u00dcltess \u00e9l\u00e9nk sz\u00edn\u0171 r\u00f3zs\u00e1kat, hogy sz\u00ednt vigy\u00e9l a z\u00f6ldek k\u00f6z\u00e9! Egy d\u00edszes sz\u00f6k\u0151k\u00fat legyen a k\u00f6z\u00e9ppontban, er\u0151s\u00edtve a klasszikus, rendezett hat\u00e1st. Figyelj arra, hogy minden elem k\u00f6z\u00f6tt legyen el\u00e9g t\u00e9r, \u00edgy a kert \u00e9s a h\u00e1z t\u00f6k\u00e9letesen kieg\u00e9sz\u00edtik egym\u00e1st.<\/p>\n<h2>K\u00fclt\u00e9ri francia kerti \u00e9tkez\u0151<\/h2>\n<p><img loading=\"lazy\" decoding=\"async\" width=\"700\" height=\"1050\" alt=\"Nyugodt francia kert hortenzia- \u00e9s levendulasorral, kavicsos \u00f6sv\u00e9nnyel, amely egy s\u00e1rga h\u00e1zhoz vezet, k\u00e9k zsalug\u00e1teres ablakokkal \u00e9s \u00e1rnyas k\u00fclt\u00e9ri \u00e9tkez\u0151vel.\" class=\"aligncenter size-full wp-image-4969\" src=\"https:\/\/doubletakedecor.com\/uploads\/2025\/08\/french-garden-design-dtd-12.jpg\" srcset=\"https:\/\/doubletakedecor.com\/uploads\/2025\/08\/french-garden-design-dtd-12.jpg 700w, https:\/\/doubletakedecor.com\/uploads\/2025\/08\/french-garden-design-dtd-12-200x300.jpg 200w, https:\/\/doubletakedecor.com\/uploads\/2025\/08\/french-garden-design-dtd-12-683x1024.jpg 683w, https:\/\/doubletakedecor.com\/uploads\/2025\/08\/french-garden-design-dtd-12-96x144.jpg 96w, https:\/\/doubletakedecor.com\/uploads\/2025\/08\/french-garden-design-dtd-12-280x420.jpg 280w, https:\/\/doubletakedecor.com\/uploads\/2025\/08\/french-garden-design-dtd-12-320x480.jpg 320w, https:\/\/doubletakedecor.com\/uploads\/2025\/08\/french-garden-design-dtd-12-360x540.jpg 360w, https:\/\/doubletakedecor.com\/uploads\/2025\/08\/french-garden-design-dtd-12-363x545.jpg 363w, https:\/\/doubletakedecor.com\/uploads\/2025\/08\/french-garden-design-dtd-12-370x555.jpg 370w, https:\/\/doubletakedecor.com\/uploads\/2025\/08\/french-garden-design-dtd-12-400x600.jpg 400w, https:\/\/doubletakedecor.com\/uploads\/2025\/08\/french-garden-design-dtd-12-560x840.jpg 560w, https:\/\/doubletakedecor.com\/uploads\/2025\/08\/french-garden-design-dtd-12-480x720.jpg 480w\" sizes=\"auto, (max-width: 700px) 100vw, 700px\" \/><\/p>\n<p>Alak\u00edts ki hangulatos \u00e9tkez\u0151t a francia kertedben kavicsos \u00f6sv\u00e9nyekkel, \u00e9l\u00e9nk hortenzi\u00e1kkal \u00e9s illatos levendul\u00e1kkal szeg\u00e9lyezve. Helyezd az \u00e9tkez\u0151asztalt nagy naperny\u0151 al\u00e1, k\u00f6zel a h\u00e1z bej\u00e1rat\u00e1hoz! Tegy\u00e9l cserepes vir\u00e1gokat az asztalra az eleg\u00e1ns \u00f6sszhat\u00e1s\u00e9rt. K\u00e9nyelmes sz\u00e9kekkel igazi pihen\u0151sarok lesz, ahol szabadon gy\u00f6ny\u00f6rk\u00f6dhetsz a kert hangulat\u00e1ban.<\/p>\n<h2>Rendezett, kavicsos \u00f6sv\u00e9ny terv<\/h2>\n<p><img loading=\"lazy\" decoding=\"async\" width=\"700\" height=\"1050\" alt=\"Szimmetrikus francia kert kavicsos \u00f6sv\u00e9nnyel, amely egy aranysz\u00edn\u0171 k\u0151h\u00e1zhoz vezet, z\u00f6ld zsalug\u00e1terekkel \u00e9s rendezett s\u00f6v\u00e9nyekkel.\" class=\"aligncenter size-full wp-image-4975\" src=\"https:\/\/doubletakedecor.com\/uploads\/2025\/08\/french-garden-design-dtd-13.jpg\" srcset=\"https:\/\/doubletakedecor.com\/uploads\/2025\/08\/french-garden-design-dtd-13.jpg 700w, https:\/\/doubletakedecor.com\/uploads\/2025\/08\/french-garden-design-dtd-13-200x300.jpg 200w, https:\/\/doubletakedecor.com\/uploads\/2025\/08\/french-garden-design-dtd-13-683x1024.jpg 683w, https:\/\/doubletakedecor.com\/uploads\/2025\/08\/french-garden-design-dtd-13-96x144.jpg 96w, https:\/\/doubletakedecor.com\/uploads\/2025\/08\/french-garden-design-dtd-13-280x420.jpg 280w, https:\/\/doubletakedecor.com\/uploads\/2025\/08\/french-garden-design-dtd-13-320x480.jpg 320w, https:\/\/doubletakedecor.com\/uploads\/2025\/08\/french-garden-design-dtd-13-360x540.jpg 360w, https:\/\/doubletakedecor.com\/uploads\/2025\/08\/french-garden-design-dtd-13-363x545.jpg 363w, https:\/\/doubletakedecor.com\/uploads\/2025\/08\/french-garden-design-dtd-13-370x555.jpg 370w, https:\/\/doubletakedecor.com\/uploads\/2025\/08\/french-garden-design-dtd-13-400x600.jpg 400w, https:\/\/doubletakedecor.com\/uploads\/2025\/08\/french-garden-design-dtd-13-560x840.jpg 560w, https:\/\/doubletakedecor.com\/uploads\/2025\/08\/french-garden-design-dtd-13-480x720.jpg 480w\" sizes=\"auto, (max-width: 700px) 100vw, 700px\" \/><\/p>\n<p>\u00c9p\u00edts klasszikus francia kerti bej\u00e1ratot szimmetrikus s\u00f6v\u00e9nyekkel, amelyek egy kavicsos \u00f6sv\u00e9ny k\u00e9t oldal\u00e1n futnak. L\u00e1gy k\u00fclt\u00e9ri vil\u00e1g\u00edt\u00e1ssal vil\u00e1g\u00edtsd meg az utat sz\u00fcrk\u00fcletkor is! Egy szobor a f\u00f3kuszpontban vezeti a tekintetet, a merev form\u00e1kat pedig egy id\u0151sebb fa oldja fel, ami \u00e1rny\u00e9kot \u00e9s k\u00fcl\u00f6nleges l\u00e1tv\u00e1nyt ad.<\/p>\n<h2>Klasszikus szimmetria bukszusd\u00edszekkel<\/h2>\n<p><img loading=\"lazy\" decoding=\"async\" width=\"700\" height=\"1050\" alt=\"Gy\u00f6ny\u00f6r\u0171en kialak\u00edtott francia kert el\u0151t\u00e9rben nagy f\u00e1val, g\u00f6mb alak\u00fa bokrokkal, kanyarg\u00f3s kerti utakkal, h\u00e1tt\u00e9rben eleg\u00e1ns feh\u00e9r h\u00e1zakkal.\" class=\"aligncenter size-full wp-image-4981\" src=\"https:\/\/doubletakedecor.com\/uploads\/2025\/08\/french-garden-design-dtd-14.jpg\" srcset=\"https:\/\/doubletakedecor.com\/uploads\/2025\/08\/french-garden-design-dtd-14.jpg 700w, https:\/\/doubletakedecor.com\/uploads\/2025\/08\/french-garden-design-dtd-14-200x300.jpg 200w, https:\/\/doubletakedecor.com\/uploads\/2025\/08\/french-garden-design-dtd-14-683x1024.jpg 683w, https:\/\/doubletakedecor.com\/uploads\/2025\/08\/french-garden-design-dtd-14-96x144.jpg 96w, https:\/\/doubletakedecor.com\/uploads\/2025\/08\/french-garden-design-dtd-14-280x420.jpg 280w, https:\/\/doubletakedecor.com\/uploads\/2025\/08\/french-garden-design-dtd-14-320x480.jpg 320w, https:\/\/doubletakedecor.com\/uploads\/2025\/08\/french-garden-design-dtd-14-360x540.jpg 360w, https:\/\/doubletakedecor.com\/uploads\/2025\/08\/french-garden-design-dtd-14-363x545.jpg 363w, https:\/\/doubletakedecor.com\/uploads\/2025\/08\/french-garden-design-dtd-14-370x555.jpg 370w, https:\/\/doubletakedecor.com\/uploads\/2025\/08\/french-garden-design-dtd-14-400x600.jpg 400w, https:\/\/doubletakedecor.com\/uploads\/2025\/08\/french-garden-design-dtd-14-560x840.jpg 560w, https:\/\/doubletakedecor.com\/uploads\/2025\/08\/french-garden-design-dtd-14-480x720.jpg 480w\" sizes=\"auto, (max-width: 700px) 100vw, 700px\" \/><\/p>\n<p>Helyezz el k\u00f6r alak\u00fa bukszusbokrokat egy k\u00f6zponti fa k\u00f6r\u00fcl, hogy kiemelked\u0151 l\u00e1tv\u00e1nyt teremts a francia kertedben. Gondosan ny\u00edrt s\u00f6v\u00e9nyekkel alak\u00edtsd ki a s\u00e9t\u00e1nyokat \u00e9s kisebb kerti r\u00e9szeket. Feh\u00e9r vir\u00e1gokkal teremts eleg\u00e1ns kontrasztot a z\u00f6ld lomb k\u00f6z\u00f6tt. Tehetsz kavicsos szeg\u00e9lyeket is, hogy egy kis text\u00far\u00e1t \u00e9s hat\u00e1rozott megjelen\u00e9st adj a kertnek.<\/p>\n<h2>Szimmetrikus s\u00e9t\u00e1ny form\u00e1lis s\u00f6v\u00e9nyekkel<\/h2>\n<p><img loading=\"lazy\" decoding=\"async\" width=\"700\" height=\"1050\" alt=\"\u00c1polt kert k\u0151vel burkolt \u00fattal a z\u00f6ld gyepen, k\u00f6rben g\u00f6mb\u00f6ly\u0171 bokrokkal, ny\u00edrt s\u00f6v\u00e9nyekkel \u00e9s feh\u00e9r, dekorat\u00edv ker\u00edt\u00e9ssel.\" class=\"aligncenter size-full wp-image-4987\" src=\"https:\/\/doubletakedecor.com\/uploads\/2025\/08\/french-garden-design-dtd-15.jpg\" srcset=\"https:\/\/doubletakedecor.com\/uploads\/2025\/08\/french-garden-design-dtd-15.jpg 700w, https:\/\/doubletakedecor.com\/uploads\/2025\/08\/french-garden-design-dtd-15-200x300.jpg 200w, https:\/\/doubletakedecor.com\/uploads\/2025\/08\/french-garden-design-dtd-15-683x1024.jpg 683w, https:\/\/doubletakedecor.com\/uploads\/2025\/08\/french-garden-design-dtd-15-96x144.jpg 96w, https:\/\/doubletakedecor.com\/uploads\/2025\/08\/french-garden-design-dtd-15-280x420.jpg 280w, https:\/\/doubletakedecor.com\/uploads\/2025\/08\/french-garden-design-dtd-15-320x480.jpg 320w, https:\/\/doubletakedecor.com\/uploads\/2025\/08\/french-garden-design-dtd-15-360x540.jpg 360w, https:\/\/doubletakedecor.com\/uploads\/2025\/08\/french-garden-design-dtd-15-363x545.jpg 363w, https:\/\/doubletakedecor.com\/uploads\/2025\/08\/french-garden-design-dtd-15-370x555.jpg 370w, https:\/\/doubletakedecor.com\/uploads\/2025\/08\/french-garden-design-dtd-15-400x600.jpg 400w, https:\/\/doubletakedecor.com\/uploads\/2025\/08\/french-garden-design-dtd-15-560x840.jpg 560w, https:\/\/doubletakedecor.com\/uploads\/2025\/08\/french-garden-design-dtd-15-480x720.jpg 480w\" sizes=\"auto, (max-width: 700px) 100vw, 700px\" \/><\/p>\n<p>Teremts harm\u00f3ni\u00e1t a kertedben egyenes, k\u0151vel kirakott \u00f6sv\u00e9nnyel, amit t\u00f6k\u00e9letesen g\u00f6mb\u00f6ly\u0171 puszp\u00e1ng bokrok szeg\u00e9lyeznek. Ny\u00edrt s\u00f6v\u00e9nyekkel m\u00e9g rendezettebb\u00e9, klasszikusabb\u00e1 teheted a l\u00e1tv\u00e1nyt. A feh\u00e9r d\u00edszker\u00edt\u00e9s oszlopokkal eleg\u00e1ns hat\u00e1rvonalat ad, mik\u00f6zben a magas f\u00e1k r\u00e9teges h\u00e1tteret var\u00e1zsolnak a kertnek.<\/p>\n<h2>Geometrikus, form\u00e1lis kert elrendez\u00e9s<\/h2>\n<p><img loading=\"lazy\" decoding=\"async\" width=\"700\" height=\"1050\" alt=\"Form\u00e1lis francia kert szimmetrikus s\u00f6v\u00e9nyekkel, bukszusd\u00edszekkel \u00e9s k\u00f6z\u00e9pen sz\u00f6k\u0151k\u00fattal, mellette eleg\u00e1ns fekete-feh\u00e9r mint\u00e1s \u00fcl\u0151helyekkel.\" class=\"aligncenter size-full wp-image-4993\" src=\"https:\/\/doubletakedecor.com\/uploads\/2025\/08\/french-garden-design-dtd-16.jpg\" srcset=\"https:\/\/doubletakedecor.com\/uploads\/2025\/08\/french-garden-design-dtd-16.jpg 700w, https:\/\/doubletakedecor.com\/uploads\/2025\/08\/french-garden-design-dtd-16-200x300.jpg 200w, https:\/\/doubletakedecor.com\/uploads\/2025\/08\/french-garden-design-dtd-16-683x1024.jpg 683w, https:\/\/doubletakedecor.com\/uploads\/2025\/08\/french-garden-design-dtd-16-96x144.jpg 96w, https:\/\/doubletakedecor.com\/uploads\/2025\/08\/french-garden-design-dtd-16-280x420.jpg 280w, https:\/\/doubletakedecor.com\/uploads\/2025\/08\/french-garden-design-dtd-16-320x480.jpg 320w, https:\/\/doubletakedecor.com\/uploads\/2025\/08\/french-garden-design-dtd-16-360x540.jpg 360w, https:\/\/doubletakedecor.com\/uploads\/2025\/08\/french-garden-design-dtd-16-363x545.jpg 363w, https:\/\/doubletakedecor.com\/uploads\/2025\/08\/french-garden-design-dtd-16-370x555.jpg 370w, https:\/\/doubletakedecor.com\/uploads\/2025\/08\/french-garden-design-dtd-16-400x600.jpg 400w, https:\/\/doubletakedecor.com\/uploads\/2025\/08\/french-garden-design-dtd-16-560x840.jpg 560w, https:\/\/doubletakedecor.com\/uploads\/2025\/08\/french-garden-design-dtd-16-480x720.jpg 480w\" sizes=\"auto, (max-width: 700px) 100vw, 700px\" \/><\/p>\n<p>K\u00e9sz\u00edts klasszikus francia kertet szimmetrikusan elhelyezett s\u00f6v\u00e9nyekkel a k\u00f6zponti sz\u00f6k\u0151k\u00fat k\u00f6r\u00fcl. A metszett bukszusok \u00e9s a j\u00f3l k\u00f6r\u00fclhat\u00e1rolt kavicsos s\u00e9t\u00e1nyok el\u0151kel\u0151, rendezett hangulatot adnak. Helyezz el eleg\u00e1ns, mint\u00e1s kerti \u00fcl\u0151helyeket, ahol k\u00e9nyelmesen le\u00fclhetsz \u00e9s gy\u00f6ny\u00f6rk\u00f6dhetsz a kertben. Magas f\u00e1k a h\u00e1tt\u00e9rben biztos\u00edtj\u00e1k a sz\u00fcks\u00e9ges priv\u00e1t szf\u00e9r\u00e1t \u00e9s nyugalmat.<\/p>\n<h2>Eleg\u00e1ns kerti \u00fat k\u0151urn\u00e1val<\/h2>\n<p><img loading=\"lazy\" decoding=\"async\" width=\"700\" height=\"1050\" alt=\"Francia kert, ahol ny\u00edrt s\u00f6v\u00e9nyek k\u00f6z\u00f6tt egy d\u00edszes k\u0151urna \u00e1ll a k\u00f6z\u00e9ppontban, h\u00e1tul klasszikus k\u0151fal.\" class=\"aligncenter size-full wp-image-4999\" src=\"https:\/\/doubletakedecor.com\/uploads\/2025\/08\/french-garden-design-dtd-17.jpg\" srcset=\"https:\/\/doubletakedecor.com\/uploads\/2025\/08\/french-garden-design-dtd-17.jpg 700w, https:\/\/doubletakedecor.com\/uploads\/2025\/08\/french-garden-design-dtd-17-200x300.jpg 200w, https:\/\/doubletakedecor.com\/uploads\/2025\/08\/french-garden-design-dtd-17-683x1024.jpg 683w, https:\/\/doubletakedecor.com\/uploads\/2025\/08\/french-garden-design-dtd-17-96x144.jpg 96w, https:\/\/doubletakedecor.com\/uploads\/2025\/08\/french-garden-design-dtd-17-280x420.jpg 280w, https:\/\/doubletakedecor.com\/uploads\/2025\/08\/french-garden-design-dtd-17-320x480.jpg 320w, https:\/\/doubletakedecor.com\/uploads\/2025\/08\/french-garden-design-dtd-17-360x540.jpg 360w, https:\/\/doubletakedecor.com\/uploads\/2025\/08\/french-garden-design-dtd-17-363x545.jpg 363w, https:\/\/doubletakedecor.com\/uploads\/2025\/08\/french-garden-design-dtd-17-370x555.jpg 370w, https:\/\/doubletakedecor.com\/uploads\/2025\/08\/french-garden-design-dtd-17-400x600.jpg 400w, https:\/\/doubletakedecor.com\/uploads\/2025\/08\/french-garden-design-dtd-17-560x840.jpg 560w, https:\/\/doubletakedecor.com\/uploads\/2025\/08\/french-garden-design-dtd-17-480x720.jpg 480w\" sizes=\"auto, (max-width: 700px) 100vw, 700px\" \/><\/p>\n<p>Dobd fel a kerti \u00f6sv\u00e9nyedet \u00fagy, hogy egy k\u0151urn\u00e1t helyezel el k\u00f6z\u00e9pen, tele sz\u00ednes vir\u00e1gokkal. Az urna k\u00e9t oldal\u00e1n rendezetten v\u00e1gott s\u00f6v\u00e9nyek vezetik a tekinteted. Ez a klasszikus francia elem r\u00f6gt\u00f6n mag\u00e1ra vonja a figyelmet, \u00e9s szimmetri\u00e1t teremt az eg\u00e9sz t\u00e9rben. D\u00edsz\u00edtsd a k\u00f6zeli falakat is ehhez ill\u0151 kerti d\u00edszekkel, hogy egys\u00e9ges, eleg\u00e1ns \u00f6sszhat\u00e1st \u00e9rj el.<\/p>\n<h2>Vid\u00e9kies kerti zug, amit elvonul\u00f3nak is haszn\u00e1lhatsz<\/h2>\n<p><img loading=\"lazy\" decoding=\"async\" width=\"700\" height=\"1050\" alt=\"Hangulatos, kinti sarok f\u00fcgg\u00f6ny\u00f6s bolt\u00edvekkel, k\u00e9nyelmes \u00e1ggyal, f\u00fcgg\u0151l\u00e1mp\u00e1val, m\u00e1ll\u00f3 falakkal \u00e9s z\u00f6ld fut\u00f3n\u00f6v\u00e9nyekkel \u2013 t\u00f6k\u00e9letes francia kert elvonul\u00f3.\" class=\"aligncenter size-full wp-image-5005\" src=\"https:\/\/doubletakedecor.com\/uploads\/2025\/08\/french-garden-design-dtd-18.jpg\" srcset=\"https:\/\/doubletakedecor.com\/uploads\/2025\/08\/french-garden-design-dtd-18.jpg 700w, https:\/\/doubletakedecor.com\/uploads\/2025\/08\/french-garden-design-dtd-18-200x300.jpg 200w, https:\/\/doubletakedecor.com\/uploads\/2025\/08\/french-garden-design-dtd-18-683x1024.jpg 683w, https:\/\/doubletakedecor.com\/uploads\/2025\/08\/french-garden-design-dtd-18-96x144.jpg 96w, https:\/\/doubletakedecor.com\/uploads\/2025\/08\/french-garden-design-dtd-18-280x420.jpg 280w, https:\/\/doubletakedecor.com\/uploads\/2025\/08\/french-garden-design-dtd-18-320x480.jpg 320w, https:\/\/doubletakedecor.com\/uploads\/2025\/08\/french-garden-design-dtd-18-360x540.jpg 360w, https:\/\/doubletakedecor.com\/uploads\/2025\/08\/french-garden-design-dtd-18-363x545.jpg 363w, https:\/\/doubletakedecor.com\/uploads\/2025\/08\/french-garden-design-dtd-18-370x555.jpg 370w, https:\/\/doubletakedecor.com\/uploads\/2025\/08\/french-garden-design-dtd-18-400x600.jpg 400w, https:\/\/doubletakedecor.com\/uploads\/2025\/08\/french-garden-design-dtd-18-560x840.jpg 560w, https:\/\/doubletakedecor.com\/uploads\/2025\/08\/french-garden-design-dtd-18-480x720.jpg 480w\" sizes=\"auto, (max-width: 700px) 100vw, 700px\" \/><\/p>\n<p>Alak\u00edts ki egy igazi francia hangulat\u00fa kerti zugot k\u00f6nnyed, leng\u0151 f\u00fcgg\u00f6ny\u00f6kkel \u00e9s rusztikus, kopottas fel\u00fcletekkel. Ker\u00fclj\u00f6n bele k\u00e9nyelmes \u00fcl\u0151hely, semleges \u00e1rnyalat\u00fa text\u00edli\u00e1kkal \u00e9s d\u00edszp\u00e1rn\u00e1kkal. Egy form\u00e1s f\u00fcgg\u0151l\u00e1mpa is eleganci\u00e1t ad a helyis\u00e9gnek. M\u00e1szd be az eg\u00e9sz teret fut\u00f3n\u00f6v\u00e9nyekkel, tegy\u00e9l ki kerti szersz\u00e1mokat d\u00edsznek, \u00edgy lesz teljes az autentikus, vid\u00e9ki \u00f6sszhat\u00e1s.<\/p>\n<h2>Francia vid\u00e9ki h\u00e1z r\u00f3zsakupol\u00e1val<\/h2>\n<p><img loading=\"lazy\" decoding=\"async\" width=\"700\" height=\"1050\" alt=\"Hangulatos, rusztikus t\u00e9glah\u00e1z fekete ajt\u00f3val, amit r\u00f3zsasz\u00edn r\u00f3zs\u00e1k, bukszusd\u00edszek \u00e9s levendula vesz k\u00f6r\u00fcl kavicsos kerti \u00faton.\" class=\"aligncenter size-full wp-image-5011\" src=\"https:\/\/doubletakedecor.com\/uploads\/2025\/08\/french-garden-design-dtd-19.jpg\" srcset=\"https:\/\/doubletakedecor.com\/uploads\/2025\/08\/french-garden-design-dtd-19.jpg 700w, https:\/\/doubletakedecor.com\/uploads\/2025\/08\/french-garden-design-dtd-19-200x300.jpg 200w, https:\/\/doubletakedecor.com\/uploads\/2025\/08\/french-garden-design-dtd-19-683x1024.jpg 683w, https:\/\/doubletakedecor.com\/uploads\/2025\/08\/french-garden-design-dtd-19-96x144.jpg 96w, https:\/\/doubletakedecor.com\/uploads\/2025\/08\/french-garden-design-dtd-19-280x420.jpg 280w, https:\/\/doubletakedecor.com\/uploads\/2025\/08\/french-garden-design-dtd-19-320x480.jpg 320w, https:\/\/doubletakedecor.com\/uploads\/2025\/08\/french-garden-design-dtd-19-360x540.jpg 360w, https:\/\/doubletakedecor.com\/uploads\/2025\/08\/french-garden-design-dtd-19-363x545.jpg 363w, https:\/\/doubletakedecor.com\/uploads\/2025\/08\/french-garden-design-dtd-19-370x555.jpg 370w, https:\/\/doubletakedecor.com\/uploads\/2025\/08\/french-garden-design-dtd-19-400x600.jpg 400w, https:\/\/doubletakedecor.com\/uploads\/2025\/08\/french-garden-design-dtd-19-560x840.jpg 560w, https:\/\/doubletakedecor.com\/uploads\/2025\/08\/french-garden-design-dtd-19-480x720.jpg 480w\" sizes=\"auto, (max-width: 700px) 100vw, 700px\" \/><\/p>\n<p>Igaz\u00e1n franci\u00e1s bej\u00e1ratot \u00fagy k\u00e9sz\u00edthetsz, ha fut\u00f3r\u00f3zs\u00e1kat vezetsz a bej\u00e1rati ajt\u00f3 k\u00f6r\u00e9. Kiegyens\u00falyozott hat\u00e1st adhatsz, ha metszett bukszust \u00e9s levendul\u00e1t \u00fcltetsz mell\u00e9j\u00fck \u2013 ezek hozz\u00e1k a provence-i hangulatot. Kavicsos \u00fattal haladj a kertben, nem csak a francia \u201cropog\u00e1s\u201d miatt, hanem mert jobban elvezeti a vizet, mint a beton. Tedd teljess\u00e9 a hangulatot egy klasszikus l\u00e1mp\u00e1ssal, ami m\u00e9g romantikusabb\u00e1 teszi a bej\u00e1ratot.<\/p>\n<h2>Francia sz\u00f6k\u0151kutas kerti pihen\u0151<\/h2>\n<p><img loading=\"lazy\" decoding=\"async\" width=\"700\" height=\"1049\" alt=\"Nyugodt francia kert k\u0151sz\u00f6k\u0151k\u00fattal, amit r\u00f3zsasz\u00edn r\u00f3zs\u00e1k, levendulabokrok \u00e9s p\u00e1rn\u00e1zott fa pad vesznek k\u00f6r\u00fcl, k\u00f6zelben falra szerelt l\u00e1mpa.\" class=\"aligncenter size-full wp-image-5017\" src=\"https:\/\/doubletakedecor.com\/uploads\/2025\/08\/french-garden-design-dtd-20.jpg\" srcset=\"https:\/\/doubletakedecor.com\/uploads\/2025\/08\/french-garden-design-dtd-20.jpg 700w, https:\/\/doubletakedecor.com\/uploads\/2025\/08\/french-garden-design-dtd-20-200x300.jpg 200w, https:\/\/doubletakedecor.com\/uploads\/2025\/08\/french-garden-design-dtd-20-683x1024.jpg 683w, https:\/\/doubletakedecor.com\/uploads\/2025\/08\/french-garden-design-dtd-20-96x144.jpg 96w, https:\/\/doubletakedecor.com\/uploads\/2025\/08\/french-garden-design-dtd-20-280x420.jpg 280w, https:\/\/doubletakedecor.com\/uploads\/2025\/08\/french-garden-design-dtd-20-320x480.jpg 320w, https:\/\/doubletakedecor.com\/uploads\/2025\/08\/french-garden-design-dtd-20-360x539.jpg 360w, https:\/\/doubletakedecor.com\/uploads\/2025\/08\/french-garden-design-dtd-20-363x544.jpg 363w, https:\/\/doubletakedecor.com\/uploads\/2025\/08\/french-garden-design-dtd-20-370x554.jpg 370w, https:\/\/doubletakedecor.com\/uploads\/2025\/08\/french-garden-design-dtd-20-400x599.jpg 400w, https:\/\/doubletakedecor.com\/uploads\/2025\/08\/french-garden-design-dtd-20-560x839.jpg 560w, https:\/\/doubletakedecor.com\/uploads\/2025\/08\/french-garden-design-dtd-20-480x719.jpg 480w\" sizes=\"auto, (max-width: 700px) 100vw, 700px\" \/><\/p>\n<p>Var\u00e1zsolj id\u0151tlen, francia hangulat\u00fa kertsarkot: helyezz el k\u00f6zponti k\u0151sz\u00f6k\u0151kutat, amit r\u00f3zsasz\u00edn r\u00f3zs\u00e1k \u00e9s levendula \u00f6lel k\u00f6r\u00fcl. Tegy\u00e9l a k\u00f6zel\u00e9be p\u00e1rn\u00e1zott fapadot, ahol megpihenhetsz \u00e9s elmerenghetsz. R\u00f6gz\u00edts a falra l\u00e1mp\u00e1sokat, hogy s\u00f6t\u00e9ted\u00e9s ut\u00e1n is \u00e9lvezhesd ezt a sarkot. Kombin\u00e1ld a hangs\u00falyos form\u00e1kat b\u0151s\u00e9ges n\u00f6v\u00e9nyzettel \u2013 \u00edgy lesz igaz\u00e1n autentikus, francia kert\u00e9lm\u00e9nyben r\u00e9szed.<\/p>\n<h2>Rusztikus fal melletti pihen\u0151 a kertben<\/h2>\n<p><img loading=\"lazy\" decoding=\"async\" width=\"700\" height=\"1050\" alt=\"Hangulatos francia kert rusztikus t\u00e9glafallal, feh\u00e9r pad, k\u0151b\u0151l rakott \u00f6sv\u00e9nyek \u00e9s buja vir\u00e1gok teszik teljess\u00e9 a szabadt\u00e9ri pihen\u0151t.\" class=\"aligncenter size-full wp-image-5023\" src=\"https:\/\/doubletakedecor.com\/uploads\/2025\/08\/french-garden-design-dtd-21.jpg\" srcset=\"https:\/\/doubletakedecor.com\/uploads\/2025\/08\/french-garden-design-dtd-21.jpg 700w, https:\/\/doubletakedecor.com\/uploads\/2025\/08\/french-garden-design-dtd-21-200x300.jpg 200w, https:\/\/doubletakedecor.com\/uploads\/2025\/08\/french-garden-design-dtd-21-683x1024.jpg 683w, https:\/\/doubletakedecor.com\/uploads\/2025\/08\/french-garden-design-dtd-21-96x144.jpg 96w, https:\/\/doubletakedecor.com\/uploads\/2025\/08\/french-garden-design-dtd-21-280x420.jpg 280w, https:\/\/doubletakedecor.com\/uploads\/2025\/08\/french-garden-design-dtd-21-320x480.jpg 320w, https:\/\/doubletakedecor.com\/uploads\/2025\/08\/french-garden-design-dtd-21-360x540.jpg 360w, https:\/\/doubletakedecor.com\/uploads\/2025\/08\/french-garden-design-dtd-21-363x545.jpg 363w, https:\/\/doubletakedecor.com\/uploads\/2025\/08\/french-garden-design-dtd-21-370x555.jpg 370w, https:\/\/doubletakedecor.com\/uploads\/2025\/08\/french-garden-design-dtd-21-400x600.jpg 400w, https:\/\/doubletakedecor.com\/uploads\/2025\/08\/french-garden-design-dtd-21-560x840.jpg 560w, https:\/\/doubletakedecor.com\/uploads\/2025\/08\/french-garden-design-dtd-21-480x720.jpg 480w\" sizes=\"auto, (max-width: 700px) 100vw, 700px\" \/><\/p>\n<p>Nyugodt pihen\u0151helyet alak\u00edthatsz ki \u00fagy, hogy egy fa kerti padot elhelyezel a t\u00e9glafal mell\u00e9. G\u00f6mb\u00f6ly\u0171 puszp\u00e1ngbokrokkal \u00e9s illatos f\u0171szern\u00f6v\u00e9nyekkel szeg\u00e9lyezd a kavicsos-k\u00f6ves utakat \u2013 ett\u0151l lesz igaz\u00e1n francia. H\u00f3feh\u00e9r hortenzia a lomb k\u00f6z\u00f6tt l\u00e1tv\u00e1nyos d\u00edsz\u00edt\u00e9sk\u00e9nt funkcion\u00e1lhat, \u00e9s fali l\u00e1mp\u00e1sokkal, valamint \u00f3don agyagkasp\u00f3kkal teljes lehet a rusztikus, hangulatos kerti mened\u00e9k.<\/p>\n<h2>Francia kertbej\u00e1rat k\u0151\u00fat vezet\u00e9ssel<\/h2>\n<p><img loading=\"lazy\" decoding=\"async\" width=\"700\" height=\"1050\" alt=\"K\u00e9tsz\u00e1rny\u00fa \u00fcvegajt\u00f3 buja z\u00f6ld n\u00f6v\u00e9nyek k\u00f6z\u00f6tt, k\u0151vel kirakott \u00fat levendul\u00e1s cserepekkel, feh\u00e9r kerti paddal, nyugodt francia kertben.\" class=\"aligncenter size-full wp-image-5029\" src=\"https:\/\/doubletakedecor.com\/uploads\/2025\/08\/french-garden-design-dtd-22.jpg\" srcset=\"https:\/\/doubletakedecor.com\/uploads\/2025\/08\/french-garden-design-dtd-22.jpg 700w, https:\/\/doubletakedecor.com\/uploads\/2025\/08\/french-garden-design-dtd-22-200x300.jpg 200w, https:\/\/doubletakedecor.com\/uploads\/2025\/08\/french-garden-design-dtd-22-683x1024.jpg 683w, https:\/\/doubletakedecor.com\/uploads\/2025\/08\/french-garden-design-dtd-22-96x144.jpg 96w, https:\/\/doubletakedecor.com\/uploads\/2025\/08\/french-garden-design-dtd-22-280x420.jpg 280w, https:\/\/doubletakedecor.com\/uploads\/2025\/08\/french-garden-design-dtd-22-320x480.jpg 320w, https:\/\/doubletakedecor.com\/uploads\/2025\/08\/french-garden-design-dtd-22-360x540.jpg 360w, https:\/\/doubletakedecor.com\/uploads\/2025\/08\/french-garden-design-dtd-22-363x545.jpg 363w, https:\/\/doubletakedecor.com\/uploads\/2025\/08\/french-garden-design-dtd-22-370x555.jpg 370w, https:\/\/doubletakedecor.com\/uploads\/2025\/08\/french-garden-design-dtd-22-400x600.jpg 400w, https:\/\/doubletakedecor.com\/uploads\/2025\/08\/french-garden-design-dtd-22-560x840.jpg 560w, https:\/\/doubletakedecor.com\/uploads\/2025\/08\/french-garden-design-dtd-22-480x720.jpg 480w\" sizes=\"auto, (max-width: 700px) 100vw, 700px\" \/><\/p>\n<p>Fogadd vend\u00e9geidet klasszikus francia st\u00edlusban: alak\u00edts ki kavicsos kerti utat, amit f\u0171szigetek szak\u00edtanak meg, hogy term\u00e9szetes, t\u00e1jvid\u00e9ki hangulata legyen. A bej\u00e1rathoz tegy\u00e9l levendul\u00e1t \u00e9s \u00e9l\u00e9nkpiros vir\u00e1gokat cserepekben \u2013 ezzel sz\u00ednt \u00e9s j\u00f3 illatot is adsz a kertnek. Egy mutat\u00f3s pad legyen a k\u00f6zelben, \u00edgy k\u00e9nyelmes meg\u00e1ll\u00f3hely is lesz a pihen\u00e9shez \u00e9s a kert \u00e9lvezet\u00e9hez.<\/p>\n<h2>Francia st\u00edlus\u00fa bej\u00e1rati kert<\/h2>\n<p><img loading=\"lazy\" decoding=\"async\" width=\"700\" height=\"1050\" alt=\"Eleg\u00e1ns sz\u00fcrke dupla ajt\u00f3 bolt\u00edvesen, fut\u00f3r\u00f3zs\u00e1kkal \u00e9s cserepes n\u00f6v\u00e9nyekkel, b\u00e1jos francia kertbevezet\u0151.\" class=\"aligncenter size-full wp-image-5035\" src=\"https:\/\/doubletakedecor.com\/uploads\/2025\/08\/french-garden-design-dtd-23.jpg\" srcset=\"https:\/\/doubletakedecor.com\/uploads\/2025\/08\/french-garden-design-dtd-23.jpg 700w, https:\/\/doubletakedecor.com\/uploads\/2025\/08\/french-garden-design-dtd-23-200x300.jpg 200w, https:\/\/doubletakedecor.com\/uploads\/2025\/08\/french-garden-design-dtd-23-683x1024.jpg 683w, https:\/\/doubletakedecor.com\/uploads\/2025\/08\/french-garden-design-dtd-23-96x144.jpg 96w, https:\/\/doubletakedecor.com\/uploads\/2025\/08\/french-garden-design-dtd-23-280x420.jpg 280w, https:\/\/doubletakedecor.com\/uploads\/2025\/08\/french-garden-design-dtd-23-320x480.jpg 320w, https:\/\/doubletakedecor.com\/uploads\/2025\/08\/french-garden-design-dtd-23-360x540.jpg 360w, https:\/\/doubletakedecor.com\/uploads\/2025\/08\/french-garden-design-dtd-23-363x545.jpg 363w, https:\/\/doubletakedecor.com\/uploads\/2025\/08\/french-garden-design-dtd-23-370x555.jpg 370w, https:\/\/doubletakedecor.com\/uploads\/2025\/08\/french-garden-design-dtd-23-400x600.jpg 400w, https:\/\/doubletakedecor.com\/uploads\/2025\/08\/french-garden-design-dtd-23-560x840.jpg 560w, https:\/\/doubletakedecor.com\/uploads\/2025\/08\/french-garden-design-dtd-23-480x720.jpg 480w\" sizes=\"auto, (max-width: 700px) 100vw, 700px\" \/><\/p>\n<p>Alak\u00edts ki var\u00e1zslatos, eur\u00f3pai st\u00edlus\u00fa bej\u00e1ratot: vezesd fut\u00f3r\u00f3zs\u00e1kat az ajt\u00f3 k\u00f6r\u00e9, k\u00e9t oldalra helyezz szimmetrikus cserepes n\u00f6v\u00e9nyeket, \u00edgy keretezd a bej\u00e1ratot. Tegy\u00e9l ki egy dekorat\u00edv padot, ami egyszerre d\u00edsz \u00e9s k\u00e9nyelmes \u00fcl\u0151hely. Ez a klasszikus elrendez\u00e9s bar\u00e1ts\u00e1gos bel\u00e9p\u0151t biztos\u00edt, mik\u00f6zben a francia kertek szimmetri\u00e1j\u00e1t \u00e9s eleganci\u00e1j\u00e1t is megtartja.<\/p>\n<h2>Kaviccsal szeg\u00e9lyezett vir\u00e1gos \u00fat<\/h2>\n<p><img loading=\"lazy\" decoding=\"async\" width=\"700\" height=\"1050\" alt=\"Nyugodt kavicsos kerti \u00fat, \u00e9l\u00e9nk sz\u00edn\u0171 beg\u00f3ni\u00e1kkal \u00e9s magas cserepes n\u00f6v\u00e9nyekkel szeg\u00e9lyezve, bolt\u00edves lugasok z\u00f6ld lombot alkotnak felette, francia kert st\u00edlusban.\" class=\"aligncenter size-full wp-image-5041\" src=\"https:\/\/doubletakedecor.com\/uploads\/2025\/08\/french-garden-design-dtd-24.jpg\" srcset=\"https:\/\/doubletakedecor.com\/uploads\/2025\/08\/french-garden-design-dtd-24.jpg 700w, https:\/\/doubletakedecor.com\/uploads\/2025\/08\/french-garden-design-dtd-24-200x300.jpg 200w, https:\/\/doubletakedecor.com\/uploads\/2025\/08\/french-garden-design-dtd-24-683x1024.jpg 683w, https:\/\/doubletakedecor.com\/uploads\/2025\/08\/french-garden-design-dtd-24-96x144.jpg 96w, https:\/\/doubletakedecor.com\/uploads\/2025\/08\/french-garden-design-dtd-24-280x420.jpg 280w, https:\/\/doubletakedecor.com\/uploads\/2025\/08\/french-garden-design-dtd-24-320x480.jpg 320w, https:\/\/doubletakedecor.com\/uploads\/2025\/08\/french-garden-design-dtd-24-360x540.jpg 360w, https:\/\/doubletakedecor.com\/uploads\/2025\/08\/french-garden-design-dtd-24-363x545.jpg 363w, https:\/\/doubletakedecor.com\/uploads\/2025\/08\/french-garden-design-dtd-24-370x555.jpg 370w, https:\/\/doubletakedecor.com\/uploads\/2025\/08\/french-garden-design-dtd-24-400x600.jpg 400w, https:\/\/doubletakedecor.com\/uploads\/2025\/08\/french-garden-design-dtd-24-560x840.jpg 560w, https:\/\/doubletakedecor.com\/uploads\/2025\/08\/french-garden-design-dtd-24-480x720.jpg 480w\" sizes=\"auto, (max-width: 700px) 100vw, 700px\" \/><\/p>\n<p>Hozz l\u00e9tre ilyen klasszikus, francia kerti s\u00e9t\u00e1nyt finom kaviccsal \u00e9s szimmetrikusan elhelyezett vir\u00e1g\u00e1gy\u00e1sokkal. \u00c9l\u00e9nk beg\u00f3ni\u00e1kat \u00fcltess, hogy mindig legyen sz\u00edn. Kieg\u00e9sz\u00edtheted hangs\u00falyos cserepes n\u00f6v\u00e9nyekkel is. F\u00e9m bolt\u00edvek seg\u00edtenek, hogy fut\u00f3n\u00f6v\u00e9nyeket nevelj, \u00edgy h\u0171s z\u00f6ld alagutat kapsz a fej\u00fcnk felett. Mindig tartsd elv\u00e1lasztva a kavicsos utat \u00e9s a vir\u00e1g\u00e1gy\u00e1sokat, ez adja meg a klasszikus, rendezett francia \u00f6sszk\u00e9pet.<\/p>\n<h2>Kil\u00e1t\u00f3pont sz\u0151l\u0151skerttel<\/h2>\n<p><img loading=\"lazy\" decoding=\"async\" width=\"700\" height=\"1050\" alt=\"Hangulatos kinti \u00fcl\u0151sarok kerek asztallal \u00e9s sz\u00e9kekkel, p\u00e1ratlan kil\u00e1t\u00e1ssal sz\u0151l\u0151hegyekre \u00e9s messzi hegyvonulatra.\" class=\"aligncenter size-full wp-image-5047\" src=\"https:\/\/doubletakedecor.com\/uploads\/2025\/08\/french-garden-design-dtd-25.jpg\" srcset=\"https:\/\/doubletakedecor.com\/uploads\/2025\/08\/french-garden-design-dtd-25.jpg 700w, https:\/\/doubletakedecor.com\/uploads\/2025\/08\/french-garden-design-dtd-25-200x300.jpg 200w, https:\/\/doubletakedecor.com\/uploads\/2025\/08\/french-garden-design-dtd-25-683x1024.jpg 683w, https:\/\/doubletakedecor.com\/uploads\/2025\/08\/french-garden-design-dtd-25-96x144.jpg 96w, https:\/\/doubletakedecor.com\/uploads\/2025\/08\/french-garden-design-dtd-25-280x420.jpg 280w, https:\/\/doubletakedecor.com\/uploads\/2025\/08\/french-garden-design-dtd-25-320x480.jpg 320w, https:\/\/doubletakedecor.com\/uploads\/2025\/08\/french-garden-design-dtd-25-360x540.jpg 360w, https:\/\/doubletakedecor.com\/uploads\/2025\/08\/french-garden-design-dtd-25-363x545.jpg 363w, https:\/\/doubletakedecor.com\/uploads\/2025\/08\/french-garden-design-dtd-25-370x555.jpg 370w, https:\/\/doubletakedecor.com\/uploads\/2025\/08\/french-garden-design-dtd-25-400x600.jpg 400w, https:\/\/doubletakedecor.com\/uploads\/2025\/08\/french-garden-design-dtd-25-560x840.jpg 560w, https:\/\/doubletakedecor.com\/uploads\/2025\/08\/french-garden-design-dtd-25-480x720.jpg 480w\" sizes=\"auto, (max-width: 700px) 100vw, 700px\" \/><\/p>\n<p>Hozz l\u00e9tre francia hangulat\u00fa \u201ckil\u00e1t\u00f3pontot\u201d egyszer\u0171 kis kerti asztallal \u00e9s sz\u00e9kekkel a kavicson. \u00dagy ford\u00edtsd az \u00fcl\u0151b\u00fatorokat, hogy a lehet\u0151 legszebb kil\u00e1t\u00e1st \u00e9lvezhesd, ak\u00e1r k\u00fcl\u00f6nf\u00e9le st\u00edlus\u00fa sz\u00e9keket is haszn\u00e1lhatsz a hiteles \u00f6sszhat\u00e1s kedv\u00e9\u00e9rt. Egyetlen mutat\u00f3s cserepes n\u00f6v\u00e9ny eleg\u00e1ns d\u00edsz lehet az asztalon. Ez a berendez\u00e9s remek\u00fcl mutat olyan helyeken, ahol kil\u00e1tni a term\u00e9szetes t\u00e1jra, \u00edgy igaz\u00e1n franci\u00e1s, k\u00f6nnyed eleganci\u00e1t csemp\u00e9szhetsz a kertbe.<\/p>\n<h2>Eleg\u00e1ns k\u00fclt\u00e9ri \u00e9tkez\u0151 o\u00e1zis<\/h2>\n<p><img loading=\"lazy\" decoding=\"async\" width=\"700\" height=\"1050\" alt=\"Nyugodt francia kert, naperny\u0151 alatt rusztikus fa asztal, fonott sz\u00e9kek, levendula \u00e9s kavicsos \u00fat, \u00edgy lesz hangulatos a k\u00fclt\u00e9ri \u00e9tkez\u00e9s.\" class=\"aligncenter size-full wp-image-5053\" src=\"https:\/\/doubletakedecor.com\/uploads\/2025\/08\/french-garden-design-dtd-26.jpg\" srcset=\"https:\/\/doubletakedecor.com\/uploads\/2025\/08\/french-garden-design-dtd-26.jpg 700w, https:\/\/doubletakedecor.com\/uploads\/2025\/08\/french-garden-design-dtd-26-200x300.jpg 200w, https:\/\/doubletakedecor.com\/uploads\/2025\/08\/french-garden-design-dtd-26-683x1024.jpg 683w, https:\/\/doubletakedecor.com\/uploads\/2025\/08\/french-garden-design-dtd-26-96x144.jpg 96w, https:\/\/doubletakedecor.com\/uploads\/2025\/08\/french-garden-design-dtd-26-280x420.jpg 280w, https:\/\/doubletakedecor.com\/uploads\/2025\/08\/french-garden-design-dtd-26-320x480.jpg 320w, https:\/\/doubletakedecor.com\/uploads\/2025\/08\/french-garden-design-dtd-26-360x540.jpg 360w, https:\/\/doubletakedecor.com\/uploads\/2025\/08\/french-garden-design-dtd-26-363x545.jpg 363w, https:\/\/doubletakedecor.com\/uploads\/2025\/08\/french-garden-design-dtd-26-370x555.jpg 370w, https:\/\/doubletakedecor.com\/uploads\/2025\/08\/french-garden-design-dtd-26-400x600.jpg 400w, https:\/\/doubletakedecor.com\/uploads\/2025\/08\/french-garden-design-dtd-26-560x840.jpg 560w, https:\/\/doubletakedecor.com\/uploads\/2025\/08\/french-garden-design-dtd-26-480x720.jpg 480w\" sizes=\"auto, (max-width: 700px) 100vw, 700px\" \/><\/p>\n<p>Hozd be a francia vid\u00e9ki hangulatot szabadt\u00e9ri \u00e9tkez\u0151ddel: haszn\u00e1lj rusztikus fa asztalt, fonott sz\u00e9keket, egy kr\u00e9msz\u00edn\u0171 naperny\u0151 alatt. A b\u00fatorokat helyezd kavics\u00e1gyra, ez adja az igazi autentikus \u00e9rzetet. K\u00f6r\u00e9simogatott s\u00f6v\u00e9nyekkel \u00e9s levendul\u00e1val keretezd, \u00edgy d\u00edsz \u00e9s kellemes illat is lesz egyszerre. Az asztal k\u00f6zep\u00e9re tegy\u00e9l friss, sz\u00ednes vir\u00e1gcsokrot, ami sz\u00e9pen illeszkedik a kerted term\u00e9szetes sz\u00ednvil\u00e1g\u00e1hoz.<\/p>\n<h2>Emelt\u00e1gy\u00e1sos potager vetem\u00e9nyes<\/h2>\n<p><img loading=\"lazy\" decoding=\"async\" width=\"700\" height=\"1049\" alt=\"Kedves vetem\u00e9nyeskert, f\u00e1b\u00f3l k\u00e9sz\u00fclt magas\u00e1gy\u00e1sokban b\u0151ven n\u0151nek f\u0171szern\u00f6v\u00e9nyek, z\u00f6lds\u00e9gek, h\u00e1zik\u00f3val \u00e9s vir\u00e1gos \u00f6sv\u00e9nnyel, klasszikus francia potager st\u00edlusban.\" class=\"aligncenter size-full wp-image-5059\" src=\"https:\/\/doubletakedecor.com\/uploads\/2025\/08\/french-garden-design-dtd-27.jpg\" srcset=\"https:\/\/doubletakedecor.com\/uploads\/2025\/08\/french-garden-design-dtd-27.jpg 700w, https:\/\/doubletakedecor.com\/uploads\/2025\/08\/french-garden-design-dtd-27-200x300.jpg 200w, https:\/\/doubletakedecor.com\/uploads\/2025\/08\/french-garden-design-dtd-27-683x1024.jpg 683w, https:\/\/doubletakedecor.com\/uploads\/2025\/08\/french-garden-design-dtd-27-96x144.jpg 96w, https:\/\/doubletakedecor.com\/uploads\/2025\/08\/french-garden-design-dtd-27-280x420.jpg 280w, https:\/\/doubletakedecor.com\/uploads\/2025\/08\/french-garden-design-dtd-27-320x480.jpg 320w, https:\/\/doubletakedecor.com\/uploads\/2025\/08\/french-garden-design-dtd-27-360x539.jpg 360w, https:\/\/doubletakedecor.com\/uploads\/2025\/08\/french-garden-design-dtd-27-363x544.jpg 363w, https:\/\/doubletakedecor.com\/uploads\/2025\/08\/french-garden-design-dtd-27-370x554.jpg 370w, https:\/\/doubletakedecor.com\/uploads\/2025\/08\/french-garden-design-dtd-27-400x599.jpg 400w, https:\/\/doubletakedecor.com\/uploads\/2025\/08\/french-garden-design-dtd-27-560x839.jpg 560w, https:\/\/doubletakedecor.com\/uploads\/2025\/08\/french-garden-design-dtd-27-480x719.jpg 480w\" sizes=\"auto, (max-width: 700px) 100vw, 700px\" \/><\/p>\n<p>Praktikus, francia \u201cpotager\u201d vetem\u00e9nyest \u00fagy alak\u00edthatsz ki, ha fa magas\u00e1gy\u00e1sokat teszel a z\u00f6lds\u00e9geknek \u00e9s f\u0171szern\u00f6v\u00e9nyeknek. \u00dcltesd a n\u00f6v\u00e9nyeket mint\u00e1s, eszt\u00e9tikus elrendez\u00e9sben, ak\u00e1r vir\u00e1gokkal is t\u00f6rd meg a sort, hogy ne csak hasznos, hanem sz\u00e9p is legyen a kert. Egy rusztikus h\u00e1zik\u00f3 lehet a praktikus k\u00f6zpontja a kertnek. Az \u00f6sv\u00e9nyeket sz\u00ednes vir\u00e1gokkal szeg\u00e9lyezd, \u00edgy sz\u00fcretelni is k\u00f6nny\u0171, mik\u00f6zben a l\u00e1tv\u00e1ny sem utols\u00f3.<\/p>\n<h2>Nyugodt, s\u00f6v\u00e9nnyel szeg\u00e9lyezett sz\u00f6k\u0151k\u00fat<\/h2>\n<p><img loading=\"lazy\" decoding=\"async\" width=\"700\" height=\"1050\" alt=\"Csendes francia kert, magas z\u00f6ld s\u00f6v\u00e9nyek s\u00e9t\u00e1nyt alkotnak a k\u0151sz\u00f6k\u0151k\u00fat fel\u00e9, k\u00f6r\u00fcl\u00f6tte \u00e1polt gyep, k\u00e9k \u00e9g alatt.\" class=\"aligncenter size-full wp-image-5065\" src=\"https:\/\/doubletakedecor.com\/uploads\/2025\/08\/french-garden-design-dtd-28.jpg\" srcset=\"https:\/\/doubletakedecor.com\/uploads\/2025\/08\/french-garden-design-dtd-28.jpg 700w, https:\/\/doubletakedecor.com\/uploads\/2025\/08\/french-garden-design-dtd-28-200x300.jpg 200w, https:\/\/doubletakedecor.com\/uploads\/2025\/08\/french-garden-design-dtd-28-683x1024.jpg 683w, https:\/\/doubletakedecor.com\/uploads\/2025\/08\/french-garden-design-dtd-28-96x144.jpg 96w, https:\/\/doubletakedecor.com\/uploads\/2025\/08\/french-garden-design-dtd-28-280x420.jpg 280w, https:\/\/doubletakedecor.com\/uploads\/2025\/08\/french-garden-design-dtd-28-320x480.jpg 320w, https:\/\/doubletakedecor.com\/uploads\/2025\/08\/french-garden-design-dtd-28-360x540.jpg 360w, https:\/\/doubletakedecor.com\/uploads\/2025\/08\/french-garden-design-dtd-28-363x545.jpg 363w, https:\/\/doubletakedecor.com\/uploads\/2025\/08\/french-garden-design-dtd-28-370x555.jpg 370w, https:\/\/doubletakedecor.com\/uploads\/2025\/08\/french-garden-design-dtd-28-400x600.jpg 400w, https:\/\/doubletakedecor.com\/uploads\/2025\/08\/french-garden-design-dtd-28-560x840.jpg 560w, https:\/\/doubletakedecor.com\/uploads\/2025\/08\/french-garden-design-dtd-28-480x720.jpg 480w\" sizes=\"auto, (max-width: 700px) 100vw, 700px\" \/><\/p>\n<p>Alak\u00edtsd ki saj\u00e1t, nyugalmas o\u00e1zisodat, ha a v\u00edzfel\u00fcleteket magasra ny\u00edrt s\u00f6v\u00e9nyekkel keretezed. Vezessen hivatalos, egyenes \u00fat a k\u00f6zponti sz\u00f6k\u0151k\u00fatig, a m\u00e9ret\u00e9t mindig a kert m\u00e9reteihez igaz\u00edtsd. A s\u00f8v\u00e9nyeket rendszeresen v\u00e1gd \u00e9s tartsd tiszt\u00e1n, \u00edgy lesz mindig olyan sz\u00e9p, mint egy igazi francia kertben. A sz\u00e9p, rendezett z\u00f6ldfel\u00fclet minden \u00e9vszakban mutat\u00f3s lesz.<\/p>\n<h2>K\u00fclt\u00e9ri \u00fcl\u0151sarok o\u00e1zis<\/h2>\n<p><img loading=\"lazy\" decoding=\"async\" width=\"700\" height=\"1050\" alt=\"Hangulatos kerti \u00fcl\u0151hely fonott kanap\u00e9kkal, h\u00e1tt\u00e9rben k\u0151fal, k\u00f6r\u00fcl \u00e9l\u00e9nk r\u00f3zsasz\u00edn \u00e9s feh\u00e9r vir\u00e1gok, nyugalmat \u00e1raszt\u00f3 francia kert.\" class=\"aligncenter size-full wp-image-5071\" src=\"https:\/\/doubletakedecor.com\/uploads\/2025\/08\/french-garden-design-dtd-29.jpg\" srcset=\"https:\/\/doubletakedecor.com\/uploads\/2025\/08\/french-garden-design-dtd-29.jpg 700w, https:\/\/doubletakedecor.com\/uploads\/2025\/08\/french-garden-design-dtd-29-200x300.jpg 200w, https:\/\/doubletakedecor.com\/uploads\/2025\/08\/french-garden-design-dtd-29-683x1024.jpg 683w, https:\/\/doubletakedecor.com\/uploads\/2025\/08\/french-garden-design-dtd-29-96x144.jpg 96w, https:\/\/doubletakedecor.com\/uploads\/2025\/08\/french-garden-design-dtd-29-280x420.jpg 280w, https:\/\/doubletakedecor.com\/uploads\/2025\/08\/french-garden-design-dtd-29-320x480.jpg 320w, https:\/\/doubletakedecor.com\/uploads\/2025\/08\/french-garden-design-dtd-29-360x540.jpg 360w, https:\/\/doubletakedecor.com\/uploads\/2025\/08\/french-garden-design-dtd-29-363x545.jpg 363w, https:\/\/doubletakedecor.com\/uploads\/2025\/08\/french-garden-design-dtd-29-370x555.jpg 370w, https:\/\/doubletakedecor.com\/uploads\/2025\/08\/french-garden-design-dtd-29-400x600.jpg 400w, https:\/\/doubletakedecor.com\/uploads\/2025\/08\/french-garden-design-dtd-29-560x840.jpg 560w, https:\/\/doubletakedecor.com\/uploads\/2025\/08\/french-garden-design-dtd-29-480x720.jpg 480w\" sizes=\"auto, (max-width: 700px) 100vw, 700px\" \/><\/p>\n<p>Alak\u00edts ki saj\u00e1t, francia st\u00edlus\u00fa pihen\u0151t a kertben! Helyezz el k\u00e9nyelmes \u00fcl\u0151garnit\u00far\u00e1t fonott kanap\u00e9kkal a k\u0151fal el\u0151tt. H\u00e1tt\u00e9rbe v\u00e1lassz \u00e9l\u00e9nk r\u00f3zsasz\u00edn \u00e9s feh\u00e9r vir\u00e1gokat, amik kiemelik a hely hangulat\u00e1t. Semleges sz\u00edn\u0171 p\u00e1rn\u00e1k \u00e9s egy egyszer\u0171, fa asztal, rajta rusztikus ker\u00e1mia, adja a bar\u00e1ts\u00e1gos, otthonos \u00f6sszk\u00e9pet. Egy kis levendula pedig m\u00e9g illatosabb\u00e1 \u00e9s franci\u00e1sabb\u00e1 teszi ezt a sarokhelyet.<\/p>\n<h2>Francia kerti \u00e9tkez\u0151terasz<\/h2>\n<p><img loading=\"lazy\" decoding=\"async\" width=\"700\" height=\"1049\" alt=\"Hangulatos k\u00fclt\u00e9ri \u00e9tkez\u0151 hossz\u00fa asztallal, k\u00e9k ter\u00edt\u0151vel \u00e9s vir\u00e1gokkal, k\u00f6rben f\u00e9m sz\u00e9kek \u00e9s rusztikus h\u00e1z k\u00e9k zsalug\u00e1terekkel, z\u00f6ldell\u0151 kertben.\" class=\"aligncenter size-full wp-image-5077\" src=\"https:\/\/doubletakedecor.com\/uploads\/2025\/08\/french-garden-design-dtd-30.jpg\" srcset=\"https:\/\/doubletakedecor.com\/uploads\/2025\/08\/french-garden-design-dtd-30.jpg 700w, https:\/\/doubletakedecor.com\/uploads\/2025\/08\/french-garden-design-dtd-30-200x300.jpg 200w, https:\/\/doubletakedecor.com\/uploads\/2025\/08\/french-garden-design-dtd-30-683x1024.jpg 683w, https:\/\/doubletakedecor.com\/uploads\/2025\/08\/french-garden-design-dtd-30-96x144.jpg 96w, https:\/\/doubletakedecor.com\/uploads\/2025\/08\/french-garden-design-dtd-30-280x420.jpg 280w, https:\/\/doubletakedecor.com\/uploads\/2025\/08\/french-garden-design-dtd-30-320x480.jpg 320w, https:\/\/doubletakedecor.com\/uploads\/2025\/08\/french-garden-design-dtd-30-360x539.jpg 360w, https:\/\/doubletakedecor.com\/uploads\/2025\/08\/french-garden-design-dtd-30-363x544.jpg 363w, https:\/\/doubletakedecor.com\/uploads\/2025\/08\/french-garden-design-dtd-30-370x554.jpg 370w, https:\/\/doubletakedecor.com\/uploads\/2025\/08\/french-garden-design-dtd-30-400x599.jpg 400w, https:\/\/doubletakedecor.com\/uploads\/2025\/08\/french-garden-design-dtd-30-560x839.jpg 560w, https:\/\/doubletakedecor.com\/uploads\/2025\/08\/french-garden-design-dtd-30-480x719.jpg 480w\" sizes=\"auto, (max-width: 700px) 100vw, 700px\" \/><\/p>\n<p>Alak\u00edts ki eleg\u00e1ns k\u00fclt\u00e9ri \u00e9tkez\u0151t k\u00e9k d\u00edsz\u00edt\u00e9ssel, hogy igaz\u00e1n francia st\u00edlus\u00fa legyen! Helyezz hossz\u00fa asztalt vil\u00e1gosk\u00e9k ter\u00edt\u0151vel a h\u00e1z k\u00f6zel\u00e9be, ez praktikusan k\u00f6zel van a konyh\u00e1hoz is. Tegy\u00e9l az asztal k\u00f6zep\u00e9re k\u00e9k cserepekben feh\u00e9r vir\u00e1gokat, ezzel m\u00e9g k\u00fcl\u00f6nlegesebb lesz a ter\u00edt\u00e9k. K\u00e9nyelmes, p\u00e1rn\u00e1zott f\u00e9m sz\u00e9keket v\u00e1lassz, hogy mindenki sz\u00edvesen id\u0151zz\u00f6n az asztal k\u00f6r\u00fcl a friss leveg\u0151n.<\/p>\n<h2>GYIK<\/h2>\n<details class=\"g-accordion \"><summary><h3>Mik a francia kerttervez\u00e9s f\u0151 jellemz\u0151i?<\/h3><\/summary>\n<p>A francia kertek h\u00edresek rendezett elrendez\u00e9s\u00fckr\u0151l \u00e9s felt\u0171n\u0151 szimmetri\u00e1jukr\u00f3l. Gyakran l\u00e1tsz benn\u00fck geometrikus mint\u00e1kat \u00e9s szab\u00e1lyos form\u00e1kat, amelyek harm\u00f3ni\u00e1t \u00e9s rendet sugallnak. A parterek (mint\u00e1s \u00e1gy\u00e1sok) bonyolult mint\u00e1kat alkotnak, melyeket alacsonyra ny\u00edrt s\u00f6v\u00e9nyek tesznek szab\u00e1lyoss\u00e1. Ezeket a kertr\u00e9szeket gyakran utak \u00e9s s\u00f6v\u00e9nyek v\u00e1lasztj\u00e1k el egym\u00e1st\u00f3l, mintha kisebb szob\u00e1k lenn\u00e9nek a kertben.<\/p>\n<p>A v\u00edz is fontos szerepet kap a francia kertekben: a <strong>sz\u00f6k\u0151kutak<\/strong> \u00e9s a <strong>t\u00fckr\u00f6z\u0151d\u0151 medenc\u00e9k<\/strong> sz\u00e9ps\u00e9get \u00e9s nyugalmat visznek a t\u00e9rbe. R\u00e9gi, antik t\u00e1rgyak \u2013 p\u00e9ld\u00e1ul r\u00e9gi vir\u00e1gtart\u00f3k \u2013 eleg\u00e1ns hangulatot adnak hozz\u00e1. \u00c1polt gyep, puszp\u00e1ngs\u00f6v\u00e9nyek \u00e9s kavicsos \u00f6sv\u00e9nyek teszik \u00e1poltt\u00e1 az \u00f6sszk\u00e9pet.<\/p>\n<p>A sz\u00ednes vir\u00e1gokat is gondosan v\u00e1logatj\u00e1k, hogy a hagyom\u00e1nyos sz\u00ednharm\u00f3ni\u00e1t meg\u0151rizz\u00e9k. Az illatos narancsf\u00e1k \u00e9s a levendula pedig m\u00e9g gazdagabb\u00e1 teszik az \u00e9lm\u00e9nyt. Ugyanakkor a k\u00f6vekb\u0151l k\u00e9sz\u00fclt falak vagy teraszok plusz szerkezetet \u00e9s rendezetts\u00e9get visznek a kertbe a szigor\u00fa, geometrikus form\u00e1ikkal.<\/p>\n<p>A szimmetria k\u00fcl\u00f6nleges jelent\u0151s\u00e9ggel b\u00edr ezekben a kertekben; minden n\u00f6v\u00e9nyt, utat \u00e9s d\u00edszt nagyon pontosan rendeznek el. <strong>Az egyens\u00falyos elrendez\u00e9s egyfajta nagyszer\u0171s\u00e9get \u00e9s eleganci\u00e1t sug\u00e1roz \u2013 itt t\u00e9nyleg l\u00e1tszik az emberi munka \u00e9s a term\u00e9szet \u00f6sszhangja.<\/strong> A \u201eszabadt\u00e9ri szob\u00e1k\u201d, amelyekre ez a kertst\u00edlus \u00e9p\u00edt, k\u00fcl\u00f6nf\u00e9le c\u00e9lt szolg\u00e1lnak: lehet pihenni vagy egy\u00fctt lenni a csal\u00e1ddal, bar\u00e1tokkal, mik\u00f6zben egy gy\u00f6ny\u00f6r\u0171 k\u00f6rnyezet vesz k\u00f6r\u00fcl.<\/p>\n<p>A francia kerttervez\u00e9s \u00edgy \u00f6tv\u00f6zi az eleganci\u00e1t, a sz\u00e9pen megtervezett elrendez\u00e9st \u00e9s a term\u00e9szet harm\u00f3ni\u00e1j\u00e1t.<\/p>\n<\/details><details class=\"g-accordion \"><summary><h3>Hogyan v\u00e1ltozott a francia kerttervez\u00e9s az id\u0151k sor\u00e1n?<\/h3><\/summary>\n<p>A francia kerttervez\u00e9s az \u00e9vek alatt sokat v\u00e1ltozott. R\u00e9gen nagyon szigor\u00faan vett\u00e9k a form\u00e1kat \u00e9s a szab\u00e1lyokat, de ma m\u00e1r laz\u00e1bb st\u00edlus\u00fa is lehet egy francia kert, mik\u00f6zben megtartja a hagyom\u00e1nyos elemeket.<\/p>\n<p>Az els\u0151 id\u0151kben f\u0151leg merev mint\u00e1k, szab\u00e1lyos \u00e1gy\u00e1sok (<strong>parterek<\/strong>) \u00e9s egyenes vonalak voltak a jellemz\u0151k, melyek kiemelt\u00e9k a <strong>szimmetri\u00e1t \u00e9s a nagyszer\u0171s\u00e9get<\/strong>.<\/p>\n<p>Ahogy v\u00e1ltoztak az \u00edzl\u00e9sek, a modern francia kertekbe kicsit vadabb, term\u00e9szetesebb r\u00e9szek is beker\u00fcltek. \u00cdgy most m\u00e1r nem csak t\u00f6k\u00e9letesen szab\u00e1lyos mint\u00e1k, hanem l\u00e1gyabb form\u00e1k is helyet kapnak. A rendezett \u00e9s a szabadabb r\u00e9szek okos kever\u00e9ke egyens\u00falyt teremt a rendszer \u00e9s a term\u00e9szetes sz\u00e9ps\u00e9g k\u00f6z\u00f6tt.<\/p>\n<p>Ezek a v\u00e1ltoz\u00e1sok a t\u00e1rsadalmi szok\u00e1sok \u00e1talakul\u00e1s\u00e1t is t\u00fckr\u00f6zik, amikor \u00faj n\u00f6v\u00e9nyfajt\u00e1k \u00e9s sz\u00ednek fel\u00e9 is nyitottak lettek a kert\u00e9szek. <strong>A n\u00f6v\u00e9nyv\u00e1laszt\u00e9k \u00e9s sz\u00ednek sokf\u00e9les\u00e9ge ma m\u00e1r mindennapos.<\/strong><\/p>\n<p>R\u00e9gen a francia kertek f\u0151leg k\u00e9k, feh\u00e9r \u00e9s halv\u00e1ny \u00e1rnyalatokat haszn\u00e1ltak. Manaps\u00e1g viszont <strong>\u00e9l\u00e9nkebb vir\u00e1gok<\/strong> is felt\u0171nnek, ami k\u00fcl\u00f6n\u00f6sen szemet gy\u00f6ny\u00f6rk\u00f6dtet\u0151.<\/p>\n<p>\u00d6sszefoglalva, a francia kertek fejl\u0151d\u00e9se megmutatja, hogyan tud egy hagyom\u00e1nyos st\u00edlus alkalmazkodni a v\u00e1ltoz\u00f3 \u00edzl\u00e9sekhez, mik\u00f6zben meg\u0151rzi a f\u0151 jellemz\u0151it \u2013 p\u00e9ld\u00e1ul a szimmetri\u00e1t \u00e9s az eleganci\u00e1t.<\/p>\n<\/details><details class=\"g-accordion \"><summary><h3>Milyen hat\u00e1sa volt a kert\u00e9szetnek a francia kerttervez\u00e9sre?<\/h3><\/summary>\n<p>A kert\u00e9szet nagyon sokat tett hozz\u00e1 a francia kertek eleganci\u00e1j\u00e1hoz \u00e9s praktikum\u00e1hoz. Egy fontos szem\u00e9ly, <strong>Jean-Baptiste de La Quintinie<\/strong>, \u00faj m\u00f3dszerekkel v\u00e1gta a gy\u00fcm\u00f6lcsf\u00e1kat \u00e9s alak\u00edtotta ki a n\u00f6v\u00e9ny\u00e1gy\u00e1sokat. Ezek az \u00faj megold\u00e1sok nemcsak term\u00e9kenyebbek lettek, hanem a kertek l\u00e1tv\u00e1ny\u00e1t is jav\u00edtott\u00e1k; \u00edgy sz\u00fclethettek a bonyolult parterek, amelyeket d\u00edszn\u00f6v\u00e9nyek d\u00edsz\u00edtettek.<\/p>\n<p>A 17. sz\u00e1zadban a kert\u00e9szek m\u00e9g kev\u00e9s sz\u00ednb\u0151l v\u00e1laszthattak. Amikor viszont \u00faj n\u00f6v\u00e9nyek jelentek meg, sokkal t\u00f6bb \u00e1rnyalat gazdag\u00edtotta a kerteket. Ez a fejl\u0151d\u00e9s tette lehet\u0151v\u00e9, hogy egyre v\u00e1ltozatosabb n\u00f6v\u00e9nyfajt\u00e1kat \u00e9s izgalmasabb l\u00e1tv\u00e1nyvil\u00e1got hozzanak l\u00e9tre. <strong>A kert\u00e9szeti tud\u00e1s k\u00fcl\u00f6n\u00f6sen fontos volt abban, hogy a n\u00f6v\u00e9nyeket pontos rendben, szimmetrikusan \u00fcltess\u00e9k el.<\/strong><\/p>\n<p>Ezek a fejl\u0151d\u00e9sek a francia kertek legf\u0151bb jellemz\u0151it \u2013 p\u00e9ld\u00e1ul a geometrikus elrendez\u00e9st \u00e9s a szimmetrikus l\u00e1tv\u00e1nyt \u2013 a mai napig meghat\u00e1rozz\u00e1k. Az, hogy a sz\u00e9ps\u00e9g keveredik a praktikummal, mind a kert\u00e9szetnek k\u00f6sz\u00f6nhet\u0151 \u00e9s emiatt lett ez a st\u00edlus vil\u00e1gh\u00edr\u0171.<\/p>\n<\/details><details class=\"g-accordion \"><summary><h3>Milyen szerepe van a szimmetri\u00e1nak a francia st\u00edlus\u00fa kertekben?<\/h3><\/summary>\n<p>A francia st\u00edlus\u00fa kertek h\u00edresek a szimmetrikus elrendez\u00e9s\u00fckr\u0151l, melyek rendet \u00e9s harm\u00f3ni\u00e1t sug\u00e1roznak. Az utak, n\u00f6v\u00e9nyek \u00e9s v\u00edzi elemek mind pontos, szab\u00e1lyos mint\u00e1ban helyezkednek el. Ez a l\u00e1tv\u00e1ny nemcsak sz\u00e9p, hanem igaz\u00e1n leny\u0171g\u00f6z\u0151 is. Gyakran egy <strong>k\u00f6zponti tengely<\/strong> ir\u00e1ny\u00edtja a tekintetet, ami kiemeli a term\u00e9szet feletti uralmat. A szimmetria n\u00e9lk\u00fcl\u00f6zhetetlen az igazi francia kert var\u00e1zs\u00e1hoz: egyszerre ny\u00fajt eszt\u00e9tikus l\u00e1tv\u00e1nyt \u00e9s rendezett, \u00e1tgondolt form\u00e1t. Ez a m\u00f3dszer igazi m\u0171v\u00e9szet \u2013 itt a sz\u00e9ps\u00e9get \u00e9s a pontoss\u00e1got \u00f6tv\u00f6zik, hogy \u00f6r\u00f6k\u00e9rv\u00e9ny\u0171, rendezett t\u00e1j sz\u00fclessen.<\/p>\n<\/details><details class=\"g-accordion \"><summary><h3>Hogyan hat\u00e1rozz\u00e1k meg a geometrikus vonalak a francia kerteket?<\/h3><\/summary>\n<p>A <strong>geometrikus vonalak<\/strong> meghat\u00e1roz\u00f3ak a francia kertek rendezett, szab\u00e1lyos kin\u00e9zet\u00e9hez. Ezek a vonalak az \u00f6sv\u00e9nyek, \u00e1gy\u00e1sok (parterek) \u00e9s s\u00f6v\u00e9nyek elrendez\u00e9s\u00e9ben jelennek meg, \u00e9s k\u00fcl\u00f6nf\u00e9le form\u00e1kat alkotnak \u2013 p\u00e9ld\u00e1ul n\u00e9gyzeteket, t\u00e9glalapokat vagy k\u00f6r\u00f6ket. A mint\u00e1k nemcsak vonz\u00f3v\u00e1 teszik a kertet, hanem terelik is a l\u00e1togat\u00f3kat \u2013 megmutatj\u00e1k, hogyan lehet v\u00e9gigj\u00e1rni a teret.<\/p>\n<ul>\n<li>az utak ebben a rendszerben fontos szerepet kapnak,<\/li>\n<li>felosztj\u00e1k a k\u00fcl\u00f6nb\u00f6z\u0151 \u201eszob\u00e1kat\u201d a kertben, \u00edgy k\u00f6nnyebb k\u00f6zlekedni,<\/li>\n<li>a parterek pedig szorosan rendezett n\u00f6v\u00e9ny\u00e1gy\u00e1sok, sz\u00e9leiken alacsony s\u00f6v\u00e9nyek \u00e9s kavicsos s\u00e1vok h\u00faz\u00f3dnak.<\/li>\n<\/ul>\n<p>Ha sok a geometria, az nemcsak az \u00e1tl\u00e1that\u00f3s\u00e1got n\u00f6veli, hanem kontrollt is ad az elrendez\u00e9s felett. Ez az alapelv m\u00e1r a h\u00edres <strong>Versailles<\/strong>-i kertben is felfedezhet\u0151, ahol minden \u00f6sv\u00e9ny \u00e9s \u00fcltetv\u00e9ny el\u0151re megtervezett mint\u00e1t k\u00f6vet. A geometriai mint\u00e1k r\u00e9v\u00e9n a francia kertek t\u00f6k\u00e9letesen \u00f6tv\u00f6zik a term\u00e9szet sz\u00e9ps\u00e9g\u00e9t \u00e9s az emberi m\u0171v\u00e9szetet. Ez adja meg ennek a st\u00edlusnak a <strong>finoms\u00e1g\u00e1t \u00e9s pontoss\u00e1g\u00e1t<\/strong>.<\/p>\n<\/details><details class=\"g-accordion \"><summary><h3>Milyen n\u00f6v\u00e9nyek jellemz\u0151k a francia kertekben?<\/h3><\/summary>\n<p>A francia kerteket a d\u00edszn\u00f6v\u00e9nyek \u00e9s haszon\u00adn\u00f6v\u00e9nyek ig\u00e9nyes kever\u00e9ke teszi igaz\u00e1n k\u00fcl\u00f6nlegess\u00e9. K\u00fcl\u00f6n\u00f6sen l\u00e1tv\u00e1nyosak a form\u00e1ra ny\u00edrt bokrok (topi\u00e1ri\u00e1k), melyeket szab\u00e1lyos mint\u00e1kk\u00e1 alak\u00edtanak \u2013 ez ad k\u00fcl\u00f6n\u00f6sen eleg\u00e1ns k\u00fcls\u0151t a kertnek. A <strong>gyerty\u00e1n<\/strong>, <strong>szil<\/strong> \u00e9s <strong>h\u00e1rs<\/strong> f\u00e1k nemcsak a rendezetts\u00e9ghez j\u00e1rulnak hozz\u00e1, hanem \u00e1rny\u00e9kot is adnak.<\/p>\n<p>R\u00e9gebben ezekben a kertekben visszafogottabb sz\u00edneket \u2013 f\u0151leg k\u00e9ket, r\u00f3zsasz\u00ednt, feh\u00e9ret \u00e9s halv\u00e1ny lil\u00e1t \u2013 \u00fcltettek. A 18. sz\u00e1zadt\u00f3l viszont egyre t\u00f6bb \u00e9l\u00e9nk sz\u00edn jelent meg. <strong>A levendula ma is n\u00e9pszer\u0171: finom illata \u00e9s pasztelles sz\u00edne miatt t\u00f6k\u00e9letesen illik a hagyom\u00e1nyos kert hangulat\u00e1hoz.<\/strong><\/p>\n<ul>\n<li>a r\u00f3zs\u00e1k eg\u00e9sz \u00e9vben \u00e9l\u00e9nk vir\u00e1gokkal d\u00edsz\u00edtenek,<\/li>\n<li>a s\u0171r\u0171 puszp\u00e1ngs\u00f6v\u00e9nyek sz\u00e9pen hat\u00e1rolj\u00e1k az utakat \u00e9s a partereket,<\/li>\n<li>a citrusf\u00e1k nemcsak sz\u00e9pek, hanem kellemes illatot is \u00e1rasztanak.<\/li>\n<\/ul>\n<p>A n\u00f6v\u00e9nyek kiv\u00e1laszt\u00e1sa nem csup\u00e1n a kert rendezett strukt\u00far\u00e1j\u00e1t hangs\u00falyozza, hanem v\u00e1ltozatos text\u00far\u00e1kat \u00e9s sz\u00edneket visz be, \u00edgy minden \u00e9vszakban kicsit m\u00e1s arc\u00e1t mutatja a kert.<\/p>\n<\/details><details class=\"g-accordion \"><summary><h3>Hogyan jelennek meg a v\u00edzi elemek a francia kertekben?<\/h3><\/summary>\n<p><p>A v\u00edzi elemek a francia kertekben nagyon fontosak, hiszen <strong>sz\u00e9ps\u00e9get<\/strong> \u00e9s <strong>praktikumot<\/strong> is adnak a l\u00e1tv\u00e1nynak. Ilyenek p\u00e9ld\u00e1ul a <strong>sz\u00f6k\u0151kutak<\/strong>, <strong>csatorn\u00e1k<\/strong> \u00e9s <strong>medenc\u00e9k<\/strong>, melyek nemcsak d\u00edsz\u00edtenek, de nyugalmat is sug\u00e1roznak. Ezeket a v\u00edzi elemeket gondosan a kert szerkezet\u00e9be illesztik, hogy a kert m\u00e9g l\u00e1tv\u00e1nyosabb \u00e9s harmonikusabb legyen.<\/p>\n<\/p>\n<ul>\n<li>a sz\u00f6k\u0151kutak gyakran izgalmas k\u00f6zponti d\u00edszek, vizeikkel \u00e9s halk csobog\u00e1sukkal mindenkit magukra vonzanak,<\/li>\n<li>a t\u00fckr\u00f6z\u0151d\u0151 tavak m\u00e9lys\u00e9get adnak \u2013 visszat\u00fckr\u00f6zik az eget \u00e9s az \u00e9p\u00fcleteket,<\/li>\n<li>a csatorn\u00e1k pedig n\u00e9ha utat mutatnak vagy kiemelik a kert k\u00f6zponti tengely\u00e9t, hangs\u00falyozva a szimmetri\u00e1t.<\/li>\n<\/ul>\n<p><p>Ezek a v\u00edzi elemek \u00f6sszess\u00e9g\u00e9ben n\u00f6velik a <strong>francia kertek eleganci\u00e1j\u00e1t<\/strong>, \u00e9s kellemes, nyugodt l\u00e9gk\u00f6rt teremtenek, ami j\u00f3l illik a rendezett, form\u00e1lis kertst\u00edlushoz.<\/p>\n<\/p>\n<\/details> <details class=\"g-accordion \"><summary><h3>Mi\u00e9rt fontos a kem\u00e9nyburkolatok haszn\u00e1lata a francia kerttervez\u00e9sben?<\/h3><\/summary>  <\/p>\n<p>A francia kertek <strong>kem\u00e9nyburkolatai<\/strong> \u2013 p\u00e9ld\u00e1ul a k\u0151falak, kerti utak vagy teraszok \u2013 alapvet\u0151 szerepet j\u00e1tszanak a t\u00e9r rendezetts\u00e9g\u00e9ben \u00e9s tagol\u00e1s\u00e1ban. Ezek az elemek nemcsak l\u00e1tv\u00e1nyosabb\u00e1 teszik a kertet, hanem praktikusabb\u00e1 is. Seg\u00edts\u00e9g\u00fckkel egy\u00e9rtelm\u0171, elk\u00fcl\u00f6n\u00fcl\u0151 r\u00e9szek, \u00fagynevezett &#8222;kertszob\u00e1k&#8221; j\u00f6nnek l\u00e9tre, melyek k\u00f6z\u00f6tt k\u00f6nnyed\u00e9n lehet k\u00f6zlekedni.<\/p>\n<p>A kavicsb\u00f3l, k\u00f6vekb\u0151l vagy t\u00e9gl\u00e1b\u00f3l kirakott geometrikus mint\u00e1k j\u00f3l illeszkednek a klasszikus francia st\u00edlushoz. Az ilyen burkolatok rendezett megjelen\u00e9st adnak a kertnek, tart\u00f3sak, \u00e9s kev\u00e9s gondoz\u00e1st ig\u00e9nyelnek.<\/p>\n<p>A <strong>kem\u00e9nyburkolatok<\/strong> nem puszt\u00e1n szerkezeti szerepet t\u00f6ltenek be, hanem alapot adnak a d\u00edsz\u00edt\u0151elemeknek is. P\u00e9ld\u00e1ul vintage kasp\u00f3k vagy d\u00edszes cserepek d\u00edsz\u00edthetik a kerti utakat vagy teraszokat, eleg\u00e1nss\u00e1 t\u00e9ve azokat. A macskak\u00f6ves \u00f6sv\u00e9nyeken, vagy a sz\u00e9pen lerakott t\u00e9gl\u00e1kon v\u00e9gigvezetve a l\u00e1togat\u00f3t, kiemelik a kert rendezett hangulat\u00e1t.<\/p>\n<p>\u00d6sszess\u00e9g\u00e9ben a j\u00f3l megv\u00e1lasztott kem\u00e9nyburkolatokn\u00e1l d\u0151l el, siker\u00fcl-e el\u00e9rni a francia kertekre jellemz\u0151 eleg\u00e1ns \u00f6sszk\u00e9pet, ahol a sz\u00e9ps\u00e9g \u00e9s a praktikum k\u00e9z a k\u00e9zben j\u00e1r.<\/p>\n<\/details>\n<details class=\"g-accordion \"><summary><h3>Mi az a parterrekert, \u00e9s hogyan tervezik meg?<\/h3><\/summary>  <\/p>\n<p>A parterrekert a francia kerttervez\u00e9s egyik legismertebb jellemz\u0151je: ezek a kertek bonyolult, prec\u00edz geometriai mint\u00e1ikkal ragadj\u00e1k meg a tekintetet. A szimmetrikus \u00e1gy\u00e1sokat rendszerint alacsony s\u00f6v\u00e9nyek vagy kavicsos utak szeg\u00e9lyezik. Gyakoriak a n\u00e9gyzet, k\u00f6r vagy csigavonal form\u00e1k; minden r\u00e9szletet gondosan alak\u00edtanak ki, hogy t\u00f6k\u00e9letes \u00f6sszhangban legyenek egym\u00e1ssal.<\/p>\n<ul>\n<li>a bukszus (puszp\u00e1ng) s\u00f6v\u00e9nyeket gyakran haszn\u00e1lj\u00e1k ezeknek a mint\u00e1knak a k\u00f6r\u00fclhat\u00e1rol\u00e1s\u00e1ra,<\/li>\n<li>a kavicsos \u00f6sv\u00e9nyek nemcsak d\u00edsz\u00edtenek, hanem k\u00f6nnyebb k\u00f6zleked\u00e9st is biztos\u00edtanak a n\u00f6v\u00e9nyek k\u00f6z\u00f6tt,<\/li>\n<li>noha a parterrekert \u00e1ltal\u00e1ban visszafogottabb sz\u00ednvil\u00e1g\u00fa, \u00e9l\u00e9nk vir\u00e1gok is helyet kaphatnak benne, ha egy kis frissess\u00e9get szeretn\u00e9l csemp\u00e9szni, mik\u00f6zben megmarad a klasszikus st\u00edlus.<\/li>\n<\/ul>\n<p><strong>V\u00e9gs\u0151 soron a parterrekert r\u00e9szletes tervez\u00e9s\u00e9vel \u00e9s m\u0171v\u00e9szi kivitelez\u00e9s\u00e9vel testes\u00edti meg mindazt az eleganci\u00e1t \u00e9s pontoss\u00e1got, ami a francia kerteket annyira k\u00fcl\u00f6nlegess\u00e9 teszi.<\/strong><\/p>\n<\/details>\n<details class=\"g-accordion \"><summary><h3>Hogyan csemp\u00e9szhetsz \u00e9l\u00e9nk vir\u00e1gokat egy francia kertbe?<\/h3><\/summary>  <\/p>\n<p>Az \u00e9l\u00e9nk vir\u00e1gok a francia kertben \u00fagy mutatnak igaz\u00e1n j\u00f3l, ha hagyom\u00e1nyos sz\u00edneket v\u00e1lasztasz, \u00e9s eg\u00e9sz \u00e9vben gondoskodsz a sz\u00ednes vir\u00e1gz\u00e1sr\u00f3l. \u00dcltess olyan szezon\u00e1lis n\u00f6v\u00e9nyeket, mint tulip\u00e1n, n\u00e1rcisz vagy bazsar\u00f3zsa, hogy mindig legyen valami, ami feldobja a kertet. Ezek a sz\u00ednek sz\u00e9pen illenek a bukszus-s\u00f6v\u00e9nyekhez \u00e9s kavicsos \u00f6sv\u00e9nyekhez is.<\/p>\n<p>Az \u00e9l\u00e9nks\u00e9get folyamatos gondoz\u00e1ssal tarthatod fent: \u00e9rdemes rendszeresen elt\u00e1vol\u00edtani az elhervadt vir\u00e1gokat, hogy \u00fajak j\u00f6hessenek helyett\u00fck; \u00e9s figyelj r\u00e1, hogy mindig az \u00e9vszakhoz igazodva \u00fcltess. A r\u00f3zsa p\u00e9ld\u00e1ul tart\u00f3s sz\u00e9ps\u00e9get ny\u00fajt, ez\u00e9rt j\u00f3, ha \u00e9vel\u0151 n\u00f6v\u00e9nyeket is v\u00e1lasztasz, melyek mellett egy-egy egyny\u00e1ri \u00fcltet\u00e9ssel minden szezonban \u00faj sz\u00ednt adhatsz a kertnek.<\/p>\n<p>A harmonikus sz\u00ednhat\u00e1s is alapvet\u0151: v\u00e1lassz olyan \u00e1rnyalatokat, amik illenek a levendula lila vagy a pasztell sz\u00ednekhez, vagy ak\u00e1r kontrasztot teremtenek vel\u00fck. Ha k\u00fcl\u00f6nb\u00f6z\u0151 magass\u00e1g\u00fa n\u00f6v\u00e9nyeket \u00fcltetsz, v\u00e1ltozatosabb \u00e9s \u00e9rdekesebb lesz a l\u00e1tv\u00e1ny.<\/p>\n<p><strong>B\u00f6lcsen v\u00e1lasztva \u00e9s gondosan \u00e1polva a vir\u00e1gokat, \u00e9l\u00e9nkk\u00e9 teheted a francia kertet an\u00e9lk\u00fcl, hogy elveszne annak kifinomult hangulata.<\/strong><\/p>\n<\/details>\n<details class=\"g-accordion \"><summary><h3>Hogyan alak\u00edthatsz ki \u201ckertszob\u00e1kat\u201d egy francia kertben?<\/h3><\/summary>  <\/p>\n<p>Ha francia kertedben k\u00fcl\u00f6n\u00e1ll\u00f3 k\u00fclt\u00e9ri \u201cszob\u00e1kat\u201d szeretn\u00e9l, fontos, hogy minden r\u00e9szletnek saj\u00e1t funkci\u00f3ja legyen, de m\u00e9gis harmoniz\u00e1ljanak egym\u00e1ssal. Ehhez nagy seg\u00edts\u00e9get jelenthetnek a s\u00f6v\u00e9nyek, lugasok vagy pergol\u00e1k, amelyek priv\u00e1tabb \u00e9s rendezettebb tereket hoznak l\u00e9tre. Ha padokat vagy kis k\u00fclt\u00e9ri asztalokkal ell\u00e1tott sarkokat helyezel el, az meghitt helyet k\u00edn\u00e1l pihen\u00e9sre vagy besz\u00e9lget\u00e9sre.<\/p>\n<ul>\n<li>a bukszus s\u00f6v\u00e9nyek ide\u00e1lisak a kert egyes r\u00e9szeinek elv\u00e1laszt\u00e1s\u00e1hoz,<\/li>\n<li>s\u0171r\u0171, j\u00f3l form\u00e1zhat\u00f3 lombjuk van, ez\u00e9rt k\u00f6nnyen igaz\u00edthat\u00f3k a kert st\u00edlus\u00e1hoz,<\/li>\n<li>a kavicsos utak szint\u00e9n j\u00f3l tagolnak, \u00e9s kellemesen v\u00e9gigvezetnek a k\u00fcl\u00f6nb\u00f6z\u0151 kerthelyis\u00e9geken.<\/li>\n<\/ul>\n<p>Fokozhatod az egyes terek hangulat\u00e1t egy-egy v\u00edzelem, p\u00e9ld\u00e1ul egy kis sz\u00f6k\u0151k\u00fat vagy t\u00e9glalap alak\u00fa kerti t\u00f3 berak\u00e1s\u00e1val, illetve vintage kasp\u00f3k elhelyez\u00e9s\u00e9vel. A levendula \u00e9s m\u00e1s illatos n\u00f6v\u00e9nyek m\u00e9g \u00e9lvezetesebb\u00e9 teszik az ott t\u00f6lt\u00f6tt id\u0151t.<\/p>\n<p><strong>A kertszob\u00e1k ak\u00e1r \u00e9tkez\u0151k\u00e9nt is funkcion\u00e1lhatnak, ha asztalt \u00e9s sz\u00e9keket helyezel ki \u2013 \u00edgy igaz\u00e1n k\u00fcl\u00f6nleges \u00e9lm\u00e9ny a kertben \u00e9tkezni.<\/strong> A j\u00f3l \u00e1tgondolt d\u00edsz\u00edt\u0151 \u00e9s praktikus elemek egy\u00fcttese egy igazi rendezett, m\u00e9gis term\u00e9szetk\u00f6zeli francia kertet teremt.<\/p>\n<\/details>\n<details class=\"g-accordion \"><summary><h3>Hogyan kapcsol\u00f3dik \u00f6ssze a francia kert a lak\u00f3h\u00e1zzal?<\/h3><\/summary>  <\/p>\n<p>A francia kerteket \u00fagy tervezik, hogy t\u00f6k\u00e9letesen igazodjanak a h\u00e1zhoz, amely gyakran a kert kompoz\u00edci\u00f3j\u00e1nak k\u00f6zpontj\u00e1ban \u00e1ll. Jellemz\u0151en egy f\u0151\u00fat vezet k\u00f6zvetlen\u00fcl a bej\u00e1ratt\u00f3l a kertbe, \u00edgy az otthon \u00e9s a kert k\u00f6z\u00f6tti \u00e1tmenet term\u00e9szetes \u00e9s eleg\u00e1ns. <strong>Ezzel a megold\u00e1ssal a kert finom eleganci\u00e1ja remek\u00fcl illeszkedik az \u00e9p\u00fclet r\u00e9szleteihez is.<\/strong><\/p>\n<p>Mik\u00f6zben v\u00e9gigs\u00e9t\u00e1lsz a kertben, a bukszus-s\u00f6v\u00e9nyekkel vagy karcs\u00fa ciprusokkal szeg\u00e9lyezett utak seg\u00edtenek az eligazod\u00e1sban, \u00e9s \u00f6sszekapcsolj\u00e1k a k\u00fcl\u00f6nb\u00f6z\u0151 z\u00f3n\u00e1kat. A h\u00e1z mellett kialak\u00edtott terasz vagy pihen\u0151r\u00e9sz k\u00e9nyelmes lehet\u0151s\u00e9get ad, hogy ak\u00e1r a szabadban \u00e9tkezz, vagy csak \u00e9lvezd a term\u00e9szetet.<\/p>\n<p>A bej\u00e1rat k\u00f6zel\u00e9ben elhelyezett sz\u00f6k\u0151kutak vagy t\u00fck\u00f6rmedenc\u00e9k nemcsak d\u00edsz\u00edtenek, de visszak\u00f6sz\u00f6n benn\u00fck a h\u00e1z \u00e9p\u00edt\u00e9szeti st\u00edlusa is, mik\u00f6zben nyugalmat \u00e1rasztanak. Az \u00e9l\u00e9nk sz\u00ednekben pomp\u00e1z\u00f3 vir\u00e1gok \u00e9s az illatos n\u00f6v\u00e9nyek, mint a levendula, tov\u00e1bb fokozz\u00e1k a kerti \u00e9lm\u00e9nyt \u2013 bentr\u0151l \u00e9s kintr\u0151l egyar\u00e1nt.<\/p>\n<p><strong>A gondos tervez\u00e9snek k\u00f6sz\u00f6nhet\u0151en a francia kert szervesen kiterjeszti az otthoni \u00e9letteret, mik\u00f6zben meg\u0151rzi a formai rendet \u00e9s a szimmetri\u00e1t.<\/strong><\/p>\n<\/details>\n<details class=\"g-accordion \"><summary><h3>Hogyan tehetik m\u00e9g szebb\u00e9 a francia kertet az antik \u00e9s vintage elemek?<\/h3><\/summary>  <\/p>\n<p>Ha antik vagy vintage elemeket viszel be a francia kertedbe, m\u00e9g k\u00fcl\u00f6nlegesebb \u00e9s t\u00f6rt\u00e9nelmi hangulatot adhatsz neki. P\u00e9ld\u00e1ul \u00fajrahasznos\u00edtott <strong>macskak\u00f6vekb\u0151l<\/strong> vagy <strong>\u00f6reg t\u00e9gl\u00e1b\u00f3l<\/strong> rakott \u00f6sv\u00e9nyekkel hiteles, r\u00e9gi korok hangulat\u00e1t teremtheted meg. A <strong>vintage kerti b\u00fatorok<\/strong>, p\u00e9ld\u00e1ul a kov\u00e1csoltvas padok, egyszerre d\u00edsz\u00edtenek \u00e9s k\u00e9nyelmes \u00fcl\u0151helyeket biztos\u00edtanak.<\/p>\n<p>D\u00edszes kasp\u00f3k vagy cserepek l\u00e1tv\u00e1nyos f\u00f3kuszpontok lehetnek \u2013 nemcsak feldobj\u00e1k a kertet, hanem a <strong>francia kertek id\u0151tlen eleganci\u00e1j\u00e1t<\/strong> is er\u0151s\u00edtik. T\u00f6rt\u00e9nelmi t\u00e1rgyak, p\u00e9ld\u00e1ul <strong>k\u0151urn\u00e1k<\/strong> vagy <strong>\u00f6nt\u00f6ttvas d\u00edszek<\/strong> v\u00e1ltozatoss\u00e1got \u00e9s m\u00e9lys\u00e9get adnak a kertnek, igazi egy\u00e9nis\u00e9get k\u00f6lcs\u00f6n\u00f6znek neki.<\/p>\n<p>Ha \u00fcgyesen helyezed el ezeket a vintage t\u00e1rgyakat, m\u00e9g a legegyszer\u0171bb r\u00e9szletek is k\u00fcl\u00f6nleges, t\u00f6rt\u00e9netmes\u00e9l\u0151 helyekk\u00e9 v\u00e1lnak. \u00cdgy a m\u00falt sz\u00e9ps\u00e9ge \u00e9s a jelen hangulata harmonikusan egybeolvad \u2013 pont, ahogy egy igazi francia st\u00edlus\u00fa kertn\u00e9l elv\u00e1rhat\u00f3.<\/p>\n<\/details>\n<details class=\"g-accordion \"><summary><h3>Milyen tippek seg\u00edtenek egy francia st\u00edlus\u00fa kert \u00e1pol\u00e1s\u00e1ban?<\/h3><\/summary>  <\/p>\n<p>A francia st\u00edlus\u00fa kert gondoz\u00e1sa odafigyel\u00e9st \u00e9s k\u00f6vetkezetess\u00e9get k\u00edv\u00e1n, ha azt szeretn\u00e9d, hogy mindig eleg\u00e1ns \u00e9s rendezett maradjon. A bukszuss\u00f6v\u00e9nyek form\u00e1ra metsz\u00e9se folyamatos t\u00f6r\u0151d\u00e9st ig\u00e9nyel, hogy meg\u0151rizz\u00e9k geometrikus alakjukat. Rendszeresen \u00f6nt\u00f6zd a n\u00f6v\u00e9nyeket, m\u00e9g az olyan sz\u00e1razs\u00e1gt\u0171r\u0151 fajt\u00e1kat is, mint a levendula vagy a citrusf\u00e9l\u00e9k.<\/p>\n<p>A talajtakar\u00e1ssal (mulcsoz\u00e1ssal) megel\u0151zheted a gazosod\u00e1st \u00e9s seg\u00edthetsz benntartani a nedvess\u00e9get, ami k\u00fcl\u00f6n\u00f6sen j\u00f3 a n\u00f6v\u00e9nyeknek. \u00dcltess az \u00e9vszakhoz ill\u0151 n\u00f6v\u00e9nyeket; \u00edgy folyamatosan vir\u00e1gz\u00f3 kerted lesz: a r\u00f3zsa p\u00e9ld\u00e1ul tart\u00f3s sz\u00ednt ad, az egyny\u00e1ri vir\u00e1gok pedig minden szezonban \u00fajfajta l\u00e1tv\u00e1nyt teremtenek.<\/p>\n<p>Az elny\u00edlt vir\u00e1gokat rendszeresen \u00e9rdemes leszedni \u2013 ezt h\u00edvj\u00e1k \u201cvisszacs\u00edp\u00e9snek\u201d \u2013 mert \u00edgy tov\u00e1bb vir\u00e1gzik a n\u00f6v\u00e9ny, r\u00e1ad\u00e1sul szebb, rendezettebb lesz a kert k\u00e9pe. <strong>Ez a m\u00f3dszer egyszerre sz\u00e9p\u00edti meg \u00e9s tartja rendben a vir\u00e1g\u00e1gy\u00e1sokat.<\/strong><\/p>\n<p>A kavicsos \u00f6sv\u00e9nyeket vagy k\u0151teraszokat se felejtsd el tiszt\u00edtani, hogy mindig \u00e1poltak \u00e9s k\u00f6nnyen j\u00e1rhat\u00f3ak legyenek. Egy-k\u00e9t vintage francia ed\u00e9ny vagy r\u00e9gi kasp\u00f3 is feldobhatja a kertet, egy kis t\u00f6rt\u00e9nelmet csemp\u00e9szve a mindennapokba.<\/p>\n<p><strong>A rendszeres gondoz\u00e1s lehet\u0151v\u00e9 teszi, hogy a kerted mindig h\u0171 maradjon a francia hagyom\u00e1nyokhoz, mik\u00f6zben a mai \u00edzl\u00e9st is t\u00fckr\u00f6zi.<\/strong><\/p>\n<\/details>\n<details class=\"g-accordion \"><summary><h3>Miben k\u00fcl\u00f6nb\u00f6znek a francia \u00e9s az olasz renesz\u00e1nsz kertek?<\/h3><\/summary>  <\/p>\n<p>A francia \u00e9s az olasz renesz\u00e1nsz kertek nagyon elt\u00e9r\u0151 st\u00edlust k\u00e9pviselnek \u2013 mindkett\u0151nek megvan a maga saj\u00e1tos sz\u00e9ps\u00e9ge. A <strong>francia kerteket<\/strong> a szigor\u00fa szimmetria \u00e9s a geometrikus mint\u00e1k jellemzik: prec\u00edzen elrendezett vir\u00e1g\u00e1gy\u00e1sok \u00e9s form\u00e1ra ny\u00edrt n\u00f6v\u00e9nyek teremtik meg a rend \u00e9s harm\u00f3nia \u00e9rzet\u00e9t.<\/p>\n<p>Ezzel szemben az <strong>olasz renesz\u00e1nsz kertek<\/strong> ink\u00e1bb kiemelik a term\u00e9szetes t\u00e1j sz\u00e9ps\u00e9g\u00e9t, a szab\u00e1lyos k\u00f6rvonalak helyett l\u00e1gyabb \u00edveket \u00e9s szerves form\u00e1kat haszn\u00e1lnak. Sokszor teraszokat alak\u00edtanak ki, amelyek k\u00f6vetik a terep term\u00e9szetes lejt\u00e9s\u00e9t is.<\/p>\n<p>A n\u00f6v\u00e9nyek kiv\u00e1laszt\u00e1sa is k\u00fcl\u00f6nb\u00f6zik:<\/p>\n<ul>\n<li>a francia kertek finom, j\u00f3l kiv\u00e1lasztott sz\u00ednekkel dolgoznak, hogy meg\u0151rizz\u00e9k hivatalos hangulatukat,<\/li>\n<li>az olasz kertekben sokf\u00e9le mediterr\u00e1n n\u00f6v\u00e9ny kap helyet, amit\u0151l k\u00f6zelebb \u00e9rz\u0151dnek a term\u00e9szethez.<\/li>\n<\/ul>\n<p>Mindk\u00e9t kertt\u00edpusban megtal\u00e1lhat\u00f3k v\u00edzi elemek, de az elrendez\u00e9s\u00fck k\u00fcl\u00f6nb\u00f6z\u0151:<\/p>\n<ul>\n<li>a francia kertekben ezek pontosan k\u00f6z\u00e9pre ker\u00fclnek, hogy hangs\u00falyos r\u00e9szei legyenek a rendezett kompoz\u00edci\u00f3nak,<\/li>\n<li>az olasz kertekben viszont term\u00e9szetesebben, laz\u00e1bban illeszkednek a k\u00f6rnyezetbe.<\/li>\n<\/ul>\n<p><strong>Ezek a k\u00fcl\u00f6nbs\u00e9gek j\u00f3l mutatj\u00e1k, hogy a renesz\u00e1nsz korszakban k\u00e9t elt\u00e9r\u0151 szeml\u00e9let alakult ki: a franci\u00e1k szerett\u00e9k uralni a term\u00e9szetet a szimmetri\u00e1val \u00e9s geometri\u00e1val, m\u00edg az olaszok ink\u00e1bb annak sz\u00e9ps\u00e9g\u00e9t \u00fcnnepelt\u00e9k l\u00e1gyabb form\u00e1kkal.<\/strong><\/p>\n<\/details>\n","protected":false},"excerpt":{"rendered":"<p>A francia kert\u00e9p\u00edt\u00e9s vil\u00e1gszerte h\u00edres az eleganci\u00e1j\u00e1r\u00f3l, szimmetri\u00e1j\u00e1r\u00f3l \u00e9s rendezett form\u00e1ir\u00f3l. Ezek a nagyszer\u0171 kertek \u00e9l\u0151 m\u0171alkot\u00e1sokk\u00e1 v\u00e1ltoztatj\u00e1k a t\u00e1jat: a geometrikus mint\u00e1k rendet \u00e9s harm\u00f3ni\u00e1t teremtenek. A francia kertek k\u00f6zpontj\u00e1ban rendszerint d\u00edszes parterrek \u00e1llnak \u2013 alacsony s\u00f6v\u00e9nyek szimmetrikus form\u00e1kat rajzolnak ki, a kertet pedig \u00f6sv\u00e9nyek \u00e9s gondosan ny\u00edrt s\u00f6v\u00e9nyek osztj\u00e1k kisebb \u201eszob\u00e1kra\u201d. A v\u00edz fontos szerepet kap ezekben a&hellip;<\/p>\n","protected":false},"author":12,"featured_media":5086,"comment_status":"closed","ping_status":"closed","sticky":false,"template":"","format":"standard","meta":{"rank_math_focus_keyword":"francia kerti tervez\u00e9s","rank_math_title":"Francia kerti tervez\u00e9s: Tippek klasszikus t\u00e1j kialak\u00edt\u00e1s\u00e1hoz","rank_math_description":"Fedezd fel, hogyan tervezz francia kertet klasszikus elemekkel, szimmetri\u00e1val \u00e9s eleganci\u00e1val, hogy \u00e1talak\u00edtsd a k\u00fclt\u00e9ri teredet.","footnotes":""},"categories":[124],"tags":[],"class_list":["post-5453","post","type-post","status-publish","format-standard","has-post-thumbnail","hentry","category-kert"],"g_custom_schema_json":"<script type=\"application\/ld+json\">\n{\n  \"@context\": \"https:\/\/schema.org\",\n  \"@type\": \"FAQPage\",\n  \"mainEntity\": [\n    {\n      \"@type\": \"Question\",\n      \"name\": \"Mik a francia kerttervez\u00e9s f\u0151 jellemz\u0151i?\",\n      \"acceptedAnswer\": {\n        \"@type\": \"Answer\",\n        \"text\": \"A francia kertek h\u00edresek rendezett elrendez\u00e9s\u00fckr\u0151l \u00e9s felt\u0171n\u0151 szimmetri\u00e1jukr\u00f3l. Gyakran l\u00e1tsz benn\u00fck geometrikus mint\u00e1kat \u00e9s szab\u00e1lyos form\u00e1kat, amelyek harm\u00f3ni\u00e1t \u00e9s rendet sugallnak. A parterek (mint\u00e1s \u00e1gy\u00e1sok) bonyolult mint\u00e1kat alkotnak, melyeket alacsonyra ny\u00edrt s\u00f6v\u00e9nyek tesznek szab\u00e1lyoss\u00e1.\"\n      }\n    },\n    {\n      \"@type\": \"Question\",\n      \"name\": \"Hogyan v\u00e1ltozott a francia kerttervez\u00e9s az id\u0151k sor\u00e1n?\",\n      \"acceptedAnswer\": {\n        \"@type\": \"Answer\",\n        \"text\": \"A francia kerttervez\u00e9s az \u00e9vek alatt sokat v\u00e1ltozott. R\u00e9gen nagyon szigor\u00faan vett\u00e9k a form\u00e1kat \u00e9s a szab\u00e1lyokat, de ma m\u00e1r laz\u00e1bb st\u00edlus\u00fa is lehet egy francia kert, mik\u00f6zben megtartja a hagyom\u00e1nyos elemeket. Az els\u0151 id\u0151kben f\u0151leg merev mint\u00e1k, szab\u00e1lyos \u00e1gy\u00e1sok (parterek) \u00e9s egyenes vonalak voltak a jellemz\u0151k.\"\n      }\n    },\n    {\n      \"@type\": \"Question\",\n      \"name\": \"Milyen hat\u00e1sa volt a kert\u00e9szetnek a francia kerttervez\u00e9sre?\",\n      \"acceptedAnswer\": {\n        \"@type\": \"Answer\",\n        \"text\": \"A kert\u00e9szet nagyon sokat tett hozz\u00e1 a francia kertek eleganci\u00e1j\u00e1hoz \u00e9s praktikum\u00e1hoz. Egy fontos szem\u00e9ly, Jean-Baptiste de La Quintinie, \u00faj m\u00f3dszerekkel v\u00e1gta a gy\u00fcm\u00f6lcsf\u00e1kat \u00e9s alak\u00edtotta ki a n\u00f6v\u00e9ny\u00e1gy\u00e1sokat. Ezek az \u00faj megold\u00e1sok nemcsak term\u00e9kenyebbek lettek, hanem a kertek l\u00e1tv\u00e1ny\u00e1t is jav\u00edtott\u00e1k.\"\n      }\n    },\n    {\n      \"@type\": \"Question\",\n      \"name\": \"Milyen szerepe van a szimmetri\u00e1nak a francia st\u00edlus\u00fa kertekben?\",\n      \"acceptedAnswer\": {\n        \"@type\": \"Answer\",\n        \"text\": \"A francia st\u00edlus\u00fa kertek h\u00edresek a szimmetrikus elrendez\u00e9s\u00fckr\u0151l, melyek rendet \u00e9s harm\u00f3ni\u00e1t sug\u00e1roznak. Az utak, n\u00f6v\u00e9nyek \u00e9s v\u00edzi elemek mind pontos, szab\u00e1lyos mint\u00e1ban helyezkednek el. Ez a l\u00e1tv\u00e1ny nemcsak sz\u00e9p, hanem igaz\u00e1n leny\u0171g\u00f6z\u0151 is.\"\n      }\n    },\n    {\n      \"@type\": \"Question\",\n      \"name\": \"Hogyan hat\u00e1rozz\u00e1k meg a geometrikus vonalak a francia kerteket?\",\n      \"acceptedAnswer\": {\n        \"@type\": \"Answer\",\n        \"text\": \"A geometrikus vonalak meghat\u00e1roz\u00f3ak a francia kertek rendezett, szab\u00e1lyos kin\u00e9zet\u00e9hez. Ezek a vonalak az \u00f6sv\u00e9nyek, \u00e1gy\u00e1sok (parterek) \u00e9s s\u00f6v\u00e9nyek elrendez\u00e9s\u00e9ben jelennek meg, \u00e9s k\u00fcl\u00f6nf\u00e9le form\u00e1kat alkotnak \u2013 p\u00e9ld\u00e1ul n\u00e9gyzeteket, t\u00e9glalapokat vagy k\u00f6r\u00f6ket. A mint\u00e1k nemcsak vonz\u00f3v\u00e1 teszik a kertet, hanem terelik is a l\u00e1togat\u00f3kat.\"\n      }\n    },\n    {\n      \"@type\": \"Question\",\n      \"name\": \"Milyen n\u00f6v\u00e9nyek jellemz\u0151k a francia kertekben?\",\n      \"acceptedAnswer\": {\n        \"@type\": \"Answer\",\n        \"text\": \"A francia kerteket a d\u00edszn\u00f6v\u00e9nyek \u00e9s haszonn\u00f6v\u00e9nyek ig\u00e9nyes kever\u00e9ke teszi igaz\u00e1n k\u00fcl\u00f6nlegess\u00e9. K\u00fcl\u00f6n\u00f6sen l\u00e1tv\u00e1nyosak a form\u00e1ra ny\u00edrt bokrok (topi\u00e1ri\u00e1k), melyeket szab\u00e1lyos mint\u00e1kk\u00e1 alak\u00edtanak \u2013 ez ad k\u00fcl\u00f6n\u00f6sen eleg\u00e1ns k\u00fcls\u0151t a kertnek. A gyerty\u00e1n, szil \u00e9s h\u00e1rs f\u00e1k nemcsak a rendezetts\u00e9ghez j\u00e1rulnak hozz\u00e1, hanem \u00e1rny\u00e9kot is adnak.\"\n      }\n    },\n    {\n      \"@type\": \"Question\",\n      \"name\": \"Hogyan jelennek meg a v\u00edzi elemek a francia kertekben?\",\n      \"acceptedAnswer\": {\n        \"@type\": \"Answer\",\n        \"text\": \"A v\u00edzi elemek a francia kertekben nagyon fontosak, hiszen sz\u00e9ps\u00e9get \u00e9s praktikumot is adnak a l\u00e1tv\u00e1nynak. Ilyenek p\u00e9ld\u00e1ul a sz\u00f6k\u0151kutak, csatorn\u00e1k \u00e9s medenc\u00e9k, melyek nemcsak d\u00edsz\u00edtenek, de nyugalmat is sug\u00e1roznak. Ezeket a v\u00edzi elemeket gondosan a kert szerkezet\u00e9be illesztik.\"\n      }\n    },\n    {\n      \"@type\": \"Question\",\n      \"name\": \"Mi\u00e9rt fontos a kem\u00e9nyburkolatok haszn\u00e1lata a francia kerttervez\u00e9sben?\",\n      \"acceptedAnswer\": {\n        \"@type\": \"Answer\",\n        \"text\": \"A francia kertek kem\u00e9nyburkolatai \u2013 p\u00e9ld\u00e1ul a k\u0151falak, kerti utak vagy teraszok \u2013 alapvet\u0151 szerepet j\u00e1tszanak a t\u00e9r rendezetts\u00e9g\u00e9ben \u00e9s tagol\u00e1s\u00e1ban. Ezek az elemek nemcsak l\u00e1tv\u00e1nyosabb\u00e1 teszik a kertet, hanem praktikusabb\u00e1 is. Seg\u00edts\u00e9g\u00fckkel egy\u00e9rtelm\u0171, elk\u00fcl\u00f6n\u00fcl\u0151 r\u00e9szek, \u00fagynevezett kertszob\u00e1k j\u00f6nnek l\u00e9tre.\"\n      }\n    },\n    {\n      \"@type\": \"Question\",\n      \"name\": \"Mi az a parterrekert, \u00e9s hogyan tervezik meg?\",\n      \"acceptedAnswer\": {\n        \"@type\": \"Answer\",\n        \"text\": \"A parterrekert a francia kerttervez\u00e9s egyik legismertebb jellemz\u0151je: ezek a kertek bonyolult, prec\u00edz geometriai mint\u00e1ikkal ragadj\u00e1k meg a tekintetet. A szimmetrikus \u00e1gy\u00e1sokat rendszerint alacsony s\u00f6v\u00e9nyek vagy kavicsos utak szeg\u00e9lyezik. Gyakoriak a n\u00e9gyzet, k\u00f6r vagy csigavonal form\u00e1k.\"\n      }\n    },\n    {\n      \"@type\": \"Question\",\n      \"name\": \"Hogyan csemp\u00e9szhetsz \u00e9l\u00e9nk vir\u00e1gokat egy francia kertbe?\",\n      \"acceptedAnswer\": {\n        \"@type\": \"Answer\",\n        \"text\": \"Az \u00e9l\u00e9nk vir\u00e1gok a francia kertben \u00fagy mutatnak igaz\u00e1n j\u00f3l, ha hagyom\u00e1nyos sz\u00edneket v\u00e1lasztasz, \u00e9s eg\u00e9sz \u00e9vben gondoskodsz a sz\u00ednes vir\u00e1gz\u00e1sr\u00f3l. \u00dcltess olyan szezon\u00e1lis n\u00f6v\u00e9nyeket, mint tulip\u00e1n, n\u00e1rcisz vagy bazsar\u00f3zsa, hogy mindig legyen valami, ami feldobja a kertet. Ezek a sz\u00ednek sz\u00e9pen illenek a bukszus-s\u00f6v\u00e9nyekhez \u00e9s kavicsos \u00f6sv\u00e9nyekhez is.\"\n      }\n    },\n    {\n      \"@type\": \"Question\",\n      \"name\": \"Hogyan alak\u00edthatsz ki \u201ckertszob\u00e1kat\u201d egy francia kertben?\",\n      \"acceptedAnswer\": {\n        \"@type\": \"Answer\",\n        \"text\": \"Ha francia kertedben k\u00fcl\u00f6n\u00e1ll\u00f3 k\u00fclt\u00e9ri szob\u00e1kat szeretn\u00e9l, fontos, hogy minden r\u00e9szletnek saj\u00e1t funkci\u00f3ja legyen, de m\u00e9gis harmoniz\u00e1ljanak egym\u00e1ssal. Ehhez nagy seg\u00edts\u00e9get jelenthetnek a s\u00f6v\u00e9nyek, lugasok vagy pergol\u00e1k, amelyek priv\u00e1tabb \u00e9s rendezettebb tereket hoznak l\u00e9tre. Ha padokat vagy kis k\u00fclt\u00e9ri asztalokkal ell\u00e1tott sarkokat helyezel el, az meghitt helyet k\u00edn\u00e1l pihen\u00e9sre vagy besz\u00e9lget\u00e9sre.\"\n      }\n    },\n    {\n      \"@type\": \"Question\",\n      \"name\": \"Hogyan kapcsol\u00f3dik \u00f6ssze a francia kert a lak\u00f3h\u00e1zzal?\",\n      \"acceptedAnswer\": {\n        \"@type\": \"Answer\",\n        \"text\": \"A francia kerteket \u00fagy tervezik, hogy t\u00f6k\u00e9letesen igazodjanak a h\u00e1zhoz, amely gyakran a kert kompoz\u00edci\u00f3j\u00e1nak k\u00f6zpontj\u00e1ban \u00e1ll. Jellemz\u0151en egy f\u0151\u00fat vezet k\u00f6zvetlen\u00fcl a bej\u00e1ratt\u00f3l a kertbe, \u00edgy az otthon \u00e9s a kert k\u00f6z\u00f6tti \u00e1tmenet term\u00e9szetes \u00e9s eleg\u00e1ns. Ezzel a megold\u00e1ssal a kert finom eleganci\u00e1ja remek\u00fcl illeszkedik az \u00e9p\u00fclet r\u00e9szleteihez is.\"\n      }\n    },\n    {\n      \"@type\": \"Question\",\n      \"name\": \"Hogyan tehetik m\u00e9g szebb\u00e9 a francia kertet az antik \u00e9s vintage elemek?\",\n      \"acceptedAnswer\": {\n        \"@type\": \"Answer\",\n        \"text\": \"Ha antik vagy vintage elemeket viszel be a francia kertedbe, m\u00e9g k\u00fcl\u00f6nlegesebb \u00e9s t\u00f6rt\u00e9nelmi hangulatot adhatsz neki. P\u00e9ld\u00e1ul \u00fajrahasznos\u00edtott macskak\u00f6vekb\u0151l vagy \u00f6reg t\u00e9gl\u00e1b\u00f3l rakott \u00f6sv\u00e9nyekkel hiteles, r\u00e9gi korok hangulat\u00e1t teremtheted meg. A vintage kerti b\u00fatorok, p\u00e9ld\u00e1ul a kov\u00e1csoltvas padok, egyszerre d\u00edsz\u00edtenek \u00e9s k\u00e9nyelmes \u00fcl\u0151helyeket biztos\u00edtanak.\"\n      }\n    },\n    {\n      \"@type\": \"Question\",\n      \"name\": \"Milyen tippek seg\u00edtenek egy francia st\u00edlus\u00fa kert \u00e1pol\u00e1s\u00e1ban?\",\n      \"acceptedAnswer\": {\n        \"@type\": \"Answer\",\n        \"text\": \"A francia st\u00edlus\u00fa kert gondoz\u00e1sa odafigyel\u00e9st \u00e9s k\u00f6vetkezetess\u00e9get k\u00edv\u00e1n, ha azt szeretn\u00e9d, hogy mindig eleg\u00e1ns \u00e9s rendezett maradjon. A bukszuss\u00f6v\u00e9nyek form\u00e1ra metsz\u00e9se folyamatos t\u00f6r\u0151d\u00e9st ig\u00e9nyel, hogy meg\u0151rizz\u00e9k geometrikus alakjukat. Rendszeresen \u00f6nt\u00f6zd a n\u00f6v\u00e9nyeket, m\u00e9g az olyan sz\u00e1razs\u00e1gt\u0171r\u0151 fajt\u00e1kat is, mint a levendula vagy a citrusf\u00e9l\u00e9k.\"\n      }\n    },\n    {\n      \"@type\": \"Question\",\n      \"name\": \"Miben k\u00fcl\u00f6nb\u00f6znek a francia \u00e9s az olasz renesz\u00e1nsz kertek?\",\n      \"acceptedAnswer\": {\n        \"@type\": \"Answer\",\n        \"text\": \"A francia \u00e9s az olasz renesz\u00e1nsz kertek nagyon elt\u00e9r\u0151 st\u00edlust k\u00e9pviselnek \u2013 mindkett\u0151nek megvan a maga saj\u00e1tos sz\u00e9ps\u00e9ge. A francia kerteket a szigor\u00fa szimmetria \u00e9s a geometrikus mint\u00e1k jellemzik: prec\u00edzen elrendezett vir\u00e1g\u00e1gy\u00e1sok \u00e9s form\u00e1ra ny\u00edrt n\u00f6v\u00e9nyek teremtik meg a rend \u00e9s harm\u00f3nia \u00e9rzet\u00e9t. Ezzel szemben az olasz renesz\u00e1nsz kertek ink\u00e1bb kiemelik a term\u00e9szetes t\u00e1j sz\u00e9ps\u00e9g\u00e9t.\"\n      }\n    }\n  ]\n}\n<\/script>\n\n<script type=\"application\/ld+json\">\n{\n  \"@context\": \"https:\/\/schema.org\",\n  \"@type\": \"HowTo\",\n  \"name\": \"Francia kert kialak\u00edt\u00e1sa \u00e9s st\u00edlusjegyei\",\n  \"description\": \"Ismerd meg, hogyan alak\u00edthatsz ki eleg\u00e1ns francia st\u00edlus\u00fa kertet, a szimmetrikus form\u00e1kt\u00f3l a d\u00edsz\u00edt\u0151elemekig.\",\n  \"image\": \"https:\/\/doubletakedecor.com\/uploads\/2025\/08\/french-garden-design-dtd-01.jpg\",\n  \"totalTime\": \"P1D\",\n  \"estimatedCost\": {\n    \"@type\": \"MonetaryAmount\",\n    \"currency\": \"HUF\",\n    \"value\": \"50000\"\n  },\n  \"supply\": [\n    {\n      \"@type\": \"HowToSupply\",\n      \"name\": \"Bukszus (puszp\u00e1ng) bokrok\"\n    },\n    {\n      \"@type\": \"HowToSupply\",\n      \"name\": \"Sz\u00ednes \u00e9vel\u0151 \u00e9s egyny\u00e1ri vir\u00e1gok\"\n    },\n    {\n      \"@type\": \"HowToSupply\",\n      \"name\": \"Kavics, term\u00e9sk\u0151, k\u0151lapok\"\n    },\n    {\n      \"@type\": \"HowToSupply\",\n      \"name\": \"D\u00edszes kasp\u00f3k, cserepek\"\n    },\n    {\n      \"@type\": \"HowToSupply\",\n      \"name\": \"Kerti b\u00fatorok\"\n    },\n    {\n      \"@type\": \"HowToSupply\",\n      \"name\": \"Sz\u00f6k\u0151k\u00fat vagy v\u00edzi elem (opcion\u00e1lis)\"\n    }\n  ],\n  \"tool\": [\n    {\n      \"@type\": \"HowToTool\",\n      \"name\": \"Metsz\u0151oll\u00f3\"\n    },\n    {\n      \"@type\": \"HowToTool\",\n      \"name\": \"Lap\u00e1t\"\n    },\n    {\n      \"@type\": \"HowToTool\",\n      \"name\": \"Kerti gereblye\"\n    }\n  ],\n  \"step\": [\n    {\n      \"@type\": \"HowToStep\",\n      \"name\": \"Tervezd meg a kert szimmetrikus elrendez\u00e9s\u00e9t\",\n      \"text\": \"Rajzold meg a kert f\u0151 tengely\u00e9t \u00e9s a geometrikus mint\u00e1kat. Hat\u00e1rozd meg a parterrek hely\u00e9t, szeg\u00e9lyeket \u00e9s \u00f6sv\u00e9nyeket.\",\n      \"image\": \"https:\/\/doubletakedecor.com\/uploads\/2025\/08\/french-garden-design-dtd-01.jpg\"\n    },\n    {\n      \"@type\": \"HowToStep\",\n      \"name\": \"Alak\u00edtsd ki a partereket \u00e9s s\u00f6v\u00e9nyeket\",\n      \"text\": \"\u00dcltesd el a bukszusbokrokat geometrikus form\u00e1ban, hogy szab\u00e1lyos \u00e1gy\u00e1sok j\u00f6jjenek l\u00e9tre. V\u00e1gd form\u00e1ra \u0151ket metsz\u0151oll\u00f3val.\",\n      \"image\": \"https:\/\/doubletakedecor.com\/uploads\/2025\/08\/french-garden-design-dtd-14.jpg\"\n    },\n    {\n      \"@type\": \"HowToStep\",\n      \"name\": \"Helyezz el kerti utakat \u00e9s burkolatokat\",\n      \"text\": \"Kavicsos vagy k\u0151lapos \u00f6sv\u00e9nyeket k\u00e9sz\u00edts, hogy tagold a kertet \u00e9s k\u00e9nyelmes legyen a k\u00f6zleked\u00e9s. Ezek seg\u00edtenek a szimmetria hangs\u00falyoz\u00e1s\u00e1ban.\",\n      \"image\": \"https:\/\/doubletakedecor.com\/uploads\/2025\/08\/french-garden-design-dtd-13.jpg\"\n    },\n    {\n      \"@type\": \"HowToStep\",\n      \"name\": \"V\u00e1lassz kiemelt f\u00f3kuszpontokat\",\n      \"text\": \"Tervezz k\u00f6zponti d\u00edszeket, p\u00e9ld\u00e1ul sz\u00f6k\u0151kutat, d\u00edszes k\u0151urn\u00e1t vagy kerti padot. Ez er\u0151s\u00edti a kert form\u00e1lis st\u00edlus\u00e1t.\",\n      \"image\": \"https:\/\/doubletakedecor.com\/uploads\/2025\/08\/french-garden-design-dtd-17.jpg\"\n    },\n    {\n      \"@type\": \"HowToStep\",\n      \"name\": \"\u00dcltess gondosan v\u00e1logatott vir\u00e1gokat\",\n      \"text\": \"Haszn\u00e1lj hagyom\u00e1nyos sz\u00edneket: levendula, r\u00f3zsa, hortenzia, narancsf\u00e1k \u00e9s illatos \u00e9vel\u0151k. \u00dcgyelj a sz\u00ednharm\u00f3ni\u00e1ra \u00e9s az eg\u00e9sz \u00e9ves vir\u00e1gz\u00e1sra.\",\n      \"image\": \"https:\/\/doubletakedecor.com\/uploads\/2025\/08\/french-garden-design-dtd-09.jpg\"\n    },\n    {\n      \"@type\": \"HowToStep\",\n      \"name\": \"Helyezz el vintage vagy antik elemeket\",\n      \"text\": \"Vintage kasp\u00f3kkal, r\u00e9gi kerti b\u00fatorokkal, k\u0151ed\u00e9nyekkel k\u00fcl\u00f6nleges hangulatot adsz a kertednek.\",\n      \"image\": \"https:\/\/doubletakedecor.com\/uploads\/2025\/08\/french-garden-design-dtd-23.jpg\"\n    },\n    {\n      \"@type\": \"HowToStep\",\n      \"name\": \"Tartsd karban a kertet rendszeresen\",\n      \"text\": \"Ny\u00edrd a s\u00f6v\u00e9nyeket, gondozd a vir\u00e1g\u00e1gy\u00e1sokat, \u00e9s tartsd tiszt\u00e1n a kavicsos utakat. A rendszeres gondoz\u00e1s biztos\u00edtja a rendezett, eleg\u00e1ns \u00f6sszk\u00e9pet.\",\n      \"image\": \"https:\/\/doubletakedecor.com\/uploads\/2025\/08\/french-garden-design-dtd-29.jpg\"\n    }\n  ]\n}\n<\/script>\n","_links":{"self":[{"href":"https:\/\/doubletakedecor.com\/hu\/wp-json\/wp\/v2\/posts\/5453","targetHints":{"allow":["GET"]}}],"collection":[{"href":"https:\/\/doubletakedecor.com\/hu\/wp-json\/wp\/v2\/posts"}],"about":[{"href":"https:\/\/doubletakedecor.com\/hu\/wp-json\/wp\/v2\/types\/post"}],"author":[{"embeddable":true,"href":"https:\/\/doubletakedecor.com\/hu\/wp-json\/wp\/v2\/users\/12"}],"replies":[{"embeddable":true,"href":"https:\/\/doubletakedecor.com\/hu\/wp-json\/wp\/v2\/comments?post=5453"}],"version-history":[{"count":1,"href":"https:\/\/doubletakedecor.com\/hu\/wp-json\/wp\/v2\/posts\/5453\/revisions"}],"predecessor-version":[{"id":5454,"href":"https:\/\/doubletakedecor.com\/hu\/wp-json\/wp\/v2\/posts\/5453\/revisions\/5454"}],"wp:featuredmedia":[{"embeddable":true,"href":"https:\/\/doubletakedecor.com\/hu\/wp-json\/wp\/v2\/media\/5086"}],"wp:attachment":[{"href":"https:\/\/doubletakedecor.com\/hu\/wp-json\/wp\/v2\/media?parent=5453"}],"wp:term":[{"taxonomy":"category","embeddable":true,"href":"https:\/\/doubletakedecor.com\/hu\/wp-json\/wp\/v2\/categories?post=5453"},{"taxonomy":"post_tag","embeddable":true,"href":"https:\/\/doubletakedecor.com\/hu\/wp-json\/wp\/v2\/tags?post=5453"}],"curies":[{"name":"wp","href":"https:\/\/api.w.org\/{rel}","templated":true}]}}