{"id":5475,"date":"2025-08-12T20:44:32","date_gmt":"2025-08-12T18:44:32","guid":{"rendered":"https:\/\/doubletakedecor.com\/kulteri-dekoraciok\/terasz-fedes-otletek\/"},"modified":"2025-08-13T00:28:01","modified_gmt":"2025-08-12T22:28:01","slug":"terasz-fedes-otletek","status":"publish","type":"post","link":"https:\/\/doubletakedecor.com\/hu\/kulteri-dekoraciok\/terasz-fedes-otletek\/","title":{"rendered":"Kreat\u00edv teraszfed\u00e9s \u00f6tletek, amelyek \u00e1talak\u00edtj\u00e1k a k\u00fclt\u00e9ri ter\u00fcletedet"},"content":{"rendered":"<p>Alak\u00edtsd \u00e1t a k\u00fclt\u00e9ri \u00e9letteredet egy t\u00f6k\u00e9letes teraszfed\u00e9ssel, amely egyszerre st\u00edlusos \u00e9s praktikus. V\u00e1laszthatsz fix \u00e1rny\u00e9kol\u00f3t, ami megb\u00edzhat\u00f3an v\u00e9d a napt\u00f3l, vagy nyeregtet\u0151s megold\u00e1st, ami t\u00f6bb leveg\u0151t \u00e9s term\u00e9szetes f\u00e9nyt enged be \u2013 a lehet\u0151s\u00e9gek sokf\u00e9l\u00e9k, \u00e9s k\u00f6nnyen igaz\u00edthat\u00f3k b\u00e1rmilyen kert elk\u00e9pzel\u00e9s\u00e9hez.<\/p>\n<p>A felhaszn\u00e1lt anyagok nagyon fontosak, ha \u00e1lmaid k\u00fclt\u00e9ri pihen\u0151hely\u00e9t szeretn\u00e9d l\u00e9trehozni. Az alum\u00ednium modern, letisztult hat\u00e1st kelt, r\u00e1ad\u00e1sul kev\u00e9s gondoz\u00e1st ig\u00e9nyel. A c\u00e9drus meleg, rusztikus hangulatot ad, \u00e9s term\u00e9szetesen ellen\u00e1ll az id\u0151j\u00e1r\u00e1s viszontags\u00e1gainak. Ha a rugalmass\u00e1g fontos neked, a textil \u00e1rny\u00e9kol\u00f3k vagy napvitorl\u00e1k \u00e1ll\u00edthat\u00f3 v\u00e9delmet ny\u00fajtanak, \u00e9s rengeteg kreat\u00edv lehet\u0151s\u00e9get biztos\u00edtanak.<\/p>\n<p>A fed\u00e9sen t\u00fal tov\u00e1bbi \u00f6tletekkel m\u00e9g hangulatosabb\u00e1 teheted a teraszt. Egy t\u0171zrak\u00f3 vagy t\u0171zhely kellemes k\u00f6zpontot teremt a h\u0171v\u00f6sebb est\u00e9kre, m\u00edg egy mennyezeti ventil\u00e1tor k\u00e9nyelmesebb\u00e9 teszi a melegebb napokat. D\u00edsz\u00edt\u0151 elemekkel \u2013 p\u00e9ld\u00e1ul k\u00fcl\u00f6nleges mint\u00e1kkal vagy form\u00e1kkal \u2013 igaz\u00e1n szem\u00e9lyess\u00e9 \u00e9s egyediv\u00e9 var\u00e1zsolhatod a tervez\u00e9st.<\/p>\n<p>Ak\u00e1r a modern alum\u00ednium pergol\u00e1k letisztult vonalai vonzanak, ak\u00e1r a klasszikus c\u00e9drusos-oszlopos st\u00edlus tetszik, a megfelel\u0151 teraszfed\u00e9s b\u00e1rmelyik kertb\u0151l b\u00e9k\u00e9s pihen\u0151helyet teremthet. Olcs\u00f3bb, saj\u00e1t kez\u0171leg k\u00e9sz\u00edtett projektekt\u0151l a v\u00e9gleges, profi megold\u00e1sokig sz\u00e9les a v\u00e1laszt\u00e9k. Egy t\u00f6k\u00e9letes, k\u00fclt\u00e9ri o\u00e1zist l\u00e9trehozni mindenkinek el\u00e9rhet\u0151!<\/p>\n<div class=\"kt_block\" id=\"kt_id\">\n<span class=\"kt_headline\">Legfontosabb tudnival\u00f3k<\/span><\/p>\n<ul class=\"kt_post_list\">\n<li><strong>\ud83c\udfe1 Sokoldal\u00fa teraszfed\u00e9sek:<\/strong> A teraszfed\u00e9sek rengeteg v\u00e1ltozatban l\u00e9teznek \u2013 lehetnek fixek, nyeregtet\u0151sek, alum\u00edniumb\u00f3l vagy c\u00e9drusb\u00f3l k\u00e9sz\u00fcltek. Mind m\u00e1s-m\u00e1s el\u0151nnyel j\u00e1r, p\u00e9ld\u00e1ul adnak \u00e1rny\u00e9kot, jav\u00edtj\u00e1k a szell\u0151z\u00e9st vagy d\u00edsz\u00edtik a kertedet.<\/li>\n<li><strong>\ud83d\udee0\ufe0f Anyagv\u00e1laszt\u00e1s sz\u00e1m\u00edt:<\/strong> A megfelel\u0151 anyag \u2013 p\u00e9ld\u00e1ul k\u00f6nnyen karbantarthat\u00f3 alum\u00ednium vagy rusztikus c\u00e9drus \u2013 kulcsfontoss\u00e1g\u00fa, hogy a teraszod tart\u00f3s \u00e9s sz\u00e9p is legyen.<\/li>\n<li><strong>\ud83d\udd25 Plusz k\u00e9nyelmi elemek:<\/strong> Egy kis t\u0171zrak\u00f3 hely, mennyezeti ventil\u00e1tor vagy d\u00edsz\u00edt\u0151 elemek m\u00e9g bar\u00e1ts\u00e1gosabb\u00e1, egyedibb\u00e9 \u00e9s haszn\u00e1lhat\u00f3bb\u00e1 teszik a teraszt eg\u00e9sz \u00e9vben.<\/li>\n<li><strong>\ud83d\udca1 Szem\u00e9lyre szabott design:<\/strong> Legyen sz\u00f3 p\u00e9nzt\u00e1rcabar\u00e1t DIY megold\u00e1sr\u00f3l vagy egyedi kivitelez\u00e9sr\u0151l, a teraszfed\u00e9sek sokf\u00e9le tervez\u00e9si lehet\u0151s\u00e9get k\u00edn\u00e1lnak, hogy igaz\u00e1n t\u00fckr\u00f6zz\u00e9k a st\u00edlusod \u00e9s n\u00f6velj\u00e9k a kerted haszn\u00e1lhat\u00f3s\u00e1g\u00e1t.<\/li>\n<\/ul>\n<\/div>\n<h2>N\u00e1das tet\u0151s kerti \u00e9tkez\u0151pavilon<\/h2>\n<p><img loading=\"lazy\" decoding=\"async\" width=\"700\" height=\"1049\" alt=\"St\u00edlusos k\u00fclt\u00e9ri \u00e9tkez\u0151 n\u00e1dtet\u0151vel, fa asztallal \u00e9s eleg\u00e1ns feh\u00e9r f\u00fcgg\u00f6ny\u00f6kkel, amelyek nyugodt hangulatot teremtenek.\" class=\"aligncenter size-full wp-image-5243\" src=\"https:\/\/doubletakedecor.com\/uploads\/2025\/08\/patio-cover-ideas-dtd-01.jpg\" srcset=\"https:\/\/doubletakedecor.com\/uploads\/2025\/08\/patio-cover-ideas-dtd-01.jpg 700w, https:\/\/doubletakedecor.com\/uploads\/2025\/08\/patio-cover-ideas-dtd-01-200x300.jpg 200w, https:\/\/doubletakedecor.com\/uploads\/2025\/08\/patio-cover-ideas-dtd-01-683x1024.jpg 683w, https:\/\/doubletakedecor.com\/uploads\/2025\/08\/patio-cover-ideas-dtd-01-96x144.jpg 96w, https:\/\/doubletakedecor.com\/uploads\/2025\/08\/patio-cover-ideas-dtd-01-280x420.jpg 280w, https:\/\/doubletakedecor.com\/uploads\/2025\/08\/patio-cover-ideas-dtd-01-320x480.jpg 320w, https:\/\/doubletakedecor.com\/uploads\/2025\/08\/patio-cover-ideas-dtd-01-360x539.jpg 360w, https:\/\/doubletakedecor.com\/uploads\/2025\/08\/patio-cover-ideas-dtd-01-363x544.jpg 363w, https:\/\/doubletakedecor.com\/uploads\/2025\/08\/patio-cover-ideas-dtd-01-370x554.jpg 370w, https:\/\/doubletakedecor.com\/uploads\/2025\/08\/patio-cover-ideas-dtd-01-400x599.jpg 400w, https:\/\/doubletakedecor.com\/uploads\/2025\/08\/patio-cover-ideas-dtd-01-560x839.jpg 560w, https:\/\/doubletakedecor.com\/uploads\/2025\/08\/patio-cover-ideas-dtd-01-480x719.jpg 480w\" sizes=\"auto, (max-width: 700px) 100vw, 700px\" \/><\/p>\n<p>Var\u00e1zsolj eleg\u00e1ns k\u00fclt\u00e9ri \u00e9tkez\u0151sarkot egy n\u00e1dtet\u0151vel, ami finom \u00e1rny\u00e9kot ad, de k\u00f6zben leveg\u0151s marad a t\u00e9r. A tart\u00f3ss\u00e1g \u00e9rdek\u00e9ben v\u00e1lassz k\u0151 burkolatot, \u00e9s tegy\u00e9l fel feh\u00e9r f\u00fcgg\u00f6ny\u00f6ket, hogy b\u00e1rmikor biztos\u00edthasd a priv\u00e1t szf\u00e9r\u00e1t. Egy sz\u0151nyeg feldobja, puh\u00edtja a kem\u00e9ny fel\u00fcleteket, a fa b\u00fatorokat pedig p\u00e1rn\u00e1s \u00fcl\u0151k\u00e9kkel tedd igaz\u00e1n k\u00e9nyelmess\u00e9.<\/p>\n<h2>N\u00f6v\u00e9nyekkel teli pergol\u00e1s pihen\u0151sarok<\/h2>\n<p><img loading=\"lazy\" decoding=\"async\" width=\"700\" height=\"1049\" alt=\"Hangulatos k\u00fclt\u00e9ri kanap\u00e9, fonott fotelek \u00e9s vir\u00e1gos p\u00e1rn\u00e1k pergola alatt, rengeteg z\u00f6ld n\u00f6v\u00e9ny k\u00f6zt\" class=\"aligncenter size-full wp-image-5249\" src=\"https:\/\/doubletakedecor.com\/uploads\/2025\/08\/patio-cover-ideas-dtd-02.jpg\" srcset=\"https:\/\/doubletakedecor.com\/uploads\/2025\/08\/patio-cover-ideas-dtd-02.jpg 700w, https:\/\/doubletakedecor.com\/uploads\/2025\/08\/patio-cover-ideas-dtd-02-200x300.jpg 200w, https:\/\/doubletakedecor.com\/uploads\/2025\/08\/patio-cover-ideas-dtd-02-683x1024.jpg 683w, https:\/\/doubletakedecor.com\/uploads\/2025\/08\/patio-cover-ideas-dtd-02-96x144.jpg 96w, https:\/\/doubletakedecor.com\/uploads\/2025\/08\/patio-cover-ideas-dtd-02-280x420.jpg 280w, https:\/\/doubletakedecor.com\/uploads\/2025\/08\/patio-cover-ideas-dtd-02-320x480.jpg 320w, https:\/\/doubletakedecor.com\/uploads\/2025\/08\/patio-cover-ideas-dtd-02-360x539.jpg 360w, https:\/\/doubletakedecor.com\/uploads\/2025\/08\/patio-cover-ideas-dtd-02-363x544.jpg 363w, https:\/\/doubletakedecor.com\/uploads\/2025\/08\/patio-cover-ideas-dtd-02-370x554.jpg 370w, https:\/\/doubletakedecor.com\/uploads\/2025\/08\/patio-cover-ideas-dtd-02-400x599.jpg 400w, https:\/\/doubletakedecor.com\/uploads\/2025\/08\/patio-cover-ideas-dtd-02-560x839.jpg 560w, https:\/\/doubletakedecor.com\/uploads\/2025\/08\/patio-cover-ideas-dtd-02-480x719.jpg 480w\" sizes=\"auto, (max-width: 700px) 100vw, 700px\" \/><\/p>\n<p>Alak\u00edts ki tr\u00f3pusi hangulat\u00fa pihen\u0151t fonott b\u00fatorokkal, vid\u00e1m, vir\u00e1gmint\u00e1s p\u00e1rn\u00e1kkal. Rendezd el a kanap\u00e9t \u00e9s a foteleket egy k\u00f6zponti asztal k\u00f6r\u00e9, hogy j\u00f3l lehessen besz\u00e9lgetni. Egy pergola kell\u0151 \u00e1rny\u00e9kot ad, a k\u0151mint\u00e1s burkolat pedig igaz\u00e1n tart\u00f3s. Sok cserepes n\u00f6v\u00e9nnyel m\u00e9g term\u00e9szetk\u00f6zelibb lesz a hangulat.<\/p>\n<h2>Modern f\u00e9m pergola \u00e1tl\u00e1tsz\u00f3 tet\u0151vel<\/h2>\n<p><img loading=\"lazy\" decoding=\"async\" width=\"700\" height=\"1049\" alt=\"Letisztult f\u00e9m pergola \u00e1tl\u00e1tsz\u00f3 tet\u0151vel, amely alatt fa \u00e9tkez\u0151asztal \u00e1ll, t\u00e9rk\u00f6ves teraszon, s\u00f6t\u00e9t t\u00e9gla h\u00e1z mellett.\" class=\"aligncenter size-full wp-image-5255\" src=\"https:\/\/doubletakedecor.com\/uploads\/2025\/08\/patio-cover-ideas-dtd-03.jpg\" srcset=\"https:\/\/doubletakedecor.com\/uploads\/2025\/08\/patio-cover-ideas-dtd-03.jpg 700w, https:\/\/doubletakedecor.com\/uploads\/2025\/08\/patio-cover-ideas-dtd-03-200x300.jpg 200w, https:\/\/doubletakedecor.com\/uploads\/2025\/08\/patio-cover-ideas-dtd-03-683x1024.jpg 683w, https:\/\/doubletakedecor.com\/uploads\/2025\/08\/patio-cover-ideas-dtd-03-96x144.jpg 96w, https:\/\/doubletakedecor.com\/uploads\/2025\/08\/patio-cover-ideas-dtd-03-280x420.jpg 280w, https:\/\/doubletakedecor.com\/uploads\/2025\/08\/patio-cover-ideas-dtd-03-320x480.jpg 320w, https:\/\/doubletakedecor.com\/uploads\/2025\/08\/patio-cover-ideas-dtd-03-360x539.jpg 360w, https:\/\/doubletakedecor.com\/uploads\/2025\/08\/patio-cover-ideas-dtd-03-363x544.jpg 363w, https:\/\/doubletakedecor.com\/uploads\/2025\/08\/patio-cover-ideas-dtd-03-370x554.jpg 370w, https:\/\/doubletakedecor.com\/uploads\/2025\/08\/patio-cover-ideas-dtd-03-400x599.jpg 400w, https:\/\/doubletakedecor.com\/uploads\/2025\/08\/patio-cover-ideas-dtd-03-560x839.jpg 560w, https:\/\/doubletakedecor.com\/uploads\/2025\/08\/patio-cover-ideas-dtd-03-480x719.jpg 480w\" sizes=\"auto, (max-width: 700px) 100vw, 700px\" \/><\/p>\n<p>Szerelj fel egy modern f\u00e9m pergol\u00e1t \u00e1tl\u00e1tsz\u00f3 tet\u0151vel, \u00edgy v\u00e9dett lesz az \u00e9tkez\u0151sarok, de nem vesz\u00edted el a term\u00e9szetes f\u00e9nyt. A nagy, n\u00e9gyzetes t\u00e9rk\u00f6vek letisztult alapot adnak, a fa b\u00fatorok pedig melegs\u00e9get visznek bele. Az \u00fcveges ajt\u00f3k mell\u00e9 \u00e9rdemes tenni, \u00edgy szinte eggy\u00e9 olvad a bels\u0151 \u00e9s a k\u00fcls\u0151 t\u00e9r \u2013 ide\u00e1lis bar\u00e1ti \u00f6sszej\u00f6vetelekhez.<\/p>\n<h2>Modern pergola \u00e9tkez\u0151vel<\/h2>\n<p><img loading=\"lazy\" decoding=\"async\" width=\"700\" height=\"1049\" alt=\"Kort\u00e1rs terasz, fa \u00e9tkez\u0151garnit\u00far\u00e1val egy \u00e1rny\u00e9kos pergola alatt, modern h\u00e1z \u00e9s magas d\u00edszf\u0171vek k\u00f6zt.\" class=\"aligncenter size-full wp-image-5261\" src=\"https:\/\/doubletakedecor.com\/uploads\/2025\/08\/patio-cover-ideas-dtd-04.jpg\" srcset=\"https:\/\/doubletakedecor.com\/uploads\/2025\/08\/patio-cover-ideas-dtd-04.jpg 700w, https:\/\/doubletakedecor.com\/uploads\/2025\/08\/patio-cover-ideas-dtd-04-200x300.jpg 200w, https:\/\/doubletakedecor.com\/uploads\/2025\/08\/patio-cover-ideas-dtd-04-683x1024.jpg 683w, https:\/\/doubletakedecor.com\/uploads\/2025\/08\/patio-cover-ideas-dtd-04-96x144.jpg 96w, https:\/\/doubletakedecor.com\/uploads\/2025\/08\/patio-cover-ideas-dtd-04-280x420.jpg 280w, https:\/\/doubletakedecor.com\/uploads\/2025\/08\/patio-cover-ideas-dtd-04-320x480.jpg 320w, https:\/\/doubletakedecor.com\/uploads\/2025\/08\/patio-cover-ideas-dtd-04-360x539.jpg 360w, https:\/\/doubletakedecor.com\/uploads\/2025\/08\/patio-cover-ideas-dtd-04-363x544.jpg 363w, https:\/\/doubletakedecor.com\/uploads\/2025\/08\/patio-cover-ideas-dtd-04-370x554.jpg 370w, https:\/\/doubletakedecor.com\/uploads\/2025\/08\/patio-cover-ideas-dtd-04-400x599.jpg 400w, https:\/\/doubletakedecor.com\/uploads\/2025\/08\/patio-cover-ideas-dtd-04-560x839.jpg 560w, https:\/\/doubletakedecor.com\/uploads\/2025\/08\/patio-cover-ideas-dtd-04-480x719.jpg 480w\" sizes=\"auto, (max-width: 700px) 100vw, 700px\" \/><\/p>\n<p>Modern k\u00fclt\u00e9ri \u00e9letteret teremthetsz egy letisztult pergol\u00e1val a teraszodon. Helyezz al\u00e1 f\u00e1b\u00f3l k\u00e9sz\u00fclt \u00e9tkez\u0151asztalt, hogy b\u00e1rmilyen alkalomra megfelel\u0151 legyen. \u00dcltesd k\u00f6rbe kev\u00e9s gondoz\u00e1st ig\u00e9nyl\u0151 d\u00edszf\u00fcvekkel, \u00edgy egyszerre \u00e9lvezheted az \u00e1rny\u00e9kot \u00e9s a sz\u00e9p l\u00e1tv\u00e1nyt, mik\u00f6zben a t\u00e9r nyitott \u00e9s leveg\u0151s marad minden \u00e9vszakban.<\/p>\n<h2>Lamell\u00e1s fa pergola az \u00e9tkez\u0151terasz f\u00f6l\u00f6tt<\/h2>\n<p><img loading=\"lazy\" decoding=\"async\" width=\"700\" height=\"1049\" alt=\"T\u00e1gas fa terasz, modern lamell\u00e1s tet\u0151vel, ami \u00e1rny\u00e9kol egy \u00e9tkez\u0151sarkot, term\u00e9szetes k\u00f6rnyezetben.\" class=\"aligncenter size-full wp-image-5267\" src=\"https:\/\/doubletakedecor.com\/uploads\/2025\/08\/patio-cover-ideas-dtd-05.jpg\" srcset=\"https:\/\/doubletakedecor.com\/uploads\/2025\/08\/patio-cover-ideas-dtd-05.jpg 700w, https:\/\/doubletakedecor.com\/uploads\/2025\/08\/patio-cover-ideas-dtd-05-200x300.jpg 200w, https:\/\/doubletakedecor.com\/uploads\/2025\/08\/patio-cover-ideas-dtd-05-683x1024.jpg 683w, https:\/\/doubletakedecor.com\/uploads\/2025\/08\/patio-cover-ideas-dtd-05-96x144.jpg 96w, https:\/\/doubletakedecor.com\/uploads\/2025\/08\/patio-cover-ideas-dtd-05-280x420.jpg 280w, https:\/\/doubletakedecor.com\/uploads\/2025\/08\/patio-cover-ideas-dtd-05-320x480.jpg 320w, https:\/\/doubletakedecor.com\/uploads\/2025\/08\/patio-cover-ideas-dtd-05-360x539.jpg 360w, https:\/\/doubletakedecor.com\/uploads\/2025\/08\/patio-cover-ideas-dtd-05-363x544.jpg 363w, https:\/\/doubletakedecor.com\/uploads\/2025\/08\/patio-cover-ideas-dtd-05-370x554.jpg 370w, https:\/\/doubletakedecor.com\/uploads\/2025\/08\/patio-cover-ideas-dtd-05-400x599.jpg 400w, https:\/\/doubletakedecor.com\/uploads\/2025\/08\/patio-cover-ideas-dtd-05-560x839.jpg 560w, https:\/\/doubletakedecor.com\/uploads\/2025\/08\/patio-cover-ideas-dtd-05-480x719.jpg 480w\" sizes=\"auto, (max-width: 700px) 100vw, 700px\" \/><\/p>\n<p>Biztos\u00edts egyens\u00falyt f\u00e9ny \u00e9s \u00e1rny\u00e9k k\u00f6z\u00f6tt egy fa lamell\u00e1s pergol\u00e1val, ami megsz\u0171ri a napf\u00e9nyt, de v\u00e9detts\u00e9get is ad. Helyezd az \u00e9tkez\u0151asztalt k\u00f6zvetlen\u00fcl al\u00e1 a praktikum miatt! V\u00e1lassz meleg \u00e1rnyalat\u00fa fa burkolatot, hogy sz\u00e9pen illeszkedjen a term\u00e9szethez, \u00e9s szinte \u00e9szrev\u00e9tlen\u00fcl kapcsol\u00f3djon a kinti \u00e9s benti r\u00e9sz. Ez a megold\u00e1s k\u00fcl\u00f6n\u00f6sen nagyobb teraszokon mutat j\u00f3l.<\/p>\n<h2>Feh\u00e9r pergola k\u00e9nyelmes \u00fcl\u0151hellyel<\/h2>\n<p><img loading=\"lazy\" decoding=\"async\" width=\"700\" height=\"1049\" alt=\"Hangulatos fa terasz feh\u00e9r pergol\u00e1val, fa doh\u00e1nyz\u00f3asztallal \u00e9s p\u00e1rn\u00e1zott \u00fcl\u0151alkalmatoss\u00e1gokkal, z\u00f6ld n\u00f6v\u00e9nyek k\u00f6z\u00f6tt.\" class=\"aligncenter size-full wp-image-5273\" src=\"https:\/\/doubletakedecor.com\/uploads\/2025\/08\/patio-cover-ideas-dtd-06.jpg\" srcset=\"https:\/\/doubletakedecor.com\/uploads\/2025\/08\/patio-cover-ideas-dtd-06.jpg 700w, https:\/\/doubletakedecor.com\/uploads\/2025\/08\/patio-cover-ideas-dtd-06-200x300.jpg 200w, https:\/\/doubletakedecor.com\/uploads\/2025\/08\/patio-cover-ideas-dtd-06-683x1024.jpg 683w, https:\/\/doubletakedecor.com\/uploads\/2025\/08\/patio-cover-ideas-dtd-06-96x144.jpg 96w, https:\/\/doubletakedecor.com\/uploads\/2025\/08\/patio-cover-ideas-dtd-06-280x420.jpg 280w, https:\/\/doubletakedecor.com\/uploads\/2025\/08\/patio-cover-ideas-dtd-06-320x480.jpg 320w, https:\/\/doubletakedecor.com\/uploads\/2025\/08\/patio-cover-ideas-dtd-06-360x539.jpg 360w, https:\/\/doubletakedecor.com\/uploads\/2025\/08\/patio-cover-ideas-dtd-06-363x544.jpg 363w, https:\/\/doubletakedecor.com\/uploads\/2025\/08\/patio-cover-ideas-dtd-06-370x554.jpg 370w, https:\/\/doubletakedecor.com\/uploads\/2025\/08\/patio-cover-ideas-dtd-06-400x599.jpg 400w, https:\/\/doubletakedecor.com\/uploads\/2025\/08\/patio-cover-ideas-dtd-06-560x839.jpg 560w, https:\/\/doubletakedecor.com\/uploads\/2025\/08\/patio-cover-ideas-dtd-06-480x719.jpg 480w\" sizes=\"auto, (max-width: 700px) 100vw, 700px\" \/><\/p>\n<p>Dobd fel k\u00fclt\u00e9ri \u00e9letteredet egy l\u00e1tv\u00e1nyos, feh\u00e9r pergol\u00e1val, ami eg\u00e9szs\u00e9gesen keveri az \u00e1rny\u00e9kot \u00e9s a napf\u00e9nyt. Rendezz k\u00f6r\u00e9 k\u00e9nyelmes \u00fcl\u0151helyeket sok, puha d\u00edszp\u00e1rn\u00e1val, \u00e9s tegy\u00e9l a k\u00f6zep\u00e9re egy massz\u00edv fa asztalt. \u00dagy helyezd el a b\u00fatorokat, hogy j\u00f3kat lehessen besz\u00e9lgetni, \u00e9s az \u00fcvegajt\u00f3n kereszt\u00fcl k\u00f6nnyen \u00e1tj\u00e1rhass a h\u00e1zb\u00f3l a teraszra.<\/p>\n<h2>Rusztikus terrakotta terasz fedett verand\u00e1val<\/h2>\n<p><img loading=\"lazy\" decoding=\"async\" width=\"700\" height=\"1049\" alt=\"B\u00e1jos k\u00fclt\u00e9ri terasz terrakotta burkolattal, fa asztallal \u00e9s kov\u00e1csoltvas sz\u00e9kekkel egy feh\u00e9r gerend\u00e1s mennyezet alatt, n\u00f6v\u00e9nyekkel k\u00f6r\u00fclv\u00e9ve.\" class=\"aligncenter size-full wp-image-5279\" src=\"https:\/\/doubletakedecor.com\/uploads\/2025\/08\/patio-cover-ideas-dtd-07.jpg\" srcset=\"https:\/\/doubletakedecor.com\/uploads\/2025\/08\/patio-cover-ideas-dtd-07.jpg 700w, https:\/\/doubletakedecor.com\/uploads\/2025\/08\/patio-cover-ideas-dtd-07-200x300.jpg 200w, https:\/\/doubletakedecor.com\/uploads\/2025\/08\/patio-cover-ideas-dtd-07-683x1024.jpg 683w, https:\/\/doubletakedecor.com\/uploads\/2025\/08\/patio-cover-ideas-dtd-07-96x144.jpg 96w, https:\/\/doubletakedecor.com\/uploads\/2025\/08\/patio-cover-ideas-dtd-07-280x420.jpg 280w, https:\/\/doubletakedecor.com\/uploads\/2025\/08\/patio-cover-ideas-dtd-07-320x480.jpg 320w, https:\/\/doubletakedecor.com\/uploads\/2025\/08\/patio-cover-ideas-dtd-07-360x539.jpg 360w, https:\/\/doubletakedecor.com\/uploads\/2025\/08\/patio-cover-ideas-dtd-07-363x544.jpg 363w, https:\/\/doubletakedecor.com\/uploads\/2025\/08\/patio-cover-ideas-dtd-07-370x554.jpg 370w, https:\/\/doubletakedecor.com\/uploads\/2025\/08\/patio-cover-ideas-dtd-07-400x599.jpg 400w, https:\/\/doubletakedecor.com\/uploads\/2025\/08\/patio-cover-ideas-dtd-07-560x839.jpg 560w, https:\/\/doubletakedecor.com\/uploads\/2025\/08\/patio-cover-ideas-dtd-07-480x719.jpg 480w\" sizes=\"auto, (max-width: 700px) 100vw, 700px\" \/><\/p>\n<p>Kombin\u00e1ld a terrakotta j\u00e1r\u00f3lapokat egy feh\u00e9r gerend\u00e1s mennyezettel, \u00edgy egyszerre lesz klasszikus \u00e9s modern a verand\u00e1d. A kov\u00e1csoltvas sz\u00e9keket p\u00e1rn\u00e1kkal teheted m\u00e9g k\u00e9nyelmesebb\u00e9. Tegy\u00e9l k\u00f6rbe cserepes n\u00f6v\u00e9nyeket, hogy l\u00e1gyabb legyen a t\u00e9r, \u00e9s term\u00e9szetes hat\u00e1s\u00fa keret alakuljon ki. B\u00e1rmilyen id\u0151ben haszn\u00e1lhatod ezt a megold\u00e1st, igazi eg\u00e9sz \u00e9ves k\u00f6z\u00f6ss\u00e9gi t\u00e9r.<\/p>\n<h2>Eleg\u00e1ns k\u00fclt\u00e9ri pihen\u0151sarok f\u00fcgg\u00f6nnyel<\/h2>\n<p><img loading=\"lazy\" decoding=\"async\" width=\"700\" height=\"1049\" alt=\"Fedett terasz piros p\u00e1rn\u00e1s \u00fcl\u0151hellyel, feh\u00e9r l\u00e9gies f\u00fcgg\u00f6nnyel, sok z\u00f6lddel \u00e9s k\u0151utakkal egy kerti k\u00f6rnyezetben.\" class=\"aligncenter size-full wp-image-5285\" src=\"https:\/\/doubletakedecor.com\/uploads\/2025\/08\/patio-cover-ideas-dtd-08.jpg\" srcset=\"https:\/\/doubletakedecor.com\/uploads\/2025\/08\/patio-cover-ideas-dtd-08.jpg 700w, https:\/\/doubletakedecor.com\/uploads\/2025\/08\/patio-cover-ideas-dtd-08-200x300.jpg 200w, https:\/\/doubletakedecor.com\/uploads\/2025\/08\/patio-cover-ideas-dtd-08-683x1024.jpg 683w, https:\/\/doubletakedecor.com\/uploads\/2025\/08\/patio-cover-ideas-dtd-08-96x144.jpg 96w, https:\/\/doubletakedecor.com\/uploads\/2025\/08\/patio-cover-ideas-dtd-08-280x420.jpg 280w, https:\/\/doubletakedecor.com\/uploads\/2025\/08\/patio-cover-ideas-dtd-08-320x480.jpg 320w, https:\/\/doubletakedecor.com\/uploads\/2025\/08\/patio-cover-ideas-dtd-08-360x539.jpg 360w, https:\/\/doubletakedecor.com\/uploads\/2025\/08\/patio-cover-ideas-dtd-08-363x544.jpg 363w, https:\/\/doubletakedecor.com\/uploads\/2025\/08\/patio-cover-ideas-dtd-08-370x554.jpg 370w, https:\/\/doubletakedecor.com\/uploads\/2025\/08\/patio-cover-ideas-dtd-08-400x599.jpg 400w, https:\/\/doubletakedecor.com\/uploads\/2025\/08\/patio-cover-ideas-dtd-08-560x839.jpg 560w, https:\/\/doubletakedecor.com\/uploads\/2025\/08\/patio-cover-ideas-dtd-08-480x719.jpg 480w\" sizes=\"auto, (max-width: 700px) 100vw, 700px\" \/><\/p>\n<p>Tedd priv\u00e1tt\u00e1 \u00e9s \u00e9lvezhet\u0151v\u00e9 teraszodat f\u00e9lig \u00e1tl\u00e1tsz\u00f3, feh\u00e9r f\u00fcgg\u00f6ny\u00f6kkel, amelyek v\u00e9denek a napt\u00f3l is. V\u00e1lassz k\u00e9nyelmes \u00fcl\u0151helyeket, \u00e9s helyezz el n\u00f6v\u00e9nyeket, hogy olyan legyen a hangulat, mint egy nyaral\u00f3ban. A kerti utak \u00f6ssze is tudj\u00e1k k\u00f6tni a ter\u00fclet k\u00fcl\u00f6nb\u00f6z\u0151 r\u00e9szeit, a v\u00edztakar\u00e9kos pozsg\u00e1sn\u00f6v\u00e9nyek pedig kev\u00e9s gondoz\u00e1st ig\u00e9nyelnek, \u00e9s j\u00f3l b\u00edrj\u00e1k a t\u0171z\u0151 napot.<\/p>\n<h2>\u00cdves pergola \u00e1ttetsz\u0151 tet\u0151vel<\/h2>\n<p><img loading=\"lazy\" decoding=\"async\" width=\"700\" height=\"1050\" alt=\"St\u00edlusos \u00edvelt pergola \u00e1ttetsz\u0151 tet\u0151vel, kerek \u00e9tkez\u0151asztallal \u00e9s n\u00e9gy f\u00e9msz\u00e9kkel k\u0151burkolaton, buja kertben.\" class=\"aligncenter size-full wp-image-5291\" src=\"https:\/\/doubletakedecor.com\/uploads\/2025\/08\/patio-cover-ideas-dtd-09.jpg\" srcset=\"https:\/\/doubletakedecor.com\/uploads\/2025\/08\/patio-cover-ideas-dtd-09.jpg 700w, https:\/\/doubletakedecor.com\/uploads\/2025\/08\/patio-cover-ideas-dtd-09-200x300.jpg 200w, https:\/\/doubletakedecor.com\/uploads\/2025\/08\/patio-cover-ideas-dtd-09-683x1024.jpg 683w, https:\/\/doubletakedecor.com\/uploads\/2025\/08\/patio-cover-ideas-dtd-09-96x144.jpg 96w, https:\/\/doubletakedecor.com\/uploads\/2025\/08\/patio-cover-ideas-dtd-09-280x420.jpg 280w, https:\/\/doubletakedecor.com\/uploads\/2025\/08\/patio-cover-ideas-dtd-09-320x480.jpg 320w, https:\/\/doubletakedecor.com\/uploads\/2025\/08\/patio-cover-ideas-dtd-09-360x540.jpg 360w, https:\/\/doubletakedecor.com\/uploads\/2025\/08\/patio-cover-ideas-dtd-09-363x545.jpg 363w, https:\/\/doubletakedecor.com\/uploads\/2025\/08\/patio-cover-ideas-dtd-09-370x555.jpg 370w, https:\/\/doubletakedecor.com\/uploads\/2025\/08\/patio-cover-ideas-dtd-09-400x600.jpg 400w, https:\/\/doubletakedecor.com\/uploads\/2025\/08\/patio-cover-ideas-dtd-09-560x840.jpg 560w, https:\/\/doubletakedecor.com\/uploads\/2025\/08\/patio-cover-ideas-dtd-09-480x720.jpg 480w\" sizes=\"auto, (max-width: 700px) 100vw, 700px\" \/><\/p>\n<p>Alkoss eleg\u00e1ns kerti \u00e9tkez\u0151t egy \u00edves, \u00e1ttetsz\u0151 tet\u0151s pergol\u00e1val. Ennek a tet\u0151nek k\u00f6sz\u00f6nhet\u0151en vil\u00e1gos marad a hely, de v\u00e9d az es\u0151t\u0151l \u00e9s a napt\u00f3l. V\u00e1lassz kerek \u00e9tkez\u0151asztalt \u00e9s hozz\u00e1ill\u0151 sz\u00e9keket az egys\u00e9ges megjelen\u00e9s\u00e9rt, \u00e1ll\u00edtsd az eg\u00e9sz egy\u00fcttest a grillez\u0151h\u00f6z k\u00f6zel, hogy k\u00e9nyelmes legyen a kinti f\u0151z\u00e9s. A vil\u00e1gos sz\u00edn\u0171 k\u0151burkolat t\u00f6bb f\u00e9nyt ad, \u00e9s k\u00f6nnyebb tiszt\u00e1n tartani, mint a s\u00f6t\u00e9tet.<\/p>\n<h2>Modern \u00fcveges kerti pavilon<\/h2>\n<p><img loading=\"lazy\" decoding=\"async\" width=\"700\" height=\"1050\" alt=\"Letisztult fekete v\u00e1zas \u00fcvegpavilon feh\u00e9r, minimalista b\u00fatorokkal, z\u00f6ld kertben, l\u00e9p\u0151k\u00f6vekkel a bej\u00e1rathoz.\" class=\"aligncenter size-full wp-image-5297\" src=\"https:\/\/doubletakedecor.com\/uploads\/2025\/08\/patio-cover-ideas-dtd-10.jpg\" srcset=\"https:\/\/doubletakedecor.com\/uploads\/2025\/08\/patio-cover-ideas-dtd-10.jpg 700w, https:\/\/doubletakedecor.com\/uploads\/2025\/08\/patio-cover-ideas-dtd-10-200x300.jpg 200w, https:\/\/doubletakedecor.com\/uploads\/2025\/08\/patio-cover-ideas-dtd-10-683x1024.jpg 683w, https:\/\/doubletakedecor.com\/uploads\/2025\/08\/patio-cover-ideas-dtd-10-96x144.jpg 96w, https:\/\/doubletakedecor.com\/uploads\/2025\/08\/patio-cover-ideas-dtd-10-280x420.jpg 280w, https:\/\/doubletakedecor.com\/uploads\/2025\/08\/patio-cover-ideas-dtd-10-320x480.jpg 320w, https:\/\/doubletakedecor.com\/uploads\/2025\/08\/patio-cover-ideas-dtd-10-360x540.jpg 360w, https:\/\/doubletakedecor.com\/uploads\/2025\/08\/patio-cover-ideas-dtd-10-363x545.jpg 363w, https:\/\/doubletakedecor.com\/uploads\/2025\/08\/patio-cover-ideas-dtd-10-370x555.jpg 370w, https:\/\/doubletakedecor.com\/uploads\/2025\/08\/patio-cover-ideas-dtd-10-400x600.jpg 400w, https:\/\/doubletakedecor.com\/uploads\/2025\/08\/patio-cover-ideas-dtd-10-560x840.jpg 560w, https:\/\/doubletakedecor.com\/uploads\/2025\/08\/patio-cover-ideas-dtd-10-480x720.jpg 480w\" sizes=\"auto, (max-width: 700px) 100vw, 700px\" \/><\/p>\n<p>Hozz l\u00e9tre egy modern, eleg\u00e1ns kerti pihen\u0151t \u00fcvegfalas pavilonnal \u00e9s fekete f\u00e9m v\u00e1zzal. \u00c1ll\u00edtsd a kert k\u00f6z\u00e9ppontj\u00e1ba, k\u00e9nyelmes b\u00fatorokkal rendezd be, \u00edgy eg\u00e9sz \u00e9vben \u00f6r\u00f6m lesz haszn\u00e1lni. L\u00e9p\u0151k\u00f6vekkel tedd k\u00f6nnyen megk\u00f6zel\u00edthet\u0151v\u00e9, k\u00f6rben n\u00f6v\u00e9nyekkel \u00e1rny\u00e9kolhatod. \u00cdgy igaz\u00e1n szoros lesz a kapcsolat a kinti \u00e9s a benti terek k\u00f6z\u00f6tt.<\/p>\n<h2>T\u00f3parti pergol\u00e1s pihen\u0151<\/h2>\n<p><img loading=\"lazy\" decoding=\"async\" width=\"700\" height=\"1050\" alt=\"St\u00edlusos \u00e1rny\u00e9kolt terasz fonott b\u00fatorokkal, kil\u00e1t\u00e1ssal a nyugodt t\u00f3ra, eleg\u00e1ns oszlopokkal \u00e9s f\u00fcgg\u0151 l\u00e1mp\u00e1val.\" class=\"aligncenter size-full wp-image-5303\" src=\"https:\/\/doubletakedecor.com\/uploads\/2025\/08\/patio-cover-ideas-dtd-11.jpg\" srcset=\"https:\/\/doubletakedecor.com\/uploads\/2025\/08\/patio-cover-ideas-dtd-11.jpg 700w, https:\/\/doubletakedecor.com\/uploads\/2025\/08\/patio-cover-ideas-dtd-11-200x300.jpg 200w, https:\/\/doubletakedecor.com\/uploads\/2025\/08\/patio-cover-ideas-dtd-11-683x1024.jpg 683w, https:\/\/doubletakedecor.com\/uploads\/2025\/08\/patio-cover-ideas-dtd-11-96x144.jpg 96w, https:\/\/doubletakedecor.com\/uploads\/2025\/08\/patio-cover-ideas-dtd-11-280x420.jpg 280w, https:\/\/doubletakedecor.com\/uploads\/2025\/08\/patio-cover-ideas-dtd-11-320x480.jpg 320w, https:\/\/doubletakedecor.com\/uploads\/2025\/08\/patio-cover-ideas-dtd-11-360x540.jpg 360w, https:\/\/doubletakedecor.com\/uploads\/2025\/08\/patio-cover-ideas-dtd-11-363x545.jpg 363w, https:\/\/doubletakedecor.com\/uploads\/2025\/08\/patio-cover-ideas-dtd-11-370x555.jpg 370w, https:\/\/doubletakedecor.com\/uploads\/2025\/08\/patio-cover-ideas-dtd-11-400x600.jpg 400w, https:\/\/doubletakedecor.com\/uploads\/2025\/08\/patio-cover-ideas-dtd-11-560x840.jpg 560w, https:\/\/doubletakedecor.com\/uploads\/2025\/08\/patio-cover-ideas-dtd-11-480x720.jpg 480w\" sizes=\"auto, (max-width: 700px) 100vw, 700px\" \/><\/p>\n<p>Alak\u00edts ki nyugodt k\u00fclt\u00e9ri nappalit egy klasszikus, oszlopos pergol\u00e1val, amely sz\u00e9pen keretezi a v\u00edzre n\u00e9z\u0151 kil\u00e1t\u00e1st. V\u00e1lassz id\u0151j\u00e1r\u00e1s\u00e1ll\u00f3 fonott b\u00fatorokat k\u00e9nyelmes p\u00e1rn\u00e1kkal, hogy igaz\u00e1n pihentet\u0151 legyen a hely. A f\u00fcgg\u0151 l\u00e1mp\u00e1k hangulatos megvil\u00e1g\u00edt\u00e1st adnak este is. \u00dagy rendezd el az \u00fcl\u0151helyeket, hogy mindenki \u00e9lvezhesse a kil\u00e1t\u00e1st, de j\u00f3l lehessen besz\u00e9lgetni is.<\/p>\n<h2>Pergol\u00e1val fedett terasz medencekapcsolattal<\/h2>\n<p><img loading=\"lazy\" decoding=\"async\" width=\"700\" height=\"1049\" alt=\"Modern k\u00fclt\u00e9ri \u00e9lett\u00e9r fa pergol\u00e1val, L-alak\u00fa kanap\u00e9val, hangulatos k\u0151burkolattal \u00e9s kil\u00e1t\u00e1ssal a medenc\u00e9re.\" class=\"aligncenter size-full wp-image-5309\" src=\"https:\/\/doubletakedecor.com\/uploads\/2025\/08\/patio-cover-ideas-dtd-12.jpg\" srcset=\"https:\/\/doubletakedecor.com\/uploads\/2025\/08\/patio-cover-ideas-dtd-12.jpg 700w, https:\/\/doubletakedecor.com\/uploads\/2025\/08\/patio-cover-ideas-dtd-12-200x300.jpg 200w, https:\/\/doubletakedecor.com\/uploads\/2025\/08\/patio-cover-ideas-dtd-12-683x1024.jpg 683w, https:\/\/doubletakedecor.com\/uploads\/2025\/08\/patio-cover-ideas-dtd-12-96x144.jpg 96w, https:\/\/doubletakedecor.com\/uploads\/2025\/08\/patio-cover-ideas-dtd-12-280x420.jpg 280w, https:\/\/doubletakedecor.com\/uploads\/2025\/08\/patio-cover-ideas-dtd-12-320x480.jpg 320w, https:\/\/doubletakedecor.com\/uploads\/2025\/08\/patio-cover-ideas-dtd-12-360x539.jpg 360w, https:\/\/doubletakedecor.com\/uploads\/2025\/08\/patio-cover-ideas-dtd-12-363x544.jpg 363w, https:\/\/doubletakedecor.com\/uploads\/2025\/08\/patio-cover-ideas-dtd-12-370x554.jpg 370w, https:\/\/doubletakedecor.com\/uploads\/2025\/08\/patio-cover-ideas-dtd-12-400x599.jpg 400w, https:\/\/doubletakedecor.com\/uploads\/2025\/08\/patio-cover-ideas-dtd-12-560x839.jpg 560w, https:\/\/doubletakedecor.com\/uploads\/2025\/08\/patio-cover-ideas-dtd-12-480x719.jpg 480w\" sizes=\"auto, (max-width: 700px) 100vw, 700px\" \/><\/p>\n<p>Hozz l\u00e9tre egy sokoldal\u00fa, nyugodt k\u00fclt\u00e9ri helyet egy f\u00e1b\u00f3l k\u00e9sz\u00fclt pergol\u00e1val a teraszod felett. Helyezz el k\u00e9nyelmes \u00fcl\u0151alkalmatoss\u00e1gokat, hogy egyszerre \u00e9lvezhesd az \u00e1rny\u00e9kot \u00e9s a medence l\u00e1tv\u00e1ny\u00e1t. Egy k\u0151b\u0151l k\u00e9sz\u00fclt t\u0171zrak\u00f3 hangulatoss\u00e1 teszi a kora esti \u00f3r\u00e1kat. \u00dcltess n\u00f6v\u00e9nyeket a ter\u00fclet szeg\u00e9ly\u00e9re, hogy n\u00f6veld a priv\u00e1t szf\u00e9r\u00e1t an\u00e9lk\u00fcl, hogy elvesz\u00edten\u00e9d a t\u00e1gas, nyitott \u00e9rz\u00e9st, amit ez a kialak\u00edt\u00e1s ad.<\/p>\n<h2>Modern t\u0171zrak\u00f3hely k\u00e9k \u00fcl\u0151b\u00fatorokkal<\/h2>\n<p><img loading=\"lazy\" decoding=\"async\" width=\"700\" height=\"1050\" alt=\"Modern k\u00fclt\u00e9ri \u00e9lett\u00e9r k\u00e9k kanap\u00e9kkal t\u0171zrak\u00f3 k\u00f6r\u00fcl, fa pergola alatt, h\u00e1tt\u00e9rben k\u0151fal.\" class=\"aligncenter size-full wp-image-5315\" src=\"https:\/\/doubletakedecor.com\/uploads\/2025\/08\/patio-cover-ideas-dtd-13.jpg\" srcset=\"https:\/\/doubletakedecor.com\/uploads\/2025\/08\/patio-cover-ideas-dtd-13.jpg 700w, https:\/\/doubletakedecor.com\/uploads\/2025\/08\/patio-cover-ideas-dtd-13-200x300.jpg 200w, https:\/\/doubletakedecor.com\/uploads\/2025\/08\/patio-cover-ideas-dtd-13-683x1024.jpg 683w, https:\/\/doubletakedecor.com\/uploads\/2025\/08\/patio-cover-ideas-dtd-13-96x144.jpg 96w, https:\/\/doubletakedecor.com\/uploads\/2025\/08\/patio-cover-ideas-dtd-13-280x420.jpg 280w, https:\/\/doubletakedecor.com\/uploads\/2025\/08\/patio-cover-ideas-dtd-13-320x480.jpg 320w, https:\/\/doubletakedecor.com\/uploads\/2025\/08\/patio-cover-ideas-dtd-13-360x540.jpg 360w, https:\/\/doubletakedecor.com\/uploads\/2025\/08\/patio-cover-ideas-dtd-13-363x545.jpg 363w, https:\/\/doubletakedecor.com\/uploads\/2025\/08\/patio-cover-ideas-dtd-13-370x555.jpg 370w, https:\/\/doubletakedecor.com\/uploads\/2025\/08\/patio-cover-ideas-dtd-13-400x600.jpg 400w, https:\/\/doubletakedecor.com\/uploads\/2025\/08\/patio-cover-ideas-dtd-13-560x840.jpg 560w, https:\/\/doubletakedecor.com\/uploads\/2025\/08\/patio-cover-ideas-dtd-13-480x720.jpg 480w\" sizes=\"auto, (max-width: 700px) 100vw, 700px\" \/><\/p>\n<p>Alak\u00edts ki eleg\u00e1ns k\u00fclt\u00e9ri nappalit egy t\u00e9glalap alak\u00fa t\u0171zrak\u00f3val a k\u00f6z\u00e9ppontban. V\u00e1lassz m\u00e9ly k\u00e9k, p\u00e1rn\u00e1zott kanap\u00e9kat mint\u00e1s d\u00edszp\u00e1rn\u00e1kkal, hogy igaz\u00e1n k\u00e9nyelmes \u00e9s st\u00edlusos legyen a t\u00e9r. F\u00f6l\u00e9 \u00e9p\u00edts fa pergol\u00e1t, hogy mindig megfelel\u0151 legyen a f\u00e9ny. A term\u00e9szetes hat\u00e1s kedv\u00e9\u00e9rt ker\u00fclj\u00f6n h\u00e1tulra egy k\u0151fal. Nagy, vil\u00e1gos k\u00fclt\u00e9ri j\u00e1r\u00f3lapokkal tedd teljess\u00e9 a k\u00e9pet, amelyek sz\u00e9p \u00f6sszhangot teremtenek a b\u00fatorokkal.<\/p>\n<h2>Tet\u0151vel fedett terasz \u00e1ttetsz\u0151 bor\u00edt\u00e1ssal<\/h2>\n<p><img loading=\"lazy\" decoding=\"async\" width=\"700\" height=\"1050\" alt=\"Hangulatos fa terasz \u00e1ttetsz\u0151 tet\u0151vel, k\u00e9nyelmes karossz\u00e9kkel, kis asztallal \u00e9s cserepes n\u00f6v\u00e9nnyel.\" class=\"aligncenter size-full wp-image-5321\" src=\"https:\/\/doubletakedecor.com\/uploads\/2025\/08\/patio-cover-ideas-dtd-14.jpg\" srcset=\"https:\/\/doubletakedecor.com\/uploads\/2025\/08\/patio-cover-ideas-dtd-14.jpg 700w, https:\/\/doubletakedecor.com\/uploads\/2025\/08\/patio-cover-ideas-dtd-14-200x300.jpg 200w, https:\/\/doubletakedecor.com\/uploads\/2025\/08\/patio-cover-ideas-dtd-14-683x1024.jpg 683w, https:\/\/doubletakedecor.com\/uploads\/2025\/08\/patio-cover-ideas-dtd-14-96x144.jpg 96w, https:\/\/doubletakedecor.com\/uploads\/2025\/08\/patio-cover-ideas-dtd-14-280x420.jpg 280w, https:\/\/doubletakedecor.com\/uploads\/2025\/08\/patio-cover-ideas-dtd-14-320x480.jpg 320w, https:\/\/doubletakedecor.com\/uploads\/2025\/08\/patio-cover-ideas-dtd-14-360x540.jpg 360w, https:\/\/doubletakedecor.com\/uploads\/2025\/08\/patio-cover-ideas-dtd-14-363x545.jpg 363w, https:\/\/doubletakedecor.com\/uploads\/2025\/08\/patio-cover-ideas-dtd-14-370x555.jpg 370w, https:\/\/doubletakedecor.com\/uploads\/2025\/08\/patio-cover-ideas-dtd-14-400x600.jpg 400w, https:\/\/doubletakedecor.com\/uploads\/2025\/08\/patio-cover-ideas-dtd-14-560x840.jpg 560w, https:\/\/doubletakedecor.com\/uploads\/2025\/08\/patio-cover-ideas-dtd-14-480x720.jpg 480w\" sizes=\"auto, (max-width: 700px) 100vw, 700px\" \/><\/p>\n<p>Engedd be a term\u00e9szetes f\u00e9nyt, mik\u00f6zben v\u00e9dve maradsz az id\u0151j\u00e1r\u00e1s viszontags\u00e1gait\u00f3l egy r\u00e9szben \u00e1tl\u00e1tsz\u00f3 tet\u0151vel a teraszod felett. Egy hozz\u00e1ill\u0151 ker\u00edt\u00e9ssel teremts nagyobb priv\u00e1t szf\u00e9r\u00e1t. El\u00e9g, ha csak n\u00e9h\u00e1ny b\u00fatort helyezel el: p\u00e9ld\u00e1ul egy k\u00e9nyelmes karossz\u00e9ket kis asztallal. Cserepes n\u00f6v\u00e9nyekkel hozd be a term\u00e9szetet ebbe az eleg\u00e1ns k\u00fclt\u00e9ri b\u00fav\u00f3helybe.<\/p>\n<h2>K\u00fclt\u00e9ri konyha magas mennyezettel<\/h2>\n<p><img loading=\"lazy\" decoding=\"async\" width=\"700\" height=\"1050\" alt=\"Eleg\u00e1ns k\u00fclt\u00e9ri konyha k\u00e9k szekr\u00e9nyekkel, gr\u00e1nit pulttal, \u00e9s csod\u00e1s kil\u00e1t\u00e1ssal a foly\u00f3ra, feh\u00e9r gerend\u00e1s plafon alatt.\" class=\"aligncenter size-full wp-image-5327\" src=\"https:\/\/doubletakedecor.com\/uploads\/2025\/08\/patio-cover-ideas-dtd-15.jpg\" srcset=\"https:\/\/doubletakedecor.com\/uploads\/2025\/08\/patio-cover-ideas-dtd-15.jpg 700w, https:\/\/doubletakedecor.com\/uploads\/2025\/08\/patio-cover-ideas-dtd-15-200x300.jpg 200w, https:\/\/doubletakedecor.com\/uploads\/2025\/08\/patio-cover-ideas-dtd-15-683x1024.jpg 683w, https:\/\/doubletakedecor.com\/uploads\/2025\/08\/patio-cover-ideas-dtd-15-96x144.jpg 96w, https:\/\/doubletakedecor.com\/uploads\/2025\/08\/patio-cover-ideas-dtd-15-280x420.jpg 280w, https:\/\/doubletakedecor.com\/uploads\/2025\/08\/patio-cover-ideas-dtd-15-320x480.jpg 320w, https:\/\/doubletakedecor.com\/uploads\/2025\/08\/patio-cover-ideas-dtd-15-360x540.jpg 360w, https:\/\/doubletakedecor.com\/uploads\/2025\/08\/patio-cover-ideas-dtd-15-363x545.jpg 363w, https:\/\/doubletakedecor.com\/uploads\/2025\/08\/patio-cover-ideas-dtd-15-370x555.jpg 370w, https:\/\/doubletakedecor.com\/uploads\/2025\/08\/patio-cover-ideas-dtd-15-400x600.jpg 400w, https:\/\/doubletakedecor.com\/uploads\/2025\/08\/patio-cover-ideas-dtd-15-560x840.jpg 560w, https:\/\/doubletakedecor.com\/uploads\/2025\/08\/patio-cover-ideas-dtd-15-480x720.jpg 480w\" sizes=\"auto, (max-width: 700px) 100vw, 700px\" \/><\/p>\n<p>Hozz l\u00e9tre igazi luxust, ahol a k\u00e9nyelem \u00e9s a st\u00edlus tal\u00e1lkozik! \u00c9p\u00edts feh\u00e9r, bolt\u00edves mennyezetet, ami t\u00e1gasabb\u00e1 teszi a teret \u00e9s v\u00e9delmet is ad. Hajl\u00edtott gr\u00e1nit pultok \u00e9s kontrasztos szekr\u00e9nyek k\u00fcl\u00f6nleges megjelen\u00e9st var\u00e1zsolnak. Pult melletti b\u00e1rsz\u00e9kekkel hangulatos lesz a laza \u00e9tkez\u00e9s. Cserepes n\u00f6v\u00e9nyekkel k\u00f6theted \u00f6ssze a konyh\u00e1t a k\u00f6rnyez\u0151 term\u00e9szettel.<\/p>\n<h2>Fa pergola f\u00e9m tet\u0151vel<\/h2>\n<p><img loading=\"lazy\" decoding=\"async\" width=\"700\" height=\"1050\" alt=\"Fa pergola f\u00e9m tet\u0151vel, feh\u00e9r f\u00fcgg\u00f6ny\u00f6kkel, fonott b\u00fatorokkal, amik st\u00edlusos \u00e9s k\u00e9nyelmes k\u00fclt\u00e9ri \u00e9letteret teremtenek.\" class=\"aligncenter size-full wp-image-5333\" src=\"https:\/\/doubletakedecor.com\/uploads\/2025\/08\/patio-cover-ideas-dtd-16.jpg\" srcset=\"https:\/\/doubletakedecor.com\/uploads\/2025\/08\/patio-cover-ideas-dtd-16.jpg 700w, https:\/\/doubletakedecor.com\/uploads\/2025\/08\/patio-cover-ideas-dtd-16-200x300.jpg 200w, https:\/\/doubletakedecor.com\/uploads\/2025\/08\/patio-cover-ideas-dtd-16-683x1024.jpg 683w, https:\/\/doubletakedecor.com\/uploads\/2025\/08\/patio-cover-ideas-dtd-16-96x144.jpg 96w, https:\/\/doubletakedecor.com\/uploads\/2025\/08\/patio-cover-ideas-dtd-16-280x420.jpg 280w, https:\/\/doubletakedecor.com\/uploads\/2025\/08\/patio-cover-ideas-dtd-16-320x480.jpg 320w, https:\/\/doubletakedecor.com\/uploads\/2025\/08\/patio-cover-ideas-dtd-16-360x540.jpg 360w, https:\/\/doubletakedecor.com\/uploads\/2025\/08\/patio-cover-ideas-dtd-16-363x545.jpg 363w, https:\/\/doubletakedecor.com\/uploads\/2025\/08\/patio-cover-ideas-dtd-16-370x555.jpg 370w, https:\/\/doubletakedecor.com\/uploads\/2025\/08\/patio-cover-ideas-dtd-16-400x600.jpg 400w, https:\/\/doubletakedecor.com\/uploads\/2025\/08\/patio-cover-ideas-dtd-16-560x840.jpg 560w, https:\/\/doubletakedecor.com\/uploads\/2025\/08\/patio-cover-ideas-dtd-16-480x720.jpg 480w\" sizes=\"auto, (max-width: 700px) 100vw, 700px\" \/><\/p>\n<p>Egyes\u00edtsd a tart\u00f3ss\u00e1got \u00e9s a st\u00edlust oly m\u00f3don, hogy a pergol\u00e1r\u00f3l fent f\u00e9m tet\u0151 gondoskodik. A feh\u00e9r, k\u00f6nnyed f\u00fcgg\u00f6ny\u00f6kkel a t\u00e9r finoman elv\u00e1laszthat\u00f3, mik\u00f6zben vil\u00e1gos \u00e9s szell\u0151s marad. S\u00f6t\u00e9t fonott \u00fcl\u0151garnit\u00far\u00e1t \u00e9s puha p\u00e1rn\u00e1kat v\u00e1lassz a k\u00e9nyelemhez. A sz\u00e9l\u00e9n ny\u00edl\u00f3 vir\u00e1gok vid\u00e1m, h\u00edvogat\u00f3 hangulatot teremtenek, ak\u00e1r pihen\u00e9shez, ak\u00e1r vend\u00e9gfogad\u00e1shoz.<\/p>\n<h2>Pergola f\u00fcgg\u00f6ny\u00f6kkel \u00e9s f\u00e9nyf\u00fcz\u00e9rrel<\/h2>\n<p><img loading=\"lazy\" decoding=\"async\" width=\"700\" height=\"1049\" alt=\"Fa pergola feh\u00e9r f\u00fcgg\u00f6ny\u00f6kkel \u00e9s f\u00e9nyf\u00fcz\u00e9rrel, k\u00e9nyelmes \u00fcl\u0151hellyel, n\u00f6v\u00e9nyekkel k\u00f6r\u00fclv\u00e9ve a fateraszon.\" class=\"aligncenter size-full wp-image-5339\" src=\"https:\/\/doubletakedecor.com\/uploads\/2025\/08\/patio-cover-ideas-dtd-17.jpg\" srcset=\"https:\/\/doubletakedecor.com\/uploads\/2025\/08\/patio-cover-ideas-dtd-17.jpg 700w, https:\/\/doubletakedecor.com\/uploads\/2025\/08\/patio-cover-ideas-dtd-17-200x300.jpg 200w, https:\/\/doubletakedecor.com\/uploads\/2025\/08\/patio-cover-ideas-dtd-17-683x1024.jpg 683w, https:\/\/doubletakedecor.com\/uploads\/2025\/08\/patio-cover-ideas-dtd-17-96x144.jpg 96w, https:\/\/doubletakedecor.com\/uploads\/2025\/08\/patio-cover-ideas-dtd-17-280x420.jpg 280w, https:\/\/doubletakedecor.com\/uploads\/2025\/08\/patio-cover-ideas-dtd-17-320x480.jpg 320w, https:\/\/doubletakedecor.com\/uploads\/2025\/08\/patio-cover-ideas-dtd-17-360x539.jpg 360w, https:\/\/doubletakedecor.com\/uploads\/2025\/08\/patio-cover-ideas-dtd-17-363x544.jpg 363w, https:\/\/doubletakedecor.com\/uploads\/2025\/08\/patio-cover-ideas-dtd-17-370x554.jpg 370w, https:\/\/doubletakedecor.com\/uploads\/2025\/08\/patio-cover-ideas-dtd-17-400x599.jpg 400w, https:\/\/doubletakedecor.com\/uploads\/2025\/08\/patio-cover-ideas-dtd-17-560x839.jpg 560w, https:\/\/doubletakedecor.com\/uploads\/2025\/08\/patio-cover-ideas-dtd-17-480x719.jpg 480w\" sizes=\"auto, (max-width: 700px) 100vw, 700px\" \/><\/p>\n<p>Alak\u00edts ki meghitt kuck\u00f3t fa pergol\u00e1val, amin feh\u00e9r f\u00fcgg\u00f6ny\u00f6k d\u00edsz\u00edtenek \u00e9s egyben el is takarnak, ha sz\u00fcks\u00e9ges. F\u00f6l\u00e9j\u00fck tedd f\u00e9nyf\u00fcz\u00e9rt, \u00edgy est\u00e9nk\u00e9nt bar\u00e1ts\u00e1gos, meleg f\u00e9ny \u00e1rad. A k\u00e9nyelmes \u00fcl\u0151helyeket gondosan helyezd el, \u00e9s cserepes n\u00f6v\u00e9nyekkel tedd otthonoss\u00e1 a teret. Ter\u00edtsd \u00e1t a faterasz burkolat\u00e1t a gyepig, hogy minden egys\u00e9ges legyen.<\/p>\n<h2>Luksus pergola lounge \u00fcl\u0151hellyel<\/h2>\n<p><img loading=\"lazy\" decoding=\"async\" width=\"700\" height=\"1049\" alt=\"Eleg\u00e1ns k\u00fclt\u00e9ri t\u00e9r fa pergol\u00e1val, k\u00f6r alak\u00fa t\u0171zrak\u00f3val \u00e9s k\u00e9nyelmes \u00fcl\u0151helyekkel, modern fekete lamell\u00e1s ker\u00edt\u00e9s mellett.\" class=\"aligncenter size-full wp-image-5345\" src=\"https:\/\/doubletakedecor.com\/uploads\/2025\/08\/patio-cover-ideas-dtd-18.jpg\" srcset=\"https:\/\/doubletakedecor.com\/uploads\/2025\/08\/patio-cover-ideas-dtd-18.jpg 700w, https:\/\/doubletakedecor.com\/uploads\/2025\/08\/patio-cover-ideas-dtd-18-200x300.jpg 200w, https:\/\/doubletakedecor.com\/uploads\/2025\/08\/patio-cover-ideas-dtd-18-683x1024.jpg 683w, https:\/\/doubletakedecor.com\/uploads\/2025\/08\/patio-cover-ideas-dtd-18-96x144.jpg 96w, https:\/\/doubletakedecor.com\/uploads\/2025\/08\/patio-cover-ideas-dtd-18-280x420.jpg 280w, https:\/\/doubletakedecor.com\/uploads\/2025\/08\/patio-cover-ideas-dtd-18-320x480.jpg 320w, https:\/\/doubletakedecor.com\/uploads\/2025\/08\/patio-cover-ideas-dtd-18-360x539.jpg 360w, https:\/\/doubletakedecor.com\/uploads\/2025\/08\/patio-cover-ideas-dtd-18-363x544.jpg 363w, https:\/\/doubletakedecor.com\/uploads\/2025\/08\/patio-cover-ideas-dtd-18-370x554.jpg 370w, https:\/\/doubletakedecor.com\/uploads\/2025\/08\/patio-cover-ideas-dtd-18-400x599.jpg 400w, https:\/\/doubletakedecor.com\/uploads\/2025\/08\/patio-cover-ideas-dtd-18-560x839.jpg 560w, https:\/\/doubletakedecor.com\/uploads\/2025\/08\/patio-cover-ideas-dtd-18-480x719.jpg 480w\" sizes=\"auto, (max-width: 700px) 100vw, 700px\" \/><\/p>\n<p>Teremts \u00fcd\u00fcl\u0151hangulatot otthon, ha a pergol\u00e1t k\u00e9nyelmes \u00fcl\u0151alkalmatoss\u00e1gokkal \u00e9s k\u00f6zponti t\u0171zrak\u00f3val p\u00e1ros\u00edtod. A semleges sz\u00edn\u0171 p\u00e1rn\u00e1k \u00e9s a k\u00fcl\u00f6nb\u00f6z\u0151 text\u00far\u00e1j\u00fa d\u00edszp\u00e1rn\u00e1k extra komfortot adnak, a modern takar\u00f3ker\u00edt\u00e9s pedig priv\u00e1t h\u00e1tteret biztos\u00edt. Egy sz\u0151tt k\u00fclt\u00e9ri sz\u0151nyeg keretbe foglalja a teret.<\/p>\n<h2>F\u00e1b\u00f3l k\u00e9sz\u00fclt pergol\u00e1s konyhasarok<\/h2>\n<p><img loading=\"lazy\" decoding=\"async\" width=\"700\" height=\"1049\" alt=\"St\u00edlusos k\u00fclt\u00e9ri konyha fa pergol\u00e1val, rozsdamentes grillel, lamell\u00e1s t\u00e1rol\u00f3val \u00e9s d\u00fas z\u00f6lddel, ami intimit\u00e1st ad.\" class=\"aligncenter size-full wp-image-5351\" src=\"https:\/\/doubletakedecor.com\/uploads\/2025\/08\/patio-cover-ideas-dtd-19.jpg\" srcset=\"https:\/\/doubletakedecor.com\/uploads\/2025\/08\/patio-cover-ideas-dtd-19.jpg 700w, https:\/\/doubletakedecor.com\/uploads\/2025\/08\/patio-cover-ideas-dtd-19-200x300.jpg 200w, https:\/\/doubletakedecor.com\/uploads\/2025\/08\/patio-cover-ideas-dtd-19-683x1024.jpg 683w, https:\/\/doubletakedecor.com\/uploads\/2025\/08\/patio-cover-ideas-dtd-19-96x144.jpg 96w, https:\/\/doubletakedecor.com\/uploads\/2025\/08\/patio-cover-ideas-dtd-19-280x420.jpg 280w, https:\/\/doubletakedecor.com\/uploads\/2025\/08\/patio-cover-ideas-dtd-19-320x480.jpg 320w, https:\/\/doubletakedecor.com\/uploads\/2025\/08\/patio-cover-ideas-dtd-19-360x539.jpg 360w, https:\/\/doubletakedecor.com\/uploads\/2025\/08\/patio-cover-ideas-dtd-19-363x544.jpg 363w, https:\/\/doubletakedecor.com\/uploads\/2025\/08\/patio-cover-ideas-dtd-19-370x554.jpg 370w, https:\/\/doubletakedecor.com\/uploads\/2025\/08\/patio-cover-ideas-dtd-19-400x599.jpg 400w, https:\/\/doubletakedecor.com\/uploads\/2025\/08\/patio-cover-ideas-dtd-19-560x839.jpg 560w, https:\/\/doubletakedecor.com\/uploads\/2025\/08\/patio-cover-ideas-dtd-19-480x719.jpg 480w\" sizes=\"auto, (max-width: 700px) 100vw, 700px\" \/><\/p>\n<p>Tegy\u00e9l a konyhar\u00e9sz f\u00f6l\u00e9 fa, lamell\u00e1s pergol\u00e1t, hogy praktikusan f\u0151zhess a szabadban is. A rozsdamentes ac\u00e9l g\u00e9peket a fal ment\u00e9n rendezd el, \u00e9s eg\u00e9sz\u00edtsd ki \u0151ket meleg t\u00f3nus\u00fa fa t\u00e1rol\u00f3szekr\u00e9nyekkel. \u00dcltess sok z\u00f6ld n\u00f6v\u00e9nyt k\u00f6rbe, hogy term\u00e9szetes hangulatot teremts, mik\u00f6zben a strapab\u00edr\u00f3 fa padl\u00f3 biztos alapot ad.<\/p>\n<h2>Eleg\u00e1ns fedett terasz pihen\u0151sarokkal<\/h2>\n<p><img loading=\"lazy\" decoding=\"async\" width=\"700\" height=\"1049\" alt=\"Fedett terasz f\u00e1b\u00f3l k\u00e9sz\u00fclt plafonnal, f\u00fcgg\u0151l\u00e1mp\u00e1val, k\u00e9nyelmes \u00fcl\u0151hellyel, \u00e9s medenc\u00e9s kil\u00e1t\u00e1ssal a st\u00edlusos kinti \u00e9lethez.\" class=\"aligncenter size-full wp-image-5357\" src=\"https:\/\/doubletakedecor.com\/uploads\/2025\/08\/patio-cover-ideas-dtd-20.jpg\" srcset=\"https:\/\/doubletakedecor.com\/uploads\/2025\/08\/patio-cover-ideas-dtd-20.jpg 700w, https:\/\/doubletakedecor.com\/uploads\/2025\/08\/patio-cover-ideas-dtd-20-200x300.jpg 200w, https:\/\/doubletakedecor.com\/uploads\/2025\/08\/patio-cover-ideas-dtd-20-683x1024.jpg 683w, https:\/\/doubletakedecor.com\/uploads\/2025\/08\/patio-cover-ideas-dtd-20-96x144.jpg 96w, https:\/\/doubletakedecor.com\/uploads\/2025\/08\/patio-cover-ideas-dtd-20-280x420.jpg 280w, https:\/\/doubletakedecor.com\/uploads\/2025\/08\/patio-cover-ideas-dtd-20-320x480.jpg 320w, https:\/\/doubletakedecor.com\/uploads\/2025\/08\/patio-cover-ideas-dtd-20-360x539.jpg 360w, https:\/\/doubletakedecor.com\/uploads\/2025\/08\/patio-cover-ideas-dtd-20-363x544.jpg 363w, https:\/\/doubletakedecor.com\/uploads\/2025\/08\/patio-cover-ideas-dtd-20-370x554.jpg 370w, https:\/\/doubletakedecor.com\/uploads\/2025\/08\/patio-cover-ideas-dtd-20-400x599.jpg 400w, https:\/\/doubletakedecor.com\/uploads\/2025\/08\/patio-cover-ideas-dtd-20-560x839.jpg 560w, https:\/\/doubletakedecor.com\/uploads\/2025\/08\/patio-cover-ideas-dtd-20-480x719.jpg 480w\" sizes=\"auto, (max-width: 700px) 100vw, 700px\" \/><\/p>\n<p>\u00d6lt\u00f6ztesd fel a k\u00fclt\u00e9ri teredet egy fahat\u00e1s\u00fa mennyezettel, ami melegs\u00e9get \u00e9s egyedis\u00e9get ad. Helyezd k\u00f6rbe az \u00fcl\u0151b\u00fatorokat egy k\u00f6zponti asztalt, \u00e9s l\u00f3gass le egy form\u00e1s f\u00fcgg\u0151l\u00e1mp\u00e1t, hogy est\u00e9kre is hangulatos legyen. Apr\u00f3 n\u00f6v\u00e9nyek \u00e9s dekor\u00e1ci\u00f3k tehetik m\u00e9g bar\u00e1ts\u00e1gosabb\u00e1 a helyet. Ez a kialak\u00edt\u00e1s remek\u00fcl \u00f6tv\u00f6zi a belt\u00e9ri k\u00e9nyelmet a k\u00fclt\u00e9ri kikapcsol\u00f3d\u00e1ssal.<\/p>\n<h2>Modern fa pergola napoz\u00f3\u00e1gyakkal<\/h2>\n<p><img loading=\"lazy\" decoding=\"async\" width=\"700\" height=\"1049\" alt=\"St\u00edlusos fa nap\u00e1gyak beton teraszon, pergola alatt, parkos\u00edtott kerttel \u00e9s medenc\u00e9hez vezet\u0151 kil\u00e1t\u00e1ssal.\" class=\"aligncenter size-full wp-image-5363\" src=\"https:\/\/doubletakedecor.com\/uploads\/2025\/08\/patio-cover-ideas-dtd-21.jpg\" srcset=\"https:\/\/doubletakedecor.com\/uploads\/2025\/08\/patio-cover-ideas-dtd-21.jpg 700w, https:\/\/doubletakedecor.com\/uploads\/2025\/08\/patio-cover-ideas-dtd-21-200x300.jpg 200w, https:\/\/doubletakedecor.com\/uploads\/2025\/08\/patio-cover-ideas-dtd-21-683x1024.jpg 683w, https:\/\/doubletakedecor.com\/uploads\/2025\/08\/patio-cover-ideas-dtd-21-96x144.jpg 96w, https:\/\/doubletakedecor.com\/uploads\/2025\/08\/patio-cover-ideas-dtd-21-280x420.jpg 280w, https:\/\/doubletakedecor.com\/uploads\/2025\/08\/patio-cover-ideas-dtd-21-320x480.jpg 320w, https:\/\/doubletakedecor.com\/uploads\/2025\/08\/patio-cover-ideas-dtd-21-360x539.jpg 360w, https:\/\/doubletakedecor.com\/uploads\/2025\/08\/patio-cover-ideas-dtd-21-363x544.jpg 363w, https:\/\/doubletakedecor.com\/uploads\/2025\/08\/patio-cover-ideas-dtd-21-370x554.jpg 370w, https:\/\/doubletakedecor.com\/uploads\/2025\/08\/patio-cover-ideas-dtd-21-400x599.jpg 400w, https:\/\/doubletakedecor.com\/uploads\/2025\/08\/patio-cover-ideas-dtd-21-560x839.jpg 560w, https:\/\/doubletakedecor.com\/uploads\/2025\/08\/patio-cover-ideas-dtd-21-480x719.jpg 480w\" sizes=\"auto, (max-width: 700px) 100vw, 700px\" \/><\/p>\n<p>Alak\u00edtsd ki a t\u00f6k\u00e9letes k\u00fclt\u00e9ri pihen\u0151t egy fa pergola \u00e9s k\u00e9nyelmes napoz\u00f3\u00e1gyak p\u00e1ros\u00edt\u00e1s\u00e1val, tiszta beton teraszon. A pergola nemcsak \u00e1rny\u00e9kot ad, hanem l\u00e1tv\u00e1nyos eleme is lesz a kertnek. Helyezd el k\u00f6zel a medenc\u00e9hez, \u00edgy az eg\u00e9sz kert egys\u00e9ges lesz. Olyan id\u0151j\u00e1r\u00e1s\u00e1ll\u00f3 f\u00e1t v\u00e1lassz, amely j\u00f3l mutat a h\u00e1zaddal is \u2013 \u00edgy g\u00f6rd\u00fcl\u00e9kenyen kapcsol\u00f3dik a k\u00fclt\u00e9r a belt\u00e9rhez.<\/p>\n<h2>Modern k\u00fclt\u00e9ri sz\u00f3rakoz\u00f3sarok<\/h2>\n<p><img loading=\"lazy\" decoding=\"async\" width=\"700\" height=\"1050\" alt=\"Eleg\u00e1ns k\u00fclt\u00e9ri helyis\u00e9g k\u0151 s\u00e9t\u00e1nnyal, fa h\u00e1tt\u00e9rrel, k\u00fclt\u00e9ri konyh\u00e1val, fedett \u00e9tkez\u0151vel \u00e9s sok n\u00f6v\u00e9nnyel.\" class=\"aligncenter size-full wp-image-5369\" src=\"https:\/\/doubletakedecor.com\/uploads\/2025\/08\/patio-cover-ideas-dtd-22.jpg\" srcset=\"https:\/\/doubletakedecor.com\/uploads\/2025\/08\/patio-cover-ideas-dtd-22.jpg 700w, https:\/\/doubletakedecor.com\/uploads\/2025\/08\/patio-cover-ideas-dtd-22-200x300.jpg 200w, https:\/\/doubletakedecor.com\/uploads\/2025\/08\/patio-cover-ideas-dtd-22-683x1024.jpg 683w, https:\/\/doubletakedecor.com\/uploads\/2025\/08\/patio-cover-ideas-dtd-22-96x144.jpg 96w, https:\/\/doubletakedecor.com\/uploads\/2025\/08\/patio-cover-ideas-dtd-22-280x420.jpg 280w, https:\/\/doubletakedecor.com\/uploads\/2025\/08\/patio-cover-ideas-dtd-22-320x480.jpg 320w, https:\/\/doubletakedecor.com\/uploads\/2025\/08\/patio-cover-ideas-dtd-22-360x540.jpg 360w, https:\/\/doubletakedecor.com\/uploads\/2025\/08\/patio-cover-ideas-dtd-22-363x545.jpg 363w, https:\/\/doubletakedecor.com\/uploads\/2025\/08\/patio-cover-ideas-dtd-22-370x555.jpg 370w, https:\/\/doubletakedecor.com\/uploads\/2025\/08\/patio-cover-ideas-dtd-22-400x600.jpg 400w, https:\/\/doubletakedecor.com\/uploads\/2025\/08\/patio-cover-ideas-dtd-22-560x840.jpg 560w, https:\/\/doubletakedecor.com\/uploads\/2025\/08\/patio-cover-ideas-dtd-22-480x720.jpg 480w\" sizes=\"auto, (max-width: 700px) 100vw, 700px\" \/><\/p>\n<p>Hozz l\u00e9tre eleg\u00e1ns teraszbor\u00edt\u00e1st, amelyben t\u00f6bbf\u00e9le funkci\u00f3s z\u00f3na tal\u00e1lhat\u00f3. A h\u00e1tt\u00e9r legyen fa, ahol az \u00fcl\u0151helyeket alak\u00edtod ki, az \u00e9tkez\u0151 pedig fedett r\u00e9sz al\u00e1 ker\u00fclj\u00f6n. A sz\u00e9les, k\u0151 j\u00e1r\u00f3lapok k\u00f6z\u00f6tt itt-ott z\u00f6ld n\u0151, \u00edgy lesz igaz\u00e1n egyedi az \u00fatvonal. Az er\u0151teljes burkolatot v\u00e1ltozatos n\u00f6v\u00e9nyekkel puh\u00edthatod fel, hogy egyszerre legyen priv\u00e1t \u00e9s harm\u00f3ni\u00e1t sug\u00e1rozzon.<\/p>\n<h2>Modern medence melletti pergola<\/h2>\n<p><img loading=\"lazy\" decoding=\"async\" width=\"700\" height=\"1049\" alt=\"Letisztult medence, amellett napoz\u00f3\u00e1gyak fa pergola alatt, k\u00e9nyelmes \u00fcl\u0151hellyel, buja z\u00f6ld n\u00f6v\u00e9nyek k\u00f6z\u00f6tt.\" class=\"aligncenter size-full wp-image-5375\" src=\"https:\/\/doubletakedecor.com\/uploads\/2025\/08\/patio-cover-ideas-dtd-23.jpg\" srcset=\"https:\/\/doubletakedecor.com\/uploads\/2025\/08\/patio-cover-ideas-dtd-23.jpg 700w, https:\/\/doubletakedecor.com\/uploads\/2025\/08\/patio-cover-ideas-dtd-23-200x300.jpg 200w, https:\/\/doubletakedecor.com\/uploads\/2025\/08\/patio-cover-ideas-dtd-23-683x1024.jpg 683w, https:\/\/doubletakedecor.com\/uploads\/2025\/08\/patio-cover-ideas-dtd-23-96x144.jpg 96w, https:\/\/doubletakedecor.com\/uploads\/2025\/08\/patio-cover-ideas-dtd-23-280x420.jpg 280w, https:\/\/doubletakedecor.com\/uploads\/2025\/08\/patio-cover-ideas-dtd-23-320x480.jpg 320w, https:\/\/doubletakedecor.com\/uploads\/2025\/08\/patio-cover-ideas-dtd-23-360x539.jpg 360w, https:\/\/doubletakedecor.com\/uploads\/2025\/08\/patio-cover-ideas-dtd-23-363x544.jpg 363w, https:\/\/doubletakedecor.com\/uploads\/2025\/08\/patio-cover-ideas-dtd-23-370x554.jpg 370w, https:\/\/doubletakedecor.com\/uploads\/2025\/08\/patio-cover-ideas-dtd-23-400x599.jpg 400w, https:\/\/doubletakedecor.com\/uploads\/2025\/08\/patio-cover-ideas-dtd-23-560x839.jpg 560w, https:\/\/doubletakedecor.com\/uploads\/2025\/08\/patio-cover-ideas-dtd-23-480x719.jpg 480w\" sizes=\"auto, (max-width: 700px) 100vw, 700px\" \/><\/p>\n<p>Tervezz eleg\u00e1ns k\u00fclt\u00e9ri pihen\u0151helyet fa pergol\u00e1val \u00e9s puha \u00fcl\u0151alkalmatoss\u00e1gokkal a medence szomsz\u00e9ds\u00e1g\u00e1ban. A napoz\u00f3\u00e1gyakat vil\u00e1gos burkolatra helyezd a kontraszt \u00e9s a k\u00e9nyelmes funkci\u00f3 miatt. Z\u00f6ld n\u00f6v\u00e9nyek szeg\u00e9lyezik a teret, \u00edgy m\u00e9g hangulatosabb \u00e9s priv\u00e1tabb lesz. Ebben a tervez\u00e9sben t\u00f6k\u00e9letes egyens\u00falyban van az \u00e1rny\u00e9k \u00e9s a nyitotts\u00e1g \u2013 eg\u00e9sz \u00e9vben \u00e9lvezheted.<\/p>\n<h2>Pergol\u00e1val fedett \u00e9tkez\u0151<\/h2>\n<p><img loading=\"lazy\" decoding=\"async\" width=\"700\" height=\"1050\" alt=\"Hangulatos k\u00fclt\u00e9ri \u00e9tkez\u0151 t\u00e9r f\u00e1b\u00f3l k\u00e9sz\u00fclt pergol\u00e1val, kov\u00e1csoltvas asztallal \u00e9s sz\u00e9kekkel, b\u00e9zs p\u00e1rn\u00e1kkal \u00e9s z\u00f6ld k\u00f6rnyezettel.\" class=\"aligncenter size-full wp-image-5381\" src=\"https:\/\/doubletakedecor.com\/uploads\/2025\/08\/patio-cover-ideas-dtd-24.jpg\" srcset=\"https:\/\/doubletakedecor.com\/uploads\/2025\/08\/patio-cover-ideas-dtd-24.jpg 700w, https:\/\/doubletakedecor.com\/uploads\/2025\/08\/patio-cover-ideas-dtd-24-200x300.jpg 200w, https:\/\/doubletakedecor.com\/uploads\/2025\/08\/patio-cover-ideas-dtd-24-683x1024.jpg 683w, https:\/\/doubletakedecor.com\/uploads\/2025\/08\/patio-cover-ideas-dtd-24-96x144.jpg 96w, https:\/\/doubletakedecor.com\/uploads\/2025\/08\/patio-cover-ideas-dtd-24-280x420.jpg 280w, https:\/\/doubletakedecor.com\/uploads\/2025\/08\/patio-cover-ideas-dtd-24-320x480.jpg 320w, https:\/\/doubletakedecor.com\/uploads\/2025\/08\/patio-cover-ideas-dtd-24-360x540.jpg 360w, https:\/\/doubletakedecor.com\/uploads\/2025\/08\/patio-cover-ideas-dtd-24-363x545.jpg 363w, https:\/\/doubletakedecor.com\/uploads\/2025\/08\/patio-cover-ideas-dtd-24-370x555.jpg 370w, https:\/\/doubletakedecor.com\/uploads\/2025\/08\/patio-cover-ideas-dtd-24-400x600.jpg 400w, https:\/\/doubletakedecor.com\/uploads\/2025\/08\/patio-cover-ideas-dtd-24-560x840.jpg 560w, https:\/\/doubletakedecor.com\/uploads\/2025\/08\/patio-cover-ideas-dtd-24-480x720.jpg 480w\" sizes=\"auto, (max-width: 700px) 100vw, 700px\" \/><\/p>\n<p>V\u00e1ltoztasd teraszodat igazi k\u00fclt\u00e9ri \u00e9tkez\u0151v\u00e9 egy f\u00e1b\u00f3l k\u00e9sz\u00fclt pergol\u00e1val, ami karaktert ad \u00e9s sz\u0171rt \u00e1rny\u00e9kot biztos\u00edt. V\u00e1lassz kov\u00e1csoltvas b\u00fatort, ami j\u00f3l b\u00edrja az id\u0151j\u00e1r\u00e1st is, \u00e9s eleganci\u00e1t visz a t\u00e9rbe. A k\u00e9nyelmes \u00fcl\u0151p\u00e1rn\u00e1k seg\u00edtik, hogy hosszabbak lehessenek a k\u00f6z\u00f6s vacsor\u00e1k. Egy friss vir\u00e1gcsokor az asztalon feldobja a helyet, \u00e9s m\u00e9g h\u00edvogat\u00f3bb\u00e1 teszi.<\/p>\n<h2>Fa pergola medence k\u00f6r\u00fcl<\/h2>\n<p><img loading=\"lazy\" decoding=\"async\" width=\"700\" height=\"1049\" alt=\"Rusztikus, fedett terasz fa gerend\u00e1kkal, k\u00e9nyelmes fotelekkel, \u00e9tkez\u0151vel, medenc\u00e9vel \u00e9s buja z\u00f6lddel k\u00f6rbev\u00e9ve.\" class=\"aligncenter size-full wp-image-5387\" src=\"https:\/\/doubletakedecor.com\/uploads\/2025\/08\/patio-cover-ideas-dtd-25.jpg\" srcset=\"https:\/\/doubletakedecor.com\/uploads\/2025\/08\/patio-cover-ideas-dtd-25.jpg 700w, https:\/\/doubletakedecor.com\/uploads\/2025\/08\/patio-cover-ideas-dtd-25-200x300.jpg 200w, https:\/\/doubletakedecor.com\/uploads\/2025\/08\/patio-cover-ideas-dtd-25-683x1024.jpg 683w, https:\/\/doubletakedecor.com\/uploads\/2025\/08\/patio-cover-ideas-dtd-25-96x144.jpg 96w, https:\/\/doubletakedecor.com\/uploads\/2025\/08\/patio-cover-ideas-dtd-25-280x420.jpg 280w, https:\/\/doubletakedecor.com\/uploads\/2025\/08\/patio-cover-ideas-dtd-25-320x480.jpg 320w, https:\/\/doubletakedecor.com\/uploads\/2025\/08\/patio-cover-ideas-dtd-25-360x539.jpg 360w, https:\/\/doubletakedecor.com\/uploads\/2025\/08\/patio-cover-ideas-dtd-25-363x544.jpg 363w, https:\/\/doubletakedecor.com\/uploads\/2025\/08\/patio-cover-ideas-dtd-25-370x554.jpg 370w, https:\/\/doubletakedecor.com\/uploads\/2025\/08\/patio-cover-ideas-dtd-25-400x599.jpg 400w, https:\/\/doubletakedecor.com\/uploads\/2025\/08\/patio-cover-ideas-dtd-25-560x839.jpg 560w, https:\/\/doubletakedecor.com\/uploads\/2025\/08\/patio-cover-ideas-dtd-25-480x719.jpg 480w\" sizes=\"auto, (max-width: 700px) 100vw, 700px\" \/><\/p>\n<p>Tervezz sokoldal\u00fa k\u00fclt\u00e9ri helyet \u00fagy, hogy a pergola k\u00f6zvetlen\u00fcl a medence mell\u00e9 ker\u00fcl. Er\u0151s gerend\u00e1kat haszn\u00e1lj, hogy massz\u00edv \u00e9s rusztikus maradjon. K\u00e9nyelmes, id\u0151j\u00e1r\u00e1s\u00e1ll\u00f3 p\u00e1rn\u00e1zat\u00fa kanap\u00e9kat v\u00e1lassz pihen\u00e9shez, \u00e9s alak\u00edts ki egy \u00e9tkez\u0151r\u00e9szt is szabadt\u00e9ri eb\u00e9dekhez. \u00dcltess n\u00f6v\u00e9nyeket k\u00f6r\u00e9, hogy term\u00e9szetes, hangulatos k\u00f6rnyezetet kapj.<\/p>\n<h2>S\u00e1tortet\u0151 f\u00e9nyf\u00fcz\u00e9rrel<\/h2>\n<p><img loading=\"lazy\" decoding=\"async\" width=\"700\" height=\"1050\" alt=\"St\u00edlusos fa asztal padokkal s\u00e1torponyva alatt, f\u00e9nyf\u00fcz\u00e9rrel, homokos talajon, z\u00f6ld n\u00f6v\u00e9nyekkel \u00e9s vil\u00e1gos h\u00e1zzal.\" class=\"aligncenter size-full wp-image-5393\" src=\"https:\/\/doubletakedecor.com\/uploads\/2025\/08\/patio-cover-ideas-dtd-26.jpg\" srcset=\"https:\/\/doubletakedecor.com\/uploads\/2025\/08\/patio-cover-ideas-dtd-26.jpg 700w, https:\/\/doubletakedecor.com\/uploads\/2025\/08\/patio-cover-ideas-dtd-26-200x300.jpg 200w, https:\/\/doubletakedecor.com\/uploads\/2025\/08\/patio-cover-ideas-dtd-26-683x1024.jpg 683w, https:\/\/doubletakedecor.com\/uploads\/2025\/08\/patio-cover-ideas-dtd-26-96x144.jpg 96w, https:\/\/doubletakedecor.com\/uploads\/2025\/08\/patio-cover-ideas-dtd-26-280x420.jpg 280w, https:\/\/doubletakedecor.com\/uploads\/2025\/08\/patio-cover-ideas-dtd-26-320x480.jpg 320w, https:\/\/doubletakedecor.com\/uploads\/2025\/08\/patio-cover-ideas-dtd-26-360x540.jpg 360w, https:\/\/doubletakedecor.com\/uploads\/2025\/08\/patio-cover-ideas-dtd-26-363x545.jpg 363w, https:\/\/doubletakedecor.com\/uploads\/2025\/08\/patio-cover-ideas-dtd-26-370x555.jpg 370w, https:\/\/doubletakedecor.com\/uploads\/2025\/08\/patio-cover-ideas-dtd-26-400x600.jpg 400w, https:\/\/doubletakedecor.com\/uploads\/2025\/08\/patio-cover-ideas-dtd-26-560x840.jpg 560w, https:\/\/doubletakedecor.com\/uploads\/2025\/08\/patio-cover-ideas-dtd-26-480x720.jpg 480w\" sizes=\"auto, (max-width: 700px) 100vw, 700px\" \/><\/p>\n<p>Alak\u00edts ki meghitt, bar\u00e1ts\u00e1gos hangulatot a k\u00fclt\u00e9ri \u00e9tkez\u0151 f\u00f6l\u00e9 fesz\u00edtett s\u00e1torral \u00e9s f\u00e9nyf\u00fcz\u00e9rrel. Ez a praktikus megold\u00e1s nappal \u00e1rny\u00e9kot ad, est\u00e9nk\u00e9nt pedig meghitt f\u00e9nyt var\u00e1zsol. Helyezd a fa asztalt homokos talajra, \u00edgy term\u00e9szetes lesz az \u00f6sszhat\u00e1s. Z\u00f6ld n\u00f6v\u00e9nyekkel vegy\u00fck k\u00f6rbe, hogy m\u00e9g \u00e9lettelibb legyen az eg\u00e9sz t\u00e9r. Mind a k\u00e9nyelem, mind a st\u00edlus garant\u00e1lt!<\/p>\n<h2>GYIK<\/h2>\n<details class=\"g-accordion \"><summary><h3>Melyek a legn\u00e9pszer\u0171bb teraszfed\u00e9si \u00f6tletek?<\/h3><\/summary>\n<p>A teraszfed\u00e9sek sokf\u00e9le st\u00edlusban el\u00e9rhet\u0151ek, mindegyik arra szolg\u00e1l, hogy m\u00e9g kellemesebb\u00e9 tegy\u00e9k a k\u00fclt\u00e9ri pihen\u0151helyeket, mik\u00f6zben hasznosak \u00e9s j\u00f3l mutatnak.<\/p>\n<ul>\n<li>A fix fed\u00e9sek tart\u00f3s \u00e1rny\u00e9kot adnak, strapab\u00edr\u00f3k \u00e9s alig ig\u00e9nyelnek karbantart\u00e1st,<\/li>\n<li>a nyeregtet\u0151s teraszfed\u00e9sek magasabb mennyezetet adnak, \u00edgy jobban szell\u0151zik a t\u00e9r \u00e9s t\u00f6bb term\u00e9szetes f\u00e9ny \u00e1ramlik be,<\/li>\n<li>az alum\u00ednium pergol\u00e1k id\u0151j\u00e1r\u00e1s\u00e1ll\u00f3k, r\u00e9szleges \u00e1rny\u00e9kot ny\u00fajtanak, k\u00f6zben a szell\u0151 is szabadon \u00e1ramolhat,<\/li>\n<li>a c\u00e9drusfa v\u00e1ltozatok rusztikus hangulatot visznek a kertbe, tart\u00f3sak \u00e9s ellen\u00e1llnak a rothad\u00e1snak, ez\u00e9rt t\u00f6k\u00e9letesek hangulatos, meghitt k\u00fclt\u00e9ri terekhez.<\/li>\n<\/ul>\n<p>Kandall\u00f3k vagy t\u0171zrak\u00f3k be\u00e9p\u00edt\u00e9se nem csak a hangulatot dobja fel, hanem a h\u0171v\u00f6sebb est\u00e9ken is kellemes \u00f6sszej\u00f6veteleket lehet szervezni, hiszen a t\u0171z k\u00f6zponti elemm\u00e9 v\u00e1lik. Ha d\u00edszes mint\u00e1kat vagy egyedi form\u00e1kat is v\u00e1lasztasz, a szokv\u00e1nyos teraszfed\u00e9sb\u0151l is igaz\u00e1n egyedi megold\u00e1st var\u00e1zsolhatsz, amivel teljesen t\u00fckr\u00f6zheted a saj\u00e1t st\u00edlusodat.<\/p>\n<p>A megfelel\u0151 anyag kiv\u00e1laszt\u00e1sa fontos: <strong>az alum\u00ednium hossz\u00fa \u00e9vekre sz\u00f3l<\/strong>, alig kell vele foglalkozni, m\u00edg <strong>a c\u00e9drus term\u00e9szetes sz\u00e9ps\u00e9g\u00e9vel otthonos melegs\u00e9get hoz<\/strong>. Mindegyik anyagnak megvannak a maga el\u0151nyei, \u00edgy k\u00f6nnyen igaz\u00edthatod a teraszt a saj\u00e1t \u00edzl\u00e9sedhez \u00e9s ig\u00e9nyeidhez.<\/p>\n<p>Ezek a soksz\u00edn\u0171 \u00f6tletek b\u00e1rmelyik kertb\u0151l igazi nyugalmas mened\u00e9ket var\u00e1zsolnak, ahol j\u00f3l \u00e9rv\u00e9nyes\u00fcl a praktikum \u00e9s a mutat\u00f3s, sz\u00e9p kin\u00e9zet egyszerre.<\/p>\n<\/details><details class=\"g-accordion \"><summary><h3>Milyen anyagok a legjobbak a teraszfed\u00e9shez?<\/h3><\/summary>\n<p>Amikor teraszfed\u00e9shez v\u00e1lasztasz anyagot, fontos, hogy az tart\u00f3s legyen, \u00e9s illeszkedjen ahhoz a st\u00edlushoz, amit meg\u00e1lmodt\u00e1l. A legn\u00e9pszer\u0171bbek k\u00f6z\u00e9 <strong>az alum\u00ednium<\/strong> \u00e9s a <strong>c\u00e9drusfa<\/strong> tartozik, hiszen mindkett\u0151nek megvannak a saj\u00e1t j\u00f3 tulajdons\u00e1gai.<\/p>\n<ul>\n<li><strong>Az alum\u00ednium fed\u00e9sek<\/strong> hossz\u00fa \u00e9let\u0171ek, k\u00f6nny\u0171 tiszt\u00edtani \u00e9s j\u00f3l b\u00edrj\u00e1k az id\u0151j\u00e1r\u00e1st,<\/li>\n<li>modern, letisztult kin\u00e9zetet adnak, \u00e9s hat\u00e9konyan v\u00e9denek az es\u0151t\u0151l meg a naps\u00fct\u00e9st\u0151l,<\/li>\n<li>kis t\u00f6meg\u00fck miatt egyszer\u0171bb a szerel\u00e9s\u00fck is, mint a nehezebb anyagoknak.<\/li>\n<\/ul>\n<ul>\n<li><strong>A c\u00e9drus teraszfed\u00e9sek<\/strong> term\u00e9szetes sz\u00e9ps\u00e9g\u00fck \u00e9s tart\u00f3ss\u00e1guk miatt k\u00f6zkedveltek,<\/li>\n<li>a c\u00e9drus nem rohad, \u00edgy sok\u00e1ig sz\u00e9p marad, melegs\u00e9get \u00e9s egyedis\u00e9get ad a helynek,<\/li>\n<li>jellegzetes illata pedig tov\u00e1bb fokozza a kert hangulat\u00e1t.<\/li>\n<\/ul>\n<p>Ha rugalmasabb megold\u00e1sra v\u00e1gysz, <strong>sz\u00f6vetb\u0151l k\u00e9sz\u00fclt napvitorl\u00e1kkal<\/strong> k\u00eds\u00e9rletezhetsz. Ezek sokf\u00e9le sz\u00ednben \u00e9s mint\u00e1val el\u00e9rhet\u0151k, a f\u00e9nyt is egyszer\u0171en szab\u00e1lyozhatod vel\u00fck, r\u00e1ad\u00e1sul j\u00f3l mutatnak k\u00fcl\u00f6nb\u00f6z\u0151 st\u00edlus\u00fa udvarokban.<\/p>\n<p>\u00c9rdemes figyelembe venni a kl\u00edm\u00e1t, a karbantart\u00e1sra sz\u00e1nt id\u0151t, \u00e9s term\u00e9szetesen azt is, hogy milyen \u00f6sszhat\u00e1st szeretn\u00e9l. \u00cdgy nem csak praktikus, hanem sz\u00e9p \u00e9s egyedi teraszfed\u00e9st is alak\u00edthatsz ki, amiben \u00f6r\u00f6m lesz id\u0151t t\u00f6lteni.<\/p>\n<\/details><details class=\"g-accordion \"><summary><h3>Hogyan befoly\u00e1solja a teraszfed\u00e9s st\u00edlusa \u00e9s kialak\u00edt\u00e1sa a teraszod hangulat\u00e1t?<\/h3><\/summary>\n<p>A terasz st\u00edlusa \u00e9s kialak\u00edt\u00e1sa nagyban meghat\u00e1rozza, milyen lesz a k\u00fclt\u00e9ri t\u00e9r hangulata. A modern st\u00edlus \u00e1ltal\u00e1ban letisztult vonalakat, egyszer\u0171 form\u00e1kat haszn\u00e1l, alum\u00ednium alapanyaggal igaz\u00e1n kort\u00e1rs hat\u00e1st \u00e9rhetsz el. Ilyen terasz h\u0171v\u00f6s, eleg\u00e1ns hat\u00e1s\u00fa lesz, ami f\u0151leg v\u00e1rosi k\u00f6rnyezetben mutat j\u00f3l.<\/p>\n<p>A rusztikus st\u00edlus ezzel szemben a term\u00e9szetes anyagokat\u2014p\u00e9ld\u00e1ul <strong>f\u00e1t<\/strong> vagy <strong>c\u00e9drust<\/strong>\u2014r\u00e9szes\u00edti el\u0151nyben, ett\u0151l meghitt \u00e9s bar\u00e1ts\u00e1gos l\u00e1tv\u00e1nyt kelt. Ezeket sokszor \u00e9rdekes d\u00edsz\u00edt\u00e9sek vagy k\u00fcl\u00f6nleges form\u00e1k teszik m\u00e9g egyedibb\u00e9. Ak\u00e1r a modern, ak\u00e1r a rusztikus ir\u00e1ny \u00e1ll k\u00f6zel hozz\u00e1d, a l\u00e9nyeg, hogy az elk\u00e9pzel\u00e9seidhez \u00e9s kedvenc sz\u00edneidhez igaz\u00edtsd teraszodat.<\/p>\n<p>A klasszikus teraszok a r\u00e9gi st\u00edlusjegyeket \u00f6tv\u00f6zik k\u00e9nyelmes, praktikus megold\u00e1sokkal, \u00edgy id\u0151t\u00e1ll\u00f3, eleg\u00e1ns teret kapunk. Ilyenekn\u00e9l p\u00e9ld\u00e1ul <strong>k\u0151oszlopok<\/strong> vagy d\u00edszes r\u00e9szletek jelenhetnek meg. Mindegyik st\u00edlus \u00f6n\u00e1ll\u00f3 karaktert visz a teraszodba, lehet\u0151s\u00e9get adva arra, hogy a saj\u00e1t \u00edzl\u00e9sedhez igaz\u00edtsd a v\u00e9geredm\u00e9nyt.<\/p>\n<p><strong>V\u00e9g\u00fcl a legfontosabb szempont, hogy olyan st\u00edlust v\u00e1lassz, ami t\u00fckr\u00f6zi az egy\u00e9nis\u00e9gedet, \u00e9s amit\u0151l igaz\u00e1n saj\u00e1todnak \u00e9rzed a k\u00fclt\u00e9ri teredet.<\/strong><\/p>\n<\/details><details class=\"g-accordion \"><summary><h3>Mi\u00e9rt fontosak a sz\u00ednek a teraszfed\u00e9s tervez\u00e9s\u00e9n\u00e9l?<\/h3><\/summary>\n<p>A sz\u00ednek d\u00f6nt\u0151ek a teraszfed\u00e9s tervez\u00e9s\u00e9ben, hiszen nagyban befoly\u00e1solj\u00e1k a t\u00e9r hangulat\u00e1t \u00e9s \u00f6sszk\u00e9p\u00e9t. Ha harmoniz\u00e1l\u00f3 \u00e1rnyalatokat haszn\u00e1lsz, az eg\u00e9sz hely meghittebb, rendezettebb lesz, \u00e9s t\u00fckr\u00f6zi az egy\u00e9nis\u00e9gedet. P\u00e9ld\u00e1ul a <strong>semleges sz\u00ednek<\/strong>, mint a b\u00e9zs vagy a sz\u00fcrke, nyugodt h\u00e1tteret adnak, kiemelve a b\u00fatorokat vagy a n\u00f6v\u00e9nyeket.<\/p>\n<p>Ha viszont \u00e9l\u00e9nkebb teret szeretn\u00e9l, <strong>kontrasztos sz\u00ednek<\/strong> haszn\u00e1lat\u00e1val mozgalmasabb, energikusabb lesz a t\u00e9r. A piros vagy k\u00e9k \u00e1rnyalat\u00fa anyagok vagy kieg\u00e9sz\u00edt\u0151k izgalmas, felt\u0171n\u0151 hangulatot teremtenek.<\/p>\n<p>Amikor a sz\u00edneket anyagokkal, b\u00fatorokkal \u00e9s d\u00edszekkel \u00f6sszehangolod, egys\u00e9ges \u00e9s bar\u00e1ts\u00e1gos l\u00e9gk\u00f6rt kapsz. A v\u00e1logatott sz\u00ednek \u00f6sszek\u00f6tik az egyes elemeket, \u00edgy h\u00edvogat\u00f3bb lesz a terasz. Fontos, hogy a saj\u00e1t \u00edzl\u00e9sed szerint v\u00e1lassz, mert \u00edgy a teraszfed\u00e9s igaz\u00e1n hozz\u00e1d fog illeni.<\/p>\n<p>V\u00e9gs\u0151 soron, <strong>a megfelel\u0151 sz\u00ednv\u00e1laszt\u00e1s kulcsfontoss\u00e1g\u00fa<\/strong> ahhoz, hogy pont olyan hangulat\u00fa k\u00fclt\u00e9ri pihen\u0151helyet alak\u00edts ki, amilyet szeretn\u00e9l. Ak\u00e1r a nyugalom, ak\u00e1r a pezsg\u00e9s a c\u00e9lod, a j\u00f3l megv\u00e1lasztott sz\u00ednek l\u00e1tv\u00e1nyosan feldobj\u00e1k a teraszt.<\/p>\n<\/details><details class=\"g-accordion \"><summary><h3>Hogyan \u00e9rhetsz el modern vagy rusztikus hat\u00e1st egy teraszfed\u00e9ssel?<\/h3><\/summary>\n<p><p>Ha modern teraszfed\u00e9sre v\u00e1gysz, v\u00e1lassz egyszer\u0171 form\u00e1kat, letisztult vonalakat \u00e9s <strong>alum\u00ednium anyagokat<\/strong>. Ez a megold\u00e1s eleg\u00e1ns, modern k\u00fcls\u0151t ad, \u00e9s nagyon tart\u00f3s is. Egyszer\u0171, minimalista b\u00fatordarabokkal, valamint semleges sz\u00ednekkel igazi rendezett, st\u00edlusos teret teremthetsz.<\/p>\n<\/p>\n<p><p>Ha ink\u00e1bb a <strong>rusztikus hangulat<\/strong> vonz, term\u00e9szetes anyagokat v\u00e1lassz\u2014p\u00e9ld\u00e1ul c\u00e9drust\u2014, ezek melegs\u00e9get, otthonoss\u00e1got \u00e9s egy kis m\u00faltid\u00e9z\u0151 \u00e9rz\u00e9st sug\u00e1roznak. A c\u00e9drus gazdag text\u00far\u00e1ja \u00e9s kellemes illata m\u00e9g karakteresebb\u00e9 teszi a teret. Dobd fel a berked\u00e9st r\u00e9gi l\u00e1mp\u00e1sokkal vagy kov\u00e1csoltvas kieg\u00e9sz\u00edt\u0151kkel! A f\u00f6ldsz\u00ednek, meleg barn\u00e1k pedig tov\u00e1bb er\u0151s\u00edtik ezt a hat\u00e1st, mindent sz\u00e9pen \u00f6sszhangba hozva.<\/p>\n<\/p>\n<p><p><strong>A b\u00fatorok n\u00e9lk\u00fcl\u00f6zhetetlenek<\/strong> mindk\u00e9t st\u00edlushoz. A modern teraszon j\u00f3l mutatnak a f\u00e9mes hat\u00e1s\u00fa, letisztult darabok, m\u00edg a rusztikusban a fa b\u00fatorok teszik igaz\u00e1n meghitt\u00e9 a teret. Egyik esetben sem \u00e9rdemes sp\u00f3rolni a szem\u00e9lyes d\u00edsz\u00edt\u0151elemekkel, hisz ezek \u00e1ltal lesz igaz\u00e1n a te saj\u00e1t vil\u00e1god a terasz.<\/p>\n<\/p>\n<\/details><details class=\"g-accordion \"><summary><h3>Milyen p\u00e9nzt\u00e1rcabar\u00e1t teraszfed\u00e9si \u00f6tletek vannak?<\/h3><\/summary>\n<p>Ha olcs\u00f3bban szeretn\u00e9l teraszt fedni, kis kreativit\u00e1ssal \u00e9s \u00fcgyes tervez\u00e9ssel is remek megold\u00e1sokat tal\u00e1lhatsz. <strong>DIY textil napvitorl\u00e1k<\/strong> vagy <strong>\u00e1rny\u00e9kol\u00f3 ponyv\u00e1k<\/strong> p\u00e9ld\u00e1ul nemcsak kedvez\u0151 \u00e1ron k\u00e9sz\u00fclnek el, de a st\u00edlusukat is k\u00f6nnyed\u00e9n a kedved szerint alak\u00edthatod. <strong>Egyszer\u0171 fa szerkezetet<\/strong> is \u00e9p\u00edthetsz, ha k\u00f6nnyen beszerezhet\u0151 anyagokat haszn\u00e1lsz, \u00edgy a k\u00f6lts\u00e9geket is alacsonyan tudod tartani.<\/p>\n<p>M\u00e1r megl\u00e9v\u0151 anyagok vagy szerkezetek \u00fajrahasznos\u00edt\u00e1sa is nagyszer\u0171 sp\u00f3rol\u00e1si lehet\u0151s\u00e9g. Ezzel nemcsak p\u00e9nzt takar\u00edtasz meg, hanem egyedi hangulatot is adhatsz a kertnek. Ha okosan v\u00e1lasztasz olcs\u00f3 alapanyagokat, b\u00e1tran meg\u00faj\u00edthatod a teraszt\u2014an\u00e9lk\u00fcl, hogy elk\u00f6ltan\u00e9d minden megtakar\u00edt\u00e1sodat.<\/p>\n<\/details><details class=\"g-accordion \"><summary><h3>Milyen egyszer\u0171, olcs\u00f3 DIY teraszfed\u00e9si \u00f6tletek l\u00e9teznek?<\/h3><\/summary>\n<p>Egy p\u00e9nzt\u00e1rcabar\u00e1t, saj\u00e1t k\u00e9sz\u00edt\u00e9s\u0171 teraszfed\u00e9s k\u00f6nnyebben megval\u00f3s\u00edthat\u00f3, mint gondoln\u00e1d. Az al\u00e1bbi \u00f6tletek nagyon n\u00e9pszer\u0171ek:<\/p>\n<ul>\n<li>ponyva vagy textil napvitorla felszerel\u00e9se,<\/li>\n<li>egyszer\u0171 pergola \u00e9p\u00edt\u00e9se,<\/li>\n<li>PVC cs\u00f6vekb\u0151l k\u00e9sz\u00edtett baldachinos \u00e1rny\u00e9kol\u00f3.<\/li>\n<\/ul>\n<p><strong>Ponyva vagy textil napvitorl\u00e1k<\/strong> k\u00f6nnyed\u00e9n felr\u00f6gz\u00edthet\u0151k k\u00f6telekkel vagy akaszt\u00f3kkal, \u00e9s mindig a napszakhoz igaz\u00edthatod \u0151ket.<\/p>\n<p><strong>Egyszer\u0171 pergol\u00e1t<\/strong> is tudsz \u00e9p\u00edteni. Csak n\u00e9h\u00e1ny szersz\u00e1m, n\u00e9mi tart\u00f3s, impregn\u00e1lt fa kell hozz\u00e1, \u00e9s m\u00e1ris van egy \u00e1rny\u00e9kos hely, ahol \u00e1ramlik a leveg\u0151. Ha lefestied vagy laz\u00farozod, m\u00e9g jobban illik majd a kertedhez vagy a h\u00e1zadhoz.<\/p>\n<p>Olcs\u00f3 \u00e9s k\u00f6nnyen szerelhet\u0151 a <strong>PVC cs\u00f6vekb\u0151l k\u00e9sz\u00edtett baldachin<\/strong>. Ezek a cs\u00f6vek k\u00f6nny\u0171ek, gyorsan \u00f6ssze\u00e1ll\u00edthat\u00f3k, az anyagot r\u00e1ter\u00edtve pedig egyszerre teremtesz \u00e1rny\u00e9kot \u00e9s adsz egy kis st\u00edlust a terasznak, sok p\u00e9nz elk\u00f6lt\u00e9se n\u00e9lk\u00fcl.<\/p>\n<p><strong>Ezek az \u00f6tletek t\u00e9nyleg b\u00e1rkinek siker\u00fclhetnek, \u00edgy olcs\u00f3n \u00e9s k\u00f6nnyen saj\u00e1t \u00edzl\u00e9sedre szabhatod a h\u00e1ts\u00f3 kertedet.<\/strong><\/p>\n<\/details><details class=\"g-accordion \"><summary><h3>Hogyan teheted m\u00e9g jobb\u00e1 a k\u00fclt\u00e9ri teret k\u00e9sz teraszfed\u00e9si szettekkel?<\/h3><\/summary>\n<p>A teraszfed\u0151 szettek gyors \u00e9s egyszer\u0171 m\u00f3don seg\u00edtenek abban, hogy \u00faj sz\u00ednt vigy\u00e9l a k\u00fclt\u00e9ri \u00e9letedbe. <strong>El\u0151re m\u00e9retre v\u00e1gott anyagokkal<\/strong> \u00e9s <strong>vil\u00e1gos \u00fatmutat\u00f3val<\/strong> a szerel\u00e9s gyerekj\u00e1t\u00e9k lesz. R\u00e1ad\u00e1sul sokf\u00e9le st\u00edlusban \u00e9s m\u00e9retben el\u00e9rhet\u0151k, ez\u00e9rt k\u00f6nnyen szem\u00e9lyre szabhatod a teraszt.<\/p>\n<p>Akkor is belev\u00e1ghatsz, ha nem vagy profi bark\u00e1csol\u00f3, hiszen ezek a szettek minden l\u00e9p\u00e9sn\u00e9l v\u00e9gigvezetnek. Egy ilyen fed\u00e9ssel pillanatok alatt kellemes \u00e9s j\u00f3l haszn\u00e1lhat\u00f3 k\u00fclt\u00e9ri helyet var\u00e1zsolhatsz. Mivel <strong>\u00e1rny\u00e9kot \u00e9s v\u00e9delmet<\/strong> is adnak, sokkal k\u00e9nyelmesebb lesz kint tart\u00f3zkodni ak\u00e1r naps\u00fct\u00e9sben, ak\u00e1r es\u0151ben.<\/p>\n<p>K\u00fcl\u00f6nb\u00f6z\u0151 anyagokb\u00f3l (pl. <strong>alum\u00edniumb\u00f3l<\/strong> vagy <strong>f\u00e1b\u00f3l<\/strong>) k\u00e9sz\u00fclhetnek, \u00edgy egyszer\u0171en tal\u00e1lhatsz olyat, ami illik az \u00edzl\u00e9sedhez\u2014ak\u00e1r a modern, ak\u00e1r a rusztikus vonal tetszik.<\/p>\n<p><strong>Egy k\u00e9sz teraszfed\u00e9s szett nemcsak jobban mutat, de praktikusabb\u00e1 is teszi a kertet, t\u00f6k\u00e9letes pihen\u0151- \u00e9s vend\u00e9gv\u00e1r\u00f3 helly\u00e9 alak\u00edtva azt.<\/strong><\/p>\n<\/details><details class=\"g-accordion \"><summary><h3>Mik azok a fix teraszfed\u00e9sek, \u00e9s mik az el\u0151nyeik?<\/h3><\/summary>\n<p>A fix teraszfed\u00e9sek olyan \u00e1lland\u00f3 szerkezetek, melyek eg\u00e9sz \u00e9vben \u00e1rny\u00e9kot \u00e9s v\u00e9delmet adnak a kertben, \u00e9s ha fel\u00e1ll\u00edtottad \u0151ket, szinte nem is ig\u00e9nyelnek karbantart\u00e1st. K\u00e9sz\u00fclhetnek <strong>alum\u00edniumb\u00f3l<\/strong> vagy <strong>f\u00e1b\u00f3l<\/strong>, mindk\u00e9t anyaggal sokf\u00e9le st\u00edlust el\u00e9rhetsz.<\/p>\n<ul>\n<li>Az alum\u00ednium modern, letisztult, nagyon id\u0151j\u00e1r\u00e1s\u00e1ll\u00f3,<\/li>\n<li>a fa, p\u00e9ld\u00e1ul a c\u00e9drus, rusztikus, term\u00e9szetes hangulatot teremt b\u00e1rmelyik udvarban.<\/li>\n<\/ul>\n<p>A fix teraszfed\u00e9sek el\u0151nye nemcsak a sz\u00e9p megjelen\u00e9s\u00fckben rejlik. Mindig megb\u00edzhat\u00f3an v\u00e9denek az es\u0151 \u00e9s naps\u00fct\u00e9s ellen, \u00edgy b\u00e1rmikor k\u00e9nyelmesen haszn\u00e1lhatod a teraszt. \u00c9vszakt\u00f3l f\u00fcggetlen\u00fcl pihenhetsz vagy vend\u00e9geket is fogadhatsz alatta. R\u00e1ad\u00e1sul ezek a fed\u00e9sek j\u00f3l illeszkednek a h\u00e1z megl\u00e9v\u0151 st\u00edlus\u00e1hoz vagy a kert t\u00f6bbi r\u00e9sz\u00e9hez.<\/p>\n<p><strong>Nemcsak praktikusak, de n\u00f6velik az ingatlan \u00e9rt\u00e9k\u00e9t is, hiszen feldobj\u00e1k, szebb\u00e9 \u00e9s haszn\u00e1lhat\u00f3bb\u00e1 teszik a k\u00fclt\u00e9ri teret.<\/strong> Ha j\u00f3l v\u00e1lasztod ki az anyagot \u00e9s a st\u00edlust, egyszerre lesz k\u00e9nyelmes \u00e9s mutat\u00f3s a teraszod.<\/p>\n<\/details><details class=\"g-accordion \"><summary><h3>Hogyan var\u00e1zsolhatod o\u00e1ziss\u00e1 a h\u00e1ts\u00f3 kertedet teraszfed\u00e9ssel?<\/h3><\/summary>\n<p>Egy teraszfed\u00e9s val\u00f3ban o\u00e1ziss\u00e1 alak\u00edthatja a kertedet: kellemes \u00e1rny\u00e9kot ad, ez\u00e9rt m\u00e9g a legmelegebb napokon is h\u00edvogat\u00f3 lesz a t\u00e9r, ahol \u00f6r\u00f6m laz\u00edtani vagy \u00e9ppen bar\u00e1tokat vend\u00e9g\u00fcl l\u00e1tni.<\/p>\n<p>K\u00fclt\u00e9ri b\u00fatorokkal, t\u0171zrak\u00f3val \u00e9s d\u00edsz\u00edt\u0151elemekkel tov\u00e1bb fokozhat\u00f3 a hangulat. Ezek az apr\u00f3 r\u00e9szletek <strong>szebb\u00e9 \u00e9s praktikusabb\u00e1 is teszik a kertet<\/strong>, t\u00f6k\u00e9letes helyet teremtve a k\u00f6z\u00f6s s\u00fct\u00f6get\u00e9shez vagy b\u00e9k\u00e9s kikapcsol\u00f3d\u00e1shoz. A t\u0171zrak\u00f3 p\u00e9ld\u00e1ul melegen tart a h\u0171v\u00f6sebb est\u00e9ken, a j\u00f3l kiv\u00e1lasztott d\u00edszek pedig t\u00fckr\u00f6zik a st\u00edlusodat.<\/p>\n<p>Ha <strong>c\u00e9drusb\u00f3l<\/strong> vagy <strong>alum\u00edniumb\u00f3l<\/strong> k\u00e9sz\u00fcl\u0151 fed\u00e9st v\u00e1lasztasz, k\u00f6nnyen a saj\u00e1t elk\u00e9pzel\u00e9sed szerint alak\u00edthatod \u00e1lmaid k\u00fclt\u00e9ri pihen\u0151hely\u00e9t.<\/p>\n<\/details><details class=\"g-accordion \"><summary><h3>Mik a t\u00f6k\u00e9letes teraszfed\u00e9s legf\u0151bb jellemz\u0151i?<\/h3><\/summary>\n<p>Ha a t\u00f6k\u00e9letes teraszfed\u00e9sen gondolkodsz, a <strong>tart\u00f3ss\u00e1g<\/strong>, a <strong>st\u00edlus<\/strong> \u00e9s a <strong>praktikum<\/strong> azok a f\u0151 szempontok, amiket \u00e9rdemes figyelembe venni.<\/p>\n<ul>\n<li>V\u00e1lassz p\u00e9ld\u00e1ul <strong>alum\u00edniumot<\/strong>, ha id\u0151t\u00e1ll\u00f3, k\u00f6nnyen karbantarthat\u00f3 megold\u00e1st keresel,<\/li>\n<li>ha viszont a meghitt, term\u00e9szetes hangulat a fontosabb, a <strong>c\u00e9drus<\/strong> remek d\u00f6nt\u00e9s, hiszen ellen\u00e1ll a rothad\u00e1snak,<\/li>\n<li>vil\u00e1g\u00edt\u00e1ssal is feldobhatod a hangulatot, \u00edgy este is \u00e9lvezheted a kerti \u00e9letet,<\/li>\n<li>a k\u00e1nikul\u00e1ban pedig a mennyezeti ventil\u00e1tor gondoskodhat a h\u0171s\u00edt\u00e9sr\u0151l.<\/li>\n<\/ul>\n<p>Ha azt szeretn\u00e9d, hogy a terasz minden id\u0151ben haszn\u00e1lhat\u00f3 legyen, <strong>f\u0171t\u00e9sr\u0151l is gondoskodhatsz<\/strong>. Legyen sz\u00f3 be\u00e9p\u00edtett vagy hordozhat\u00f3 f\u0171t\u0151testekr\u0151l, ezek sokkal komfortosabb\u00e1 teszik a helyet a hidegebb h\u00f3napokban is. Egy egyedi tervez\u00e9s\u0171 teraszfed\u00e9s gondosan illeszkedik a megl\u00e9v\u0151 kerthez \u00e9s a saj\u00e1t elk\u00e9pzel\u00e9seidhez. \u00cdgy nemcsak k\u00e9nyelmes, hanem igaz\u00e1n szemet gy\u00f6ny\u00f6rk\u00f6dtet\u0151 is lesz a v\u00e9geredm\u00e9ny, ahol j\u00f3 t\u00e1rsas\u00e1gban t\u00f6ltheted az id\u0151det.<\/p>\n<\/details><details class=\"g-accordion \"><summary><h3>Hogyan adhat inspir\u00e1ci\u00f3t egy fot\u00f3gal\u00e9ria a teraszfed\u00e9s megtervez\u00e9s\u00e9hez?<\/h3><\/summary>\n<p>Egy fot\u00f3gal\u00e9ria remek kiindul\u00f3pont, ha teraszfed\u00e9st tervezel. Rengeteg \u00f6tletet kapsz a k\u00fcl\u00f6nf\u00e9le st\u00edlusokb\u00f3l, anyagokb\u00f3l \u00e9s elrendez\u00e9sekb\u0151l, \u00edgy meghat\u00e1rozhatod, melyik illik legink\u00e1bb hozz\u00e1d. Lehet, hogy pont <strong>a c\u00e9drus rusztikus hangulata<\/strong> vagy <strong>az alum\u00ednium modern eleganci\u00e1ja<\/strong> fog megihletni.<\/p>\n<p>A k\u00e9pek n\u00e9zeget\u00e9se abban is seg\u00edt, hogy jobban elk\u00e9pzeld, melyik sz\u00edn \u00f6ssze\u00e1ll\u00edt\u00e1s, d\u00edsz\u00edt\u0151elem vagy megold\u00e1s milyen hat\u00e1st kelt a val\u00f3s\u00e1gban. Gyakran olyan \u00fajszer\u0171 \u00f6tletekkel tal\u00e1lkozhatsz, amire magadt\u00f3l nem gondolt\u00e1l volna. <strong>Egy j\u00f3l \u00f6ssze\u00e1ll\u00edtott fot\u00f3gal\u00e9ria val\u00f3ban kreat\u00edv \u00fatmutat\u00f3 lehet, hogy egy igaz\u00e1n szem\u00e9lyes, egyedi teraszfed\u00e9st alkoss, ami egyszerre illik hozz\u00e1d \u00e9s feldobja a kertedet.<\/strong><\/p>\n<\/details><details class=\"g-accordion \"><summary><h3>Milyen el\u0151nyei vannak a napvitorl\u00e1knak \u00e9s az \u00e1rny\u00e9kol\u00f3knak?<\/h3><\/summary>\n<p>A napvitorl\u00e1k \u00e9s \u00e1rny\u00e9kol\u00f3k rengeteg el\u0151nyt ny\u00fajtanak, ez\u00e9rt nagyon n\u00e9pszer\u0171ek azok k\u00f6r\u00e9ben, akik egyszerre szeretn\u00e9nek praktikus \u00e9s mutat\u00f3s k\u00fclt\u00e9ri megold\u00e1st. K\u00f6nny\u0171ek, egyszer\u0171en feltehet\u0151k, \u00e9s <strong>igaz\u00edthat\u00f3k a naps\u00fct\u00e9shez<\/strong>\u2014\u00edgy mindig akkora \u00e1rny\u00e9kot adnak, amennyire \u00e9pp sz\u00fcks\u00e9ged van.<\/p>\n<p>Sokf\u00e9le sz\u00ednben \u00e9s mint\u00e1zatban kaphat\u00f3k, \u00e9s nemcsak <strong>v\u00e9denek a k\u00e1ros UV sugarak ellen<\/strong>, hanem egy kis eleganci\u00e1t is visznek a teraszra. Annyira sokoldal\u00faak, hogy szinte b\u00e1rmilyen st\u00edlushoz illenek, ak\u00e1r modern, ak\u00e1r rusztikus a kerted.<\/p>\n<p>R\u00e1ad\u00e1sul olcs\u00f3bbak is, mint a fix szerkezetek, \u00edgy azok sz\u00e1m\u00e1ra is el\u00e9rhet\u0151k, akik nem akarnak sokat k\u00f6lteni a k\u00fclt\u00e9ri \u00e1talak\u00edt\u00e1sra. Ha a napvitorl\u00e1k vagy \u00e1rny\u00e9kol\u00f3k mellett d\u00f6ntesz, egyszerre \u00e9lvezheted a k\u00e9nyelmet \u00e9s egyediv\u00e9 is teheted az udvart.<\/p>\n<\/details> <details class=\"g-accordion \"><summary><h3>\u00c9rdemes elgondolkodnod a napellenz\u0151n a teraszodon?<\/h3><\/summary>  <\/p>\n<p>A napellenz\u0151k remek \u00f6tletet jelentenek, ha szeretn\u00e9d k\u00e9nyelmesebb\u00e9 \u00e9s praktikusabb\u00e1 tenni a teraszodat. \u00c1rny\u00e9kot adnak \u00e9s megv\u00e9denek az id\u0151j\u00e1r\u00e1st\u00f3l. Sokf\u00e9le st\u00edlus \u00e9s anyag k\u00f6z\u00fcl v\u00e1laszthatsz, \u00edgy biztosan tal\u00e1lsz olyat, ami j\u00f3l illik az otthonod k\u00fclsej\u00e9hez. Egy napellenz\u0151 alatt b\u00e1trabban \u00e9lvezheted a kinti id\u0151t a naps\u00fct\u00e9sben, vagy ak\u00e1r es\u0151ben is, \u00edgy t\u00f6bbsz\u00f6r lesz kedved haszn\u00e1lni a teraszodat.<\/p>\n<p><strong>K\u00e9t f\u00e9le napellenz\u0151 k\u00f6z\u00fcl v\u00e1laszthatsz: a mozgathat\u00f3, vagy az \u00e1lland\u00f3 t\u00edpust\u00f3l f\u00fcgg\u0151en, mennyi rugalmass\u00e1gra van sz\u00fcks\u00e9ged.<\/strong> Az anyag \u00e9s a sz\u00edn kiv\u00e1laszt\u00e1sa is sokat tehet az otthonod k\u00fcls\u0151 megjelen\u00e9s\u00e9\u00e9rt, \u00edgy a napellenz\u0151 nemcsak praktikus, hanem divatos kieg\u00e9sz\u00edt\u0151je lesz b\u00e1rmilyen terasznak.<\/p>\n<\/details>\n<details class=\"g-accordion \"><summary><h3>Miben ny\u00fajt nagyobb szabads\u00e1got a teraszfed\u00e9l napellenz\u0151vel?<\/h3><\/summary>  <\/p>\n<p>Egy napellenz\u0151vel felszerelt terasztet\u0151 igaz\u00e1n sokoldal\u00fav\u00e1 var\u00e1zsolja a kinti r\u00e9szeket, mert seg\u00edt szab\u00e1lyozni, mennyi napf\u00e9ny vagy \u00e1rny\u00e9k \u00e9ri a teraszt. Ez j\u00f3l j\u00f6n, ha v\u00e1ltozik az id\u0151j\u00e1r\u00e1s, \u00edgy mindig k\u00e9nyelmesen t\u00f6ltheted odakint az id\u0151t. <strong>A mozgathat\u00f3 napellenz\u0151t ig\u00e9ny szerint ki- vagy beh\u00fazhatod,<\/strong> \u00edgy sokkal t\u00f6bb lehet\u0151s\u00e9get kapsz, mint egy teljesen z\u00e1rt, fix tet\u0151 eset\u00e9n.<\/p>\n<ul>\n<li>H\u0171v\u00f6sebb napokon s\u00fcttetheted magad a napon,<\/li>\n<li>forr\u00f3 napokon \u00e9lvezheted az \u00e1rny\u00e9kot,<\/li>\n<li>\u00edgy a teraszod szinte eg\u00e9sz \u00e9vben haszn\u00e1lhat\u00f3 mened\u00e9k lesz.<\/li>\n<\/ul>\n<p>Tov\u00e1bb\u00e1 <strong>az \u00e1ll\u00edthat\u00f3 napellenz\u0151k<\/strong> lehet\u0151v\u00e9 teszik, hogy a bar\u00e1taiddal vagy csal\u00e1doddal is \u00fagy alak\u00edtsd ki a hangulatot, ahogy nektek tetszik. \u00cdgy teljesen saj\u00e1t elk\u00e9pzel\u00e9sedhez igaz\u00edthatod a teret.<\/p>\n<\/details>\n<details class=\"g-accordion \"><summary><h3>Mi\u00e9rt j\u00f3 v\u00e1laszt\u00e1s az alum\u00ednium pergola?<\/h3><\/summary>  <\/p>\n<p><strong>Az alum\u00ednium pergol\u00e1kat<\/strong> nagyon kedvelik, mert <strong>strapab\u00edr\u00f3ak<\/strong> \u00e9s <strong>alig ig\u00e9nyelnek karbantart\u00e1st<\/strong>. Kiv\u00e1l\u00f3 v\u00e1laszt\u00e1s, ha szeretn\u00e9d feldobni a kertedet vagy teraszodat. Ellen\u00e1llnak az id\u0151j\u00e1r\u00e1s viszontags\u00e1gainak, ez\u00e9rt hossz\u00fa \u00e9vekig j\u00f3l mutatnak, m\u00e9g akkor is, ha sokat esik vagy t\u0171z a nap. K\u00fcl\u00f6nb\u00f6z\u0151 sz\u00ednek \u00e9s form\u00e1k k\u00f6z\u00fcl v\u00e1laszthatsz, \u00edgy biztosan olyan lesz, amilyen neked tetszik.<\/p>\n<p>Ezek a pergol\u00e1k \u00e1rny\u00e9kot adnak, mik\u00f6zben j\u00f3l szell\u0151znek, \u00edgy egyszerre lehet vil\u00e1gos \u00e9s kellemesen h\u0171v\u00f6s a teraszod. Az alum\u00ednium pergola egyszerre praktikus \u00e9s divatos megold\u00e1s a kertedben.<\/p>\n<\/details>\n<details class=\"g-accordion \"><summary><h3>Mi\u00e9rt \u00e9ri meg c\u00e9drusf\u00e1b\u00f3l k\u00e9sz\u00fclt terasztet\u0151t v\u00e1lasztani?<\/h3><\/summary>  <\/p>\n<p>Ha <strong>c\u00e9drus terasztet\u0151t<\/strong> v\u00e1lasztasz, sok el\u0151nyh\u00f6z juthatsz. A c\u00e9drus term\u00e9szetes, rusztikus k\u00fclseje melegs\u00e9get sug\u00e1roz, \u00e9s bar\u00e1ts\u00e1gos hangulatot teremt a kertedben. H\u00edres arr\u00f3l, hogy sok\u00e1ig b\u00edrja, <strong>nagyon j\u00f3l ellen\u00e1ll az id\u0151j\u00e1r\u00e1snak \u00e9s a rothad\u00e1snak<\/strong>, \u00edgy a terasztet\u0151d sok\u00e1ig tart\u00f3s marad.<\/p>\n<p>R\u00e1ad\u00e1sul a c\u00e9drus illata igaz\u00e1n kellemes, \u00e9s m\u00e9g hangulatosabb\u00e1 teszi a szabadban t\u00f6lt\u00f6tt id\u0151t. Ez az egyedi kever\u00e9k \u2013 a sz\u00e9ps\u00e9g \u00e9s a tart\u00f3ss\u00e1g \u2013 miatt sokan v\u00e1lasztj\u00e1k a c\u00e9drus terasztet\u0151t, hogy <strong>meleg, de er\u0151s \u00e9s id\u0151t\u00e1ll\u00f3 kerti mened\u00e9ket<\/strong> \u00e9p\u00edtsenek maguknak.<\/p>\n<\/details>\n<details class=\"g-accordion \"><summary><h3>Milyen el\u0151nyei vannak egy \u00e1rny\u00e9kol\u00f3 szerkezetnek a teraszon?<\/h3><\/summary>  <\/p>\n<p>Egy \u00e1rny\u00e9kol\u00f3 szerkezet nagyon sokat dobhat a teraszodon:<\/p>\n<ul>\n<li>V\u00e9delmet ny\u00fajt a naps\u00fct\u00e9s ellen, \u00edgy a nagy melegben is \u00e9lvezheted a kint l\u00e9tet,<\/li>\n<li>n\u00f6veli a k\u00e9nyelmet \u00e9s cs\u00f6kkenti a k\u00e1ros UV sugarak hat\u00e1s\u00e1t,<\/li>\n<li>hangulatos tal\u00e1lkoz\u00f3helyet teremt csal\u00e1ddal vagy bar\u00e1tokkal,<\/li>\n<li>t\u00f6k\u00e9letes helyet ad buliz\u00e1shoz vagy pihen\u00e9shez,<\/li>\n<li>meg\u00f3vja a teraszb\u00fatorokat a naps\u00fct\u00e9st\u0151l, \u00edgy nem fakulnak \u00e9s nem mennek t\u00f6nkre hamar,<\/li>\n<li>jobb energiahat\u00e9konys\u00e1got biztos\u00edt, mert kevesebb h\u0151 jut be a h\u00e1zba a terasz fel\u0151l.<\/li>\n<\/ul>\n<p>Rengeteg lehet\u0151s\u00e9g k\u00f6z\u00fcl v\u00e1laszthatsz: <strong>pergol\u00e1k<\/strong>, <strong>s\u00e1trak<\/strong> \u00e9s <strong>napellenz\u0151k<\/strong> mind megold\u00e1st ny\u00fajtanak, \u00e9s k\u00f6nnyen a st\u00edlusodhoz igaz\u00edthat\u00f3k. <strong>Ak\u00e1r a pergola eleganci\u00e1ja, ak\u00e1r a napellenz\u0151 praktikuss\u00e1ga tetszik jobban, egy \u00e1rny\u00e9kol\u00f3 szerkezet biztosan szebb\u00e9 \u00e9s hasznosabb\u00e1 teszi a kertedet vagy teraszodat.<\/strong><\/p>\n<\/details>\n<details class=\"g-accordion \"><summary><h3>Hogyan teszi k\u00fcl\u00f6nlegesebb\u00e9 a s\u00e1tortet\u0151s terasztet\u0151 a kertedet?<\/h3><\/summary>  <\/p>\n<p><p>Egy <strong>s\u00e1tortet\u0151s terasztet\u0151<\/strong> nemcsak szebb\u00e9 var\u00e1zsolja a teraszt, hanem nagyobb belmagass\u00e1got is ad. A ferde form\u00e1j\u00e1nak k\u00f6sz\u00f6nhet\u0151en jobban \u00e1ramlik a leveg\u0151 \u00e9s beengedi a napf\u00e9nyt, \u00edgy kellemesebb lesz itt id\u0151t t\u00f6lteni. Ezek a tet\u0151k alum\u00edniumb\u00f3l vagy c\u00e9drusb\u00f3l is k\u00e9sz\u00fclhetnek, \u00edgy az otthonod st\u00edlus\u00e1hoz ill\u0151 anyagot v\u00e1laszthatsz, hogy egyszerre legyen eleg\u00e1ns \u00e9s j\u00f3l haszn\u00e1lhat\u00f3 a teraszod.<\/p>\n<\/p>\n<p><p>Emellett <strong>a s\u00e1tortet\u0151 fokozza a szell\u0151z\u00e9st<\/strong> \u00e9s t\u00e1gasabb \u00e9rzetet ad, ez\u00e9rt ide\u00e1lis, ha fontos a nagy t\u00e9r vagy a j\u00f3 leveg\u0151. Ha a sz\u00edneket \u00e9s anyagokat \u00f6sszehangolod a h\u00e1zaddal, teljesen szem\u00e9lyre szabott\u00e1 teheted a kinti \u00e9letteredet egy valamiben, amiben benne van a s\u00e1tortet\u0151k minden j\u00f3 tulajdons\u00e1ga.<\/p>\n<\/p>\n<\/details>\n<details class=\"g-accordion \"><summary><h3>Mire j\u00f3 egy k\u00fcl\u00f6n\u00e1ll\u00f3 terasztet\u0151?<\/h3><\/summary>  <\/p>\n<p>A k\u00fcl\u00f6n\u00e1ll\u00f3 terasztet\u0151 rengeteg el\u0151nnyel b\u00edr, hiszen rugalmasan elhelyezhet\u0151 \u00e9s vari\u00e1lhat\u00f3 a kertben. \u00cdgy igaz\u00e1n egyedi kinti pihen\u0151helyet alak\u00edthatsz ki, ami teljesen elk\u00fcl\u00f6n\u00fcl a lak\u00f3h\u00e1zt\u00f3l. Ezek a szerkezetek \u00e1rny\u00e9kot \u00e9s v\u00e9delmet adnak an\u00e9lk\u00fcl, hogy a h\u00e1zhoz kellene csatlakozniuk, \u00edgy ak\u00e1r k\u00fcl\u00f6n z\u00f3n\u00e1t is l\u00e9trehozhatsz p\u00e9ld\u00e1ul \u00e9tkez\u00e9shez vagy pihen\u00e9shez, ett\u0151l pedig az eg\u00e9sz kert hangulata szebb lesz.<\/p>\n<ul>\n<li>Az egyik legjobb tulajdons\u00e1guk, hogy b\u00e1rhov\u00e1 ker\u00fclhetnek a kertben, \u00edgy mindig a legjobb helyre teheted \u2013 naps\u00fct\u00f6tte vagy sz\u00e9p kil\u00e1t\u00e1s\u00fa helyre,<\/li>\n<li>sokf\u00e9le anyagb\u00f3l k\u00e9sz\u00fclhetnek; az alum\u00ednium modern megjelen\u00e9st ad, m\u00edg a c\u00e9drus term\u00e9szetes, meleg hangulatot var\u00e1zsol,<\/li>\n<li>ezek a tet\u0151k v\u00e9denek a napt\u00f3l, es\u0151t\u0151l, m\u00e9gis megmarad az igazi kerti hangulat, hiszen nincs k\u00f6r\u00fcl\u00f6tt\u00fck fal.<\/li>\n<\/ul>\n<p>Ha szeretn\u00e9d, <strong>vil\u00e1g\u00edt\u00e1st vagy ventil\u00e1tort<\/strong> is felszerelhetsz r\u00e1juk, hogy m\u00e9g k\u00e9nyelmesebbek legyenek. Mindezt egy\u00fcttv\u00e9ve a k\u00fcl\u00f6n\u00e1ll\u00f3 terasztet\u0151 igaz\u00e1n l\u00e1tv\u00e1nyos \u00e9s v\u00e1ltozatos lehet\u0151s\u00e9geket ad a kerted szebb\u00e9 \u00e9s komfortosabb\u00e1 t\u00e9tel\u00e9hez.<\/p>\n<\/details>\n<details class=\"g-accordion \"><summary><h3>Milyen el\u0151nyei vannak, ha a terasztet\u0151t a h\u00e1zhoz csatolod?<\/h3><\/summary>  <\/p>\n<p>Ha a terasztet\u0151 a h\u00e1zhoz kapcsol\u00f3dik, annak sok hasznos \u00e9s sz\u00e9p\u00edt\u0151 hat\u00e1sa lehet. T\u00f6k\u00e9letesen illeszkedik a h\u00e1zhoz, \u00edgy az eg\u00e9sz kin\u00e9zete egys\u00e9gesebb \u00e9s eleg\u00e1nsabb lesz. <strong>Ez az \u00f6sszhang nemcsak mutat\u00f3sabb\u00e1 teszi a h\u00e1zat, hanem k\u00f6nnyebb\u00e9 is teszi a k\u00f6zleked\u00e9st a benti \u00e9s kinti r\u00e9szek k\u00f6z\u00f6tt.<\/strong><\/p>\n<p>A tet\u0151 megv\u00e9d az es\u0151t\u0151l \u00e9s az er\u0151s naps\u00fct\u00e9st\u0151l, \u00edgy az \u00e9v b\u00e1rmely szak\u00e1ban \u00e9lvezheted a teraszt. Meg\u00f3vja a b\u00fatorokat \u00e9s dekor\u00e1ci\u00f3kat is, \u00edgy azok tov\u00e1bb \u00fajak \u00e9s sz\u00e9pek maradnak.<\/p>\n<p>Egy plusz el\u0151ny, hogy \u00edgy a h\u00e1zad \u00e9rt\u00e9ke is n\u0151het, hiszen a hasznos, sz\u00e9pen kialak\u00edtott k\u00fclt\u00e9ri r\u00e9sz vonz\u00f3bb\u00e1 teszi az ingatlant. Olyan \u00faj lak\u00f3teret kapsz, ahol k\u00e9nyelmesen pihenhetsz vagy bar\u00e1taidat vend\u00e9g\u00fcl l\u00e1thatod; a csatlakoztatott tet\u0151 rengeteg st\u00edlusban \u00e9s anyagban k\u00e9sz\u00fclhet, p\u00e9ld\u00e1ul:<\/p>\n<ul>\n<li>alum\u00edniumb\u00f3l,<\/li>\n<li>c\u00e9drusb\u00f3l,<\/li>\n<li>vagy b\u00e1rmib\u0151l, ami illik az otthonodhoz.<\/li>\n<\/ul>\n<p>\u00cdgy b\u00e1rmilyen elk\u00e9pzel\u00e9sed van, k\u00f6nnyen a saj\u00e1t \u00edzl\u00e9sedhez \u00e9s a h\u00e1z st\u00edlus\u00e1hoz igaz\u00edthatod a terasztet\u0151t.<\/p>\n<\/details>\n<details class=\"g-accordion \"><summary><h3>Hogyan teszi eleg\u00e1nsabb\u00e1 a terasztet\u0151t a k\u0151 oszlopos megold\u00e1s?<\/h3><\/summary>  <\/p>\n<p>A k\u0151oszlopos terasztet\u0151 <strong>eleganci\u00e1t<\/strong> \u00e9s <strong>tart\u00f3ss\u00e1got<\/strong> k\u00f6lcs\u00f6n\u00f6z a kertednek. Letisztult \u00e9s id\u0151t\u00e1ll\u00f3 kin\u00e9zete t\u00f6bbf\u00e9le h\u00e1zst\u00edlushoz is illik, \u00edgy m\u00e9g vonz\u00f3bb\u00e1 teszi a kertet. Ezek a <strong>massz\u00edv oszlopok<\/strong> biztos\u00edtj\u00e1k, hogy a tet\u0151 hossz\u00fa ideig sz\u00e9p \u00e9s stabil maradjon.<\/p>\n<p>A l\u00e1tv\u00e1nyon t\u00fal hangulatos mened\u00e9ket teremtenek, ahol <strong>luxus \u00e9rzet<\/strong> vesz k\u00f6r\u00fcl. A k\u0151anyagb\u00f3l k\u00f6nny\u0171 egyedi st\u00edlust kialak\u00edtani, \u00edgy var\u00e1zsolhatod a teraszt igaz\u00e1n kifinomultt\u00e1 \u00e9s hozz\u00e1d ill\u0151v\u00e9.<\/p>\n<\/details>\n<details class=\"g-accordion \"><summary><h3>Hogyan alak\u00edthatsz ki kinti szob\u00e1kat terasztet\u0151vel?<\/h3><\/summary>  <\/p>\n<p>Ha terasztet\u0151vel szeretn\u00e9l szabadt\u00e9ri szob\u00e1kat kialak\u00edtani, \u00e9rdemes el\u0151re kital\u00e1lni, mire fogod haszn\u00e1lni az egyes r\u00e9szeket. Lehet k\u00fcl\u00f6n r\u00e9sz az \u00e9tkez\u00e9sre, pihen\u00e9sre vagy ak\u00e1r s\u00fct\u00e9s-f\u0151z\u00e9sre is. A b\u00fatorokkal \u00e9s dekorral j\u00f3l elk\u00fcl\u00f6n\u00edtheted a kis helyis\u00e9geket a kertben.<\/p>\n<ul>\n<li>Fontos, hogy a tet\u0151 illeszkedjen a r\u00e9sz funkci\u00f3j\u00e1hoz,<\/li>\n<li>p\u00e9ld\u00e1ul egy <strong>alum\u00ednium pergola<\/strong> r\u00e9szben \u00e1rny\u00e9kol, de j\u00f3l \u00e1tszell\u0151zik, ez\u00e9rt ide\u00e1lis \u00e9tkez\u0151 t\u00e9rhez,<\/li>\n<li>egy <strong>c\u00e9drus tet\u0151<\/strong> rusztikus hangulatot ad, \u00edgy t\u00f6k\u00e9letes pihen\u0151sarokhoz.<\/li>\n<\/ul>\n<p>A n\u00f6v\u00e9nyek vagy alacsony s\u00f6v\u00e9nyek term\u00e9szetes t\u00e9relv\u00e1laszt\u00f3k is lehetnek, \u00edgy z\u00f6lddel d\u00edsz\u00edtheted a \u201eszob\u00e1k\u201d hat\u00e1rait. V\u00e1lassz olyan tet\u0151t, ami illik az elk\u00e9pzel\u00e9seidhez \u00e9s v\u00e9d az id\u0151j\u00e1r\u00e1st\u00f3l is.<\/p>\n<p>Dobj fel mindent vil\u00e1g\u00edt\u00e1ssal vagy k\u00fclt\u00e9ri mennyezeti ventil\u00e1torral, hogy m\u00e9g k\u00e9nyelmesebb legyen. <strong>Ha j\u00f3l \u00e1tgondolod a terveket, a kerted nemcsak funkcion\u00e1lis, hanem hangulatos \u00e9s teljesen az ig\u00e9nyeidhez szabott k\u00fclt\u00e9ri \u00e9lett\u00e9rr\u00e9 alakul.<\/strong><\/p>\n<\/details>\n<details class=\"g-accordion \"><summary><h3>Milyen lehet\u0151s\u00e9gek vannak egy medence melletti terasztet\u0151re?<\/h3><\/summary>  <\/p>\n<p>Ha a medenc\u00e9s teraszodra szeretn\u00e9l tet\u0151t, t\u00f6bb praktikus \u00e9s mutat\u00f3s megold\u00e1st is tal\u00e1lhatsz:<\/p>\n<ul>\n<li><strong>mozgatat\u00f3 napellenz\u0151kkel<\/strong> rugalmas \u00e1rny\u00e9kot adhatnak \u2013 egyszer\u0171en \u00e1ll\u00edthatsz a fed\u00e9sen az id\u0151j\u00e1r\u00e1st\u00f3l f\u00fcgg\u0151en,<\/li>\n<li>ha \u00e1lland\u00f3bb v\u00e9delmet szeretn\u00e9l, v\u00e1lassz fix szerkezetet. Ezek alum\u00edniumb\u00f3l vagy c\u00e9drusb\u00f3l is lehetnek, tart\u00f3sak \u00e9s j\u00f3l is mutatnak,<\/li>\n<li>ha modern, l\u00e1tv\u00e1nyos megold\u00e1st keresel, az \u00e1rny\u00e9kol\u00f3 vitorla j\u00f3 megold\u00e1s \u2013 remek\u00fcl v\u00e9d a napt\u00f3l, r\u00e1ad\u00e1sul sz\u00ednes vagy k\u00fcl\u00f6nleges form\u00e1ban is szerezhet\u0151, hogy igaz\u00e1n j\u00f3l n\u00e9zzen ki mellette a medenc\u00e9d.<\/li>\n<\/ul>\n<p>A medence k\u00f6r\u00fcl fontos a <strong>v\u00edz\u00e1ll\u00f3 anyag<\/strong>, hogy tart\u00f3s legyen a tet\u0151 a p\u00e1r\u00e1s k\u00f6rnyezetben is. A megfelel\u0151 fed\u00e9ssel \u00e1rny\u00e9kot, <strong>UV-v\u00e9delmet<\/strong> \u00e9s sz\u00e9p \u00f6sszhat\u00e1st \u00e9rhetsz el \u2013 \u00edgy mindig kellemes lesz a kinti id\u0151t\u00f6lt\u00e9s a medence mellett.<\/p>\n<\/details>\n<details class=\"g-accordion \"><summary><h3>Hogyan dobja fel a teraszod kin\u00e9zet\u00e9t egy d\u00edszes terasztet\u0151?<\/h3><\/summary>  <\/p>\n<p>Egy d\u00edszes terasztet\u0151 igaz\u00e1n k\u00fcl\u00f6nlegess\u00e9 teheti a kertedet \u2013 nemcsak szebb, de bar\u00e1ts\u00e1gosabb is lesz t\u0151le a t\u00e9r. Ha p\u00e9ld\u00e1ul finoman kidolgozott mint\u00e1kat, egyedi form\u00e1t vagy \u00e9l\u00e9nk sz\u00edneket v\u00e1lasztasz, k\u00f6nnyed\u00e9n kifejezheted a saj\u00e1t st\u00edlusodat, \u00e9s m\u00e9g jobban \u00e9lvezheted odakint az id\u0151t.<\/p>\n<ul>\n<li>V\u00e1laszthatsz p\u00e9ld\u00e1ul c\u00e9drus vagy alum\u00ednium anyagot,<\/li>\n<li>mindegyik egyedi hangulat\u00fa, \u00edgy a tervez\u00e9sn\u00e9l a saj\u00e1t elk\u00e9pzel\u00e9seidhez igaz\u00edthatod,<\/li>\n<li>a d\u00edsz\u00edt\u0151 vil\u00e1g\u00edt\u00e1s vagy sz\u00ednes v\u00e1szonbor\u00edt\u00e1s m\u00e9g hangulatosabb\u00e1 teheti a teraszt.<\/li>\n<\/ul>\n<p>Ha szem\u00e9lyre szabod a r\u00e9szleteket, a h\u00e9tk\u00f6znapi teraszodb\u00f3l k\u00fcl\u00f6nleges hely v\u00e1lik, ami igaz\u00e1n a te \u00edzl\u00e9sedet t\u00fckr\u00f6zi, \u00e9s sokoldal\u00fabb\u00e1 is teszi azt.<\/p>\n<\/details>\n<details class=\"g-accordion \"><summary><h3>Miben seg\u00edt, ha meghosszabb\u00edtod a terasztet\u0151t?<\/h3><\/summary>  <\/p>\n<p>Ha a terasztet\u0151t meghosszabb\u00edtod, sokkal k\u00e9nyelmesebb\u00e9 v\u00e1lik a szabadban t\u00f6lt\u00f6tt id\u0151. Az egyik legjobb el\u0151nye, hogy <strong>m\u00e9g t\u00f6bb \u00e1rny\u00e9kot<\/strong> ad, ez\u00e9rt a legmelegebb napokon is kellemes lesz a kinti tart\u00f3zkod\u00e1s. Az \u00faj, \u00e1rny\u00e9kosabb r\u00e9szen t\u00f6bb id\u0151t pihenhetsz, s\u0151t, ak\u00e1r t\u00f6bb b\u00fatort vagy dekor\u00e1ci\u00f3t is elhelyezhetsz \u2013 mintha maga a t\u00e9r is nagyobb lenne.<\/p>\n<p>Emellett a b\u0151v\u00edt\u00e9s \u00f3ri\u00e1si szabads\u00e1got ad a tervez\u00e9sben: k\u00fcl\u00f6nf\u00e9le tev\u00e9kenys\u00e9gekhez \u2013 legyen sz\u00f3 \u00e9tkez\u00e9sr\u0151l, pihen\u00e9sr\u0151l vagy vend\u00e9gek fogad\u00e1s\u00e1r\u00f3l \u2013 kedvedre alak\u00edthatod. \u00cdgy mindig olyan lesz a terasz, amilyenre sz\u00fcks\u00e9ged van, r\u00e1ad\u00e1sul sz\u00e9p is marad.<\/p>\n<p>Plusz v\u00e9delem is j\u00e1r vele, hiszen ak\u00e1r es\u0151 vagy sz\u00e9l ellen is v\u00e9d, \u00edgy eg\u00e9sz \u00e9vben haszn\u00e1lhatod a teraszt an\u00e9lk\u00fcl, hogy agg\u00f3dnod kellene a kinti holmik miatt.<\/p>\n<p><strong>\u00d6sszefoglalva: a terasztet\u0151 meghosszabb\u00edt\u00e1sa nagyobb \u00e1rny\u00e9kot, t\u00f6bb lehet\u0151s\u00e9get \u00e9s extra v\u00e9delmet ad, \u00edgy b\u00e1rmilyen kertben hasznos \u00faj\u00edt\u00e1s.<\/strong><\/p>\n<\/details>\n<details class=\"g-accordion \"><summary><h3>Hogyan dobj\u00e1k fel a tet\u0151magas\u00edt\u00f3k a terasztet\u0151 designj\u00e1t?<\/h3><\/summary>  <\/p>\n<p><p><strong>A tet\u0151magas\u00edt\u00f3k<\/strong> feldobj\u00e1k a terasztet\u0151t, mivel magasabb\u00e1 \u00e9s l\u00e1tv\u00e1nyosabb\u00e1 teszik azt. Jobban \u00e1ramlik a leveg\u0151, t\u00f6bb lesz a f\u00e9ny is, \u00edgy bar\u00e1ts\u00e1gosabb \u00e9s t\u00e1gasabb lesz a hely. A magas\u00edtott t\u00e9r igaz\u00e1n nyitott \u00e9rzetet ad, ez pedig nemcsak k\u00e9nyelmesebb\u00e9, de szebb\u00e9 is var\u00e1zsolja az eg\u00e9sz terasztet\u0151t.<\/p>\n<\/p>\n<p><p>S\u0151t, a tet\u0151emel\u00e9s \u00e9rdekesebb form\u00e1t is adhat a tet\u0151nek, \u00edgy k\u00f6nnyen az udvarod egyik legizgalmasabb pontj\u00e1v\u00e1 v\u00e1lhat. <strong>Ezzel az egyedi megjelen\u00e9ssel b\u00e1rmilyen st\u00edlushoz j\u00f3l illik, legyen ak\u00e1r modern, ak\u00e1r hagyom\u00e1nyos a h\u00e1z.<\/strong><\/p>\n<\/p>\n<p><p>Ha tet\u0151magas\u00edt\u00f3val tervezel, egyszerre lesz praktikusabb \u00e9s eleg\u00e1nsabb a teraszod, vagyis \u00f6sszess\u00e9g\u00e9ben sokkal jobb lesz a fedett k\u00fclt\u00e9ri helyed \u00f6sszhat\u00e1sa.<\/p>\n<\/p>\n<\/details>\n<details class=\"g-accordion \"><summary><h3>Mi\u00e9rt j\u00f3 \u00f6tlet k\u00fclt\u00e9ri mennyezeti ventil\u00e1tort felszerelni?<\/h3><\/summary>  <\/p>\n<p>Ha k\u00fclt\u00e9ri mennyezeti ventil\u00e1tort szerelsz fel a teraszodra, azzal k\u00e9nyelmet \u00e9s st\u00edlust is adsz a helynek. F\u0151leg akkor hasznos, ha ny\u00e1ron is h\u0171v\u00f6s, friss leveg\u0151t szeretn\u00e9l odakint \u2013 j\u00f3l keveri a leveg\u0151t, \u00e9s kellemes szell\u0151t csin\u00e1l, hogy k\u00f6nnyebben b\u00edrd a nagy meleget.<\/p>\n<ul>\n<li>jav\u00edtja a leveg\u0151 mozg\u00e1s\u00e1t,<\/li>\n<li>elriasztja a sz\u00fanyogokat \u00e9s m\u00e1s kellemetlen bogarakat,<\/li>\n<li>feldobja a terasztet\u0151 l\u00e1tv\u00e1ny\u00e1t is.<\/li>\n<\/ul>\n<p>A kellemes h\u0151\u00e9rzet mellett az sem utols\u00f3 szempont, hogy k\u00f6nnyebben t\u00e1vol tartja a rovarokat, \u00edgy gondtalanabb a kinti \u00e9tkez\u00e9s vagy vend\u00e9gl\u00e1t\u00e1s. R\u00e1ad\u00e1sul, ha a ventil\u00e1tor j\u00f3l illik a berendez\u00e9shez, m\u00e9g mutat\u00f3sabb\u00e1 is v\u00e1lik a terasz. V\u00e1laszthatsz modern, letisztult form\u00e1t vagy ak\u00e1r fa- \u00e9s c\u00e9druslap\u00e1tos, hangulatosabb diz\u00e1jnt, \u00edgy a k\u00fclt\u00e9ri mennyezeti ventil\u00e1tor igazi o\u00e1ziss\u00e1 alak\u00edthatja a kertedet.<\/p>\n<\/details>\n<details class=\"g-accordion \"><summary><h3>Hogyan teszik hangulatosabb\u00e1 a fedett teraszt a t\u0171z elemek?<\/h3><\/summary>  <\/p>\n<p>Ha <strong>t\u0171zrak\u00f3helyet<\/strong> vagy k\u00fclt\u00e9ri <strong>kandall\u00f3t<\/strong> telep\u00edtesz a fedett teraszodra, azzal igaz\u00e1n kellemes, meghitt hangulatot teremthetsz. A l\u00e1ngok melege \u00e9s a f\u00e9nyek h\u00edvogat\u00f3v\u00e1 var\u00e1zsolj\u00e1k a teret, \u00edgy h\u0171v\u00f6sebb est\u00e9ken is j\u00f3l esik kint id\u0151zni. Sokszor ezek a <strong>t\u0171z elemek<\/strong> a t\u00e1rsas egy\u00fcttl\u00e9tek k\u00f6z\u00e9ppontj\u00e1v\u00e1 v\u00e1lnak, hiszen mindenki sz\u00edvesen \u00f6sszegy\u0171lik k\u00f6r\u00e9j\u00fck besz\u00e9lgetni vagy pihenni. K\u00f6zben a l\u00e1tv\u00e1nyuk is feldobja a teraszt, \u00edgy eg\u00e9szen k\u00fcl\u00f6nleges helyet teremthetsz vel\u00fck a kertedben. Ezek a t\u0171zrak\u00f3 megold\u00e1sok b\u00e1rmilyen teraszst\u00edlushoz j\u00f3l illenek, r\u00e1ad\u00e1sul egy kis extra var\u00e1zst is visznek az otthoni kinti \u00e9letbe.<\/p>\n<\/details>\n<details class=\"g-accordion \"><summary><h3>Mi\u00e9rt hasznos egy priv\u00e1t fal a teraszon?<\/h3><\/summary>  <\/p>\n<p>Ha tervezel egy <strong>priv\u00e1t falat<\/strong> a teraszodra, azzal sokat nyerhetsz a kint t\u00f6lt\u00f6tt id\u0151 min\u0151s\u00e9g\u00e9ben. Els\u0151sorban az\u00e9rt hasznos, mert megv\u00e9d a k\u00edv\u00e1ncsi tekintetekt\u0151l, cs\u00f6kkenti a zajt, \u00edgy sokkal nyugodtabb, elvonul\u00f3s hangulat\u00fa sarkot kapsz a kertben. <strong>\u00cdgy zavartalanul pihenhetsz vagy besz\u00e9lgethetsz odakint, nem kell a szomsz\u00e9dok vagy az utcai zaj miatt agg\u00f3dnod.<\/strong><\/p>\n<p>A priv\u00e1t fal k\u00e9sz\u00fclhet f\u00e1b\u00f3l, k\u0151b\u0151l, f\u00e9mb\u0151l \u2013 amit csak szeretn\u00e9l \u2013, \u00edgy k\u00f6nnyen igaz\u00edthat\u00f3 a terasz t\u00f6bbi elem\u00e9hez \u00e9s a saj\u00e1t st\u00edlusodhoz. Ha p\u00e9ld\u00e1ul a modern diz\u00e1jnhoz vagy ink\u00e1bb a term\u00e9szetes, rusztikus st\u00edlushoz illik az otthonod, a megfelel\u0151 anyagv\u00e1laszt\u00e1ssal minden k\u00edv\u00e1ns\u00e1god teljes\u00fclhet.<\/p>\n<p>De nem csak a komfort miatt el\u0151ny\u00f6s! Egy j\u00f3l megtervezett fal biztons\u00e1got is ad, mert megv\u00e9d a sz\u00e9lt\u0151l, port\u00f3l, vagy \u00e9ppen rep\u00fcl\u0151 t\u00e1rgyakt\u00f3l. Ha szereted a z\u00f6ldet, tele\u00fcltetheted fut\u00f3n\u00f6v\u00e9nyekkel, vagy felszerelhetsz r\u00e1 vil\u00e1g\u00edt\u00e1st is \u2013 \u00edgy egyszerre lesz sz\u00e9p \u00e9s praktikus.<\/p>\n<p>\u00d6sszefoglalva: egy ilyen fal k\u00e9nyelmet, nyugalmat, biztons\u00e1got \u00e9s egy\u00e9ni hangulatot visz a teraszod \u00e9let\u00e9be, hogy igaz\u00e1n j\u00f3l \u00e9rezd magad a kertedben.<\/p>\n<\/details>\n","protected":false},"excerpt":{"rendered":"<p>Alak\u00edtsd \u00e1t a k\u00fclt\u00e9ri \u00e9letteredet egy t\u00f6k\u00e9letes teraszfed\u00e9ssel, amely egyszerre st\u00edlusos \u00e9s praktikus. V\u00e1laszthatsz fix \u00e1rny\u00e9kol\u00f3t, ami megb\u00edzhat\u00f3an v\u00e9d a napt\u00f3l, vagy nyeregtet\u0151s megold\u00e1st, ami t\u00f6bb leveg\u0151t \u00e9s term\u00e9szetes f\u00e9nyt enged be \u2013 a lehet\u0151s\u00e9gek sokf\u00e9l\u00e9k, \u00e9s k\u00f6nnyen igaz\u00edthat\u00f3k b\u00e1rmilyen kert elk\u00e9pzel\u00e9s\u00e9hez. A felhaszn\u00e1lt anyagok nagyon fontosak, ha \u00e1lmaid k\u00fclt\u00e9ri pihen\u0151hely\u00e9t szeretn\u00e9d l\u00e9trehozni. Az alum\u00ednium modern, letisztult hat\u00e1st kelt, r\u00e1ad\u00e1sul&hellip;<\/p>\n","protected":false},"author":12,"featured_media":5402,"comment_status":"closed","ping_status":"closed","sticky":false,"template":"","format":"standard","meta":{"rank_math_focus_keyword":"terasz fed\u00e9s \u00f6tletek","rank_math_title":"A legjobb terasz fed\u00e9s \u00f6tletek st\u00edlusos k\u00fclt\u00e9ri \u00e9lethez","rank_math_description":"Fedezd fel az innovat\u00edv teraszfed\u00e9s \u00f6tleteket, hogy st\u00edlussal \u00e9s funkcionalit\u00e1ssal b\u0151v\u00edtsd k\u00fclt\u00e9ri ter\u00fcletedet. Tal\u00e1ld meg a t\u00f6k\u00e9letes fed\u00e9st a teredited sz\u00e1m\u00e1ra.","footnotes":""},"categories":[141],"tags":[],"class_list":["post-5475","post","type-post","status-publish","format-standard","has-post-thumbnail","hentry","category-kulteri-dekoraciok"],"g_custom_schema_json":"<script type=\"application\/ld+json\">\n{\n  \"@context\": \"https:\/\/schema.org\",\n  \"@type\": \"FAQPage\",\n  \"mainEntity\": [\n    {\n      \"@type\": \"Question\",\n      \"name\": \"Melyek a legn\u00e9pszer\u0171bb teraszfed\u00e9si \u00f6tletek?\",\n      \"acceptedAnswer\": {\n        \"@type\": \"Answer\",\n        \"text\": \"A teraszfed\u00e9sek sokf\u00e9le st\u00edlusban el\u00e9rhet\u0151ek, mindegyik arra szolg\u00e1l, hogy m\u00e9g kellemesebb\u00e9 tegy\u00e9k a k\u00fclt\u00e9ri pihen\u0151helyeket. A fix fed\u00e9sek tart\u00f3s \u00e1rny\u00e9kot adnak, strapab\u00edr\u00f3k \u00e9s alig ig\u00e9nyelnek karbantart\u00e1st, a nyeregtet\u0151s teraszfed\u00e9sek magasabb mennyezetet adnak, \u00edgy jobban szell\u0151zik a t\u00e9r. Az alum\u00ednium pergol\u00e1k id\u0151j\u00e1r\u00e1s\u00e1ll\u00f3k, r\u00e9szleges \u00e1rny\u00e9kot ny\u00fajtanak, a c\u00e9drusfa v\u00e1ltozatok rusztikus hangulatot visznek a kertbe, tart\u00f3sak \u00e9s ellen\u00e1llnak a rothad\u00e1snak.\"\n      }\n    },\n    {\n      \"@type\": \"Question\",\n      \"name\": \"Milyen anyagok a legjobbak a teraszfed\u00e9shez?\",\n      \"acceptedAnswer\": {\n        \"@type\": \"Answer\",\n        \"text\": \"Amikor teraszfed\u00e9shez v\u00e1lasztasz anyagot, fontos, hogy az tart\u00f3s legyen, \u00e9s illeszkedjen ahhoz a st\u00edlushoz, amit meg\u00e1lmodt\u00e1l. Az alum\u00ednium fed\u00e9sek hossz\u00fa \u00e9let\u0171ek, k\u00f6nny\u0171 tiszt\u00edtani \u00e9s j\u00f3l b\u00edrj\u00e1k az id\u0151j\u00e1r\u00e1st, a c\u00e9drus teraszfed\u00e9sek term\u00e9szetes sz\u00e9ps\u00e9g\u00fck \u00e9s tart\u00f3ss\u00e1guk miatt k\u00f6zkedveltek. Ha rugalmasabb megold\u00e1sra v\u00e1gysz, sz\u00f6vetb\u0151l k\u00e9sz\u00fclt napvitorl\u00e1kkal k\u00eds\u00e9rletezhetsz.\"\n      }\n    },\n    {\n      \"@type\": \"Question\",\n      \"name\": \"Hogyan befoly\u00e1solja a teraszfed\u00e9s st\u00edlusa \u00e9s kialak\u00edt\u00e1sa a teraszod hangulat\u00e1t?\",\n      \"acceptedAnswer\": {\n        \"@type\": \"Answer\",\n        \"text\": \"A terasz st\u00edlusa \u00e9s kialak\u00edt\u00e1sa nagyban meghat\u00e1rozza, milyen lesz a k\u00fclt\u00e9ri t\u00e9r hangulata. A modern st\u00edlus \u00e1ltal\u00e1ban letisztult vonalakat, egyszer\u0171 form\u00e1kat haszn\u00e1l, alum\u00ednium alapanyaggal igaz\u00e1n kort\u00e1rs hat\u00e1st \u00e9rhetsz el. A rusztikus st\u00edlus ezzel szemben a term\u00e9szetes anyagokat\u2014p\u00e9ld\u00e1ul f\u00e1t vagy c\u00e9drust\u2014r\u00e9szes\u00edti el\u0151nyben, ett\u0151l meghitt \u00e9s bar\u00e1ts\u00e1gos l\u00e1tv\u00e1nyt kelt.\"\n      }\n    },\n    {\n      \"@type\": \"Question\",\n      \"name\": \"Mi\u00e9rt fontosak a sz\u00ednek a teraszfed\u00e9s tervez\u00e9s\u00e9n\u00e9l?\",\n      \"acceptedAnswer\": {\n        \"@type\": \"Answer\",\n        \"text\": \"A sz\u00ednek d\u00f6nt\u0151ek a teraszfed\u00e9s tervez\u00e9s\u00e9ben, hiszen nagyban befoly\u00e1solj\u00e1k a t\u00e9r hangulat\u00e1t \u00e9s \u00f6sszk\u00e9p\u00e9t. Ha harmoniz\u00e1l\u00f3 \u00e1rnyalatokat haszn\u00e1lsz, az eg\u00e9sz hely meghittebb, rendezettebb lesz, \u00e9s t\u00fckr\u00f6zi az egy\u00e9nis\u00e9gedet. Ha viszont \u00e9l\u00e9nkebb teret szeretn\u00e9l, kontrasztos sz\u00ednek haszn\u00e1lat\u00e1val mozgalmasabb, energikusabb lesz a t\u00e9r.\"\n      }\n    },\n    {\n      \"@type\": \"Question\",\n      \"name\": \"Hogyan \u00e9rhetsz el modern vagy rusztikus hat\u00e1st egy teraszfed\u00e9ssel?\",\n      \"acceptedAnswer\": {\n        \"@type\": \"Answer\",\n        \"text\": \"Ha modern teraszfed\u00e9sre v\u00e1gysz, v\u00e1lassz egyszer\u0171 form\u00e1kat, letisztult vonalakat \u00e9s alum\u00ednium anyagokat. Ha ink\u00e1bb a rusztikus hangulat vonz, term\u00e9szetes anyagokat v\u00e1lassz\u2014p\u00e9ld\u00e1ul c\u00e9drust\u2014, ezek melegs\u00e9get, otthonoss\u00e1got \u00e9s egy kis m\u00faltid\u00e9z\u0151 \u00e9rz\u00e9st sug\u00e1roznak. A b\u00fatorok n\u00e9lk\u00fcl\u00f6zhetetlenek mindk\u00e9t st\u00edlushoz.\"\n      }\n    },\n    {\n      \"@type\": \"Question\",\n      \"name\": \"Milyen p\u00e9nzt\u00e1rcabar\u00e1t teraszfed\u00e9si \u00f6tletek vannak?\",\n      \"acceptedAnswer\": {\n        \"@type\": \"Answer\",\n        \"text\": \"Ha olcs\u00f3bban szeretn\u00e9l teraszt fedni, kis kreativit\u00e1ssal \u00e9s \u00fcgyes tervez\u00e9ssel is remek megold\u00e1sokat tal\u00e1lhatsz. DIY textil napvitorl\u00e1k vagy \u00e1rny\u00e9kol\u00f3 ponyv\u00e1k p\u00e9ld\u00e1ul nemcsak kedvez\u0151 \u00e1ron k\u00e9sz\u00fclnek el, de a st\u00edlusukat is k\u00f6nnyed\u00e9n a kedved szerint alak\u00edthatod.\"\n      }\n    },\n    {\n      \"@type\": \"Question\",\n      \"name\": \"Milyen egyszer\u0171, olcs\u00f3 DIY teraszfed\u00e9si \u00f6tletek l\u00e9teznek?\",\n      \"acceptedAnswer\": {\n        \"@type\": \"Answer\",\n        \"text\": \"Egy p\u00e9nzt\u00e1rcabar\u00e1t, saj\u00e1t k\u00e9sz\u00edt\u00e9s\u0171 teraszfed\u00e9s k\u00f6nnyebben megval\u00f3s\u00edthat\u00f3, mint gondoln\u00e1d. Ponyva vagy textil napvitorla felszerel\u00e9se, egyszer\u0171 pergola \u00e9p\u00edt\u00e9se, PVC cs\u00f6vekb\u0151l k\u00e9sz\u00edtett baldachinos \u00e1rny\u00e9kol\u00f3. Ezek az \u00f6tletek t\u00e9nyleg b\u00e1rkinek siker\u00fclhetnek, \u00edgy olcs\u00f3n \u00e9s k\u00f6nnyen saj\u00e1t \u00edzl\u00e9sedre szabhatod a h\u00e1ts\u00f3 kertedet.\"\n      }\n    },\n    {\n      \"@type\": \"Question\",\n      \"name\": \"Hogyan teheted m\u00e9g jobb\u00e1 a k\u00fclt\u00e9ri teret k\u00e9sz teraszfed\u00e9si szettekkel?\",\n      \"acceptedAnswer\": {\n        \"@type\": \"Answer\",\n        \"text\": \"A teraszfed\u0151 szettek gyors \u00e9s egyszer\u0171 m\u00f3don seg\u00edtenek abban, hogy \u00faj sz\u00ednt vigy\u00e9l a k\u00fclt\u00e9ri \u00e9letedbe. El\u0151re m\u00e9retre v\u00e1gott anyagokkal \u00e9s vil\u00e1gos \u00fatmutat\u00f3val a szerel\u00e9s gyerekj\u00e1t\u00e9k lesz. Egy k\u00e9sz teraszfed\u00e9s szett nemcsak jobban mutat, de praktikusabb\u00e1 is teszi a kertet.\"\n      }\n    },\n    {\n      \"@type\": \"Question\",\n      \"name\": \"Mik azok a fix teraszfed\u00e9sek, \u00e9s mik az el\u0151nyeik?\",\n      \"acceptedAnswer\": {\n        \"@type\": \"Answer\",\n        \"text\": \"A fix teraszfed\u00e9sek olyan \u00e1lland\u00f3 szerkezetek, melyek eg\u00e9sz \u00e9vben \u00e1rny\u00e9kot \u00e9s v\u00e9delmet adnak a kertben, \u00e9s ha fel\u00e1ll\u00edtottad \u0151ket, szinte nem is ig\u00e9nyelnek karbantart\u00e1st. Az alum\u00ednium modern, letisztult, nagyon id\u0151j\u00e1r\u00e1s\u00e1ll\u00f3, a fa, p\u00e9ld\u00e1ul a c\u00e9drus, rusztikus, term\u00e9szetes hangulatot teremt b\u00e1rmelyik udvarban.\"\n      }\n    },\n    {\n      \"@type\": \"Question\",\n      \"name\": \"Hogyan var\u00e1zsolhatod o\u00e1ziss\u00e1 a h\u00e1ts\u00f3 kertedet teraszfed\u00e9ssel?\",\n      \"acceptedAnswer\": {\n        \"@type\": \"Answer\",\n        \"text\": \"Egy teraszfed\u00e9s val\u00f3ban o\u00e1ziss\u00e1 alak\u00edthatja a kertedet: kellemes \u00e1rny\u00e9kot ad, ez\u00e9rt m\u00e9g a legmelegebb napokon is h\u00edvogat\u00f3 lesz a t\u00e9r, ahol \u00f6r\u00f6m laz\u00edtani vagy \u00e9ppen bar\u00e1tokat vend\u00e9g\u00fcl l\u00e1tni. K\u00fclt\u00e9ri b\u00fatorokkal, t\u0171zrak\u00f3val \u00e9s d\u00edsz\u00edt\u0151elemekkel tov\u00e1bb fokozhat\u00f3 a hangulat.\"\n      }\n    },\n    {\n      \"@type\": \"Question\",\n      \"name\": \"Mik a t\u00f6k\u00e9letes teraszfed\u00e9s legf\u0151bb jellemz\u0151i?\",\n      \"acceptedAnswer\": {\n        \"@type\": \"Answer\",\n        \"text\": \"Ha a t\u00f6k\u00e9letes teraszfed\u00e9sen gondolkodsz, a tart\u00f3ss\u00e1g, a st\u00edlus \u00e9s a praktikum azok a f\u0151 szempontok, amiket \u00e9rdemes figyelembe venni. Ha azt szeretn\u00e9d, hogy a terasz minden id\u0151ben haszn\u00e1lhat\u00f3 legyen, f\u0171t\u00e9sr\u0151l is gondoskodhatsz.\"\n      }\n    },\n    {\n      \"@type\": \"Question\",\n      \"name\": \"Hogyan adhat inspir\u00e1ci\u00f3t egy fot\u00f3gal\u00e9ria a teraszfed\u00e9s megtervez\u00e9s\u00e9hez?\",\n      \"acceptedAnswer\": {\n        \"@type\": \"Answer\",\n        \"text\": \"Egy fot\u00f3gal\u00e9ria remek kiindul\u00f3pont, ha teraszfed\u00e9st tervezel. Rengeteg \u00f6tletet kapsz a k\u00fcl\u00f6nf\u00e9le st\u00edlusokb\u00f3l, anyagokb\u00f3l \u00e9s elrendez\u00e9sekb\u0151l, \u00edgy meghat\u00e1rozhatod, melyik illik legink\u00e1bb hozz\u00e1d.\"\n      }\n    },\n    {\n      \"@type\": \"Question\",\n      \"name\": \"Milyen el\u0151nyei vannak a napvitorl\u00e1knak \u00e9s az \u00e1rny\u00e9kol\u00f3knak?\",\n      \"acceptedAnswer\": {\n        \"@type\": \"Answer\",\n        \"text\": \"A napvitorl\u00e1k \u00e9s \u00e1rny\u00e9kol\u00f3k rengeteg el\u0151nyt ny\u00fajtanak, ez\u00e9rt nagyon n\u00e9pszer\u0171ek azok k\u00f6r\u00e9ben, akik egyszerre szeretn\u00e9nek praktikus \u00e9s mutat\u00f3s k\u00fclt\u00e9ri megold\u00e1st. K\u00f6nny\u0171ek, egyszer\u0171en feltehet\u0151k, \u00e9s igaz\u00edthat\u00f3k a naps\u00fct\u00e9shez.\"\n      }\n    },\n    {\n      \"@type\": \"Question\",\n      \"name\": \"\u00c9rdemes elgondolkodnod a napellenz\u0151n a teraszodon?\",\n      \"acceptedAnswer\": {\n        \"@type\": \"Answer\",\n        \"text\": \"A napellenz\u0151k remek \u00f6tletet jelentenek, ha szeretn\u00e9d k\u00e9nyelmesebb\u00e9 \u00e9s praktikusabb\u00e1 tenni a teraszodat. \u00c1rny\u00e9kot adnak \u00e9s megv\u00e9denek az id\u0151j\u00e1r\u00e1st\u00f3l. Egy napellenz\u0151 alatt b\u00e1trabban \u00e9lvezheted a kinti id\u0151t a naps\u00fct\u00e9sben, vagy ak\u00e1r es\u0151ben is.\"\n      }\n    },\n    {\n      \"@type\": \"Question\",\n      \"name\": \"Miben ny\u00fajt nagyobb szabads\u00e1got a teraszfed\u00e9l napellenz\u0151vel?\",\n      \"acceptedAnswer\": {\n        \"@type\": \"Answer\",\n        \"text\": \"Egy napellenz\u0151vel felszerelt terasztet\u0151 igaz\u00e1n sokoldal\u00fav\u00e1 var\u00e1zsolja a kinti r\u00e9szeket, mert seg\u00edt szab\u00e1lyozni, mennyi napf\u00e9ny vagy \u00e1rny\u00e9k \u00e9ri a teraszt. A mozgathat\u00f3 napellenz\u0151t ig\u00e9ny szerint ki- vagy beh\u00fazhatod, \u00edgy sokkal t\u00f6bb lehet\u0151s\u00e9get kapsz.\"\n      }\n    },\n    {\n      \"@type\": \"Question\",\n      \"name\": \"Mi\u00e9rt j\u00f3 v\u00e1laszt\u00e1s az alum\u00ednium pergola?\",\n      \"acceptedAnswer\": {\n        \"@type\": \"Answer\",\n        \"text\": \"Az alum\u00ednium pergol\u00e1kat nagyon kedvelik, mert strapab\u00edr\u00f3ak \u00e9s alig ig\u00e9nyelnek karbantart\u00e1st. K\u00fcl\u00f6nb\u00f6z\u0151 sz\u00ednek \u00e9s form\u00e1k k\u00f6z\u00fcl v\u00e1laszthatsz, \u00edgy biztosan olyan lesz, amilyen neked tetszik.\"\n      }\n    },\n    {\n      \"@type\": \"Question\",\n      \"name\": \"Mi\u00e9rt \u00e9ri meg c\u00e9drusf\u00e1b\u00f3l k\u00e9sz\u00fclt terasztet\u0151t v\u00e1lasztani?\",\n      \"acceptedAnswer\": {\n        \"@type\": \"Answer\",\n        \"text\": \"Ha c\u00e9drus terasztet\u0151t v\u00e1lasztasz, sok el\u0151nyh\u00f6z juthatsz. A c\u00e9drus term\u00e9szetes, rusztikus k\u00fclseje melegs\u00e9get sug\u00e1roz, \u00e9s bar\u00e1ts\u00e1gos hangulatot teremt a kertedben. H\u00edres arr\u00f3l, hogy sok\u00e1ig b\u00edrja, nagyon j\u00f3l ellen\u00e1ll az id\u0151j\u00e1r\u00e1snak \u00e9s a rothad\u00e1snak.\"\n      }\n    },\n    {\n      \"@type\": \"Question\",\n      \"name\": \"Milyen el\u0151nyei vannak egy \u00e1rny\u00e9kol\u00f3 szerkezetnek a teraszon?\",\n      \"acceptedAnswer\": {\n        \"@type\": \"Answer\",\n        \"text\": \"Egy \u00e1rny\u00e9kol\u00f3 szerkezet nagyon sokat dobhat a teraszodon: v\u00e9delmet ny\u00fajt a naps\u00fct\u00e9s ellen, \u00edgy a nagy melegben is \u00e9lvezheted a kint l\u00e9tet, n\u00f6veli a k\u00e9nyelmet \u00e9s cs\u00f6kkenti a k\u00e1ros UV sugarak hat\u00e1s\u00e1t.\"\n      }\n    },\n    {\n      \"@type\": \"Question\",\n      \"name\": \"Hogyan teszi k\u00fcl\u00f6nlegesebb\u00e9 a s\u00e1tortet\u0151s terasztet\u0151 a kertedet?\",\n      \"acceptedAnswer\": {\n        \"@type\": \"Answer\",\n        \"text\": \"Egy s\u00e1tortet\u0151s terasztet\u0151 nemcsak szebb\u00e9 var\u00e1zsolja a teraszt, hanem nagyobb belmagass\u00e1got is ad. A ferde form\u00e1j\u00e1nak k\u00f6sz\u00f6nhet\u0151en jobban \u00e1ramlik a leveg\u0151 \u00e9s beengedi a napf\u00e9nyt, \u00edgy kellemesebb lesz itt id\u0151t t\u00f6lteni.\"\n      }\n    },\n    {\n      \"@type\": \"Question\",\n      \"name\": \"Mire j\u00f3 egy k\u00fcl\u00f6n\u00e1ll\u00f3 terasztet\u0151?\",\n      \"acceptedAnswer\": {\n        \"@type\": \"Answer\",\n        \"text\": \"A k\u00fcl\u00f6n\u00e1ll\u00f3 terasztet\u0151 rengeteg el\u0151nnyel b\u00edr, hiszen rugalmasan elhelyezhet\u0151 \u00e9s vari\u00e1lhat\u00f3 a kertben. \u00cdgy igaz\u00e1n egyedi kinti pihen\u0151helyet alak\u00edthatsz ki, ami teljesen elk\u00fcl\u00f6n\u00fcl a lak\u00f3h\u00e1zt\u00f3l.\"\n      }\n    },\n    {\n      \"@type\": \"Question\",\n      \"name\": \"Milyen el\u0151nyei vannak, ha a terasztet\u0151t a h\u00e1zhoz csatolod?\",\n      \"acceptedAnswer\": {\n        \"@type\": \"Answer\",\n        \"text\": \"Ha a terasztet\u0151 a h\u00e1zhoz kapcsol\u00f3dik, annak sok hasznos \u00e9s sz\u00e9p\u00edt\u0151 hat\u00e1sa lehet. T\u00f6k\u00e9letesen illeszkedik a h\u00e1zhoz, \u00edgy az eg\u00e9sz kin\u00e9zete egys\u00e9gesebb \u00e9s eleg\u00e1nsabb lesz. A tet\u0151 megv\u00e9d az es\u0151t\u0151l \u00e9s az er\u0151s naps\u00fct\u00e9st\u0151l, \u00edgy az \u00e9v b\u00e1rmely szak\u00e1ban \u00e9lvezheted a teraszt.\"\n      }\n    },\n    {\n      \"@type\": \"Question\",\n      \"name\": \"Hogyan teszi eleg\u00e1nsabb\u00e1 a terasztet\u0151t a k\u0151 oszlopos megold\u00e1s?\",\n      \"acceptedAnswer\": {\n        \"@type\": \"Answer\",\n        \"text\": \"A k\u0151oszlopos terasztet\u0151 eleganci\u00e1t \u00e9s tart\u00f3ss\u00e1got k\u00f6lcs\u00f6n\u00f6z a kertednek. Letisztult \u00e9s id\u0151t\u00e1ll\u00f3 kin\u00e9zete t\u00f6bbf\u00e9le h\u00e1zst\u00edlushoz is illik, \u00edgy m\u00e9g vonz\u00f3bb\u00e1 teszi a kertet. A l\u00e1tv\u00e1nyon t\u00fal hangulatos mened\u00e9ket teremtenek, ahol luxus \u00e9rzet vesz k\u00f6r\u00fcl.\"\n      }\n    },\n    {\n      \"@type\": \"Question\",\n      \"name\": \"Hogyan alak\u00edthatsz ki kinti szob\u00e1kat terasztet\u0151vel?\",\n      \"acceptedAnswer\": {\n        \"@type\": \"Answer\",\n        \"text\": \"Ha terasztet\u0151vel szeretn\u00e9l szabadt\u00e9ri szob\u00e1kat kialak\u00edtani, \u00e9rdemes el\u0151re kital\u00e1lni, mire fogod haszn\u00e1lni az egyes r\u00e9szeket. A b\u00fatorokkal \u00e9s dekorral j\u00f3l elk\u00fcl\u00f6n\u00edtheted a kis helyis\u00e9geket a kertben.\"\n      }\n    },\n    {\n      \"@type\": \"Question\",\n      \"name\": \"Milyen lehet\u0151s\u00e9gek vannak egy medence melletti terasztet\u0151re?\",\n      \"acceptedAnswer\": {\n        \"@type\": \"Answer\",\n        \"text\": \"Ha a medenc\u00e9s teraszodra szeretn\u00e9l tet\u0151t, t\u00f6bb praktikus \u00e9s mutat\u00f3s megold\u00e1st is tal\u00e1lhatsz: mozgatat\u00f3 napellenz\u0151kkel rugalmas \u00e1rny\u00e9kot adhatnak, ha \u00e1lland\u00f3bb v\u00e9delmet szeretn\u00e9l, v\u00e1lassz fix szerkezetet. A megfelel\u0151 fed\u00e9ssel \u00e1rny\u00e9kot, UV-v\u00e9delmet \u00e9s sz\u00e9p \u00f6sszhat\u00e1st \u00e9rhetsz el.\"\n      }\n    },\n    {\n      \"@type\": \"Question\",\n      \"name\": \"Hogyan dobja fel a teraszod kin\u00e9zet\u00e9t egy d\u00edszes terasztet\u0151?\",\n      \"acceptedAnswer\": {\n        \"@type\": \"Answer\",\n        \"text\": \"Egy d\u00edszes terasztet\u0151 igaz\u00e1n k\u00fcl\u00f6nlegess\u00e9 teheti a kertedet \u2013 nemcsak szebb, de bar\u00e1ts\u00e1gosabb is lesz t\u0151le a t\u00e9r. Ha p\u00e9ld\u00e1ul finoman kidolgozott mint\u00e1kat, egyedi form\u00e1t vagy \u00e9l\u00e9nk sz\u00edneket v\u00e1lasztasz, k\u00f6nnyed\u00e9n kifejezheted a saj\u00e1t st\u00edlusodat.\"\n      }\n    },\n    {\n      \"@type\": \"Question\",\n      \"name\": \"Miben seg\u00edt, ha meghosszabb\u00edtod a terasztet\u0151t?\",\n      \"acceptedAnswer\": {\n        \"@type\": \"Answer\",\n        \"text\": \"Ha a terasztet\u0151t meghosszabb\u00edtod, sokkal k\u00e9nyelmesebb\u00e9 v\u00e1lik a szabadban t\u00f6lt\u00f6tt id\u0151. Az egyik legjobb el\u0151nye, hogy m\u00e9g t\u00f6bb \u00e1rny\u00e9kot ad, ez\u00e9rt a legmelegebb napokon is kellemes lesz a kinti tart\u00f3zkod\u00e1s. Plusz v\u00e9delem is j\u00e1r vele, hiszen ak\u00e1r es\u0151 vagy sz\u00e9l ellen is v\u00e9d.\"\n      }\n    },\n    {\n      \"@type\": \"Question\",\n      \"name\": \"Hogyan dobj\u00e1k fel a tet\u0151magas\u00edt\u00f3k a terasztet\u0151 designj\u00e1t?\",\n      \"acceptedAnswer\": {\n        \"@type\": \"Answer\",\n        \"text\": \"A tet\u0151magas\u00edt\u00f3k feldobj\u00e1k a terasztet\u0151t, mivel magasabb\u00e1 \u00e9s l\u00e1tv\u00e1nyosabb\u00e1 teszik azt. Jobban \u00e1ramlik a leveg\u0151, t\u00f6bb lesz a f\u00e9ny is, \u00edgy bar\u00e1ts\u00e1gosabb \u00e9s t\u00e1gasabb lesz a hely.\"\n      }\n    },\n    {\n      \"@type\": \"Question\",\n      \"name\": \"Mi\u00e9rt j\u00f3 \u00f6tlet k\u00fclt\u00e9ri mennyezeti ventil\u00e1tort felszerelni?\",\n      \"acceptedAnswer\": {\n        \"@type\": \"Answer\",\n        \"text\": \"Ha k\u00fclt\u00e9ri mennyezeti ventil\u00e1tort szerelsz fel a teraszodra, azzal k\u00e9nyelmet \u00e9s st\u00edlust is adsz a helynek. F\u0151leg akkor hasznos, ha ny\u00e1ron is h\u0171v\u00f6s, friss leveg\u0151t szeretn\u00e9l odakint \u2013 j\u00f3l keveri a leveg\u0151t, \u00e9s kellemes szell\u0151t csin\u00e1l.\"\n      }\n    },\n    {\n      \"@type\": \"Question\",\n      \"name\": \"Hogyan teszik hangulatosabb\u00e1 a fedett teraszt a t\u0171z elemek?\",\n      \"acceptedAnswer\": {\n        \"@type\": \"Answer\",\n        \"text\": \"Ha t\u0171zrak\u00f3helyet vagy k\u00fclt\u00e9ri kandall\u00f3t telep\u00edtesz a fedett teraszodra, azzal igaz\u00e1n kellemes, meghitt hangulatot teremthetsz. A l\u00e1ngok melege \u00e9s a f\u00e9nyek h\u00edvogat\u00f3v\u00e1 var\u00e1zsolj\u00e1k a teret.\"\n      }\n    },\n    {\n      \"@type\": \"Question\",\n      \"name\": \"Mi\u00e9rt hasznos egy priv\u00e1t fal a teraszon?\",\n      \"acceptedAnswer\": {\n        \"@type\": \"Answer\",\n        \"text\": \"Ha tervezel egy priv\u00e1t falat a teraszodra, azzal sokat nyerhetsz a kint t\u00f6lt\u00f6tt id\u0151 min\u0151s\u00e9g\u00e9ben. Els\u0151sorban az\u00e9rt hasznos, mert megv\u00e9d a k\u00edv\u00e1ncsi tekintetekt\u0151l, cs\u00f6kkenti a zajt, \u00edgy sokkal nyugodtabb, elvonul\u00f3s hangulat\u00fa sarkot kapsz a kertben.\"\n      }\n    }\n  ]\n}\n<\/script>\n<script type=\"application\/ld+json\">\n{\n  \"@context\": \"https:\/\/schema.org\",\n  \"@type\": \"HowTo\",\n  \"name\": \"Egyszer\u0171, olcs\u00f3 DIY teraszfed\u00e9si \u00f6tlet: ponyva vagy textil napvitorla felszerel\u00e9se\",\n  \"description\": \"Ismerd meg, hogyan k\u00e9sz\u00edthetsz saj\u00e1t kez\u0171leg olcs\u00f3 teraszfed\u00e9st ponyv\u00e1val vagy textil napvitorl\u00e1val.\",\n  \"image\": [\n    \"https:\/\/doubletakedecor.com\/uploads\/2025\/08\/patio-cover-ideas-dtd-01.jpg\",\n    \"https:\/\/doubletakedecor.com\/uploads\/2025\/08\/patio-cover-ideas-dtd-02.jpg\"\n  ],\n  \"step\": [\n    {\n      \"@type\": \"HowToStep\",\n      \"name\": \"Hely kiv\u00e1laszt\u00e1sa\",\n      \"text\": \"V\u00e1laszd ki a terasz vagy kert azon r\u00e9sz\u00e9t, ahol \u00e1rny\u00e9kot szeretn\u00e9l.\",\n      \"image\": \"https:\/\/doubletakedecor.com\/uploads\/2025\/08\/patio-cover-ideas-dtd-01.jpg\"\n    },\n    {\n      \"@type\": \"HowToStep\",\n      \"name\": \"M\u00e9rd le a m\u00e9reteket\",\n      \"text\": \"M\u00e9rd le, hogy mekkora napvitorl\u00e1ra vagy ponyv\u00e1ra lesz sz\u00fcks\u00e9ged.\",\n      \"image\": \"https:\/\/doubletakedecor.com\/uploads\/2025\/08\/patio-cover-ideas-dtd-02.jpg\"\n    },\n    {\n      \"@type\": \"HowToStep\",\n      \"name\": \"Felszerel\u00e9si pontok kijel\u00f6l\u00e9se\",\n      \"text\": \"Jel\u00f6ld ki, hova szeretn\u00e9d r\u00f6gz\u00edteni a ponyv\u00e1t: p\u00e9ld\u00e1ul falhoz, oszlophoz vagy f\u00e1hoz.\",\n      \"image\": \"https:\/\/doubletakedecor.com\/uploads\/2025\/08\/patio-cover-ideas-dtd-03.jpg\"\n    },\n    {\n      \"@type\": \"HowToStep\",\n      \"name\": \"A ponyva\/naptet\u0151 felfogat\u00e1sa\",\n      \"text\": \"R\u00f6gz\u00edtsd a ponyv\u00e1t vagy textil napvitorl\u00e1t a kijel\u00f6lt pontokra k\u00f6telek, karabinerek vagy kamp\u00f3k seg\u00edts\u00e9g\u00e9vel.\",\n      \"image\": \"https:\/\/doubletakedecor.com\/uploads\/2025\/08\/patio-cover-ideas-dtd-04.jpg\"\n    },\n    {\n      \"@type\": \"HowToStep\",\n      \"name\": \"Fesz\u00edtsd ki \u00e9s igaz\u00edtsd meg\",\n      \"text\": \"Fesz\u00edtsd ki a ponyv\u00e1t \u00fagy, hogy ne legyen laza, de ne is szakadjon.\",\n      \"image\": \"https:\/\/doubletakedecor.com\/uploads\/2025\/08\/patio-cover-ideas-dtd-05.jpg\"\n    },\n    {\n      \"@type\": \"HowToStep\",\n      \"name\": \"Haszn\u00e1ld ki az \u00faj \u00e1rny\u00e9kos teret\",\n      \"text\": \"Helyezd el a b\u00fatorokat, \u00fcl\u0151helyeket az \u00faj \u00e1rny\u00e9kos ter\u00fcleten, \u00e9s \u00e9lvezd a teraszt!\",\n      \"image\": \"https:\/\/doubletakedecor.com\/uploads\/2025\/08\/patio-cover-ideas-dtd-06.jpg\"\n    }\n  ],\n  \"tool\": [\n    {\n      \"@type\": \"HowToTool\",\n      \"name\": \"M\u00e9r\u0151szalag\"\n    },\n    {\n      \"@type\": \"HowToTool\",\n      \"name\": \"L\u00e9tra\"\n    }\n  ],\n  \"supply\": [\n    {\n      \"@type\": \"HowToSupply\",\n      \"name\": \"Ponyva vagy textil napvitorla\"\n    },\n    {\n      \"@type\": \"HowToSupply\",\n      \"name\": \"K\u00f6telek, karabinerek, kamp\u00f3k\"\n    }\n  ],\n  \"totalTime\": \"PT1H\",\n  \"estimatedCost\": {\n    \"@type\": \"MonetaryAmount\",\n    \"currency\": \"HUF\",\n    \"value\": \"10000\"\n  }\n}\n<\/script>","_links":{"self":[{"href":"https:\/\/doubletakedecor.com\/hu\/wp-json\/wp\/v2\/posts\/5475","targetHints":{"allow":["GET"]}}],"collection":[{"href":"https:\/\/doubletakedecor.com\/hu\/wp-json\/wp\/v2\/posts"}],"about":[{"href":"https:\/\/doubletakedecor.com\/hu\/wp-json\/wp\/v2\/types\/post"}],"author":[{"embeddable":true,"href":"https:\/\/doubletakedecor.com\/hu\/wp-json\/wp\/v2\/users\/12"}],"replies":[{"embeddable":true,"href":"https:\/\/doubletakedecor.com\/hu\/wp-json\/wp\/v2\/comments?post=5475"}],"version-history":[{"count":1,"href":"https:\/\/doubletakedecor.com\/hu\/wp-json\/wp\/v2\/posts\/5475\/revisions"}],"predecessor-version":[{"id":5476,"href":"https:\/\/doubletakedecor.com\/hu\/wp-json\/wp\/v2\/posts\/5475\/revisions\/5476"}],"wp:featuredmedia":[{"embeddable":true,"href":"https:\/\/doubletakedecor.com\/hu\/wp-json\/wp\/v2\/media\/5402"}],"wp:attachment":[{"href":"https:\/\/doubletakedecor.com\/hu\/wp-json\/wp\/v2\/media?parent=5475"}],"wp:term":[{"taxonomy":"category","embeddable":true,"href":"https:\/\/doubletakedecor.com\/hu\/wp-json\/wp\/v2\/categories?post=5475"},{"taxonomy":"post_tag","embeddable":true,"href":"https:\/\/doubletakedecor.com\/hu\/wp-json\/wp\/v2\/tags?post=5475"}],"curies":[{"name":"wp","href":"https:\/\/api.w.org\/{rel}","templated":true}]}}