{"id":6625,"date":"2025-08-25T00:56:12","date_gmt":"2025-08-24T22:56:12","guid":{"rendered":"https:\/\/doubletakedecor.com\/kulteri-dekoraciok\/hangulatos-veranda-otletek\/"},"modified":"2025-08-25T02:05:24","modified_gmt":"2025-08-25T00:05:24","slug":"hangulatos-veranda-otletek","status":"publish","type":"post","link":"https:\/\/doubletakedecor.com\/hu\/kulteri-dekoraciok\/hangulatos-veranda-otletek\/","title":{"rendered":"Alak\u00edtsd \u00e1t a teredet: Hangulatos torn\u00e1c \u00f6tletek eg\u00e9sz \u00e9ves k\u00e9nyelem\u00e9rt"},"content":{"rendered":"<p>V\u00e1ltoztasd a verand\u00e1dat meghitt mened\u00e9kk\u00e9 k\u00e9nyelmes b\u00fatorokkal, puha p\u00e1rn\u00e1kkal \u00e9s szem\u00e9lyes d\u00edsz\u00edt\u0151elemekkel! Az olyan r\u00e9szletek, mint a meleg f\u00e9ny\u0171 \u00e9g\u0151sorok vagy a k\u00fcl\u00f6nf\u00e9le anyagok r\u00e9tegez\u00e9se, bar\u00e1ts\u00e1gos k\u00fclt\u00e9ri kuck\u00f3t teremtenek, ami igaz\u00e1n t\u00fckr\u00f6zi a saj\u00e1t st\u00edlusodat.<\/p>\n<p>Ak\u00e1r egy t\u00e1gas vid\u00e9ki verand\u00e1d, ak\u00e1r egy kisv\u00e1rosi erk\u00e9lyed van, a megfelel\u0151 b\u00fatorok, vil\u00e1g\u00edt\u00e1s \u00e9s dekor\u00e1ci\u00f3 szinte teljesen \u00e1talak\u00edthatj\u00e1k az otthonod ezen r\u00e9sz\u00e9t. V\u00e1lassz id\u0151j\u00e1r\u00e1s\u00e1ll\u00f3 anyagokat, \u00edgy hossz\u00fa ideig \u00e9lvezheted a berendez\u00e9st, \u00e9s friss\u00edtsd szezon\u00e1lis kieg\u00e9sz\u00edt\u0151kkel, hogy mindig \u00faj \u00e9s h\u00edvogat\u00f3 legyen a t\u00e9r!<\/p>\n<p>A n\u00f6v\u00e9nyek term\u00e9szetes hangulatot \u00e9s frissess\u00e9get visznek a verand\u00e1ra. K\u00e9zzel k\u00e9sz\u00edtett kasp\u00f3k vagy lefestett b\u00fatorok pedig p\u00e9nzt\u00e1rcabar\u00e1t m\u00f3don teszik egyediv\u00e9 a k\u00f6rnyezetet. \u00c9rdemes kialak\u00edtani olvas\u00f3sarkot vagy kis besz\u00e9lget\u0151 helyet, \u00e9s ha van h\u00e1zi kedvenced, gondolj r\u00e1juk is n\u00e9h\u00e1ny praktikus megold\u00e1ssal!<\/p>\n<p>Egy kis tervez\u00e9ssel a veranda nem csak egy bej\u00e1rat, hanem igazi nappali lesz a szabadban \u2013 t\u00f6k\u00e9letes reggeli k\u00e1v\u00e9hoz, esti pihen\u00e9shez vagy h\u00e9tv\u00e9gi csal\u00e1di, bar\u00e1ti \u00f6sszej\u00f6vetelekhez. Ezekkel az \u00f6tletekkel olyan k\u00fclt\u00e9ri o\u00e1zist var\u00e1zsolhatsz, ami t\u00e1rt karokkal v\u00e1rja a csal\u00e1dot \u00e9s a vend\u00e9geket is.<\/p>\n<div class=\"kt_block\" id=\"kt_id\">\n<span class=\"kt_headline\">F\u0151 \u00f6tletek di\u00f3h\u00e9jban<\/span><\/p>\n<ul class=\"kt_post_list\">\n<li><strong>\ud83d\udecb\ufe0f K\u00e9nyelem \u00e9s st\u00edlus:<\/strong> Alak\u00edtsd \u00e1t a verand\u00e1dat hangulatos mened\u00e9kk\u00e9 k\u00e9nyelmes \u00fcl\u0151alkalmatoss\u00e1gokkal, puha p\u00e1rn\u00e1kkal, \u00e9g\u0151sorokkal \u00e9s dekorat\u00edv kieg\u00e9sz\u00edt\u0151kkel.<\/li>\n<li><strong>\ud83c\udf3f Term\u00e9szetes d\u00edsz\u00edt\u00e9s:<\/strong> V\u00e1lassz n\u00f6v\u00e9nyeket, hogy \u00e9lettel \u00e9s sz\u00ednekkel t\u00f6ltsd meg a verand\u00e1t, \u00edgy igaz\u00e1n nyugodt \u00e9s meghitt hangulatot teremthetsz.<\/li>\n<li><strong>\ud83c\udfa8 Szem\u00e9lyes megold\u00e1sok:<\/strong> Saj\u00e1t k\u00e9sz\u00edt\u00e9s\u0171 d\u00edszekkel vagy szezonnak megfelel\u0151 dekorral egyedi, folyton meg\u00fajul\u00f3 teret var\u00e1zsolhatsz magadnak.<\/li>\n<li><strong>\ud83c\udfe1 T\u00f6bb, mint csak bej\u00e1rat:<\/strong> Gondos tervez\u00e9ssel a veranda a lak\u00e1s igazi r\u00e9sz\u00e9v\u00e9 v\u00e1lhat \u2013 remek hely kikapcsol\u00f3d\u00e1shoz, bar\u00e1ti vagy csal\u00e1di k\u00f6z\u00f6s pillanatokhoz is.<\/li>\n<\/ul>\n<\/div>\n<h2>Modern veranda kompozit padl\u00f3val<\/h2>\n<p><img loading=\"lazy\" decoding=\"async\" width=\"700\" height=\"1049\" alt=\"T\u00e1gas veranda vil\u00e1gos kompozit burkolattal, feh\u00e9r falbor\u00edt\u00e1ssal, fonott karossz\u00e9kekkel \u00e9s fa hintasz\u00e9kkel, amely a term\u00e9szetre n\u00e9z.\" class=\"aligncenter size-full wp-image-5495\" src=\"https:\/\/doubletakedecor.com\/uploads\/2025\/08\/cozy-porch-ideas-dtd-01.jpg\" srcset=\"https:\/\/doubletakedecor.com\/uploads\/2025\/08\/cozy-porch-ideas-dtd-01.jpg 700w, https:\/\/doubletakedecor.com\/uploads\/2025\/08\/cozy-porch-ideas-dtd-01-200x300.jpg 200w, https:\/\/doubletakedecor.com\/uploads\/2025\/08\/cozy-porch-ideas-dtd-01-683x1024.jpg 683w, https:\/\/doubletakedecor.com\/uploads\/2025\/08\/cozy-porch-ideas-dtd-01-96x144.jpg 96w, https:\/\/doubletakedecor.com\/uploads\/2025\/08\/cozy-porch-ideas-dtd-01-280x420.jpg 280w, https:\/\/doubletakedecor.com\/uploads\/2025\/08\/cozy-porch-ideas-dtd-01-320x480.jpg 320w, https:\/\/doubletakedecor.com\/uploads\/2025\/08\/cozy-porch-ideas-dtd-01-360x539.jpg 360w, https:\/\/doubletakedecor.com\/uploads\/2025\/08\/cozy-porch-ideas-dtd-01-363x544.jpg 363w, https:\/\/doubletakedecor.com\/uploads\/2025\/08\/cozy-porch-ideas-dtd-01-370x554.jpg 370w, https:\/\/doubletakedecor.com\/uploads\/2025\/08\/cozy-porch-ideas-dtd-01-400x599.jpg 400w, https:\/\/doubletakedecor.com\/uploads\/2025\/08\/cozy-porch-ideas-dtd-01-560x839.jpg 560w, https:\/\/doubletakedecor.com\/uploads\/2025\/08\/cozy-porch-ideas-dtd-01-480x719.jpg 480w\" sizes=\"auto, (max-width: 700px) 100vw, 700px\" \/><\/p>\n<p>\u00c9rd el a t\u00f6k\u00e9letes harm\u00f3ni\u00e1t k\u00e9nyelem \u00e9s st\u00edlus k\u00f6z\u00f6tt egy vil\u00e1gos sz\u00edn\u0171, k\u00f6nnyen tiszt\u00edthat\u00f3 kompozit padl\u00f3val! Melegebb napokon t\u00e9gy fel egy mennyezeti ventil\u00e1tort, \u00e9s v\u00e1logass a k\u00fcl\u00f6nf\u00e9le \u00fcl\u0151helyek (fonott karossz\u00e9kek, klasszikus hintasz\u00e9k) k\u00f6z\u00f6tt. Gondoskodj hangulatos esti f\u00e9nyekr\u0151l, \u00e9s v\u00e1lassz modern, biztons\u00e1gos korl\u00e1tot is!<\/p>\n<h2>Klasszikus t\u00e9glaveranda hint\u00e1val<\/h2>\n<p><img loading=\"lazy\" decoding=\"async\" width=\"700\" height=\"1049\" alt=\"Bar\u00e1ts\u00e1gos el\u0151veranda feh\u00e9r oszlopokkal, mennyezeti ventil\u00e1torral, d\u00edszes l\u00e1mp\u00e1val, t\u00e9glaburkolattal, valamint k\u00e9nyelmes hint\u00e1val p\u00e1rn\u00e1kkal.\" class=\"aligncenter size-full wp-image-5501\" src=\"https:\/\/doubletakedecor.com\/uploads\/2025\/08\/cozy-porch-ideas-dtd-02.jpg\" srcset=\"https:\/\/doubletakedecor.com\/uploads\/2025\/08\/cozy-porch-ideas-dtd-02.jpg 700w, https:\/\/doubletakedecor.com\/uploads\/2025\/08\/cozy-porch-ideas-dtd-02-200x300.jpg 200w, https:\/\/doubletakedecor.com\/uploads\/2025\/08\/cozy-porch-ideas-dtd-02-683x1024.jpg 683w, https:\/\/doubletakedecor.com\/uploads\/2025\/08\/cozy-porch-ideas-dtd-02-96x144.jpg 96w, https:\/\/doubletakedecor.com\/uploads\/2025\/08\/cozy-porch-ideas-dtd-02-280x420.jpg 280w, https:\/\/doubletakedecor.com\/uploads\/2025\/08\/cozy-porch-ideas-dtd-02-320x480.jpg 320w, https:\/\/doubletakedecor.com\/uploads\/2025\/08\/cozy-porch-ideas-dtd-02-360x539.jpg 360w, https:\/\/doubletakedecor.com\/uploads\/2025\/08\/cozy-porch-ideas-dtd-02-363x544.jpg 363w, https:\/\/doubletakedecor.com\/uploads\/2025\/08\/cozy-porch-ideas-dtd-02-370x554.jpg 370w, https:\/\/doubletakedecor.com\/uploads\/2025\/08\/cozy-porch-ideas-dtd-02-400x599.jpg 400w, https:\/\/doubletakedecor.com\/uploads\/2025\/08\/cozy-porch-ideas-dtd-02-560x839.jpg 560w, https:\/\/doubletakedecor.com\/uploads\/2025\/08\/cozy-porch-ideas-dtd-02-480x719.jpg 480w\" sizes=\"auto, (max-width: 700px) 100vw, 700px\" \/><\/p>\n<p>Tedd m\u00e9g kellemesebb\u00e9 a verand\u00e1t egy \u00f6sszeill\u0151 mennyezeti ventil\u00e1torral \u00e9s csill\u00e1rral \u2013 t\u00f6k\u00e9letesek a meleg ny\u00e1ri est\u00e9khez! V\u00e1ltozatos \u00fcl\u0151helyekkel (pad \u00e9s hinta, mind p\u00e1rn\u00e1kkal) val\u00f3ban pihentet\u0151 lesz a t\u00e9r. Helyezz el cserepes n\u00f6v\u00e9nyeket, hogy keretet adjanak a verand\u00e1nak, \u00e9s k\u00f6zelebb \u00e9rezhesd magad a term\u00e9szethez. A halsz\u00e1lka mint\u00e1s t\u00e9glapadl\u00f3 egyszerre id\u0151t\u00e1ll\u00f3 \u00e9s praktikus.<\/p>\n<h2>Fekete-feh\u00e9r k\u00fclt\u00e9ri lounge<\/h2>\n<p><img loading=\"lazy\" decoding=\"async\" width=\"700\" height=\"1049\" alt=\"Hangulatos veranda fekete fa fallal, feh\u00e9r szeg\u00e9llyel, k\u00e9t fa sz\u00e9kkel puha p\u00e1rn\u00e1kkal, \u00e9s egy fonott asztallal friss\u00edt\u0151kkel.\" class=\"aligncenter size-full wp-image-5507\" src=\"https:\/\/doubletakedecor.com\/uploads\/2025\/08\/cozy-porch-ideas-dtd-03.jpg\" srcset=\"https:\/\/doubletakedecor.com\/uploads\/2025\/08\/cozy-porch-ideas-dtd-03.jpg 700w, https:\/\/doubletakedecor.com\/uploads\/2025\/08\/cozy-porch-ideas-dtd-03-200x300.jpg 200w, https:\/\/doubletakedecor.com\/uploads\/2025\/08\/cozy-porch-ideas-dtd-03-683x1024.jpg 683w, https:\/\/doubletakedecor.com\/uploads\/2025\/08\/cozy-porch-ideas-dtd-03-96x144.jpg 96w, https:\/\/doubletakedecor.com\/uploads\/2025\/08\/cozy-porch-ideas-dtd-03-280x420.jpg 280w, https:\/\/doubletakedecor.com\/uploads\/2025\/08\/cozy-porch-ideas-dtd-03-320x480.jpg 320w, https:\/\/doubletakedecor.com\/uploads\/2025\/08\/cozy-porch-ideas-dtd-03-360x539.jpg 360w, https:\/\/doubletakedecor.com\/uploads\/2025\/08\/cozy-porch-ideas-dtd-03-363x544.jpg 363w, https:\/\/doubletakedecor.com\/uploads\/2025\/08\/cozy-porch-ideas-dtd-03-370x554.jpg 370w, https:\/\/doubletakedecor.com\/uploads\/2025\/08\/cozy-porch-ideas-dtd-03-400x599.jpg 400w, https:\/\/doubletakedecor.com\/uploads\/2025\/08\/cozy-porch-ideas-dtd-03-560x839.jpg 560w, https:\/\/doubletakedecor.com\/uploads\/2025\/08\/cozy-porch-ideas-dtd-03-480x719.jpg 480w\" sizes=\"auto, (max-width: 700px) 100vw, 700px\" \/><\/p>\n<p>Dobd fel a verand\u00e1dat l\u00e1tv\u00e1nyos fekete falakkal \u00e9s feh\u00e9r szeg\u00e9llyel! Helyezz el k\u00e9nyelmes fa sz\u00e9keket p\u00e1rn\u00e1kkal, egy fonott asztal k\u00f6r\u00e9 rendezve, \u00edgy kiv\u00e1l\u00f3 besz\u00e9lget\u0151sarok lesz. Akaszd fel f\u00e1b\u00f3l k\u00e9sz\u00fclt d\u00edszeket, hangulatf\u00e9nyt, \u00e9s eg\u00e9sz\u00edtsd ki cserepes n\u00f6v\u00e9nyekkel, hogy k\u00f6zelebb hozd a term\u00e9szetet \u2013 \u00edgy egyszerre lesz praktikus \u00e9s st\u00edlusos a t\u00e9r.<\/p>\n<h2>S\u00f6t\u00e9tk\u00e9k falak fonott hintasz\u00e9kekkel<\/h2>\n<p><img loading=\"lazy\" decoding=\"async\" width=\"700\" height=\"1049\" alt=\"K\u00e9nyelmes fonott hintasz\u00e9kek fekete-feh\u00e9r kock\u00e1s sz\u0151nyegen, fonott kos\u00e1r asztallal, vir\u00e1gokkal \u00e9s s\u00f6t\u00e9tk\u00e9k falakkal, amelyek b\u00e9k\u00e9s pihen\u0151helyet teremtenek.\" class=\"aligncenter size-full wp-image-5513\" src=\"https:\/\/doubletakedecor.com\/uploads\/2025\/08\/cozy-porch-ideas-dtd-04.jpg\" srcset=\"https:\/\/doubletakedecor.com\/uploads\/2025\/08\/cozy-porch-ideas-dtd-04.jpg 700w, https:\/\/doubletakedecor.com\/uploads\/2025\/08\/cozy-porch-ideas-dtd-04-200x300.jpg 200w, https:\/\/doubletakedecor.com\/uploads\/2025\/08\/cozy-porch-ideas-dtd-04-683x1024.jpg 683w, https:\/\/doubletakedecor.com\/uploads\/2025\/08\/cozy-porch-ideas-dtd-04-96x144.jpg 96w, https:\/\/doubletakedecor.com\/uploads\/2025\/08\/cozy-porch-ideas-dtd-04-280x420.jpg 280w, https:\/\/doubletakedecor.com\/uploads\/2025\/08\/cozy-porch-ideas-dtd-04-320x480.jpg 320w, https:\/\/doubletakedecor.com\/uploads\/2025\/08\/cozy-porch-ideas-dtd-04-360x539.jpg 360w, https:\/\/doubletakedecor.com\/uploads\/2025\/08\/cozy-porch-ideas-dtd-04-363x544.jpg 363w, https:\/\/doubletakedecor.com\/uploads\/2025\/08\/cozy-porch-ideas-dtd-04-370x554.jpg 370w, https:\/\/doubletakedecor.com\/uploads\/2025\/08\/cozy-porch-ideas-dtd-04-400x599.jpg 400w, https:\/\/doubletakedecor.com\/uploads\/2025\/08\/cozy-porch-ideas-dtd-04-560x839.jpg 560w, https:\/\/doubletakedecor.com\/uploads\/2025\/08\/cozy-porch-ideas-dtd-04-480x719.jpg 480w\" sizes=\"auto, (max-width: 700px) 100vw, 700px\" \/><\/p>\n<p>Var\u00e1zsolj bar\u00e1ts\u00e1gos o\u00e1zist a verand\u00e1n kontrasztos \u2013 s\u00f6t\u00e9tk\u00e9k \u00e9s feh\u00e9r \u2013 falakkal. Helyezz el fonott hintasz\u00e9keket puha p\u00e1rn\u00e1kkal \u00e9s d\u00edszp\u00e1rn\u00e1kkal, kieg\u00e9sz\u00edtve egy fonott kosaras asztallal. Ter\u00edts le fekete-feh\u00e9r kock\u00e1s sz\u0151nyeget, hogy egys\u00e9gess\u00e9 tedd a teret, \u00e9s tarts egy hengerkosarat pokr\u00f3coknak a h\u0171v\u00f6sebb est\u00e9khez.<\/p>\n<h2>Rusztikus k\u00fclt\u00e9ri \u00e9tkez\u0151<\/h2>\n<p><img loading=\"lazy\" decoding=\"async\" width=\"700\" height=\"1050\" alt=\"Hangulatos veranda \u00e9tkez\u0151r\u00e9sz fa asztallal, \u00f6sszecsukhat\u00f3 sz\u00e9kekkel, k\u00e9k d\u00edszsz\u00e9kkel, l\u00f3g\u00f3 p\u00e1fr\u00e1nyokkal \u00e9s d\u00fas n\u00f6v\u00e9nyzettel bar\u00e1ts\u00e1gos hangulatot teremtve.\" class=\"aligncenter size-full wp-image-5519\" src=\"https:\/\/doubletakedecor.com\/uploads\/2025\/08\/cozy-porch-ideas-dtd-05.jpg\" srcset=\"https:\/\/doubletakedecor.com\/uploads\/2025\/08\/cozy-porch-ideas-dtd-05.jpg 700w, https:\/\/doubletakedecor.com\/uploads\/2025\/08\/cozy-porch-ideas-dtd-05-200x300.jpg 200w, https:\/\/doubletakedecor.com\/uploads\/2025\/08\/cozy-porch-ideas-dtd-05-683x1024.jpg 683w, https:\/\/doubletakedecor.com\/uploads\/2025\/08\/cozy-porch-ideas-dtd-05-96x144.jpg 96w, https:\/\/doubletakedecor.com\/uploads\/2025\/08\/cozy-porch-ideas-dtd-05-280x420.jpg 280w, https:\/\/doubletakedecor.com\/uploads\/2025\/08\/cozy-porch-ideas-dtd-05-320x480.jpg 320w, https:\/\/doubletakedecor.com\/uploads\/2025\/08\/cozy-porch-ideas-dtd-05-360x540.jpg 360w, https:\/\/doubletakedecor.com\/uploads\/2025\/08\/cozy-porch-ideas-dtd-05-363x545.jpg 363w, https:\/\/doubletakedecor.com\/uploads\/2025\/08\/cozy-porch-ideas-dtd-05-370x555.jpg 370w, https:\/\/doubletakedecor.com\/uploads\/2025\/08\/cozy-porch-ideas-dtd-05-400x600.jpg 400w, https:\/\/doubletakedecor.com\/uploads\/2025\/08\/cozy-porch-ideas-dtd-05-560x840.jpg 560w, https:\/\/doubletakedecor.com\/uploads\/2025\/08\/cozy-porch-ideas-dtd-05-480x720.jpg 480w\" sizes=\"auto, (max-width: 700px) 100vw, 700px\" \/><\/p>\n<p>Alak\u00edts ki takaros szabadt\u00e9ri \u00e9tkez\u0151t egy massz\u00edv fa asztallal \u00e9s k\u00fcl\u00f6nb\u00f6z\u0151 sz\u00e9kekkel. Tegy\u00e9l r\u00e1 p\u00e1rn\u00e1kat k\u00e9nyelmes \u00fcl\u00e9shez, \u00e9s v\u00e1lassz ki egy sz\u00ednes sz\u00e9ket d\u00edsznek. F\u00fcggessz le p\u00e1fr\u00e1nyokat, hogy fentr\u0151l is n\u00f6v\u00e9nyek tegy\u00e9k term\u00e9szetk\u00f6zeliv\u00e9 a teret. Ez a kombin\u00e1ci\u00f3 ide\u00e1lis a csal\u00e1di vacsor\u00e1khoz \u00e9s az eleg\u00e1nsabb \u00f6sszej\u00f6vetelekhez is.<\/p>\n<h2>Napf\u00e9nyes szoba cs\u00edkos kanap\u00e9val<\/h2>\n<p><img loading=\"lazy\" decoding=\"async\" width=\"700\" height=\"1050\" alt=\"Vil\u00e1gos t\u00e9likert cs\u00edkos kanap\u00e9val, k\u00e9k-z\u00f6ld p\u00e1rn\u00e1kkal, fa doh\u00e1nyz\u00f3asztallal \u00e9s fonott d\u00edszekkel, term\u00e9szetes f\u00e9nyben f\u00fcr\u00f6dve.\" class=\"aligncenter size-full wp-image-5525\" src=\"https:\/\/doubletakedecor.com\/uploads\/2025\/08\/cozy-porch-ideas-dtd-06.jpg\" srcset=\"https:\/\/doubletakedecor.com\/uploads\/2025\/08\/cozy-porch-ideas-dtd-06.jpg 700w, https:\/\/doubletakedecor.com\/uploads\/2025\/08\/cozy-porch-ideas-dtd-06-200x300.jpg 200w, https:\/\/doubletakedecor.com\/uploads\/2025\/08\/cozy-porch-ideas-dtd-06-683x1024.jpg 683w, https:\/\/doubletakedecor.com\/uploads\/2025\/08\/cozy-porch-ideas-dtd-06-96x144.jpg 96w, https:\/\/doubletakedecor.com\/uploads\/2025\/08\/cozy-porch-ideas-dtd-06-280x420.jpg 280w, https:\/\/doubletakedecor.com\/uploads\/2025\/08\/cozy-porch-ideas-dtd-06-320x480.jpg 320w, https:\/\/doubletakedecor.com\/uploads\/2025\/08\/cozy-porch-ideas-dtd-06-360x540.jpg 360w, https:\/\/doubletakedecor.com\/uploads\/2025\/08\/cozy-porch-ideas-dtd-06-363x545.jpg 363w, https:\/\/doubletakedecor.com\/uploads\/2025\/08\/cozy-porch-ideas-dtd-06-370x555.jpg 370w, https:\/\/doubletakedecor.com\/uploads\/2025\/08\/cozy-porch-ideas-dtd-06-400x600.jpg 400w, https:\/\/doubletakedecor.com\/uploads\/2025\/08\/cozy-porch-ideas-dtd-06-560x840.jpg 560w, https:\/\/doubletakedecor.com\/uploads\/2025\/08\/cozy-porch-ideas-dtd-06-480x720.jpg 480w\" sizes=\"auto, (max-width: 700px) 100vw, 700px\" \/><\/p>\n<p>Adj bar\u00e1ts\u00e1gos hangulatot a t\u00e9rnek cs\u00edkos sz\u00f6vettel, fonott \u00e9s f\u00e1b\u00f3l k\u00e9sz\u00fclt berendez\u00e9ssel! Egyens\u00falyozd ki a sz\u00ednek j\u00e1t\u00e9k\u00e1t k\u00e9k \u00e9s z\u00f6ld p\u00e1rn\u00e1kkal, helyezz el friss vir\u00e1gcsokrot k\u00f6zponti d\u00edszk\u00e9nt, \u00e9s vari\u00e1ld az \u00fcl\u0151helyeket a sokoldal\u00fas\u00e1g\u00e9rt. Rendezgesd a b\u00fatorokat \u00fagy, hogy min\u00e9l t\u00f6bb term\u00e9szetes f\u00e9nyt kapjanak.<\/p>\n<h2>P\u00e1rn\u00e1zott hinta\u00e1gyas kuck\u00f3<\/h2>\n<p><img loading=\"lazy\" decoding=\"async\" width=\"700\" height=\"1049\" alt=\"B\u00e9k\u00e9s veranda f\u00fcgg\u0151 fa hinta\u00e1ggyal, puha p\u00e1rn\u00e1kkal \u00e9s fonott puffokkal cs\u00edkos sz\u0151nyegen, meghitt k\u00fclt\u00e9ri pihen\u0151helyet teremtve.\" class=\"aligncenter size-full wp-image-5531\" src=\"https:\/\/doubletakedecor.com\/uploads\/2025\/08\/cozy-porch-ideas-dtd-07.jpg\" srcset=\"https:\/\/doubletakedecor.com\/uploads\/2025\/08\/cozy-porch-ideas-dtd-07.jpg 700w, https:\/\/doubletakedecor.com\/uploads\/2025\/08\/cozy-porch-ideas-dtd-07-200x300.jpg 200w, https:\/\/doubletakedecor.com\/uploads\/2025\/08\/cozy-porch-ideas-dtd-07-683x1024.jpg 683w, https:\/\/doubletakedecor.com\/uploads\/2025\/08\/cozy-porch-ideas-dtd-07-96x144.jpg 96w, https:\/\/doubletakedecor.com\/uploads\/2025\/08\/cozy-porch-ideas-dtd-07-280x420.jpg 280w, https:\/\/doubletakedecor.com\/uploads\/2025\/08\/cozy-porch-ideas-dtd-07-320x480.jpg 320w, https:\/\/doubletakedecor.com\/uploads\/2025\/08\/cozy-porch-ideas-dtd-07-360x539.jpg 360w, https:\/\/doubletakedecor.com\/uploads\/2025\/08\/cozy-porch-ideas-dtd-07-363x544.jpg 363w, https:\/\/doubletakedecor.com\/uploads\/2025\/08\/cozy-porch-ideas-dtd-07-370x554.jpg 370w, https:\/\/doubletakedecor.com\/uploads\/2025\/08\/cozy-porch-ideas-dtd-07-400x599.jpg 400w, https:\/\/doubletakedecor.com\/uploads\/2025\/08\/cozy-porch-ideas-dtd-07-560x839.jpg 560w, https:\/\/doubletakedecor.com\/uploads\/2025\/08\/cozy-porch-ideas-dtd-07-480x719.jpg 480w\" sizes=\"auto, (max-width: 700px) 100vw, 700px\" \/><\/p>\n<p>K\u00e9sz\u00edts h\u00edvogat\u00f3 pihen\u0151sarkot egy f\u00fcgg\u0151 fa hinta\u00e1ggyal, amit k\u00fcl\u00f6nb\u00f6z\u0151 mint\u00e1s p\u00e1rn\u00e1kkal d\u00edsz\u00edtesz. Al\u00e1 ker\u00fclj\u00f6n cs\u00edkos k\u00fclt\u00e9ri sz\u0151nyeg term\u00e9szetes \u00e1rnyalatban, a fonott puffok pedig legyenek extra \u00fcl\u0151helyk\u00e9nt vagy oldalasztalk\u00e9nt. Tarts k\u00e9szenl\u00e9tben v\u00e9kony pl\u00e9det a h\u0171v\u00f6sebb est\u00e9khez, \u00e9s helyezd a hinta\u00e1gyat k\u00f6zel n\u00f6v\u00e9nyekhez a b\u00e9k\u00e9s hangulat\u00e9rt.<\/p>\n<h2>Modern k\u00fclt\u00e9ri sarokkanap\u00e9<\/h2>\n<p><img loading=\"lazy\" decoding=\"async\" width=\"700\" height=\"1050\" alt=\"Hangulatos kinti veranda L-alak\u00fa sarokkanap\u00e9val, fa doh\u00e1nyz\u00f3asztallal, mennyezeti ventil\u00e1torral \u00e9s d\u00edszn\u00f6v\u00e9nyekkel feh\u00e9r kasp\u00f3kban.\" class=\"aligncenter size-full wp-image-5537\" src=\"https:\/\/doubletakedecor.com\/uploads\/2025\/08\/cozy-porch-ideas-dtd-08.jpg\" srcset=\"https:\/\/doubletakedecor.com\/uploads\/2025\/08\/cozy-porch-ideas-dtd-08.jpg 700w, https:\/\/doubletakedecor.com\/uploads\/2025\/08\/cozy-porch-ideas-dtd-08-200x300.jpg 200w, https:\/\/doubletakedecor.com\/uploads\/2025\/08\/cozy-porch-ideas-dtd-08-683x1024.jpg 683w, https:\/\/doubletakedecor.com\/uploads\/2025\/08\/cozy-porch-ideas-dtd-08-96x144.jpg 96w, https:\/\/doubletakedecor.com\/uploads\/2025\/08\/cozy-porch-ideas-dtd-08-280x420.jpg 280w, https:\/\/doubletakedecor.com\/uploads\/2025\/08\/cozy-porch-ideas-dtd-08-320x480.jpg 320w, https:\/\/doubletakedecor.com\/uploads\/2025\/08\/cozy-porch-ideas-dtd-08-360x540.jpg 360w, https:\/\/doubletakedecor.com\/uploads\/2025\/08\/cozy-porch-ideas-dtd-08-363x545.jpg 363w, https:\/\/doubletakedecor.com\/uploads\/2025\/08\/cozy-porch-ideas-dtd-08-370x555.jpg 370w, https:\/\/doubletakedecor.com\/uploads\/2025\/08\/cozy-porch-ideas-dtd-08-400x600.jpg 400w, https:\/\/doubletakedecor.com\/uploads\/2025\/08\/cozy-porch-ideas-dtd-08-560x840.jpg 560w, https:\/\/doubletakedecor.com\/uploads\/2025\/08\/cozy-porch-ideas-dtd-08-480x720.jpg 480w\" sizes=\"auto, (max-width: 700px) 100vw, 700px\" \/><\/p>\n<p>Hozz l\u00e9tre bar\u00e1ts\u00e1gos besz\u00e9lget\u0151sarkot semleges sz\u00edn\u0171 sarokkanap\u00e9val \u00e9s textur\u00e1lt p\u00e1rn\u00e1kkal! K\u00f6z\u00e9pre ker\u00fclj\u00f6n fa doh\u00e1nyz\u00f3asztal, p\u00e1r, egyszer\u0171 n\u00f6v\u00e9nyekkel vagy gyerty\u00e1kkal d\u00edsz\u00edtve. A mennyezeti ventil\u00e1tor seg\u00edt a melegebb napokon, m\u00edg az \u00e1tgondoltan elhelyezett n\u00f6v\u00e9nytart\u00f3k feldobj\u00e1k a t\u00e9r szerkezet\u00e9t. Ide\u00e1lis csendes pihen\u00e9shez vagy kisebb vend\u00e9gs\u00e9gekhez is.<\/p>\n<h2>K\u0151 kandall\u00f3s, bolt\u00edves verandaszoba<\/h2>\n<p><img loading=\"lazy\" decoding=\"async\" width=\"700\" height=\"1050\" alt=\"Vil\u00e1gos veranda feh\u00e9r mennyezettel, k\u0151 kandall\u00f3val, s\u00f6t\u00e9tk\u00e9k kanap\u00e9val d\u00edszp\u00e1rn\u00e1kkal, \u00e9s fonott sz\u00e9kkel, k\u00e9nyelmes k\u00fclt\u00e9ri nappalit teremtve.\" class=\"aligncenter size-full wp-image-5543\" src=\"https:\/\/doubletakedecor.com\/uploads\/2025\/08\/cozy-porch-ideas-dtd-09.jpg\" srcset=\"https:\/\/doubletakedecor.com\/uploads\/2025\/08\/cozy-porch-ideas-dtd-09.jpg 700w, https:\/\/doubletakedecor.com\/uploads\/2025\/08\/cozy-porch-ideas-dtd-09-200x300.jpg 200w, https:\/\/doubletakedecor.com\/uploads\/2025\/08\/cozy-porch-ideas-dtd-09-683x1024.jpg 683w, https:\/\/doubletakedecor.com\/uploads\/2025\/08\/cozy-porch-ideas-dtd-09-96x144.jpg 96w, https:\/\/doubletakedecor.com\/uploads\/2025\/08\/cozy-porch-ideas-dtd-09-280x420.jpg 280w, https:\/\/doubletakedecor.com\/uploads\/2025\/08\/cozy-porch-ideas-dtd-09-320x480.jpg 320w, https:\/\/doubletakedecor.com\/uploads\/2025\/08\/cozy-porch-ideas-dtd-09-360x540.jpg 360w, https:\/\/doubletakedecor.com\/uploads\/2025\/08\/cozy-porch-ideas-dtd-09-363x545.jpg 363w, https:\/\/doubletakedecor.com\/uploads\/2025\/08\/cozy-porch-ideas-dtd-09-370x555.jpg 370w, https:\/\/doubletakedecor.com\/uploads\/2025\/08\/cozy-porch-ideas-dtd-09-400x600.jpg 400w, https:\/\/doubletakedecor.com\/uploads\/2025\/08\/cozy-porch-ideas-dtd-09-560x840.jpg 560w, https:\/\/doubletakedecor.com\/uploads\/2025\/08\/cozy-porch-ideas-dtd-09-480x720.jpg 480w\" sizes=\"auto, (max-width: 700px) 100vw, 700px\" \/><\/p>\n<p>V\u00e1ltoztasd a verand\u00e1t n\u00e9gy\u00e9vszakos mened\u00e9kk\u00e9 k\u0151 kandall\u00f3val \u00e9s rusztikus fa p\u00e1rk\u00e1nnyal! K\u00f6nnyed fonott b\u00fatorokkal, s\u00f6t\u00e9tk\u00e9k \u00fcl\u0151helyekkel, term\u00e9szetes sz\u00e1las sz\u0151nyeggel \u00e9s feh\u00e9r, bolt\u00edves mennyezettel igaz\u00e1n otthonos \u00e9s t\u00e1gas lesz a t\u00e9r. Sz\u00ednes d\u00edszp\u00e1rn\u00e1kkal vid\u00e1mabb hangulatot is adhatsz neki!<\/p>\n<h2>Lounge st\u00edlus\u00fa veranda sok n\u00f6v\u00e9nnyel<\/h2>\n<p><img loading=\"lazy\" decoding=\"async\" width=\"700\" height=\"1049\" alt=\"Bar\u00e1ts\u00e1gos el\u0151veranda k\u00e9nyelmes kanap\u00e9val, fonott sz\u00e9kkel \u00e9l\u00e9nk p\u00e1rn\u00e1kkal, \u00e9s sok cserepes n\u00f6v\u00e9nnyel, \u00edgy pihentet\u0151 k\u00fclt\u00e9ri mened\u00e9khelyet teremtve.\" class=\"aligncenter size-full wp-image-5549\" src=\"https:\/\/doubletakedecor.com\/uploads\/2025\/08\/cozy-porch-ideas-dtd-10.jpg\" srcset=\"https:\/\/doubletakedecor.com\/uploads\/2025\/08\/cozy-porch-ideas-dtd-10.jpg 700w, https:\/\/doubletakedecor.com\/uploads\/2025\/08\/cozy-porch-ideas-dtd-10-200x300.jpg 200w, https:\/\/doubletakedecor.com\/uploads\/2025\/08\/cozy-porch-ideas-dtd-10-683x1024.jpg 683w, https:\/\/doubletakedecor.com\/uploads\/2025\/08\/cozy-porch-ideas-dtd-10-96x144.jpg 96w, https:\/\/doubletakedecor.com\/uploads\/2025\/08\/cozy-porch-ideas-dtd-10-280x420.jpg 280w, https:\/\/doubletakedecor.com\/uploads\/2025\/08\/cozy-porch-ideas-dtd-10-320x480.jpg 320w, https:\/\/doubletakedecor.com\/uploads\/2025\/08\/cozy-porch-ideas-dtd-10-360x539.jpg 360w, https:\/\/doubletakedecor.com\/uploads\/2025\/08\/cozy-porch-ideas-dtd-10-363x544.jpg 363w, https:\/\/doubletakedecor.com\/uploads\/2025\/08\/cozy-porch-ideas-dtd-10-370x554.jpg 370w, https:\/\/doubletakedecor.com\/uploads\/2025\/08\/cozy-porch-ideas-dtd-10-400x599.jpg 400w, https:\/\/doubletakedecor.com\/uploads\/2025\/08\/cozy-porch-ideas-dtd-10-560x839.jpg 560w, https:\/\/doubletakedecor.com\/uploads\/2025\/08\/cozy-porch-ideas-dtd-10-480x719.jpg 480w\" sizes=\"auto, (max-width: 700px) 100vw, 700px\" \/><\/p>\n<p>Alak\u00edts ki igazi pihen\u0151sarkot st\u00edlusos kanap\u00e9val \u00e9s fonott sz\u00e9kkel a verand\u00e1n! Fesd halv\u00e1nysz\u00fcrk\u00e9re a padl\u00f3t, \u00edgy eleg\u00e1ns alapot adsz a dekorhoz. K\u00fcl\u00f6nb\u00f6z\u0151 magass\u00e1g\u00fa n\u00f6v\u00e9nyekkel term\u00e9szetesen \u00f6lelheted k\u00f6r\u00fcl a teret. V\u00e1lassz fonott kosarakat, f\u00fcgg\u0151l\u00e1mp\u00e1sokat \u00e9s m\u00e1s hangulatos elemeket, hogy igaz\u00e1n bar\u00e1ts\u00e1goss\u00e1 v\u00e1ljon a veranda.<\/p>\n<h2>S\u00f6t\u00e9tk\u00e9k el\u0151t\u00e9r fa elemekkel<\/h2>\n<p><img loading=\"lazy\" decoding=\"async\" width=\"700\" height=\"1049\" alt=\"Bar\u00e1ts\u00e1gos el\u0151szoba s\u00f6t\u00e9tk\u00e9k falakkal, fa paddal, akaszt\u00f3kkal, \u00e9s \u00fcvegajt\u00f3kon kereszt\u00fcl be\u00e1rad\u00f3 term\u00e9szetes f\u00e9nnyel.\" class=\"aligncenter size-full wp-image-5555\" src=\"https:\/\/doubletakedecor.com\/uploads\/2025\/08\/cozy-porch-ideas-dtd-11.jpg\" srcset=\"https:\/\/doubletakedecor.com\/uploads\/2025\/08\/cozy-porch-ideas-dtd-11.jpg 700w, https:\/\/doubletakedecor.com\/uploads\/2025\/08\/cozy-porch-ideas-dtd-11-200x300.jpg 200w, https:\/\/doubletakedecor.com\/uploads\/2025\/08\/cozy-porch-ideas-dtd-11-683x1024.jpg 683w, https:\/\/doubletakedecor.com\/uploads\/2025\/08\/cozy-porch-ideas-dtd-11-96x144.jpg 96w, https:\/\/doubletakedecor.com\/uploads\/2025\/08\/cozy-porch-ideas-dtd-11-280x420.jpg 280w, https:\/\/doubletakedecor.com\/uploads\/2025\/08\/cozy-porch-ideas-dtd-11-320x480.jpg 320w, https:\/\/doubletakedecor.com\/uploads\/2025\/08\/cozy-porch-ideas-dtd-11-360x539.jpg 360w, https:\/\/doubletakedecor.com\/uploads\/2025\/08\/cozy-porch-ideas-dtd-11-363x544.jpg 363w, https:\/\/doubletakedecor.com\/uploads\/2025\/08\/cozy-porch-ideas-dtd-11-370x554.jpg 370w, https:\/\/doubletakedecor.com\/uploads\/2025\/08\/cozy-porch-ideas-dtd-11-400x599.jpg 400w, https:\/\/doubletakedecor.com\/uploads\/2025\/08\/cozy-porch-ideas-dtd-11-560x839.jpg 560w, https:\/\/doubletakedecor.com\/uploads\/2025\/08\/cozy-porch-ideas-dtd-11-480x719.jpg 480w\" sizes=\"auto, (max-width: 700px) 100vw, 700px\" \/><\/p>\n<p>Teremts h\u00edvogat\u00f3 el\u0151teret m\u00e9ly s\u00f6t\u00e9tk\u00e9k falakkal \u00e9s term\u00e9szetes fa b\u00fatorokkal! Szerelj fel praktikus fogasokat egy rusztikus pad f\u00f6l\u00e9, \u00e9s helyezz el fonott kosarakat, puha sz\u0151nyeget a melegebb hat\u00e1s\u00e9rt. A csill\u00e1r kellemes f\u00e9nyt ad, m\u00edg az \u00fcvegfel\u00fcletek maxim\u00e1lisra n\u00f6velik a term\u00e9szetes vil\u00e1goss\u00e1got \u2013 t\u00f6k\u00e9letes, ha egyszerre szeretn\u00e9l st\u00edlusos \u00e9s haszn\u00e1lhat\u00f3 verand\u00e1t!<\/p>\n<h2>Boh\u00e9m fonott verand\u00e1s kuck\u00f3<\/h2>\n<p><img loading=\"lazy\" decoding=\"async\" width=\"700\" height=\"1050\" alt=\"Hangulatos veranda k\u00e9k fonott kanap\u00e9val, feh\u00e9r sz\u00e9kekkel, sz\u00ednes p\u00e1rn\u00e1kkal \u00e9s cserepes n\u00f6v\u00e9nyekkel egy sz\u0151tt sz\u0151nyegen, l\u00f3g\u00f3 l\u00e1mpatest alatt.\" class=\"aligncenter size-full wp-image-5561\" src=\"https:\/\/doubletakedecor.com\/uploads\/2025\/08\/cozy-porch-ideas-dtd-12.jpg\" srcset=\"https:\/\/doubletakedecor.com\/uploads\/2025\/08\/cozy-porch-ideas-dtd-12.jpg 700w, https:\/\/doubletakedecor.com\/uploads\/2025\/08\/cozy-porch-ideas-dtd-12-200x300.jpg 200w, https:\/\/doubletakedecor.com\/uploads\/2025\/08\/cozy-porch-ideas-dtd-12-683x1024.jpg 683w, https:\/\/doubletakedecor.com\/uploads\/2025\/08\/cozy-porch-ideas-dtd-12-96x144.jpg 96w, https:\/\/doubletakedecor.com\/uploads\/2025\/08\/cozy-porch-ideas-dtd-12-280x420.jpg 280w, https:\/\/doubletakedecor.com\/uploads\/2025\/08\/cozy-porch-ideas-dtd-12-320x480.jpg 320w, https:\/\/doubletakedecor.com\/uploads\/2025\/08\/cozy-porch-ideas-dtd-12-360x540.jpg 360w, https:\/\/doubletakedecor.com\/uploads\/2025\/08\/cozy-porch-ideas-dtd-12-363x545.jpg 363w, https:\/\/doubletakedecor.com\/uploads\/2025\/08\/cozy-porch-ideas-dtd-12-370x555.jpg 370w, https:\/\/doubletakedecor.com\/uploads\/2025\/08\/cozy-porch-ideas-dtd-12-400x600.jpg 400w, https:\/\/doubletakedecor.com\/uploads\/2025\/08\/cozy-porch-ideas-dtd-12-560x840.jpg 560w, https:\/\/doubletakedecor.com\/uploads\/2025\/08\/cozy-porch-ideas-dtd-12-480x720.jpg 480w\" sizes=\"auto, (max-width: 700px) 100vw, 700px\" \/><\/p>\n<p> Alkoss bar\u00e1ts\u00e1gos k\u00fclt\u00e9ri o\u00e1zist k\u00e9k \u00e9s feh\u00e9r fonott b\u00fatorok kever\u00e9k\u00e9vel, amelyeket \u00e9l\u00e9nk mint\u00e1j\u00fa p\u00e1rn\u00e1kkal dobhatsz fel. Tegy\u00e9l le egy sz\u0151tt sz\u0151nyeget, hogy melegebb legyen az \u00f6sszhat\u00e1s, \u00e9s v\u00e1lassz egy fonott mennyezeti l\u00e1mp\u00e1t, hogy m\u00e9g boh\u00e9mebb legyen a hangulat. A v\u00e1ltozatos m\u00e9ret\u0171 \u00e9s sz\u00edn\u0171 cserepes n\u00f6v\u00e9nyek feldobj\u00e1k a l\u00e1tv\u00e1nyt. \u00dagy rendezd el az \u00fcl\u0151helyeket, hogy a legt\u00f6bb napf\u00e9nyt kapj\u00e1k az \u00fcveges ajt\u00f3k mellett.<\/p>\n<h2>Nappali a verand\u00e1n, t\u00f6bbf\u00e9le \u00fcl\u0151hellyel<\/h2>\n<p><img loading=\"lazy\" decoding=\"async\" width=\"700\" height=\"1050\" alt=\"St\u00edlusos t\u00e9likert feh\u00e9r kanap\u00e9kkal, sz\u00ednes p\u00e1rn\u00e1kkal, fonott sz\u00e9kekkel, f\u00e1b\u00f3l k\u00e9sz\u00fclt doh\u00e1nyz\u00f3asztallal, nat\u00far sz\u0151nyegekkel \u00e9s nagy ablakokkal, amelyek z\u00f6ldre n\u00e9znek.\" class=\"aligncenter size-full wp-image-5567\" src=\"https:\/\/doubletakedecor.com\/uploads\/2025\/08\/cozy-porch-ideas-dtd-13.jpg\" srcset=\"https:\/\/doubletakedecor.com\/uploads\/2025\/08\/cozy-porch-ideas-dtd-13.jpg 700w, https:\/\/doubletakedecor.com\/uploads\/2025\/08\/cozy-porch-ideas-dtd-13-200x300.jpg 200w, https:\/\/doubletakedecor.com\/uploads\/2025\/08\/cozy-porch-ideas-dtd-13-683x1024.jpg 683w, https:\/\/doubletakedecor.com\/uploads\/2025\/08\/cozy-porch-ideas-dtd-13-96x144.jpg 96w, https:\/\/doubletakedecor.com\/uploads\/2025\/08\/cozy-porch-ideas-dtd-13-280x420.jpg 280w, https:\/\/doubletakedecor.com\/uploads\/2025\/08\/cozy-porch-ideas-dtd-13-320x480.jpg 320w, https:\/\/doubletakedecor.com\/uploads\/2025\/08\/cozy-porch-ideas-dtd-13-360x540.jpg 360w, https:\/\/doubletakedecor.com\/uploads\/2025\/08\/cozy-porch-ideas-dtd-13-363x545.jpg 363w, https:\/\/doubletakedecor.com\/uploads\/2025\/08\/cozy-porch-ideas-dtd-13-370x555.jpg 370w, https:\/\/doubletakedecor.com\/uploads\/2025\/08\/cozy-porch-ideas-dtd-13-400x600.jpg 400w, https:\/\/doubletakedecor.com\/uploads\/2025\/08\/cozy-porch-ideas-dtd-13-560x840.jpg 560w, https:\/\/doubletakedecor.com\/uploads\/2025\/08\/cozy-porch-ideas-dtd-13-480x720.jpg 480w\" sizes=\"auto, (max-width: 700px) 100vw, 700px\" \/><\/p>\n<p>V\u00e1ltozatos t\u00e9likertet tudsz kialak\u00edtani, ha t\u00f6bbf\u00e9le \u00fcl\u0151b\u00fatort kombin\u00e1lsz, p\u00e9ld\u00e1ul feh\u00e9r sarokkanap\u00e9t \u00e9s fonott sz\u00e9keket. Dobj fel vid\u00e1m d\u00edszp\u00e1rn\u00e1kat \u00e9s nat\u00far rostb\u00f3l k\u00e9sz\u00fclt sz\u0151nyegeket. Maradjon praktikus az eg\u00e9sz, egy egyszer\u0171 f\u00e1b\u00f3l k\u00e9sz\u00fclt doh\u00e1nyz\u00f3asztallal a k\u00f6zep\u00e9n. Ha szeretn\u00e9d, hogy mindig k\u00e9nyelmes legyen bent, szerelj fel mennyezeti ventil\u00e1tort, \u00edgy j\u00f3l j\u00e1r a leveg\u0151 m\u00e9g sok napf\u00e9ny mellett is.<\/p>\n<h2>Tengerparti hangulat\u00fa t\u00e9likert<\/h2>\n<p><img loading=\"lazy\" decoding=\"async\" width=\"700\" height=\"1049\" alt=\"Vil\u00e1gos t\u00e9likert nagy ablakokkal, k\u00e9k kanap\u00e9val, mint\u00e1s p\u00e1rn\u00e1kkal, cserepes n\u00f6v\u00e9nyekkel \u00e9s tengerparti kieg\u00e9sz\u00edt\u0151kkel, amelyek otthonoss\u00e1 teszik a verand\u00e1t.\" class=\"aligncenter size-full wp-image-5573\" src=\"https:\/\/doubletakedecor.com\/uploads\/2025\/08\/cozy-porch-ideas-dtd-14.jpg\" srcset=\"https:\/\/doubletakedecor.com\/uploads\/2025\/08\/cozy-porch-ideas-dtd-14.jpg 700w, https:\/\/doubletakedecor.com\/uploads\/2025\/08\/cozy-porch-ideas-dtd-14-200x300.jpg 200w, https:\/\/doubletakedecor.com\/uploads\/2025\/08\/cozy-porch-ideas-dtd-14-683x1024.jpg 683w, https:\/\/doubletakedecor.com\/uploads\/2025\/08\/cozy-porch-ideas-dtd-14-96x144.jpg 96w, https:\/\/doubletakedecor.com\/uploads\/2025\/08\/cozy-porch-ideas-dtd-14-280x420.jpg 280w, https:\/\/doubletakedecor.com\/uploads\/2025\/08\/cozy-porch-ideas-dtd-14-320x480.jpg 320w, https:\/\/doubletakedecor.com\/uploads\/2025\/08\/cozy-porch-ideas-dtd-14-360x539.jpg 360w, https:\/\/doubletakedecor.com\/uploads\/2025\/08\/cozy-porch-ideas-dtd-14-363x544.jpg 363w, https:\/\/doubletakedecor.com\/uploads\/2025\/08\/cozy-porch-ideas-dtd-14-370x554.jpg 370w, https:\/\/doubletakedecor.com\/uploads\/2025\/08\/cozy-porch-ideas-dtd-14-400x599.jpg 400w, https:\/\/doubletakedecor.com\/uploads\/2025\/08\/cozy-porch-ideas-dtd-14-560x839.jpg 560w, https:\/\/doubletakedecor.com\/uploads\/2025\/08\/cozy-porch-ideas-dtd-14-480x719.jpg 480w\" sizes=\"auto, (max-width: 700px) 100vw, 700px\" \/><\/p>\n<p>Alak\u00edtsd \u00e1t verand\u00e1dat igazi tengerparti kuck\u00f3v\u00e1 vil\u00e1gosk\u00e9k \u00e9s feh\u00e9r dekorral! Helyezz k\u00f6z\u00e9pre egy k\u00e9nyelmes kanap\u00e9t vegyes mint\u00e1j\u00fa p\u00e1rn\u00e1kkal, hogy mindenki odav\u00e1gyjon. A frissess\u00e9gr\u0151l cserepes n\u00f6v\u00e9nyek gondoskodhatnak, lehet\u0151leg hasonl\u00f3 kasp\u00f3kban. Egy egyszer\u0171 fa doh\u00e1nyz\u00f3asztal \u00e9s n\u00e9h\u00e1ny textur\u00e1lt kieg\u00e9sz\u00edt\u0151 \u2013 p\u00e9ld\u00e1ul puff vagy fonott sz\u00e9k \u2013 m\u00e9g hangulatosabb\u00e1 teszi a teret.<\/p>\n<h2>St\u00edlusos k\u00fclt\u00e9ri nappali a verand\u00e1n<\/h2>\n<p><img loading=\"lazy\" decoding=\"async\" width=\"700\" height=\"1050\" alt=\"Hangulatos veranda mennyezeti ventil\u00e1torral, puha kanap\u00e9val, sz\u00ednes p\u00e1rn\u00e1kkal, fonott sz\u00e9kekkel \u00e9s geometrikus sz\u0151nyeggel a sok z\u00f6ld k\u00f6z\u00f6tt.\" class=\"aligncenter size-full wp-image-5579\" src=\"https:\/\/doubletakedecor.com\/uploads\/2025\/08\/cozy-porch-ideas-dtd-15.jpg\" srcset=\"https:\/\/doubletakedecor.com\/uploads\/2025\/08\/cozy-porch-ideas-dtd-15.jpg 700w, https:\/\/doubletakedecor.com\/uploads\/2025\/08\/cozy-porch-ideas-dtd-15-200x300.jpg 200w, https:\/\/doubletakedecor.com\/uploads\/2025\/08\/cozy-porch-ideas-dtd-15-683x1024.jpg 683w, https:\/\/doubletakedecor.com\/uploads\/2025\/08\/cozy-porch-ideas-dtd-15-96x144.jpg 96w, https:\/\/doubletakedecor.com\/uploads\/2025\/08\/cozy-porch-ideas-dtd-15-280x420.jpg 280w, https:\/\/doubletakedecor.com\/uploads\/2025\/08\/cozy-porch-ideas-dtd-15-320x480.jpg 320w, https:\/\/doubletakedecor.com\/uploads\/2025\/08\/cozy-porch-ideas-dtd-15-360x540.jpg 360w, https:\/\/doubletakedecor.com\/uploads\/2025\/08\/cozy-porch-ideas-dtd-15-363x545.jpg 363w, https:\/\/doubletakedecor.com\/uploads\/2025\/08\/cozy-porch-ideas-dtd-15-370x555.jpg 370w, https:\/\/doubletakedecor.com\/uploads\/2025\/08\/cozy-porch-ideas-dtd-15-400x600.jpg 400w, https:\/\/doubletakedecor.com\/uploads\/2025\/08\/cozy-porch-ideas-dtd-15-560x840.jpg 560w, https:\/\/doubletakedecor.com\/uploads\/2025\/08\/cozy-porch-ideas-dtd-15-480x720.jpg 480w\" sizes=\"auto, (max-width: 700px) 100vw, 700px\" \/><\/p>\n<p>Hozz l\u00e9tre egy \u00e1tmeneti k\u00fclt\u00e9ri nappalit mer\u00e9sz, geometrikus sz\u0151nyeggel a b\u00fatorok alatt. Kombin\u00e1ld a fonott sz\u00e9keket egy pihe-puha kanap\u00e9val, \u00e9s dobd fel sz\u00ednes p\u00e1rn\u00e1kkal. Melegebb napokon egy mennyezeti ventil\u00e1tor biztos\u00edtja a kellemes h\u0151m\u00e9rs\u00e9kletet. A cserepes n\u00f6v\u00e9nyekkel pedig k\u00f6nnyed\u00e9n \u00f6sszekapcsolhatod verand\u00e1d a k\u00f6rnyez\u0151 term\u00e9szettel.<\/p>\n<h2>Sz\u00ednes fonott \u00fcl\u0151sarok a verand\u00e1n<\/h2>\n<p><img loading=\"lazy\" decoding=\"async\" width=\"700\" height=\"1050\" alt=\"\u00c9l\u00e9nk veranda feh\u00e9r fonott b\u00fatorokkal, r\u00f3zsasz\u00edn-narancs p\u00e1rn\u00e1kkal, cs\u00edkos sz\u0151nyeggel \u00e9s s\u00e1rga l\u00e1mp\u00e1val a z\u00f6ld n\u00f6v\u00e9nyek k\u00f6z\u00f6tt.\" class=\"aligncenter size-full wp-image-5585\" src=\"https:\/\/doubletakedecor.com\/uploads\/2025\/08\/cozy-porch-ideas-dtd-16.jpg\" srcset=\"https:\/\/doubletakedecor.com\/uploads\/2025\/08\/cozy-porch-ideas-dtd-16.jpg 700w, https:\/\/doubletakedecor.com\/uploads\/2025\/08\/cozy-porch-ideas-dtd-16-200x300.jpg 200w, https:\/\/doubletakedecor.com\/uploads\/2025\/08\/cozy-porch-ideas-dtd-16-683x1024.jpg 683w, https:\/\/doubletakedecor.com\/uploads\/2025\/08\/cozy-porch-ideas-dtd-16-96x144.jpg 96w, https:\/\/doubletakedecor.com\/uploads\/2025\/08\/cozy-porch-ideas-dtd-16-280x420.jpg 280w, https:\/\/doubletakedecor.com\/uploads\/2025\/08\/cozy-porch-ideas-dtd-16-320x480.jpg 320w, https:\/\/doubletakedecor.com\/uploads\/2025\/08\/cozy-porch-ideas-dtd-16-360x540.jpg 360w, https:\/\/doubletakedecor.com\/uploads\/2025\/08\/cozy-porch-ideas-dtd-16-363x545.jpg 363w, https:\/\/doubletakedecor.com\/uploads\/2025\/08\/cozy-porch-ideas-dtd-16-370x555.jpg 370w, https:\/\/doubletakedecor.com\/uploads\/2025\/08\/cozy-porch-ideas-dtd-16-400x600.jpg 400w, https:\/\/doubletakedecor.com\/uploads\/2025\/08\/cozy-porch-ideas-dtd-16-560x840.jpg 560w, https:\/\/doubletakedecor.com\/uploads\/2025\/08\/cozy-porch-ideas-dtd-16-480x720.jpg 480w\" sizes=\"auto, (max-width: 700px) 100vw, 700px\" \/><\/p>\n<p>Var\u00e1zsolj vid\u00e1m, ny\u00e1ri kuck\u00f3t a verand\u00e1dra r\u00f3zsasz\u00edn, narancss\u00e1rga \u00e9s s\u00e1rga p\u00e1rn\u00e1kkal feh\u00e9r fonott b\u00fatorokon. Tegy\u00e9l le egy cs\u00edkos sz\u0151nyeget, hogy \u00e9lettel teli \u00e9s puh\u00e1bb legyen a t\u00e9r. Friss vir\u00e1gok \u00e9s l\u00f3g\u00f3 n\u00f6v\u00e9nyek is kellenek a term\u00e9szetess\u00e9ghez. Meleg napokon egy mennyezeti ventil\u00e1tor gondoskodik a friss leveg\u0151r\u0151l. A rik\u00edt\u00f3 sz\u00edneket kiegyens\u00falyozhatod semleges padl\u00f3val a harmonikus l\u00e1tv\u00e1ny\u00e9rt.<\/p>\n<h2>Tr\u00f3pusi hangulat\u00fa t\u00e9likerti diz\u00e1jn<\/h2>\n<p><img loading=\"lazy\" decoding=\"async\" width=\"700\" height=\"1050\" alt=\"Levendulasz\u00edn\u0171 kanap\u00e9 vir\u00e1gos p\u00e1rn\u00e1kkal, fonott sz\u00e9kek \u00e9s \u00fcveglapos doh\u00e1nyz\u00f3asztal egy napf\u00e9nyes t\u00e9likertben tr\u00f3pusi kieg\u00e9sz\u00edt\u0151kkel.\" class=\"aligncenter size-full wp-image-5591\" src=\"https:\/\/doubletakedecor.com\/uploads\/2025\/08\/cozy-porch-ideas-dtd-17.jpg\" srcset=\"https:\/\/doubletakedecor.com\/uploads\/2025\/08\/cozy-porch-ideas-dtd-17.jpg 700w, https:\/\/doubletakedecor.com\/uploads\/2025\/08\/cozy-porch-ideas-dtd-17-200x300.jpg 200w, https:\/\/doubletakedecor.com\/uploads\/2025\/08\/cozy-porch-ideas-dtd-17-683x1024.jpg 683w, https:\/\/doubletakedecor.com\/uploads\/2025\/08\/cozy-porch-ideas-dtd-17-96x144.jpg 96w, https:\/\/doubletakedecor.com\/uploads\/2025\/08\/cozy-porch-ideas-dtd-17-280x420.jpg 280w, https:\/\/doubletakedecor.com\/uploads\/2025\/08\/cozy-porch-ideas-dtd-17-320x480.jpg 320w, https:\/\/doubletakedecor.com\/uploads\/2025\/08\/cozy-porch-ideas-dtd-17-360x540.jpg 360w, https:\/\/doubletakedecor.com\/uploads\/2025\/08\/cozy-porch-ideas-dtd-17-363x545.jpg 363w, https:\/\/doubletakedecor.com\/uploads\/2025\/08\/cozy-porch-ideas-dtd-17-370x555.jpg 370w, https:\/\/doubletakedecor.com\/uploads\/2025\/08\/cozy-porch-ideas-dtd-17-400x600.jpg 400w, https:\/\/doubletakedecor.com\/uploads\/2025\/08\/cozy-porch-ideas-dtd-17-560x840.jpg 560w, https:\/\/doubletakedecor.com\/uploads\/2025\/08\/cozy-porch-ideas-dtd-17-480x720.jpg 480w\" sizes=\"auto, (max-width: 700px) 100vw, 700px\" \/><\/p>\n<p>Alak\u00edts ki egy vid\u00e1m, tr\u00f3pusi t\u00e9likertet levendula b\u00fatorokkal \u00e9s vir\u00e1gos p\u00e1rn\u00e1kkal. Kombin\u00e1ld a fonott darabokat puha text\u00edli\u00e1kkal a v\u00e1ltozatos text\u00far\u00e1k\u00e9rt. A f\u00fcgg\u00f6ny legyen vil\u00e1gos, \u00e1ttetsz\u0151, hogy sok term\u00e9szetes f\u00e9ny jusson be, \u00e9s mindenk\u00e9pp tegy\u00e9l cserepes, tr\u00f3pusi n\u00f6v\u00e9nyeket is! N\u00e9h\u00e1ny apr\u00f3bb vir\u00e1gd\u00edsz vagy k\u00f6nyv a fonott asztalon szem\u00e9lyesebb\u00e9 var\u00e1zsolja a sarkot.<\/p>\n<h2>Tr\u00f3pusi veranda hintasz\u00e9kekkel<\/h2>\n<p><img loading=\"lazy\" decoding=\"async\" width=\"700\" height=\"1050\" alt=\"B\u00e1jos veranda fekete hintasz\u00e9kekkel a sz\u00fcrke deszk\u00e1kon, k\u00e9k p\u00e1rn\u00e1kkal, feh\u00e9r f\u00fcgg\u00f6ny\u00f6kkel \u00e9s tr\u00f3pusi n\u00f6v\u00e9nyekkel.\" class=\"aligncenter size-full wp-image-5597\" src=\"https:\/\/doubletakedecor.com\/uploads\/2025\/08\/cozy-porch-ideas-dtd-18.jpg\" srcset=\"https:\/\/doubletakedecor.com\/uploads\/2025\/08\/cozy-porch-ideas-dtd-18.jpg 700w, https:\/\/doubletakedecor.com\/uploads\/2025\/08\/cozy-porch-ideas-dtd-18-200x300.jpg 200w, https:\/\/doubletakedecor.com\/uploads\/2025\/08\/cozy-porch-ideas-dtd-18-683x1024.jpg 683w, https:\/\/doubletakedecor.com\/uploads\/2025\/08\/cozy-porch-ideas-dtd-18-96x144.jpg 96w, https:\/\/doubletakedecor.com\/uploads\/2025\/08\/cozy-porch-ideas-dtd-18-280x420.jpg 280w, https:\/\/doubletakedecor.com\/uploads\/2025\/08\/cozy-porch-ideas-dtd-18-320x480.jpg 320w, https:\/\/doubletakedecor.com\/uploads\/2025\/08\/cozy-porch-ideas-dtd-18-360x540.jpg 360w, https:\/\/doubletakedecor.com\/uploads\/2025\/08\/cozy-porch-ideas-dtd-18-363x545.jpg 363w, https:\/\/doubletakedecor.com\/uploads\/2025\/08\/cozy-porch-ideas-dtd-18-370x555.jpg 370w, https:\/\/doubletakedecor.com\/uploads\/2025\/08\/cozy-porch-ideas-dtd-18-400x600.jpg 400w, https:\/\/doubletakedecor.com\/uploads\/2025\/08\/cozy-porch-ideas-dtd-18-560x840.jpg 560w, https:\/\/doubletakedecor.com\/uploads\/2025\/08\/cozy-porch-ideas-dtd-18-480x720.jpg 480w\" sizes=\"auto, (max-width: 700px) 100vw, 700px\" \/><\/p>\n<p>Bar\u00e1ts\u00e1gos, nyugodt o\u00e1zist var\u00e1zsolhatsz a szabadba k\u00e9nyelmes fekete hintasz\u00e9kekkel \u00e9s vid\u00e1m sz\u00edn\u0171 p\u00e1rn\u00e1kkal. Tegy\u00e9l le egy term\u00e9szetes rostb\u00f3l k\u00e9sz\u00fclt sz\u0151nyeget, hogy kiemeld az \u00fcl\u0151r\u00e9szt, \u00e9s szerelj fel lenge, feh\u00e9r f\u00fcgg\u00f6ny\u00f6ket a priv\u00e1t szf\u00e9ra \u00e9s a st\u00edlus miatt is. A mennyezeti ventil\u00e1tor melegebb napokon is k\u00e9nyelmet ny\u00fajt, a cserepes, tr\u00f3pusi n\u00f6v\u00e9nyek pedig b\u00e9k\u00e9s hangulatot teremtenek. Ide\u00e1lis hely a reggeli k\u00e1v\u00e9hoz vagy esti laz\u00edt\u00e1sra.<\/p>\n<h2>F\u00fcggesztett hinta tengerparti p\u00e1rn\u00e1kkal<\/h2>\n<p><img loading=\"lazy\" decoding=\"async\" width=\"700\" height=\"1050\" alt=\"Hangulatos fa hinta\u00e1gy k\u00e9k-feh\u00e9r p\u00e1rn\u00e1kkal meleg sz\u00edn\u0171 fah\u00e9jverand\u00e1n, k\u00f6r\u00fcl\u00f6tte vir\u00e1gokkal \u00e9s z\u00f6lddel.\" class=\"aligncenter size-full wp-image-5603\" src=\"https:\/\/doubletakedecor.com\/uploads\/2025\/08\/cozy-porch-ideas-dtd-19.jpg\" srcset=\"https:\/\/doubletakedecor.com\/uploads\/2025\/08\/cozy-porch-ideas-dtd-19.jpg 700w, https:\/\/doubletakedecor.com\/uploads\/2025\/08\/cozy-porch-ideas-dtd-19-200x300.jpg 200w, https:\/\/doubletakedecor.com\/uploads\/2025\/08\/cozy-porch-ideas-dtd-19-683x1024.jpg 683w, https:\/\/doubletakedecor.com\/uploads\/2025\/08\/cozy-porch-ideas-dtd-19-96x144.jpg 96w, https:\/\/doubletakedecor.com\/uploads\/2025\/08\/cozy-porch-ideas-dtd-19-280x420.jpg 280w, https:\/\/doubletakedecor.com\/uploads\/2025\/08\/cozy-porch-ideas-dtd-19-320x480.jpg 320w, https:\/\/doubletakedecor.com\/uploads\/2025\/08\/cozy-porch-ideas-dtd-19-360x540.jpg 360w, https:\/\/doubletakedecor.com\/uploads\/2025\/08\/cozy-porch-ideas-dtd-19-363x545.jpg 363w, https:\/\/doubletakedecor.com\/uploads\/2025\/08\/cozy-porch-ideas-dtd-19-370x555.jpg 370w, https:\/\/doubletakedecor.com\/uploads\/2025\/08\/cozy-porch-ideas-dtd-19-400x600.jpg 400w, https:\/\/doubletakedecor.com\/uploads\/2025\/08\/cozy-porch-ideas-dtd-19-560x840.jpg 560w, https:\/\/doubletakedecor.com\/uploads\/2025\/08\/cozy-porch-ideas-dtd-19-480x720.jpg 480w\" sizes=\"auto, (max-width: 700px) 100vw, 700px\" \/><\/p>\n<p>Alak\u00edtsd \u00e1t teraszodat egy meghitt kuck\u00f3v\u00e1 egy mennyezetre szerelt fa hint\u00e1val. Tegy\u00e9l r\u00e1 k\u00e9nyelmes, tengerparti hangulat\u00fa k\u00e9k-feh\u00e9r p\u00e1rn\u00e1kat, \u00e9s egy puha takar\u00f3t is bek\u00e9sz\u00edthetsz a h\u0171v\u00f6sebb est\u00e9khez. Tarts cserepes lila vir\u00e1gokat \u00e9s z\u00f6ldeket a hinta k\u00f6r\u00fcl, \u00e9s helyezz el egy kis fa oldalasztalt is italoknak vagy d\u00edszt\u00e1rgyaknak.<\/p>\n<h2>Eleg\u00e1ns, tengerparti hangulat\u00fa \u00e9tkez\u0151 a verand\u00e1n<\/h2>\n<p><img loading=\"lazy\" decoding=\"async\" width=\"700\" height=\"1050\" alt=\"Vil\u00e1gos \u00e9tkez\u0151sarok kerek feh\u00e9r asztallal, k\u00f6z\u00e9pen r\u00f3zsasz\u00edn r\u00f3zs\u00e1kkal, k\u00e9k-feh\u00e9r cs\u00edkos p\u00e1rn\u00e1kkal \u00e9s nyugodt hangulattal.\" class=\"aligncenter size-full wp-image-5609\" src=\"https:\/\/doubletakedecor.com\/uploads\/2025\/08\/cozy-porch-ideas-dtd-20.jpg\" srcset=\"https:\/\/doubletakedecor.com\/uploads\/2025\/08\/cozy-porch-ideas-dtd-20.jpg 700w, https:\/\/doubletakedecor.com\/uploads\/2025\/08\/cozy-porch-ideas-dtd-20-200x300.jpg 200w, https:\/\/doubletakedecor.com\/uploads\/2025\/08\/cozy-porch-ideas-dtd-20-683x1024.jpg 683w, https:\/\/doubletakedecor.com\/uploads\/2025\/08\/cozy-porch-ideas-dtd-20-96x144.jpg 96w, https:\/\/doubletakedecor.com\/uploads\/2025\/08\/cozy-porch-ideas-dtd-20-280x420.jpg 280w, https:\/\/doubletakedecor.com\/uploads\/2025\/08\/cozy-porch-ideas-dtd-20-320x480.jpg 320w, https:\/\/doubletakedecor.com\/uploads\/2025\/08\/cozy-porch-ideas-dtd-20-360x540.jpg 360w, https:\/\/doubletakedecor.com\/uploads\/2025\/08\/cozy-porch-ideas-dtd-20-363x545.jpg 363w, https:\/\/doubletakedecor.com\/uploads\/2025\/08\/cozy-porch-ideas-dtd-20-370x555.jpg 370w, https:\/\/doubletakedecor.com\/uploads\/2025\/08\/cozy-porch-ideas-dtd-20-400x600.jpg 400w, https:\/\/doubletakedecor.com\/uploads\/2025\/08\/cozy-porch-ideas-dtd-20-560x840.jpg 560w, https:\/\/doubletakedecor.com\/uploads\/2025\/08\/cozy-porch-ideas-dtd-20-480x720.jpg 480w\" sizes=\"auto, (max-width: 700px) 100vw, 700px\" \/><\/p>\n<p>Hozz l\u00e9tre vil\u00e1gos, t\u00e1gas \u00e9tkez\u0151sarkot egy kerek, feh\u00e9r asztallal a k\u00f6z\u00e9ppontban. Egym\u00e1shoz ill\u0151 p\u00e1rn\u00e1kat v\u00e1lassz, p\u00e9ld\u00e1ul k\u00e9k-feh\u00e9r cs\u00edkosakat, \u00edgy lesz egys\u00e9ges a l\u00e1tv\u00e1ny. Friss vir\u00e1gokkal teheted igaz\u00e1n bar\u00e1ts\u00e1goss\u00e1, p\u00e9ld\u00e1ul egy csokor r\u00f3zsasz\u00edn r\u00f3zsa remek\u00fcl mutat egy feh\u00e9r v\u00e1z\u00e1ban. Ha az asztalt k\u00f6zel helyezed az \u00fcvegajt\u00f3khoz, m\u00e9g k\u00f6zelebb \u00e9rzed majd magad a kinti z\u00f6ldh\u00f6z.<\/p>\n<h2>Klasszikus fekete-feh\u00e9r veranda hangulata<\/h2>\n<p><img loading=\"lazy\" decoding=\"async\" width=\"700\" height=\"1049\" alt=\"Hangulatos veranda fekete hintasz\u00e9kekkel, feh\u00e9r falakkal \u00e9s rusztikus, f\u00e1b\u00f3l k\u00e9sz\u00fclt konzolasztallal cserepes n\u00f6v\u00e9nyekkel d\u00edsz\u00edtve.\" class=\"aligncenter size-full wp-image-5615\" src=\"https:\/\/doubletakedecor.com\/uploads\/2025\/08\/cozy-porch-ideas-dtd-21.jpg\" srcset=\"https:\/\/doubletakedecor.com\/uploads\/2025\/08\/cozy-porch-ideas-dtd-21.jpg 700w, https:\/\/doubletakedecor.com\/uploads\/2025\/08\/cozy-porch-ideas-dtd-21-200x300.jpg 200w, https:\/\/doubletakedecor.com\/uploads\/2025\/08\/cozy-porch-ideas-dtd-21-683x1024.jpg 683w, https:\/\/doubletakedecor.com\/uploads\/2025\/08\/cozy-porch-ideas-dtd-21-96x144.jpg 96w, https:\/\/doubletakedecor.com\/uploads\/2025\/08\/cozy-porch-ideas-dtd-21-280x420.jpg 280w, https:\/\/doubletakedecor.com\/uploads\/2025\/08\/cozy-porch-ideas-dtd-21-320x480.jpg 320w, https:\/\/doubletakedecor.com\/uploads\/2025\/08\/cozy-porch-ideas-dtd-21-360x539.jpg 360w, https:\/\/doubletakedecor.com\/uploads\/2025\/08\/cozy-porch-ideas-dtd-21-363x544.jpg 363w, https:\/\/doubletakedecor.com\/uploads\/2025\/08\/cozy-porch-ideas-dtd-21-370x554.jpg 370w, https:\/\/doubletakedecor.com\/uploads\/2025\/08\/cozy-porch-ideas-dtd-21-400x599.jpg 400w, https:\/\/doubletakedecor.com\/uploads\/2025\/08\/cozy-porch-ideas-dtd-21-560x839.jpg 560w, https:\/\/doubletakedecor.com\/uploads\/2025\/08\/cozy-porch-ideas-dtd-21-480x719.jpg 480w\" sizes=\"auto, (max-width: 700px) 100vw, 700px\" \/><\/p>\n<p>Alak\u00edts ki id\u0151tlen k\u00fclt\u00e9ri mened\u00e9ket mark\u00e1ns fekete hintasz\u00e9kekkel, amik j\u00f3l mutatnak a vak\u00edt\u00f3an feh\u00e9r oldalfal mellett. Egy t\u00f6bbrekeszes konzolasztal seg\u00edt abban, hogy legyen hol t\u00e1rolni vagy dekor\u00e1lni. Cserepes n\u00f6v\u00e9nyekkel viszel \u00e9letet a t\u00e9rbe, est\u00e9nk\u00e9nt pedig l\u00e1tv\u00e1nyos f\u00fcgg\u0151l\u00e1mpa \u00e9s falikarok biztos\u00edtj\u00e1k a f\u00e9nyt. A fapadl\u00f3 t\u00f6k\u00e9letes lez\u00e1r\u00e1sa ennek a k\u00e9nyelmes \u00e9s st\u00edlusos verand\u00e1nak.<\/p>\n<h2>Fonott kanap\u00e9s kuck\u00f3 k\u0151 d\u00edsz\u00edt\u00e9ssel<\/h2>\n<p><img loading=\"lazy\" decoding=\"async\" width=\"700\" height=\"1049\" alt=\"Bar\u00e1ts\u00e1gos k\u00fclt\u00e9ri nappali fonott b\u00fatorokkal, feh\u00e9r p\u00e1rn\u00e1kkal, k\u0151 doh\u00e1nyz\u00f3asztallal \u00e9s hangulatos \u00e9g\u0151sorral.\" class=\"aligncenter size-full wp-image-5621\" src=\"https:\/\/doubletakedecor.com\/uploads\/2025\/08\/cozy-porch-ideas-dtd-22.jpg\" srcset=\"https:\/\/doubletakedecor.com\/uploads\/2025\/08\/cozy-porch-ideas-dtd-22.jpg 700w, https:\/\/doubletakedecor.com\/uploads\/2025\/08\/cozy-porch-ideas-dtd-22-200x300.jpg 200w, https:\/\/doubletakedecor.com\/uploads\/2025\/08\/cozy-porch-ideas-dtd-22-683x1024.jpg 683w, https:\/\/doubletakedecor.com\/uploads\/2025\/08\/cozy-porch-ideas-dtd-22-96x144.jpg 96w, https:\/\/doubletakedecor.com\/uploads\/2025\/08\/cozy-porch-ideas-dtd-22-280x420.jpg 280w, https:\/\/doubletakedecor.com\/uploads\/2025\/08\/cozy-porch-ideas-dtd-22-320x480.jpg 320w, https:\/\/doubletakedecor.com\/uploads\/2025\/08\/cozy-porch-ideas-dtd-22-360x539.jpg 360w, https:\/\/doubletakedecor.com\/uploads\/2025\/08\/cozy-porch-ideas-dtd-22-363x544.jpg 363w, https:\/\/doubletakedecor.com\/uploads\/2025\/08\/cozy-porch-ideas-dtd-22-370x554.jpg 370w, https:\/\/doubletakedecor.com\/uploads\/2025\/08\/cozy-porch-ideas-dtd-22-400x599.jpg 400w, https:\/\/doubletakedecor.com\/uploads\/2025\/08\/cozy-porch-ideas-dtd-22-560x839.jpg 560w, https:\/\/doubletakedecor.com\/uploads\/2025\/08\/cozy-porch-ideas-dtd-22-480x719.jpg 480w\" sizes=\"auto, (max-width: 700px) 100vw, 700px\" \/><\/p>\n<p>Igazi h\u00edvogat\u00f3 k\u00fclt\u00e9ri pihen\u0151sarkot teremthetsz, ha feh\u00e9r p\u00e1rn\u00e1kkal d\u00edsz\u00edtett fonott b\u00fatorokat egy k\u0151b\u0151l k\u00e9sz\u00fclt doh\u00e1nyz\u00f3asztallal p\u00e1ros\u00edtasz. F\u00fcggessz fel izz\u00f3sorokat, \u00edgy est\u00e9nk\u00e9nt is var\u00e1zslatos lesz a hangulat. A k\u00fcl\u00f6nf\u00e9le m\u00e9ret\u0171 cserepes n\u00f6v\u00e9nyek term\u00e9szetes text\u00far\u00e1t adnak a t\u00e9rnek. A kem\u00e9ny fel\u00fcleteket puha d\u00edszp\u00e1rn\u00e1kkal egyens\u00falyozd, \u00edgy lesz igaz\u00e1n k\u00e9nyelmes \u00e9s tart\u00f3s az \u00fcl\u0151r\u00e9sz.<\/p>\n<h2>Naplement\u00e9s fonott veranda szett<\/h2>\n<p><img loading=\"lazy\" decoding=\"async\" width=\"700\" height=\"1050\" alt=\"Hangulatos veranda fonott sz\u00e9kekkel, p\u00e1rn\u00e1kkal egy asztal k\u00f6r\u00fcl, amelyet meleg naplemente vil\u00e1g\u00edt meg v\u00edz mellett.\" class=\"aligncenter size-full wp-image-5627\" src=\"https:\/\/doubletakedecor.com\/uploads\/2025\/08\/cozy-porch-ideas-dtd-23.jpg\" srcset=\"https:\/\/doubletakedecor.com\/uploads\/2025\/08\/cozy-porch-ideas-dtd-23.jpg 700w, https:\/\/doubletakedecor.com\/uploads\/2025\/08\/cozy-porch-ideas-dtd-23-200x300.jpg 200w, https:\/\/doubletakedecor.com\/uploads\/2025\/08\/cozy-porch-ideas-dtd-23-683x1024.jpg 683w, https:\/\/doubletakedecor.com\/uploads\/2025\/08\/cozy-porch-ideas-dtd-23-96x144.jpg 96w, https:\/\/doubletakedecor.com\/uploads\/2025\/08\/cozy-porch-ideas-dtd-23-280x420.jpg 280w, https:\/\/doubletakedecor.com\/uploads\/2025\/08\/cozy-porch-ideas-dtd-23-320x480.jpg 320w, https:\/\/doubletakedecor.com\/uploads\/2025\/08\/cozy-porch-ideas-dtd-23-360x540.jpg 360w, https:\/\/doubletakedecor.com\/uploads\/2025\/08\/cozy-porch-ideas-dtd-23-363x545.jpg 363w, https:\/\/doubletakedecor.com\/uploads\/2025\/08\/cozy-porch-ideas-dtd-23-370x555.jpg 370w, https:\/\/doubletakedecor.com\/uploads\/2025\/08\/cozy-porch-ideas-dtd-23-400x600.jpg 400w, https:\/\/doubletakedecor.com\/uploads\/2025\/08\/cozy-porch-ideas-dtd-23-560x840.jpg 560w, https:\/\/doubletakedecor.com\/uploads\/2025\/08\/cozy-porch-ideas-dtd-23-480x720.jpg 480w\" sizes=\"auto, (max-width: 700px) 100vw, 700px\" \/><\/p>\n<p>\u00dagy rendezd el a fonott \u00fcl\u0151helyeket, hogy egyszerre k\u00e9nyelmesen lehessen besz\u00e9lgetni \u00e9s gy\u00f6ny\u00f6rk\u00f6dni a naplement\u00e9ben. Egy strapab\u00edr\u00f3, de puha sz\u0151nyeg melegs\u00e9get ad, \u00e9s j\u00f3l b\u00edrja a k\u00fclt\u00e9ren. A p\u00e1rn\u00e1k legyenek id\u0151j\u00e1r\u00e1s\u00e1ll\u00f3 huzatban, hogy mindig k\u00e9nyelmesek maradjanak. \u00dcgyesen elhelyezett cserepes n\u00f6v\u00e9nyekkel ki tudod emelni az oszlopokat an\u00e9lk\u00fcl, hogy eltakarod a kil\u00e1t\u00e1st. Ez a megold\u00e1s t\u00f6k\u00e9letesen hangulatos est\u00e9t teremt.<\/p>\n<h2>Hangulatos pergola \u00e9g\u0151sorokkal<\/h2>\n<p><img loading=\"lazy\" decoding=\"async\" width=\"700\" height=\"1050\" alt=\"Hangulatos pergolasarok \u00e9g\u0151sorral, p\u00e1rn\u00e1zott paddal, hinta\u00fcl\u00e9ssel, fonott puffal \u00e9s sz\u0151nyegen kialak\u00edtott k\u00f6z\u00e9pponttal sok-sok z\u00f6lddel.\" class=\"aligncenter size-full wp-image-5633\" src=\"https:\/\/doubletakedecor.com\/uploads\/2025\/08\/cozy-porch-ideas-dtd-24.jpg\" srcset=\"https:\/\/doubletakedecor.com\/uploads\/2025\/08\/cozy-porch-ideas-dtd-24.jpg 700w, https:\/\/doubletakedecor.com\/uploads\/2025\/08\/cozy-porch-ideas-dtd-24-200x300.jpg 200w, https:\/\/doubletakedecor.com\/uploads\/2025\/08\/cozy-porch-ideas-dtd-24-683x1024.jpg 683w, https:\/\/doubletakedecor.com\/uploads\/2025\/08\/cozy-porch-ideas-dtd-24-96x144.jpg 96w, https:\/\/doubletakedecor.com\/uploads\/2025\/08\/cozy-porch-ideas-dtd-24-280x420.jpg 280w, https:\/\/doubletakedecor.com\/uploads\/2025\/08\/cozy-porch-ideas-dtd-24-320x480.jpg 320w, https:\/\/doubletakedecor.com\/uploads\/2025\/08\/cozy-porch-ideas-dtd-24-360x540.jpg 360w, https:\/\/doubletakedecor.com\/uploads\/2025\/08\/cozy-porch-ideas-dtd-24-363x545.jpg 363w, https:\/\/doubletakedecor.com\/uploads\/2025\/08\/cozy-porch-ideas-dtd-24-370x555.jpg 370w, https:\/\/doubletakedecor.com\/uploads\/2025\/08\/cozy-porch-ideas-dtd-24-400x600.jpg 400w, https:\/\/doubletakedecor.com\/uploads\/2025\/08\/cozy-porch-ideas-dtd-24-560x840.jpg 560w, https:\/\/doubletakedecor.com\/uploads\/2025\/08\/cozy-porch-ideas-dtd-24-480x720.jpg 480w\" sizes=\"auto, (max-width: 700px) 100vw, 700px\" \/><\/p>\n<p>V\u00e1ltoztasd verand\u00e1dat \u00e9jszakai pihen\u0151helly\u00e9, ha \u00e9g\u0151sorokat fesz\u00edtesz ki a pergol\u00e1ra. Alacsony, p\u00e1rn\u00e1zott \u00fcl\u0151helyeket rendezz el egy fonott puff k\u00f6r\u00e9. Tegy\u00e9l ki gyerty\u00e1s l\u00e1mp\u00e1sokat a m\u00e9g melegebb hangulat\u00e9rt, egy hinta pedig j\u00e1t\u00e9kosabb\u00e1 teszi a teret. Egy k\u00fclt\u00e9ri sz\u0151nyeg \u00f6sszefogja a helyet, \u00e9s kiemeli a sok z\u00f6ld n\u00f6v\u00e9ny k\u00f6z\u00f6tt.<\/p>\n<h2>Rusztikus hangulat\u00fa veranda \u00fcl\u0151sarok<\/h2>\n<p><img loading=\"lazy\" decoding=\"async\" width=\"700\" height=\"1049\" alt=\"Hangulatos fonott kanap\u00e9 n\u00f6v\u00e9nyes p\u00e1rn\u00e1val egy vintage z\u00f6ld l\u00e1da mellett, amely doh\u00e1nyz\u00f3asztalk\u00e9nt szolg\u00e1l cserepes n\u00f6v\u00e9nyekkel \u00e9s l\u00f3g\u00f3 l\u00e1mp\u00e1val.\" class=\"aligncenter size-full wp-image-5639\" src=\"https:\/\/doubletakedecor.com\/uploads\/2025\/08\/cozy-porch-ideas-dtd-25.jpg\" srcset=\"https:\/\/doubletakedecor.com\/uploads\/2025\/08\/cozy-porch-ideas-dtd-25.jpg 700w, https:\/\/doubletakedecor.com\/uploads\/2025\/08\/cozy-porch-ideas-dtd-25-200x300.jpg 200w, https:\/\/doubletakedecor.com\/uploads\/2025\/08\/cozy-porch-ideas-dtd-25-683x1024.jpg 683w, https:\/\/doubletakedecor.com\/uploads\/2025\/08\/cozy-porch-ideas-dtd-25-96x144.jpg 96w, https:\/\/doubletakedecor.com\/uploads\/2025\/08\/cozy-porch-ideas-dtd-25-280x420.jpg 280w, https:\/\/doubletakedecor.com\/uploads\/2025\/08\/cozy-porch-ideas-dtd-25-320x480.jpg 320w, https:\/\/doubletakedecor.com\/uploads\/2025\/08\/cozy-porch-ideas-dtd-25-360x539.jpg 360w, https:\/\/doubletakedecor.com\/uploads\/2025\/08\/cozy-porch-ideas-dtd-25-363x544.jpg 363w, https:\/\/doubletakedecor.com\/uploads\/2025\/08\/cozy-porch-ideas-dtd-25-370x554.jpg 370w, https:\/\/doubletakedecor.com\/uploads\/2025\/08\/cozy-porch-ideas-dtd-25-400x599.jpg 400w, https:\/\/doubletakedecor.com\/uploads\/2025\/08\/cozy-porch-ideas-dtd-25-560x839.jpg 560w, https:\/\/doubletakedecor.com\/uploads\/2025\/08\/cozy-porch-ideas-dtd-25-480x719.jpg 480w\" sizes=\"auto, (max-width: 700px) 100vw, 700px\" \/><\/p>\n<p>Alak\u00edtsd \u00e1t verand\u00e1dat egy k\u00e9nyelmes fonott kanap\u00e9val \u00e9s egy r\u00e9gi, haszn\u00e1lt (vintage) l\u00e1d\u00e1val doh\u00e1nyz\u00f3asztalnak. Egy kopottas, z\u00f6ld l\u00e1da nemcsak karaktert, hanem t\u00e1rol\u00f3helyet is ad. N\u00f6v\u00e9nyes p\u00e1rn\u00e1kat \u00e9s cserepes z\u00f6ldeket is tegy\u00e9l ki, hogy k\u00f6zelebb \u00e9rezd magad a term\u00e9szethez. Egy klasszikus l\u00f3g\u00f3 l\u00e1mpa meleg f\u00e9nyt ad az est\u00e9ken. Ez a kombin\u00e1ci\u00f3 a t\u00f6k\u00e9letes rusztikus, otthonos k\u00fclt\u00e9ri szegletet teremti meg.<\/p>\n<h2>R\u00f3zsasz\u00edn ajt\u00f3 \u00e9s otthonos veranda<\/h2>\n<p><img loading=\"lazy\" decoding=\"async\" width=\"700\" height=\"1049\" alt=\"Hangulatos el\u0151veranda r\u00f3zsasz\u00edn ajt\u00f3val, koszor\u00faval, feh\u00e9r hintasz\u00e9kkel, geometrikus sz\u0151nyeggel \u00e9s d\u00edszes vir\u00e1gkasp\u00f3val egy st\u00edlusos bej\u00e1rathoz.\" class=\"aligncenter size-full wp-image-5645\" src=\"https:\/\/doubletakedecor.com\/uploads\/2025\/08\/cozy-porch-ideas-dtd-26.jpg\" srcset=\"https:\/\/doubletakedecor.com\/uploads\/2025\/08\/cozy-porch-ideas-dtd-26.jpg 700w, https:\/\/doubletakedecor.com\/uploads\/2025\/08\/cozy-porch-ideas-dtd-26-200x300.jpg 200w, https:\/\/doubletakedecor.com\/uploads\/2025\/08\/cozy-porch-ideas-dtd-26-683x1024.jpg 683w, https:\/\/doubletakedecor.com\/uploads\/2025\/08\/cozy-porch-ideas-dtd-26-96x144.jpg 96w, https:\/\/doubletakedecor.com\/uploads\/2025\/08\/cozy-porch-ideas-dtd-26-280x420.jpg 280w, https:\/\/doubletakedecor.com\/uploads\/2025\/08\/cozy-porch-ideas-dtd-26-320x480.jpg 320w, https:\/\/doubletakedecor.com\/uploads\/2025\/08\/cozy-porch-ideas-dtd-26-360x539.jpg 360w, https:\/\/doubletakedecor.com\/uploads\/2025\/08\/cozy-porch-ideas-dtd-26-363x544.jpg 363w, https:\/\/doubletakedecor.com\/uploads\/2025\/08\/cozy-porch-ideas-dtd-26-370x554.jpg 370w, https:\/\/doubletakedecor.com\/uploads\/2025\/08\/cozy-porch-ideas-dtd-26-400x599.jpg 400w, https:\/\/doubletakedecor.com\/uploads\/2025\/08\/cozy-porch-ideas-dtd-26-560x839.jpg 560w, https:\/\/doubletakedecor.com\/uploads\/2025\/08\/cozy-porch-ideas-dtd-26-480x719.jpg 480w\" sizes=\"auto, (max-width: 700px) 100vw, 700px\" \/><\/p>\n<p>Tedd k\u00fcl\u00f6nlegess\u00e9 a bej\u00e1ratodat egy \u00e9l\u00e9nk r\u00f3zsasz\u00edn ajt\u00f3val, amin egy klasszikus z\u00f6ld koszor\u00fa d\u00edszeleg. Egy feh\u00e9r hintasz\u00e9k puha p\u00e1rn\u00e1val, \u00e9s egy mint\u00e1s sz\u0151nyeg otthonos fogadtat\u00e1st ny\u00fajt. Sz\u00e9p vil\u00e1g\u00edt\u00e1st, gondozott cserepes n\u00f6v\u00e9nyeket, \u00e9s egy bar\u00e1ts\u00e1gos l\u00e1bt\u00f6rl\u0151t is helyezz ki! Ezzel az egyszer\u0171, m\u00e9gis l\u00e1tv\u00e1nyos elrendez\u00e9ssel a veranda r\u00f6gt\u00f6n vonz\u00f3bb lesz.<\/p>\n<h2>Eleg\u00e1ns k\u00e9k dupla ajt\u00f3s bej\u00e1rat<\/h2>\n<p><img loading=\"lazy\" decoding=\"async\" width=\"700\" height=\"1050\" alt=\"Vonz\u00f3 bej\u00e1rat k\u00e9k dupla ajt\u00f3kkal, feh\u00e9r kasp\u00f3kban lila vir\u00e1gokkal, k\u00f6vekkel kirakott \u00f6sv\u00e9nnyel \u00e9s falra szerelt l\u00e1mp\u00e1kkal\" class=\"aligncenter size-full wp-image-5651\" src=\"https:\/\/doubletakedecor.com\/uploads\/2025\/08\/cozy-porch-ideas-dtd-27.jpg\" srcset=\"https:\/\/doubletakedecor.com\/uploads\/2025\/08\/cozy-porch-ideas-dtd-27.jpg 700w, https:\/\/doubletakedecor.com\/uploads\/2025\/08\/cozy-porch-ideas-dtd-27-200x300.jpg 200w, https:\/\/doubletakedecor.com\/uploads\/2025\/08\/cozy-porch-ideas-dtd-27-683x1024.jpg 683w, https:\/\/doubletakedecor.com\/uploads\/2025\/08\/cozy-porch-ideas-dtd-27-96x144.jpg 96w, https:\/\/doubletakedecor.com\/uploads\/2025\/08\/cozy-porch-ideas-dtd-27-280x420.jpg 280w, https:\/\/doubletakedecor.com\/uploads\/2025\/08\/cozy-porch-ideas-dtd-27-320x480.jpg 320w, https:\/\/doubletakedecor.com\/uploads\/2025\/08\/cozy-porch-ideas-dtd-27-360x540.jpg 360w, https:\/\/doubletakedecor.com\/uploads\/2025\/08\/cozy-porch-ideas-dtd-27-363x545.jpg 363w, https:\/\/doubletakedecor.com\/uploads\/2025\/08\/cozy-porch-ideas-dtd-27-370x555.jpg 370w, https:\/\/doubletakedecor.com\/uploads\/2025\/08\/cozy-porch-ideas-dtd-27-400x600.jpg 400w, https:\/\/doubletakedecor.com\/uploads\/2025\/08\/cozy-porch-ideas-dtd-27-560x840.jpg 560w, https:\/\/doubletakedecor.com\/uploads\/2025\/08\/cozy-porch-ideas-dtd-27-480x720.jpg 480w\" sizes=\"auto, (max-width: 700px) 100vw, 700px\" \/><\/p>\n<p>Keretezd dupla ajt\u00f3idat szimmetrikusan elhelyezett kasp\u00f3kkal, amelyekb\u0151l lila vir\u00e1gok \u00e9s z\u00f6ld n\u00f6v\u00e9nyek omlanak le. Mindk\u00e9t oldalra tegy\u00e9l egyet, hogy kiegyens\u00falyozott legyen az \u00f6sszhat\u00e1s. A k\u00fclt\u00e9ri falikarok esti f\u00e9nyt adnak, a term\u00e9szetes k\u0151 l\u00e9pcs\u0151lapok pedig kellemesen textur\u00e1lt \u00f6sv\u00e9nyt teremtenek. Egy egyszer\u0171 l\u00e1bt\u00f6rl\u0151 a v\u00e9gs\u0151, bar\u00e1ts\u00e1gos r\u00e9szlet.<\/p>\n<h2>GYIK<\/h2>\n<details class=\"g-accordion \"><summary><h3>Mik azok a bar\u00e1ts\u00e1gos, otthonos torn\u00e1c\u00f6tletek?<\/h3><\/summary>\n<p>Egy hangulatos torn\u00e1c kialak\u00edt\u00e1sa azt jelenti, hogy egy meghitt, h\u00edvogat\u00f3 k\u00fclt\u00e9ri szigetet teremtesz n\u00e9h\u00e1ny j\u00f3l kiv\u00e1lasztott r\u00e9szlettel. Kezdd <strong>k\u00e9nyelmes \u00fcl\u0151helyekkel<\/strong>, p\u00e9ld\u00e1ul fonott sz\u00e9kekkel vagy hintapaddal, \u00e9s tegy\u00e9l r\u00e1juk puha p\u00e1rn\u00e1kat, takar\u00f3kat, hogy m\u00e9g otthonosabb legyen a hangulat. A k\u00fclt\u00e9ri sz\u0151nyegek seg\u00edtenek kijel\u00f6lni a helyet, a d\u00edszp\u00e1rn\u00e1k vagy falra tett k\u00e9pek pedig szem\u00e9lyesebb\u00e9 teszik a teret.<\/p>\n<p>A megfelel\u0151 f\u00e9nyviszonyok kiemelten fontosak\u2014a <strong>f\u00e9nyf\u00fcz\u00e9rek vagy l\u00e1mp\u00e1sok<\/strong> meleg ragyog\u00e1st adnak. N\u00f6v\u00e9nyekkel, vir\u00e1gokkal \u00e9lettel t\u00f6lt\u00f6d meg a torn\u00e1cot. Egy kis \u00e9tkez\u0151r\u00e9sz, asztallal \u00e9s sz\u00e9kekkel, t\u00f6k\u00e9letes helyet biztos\u00edt a reggelihez vagy egy cs\u00e9sze k\u00e1v\u00e9hoz.<\/p>\n<p>Olyan alapanyagokat v\u00e1lassz, melyek b\u00edrj\u00e1k a kint tart\u00f3zkod\u00e1st \u00e9s az id\u0151j\u00e1r\u00e1s viszontags\u00e1gait, \u00e9s r\u00e9tegezz min\u00e9l t\u00f6bbf\u00e9le textilt a maxim\u00e1lis k\u00e9nyelem\u00e9rt. Ha olcs\u00f3bban szeretn\u00e9d megoldani a d\u00edsz\u00edt\u00e9st, fess \u00e1t b\u00fatort, saj\u00e1t kez\u0171leg k\u00e9sz\u00edts vir\u00e1gtart\u00f3t, vagy n\u00e9zz sz\u00e9t haszn\u00e1ltcikk-boltokban, ahol egy kis fest\u00e9ssel egyedi darabokat friss\u00edthetsz fel a saj\u00e1t \u00edzl\u00e9sedre.<\/p>\n<p>Eg\u00e9sz \u00e9vben sz\u00e9p marad a torn\u00e1c, ha \u00e9vszakhoz ill\u0151 d\u00edszeket teszel ki, p\u00e9ld\u00e1ul girlandokat vagy koszor\u00fakat. N\u00e9h\u00e1ny plusz apr\u00f3s\u00e1g, mint a sz\u00e9lcseng\u0151 vagy mad\u00e1retet\u0151, m\u00e9g bar\u00e1ts\u00e1gosabb\u00e1 teszi a helyet an\u00e9lk\u00fcl, hogy zs\u00fafoltt\u00e1 v\u00e1lna\u2014\u00edgy a torn\u00e1c mindig k\u00e9nyelmes mened\u00e9k marad, ide\u00e1lis pihen\u00e9shez \u00e9s besz\u00e9lget\u00e9shez egyar\u00e1nt.<\/p>\n<\/details><details class=\"g-accordion \"><summary><h3>Hogyan lehet igaz\u00e1n h\u00edvogat\u00f3 torn\u00e1cot kialak\u00edtani?<\/h3><\/summary>\n<p>Ahhoz, hogy igaz\u00e1n h\u00edvogat\u00f3 legyen a torn\u00e1cod, v\u00e1lassz k\u00e9nyelmes \u00fcl\u0151helyet, p\u00e9ld\u00e1ul p\u00e1rn\u00e1zott sz\u00e9ket vagy egy bar\u00e1ts\u00e1gos hintapadot. Tegy\u00e9l r\u00e1 puha p\u00e1rn\u00e1kat, takar\u00f3kat, hogy m\u00e9g k\u00e9nyelmesebb legyen. Dobd fel a teret dekor\u00e1ci\u00f3kkal, k\u00e9pekkel, vagy n\u00f6v\u00e9nyekkel, hogy bar\u00e1ts\u00e1gos legyen. <strong>A vil\u00e1g\u00edt\u00e1s nagyon fontos<\/strong>\u2014gondolj f\u00e9nyf\u00fcz\u00e9rekre vagy l\u00e1mp\u00e1sokra, hogy este is meleg hangulatot var\u00e1zsolj, \u00edgy pihenni \u00e9s vend\u00e9geket fogadni is \u00f6r\u00f6m lesz itt.<\/p>\n<p>K\u00fclt\u00e9ri sz\u0151nyegekkel ki tudsz alak\u00edtani elk\u00fcl\u00f6n\u00fcl\u0151 r\u00e9szeket, \u00e9s <strong>id\u0151j\u00e1r\u00e1s\u00e1ll\u00f3 anyagokat<\/strong> v\u00e1lassz, hogy a b\u00fatorok sok\u00e1ig sz\u00e9pek \u00e9s strapab\u00edr\u00f3k maradjanak. Egy j\u00f3l \u00f6sszev\u00e1logatott sz\u00ednvil\u00e1g, ami t\u00fckr\u00f6zi a st\u00edlusod, egys\u00e9get \u00e9s otthonoss\u00e1got ad a torn\u00e1cnak. Ha \u00e9vszakonk\u00e9nt friss\u00edted a dekor\u00e1ci\u00f3t, mindig \u00fcde marad a t\u00e9r.<\/p>\n<p>Egyedi kieg\u00e9sz\u00edt\u0151kkel, p\u00e9ld\u00e1ul sz\u00e9lcseng\u0151kkel vagy mad\u00e1retet\u0151kkel m\u00e9g k\u00fcl\u00f6nlegesebb lehet a torn\u00e1cod\u2014ezek \u00fagy dobnak fel mindent, hogy k\u00f6zben nem lesz zs\u00fafolt az \u00f6sszhat\u00e1s. Olcs\u00f3n is feldobhatod a helyet saj\u00e1t k\u00e9sz\u00edt\u00e9s\u0171 dekor\u00e1ci\u00f3kkal, \u00edgy k\u00f6nnyen alak\u00edthatsz ki magadnak egy pihentet\u0151 vagy t\u00e1rsas\u00e1gi zugot.<\/p>\n<\/details><details class=\"g-accordion \"><summary><h3>Melyek a falusi, vid\u00e9ki torn\u00e1c f\u0151 elemei?<\/h3><\/summary>\n<p>Egy vid\u00e9ki st\u00edlus\u00fa torn\u00e1c mindig bar\u00e1ts\u00e1gos, otthonos, \u00e9s rusztikus hangulatot \u00e1raszt. Gyakran <strong>fa<\/strong> \u00e9s <strong>f\u00e9m<\/strong> anyagokb\u00f3l \u00e9p\u00fcl, ami id\u0151t\u00e1ll\u00f3 kin\u00e9zetet ad neki. A hintasz\u00e9kek t\u00f6k\u00e9letesek a pihen\u00e9shez, a f\u00f6ldsz\u00ednek pedig melegs\u00e9get visznek az eg\u00e9sz helyre.<\/p>\n<p>A vid\u00e9ki st\u00edlust igazi r\u00e9gis\u00e9gek emelik ki. R\u00e9gi <strong>l\u00e1mp\u00e1sok<\/strong> vagy <strong>kopottas feliratok<\/strong> klassz d\u00edszek lehetnek, amelyek odavonzz\u00e1k a figyelmet. Cser\u00e9pbe \u00fcltetett n\u00f6v\u00e9nyek sz\u00ednt \u00e9s \u00e9letet visznek a fa \u00e9s f\u00e9m anyagok k\u00f6z\u00e9.<\/p>\n<ul>\n<li>r\u00e9tegezd az anyagokat, p\u00e9ld\u00e1ul tehetsz fonott sz\u00e9keket a torn\u00e1cra,<\/li>\n<li>kombin\u00e1ld \u0151ket pamut takar\u00f3kkal, ez extra k\u00e9nyelmet ad,<\/li>\n<li>\u00edgy nemcsak mutat\u00f3s, hanem t\u00e9nyleg bar\u00e1ts\u00e1gos \u00e9s kellemes lesz az eg\u00e9sz.<\/li>\n<\/ul>\n<p>Ha ezeket az elemeket vegy\u00edted, a falusi torn\u00e1cod egyszerre lesz praktikus \u00e9s nagyon hangulatos.<\/p>\n<\/details><details class=\"g-accordion \"><summary><h3>Hogyan hozhatod ki a legt\u00f6bbet egy kis torn\u00e1cb\u00f3l?<\/h3><\/summary>\n<p>Egy kis torn\u00e1cb\u00f3l is kihozhatod a maximumot, ha olyan b\u00fatorokat \u00e9s dekor\u00e1ci\u00f3kat v\u00e1lasztasz, amelyek egyszerre praktikusak \u00e9s st\u00edlusosak. J\u00f3 v\u00e1laszt\u00e1s a <strong>t\u00e1rol\u00f3pad<\/strong> vagy a <strong>\u00f6sszecsukhat\u00f3 sz\u00e9k<\/strong>, mert ezek helytakar\u00e9kosak. Felszerelhetsz fali polcokat n\u00f6v\u00e9nyeknek vagy d\u00edszeknek, \u00edgy a padl\u00f3 szabad marad \u00e9s rendezett lesz. <strong>Vil\u00e1gos sz\u00ednek<\/strong> seg\u00edtenek, hogy a helyis\u00e9g t\u00e1gasabbnak t\u0171nj\u00f6n.<\/p>\n<p>Az egyszer\u0171 dekor\u00e1ci\u00f3 tiszta, rendezett hat\u00e1st kelt, nem lesz zs\u00fafolt a t\u00e9r. N\u00e9h\u00e1ny p\u00e1rna vagy egy takar\u00f3 m\u00e1ris kellemesebb\u00e9 teszi a helyet an\u00e9lk\u00fcl, hogy t\u00fal sok lenne. Ha z\u00f6ldet is szeretn\u00e9l, pr\u00f3b\u00e1ld ki a f\u00fcgg\u0151 cserepeket vagy fali vir\u00e1gtart\u00f3kat\u2014\u00edgy a padl\u00f3 helyet is megsp\u00f3rolod. Este pedig <strong>meleg f\u00e9ny\u0171 vil\u00e1g\u00edt\u00e1s<\/strong> h\u00edvogat\u00f3v\u00e1 var\u00e1zsolja a torn\u00e1cot, ahol sz\u00edvesen pihensz vagy besz\u00e9lgetsz.<\/p>\n<p><strong>V\u00e9g\u00fcl, ha t\u00f6bbfunkci\u00f3s b\u00fatorokat \u00e9s \u00fcgyesen kihaszn\u00e1lt falfel\u00fcleteket v\u00e1lasztasz, a kis torn\u00e1c is lehet egyszer\u0171en st\u00edlusos, de k\u00f6zben nagyon bar\u00e1ts\u00e1gos \u00e9s h\u00edvogat\u00f3 is.<\/strong><\/p>\n<\/details><details class=\"g-accordion \"><summary><h3>Melyek a legjobb tippek a torn\u00e1c d\u00edsz\u00edt\u00e9s\u00e9hez?<\/h3><\/summary>\n<p>Ha szeretn\u00e9d feldobni a torn\u00e1cod, el\u0151sz\u00f6r v\u00e1lassz olyan sz\u00edn\u00f6ssze\u00e1ll\u00edt\u00e1st, ami harmoniz\u00e1l a h\u00e1z k\u00fcls\u0151 sz\u00edn\u00e9vel. \u00cdgy egys\u00e9ges lesz az \u00f6sszk\u00e9p, ami n\u00f6veli a h\u00e1z vonzerej\u00e9t. Ha k\u00fcl\u00f6nb\u00f6z\u0151 anyagokat (pl. fonott, fa vagy f\u00e9m b\u00fatort) haszn\u00e1lsz, v\u00e1ltozatosabb \u00e9s izgalmasabb lesz az eg\u00e9sz.<\/p>\n<ul>\n<li><strong>Id\u0151j\u00e1r\u00e1snak ellen\u00e1ll\u00f3 anyagokat<\/strong> v\u00e1lassz a tart\u00f3ss\u00e1g miatt,<\/li>\n<li>ezek sz\u00e9p maradnak es\u0151ben, naps\u00fct\u00e9sben is,<\/li>\n<li>tedd szem\u00e9lyesebb\u00e9 a helyet csal\u00e1di fot\u00f3kkal vagy saj\u00e1t k\u00e9sz\u00edt\u00e9s\u0171 apr\u00f3s\u00e1gokkal,<\/li>\n<li>\u00edgy igaz\u00e1n egyedi lesz \u00e9s t\u00fckr\u00f6zi a st\u00edlusod.<\/li>\n<\/ul>\n<p>Ha \u00e9vszakonk\u00e9nt friss\u00edted, mindig m\u00e1s \u00e9s vid\u00e1m lesz a torn\u00e1c. P\u00e9ld\u00e1ul cser\u00e9ld a p\u00e1rn\u00e1kat, takar\u00f3kat, vagy \u00fcltess \u00e9vszakhoz ill\u0151 vir\u00e1gokat a kasp\u00f3kba.<\/p>\n<p>Sok puha textil, mint a p\u00e1rn\u00e1k vagy takar\u00f3k, m\u00e9g k\u00e9nyelmesebb\u00e9 teszik a helyet\u2014\u00edgy mindig j\u00f3lesik ott pihenni vagy besz\u00e9lgetni.<\/p>\n<p><strong>A f\u00e9ny k\u00fcl\u00f6n\u00f6sen fontos<\/strong>; egy f\u00e9nyf\u00fcz\u00e9r vagy l\u00e1mp\u00e1sok meleg hangulatot adnak est\u00e9re. Ezekb\u0151l az elemekb\u0151l lesz igaz\u00e1n otthonos a torn\u00e1c, ak\u00e1r vend\u00e9gekkel, ak\u00e1r magadban szeretn\u00e9l kikapcsol\u00f3dni.<\/p>\n<\/details><details class=\"g-accordion \"><summary><h3>Hogyan v\u00e1lassz megfelel\u0151 kerti b\u00fatorokat a torn\u00e1cra?<\/h3><\/summary>\n<p>Amikor torn\u00e1cb\u00fatorokat v\u00e1lasztasz, el\u0151sz\u00f6r m\u00e9rd fel, mekkora helyed van. Nagyobb torn\u00e1cra tehetsz nagyobb b\u00fatorokat, kisebb helyre viszont j\u00f3l j\u00f6nnek a kisebb, vagy t\u00f6bbfunkci\u00f3s darabok, p\u00e9ld\u00e1ul be\u00e9p\u00edtett t\u00e1rol\u00f3s padok. D\u00f6ntsd el, milyen st\u00edlust szeretn\u00e9l\u2014hagyom\u00e1nyosat vagy modernebbet\u2014, \u00edgy egys\u00e9ges lesz a k\u00fclt\u00e9ri t\u00e9r. <strong>A k\u00e9nyelmet helyezd el\u0151t\u00e9rbe, v\u00e1lassz p\u00e1rn\u00e1zott, k\u00e9nyelmes, j\u00f3l kialak\u00edtott \u00fcl\u0151alkalmatoss\u00e1gokat.<\/strong><\/p>\n<p><strong>Id\u0151j\u00e1r\u00e1s\u00e1ll\u00f3 anyagokat<\/strong> v\u00e1lassz, mint p\u00e9ld\u00e1ul teakfa, alum\u00ednium vagy m\u0171rattan, hogy b\u00fatoraid sok\u00e1ig sz\u00e9pek maradjanak. A k\u00fcl\u00f6nb\u00f6z\u0151 sz\u00f6vetek mint\u00e1inak kever\u00e9s\u00e9vel j\u00e1t\u00e9koss\u00e1got vihetsz a t\u00e9rbe, de \u00e9rdemes egy egys\u00e9ges sz\u00ednvil\u00e1ghoz ragaszkodni a harm\u00f3nia \u00e9rdek\u00e9ben.<\/p>\n<ul>\n<li>V\u00e1lts a k\u00fcl\u00f6nf\u00e9le \u00fcl\u0151alkalmatoss\u00e1gok k\u00f6z\u00f6tt; j\u00f3, ha t\u00f6bbf\u00e9le sz\u00e9k,<\/li>\n<li>szerelmesp\u00e1rnak val\u00f3 kisebb pad,<\/li>\n<li>hintapad is van\u2014\u00edgy m\u00e9g otthonosabb \u00e9s sokoldal\u00fabb lesz a torn\u00e1c.<\/li>\n<\/ul>\n<p>V\u00e9g\u00fcl igaz\u00edtsd a kiv\u00e1lasztott b\u00fatorokat a m\u00e1r megl\u00e9v\u0151 dekor\u00e1ci\u00f3khoz, p\u00e9ld\u00e1ul l\u00e1mp\u00e1khoz vagy vir\u00e1gtart\u00f3khoz. <strong>\u00cdgy lesz egys\u00e9ges a torn\u00e1cod, ami egyszerre praktikus \u00e9s nagyon sz\u00e9p is.<\/strong><\/p>\n<\/details><details class=\"g-accordion \"><summary><h3>Milyen m\u00f3don haszn\u00e1lhatsz sz\u00edneket a torn\u00e1c d\u00edsz\u00edt\u00e9s\u00e9hez?<\/h3><\/summary>\n<p>A torn\u00e1c sz\u00ednesebb\u00e9 t\u00e9tele <strong>fest\u00e9k, b\u00fatorok \u00e9s kieg\u00e9sz\u00edt\u0151k<\/strong> \u00f6sszehangol\u00e1s\u00e1val kezd\u0151dik. El\u0151sz\u00f6r v\u00e1lassz egy olyan sz\u00ednpalett\u00e1t, ami passzol a st\u00edlusodhoz\u2014kedveled-e az \u00e9l\u00e9nk sz\u00edneket vagy ink\u00e1bb a l\u00e1gy, semleges \u00e1rnyalatokat? Ez meghat\u00e1rozza majd az eg\u00e9sz t\u00e9r hangulat\u00e1t. Vidd fel a kiemel\u0151 sz\u00edneket p\u00e9ld\u00e1ul p\u00e1rn\u00e1kkal, sz\u0151nyegekkel vagy kasp\u00f3kkal, hogy izgalmas, m\u00e9gis harmonikus legyen a l\u00e1tv\u00e1ny.<\/p>\n<p>Ha szeretn\u00e9l felt\u0171n\u0151 hat\u00e1st, mer\u00e9sz sz\u00ednt vihetsz az ajt\u00f3ra vagy a korl\u00e1tra, hogy igaz\u00e1n kit\u0171nj\u00f6n. Ha pedig ink\u00e1bb a nyugodt, visszafogott st\u00edlust szereted, v\u00e1lassz tomp\u00e1bb, semleges \u00e1rnyalatokat, ezek mellett pedig j\u00f3l mutatnak a sz\u00ednes kieg\u00e9sz\u00edt\u0151k. <strong>A harm\u00f3nia \u00e9rdek\u00e9ben mindig p\u00e1ros\u00edtsd az \u00f6sszeill\u0151, komplementer sz\u00edneket.<\/strong><\/p>\n<p>\u00c9v k\u00f6zben cser\u00e9ld le id\u0151nk\u00e9nt a d\u00edszeket, hogy mindig aktu\u00e1lis, friss legyen a hangulat. A hozz\u00e1 ill\u0151 vir\u00e1gok is sokat dobnak az \u00f6sszk\u00e9pen.<\/p>\n<p>Egy j\u00f3l megtervezett sz\u00ednvil\u00e1g sokat hozz\u00e1tesz a torn\u00e1cod hangulat\u00e1hoz\u2014\u00edgy bar\u00e1ts\u00e1gos, otthonos hely lesz, ahol pihenni vagy vend\u00e9geket fogadni is j\u00f3lesik.<\/p>\n<\/details><details class=\"g-accordion \"><summary><h3>Tippek a mint\u00e1s d\u00edsz\u00edt\u00e9sek kever\u00e9s\u00e9hez a torn\u00e1con<\/h3><\/summary>\n<p>A k\u00fcl\u00f6nb\u00f6z\u0151 mint\u00e1k haszn\u00e1lata <strong>\u00e9lettel \u00e9s izgalommal<\/strong> t\u00f6lti meg a torn\u00e1cot. El\u0151sz\u00f6r v\u00e1lassz ki egy <strong>alap mint\u00e1t<\/strong>\u2014p\u00e9ld\u00e1ul a sz\u0151nyegre vagy b\u00fatorra\u2014, ami meghat\u00e1rozza majd az \u00f6sszhat\u00e1st. Ezut\u00e1n kisebb t\u00e1rgyakon, mint p\u00e1rn\u00e1k vagy d\u00edszt\u00e1rgyak, j\u00e1tszhatsz m\u00e1sf\u00e9le mint\u00e1kkal is. Fontos, hogy <strong>\u00f6sszeill\u0151 sz\u00edneket<\/strong> v\u00e1lassz, hogy egys\u00e9ges \u00e9s harmonikus maradjon a t\u00e9r.<\/p>\n<ul>\n<li>Kombin\u00e1ld az anyagokat is: egy geometrikus sz\u0151nyeghez j\u00f3l passzol p\u00e9ld\u00e1ul vir\u00e1gmint\u00e1s p\u00e1rna vagy cs\u00edkos takar\u00f3,<\/li>\n<li>figyelj r\u00e1, hogy a mint\u00e1k \u00e9s anyagok sz\u00ednei illeszkedjenek egym\u00e1shoz, \u00edgy lesz sz\u00e9p az \u00f6sszk\u00e9p.<\/li>\n<\/ul>\n<\/details> <details class=\"g-accordion \"><summary><h3>Milyen \u00f6tletek vannak a torn\u00e1c megvil\u00e1g\u00edt\u00e1s\u00e1ra?<\/h3><\/summary>\n<p>A torn\u00e1cvil\u00e1g\u00edt\u00e1s k\u00e9pes b\u00e1rmely k\u00fclt\u00e9ri teret bar\u00e1ts\u00e1gos, h\u00edvogat\u00f3 kuck\u00f3v\u00e1 var\u00e1zsolni. Kezdd azzal, hogy <strong>f\u00e9nyf\u00fcz\u00e9reket<\/strong> akasztasz fel \u2013 ezek j\u00e1t\u00e9kos hangulatot adnak \u00e9s kellemes, meghitt f\u00e9nyt biztos\u00edtanak. Eg\u00e9sz\u00edtsd ki <strong>l\u00e1mp\u00e1sokkal<\/strong>, amelyek rusztikus hangulatot teremtenek, l\u00e1gy f\u00e9ny\u00fck pedig remek\u00fcl fokozza a hangulatot. A <strong>fali l\u00e1mp\u00e1k<\/strong> nemcsak st\u00edlusosak, hanem praktikusak is, hiszen elegend\u0151 f\u00e9nyt adnak ahhoz, hogy biztons\u00e1gban j\u00e1rhass a torn\u00e1con.<\/p>\n<p>Ha szeretn\u00e9l egyszer\u0171en v\u00e1ltoztatni a hangulaton, <strong>\u00e1ll\u00edthat\u00f3 f\u00e9nyerej\u0171 l\u00e1mp\u00e1kat<\/strong> v\u00e1lassz. Egyre n\u00e9pszer\u0171bbek a <strong>napelemes vil\u00e1g\u00edt\u00e1sok<\/strong> is, amelyek k\u00f6rnyezetbar\u00e1t megold\u00e1st k\u00edn\u00e1lnak a kinti \u00e9lethez, \u00e9s seg\u00edtenek energi\u00e1t sp\u00f3rolni.<\/p>\n<p>Ha t\u00f6bbf\u00e9le l\u00e1mp\u00e1t haszn\u00e1lsz, igaz\u00e1n izgalmas \u00e9s m\u00e9ly hat\u00e1st \u00e9rhetsz el a torn\u00e1c dekor\u00e1ci\u00f3j\u00e1ban. Legyen sz\u00f3 bar\u00e1ti \u00f6sszej\u00f6vetelr\u0151l vagy egy csendes est\u00e9r\u0151l, ezek az \u00f6tletek men\u0151 st\u00edlust \u00e9s praktikuss\u00e1got hoznak egyszerre.<\/p>\n<\/details><details class=\"g-accordion \"><summary><h3>Hogyan lehet meghitt hangulatot teremteni vil\u00e1g\u00edt\u00e1ssal?<\/h3><\/summary>\n<p>A meghitt hangulat titka a vil\u00e1g\u00edt\u00e1sn\u00e1l az okos v\u00e1laszt\u00e1s. Kezdd <strong>meleg f\u00e9ny\u0171 izz\u00f3kkal<\/strong>, amelyek l\u00e1gy, bar\u00e1ts\u00e1gos ragyog\u00e1st adnak. Ezeket ak\u00e1r asztali l\u00e1mp\u00e1ba, ak\u00e1r f\u00e9nyf\u00fcz\u00e9rbe is teheted, hogy finomabb f\u00e9nyt kapj. A f\u00e9nyforr\u00e1sokat \u00e9rdemes k\u00fcl\u00f6nb\u00f6z\u0151 magass\u00e1gokban elhelyezni, \u00edgy \u00e9rdekesebb, sz\u00ednesebb lesz a t\u00e9r.<\/p>\n<p>Ha intimebb hat\u00e1sra v\u00e1gysz, <strong>gyerty\u00e1kkal<\/strong> is feldobhatod a torn\u00e1cot \u2013 ezek melegg\u00e9, hangulatoss\u00e1 var\u00e1zsolj\u00e1k az est\u00e9t. Ha kombin\u00e1lod ezeket az \u00f6tleteket, nemcsak meghitts\u00e9get \u00e9rhetsz el, hanem olyan v\u00e1ltozatos teret is teremthetsz, amely t\u00f6k\u00e9letes a pihen\u00e9shez vagy a bar\u00e1ti besz\u00e9lget\u00e9sekhez.<\/p>\n<\/details><details class=\"g-accordion \"><summary><h3>Milyen n\u00f6v\u00e9nyek illenek legjobban a torn\u00e1cra?<\/h3><\/summary>\n<p>A t\u00f6k\u00e9letes torn\u00e1cn\u00f6v\u00e9nyek kiv\u00e1laszt\u00e1s\u00e1hoz olyan fajt\u00e1kat \u00e9rdemes v\u00e1lasztani, amelyek j\u00f3l b\u00edrj\u00e1k a k\u00fclt\u00e9ri k\u00f6r\u00fclm\u00e9nyeket. Sz\u00edv\u00f3s n\u00f6v\u00e9nyek, mint p\u00e9ld\u00e1ul a <strong>p\u00e1fr\u00e1ny<\/strong>, a <strong>pet\u00fania<\/strong> vagy a <strong>musk\u00e1tli<\/strong>, szuper v\u00e1laszt\u00e1snak bizonyulnak, mert k\u00f6nnyen \u00e1tv\u00e9szelik a kint t\u00f6lt\u00f6tt id\u0151t.<\/p>\n<ul>\n<li>Ha helyet sp\u00f3roln\u00e1l, akassz vir\u00e1gtart\u00f3kat vagy rakj ablakl\u00e1d\u00e1kat a korl\u00e1tra, \u00edgy a n\u00f6v\u00e9nyeket a szemmagass\u00e1gba is elhozhatod,<\/li>\n<li>figyelj arra, hogy olyan n\u00f6v\u00e9nyeket v\u00e1lassz, amelyek sz\u00ednei illenek a torn\u00e1cod hangulat\u00e1hoz, hogy minden \u00f6sszhangban legyen,<\/li>\n<li>\u00e9s gondolj arra is, hogy az \u00e9vszaknak megfelel\u0151 vir\u00e1gokkal teheted igaz\u00e1n vid\u00e1mm\u00e1 \u00e9s h\u00edvogat\u00f3v\u00e1 a teret eg\u00e9sz \u00e9vben.<\/li>\n<\/ul>\n<\/details><details class=\"g-accordion \"><summary><h3>Hogyan adhatsz term\u00e9szetes text\u00far\u00e1kat a torn\u00e1codhoz?<\/h3><\/summary>\n<p>A torn\u00e1c hangulat\u00e1t alapjaiban v\u00e1ltoztathatja meg, ha term\u00e9szetes anyagokat is be\u00e9p\u00edtesz a dekorba. Gondolkodj <strong>f\u00e1ban<\/strong>, <strong>fonott kosarakban<\/strong> \u00e9s <strong>k\u0151b\u0151l k\u00e9sz\u00fclt t\u00e1rgyakban<\/strong>, hogy rusztikus, \u00e1m m\u00e9gis otthonos l\u00e9gk\u00f6rt teremts.<\/p>\n<ul>\n<li>A f\u00e1b\u00f3l k\u00e9sz\u00fclt b\u00fator nemcsak melegs\u00e9get sug\u00e1roz, hanem tart\u00f3s is, \u00edgy j\u00f3l b\u00edrja a kinti id\u0151j\u00e1r\u00e1st,<\/li>\n<li>a fonott kosarak egyszerre mutat\u00f3s d\u00edszek \u00e9s praktikus t\u00e1rol\u00f3k is lehetnek,<\/li>\n<li>a k\u0151 d\u00e9zs\u00e1k igaz\u00e1n term\u00e9szetes hat\u00e1st k\u00f6lcs\u00f6n\u00f6znek, remek\u00fcl kiemelik a n\u00f6v\u00e9nyeket.<\/li>\n<\/ul>\n<p>K\u00e9nyelmesebb\u00e9 teheted a torn\u00e1cot, ha <strong>jut\u00e1b\u00f3l k\u00e9sz\u00fclt sz\u0151nyeget<\/strong> teszel le, mert strapab\u00edr\u00f3 \u00e9s term\u00e9szetes hat\u00e1s\u00fa. <strong>Pamut pl\u00e9dekkel<\/strong> m\u00e9g l\u00e1gyabb\u00e1 teheted a nagyobb, kem\u00e9ny fel\u00fcleteket is \u2013 k\u00fcl\u00f6n\u00f6sen, ha semleges \u00e1rnyalatokat v\u00e1lasztasz.<\/p>\n<p><strong>A titok a k\u00fcl\u00f6nb\u00f6z\u0151 text\u00far\u00e1k egym\u00e1sra r\u00e9tegez\u00e9s\u00e9ben rejlik.<\/strong> Ha gondosan kombin\u00e1lod ezeket a term\u00e9szetes elemeket, egy \u00f6sszeszedett \u00e9s nyugodt teret hozhatsz l\u00e9tre, amely t\u00f6k\u00e9letes \u00f6sszhangban lesz a m\u00e1r megl\u00e9v\u0151 dekoroddal.<\/p>\n<\/details><details class=\"g-accordion \"><summary><h3>Milyen DIY kieg\u00e9sz\u00edt\u0151ket k\u00e9sz\u00edthetsz a torn\u00e1cra?<\/h3><\/summary>\n<p>Egyedi hangulatot egyszer\u0171en is var\u00e1zsolhatsz a torn\u00e1codra, r\u00e1ad\u00e1sul nem kell hozz\u00e1 sok p\u00e9nzt k\u00f6ltened. P\u00e9ld\u00e1ul:<\/p>\n<ul>\n<li>K\u00e9sz\u00edthetsz saj\u00e1t, \u00fajrahasznos\u00edtott f\u00e1b\u00f3l vagy egyedi cserepekb\u0151l k\u00e9sz\u00fclt vir\u00e1gtart\u00f3kat, hogy k\u00fcl\u00f6nleges k\u00fcls\u0151t adj a n\u00f6v\u00e9nyeknek,<\/li>\n<li>f\u00e1b\u00f3l k\u00e9sz\u00fclt, egyedi felirat\u00fa t\u00e1bl\u00e1k m\u00e9g szem\u00e9lyesebb\u00e9 tehetik a torn\u00e1cot,<\/li>\n<li>k\u00e9nyelmes k\u00fclt\u00e9ri p\u00e1rn\u00e1kkal pedig igazi otthonoss\u00e1got teremthetsz.<\/li>\n<\/ul>\n<p>Ha meghitt f\u00e9nyeket szeretn\u00e9l, pr\u00f3b\u00e1lj meg bef\u0151ttes\u00fcvegb\u0151l l\u00e1mp\u00e1sokat vagy gyertyatart\u00f3kat k\u00e9sz\u00edteni. Egy strapab\u00edr\u00f3 k\u00fclt\u00e9ri sz\u0151nyeg seg\u00edt elk\u00fcl\u00f6n\u00edteni a pihen\u0151sarkot, m\u00edg egy frissen lefestett fa pad felt\u0171n\u0151 k\u00f6zponti d\u00edsz lehet.<\/p>\n<p><strong>Ezek a DIY projektek nemcsak szem\u00e9lyess\u00e9 var\u00e1zsolj\u00e1k a torn\u00e1codat, hanem a kreativit\u00e1sodat is kihozz\u00e1k. \u00cdgy olyan pihen\u0151sarkot alak\u00edthatsz ki, amely t\u00f6k\u00e9letes kikapcsol\u00f3d\u00e1sra \u00e9s k\u00f6z\u00f6s \u00e9lm\u00e9nyekre is.<\/strong><\/p>\n<\/details><details class=\"g-accordion \"><summary><h3>Hogyan alak\u00edthatsz ki meghitt olvas\u00f3sarkot a torn\u00e1con?<\/h3><\/summary>\n<p>Egy k\u00e9nyelmes olvas\u00f3sarok kialak\u00edt\u00e1s\u00e1hoz a torn\u00e1con:<\/p>\n<ul>\n<li>El\u0151sz\u00f6r v\u00e1lassz ki egy k\u00e9nyelmes fotelt vagy ak\u00e1r egy f\u00fcgg\u0151\u00e1gyat,<\/li>\n<li>tedd m\u00e9g komfortosabb\u00e1 puha p\u00e1rn\u00e1kkal \u00e9s egy meleg takar\u00f3val,<\/li>\n<li>helyezz a k\u00f6zelbe egy l\u00e1mp\u00e1t, vagy aggass ki f\u00e9nyf\u00fcz\u00e9rt, hogy j\u00f3 legyen a vil\u00e1g\u00edt\u00e1s \u00e9s ne f\u00e1radjon a szemed olvas\u00e1s k\u00f6zben,<\/li>\n<li>egy kis asztalka j\u00f3l j\u00f6n, ha innival\u00f3t vagy egy nassolnival\u00f3t szeretn\u00e9l letenni magad mell\u00e9,<\/li>\n<li>vegy\u00e9l k\u00f6rbe n\u00f6v\u00e9nyekkel, hogy igaz\u00e1n nyugodt legyen a hangulat.<\/li>\n<\/ul>\n<p><strong>\u00cdgy a torn\u00e1codat k\u00e9nyelmes visszavonul\u00f3 sarokk\u00e1 alak\u00edthatod, ahol nyugodtan elmer\u00fclhetsz a kedvenc k\u00f6nyveid vil\u00e1g\u00e1ban.<\/strong><\/p>\n<\/details><details class=\"g-accordion \"><summary><h3>Milyen \u00f6tletek vannak egy meghitt torn\u00e1c hint\u00e1hoz?<\/h3><\/summary>\n<p>Tedd m\u00e9g otthonosabb\u00e1 a torn\u00e1c hint\u00e1t puha, vastag <strong>p\u00e1rn\u00e1kkal<\/strong> \u00e9s egy kellemesen meleg <strong>pl\u00e9ddel<\/strong>. A hint\u00e1t ide\u00e1lis, <strong>\u00e1rny\u00e9kos helyre<\/strong> tedd, ahol megpihenhetsz a naps\u00fct\u00e9s el\u0151l. Rakj k\u00f6r\u00e9 cserepes n\u00f6v\u00e9nyeket vagy tekerj k\u00f6r\u00e9 f\u00e9nyf\u00fcz\u00e9reket, hogy m\u00e9g h\u00edvogat\u00f3bb legyen a hangulat. <strong>Ezekkel az apr\u00f3 tr\u00fckk\u00f6kkel a hint\u00e1d a pihen\u00e9s \u00e9s felt\u00f6lt\u0151d\u00e9s t\u00f6k\u00e9letes helysz\u00edne lesz.<\/strong><\/p>\n<\/details><details class=\"g-accordion \"><summary><h3>Hogyan lehet h\u00e1zi kedvenc-bar\u00e1t torn\u00e1cot kialak\u00edtani?<\/h3><\/summary>\n<p>Ha <strong>\u00e1llatbar\u00e1t torn\u00e1cot<\/strong> szeretn\u00e9l, olyan b\u00fatort \u00e9s d\u00edszeket v\u00e1lassz, amelyek <strong>massz\u00edvak \u00e9s egyszer\u0171en tiszt\u00edthat\u00f3k<\/strong>. Ez k\u00f6nnyebb\u00e9 teszi a takar\u00edt\u00e1st, r\u00e1ad\u00e1sul hosszabb \u00e9lettartamot is ad a k\u00fclt\u00e9ri berendez\u00e9sednek. Kuty\u00e1d vagy cic\u00e1d sz\u00e1m\u00e1ra tegy\u00e9l le egy puha p\u00e1rn\u00e1t vagy egy takar\u00f3val letakart r\u00e9szt, hogy \u0151k is otthon \u00e9rezz\u00e9k magukat.<\/p>\n<p>A biztons\u00e1g mindenn\u00e9l fontosabb, ez\u00e9rt:<\/p>\n<ul>\n<li>t\u00e1vol\u00edtsd el a vesz\u00e9lyes n\u00f6v\u00e9nyeket,<\/li>\n<li>szedd fel az \u00e9les t\u00e1rgyakat,<\/li>\n<li>mindig legyen kit\u00e9ve egy t\u00e1lka v\u00edz, hogy a kis bar\u00e1tod ne szomjazzon meg,<\/li>\n<li>t\u00e9gy ki j\u00e1t\u00e9kokat, hogy mindig legyen mivel lefoglalnia mag\u00e1t,<\/li>\n<li>\u00e9s persze teremts olyan teret, ami mindenkinek \u00f6r\u00f6met okoz.<\/li>\n<\/ul>\n<p>Ha k\u00f6r\u00fcltekint\u0151en v\u00e1lasztasz, olyan k\u00f6rnyezetet alak\u00edthatsz ki, ami kedvenced ig\u00e9nyeit is kiel\u00e9g\u00edti, mik\u00f6zben a torn\u00e1con is j\u00f3l mutat.<\/p>\n<\/details><details class=\"g-accordion \"><summary><h3>Milyen el\u0151nyei vannak a fedett torn\u00e1cnak?<\/h3><\/summary>\n<p>Egy fedett torn\u00e1c rengeteg el\u0151nyt ad:<\/p>\n<ul>\n<li>t\u00e1vol tartja a zavar\u00f3 rovarokat,<\/li>\n<li>\u00edgy nyugodtan \u00e9lvezheted a friss leveg\u0151t,<\/li>\n<li>nagyobb priv\u00e1t szf\u00e9r\u00e1t ad, ez\u00e9rt t\u00f6k\u00e9letes pihen\u00e9shez \u00e9s bar\u00e1ti \u00f6sszej\u00f6vetelekhez,<\/li>\n<li>v\u00e9d az id\u0151j\u00e1r\u00e1s viszontags\u00e1gait\u00f3l is, teh\u00e1t minden \u00e9vszakban haszn\u00e1lhat\u00f3,<\/li>\n<li>jav\u00edtja a szell\u0151z\u00e9st, ez\u00e9rt mindig friss leveg\u0151 j\u00e1rja \u00e1t a teret \u00e9s te is k\u00e9nyelmesen \u00e9rezheted magad.<\/li>\n<\/ul>\n<p><strong>Ezek az el\u0151ny\u00f6k egy\u00fctt egy olyan hangulatos helyet hoznak l\u00e9tre, ahol egyszerre \u00e9lvezheted a term\u00e9szetet \u00e9s a k\u00e9nyelmet \u2013 r\u00e1ad\u00e1sul a h\u00e1zad sz\u00e9ps\u00e9g\u00e9t is n\u00f6velik.<\/strong><\/p>\n<\/details><details class=\"g-accordion \"><summary><h3>Hogyan \u00e9rdemes \u00e9vszakhoz igaz\u00edtani a torn\u00e1c dekor\u00e1ci\u00f3j\u00e1t?<\/h3><\/summary>\n<p>Az \u00e9vszak szerinti dekor\u00e1ci\u00f3val mindig hangulatos \u00e9s \u00e9letteli marad a torn\u00e1cod. Cser\u00e9ld le \u00e9vente n\u00e9h\u00e1ny alkalommal a p\u00e1rn\u00e1kat, takar\u00f3kat, vir\u00e1gtart\u00f3kat, \u00edgy igazodnak az aktu\u00e1lis sz\u00ednekhez \u00e9s t\u00e9m\u00e1khoz.<\/p>\n<ul>\n<li>\u0150sszel p\u00e9ld\u00e1ul t\u00f6k\u00f6t vagy d\u00edszt\u00f6k\u00f6t is haszn\u00e1lhatsz vid\u00e1m kieg\u00e9sz\u00edt\u0151k\u00e9nt,<\/li>\n<li>tavasszal pedig \u00e9l\u00e9nk vir\u00e1gokkal \u00fcnnepelheted a meg\u00fajul\u00e1st.<\/li>\n<\/ul>\n<p>Az \u00fcnnepek szint\u00e9n j\u00f3 alkalmat adnak vid\u00e1m d\u00edsz\u00edt\u00e9sre. <strong>P\u00e9ld\u00e1ul tegy\u00e9l ki kar\u00e1csonyi koszor\u00fat vagy h\u00fasv\u00e9ti toj\u00e1sokat, ha k\u00fcl\u00f6nlegess\u00e9 tenn\u00e9d a teret.<\/strong> Term\u00e9szetes elemek, mint a feny\u0151toboz t\u00e9len, vagy kagyl\u00f3k ny\u00e1ron, tov\u00e1bb n\u00f6velik a hangulatot, an\u00e9lk\u00fcl hogy t\u00falzs\u00fafoltt\u00e1 v\u00e1ln\u00e1nak.<\/p>\n<p>Ha tartasz n\u00e9h\u00e1ny alapdarabot \u2013 p\u00e9ld\u00e1ul l\u00e1mp\u00e1sokat vagy semleges sz\u00edn\u0171 p\u00e1rn\u00e1kat \u2013, k\u00f6nnyen v\u00e1ltogathatod a kieg\u00e9sz\u00edt\u0151ket \u00e9vszakt\u00f3l f\u00fcgg\u0151en, \u00edgy <strong>a torn\u00e1cod eg\u00e9sz \u00e9vben bar\u00e1ts\u00e1gos mened\u00e9k lesz, amikor csak kil\u00e9psz oda.<\/strong><\/p>\n<\/details><details class=\"g-accordion \"><summary><h3>Milyen p\u00e9nzt\u00e1rcabar\u00e1t \u00f6tletek vannak egy torn\u00e1c fel\u00faj\u00edt\u00e1s\u00e1hoz?<\/h3><\/summary>\n<p>K\u00f6nnyen h\u00edvogat\u00f3v\u00e1 teheted a torn\u00e1cot an\u00e9lk\u00fcl, hogy sokat k\u00f6lten\u00e9l. Fesd \u00e1t a r\u00e9gi b\u00fatoraidat \u2013 ett\u0151l m\u00e1ris \u00fajszer\u0171 lesz minden. Az adom\u00e1nyboltokban vagy bolhapiacokon sok egyedi d\u00edszt tal\u00e1lhatsz, \u00e9s egy kis fest\u00e9kkel a saj\u00e1t st\u00edlusodra szabhatod \u0151ket.<\/p>\n<p><strong>Kezdj bele bark\u00e1cs projektekkel<\/strong> is, p\u00e9ld\u00e1ul k\u00e9sz\u00edts saj\u00e1t vir\u00e1gtart\u00f3t vagy varrj p\u00e1rn\u00e1kat otthon, \u00edgy szem\u00e9lyes hangulatot teremthetsz kev\u00e9s p\u00e9nzb\u0151l is. Ha pet\u00fani\u00e1kat vagy p\u00e1fr\u00e1nyokat \u00fcltetsz, sz\u00ednesebb \u00e9s vid\u00e1mabb lesz a t\u00e9r, r\u00e1ad\u00e1sul ezek is olcs\u00f3ak.<\/p>\n<ul>\n<li>Vil\u00e1g\u00edtsd ki a torn\u00e1cot f\u00e9nyf\u00fcz\u00e9rrel vagy gyerty\u00e1kkal, \u00edgy m\u00e1ris meghitt hangulatot var\u00e1zsolhatsz minim\u00e1lis k\u00f6lts\u00e9gekb\u0151l is,<\/li>\n<li>hasznos\u00edts \u00fajra otthoni t\u00e1rgyakat, ezek an\u00e9lk\u00fcl adnak egyedi st\u00edlust, hogy p\u00e9nzt k\u00f6lten\u00e9l,<\/li>\n<li>ha hajl\u00e9kon f\u00e1b\u00f3l k\u00e9sz\u00edtesz vir\u00e1gtart\u00f3t vagy asztalt, rusztikus hangulatot hozol a torn\u00e1cra, m\u00e9ghozz\u00e1 olcs\u00f3n,<\/li>\n<li>r\u00e9gi rattan sz\u00e9keknek pedig \u00faj \u00e9letet adhatsz, ha \u00fajrak\u00e1rpitozod \u0151ket, \u00edgy magasabb lesz a k\u00e9nyelem \u00e9s a st\u00edlus is, an\u00e9lk\u00fcl hogy m\u00e9lyen a zsebedbe kellene ny\u00falnod,<\/li>\n<li>ezekkel az egyszer\u0171 v\u00e1ltoztat\u00e1sokkal k\u00f6nnyen var\u00e1zsolhatsz kellemes, pihentet\u0151 k\u00fclt\u00e9ri sarkot, amely remek hely otthoni id\u0151t\u00f6lt\u00e9shez vagy vend\u00e9gl\u00e1t\u00e1shoz.<\/li>\n<\/ul>\n<\/details><details class=\"g-accordion \"><summary><h3>Hogyan lehet z\u00f6kken\u0151mentes \u00e1tmenetet teremteni a benti \u00e9s kinti terek k\u00f6z\u00f6tt?<\/h3><\/summary>\n<p>Ha igaz\u00e1n \u00f6sszekapcsoln\u00e1d a belt\u00e9ri \u00e9s k\u00fclt\u00e9ri \u00e9letteredet, fontos, hogy mindkett\u0151ben hasonl\u00f3 sz\u00ednek, anyagok \u00e9s st\u00edlusok jelenjenek meg. V\u00e1lassz harmoniz\u00e1l\u00f3 sz\u00ednpalett\u00e1t \u00e9s anyagokat, hogy term\u00e9szetesen illeszkedjenek egym\u00e1shoz. Egy <strong>nagym\u00e9ret\u0171 tol\u00f3ajt\u00f3<\/strong> vagy <strong>nagy ablakok<\/strong> is sokat seg\u00edtenek, hogy k\u00f6nnyen \u00e1tj\u00e1rhat\u00f3v\u00e1 v\u00e1ljon a k\u00e9t ter\u00fclet, \u00e9s vizu\u00e1lisan is egybeforrjanak. A hasonl\u00f3an st\u00edlusos b\u00fatorok tov\u00e1bb er\u0151s\u00edtik az egys\u00e9get.<\/p>\n<ul>\n<li>A k\u00fclt\u00e9ri sz\u0151nyegek seg\u00edtenek kijel\u00f6lni k\u00fcl\u00f6n \u00e1ll\u00f3 ter\u00fcleteket, mik\u00f6zben \u00f6sszekapcsolj\u00e1k a benti \u00e9s kinti helyis\u00e9geket,<\/li>\n<li>\u00edgy k\u00f6nny\u0171 elk\u00fcl\u00f6n\u00edteni a z\u00f3n\u00e1kat an\u00e9lk\u00fcl, hogy sz\u00e9tszak\u00edtan\u00e1d az \u00f6sszhangot,<\/li>\n<li>n\u00e9h\u00e1ny n\u00f6v\u00e9ny be\u00e1ll\u00edt\u00e1sa m\u00e9g term\u00e9szetesebb \u00e1tmenetet teremt a k\u00e9t vil\u00e1g k\u00f6z\u00f6tt.<\/li>\n<\/ul>\n<p>Vil\u00e1g\u00edt\u00e1sra is \u00e9rdemes odafigyelni; olyan l\u00e1mp\u00e1kat v\u00e1lassz, amelyek bent \u00e9s kint is j\u00f3l mutatnak, \u00edgy egys\u00e9ges marad a hangulat. Praktikus \u00f6tlet a <strong>k\u00fclt\u00e9ri f\u00fcgg\u00f6ny<\/strong> vagy t\u00e9relv\u00e1laszt\u00f3 is: ezek egyszerre adnak priv\u00e1t szf\u00e9r\u00e1t \u00e9s st\u00edlust.<\/p>\n<p><strong>Ha \u00e1tgondoltan v\u00e1lasztod ki ezeket az elemeket, a lak\u00e1sod k\u00f6nnyed\u00e9n \u00e1tny\u00falhat a term\u00e9szetbe \u2013 t\u00f6k\u00e9letes lehet pihen\u00e9shez vagy ak\u00e1r vend\u00e9gl\u00e1t\u00e1shoz is.<\/strong><\/p>\n<\/details>\n","protected":false},"excerpt":{"rendered":"<p>V\u00e1ltoztasd a verand\u00e1dat meghitt mened\u00e9kk\u00e9 k\u00e9nyelmes b\u00fatorokkal, puha p\u00e1rn\u00e1kkal \u00e9s szem\u00e9lyes d\u00edsz\u00edt\u0151elemekkel! Az olyan r\u00e9szletek, mint a meleg f\u00e9ny\u0171 \u00e9g\u0151sorok vagy a k\u00fcl\u00f6nf\u00e9le anyagok r\u00e9tegez\u00e9se, bar\u00e1ts\u00e1gos k\u00fclt\u00e9ri kuck\u00f3t teremtenek, ami igaz\u00e1n t\u00fckr\u00f6zi a saj\u00e1t st\u00edlusodat. Ak\u00e1r egy t\u00e1gas vid\u00e9ki verand\u00e1d, ak\u00e1r egy kisv\u00e1rosi erk\u00e9lyed van, a megfelel\u0151 b\u00fatorok, vil\u00e1g\u00edt\u00e1s \u00e9s dekor\u00e1ci\u00f3 szinte teljesen \u00e1talak\u00edthatj\u00e1k az otthonod ezen r\u00e9sz\u00e9t. V\u00e1lassz id\u0151j\u00e1r\u00e1s\u00e1ll\u00f3&hellip;<\/p>\n","protected":false},"author":12,"featured_media":5660,"comment_status":"closed","ping_status":"closed","sticky":false,"template":"","format":"standard","meta":{"rank_math_focus_keyword":"hangulatos veranda \u00f6tletek","rank_math_title":"Alak\u00edtsd \u00e1t a szabadt\u00e9ri teredet","rank_math_description":"Fedezd fel a hangulatos torn\u00e1c \u00f6tleteket, amelyekkel meleg \u00e9s bar\u00e1ts\u00e1gos k\u00fclt\u00e9ri teret alak\u00edthatsz ki a pihen\u00e9shez \u00e9s \u00f6sszej\u00f6vetelekhez.","footnotes":""},"categories":[141],"tags":[],"class_list":["post-6625","post","type-post","status-publish","format-standard","has-post-thumbnail","hentry","category-kulteri-dekoraciok"],"g_custom_schema_json":"<script type=\"application\/ld+json\">\n{\n  \"@context\": \"https:\/\/schema.org\",\n  \"@type\": \"FAQPage\",\n  \"mainEntity\": [\n    {\n      \"@type\": \"Question\",\n      \"name\": \"Mik azok a bar\u00e1ts\u00e1gos, otthonos torn\u00e1c\u00f6tletek?\",\n      \"acceptedAnswer\": {\n        \"@type\": \"Answer\",\n        \"text\": \"Egy hangulatos torn\u00e1c kialak\u00edt\u00e1sa azt jelenti, hogy egy meghitt, h\u00edvogat\u00f3 k\u00fclt\u00e9ri szigetet teremtesz n\u00e9h\u00e1ny j\u00f3l kiv\u00e1lasztott r\u00e9szlettel. Kezdd k\u00e9nyelmes \u00fcl\u0151helyekkel, p\u00e9ld\u00e1ul fonott sz\u00e9kekkel vagy hintapaddal, \u00e9s tegy\u00e9l r\u00e1juk puha p\u00e1rn\u00e1kat, takar\u00f3kat, hogy m\u00e9g otthonosabb legyen a hangulat. A k\u00fclt\u00e9ri sz\u0151nyegek seg\u00edtenek kijel\u00f6lni a helyet, a d\u00edszp\u00e1rn\u00e1k vagy falra tett k\u00e9pek pedig szem\u00e9lyesebb\u00e9 teszik a teret.\"\n      }\n    },\n    {\n      \"@type\": \"Question\",\n      \"name\": \"Hogyan lehet igaz\u00e1n h\u00edvogat\u00f3 torn\u00e1cot kialak\u00edtani?\",\n      \"acceptedAnswer\": {\n        \"@type\": \"Answer\",\n        \"text\": \"Ahhoz, hogy igaz\u00e1n h\u00edvogat\u00f3 legyen a torn\u00e1cod, v\u00e1lassz k\u00e9nyelmes \u00fcl\u0151helyet, p\u00e9ld\u00e1ul p\u00e1rn\u00e1zott sz\u00e9ket vagy egy bar\u00e1ts\u00e1gos hintapadot. Tegy\u00e9l r\u00e1 puha p\u00e1rn\u00e1kat, takar\u00f3kat, hogy m\u00e9g k\u00e9nyelmesebb legyen. Dobd fel a teret dekor\u00e1ci\u00f3kkal, k\u00e9pekkel, vagy n\u00f6v\u00e9nyekkel, hogy bar\u00e1ts\u00e1gos legyen.\"\n      }\n    },\n    {\n      \"@type\": \"Question\",\n      \"name\": \"Melyek a falusi, vid\u00e9ki torn\u00e1c f\u0151 elemei?\",\n      \"acceptedAnswer\": {\n        \"@type\": \"Answer\",\n        \"text\": \"Egy vid\u00e9ki st\u00edlus\u00fa torn\u00e1c mindig bar\u00e1ts\u00e1gos, otthonos, \u00e9s rusztikus hangulatot \u00e1raszt. Gyakran fa \u00e9s f\u00e9m anyagokb\u00f3l \u00e9p\u00fcl, ami id\u0151t\u00e1ll\u00f3 kin\u00e9zetet ad neki. A hintasz\u00e9kek t\u00f6k\u00e9letesek a pihen\u00e9shez, a f\u00f6ldsz\u00ednek pedig melegs\u00e9get visznek az eg\u00e9sz helyre.\"\n      }\n    },\n    {\n      \"@type\": \"Question\",\n      \"name\": \"Hogyan hozhatod ki a legt\u00f6bbet egy kis torn\u00e1cb\u00f3l?\",\n      \"acceptedAnswer\": {\n        \"@type\": \"Answer\",\n        \"text\": \"Egy kis torn\u00e1cb\u00f3l is kihozhatod a maximumot, ha olyan b\u00fatorokat \u00e9s dekor\u00e1ci\u00f3kat v\u00e1lasztasz, amelyek egyszerre praktikusak \u00e9s st\u00edlusosak. J\u00f3 v\u00e1laszt\u00e1s a t\u00e1rol\u00f3pad vagy a \u00f6sszecsukhat\u00f3 sz\u00e9k, mert ezek helytakar\u00e9kosak. Felszerelhetsz fali polcokat n\u00f6v\u00e9nyeknek vagy d\u00edszeknek, \u00edgy a padl\u00f3 szabad marad \u00e9s rendezett lesz.\"\n      }\n    },\n    {\n      \"@type\": \"Question\",\n      \"name\": \"Melyek a legjobb tippek a torn\u00e1c d\u00edsz\u00edt\u00e9s\u00e9hez?\",\n      \"acceptedAnswer\": {\n        \"@type\": \"Answer\",\n        \"text\": \"Ha szeretn\u00e9d feldobni a torn\u00e1cod, el\u0151sz\u00f6r v\u00e1lassz olyan sz\u00edn\u00f6ssze\u00e1ll\u00edt\u00e1st, ami harmoniz\u00e1l a h\u00e1z k\u00fcls\u0151 sz\u00edn\u00e9vel. \u00cdgy egys\u00e9ges lesz az \u00f6sszk\u00e9p, ami n\u00f6veli a h\u00e1z vonzerej\u00e9t. Ha k\u00fcl\u00f6nb\u00f6z\u0151 anyagokat (pl. fonott, fa vagy f\u00e9m b\u00fatort) haszn\u00e1lsz, v\u00e1ltozatosabb \u00e9s izgalmasabb lesz az eg\u00e9sz.\"\n      }\n    },\n    {\n      \"@type\": \"Question\",\n      \"name\": \"Hogyan v\u00e1lassz megfelel\u0151 kerti b\u00fatorokat a torn\u00e1cra?\",\n      \"acceptedAnswer\": {\n        \"@type\": \"Answer\",\n        \"text\": \"Amikor torn\u00e1cb\u00fatorokat v\u00e1lasztasz, el\u0151sz\u00f6r m\u00e9rd fel, mekkora helyed van. Nagyobb torn\u00e1cra tehetsz nagyobb b\u00fatorokat, kisebb helyre viszont j\u00f3l j\u00f6nnek a kisebb, vagy t\u00f6bbfunkci\u00f3s darabok, p\u00e9ld\u00e1ul be\u00e9p\u00edtett t\u00e1rol\u00f3s padok. D\u00f6ntsd el, milyen st\u00edlust szeretn\u00e9l\u2014hagyom\u00e1nyosat vagy modernebbet\u2014, \u00edgy egys\u00e9ges lesz a k\u00fclt\u00e9ri t\u00e9r.\"\n      }\n    },\n    {\n      \"@type\": \"Question\",\n      \"name\": \"Milyen m\u00f3don haszn\u00e1lhatsz sz\u00edneket a torn\u00e1c d\u00edsz\u00edt\u00e9s\u00e9hez?\",\n      \"acceptedAnswer\": {\n        \"@type\": \"Answer\",\n        \"text\": \"A torn\u00e1c sz\u00ednesebb\u00e9 t\u00e9tele fest\u00e9k, b\u00fatorok \u00e9s kieg\u00e9sz\u00edt\u0151k \u00f6sszehangol\u00e1s\u00e1val kezd\u0151dik. El\u0151sz\u00f6r v\u00e1lassz egy olyan sz\u00ednpalett\u00e1t, ami passzol a st\u00edlusodhoz\u2014kedveled-e az \u00e9l\u00e9nk sz\u00edneket vagy ink\u00e1bb a l\u00e1gy, semleges \u00e1rnyalatokat? Ez meghat\u00e1rozza majd az eg\u00e9sz t\u00e9r hangulat\u00e1t.\"\n      }\n    },\n    {\n      \"@type\": \"Question\",\n      \"name\": \"Tippek a mint\u00e1s d\u00edsz\u00edt\u00e9sek kever\u00e9s\u00e9hez a torn\u00e1con\",\n      \"acceptedAnswer\": {\n        \"@type\": \"Answer\",\n        \"text\": \"A k\u00fcl\u00f6nb\u00f6z\u0151 mint\u00e1k haszn\u00e1lata \u00e9lettel \u00e9s izgalommal t\u00f6lti meg a torn\u00e1cot. El\u0151sz\u00f6r v\u00e1lassz ki egy alap mint\u00e1t\u2014p\u00e9ld\u00e1ul a sz\u0151nyegre vagy b\u00fatorra\u2014, ami meghat\u00e1rozza majd az \u00f6sszhat\u00e1st. Ezut\u00e1n kisebb t\u00e1rgyakon, mint p\u00e1rn\u00e1k vagy d\u00edszt\u00e1rgyak, j\u00e1tszhatsz m\u00e1sf\u00e9le mint\u00e1kkal is.\"\n      }\n    },\n    {\n      \"@type\": \"Question\",\n      \"name\": \"Milyen \u00f6tletek vannak a torn\u00e1c megvil\u00e1g\u00edt\u00e1s\u00e1ra?\",\n      \"acceptedAnswer\": {\n        \"@type\": \"Answer\",\n        \"text\": \"A torn\u00e1cvil\u00e1g\u00edt\u00e1s k\u00e9pes b\u00e1rmely k\u00fclt\u00e9ri teret bar\u00e1ts\u00e1gos, h\u00edvogat\u00f3 kuck\u00f3v\u00e1 var\u00e1zsolni. Kezdd azzal, hogy f\u00e9nyf\u00fcz\u00e9reket akasztasz fel \u2013 ezek j\u00e1t\u00e9kos hangulatot adnak \u00e9s kellemes, meghitt f\u00e9nyt biztos\u00edtanak. Eg\u00e9sz\u00edtsd ki l\u00e1mp\u00e1sokkal, amelyek rusztikus hangulatot teremtenek.\"\n      }\n    },\n    {\n      \"@type\": \"Question\",\n      \"name\": \"Hogyan lehet meghitt hangulatot teremteni vil\u00e1g\u00edt\u00e1ssal?\",\n      \"acceptedAnswer\": {\n        \"@type\": \"Answer\",\n        \"text\": \"A meghitt hangulat titka a vil\u00e1g\u00edt\u00e1sn\u00e1l az okos v\u00e1laszt\u00e1s. Kezdd meleg f\u00e9ny\u0171 izz\u00f3kkal, amelyek l\u00e1gy, bar\u00e1ts\u00e1gos ragyog\u00e1st adnak. Ezeket ak\u00e1r asztali l\u00e1mp\u00e1ba, ak\u00e1r f\u00e9nyf\u00fcz\u00e9rbe is teheted, hogy finomabb f\u00e9nyt kapj.\"\n      }\n    },\n    {\n      \"@type\": \"Question\",\n      \"name\": \"Milyen n\u00f6v\u00e9nyek illenek legjobban a torn\u00e1cra?\",\n      \"acceptedAnswer\": {\n        \"@type\": \"Answer\",\n        \"text\": \"A t\u00f6k\u00e9letes torn\u00e1cn\u00f6v\u00e9nyek kiv\u00e1laszt\u00e1s\u00e1hoz olyan fajt\u00e1kat \u00e9rdemes v\u00e1lasztani, amelyek j\u00f3l b\u00edrj\u00e1k a k\u00fclt\u00e9ri k\u00f6r\u00fclm\u00e9nyeket. Sz\u00edv\u00f3s n\u00f6v\u00e9nyek, mint p\u00e9ld\u00e1ul a p\u00e1fr\u00e1ny, a pet\u00fania vagy a musk\u00e1tli, szuper v\u00e1laszt\u00e1snak bizonyulnak, mert k\u00f6nnyen \u00e1tv\u00e9szelik a kint t\u00f6lt\u00f6tt id\u0151t.\"\n      }\n    },\n    {\n      \"@type\": \"Question\",\n      \"name\": \"Hogyan adhatsz term\u00e9szetes text\u00far\u00e1kat a torn\u00e1codhoz?\",\n      \"acceptedAnswer\": {\n        \"@type\": \"Answer\",\n        \"text\": \"A torn\u00e1c hangulat\u00e1t alapjaiban v\u00e1ltoztathatja meg, ha term\u00e9szetes anyagokat is be\u00e9p\u00edtesz a dekorba. Gondolkodj f\u00e1ban, fonott kosarakban \u00e9s k\u0151b\u0151l k\u00e9sz\u00fclt t\u00e1rgyakban, hogy rusztikus, \u00e1m m\u00e9gis otthonos l\u00e9gk\u00f6rt teremts.\"\n      }\n    },\n    {\n      \"@type\": \"Question\",\n      \"name\": \"Milyen DIY kieg\u00e9sz\u00edt\u0151ket k\u00e9sz\u00edthetsz a torn\u00e1cra?\",\n      \"acceptedAnswer\": {\n        \"@type\": \"Answer\",\n        \"text\": \"Egyedi hangulatot egyszer\u0171en is var\u00e1zsolhatsz a torn\u00e1codra, r\u00e1ad\u00e1sul nem kell hozz\u00e1 sok p\u00e9nzt k\u00f6ltened. K\u00e9sz\u00edthetsz saj\u00e1t, \u00fajrahasznos\u00edtott f\u00e1b\u00f3l vagy egyedi cserepekb\u0151l k\u00e9sz\u00fclt vir\u00e1gtart\u00f3kat, hogy k\u00fcl\u00f6nleges k\u00fcls\u0151t adj a n\u00f6v\u00e9nyeknek. F\u00e1b\u00f3l k\u00e9sz\u00fclt, egyedi felirat\u00fa t\u00e1bl\u00e1k m\u00e9g szem\u00e9lyesebb\u00e9 tehetik a torn\u00e1cot.\"\n      }\n    },\n    {\n      \"@type\": \"Question\",\n      \"name\": \"Hogyan alak\u00edthatsz ki meghitt olvas\u00f3sarkot a torn\u00e1con?\",\n      \"acceptedAnswer\": {\n        \"@type\": \"Answer\",\n        \"text\": \"Egy k\u00e9nyelmes olvas\u00f3sarok kialak\u00edt\u00e1s\u00e1hoz a torn\u00e1con el\u0151sz\u00f6r v\u00e1lassz ki egy k\u00e9nyelmes fotelt vagy ak\u00e1r egy f\u00fcgg\u0151\u00e1gyat. Tedd m\u00e9g komfortosabb\u00e1 puha p\u00e1rn\u00e1kkal \u00e9s egy meleg takar\u00f3val. Helyezz a k\u00f6zelbe egy l\u00e1mp\u00e1t, vagy aggass ki f\u00e9nyf\u00fcz\u00e9rt, hogy j\u00f3 legyen a vil\u00e1g\u00edt\u00e1s.\"\n      }\n    },\n    {\n      \"@type\": \"Question\",\n      \"name\": \"Milyen \u00f6tletek vannak egy meghitt torn\u00e1c hint\u00e1hoz?\",\n      \"acceptedAnswer\": {\n        \"@type\": \"Answer\",\n        \"text\": \"Tedd m\u00e9g otthonosabb\u00e1 a torn\u00e1c hint\u00e1t puha, vastag p\u00e1rn\u00e1kkal \u00e9s egy kellemesen meleg pl\u00e9ddel. A hint\u00e1t ide\u00e1lis, \u00e1rny\u00e9kos helyre tedd, ahol megpihenhetsz a naps\u00fct\u00e9s el\u0151l. Rakj k\u00f6r\u00e9 cserepes n\u00f6v\u00e9nyeket vagy tekerj k\u00f6r\u00e9 f\u00e9nyf\u00fcz\u00e9reket, hogy m\u00e9g h\u00edvogat\u00f3bb legyen a hangulat.\"\n      }\n    },\n    {\n      \"@type\": \"Question\",\n      \"name\": \"Hogyan lehet h\u00e1zi kedvenc-bar\u00e1t torn\u00e1cot kialak\u00edtani?\",\n      \"acceptedAnswer\": {\n        \"@type\": \"Answer\",\n        \"text\": \"Ha \u00e1llatbar\u00e1t torn\u00e1cot szeretn\u00e9l, olyan b\u00fatort \u00e9s d\u00edszeket v\u00e1lassz, amelyek massz\u00edvak \u00e9s egyszer\u0171en tiszt\u00edthat\u00f3k. Ez k\u00f6nnyebb\u00e9 teszi a takar\u00edt\u00e1st, r\u00e1ad\u00e1sul hosszabb \u00e9lettartamot is ad a k\u00fclt\u00e9ri berendez\u00e9sednek. Kuty\u00e1d vagy cic\u00e1d sz\u00e1m\u00e1ra tegy\u00e9l le egy puha p\u00e1rn\u00e1t vagy egy takar\u00f3val letakart r\u00e9szt.\"\n      }\n    },\n    {\n      \"@type\": \"Question\",\n      \"name\": \"Milyen el\u0151nyei vannak a fedett torn\u00e1cnak?\",\n      \"acceptedAnswer\": {\n        \"@type\": \"Answer\",\n        \"text\": \"Egy fedett torn\u00e1c rengeteg el\u0151nyt ad: t\u00e1vol tartja a zavar\u00f3 rovarokat, \u00edgy nyugodtan \u00e9lvezheted a friss leveg\u0151t, nagyobb priv\u00e1t szf\u00e9r\u00e1t ad, ez\u00e9rt t\u00f6k\u00e9letes pihen\u00e9shez \u00e9s bar\u00e1ti \u00f6sszej\u00f6vetelekhez, v\u00e9d az id\u0151j\u00e1r\u00e1s viszontags\u00e1gait\u00f3l is, teh\u00e1t minden \u00e9vszakban haszn\u00e1lhat\u00f3.\"\n      }\n    },\n    {\n      \"@type\": \"Question\",\n      \"name\": \"Hogyan \u00e9rdemes \u00e9vszakhoz igaz\u00edtani a torn\u00e1c dekor\u00e1ci\u00f3j\u00e1t?\",\n      \"acceptedAnswer\": {\n        \"@type\": \"Answer\",\n        \"text\": \"Az \u00e9vszak szerinti dekor\u00e1ci\u00f3val mindig hangulatos \u00e9s \u00e9letteli marad a torn\u00e1cod. Cser\u00e9ld le \u00e9vente n\u00e9h\u00e1ny alkalommal a p\u00e1rn\u00e1kat, takar\u00f3kat, vir\u00e1gtart\u00f3kat, \u00edgy igazodnak az aktu\u00e1lis sz\u00ednekhez \u00e9s t\u00e9m\u00e1khoz. \u0150sszel p\u00e9ld\u00e1ul t\u00f6k\u00f6t vagy d\u00edszt\u00f6k\u00f6t is haszn\u00e1lhatsz vid\u00e1m kieg\u00e9sz\u00edt\u0151k\u00e9nt.\"\n      }\n    },\n    {\n      \"@type\": \"Question\",\n      \"name\": \"Milyen p\u00e9nzt\u00e1rcabar\u00e1t \u00f6tletek vannak egy torn\u00e1c fel\u00faj\u00edt\u00e1s\u00e1hoz?\",\n      \"acceptedAnswer\": {\n        \"@type\": \"Answer\",\n        \"text\": \"K\u00f6nnyen h\u00edvogat\u00f3v\u00e1 teheted a torn\u00e1cot an\u00e9lk\u00fcl, hogy sokat k\u00f6lten\u00e9l. Fesd \u00e1t a r\u00e9gi b\u00fatoraidat \u2013 ett\u0151l m\u00e1ris \u00fajszer\u0171 lesz minden. Az adom\u00e1nyboltokban vagy bolhapiacokon sok egyedi d\u00edszt tal\u00e1lhatsz, \u00e9s egy kis fest\u00e9kkel a saj\u00e1t st\u00edlusodra szabhatod \u0151ket.\"\n      }\n    },\n    {\n      \"@type\": \"Question\",\n      \"name\": \"Hogyan lehet z\u00f6kken\u0151mentes \u00e1tmenetet teremteni a benti \u00e9s kinti terek k\u00f6z\u00f6tt?\",\n      \"acceptedAnswer\": {\n        \"@type\": \"Answer\",\n        \"text\": \"Ha igaz\u00e1n \u00f6sszekapcsoln\u00e1d a belt\u00e9ri \u00e9s k\u00fclt\u00e9ri \u00e9letteredet, fontos, hogy mindkett\u0151ben hasonl\u00f3 sz\u00ednek, anyagok \u00e9s st\u00edlusok jelenjenek meg. V\u00e1lassz harmoniz\u00e1l\u00f3 sz\u00ednpalett\u00e1t \u00e9s anyagokat, hogy term\u00e9szetesen illeszkedjenek egym\u00e1shoz. Egy nagym\u00e9ret\u0171 tol\u00f3ajt\u00f3 vagy nagy ablakok is sokat seg\u00edtenek.\"\n      }\n    }\n  ]\n}\n<\/script>\n\n<script type=\"application\/ld+json\">\n{\n  \"@context\": \"https:\/\/schema.org\",\n  \"@type\": \"HowTo\",\n  \"name\": \"Bar\u00e1ts\u00e1gos, otthonos torn\u00e1c kialak\u00edt\u00e1sa\",\n  \"description\": \"\u00cdgy alak\u00edtsd \u00e1t a verand\u00e1dat vagy torn\u00e1codat meghitt, h\u00edvogat\u00f3 k\u00fclt\u00e9ri mened\u00e9kk\u00e9 k\u00e9nyelmes b\u00fatorokkal, puha p\u00e1rn\u00e1kkal \u00e9s szem\u00e9lyes dekor\u00e1ci\u00f3val.\",\n  \"image\": [\n    \"https:\/\/doubletakedecor.com\/uploads\/2025\/08\/cozy-porch-ideas-dtd-01.jpg\"\n  ],\n  \"step\": [\n    {\n      \"@type\": \"HowToStep\",\n      \"name\": \"K\u00e9nyelmes b\u00fatorok kiv\u00e1laszt\u00e1sa\",\n      \"text\": \"V\u00e1lassz id\u0151j\u00e1r\u00e1s\u00e1ll\u00f3, k\u00e9nyelmes \u00fcl\u0151alkalmatoss\u00e1gokat, p\u00e9ld\u00e1ul fonott sz\u00e9keket, kanap\u00e9t vagy hintapadot. Tedd m\u00e9g komfortosabb\u00e1 a helyet puha p\u00e1rn\u00e1kkal \u00e9s takar\u00f3kkal.\",\n      \"image\": \"https:\/\/doubletakedecor.com\/uploads\/2025\/08\/cozy-porch-ideas-dtd-01.jpg\"\n    },\n    {\n      \"@type\": \"HowToStep\",\n      \"name\": \"Hangulatos vil\u00e1g\u00edt\u00e1s elhelyez\u00e9se\",\n      \"text\": \"Haszn\u00e1lj meleg f\u00e9ny\u0171 \u00e9g\u0151sorokat, l\u00e1mp\u00e1sokat vagy fali l\u00e1mp\u00e1kat, hogy este is meghitt legyen a hangulat.\",\n      \"image\": \"https:\/\/doubletakedecor.com\/uploads\/2025\/08\/cozy-porch-ideas-dtd-24.jpg\"\n    },\n    {\n      \"@type\": \"HowToStep\",\n      \"name\": \"N\u00f6v\u00e9nyek \u00e9s term\u00e9szetes elemek hozz\u00e1ad\u00e1sa\",\n      \"text\": \"Helyezz el cserepes n\u00f6v\u00e9nyeket, p\u00e1fr\u00e1nyokat, vir\u00e1gokat, hogy \u00e9lettel teli \u00e9s friss legyen a veranda.\",\n      \"image\": \"https:\/\/doubletakedecor.com\/uploads\/2025\/08\/cozy-porch-ideas-dtd-05.jpg\"\n    },\n    {\n      \"@type\": \"HowToStep\",\n      \"name\": \"Szem\u00e9lyre szabott dekor\u00e1ci\u00f3k\",\n      \"text\": \"Dekor\u00e1lj saj\u00e1t k\u00e9sz\u00edt\u00e9s\u0171 kieg\u00e9sz\u00edt\u0151kkel, szezonnak megfelel\u0151 d\u00edszekkel, csal\u00e1di fot\u00f3kkal vagy k\u00e9zzel festett b\u00fatorokkal.\",\n      \"image\": \"https:\/\/doubletakedecor.com\/uploads\/2025\/08\/cozy-porch-ideas-dtd-12.jpg\"\n    },\n    {\n      \"@type\": \"HowToStep\",\n      \"name\": \"Text\u00far\u00e1k \u00e9s anyagok r\u00e9tegez\u00e9se\",\n      \"text\": \"Kombin\u00e1ld a fonott, fa, pamut \u00e9s k\u0151 anyagokat. Haszn\u00e1lj k\u00fclt\u00e9ri sz\u0151nyeget, puha p\u00e1rn\u00e1kat, hogy melegebb, otthonosabb legyen a t\u00e9r.\",\n      \"image\": \"https:\/\/doubletakedecor.com\/uploads\/2025\/08\/cozy-porch-ideas-dtd-17.jpg\"\n    },\n    {\n      \"@type\": \"HowToStep\",\n      \"name\": \"Olvas\u00f3sarok vagy besz\u00e9lget\u0151hely kialak\u00edt\u00e1sa\",\n      \"text\": \"Helyezz el k\u00e9nyelmes fotelt vagy hintapadot, kis asztalk\u00e1val \u00e9s f\u00e9nyforr\u00e1ssal egy csendes sarokba, ahol olvasni vagy besz\u00e9lgetni lehet.\",\n      \"image\": \"https:\/\/doubletakedecor.com\/uploads\/2025\/08\/cozy-porch-ideas-dtd-04.jpg\"\n    },\n    {\n      \"@type\": \"HowToStep\",\n      \"name\": \"Kedvenc-bar\u00e1t megold\u00e1sok\",\n      \"text\": \"Tegy\u00e9l le egy puha p\u00e1rn\u00e1t vagy takar\u00f3t h\u00e1zi kedvencednek, ker\u00fcld a vesz\u00e9lyes n\u00f6v\u00e9nyeket \u00e9s mindig legyen kit\u00e9ve friss v\u00edz.\",\n      \"image\": \"https:\/\/doubletakedecor.com\/uploads\/2025\/08\/cozy-porch-ideas-dtd-18.jpg\"\n    }\n  ],\n  \"totalTime\": \"PT2H\",\n  \"supply\": [\n    {\n      \"@type\": \"HowToSupply\",\n      \"name\": \"K\u00fclt\u00e9ri b\u00fatorok\"\n    },\n    {\n      \"@type\": \"HowToSupply\",\n      \"name\": \"P\u00e1rn\u00e1k, takar\u00f3k\"\n    },\n    {\n      \"@type\": \"HowToSupply\",\n      \"name\": \"\u00c9g\u0151sorok, l\u00e1mp\u00e1sok, fali l\u00e1mp\u00e1k\"\n    },\n    {\n      \"@type\": \"HowToSupply\",\n      \"name\": \"Cserepes n\u00f6v\u00e9nyek, vir\u00e1gok\"\n    },\n    {\n      \"@type\": \"HowToSupply\",\n      \"name\": \"Dekor\u00e1ci\u00f3s kieg\u00e9sz\u00edt\u0151k\"\n    }\n  ],\n  \"tool\": [\n    {\n      \"@type\": \"HowToTool\",\n      \"name\": \"K\u00e9ziszersz\u00e1mok (pl. kalap\u00e1cs, csavarh\u00faz\u00f3 dekor\u00e1l\u00e1shoz)\"\n    },\n    {\n      \"@type\": \"HowToTool\",\n      \"name\": \"V\u00f6d\u00f6r, locsol\u00f3kanna\"\n    }\n  ]\n}\n<\/script>","_links":{"self":[{"href":"https:\/\/doubletakedecor.com\/hu\/wp-json\/wp\/v2\/posts\/6625","targetHints":{"allow":["GET"]}}],"collection":[{"href":"https:\/\/doubletakedecor.com\/hu\/wp-json\/wp\/v2\/posts"}],"about":[{"href":"https:\/\/doubletakedecor.com\/hu\/wp-json\/wp\/v2\/types\/post"}],"author":[{"embeddable":true,"href":"https:\/\/doubletakedecor.com\/hu\/wp-json\/wp\/v2\/users\/12"}],"replies":[{"embeddable":true,"href":"https:\/\/doubletakedecor.com\/hu\/wp-json\/wp\/v2\/comments?post=6625"}],"version-history":[{"count":1,"href":"https:\/\/doubletakedecor.com\/hu\/wp-json\/wp\/v2\/posts\/6625\/revisions"}],"predecessor-version":[{"id":6626,"href":"https:\/\/doubletakedecor.com\/hu\/wp-json\/wp\/v2\/posts\/6625\/revisions\/6626"}],"wp:featuredmedia":[{"embeddable":true,"href":"https:\/\/doubletakedecor.com\/hu\/wp-json\/wp\/v2\/media\/5660"}],"wp:attachment":[{"href":"https:\/\/doubletakedecor.com\/hu\/wp-json\/wp\/v2\/media?parent=6625"}],"wp:term":[{"taxonomy":"category","embeddable":true,"href":"https:\/\/doubletakedecor.com\/hu\/wp-json\/wp\/v2\/categories?post=6625"},{"taxonomy":"post_tag","embeddable":true,"href":"https:\/\/doubletakedecor.com\/hu\/wp-json\/wp\/v2\/tags?post=6625"}],"curies":[{"name":"wp","href":"https:\/\/api.w.org\/{rel}","templated":true}]}}