{"id":6665,"date":"2025-08-25T00:56:29","date_gmt":"2025-08-24T22:56:29","guid":{"rendered":"https:\/\/doubletakedecor.com\/kulteri-dekoraciok\/kulteri-eletter-otletek\/"},"modified":"2025-08-25T03:28:18","modified_gmt":"2025-08-25T01:28:18","slug":"kulteri-eletter-otletek","status":"publish","type":"post","link":"https:\/\/doubletakedecor.com\/hu\/kulteri-dekoraciok\/kulteri-eletter-otletek\/","title":{"rendered":"Alak\u00edtsd \u00e1t a kerted: Inspir\u00e1l\u00f3 \u00f6tletek k\u00fclt\u00e9ri \u00e9lett\u00e9r kialak\u00edt\u00e1s\u00e1hoz"},"content":{"rendered":"<p>Az udvarodat k\u00f6nnyed\u00e9n var\u00e1zsolhatod hangulatos o\u00e1ziss\u00e1, ehhez pedig nem kell bonyolult megold\u00e1sokhoz, vagy nagy kiad\u00e1sokhoz folyamodnod. A megfelel\u0151 elemekkel olyan k\u00fclt\u00e9ri helyet alak\u00edthatsz ki, amely otthonod k\u00e9nyelmes meghosszabb\u00edt\u00e1sa lesz, t\u00f6k\u00e9letes pihen\u00e9shez \u00e9s bar\u00e1ti \u00f6sszej\u00f6vetelekhez az \u00e9v minden szak\u00e1ban.<\/p>\n<p>A kuck\u00f3s teraszokt\u00f3l a puha \u00fcl\u0151alkalmatoss\u00e1gokkal \u00e9s kerti t\u0171zrak\u00f3helyekkel kieg\u00e9sz\u00edtett ki\u00fcl\u0151kig, a k\u00fclt\u00e9ri \u00e9letterekben szinte v\u00e9gtelenek a dekor\u00e1l\u00e1s lehet\u0151s\u00e9gei. Egy kis v\u00edzcsobog\u00f3 igaz\u00e1n nyugodt hangulatot hoz, a pergola \u00e1rny\u00e9kot \u00e9s l\u00e1tv\u00e1nyt ad, m\u00edg a j\u00f3l elhelyezett vil\u00e1g\u00edt\u00e1s est\u00e9nk\u00e9nt igazi var\u00e1zslatot visz a kertbe, \u00edgy ak\u00e1r bar\u00e1tokkal, ak\u00e1r csendben egyed\u00fcl is nyugodtan pihenhetsz.<\/p>\n<p>Ha sz\u0171kebb a k\u00f6lts\u00e9gvet\u00e9sed, vagy teljes kert\u00e1talak\u00edt\u00e1st tervezel, a j\u00f3l \u00e1tgondolt z\u00f3n\u00e1k kialak\u00edt\u00e1sa mindenk\u00e9ppen seg\u00edt, hogy minden ter\u00fclet a leghasznosabb legyen. \u00c9rdemes k\u00fcl\u00f6n kialak\u00edtani a helyeket ev\u00e9shez, pihen\u00e9shez \u00e9s sz\u00f3rakoz\u00e1shoz \u2013 ehhez seg\u00edtenek a b\u00fatorelhelyez\u00e9sek, k\u00fclt\u00e9ri sz\u0151nyegek vagy okosan elhelyezett \u00e9g\u0151sorok. A bambusz parav\u00e1nok vagy nagyobb n\u00f6v\u00e9nyek remek\u00fcl teremtenek priv\u00e1t, meghitt zugot m\u00e9g a nyitottabb udvarr\u00e9szekb\u0151l is.<\/p>\n<p>A k\u00fclt\u00e9ri \u00e9let sz\u00e9ps\u00e9ge abban rejlik, hogy teljesen a saj\u00e1t st\u00edlusodra form\u00e1lhatod: \u00f6tv\u00f6zheted a praktikus, id\u0151j\u00e1r\u00e1s\u00e1ll\u00f3 b\u00fatorokat vagy t\u00e1rol\u00f3kat azokkal a d\u00edsz\u00edt\u0151 elemekkel, amelyek igaz\u00e1n kedvedre val\u00f3k. \u00cdgy nemcsak k\u00e9nyelmes, de szemet gy\u00f6ny\u00f6rk\u00f6dtet\u0151 is lesz a kerted, ahol sz\u00edvesen t\u00f6lt\u00f6d majd az id\u0151t szeretteiddel \u00e9s felt\u00f6lt\u0151dsz a term\u00e9szet k\u00f6zel\u00e9ben.<\/p>\n<div class=\"kt_block\" id=\"kt_id\">\n<span class=\"kt_headline\">Legfontosabb tudnival\u00f3k<\/span><\/p>\n<ul class=\"kt_post_list\">\n<li><strong>\ud83c\udf1f \u00c1talakul\u00f3 k\u00fclt\u00e9ri terek:<\/strong> Egyszer\u0171 dolgokkal, mint a k\u00e9nyelmes \u00fcl\u0151helyek, hangulatos t\u0171zrak\u00f3k \u00e9s j\u00f3l megtervezett vil\u00e1g\u00edt\u00e1s, te is var\u00e1zslatos o\u00e1zist teremthetsz, ami kib\u0151v\u00edti az otthonodat \u00e9s eg\u00e9sz \u00e9vben kikapcsol\u00f3d\u00e1sra cs\u00e1b\u00edt.<\/li>\n<li><strong>\ud83c\udf3f Egyedi kis mened\u00e9k:<\/strong> A v\u00edzj\u00e1t\u00e9kok, pergol\u00e1k \u00e9s \u00e1rny\u00e9kol\u00f3k \u2013 p\u00e9ld\u00e1ul bambusz vagy n\u00f6v\u00e9nysor \u2013 igazi meghitts\u00e9get \u00e9s nyugalmat visznek a kertedbe.<\/li>\n<li><strong>\ud83e\ude91 Praktikus \u00e9s st\u00edlusos:<\/strong> Id\u0151j\u00e1r\u00e1s\u00e1ll\u00f3 b\u00fatorokkal, puha p\u00e1rn\u00e1kkal \u00e9s \u00edzl\u00e9ses kieg\u00e9sz\u00edt\u0151kkel k\u00e9nyelmes, m\u00e9gis egyedi megjelen\u00e9s\u0171 k\u00fclt\u00e9ri teret alak\u00edthatsz ki.<\/li>\n<li><strong>\ud83d\udca1 P\u00e9nzt\u00e1rcabar\u00e1t kreativit\u00e1s:<\/strong> Friss\u00edtsd fel a kertedet saj\u00e1t kez\u0171 projektekkel, \u00fajrahasznos\u00edtott t\u00e1rgyakkal, olcs\u00f3, de mutat\u00f3s r\u00e9szletekkel, p\u00e9ld\u00e1ul \u00e9g\u0151sorral vagy cserepes n\u00f6v\u00e9nyekkel \u2013 \u00edgy egyediv\u00e9 \u00e9s el\u00e9rhet\u0151v\u00e9 teheted a v\u00e1ltoz\u00e1st!<\/li>\n<\/ul>\n<\/div>\n<h2>Eleg\u00e1ns rattan \u00fcl\u0151garnit\u00fara<\/h2>\n<p><img loading=\"lazy\" decoding=\"async\" width=\"700\" height=\"1050\" alt=\"K\u00fclt\u00e9ri \u00e9letterek n\u00e9gy fonott sz\u00e9kb\u0151l feh\u00e9r p\u00e1rn\u00e1kkal, r\u00f3zsasz\u00edn d\u00edszp\u00e1rn\u00e1kkal, k\u0151 k\u00e1v\u00e9z\u00f3asztallal \u00e9s sok z\u00f6lddel k\u00f6r\u00fclv\u00e9ve\" class=\"aligncenter size-full wp-image-5665\" src=\"https:\/\/doubletakedecor.com\/uploads\/2025\/08\/outdoor-living-space-ideas-dtd-01.jpg\" srcset=\"https:\/\/doubletakedecor.com\/uploads\/2025\/08\/outdoor-living-space-ideas-dtd-01.jpg 700w, https:\/\/doubletakedecor.com\/uploads\/2025\/08\/outdoor-living-space-ideas-dtd-01-200x300.jpg 200w, https:\/\/doubletakedecor.com\/uploads\/2025\/08\/outdoor-living-space-ideas-dtd-01-683x1024.jpg 683w, https:\/\/doubletakedecor.com\/uploads\/2025\/08\/outdoor-living-space-ideas-dtd-01-96x144.jpg 96w, https:\/\/doubletakedecor.com\/uploads\/2025\/08\/outdoor-living-space-ideas-dtd-01-280x420.jpg 280w, https:\/\/doubletakedecor.com\/uploads\/2025\/08\/outdoor-living-space-ideas-dtd-01-320x480.jpg 320w, https:\/\/doubletakedecor.com\/uploads\/2025\/08\/outdoor-living-space-ideas-dtd-01-360x540.jpg 360w, https:\/\/doubletakedecor.com\/uploads\/2025\/08\/outdoor-living-space-ideas-dtd-01-363x545.jpg 363w, https:\/\/doubletakedecor.com\/uploads\/2025\/08\/outdoor-living-space-ideas-dtd-01-370x555.jpg 370w, https:\/\/doubletakedecor.com\/uploads\/2025\/08\/outdoor-living-space-ideas-dtd-01-400x600.jpg 400w, https:\/\/doubletakedecor.com\/uploads\/2025\/08\/outdoor-living-space-ideas-dtd-01-560x840.jpg 560w, https:\/\/doubletakedecor.com\/uploads\/2025\/08\/outdoor-living-space-ideas-dtd-01-480x720.jpg 480w\" sizes=\"auto, (max-width: 700px) 100vw, 700px\" \/><\/p>\n<p>Alak\u00edts ki kellemes besz\u00e9lget\u0151sarkot strapab\u00edr\u00f3 rattan b\u00fatoraiddal, amikhez feh\u00e9r \u00fcl\u0151p\u00e1rn\u00e1kat \u00e9s \u00e9l\u00e9nk, sz\u00ednes d\u00edszp\u00e1rn\u00e1kat teszel. Tedd a k\u00f6z\u00e9ppontba a k\u0151lapos k\u00e1v\u00e9z\u00f3asztalt, hogy egyszerre legyen mutat\u00f3s \u00e9s hasznos. A t\u00e9r hat\u00e1rait cserepes n\u00f6v\u00e9nyekkel jel\u00f6ld ki, \u00edgy bar\u00e1ts\u00e1gos, m\u00e9gis t\u00e1gas marad. Ez a megold\u00e1s klasszikus csal\u00e1di h\u00e1z st\u00edlus\u00e1hoz is remek\u00fcl illik.<\/p>\n<h2>Fedett terasz k\u0151 kandall\u00f3val<\/h2>\n<p><img loading=\"lazy\" decoding=\"async\" width=\"700\" height=\"1050\" alt=\"Modern k\u00fclt\u00e9ri t\u00e9r fa mennyezettel, k\u0151 kandall\u00f3val, sz\u00fcrke b\u00fatorokkal \u00e9s term\u00e9szetes elemekkel a meghitt hangulat\u00e9rt.\" class=\"aligncenter size-full wp-image-5671\" src=\"https:\/\/doubletakedecor.com\/uploads\/2025\/08\/outdoor-living-space-ideas-dtd-02.jpg\" srcset=\"https:\/\/doubletakedecor.com\/uploads\/2025\/08\/outdoor-living-space-ideas-dtd-02.jpg 700w, https:\/\/doubletakedecor.com\/uploads\/2025\/08\/outdoor-living-space-ideas-dtd-02-200x300.jpg 200w, https:\/\/doubletakedecor.com\/uploads\/2025\/08\/outdoor-living-space-ideas-dtd-02-683x1024.jpg 683w, https:\/\/doubletakedecor.com\/uploads\/2025\/08\/outdoor-living-space-ideas-dtd-02-96x144.jpg 96w, https:\/\/doubletakedecor.com\/uploads\/2025\/08\/outdoor-living-space-ideas-dtd-02-280x420.jpg 280w, https:\/\/doubletakedecor.com\/uploads\/2025\/08\/outdoor-living-space-ideas-dtd-02-320x480.jpg 320w, https:\/\/doubletakedecor.com\/uploads\/2025\/08\/outdoor-living-space-ideas-dtd-02-360x540.jpg 360w, https:\/\/doubletakedecor.com\/uploads\/2025\/08\/outdoor-living-space-ideas-dtd-02-363x545.jpg 363w, https:\/\/doubletakedecor.com\/uploads\/2025\/08\/outdoor-living-space-ideas-dtd-02-370x555.jpg 370w, https:\/\/doubletakedecor.com\/uploads\/2025\/08\/outdoor-living-space-ideas-dtd-02-400x600.jpg 400w, https:\/\/doubletakedecor.com\/uploads\/2025\/08\/outdoor-living-space-ideas-dtd-02-560x840.jpg 560w, https:\/\/doubletakedecor.com\/uploads\/2025\/08\/outdoor-living-space-ideas-dtd-02-480x720.jpg 480w\" sizes=\"auto, (max-width: 700px) 100vw, 700px\" \/><\/p>\n<p>Teremtsd meg \u00e1lmaid k\u00fclt\u00e9ri nappalij\u00e1t, ahol k\u00e9nyelem \u00e9s term\u00e9szet tal\u00e1lkozik. Haszn\u00e1lj id\u0151j\u00e1r\u00e1s\u00e1ll\u00f3 b\u00fatorokat besz\u00e9lget\u0151s elrendez\u00e9sben, \u00e9s tegy\u00e9l le egy mint\u00e1s sz\u0151nyeget, hogy elv\u00e1laszd a teret. A k\u0151b\u0151l k\u00e9sz\u00fclt kandall\u00f3 nemcsak meleget ad, hanem igazi l\u00e1tv\u00e1nyelemet is jelent. Melegebb id\u0151re szerelj fel mennyezeti ventil\u00e1tort, hogy mindig kellemes legyen a leveg\u0151.<\/p>\n<h2>Fedett terasz kandall\u00f3s nappalival<\/h2>\n<p><img loading=\"lazy\" decoding=\"async\" width=\"700\" height=\"1049\" alt=\"Eleg\u00e1ns k\u00fclt\u00e9ri t\u00e9r sz\u00fcrke kanap\u00e9val, k\u00e9k fotelokkal, k\u0151 kandall\u00f3val t\u00e9v\u00e9vel, nyitott fa gerend\u00e1kkal.\" class=\"aligncenter size-full wp-image-5677\" src=\"https:\/\/doubletakedecor.com\/uploads\/2025\/08\/outdoor-living-space-ideas-dtd-03.jpg\" srcset=\"https:\/\/doubletakedecor.com\/uploads\/2025\/08\/outdoor-living-space-ideas-dtd-03.jpg 700w, https:\/\/doubletakedecor.com\/uploads\/2025\/08\/outdoor-living-space-ideas-dtd-03-200x300.jpg 200w, https:\/\/doubletakedecor.com\/uploads\/2025\/08\/outdoor-living-space-ideas-dtd-03-683x1024.jpg 683w, https:\/\/doubletakedecor.com\/uploads\/2025\/08\/outdoor-living-space-ideas-dtd-03-96x144.jpg 96w, https:\/\/doubletakedecor.com\/uploads\/2025\/08\/outdoor-living-space-ideas-dtd-03-280x420.jpg 280w, https:\/\/doubletakedecor.com\/uploads\/2025\/08\/outdoor-living-space-ideas-dtd-03-320x480.jpg 320w, https:\/\/doubletakedecor.com\/uploads\/2025\/08\/outdoor-living-space-ideas-dtd-03-360x539.jpg 360w, https:\/\/doubletakedecor.com\/uploads\/2025\/08\/outdoor-living-space-ideas-dtd-03-363x544.jpg 363w, https:\/\/doubletakedecor.com\/uploads\/2025\/08\/outdoor-living-space-ideas-dtd-03-370x554.jpg 370w, https:\/\/doubletakedecor.com\/uploads\/2025\/08\/outdoor-living-space-ideas-dtd-03-400x599.jpg 400w, https:\/\/doubletakedecor.com\/uploads\/2025\/08\/outdoor-living-space-ideas-dtd-03-560x839.jpg 560w, https:\/\/doubletakedecor.com\/uploads\/2025\/08\/outdoor-living-space-ideas-dtd-03-480x719.jpg 480w\" sizes=\"auto, (max-width: 700px) 100vw, 700px\" \/><\/p>\n<p>Helyezz el k\u00e9nyelmes \u00fcl\u0151alkalmatoss\u00e1gokat egy k\u00f6zponti k\u00e1v\u00e9z\u00f3asztal k\u00f6r\u00e9, hogy besz\u00e9lget\u0151s, bar\u00e1ts\u00e1gos teret hozz l\u00e9tre. Dobd fel a hangulatot egy st\u00edlusban passzol\u00f3 k\u00fclt\u00e9ri sz\u0151nyeggel \u00e9s puha d\u00edszp\u00e1rn\u00e1kkal. A k\u0151 kandall\u00f3 eg\u00e9sz \u00e9vben haszn\u00e1lhat\u00f3, a f\u00f6l\u00e9 szerelt t\u00e9v\u00e9 pedig b\u00e1rmikor sz\u00f3rakoz\u00e1st ny\u00fajt, ak\u00e1r h\u0171v\u00f6s est\u00e9ken is.<\/p>\n<h2>Meghitt k\u00fclt\u00e9ri terasz elrendez\u00e9s<\/h2>\n<p><img loading=\"lazy\" decoding=\"async\" width=\"700\" height=\"1049\" alt=\"Hangulatos fa terasz sz\u00ednes kanap\u00e9p\u00e1rn\u00e1kkal, fonott sz\u00e9kekkel, l\u00e9p\u0151 k\u00f6vekkel a buja kertben, bar\u00e1ts\u00e1gos k\u00fclt\u00e9ri \u00e9lett\u00e9rhez.\" class=\"aligncenter size-full wp-image-5683\" src=\"https:\/\/doubletakedecor.com\/uploads\/2025\/08\/outdoor-living-space-ideas-dtd-04.jpg\" srcset=\"https:\/\/doubletakedecor.com\/uploads\/2025\/08\/outdoor-living-space-ideas-dtd-04.jpg 700w, https:\/\/doubletakedecor.com\/uploads\/2025\/08\/outdoor-living-space-ideas-dtd-04-200x300.jpg 200w, https:\/\/doubletakedecor.com\/uploads\/2025\/08\/outdoor-living-space-ideas-dtd-04-683x1024.jpg 683w, https:\/\/doubletakedecor.com\/uploads\/2025\/08\/outdoor-living-space-ideas-dtd-04-96x144.jpg 96w, https:\/\/doubletakedecor.com\/uploads\/2025\/08\/outdoor-living-space-ideas-dtd-04-280x420.jpg 280w, https:\/\/doubletakedecor.com\/uploads\/2025\/08\/outdoor-living-space-ideas-dtd-04-320x480.jpg 320w, https:\/\/doubletakedecor.com\/uploads\/2025\/08\/outdoor-living-space-ideas-dtd-04-360x539.jpg 360w, https:\/\/doubletakedecor.com\/uploads\/2025\/08\/outdoor-living-space-ideas-dtd-04-363x544.jpg 363w, https:\/\/doubletakedecor.com\/uploads\/2025\/08\/outdoor-living-space-ideas-dtd-04-370x554.jpg 370w, https:\/\/doubletakedecor.com\/uploads\/2025\/08\/outdoor-living-space-ideas-dtd-04-400x599.jpg 400w, https:\/\/doubletakedecor.com\/uploads\/2025\/08\/outdoor-living-space-ideas-dtd-04-560x839.jpg 560w, https:\/\/doubletakedecor.com\/uploads\/2025\/08\/outdoor-living-space-ideas-dtd-04-480x719.jpg 480w\" sizes=\"auto, (max-width: 700px) 100vw, 700px\" \/><\/p>\n<p>Alak\u00edts ki otthonos k\u00f6zponti teret a teraszodon egy kerek k\u00e1v\u00e9z\u00f3asztal k\u00f6r\u00e9 rendezve. Kombin\u00e1ld a k\u00e9nyelmes kanap\u00e9t \u00e9l\u00e9nk, harmoniz\u00e1l\u00f3 p\u00e1rn\u00e1kkal, \u00e9s eg\u00e9sz\u00edtsd ki fonott sz\u00e9kekkel. Dobd fel a term\u00e9szetess\u00e9get cserepes n\u00f6v\u00e9nyekkel \u00e9s l\u00e9ptet\u0151k\u00f6vekkel, amik \u00f6sszek\u00f6tik a kert k\u00fcl\u00f6nb\u00f6z\u0151 r\u00e9szeit.<\/p>\n<h2>Klasszikus k\u00e9tszintes h\u00e1z medenc\u00e9vel<\/h2>\n<p><img loading=\"lazy\" decoding=\"async\" width=\"700\" height=\"1050\" alt=\"Eleg\u00e1ns feh\u00e9r h\u00e1z s\u00f6t\u00e9t zsalug\u00e1terekkel, t\u00e9glalap alak\u00fa medenc\u00e9vel, fa napoz\u00f3terasszal \u00e9s \u00e1rny\u00e9kos, z\u00f6ldekkel k\u00f6r\u00fclvett pihen\u0151hellyel.\" class=\"aligncenter size-full wp-image-5689\" src=\"https:\/\/doubletakedecor.com\/uploads\/2025\/08\/outdoor-living-space-ideas-dtd-05.jpg\" srcset=\"https:\/\/doubletakedecor.com\/uploads\/2025\/08\/outdoor-living-space-ideas-dtd-05.jpg 700w, https:\/\/doubletakedecor.com\/uploads\/2025\/08\/outdoor-living-space-ideas-dtd-05-200x300.jpg 200w, https:\/\/doubletakedecor.com\/uploads\/2025\/08\/outdoor-living-space-ideas-dtd-05-683x1024.jpg 683w, https:\/\/doubletakedecor.com\/uploads\/2025\/08\/outdoor-living-space-ideas-dtd-05-96x144.jpg 96w, https:\/\/doubletakedecor.com\/uploads\/2025\/08\/outdoor-living-space-ideas-dtd-05-280x420.jpg 280w, https:\/\/doubletakedecor.com\/uploads\/2025\/08\/outdoor-living-space-ideas-dtd-05-320x480.jpg 320w, https:\/\/doubletakedecor.com\/uploads\/2025\/08\/outdoor-living-space-ideas-dtd-05-360x540.jpg 360w, https:\/\/doubletakedecor.com\/uploads\/2025\/08\/outdoor-living-space-ideas-dtd-05-363x545.jpg 363w, https:\/\/doubletakedecor.com\/uploads\/2025\/08\/outdoor-living-space-ideas-dtd-05-370x555.jpg 370w, https:\/\/doubletakedecor.com\/uploads\/2025\/08\/outdoor-living-space-ideas-dtd-05-400x600.jpg 400w, https:\/\/doubletakedecor.com\/uploads\/2025\/08\/outdoor-living-space-ideas-dtd-05-560x840.jpg 560w, https:\/\/doubletakedecor.com\/uploads\/2025\/08\/outdoor-living-space-ideas-dtd-05-480x720.jpg 480w\" sizes=\"auto, (max-width: 700px) 100vw, 700px\" \/><\/p>\n<p>Haszn\u00e1ld ki a medence k\u00f6r\u00fcli teret okosan kialak\u00edtott z\u00f3n\u00e1kkal. Helyezz le napoz\u00f3\u00e1gyakat a napf\u00fcrd\u0151z\u00e9shez, alak\u00edts ki \u00e1rny\u00e9kos, p\u00e1rn\u00e1zott \u00fcl\u0151helyeket a bar\u00e1ti besz\u00e9lget\u00e9sekhez, \u00e9s hagyj elegend\u0151 helyet a mozg\u00e1snak. Gondoskodj naperny\u0151r\u0151l a v\u00e9delem \u00e9rdek\u00e9ben, \u00e9s tegy\u00e9l sok cserepes n\u00f6v\u00e9nyt, hogy m\u00e9g meghittebb legyen ez a k\u00fclt\u00e9ri r\u00e9sz.<\/p>\n<h2>Luxus k\u00fclt\u00e9ri pihen\u0151sarok kandall\u00f3val<\/h2>\n<p><img loading=\"lazy\" decoding=\"async\" width=\"700\" height=\"1050\" alt=\"K\u00e9nyelmes k\u00fclt\u00e9ri t\u00e9r fotelokkal, kis kanap\u00e9val, f\u00e1b\u00f3l k\u00e9sz\u00fclt asztallal \u00e9s t\u00e9glakandall\u00f3val \u2013 t\u00f6k\u00e9letes kikapcsol\u00f3d\u00e1shoz.\" class=\"aligncenter size-full wp-image-5695\" src=\"https:\/\/doubletakedecor.com\/uploads\/2025\/08\/outdoor-living-space-ideas-dtd-06.jpg\" srcset=\"https:\/\/doubletakedecor.com\/uploads\/2025\/08\/outdoor-living-space-ideas-dtd-06.jpg 700w, https:\/\/doubletakedecor.com\/uploads\/2025\/08\/outdoor-living-space-ideas-dtd-06-200x300.jpg 200w, https:\/\/doubletakedecor.com\/uploads\/2025\/08\/outdoor-living-space-ideas-dtd-06-683x1024.jpg 683w, https:\/\/doubletakedecor.com\/uploads\/2025\/08\/outdoor-living-space-ideas-dtd-06-96x144.jpg 96w, https:\/\/doubletakedecor.com\/uploads\/2025\/08\/outdoor-living-space-ideas-dtd-06-280x420.jpg 280w, https:\/\/doubletakedecor.com\/uploads\/2025\/08\/outdoor-living-space-ideas-dtd-06-320x480.jpg 320w, https:\/\/doubletakedecor.com\/uploads\/2025\/08\/outdoor-living-space-ideas-dtd-06-360x540.jpg 360w, https:\/\/doubletakedecor.com\/uploads\/2025\/08\/outdoor-living-space-ideas-dtd-06-363x545.jpg 363w, https:\/\/doubletakedecor.com\/uploads\/2025\/08\/outdoor-living-space-ideas-dtd-06-370x555.jpg 370w, https:\/\/doubletakedecor.com\/uploads\/2025\/08\/outdoor-living-space-ideas-dtd-06-400x600.jpg 400w, https:\/\/doubletakedecor.com\/uploads\/2025\/08\/outdoor-living-space-ideas-dtd-06-560x840.jpg 560w, https:\/\/doubletakedecor.com\/uploads\/2025\/08\/outdoor-living-space-ideas-dtd-06-480x720.jpg 480w\" sizes=\"auto, (max-width: 700px) 100vw, 700px\" \/><\/p>\n<p>Alak\u00edts ki eleg\u00e1ns k\u00fclt\u00e9ri mened\u00e9ket puha, vil\u00e1gos p\u00e1rn\u00e1kkal \u00e9s mint\u00e1s d\u00edszp\u00e1rn\u00e1kkal kirakott \u00fcl\u0151alkalmatoss\u00e1gokkal. Tegy\u00e9l k\u00f6z\u00e9pre egy fa vagy textur\u00e1lt k\u00e1v\u00e9z\u00f3asztalt, \u00e9s emeld ki a teret egy feh\u00e9r t\u00e9glakandall\u00f3val. Sok z\u00f6ldn\u00f6v\u00e9ny er\u0151s\u00edti a priv\u00e1t hangulatot, a feh\u00e9r mennyezet pedig m\u00e9g vil\u00e1gosabb\u00e1 \u00e9s t\u00e1gasabb\u00e1 var\u00e1zsolja a helyet.<\/p>\n<h2>Kort\u00e1rs k\u00fclt\u00e9ri \u00fcl\u0151sarok<\/h2>\n<p><img loading=\"lazy\" decoding=\"async\" width=\"700\" height=\"1050\" alt=\"Sz\u00fcrke sarokkanap\u00e9 mint\u00e1s p\u00e1rn\u00e1kkal \u00e9s kerek asztallal, minimalista sz\u00e9kekkel \u00e9s d\u00fas n\u00f6v\u00e9nyekkel kieg\u00e9sz\u00edtve.\" class=\"aligncenter size-full wp-image-5701\" src=\"https:\/\/doubletakedecor.com\/uploads\/2025\/08\/outdoor-living-space-ideas-dtd-07.jpg\" srcset=\"https:\/\/doubletakedecor.com\/uploads\/2025\/08\/outdoor-living-space-ideas-dtd-07.jpg 700w, https:\/\/doubletakedecor.com\/uploads\/2025\/08\/outdoor-living-space-ideas-dtd-07-200x300.jpg 200w, https:\/\/doubletakedecor.com\/uploads\/2025\/08\/outdoor-living-space-ideas-dtd-07-683x1024.jpg 683w, https:\/\/doubletakedecor.com\/uploads\/2025\/08\/outdoor-living-space-ideas-dtd-07-96x144.jpg 96w, https:\/\/doubletakedecor.com\/uploads\/2025\/08\/outdoor-living-space-ideas-dtd-07-280x420.jpg 280w, https:\/\/doubletakedecor.com\/uploads\/2025\/08\/outdoor-living-space-ideas-dtd-07-320x480.jpg 320w, https:\/\/doubletakedecor.com\/uploads\/2025\/08\/outdoor-living-space-ideas-dtd-07-360x540.jpg 360w, https:\/\/doubletakedecor.com\/uploads\/2025\/08\/outdoor-living-space-ideas-dtd-07-363x545.jpg 363w, https:\/\/doubletakedecor.com\/uploads\/2025\/08\/outdoor-living-space-ideas-dtd-07-370x555.jpg 370w, https:\/\/doubletakedecor.com\/uploads\/2025\/08\/outdoor-living-space-ideas-dtd-07-400x600.jpg 400w, https:\/\/doubletakedecor.com\/uploads\/2025\/08\/outdoor-living-space-ideas-dtd-07-560x840.jpg 560w, https:\/\/doubletakedecor.com\/uploads\/2025\/08\/outdoor-living-space-ideas-dtd-07-480x720.jpg 480w\" sizes=\"auto, (max-width: 700px) 100vw, 700px\" \/><\/p>\n<p>Alapozd meg a k\u00fclt\u00e9ri t\u00e1rsas\u00e1gi teret egy sokoldal\u00fa sz\u00fcrke sarokkanap\u00e9val. Adj hozz\u00e1 mint\u00e1s p\u00e1rn\u00e1kat \u00e9s passzol\u00f3 sz\u00e9keket, hogy izgalmasabb legyen a l\u00e1tv\u00e1ny. Haszn\u00e1lj textur\u00e1lt sz\u0151nyeget a z\u00f3n\u00e1k elv\u00e1laszt\u00e1s\u00e1hoz, \u00e9s helyezz el kis lerak\u00f3asztalokat a praktikuss\u00e1g\u00e9rt. N\u00f6v\u00e9nyekkel \u00e9s d\u00edszt\u00e1rgyakkal m\u00e9g hangulatosabb, bar\u00e1ts\u00e1gosabb lesz a hely.<\/p>\n<h2>Modern k\u00fclt\u00e9ri nappali elrendez\u00e9s<\/h2>\n<p><img loading=\"lazy\" decoding=\"async\" width=\"700\" height=\"1049\" alt=\"Modern k\u00fclt\u00e9ri t\u00e9r vil\u00e1gos kanap\u00e9val, \u00fcveg asztallal, kandall\u00f3val, t\u00e9v\u00e9vel, \u00e9s buja kerttel a h\u00e1tt\u00e9rben az igazi kikapcsol\u00f3d\u00e1shoz.\" class=\"aligncenter size-full wp-image-5707\" src=\"https:\/\/doubletakedecor.com\/uploads\/2025\/08\/outdoor-living-space-ideas-dtd-08.jpg\" srcset=\"https:\/\/doubletakedecor.com\/uploads\/2025\/08\/outdoor-living-space-ideas-dtd-08.jpg 700w, https:\/\/doubletakedecor.com\/uploads\/2025\/08\/outdoor-living-space-ideas-dtd-08-200x300.jpg 200w, https:\/\/doubletakedecor.com\/uploads\/2025\/08\/outdoor-living-space-ideas-dtd-08-683x1024.jpg 683w, https:\/\/doubletakedecor.com\/uploads\/2025\/08\/outdoor-living-space-ideas-dtd-08-96x144.jpg 96w, https:\/\/doubletakedecor.com\/uploads\/2025\/08\/outdoor-living-space-ideas-dtd-08-280x420.jpg 280w, https:\/\/doubletakedecor.com\/uploads\/2025\/08\/outdoor-living-space-ideas-dtd-08-320x480.jpg 320w, https:\/\/doubletakedecor.com\/uploads\/2025\/08\/outdoor-living-space-ideas-dtd-08-360x539.jpg 360w, https:\/\/doubletakedecor.com\/uploads\/2025\/08\/outdoor-living-space-ideas-dtd-08-363x544.jpg 363w, https:\/\/doubletakedecor.com\/uploads\/2025\/08\/outdoor-living-space-ideas-dtd-08-370x554.jpg 370w, https:\/\/doubletakedecor.com\/uploads\/2025\/08\/outdoor-living-space-ideas-dtd-08-400x599.jpg 400w, https:\/\/doubletakedecor.com\/uploads\/2025\/08\/outdoor-living-space-ideas-dtd-08-560x839.jpg 560w, https:\/\/doubletakedecor.com\/uploads\/2025\/08\/outdoor-living-space-ideas-dtd-08-480x719.jpg 480w\" sizes=\"auto, (max-width: 700px) 100vw, 700px\" \/><\/p>\n<p>Alak\u00edts ki sokoldal\u00fa k\u00fclt\u00e9ri sz\u00f3rakoz\u00f3sarkot egy k\u00e9nyelmes L-alak\u00fa kanap\u00e9val, be\u00e9p\u00edtett kandall\u00f3val \u00e9s fali t\u00e9v\u00e9vel. Tegy\u00e9l r\u00e1 term\u00e9szetes anyagb\u00f3l k\u00e9sz\u00fclt sz\u0151nyegeket \u00e9s dobj r\u00e1 p\u00e1r puha p\u00e1rn\u00e1t a k\u00e9nyelemhez. Cserepes n\u00f6v\u00e9nyekkel z\u00f6ld\u00edtsd be a teret, \u00e9s \u00fagy rendezd a b\u00fatorokat, hogy r\u00e1l\u00e1ss a kertre, mik\u00f6zben mindenki k\u00f6nnyen besz\u00e9lgethet egym\u00e1ssal.<\/p>\n<h2>Eleg\u00e1ns terasz \u00e1rny\u00e9kos \u00e9tkez\u0151vel<\/h2>\n<p><img loading=\"lazy\" decoding=\"async\" width=\"700\" height=\"1050\" alt=\"\u00c1rny\u00e9kos terasz f\u00e1b\u00f3l k\u00e9sz\u00fclt \u00e9tkez\u0151asztallal, modern sz\u00e9kekkel, d\u00edszes, k\u00f6ves j\u00e1rd\u00e1val, fedett ki\u00fcl\u0151vel \u00e9s \u00fasz\u00f3medenc\u00e9vel, z\u00f6ldekkel k\u00f6r\u00fclv\u00e9ve.\" class=\"aligncenter size-full wp-image-5713\" src=\"https:\/\/doubletakedecor.com\/uploads\/2025\/08\/outdoor-living-space-ideas-dtd-09.jpg\" srcset=\"https:\/\/doubletakedecor.com\/uploads\/2025\/08\/outdoor-living-space-ideas-dtd-09.jpg 700w, https:\/\/doubletakedecor.com\/uploads\/2025\/08\/outdoor-living-space-ideas-dtd-09-200x300.jpg 200w, https:\/\/doubletakedecor.com\/uploads\/2025\/08\/outdoor-living-space-ideas-dtd-09-683x1024.jpg 683w, https:\/\/doubletakedecor.com\/uploads\/2025\/08\/outdoor-living-space-ideas-dtd-09-96x144.jpg 96w, https:\/\/doubletakedecor.com\/uploads\/2025\/08\/outdoor-living-space-ideas-dtd-09-280x420.jpg 280w, https:\/\/doubletakedecor.com\/uploads\/2025\/08\/outdoor-living-space-ideas-dtd-09-320x480.jpg 320w, https:\/\/doubletakedecor.com\/uploads\/2025\/08\/outdoor-living-space-ideas-dtd-09-360x540.jpg 360w, https:\/\/doubletakedecor.com\/uploads\/2025\/08\/outdoor-living-space-ideas-dtd-09-363x545.jpg 363w, https:\/\/doubletakedecor.com\/uploads\/2025\/08\/outdoor-living-space-ideas-dtd-09-370x555.jpg 370w, https:\/\/doubletakedecor.com\/uploads\/2025\/08\/outdoor-living-space-ideas-dtd-09-400x600.jpg 400w, https:\/\/doubletakedecor.com\/uploads\/2025\/08\/outdoor-living-space-ideas-dtd-09-560x840.jpg 560w, https:\/\/doubletakedecor.com\/uploads\/2025\/08\/outdoor-living-space-ideas-dtd-09-480x720.jpg 480w\" sizes=\"auto, (max-width: 700px) 100vw, 700px\" \/><\/p>\n<p>Kombin\u00e1ld a k\u00fcl\u00f6nb\u00f6z\u0151 funkci\u00f3kat egy sokoldal\u00fa k\u00fclt\u00e9ri t\u00e9rben! Helyezd el az \u00e1rny\u00e9kos \u00e9tkez\u0151t j\u00e1r\u00f3lapokon, alak\u00edts ki fedett pihen\u0151sarkot puha \u00fcl\u0151helyekkel a maxim\u00e1lis laz\u00edt\u00e1shoz. A d\u00edszes k\u00f6ves j\u00e1rda \u00f6sszekapcsolja a z\u00f3n\u00e1kat \u00e9s igaz\u00e1n mutat\u00f3s r\u00e9szlet lesz. Gondos n\u00f6v\u00e9nytelep\u00edt\u00e9ssel m\u00e9g meghittebb \u00e9s hangulatosabb lesz az \u00f6sszhat\u00e1s.<\/p>\n<h2>Eldugott kerti \u00e9tkez\u0151zug<\/h2>\n<p><img loading=\"lazy\" decoding=\"async\" width=\"700\" height=\"1050\" alt=\"Eleg\u00e1ns k\u00fclt\u00e9ri \u00e9tkez\u0151 k\u00f6r alak\u00fa asztallal, sz\u00f6v\u00f6tt sz\u00e9kekkel, friss vir\u00e1gokkal, f\u00e1b\u00f3l k\u00e9sz\u00fclt kapuval \u00e9s s\u0171r\u0171 s\u00f6v\u00e9nnyel keretezve.\" class=\"aligncenter size-full wp-image-5719\" src=\"https:\/\/doubletakedecor.com\/uploads\/2025\/08\/outdoor-living-space-ideas-dtd-10.jpg\" srcset=\"https:\/\/doubletakedecor.com\/uploads\/2025\/08\/outdoor-living-space-ideas-dtd-10.jpg 700w, https:\/\/doubletakedecor.com\/uploads\/2025\/08\/outdoor-living-space-ideas-dtd-10-200x300.jpg 200w, https:\/\/doubletakedecor.com\/uploads\/2025\/08\/outdoor-living-space-ideas-dtd-10-683x1024.jpg 683w, https:\/\/doubletakedecor.com\/uploads\/2025\/08\/outdoor-living-space-ideas-dtd-10-96x144.jpg 96w, https:\/\/doubletakedecor.com\/uploads\/2025\/08\/outdoor-living-space-ideas-dtd-10-280x420.jpg 280w, https:\/\/doubletakedecor.com\/uploads\/2025\/08\/outdoor-living-space-ideas-dtd-10-320x480.jpg 320w, https:\/\/doubletakedecor.com\/uploads\/2025\/08\/outdoor-living-space-ideas-dtd-10-360x540.jpg 360w, https:\/\/doubletakedecor.com\/uploads\/2025\/08\/outdoor-living-space-ideas-dtd-10-363x545.jpg 363w, https:\/\/doubletakedecor.com\/uploads\/2025\/08\/outdoor-living-space-ideas-dtd-10-370x555.jpg 370w, https:\/\/doubletakedecor.com\/uploads\/2025\/08\/outdoor-living-space-ideas-dtd-10-400x600.jpg 400w, https:\/\/doubletakedecor.com\/uploads\/2025\/08\/outdoor-living-space-ideas-dtd-10-560x840.jpg 560w, https:\/\/doubletakedecor.com\/uploads\/2025\/08\/outdoor-living-space-ideas-dtd-10-480x720.jpg 480w\" sizes=\"auto, (max-width: 700px) 100vw, 700px\" \/><\/p>\n<p>Adj saj\u00e1t, nyugodt k\u00fclt\u00e9ri \u00e9tkez\u0151sarkot a kertedhez egy fa kapuval \u00e9s bolt\u00edves bej\u00e1rattal! Ide\u00e1lis egy kerek asztal hozz\u00e1ill\u0151 sz\u00e9kekkel, ami t\u00f6k\u00e9letes bar\u00e1ti vagy csal\u00e1di vacsor\u00e1khoz. Egy kis v\u00e1gott vir\u00e1g az asztal k\u00f6zep\u00e9re j\u00f3l illik a k\u00f6rnyez\u0151 z\u00f6ldekhez. A kapu \u00e9s a magas s\u00f6v\u00e9ny egyr\u00e9szt d\u00edsz\u00edt, m\u00e1sr\u00e9szt igaz\u00e1n priv\u00e1t hangulatot ad, \u00edgy t\u00f6k\u00e9letes hely az \u00e9tkez\u00e9sekhez a szabadban.<\/p>\n<h2>T\u0171zrak\u00f3helyes terasz pihen\u0151<\/h2>\n<p><img loading=\"lazy\" decoding=\"async\" width=\"700\" height=\"1048\" alt=\"Modern terasz k\u00f6zponti t\u0171zrak\u00f3val, sima sz\u00fcrke j\u00e1r\u00f3lapokkal, f\u00e1b\u00f3l k\u00e9sz\u00fclt sz\u00e9kkel \u00e9s buja kertre n\u00e9z\u0151 kil\u00e1t\u00e1ssal, amely h\u00edvogat\u00f3 k\u00fclt\u00e9ri pihen\u0151helyet teremt.\" class=\"aligncenter size-full wp-image-5725\" src=\"https:\/\/doubletakedecor.com\/uploads\/2025\/08\/outdoor-living-space-ideas-dtd-11.jpg\" srcset=\"https:\/\/doubletakedecor.com\/uploads\/2025\/08\/outdoor-living-space-ideas-dtd-11.jpg 700w, https:\/\/doubletakedecor.com\/uploads\/2025\/08\/outdoor-living-space-ideas-dtd-11-200x300.jpg 200w, https:\/\/doubletakedecor.com\/uploads\/2025\/08\/outdoor-living-space-ideas-dtd-11-684x1024.jpg 684w, https:\/\/doubletakedecor.com\/uploads\/2025\/08\/outdoor-living-space-ideas-dtd-11-96x144.jpg 96w, https:\/\/doubletakedecor.com\/uploads\/2025\/08\/outdoor-living-space-ideas-dtd-11-280x419.jpg 280w, https:\/\/doubletakedecor.com\/uploads\/2025\/08\/outdoor-living-space-ideas-dtd-11-320x479.jpg 320w, https:\/\/doubletakedecor.com\/uploads\/2025\/08\/outdoor-living-space-ideas-dtd-11-360x539.jpg 360w, https:\/\/doubletakedecor.com\/uploads\/2025\/08\/outdoor-living-space-ideas-dtd-11-363x543.jpg 363w, https:\/\/doubletakedecor.com\/uploads\/2025\/08\/outdoor-living-space-ideas-dtd-11-370x554.jpg 370w, https:\/\/doubletakedecor.com\/uploads\/2025\/08\/outdoor-living-space-ideas-dtd-11-400x599.jpg 400w, https:\/\/doubletakedecor.com\/uploads\/2025\/08\/outdoor-living-space-ideas-dtd-11-560x838.jpg 560w, https:\/\/doubletakedecor.com\/uploads\/2025\/08\/outdoor-living-space-ideas-dtd-11-480x719.jpg 480w\" sizes=\"auto, (max-width: 700px) 100vw, 700px\" \/><\/p>\n<p>Alak\u00edts ki igaz\u00e1n hangulatos k\u00fclt\u00e9ri tal\u00e1lkoz\u00f3helyet egy k\u00f6r alak\u00fa t\u0171zrak\u00f3val, amit sima sz\u00fcrke j\u00e1r\u00f3lapokra telep\u00edtesz. Tedd k\u00f6rbe k\u00e9nyelmes \u00fcl\u0151helyekkel, \u00e9s \u00fcltess d\u00edszn\u00f6v\u00e9nyeket mell\u00e9, hogy term\u00e9szetesebb legyen a hangulat. A k\u0151 perem nemcsak rusztikus hangulatot ad, de a biztons\u00e1got is n\u00f6veli. Ez a kialak\u00edt\u00e1s t\u00f6k\u00e9letes esti besz\u00e9lget\u00e9sekhez\u2014mert egyszerre praktikus \u00e9s l\u00e1tv\u00e1nyos.<\/p>\n<h2>T\u00f6bbszintes kerti pihen\u0151<\/h2>\n<p><img loading=\"lazy\" decoding=\"async\" width=\"700\" height=\"1049\" alt=\"Teraszos\u00edtott kerti \u00e9lett\u00e9r sz\u00fcrke sarokkanap\u00e9val, f\u00e1b\u00f3l k\u00e9sz\u00fclt doh\u00e1nyz\u00f3asztallal \u00e9s buja z\u00f6ld n\u00f6v\u00e9nyekkel, ami nyugodt mened\u00e9ket eredm\u00e9nyez.\" class=\"aligncenter size-full wp-image-5731\" src=\"https:\/\/doubletakedecor.com\/uploads\/2025\/08\/outdoor-living-space-ideas-dtd-12.jpg\" srcset=\"https:\/\/doubletakedecor.com\/uploads\/2025\/08\/outdoor-living-space-ideas-dtd-12.jpg 700w, https:\/\/doubletakedecor.com\/uploads\/2025\/08\/outdoor-living-space-ideas-dtd-12-200x300.jpg 200w, https:\/\/doubletakedecor.com\/uploads\/2025\/08\/outdoor-living-space-ideas-dtd-12-683x1024.jpg 683w, https:\/\/doubletakedecor.com\/uploads\/2025\/08\/outdoor-living-space-ideas-dtd-12-96x144.jpg 96w, https:\/\/doubletakedecor.com\/uploads\/2025\/08\/outdoor-living-space-ideas-dtd-12-280x420.jpg 280w, https:\/\/doubletakedecor.com\/uploads\/2025\/08\/outdoor-living-space-ideas-dtd-12-320x480.jpg 320w, https:\/\/doubletakedecor.com\/uploads\/2025\/08\/outdoor-living-space-ideas-dtd-12-360x539.jpg 360w, https:\/\/doubletakedecor.com\/uploads\/2025\/08\/outdoor-living-space-ideas-dtd-12-363x544.jpg 363w, https:\/\/doubletakedecor.com\/uploads\/2025\/08\/outdoor-living-space-ideas-dtd-12-370x554.jpg 370w, https:\/\/doubletakedecor.com\/uploads\/2025\/08\/outdoor-living-space-ideas-dtd-12-400x599.jpg 400w, https:\/\/doubletakedecor.com\/uploads\/2025\/08\/outdoor-living-space-ideas-dtd-12-560x839.jpg 560w, https:\/\/doubletakedecor.com\/uploads\/2025\/08\/outdoor-living-space-ideas-dtd-12-480x719.jpg 480w\" sizes=\"auto, (max-width: 700px) 100vw, 700px\" \/><\/p>\n<p>Hozz l\u00e9tre t\u00f6bbszintes k\u00fclt\u00e9ri helyet, ahol a lejt\u0151s kert minden szeglete hasznosul. A f\u0151 szinten helyezz el k\u00e9nyelmes \u00fcl\u0151ket, amelyek id\u0151j\u00e1r\u00e1s\u00e1ll\u00f3 p\u00e1rn\u00e1kkal \u00e9s d\u00edszp\u00e1rn\u00e1kkal teszik bar\u00e1ts\u00e1goss\u00e1 a teret. Sz\u00ednes, k\u00fcl\u00f6nb\u00f6z\u0151 magass\u00e1g\u00fa n\u00f6v\u00e9nyeket tegy\u00e9l ki cserepekben, hogy m\u00e9g izgalmasabb legyen. Teremts napos \u00e9s \u00e1rny\u00e9kos r\u00e9szeket is, \u00edgy az eg\u00e9sz \u00e9vben \u00e9lvezhet\u0151 marad. A k\u00fcl\u00f6nb\u00f6z\u0151 szinteket j\u00f3l l\u00e1that\u00f3 l\u00e9pcs\u0151kkel k\u00f6theted \u00f6ssze, hogy minden egys\u00e9g \u00f6sszhangban legyen.<\/p>\n<h2>Eleg\u00e1ns k\u00fclt\u00e9ri \u00fcl\u0151sarok<\/h2>\n<p><img loading=\"lazy\" decoding=\"async\" width=\"700\" height=\"1049\" alt=\"T\u00e1gas k\u00fclt\u00e9ri \u00e9lett\u00e9r semleges sz\u00edn\u0171 sarokkanap\u00e9val, p\u00e1rn\u00e1kkal, fonott sz\u00e9kekkel \u00e9s rusztikus doh\u00e1nyz\u00f3asztallal, sok z\u00f6ld n\u00f6v\u00e9ny k\u00f6z\u00f6tt.\" class=\"aligncenter size-full wp-image-5737\" src=\"https:\/\/doubletakedecor.com\/uploads\/2025\/08\/outdoor-living-space-ideas-dtd-13.jpg\" srcset=\"https:\/\/doubletakedecor.com\/uploads\/2025\/08\/outdoor-living-space-ideas-dtd-13.jpg 700w, https:\/\/doubletakedecor.com\/uploads\/2025\/08\/outdoor-living-space-ideas-dtd-13-200x300.jpg 200w, https:\/\/doubletakedecor.com\/uploads\/2025\/08\/outdoor-living-space-ideas-dtd-13-683x1024.jpg 683w, https:\/\/doubletakedecor.com\/uploads\/2025\/08\/outdoor-living-space-ideas-dtd-13-96x144.jpg 96w, https:\/\/doubletakedecor.com\/uploads\/2025\/08\/outdoor-living-space-ideas-dtd-13-280x420.jpg 280w, https:\/\/doubletakedecor.com\/uploads\/2025\/08\/outdoor-living-space-ideas-dtd-13-320x480.jpg 320w, https:\/\/doubletakedecor.com\/uploads\/2025\/08\/outdoor-living-space-ideas-dtd-13-360x539.jpg 360w, https:\/\/doubletakedecor.com\/uploads\/2025\/08\/outdoor-living-space-ideas-dtd-13-363x544.jpg 363w, https:\/\/doubletakedecor.com\/uploads\/2025\/08\/outdoor-living-space-ideas-dtd-13-370x554.jpg 370w, https:\/\/doubletakedecor.com\/uploads\/2025\/08\/outdoor-living-space-ideas-dtd-13-400x599.jpg 400w, https:\/\/doubletakedecor.com\/uploads\/2025\/08\/outdoor-living-space-ideas-dtd-13-560x839.jpg 560w, https:\/\/doubletakedecor.com\/uploads\/2025\/08\/outdoor-living-space-ideas-dtd-13-480x719.jpg 480w\" sizes=\"auto, (max-width: 700px) 100vw, 700px\" \/><\/p>\n<p>Alak\u00edts ki kifinomult pihen\u0151helyet egy pihe-puha sarokkanap\u00e9val \u00e9s hozz\u00e1 ill\u0151 fonott sz\u00e9kekkel. Rendezgesd az \u00fcl\u0151b\u00fatorokat egy izgalmas, textur\u00e1lt doh\u00e1nyz\u00f3asztal k\u00f6r\u00e9, hogy egys\u00e9ges legyen az \u00f6sszk\u00e9p. Dobd fel a l\u00e1tv\u00e1nyt semleges sz\u00edn\u0171 p\u00e1rn\u00e1kkal \u00e9s kisebb dekor\u00e1ci\u00f3kkal, p\u00e9ld\u00e1ul v\u00e1z\u00e1kba tett frissz\u00f6lddel. A csemp\u00e9zett padl\u00f3 gondoskodik a letisztult vonalakr\u00f3l, \u00e9s sz\u00e9pen ellens\u00falyozza a term\u00e9szetes k\u00f6rnyezetet.<\/p>\n<h2>Sokoldal\u00fa k\u00fclt\u00e9ri sz\u00f3rakoz\u00f3t\u00e9r<\/h2>\n<p><img loading=\"lazy\" decoding=\"async\" width=\"700\" height=\"1049\" alt=\"F\u00e1b\u00f3l k\u00e9sz\u00fclt \u00e9tkez\u0151asztal feh\u00e9r sz\u00e9kekkel, mellette sz\u00fcrke kanap\u00e9 z\u00f6ld p\u00e1rn\u00e1kkal, feh\u00e9r f\u00fcgg\u00f6ny\u00f6kkel \u00e9s k\u0151b\u0151l \u00e9p\u00fclt kandall\u00f3val.\" class=\"aligncenter size-full wp-image-5743\" src=\"https:\/\/doubletakedecor.com\/uploads\/2025\/08\/outdoor-living-space-ideas-dtd-14.jpg\" srcset=\"https:\/\/doubletakedecor.com\/uploads\/2025\/08\/outdoor-living-space-ideas-dtd-14.jpg 700w, https:\/\/doubletakedecor.com\/uploads\/2025\/08\/outdoor-living-space-ideas-dtd-14-200x300.jpg 200w, https:\/\/doubletakedecor.com\/uploads\/2025\/08\/outdoor-living-space-ideas-dtd-14-683x1024.jpg 683w, https:\/\/doubletakedecor.com\/uploads\/2025\/08\/outdoor-living-space-ideas-dtd-14-96x144.jpg 96w, https:\/\/doubletakedecor.com\/uploads\/2025\/08\/outdoor-living-space-ideas-dtd-14-280x420.jpg 280w, https:\/\/doubletakedecor.com\/uploads\/2025\/08\/outdoor-living-space-ideas-dtd-14-320x480.jpg 320w, https:\/\/doubletakedecor.com\/uploads\/2025\/08\/outdoor-living-space-ideas-dtd-14-360x539.jpg 360w, https:\/\/doubletakedecor.com\/uploads\/2025\/08\/outdoor-living-space-ideas-dtd-14-363x544.jpg 363w, https:\/\/doubletakedecor.com\/uploads\/2025\/08\/outdoor-living-space-ideas-dtd-14-370x554.jpg 370w, https:\/\/doubletakedecor.com\/uploads\/2025\/08\/outdoor-living-space-ideas-dtd-14-400x599.jpg 400w, https:\/\/doubletakedecor.com\/uploads\/2025\/08\/outdoor-living-space-ideas-dtd-14-560x839.jpg 560w, https:\/\/doubletakedecor.com\/uploads\/2025\/08\/outdoor-living-space-ideas-dtd-14-480x719.jpg 480w\" sizes=\"auto, (max-width: 700px) 100vw, 700px\" \/><\/p>\n<p>Alkoss olyan k\u00fclt\u00e9ri \u00e9letteret, ahol egy helyen lehet enni \u00e9s pihenni. A b\u00fatorokat \u00fagy rendezd el, hogy vil\u00e1gos legyen, hol van az \u00e9tkez\u0151 \u00e9s hol a pihen\u0151, mik\u00f6zben a t\u00e9r \u00e1tj\u00e1rhat\u00f3 marad. V\u00e1lassz id\u0151j\u00e1r\u00e1s\u00e1ll\u00f3 anyagokat, hogy sok\u00e1ig sz\u00e9pek legyenek. L\u00e9gies f\u00fcgg\u00f6ny\u00f6kkel elszepar\u00e1lhatod a tereket, \u00fagy hogy k\u00f6zben \u00e1tl\u00e1tsz\u00f3 marad a kil\u00e1t\u00e1s. \u00daj kandall\u00f3 k\u00f6zponti l\u00e1tv\u00e1nyelem lehet, ami eg\u00e9sz \u00e9vben h\u00edvogat\u00f3v\u00e1 teszi az udvart.<\/p>\n<h2>Medenceparti terasz t\u00fcrkiz r\u00e9szletekkel<\/h2>\n<p><img loading=\"lazy\" decoding=\"async\" width=\"700\" height=\"1050\" alt=\"Modern k\u00fclt\u00e9ri \u00e9lett\u00e9r f\u00e1b\u00f3l k\u00e9sz\u00fclt terasszal, medenc\u00e9vel, t\u00fcrkiz p\u00e1rn\u00e1s sarokkanap\u00e9val \u00e9s feh\u00e9r pergola f\u00fcgg\u00f6ny\u00f6kkel, amelyek luxus hangulatot keltenek.\" class=\"aligncenter size-full wp-image-5749\" src=\"https:\/\/doubletakedecor.com\/uploads\/2025\/08\/outdoor-living-space-ideas-dtd-15.jpg\" srcset=\"https:\/\/doubletakedecor.com\/uploads\/2025\/08\/outdoor-living-space-ideas-dtd-15.jpg 700w, https:\/\/doubletakedecor.com\/uploads\/2025\/08\/outdoor-living-space-ideas-dtd-15-200x300.jpg 200w, https:\/\/doubletakedecor.com\/uploads\/2025\/08\/outdoor-living-space-ideas-dtd-15-683x1024.jpg 683w, https:\/\/doubletakedecor.com\/uploads\/2025\/08\/outdoor-living-space-ideas-dtd-15-96x144.jpg 96w, https:\/\/doubletakedecor.com\/uploads\/2025\/08\/outdoor-living-space-ideas-dtd-15-280x420.jpg 280w, https:\/\/doubletakedecor.com\/uploads\/2025\/08\/outdoor-living-space-ideas-dtd-15-320x480.jpg 320w, https:\/\/doubletakedecor.com\/uploads\/2025\/08\/outdoor-living-space-ideas-dtd-15-360x540.jpg 360w, https:\/\/doubletakedecor.com\/uploads\/2025\/08\/outdoor-living-space-ideas-dtd-15-363x545.jpg 363w, https:\/\/doubletakedecor.com\/uploads\/2025\/08\/outdoor-living-space-ideas-dtd-15-370x555.jpg 370w, https:\/\/doubletakedecor.com\/uploads\/2025\/08\/outdoor-living-space-ideas-dtd-15-400x600.jpg 400w, https:\/\/doubletakedecor.com\/uploads\/2025\/08\/outdoor-living-space-ideas-dtd-15-560x840.jpg 560w, https:\/\/doubletakedecor.com\/uploads\/2025\/08\/outdoor-living-space-ideas-dtd-15-480x720.jpg 480w\" sizes=\"auto, (max-width: 700px) 100vw, 700px\" \/><\/p>\n<p>Adj \u00e9l\u00e9nk sz\u00edneket a term\u00e9szetes fa teraszhoz, \u00e9s helyezd \u00fagy az \u00fcl\u0151helyeket, hogy min\u00e9l jobban r\u00e1 lehessen l\u00e1tni a medenc\u00e9re. Tegy\u00e9l \u00e1ttetsz\u0151 f\u00fcgg\u00f6ny\u00f6ket a pergol\u00e1ra\u2014\u00edgy sz\u00fcks\u00e9g eset\u00e9n kicsit elb\u00fajhatsz a k\u00edv\u00e1ncsi szemek el\u0151l, de a f\u00e9ny bejut. Kis asztalokkal tedd k\u00e9nyelmesebb\u00e9 a pihen\u00e9st, cserepes n\u00f6v\u00e9nyekkel pedig m\u00e9g k\u00f6zelebb ker\u00fclhetsz a term\u00e9szethez.<\/p>\n<h2>Kavicsos kert \u00e9l\u00e9nk napoz\u00f3\u00e1gyakkal<\/h2>\n<p><img loading=\"lazy\" decoding=\"async\" width=\"700\" height=\"1049\" alt=\"Modern kavicsos kert narancssz\u00edn\u0171 \u00e9s s\u00f6t\u00e9t napoz\u00f3\u00e1gyakkal, f\u00e9mb\u0151l k\u00e9sz\u00fclt asztallal, d\u00edszf\u00fcvekkel \u00e9s sz\u00ednes n\u00f6v\u00e9nyekkel k\u00f6r\u00fclv\u00e9ve.\" class=\"aligncenter size-full wp-image-5755\" src=\"https:\/\/doubletakedecor.com\/uploads\/2025\/08\/outdoor-living-space-ideas-dtd-16.jpg\" srcset=\"https:\/\/doubletakedecor.com\/uploads\/2025\/08\/outdoor-living-space-ideas-dtd-16.jpg 700w, https:\/\/doubletakedecor.com\/uploads\/2025\/08\/outdoor-living-space-ideas-dtd-16-200x300.jpg 200w, https:\/\/doubletakedecor.com\/uploads\/2025\/08\/outdoor-living-space-ideas-dtd-16-683x1024.jpg 683w, https:\/\/doubletakedecor.com\/uploads\/2025\/08\/outdoor-living-space-ideas-dtd-16-96x144.jpg 96w, https:\/\/doubletakedecor.com\/uploads\/2025\/08\/outdoor-living-space-ideas-dtd-16-280x420.jpg 280w, https:\/\/doubletakedecor.com\/uploads\/2025\/08\/outdoor-living-space-ideas-dtd-16-320x480.jpg 320w, https:\/\/doubletakedecor.com\/uploads\/2025\/08\/outdoor-living-space-ideas-dtd-16-360x539.jpg 360w, https:\/\/doubletakedecor.com\/uploads\/2025\/08\/outdoor-living-space-ideas-dtd-16-363x544.jpg 363w, https:\/\/doubletakedecor.com\/uploads\/2025\/08\/outdoor-living-space-ideas-dtd-16-370x554.jpg 370w, https:\/\/doubletakedecor.com\/uploads\/2025\/08\/outdoor-living-space-ideas-dtd-16-400x599.jpg 400w, https:\/\/doubletakedecor.com\/uploads\/2025\/08\/outdoor-living-space-ideas-dtd-16-560x839.jpg 560w, https:\/\/doubletakedecor.com\/uploads\/2025\/08\/outdoor-living-space-ideas-dtd-16-480x719.jpg 480w\" sizes=\"auto, (max-width: 700px) 100vw, 700px\" \/><\/p>\n<p>Alak\u00edtsd \u00e1t a lejt\u0151s udvart egy modern kavicsos kertt\u00e9. \u00c9p\u00edts megt\u00e1maszt\u00f3 falat, hogy legyenek s\u00edk ter\u00fcletek, majd helyezz el rajtuk sz\u00ednes napoz\u00f3\u00e1gyakat, hogy igaz\u00e1n felt\u0171n\u0151 legyen a l\u00e1tv\u00e1ny. A d\u00edszf\u00fcvek mozgatj\u00e1k a teret, \u00e9s egyben el is takarnak. Rendezz el l\u00e9p\u0151k\u00f6veket, hogy k\u00f6nnyen \u00e1tj\u00e1rhat\u00f3 legyen a kert. Ez az elrendez\u00e9s t\u00f6k\u00e9letes, ha alacsony gondoz\u00e1s\u00fa programot szeretn\u00e9l kintre.<\/p>\n<h2>K\u0151terasz \u00e9tkez\u0151vel<\/h2>\n<p><img loading=\"lazy\" decoding=\"async\" width=\"700\" height=\"1049\" alt=\"Eleg\u00e1ns k\u0151terasz k\u00f6r alak\u00fa \u00e9tkez\u0151asztallal \u00e9s fekete sz\u00e9kekkel, k\u00f6r\u00fcl\u00f6tte n\u00f6v\u00e9nyl\u00e1d\u00e1kkal, h\u00e1tt\u00e9rben rusztikus k\u0151\u00e9p\u00fclettel.\" class=\"aligncenter size-full wp-image-5761\" src=\"https:\/\/doubletakedecor.com\/uploads\/2025\/08\/outdoor-living-space-ideas-dtd-17.jpg\" srcset=\"https:\/\/doubletakedecor.com\/uploads\/2025\/08\/outdoor-living-space-ideas-dtd-17.jpg 700w, https:\/\/doubletakedecor.com\/uploads\/2025\/08\/outdoor-living-space-ideas-dtd-17-200x300.jpg 200w, https:\/\/doubletakedecor.com\/uploads\/2025\/08\/outdoor-living-space-ideas-dtd-17-683x1024.jpg 683w, https:\/\/doubletakedecor.com\/uploads\/2025\/08\/outdoor-living-space-ideas-dtd-17-96x144.jpg 96w, https:\/\/doubletakedecor.com\/uploads\/2025\/08\/outdoor-living-space-ideas-dtd-17-280x420.jpg 280w, https:\/\/doubletakedecor.com\/uploads\/2025\/08\/outdoor-living-space-ideas-dtd-17-320x480.jpg 320w, https:\/\/doubletakedecor.com\/uploads\/2025\/08\/outdoor-living-space-ideas-dtd-17-360x539.jpg 360w, https:\/\/doubletakedecor.com\/uploads\/2025\/08\/outdoor-living-space-ideas-dtd-17-363x544.jpg 363w, https:\/\/doubletakedecor.com\/uploads\/2025\/08\/outdoor-living-space-ideas-dtd-17-370x554.jpg 370w, https:\/\/doubletakedecor.com\/uploads\/2025\/08\/outdoor-living-space-ideas-dtd-17-400x599.jpg 400w, https:\/\/doubletakedecor.com\/uploads\/2025\/08\/outdoor-living-space-ideas-dtd-17-560x839.jpg 560w, https:\/\/doubletakedecor.com\/uploads\/2025\/08\/outdoor-living-space-ideas-dtd-17-480x719.jpg 480w\" sizes=\"auto, (max-width: 700px) 100vw, 700px\" \/><\/p>\n<p>Alkoss izgalmasabb hat\u00e1st k\u00fclt\u00e9ren, ha t\u00f6bbf\u00e9le text\u00far\u00e1j\u00fa k\u00f6vet \u00e9s meleg \u00e1rnyalat\u00fa j\u00e1r\u00f3lapot kombin\u00e1lsz egy helyen. Tedd a k\u00f6r alak\u00fa \u00e9tkez\u0151asztalt k\u00f6z\u00e9ppontba, hogy mindenki k\u00f6nnyen oda\u00fclhessen. Cserepes n\u00f6v\u00e9nyekkel vedd k\u00f6rbe, \u00edgy term\u00e9szetes sz\u00e9ps\u00e9g veszi k\u00f6r\u00fcl az asztalt. Egy v\u00edzj\u00e1t\u00e9k seg\u00edt abban, hogy pihentet\u0151bb legyen a hangulat, napos id\u0151ben pedig egy pergola ad \u00e1rny\u00e9kot. A dekorban igyekezz k\u00f6vetni a h\u00e1zad st\u00edlus\u00e1t, \u00edgy lesz igaz\u00e1n harmonikus az \u00f6sszhat\u00e1s.<\/p>\n<h2>Modern fekete-feh\u00e9r k\u00fclt\u00e9ri \u00e9lett\u00e9r<\/h2>\n<p><img loading=\"lazy\" decoding=\"async\" width=\"700\" height=\"1049\" alt=\"St\u00edlusos k\u00fclt\u00e9ri pihen\u0151 L-alak\u00fa feh\u00e9r kanap\u00e9val, fekete doh\u00e1nyz\u00f3asztallal, mint\u00e1s sz\u0151nyeggel \u00e9s z\u00f6lddel k\u00f6r\u00fclvett \u00e9tkez\u0151vel.\" class=\"aligncenter size-full wp-image-5767\" src=\"https:\/\/doubletakedecor.com\/uploads\/2025\/08\/outdoor-living-space-ideas-dtd-18.jpg\" srcset=\"https:\/\/doubletakedecor.com\/uploads\/2025\/08\/outdoor-living-space-ideas-dtd-18.jpg 700w, https:\/\/doubletakedecor.com\/uploads\/2025\/08\/outdoor-living-space-ideas-dtd-18-200x300.jpg 200w, https:\/\/doubletakedecor.com\/uploads\/2025\/08\/outdoor-living-space-ideas-dtd-18-683x1024.jpg 683w, https:\/\/doubletakedecor.com\/uploads\/2025\/08\/outdoor-living-space-ideas-dtd-18-96x144.jpg 96w, https:\/\/doubletakedecor.com\/uploads\/2025\/08\/outdoor-living-space-ideas-dtd-18-280x420.jpg 280w, https:\/\/doubletakedecor.com\/uploads\/2025\/08\/outdoor-living-space-ideas-dtd-18-320x480.jpg 320w, https:\/\/doubletakedecor.com\/uploads\/2025\/08\/outdoor-living-space-ideas-dtd-18-360x539.jpg 360w, https:\/\/doubletakedecor.com\/uploads\/2025\/08\/outdoor-living-space-ideas-dtd-18-363x544.jpg 363w, https:\/\/doubletakedecor.com\/uploads\/2025\/08\/outdoor-living-space-ideas-dtd-18-370x554.jpg 370w, https:\/\/doubletakedecor.com\/uploads\/2025\/08\/outdoor-living-space-ideas-dtd-18-400x599.jpg 400w, https:\/\/doubletakedecor.com\/uploads\/2025\/08\/outdoor-living-space-ideas-dtd-18-560x839.jpg 560w, https:\/\/doubletakedecor.com\/uploads\/2025\/08\/outdoor-living-space-ideas-dtd-18-480x719.jpg 480w\" sizes=\"auto, (max-width: 700px) 100vw, 700px\" \/><\/p>\n<p>Teremts eleg\u00e1ns hangulatot k\u00fclt\u00e9ren is fekete-feh\u00e9r kieg\u00e9sz\u00edt\u0151kkel! Az L-alak\u00fa kanap\u00e9 adja a k\u00f6zpontot, a mint\u00e1s sz\u0151nyeg pedig term\u00e9szetesen kijel\u00f6li a helyis\u00e9geket. Sok cserepes n\u00f6v\u00e9nnyel hozhatsz egyens\u00falyt a sz\u00ednek k\u00f6z\u00e9, hogy ne legyen t\u00fal komor a t\u00e9r. A faburkolat melegs\u00e9get visz a modern vil\u00e1gba. Ne felejtsd el a k\u00f6zeli \u00e9tkez\u0151sarkot sem, mert \u00edgy minden parti g\u00f6rd\u00fcl\u00e9kenyebb lesz.<\/p>\n<h2>Otthonos, cs\u00edkos teraszpihen\u0151<\/h2>\n<p><img loading=\"lazy\" decoding=\"async\" width=\"700\" height=\"1050\" alt=\"Bar\u00e1ts\u00e1gos terasz sz\u00fcrke sarokkanap\u00e9val, k\u00e9k-feh\u00e9r p\u00e1rn\u00e1kkal, f\u00e1b\u00f3l k\u00e9sz\u00fclt doh\u00e1nyz\u00f3asztallal \u00e9s st\u00edlusos fekete-feh\u00e9r cs\u00edkos sz\u0151nyeggel.\" class=\"aligncenter size-full wp-image-5773\" src=\"https:\/\/doubletakedecor.com\/uploads\/2025\/08\/outdoor-living-space-ideas-dtd-19.jpg\" srcset=\"https:\/\/doubletakedecor.com\/uploads\/2025\/08\/outdoor-living-space-ideas-dtd-19.jpg 700w, https:\/\/doubletakedecor.com\/uploads\/2025\/08\/outdoor-living-space-ideas-dtd-19-200x300.jpg 200w, https:\/\/doubletakedecor.com\/uploads\/2025\/08\/outdoor-living-space-ideas-dtd-19-683x1024.jpg 683w, https:\/\/doubletakedecor.com\/uploads\/2025\/08\/outdoor-living-space-ideas-dtd-19-96x144.jpg 96w, https:\/\/doubletakedecor.com\/uploads\/2025\/08\/outdoor-living-space-ideas-dtd-19-280x420.jpg 280w, https:\/\/doubletakedecor.com\/uploads\/2025\/08\/outdoor-living-space-ideas-dtd-19-320x480.jpg 320w, https:\/\/doubletakedecor.com\/uploads\/2025\/08\/outdoor-living-space-ideas-dtd-19-360x540.jpg 360w, https:\/\/doubletakedecor.com\/uploads\/2025\/08\/outdoor-living-space-ideas-dtd-19-363x545.jpg 363w, https:\/\/doubletakedecor.com\/uploads\/2025\/08\/outdoor-living-space-ideas-dtd-19-370x555.jpg 370w, https:\/\/doubletakedecor.com\/uploads\/2025\/08\/outdoor-living-space-ideas-dtd-19-400x600.jpg 400w, https:\/\/doubletakedecor.com\/uploads\/2025\/08\/outdoor-living-space-ideas-dtd-19-560x840.jpg 560w, https:\/\/doubletakedecor.com\/uploads\/2025\/08\/outdoor-living-space-ideas-dtd-19-480x720.jpg 480w\" sizes=\"auto, (max-width: 700px) 100vw, 700px\" \/><\/p>\n<p>Alak\u00edts ki csendes, nyugodt pihen\u0151helyet odakint, ahol a k\u00e9nyelem \u00e9s a st\u00edlus j\u00f3l megf\u00e9r egym\u00e1s mellett. A semleges sz\u00edn\u0171 sarokkanap\u00e9t dobd fel k\u00e9k cs\u00edkos p\u00e1rn\u00e1kkal, a karaktert pedig egy vag\u00e1ny cs\u00edkos sz\u0151nyeggel er\u0151s\u00edtsd meg. Egy fa doh\u00e1nyz\u00f3asztallal praktikus is lesz a t\u00e9r, a puha pl\u00e9dek pedig k\u00f6zelebb hozz\u00e1k egym\u00e1shoz a csal\u00e1dot a h\u0171v\u00f6sebb est\u00e9ken.<\/p>\n<h2>Kerti k\u0151\u00f6sv\u00e9ny vid\u00e9ki st\u00edlusban<\/h2>\n<p><img loading=\"lazy\" decoding=\"async\" width=\"700\" height=\"1049\" alt=\"B\u00e1jos n\u00e1dtet\u0151s h\u00e1zik\u00f3 kanyarg\u00f3s k\u0151\u00f6sv\u00e9nnyel a sz\u00ednes vir\u00e1g\u00e1gy\u00e1sok k\u00f6z\u00f6tt, k\u00fclt\u00e9ri \u00e9tkez\u0151vel a k\u0151teraszra helyezve.\" class=\"aligncenter size-full wp-image-5779\" src=\"https:\/\/doubletakedecor.com\/uploads\/2025\/08\/outdoor-living-space-ideas-dtd-20.jpg\" srcset=\"https:\/\/doubletakedecor.com\/uploads\/2025\/08\/outdoor-living-space-ideas-dtd-20.jpg 700w, https:\/\/doubletakedecor.com\/uploads\/2025\/08\/outdoor-living-space-ideas-dtd-20-200x300.jpg 200w, https:\/\/doubletakedecor.com\/uploads\/2025\/08\/outdoor-living-space-ideas-dtd-20-683x1024.jpg 683w, https:\/\/doubletakedecor.com\/uploads\/2025\/08\/outdoor-living-space-ideas-dtd-20-96x144.jpg 96w, https:\/\/doubletakedecor.com\/uploads\/2025\/08\/outdoor-living-space-ideas-dtd-20-280x420.jpg 280w, https:\/\/doubletakedecor.com\/uploads\/2025\/08\/outdoor-living-space-ideas-dtd-20-320x480.jpg 320w, https:\/\/doubletakedecor.com\/uploads\/2025\/08\/outdoor-living-space-ideas-dtd-20-360x539.jpg 360w, https:\/\/doubletakedecor.com\/uploads\/2025\/08\/outdoor-living-space-ideas-dtd-20-363x544.jpg 363w, https:\/\/doubletakedecor.com\/uploads\/2025\/08\/outdoor-living-space-ideas-dtd-20-370x554.jpg 370w, https:\/\/doubletakedecor.com\/uploads\/2025\/08\/outdoor-living-space-ideas-dtd-20-400x599.jpg 400w, https:\/\/doubletakedecor.com\/uploads\/2025\/08\/outdoor-living-space-ideas-dtd-20-560x839.jpg 560w, https:\/\/doubletakedecor.com\/uploads\/2025\/08\/outdoor-living-space-ideas-dtd-20-480x719.jpg 480w\" sizes=\"auto, (max-width: 700px) 100vw, 700px\" \/><\/p>\n<p>Rakj le szab\u00e1lytalan form\u00e1j\u00fa k\u00f6vekb\u0151l kanyarg\u00f3s \u00f6sv\u00e9nyt, \u00edgy egyszerre lesz hangulatos \u00e9s term\u00e9szetes a kert. Az \u00fat mell\u00e9 \u00fcltess \u00e9l\u00e9nk sz\u00edn\u0171 \u00e9vel\u0151ket, hogy minden \u00e9vszakban legyen mi\u00e9rt r\u00e1csod\u00e1lkozni. Az ilyen k\u0151 j\u00f3l illik klasszikus vagy ak\u00e1r modern kertekhez, \u00e9s k\u00f6nnyen eljutsz a kert minden pontj\u00e1ra. Gondoskodj a szeg\u00e9lyekr\u0151l is, hogy mindig rendezett maradjon az \u00f6sv\u00e9ny.<\/p>\n<h2>Eleg\u00e1ns, feh\u00e9r k\u00fclt\u00e9ri lounge<\/h2>\n<p><img loading=\"lazy\" decoding=\"async\" width=\"700\" height=\"1049\" alt=\"St\u00edlusos k\u00fclt\u00e9ri t\u00e9r feh\u00e9r kanap\u00e9kkal, rusztikus doh\u00e1nyz\u00f3asztallal \u00e9s pavilonnal, n\u00f6v\u00e9nyekkel k\u00f6r\u00fclv\u00e9ve, ami ide\u00e1lis pihen\u0151helyet k\u00edn\u00e1l.\" class=\"aligncenter size-full wp-image-5785\" src=\"https:\/\/doubletakedecor.com\/uploads\/2025\/08\/outdoor-living-space-ideas-dtd-21.jpg\" srcset=\"https:\/\/doubletakedecor.com\/uploads\/2025\/08\/outdoor-living-space-ideas-dtd-21.jpg 700w, https:\/\/doubletakedecor.com\/uploads\/2025\/08\/outdoor-living-space-ideas-dtd-21-200x300.jpg 200w, https:\/\/doubletakedecor.com\/uploads\/2025\/08\/outdoor-living-space-ideas-dtd-21-683x1024.jpg 683w, https:\/\/doubletakedecor.com\/uploads\/2025\/08\/outdoor-living-space-ideas-dtd-21-96x144.jpg 96w, https:\/\/doubletakedecor.com\/uploads\/2025\/08\/outdoor-living-space-ideas-dtd-21-280x420.jpg 280w, https:\/\/doubletakedecor.com\/uploads\/2025\/08\/outdoor-living-space-ideas-dtd-21-320x480.jpg 320w, https:\/\/doubletakedecor.com\/uploads\/2025\/08\/outdoor-living-space-ideas-dtd-21-360x539.jpg 360w, https:\/\/doubletakedecor.com\/uploads\/2025\/08\/outdoor-living-space-ideas-dtd-21-363x544.jpg 363w, https:\/\/doubletakedecor.com\/uploads\/2025\/08\/outdoor-living-space-ideas-dtd-21-370x554.jpg 370w, https:\/\/doubletakedecor.com\/uploads\/2025\/08\/outdoor-living-space-ideas-dtd-21-400x599.jpg 400w, https:\/\/doubletakedecor.com\/uploads\/2025\/08\/outdoor-living-space-ideas-dtd-21-560x839.jpg 560w, https:\/\/doubletakedecor.com\/uploads\/2025\/08\/outdoor-living-space-ideas-dtd-21-480x719.jpg 480w\" sizes=\"auto, (max-width: 700px) 100vw, 700px\" \/><\/p>\n<p>K\u00e9sz\u00edts igaz\u00e1n eleg\u00e1ns k\u00fclt\u00e9ri pihen\u0151sarkot nagy, feh\u00e9r kanap\u00e9kkal \u00e9s sz\u00ednben passzol\u00f3, izgalmas p\u00e1rn\u00e1kkal. A k\u00f6z\u00e9pre helyezett rusztikus fa asztal megt\u00f6ri a letisztult vonalakat. Fapadl\u00f3val m\u00e9g otthonosabb lesz a hangulat, a pavilon vagy kerti h\u00e1z pedig \u00e1rny\u00e9kot \u00e9s egy\u00e9rtelm\u0171 elhat\u00e1rol\u00e1st ad a helynek. Vedd k\u00f6rbe a teret cserepes n\u00f6v\u00e9nyekkel, \u00edgy csendes, eldugott mened\u00e9ked lesz a term\u00e9szetben is.<\/p>\n<h2>Term\u00e9szetes pergol\u00e1s \u00e9tkez\u0151<\/h2>\n<p><img loading=\"lazy\" decoding=\"async\" width=\"700\" height=\"1050\" alt=\"B\u00e1jos k\u00fclt\u00e9ri \u00e9tkez\u0151 f\u00e1b\u00f3l k\u00e9sz\u00fclt asztallal, feh\u00e9r sz\u00e9kekkel, friss gy\u00fcm\u00f6lcs\u00f6kkel, \u00e9s a pergol\u00e1r\u00f3l lecs\u00fcng\u0151 z\u00f6ld n\u00f6v\u00e9nyekkel.\" class=\"aligncenter size-full wp-image-5791\" src=\"https:\/\/doubletakedecor.com\/uploads\/2025\/08\/outdoor-living-space-ideas-dtd-22.jpg\" srcset=\"https:\/\/doubletakedecor.com\/uploads\/2025\/08\/outdoor-living-space-ideas-dtd-22.jpg 700w, https:\/\/doubletakedecor.com\/uploads\/2025\/08\/outdoor-living-space-ideas-dtd-22-200x300.jpg 200w, https:\/\/doubletakedecor.com\/uploads\/2025\/08\/outdoor-living-space-ideas-dtd-22-683x1024.jpg 683w, https:\/\/doubletakedecor.com\/uploads\/2025\/08\/outdoor-living-space-ideas-dtd-22-96x144.jpg 96w, https:\/\/doubletakedecor.com\/uploads\/2025\/08\/outdoor-living-space-ideas-dtd-22-280x420.jpg 280w, https:\/\/doubletakedecor.com\/uploads\/2025\/08\/outdoor-living-space-ideas-dtd-22-320x480.jpg 320w, https:\/\/doubletakedecor.com\/uploads\/2025\/08\/outdoor-living-space-ideas-dtd-22-360x540.jpg 360w, https:\/\/doubletakedecor.com\/uploads\/2025\/08\/outdoor-living-space-ideas-dtd-22-363x545.jpg 363w, https:\/\/doubletakedecor.com\/uploads\/2025\/08\/outdoor-living-space-ideas-dtd-22-370x555.jpg 370w, https:\/\/doubletakedecor.com\/uploads\/2025\/08\/outdoor-living-space-ideas-dtd-22-400x600.jpg 400w, https:\/\/doubletakedecor.com\/uploads\/2025\/08\/outdoor-living-space-ideas-dtd-22-560x840.jpg 560w, https:\/\/doubletakedecor.com\/uploads\/2025\/08\/outdoor-living-space-ideas-dtd-22-480x720.jpg 480w\" sizes=\"auto, (max-width: 700px) 100vw, 700px\" \/><\/p>\n<p>Teremts \u00e9tkez\u0151 o\u00e1zist a kertben! Egy rusztikus faasztalhoz v\u00e1lassz egyszer\u0171 feh\u00e9r sz\u00e9keket, \u00e9s helyezd \u0151ket lugas, pergola al\u00e1, amit fut\u00f3n\u00f6v\u00e9nyekkel d\u00edsz\u00edthetsz. Esti alkalmakra tegy\u00e9l fel l\u00e1mp\u00e1sokat, hogy bens\u0151s\u00e9ges legyen a hangulat. Soksz\u00edn\u0171 gy\u00fcm\u00f6lcs\u00f6kb\u0151l csin\u00e1lj asztald\u00edszt, a cserepes n\u00f6v\u00e9nyek pedig term\u00e9szetes m\u00f3don v\u00e1lasztj\u00e1k el az \u00e9tkez\u0151r\u00e9szt \u00e9s meg\u0151rzik a kert egys\u00e9g\u00e9t.<\/p>\n<h2>K\u0151 t\u0171zrak\u00f3hely fa \u00fcl\u0151helyekkel<\/h2>\n<p><img loading=\"lazy\" decoding=\"async\" width=\"700\" height=\"1050\" alt=\"K\u0151b\u0151l \u00e9p\u00fclt t\u0171zrak\u00f3hely fa sz\u00e9kekkel, h\u00edvogat\u00f3 k\u00fclt\u00e9ri besz\u00e9lget\u0151sarokk\u00e9nt, egy fedett terasz \u00e9s d\u00fas n\u00f6v\u00e9nyzet k\u00f6zel\u00e9ben.\" class=\"aligncenter size-full wp-image-5797\" src=\"https:\/\/doubletakedecor.com\/uploads\/2025\/08\/outdoor-living-space-ideas-dtd-23.jpg\" srcset=\"https:\/\/doubletakedecor.com\/uploads\/2025\/08\/outdoor-living-space-ideas-dtd-23.jpg 700w, https:\/\/doubletakedecor.com\/uploads\/2025\/08\/outdoor-living-space-ideas-dtd-23-200x300.jpg 200w, https:\/\/doubletakedecor.com\/uploads\/2025\/08\/outdoor-living-space-ideas-dtd-23-683x1024.jpg 683w, https:\/\/doubletakedecor.com\/uploads\/2025\/08\/outdoor-living-space-ideas-dtd-23-96x144.jpg 96w, https:\/\/doubletakedecor.com\/uploads\/2025\/08\/outdoor-living-space-ideas-dtd-23-280x420.jpg 280w, https:\/\/doubletakedecor.com\/uploads\/2025\/08\/outdoor-living-space-ideas-dtd-23-320x480.jpg 320w, https:\/\/doubletakedecor.com\/uploads\/2025\/08\/outdoor-living-space-ideas-dtd-23-360x540.jpg 360w, https:\/\/doubletakedecor.com\/uploads\/2025\/08\/outdoor-living-space-ideas-dtd-23-363x545.jpg 363w, https:\/\/doubletakedecor.com\/uploads\/2025\/08\/outdoor-living-space-ideas-dtd-23-370x555.jpg 370w, https:\/\/doubletakedecor.com\/uploads\/2025\/08\/outdoor-living-space-ideas-dtd-23-400x600.jpg 400w, https:\/\/doubletakedecor.com\/uploads\/2025\/08\/outdoor-living-space-ideas-dtd-23-560x840.jpg 560w, https:\/\/doubletakedecor.com\/uploads\/2025\/08\/outdoor-living-space-ideas-dtd-23-480x720.jpg 480w\" sizes=\"auto, (max-width: 700px) 100vw, 700px\" \/><\/p>\n<p>Legyen igazi k\u00f6z\u00e9ppont a kertben egy k\u0151 t\u0171zrak\u00f3 hely, amit k\u00f6rbe vesznek fa sz\u00e9kek. Fontos, hogy el\u00e9g messze legyen a teraszt\u00f3l \u00e9s a h\u00e1zt\u00f3l, de a t\u00e1rsas\u00e1g k\u00e9nyelmesen le tudjon \u00fclni. Dekor\u00e1ld d\u00edszk\u00f6vekkel a helyet, ami egyszerre sz\u00e9p \u00e9s seg\u00edt sziv\u00e1rogni a v\u00edznek. Gondos n\u00f6v\u00e9nyv\u00e1laszt\u00e1ssal m\u00e9g bar\u00e1ts\u00e1gosabb\u00e1 teheted a besz\u00e9lget\u0151sarkot.<\/p>\n<h2>Teraszpihen\u0151 vegyes burkolattal<\/h2>\n<p><img loading=\"lazy\" decoding=\"async\" width=\"700\" height=\"1050\" alt=\"Otthonos k\u00fclt\u00e9ri \u00e9lett\u00e9r vil\u00e1gos kanap\u00e9val, fonott sz\u00e9kekkel \u00e9s fa doh\u00e1nyz\u00f3asztallal, t\u00e9gla \u00e9s macskak\u0151 burkolaton, sok z\u00f6ld n\u00f6v\u00e9ny k\u00f6z\u00f6tt.\" class=\"aligncenter size-full wp-image-5803\" src=\"https:\/\/doubletakedecor.com\/uploads\/2025\/08\/outdoor-living-space-ideas-dtd-24.jpg\" srcset=\"https:\/\/doubletakedecor.com\/uploads\/2025\/08\/outdoor-living-space-ideas-dtd-24.jpg 700w, https:\/\/doubletakedecor.com\/uploads\/2025\/08\/outdoor-living-space-ideas-dtd-24-200x300.jpg 200w, https:\/\/doubletakedecor.com\/uploads\/2025\/08\/outdoor-living-space-ideas-dtd-24-683x1024.jpg 683w, https:\/\/doubletakedecor.com\/uploads\/2025\/08\/outdoor-living-space-ideas-dtd-24-96x144.jpg 96w, https:\/\/doubletakedecor.com\/uploads\/2025\/08\/outdoor-living-space-ideas-dtd-24-280x420.jpg 280w, https:\/\/doubletakedecor.com\/uploads\/2025\/08\/outdoor-living-space-ideas-dtd-24-320x480.jpg 320w, https:\/\/doubletakedecor.com\/uploads\/2025\/08\/outdoor-living-space-ideas-dtd-24-360x540.jpg 360w, https:\/\/doubletakedecor.com\/uploads\/2025\/08\/outdoor-living-space-ideas-dtd-24-363x545.jpg 363w, https:\/\/doubletakedecor.com\/uploads\/2025\/08\/outdoor-living-space-ideas-dtd-24-370x555.jpg 370w, https:\/\/doubletakedecor.com\/uploads\/2025\/08\/outdoor-living-space-ideas-dtd-24-400x600.jpg 400w, https:\/\/doubletakedecor.com\/uploads\/2025\/08\/outdoor-living-space-ideas-dtd-24-560x840.jpg 560w, https:\/\/doubletakedecor.com\/uploads\/2025\/08\/outdoor-living-space-ideas-dtd-24-480x720.jpg 480w\" sizes=\"auto, (max-width: 700px) 100vw, 700px\" \/><\/p>\n<p>Hozz l\u00e9tre besz\u00e9lget\u0151sarkot \u00fagy, hogy fonott sz\u00e9keket kombin\u00e1lsz pihe-puha kanap\u00e9val, amelyeket vegyes (t\u00e9gla \u00e9s macskak\u0151) burkolatra helyezel. A k\u00f6rny\u00e9ken gondosan \u00fcltess meg n\u00e9h\u00e1ny nagyobb z\u00f6ld n\u00f6v\u00e9nyt, hogy term\u00e9szetes legyen a t\u00e9rhat\u00e1r. \u00dagy \u00fcltesd le a vend\u00e9geket, hogy a h\u00e1z bej\u00e1rata fel\u00e9 n\u00e9zzenek, \u00edgy az udvar \u00e9s a nappali k\u00f6z\u00f6tt val\u00f3di kapcsolat alakul ki. Mindig v\u00e1lassz id\u0151j\u00e1r\u00e1s\u00e1ll\u00f3 textileket, hogy akkor is puha \u00e9s otthonos maradjon a hely, ha j\u00f6n a rossz id\u0151.<\/p>\n<h2>GYIK<\/h2>\n<details class=\"g-accordion \"><summary><h3>Milyen \u00f6tletek vannak a k\u00fclt\u00e9ri \u00e9lett\u00e9r kialak\u00edt\u00e1s\u00e1ra?<\/h3><\/summary>\n<p>Meg\u00faj\u00edthatod a kertedet, \u00e9s \u00edgy a h\u00e1ts\u00f3 udvarb\u00f3l egy kellemes, pihen\u00e9sre \u00e9s vend\u00e9gfogad\u00e1sra t\u00f6k\u00e9letes o\u00e1zist var\u00e1zsolhatsz. \u00cdme n\u00e9h\u00e1ny inspir\u00e1l\u00f3 \u00f6tlet a megval\u00f3s\u00edt\u00e1shoz:<\/p>\n<ul>\n<li><strong>Alak\u00edts ki hangulatos teraszt<\/strong>: v\u00e1lassz puha, k\u00e9nyelmes k\u00fclt\u00e9ri kanap\u00e9kat vagy foteleket, \u00edgy igaz\u00e1n h\u00edvogat\u00f3 lesz a hely,<\/li>\n<li><strong>\u00c9p\u00edts t\u0171zrak\u00f3helyet<\/strong>: \u00edgy nemcsak meleget adsz a h\u0171v\u0151sebb est\u00e9kre, hanem kellemes hangulatot is teremtesz k\u00f6z\u00f6s \u00f6sszej\u00f6vetelekre,<\/li>\n<li><strong>Helyezz el v\u00edzfel\u00fcletet<\/strong>: egy kis t\u00f3 vagy sz\u00f6k\u0151k\u00fat nyugalmat sug\u00e1roz, mik\u00f6zben igaz\u00e1n l\u00e1tv\u00e1nyos d\u00edsz lesz,<\/li>\n<li><strong>Hozz l\u00e9tre k\u00fclt\u00e9ri konyh\u00e1t<\/strong>: ak\u00e1r egy grillez\u0151vel \u00e9s el\u0151k\u00e9sz\u00edt\u0151 pulttal, hogy \u00e9lvezetes legyen a szabadt\u00e9ri \u00e9tkez\u00e9s,<\/li>\n<li><strong>\u00c1rny\u00e9kolj pergol\u00e1val<\/strong>: a pergola egyszerre ad \u00e1rny\u00e9kot, sz\u00e9ps\u00e9get \u00e9s k\u00fcl\u00f6nleges hangulatot,<\/li>\n<li><strong>D\u00edszvil\u00e1g\u00edt\u00e1s<\/strong>: f\u00e9nyf\u00fcz\u00e9rekkel vagy l\u00e1mp\u00e1sokkal meleg, bar\u00e1ts\u00e1gos f\u00e9nyt var\u00e1zsolhatsz a kertedbe,<\/li>\n<li><strong>Sz\u00ednes n\u00f6v\u00e9nyek \u00e9s sz\u0151nyegek<\/strong>: n\u00f6v\u00e9nyekkel, k\u00fclt\u00e9ri sz\u0151nyegekkel \u00e9l\u00e9nk\u00edtheted a teret, \u00e9s j\u00f3l elk\u00fcl\u00f6n\u00edtheted a k\u00fcl\u00f6nb\u00f6z\u0151 z\u00f3n\u00e1kat,<\/li>\n<li><strong>Praktikus t\u00e1rol\u00e1s<\/strong>: okos t\u00e1rol\u00f3helyekkel rendet tarthatsz, hogy minden k\u00f6nnyen elf\u00e9rjen.<\/li>\n<\/ul>\n<p>Ha ezeket az \u00f6tleteket kombin\u00e1lod, a kerted nemcsak szebb, hanem praktikusabb is lesz \u2013 igazi \u201elak\u00f3szob\u00e1v\u00e1\u201d v\u00e1lik a szabad \u00e9g alatt.<\/p>\n<\/details><details class=\"g-accordion \"><summary><h3>Hogyan lehet olcs\u00f3n k\u00fclt\u00e9ri \u00e9letteret kialak\u00edtani?<\/h3><\/summary>\n<p>A p\u00e9nzt\u00e1rcabar\u00e1t kertberendez\u00e9s kreativit\u00e1st \u00e9s lelem\u00e9nyt ig\u00e9nyel. Kezdd azzal, hogy feldobod a r\u00e9gi kerti b\u00fatoraidat \u00faj p\u00e1rn\u00e1kkal vagy pl\u00e9dekkel \u2013 ett\u0151l m\u00e1ris teljesen m\u00e1s hangulata lesz. A f\u00e9nyf\u00fcz\u00e9rek olcs\u00f3n teremtenek meghitt l\u00e9gk\u00f6rt.<\/p>\n<ul>\n<li>Sz\u00ednes vir\u00e1gokkal, cserepes n\u00f6v\u00e9nyekkel vid\u00e1ms\u00e1got vihetsz a kertbe \u2013 k\u00f6lts\u00e9ghat\u00e9kony, m\u00e9gis l\u00e1tv\u00e1nyos megold\u00e1s,<\/li>\n<li>R\u00e9gi belt\u00e9ri t\u00e1rgyakb\u00f3l is lehet egyedi dekor\u00e1ci\u00f3: p\u00e9ld\u00e1ul egy r\u00e9gi l\u00e9tr\u00e1b\u00f3l remek vir\u00e1gtart\u00f3 v\u00e1zhat\u00f3,<\/li>\n<li>A bark\u00e1csprojektek is divatosak \u00e9s hasznosak lehetnek, szinte fill\u00e9rekb\u0151l.<\/li>\n<\/ul>\n<p>K\u00e9sz\u00edthetsz t\u0171zrak\u00f3helyet k\u00f6vekb\u0151l, vagy raklapb\u00f3l egyszer\u0171 \u00fcl\u0151alkalmatoss\u00e1gokat. A m\u00e1r megl\u00e9v\u0151 b\u00fatorokat \u00fajrafestve vagy p\u00e1colva teljesen \u00fajj\u00e1 var\u00e1zsolhatod an\u00e9lk\u00fcl, hogy \u00fajat venn\u00e9l.<\/p>\n<p>Turk\u00e1l\u00f3kban \u00e9s gar\u00e1zsv\u00e1s\u00e1rokon is tal\u00e1lhatsz egyedi kerti d\u00edszeket j\u00f3 \u00e1ron. Az olcs\u00f3 napelemes l\u00e1mp\u00e1k szint\u00e9n feldobj\u00e1k a teret, r\u00e1ad\u00e1sul praktikusak is.<\/p>\n<p>\u00d6sv\u00e9nyeket murv\u00e1val vagy fak\u00e9reggel k\u00f6nnyen kijel\u00f6lhetsz, a kem\u00e9nyebb, sz\u00e1razs\u00e1gt\u0171r\u0151 n\u00f6v\u00e9nyekkel pedig a gondoz\u00e1sra is kevesebb id\u0151t kell ford\u00edtanod.<\/p>\n<p><strong>Ezekkel az egyszer\u0171, p\u00e9nzt\u00e1rcabar\u00e1t \u00f6tletekkel k\u00f6nnyed\u00e9n kialak\u00edthatsz egyedi \u00e9s hangulatos k\u00fclt\u00e9ri teret \u2013 an\u00e9lk\u00fcl, hogy t\u00falk\u00f6ltekezn\u00e9l.<\/strong><\/p>\n<\/details><details class=\"g-accordion \"><summary><h3>Milyen elemek teszik jobb\u00e1 a k\u00fclt\u00e9ri \u00e9letteret?<\/h3><\/summary>\n<p>A k\u00fclt\u00e9ri lak\u00f3t\u00e9r \u00e1talak\u00edt\u00e1s\u00e1hoz fontos, hogy egyszerre legyen praktikus \u00e9s sz\u00e9p. K\u00e9nyelmes \u00fcl\u0151alkalmatoss\u00e1gokkal \u2013 p\u00e9ld\u00e1ul szekcion\u00e1lt kanap\u00e9kkal vagy pihen\u0151sz\u00e9kekkel \u2013 teremthetsz igazi pihen\u0151sarkot \u00e9s helyet a bar\u00e1ti besz\u00e9lget\u00e9sekhez. Olyan <strong>id\u0151j\u00e1r\u00e1s\u00e1ll\u00f3 b\u00fatorokat<\/strong> v\u00e1lassz, amelyek sok\u00e1ig b\u00edrj\u00e1k a kint l\u00e9tet.<\/p>\n<ul>\n<li>D\u00edszvil\u00e1g\u00edt\u00e1ssal \u2013 p\u00e9ld\u00e1ul f\u00e9nyf\u00fcz\u00e9rekkel vagy l\u00e1mp\u00e1sokkal \u2013 igazi var\u00e1zslatot k\u00f6lcs\u00f6n\u00f6zhetsz az est\u00e9nek,<\/li>\n<li>A napelemes j\u00e1rdal\u00e1mp\u00e1k nemcsak biztons\u00e1got, hanem b\u00e1jos hangulatot is adnak,<\/li>\n<li>A kl\u00edm\u00e1hoz ill\u0151 n\u00f6v\u00e9nyekkel, vir\u00e1g\u00e1gy\u00e1sokkal vagy bokrokkal szebb\u00e9 teheted a kertet, \u00e9s j\u00f3l elk\u00fcl\u00f6n\u00edtheted a k\u00fcl\u00f6nb\u00f6z\u0151 r\u00e9szeket is.<\/li>\n<\/ul>\n<p>Hasznos, ha van praktikus t\u00e1rol\u00f3 is, hogy mindig rend legyen. <strong>A t\u0171zrak\u00f3hely melegen tart<\/strong>, \u00edgy h\u0171v\u0151sebb est\u00e9ken is sz\u00edvesen \u00fclt\u00f6k majd ki. A pergola nemcsak \u00e1rny\u00e9kot ad, hanem l\u00e1tv\u00e1nyos \u00e9p\u00edt\u00e9szeti elem is.<\/p>\n<ul>\n<li>Ha nyugalmat szeretn\u00e9l, egy kis t\u00f3 vagy sz\u00f6k\u0151k\u00fat remek v\u00e1laszt\u00e1s,<\/li>\n<li>A k\u00fclt\u00e9ri konyha \u00e9s grill pedig lehet\u0151s\u00e9get ad a k\u00f6z\u00f6s, szabadt\u00e9ri s\u00fct\u00e9sekhez \u00e9s vend\u00e9gl\u00e1t\u00e1shoz.<\/li>\n<li>Ha ezeket tudatosan kombin\u00e1lod, a k\u00fclt\u00e9ri t\u00e9r a lak\u00e1sod meghosszabb\u00edtott r\u00e9sz\u00e9v\u00e9 v\u00e1lhat.<\/li>\n<\/ul>\n<\/details><details class=\"g-accordion \"><summary><h3>Hogyan lehet k\u00fcl\u00f6nb\u00f6z\u0151 k\u00fclt\u00e9ri z\u00f3n\u00e1kat kialak\u00edtani?<\/h3><\/summary>\n<p>A kerted akkor lesz igaz\u00e1n sokoldal\u00fa \u00e9s sz\u00e9p, ha k\u00fcl\u00f6n\u00e1ll\u00f3 k\u00fclt\u00e9ri z\u00f3n\u00e1kat is teremtesz benne. Gondold \u00e1t, mire szeretn\u00e9d haszn\u00e1lni az egyes r\u00e9szeket \u2013 p\u00e9ld\u00e1ul \u00e9tkez\u00e9shez, pihen\u00e9shez vagy j\u00e1t\u00e9khoz. A terek finom elv\u00e1laszt\u00e1s\u00e1hoz haszn\u00e1lhatsz p\u00e9ld\u00e1ul k\u00fcl\u00f6nb\u00f6z\u0151 magass\u00e1gba akasztott k\u00f6nny\u0171, fonott l\u00e1mp\u00e1kat is.<\/p>\n<p><strong>A k\u00e9nyelem mindig fontos<\/strong>: v\u00e1lassz k\u00e9nyelmes k\u00fclt\u00e9ri b\u00fatorokat, p\u00e9ld\u00e1ul szekcion\u00e1lt kanap\u00e9kat vagy k\u00fclt\u00e9ri \u00e9tkez\u0151szetteket. Egy t\u0171zrak\u00f3hely vagy szabadt\u00e9ri kandall\u00f3 meleg kuck\u00f3t ad az \u00fcl\u0151r\u00e9szn\u00e9l, a f\u00e9nyf\u00fcz\u00e9rek \u00e9s l\u00e1mp\u00e1sok pedig kellemes hangulatot teremtenek. Egy k\u00fclt\u00e9ri sz\u0151nyeg egyszerre elv\u00e1lasztja a k\u00fcl\u00f6nb\u00f6z\u0151 z\u00f3n\u00e1kat \u00e9s otthonoss\u00e1 teszi az eg\u00e9szet.<\/p>\n<ul>\n<li>K\u00e9nyelmes k\u00fclt\u00e9ri kanap\u00e9k vagy \u00fcl\u0151alkalmatoss\u00e1gokkal,<\/li>\n<li>T\u0171zrak\u00f3val vagy kandall\u00f3val, hogy m\u00e9g melegebb \u00e9s bar\u00e1ts\u00e1gosabb legyen a sarok,<\/li>\n<li>F\u00e9nyf\u00fcz\u00e9rekkel vagy l\u00e1mp\u00e1sokkal az esti hangulathoz,<\/li>\n<li>K\u00fclt\u00e9ri sz\u0151nyeggel, hogy l\u00e1tv\u00e1nyosan k\u00fcl\u00f6nv\u00e1ljanak a terek,<\/li>\n<li>Be\u00e9p\u00edtett padokkal, hogy praktikus legyen a le\u00fcl\u00e9s.<\/li>\n<\/ul>\n<p><strong>A priv\u00e1t szf\u00e9ra is fontos<\/strong>: f\u00fcgg\u00f6ny\u00f6kkel, k\u00fclt\u00e9ri text\u00edli\u00e1kkal elrejtheted az \u00e9tkez\u0151 vagy pihen\u0151 sarkot, \u00edgy biztons\u00e1gosabbnak \u00e9s intimebbnek \u00e9rzed majd a t\u00e9r egy r\u00e9sz\u00e9t.<\/p>\n<p>Vir\u00e1gokkal vagy z\u00f6ld n\u00f6v\u00e9nyekkel egyszer\u0171en kijel\u00f6lheted, hol kezd\u0151dik vagy \u00e9r v\u00e9get egy-egy z\u00f3na, \u00edgy a kerted bar\u00e1ts\u00e1gos \u00e9s szem\u00e9lyes lesz.<\/p>\n<\/details><details class=\"g-accordion \"><summary><h3>Melyek a legjobb k\u00fclt\u00e9ri b\u00fatorok?<\/h3><\/summary>\n<p>K\u00fclt\u00e9ri b\u00fator v\u00e1laszt\u00e1sakor a <strong>k\u00e9nyelmet<\/strong> \u00e9s a <strong>st\u00edlust<\/strong> \u00e9rdemes szem el\u0151tt tartani, hogy a kinti \u00fcl\u0151hely igaz\u00e1n h\u00edvogat\u00f3 legyen. J\u00f3 \u00f6tlet olyan darabokat keresni, amik a belt\u00e9ri b\u00fatorok hangulat\u00e1t id\u00e9zik \u2013 \u00edgy harmonikus lesz az \u00e1tmenet a lak\u00e1sb\u00f3l a kertbe. <strong>Teakfa<\/strong> vagy <strong>m\u0171rattan<\/strong> anyagb\u00f3l k\u00e9sz\u00fclt b\u00fatorok j\u00f3l b\u00edrj\u00e1k az id\u0151j\u00e1r\u00e1st is.<\/p>\n<ul>\n<li>Szekcion\u00e1lt kanap\u00e9k, \u00e9tkez\u0151garnit\u00far\u00e1k \u2013 b\u0151ven adnak helyet besz\u00e9lget\u00e9sekhez, k\u00f6z\u00f6s \u00e9tkez\u00e9sekhez,<\/li>\n<li>Egy k\u00fclt\u00e9ri sz\u0151nyeg nemcsak elv\u00e1lasztja a tereket, de melegebb\u00e9 is teszi a hangulatot,<\/li>\n<li>Pihen\u00e9shez puha karossz\u00e9kek vagy ak\u00e1r f\u00fcgg\u0151\u00e1gy is j\u00f3 lehet,<\/li>\n<li>A nagyobb t\u00e1rsas\u00e1gokat k\u00f6nnyen le\u00fcltetheted nagyobb kanap\u00e9kkal,<\/li>\n<li>A b\u0151v\u00edthet\u0151 asztal\u00fa \u00e9tkez\u0151szettek b\u00e1rmilyen bulira vagy csal\u00e1di vacsor\u00e1ra alkalmasak.<\/li>\n<\/ul>\n<p>V\u00e1lassz <strong>\u00f6sszecsukhat\u00f3 sz\u00e9keket<\/strong> vagy <strong>hajthat\u00f3 asztalokat<\/strong>, ha helyet szeretn\u00e9l sp\u00f3rolni, m\u00e9gis k\u00e9nyelmes megold\u00e1st keresel. Egyedi sz\u00ednes p\u00e1rn\u00e1kkal, takar\u00f3kkal szem\u00e9lyesebb\u00e9 \u00e9s otthonosabb\u00e1 teheted az eg\u00e9sz k\u00f6rnyezetet.<\/p>\n<p>Kisebb helyen a <strong>t\u00e1rol\u00f3s pad<\/strong> szuper \u2013 egyszerre dekor\u00e1ci\u00f3, \u00fcl\u0151alkalmatoss\u00e1g \u00e9s praktikus t\u00e1rol\u00f3hely is. <strong>A l\u00e9nyeg, hogy ink\u00e1bb n\u00e9h\u00e1ny min\u0151s\u00e9gi b\u00fatordarabra ruh\u00e1zz be<\/strong>, mint sok olcs\u00f3bbra \u2013 \u00edgy a kerted egyszerre lesz mutat\u00f3s, k\u00e9nyelmes \u00e9s mindig \u00f6r\u00f6mmel t\u00f6lt\u00f6d majd ott az id\u0151t ak\u00e1r egyed\u00fcl, ak\u00e1r bar\u00e1tokkal.<\/p>\n<\/details><details class=\"g-accordion \"><summary><h3>Milyen a praktikus kerti \u00fcl\u0151sarok?<\/h3><\/summary>\n<p>A praktikus \u00fcl\u0151hely a kertben egyszer\u0171en \u00f6tv\u00f6zi a k\u00e9nyelmet \u00e9s a st\u00edlust, hogy a t\u00e9r bar\u00e1ts\u00e1gos \u00e9s j\u00f3l haszn\u00e1lhat\u00f3 legyen. Pr\u00f3b\u00e1ld ki a k\u00fcl\u00f6nb\u00f6z\u0151 b\u00fatorokat \u2013 f\u00fcgg\u0151\u00e1gyakat, hintakanap\u00e9t vagy eleg\u00e1ns k\u00fclt\u00e9ri foteleket \u2013, ezek mind h\u00edvogat\u00f3v\u00e1 teszik a helyet. Be\u00e9p\u00edtett \u00fcl\u00e9ssarkot is kialak\u00edthatsz pergol\u00e1n\u00e1l vagy t\u0171zrak\u00f3n\u00e1l bar\u00e1ti besz\u00e9lget\u00e9sekhez. Tedd otthonosabb\u00e1 p\u00e1rn\u00e1kkal, takar\u00f3kkal, d\u00edszp\u00e1rn\u00e1kkal, \u00e9s v\u00e1lassz egyedi anyagokat, mint p\u00e9ld\u00e1ul \u00fajrahasznos\u00edtott fa vagy rattan.<\/p>\n<p>Kisebb helyeken a modul\u00e1ris b\u00fatorok nagyon j\u00f3l vari\u00e1lhat\u00f3ak, \u00edgy minden alkalomra \u00e1trendezheted az eg\u00e9sz teret. A sz\u00e9keket p\u00e9ld\u00e1ul t\u0171zrak\u00f3 k\u00f6r\u00e9 vagy egy sz\u00e9p kerti d\u00edsz k\u00f6r\u00e9 \u00e1ll\u00edthatod, hogy mindig meghitt legyen a hangulat. <strong>Id\u0151j\u00e1r\u00e1s\u00e1ll\u00f3 anyagokat<\/strong> haszn\u00e1lj, hogy az \u00fcl\u0151garnit\u00fara sok\u00e1ig sz\u00e9p maradjon.<\/p>\n<ul>\n<li>F\u00e9nyf\u00fcz\u00e9rek vagy l\u00e1mp\u00e1sok bar\u00e1ts\u00e1gos hangulatot adnak,<\/li>\n<li>Z\u00f6ld n\u00f6v\u00e9nyekkel k\u00f6rbe\u00fcltetve egyszerre lesz nyugodt, csendes \u00e9s kicsit rejtettebb a hely,<\/li>\n<li>Ezeket kombin\u00e1lva t\u00e9nyleg sokoldal\u00fa, k\u00e9nyelmes \u00e9s j\u00f3l haszn\u00e1lhat\u00f3 k\u00fclt\u00e9ri sarok lesz a v\u00e9geredm\u00e9ny, legyen sz\u00f3 pihen\u00e9sr\u0151l vagy vend\u00e9gl\u00e1t\u00e1sr\u00f3l.<\/li>\n<\/ul>\n<\/details><details class=\"g-accordion \"><summary><h3>Hogyan lehet \u00e1rny\u00e9kos \u00e9tkez\u0151t kialak\u00edtani a kertben?<\/h3><\/summary>\n<p>Szabadban falatozni, f\u0151k\u00e9nt ny\u00e1ron, igazi \u00e9lm\u00e9ny \u2013 f\u0151leg, ha <strong>k\u00e9nyelmes, \u00e1rny\u00e9kos \u00e9tkez\u0151r\u00e9szt<\/strong> is kialak\u00edtasz. Els\u0151 l\u00e9p\u00e9s: v\u00e1lassz olyan \u00e1rny\u00e9kol\u00f3kat, amik j\u00f3l fedik az asztalt \u2013 p\u00e9ld\u00e1ul:<\/p>\n<ul>\n<li>Nagy naperny\u0151k,<\/li>\n<li>\u00c1rny\u00e9kol\u00f3 vitorl\u00e1k, amik sz\u00e9pen lefedik az \u00e9tkez\u0151asztalt,<\/li>\n<li>Ezek seg\u00edtenek elker\u00fclni az er\u0151s napot, \u00edgy \u00e9lvezetesebb lesz a szabadt\u00e9ri \u00e9tkez\u00e9s.<\/li>\n<\/ul>\n<p>Ha tart\u00f3sabb megold\u00e1st keresel, egy <strong>pergola<\/strong> nagyon j\u00f3 v\u00e1laszt\u00e1s: egyszerre \u00e1rny\u00e9kol \u00e9s feldobja a teraszt vagy kertet is. K\u00fclt\u00e9ri f\u00fcgg\u00f6ny\u00f6kkel m\u00e9g intimebb, \u201eszobaszer\u0171bb\u201d lesz az \u00e9tkez\u0151r\u00e9sz, r\u00e1ad\u00e1sul m\u00e9g a nap el\u0151l is jobban v\u00e9d.<\/p>\n<p>Fontos, hogy <strong>id\u0151j\u00e1r\u00e1s\u00e1ll\u00f3 anyagokat<\/strong> v\u00e1lassz a naperny\u0151kh\u00f6z, \u00e1rny\u00e9kol\u00f3khoz \u2013 \u00edgy hossz\u00fa ideig sz\u00e9pek \u00e9s haszn\u00e1lhat\u00f3k maradnak. \u00dcltethetsz mell\u00e9j\u00fck f\u00e1kat vagy magas n\u00f6v\u00e9nyeket is, amelyek:<\/p>\n<ul>\n<li>Term\u00e9szetes \u00e1rny\u00e9kot adnak,<\/li>\n<li>M\u00e9g l\u00e1tv\u00e1nyosabb\u00e1 teszik az eg\u00e9sz sarkot.<\/li>\n<\/ul>\n<p>Ezeket az \u00f6tleteket kombin\u00e1lva v\u00e1ltozatos <strong>k\u00fclt\u00e9ri \u00e9tkez\u0151t<\/strong> alak\u00edthatsz ki, ahol b\u00e1rmikor k\u00e9nyelmesen \u00e9lvezheted a kertedet, ak\u00e1r pihen\u00e9sre, ak\u00e1r vend\u00e9gfogad\u00e1sra.<\/p>\n<\/details><details class=\"g-accordion \"><summary><h3>Hogyan lehet kerti konyh\u00e1t kialak\u00edtani?<\/h3><\/summary>\n<p>Egy k\u00fclt\u00e9ri konyh\u00e1t\u00f3l a kerted sokkal hasznosabb \u00e9s vend\u00e9gmarasztal\u00f3bb lesz. Kezdd \u00fagy a tervez\u00e9st, hogy a f\u0151 elemekre gondolsz \u2013 p\u00e9ld\u00e1ul <strong>grill<\/strong>, <strong>mosogat\u00f3<\/strong> \u00e9s <strong>h\u0171t\u0151<\/strong> \u2013, hogy k\u00e9nyelmesen \u00e9s gyorsan f\u0151zhess kint is.<\/p>\n<p>Ha szeretsz t\u00e1rsas\u00e1gi \u00e9letet \u00e9lni, egy <strong>b\u00e1rpult \u00fcl\u0151hellyel<\/strong> nagyon j\u00f3 kieg\u00e9sz\u00edt\u0151 \u2013 \u00edgy egy\u00fctt l\u00f3ghatsz a vend\u00e9gekkel f\u0151z\u00e9s k\u00f6zben is. V\u00e1lassz massz\u00edv anyagokat (mint a <strong>k\u0151<\/strong> vagy <strong>rozsdamentes ac\u00e9l<\/strong>), ezek j\u00f3l b\u00edrj\u00e1k az es\u0151t, napot, fagyot is, \u00e9s kev\u00e9s gondoz\u00e1st ig\u00e9nyelnek. D\u00edszcsemp\u00e9kkel vagy k\u0151berak\u00e1sokkal szebb\u00e9, k\u00fcl\u00f6nlegesebb\u00e9 var\u00e1zsolhatod a konyh\u00e1t.<\/p>\n<p>Ha sz\u00edvesen pr\u00f3b\u00e1lsz ki \u00faj \u00e9teleket, egy <strong>pizza s\u00fct\u0151<\/strong> vagy <strong>be\u00e9p\u00edtett f\u00fcst\u00f6l\u0151<\/strong> is j\u00f3 \u00f6tlet, hogy m\u00e9g t\u00f6bbf\u00e9le finoms\u00e1got k\u00e9sz\u00edthess. A j\u00f3 <strong>vil\u00e1g\u00edt\u00e1s<\/strong> elengedhetetlen az esti f\u0151z\u00e9sekhez, a szekr\u00e9nyek vagy polcok pedig megk\u00f6nny\u00edtik a rendszerez\u00e9st \u00e9s a t\u00e1rol\u00e1st.<\/p>\n<p>Ha mindent j\u00f3l \u00e1tgondolsz, a k\u00fclt\u00e9ri konyha igazi kerti d\u00edsz lesz: nemcsak a f\u0151z\u00e9s miatt, hanem mint a kert egyik legjobb k\u00f6z\u00f6ss\u00e9gi helysz\u00edne is.<\/p>\n<\/details> <details class=\"g-accordion \"><summary><h3>Hogyan tervezz sz\u00f3rakoztat\u00f3 k\u00fclt\u00e9ri teret?<\/h3><\/summary>\n<p>Egy szuper kerti sz\u00f3rakoz\u00f3hely kialak\u00edt\u00e1s\u00e1hoz \u00e9rdemes k\u00fcl\u00f6n ter\u00fcleteket l\u00e9trehozni \u2013 p\u00e9ld\u00e1ul \u00e9tkez\u00e9shez, pihen\u00e9shez, j\u00e1t\u00e9khoz vagy besz\u00e9lget\u00e9shez. Kezdd k\u00e9nyelmes kerti b\u00fatorok kiv\u00e1laszt\u00e1s\u00e1val, legyen sz\u00f3 sarokkanap\u00e9r\u00f3l vagy nagyobb \u00e9tkez\u0151garnit\u00far\u00e1r\u00f3l \u2013 \u00edgy bar\u00e1ts\u00e1gos sarkokat alak\u00edthatsz ki. A puha p\u00e1rn\u00e1k m\u00e9g otthonosabb\u00e1 teszik a helyet. Ha h\u0171v\u00f6s az este, egy <strong>t\u0171zrak\u00f3hely<\/strong> vagy <strong>k\u00fclt\u00e9ri kandall\u00f3<\/strong> melegs\u00e9get \u00e9s kellemes hangulatot adhat.<\/p>\n<p>A j\u00f3 vil\u00e1g\u00edt\u00e1s fontos a hangulathoz. Akaszd fel p\u00e9ld\u00e1ul f\u00e9nyf\u00fcz\u00e9reket vagy l\u00e1mp\u00e1sokat az utak \u00e9s \u00fcl\u0151helyek k\u00f6r\u00e9 \u2013 ett\u0151l ak\u00e1r var\u00e1zslatos lesz az eg\u00e9sz kert. Ha m\u00e9g t\u00f6bbre v\u00e1gysz, \u00e9p\u00edts <strong>k\u00fclt\u00e9ri konyh\u00e1t<\/strong>, legyen benne <strong>grill<\/strong> \u00e9s <strong>el\u0151k\u00e9sz\u00edt\u0151 pult<\/strong>, \u00edgy kint is k\u00e9nyelmesen f\u0151zhetsz.<\/p>\n<p>Ha a kertedben t\u00f6bb z\u00f3n\u00e1t szeretn\u00e9l, an\u00e9lk\u00fcl hogy megt\u00f6rn\u00e9 az \u00f6sszk\u00e9pet, pr\u00f3b\u00e1lj sz\u00ednes, k\u00f6nny\u0171 l\u00e1mpab\u00far\u00e1kat k\u00fcl\u00f6nb\u00f6z\u0151 magass\u00e1gba akasztani. Ez kijel\u00f6li a ter\u00fcleteket, m\u00e9gis egys\u00e9ges marad a st\u00edlus.<\/p>\n<p>D\u00edsz\u00edtsd a kerted <strong>v\u00edzi elemekkel<\/strong> vagy sz\u00ednes vir\u00e1gokkal \u2013 ett\u0151l m\u00e9g szebb \u00e9s nyugodtabb lesz a k\u00f6rnyezet. Ezek k\u00f6zponti l\u00e1tv\u00e1nyoss\u00e1gg\u00e1 v\u00e1lhatnak, \u00e9s igaz\u00e1n b\u00e9k\u00e9s hangulatot teremtenek.<\/p>\n<p>Ha j\u00f3l \u00e1tgondolod ezeket az elemeket, a kerted igazi sokoldal\u00fa tal\u00e1lkoz\u00f3helly\u00e9 v\u00e1lhat, ahol kikapcsol\u00f3d\u00e1s \u00e9s vid\u00e1m t\u00e1rsas\u00e1gi \u00e9let egyar\u00e1nt helyet kap.<\/p>\n<\/details>\n<details class=\"g-accordion \"><summary><h3>Hogyan alak\u00edthatja \u00e1t a k\u00fclt\u00e9ri vil\u00e1g\u00edt\u00e1s a tered?<\/h3><\/summary>\n<p>A k\u00fclt\u00e9ri vil\u00e1g\u00edt\u00e1s teljesen \u00e1t tudja var\u00e1zsolni a kertedet \u2014 nemcsak szebb\u00e9, hanem praktikusabb\u00e1 is teszi. K\u00e9pzeld csak el, milyen hangulatosak a f\u00e9nyf\u00fcz\u00e9rek vagy t\u00fcnd\u00e9rf\u00e9nyek, f\u0151k\u00e9nt az \u00fcl\u0151helyek k\u00f6rny\u00e9k\u00e9n! <strong>A napelemes l\u00e1mp\u00e1sok \u00e9s \u00fatvonalvil\u00e1g\u00edt\u00e1s nemcsak hangulatot adnak, hanem biztons\u00e1got is teremtenek.<\/strong> Ha vil\u00e1g\u00edt\u00e1st szerelsz egy pergola vagy filag\u00f3ria szerkezet\u00e9re, kiemelheted vele az \u00e9p\u00edt\u00e9szeti r\u00e9szleteket \u00e9s kellemes, meleg f\u00e9nyt var\u00e1zsolhatsz az esti programokhoz. Egy j\u00f3 vil\u00e1g\u00edt\u00e1sb\u00f3l b\u00e1rmelyik kert igazi esti pihen\u0151hely lehet, t\u00f6k\u00e9letes vend\u00e9gek fogad\u00e1s\u00e1ra vagy csak csendes laz\u00edt\u00e1shoz is.<\/p>\n<\/details>\n<details class=\"g-accordion \"><summary><h3>Mivel dobhatod fel a k\u00fclt\u00e9ri teret v\u00edzi elemekkel?<\/h3><\/summary>\n<p>Ha v\u00edzi elemeket (p\u00e9ld\u00e1ul sz\u00f6k\u0151kutat vagy tavat) \u00e9p\u00edtesz a kertedbe, azzal igazi kis szigetet teremtesz. Egy csendesen csordog\u00e1l\u00f3 <strong>kerti t\u00f3 vagy sz\u00f6k\u0151k\u00fat<\/strong> nemcsak sz\u00e9p, hanem nyugtat\u00f3 hangokat is ad, \u00edgy remek helyen kapcsol\u00f3dhatsz ki. R\u00e1ad\u00e1sul ezek a v\u00edzi elemek k\u00fcl\u00f6nf\u00e9le madarakat, rovarokat vonzanak, ami \u00e9l\u00e9nkebb\u00e9 teszi a kertedet.<\/p>\n<ul>\n<li>Egy egyszer\u0171 udvart is k\u00f6nnyen igazi b\u00e9k\u00e9s b\u00fav\u00f3helly\u00e9 var\u00e1zsolhat egy kis v\u00edz,<\/li>\n<li>remek\u00fcl illenek terasz vagy fedett \u00e9tkez\u0151r\u00e9sz hangulat\u00e1hoz is,<\/li>\n<li>a megfelel\u0151en kiv\u00e1lasztott v\u00edzi elem jelent\u0151sen feldobja a kerted kin\u00e9zet\u00e9t \u00e9s hangulat\u00e1t is.<\/li>\n<\/ul>\n<\/details>\n<details class=\"g-accordion \"><summary><h3>Mik a t\u0171zrak\u00f3hely el\u0151nyei?<\/h3><\/summary>\n<p>Egy t\u0171zrak\u00f3hely igazi k\u00f6zponti pontja lehet a kertednek: <strong>melegs\u00e9get<\/strong> \u00e9s <strong>f\u00e9nyeket<\/strong> ad, \u00edgy h\u0171v\u00f6sebb est\u00e9ken sem kell begub\u00f3znod a h\u00e1zba. T\u00f6k\u00e9letes hely <strong>bar\u00e1ti \u00f6sszej\u00f6vetelekre<\/strong> vagy ak\u00e1r egy kis egyed\u00fcli laz\u00edt\u00e1sra is. A meleg f\u00e9ny, a pattog\u00f3 t\u0171z ide\u00e1lis hangulatot teremt p\u00e9ld\u00e1ul s\u00fct\u00f6get\u00e9shez vagy mesemond\u00e1shoz a csillagos \u00e9g alatt.<\/p>\n<p>A t\u0171zrak\u00f3 rengetegf\u00e9le anyagb\u00f3l \u00e9s st\u00edlusban el\u00e9rhet\u0151, k\u00f6nnyen beillesztheted a kertedbe. <strong>\u00daj sz\u00ednt visz a t\u00e9rbe<\/strong>, h\u00edvogat\u00f3bb\u00e1 \u00e9s hangulatosabb\u00e1 teszi az udvart. Ak\u00e1r bar\u00e1tokkal besz\u00e9lgetsz, ak\u00e1r csak magadban lazuln\u00e1l, a t\u0171zrak\u00f3hely val\u00f3di otthoni kiterjeszt\u00e9ss\u00e9 var\u00e1zsolja a kertet.<\/p>\n<\/details>\n<details class=\"g-accordion \"><summary><h3>Mi\u00e9rt j\u00f3 egy pergola a kertben?<\/h3><\/summary>\n<p>Egy pergola sokf\u00e9le el\u0151nnyel j\u00e1r, egyszerre sz\u00e9p\u00edti meg \u00e9s teszi haszn\u00e1lhat\u00f3bb\u00e1 a k\u00fclt\u00e9ri teret:<\/p>\n<ul>\n<li>\u00e1rny\u00e9kot ny\u00fajt a naps\u00fct\u00e9s vagy es\u0151 ellen, \u00edgy b\u00e1rmikor k\u00e9nyelmesen \u00e9lvezheted a kertet,<\/li>\n<li>l\u00e1tv\u00e1nyos k\u00f6zponti eleme lehet az udvarnak,<\/li>\n<li>bar\u00e1ts\u00e1gos helyet alak\u00edthatsz ki pihen\u00e9shez vagy vend\u00e9gek fogad\u00e1s\u00e1hoz,<\/li>\n<li>remek\u00fcl \u00f6sszhangba hozhat\u00f3 m\u00e1s kerti b\u00fatorokkal \u00e9s kieg\u00e9sz\u00edt\u0151kkel,<\/li>\n<li>felfuttathatsz r\u00e1 n\u00f6v\u00e9nyeket, ami t\u00f6bb z\u00f6ldet hoz l\u00e9tre, fokozza a priv\u00e1t szf\u00e9r\u00e1t \u00e9s m\u00e9g szebb\u00e9 var\u00e1zsolja a kinti helyeket.<\/li>\n<\/ul>\n<\/details>\n<details class=\"g-accordion \"><summary><h3>Mi\u00e9rt hasznos a fedett, sz\u00fanyogh\u00e1l\u00f3s terasz?<\/h3><\/summary>\n<p>Egy sz\u00fanyogh\u00e1l\u00f3s, fedett terasz rengeteget jav\u00edt a kerti pihen\u00e9sen, hiszen:<\/p>\n<ul>\n<li>hat\u00e9konyan t\u00e1vol tartja a bosszant\u00f3 rovarokat,<\/li>\n<li>\u00edgy gondtalanul tarthatsz \u00f6sszej\u00f6veteleket a ny\u00e1ri est\u00e9ken,<\/li>\n<li>berendezve olyan lesz, mint egy k\u00e9nyelmes nappali, csak a szabadban,<\/li>\n<li>megn\u00f6veli a lak\u00e1s hasznos alapter\u00fclet\u00e9t,<\/li>\n<li>\u00e9rt\u00e9kesebb\u00e9 teheti az otthonodat, mert sok kreat\u00edv m\u00f3don haszn\u00e1lhat\u00f3,<\/li>\n<li>v\u00e9delmet ny\u00fajt az id\u0151j\u00e1r\u00e1st\u00f3l, mik\u00f6zben minden friss leveg\u0151t \u00e9s l\u00e1tv\u00e1nyt \u00e9lvezhetsz,<\/li>\n<li>mindig remek v\u00e1laszt\u00e1s, ha k\u00fcl\u00f6nf\u00e9le id\u0151j\u00e1r\u00e1sban szeretn\u00e9d k\u00e9nyelmesen haszn\u00e1lni a kertet.<\/li>\n<\/ul>\n<p><strong>Ez a t\u00e9r kiv\u00e1l\u00f3 hely a pihen\u00e9sre vagy bar\u00e1tkoz\u00e1sra, ahol sosem zavarnak a rovarok.<\/strong><\/p>\n<\/details>\n<details class=\"g-accordion \"><summary><h3>Mit kezdhetsz a f\u00fcgg\u0151leges t\u00e9rrel a kertedben?<\/h3><\/summary>\n<p>A f\u00fcgg\u0151leges teret is \u00e9rdemes kihaszn\u00e1lni a kertedben \u2013 \u00edgy sokkal jobban n\u00e9z ki \u00e9s hasznosabb is lesz minden. Pr\u00f3b\u00e1ld ki, hogy n\u00f6v\u00e9nyeket akasztasz fel az oldalfalak ment\u00e9n, vagy d\u00edszeket raksz magasabb helyekre. Ett\u0151l m\u00e9g z\u00f6ldebb, \u00e9l\u00e9nkebb lesz az udvar \u00e9s \u00e9let k\u00f6lt\u00f6zik a kertedbe.<\/p>\n<p>A fali \u00fcltet\u0151k vagy r\u00e1csok seg\u00edts\u00e9g\u00e9vel felfel\u00e9 is tudsz kert\u00e9szkedni, ami optikailag nagy\u00edtja a teret \u00e9s izgalmasabb\u00e1 teszi a l\u00e1tv\u00e1nyt. Ha t\u00fckr\u00f6t teszel a falra, azzal tov\u00e1bb t\u00e1g\u00edthatod a kert \u00e9rzet\u00e9t \u2014 a sz\u0171kebb helyet is nagyobbnak l\u00e1ttatja.<\/p>\n<p>Ha egys\u00e9ges, modern hangulatra v\u00e1gysz, v\u00e1lassz letisztult, p\u00e9ld\u00e1ul <strong>fekete-feh\u00e9r<\/strong> sz\u00edneket, \u00edgy m\u00e9g jobban ki tudod haszn\u00e1lni a rendelkez\u00e9sre \u00e1ll\u00f3 helyet an\u00e9lk\u00fcl, hogy t\u00falzs\u00fafoltt\u00e1 v\u00e1lna.<\/p>\n<p>Ak\u00e1r v\u00e9kony polcokat vagy keskeny szekr\u00e9nyt is feltehetsz t\u00e1rol\u00e1shoz \u2013 \u00edgy a f\u00f6ld\u00f6n is t\u00f6bb hely marad, \u00e9s st\u00edlusosabb lesz a t\u00e9r.<\/p>\n<p><strong>Ha j\u00f3l megtervezed, a f\u00fcgg\u0151leges terek igaz\u00e1n feldobj\u00e1k kerted k\u00e9nyelm\u00e9t \u00e9s kin\u00e9zet\u00e9t.<\/strong><\/p>\n<\/details>\n<details class=\"g-accordion \"><summary><h3>Hogyan teheted intimebb\u00e9, priv\u00e1tabb\u00e1 a k\u00fclt\u00e9ri ter\u00fcleted?<\/h3><\/summary>\n<p>Egy igazi kis nyugalom-szigetet var\u00e1zsolhatsz a kertedb\u0151l, ha kicsit jobban elszepar\u00e1lod a k\u00fclvil\u00e1gt\u00f3l \u2013 \u00edgy szebb lesz \u00e9s hasznosabb is. Egy <strong>bambusz parav\u00e1n<\/strong> p\u00e9ld\u00e1ul egyszer\u0171, olcs\u00f3 megold\u00e1s, amivel otthonosabb hangulatot teremtesz, f\u0151leg ha ind\u00e1s n\u00f6v\u00e9nyeket is futtatsz r\u00e1. Ha k\u00fcl\u00f6nlegesebb f\u00e9nyekre v\u00e1gysz, akassz ki <strong>k\u00fclt\u00e9ri f\u00e9nyf\u00fcz\u00e9rt<\/strong> \u2013 kellemesen vil\u00e1g\u00edt estefel\u00e9, ha t\u00e1rsas\u00e1got v\u00e1rsz.<\/p>\n<p>Ha m\u00e9g t\u00f6bb elb\u00faj\u00f3s sarokra van sz\u00fcks\u00e9ged, tegy\u00e9l <strong>f\u00fcgg\u00f6ny\u00f6ket a terasz vagy pergola k\u00f6r\u00e9<\/strong>! Ez j\u00f3l mutat, \u00e9s az id\u0151j\u00e1r\u00e1s ellen is v\u00e9d. Ak\u00e1r n\u00f6v\u00e9nyekkel is elv\u00e1laszthatod a tereket: a magas s\u00f6v\u00e9ny vagy nagym\u00e9ret\u0171 cserepes n\u00f6v\u00e9ny \u00e9l\u0151 falat is alkothat.<\/p>\n<p>Egy m\u00e1sik \u00f6tlet: f\u00fcgg\u0151leges kert \u00e9s <strong>fut\u00f3n\u00f6v\u00e9nyes r\u00e1csok<\/strong> \u2013 ezek magas\u00edtanak is, de nem foglalnak sok helyet. Ha t\u00fckr\u00f6ket teszel a falra, azok visszaverik a z\u00f6ldet, m\u00e9lyebbnek t\u0171nik az udvar, \u00e9s a priv\u00e1t hangulat is megmarad.<\/p>\n<p>Ezeket az \u00f6tleteket vegyesen alkalmazva igaz\u00e1n bar\u00e1ts\u00e1gos \u00e9s csendes kuck\u00f3t kaphatsz, ami remek hely a pihen\u00e9shez \u00e9s buliz\u00e1shoz is.<\/p>\n<\/details>\n<details class=\"g-accordion \"><summary><h3>Milyen kreat\u00edv k\u00fclt\u00e9ri dekor\u00f6tletek seg\u00edthetnek?<\/h3><\/summary>\n<p>N\u00e9h\u00e1ny izgalmas dekor\u00e1ci\u00f3val teljesen \u00fajj\u00e1var\u00e1zsolhatod a kerti tered \u00e9s m\u00e9g k\u00f6zelebbi\u00e9 teheted az otthoni hangulathoz. Haszn\u00e1ld fel a kert vir\u00e1gait, \u00e9s eg\u00e9sz\u00edtsd ki \u0151ket sz\u00ednes p\u00e1rn\u00e1kkal az \u00fcl\u0151alkalmatoss\u00e1gokon \u2013 ett\u0151l igaz\u00e1n term\u00e9szetes lesz a hangulat. Ha tr\u00f3pusi st\u00edlusra v\u00e1gysz, v\u00e1lassz p\u00e1lma leveles mint\u00e1j\u00fa p\u00e1rn\u00e1kat vagy d\u00edsz\u00edtheted v\u00e1z\u00e1kat is nagy levelekkel.<\/p>\n<ul>\n<li>haszn\u00e1ld ki a magasabb falfel\u00fcleteket n\u00f6v\u00e9nyek vagy d\u00edszek elhelyez\u00e9s\u00e9re,<\/li>\n<li>d\u00f6nts egysz\u00edn\u0171 vagy p\u00e9ld\u00e1ul fekete-feh\u00e9r \u00e1rnyalatok mellett a modern, letisztult \u00f6sszhat\u00e1s\u00e9rt,<\/li>\n<li>kerti hangulatot adnak a k\u00fcl\u00f6nleges kasp\u00f3k vagy dekor\u00e1ci\u00f3k, amelyek m\u00e9g jobban kiemelik a term\u00e9szetet.<\/li>\n<\/ul>\n<p>Ha szeretsz egyedi helyeken \u00fcld\u00f6g\u00e9lni, pr\u00f3b\u00e1lj ki f\u00fcgg\u0151\u00e1gyat vagy hintasz\u00e9ket \u2013 ezek feldobj\u00e1k a komfortot \u00e9s j\u00f3 besz\u00e9lget\u0151sarkot is adnak. A be\u00e9p\u00edtett \u00fcl\u0151r\u00e9szek, p\u00e9ld\u00e1ul t\u0171zrak\u00f3 k\u00f6r\u00e9 vagy pergola al\u00e1 helyezve, szint\u00e9n praktikusak \u00e9s mutat\u00f3sak.<\/p>\n<p><strong>Vil\u00e1g\u00edt\u00e1s ter\u00e9n is \u00e9rdemes pr\u00f3b\u00e1lkozni: f\u00e9nyf\u00fcz\u00e9r vagy napelemes l\u00e1mp\u00e1s igaz\u00e1n h\u00edvogat\u00f3 k\u00f6rnyezetet teremt, f\u0151leg a pergol\u00e1n vagy filag\u00f3ri\u00e1n.<\/strong><\/p>\n<p>Ezekkel a kreat\u00edv \u00f6tletekkel a kerted egy var\u00e1zslatos hely lesz, ahol mindig sz\u00edvesen pihensz vagy fogadsz vend\u00e9geket.<\/p>\n<\/details>\n<details class=\"g-accordion \"><summary><h3>Hogyan seg\u00edtenek a cserepes n\u00f6v\u00e9nyek a kerti dekorban?<\/h3><\/summary>\n<p>A cserepes n\u00f6v\u00e9nyekkel k\u00f6nnyed\u00e9n csemp\u00e9szhetsz extra z\u00f6ldet \u00e9s sz\u00edneket a k\u00fclt\u00e9ri teredbe. Egyszer\u0171en elk\u00fcl\u00f6n\u00edtenek bizonyos z\u00f3n\u00e1kat, \u00e9s igaz\u00e1n feldobj\u00e1k a kertet. F\u00fcgg\u0151 vir\u00e1gokat is l\u00f3gathatsz p\u00e9ld\u00e1ul pergol\u00e1ra, \u00edgy t\u00f6bb szint\u0171 lesz a z\u00f6ld \u2014 izgalmasabb \u00e9s bar\u00e1ts\u00e1gosabb. Ha t\u00f6bbf\u00e9le cserepet elrendezel a teraszon vagy a fedett r\u00e9szeken, a t\u00e9r azonnal \u00e9letre kel, \u00e9s m\u00e9g ink\u00e1bb azt \u00e9rzed, hogy t\u00e9nyleg a saj\u00e1tod. Az igazi el\u0151ny, hogy <strong>ezeket a n\u00f6v\u00e9nyeket k\u00f6nnyen \u00e1trendezheted, amikor csak kedved tartja vagy \u00e9vszakv\u00e1lt\u00e1s van<\/strong> \u2013 \u00edgy mindig meg\u00fajulhat a st\u00edlus.<\/p>\n<\/details>\n<details class=\"g-accordion \"><summary><h3>Milyen st\u00edlusos dekor\u00e1ci\u00f3 illik a k\u00fclt\u00e9ri szob\u00e1ba?<\/h3><\/summary>\n<p>Hogy a kerted vagy teraszod t\u00e9nyleg otthonos \u00e9s st\u00edlusos legyen, csak n\u00e9h\u00e1ny gondosan kiv\u00e1lasztott dekor\u00e1ci\u00f3 kell.<\/p>\n<ul>\n<li>f\u00e9m d\u00edsz\u00edt\u00e9sek igaz\u00e1n eleg\u00e1nss\u00e1 teszik a k\u00f6rnyezetet,<\/li>\n<li>csillog\u00f3 zs\u00e1molyokat vagy \u00fcl\u0151k\u00e9ket haszn\u00e1lhatsz asztalk\u00e9nt \u00e9s p\u00f3tsz\u00e9kk\u00e9nt \u2014 ezek praktikusak \u00e9s egyben st\u00edlusosak is,<\/li>\n<li>est\u00e9s bar\u00e1ti \u00f6sszej\u00f6vetelekre hangulatos vil\u00e1g\u00edt\u00e1st v\u00e1lassz, p\u00e9ld\u00e1ul f\u00e9nyf\u00fcz\u00e9rt vagy l\u00e1mp\u00e1st.<\/li>\n<\/ul>\n<p>P\u00e1r j\u00f3l elhelyezett cserepes n\u00f6v\u00e9ny \u00e9letet \u00e9s friss sz\u00edneket visz a t\u00e9rbe. F\u00fcgg\u0151 n\u00f6v\u00e9nyek pedig a f\u00fcgg\u0151leges r\u00e9szeket t\u00f6ltik meg an\u00e9lk\u00fcl, hogy t\u00falzs\u00fafoltt\u00e1 v\u00e1lna az als\u00f3 r\u00e9sz. Az egys\u00e9ges sz\u00ednvil\u00e1g \u2014 p\u00e9ld\u00e1ul klasszikus fekete-feh\u00e9r \u2014 igaz\u00e1n eleg\u00e1ns, letisztult hangulatot ad minden k\u00fclt\u00e9ri szob\u00e1nak.<\/p>\n<p>Egy kis luxusra v\u00e1gysz? V\u00e1lassz tr\u00f3pusi vagy vir\u00e1gos mint\u00e1j\u00fa p\u00e1rn\u00e1kat a fotelekbe vagy napoz\u00f3\u00e1gyakra \u2013 ezek l\u00e1tv\u00e1nyosak \u00e9s k\u00e9nyelmesek is. J\u00f3l \u00e1tgondolva ezek a r\u00e9szletek igaz\u00e1n h\u00edvogat\u00f3 \u00e9s pihentet\u0151 kertet teremtenek, ahol mindenki sz\u00edvesen id\u0151zik.<\/p>\n<\/details>\n<details class=\"g-accordion \"><summary><h3>Milyen DIY \u00f6tletek seg\u00edtenek a kert vagy udvar feldob\u00e1s\u00e1ban?<\/h3><\/summary>\n<p>A h\u00e1ts\u00f3 kertedet vagy udvarodat sok \u00f6tlettel kis k\u00f6lts\u00e9gvet\u00e9sb\u0151l is \u00e1talak\u00edthatod. Kezdd p\u00e9ld\u00e1ul cserepes n\u00f6v\u00e9nyek beszerz\u00e9s\u00e9vel: \u00edgy t\u00f6bb z\u00f6ldet \u00e9s sz\u00ednt var\u00e1zsolsz r\u00f6gt\u00f6n oda, ahov\u00e1 szeretn\u00e9d.<\/p>\n<ul>\n<li>ha szeretn\u00e9d, hogy otthonosabb legyen a t\u00e9r, ter\u00edts k\u00fclt\u00e9ri sz\u0151nyeget \u2014 melegs\u00e9get ad, s\u0151t a z\u00f3n\u00e1kat is jobban elk\u00fcl\u00f6n\u00edtheted vele,<\/li>\n<li>f\u00e9nyf\u00fcz\u00e9rrel hangulatosabb\u00e1 teheted a kerten bel\u00fcli r\u00e9szeket, t\u00f6k\u00e9letes a hosszabb ny\u00e1ri est\u00e9khez,<\/li>\n<li>k\u00e9nyelmes, p\u00e1rn\u00e1zott \u00fcl\u0151r\u00e9szeket alak\u00edts ki \u2014 ez k\u00e9nyelmesebb \u00e9s l\u00e1tv\u00e1nyosabb is lesz.<\/li>\n<\/ul>\n<p>Dekor kasp\u00f3kkal m\u00e9g t\u00f6bb egyedi von\u00e1st csemp\u00e9szhetsz kertedbe vagy teraszodra, r\u00e1ad\u00e1sul k\u00f6lts\u00e9ghat\u00e9konyan.<\/p>\n<p><strong>Pr\u00f3b\u00e1lj ki DIY (csin\u00e1ld magad) projekteket<\/strong>, p\u00e9ld\u00e1ul: alak\u00edts ki saj\u00e1t k\u0151-t\u0171zrak\u00f3t, vagy fesd le a r\u00e9gi b\u00fatoraidat, hogy friss, \u00faj kin\u00e9zet\u00fck legyen. Hasznos \u00fajrahasznos\u00edt\u00e1s lehet p\u00e9ld\u00e1ul egy r\u00e9gi l\u00e9tra n\u00f6v\u00e9nytart\u00f3k\u00e9nt is \u2014 kis p\u00e9nzb\u0151l kreat\u00edv hangulatot viszel a t\u00e9rbe.<\/p>\n<p><strong>Ha ezekre az \u00f6tletekre koncentr\u00e1lsz, igazi kuck\u00f3t var\u00e1zsolhatsz a kertedb\u0151l, ahol kikapcsol\u00f3dhatsz \u00e9s egy\u00fctt lehetsz a bar\u00e1taiddal.<\/strong><\/p>\n<\/details>\n","protected":false},"excerpt":{"rendered":"<p>Az udvarodat k\u00f6nnyed\u00e9n var\u00e1zsolhatod hangulatos o\u00e1ziss\u00e1, ehhez pedig nem kell bonyolult megold\u00e1sokhoz, vagy nagy kiad\u00e1sokhoz folyamodnod. A megfelel\u0151 elemekkel olyan k\u00fclt\u00e9ri helyet alak\u00edthatsz ki, amely otthonod k\u00e9nyelmes meghosszabb\u00edt\u00e1sa lesz, t\u00f6k\u00e9letes pihen\u00e9shez \u00e9s bar\u00e1ti \u00f6sszej\u00f6vetelekhez az \u00e9v minden szak\u00e1ban. A kuck\u00f3s teraszokt\u00f3l a puha \u00fcl\u0151alkalmatoss\u00e1gokkal \u00e9s kerti t\u0171zrak\u00f3helyekkel kieg\u00e9sz\u00edtett ki\u00fcl\u0151kig, a k\u00fclt\u00e9ri \u00e9letterekben szinte v\u00e9gtelenek a dekor\u00e1l\u00e1s lehet\u0151s\u00e9gei. Egy kis v\u00edzcsobog\u00f3&hellip;<\/p>\n","protected":false},"author":12,"featured_media":5812,"comment_status":"closed","ping_status":"closed","sticky":false,"template":"","format":"standard","meta":{"rank_math_focus_keyword":"k\u00fclt\u00e9ri \u00e9lett\u00e9r \u00f6tletek","rank_math_title":"A legjobb k\u00fclt\u00e9ri \u00e9lett\u00e9r \u00f6tletek egy st\u00edlusos kerthez","rank_math_description":"Fedezd fel a kreat\u00edv k\u00fclt\u00e9ri \u00e9lett\u00e9r \u00f6tleteket, amelyekkel st\u00edlusosan \u00e9s k\u00e9nyelmesen alak\u00edthatod \u00e1t a kertedet. Minden k\u00f6lts\u00e9gvet\u00e9shez \u00e9s design \u00edzl\u00e9shez megfelel\u0151.","footnotes":""},"categories":[141],"tags":[],"class_list":["post-6665","post","type-post","status-publish","format-standard","has-post-thumbnail","hentry","category-kulteri-dekoraciok"],"g_custom_schema_json":"<script type=\"application\/ld+json\">\n{\n  \"@context\": \"https:\/\/schema.org\",\n  \"@type\": \"FAQPage\",\n  \"mainEntity\": [\n    {\n      \"@type\": \"Question\",\n      \"name\": \"Milyen \u00f6tletek vannak a k\u00fclt\u00e9ri \u00e9lett\u00e9r kialak\u00edt\u00e1s\u00e1ra?\",\n      \"acceptedAnswer\": {\n        \"@type\": \"Answer\",\n        \"text\": \"Meg\u00faj\u00edthatod a kertedet, \u00e9s \u00edgy a h\u00e1ts\u00f3 udvarb\u00f3l egy kellemes, pihen\u00e9sre \u00e9s vend\u00e9gfogad\u00e1sra t\u00f6k\u00e9letes o\u00e1zist var\u00e1zsolhatsz. Alak\u00edts ki hangulatos teraszt k\u00e9nyelmes \u00fcl\u0151helyekkel, \u00e9p\u00edts t\u0171zrak\u00f3helyet, v\u00edzfel\u00fcletet vagy k\u00fclt\u00e9ri konyh\u00e1t, \u00e1rny\u00e9kolj pergol\u00e1val, \u00e9s haszn\u00e1lj d\u00edszvil\u00e1g\u00edt\u00e1st. Ha ezeket az \u00f6tleteket kombin\u00e1lod, a kerted nemcsak szebb, hanem praktikusabb is lesz.\"\n      }\n    },\n    {\n      \"@type\": \"Question\",\n      \"name\": \"Hogyan lehet olcs\u00f3n k\u00fclt\u00e9ri \u00e9letteret kialak\u00edtani?\",\n      \"acceptedAnswer\": {\n        \"@type\": \"Answer\",\n        \"text\": \"A p\u00e9nzt\u00e1rcabar\u00e1t kertberendez\u00e9s kreativit\u00e1st \u00e9s lelem\u00e9nyt ig\u00e9nyel. Kezdd azzal, hogy feldobod a r\u00e9gi kerti b\u00fatoraidat \u00faj p\u00e1rn\u00e1kkal vagy pl\u00e9dekkel, a f\u00e9nyf\u00fcz\u00e9rek olcs\u00f3n teremtenek meghitt l\u00e9gk\u00f6rt. K\u00e9sz\u00edthetsz t\u0171zrak\u00f3helyet k\u00f6vekb\u0151l vagy raklapb\u00f3l \u00fcl\u0151alkalmatoss\u00e1gokat, \u00e9s olcs\u00f3 napelemes l\u00e1mp\u00e1k is feldobj\u00e1k a teret.\"\n      }\n    },\n    {\n      \"@type\": \"Question\",\n      \"name\": \"Milyen elemek teszik jobb\u00e1 a k\u00fclt\u00e9ri \u00e9letteret?\",\n      \"acceptedAnswer\": {\n        \"@type\": \"Answer\",\n        \"text\": \"A k\u00fclt\u00e9ri lak\u00f3t\u00e9r \u00e1talak\u00edt\u00e1s\u00e1hoz fontos, hogy egyszerre legyen praktikus \u00e9s sz\u00e9p. K\u00e9nyelmes \u00fcl\u0151alkalmatoss\u00e1gokkal, id\u0151j\u00e1r\u00e1s\u00e1ll\u00f3 b\u00fatorokkal, d\u00edszvil\u00e1g\u00edt\u00e1ssal \u00e9s n\u00f6v\u00e9nyekkel teheted szebb\u00e9 a teret. Hasznos, ha van praktikus t\u00e1rol\u00f3 \u00e9s t\u0171zrak\u00f3hely, valamint pergola az \u00e1rny\u00e9kol\u00e1shoz.\"\n      }\n    },\n    {\n      \"@type\": \"Question\",\n      \"name\": \"Hogyan lehet k\u00fcl\u00f6nb\u00f6z\u0151 k\u00fclt\u00e9ri z\u00f3n\u00e1kat kialak\u00edtani?\",\n      \"acceptedAnswer\": {\n        \"@type\": \"Answer\",\n        \"text\": \"A kerted akkor lesz igaz\u00e1n sokoldal\u00fa \u00e9s sz\u00e9p, ha k\u00fcl\u00f6n\u00e1ll\u00f3 k\u00fclt\u00e9ri z\u00f3n\u00e1kat is teremtesz benne. Gondold \u00e1t, mire szeretn\u00e9d haszn\u00e1lni az egyes r\u00e9szeket, \u00e9s v\u00e1lassz k\u00e9nyelmes k\u00fclt\u00e9ri b\u00fatorokat, t\u0171zrak\u00f3helyet vagy szabadt\u00e9ri kandall\u00f3t. Vir\u00e1gokkal vagy z\u00f6ld n\u00f6v\u00e9nyekkel egyszer\u0171en kijel\u00f6lheted a z\u00f3n\u00e1kat.\"\n      }\n    },\n    {\n      \"@type\": \"Question\",\n      \"name\": \"Melyek a legjobb k\u00fclt\u00e9ri b\u00fatorok?\",\n      \"acceptedAnswer\": {\n        \"@type\": \"Answer\",\n        \"text\": \"K\u00fclt\u00e9ri b\u00fator v\u00e1laszt\u00e1sakor a k\u00e9nyelmet \u00e9s a st\u00edlust \u00e9rdemes szem el\u0151tt tartani. J\u00f3 \u00f6tlet olyan darabokat keresni, amik a belt\u00e9ri b\u00fatorok hangulat\u00e1t id\u00e9zik, p\u00e9ld\u00e1ul teakfa vagy m\u0171rattan anyagb\u00f3l. Szekcion\u00e1lt kanap\u00e9k, \u00e9tkez\u0151garnit\u00far\u00e1k, k\u00fclt\u00e9ri sz\u0151nyegek \u00e9s puha karossz\u00e9kek aj\u00e1nlottak.\"\n      }\n    },\n    {\n      \"@type\": \"Question\",\n      \"name\": \"Milyen a praktikus kerti \u00fcl\u0151sarok?\",\n      \"acceptedAnswer\": {\n        \"@type\": \"Answer\",\n        \"text\": \"A praktikus \u00fcl\u0151hely a kertben \u00f6tv\u00f6zi a k\u00e9nyelmet \u00e9s a st\u00edlust. Pr\u00f3b\u00e1ld ki a k\u00fcl\u00f6nb\u00f6z\u0151 b\u00fatorokat, p\u00e9ld\u00e1ul f\u00fcgg\u0151\u00e1gyakat, hintakanap\u00e9t vagy k\u00fclt\u00e9ri foteleket. Id\u0151j\u00e1r\u00e1s\u00e1ll\u00f3 anyagokat haszn\u00e1lj, \u00e9s tedd otthonosabb\u00e1 p\u00e1rn\u00e1kkal, takar\u00f3kkal, d\u00edszp\u00e1rn\u00e1kkal.\"\n      }\n    },\n    {\n      \"@type\": \"Question\",\n      \"name\": \"Hogyan lehet \u00e1rny\u00e9kos \u00e9tkez\u0151t kialak\u00edtani a kertben?\",\n      \"acceptedAnswer\": {\n        \"@type\": \"Answer\",\n        \"text\": \"Szabadban falatozni igazi \u00e9lm\u00e9ny, f\u0151leg, ha k\u00e9nyelmes, \u00e1rny\u00e9kos \u00e9tkez\u0151r\u00e9szt is kialak\u00edtasz. V\u00e1lassz nagy naperny\u0151ket vagy \u00e1rny\u00e9kol\u00f3 vitorl\u00e1kat, vagy \u00e9p\u00edts pergol\u00e1t. K\u00fclt\u00e9ri f\u00fcgg\u00f6ny\u00f6kkel m\u00e9g intimebb lesz az \u00e9tkez\u0151r\u00e9sz, \u00e9s \u00fcltethetsz mell\u00e9j\u00fck f\u00e1kat vagy magas n\u00f6v\u00e9nyeket is.\"\n      }\n    },\n    {\n      \"@type\": \"Question\",\n      \"name\": \"Hogyan lehet kerti konyh\u00e1t kialak\u00edtani?\",\n      \"acceptedAnswer\": {\n        \"@type\": \"Answer\",\n        \"text\": \"Egy k\u00fclt\u00e9ri konyh\u00e1t\u00f3l a kerted sokkal hasznosabb \u00e9s vend\u00e9gmarasztal\u00f3bb lesz. Kezdd a grill, mosogat\u00f3 \u00e9s h\u0171t\u0151 tervez\u00e9s\u00e9vel, hogy k\u00e9nyelmesen \u00e9s gyorsan f\u0151zhess kint is. V\u00e1lassz massz\u00edv anyagokat \u00e9s gondoskodj j\u00f3 vil\u00e1g\u00edt\u00e1sr\u00f3l.\"\n      }\n    },\n    {\n      \"@type\": \"Question\",\n      \"name\": \"Hogyan tervezz sz\u00f3rakoztat\u00f3 k\u00fclt\u00e9ri teret?\",\n      \"acceptedAnswer\": {\n        \"@type\": \"Answer\",\n        \"text\": \"Egy szuper kerti sz\u00f3rakoz\u00f3hely kialak\u00edt\u00e1s\u00e1hoz \u00e9rdemes k\u00fcl\u00f6n ter\u00fcleteket l\u00e9trehozni \u00e9tkez\u00e9shez, pihen\u00e9shez, j\u00e1t\u00e9khoz vagy besz\u00e9lget\u00e9shez. K\u00e9nyelmes kerti b\u00fatorokat, puha p\u00e1rn\u00e1kat, t\u0171zrak\u00f3helyet vagy k\u00fclt\u00e9ri kandall\u00f3t v\u00e1lassz, \u00e9s haszn\u00e1lj f\u00e9nyf\u00fcz\u00e9reket a hangulathoz.\"\n      }\n    },\n    {\n      \"@type\": \"Question\",\n      \"name\": \"Hogyan alak\u00edthatja \u00e1t a k\u00fclt\u00e9ri vil\u00e1g\u00edt\u00e1s a tered?\",\n      \"acceptedAnswer\": {\n        \"@type\": \"Answer\",\n        \"text\": \"A k\u00fclt\u00e9ri vil\u00e1g\u00edt\u00e1s teljesen \u00e1t tudja var\u00e1zsolni a kertedet. F\u00e9nyf\u00fcz\u00e9rek, napelemes l\u00e1mp\u00e1sok \u00e9s \u00fatvonalvil\u00e1g\u00edt\u00e1s hangulatot \u00e9s biztons\u00e1got adnak. A j\u00f3 vil\u00e1g\u00edt\u00e1sb\u00f3l b\u00e1rmelyik kert igazi esti pihen\u0151hely lehet.\"\n      }\n    },\n    {\n      \"@type\": \"Question\",\n      \"name\": \"Mivel dobhatod fel a k\u00fclt\u00e9ri teret v\u00edzi elemekkel?\",\n      \"acceptedAnswer\": {\n        \"@type\": \"Answer\",\n        \"text\": \"Ha v\u00edzi elemeket \u00e9p\u00edtesz a kertedbe, azzal kis szigetet teremtesz. Egy kerti t\u00f3 vagy sz\u00f6k\u0151k\u00fat nemcsak sz\u00e9p, hanem nyugtat\u00f3 hangokat is ad, \u00e9s k\u00fcl\u00f6nf\u00e9le madarakat, rovarokat vonz, ami \u00e9l\u00e9nkebb\u00e9 teszi a kertedet.\"\n      }\n    },\n    {\n      \"@type\": \"Question\",\n      \"name\": \"Mik a t\u0171zrak\u00f3hely el\u0151nyei?\",\n      \"acceptedAnswer\": {\n        \"@type\": \"Answer\",\n        \"text\": \"Egy t\u0171zrak\u00f3hely igazi k\u00f6zponti pontja lehet a kertednek. Melegs\u00e9get \u00e9s f\u00e9nyt ad, \u00edgy h\u0171v\u00f6sebb est\u00e9ken sem kell bemenned a h\u00e1zba. Bar\u00e1ti \u00f6sszej\u00f6vetelekhez vagy egyed\u00fcli laz\u00edt\u00e1shoz is ide\u00e1lis.\"\n      }\n    },\n    {\n      \"@type\": \"Question\",\n      \"name\": \"Mi\u00e9rt j\u00f3 egy pergola a kertben?\",\n      \"acceptedAnswer\": {\n        \"@type\": \"Answer\",\n        \"text\": \"Egy pergola \u00e1rny\u00e9kot ny\u00fajt a naps\u00fct\u00e9s vagy es\u0151 ellen, \u00edgy b\u00e1rmikor k\u00e9nyelmesen \u00e9lvezheted a kertet. L\u00e1tv\u00e1nyos k\u00f6zponti eleme lehet az udvarnak, felfuttathatsz r\u00e1 n\u00f6v\u00e9nyeket, ami fokozza a priv\u00e1t szf\u00e9r\u00e1t.\"\n      }\n    },\n    {\n      \"@type\": \"Question\",\n      \"name\": \"Mi\u00e9rt hasznos a fedett, sz\u00fanyogh\u00e1l\u00f3s terasz?\",\n      \"acceptedAnswer\": {\n        \"@type\": \"Answer\",\n        \"text\": \"Egy sz\u00fanyogh\u00e1l\u00f3s, fedett terasz hat\u00e9konyan t\u00e1vol tartja a rovarokat, \u00edgy gondtalanul tarthatsz \u00f6sszej\u00f6veteleket. Olyan lesz, mint egy k\u00e9nyelmes nappali, csak a szabadban, \u00e9s megn\u00f6veli a lak\u00e1s hasznos alapter\u00fclet\u00e9t.\"\n      }\n    },\n    {\n      \"@type\": \"Question\",\n      \"name\": \"Mit kezdhetsz a f\u00fcgg\u0151leges t\u00e9rrel a kertedben?\",\n      \"acceptedAnswer\": {\n        \"@type\": \"Answer\",\n        \"text\": \"A f\u00fcgg\u0151leges teret is \u00e9rdemes kihaszn\u00e1lni a kertedben. N\u00f6v\u00e9nyeket akaszthatsz fel az oldalfalak ment\u00e9n, vagy d\u00edszeket raksz magasabb helyekre, \u00edgy z\u00f6ldebb, \u00e9l\u00e9nkebb lesz az udvar, \u00e9s optikailag nagyobb lesz a t\u00e9r.\"\n      }\n    },\n    {\n      \"@type\": \"Question\",\n      \"name\": \"Hogyan teheted intimebb\u00e9, priv\u00e1tabb\u00e1 a k\u00fclt\u00e9ri ter\u00fcleted?\",\n      \"acceptedAnswer\": {\n        \"@type\": \"Answer\",\n        \"text\": \"Egy bambusz parav\u00e1n p\u00e9ld\u00e1ul egyszer\u0171, olcs\u00f3 megold\u00e1s az elszepar\u00e1l\u00e1shoz. F\u00fcgg\u00f6ny\u00f6ket, magas s\u00f6v\u00e9nyt, fut\u00f3n\u00f6v\u00e9nyes r\u00e1csokat is haszn\u00e1lhatsz, \u00edgy igaz\u00e1n bar\u00e1ts\u00e1gos \u00e9s csendes kuck\u00f3t kaphatsz.\"\n      }\n    },\n    {\n      \"@type\": \"Question\",\n      \"name\": \"Milyen kreat\u00edv k\u00fclt\u00e9ri dekor\u00f6tletek seg\u00edthetnek?\",\n      \"acceptedAnswer\": {\n        \"@type\": \"Answer\",\n        \"text\": \"Haszn\u00e1ld fel a kert vir\u00e1gait, eg\u00e9sz\u00edtsd ki sz\u00ednes p\u00e1rn\u00e1kkal az \u00fcl\u0151alkalmatoss\u00e1gokon. F\u00fcgg\u0151\u00e1gy, hintasz\u00e9k, k\u00fcl\u00f6nleges kasp\u00f3k, f\u00e9nyf\u00fcz\u00e9rek mind izgalmas dekor\u00e1ci\u00f3k, amelyek egyediv\u00e9 \u00e9s bar\u00e1ts\u00e1goss\u00e1 teszik a teret.\"\n      }\n    },\n    {\n      \"@type\": \"Question\",\n      \"name\": \"Hogyan seg\u00edtenek a cserepes n\u00f6v\u00e9nyek a kerti dekorban?\",\n      \"acceptedAnswer\": {\n        \"@type\": \"Answer\",\n        \"text\": \"A cserepes n\u00f6v\u00e9nyekkel k\u00f6nnyed\u00e9n csemp\u00e9szhetsz extra z\u00f6ldet \u00e9s sz\u00edneket a k\u00fclt\u00e9ri teredbe. Egyszer\u0171en elk\u00fcl\u00f6n\u00edtenek bizonyos z\u00f3n\u00e1kat, \u00e9s igaz\u00e1n feldobj\u00e1k a kertet. Ezeket a n\u00f6v\u00e9nyeket k\u00f6nnyen \u00e1trendezheted, amikor csak szeretn\u00e9d.\"\n      }\n    },\n    {\n      \"@type\": \"Question\",\n      \"name\": \"Milyen st\u00edlusos dekor\u00e1ci\u00f3 illik a k\u00fclt\u00e9ri szob\u00e1ba?\",\n      \"acceptedAnswer\": {\n        \"@type\": \"Answer\",\n        \"text\": \"F\u00e9m d\u00edsz\u00edt\u00e9sek, csillog\u00f3 zs\u00e1molyok vagy \u00fcl\u0151k\u00e9ket haszn\u00e1lhatsz asztalk\u00e9nt \u00e9s p\u00f3tsz\u00e9kk\u00e9nt, p\u00e1r j\u00f3l elhelyezett cserepes n\u00f6v\u00e9ny \u00e9letet \u00e9s friss sz\u00edneket visz a t\u00e9rbe. F\u00fcgg\u0151 n\u00f6v\u00e9nyek a f\u00fcgg\u0151leges r\u00e9szeket t\u00f6ltik meg, az egys\u00e9ges sz\u00ednvil\u00e1g eleg\u00e1ns, letisztult hangulatot ad.\"\n      }\n    },\n    {\n      \"@type\": \"Question\",\n      \"name\": \"Milyen DIY \u00f6tletek seg\u00edtenek a kert vagy udvar feldob\u00e1s\u00e1ban?\",\n      \"acceptedAnswer\": {\n        \"@type\": \"Answer\",\n        \"text\": \"Kezdd cserepes n\u00f6v\u00e9nyek beszerz\u00e9s\u00e9vel, k\u00fclt\u00e9ri sz\u0151nyegekkel, f\u00e9nyf\u00fcz\u00e9rrel, k\u00e9nyelmes, p\u00e1rn\u00e1zott \u00fcl\u0151r\u00e9szekkel. Pr\u00f3b\u00e1lj ki DIY projekteket, p\u00e9ld\u00e1ul saj\u00e1t k\u0151-t\u0171zrak\u00f3t, vagy fesd le a r\u00e9gi b\u00fatoraidat. Egy r\u00e9gi l\u00e9tra n\u00f6v\u00e9nytart\u00f3k\u00e9nt is j\u00f3 \u00f6tlet.\"\n      }\n    }\n  ]\n}\n<\/script>\n<script type=\"application\/ld+json\">\n{\n  \"@context\": \"https:\/\/schema.org\",\n  \"@type\": \"HowTo\",\n  \"name\": \"K\u00fclt\u00e9ri \u00e9letterek kialak\u00edt\u00e1sa l\u00e9p\u00e9sr\u0151l l\u00e9p\u00e9sre\",\n  \"description\": \"Tanuld meg, hogyan alak\u00edthatsz ki hangulatos, k\u00e9nyelmes \u00e9s praktikus k\u00fclt\u00e9ri \u00e9letteret a kertedben, ak\u00e1r kis k\u00f6lts\u00e9gvet\u00e9sb\u0151l is.\",\n  \"image\": \"https:\/\/doubletakedecor.com\/uploads\/2025\/08\/outdoor-living-space-ideas-dtd-01.jpg\",\n  \"totalTime\": \"PT2H\",\n  \"supply\": [\n    {\n      \"@type\": \"HowToSupply\",\n      \"name\": \"K\u00fclt\u00e9ri b\u00fatorok (kanap\u00e9, fotel, sz\u00e9k, asztal)\"\n    },\n    {\n      \"@type\": \"HowToSupply\",\n      \"name\": \"K\u00fclt\u00e9ri p\u00e1rn\u00e1k, sz\u0151nyegek\"\n    },\n    {\n      \"@type\": \"HowToSupply\",\n      \"name\": \"F\u00e9nyf\u00fcz\u00e9rek, l\u00e1mp\u00e1sok\"\n    },\n    {\n      \"@type\": \"HowToSupply\",\n      \"name\": \"T\u0171zrak\u00f3hely vagy kandall\u00f3\"\n    },\n    {\n      \"@type\": \"HowToSupply\",\n      \"name\": \"Cserepes n\u00f6v\u00e9nyek, vir\u00e1gok\"\n    },\n    {\n      \"@type\": \"HowToSupply\",\n      \"name\": \"Pergola, \u00e1rny\u00e9kol\u00f3 vagy naperny\u0151\"\n    }\n  ],\n  \"tool\": [\n    {\n      \"@type\": \"HowToTool\",\n      \"name\": \"Kert\u00e9szeti szersz\u00e1mok\"\n    },\n    {\n      \"@type\": \"HowToTool\",\n      \"name\": \"V\u00f6d\u00f6r, lap\u00e1t, metsz\u0151oll\u00f3\"\n    },\n    {\n      \"@type\": \"HowToTool\",\n      \"name\": \"Kalap\u00e1cs, f\u00far\u00f3 (ha szerelsz vagy bark\u00e1csolsz valamit)\"\n    }\n  ],\n  \"step\": [\n    {\n      \"@type\": \"HowToStep\",\n      \"name\": \"1. Kerti t\u00e9r tervez\u00e9se\",\n      \"text\": \"Gondold \u00e1t, mire szeretn\u00e9d haszn\u00e1lni a k\u00fclt\u00e9ri ter\u00fcletet: pihen\u00e9sre, \u00e9tkez\u00e9sre, vend\u00e9gfogad\u00e1sra vagy sz\u00f3rakoz\u00e1sra. Jel\u00f6ld ki a f\u0151 z\u00f3n\u00e1kat, p\u00e9ld\u00e1ul \u00e9tkez\u0151, \u00fcl\u0151sarok, t\u0171zrak\u00f3hely.\",\n      \"image\": \"https:\/\/doubletakedecor.com\/uploads\/2025\/08\/outdoor-living-space-ideas-dtd-01.jpg\"\n    },\n    {\n      \"@type\": \"HowToStep\",\n      \"name\": \"2. B\u00fatorok \u00e9s \u00fcl\u0151helyek elhelyez\u00e9se\",\n      \"text\": \"V\u00e1lassz k\u00e9nyelmes, id\u0151j\u00e1r\u00e1s\u00e1ll\u00f3 b\u00fatorokat. Helyezd el \u0151ket \u00fagy, hogy minden z\u00f3na k\u00f6nnyen megk\u00f6zel\u00edthet\u0151 legyen, \u00e9s legyen el\u00e9g hely a mozg\u00e1snak.\",\n      \"image\": \"https:\/\/doubletakedecor.com\/uploads\/2025\/08\/outdoor-living-space-ideas-dtd-02.jpg\"\n    },\n    {\n      \"@type\": \"HowToStep\",\n      \"name\": \"3. Hangulatvil\u00e1g\u00edt\u00e1s kialak\u00edt\u00e1sa\",\n      \"text\": \"Haszn\u00e1lj f\u00e9nyf\u00fcz\u00e9reket, l\u00e1mp\u00e1sokat vagy napelemes l\u00e1mp\u00e1kat a bar\u00e1ts\u00e1gos esti hangulat\u00e9rt. A vil\u00e1g\u00edt\u00e1s kijel\u00f6li a z\u00f3n\u00e1kat \u00e9s biztons\u00e1gosabb\u00e1 teszi a teret.\",\n      \"image\": \"https:\/\/doubletakedecor.com\/uploads\/2025\/08\/outdoor-living-space-ideas-dtd-09.jpg\"\n    },\n    {\n      \"@type\": \"HowToStep\",\n      \"name\": \"4. T\u0171zrak\u00f3hely vagy kandall\u00f3 kialak\u00edt\u00e1sa\",\n      \"text\": \"\u00c9p\u00edts vagy helyezz el t\u0171zrak\u00f3helyet, amely a t\u00e1rsas\u00e1gi \u00e9let k\u00f6zponti eleme lehet. A t\u0171zrak\u00f3hely melegs\u00e9get \u00e9s f\u00e9nyt ad az esti programokhoz.\",\n      \"image\": \"https:\/\/doubletakedecor.com\/uploads\/2025\/08\/outdoor-living-space-ideas-dtd-11.jpg\"\n    },\n    {\n      \"@type\": \"HowToStep\",\n      \"name\": \"5. N\u00f6v\u00e9nyek \u00e9s dekor\u00e1ci\u00f3k elhelyez\u00e9se\",\n      \"text\": \"V\u00e1lassz cserepes n\u00f6v\u00e9nyeket, hogy z\u00f6ldebb, bar\u00e1ts\u00e1gosabb legyen a t\u00e9r. Dekor\u00e1lj p\u00e1rn\u00e1kkal, k\u00fclt\u00e9ri sz\u0151nyegekkel, egyedi kasp\u00f3kkal a saj\u00e1t st\u00edlusod szerint.\",\n      \"image\": \"https:\/\/doubletakedecor.com\/uploads\/2025\/08\/outdoor-living-space-ideas-dtd-13.jpg\"\n    },\n    {\n      \"@type\": \"HowToStep\",\n      \"name\": \"6. \u00c1rny\u00e9kol\u00e1s megold\u00e1sa\",\n      \"text\": \"Haszn\u00e1lj pergol\u00e1t, naperny\u0151t vagy \u00e1rny\u00e9kol\u00f3 vitorl\u00e1t, hogy a forr\u00f3 naps\u00fct\u00e9sben is k\u00e9nyelmes legyen a k\u00fclt\u00e9ri \u00e9lett\u00e9r.\",\n      \"image\": \"https:\/\/doubletakedecor.com\/uploads\/2025\/08\/outdoor-living-space-ideas-dtd-15.jpg\"\n    },\n    {\n      \"@type\": \"HowToStep\",\n      \"name\": \"7. \u00d6sszhang \u00e9s st\u00edlus kialak\u00edt\u00e1sa\",\n      \"text\": \"Figyelj a sz\u00ednek harm\u00f3ni\u00e1j\u00e1ra, v\u00e1lassz egys\u00e9ges st\u00edlus\u00fa kieg\u00e9sz\u00edt\u0151ket. Kombin\u00e1ld a term\u00e9szetess\u00e9get a praktikus megold\u00e1sokkal, hogy szem\u00e9lyre szabott, otthonos k\u00fclt\u00e9ri o\u00e1zist kapj.\",\n      \"image\": \"https:\/\/doubletakedecor.com\/uploads\/2025\/08\/outdoor-living-space-ideas-dtd-19.jpg\"\n    }\n  ]\n}\n<\/script>\n","_links":{"self":[{"href":"https:\/\/doubletakedecor.com\/hu\/wp-json\/wp\/v2\/posts\/6665","targetHints":{"allow":["GET"]}}],"collection":[{"href":"https:\/\/doubletakedecor.com\/hu\/wp-json\/wp\/v2\/posts"}],"about":[{"href":"https:\/\/doubletakedecor.com\/hu\/wp-json\/wp\/v2\/types\/post"}],"author":[{"embeddable":true,"href":"https:\/\/doubletakedecor.com\/hu\/wp-json\/wp\/v2\/users\/12"}],"replies":[{"embeddable":true,"href":"https:\/\/doubletakedecor.com\/hu\/wp-json\/wp\/v2\/comments?post=6665"}],"version-history":[{"count":1,"href":"https:\/\/doubletakedecor.com\/hu\/wp-json\/wp\/v2\/posts\/6665\/revisions"}],"predecessor-version":[{"id":6666,"href":"https:\/\/doubletakedecor.com\/hu\/wp-json\/wp\/v2\/posts\/6665\/revisions\/6666"}],"wp:featuredmedia":[{"embeddable":true,"href":"https:\/\/doubletakedecor.com\/hu\/wp-json\/wp\/v2\/media\/5812"}],"wp:attachment":[{"href":"https:\/\/doubletakedecor.com\/hu\/wp-json\/wp\/v2\/media?parent=6665"}],"wp:term":[{"taxonomy":"category","embeddable":true,"href":"https:\/\/doubletakedecor.com\/hu\/wp-json\/wp\/v2\/categories?post=6665"},{"taxonomy":"post_tag","embeddable":true,"href":"https:\/\/doubletakedecor.com\/hu\/wp-json\/wp\/v2\/tags?post=6665"}],"curies":[{"name":"wp","href":"https:\/\/api.w.org\/{rel}","templated":true}]}}