{"id":6667,"date":"2025-08-25T00:57:01","date_gmt":"2025-08-24T22:57:01","guid":{"rendered":"https:\/\/doubletakedecor.com\/kulteri-dekoraciok\/korbeero-tornac-otletek\/"},"modified":"2025-08-25T03:28:25","modified_gmt":"2025-08-25T01:28:25","slug":"korbeero-tornac-otletek","status":"publish","type":"post","link":"https:\/\/doubletakedecor.com\/hu\/kulteri-dekoraciok\/korbeero-tornac-otletek\/","title":{"rendered":"B\u00e1jos ker\u00edt\u00e9ses torn\u00e1c \u00f6tletek, amelyek \u00e1talak\u00edtj\u00e1k otthonod"},"content":{"rendered":"<p>K\u00e9pzeld el, hogy kil\u00e9psz egy verand\u00e1ra, amely kecsesen k\u00f6rbe\u00f6leli az otthonodat, \u00e9s leny\u0171g\u00f6z\u0151 kil\u00e1t\u00e1st, valamint sz\u00e1mtalan lehet\u0151s\u00e9get k\u00edn\u00e1l a kikapcsol\u00f3d\u00e1sra \u00e9s a vend\u00e9gl\u00e1t\u00e1sra. A k\u00f6rbe fut\u00f3 verand\u00e1k nem csak l\u00e1tv\u00e1nyelemek \u2013 ezek a lak\u00f3t\u00e9r meghosszabb\u00edt\u00e1sai, ahol a belt\u00e9ri k\u00e9nyelem \u00e9s a k\u00fclt\u00e9ri var\u00e1zs t\u00f6k\u00e9letesen tal\u00e1lkozik.<\/p>\n<p>A vid\u00e9ki, rusztikus hangulat\u00fa, nat\u00far fa verand\u00e1kt\u00f3l az eleg\u00e1ns, viktori\u00e1nus st\u00edlus\u00fa, d\u00edszes korl\u00e1ttal ell\u00e1tott verand\u00e1kig sz\u00e1mtalan st\u00edlusban lehet kialak\u00edtani ezt a terepet, hogy illeszkedjen b\u00e1rmilyen otthonhoz. Ak\u00e1r egy meghitt k\u00e1v\u00e9z\u00f3sarkot keresel reggelenk\u00e9nt, ak\u00e1r egy nagyobb teret ny\u00e1ri partikhoz, a k\u00f6rbe fut\u00f3 veranda \u00f6tleteiben mindenki megtal\u00e1lja a sz\u00e1m\u00e1ra t\u00f6k\u00e9letes megold\u00e1st.<\/p>\n<p>Ezek a verand\u00e1k \u00e1tlagos h\u00e1zakat v\u00e1ltoztatnak bar\u00e1ts\u00e1gos mened\u00e9kk\u00e9, n\u00f6velik az utcafronti vonzer\u0151t, mik\u00f6zben praktikus, id\u0151j\u00e1r\u00e1sv\u00e9dett k\u00fclt\u00e9ri \u00e9letteret teremtenek. Helyezz el k\u00e9nyelmes \u00fcl\u0151helyeket, kandall\u00f3t a h\u0171v\u00f6sebb napokra, vagy ak\u00e1r egy pavilont, ha m\u00e9g t\u00f6bb \u00e1rny\u00e9kra \u00e9s karakterre v\u00e1gysz.<\/p>\n<p>A k\u00f6rbe fut\u00f3 verand\u00e1k el\u0151nye az alkalmazkod\u00f3k\u00e9pess\u00e9g\u00fck \u2013 \u00e9pp\u00fagy illenek kis h\u00e1zik\u00f3khoz, mint tekint\u00e9lyes vill\u00e1khoz, \u00e9s j\u00f3l mutatnak egyszintes vagy k\u00e9tszintes otthonon is. \u00c1tgondolt r\u00e9szletekkel, mint zsindelyes tet\u0151, be\u00e9p\u00edtett \u00fcl\u0151padok vagy hangulatos vil\u00e1g\u00edt\u00e1s m\u00e9g szerethet\u0151bb\u00e9 teheted a verand\u00e1dat, ahol a sz\u00e9ps\u00e9g \u00e9s a praktikum harmonikusan kieg\u00e9sz\u00edti egym\u00e1st.<\/p>\n<div class=\"kt_block\" id=\"kt_id\">\n<span class=\"kt_headline\">Legfontosabb tudnival\u00f3k<\/span><\/p>\n<ul class=\"kt_post_list\">\n<li><strong>\ud83c\udfe1 Belt\u00e9ri-k\u00fclt\u00e9ri harm\u00f3nia:<\/strong> A k\u00f6rbe fut\u00f3 verand\u00e1k kib\u0151v\u00edtik a lak\u00f3teredet, egyszerre k\u00edn\u00e1lnak k\u00e9nyelmet \u00e9s term\u00e9szetk\u00f6zeli var\u00e1zst \u2013 t\u00f6k\u00e9letesek pihen\u00e9shez vagy k\u00f6z\u00f6s programokhoz.<\/li>\n<li><strong>\ud83c\udfa8 Sokoldal\u00fa st\u00edluslehet\u0151s\u00e9gek:<\/strong> Legyen sz\u00f3 rusztikus vid\u00e9ki vagy eleg\u00e1ns viktori\u00e1nus megjelen\u00e9sr\u0151l, a k\u00f6rbe fut\u00f3 verand\u00e1k szem\u00e9lyre szabhat\u00f3k, hogy m\u00e9g szebb\u00e9 \u00e9s haszn\u00e1lhat\u00f3bb\u00e1 tegy\u00e9k otthonodat.<\/li>\n<li><strong>\ud83c\udf33 Rugalmas kialak\u00edt\u00e1s:<\/strong> Mind kis h\u00e1zik\u00f3n, mind nagy vill\u00e1n j\u00f3l mutatnak, egyszerre v\u00e9denek az id\u0151j\u00e1r\u00e1s viszontags\u00e1gait\u00f3l, \u00e9s v\u00e1ltozatos programokra adnak lehet\u0151s\u00e9get.<\/li>\n<li><strong>\ud83c\udf1f L\u00e1tv\u00e1nyos els\u0151 benyom\u00e1s:<\/strong> K\u00e9nyelmes \u00fcl\u0151helyekkel, hangulatos vil\u00e1g\u00edt\u00e1ssal \u00e9s d\u00edszes korl\u00e1tokkal igaz\u00e1n vonz\u00f3v\u00e1 teheted verand\u00e1dat, emelve a h\u00e1z \u00e9rt\u00e9k\u00e9t \u00e9s haszn\u00e1lhat\u00f3s\u00e1g\u00e1t.<\/li>\n<\/ul>\n<\/div>\n<h2>Modern otthon eleg\u00e1ns verand\u00e1val<\/h2>\n<p><img loading=\"lazy\" decoding=\"async\" width=\"700\" height=\"1050\" alt=\"Stunning modern home with a spacious wraparound porch, elegant columns, and lush landscaping in a serene setting.\" class=\"aligncenter size-full wp-image-5817\" src=\"https:\/\/doubletakedecor.com\/uploads\/2025\/08\/wraparound-porch-ideas-dtd-01.jpg\" srcset=\"https:\/\/doubletakedecor.com\/uploads\/2025\/08\/wraparound-porch-ideas-dtd-01.jpg 700w, https:\/\/doubletakedecor.com\/uploads\/2025\/08\/wraparound-porch-ideas-dtd-01-200x300.jpg 200w, https:\/\/doubletakedecor.com\/uploads\/2025\/08\/wraparound-porch-ideas-dtd-01-683x1024.jpg 683w, https:\/\/doubletakedecor.com\/uploads\/2025\/08\/wraparound-porch-ideas-dtd-01-96x144.jpg 96w, https:\/\/doubletakedecor.com\/uploads\/2025\/08\/wraparound-porch-ideas-dtd-01-280x420.jpg 280w, https:\/\/doubletakedecor.com\/uploads\/2025\/08\/wraparound-porch-ideas-dtd-01-320x480.jpg 320w, https:\/\/doubletakedecor.com\/uploads\/2025\/08\/wraparound-porch-ideas-dtd-01-360x540.jpg 360w, https:\/\/doubletakedecor.com\/uploads\/2025\/08\/wraparound-porch-ideas-dtd-01-363x545.jpg 363w, https:\/\/doubletakedecor.com\/uploads\/2025\/08\/wraparound-porch-ideas-dtd-01-370x555.jpg 370w, https:\/\/doubletakedecor.com\/uploads\/2025\/08\/wraparound-porch-ideas-dtd-01-400x600.jpg 400w, https:\/\/doubletakedecor.com\/uploads\/2025\/08\/wraparound-porch-ideas-dtd-01-560x840.jpg 560w, https:\/\/doubletakedecor.com\/uploads\/2025\/08\/wraparound-porch-ideas-dtd-01-480x720.jpg 480w\" sizes=\"auto, (max-width: 700px) 100vw, 700px\" \/><\/p>\n<p>Alak\u00edts ki modern, eleg\u00e1ns k\u00fcls\u0151t er\u0151teljes feh\u00e9r \u00e9s s\u00f6t\u00e9t \u00e1rnyalatokkal az er\u0151teljes kontraszthat\u00e1s miatt. Helyezz el massz\u00edv oszlopokat, amelyek nemcsak mutat\u00f3sak, hanem stabilit\u00e1st is biztos\u00edtanak. A k\u00f6rbe fut\u00f3 verand\u00e1hoz p\u00e1ros\u00edts j\u00f3l gondozott gyepet \u00e9s ig\u00e9nyesen ny\u00edrt s\u00f6v\u00e9nyeket, hogy rendezett \u00f6sszhat\u00e1st kelts. \u00c1rny\u00e9kot ad\u00f3 f\u00e1k \u00fcltet\u00e9s\u00e9vel k\u00e9nyelmesebb\u00e9 teheted a kinti pihen\u00e9st a ny\u00e1ri h\u00f3napokban.<\/p>\n<h2>Hangulatos veranda esti f\u00e9nyekkel<\/h2>\n<p><img loading=\"lazy\" decoding=\"async\" width=\"700\" height=\"1050\" alt=\"A welcoming home with illuminated windows and wraparound porch set against twilight, surrounded by lush landscaping and gentle lighting.\" class=\"aligncenter size-full wp-image-5823\" src=\"https:\/\/doubletakedecor.com\/uploads\/2025\/08\/wraparound-porch-ideas-dtd-02.jpg\" srcset=\"https:\/\/doubletakedecor.com\/uploads\/2025\/08\/wraparound-porch-ideas-dtd-02.jpg 700w, https:\/\/doubletakedecor.com\/uploads\/2025\/08\/wraparound-porch-ideas-dtd-02-200x300.jpg 200w, https:\/\/doubletakedecor.com\/uploads\/2025\/08\/wraparound-porch-ideas-dtd-02-683x1024.jpg 683w, https:\/\/doubletakedecor.com\/uploads\/2025\/08\/wraparound-porch-ideas-dtd-02-96x144.jpg 96w, https:\/\/doubletakedecor.com\/uploads\/2025\/08\/wraparound-porch-ideas-dtd-02-280x420.jpg 280w, https:\/\/doubletakedecor.com\/uploads\/2025\/08\/wraparound-porch-ideas-dtd-02-320x480.jpg 320w, https:\/\/doubletakedecor.com\/uploads\/2025\/08\/wraparound-porch-ideas-dtd-02-360x540.jpg 360w, https:\/\/doubletakedecor.com\/uploads\/2025\/08\/wraparound-porch-ideas-dtd-02-363x545.jpg 363w, https:\/\/doubletakedecor.com\/uploads\/2025\/08\/wraparound-porch-ideas-dtd-02-370x555.jpg 370w, https:\/\/doubletakedecor.com\/uploads\/2025\/08\/wraparound-porch-ideas-dtd-02-400x600.jpg 400w, https:\/\/doubletakedecor.com\/uploads\/2025\/08\/wraparound-porch-ideas-dtd-02-560x840.jpg 560w, https:\/\/doubletakedecor.com\/uploads\/2025\/08\/wraparound-porch-ideas-dtd-02-480x720.jpg 480w\" sizes=\"auto, (max-width: 700px) 100vw, 700px\" \/><\/p>\n<p>Var\u00e1zsolj elb\u0171v\u00f6l\u0151 esti hangulatot a veranda k\u00f6r\u00e9 elhelyezett meleg f\u00e9nyekkel. Helyezd el a l\u00e1mp\u00e1kat \u00fagy, hogy kiemelj\u00e9k az \u00e9p\u00edt\u00e9szeti r\u00e9szleteket, \u00e9s megvil\u00e1g\u00edts\u00e1k a j\u00e1rd\u00e1t. Vir\u00e1g\u00e1gy\u00e1sokkal szeg\u00e9lyezheted a verand\u00e1t, hogy m\u00e9g bar\u00e1ts\u00e1gosabb legyen. Harmoniz\u00e1ld az \u00f6sszk\u00e9pet azzal, hogy a f\u0151\u00e9p\u00fclet \u00e9s a mell\u00e9k\u00e9p\u00fcletek k\u00fclseje sz\u00ednben \u00f6sszhangban van egym\u00e1ssal.<\/p>\n<h2>\u0150szi veranda szezon\u00e1lis dekor\u00e1ci\u00f3val<\/h2>\n<p><img loading=\"lazy\" decoding=\"async\" width=\"700\" height=\"1050\" alt=\"White house with slender columns featuring seasonal orange pumpkins, black rocking chairs and potted plants on a wraparound porch.\" class=\"aligncenter size-full wp-image-5829\" src=\"https:\/\/doubletakedecor.com\/uploads\/2025\/08\/wraparound-porch-ideas-dtd-03.jpg\" srcset=\"https:\/\/doubletakedecor.com\/uploads\/2025\/08\/wraparound-porch-ideas-dtd-03.jpg 700w, https:\/\/doubletakedecor.com\/uploads\/2025\/08\/wraparound-porch-ideas-dtd-03-200x300.jpg 200w, https:\/\/doubletakedecor.com\/uploads\/2025\/08\/wraparound-porch-ideas-dtd-03-683x1024.jpg 683w, https:\/\/doubletakedecor.com\/uploads\/2025\/08\/wraparound-porch-ideas-dtd-03-96x144.jpg 96w, https:\/\/doubletakedecor.com\/uploads\/2025\/08\/wraparound-porch-ideas-dtd-03-280x420.jpg 280w, https:\/\/doubletakedecor.com\/uploads\/2025\/08\/wraparound-porch-ideas-dtd-03-320x480.jpg 320w, https:\/\/doubletakedecor.com\/uploads\/2025\/08\/wraparound-porch-ideas-dtd-03-360x540.jpg 360w, https:\/\/doubletakedecor.com\/uploads\/2025\/08\/wraparound-porch-ideas-dtd-03-363x545.jpg 363w, https:\/\/doubletakedecor.com\/uploads\/2025\/08\/wraparound-porch-ideas-dtd-03-370x555.jpg 370w, https:\/\/doubletakedecor.com\/uploads\/2025\/08\/wraparound-porch-ideas-dtd-03-400x600.jpg 400w, https:\/\/doubletakedecor.com\/uploads\/2025\/08\/wraparound-porch-ideas-dtd-03-560x840.jpg 560w, https:\/\/doubletakedecor.com\/uploads\/2025\/08\/wraparound-porch-ideas-dtd-03-480x720.jpg 480w\" sizes=\"auto, (max-width: 700px) 100vw, 700px\" \/><\/p>\n<p>Alak\u00edtsd \u00e1t a k\u00f6rbe fut\u00f3 verand\u00e1t \u0151szi hangulat\u00fa kuck\u00f3v\u00e1 t\u00f6k\u00f6k \u00e9s cserepes n\u00f6v\u00e9nyek elhelyez\u00e9s\u00e9vel. A fekete hintasz\u00e9kek k\u00e9nyelmes \u00fcl\u0151helyet \u00e9s kontrasztot adnak a feh\u00e9r oszlopok k\u00f6z\u00f6tt. Gondoskodj \u00e1polt gyepfel\u00fcletr\u0151l, hogy az \u0151szi dekor\u00e1ci\u00f3 m\u00e9g jobban \u00e9rv\u00e9nyes\u00fclj\u00f6n. \u00dagy rendezd el a d\u00edszeket, hogy ne legyen t\u00falzs\u00fafolt a t\u00e9r.<\/p>\n<h2>Modern farmh\u00e1z st\u00edlus\u00fa veranda<\/h2>\n<p><img loading=\"lazy\" decoding=\"async\" width=\"700\" height=\"1050\" alt=\"Elegant two-story modern farmhouse with white siding, wraparound porch, wooden double doors and beautifully landscaped front yard\" class=\"aligncenter size-full wp-image-5835\" src=\"https:\/\/doubletakedecor.com\/uploads\/2025\/08\/wraparound-porch-ideas-dtd-04.jpg\" srcset=\"https:\/\/doubletakedecor.com\/uploads\/2025\/08\/wraparound-porch-ideas-dtd-04.jpg 700w, https:\/\/doubletakedecor.com\/uploads\/2025\/08\/wraparound-porch-ideas-dtd-04-200x300.jpg 200w, https:\/\/doubletakedecor.com\/uploads\/2025\/08\/wraparound-porch-ideas-dtd-04-683x1024.jpg 683w, https:\/\/doubletakedecor.com\/uploads\/2025\/08\/wraparound-porch-ideas-dtd-04-96x144.jpg 96w, https:\/\/doubletakedecor.com\/uploads\/2025\/08\/wraparound-porch-ideas-dtd-04-280x420.jpg 280w, https:\/\/doubletakedecor.com\/uploads\/2025\/08\/wraparound-porch-ideas-dtd-04-320x480.jpg 320w, https:\/\/doubletakedecor.com\/uploads\/2025\/08\/wraparound-porch-ideas-dtd-04-360x540.jpg 360w, https:\/\/doubletakedecor.com\/uploads\/2025\/08\/wraparound-porch-ideas-dtd-04-363x545.jpg 363w, https:\/\/doubletakedecor.com\/uploads\/2025\/08\/wraparound-porch-ideas-dtd-04-370x555.jpg 370w, https:\/\/doubletakedecor.com\/uploads\/2025\/08\/wraparound-porch-ideas-dtd-04-400x600.jpg 400w, https:\/\/doubletakedecor.com\/uploads\/2025\/08\/wraparound-porch-ideas-dtd-04-560x840.jpg 560w, https:\/\/doubletakedecor.com\/uploads\/2025\/08\/wraparound-porch-ideas-dtd-04-480x720.jpg 480w\" sizes=\"auto, (max-width: 700px) 100vw, 700px\" \/><\/p>\n<p>Hangs\u00falyozd a kontrasztot feh\u00e9r homlokzattal \u00e9s s\u00f6t\u00e9t ablakkeretekkel vagy f\u00e9mtet\u0151vel. Emeld ki a bej\u00e1ratot massz\u00edv faajt\u00f3val, el\u0151tte sz\u00e9les l\u00e9pcs\u0151t kialak\u00edtva, hogy k\u00f6nny\u0171 legyen a hozz\u00e1f\u00e9r\u00e9s. Egyszer\u0171, de biztons\u00e1gos korl\u00e1tokkal keretezd a verand\u00e1t, hogy ne takarj\u00e1k el a sz\u00e9p kert l\u00e1tv\u00e1ny\u00e1t.<\/p>\n<h2>K\u00fclt\u00e9ri \u00e9tkez\u0151 \u00e9s grillez\u0151 sarok<\/h2>\n<p><img loading=\"lazy\" decoding=\"async\" width=\"700\" height=\"1050\" alt=\"Charming wooden porch with white railings, featuring a dining table, chairs, pendant light, and grill for perfect outdoor entertaining.\" class=\"aligncenter size-full wp-image-5841\" src=\"https:\/\/doubletakedecor.com\/uploads\/2025\/08\/wraparound-porch-ideas-dtd-05.jpg\" srcset=\"https:\/\/doubletakedecor.com\/uploads\/2025\/08\/wraparound-porch-ideas-dtd-05.jpg 700w, https:\/\/doubletakedecor.com\/uploads\/2025\/08\/wraparound-porch-ideas-dtd-05-200x300.jpg 200w, https:\/\/doubletakedecor.com\/uploads\/2025\/08\/wraparound-porch-ideas-dtd-05-683x1024.jpg 683w, https:\/\/doubletakedecor.com\/uploads\/2025\/08\/wraparound-porch-ideas-dtd-05-96x144.jpg 96w, https:\/\/doubletakedecor.com\/uploads\/2025\/08\/wraparound-porch-ideas-dtd-05-280x420.jpg 280w, https:\/\/doubletakedecor.com\/uploads\/2025\/08\/wraparound-porch-ideas-dtd-05-320x480.jpg 320w, https:\/\/doubletakedecor.com\/uploads\/2025\/08\/wraparound-porch-ideas-dtd-05-360x540.jpg 360w, https:\/\/doubletakedecor.com\/uploads\/2025\/08\/wraparound-porch-ideas-dtd-05-363x545.jpg 363w, https:\/\/doubletakedecor.com\/uploads\/2025\/08\/wraparound-porch-ideas-dtd-05-370x555.jpg 370w, https:\/\/doubletakedecor.com\/uploads\/2025\/08\/wraparound-porch-ideas-dtd-05-400x600.jpg 400w, https:\/\/doubletakedecor.com\/uploads\/2025\/08\/wraparound-porch-ideas-dtd-05-560x840.jpg 560w, https:\/\/doubletakedecor.com\/uploads\/2025\/08\/wraparound-porch-ideas-dtd-05-480x720.jpg 480w\" sizes=\"auto, (max-width: 700px) 100vw, 700px\" \/><\/p>\n<p>Alak\u00edts ki szuper bulihelyet a verand\u00e1n egy \u00e9tkez\u0151asztal \u00e9s egy ig\u00e9nyes grill p\u00e1ros\u00edt\u00e1s\u00e1val. A grillt helyezd a fal mell\u00e9, hogy biztons\u00e1gos maradjon, de legyen b\u0151ven hely \u00fcl\u0151helyeknek is. Egy l\u00e1tv\u00e1nyos f\u00fcgg\u0151l\u00e1mp\u00e1val hangulatosabb\u00e1 teheted az est\u00e9t, a k\u00f6z\u00e9pre tett n\u00f6v\u00e9nyek pedig feldobj\u00e1k a megjelen\u00e9st. Igaz\u00edtsd a sz\u00edneket a h\u00e1zad k\u00fclsej\u00e9hez, hogy egys\u00e9ges legyen az \u00f6sszk\u00e9p.<\/p>\n<h2>K\u00e9tszintes h\u00e1z vegyes burkolattal<\/h2>\n<p><img loading=\"lazy\" decoding=\"async\" width=\"700\" height=\"1045\" alt=\"Two-story house with shingle and lap siding, featuring a welcoming porch with comfortable chairs and colorful garden landscaping.\" class=\"aligncenter size-full wp-image-5847\" src=\"https:\/\/doubletakedecor.com\/uploads\/2025\/08\/wraparound-porch-ideas-dtd-06.jpg\" srcset=\"https:\/\/doubletakedecor.com\/uploads\/2025\/08\/wraparound-porch-ideas-dtd-06.jpg 700w, https:\/\/doubletakedecor.com\/uploads\/2025\/08\/wraparound-porch-ideas-dtd-06-201x300.jpg 201w, https:\/\/doubletakedecor.com\/uploads\/2025\/08\/wraparound-porch-ideas-dtd-06-686x1024.jpg 686w, https:\/\/doubletakedecor.com\/uploads\/2025\/08\/wraparound-porch-ideas-dtd-06-96x143.jpg 96w, https:\/\/doubletakedecor.com\/uploads\/2025\/08\/wraparound-porch-ideas-dtd-06-280x418.jpg 280w, https:\/\/doubletakedecor.com\/uploads\/2025\/08\/wraparound-porch-ideas-dtd-06-320x478.jpg 320w, https:\/\/doubletakedecor.com\/uploads\/2025\/08\/wraparound-porch-ideas-dtd-06-360x537.jpg 360w, https:\/\/doubletakedecor.com\/uploads\/2025\/08\/wraparound-porch-ideas-dtd-06-363x542.jpg 363w, https:\/\/doubletakedecor.com\/uploads\/2025\/08\/wraparound-porch-ideas-dtd-06-370x552.jpg 370w, https:\/\/doubletakedecor.com\/uploads\/2025\/08\/wraparound-porch-ideas-dtd-06-400x597.jpg 400w, https:\/\/doubletakedecor.com\/uploads\/2025\/08\/wraparound-porch-ideas-dtd-06-560x836.jpg 560w, https:\/\/doubletakedecor.com\/uploads\/2025\/08\/wraparound-porch-ideas-dtd-06-480x717.jpg 480w\" sizes=\"auto, (max-width: 700px) 100vw, 700px\" \/><\/p>\n<p>Tedd l\u00e1tv\u00e1nyoss\u00e1 a verand\u00e1t zsindelyes \u00e9s l\u00e9ces homlokzattal, term\u00e9szetes f\u00f6ldsz\u00ednekkel. Feh\u00e9r szeg\u00e9lyekkel emeld ki a r\u00e9szleteket, \u00e9s fogadd a l\u00e1togat\u00f3kat szimmetrikus cserepes n\u00f6v\u00e9nyekkel a bej\u00e1ratn\u00e1l. K\u00e9nyelmes \u00fcl\u0151helyeket alak\u00edts ki az ajt\u00f3 k\u00f6zel\u00e9ben, hogy mindig legyen egy j\u00f3 hely a besz\u00e9lget\u00e9sekhez.<\/p>\n<h2>Klasszikus feh\u00e9r h\u00e1z z\u00f6ld spalett\u00e1kkal<\/h2>\n<p><img loading=\"lazy\" decoding=\"async\" width=\"700\" height=\"1050\" alt=\"Elegant two-story white house with dark green shutters and a welcoming wraparound porch surrounded by lush landscaping.\" class=\"aligncenter size-full wp-image-5853\" src=\"https:\/\/doubletakedecor.com\/uploads\/2025\/08\/wraparound-porch-ideas-dtd-07.jpg\" srcset=\"https:\/\/doubletakedecor.com\/uploads\/2025\/08\/wraparound-porch-ideas-dtd-07.jpg 700w, https:\/\/doubletakedecor.com\/uploads\/2025\/08\/wraparound-porch-ideas-dtd-07-200x300.jpg 200w, https:\/\/doubletakedecor.com\/uploads\/2025\/08\/wraparound-porch-ideas-dtd-07-683x1024.jpg 683w, https:\/\/doubletakedecor.com\/uploads\/2025\/08\/wraparound-porch-ideas-dtd-07-96x144.jpg 96w, https:\/\/doubletakedecor.com\/uploads\/2025\/08\/wraparound-porch-ideas-dtd-07-280x420.jpg 280w, https:\/\/doubletakedecor.com\/uploads\/2025\/08\/wraparound-porch-ideas-dtd-07-320x480.jpg 320w, https:\/\/doubletakedecor.com\/uploads\/2025\/08\/wraparound-porch-ideas-dtd-07-360x540.jpg 360w, https:\/\/doubletakedecor.com\/uploads\/2025\/08\/wraparound-porch-ideas-dtd-07-363x545.jpg 363w, https:\/\/doubletakedecor.com\/uploads\/2025\/08\/wraparound-porch-ideas-dtd-07-370x555.jpg 370w, https:\/\/doubletakedecor.com\/uploads\/2025\/08\/wraparound-porch-ideas-dtd-07-400x600.jpg 400w, https:\/\/doubletakedecor.com\/uploads\/2025\/08\/wraparound-porch-ideas-dtd-07-560x840.jpg 560w, https:\/\/doubletakedecor.com\/uploads\/2025\/08\/wraparound-porch-ideas-dtd-07-480x720.jpg 480w\" sizes=\"auto, (max-width: 700px) 100vw, 700px\" \/><\/p>\n<p>Hozz l\u00e9tre \u00f6r\u00f6k klasszikus k\u00fcls\u0151t feh\u00e9r falakkal \u00e9s s\u00f6t\u00e9tz\u00f6ld spalett\u00e1kkal. A verand\u00e1n feh\u00e9r korl\u00e1tok \u00e9s meleg sz\u00edn\u0171, f\u00e1b\u00f3l k\u00e9sz\u00fclt bej\u00e1rati ajt\u00f3 teremtenek bar\u00e1ts\u00e1gos, h\u00edvogat\u00f3 \u00f6sszhat\u00e1st. Kanyarg\u00f3s, macskak\u00f6ves j\u00e1rd\u00e1t futtass a bej\u00e1rathoz, \u00e9s gondos kerttervez\u00e9ssel emeld ki verand\u00e1d sz\u00e9ps\u00e9g\u00e9t.<\/p>\n<h2>Klasszikus t\u00e9glah\u00e1z k\u00f6rbe fut\u00f3 verand\u00e1val<\/h2>\n<p><img loading=\"lazy\" decoding=\"async\" width=\"700\" height=\"1050\" alt=\"Elegant multi-story brick house with green trim featuring a spacious wraparound porch surrounded by manicured gardens and a winding walkway.\" class=\"aligncenter size-full wp-image-5859\" src=\"https:\/\/doubletakedecor.com\/uploads\/2025\/08\/wraparound-porch-ideas-dtd-08.jpg\" srcset=\"https:\/\/doubletakedecor.com\/uploads\/2025\/08\/wraparound-porch-ideas-dtd-08.jpg 700w, https:\/\/doubletakedecor.com\/uploads\/2025\/08\/wraparound-porch-ideas-dtd-08-200x300.jpg 200w, https:\/\/doubletakedecor.com\/uploads\/2025\/08\/wraparound-porch-ideas-dtd-08-683x1024.jpg 683w, https:\/\/doubletakedecor.com\/uploads\/2025\/08\/wraparound-porch-ideas-dtd-08-96x144.jpg 96w, https:\/\/doubletakedecor.com\/uploads\/2025\/08\/wraparound-porch-ideas-dtd-08-280x420.jpg 280w, https:\/\/doubletakedecor.com\/uploads\/2025\/08\/wraparound-porch-ideas-dtd-08-320x480.jpg 320w, https:\/\/doubletakedecor.com\/uploads\/2025\/08\/wraparound-porch-ideas-dtd-08-360x540.jpg 360w, https:\/\/doubletakedecor.com\/uploads\/2025\/08\/wraparound-porch-ideas-dtd-08-363x545.jpg 363w, https:\/\/doubletakedecor.com\/uploads\/2025\/08\/wraparound-porch-ideas-dtd-08-370x555.jpg 370w, https:\/\/doubletakedecor.com\/uploads\/2025\/08\/wraparound-porch-ideas-dtd-08-400x600.jpg 400w, https:\/\/doubletakedecor.com\/uploads\/2025\/08\/wraparound-porch-ideas-dtd-08-560x840.jpg 560w, https:\/\/doubletakedecor.com\/uploads\/2025\/08\/wraparound-porch-ideas-dtd-08-480x720.jpg 480w\" sizes=\"auto, (max-width: 700px) 100vw, 700px\" \/><\/p>\n<p>Id\u0151tlen megjelen\u00e9st ad a t\u00e9gla \u00e9s a z\u00f6ld sz\u00edn\u0171 d\u00edsz\u00edt\u0151elemek p\u00e1ros\u00edt\u00e1sa a verand\u00e1n. Hozz l\u00e9tre kanyarg\u00f3s j\u00e1rd\u00e1t, amit gondosan gondozott kert szeg\u00e9lyez, \u00edgy m\u00e1r messzir\u0151l h\u00edvogat\u00f3 a bej\u00e1rat. K\u00e9nyelmes \u00fcl\u0151r\u00e9sz kialak\u00edt\u00e1s\u00e1val \u00e9lvezheted a kert l\u00e1tv\u00e1ny\u00e1t, \u00e9s k\u00f6zponti tal\u00e1lkoz\u00f3helly\u00e9 var\u00e1zsolhatod a verand\u00e1t.<\/p>\n<h2>Modern terasz eleg\u00e1ns \u00fcl\u0151b\u00fatorokkal<\/h2>\n<p><img loading=\"lazy\" decoding=\"async\" width=\"700\" height=\"1050\" alt=\"Stylish wraparound deck with white-cushioned sofas, coffee table, and potted plants under a shaded structure.\" class=\"aligncenter size-full wp-image-5865\" src=\"https:\/\/doubletakedecor.com\/uploads\/2025\/08\/wraparound-porch-ideas-dtd-09.jpg\" srcset=\"https:\/\/doubletakedecor.com\/uploads\/2025\/08\/wraparound-porch-ideas-dtd-09.jpg 700w, https:\/\/doubletakedecor.com\/uploads\/2025\/08\/wraparound-porch-ideas-dtd-09-200x300.jpg 200w, https:\/\/doubletakedecor.com\/uploads\/2025\/08\/wraparound-porch-ideas-dtd-09-683x1024.jpg 683w, https:\/\/doubletakedecor.com\/uploads\/2025\/08\/wraparound-porch-ideas-dtd-09-96x144.jpg 96w, https:\/\/doubletakedecor.com\/uploads\/2025\/08\/wraparound-porch-ideas-dtd-09-280x420.jpg 280w, https:\/\/doubletakedecor.com\/uploads\/2025\/08\/wraparound-porch-ideas-dtd-09-320x480.jpg 320w, https:\/\/doubletakedecor.com\/uploads\/2025\/08\/wraparound-porch-ideas-dtd-09-360x540.jpg 360w, https:\/\/doubletakedecor.com\/uploads\/2025\/08\/wraparound-porch-ideas-dtd-09-363x545.jpg 363w, https:\/\/doubletakedecor.com\/uploads\/2025\/08\/wraparound-porch-ideas-dtd-09-370x555.jpg 370w, https:\/\/doubletakedecor.com\/uploads\/2025\/08\/wraparound-porch-ideas-dtd-09-400x600.jpg 400w, https:\/\/doubletakedecor.com\/uploads\/2025\/08\/wraparound-porch-ideas-dtd-09-560x840.jpg 560w, https:\/\/doubletakedecor.com\/uploads\/2025\/08\/wraparound-porch-ideas-dtd-09-480x720.jpg 480w\" sizes=\"auto, (max-width: 700px) 100vw, 700px\" \/><\/p>\n<p>Teremts modern, k\u00e9nyelmes k\u00fclt\u00e9ri nappalit puha p\u00e1rn\u00e1kkal b\u00e9lelt sz\u00f3fa- \u00e9s fotelelrendez\u00e9ssel, k\u00f6z\u00e9pen st\u00edlusos doh\u00e1nyz\u00f3asztallal. Z\u00f6ldell\u0151 cserepes n\u00f6v\u00e9nyekkel, vir\u00e1gokkal vigy\u00e9l sz\u00ednt a t\u00e9rbe. \u00c1rny\u00e9kol\u00f3val v\u00e9dd magad a forr\u00f3s\u00e1g ellen \u00fagy, hogy tov\u00e1bbra is t\u00e1gas, nyitott maradjon a t\u00e9r. \u00cdgy eleg\u00e1ns \u00e9s praktikus helysz\u00ednt alak\u00edthatsz ki bar\u00e1ti \u00f6sszej\u00f6vetelekhez.<\/p>\n<h2>Klasszikus k\u00e9tszintes h\u00e1z fedett verand\u00e1val<\/h2>\n<p><img loading=\"lazy\" decoding=\"async\" width=\"700\" height=\"1050\" alt=\"Two-story yellow house with white trim featuring a welcoming wraparound porch, vibrant flower beds, and lush landscaping.\" class=\"aligncenter size-full wp-image-5871\" src=\"https:\/\/doubletakedecor.com\/uploads\/2025\/08\/wraparound-porch-ideas-dtd-10.jpg\" srcset=\"https:\/\/doubletakedecor.com\/uploads\/2025\/08\/wraparound-porch-ideas-dtd-10.jpg 700w, https:\/\/doubletakedecor.com\/uploads\/2025\/08\/wraparound-porch-ideas-dtd-10-200x300.jpg 200w, https:\/\/doubletakedecor.com\/uploads\/2025\/08\/wraparound-porch-ideas-dtd-10-683x1024.jpg 683w, https:\/\/doubletakedecor.com\/uploads\/2025\/08\/wraparound-porch-ideas-dtd-10-96x144.jpg 96w, https:\/\/doubletakedecor.com\/uploads\/2025\/08\/wraparound-porch-ideas-dtd-10-280x420.jpg 280w, https:\/\/doubletakedecor.com\/uploads\/2025\/08\/wraparound-porch-ideas-dtd-10-320x480.jpg 320w, https:\/\/doubletakedecor.com\/uploads\/2025\/08\/wraparound-porch-ideas-dtd-10-360x540.jpg 360w, https:\/\/doubletakedecor.com\/uploads\/2025\/08\/wraparound-porch-ideas-dtd-10-363x545.jpg 363w, https:\/\/doubletakedecor.com\/uploads\/2025\/08\/wraparound-porch-ideas-dtd-10-370x555.jpg 370w, https:\/\/doubletakedecor.com\/uploads\/2025\/08\/wraparound-porch-ideas-dtd-10-400x600.jpg 400w, https:\/\/doubletakedecor.com\/uploads\/2025\/08\/wraparound-porch-ideas-dtd-10-560x840.jpg 560w, https:\/\/doubletakedecor.com\/uploads\/2025\/08\/wraparound-porch-ideas-dtd-10-480x720.jpg 480w\" sizes=\"auto, (max-width: 700px) 100vw, 700px\" \/><\/p>\n<p>Keretezd h\u00e1zadat hagyom\u00e1nyos, fedett verand\u00e1val, amely v\u00e9gigfut a homlokzaton. A feh\u00e9r korl\u00e1tok j\u00f3l kiemelik a vil\u00e1gos homlokzat sz\u00edn\u00e9t, \u00e9s bar\u00e1ts\u00e1gos bej\u00e1ratot alkotnak. Szimmetrikus vir\u00e1g\u00e1gy\u00e1sokkal dobhatod fel a l\u00e9pcs\u0151 k\u00e9t oldal\u00e1t, ami \u00e9vszakt\u00f3l f\u00fcggetlen\u00fcl sz\u00ednes \u00e9s h\u00edvogat\u00f3 lesz. A fedett kialak\u00edt\u00e1s v\u00e9d az id\u0151j\u00e1r\u00e1st\u00f3l, mik\u00f6zben a d\u00edszes fafarag\u00e1sok kiemelik a h\u00e1z st\u00edlus\u00e1t.<\/p>\n<h2>Hagyom\u00e1nyos feh\u00e9r h\u00e1z eleg\u00e1ns verand\u00e1val<\/h2>\n<p><img loading=\"lazy\" decoding=\"async\" width=\"700\" height=\"1050\" alt=\"Charming two-story white house featuring a traditional wraparound porch with elegant railings, hanging planters, and a well-maintained green lawn.\" class=\"aligncenter size-full wp-image-5877\" src=\"https:\/\/doubletakedecor.com\/uploads\/2025\/08\/wraparound-porch-ideas-dtd-11.jpg\" srcset=\"https:\/\/doubletakedecor.com\/uploads\/2025\/08\/wraparound-porch-ideas-dtd-11.jpg 700w, https:\/\/doubletakedecor.com\/uploads\/2025\/08\/wraparound-porch-ideas-dtd-11-200x300.jpg 200w, https:\/\/doubletakedecor.com\/uploads\/2025\/08\/wraparound-porch-ideas-dtd-11-683x1024.jpg 683w, https:\/\/doubletakedecor.com\/uploads\/2025\/08\/wraparound-porch-ideas-dtd-11-96x144.jpg 96w, https:\/\/doubletakedecor.com\/uploads\/2025\/08\/wraparound-porch-ideas-dtd-11-280x420.jpg 280w, https:\/\/doubletakedecor.com\/uploads\/2025\/08\/wraparound-porch-ideas-dtd-11-320x480.jpg 320w, https:\/\/doubletakedecor.com\/uploads\/2025\/08\/wraparound-porch-ideas-dtd-11-360x540.jpg 360w, https:\/\/doubletakedecor.com\/uploads\/2025\/08\/wraparound-porch-ideas-dtd-11-363x545.jpg 363w, https:\/\/doubletakedecor.com\/uploads\/2025\/08\/wraparound-porch-ideas-dtd-11-370x555.jpg 370w, https:\/\/doubletakedecor.com\/uploads\/2025\/08\/wraparound-porch-ideas-dtd-11-400x600.jpg 400w, https:\/\/doubletakedecor.com\/uploads\/2025\/08\/wraparound-porch-ideas-dtd-11-560x840.jpg 560w, https:\/\/doubletakedecor.com\/uploads\/2025\/08\/wraparound-porch-ideas-dtd-11-480x720.jpg 480w\" sizes=\"auto, (max-width: 700px) 100vw, 700px\" \/><\/p>\n<p>Bar\u00e1ts\u00e1gos hangulatot teremthetsz d\u00edszes tart\u00f3konzolokkal \u00e9s eleg\u00e1ns, feh\u00e9r korl\u00e1tokkal a verand\u00e1n. L\u00f3g\u00f3 vir\u00e1gtart\u00f3kban \u00e9l\u00e9nk z\u00f6ld n\u00f6v\u00e9nyekkel friss sz\u00ednt vihetsz a l\u00e1tv\u00e1nyba. Egyszer\u0171 kavicsos \u00f6sv\u00e9ny seg\u00edt a bej\u00e1rathoz jutni, m\u00edg a gondozott p\u00e1zsit id\u0151tlen\u00fcl sz\u00e9pp\u00e9 teszi a h\u00e1z el\u0151tti teret.<\/p>\n<h2>Modern farmh\u00e1z k\u00f6rbe fut\u00f3 verand\u00e1val<\/h2>\n<p><img loading=\"lazy\" decoding=\"async\" width=\"700\" height=\"1050\" alt=\"Elegant white house with metal roof, wooden double doors, and a wraparound porch surrounded by manicured landscaping.\" class=\"aligncenter size-full wp-image-5883\" src=\"https:\/\/doubletakedecor.com\/uploads\/2025\/08\/wraparound-porch-ideas-dtd-12.jpg\" srcset=\"https:\/\/doubletakedecor.com\/uploads\/2025\/08\/wraparound-porch-ideas-dtd-12.jpg 700w, https:\/\/doubletakedecor.com\/uploads\/2025\/08\/wraparound-porch-ideas-dtd-12-200x300.jpg 200w, https:\/\/doubletakedecor.com\/uploads\/2025\/08\/wraparound-porch-ideas-dtd-12-683x1024.jpg 683w, https:\/\/doubletakedecor.com\/uploads\/2025\/08\/wraparound-porch-ideas-dtd-12-96x144.jpg 96w, https:\/\/doubletakedecor.com\/uploads\/2025\/08\/wraparound-porch-ideas-dtd-12-280x420.jpg 280w, https:\/\/doubletakedecor.com\/uploads\/2025\/08\/wraparound-porch-ideas-dtd-12-320x480.jpg 320w, https:\/\/doubletakedecor.com\/uploads\/2025\/08\/wraparound-porch-ideas-dtd-12-360x540.jpg 360w, https:\/\/doubletakedecor.com\/uploads\/2025\/08\/wraparound-porch-ideas-dtd-12-363x545.jpg 363w, https:\/\/doubletakedecor.com\/uploads\/2025\/08\/wraparound-porch-ideas-dtd-12-370x555.jpg 370w, https:\/\/doubletakedecor.com\/uploads\/2025\/08\/wraparound-porch-ideas-dtd-12-400x600.jpg 400w, https:\/\/doubletakedecor.com\/uploads\/2025\/08\/wraparound-porch-ideas-dtd-12-560x840.jpg 560w, https:\/\/doubletakedecor.com\/uploads\/2025\/08\/wraparound-porch-ideas-dtd-12-480x720.jpg 480w\" sizes=\"auto, (max-width: 700px) 100vw, 700px\" \/><\/p>\n<p>Kiegyens\u00falyozott k\u00fcls\u0151t \u00e9rhetsz el feh\u00e9r homlokzattal, f\u00e9mtet\u0151vel \u00e9s s\u00f6t\u00e9t sz\u00edn\u0171 szeg\u00e9lyekkel, amelyek klasszikus kontrasztot hoznak l\u00e9tre. F\u00e1b\u00f3l k\u00e9sz\u00fclt k\u00e9tsz\u00e1rny\u00fa ajt\u00f3kkal \u00e9s nagy ablakokkal vil\u00e1gos, h\u00edvogat\u00f3 lesz a verand\u00e1d. Szimmetrikus n\u00f6v\u00e9ny\u00e1gy\u00e1sok \u00e9s \u00e1rny\u00e9kot ad\u00f3 f\u00e1k teszik teljess\u00e9 ezt a modern \u00e9s m\u00e9gis id\u0151tlen farmh\u00e1z st\u00edlust.<\/p>\n<h2>Nagyvonal\u00fa, k\u00e9tszintes h\u00e1z fedett verand\u00e1val<\/h2>\n<p><img loading=\"lazy\" decoding=\"async\" width=\"700\" height=\"1049\" alt=\"T\u00e1gas, k\u00e9tszintes h\u00e1z feh\u00e9r oszlopokkal \u00e9s gy\u00f6ny\u00f6r\u0171 k\u00f6rbefut\u00f3 verand\u00e1val, z\u00f6ldell\u0151 k\u00f6rnyezetben\" class=\"aligncenter size-full wp-image-5889\" src=\"https:\/\/doubletakedecor.com\/uploads\/2025\/08\/wraparound-porch-ideas-dtd-13.jpg\" srcset=\"https:\/\/doubletakedecor.com\/uploads\/2025\/08\/wraparound-porch-ideas-dtd-13.jpg 700w, https:\/\/doubletakedecor.com\/uploads\/2025\/08\/wraparound-porch-ideas-dtd-13-200x300.jpg 200w, https:\/\/doubletakedecor.com\/uploads\/2025\/08\/wraparound-porch-ideas-dtd-13-683x1024.jpg 683w, https:\/\/doubletakedecor.com\/uploads\/2025\/08\/wraparound-porch-ideas-dtd-13-96x144.jpg 96w, https:\/\/doubletakedecor.com\/uploads\/2025\/08\/wraparound-porch-ideas-dtd-13-280x420.jpg 280w, https:\/\/doubletakedecor.com\/uploads\/2025\/08\/wraparound-porch-ideas-dtd-13-320x480.jpg 320w, https:\/\/doubletakedecor.com\/uploads\/2025\/08\/wraparound-porch-ideas-dtd-13-360x539.jpg 360w, https:\/\/doubletakedecor.com\/uploads\/2025\/08\/wraparound-porch-ideas-dtd-13-363x544.jpg 363w, https:\/\/doubletakedecor.com\/uploads\/2025\/08\/wraparound-porch-ideas-dtd-13-370x554.jpg 370w, https:\/\/doubletakedecor.com\/uploads\/2025\/08\/wraparound-porch-ideas-dtd-13-400x599.jpg 400w, https:\/\/doubletakedecor.com\/uploads\/2025\/08\/wraparound-porch-ideas-dtd-13-560x839.jpg 560w, https:\/\/doubletakedecor.com\/uploads\/2025\/08\/wraparound-porch-ideas-dtd-13-480x719.jpg 480w\" sizes=\"auto, (max-width: 700px) 100vw, 700px\" \/><\/p>\n<p>Alak\u00edts ki bar\u00e1ts\u00e1gos, k\u00f6rbefut\u00f3 verand\u00e1t eleg\u00e1ns feh\u00e9r oszlopokkal! Ez remek\u00fcl mutat a vil\u00e1gos sz\u00edn\u0171 h\u00e1zfal mellett. Egy klasszikus k\u0151alap id\u0151t\u00e1ll\u00f3v\u00e1 teszi a verand\u00e1t, \u00e9s jobban b\u00edrja az id\u0151j\u00e1r\u00e1st is. Tegy\u00e9l k\u00e9nyelmes \u00fcl\u0151helyeket \u00fagy, hogy \u00e9lvezhesd a kerted l\u00e1tv\u00e1ny\u00e1t, \u00e9s gondoskodj r\u00f3la, hogy el\u00e9g m\u00e9ly legyen a veranda a b\u00fatoroknak.<\/p>\n<h2>K\u0151 \u00e9s z\u00f6ld homlokzat eleganci\u00e1ja<\/h2>\n<p><img loading=\"lazy\" decoding=\"async\" width=\"700\" height=\"1050\" alt=\"Nagy, t\u00f6bbszintes h\u00e1z k\u0151 \u00e9s z\u00f6ld bor\u00edt\u00e1s\u00fa homlokzattal, k\u00f6rbefut\u00f3 verand\u00e1val, rendezett kerttel \u00e9s cs\u00edkozott gyepel\" class=\"aligncenter size-full wp-image-5895\" src=\"https:\/\/doubletakedecor.com\/uploads\/2025\/08\/wraparound-porch-ideas-dtd-14.jpg\" srcset=\"https:\/\/doubletakedecor.com\/uploads\/2025\/08\/wraparound-porch-ideas-dtd-14.jpg 700w, https:\/\/doubletakedecor.com\/uploads\/2025\/08\/wraparound-porch-ideas-dtd-14-200x300.jpg 200w, https:\/\/doubletakedecor.com\/uploads\/2025\/08\/wraparound-porch-ideas-dtd-14-683x1024.jpg 683w, https:\/\/doubletakedecor.com\/uploads\/2025\/08\/wraparound-porch-ideas-dtd-14-96x144.jpg 96w, https:\/\/doubletakedecor.com\/uploads\/2025\/08\/wraparound-porch-ideas-dtd-14-280x420.jpg 280w, https:\/\/doubletakedecor.com\/uploads\/2025\/08\/wraparound-porch-ideas-dtd-14-320x480.jpg 320w, https:\/\/doubletakedecor.com\/uploads\/2025\/08\/wraparound-porch-ideas-dtd-14-360x540.jpg 360w, https:\/\/doubletakedecor.com\/uploads\/2025\/08\/wraparound-porch-ideas-dtd-14-363x545.jpg 363w, https:\/\/doubletakedecor.com\/uploads\/2025\/08\/wraparound-porch-ideas-dtd-14-370x555.jpg 370w, https:\/\/doubletakedecor.com\/uploads\/2025\/08\/wraparound-porch-ideas-dtd-14-400x600.jpg 400w, https:\/\/doubletakedecor.com\/uploads\/2025\/08\/wraparound-porch-ideas-dtd-14-560x840.jpg 560w, https:\/\/doubletakedecor.com\/uploads\/2025\/08\/wraparound-porch-ideas-dtd-14-480x720.jpg 480w\" sizes=\"auto, (max-width: 700px) 100vw, 700px\" \/><\/p>\n<p>Kombin\u00e1ld a k\u0151 d\u00edsz\u00edt\u00e9st z\u00f6ld homlokzattal, hogy igaz\u00e1n k\u00fcl\u00f6nleges legyen a veranda k\u00f6rnyezete. Szerelj fel nagy ablakokat, hogy min\u00e9l t\u00f6bb term\u00e9szetes f\u00e9ny jusson be a h\u00e1zba. Ojtosan kanyarg\u00f3 kerti \u00f6sv\u00e9nyekkel, sz\u00e9pen ny\u00edrt f\u0171vel tedd m\u00e9g h\u00edvogat\u00f3bb\u00e1 a bej\u00e1ratot. A cs\u00edkozott f\u0171ny\u00edr\u00e1s hangs\u00falyozza az el\u0151kel\u0151 megjelen\u00e9st.<\/p>\n<h2>Eleg\u00e1ns domboldali otthon bar\u00e1ts\u00e1gos verand\u00e1val<\/h2>\n<p><img loading=\"lazy\" decoding=\"async\" width=\"700\" height=\"1050\" alt=\"T\u00f6bbszintes h\u00e1z k\u00f6rbefut\u00f3 verand\u00e1val, feh\u00e9r Adirondack sz\u00e9kekkel, sz\u00ednes vir\u00e1g\u00e1gy\u00e1sokkal\" class=\"aligncenter size-full wp-image-5901\" src=\"https:\/\/doubletakedecor.com\/uploads\/2025\/08\/wraparound-porch-ideas-dtd-15.jpg\" srcset=\"https:\/\/doubletakedecor.com\/uploads\/2025\/08\/wraparound-porch-ideas-dtd-15.jpg 700w, https:\/\/doubletakedecor.com\/uploads\/2025\/08\/wraparound-porch-ideas-dtd-15-200x300.jpg 200w, https:\/\/doubletakedecor.com\/uploads\/2025\/08\/wraparound-porch-ideas-dtd-15-683x1024.jpg 683w, https:\/\/doubletakedecor.com\/uploads\/2025\/08\/wraparound-porch-ideas-dtd-15-96x144.jpg 96w, https:\/\/doubletakedecor.com\/uploads\/2025\/08\/wraparound-porch-ideas-dtd-15-280x420.jpg 280w, https:\/\/doubletakedecor.com\/uploads\/2025\/08\/wraparound-porch-ideas-dtd-15-320x480.jpg 320w, https:\/\/doubletakedecor.com\/uploads\/2025\/08\/wraparound-porch-ideas-dtd-15-360x540.jpg 360w, https:\/\/doubletakedecor.com\/uploads\/2025\/08\/wraparound-porch-ideas-dtd-15-363x545.jpg 363w, https:\/\/doubletakedecor.com\/uploads\/2025\/08\/wraparound-porch-ideas-dtd-15-370x555.jpg 370w, https:\/\/doubletakedecor.com\/uploads\/2025\/08\/wraparound-porch-ideas-dtd-15-400x600.jpg 400w, https:\/\/doubletakedecor.com\/uploads\/2025\/08\/wraparound-porch-ideas-dtd-15-560x840.jpg 560w, https:\/\/doubletakedecor.com\/uploads\/2025\/08\/wraparound-porch-ideas-dtd-15-480x720.jpg 480w\" sizes=\"auto, (max-width: 700px) 100vw, 700px\" \/><\/p>\n<p>Tedd meghitt\u00e9 a k\u00fclt\u00e9ri \u00e9letteret k\u00e9nyelmes Adirondack sz\u00e9kekkel, amelyeket k\u00f6zvetlen\u00fcl a veranda mell\u00e9, a gyepre helyezel. Dobd fel a teret sz\u00ednes vir\u00e1g\u00e1gy\u00e1sokkal \u00e9s term\u00e9szetes k\u0151b\u0151l k\u00e9sz\u00fclt szeg\u00e9lyekkel! \u00cdgy a veranda r\u00e9sze lesz a kertnek, \u00e9s tov\u00e1bb is b\u0151v\u00edtheted a haszn\u00e1lhat\u00f3 helyet.<\/p>\n<h2>Eleg\u00e1ns fekete-feh\u00e9r veranda \u00fcl\u0151helyek<\/h2>\n<p><img loading=\"lazy\" decoding=\"async\" width=\"700\" height=\"1050\" alt=\"Hangulatos k\u00f6rbefut\u00f3 veranda fa padl\u00f3val, feh\u00e9r korl\u00e1ttal, fonott kanap\u00e9kkal \u00e9s fekete l\u00e1mp\u00e1kkal\" class=\"aligncenter size-full wp-image-5907\" src=\"https:\/\/doubletakedecor.com\/uploads\/2025\/08\/wraparound-porch-ideas-dtd-16.jpg\" srcset=\"https:\/\/doubletakedecor.com\/uploads\/2025\/08\/wraparound-porch-ideas-dtd-16.jpg 700w, https:\/\/doubletakedecor.com\/uploads\/2025\/08\/wraparound-porch-ideas-dtd-16-200x300.jpg 200w, https:\/\/doubletakedecor.com\/uploads\/2025\/08\/wraparound-porch-ideas-dtd-16-683x1024.jpg 683w, https:\/\/doubletakedecor.com\/uploads\/2025\/08\/wraparound-porch-ideas-dtd-16-96x144.jpg 96w, https:\/\/doubletakedecor.com\/uploads\/2025\/08\/wraparound-porch-ideas-dtd-16-280x420.jpg 280w, https:\/\/doubletakedecor.com\/uploads\/2025\/08\/wraparound-porch-ideas-dtd-16-320x480.jpg 320w, https:\/\/doubletakedecor.com\/uploads\/2025\/08\/wraparound-porch-ideas-dtd-16-360x540.jpg 360w, https:\/\/doubletakedecor.com\/uploads\/2025\/08\/wraparound-porch-ideas-dtd-16-363x545.jpg 363w, https:\/\/doubletakedecor.com\/uploads\/2025\/08\/wraparound-porch-ideas-dtd-16-370x555.jpg 370w, https:\/\/doubletakedecor.com\/uploads\/2025\/08\/wraparound-porch-ideas-dtd-16-400x600.jpg 400w, https:\/\/doubletakedecor.com\/uploads\/2025\/08\/wraparound-porch-ideas-dtd-16-560x840.jpg 560w, https:\/\/doubletakedecor.com\/uploads\/2025\/08\/wraparound-porch-ideas-dtd-16-480x720.jpg 480w\" sizes=\"auto, (max-width: 700px) 100vw, 700px\" \/><\/p>\n<p>Teremts id\u0151tlen st\u00edlust a verand\u00e1n fekete fonott b\u00fatorokkal, feh\u00e9r p\u00e1rn\u00e1kkal \u00e9s mint\u00e1s d\u00edszp\u00e1rn\u00e1kkal. Meleg id\u0151ben j\u00f3l j\u00f6n egy mennyezeti ventil\u00e1tor is, plusz karaktert adnak a falra szerelt l\u00e1mp\u00e1sok. Tedd izgalmasabb\u00e1 a verand\u00e1t kasp\u00f3kba \u00fcltetett z\u00f6ld n\u00f6v\u00e9nyekkel, amelyek term\u00e9szetess\u00e9get visznek a fekete-feh\u00e9r sz\u00ednvil\u00e1gba.<\/p>\n<h2>Viktori\u00e1nus b\u00e1j piros homlokzattal<\/h2>\n<p><img loading=\"lazy\" decoding=\"async\" width=\"700\" height=\"1050\" alt=\"Gy\u00f6ny\u00f6r\u0171 viktori\u00e1nus st\u00edlus\u00fa h\u00e1z piros homlokzattal, feh\u00e9r d\u00edsz\u00edt\u00e9ssel \u00e9s k\u00f6rbefut\u00f3 verand\u00e1val\" class=\"aligncenter size-full wp-image-5913\" src=\"https:\/\/doubletakedecor.com\/uploads\/2025\/08\/wraparound-porch-ideas-dtd-17.jpg\" srcset=\"https:\/\/doubletakedecor.com\/uploads\/2025\/08\/wraparound-porch-ideas-dtd-17.jpg 700w, https:\/\/doubletakedecor.com\/uploads\/2025\/08\/wraparound-porch-ideas-dtd-17-200x300.jpg 200w, https:\/\/doubletakedecor.com\/uploads\/2025\/08\/wraparound-porch-ideas-dtd-17-683x1024.jpg 683w, https:\/\/doubletakedecor.com\/uploads\/2025\/08\/wraparound-porch-ideas-dtd-17-96x144.jpg 96w, https:\/\/doubletakedecor.com\/uploads\/2025\/08\/wraparound-porch-ideas-dtd-17-280x420.jpg 280w, https:\/\/doubletakedecor.com\/uploads\/2025\/08\/wraparound-porch-ideas-dtd-17-320x480.jpg 320w, https:\/\/doubletakedecor.com\/uploads\/2025\/08\/wraparound-porch-ideas-dtd-17-360x540.jpg 360w, https:\/\/doubletakedecor.com\/uploads\/2025\/08\/wraparound-porch-ideas-dtd-17-363x545.jpg 363w, https:\/\/doubletakedecor.com\/uploads\/2025\/08\/wraparound-porch-ideas-dtd-17-370x555.jpg 370w, https:\/\/doubletakedecor.com\/uploads\/2025\/08\/wraparound-porch-ideas-dtd-17-400x600.jpg 400w, https:\/\/doubletakedecor.com\/uploads\/2025\/08\/wraparound-porch-ideas-dtd-17-560x840.jpg 560w, https:\/\/doubletakedecor.com\/uploads\/2025\/08\/wraparound-porch-ideas-dtd-17-480x720.jpg 480w\" sizes=\"auto, (max-width: 700px) 100vw, 700px\" \/><\/p>\n<p>D\u00edsz\u00edtsd a verand\u00e1t viktori\u00e1nus r\u00e9szletekkel, mint p\u00e9ld\u00e1ul feh\u00e9r oszlopok vagy m\u00edves korl\u00e1tok! A piros homlokzatot feh\u00e9r szeg\u00e9llyel tedd igaz\u00e1n hangs\u00falyoss\u00e1. Az ilyen d\u00edsz\u00edt\u0151elemeket \u00e9rdemes egyszer\u0171, letisztult kerttel ellens\u00falyozni, hogy ne legyen t\u00fal zs\u00fafolt, de m\u00e9gis bar\u00e1ts\u00e1gos maradjon a h\u00e1z bej\u00e1rata.<\/p>\n<h2>Modern, k\u00e9tszintes otthon st\u00edlusos verand\u00e1val<\/h2>\n<p><img loading=\"lazy\" decoding=\"async\" width=\"700\" height=\"1050\" alt=\"Modern k\u00e9tszintes h\u00e1z k\u00f6rbefut\u00f3 verand\u00e1val, feh\u00e9r falakkal, fa d\u00edsz\u00edt\u00e9ssel \u00e9s buja n\u00f6v\u00e9nyzettel\" class=\"aligncenter size-full wp-image-5919\" src=\"https:\/\/doubletakedecor.com\/uploads\/2025\/08\/wraparound-porch-ideas-dtd-18.jpg\" srcset=\"https:\/\/doubletakedecor.com\/uploads\/2025\/08\/wraparound-porch-ideas-dtd-18.jpg 700w, https:\/\/doubletakedecor.com\/uploads\/2025\/08\/wraparound-porch-ideas-dtd-18-200x300.jpg 200w, https:\/\/doubletakedecor.com\/uploads\/2025\/08\/wraparound-porch-ideas-dtd-18-683x1024.jpg 683w, https:\/\/doubletakedecor.com\/uploads\/2025\/08\/wraparound-porch-ideas-dtd-18-96x144.jpg 96w, https:\/\/doubletakedecor.com\/uploads\/2025\/08\/wraparound-porch-ideas-dtd-18-280x420.jpg 280w, https:\/\/doubletakedecor.com\/uploads\/2025\/08\/wraparound-porch-ideas-dtd-18-320x480.jpg 320w, https:\/\/doubletakedecor.com\/uploads\/2025\/08\/wraparound-porch-ideas-dtd-18-360x540.jpg 360w, https:\/\/doubletakedecor.com\/uploads\/2025\/08\/wraparound-porch-ideas-dtd-18-363x545.jpg 363w, https:\/\/doubletakedecor.com\/uploads\/2025\/08\/wraparound-porch-ideas-dtd-18-370x555.jpg 370w, https:\/\/doubletakedecor.com\/uploads\/2025\/08\/wraparound-porch-ideas-dtd-18-400x600.jpg 400w, https:\/\/doubletakedecor.com\/uploads\/2025\/08\/wraparound-porch-ideas-dtd-18-560x840.jpg 560w, https:\/\/doubletakedecor.com\/uploads\/2025\/08\/wraparound-porch-ideas-dtd-18-480x720.jpg 480w\" sizes=\"auto, (max-width: 700px) 100vw, 700px\" \/><\/p>\n<p>Hangold \u00f6ssze a h\u00e1z k\u00fclsej\u00e9t sima feh\u00e9r falakkal \u00e9s meleg \u00e1rnyalat\u00fa fa d\u00edsz\u00edt\u00e9sekkel! Haszn\u00e1lj nagy ablakokat, hogy bejusson a f\u00e9ny, az erk\u00e9lyhez v\u00e1laszd az \u00fcvegkorl\u00e1tot a szell\u0151s hat\u00e1s\u00e9rt. A bej\u00e1rathoz l\u00e9pcs\u0151s s\u00e9t\u00e1nyt \u00e9p\u00edts, sz\u00e9l\u00e9n alacsony gondoz\u00e1s\u00fa d\u00edszf\u00fcvekkel \u00e9s p\u00e1lm\u00e1kkal \u2013 ezek tr\u00f3pusi hangulatot adnak. Este a k\u00fclt\u00e9ri l\u00e1mp\u00e1k kiemelik a h\u00e1z sz\u00e9p r\u00e9szeit.<\/p>\n<h2>Luxus, szintes veranda \u00e9s medence egy\u00fcttese<\/h2>\n<p><img loading=\"lazy\" decoding=\"async\" width=\"700\" height=\"1049\" alt=\"Eleg\u00e1ns h\u00e1z k\u00f6rbefut\u00f3 verand\u00e1val, k\u0151b\u0151l \u00e9s f\u00e1b\u00f3l, oszlopokkal, teraszos kerttel \u00e9s hangulatos medencer\u00e9sszel\" class=\"aligncenter size-full wp-image-5925\" src=\"https:\/\/doubletakedecor.com\/uploads\/2025\/08\/wraparound-porch-ideas-dtd-19.jpg\" srcset=\"https:\/\/doubletakedecor.com\/uploads\/2025\/08\/wraparound-porch-ideas-dtd-19.jpg 700w, https:\/\/doubletakedecor.com\/uploads\/2025\/08\/wraparound-porch-ideas-dtd-19-200x300.jpg 200w, https:\/\/doubletakedecor.com\/uploads\/2025\/08\/wraparound-porch-ideas-dtd-19-683x1024.jpg 683w, https:\/\/doubletakedecor.com\/uploads\/2025\/08\/wraparound-porch-ideas-dtd-19-96x144.jpg 96w, https:\/\/doubletakedecor.com\/uploads\/2025\/08\/wraparound-porch-ideas-dtd-19-280x420.jpg 280w, https:\/\/doubletakedecor.com\/uploads\/2025\/08\/wraparound-porch-ideas-dtd-19-320x480.jpg 320w, https:\/\/doubletakedecor.com\/uploads\/2025\/08\/wraparound-porch-ideas-dtd-19-360x539.jpg 360w, https:\/\/doubletakedecor.com\/uploads\/2025\/08\/wraparound-porch-ideas-dtd-19-363x544.jpg 363w, https:\/\/doubletakedecor.com\/uploads\/2025\/08\/wraparound-porch-ideas-dtd-19-370x554.jpg 370w, https:\/\/doubletakedecor.com\/uploads\/2025\/08\/wraparound-porch-ideas-dtd-19-400x599.jpg 400w, https:\/\/doubletakedecor.com\/uploads\/2025\/08\/wraparound-porch-ideas-dtd-19-560x839.jpg 560w, https:\/\/doubletakedecor.com\/uploads\/2025\/08\/wraparound-porch-ideas-dtd-19-480x719.jpg 480w\" sizes=\"auto, (max-width: 700px) 100vw, 700px\" \/><\/p>\n<p>Haszn\u00e1ld ki igaz\u00e1n a veranda lehet\u0151s\u00e9geit t\u00f6bb szabadt\u00e9ri \u00e9lett\u00e9r kialak\u00edt\u00e1s\u00e1val. A vend\u00e9geket teraszos l\u00e9pcs\u0151k vezethetik le a medenc\u00e9s r\u00e9szhez. A klasszikus oszlopok meg\u0151rzik a h\u00e1z st\u00edlus\u00e1t, m\u00edg k\u00e9nyelmes \u00fcl\u0151helyek teszik bar\u00e1ts\u00e1goss\u00e1 a k\u00fcl\u00f6nb\u00f6z\u0151 r\u00e9szeket. S\u0171r\u0171 n\u00f6v\u00e9nyek l\u00e1gy\u00edtj\u00e1k a k\u00f6veket, \u00edgy term\u00e9szetes \u00e1tmenet alakul ki a terek k\u00f6z\u00f6tt.<\/p>\n<h2>Klasszikus, feh\u00e9r paraszth\u00e1z verand\u00e1val<\/h2>\n<p><img loading=\"lazy\" decoding=\"async\" width=\"700\" height=\"1050\" alt=\"K\u00e9tszintes feh\u00e9r h\u00e1z fekete zsalug\u00e1terekkel, oszlopokkal \u00e9s cs\u00fcng\u0151 vir\u00e1gokkal d\u00edsz\u00edtett k\u00f6rbefut\u00f3 verand\u00e1val\" class=\"aligncenter size-full wp-image-5931\" src=\"https:\/\/doubletakedecor.com\/uploads\/2025\/08\/wraparound-porch-ideas-dtd-20.jpg\" srcset=\"https:\/\/doubletakedecor.com\/uploads\/2025\/08\/wraparound-porch-ideas-dtd-20.jpg 700w, https:\/\/doubletakedecor.com\/uploads\/2025\/08\/wraparound-porch-ideas-dtd-20-200x300.jpg 200w, https:\/\/doubletakedecor.com\/uploads\/2025\/08\/wraparound-porch-ideas-dtd-20-683x1024.jpg 683w, https:\/\/doubletakedecor.com\/uploads\/2025\/08\/wraparound-porch-ideas-dtd-20-96x144.jpg 96w, https:\/\/doubletakedecor.com\/uploads\/2025\/08\/wraparound-porch-ideas-dtd-20-280x420.jpg 280w, https:\/\/doubletakedecor.com\/uploads\/2025\/08\/wraparound-porch-ideas-dtd-20-320x480.jpg 320w, https:\/\/doubletakedecor.com\/uploads\/2025\/08\/wraparound-porch-ideas-dtd-20-360x540.jpg 360w, https:\/\/doubletakedecor.com\/uploads\/2025\/08\/wraparound-porch-ideas-dtd-20-363x545.jpg 363w, https:\/\/doubletakedecor.com\/uploads\/2025\/08\/wraparound-porch-ideas-dtd-20-370x555.jpg 370w, https:\/\/doubletakedecor.com\/uploads\/2025\/08\/wraparound-porch-ideas-dtd-20-400x600.jpg 400w, https:\/\/doubletakedecor.com\/uploads\/2025\/08\/wraparound-porch-ideas-dtd-20-560x840.jpg 560w, https:\/\/doubletakedecor.com\/uploads\/2025\/08\/wraparound-porch-ideas-dtd-20-480x720.jpg 480w\" sizes=\"auto, (max-width: 700px) 100vw, 700px\" \/><\/p>\n<p>Var\u00e1zsolj \u00f6r\u00f6k klasszikus megjelen\u00e9st feh\u00e9r homlokzattal \u00e9s fekete zsalug\u00e1terekkel! A strapab\u00edr\u00f3 oszlopok tartj\u00e1k a verand\u00e1t \u00e9s emelik a h\u00e1z \u00f6sszk\u00e9p\u00e9t. F\u00fcggeszd fel vir\u00e1gkosarakat az oszlopok k\u00f6z\u00e9, \u00edgy \u00e9vszakonk\u00e9nt friss sz\u00ednt vihetsz a bej\u00e1rathoz. Rendezd el szimmetrikusan a n\u00f6v\u00e9nyeket \u00e9s a bokrokat, hogy sz\u00e9pen keretezz\u00e9k a verand\u00e1t.<\/p>\n<h2>Viktori\u00e1nus hangulat \u0151szi d\u00edsz\u00edt\u00e9ssel<\/h2>\n<p><img loading=\"lazy\" decoding=\"async\" width=\"700\" height=\"1050\" alt=\"Viktori\u00e1nus h\u00e1z d\u00edszes veranda r\u00e9szletekkel, k\u00f6r\u00fcl\u00f6tte \u0151sz sz\u00edneiben pomp\u00e1z\u00f3 lombokkal \u00e9s sz\u00ednes vir\u00e1gokkal\" class=\"aligncenter size-full wp-image-5937\" src=\"https:\/\/doubletakedecor.com\/uploads\/2025\/08\/wraparound-porch-ideas-dtd-21.jpg\" srcset=\"https:\/\/doubletakedecor.com\/uploads\/2025\/08\/wraparound-porch-ideas-dtd-21.jpg 700w, https:\/\/doubletakedecor.com\/uploads\/2025\/08\/wraparound-porch-ideas-dtd-21-200x300.jpg 200w, https:\/\/doubletakedecor.com\/uploads\/2025\/08\/wraparound-porch-ideas-dtd-21-683x1024.jpg 683w, https:\/\/doubletakedecor.com\/uploads\/2025\/08\/wraparound-porch-ideas-dtd-21-96x144.jpg 96w, https:\/\/doubletakedecor.com\/uploads\/2025\/08\/wraparound-porch-ideas-dtd-21-280x420.jpg 280w, https:\/\/doubletakedecor.com\/uploads\/2025\/08\/wraparound-porch-ideas-dtd-21-320x480.jpg 320w, https:\/\/doubletakedecor.com\/uploads\/2025\/08\/wraparound-porch-ideas-dtd-21-360x540.jpg 360w, https:\/\/doubletakedecor.com\/uploads\/2025\/08\/wraparound-porch-ideas-dtd-21-363x545.jpg 363w, https:\/\/doubletakedecor.com\/uploads\/2025\/08\/wraparound-porch-ideas-dtd-21-370x555.jpg 370w, https:\/\/doubletakedecor.com\/uploads\/2025\/08\/wraparound-porch-ideas-dtd-21-400x600.jpg 400w, https:\/\/doubletakedecor.com\/uploads\/2025\/08\/wraparound-porch-ideas-dtd-21-560x840.jpg 560w, https:\/\/doubletakedecor.com\/uploads\/2025\/08\/wraparound-porch-ideas-dtd-21-480x720.jpg 480w\" sizes=\"auto, (max-width: 700px) 100vw, 700px\" \/><\/p>\n<p>Dobd fel a verand\u00e1t \u00e9vszakos kasp\u00f3kkal, tele \u00e9l\u00e9nk vir\u00e1gokkal, amelyek sz\u00e9pen kiemelkednek az \u0151szi levelek k\u00f6z\u00f6tt. Hagyd, hogy n\u00e9h\u00e1ny falev\u00e9l term\u00e9szetesen a l\u00e9pcs\u0151n maradjon \u2013 ez m\u00e9g hangulatosabb\u00e1 teszi a bej\u00e1ratot. \u00dcltess d\u00edszf\u00fcveket \u00e9s sz\u00ednes bokrokat a verand\u00e1hoz, \u00edgy l\u00e1gy \u00e1tmenetet teremthetsz a kert \u00e9s a h\u00e1z k\u00f6z\u00f6tt.<\/p>\n<h2>Klasszikus feh\u00e9r h\u00e1z k\u0151vel d\u00edsz\u00edtve<\/h2>\n<p><img loading=\"lazy\" decoding=\"async\" width=\"700\" height=\"1050\" alt=\"Modern otthon feh\u00e9r falakkal, k\u0151 d\u00edsz\u00edt\u00e9sekkel, oszlopos verand\u00e1val \u00e9s sz\u00e9p, sz\u00ednes vir\u00e1gokkal szeg\u00e9lyezett \u00f6sv\u00e9nnyel\" class=\"aligncenter size-full wp-image-5943\" src=\"https:\/\/doubletakedecor.com\/uploads\/2025\/08\/wraparound-porch-ideas-dtd-22.jpg\" srcset=\"https:\/\/doubletakedecor.com\/uploads\/2025\/08\/wraparound-porch-ideas-dtd-22.jpg 700w, https:\/\/doubletakedecor.com\/uploads\/2025\/08\/wraparound-porch-ideas-dtd-22-200x300.jpg 200w, https:\/\/doubletakedecor.com\/uploads\/2025\/08\/wraparound-porch-ideas-dtd-22-683x1024.jpg 683w, https:\/\/doubletakedecor.com\/uploads\/2025\/08\/wraparound-porch-ideas-dtd-22-96x144.jpg 96w, https:\/\/doubletakedecor.com\/uploads\/2025\/08\/wraparound-porch-ideas-dtd-22-280x420.jpg 280w, https:\/\/doubletakedecor.com\/uploads\/2025\/08\/wraparound-porch-ideas-dtd-22-320x480.jpg 320w, https:\/\/doubletakedecor.com\/uploads\/2025\/08\/wraparound-porch-ideas-dtd-22-360x540.jpg 360w, https:\/\/doubletakedecor.com\/uploads\/2025\/08\/wraparound-porch-ideas-dtd-22-363x545.jpg 363w, https:\/\/doubletakedecor.com\/uploads\/2025\/08\/wraparound-porch-ideas-dtd-22-370x555.jpg 370w, https:\/\/doubletakedecor.com\/uploads\/2025\/08\/wraparound-porch-ideas-dtd-22-400x600.jpg 400w, https:\/\/doubletakedecor.com\/uploads\/2025\/08\/wraparound-porch-ideas-dtd-22-560x840.jpg 560w, https:\/\/doubletakedecor.com\/uploads\/2025\/08\/wraparound-porch-ideas-dtd-22-480x720.jpg 480w\" sizes=\"auto, (max-width: 700px) 100vw, 700px\" \/><\/p>\n<p>Vess \u00f6tv\u00f6zd a feh\u00e9r falakat k\u0151 d\u00edsz\u00edt\u00e9sekkel, hogy egyszerre legyen eleg\u00e1ns \u00e9s bar\u00e1ts\u00e1gos a h\u00e1z. Az oszlopos veranda sz\u00e9p keretet ad a fa bej\u00e1rati ajt\u00f3nak. Fekete zsalug\u00e1terekkel dobd fel a l\u00e1tv\u00e1nyt, nagy ablakokkal pedig m\u00e9g vil\u00e1gosabb\u00e1 teheted a bels\u0151 teret. Egy k\u00f6vekb\u0151l kirakott \u00f6sv\u00e9ny, melyet sz\u00ednes vir\u00e1gok szeg\u00e9lyeznek, igaz\u00e1n h\u00edvogat\u00f3v\u00e1 var\u00e1zsolja a bej\u00e1ratot.<\/p>\n<h2>Modern paraszth\u00e1z veranda \u00f6tletek<\/h2>\n<p><img loading=\"lazy\" decoding=\"async\" width=\"700\" height=\"1050\" alt=\"Hangulatos, modern paraszth\u00e1z feh\u00e9r falakkal, k\u00f6rbefut\u00f3 feh\u00e9r korl\u00e1ttal, \u00e9s vir\u00e1g\u00e1gy\u00e1sokkal a k\u0151 \u00f6sv\u00e9ny mellett\" class=\"aligncenter size-full wp-image-5949\" src=\"https:\/\/doubletakedecor.com\/uploads\/2025\/08\/wraparound-porch-ideas-dtd-23.jpg\" srcset=\"https:\/\/doubletakedecor.com\/uploads\/2025\/08\/wraparound-porch-ideas-dtd-23.jpg 700w, https:\/\/doubletakedecor.com\/uploads\/2025\/08\/wraparound-porch-ideas-dtd-23-200x300.jpg 200w, https:\/\/doubletakedecor.com\/uploads\/2025\/08\/wraparound-porch-ideas-dtd-23-683x1024.jpg 683w, https:\/\/doubletakedecor.com\/uploads\/2025\/08\/wraparound-porch-ideas-dtd-23-96x144.jpg 96w, https:\/\/doubletakedecor.com\/uploads\/2025\/08\/wraparound-porch-ideas-dtd-23-280x420.jpg 280w, https:\/\/doubletakedecor.com\/uploads\/2025\/08\/wraparound-porch-ideas-dtd-23-320x480.jpg 320w, https:\/\/doubletakedecor.com\/uploads\/2025\/08\/wraparound-porch-ideas-dtd-23-360x540.jpg 360w, https:\/\/doubletakedecor.com\/uploads\/2025\/08\/wraparound-porch-ideas-dtd-23-363x545.jpg 363w, https:\/\/doubletakedecor.com\/uploads\/2025\/08\/wraparound-porch-ideas-dtd-23-370x555.jpg 370w, https:\/\/doubletakedecor.com\/uploads\/2025\/08\/wraparound-porch-ideas-dtd-23-400x600.jpg 400w, https:\/\/doubletakedecor.com\/uploads\/2025\/08\/wraparound-porch-ideas-dtd-23-560x840.jpg 560w, https:\/\/doubletakedecor.com\/uploads\/2025\/08\/wraparound-porch-ideas-dtd-23-480x720.jpg 480w\" sizes=\"auto, (max-width: 700px) 100vw, 700px\" \/><\/p>\n<p>Kombin\u00e1ld a klasszikus, feh\u00e9r korl\u00e1tokat f\u00e9m tet\u0151vel, hogy sose menjen ki a divatb\u00f3l a h\u00e1zad. Helyezz el szimmetrikus vir\u00e1g\u00e1gy\u00e1sokat a veranda mell\u00e9: ez sz\u00e9p ritmust \u00e9s friss hangulatot ad. Egy term\u00e9szetes k\u00f6vekb\u0151l k\u00e9sz\u00fclt \u00f6sv\u00e9ny eleg\u00e1nsan vezeti fel a vend\u00e9geket a verand\u00e1ig. Ez a megold\u00e1s egyszerre mutat\u00f3s \u00e9s igaz\u00e1n bar\u00e1ts\u00e1gos.<\/p>\n<h2>Hazafias hangulat\u00fa paraszth\u00e1z veranda<\/h2>\n<p><img loading=\"lazy\" decoding=\"async\" width=\"700\" height=\"1050\" alt=\"S\u00e1rga h\u00e1z feh\u00e9r d\u00edsz\u00edt\u00e9ssel, fonott sz\u00e9kekkel \u00e9s amerikai z\u00e1szl\u00f3val, \u00edves k\u0151l\u00e9pcs\u0151kkel, sz\u00ednes n\u00f6v\u00e9nyekkel\" class=\"aligncenter size-full wp-image-5955\" src=\"https:\/\/doubletakedecor.com\/uploads\/2025\/08\/wraparound-porch-ideas-dtd-24.jpg\" srcset=\"https:\/\/doubletakedecor.com\/uploads\/2025\/08\/wraparound-porch-ideas-dtd-24.jpg 700w, https:\/\/doubletakedecor.com\/uploads\/2025\/08\/wraparound-porch-ideas-dtd-24-200x300.jpg 200w, https:\/\/doubletakedecor.com\/uploads\/2025\/08\/wraparound-porch-ideas-dtd-24-683x1024.jpg 683w, https:\/\/doubletakedecor.com\/uploads\/2025\/08\/wraparound-porch-ideas-dtd-24-96x144.jpg 96w, https:\/\/doubletakedecor.com\/uploads\/2025\/08\/wraparound-porch-ideas-dtd-24-280x420.jpg 280w, https:\/\/doubletakedecor.com\/uploads\/2025\/08\/wraparound-porch-ideas-dtd-24-320x480.jpg 320w, https:\/\/doubletakedecor.com\/uploads\/2025\/08\/wraparound-porch-ideas-dtd-24-360x540.jpg 360w, https:\/\/doubletakedecor.com\/uploads\/2025\/08\/wraparound-porch-ideas-dtd-24-363x545.jpg 363w, https:\/\/doubletakedecor.com\/uploads\/2025\/08\/wraparound-porch-ideas-dtd-24-370x555.jpg 370w, https:\/\/doubletakedecor.com\/uploads\/2025\/08\/wraparound-porch-ideas-dtd-24-400x600.jpg 400w, https:\/\/doubletakedecor.com\/uploads\/2025\/08\/wraparound-porch-ideas-dtd-24-560x840.jpg 560w, https:\/\/doubletakedecor.com\/uploads\/2025\/08\/wraparound-porch-ideas-dtd-24-480x720.jpg 480w\" sizes=\"auto, (max-width: 700px) 100vw, 700px\" \/><\/p>\n<p>Tedd k\u00fcl\u00f6nlegess\u00e9 a bej\u00e1ratot patriotikus (hazafias) elemekkel \u00e9s gondosan megtervezett kerttel! Dobd fel kontrasztos sz\u00ednekkel, p\u00e9ld\u00e1ul s\u00e1rg\u00e1val \u00e9s feh\u00e9rrel, \u00e9s v\u00e1lassz fonott \u00fcl\u0151garnit\u00far\u00e1t a klasszikus hangulat\u00e9rt. Az \u00f6sv\u00e9nyt \u00edves k\u0151elemekkel alak\u00edtsd ki, a kasp\u00f3kban \u00e9vszakhoz ill\u0151 vir\u00e1gokkal vezess a hangulatos verand\u00e1hoz.<\/p>\n<h2>Klasszikus, k\u00e9tszintes h\u00e1z h\u00edvogat\u00f3 verand\u00e1val<\/h2>\n<p><img loading=\"lazy\" decoding=\"async\" width=\"700\" height=\"1049\" alt=\"K\u00e9tszintes h\u00e1z t\u00e1gas, k\u00f6rbefut\u00f3 verand\u00e1val, feh\u00e9r korl\u00e1tokkal, cserepes n\u00f6v\u00e9nyekkel \u00e9s hangulatos \u00f6sv\u00e9nnyel\" class=\"aligncenter size-full wp-image-5961\" src=\"https:\/\/doubletakedecor.com\/uploads\/2025\/08\/wraparound-porch-ideas-dtd-25.jpg\" srcset=\"https:\/\/doubletakedecor.com\/uploads\/2025\/08\/wraparound-porch-ideas-dtd-25.jpg 700w, https:\/\/doubletakedecor.com\/uploads\/2025\/08\/wraparound-porch-ideas-dtd-25-200x300.jpg 200w, https:\/\/doubletakedecor.com\/uploads\/2025\/08\/wraparound-porch-ideas-dtd-25-683x1024.jpg 683w, https:\/\/doubletakedecor.com\/uploads\/2025\/08\/wraparound-porch-ideas-dtd-25-96x144.jpg 96w, https:\/\/doubletakedecor.com\/uploads\/2025\/08\/wraparound-porch-ideas-dtd-25-280x420.jpg 280w, https:\/\/doubletakedecor.com\/uploads\/2025\/08\/wraparound-porch-ideas-dtd-25-320x480.jpg 320w, https:\/\/doubletakedecor.com\/uploads\/2025\/08\/wraparound-porch-ideas-dtd-25-360x539.jpg 360w, https:\/\/doubletakedecor.com\/uploads\/2025\/08\/wraparound-porch-ideas-dtd-25-363x544.jpg 363w, https:\/\/doubletakedecor.com\/uploads\/2025\/08\/wraparound-porch-ideas-dtd-25-370x554.jpg 370w, https:\/\/doubletakedecor.com\/uploads\/2025\/08\/wraparound-porch-ideas-dtd-25-400x599.jpg 400w, https:\/\/doubletakedecor.com\/uploads\/2025\/08\/wraparound-porch-ideas-dtd-25-560x839.jpg 560w, https:\/\/doubletakedecor.com\/uploads\/2025\/08\/wraparound-porch-ideas-dtd-25-480x719.jpg 480w\" sizes=\"auto, (max-width: 700px) 100vw, 700px\" \/><\/p>\n<p>Tedd harmonikuss\u00e1 a verand\u00e1t j\u00f3l kiegyens\u00falyozott elemekkel! A feh\u00e9r korl\u00e1t kiemeli a h\u00e1z sz\u00edn\u00e9t, mik\u00f6zben tiszta, rendezett hat\u00e1st kelt. Helyezz el cserepes n\u00f6v\u00e9nyeket el\u00f6l, de vigy\u00e1zz, hogy ne legyen t\u00falzs\u00fafolt! L\u00e1gy f\u00e9nyekkel \u00e9jszaka is otthonos lesz a t\u00e9r, kiemelve a sz\u00e9p r\u00e9szleteket.<\/p>\n<h2>Eleg\u00e1ns, modern paraszth\u00e1z veranda<\/h2>\n<p><img loading=\"lazy\" decoding=\"async\" width=\"700\" height=\"1050\" alt=\"Modern paraszth\u00e1z bar\u00e1ts\u00e1gos, k\u00f6rbefut\u00f3 verand\u00e1val, feh\u00e9r oszlopokkal, k\u00e9nyelmes \u00fcl\u0151hellyel \u00e9s rendezett el\u0151kerttel\" class=\"aligncenter size-full wp-image-5967\" src=\"https:\/\/doubletakedecor.com\/uploads\/2025\/08\/wraparound-porch-ideas-dtd-26.jpg\" srcset=\"https:\/\/doubletakedecor.com\/uploads\/2025\/08\/wraparound-porch-ideas-dtd-26.jpg 700w, https:\/\/doubletakedecor.com\/uploads\/2025\/08\/wraparound-porch-ideas-dtd-26-200x300.jpg 200w, https:\/\/doubletakedecor.com\/uploads\/2025\/08\/wraparound-porch-ideas-dtd-26-683x1024.jpg 683w, https:\/\/doubletakedecor.com\/uploads\/2025\/08\/wraparound-porch-ideas-dtd-26-96x144.jpg 96w, https:\/\/doubletakedecor.com\/uploads\/2025\/08\/wraparound-porch-ideas-dtd-26-280x420.jpg 280w, https:\/\/doubletakedecor.com\/uploads\/2025\/08\/wraparound-porch-ideas-dtd-26-320x480.jpg 320w, https:\/\/doubletakedecor.com\/uploads\/2025\/08\/wraparound-porch-ideas-dtd-26-360x540.jpg 360w, https:\/\/doubletakedecor.com\/uploads\/2025\/08\/wraparound-porch-ideas-dtd-26-363x545.jpg 363w, https:\/\/doubletakedecor.com\/uploads\/2025\/08\/wraparound-porch-ideas-dtd-26-370x555.jpg 370w, https:\/\/doubletakedecor.com\/uploads\/2025\/08\/wraparound-porch-ideas-dtd-26-400x600.jpg 400w, https:\/\/doubletakedecor.com\/uploads\/2025\/08\/wraparound-porch-ideas-dtd-26-560x840.jpg 560w, https:\/\/doubletakedecor.com\/uploads\/2025\/08\/wraparound-porch-ideas-dtd-26-480x720.jpg 480w\" sizes=\"auto, (max-width: 700px) 100vw, 700px\" \/><\/p>\n<p>D\u00edsz\u00edtsd a verand\u00e1t tiszta feh\u00e9r oszlopokkal \u00e9s k\u00e9nyelmes sz\u00e9kekkel, hogy val\u00f3ban h\u00edvogat\u00f3 legyen a bej\u00e1rat. V\u00e1lassz elt\u00e9r\u0151 sz\u00edneket \u2013 p\u00e9ld\u00e1ul feh\u00e9r falat sz\u00fcrke tet\u0151vel \u2013, \u00edgy izgalmasabb lesz a l\u00e1tv\u00e1ny. Hat\u00e1rozott vir\u00e1g\u00e1gy\u00e1sok s\u00f6t\u00e9t mulccsal sz\u00e9pen k\u00f6rbe\u00f6lelik a verand\u00e1t. Sz\u00e9les, \u00e1tl\u00e1that\u00f3 j\u00e1rda vezeti a vend\u00e9geket a bej\u00e1ratig.<\/p>\n<h2>Fedett veranda term\u00e9szetes f\u00e9nnyel<\/h2>\n<p><img loading=\"lazy\" decoding=\"async\" width=\"700\" height=\"1050\" alt=\"Hangulatos, k\u00e9kessz\u00fcrke h\u00e1z feh\u00e9r szeg\u00e9llyel, sz\u00fanyogh\u00e1l\u00f3s verand\u00e1val, fa l\u00e9pcs\u0151kkel \u00e9s rendezett kerttel\" class=\"aligncenter size-full wp-image-5973\" src=\"https:\/\/doubletakedecor.com\/uploads\/2025\/08\/wraparound-porch-ideas-dtd-27.jpg\" srcset=\"https:\/\/doubletakedecor.com\/uploads\/2025\/08\/wraparound-porch-ideas-dtd-27.jpg 700w, https:\/\/doubletakedecor.com\/uploads\/2025\/08\/wraparound-porch-ideas-dtd-27-200x300.jpg 200w, https:\/\/doubletakedecor.com\/uploads\/2025\/08\/wraparound-porch-ideas-dtd-27-683x1024.jpg 683w, https:\/\/doubletakedecor.com\/uploads\/2025\/08\/wraparound-porch-ideas-dtd-27-96x144.jpg 96w, https:\/\/doubletakedecor.com\/uploads\/2025\/08\/wraparound-porch-ideas-dtd-27-280x420.jpg 280w, https:\/\/doubletakedecor.com\/uploads\/2025\/08\/wraparound-porch-ideas-dtd-27-320x480.jpg 320w, https:\/\/doubletakedecor.com\/uploads\/2025\/08\/wraparound-porch-ideas-dtd-27-360x540.jpg 360w, https:\/\/doubletakedecor.com\/uploads\/2025\/08\/wraparound-porch-ideas-dtd-27-363x545.jpg 363w, https:\/\/doubletakedecor.com\/uploads\/2025\/08\/wraparound-porch-ideas-dtd-27-370x555.jpg 370w, https:\/\/doubletakedecor.com\/uploads\/2025\/08\/wraparound-porch-ideas-dtd-27-400x600.jpg 400w, https:\/\/doubletakedecor.com\/uploads\/2025\/08\/wraparound-porch-ideas-dtd-27-560x840.jpg 560w, https:\/\/doubletakedecor.com\/uploads\/2025\/08\/wraparound-porch-ideas-dtd-27-480x720.jpg 480w\" sizes=\"auto, (max-width: 700px) 100vw, 700px\" \/><\/p>\n<p>Szerezz be nagy, sz\u00fanyogh\u00e1l\u00f3s ablakokat, hogy a veranda v\u00e9dett legyen, m\u00e9gse maradj le a term\u00e9szetes f\u00e9nyr\u0151l! A homlokzathoz ill\u0151 szeg\u00e9sek \u00e9s visszafogott k\u00fclt\u00e9ri vil\u00e1g\u00edt\u00e1s sz\u00e9p kontrasztot ad. Tegy\u00e9l cserepes n\u00f6v\u00e9nyeket a l\u00e9pcs\u0151 k\u00f6r\u00e9 is, hogy a veranda jobban kapcsol\u00f3djon a kerthez.<\/p>\n<h2>Modern paraszth\u00e1z t\u00e1gas verand\u00e1val<\/h2>\n<p><img loading=\"lazy\" decoding=\"async\" width=\"700\" height=\"1050\" alt=\"Bar\u00e1ts\u00e1gos, feh\u00e9r paraszth\u00e1z t\u00e1gas k\u00f6rbefut\u00f3 verand\u00e1val, s\u00f6t\u00e9t tet\u0151vel \u00e9s gondozott gyepfel\u00fclettel, f\u00e1kkal k\u00f6r\u00fclv\u00e9ve\" class=\"aligncenter size-full wp-image-5979\" src=\"https:\/\/doubletakedecor.com\/uploads\/2025\/08\/wraparound-porch-ideas-dtd-28.jpg\" srcset=\"https:\/\/doubletakedecor.com\/uploads\/2025\/08\/wraparound-porch-ideas-dtd-28.jpg 700w, https:\/\/doubletakedecor.com\/uploads\/2025\/08\/wraparound-porch-ideas-dtd-28-200x300.jpg 200w, https:\/\/doubletakedecor.com\/uploads\/2025\/08\/wraparound-porch-ideas-dtd-28-683x1024.jpg 683w, https:\/\/doubletakedecor.com\/uploads\/2025\/08\/wraparound-porch-ideas-dtd-28-96x144.jpg 96w, https:\/\/doubletakedecor.com\/uploads\/2025\/08\/wraparound-porch-ideas-dtd-28-280x420.jpg 280w, https:\/\/doubletakedecor.com\/uploads\/2025\/08\/wraparound-porch-ideas-dtd-28-320x480.jpg 320w, https:\/\/doubletakedecor.com\/uploads\/2025\/08\/wraparound-porch-ideas-dtd-28-360x540.jpg 360w, https:\/\/doubletakedecor.com\/uploads\/2025\/08\/wraparound-porch-ideas-dtd-28-363x545.jpg 363w, https:\/\/doubletakedecor.com\/uploads\/2025\/08\/wraparound-porch-ideas-dtd-28-370x555.jpg 370w, https:\/\/doubletakedecor.com\/uploads\/2025\/08\/wraparound-porch-ideas-dtd-28-400x600.jpg 400w, https:\/\/doubletakedecor.com\/uploads\/2025\/08\/wraparound-porch-ideas-dtd-28-560x840.jpg 560w, https:\/\/doubletakedecor.com\/uploads\/2025\/08\/wraparound-porch-ideas-dtd-28-480x720.jpg 480w\" sizes=\"auto, (max-width: 700px) 100vw, 700px\" \/><\/p>\n<p>Emeld ki a veranda sz\u00e9ps\u00e9g\u00e9t modern, feh\u00e9r falakkal \u00e9s s\u00f6t\u00e9t tet\u0151vel! Alkalmazz vastagabb oszlopokat az izgalmas \u00f6sszhat\u00e1s\u00e9rt, \u00e9s gondoskodj el\u00e9g nagy helyr\u0151l a k\u00e9nyelmes \u00fcl\u0151helyeknek. Mindig \u00fcgyelj arra, hogy a gyep gondozott legyen, \u00edgy a h\u00e1zad \u00e9s a term\u00e9szet harmonikusan \u00f6sszeolvad.<\/p>\n<h2>GYIK<\/h2>\n<details class=\"g-accordion \"><summary><h3>Mik azok a k\u00f6rbe\u00f6lel\u0151 torn\u00e1c \u00f6tletek?<\/h3><\/summary>\n<p>A k\u00f6rbe\u00f6lel\u0151 torn\u00e1c \u00f6tletek c\u00e9lja, hogy szebb\u00e9 \u00e9s haszn\u00e1lhat\u00f3bb\u00e1 tegy\u00e9k az otthonodat. Ezek a torn\u00e1cok kitolj\u00e1k a belt\u00e9ri teret, \u00edgy k\u00f6nnyen \u00e1t lehet menni a szabadba. Gyakran <strong>k\u00fclt\u00e9ri kandall\u00f3val<\/strong> is ell\u00e1tj\u00e1k \u0151ket, ami melegs\u00e9get \u00e9s hangulatot ad, \u00edgy eg\u00e9sz \u00e9vben alkalmasak bar\u00e1ti, csal\u00e1di \u00f6sszej\u00f6vetelekhez. Fontos r\u00e9sze a k\u00e9nyelmes \u00fcl\u0151hely, ahol laz\u00edthatsz vagy besz\u00e9lgethetsz, a d\u00edszes korl\u00e1tok pedig k\u00fcl\u00f6nleges hangulatot teremtenek, \u00e9s j\u00f3l illenek p\u00e9ld\u00e1ul a paraszth\u00e1zakhoz vagy a viktori\u00e1nus st\u00edlushoz.<\/p>\n<p>Ha p\u00e9ld\u00e1ul egy <strong>k\u00f6rbe\u00f6lel\u0151 torn\u00e1c pavilont<\/strong> \u00e9p\u00edtesz, m\u00e9g praktikusabb lesz a ter\u00fclet, hiszen \u00e1rny\u00e9kos helyet teremtesz a pihen\u00e9shez vagy vend\u00e9gl\u00e1t\u00e1shoz. A zsindelyezett torn\u00e1cok l\u00e1tv\u00e1nyosak: text\u00far\u00e1lt fel\u00fclet\u00fckkel \u00e9s v\u00e1ltozatos sz\u00edneikkel felh\u00edvj\u00e1k magukra a figyelmet. Ezek az elemek nemcsak a h\u00e1z k\u00fclsej\u00e9t dobj\u00e1k fel, hanem az udvari bulikhoz, vend\u00e9gl\u00e1t\u00e1shoz is t\u00f6bb lehet\u0151s\u00e9get k\u00edn\u00e1lnak.<\/p>\n<p>Ak\u00e1r a vid\u00e9ki, term\u00e9szetes anyagokat haszn\u00e1l\u00f3 st\u00edlust, ak\u00e1r a modern, letisztult vonalakat szereted, a k\u00f6rbe\u00f6lel\u0151 torn\u00e1c \u00f6tletek sokf\u00e9le \u00edzl\u00e9shez \u00e9s ig\u00e9nyhez igazodnak. Az ilyen torn\u00e1cok a h\u00e9tk\u00f6znapi tereket vend\u00e9gv\u00e1r\u00f3, bar\u00e1ts\u00e1gos kuck\u00f3v\u00e1 alak\u00edtj\u00e1k, ahol sz\u00edvesen vagy a szabadban, mik\u00f6zben saj\u00e1t st\u00edlusod is t\u00fckr\u00f6z\u0151dik benn\u00fck.<\/p>\n<\/details>\n<details class=\"g-accordion \"><summary><h3>Miben v\u00e1ltoztatj\u00e1k meg a k\u00f6rbe\u00f6lel\u0151 torn\u00e1cok a szabadt\u00e9ri \u00e9letet?<\/h3><\/summary>\n<p>A k\u00f6rbe\u00f6lel\u0151 torn\u00e1cok nagyon megn\u00f6velik az otthonod \u00e9letter\u00e9t, \u00e9s szuper helyet adnak a pihen\u00e9shez vagy a k\u00f6z\u00f6s id\u0151t\u00f6lt\u00e9shez. K\u00fcl- \u00e9s belt\u00e9r k\u00f6z\u00f6tt szinte \u00e9szrev\u00e9tlen az \u00e1tmenet, \u00edgy friss leveg\u0151n lehetsz an\u00e9lk\u00fcl, hogy ki lenn\u00e9l t\u00e9ve az id\u0151j\u00e1r\u00e1snak. <strong>Ez a k\u00f6nnyed v\u00e1lt\u00e1s arra b\u00e1tor\u00edt, hogy t\u00f6bbet legy\u00e9l kint, ak\u00e1r csal\u00e1ddal laz\u00edtasz, ak\u00e1r vend\u00e9geket fogadsz.<\/strong><\/p>\n<\/p>\n<p>Emellett a torn\u00e1cok kialak\u00edt\u00e1s\u00e1ban rengeteg a lehet\u0151s\u00e9g. Lehet rajta \u00fcl\u0151sarok vagy \u00e9tkez\u0151, ahogy neked a legk\u00e9nyelmesebb. <strong>Ez\u00e9rt is \u00e9ri meg, ha szeretn\u00e9d, hogy a kertet vagy udvart igaz\u00e1n ki tudja haszn\u00e1lni a csal\u00e1d.<\/strong><\/p>\n<\/p>\n<\/details>\n<details class=\"g-accordion \"><summary><h3>Melyek a legn\u00e9pszer\u0171bb k\u00f6rbe\u00f6lel\u0151 torn\u00e1c st\u00edlusok?<\/h3><\/summary>\n<p>A k\u00f6rbe\u00f6lel\u0151 torn\u00e1cok sokf\u00e9le l\u00e1tv\u00e1nyos st\u00edlusban k\u00e9sz\u00fclhetnek, mindegyiknek saj\u00e1t, k\u00fcl\u00f6nleges hangulata van. P\u00e9ld\u00e1ul a <strong>paraszth\u00e1z torn\u00e1cok<\/strong> sz\u00e9les l\u00e9pcs\u0151kkel \u00e9s term\u00e9szetes fa bor\u00edt\u00e1ssal igaz\u00e1n otthonosak. A <strong>k\u00e9zm\u0171ves st\u00edlus\u00fa torn\u00e1cok<\/strong> gyakran k\u00e9zzel k\u00e9sz\u00edtett d\u00edsz\u00edt\u0151elemeket, p\u00e9ld\u00e1ul l\u00e1that\u00f3 gerend\u00e1kat vagy be\u00e9p\u00edtett \u00fcl\u00e9seket haszn\u00e1lnak, \u00edgy j\u00f3l l\u00e1tszik a t\u00f6r\u0151d\u00e9s, amit az anyagok \u00e9s r\u00e9szletek kiv\u00e1laszt\u00e1s\u00e1ba fektettek. A <strong>viktori\u00e1nus k\u00f6rbe\u00f6lel\u0151 torn\u00e1cok<\/strong> bonyolult d\u00edsz\u00edt\u00e9seikkel, csod\u00e1s korl\u00e1tjaikkal \u00e9s oszlopaikkal t\u0171nnek ki. <strong>Ezeken a teraszokon gyakoriak a vid\u00e1m, \u00e9l\u00e9nk sz\u00ednek is, ami tov\u00e1bb emeli a h\u00e1z b\u00e1j\u00e1t.<\/strong><\/p>\n<p>Ezeket a torn\u00e1c-elk\u00e9pzel\u00e9seket k\u00f6nny\u0171 igaz\u00edtani a k\u00fcl\u00f6nf\u00e9le h\u00e1zakhoz, \u00edgy a k\u00fclcs\u00edn \u00e9s a praktikum is egyszerre \u00e9rv\u00e9nyes\u00fclhet. Ha j\u00f3l v\u00e1lasztod meg az elemeket, nemcsak szebb\u00e9 teszed a h\u00e1z k\u00f6rny\u00e9k\u00e9t, de igazi szabadt\u00e9ri \u00e9letteret is var\u00e1zsolsz bel\u0151le.<\/p>\n<\/details>\n<details class=\"g-accordion \"><summary><h3>Miben k\u00fcl\u00f6nb\u00f6znek az egy- \u00e9s k\u00e9tszintes k\u00f6rbe\u00f6lel\u0151 torn\u00e1c tervek?<\/h3><\/summary>\n<p>A k\u00f6rbe\u00f6lel\u0151 torn\u00e1cok <strong>egy- \u00e9s k\u00e9tszintes<\/strong> v\u00e1ltozatban is meg\u00e9p\u00edthet\u0151k, mindegyiknek megvan a maga el\u0151nye. Az <strong>egyszintes torn\u00e1c<\/strong> bar\u00e1ts\u00e1gos, k\u00f6nnyen megk\u00f6zel\u00edthet\u0151, \u00e9s k\u00e9z a k\u00e9zben van a kerttel. A <strong>k\u00e9tszintes torn\u00e1c<\/strong> viszont magasabbra emeli a teraszt, \u00edgy sz\u00e9p kil\u00e1t\u00e1s ny\u00edlik fentr\u0151l, \u00e9s feldobja a h\u00e1z k\u00fclsej\u00e9t is. Ez a plusz szint t\u00f6bb helyet jelent a szabadban, \u00e9s sokf\u00e9lek\u00e9pp haszn\u00e1lhatod ki. V\u00e9g\u00fcl \u00fagyis az alapj\u00e1n \u00e9rdemes d\u00f6nteni, hogy mire van ink\u00e1bb sz\u00fcks\u00e9ged, \u00e9s mennyi a hely.<\/p>\n<\/details>\n<details class=\"g-accordion \"><summary><h3>Mik azok a kis k\u00f6rbe\u00f6lel\u0151 torn\u00e1c tervek?<\/h3><\/summary>\n<p>A kis k\u00f6rbe\u00f6lel\u0151 torn\u00e1cok t\u00f6k\u00e9letesek, amikor nincs t\u00fal nagy hely, m\u00e9gis szeretn\u00e9d st\u00edlusoss\u00e1 \u00e9s haszn\u00e1lhat\u00f3v\u00e1 tenni a h\u00e1zad k\u00fcls\u0151 r\u00e9sz\u00e9t. B\u00e1r a m\u00e9ret\u00fck szer\u00e9ny, ezekben a tervekben is lesznek k\u00e9nyelmes \u00fcl\u0151helyek, hogy igaz\u00e1n hangulatos, bar\u00e1ts\u00e1gos sarkot alak\u00edthass ki a kertben. Itt is a k\u00e9nyelem \u00e9s a praktikum a f\u0151 szempont.<strong> Okos megold\u00e1sokkal a kis torn\u00e1cok is pont \u00fagy ki tudj\u00e1k hozni a nagy teraszok el\u0151nyeit, csak kisebb alapter\u00fcleten.<\/strong><\/p>\n<\/details>\n<details class=\"g-accordion \"><summary><h3>Hogyan m\u0171k\u00f6dik a nyitott elrendez\u00e9s\u0171 k\u00f6rbe\u00f6lel\u0151 torn\u00e1c?<\/h3><\/summary>\n<p>A <strong>nyitott elrendez\u00e9s\u0171 k\u00f6rbe\u00f6lel\u0151 torn\u00e1c<\/strong> l\u00e9nyege, hogy min\u00e9l kevesebb akad\u00e1ly legyen a t\u00e9rben, \u00edgy szinte egybefolyik a h\u00e1z bels\u0151 tere a kintivel. Az eg\u00e9sz torn\u00e1c t\u00e1gasabb \u00e9rzetet ad, k\u00f6nny\u0171 rajta \u00f6sszej\u00f6veteleket rendezni, de a csendes pihen\u00e9shez is kiv\u00e1l\u00f3. Ez a kialak\u00edt\u00e1s term\u00e9szetesen b\u0151v\u00edti ki a h\u00e1zat, szebb\u00e9 \u00e9s hasznosabb\u00e1 teszi egyben. Ez a fajta torn\u00e1c legink\u00e1bb azoknak val\u00f3, akik szeretik, ha a h\u00e1z \u00e9s a term\u00e9szet egyszerre r\u00e9szese a mindennapoknak.<\/p>\n<\/details>\n<details class=\"g-accordion \"><summary><h3>Milyen jellemz\u0151i vannak a rusztikus k\u00f6rbe\u00f6lel\u0151 torn\u00e1c terveknek?<\/h3><\/summary>\n<p>A rusztikus k\u00f6rbe\u00f6lel\u0151 torn\u00e1cokban sok a term\u00e9szetes anyag, p\u00e9ld\u00e1ul a fa vagy a k\u0151, ami igaz\u00e1n meleg, bar\u00e1ts\u00e1gos hangulatot \u00e1raszt. <strong>L\u00e1tsz\u00f3 gerend\u00e1k<\/strong> is gyakran ker\u00fclnek bele \u2013 ezek nemcsak sz\u00e9p d\u00edszek, hanem er\u0151sek is. Ha k\u00e9nyelmet \u00e9s csal\u00e1dias l\u00e9gk\u00f6rt szeretn\u00e9l, ezek k\u00f6z\u00fcl v\u00e1logathatsz:<\/p>\n<ul>\n<li>fa padok,<\/li>\n<li>fonott sz\u00e9kek,<\/li>\n<li>utols\u00f3 elem.<\/li>\n<\/ul>\n<p>D\u00edszekkel, p\u00e9ld\u00e1ul <strong>r\u00e9gi l\u00e1mp\u00e1sokkal<\/strong> vagy <strong>kov\u00e1csoltvas kieg\u00e9sz\u00edt\u0151kkel<\/strong> m\u00e9g jobban kihozhatod a vid\u00e9ki hangulatot. Egy ilyen torn\u00e1c mindenf\u00e9le h\u00e1zt\u00edpushoz j\u00f3l passzol, \u00e9s t\u00e9nyleg meghozza a kedvet a kinti id\u0151t\u00f6lt\u00e9shez is.<\/p>\n<\/details>\n<details class=\"g-accordion \"><summary><h3>Miben m\u00e1sok a vid\u00e9ki k\u00f6rbe\u00f6lel\u0151 torn\u00e1c tervek?<\/h3><\/summary>\n<p>A <strong>vid\u00e9ki k\u00f6rbe\u00f6lel\u0151 torn\u00e1cok<\/strong> legfontosabb ism\u00e9rve a letisztult, egyszer\u0171 kialak\u00edt\u00e1s \u00e9s a praktikum \u2013 igaz\u00e1n visszaadja a falusi \u00e9let var\u00e1zs\u00e1t. Gyakran sz\u00e9les l\u00e9pcs\u0151 vezet r\u00e1, ami bar\u00e1ts\u00e1gos bej\u00e1ratot ny\u00fajt. Sok a k\u00e9nyelmes \u00fcl\u0151hely is, hogy j\u00f3kat lehessen besz\u00e9lgetni vagy egy\u00fctt gy\u00f6ny\u00f6rk\u00f6dni a term\u00e9szetben. A titka az, hogy harm\u00f3ni\u00e1ban van a k\u00f6rnyezettel is.<\/p>\n<ul>\n<li>a fa korl\u00e1tok \u00e9s rusztikus b\u00fatorok m\u00e9g term\u00e9szetesebb\u00e9 teszik,<\/li>\n<li>\u00edgy igazi vid\u00e9ki hangulat\u00fa pihen\u0151hely lesz,<\/li>\n<li>ezek a tervek k\u00fcl\u00f6n\u00f6sen j\u00f3l m\u0171k\u00f6dnek k\u00fclv\u00e1rosi, vid\u00e9ki h\u00e1zakn\u00e1l, mert sz\u00e9pek \u00e9s praktikusak is.<\/li>\n<\/ul>\n<\/details>\n<details class=\"g-accordion \"><summary><h3>Milyen \u00f6tletek vannak rusztikus, paraszth\u00e1zi k\u00f6rbe\u00f6lel\u0151 torn\u00e1cokra?<\/h3><\/summary>\n<p>A rusztikus, paraszth\u00e1zi k\u00f6rbe\u00f6lel\u0151 torn\u00e1cok igazi otthonos, meghitt hangulatot teremtenek \u2013 mindezt a klasszikus vid\u00e9ki st\u00edlus \u00f6tv\u00f6z\u00e9s\u00e9vel. Sokszor helyeznek el r\u00e9gi st\u00edlus\u00fa b\u00fatorokat, p\u00e9ld\u00e1ul hintasz\u00e9keket vagy fonott kanap\u00e9kat, mert ezek nagyon k\u00e9nyelmesek \u00e9s hangulatosak. <strong>Term\u00e9szetes fa fel\u00fcletek<\/strong> \u2013 mint a korl\u00e1tok, padl\u00f3 vagy gerend\u00e1k \u2013 m\u00e9g jobban kiemelik a rusztikus hangulatot.<\/p>\n<p>D\u00edsz\u00edt\u00e9ssel, p\u00e9ld\u00e1ul antik l\u00e1mp\u00e1sok vagy kov\u00e1csoltvas elemek beilleszt\u00e9s\u00e9vel tov\u00e1bb fokozhatod a vid\u00e9ki dekor\u00e1ci\u00f3t. Rengeteg <strong>\u00e9l\u0151 n\u00f6v\u00e9nyt<\/strong> vagy sz\u00ednes vir\u00e1got is elhelyezhetsz a l\u00e1d\u00e1kban, hogy \u00f6sszhangban legyen a term\u00e9szetes k\u00f6rnyezettel.<\/p>\n<p>\u00c9rdemes apr\u00f3, meghitt \u00fcl\u0151sarkokat is kialak\u00edtani, ami seg\u00edti a csal\u00e1di vagy bar\u00e1ti besz\u00e9lget\u00e9seket, mik\u00f6zben \u00e9lvezed a szabad leveg\u0151t. P\u00e1rn\u00e1k, puha takar\u00f3k pedig meleget adnak h\u0171v\u00f6sebb napokon.<\/p>\n<p>Ezek az \u00f6tletek nemcsak szebb\u00e9 teszik a torn\u00e1cot, de nagyon hasznosak is: t\u00f6k\u00e9letes hely a laz\u00edt\u00e1shoz vagy vend\u00e9gfogad\u00e1shoz eleg\u00e1ns, vid\u00e9ki k\u00f6rnyezetben.<\/p>\n<\/details> <details class=\"g-accordion \"><summary><h3>Hogyan lehet be\u00e9p\u00edteni a modern farmh\u00e1z-st\u00edlust?<\/h3><\/summary>  <\/p>\n<p>A modern farmh\u00e1z-st\u00edlus alkalmaz\u00e1sa k\u00f6rbe\u00f6lel\u0151 verand\u00e1n azt jelenti, hogy az \u00fajat \u00e9s a r\u00e9git \u00f6tv\u00f6z\u00f6d. Enn\u00e9l a st\u00edlusn\u00e1l <strong>letisztult vonalak<\/strong> \u00e9s <strong>korszer\u0171 anyagok<\/strong> jelennek meg, amelyek friss, de m\u00e9gis otthonos, vid\u00e9ki hangulatot teremtenek. Ehhez p\u00e9ld\u00e1ul p\u00e1ros\u00edts f\u00e9mb\u0151l k\u00e9sz\u00fclt kieg\u00e9sz\u00edt\u0151ket hagyom\u00e1nyos fa fel\u00fcletekkel, hogy igaz\u00e1n j\u00f3l keverd a hagyom\u00e1nyt az \u00fajszer\u0171s\u00e9ggel.<\/p>\n<ul>\n<li>A praktikus elrendez\u00e9s nagyon fontos, ez\u00e9rt ezeknek a verand\u00e1knak a kialak\u00edt\u00e1sa \u00e1ltal\u00e1ban nyitott, \u00edgy k\u00f6nnyebb besz\u00e9lgetni, vend\u00e9geket fogadni vagy csak kikapcsol\u00f3dni,<\/li>\n<li>A semleges sz\u00ednek, mint a feh\u00e9r \u00e9s a sz\u00fcrke, t\u00e1gass\u00e1 \u00e9s frissess\u00e9 var\u00e1zsolj\u00e1k a teret, mik\u00f6zben j\u00f3l illenek a term\u00e9szetes anyagokhoz, p\u00e9ld\u00e1ul a k\u0151h\u00f6z vagy \u00fajrahasznos\u00edtott f\u00e1hoz,<\/li>\n<li>Az egyszer\u0171, letisztult b\u00fatorok tov\u00e1bb er\u0151s\u00edtik a modern st\u00edlust, mik\u00f6zben k\u00e9nyelmesek is maradnak.<\/li>\n<\/ul>\n<p>V\u00e1lassz olyan \u00fcl\u0151helyeket, amelyek st\u00edlusosak, de nem foglalnak el t\u00fal sok helyet, \u00e9s k\u00f6nnyen lehet \u0151ket haszn\u00e1lni. Egy-k\u00e9t n\u00f6v\u00e9nycserep vagy egyszer\u0171 l\u00e1mp\u00e1s melegs\u00e9get \u00e9s egyedi hangulatot ad a verand\u00e1nak.<\/p>\n<p>Ha ilyen elemeket, p\u00e9ld\u00e1ul tiszta vonalakat, praktikus elrendez\u00e9st \u00e9s korszer\u0171 anyagokat haszn\u00e1lsz, a modern farmh\u00e1z-st\u00edlus\u00fa k\u00f6rveranda egy igaz\u00e1n h\u00edvogat\u00f3 helly\u00e9 v\u00e1lik. J\u00f3l illeszkedik a mai \u00e9p\u00edt\u00e9szeti trendekhez, mik\u00f6zben meg\u0151rzi a hagyom\u00e1nyos elemeket is.<\/p>\n<\/details>\n<details class=\"g-accordion \"><summary><h3>Hogyan t\u00fckr\u00f6zheti egy k\u00f6rbe\u00f6lel\u0151 veranda a farmh\u00e1z-st\u00edlust?<\/h3><\/summary>  <\/p>\n<p>A k\u00f6rbe\u00f6lel\u0151 veranda igazi farmh\u00e1z-hangulatot sug\u00e1roz a jellegzetes \u00e9p\u00edt\u00e9szeti \u00e9s dekor\u00e1ci\u00f3s r\u00e9szletekkel. \u00c1ltal\u00e1ban sz\u00e9les, bar\u00e1ts\u00e1gos l\u00e9pcs\u0151 vezet a nyitott, h\u00edvogat\u00f3 bej\u00e1rathoz. <strong>Rusztikus korl\u00e1tok<\/strong>, amelyek gyakran term\u00e9szetes f\u00e1b\u00f3l k\u00e9sz\u00fclnek, nemcsak biztons\u00e1got ny\u00fajtanak, hanem igaz\u00e1n hiteles, vid\u00e9ki hangulatot adnak.<\/p>\n<p>A meghitts\u00e9get k\u00e9nyelmes \u00fcl\u0151helyek fokozz\u00e1k:<\/p>\n<ul>\n<li>r\u00e9gi hintasz\u00e9kek,<\/li>\n<li>fonott b\u00fatorok,<\/li>\n<li>olyan zugok, ahol j\u00f3 kint \u00fclni, besz\u00e9lgetni a csal\u00e1ddal, bar\u00e1tokkal.<\/li>\n<\/ul>\n<p>M\u00e9g hangs\u00falyosabb lesz a rusztikus st\u00edlus, ha r\u00e9gi l\u00e1mp\u00e1sokat, kov\u00e1csoltvas d\u00edszeket teszel ki, mert ezek karaktert \u00e9s melegs\u00e9get hoznak a t\u00e9rbe. B\u0151ven \u00fcltethetsz z\u00f6ld n\u00f6v\u00e9nyeket vagy \u00e9l\u00e9nk vir\u00e1gokat is, amik \u00e1tvezetnek a term\u00e9szetbe, \u00edgy a veranda igaz\u00e1n otthonos lesz kint \u00e9s bent egyar\u00e1nt.<\/p>\n<p><strong>Ezek a megold\u00e1sok egyes\u00edtik a c\u00e9lszer\u0171s\u00e9get a l\u00e1tv\u00e1nyos kin\u00e9zettel, \u00edgy lesz a k\u00f6rbe\u00f6lel\u0151 veranda a klasszikus farmh\u00e1z-st\u00edlus igazi p\u00e9ld\u00e1ja \u00e9s kedvelt hely a szabadban.<\/strong><\/p>\n<\/details>\n<details class=\"g-accordion \"><summary><h3>Mit\u0151l k\u00fcl\u00f6nlegesek a Craftsman-st\u00edlus\u00fa k\u00f6rbe\u00f6lel\u0151 verand\u00e1k?<\/h3><\/summary>  <\/p>\n<p>A Craftsman-st\u00edlus\u00fa k\u00f6rverand\u00e1kat az apr\u00f3l\u00e9kos kidolgoz\u00e1s \u00e9s a min\u0151s\u00e9gi k\u00e9zm\u0171ves munka teszi egyediv\u00e9. Az ilyenkor l\u00e1that\u00f3, nyitott szaruf\u00e1k l\u00e1tv\u00e1nyosan megmutatj\u00e1k az \u00e9p\u00edt\u00e9szet r\u00e9szleteit, \u00edgy a veranda igaz\u00e1n karakteres lesz. Ezekre az otthonokra gyakran jellemz\u0151 a be\u00e9p\u00edtett \u00fcl\u0151b\u00fator, ami st\u00edlusoss\u00e1 \u00e9s k\u00e9nyelmess\u00e9 teszi a verand\u00e1t.<\/p>\n<ul>\n<li>Term\u00e9szetes anyagokat, p\u00e9ld\u00e1ul f\u00e1t \u00e9s k\u00f6vet haszn\u00e1lnak,<\/li>\n<li>\u00edgy m\u00e9g tart\u00f3sabb\u00e1 v\u00e1lik,<\/li>\n<li>\u00e9s k\u00f6zelebb hoz a term\u00e9szethez.<\/li>\n<\/ul>\n<p>Minden egyes k\u00e9zzel k\u00e9sz\u00fclt darabot gondosan v\u00e1lasztanak ki, ez\u00e9rt ezek a verand\u00e1k nagyon harmonikus \u00f6sszk\u00e9pet mutatnak \u00e9s j\u00f3l elk\u00fcl\u00f6n\u00fclnek m\u00e1s verandast\u00edlusokt\u00f3l.<\/p>\n<p><strong>K\u00fcl\u00f6nleges kialak\u00edt\u00e1suk nemcsak feldobja a h\u00e1z k\u00fclsej\u00e9t, hanem olyan h\u00edvogat\u00f3 tereket hoz l\u00e9tre, ahol a praktikum \u00e9s a kreativit\u00e1s t\u00f6k\u00e9letesen tal\u00e1lkozik.<\/strong> Ak\u00e1r pihenni szeretn\u00e9l, ak\u00e1r vend\u00e9geket fogadn\u00e1l, ezek a verand\u00e1k t\u00f6k\u00e9letes v\u00e1laszt\u00e1st jelentenek, mik\u00f6zben meg\u0151rzik a hagyom\u00e1nyos k\u00e9zm\u0171ves elveket is.<\/p>\n<\/details>\n<details class=\"g-accordion \"><summary><h3>Hogyan ad b\u00e1jt a viktori\u00e1nus k\u00f6rbe\u00f6lel\u0151 veranda?<\/h3><\/summary>  <\/p>\n<p>A viktori\u00e1nus k\u00f6rverand\u00e1k h\u00edresek a <strong>csod\u00e1san r\u00e9szletes d\u00edsz\u00edt\u00e9seikr\u0151l<\/strong> \u00e9s <strong>felt\u0171n\u0151 \u00e9p\u00edt\u00e9szeti megold\u00e1saikr\u00f3l<\/strong>. <strong>D\u00edszes korl\u00e1tok<\/strong> \u00e9s <strong>gazdagon faragott oszlopok<\/strong> emelik ki \u0151ket, ezek sokszor \u00e9l\u00e9nk sz\u00ednt kapnak, hogy m\u00e9g jobban kit\u0171njenek. A <strong>kecses form\u00e1k<\/strong> szint\u00e9n k\u00fcl\u00f6nlegess\u00e9 teszik \u0151ket m\u00e1s verand\u00e1khoz k\u00e9pest.<\/p>\n<p>Ezek a verand\u00e1k nemcsak gy\u00f6ny\u00f6r\u0171bb\u00e9 teszik a h\u00e1z k\u00fclsej\u00e9t, hanem kiv\u00e1l\u00f3 helyek a laz\u00edt\u00e1shoz vagy bar\u00e1ti \u00f6sszej\u00f6vetelekhez is. A <strong>apr\u00f3l\u00e9kos k\u00e9zm\u0171vess\u00e9g<\/strong> visszaid\u00e9zi a viktori\u00e1nus korszak d\u00edszes st\u00edlus\u00e1t, ez\u00e9rt sokan szeretik, akik szeretn\u00e9k k\u00fcl\u00f6nlegess\u00e9 \u00e9s m\u00e9g haszn\u00e1lhat\u00f3bb\u00e1 tenni k\u00fclt\u00e9ri \u00e9letter\u00fcket.<\/p>\n<\/details>\n<details class=\"g-accordion \"><summary><h3>Milyen el\u0151nyei vannak a Wraparound Farmers Porch-nak?<\/h3><\/summary>  <\/p>\n<p>A <strong>k\u00f6rbe\u00f6lel\u0151 farmh\u00e1z veranda<\/strong> rengeteg el\u0151nnyel j\u00e1r, ami feldobja a h\u00e1z k\u00fclsej\u00e9t, de m\u00e9g a haszn\u00e1lhat\u00f3s\u00e1g\u00e1t is jav\u00edtja. El\u0151sz\u00f6r is, sokkal mutat\u00f3sabb\u00e1 (vonz\u00f3bb\u00e1) teszi az otthonodat, mert <strong>kiemeli a h\u00e1z st\u00edlus\u00e1t<\/strong>, egyedi \u00e9s hangulatos k\u00fcls\u0151t ad. Ez a verandat\u00edpus jelent\u0151sen megn\u00f6veli a k\u00fclt\u00e9ri \u00e9letteret is, ami t\u00f6k\u00e9letes lehet pihen\u00e9shez vagy vend\u00e9gek fogad\u00e1s\u00e1hoz, mik\u00f6zben friss leveg\u0151t sz\u00edvhatsz, m\u00e9gis v\u00e9dve vagy az id\u0151j\u00e1r\u00e1st\u00f3l.<\/p>\n<p>Praktikusabb\u00e1 is teszi a h\u00e1zat: k\u00e9nyelmes hely lehet vacsor\u00e1zni, besz\u00e9lgetni vagy csak egy\u00fctt lenni a csal\u00e1ddal. A veranda k\u00f6nnyed\u00e9n \u00f6sszek\u00f6ti a bels\u0151 \u00e9s a k\u00fcls\u0151 tereket, \u00edgy a h\u00e1z eg\u00e9sze sokoldal\u00fabb\u00e1, jobban haszn\u00e1lhat\u00f3v\u00e1 v\u00e1lik. Ezek a verand\u00e1k t\u00f6bbf\u00e9le \u00e9p\u00edt\u00e9szeti st\u00edlushoz is j\u00f3l illenek, legyen sz\u00f3 farmh\u00e1zr\u00f3l vagy ak\u00e1r viktori\u00e1nus h\u00e1zr\u00f3l.<\/p>\n<ul>\n<li>Ha k\u00e9nyelmes \u00fcl\u0151helyeket \u00e9s d\u00edszes korl\u00e1tokat v\u00e1lasztasz, tov\u00e1bb n\u00f6veled a veranda hasznoss\u00e1g\u00e1t,<\/li>\n<li>Ha olyan elemeket teszel ki, amik passzolnak a h\u00e1z st\u00edlus\u00e1hoz, igazi pihen\u0151helyet alak\u00edthatsz ki, ami t\u00fckr\u00f6zi a saj\u00e1t \u00edzl\u00e9sedet is,<\/li>\n<li>A k\u00f6rbe\u00f6lel\u0151 farmh\u00e1z-t\u00edpus\u00fa veranda nemcsak r\u00e1ad\u00e1s egy h\u00e1zon \u2013 t\u00e9nyleg kiemeli azt \u00e9s hasznosabb\u00e1 is teszi.<\/li>\n<\/ul>\n<p>Ez\u00e9rt ez a megold\u00e1s egyszerre n\u00f6veli az otthon \u00e9rt\u00e9k\u00e9t \u00e9s jav\u00edtja az ott lak\u00f3k mindennapjait.<\/p>\n<\/details>\n<details class=\"g-accordion \"><summary><h3>Hogyan dobhatja fel a h\u00e1z k\u00fcls\u0151 megjelen\u00e9s\u00e9t a zsindelyes k\u00f6rveranda?<\/h3><\/summary>  <\/p>\n<p>Egy zsindelyes k\u00f6rbe\u00f6lel\u0151 veranda l\u00e1tv\u00e1nyoss\u00e1 \u00e9s egyediv\u00e9 teheti a h\u00e1z homlokzat\u00e1t, mert v\u00e1ltozatos text\u00far\u00e1t \u00e9s izgalmas fel\u00fcletet ad az \u00e9p\u00fcletnek. A zsindelyeket sokf\u00e9le sz\u00ednben \u00e9s mint\u00e1zatban lehet kapni, \u00edgy mindenki igaz\u00edthatja a saj\u00e1t h\u00e1za st\u00edlus\u00e1hoz. Ez a szem\u00e9lyre szab\u00e1s nemcsak szebb k\u00fcls\u0151t eredm\u00e9nyez, hanem a h\u00e1zat is k\u00fcl\u00f6nlegess\u00e9 teszi a k\u00f6rny\u00e9ken.<\/p>\n<p><strong>A zsindelyek mint\u00e1s fel\u00fclete m\u00e9lys\u00e9get \u00e9s mozg\u00e1st visz a homlokzatba, \u00edgy a veranda r\u00f6gt\u00f6n mag\u00e1ra vonja a figyelmet.<\/strong> Ha d\u00edszes korl\u00e1tokkal vagy fa fel\u00fcletekkel p\u00e1ros\u00edtod, m\u00e9g jobban emeli a h\u00e1z \u00f6sszhat\u00e1s\u00e1t.<\/p>\n<\/details>\n<details class=\"g-accordion \"><summary><h3>Mi a szerepe a k\u00f6rbe\u00f6lel\u0151 veranda pavilonj\u00e1nak?<\/h3><\/summary>  <\/p>\n<p>Egy veranda pavilon (gazebo) nagyon j\u00f3 plusz a k\u00fclt\u00e9ri \u00e9lethez, mert t\u00f6k\u00e9letes helyet ad a pihen\u00e9shez \u00e9s a vend\u00e9gl\u00e1t\u00e1shoz is. \u00c1rny\u00e9kot biztos\u00edt, \u00edgy b\u00e1rmilyen id\u0151j\u00e1r\u00e1sn\u00e1l k\u00e9nyelmes mened\u00e9k lehet a verand\u00e1n. <strong>\u00dagy tervezik, hogy j\u00f3l illeszkedjen a h\u00e1z st\u00edlus\u00e1hoz<\/strong>, ez\u00e9rt sz\u00e9pen beleolvad a verand\u00e1ba, \u00e9s m\u00e9g mutat\u00f3sabb\u00e1 is teszi azt.<\/p>\n<p>Ezt a sokoldal\u00fa r\u00e9szt t\u00f6bbf\u00e9lek\u00e9pp haszn\u00e1lhatod:<\/p>\n<ul>\n<li>tarthatsz benne csal\u00e1di vagy bar\u00e1ti \u00f6sszej\u00f6veteleket,<\/li>\n<li>elvonulhatsz kicsit pihenni a napt\u00f3l v\u00e9dve,<\/li>\n<li>saj\u00e1t \u00edzl\u00e9sed szerint \u00fcltethetsz be n\u00f6v\u00e9nyeket, helyezhetsz ki \u00fcl\u0151helyeket vagy d\u00edszeket.<\/li>\n<\/ul>\n<p>Ha be\u00e9p\u00edtesz egy pavilont, a k\u00f6rveranda m\u00e9g sokoldal\u00fabb, sz\u00ednesebb k\u00f6z\u00f6ss\u00e9gi t\u00e9rr\u00e9 v\u00e1lik, ahol bar\u00e1tokkal, csal\u00e1ddal is j\u00f3l lehet id\u0151t t\u00f6lteni.<\/p>\n<\/details>\n<details class=\"g-accordion \"><summary><h3>Hogyan haszn\u00e1lhat\u00f3k a k\u00f6rbe\u00f6lel\u0151 verand\u00e1k k\u00fclt\u00e9ri vend\u00e9gl\u00e1t\u00e1sra?<\/h3><\/summary>  <\/p>\n<p>A k\u00f6rbe\u00f6lel\u0151 verand\u00e1k t\u00f6k\u00e9letesek k\u00fclt\u00e9ri rendezv\u00e9nyekhez, mert t\u00f6bbf\u00e9le helyet kombin\u00e1lnak egyszerre: lehet rajtuk besz\u00e9lgetni, enni-inni vagy ak\u00e1r f\u0151zni is egy k\u00fclt\u00e9ri konyh\u00e1ban. Ez a sokoldal\u00fas\u00e1g teszi \u0151ket ide\u00e1liss\u00e1, ha vend\u00e9geket fogadsz. A k\u00e9nyelmes \u00fcl\u0151helyeken b\u00e1rki j\u00f3l \u00e9rezheti mag\u00e1t, a k\u00fclt\u00e9ri \u00e9tkez\u0151ben egy\u00fctt lehet enni, a szabadt\u00e9ri konyha pedig megk\u00f6nny\u00edti a s\u00fct\u00e9st-f\u0151z\u00e9st, t\u00e1lal\u00e1st.<\/p>\n<p>Ha hangulatos f\u00e9nyeket \u00e9s d\u00edszeket adsz hozz\u00e1, a veranda m\u00e9g ink\u00e1bb \u00e9lettel teli lesz. <strong>D\u00edsz\u00edtsd f\u00e9nyf\u00fcz\u00e9rekkel vagy l\u00e1mp\u00e1sokkal, \u00e9s este var\u00e1zslatos, meghitt hangulatot teremthetsz.<\/strong> N\u00e9mi n\u00f6v\u00e9ny vagy ak\u00e1r \u00e9vszakhoz ill\u0151 dekor\u00e1ci\u00f3 is m\u00e9g szebb\u00e9 teszi az eg\u00e9sz teret. Ezekkel az apr\u00f3, odafigyel\u0151 r\u00e9szletekkel a k\u00f6rveranda igaz\u00e1n eml\u00e9kezetes helysz\u00edne lehet b\u00e1rmilyen \u00f6sszej\u00f6vetelnek.<\/p>\n<\/details>\n<details class=\"g-accordion \"><summary><h3>Hogyan teszi hangulatosabb\u00e1 a k\u00fclt\u00e9ri kandall\u00f3 a k\u00f6rbe\u00f6lel\u0151 verand\u00e1t?<\/h3><\/summary>  <\/p>\n<p>Egy k\u00fclt\u00e9ri kandall\u00f3 igazi meleg, bar\u00e1ts\u00e1gos l\u00e9gk\u00f6rt teremt a k\u00f6rverand\u00e1n, \u00edgy b\u00e1rmelyik \u00e9vszakban j\u00f3 k\u00f6z\u00f6ss\u00e9gi hely lehet bel\u0151le. A kandall\u00f3 k\u00f6nnyen a figyelem k\u00f6z\u00e9ppontj\u00e1ba ker\u00fcl \u2013 \u00f6sszegy\u0171lhettek k\u00f6r\u00e9, besz\u00e9lgethettek vagy egyszer\u0171en csak \u00e9lvezhetitek a friss leveg\u0151t. A h\u0171v\u00f6sebb h\u00f3napokban is tov\u00e1bb lehet haszn\u00e1lni a verand\u00e1t, mert f\u0171t \u00e9s meghosszabb\u00edtja a szabadt\u00e9ri szezont. <strong>\u00cdgy val\u00f3s\u00e1gos tal\u00e1lkoz\u00e1si pont lesz, ahol pihenni \u00e9s vend\u00e9geket is fogadni lehet.<\/strong> A kandall\u00f3 nagyszer\u0171en illik p\u00e9ld\u00e1ul a farmh\u00e1z- vagy rusztikus st\u00edlushoz is.<\/p>\n<\/details>\n<details class=\"g-accordion \"><summary><h3>\u00c9rdemes-e ink\u00e1bb nagy verand\u00e1t vagy verand\u00e1t v\u00e1lasztani?<\/h3><\/summary>  <\/p>\n<p>Ha a nagy veranda \u00e9s a \u201everanda\u201d k\u00f6z\u00f6tt kell d\u00f6ntened, gondold v\u00e9gig, mekkora a rendelkez\u00e9sre \u00e1ll\u00f3 helyed \u00e9s mire szeretn\u00e9d haszn\u00e1lni.<\/p>\n<ul>\n<li>Egy t\u00e1gas veranda sokf\u00e9le szabadt\u00e9ri tev\u00e9kenys\u00e9ghez el\u00e9g helyet ad,<\/li>\n<li>elhelyezhetsz rajta \u00fcl\u0151garnit\u00far\u00e1t, \u00e9tkez\u0151t, vagy ak\u00e1r k\u00fclt\u00e9ri konyh\u00e1t is,<\/li>\n<li>remek v\u00e1laszt\u00e1s vend\u00e9gs\u00e9gekhez vagy csal\u00e1di pihen\u00e9sekhez.<\/li>\n<\/ul>\n<p>A veranda ezzel szemben intimebb hangulat\u00fa hely. Fedett, \u00edgy j\u00f3l v\u00e9d az id\u0151j\u00e1r\u00e1s viszontags\u00e1gait\u00f3l, m\u00e9gis \u00e9lvezheted a szabad leveg\u0151t. Mindkett\u0151 j\u00f3 v\u00e1laszt\u00e1s lehet: feldobj\u00e1k a h\u00e1z k\u00fclsej\u00e9t \u00e9s b\u00e1rmilyen c\u00e9lra alkalmas, ha kikapcsol\u00f3d\u00e1sra vagy t\u00e1rsas\u00e1gi \u00e9letre v\u00e1gysz.<\/p>\n<\/details>\n","protected":false},"excerpt":{"rendered":"<p>K\u00e9pzeld el, hogy kil\u00e9psz egy verand\u00e1ra, amely kecsesen k\u00f6rbe\u00f6leli az otthonodat, \u00e9s leny\u0171g\u00f6z\u0151 kil\u00e1t\u00e1st, valamint sz\u00e1mtalan lehet\u0151s\u00e9get k\u00edn\u00e1l a kikapcsol\u00f3d\u00e1sra \u00e9s a vend\u00e9gl\u00e1t\u00e1sra. A k\u00f6rbe fut\u00f3 verand\u00e1k nem csak l\u00e1tv\u00e1nyelemek \u2013 ezek a lak\u00f3t\u00e9r meghosszabb\u00edt\u00e1sai, ahol a belt\u00e9ri k\u00e9nyelem \u00e9s a k\u00fclt\u00e9ri var\u00e1zs t\u00f6k\u00e9letesen tal\u00e1lkozik. A vid\u00e9ki, rusztikus hangulat\u00fa, nat\u00far fa verand\u00e1kt\u00f3l az eleg\u00e1ns, viktori\u00e1nus st\u00edlus\u00fa, d\u00edszes korl\u00e1ttal ell\u00e1tott verand\u00e1kig&hellip;<\/p>\n","protected":false},"author":12,"featured_media":5988,"comment_status":"closed","ping_status":"closed","sticky":false,"template":"","format":"standard","meta":{"rank_math_focus_keyword":"k\u00f6rbe\u00e9r\u0151 torn\u00e1c \u00f6tletek","rank_math_title":"Legjobb k\u00f6rbe\u00e9r\u0151 torn\u00e1c \u00f6tletek leny\u0171g\u00f6z\u0151 otthoni \u00e1talakul\u00e1shoz","rank_math_description":"Fedezd fel a gy\u00f6ny\u00f6r\u0171 k\u00f6rbe\u00e9p\u00edtett veranda \u00f6tleteket, amelyek fokozz\u00e1k otthonod var\u00e1zs\u00e1t \u00e9s t\u00f6k\u00e9letes k\u00fclt\u00e9ri mened\u00e9ket teremtenek.","footnotes":""},"categories":[141],"tags":[],"class_list":["post-6667","post","type-post","status-publish","format-standard","has-post-thumbnail","hentry","category-kulteri-dekoraciok"],"g_custom_schema_json":"<script type=\"application\/ld+json\">\n{\n  \"@context\": \"https:\/\/schema.org\",\n  \"@type\": \"FAQPage\",\n  \"mainEntity\": [\n    {\n      \"@type\": \"Question\",\n      \"name\": \"Mik azok a k\u00f6rbe\u00f6lel\u0151 torn\u00e1c \u00f6tletek?\",\n      \"acceptedAnswer\": {\n        \"@type\": \"Answer\",\n        \"text\": \"A k\u00f6rbe\u00f6lel\u0151 torn\u00e1c \u00f6tletek c\u00e9lja, hogy szebb\u00e9 \u00e9s haszn\u00e1lhat\u00f3bb\u00e1 tegy\u00e9k az otthonodat. Ezek a torn\u00e1cok kitolj\u00e1k a belt\u00e9ri teret, \u00edgy k\u00f6nnyen \u00e1t lehet menni a szabadba. Gyakran k\u00fclt\u00e9ri kandall\u00f3val is ell\u00e1tj\u00e1k \u0151ket, ami melegs\u00e9get \u00e9s hangulatot ad.\"\n      }\n    },\n    {\n      \"@type\": \"Question\",\n      \"name\": \"Miben v\u00e1ltoztatj\u00e1k meg a k\u00f6rbe\u00f6lel\u0151 torn\u00e1cok a szabadt\u00e9ri \u00e9letet?\",\n      \"acceptedAnswer\": {\n        \"@type\": \"Answer\",\n        \"text\": \"A k\u00f6rbe\u00f6lel\u0151 torn\u00e1cok nagyon megn\u00f6velik az otthonod \u00e9letter\u00e9t, \u00e9s szuper helyet adnak a pihen\u00e9shez vagy a k\u00f6z\u00f6s id\u0151t\u00f6lt\u00e9shez. K\u00fcl- \u00e9s belt\u00e9r k\u00f6z\u00f6tt szinte \u00e9szrev\u00e9tlen az \u00e1tmenet, \u00edgy friss leveg\u0151n lehetsz an\u00e9lk\u00fcl, hogy ki lenn\u00e9l t\u00e9ve az id\u0151j\u00e1r\u00e1snak. Ez a k\u00f6nnyed v\u00e1lt\u00e1s arra b\u00e1tor\u00edt, hogy t\u00f6bbet legy\u00e9l kint.\"\n      }\n    },\n    {\n      \"@type\": \"Question\",\n      \"name\": \"Melyek a legn\u00e9pszer\u0171bb k\u00f6rbe\u00f6lel\u0151 torn\u00e1c st\u00edlusok?\",\n      \"acceptedAnswer\": {\n        \"@type\": \"Answer\",\n        \"text\": \"A k\u00f6rbe\u00f6lel\u0151 torn\u00e1cok sokf\u00e9le l\u00e1tv\u00e1nyos st\u00edlusban k\u00e9sz\u00fclhetnek, mindegyiknek saj\u00e1t, k\u00fcl\u00f6nleges hangulata van. P\u00e9ld\u00e1ul a paraszth\u00e1z torn\u00e1cok sz\u00e9les l\u00e9pcs\u0151kkel \u00e9s term\u00e9szetes fa bor\u00edt\u00e1ssal igaz\u00e1n otthonosak. A k\u00e9zm\u0171ves st\u00edlus\u00fa torn\u00e1cok gyakran k\u00e9zzel k\u00e9sz\u00edtett d\u00edsz\u00edt\u0151elemeket haszn\u00e1lnak.\"\n      }\n    },\n    {\n      \"@type\": \"Question\",\n      \"name\": \"Miben k\u00fcl\u00f6nb\u00f6znek az egy- \u00e9s k\u00e9tszintes k\u00f6rbe\u00f6lel\u0151 torn\u00e1c tervek?\",\n      \"acceptedAnswer\": {\n        \"@type\": \"Answer\",\n        \"text\": \"A k\u00f6rbe\u00f6lel\u0151 torn\u00e1cok egy- \u00e9s k\u00e9tszintes v\u00e1ltozatban is meg\u00e9p\u00edthet\u0151k, mindegyiknek megvan a maga el\u0151nye. Az egyszintes torn\u00e1c bar\u00e1ts\u00e1gos, k\u00f6nnyen megk\u00f6zel\u00edthet\u0151, \u00e9s k\u00e9z a k\u00e9zben van a kerttel. A k\u00e9tszintes torn\u00e1c viszont magasabbra emeli a teraszt.\"\n      }\n    },\n    {\n      \"@type\": \"Question\",\n      \"name\": \"Mik azok a kis k\u00f6rbe\u00f6lel\u0151 torn\u00e1c tervek?\",\n      \"acceptedAnswer\": {\n        \"@type\": \"Answer\",\n        \"text\": \"A kis k\u00f6rbe\u00f6lel\u0151 torn\u00e1cok t\u00f6k\u00e9letesek, amikor nincs t\u00fal nagy hely, m\u00e9gis szeretn\u00e9d st\u00edlusoss\u00e1 \u00e9s haszn\u00e1lhat\u00f3v\u00e1 tenni a h\u00e1zad k\u00fcls\u0151 r\u00e9sz\u00e9t. B\u00e1r a m\u00e9ret\u00fck szer\u00e9ny, ezekben a tervekben is lesznek k\u00e9nyelmes \u00fcl\u0151helyek. Itt is a k\u00e9nyelem \u00e9s a praktikum a f\u0151 szempont.\"\n      }\n    },\n    {\n      \"@type\": \"Question\",\n      \"name\": \"Hogyan m\u0171k\u00f6dik a nyitott elrendez\u00e9s\u0171 k\u00f6rbe\u00f6lel\u0151 torn\u00e1c?\",\n      \"acceptedAnswer\": {\n        \"@type\": \"Answer\",\n        \"text\": \"A nyitott elrendez\u00e9s\u0171 k\u00f6rbe\u00f6lel\u0151 torn\u00e1c l\u00e9nyege, hogy min\u00e9l kevesebb akad\u00e1ly legyen a t\u00e9rben, \u00edgy szinte egybefolyik a h\u00e1z bels\u0151 tere a kintivel. Az eg\u00e9sz torn\u00e1c t\u00e1gasabb \u00e9rzetet ad, k\u00f6nny\u0171 rajta \u00f6sszej\u00f6veteleket rendezni, de a csendes pihen\u00e9shez is kiv\u00e1l\u00f3.\"\n      }\n    },\n    {\n      \"@type\": \"Question\",\n      \"name\": \"Milyen jellemz\u0151i vannak a rusztikus k\u00f6rbe\u00f6lel\u0151 torn\u00e1c terveknek?\",\n      \"acceptedAnswer\": {\n        \"@type\": \"Answer\",\n        \"text\": \"A rusztikus k\u00f6rbe\u00f6lel\u0151 torn\u00e1cokban sok a term\u00e9szetes anyag, p\u00e9ld\u00e1ul a fa vagy a k\u0151, ami igaz\u00e1n meleg, bar\u00e1ts\u00e1gos hangulatot \u00e1raszt. L\u00e1tsz\u00f3 gerend\u00e1k is gyakran ker\u00fclnek bele \u2013 ezek nemcsak sz\u00e9p d\u00edszek, hanem er\u0151sek is. Ha k\u00e9nyelmet \u00e9s csal\u00e1dias l\u00e9gk\u00f6rt szeretn\u00e9l, ezek k\u00f6z\u00fcl v\u00e1logathatsz.\"\n      }\n    },\n    {\n      \"@type\": \"Question\",\n      \"name\": \"Miben m\u00e1sok a vid\u00e9ki k\u00f6rbe\u00f6lel\u0151 torn\u00e1c tervek?\",\n      \"acceptedAnswer\": {\n        \"@type\": \"Answer\",\n        \"text\": \"A vid\u00e9ki k\u00f6rbe\u00f6lel\u0151 torn\u00e1cok legfontosabb ism\u00e9rve a letisztult, egyszer\u0171 kialak\u00edt\u00e1s \u00e9s a praktikum \u2013 igaz\u00e1n visszaadja a falusi \u00e9let var\u00e1zs\u00e1t. Gyakran sz\u00e9les l\u00e9pcs\u0151 vezet r\u00e1, ami bar\u00e1ts\u00e1gos bej\u00e1ratot ny\u00fajt. Sok a k\u00e9nyelmes \u00fcl\u0151hely is.\"\n      }\n    },\n    {\n      \"@type\": \"Question\",\n      \"name\": \"Milyen \u00f6tletek vannak rusztikus, paraszth\u00e1zi k\u00f6rbe\u00f6lel\u0151 torn\u00e1cokra?\",\n      \"acceptedAnswer\": {\n        \"@type\": \"Answer\",\n        \"text\": \"A rusztikus, paraszth\u00e1zi k\u00f6rbe\u00f6lel\u0151 torn\u00e1cok igazi otthonos, meghitt hangulatot teremtenek \u2013 mindezt a klasszikus vid\u00e9ki st\u00edlus \u00f6tv\u00f6z\u00e9s\u00e9vel. Sokszor helyeznek el r\u00e9gi st\u00edlus\u00fa b\u00fatorokat, p\u00e9ld\u00e1ul hintasz\u00e9keket vagy fonott kanap\u00e9kat. Term\u00e9szetes fa fel\u00fcletek \u2013 mint a korl\u00e1tok, padl\u00f3 vagy gerend\u00e1k \u2013 m\u00e9g jobban kiemelik a rusztikus hangulatot.\"\n      }\n    },\n    {\n      \"@type\": \"Question\",\n      \"name\": \"Hogyan lehet be\u00e9p\u00edteni a modern farmh\u00e1z-st\u00edlust?\",\n      \"acceptedAnswer\": {\n        \"@type\": \"Answer\",\n        \"text\": \"A modern farmh\u00e1z-st\u00edlus alkalmaz\u00e1sa k\u00f6rbe\u00f6lel\u0151 verand\u00e1n azt jelenti, hogy az \u00fajat \u00e9s a r\u00e9git \u00f6tv\u00f6z\u00f6d. Enn\u00e9l a st\u00edlusn\u00e1l letisztult vonalak \u00e9s korszer\u0171 anyagok jelennek meg, amelyek friss, de m\u00e9gis otthonos, vid\u00e9ki hangulatot teremtenek. Ehhez p\u00e9ld\u00e1ul p\u00e1ros\u00edts f\u00e9mb\u0151l k\u00e9sz\u00fclt kieg\u00e9sz\u00edt\u0151ket hagyom\u00e1nyos fa fel\u00fcletekkel.\"\n      }\n    },\n    {\n      \"@type\": \"Question\",\n      \"name\": \"Hogyan t\u00fckr\u00f6zheti egy k\u00f6rbe\u00f6lel\u0151 veranda a farmh\u00e1z-st\u00edlust?\",\n      \"acceptedAnswer\": {\n        \"@type\": \"Answer\",\n        \"text\": \"A k\u00f6rbe\u00f6lel\u0151 veranda igazi farmh\u00e1z-hangulatot sug\u00e1roz a jellegzetes \u00e9p\u00edt\u00e9szeti \u00e9s dekor\u00e1ci\u00f3s r\u00e9szletekkel. \u00c1ltal\u00e1ban sz\u00e9les, bar\u00e1ts\u00e1gos l\u00e9pcs\u0151 vezet a nyitott, h\u00edvogat\u00f3 bej\u00e1rathoz. Rusztikus korl\u00e1tok, amelyek gyakran term\u00e9szetes f\u00e1b\u00f3l k\u00e9sz\u00fclnek, nemcsak biztons\u00e1got ny\u00fajtanak, hanem igaz\u00e1n hiteles, vid\u00e9ki hangulatot adnak.\"\n      }\n    },\n    {\n      \"@type\": \"Question\",\n      \"name\": \"Mit\u0151l k\u00fcl\u00f6nlegesek a Craftsman-st\u00edlus\u00fa k\u00f6rbe\u00f6lel\u0151 verand\u00e1k?\",\n      \"acceptedAnswer\": {\n        \"@type\": \"Answer\",\n        \"text\": \"A Craftsman-st\u00edlus\u00fa k\u00f6rverand\u00e1kat az apr\u00f3l\u00e9kos kidolgoz\u00e1s \u00e9s a min\u0151s\u00e9gi k\u00e9zm\u0171ves munka teszi egyediv\u00e9. Az ilyenkor l\u00e1that\u00f3, nyitott szaruf\u00e1k l\u00e1tv\u00e1nyosan megmutatj\u00e1k az \u00e9p\u00edt\u00e9szet r\u00e9szleteit, \u00edgy a veranda igaz\u00e1n karakteres lesz. Ezekre az otthonokra gyakran jellemz\u0151 a be\u00e9p\u00edtett \u00fcl\u0151b\u00fator.\"\n      }\n    },\n    {\n      \"@type\": \"Question\",\n      \"name\": \"Hogyan ad b\u00e1jt a viktori\u00e1nus k\u00f6rbe\u00f6lel\u0151 veranda?\",\n      \"acceptedAnswer\": {\n        \"@type\": \"Answer\",\n        \"text\": \"A viktori\u00e1nus k\u00f6rverand\u00e1k h\u00edresek a csod\u00e1san r\u00e9szletes d\u00edsz\u00edt\u00e9seikr\u0151l \u00e9s felt\u0171n\u0151 \u00e9p\u00edt\u00e9szeti megold\u00e1saikr\u00f3l. D\u00edszes korl\u00e1tok \u00e9s gazdagon faragott oszlopok emelik ki \u0151ket, ezek sokszor \u00e9l\u00e9nk sz\u00ednt kapnak, hogy m\u00e9g jobban kit\u0171njenek. A kecses form\u00e1k szint\u00e9n k\u00fcl\u00f6nlegess\u00e9 teszik \u0151ket.\"\n      }\n    },\n    {\n      \"@type\": \"Question\",\n      \"name\": \"Milyen el\u0151nyei vannak a Wraparound Farmers Porch-nak?\",\n      \"acceptedAnswer\": {\n        \"@type\": \"Answer\",\n        \"text\": \"A k\u00f6rbe\u00f6lel\u0151 farmh\u00e1z veranda rengeteg el\u0151nnyel j\u00e1r, ami feldobja a h\u00e1z k\u00fclsej\u00e9t, de m\u00e9g a haszn\u00e1lhat\u00f3s\u00e1g\u00e1t is jav\u00edtja. El\u0151sz\u00f6r is, sokkal mutat\u00f3sabb\u00e1 (vonz\u00f3bb\u00e1) teszi az otthonodat, mert kiemeli a h\u00e1z st\u00edlus\u00e1t, egyedi \u00e9s hangulatos k\u00fcls\u0151t ad. Ez a verandat\u00edpus jelent\u0151sen megn\u00f6veli a k\u00fclt\u00e9ri \u00e9letteret is.\"\n      }\n    },\n    {\n      \"@type\": \"Question\",\n      \"name\": \"Hogyan dobhatja fel a h\u00e1z k\u00fcls\u0151 megjelen\u00e9s\u00e9t a zsindelyes k\u00f6rveranda?\",\n      \"acceptedAnswer\": {\n        \"@type\": \"Answer\",\n        \"text\": \"Egy zsindelyes k\u00f6rbe\u00f6lel\u0151 veranda l\u00e1tv\u00e1nyoss\u00e1 \u00e9s egyediv\u00e9 teheti a h\u00e1z homlokzat\u00e1t, mert v\u00e1ltozatos text\u00far\u00e1t \u00e9s izgalmas fel\u00fcletet ad az \u00e9p\u00fcletnek. A zsindelyeket sokf\u00e9le sz\u00ednben \u00e9s mint\u00e1zatban lehet kapni. Ez a szem\u00e9lyre szab\u00e1s nemcsak szebb k\u00fcls\u0151t eredm\u00e9nyez, hanem a h\u00e1zat is k\u00fcl\u00f6nlegess\u00e9 teszi.\"\n      }\n    },\n    {\n      \"@type\": \"Question\",\n      \"name\": \"Mi a szerepe a k\u00f6rbe\u00f6lel\u0151 veranda pavilonj\u00e1nak?\",\n      \"acceptedAnswer\": {\n        \"@type\": \"Answer\",\n        \"text\": \"Egy veranda pavilon (gazebo) nagyon j\u00f3 plusz a k\u00fclt\u00e9ri \u00e9lethez, mert t\u00f6k\u00e9letes helyet ad a pihen\u00e9shez \u00e9s a vend\u00e9gl\u00e1t\u00e1shoz is. \u00c1rny\u00e9kot biztos\u00edt, \u00edgy b\u00e1rmilyen id\u0151j\u00e1r\u00e1sn\u00e1l k\u00e9nyelmes mened\u00e9k lehet a verand\u00e1n. \u00dagy tervezik, hogy j\u00f3l illeszkedjen a h\u00e1z st\u00edlus\u00e1hoz.\"\n      }\n    },\n    {\n      \"@type\": \"Question\",\n      \"name\": \"Hogyan haszn\u00e1lhat\u00f3k a k\u00f6rbe\u00f6lel\u0151 verand\u00e1k k\u00fclt\u00e9ri vend\u00e9gl\u00e1t\u00e1sra?\",\n      \"acceptedAnswer\": {\n        \"@type\": \"Answer\",\n        \"text\": \"A k\u00f6rbe\u00f6lel\u0151 verand\u00e1k t\u00f6k\u00e9letesek k\u00fclt\u00e9ri rendezv\u00e9nyekhez, mert t\u00f6bbf\u00e9le helyet kombin\u00e1lnak egyszerre: lehet rajtuk besz\u00e9lgetni, enni-inni vagy ak\u00e1r f\u0151zni is egy k\u00fclt\u00e9ri konyh\u00e1ban. Ez a sokoldal\u00fas\u00e1g teszi \u0151ket ide\u00e1liss\u00e1, ha vend\u00e9geket fogadsz. A k\u00e9nyelmes \u00fcl\u0151helyeken b\u00e1rki j\u00f3l \u00e9rezheti mag\u00e1t.\"\n      }\n    },\n    {\n      \"@type\": \"Question\",\n      \"name\": \"Hogyan teszi hangulatosabb\u00e1 a k\u00fclt\u00e9ri kandall\u00f3 a k\u00f6rbe\u00f6lel\u0151 verand\u00e1t?\",\n      \"acceptedAnswer\": {\n        \"@type\": \"Answer\",\n        \"text\": \"Egy k\u00fclt\u00e9ri kandall\u00f3 igazi meleg, bar\u00e1ts\u00e1gos l\u00e9gk\u00f6rt teremt a k\u00f6rverand\u00e1n, \u00edgy b\u00e1rmelyik \u00e9vszakban j\u00f3 k\u00f6z\u00f6ss\u00e9gi hely lehet bel\u0151le. A kandall\u00f3 k\u00f6nnyen a figyelem k\u00f6z\u00e9ppontj\u00e1ba ker\u00fcl \u2013 \u00f6sszegy\u0171lhettek k\u00f6r\u00e9, besz\u00e9lgethettek vagy egyszer\u0171en csak \u00e9lvezhetitek a friss leveg\u0151t. A h\u0171v\u00f6sebb h\u00f3napokban is tov\u00e1bb lehet haszn\u00e1lni a verand\u00e1t.\"\n      }\n    },\n    {\n      \"@type\": \"Question\",\n      \"name\": \"\u00c9rdemes-e ink\u00e1bb nagy verand\u00e1t vagy verand\u00e1t v\u00e1lasztani?\",\n      \"acceptedAnswer\": {\n        \"@type\": \"Answer\",\n        \"text\": \"Ha a nagy veranda \u00e9s a \u201everanda\u201d k\u00f6z\u00f6tt kell d\u00f6ntened, gondold v\u00e9gig, mekkora a rendelkez\u00e9sre \u00e1ll\u00f3 helyed \u00e9s mire szeretn\u00e9d haszn\u00e1lni. Egy t\u00e1gas veranda sokf\u00e9le szabadt\u00e9ri tev\u00e9kenys\u00e9ghez el\u00e9g helyet ad, elhelyezhetsz rajta \u00fcl\u0151garnit\u00far\u00e1t, \u00e9tkez\u0151t, vagy ak\u00e1r k\u00fclt\u00e9ri konyh\u00e1t is.\"\n      }\n    }\n  ]\n}\n<\/script>\n<script type=\"application\/ld+json\">\n{\n  \"@context\": \"https:\/\/schema.org\",\n  \"@type\": \"HowTo\",\n  \"name\": \"Modern, hangulatos k\u00f6rbe\u00f6lel\u0151 veranda kialak\u00edt\u00e1sa\",\n  \"description\": \"L\u00e9p\u00e9sr\u0151l l\u00e9p\u00e9sre bemutatjuk, hogyan alak\u00edthatsz ki modern, eleg\u00e1ns vagy rusztikus hangulat\u00fa k\u00f6rbe\u00f6lel\u0151 verand\u00e1t, hogy otthonod l\u00e1tv\u00e1nyos, bar\u00e1ts\u00e1gos \u00e9s praktikus k\u00fclt\u00e9ri \u00e9letteret kapjon.\",\n  \"image\": [\n    \"https:\/\/doubletakedecor.com\/uploads\/2025\/08\/wraparound-porch-ideas-dtd-01.jpg\",\n    \"https:\/\/doubletakedecor.com\/uploads\/2025\/08\/wraparound-porch-ideas-dtd-02.jpg\",\n    \"https:\/\/doubletakedecor.com\/uploads\/2025\/08\/wraparound-porch-ideas-dtd-03.jpg\"\n  ],\n  \"totalTime\": \"P7D\",\n  \"estimatedCost\": {\n    \"@type\": \"MonetaryAmount\",\n    \"currency\": \"HUF\",\n    \"value\": \"5000000\"\n  },\n  \"supply\": [\n    {\n      \"@type\": \"HowToSupply\",\n      \"name\": \"Faanyag, oszlopok, korl\u00e1tok\"\n    },\n    {\n      \"@type\": \"HowToSupply\",\n      \"name\": \"K\u00fclt\u00e9ri burkolat\"\n    },\n    {\n      \"@type\": \"HowToSupply\",\n      \"name\": \"K\u00fclt\u00e9ri b\u00fatorok\"\n    },\n    {\n      \"@type\": \"HowToSupply\",\n      \"name\": \"Vil\u00e1g\u00edt\u00e1s, l\u00e1mp\u00e1k\"\n    },\n    {\n      \"@type\": \"HowToSupply\",\n      \"name\": \"N\u00f6v\u00e9nyek, vir\u00e1gok\"\n    }\n  ],\n  \"tool\": [\n    {\n      \"@type\": \"HowToTool\",\n      \"name\": \"F\u0171r\u00e9sz\"\n    },\n    {\n      \"@type\": \"HowToTool\",\n      \"name\": \"Csavarh\u00faz\u00f3, f\u00far\u00f3\"\n    },\n    {\n      \"@type\": \"HowToTool\",\n      \"name\": \"Szintez\u0151 eszk\u00f6z\"\n    }\n  ],\n  \"step\": [\n    {\n      \"@type\": \"HowToStep\",\n      \"name\": \"Tervezd meg a veranda st\u00edlus\u00e1t\",\n      \"text\": \"V\u00e1laszd ki, hogy rusztikus, modern vagy viktori\u00e1nus st\u00edlus\u00fa verand\u00e1t szeretn\u00e9l. Hat\u00e1rozd meg a m\u00e9retet, az anyagokat (fa, f\u00e9m, k\u0151), \u00e9s azt is, hogy sz\u00fcks\u00e9g lesz-e fedett r\u00e9szre, korl\u00e1tokra vagy pavilonra.\"\n    },\n    {\n      \"@type\": \"HowToStep\",\n      \"name\": \"K\u00e9sz\u00edtsd el\u0151 a helysz\u00ednt\",\n      \"text\": \"Tiszt\u00edtsd meg a ter\u00fcletet, jel\u00f6ld ki a veranda alapjait. Ellen\u0151rizd, hogy a talaj megfelel\u0151en s\u00edk-e, \u00e9s sz\u00fcks\u00e9g eset\u00e9n v\u00e9gezz f\u00f6ldmunk\u00e1t.\"\n    },\n    {\n      \"@type\": \"HowToStep\",\n      \"name\": \"\u00c9p\u00edtsd meg az alapot \u00e9s a v\u00e1zat\",\n      \"text\": \"K\u00e9sz\u00edtsd el a veranda alapj\u00e1t stabil, id\u0151j\u00e1r\u00e1s\u00e1ll\u00f3 anyagb\u00f3l. Helyezd el az oszlopokat, majd szereld fel a f\u0151 tart\u00f3gerend\u00e1kat \u00e9s a padl\u00f3t. Gy\u0151z\u0151dj meg r\u00f3la, hogy minden elem stabilan \u00e1ll.\"\n    },\n    {\n      \"@type\": \"HowToStep\",\n      \"name\": \"Helyezd el a korl\u00e1tokat \u00e9s fed\u00e9st\",\n      \"text\": \"Szereld fel a korl\u00e1tokat, v\u00e1lassz egyszer\u0171t vagy d\u00edszeset. Ha fedett verand\u00e1t szeretn\u00e9l, szereld fel a tet\u0151szerkezetet vagy pavilont a kiv\u00e1lasztott st\u00edlusban.\"\n    },\n    {\n      \"@type\": \"HowToStep\",\n      \"name\": \"Dekor\u00e1ld \u00e9s rendezd be a verand\u00e1t\",\n      \"text\": \"Helyezz el k\u00fclt\u00e9ri b\u00fatorokat, l\u00e1mp\u00e1kat \u00e9s n\u00f6v\u00e9nyeket. Alak\u00edts ki \u00fcl\u0151- vagy \u00e9tkez\u0151sarkot, \u00e9s haszn\u00e1lj d\u00edszp\u00e1rn\u00e1kat, puha takar\u00f3kat, hogy hangulatosabb legyen a t\u00e9r. D\u00edsz\u00edtsd tov\u00e1bb szezon\u00e1lis dekor\u00e1ci\u00f3val vagy f\u00e9nyf\u00fcz\u00e9rekkel.\"\n    },\n    {\n      \"@type\": \"HowToStep\",\n      \"name\": \"Tartsd karban a verand\u00e1t\",\n      \"text\": \"Rendszeresen ellen\u0151rizd a fa- vagy f\u00e9mfel\u00fcleteket, tiszt\u00edtsd meg a burkolatot \u00e9s a b\u00fatorokat. \u00c9vente kezeld le a faanyagot, hogy meg\u0151rizze sz\u00e9ps\u00e9g\u00e9t \u00e9s tart\u00f3ss\u00e1g\u00e1t.\"\n    }\n  ]\n}\n<\/script>","_links":{"self":[{"href":"https:\/\/doubletakedecor.com\/hu\/wp-json\/wp\/v2\/posts\/6667","targetHints":{"allow":["GET"]}}],"collection":[{"href":"https:\/\/doubletakedecor.com\/hu\/wp-json\/wp\/v2\/posts"}],"about":[{"href":"https:\/\/doubletakedecor.com\/hu\/wp-json\/wp\/v2\/types\/post"}],"author":[{"embeddable":true,"href":"https:\/\/doubletakedecor.com\/hu\/wp-json\/wp\/v2\/users\/12"}],"replies":[{"embeddable":true,"href":"https:\/\/doubletakedecor.com\/hu\/wp-json\/wp\/v2\/comments?post=6667"}],"version-history":[{"count":1,"href":"https:\/\/doubletakedecor.com\/hu\/wp-json\/wp\/v2\/posts\/6667\/revisions"}],"predecessor-version":[{"id":6668,"href":"https:\/\/doubletakedecor.com\/hu\/wp-json\/wp\/v2\/posts\/6667\/revisions\/6668"}],"wp:featuredmedia":[{"embeddable":true,"href":"https:\/\/doubletakedecor.com\/hu\/wp-json\/wp\/v2\/media\/5988"}],"wp:attachment":[{"href":"https:\/\/doubletakedecor.com\/hu\/wp-json\/wp\/v2\/media?parent=6667"}],"wp:term":[{"taxonomy":"category","embeddable":true,"href":"https:\/\/doubletakedecor.com\/hu\/wp-json\/wp\/v2\/categories?post=6667"},{"taxonomy":"post_tag","embeddable":true,"href":"https:\/\/doubletakedecor.com\/hu\/wp-json\/wp\/v2\/tags?post=6667"}],"curies":[{"name":"wp","href":"https:\/\/api.w.org\/{rel}","templated":true}]}}