{"id":6669,"date":"2025-08-25T00:58:44","date_gmt":"2025-08-24T22:58:44","guid":{"rendered":"https:\/\/doubletakedecor.com\/tematikus-szobak\/hangulatos-kollegiumi-szoba-esztetika\/"},"modified":"2025-08-25T03:28:30","modified_gmt":"2025-08-25T01:28:30","slug":"hangulatos-kollegiumi-szoba-esztetika","status":"publish","type":"post","link":"https:\/\/doubletakedecor.com\/hu\/tematikus-szobak\/hangulatos-kollegiumi-szoba-esztetika\/","title":{"rendered":"Alak\u00edtsd ki a t\u00f6k\u00e9letes hangulatos koll\u00e9giumi szoba eszt\u00e9tik\u00e1j\u00e1t"},"content":{"rendered":"<p>Egy \u00e1tlagos koll\u00e9giumi szob\u00e1t igaz\u00e1n otthonos mened\u00e9kk\u00e9 alak\u00edtani annyi, mint olyan teret teremteni, ahol j\u00f3l \u00e9rzed magad, \u00e9s a saj\u00e1t st\u00edlusod is visszak\u00f6sz\u00f6n. Ha meleg sz\u00ednvil\u00e1got, puha anyagokat \u00e9s szem\u00e9lyes t\u00e1rgyakat viszel be, k\u00f6nnyen olyan bar\u00e1ts\u00e1gos szob\u00e1t var\u00e1zsolhatsz magadnak, ami pihen\u00e9sre \u00e9s tanul\u00e1sra is t\u00f6k\u00e9letes.<\/p>\n<p>Az otthonos koll\u00e9giumi hangulat titka, hogy puha \u00e1gynem\u0171t, d\u00edszp\u00e1rn\u00e1kat \u00e9s meleg takar\u00f3kat v\u00e1logatsz \u00f6ssze, \u00edgy a st\u00edlus \u00e9s a k\u00e9nyelem egyszerre jelenik meg. Ha \u00e9g\u0151sorokat, illatos gyerty\u00e1kat vagy szoban\u00f6v\u00e9nyeket adsz hozz\u00e1, a szoba m\u00e9g kellemesebb lesz, r\u00e1ad\u00e1sul ezek a dolgok a hangulatodra \u00e9s a lelki b\u00e9k\u00e9dre is j\u00f3 hat\u00e1ssal vannak.<\/p>\n<p>A legjobb, hogy ehhez nincs sz\u00fcks\u00e9g nagy k\u00f6lts\u00e9gvet\u00e9sre. Ha p\u00e9ld\u00e1ul saj\u00e1t k\u00e9sz\u00edt\u00e9s\u0171 faldekor\u00e1ci\u00f3val, \u00fajrahasznos\u00edtott b\u00fatorokkal vagy t\u00f6bbfunkci\u00f3s t\u00e1rol\u00f3kkal rendezkedsz be, igaz\u00e1n egyediv\u00e9 teheted a szob\u00e1t, mik\u00f6zben sp\u00f3rolsz. A l\u00e9nyeg, hogy olyan dolgokat v\u00e1lassz, amik kett\u0151s c\u00e9lt szolg\u00e1lnak\u2014mint mondjuk egy sz\u00e9p t\u00e1rol\u00f3kos\u00e1r, ami nem csak sz\u00e9p, de rendben is tartja a holmikat, vagy egy \u00fcl\u0151ke, amiben pakolni is lehet.<\/p>\n<div class=\"kt_block\" id=\"kt_id\">\n<span class=\"kt_headline\">Fontos \u00d6sszefoglal\u00f3<\/span><\/p>\n<ul class=\"kt_post_list\">\n<li><strong>\ud83c\udfe0 Otthonos mened\u00e9k:<\/strong> Egy koll\u00e9giumi szoba \u00e1talak\u00edt\u00e1s\u00e1hoz haszn\u00e1lj meleg sz\u00edneket, puha anyagokat \u00e9s szem\u00e9lyes kieg\u00e9sz\u00edt\u0151ket\u2014\u00edgy lesz igaz\u00e1n bar\u00e1ts\u00e1gos az \u00f6sszhat\u00e1s.<\/li>\n<li><strong>\ud83d\udd6f\ufe0f Hangulat \u00e9s j\u00f3 k\u00f6z\u00e9rzet:<\/strong> \u00c9g\u0151sorok, illatgyerty\u00e1k \u00e9s szoban\u00f6v\u00e9nyek nemcsak feldobj\u00e1k a szob\u00e1t, hanem seg\u00edtenek megteremteni a nyugodt, pihentet\u0151 l\u00e9gk\u00f6rt is.<\/li>\n<li><strong>\ud83d\udca1 P\u00e9nzt\u00e1rcabar\u00e1t \u00f6tletek:<\/strong> Egy otthonos koll\u00e9giumi szoba nem ker\u00fcl sokba; saj\u00e1t k\u00e9sz\u00edt\u00e9s\u0171 faldekor\u00e1ci\u00f3val, \u00fajrahasznos\u00edtott b\u00fatorokkal \u00e9s praktikus t\u00e1rol\u00f3kkal olcs\u00f3n feldobhatod a teret.<\/li>\n<li><strong>\ud83c\udfa8 Egy\u00e9ni st\u00edlus:<\/strong> Saj\u00e1t fot\u00f3k, m\u0171alkot\u00e1sok, \u00e9s k\u00fcl\u00f6nleges d\u00edszek seg\u00edts\u00e9g\u00e9vel igaz\u00e1n a saj\u00e1todnak \u00e9rezheted a szob\u00e1d\u2014mintha csak a m\u00e1sodik otthonod lenne.<\/li>\n<\/ul>\n<\/div>\n<h2>K\u00f6z\u00f6s iker h\u00e1l\u00f3szoba berendez\u00e9se<\/h2>\n<p><img loading=\"lazy\" decoding=\"async\" width=\"700\" height=\"1049\" alt=\"Cozy dorm room with twin beds in blue and beige, natural light, wooden bedside table, and organized storage solutions.\" class=\"aligncenter size-full wp-image-5993\" src=\"https:\/\/doubletakedecor.com\/uploads\/2025\/08\/cozy-dorm-room-aesthetic-dtd-01.jpg\" srcset=\"https:\/\/doubletakedecor.com\/uploads\/2025\/08\/cozy-dorm-room-aesthetic-dtd-01.jpg 700w, https:\/\/doubletakedecor.com\/uploads\/2025\/08\/cozy-dorm-room-aesthetic-dtd-01-200x300.jpg 200w, https:\/\/doubletakedecor.com\/uploads\/2025\/08\/cozy-dorm-room-aesthetic-dtd-01-683x1024.jpg 683w, https:\/\/doubletakedecor.com\/uploads\/2025\/08\/cozy-dorm-room-aesthetic-dtd-01-96x144.jpg 96w, https:\/\/doubletakedecor.com\/uploads\/2025\/08\/cozy-dorm-room-aesthetic-dtd-01-280x420.jpg 280w, https:\/\/doubletakedecor.com\/uploads\/2025\/08\/cozy-dorm-room-aesthetic-dtd-01-320x480.jpg 320w, https:\/\/doubletakedecor.com\/uploads\/2025\/08\/cozy-dorm-room-aesthetic-dtd-01-360x539.jpg 360w, https:\/\/doubletakedecor.com\/uploads\/2025\/08\/cozy-dorm-room-aesthetic-dtd-01-363x544.jpg 363w, https:\/\/doubletakedecor.com\/uploads\/2025\/08\/cozy-dorm-room-aesthetic-dtd-01-370x554.jpg 370w, https:\/\/doubletakedecor.com\/uploads\/2025\/08\/cozy-dorm-room-aesthetic-dtd-01-400x599.jpg 400w, https:\/\/doubletakedecor.com\/uploads\/2025\/08\/cozy-dorm-room-aesthetic-dtd-01-560x839.jpg 560w, https:\/\/doubletakedecor.com\/uploads\/2025\/08\/cozy-dorm-room-aesthetic-dtd-01-480x719.jpg 480w\" sizes=\"auto, (max-width: 700px) 100vw, 700px\" \/><\/p>\n<p>Alak\u00edtsatok ki harmonikus, k\u00f6z\u00f6s alv\u00f3helyet \u00fagy, hogy mindenki megtarthassa a saj\u00e1t st\u00edlus\u00e1t, de k\u00f6zben az \u00f6sszk\u00e9p is rendezett legyen. A k\u00e9t \u00e1gyat rendezz\u00e9tek szimmetrikusan, \u00f6sszeill\u0151, de m\u00e9gis k\u00fcl\u00f6nb\u00f6z\u0151 \u00e1gynem\u0171kkel. A k\u00e9t \u00e1gy k\u00f6z\u00e9 \u00e1ll\u00edtsatok egy praktikus \u00e9jjeliszekr\u00e9nyt, amit mindketten tudtok haszn\u00e1lni. Szem\u00e9lyes hangulatot adhattok a polcra tett bekeretezett fot\u00f3kkal, \u00e9s g\u00f6rd\u00edthet\u0151 t\u00e1rol\u00f3kkal a rend is k\u00f6nnyebben meg\u0151rizhet\u0151, mik\u00f6zben a padl\u00f3n is marad el\u00e9g hely.<\/p>\n<h2>Szem\u00e9lyes gal\u00e9riafal a h\u00e1l\u00f3szob\u00e1ban<\/h2>\n<p><img decoding=\"async\" alt=\"Cozy dorm room with white bedding, blue blanket, colorful pillows, and personalized wall art including a decorative \" src=\"https:\/\/doubletakedecor.com\/uploads\/2025\/08\/cozy-dorm-room-aesthetic-dtd-02.jpg\" \/><\/p>\n<p>L\u00e9pj szintet a h\u00e1l\u00f3ddal, \u00e9s k\u00e9sz\u00edts szem\u00e9lyes gal\u00e9riafalat az \u00e1gyad f\u00f6l\u00e9! Kombin\u00e1lj fot\u00f3kereteket, m\u0171v\u00e9szi nyomatokat \u00e9s kedves eml\u00e9keket. Tegy\u00e9l ki egy kezd\u0151bet\u0171s d\u00edszt, hogy m\u00e9g ink\u00e1bb t\u00fckr\u00f6zze a saj\u00e1t st\u00edlusod. Ha a gal\u00e9riafal mell\u00e9 egy kis polcot is felszerelsz apr\u00f3 d\u00edszt\u00e1rgyaknak, az kiemeli az egy\u00e9nis\u00e9ged, \u00e9s m\u00e9g rendezettebb is lesz a szoba. Befejez\u00e9s\u00fcl v\u00e1lassz puha, textur\u00e1lt \u00e1gynem\u0171t \u00e9s sz\u00ednes d\u00edszp\u00e1rn\u00e1kat, hogy igaz\u00e1n otthonos legyen a t\u00e9r.<\/p>\n<h2>Vil\u00e1gos \u00e9s leveg\u0151s pipereasztal<\/h2>\n<p><img loading=\"lazy\" decoding=\"async\" width=\"700\" height=\"1049\" alt=\"Elegant mirrored vanity with fairy lights, gold handles, blue skirt, and acrylic chair in a soft blue bedroom setting.\" class=\"aligncenter size-full wp-image-6005\" src=\"https:\/\/doubletakedecor.com\/uploads\/2025\/08\/cozy-dorm-room-aesthetic-dtd-03.jpg\" srcset=\"https:\/\/doubletakedecor.com\/uploads\/2025\/08\/cozy-dorm-room-aesthetic-dtd-03.jpg 700w, https:\/\/doubletakedecor.com\/uploads\/2025\/08\/cozy-dorm-room-aesthetic-dtd-03-200x300.jpg 200w, https:\/\/doubletakedecor.com\/uploads\/2025\/08\/cozy-dorm-room-aesthetic-dtd-03-683x1024.jpg 683w, https:\/\/doubletakedecor.com\/uploads\/2025\/08\/cozy-dorm-room-aesthetic-dtd-03-96x144.jpg 96w, https:\/\/doubletakedecor.com\/uploads\/2025\/08\/cozy-dorm-room-aesthetic-dtd-03-280x420.jpg 280w, https:\/\/doubletakedecor.com\/uploads\/2025\/08\/cozy-dorm-room-aesthetic-dtd-03-320x480.jpg 320w, https:\/\/doubletakedecor.com\/uploads\/2025\/08\/cozy-dorm-room-aesthetic-dtd-03-360x539.jpg 360w, https:\/\/doubletakedecor.com\/uploads\/2025\/08\/cozy-dorm-room-aesthetic-dtd-03-363x544.jpg 363w, https:\/\/doubletakedecor.com\/uploads\/2025\/08\/cozy-dorm-room-aesthetic-dtd-03-370x554.jpg 370w, https:\/\/doubletakedecor.com\/uploads\/2025\/08\/cozy-dorm-room-aesthetic-dtd-03-400x599.jpg 400w, https:\/\/doubletakedecor.com\/uploads\/2025\/08\/cozy-dorm-room-aesthetic-dtd-03-560x839.jpg 560w, https:\/\/doubletakedecor.com\/uploads\/2025\/08\/cozy-dorm-room-aesthetic-dtd-03-480x719.jpg 480w\" sizes=\"auto, (max-width: 700px) 100vw, 700px\" \/><\/p>\n<p>Lakj be egy \u00e1lomsz\u00e9p sarokpiper\u00e9t \u00fagy, hogy finom f\u00e9nyf\u00fcz\u00e9rt teszel a t\u00fck\u00f6r k\u00f6r\u00e9. Egy akril sz\u00e9k vid\u00e1m \u00e9s modern hangulatot ad, mik\u00f6zben nem nehez\u00edti el a l\u00e1tv\u00e1nyt. Egy k\u00f6nny\u0171 textil szoknya elrejti a piperesasztal alatti dobozokat. A tiszta diz\u00e1jnt tartsd meg n\u00e9h\u00e1ny apr\u00f3 keretes fot\u00f3val \u00e9s visszafogott d\u00edszekkel, hogy funkcion\u00e1lis, de m\u00e9gis a saj\u00e1t vil\u00e1god legyen ez a kis kuck\u00f3.<\/p>\n<h2>Nyugalmat \u00e1raszt\u00f3 k\u00e9k-feh\u00e9r h\u00e1l\u00f3szoba<\/h2>\n<p><img loading=\"lazy\" decoding=\"async\" width=\"700\" height=\"1050\" alt=\"Cozy dorm bedroom with blue-white bedding, textured blankets, small ottoman, fairy lights, and botanical artwork creating a tranquil aesthetic.\" class=\"aligncenter size-full wp-image-6011\" src=\"https:\/\/doubletakedecor.com\/uploads\/2025\/08\/cozy-dorm-room-aesthetic-dtd-04.jpg\" srcset=\"https:\/\/doubletakedecor.com\/uploads\/2025\/08\/cozy-dorm-room-aesthetic-dtd-04.jpg 700w, https:\/\/doubletakedecor.com\/uploads\/2025\/08\/cozy-dorm-room-aesthetic-dtd-04-200x300.jpg 200w, https:\/\/doubletakedecor.com\/uploads\/2025\/08\/cozy-dorm-room-aesthetic-dtd-04-683x1024.jpg 683w, https:\/\/doubletakedecor.com\/uploads\/2025\/08\/cozy-dorm-room-aesthetic-dtd-04-96x144.jpg 96w, https:\/\/doubletakedecor.com\/uploads\/2025\/08\/cozy-dorm-room-aesthetic-dtd-04-280x420.jpg 280w, https:\/\/doubletakedecor.com\/uploads\/2025\/08\/cozy-dorm-room-aesthetic-dtd-04-320x480.jpg 320w, https:\/\/doubletakedecor.com\/uploads\/2025\/08\/cozy-dorm-room-aesthetic-dtd-04-360x540.jpg 360w, https:\/\/doubletakedecor.com\/uploads\/2025\/08\/cozy-dorm-room-aesthetic-dtd-04-363x545.jpg 363w, https:\/\/doubletakedecor.com\/uploads\/2025\/08\/cozy-dorm-room-aesthetic-dtd-04-370x555.jpg 370w, https:\/\/doubletakedecor.com\/uploads\/2025\/08\/cozy-dorm-room-aesthetic-dtd-04-400x600.jpg 400w, https:\/\/doubletakedecor.com\/uploads\/2025\/08\/cozy-dorm-room-aesthetic-dtd-04-560x840.jpg 560w, https:\/\/doubletakedecor.com\/uploads\/2025\/08\/cozy-dorm-room-aesthetic-dtd-04-480x720.jpg 480w\" sizes=\"auto, (max-width: 700px) 100vw, 700px\" \/><\/p>\n<p>Hozz l\u00e9tre egy igaz\u00e1n nyugtat\u00f3 szob\u00e1t k\u00e9k \u00e9s feh\u00e9r sz\u00ednek kombin\u00e1ci\u00f3j\u00e1val. Halmozz egym\u00e1sra k\u00fcl\u00f6nb\u00f6z\u0151 text\u00far\u00e1j\u00fa takar\u00f3kat \u00e9s pihe-puha p\u00e1rn\u00e1kat, hogy m\u00e9g k\u00e9nyelmesebb legyen. Egy \u00fcl\u0151ke j\u00f3l j\u00f6het kis helyen, hisz ak\u00e1r t\u00e1rol\u00f3nak is haszn\u00e1lhat\u00f3. F\u00fcgg\u00f6ny\u00f6k m\u00f6g\u00e9 tett f\u00e9nyf\u00fcz\u00e9rrel var\u00e1zslatos hangulatot teremthetsz, \u00e9s ha n\u00f6v\u00e9nyes, term\u00e9szetes t\u00e9m\u00e1j\u00fa k\u00e9peket v\u00e1lasztasz a falra, \u00f6sszhangban lesz az eg\u00e9sz szoba.<\/p>\n<h2>Puha b\u00e9zs \u00e9s k\u00e9k nyugalmas h\u00e1l\u00f3szoba<\/h2>\n<p><img loading=\"lazy\" decoding=\"async\" width=\"700\" height=\"1050\" alt=\"A calming dorm bedroom featuring light beige walls, a blue duvet, minimalist shelf, and cozy reading chair with storage bins.\" class=\"aligncenter size-full wp-image-6017\" src=\"https:\/\/doubletakedecor.com\/uploads\/2025\/08\/cozy-dorm-room-aesthetic-dtd-05.jpg\" srcset=\"https:\/\/doubletakedecor.com\/uploads\/2025\/08\/cozy-dorm-room-aesthetic-dtd-05.jpg 700w, https:\/\/doubletakedecor.com\/uploads\/2025\/08\/cozy-dorm-room-aesthetic-dtd-05-200x300.jpg 200w, https:\/\/doubletakedecor.com\/uploads\/2025\/08\/cozy-dorm-room-aesthetic-dtd-05-683x1024.jpg 683w, https:\/\/doubletakedecor.com\/uploads\/2025\/08\/cozy-dorm-room-aesthetic-dtd-05-96x144.jpg 96w, https:\/\/doubletakedecor.com\/uploads\/2025\/08\/cozy-dorm-room-aesthetic-dtd-05-280x420.jpg 280w, https:\/\/doubletakedecor.com\/uploads\/2025\/08\/cozy-dorm-room-aesthetic-dtd-05-320x480.jpg 320w, https:\/\/doubletakedecor.com\/uploads\/2025\/08\/cozy-dorm-room-aesthetic-dtd-05-360x540.jpg 360w, https:\/\/doubletakedecor.com\/uploads\/2025\/08\/cozy-dorm-room-aesthetic-dtd-05-363x545.jpg 363w, https:\/\/doubletakedecor.com\/uploads\/2025\/08\/cozy-dorm-room-aesthetic-dtd-05-370x555.jpg 370w, https:\/\/doubletakedecor.com\/uploads\/2025\/08\/cozy-dorm-room-aesthetic-dtd-05-400x600.jpg 400w, https:\/\/doubletakedecor.com\/uploads\/2025\/08\/cozy-dorm-room-aesthetic-dtd-05-560x840.jpg 560w, https:\/\/doubletakedecor.com\/uploads\/2025\/08\/cozy-dorm-room-aesthetic-dtd-05-480x720.jpg 480w\" sizes=\"auto, (max-width: 700px) 100vw, 700px\" \/><\/p>\n<p>Alkoss b\u00e9k\u00e9s koll\u00e9giumi mened\u00e9ket vil\u00e1gos b\u00e9zs \u00e9s k\u00e9k sz\u00ednekkel! A k\u00e9nyelem \u00e9rdek\u00e9ben r\u00e9tegezd a puha p\u00e1rn\u00e1kat, tegy\u00e9l be egy sz\u0151r\u00f6s sz\u0151nyeget \u00e9s egy k\u00e9nyelmes olvas\u00f3sz\u00e9ket. Az \u00e1gy f\u00f6l\u00e9 szerelj minimalista polcot szem\u00e9lyes eml\u00e9keknek vagy k\u00e9peknek. Haszn\u00e1lj a dekor\u00e1ci\u00f3hoz ill\u0151 t\u00e1rol\u00f3dobozokat, \u00edgy a rend is megmarad, \u00e9s sz\u00e9p is lesz a kuck\u00f3.<\/p>\n<h2>Term\u00e9szetes f\u00e9nnyel teli tanul\u00f3sarok a h\u00e1l\u00f3ban<\/h2>\n<p><img loading=\"lazy\" decoding=\"async\" width=\"700\" height=\"1050\" alt=\"Cozy dorm room with green bedding, natural light, plants, and functional study space for a peaceful aesthetic.\" class=\"aligncenter size-full wp-image-6023\" src=\"https:\/\/doubletakedecor.com\/uploads\/2025\/08\/cozy-dorm-room-aesthetic-dtd-06.jpg\" srcset=\"https:\/\/doubletakedecor.com\/uploads\/2025\/08\/cozy-dorm-room-aesthetic-dtd-06.jpg 700w, https:\/\/doubletakedecor.com\/uploads\/2025\/08\/cozy-dorm-room-aesthetic-dtd-06-200x300.jpg 200w, https:\/\/doubletakedecor.com\/uploads\/2025\/08\/cozy-dorm-room-aesthetic-dtd-06-683x1024.jpg 683w, https:\/\/doubletakedecor.com\/uploads\/2025\/08\/cozy-dorm-room-aesthetic-dtd-06-96x144.jpg 96w, https:\/\/doubletakedecor.com\/uploads\/2025\/08\/cozy-dorm-room-aesthetic-dtd-06-280x420.jpg 280w, https:\/\/doubletakedecor.com\/uploads\/2025\/08\/cozy-dorm-room-aesthetic-dtd-06-320x480.jpg 320w, https:\/\/doubletakedecor.com\/uploads\/2025\/08\/cozy-dorm-room-aesthetic-dtd-06-360x540.jpg 360w, https:\/\/doubletakedecor.com\/uploads\/2025\/08\/cozy-dorm-room-aesthetic-dtd-06-363x545.jpg 363w, https:\/\/doubletakedecor.com\/uploads\/2025\/08\/cozy-dorm-room-aesthetic-dtd-06-370x555.jpg 370w, https:\/\/doubletakedecor.com\/uploads\/2025\/08\/cozy-dorm-room-aesthetic-dtd-06-400x600.jpg 400w, https:\/\/doubletakedecor.com\/uploads\/2025\/08\/cozy-dorm-room-aesthetic-dtd-06-560x840.jpg 560w, https:\/\/doubletakedecor.com\/uploads\/2025\/08\/cozy-dorm-room-aesthetic-dtd-06-480x720.jpg 480w\" sizes=\"auto, (max-width: 700px) 100vw, 700px\" \/><\/p>\n<p>\u00c1ll\u00edtsd az \u00edr\u00f3asztalod ablak mell\u00e9, hogy min\u00e9l t\u00f6bb term\u00e9szetes f\u00e9nyt kapj tanul\u00e1s k\u00f6zben. N\u00e9h\u00e1ny cserepes n\u00f6v\u00e9ny friss\u00edti a leveg\u0151t \u00e9s nyugodt l\u00e9gk\u00f6rt teremt. Rakj egy cs\u00edkos sz\u0151nyeget a fapadl\u00f3ra, hogy melegebb, otthonosabb legyen a szoba. Ha p\u00e9ld\u00e1ul halv\u00e1nyz\u00f6ld \u00e1gynem\u0171szettet v\u00e1lasztasz, a k\u00f6rnyezeted tiszta \u00e9s nyugodt lesz, nem fog elvonni semmi a tanul\u00e1st\u00f3l.<\/p>\n<h2>Vil\u00e1gos, minimalista h\u00e1l\u00f3 kuck\u00f3<\/h2>\n<p><img loading=\"lazy\" decoding=\"async\" width=\"700\" height=\"1049\" alt=\"A cozy dorm room with natural light, plush bedding, macram\u00e9 wall art, and thoughtful decor elements creating a serene aesthetic.\" class=\"aligncenter size-full wp-image-6029\" src=\"https:\/\/doubletakedecor.com\/uploads\/2025\/08\/cozy-dorm-room-aesthetic-dtd-07.jpg\" srcset=\"https:\/\/doubletakedecor.com\/uploads\/2025\/08\/cozy-dorm-room-aesthetic-dtd-07.jpg 700w, https:\/\/doubletakedecor.com\/uploads\/2025\/08\/cozy-dorm-room-aesthetic-dtd-07-200x300.jpg 200w, https:\/\/doubletakedecor.com\/uploads\/2025\/08\/cozy-dorm-room-aesthetic-dtd-07-683x1024.jpg 683w, https:\/\/doubletakedecor.com\/uploads\/2025\/08\/cozy-dorm-room-aesthetic-dtd-07-96x144.jpg 96w, https:\/\/doubletakedecor.com\/uploads\/2025\/08\/cozy-dorm-room-aesthetic-dtd-07-280x420.jpg 280w, https:\/\/doubletakedecor.com\/uploads\/2025\/08\/cozy-dorm-room-aesthetic-dtd-07-320x480.jpg 320w, https:\/\/doubletakedecor.com\/uploads\/2025\/08\/cozy-dorm-room-aesthetic-dtd-07-360x539.jpg 360w, https:\/\/doubletakedecor.com\/uploads\/2025\/08\/cozy-dorm-room-aesthetic-dtd-07-363x544.jpg 363w, https:\/\/doubletakedecor.com\/uploads\/2025\/08\/cozy-dorm-room-aesthetic-dtd-07-370x554.jpg 370w, https:\/\/doubletakedecor.com\/uploads\/2025\/08\/cozy-dorm-room-aesthetic-dtd-07-400x599.jpg 400w, https:\/\/doubletakedecor.com\/uploads\/2025\/08\/cozy-dorm-room-aesthetic-dtd-07-560x839.jpg 560w, https:\/\/doubletakedecor.com\/uploads\/2025\/08\/cozy-dorm-room-aesthetic-dtd-07-480x719.jpg 480w\" sizes=\"auto, (max-width: 700px) 100vw, 700px\" \/><\/p>\n<p>L\u00e9gy r\u00e9szese egy vil\u00e1gos, minimalista szob\u00e1nak puha \u00e1gynem\u0171vel \u00e9s k\u00fcl\u00f6nleges anyagokkal. A falra akassz makram\u00e9 d\u00edszt vagy f\u00e9nyf\u00fcz\u00e9rt a meleg hangulat\u00e9rt, \u00e9s pakolj n\u00e9h\u00e1ny k\u00f6nyvet vagy n\u00f6v\u00e9nyt is l\u00e1that\u00f3 helyre. Egy pihe-puha \u00fcl\u0151ke \u00e9s egy mint\u00e1s sz\u0151nyeg igazi k\u00e9nyelmet ny\u00fajt, \u00edgy lesz teljes az otthonos \u00e9rz\u00e9s.<\/p>\n<h2>Boh\u00e9m, hangulatos h\u00e1l\u00f3szoba berendez\u00e9s<\/h2>\n<p><img loading=\"lazy\" decoding=\"async\" width=\"700\" height=\"1050\" alt=\"Cozy dorm room with bohemian bedspread, decorative pillows, gold wall hanging, white desk, and plush chair creating a bright, serene aesthetic.\" class=\"aligncenter size-full wp-image-6035\" src=\"https:\/\/doubletakedecor.com\/uploads\/2025\/08\/cozy-dorm-room-aesthetic-dtd-08.jpg\" srcset=\"https:\/\/doubletakedecor.com\/uploads\/2025\/08\/cozy-dorm-room-aesthetic-dtd-08.jpg 700w, https:\/\/doubletakedecor.com\/uploads\/2025\/08\/cozy-dorm-room-aesthetic-dtd-08-200x300.jpg 200w, https:\/\/doubletakedecor.com\/uploads\/2025\/08\/cozy-dorm-room-aesthetic-dtd-08-683x1024.jpg 683w, https:\/\/doubletakedecor.com\/uploads\/2025\/08\/cozy-dorm-room-aesthetic-dtd-08-96x144.jpg 96w, https:\/\/doubletakedecor.com\/uploads\/2025\/08\/cozy-dorm-room-aesthetic-dtd-08-280x420.jpg 280w, https:\/\/doubletakedecor.com\/uploads\/2025\/08\/cozy-dorm-room-aesthetic-dtd-08-320x480.jpg 320w, https:\/\/doubletakedecor.com\/uploads\/2025\/08\/cozy-dorm-room-aesthetic-dtd-08-360x540.jpg 360w, https:\/\/doubletakedecor.com\/uploads\/2025\/08\/cozy-dorm-room-aesthetic-dtd-08-363x545.jpg 363w, https:\/\/doubletakedecor.com\/uploads\/2025\/08\/cozy-dorm-room-aesthetic-dtd-08-370x555.jpg 370w, https:\/\/doubletakedecor.com\/uploads\/2025\/08\/cozy-dorm-room-aesthetic-dtd-08-400x600.jpg 400w, https:\/\/doubletakedecor.com\/uploads\/2025\/08\/cozy-dorm-room-aesthetic-dtd-08-560x840.jpg 560w, https:\/\/doubletakedecor.com\/uploads\/2025\/08\/cozy-dorm-room-aesthetic-dtd-08-480x720.jpg 480w\" sizes=\"auto, (max-width: 700px) 100vw, 700px\" \/><\/p>\n<p>Alak\u00edts ki nyugodt, boh\u00e9mszellem\u0171 h\u00e1l\u00f3t: rakd tele a szob\u00e1t k\u00fcl\u00f6nf\u00e9le p\u00e1rn\u00e1kkal, rojtos \u00e1gytakar\u00f3val. Az \u00e1gy f\u00f6l\u00e9 l\u00f3gass aranysz\u00edn\u0171 fali d\u00edszt, \u00edgy feldobod a hangulatot, m\u00e9gse lesz zs\u00fafolt a t\u00e9r. A feh\u00e9r \u00edr\u00f3asztalhoz v\u00e1lassz egy k\u00e9nyelmes huzat\u00fa sz\u00e9ket, \u00e9s tegy\u00e9l az asztalra egy meleg f\u00e9ny\u0171 l\u00e1mp\u00e1t. Egy semleges sz\u00edn\u0171 sz\u0151nyeg \u00f6sszefogja a szoba st\u00edlus\u00e1t.<\/p>\n<h2>Boh\u00e9m, vil\u00e1gos h\u00e1l\u00f3szoba mened\u00e9k<\/h2>\n<p><img loading=\"lazy\" decoding=\"async\" width=\"700\" height=\"1050\" alt=\"A cozy dorm bedroom featuring a white quilt bed with neutral pillows, wooden desk with woven lamp, and macram\u00e9 wall hangings with fairy lights.\" class=\"aligncenter size-full wp-image-6041\" src=\"https:\/\/doubletakedecor.com\/uploads\/2025\/08\/cozy-dorm-room-aesthetic-dtd-09.jpg\" srcset=\"https:\/\/doubletakedecor.com\/uploads\/2025\/08\/cozy-dorm-room-aesthetic-dtd-09.jpg 700w, https:\/\/doubletakedecor.com\/uploads\/2025\/08\/cozy-dorm-room-aesthetic-dtd-09-200x300.jpg 200w, https:\/\/doubletakedecor.com\/uploads\/2025\/08\/cozy-dorm-room-aesthetic-dtd-09-683x1024.jpg 683w, https:\/\/doubletakedecor.com\/uploads\/2025\/08\/cozy-dorm-room-aesthetic-dtd-09-96x144.jpg 96w, https:\/\/doubletakedecor.com\/uploads\/2025\/08\/cozy-dorm-room-aesthetic-dtd-09-280x420.jpg 280w, https:\/\/doubletakedecor.com\/uploads\/2025\/08\/cozy-dorm-room-aesthetic-dtd-09-320x480.jpg 320w, https:\/\/doubletakedecor.com\/uploads\/2025\/08\/cozy-dorm-room-aesthetic-dtd-09-360x540.jpg 360w, https:\/\/doubletakedecor.com\/uploads\/2025\/08\/cozy-dorm-room-aesthetic-dtd-09-363x545.jpg 363w, https:\/\/doubletakedecor.com\/uploads\/2025\/08\/cozy-dorm-room-aesthetic-dtd-09-370x555.jpg 370w, https:\/\/doubletakedecor.com\/uploads\/2025\/08\/cozy-dorm-room-aesthetic-dtd-09-400x600.jpg 400w, https:\/\/doubletakedecor.com\/uploads\/2025\/08\/cozy-dorm-room-aesthetic-dtd-09-560x840.jpg 560w, https:\/\/doubletakedecor.com\/uploads\/2025\/08\/cozy-dorm-room-aesthetic-dtd-09-480x720.jpg 480w\" sizes=\"auto, (max-width: 700px) 100vw, 700px\" \/><\/p>\n<p>Tedd egyediv\u00e9 a koll\u00e9giumi szob\u00e1d boh\u00e9m st\u00edlus\u00fa r\u00e9szletekkel! R\u00e9tegezd a takar\u00f3kat, haszn\u00e1lj vil\u00e1gos, feh\u00e9r \u00e1gytakar\u00f3t \u00e9s hozz\u00e1 ill\u0151 nat\u00far p\u00e1rn\u00e1kat. A hangulatos makram\u00e9 falid\u00edszek \u00e9s f\u00e9nyf\u00fcz\u00e9rek karaktert adnak a t\u00e9rnek. Az \u00edr\u00f3asztalhoz fonott l\u00e1mp\u00e1t v\u00e1lassz a meleg f\u00e9ny \u00e9rdek\u00e9ben. Egy mint\u00e1s sz\u0151nyeg seg\u00edt kijel\u00f6lni \u00e9s kiemelni a saj\u00e1t helyedet a szob\u00e1ban.<\/p>\n<h2>Otthonos h\u00e1l\u00f3szoba semleges \u00e1rnyalatokkal<\/h2>\n<p><img loading=\"lazy\" decoding=\"async\" width=\"700\" height=\"1049\" alt=\"A cozy dorm room with neutral tones featuring a white bed with decorative pillows, fairy lights, minimalist furniture, and soft textures.\" class=\"aligncenter size-full wp-image-6047\" src=\"https:\/\/doubletakedecor.com\/uploads\/2025\/08\/cozy-dorm-room-aesthetic-dtd-10.jpg\" srcset=\"https:\/\/doubletakedecor.com\/uploads\/2025\/08\/cozy-dorm-room-aesthetic-dtd-10.jpg 700w, https:\/\/doubletakedecor.com\/uploads\/2025\/08\/cozy-dorm-room-aesthetic-dtd-10-200x300.jpg 200w, https:\/\/doubletakedecor.com\/uploads\/2025\/08\/cozy-dorm-room-aesthetic-dtd-10-683x1024.jpg 683w, https:\/\/doubletakedecor.com\/uploads\/2025\/08\/cozy-dorm-room-aesthetic-dtd-10-96x144.jpg 96w, https:\/\/doubletakedecor.com\/uploads\/2025\/08\/cozy-dorm-room-aesthetic-dtd-10-280x420.jpg 280w, https:\/\/doubletakedecor.com\/uploads\/2025\/08\/cozy-dorm-room-aesthetic-dtd-10-320x480.jpg 320w, https:\/\/doubletakedecor.com\/uploads\/2025\/08\/cozy-dorm-room-aesthetic-dtd-10-360x539.jpg 360w, https:\/\/doubletakedecor.com\/uploads\/2025\/08\/cozy-dorm-room-aesthetic-dtd-10-363x544.jpg 363w, https:\/\/doubletakedecor.com\/uploads\/2025\/08\/cozy-dorm-room-aesthetic-dtd-10-370x554.jpg 370w, https:\/\/doubletakedecor.com\/uploads\/2025\/08\/cozy-dorm-room-aesthetic-dtd-10-400x599.jpg 400w, https:\/\/doubletakedecor.com\/uploads\/2025\/08\/cozy-dorm-room-aesthetic-dtd-10-560x839.jpg 560w, https:\/\/doubletakedecor.com\/uploads\/2025\/08\/cozy-dorm-room-aesthetic-dtd-10-480x719.jpg 480w\" sizes=\"auto, (max-width: 700px) 100vw, 700px\" \/><\/p>\n<p>Laz\u00edts egy b\u00e9k\u00e9s mened\u00e9kben, ahol a k\u00fcl\u00f6nb\u00f6z\u0151 anyagok \u00e9s puha fel\u00fcletek r\u00e9tegez\u00e9se adja a meghitt hangulatot. Egy pihe-puha paplan, t\u00f6bbf\u00e9le p\u00e1rna \u00e9s egy kellemes pl\u00e9d gondoskodik r\u00f3la. Akassz a fejed m\u00f6g\u00e9 f\u00e9nyf\u00fcz\u00e9rt a hangulatos vil\u00e1g\u00edt\u00e1s\u00e9rt, \u00e9s dobd fel a falat keretezett k\u00e9pekkel. Tipp: Olyan t\u00e1rol\u00f3kat v\u00e1lassz, amik mutat\u00f3sak is\u2014p\u00e9ld\u00e1ul egy st\u00edlusos \u00e9jjeliszekr\u00e9nyt, amin m\u00e9g n\u00e9h\u00e1ny d\u00edszt is elhelyezhetsz.<\/p>\n<h2>Eleg\u00e1ns, semleges t\u00f3nus\u00fa h\u00e1l\u00f3szoba t\u00fcnd\u00e9rf\u00e9nyekkel<\/h2>\n<p><img loading=\"lazy\" decoding=\"async\" width=\"700\" height=\"1050\" alt=\"Meleg hangulat\u00fa koll\u00e9giumi szoba t\u00fcnd\u00e9rf\u00e9nyekkel, feh\u00e9r \u00e1gynem\u0171vel, textur\u00e1lt p\u00e1rn\u00e1kkal \u00e9s rojtos csill\u00e1rral, amelyek egy nyugodt mened\u00e9k hangulat\u00e1t teremtik.\" class=\"aligncenter size-full wp-image-6053\" src=\"https:\/\/doubletakedecor.com\/uploads\/2025\/08\/cozy-dorm-room-aesthetic-dtd-11.jpg\" srcset=\"https:\/\/doubletakedecor.com\/uploads\/2025\/08\/cozy-dorm-room-aesthetic-dtd-11.jpg 700w, https:\/\/doubletakedecor.com\/uploads\/2025\/08\/cozy-dorm-room-aesthetic-dtd-11-200x300.jpg 200w, https:\/\/doubletakedecor.com\/uploads\/2025\/08\/cozy-dorm-room-aesthetic-dtd-11-683x1024.jpg 683w, https:\/\/doubletakedecor.com\/uploads\/2025\/08\/cozy-dorm-room-aesthetic-dtd-11-96x144.jpg 96w, https:\/\/doubletakedecor.com\/uploads\/2025\/08\/cozy-dorm-room-aesthetic-dtd-11-280x420.jpg 280w, https:\/\/doubletakedecor.com\/uploads\/2025\/08\/cozy-dorm-room-aesthetic-dtd-11-320x480.jpg 320w, https:\/\/doubletakedecor.com\/uploads\/2025\/08\/cozy-dorm-room-aesthetic-dtd-11-360x540.jpg 360w, https:\/\/doubletakedecor.com\/uploads\/2025\/08\/cozy-dorm-room-aesthetic-dtd-11-363x545.jpg 363w, https:\/\/doubletakedecor.com\/uploads\/2025\/08\/cozy-dorm-room-aesthetic-dtd-11-370x555.jpg 370w, https:\/\/doubletakedecor.com\/uploads\/2025\/08\/cozy-dorm-room-aesthetic-dtd-11-400x600.jpg 400w, https:\/\/doubletakedecor.com\/uploads\/2025\/08\/cozy-dorm-room-aesthetic-dtd-11-560x840.jpg 560w, https:\/\/doubletakedecor.com\/uploads\/2025\/08\/cozy-dorm-room-aesthetic-dtd-11-480x720.jpg 480w\" sizes=\"auto, (max-width: 700px) 100vw, 700px\" \/><\/p>\n<p>Var\u00e1zsold \u00e1t a koll\u00e9giumi szob\u00e1d id\u0151tlen\u00fcl eleg\u00e1ns helly\u00e9 r\u00e9tegezett, semleges sz\u00ednekkel! Akaszd fel a finom t\u00fcnd\u00e9rf\u00e9nyeket az \u00e1gyad m\u00f6g\u00e9, ha valami izgalmasabbat szeretn\u00e9l a hagyom\u00e1nyos k\u00e9pekn\u00e9l. Adj hozz\u00e1 k\u00f6t\u00f6tt takar\u00f3t \u00e9s puha, kr\u00e9msz\u00edn\u0171 p\u00e1rn\u00e1kat a text\u00far\u00e1k kedv\u00e9\u00e9rt. Tipp: egy kis t\u00e1lc\u00e1n az \u00e9jjeliszekr\u00e9nyen sz\u00e9pen rendszerezheted a legfontosabb dolgaid, \u00edgy a tiszta, rendezett st\u00edlus megmarad.<\/p>\n<h2>Minimalista, funkcion\u00e1lis h\u00e1l\u00f3szoba<\/h2>\n<p><img loading=\"lazy\" decoding=\"async\" width=\"700\" height=\"1049\" alt=\"Hangulatos, minimalista h\u00e1l\u00f3szoba feh\u00e9r \u00e1gynem\u0171vel, fa padl\u00f3val, kompakt \u00edr\u00f3asztallal \u00e9s nagy ablakon be\u00e1rad\u00f3 term\u00e9szetes f\u00e9nnyel.\" class=\"aligncenter size-full wp-image-6059\" src=\"https:\/\/doubletakedecor.com\/uploads\/2025\/08\/cozy-dorm-room-aesthetic-dtd-12.jpg\" srcset=\"https:\/\/doubletakedecor.com\/uploads\/2025\/08\/cozy-dorm-room-aesthetic-dtd-12.jpg 700w, https:\/\/doubletakedecor.com\/uploads\/2025\/08\/cozy-dorm-room-aesthetic-dtd-12-200x300.jpg 200w, https:\/\/doubletakedecor.com\/uploads\/2025\/08\/cozy-dorm-room-aesthetic-dtd-12-683x1024.jpg 683w, https:\/\/doubletakedecor.com\/uploads\/2025\/08\/cozy-dorm-room-aesthetic-dtd-12-96x144.jpg 96w, https:\/\/doubletakedecor.com\/uploads\/2025\/08\/cozy-dorm-room-aesthetic-dtd-12-280x420.jpg 280w, https:\/\/doubletakedecor.com\/uploads\/2025\/08\/cozy-dorm-room-aesthetic-dtd-12-320x480.jpg 320w, https:\/\/doubletakedecor.com\/uploads\/2025\/08\/cozy-dorm-room-aesthetic-dtd-12-360x539.jpg 360w, https:\/\/doubletakedecor.com\/uploads\/2025\/08\/cozy-dorm-room-aesthetic-dtd-12-363x544.jpg 363w, https:\/\/doubletakedecor.com\/uploads\/2025\/08\/cozy-dorm-room-aesthetic-dtd-12-370x554.jpg 370w, https:\/\/doubletakedecor.com\/uploads\/2025\/08\/cozy-dorm-room-aesthetic-dtd-12-400x599.jpg 400w, https:\/\/doubletakedecor.com\/uploads\/2025\/08\/cozy-dorm-room-aesthetic-dtd-12-560x839.jpg 560w, https:\/\/doubletakedecor.com\/uploads\/2025\/08\/cozy-dorm-room-aesthetic-dtd-12-480x719.jpg 480w\" sizes=\"auto, (max-width: 700px) 100vw, 700px\" \/><\/p>\n<p>Legyen szob\u00e1d vil\u00e1gos \u00e9s t\u00e1gas! Kombin\u00e1ld a feh\u00e9r \u00e1gynem\u0171t textur\u00e1lt takar\u00f3val \u00e9s pasztelles p\u00e1rn\u00e1kkal. Tegy\u00e9l egy kisebb \u00edr\u00f3asztalt az ablak mell\u00e9, hogy sok term\u00e9szetes f\u00e9ny seg\u00edtsen a tanul\u00e1sban. Egy kis n\u00f6v\u00e9ny \u00e9letet visz a sarokba. Szem\u00e9lyess\u00e9 teheted a teret bekeretezett k\u00e9pekkel \u00e9s nyitott polcokkal, mik\u00f6zben letisztult \u00e9s rendezett marad az \u00f6sszhat\u00e1s.<\/p>\n<h2>Pasztell r\u00f3zsasz\u00edn, n\u0151ies h\u00e1l\u00f3szoba<\/h2>\n<p><img loading=\"lazy\" decoding=\"async\" width=\"700\" height=\"1050\" alt=\"Hangulatos h\u00e1l\u00f3szoba pasztell r\u00f3zsasz\u00edn \u00e9s feh\u00e9r dekorral, hull\u00e1mos fejt\u00e1ml\u00e1val, puha \u00e1gynem\u0171vel, d\u00edszp\u00e1rn\u00e1kkal \u00e9s vir\u00e1gos tap\u00e9t\u00e1val.\" class=\"aligncenter size-full wp-image-6065\" src=\"https:\/\/doubletakedecor.com\/uploads\/2025\/08\/cozy-dorm-room-aesthetic-dtd-13.jpg\" srcset=\"https:\/\/doubletakedecor.com\/uploads\/2025\/08\/cozy-dorm-room-aesthetic-dtd-13.jpg 700w, https:\/\/doubletakedecor.com\/uploads\/2025\/08\/cozy-dorm-room-aesthetic-dtd-13-200x300.jpg 200w, https:\/\/doubletakedecor.com\/uploads\/2025\/08\/cozy-dorm-room-aesthetic-dtd-13-683x1024.jpg 683w, https:\/\/doubletakedecor.com\/uploads\/2025\/08\/cozy-dorm-room-aesthetic-dtd-13-96x144.jpg 96w, https:\/\/doubletakedecor.com\/uploads\/2025\/08\/cozy-dorm-room-aesthetic-dtd-13-280x420.jpg 280w, https:\/\/doubletakedecor.com\/uploads\/2025\/08\/cozy-dorm-room-aesthetic-dtd-13-320x480.jpg 320w, https:\/\/doubletakedecor.com\/uploads\/2025\/08\/cozy-dorm-room-aesthetic-dtd-13-360x540.jpg 360w, https:\/\/doubletakedecor.com\/uploads\/2025\/08\/cozy-dorm-room-aesthetic-dtd-13-363x545.jpg 363w, https:\/\/doubletakedecor.com\/uploads\/2025\/08\/cozy-dorm-room-aesthetic-dtd-13-370x555.jpg 370w, https:\/\/doubletakedecor.com\/uploads\/2025\/08\/cozy-dorm-room-aesthetic-dtd-13-400x600.jpg 400w, https:\/\/doubletakedecor.com\/uploads\/2025\/08\/cozy-dorm-room-aesthetic-dtd-13-560x840.jpg 560w, https:\/\/doubletakedecor.com\/uploads\/2025\/08\/cozy-dorm-room-aesthetic-dtd-13-480x720.jpg 480w\" sizes=\"auto, (max-width: 700px) 100vw, 700px\" \/><\/p>\n<p>Alak\u00edtsd \u00e1t koll\u00e9giumi szob\u00e1dat egy b\u00e9k\u00e9s o\u00e1ziss\u00e1 ezzel a pasztell sz\u00ednvil\u00e1ggal! R\u00e9tegezd a feh\u00e9r puha \u00e1gynem\u0171t r\u00f3zsasz\u00edn d\u00edsz\u00edt\u00e9sekkel \u00e9s mint\u00e1s p\u00e1rn\u00e1kkal, hogy legyen m\u00e9lys\u00e9ge a t\u00e9rnek. V\u00e1lassz olyan t\u00e1rol\u00f3kat, melyek egyszerre praktikusak \u00e9s d\u00edsz\u00edt\u0151elemk\u00e9nt is m\u0171k\u00f6dnek. Bekeretezett k\u00e9pekkel \u00e9s egy kis t\u00fck\u00f6rrel teheted egyediv\u00e9 a szob\u00e1d. A vir\u00e1gos tap\u00e9ta \u00f6sszefogja a st\u00edlust \u00e9s bar\u00e1ts\u00e1gos hangulatot teremt.<\/p>\n<h2>K\u00e9t\u00e1gyas szoba \u00f6sszehangolt dekorral<\/h2>\n<p><img loading=\"lazy\" decoding=\"async\" width=\"700\" height=\"1050\" alt=\"K\u00f6z\u00f6s koll\u00e9giumi szoba k\u00e9t \u00e1ggyal, k\u00e9k \u00e1gynem\u0171vel, geometriai mint\u00e1s sz\u0151nyeggel \u00e9s k\u00f6z\u00f6s \u00e9jjeliszekr\u00e9nnyel, amit ablakf\u00e9ny \u00e9s t\u00fcnd\u00e9rf\u00e9nyek vil\u00e1g\u00edtanak meg.\" class=\"aligncenter size-full wp-image-6071\" src=\"https:\/\/doubletakedecor.com\/uploads\/2025\/08\/cozy-dorm-room-aesthetic-dtd-14.jpg\" srcset=\"https:\/\/doubletakedecor.com\/uploads\/2025\/08\/cozy-dorm-room-aesthetic-dtd-14.jpg 700w, https:\/\/doubletakedecor.com\/uploads\/2025\/08\/cozy-dorm-room-aesthetic-dtd-14-200x300.jpg 200w, https:\/\/doubletakedecor.com\/uploads\/2025\/08\/cozy-dorm-room-aesthetic-dtd-14-683x1024.jpg 683w, https:\/\/doubletakedecor.com\/uploads\/2025\/08\/cozy-dorm-room-aesthetic-dtd-14-96x144.jpg 96w, https:\/\/doubletakedecor.com\/uploads\/2025\/08\/cozy-dorm-room-aesthetic-dtd-14-280x420.jpg 280w, https:\/\/doubletakedecor.com\/uploads\/2025\/08\/cozy-dorm-room-aesthetic-dtd-14-320x480.jpg 320w, https:\/\/doubletakedecor.com\/uploads\/2025\/08\/cozy-dorm-room-aesthetic-dtd-14-360x540.jpg 360w, https:\/\/doubletakedecor.com\/uploads\/2025\/08\/cozy-dorm-room-aesthetic-dtd-14-363x545.jpg 363w, https:\/\/doubletakedecor.com\/uploads\/2025\/08\/cozy-dorm-room-aesthetic-dtd-14-370x555.jpg 370w, https:\/\/doubletakedecor.com\/uploads\/2025\/08\/cozy-dorm-room-aesthetic-dtd-14-400x600.jpg 400w, https:\/\/doubletakedecor.com\/uploads\/2025\/08\/cozy-dorm-room-aesthetic-dtd-14-560x840.jpg 560w, https:\/\/doubletakedecor.com\/uploads\/2025\/08\/cozy-dorm-room-aesthetic-dtd-14-480x720.jpg 480w\" sizes=\"auto, (max-width: 700px) 100vw, 700px\" \/><\/p>\n<p>Hozd ki a legt\u00f6bbet a k\u00f6z\u00f6s koll\u00e9giumi szob\u00e1b\u00f3l: helyezd el a k\u00e9t \u00e1gyat p\u00e1rhuzamosan, \u00f6sszeill\u0151 \u00e1gynem\u0171kkel! Egy kompakt \u00e9jjeliszekr\u00e9ny j\u00f3l j\u00f6n k\u00f6z\u00e9pre, \u00edgy mindkett\u0151t\u00f6k sz\u00e1m\u00e1ra t\u00e1rol\u00f3helyet jelent. Egy geometriai sz\u0151nyeg seg\u00edt elv\u00e1lasztani a r\u00e9szeket. T\u00fcnd\u00e9rf\u00e9nyekkel \u00e9s egyszer\u0171 falik\u00e9pekkel var\u00e1zslatoss\u00e1 \u00e9s otthonoss\u00e1 teheted a szob\u00e1t. Semleges sz\u00ednek, n\u00e9h\u00e1ny \u00e9l\u00e9nk p\u00e1rna garant\u00e1lja, hogy mindk\u00e9t lak\u00f3 j\u00f3l \u00e9rezze mag\u00e1t.<\/p>\n<h2>Eleg\u00e1ns \u00e9jjeliszekr\u00e9ny \u00f6tlet<\/h2>\n<p><img loading=\"lazy\" decoding=\"async\" width=\"700\" height=\"1050\" alt=\"Feh\u00e9r, panelezett \u00e9jjeliszekr\u00e9ny modern arany l\u00e1mp\u00e1kkal, sz\u00fcrke kasp\u00f3ban r\u00f3zsasz\u00edn tulip\u00e1nnal, fa spalett\u00e1k el\u0151tt \u00e9s puha sz\u0151nyegen.\" class=\"aligncenter size-full wp-image-6077\" src=\"https:\/\/doubletakedecor.com\/uploads\/2025\/08\/cozy-dorm-room-aesthetic-dtd-15.jpg\" srcset=\"https:\/\/doubletakedecor.com\/uploads\/2025\/08\/cozy-dorm-room-aesthetic-dtd-15.jpg 700w, https:\/\/doubletakedecor.com\/uploads\/2025\/08\/cozy-dorm-room-aesthetic-dtd-15-200x300.jpg 200w, https:\/\/doubletakedecor.com\/uploads\/2025\/08\/cozy-dorm-room-aesthetic-dtd-15-683x1024.jpg 683w, https:\/\/doubletakedecor.com\/uploads\/2025\/08\/cozy-dorm-room-aesthetic-dtd-15-96x144.jpg 96w, https:\/\/doubletakedecor.com\/uploads\/2025\/08\/cozy-dorm-room-aesthetic-dtd-15-280x420.jpg 280w, https:\/\/doubletakedecor.com\/uploads\/2025\/08\/cozy-dorm-room-aesthetic-dtd-15-320x480.jpg 320w, https:\/\/doubletakedecor.com\/uploads\/2025\/08\/cozy-dorm-room-aesthetic-dtd-15-360x540.jpg 360w, https:\/\/doubletakedecor.com\/uploads\/2025\/08\/cozy-dorm-room-aesthetic-dtd-15-363x545.jpg 363w, https:\/\/doubletakedecor.com\/uploads\/2025\/08\/cozy-dorm-room-aesthetic-dtd-15-370x555.jpg 370w, https:\/\/doubletakedecor.com\/uploads\/2025\/08\/cozy-dorm-room-aesthetic-dtd-15-400x600.jpg 400w, https:\/\/doubletakedecor.com\/uploads\/2025\/08\/cozy-dorm-room-aesthetic-dtd-15-560x840.jpg 560w, https:\/\/doubletakedecor.com\/uploads\/2025\/08\/cozy-dorm-room-aesthetic-dtd-15-480x720.jpg 480w\" sizes=\"auto, (max-width: 700px) 100vw, 700px\" \/><\/p>\n<p>Friss\u00edtsd fel a szob\u00e1d egy st\u00edlusos, rendezett \u00e9jjeliszekr\u00e9nnyel! V\u00e1lassz feh\u00e9r, panelezett szekr\u00e9nyt, ami eleg\u00e1ns \u00e9s sok dolgot elnyel. K\u00e9t, arany keretes, textilbur\u00e1s l\u00e1mpa meghitt f\u00e9nyt ad. Egy textur\u00e1lt kasp\u00f3ban n\u00e9h\u00e1ny friss vir\u00e1g \u00e9letet visz az \u00e9jjeliszekr\u00e9nyre. Ez az \u00f6ssze\u00e1ll\u00edt\u00e1s egyszerre praktikus \u00e9s kifinomult, igazi d\u00edsze lesz a szob\u00e1dnak!<\/p>\n<h2>Harmonikus tenger\u00e9szk\u00e9k-sz\u00fcrke h\u00e1l\u00f3szoba<\/h2>\n<p><img loading=\"lazy\" decoding=\"async\" width=\"700\" height=\"1050\" alt=\"Hangulatos h\u00e1l\u00f3szoba tenger\u00e9szk\u00e9k \u00e1gynem\u0171vel, f\u00e1b\u00f3l k\u00e9sz\u00fclt b\u00fatorokkal, sz\u00fcrke sz\u0151nyeggel, term\u00e9szetes f\u00e9nnyel \u00e9s praktikus tanul\u00f3sarokkal szem\u00e9lyes dekorral.\" class=\"aligncenter size-full wp-image-6083\" src=\"https:\/\/doubletakedecor.com\/uploads\/2025\/08\/cozy-dorm-room-aesthetic-dtd-16.jpg\" srcset=\"https:\/\/doubletakedecor.com\/uploads\/2025\/08\/cozy-dorm-room-aesthetic-dtd-16.jpg 700w, https:\/\/doubletakedecor.com\/uploads\/2025\/08\/cozy-dorm-room-aesthetic-dtd-16-200x300.jpg 200w, https:\/\/doubletakedecor.com\/uploads\/2025\/08\/cozy-dorm-room-aesthetic-dtd-16-683x1024.jpg 683w, https:\/\/doubletakedecor.com\/uploads\/2025\/08\/cozy-dorm-room-aesthetic-dtd-16-96x144.jpg 96w, https:\/\/doubletakedecor.com\/uploads\/2025\/08\/cozy-dorm-room-aesthetic-dtd-16-280x420.jpg 280w, https:\/\/doubletakedecor.com\/uploads\/2025\/08\/cozy-dorm-room-aesthetic-dtd-16-320x480.jpg 320w, https:\/\/doubletakedecor.com\/uploads\/2025\/08\/cozy-dorm-room-aesthetic-dtd-16-360x540.jpg 360w, https:\/\/doubletakedecor.com\/uploads\/2025\/08\/cozy-dorm-room-aesthetic-dtd-16-363x545.jpg 363w, https:\/\/doubletakedecor.com\/uploads\/2025\/08\/cozy-dorm-room-aesthetic-dtd-16-370x555.jpg 370w, https:\/\/doubletakedecor.com\/uploads\/2025\/08\/cozy-dorm-room-aesthetic-dtd-16-400x600.jpg 400w, https:\/\/doubletakedecor.com\/uploads\/2025\/08\/cozy-dorm-room-aesthetic-dtd-16-560x840.jpg 560w, https:\/\/doubletakedecor.com\/uploads\/2025\/08\/cozy-dorm-room-aesthetic-dtd-16-480x720.jpg 480w\" sizes=\"auto, (max-width: 700px) 100vw, 700px\" \/><\/p>\n<p>Alak\u00edtsd ki a szob\u00e1dban a tanul\u00e1s \u00e9s a pihen\u00e9s hely\u00e9t is! Kombin\u00e1ld a tenger\u00e9szk\u00e9k \u00e1gynem\u0171t sz\u00fcrke kieg\u00e9sz\u00edt\u0151kkel, hogy st\u00edlusos hangulatot teremts. Az asztalt tedd az \u00e1gyaddal szemben, \u00edgy k\u00fcl\u00f6n v\u00e1lik a tanul\u00f3- \u00e9s alv\u00f3r\u00e9sz. Fonott t\u00e1rol\u00f3k az \u00e9jjeliszekr\u00e9ny alatt j\u00f3l elrejtenek mindent, de k\u00f6zben j\u00f3l is mutatnak. D\u00edsz\u00edtsd a falakat k\u00e9pekkel \u00e9s inspir\u00e1ci\u00f3s t\u00e1bl\u00e1val, hogy igaz\u00e1n saj\u00e1t szob\u00e1d legyen!<\/p>\n<h2>Rusztikus h\u00e1l\u00f3szoba p\u00faderes r\u00e9szletekkel<\/h2>\n<p><img loading=\"lazy\" decoding=\"async\" width=\"700\" height=\"1050\" alt=\"Meghitt h\u00e1l\u00f3szoba feh\u00e9r \u00e9s p\u00fader \u00e1rnyalat\u00fa \u00e1gynem\u0171vel, fa fejt\u00e1ml\u00e1val, szarvasos k\u00e9ppel, minimalista \u00e9jjeliszekr\u00e9nnyel \u00e9s bar\u00e1ts\u00e1gos textilekkel.\" class=\"aligncenter size-full wp-image-6089\" src=\"https:\/\/doubletakedecor.com\/uploads\/2025\/08\/cozy-dorm-room-aesthetic-dtd-17.jpg\" srcset=\"https:\/\/doubletakedecor.com\/uploads\/2025\/08\/cozy-dorm-room-aesthetic-dtd-17.jpg 700w, https:\/\/doubletakedecor.com\/uploads\/2025\/08\/cozy-dorm-room-aesthetic-dtd-17-200x300.jpg 200w, https:\/\/doubletakedecor.com\/uploads\/2025\/08\/cozy-dorm-room-aesthetic-dtd-17-683x1024.jpg 683w, https:\/\/doubletakedecor.com\/uploads\/2025\/08\/cozy-dorm-room-aesthetic-dtd-17-96x144.jpg 96w, https:\/\/doubletakedecor.com\/uploads\/2025\/08\/cozy-dorm-room-aesthetic-dtd-17-280x420.jpg 280w, https:\/\/doubletakedecor.com\/uploads\/2025\/08\/cozy-dorm-room-aesthetic-dtd-17-320x480.jpg 320w, https:\/\/doubletakedecor.com\/uploads\/2025\/08\/cozy-dorm-room-aesthetic-dtd-17-360x540.jpg 360w, https:\/\/doubletakedecor.com\/uploads\/2025\/08\/cozy-dorm-room-aesthetic-dtd-17-363x545.jpg 363w, https:\/\/doubletakedecor.com\/uploads\/2025\/08\/cozy-dorm-room-aesthetic-dtd-17-370x555.jpg 370w, https:\/\/doubletakedecor.com\/uploads\/2025\/08\/cozy-dorm-room-aesthetic-dtd-17-400x600.jpg 400w, https:\/\/doubletakedecor.com\/uploads\/2025\/08\/cozy-dorm-room-aesthetic-dtd-17-560x840.jpg 560w, https:\/\/doubletakedecor.com\/uploads\/2025\/08\/cozy-dorm-room-aesthetic-dtd-17-480x720.jpg 480w\" sizes=\"auto, (max-width: 700px) 100vw, 700px\" \/><\/p>\n<p>Var\u00e1zsolj csendes mened\u00e9ket a szob\u00e1db\u00f3l r\u00e9teges text\u00far\u00e1kkal, p\u00e9ld\u00e1ul egy bolyhos puffal \u00e9s fonott falid\u00edsszel! Puha p\u00fadersz\u00ednek \u00e9s semleges feh\u00e9r \u00e1rnyalatok egy\u00fctt kellemes egyens\u00falyt hoznak. Tipp: tegy\u00e9l ki egy l\u00e1tv\u00e1nyos k\u00e9pet, ami igaz\u00e1n t\u00fckr\u00f6zi a szem\u00e9lyis\u00e9ged, \u00e9s ne feledkezz meg a n\u00f6v\u00e9nyekr\u0151l sem, hogy frissebb\u00e9, eg\u00e9szs\u00e9gesebb\u00e9 v\u00e1ljon a leveg\u0151!<\/p>\n<h2>Minimalista, semleges h\u00e1l\u00f3szoba mened\u00e9k<\/h2>\n<p><img loading=\"lazy\" decoding=\"async\" width=\"700\" height=\"1050\" alt=\"Hangulatos koll\u00e9giumi szoba r\u00e9tegezett \u00e1gynem\u0171vel, fonott f\u00fcgg\u0151l\u00e1mp\u00e1val, fa \u00e9jjeliszekr\u00e9nnyel \u00e9s letisztult tanul\u00f3sarokkal, amely megnyugtat\u00f3 \u00f6sszhat\u00e1st ad.\" class=\"aligncenter size-full wp-image-6095\" src=\"https:\/\/doubletakedecor.com\/uploads\/2025\/08\/cozy-dorm-room-aesthetic-dtd-18.jpg\" srcset=\"https:\/\/doubletakedecor.com\/uploads\/2025\/08\/cozy-dorm-room-aesthetic-dtd-18.jpg 700w, https:\/\/doubletakedecor.com\/uploads\/2025\/08\/cozy-dorm-room-aesthetic-dtd-18-200x300.jpg 200w, https:\/\/doubletakedecor.com\/uploads\/2025\/08\/cozy-dorm-room-aesthetic-dtd-18-683x1024.jpg 683w, https:\/\/doubletakedecor.com\/uploads\/2025\/08\/cozy-dorm-room-aesthetic-dtd-18-96x144.jpg 96w, https:\/\/doubletakedecor.com\/uploads\/2025\/08\/cozy-dorm-room-aesthetic-dtd-18-280x420.jpg 280w, https:\/\/doubletakedecor.com\/uploads\/2025\/08\/cozy-dorm-room-aesthetic-dtd-18-320x480.jpg 320w, https:\/\/doubletakedecor.com\/uploads\/2025\/08\/cozy-dorm-room-aesthetic-dtd-18-360x540.jpg 360w, https:\/\/doubletakedecor.com\/uploads\/2025\/08\/cozy-dorm-room-aesthetic-dtd-18-363x545.jpg 363w, https:\/\/doubletakedecor.com\/uploads\/2025\/08\/cozy-dorm-room-aesthetic-dtd-18-370x555.jpg 370w, https:\/\/doubletakedecor.com\/uploads\/2025\/08\/cozy-dorm-room-aesthetic-dtd-18-400x600.jpg 400w, https:\/\/doubletakedecor.com\/uploads\/2025\/08\/cozy-dorm-room-aesthetic-dtd-18-560x840.jpg 560w, https:\/\/doubletakedecor.com\/uploads\/2025\/08\/cozy-dorm-room-aesthetic-dtd-18-480x720.jpg 480w\" sizes=\"auto, (max-width: 700px) 100vw, 700px\" \/><\/p>\n<p>Alak\u00edtsd ki saj\u00e1t nyugodt sarkodat semleges sz\u00ednekkel: feh\u00e9rrel, sz\u00fcrk\u00e9vel! R\u00e9tegezd a k\u00fcl\u00f6nb\u00f6z\u0151 text\u00far\u00e1j\u00fa p\u00e1rn\u00e1kat \u00e9s egy puha takar\u00f3t, \u00edgy m\u00e9g k\u00e9nyelmesebb lesz minden. A term\u00e9szetes anyagok, mint a fonott l\u00e1mpa vagy fa b\u00fator, melegs\u00e9get visznek a szob\u00e1ba. Egy apr\u00f3 \u00edr\u00f3asztal, n\u00e9h\u00e1ny z\u00f6ld n\u00f6v\u00e9ny feldobja a helyet, \u00edgy stresszmentes, harmonikus k\u00f6rnyezet v\u00e1r r\u00e1d nap mint nap.<\/p>\n<h2>Nyugodt, term\u00e9szetes hangulat\u00fa h\u00e1l\u00f3szoba<\/h2>\n<p><img loading=\"lazy\" decoding=\"async\" width=\"700\" height=\"1050\" alt=\"Vil\u00e1gos koll\u00e9giumi szoba feh\u00e9r \u00e1gynem\u0171vel, makram\u00e9 falid\u00edsszel, fonott kos\u00e1rral \u00e9s rattan sz\u00e9kkel, amelyek modern boho st\u00edlust adnak.\" class=\"aligncenter size-full wp-image-6101\" src=\"https:\/\/doubletakedecor.com\/uploads\/2025\/08\/cozy-dorm-room-aesthetic-dtd-19.jpg\" srcset=\"https:\/\/doubletakedecor.com\/uploads\/2025\/08\/cozy-dorm-room-aesthetic-dtd-19.jpg 700w, https:\/\/doubletakedecor.com\/uploads\/2025\/08\/cozy-dorm-room-aesthetic-dtd-19-200x300.jpg 200w, https:\/\/doubletakedecor.com\/uploads\/2025\/08\/cozy-dorm-room-aesthetic-dtd-19-683x1024.jpg 683w, https:\/\/doubletakedecor.com\/uploads\/2025\/08\/cozy-dorm-room-aesthetic-dtd-19-96x144.jpg 96w, https:\/\/doubletakedecor.com\/uploads\/2025\/08\/cozy-dorm-room-aesthetic-dtd-19-280x420.jpg 280w, https:\/\/doubletakedecor.com\/uploads\/2025\/08\/cozy-dorm-room-aesthetic-dtd-19-320x480.jpg 320w, https:\/\/doubletakedecor.com\/uploads\/2025\/08\/cozy-dorm-room-aesthetic-dtd-19-360x540.jpg 360w, https:\/\/doubletakedecor.com\/uploads\/2025\/08\/cozy-dorm-room-aesthetic-dtd-19-363x545.jpg 363w, https:\/\/doubletakedecor.com\/uploads\/2025\/08\/cozy-dorm-room-aesthetic-dtd-19-370x555.jpg 370w, https:\/\/doubletakedecor.com\/uploads\/2025\/08\/cozy-dorm-room-aesthetic-dtd-19-400x600.jpg 400w, https:\/\/doubletakedecor.com\/uploads\/2025\/08\/cozy-dorm-room-aesthetic-dtd-19-560x840.jpg 560w, https:\/\/doubletakedecor.com\/uploads\/2025\/08\/cozy-dorm-room-aesthetic-dtd-19-480x720.jpg 480w\" sizes=\"auto, (max-width: 700px) 100vw, 700px\" \/><\/p>\n<p>K\u00f6nnyen csendes mened\u00e9kk\u00e9 var\u00e1zsolhatod a szob\u00e1dat, ha feh\u00e9r az alapsz\u00edn. Vigy\u00e9l bele text\u00far\u00e1kat makram\u00e9 fali d\u00edszekkel \u00e9s fonott kosarakkal. N\u00f6v\u00e9nyek frissess\u00e9get \u00e9s term\u00e9szetess\u00e9get adnak. R\u00e9tegezd az \u00e1gynem\u0171t egyszer\u0171 anyagokkal, p\u00e1r d\u00edszp\u00e1rn\u00e1val. Egy k\u00fcl\u00f6nleges sz\u00e9k praktikus \u00e9s dekorat\u00edv is lehet egyszerre. Visszafogott k\u00e9pekkel szem\u00e9lyess\u00e9 teheted a szob\u00e1d, meg\u0151rizve a b\u00e9k\u00e9s, letisztult hangulatot.<\/p>\n<h2>Kellemes z\u00f6ld h\u00e1l\u00f3szobai mened\u00e9k<\/h2>\n<p><img loading=\"lazy\" decoding=\"async\" width=\"700\" height=\"1040\" alt=\"Hangulatos koll\u00e9giumi szoba puha z\u00f6ld falakkal, r\u00e9tegezett \u00e1ggyal textur\u00e1lt p\u00e1rn\u00e1kkal, f\u00e1b\u00f3l k\u00e9sz\u00fclt \u00e9jjeliszekr\u00e9nnyel \u00e9s st\u00edlusos kieg\u00e9sz\u00edt\u0151kkel.\" class=\"aligncenter size-full wp-image-6107\" src=\"https:\/\/doubletakedecor.com\/uploads\/2025\/08\/cozy-dorm-room-aesthetic-dtd-20.jpg\" srcset=\"https:\/\/doubletakedecor.com\/uploads\/2025\/08\/cozy-dorm-room-aesthetic-dtd-20.jpg 700w, https:\/\/doubletakedecor.com\/uploads\/2025\/08\/cozy-dorm-room-aesthetic-dtd-20-202x300.jpg 202w, https:\/\/doubletakedecor.com\/uploads\/2025\/08\/cozy-dorm-room-aesthetic-dtd-20-689x1024.jpg 689w, https:\/\/doubletakedecor.com\/uploads\/2025\/08\/cozy-dorm-room-aesthetic-dtd-20-96x143.jpg 96w, https:\/\/doubletakedecor.com\/uploads\/2025\/08\/cozy-dorm-room-aesthetic-dtd-20-280x416.jpg 280w, https:\/\/doubletakedecor.com\/uploads\/2025\/08\/cozy-dorm-room-aesthetic-dtd-20-320x475.jpg 320w, https:\/\/doubletakedecor.com\/uploads\/2025\/08\/cozy-dorm-room-aesthetic-dtd-20-360x535.jpg 360w, https:\/\/doubletakedecor.com\/uploads\/2025\/08\/cozy-dorm-room-aesthetic-dtd-20-363x539.jpg 363w, https:\/\/doubletakedecor.com\/uploads\/2025\/08\/cozy-dorm-room-aesthetic-dtd-20-370x550.jpg 370w, https:\/\/doubletakedecor.com\/uploads\/2025\/08\/cozy-dorm-room-aesthetic-dtd-20-400x594.jpg 400w, https:\/\/doubletakedecor.com\/uploads\/2025\/08\/cozy-dorm-room-aesthetic-dtd-20-560x832.jpg 560w, https:\/\/doubletakedecor.com\/uploads\/2025\/08\/cozy-dorm-room-aesthetic-dtd-20-480x713.jpg 480w\" sizes=\"auto, (max-width: 700px) 100vw, 700px\" \/><\/p>\n<p>Alak\u00edtsd \u00e1t szob\u00e1d igazi nyugalomszigett\u00e9: v\u00e1lassz puha z\u00f6ld falat feh\u00e9r lamb\u00e9ri\u00e1val p\u00e1ros\u00edtva. Az \u00e1gyat d\u00edsz\u00edtsd k\u00fcl\u00f6nf\u00e9le mint\u00e1s \u00e9s textur\u00e1lt p\u00e1rn\u00e1kkal, egy meleg takar\u00f3val. Praktikus darabok, pl. fa \u00e9jjeliszekr\u00e9ny, f\u00e9m l\u00e1mpa \u00e9s sz\u00e1r\u00edtott vir\u00e1gok seg\u00edtenek fenntartani a letisztult \u00e9s otthonos \u00f6sszhat\u00e1st, mik\u00f6zben hat\u00e9konyan kihaszn\u00e1lod a helyet.<\/p>\n<h2>Vil\u00e1gos \u00e9s t\u00e1gas h\u00e1l\u00f3szobai mened\u00e9k<\/h2>\n<p><img loading=\"lazy\" decoding=\"async\" width=\"700\" height=\"1049\" alt=\"Nyugodt, feh\u00e9r h\u00e1l\u00f3szoba fa \u00e1gykerettel, puha r\u00f3zsasz\u00edn p\u00e1rn\u00e1kkal, minimalista k\u00e9ppel \u00e9s r\u00e9z l\u00e1mp\u00e1val, amelyek bar\u00e1ts\u00e1gos koll\u00e9giumi hangulatot hoznak.\" class=\"aligncenter size-full wp-image-6113\" src=\"https:\/\/doubletakedecor.com\/uploads\/2025\/08\/cozy-dorm-room-aesthetic-dtd-21.jpg\" srcset=\"https:\/\/doubletakedecor.com\/uploads\/2025\/08\/cozy-dorm-room-aesthetic-dtd-21.jpg 700w, https:\/\/doubletakedecor.com\/uploads\/2025\/08\/cozy-dorm-room-aesthetic-dtd-21-200x300.jpg 200w, https:\/\/doubletakedecor.com\/uploads\/2025\/08\/cozy-dorm-room-aesthetic-dtd-21-683x1024.jpg 683w, https:\/\/doubletakedecor.com\/uploads\/2025\/08\/cozy-dorm-room-aesthetic-dtd-21-96x144.jpg 96w, https:\/\/doubletakedecor.com\/uploads\/2025\/08\/cozy-dorm-room-aesthetic-dtd-21-280x420.jpg 280w, https:\/\/doubletakedecor.com\/uploads\/2025\/08\/cozy-dorm-room-aesthetic-dtd-21-320x480.jpg 320w, https:\/\/doubletakedecor.com\/uploads\/2025\/08\/cozy-dorm-room-aesthetic-dtd-21-360x539.jpg 360w, https:\/\/doubletakedecor.com\/uploads\/2025\/08\/cozy-dorm-room-aesthetic-dtd-21-363x544.jpg 363w, https:\/\/doubletakedecor.com\/uploads\/2025\/08\/cozy-dorm-room-aesthetic-dtd-21-370x554.jpg 370w, https:\/\/doubletakedecor.com\/uploads\/2025\/08\/cozy-dorm-room-aesthetic-dtd-21-400x599.jpg 400w, https:\/\/doubletakedecor.com\/uploads\/2025\/08\/cozy-dorm-room-aesthetic-dtd-21-560x839.jpg 560w, https:\/\/doubletakedecor.com\/uploads\/2025\/08\/cozy-dorm-room-aesthetic-dtd-21-480x719.jpg 480w\" sizes=\"auto, (max-width: 700px) 100vw, 700px\" \/><\/p>\n<p>Feh\u00e9r falakkal leny\u0171g\u00f6z\u0151, nyugodt b\u00e1zist teremthetsz a szob\u00e1dban. Tegy\u00e9l egy puha, nat\u00far sz\u0151nyeget az \u00e1gyad al\u00e1, majd igaz\u00e1n meleg hat\u00e1st ad egy bolyhos feh\u00e9r paplan, amit r\u00f3zsasz\u00edn \u00e9s b\u00e9zs p\u00e1rn\u00e1kkal eg\u00e9sz\u00edtesz ki. Pr\u00f3b\u00e1ld ki a minimalista k\u00e9peket az \u00e1gy f\u00f6l\u00f6tt, valamint n\u00e9h\u00e1ny term\u00e9szetes d\u00edszt, p\u00e9ld\u00e1ul v\u00e1gott vir\u00e1gokat. Egy meleg f\u00e9nyt ad\u00f3 l\u00e1mpa pedig t\u00f6k\u00e9letes hangulatvil\u00e1g\u00edt\u00e1st teremt tanul\u00e1shoz vagy kikapcsol\u00f3d\u00e1shoz.<\/p>\n<h2>F\u00f6ldsz\u00ednek \u00e9s n\u00f6v\u00e9nyi dekor\u00e1ci\u00f3<\/h2>\n<p><img loading=\"lazy\" decoding=\"async\" width=\"700\" height=\"1050\" alt=\"Hangulatos koll\u00e9giumi szoba fekete f\u00e9m \u00e1gykerettel, z\u00f6ld \u00e9s narancsos d\u00edszekkel, n\u00f6v\u00e9nyes k\u00e9pekkel \u00e9s meleg fa padl\u00f3val, melyek st\u00edlusos mened\u00e9kk\u00e9 var\u00e1zsolj\u00e1k.\" class=\"aligncenter size-full wp-image-6119\" src=\"https:\/\/doubletakedecor.com\/uploads\/2025\/08\/cozy-dorm-room-aesthetic-dtd-22.jpg\" srcset=\"https:\/\/doubletakedecor.com\/uploads\/2025\/08\/cozy-dorm-room-aesthetic-dtd-22.jpg 700w, https:\/\/doubletakedecor.com\/uploads\/2025\/08\/cozy-dorm-room-aesthetic-dtd-22-200x300.jpg 200w, https:\/\/doubletakedecor.com\/uploads\/2025\/08\/cozy-dorm-room-aesthetic-dtd-22-683x1024.jpg 683w, https:\/\/doubletakedecor.com\/uploads\/2025\/08\/cozy-dorm-room-aesthetic-dtd-22-96x144.jpg 96w, https:\/\/doubletakedecor.com\/uploads\/2025\/08\/cozy-dorm-room-aesthetic-dtd-22-280x420.jpg 280w, https:\/\/doubletakedecor.com\/uploads\/2025\/08\/cozy-dorm-room-aesthetic-dtd-22-320x480.jpg 320w, https:\/\/doubletakedecor.com\/uploads\/2025\/08\/cozy-dorm-room-aesthetic-dtd-22-360x540.jpg 360w, https:\/\/doubletakedecor.com\/uploads\/2025\/08\/cozy-dorm-room-aesthetic-dtd-22-363x545.jpg 363w, https:\/\/doubletakedecor.com\/uploads\/2025\/08\/cozy-dorm-room-aesthetic-dtd-22-370x555.jpg 370w, https:\/\/doubletakedecor.com\/uploads\/2025\/08\/cozy-dorm-room-aesthetic-dtd-22-400x600.jpg 400w, https:\/\/doubletakedecor.com\/uploads\/2025\/08\/cozy-dorm-room-aesthetic-dtd-22-560x840.jpg 560w, https:\/\/doubletakedecor.com\/uploads\/2025\/08\/cozy-dorm-room-aesthetic-dtd-22-480x720.jpg 480w\" sizes=\"auto, (max-width: 700px) 100vw, 700px\" \/><\/p>\n<p>Teremts otthonos koll\u00e9giumi szob\u00e1t n\u00f6v\u00e9nyes k\u00e9pekkel \u00e9s olyan n\u00f6v\u00e9nyekkel, amik elvannak kev\u00e9s f\u00e9nyben is! A z\u00f6ld \u00e9s narancss\u00e1rga term\u00e9szetes \u00e1rnyalatokat semleges \u00e1gynem\u0171vel ellens\u00falyozd, \u00edgy igaz\u00e1n st\u00edlusos lesz a hely. R\u00e9tegezd a puha takar\u00f3kat, d\u00edszp\u00e1rn\u00e1kat, \u00edgy a szoba m\u00e9g bar\u00e1ts\u00e1gosabb. Kisebb helyeken is j\u00f3l j\u00f6n a t\u00f6bbfunkci\u00f3s b\u00fator, ami t\u00e1rol\u00e1sra \u00e9s d\u00edsz\u00edt\u00e9sre is j\u00f3.<\/p>\n<h2>Kock\u00e1s tenger\u00e9szk\u00e9k \u00e1gynem\u0171, fa bor\u00edt\u00e1s\u00fa fal<\/h2>\n<p><img loading=\"lazy\" decoding=\"async\" width=\"700\" height=\"1050\" alt=\"Hangulatos koll\u00e9giumi h\u00e1l\u00f3szoba tenger\u00e9szk\u00e9k kock\u00e1s \u00e1gynem\u0171vel, k\u00e9k p\u00e1rn\u00e1kkal, fa falburkolattal \u00e9s \u00edzl\u00e9ses, minimalista dekorral.\" class=\"aligncenter size-full wp-image-6125\" src=\"https:\/\/doubletakedecor.com\/uploads\/2025\/08\/cozy-dorm-room-aesthetic-dtd-23.jpg\" srcset=\"https:\/\/doubletakedecor.com\/uploads\/2025\/08\/cozy-dorm-room-aesthetic-dtd-23.jpg 700w, https:\/\/doubletakedecor.com\/uploads\/2025\/08\/cozy-dorm-room-aesthetic-dtd-23-200x300.jpg 200w, https:\/\/doubletakedecor.com\/uploads\/2025\/08\/cozy-dorm-room-aesthetic-dtd-23-683x1024.jpg 683w, https:\/\/doubletakedecor.com\/uploads\/2025\/08\/cozy-dorm-room-aesthetic-dtd-23-96x144.jpg 96w, https:\/\/doubletakedecor.com\/uploads\/2025\/08\/cozy-dorm-room-aesthetic-dtd-23-280x420.jpg 280w, https:\/\/doubletakedecor.com\/uploads\/2025\/08\/cozy-dorm-room-aesthetic-dtd-23-320x480.jpg 320w, https:\/\/doubletakedecor.com\/uploads\/2025\/08\/cozy-dorm-room-aesthetic-dtd-23-360x540.jpg 360w, https:\/\/doubletakedecor.com\/uploads\/2025\/08\/cozy-dorm-room-aesthetic-dtd-23-363x545.jpg 363w, https:\/\/doubletakedecor.com\/uploads\/2025\/08\/cozy-dorm-room-aesthetic-dtd-23-370x555.jpg 370w, https:\/\/doubletakedecor.com\/uploads\/2025\/08\/cozy-dorm-room-aesthetic-dtd-23-400x600.jpg 400w, https:\/\/doubletakedecor.com\/uploads\/2025\/08\/cozy-dorm-room-aesthetic-dtd-23-560x840.jpg 560w, https:\/\/doubletakedecor.com\/uploads\/2025\/08\/cozy-dorm-room-aesthetic-dtd-23-480x720.jpg 480w\" sizes=\"auto, (max-width: 700px) 100vw, 700px\" \/><\/p>\n<p>Alak\u00edtsd a szob\u00e1dat igazi mened\u00e9kk\u00e9: v\u00e1lassz tenger\u00e9szk\u00e9k kock\u00e1s \u00e1gynem\u0171t hozz\u00e1ill\u0151 p\u00e1rn\u00e1kkal. Ha melegs\u00e9get szeretn\u00e9l, pr\u00f3b\u00e1ld ki a levehet\u0151 fa falpaneleket az \u00e1gy m\u00f6g\u00f6tt \u2013 k\u00f6nny\u0171 felhelyezni \u00e9s nem \u00e1rt a falnak. Eg\u00e9sz\u00edtsd ki a l\u00e1tv\u00e1nyt visszafogott k\u00e9pekkel a falon, egy puha l\u00e1mp\u00e1val az \u00e1gy mellett, \u00e9s fonott t\u00e1rol\u00f3kkal, amelyek egyszerre sz\u00e9pek \u00e9s praktikusak.<\/p>\n<h2>Term\u00e9szet ihlette h\u00e1l\u00f3szobai sarok<\/h2>\n<p><img loading=\"lazy\" decoding=\"async\" width=\"700\" height=\"1050\" alt=\"Hangulatos koll\u00e9giumi h\u00e1l\u00f3szoba fa \u00e1gykerettel, feh\u00e9r takar\u00f3val, d\u00edszp\u00e1rn\u00e1kkal \u00e9s z\u00f6ld n\u00f6v\u00e9nyekkel, t\u00fcnd\u00e9rf\u00e9nyekkel d\u00edsz\u00edtett falon.\" class=\"aligncenter size-full wp-image-6131\" src=\"https:\/\/doubletakedecor.com\/uploads\/2025\/08\/cozy-dorm-room-aesthetic-dtd-24.jpg\" srcset=\"https:\/\/doubletakedecor.com\/uploads\/2025\/08\/cozy-dorm-room-aesthetic-dtd-24.jpg 700w, https:\/\/doubletakedecor.com\/uploads\/2025\/08\/cozy-dorm-room-aesthetic-dtd-24-200x300.jpg 200w, https:\/\/doubletakedecor.com\/uploads\/2025\/08\/cozy-dorm-room-aesthetic-dtd-24-683x1024.jpg 683w, https:\/\/doubletakedecor.com\/uploads\/2025\/08\/cozy-dorm-room-aesthetic-dtd-24-96x144.jpg 96w, https:\/\/doubletakedecor.com\/uploads\/2025\/08\/cozy-dorm-room-aesthetic-dtd-24-280x420.jpg 280w, https:\/\/doubletakedecor.com\/uploads\/2025\/08\/cozy-dorm-room-aesthetic-dtd-24-320x480.jpg 320w, https:\/\/doubletakedecor.com\/uploads\/2025\/08\/cozy-dorm-room-aesthetic-dtd-24-360x540.jpg 360w, https:\/\/doubletakedecor.com\/uploads\/2025\/08\/cozy-dorm-room-aesthetic-dtd-24-363x545.jpg 363w, https:\/\/doubletakedecor.com\/uploads\/2025\/08\/cozy-dorm-room-aesthetic-dtd-24-370x555.jpg 370w, https:\/\/doubletakedecor.com\/uploads\/2025\/08\/cozy-dorm-room-aesthetic-dtd-24-400x600.jpg 400w, https:\/\/doubletakedecor.com\/uploads\/2025\/08\/cozy-dorm-room-aesthetic-dtd-24-560x840.jpg 560w, https:\/\/doubletakedecor.com\/uploads\/2025\/08\/cozy-dorm-room-aesthetic-dtd-24-480x720.jpg 480w\" sizes=\"auto, (max-width: 700px) 100vw, 700px\" \/><\/p>\n<p>Vigy\u00e9l term\u00e9szetet a szob\u00e1dba: tekerd k\u00f6rbe az \u00e1gy feletti falon a m\u0171n\u00f6v\u00e9nyeket t\u00fcnd\u00e9rf\u00e9nyekkel! Maradj az egyszer\u0171, letisztult \u00e1gynem\u0171n\u00e9l, tegy\u00e9l hozz\u00e1 n\u00e9h\u00e1ny sz\u00ednes p\u00e1rn\u00e1t, hogy ne legyen unalmas. Ez a z\u00f6ldell\u0151, vil\u00e1g\u00edt\u00f3 dekor\u00e1ci\u00f3 bar\u00e1ts\u00e1gos tanul\u00f3sarkot \u00e9s pihentet\u0151 zugot is teremt. Tipp: a f\u00e9nyeket ragaszt\u00f3s akaszt\u00f3val r\u00f6gz\u00edtsd, hogy ne s\u00e9r\u00fclj\u00f6n a fal!<\/p>\n<h2>Meghitt, hangulatos h\u00e1l\u00f3szoba sarok<\/h2>\n<p><img loading=\"lazy\" decoding=\"async\" width=\"700\" height=\"1050\" alt=\"Hangulatos koll\u00e9giumi sarok feh\u00e9r \u00e1gynem\u0171vel, z\u00f6ld r\u00e9szletekkel, t\u00fcnd\u00e9rf\u00e9nyekkel \u00e9s st\u00edlusos \u00e9jjeliszekr\u00e9nnyel sz\u00fcrke sz\u0151nyegen.\" class=\"aligncenter size-full wp-image-6137\" src=\"https:\/\/doubletakedecor.com\/uploads\/2025\/08\/cozy-dorm-room-aesthetic-dtd-25.jpg\" srcset=\"https:\/\/doubletakedecor.com\/uploads\/2025\/08\/cozy-dorm-room-aesthetic-dtd-25.jpg 700w, https:\/\/doubletakedecor.com\/uploads\/2025\/08\/cozy-dorm-room-aesthetic-dtd-25-200x300.jpg 200w, https:\/\/doubletakedecor.com\/uploads\/2025\/08\/cozy-dorm-room-aesthetic-dtd-25-683x1024.jpg 683w, https:\/\/doubletakedecor.com\/uploads\/2025\/08\/cozy-dorm-room-aesthetic-dtd-25-96x144.jpg 96w, https:\/\/doubletakedecor.com\/uploads\/2025\/08\/cozy-dorm-room-aesthetic-dtd-25-280x420.jpg 280w, https:\/\/doubletakedecor.com\/uploads\/2025\/08\/cozy-dorm-room-aesthetic-dtd-25-320x480.jpg 320w, https:\/\/doubletakedecor.com\/uploads\/2025\/08\/cozy-dorm-room-aesthetic-dtd-25-360x540.jpg 360w, https:\/\/doubletakedecor.com\/uploads\/2025\/08\/cozy-dorm-room-aesthetic-dtd-25-363x545.jpg 363w, https:\/\/doubletakedecor.com\/uploads\/2025\/08\/cozy-dorm-room-aesthetic-dtd-25-370x555.jpg 370w, https:\/\/doubletakedecor.com\/uploads\/2025\/08\/cozy-dorm-room-aesthetic-dtd-25-400x600.jpg 400w, https:\/\/doubletakedecor.com\/uploads\/2025\/08\/cozy-dorm-room-aesthetic-dtd-25-560x840.jpg 560w, https:\/\/doubletakedecor.com\/uploads\/2025\/08\/cozy-dorm-room-aesthetic-dtd-25-480x720.jpg 480w\" sizes=\"auto, (max-width: 700px) 100vw, 700px\" \/><\/p>\n<p>Alak\u00edtsd ki a saj\u00e1t nyugis sarkodat egy st\u00edlusos \u00e1gyelrendez\u00e9ssel! R\u00e9tegezz egy ropog\u00f3s, feh\u00e9r paplant egy kontrasztos takar\u00f3val. Sz\u00ednes, egym\u00e1shoz ill\u0151 p\u00e1rn\u00e1k feldobj\u00e1k a hangulatot. Akaszd a falra a t\u00fcnd\u00e9rf\u00e9nyeket \u2013 t\u00f6k\u00e9letes tanul\u00e1shoz vagy esti laz\u00edt\u00e1shoz. Egy praktikus \u00e9jjeliszekr\u00e9ny \u00e9s puha sz\u0151nyeg teszi t\u00f6k\u00e9letess\u00e9 a k\u00e9nyelmetebbn\u00e9l is k\u00e9nyelmesebb pihen\u0151helyet.<\/p>\n<h2>GYIK<\/h2>\n<details class=\"g-accordion \"><summary><h3>Mit\u0151l lesz otthonos egy koll\u00e9giumi szoba?<\/h3><\/summary>\n<p>Egy \u00e1tlagos koll\u00e9giumi szob\u00e1t igaz\u00e1n k\u00e9nyelmess\u00e9 alak\u00edtani azt jelenti, hogy meleg, h\u00edvogat\u00f3 hangulatot teremt\u00fcnk benne. Ez el\u00e9rhet\u0151 p\u00e9ld\u00e1ul puha pasztell vagy f\u00f6ldsz\u00edn\u0171 \u00e1rnyalatokkal, amelyek seg\u00edtenek nyugodt l\u00e9gk\u00f6rt kialak\u00edtani. Nagyon fontosak a puha anyagok \u2013 gondolj puha \u00e1gynem\u0171kre, d\u00edszp\u00e1rn\u00e1kra, pihe-puha takar\u00f3kra, amik egyszerre st\u00edlusosak \u00e9s k\u00e9nyelmesek.<\/p>\n<p>Szem\u00e9lyes t\u00e1rgyakkal m\u00e9g otthonosabb\u00e1 tudod tenni szob\u00e1dat. Ezek lehetnek f\u00e9nyk\u00e9pkoll\u00e1zsok, motiv\u00e1l\u00f3 id\u00e9zetek vagy ak\u00e1r saj\u00e1t k\u00e9sz\u00edt\u00e9s\u0171 d\u00edszek \u2014 mindegyik t\u00fckr\u00f6zi az egy\u00e9nis\u00e9ged \u00e9s egyediv\u00e9 var\u00e1zsolja a terepet. A hangulat fokoz\u00e1s\u00e1hoz t\u00f6k\u00e9letes v\u00e1laszt\u00e1s a <strong>f\u00e9nyf\u00fcz\u00e9r<\/strong>, ami d\u00edsz\u00edti \u00e9s finom f\u00e9nnyel is ell\u00e1tja a szob\u00e1t.<\/p>\n<ul>\n<li>a k\u00fcl\u00f6nb\u00f6z\u0151 text\u00edli\u00e1k n\u00f6velik a k\u00e9nyelmet,<\/li>\n<li>gazdag\u00edtj\u00e1k a szoba megjelen\u00e9s\u00e9t,<\/li>\n<li>ha keversz p\u00e9ld\u00e1ul k\u00f6t\u00f6tteket, b\u00e1rsonyt \u00e9s pamutot, az m\u00e9lys\u00e9get \u00e9s v\u00e1ltozatoss\u00e1got visz a dekor\u00e1ci\u00f3ba.<\/li>\n<\/ul>\n<p>Egy puha, meleg sz\u0151nyeg a padl\u00f3n is hozz\u00e1tesz az otthonoss\u00e1ghoz.<\/p>\n<p><strong>A legfontosabb, hogy olyan helyet teremts, ahol nyugodtan pihenhetsz egy hossz\u00fa tan\u00edt\u00e1si nap ut\u00e1n \u2013 ahol sz\u00e9ps\u00e9g \u00e9s funkcionalit\u00e1s t\u00f6k\u00e9letesen kieg\u00e9sz\u00edtik egym\u00e1st, \u00e9s igaz\u00e1n h\u00edvogat\u00f3 hangulat uralkodik.<\/strong><\/p>\n<\/details><details class=\"g-accordion \"><summary><h3>Hogyan lehet k\u00f6lts\u00e9ghat\u00e9konyan bar\u00e1ts\u00e1gosabb\u00e1 tenni a koll\u00e9giumi szob\u00e1t?<\/h3><\/summary>\n<p>Egy otthonos, kellemes koll\u00e9giumi szoba kialak\u00edt\u00e1s\u00e1hoz nem kell sokat k\u00f6ltened \u2014 okosan kell v\u00e1lasztani olyan t\u00e1rgyakat, amik egyszerre d\u00edsz\u00edtenek \u00e9s k\u00e9nyelmet adnak.<\/p>\n<ul>\n<li>a f\u00e9nyf\u00fcz\u00e9rek puha, bar\u00e1ts\u00e1gos f\u00e9nyt adnak, amit\u0151l egyb\u0151l melegebb lesz a hangulat,<\/li>\n<li>n\u00e9h\u00e1ny d\u00edszp\u00e1rna vagy takar\u00f3 nemcsak k\u00e9nyelmesebb\u00e9 teszi a szob\u00e1t, hanem egy kis sz\u00ednt \u00e9s el\u00fct\u0151 text\u00far\u00e1t is hozz\u00e1tesz,<\/li>\n<li>DIY dekor\u00e1ci\u00f3k k\u00e9sz\u00edt\u00e9se olcs\u00f3 \u00e9s szem\u00e9lyess\u00e9 teszi a szob\u00e1dat.<\/li>\n<\/ul>\n<p>Egyszer\u0171 alkot\u00e1sok, mint p\u00e9ld\u00e1ul <strong>f\u00e9nyk\u00e9pkoll\u00e1zsok<\/strong> vagy <strong>saj\u00e1t k\u00e9sz\u00edt\u00e9s\u0171 fali d\u00edszek<\/strong> mind karaktert adnak a szob\u00e1nak, r\u00e1ad\u00e1sul p\u00e9nzt is sp\u00f3rolsz vel\u00fck. Pr\u00f3b\u00e1lj haszn\u00e1lt b\u00fatorokat \u00fajrahasznos\u00edtani, vagy haszn\u00e1lj olyasmit, ami m\u00e1r megvan otthon, \u00edgy m\u00e9g takar\u00e9kosabb maradhatsz.<\/p>\n<p>P\u00e1r sz\u00ednes p\u00e1rna egy puha sz\u0151nyeggel egy\u00fctt teljesen megv\u00e1ltoztathatja a szoba hangulat\u00e1t \u2013 ett\u0151l bar\u00e1ts\u00e1gosabb \u00e9s otthonosabb lesz. Szem\u00e9lyes fot\u00f3k pedig nemcsak d\u00edsz\u00edtenek, hanem igaz\u00e1n meghitt\u00e9 is teszik a szob\u00e1dat.<\/p>\n<p>V\u00e9g\u00fcl v\u00e1lassz olyan t\u00e1rol\u00f3kat, mint a d\u00edszdobozok vagy polcok, amik nemcsak praktikusak, hanem mutat\u00f3sak is. <strong>Ezek seg\u00edtenek rendben tartani a dolgokat, mik\u00f6zben harm\u00f3ni\u00e1t \u00e9s st\u00edlust is visznek a koll\u00e9giumi szob\u00e1dba.<\/strong><\/p>\n<\/details><details class=\"g-accordion \"><summary><h3>Mivel lehet m\u00e9g otthonosabb\u00e1, k\u00e9nyelmesebb\u00e9 tenni a koll\u00e9giumi szob\u00e1t?<\/h3><\/summary>\n<p>Egy koll\u00e9giumi szoba k\u00f6nnyen v\u00e1lhat igazi mened\u00e9kk\u00e9, csak j\u00f3l kell megv\u00e1logatni a dekor\u00e1ci\u00f3kat. \u00cdgy kifejezheted az egy\u00e9nis\u00e9ged, mik\u00f6zben k\u00e9nyelmes helyet teremtesz magadnak tanul\u00e1shoz \u00e9s pihen\u00e9shez.<\/p>\n<p>Kezdd <strong>puha \u00e1gynem\u0171kkel<\/strong>, kedves sz\u00edn\u0171 textilekkel \u00e9s sz\u00e1modra kedves fali k\u00e9pekkel \u2013 ezek m\u00e1r \u00f6nmagukban h\u00edvogat\u00f3v\u00e1 teszik a teret. A bar\u00e1ts\u00e1gos takar\u00f3k \u00e9s nyugtat\u00f3 \u00e1rnyalatok nemcsak k\u00e9nyelmesebb\u00e9, de szebb\u00e9 is var\u00e1zsolj\u00e1k a szob\u00e1t.<\/p>\n<p>D\u00edsz\u00edtsd a teret szem\u00e9lyes t\u00e1rgyakkal, p\u00e9ld\u00e1ul f\u00e9nyk\u00e9pekkel vagy kedvenc k\u00e9zm\u0171ves munk\u00e1iddal, hogy igaz\u00e1n otthon \u00e9rezd magad. V\u00e1lassz olyan dekor\u00e1ci\u00f3t, ami b\u00e9k\u00e9s, pihentet\u0151 hangulatot sug\u00e1roz; a <strong>puha text\u00far\u00e1k<\/strong>, hangulatvil\u00e1g\u00edt\u00e1s \u00e9s l\u00e1gy sz\u00ednek nyugodt k\u00f6zeget teremtenek, ahol t\u00f6k\u00e9letesen ellazulhatsz egy hossz\u00fa nap ut\u00e1n.<\/p>\n<p>Haszn\u00e1lj <strong>t\u00f6bbfunkci\u00f3s b\u00fatorokat<\/strong>, \u00edgy helyet takar\u00edthatsz meg, \u00e9s nem kell a diz\u00e1jnt sem fel\u00e1ldoznod. Egy puha puff p\u00e9ld\u00e1ul egyszerre lehet plusz \u00fcl\u0151hely \u00e9s t\u00e1rol\u00f3 \u2013 m\u00e9gsem lesz zs\u00fafolt a szoba. Egy-k\u00e9t d\u00edszp\u00e1rna vagy sz\u0151nyeg tov\u00e1bb fokozza a k\u00e9nyelmet, mik\u00f6zben egys\u00e9ges \u00f6sszk\u00e9pet ad.<\/p>\n<p>\u00d6sszess\u00e9g\u00e9ben akkor hozod ki a legt\u00f6bbet a szob\u00e1db\u00f3l, ha \u00f6tv\u00f6z\u00f6d az egy\u00e9ni \u00edzl\u00e9sedet egy bar\u00e1ts\u00e1gos, h\u00edvogat\u00f3 hangulattal. <strong>\u00cdgy egyszerre lesz kellemes ott tart\u00f3zkodni, \u00e9s nyugodt tanul\u00e1sra is alkalmas helyet teremtesz magadnak.<\/strong><\/p>\n<\/details><details class=\"g-accordion \"><summary><h3>Mi\u00e9rt fontosak a puha takar\u00f3k \u00e9s \u00e1gynem\u0171k?<\/h3><\/summary>\n<p>A koll\u00e9giumi szoba k\u00e9nyelm\u00e9nek alapja a j\u00f3l megv\u00e1lasztott <strong>takar\u00f3 \u00e9s \u00e1gynem\u0171<\/strong>. Ezek nem csup\u00e1n <strong>megnyugtat\u00f3ak \u00e9s kellemesek<\/strong>, hanem l\u00e1tv\u00e1nyban is feldobj\u00e1k a szob\u00e1t, hiszen sz\u00ednt \u00e9s puhas\u00e1got visznek bele. Ha p\u00e9ld\u00e1ul<\/p>\n<ul>\n<li>paplanokat,<\/li>\n<li>pl\u00e9deket,<\/li>\n<li>\u00e9s p\u00e1rn\u00e1kat<\/li>\n<\/ul>\n<p>r\u00e9tegezel egym\u00e1sra, otthonos, meleg \u00e9rz\u00e9st keltesz, ami teljesen szem\u00e9lyess\u00e9 teszi a teret. \u00cdgy egyszer\u0171en alak\u00edthatod a st\u00edlust az \u00e9vszakok vagy a kedved szerint is. A puha, min\u0151s\u00e9gi anyagok \u00e9s nyugtat\u00f3 sz\u00ednek a szob\u00e1d k\u00f6zponti pontj\u00e1v\u00e1 var\u00e1zsolj\u00e1k az \u00e1gyat \u2013 t\u00f6k\u00e9letes helyet teremtenek egy f\u00e1raszt\u00f3 nap ut\u00e1n a pihen\u00e9sre.<\/p>\n<\/details><details class=\"g-accordion \"><summary><h3>Hogyan tesznek hozz\u00e1 a pasztell p\u00e1rn\u00e1k \u00e9s a r\u00f3zsasz\u00edn hangulat a szoba otthonoss\u00e1g\u00e1hoz?<\/h3><\/summary>\n<p>A pasztell p\u00e1rn\u00e1k \u00e9s a <strong>r\u00f3zsasz\u00edn \u00e1rnyalatok<\/strong> pillanatok alatt hangulatos mened\u00e9kk\u00e9 v\u00e1ltoztatj\u00e1k a koll\u00e9giumi szob\u00e1t. Ezek a finom sz\u00ednek <strong>megnyugtatnak, k\u00e9nyelmet sug\u00e1roznak<\/strong>, \u00e9s seg\u00edtenek, hogy a dekor\u00e1ci\u00f3 harmonikus, egys\u00e9ges legyen. Ha pasztell sz\u00edneket kombin\u00e1lsz r\u00f3zsasz\u00ednes kieg\u00e9sz\u00edt\u0151kkel, bar\u00e1ts\u00e1gos, szem\u00e9lyes teret hozol l\u00e9tre, ahol k\u00f6nny\u0171 kikapcsol\u00f3dni. A l\u00e1gy \u00e1rnyalatokkal mindenki kialak\u00edthatja a maga saj\u00e1t kis kuck\u00f3j\u00e1t, ami egy igazi otthon \u00e9rzet\u00e9t adja t\u00e1vol az otthont\u00f3l.<\/p>\n<\/details><details class=\"g-accordion \"><summary><h3>Milyen vil\u00e1g\u00edt\u00e1si megold\u00e1sok hoznak hangulatos l\u00e9gk\u00f6rt egy koll\u00e9giumi szob\u00e1ba?<\/h3><\/summary>\n<p>Tedd otthonosabb\u00e1 a koll\u00e9giumi szob\u00e1dat k\u00fcl\u00f6nb\u00f6z\u0151 l\u00e1mp\u00e1kkal \u00e9s f\u00e9nyforr\u00e1sokkal, p\u00e9ld\u00e1ul:<\/p>\n<ul>\n<li>a f\u00e9nyf\u00fcz\u00e9rek melegs\u00e9get \u00e9s meghitt hangulatot \u00e1rasztanak \u2013 t\u00f6k\u00e9letesek esti pihen\u00e9shez,<\/li>\n<li>egy \u00e9jjeli l\u00e1mpa meleg f\u00e9ny\u0171 izz\u00f3val m\u00e9g bar\u00e1ts\u00e1gosabb\u00e1 teszi a teret,<\/li>\n<li>\u00e9s a halv\u00e1nyabb mennyezeti vil\u00e1g\u00edt\u00e1s is j\u00f3l j\u00f6n, ha a nap folyam\u00e1n v\u00e1ltoz\u00f3 f\u00e9nyekre van sz\u00fcks\u00e9g.<\/li>\n<\/ul>\n<p>A <strong>szab\u00e1lyozhat\u00f3 vil\u00e1g\u00edt\u00e1s<\/strong> k\u00fcl\u00f6n\u00f6sen praktikus \u2013 be\u00e1ll\u00edthatod a f\u00e9nyer\u0151t ahogy szeretn\u00e9d, az aktu\u00e1lis hangulatodhoz vagy napszakhoz igaz\u00edtva. Ha t\u00f6bbf\u00e9le f\u00e9nyforr\u00e1st kombin\u00e1lsz, a szob\u00e1d egyszerre lesz hangulatosabb, melegebb \u00e9s bar\u00e1ts\u00e1gosabb.<\/p>\n<\/details><details class=\"g-accordion \"><summary><h3>Milyen szerepe van az illatos gyerty\u00e1knak a hangulat megteremt\u00e9s\u00e9ben?<\/h3><\/summary>\n<p>Az illatos gyerty\u00e1k igazi var\u00e1zslatot visznek a koll\u00e9giumi szoba hangulat\u00e1ba. Kellemes illatukkal seg\u00edtenek ellazulni \u00e9s otthonos \u00e9rz\u00e9st adnak, mik\u00f6zben a l\u00e1ngjuk meleg f\u00e9nnyel t\u00f6lti be a teret. A <strong>levendula<\/strong> vagy <strong>van\u00edlia<\/strong> illat\u00fa gyerty\u00e1k kifejezetten j\u00f3k arra, hogy nyugodt, b\u00e9k\u00e9s k\u00f6rnyezetet teremtsenek \u2013 ak\u00e1r tanulsz, ak\u00e1r pihensz.<\/p>\n<\/details> <details class=\"g-accordion \"><summary><h3>Hogyan adhatnak faldekor\u00e1ci\u00f3k karaktert a koll\u00e9giumi szob\u00e1hoz?<\/h3><\/summary>  <\/p>\n<p>A koll\u00e9giumi szoba falainak feldob\u00e1sa igaz\u00e1n k\u00fcl\u00f6nlegess\u00e9 teheti a helyis\u00e9get, \u00e9s megmutathatja, ki vagy igaz\u00e1b\u00f3l. Olyan dolgok, mint a <strong>poszterek, m\u0171alkot\u00e1sok vagy szem\u00e9lyes fot\u00f3k<\/strong>, otthonosabb\u00e1 \u00e9s egyediv\u00e9 var\u00e1zsolj\u00e1k a szob\u00e1d. Ha szeretn\u00e9d m\u00e9g bar\u00e1ts\u00e1gosabb\u00e1 tenni a szob\u00e1dat, pr\u00f3b\u00e1ld ki a <strong>gal\u00e9riafalakat vagy falisz\u0151nyegeket<\/strong> is!<\/p>\n<p>Ha olyan dekorokat v\u00e1lasztasz, amelyek a hobbijaidra vagy kedvenc t\u00e9m\u00e1idra utalnak, m\u00e9g szem\u00e9lyesebb\u00e9 teheted a szob\u00e1t. Im\u00e1dsz utazni? <strong>T\u00e9rk\u00e9pek vagy utaz\u00e1ssal kapcsolatos k\u00e9pek<\/strong> seg\u00edtenek, hogy \u00fajra\u00e9ld az \u00e9lm\u00e9nyeidet. M\u0171v\u00e9szetkedvel\u0151 vagy? Kiakaszthatod saj\u00e1t alkot\u00e1saidat vagy kedvenc m\u0171v\u00e9szeid munk\u00e1it.<\/p>\n<p>Ezek a d\u00edszek nemcsak sz\u00e9pen mutatnak, hanem hasznosak is: p\u00e9ld\u00e1ul egy <strong>eml\u00e9kt\u00e1bla vagy inspir\u00e1ci\u00f3s t\u00e1bla<\/strong> rendszerezi a gondolataidat, \u00e9s \u00faj \u00f6tleteket adhat. <strong>Ezek a kieg\u00e9sz\u00edt\u0151k a st\u00edlus mellett igaz\u00e1n meghitt\u00e9 \u00e9s otthonoss\u00e1 teszik a szob\u00e1dat.<\/strong><\/p>\n<\/details>\n<details class=\"g-accordion \"><summary><h3>Milyen el\u0151nyei vannak a szoban\u00f6v\u00e9nyeknek?<\/h3><\/summary>  <\/p>\n<p>A szoban\u00f6v\u00e9nyek sokkal hangulatosabb\u00e1 \u00e9s eg\u00e9szs\u00e9gesebb\u00e9 teszik a koll\u00e9giumi szob\u00e1t. <strong>Seg\u00edtenek tiszt\u00edtani a leveg\u0151t, kisz\u0171rik a szennyez\u0151d\u00e9seket, \u00e9s t\u00f6bb oxig\u00e9nt juttatnak a leveg\u0151be, \u00edgy jobb lesz a k\u00f6z\u00e9rzeted.<\/strong> R\u00e1ad\u00e1sul a n\u00f6v\u00e9nyek cs\u00f6kkentik a stresszt, nyugalmat \u00e1rasztanak, \u00e9s hozz\u00e1j\u00e1rulnak a j\u00f3kedvedhez is. Term\u00e9szetes sz\u00e9ps\u00e9g\u00fck \u00e9letet visz a szob\u00e1ba, otthonosabb \u00e9s vid\u00e1mabb lesz t\u0151l\u00fck a k\u00f6rnyezet.<\/p>\n<p>Ha nem akarsz sokat foglalkozni vel\u00fck, v\u00e1lassz <strong>k\u00f6nnyen gondozhat\u00f3 fajt\u00e1kat<\/strong>, p\u00e9ld\u00e1ul pozsg\u00e1sokat vagy l\u00e9gz\u0151n\u00f6v\u00e9nyeket. Ezek kev\u00e9s t\u00f6r\u0151d\u00e9st ig\u00e9nyelnek, m\u00e9gis kellemes, nyugodt l\u00e9gk\u00f6rt teremtenek.<\/p>\n<\/details>\n<details class=\"g-accordion \"><summary><h3>Hogyan lehetnek a t\u00e1rol\u00f3k egyszerre praktikusak \u00e9s st\u00edlusosak?<\/h3><\/summary>  <\/p>\n<p>A t\u00e1rol\u00e1si megold\u00e1sok egyszerre lehetnek praktikusak \u00e9s mutat\u00f3sak, ha j\u00f3l v\u00e1lasztod meg \u0151ket. <strong>Dekorat\u00edv dobozok, polcok \u00e9s t\u00f6bbfunkci\u00f3s b\u00fatorok<\/strong> nem csup\u00e1n rendet tartanak, hanem szebb\u00e9 is teszik a szob\u00e1t.<\/p>\n<ul>\n<li>A dekorat\u00edv kosarakban elrejtheted a plusz takar\u00f3kat vagy k\u00f6nyveket, \u00e9s k\u00f6zben text\u00far\u00e1t \u00e9s melegs\u00e9get visznek a t\u00e9rbe.<\/li>\n<li>St\u00edlusos polcokon helyet kaphatnak a k\u00f6nyvek \u00e9s d\u00edszt\u00e1rgyak is, \u00edgy m\u00e9g szebb \u00e9s rendezettebb lesz a szob\u00e1d.<\/li>\n<li>A lebeg\u0151 polcok helyet sp\u00f3rolnak a f\u00f6ld\u00f6n, \u00e9s \u00e9rdekesebb\u00e9 teszik a falakat.<\/li>\n<\/ul>\n<p>A lebeg\u0151 polcok remekek apr\u00f3 n\u00f6v\u00e9nyek vagy kedvenc t\u00e1rgyaid kihelyez\u00e9s\u00e9re an\u00e9lk\u00fcl, hogy zs\u00fafolts\u00e1got teremten\u00e9nek.<\/p>\n<p>A t\u00f6bbfunkci\u00f3s b\u00fator is j\u00f3 v\u00e1laszt\u00e1s: p\u00e9ld\u00e1ul egy p\u00e1rn\u00e1zott puff extra \u00fcl\u0151helyet \u00e9s rejtett t\u00e1rol\u00f3t is ny\u00fajt, \u00edgy nem kell lemondanod a st\u00edlusr\u00f3l sem. Az \u00e1gy alatti t\u00e1rol\u00f3dobozokkal pedig elrejtheted a ritk\u00e1bban haszn\u00e1lt dolgaidat, hogy mindig rend \u00e9s \u00e1tl\u00e1that\u00f3s\u00e1g legyen a szob\u00e1ban.<\/p>\n<p><strong>Ha okosan v\u00e1logatod \u00f6ssze a b\u00fatorokat \u00e9s t\u00e1rol\u00f3kat, egyszerre lesz rendezett \u00e9s bar\u00e1ts\u00e1gos a szob\u00e1d \u2013 pontosan olyan, amilyennek egy igazi koll\u00e9giumi otthonnak lennie kell.<\/strong><\/p>\n<\/details>\n<details class=\"g-accordion \"><summary><h3>Hogyan teheted szem\u00e9lyess\u00e9 a koll\u00e9giumi szob\u00e1d dekorj\u00e1t?<\/h3><\/summary>  <\/p>\n<p>Ha szeretn\u00e9d, hogy igaz\u00e1n otthonosan \u00e9rezd magad, v\u00e1lassz olyan dekor\u00e1ci\u00f3kat, amelyek r\u00f3lad sz\u00f3lnak! V\u00e1logass kedves fot\u00f3kat, k\u00e9peket \u00e9s eml\u00e9keket \u2013 ezek amellett, hogy feldobj\u00e1k a szob\u00e1d hangulat\u00e1t, mindig j\u00f3 \u00e9rz\u00e9ssel t\u00f6ltenek el, \u00e9s hazaiass\u00e1 var\u00e1zsolj\u00e1k a k\u00f6rnyezetedet.<\/p>\n<ul>\n<li>Rakj ki valami igaz\u00e1n egyedit, p\u00e9ld\u00e1ul utaz\u00e1si eml\u00e9keket vagy saj\u00e1t k\u00e9sz\u00edt\u00e9s\u0171 d\u00edszeket, \u00edgy megmutathatod, mennyire k\u00fcl\u00f6nleges vagy,<\/li>\n<li>K\u00e9sz\u00edts DIY d\u00edszeket vagy t\u00e1rol\u00f3kat! Ak\u00e1r saj\u00e1t kez\u0171leg alkothatsz fali dekor\u00e1ci\u00f3kat \u2013 \u00edgy p\u00e9nzt is sp\u00f3rolhatsz, m\u00e9gis egyedi marad a szob\u00e1d,<\/li>\n<li>V\u00e1lassz \u00e1gynem\u0171t \u00e9s textileket a saj\u00e1t st\u00edlusod szerint.<\/li>\n<\/ul>\n<p>Ak\u00e1r tomp\u00e1bb, pasztell p\u00e1rn\u00e1kat szeretsz a nyugalom\u00e9rt, ak\u00e1r \u00e9l\u00e9nk, mint\u00e1s takar\u00f3kat a vid\u00e1ms\u00e1g\u00e9rt, ezek mind seg\u00edtenek igaz\u00e1n hangulatos szob\u00e1t kialak\u00edtani. A puha text\u00edli\u00e1k k\u00e9nyelmet adnak, \u00e9s j\u00f3l megmutatj\u00e1k az \u00edzl\u00e9sedet is.<\/p>\n<ul>\n<li>Pr\u00f3b\u00e1lj ki inspir\u00e1ci\u00f3s sarkot vagy motiv\u00e1ci\u00f3s t\u00e1bl\u00e1t \u2013 ez mindig feldobja a kedved, \u00e9s a szob\u00e1dat is k\u00fcl\u00f6nlegess\u00e9 teszi,<\/li>\n<li>A kis t\u00e1lc\u00e1k seg\u00edtenek rendet tartani az apr\u00f3 t\u00e1rgyak k\u00f6z\u00f6tt \u2013 \u00edgy egyszerre lesz sz\u00e9p \u00e9s rendezett minden.<\/li>\n<\/ul>\n<p><strong>A szem\u00e9lyess\u00e9g l\u00e9nyege, hogy praktikus dolgokat \u00e9s neked kedves t\u00e1rgyakat rendezz \u00f6ssze egy igaz\u00e1n egyedi, \u00f6nmagadr\u00f3l sz\u00f3l\u00f3 t\u00e9rbe, ami t\u00f6k\u00e9letes hely tanul\u00e1shoz \u00e9s kikapcsol\u00f3d\u00e1shoz is.<\/strong><\/p>\n<\/details>\n<details class=\"g-accordion \"><summary><h3>Miben lehetnek hasznosak a DIY projektek a koll\u00e9giumi szob\u00e1ban?<\/h3><\/summary>  <\/p>\n<p>Az egyedi k\u00e9zzel k\u00e9sz\u00edtett (DIY) projektek nagyszer\u0171ek, ha saj\u00e1t \u00edzl\u00e9sedet \u00e9s kreativit\u00e1sodat szeretn\u00e9d megmutatni a koll\u00e9giumi szob\u00e1dban. K\u00e9sz\u00edthetsz saj\u00e1t fali dekor\u00e1ci\u00f3kat vagy egyedi t\u00e1rol\u00f3kat \u2013 mindezzel sokkal otthonosabb lesz a k\u00f6rnyezet. Ha p\u00e9ld\u00e1ul f\u00e9nyk\u00e9pkoll\u00e1zst vagy k\u00fcl\u00f6nleges fali akaszt\u00f3kat bark\u00e1csolsz, azzal igaz\u00e1n meghitt\u00e9 \u00e9s szem\u00e9lyess\u00e9 var\u00e1zsolhatod a lakr\u00e9szedet.<\/p>\n<p>J\u00f3 h\u00edr, hogy a DIY \u00f6tletek legt\u00f6bbsz\u00f6r olcs\u00f3k is. Egyszer\u0171en \u00e1talak\u00edthatsz r\u00e9gi b\u00fatorokat, vagy varrhatsz d\u00edszp\u00e1rn\u00e1kat, amit\u0151l nemcsak egyedi lesz a szob\u00e1d, de a p\u00e9nzt\u00e1rc\u00e1dat is k\u00edm\u00e9led. Ezek a saj\u00e1t k\u00e9sz\u00edt\u00e9s\u0171 dekor\u00e1ci\u00f3k r\u00e1ad\u00e1sul \u00e9lvezetess\u00e9 is teszik a dekor\u00e1l\u00e1st, mik\u00f6zben val\u00f3di kis otthont var\u00e1zsolsz magadnak.<\/p>\n<p>Ha magad k\u00e9sz\u00edted el a szoba r\u00e9szleteit, val\u00f3ban a saj\u00e1todnak \u00e9rezheted. Egyedi vil\u00e1g\u00edt\u00e1ssal vagy saj\u00e1t k\u00e9sz\u00edt\u00e9s\u0171 k\u00e9pekkel teljesen szem\u00e9lyes hangulatot teremthetsz. <strong>Ilyen m\u00f3don minden sarok t\u00fckr\u00f6zni fog t\u00e9ged, \u00edgy h\u00edvogat\u00f3, k\u00e9nyelmes, tanul\u00e1shoz vagy pihen\u00e9shez is ide\u00e1lis szob\u00e1d lehet.<\/strong><\/p>\n<\/details>\n<details class=\"g-accordion \"><summary><h3>Tippek a tanul\u00e1sbar\u00e1t k\u00f6rnyezet kialak\u00edt\u00e1s\u00e1hoz<\/h3><\/summary>  <\/p>\n<p>P\u00e1r egyszer\u0171 l\u00e9p\u00e9ssel igazi tanul\u00f3sarkot var\u00e1zsolhatsz a koll\u00e9giumi szob\u00e1db\u00f3l.<\/p>\n<ul>\n<li>Alak\u00edts ki egy saj\u00e1t helyet a tanul\u00e1shoz,<\/li>\n<li>Figyelj a j\u00f3 vil\u00e1g\u00edt\u00e1sra! Egy j\u00f3 asztali l\u00e1mpa vagy puha, de el\u00e9g er\u0151s f\u00e9ny seg\u00edti, hogy ne f\u00e1radjon a szemed, \u00e9s jobban koncentr\u00e1lj,<\/li>\n<li>Tartsd rendben a k\u00f6rnyezetedet; ha elt\u00fcnteted a felesleges holmikat, k\u00f6nnyebb lesz odafigyelni,<\/li>\n<li>Legyen minden sz\u00fcks\u00e9ges dolog, mint a k\u00f6nyvek, \u00edr\u00f3szerek \u00e9s laptop, k\u00e9zn\u00e9l: ehhez j\u00f3l j\u00f6nnek a polcok vagy t\u00e1rol\u00f3 dobozok,<\/li>\n<li>A k\u00e9nyelmes \u00fcl\u0151hely fontos a hosszabb tanul\u00e1sokn\u00e1l \u2013 olyan sz\u00e9ket v\u00e1lassz, ami seg\u00edti a helyes testtart\u00e1st, \u00e9s nem f\u00e1radsz el gyorsan,<\/li>\n<li>Dobd fel a sarkot motiv\u00e1l\u00f3 id\u00e9zetekkel vagy inspir\u00e1l\u00f3 k\u00e9pekkel, \u00edgy t\u00f6bb kedved lesz tanulni.<\/li>\n<\/ul>\n<p>Ha ezeket betartod, olyan szob\u00e1d lesz, amely nemcsak hat\u00e9konyabb tanul\u00e1st seg\u00edt, hanem a figyelmedet \u00e9s a kedvedet is jav\u00edtja.<\/p>\n<\/details>\n","protected":false},"excerpt":{"rendered":"<p>Egy \u00e1tlagos koll\u00e9giumi szob\u00e1t igaz\u00e1n otthonos mened\u00e9kk\u00e9 alak\u00edtani annyi, mint olyan teret teremteni, ahol j\u00f3l \u00e9rzed magad, \u00e9s a saj\u00e1t st\u00edlusod is visszak\u00f6sz\u00f6n. Ha meleg sz\u00ednvil\u00e1got, puha anyagokat \u00e9s szem\u00e9lyes t\u00e1rgyakat viszel be, k\u00f6nnyen olyan bar\u00e1ts\u00e1gos szob\u00e1t var\u00e1zsolhatsz magadnak, ami pihen\u00e9sre \u00e9s tanul\u00e1sra is t\u00f6k\u00e9letes. Az otthonos koll\u00e9giumi hangulat titka, hogy puha \u00e1gynem\u0171t, d\u00edszp\u00e1rn\u00e1kat \u00e9s meleg takar\u00f3kat v\u00e1logatsz \u00f6ssze, \u00edgy&hellip;<\/p>\n","protected":false},"author":12,"featured_media":6146,"comment_status":"closed","ping_status":"closed","sticky":false,"template":"","format":"standard","meta":{"rank_math_focus_keyword":"hangulatos koll\u00e9giumi szoba eszt\u00e9tika","rank_math_title":"Diz\u00e1jn \u00f6tletek \u00e9s inspir\u00e1ci\u00f3","rank_math_description":"Fedezd fel, hogyan alak\u00edthatod \u00e1t a koll\u00e9giumi szob\u00e1dat hangulatos eszt\u00e9tikai mened\u00e9kk\u00e9 st\u00edlusos dekor\u00e1ci\u00f3s tippekkel \u00e9s n\u00e9lk\u00fcl\u00f6zhetetlen kieg\u00e9sz\u00edt\u0151kkel.","footnotes":""},"categories":[147],"tags":[],"class_list":["post-6669","post","type-post","status-publish","format-standard","has-post-thumbnail","hentry","category-tematikus-szobak"],"g_custom_schema_json":"<script type=\"application\/ld+json\">\n{\n  \"@context\": \"https:\/\/schema.org\",\n  \"@type\": \"FAQPage\",\n  \"mainEntity\": [\n    {\n      \"@type\": \"Question\",\n      \"name\": \"Mit\u0151l lesz otthonos egy koll\u00e9giumi szoba?\",\n      \"acceptedAnswer\": {\n        \"@type\": \"Answer\",\n        \"text\": \"Egy \u00e1tlagos koll\u00e9giumi szob\u00e1t igaz\u00e1n k\u00e9nyelmess\u00e9 alak\u00edtani azt jelenti, hogy meleg, h\u00edvogat\u00f3 hangulatot teremt\u00fcnk benne. Ez el\u00e9rhet\u0151 p\u00e9ld\u00e1ul puha pasztell vagy f\u00f6ldsz\u00edn\u0171 \u00e1rnyalatokkal, amelyek seg\u00edtenek nyugodt l\u00e9gk\u00f6rt kialak\u00edtani. Nagyon fontosak a puha anyagok \u2013 gondolj puha \u00e1gynem\u0171kre, d\u00edszp\u00e1rn\u00e1kra, pihe-puha takar\u00f3kra, amik egyszerre st\u00edlusosak \u00e9s k\u00e9nyelmesek.\"\n      }\n    },\n    {\n      \"@type\": \"Question\",\n      \"name\": \"Hogyan lehet k\u00f6lts\u00e9ghat\u00e9konyan bar\u00e1ts\u00e1gosabb\u00e1 tenni a koll\u00e9giumi szob\u00e1t?\",\n      \"acceptedAnswer\": {\n        \"@type\": \"Answer\",\n        \"text\": \"Egy otthonos, kellemes koll\u00e9giumi szoba kialak\u00edt\u00e1s\u00e1hoz nem kell sokat k\u00f6ltened \u2014 okosan kell v\u00e1lasztani olyan t\u00e1rgyakat, amik egyszerre d\u00edsz\u00edtenek \u00e9s k\u00e9nyelmet adnak. A f\u00e9nyf\u00fcz\u00e9rek puha, bar\u00e1ts\u00e1gos f\u00e9nyt adnak, amit\u0151l egyb\u0151l melegebb lesz a hangulat. N\u00e9h\u00e1ny d\u00edszp\u00e1rna vagy takar\u00f3 nemcsak k\u00e9nyelmesebb\u00e9 teszi a szob\u00e1t, hanem egy kis sz\u00ednt \u00e9s el\u00fct\u0151 text\u00far\u00e1t is hozz\u00e1tesz.\"\n      }\n    },\n    {\n      \"@type\": \"Question\",\n      \"name\": \"Mivel lehet m\u00e9g otthonosabb\u00e1, k\u00e9nyelmesebb\u00e9 tenni a koll\u00e9giumi szob\u00e1t?\",\n      \"acceptedAnswer\": {\n        \"@type\": \"Answer\",\n        \"text\": \"Egy koll\u00e9giumi szoba k\u00f6nnyen v\u00e1lhat igazi mened\u00e9kk\u00e9, csak j\u00f3l kell megv\u00e1logatni a dekor\u00e1ci\u00f3kat. Kezdd puha \u00e1gynem\u0171kkel, kedves sz\u00edn\u0171 textilekkel \u00e9s sz\u00e1modra kedves fali k\u00e9pekkel \u2013 ezek m\u00e1r \u00f6nmagukban h\u00edvogat\u00f3v\u00e1 teszik a teret. A bar\u00e1ts\u00e1gos takar\u00f3k \u00e9s nyugtat\u00f3 \u00e1rnyalatok nemcsak k\u00e9nyelmesebb\u00e9, de szebb\u00e9 is var\u00e1zsolj\u00e1k a szob\u00e1t.\"\n      }\n    },\n    {\n      \"@type\": \"Question\",\n      \"name\": \"Mi\u00e9rt fontosak a puha takar\u00f3k \u00e9s \u00e1gynem\u0171k?\",\n      \"acceptedAnswer\": {\n        \"@type\": \"Answer\",\n        \"text\": \"A koll\u00e9giumi szoba k\u00e9nyelm\u00e9nek alapja a j\u00f3l megv\u00e1lasztott takar\u00f3 \u00e9s \u00e1gynem\u0171. Ezek nem csup\u00e1n megnyugtat\u00f3ak \u00e9s kellemesek, hanem l\u00e1tv\u00e1nyban is feldobj\u00e1k a szob\u00e1t, hiszen sz\u00ednt \u00e9s puhas\u00e1got visznek bele. Ha p\u00e9ld\u00e1ul paplanokat, pl\u00e9deket, \u00e9s p\u00e1rn\u00e1kat r\u00e9tegezel egym\u00e1sra, otthonos, meleg \u00e9rz\u00e9st keltesz.\"\n      }\n    },\n    {\n      \"@type\": \"Question\",\n      \"name\": \"Hogyan tesznek hozz\u00e1 a pasztell p\u00e1rn\u00e1k \u00e9s a r\u00f3zsasz\u00edn hangulat a szoba otthonoss\u00e1g\u00e1hoz?\",\n      \"acceptedAnswer\": {\n        \"@type\": \"Answer\",\n        \"text\": \"A pasztell p\u00e1rn\u00e1k \u00e9s a r\u00f3zsasz\u00edn \u00e1rnyalatok pillanatok alatt hangulatos mened\u00e9kk\u00e9 v\u00e1ltoztatj\u00e1k a koll\u00e9giumi szob\u00e1t. Ezek a finom sz\u00ednek megnyugtatnak, k\u00e9nyelmet sug\u00e1roznak, \u00e9s seg\u00edtenek, hogy a dekor\u00e1ci\u00f3 harmonikus, egys\u00e9ges legyen.\"\n      }\n    },\n    {\n      \"@type\": \"Question\",\n      \"name\": \"Milyen vil\u00e1g\u00edt\u00e1si megold\u00e1sok hoznak hangulatos l\u00e9gk\u00f6rt egy koll\u00e9giumi szob\u00e1ba?\",\n      \"acceptedAnswer\": {\n        \"@type\": \"Answer\",\n        \"text\": \"Tedd otthonosabb\u00e1 a koll\u00e9giumi szob\u00e1dat k\u00fcl\u00f6nb\u00f6z\u0151 l\u00e1mp\u00e1kkal \u00e9s f\u00e9nyforr\u00e1sokkal, p\u00e9ld\u00e1ul: a f\u00e9nyf\u00fcz\u00e9rek melegs\u00e9get \u00e9s meghitt hangulatot \u00e1rasztanak \u2013 t\u00f6k\u00e9letesek esti pihen\u00e9shez. Egy \u00e9jjeli l\u00e1mpa meleg f\u00e9ny\u0171 izz\u00f3val m\u00e9g bar\u00e1ts\u00e1gosabb\u00e1 teszi a teret.\"\n      }\n    },\n    {\n      \"@type\": \"Question\",\n      \"name\": \"Milyen szerepe van az illatos gyerty\u00e1knak a hangulat megteremt\u00e9s\u00e9ben?\",\n      \"acceptedAnswer\": {\n        \"@type\": \"Answer\",\n        \"text\": \"Az illatos gyerty\u00e1k igazi var\u00e1zslatot visznek a koll\u00e9giumi szoba hangulat\u00e1ba. Kellemes illatukkal seg\u00edtenek ellazulni \u00e9s otthonos \u00e9rz\u00e9st adnak, mik\u00f6zben a l\u00e1ngjuk meleg f\u00e9nnyel t\u00f6lti be a teret.\"\n      }\n    },\n    {\n      \"@type\": \"Question\",\n      \"name\": \"Hogyan adhatnak faldekor\u00e1ci\u00f3k karaktert a koll\u00e9giumi szob\u00e1hoz?\",\n      \"acceptedAnswer\": {\n        \"@type\": \"Answer\",\n        \"text\": \"A koll\u00e9giumi szoba falainak feldob\u00e1sa igaz\u00e1n k\u00fcl\u00f6nlegess\u00e9 teheti a helyis\u00e9get, \u00e9s megmutathatja, ki vagy igaz\u00e1b\u00f3l. Olyan dolgok, mint a poszterek, m\u0171alkot\u00e1sok vagy szem\u00e9lyes fot\u00f3k, otthonosabb\u00e1 \u00e9s egyediv\u00e9 var\u00e1zsolj\u00e1k a szob\u00e1d.\"\n      }\n    },\n    {\n      \"@type\": \"Question\",\n      \"name\": \"Milyen el\u0151nyei vannak a szoban\u00f6v\u00e9nyeknek?\",\n      \"acceptedAnswer\": {\n        \"@type\": \"Answer\",\n        \"text\": \"A szoban\u00f6v\u00e9nyek sokkal hangulatosabb\u00e1 \u00e9s eg\u00e9szs\u00e9gesebb\u00e9 teszik a koll\u00e9giumi szob\u00e1t. Seg\u00edtenek tiszt\u00edtani a leveg\u0151t, kisz\u0171rik a szennyez\u0151d\u00e9seket, \u00e9s t\u00f6bb oxig\u00e9nt juttatnak a leveg\u0151be, \u00edgy jobb lesz a k\u00f6z\u00e9rzeted.\"\n      }\n    },\n    {\n      \"@type\": \"Question\",\n      \"name\": \"Hogyan lehetnek a t\u00e1rol\u00f3k egyszerre praktikusak \u00e9s st\u00edlusosak?\",\n      \"acceptedAnswer\": {\n        \"@type\": \"Answer\",\n        \"text\": \"A t\u00e1rol\u00e1si megold\u00e1sok egyszerre lehetnek praktikusak \u00e9s mutat\u00f3sak, ha j\u00f3l v\u00e1lasztod meg \u0151ket. Dekorat\u00edv dobozok, polcok \u00e9s t\u00f6bbfunkci\u00f3s b\u00fatorok nem csup\u00e1n rendet tartanak, hanem szebb\u00e9 is teszik a szob\u00e1t.\"\n      }\n    },\n    {\n      \"@type\": \"Question\",\n      \"name\": \"Hogyan teheted szem\u00e9lyess\u00e9 a koll\u00e9giumi szob\u00e1d dekorj\u00e1t?\",\n      \"acceptedAnswer\": {\n        \"@type\": \"Answer\",\n        \"text\": \"Ha szeretn\u00e9d, hogy igaz\u00e1n otthonosan \u00e9rezd magad, v\u00e1lassz olyan dekor\u00e1ci\u00f3kat, amelyek r\u00f3lad sz\u00f3lnak! V\u00e1logass kedves fot\u00f3kat, k\u00e9peket \u00e9s eml\u00e9keket \u2013 ezek amellett, hogy feldobj\u00e1k a szob\u00e1d hangulat\u00e1t, mindig j\u00f3 \u00e9rz\u00e9ssel t\u00f6ltenek el.\"\n      }\n    },\n    {\n      \"@type\": \"Question\",\n      \"name\": \"Miben lehetnek hasznosak a DIY projektek a koll\u00e9giumi szob\u00e1ban?\",\n      \"acceptedAnswer\": {\n        \"@type\": \"Answer\",\n        \"text\": \"Az egyedi k\u00e9zzel k\u00e9sz\u00edtett (DIY) projektek nagyszer\u0171ek, ha saj\u00e1t \u00edzl\u00e9sedet \u00e9s kreativit\u00e1sodat szeretn\u00e9d megmutatni a koll\u00e9giumi szob\u00e1dban. K\u00e9sz\u00edthetsz saj\u00e1t fali dekor\u00e1ci\u00f3kat vagy egyedi t\u00e1rol\u00f3kat \u2013 mindezzel sokkal otthonosabb lesz a k\u00f6rnyezet.\"\n      }\n    },\n    {\n      \"@type\": \"Question\",\n      \"name\": \"Tippek a tanul\u00e1sbar\u00e1t k\u00f6rnyezet kialak\u00edt\u00e1s\u00e1hoz\",\n      \"acceptedAnswer\": {\n        \"@type\": \"Answer\",\n        \"text\": \"P\u00e1r egyszer\u0171 l\u00e9p\u00e9ssel igazi tanul\u00f3sarkot var\u00e1zsolhatsz a koll\u00e9giumi szob\u00e1db\u00f3l. Alak\u00edts ki egy saj\u00e1t helyet a tanul\u00e1shoz. Figyelj a j\u00f3 vil\u00e1g\u00edt\u00e1sra! Egy j\u00f3 asztali l\u00e1mpa vagy puha, de el\u00e9g er\u0151s f\u00e9ny seg\u00edti, hogy ne f\u00e1radjon a szemed.\"\n      }\n    }\n  ]\n}\n<\/script>\n\n<script type=\"application\/ld+json\">\n{\n  \"@context\": \"https:\/\/schema.org\",\n  \"@type\": \"HowTo\",\n  \"name\": \"Otthonos koll\u00e9giumi szoba kialak\u00edt\u00e1sa l\u00e9p\u00e9sr\u0151l l\u00e9p\u00e9sre\",\n  \"description\": \"\u00datmutat\u00f3 arr\u00f3l, hogyan alak\u00edthatsz ki bar\u00e1ts\u00e1gos \u00e9s egyedi koll\u00e9giumi szob\u00e1t meleg sz\u00ednekkel, puha anyagokkal, szem\u00e9lyes t\u00e1rgyakkal, k\u00f6lts\u00e9ghat\u00e9kony \u00f6tletekkel \u00e9s st\u00edlusos dekor\u00e1ci\u00f3val.\",\n  \"image\": [\n    \"https:\/\/doubletakedecor.com\/uploads\/2025\/08\/cozy-dorm-room-aesthetic-dtd-01.jpg\",\n    \"https:\/\/doubletakedecor.com\/uploads\/2025\/08\/cozy-dorm-room-aesthetic-dtd-02.jpg\",\n    \"https:\/\/doubletakedecor.com\/uploads\/2025\/08\/cozy-dorm-room-aesthetic-dtd-03.jpg\"\n  ],\n  \"step\": [\n    {\n      \"@type\": \"HowToStep\",\n      \"name\": \"Sz\u00ednek \u00e9s text\u00edli\u00e1k kiv\u00e1laszt\u00e1sa\",\n      \"text\": \"V\u00e1lassz meleg sz\u00edneket \u00e9s puha anyagokat (pl. \u00e1gynem\u0171, takar\u00f3, d\u00edszp\u00e1rna). Ezek seg\u00edtenek bar\u00e1ts\u00e1gos, pihentet\u0151 l\u00e9gk\u00f6rt teremteni.\",\n      \"image\": \"https:\/\/doubletakedecor.com\/uploads\/2025\/08\/cozy-dorm-room-aesthetic-dtd-01.jpg\"\n    },\n    {\n      \"@type\": \"HowToStep\",\n      \"name\": \"Hangulatos vil\u00e1g\u00edt\u00e1s elhelyez\u00e9se\",\n      \"text\": \"Tedd fel a f\u00e9nyf\u00fcz\u00e9reket, gyerty\u00e1kat vagy asztali l\u00e1mp\u00e1kat, hogy meleg, meghitt f\u00e9nyt adj a szob\u00e1nak.\",\n      \"image\": \"https:\/\/doubletakedecor.com\/uploads\/2025\/08\/cozy-dorm-room-aesthetic-dtd-11.jpg\"\n    },\n    {\n      \"@type\": \"HowToStep\",\n      \"name\": \"Szem\u00e9lyes t\u00e1rgyak elhelyez\u00e9se\",\n      \"text\": \"Dekor\u00e1lj f\u00e9nyk\u00e9pekkel, kedvenc eml\u00e9kekkel vagy DIY d\u00edszekkel. Ezek igaz\u00e1n szem\u00e9lyess\u00e9 \u00e9s otthonoss\u00e1 teszik a szob\u00e1dat.\",\n      \"image\": \"https:\/\/doubletakedecor.com\/uploads\/2025\/08\/cozy-dorm-room-aesthetic-dtd-02.jpg\"\n    },\n    {\n      \"@type\": \"HowToStep\",\n      \"name\": \"K\u00f6lts\u00e9ghat\u00e9kony megold\u00e1sok alkalmaz\u00e1sa\",\n      \"text\": \"Haszn\u00e1lj \u00fajrahasznos\u00edtott b\u00fatorokat, saj\u00e1t k\u00e9sz\u00edt\u00e9s\u0171 faldekor\u00e1ci\u00f3t vagy t\u00f6bbfunkci\u00f3s t\u00e1rol\u00f3kat. Ezekkel p\u00e9nzt takar\u00edtasz meg \u00e9s egyedi lesz a szob\u00e1d.\",\n      \"image\": \"https:\/\/doubletakedecor.com\/uploads\/2025\/08\/cozy-dorm-room-aesthetic-dtd-17.jpg\"\n    },\n    {\n      \"@type\": \"HowToStep\",\n      \"name\": \"St\u00edlusos t\u00e1rol\u00f3k \u00e9s rendszerez\u00e9s\",\n      \"text\": \"V\u00e1lassz dekorat\u00edv kosarakat, dobozokat \u00e9s lebeg\u0151 polcokat a rend \u00e9s a st\u00edlus \u00e9rdek\u00e9ben.\",\n      \"image\": \"https:\/\/doubletakedecor.com\/uploads\/2025\/08\/cozy-dorm-room-aesthetic-dtd-15.jpg\"\n    },\n    {\n      \"@type\": \"HowToStep\",\n      \"name\": \"N\u00f6v\u00e9nyek elhelyez\u00e9se\",\n      \"text\": \"Tegy\u00e9l be szoban\u00f6v\u00e9nyeket, amik tiszt\u00edtj\u00e1k a leveg\u0151t \u00e9s term\u00e9szetess\u00e9 teszik a szob\u00e1d hangulat\u00e1t.\",\n      \"image\": \"https:\/\/doubletakedecor.com\/uploads\/2025\/08\/cozy-dorm-room-aesthetic-dtd-06.jpg\"\n    },\n    {\n      \"@type\": \"HowToStep\",\n      \"name\": \"Tanul\u00f3sarok kialak\u00edt\u00e1sa\",\n      \"text\": \"\u00c1ll\u00edtsd az \u00edr\u00f3asztalt az ablak mell\u00e9, gondoskodj j\u00f3 vil\u00e1g\u00edt\u00e1sr\u00f3l \u00e9s k\u00e9nyelmes sz\u00e9kr\u0151l. Tartsd rendben a tanul\u00f3sarkod polcokkal \u00e9s t\u00e1rol\u00f3kkal.\",\n      \"image\": \"https:\/\/doubletakedecor.com\/uploads\/2025\/08\/cozy-dorm-room-aesthetic-dtd-12.jpg\"\n    }\n  ],\n  \"totalTime\": \"PT2H\",\n  \"tool\": [\n    {\n      \"@type\": \"HowToTool\",\n      \"name\": \"F\u00e9nyf\u00fcz\u00e9r\"\n    },\n    {\n      \"@type\": \"HowToTool\",\n      \"name\": \"D\u00edszp\u00e1rna\"\n    },\n    {\n      \"@type\": \"HowToTool\",\n      \"name\": \"Dekorat\u00edv t\u00e1rol\u00f3\"\n    }\n  ],\n  \"supply\": [\n    {\n      \"@type\": \"HowToSupply\",\n      \"name\": \"Puha \u00e1gynem\u0171 \u00e9s takar\u00f3\"\n    },\n    {\n      \"@type\": \"HowToSupply\",\n      \"name\": \"Szem\u00e9lyes dekor\u00e1ci\u00f3k (fot\u00f3k, eml\u00e9kek, DIY d\u00edszek)\"\n    },\n    {\n      \"@type\": \"HowToSupply\",\n      \"name\": \"Szoban\u00f6v\u00e9nyek\"\n    }\n  ]\n}\n<\/script>\n","_links":{"self":[{"href":"https:\/\/doubletakedecor.com\/hu\/wp-json\/wp\/v2\/posts\/6669","targetHints":{"allow":["GET"]}}],"collection":[{"href":"https:\/\/doubletakedecor.com\/hu\/wp-json\/wp\/v2\/posts"}],"about":[{"href":"https:\/\/doubletakedecor.com\/hu\/wp-json\/wp\/v2\/types\/post"}],"author":[{"embeddable":true,"href":"https:\/\/doubletakedecor.com\/hu\/wp-json\/wp\/v2\/users\/12"}],"replies":[{"embeddable":true,"href":"https:\/\/doubletakedecor.com\/hu\/wp-json\/wp\/v2\/comments?post=6669"}],"version-history":[{"count":1,"href":"https:\/\/doubletakedecor.com\/hu\/wp-json\/wp\/v2\/posts\/6669\/revisions"}],"predecessor-version":[{"id":6670,"href":"https:\/\/doubletakedecor.com\/hu\/wp-json\/wp\/v2\/posts\/6669\/revisions\/6670"}],"wp:featuredmedia":[{"embeddable":true,"href":"https:\/\/doubletakedecor.com\/hu\/wp-json\/wp\/v2\/media\/6146"}],"wp:attachment":[{"href":"https:\/\/doubletakedecor.com\/hu\/wp-json\/wp\/v2\/media?parent=6669"}],"wp:term":[{"taxonomy":"category","embeddable":true,"href":"https:\/\/doubletakedecor.com\/hu\/wp-json\/wp\/v2\/categories?post=6669"},{"taxonomy":"post_tag","embeddable":true,"href":"https:\/\/doubletakedecor.com\/hu\/wp-json\/wp\/v2\/tags?post=6669"}],"curies":[{"name":"wp","href":"https:\/\/api.w.org\/{rel}","templated":true}]}}