{"id":6671,"date":"2025-08-25T00:59:37","date_gmt":"2025-08-24T22:59:37","guid":{"rendered":"https:\/\/doubletakedecor.com\/diy-projektek\/barkacs-viragbar\/"},"modified":"2025-08-25T03:28:35","modified_gmt":"2025-08-25T01:28:35","slug":"barkacs-viragbar","status":"publish","type":"post","link":"https:\/\/doubletakedecor.com\/hu\/diy-projektek\/barkacs-viragbar\/","title":{"rendered":"Hogyan k\u00e9sz\u00edts leny\u0171g\u00f6z\u0151 bark\u00e1cs vir\u00e1gb\u00e1rt b\u00e1rmilyen esem\u00e9nyre"},"content":{"rendered":"<p>V\u00e1ltoztasd a k\u00f6vetkez\u0151 \u00f6sszej\u00f6vetelt egy eml\u00e9kezetes, k\u00f6z\u00f6s \u00e9lm\u00e9nny\u00e9 egy saj\u00e1t k\u00e9sz\u00edt\u00e9s\u0171 vir\u00e1gb\u00e1rral! Egy ilyen vir\u00e1gos \u201c\u00e1llom\u00e1sn\u00e1l\u201d a vend\u00e9gek maguk v\u00e1logathatnak a friss vir\u00e1gok \u00e9s z\u00f6ldek k\u00f6z\u00fcl, majd elk\u00e9sz\u00edthetik a saj\u00e1t csokrukat. Ez a k\u00e9zm\u0171ves program nemcsak az egy\u00e9ni kreativit\u00e1st \u00fcnnepli, de k\u00f6zelebb is hozza egym\u00e1shoz a r\u00e9sztvev\u0151ket \u2013 t\u00f6k\u00e9letes esk\u00fcv\u0151kre, l\u00e1nyb\u00facs\u00fakra, kreat\u00edv estekre vagy ak\u00e1r bar\u00e1ti tal\u00e1lkoz\u00f3kra.<\/p>\n<p>Egy vir\u00e1gb\u00e1r \u00f6ssze\u00e1ll\u00edt\u00e1sa meglep\u0151en egyszer\u0171, \u00e9s p\u00e9nzt\u00e1rcabar\u00e1t is, ha \u00e9vszaknak megfelel\u0151, helyi vir\u00e1gokat v\u00e1lasztasz. Csak n\u00e9h\u00e1ny alap kell hozz\u00e1: egy j\u00f3l l\u00e1that\u00f3 asztal vagy \u00e1llv\u00e1ny, k\u00fcl\u00f6nf\u00e9le vir\u00e1gok \u00e9s z\u00f6ldek, v\u00e1g\u00f3oll\u00f3, vizes v\u00e1z\u00e1k, \u00e9s apr\u00f3 d\u00edszek \u2013 p\u00e9ld\u00e1ul szalagok vagy n\u00e9vre sz\u00f3l\u00f3 kis k\u00e1rty\u00e1k.<\/p>\n<p>A DIY vir\u00e1gb\u00e1r igazi var\u00e1zsa a sokoldal\u00fas\u00e1g\u00e1ban rejlik \u2013 k\u00f6nnyen a rendezv\u00e9ny sz\u00edneihez vagy t\u00e9m\u00e1j\u00e1hoz igaz\u00edthatod. M\u00e9g \u00e9lvezetesebb\u00e9 teszi a programot, ha gyors, k\u00f6nnyen k\u00f6vethet\u0151 csokork\u00e9sz\u00edt\u0151 bemutat\u00f3t, vir\u00e1gos innival\u00f3kat vagy \u00f6tletes csomagol\u00e1sokat is k\u00edn\u00e1lsz, hogy a vend\u00e9gek hazavihetik saj\u00e1t alkot\u00e1sukat.<\/p>\n<p>A vir\u00e1gb\u00e1r nemcsak sz\u00f3rakoztat\u00f3 elfoglalts\u00e1g, hanem \u00e9rt\u00e9kes, szem\u00e9lyes eml\u00e9keket is ad \u2013 a hazavitt csokrok m\u00e9g sok\u00e1ig \u00f6r\u00f6met okoznak. Ha kipr\u00f3b\u00e1lod ezt az interakt\u00edv vir\u00e1gos \u00e9lm\u00e9nyt, nemcsak a teret d\u00edsz\u00edted fel, hanem olyan l\u00e9gk\u00f6rt teremtesz, ahol a kreativit\u00e1s \u00e9s a k\u00f6z\u00f6s pillanatok igaz\u00e1n sz\u00e1rba sz\u00f6kkennek.<\/p>\n<div class=\"kt_block\" id=\"kt_id\">\n<span class=\"kt_headline\">A legfontosabb tudnival\u00f3k<\/span><\/p>\n<ul class=\"kt_post_list\">\n<li><strong>\ud83c\udf38 K\u00f6z\u00f6s, maradand\u00f3 \u00e9lm\u00e9ny:<\/strong> A saj\u00e1t vir\u00e1gb\u00e1r egyedi, kreat\u00edv program minden alkalomra, ahol mindenki k\u00e9sz\u00edthet saj\u00e1t csokrot \u2013 t\u00f6k\u00e9letes esk\u00fcv\u0151kre, l\u00e1nyb\u00facs\u00fakra vagy bar\u00e1ti \u00f6sszej\u00f6vetelekre.<\/li>\n<li><strong>\ud83d\udc90 Egyszer\u0171, gazdas\u00e1gos megval\u00f3s\u00edt\u00e1s:<\/strong> Egy vir\u00e1gb\u00e1r k\u00f6nnyen \u00e9s olcs\u00f3n kialak\u00edthat\u00f3, f\u0151leg ha szezon\u00e1lis \u00e9s helyi vir\u00e1gokat, valamint egyszer\u0171 eszk\u00f6z\u00f6ket (pl. oll\u00f3, vizes ed\u00e9ny, szalagok) haszn\u00e1lsz.<\/li>\n<li><strong>\ud83c\udfa8 Sokoldal\u00fa, b\u00e1rmilyen alkalomra szabhat\u00f3:<\/strong> A vir\u00e1gb\u00e1r st\u00edlusa \u00e9s sz\u00ednei j\u00f3l igaz\u00edthat\u00f3k b\u00e1rmilyen esem\u00e9nyhez \u2013 ak\u00e1r bemutat\u00f3k, vir\u00e1gos friss\u00edt\u0151k vagy csomagol\u00e1si \u00f6tletek is feldobhatj\u00e1k.<\/li>\n<li><strong>\ud83c\udf3f Tart\u00f3s eml\u00e9kek:<\/strong> A vir\u00e1gb\u00e1r nemcsak sz\u00f3rakoztat, hanem \u00e9rt\u00e9kes eml\u00e9keket is ad: a hazavitt, saj\u00e1t k\u00e9sz\u00edt\u00e9s\u0171 csokrok m\u00e9g hossz\u00fa ideig \u00f6r\u00f6met szereznek.<\/li>\n<\/ul>\n<\/div>\n<h2>Eleg\u00e1ns feh\u00e9r desszertes kocsi vir\u00e1gos d\u00edsz\u00edt\u00e9ssel<\/h2>\n<p><img loading=\"lazy\" decoding=\"async\" width=\"700\" height=\"1050\" alt=\"Eleg\u00e1ns feh\u00e9r desszertes kocsi feh\u00e9r r\u00f3zs\u00e1kkal \u00e9s l\u00e1gy, pasztell vir\u00e1gokkal, rusztikus t\u00e9glafal el\u0151tt \u2013 t\u00f6k\u00e9letes DIY vir\u00e1gb\u00e1r alap.\" class=\"aligncenter size-full wp-image-6151\" src=\"https:\/\/doubletakedecor.com\/uploads\/2025\/08\/diy-flower-bar-dtd-01.jpg\" srcset=\"https:\/\/doubletakedecor.com\/uploads\/2025\/08\/diy-flower-bar-dtd-01.jpg 700w, https:\/\/doubletakedecor.com\/uploads\/2025\/08\/diy-flower-bar-dtd-01-200x300.jpg 200w, https:\/\/doubletakedecor.com\/uploads\/2025\/08\/diy-flower-bar-dtd-01-683x1024.jpg 683w, https:\/\/doubletakedecor.com\/uploads\/2025\/08\/diy-flower-bar-dtd-01-96x144.jpg 96w, https:\/\/doubletakedecor.com\/uploads\/2025\/08\/diy-flower-bar-dtd-01-280x420.jpg 280w, https:\/\/doubletakedecor.com\/uploads\/2025\/08\/diy-flower-bar-dtd-01-320x480.jpg 320w, https:\/\/doubletakedecor.com\/uploads\/2025\/08\/diy-flower-bar-dtd-01-360x540.jpg 360w, https:\/\/doubletakedecor.com\/uploads\/2025\/08\/diy-flower-bar-dtd-01-363x545.jpg 363w, https:\/\/doubletakedecor.com\/uploads\/2025\/08\/diy-flower-bar-dtd-01-370x555.jpg 370w, https:\/\/doubletakedecor.com\/uploads\/2025\/08\/diy-flower-bar-dtd-01-400x600.jpg 400w, https:\/\/doubletakedecor.com\/uploads\/2025\/08\/diy-flower-bar-dtd-01-560x840.jpg 560w, https:\/\/doubletakedecor.com\/uploads\/2025\/08\/diy-flower-bar-dtd-01-480x720.jpg 480w\" sizes=\"auto, (max-width: 700px) 100vw, 700px\" \/><\/p>\n<p>Friss\u00edts fel egy r\u00e9gi desszertes kocsit, \u00e9s rendezd el rajta egym\u00e1s f\u00f6l\u00e9 r\u00e9tegzett, feh\u00e9r \u00e9s pasztell \u00e1rnyalat\u00fa vir\u00e1gokat. Pakold k\u00f6z\u00e9j\u00fck poharakat vagy v\u00e1z\u00e1kat, hogy minden k\u00e9zn\u00e9l legyen. Hangulatosabb\u00e1 teheted a fel\u00fcletet p\u00e1r l\u00e1mp\u00e1ssal, a mell\u00e9 helyezett f\u00e1b\u00f3l k\u00e9sz\u00fclt vir\u00e1gl\u00e1d\u00e1k pedig tov\u00e1bb fokozz\u00e1k a l\u00e1tv\u00e1nyt. Ez a dekor k\u00fcl\u00f6n\u00f6sen j\u00f3l mutat strukt\u00far\u00e1lt h\u00e1tt\u00e9r (p\u00e9ld\u00e1ul t\u00e9glafal) el\u0151tt, ahol a term\u00e9szetes f\u00e9ny sz\u00e9pen kiemeli a kompoz\u00edci\u00f3t.<\/p>\n<h2>\u00c9lettel teli vir\u00e1gkompoz\u00edci\u00f3 rusztikus kasp\u00f3kban<\/h2>\n<p><img loading=\"lazy\" decoding=\"async\" width=\"700\" height=\"1050\" alt=\"Sz\u00ednes vir\u00e1gkompoz\u00edci\u00f3 piros r\u00f3zs\u00e1kkal, s\u00e1rga margar\u00e9t\u00e1kkal, k\u00e9k hortenzi\u00e1kkal, f\u00e9m kasp\u00f3kban, napf\u00e9nyes h\u00e1tt\u00e9r el\u0151tt.\" class=\"aligncenter size-full wp-image-6157\" src=\"https:\/\/doubletakedecor.com\/uploads\/2025\/08\/diy-flower-bar-dtd-02.jpg\" srcset=\"https:\/\/doubletakedecor.com\/uploads\/2025\/08\/diy-flower-bar-dtd-02.jpg 700w, https:\/\/doubletakedecor.com\/uploads\/2025\/08\/diy-flower-bar-dtd-02-200x300.jpg 200w, https:\/\/doubletakedecor.com\/uploads\/2025\/08\/diy-flower-bar-dtd-02-683x1024.jpg 683w, https:\/\/doubletakedecor.com\/uploads\/2025\/08\/diy-flower-bar-dtd-02-96x144.jpg 96w, https:\/\/doubletakedecor.com\/uploads\/2025\/08\/diy-flower-bar-dtd-02-280x420.jpg 280w, https:\/\/doubletakedecor.com\/uploads\/2025\/08\/diy-flower-bar-dtd-02-320x480.jpg 320w, https:\/\/doubletakedecor.com\/uploads\/2025\/08\/diy-flower-bar-dtd-02-360x540.jpg 360w, https:\/\/doubletakedecor.com\/uploads\/2025\/08\/diy-flower-bar-dtd-02-363x545.jpg 363w, https:\/\/doubletakedecor.com\/uploads\/2025\/08\/diy-flower-bar-dtd-02-370x555.jpg 370w, https:\/\/doubletakedecor.com\/uploads\/2025\/08\/diy-flower-bar-dtd-02-400x600.jpg 400w, https:\/\/doubletakedecor.com\/uploads\/2025\/08\/diy-flower-bar-dtd-02-560x840.jpg 560w, https:\/\/doubletakedecor.com\/uploads\/2025\/08\/diy-flower-bar-dtd-02-480x720.jpg 480w\" sizes=\"auto, (max-width: 700px) 100vw, 700px\" \/><\/p>\n<p>K\u00e9sz\u00edts l\u00e1tv\u00e1nyos DIY vir\u00e1gb\u00e1rt sz\u00ednes, vintage hangulat\u00fa f\u00e9m kasp\u00f3kba tett friss, \u00e9l\u00e9nk vir\u00e1gokkal. Kombin\u00e1ld a r\u00f3zs\u00e1t, a gerber\u00e1t \u00e9s a hortenzi\u00e1t, hogy izgalmas legyen az \u00f6sszhat\u00e1s. Helyezd el a kompoz\u00edci\u00f3t term\u00e9szetes z\u00f6ldn\u00f6v\u00e9nyek k\u00f6zel\u00e9ben, hogy m\u00e9g jobban \u00e9rv\u00e9nyes\u00fcljenek a vir\u00e1gok. Szabadt\u00e9ri \u00f6sszej\u00f6veteleken vagy otthoni dekor\u00e1ci\u00f3k\u00e9nt is t\u00f6k\u00e9letes v\u00e1laszt\u00e1s.<\/p>\n<h2>L\u00e9pcs\u0151s vir\u00e1g- \u00e9s lufidekor\u00e1ci\u00f3<\/h2>\n<p><img loading=\"lazy\" decoding=\"async\" width=\"700\" height=\"1050\" alt=\"Eleg\u00e1ns DIY vir\u00e1gb\u00e1r: r\u00f3zsasz\u00edn friss\u00edt\u0151k feh\u00e9r asztalon, \u00e9l\u00e9nk vir\u00e1gkompoz\u00edci\u00f3 \u00e9s l\u00e9pcs\u0151 ment\u00e9n felf\u0171z\u00f6tt lufik h\u00e1tt\u00e9rk\u00e9nt\" class=\"aligncenter size-full wp-image-6163\" src=\"https:\/\/doubletakedecor.com\/uploads\/2025\/08\/diy-flower-bar-dtd-03.jpg\" srcset=\"https:\/\/doubletakedecor.com\/uploads\/2025\/08\/diy-flower-bar-dtd-03.jpg 700w, https:\/\/doubletakedecor.com\/uploads\/2025\/08\/diy-flower-bar-dtd-03-200x300.jpg 200w, https:\/\/doubletakedecor.com\/uploads\/2025\/08\/diy-flower-bar-dtd-03-683x1024.jpg 683w, https:\/\/doubletakedecor.com\/uploads\/2025\/08\/diy-flower-bar-dtd-03-96x144.jpg 96w, https:\/\/doubletakedecor.com\/uploads\/2025\/08\/diy-flower-bar-dtd-03-280x420.jpg 280w, https:\/\/doubletakedecor.com\/uploads\/2025\/08\/diy-flower-bar-dtd-03-320x480.jpg 320w, https:\/\/doubletakedecor.com\/uploads\/2025\/08\/diy-flower-bar-dtd-03-360x540.jpg 360w, https:\/\/doubletakedecor.com\/uploads\/2025\/08\/diy-flower-bar-dtd-03-363x545.jpg 363w, https:\/\/doubletakedecor.com\/uploads\/2025\/08\/diy-flower-bar-dtd-03-370x555.jpg 370w, https:\/\/doubletakedecor.com\/uploads\/2025\/08\/diy-flower-bar-dtd-03-400x600.jpg 400w, https:\/\/doubletakedecor.com\/uploads\/2025\/08\/diy-flower-bar-dtd-03-560x840.jpg 560w, https:\/\/doubletakedecor.com\/uploads\/2025\/08\/diy-flower-bar-dtd-03-480x720.jpg 480w\" sizes=\"auto, (max-width: 700px) 100vw, 700px\" \/><\/p>\n<p>Alak\u00edtsd \u00e1t a l\u00e9pcs\u0151t a rendezv\u00e9nyed k\u00f6zponti l\u00e1tv\u00e1nyoss\u00e1g\u00e1v\u00e1, ha sz\u00ednes lufikat \u00e9s vir\u00e1gkompoz\u00edci\u00f3kat f\u0171z\u00f6l a korl\u00e1thoz. A k\u00f6zelben k\u00edn\u00e1lj egyszer\u0171 italsarkot \u00e1tl\u00e1tsz\u00f3 poharakba t\u00f6lt\u00f6tt r\u00f3zsasz\u00edn italokkal. Tedd ki a vir\u00e1gokat \u00e1tl\u00e1tsz\u00f3 v\u00e1z\u00e1kba \u00fagy, hogy a f\u00e9ny sz\u00e9pen r\u00e1juk essen, \u00e9s kiemelje a hangulatot. Ez a d\u00edsz\u00edt\u00e9s igaz\u00e1n k\u00fcl\u00f6nlegess\u00e9 teszi p\u00e9ld\u00e1ul a l\u00e1nyb\u00facs\u00fakat vagy \u00fcnnepi alkalmakat.<\/p>\n<h2>H\u00edvogat\u00f3 vir\u00e1gos asztald\u00edsz<\/h2>\n<p><img loading=\"lazy\" decoding=\"async\" width=\"700\" height=\"1050\" alt=\"Hangulatos vir\u00e1gb\u00e1r: f\u00e1b\u00f3l k\u00e9sz\u00fclt kerek asztal, s\u00e1rga \u00e9s feh\u00e9r cserepes vir\u00e1gok, kr\u00e9tat\u00e1bla, rusztikus sz\u00e9k feh\u00e9r t\u00e9glafal el\u0151tt\" class=\"aligncenter size-full wp-image-6169\" src=\"https:\/\/doubletakedecor.com\/uploads\/2025\/08\/diy-flower-bar-dtd-04.jpg\" srcset=\"https:\/\/doubletakedecor.com\/uploads\/2025\/08\/diy-flower-bar-dtd-04.jpg 700w, https:\/\/doubletakedecor.com\/uploads\/2025\/08\/diy-flower-bar-dtd-04-200x300.jpg 200w, https:\/\/doubletakedecor.com\/uploads\/2025\/08\/diy-flower-bar-dtd-04-683x1024.jpg 683w, https:\/\/doubletakedecor.com\/uploads\/2025\/08\/diy-flower-bar-dtd-04-96x144.jpg 96w, https:\/\/doubletakedecor.com\/uploads\/2025\/08\/diy-flower-bar-dtd-04-280x420.jpg 280w, https:\/\/doubletakedecor.com\/uploads\/2025\/08\/diy-flower-bar-dtd-04-320x480.jpg 320w, https:\/\/doubletakedecor.com\/uploads\/2025\/08\/diy-flower-bar-dtd-04-360x540.jpg 360w, https:\/\/doubletakedecor.com\/uploads\/2025\/08\/diy-flower-bar-dtd-04-363x545.jpg 363w, https:\/\/doubletakedecor.com\/uploads\/2025\/08\/diy-flower-bar-dtd-04-370x555.jpg 370w, https:\/\/doubletakedecor.com\/uploads\/2025\/08\/diy-flower-bar-dtd-04-400x600.jpg 400w, https:\/\/doubletakedecor.com\/uploads\/2025\/08\/diy-flower-bar-dtd-04-560x840.jpg 560w, https:\/\/doubletakedecor.com\/uploads\/2025\/08\/diy-flower-bar-dtd-04-480x720.jpg 480w\" sizes=\"auto, (max-width: 700px) 100vw, 700px\" \/><\/p>\n<p>Var\u00e1zsolj bar\u00e1ts\u00e1gos hangulatot a DIY vir\u00e1gb\u00e1rnak egy kerek fa asztallal! Helyezz r\u00e1 feh\u00e9r cserepekbe \u00fcltetett s\u00e1rga \u00e9s feh\u00e9r vir\u00e1gokat, k\u00f6z\u00e9pen egy kr\u00e9tat\u00e1bl\u00e1val \u2013 \u00edgy igaz\u00e1n izgalmas lesz a l\u00e1tv\u00e1ny. Mindk\u00e9t oldalra tegy\u00e9l nagyobb vir\u00e1gcsokrokat az egyens\u00faly\u00e9rt, illetve egy fonott kos\u00e1rba z\u00f6ldeket a sz\u00e9k mell\u00e9, hogy m\u00e9g term\u00e9szetesebb legyen a hangulat. A legjobb, ha term\u00e9szetes f\u00e9nyt\u0151l nem t\u00fal messze k\u00e9sz\u00edted el ezt az \u00f6ssze\u00e1ll\u00edt\u00e1st!<\/p>\n<h2>Eleg\u00e1ns vir\u00e1gos kocsi d\u00edsz\u00edt\u00e9s<\/h2>\n<p><img loading=\"lazy\" decoding=\"async\" width=\"700\" height=\"1049\" alt=\"Sz\u00e9pen d\u00edsz\u00edtett feh\u00e9r kocsi r\u00f3zsasz\u00edn f\u00e1tyollal, eleg\u00e1ns r\u00f3zsa-, bazsar\u00f3zsa- \u00e9s rezg\u0151csokorral \u2013 DIY vir\u00e1gb\u00e1rhoz.\" class=\"aligncenter size-full wp-image-6175\" src=\"https:\/\/doubletakedecor.com\/uploads\/2025\/08\/diy-flower-bar-dtd-05.jpg\" srcset=\"https:\/\/doubletakedecor.com\/uploads\/2025\/08\/diy-flower-bar-dtd-05.jpg 700w, https:\/\/doubletakedecor.com\/uploads\/2025\/08\/diy-flower-bar-dtd-05-200x300.jpg 200w, https:\/\/doubletakedecor.com\/uploads\/2025\/08\/diy-flower-bar-dtd-05-683x1024.jpg 683w, https:\/\/doubletakedecor.com\/uploads\/2025\/08\/diy-flower-bar-dtd-05-96x144.jpg 96w, https:\/\/doubletakedecor.com\/uploads\/2025\/08\/diy-flower-bar-dtd-05-280x420.jpg 280w, https:\/\/doubletakedecor.com\/uploads\/2025\/08\/diy-flower-bar-dtd-05-320x480.jpg 320w, https:\/\/doubletakedecor.com\/uploads\/2025\/08\/diy-flower-bar-dtd-05-360x539.jpg 360w, https:\/\/doubletakedecor.com\/uploads\/2025\/08\/diy-flower-bar-dtd-05-363x544.jpg 363w, https:\/\/doubletakedecor.com\/uploads\/2025\/08\/diy-flower-bar-dtd-05-370x554.jpg 370w, https:\/\/doubletakedecor.com\/uploads\/2025\/08\/diy-flower-bar-dtd-05-400x599.jpg 400w, https:\/\/doubletakedecor.com\/uploads\/2025\/08\/diy-flower-bar-dtd-05-560x839.jpg 560w, https:\/\/doubletakedecor.com\/uploads\/2025\/08\/diy-flower-bar-dtd-05-480x719.jpg 480w\" sizes=\"auto, (max-width: 700px) 100vw, 700px\" \/><\/p>\n<p>Alkoss var\u00e1zslatos DIY vir\u00e1gb\u00e1rt egy feh\u00e9r kocsival, amit l\u00e1gy r\u00f3zsasz\u00edn anyaggal ter\u00edtesz le. Rendezz el rajta k\u00fcl\u00f6nb\u00f6z\u0151 m\u00e9ret\u0171 v\u00e1z\u00e1kat, melyekbe r\u00f3zs\u00e1t, bazsar\u00f3zs\u00e1t \u00e9s rezg\u0151t teszel. K\u00e9sz\u00edts kisebb fal\u00e1d\u00e1kat is sz\u00e1las vir\u00e1gokkal, amelyeket a vend\u00e9gek szabadon v\u00e1logathatnak. Szint\u00e9n fontos, hogy a kompoz\u00edci\u00f3t term\u00e9szetes f\u00e9ny k\u00f6zel\u00e9be helyezd, \u00edgy a sz\u00ednek is m\u00e9g \u00e9l\u00e9nkebbek lesznek \u2013 igaz\u00e1n \u00fcnnepi, n\u00e1szaj\u00e1nd\u00e9k vagy bulihelysz\u00ednekre.<\/p>\n<h2>Sz\u00e1r\u00edtott vir\u00e1gos t\u00e1rol\u00f3 polc<\/h2>\n<p><img loading=\"lazy\" decoding=\"async\" width=\"700\" height=\"1050\" alt=\"Eleg\u00e1ns sz\u00e1r\u00edtott vir\u00e1gb\u00e1r, feliratos \u00fcvegcs\u00e9kkel fa polcokon, sokf\u00e9le text\u00fara \u00e9s sz\u00edn \u2013 inspir\u00e1ci\u00f3 otthoni dekorhoz\" class=\"aligncenter size-full wp-image-6181\" src=\"https:\/\/doubletakedecor.com\/uploads\/2025\/08\/diy-flower-bar-dtd-06.jpg\" srcset=\"https:\/\/doubletakedecor.com\/uploads\/2025\/08\/diy-flower-bar-dtd-06.jpg 700w, https:\/\/doubletakedecor.com\/uploads\/2025\/08\/diy-flower-bar-dtd-06-200x300.jpg 200w, https:\/\/doubletakedecor.com\/uploads\/2025\/08\/diy-flower-bar-dtd-06-683x1024.jpg 683w, https:\/\/doubletakedecor.com\/uploads\/2025\/08\/diy-flower-bar-dtd-06-96x144.jpg 96w, https:\/\/doubletakedecor.com\/uploads\/2025\/08\/diy-flower-bar-dtd-06-280x420.jpg 280w, https:\/\/doubletakedecor.com\/uploads\/2025\/08\/diy-flower-bar-dtd-06-320x480.jpg 320w, https:\/\/doubletakedecor.com\/uploads\/2025\/08\/diy-flower-bar-dtd-06-360x540.jpg 360w, https:\/\/doubletakedecor.com\/uploads\/2025\/08\/diy-flower-bar-dtd-06-363x545.jpg 363w, https:\/\/doubletakedecor.com\/uploads\/2025\/08\/diy-flower-bar-dtd-06-370x555.jpg 370w, https:\/\/doubletakedecor.com\/uploads\/2025\/08\/diy-flower-bar-dtd-06-400x600.jpg 400w, https:\/\/doubletakedecor.com\/uploads\/2025\/08\/diy-flower-bar-dtd-06-560x840.jpg 560w, https:\/\/doubletakedecor.com\/uploads\/2025\/08\/diy-flower-bar-dtd-06-480x720.jpg 480w\" sizes=\"auto, (max-width: 700px) 100vw, 700px\" \/><\/p>\n<p>Rendszerezd a DIY vir\u00e1gb\u00e1rod sz\u00e1r\u00edtott vir\u00e1gait fel\u00e9p\u00edtett fa polcokon sorakoz\u00f3, c\u00edmk\u00e9kkel ell\u00e1tott \u00fcvegekben. Magasabb sz\u00e1r\u00fa vir\u00e1gokhoz haszn\u00e1lj borosty\u00e1n sz\u00edn\u0171 \u00fcvegeket, a t\u00f6bbihez k\u00fcl\u00f6nf\u00e9le m\u00e9ret\u0171 \u00fcvegcs\u00e9ket. Sz\u00ednezd vagy t\u00edpusa szerint rendezd, egyszer\u0171 c\u00edmk\u00e9kkel az azonos\u00edt\u00e1s kedv\u00e9\u00e9rt. \u00cdgy a t\u00e1rol\u00e1s nemcsak praktikus, de dekorat\u00edv is lesz!<\/p>\n<h2>Eleg\u00e1ns vir\u00e1gkocsi arannyal<\/h2>\n<p><img loading=\"lazy\" decoding=\"async\" width=\"700\" height=\"1050\" alt=\"Gy\u00f6ny\u00f6r\u0171en rendezett r\u00f3zsasz\u00edn vir\u00e1gok feh\u00e9r ed\u00e9nyekben, arany sz\u00edn\u0171 kocsin \u2013 inspir\u00e1l\u00f3, eleg\u00e1ns DIY vir\u00e1gb\u00e1r.\" class=\"aligncenter size-full wp-image-6187\" src=\"https:\/\/doubletakedecor.com\/uploads\/2025\/08\/diy-flower-bar-dtd-07.jpg\" srcset=\"https:\/\/doubletakedecor.com\/uploads\/2025\/08\/diy-flower-bar-dtd-07.jpg 700w, https:\/\/doubletakedecor.com\/uploads\/2025\/08\/diy-flower-bar-dtd-07-200x300.jpg 200w, https:\/\/doubletakedecor.com\/uploads\/2025\/08\/diy-flower-bar-dtd-07-683x1024.jpg 683w, https:\/\/doubletakedecor.com\/uploads\/2025\/08\/diy-flower-bar-dtd-07-96x144.jpg 96w, https:\/\/doubletakedecor.com\/uploads\/2025\/08\/diy-flower-bar-dtd-07-280x420.jpg 280w, https:\/\/doubletakedecor.com\/uploads\/2025\/08\/diy-flower-bar-dtd-07-320x480.jpg 320w, https:\/\/doubletakedecor.com\/uploads\/2025\/08\/diy-flower-bar-dtd-07-360x540.jpg 360w, https:\/\/doubletakedecor.com\/uploads\/2025\/08\/diy-flower-bar-dtd-07-363x545.jpg 363w, https:\/\/doubletakedecor.com\/uploads\/2025\/08\/diy-flower-bar-dtd-07-370x555.jpg 370w, https:\/\/doubletakedecor.com\/uploads\/2025\/08\/diy-flower-bar-dtd-07-400x600.jpg 400w, https:\/\/doubletakedecor.com\/uploads\/2025\/08\/diy-flower-bar-dtd-07-560x840.jpg 560w, https:\/\/doubletakedecor.com\/uploads\/2025\/08\/diy-flower-bar-dtd-07-480x720.jpg 480w\" sizes=\"auto, (max-width: 700px) 100vw, 700px\" \/><\/p>\n<p>K\u00e9sz\u00edts mobil vir\u00e1gb\u00e1rt egy eleg\u00e1ns arany sz\u00edn\u0171, t\u00f6bbpolcos kocsira. V\u00e1laszd sz\u00e9t a vir\u00e1gokat fajt\u00e1nk\u00e9nt egyszer\u0171 feh\u00e9r kasp\u00f3kban, \u00edgy letisztult \u00e9s rendezett lesz a v\u00e9geredm\u00e9ny. Helyezd j\u00f3l megvil\u00e1g\u00edtott helyre, hogy a sz\u00ednes vir\u00e1gok igaz\u00e1n ragyogjanak, r\u00e1ad\u00e1sul \u00edgy minden vend\u00e9g k\u00f6nnyed\u00e9n el\u00e9rheti kedvenc\u00e9t! Eleg\u00e1ns \u00e9s modern megold\u00e1s b\u00e1rmely esem\u00e9nyhez.<\/p>\n<h2>Vir\u00e1gos, t\u00f6bbszintes kerti \u00e1llv\u00e1ny<\/h2>\n<p><img loading=\"lazy\" decoding=\"async\" width=\"700\" height=\"1049\" alt=\"Feh\u00e9r, t\u00f6bbszintes polc, amin sz\u00ednes vir\u00e1gcsokrok \u00e9s rusztikus d\u00edszek sora l\u00e1that\u00f3, kertben fel\u00e1ll\u00edtva.\" class=\"aligncenter size-full wp-image-6193\" src=\"https:\/\/doubletakedecor.com\/uploads\/2025\/08\/diy-flower-bar-dtd-08.jpg\" srcset=\"https:\/\/doubletakedecor.com\/uploads\/2025\/08\/diy-flower-bar-dtd-08.jpg 700w, https:\/\/doubletakedecor.com\/uploads\/2025\/08\/diy-flower-bar-dtd-08-200x300.jpg 200w, https:\/\/doubletakedecor.com\/uploads\/2025\/08\/diy-flower-bar-dtd-08-683x1024.jpg 683w, https:\/\/doubletakedecor.com\/uploads\/2025\/08\/diy-flower-bar-dtd-08-96x144.jpg 96w, https:\/\/doubletakedecor.com\/uploads\/2025\/08\/diy-flower-bar-dtd-08-280x420.jpg 280w, https:\/\/doubletakedecor.com\/uploads\/2025\/08\/diy-flower-bar-dtd-08-320x480.jpg 320w, https:\/\/doubletakedecor.com\/uploads\/2025\/08\/diy-flower-bar-dtd-08-360x539.jpg 360w, https:\/\/doubletakedecor.com\/uploads\/2025\/08\/diy-flower-bar-dtd-08-363x544.jpg 363w, https:\/\/doubletakedecor.com\/uploads\/2025\/08\/diy-flower-bar-dtd-08-370x554.jpg 370w, https:\/\/doubletakedecor.com\/uploads\/2025\/08\/diy-flower-bar-dtd-08-400x599.jpg 400w, https:\/\/doubletakedecor.com\/uploads\/2025\/08\/diy-flower-bar-dtd-08-560x839.jpg 560w, https:\/\/doubletakedecor.com\/uploads\/2025\/08\/diy-flower-bar-dtd-08-480x719.jpg 480w\" sizes=\"auto, (max-width: 700px) 100vw, 700px\" \/><\/p>\n<p>\u00c1ll\u00edts \u00f6ssze t\u00f6bbszintes vir\u00e1gb\u00e1rt egy feh\u00e9r polcos \u00e1llv\u00e1nnyal, amelyre sz\u00edncsoportonk\u00e9nt, k\u00fcl\u00f6nb\u00f6z\u0151 magass\u00e1gokban helyezel el csokrokat. Eg\u00e9sz\u00edtsd ki keretezett feliratokkal, fa kieg\u00e9sz\u00edt\u0151kkel, hogy m\u00e9g meghittebb, rusztikus hat\u00e1st \u00e9rj el. A kasp\u00f3k t\u00edpus\u00e1t is b\u00e1tran vari\u00e1ld \u2013 legyen k\u00f6zt\u00fck ker\u00e1mia, f\u00e9m \u00e9s \u00fcveg \u2013, \u00edgy izgalmasabb lesz az \u00f6sszk\u00e9p \u00e9s t\u00f6bbf\u00e9le vir\u00e1g is elf\u00e9r.<\/p>\n<h2>T\u00f6bbszintes vir\u00e1gos \u00e1llv\u00e1ny dekor\u00e1ci\u00f3<\/h2>\n<p><img loading=\"lazy\" decoding=\"async\" width=\"700\" height=\"1049\" alt=\"Sz\u00ednes m\u0171tulip\u00e1nok f\u00e9m v\u00f6dr\u00f6kben fekete polcon, tov\u00e1bbi vir\u00e1gok k\u00f6r alak\u00fa asztalon \u2013 vid\u00e1m DIY vir\u00e1gb\u00e1r \u00f6ssze\u00e1ll\u00edt\u00e1s\" class=\"aligncenter size-full wp-image-6199\" src=\"https:\/\/doubletakedecor.com\/uploads\/2025\/08\/diy-flower-bar-dtd-09.jpg\" srcset=\"https:\/\/doubletakedecor.com\/uploads\/2025\/08\/diy-flower-bar-dtd-09.jpg 700w, https:\/\/doubletakedecor.com\/uploads\/2025\/08\/diy-flower-bar-dtd-09-200x300.jpg 200w, https:\/\/doubletakedecor.com\/uploads\/2025\/08\/diy-flower-bar-dtd-09-683x1024.jpg 683w, https:\/\/doubletakedecor.com\/uploads\/2025\/08\/diy-flower-bar-dtd-09-96x144.jpg 96w, https:\/\/doubletakedecor.com\/uploads\/2025\/08\/diy-flower-bar-dtd-09-280x420.jpg 280w, https:\/\/doubletakedecor.com\/uploads\/2025\/08\/diy-flower-bar-dtd-09-320x480.jpg 320w, https:\/\/doubletakedecor.com\/uploads\/2025\/08\/diy-flower-bar-dtd-09-360x539.jpg 360w, https:\/\/doubletakedecor.com\/uploads\/2025\/08\/diy-flower-bar-dtd-09-363x544.jpg 363w, https:\/\/doubletakedecor.com\/uploads\/2025\/08\/diy-flower-bar-dtd-09-370x554.jpg 370w, https:\/\/doubletakedecor.com\/uploads\/2025\/08\/diy-flower-bar-dtd-09-400x599.jpg 400w, https:\/\/doubletakedecor.com\/uploads\/2025\/08\/diy-flower-bar-dtd-09-560x839.jpg 560w, https:\/\/doubletakedecor.com\/uploads\/2025\/08\/diy-flower-bar-dtd-09-480x719.jpg 480w\" sizes=\"auto, (max-width: 700px) 100vw, 700px\" \/><\/p>\n<p>K\u00e9sz\u00edts profi vir\u00e1gb\u00e1rt t\u00f6bbszintes polcokra helyezett, sz\u00ednes m\u0171tulip\u00e1nokb\u00f3l, galv\u00e1n v\u00f6dr\u00f6kben. V\u00e1logasd \u0151ket sz\u00ednek szerint, hogy igaz\u00e1n l\u00e1tv\u00e1nyos legyen az elrendez\u00e9s, \u00e9s tegy\u00e9l a polc mell\u00e9 egy, a sz\u00ednvil\u00e1ghoz ill\u0151 textillel letakart asztalt is. Ez a megold\u00e1s ak\u00e1r esem\u00e9nyeken, ak\u00e1r \u00fczletekben vagy h\u00e1zi partikn\u00e1l is j\u00f3l m\u0171k\u00f6dik \u2013 minden vend\u00e9g kedv\u00e9re v\u00e1logathat majd!<\/p>\n<h2>Eleg\u00e1ns otthoni vir\u00e1gos dekor\u00e1ci\u00f3<\/h2>\n<p><img loading=\"lazy\" decoding=\"async\" width=\"700\" height=\"1050\" alt=\"Leny\u0171g\u00f6z\u0151 vir\u00e1gos display: r\u00f3zsasz\u00edn \u00e9s feh\u00e9r vir\u00e1gok f\u00e9m- \u00e9s feh\u00e9r kasp\u00f3kban, l\u00e9tr\u00e1s \u00e1llv\u00e1nyon, als\u00f3 sorban rezg\u0151csokrokkal.\" class=\"aligncenter size-full wp-image-6205\" src=\"https:\/\/doubletakedecor.com\/uploads\/2025\/08\/diy-flower-bar-dtd-10.jpg\" srcset=\"https:\/\/doubletakedecor.com\/uploads\/2025\/08\/diy-flower-bar-dtd-10.jpg 700w, https:\/\/doubletakedecor.com\/uploads\/2025\/08\/diy-flower-bar-dtd-10-200x300.jpg 200w, https:\/\/doubletakedecor.com\/uploads\/2025\/08\/diy-flower-bar-dtd-10-683x1024.jpg 683w, https:\/\/doubletakedecor.com\/uploads\/2025\/08\/diy-flower-bar-dtd-10-96x144.jpg 96w, https:\/\/doubletakedecor.com\/uploads\/2025\/08\/diy-flower-bar-dtd-10-280x420.jpg 280w, https:\/\/doubletakedecor.com\/uploads\/2025\/08\/diy-flower-bar-dtd-10-320x480.jpg 320w, https:\/\/doubletakedecor.com\/uploads\/2025\/08\/diy-flower-bar-dtd-10-360x540.jpg 360w, https:\/\/doubletakedecor.com\/uploads\/2025\/08\/diy-flower-bar-dtd-10-363x545.jpg 363w, https:\/\/doubletakedecor.com\/uploads\/2025\/08\/diy-flower-bar-dtd-10-370x555.jpg 370w, https:\/\/doubletakedecor.com\/uploads\/2025\/08\/diy-flower-bar-dtd-10-400x600.jpg 400w, https:\/\/doubletakedecor.com\/uploads\/2025\/08\/diy-flower-bar-dtd-10-560x840.jpg 560w, https:\/\/doubletakedecor.com\/uploads\/2025\/08\/diy-flower-bar-dtd-10-480x720.jpg 480w\" sizes=\"auto, (max-width: 700px) 100vw, 700px\" \/><\/p>\n<p>V\u00e1ltozatos magass\u00e1gokban elrendezett csokrokkal igazi figyelemfelkelt\u0151 vir\u00e1gos sarkot alkothatsz otthon is. Tegy\u00e9l egy hangs\u00falyos k\u00f6zponti csokrot f\u00e9m kasp\u00f3ba, majd rendezd a kisebb, feh\u00e9r kasp\u00f3s vir\u00e1gokat egy l\u00e9tr\u00e1s polcon. Alulra sz\u00f3rj rezg\u0151csokrokat a t\u00e9r\u00e9rzet miatt. Az egys\u00e9ges, p\u00faderes r\u00f3zsasz\u00edn \u00e9s feh\u00e9r sz\u00ednharm\u00f3nia egys\u00e9ges, letisztult hat\u00e1st biztos\u00edt \u2013 legyen sz\u00f3 ak\u00e1r otthoni, ak\u00e1r \u00fcnnepi dekor\u00e1ci\u00f3r\u00f3l.<\/p>\n<h2>Szervezett Vir\u00e1gbolt-Jelleg\u0171 Kijelz\u0151<\/h2>\n<p><img loading=\"lazy\" decoding=\"async\" width=\"700\" height=\"1049\" alt=\"B\u00e1jos vir\u00e1g b\u00e1r felc\u00edmk\u00e9zett, f\u00e9m ed\u00e9nyekkel, feket\u00e9re festett \u00e1llv\u00e1nyon; k\u00f6r\u00fcl\u00f6tte cserepes n\u00f6v\u00e9nyek, meleg k\u00e1v\u00e9z\u00f3 hangulatban\" class=\"aligncenter size-full wp-image-6211\" src=\"https:\/\/doubletakedecor.com\/uploads\/2025\/08\/diy-flower-bar-dtd-11.jpg\" srcset=\"https:\/\/doubletakedecor.com\/uploads\/2025\/08\/diy-flower-bar-dtd-11.jpg 700w, https:\/\/doubletakedecor.com\/uploads\/2025\/08\/diy-flower-bar-dtd-11-200x300.jpg 200w, https:\/\/doubletakedecor.com\/uploads\/2025\/08\/diy-flower-bar-dtd-11-683x1024.jpg 683w, https:\/\/doubletakedecor.com\/uploads\/2025\/08\/diy-flower-bar-dtd-11-96x144.jpg 96w, https:\/\/doubletakedecor.com\/uploads\/2025\/08\/diy-flower-bar-dtd-11-280x420.jpg 280w, https:\/\/doubletakedecor.com\/uploads\/2025\/08\/diy-flower-bar-dtd-11-320x480.jpg 320w, https:\/\/doubletakedecor.com\/uploads\/2025\/08\/diy-flower-bar-dtd-11-360x539.jpg 360w, https:\/\/doubletakedecor.com\/uploads\/2025\/08\/diy-flower-bar-dtd-11-363x544.jpg 363w, https:\/\/doubletakedecor.com\/uploads\/2025\/08\/diy-flower-bar-dtd-11-370x554.jpg 370w, https:\/\/doubletakedecor.com\/uploads\/2025\/08\/diy-flower-bar-dtd-11-400x599.jpg 400w, https:\/\/doubletakedecor.com\/uploads\/2025\/08\/diy-flower-bar-dtd-11-560x839.jpg 560w, https:\/\/doubletakedecor.com\/uploads\/2025\/08\/diy-flower-bar-dtd-11-480x719.jpg 480w\" sizes=\"auto, (max-width: 700px) 100vw, 700px\" \/><\/p>\n<p>Dobd fel otthonodat egy saj\u00e1t k\u00e9sz\u00edt\u00e9s\u0171 vir\u00e1gb\u00e1rral! Haszn\u00e1lj t\u00f6bb szintes, f\u00e9m \u00e1llv\u00e1nyt, hogy a vir\u00e1gok igaz\u00e1n profi m\u00f3don \u00e9rv\u00e9nyes\u00fcljenek. C\u00edmk\u00e9zd fel vil\u00e1gosan mindegyik csokrot, hogy a vend\u00e9gek k\u00f6nnyen t\u00e1j\u00e9koz\u00f3djanak. Egy f\u00e1b\u00f3l k\u00e9sz\u00fclt pult extra helyet \u00e9s k\u00e9nyelmet ny\u00fajt. Kombin\u00e1ld a fa \u00e9s a j\u00e1r\u00f3lap text\u00far\u00e1j\u00e1t, hogy m\u00e9g bar\u00e1ts\u00e1gosabb legyen a t\u00e9r. Hangulatvil\u00e1g\u00edt\u00e1ssal pedig egyszer\u0171en kiemelheted a sz\u00e9p n\u00f6v\u00e9nyeket.<\/p>\n<h2>Friss Vir\u00e1gpult Kijelz\u0151<\/h2>\n<p><img loading=\"lazy\" decoding=\"async\" width=\"700\" height=\"1050\" alt=\"Sz\u00ednes, friss vir\u00e1gok egyszer\u0171 \u00fcvegv\u00e1z\u00e1kban, fapulton elrendezve, hangulatos \u00e9s \u00e9l\u00e9nk teret teremtve, ide\u00e1lis otthoni \u00f6sszej\u00f6vetelekhez.\" class=\"aligncenter size-full wp-image-6217\" src=\"https:\/\/doubletakedecor.com\/uploads\/2025\/08\/diy-flower-bar-dtd-12.jpg\" srcset=\"https:\/\/doubletakedecor.com\/uploads\/2025\/08\/diy-flower-bar-dtd-12.jpg 700w, https:\/\/doubletakedecor.com\/uploads\/2025\/08\/diy-flower-bar-dtd-12-200x300.jpg 200w, https:\/\/doubletakedecor.com\/uploads\/2025\/08\/diy-flower-bar-dtd-12-683x1024.jpg 683w, https:\/\/doubletakedecor.com\/uploads\/2025\/08\/diy-flower-bar-dtd-12-96x144.jpg 96w, https:\/\/doubletakedecor.com\/uploads\/2025\/08\/diy-flower-bar-dtd-12-280x420.jpg 280w, https:\/\/doubletakedecor.com\/uploads\/2025\/08\/diy-flower-bar-dtd-12-320x480.jpg 320w, https:\/\/doubletakedecor.com\/uploads\/2025\/08\/diy-flower-bar-dtd-12-360x540.jpg 360w, https:\/\/doubletakedecor.com\/uploads\/2025\/08\/diy-flower-bar-dtd-12-363x545.jpg 363w, https:\/\/doubletakedecor.com\/uploads\/2025\/08\/diy-flower-bar-dtd-12-370x555.jpg 370w, https:\/\/doubletakedecor.com\/uploads\/2025\/08\/diy-flower-bar-dtd-12-400x600.jpg 400w, https:\/\/doubletakedecor.com\/uploads\/2025\/08\/diy-flower-bar-dtd-12-560x840.jpg 560w, https:\/\/doubletakedecor.com\/uploads\/2025\/08\/diy-flower-bar-dtd-12-480x720.jpg 480w\" sizes=\"auto, (max-width: 700px) 100vw, 700px\" \/><\/p>\n<p>Helyezz friss vir\u00e1gokat egyszer\u0171 \u00fcvegv\u00e1z\u00e1kba a konyha vagy az \u00e9tkez\u0151 asztal\u00e1ra, \u00edgy azonnal feldobhatod a helyis\u00e9get. Keverj \u00f6ssze k\u00fcl\u00f6nb\u00f6z\u0151 sz\u00edneket \u00e9s fajt\u00e1kat, hogy m\u00e9g izgalmasabb legyen az \u00f6sszhat\u00e1s. Egy fa pulton sz\u00e9pen \u00e9rv\u00e9nyes\u00fclnek a sz\u00ednes szirmok mellett. Ez a vir\u00e1gdekor\u00e1ci\u00f3 k\u00f6nnyen elk\u00e9sz\u00edthet\u0151, ak\u00e1r kertedb\u0151l, ak\u00e1r a piacon beszerzett id\u00e9nyvir\u00e1gokkal is t\u00f6k\u00e9letesen m\u0171k\u00f6dik.<\/p>\n<h2>Horganyzott V\u00f6d\u00f6r Vir\u00e1gkijelz\u0151<\/h2>\n<p><img loading=\"lazy\" decoding=\"async\" width=\"700\" height=\"1050\" alt=\"St\u00edlusos vir\u00e1gkompoz\u00edci\u00f3 modern f\u00e9m\u00e1llv\u00e1nyon, horganyzott v\u00f6dr\u00f6kbe tett pasztell r\u00f3zsasz\u00edn, baracksz\u00edn \u00e9s feh\u00e9r vir\u00e1gok a vil\u00e1gos ablak mellett.\" class=\"aligncenter size-full wp-image-6223\" src=\"https:\/\/doubletakedecor.com\/uploads\/2025\/08\/diy-flower-bar-dtd-13.jpg\" srcset=\"https:\/\/doubletakedecor.com\/uploads\/2025\/08\/diy-flower-bar-dtd-13.jpg 700w, https:\/\/doubletakedecor.com\/uploads\/2025\/08\/diy-flower-bar-dtd-13-200x300.jpg 200w, https:\/\/doubletakedecor.com\/uploads\/2025\/08\/diy-flower-bar-dtd-13-683x1024.jpg 683w, https:\/\/doubletakedecor.com\/uploads\/2025\/08\/diy-flower-bar-dtd-13-96x144.jpg 96w, https:\/\/doubletakedecor.com\/uploads\/2025\/08\/diy-flower-bar-dtd-13-280x420.jpg 280w, https:\/\/doubletakedecor.com\/uploads\/2025\/08\/diy-flower-bar-dtd-13-320x480.jpg 320w, https:\/\/doubletakedecor.com\/uploads\/2025\/08\/diy-flower-bar-dtd-13-360x540.jpg 360w, https:\/\/doubletakedecor.com\/uploads\/2025\/08\/diy-flower-bar-dtd-13-363x545.jpg 363w, https:\/\/doubletakedecor.com\/uploads\/2025\/08\/diy-flower-bar-dtd-13-370x555.jpg 370w, https:\/\/doubletakedecor.com\/uploads\/2025\/08\/diy-flower-bar-dtd-13-400x600.jpg 400w, https:\/\/doubletakedecor.com\/uploads\/2025\/08\/diy-flower-bar-dtd-13-560x840.jpg 560w, https:\/\/doubletakedecor.com\/uploads\/2025\/08\/diy-flower-bar-dtd-13-480x720.jpg 480w\" sizes=\"auto, (max-width: 700px) 100vw, 700px\" \/><\/p>\n<p>Hozz l\u00e9tre eleg\u00e1ns vir\u00e1gb\u00e1rt egy f\u00e9m\u00e1llv\u00e1nnyal \u00e9s horganyzott v\u00f6dr\u00f6kkel egy kis vintage hangulathoz. Rendezheted a pasztell sz\u00edn\u0171 vir\u00e1gokat fajt\u00e1k szerint, \u00edgy mindenkinek k\u00f6nny\u0171 v\u00e1lasztani, \u00e9s j\u00f3l mutatnak egy\u00fctt. Helyezd az \u00e1llv\u00e1nyt ablak k\u00f6zel\u00e9be, hogy a term\u00e9szetes f\u00e9ny m\u00e9g jobban kiemelje a vir\u00e1gokat. Ez a dekor\u00e1ci\u00f3 mindennapos haszn\u00e1latra is szuper, de b\u00e1rmilyen alkalommal meg\u00e1llja a hely\u00e9t.<\/p>\n<h2>Eleg\u00e1ns K\u00fclt\u00e9ri Vir\u00e1gos Kocsi<\/h2>\n<p><img loading=\"lazy\" decoding=\"async\" width=\"700\" height=\"1049\" alt=\"B\u00e1jos, feh\u00e9r vir\u00e1goskocsi cs\u00edkos napellenz\u0151vel, amely r\u00f3zsasz\u00edn \u00e9s feh\u00e9r hortenzi\u00e1kat mutat be f\u00e9m \u00e9s ker\u00e1mia tart\u00f3kban, buja z\u00f6ldek k\u00f6z\u00f6tt\" class=\"aligncenter size-full wp-image-6229\" src=\"https:\/\/doubletakedecor.com\/uploads\/2025\/08\/diy-flower-bar-dtd-14.jpg\" srcset=\"https:\/\/doubletakedecor.com\/uploads\/2025\/08\/diy-flower-bar-dtd-14.jpg 700w, https:\/\/doubletakedecor.com\/uploads\/2025\/08\/diy-flower-bar-dtd-14-200x300.jpg 200w, https:\/\/doubletakedecor.com\/uploads\/2025\/08\/diy-flower-bar-dtd-14-683x1024.jpg 683w, https:\/\/doubletakedecor.com\/uploads\/2025\/08\/diy-flower-bar-dtd-14-96x144.jpg 96w, https:\/\/doubletakedecor.com\/uploads\/2025\/08\/diy-flower-bar-dtd-14-280x420.jpg 280w, https:\/\/doubletakedecor.com\/uploads\/2025\/08\/diy-flower-bar-dtd-14-320x480.jpg 320w, https:\/\/doubletakedecor.com\/uploads\/2025\/08\/diy-flower-bar-dtd-14-360x539.jpg 360w, https:\/\/doubletakedecor.com\/uploads\/2025\/08\/diy-flower-bar-dtd-14-363x544.jpg 363w, https:\/\/doubletakedecor.com\/uploads\/2025\/08\/diy-flower-bar-dtd-14-370x554.jpg 370w, https:\/\/doubletakedecor.com\/uploads\/2025\/08\/diy-flower-bar-dtd-14-400x599.jpg 400w, https:\/\/doubletakedecor.com\/uploads\/2025\/08\/diy-flower-bar-dtd-14-560x839.jpg 560w, https:\/\/doubletakedecor.com\/uploads\/2025\/08\/diy-flower-bar-dtd-14-480x719.jpg 480w\" sizes=\"auto, (max-width: 700px) 100vw, 700px\" \/><\/p>\n<p>Alak\u00edts \u00e1t egy feh\u00e9r, cs\u00edkos tetej\u0171 kiskocsit mobil vir\u00e1gb\u00e1rr\u00e1! Helyezd a hortenzi\u00e1kat a fels\u0151 polcra, alulra pedig kisebb vir\u00e1gokat tegy\u00e9l, harmoniz\u00e1l\u00f3 f\u00e9m vagy ker\u00e1mia ed\u00e9nyekbe. Egy k\u00fcl\u00f6nleges, nagyobb kasp\u00f3 dr\u00e1mai hat\u00e1st kelt. Ez a mozgathat\u00f3 dekor\u00e1ci\u00f3 t\u00f6k\u00e9letes kerti partira, esk\u00fcv\u0151re, de ak\u00e1r \u00e1lland\u00f3 k\u00fclt\u00e9ri l\u00e1tv\u00e1nyelemnek is remek.<\/p>\n<h2>Eleg\u00e1ns \u00cdves Fal Vir\u00e1gkijelz\u0151<\/h2>\n<p><img loading=\"lazy\" decoding=\"async\" width=\"700\" height=\"1050\" alt=\"\u00c9l\u00e9nk vir\u00e1gbar, r\u00f3zs\u00e1kkal \u00e9s liliomokkal, f\u00e9mv\u00f6dr\u00f6kben, \u00edvelt fal el\u0151tt elrendezve, term\u00e9szetes f\u00e9nyben.\" class=\"aligncenter size-full wp-image-6235\" src=\"https:\/\/doubletakedecor.com\/uploads\/2025\/08\/diy-flower-bar-dtd-15.jpg\" srcset=\"https:\/\/doubletakedecor.com\/uploads\/2025\/08\/diy-flower-bar-dtd-15.jpg 700w, https:\/\/doubletakedecor.com\/uploads\/2025\/08\/diy-flower-bar-dtd-15-200x300.jpg 200w, https:\/\/doubletakedecor.com\/uploads\/2025\/08\/diy-flower-bar-dtd-15-683x1024.jpg 683w, https:\/\/doubletakedecor.com\/uploads\/2025\/08\/diy-flower-bar-dtd-15-96x144.jpg 96w, https:\/\/doubletakedecor.com\/uploads\/2025\/08\/diy-flower-bar-dtd-15-280x420.jpg 280w, https:\/\/doubletakedecor.com\/uploads\/2025\/08\/diy-flower-bar-dtd-15-320x480.jpg 320w, https:\/\/doubletakedecor.com\/uploads\/2025\/08\/diy-flower-bar-dtd-15-360x540.jpg 360w, https:\/\/doubletakedecor.com\/uploads\/2025\/08\/diy-flower-bar-dtd-15-363x545.jpg 363w, https:\/\/doubletakedecor.com\/uploads\/2025\/08\/diy-flower-bar-dtd-15-370x555.jpg 370w, https:\/\/doubletakedecor.com\/uploads\/2025\/08\/diy-flower-bar-dtd-15-400x600.jpg 400w, https:\/\/doubletakedecor.com\/uploads\/2025\/08\/diy-flower-bar-dtd-15-560x840.jpg 560w, https:\/\/doubletakedecor.com\/uploads\/2025\/08\/diy-flower-bar-dtd-15-480x720.jpg 480w\" sizes=\"auto, (max-width: 700px) 100vw, 700px\" \/><\/p>\n<p>Var\u00e1zsolj l\u00e1tv\u00e1nyos f\u00f3kuszpontot az otthonodba vir\u00e1gtart\u00f3 v\u00f6dr\u00f6kkel egy \u00edves fal el\u0151tt! Kombin\u00e1lj k\u00fcl\u00f6nb\u00f6z\u0151 m\u00e9ret\u0171 f\u00e9m ed\u00e9nyeket, \u00e9s j\u00e1tssz a vir\u00e1gok magass\u00e1g\u00e1val, hogy izgalmas legyen az \u00f6sszhat\u00e1s. Tedd ezt vil\u00e1gos helyre, hogy a vir\u00e1gok sok\u00e1ig frissek \u00e9s \u00e9l\u00e9nkek maradjanak. Ha m\u00e9g k\u00fcl\u00f6nlegesebbet szeretn\u00e9l, pr\u00f3b\u00e1lj ki sz\u00edn\u00e1tmenetes elrendez\u00e9st is!<\/p>\n<h2>Mobil Vir\u00e1gos Ut\u00e1nfut\u00f3<\/h2>\n<p><img loading=\"lazy\" decoding=\"async\" width=\"700\" height=\"1049\" alt=\"B\u00e1jos, feh\u00e9r vir\u00e1gos ut\u00e1nfut\u00f3 \u00e9l\u00e9nk vir\u00e1gokkal teli v\u00f6dr\u00f6kkel \u00e9s cserepekkel, z\u00f6ld f\u00e1k \u00f6lel\u00e9s\u00e9ben, szabadt\u00e9ri k\u00f6rnyezetben.\" class=\"aligncenter size-full wp-image-6241\" src=\"https:\/\/doubletakedecor.com\/uploads\/2025\/08\/diy-flower-bar-dtd-16.jpg\" srcset=\"https:\/\/doubletakedecor.com\/uploads\/2025\/08\/diy-flower-bar-dtd-16.jpg 700w, https:\/\/doubletakedecor.com\/uploads\/2025\/08\/diy-flower-bar-dtd-16-200x300.jpg 200w, https:\/\/doubletakedecor.com\/uploads\/2025\/08\/diy-flower-bar-dtd-16-683x1024.jpg 683w, https:\/\/doubletakedecor.com\/uploads\/2025\/08\/diy-flower-bar-dtd-16-96x144.jpg 96w, https:\/\/doubletakedecor.com\/uploads\/2025\/08\/diy-flower-bar-dtd-16-280x420.jpg 280w, https:\/\/doubletakedecor.com\/uploads\/2025\/08\/diy-flower-bar-dtd-16-320x480.jpg 320w, https:\/\/doubletakedecor.com\/uploads\/2025\/08\/diy-flower-bar-dtd-16-360x539.jpg 360w, https:\/\/doubletakedecor.com\/uploads\/2025\/08\/diy-flower-bar-dtd-16-363x544.jpg 363w, https:\/\/doubletakedecor.com\/uploads\/2025\/08\/diy-flower-bar-dtd-16-370x554.jpg 370w, https:\/\/doubletakedecor.com\/uploads\/2025\/08\/diy-flower-bar-dtd-16-400x599.jpg 400w, https:\/\/doubletakedecor.com\/uploads\/2025\/08\/diy-flower-bar-dtd-16-560x839.jpg 560w, https:\/\/doubletakedecor.com\/uploads\/2025\/08\/diy-flower-bar-dtd-16-480x719.jpg 480w\" sizes=\"auto, (max-width: 700px) 100vw, 700px\" \/><\/p>\n<p>Alak\u00edts \u00e1t egy ut\u00e1nfut\u00f3t szabadt\u00e9ri vir\u00e1g\u00fczlett\u00e9! Helyezz el k\u00fcl\u00f6nb\u00f6z\u0151 v\u00f6dr\u00f6ket \u00e9s cserepeket elt\u00e9r\u0151 magass\u00e1gokban, hogy m\u00e9g \u00e9rdekesebb legyen az elrendez\u00e9s. Parkold a vir\u00e1gos ut\u00e1nfut\u00f3t f\u00e1k k\u00f6zel\u00e9be, \u00edgy a vir\u00e1gok tov\u00e1bb frissen maradnak, \u00e9s a l\u00e1togat\u00f3k is kellemes hangulatban v\u00e1logathatnak.<\/p>\n<h2>Eleg\u00e1ns K\u00fclt\u00e9ri Vir\u00e1gb\u00e1r<\/h2>\n<p><img loading=\"lazy\" decoding=\"async\" width=\"700\" height=\"1050\" alt=\"Gy\u00f6ny\u00f6r\u0171 k\u00fclt\u00e9ri vir\u00e1gb\u00e1r, asztalokon friss, pasztell \u00e9s \u00e9l\u00e9nk vir\u00e1gok feh\u00e9r, \u00edves naperny\u0151 alatt, z\u00f6ld s\u00f6v\u00e9ny el\u0151tt\" class=\"aligncenter size-full wp-image-6247\" src=\"https:\/\/doubletakedecor.com\/uploads\/2025\/08\/diy-flower-bar-dtd-17.jpg\" srcset=\"https:\/\/doubletakedecor.com\/uploads\/2025\/08\/diy-flower-bar-dtd-17.jpg 700w, https:\/\/doubletakedecor.com\/uploads\/2025\/08\/diy-flower-bar-dtd-17-200x300.jpg 200w, https:\/\/doubletakedecor.com\/uploads\/2025\/08\/diy-flower-bar-dtd-17-683x1024.jpg 683w, https:\/\/doubletakedecor.com\/uploads\/2025\/08\/diy-flower-bar-dtd-17-96x144.jpg 96w, https:\/\/doubletakedecor.com\/uploads\/2025\/08\/diy-flower-bar-dtd-17-280x420.jpg 280w, https:\/\/doubletakedecor.com\/uploads\/2025\/08\/diy-flower-bar-dtd-17-320x480.jpg 320w, https:\/\/doubletakedecor.com\/uploads\/2025\/08\/diy-flower-bar-dtd-17-360x540.jpg 360w, https:\/\/doubletakedecor.com\/uploads\/2025\/08\/diy-flower-bar-dtd-17-363x545.jpg 363w, https:\/\/doubletakedecor.com\/uploads\/2025\/08\/diy-flower-bar-dtd-17-370x555.jpg 370w, https:\/\/doubletakedecor.com\/uploads\/2025\/08\/diy-flower-bar-dtd-17-400x600.jpg 400w, https:\/\/doubletakedecor.com\/uploads\/2025\/08\/diy-flower-bar-dtd-17-560x840.jpg 560w, https:\/\/doubletakedecor.com\/uploads\/2025\/08\/diy-flower-bar-dtd-17-480x720.jpg 480w\" sizes=\"auto, (max-width: 700px) 100vw, 700px\" \/><\/p>\n<p>Rendezz var\u00e1zslatos vir\u00e1gb\u00e1rt a k\u00f6vetkez\u0151 kerti \u00f6sszej\u00f6veteledre feh\u00e9r, \u00edves naperny\u0151 alatt! V\u00e1logass k\u00fcl\u00f6nb\u00f6z\u0151 form\u00e1j\u00fa \u00e9s sz\u00edn\u0171 ed\u00e9nyeket, \u00e9s helyezz bele vid\u00e1m, \u00f6sszeill\u0151 sz\u00edn\u0171 vir\u00e1gokat szintezett asztalokra. A z\u00f6ld h\u00e1tt\u00e9r term\u00e9szetes hangulatot teremt. Haszn\u00e1lj pasztell r\u00f3zs\u00e1kat \u00e9s tulip\u00e1nokat is, hogy a vend\u00e9geknek is igaz\u00e1n tetszen!<\/p>\n<h2>Rusztikus Bef\u0151ttes\u00fcveg Vir\u00e1gdekor<\/h2>\n<p><img loading=\"lazy\" decoding=\"async\" width=\"700\" height=\"1050\" alt=\"Sz\u00ednes vir\u00e1gok sp\u00e1rg\u00e1val d\u00edsz\u00edtett bef\u0151ttes\u00fcvegekben, egy rusztikus fat\u00e1lc\u00e1n, tulip\u00e1nokkal \u00e9s margar\u00e9t\u00e1kkal\" class=\"aligncenter size-full wp-image-6253\" src=\"https:\/\/doubletakedecor.com\/uploads\/2025\/08\/diy-flower-bar-dtd-18.jpg\" srcset=\"https:\/\/doubletakedecor.com\/uploads\/2025\/08\/diy-flower-bar-dtd-18.jpg 700w, https:\/\/doubletakedecor.com\/uploads\/2025\/08\/diy-flower-bar-dtd-18-200x300.jpg 200w, https:\/\/doubletakedecor.com\/uploads\/2025\/08\/diy-flower-bar-dtd-18-683x1024.jpg 683w, https:\/\/doubletakedecor.com\/uploads\/2025\/08\/diy-flower-bar-dtd-18-96x144.jpg 96w, https:\/\/doubletakedecor.com\/uploads\/2025\/08\/diy-flower-bar-dtd-18-280x420.jpg 280w, https:\/\/doubletakedecor.com\/uploads\/2025\/08\/diy-flower-bar-dtd-18-320x480.jpg 320w, https:\/\/doubletakedecor.com\/uploads\/2025\/08\/diy-flower-bar-dtd-18-360x540.jpg 360w, https:\/\/doubletakedecor.com\/uploads\/2025\/08\/diy-flower-bar-dtd-18-363x545.jpg 363w, https:\/\/doubletakedecor.com\/uploads\/2025\/08\/diy-flower-bar-dtd-18-370x555.jpg 370w, https:\/\/doubletakedecor.com\/uploads\/2025\/08\/diy-flower-bar-dtd-18-400x600.jpg 400w, https:\/\/doubletakedecor.com\/uploads\/2025\/08\/diy-flower-bar-dtd-18-560x840.jpg 560w, https:\/\/doubletakedecor.com\/uploads\/2025\/08\/diy-flower-bar-dtd-18-480x720.jpg 480w\" sizes=\"auto, (max-width: 700px) 100vw, 700px\" \/><\/p>\n<p>Alak\u00edts ki elb\u0171v\u00f6l\u0151 vir\u00e1gb\u00e1rt bef\u0151ttes\u00fcvegekb\u0151l \u00e9s fat\u00e1lc\u00e1b\u00f3l! K\u00f6ss sp\u00e1rg\u00e1t az \u00fcvegek k\u00f6r\u00e9, \u00e9s t\u00f6ltsd meg \u0151ket k\u00fcl\u00f6nf\u00e9le sz\u00ednes vir\u00e1gokkal, p\u00e9ld\u00e1ul tulip\u00e1nnal vagy margar\u00e9t\u00e1val. Helyezd ezt a dekor\u00e1ci\u00f3t a konyh\u00e1ba vagy az \u00e9tkez\u0151be, hogy term\u00e9szetes vid\u00e1ms\u00e1got csemp\u00e9ssz a mindennapokba. Vend\u00e9gs\u00e9ghez vagy h\u00e9tk\u00f6znapra is t\u00f6k\u00e9letes.<\/p>\n<h2>Szintezett Vir\u00e1g\u00e1llv\u00e1ny<\/h2>\n<p><img loading=\"lazy\" decoding=\"async\" width=\"700\" height=\"1050\" alt=\"Feh\u00e9r f\u00e9mpolc szintezett cilinderekben r\u00f3zsasz\u00edn bazsar\u00f3zs\u00e1kkal, feh\u00e9r krizant\u00e9mmal \u00e9s z\u00f6ld n\u00f6v\u00e9nyekkel, sz\u00e9pen elrendezve, ablak k\u00f6zel\u00e9ben.\" class=\"aligncenter size-full wp-image-6259\" src=\"https:\/\/doubletakedecor.com\/uploads\/2025\/08\/diy-flower-bar-dtd-19.jpg\" srcset=\"https:\/\/doubletakedecor.com\/uploads\/2025\/08\/diy-flower-bar-dtd-19.jpg 700w, https:\/\/doubletakedecor.com\/uploads\/2025\/08\/diy-flower-bar-dtd-19-200x300.jpg 200w, https:\/\/doubletakedecor.com\/uploads\/2025\/08\/diy-flower-bar-dtd-19-683x1024.jpg 683w, https:\/\/doubletakedecor.com\/uploads\/2025\/08\/diy-flower-bar-dtd-19-96x144.jpg 96w, https:\/\/doubletakedecor.com\/uploads\/2025\/08\/diy-flower-bar-dtd-19-280x420.jpg 280w, https:\/\/doubletakedecor.com\/uploads\/2025\/08\/diy-flower-bar-dtd-19-320x480.jpg 320w, https:\/\/doubletakedecor.com\/uploads\/2025\/08\/diy-flower-bar-dtd-19-360x540.jpg 360w, https:\/\/doubletakedecor.com\/uploads\/2025\/08\/diy-flower-bar-dtd-19-363x545.jpg 363w, https:\/\/doubletakedecor.com\/uploads\/2025\/08\/diy-flower-bar-dtd-19-370x555.jpg 370w, https:\/\/doubletakedecor.com\/uploads\/2025\/08\/diy-flower-bar-dtd-19-400x600.jpg 400w, https:\/\/doubletakedecor.com\/uploads\/2025\/08\/diy-flower-bar-dtd-19-560x840.jpg 560w, https:\/\/doubletakedecor.com\/uploads\/2025\/08\/diy-flower-bar-dtd-19-480x720.jpg 480w\" sizes=\"auto, (max-width: 700px) 100vw, 700px\" \/><\/p>\n<p>Rendezz eleg\u00e1ns vir\u00e1gb\u00e1rt feh\u00e9r, t\u00f6bbszintes f\u00e9mpolccal! Tegy\u00e9l feh\u00e9r, henger alak\u00fa kasp\u00f3kba k\u00fcl\u00f6nf\u00e9le vir\u00e1gokat, mint bazsar\u00f3zs\u00e1t, krizant\u00e9mot \u00e9s z\u00f6ldeket, mindegyiket m\u00e1s-m\u00e1s magass\u00e1gba. Helyezd az eg\u00e9szet ablak k\u00f6zel\u00e9be, hogy a term\u00e9szetes f\u00e9ny m\u00e9g szebb\u00e9 tegye a vir\u00e1gokat. Partikhoz, esk\u00fcv\u0151h\u00f6z vagy ak\u00e1r d\u00edszk\u00e9nt is nagyszer\u0171.<\/p>\n<h2>M\u0171vir\u00e1g Kijelz\u0151 Polc<\/h2>\n<p><img loading=\"lazy\" decoding=\"async\" width=\"700\" height=\"1050\" alt=\"Eleg\u00e1ns m\u0171vir\u00e1gkompoz\u00edci\u00f3 feh\u00e9r \u00e9s sz\u00fcrke kasp\u00f3kban, fa polcon elrendezve, \u00e9l\u00e9nk r\u00f3zsasz\u00edn, feh\u00e9r \u00e9s lila vir\u00e1gokkal\" class=\"aligncenter size-full wp-image-6265\" src=\"https:\/\/doubletakedecor.com\/uploads\/2025\/08\/diy-flower-bar-dtd-20.jpg\" srcset=\"https:\/\/doubletakedecor.com\/uploads\/2025\/08\/diy-flower-bar-dtd-20.jpg 700w, https:\/\/doubletakedecor.com\/uploads\/2025\/08\/diy-flower-bar-dtd-20-200x300.jpg 200w, https:\/\/doubletakedecor.com\/uploads\/2025\/08\/diy-flower-bar-dtd-20-683x1024.jpg 683w, https:\/\/doubletakedecor.com\/uploads\/2025\/08\/diy-flower-bar-dtd-20-96x144.jpg 96w, https:\/\/doubletakedecor.com\/uploads\/2025\/08\/diy-flower-bar-dtd-20-280x420.jpg 280w, https:\/\/doubletakedecor.com\/uploads\/2025\/08\/diy-flower-bar-dtd-20-320x480.jpg 320w, https:\/\/doubletakedecor.com\/uploads\/2025\/08\/diy-flower-bar-dtd-20-360x540.jpg 360w, https:\/\/doubletakedecor.com\/uploads\/2025\/08\/diy-flower-bar-dtd-20-363x545.jpg 363w, https:\/\/doubletakedecor.com\/uploads\/2025\/08\/diy-flower-bar-dtd-20-370x555.jpg 370w, https:\/\/doubletakedecor.com\/uploads\/2025\/08\/diy-flower-bar-dtd-20-400x600.jpg 400w, https:\/\/doubletakedecor.com\/uploads\/2025\/08\/diy-flower-bar-dtd-20-560x840.jpg 560w, https:\/\/doubletakedecor.com\/uploads\/2025\/08\/diy-flower-bar-dtd-20-480x720.jpg 480w\" sizes=\"auto, (max-width: 700px) 100vw, 700px\" \/><\/p>\n<p>K\u00e9sz\u00edts mutat\u00f3s vir\u00e1gkompoz\u00edci\u00f3t semleges sz\u00edn\u0171 kasp\u00f3kban m\u0171vir\u00e1gokb\u00f3l! Az er\u0151sebb sz\u00e1rakat tedd a fels\u0151 polcra, alulra helyezz d\u00fasabb elrendez\u00e9st, \u00edgy kiegyens\u00falyozott lesz az \u00f6sszk\u00e9p. Tegy\u00e9l hozz\u00e1 p\u00e1r z\u00f6ld levelet is, hogy v\u00e1ltozatos legyen a text\u00fara. Ez a dekor\u00e1ci\u00f3 hossz\u00fa t\u00e1von sz\u00e9p marad, \u00e9s nem ig\u00e9nyel t\u00f6r\u0151d\u00e9st \u2013 t\u00f6k\u00e9letes nappaliba vagy \u00e9tkez\u0151be.<\/p>\n<h2>Eleg\u00e1ns Foli\u00e1zs \u00dcvegv\u00e1za Kijelz\u0151<\/h2>\n<p><img loading=\"lazy\" decoding=\"async\" width=\"700\" height=\"1049\" alt=\"\u00c9l\u00e9nk z\u00f6ld levelek tiszta \u00fcvegv\u00e1z\u00e1ban, t\u00fckr\u00f6s fel\u00fcleten, eleg\u00e1ns, term\u00e9szetes kieg\u00e9sz\u00edt\u0151k\u00e9nt a modern otthonba.\" class=\"aligncenter size-full wp-image-6271\" src=\"https:\/\/doubletakedecor.com\/uploads\/2025\/08\/diy-flower-bar-dtd-21.jpg\" srcset=\"https:\/\/doubletakedecor.com\/uploads\/2025\/08\/diy-flower-bar-dtd-21.jpg 700w, https:\/\/doubletakedecor.com\/uploads\/2025\/08\/diy-flower-bar-dtd-21-200x300.jpg 200w, https:\/\/doubletakedecor.com\/uploads\/2025\/08\/diy-flower-bar-dtd-21-683x1024.jpg 683w, https:\/\/doubletakedecor.com\/uploads\/2025\/08\/diy-flower-bar-dtd-21-96x144.jpg 96w, https:\/\/doubletakedecor.com\/uploads\/2025\/08\/diy-flower-bar-dtd-21-280x420.jpg 280w, https:\/\/doubletakedecor.com\/uploads\/2025\/08\/diy-flower-bar-dtd-21-320x480.jpg 320w, https:\/\/doubletakedecor.com\/uploads\/2025\/08\/diy-flower-bar-dtd-21-360x539.jpg 360w, https:\/\/doubletakedecor.com\/uploads\/2025\/08\/diy-flower-bar-dtd-21-363x544.jpg 363w, https:\/\/doubletakedecor.com\/uploads\/2025\/08\/diy-flower-bar-dtd-21-370x554.jpg 370w, https:\/\/doubletakedecor.com\/uploads\/2025\/08\/diy-flower-bar-dtd-21-400x599.jpg 400w, https:\/\/doubletakedecor.com\/uploads\/2025\/08\/diy-flower-bar-dtd-21-560x839.jpg 560w, https:\/\/doubletakedecor.com\/uploads\/2025\/08\/diy-flower-bar-dtd-21-480x719.jpg 480w\" sizes=\"auto, (max-width: 700px) 100vw, 700px\" \/><\/p>\n<p>Friss\u00edtsd fel otthonod egyedi k\u00f6zponti d\u00edsszel, amelyhez csak z\u00f6ld leveleket haszn\u00e1lsz tiszta \u00fcvegv\u00e1z\u00e1ban. V\u00e1lassz k\u00fcl\u00f6nb\u00f6z\u0151 form\u00e1j\u00fa \u00e9s tapint\u00e1s\u00fa leveleket, hogy izgalmas legyen az \u00f6sszhat\u00e1s. Helyezd a v\u00e1z\u00e1t t\u00fckr\u00f6s fel\u00fcletre, amely megsokszorozza a l\u00e1tv\u00e1nyt \u00e9s m\u00e9lys\u00e9get ad. Egy-k\u00e9t m\u00e9csest is elhelyezhetsz mellette, hogy m\u00e9g melegebb, bar\u00e1ts\u00e1gosabb hangulatot teremts \u2013 mindezt vir\u00e1gok n\u00e9lk\u00fcl is!<\/p>\n<h2>Eleg\u00e1ns R\u00f3zsa Kompoz\u00edci\u00f3 \u00dcveged\u00e9nyben<\/h2>\n<p><img loading=\"lazy\" decoding=\"async\" width=\"700\" height=\"1049\" alt=\"R\u00f3zsasz\u00edn \u00e9s bord\u00f3 r\u00f3zs\u00e1k \u00e1tl\u00e1tsz\u00f3 \u00fcveged\u00e9nyekben, sz\u00e1rakkal \u00e9s levelekkel, friss vir\u00e1gb\u00e1r k\u00f6zponti d\u00edszek\u00e9nt\" class=\"aligncenter size-full wp-image-6277\" src=\"https:\/\/doubletakedecor.com\/uploads\/2025\/08\/diy-flower-bar-dtd-22.jpg\" srcset=\"https:\/\/doubletakedecor.com\/uploads\/2025\/08\/diy-flower-bar-dtd-22.jpg 700w, https:\/\/doubletakedecor.com\/uploads\/2025\/08\/diy-flower-bar-dtd-22-200x300.jpg 200w, https:\/\/doubletakedecor.com\/uploads\/2025\/08\/diy-flower-bar-dtd-22-683x1024.jpg 683w, https:\/\/doubletakedecor.com\/uploads\/2025\/08\/diy-flower-bar-dtd-22-96x144.jpg 96w, https:\/\/doubletakedecor.com\/uploads\/2025\/08\/diy-flower-bar-dtd-22-280x420.jpg 280w, https:\/\/doubletakedecor.com\/uploads\/2025\/08\/diy-flower-bar-dtd-22-320x480.jpg 320w, https:\/\/doubletakedecor.com\/uploads\/2025\/08\/diy-flower-bar-dtd-22-360x539.jpg 360w, https:\/\/doubletakedecor.com\/uploads\/2025\/08\/diy-flower-bar-dtd-22-363x544.jpg 363w, https:\/\/doubletakedecor.com\/uploads\/2025\/08\/diy-flower-bar-dtd-22-370x554.jpg 370w, https:\/\/doubletakedecor.com\/uploads\/2025\/08\/diy-flower-bar-dtd-22-400x599.jpg 400w, https:\/\/doubletakedecor.com\/uploads\/2025\/08\/diy-flower-bar-dtd-22-560x839.jpg 560w, https:\/\/doubletakedecor.com\/uploads\/2025\/08\/diy-flower-bar-dtd-22-480x719.jpg 480w\" sizes=\"auto, (max-width: 700px) 100vw, 700px\" \/><\/p>\n<p>K\u00e9sz\u00edts l\u00e1tv\u00e1nyos asztald\u00edszt k\u00fcl\u00f6nb\u00f6z\u0151 \u00e1rnyalat\u00fa r\u00f3zs\u00e1kb\u00f3l \u00e1tl\u00e1tsz\u00f3 \u00fcveged\u00e9nyekben! Az eg\u00e9szen vil\u00e1gos r\u00f3zsasz\u00edn vir\u00e1gokat rakd el\u0151re, a s\u00f6t\u00e9tebbeket pedig h\u00e1tr\u00e9bb, \u00edgy lesz igaz\u00e1n m\u00e9lys\u00e9ge az elrendez\u00e9snek. A sz\u00e1rakat is hagyd l\u00e1tszani, hogy friss \u00e9s modern maradjon a st\u00edlus. Ez az \u00f6ssze\u00e1ll\u00edt\u00e1s j\u00f3l mutat vacsorapartin, el\u0151szob\u00e1ban vagy b\u00e1rmely szob\u00e1ban eleg\u00e1ns d\u00edszk\u00e9nt.<\/p>\n<h2>Polcos Vir\u00e1gkompoz\u00edci\u00f3<\/h2>\n<p><img loading=\"lazy\" decoding=\"async\" width=\"700\" height=\"1049\" alt=\"\u00c9l\u00e9nk cserepes vir\u00e1gok feh\u00e9r tart\u00f3kban, fa polcon, r\u00f3zs\u00e1kkal, szegf\u0171kkel, z\u00f6ld n\u00f6v\u00e9nyekkel, \u00fcres k\u00e9pkeretekkel \u00e9s rusztikus kos\u00e1rral kieg\u00e9sz\u00edtve.\" class=\"aligncenter size-full wp-image-6283\" src=\"https:\/\/doubletakedecor.com\/uploads\/2025\/08\/diy-flower-bar-dtd-23.jpg\" srcset=\"https:\/\/doubletakedecor.com\/uploads\/2025\/08\/diy-flower-bar-dtd-23.jpg 700w, https:\/\/doubletakedecor.com\/uploads\/2025\/08\/diy-flower-bar-dtd-23-200x300.jpg 200w, https:\/\/doubletakedecor.com\/uploads\/2025\/08\/diy-flower-bar-dtd-23-683x1024.jpg 683w, https:\/\/doubletakedecor.com\/uploads\/2025\/08\/diy-flower-bar-dtd-23-96x144.jpg 96w, https:\/\/doubletakedecor.com\/uploads\/2025\/08\/diy-flower-bar-dtd-23-280x420.jpg 280w, https:\/\/doubletakedecor.com\/uploads\/2025\/08\/diy-flower-bar-dtd-23-320x480.jpg 320w, https:\/\/doubletakedecor.com\/uploads\/2025\/08\/diy-flower-bar-dtd-23-360x539.jpg 360w, https:\/\/doubletakedecor.com\/uploads\/2025\/08\/diy-flower-bar-dtd-23-363x544.jpg 363w, https:\/\/doubletakedecor.com\/uploads\/2025\/08\/diy-flower-bar-dtd-23-370x554.jpg 370w, https:\/\/doubletakedecor.com\/uploads\/2025\/08\/diy-flower-bar-dtd-23-400x599.jpg 400w, https:\/\/doubletakedecor.com\/uploads\/2025\/08\/diy-flower-bar-dtd-23-560x839.jpg 560w, https:\/\/doubletakedecor.com\/uploads\/2025\/08\/diy-flower-bar-dtd-23-480x719.jpg 480w\" sizes=\"auto, (max-width: 700px) 100vw, 700px\" \/><\/p>\n<p>Emeld \u00faj szintre a lak\u00e1st polcos vir\u00e1gb\u00e1rral, ahol az egyforma feh\u00e9r tart\u00f3k egys\u00e9ges \u00f6sszk\u00e9pet adnak. Kombin\u00e1ld a r\u00f3zs\u00e1kat, szegf\u0171ket \u00e9s z\u00f6ldeket k\u00fcl\u00f6nb\u00f6z\u0151 magass\u00e1gban. Helyezz m\u00f6g\u00e9 \u00fcres k\u00e9pkereteket, hogy dekorat\u00edv h\u00e1tteret teremts. Egy rusztikus kos\u00e1r pedig praktikus t\u00e1rol\u00f3t \u00e9s extra hangulatot ad hozz\u00e1. Ez az elrendez\u00e9s sz\u00e9p \u00e9s hasznos egyszerre.<\/p>\n<h2>Eleg\u00e1ns Vir\u00e1gos Asztald\u00edsz<\/h2>\n<p><img loading=\"lazy\" decoding=\"async\" width=\"700\" height=\"1050\" alt=\"Feh\u00e9r fel\u00fclet\u0171 asztalon r\u00f3zsasz\u00edn r\u00f3zs\u00e1k \u00e9s krizant\u00e9mok v\u00e1z\u00e1kban, k\u00f6nyvekkel, ez\u00fcst ed\u00e9nyekkel, finom r\u00f3zsasz\u00edn szalaggal.\" class=\"aligncenter size-full wp-image-6289\" src=\"https:\/\/doubletakedecor.com\/uploads\/2025\/08\/diy-flower-bar-dtd-24.jpg\" srcset=\"https:\/\/doubletakedecor.com\/uploads\/2025\/08\/diy-flower-bar-dtd-24.jpg 700w, https:\/\/doubletakedecor.com\/uploads\/2025\/08\/diy-flower-bar-dtd-24-200x300.jpg 200w, https:\/\/doubletakedecor.com\/uploads\/2025\/08\/diy-flower-bar-dtd-24-683x1024.jpg 683w, https:\/\/doubletakedecor.com\/uploads\/2025\/08\/diy-flower-bar-dtd-24-96x144.jpg 96w, https:\/\/doubletakedecor.com\/uploads\/2025\/08\/diy-flower-bar-dtd-24-280x420.jpg 280w, https:\/\/doubletakedecor.com\/uploads\/2025\/08\/diy-flower-bar-dtd-24-320x480.jpg 320w, https:\/\/doubletakedecor.com\/uploads\/2025\/08\/diy-flower-bar-dtd-24-360x540.jpg 360w, https:\/\/doubletakedecor.com\/uploads\/2025\/08\/diy-flower-bar-dtd-24-363x545.jpg 363w, https:\/\/doubletakedecor.com\/uploads\/2025\/08\/diy-flower-bar-dtd-24-370x555.jpg 370w, https:\/\/doubletakedecor.com\/uploads\/2025\/08\/diy-flower-bar-dtd-24-400x600.jpg 400w, https:\/\/doubletakedecor.com\/uploads\/2025\/08\/diy-flower-bar-dtd-24-560x840.jpg 560w, https:\/\/doubletakedecor.com\/uploads\/2025\/08\/diy-flower-bar-dtd-24-480x720.jpg 480w\" sizes=\"auto, (max-width: 700px) 100vw, 700px\" \/><\/p>\n<p>Var\u00e1zsolj leny\u0171g\u00f6z\u0151 vir\u00e1gdekor\u00e1ci\u00f3t r\u00f3zsasz\u00edn r\u00f3zs\u00e1kb\u00f3l \u00e9s krizant\u00e9mokb\u00f3l, k\u00fcl\u00f6nb\u00f6z\u0151 magass\u00e1gban \u00e9s elt\u00e9r\u0151 text\u00far\u00e1val. Tegy\u00e9l hozz\u00e1 k\u00f6nyvhalmokat vagy f\u00e9m ed\u00e9nyeket, hogy m\u00e9g t\u00f6bb dimenzi\u00f3t kapjon az elrendez\u00e9s. Egy visszafogott szalag a fi\u00f3k gombj\u00e1n t\u00f6k\u00e9letesen kieg\u00e9sz\u00edti az eleg\u00e1ns \u00f6sszk\u00e9pet. \u00dcnnepekre vagy feldobott h\u00e9tkeznapokra is remek v\u00e1laszt\u00e1s.<\/p>\n<h2>Eleg\u00e1ns Vir\u00e1gkijelz\u0151s Asztal<\/h2>\n<p><img loading=\"lazy\" decoding=\"async\" width=\"700\" height=\"1049\" alt=\"Feh\u00e9r faasztal friss vir\u00e1gokkal c\u00edmk\u00e9zett v\u00f6dr\u00f6kben \u00e9s cserepekben, eleg\u00e1ns DIY vir\u00e1gb\u00e1r hangulatot teremt\" class=\"aligncenter size-full wp-image-6295\" src=\"https:\/\/doubletakedecor.com\/uploads\/2025\/08\/diy-flower-bar-dtd-25.jpg\" srcset=\"https:\/\/doubletakedecor.com\/uploads\/2025\/08\/diy-flower-bar-dtd-25.jpg 700w, https:\/\/doubletakedecor.com\/uploads\/2025\/08\/diy-flower-bar-dtd-25-200x300.jpg 200w, https:\/\/doubletakedecor.com\/uploads\/2025\/08\/diy-flower-bar-dtd-25-683x1024.jpg 683w, https:\/\/doubletakedecor.com\/uploads\/2025\/08\/diy-flower-bar-dtd-25-96x144.jpg 96w, https:\/\/doubletakedecor.com\/uploads\/2025\/08\/diy-flower-bar-dtd-25-280x420.jpg 280w, https:\/\/doubletakedecor.com\/uploads\/2025\/08\/diy-flower-bar-dtd-25-320x480.jpg 320w, https:\/\/doubletakedecor.com\/uploads\/2025\/08\/diy-flower-bar-dtd-25-360x539.jpg 360w, https:\/\/doubletakedecor.com\/uploads\/2025\/08\/diy-flower-bar-dtd-25-363x544.jpg 363w, https:\/\/doubletakedecor.com\/uploads\/2025\/08\/diy-flower-bar-dtd-25-370x554.jpg 370w, https:\/\/doubletakedecor.com\/uploads\/2025\/08\/diy-flower-bar-dtd-25-400x599.jpg 400w, https:\/\/doubletakedecor.com\/uploads\/2025\/08\/diy-flower-bar-dtd-25-560x839.jpg 560w, https:\/\/doubletakedecor.com\/uploads\/2025\/08\/diy-flower-bar-dtd-25-480x719.jpg 480w\" sizes=\"auto, (max-width: 700px) 100vw, 700px\" \/><\/p>\n<p>Alak\u00edts ki profi vir\u00e1gb\u00e1rt egy klasszikus, feh\u00e9r asztallal! V\u00e1logasd a vir\u00e1gokat egys\u00e9ges, feh\u00e9r ed\u00e9nyekben, \u00e9s mindenhez tegy\u00e9l j\u00f3l olvashat\u00f3 feliratot, hogy k\u00f6nnyebb legyen v\u00e1logatni. Kombin\u00e1ld a hangs\u00falyos vir\u00e1gfejeket (p\u00e9ld\u00e1ul r\u00f3zs\u00e1kat) finomabb d\u00edsz\u00edt\u0151kkel, az igaz\u00e1n l\u00e1tv\u00e1nyos hat\u00e1s\u00e9rt. H\u00e1tulra tegy\u00e9l magasabb csokrokat, hogy m\u00e9lyebb legyen az \u00f6sszk\u00e9p. Egy mint\u00e1s sz\u0151nyeggel az eg\u00e9sz teret eleg\u00e1nsan hangs\u00falyozhatod.<\/p>\n<h2>GYIK<\/h2>\n<details class=\"g-accordion \"><summary><h3>Mi az a DIY vir\u00e1gb\u00e1r?<\/h3><\/summary>\n<p>A DIY vir\u00e1gb\u00e1r egy vid\u00e1m \u00e9s kreat\u00edv program, ahol mindenki kiv\u00e1logathatja a neki tetsz\u0151 vir\u00e1gokat \u00e9s z\u00f6ldeket, majd megalkothatja saj\u00e1t, egyedi vir\u00e1gcsokr\u00e1t. A l\u00e9nyeg a <strong>szem\u00e9lyre szab\u00e1s<\/strong>, hiszen mindenki megmutathatja a kreativit\u00e1s\u00e1t az egyedi csokrokkal. Gyakran rendezv\u00e9nyeken, bulikon vagy bar\u00e1ti \u00f6sszej\u00f6veteleken tal\u00e1lkozhatsz ilyennel, ahol a vend\u00e9gek kipr\u00f3b\u00e1lhatj\u00e1k, milyen saj\u00e1t kez\u0171leg vir\u00e1got k\u00f6tni, mik\u00f6zben a hangulat is m\u00e9g jobb lesz.<\/p>\n<p>A m\u0171faj l\u00e9nyege, hogy sokf\u00e9le vir\u00e1gb\u00f3l \u00e9s z\u00f6ldb\u0151l lehet v\u00e1lasztani \u2013 mindenki a saj\u00e1t \u00edzl\u00e9se szerint. Emiatt lesz minden csokor egyedi \u00e9s k\u00fcl\u00f6nleges. Legyen sz\u00f3 esk\u00fcv\u0151r\u0151l, l\u00e1nyb\u00facs\u00far\u00f3l vagy k\u00e9zm\u0171ves est\u00e9r\u0151l, egy DIY vir\u00e1gb\u00e1r izgalmas program, amin sz\u00f3rakozhattok, \u00e9s a v\u00e9g\u00e9n mindenki hazaviheti saj\u00e1t, gy\u00f6ny\u00f6r\u0171 vir\u00e1gcsokr\u00e1t eml\u00e9kbe.<\/p>\n<p>Ha helyi vagy szezon\u00e1lis vir\u00e1gokat v\u00e1lasztasz, a vir\u00e1gb\u00e1r nemcsak <strong>p\u00e9nzt\u00e1rcabar\u00e1t<\/strong>, de <strong>k\u00f6rnyezetbar\u00e1t<\/strong> is lesz. Az ilyen programok n\u00e9pszer\u0171ek, mert mindenki saj\u00e1t elk\u00e9pzel\u00e9sei alapj\u00e1n alkothat, \u00e9s a vend\u00e9gek igaz\u00e1n r\u00e9szt vehetnek az esem\u00e9nyben.<\/p>\n<\/details><details class=\"g-accordion \"><summary><h3>Mit\u0151l lesz egy DIY vir\u00e1gb\u00e1r interakt\u00edv \u00e9lm\u00e9ny?<\/h3><\/summary>\n<p>Egy <strong>DIY vir\u00e1gb\u00e1r<\/strong> feldobja b\u00e1rmelyik rendezv\u00e9nyt, mert mindenki akt\u00edvan bekapcsol\u00f3dhat. A vend\u00e9gek maguk v\u00e1laszthatj\u00e1k ki a vir\u00e1gokat \u00e9s k\u00f6thetik meg a saj\u00e1t csokrukat, \u00edgy nemcsak j\u00f3l \u00e9rzik magukat, de k\u00f6zben besz\u00e9lgethetnek \u00e9s m\u00e1sokkal is egy\u00fctt alkothatnak. Ez lehet\u0151s\u00e9get ad az <strong>egyedi st\u00edlus<\/strong> megmutat\u00e1s\u00e1ra, \u00e9s sz\u00ednesebb\u00e9 teszi az esem\u00e9nyt. Az ilyen k\u00f6z\u00f6s, k\u00e9zzel k\u00e9sz\u00fcl\u0151 programok f\u0151leg bulikon, esk\u00fcv\u0151k\u00f6n vagy csal\u00e1di \u00f6sszej\u00f6veteleken v\u00e1lnak igaz\u00e1n n\u00e9pszer\u0171v\u00e9, mert mindenki r\u00e9szt vehet a m\u00f3k\u00e1ban.<\/p>\n<\/details><details class=\"g-accordion \"><summary><h3>Mire van sz\u00fcks\u00e9g egy DIY vir\u00e1gb\u00e1rhoz?<\/h3><\/summary>\n<p>Ha DIY vir\u00e1gb\u00e1rt szeretn\u00e9l, n\u00e9h\u00e1ny alap kell\u00e9kre lesz sz\u00fcks\u00e9ged, hogy minden vend\u00e9g j\u00f3l \u00e9rezze mag\u00e1t. El\u0151sz\u00f6r is k\u00e9sz\u00edts el\u0151 egy vir\u00e1g\u00e1llv\u00e1nyt vagy pultot, ahol sz\u00e9pen elrendezheted a k\u00fcl\u00f6nb\u00f6z\u0151 vir\u00e1gokat. Sokf\u00e9le vir\u00e1g \u00e9s z\u00f6ld k\u00f6z\u00fcl lehessen v\u00e1lasztani, hogy mindenki a saj\u00e1t \u00edzl\u00e9s\u00e9nek megfelel\u0151 csokrot k\u00f6thessen. Legyenek olyan tasakok vagy zacsk\u00f3k is, amiben a vend\u00e9gek haza tudj\u00e1k vinni a saj\u00e1t alkot\u00e1saikat.<\/p>\n<p><strong>Ezeket \u00e9rdemes el\u0151k\u00e9sz\u00edtened a vir\u00e1gb\u00e1rhoz:<\/strong><\/p>\n<ul>\n<li>oll\u00f3 vagy metsz\u0151oll\u00f3 a sz\u00e1rak v\u00e1g\u00e1s\u00e1hoz,<\/li>\n<li>vizes ed\u00e9nyek, hogy a vir\u00e1gok frissek maradjanak,<\/li>\n<li>dekor\u00e1ci\u00f3k, p\u00e9ld\u00e1ul szalagok vagy kis c\u00edmk\u00e9k, hogy feldobd a csokrokat.<\/li>\n<\/ul>\n<p>Ha ezek mind megvannak, <strong>bar\u00e1ts\u00e1gos, kreat\u00edv hangulatot teremthetsz, ami biztosan \u00f6sszehozza a t\u00e1rsas\u00e1got.<\/strong><\/p>\n<\/details><details class=\"g-accordion \"><summary><h3>Milyen vir\u00e1gokat \u00e9s z\u00f6ldeket \u00e9rdemes v\u00e1lasztani?<\/h3><\/summary>\n<p>Ahhoz, hogy igaz\u00e1n sz\u00e9p DIY vir\u00e1gb\u00e1rt k\u00e9sz\u00edts, gondosan v\u00e1lassz vir\u00e1gokat \u00e9s z\u00f6ldeket. \u00c9rdemes szezon\u00e1lis kedvenceket, p\u00e9ld\u00e1ul <strong>r\u00f3zs\u00e1t<\/strong>, <strong>liliomot<\/strong> vagy <strong>napraforg\u00f3t<\/strong> beszerezni, mert ezekkel sokf\u00e9le csokrot lehet k\u00f6tni, \u00e9s mindenki tal\u00e1l neki tetsz\u0151t.<\/p>\n<p>V\u00e1lassz k\u00fcl\u00f6nb\u00f6z\u0151 leveleket is: p\u00e9ld\u00e1ul a <strong>eukaliptusz<\/strong> vagy a <strong>p\u00e1fr\u00e1ny<\/strong> j\u00f3l mutat \u00e9s remek\u00fcl kieg\u00e9sz\u00edti a vir\u00e1gokat, mik\u00f6zben eleg\u00e1nsabb\u00e1 teszi a csokrokat.<\/p>\n<p>A szezon\u00e1lis vir\u00e1g nemcsak olcs\u00f3bb, de frissebb is, \u00edgy tov\u00e1bb sz\u00e9p marad a csokor. Helyi termel\u0151t\u0151l v\u00e1s\u00e1rolva k\u00f6rnyezetbar\u00e1t leszel, \u00e9s t\u00e1mogathatod a k\u00f6rny\u00e9k vir\u00e1gkert\u00e9szeit.<\/p>\n<p>A sz\u00e9les v\u00e1laszt\u00e9kt\u00f3l lesz igaz\u00e1n j\u00f3 a DIY vir\u00e1gb\u00e1r: \u00edgy minden vend\u00e9g megval\u00f3s\u00edthatja a saj\u00e1t \u00f6tleteit, \u00e9s egyedi vir\u00e1gcsokrokat alkothat.<\/p>\n<\/details><details class=\"g-accordion \"><summary><h3>Mire figyelj a vir\u00e1gok \u00e1pol\u00e1s\u00e1n\u00e1l \u00e9s el\u0151k\u00e9sz\u00edt\u00e9s\u00e9n\u00e9l?<\/h3><\/summary>\n<p>Fontos, hogy a vir\u00e1gok min\u00e9l tov\u00e1bb frissek maradjanak, f\u0151leg egy DIY vir\u00e1gb\u00e1rban. A sz\u00e1rakat ferd\u00e9n v\u00e1gd le, mert \u00edgy jobban tudnak vizet felsz\u00edvni, \u00e9s a vir\u00e1gok is tov\u00e1bb sz\u00e9pek maradnak. Am\u00edg nem haszn\u00e1lod fel \u0151ket, tedd v\u00edzbe, k\u00fcl\u00f6nben k\u00f6nnyen elhervadnak. Ha m\u00e9g h\u0171v\u00f6s helyen is tartod, m\u00e9g tov\u00e1bb meg\u0151rzik \u00e9l\u00e9nk sz\u00edn\u00fcket \u00e9s frissess\u00e9g\u00fcket.<\/p>\n<p>Ha ezeket a tippeket megosztod a vend\u00e9gekkel is, mindenkinek szebb \u00e9s tart\u00f3sabb lesz a csokra. A vir\u00e1g\u00e1pol\u00e1si tan\u00e1csok r\u00e1ad\u00e1sul \u00e9rdekesebb\u00e9 teszik a programot, \u00e9s seg\u00edtenek, hogy a csokrok m\u00e9g az esem\u00e9ny ut\u00e1n is hossz\u00fa ideig gy\u00f6ny\u00f6r\u0171ek maradjanak.<\/p>\n<\/details> <details class=\"g-accordion \"><summary><h3>Hogyan \u00e1ll\u00edthatsz \u00f6ssze otthon DIY vir\u00e1gb\u00e1rt b\u00e1rmilyen alkalomra?<\/h3><\/summary>\n<p>Ha <strong>DIY vir\u00e1gb\u00e1rt<\/strong> szeretn\u00e9l k\u00e9sz\u00edteni egy esem\u00e9nyre, el\u0151sz\u00f6r gondold v\u00e9gig az alkalom t\u00e9m\u00e1j\u00e1t \u00e9s sz\u00edneit. \u00cdgy a dekor\u00e1ci\u00f3 egys\u00e9ges lesz, \u00e9s jobban illik az \u00f6sszk\u00e9phez. Rendezgesd el a vir\u00e1gokat \u00fagy, hogy a vend\u00e9gek k\u00f6nnyen \u00e1tl\u00e1ss\u00e1k, mit v\u00e1laszthatnak, \u00e9s adj egyszer\u0171 \u00fatmutat\u00e1st a saj\u00e1t csokrok elk\u00e9sz\u00edt\u00e9s\u00e9hez.<\/p>\n<p>Fontos, hogy bar\u00e1ts\u00e1gos, h\u00edvogat\u00f3 l\u00e9gk\u00f6rt teremts. Haszn\u00e1lhatsz feliratokat, ter\u00edt\u0151ket vagy egy\u00e9b d\u00edszeket, hogy m\u00e9g hangulatosabb legyen az asztal. Az elrendez\u00e9st igaz\u00edthatod az adott esem\u00e9nyhez, legyen az esk\u00fcv\u0151, buli vagy egy laza tal\u00e1lkoz\u00f3.<\/p>\n<p>K\u00e9sz\u00edtsd el\u0151 az \u00f6sszes fontos kell\u00e9ket:<\/p>\n<ul>\n<li>oll\u00f3 a sz\u00e1rak v\u00e1g\u00e1s\u00e1hoz,<\/li>\n<li>v\u00edzzel t\u00f6lt\u00f6tt ed\u00e9ny, hogy a vir\u00e1gok frissek maradjanak,<\/li>\n<li>csokor-zacsk\u00f3k, hogy a vend\u00e9gek k\u00f6nnyen hazavihess\u00e9k a saj\u00e1t alkot\u00e1sukat.<\/li>\n<\/ul>\n<p><strong>Ha ezeket a tippeket k\u00f6veted, izgalmas \u00e9lm\u00e9nyt ny\u00fajthatsz a vend\u00e9geidnek, ahol mindenki kibontakoztathatja a kreativit\u00e1s\u00e1t \u00e9s kifejezheti mag\u00e1t a vir\u00e1gd\u00edsz\u00edt\u00e9sen kereszt\u00fcl.<\/strong><\/p>\n<\/details><details class=\"g-accordion \"><summary><h3>Hogyan k\u00e9sz\u00edthetsz k\u00f6lts\u00e9gk\u00edm\u00e9l\u0151 DIY vir\u00e1gb\u00e1rt?<\/h3><\/summary>\n<p>Egy DIY vir\u00e1gb\u00e1r remek v\u00e1laszt\u00e1s lehet, ha okosan v\u00e1lasztod ki a vir\u00e1gokat, \u00e9s odafigyelsz a beszerz\u00e9s\u00fckre. Kezdd azzal, hogy <strong>helyi piacokr\u00f3l<\/strong> v\u00e1s\u00e1rolsz, mert ott gyakran <strong>olcs\u00f3bban<\/strong> juthatsz hozz\u00e1 a sz\u00fcks\u00e9ges vir\u00e1gokhoz. \u00c9rdemes <strong>szezon\u00e1lis vir\u00e1gokat<\/strong> v\u00e1lasztani \u2013 ezek legt\u00f6bbsz\u00f6r frissebbek, szebbek \u00e9s j\u00f3val kedvez\u0151bb \u00e1r\u00faak is.<\/p>\n<p>Ha sp\u00f3rolni szeretn\u00e9l, legyen kisebb a v\u00e1laszt\u00e9k, \u00e9s kevesebb z\u00f6ldn\u00f6v\u00e9nyt k\u00edn\u00e1lj. Ez els\u0151re sz\u0171k\u00f6snek t\u0171nhet, de val\u00f3j\u00e1ban m\u00e9g \u00f6tletesebb megold\u00e1sokra \u00f6szt\u00f6nzi a vend\u00e9geidet, mert kombin\u00e1lniuk kell, ami van. A marad\u00e9k vir\u00e1gokat pedig ne dobd ki: csin\u00e1lj bel\u0151l\u00fck egyszer\u0171bb d\u00edszeket, vagy haszn\u00e1ld fel m\u00e1s dekor\u00e1ci\u00f3hoz!<\/p>\n<p>Ha ezekre a sp\u00f3rol\u00f3s tr\u00fckk\u00f6kre odafigyelsz, a <strong>DIY vir\u00e1gb\u00e1r<\/strong> tov\u00e1bbra is kit\u0171n\u0151, p\u00e9nzt\u00e1rcabar\u00e1t program lehet szervez\u0151knek, akik szeretn\u00e9nek eml\u00e9kezetes vir\u00e1gos \u00e9lm\u00e9nyt ny\u00fajtani an\u00e9lk\u00fcl, hogy t\u00fall\u00e9pn\u00e9k a keretet.<\/p>\n<\/details><details class=\"g-accordion \"><summary><h3>Milyen kreat\u00edv \u00f6tletekkel dobhatod fel a DIY vir\u00e1gb\u00e1rt?<\/h3><\/summary>\n<p>Egy kis fant\u00e1zi\u00e1val szuper \u00e9lm\u00e9nny\u00e9 var\u00e1zsolhatod a DIY vir\u00e1gb\u00e1rt. K\u00edn\u00e1lhatsz p\u00e9ld\u00e1ul <strong>vir\u00e1gos limon\u00e1d\u00e9t<\/strong> \u2013 ez nem csak friss\u00edt\u0151, de t\u00f6k\u00e9letesen illik a t\u00e9m\u00e1hoz is. J\u00f3 \u00f6tlet lehet, ha <strong>szem\u00e9lyre sz\u00f3l\u00f3 c\u00edmk\u00e9ket<\/strong> adsz a csokrokhoz, \u00edgy minden vend\u00e9g r\u00e1\u00edrhatja a nev\u00e9t vagy egy \u00fczenetet a csokr\u00e1ra.<\/p>\n<ul>\n<li>Dekorat\u00edv feliratok seg\u00edtik a vend\u00e9geket,<\/li>\n<li>\u00fatmutat\u00e1st adnak a vir\u00e1gok kiv\u00e1laszt\u00e1s\u00e1ban \u00e9s elrendez\u00e9s\u00e9ben,<\/li>\n<li>\u00e9s m\u00e9g szebb\u00e9 teszik az \u00f6sszk\u00e9pet.<\/li>\n<\/ul>\n<p>Ha a dekor\u00e1ci\u00f3 is passzol az esem\u00e9ny st\u00edlus\u00e1hoz, igaz\u00e1n egys\u00e9ges l\u00e1tv\u00e1nyt kapsz. <strong>Ezek az apr\u00f3s\u00e1gok nemcsak szebb\u00e9, hanem vid\u00e1mabb\u00e1, kreat\u00edvabb\u00e1 is teszik a programot<\/strong>, \u00edgy mindenki \u00e9lvezettel k\u00e9sz\u00edtheti el a saj\u00e1t csokr\u00e1t.<\/p>\n<\/details><details class=\"g-accordion \"><summary><h3>Hogyan k\u00e9sz\u00edthetnek a vend\u00e9gek egyedi csokrokat a DIY vir\u00e1gb\u00e1rban?<\/h3><\/summary>\n<p>A DIY vir\u00e1gb\u00e1rn\u00e1l minden vend\u00e9g maga rakhatja \u00f6ssze a saj\u00e1t, szem\u00e9lyes csokr\u00e1t. Sokf\u00e9le vir\u00e1g \u00e9s z\u00f6ld d\u00edsz \u00e1ll rendelkez\u00e9sre, \u00edgy mindenki megtal\u00e1lhatja a neki tetsz\u0151t. Egyszer\u0171 \u00e9s r\u00f6vid \u00fatmutat\u00f3kat is adhatsz: ezek seg\u00edtenek abban, hogy b\u00e1trabban v\u00e1gjanak bele a vir\u00e1gd\u00edsz\u00edt\u00e9sbe, \u00e9s k\u00fcl\u00f6nleges kombin\u00e1ci\u00f3kat pr\u00f3b\u00e1ljanak ki.<\/p>\n<p>Az \u00e9lm\u00e9nyhez elengedhetetlen n\u00e9h\u00e1ny alapvet\u0151 dolog: oll\u00f3 a sz\u00e1rakhoz, v\u00edzzel teli ed\u00e9nyek a vir\u00e1goknak, \u00e9s csokor-zacsk\u00f3k, hogy mindenki elvihesse a saj\u00e1t alkot\u00e1s\u00e1t. B\u00e1tor\u00edtsd a vend\u00e9geket, hogy b\u00e1tran keverj\u00e9k a vir\u00e1gokat, form\u00e1kat, sz\u00edneket \u2013 \u00edgy minden csokor val\u00f3ban egyedi lesz, \u00e9s mindenki megmutathatja a saj\u00e1t st\u00edlus\u00e1t.<\/p>\n<p><strong>A c\u00e9l, hogy egy bar\u00e1ts\u00e1gos, felszabadult hangulat\u00fa helyet teremts, ahol a vend\u00e9gek nyugodtan pr\u00f3b\u00e1lkozhatnak, felfedezhetik a vir\u00e1gd\u00edsz\u00edt\u00e9s \u00f6r\u00f6m\u00e9t, \u00e9s elk\u00e9sz\u00edthetik saj\u00e1t, szem\u00e9lyes csokor-remekm\u0171veiket.<\/strong><\/p>\n<\/details><details class=\"g-accordion \"><summary><h3>Hogyan haszn\u00e1lhatod a DIY vir\u00e1gb\u00e1rt le\u00e1nyb\u00facs\u00fakra vagy \u00fcnneps\u00e9gekre?<\/h3><\/summary>\n<p>A DIY vir\u00e1gb\u00e1r t\u00f6k\u00e9letes program egy le\u00e1nyb\u00facs\u00fan, mert egyszerre sz\u00f3rakoztat \u00e9s \u00f6sszehozza a t\u00e1rsas\u00e1got. A vend\u00e9gek szabadon engedhetik a fant\u00e1zi\u00e1jukat, \u00e9s saj\u00e1t vir\u00e1gcsokrokat k\u00e9sz\u00edthetnek, \u00edgy mindenki valami szem\u00e9lyessel lepheti meg a menyasszonyt vagy \u00e9ppen \u00f6nmag\u00e1t. Ez a program eml\u00e9kezetes pillanatokat \u00e9s kis aj\u00e1nd\u00e9kokat is ad a r\u00e9sztvev\u0151knek.<\/p>\n<p>\u00cdgy illesztheted k\u00f6nnyed\u00e9n a vir\u00e1gb\u00e1rt a le\u00e1nyb\u00facs\u00fa menet\u00e9be:<\/p>\n<ul>\n<li>igaz\u00edtsd a vir\u00e1gokat az esem\u00e9ny sz\u00edneihez vagy t\u00e9m\u00e1j\u00e1hoz,<\/li>\n<li>figyelj oda, hogy harmonikus, sz\u00e9p legyen a d\u00edsz\u00edt\u00e9s,<\/li>\n<li>hagyj id\u0151t mindenkinek a saj\u00e1t, egyedi csokor \u00f6ssze\u00e1ll\u00edt\u00e1s\u00e1ra,<\/li>\n<li>teremts laza, oldott hangulatot, hogy mindenki j\u00f3l \u00e9rezze mag\u00e1t.<\/li>\n<\/ul>\n<p>Azok sz\u00e1m\u00e1ra, akik el\u0151sz\u00f6r vir\u00e1gk\u00f6tnek, \u00e9rdemes egyszer\u0171 \u00fatmutat\u00f3t vagy r\u00f6vid bemutat\u00f3t tartani. Ha szem\u00e9lyes \u00fczenetes k\u00e1rty\u00e1kat adsz a csokrokhoz, m\u00e9g k\u00fcl\u00f6nlegesebb lesz az aj\u00e1nd\u00e9k a menyasszonynak!<\/p>\n<p><strong>Ezekkel a kis figyelmess\u00e9gekkel a DIY vir\u00e1gb\u00e1r t\u00e9nyleg \u00e9lvezetes \u00e9s eml\u00e9kezetes r\u00e9sze lesz a le\u00e1nyb\u00facs\u00fanak, \u00e9s k\u00f6zelebb hozza egym\u00e1shoz a vend\u00e9geket.<\/strong><\/p>\n<\/details><details class=\"g-accordion \"><summary><h3>Hogyan illesztheted be a DIY vir\u00e1gb\u00e1rt egy kreat\u00edv est\u00e9re vagy buliba?<\/h3><\/summary>\n<p><strong>Ha DIY vir\u00e1gb\u00e1rt<\/strong> adsz a kreat\u00edv estedhez vagy bulidhoz, azzal m\u00e9g izgalmasabb\u00e1 teheted az eg\u00e9sz programot. Mindenki k\u00f6nnyen kipr\u00f3b\u00e1lhatja mag\u00e1t a vir\u00e1gk\u00f6t\u00e9sben, r\u00e1ad\u00e1sul ez remek alkalmat ad a k\u00f6z\u00f6s besz\u00e9lget\u00e9shez is. Csak arra van sz\u00fcks\u00e9g, hogy v\u00e1logass egy sz\u00e9p csokorra val\u00f3 vir\u00e1got \u00e9s z\u00f6ldet, \u00e9s rendezd ki \u0151ket \u00fagy, hogy minden vend\u00e9g k\u00e9nyelmesen hozz\u00e1f\u00e9rjen.<\/p>\n<p>M\u00e9g jobb\u00e1 teheted az \u00e9lm\u00e9nyt, ha egyszer\u0171 csokork\u00f6t\u0151 \u00fatmutat\u00f3kat is adsz. Gondoskodj olyan fontos kell\u00e9kekr\u0151l, mint az <strong>oll\u00f3<\/strong> \u00e9s a <strong>vizes ed\u00e9nyek<\/strong>. Ha szeretn\u00e9d szem\u00e9lyesebb\u00e9 tenni az est\u00e9t, adj feliratos k\u00e1rty\u00e1kat is, hogy mindenki r\u00e1\u00edrhassa a saj\u00e1t nev\u00e9t vagy egy kedves \u00fczenetet.<\/p>\n<p>A DIY vir\u00e1gb\u00e1r nemcsak sz\u00ednes, izgalmas programk\u00e9nt m\u0171k\u00f6dik egy bulin, hanem v\u00e9g\u00fcl mindenki hazaviheti a saj\u00e1t, egyedi csokr\u00e1t is. Ez az \u00e9lm\u00e9ny kreativit\u00e1sra \u00f6szt\u00f6n\u00f6z \u00e9s eml\u00e9kezetes pillanatokat hoz l\u00e9tre, mik\u00f6zben mindenki kifejezheti mag\u00e1t a vir\u00e1gokkal.<\/p>\n<\/details>\n","protected":false},"excerpt":{"rendered":"<p>V\u00e1ltoztasd a k\u00f6vetkez\u0151 \u00f6sszej\u00f6vetelt egy eml\u00e9kezetes, k\u00f6z\u00f6s \u00e9lm\u00e9nny\u00e9 egy saj\u00e1t k\u00e9sz\u00edt\u00e9s\u0171 vir\u00e1gb\u00e1rral! Egy ilyen vir\u00e1gos \u201c\u00e1llom\u00e1sn\u00e1l\u201d a vend\u00e9gek maguk v\u00e1logathatnak a friss vir\u00e1gok \u00e9s z\u00f6ldek k\u00f6z\u00fcl, majd elk\u00e9sz\u00edthetik a saj\u00e1t csokrukat. Ez a k\u00e9zm\u0171ves program nemcsak az egy\u00e9ni kreativit\u00e1st \u00fcnnepli, de k\u00f6zelebb is hozza egym\u00e1shoz a r\u00e9sztvev\u0151ket \u2013 t\u00f6k\u00e9letes esk\u00fcv\u0151kre, l\u00e1nyb\u00facs\u00fakra, kreat\u00edv estekre vagy ak\u00e1r bar\u00e1ti tal\u00e1lkoz\u00f3kra. Egy vir\u00e1gb\u00e1r \u00f6ssze\u00e1ll\u00edt\u00e1sa&hellip;<\/p>\n","protected":false},"author":12,"featured_media":6304,"comment_status":"closed","ping_status":"closed","sticky":false,"template":"","format":"standard","meta":{"rank_math_focus_keyword":"bark\u00e1cs vir\u00e1gb\u00e1r","rank_math_title":"L\u00e9p\u00e9sr\u0151l l\u00e9p\u00e9sre \u00fatmutat\u00f3 gy\u00f6ny\u00f6r\u0171 vir\u00e1gkompoz\u00edci\u00f3k k\u00e9sz\u00edt\u00e9s\u00e9hez","rank_math_description":"Fedezd fel, hogyan k\u00e9sz\u00edthetsz saj\u00e1t DIY vir\u00e1gb\u00e1rt, \u00e9s leny\u0171g\u00f6zheted vend\u00e9geidet leny\u0171g\u00f6z\u0151 vir\u00e1gkompoz\u00edci\u00f3kkal k\u00f6nnyed\u00e9n.","footnotes":""},"categories":[130],"tags":[],"class_list":["post-6671","post","type-post","status-publish","format-standard","has-post-thumbnail","hentry","category-diy-projektek"],"g_custom_schema_json":"<script type=\"application\/ld+json\">\n{\n  \"@context\": \"https:\/\/schema.org\",\n  \"@type\": \"FAQPage\",\n  \"mainEntity\": [\n    {\n      \"@type\": \"Question\",\n      \"name\": \"Mi az a DIY vir\u00e1gb\u00e1r?\",\n      \"acceptedAnswer\": {\n        \"@type\": \"Answer\",\n        \"text\": \"A DIY vir\u00e1gb\u00e1r egy vid\u00e1m \u00e9s kreat\u00edv program, ahol mindenki kiv\u00e1logathatja a neki tetsz\u0151 vir\u00e1gokat \u00e9s z\u00f6ldeket, majd megalkothatja saj\u00e1t, egyedi vir\u00e1gcsokr\u00e1t. A l\u00e9nyeg a szem\u00e9lyre szab\u00e1s, hiszen mindenki megmutathatja a kreativit\u00e1s\u00e1t az egyedi csokrokkal. Gyakran rendezv\u00e9nyeken, bulikon vagy bar\u00e1ti \u00f6sszej\u00f6veteleken tal\u00e1lkozhatsz ilyennel.\"\n      }\n    },\n    {\n      \"@type\": \"Question\",\n      \"name\": \"Mit\u0151l lesz egy DIY vir\u00e1gb\u00e1r interakt\u00edv \u00e9lm\u00e9ny?\",\n      \"acceptedAnswer\": {\n        \"@type\": \"Answer\",\n        \"text\": \"Egy DIY vir\u00e1gb\u00e1r feldobja b\u00e1rmelyik rendezv\u00e9nyt, mert mindenki akt\u00edvan bekapcsol\u00f3dhat. A vend\u00e9gek maguk v\u00e1laszthatj\u00e1k ki a vir\u00e1gokat \u00e9s k\u00f6thetik meg a saj\u00e1t csokrukat. Ez lehet\u0151s\u00e9get ad az egyedi st\u00edlus megmutat\u00e1s\u00e1ra, \u00e9s sz\u00ednesebb\u00e9 teszi az esem\u00e9nyt.\"\n      }\n    },\n    {\n      \"@type\": \"Question\",\n      \"name\": \"Mire van sz\u00fcks\u00e9g egy DIY vir\u00e1gb\u00e1rhoz?\",\n      \"acceptedAnswer\": {\n        \"@type\": \"Answer\",\n        \"text\": \"Ha DIY vir\u00e1gb\u00e1rt szeretn\u00e9l, n\u00e9h\u00e1ny alap kell\u00e9kre lesz sz\u00fcks\u00e9ged, hogy minden vend\u00e9g j\u00f3l \u00e9rezze mag\u00e1t. El\u0151sz\u00f6r is k\u00e9sz\u00edts el\u0151 egy vir\u00e1g\u00e1llv\u00e1nyt vagy pultot, ahol sz\u00e9pen elrendezheted a k\u00fcl\u00f6nb\u00f6z\u0151 vir\u00e1gokat. Sokf\u00e9le vir\u00e1g \u00e9s z\u00f6ld k\u00f6z\u00fcl lehessen v\u00e1lasztani, hogy mindenki a saj\u00e1t \u00edzl\u00e9s\u00e9nek megfelel\u0151 csokrot k\u00f6thessen.\"\n      }\n    },\n    {\n      \"@type\": \"Question\",\n      \"name\": \"Milyen vir\u00e1gokat \u00e9s z\u00f6ldeket \u00e9rdemes v\u00e1lasztani?\",\n      \"acceptedAnswer\": {\n        \"@type\": \"Answer\",\n        \"text\": \"Ahhoz, hogy igaz\u00e1n sz\u00e9p DIY vir\u00e1gb\u00e1rt k\u00e9sz\u00edts, gondosan v\u00e1lassz vir\u00e1gokat \u00e9s z\u00f6ldeket. \u00c9rdemes szezon\u00e1lis kedvenceket, p\u00e9ld\u00e1ul r\u00f3zs\u00e1t, liliomot vagy napraforg\u00f3t beszerezni. V\u00e1lassz k\u00fcl\u00f6nb\u00f6z\u0151 leveleket is: p\u00e9ld\u00e1ul a eukaliptusz vagy a p\u00e1fr\u00e1ny j\u00f3l mutat \u00e9s remek\u00fcl kieg\u00e9sz\u00edti a vir\u00e1gokat.\"\n      }\n    },\n    {\n      \"@type\": \"Question\",\n      \"name\": \"Mire figyelj a vir\u00e1gok \u00e1pol\u00e1s\u00e1n\u00e1l \u00e9s el\u0151k\u00e9sz\u00edt\u00e9s\u00e9n\u00e9l?\",\n      \"acceptedAnswer\": {\n        \"@type\": \"Answer\",\n        \"text\": \"Fontos, hogy a vir\u00e1gok min\u00e9l tov\u00e1bb frissek maradjanak, f\u0151leg egy DIY vir\u00e1gb\u00e1rban. A sz\u00e1rakat ferd\u00e9n v\u00e1gd le, mert \u00edgy jobban tudnak vizet felsz\u00edvni. Am\u00edg nem haszn\u00e1lod fel \u0151ket, tedd v\u00edzbe, k\u00fcl\u00f6nben k\u00f6nnyen elhervadnak.\"\n      }\n    },\n    {\n      \"@type\": \"Question\",\n      \"name\": \"Hogyan \u00e1ll\u00edthatsz \u00f6ssze otthon DIY vir\u00e1gb\u00e1rt b\u00e1rmilyen alkalomra?\",\n      \"acceptedAnswer\": {\n        \"@type\": \"Answer\",\n        \"text\": \"Ha DIY vir\u00e1gb\u00e1rt szeretn\u00e9l k\u00e9sz\u00edteni egy esem\u00e9nyre, el\u0151sz\u00f6r gondold v\u00e9gig az alkalom t\u00e9m\u00e1j\u00e1t \u00e9s sz\u00edneit. \u00cdgy a dekor\u00e1ci\u00f3 egys\u00e9ges lesz, \u00e9s jobban illik az \u00f6sszk\u00e9phez. Rendezgesd el a vir\u00e1gokat \u00fagy, hogy a vend\u00e9gek k\u00f6nnyen \u00e1tl\u00e1ss\u00e1k, mit v\u00e1laszthatnak.\"\n      }\n    },\n    {\n      \"@type\": \"Question\",\n      \"name\": \"Hogyan k\u00e9sz\u00edthetsz k\u00f6lts\u00e9gk\u00edm\u00e9l\u0151 DIY vir\u00e1gb\u00e1rt?\",\n      \"acceptedAnswer\": {\n        \"@type\": \"Answer\",\n        \"text\": \"Egy DIY vir\u00e1gb\u00e1r remek v\u00e1laszt\u00e1s lehet, ha okosan v\u00e1lasztod ki a vir\u00e1gokat, \u00e9s odafigyelsz a beszerz\u00e9s\u00fckre. Kezdd azzal, hogy helyi piacokr\u00f3l v\u00e1s\u00e1rolsz, mert ott gyakran olcs\u00f3bban juthatsz hozz\u00e1 a sz\u00fcks\u00e9ges vir\u00e1gokhoz. \u00c9rdemes szezon\u00e1lis vir\u00e1gokat v\u00e1lasztani.\"\n      }\n    },\n    {\n      \"@type\": \"Question\",\n      \"name\": \"Milyen kreat\u00edv \u00f6tletekkel dobhatod fel a DIY vir\u00e1gb\u00e1rt?\",\n      \"acceptedAnswer\": {\n        \"@type\": \"Answer\",\n        \"text\": \"Egy kis fant\u00e1zi\u00e1val szuper \u00e9lm\u00e9nny\u00e9 var\u00e1zsolhatod a DIY vir\u00e1gb\u00e1rt. K\u00edn\u00e1lhatsz p\u00e9ld\u00e1ul vir\u00e1gos limon\u00e1d\u00e9t \u2013 ez nem csak friss\u00edt\u0151, de t\u00f6k\u00e9letesen illik a t\u00e9m\u00e1hoz is. J\u00f3 \u00f6tlet lehet, ha szem\u00e9lyre sz\u00f3l\u00f3 c\u00edmk\u00e9ket adsz a csokrokhoz.\"\n      }\n    },\n    {\n      \"@type\": \"Question\",\n      \"name\": \"Hogyan k\u00e9sz\u00edthetnek a vend\u00e9gek egyedi csokrokat a DIY vir\u00e1gb\u00e1rban?\",\n      \"acceptedAnswer\": {\n        \"@type\": \"Answer\",\n        \"text\": \"A DIY vir\u00e1gb\u00e1rn\u00e1l minden vend\u00e9g maga rakhatja \u00f6ssze a saj\u00e1t, szem\u00e9lyes csokr\u00e1t. Sokf\u00e9le vir\u00e1g \u00e9s z\u00f6ld d\u00edsz \u00e1ll rendelkez\u00e9sre, \u00edgy mindenki megtal\u00e1lhatja a neki tetsz\u0151t. Egyszer\u0171 \u00e9s r\u00f6vid \u00fatmutat\u00f3kat is adhatsz.\"\n      }\n    },\n    {\n      \"@type\": \"Question\",\n      \"name\": \"Hogyan haszn\u00e1lhatod a DIY vir\u00e1gb\u00e1rt le\u00e1nyb\u00facs\u00fakra vagy \u00fcnneps\u00e9gekre?\",\n      \"acceptedAnswer\": {\n        \"@type\": \"Answer\",\n        \"text\": \"A DIY vir\u00e1gb\u00e1r t\u00f6k\u00e9letes program egy le\u00e1nyb\u00facs\u00fan, mert egyszerre sz\u00f3rakoztat \u00e9s \u00f6sszehozza a t\u00e1rsas\u00e1got. A vend\u00e9gek szabadon engedhetik a fant\u00e1zi\u00e1jukat, \u00e9s saj\u00e1t vir\u00e1gcsokrokat k\u00e9sz\u00edthetnek. Ez a program eml\u00e9kezetes pillanatokat \u00e9s kis aj\u00e1nd\u00e9kokat is ad a r\u00e9sztvev\u0151knek.\"\n      }\n    },\n    {\n      \"@type\": \"Question\",\n      \"name\": \"Hogyan illesztheted be a DIY vir\u00e1gb\u00e1rt egy kreat\u00edv est\u00e9re vagy buliba?\",\n      \"acceptedAnswer\": {\n        \"@type\": \"Answer\",\n        \"text\": \"Ha DIY vir\u00e1gb\u00e1rt adsz a kreat\u00edv estedhez vagy bulidhoz, azzal m\u00e9g izgalmasabb\u00e1 teheted az eg\u00e9sz programot. Mindenki k\u00f6nnyen kipr\u00f3b\u00e1lhatja mag\u00e1t a vir\u00e1gk\u00f6t\u00e9sben, r\u00e1ad\u00e1sul ez remek alkalmat ad a k\u00f6z\u00f6s besz\u00e9lget\u00e9shez is. Csak arra van sz\u00fcks\u00e9g, hogy v\u00e1logass egy sz\u00e9p csokorra val\u00f3 vir\u00e1got \u00e9s z\u00f6ldet.\"\n      }\n    }\n  ]\n}\n<\/script>\n<script type=\"application\/ld+json\">\n{\n  \"@context\": \"https:\/\/schema.org\",\n  \"@type\": \"HowTo\",\n  \"name\": \"DIY Vir\u00e1gb\u00e1r k\u00e9sz\u00edt\u00e9se otthon b\u00e1rmilyen alkalomra\",\n  \"description\": \"K\u00e9sz\u00edts saj\u00e1t DIY vir\u00e1gb\u00e1rt otthon, hogy vend\u00e9geid maguk v\u00e1laszthassanak friss vir\u00e1gokb\u00f3l \u00e9s z\u00f6ldekb\u0151l. Ez a k\u00f6z\u00f6s program kreat\u00edv, maradand\u00f3 \u00e9lm\u00e9nyt ad minden alkalomra.\",\n  \"image\": [\n    \"https:\/\/doubletakedecor.com\/uploads\/2025\/08\/diy-flower-bar-dtd-01.jpg\",\n    \"https:\/\/doubletakedecor.com\/uploads\/2025\/08\/diy-flower-bar-dtd-02.jpg\",\n    \"https:\/\/doubletakedecor.com\/uploads\/2025\/08\/diy-flower-bar-dtd-03.jpg\"\n  ],\n  \"totalTime\": \"PT1H\",\n  \"estimatedCost\": {\n    \"@type\": \"MonetaryAmount\",\n    \"currency\": \"HUF\",\n    \"value\": \"5000\"\n  },\n  \"supply\": [\n    {\n      \"@type\": \"HowToSupply\",\n      \"name\": \"V\u00e1gott vir\u00e1gok (r\u00f3zsa, liliom, tulip\u00e1n, gerbera, napraforg\u00f3, szezon\u00e1lis z\u00f6ldek)\"\n    },\n    {\n      \"@type\": \"HowToSupply\",\n      \"name\": \"Vizes v\u00e1z\u00e1k, poharak vagy cserepek\"\n    },\n    {\n      \"@type\": \"HowToSupply\",\n      \"name\": \"Oll\u00f3 vagy metsz\u0151oll\u00f3\"\n    },\n    {\n      \"@type\": \"HowToSupply\",\n      \"name\": \"Szalagok, c\u00edmk\u00e9k, dekor\u00e1ci\u00f3k\"\n    },\n    {\n      \"@type\": \"HowToSupply\",\n      \"name\": \"Asztal vagy \u00e1llv\u00e1ny\"\n    },\n    {\n      \"@type\": \"HowToSupply\",\n      \"name\": \"Zacsk\u00f3k vagy csomagol\u00f3anyag a hazavitelhez\"\n    }\n  ],\n  \"tool\": [\n    {\n      \"@type\": \"HowToTool\",\n      \"name\": \"V\u00edz\"\n    },\n    {\n      \"@type\": \"HowToTool\",\n      \"name\": \"Kr\u00e9tat\u00e1bla vagy feliratok\"\n    }\n  ],\n  \"step\": [\n    {\n      \"@type\": \"HowToStep\",\n      \"name\": \"Helysz\u00edn el\u0151k\u00e9sz\u00edt\u00e9se\",\n      \"text\": \"V\u00e1lassz egy j\u00f3l l\u00e1that\u00f3 asztalt vagy \u00e1llv\u00e1nyt, ahol elf\u00e9rnek a v\u00e1z\u00e1k, vir\u00e1gok \u00e9s kell\u00e9kek. A hely legyen vil\u00e1gos, lehet\u0151leg term\u00e9szetes f\u00e9nnyel.\",\n      \"image\": \"https:\/\/doubletakedecor.com\/uploads\/2025\/08\/diy-flower-bar-dtd-01.jpg\"\n    },\n    {\n      \"@type\": \"HowToStep\",\n      \"name\": \"Vir\u00e1gok el\u0151k\u00e9sz\u00edt\u00e9se\",\n      \"text\": \"A vir\u00e1gokat v\u00e1gd ferd\u00e9n, \u00e9s tedd \u0151ket v\u00edzbe. Rendezgesd \u0151ket csoportokba, hogy mindenki k\u00f6nnyen v\u00e1logathasson.\",\n      \"image\": \"https:\/\/doubletakedecor.com\/uploads\/2025\/08\/diy-flower-bar-dtd-02.jpg\"\n    },\n    {\n      \"@type\": \"HowToStep\",\n      \"name\": \"Kell\u00e9kek \u00e9s dekor\u00e1ci\u00f3 elhelyez\u00e9se\",\n      \"text\": \"K\u00e9sz\u00edtsd el\u0151 az oll\u00f3kat, szalagokat, c\u00edmk\u00e9ket \u00e9s csomagol\u00f3anyagokat. Helyezd ki \u00fagy, hogy a vend\u00e9gek k\u00f6nnyen hozz\u00e1f\u00e9rjenek.\",\n      \"image\": \"https:\/\/doubletakedecor.com\/uploads\/2025\/08\/diy-flower-bar-dtd-03.jpg\"\n    },\n    {\n      \"@type\": \"HowToStep\",\n      \"name\": \"Vend\u00e9gek ir\u00e1ny\u00edt\u00e1sa\",\n      \"text\": \"Adj r\u00f6vid \u00fatmutat\u00f3t vagy t\u00e1bl\u00e1t, hogy a vend\u00e9gek tudj\u00e1k, hogyan k\u00e9sz\u00edthetik el saj\u00e1t csokrukat. B\u00e1tor\u00edtsd \u0151ket a kreat\u00edv megold\u00e1sokra.\",\n      \"image\": \"https:\/\/doubletakedecor.com\/uploads\/2025\/08\/diy-flower-bar-dtd-04.jpg\"\n    },\n    {\n      \"@type\": \"HowToStep\",\n      \"name\": \"Csokrok k\u00e9sz\u00edt\u00e9se\",\n      \"text\": \"A vend\u00e9gek kiv\u00e1lasztj\u00e1k a kedvenc vir\u00e1gaikat, majd saj\u00e1t csokrot k\u00f6tnek. Haszn\u00e1lhatj\u00e1k a szalagokat \u00e9s c\u00edmk\u00e9ket a d\u00edsz\u00edt\u00e9shez.\",\n      \"image\": \"https:\/\/doubletakedecor.com\/uploads\/2025\/08\/diy-flower-bar-dtd-05.jpg\"\n    },\n    {\n      \"@type\": \"HowToStep\",\n      \"name\": \"Hazavitel el\u0151k\u00e9sz\u00edt\u00e9se\",\n      \"text\": \"A k\u00e9sz csokrokat csomagold v\u00edzzel teli zacsk\u00f3ba vagy pap\u00edrba, hogy a vend\u00e9gek k\u00f6nnyen hazavihess\u00e9k \u0151ket.\",\n      \"image\": \"https:\/\/doubletakedecor.com\/uploads\/2025\/08\/diy-flower-bar-dtd-06.jpg\"\n    }\n  ]\n}\n<\/script>","_links":{"self":[{"href":"https:\/\/doubletakedecor.com\/hu\/wp-json\/wp\/v2\/posts\/6671","targetHints":{"allow":["GET"]}}],"collection":[{"href":"https:\/\/doubletakedecor.com\/hu\/wp-json\/wp\/v2\/posts"}],"about":[{"href":"https:\/\/doubletakedecor.com\/hu\/wp-json\/wp\/v2\/types\/post"}],"author":[{"embeddable":true,"href":"https:\/\/doubletakedecor.com\/hu\/wp-json\/wp\/v2\/users\/12"}],"replies":[{"embeddable":true,"href":"https:\/\/doubletakedecor.com\/hu\/wp-json\/wp\/v2\/comments?post=6671"}],"version-history":[{"count":1,"href":"https:\/\/doubletakedecor.com\/hu\/wp-json\/wp\/v2\/posts\/6671\/revisions"}],"predecessor-version":[{"id":6672,"href":"https:\/\/doubletakedecor.com\/hu\/wp-json\/wp\/v2\/posts\/6671\/revisions\/6672"}],"wp:featuredmedia":[{"embeddable":true,"href":"https:\/\/doubletakedecor.com\/hu\/wp-json\/wp\/v2\/media\/6304"}],"wp:attachment":[{"href":"https:\/\/doubletakedecor.com\/hu\/wp-json\/wp\/v2\/media?parent=6671"}],"wp:term":[{"taxonomy":"category","embeddable":true,"href":"https:\/\/doubletakedecor.com\/hu\/wp-json\/wp\/v2\/categories?post=6671"},{"taxonomy":"post_tag","embeddable":true,"href":"https:\/\/doubletakedecor.com\/hu\/wp-json\/wp\/v2\/tags?post=6671"}],"curies":[{"name":"wp","href":"https:\/\/api.w.org\/{rel}","templated":true}]}}