{"id":6673,"date":"2025-08-25T00:58:19","date_gmt":"2025-08-24T22:58:19","guid":{"rendered":"https:\/\/doubletakedecor.com\/kulteri-dekoraciok\/kis-erkely-dizajn\/"},"modified":"2025-08-25T03:28:38","modified_gmt":"2025-08-25T01:28:38","slug":"kis-erkely-dizajn","status":"publish","type":"post","link":"https:\/\/doubletakedecor.com\/hu\/kulteri-dekoraciok\/kis-erkely-dizajn\/","title":{"rendered":"Kreat\u00edv \u00f6tletek a kis erk\u00e9lyed \u00e1talak\u00edt\u00e1s\u00e1hoz"},"content":{"rendered":"<p>Egy kis erk\u00e9lyt st\u00edlusos pihen\u0151helly\u00e9 alak\u00edtani nem a m\u00e9reten m\u00falik\u2014csak egy kis kreativit\u00e1sra \u00e9s okos tervez\u00e9sre van sz\u00fcks\u00e9g. Ha tudatosan tervezel, a legpar\u00e1nyibb k\u00fclt\u00e9ri ter\u00fcletek is lehetnek olyan mened\u00e9kek, amelyek b\u0151v\u00edtik az otthonod ter\u00e9t, \u00e9s t\u00f6k\u00e9letes helyet biztos\u00edtanak a kikapcsol\u00f3d\u00e1shoz.<\/p>\n<p>A l\u00e9nyeg, hogy minden n\u00e9gyzetcentim\u00e9tert kihaszn\u00e1lj: \u00fcltess vertik\u00e1lis kerteket, v\u00e1lassz helytakar\u00e9kos b\u00fatorokat \u00e9s t\u00f6bbfunkci\u00f3s darabokat. Id\u0151j\u00e1r\u00e1s\u00e1ll\u00f3 \u00f6sszecsukhat\u00f3 sz\u00e9kek, fa b\u00e1rasztalok, amelyek munkahelyk\u00e9nt is szolg\u00e1lnak, vagy rejtett t\u00e1rol\u00f3k mind hozz\u00e1j\u00e1rulnak ahhoz, hogy az erk\u00e9lyed t\u00e1gasabbnak t\u0171nj\u00f6n, m\u00e9g akkor is, ha kicsi.<\/p>\n<p>A praktikumon t\u00fal a megfelel\u0151 dekor\u00e1ci\u00f3 sokat v\u00e1ltoztat. Egy f\u00e9nyf\u00fcz\u00e9r hangulatot teremt s\u00f6t\u00e9ted\u00e9s ut\u00e1n, m\u00edg egy k\u00fclt\u00e9ri sz\u0151nyeg melegs\u00e9get ad a l\u00e1bad alatt. Okosan elhelyezett t\u00e9relv\u00e1laszt\u00f3k, p\u00e9ld\u00e1ul textil falak vagy magas n\u00f6v\u00e9nyek, igaz\u00e1n meghitt\u00e9 teszik a v\u00e9dtelenebb erk\u00e9lyeket, \u00e9s a szem\u00e9lyes t\u00e1rgyak megmutatj\u00e1k az egy\u00e9ni st\u00edlusodat.<\/p>\n<p>Ak\u00e1r szer\u00e9ny k\u00f6lts\u00e9gvet\u00e9sb\u0151l dolgozol, ak\u00e1r v\u00e1rosi dzsungelt szeretn\u00e9l kialak\u00edtani, a lehet\u0151s\u00e9gek v\u00e9gtelenek. Ha \u00fcgyesen v\u00e1lasztasz t\u00e1rol\u00f3t, sokoldal\u00fa b\u00fatorokat \u00e9s hangulatos vil\u00e1g\u00edt\u00e1st, a kis erk\u00e9lyed igazi otthoni szent\u00e9lly\u00e9 v\u00e1lhat\u2014egy h\u00edvogat\u00f3 k\u00fclt\u00e9ri o\u00e1zis, amely bebizony\u00edtja, hogy a sz\u00e9p diz\u00e1jn nem a n\u00e9gyzetm\u00e9tert\u0151l f\u00fcgg.<\/p>\n<div class=\"kt_block\" id=\"kt_id\">\n<span class=\"kt_headline\">F\u0151 tanuls\u00e1gok<\/span><\/p>\n<ul class=\"kt_post_list\">\n<li><strong>\ud83c\udf3f Helykihaszn\u00e1l\u00e1s:<\/strong> Alak\u00edtsd \u00e1t a kis erk\u00e9lyed funkcion\u00e1lis pihen\u0151helly\u00e9 vertik\u00e1lis kertekkel, helytakar\u00e9kos \u00e9s t\u00f6bbfunkci\u00f3s b\u00fatorokkal, hogy minden n\u00e9gyzetcentim\u00e9tert kihozz bel\u0151le.<\/li>\n<li><strong>\ud83d\udca1 Hangulat \u00e9s priv\u00e1t szf\u00e9ra:<\/strong> Teremts hangulatot f\u00e9nyf\u00fcz\u00e9rrel, \u00e9s haszn\u00e1lj magas n\u00f6v\u00e9nyeket vagy textil t\u00e9relv\u00e1laszt\u00f3t a priv\u00e1t z\u00f3na kialak\u00edt\u00e1s\u00e1hoz, \u00edgy bar\u00e1ts\u00e1gos \u00e9s elrejtett k\u00fclt\u00e9ri teret hozhatsz l\u00e9tre.<\/li>\n<li><strong>\ud83e\ude9f Kreat\u00edv diz\u00e1jnelemek:<\/strong> Vigy\u00e9l az erk\u00e9lyre k\u00fclt\u00e9ri sz\u0151nyeget \u00e9s szem\u00e9lyes t\u00e1rgyakat, hogy a teret t\u00e9nyleg otthonosnak \u00e9s egyedinek \u00e9rezd.<\/li>\n<li><strong>\ud83e\ude91 Sokoldal\u00fa b\u00fatorv\u00e1laszt\u00e1s:<\/strong> V\u00e1lassz id\u0151j\u00e1r\u00e1s\u00e1ll\u00f3, \u00f6sszecsukhat\u00f3, vagy t\u00f6bbf\u00e9le c\u00e9lra haszn\u00e1lhat\u00f3 b\u00fatorokat\u2014ezek rugalmasak, k\u00e9nyelmesek, \u00e9s kiv\u00e1l\u00f3ak a kis erk\u00e9lyekre.<\/li>\n<\/ul>\n<\/div>\n<h2>Hangulatos sarok a kis erk\u00e9lyen<\/h2>\n<p><img loading=\"lazy\" decoding=\"async\" width=\"700\" height=\"1050\" alt=\"H\u00edvogat\u00f3 erk\u00e9ly k\u00e9nyelmes \u00fcl\u00e9ssel, d\u00edszp\u00e1rn\u00e1kkal, r\u00f3zsasz\u00edn vir\u00e1gokkal \u00e9s k\u00f6nnyed f\u00fcgg\u00f6ny\u00f6kkel \u2013 igazi b\u00e9k\u00e9s k\u00fclt\u00e9ri mened\u00e9k.\" class=\"aligncenter size-full wp-image-6309\" src=\"https:\/\/doubletakedecor.com\/uploads\/2025\/08\/small-balcony-design-dtd-01.jpg\" srcset=\"https:\/\/doubletakedecor.com\/uploads\/2025\/08\/small-balcony-design-dtd-01.jpg 700w, https:\/\/doubletakedecor.com\/uploads\/2025\/08\/small-balcony-design-dtd-01-200x300.jpg 200w, https:\/\/doubletakedecor.com\/uploads\/2025\/08\/small-balcony-design-dtd-01-683x1024.jpg 683w, https:\/\/doubletakedecor.com\/uploads\/2025\/08\/small-balcony-design-dtd-01-96x144.jpg 96w, https:\/\/doubletakedecor.com\/uploads\/2025\/08\/small-balcony-design-dtd-01-280x420.jpg 280w, https:\/\/doubletakedecor.com\/uploads\/2025\/08\/small-balcony-design-dtd-01-320x480.jpg 320w, https:\/\/doubletakedecor.com\/uploads\/2025\/08\/small-balcony-design-dtd-01-360x540.jpg 360w, https:\/\/doubletakedecor.com\/uploads\/2025\/08\/small-balcony-design-dtd-01-363x545.jpg 363w, https:\/\/doubletakedecor.com\/uploads\/2025\/08\/small-balcony-design-dtd-01-370x555.jpg 370w, https:\/\/doubletakedecor.com\/uploads\/2025\/08\/small-balcony-design-dtd-01-400x600.jpg 400w, https:\/\/doubletakedecor.com\/uploads\/2025\/08\/small-balcony-design-dtd-01-560x840.jpg 560w, https:\/\/doubletakedecor.com\/uploads\/2025\/08\/small-balcony-design-dtd-01-480x720.jpg 480w\" sizes=\"auto, (max-width: 700px) 100vw, 700px\" \/><\/p>\n<p>Alak\u00edts ki pihentet\u0151 o\u00e1zist k\u00fcl\u00f6nb\u00f6z\u0151 anyagokkal, p\u00e9ld\u00e1ul cs\u00edkos p\u00e1rn\u00e1kkal \u00e9s rojtos takar\u00f3kkal. A kis erk\u00e9lyedre tegy\u00e9l sarok\u00fcl\u0151helyet, \u00edgy egyszerre lesz k\u00e9nyelmes \u00e9s helytakar\u00e9kos. Helyezz cs\u00fcng\u0151 n\u00f6v\u00e9nyeket a korl\u00e1tra, hogy magasabbak legyenek \u00e9s egyben t\u00f6bb priv\u00e1t tered is legyen. Egy struktur\u00e1lt sz\u0151nyeg \u00e9s k\u00f6nny\u0171 f\u00fcgg\u00f6ny\u00f6k v\u00e9gleg otthonoss\u00e1, meghitt\u00e9 teszik a helyet.<\/p>\n<h2>Bambuszkeretes pihen\u0151zug<\/h2>\n<p><img loading=\"lazy\" decoding=\"async\" width=\"700\" height=\"1050\" alt=\"Modern erk\u00e9ly sz\u00fcrke karossz\u00e9kekkel, fa kisasztallal \u00e9s bambusz n\u00f6v\u00e9nyekkel, melyek egy nyugodt k\u00fclt\u00e9ri pihen\u0151sarkot teremtenek.\" class=\"aligncenter size-full wp-image-6315\" src=\"https:\/\/doubletakedecor.com\/uploads\/2025\/08\/small-balcony-design-dtd-02.jpg\" srcset=\"https:\/\/doubletakedecor.com\/uploads\/2025\/08\/small-balcony-design-dtd-02.jpg 700w, https:\/\/doubletakedecor.com\/uploads\/2025\/08\/small-balcony-design-dtd-02-200x300.jpg 200w, https:\/\/doubletakedecor.com\/uploads\/2025\/08\/small-balcony-design-dtd-02-683x1024.jpg 683w, https:\/\/doubletakedecor.com\/uploads\/2025\/08\/small-balcony-design-dtd-02-96x144.jpg 96w, https:\/\/doubletakedecor.com\/uploads\/2025\/08\/small-balcony-design-dtd-02-280x420.jpg 280w, https:\/\/doubletakedecor.com\/uploads\/2025\/08\/small-balcony-design-dtd-02-320x480.jpg 320w, https:\/\/doubletakedecor.com\/uploads\/2025\/08\/small-balcony-design-dtd-02-360x540.jpg 360w, https:\/\/doubletakedecor.com\/uploads\/2025\/08\/small-balcony-design-dtd-02-363x545.jpg 363w, https:\/\/doubletakedecor.com\/uploads\/2025\/08\/small-balcony-design-dtd-02-370x555.jpg 370w, https:\/\/doubletakedecor.com\/uploads\/2025\/08\/small-balcony-design-dtd-02-400x600.jpg 400w, https:\/\/doubletakedecor.com\/uploads\/2025\/08\/small-balcony-design-dtd-02-560x840.jpg 560w, https:\/\/doubletakedecor.com\/uploads\/2025\/08\/small-balcony-design-dtd-02-480x720.jpg 480w\" sizes=\"auto, (max-width: 700px) 100vw, 700px\" \/><\/p>\n<p>Kialak\u00edthatsz priv\u00e1t sarkot, ha az erk\u00e9lyt magas bambusszal keretezed. Helyezz k\u00e9nyelmes karossz\u00e9keket semleges sz\u00edn\u0171 p\u00e1rn\u00e1kkal egy fa asztal k\u00f6r\u00e9, hogy \u00f6sszhangban legyen minden. A fapadl\u00f3lapok melegs\u00e9get visznek a t\u00e9rbe, m\u00edg az \u00fcvegkorl\u00e1t \u00e1tl\u00e1that\u00f3s\u00e1got ad. V\u00e1rosi k\u00f6rnyezetben \u00edgy egyszerre lehet otthonos \u00e9s modern, m\u00e9gis elz\u00e1rt pihen\u0151helyed.<\/p>\n<h2>Hangulatos erk\u00e9ly este f\u00e9nyekkel<\/h2>\n<p><img loading=\"lazy\" decoding=\"async\" width=\"700\" height=\"1050\" alt=\"Meleg hangulat\u00fa erk\u00e9ly, f\u00e9nyf\u00fcz\u00e9rekkel, vil\u00e1gos kanap\u00e9val, p\u00e1rn\u00e1kkal, n\u00f6v\u00e9nyes polccal \u00e9s d\u00edszes sz\u0151nyeggel a k\u00e9nyelem\u00e9rt.\" class=\"aligncenter size-full wp-image-6321\" src=\"https:\/\/doubletakedecor.com\/uploads\/2025\/08\/small-balcony-design-dtd-03.jpg\" srcset=\"https:\/\/doubletakedecor.com\/uploads\/2025\/08\/small-balcony-design-dtd-03.jpg 700w, https:\/\/doubletakedecor.com\/uploads\/2025\/08\/small-balcony-design-dtd-03-200x300.jpg 200w, https:\/\/doubletakedecor.com\/uploads\/2025\/08\/small-balcony-design-dtd-03-683x1024.jpg 683w, https:\/\/doubletakedecor.com\/uploads\/2025\/08\/small-balcony-design-dtd-03-96x144.jpg 96w, https:\/\/doubletakedecor.com\/uploads\/2025\/08\/small-balcony-design-dtd-03-280x420.jpg 280w, https:\/\/doubletakedecor.com\/uploads\/2025\/08\/small-balcony-design-dtd-03-320x480.jpg 320w, https:\/\/doubletakedecor.com\/uploads\/2025\/08\/small-balcony-design-dtd-03-360x540.jpg 360w, https:\/\/doubletakedecor.com\/uploads\/2025\/08\/small-balcony-design-dtd-03-363x545.jpg 363w, https:\/\/doubletakedecor.com\/uploads\/2025\/08\/small-balcony-design-dtd-03-370x555.jpg 370w, https:\/\/doubletakedecor.com\/uploads\/2025\/08\/small-balcony-design-dtd-03-400x600.jpg 400w, https:\/\/doubletakedecor.com\/uploads\/2025\/08\/small-balcony-design-dtd-03-560x840.jpg 560w, https:\/\/doubletakedecor.com\/uploads\/2025\/08\/small-balcony-design-dtd-03-480x720.jpg 480w\" sizes=\"auto, (max-width: 700px) 100vw, 700px\" \/><\/p>\n<p>Var\u00e1zsolj meghitt esti hangulatot f\u00e9nyf\u00fcz\u00e9rekkel, felf\u00fcggesztve a k\u00e9nyelmes \u00fcl\u0151hely f\u00f6l\u00e9. Helyezz vil\u00e1gos sz\u00edn\u0171 kanap\u00e9t, d\u00edszp\u00e1rn\u00e1kkal \u00e9s passzol\u00f3 asztalk\u00e1val. Tegy\u00e9l n\u00f6v\u00e9nyeket falipolcokra, \u00e9s v\u00e1lassz mint\u00e1s sz\u0151nyeget, hogy elk\u00fcl\u00f6n\u00edtsd a teret. Az egyens\u00faly a praktikus b\u00fatorok \u00e9s a z\u00f6ld n\u00f6v\u00e9nyek k\u00f6z\u00f6tt teremti meg a t\u00f6k\u00e9letes pihen\u0151sarkot.<\/p>\n<h2>Nat\u00far sz\u00ednekben berendezett erk\u00e9lyr\u00e9sz<\/h2>\n<p><img loading=\"lazy\" decoding=\"async\" width=\"700\" height=\"1050\" alt=\"Fa pad nat\u00far p\u00e1rn\u00e1kkal, struktur\u00e1lt takar\u00f3val, cserepes n\u00f6v\u00e9nyekkel \u00e9s gy\u00f6ny\u00f6r\u0171 kil\u00e1t\u00e1ssal a dombokra \u00e9s f\u00e1kra.\" class=\"aligncenter size-full wp-image-6327\" src=\"https:\/\/doubletakedecor.com\/uploads\/2025\/08\/small-balcony-design-dtd-04.jpg\" srcset=\"https:\/\/doubletakedecor.com\/uploads\/2025\/08\/small-balcony-design-dtd-04.jpg 700w, https:\/\/doubletakedecor.com\/uploads\/2025\/08\/small-balcony-design-dtd-04-200x300.jpg 200w, https:\/\/doubletakedecor.com\/uploads\/2025\/08\/small-balcony-design-dtd-04-683x1024.jpg 683w, https:\/\/doubletakedecor.com\/uploads\/2025\/08\/small-balcony-design-dtd-04-96x144.jpg 96w, https:\/\/doubletakedecor.com\/uploads\/2025\/08\/small-balcony-design-dtd-04-280x420.jpg 280w, https:\/\/doubletakedecor.com\/uploads\/2025\/08\/small-balcony-design-dtd-04-320x480.jpg 320w, https:\/\/doubletakedecor.com\/uploads\/2025\/08\/small-balcony-design-dtd-04-360x540.jpg 360w, https:\/\/doubletakedecor.com\/uploads\/2025\/08\/small-balcony-design-dtd-04-363x545.jpg 363w, https:\/\/doubletakedecor.com\/uploads\/2025\/08\/small-balcony-design-dtd-04-370x555.jpg 370w, https:\/\/doubletakedecor.com\/uploads\/2025\/08\/small-balcony-design-dtd-04-400x600.jpg 400w, https:\/\/doubletakedecor.com\/uploads\/2025\/08\/small-balcony-design-dtd-04-560x840.jpg 560w, https:\/\/doubletakedecor.com\/uploads\/2025\/08\/small-balcony-design-dtd-04-480x720.jpg 480w\" sizes=\"auto, (max-width: 700px) 100vw, 700px\" \/><\/p>\n<p>Teremts meghitt hangulatot nat\u00far sz\u00edn\u0171 p\u00e1rn\u00e1kkal \u00e9s text\u00edli\u00e1kkal a kis erk\u00e9lyeden. Egy vastagabb takar\u00f3 j\u00f3l j\u00f6n h\u0171v\u00f6sebb est\u00e9kre, egy kerek t\u00e1lca pedig praktikus lesz italokhoz. Helyezz el k\u00fcl\u00f6nb\u00f6z\u0151 magass\u00e1g\u00fa cserepes n\u00f6v\u00e9nyeket, hogy v\u00e1ltozatos legyen az \u00f6sszhat\u00e1s. Ez a letisztult st\u00edlus k\u00e9nyelmes, m\u00e9gis \u00e1tl\u00e1that\u00f3 \u00e9s b\u00e9k\u00e9s l\u00e9gk\u00f6rt teremt.<\/p>\n<h2>Vil\u00e1gos napf\u00e9nyes erk\u00e9ly egy k\u00fcl\u00f6nleges sz\u00e9kkel<\/h2>\n<p><img loading=\"lazy\" decoding=\"async\" width=\"700\" height=\"1050\" alt=\"Hangulatos, modern erk\u00e9ly nagy ablakokkal, narancss\u00e1rga fotellel, fa s\u00e1mlival, mint\u00e1s z\u00f6ld-feh\u00e9r j\u00e1r\u00f3lapokkal.\" class=\"aligncenter size-full wp-image-6333\" src=\"https:\/\/doubletakedecor.com\/uploads\/2025\/08\/small-balcony-design-dtd-05.jpg\" srcset=\"https:\/\/doubletakedecor.com\/uploads\/2025\/08\/small-balcony-design-dtd-05.jpg 700w, https:\/\/doubletakedecor.com\/uploads\/2025\/08\/small-balcony-design-dtd-05-200x300.jpg 200w, https:\/\/doubletakedecor.com\/uploads\/2025\/08\/small-balcony-design-dtd-05-683x1024.jpg 683w, https:\/\/doubletakedecor.com\/uploads\/2025\/08\/small-balcony-design-dtd-05-96x144.jpg 96w, https:\/\/doubletakedecor.com\/uploads\/2025\/08\/small-balcony-design-dtd-05-280x420.jpg 280w, https:\/\/doubletakedecor.com\/uploads\/2025\/08\/small-balcony-design-dtd-05-320x480.jpg 320w, https:\/\/doubletakedecor.com\/uploads\/2025\/08\/small-balcony-design-dtd-05-360x540.jpg 360w, https:\/\/doubletakedecor.com\/uploads\/2025\/08\/small-balcony-design-dtd-05-363x545.jpg 363w, https:\/\/doubletakedecor.com\/uploads\/2025\/08\/small-balcony-design-dtd-05-370x555.jpg 370w, https:\/\/doubletakedecor.com\/uploads\/2025\/08\/small-balcony-design-dtd-05-400x600.jpg 400w, https:\/\/doubletakedecor.com\/uploads\/2025\/08\/small-balcony-design-dtd-05-560x840.jpg 560w, https:\/\/doubletakedecor.com\/uploads\/2025\/08\/small-balcony-design-dtd-05-480x720.jpg 480w\" sizes=\"auto, (max-width: 700px) 100vw, 700px\" \/><\/p>\n<p>Alak\u00edtsd \u00e1t a kis erk\u00e9lyedet vil\u00e1gos napf\u00e9nyes teremm\u00e9 nagy ablakokkal, b\u00e9zs rol\u00f3s \u00e1rny\u00e9kol\u00f3val, hogy szab\u00e1lyozhasd a f\u00e9nyt. Egy felt\u0171n\u0151, narancssz\u00edn\u0171 fotel j\u00f3 f\u00f3kuszpont lehet. A mint\u00e1s j\u00e1r\u00f3lapok m\u00e9g izgalmasabb\u00e1 teszik a teret, mik\u00f6zben a sz\u00ednvil\u00e1g harmonikus marad. Egy fa s\u00e1mli praktikus extra \u00fcl\u0151hely, kl\u00edma pedig k\u00e9nyelmesebb\u00e9 teszi a helyet eg\u00e9sz \u00e9vben.<\/p>\n<h2>Csendes teasarok t\u00e9glafallal<\/h2>\n<p><img loading=\"lazy\" decoding=\"async\" width=\"700\" height=\"1050\" alt=\"Hangulatos erk\u00e9ly sarok t\u00e9gla fallal, kerek feh\u00e9r asztallal, r\u00f3zsasz\u00edn vir\u00e1gokkal \u00e9s puha p\u00e1rn\u00e1s sz\u00e9kkel.\" class=\"aligncenter size-full wp-image-6339\" src=\"https:\/\/doubletakedecor.com\/uploads\/2025\/08\/small-balcony-design-dtd-06.jpg\" srcset=\"https:\/\/doubletakedecor.com\/uploads\/2025\/08\/small-balcony-design-dtd-06.jpg 700w, https:\/\/doubletakedecor.com\/uploads\/2025\/08\/small-balcony-design-dtd-06-200x300.jpg 200w, https:\/\/doubletakedecor.com\/uploads\/2025\/08\/small-balcony-design-dtd-06-683x1024.jpg 683w, https:\/\/doubletakedecor.com\/uploads\/2025\/08\/small-balcony-design-dtd-06-96x144.jpg 96w, https:\/\/doubletakedecor.com\/uploads\/2025\/08\/small-balcony-design-dtd-06-280x420.jpg 280w, https:\/\/doubletakedecor.com\/uploads\/2025\/08\/small-balcony-design-dtd-06-320x480.jpg 320w, https:\/\/doubletakedecor.com\/uploads\/2025\/08\/small-balcony-design-dtd-06-360x540.jpg 360w, https:\/\/doubletakedecor.com\/uploads\/2025\/08\/small-balcony-design-dtd-06-363x545.jpg 363w, https:\/\/doubletakedecor.com\/uploads\/2025\/08\/small-balcony-design-dtd-06-370x555.jpg 370w, https:\/\/doubletakedecor.com\/uploads\/2025\/08\/small-balcony-design-dtd-06-400x600.jpg 400w, https:\/\/doubletakedecor.com\/uploads\/2025\/08\/small-balcony-design-dtd-06-560x840.jpg 560w, https:\/\/doubletakedecor.com\/uploads\/2025\/08\/small-balcony-design-dtd-06-480x720.jpg 480w\" sizes=\"auto, (max-width: 700px) 100vw, 700px\" \/><\/p>\n<p>Alak\u00edtsd \u00e1t az erk\u00e9lyedet nyugalmas mened\u00e9kk\u00e9 egy feh\u00e9r k\u00f6rasztallal, vil\u00e1gos t\u00e9glafal mellett. Tegy\u00e9l mell\u00e9 \u00f6sszecsukhat\u00f3 sz\u00e9ket \u00e9s puha p\u00e1rn\u00e1t. F\u00e1tyolos feh\u00e9r \u00e9s levendulasz\u00edn\u0171 f\u00fcgg\u00f6ny\u00f6kkel sz\u0171rheted a napf\u00e9nyt. Egy vir\u00e1gos cserepes n\u00f6v\u00e9ny \u00e9s egy puha sz\u0151nyeg teszi teljess\u00e9 ezt a meghitt te\u00e1z\u00f3sarkot.<\/p>\n<h2>Hangulatos fonott sarok z\u00f6ld n\u00f6v\u00e9nyekkel<\/h2>\n<p><img loading=\"lazy\" decoding=\"async\" width=\"700\" height=\"1050\" alt=\"Fonott sz\u00e9k p\u00e1rn\u00e1val, fa s\u00e1mlik n\u00f6v\u00e9nyekkel, rusztikus ker\u00edt\u00e9s, s\u00e1rga kasp\u00f3k \u00e9s z\u00f6ld m\u0171f\u0171 \u2013 h\u00edvogat\u00f3 erk\u00e9ly o\u00e1zis.\" class=\"aligncenter size-full wp-image-6345\" src=\"https:\/\/doubletakedecor.com\/uploads\/2025\/08\/small-balcony-design-dtd-07.jpg\" srcset=\"https:\/\/doubletakedecor.com\/uploads\/2025\/08\/small-balcony-design-dtd-07.jpg 700w, https:\/\/doubletakedecor.com\/uploads\/2025\/08\/small-balcony-design-dtd-07-200x300.jpg 200w, https:\/\/doubletakedecor.com\/uploads\/2025\/08\/small-balcony-design-dtd-07-683x1024.jpg 683w, https:\/\/doubletakedecor.com\/uploads\/2025\/08\/small-balcony-design-dtd-07-96x144.jpg 96w, https:\/\/doubletakedecor.com\/uploads\/2025\/08\/small-balcony-design-dtd-07-280x420.jpg 280w, https:\/\/doubletakedecor.com\/uploads\/2025\/08\/small-balcony-design-dtd-07-320x480.jpg 320w, https:\/\/doubletakedecor.com\/uploads\/2025\/08\/small-balcony-design-dtd-07-360x540.jpg 360w, https:\/\/doubletakedecor.com\/uploads\/2025\/08\/small-balcony-design-dtd-07-363x545.jpg 363w, https:\/\/doubletakedecor.com\/uploads\/2025\/08\/small-balcony-design-dtd-07-370x555.jpg 370w, https:\/\/doubletakedecor.com\/uploads\/2025\/08\/small-balcony-design-dtd-07-400x600.jpg 400w, https:\/\/doubletakedecor.com\/uploads\/2025\/08\/small-balcony-design-dtd-07-560x840.jpg 560w, https:\/\/doubletakedecor.com\/uploads\/2025\/08\/small-balcony-design-dtd-07-480x720.jpg 480w\" sizes=\"auto, (max-width: 700px) 100vw, 700px\" \/><\/p>\n<p>Alak\u00edts ki t\u00f6bbfunkci\u00f3s kis sarkot egy k\u00e9nyelmes fonott sz\u00e9kkel, k\u00f6r\u00fcl\u00f6tte fa s\u00e1mlikkal, amelyeket n\u00f6v\u00e9ny\u00e1llv\u00e1nynak is haszn\u00e1lhatsz. Haszn\u00e1ld ki a f\u00fcgg\u0151leges helyet: akassz sz\u00ednes vir\u00e1gtart\u00f3kat a ker\u00edt\u00e9sre. Fektesd le m\u0171f\u00fcvet, \u00edgy z\u00f6ld marad a burkolat t\u00e9lies\u00edt\u00e9s vagy \u00f6nt\u00f6z\u00e9s n\u00e9lk\u00fcl is.<\/p>\n<h2>Eleg\u00e1ns erk\u00e9lyi \u00e9tkez\u0151sarok<\/h2>\n<p><img loading=\"lazy\" decoding=\"async\" width=\"700\" height=\"1050\" alt=\"Hangulatos erk\u00e9ly, kerek fekete asztallal, st\u00edlusos sz\u00e9kekkel, boros poharakkal, sok z\u00f6lddel \u00e9s francia ajt\u00f3val.\" class=\"aligncenter size-full wp-image-6351\" src=\"https:\/\/doubletakedecor.com\/uploads\/2025\/08\/small-balcony-design-dtd-08.jpg\" srcset=\"https:\/\/doubletakedecor.com\/uploads\/2025\/08\/small-balcony-design-dtd-08.jpg 700w, https:\/\/doubletakedecor.com\/uploads\/2025\/08\/small-balcony-design-dtd-08-200x300.jpg 200w, https:\/\/doubletakedecor.com\/uploads\/2025\/08\/small-balcony-design-dtd-08-683x1024.jpg 683w, https:\/\/doubletakedecor.com\/uploads\/2025\/08\/small-balcony-design-dtd-08-96x144.jpg 96w, https:\/\/doubletakedecor.com\/uploads\/2025\/08\/small-balcony-design-dtd-08-280x420.jpg 280w, https:\/\/doubletakedecor.com\/uploads\/2025\/08\/small-balcony-design-dtd-08-320x480.jpg 320w, https:\/\/doubletakedecor.com\/uploads\/2025\/08\/small-balcony-design-dtd-08-360x540.jpg 360w, https:\/\/doubletakedecor.com\/uploads\/2025\/08\/small-balcony-design-dtd-08-363x545.jpg 363w, https:\/\/doubletakedecor.com\/uploads\/2025\/08\/small-balcony-design-dtd-08-370x555.jpg 370w, https:\/\/doubletakedecor.com\/uploads\/2025\/08\/small-balcony-design-dtd-08-400x600.jpg 400w, https:\/\/doubletakedecor.com\/uploads\/2025\/08\/small-balcony-design-dtd-08-560x840.jpg 560w, https:\/\/doubletakedecor.com\/uploads\/2025\/08\/small-balcony-design-dtd-08-480x720.jpg 480w\" sizes=\"auto, (max-width: 700px) 100vw, 700px\" \/><\/p>\n<p>Var\u00e1zsolj eleg\u00e1ns \u00e9tkez\u0151sarkot egy kis kerek asztallal \u00e9s k\u00e9nyelmes sz\u00e9kekkel. Dobd fel a sz\u00e9keidet p\u00e1rn\u00e1val, \u00e9s k\u00e9sz\u00fclj fel egy gyors \u00e9tkez\u00e9sre b\u00e1rmikor. H\u00f6lgyezned a priv\u00e1t teret bokszl\u00e1d\u00e1kkal vagy bab\u00e9rbokorral, \u00edgy z\u00f6lddel keretezed a helyet, de nyitotts\u00e1got is hagysz. Az erk\u00e9lyajt\u00f3t hagyd nyitva, hogy a kint \u00e9s a bent egybefolyjon.<\/p>\n<h2>K\u00e9nyelmes pad f\u00fcgg\u0151 n\u00f6v\u00e9nyekkel<\/h2>\n<p><img loading=\"lazy\" decoding=\"async\" width=\"700\" height=\"1050\" alt=\"Csendes erk\u00e9ly padr\u00f3l, p\u00e1rn\u00e1kkal, f\u00fcgg\u0151 n\u00f6v\u00e9nyekkel, f\u00e9nyf\u00fcz\u00e9rrel, mint\u00e1s sz\u0151nyeggel \u00e9s d\u00edszes l\u00e1mp\u00e1ssal.\" class=\"aligncenter size-full wp-image-6357\" src=\"https:\/\/doubletakedecor.com\/uploads\/2025\/08\/small-balcony-design-dtd-09.jpg\" srcset=\"https:\/\/doubletakedecor.com\/uploads\/2025\/08\/small-balcony-design-dtd-09.jpg 700w, https:\/\/doubletakedecor.com\/uploads\/2025\/08\/small-balcony-design-dtd-09-200x300.jpg 200w, https:\/\/doubletakedecor.com\/uploads\/2025\/08\/small-balcony-design-dtd-09-683x1024.jpg 683w, https:\/\/doubletakedecor.com\/uploads\/2025\/08\/small-balcony-design-dtd-09-96x144.jpg 96w, https:\/\/doubletakedecor.com\/uploads\/2025\/08\/small-balcony-design-dtd-09-280x420.jpg 280w, https:\/\/doubletakedecor.com\/uploads\/2025\/08\/small-balcony-design-dtd-09-320x480.jpg 320w, https:\/\/doubletakedecor.com\/uploads\/2025\/08\/small-balcony-design-dtd-09-360x540.jpg 360w, https:\/\/doubletakedecor.com\/uploads\/2025\/08\/small-balcony-design-dtd-09-363x545.jpg 363w, https:\/\/doubletakedecor.com\/uploads\/2025\/08\/small-balcony-design-dtd-09-370x555.jpg 370w, https:\/\/doubletakedecor.com\/uploads\/2025\/08\/small-balcony-design-dtd-09-400x600.jpg 400w, https:\/\/doubletakedecor.com\/uploads\/2025\/08\/small-balcony-design-dtd-09-560x840.jpg 560w, https:\/\/doubletakedecor.com\/uploads\/2025\/08\/small-balcony-design-dtd-09-480x720.jpg 480w\" sizes=\"auto, (max-width: 700px) 100vw, 700px\" \/><\/p>\n<p>Tedd meghitt mened\u00e9kk\u00e9 az erk\u00e9lyed egy p\u00e1rn\u00e1kkal \u00e9s takar\u00f3kkal ell\u00e1tott paddal. Haszn\u00e1ld ki a f\u00fcgg\u0151leges teret f\u00fcgg\u0151 n\u00f6v\u00e9nyekkel, \u00edgy a z\u00f6ld az erk\u00e9lyen marad, m\u00e9gsem vesz el sok helyet. Szerelj fel f\u00e9nyf\u00fcz\u00e9rt az esti hangulathoz \u00e9s tegy\u00e9l ki egy kis asztalt a praktikuss\u00e1g kedv\u00e9\u00e9rt. Egy mint\u00e1s sz\u0151nyeg \u00f6sszefogja \u00e9s melegs\u00e9get k\u00f6lcs\u00f6n\u00f6z a t\u00e9rnek.<\/p>\n<h2>Meghitt tipi pihen\u0151sarok<\/h2>\n<p><img loading=\"lazy\" decoding=\"async\" width=\"700\" height=\"1050\" alt=\"Feh\u00e9r tipi s\u00e1tor az erk\u00e9lyen, puha p\u00e1rn\u00e1kkal, steppelt matraccal \u00e9s kis asztallal, hangulatos k\u00fclt\u00e9ri pihen\u0151hely.\" class=\"aligncenter size-full wp-image-6363\" src=\"https:\/\/doubletakedecor.com\/uploads\/2025\/08\/small-balcony-design-dtd-10.jpg\" srcset=\"https:\/\/doubletakedecor.com\/uploads\/2025\/08\/small-balcony-design-dtd-10.jpg 700w, https:\/\/doubletakedecor.com\/uploads\/2025\/08\/small-balcony-design-dtd-10-200x300.jpg 200w, https:\/\/doubletakedecor.com\/uploads\/2025\/08\/small-balcony-design-dtd-10-683x1024.jpg 683w, https:\/\/doubletakedecor.com\/uploads\/2025\/08\/small-balcony-design-dtd-10-96x144.jpg 96w, https:\/\/doubletakedecor.com\/uploads\/2025\/08\/small-balcony-design-dtd-10-280x420.jpg 280w, https:\/\/doubletakedecor.com\/uploads\/2025\/08\/small-balcony-design-dtd-10-320x480.jpg 320w, https:\/\/doubletakedecor.com\/uploads\/2025\/08\/small-balcony-design-dtd-10-360x540.jpg 360w, https:\/\/doubletakedecor.com\/uploads\/2025\/08\/small-balcony-design-dtd-10-363x545.jpg 363w, https:\/\/doubletakedecor.com\/uploads\/2025\/08\/small-balcony-design-dtd-10-370x555.jpg 370w, https:\/\/doubletakedecor.com\/uploads\/2025\/08\/small-balcony-design-dtd-10-400x600.jpg 400w, https:\/\/doubletakedecor.com\/uploads\/2025\/08\/small-balcony-design-dtd-10-560x840.jpg 560w, https:\/\/doubletakedecor.com\/uploads\/2025\/08\/small-balcony-design-dtd-10-480x720.jpg 480w\" sizes=\"auto, (max-width: 700px) 100vw, 700px\" \/><\/p>\n<p>V\u00e1ltoztasd erk\u00e9lyed csendes mened\u00e9kk\u00e9 egy feh\u00e9r tipi s\u00e1torral. R\u00e9tegezz r\u00e1 sokf\u00e9le puha text\u00edli\u00e1t\u2014steppelt matracot, p\u00e1rn\u00e1kat, bolyhos sz\u0151nyeget. Egy kis oldalasztal j\u00f3l j\u00f6n italokhoz, egy fonott kos\u00e1r pedig t\u00e1rol\u00e1sra. Ez a berendez\u00e9s a kis helyb\u0151l is kihozza a maximumot, \u00e9s t\u00f6k\u00e9letes olvas\u00f3- vagy medit\u00e1ci\u00f3s kuck\u00f3 lehet bel\u0151le.<\/p>\n<h2>V\u00e1rosi tet\u0151t\u00e9ri pihen\u0151hely v\u00e1rosk\u00e9ppel<\/h2>\n<p><img loading=\"lazy\" decoding=\"async\" width=\"700\" height=\"1050\" alt=\"St\u00edlusos tet\u0151t\u00e9ri terasz fekete-feh\u00e9r cs\u00edkos b\u00fatorokkal, cserepes n\u00f6v\u00e9nyekkel \u00e9s panor\u00e1m\u00e1s v\u00e1rosn\u00e9zettel fa teraszon.\" class=\"aligncenter size-full wp-image-6369\" src=\"https:\/\/doubletakedecor.com\/uploads\/2025\/08\/small-balcony-design-dtd-11.jpg\" srcset=\"https:\/\/doubletakedecor.com\/uploads\/2025\/08\/small-balcony-design-dtd-11.jpg 700w, https:\/\/doubletakedecor.com\/uploads\/2025\/08\/small-balcony-design-dtd-11-200x300.jpg 200w, https:\/\/doubletakedecor.com\/uploads\/2025\/08\/small-balcony-design-dtd-11-683x1024.jpg 683w, https:\/\/doubletakedecor.com\/uploads\/2025\/08\/small-balcony-design-dtd-11-96x144.jpg 96w, https:\/\/doubletakedecor.com\/uploads\/2025\/08\/small-balcony-design-dtd-11-280x420.jpg 280w, https:\/\/doubletakedecor.com\/uploads\/2025\/08\/small-balcony-design-dtd-11-320x480.jpg 320w, https:\/\/doubletakedecor.com\/uploads\/2025\/08\/small-balcony-design-dtd-11-360x540.jpg 360w, https:\/\/doubletakedecor.com\/uploads\/2025\/08\/small-balcony-design-dtd-11-363x545.jpg 363w, https:\/\/doubletakedecor.com\/uploads\/2025\/08\/small-balcony-design-dtd-11-370x555.jpg 370w, https:\/\/doubletakedecor.com\/uploads\/2025\/08\/small-balcony-design-dtd-11-400x600.jpg 400w, https:\/\/doubletakedecor.com\/uploads\/2025\/08\/small-balcony-design-dtd-11-560x840.jpg 560w, https:\/\/doubletakedecor.com\/uploads\/2025\/08\/small-balcony-design-dtd-11-480x720.jpg 480w\" sizes=\"auto, (max-width: 700px) 100vw, 700px\" \/><\/p>\n<p>V\u00e1ltoztasd a kis erk\u00e9lyed igazi v\u00e1rosi mened\u00e9kk\u00e9! Helyezz fa b\u00fatorokra l\u00e1tv\u00e1nyos fekete-feh\u00e9r cs\u00edkos p\u00e1rn\u00e1kat. Tegy\u00e9l cserepes n\u00f6v\u00e9nyeket karcs\u00fa fekete kasp\u00f3kba az erk\u00e9ly sz\u00e9l\u00e9re, hogy term\u00e9szetes hat\u00e1r legyen. V\u00e1lassz harmoniz\u00e1l\u00f3 sz\u00edneket, amelyek illenek a h\u00e1z k\u00fcls\u0151 sz\u00edn\u00e9hez, \u00edgy egys\u00e9ges \u00e9s hangulatos lesz a l\u00e1tv\u00e1ny, \u00e9s ki tudod haszn\u00e1lni a v\u00e1rosi panor\u00e1m\u00e1t.<\/p>\n<h2>Hangulatos terasz\u00e9tkez\u0151 kil\u00e1t\u00e1ssal<\/h2>\n<p><img loading=\"lazy\" decoding=\"async\" width=\"700\" height=\"1050\" alt=\"Eleg\u00e1ns k\u00fclt\u00e9ri \u00e9tkez\u0151 fa teraszon, cs\u00edkos abrosszal, friss \u00e9telekkel \u00e9s gy\u00f6ny\u00f6r\u0171 kil\u00e1t\u00e1ssal a dombokra, v\u00edzre.\" class=\"aligncenter size-full wp-image-6375\" src=\"https:\/\/doubletakedecor.com\/uploads\/2025\/08\/small-balcony-design-dtd-12.jpg\" srcset=\"https:\/\/doubletakedecor.com\/uploads\/2025\/08\/small-balcony-design-dtd-12.jpg 700w, https:\/\/doubletakedecor.com\/uploads\/2025\/08\/small-balcony-design-dtd-12-200x300.jpg 200w, https:\/\/doubletakedecor.com\/uploads\/2025\/08\/small-balcony-design-dtd-12-683x1024.jpg 683w, https:\/\/doubletakedecor.com\/uploads\/2025\/08\/small-balcony-design-dtd-12-96x144.jpg 96w, https:\/\/doubletakedecor.com\/uploads\/2025\/08\/small-balcony-design-dtd-12-280x420.jpg 280w, https:\/\/doubletakedecor.com\/uploads\/2025\/08\/small-balcony-design-dtd-12-320x480.jpg 320w, https:\/\/doubletakedecor.com\/uploads\/2025\/08\/small-balcony-design-dtd-12-360x540.jpg 360w, https:\/\/doubletakedecor.com\/uploads\/2025\/08\/small-balcony-design-dtd-12-363x545.jpg 363w, https:\/\/doubletakedecor.com\/uploads\/2025\/08\/small-balcony-design-dtd-12-370x555.jpg 370w, https:\/\/doubletakedecor.com\/uploads\/2025\/08\/small-balcony-design-dtd-12-400x600.jpg 400w, https:\/\/doubletakedecor.com\/uploads\/2025\/08\/small-balcony-design-dtd-12-560x840.jpg 560w, https:\/\/doubletakedecor.com\/uploads\/2025\/08\/small-balcony-design-dtd-12-480x720.jpg 480w\" sizes=\"auto, (max-width: 700px) 100vw, 700px\" \/><\/p>\n<p>Var\u00e1zsold a kis erk\u00e9lyedet eleg\u00e1ns \u00e9tkez\u0151v\u00e9 egy visszafogott sz\u00edn\u0171 cs\u00edkos ter\u00edt\u0151vel. Tegy\u00e9l az asztalra egy egyszer\u0171 t\u00e1l kenyeret \u00e9s gy\u00fcm\u00f6lcs\u00f6t, a k\u00f6zep\u00e9re pedig friss vir\u00e1got. Nyugodtan keverd a sz\u00e9keket, hogy \u00e9rdekesebb legyen az \u00f6sszhat\u00e1s, de maradj egys\u00e9ges st\u00edlusban. Igaz\u00edtsd az asztalt \u00fagy, hogy a lehet\u0151 legjobb kil\u00e1t\u00e1s legyen \u2013 ett\u0151l lesz olyan, mint egy b\u00e1r hangulatos terasza.<\/p>\n<h2>Cs\u00edkos napellenz\u0151s erk\u00e9lypihen\u0151<\/h2>\n<p><img loading=\"lazy\" decoding=\"async\" width=\"700\" height=\"1050\" alt=\"St\u00edlusos erk\u00e9ly fekete-feh\u00e9r cs\u00edkos napellenz\u0151vel, modern Acapulco sz\u00e9kkel \u00e9s cserepes z\u00f6ldekkel feh\u00e9r falak \u00e9s sz\u00fcrke padl\u00f3 mellett\" class=\"aligncenter size-full wp-image-6381\" src=\"https:\/\/doubletakedecor.com\/uploads\/2025\/08\/small-balcony-design-dtd-13.jpg\" srcset=\"https:\/\/doubletakedecor.com\/uploads\/2025\/08\/small-balcony-design-dtd-13.jpg 700w, https:\/\/doubletakedecor.com\/uploads\/2025\/08\/small-balcony-design-dtd-13-200x300.jpg 200w, https:\/\/doubletakedecor.com\/uploads\/2025\/08\/small-balcony-design-dtd-13-683x1024.jpg 683w, https:\/\/doubletakedecor.com\/uploads\/2025\/08\/small-balcony-design-dtd-13-96x144.jpg 96w, https:\/\/doubletakedecor.com\/uploads\/2025\/08\/small-balcony-design-dtd-13-280x420.jpg 280w, https:\/\/doubletakedecor.com\/uploads\/2025\/08\/small-balcony-design-dtd-13-320x480.jpg 320w, https:\/\/doubletakedecor.com\/uploads\/2025\/08\/small-balcony-design-dtd-13-360x540.jpg 360w, https:\/\/doubletakedecor.com\/uploads\/2025\/08\/small-balcony-design-dtd-13-363x545.jpg 363w, https:\/\/doubletakedecor.com\/uploads\/2025\/08\/small-balcony-design-dtd-13-370x555.jpg 370w, https:\/\/doubletakedecor.com\/uploads\/2025\/08\/small-balcony-design-dtd-13-400x600.jpg 400w, https:\/\/doubletakedecor.com\/uploads\/2025\/08\/small-balcony-design-dtd-13-560x840.jpg 560w, https:\/\/doubletakedecor.com\/uploads\/2025\/08\/small-balcony-design-dtd-13-480x720.jpg 480w\" sizes=\"auto, (max-width: 700px) 100vw, 700px\" \/><\/p>\n<p>H\u0171v\u00f6s \u00e1rny\u00e9kot \u00e9s felt\u0171n\u0151 megjelen\u00e9st ad egy vag\u00e1ny fekete-feh\u00e9r cs\u00edkos napellenz\u0151 a kis erk\u00e9lyedre. P\u00e1ros\u00edtsd friss feh\u00e9r falakkal, hogy min\u00e9l vil\u00e1gosabb legyen, a sz\u00fcrk\u00e9s text\u00far\u00e1j\u00fa padl\u00f3val pedig tart\u00f3sabb \u00e9s praktikusabb lesz a t\u00e9r. Tegy\u00e9l ki egy l\u00e1tv\u00e1nyos sz\u00e9ket \u00e9s n\u00e9h\u00e1ny cserepes n\u00f6v\u00e9nyt, \u00edgy lesz igaz\u00e1n st\u00edlusos \u00e9s praktikus a v\u00e1rosi erk\u00e9lyed.<\/p>\n<h2>Kuck\u00f3s pad sarok priv\u00e1t fallal<\/h2>\n<p><img loading=\"lazy\" decoding=\"async\" width=\"700\" height=\"1050\" alt=\"Fa pad p\u00e1rn\u00e1kkal \u00e9s takar\u00f3val, mellette kis asztal vir\u00e1ggal, n\u00f6v\u00e9nyekkel \u00e9s fa \u00e1rny\u00e9kol\u00f3val k\u00f6r\u00fclv\u00e9ve.\" class=\"aligncenter size-full wp-image-6387\" src=\"https:\/\/doubletakedecor.com\/uploads\/2025\/08\/small-balcony-design-dtd-14.jpg\" srcset=\"https:\/\/doubletakedecor.com\/uploads\/2025\/08\/small-balcony-design-dtd-14.jpg 700w, https:\/\/doubletakedecor.com\/uploads\/2025\/08\/small-balcony-design-dtd-14-200x300.jpg 200w, https:\/\/doubletakedecor.com\/uploads\/2025\/08\/small-balcony-design-dtd-14-683x1024.jpg 683w, https:\/\/doubletakedecor.com\/uploads\/2025\/08\/small-balcony-design-dtd-14-96x144.jpg 96w, https:\/\/doubletakedecor.com\/uploads\/2025\/08\/small-balcony-design-dtd-14-280x420.jpg 280w, https:\/\/doubletakedecor.com\/uploads\/2025\/08\/small-balcony-design-dtd-14-320x480.jpg 320w, https:\/\/doubletakedecor.com\/uploads\/2025\/08\/small-balcony-design-dtd-14-360x540.jpg 360w, https:\/\/doubletakedecor.com\/uploads\/2025\/08\/small-balcony-design-dtd-14-363x545.jpg 363w, https:\/\/doubletakedecor.com\/uploads\/2025\/08\/small-balcony-design-dtd-14-370x555.jpg 370w, https:\/\/doubletakedecor.com\/uploads\/2025\/08\/small-balcony-design-dtd-14-400x600.jpg 400w, https:\/\/doubletakedecor.com\/uploads\/2025\/08\/small-balcony-design-dtd-14-560x840.jpg 560w, https:\/\/doubletakedecor.com\/uploads\/2025\/08\/small-balcony-design-dtd-14-480x720.jpg 480w\" sizes=\"auto, (max-width: 700px) 100vw, 700px\" \/><\/p>\n<p>Alak\u00edts ki egy pihentet\u0151 kis sarkot fapaddal, puha p\u00e1rn\u00e1kkal \u00e9s rojtos meleg takar\u00f3val. Egy multifunkcion\u00e1lis kis asztalra tehetsz innival\u00f3t vagy dekor\u00e1ci\u00f3t. Fa lamell\u00e1s panelekkel biztos\u00edts magadnak n\u00e9mi priv\u00e1t szf\u00e9r\u00e1t, k\u00f6zben engedd be a leveg\u0151t \u00e9s a f\u00e9nyt. Akaszd fel a n\u00f6v\u00e9nyeket, tegy\u00e9l le egy mint\u00e1s sz\u0151nyeget, hogy meghitt \u00e9s otthonos legyen a hely.<\/p>\n<h2>Tengerparti nappali \u00f3ce\u00e1nra n\u00e9z\u0151 kil\u00e1t\u00e1ssal<\/h2>\n<p><img loading=\"lazy\" decoding=\"async\" width=\"700\" height=\"1050\" alt=\"Korall sz\u00edn\u0171 fotel fonott karf\u00e1val, d\u00edszp\u00e1rn\u00e1val, \u00fcvegajt\u00f3 mellett, kil\u00e1t\u00e1ssal tengerre \u00e9s k\u00fclt\u00e9ri \u00fcl\u0151helyekkel.\" class=\"aligncenter size-full wp-image-6393\" src=\"https:\/\/doubletakedecor.com\/uploads\/2025\/08\/small-balcony-design-dtd-15.jpg\" srcset=\"https:\/\/doubletakedecor.com\/uploads\/2025\/08\/small-balcony-design-dtd-15.jpg 700w, https:\/\/doubletakedecor.com\/uploads\/2025\/08\/small-balcony-design-dtd-15-200x300.jpg 200w, https:\/\/doubletakedecor.com\/uploads\/2025\/08\/small-balcony-design-dtd-15-683x1024.jpg 683w, https:\/\/doubletakedecor.com\/uploads\/2025\/08\/small-balcony-design-dtd-15-96x144.jpg 96w, https:\/\/doubletakedecor.com\/uploads\/2025\/08\/small-balcony-design-dtd-15-280x420.jpg 280w, https:\/\/doubletakedecor.com\/uploads\/2025\/08\/small-balcony-design-dtd-15-320x480.jpg 320w, https:\/\/doubletakedecor.com\/uploads\/2025\/08\/small-balcony-design-dtd-15-360x540.jpg 360w, https:\/\/doubletakedecor.com\/uploads\/2025\/08\/small-balcony-design-dtd-15-363x545.jpg 363w, https:\/\/doubletakedecor.com\/uploads\/2025\/08\/small-balcony-design-dtd-15-370x555.jpg 370w, https:\/\/doubletakedecor.com\/uploads\/2025\/08\/small-balcony-design-dtd-15-400x600.jpg 400w, https:\/\/doubletakedecor.com\/uploads\/2025\/08\/small-balcony-design-dtd-15-560x840.jpg 560w, https:\/\/doubletakedecor.com\/uploads\/2025\/08\/small-balcony-design-dtd-15-480x720.jpg 480w\" sizes=\"auto, (max-width: 700px) 100vw, 700px\" \/><\/p>\n<p>Teremts nyugodt olvas\u00f3sarkot \u00fagy, hogy egy k\u00e9nyelmes karossz\u00e9ket helyezel az erk\u00e9lyajt\u00f3 k\u00f6zel\u00e9be. V\u00e1lassz textil kieg\u00e9sz\u00edt\u0151ket, p\u00e9ld\u00e1ul k\u00e9k \u00e1rnyalat\u00faakat, amelyek a tengert id\u00e9zik. L\u00e9gies, k\u00f6nny\u0171 f\u00fcgg\u00f6ny\u00f6kkel keretezd a kil\u00e1t\u00e1st, ne takard el a f\u00e9nyt. Told ki a lak\u00e1s hat\u00e1rait egy kis fa asztalk\u00e1val az erk\u00e9lyen, hogy k\u00e1v\u00e9zhass a reggeli panor\u00e1m\u00e1ban.<\/p>\n<h2>K\u00e9nyelmes boroz\u00f3s \u00e9s nassol\u00f3s sarok<\/h2>\n<p><img loading=\"lazy\" decoding=\"async\" width=\"700\" height=\"1050\" alt=\"Hangulatos erk\u00e9ly kuck\u00f3 fa asztallal, boros poharakkal, k\u00e9nyelmes \u00fcl\u0151helyekkel, z\u00f6ld n\u00f6v\u00e9nyek k\u00f6z\u00f6tt, hegyi kil\u00e1t\u00e1ssal.\" class=\"aligncenter size-full wp-image-6399\" src=\"https:\/\/doubletakedecor.com\/uploads\/2025\/08\/small-balcony-design-dtd-16.jpg\" srcset=\"https:\/\/doubletakedecor.com\/uploads\/2025\/08\/small-balcony-design-dtd-16.jpg 700w, https:\/\/doubletakedecor.com\/uploads\/2025\/08\/small-balcony-design-dtd-16-200x300.jpg 200w, https:\/\/doubletakedecor.com\/uploads\/2025\/08\/small-balcony-design-dtd-16-683x1024.jpg 683w, https:\/\/doubletakedecor.com\/uploads\/2025\/08\/small-balcony-design-dtd-16-96x144.jpg 96w, https:\/\/doubletakedecor.com\/uploads\/2025\/08\/small-balcony-design-dtd-16-280x420.jpg 280w, https:\/\/doubletakedecor.com\/uploads\/2025\/08\/small-balcony-design-dtd-16-320x480.jpg 320w, https:\/\/doubletakedecor.com\/uploads\/2025\/08\/small-balcony-design-dtd-16-360x540.jpg 360w, https:\/\/doubletakedecor.com\/uploads\/2025\/08\/small-balcony-design-dtd-16-363x545.jpg 363w, https:\/\/doubletakedecor.com\/uploads\/2025\/08\/small-balcony-design-dtd-16-370x555.jpg 370w, https:\/\/doubletakedecor.com\/uploads\/2025\/08\/small-balcony-design-dtd-16-400x600.jpg 400w, https:\/\/doubletakedecor.com\/uploads\/2025\/08\/small-balcony-design-dtd-16-560x840.jpg 560w, https:\/\/doubletakedecor.com\/uploads\/2025\/08\/small-balcony-design-dtd-16-480x720.jpg 480w\" sizes=\"auto, (max-width: 700px) 100vw, 700px\" \/><\/p>\n<p>Alak\u00edtsd \u00e1t az erk\u00e9lyedet egy meghitt tal\u00e1lkoz\u00f3helly\u00e9 egy egyszer\u0171 fa asztallal. Tegy\u00e9l r\u00e1 egy fonott kos\u00e1rba k\u00e9k vir\u00e1gokat, hogy term\u00e9szetes legyen a hangulat, \u00e9s k\u00e9sz\u00edts ki bort n\u00e9h\u00e1ny falattal egy kellemes est\u00e9re. Puha p\u00e1rn\u00e1k \u00e9s k\u00e9k takar\u00f3 adnak extra k\u00e9nyelmet. Futtass n\u00f6v\u00e9nyeket a korl\u00e1tra, hogy k\u00f6rbefogj\u00e1k a kil\u00e1t\u00e1st.<\/p>\n<h2>Tengerparti bej\u00e1rat tenger\u00e9sz st\u00edlussal<\/h2>\n<p><img loading=\"lazy\" decoding=\"async\" width=\"700\" height=\"1050\" alt=\"Hangulatos tengerparti bej\u00e1rat k\u00e9k ajt\u00f3val, id\u0151j\u00e1r\u00e1smarta zsindelyekkel, f\u00fcgg\u0151 vir\u00e1gokkal \u00e9s tenger\u00e9sz kieg\u00e9sz\u00edt\u0151kkel, haj\u00f3kil\u00e1t\u00e1ssal.\" class=\"aligncenter size-full wp-image-6405\" src=\"https:\/\/doubletakedecor.com\/uploads\/2025\/08\/small-balcony-design-dtd-17.jpg\" srcset=\"https:\/\/doubletakedecor.com\/uploads\/2025\/08\/small-balcony-design-dtd-17.jpg 700w, https:\/\/doubletakedecor.com\/uploads\/2025\/08\/small-balcony-design-dtd-17-200x300.jpg 200w, https:\/\/doubletakedecor.com\/uploads\/2025\/08\/small-balcony-design-dtd-17-683x1024.jpg 683w, https:\/\/doubletakedecor.com\/uploads\/2025\/08\/small-balcony-design-dtd-17-96x144.jpg 96w, https:\/\/doubletakedecor.com\/uploads\/2025\/08\/small-balcony-design-dtd-17-280x420.jpg 280w, https:\/\/doubletakedecor.com\/uploads\/2025\/08\/small-balcony-design-dtd-17-320x480.jpg 320w, https:\/\/doubletakedecor.com\/uploads\/2025\/08\/small-balcony-design-dtd-17-360x540.jpg 360w, https:\/\/doubletakedecor.com\/uploads\/2025\/08\/small-balcony-design-dtd-17-363x545.jpg 363w, https:\/\/doubletakedecor.com\/uploads\/2025\/08\/small-balcony-design-dtd-17-370x555.jpg 370w, https:\/\/doubletakedecor.com\/uploads\/2025\/08\/small-balcony-design-dtd-17-400x600.jpg 400w, https:\/\/doubletakedecor.com\/uploads\/2025\/08\/small-balcony-design-dtd-17-560x840.jpg 560w, https:\/\/doubletakedecor.com\/uploads\/2025\/08\/small-balcony-design-dtd-17-480x720.jpg 480w\" sizes=\"auto, (max-width: 700px) 100vw, 700px\" \/><\/p>\n<p>\u00c9p\u00edts tengeri hangulatot az erk\u00e9lyeden patin\u00e1s f\u00e1val, tenger\u00e9sz kieg\u00e9sz\u00edt\u0151kkel \u00e9s \u00e9l\u00e9nk f\u00fcgg\u0151 n\u00f6v\u00e9nyekkel. Maradj az egys\u00e9ges k\u00e9k-feh\u00e9r sz\u00ednvil\u00e1gn\u00e1l, hogy igazi tengerparti \u00e9rz\u00e9s legyen. Egy kis dekorat\u00edv ment\u0151gy\u0171r\u0171 feldobja a sarkot. \u00dagy helyezd el a vir\u00e1gtart\u00f3kat, hogy sz\u00e9p keretet adjanak, de nyitott \u00e9s szell\u0151s maradjon a hely.<\/p>\n<h2>\u00c9l\u00e9nk k\u00e9k \u00e9s z\u00f6ld n\u00f6v\u00e9nyes erk\u00e9lysarok<\/h2>\n<p><img loading=\"lazy\" decoding=\"async\" width=\"700\" height=\"1050\" alt=\"B\u00e9k\u00e9s erk\u00e9ly kert k\u00e9k mint\u00e1s asztallal, cserepes n\u00f6v\u00e9nyekkel, t\u00e9gla fal mellett, fekete ker\u00edt\u00e9spanellel \u00e9s cs\u00edkos sz\u0151nyeggel.\" class=\"aligncenter size-full wp-image-6411\" src=\"https:\/\/doubletakedecor.com\/uploads\/2025\/08\/small-balcony-design-dtd-18.jpg\" srcset=\"https:\/\/doubletakedecor.com\/uploads\/2025\/08\/small-balcony-design-dtd-18.jpg 700w, https:\/\/doubletakedecor.com\/uploads\/2025\/08\/small-balcony-design-dtd-18-200x300.jpg 200w, https:\/\/doubletakedecor.com\/uploads\/2025\/08\/small-balcony-design-dtd-18-683x1024.jpg 683w, https:\/\/doubletakedecor.com\/uploads\/2025\/08\/small-balcony-design-dtd-18-96x144.jpg 96w, https:\/\/doubletakedecor.com\/uploads\/2025\/08\/small-balcony-design-dtd-18-280x420.jpg 280w, https:\/\/doubletakedecor.com\/uploads\/2025\/08\/small-balcony-design-dtd-18-320x480.jpg 320w, https:\/\/doubletakedecor.com\/uploads\/2025\/08\/small-balcony-design-dtd-18-360x540.jpg 360w, https:\/\/doubletakedecor.com\/uploads\/2025\/08\/small-balcony-design-dtd-18-363x545.jpg 363w, https:\/\/doubletakedecor.com\/uploads\/2025\/08\/small-balcony-design-dtd-18-370x555.jpg 370w, https:\/\/doubletakedecor.com\/uploads\/2025\/08\/small-balcony-design-dtd-18-400x600.jpg 400w, https:\/\/doubletakedecor.com\/uploads\/2025\/08\/small-balcony-design-dtd-18-560x840.jpg 560w, https:\/\/doubletakedecor.com\/uploads\/2025\/08\/small-balcony-design-dtd-18-480x720.jpg 480w\" sizes=\"auto, (max-width: 700px) 100vw, 700px\" \/><\/p>\n<p>Hozz l\u00e9tre f\u00fcgg\u0151leges kertet fekete fa panel felszerel\u00e9s\u00e9vel az erk\u00e9ly fal\u00e1ra. Egy \u00e9l\u00e9nk k\u00e9k asztal feldobja a sz\u00edneket, a k\u00fcl\u00f6nb\u00f6z\u0151 magass\u00e1g\u00fa n\u00f6v\u00e9nyek pedig j\u00f3l mutatnak egy\u00fctt. Tegy\u00e9l le egy cs\u00edkos sz\u0151nyeget, hogy keretet adjon a t\u00e9rnek \u00e9s kellemesebb legyen r\u00e1l\u00e9pni. Tipp: Keverj d\u00edszt\u00e1rgyakat, p\u00e9ld\u00e1ul l\u00e1mp\u00e1sokat a n\u00f6v\u00e9nyek k\u00f6z\u00e9, hogy igaz\u00e1n otthonos legyen a sarok.<\/p>\n<h2>Belt\u00e9r \u00e9s erk\u00e9ly z\u00f6ld n\u00f6v\u00e9nyekkel \u00f6sszekapcsolva<\/h2>\n<p><img loading=\"lazy\" decoding=\"async\" width=\"700\" height=\"1050\" alt=\"Vil\u00e1gos bels\u0151 t\u00e9r nyitott \u00fcvegajt\u00f3val a kis erk\u00e9lyre, nagy cserepes n\u00f6v\u00e9nnyel \u00e9s terrakotta kasp\u00f3kkal, kopottas fa padl\u00f3n.\" class=\"aligncenter size-full wp-image-6417\" src=\"https:\/\/doubletakedecor.com\/uploads\/2025\/08\/small-balcony-design-dtd-19.jpg\" srcset=\"https:\/\/doubletakedecor.com\/uploads\/2025\/08\/small-balcony-design-dtd-19.jpg 700w, https:\/\/doubletakedecor.com\/uploads\/2025\/08\/small-balcony-design-dtd-19-200x300.jpg 200w, https:\/\/doubletakedecor.com\/uploads\/2025\/08\/small-balcony-design-dtd-19-683x1024.jpg 683w, https:\/\/doubletakedecor.com\/uploads\/2025\/08\/small-balcony-design-dtd-19-96x144.jpg 96w, https:\/\/doubletakedecor.com\/uploads\/2025\/08\/small-balcony-design-dtd-19-280x420.jpg 280w, https:\/\/doubletakedecor.com\/uploads\/2025\/08\/small-balcony-design-dtd-19-320x480.jpg 320w, https:\/\/doubletakedecor.com\/uploads\/2025\/08\/small-balcony-design-dtd-19-360x540.jpg 360w, https:\/\/doubletakedecor.com\/uploads\/2025\/08\/small-balcony-design-dtd-19-363x545.jpg 363w, https:\/\/doubletakedecor.com\/uploads\/2025\/08\/small-balcony-design-dtd-19-370x555.jpg 370w, https:\/\/doubletakedecor.com\/uploads\/2025\/08\/small-balcony-design-dtd-19-400x600.jpg 400w, https:\/\/doubletakedecor.com\/uploads\/2025\/08\/small-balcony-design-dtd-19-560x840.jpg 560w, https:\/\/doubletakedecor.com\/uploads\/2025\/08\/small-balcony-design-dtd-19-480x720.jpg 480w\" sizes=\"auto, (max-width: 700px) 100vw, 700px\" \/><\/p>\n<p>Alak\u00edts ki term\u00e9szetes \u00e1tmenetet a lak\u00e1s \u00e9s az erk\u00e9ly k\u00f6z\u00f6tt magas n\u00f6v\u00e9nyekkel az ajt\u00f3 k\u00f6zel\u00e9ben. Bent haszn\u00e1lj fekete kasp\u00f3t, kint pedig terrakotta sz\u00ednt, hogy k\u00fcl\u00f6nv\u00e1laszd a tereket. V\u00edz\u00e1ll\u00f3, mint\u00e1s l\u00e1bt\u00f6rl\u0151vel adj k\u00e9nyelmet \u00e9s st\u00edlust an\u00e9lk\u00fcl, hogy sz\u0171k\u00edten\u00e9d a teret. \u00cdgy m\u00e9g t\u00f6bb term\u00e9szetes f\u00e9ny jut be a lak\u00e1sba.<\/p>\n<h2>Fonott \u00fcl\u0151sarok term\u00e9szetes kil\u00e1t\u00e1ssal<\/h2>\n<p><img loading=\"lazy\" decoding=\"async\" width=\"700\" height=\"1050\" alt=\"Bar\u00e1ts\u00e1gos erk\u00e9ly k\u00e9t fonott sz\u00e9kkel, m\u0171sz\u0151r takar\u00f3val, kis asztallal fa teraszon, buja z\u00f6ld n\u00f6v\u00e9nyzettel \u00fcvegajt\u00f3 m\u00f6g\u00f6tt.\" class=\"aligncenter size-full wp-image-6423\" src=\"https:\/\/doubletakedecor.com\/uploads\/2025\/08\/small-balcony-design-dtd-20.jpg\" srcset=\"https:\/\/doubletakedecor.com\/uploads\/2025\/08\/small-balcony-design-dtd-20.jpg 700w, https:\/\/doubletakedecor.com\/uploads\/2025\/08\/small-balcony-design-dtd-20-200x300.jpg 200w, https:\/\/doubletakedecor.com\/uploads\/2025\/08\/small-balcony-design-dtd-20-683x1024.jpg 683w, https:\/\/doubletakedecor.com\/uploads\/2025\/08\/small-balcony-design-dtd-20-96x144.jpg 96w, https:\/\/doubletakedecor.com\/uploads\/2025\/08\/small-balcony-design-dtd-20-280x420.jpg 280w, https:\/\/doubletakedecor.com\/uploads\/2025\/08\/small-balcony-design-dtd-20-320x480.jpg 320w, https:\/\/doubletakedecor.com\/uploads\/2025\/08\/small-balcony-design-dtd-20-360x540.jpg 360w, https:\/\/doubletakedecor.com\/uploads\/2025\/08\/small-balcony-design-dtd-20-363x545.jpg 363w, https:\/\/doubletakedecor.com\/uploads\/2025\/08\/small-balcony-design-dtd-20-370x555.jpg 370w, https:\/\/doubletakedecor.com\/uploads\/2025\/08\/small-balcony-design-dtd-20-400x600.jpg 400w, https:\/\/doubletakedecor.com\/uploads\/2025\/08\/small-balcony-design-dtd-20-560x840.jpg 560w, https:\/\/doubletakedecor.com\/uploads\/2025\/08\/small-balcony-design-dtd-20-480x720.jpg 480w\" sizes=\"auto, (max-width: 700px) 100vw, 700px\" \/><\/p>\n<p>V\u00e1ltoztasd a kis erk\u00e9lyedet nyugodt o\u00e1ziss\u00e1 fonott sz\u00e9kekkel, amik j\u00f3 tapint\u00e1s\u00faak, \u00e9s puha m\u0171sz\u0151r takar\u00f3kkal, hogy k\u00e9nyelmes legyen le\u00fclni. Egy kis kerek asztal t\u00f6k\u00e9letes italoknak vagy d\u00edszeknek, a sz\u0151nyeg pedig otthonosabb\u00e1 teszi a helyet. \u00dagy rendezd el a b\u00fatorokat, hogy a legszebb kil\u00e1t\u00e1sod legyen: ett\u0151l igaz\u00e1n t\u00e1gasnak hat m\u00e9g a kis erk\u00e9ly is.<\/p>\n<h2>Fa r\u00e9szletek \u00e9l\u00e9nk z\u00f6lddel<\/h2>\n<p><img loading=\"lazy\" decoding=\"async\" width=\"700\" height=\"1049\" alt=\"Hangulatos erk\u00e9ly fab\u00fatorokkal, polcon \u00e9l\u0151 n\u00f6v\u00e9nyekkel \u00e9s \u00e9l\u00e9nk narancss\u00e1rga vir\u00e1gokkal, igazi term\u00e9szetes mened\u00e9kk\u00e9 var\u00e1zsolva.\" class=\"aligncenter size-full wp-image-6429\" src=\"https:\/\/doubletakedecor.com\/uploads\/2025\/08\/small-balcony-design-dtd-21.jpg\" srcset=\"https:\/\/doubletakedecor.com\/uploads\/2025\/08\/small-balcony-design-dtd-21.jpg 700w, https:\/\/doubletakedecor.com\/uploads\/2025\/08\/small-balcony-design-dtd-21-200x300.jpg 200w, https:\/\/doubletakedecor.com\/uploads\/2025\/08\/small-balcony-design-dtd-21-683x1024.jpg 683w, https:\/\/doubletakedecor.com\/uploads\/2025\/08\/small-balcony-design-dtd-21-96x144.jpg 96w, https:\/\/doubletakedecor.com\/uploads\/2025\/08\/small-balcony-design-dtd-21-280x420.jpg 280w, https:\/\/doubletakedecor.com\/uploads\/2025\/08\/small-balcony-design-dtd-21-320x480.jpg 320w, https:\/\/doubletakedecor.com\/uploads\/2025\/08\/small-balcony-design-dtd-21-360x539.jpg 360w, https:\/\/doubletakedecor.com\/uploads\/2025\/08\/small-balcony-design-dtd-21-363x544.jpg 363w, https:\/\/doubletakedecor.com\/uploads\/2025\/08\/small-balcony-design-dtd-21-370x554.jpg 370w, https:\/\/doubletakedecor.com\/uploads\/2025\/08\/small-balcony-design-dtd-21-400x599.jpg 400w, https:\/\/doubletakedecor.com\/uploads\/2025\/08\/small-balcony-design-dtd-21-560x839.jpg 560w, https:\/\/doubletakedecor.com\/uploads\/2025\/08\/small-balcony-design-dtd-21-480x719.jpg 480w\" sizes=\"auto, (max-width: 700px) 100vw, 700px\" \/><\/p>\n<p>Alak\u00edts ki pihentet\u0151 sarkot \u00fagy, hogy \u00f6tv\u00f6z\u00f6d a f\u00e1t \u00e9s sokf\u00e9le n\u00f6v\u00e9nyt. Haszn\u00e1lj falra szerelhet\u0151 polcokat a cserepes vir\u00e1goknak \u2013 \u00edgy helyet sp\u00f3rolsz. K\u00f6nnyen pakolhat\u00f3, \u00f6sszecsukhat\u00f3 b\u00fatorral \u00e9s pihe-puha takar\u00f3val m\u00e9g k\u00e9nyelmesebb lesz a hely. Az ablakp\u00e1rk\u00e1nyra t\u00e9gy sz\u00ednes vir\u00e1gokat, \u00edgy feldobod a fa term\u00e9szetes \u00e1rnyalat\u00e1t egy kis vid\u00e1ms\u00e1ggal.<\/p>\n<h2>\u00c9l\u00e9nk csemp\u00e9s erk\u00e9ly piros b\u00fatorokkal<\/h2>\n<p><img loading=\"lazy\" decoding=\"async\" width=\"700\" height=\"1050\" alt=\"Hangulatos erk\u00e9ly piros f\u00e9msz\u00e9kekkel, kerek asztallal, geometrikus k\u00e9k csemp\u00e9vel \u00e9s buja cserepes n\u00f6v\u00e9nyekkel, sz\u00ednes k\u00fclt\u00e9ri mened\u00e9k.\" class=\"aligncenter size-full wp-image-6435\" src=\"https:\/\/doubletakedecor.com\/uploads\/2025\/08\/small-balcony-design-dtd-22.jpg\" srcset=\"https:\/\/doubletakedecor.com\/uploads\/2025\/08\/small-balcony-design-dtd-22.jpg 700w, https:\/\/doubletakedecor.com\/uploads\/2025\/08\/small-balcony-design-dtd-22-200x300.jpg 200w, https:\/\/doubletakedecor.com\/uploads\/2025\/08\/small-balcony-design-dtd-22-683x1024.jpg 683w, https:\/\/doubletakedecor.com\/uploads\/2025\/08\/small-balcony-design-dtd-22-96x144.jpg 96w, https:\/\/doubletakedecor.com\/uploads\/2025\/08\/small-balcony-design-dtd-22-280x420.jpg 280w, https:\/\/doubletakedecor.com\/uploads\/2025\/08\/small-balcony-design-dtd-22-320x480.jpg 320w, https:\/\/doubletakedecor.com\/uploads\/2025\/08\/small-balcony-design-dtd-22-360x540.jpg 360w, https:\/\/doubletakedecor.com\/uploads\/2025\/08\/small-balcony-design-dtd-22-363x545.jpg 363w, https:\/\/doubletakedecor.com\/uploads\/2025\/08\/small-balcony-design-dtd-22-370x555.jpg 370w, https:\/\/doubletakedecor.com\/uploads\/2025\/08\/small-balcony-design-dtd-22-400x600.jpg 400w, https:\/\/doubletakedecor.com\/uploads\/2025\/08\/small-balcony-design-dtd-22-560x840.jpg 560w, https:\/\/doubletakedecor.com\/uploads\/2025\/08\/small-balcony-design-dtd-22-480x720.jpg 480w\" sizes=\"auto, (max-width: 700px) 100vw, 700px\" \/><\/p>\n<p>Hozz l\u00e9tre l\u00e1tv\u00e1nyos kontrasztot \u00e9l\u00e9nk piros f\u00e9mb\u00fatorokkal \u00e9s k\u00e9k geometrikus csemp\u00e9vel. Dobj r\u00e1 mint\u00e1s d\u00edszp\u00e1rn\u00e1kat a k\u00e9nyelem\u00e9rt, n\u00f6v\u00e9nyekkel \u00e9s vir\u00e1gokkal tedd term\u00e9szetess\u00e9 a sarkot. Ez a berendez\u00e9s egyszerre l\u00e1tv\u00e1nyos \u00e9s praktikus \u2013 t\u00f6k\u00e9letes reggeli k\u00e1v\u00e9z\u00e1shoz vagy esti pihen\u00e9shez is a kis erk\u00e9lyen.<\/p>\n<h2>Ablak melletti nap\u00e1gy olvas\u00f3sarok<\/h2>\n<p><img loading=\"lazy\" decoding=\"async\" width=\"700\" height=\"1049\" alt=\"Csendes, \u00fcvegezett erk\u00e9ly nagy ablakokkal, nap\u00e1ggyal, semleges p\u00e1rn\u00e1kkal, sz\u00ednes takar\u00f3kkal, z\u00f6ld fallal \u00e9s cserepes n\u00f6v\u00e9nyekkel.\" class=\"aligncenter size-full wp-image-6441\" src=\"https:\/\/doubletakedecor.com\/uploads\/2025\/08\/small-balcony-design-dtd-23.jpg\" srcset=\"https:\/\/doubletakedecor.com\/uploads\/2025\/08\/small-balcony-design-dtd-23.jpg 700w, https:\/\/doubletakedecor.com\/uploads\/2025\/08\/small-balcony-design-dtd-23-200x300.jpg 200w, https:\/\/doubletakedecor.com\/uploads\/2025\/08\/small-balcony-design-dtd-23-683x1024.jpg 683w, https:\/\/doubletakedecor.com\/uploads\/2025\/08\/small-balcony-design-dtd-23-96x144.jpg 96w, https:\/\/doubletakedecor.com\/uploads\/2025\/08\/small-balcony-design-dtd-23-280x420.jpg 280w, https:\/\/doubletakedecor.com\/uploads\/2025\/08\/small-balcony-design-dtd-23-320x480.jpg 320w, https:\/\/doubletakedecor.com\/uploads\/2025\/08\/small-balcony-design-dtd-23-360x539.jpg 360w, https:\/\/doubletakedecor.com\/uploads\/2025\/08\/small-balcony-design-dtd-23-363x544.jpg 363w, https:\/\/doubletakedecor.com\/uploads\/2025\/08\/small-balcony-design-dtd-23-370x554.jpg 370w, https:\/\/doubletakedecor.com\/uploads\/2025\/08\/small-balcony-design-dtd-23-400x599.jpg 400w, https:\/\/doubletakedecor.com\/uploads\/2025\/08\/small-balcony-design-dtd-23-560x839.jpg 560w, https:\/\/doubletakedecor.com\/uploads\/2025\/08\/small-balcony-design-dtd-23-480x719.jpg 480w\" sizes=\"auto, (max-width: 700px) 100vw, 700px\" \/><\/p>\n<p>V\u00e1ltoztass egy z\u00e1rt erk\u00e9lyt vagy ablak melletti teret pihentet\u0151 kuck\u00f3v\u00e1 egy egyszer\u0171 nap\u00e1ggyal \u00e9s semleges p\u00e1rn\u00e1kkal. R\u00e9tegezz r\u00e1 sz\u00ednes, tapint\u00e1sra izgalmas pl\u00e9deket \u2013 p\u00e9ld\u00e1ul rozsdabarna vagy \u00e9l\u00e9nk t\u00fcrkiz sz\u00ednben. Cserepes n\u00f6v\u00e9nyekkel \u00e9s z\u00f6ld falfest\u00e9ssel k\u00f6zelebb hozhatod a term\u00e9szetet. \u00cdgy egyszerre lesz f\u00e9nyes a t\u00e9r \u00e9s t\u00f6k\u00e9letes az olvas\u00e1shoz vagy pihen\u00e9shez.<\/p>\n<h2>Fonott sz\u00e9k falra szerelt r\u00e1csozattal<\/h2>\n<p><img loading=\"lazy\" decoding=\"async\" width=\"700\" height=\"1050\" alt=\"Kerek fonott sz\u00e9k r\u00f3zsasz\u00edn p\u00e1rn\u00e1val \u00e9s takar\u00f3val, fa r\u00e1csos h\u00e1tt\u00e1ml\u00e1val, l\u00f3g\u00f3 n\u00f6v\u00e9nyekkel \u00e9s st\u00edlusos kis asztallal.\" class=\"aligncenter size-full wp-image-6447\" src=\"https:\/\/doubletakedecor.com\/uploads\/2025\/08\/small-balcony-design-dtd-24.jpg\" srcset=\"https:\/\/doubletakedecor.com\/uploads\/2025\/08\/small-balcony-design-dtd-24.jpg 700w, https:\/\/doubletakedecor.com\/uploads\/2025\/08\/small-balcony-design-dtd-24-200x300.jpg 200w, https:\/\/doubletakedecor.com\/uploads\/2025\/08\/small-balcony-design-dtd-24-683x1024.jpg 683w, https:\/\/doubletakedecor.com\/uploads\/2025\/08\/small-balcony-design-dtd-24-96x144.jpg 96w, https:\/\/doubletakedecor.com\/uploads\/2025\/08\/small-balcony-design-dtd-24-280x420.jpg 280w, https:\/\/doubletakedecor.com\/uploads\/2025\/08\/small-balcony-design-dtd-24-320x480.jpg 320w, https:\/\/doubletakedecor.com\/uploads\/2025\/08\/small-balcony-design-dtd-24-360x540.jpg 360w, https:\/\/doubletakedecor.com\/uploads\/2025\/08\/small-balcony-design-dtd-24-363x545.jpg 363w, https:\/\/doubletakedecor.com\/uploads\/2025\/08\/small-balcony-design-dtd-24-370x555.jpg 370w, https:\/\/doubletakedecor.com\/uploads\/2025\/08\/small-balcony-design-dtd-24-400x600.jpg 400w, https:\/\/doubletakedecor.com\/uploads\/2025\/08\/small-balcony-design-dtd-24-560x840.jpg 560w, https:\/\/doubletakedecor.com\/uploads\/2025\/08\/small-balcony-design-dtd-24-480x720.jpg 480w\" sizes=\"auto, (max-width: 700px) 100vw, 700px\" \/><\/p>\n<p>Alak\u00edts ki k\u00e9nyelmes pihen\u0151sarkot egy kerek fonott sz\u00e9kkel \u00e9s puha p\u00e1rn\u00e1kkal az erk\u00e9ly fal\u00e1n\u00e1l. Szerelj fel fa r\u00e1csot f\u00f6l\u00e9, amire fel tudsz akasztani l\u00f3g\u00f3 n\u00f6v\u00e9nyeket, \u00edgy vertik\u00e1lisan is z\u00f6ld\u00edthetsz an\u00e9lk\u00fcl, hogy elfoglaln\u00e1 a padl\u00f3t. A kis asztal t\u00f6k\u00e9letes vir\u00e1goknak, a pokr\u00f3c pedig j\u00f3l j\u00f6n h\u0171v\u00f6s est\u00e9n.<\/p>\n<h2>Boh\u00e9m erk\u00e9ly \u00fcl\u0151sarok<\/h2>\n<p><img loading=\"lazy\" decoding=\"async\" width=\"700\" height=\"1050\" alt=\"Hangulatos erk\u00e9ly sz\u00fcrke raklapkanap\u00e9val, mint\u00e1s p\u00e1rn\u00e1kkal, l\u00f3g\u00f3 n\u00f6v\u00e9nyekkel \u00e9s cs\u00edkos sz\u0151nyeggel, bar\u00e1ts\u00e1gos k\u00fclt\u00e9ri t\u00e9r.\" class=\"aligncenter size-full wp-image-6453\" src=\"https:\/\/doubletakedecor.com\/uploads\/2025\/08\/small-balcony-design-dtd-25.jpg\" srcset=\"https:\/\/doubletakedecor.com\/uploads\/2025\/08\/small-balcony-design-dtd-25.jpg 700w, https:\/\/doubletakedecor.com\/uploads\/2025\/08\/small-balcony-design-dtd-25-200x300.jpg 200w, https:\/\/doubletakedecor.com\/uploads\/2025\/08\/small-balcony-design-dtd-25-683x1024.jpg 683w, https:\/\/doubletakedecor.com\/uploads\/2025\/08\/small-balcony-design-dtd-25-96x144.jpg 96w, https:\/\/doubletakedecor.com\/uploads\/2025\/08\/small-balcony-design-dtd-25-280x420.jpg 280w, https:\/\/doubletakedecor.com\/uploads\/2025\/08\/small-balcony-design-dtd-25-320x480.jpg 320w, https:\/\/doubletakedecor.com\/uploads\/2025\/08\/small-balcony-design-dtd-25-360x540.jpg 360w, https:\/\/doubletakedecor.com\/uploads\/2025\/08\/small-balcony-design-dtd-25-363x545.jpg 363w, https:\/\/doubletakedecor.com\/uploads\/2025\/08\/small-balcony-design-dtd-25-370x555.jpg 370w, https:\/\/doubletakedecor.com\/uploads\/2025\/08\/small-balcony-design-dtd-25-400x600.jpg 400w, https:\/\/doubletakedecor.com\/uploads\/2025\/08\/small-balcony-design-dtd-25-560x840.jpg 560w, https:\/\/doubletakedecor.com\/uploads\/2025\/08\/small-balcony-design-dtd-25-480x720.jpg 480w\" sizes=\"auto, (max-width: 700px) 100vw, 700px\" \/><\/p>\n<p>Dobd fel a kis erk\u00e9lyedet egy raklapkanap\u00e9val a fa faln\u00e1l. Kombin\u00e1ld a feh\u00e9r \u00e9s mint\u00e1s p\u00e1rn\u00e1kat, \u00edgy egyszerre lesz k\u00e9nyelmes \u00e9s trendi. Akassz fel sz\u00ednes textil d\u00edszeket vagy falisz\u0151nyeget, hogy feldobd a teret fel\u00fclr\u0151l is. Tedd teljess\u00e9 n\u00e9h\u00e1ny l\u00f3g\u00f3 vir\u00e1ggal \u00e9s sz\u00ednes n\u00f6v\u00e9nyekkel fal\u00e1d\u00e1kban. V\u00e9g\u00fcl ter\u00edts le egy cs\u00edkos sz\u0151nyeget, helyezz oda egy fonott asztalk\u00e1t \u00e9s egy \u00fcveg l\u00e1mp\u00e1st \u2013 este igaz\u00e1n meghitt lesz a hangulat.<\/p>\n<h2>GYIK<\/h2>\n<details class=\"g-accordion \"><summary><h3>Milyen st\u00edlusos \u00f6tletek vannak kis erk\u00e9lyek berendez\u00e9s\u00e9hez?<\/h3><\/summary>\n<p>Egy apr\u00f3 erk\u00e9lyt is igazi hangulatos mened\u00e9kk\u00e9 var\u00e1zsolhatsz n\u00e9mi lelem\u00e9nyess\u00e9ggel. Ha j\u00f3l \u00e1tgondolod az elrendez\u00e9st, a kis helyb\u0151l is a legt\u00f6bbet hozhatod ki \u2013 \u00edgy nemcsak k\u00e9nyelmes, de sz\u00e9p is lesz a k\u00f6rnyezeted.<\/p>\n<ul>\n<li>Vertik\u00e1lis kerteket alak\u00edthatsz ki: fali kasp\u00f3kkal vagy vir\u00e1gtart\u00f3kkal rengeteg z\u00f6ld n\u00f6v\u00e9nyt tudsz elhelyezni an\u00e9lk\u00fcl, hogy elfoglaln\u00e1d a padl\u00f3t,<\/li>\n<li>V\u00e1lassz olyan sz\u00edneket, amelyek \u00f6sszhangban vannak a lak\u00e1sod bels\u0151 tereivel,<\/li>\n<li>F\u0171z\u00e9rl\u00e1mp\u00e1kkal vagy okos LED \u00e9g\u0151kkel kellemes hangulatot teremthetsz, \u00e9s kiemelheted a dekor\u00e1ci\u00f3dat,<\/li>\n<li>Olyan b\u00fatorokat keress, amik sokoldal\u00faak, de kev\u00e9s helyet foglalnak,<\/li>\n<li>Praktikus, k\u00fclt\u00e9ri b\u00fatorokat v\u00e1lassz \u2013 p\u00e9ld\u00e1ul \u00f6sszecsukhat\u00f3 sz\u00e9keket, lehajthat\u00f3 \u00fcl\u0151alkalmatoss\u00e1gokat, \u00edgy rugalmasan berendezheted az erk\u00e9lyedet,<\/li>\n<li>Egy f\u00e1b\u00f3l k\u00e9sz\u00fclt erk\u00e9lyb\u00e1r asztal \u00e9tkez\u0151k\u00e9nt vagy dolgoz\u00f3helynek is t\u00f6k\u00e9letes lehet,<\/li>\n<li>Id\u0151t\u00e1ll\u00f3 burkolatot tehetsz a padl\u00f3ra \u2013 p\u00e9ld\u00e1ul k\u00fclt\u00e9ri lapokat vagy UV-\u00e1ll\u00f3 j\u00e1r\u00f3lapokat,<\/li>\n<li>Egy k\u00fclt\u00e9ri sz\u0151nyeg melegs\u00e9get \u00e9s text\u00far\u00e1t ad a l\u00e1bad al\u00e1,<\/li>\n<li>Ha nagyobb priv\u00e1t szf\u00e9r\u00e1ra v\u00e1gysz, haszn\u00e1lj textil parav\u00e1nokat vagy helyezz el magasabb n\u00f6v\u00e9nyeket okosan elrendezve.<\/li>\n<li>M\u00e9g a legkisebb erk\u00e9lyb\u0151l is bar\u00e1ts\u00e1gos pihen\u0151helyet alak\u00edthatsz ki, ahov\u00e1 j\u00f3 ki\u00fclni \u00e9s felt\u00f6lt\u0151dni.<\/li>\n<\/ul>\n<p><strong>Ezek az \u00f6tletek term\u00e9szetes hangulatot csemp\u00e9sznek az otthonodba, \u00e9s egy igazi \u201ev\u00e1rosi dzsungelt\u201d teremtenek a sz\u0171kebb helyeken is.<\/strong><\/p>\n<p>B\u00e1rmi legyen is a st\u00edlusod \u2014 modern, rusztikus vagy boh\u00e9m \u2014 b\u00e1tran alak\u00edtsd ki a saj\u00e1t \u00edzl\u00e9sed szerint! <strong>Egy fa erk\u00e9lyb\u00e1r asztal nemcsak \u00e9tkez\u0151sarokk\u00e9nt, hanem kis munkahelyk\u00e9nt is m\u0171k\u00f6dhet a szabadban.<\/strong><\/p>\n<p><strong>Ezekkel a tan\u00e1csokkal m\u00e9g a legapr\u00f3bb erk\u00e9ly is igazi o\u00e1ziss\u00e1 v\u00e1lhat, ahol j\u00f3 pihenni \u00e9s kikapcsol\u00f3dni.<\/strong><\/p>\n<\/details><details class=\"g-accordion \"><summary><h3>Hogyan haszn\u00e1lhatod ki legjobban a helyet a nagyon kicsi erk\u00e9lyeken?<\/h3><\/summary>\n<p>Ha szeretn\u00e9d kihozni a legt\u00f6bbet a kis erk\u00e9lyedb\u0151l, f\u00f3kusz\u00e1lj az <strong>okos t\u00e1rol\u00e1si megold\u00e1sokra<\/strong> \u00e9s a <strong>sokoldal\u00fa b\u00fatorokra<\/strong>. J\u00f3 v\u00e1laszt\u00e1s p\u00e9ld\u00e1ul az \u00f6sszecsukhat\u00f3 sz\u00e9k vagy asztal, amit gyorsan elpakolhatsz, \u00edgy m\u00e9g t\u00f6bb helyet nyersz, ha sz\u00fcks\u00e9ges.<\/p>\n<p>F\u00fcgg\u0151leges t\u00e1rol\u00e1st is bevethetsz: fali polcokon vagy vir\u00e1gt\u00e1rol\u00f3kon rengeteg mindent elrakhatsz, mik\u00f6zben a padl\u00f3d szabad marad. Fontos, hogy olyan kis m\u00e9ret\u0171 b\u00fatorokat v\u00e1lassz, amik k\u00e9nyelmesek, de nem zs\u00fafolj\u00e1k t\u00fal a teret.<\/p>\n<p>J\u00f3l j\u00f6hetnek olyan padok is, amelyekben rejtett t\u00e1rol\u00f3 van, vagy olyan b\u00fatorok, amelyek \u00fcl\u0151helynek \u00e9s t\u00e1rol\u00f3nak is megfelelnek egyszerre. Ezzel praktikusan, rendezetten tarthatod az erk\u00e9lyedet.<\/p>\n<p>Legyenek k\u00f6nny\u0171ek \u00e9s k\u00f6nnyen mozgathat\u00f3k a b\u00fatorok, \u00edgy k\u00f6nnyen \u00e1trendezheted a teret \u2013 ak\u00e1r olvas\u00f3sarkot, ak\u00e1r egy kis vend\u00e9gfogad\u00f3t alak\u00edtasz ki. Fontos, hogy <strong>id\u0151j\u00e1r\u00e1s\u00e1ll\u00f3 anyagokat<\/strong> v\u00e1lassz, hogy a b\u00fatoraid sok\u00e1ig b\u00edrj\u00e1k kint is.<\/p>\n<p><strong>Ezekkel a tr\u00fckk\u00f6kkel m\u00e9g a legapr\u00f3bb erk\u00e9lyb\u0151l is k\u00e9nyelmes, praktikus \u00e9s h\u00edvogat\u00f3 hely alak\u00edthat\u00f3 ki!<\/strong><\/p>\n<\/details><details class=\"g-accordion \"><summary><h3>Milyen b\u00fatorokat \u00e9rdemes v\u00e1lasztani egy kis erk\u00e9lyre?<\/h3><\/summary>\n<p>Ha kis erk\u00e9lyre v\u00e1lasztasz b\u00fatorokat, mindenk\u00e9pp <strong>id\u0151j\u00e1r\u00e1s\u00e1ll\u00f3 darabokat<\/strong> keress, amelyek j\u00f3l b\u00edrj\u00e1k a szabadban. Kis helyen is elf\u00e9r\u0151 \u00fcl\u0151alkalmatoss\u00e1g, p\u00e9ld\u00e1ul egy pihen\u0151fotel vagy lehajthat\u00f3 sz\u00e9k k\u00e9nyelmes \u00e9s rugalmas megold\u00e1s lehet. Ha szeretn\u00e9l egyszerre k\u00e9nyelmesen enni \u00e9s besz\u00e9lgetni, v\u00e1lassz <strong>helytakar\u00e9kos k\u00fclt\u00e9ri \u00e9tkez\u0151szettet<\/strong>. Egy fa erk\u00e9lyb\u00e1r asztal sokoldal\u00fa darab: haszn\u00e1lhatod eb\u00e9dhez vagy dolgozni is rajta.<\/p>\n<ul>\n<li>Praktikusak az \u00f6sszecsukhat\u00f3 sz\u00e9kek \u00e9s asztalok,<\/li>\n<li>ezeket elrakhatod, ha \u00e9pp nincs r\u00e1juk sz\u00fcks\u00e9ged,<\/li>\n<li>\u00edgy igaz\u00e1n bar\u00e1ts\u00e1gos \u00e9s k\u00e9nyelmes k\u00fclt\u00e9ri \u00e9letteret var\u00e1zsolhatsz magadnak \u2013 m\u00e9g akkor is, ha csak keskeny erk\u00e9ly \u00e1ll rendelkez\u00e9sedre.<\/li>\n<\/ul>\n<\/details><details class=\"g-accordion \"><summary><h3>Milyen padl\u00f3burkolat j\u00f3 egy kis erk\u00e9lyre?<\/h3><\/summary>\n<p>Ha j\u00f3l v\u00e1lasztod meg az erk\u00e9ly padl\u00f3j\u00e1t, az sokat dobhat a k\u00fclsej\u00e9n \u00e9s a haszn\u00e1lhat\u00f3s\u00e1g\u00e1n. A <strong>k\u00fclt\u00e9ri j\u00e1r\u00f3lapok<\/strong> tart\u00f3s \u00e9s mutat\u00f3s megold\u00e1sok. Sokf\u00e9le mint\u00e1ban kaphat\u00f3k, \u00edgy biztosan r\u00e1lelsz a hozz\u00e1d ill\u0151re. Hosszabb t\u00e1vra v\u00e1lassz UV-\u00e1ll\u00f3 darabokat.<\/p>\n<p>K\u00fcl\u00f6nlegesebb \u00f6sszhat\u00e1s\u00e9rt pr\u00f3b\u00e1ld ki a jellegzetes fahat\u00e1s\u00fa vagy kompozit j\u00e1r\u00f3lapokat \u2013 ezek eleg\u00e1ns alapot adnak az erk\u00e9lyednek. Ha a p\u00e9nzt\u00e1rc\u00e1d sz\u0171kebb, akkor is tal\u00e1lhatsz el\u00e9rhet\u0151 \u00e1r\u00fa burkolatot, ami feldobja a v\u00e9geredm\u00e9nyt.<\/p>\n<p>Extra melegs\u00e9ghez \u00e9s otthonoss\u00e1ghoz <strong>k\u00fclt\u00e9ri sz\u0151nyeget<\/strong> is tehetsz le. Ezek speci\u00e1lisan id\u0151j\u00e1r\u00e1s\u00e1ll\u00f3k, sz\u00ednt \u00e9s text\u00far\u00e1t visznek a t\u00e9rbe. A <strong>cs\u00fasz\u00e1sg\u00e1tl\u00f3s sz\u0151nyegek<\/strong> pedig v\u00e9delmet ny\u00fajtanak m\u00e9g nedves id\u0151ben is, ez\u00e9rt t\u00f6k\u00e9letesek k\u00fclt\u00e9ri haszn\u00e1latra.<\/p>\n<p><strong>A megfelel\u0151 padl\u00f3burkolattal k\u00f6nnyed\u00e9n olyan bar\u00e1ts\u00e1gos erk\u00e9lyt is ki tudsz alak\u00edtani, ami igaz\u00e1n az otthonod r\u00e9sz\u00e9v\u00e9 v\u00e1lik.<\/strong><\/p>\n<\/details> <details class=\"g-accordion \"><summary><h3>Hogyan tudom a legt\u00f6bbet kihozni a t\u00e1rol\u00e1sb\u00f3l egy kis erk\u00e9lyen?<\/h3><\/summary>  <\/p>\n<p>Egy apr\u00f3 erk\u00e9ly t\u00e1rol\u00e1si lehet\u0151s\u00e9geit legjobban \u00fagy haszn\u00e1lhatod ki, ha \u00fcgyesen \u00e9s praktikusan tervezzed meg a teret. \u00cdme n\u00e9h\u00e1ny \u00f6tlet, hogyan tudod hat\u00e9konyabb\u00e1 tenni az erk\u00e9lyed:<\/p>\n<ul>\n<li>haszn\u00e1lj k\u00fclt\u00e9ri t\u00e1rol\u00f3dobozokat,<\/li>\n<li>szerelj fel polcokat, \u00edgy f\u00fcgg\u0151legesen is hasznos\u00edthatod a helyet,<\/li>\n<li>gondolkodj pad alatti t\u00e1rol\u00e1sban, p\u00e9ld\u00e1ul p\u00e1rn\u00e1knak vagy kerti eszk\u00f6z\u00f6knek,<\/li>\n<li>akassz fel vir\u00e1gtart\u00f3kat, \u00edgy t\u00f6bb n\u00f6v\u00e9ny elf\u00e9r, \u00e9s felszabadul a padl\u00f3,<\/li>\n<li>haszn\u00e1lj t\u00e9relv\u00e1laszt\u00f3k\u00e9nt olyan parav\u00e1nt, amire akaszt\u00f3kat vagy polcokat is tehetsz, \u00edgy m\u00e9g t\u00f6bb t\u00e1rol\u00f3helyed lesz.<\/li>\n<\/ul>\n<p><strong>Ezek az \u00f6tletek seg\u00edtenek, hogy kis helyen is rendezett \u00e9s mutat\u00f3s maradjon az erk\u00e9lyed, mik\u00f6zben minden hasznos holmi elf\u00e9r rajta.<\/strong><\/p>\n<\/details>\n<details class=\"g-accordion \"><summary><h3>Hogyan dekor\u00e1ljam a kis erk\u00e9lyemet olcs\u00f3n?<\/h3><\/summary>  <\/p>\n<p>Egy kicsi erk\u00e9lyb\u0151l is meghitt kuck\u00f3t var\u00e1zsolhatsz, \u00e9s ehhez nem kell sokat k\u00f6ltened. Kezdd azzal, hogy <strong>DIY, vagyis saj\u00e1t k\u00e9sz\u00edt\u00e9s\u0171 dekor\u00e1ci\u00f3s \u00f6tleteket<\/strong> keresel, \u00edgy olcs\u00f3n \u00e9s ak\u00e1r \u00fajrahasznos\u00edtott anyagokb\u00f3l egyedi hangulatot teremthetsz. Gondold \u00e1t p\u00e9ld\u00e1ul ezeket:<\/p>\n<ul>\n<li>r\u00e9gi b\u00fatorok \u00e1talak\u00edt\u00e1sa vagy \u00fajrafest\u00e9se,<\/li>\n<li>k\u00e9zzel k\u00e9sz\u00edtett, egyedi vir\u00e1gtart\u00f3k,<\/li>\n<li>olcs\u00f3, de l\u00e1tv\u00e1nyos kieg\u00e9sz\u00edt\u0151k, mint trendi kasp\u00f3k vagy hangulatos f\u00e9nyek.<\/li>\n<\/ul>\n<p>Ha kicsit t\u00f6bb mag\u00e1n\u00e9letet szeretn\u00e9l, <strong>divatos, ugyanakkor megfizethet\u0151 anyagb\u00f3l k\u00e9sz\u00fclt parav\u00e1nokkal<\/strong> k\u00f6nnyed\u00e9n elrejtheted magad a k\u00edv\u00e1ncsi szemek el\u0151l. V\u00e1lassz t\u00f6bbc\u00e9l\u00fa darabokat is; a <strong>\u00f6sszecsukhat\u00f3 sz\u00e9kek<\/strong> p\u00e9ld\u00e1ul nagyon praktikusak, mert haszn\u00e1laton k\u00edv\u00fcl nem foglalnak helyet. Z\u00f6ld n\u00f6v\u00e9nyeket is \u00fcltethetsz, p\u00e9ld\u00e1ul:<\/p>\n<ul>\n<li>akaszt\u00f3s vir\u00e1gtart\u00f3kba,<\/li>\n<li>f\u00fcgg\u0151leges, falra szerelhet\u0151 \u00fcltet\u0151rendszerekbe,<\/li>\n<\/ul>\n<p>\u00edgy szebb\u00e9 var\u00e1zsolhatod az erk\u00e9lyt an\u00e9lk\u00fcl, hogy a padl\u00f3t telepakoln\u00e1d.<\/p>\n<p>A l\u00e9nyeg: l\u00e9gy kreat\u00edv \u00e9s gondolkodj egyszer\u0171en, k\u00f6lts\u00e9ghat\u00e9konyan. T\u00f6bbc\u00e9l\u00fa b\u00fatorokkal \u00e9s saj\u00e1t k\u00e9sz\u00edt\u00e9s\u0171 t\u00e1rgyakkal k\u00f6nnyed\u00e9n hangulatos, k\u00fcl\u00f6nleges kis helyet teremthetsz mindenf\u00e9le nagy k\u00f6lts\u00e9g n\u00e9lk\u00fcl.<\/p>\n<\/details>\n<details class=\"g-accordion \"><summary><h3>Hogyan tehetem hangulatosabb\u00e1 a kis erk\u00e9lyemet vil\u00e1g\u00edt\u00e1ssal?<\/h3><\/summary>  <\/p>\n<p>A megfelel\u0151 vil\u00e1g\u00edt\u00e1s hangulatos kuck\u00f3v\u00e1 v\u00e1ltoztathatja a legkisebb erk\u00e9lyt is, mik\u00f6zben kiemeli a dekor\u00e1ci\u00f3t. Ha <strong>okos LED-l\u00e1mp\u00e1kat<\/strong> v\u00e1lasztasz, energiahat\u00e9kony m\u00e9cseseket kapsz, r\u00e1ad\u00e1sul k\u00f6nnyen \u00e1ll\u00edthatod a f\u00e9nyer\u0151t hangulatod szerint. A <strong>f\u00e9nyf\u00fcz\u00e9rek<\/strong> vagy <strong>l\u00e1mp\u00e1sok<\/strong> meghitts\u00e9get adnak \u00e9s fantasztikusan mutatnak est\u00e9nk\u00e9nt. A sz\u00f3rt f\u00e9nnyel kiemelhetsz n\u00f6v\u00e9nyeket vagy dekor\u00e1ci\u00f3t, \u00edgy m\u00e9g sz\u00ednesebb lesz a k\u00fclt\u00e9ri t\u00e9r. Ha j\u00f3l v\u00e1logatsz, ezek a vil\u00e1g\u00edt\u00e1sok igaz\u00e1n h\u00edvogat\u00f3v\u00e1 teszik m\u00e9g a legapr\u00f3bb erk\u00e9lyt is.<\/p>\n<\/details>\n<details class=\"g-accordion \"><summary><h3>Hogyan alak\u00edthatok ki erk\u00e9lykertet kis helyen?<\/h3><\/summary>  <\/p>\n<p>Egy erk\u00e9lykert kialak\u00edt\u00e1sakor a legfontosabb, hogy j\u00f3l v\u00e1laszd meg a n\u00f6v\u00e9nyeket, \u00e9s a megl\u00e9v\u0151 helyet maxim\u00e1lisan kihaszn\u00e1ld. Kezdd <strong>f\u0171szern\u00f6v\u00e9nyekkel<\/strong> vagy <strong>pozsg\u00e1sokkal<\/strong>, mert \u0151k j\u00f3l t\u0171rik a kevesebb napf\u00e9nyt, ami \u00e1ltal\u00e1ban egy erk\u00e9lyen van. Haszn\u00e1lj f\u00fcgg\u0151leges fel\u00fcleteket: akaszt\u00f3s kasp\u00f3k vagy t\u00f6bb szintes vir\u00e1gtart\u00f3k seg\u00edts\u00e9g\u00e9vel a padl\u00f3 szabad marad.<\/p>\n<ul>\n<li>Ha szeretn\u00e9l kis z\u00f6lds\u00e9geskertet, v\u00e1lassz kompakt \u00fcltet\u0151ed\u00e9nyeket, ezekben is teremhet n\u00e9h\u00e1ny saj\u00e1t z\u00f6lds\u00e9g vagy f\u0171szern\u00f6v\u00e9ny,<\/li>\n<li>ha van h\u00e1zi kedvenced, csak olyan n\u00f6v\u00e9nyeket \u00fcltess, amelyek nem vesz\u00e9lyesek r\u00e1juk,<\/li>\n<li>egy falra r\u00f6gz\u00edtett n\u00f6v\u00e9nytart\u00f3 amellett, hogy helytakar\u00e9kos, m\u00e9g sz\u00e9p is.<\/li>\n<\/ul>\n<p>Az erk\u00e9ly st\u00edlus\u00e1t is feldobhatod, ha a kasp\u00f3k sz\u00ednben vagy anyagban passzolnak a berendez\u00e9shez. Ink\u00e1bb <strong>k\u00f6nny\u0171 m\u0171anyag vagy m\u0171gyanta kasp\u00f3kat<\/strong> v\u00e1lassz, mert ezeket k\u00f6nny\u0171 \u00faj helyre tenni az \u00e9vszaknak vagy hangulatodnak megfelel\u0151en.<\/p>\n<p>A n\u00f6v\u00e9nyek eg\u00e9szs\u00e9g\u00e9hez fontos a f\u00e9ny. Egy-egy t\u00fckr\u00f6t is betehetsz, \u00edgy a napf\u00e9ny eljut a s\u00f6t\u00e9tebb sarkokba is. Az <strong>\u00f6nt\u00f6z\u0151 rendszerrel ell\u00e1tott vir\u00e1gtart\u00f3k<\/strong> pedig seg\u00edtenek, hogy kevesebbszer kelljen \u00f6nt\u00f6zni a n\u00f6v\u00e9nyeket.<\/p>\n<p>Kis \u00e1tgondol\u00e1ssal \u00e9s p\u00e1r j\u00f3 \u00f6tlettel a legkisebb erk\u00e9lyb\u0151l is lehet egy pazar z\u00f6ld o\u00e1zis, ahol eg\u00e9sz \u00e9vben j\u00f3l \u00e9rzed magad.<\/p>\n<\/details>\n<details class=\"g-accordion \"><summary><h3>Milyen megold\u00e1sok vannak kis erk\u00e9lyen a priv\u00e1t t\u00e9r n\u00f6vel\u00e9s\u00e9re?<\/h3><\/summary>  <\/p>\n<p>Egy kis erk\u00e9lyb\u0151l is k\u00f6nnyen lehet elvonul\u00f3s, kellemes zug, ha okos megold\u00e1sokat haszn\u00e1lsz:<\/p>\n<ul>\n<li>tegy\u00e9l fel f\u00fcgg\u00f6ny\u00f6ket vagy k\u00fclt\u00e9ri textil parav\u00e1nt,<\/li>\n<li>\u00fcltess magas n\u00f6v\u00e9nyeket vagy tegy\u00e9l ki fut\u00f3n\u00f6v\u00e9nyes r\u00e1csot,<\/li>\n<li>\u00e9p\u00edts egy d\u00edszes korl\u00e1tot vagy hamis \u201eerk\u00e9lyl\u00e1d\u00e1t\u201d.<\/li>\n<\/ul>\n<p><strong>Ezek nemcsak, hogy nagyobb priv\u00e1t szf\u00e9r\u00e1t ny\u00fajtanak, hanem meghitt, bar\u00e1ts\u00e1gos hangulatot adnak a pihen\u00e9shez vagy besz\u00e9lget\u00e9sekhez is.<\/strong><\/p>\n<\/details>\n<details class=\"g-accordion \"><summary><h3>Hogyan tehetem szem\u00e9lyesebb\u00e9 a kis erk\u00e9lyem st\u00edlus\u00e1t?<\/h3><\/summary>  <\/p>\n<p>Egy kis erk\u00e9lyb\u0151l val\u00f3ban egyedi, hozz\u00e1d ill\u0151 helyet teremthetsz, ha saj\u00e1t st\u00edlusodra szabod a dekor\u00e1ci\u00f3t. Kezdd \u00f6tletes <strong>k\u00fcl\u00f6nleges k\u00fclt\u00e9ri d\u00edszekkel<\/strong> vagy <strong>k\u00e9zzel k\u00e9sz\u00fclt t\u00e1rgyakkal<\/strong>. Szem\u00e9lyes fot\u00f3k is bar\u00e1ts\u00e1goss\u00e1 teszik a teret. Ha egys\u00e9ges hangulatot szeretn\u00e9l, haszn\u00e1lj <strong>\u00f6sszeill\u0151 sz\u00edneket<\/strong> vagy sz\u00edn\u00f6ssze\u00e1ll\u00edt\u00e1st a kieg\u00e9sz\u00edt\u0151kben. Hangulatos f\u00e9nyeket, p\u00e9ld\u00e1ul <strong>f\u00e9nyf\u00fcz\u00e9reket vagy l\u00e1mp\u00e1sokat<\/strong> is tehetsz ki, hogy a balkon mindig meghitt legyen. Ezekkel az apr\u00f3 \u00f6tletekkel otthonos, bar\u00e1ts\u00e1gos \u00e9s szem\u00e9lyes kuck\u00f3t var\u00e1zsolhatsz az erk\u00e9lyedb\u0151l, ahol j\u00f3 le\u00fclni, pihenni vagy csak n\u00e9zel\u0151dni.<\/p>\n<\/details>\n","protected":false},"excerpt":{"rendered":"<p>Egy kis erk\u00e9lyt st\u00edlusos pihen\u0151helly\u00e9 alak\u00edtani nem a m\u00e9reten m\u00falik\u2014csak egy kis kreativit\u00e1sra \u00e9s okos tervez\u00e9sre van sz\u00fcks\u00e9g. Ha tudatosan tervezel, a legpar\u00e1nyibb k\u00fclt\u00e9ri ter\u00fcletek is lehetnek olyan mened\u00e9kek, amelyek b\u0151v\u00edtik az otthonod ter\u00e9t, \u00e9s t\u00f6k\u00e9letes helyet biztos\u00edtanak a kikapcsol\u00f3d\u00e1shoz. A l\u00e9nyeg, hogy minden n\u00e9gyzetcentim\u00e9tert kihaszn\u00e1lj: \u00fcltess vertik\u00e1lis kerteket, v\u00e1lassz helytakar\u00e9kos b\u00fatorokat \u00e9s t\u00f6bbfunkci\u00f3s darabokat. Id\u0151j\u00e1r\u00e1s\u00e1ll\u00f3 \u00f6sszecsukhat\u00f3 sz\u00e9kek, fa b\u00e1rasztalok,&hellip;<\/p>\n","protected":false},"author":12,"featured_media":6462,"comment_status":"closed","ping_status":"closed","sticky":false,"template":"","format":"standard","meta":{"rank_math_focus_keyword":"kis erk\u00e9ly diz\u00e1jn","rank_math_title":"Kiv\u00e1l\u00f3 kis erk\u00e9ly design \u00f6tletek modern \u00e9letst\u00edlushoz","rank_math_description":"Fedezd fel a kreat\u00edv kis erk\u00e9ly berendez\u00e9si \u00f6tleteket, amelyekkel maximaliz\u00e1lhatod a teret \u00e9s a st\u00edlust a k\u00fclt\u00e9ri \u00e9letteredben. T\u00f6k\u00e9letes v\u00e1roslak\u00f3knak!","footnotes":""},"categories":[141],"tags":[],"class_list":["post-6673","post","type-post","status-publish","format-standard","has-post-thumbnail","hentry","category-kulteri-dekoraciok"],"g_custom_schema_json":"<script type=\"application\/ld+json\">\n{\n  \"@context\": \"https:\/\/schema.org\",\n  \"@type\": \"FAQPage\",\n  \"mainEntity\": [\n    {\n      \"@type\": \"Question\",\n      \"name\": \"Milyen st\u00edlusos \u00f6tletek vannak kis erk\u00e9lyek berendez\u00e9s\u00e9hez?\",\n      \"acceptedAnswer\": {\n        \"@type\": \"Answer\",\n        \"text\": \"Egy apr\u00f3 erk\u00e9lyt is igazi hangulatos mened\u00e9kk\u00e9 var\u00e1zsolhatsz n\u00e9mi lelem\u00e9nyess\u00e9ggel. Ha j\u00f3l \u00e1tgondolod az elrendez\u00e9st, a kis helyb\u0151l is a legt\u00f6bbet hozhatod ki \u2013 \u00edgy nemcsak k\u00e9nyelmes, de sz\u00e9p is lesz a k\u00f6rnyezeted. Vertik\u00e1lis kerteket, harmoniz\u00e1l\u00f3 sz\u00edneket \u00e9s f\u00e9nyf\u00fcz\u00e9reket is haszn\u00e1lhatsz.\"\n      }\n    },\n    {\n      \"@type\": \"Question\",\n      \"name\": \"Hogyan haszn\u00e1lhatod ki legjobban a helyet a nagyon kicsi erk\u00e9lyeken?\",\n      \"acceptedAnswer\": {\n        \"@type\": \"Answer\",\n        \"text\": \"Ha szeretn\u00e9d kihozni a legt\u00f6bbet a kis erk\u00e9lyedb\u0151l, f\u00f3kusz\u00e1lj az okos t\u00e1rol\u00e1si megold\u00e1sokra \u00e9s a sokoldal\u00fa b\u00fatorokra. J\u00f3 v\u00e1laszt\u00e1s p\u00e9ld\u00e1ul az \u00f6sszecsukhat\u00f3 sz\u00e9k vagy asztal, amit gyorsan elpakolhatsz. F\u00fcgg\u0151leges t\u00e1rol\u00e1st is bevethetsz polcokkal, mik\u00f6zben a padl\u00f3d szabad marad.\"\n      }\n    },\n    {\n      \"@type\": \"Question\",\n      \"name\": \"Milyen b\u00fatorokat \u00e9rdemes v\u00e1lasztani egy kis erk\u00e9lyre?\",\n      \"acceptedAnswer\": {\n        \"@type\": \"Answer\",\n        \"text\": \"Ha kis erk\u00e9lyre v\u00e1lasztasz b\u00fatorokat, mindenk\u00e9pp id\u0151j\u00e1r\u00e1s\u00e1ll\u00f3 darabokat keress, amelyek j\u00f3l b\u00edrj\u00e1k a szabadban. Kis helyen is elf\u00e9r\u0151 \u00fcl\u0151alkalmatoss\u00e1g, p\u00e9ld\u00e1ul egy pihen\u0151fotel vagy lehajthat\u00f3 sz\u00e9k k\u00e9nyelmes \u00e9s rugalmas megold\u00e1s lehet. V\u00e1lassz helytakar\u00e9kos k\u00fclt\u00e9ri \u00e9tkez\u0151szettet, vagy \u00f6sszecsukhat\u00f3 sz\u00e9keket \u00e9s asztalokat.\"\n      }\n    },\n    {\n      \"@type\": \"Question\",\n      \"name\": \"Milyen padl\u00f3burkolat j\u00f3 egy kis erk\u00e9lyre?\",\n      \"acceptedAnswer\": {\n        \"@type\": \"Answer\",\n        \"text\": \"Ha j\u00f3l v\u00e1lasztod meg az erk\u00e9ly padl\u00f3j\u00e1t, az sokat dobhat a k\u00fclsej\u00e9n \u00e9s a haszn\u00e1lhat\u00f3s\u00e1g\u00e1n. A k\u00fclt\u00e9ri j\u00e1r\u00f3lapok tart\u00f3s \u00e9s mutat\u00f3s megold\u00e1sok, sokf\u00e9le mint\u00e1ban kaphat\u00f3k. Extra melegs\u00e9ghez k\u00fclt\u00e9ri sz\u0151nyeget is tehetsz le.\"\n      }\n    },\n    {\n      \"@type\": \"Question\",\n      \"name\": \"Hogyan tudom a legt\u00f6bbet kihozni a t\u00e1rol\u00e1sb\u00f3l egy kis erk\u00e9lyen?\",\n      \"acceptedAnswer\": {\n        \"@type\": \"Answer\",\n        \"text\": \"Egy apr\u00f3 erk\u00e9ly t\u00e1rol\u00e1si lehet\u0151s\u00e9geit legjobban \u00fagy haszn\u00e1lhatod ki, ha \u00fcgyesen \u00e9s praktikusan tervezzed meg a teret. Haszn\u00e1lj k\u00fclt\u00e9ri t\u00e1rol\u00f3dobozokat, szerelj fel polcokat, gondolkodj pad alatti t\u00e1rol\u00e1sban, \u00e9s akassz fel vir\u00e1gtart\u00f3kat.\"\n      }\n    },\n    {\n      \"@type\": \"Question\",\n      \"name\": \"Hogyan dekor\u00e1ljam a kis erk\u00e9lyemet olcs\u00f3n?\",\n      \"acceptedAnswer\": {\n        \"@type\": \"Answer\",\n        \"text\": \"Egy kicsi erk\u00e9lyb\u0151l is meghitt kuck\u00f3t var\u00e1zsolhatsz, \u00e9s ehhez nem kell sokat k\u00f6ltened. Kezdd saj\u00e1t k\u00e9sz\u00edt\u00e9s\u0171 dekor\u00e1ci\u00f3s \u00f6tletekkel, p\u00e9ld\u00e1ul r\u00e9gi b\u00fatorok \u00e1talak\u00edt\u00e1s\u00e1val vagy k\u00e9zzel k\u00e9sz\u00edtett vir\u00e1gtart\u00f3kkal. V\u00e1lassz olcs\u00f3, de l\u00e1tv\u00e1nyos kieg\u00e9sz\u00edt\u0151ket \u00e9s z\u00f6ld n\u00f6v\u00e9nyeket.\"\n      }\n    },\n    {\n      \"@type\": \"Question\",\n      \"name\": \"Hogyan tehetem hangulatosabb\u00e1 a kis erk\u00e9lyemet vil\u00e1g\u00edt\u00e1ssal?\",\n      \"acceptedAnswer\": {\n        \"@type\": \"Answer\",\n        \"text\": \"A megfelel\u0151 vil\u00e1g\u00edt\u00e1s hangulatos kuck\u00f3v\u00e1 v\u00e1ltoztathatja a legkisebb erk\u00e9lyt is. Okos LED-l\u00e1mp\u00e1kkal energiahat\u00e9konyan vil\u00e1g\u00edthatsz, f\u00e9nyf\u00fcz\u00e9rek vagy l\u00e1mp\u00e1sok pedig meghitts\u00e9get adnak. A sz\u00f3rt f\u00e9ny kiemeli a n\u00f6v\u00e9nyeket vagy dekor\u00e1ci\u00f3t.\"\n      }\n    },\n    {\n      \"@type\": \"Question\",\n      \"name\": \"Hogyan alak\u00edthatok ki erk\u00e9lykertet kis helyen?\",\n      \"acceptedAnswer\": {\n        \"@type\": \"Answer\",\n        \"text\": \"Egy erk\u00e9lykert kialak\u00edt\u00e1sakor a legfontosabb, hogy j\u00f3l v\u00e1laszd meg a n\u00f6v\u00e9nyeket, \u00e9s a megl\u00e9v\u0151 helyet maxim\u00e1lisan kihaszn\u00e1ld. Kezdd f\u0171szern\u00f6v\u00e9nyekkel vagy pozsg\u00e1sokkal, \u00e9s haszn\u00e1lj f\u00fcgg\u0151leges fel\u00fcleteket akaszt\u00f3s kasp\u00f3khoz. A kasp\u00f3k sz\u00ednben vagy anyagban passzoljanak a berendez\u00e9shez.\"\n      }\n    },\n    {\n      \"@type\": \"Question\",\n      \"name\": \"Milyen megold\u00e1sok vannak kis erk\u00e9lyen a priv\u00e1t t\u00e9r n\u00f6vel\u00e9s\u00e9re?\",\n      \"acceptedAnswer\": {\n        \"@type\": \"Answer\",\n        \"text\": \"Egy kis erk\u00e9lyb\u0151l is k\u00f6nnyen lehet elvonul\u00f3s, kellemes zug, ha okos megold\u00e1sokat haszn\u00e1lsz. Tegy\u00e9l fel f\u00fcgg\u00f6ny\u00f6ket vagy k\u00fclt\u00e9ri textil parav\u00e1nt, \u00fcltess magas n\u00f6v\u00e9nyeket, vagy \u00e9p\u00edts egy d\u00edszes korl\u00e1tot. Ezek meghitt, bar\u00e1ts\u00e1gos hangulatot is adnak.\"\n      }\n    },\n    {\n      \"@type\": \"Question\",\n      \"name\": \"Hogyan tehetem szem\u00e9lyesebb\u00e9 a kis erk\u00e9lyem st\u00edlus\u00e1t?\",\n      \"acceptedAnswer\": {\n        \"@type\": \"Answer\",\n        \"text\": \"Egy kis erk\u00e9lyb\u0151l val\u00f3ban egyedi, hozz\u00e1d ill\u0151 helyet teremthetsz, ha saj\u00e1t st\u00edlusodra szabod a dekor\u00e1ci\u00f3t. Kezdd k\u00fcl\u00f6nleges k\u00fclt\u00e9ri d\u00edszekkel vagy k\u00e9zzel k\u00e9sz\u00fclt t\u00e1rgyakkal, haszn\u00e1lj \u00f6sszeill\u0151 sz\u00edneket, \u00e9s tegy\u00e9l ki f\u00e9nyf\u00fcz\u00e9reket. Szem\u00e9lyes fot\u00f3k is bar\u00e1ts\u00e1goss\u00e1 teszik a teret.\"\n      }\n    }\n  ]\n}\n<\/script>\n<script type=\"application\/ld+json\">\n{\n  \"@context\": \"https:\/\/schema.org\",\n  \"@type\": \"HowTo\",\n  \"name\": \"Kis erk\u00e9ly st\u00edlusos pihen\u0151helly\u00e9 alak\u00edt\u00e1sa\",\n  \"description\": \"Ismerd meg, hogyan alak\u00edthatod \u00e1t kis erk\u00e9lyedet st\u00edlusos \u00e9s funkcion\u00e1lis pihen\u0151helly\u00e9, kihaszn\u00e1lva minden n\u00e9gyzetcentim\u00e9tert helytakar\u00e9kos b\u00fatorokkal, vertik\u00e1lis kertekkel \u00e9s hangulatos dekor\u00e1ci\u00f3val.\",\n  \"image\": [\n    \"https:\/\/doubletakedecor.com\/uploads\/2025\/08\/small-balcony-design-dtd-01.jpg\",\n    \"https:\/\/doubletakedecor.com\/uploads\/2025\/08\/small-balcony-design-dtd-02.jpg\",\n    \"https:\/\/doubletakedecor.com\/uploads\/2025\/08\/small-balcony-design-dtd-03.jpg\"\n  ],\n  \"totalTime\": \"PT1H\",\n  \"supply\": [\n    {\n      \"@type\": \"HowToSupply\",\n      \"name\": \"Helytakar\u00e9kos, id\u0151j\u00e1r\u00e1s\u00e1ll\u00f3 b\u00fatorok\"\n    },\n    {\n      \"@type\": \"HowToSupply\",\n      \"name\": \"Vertik\u00e1lis n\u00f6v\u00e9nytart\u00f3k vagy kasp\u00f3k\"\n    },\n    {\n      \"@type\": \"HowToSupply\",\n      \"name\": \"K\u00fclt\u00e9ri sz\u0151nyeg\"\n    },\n    {\n      \"@type\": \"HowToSupply\",\n      \"name\": \"F\u00e9nyf\u00fcz\u00e9r, LED-l\u00e1mp\u00e1k\"\n    },\n    {\n      \"@type\": \"HowToSupply\",\n      \"name\": \"Dekorat\u00edv p\u00e1rn\u00e1k \u00e9s takar\u00f3k\"\n    },\n    {\n      \"@type\": \"HowToSupply\",\n      \"name\": \"T\u00e1rol\u00f3dobozok, polcok\"\n    }\n  ],\n  \"tool\": [\n    {\n      \"@type\": \"HowToTool\",\n      \"name\": \"Csavarh\u00faz\u00f3\"\n    },\n    {\n      \"@type\": \"HowToTool\",\n      \"name\": \"Kalap\u00e1cs\"\n    },\n    {\n      \"@type\": \"HowToTool\",\n      \"name\": \"F\u00far\u00f3\"\n    }\n  ],\n  \"step\": [\n    {\n      \"@type\": \"HowToStep\",\n      \"name\": \"Tervezz tudatosan\",\n      \"text\": \"M\u00e9rd fel az erk\u00e9ly m\u00e9ret\u00e9t, gondold \u00e1t, mire szeretn\u00e9d haszn\u00e1lni (pihen\u00e9s, \u00e9tkez\u00e9s, n\u00f6v\u00e9nyek). K\u00e9sz\u00edts list\u00e1t a sz\u00fcks\u00e9ges funkci\u00f3kr\u00f3l, pl. \u00fcl\u0151hely, t\u00e1rol\u00e1s.\",\n      \"image\": \"https:\/\/doubletakedecor.com\/uploads\/2025\/08\/small-balcony-design-dtd-01.jpg\"\n    },\n    {\n      \"@type\": \"HowToStep\",\n      \"name\": \"B\u00fatorv\u00e1laszt\u00e1s \u00e9s elhelyez\u00e9s\",\n      \"text\": \"V\u00e1lassz id\u0151j\u00e1r\u00e1s\u00e1ll\u00f3, \u00f6sszecsukhat\u00f3 vagy t\u00f6bbfunkci\u00f3s b\u00fatorokat. Helyezd el \u0151ket \u00fagy, hogy szabadon maradjon az \u00e1tj\u00e1r\u00e1s, p\u00e9ld\u00e1ul sarok\u00fcl\u0151 vagy b\u00e1rasztal haszn\u00e1lat\u00e1val.\",\n      \"image\": \"https:\/\/doubletakedecor.com\/uploads\/2025\/08\/small-balcony-design-dtd-02.jpg\"\n    },\n    {\n      \"@type\": \"HowToStep\",\n      \"name\": \"T\u00e1rol\u00e1s kialak\u00edt\u00e1sa\",\n      \"text\": \"Haszn\u00e1lj t\u00e1rol\u00f3dobozokat, polcokat, vagy b\u00fatorokat rejtett t\u00e1rol\u00f3val. F\u00fcgg\u0151leges t\u00e1rol\u00e1st is v\u00e1laszthatsz, hogy a padl\u00f3t ne zs\u00fafold t\u00fal.\",\n      \"image\": \"https:\/\/doubletakedecor.com\/uploads\/2025\/08\/small-balcony-design-dtd-09.jpg\"\n    },\n    {\n      \"@type\": \"HowToStep\",\n      \"name\": \"N\u00f6v\u00e9nyek \u00e9s z\u00f6ld\u00edt\u00e9s\",\n      \"text\": \"Alak\u00edts ki vertik\u00e1lis kertet falra szerelhet\u0151 kasp\u00f3kkal, akassz f\u00fcgg\u0151 n\u00f6v\u00e9nyeket a korl\u00e1tra vagy polcokra. V\u00e1lassz k\u00f6nnyen gondozhat\u00f3 n\u00f6v\u00e9nyeket.\",\n      \"image\": \"https:\/\/doubletakedecor.com\/uploads\/2025\/08\/small-balcony-design-dtd-18.jpg\"\n    },\n    {\n      \"@type\": \"HowToStep\",\n      \"name\": \"Hangulatvil\u00e1g\u00edt\u00e1s elhelyez\u00e9se\",\n      \"text\": \"Szerelj fel f\u00e9nyf\u00fcz\u00e9rt, LED-l\u00e1mp\u00e1kat vagy l\u00e1mp\u00e1sokat az esti hangulat\u00e9rt. Helyezz el m\u00e9cseseket vagy napelemes vil\u00e1g\u00edt\u00e1st is.\",\n      \"image\": \"https:\/\/doubletakedecor.com\/uploads\/2025\/08\/small-balcony-design-dtd-03.jpg\"\n    },\n    {\n      \"@type\": \"HowToStep\",\n      \"name\": \"Dekor\u00e1ci\u00f3 \u00e9s szem\u00e9lyes st\u00edlus\",\n      \"text\": \"Haszn\u00e1lj k\u00fclt\u00e9ri sz\u0151nyeget, p\u00e1rn\u00e1kat, \u00e9s saj\u00e1t k\u00e9sz\u00edt\u00e9s\u0171 dekor\u00e1ci\u00f3kat. V\u00e1lassz sz\u00edneket, amelyek harmoniz\u00e1lnak az otthonoddal. Helyezz el textil t\u00e9relv\u00e1laszt\u00f3t vagy magas n\u00f6v\u00e9nyeket, ha priv\u00e1t z\u00f3n\u00e1t szeretn\u00e9l.\",\n      \"image\": \"https:\/\/doubletakedecor.com\/uploads\/2025\/08\/small-balcony-design-dtd-25.jpg\"\n    }\n  ]\n}\n<\/script>\n","_links":{"self":[{"href":"https:\/\/doubletakedecor.com\/hu\/wp-json\/wp\/v2\/posts\/6673","targetHints":{"allow":["GET"]}}],"collection":[{"href":"https:\/\/doubletakedecor.com\/hu\/wp-json\/wp\/v2\/posts"}],"about":[{"href":"https:\/\/doubletakedecor.com\/hu\/wp-json\/wp\/v2\/types\/post"}],"author":[{"embeddable":true,"href":"https:\/\/doubletakedecor.com\/hu\/wp-json\/wp\/v2\/users\/12"}],"replies":[{"embeddable":true,"href":"https:\/\/doubletakedecor.com\/hu\/wp-json\/wp\/v2\/comments?post=6673"}],"version-history":[{"count":1,"href":"https:\/\/doubletakedecor.com\/hu\/wp-json\/wp\/v2\/posts\/6673\/revisions"}],"predecessor-version":[{"id":6674,"href":"https:\/\/doubletakedecor.com\/hu\/wp-json\/wp\/v2\/posts\/6673\/revisions\/6674"}],"wp:featuredmedia":[{"embeddable":true,"href":"https:\/\/doubletakedecor.com\/hu\/wp-json\/wp\/v2\/media\/6462"}],"wp:attachment":[{"href":"https:\/\/doubletakedecor.com\/hu\/wp-json\/wp\/v2\/media?parent=6673"}],"wp:term":[{"taxonomy":"category","embeddable":true,"href":"https:\/\/doubletakedecor.com\/hu\/wp-json\/wp\/v2\/categories?post=6673"},{"taxonomy":"post_tag","embeddable":true,"href":"https:\/\/doubletakedecor.com\/hu\/wp-json\/wp\/v2\/tags?post=6673"}],"curies":[{"name":"wp","href":"https:\/\/api.w.org\/{rel}","templated":true}]}}