{"id":6675,"date":"2025-08-25T00:58:01","date_gmt":"2025-08-24T22:58:01","guid":{"rendered":"https:\/\/doubletakedecor.com\/konyha\/konyhai-munkalap-dekoracio-otletek\/"},"modified":"2025-08-25T03:28:42","modified_gmt":"2025-08-25T01:28:42","slug":"konyhai-munkalap-dekoracio-otletek","status":"publish","type":"post","link":"https:\/\/doubletakedecor.com\/hu\/konyha\/konyhai-munkalap-dekoracio-otletek\/","title":{"rendered":"Innovat\u00edv konyhai munkalap dekor\u00e1ci\u00f3 \u00f6tletek a t\u00e9r \u00e1talak\u00edt\u00e1s\u00e1hoz"},"content":{"rendered":"<p>Ha rendet teremtesz a konyhapulton, az nemcsak praktikus, de st\u00edlusos is lehet. Fontos, hogy megtal\u00e1ld az egyens\u00falyt a hasznoss\u00e1g \u00e9s a sz\u00e9p megjelen\u00e9s k\u00f6z\u00f6tt. Egy kis odafigyel\u00e9ssel a mindennapi fel\u00fcletekb\u0151l olyan teret alak\u00edthatsz ki, ami t\u00fckr\u00f6zi a szem\u00e9lyis\u00e9gedet, mik\u00f6zben k\u00f6nnyen haszn\u00e1lhat\u00f3 marad.<\/p>\n<p>Egy d\u00edszes t\u00e1lca seg\u00edt rendezetten tartani a legfontosabb dolgokat, \u00e9s k\u00f6zben eleg\u00e1nsabb\u00e1 teszi a konyhapultot. A friss vir\u00e1gok \u00e9l\u00e9nk sz\u00edneket, \u00e9letet \u00e9s term\u00e9szetess\u00e9get visznek a helyis\u00e9gbe. Ha k\u00fcl\u00f6nb\u00f6z\u0151 magass\u00e1g\u00fa \u00e9s text\u00far\u00e1j\u00fa t\u00e1rgyakat teszel egym\u00e1s mell\u00e9, az izgalmasabb\u00e1 teszi a l\u00e1tv\u00e1nyt \u2014 p\u00e9ld\u00e1ul n\u00e9h\u00e1ny egym\u00e1sra rakott szak\u00e1csk\u00f6nyv, sz\u00e9pen fel\u00e1ll\u00edtott v\u00e1g\u00f3deszk\u00e1k, vagy olyan t\u00e1lc\u00e1k, amik t\u00f6bb szintet is haszn\u00e1lnak ki.<\/p>\n<p>A modern konyh\u00e1kban a letisztult vonalak \u00e9s kev\u00e9s d\u00edsz\u00edt\u00e9s sz\u00e1m\u00edt men\u0151nek. Olyan anyagok, mint a rozsdamentes ac\u00e9l vagy a kvarc, j\u00f3l illenek az egyszer\u0171, eleg\u00e1ns dekor\u00e1ci\u00f3hoz. Ugyanakkor a \u201emodern farmh\u00e1z\u201d st\u00edlus \u00f6tv\u00f6zi a rusztikus fahat\u00e1sokat a modern megold\u00e1sokkal \u2013 \u00edgy lesz bar\u00e1ts\u00e1gos, otthonos hangulata a konyh\u00e1nak.<\/p>\n<p>Szem\u00e9lyes d\u00edszek teszik igaz\u00e1n k\u00fcl\u00f6nlegess\u00e9 a konyh\u00e1t \u2013 ilyen lehet egy csal\u00e1di ereklye, saj\u00e1t k\u00e9sz\u00edt\u00e9s\u0171 d\u00edszt\u00e1rgy, vagy ak\u00e1r \u00e9vszakhoz ill\u0151 \u00fajdons\u00e1g, ami frissess\u00e9get hoz a t\u00e9rbe. M\u00e9g a v\u00e1g\u00f3deszk\u00e1k vagy a konyhai eszk\u00f6z\u00f6k is lehetnek mutat\u00f3s d\u00edszek, ha j\u00f3l rendezed \u0151ket.<\/p>\n<p>Egy egys\u00e9ges sz\u00ednvil\u00e1g \u00e9s \u00f6tletes (ak\u00e1r rejtett) t\u00e1rol\u00f3k seg\u00edtenek abban, hogy a pult mind sz\u00e9p, mind praktikus maradjon \u2013 \u00edgy a f\u0151z\u00e9s \u00e9s a k\u00f6z\u00f6s ottl\u00e9t m\u00e9g kellemesebb lesz sz\u00e1modra.<\/p>\n<div class=\"kt_block\" id=\"kt_id\">\n<span class=\"kt_headline\">\u00d6sszefoglalva<\/span><\/p>\n<ul class=\"kt_post_list\">\n<li><strong>\ud83c\udf3f Kiegyens\u00falyozott funkci\u00f3 \u00e9s st\u00edlus:<\/strong> A konyhapult lehet egyszerre hasznos \u00e9s l\u00e1tv\u00e1nyos, ha olyan d\u00edszeket v\u00e1lasztasz, amik illenek hozz\u00e1d \u00e9s a konyh\u00e1hoz is.<\/li>\n<li><strong>\ud83c\udf38 Term\u00e9szetes \u00e9s \u00e9vszakhoz ill\u0151 d\u00edsz\u00edt\u00e9s:<\/strong> A friss vir\u00e1gok \u00e9s nat\u00far anyagok sz\u00ednt \u00e9s \u00fcdes\u00e9get hoznak a konyh\u00e1ba. Az \u00e9vszak szerint k\u00f6nnyen cser\u00e9lheted ezeket az elemeket.<\/li>\n<li><strong>\ud83d\udcd0 Magass\u00e1g \u00e9s text\u00fara j\u00e1t\u00e9ka:<\/strong> Tegy\u00e9l a pultra k\u00fcl\u00f6nb\u00f6z\u0151 magass\u00e1g\u00fa \u00e9s anyag\u00fa t\u00e1rgyakat \u2013 p\u00e9ld\u00e1ul egym\u00e1sra rakott k\u00f6nyveket, emeletes t\u00e1lc\u00e1kat, vagy sz\u00e9p v\u00e1g\u00f3deszk\u00e1kat \u2013, hogy izgalmasabb legyen a megjelen\u00e9s, \u00e9s okosabban haszn\u00e1ld ki a helyet.<\/li>\n<li><strong>\ud83c\udfe1 Egyedi \u00f6tletek \u00e9s egys\u00e9gess\u00e9g:<\/strong> Haszn\u00e1lj szem\u00e9lyes d\u00edszeket, p\u00e9ld\u00e1ul csal\u00e1di eml\u00e9keket vagy saj\u00e1t k\u00e9sz\u00edt\u00e9s\u0171 darabokat. Figyelj a sz\u00ednek egys\u00e9gess\u00e9g\u00e9re, hogy bar\u00e1ts\u00e1gos \u00e9s letisztult legyen a t\u00e9r.<\/li>\n<\/ul>\n<\/div>\n<h2>Napraforg\u00f3s asztald\u00edsz m\u00e1rv\u00e1nylapon<\/h2>\n<p><img loading=\"lazy\" decoding=\"async\" width=\"700\" height=\"1050\" alt=\"Napraforg\u00f3 csokor m\u00e1rv\u00e1nyasztalon, nyitott fa polcokkal, t\u00fcrkizk\u00e9k falakkal \u00e9s narancss\u00e1rga sz\u00e9kekkel meleg hangulat\u00fa konyh\u00e1ban.\" class=\"aligncenter size-full wp-image-6467\" src=\"https:\/\/doubletakedecor.com\/uploads\/2025\/08\/kitchen-countertop-decor-ideas-dtd-01.jpg\" srcset=\"https:\/\/doubletakedecor.com\/uploads\/2025\/08\/kitchen-countertop-decor-ideas-dtd-01.jpg 700w, https:\/\/doubletakedecor.com\/uploads\/2025\/08\/kitchen-countertop-decor-ideas-dtd-01-200x300.jpg 200w, https:\/\/doubletakedecor.com\/uploads\/2025\/08\/kitchen-countertop-decor-ideas-dtd-01-683x1024.jpg 683w, https:\/\/doubletakedecor.com\/uploads\/2025\/08\/kitchen-countertop-decor-ideas-dtd-01-96x144.jpg 96w, https:\/\/doubletakedecor.com\/uploads\/2025\/08\/kitchen-countertop-decor-ideas-dtd-01-280x420.jpg 280w, https:\/\/doubletakedecor.com\/uploads\/2025\/08\/kitchen-countertop-decor-ideas-dtd-01-320x480.jpg 320w, https:\/\/doubletakedecor.com\/uploads\/2025\/08\/kitchen-countertop-decor-ideas-dtd-01-360x540.jpg 360w, https:\/\/doubletakedecor.com\/uploads\/2025\/08\/kitchen-countertop-decor-ideas-dtd-01-363x545.jpg 363w, https:\/\/doubletakedecor.com\/uploads\/2025\/08\/kitchen-countertop-decor-ideas-dtd-01-370x555.jpg 370w, https:\/\/doubletakedecor.com\/uploads\/2025\/08\/kitchen-countertop-decor-ideas-dtd-01-400x600.jpg 400w, https:\/\/doubletakedecor.com\/uploads\/2025\/08\/kitchen-countertop-decor-ideas-dtd-01-560x840.jpg 560w, https:\/\/doubletakedecor.com\/uploads\/2025\/08\/kitchen-countertop-decor-ideas-dtd-01-480x720.jpg 480w\" sizes=\"auto, (max-width: 700px) 100vw, 700px\" \/><\/p>\n<p>Dobd fel konyh\u00e1dat egy ragyog\u00f3 napraforg\u00f3-csokorral, amit \u00fcveg v\u00e1z\u00e1ba \u00e1ll\u00edtasz a m\u00e1rv\u00e1ny konyhapultra. A felt\u0171n\u0151 vir\u00e1gok vid\u00e1m k\u00f6z\u00e9ppontot teremtenek, j\u00f3l passzolnak a fa polcokhoz \u00e9s sz\u00ednes kieg\u00e9sz\u00edt\u0151kh\u00f6z. Haszn\u00e1lj id\u0151szaki vir\u00e1gokat, hogy olcs\u00f3n, m\u00e9gis l\u00e1tv\u00e1nyosan friss\u00edtsd a teret, \u00e9s \u00e1ll\u00edtsd \u0151ket napf\u00e9ny k\u00f6zel\u00e9be, hogy m\u00e9g szebben mutassanak.<\/p>\n<h2>Feh\u00e9r konyha m\u00e1rv\u00e1ny szigettel<\/h2>\n<p><img loading=\"lazy\" decoding=\"async\" width=\"700\" height=\"1050\" alt=\"Vil\u00e1gos konyha feh\u00e9r szekr\u00e9nyekkel, sz\u00fcrke sziget m\u00e1rv\u00e1nypulttal \u00e9s h\u00e1rom fa b\u00e1rsz\u00e9kkel a bar\u00e1ts\u00e1gos \u00e9tkez\u00e9shez.\" class=\"aligncenter size-full wp-image-6473\" src=\"https:\/\/doubletakedecor.com\/uploads\/2025\/08\/kitchen-countertop-decor-ideas-dtd-02.jpg\" srcset=\"https:\/\/doubletakedecor.com\/uploads\/2025\/08\/kitchen-countertop-decor-ideas-dtd-02.jpg 700w, https:\/\/doubletakedecor.com\/uploads\/2025\/08\/kitchen-countertop-decor-ideas-dtd-02-200x300.jpg 200w, https:\/\/doubletakedecor.com\/uploads\/2025\/08\/kitchen-countertop-decor-ideas-dtd-02-683x1024.jpg 683w, https:\/\/doubletakedecor.com\/uploads\/2025\/08\/kitchen-countertop-decor-ideas-dtd-02-96x144.jpg 96w, https:\/\/doubletakedecor.com\/uploads\/2025\/08\/kitchen-countertop-decor-ideas-dtd-02-280x420.jpg 280w, https:\/\/doubletakedecor.com\/uploads\/2025\/08\/kitchen-countertop-decor-ideas-dtd-02-320x480.jpg 320w, https:\/\/doubletakedecor.com\/uploads\/2025\/08\/kitchen-countertop-decor-ideas-dtd-02-360x540.jpg 360w, https:\/\/doubletakedecor.com\/uploads\/2025\/08\/kitchen-countertop-decor-ideas-dtd-02-363x545.jpg 363w, https:\/\/doubletakedecor.com\/uploads\/2025\/08\/kitchen-countertop-decor-ideas-dtd-02-370x555.jpg 370w, https:\/\/doubletakedecor.com\/uploads\/2025\/08\/kitchen-countertop-decor-ideas-dtd-02-400x600.jpg 400w, https:\/\/doubletakedecor.com\/uploads\/2025\/08\/kitchen-countertop-decor-ideas-dtd-02-560x840.jpg 560w, https:\/\/doubletakedecor.com\/uploads\/2025\/08\/kitchen-countertop-decor-ideas-dtd-02-480x720.jpg 480w\" sizes=\"auto, (max-width: 700px) 100vw, 700px\" \/><\/p>\n<p>Meleget vihetsz a modern feh\u00e9r szekr\u00e9nyes konyh\u00e1ba fa b\u00e1rsz\u00e9kekkel \u00e9s \u00e9l\u00e9nk napraforg\u00f3kkal. Ha a pult nagyr\u00e9szt \u00fcres, de n\u00e9h\u00e1ny tudatosan kiv\u00e1lasztott dekor\u00e1ci\u00f3t elhelyezel rajta, a v\u00e9geredm\u00e9ny rendezett \u00e9s h\u00edvogat\u00f3 lesz. T\u00e9gy a konyhasziget k\u00f6zep\u00e9re egy csokor friss vir\u00e1got vagy cserepes f\u0171szern\u00f6v\u00e9nyt, hogy sz\u00e9p \u00e9s praktikus f\u00f3kuszpontot kapj.<\/p>\n<h2>Nyitott polcok feh\u00e9r t\u00e1ny\u00e9rokkal<\/h2>\n<p><img loading=\"lazy\" decoding=\"async\" width=\"700\" height=\"1050\" alt=\"Modern konyha feh\u00e9r szekr\u00e9nyekkel, s\u00f6t\u00e9t gr\u00e1nitpulttal, nyitott f\u00e9mpolcokon t\u00e1lak \u00e9s friss vir\u00e1gd\u00edsz\u00edt\u00e9s\" class=\"aligncenter size-full wp-image-6479\" src=\"https:\/\/doubletakedecor.com\/uploads\/2025\/08\/kitchen-countertop-decor-ideas-dtd-03.jpg\" srcset=\"https:\/\/doubletakedecor.com\/uploads\/2025\/08\/kitchen-countertop-decor-ideas-dtd-03.jpg 700w, https:\/\/doubletakedecor.com\/uploads\/2025\/08\/kitchen-countertop-decor-ideas-dtd-03-200x300.jpg 200w, https:\/\/doubletakedecor.com\/uploads\/2025\/08\/kitchen-countertop-decor-ideas-dtd-03-683x1024.jpg 683w, https:\/\/doubletakedecor.com\/uploads\/2025\/08\/kitchen-countertop-decor-ideas-dtd-03-96x144.jpg 96w, https:\/\/doubletakedecor.com\/uploads\/2025\/08\/kitchen-countertop-decor-ideas-dtd-03-280x420.jpg 280w, https:\/\/doubletakedecor.com\/uploads\/2025\/08\/kitchen-countertop-decor-ideas-dtd-03-320x480.jpg 320w, https:\/\/doubletakedecor.com\/uploads\/2025\/08\/kitchen-countertop-decor-ideas-dtd-03-360x540.jpg 360w, https:\/\/doubletakedecor.com\/uploads\/2025\/08\/kitchen-countertop-decor-ideas-dtd-03-363x545.jpg 363w, https:\/\/doubletakedecor.com\/uploads\/2025\/08\/kitchen-countertop-decor-ideas-dtd-03-370x555.jpg 370w, https:\/\/doubletakedecor.com\/uploads\/2025\/08\/kitchen-countertop-decor-ideas-dtd-03-400x600.jpg 400w, https:\/\/doubletakedecor.com\/uploads\/2025\/08\/kitchen-countertop-decor-ideas-dtd-03-560x840.jpg 560w, https:\/\/doubletakedecor.com\/uploads\/2025\/08\/kitchen-countertop-decor-ideas-dtd-03-480x720.jpg 480w\" sizes=\"auto, (max-width: 700px) 100vw, 700px\" \/><\/p>\n<p>Szerelj fel nyitott f\u00e9mpolcokat a pult f\u00f6l\u00e9, ezzel st\u00edlust \u00e9s praktikuss\u00e1got viszel a konyh\u00e1ba. Rendezd sorba a feh\u00e9r t\u00e1ny\u00e9rokat \u00e9s t\u00e1lakat, hogy mindig k\u00e9zn\u00e9l legyenek, m\u00e9gis rendezetten mutassanak. Egy friss vir\u00e1gcsokor a polc k\u00f6zep\u00e9n remek f\u00f3kuszpont. K\u00fcl\u00f6n\u00f6sen aj\u00e1nlott kisebb konyh\u00e1kba, ahol szeretn\u00e9l t\u00f6bb helyet kihaszn\u00e1lni.<\/p>\n<h2>Z\u00f6ld szekr\u00e9nyes konyha fa r\u00e9szletekkel<\/h2>\n<p><img loading=\"lazy\" decoding=\"async\" width=\"700\" height=\"1050\" alt=\"Modern konyha s\u00f6t\u00e9tz\u00f6ld szekr\u00e9nyekkel, feh\u00e9r csempefallal, fa burkolat\u00fa p\u00e1raelsz\u00edv\u00f3val \u00e9s d\u00edszes v\u00e1g\u00f3deszk\u00e1kkal a st\u00edlusos, de praktikus t\u00e9r\u00e9rt.\" class=\"aligncenter size-full wp-image-6485\" src=\"https:\/\/doubletakedecor.com\/uploads\/2025\/08\/kitchen-countertop-decor-ideas-dtd-04.jpg\" srcset=\"https:\/\/doubletakedecor.com\/uploads\/2025\/08\/kitchen-countertop-decor-ideas-dtd-04.jpg 700w, https:\/\/doubletakedecor.com\/uploads\/2025\/08\/kitchen-countertop-decor-ideas-dtd-04-200x300.jpg 200w, https:\/\/doubletakedecor.com\/uploads\/2025\/08\/kitchen-countertop-decor-ideas-dtd-04-683x1024.jpg 683w, https:\/\/doubletakedecor.com\/uploads\/2025\/08\/kitchen-countertop-decor-ideas-dtd-04-96x144.jpg 96w, https:\/\/doubletakedecor.com\/uploads\/2025\/08\/kitchen-countertop-decor-ideas-dtd-04-280x420.jpg 280w, https:\/\/doubletakedecor.com\/uploads\/2025\/08\/kitchen-countertop-decor-ideas-dtd-04-320x480.jpg 320w, https:\/\/doubletakedecor.com\/uploads\/2025\/08\/kitchen-countertop-decor-ideas-dtd-04-360x540.jpg 360w, https:\/\/doubletakedecor.com\/uploads\/2025\/08\/kitchen-countertop-decor-ideas-dtd-04-363x545.jpg 363w, https:\/\/doubletakedecor.com\/uploads\/2025\/08\/kitchen-countertop-decor-ideas-dtd-04-370x555.jpg 370w, https:\/\/doubletakedecor.com\/uploads\/2025\/08\/kitchen-countertop-decor-ideas-dtd-04-400x600.jpg 400w, https:\/\/doubletakedecor.com\/uploads\/2025\/08\/kitchen-countertop-decor-ideas-dtd-04-560x840.jpg 560w, https:\/\/doubletakedecor.com\/uploads\/2025\/08\/kitchen-countertop-decor-ideas-dtd-04-480x720.jpg 480w\" sizes=\"auto, (max-width: 700px) 100vw, 700px\" \/><\/p>\n<p>Rendezd el f\u00fcgg\u0151legesen a v\u00e1g\u00f3deszk\u00e1kat a pult sz\u00e9l\u00e9n vagy a fal el\u0151tt \u2013 \u00edgy nemcsak d\u00edsz lesz bel\u0151l\u00fck, de k\u00f6nnyen el\u00e9rhet\u0151ek is maradnak. Tegy\u00e9l mell\u00e9j\u00fck sz\u00ednben passzol\u00f3 ker\u00e1mi\u00e1kat, amelyek \u00f6sszhangban vannak a szekr\u00e9nyeiddel. Ha a f\u0151z\u0151s eszk\u00f6zeit st\u00edlusos, nyitott ed\u00e9nyben tartod, az egyszerre lehet mutat\u00f3s \u00e9s praktikus.<\/p>\n<h2>Modern farmh\u00e1z st\u00edlus\u00fa konyha<\/h2>\n<p><img loading=\"lazy\" decoding=\"async\" width=\"700\" height=\"1050\" alt=\"Kort\u00e1rs konyha fekete szekr\u00e9nyekkel, m\u00e1rv\u00e1ny pulttal \u00e9s fa r\u00e9szletekkel, eleg\u00e1ns f\u00fcgg\u0151l\u00e1mp\u00e1kkal \u00e9s nyitott polcokkal.\" class=\"aligncenter size-full wp-image-6491\" src=\"https:\/\/doubletakedecor.com\/uploads\/2025\/08\/kitchen-countertop-decor-ideas-dtd-05.jpg\" srcset=\"https:\/\/doubletakedecor.com\/uploads\/2025\/08\/kitchen-countertop-decor-ideas-dtd-05.jpg 700w, https:\/\/doubletakedecor.com\/uploads\/2025\/08\/kitchen-countertop-decor-ideas-dtd-05-200x300.jpg 200w, https:\/\/doubletakedecor.com\/uploads\/2025\/08\/kitchen-countertop-decor-ideas-dtd-05-683x1024.jpg 683w, https:\/\/doubletakedecor.com\/uploads\/2025\/08\/kitchen-countertop-decor-ideas-dtd-05-96x144.jpg 96w, https:\/\/doubletakedecor.com\/uploads\/2025\/08\/kitchen-countertop-decor-ideas-dtd-05-280x420.jpg 280w, https:\/\/doubletakedecor.com\/uploads\/2025\/08\/kitchen-countertop-decor-ideas-dtd-05-320x480.jpg 320w, https:\/\/doubletakedecor.com\/uploads\/2025\/08\/kitchen-countertop-decor-ideas-dtd-05-360x540.jpg 360w, https:\/\/doubletakedecor.com\/uploads\/2025\/08\/kitchen-countertop-decor-ideas-dtd-05-363x545.jpg 363w, https:\/\/doubletakedecor.com\/uploads\/2025\/08\/kitchen-countertop-decor-ideas-dtd-05-370x555.jpg 370w, https:\/\/doubletakedecor.com\/uploads\/2025\/08\/kitchen-countertop-decor-ideas-dtd-05-400x600.jpg 400w, https:\/\/doubletakedecor.com\/uploads\/2025\/08\/kitchen-countertop-decor-ideas-dtd-05-560x840.jpg 560w, https:\/\/doubletakedecor.com\/uploads\/2025\/08\/kitchen-countertop-decor-ideas-dtd-05-480x720.jpg 480w\" sizes=\"auto, (max-width: 700px) 100vw, 700px\" \/><\/p>\n<p>Alak\u00edts ki \u00e9rdekes kontrasztokat a konyh\u00e1dban: p\u00e1ros\u00edts fekete szekr\u00e9nyeket meleg fab\u00fatorokkal \u00e9s feh\u00e9r m\u00e1rv\u00e1nypulttal. Nyitott polcokon tartsd a mindennap haszn\u00e1lt dolgokat \u00e9s tegy\u00e9l mell\u00e9j\u00fck d\u00edszeket is. Az arany vagy r\u00e9z sz\u00edn\u0171 f\u00fcgg\u0151l\u00e1mp\u00e1k nemcsak vil\u00e1gosabb\u00e1 teszik a munkater\u00fcletet, hanem eleganci\u00e1t is visznek a t\u00e9rbe.<\/p>\n<h2>Rusztikus elegancia a konyhaszigeten<\/h2>\n<p><img loading=\"lazy\" decoding=\"async\" width=\"700\" height=\"1050\" alt=\"Feh\u00e9r konyha s\u00f6t\u00e9t fapulton, fonott f\u00fcgg\u0151l\u00e1mp\u00e1kkal \u00e9s d\u00edszes gy\u00fcm\u00f6lcst\u00e1lc\u00e1val, modern-rusztikus hangulatot teremtve.\" class=\"aligncenter size-full wp-image-6497\" src=\"https:\/\/doubletakedecor.com\/uploads\/2025\/08\/kitchen-countertop-decor-ideas-dtd-06.jpg\" srcset=\"https:\/\/doubletakedecor.com\/uploads\/2025\/08\/kitchen-countertop-decor-ideas-dtd-06.jpg 700w, https:\/\/doubletakedecor.com\/uploads\/2025\/08\/kitchen-countertop-decor-ideas-dtd-06-200x300.jpg 200w, https:\/\/doubletakedecor.com\/uploads\/2025\/08\/kitchen-countertop-decor-ideas-dtd-06-683x1024.jpg 683w, https:\/\/doubletakedecor.com\/uploads\/2025\/08\/kitchen-countertop-decor-ideas-dtd-06-96x144.jpg 96w, https:\/\/doubletakedecor.com\/uploads\/2025\/08\/kitchen-countertop-decor-ideas-dtd-06-280x420.jpg 280w, https:\/\/doubletakedecor.com\/uploads\/2025\/08\/kitchen-countertop-decor-ideas-dtd-06-320x480.jpg 320w, https:\/\/doubletakedecor.com\/uploads\/2025\/08\/kitchen-countertop-decor-ideas-dtd-06-360x540.jpg 360w, https:\/\/doubletakedecor.com\/uploads\/2025\/08\/kitchen-countertop-decor-ideas-dtd-06-363x545.jpg 363w, https:\/\/doubletakedecor.com\/uploads\/2025\/08\/kitchen-countertop-decor-ideas-dtd-06-370x555.jpg 370w, https:\/\/doubletakedecor.com\/uploads\/2025\/08\/kitchen-countertop-decor-ideas-dtd-06-400x600.jpg 400w, https:\/\/doubletakedecor.com\/uploads\/2025\/08\/kitchen-countertop-decor-ideas-dtd-06-560x840.jpg 560w, https:\/\/doubletakedecor.com\/uploads\/2025\/08\/kitchen-countertop-decor-ideas-dtd-06-480x720.jpg 480w\" sizes=\"auto, (max-width: 700px) 100vw, 700px\" \/><\/p>\n<p>Kombin\u00e1ld a term\u00e9szetes anyagokat: tegy\u00e9l k\u00f6r alak\u00fa fa t\u00e1lc\u00e1t a pult k\u00f6zep\u00e9re, amit \u00e9vszaknak megfelel\u0151 gy\u00fcm\u00f6lccsel \u00e9s kis cserepes f\u0171szern\u00f6v\u00e9nyekkel t\u00f6ltesz meg. \u00cdgy sz\u00ednesebb lesz a l\u00e1tv\u00e1ny \u00e9s minden k\u00f6nnyen el\u00e9rhet\u0151 marad. A t\u00e1lc\u00e1t helyezd a f\u0151z\u0151r\u00e9szt\u0151l t\u00e1volabbra, hogy ne zavarjon, de sz\u00e9p d\u00edsze legyen a konyh\u00e1nak.<\/p>\n<h2>Nyitott polcok szelekt\u00e1lt ed\u00e9nyekkel<\/h2>\n<p><img loading=\"lazy\" decoding=\"async\" width=\"700\" height=\"1049\" alt=\"Eleg\u00e1ns konyha nyitott polcokkal, amelyeken ed\u00e9nyek \u00e9s dekor\u00e1ci\u00f3k sorakoznak a vil\u00e1gossz\u00fcrke szekr\u00e9nyek, fa pult \u00e9s bronz foganty\u00fak felett.\" class=\"aligncenter size-full wp-image-6503\" src=\"https:\/\/doubletakedecor.com\/uploads\/2025\/08\/kitchen-countertop-decor-ideas-dtd-07.jpg\" srcset=\"https:\/\/doubletakedecor.com\/uploads\/2025\/08\/kitchen-countertop-decor-ideas-dtd-07.jpg 700w, https:\/\/doubletakedecor.com\/uploads\/2025\/08\/kitchen-countertop-decor-ideas-dtd-07-200x300.jpg 200w, https:\/\/doubletakedecor.com\/uploads\/2025\/08\/kitchen-countertop-decor-ideas-dtd-07-683x1024.jpg 683w, https:\/\/doubletakedecor.com\/uploads\/2025\/08\/kitchen-countertop-decor-ideas-dtd-07-96x144.jpg 96w, https:\/\/doubletakedecor.com\/uploads\/2025\/08\/kitchen-countertop-decor-ideas-dtd-07-280x420.jpg 280w, https:\/\/doubletakedecor.com\/uploads\/2025\/08\/kitchen-countertop-decor-ideas-dtd-07-320x480.jpg 320w, https:\/\/doubletakedecor.com\/uploads\/2025\/08\/kitchen-countertop-decor-ideas-dtd-07-360x539.jpg 360w, https:\/\/doubletakedecor.com\/uploads\/2025\/08\/kitchen-countertop-decor-ideas-dtd-07-363x544.jpg 363w, https:\/\/doubletakedecor.com\/uploads\/2025\/08\/kitchen-countertop-decor-ideas-dtd-07-370x554.jpg 370w, https:\/\/doubletakedecor.com\/uploads\/2025\/08\/kitchen-countertop-decor-ideas-dtd-07-400x599.jpg 400w, https:\/\/doubletakedecor.com\/uploads\/2025\/08\/kitchen-countertop-decor-ideas-dtd-07-560x839.jpg 560w, https:\/\/doubletakedecor.com\/uploads\/2025\/08\/kitchen-countertop-decor-ideas-dtd-07-480x719.jpg 480w\" sizes=\"auto, (max-width: 700px) 100vw, 700px\" \/><\/p>\n<p>Rendezd a mindennap haszn\u00e1lt ed\u00e9nyeket sz\u00edn szerint \u00f6sszev\u00e1logatva a nyitott polcon. V\u00e1lassz visszafogott sz\u00edneket, amelyek illenek a szekr\u00e9nyekhez \u00e9s a pulthoz. T\u00f6rd meg a sok praktikus t\u00e1rgyat n\u00e9h\u00e1ny v\u00e1z\u00e1val vagy fa t\u00e1lc\u00e1val, hogy ne legyen unalmas. A leggyakrabban haszn\u00e1lt dolgokat tartsd el\u00f6l, hogy mindig k\u00f6nnyen el\u00e9rd \u0151ket!<\/p>\n<h2>\u00dcvegl\u00e1mp\u00e1k a konyhasziget felett<\/h2>\n<p><img loading=\"lazy\" decoding=\"async\" width=\"700\" height=\"1050\" alt=\"Vil\u00e1gos konyha \u00fcveg f\u00fcgg\u0151l\u00e1mp\u00e1kkal, fa t\u00e1lal\u00f3 deszk\u00e1val, s\u00e1rga vir\u00e1gokkal \u00e9s friss narancs gy\u00fcm\u00f6lcs\u00f6kkel az eleg\u00e1ns, bar\u00e1ts\u00e1gos hangulat\u00e9rt.\" class=\"aligncenter size-full wp-image-6509\" src=\"https:\/\/doubletakedecor.com\/uploads\/2025\/08\/kitchen-countertop-decor-ideas-dtd-08.jpg\" srcset=\"https:\/\/doubletakedecor.com\/uploads\/2025\/08\/kitchen-countertop-decor-ideas-dtd-08.jpg 700w, https:\/\/doubletakedecor.com\/uploads\/2025\/08\/kitchen-countertop-decor-ideas-dtd-08-200x300.jpg 200w, https:\/\/doubletakedecor.com\/uploads\/2025\/08\/kitchen-countertop-decor-ideas-dtd-08-683x1024.jpg 683w, https:\/\/doubletakedecor.com\/uploads\/2025\/08\/kitchen-countertop-decor-ideas-dtd-08-96x144.jpg 96w, https:\/\/doubletakedecor.com\/uploads\/2025\/08\/kitchen-countertop-decor-ideas-dtd-08-280x420.jpg 280w, https:\/\/doubletakedecor.com\/uploads\/2025\/08\/kitchen-countertop-decor-ideas-dtd-08-320x480.jpg 320w, https:\/\/doubletakedecor.com\/uploads\/2025\/08\/kitchen-countertop-decor-ideas-dtd-08-360x540.jpg 360w, https:\/\/doubletakedecor.com\/uploads\/2025\/08\/kitchen-countertop-decor-ideas-dtd-08-363x545.jpg 363w, https:\/\/doubletakedecor.com\/uploads\/2025\/08\/kitchen-countertop-decor-ideas-dtd-08-370x555.jpg 370w, https:\/\/doubletakedecor.com\/uploads\/2025\/08\/kitchen-countertop-decor-ideas-dtd-08-400x600.jpg 400w, https:\/\/doubletakedecor.com\/uploads\/2025\/08\/kitchen-countertop-decor-ideas-dtd-08-560x840.jpg 560w, https:\/\/doubletakedecor.com\/uploads\/2025\/08\/kitchen-countertop-decor-ideas-dtd-08-480x720.jpg 480w\" sizes=\"auto, (max-width: 700px) 100vw, 700px\" \/><\/p>\n<p>Vil\u00e1g\u00edtsd meg a konyh\u00e1t \u00e1tl\u00e1tsz\u00f3 \u00fcvegl\u00e1mp\u00e1kkal a sziget f\u00f6l\u00f6tt, ett\u0151l modern \u00e9s t\u00e1gas lesz a t\u00e9r. Kombin\u00e1ld \u0151ket feh\u00e9r szekr\u00e9nyekkel \u00e9s bronz sz\u00edn\u0171 foganty\u00fakkal, hogy eleg\u00e1ns legyen az \u00f6sszhat\u00e1s. Tegy\u00e9l a pultra fa t\u00e1lal\u00f3 deszk\u00e1kat \u00e9s feh\u00e9r t\u00e1ny\u00e9rokat \u2013 ezek egyszerre hasznosak \u00e9s mutat\u00f3sak is. Friss vir\u00e1gokkal \u00e9s gy\u00fcm\u00f6lcs\u00f6kkel pedig m\u00e9g sz\u00ednesebb lesz a l\u00e1tv\u00e1ny.<\/p>\n<h2>Modern konyha \u00fcveges szekr\u00e9nyajt\u00f3kkal<\/h2>\n<p><img loading=\"lazy\" decoding=\"async\" width=\"700\" height=\"1050\" alt=\"Vil\u00e1gos konyha feh\u00e9r, \u00fcveges szekr\u00e9nyekkel, m\u00e1rv\u00e1ny pulttal, fa b\u00e1rsz\u00e9kekkel \u00e9s eleg\u00e1ns l\u00e1mp\u00e1kkal a sziget felett.\" class=\"aligncenter size-full wp-image-6515\" src=\"https:\/\/doubletakedecor.com\/uploads\/2025\/08\/kitchen-countertop-decor-ideas-dtd-09.jpg\" srcset=\"https:\/\/doubletakedecor.com\/uploads\/2025\/08\/kitchen-countertop-decor-ideas-dtd-09.jpg 700w, https:\/\/doubletakedecor.com\/uploads\/2025\/08\/kitchen-countertop-decor-ideas-dtd-09-200x300.jpg 200w, https:\/\/doubletakedecor.com\/uploads\/2025\/08\/kitchen-countertop-decor-ideas-dtd-09-683x1024.jpg 683w, https:\/\/doubletakedecor.com\/uploads\/2025\/08\/kitchen-countertop-decor-ideas-dtd-09-96x144.jpg 96w, https:\/\/doubletakedecor.com\/uploads\/2025\/08\/kitchen-countertop-decor-ideas-dtd-09-280x420.jpg 280w, https:\/\/doubletakedecor.com\/uploads\/2025\/08\/kitchen-countertop-decor-ideas-dtd-09-320x480.jpg 320w, https:\/\/doubletakedecor.com\/uploads\/2025\/08\/kitchen-countertop-decor-ideas-dtd-09-360x540.jpg 360w, https:\/\/doubletakedecor.com\/uploads\/2025\/08\/kitchen-countertop-decor-ideas-dtd-09-363x545.jpg 363w, https:\/\/doubletakedecor.com\/uploads\/2025\/08\/kitchen-countertop-decor-ideas-dtd-09-370x555.jpg 370w, https:\/\/doubletakedecor.com\/uploads\/2025\/08\/kitchen-countertop-decor-ideas-dtd-09-400x600.jpg 400w, https:\/\/doubletakedecor.com\/uploads\/2025\/08\/kitchen-countertop-decor-ideas-dtd-09-560x840.jpg 560w, https:\/\/doubletakedecor.com\/uploads\/2025\/08\/kitchen-countertop-decor-ideas-dtd-09-480x720.jpg 480w\" sizes=\"auto, (max-width: 700px) 100vw, 700px\" \/><\/p>\n<p>Emeld ki a sz\u00e9p t\u00e1rgyakat az \u00fcveges szekr\u00e9nyekben, mik\u00f6zben meg\u0151rz\u00f6d az egyszer\u0171, rendezett hat\u00e1st. Kombin\u00e1ld a modern st\u00edlust meleg fa b\u00e1rsz\u00e9kekkel \u00e9s padl\u00f3val, hogy ne legyen t\u00fal h\u0171v\u00f6s a t\u00e9r. Egy mint\u00e1s fut\u00f3sz\u0151nyeg meghittebb\u00e9 teszi a konyh\u00e1t. F\u00fcgg\u0151l\u00e1mp\u00e1kkal nemcsak hangulatos, hanem hasznos vil\u00e1g\u00edt\u00e1st is kapsz a munkater\u00fclethez.<\/p>\n<h2>Szervezett kamrarendszer<\/h2>\n<p><img loading=\"lazy\" decoding=\"async\" width=\"700\" height=\"1050\" alt=\"Rendszerezett, k\u00e9tsz\u00e1rny\u00fa kamraszekr\u00e9ny \u00e1ll\u00edthat\u00f3 polcokkal, c\u00edmk\u00e9zett \u00fcveged\u00e9nyekkel \u00e9s t\u00e1rol\u00f3kkal, amelyek kieg\u00e9sz\u00edtik egy minimalista konyhapult megjelen\u00e9s\u00e9t.\" class=\"aligncenter size-full wp-image-6521\" src=\"https:\/\/doubletakedecor.com\/uploads\/2025\/08\/kitchen-countertop-decor-ideas-dtd-10.jpg\" srcset=\"https:\/\/doubletakedecor.com\/uploads\/2025\/08\/kitchen-countertop-decor-ideas-dtd-10.jpg 700w, https:\/\/doubletakedecor.com\/uploads\/2025\/08\/kitchen-countertop-decor-ideas-dtd-10-200x300.jpg 200w, https:\/\/doubletakedecor.com\/uploads\/2025\/08\/kitchen-countertop-decor-ideas-dtd-10-683x1024.jpg 683w, https:\/\/doubletakedecor.com\/uploads\/2025\/08\/kitchen-countertop-decor-ideas-dtd-10-96x144.jpg 96w, https:\/\/doubletakedecor.com\/uploads\/2025\/08\/kitchen-countertop-decor-ideas-dtd-10-280x420.jpg 280w, https:\/\/doubletakedecor.com\/uploads\/2025\/08\/kitchen-countertop-decor-ideas-dtd-10-320x480.jpg 320w, https:\/\/doubletakedecor.com\/uploads\/2025\/08\/kitchen-countertop-decor-ideas-dtd-10-360x540.jpg 360w, https:\/\/doubletakedecor.com\/uploads\/2025\/08\/kitchen-countertop-decor-ideas-dtd-10-363x545.jpg 363w, https:\/\/doubletakedecor.com\/uploads\/2025\/08\/kitchen-countertop-decor-ideas-dtd-10-370x555.jpg 370w, https:\/\/doubletakedecor.com\/uploads\/2025\/08\/kitchen-countertop-decor-ideas-dtd-10-400x600.jpg 400w, https:\/\/doubletakedecor.com\/uploads\/2025\/08\/kitchen-countertop-decor-ideas-dtd-10-560x840.jpg 560w, https:\/\/doubletakedecor.com\/uploads\/2025\/08\/kitchen-countertop-decor-ideas-dtd-10-480x720.jpg 480w\" sizes=\"auto, (max-width: 700px) 100vw, 700px\" \/><\/p>\n<p>Haszn\u00e1ld ki a konyha lehet\u0151s\u00e9geit egy rendszerezett kamr\u00e1val! Tartsd az alapanyagokat \u00e1tl\u00e1tsz\u00f3, c\u00edmk\u00e9zett \u00fcvegekben vagy dobozokban a polcokon, hogy mindent k\u00f6nny\u0171 legyen megtal\u00e1lni. A gyakran haszn\u00e1lt \u00e9lelmiszereket tedd \u00e1tl\u00e1tsz\u00f3 ed\u00e9nyekbe, a kev\u00e9sb\u00e9 sz\u00e9peket elrejtheted z\u00e1rt dobozokba. V\u00e1s\u00e1rl\u00e1s ut\u00e1n mindig t\u00f6ltsd fel \u0151ket, hogy a rend hossz\u00fa t\u00e1von is megmaradjon.<\/p>\n<h2>Eleg\u00e1ns mosogat\u00f3r\u00e9sz term\u00e9szetes dekor\u00e1ci\u00f3val<\/h2>\n<p><img loading=\"lazy\" decoding=\"async\" width=\"700\" height=\"1050\" alt=\"Vil\u00e1gos konyha feh\u00e9r szekr\u00e9nyekkel, m\u00e1rv\u00e1ny munkalappal, vid\u00e9ki st\u00edlus\u00fa mosogat\u00f3val \u00e9s cserepes n\u00f6v\u00e9nyekkel a naps\u00fct\u00f6tte ablakok k\u00f6zel\u00e9ben.\" class=\"aligncenter size-full wp-image-6527\" src=\"https:\/\/doubletakedecor.com\/uploads\/2025\/08\/kitchen-countertop-decor-ideas-dtd-11.jpg\" srcset=\"https:\/\/doubletakedecor.com\/uploads\/2025\/08\/kitchen-countertop-decor-ideas-dtd-11.jpg 700w, https:\/\/doubletakedecor.com\/uploads\/2025\/08\/kitchen-countertop-decor-ideas-dtd-11-200x300.jpg 200w, https:\/\/doubletakedecor.com\/uploads\/2025\/08\/kitchen-countertop-decor-ideas-dtd-11-683x1024.jpg 683w, https:\/\/doubletakedecor.com\/uploads\/2025\/08\/kitchen-countertop-decor-ideas-dtd-11-96x144.jpg 96w, https:\/\/doubletakedecor.com\/uploads\/2025\/08\/kitchen-countertop-decor-ideas-dtd-11-280x420.jpg 280w, https:\/\/doubletakedecor.com\/uploads\/2025\/08\/kitchen-countertop-decor-ideas-dtd-11-320x480.jpg 320w, https:\/\/doubletakedecor.com\/uploads\/2025\/08\/kitchen-countertop-decor-ideas-dtd-11-360x540.jpg 360w, https:\/\/doubletakedecor.com\/uploads\/2025\/08\/kitchen-countertop-decor-ideas-dtd-11-363x545.jpg 363w, https:\/\/doubletakedecor.com\/uploads\/2025\/08\/kitchen-countertop-decor-ideas-dtd-11-370x555.jpg 370w, https:\/\/doubletakedecor.com\/uploads\/2025\/08\/kitchen-countertop-decor-ideas-dtd-11-400x600.jpg 400w, https:\/\/doubletakedecor.com\/uploads\/2025\/08\/kitchen-countertop-decor-ideas-dtd-11-560x840.jpg 560w, https:\/\/doubletakedecor.com\/uploads\/2025\/08\/kitchen-countertop-decor-ideas-dtd-11-480x720.jpg 480w\" sizes=\"auto, (max-width: 700px) 100vw, 700px\" \/><\/p>\n<p>Dobd fel a mosogat\u00f3k\u00f6rnyezetet term\u00e9szetes elemekkel, hogy friss \u00e9s kiegyens\u00falyozott hangulatot teremts. Tegy\u00e9l egy kis bukszusbokrot vagy tetszet\u0151s f\u0171szern\u00f6v\u00e9nyt a mosogat\u00f3 mell\u00e9, hogy l\u00e1gy\u00edtsd a kem\u00e9ny fel\u00fcleteket, mik\u00f6zben egy kis z\u00f6ld is ker\u00fcl a konyh\u00e1ba. Haszn\u00e1ld ki az ablakokon be\u00e1rad\u00f3 term\u00e9szetes f\u00e9nyt \u2013 ezzel m\u00e9g \u00fcd\u00e9bb lesz a t\u00e9r. Tartsd egyszer\u0171en az elrendez\u00e9st, hogy megmaradjon a pult praktikus, j\u00f3l haszn\u00e1lhat\u00f3 fel\u00fclete.<\/p>\n<h2>Praktikus t\u0171zhely dekor\u00e1ci\u00f3<\/h2>\n<p><img loading=\"lazy\" decoding=\"async\" width=\"700\" height=\"1049\" alt=\"Modern konyha rozsdamentes ac\u00e9l t\u0171zhellyel, k\u00e9k s\u00fct\u0151vel, r\u00e9z f\u0151z\u0151ed\u00e9nnyel \u00e9s friss d\u00edsz\u00edt\u0151elemekkel a m\u00e1rv\u00e1ny munkalapon.\" class=\"aligncenter size-full wp-image-6533\" src=\"https:\/\/doubletakedecor.com\/uploads\/2025\/08\/kitchen-countertop-decor-ideas-dtd-12.jpg\" srcset=\"https:\/\/doubletakedecor.com\/uploads\/2025\/08\/kitchen-countertop-decor-ideas-dtd-12.jpg 700w, https:\/\/doubletakedecor.com\/uploads\/2025\/08\/kitchen-countertop-decor-ideas-dtd-12-200x300.jpg 200w, https:\/\/doubletakedecor.com\/uploads\/2025\/08\/kitchen-countertop-decor-ideas-dtd-12-683x1024.jpg 683w, https:\/\/doubletakedecor.com\/uploads\/2025\/08\/kitchen-countertop-decor-ideas-dtd-12-96x144.jpg 96w, https:\/\/doubletakedecor.com\/uploads\/2025\/08\/kitchen-countertop-decor-ideas-dtd-12-280x420.jpg 280w, https:\/\/doubletakedecor.com\/uploads\/2025\/08\/kitchen-countertop-decor-ideas-dtd-12-320x480.jpg 320w, https:\/\/doubletakedecor.com\/uploads\/2025\/08\/kitchen-countertop-decor-ideas-dtd-12-360x539.jpg 360w, https:\/\/doubletakedecor.com\/uploads\/2025\/08\/kitchen-countertop-decor-ideas-dtd-12-363x544.jpg 363w, https:\/\/doubletakedecor.com\/uploads\/2025\/08\/kitchen-countertop-decor-ideas-dtd-12-370x554.jpg 370w, https:\/\/doubletakedecor.com\/uploads\/2025\/08\/kitchen-countertop-decor-ideas-dtd-12-400x599.jpg 400w, https:\/\/doubletakedecor.com\/uploads\/2025\/08\/kitchen-countertop-decor-ideas-dtd-12-560x839.jpg 560w, https:\/\/doubletakedecor.com\/uploads\/2025\/08\/kitchen-countertop-decor-ideas-dtd-12-480x719.jpg 480w\" sizes=\"auto, (max-width: 700px) 100vw, 700px\" \/><\/p>\n<p>Helyezz egy l\u00e1tv\u00e1nyos r\u00e9z l\u00e1bast a t\u0171zhelyedre, \u00edgy az egyszerre lesz dekorat\u00edv \u00e9s hasznos kieg\u00e9sz\u00edt\u0151. Tedd mell\u00e9 f\u00e1b\u00f3l k\u00e9sz\u00fclt v\u00e1g\u00f3deszk\u00e1kat \u00e9s egy t\u00e1l friss z\u00f6lds\u00e9get vagy gy\u00fcm\u00f6lcs\u00f6t. Egy egyszer\u0171 z\u00f6ld n\u00f6v\u00e9ny v\u00e1za magas\u00edtott hat\u00e1st ad, \u00edgy term\u00e9szetes elem is beker\u00fcl a konyh\u00e1ba. Maradj a letisztults\u00e1gn\u00e1l, hogy a pult j\u00f3l haszn\u00e1lhat\u00f3 maradjon, de m\u00e9gis sz\u00e9p l\u00e1tv\u00e1nyt ny\u00fajtson.<\/p>\n<h2>Nyitott polcok m\u00e1rv\u00e1ny pulttal<\/h2>\n<p><img loading=\"lazy\" decoding=\"async\" width=\"700\" height=\"1050\" alt=\"Divatos konyha, fa nyitott polcokkal, melyeken n\u00f6v\u00e9nyek, k\u00e9pek \u00e9s ed\u00e9nyek sorakoznak, mindezt egy m\u00e1rv\u00e1ny munkalap f\u00f6l\u00f6tt, ahol rendezetten helyezkednek el a f\u0151z\u00e9shez sz\u00fcks\u00e9ges alapdolgok.\" class=\"aligncenter size-full wp-image-6539\" src=\"https:\/\/doubletakedecor.com\/uploads\/2025\/08\/kitchen-countertop-decor-ideas-dtd-13.jpg\" srcset=\"https:\/\/doubletakedecor.com\/uploads\/2025\/08\/kitchen-countertop-decor-ideas-dtd-13.jpg 700w, https:\/\/doubletakedecor.com\/uploads\/2025\/08\/kitchen-countertop-decor-ideas-dtd-13-200x300.jpg 200w, https:\/\/doubletakedecor.com\/uploads\/2025\/08\/kitchen-countertop-decor-ideas-dtd-13-683x1024.jpg 683w, https:\/\/doubletakedecor.com\/uploads\/2025\/08\/kitchen-countertop-decor-ideas-dtd-13-96x144.jpg 96w, https:\/\/doubletakedecor.com\/uploads\/2025\/08\/kitchen-countertop-decor-ideas-dtd-13-280x420.jpg 280w, https:\/\/doubletakedecor.com\/uploads\/2025\/08\/kitchen-countertop-decor-ideas-dtd-13-320x480.jpg 320w, https:\/\/doubletakedecor.com\/uploads\/2025\/08\/kitchen-countertop-decor-ideas-dtd-13-360x540.jpg 360w, https:\/\/doubletakedecor.com\/uploads\/2025\/08\/kitchen-countertop-decor-ideas-dtd-13-363x545.jpg 363w, https:\/\/doubletakedecor.com\/uploads\/2025\/08\/kitchen-countertop-decor-ideas-dtd-13-370x555.jpg 370w, https:\/\/doubletakedecor.com\/uploads\/2025\/08\/kitchen-countertop-decor-ideas-dtd-13-400x600.jpg 400w, https:\/\/doubletakedecor.com\/uploads\/2025\/08\/kitchen-countertop-decor-ideas-dtd-13-560x840.jpg 560w, https:\/\/doubletakedecor.com\/uploads\/2025\/08\/kitchen-countertop-decor-ideas-dtd-13-480x720.jpg 480w\" sizes=\"auto, (max-width: 700px) 100vw, 700px\" \/><\/p>\n<p>Eg\u00e9sz\u00edtsd ki a m\u00e1rv\u00e1nypult feletti teret nyitott polcokkal, ahol a sz\u00fcks\u00e9ges ed\u00e9nyek \u00e9s t\u00e1ny\u00e9rok mellett dekor\u00e1ci\u00f3kat, p\u00e9ld\u00e1ul bekeretezett k\u00e9peket vagy cserepes n\u00f6v\u00e9nyeket is elhelyezhetsz. Az eszk\u00f6z\u00f6ket st\u00edlusos t\u00e1rol\u00f3kban tartsd, hogy mindig k\u00e9zn\u00e9l legyenek. Az elt\u00e9r\u0151 magass\u00e1gok \u00e9s text\u00far\u00e1k egyens\u00falyt adnak, mik\u00f6zben mindent k\u00f6nnyen el\u00e9rhet\u0151v\u00e9 teszel a mindennapokban.<\/p>\n<h2>Eleg\u00e1ns \u00e1gak p\u00e1ros v\u00e1z\u00e1ban<\/h2>\n<p><img loading=\"lazy\" decoding=\"async\" width=\"700\" height=\"1050\" alt=\"Vil\u00e1gos konyha, feh\u00e9r ker\u00e1mia \u00e9s arany sz\u00edn\u0171 v\u00e1z\u00e1kkal, benn\u00fck bimb\u00f3z\u00f3 \u00e1gakkal egy vil\u00e1gos munkalapon, h\u00e1tt\u00e9rben feh\u00e9r szekr\u00e9nyek \u00e9s f\u00e9nyes csempeburkolat.\" class=\"aligncenter size-full wp-image-6545\" src=\"https:\/\/doubletakedecor.com\/uploads\/2025\/08\/kitchen-countertop-decor-ideas-dtd-14.jpg\" srcset=\"https:\/\/doubletakedecor.com\/uploads\/2025\/08\/kitchen-countertop-decor-ideas-dtd-14.jpg 700w, https:\/\/doubletakedecor.com\/uploads\/2025\/08\/kitchen-countertop-decor-ideas-dtd-14-200x300.jpg 200w, https:\/\/doubletakedecor.com\/uploads\/2025\/08\/kitchen-countertop-decor-ideas-dtd-14-683x1024.jpg 683w, https:\/\/doubletakedecor.com\/uploads\/2025\/08\/kitchen-countertop-decor-ideas-dtd-14-96x144.jpg 96w, https:\/\/doubletakedecor.com\/uploads\/2025\/08\/kitchen-countertop-decor-ideas-dtd-14-280x420.jpg 280w, https:\/\/doubletakedecor.com\/uploads\/2025\/08\/kitchen-countertop-decor-ideas-dtd-14-320x480.jpg 320w, https:\/\/doubletakedecor.com\/uploads\/2025\/08\/kitchen-countertop-decor-ideas-dtd-14-360x540.jpg 360w, https:\/\/doubletakedecor.com\/uploads\/2025\/08\/kitchen-countertop-decor-ideas-dtd-14-363x545.jpg 363w, https:\/\/doubletakedecor.com\/uploads\/2025\/08\/kitchen-countertop-decor-ideas-dtd-14-370x555.jpg 370w, https:\/\/doubletakedecor.com\/uploads\/2025\/08\/kitchen-countertop-decor-ideas-dtd-14-400x600.jpg 400w, https:\/\/doubletakedecor.com\/uploads\/2025\/08\/kitchen-countertop-decor-ideas-dtd-14-560x840.jpg 560w, https:\/\/doubletakedecor.com\/uploads\/2025\/08\/kitchen-countertop-decor-ideas-dtd-14-480x720.jpg 480w\" sizes=\"auto, (max-width: 700px) 100vw, 700px\" \/><\/p>\n<p>Vigy\u00e9l term\u00e9szetes hangulatot a pultodra k\u00e9t k\u00fcl\u00f6nb\u00f6z\u0151 v\u00e1z\u00e1val! T\u00f6ltsd meg a nagy feh\u00e9r v\u00e1z\u00e1t bimb\u00f3z\u00f3 \u00e1gakkal, mell\u00e9 pedig helyezz egy kisebb arany v\u00e1z\u00e1t. Ez a p\u00e1ros\u00edt\u00e1s magass\u00e1gbeli j\u00e1t\u00e9kot ad, mik\u00f6zben az \u00e1gak term\u00e9szetes text\u00far\u00e1t visznek a t\u00e9rbe. Cser\u00e9lgesd az \u00e1gakon a szezonnak megfelel\u0151 d\u00edsz\u00edt\u00e9st \u2013 tavasszal bimb\u00f3k, ny\u00e1ron lev\u00e9l, \u0151sszel sz\u00ednes \u00e1gak \u2013, hogy a konyha mindig friss legyen.<\/p>\n<h2>Gy\u00fcm\u00f6lcst\u00e1l \u00e9s n\u00f6v\u00e9nydekor\u00e1ci\u00f3<\/h2>\n<p><img loading=\"lazy\" decoding=\"async\" width=\"700\" height=\"1050\" alt=\"Vil\u00e1gos konyhasziget m\u00e1rv\u00e1ny pulttal, rajta r\u00f3zsasz\u00edn gy\u00fcm\u00f6lcst\u00e1l, vattacukor fa d\u00edsz a k\u00f6zep\u00e9n \u00e9s dekorat\u00edv \u00fcvegek a csill\u00e1r alatt.\" class=\"aligncenter size-full wp-image-6551\" src=\"https:\/\/doubletakedecor.com\/uploads\/2025\/08\/kitchen-countertop-decor-ideas-dtd-15.jpg\" srcset=\"https:\/\/doubletakedecor.com\/uploads\/2025\/08\/kitchen-countertop-decor-ideas-dtd-15.jpg 700w, https:\/\/doubletakedecor.com\/uploads\/2025\/08\/kitchen-countertop-decor-ideas-dtd-15-200x300.jpg 200w, https:\/\/doubletakedecor.com\/uploads\/2025\/08\/kitchen-countertop-decor-ideas-dtd-15-683x1024.jpg 683w, https:\/\/doubletakedecor.com\/uploads\/2025\/08\/kitchen-countertop-decor-ideas-dtd-15-96x144.jpg 96w, https:\/\/doubletakedecor.com\/uploads\/2025\/08\/kitchen-countertop-decor-ideas-dtd-15-280x420.jpg 280w, https:\/\/doubletakedecor.com\/uploads\/2025\/08\/kitchen-countertop-decor-ideas-dtd-15-320x480.jpg 320w, https:\/\/doubletakedecor.com\/uploads\/2025\/08\/kitchen-countertop-decor-ideas-dtd-15-360x540.jpg 360w, https:\/\/doubletakedecor.com\/uploads\/2025\/08\/kitchen-countertop-decor-ideas-dtd-15-363x545.jpg 363w, https:\/\/doubletakedecor.com\/uploads\/2025\/08\/kitchen-countertop-decor-ideas-dtd-15-370x555.jpg 370w, https:\/\/doubletakedecor.com\/uploads\/2025\/08\/kitchen-countertop-decor-ideas-dtd-15-400x600.jpg 400w, https:\/\/doubletakedecor.com\/uploads\/2025\/08\/kitchen-countertop-decor-ideas-dtd-15-560x840.jpg 560w, https:\/\/doubletakedecor.com\/uploads\/2025\/08\/kitchen-countertop-decor-ideas-dtd-15-480x720.jpg 480w\" sizes=\"auto, (max-width: 700px) 100vw, 700px\" \/><\/p>\n<p>Tegy\u00e9l a konyhasziget k\u00f6zep\u00e9re egy sz\u00e9p, sz\u00ednes gy\u00fcm\u00f6lcst\u00e1lat, hogy vend\u00e9gcsalogat\u00f3 l\u00e1tv\u00e1nyelem tudd legyen. Egy feh\u00e9r v\u00e1z\u00e1ban elhelyezett vattacukor fa \u00e1gak magasabb hat\u00e1st \u00e9s extra text\u00far\u00e1t adnak. D\u00edsz\u00edthetsz a k\u00f6zel\u00e9ben sz\u00ednes vagy mint\u00e1s \u00fcvegekkel is. \u00cdgy a pultod egyszerre lesz sz\u00e9p \u00e9s praktikus \u2013 a csal\u00e1dtagoknak pedig mindig szem el\u0151tt lesznek az eg\u00e9szs\u00e9ges nassolnival\u00f3k.<\/p>\n<h2>Rusztikus-modern konyha szigetes dekor\u00e1ci\u00f3val<\/h2>\n<p><img loading=\"lazy\" decoding=\"async\" width=\"700\" height=\"1049\" alt=\"St\u00edlusos konyha m\u00e1rv\u00e1ny szigettel, rajta gy\u00fcm\u00f6lcst\u00e1lca, csill\u00e1rok, lebeg\u0151 polcokon d\u00edszn\u00f6v\u00e9nyek \u00e9s ker\u00e1mi\u00e1k.\" class=\"aligncenter size-full wp-image-6557\" src=\"https:\/\/doubletakedecor.com\/uploads\/2025\/08\/kitchen-countertop-decor-ideas-dtd-16.jpg\" srcset=\"https:\/\/doubletakedecor.com\/uploads\/2025\/08\/kitchen-countertop-decor-ideas-dtd-16.jpg 700w, https:\/\/doubletakedecor.com\/uploads\/2025\/08\/kitchen-countertop-decor-ideas-dtd-16-200x300.jpg 200w, https:\/\/doubletakedecor.com\/uploads\/2025\/08\/kitchen-countertop-decor-ideas-dtd-16-683x1024.jpg 683w, https:\/\/doubletakedecor.com\/uploads\/2025\/08\/kitchen-countertop-decor-ideas-dtd-16-96x144.jpg 96w, https:\/\/doubletakedecor.com\/uploads\/2025\/08\/kitchen-countertop-decor-ideas-dtd-16-280x420.jpg 280w, https:\/\/doubletakedecor.com\/uploads\/2025\/08\/kitchen-countertop-decor-ideas-dtd-16-320x480.jpg 320w, https:\/\/doubletakedecor.com\/uploads\/2025\/08\/kitchen-countertop-decor-ideas-dtd-16-360x539.jpg 360w, https:\/\/doubletakedecor.com\/uploads\/2025\/08\/kitchen-countertop-decor-ideas-dtd-16-363x544.jpg 363w, https:\/\/doubletakedecor.com\/uploads\/2025\/08\/kitchen-countertop-decor-ideas-dtd-16-370x554.jpg 370w, https:\/\/doubletakedecor.com\/uploads\/2025\/08\/kitchen-countertop-decor-ideas-dtd-16-400x599.jpg 400w, https:\/\/doubletakedecor.com\/uploads\/2025\/08\/kitchen-countertop-decor-ideas-dtd-16-560x839.jpg 560w, https:\/\/doubletakedecor.com\/uploads\/2025\/08\/kitchen-countertop-decor-ideas-dtd-16-480x719.jpg 480w\" sizes=\"auto, (max-width: 700px) 100vw, 700px\" \/><\/p>\n<p>K\u00e9sz\u00edts l\u00e1tv\u00e1nyos k\u00f6zponti elemet egy mint\u00e1s t\u00e1lc\u00e1val a pulton, melybe friss gy\u00fcm\u00f6lcs\u00f6t \u00e9s f\u0171szern\u00f6v\u00e9nyeket is tehetsz. Helyezd a szigetre, \u00edgy marad el\u00e9g hely a munk\u00e1hoz, m\u00e9gis feldobja a l\u00e1tv\u00e1nyt. Lebeg\u0151 polcokra tegy\u00e9l v\u00e1g\u00f3deszk\u00e1kat, ed\u00e9nyeket, vagy n\u00e9h\u00e1ny sz\u00e9p d\u00edszt. A term\u00e9szetes elemek melegs\u00e9get visznek a modern fel\u00fcletek k\u00f6z\u00e9.<\/p>\n<h2>Citrusok \u00e9s fa kieg\u00e9sz\u00edt\u0151k a konyh\u00e1ban<\/h2>\n<p><img loading=\"lazy\" decoding=\"async\" width=\"700\" height=\"1050\" alt=\"St\u00edlusos konyhasarok feh\u00e9r szekr\u00e9nyekkel, gr\u00e1nit munkalappal, narancsos kos\u00e1rral, ol\u00edvaolajas \u00fcveggel \u00e9s fa v\u00e1g\u00f3deszk\u00e1kkal.\" class=\"aligncenter size-full wp-image-6563\" src=\"https:\/\/doubletakedecor.com\/uploads\/2025\/08\/kitchen-countertop-decor-ideas-dtd-17.jpg\" srcset=\"https:\/\/doubletakedecor.com\/uploads\/2025\/08\/kitchen-countertop-decor-ideas-dtd-17.jpg 700w, https:\/\/doubletakedecor.com\/uploads\/2025\/08\/kitchen-countertop-decor-ideas-dtd-17-200x300.jpg 200w, https:\/\/doubletakedecor.com\/uploads\/2025\/08\/kitchen-countertop-decor-ideas-dtd-17-683x1024.jpg 683w, https:\/\/doubletakedecor.com\/uploads\/2025\/08\/kitchen-countertop-decor-ideas-dtd-17-96x144.jpg 96w, https:\/\/doubletakedecor.com\/uploads\/2025\/08\/kitchen-countertop-decor-ideas-dtd-17-280x420.jpg 280w, https:\/\/doubletakedecor.com\/uploads\/2025\/08\/kitchen-countertop-decor-ideas-dtd-17-320x480.jpg 320w, https:\/\/doubletakedecor.com\/uploads\/2025\/08\/kitchen-countertop-decor-ideas-dtd-17-360x540.jpg 360w, https:\/\/doubletakedecor.com\/uploads\/2025\/08\/kitchen-countertop-decor-ideas-dtd-17-363x545.jpg 363w, https:\/\/doubletakedecor.com\/uploads\/2025\/08\/kitchen-countertop-decor-ideas-dtd-17-370x555.jpg 370w, https:\/\/doubletakedecor.com\/uploads\/2025\/08\/kitchen-countertop-decor-ideas-dtd-17-400x600.jpg 400w, https:\/\/doubletakedecor.com\/uploads\/2025\/08\/kitchen-countertop-decor-ideas-dtd-17-560x840.jpg 560w, https:\/\/doubletakedecor.com\/uploads\/2025\/08\/kitchen-countertop-decor-ideas-dtd-17-480x720.jpg 480w\" sizes=\"auto, (max-width: 700px) 100vw, 700px\" \/><\/p>\n<p>Kombin\u00e1ld a nat\u00far fa fel\u00fcleteket friss citrusf\u00e9l\u00e9kkel, hogy egyszer\u0171, m\u00e9gis dekorat\u00edv pultot alak\u00edts ki. Alapnak haszn\u00e1lj f\u00e1b\u00f3l k\u00e9sz\u00fclt v\u00e1g\u00f3deszk\u00e1kat, majd tegy\u00e9l r\u00e1 egy fonott kos\u00e1rnyi narancsot \u2013 a sz\u00edn\u00fck j\u00f3l kiemelkedik a feh\u00e9r szekr\u00e9nyek mellett. Egy sz\u00e9p ol\u00edvaolajos \u00fcveg egyszerre praktikus \u00e9s mutat\u00f3s. Az eg\u00e9sz elrendez\u00e9s legyen \u00e1tl\u00e1that\u00f3 \u00e9s k\u00f6nnyen haszn\u00e1lhat\u00f3, hogy maradjon hely a f\u0151z\u00e9shez.<\/p>\n<h2>Vid\u00e9ki mosogat\u00f3 arany csappal<\/h2>\n<p><img loading=\"lazy\" decoding=\"async\" width=\"700\" height=\"1050\" alt=\"Modern konyha vid\u00e9ki st\u00edlus\u00fa mosogat\u00f3val, arany csappal, nyitott polcokkal \u00e9s d\u00edsz\u00edt\u0151elemekkel (narancs, cserepes n\u00f6v\u00e9ny).\" class=\"aligncenter size-full wp-image-6569\" src=\"https:\/\/doubletakedecor.com\/uploads\/2025\/08\/kitchen-countertop-decor-ideas-dtd-18.jpg\" srcset=\"https:\/\/doubletakedecor.com\/uploads\/2025\/08\/kitchen-countertop-decor-ideas-dtd-18.jpg 700w, https:\/\/doubletakedecor.com\/uploads\/2025\/08\/kitchen-countertop-decor-ideas-dtd-18-200x300.jpg 200w, https:\/\/doubletakedecor.com\/uploads\/2025\/08\/kitchen-countertop-decor-ideas-dtd-18-683x1024.jpg 683w, https:\/\/doubletakedecor.com\/uploads\/2025\/08\/kitchen-countertop-decor-ideas-dtd-18-96x144.jpg 96w, https:\/\/doubletakedecor.com\/uploads\/2025\/08\/kitchen-countertop-decor-ideas-dtd-18-280x420.jpg 280w, https:\/\/doubletakedecor.com\/uploads\/2025\/08\/kitchen-countertop-decor-ideas-dtd-18-320x480.jpg 320w, https:\/\/doubletakedecor.com\/uploads\/2025\/08\/kitchen-countertop-decor-ideas-dtd-18-360x540.jpg 360w, https:\/\/doubletakedecor.com\/uploads\/2025\/08\/kitchen-countertop-decor-ideas-dtd-18-363x545.jpg 363w, https:\/\/doubletakedecor.com\/uploads\/2025\/08\/kitchen-countertop-decor-ideas-dtd-18-370x555.jpg 370w, https:\/\/doubletakedecor.com\/uploads\/2025\/08\/kitchen-countertop-decor-ideas-dtd-18-400x600.jpg 400w, https:\/\/doubletakedecor.com\/uploads\/2025\/08\/kitchen-countertop-decor-ideas-dtd-18-560x840.jpg 560w, https:\/\/doubletakedecor.com\/uploads\/2025\/08\/kitchen-countertop-decor-ideas-dtd-18-480x720.jpg 480w\" sizes=\"auto, (max-width: 700px) 100vw, 700px\" \/><\/p>\n<p>K\u00f6sd \u00f6ssze a praktikumot \u00e9s az eleganci\u00e1t klasszikus vid\u00e9ki mosogat\u00f3val \u00e9s modern arany csappal. A mindennapi ed\u00e9nyeket nyitott polcokra helyezheted: \u00edgy k\u00e9zn\u00e9l lesznek, \u00e9s d\u00edsz\u00edtik is a konyh\u00e1t. F\u00e1b\u00f3l k\u00e9sz\u00fclt t\u00e1lc\u00e1k vagy friss gy\u00fcm\u00f6lcs\u00f6k melegs\u00e9get adnak. Ez a kombin\u00e1ci\u00f3 id\u0151tlen, egyszerre kifinomult \u00e9s praktikus k\u00f6z\u00e9ppontja lesz a konyh\u00e1nak.<\/p>\n<h2>M\u00e1rv\u00e1nyos konyha lebeg\u0151 polcokkal<\/h2>\n<p><img loading=\"lazy\" decoding=\"async\" width=\"700\" height=\"1050\" alt=\"Vil\u00e1gos konyha m\u00e1rv\u00e1ny pulttal, arany csappal, bolt\u00edves ablakkal \u00e9s lebeg\u0151 fa polcokon n\u00f6v\u00e9nyek \u00e9s ed\u00e9nyek.\" class=\"aligncenter size-full wp-image-6575\" src=\"https:\/\/doubletakedecor.com\/uploads\/2025\/08\/kitchen-countertop-decor-ideas-dtd-19.jpg\" srcset=\"https:\/\/doubletakedecor.com\/uploads\/2025\/08\/kitchen-countertop-decor-ideas-dtd-19.jpg 700w, https:\/\/doubletakedecor.com\/uploads\/2025\/08\/kitchen-countertop-decor-ideas-dtd-19-200x300.jpg 200w, https:\/\/doubletakedecor.com\/uploads\/2025\/08\/kitchen-countertop-decor-ideas-dtd-19-683x1024.jpg 683w, https:\/\/doubletakedecor.com\/uploads\/2025\/08\/kitchen-countertop-decor-ideas-dtd-19-96x144.jpg 96w, https:\/\/doubletakedecor.com\/uploads\/2025\/08\/kitchen-countertop-decor-ideas-dtd-19-280x420.jpg 280w, https:\/\/doubletakedecor.com\/uploads\/2025\/08\/kitchen-countertop-decor-ideas-dtd-19-320x480.jpg 320w, https:\/\/doubletakedecor.com\/uploads\/2025\/08\/kitchen-countertop-decor-ideas-dtd-19-360x540.jpg 360w, https:\/\/doubletakedecor.com\/uploads\/2025\/08\/kitchen-countertop-decor-ideas-dtd-19-363x545.jpg 363w, https:\/\/doubletakedecor.com\/uploads\/2025\/08\/kitchen-countertop-decor-ideas-dtd-19-370x555.jpg 370w, https:\/\/doubletakedecor.com\/uploads\/2025\/08\/kitchen-countertop-decor-ideas-dtd-19-400x600.jpg 400w, https:\/\/doubletakedecor.com\/uploads\/2025\/08\/kitchen-countertop-decor-ideas-dtd-19-560x840.jpg 560w, https:\/\/doubletakedecor.com\/uploads\/2025\/08\/kitchen-countertop-decor-ideas-dtd-19-480x720.jpg 480w\" sizes=\"auto, (max-width: 700px) 100vw, 700px\" \/><\/p>\n<p>Var\u00e1zsolj id\u0151tlen hangulatot eleg\u00e1ns m\u00e1rv\u00e1nypulttal \u00e9s ahhoz ill\u0151 h\u00e1tlappal. Az arany csapok modern eleganci\u00e1t adnak. Lebeg\u0151 fa polcokon helyezd el a kedvenc t\u00e1ny\u00e9rjaidat, b\u00f6gr\u00e9ket meg n\u00e9h\u00e1ny apr\u00f3 cserepes n\u00f6v\u00e9nyt \u2013 ezek melegs\u00e9get visznek a t\u00e9rbe. A mosogat\u00f3 mell\u00e9 friss vir\u00e1got is tehetsz, hogy minden nap pezsd\u00edt\u0151 legyen a f\u0151z\u00e9s.<\/p>\n<h2>Modern konyha st\u00edlusos dekorral<\/h2>\n<p><img loading=\"lazy\" decoding=\"async\" width=\"700\" height=\"1050\" alt=\"Modern konyha rozsdamentes ac\u00e9l t\u0171zhellyel, fekete v\u00e1z\u00e1ban vir\u00e1gd\u00edsszel \u00e9s ker\u00e1miacser\u00e9ped\u00e9nyekkel a munkalapon.\" class=\"aligncenter size-full wp-image-6581\" src=\"https:\/\/doubletakedecor.com\/uploads\/2025\/08\/kitchen-countertop-decor-ideas-dtd-20.jpg\" srcset=\"https:\/\/doubletakedecor.com\/uploads\/2025\/08\/kitchen-countertop-decor-ideas-dtd-20.jpg 700w, https:\/\/doubletakedecor.com\/uploads\/2025\/08\/kitchen-countertop-decor-ideas-dtd-20-200x300.jpg 200w, https:\/\/doubletakedecor.com\/uploads\/2025\/08\/kitchen-countertop-decor-ideas-dtd-20-683x1024.jpg 683w, https:\/\/doubletakedecor.com\/uploads\/2025\/08\/kitchen-countertop-decor-ideas-dtd-20-96x144.jpg 96w, https:\/\/doubletakedecor.com\/uploads\/2025\/08\/kitchen-countertop-decor-ideas-dtd-20-280x420.jpg 280w, https:\/\/doubletakedecor.com\/uploads\/2025\/08\/kitchen-countertop-decor-ideas-dtd-20-320x480.jpg 320w, https:\/\/doubletakedecor.com\/uploads\/2025\/08\/kitchen-countertop-decor-ideas-dtd-20-360x540.jpg 360w, https:\/\/doubletakedecor.com\/uploads\/2025\/08\/kitchen-countertop-decor-ideas-dtd-20-363x545.jpg 363w, https:\/\/doubletakedecor.com\/uploads\/2025\/08\/kitchen-countertop-decor-ideas-dtd-20-370x555.jpg 370w, https:\/\/doubletakedecor.com\/uploads\/2025\/08\/kitchen-countertop-decor-ideas-dtd-20-400x600.jpg 400w, https:\/\/doubletakedecor.com\/uploads\/2025\/08\/kitchen-countertop-decor-ideas-dtd-20-560x840.jpg 560w, https:\/\/doubletakedecor.com\/uploads\/2025\/08\/kitchen-countertop-decor-ideas-dtd-20-480x720.jpg 480w\" sizes=\"auto, (max-width: 700px) 100vw, 700px\" \/><\/p>\n<p>Tegy\u00e9l karaktert a f\u0151z\u0151t\u00e9rbe egy hangs\u00falyos v\u00e1z\u00e1val, benne sz\u00e1r\u00edtott vir\u00e1gokkal vagy \u00e1gakkal, a t\u0171zhely k\u00f6zel\u00e9be. Eg\u00e9sz\u00edtsd ki rusztikus, text\u00far\u00e1s ker\u00e1miaed\u00e9nyekkel \u2013 p\u00e9ld\u00e1ul terrakotta \u00e9s feh\u00e9r sz\u00ednekben \u2013 hogy kontrasztot teremts a s\u00f6t\u00e9t pulton. A rendez\u00e9s legyen letisztult \u00e9s egys\u00e9ges, a dekor\u00e1ci\u00f3k pedig maradjanak kell\u0151 t\u00e1vols\u00e1gban a h\u0151forr\u00e1sokt\u00f3l.<\/p>\n<h2>Rusztikus-modern konyhasziget dekor\u00e1ci\u00f3<\/h2>\n<p><img loading=\"lazy\" decoding=\"async\" width=\"700\" height=\"1049\" alt=\"M\u00e1rv\u00e1nybor\u00edt\u00e1s\u00fa konyhasziget friss narancsokkal, fa kieg\u00e9sz\u00edt\u0151kkel, nyitott polcokkal \u00e9s modern g\u00e9pekkel, meleg semleges sz\u00ednekben.\" class=\"aligncenter size-full wp-image-6587\" src=\"https:\/\/doubletakedecor.com\/uploads\/2025\/08\/kitchen-countertop-decor-ideas-dtd-21.jpg\" srcset=\"https:\/\/doubletakedecor.com\/uploads\/2025\/08\/kitchen-countertop-decor-ideas-dtd-21.jpg 700w, https:\/\/doubletakedecor.com\/uploads\/2025\/08\/kitchen-countertop-decor-ideas-dtd-21-200x300.jpg 200w, https:\/\/doubletakedecor.com\/uploads\/2025\/08\/kitchen-countertop-decor-ideas-dtd-21-683x1024.jpg 683w, https:\/\/doubletakedecor.com\/uploads\/2025\/08\/kitchen-countertop-decor-ideas-dtd-21-96x144.jpg 96w, https:\/\/doubletakedecor.com\/uploads\/2025\/08\/kitchen-countertop-decor-ideas-dtd-21-280x420.jpg 280w, https:\/\/doubletakedecor.com\/uploads\/2025\/08\/kitchen-countertop-decor-ideas-dtd-21-320x480.jpg 320w, https:\/\/doubletakedecor.com\/uploads\/2025\/08\/kitchen-countertop-decor-ideas-dtd-21-360x539.jpg 360w, https:\/\/doubletakedecor.com\/uploads\/2025\/08\/kitchen-countertop-decor-ideas-dtd-21-363x544.jpg 363w, https:\/\/doubletakedecor.com\/uploads\/2025\/08\/kitchen-countertop-decor-ideas-dtd-21-370x554.jpg 370w, https:\/\/doubletakedecor.com\/uploads\/2025\/08\/kitchen-countertop-decor-ideas-dtd-21-400x599.jpg 400w, https:\/\/doubletakedecor.com\/uploads\/2025\/08\/kitchen-countertop-decor-ideas-dtd-21-560x839.jpg 560w, https:\/\/doubletakedecor.com\/uploads\/2025\/08\/kitchen-countertop-decor-ideas-dtd-21-480x719.jpg 480w\" sizes=\"auto, (max-width: 700px) 100vw, 700px\" \/><\/p>\n<p>Vigy\u00e9l sz\u00ednt \u00e9s \u00e9letet a konyh\u00e1ba egy t\u00e1l friss citrusgy\u00fcm\u00f6lccsel a m\u00e1rv\u00e1ny szigeten. A s\u00e1rga-narancs \u00e1rnyalat\u00fa gy\u00fcm\u00f6lcs\u00f6k vid\u00e1man kiemelkednek a semleges t\u00f3nusok k\u00f6z\u00fcl, mik\u00f6zben az \u00f6sszhat\u00e1s nem lesz zs\u00fafolt. Rakj mell\u00e9 n\u00e9h\u00e1ny fa v\u00e1g\u00f3deszk\u00e1t vagy ed\u00e9nyt, \u00edgy melegebb, rusztikus-modern hat\u00e1s\u00fa lesz az eg\u00e9sz t\u00e9r.<\/p>\n<h2>Modern rusztikus konyha term\u00e9szetes elemekkel<\/h2>\n<p><img loading=\"lazy\" decoding=\"async\" width=\"700\" height=\"1050\" alt=\"Meleg fa szekr\u00e9nyek, s\u00f6t\u00e9t pult, vid\u00e9ki mosogat\u00f3, gy\u00fcm\u00f6lcst\u00e1l \u00e9s z\u00f6ldn\u00f6v\u00e9ny a fekete keretes ablak el\u0151tt.\" class=\"aligncenter size-full wp-image-6593\" src=\"https:\/\/doubletakedecor.com\/uploads\/2025\/08\/kitchen-countertop-decor-ideas-dtd-22.jpg\" srcset=\"https:\/\/doubletakedecor.com\/uploads\/2025\/08\/kitchen-countertop-decor-ideas-dtd-22.jpg 700w, https:\/\/doubletakedecor.com\/uploads\/2025\/08\/kitchen-countertop-decor-ideas-dtd-22-200x300.jpg 200w, https:\/\/doubletakedecor.com\/uploads\/2025\/08\/kitchen-countertop-decor-ideas-dtd-22-683x1024.jpg 683w, https:\/\/doubletakedecor.com\/uploads\/2025\/08\/kitchen-countertop-decor-ideas-dtd-22-96x144.jpg 96w, https:\/\/doubletakedecor.com\/uploads\/2025\/08\/kitchen-countertop-decor-ideas-dtd-22-280x420.jpg 280w, https:\/\/doubletakedecor.com\/uploads\/2025\/08\/kitchen-countertop-decor-ideas-dtd-22-320x480.jpg 320w, https:\/\/doubletakedecor.com\/uploads\/2025\/08\/kitchen-countertop-decor-ideas-dtd-22-360x540.jpg 360w, https:\/\/doubletakedecor.com\/uploads\/2025\/08\/kitchen-countertop-decor-ideas-dtd-22-363x545.jpg 363w, https:\/\/doubletakedecor.com\/uploads\/2025\/08\/kitchen-countertop-decor-ideas-dtd-22-370x555.jpg 370w, https:\/\/doubletakedecor.com\/uploads\/2025\/08\/kitchen-countertop-decor-ideas-dtd-22-400x600.jpg 400w, https:\/\/doubletakedecor.com\/uploads\/2025\/08\/kitchen-countertop-decor-ideas-dtd-22-560x840.jpg 560w, https:\/\/doubletakedecor.com\/uploads\/2025\/08\/kitchen-countertop-decor-ideas-dtd-22-480x720.jpg 480w\" sizes=\"auto, (max-width: 700px) 100vw, 700px\" \/><\/p>\n<p>Alak\u00edts ki egyens\u00falyt a konyh\u00e1ban, ha d\u00edszt\u00e1rgyakat mindig h\u00e1rmas\u00e1val csoportos\u00edtasz. Rakj egy rusztikus gy\u00fcm\u00f6lcst\u00e1lat k\u00f6zel a f\u0151z\u0151fel\u00fclethez \u2013 j\u00f3l mutat \u00e9s hasznos is. Egyszer\u0171 v\u00e1z\u00e1ba tett friss z\u00f6ld n\u00f6v\u00e9ny \u00faj \u00e9letet ad a pultnak. Ugyanakkor hagyd szabadon a f\u0151z\u00e9si ter\u00fcleteket, csak a pult sz\u00e9l\u00e9t dekor\u00e1ld, \u00edgy a munka is k\u00f6nnyen megy majd.<\/p>\n<h2>K\u00e9k szekr\u00e9nyek \u00e9s m\u00e1rv\u00e1ny sziget<\/h2>\n<p><img loading=\"lazy\" decoding=\"async\" width=\"700\" height=\"1049\" alt=\"Modern konyha l\u00e1gy k\u00e9k szekr\u00e9nyekkel, m\u00e1rv\u00e1ny szigeten friss gy\u00fcm\u00f6lcs\u00f6kkel, krist\u00e1ly f\u00fcgg\u0151l\u00e1mp\u00e1kkal \u00e9s k\u00e9k cs\u00edkos b\u00e1rsz\u00e9kekkel.\" class=\"aligncenter size-full wp-image-6599\" src=\"https:\/\/doubletakedecor.com\/uploads\/2025\/08\/kitchen-countertop-decor-ideas-dtd-23.jpg\" srcset=\"https:\/\/doubletakedecor.com\/uploads\/2025\/08\/kitchen-countertop-decor-ideas-dtd-23.jpg 700w, https:\/\/doubletakedecor.com\/uploads\/2025\/08\/kitchen-countertop-decor-ideas-dtd-23-200x300.jpg 200w, https:\/\/doubletakedecor.com\/uploads\/2025\/08\/kitchen-countertop-decor-ideas-dtd-23-683x1024.jpg 683w, https:\/\/doubletakedecor.com\/uploads\/2025\/08\/kitchen-countertop-decor-ideas-dtd-23-96x144.jpg 96w, https:\/\/doubletakedecor.com\/uploads\/2025\/08\/kitchen-countertop-decor-ideas-dtd-23-280x420.jpg 280w, https:\/\/doubletakedecor.com\/uploads\/2025\/08\/kitchen-countertop-decor-ideas-dtd-23-320x480.jpg 320w, https:\/\/doubletakedecor.com\/uploads\/2025\/08\/kitchen-countertop-decor-ideas-dtd-23-360x539.jpg 360w, https:\/\/doubletakedecor.com\/uploads\/2025\/08\/kitchen-countertop-decor-ideas-dtd-23-363x544.jpg 363w, https:\/\/doubletakedecor.com\/uploads\/2025\/08\/kitchen-countertop-decor-ideas-dtd-23-370x554.jpg 370w, https:\/\/doubletakedecor.com\/uploads\/2025\/08\/kitchen-countertop-decor-ideas-dtd-23-400x599.jpg 400w, https:\/\/doubletakedecor.com\/uploads\/2025\/08\/kitchen-countertop-decor-ideas-dtd-23-560x839.jpg 560w, https:\/\/doubletakedecor.com\/uploads\/2025\/08\/kitchen-countertop-decor-ideas-dtd-23-480x719.jpg 480w\" sizes=\"auto, (max-width: 700px) 100vw, 700px\" \/><\/p>\n<p>\u00c9rj el egy t\u00f6k\u00e9letes egyens\u00falyt, ha egyszer\u0171 gy\u00fcm\u00f6lcst\u00e1lat teszel a m\u00e1rv\u00e1ny szigetre \u2013 ett\u0151l sz\u00ednes lesz, m\u00e9gis letisztult. Emeld ki ezt a r\u00e9szt eleg\u00e1ns f\u00fcgg\u0151l\u00e1mp\u00e1kkal, melyek k\u00fcl\u00f6nb\u00f6z\u0151 magass\u00e1gban l\u00f3gnak. V\u00e1lassz olyan b\u00e1rsz\u00e9keket, amelyek sz\u00edne illik a konyhaszekr\u00e9nyekhez, \u00edgy igaz\u00e1n egys\u00e9ges \u00e9s rendezett lesz az \u00f6sszk\u00e9p.<\/p>\n<h2>Meleg faburkolat\u00fa konyhasziget<\/h2>\n<p><img loading=\"lazy\" decoding=\"async\" width=\"700\" height=\"1049\" alt=\"Modern konyha feh\u00e9r szekr\u00e9nyekkel, s\u00f6t\u00e9t fa pulttal, f\u00fcgg\u0151l\u00e1mp\u00e1kkal, m\u00e1rv\u00e1ny h\u00e1tlappal \u00e9s st\u00edlusos b\u00e1rsz\u00e9kekkel.\" class=\"aligncenter size-full wp-image-6605\" src=\"https:\/\/doubletakedecor.com\/uploads\/2025\/08\/kitchen-countertop-decor-ideas-dtd-24.jpg\" srcset=\"https:\/\/doubletakedecor.com\/uploads\/2025\/08\/kitchen-countertop-decor-ideas-dtd-24.jpg 700w, https:\/\/doubletakedecor.com\/uploads\/2025\/08\/kitchen-countertop-decor-ideas-dtd-24-200x300.jpg 200w, https:\/\/doubletakedecor.com\/uploads\/2025\/08\/kitchen-countertop-decor-ideas-dtd-24-683x1024.jpg 683w, https:\/\/doubletakedecor.com\/uploads\/2025\/08\/kitchen-countertop-decor-ideas-dtd-24-96x144.jpg 96w, https:\/\/doubletakedecor.com\/uploads\/2025\/08\/kitchen-countertop-decor-ideas-dtd-24-280x420.jpg 280w, https:\/\/doubletakedecor.com\/uploads\/2025\/08\/kitchen-countertop-decor-ideas-dtd-24-320x480.jpg 320w, https:\/\/doubletakedecor.com\/uploads\/2025\/08\/kitchen-countertop-decor-ideas-dtd-24-360x539.jpg 360w, https:\/\/doubletakedecor.com\/uploads\/2025\/08\/kitchen-countertop-decor-ideas-dtd-24-363x544.jpg 363w, https:\/\/doubletakedecor.com\/uploads\/2025\/08\/kitchen-countertop-decor-ideas-dtd-24-370x554.jpg 370w, https:\/\/doubletakedecor.com\/uploads\/2025\/08\/kitchen-countertop-decor-ideas-dtd-24-400x599.jpg 400w, https:\/\/doubletakedecor.com\/uploads\/2025\/08\/kitchen-countertop-decor-ideas-dtd-24-560x839.jpg 560w, https:\/\/doubletakedecor.com\/uploads\/2025\/08\/kitchen-countertop-decor-ideas-dtd-24-480x719.jpg 480w\" sizes=\"auto, (max-width: 700px) 100vw, 700px\" \/><\/p>\n<p>Vidd be a melegs\u00e9get a konyh\u00e1ba egy gazdag sz\u00edn\u0171 fa munkalappal a szigeten. J\u00e1tssz a kontraszttal: vil\u00e1gos szekr\u00e9nyek mell\u00e9 v\u00e1lassz s\u00f6t\u00e9tebb fafel\u00fcletet, \u00edgy eleg\u00e1ns lesz a t\u00e9r. Fentr\u0151l l\u00e1mp\u00e1kkal is kihangs\u00falyozhatod ezt a k\u00f6zponti r\u00e9szt. Helyezz el k\u00e9nyelmes sz\u00e9keket: \u00edgy a sziget egyszerre lesz munka\u00e1llom\u00e1s \u00e9s remek hely a t\u00e1rsas\u00e1gi \u00e9lethez is.<\/p>\n<h2>GYIK<\/h2>\n<details class=\"g-accordion \"><summary><h3>Milyen st\u00edlusos \u00f6tletek vannak a konyhapult dekor\u00e1l\u00e1s\u00e1ra?<\/h3><\/summary>\n<p>A konyhapult dekor\u00e1l\u00e1sa arr\u00f3l sz\u00f3l, hogyan lehet az eszt\u00e9tik\u00e1t a rendezetts\u00e9ggel \u00f6tv\u00f6zni. Egy sz\u00e9p t\u00e1lca seg\u00edt rendszerezetten tartani a t\u00e1rolt dolgokat, mik\u00f6zben eleg\u00e1ns hat\u00e1st kelt. Egy v\u00e1z\u00e1ba helyezett friss vir\u00e1gok \u00e9l\u00e9nk sz\u00edneket \u00e9s term\u00e9szetes hangulatot visznek a t\u00e9rbe. Ha k\u00fcl\u00f6nleges konyhai eszk\u00f6z\u00f6ket helyezel ki, az nemcsak mutat\u00f3s, hanem besz\u00e9lget\u00e9sind\u00edt\u00f3k\u00e9nt is szolg\u00e1l.<\/p>\n<p>Ha k\u00fcl\u00f6nb\u00f6z\u0151 magass\u00e1g\u00fa vagy text\u00far\u00e1j\u00fa t\u00e1rgyakat haszn\u00e1lsz, izgalmasabb lesz az \u00f6sszk\u00e9p. Pr\u00f3b\u00e1ld ki, hogy egym\u00e1sra teszel n\u00e9h\u00e1ny szak\u00e1csk\u00f6nyvet, vagy kreat\u00edvan rendezed el a v\u00e1g\u00f3deszk\u00e1kat \u2013 \u00edgy m\u00e9lys\u00e9get adhatsz a pultnak. Ha egys\u00e9ges sz\u00edneket v\u00e1lasztasz, az \u00f6sszk\u00e9p letisztultabb lesz, \u00edgy minden r\u00e9sze sz\u00e9pen illeszkedik egym\u00e1shoz.<\/p>\n<p>A szem\u00e9lyes t\u00e1rgyak, p\u00e9ld\u00e1ul csal\u00e1di fot\u00f3k vagy k\u00e9zzel k\u00e9sz\u00edtett d\u00edszek, otthonosabb\u00e1 \u00e9s egyedibb\u00e9 teszik a konyh\u00e1t. Ezek a kis dolgok izgalmat \u00e9s saj\u00e1t st\u00edlust visznek a t\u00e9rbe.<\/p>\n<p>Frissess\u00e9get adhatsz a dekor\u00e1ci\u00f3nak, ha \u00e9vszakonk\u00e9nt cser\u00e9led:<\/p>\n<ul>\n<li>\u0151sszel meleg, \u0151szi sz\u00ednek,<\/li>\n<li>tavasszal \u00e9l\u00e9nkebb \u00e1rnyalatok,<\/li>\n<li>\u00edgy k\u00f6nnyen \u00faj hangulatot k\u00f6lcs\u00f6n\u00f6zhetsz a pultnak.<\/li>\n<\/ul>\n<p><strong>Ha tudatosan \u00f6tv\u00f6z\u00f6d ezeket az \u00f6tleteket, a konyhapultod egyszerre lehet st\u00edlusos \u00e9s praktikus, \u00e9s t\u00f6k\u00e9letesen illik majd a konyha eg\u00e9sz\u00e9hez.<\/strong><\/p>\n<\/details><details class=\"g-accordion \"><summary><h3>Hogyan van hat\u00e1ssal a modern konyhadesign a pult dekorj\u00e1ra?<\/h3><\/summary>\n<p>A modern konyhadesign teljesen megv\u00e1ltoztatja a pult megjelen\u00e9s\u00e9t, mivel hangs\u00falyozza a <strong>letisztult vonalakat<\/strong>, a minimalizmust \u00e9s a funkci\u00f3t. Ebben a st\u00edlusban ink\u00e1bb az egyszer\u0171, eleg\u00e1ns elemek a jellemz\u0151k, ahol a diz\u00e1jn \u00e9s a hasznoss\u00e1g egy\u00fctt j\u00e1r. Az olyan anyagok, mint a <strong>rozsdamentes ac\u00e9l<\/strong> vagy a <strong>kvarc<\/strong> nagyon n\u00e9pszer\u0171ek, mivel sima fel\u00fcletet biztos\u00edtanak a dekor\u00e1ci\u00f3nak.<\/p>\n<p>Praktikus kieg\u00e9sz\u00edt\u0151k, mint p\u00e9ld\u00e1ul mutat\u00f3s ev\u0151eszk\u00f6ztart\u00f3k vagy st\u00edlusos v\u00e1g\u00f3deszk\u00e1k j\u00f3l illenek ebbe a letisztult k\u00f6rnyezetbe. Ezek a t\u00e1rgyak nemcsak hasznosak, de feldobj\u00e1k a l\u00e1tv\u00e1nyt is an\u00e9lk\u00fcl, hogy t\u00falzs\u00fafolt lenne a pult. A c\u00e9l, hogy minden rendezett legyen, ez\u00e9rt a fontos konyhai eszk\u00f6z\u00f6ket is a dekor\u00e1ci\u00f3 r\u00e9szek\u00e9nt helyezd el.<\/p>\n<p>Az anyagv\u00e1laszt\u00e1s nagyban meghat\u00e1rozza az \u00f6sszhat\u00e1st:<\/p>\n<ul>\n<li>a rozsdamentes ac\u00e9l eleg\u00e1nsan csillog, \u00e9s j\u00f3l illik a t\u00f6bbi f\u00e9mes kieg\u00e9sz\u00edt\u0151h\u00f6z vagy g\u00e9phez,<\/li>\n<li>a kvarc tart\u00f3s \u00e9s visszafogottan eleg\u00e1ns, k\u00f6nnyen p\u00e1ros\u00edthat\u00f3 b\u00e1rmilyen dekorelemmel,<\/li>\n<li>mindk\u00e9t anyag j\u00f3l mutat egy modern konyh\u00e1ban.<\/li>\n<\/ul>\n<p>M\u00e9g ebben a modern, egyszer\u0171 st\u00edlusban is lehet\u0151s\u00e9g van arra, hogy egy\u00e9ni r\u00e9szleteket csemp\u00e9ssz a t\u00e9rbe. M\u00e1s-m\u00e1s text\u00far\u00e1k vagy \u00e9l\u00e9nk sz\u00edn\u0171 kieg\u00e9sz\u00edt\u0151k egy kis \u00e9letet \u00e9s karaktert adnak a letisztult k\u00f6rnyezethez.<\/p>\n<p>\u00d6sszess\u00e9g\u00e9ben a modern konyha olyan pultdekor\u00e1ci\u00f3t \u00f6szt\u00f6n\u00f6z, amely egyszerre funkcion\u00e1lis \u00e9s l\u00e1tv\u00e1nyos. <strong>\u00cdgy a konyh\u00e1d megfelel a leg\u00fajabb trendeknek, mik\u00f6zben a gyakorlatot helyezi el\u0151t\u00e9rbe.<\/strong><\/p>\n<\/details><details class=\"g-accordion \"><summary><h3>Milyen \u00f6tletek vannak t\u00e1gas konyhapult dekor\u00e1l\u00e1s\u00e1ra?<\/h3><\/summary>\n<p><strong>Nagy m\u00e9ret\u0171 d\u00edszt\u00e1lc\u00e1k<\/strong> kiv\u00e1l\u00f3ak a nagy pultokon, mert rendszerezik a t\u00e1rgyakat, k\u00f6zben st\u00edlust adnak a t\u00e9rnek. Egy t\u00e1gas gy\u00fcm\u00f6lcskos\u00e1r vagy d\u00edszes t\u00e1rol\u00f3ed\u00e9ny jobban \u00e9szrevehet\u0151 lesz, \u00e9s f\u00f3kuszpontt\u00e1 v\u00e1lhat. Egy <strong>t\u00f6bbszintes t\u00e1lca<\/strong> m\u00e9g t\u00f6bb lehet\u0151s\u00e9get k\u00edn\u00e1l: j\u00e1t\u00e9kot visz a magass\u00e1ggal, \u00edgy v\u00e1ltozatosabb a l\u00e1tv\u00e1ny. Ha nagyobb n\u00f6v\u00e9nyeket vagy v\u00e1z\u00e1kat helyezel ki, azok term\u00e9szetess\u00e9get \u00e9s sz\u00ednt visznek a konyh\u00e1ba. Ezek a darabok nemcsak hasznosak, de seg\u00edtenek abban is, hogy igaz\u00e1n egys\u00e9ges \u00e9s bar\u00e1ts\u00e1gos legyen a dekor\u00e1ci\u00f3.<\/p>\n<\/details><details class=\"g-accordion \"><summary><h3>Mik a legjobb tippek minimalista pultdekor\u00e1ci\u00f3hoz?<\/h3><\/summary>\n<p>A <strong>minimalista pultdekor\u00e1ci\u00f3<\/strong> a letisztults\u00e1got \u00e9s a praktikuss\u00e1got \u00f6tv\u00f6zi. N\u00e9h\u00e1ny fontos darabot v\u00e1lassz, p\u00e9ld\u00e1ul egy st\u00edlusos gy\u00fcm\u00f6lcskosarat vagy egy eleg\u00e1ns v\u00e1g\u00f3deszk\u00e1t. Igyekezz, hogy a fel\u00fclet mindig tiszta maradjon, ez\u00e9rt csak a sz\u00fcks\u00e9ges t\u00e1rgyakat hagyd el\u00f6l. Ha lehet, rejts el mindent a szekr\u00e9nyben vagy fi\u00f3kban.<\/p>\n<p>Olyan d\u00edszeket v\u00e1lassz, amik j\u00f3l illenek a konyha sz\u00ednvil\u00e1g\u00e1hoz, \u00edgy egys\u00e9ges marad a t\u00e9r. A term\u00e9szetes anyagok \u00e9s a semleges sz\u00ednek frissebb hat\u00e1st keltenek. A nyitott polcokra pedig olyan t\u00e1rgyakat tehetsz, amik t\u00fckr\u00f6zik az egy\u00e9nis\u00e9ged, de m\u00e9gsem lesz zs\u00fafolt az \u00f6sszk\u00e9p.<\/p>\n<p><strong>Ez a m\u00f3dszer kiemeli a konyha sz\u00e9ps\u00e9g\u00e9t, mik\u00f6zben megmarad a praktikuss\u00e1g \u00e9s a bar\u00e1ts\u00e1gos hangulat.<\/strong><\/p>\n<\/details><details class=\"g-accordion \"><summary><h3>Hogyan teheted l\u00e1tv\u00e1nyosabb\u00e1 a konyhapult dekor\u00e1ci\u00f3j\u00e1t a sz\u00ednek seg\u00edts\u00e9g\u00e9vel?<\/h3><\/summary>\n<p>Ha szeretn\u00e9d feldobni a konyhapultot egy j\u00f3l kiv\u00e1lasztott sz\u00ednvil\u00e1ggal, az els\u0151 l\u00e9p\u00e9s, hogy olyan \u00e1rnyalatokat v\u00e1lassz, amik j\u00f3l illenek a konyha eg\u00e9sz\u00e9hez. Lehet, hogy hasonl\u00f3 sz\u00edn\u0171 t\u00e1rgyakat v\u00e1lasztasz, vagy \u00e9ppen kontrasztosakat, amelyek m\u00e9gis sz\u00e9pen harmoniz\u00e1lnak. Ide tartozhat ed\u00e9ny, ev\u0151eszk\u00f6z vagy ak\u00e1r egy d\u00edszes v\u00e1za vagy t\u00e1lca is \u2013 a l\u00e9nyeg, hogy minden egy\u00fctt mutasson j\u00f3l.<\/p>\n<p><strong>Egy \u00e1tgondolt sz\u00edns\u00e9ma seg\u00edt abban, hogy a pult dekor\u00e1ci\u00f3ja \u00f6sszhangban legyen a konyh\u00e1val, \u00e9s ne \u00fctk\u00f6zz\u00f6n m\u00e1s elemekkel.<\/strong> P\u00e9ld\u00e1ul, ha a konyh\u00e1d ink\u00e1bb semleges sz\u00ednekben pomp\u00e1zik, \u00e9l\u00e9nkebb sz\u00edn\u0171 kieg\u00e9sz\u00edt\u0151kkel &#8211; mint egy sz\u00ednes gy\u00fcm\u00f6lcst\u00e1l vagy egy mark\u00e1ns ev\u0151eszk\u00f6ztart\u00f3 &#8211; j\u00e1t\u00e9kosabb\u00e1 teheted a teret an\u00e9lk\u00fcl, hogy elnyomn\u00e1 a t\u00f6bbi dekor\u00e1ci\u00f3t.<\/p>\n<p>M\u00e9g izgalmasabb\u00e1 teheted a pultot, ha a sz\u00ednek mell\u00e9 k\u00fcl\u00f6nf\u00e9le anyagokat is kombin\u00e1lsz. P\u00e9ld\u00e1ul egy ker\u00e1mia v\u00e1za vagy egy fonott kos\u00e1r v\u00e1ltozatoss\u00e1got visz a megjelen\u00e9sbe, mik\u00f6zben illeszkedik az eg\u00e9szhez.<\/p>\n<p>\u00c9rdemes a dekor\u00e1ci\u00f3t \u00e9vszakonk\u00e9nt felfriss\u00edteni: cser\u00e9ld le a d\u00edszeket mindig az adott id\u0151szak sz\u00edneire, de maradj az eredeti sz\u00ednpalett\u00e1n\u00e1l. <strong>Ha odafigyelsz a sz\u00ednekre, a konyhapult egyszerre lehet rendezett, st\u00edlusos \u00e9s igaz\u00e1n a saj\u00e1tod.<\/strong><\/p>\n<\/details><details class=\"g-accordion \"><summary><h3>Hogyan lehet praktikusan be\u00e9p\u00edteni funkcion\u00e1lis elemeket a konyhapultba?<\/h3><\/summary>\n<p>Funkcion\u00e1lis elemekkel k\u00f6nnyed\u00e9n feldobhatod a konyhapultod, ha olyan t\u00e1rgyakat v\u00e1lasztasz, amik t\u00f6bbf\u00e9le c\u00e9lt szolg\u00e1lnak. P\u00e9ld\u00e1ul egy sz\u00e9p t\u00e1lca nem csak rendezi az ev\u0151eszk\u00f6z\u00f6ket, de dekor\u00e1ci\u00f3nak is kit\u0171n\u0151. Form\u00e1s t\u00e1rol\u00f3kban tarthatod a hozz\u00e1val\u00f3kat, mik\u00f6zben d\u00edszk\u00e9nt is mutat\u00f3sak. Egy v\u00e1g\u00f3deszka is lehet mind munkaeszk\u00f6z, mind mutat\u00f3s dekordarab. Az ilyen elemek hasznosak, mik\u00f6zben j\u00f3l n\u00e9znek ki, \u00e9s nem teszik zs\u00fafoltt\u00e1 a fel\u00fcletet.<\/p>\n<ul>\n<li>\u00fcveg t\u00e1rol\u00f3k f\u0171szereknek vagy t\u00e9szt\u00e1knak,<\/li>\n<li>praktikus t\u00e1rol\u00f3k,<\/li>\n<li>mutat\u00f3s elrendez\u00e9s a pulton.<\/li>\n<\/ul>\n<p>Ezzel a m\u00f3dszerrel minden t\u00e1rgy egyszerre <strong>hasznos<\/strong> \u00e9s <strong>dekorat\u00edv<\/strong> lesz a konyh\u00e1dban.<\/p>\n<\/details><details class=\"g-accordion \"><summary><h3>Hogyan teheti a rejtett t\u00e1rol\u00e1s szebb\u00e9 a konyhapultot?<\/h3><\/summary>\n<p>A <strong>rejtett t\u00e1rol\u00e1s<\/strong> seg\u00edthet abban, hogy a konyhapult mindig rendezett \u00e9s letisztult legyen. A <strong>szekr\u00e9nyek \u00e9s fi\u00f3kok<\/strong> elrejtik a holmikat, \u00edgy letisztultabb lesz az eg\u00e9sz t\u00e9r. Ezen k\u00edv\u00fcl a <strong>d\u00edszes t\u00e1rol\u00f3dobozok vagy kosarak<\/strong> is j\u00f3k: ezekben k\u00f6nnyen el\u00e9rheted az alapvet\u0151 dolgokat, m\u00e9gis j\u00f3l n\u00e9znek ki. Ezek a megold\u00e1sok nemcsak rendet tartanak, de <strong>eleganci\u00e1t \u00e9s praktikumot<\/strong> is adnak a konyh\u00e1dnak.<\/p>\n<\/details><details class=\"g-accordion \"><summary><h3>Mi\u00e9rt \u00e9rdemes d\u00edszt\u00e1lc\u00e1t haszn\u00e1lni a konyhapulton?<\/h3><\/summary>\n<p>A d\u00edszt\u00e1lc\u00e1k t\u00f6bbf\u00e9le el\u0151nyt k\u00edn\u00e1lnak: egyszer\u0171bb\u00e9 teszik a <strong>rendszerez\u00e9st<\/strong>, mik\u00f6zben <strong>szebb\u00e9 teszik a l\u00e1tv\u00e1nyt<\/strong> is. Ha p\u00e9ld\u00e1ul egy helyre teszed a f\u0171szereket, olajokat vagy konyhai eszk\u00f6z\u00f6ket, a pult rendezettebbnek t\u0171nik. A t\u00e1lca \u00faj r\u00e9tegeket \u00e9s text\u00far\u00e1kat hoz a dekor\u00e1ci\u00f3ba, \u00edgy mindig lesz valami k\u00fcl\u00f6nleges a pulton. Ezek a t\u00e1lc\u00e1k egyszerre seg\u00edtenek a rendrak\u00e1sban \u00e9s k\u00fcl\u00f6nleges d\u00edszei is lehetnek a konyh\u00e1nak.<\/p>\n<\/details> <details class=\"g-accordion \"><summary><h3>Milyen el\u0151nyei vannak a szintezett t\u00e1lc\u00e1s dekor\u00e1ci\u00f3nak?<\/h3><\/summary>\n<p>A szintezett t\u00e1lc\u00e1k haszn\u00e1lata nagyszer\u0171 m\u00f3dja annak, hogy a konyhai munkapultodat jobban kihaszn\u00e1ld. Ha felfel\u00e9 rendezed el a dekor\u00e1ci\u00f3t, sok dolgot mutathatsz meg an\u00e9lk\u00fcl, hogy t\u00fal sok helyet foglaln\u00e1nak\u2014ez k\u00fcl\u00f6n\u00f6sen j\u00f3l j\u00f6n kisebb konyh\u00e1kban. Ilyen t\u00e1lc\u00e1n kreat\u00edvan elrendezhetsz p\u00e9ld\u00e1ul n\u00f6v\u00e9nyeket vagy konyhai eszk\u00f6z\u00f6ket is. \u00cdgy minden rendszerezetten marad, mik\u00f6zben a l\u00e1tv\u00e1ny is sokkal bar\u00e1ts\u00e1gosabb lesz. V\u00e9g\u00fcl <strong>a h\u00e9tk\u00f6znapi konyhai holmik st\u00edlusos l\u00e1tv\u00e1nyelemekk\u00e9 v\u00e1lnak, amelyek seg\u00edtenek rendet tartani, \u00e9s feldobj\u00e1k a konyha hangulat\u00e1t is.<\/strong><\/p>\n<\/details><details class=\"g-accordion \"><summary><h3>Hogyan dobhatod fel a konyhapultot r\u00e9teges elrendez\u00e9ssel?<\/h3><\/summary>\n<p>\u00c1tgondolt elrendez\u00e9ssel szebb \u00e9s \u00e9rdekesebb lehet a konyhapultod. K\u00e9pzeld el, hogy n\u00e9h\u00e1ny k\u00f6nyvet teszel egy dekorat\u00edv t\u00e1lca al\u00e1, vagy egy kisebb n\u00f6v\u00e9nyt helyezel egy nagyobb v\u00e1za el\u00e9. Ilyen \u00f6tletekkel szuper l\u00e1tv\u00e1nyt alak\u00edthatsz ki, amik feldobj\u00e1k a pultot. <strong>Ha fa, f\u00e9m vagy ker\u00e1mia t\u00e1rgyakat is be\u00e9p\u00edtesz, m\u00e9g izgalmasabb lesz az \u00f6sszhat\u00e1s<\/strong>, r\u00e1ad\u00e1sul rendezettebbnek t\u0171nik minden.<\/p>\n<\/details><details class=\"g-accordion \"><summary><h3>Hogyan viheted bele a saj\u00e1t st\u00edlusod a konyhapult d\u00edsz\u00edt\u00e9s\u00e9be?<\/h3><\/summary>\n<p>Ha szeretn\u00e9d, hogy a konyhapult t\u00fckr\u00f6zze a szem\u00e9lyis\u00e9ged, olyan t\u00e1rgyakat v\u00e1lassz, amik t\u00e9nyleg hozz\u00e1d illenek. Haszn\u00e1lj csal\u00e1di erekly\u00e9ket, k\u00e9zzel k\u00e9sz\u00fclt d\u00edszeket vagy k\u00fcl\u00f6nleges konyhai eszk\u00f6z\u00f6ket, amiket szeretsz. Kombin\u00e1lj k\u00fcl\u00f6nb\u00f6z\u0151 anyagokat, sz\u00edneket \u00e9s st\u00edlusokat, \u00edgy teljesen egyedi hangulatot teremthetsz. Egy nagy v\u00e1za vagy l\u00e1tv\u00e1nyos t\u00e1l k\u00f6z\u00e9ppontba ker\u00fclhet, mell\u00e9 pedig apr\u00f3bb d\u00edszeket, gyerty\u00e1kat vagy szak\u00e1csk\u00f6nyveket is elrakhatsz. Ha t\u00e1lc\u00e1kra rendezed el a t\u00e1rgyakat, minden rendezett marad.<\/p>\n<ul>\n<li>Ha \u00e9l\u0151 n\u00f6v\u00e9nyeket, p\u00e9ld\u00e1ul f\u0171szern\u00f6v\u00e9nyeket vagy kis pozsg\u00e1sokat teszel a pultra, az frissess\u00e9get hoz a t\u00e9rbe,<\/li>\n<li>pr\u00f3b\u00e1lj egyens\u00falyozni a sz\u00e9ps\u00e9g \u00e9s a hasznoss\u00e1g k\u00f6z\u00f6tt, p\u00e9ld\u00e1ul egy eleg\u00e1ns k\u00e9start\u00f3 vagy csinos gy\u00fcm\u00f6lcskos\u00e1r is j\u00f3l j\u00f6het,<\/li>\n<li>olyan sz\u00ednvil\u00e1got v\u00e1lassz, ami hozz\u00e1d illik\u2014lehet \u00e9l\u00e9nk \u00e9s felt\u0171n\u0151, vagy \u00e9ppen szolidabb, visszafogottabb is, att\u00f3l f\u00fcgg\u0151en, milyen hangulatot szeretn\u00e9l.<\/li>\n<\/ul>\n<p>Szem\u00e9lyes dolgok, p\u00e9ld\u00e1ul olyan k\u00e9pek, amik a hobbidat vagy \u00e9rdekl\u0151d\u00e9sed mutatj\u00e1k, m\u00e9g egyedibb\u00e9 teszik a konyh\u00e1t. <strong>Ha id\u0151nk\u00e9nt friss\u00edted a d\u00edsz\u00edt\u00e9st az \u00e9vszakhoz igaz\u00edtva, mindig \u00faj \u00e9s izgalmas lesz a pult, r\u00e1ad\u00e1sul \u00edgy k\u00f6nnyen megmutathatod, hogyan v\u00e1ltozik a saj\u00e1t st\u00edlusod az id\u0151 m\u00fal\u00e1s\u00e1val, m\u00e9gis otthonos marad a konyh\u00e1d.<\/strong><\/p>\n<\/details><details class=\"g-accordion \"><summary><h3>Hogyan \u00faj\u00edthatod meg DIY lak\u00e1sdekorral a konyhapultot?<\/h3><\/summary>\n<p><strong>Saj\u00e1t k\u00e9sz\u00edt\u00e9s\u0171 lak\u00e1sdekor\u00e1ci\u00f3kkal<\/strong> igaz\u00e1n egyediv\u00e9 var\u00e1zsolhatod a konyhapultodat. Ha <strong>k\u00e9zzel k\u00e9sz\u00edtett t\u00e1lc\u00e1kat<\/strong> vagy <strong>egyedi t\u00e1rol\u00f3kat<\/strong> bark\u00e1csolsz, a saj\u00e1t st\u00edlusod \u00e9s \u00f6tleteid jelennek majd meg a t\u00e9rben. Ez nemcsak k\u00f6lts\u00e9ghat\u00e9kony, hanem eg\u00e9szen pontosan a saj\u00e1t \u00edzl\u00e9sedre szabhatod a d\u00edsz\u00edt\u0151elemeket, an\u00e9lk\u00fcl hogy t\u00fal sokat k\u00f6lten\u00e9l.<\/p>\n<p>Ezek a kreat\u00edv foglalatoss\u00e1gok nemcsak sz\u00f3rakoztat\u00f3ak, de fejlesztik is az \u00f6tletess\u00e9gedet, mert te d\u00f6nt\u00f6d el, hogy milyen lesz a v\u00e9geredm\u00e9ny, mit\u0151l lesz szebb a konyh\u00e1d. <strong>DIY d\u00edsz\u00edt\u00e9ssel<\/strong> k\u00f6nnyen adhatsz egyedi jelleget a pultnak, b\u00e1rmikor meg\u00faj\u00edthatod vagy friss\u00edtheted a dekor\u00e1ci\u00f3t, ahogy v\u00e1ltozik az \u00edzl\u00e9sed vagy az \u00e9vszak.<\/p>\n<p>Ha festett \u00fcvegek, fonott kosarak vagy m\u00e1s k\u00e9zm\u0171ves t\u00e1rgyak is felker\u00fclnek, igaz\u00e1n k\u00fcl\u00f6nleges hat\u00e1st \u00e9rhetsz el, mert ezek text\u00far\u00e1t \u00e9s m\u00e9lys\u00e9get visznek a konyh\u00e1ba. \u00c9rdemes olyan anyagokat haszn\u00e1lnod, amik illenek a m\u00e1r megl\u00e9v\u0151 fa vagy f\u00e9m elemekhez\u2014\u00edgy lesz \u00f6sszhang, mik\u00f6zben kiemelheted saj\u00e1t k\u00e9z\u00fcgyess\u00e9ged is.<\/p>\n<p>V\u00e9gs\u0151 soron a DIY lak\u00e1sdekor\u00e1ci\u00f3 seg\u00edts\u00e9g\u00e9vel \u00fagy alak\u00edthatod \u00e1t a pultot, hogy azt teljesen a st\u00edlusodhoz \u00e9s ig\u00e9nyeidhez igaz\u00edtsd. Ez\u00e1ltal a h\u00e9tk\u00f6znapi fel\u00fcletekb\u0151l is a kreativit\u00e1s \u00e9s a melegs\u00e9g k\u00f6zpontja lehet otthonodban.<\/p>\n<\/details><details class=\"g-accordion \"><summary><h3>Hogyan jelen\u00edtheted meg kreat\u00edvan a konyhai eszk\u00f6z\u00f6ket \u00e9s ev\u0151eszk\u00f6z\u00f6ket?<\/h3><\/summary>\n<p>A konyhai eszk\u00f6z\u00f6k \u00f6tletes elrendez\u00e9se nemcsak praktikusabb\u00e1, hanem szebb\u00e9 is var\u00e1zsolja a konyh\u00e1dat. Gondolj p\u00e9ld\u00e1ul ezekre az \u00f6tletekre:<\/p>\n<ul>\n<li>dekorat\u00edv \u00fcvegek vagy t\u00e1rol\u00f3k a pulton,<\/li>\n<li>falra szerelhet\u0151 akaszt\u00f3k a gyakran haszn\u00e1lt eszk\u00f6z\u00f6kh\u00f6z,<\/li>\n<li>form\u00e1s t\u00e1lc\u00e1k, amiken sz\u00e9pen sorba rakhatod az ev\u0151eszk\u00f6z\u00f6ket.<\/li>\n<\/ul>\n<p>A k\u00e9sekhez j\u00f3l bev\u00e1lt megold\u00e1s lehet:<\/p>\n<ul>\n<li><strong>a m\u00e1gneses k\u00e9start\u00f3 cs\u00edk eleg\u00e1ns \u00e9s praktikus<\/strong>, mert szem el\u0151tt vannak a k\u00e9sek, \u00e9s d\u00edszk\u00e9nt is mutat\u00f3sak,<\/li>\n<li>a lyukacsos fali t\u00e1bla\u2014erre sokf\u00e9le eszk\u00f6zt felakaszthatsz, \u00edgy minden k\u00f6nnyen el\u00e9rhet\u0151 \u00e9s j\u00f3l \u00e1tl\u00e1that\u00f3 marad.<\/li>\n<\/ul>\n<p>Ha \u00e1tgondoltan rendezed el a konyhai alapvet\u0151 eszk\u00f6zeidet, nem csak k\u00f6nnyebben \u00e9s gyorsabban f\u0151z\u00f6l majd, de a h\u00e9tk\u00f6znapi t\u00e1rgyakb\u00f3l is l\u00e1tv\u00e1nyos d\u00edsz\u00edt\u0151elemek lehetnek, \u00edgy praktikusabb \u00e9s szebb lesz a pultod egyszerre.<\/p>\n<\/details><details class=\"g-accordion \"><summary><h3>Hogyan dobhatj\u00e1k fel a gy\u00fcm\u00f6lcskosarak a konyhapult l\u00e1tv\u00e1ny\u00e1t?<\/h3><\/summary>\n<p>Egy gy\u00fcm\u00f6lcskos\u00e1r a konyhapulton \u00e9l\u00e9nk sz\u00edneket \u00e9s \u00e9rdekes text\u00far\u00e1kat vihet be, \u00edgy r\u00f6gt\u00f6n feldobja a helyis\u00e9get. Egy teli, sz\u00ednes gy\u00fcm\u00f6lcst\u00e1l k\u00f6nnyen lehet a pult k\u00f6z\u00e9ppontja, mindig j\u00f3kedvre der\u00edt, \u00e9s \u00e9letet visz a dekor\u00e1ci\u00f3ba. Ha k\u00fcl\u00f6nb\u00f6z\u0151 gy\u00fcm\u00f6lcs\u00f6ket vari\u00e1lsz, mindig \u00faj k\u00e9pet adsz a konyh\u00e1nak. M\u00e9g jobban feldobhatod a l\u00e1tv\u00e1nyt, ha d\u00edszes kos\u00e1rba vagy t\u00f6bb szintes \u00e1llv\u00e1nyra rakod a gy\u00fcm\u00f6lcs\u00f6ket\u2014\u00edgy dekorat\u00edv \u00e9s praktikus is lesz a megold\u00e1s. <strong>Ezzel \u00fagy csemp\u00e9szel term\u00e9szetet a konyh\u00e1ba, hogy egyb\u0151l kellemes, meleg hangulata lesz a helyis\u00e9gnek.<\/strong><\/p>\n<\/details><details class=\"g-accordion \"><summary><h3>Hogyan haszn\u00e1lhatod a v\u00e1g\u00f3deszk\u00e1kat l\u00e1tv\u00e1nyos d\u00edszk\u00e9nt?<\/h3><\/summary>\n<p>A v\u00e1g\u00f3deszk\u00e1k <strong>l\u00e1tv\u00e1nyos d\u00edszekk\u00e9nt<\/strong> is remek\u00fcl helyt\u00e1llnak a konyh\u00e1ban, f\u0151leg ha sz\u00e9p, k\u00fcl\u00f6nleges darabokat v\u00e1lasztasz. \u00c9rdemes p\u00e9ld\u00e1ul <strong>bambuszb\u00f3l<\/strong> vagy <strong>m\u00e1rv\u00e1nyb\u00f3l<\/strong> k\u00e9sz\u00fclt v\u00e1g\u00f3deszk\u00e1t beszerezni, ami illik a konyha st\u00edlus\u00e1hoz. Ha a v\u00e1g\u00f3deszk\u00e1kat a falnak t\u00e1masztod vagy egy \u00e1llv\u00e1nyon helyezed el, az \u00e9rdekes text\u00far\u00e1t \u00e9s karaktert ad a pultnak, mik\u00f6zben m\u00e9g mindig haszn\u00e1lhat\u00f3ak maradnak.<\/p>\n<p>Ha t\u00f6bbf\u00e9le m\u00e9ret\u0171 \u00e9s anyag\u00fa v\u00e1g\u00f3deszk\u00e1t \u00e1ll\u00edtasz ki, az m\u00e9g izgalmasabb\u00e1, gazdagabb\u00e1 teszi a l\u00e1tv\u00e1nyt, \u00e9s ak\u00e1r besz\u00e9lget\u00e9st is ind\u00edthat. Ak\u00e1r egyed\u00fcl, ak\u00e1r egy csoportban mutatod meg \u0151ket, a v\u00e1g\u00f3deszk\u00e1k mindig \u00f6tv\u00f6zik a hasznoss\u00e1got a dekor\u00e1ci\u00f3val, \u00edgy <strong>n\u00e9lk\u00fcl\u00f6zhetetlen r\u00e9szei lehetnek a konyha hangulat\u00e1nak.<\/strong><\/p>\n<\/details><details class=\"g-accordion \"><summary><h3>Milyen \u00f6tletekkel rendezheted be modern farmhouse st\u00edlusban a konyhapultot?<\/h3><\/summary>\n<p>A modern farmhouse st\u00edlus\u00fa konyhapult egyszerre hozza vissza a vid\u00e9ki hangulatot, mik\u00f6zben modern elemekkel is kieg\u00e9sz\u00fcl, hogy igaz\u00e1n bar\u00e1ts\u00e1gos \u00e9s otthonos legyen.<\/p>\n<ul>\n<li>Rusztikus fa t\u00e1lc\u00e1k nemcsak mindent rendszereznek, hanem st\u00edlusosak is,<\/li>\n<li>vintage hat\u00e1s\u00fa t\u00e1rol\u00f3k praktikusak \u00e9s feldobj\u00e1k a farmhouse \u00f6sszhat\u00e1st,<\/li>\n<li>egy csokor friss vir\u00e1g bef\u0151ttes \u00fcvegben k\u00fcl\u00f6nleges sz\u00edneket \u00e9s term\u00e9szetess\u00e9get visz a pultra.<\/li>\n<\/ul>\n<p>Ha <strong>fa<\/strong> vagy <strong>f\u00e9m<\/strong> anyagokat is haszn\u00e1lsz, m\u00e9g jobban megid\u00e9zheted a farmhouse st\u00edlust. A hagyom\u00e1nyos elemeket b\u00e1tran keverd egyszer\u0171, modern kieg\u00e9sz\u00edt\u0151kkel, p\u00e9ld\u00e1ul letisztult konyhai g\u00e9pekkel vagy minimalista d\u00edszekkel\u2014\u00edgy lesz a konyh\u00e1d egyszerre friss \u00e9s id\u0151t\u00e1ll\u00f3. <strong>Ezzel az elrendez\u00e9ssel igaz\u00e1n \u00e9rdekes lesz a pultod, mik\u00f6zben rendezett \u00e9s st\u00edlusos marad.<\/strong><\/p>\n<\/details><details class=\"g-accordion \"><summary><h3>Milyen szerepet t\u00f6ltenek be a farmhouse v\u00e1z\u00e1k a konyhai dekor\u00e1ci\u00f3ban?<\/h3><\/summary>\n<p>A farmhouse st\u00edlus\u00fa v\u00e1z\u00e1k tele vir\u00e1gokkal teljesen megv\u00e1ltoztatj\u00e1k a konyh\u00e1t: \u00e9l\u0151v\u00e9, sz\u00edness\u00e9 \u00e9s bar\u00e1ts\u00e1goss\u00e1 teszik a teret. Ha ezeket a pulton helyezed el, sz\u00e9pen feldobj\u00e1k a l\u00e1tv\u00e1nyt, \u00e9s igazi k\u00f6z\u00e9ppontt\u00e1 v\u00e1lnak. Szezon\u00e1lis vir\u00e1gokkal b\u00e1rmikor meg\u00faj\u00edthatod a hangulatot, \u00e9s bar\u00e1ts\u00e1gos hangulatot teremthetsz, ami illeszkedik \u00e9ppen az \u00e9v id\u0151szak\u00e1hoz. <strong>Ezzel nemcsak egy kis b\u00e1jt viszel a konyh\u00e1ba, hanem olyan l\u00e9gk\u00f6rt teremtesz, amiben mindenki sz\u00edvesen id\u0151zik.<\/strong><\/p>\n<\/details><details class=\"g-accordion \"><summary><h3>Milyen tippek seg\u00edtenek egy k\u00e1v\u00e9sarok kialak\u00edt\u00e1s\u00e1ban a konyhapulton?<\/h3><\/summary>\n<p>Egy k\u00e1v\u00e9szeglet a pulton minden reggelt hangulatosabb\u00e1 tehet, \u00e9s feldobja a konyh\u00e1dat is. Gy\u0171jts mindent egy dekorat\u00edv t\u00e1lc\u00e1ra, amire sz\u00fcks\u00e9ged lehet: b\u00f6gr\u00e9ket, k\u00e1v\u00e9f\u0151z\u0151t, k\u00e1v\u00e9t vagy cukrot tart\u00f3 dobozokat. D\u00edsz\u00edtheted a sarkot kis z\u00f6ld n\u00f6v\u00e9nnyel vagy vid\u00e1m kieg\u00e9sz\u00edt\u0151kkel is, hogy m\u00e9g szem\u00e9lyesebb legyen. Ha mindent k\u00f6nnyen el\u00e9rhet\u0151 helyre teszel, a pult egyszerre lesz praktikus \u00e9s sz\u00e9p. \u00cdgy nemcsak jobban n\u00e9z ki a konyha, de <strong>minden k\u00e1v\u00e9z\u00e1shoz sz\u00fcks\u00e9ges holmid rendezett \u00e9s \u00e1tl\u00e1that\u00f3 helyen lesz<\/strong>, \u00edgy igaz\u00e1n <strong>k\u00f6nnyen haszn\u00e1lhat\u00f3<\/strong> \u00e9s <strong>mutat\u00f3s<\/strong> lesz a k\u00e1v\u00e9sarok.<\/p>\n<\/details>\n","protected":false},"excerpt":{"rendered":"<p>Ha rendet teremtesz a konyhapulton, az nemcsak praktikus, de st\u00edlusos is lehet. Fontos, hogy megtal\u00e1ld az egyens\u00falyt a hasznoss\u00e1g \u00e9s a sz\u00e9p megjelen\u00e9s k\u00f6z\u00f6tt. Egy kis odafigyel\u00e9ssel a mindennapi fel\u00fcletekb\u0151l olyan teret alak\u00edthatsz ki, ami t\u00fckr\u00f6zi a szem\u00e9lyis\u00e9gedet, mik\u00f6zben k\u00f6nnyen haszn\u00e1lhat\u00f3 marad. Egy d\u00edszes t\u00e1lca seg\u00edt rendezetten tartani a legfontosabb dolgokat, \u00e9s k\u00f6zben eleg\u00e1nsabb\u00e1 teszi a konyhapultot. A friss vir\u00e1gok&hellip;<\/p>\n","protected":false},"author":12,"featured_media":6614,"comment_status":"closed","ping_status":"closed","sticky":false,"template":"","format":"standard","meta":{"rank_math_focus_keyword":"konyhai munkalap dekor\u00e1ci\u00f3 \u00f6tletek","rank_math_title":"10 legjobb konyhai munkalap dekor\u00e1ci\u00f3 \u00f6tlet egy st\u00edlusos otthon\u00e9rt","rank_math_description":"Fedezd fel a legjobb konyhai munkalap dekor\u00e1ci\u00f3s \u00f6tleteket, amelyekkel st\u00edlusos \u00e9s funkcion\u00e1lis elemekkel, eleg\u00e1ns \u00e9s modern megold\u00e1sokkal teheted m\u00e9g szebb\u00e9 a konyh\u00e1d.","footnotes":""},"categories":[137],"tags":[],"class_list":["post-6675","post","type-post","status-publish","format-standard","has-post-thumbnail","hentry","category-konyha"],"g_custom_schema_json":"<script type=\"application\/ld+json\">\n{\n  \"@context\": \"https:\/\/schema.org\",\n  \"@type\": \"FAQPage\",\n  \"mainEntity\": [\n    {\n      \"@type\": \"Question\",\n      \"name\": \"Milyen st\u00edlusos \u00f6tletek vannak a konyhapult dekor\u00e1l\u00e1s\u00e1ra?\",\n      \"acceptedAnswer\": {\n        \"@type\": \"Answer\",\n        \"text\": \"A konyhapult dekor\u00e1l\u00e1sa arr\u00f3l sz\u00f3l, hogyan lehet az eszt\u00e9tik\u00e1t a rendezetts\u00e9ggel \u00f6tv\u00f6zni. Egy sz\u00e9p t\u00e1lca seg\u00edt rendszerezetten tartani a t\u00e1rolt dolgokat, mik\u00f6zben eleg\u00e1ns hat\u00e1st kelt. Egy v\u00e1z\u00e1ba helyezett friss vir\u00e1gok \u00e9l\u00e9nk sz\u00edneket \u00e9s term\u00e9szetes hangulatot visznek a t\u00e9rbe.\"\n      }\n    },\n    {\n      \"@type\": \"Question\",\n      \"name\": \"Hogyan van hat\u00e1ssal a modern konyhadesign a pult dekorj\u00e1ra?\",\n      \"acceptedAnswer\": {\n        \"@type\": \"Answer\",\n        \"text\": \"A modern konyhadesign teljesen megv\u00e1ltoztatja a pult megjelen\u00e9s\u00e9t, mivel hangs\u00falyozza a letisztult vonalakat, a minimalizmust \u00e9s a funkci\u00f3t. Ebben a st\u00edlusban ink\u00e1bb az egyszer\u0171, eleg\u00e1ns elemek a jellemz\u0151k, ahol a diz\u00e1jn \u00e9s a hasznoss\u00e1g egy\u00fctt j\u00e1r. Az olyan anyagok, mint a rozsdamentes ac\u00e9l vagy a kvarc nagyon n\u00e9pszer\u0171ek, mivel sima fel\u00fcletet biztos\u00edtanak a dekor\u00e1ci\u00f3nak.\"\n      }\n    },\n    {\n      \"@type\": \"Question\",\n      \"name\": \"Milyen \u00f6tletek vannak t\u00e1gas konyhapult dekor\u00e1l\u00e1s\u00e1ra?\",\n      \"acceptedAnswer\": {\n        \"@type\": \"Answer\",\n        \"text\": \"Nagy m\u00e9ret\u0171 d\u00edszt\u00e1lc\u00e1k kiv\u00e1l\u00f3ak a nagy pultokon, mert rendszerezik a t\u00e1rgyakat, k\u00f6zben st\u00edlust adnak a t\u00e9rnek. Egy t\u00e1gas gy\u00fcm\u00f6lcskos\u00e1r vagy d\u00edszes t\u00e1rol\u00f3ed\u00e9ny jobban \u00e9szrevehet\u0151 lesz, \u00e9s f\u00f3kuszpontt\u00e1 v\u00e1lhat. Egy t\u00f6bbszintes t\u00e1lca m\u00e9g t\u00f6bb lehet\u0151s\u00e9get k\u00edn\u00e1l: j\u00e1t\u00e9kot visz a magass\u00e1ggal, \u00edgy v\u00e1ltozatosabb a l\u00e1tv\u00e1ny.\"\n      }\n    },\n    {\n      \"@type\": \"Question\",\n      \"name\": \"Mik a legjobb tippek minimalista pultdekor\u00e1ci\u00f3hoz?\",\n      \"acceptedAnswer\": {\n        \"@type\": \"Answer\",\n        \"text\": \"A minimalista pultdekor\u00e1ci\u00f3 a letisztults\u00e1got \u00e9s a praktikuss\u00e1got \u00f6tv\u00f6zi. N\u00e9h\u00e1ny fontos darabot v\u00e1lassz, p\u00e9ld\u00e1ul egy st\u00edlusos gy\u00fcm\u00f6lcskosarat vagy egy eleg\u00e1ns v\u00e1g\u00f3deszk\u00e1t. Igyekezz, hogy a fel\u00fclet mindig tiszta maradjon, ez\u00e9rt csak a sz\u00fcks\u00e9ges t\u00e1rgyakat hagyd el\u00f6l.\"\n      }\n    },\n    {\n      \"@type\": \"Question\",\n      \"name\": \"Hogyan teheted l\u00e1tv\u00e1nyosabb\u00e1 a konyhapult dekor\u00e1ci\u00f3j\u00e1t a sz\u00ednek seg\u00edts\u00e9g\u00e9vel?\",\n      \"acceptedAnswer\": {\n        \"@type\": \"Answer\",\n        \"text\": \"Ha szeretn\u00e9d feldobni a konyhapultot egy j\u00f3l kiv\u00e1lasztott sz\u00ednvil\u00e1ggal, az els\u0151 l\u00e9p\u00e9s, hogy olyan \u00e1rnyalatokat v\u00e1lassz, amik j\u00f3l illenek a konyha eg\u00e9sz\u00e9hez. Lehet, hogy hasonl\u00f3 sz\u00edn\u0171 t\u00e1rgyakat v\u00e1lasztasz, vagy \u00e9ppen kontrasztosakat, amelyek m\u00e9gis sz\u00e9pen harmoniz\u00e1lnak. Ide tartozhat ed\u00e9ny, ev\u0151eszk\u00f6z vagy ak\u00e1r egy d\u00edszes v\u00e1za vagy t\u00e1lca is.\"\n      }\n    },\n    {\n      \"@type\": \"Question\",\n      \"name\": \"Hogyan lehet praktikusan be\u00e9p\u00edteni funkcion\u00e1lis elemeket a konyhapultba?\",\n      \"acceptedAnswer\": {\n        \"@type\": \"Answer\",\n        \"text\": \"Funkcion\u00e1lis elemekkel k\u00f6nnyed\u00e9n feldobhatod a konyhapultod, ha olyan t\u00e1rgyakat v\u00e1lasztasz, amik t\u00f6bbf\u00e9le c\u00e9lt szolg\u00e1lnak. P\u00e9ld\u00e1ul egy sz\u00e9p t\u00e1lca nem csak rendezi az ev\u0151eszk\u00f6z\u00f6ket, de dekor\u00e1ci\u00f3nak is kit\u0171n\u0151. Form\u00e1s t\u00e1rol\u00f3kban tarthatod a hozz\u00e1val\u00f3kat, mik\u00f6zben d\u00edszk\u00e9nt is mutat\u00f3sak.\"\n      }\n    },\n    {\n      \"@type\": \"Question\",\n      \"name\": \"Hogyan teheti a rejtett t\u00e1rol\u00e1s szebb\u00e9 a konyhapultot?\",\n      \"acceptedAnswer\": {\n        \"@type\": \"Answer\",\n        \"text\": \"A rejtett t\u00e1rol\u00e1s seg\u00edthet abban, hogy a konyhapult mindig rendezett \u00e9s letisztult legyen. A szekr\u00e9nyek \u00e9s fi\u00f3kok elrejtik a holmikat, \u00edgy letisztultabb lesz az eg\u00e9sz t\u00e9r. Ezen k\u00edv\u00fcl a d\u00edszes t\u00e1rol\u00f3dobozok vagy kosarak is j\u00f3k: ezekben k\u00f6nnyen el\u00e9rheted az alapvet\u0151 dolgokat.\"\n      }\n    },\n    {\n      \"@type\": \"Question\",\n      \"name\": \"Mi\u00e9rt \u00e9rdemes d\u00edszt\u00e1lc\u00e1t haszn\u00e1lni a konyhapulton?\",\n      \"acceptedAnswer\": {\n        \"@type\": \"Answer\",\n        \"text\": \"A d\u00edszt\u00e1lc\u00e1k t\u00f6bbf\u00e9le el\u0151nyt k\u00edn\u00e1lnak: egyszer\u0171bb\u00e9 teszik a rendszerez\u00e9st, mik\u00f6zben szebb\u00e9 teszik a l\u00e1tv\u00e1nyt is. Ha p\u00e9ld\u00e1ul egy helyre teszed a f\u0171szereket, olajokat vagy konyhai eszk\u00f6z\u00f6ket, a pult rendezettebbnek t\u0171nik. A t\u00e1lca \u00faj r\u00e9tegeket \u00e9s text\u00far\u00e1kat hoz a dekor\u00e1ci\u00f3ba.\"\n      }\n    },\n    {\n      \"@type\": \"Question\",\n      \"name\": \"Milyen el\u0151nyei vannak a szintezett t\u00e1lc\u00e1s dekor\u00e1ci\u00f3nak?\",\n      \"acceptedAnswer\": {\n        \"@type\": \"Answer\",\n        \"text\": \"A szintezett t\u00e1lc\u00e1k haszn\u00e1lata nagyszer\u0171 m\u00f3dja annak, hogy a konyhai munkapultodat jobban kihaszn\u00e1ld. Ha felfel\u00e9 rendezed el a dekor\u00e1ci\u00f3t, sok dolgot mutathatsz meg an\u00e9lk\u00fcl, hogy t\u00fal sok helyet foglaln\u00e1nak\u2014ez k\u00fcl\u00f6n\u00f6sen j\u00f3l j\u00f6n kisebb konyh\u00e1kban. Ilyen t\u00e1lc\u00e1n kreat\u00edvan elrendezhetsz p\u00e9ld\u00e1ul n\u00f6v\u00e9nyeket vagy konyhai eszk\u00f6z\u00f6ket is.\"\n      }\n    },\n    {\n      \"@type\": \"Question\",\n      \"name\": \"Hogyan dobhatod fel a konyhapultot r\u00e9teges elrendez\u00e9ssel?\",\n      \"acceptedAnswer\": {\n        \"@type\": \"Answer\",\n        \"text\": \"\u00c1tgondolt elrendez\u00e9ssel szebb \u00e9s \u00e9rdekesebb lehet a konyhapultod. K\u00e9pzeld el, hogy n\u00e9h\u00e1ny k\u00f6nyvet teszel egy dekorat\u00edv t\u00e1lca al\u00e1, vagy egy kisebb n\u00f6v\u00e9nyt helyezel egy nagyobb v\u00e1za el\u00e9. Ilyen \u00f6tletekkel szuper l\u00e1tv\u00e1nyt alak\u00edthatsz ki, amik feldobj\u00e1k a pultot.\"\n      }\n    },\n    {\n      \"@type\": \"Question\",\n      \"name\": \"Hogyan viheted bele a saj\u00e1t st\u00edlusod a konyhapult d\u00edsz\u00edt\u00e9s\u00e9be?\",\n      \"acceptedAnswer\": {\n        \"@type\": \"Answer\",\n        \"text\": \"Ha szeretn\u00e9d, hogy a konyhapult t\u00fckr\u00f6zze a szem\u00e9lyis\u00e9ged, olyan t\u00e1rgyakat v\u00e1lassz, amik t\u00e9nyleg hozz\u00e1d illenek. Haszn\u00e1lj csal\u00e1di erekly\u00e9ket, k\u00e9zzel k\u00e9sz\u00fclt d\u00edszeket vagy k\u00fcl\u00f6nleges konyhai eszk\u00f6z\u00f6ket, amiket szeretsz. Kombin\u00e1lj k\u00fcl\u00f6nb\u00f6z\u0151 anyagokat, sz\u00edneket \u00e9s st\u00edlusokat, \u00edgy teljesen egyedi hangulatot teremthetsz.\"\n      }\n    },\n    {\n      \"@type\": \"Question\",\n      \"name\": \"Hogyan \u00faj\u00edthatod meg DIY lak\u00e1sdekorral a konyhapultot?\",\n      \"acceptedAnswer\": {\n        \"@type\": \"Answer\",\n        \"text\": \"Saj\u00e1t k\u00e9sz\u00edt\u00e9s\u0171 lak\u00e1sdekor\u00e1ci\u00f3kkal igaz\u00e1n egyediv\u00e9 var\u00e1zsolhatod a konyhapultodat. Ha k\u00e9zzel k\u00e9sz\u00edtett t\u00e1lc\u00e1kat vagy egyedi t\u00e1rol\u00f3kat bark\u00e1csolsz, a saj\u00e1t st\u00edlusod \u00e9s \u00f6tleteid jelennek majd meg a t\u00e9rben. Ez nemcsak k\u00f6lts\u00e9ghat\u00e9kony, hanem eg\u00e9szen pontosan a saj\u00e1t \u00edzl\u00e9sedre szabhatod a d\u00edsz\u00edt\u0151elemeket.\"\n      }\n    },\n    {\n      \"@type\": \"Question\",\n      \"name\": \"Hogyan jelen\u00edtheted meg kreat\u00edvan a konyhai eszk\u00f6z\u00f6ket \u00e9s ev\u0151eszk\u00f6z\u00f6ket?\",\n      \"acceptedAnswer\": {\n        \"@type\": \"Answer\",\n        \"text\": \"A konyhai eszk\u00f6z\u00f6k \u00f6tletes elrendez\u00e9se nemcsak praktikusabb\u00e1, hanem szebb\u00e9 is var\u00e1zsolja a konyh\u00e1dat. Dekorat\u00edv \u00fcvegek vagy t\u00e1rol\u00f3k a pulton, falra szerelhet\u0151 akaszt\u00f3k a gyakran haszn\u00e1lt eszk\u00f6z\u00f6kh\u00f6z, form\u00e1s t\u00e1lc\u00e1k, amiken sz\u00e9pen sorba rakhatod az ev\u0151eszk\u00f6z\u00f6ket.\"\n      }\n    },\n    {\n      \"@type\": \"Question\",\n      \"name\": \"Hogyan dobhatj\u00e1k fel a gy\u00fcm\u00f6lcskosarak a konyhapult l\u00e1tv\u00e1ny\u00e1t?\",\n      \"acceptedAnswer\": {\n        \"@type\": \"Answer\",\n        \"text\": \"Egy gy\u00fcm\u00f6lcskos\u00e1r a konyhapulton \u00e9l\u00e9nk sz\u00edneket \u00e9s \u00e9rdekes text\u00far\u00e1kat vihet be, \u00edgy r\u00f6gt\u00f6n feldobja a helyis\u00e9get. Egy teli, sz\u00ednes gy\u00fcm\u00f6lcst\u00e1l k\u00f6nnyen lehet a pult k\u00f6z\u00e9ppontja, mindig j\u00f3kedvre der\u00edt, \u00e9s \u00e9letet visz a dekor\u00e1ci\u00f3ba. Ha k\u00fcl\u00f6nb\u00f6z\u0151 gy\u00fcm\u00f6lcs\u00f6ket vari\u00e1lsz, mindig \u00faj k\u00e9pet adsz a konyh\u00e1nak.\"\n      }\n    },\n    {\n      \"@type\": \"Question\",\n      \"name\": \"Hogyan haszn\u00e1lhatod a v\u00e1g\u00f3deszk\u00e1kat l\u00e1tv\u00e1nyos d\u00edszk\u00e9nt?\",\n      \"acceptedAnswer\": {\n        \"@type\": \"Answer\",\n        \"text\": \"A v\u00e1g\u00f3deszk\u00e1k l\u00e1tv\u00e1nyos d\u00edszekk\u00e9nt is remek\u00fcl helyt\u00e1llnak a konyh\u00e1ban, f\u0151leg ha sz\u00e9p, k\u00fcl\u00f6nleges darabokat v\u00e1lasztasz. \u00c9rdemes p\u00e9ld\u00e1ul bambuszb\u00f3l vagy m\u00e1rv\u00e1nyb\u00f3l k\u00e9sz\u00fclt v\u00e1g\u00f3deszk\u00e1t beszerezni, ami illik a konyha st\u00edlus\u00e1hoz. Ha a v\u00e1g\u00f3deszk\u00e1kat a falnak t\u00e1masztod vagy egy \u00e1llv\u00e1nyon helyezed el, az \u00e9rdekes text\u00far\u00e1t \u00e9s karaktert ad a pultnak.\"\n      }\n    },\n    {\n      \"@type\": \"Question\",\n      \"name\": \"Milyen \u00f6tletekkel rendezheted be modern farmhouse st\u00edlusban a konyhapultot?\",\n      \"acceptedAnswer\": {\n        \"@type\": \"Answer\",\n        \"text\": \"A modern farmhouse st\u00edlus\u00fa konyhapult egyszerre hozza vissza a vid\u00e9ki hangulatot, mik\u00f6zben modern elemekkel is kieg\u00e9sz\u00fcl, hogy igaz\u00e1n bar\u00e1ts\u00e1gos \u00e9s otthonos legyen. Rusztikus fa t\u00e1lc\u00e1k nemcsak mindent rendszereznek, hanem st\u00edlusosak is, vintage hat\u00e1s\u00fa t\u00e1rol\u00f3k praktikusak \u00e9s feldobj\u00e1k a farmhouse \u00f6sszhat\u00e1st.\"\n      }\n    },\n    {\n      \"@type\": \"Question\",\n      \"name\": \"Milyen szerepet t\u00f6ltenek be a farmhouse v\u00e1z\u00e1k a konyhai dekor\u00e1ci\u00f3ban?\",\n      \"acceptedAnswer\": {\n        \"@type\": \"Answer\",\n        \"text\": \"A farmhouse st\u00edlus\u00fa v\u00e1z\u00e1k tele vir\u00e1gokkal teljesen megv\u00e1ltoztatj\u00e1k a konyh\u00e1t: \u00e9l\u0151v\u00e9, sz\u00edness\u00e9 \u00e9s bar\u00e1ts\u00e1goss\u00e1 teszik a teret. Ha ezeket a pulton helyezed el, sz\u00e9pen feldobj\u00e1k a l\u00e1tv\u00e1nyt, \u00e9s igazi k\u00f6z\u00e9ppontt\u00e1 v\u00e1lnak. Szezon\u00e1lis vir\u00e1gokkal b\u00e1rmikor meg\u00faj\u00edthatod a hangulatot.\"\n      }\n    },\n    {\n      \"@type\": \"Question\",\n      \"name\": \"Milyen tippek seg\u00edtenek egy k\u00e1v\u00e9sarok kialak\u00edt\u00e1s\u00e1ban a konyhapulton?\",\n      \"acceptedAnswer\": {\n        \"@type\": \"Answer\",\n        \"text\": \"Egy k\u00e1v\u00e9szeglet a pulton minden reggelt hangulatosabb\u00e1 tehet, \u00e9s feldobja a konyh\u00e1dat is. Gy\u0171jts mindent egy dekorat\u00edv t\u00e1lc\u00e1ra, amire sz\u00fcks\u00e9ged lehet: b\u00f6gr\u00e9ket, k\u00e1v\u00e9f\u0151z\u0151t, k\u00e1v\u00e9t vagy cukrot tart\u00f3 dobozokat. D\u00edsz\u00edtheted a sarkot kis z\u00f6ld n\u00f6v\u00e9nnyel vagy vid\u00e1m kieg\u00e9sz\u00edt\u0151kkel is.\"\n      }\n    }\n  ]\n}\n<\/script>\n\n<script type=\"application\/ld+json\">\n{\n  \"@context\": \"https:\/\/schema.org\",\n  \"@type\": \"HowTo\",\n  \"name\": \"Konyhapult dekor\u00e1ci\u00f3 l\u00e9p\u00e9sr\u0151l l\u00e9p\u00e9sre\",\n  \"description\": \"Tippek \u00e9s \u00f6tletek, hogyan d\u00edsz\u00edtsd st\u00edlusosan \u00e9s praktikusan a konyhapultodat.\",\n  \"image\": [\n    \"https:\/\/doubletakedecor.com\/uploads\/2025\/08\/kitchen-countertop-decor-ideas-dtd-01.jpg\",\n    \"https:\/\/doubletakedecor.com\/uploads\/2025\/08\/kitchen-countertop-decor-ideas-dtd-02.jpg\",\n    \"https:\/\/doubletakedecor.com\/uploads\/2025\/08\/kitchen-countertop-decor-ideas-dtd-03.jpg\"\n  ],\n  \"totalTime\": \"PT20M\",\n  \"tool\": [\n    \"d\u00edszt\u00e1lca\",\n    \"v\u00e1g\u00f3deszka\",\n    \"v\u00e1za\",\n    \"gy\u00fcm\u00f6lcskos\u00e1r\",\n    \"t\u00e1rol\u00f3doboz\",\n    \"sz\u00ednes text\u00edli\u00e1k\"\n  ],\n  \"supply\": [\n    \"friss vir\u00e1gok\",\n    \"gy\u00fcm\u00f6lcs\",\n    \"szak\u00e1csk\u00f6nyvek\",\n    \"d\u00edszes \u00fcvegek\",\n    \"f\u0171szern\u00f6v\u00e9nyek\"\n  ],\n  \"step\": [\n    {\n      \"@type\": \"HowToStep\",\n      \"name\": \"Fel\u00fclet el\u0151k\u00e9sz\u00edt\u00e9se\",\n      \"text\": \"Tiszt\u00edtsd le a konyhapultot, hogy minden fel\u00fclet rendezett \u00e9s pormentes legyen. T\u00e1vol\u00edtsd el a felesleges t\u00e1rgyakat, csak a legsz\u00fcks\u00e9gesebbek maradjanak el\u00f6l. V\u00e1laszd ki, mely z\u00f3n\u00e1kat szeretn\u00e9d d\u00edsz\u00edteni.\"\n    },\n    {\n      \"@type\": \"HowToStep\",\n      \"name\": \"D\u00edszt\u00e1lca elhelyez\u00e9se\",\n      \"text\": \"Helyezz ki egy d\u00edszt\u00e1lc\u00e1t a pult egyik k\u00f6zponti r\u00e9sz\u00e9re. Erre rendezd el azokat a t\u00e1rgyakat, amiket gyakran haszn\u00e1lsz vagy mutat\u00f3sak: olaj, f\u0171szertart\u00f3, v\u00e1za vagy s\u00f3tart\u00f3. A t\u00e1lca rendszert \u00e9s st\u00edlust ad.\"\n    },\n    {\n      \"@type\": \"HowToStep\",\n      \"name\": \"Friss vir\u00e1gok hozz\u00e1ad\u00e1sa\",\n      \"text\": \"Tegy\u00e9l egy v\u00e1z\u00e1ba friss vir\u00e1gokat, \u00e9s helyezd a pult j\u00f3l l\u00e1that\u00f3 pontj\u00e1ra. A vir\u00e1gok sz\u00ednt, frissess\u00e9get \u00e9s term\u00e9szetes hangulatot visznek a konyh\u00e1ba. \u00c9rdemes az \u00e9vszakhoz ill\u0151 csokrokat v\u00e1lasztani.\"\n    },\n    {\n      \"@type\": \"HowToStep\",\n      \"name\": \"R\u00e9tegez\u00e9s \u00e9s magass\u00e1g j\u00e1t\u00e9k\",\n      \"text\": \"Kombin\u00e1lj k\u00fcl\u00f6nb\u00f6z\u0151 magass\u00e1g\u00fa \u00e9s anyag\u00fa t\u00e1rgyakat: szak\u00e1csk\u00f6nyveket, v\u00e1g\u00f3deszk\u00e1kat, v\u00e1z\u00e1kat vagy sz\u00e9p \u00fcvegeket. Ez vizu\u00e1lis \u00e9rdekl\u0151d\u00e9st \u00e9s m\u00e9lys\u00e9get ad a pultnak. Pr\u00f3b\u00e1ld ki, hogy a t\u00e1rgyakat egym\u00e1s mell\u00e9 vagy kiss\u00e9 egym\u00e1s el\u00e9 helyezed.\"\n    },\n    {\n      \"@type\": \"HowToStep\",\n      \"name\": \"Gy\u00fcm\u00f6lcskos\u00e1r vagy t\u00e1l\",\n      \"text\": \"Tegy\u00e9l egy sz\u00e9p gy\u00fcm\u00f6lcskosarat vagy t\u00e1lat a pult sz\u00e9l\u00e9re vagy k\u00f6z\u00e9ppontj\u00e1ra. A friss gy\u00fcm\u00f6lcs\u00f6k nem csak praktikusak, hanem \u00e9l\u00e9nk sz\u00ednfoltot is jelentenek, \u00e9s mindenkit eg\u00e9szs\u00e9ges nassol\u00e1sra \u00f6szt\u00f6n\u00f6znek.\"\n    },\n    {\n      \"@type\": \"HowToStep\",\n      \"name\": \"Szem\u00e9lyes \u00e9s szezon\u00e1lis d\u00edszek\",\n      \"text\": \"Helyezz ki szem\u00e9lyes t\u00e1rgyakat, p\u00e9ld\u00e1ul csal\u00e1di erekly\u00e9t, saj\u00e1t k\u00e9sz\u00edt\u00e9s\u0171 d\u00edszt vagy \u00e9vszakhoz ill\u0151 dekor\u00e1ci\u00f3t. Ezek egyediv\u00e9 \u00e9s otthonoss\u00e1 teszik a konyh\u00e1t. Ha id\u0151nk\u00e9nt cser\u00e9led a d\u00edszeket, mindig friss lesz a t\u00e9r hangulata.\"\n    },\n    {\n      \"@type\": \"HowToStep\",\n      \"name\": \"Rejtett t\u00e1rol\u00f3k haszn\u00e1lata\",\n      \"text\": \"Haszn\u00e1lj \u00f6tletes t\u00e1rol\u00f3kat, dobozokat vagy kosarakat, hogy a pult letisztult \u00e9s rendezett maradjon. A rejtett t\u00e1rol\u00e1s seg\u00edt abban, hogy csak a legszebb, legfontosabb t\u00e1rgyak legyenek szem el\u0151tt.\"\n    },\n    {\n      \"@type\": \"HowToStep\",\n      \"name\": \"Sz\u00ednharm\u00f3nia megteremt\u00e9se\",\n      \"text\": \"V\u00e1lassz egys\u00e9ges sz\u00ednvil\u00e1got, amely illik a konyh\u00e1hoz \u00e9s a saj\u00e1t st\u00edlusodhoz. Kombin\u00e1lj semleges \u00e9s \u00e9l\u00e9nk \u00e1rnyalatokat, k\u00fcl\u00f6nf\u00e9le anyagokat \u2013 fa, f\u00e9m, ker\u00e1mia \u2013 hogy kiegyens\u00falyozott \u00e9s harmonikus legyen az \u00f6sszhat\u00e1s.\"\n    }\n  ]\n}\n<\/script>","_links":{"self":[{"href":"https:\/\/doubletakedecor.com\/hu\/wp-json\/wp\/v2\/posts\/6675","targetHints":{"allow":["GET"]}}],"collection":[{"href":"https:\/\/doubletakedecor.com\/hu\/wp-json\/wp\/v2\/posts"}],"about":[{"href":"https:\/\/doubletakedecor.com\/hu\/wp-json\/wp\/v2\/types\/post"}],"author":[{"embeddable":true,"href":"https:\/\/doubletakedecor.com\/hu\/wp-json\/wp\/v2\/users\/12"}],"replies":[{"embeddable":true,"href":"https:\/\/doubletakedecor.com\/hu\/wp-json\/wp\/v2\/comments?post=6675"}],"version-history":[{"count":1,"href":"https:\/\/doubletakedecor.com\/hu\/wp-json\/wp\/v2\/posts\/6675\/revisions"}],"predecessor-version":[{"id":6676,"href":"https:\/\/doubletakedecor.com\/hu\/wp-json\/wp\/v2\/posts\/6675\/revisions\/6676"}],"wp:featuredmedia":[{"embeddable":true,"href":"https:\/\/doubletakedecor.com\/hu\/wp-json\/wp\/v2\/media\/6614"}],"wp:attachment":[{"href":"https:\/\/doubletakedecor.com\/hu\/wp-json\/wp\/v2\/media?parent=6675"}],"wp:term":[{"taxonomy":"category","embeddable":true,"href":"https:\/\/doubletakedecor.com\/hu\/wp-json\/wp\/v2\/categories?post=6675"},{"taxonomy":"post_tag","embeddable":true,"href":"https:\/\/doubletakedecor.com\/hu\/wp-json\/wp\/v2\/tags?post=6675"}],"curies":[{"name":"wp","href":"https:\/\/api.w.org\/{rel}","templated":true}]}}