{"id":7476,"date":"2025-09-04T02:37:57","date_gmt":"2025-09-04T00:37:57","guid":{"rendered":"https:\/\/doubletakedecor.com\/kert\/kerti-zugok\/"},"modified":"2025-09-04T03:03:44","modified_gmt":"2025-09-04T01:03:44","slug":"kerti-zugok","status":"publish","type":"post","link":"https:\/\/doubletakedecor.com\/hu\/kert\/kerti-zugok\/","title":{"rendered":"Alak\u00edtsd \u00e1t a kertedet egy hangulatos kerti sarokkal"},"content":{"rendered":"<p>K\u00e9pzeld el, hogy a kerted egyik csendes sark\u00e1t egy szem\u00e9lyes mened\u00e9kk\u00e9 var\u00e1zsolod, ahol lelassul az id\u0151, \u00e9s elillan minden stressz. Ez a kertzug var\u00e1zsa\u2014a saj\u00e1t ig\u00e9nyeid szerint kialak\u00edtott, bar\u00e1ts\u00e1gos kis hely, ami nyugodt pihen\u0151t ny\u00fajt, alig n\u00e9h\u00e1ny l\u00e9p\u00e9sre az otthonodt\u00f3l.<\/p>\n<p>Ezek a var\u00e1zslatos k\u00fclt\u00e9ri mened\u00e9kek k\u00e9nyelmes \u00fcl\u0151helyet \u00e9s d\u00fas n\u00f6v\u00e9nyzetet \u00f6tv\u00f6znek, hogy t\u00f6k\u00e9letes helyet teremtsenek olvas\u00e1shoz, medit\u00e1ci\u00f3hoz, vagy egyszer\u0171en a term\u00e9szet csendj\u00e9nek \u00e9lvezet\u00e9hez. Legyen sz\u00f3 borosty\u00e1nnal futtatott pavilon alatti zugr\u00f3l vagy egy s\u00f6v\u00e9ny m\u00f6g\u00e9 rejtett padr\u00f3l, a j\u00f3l kialak\u00edtott kertzug egyszerre d\u00edsz\u00edti a kertet \u00e9s seg\u00edt kiszakadni a h\u00e9tk\u00f6znapokb\u00f3l.<\/p>\n<p>A saj\u00e1t kertzug kialak\u00edt\u00e1s\u00e1nak sz\u00e9ps\u00e9ge a sokoldal\u00fas\u00e1g\u00e1ban \u00e9s egyedi hangulat\u00e1ban rejlik. Kiv\u00e1laszthatod a strapab\u00edr\u00f3, k\u00e9nyelmes b\u00fatorokat, \u00fcltethetsz \u00e9vszakr\u00f3l-\u00e9vszakra v\u00e1ltoz\u00f3 n\u00f6v\u00e9nyeket\u2014minden apr\u00f3 r\u00e9szlet hozz\u00e1j\u00e1rul a zug egyedi karakter\u00e9hez. Esti hangulathoz adj f\u00e9nyf\u00fcz\u00e9rt, v\u00e1lassz dekor\u00e1ci\u00f3t, ami t\u00e9ged t\u00fckr\u00f6z, \u00e9s tal\u00e1lj ki hozz\u00e1 egy t\u00e9m\u00e1t is: lehet p\u00e9ld\u00e1ul olvas\u00f3kuck\u00f3 vagy mediterr\u00e1n o\u00e1zis. \u00cdgy a helysz\u00edn igaz\u00e1n a saj\u00e1todd\u00e1 v\u00e1lik.<\/p>\n<div class=\"kt_block\" id=\"kt_id\">\n<span class=\"kt_headline\">Legfontosabb tudnival\u00f3k<\/span><\/p>\n<ul class=\"kt_post_list\">\n<li><strong>\ud83c\udf3f A kertzug nyugalma:<\/strong> Egy kertzugb\u00f3l otthonos pihen\u0151sarok lehet a kertben, ahol k\u00e9nyelmes \u00fcl\u0151helyek v\u00e1rnak, k\u00f6r\u00fcl\u00f6tted pedig buja n\u00f6v\u00e9nyek seg\u00edtenek elfelejteni a mindennapi gondokat.<\/li>\n<li><strong>\ud83e\ude91 Sokoldal\u00fa kialak\u00edt\u00e1s:<\/strong> Az \u00f6nkifejez\u00e9s fontos a kertzug tervez\u00e9s\u00e9n\u00e9l: id\u0151j\u00e1r\u00e1s\u00e1ll\u00f3 b\u00fatorokat, \u00e9vszakhoz ill\u0151 n\u00f6v\u00e9nyeket, hangulatos l\u00e1mp\u00e1kat \u00e9s szem\u00e9lyes d\u00edszeket kombin\u00e1lhatsz, hogy igaz\u00e1n h\u00edvogat\u00f3 legyen a hely.<\/li>\n<li><strong>\ud83c\udfe1 K\u00fcl\u00f6nf\u00e9le pihen\u0151helyek:<\/strong> Lehet b\u00e1jos feh\u00e9r kerti kish\u00e1z, pasztell pavilon vagy pergol\u00e1s hintapad\u2014a kertzug minden v\u00e1ltozata k\u00fcl\u00f6n\u00f6s st\u00edlust ad a kertednek.<\/li>\n<li><strong>\ud83d\udd6f\ufe0f Hangulatos vil\u00e1g\u00edt\u00e1s:<\/strong> F\u00e9nyf\u00fcz\u00e9rek \u00e9s l\u00e1mp\u00e1sok seg\u00edthetnek, hogy a kertzug este is meghitt, bar\u00e1ts\u00e1gos mened\u00e9kk\u00e9 v\u00e1ljon, amit b\u00e1rmikor sz\u00edvesen haszn\u00e1lsz majd.<\/li>\n<\/ul>\n<\/div>\n<h2>B\u00e1jos feh\u00e9r kerti kish\u00e1z kuck\u00f3<\/h2>\n<p><img loading=\"lazy\" decoding=\"async\" width=\"700\" height=\"1049\" alt=\"B\u00e1jos feh\u00e9r kerti kish\u00e1z \u00fcvegezett ajt\u00f3kkal, bel\u00fcl pad \u00fcl\u0151fel\u00fclettel, k\u00f6r\u00f6tte cser\u00e9pben n\u0151nek a n\u00f6v\u00e9nyek\u2014a hely igazi b\u00e9k\u00e9s mened\u00e9k.\" class=\"aligncenter size-full wp-image-6692\" src=\"https:\/\/doubletakedecor.com\/uploads\/2025\/09\/garden-nook-dtd-01.jpg\" srcset=\"https:\/\/doubletakedecor.com\/uploads\/2025\/09\/garden-nook-dtd-01.jpg 700w, https:\/\/doubletakedecor.com\/uploads\/2025\/09\/garden-nook-dtd-01-200x300.jpg 200w, https:\/\/doubletakedecor.com\/uploads\/2025\/09\/garden-nook-dtd-01-683x1024.jpg 683w, https:\/\/doubletakedecor.com\/uploads\/2025\/09\/garden-nook-dtd-01-96x144.jpg 96w, https:\/\/doubletakedecor.com\/uploads\/2025\/09\/garden-nook-dtd-01-280x420.jpg 280w, https:\/\/doubletakedecor.com\/uploads\/2025\/09\/garden-nook-dtd-01-320x480.jpg 320w, https:\/\/doubletakedecor.com\/uploads\/2025\/09\/garden-nook-dtd-01-360x539.jpg 360w, https:\/\/doubletakedecor.com\/uploads\/2025\/09\/garden-nook-dtd-01-363x544.jpg 363w, https:\/\/doubletakedecor.com\/uploads\/2025\/09\/garden-nook-dtd-01-370x554.jpg 370w, https:\/\/doubletakedecor.com\/uploads\/2025\/09\/garden-nook-dtd-01-400x599.jpg 400w, https:\/\/doubletakedecor.com\/uploads\/2025\/09\/garden-nook-dtd-01-560x839.jpg 560w, https:\/\/doubletakedecor.com\/uploads\/2025\/09\/garden-nook-dtd-01-480x719.jpg 480w\" sizes=\"auto, (max-width: 700px) 100vw, 700px\" \/><\/p>\n<p>Alak\u00edts \u00e1t egy egyszer\u0171 kish\u00e1zat k\u00e9nyelmes mened\u00e9kk\u00e9: helyezz el benne p\u00e1rn\u00e1zott sarkot, hogy k\u00e9nyelmesen \u00fclhess. Tegy\u00e9l ki l\u00f3g\u00f3 vir\u00e1gtart\u00f3kat \u00e9s vid\u00e1m t\u00e1bl\u00e1kat, hogy igaz\u00e1n otthonos legyen. A h\u00e1zik\u00f3 k\u00f6r\u00e9 sz\u00f3rj kavicsos j\u00e1rd\u00e1t, \u00e9s cser\u00e9pben \u00fcltesd t\u00f6bbf\u00e9le n\u00f6v\u00e9nyt, hogy \u00e9rdekesebb, v\u00e1ltozatosabb legyen a k\u00f6rnyezet.<\/p>\n<h2>Kertzug fa paddal<\/h2>\n<p><img loading=\"lazy\" decoding=\"async\" width=\"700\" height=\"1049\" alt=\"Hangulatos k\u00fclt\u00e9ri kertzug fa paddal, sz\u00ednes p\u00e1rn\u00e1kkal, cserepes n\u00f6v\u00e9nyekkel \u00e9s f\u00e9nyf\u00fcz\u00e9rekkel\u2014t\u00f6k\u00e9letes pihen\u0151hely.\" class=\"aligncenter size-full wp-image-6698\" src=\"https:\/\/doubletakedecor.com\/uploads\/2025\/09\/garden-nook-dtd-02.jpg\" srcset=\"https:\/\/doubletakedecor.com\/uploads\/2025\/09\/garden-nook-dtd-02.jpg 700w, https:\/\/doubletakedecor.com\/uploads\/2025\/09\/garden-nook-dtd-02-200x300.jpg 200w, https:\/\/doubletakedecor.com\/uploads\/2025\/09\/garden-nook-dtd-02-683x1024.jpg 683w, https:\/\/doubletakedecor.com\/uploads\/2025\/09\/garden-nook-dtd-02-96x144.jpg 96w, https:\/\/doubletakedecor.com\/uploads\/2025\/09\/garden-nook-dtd-02-280x420.jpg 280w, https:\/\/doubletakedecor.com\/uploads\/2025\/09\/garden-nook-dtd-02-320x480.jpg 320w, https:\/\/doubletakedecor.com\/uploads\/2025\/09\/garden-nook-dtd-02-360x539.jpg 360w, https:\/\/doubletakedecor.com\/uploads\/2025\/09\/garden-nook-dtd-02-363x544.jpg 363w, https:\/\/doubletakedecor.com\/uploads\/2025\/09\/garden-nook-dtd-02-370x554.jpg 370w, https:\/\/doubletakedecor.com\/uploads\/2025\/09\/garden-nook-dtd-02-400x599.jpg 400w, https:\/\/doubletakedecor.com\/uploads\/2025\/09\/garden-nook-dtd-02-560x839.jpg 560w, https:\/\/doubletakedecor.com\/uploads\/2025\/09\/garden-nook-dtd-02-480x719.jpg 480w\" sizes=\"auto, (max-width: 700px) 100vw, 700px\" \/><\/p>\n<p>Teremts nyugodt k\u00fclt\u00e9ri zugot \u00fagy, hogy egy fa padot helyezel el s\u00f6t\u00e9tebb falfel\u00fclet el\u0151tt. Tegy\u00e9l r\u00e1 puha p\u00e1rn\u00e1kat a k\u00e9nyelem\u00e9rt, \u00e9s akassz polcot a falra cserepes n\u00f6v\u00e9nyeknek. Egy kis asztalka is j\u00f3l j\u00f6n, ha letenn\u00e9l valamit. K\u00f6r\u00fcl\u00f6tte vari\u00e1ld a n\u00f6v\u00e9nytart\u00f3kat, este pedig tedd hangulatoss\u00e1 f\u00e9nyf\u00fcz\u00e9rrel a pad felett.<\/p>\n<h2>Pasztell pavilon otthonos \u00fcl\u0151hellyel<\/h2>\n<p><img loading=\"lazy\" decoding=\"async\" width=\"700\" height=\"1050\" alt=\"Csendes kertpavilon nagy ablakokkal, k\u00e9nyelmes fa paddal, puha p\u00e1rn\u00e1kkal, d\u00edszpolccal, form\u00e1zott vir\u00e1gokkal \u00e9s sz\u00ednes n\u00f6v\u00e9nyekkel k\u00f6r\u00fcl\u00f6tte.\" class=\"aligncenter size-full wp-image-6704\" src=\"https:\/\/doubletakedecor.com\/uploads\/2025\/09\/garden-nook-dtd-03.jpg\" srcset=\"https:\/\/doubletakedecor.com\/uploads\/2025\/09\/garden-nook-dtd-03.jpg 700w, https:\/\/doubletakedecor.com\/uploads\/2025\/09\/garden-nook-dtd-03-200x300.jpg 200w, https:\/\/doubletakedecor.com\/uploads\/2025\/09\/garden-nook-dtd-03-683x1024.jpg 683w, https:\/\/doubletakedecor.com\/uploads\/2025\/09\/garden-nook-dtd-03-96x144.jpg 96w, https:\/\/doubletakedecor.com\/uploads\/2025\/09\/garden-nook-dtd-03-280x420.jpg 280w, https:\/\/doubletakedecor.com\/uploads\/2025\/09\/garden-nook-dtd-03-320x480.jpg 320w, https:\/\/doubletakedecor.com\/uploads\/2025\/09\/garden-nook-dtd-03-360x540.jpg 360w, https:\/\/doubletakedecor.com\/uploads\/2025\/09\/garden-nook-dtd-03-363x545.jpg 363w, https:\/\/doubletakedecor.com\/uploads\/2025\/09\/garden-nook-dtd-03-370x555.jpg 370w, https:\/\/doubletakedecor.com\/uploads\/2025\/09\/garden-nook-dtd-03-400x600.jpg 400w, https:\/\/doubletakedecor.com\/uploads\/2025\/09\/garden-nook-dtd-03-560x840.jpg 560w, https:\/\/doubletakedecor.com\/uploads\/2025\/09\/garden-nook-dtd-03-480x720.jpg 480w\" sizes=\"auto, (max-width: 700px) 100vw, 700px\" \/><\/p>\n<p>V\u00e1ltoztasd \u00e1t kertzugodat egy vil\u00e1gos, pasztell sz\u00edn\u0171 pavilonnal. Engedj be sok term\u00e9szetes f\u00e9nyt nagy ablakokkal, \u00e9s helyezz el egy fa padot rajta puha p\u00e1rn\u00e1kkal \u00e9s takar\u00f3val. V\u00e1laszd ki a hozz\u00e1d ill\u0151 d\u00edszeket a polcra, \u00e9s \u00fcltess form\u00e1zott n\u00f6v\u00e9nyeket feh\u00e9r cserepekbe. Tegy\u00e9l oda \u00e9l\u00e9nk sz\u00edn\u0171 vir\u00e1gokat is a m\u00e9g nyugodtabb hangulat\u00e9rt.<\/p>\n<h2>\u00cdves kerti pados pihen\u0151<\/h2>\n<p><img loading=\"lazy\" decoding=\"async\" width=\"700\" height=\"1049\" alt=\"Hangulatos kertzug \u00edves f\u00e9m paddal, p\u00e1rn\u00e1kkal, k\u00f6r\u00fcl\u00f6tte sz\u00ednes vir\u00e1gokkal \u00e9s n\u00f6v\u00e9nyekkel, f\u00f6l\u00f6tte egy eleg\u00e1ns \u00edves lugassal.\" class=\"aligncenter size-full wp-image-6710\" src=\"https:\/\/doubletakedecor.com\/uploads\/2025\/09\/garden-nook-dtd-04.jpg\" srcset=\"https:\/\/doubletakedecor.com\/uploads\/2025\/09\/garden-nook-dtd-04.jpg 700w, https:\/\/doubletakedecor.com\/uploads\/2025\/09\/garden-nook-dtd-04-200x300.jpg 200w, https:\/\/doubletakedecor.com\/uploads\/2025\/09\/garden-nook-dtd-04-683x1024.jpg 683w, https:\/\/doubletakedecor.com\/uploads\/2025\/09\/garden-nook-dtd-04-96x144.jpg 96w, https:\/\/doubletakedecor.com\/uploads\/2025\/09\/garden-nook-dtd-04-280x420.jpg 280w, https:\/\/doubletakedecor.com\/uploads\/2025\/09\/garden-nook-dtd-04-320x480.jpg 320w, https:\/\/doubletakedecor.com\/uploads\/2025\/09\/garden-nook-dtd-04-360x539.jpg 360w, https:\/\/doubletakedecor.com\/uploads\/2025\/09\/garden-nook-dtd-04-363x544.jpg 363w, https:\/\/doubletakedecor.com\/uploads\/2025\/09\/garden-nook-dtd-04-370x554.jpg 370w, https:\/\/doubletakedecor.com\/uploads\/2025\/09\/garden-nook-dtd-04-400x599.jpg 400w, https:\/\/doubletakedecor.com\/uploads\/2025\/09\/garden-nook-dtd-04-560x839.jpg 560w, https:\/\/doubletakedecor.com\/uploads\/2025\/09\/garden-nook-dtd-04-480x719.jpg 480w\" sizes=\"auto, (max-width: 700px) 100vw, 700px\" \/><\/p>\n<p>\u00cdgy k\u00e9sz\u00edthetsz bens\u0151s\u00e9ges kertzugot: tegy\u00e9l a k\u00f6z\u00e9ppontba egy \u00edves f\u00e9m padot, p\u00e1rn\u00e1kkal k\u00e9nyelmesebb\u00e9 t\u00e9ve. \u00dcltess k\u00f6r\u00e9 sz\u00ednes, tart\u00f3s vir\u00e1gokat, p\u00e9ld\u00e1ul levendul\u00e1t, margar\u00e9t\u00e1t, pet\u00fani\u00e1t. \u00c9p\u00edts f\u00f6l\u00e9 lugast, \u00e9s futtasd r\u00e1 k\u00fasz\u00f3n\u00f6v\u00e9nyeket, hogy term\u00e9szetes tet\u0151t alkossanak. Az eg\u00e9sz zug k\u00f6r\u00e9 tegy\u00e9l le egyszer\u0171 k\u0151lapokat, hogy b\u00e1rmilyen id\u0151ben el\u00e9rhet\u0151 legyen.<\/p>\n<h2>Pergol\u00e1s kerti pihen\u0151 pad<\/h2>\n<p><img loading=\"lazy\" decoding=\"async\" width=\"700\" height=\"1049\" alt=\"Fa pergola alatt t\u00fcrkiz p\u00e1rn\u00e1s pad, k\u00f6r\u00fcl\u00f6tte sz\u00ednes vir\u00e1gok, kavicsos \u00fat vezet hozz\u00e1; csendes, \u00e1rny\u00e9kos kertzug.\" class=\"aligncenter size-full wp-image-6716\" src=\"https:\/\/doubletakedecor.com\/uploads\/2025\/09\/garden-nook-dtd-05.jpg\" srcset=\"https:\/\/doubletakedecor.com\/uploads\/2025\/09\/garden-nook-dtd-05.jpg 700w, https:\/\/doubletakedecor.com\/uploads\/2025\/09\/garden-nook-dtd-05-200x300.jpg 200w, https:\/\/doubletakedecor.com\/uploads\/2025\/09\/garden-nook-dtd-05-683x1024.jpg 683w, https:\/\/doubletakedecor.com\/uploads\/2025\/09\/garden-nook-dtd-05-96x144.jpg 96w, https:\/\/doubletakedecor.com\/uploads\/2025\/09\/garden-nook-dtd-05-280x420.jpg 280w, https:\/\/doubletakedecor.com\/uploads\/2025\/09\/garden-nook-dtd-05-320x480.jpg 320w, https:\/\/doubletakedecor.com\/uploads\/2025\/09\/garden-nook-dtd-05-360x539.jpg 360w, https:\/\/doubletakedecor.com\/uploads\/2025\/09\/garden-nook-dtd-05-363x544.jpg 363w, https:\/\/doubletakedecor.com\/uploads\/2025\/09\/garden-nook-dtd-05-370x554.jpg 370w, https:\/\/doubletakedecor.com\/uploads\/2025\/09\/garden-nook-dtd-05-400x599.jpg 400w, https:\/\/doubletakedecor.com\/uploads\/2025\/09\/garden-nook-dtd-05-560x839.jpg 560w, https:\/\/doubletakedecor.com\/uploads\/2025\/09\/garden-nook-dtd-05-480x719.jpg 480w\" sizes=\"auto, (max-width: 700px) 100vw, 700px\" \/><\/p>\n<p>\u00c9p\u00edts \u00e1rny\u00e9kos \u00fcl\u0151helyet pergola al\u00e1 egy er\u0151s paddal, rajta puha p\u00e1rn\u00e1kkal. V\u00e1lassz strapab\u00edr\u00f3 anyagokat, p\u00e9ld\u00e1ul t\u00fcrkiz sz\u00ednt, \u00e9s dobj fel n\u00e9h\u00e1ny mint\u00e1s p\u00e1rn\u00e1t is. Fektess le k\u0151b\u0151l k\u00e9sz\u00fclt \u00f6sv\u00e9nyt, ami elvezet a pihen\u0151h\u00f6z. A k\u00f6r\u00e9 \u00fcltetett k\u00fcl\u00f6nb\u00f6z\u0151 magas n\u00f6v\u00e9nyek meghitts\u00e9get \u00e9s priv\u00e1t hangulatot adnak.<\/p>\n<h2>Kavicsos \u00fat medit\u00e1ci\u00f3s zug<\/h2>\n<p><img loading=\"lazy\" decoding=\"async\" width=\"700\" height=\"1049\" alt=\"Csendes kertzug: kanyarg\u00f3 kavicsos \u00f6sv\u00e9ny, k\u0151t l\u00e9pcs\u0151fokok, k\u00e9nyelmes rattan sz\u00e9k egy medit\u00e1ci\u00f3s szobor mellett, sok z\u00f6ld n\u00f6v\u00e9nnyel.\" class=\"aligncenter size-full wp-image-6722\" src=\"https:\/\/doubletakedecor.com\/uploads\/2025\/09\/garden-nook-dtd-06.jpg\" srcset=\"https:\/\/doubletakedecor.com\/uploads\/2025\/09\/garden-nook-dtd-06.jpg 700w, https:\/\/doubletakedecor.com\/uploads\/2025\/09\/garden-nook-dtd-06-200x300.jpg 200w, https:\/\/doubletakedecor.com\/uploads\/2025\/09\/garden-nook-dtd-06-683x1024.jpg 683w, https:\/\/doubletakedecor.com\/uploads\/2025\/09\/garden-nook-dtd-06-96x144.jpg 96w, https:\/\/doubletakedecor.com\/uploads\/2025\/09\/garden-nook-dtd-06-280x420.jpg 280w, https:\/\/doubletakedecor.com\/uploads\/2025\/09\/garden-nook-dtd-06-320x480.jpg 320w, https:\/\/doubletakedecor.com\/uploads\/2025\/09\/garden-nook-dtd-06-360x539.jpg 360w, https:\/\/doubletakedecor.com\/uploads\/2025\/09\/garden-nook-dtd-06-363x544.jpg 363w, https:\/\/doubletakedecor.com\/uploads\/2025\/09\/garden-nook-dtd-06-370x554.jpg 370w, https:\/\/doubletakedecor.com\/uploads\/2025\/09\/garden-nook-dtd-06-400x599.jpg 400w, https:\/\/doubletakedecor.com\/uploads\/2025\/09\/garden-nook-dtd-06-560x839.jpg 560w, https:\/\/doubletakedecor.com\/uploads\/2025\/09\/garden-nook-dtd-06-480x719.jpg 480w\" sizes=\"auto, (max-width: 700px) 100vw, 700px\" \/><\/p>\n<p>Hozz l\u00e9tre nyugalmas zugot kanyarg\u00f3 kavicsos \u00f6sv\u00e9nnyel \u00e9s n\u00e9h\u00e1ny gondosan elhelyezett k\u0151l\u00e9pcs\u0151vel. Rakj le egy k\u00e9nyelmes fonott sz\u00e9ket egy medit\u00e1ci\u00f3s szobor mell\u00e9, hogy legyen hol elcsendes\u00fclni. Kombin\u00e1ld a puha z\u00f6ld n\u00f6v\u00e9nyeket k\u0151 k\u00f6ralapzattal, \u00e9s v\u00e1lassz a kert f\u00e9lrees\u0151, s\u0171r\u0171bb r\u00e9szeit, ahol term\u00e9szetesen v\u00e9dett a zug.<\/p>\n<h2>Adirondack pihen\u0151 b\u00e1rsonyvir\u00e1g k\u00f6z\u00f6tt<\/h2>\n<p><img loading=\"lazy\" decoding=\"async\" width=\"700\" height=\"1049\" alt=\"F\u00e1b\u00f3l k\u00e9sz\u00fclt Adirondack sz\u00e9kek kavicsos \u00f6sv\u00e9nyen, k\u00f6r\u00fcl\u00f6tt\u00fck sok z\u00f6ld n\u00f6v\u00e9ny \u00e9s narancss\u00e1rga b\u00e1rsonyvir\u00e1g: t\u00f6k\u00e9letesen nyugodt kertzug.\" class=\"aligncenter size-full wp-image-6728\" src=\"https:\/\/doubletakedecor.com\/uploads\/2025\/09\/garden-nook-dtd-07.jpg\" srcset=\"https:\/\/doubletakedecor.com\/uploads\/2025\/09\/garden-nook-dtd-07.jpg 700w, https:\/\/doubletakedecor.com\/uploads\/2025\/09\/garden-nook-dtd-07-200x300.jpg 200w, https:\/\/doubletakedecor.com\/uploads\/2025\/09\/garden-nook-dtd-07-683x1024.jpg 683w, https:\/\/doubletakedecor.com\/uploads\/2025\/09\/garden-nook-dtd-07-96x144.jpg 96w, https:\/\/doubletakedecor.com\/uploads\/2025\/09\/garden-nook-dtd-07-280x420.jpg 280w, https:\/\/doubletakedecor.com\/uploads\/2025\/09\/garden-nook-dtd-07-320x480.jpg 320w, https:\/\/doubletakedecor.com\/uploads\/2025\/09\/garden-nook-dtd-07-360x539.jpg 360w, https:\/\/doubletakedecor.com\/uploads\/2025\/09\/garden-nook-dtd-07-363x544.jpg 363w, https:\/\/doubletakedecor.com\/uploads\/2025\/09\/garden-nook-dtd-07-370x554.jpg 370w, https:\/\/doubletakedecor.com\/uploads\/2025\/09\/garden-nook-dtd-07-400x599.jpg 400w, https:\/\/doubletakedecor.com\/uploads\/2025\/09\/garden-nook-dtd-07-560x839.jpg 560w, https:\/\/doubletakedecor.com\/uploads\/2025\/09\/garden-nook-dtd-07-480x719.jpg 480w\" sizes=\"auto, (max-width: 700px) 100vw, 700px\" \/><\/p>\n<p>K\u00e9sz\u00edts eldugott kertzugot \u00fagy, hogy Adirondack sz\u00e9keket helyezel kavicsos \u00f6sv\u00e9nyre, s\u0171r\u0171 bokrok \u00e9s narancs sz\u00edn\u0171 b\u00e1rsonyvir\u00e1g mell\u00e9. A kavics g\u00e1tolja a gyomokat \u00e9s elvezeti a vizet. \u00dagy \u00e1ll\u00edtsd be a sz\u00e9keket, hogy egym\u00e1s fel\u00e9 is ford\u00edthat\u00f3k legyenek besz\u00e9lget\u00e9shez, vagy a kert legszebb r\u00e9sz\u00e9re n\u00e9zzenek. K\u00fclt\u00e9ri p\u00e1rn\u00e1kkal k\u00e9nyelmesebb\u00e9 teheted, k\u00fcl\u00f6n\u00f6sen az esti pihen\u00e9sekhez.<\/p>\n<h2>\u00cdves pados kerti pihen\u0151<\/h2>\n<p><img loading=\"lazy\" decoding=\"async\" width=\"700\" height=\"1049\" alt=\"\u00cdves fa pad k\u0151 alappal, k\u00f6r\u00f6tte \u00e9l\u00e9nk lila \u00e9s r\u00f3zsasz\u00edn vir\u00e1gok, gondosan elrendezett kertben, k\u0151 burkolaton.\" class=\"aligncenter size-full wp-image-6734\" src=\"https:\/\/doubletakedecor.com\/uploads\/2025\/09\/garden-nook-dtd-08.jpg\" srcset=\"https:\/\/doubletakedecor.com\/uploads\/2025\/09\/garden-nook-dtd-08.jpg 700w, https:\/\/doubletakedecor.com\/uploads\/2025\/09\/garden-nook-dtd-08-200x300.jpg 200w, https:\/\/doubletakedecor.com\/uploads\/2025\/09\/garden-nook-dtd-08-683x1024.jpg 683w, https:\/\/doubletakedecor.com\/uploads\/2025\/09\/garden-nook-dtd-08-96x144.jpg 96w, https:\/\/doubletakedecor.com\/uploads\/2025\/09\/garden-nook-dtd-08-280x420.jpg 280w, https:\/\/doubletakedecor.com\/uploads\/2025\/09\/garden-nook-dtd-08-320x480.jpg 320w, https:\/\/doubletakedecor.com\/uploads\/2025\/09\/garden-nook-dtd-08-360x539.jpg 360w, https:\/\/doubletakedecor.com\/uploads\/2025\/09\/garden-nook-dtd-08-363x544.jpg 363w, https:\/\/doubletakedecor.com\/uploads\/2025\/09\/garden-nook-dtd-08-370x554.jpg 370w, https:\/\/doubletakedecor.com\/uploads\/2025\/09\/garden-nook-dtd-08-400x599.jpg 400w, https:\/\/doubletakedecor.com\/uploads\/2025\/09\/garden-nook-dtd-08-560x839.jpg 560w, https:\/\/doubletakedecor.com\/uploads\/2025\/09\/garden-nook-dtd-08-480x719.jpg 480w\" sizes=\"auto, (max-width: 700px) 100vw, 700px\" \/><\/p>\n<p>K\u00e9sz\u00edtsd el a saj\u00e1t o\u00e1zisod egy \u00edves fa paddal, ami beleillik a k\u0151vel kirakott kertbe. \u00dcltess mell\u00e9 \u00e9l\u00e9nk lila \u00e9s r\u00f3zsasz\u00edn vir\u00e1gokat, hogy igaz\u00e1n l\u00e1tv\u00e1nyos legyen. A ker\u00edt\u00e9sre futtasd fel k\u00fasz\u00f3n\u00f6v\u00e9nyeket, hogy meglegyen a priv\u00e1t hangulat, de a t\u00e9r is t\u00e1gas maradjon. A term\u00e9szetes k\u0151burkolat eleg\u00e1ns, b\u00e9k\u00e9s helyet teremt a tal\u00e1lkoz\u00e1shoz.<\/p>\n<h2>F\u00e1k k\u00f6z\u00e9 f\u00fcggesztett f\u00fcgg\u0151\u00e1gy<\/h2>\n<p><img loading=\"lazy\" decoding=\"async\" width=\"700\" height=\"1050\" alt=\"B\u00e9k\u00e9s f\u00fcgg\u0151\u00e1gy s\u00e1rga p\u00e1rn\u00e1kkal, f\u00e1k k\u00f6z\u00e9 kifesz\u00edtve, buja tr\u00f3pusi n\u00f6v\u00e9nyek k\u00f6z\u00f6tt: term\u00e9szetes, meghitt pihen\u0151.\" class=\"aligncenter size-full wp-image-6740\" src=\"https:\/\/doubletakedecor.com\/uploads\/2025\/09\/garden-nook-dtd-09.jpg\" srcset=\"https:\/\/doubletakedecor.com\/uploads\/2025\/09\/garden-nook-dtd-09.jpg 700w, https:\/\/doubletakedecor.com\/uploads\/2025\/09\/garden-nook-dtd-09-200x300.jpg 200w, https:\/\/doubletakedecor.com\/uploads\/2025\/09\/garden-nook-dtd-09-683x1024.jpg 683w, https:\/\/doubletakedecor.com\/uploads\/2025\/09\/garden-nook-dtd-09-96x144.jpg 96w, https:\/\/doubletakedecor.com\/uploads\/2025\/09\/garden-nook-dtd-09-280x420.jpg 280w, https:\/\/doubletakedecor.com\/uploads\/2025\/09\/garden-nook-dtd-09-320x480.jpg 320w, https:\/\/doubletakedecor.com\/uploads\/2025\/09\/garden-nook-dtd-09-360x540.jpg 360w, https:\/\/doubletakedecor.com\/uploads\/2025\/09\/garden-nook-dtd-09-363x545.jpg 363w, https:\/\/doubletakedecor.com\/uploads\/2025\/09\/garden-nook-dtd-09-370x555.jpg 370w, https:\/\/doubletakedecor.com\/uploads\/2025\/09\/garden-nook-dtd-09-400x600.jpg 400w, https:\/\/doubletakedecor.com\/uploads\/2025\/09\/garden-nook-dtd-09-560x840.jpg 560w, https:\/\/doubletakedecor.com\/uploads\/2025\/09\/garden-nook-dtd-09-480x720.jpg 480w\" sizes=\"auto, (max-width: 700px) 100vw, 700px\" \/><\/p>\n<p>Teremts b\u00e9k\u00e9s rejteket, ha egy f\u00fcgg\u0151\u00e1gyat k\u00f6tsz ki a kert nagyobb f\u00e1i k\u00f6z\u00e9. V\u00e1lassz k\u00f6nny\u0171, szell\u0151s anyagot, tegy\u00e9l bele puha p\u00e1rn\u00e1kat a hosszabb pihen\u00e9sekhez. \u00dagy helyezd el, hogy a lomb term\u00e9szetes \u00e1rny\u00e9kot \u00e9s v\u00e9detts\u00e9get adjon. K\u00f6r\u00e9 \u00fcltess tr\u00f3pusi hat\u00e1s\u00fa n\u00f6v\u00e9nyeket, hogy igaz\u00e1n elmer\u00fclhess a csendben, olvas\u00e1shoz vagy medit\u00e1ci\u00f3hoz.<\/p>\n<h2>Vir\u00e1gos \u00edves bej\u00e1rat a kertbe<\/h2>\n<p><img loading=\"lazy\" decoding=\"async\" width=\"700\" height=\"1049\" alt=\"Nyugodt kertzug, ahol egy sz\u00ednes vir\u00e1gkapu vezet a rusztikus fa padhoz, k\u0151vel kirakott \u00f6sv\u00e9nyen, \u00e9l\u00e9nk vir\u00e1gokkal k\u00f6r\u00fclv\u00e9ve.\" class=\"aligncenter size-full wp-image-6746\" src=\"https:\/\/doubletakedecor.com\/uploads\/2025\/09\/garden-nook-dtd-10.jpg\" srcset=\"https:\/\/doubletakedecor.com\/uploads\/2025\/09\/garden-nook-dtd-10.jpg 700w, https:\/\/doubletakedecor.com\/uploads\/2025\/09\/garden-nook-dtd-10-200x300.jpg 200w, https:\/\/doubletakedecor.com\/uploads\/2025\/09\/garden-nook-dtd-10-683x1024.jpg 683w, https:\/\/doubletakedecor.com\/uploads\/2025\/09\/garden-nook-dtd-10-96x144.jpg 96w, https:\/\/doubletakedecor.com\/uploads\/2025\/09\/garden-nook-dtd-10-280x420.jpg 280w, https:\/\/doubletakedecor.com\/uploads\/2025\/09\/garden-nook-dtd-10-320x480.jpg 320w, https:\/\/doubletakedecor.com\/uploads\/2025\/09\/garden-nook-dtd-10-360x539.jpg 360w, https:\/\/doubletakedecor.com\/uploads\/2025\/09\/garden-nook-dtd-10-363x544.jpg 363w, https:\/\/doubletakedecor.com\/uploads\/2025\/09\/garden-nook-dtd-10-370x554.jpg 370w, https:\/\/doubletakedecor.com\/uploads\/2025\/09\/garden-nook-dtd-10-400x599.jpg 400w, https:\/\/doubletakedecor.com\/uploads\/2025\/09\/garden-nook-dtd-10-560x839.jpg 560w, https:\/\/doubletakedecor.com\/uploads\/2025\/09\/garden-nook-dtd-10-480x719.jpg 480w\" sizes=\"auto, (max-width: 700px) 100vw, 700px\" \/><\/p>\n<p>Alak\u00edtsd ki saj\u00e1t nyugalmas zugod egy vir\u00e1ggal befuttatott kapuval, ami bevezet a kertbe. A kaput helyezd \u00fagy, hogy keretet adjon a k\u0151b\u0151l kirakott \u00f6sv\u00e9nynek, ami elvezet a k\u00e9nyelmes \u00fcl\u0151helyhez. Kombin\u00e1ld a narancss\u00e1rga \u00e9s lila vir\u00e1gokat a l\u00e1tv\u00e1ny kedv\u00e9\u00e9rt, \u00e9s eg\u00e9sz\u00edtsd ki form\u00e1s s\u00f6v\u00e9nnyel az egyens\u00faly\u00e9rt. Ez a k\u00fcl\u00f6nleges elem nemcsak d\u00edszes, de j\u00f3l el is v\u00e1lasztja a szem\u00e9lyes mened\u00e9ket.<\/p>\n<h2>Vil\u00e1g\u00edt\u00f3 kerti pavilon pihen\u0151<\/h2>\n<p><img loading=\"lazy\" decoding=\"async\" width=\"700\" height=\"1049\" alt=\"Hangulatos fa pavilon r\u00e1csos d\u00edsz\u00edt\u00e9ssel, zsindelytet\u0151vel, l\u00e1gy f\u00e9nyekkel egy b\u00e9k\u00e9s kertben, vir\u00e1gokkal \u00e9s hangulatos vil\u00e1g\u00edt\u00e1ssal.\" class=\"aligncenter size-full wp-image-6752\" src=\"https:\/\/doubletakedecor.com\/uploads\/2025\/09\/garden-nook-dtd-11.jpg\" srcset=\"https:\/\/doubletakedecor.com\/uploads\/2025\/09\/garden-nook-dtd-11.jpg 700w, https:\/\/doubletakedecor.com\/uploads\/2025\/09\/garden-nook-dtd-11-200x300.jpg 200w, https:\/\/doubletakedecor.com\/uploads\/2025\/09\/garden-nook-dtd-11-683x1024.jpg 683w, https:\/\/doubletakedecor.com\/uploads\/2025\/09\/garden-nook-dtd-11-96x144.jpg 96w, https:\/\/doubletakedecor.com\/uploads\/2025\/09\/garden-nook-dtd-11-280x420.jpg 280w, https:\/\/doubletakedecor.com\/uploads\/2025\/09\/garden-nook-dtd-11-320x480.jpg 320w, https:\/\/doubletakedecor.com\/uploads\/2025\/09\/garden-nook-dtd-11-360x539.jpg 360w, https:\/\/doubletakedecor.com\/uploads\/2025\/09\/garden-nook-dtd-11-363x544.jpg 363w, https:\/\/doubletakedecor.com\/uploads\/2025\/09\/garden-nook-dtd-11-370x554.jpg 370w, https:\/\/doubletakedecor.com\/uploads\/2025\/09\/garden-nook-dtd-11-400x599.jpg 400w, https:\/\/doubletakedecor.com\/uploads\/2025\/09\/garden-nook-dtd-11-560x839.jpg 560w, https:\/\/doubletakedecor.com\/uploads\/2025\/09\/garden-nook-dtd-11-480x719.jpg 480w\" sizes=\"auto, (max-width: 700px) 100vw, 700px\" \/><\/p>\n<p>V\u00e1ltoztasd var\u00e1zslatos esti mened\u00e9kk\u00e9 a kerted egy j\u00f3l megvil\u00e1g\u00edtott pavilonnal. Szerelj fel id\u0151j\u00e1r\u00e1s\u00e1ll\u00f3 f\u00e9nyf\u00fcz\u00e9reket vagy napelemes l\u00e1mp\u00e1sokat a r\u00e1csokra, hogy kellemes, puha f\u00e9nyt adjanak. Tegy\u00e9l p\u00e1rn\u00e1t a fa padokra, hogy k\u00e9nyelmesebb legyen, \u00e9s ker\u00fcld k\u00f6rbe alacsony ig\u00e9ny\u0171 \u00e9vel\u0151 vir\u00e1gokkal, amik eg\u00e9sz \u00e9vben feldobj\u00e1k a k\u00f6rnyezetet. \u00dat menti l\u00e1mp\u00e1kkal m\u00e9g bar\u00e1ts\u00e1gosabb\u00e1 teheted a bej\u00e1ratot.<\/p>\n<h2>Eleg\u00e1ns lugas leng\u0151 f\u00fcgg\u00f6ny\u00f6kkel<\/h2>\n<p><img loading=\"lazy\" decoding=\"async\" width=\"700\" height=\"1049\" alt=\"B\u00e1jos kerti lugas, s\u00f6t\u00e9t f\u00e9m r\u00e1csszerkezettel, leng\u0151 f\u00fcgg\u00f6ny\u00f6kkel \u00e9s hangulatos \u00fcl\u0151hellyel, buja z\u00f6ld k\u00f6rnyezetben, k\u0151\u00f6sv\u00e9nyekkel.\" class=\"aligncenter size-full wp-image-6758\" src=\"https:\/\/doubletakedecor.com\/uploads\/2025\/09\/garden-nook-dtd-12.jpg\" srcset=\"https:\/\/doubletakedecor.com\/uploads\/2025\/09\/garden-nook-dtd-12.jpg 700w, https:\/\/doubletakedecor.com\/uploads\/2025\/09\/garden-nook-dtd-12-200x300.jpg 200w, https:\/\/doubletakedecor.com\/uploads\/2025\/09\/garden-nook-dtd-12-683x1024.jpg 683w, https:\/\/doubletakedecor.com\/uploads\/2025\/09\/garden-nook-dtd-12-96x144.jpg 96w, https:\/\/doubletakedecor.com\/uploads\/2025\/09\/garden-nook-dtd-12-280x420.jpg 280w, https:\/\/doubletakedecor.com\/uploads\/2025\/09\/garden-nook-dtd-12-320x480.jpg 320w, https:\/\/doubletakedecor.com\/uploads\/2025\/09\/garden-nook-dtd-12-360x539.jpg 360w, https:\/\/doubletakedecor.com\/uploads\/2025\/09\/garden-nook-dtd-12-363x544.jpg 363w, https:\/\/doubletakedecor.com\/uploads\/2025\/09\/garden-nook-dtd-12-370x554.jpg 370w, https:\/\/doubletakedecor.com\/uploads\/2025\/09\/garden-nook-dtd-12-400x599.jpg 400w, https:\/\/doubletakedecor.com\/uploads\/2025\/09\/garden-nook-dtd-12-560x839.jpg 560w, https:\/\/doubletakedecor.com\/uploads\/2025\/09\/garden-nook-dtd-12-480x719.jpg 480w\" sizes=\"auto, (max-width: 700px) 100vw, 700px\" \/><\/p>\n<p>Alak\u00edts ki egy b\u00e9k\u00e9s kerti sarkot egy d\u00edszes f\u00e9mlugassal, amelyet l\u00e9gies, leng\u0151 f\u00fcgg\u00f6ny\u00f6kkel eg\u00e9sz\u00edthetsz ki a priv\u00e1t szf\u00e9ra \u00e9s az elegancia kedv\u00e9\u00e9rt. Helyezz el benne puha, p\u00e1rn\u00e1zott \u00fcl\u0151helyeket \u00e9s egy k\u00f6zponti asztalt, ahol italokat helyezhetsz el vagy olvashatsz. K\u00f6r\u00fcl\u00f6tte sokf\u00e9le n\u00f6v\u00e9ny lehet, a vir\u00e1gos bokrokt\u00f3l a d\u00fas lombos z\u00f6ldekig, amit kerti k\u0151\u00f6sv\u00e9nyek k\u00f6tnek \u00f6ssze \u2013 \u00edgy lesz igaz\u00e1n \u00f6sszef\u00fcgg\u0151 \u00e9s nyugodt pihen\u0151hely bel\u0151le.<\/p>\n<h2>Feh\u00e9r pad z\u00f6ldell\u0151 kerti mened\u00e9kben<\/h2>\n<p><img loading=\"lazy\" decoding=\"async\" width=\"700\" height=\"1049\" alt=\"B\u00e1jos feh\u00e9r pad z\u00f6ldell\u0151 kertben, k\u0151\u00f6sv\u00e9nnyel, lila vir\u00e1gokkal \u00e9s feh\u00e9r liliomokkal a buja n\u00f6v\u00e9nyzet k\u00f6z\u00f6tt.\" class=\"aligncenter size-full wp-image-6764\" src=\"https:\/\/doubletakedecor.com\/uploads\/2025\/09\/garden-nook-dtd-13.jpg\" srcset=\"https:\/\/doubletakedecor.com\/uploads\/2025\/09\/garden-nook-dtd-13.jpg 700w, https:\/\/doubletakedecor.com\/uploads\/2025\/09\/garden-nook-dtd-13-200x300.jpg 200w, https:\/\/doubletakedecor.com\/uploads\/2025\/09\/garden-nook-dtd-13-683x1024.jpg 683w, https:\/\/doubletakedecor.com\/uploads\/2025\/09\/garden-nook-dtd-13-96x144.jpg 96w, https:\/\/doubletakedecor.com\/uploads\/2025\/09\/garden-nook-dtd-13-280x420.jpg 280w, https:\/\/doubletakedecor.com\/uploads\/2025\/09\/garden-nook-dtd-13-320x480.jpg 320w, https:\/\/doubletakedecor.com\/uploads\/2025\/09\/garden-nook-dtd-13-360x539.jpg 360w, https:\/\/doubletakedecor.com\/uploads\/2025\/09\/garden-nook-dtd-13-363x544.jpg 363w, https:\/\/doubletakedecor.com\/uploads\/2025\/09\/garden-nook-dtd-13-370x554.jpg 370w, https:\/\/doubletakedecor.com\/uploads\/2025\/09\/garden-nook-dtd-13-400x599.jpg 400w, https:\/\/doubletakedecor.com\/uploads\/2025\/09\/garden-nook-dtd-13-560x839.jpg 560w, https:\/\/doubletakedecor.com\/uploads\/2025\/09\/garden-nook-dtd-13-480x719.jpg 480w\" sizes=\"auto, (max-width: 700px) 100vw, 700px\" \/><\/p>\n<p>Hozz l\u00e9tre egy nyugodt pihen\u0151helyet egy feh\u00e9r paddal, amelyet egy k\u0151\u00f6sv\u00e9ny ment\u00e9n, t\u00f6bbf\u00e9le n\u00f6v\u00e9ny k\u00f6z\u00f6tt helyezel el. \u00dcltesd mell\u00e9 lila vir\u00e1gokat \u00e9s feh\u00e9r liliomokat, hogy sz\u00e9p sz\u00ednhat\u00e1st \u00e9rj el. S\u00f6v\u00e9nyekkel k\u00f6nnyen elrejtheted ezt a kis zugot a k\u00edv\u00e1ncsi szemek el\u0151l. \u00dagy \u00e1ll\u00edtsd el a padot, hogy r\u00e1l\u00e1t\u00e1sod legyen a kert legszebb r\u00e9sz\u00e9re \u2013 t\u00f6k\u00e9letes lesz elm\u00e9ly\u00fcl\u00e9shez vagy egy reggeli k\u00e1v\u00e9 elfogyaszt\u00e1s\u00e1hoz.<\/p>\n<h2>Levendulaszeg\u00e9lyes fa pad pihen\u0151<\/h2>\n<p><img loading=\"lazy\" decoding=\"async\" width=\"700\" height=\"1050\" alt=\"Kopottas fa pad buja kertben, lila levendul\u00e1val, sokf\u00e9le vir\u00e1ggal \u00e9s k\u0151l\u00e9pcs\u0151kkel, amelyek csendes k\u00fclt\u00e9ri o\u00e1zist teremtenek.\" class=\"aligncenter size-full wp-image-6770\" src=\"https:\/\/doubletakedecor.com\/uploads\/2025\/09\/garden-nook-dtd-14.jpg\" srcset=\"https:\/\/doubletakedecor.com\/uploads\/2025\/09\/garden-nook-dtd-14.jpg 700w, https:\/\/doubletakedecor.com\/uploads\/2025\/09\/garden-nook-dtd-14-200x300.jpg 200w, https:\/\/doubletakedecor.com\/uploads\/2025\/09\/garden-nook-dtd-14-683x1024.jpg 683w, https:\/\/doubletakedecor.com\/uploads\/2025\/09\/garden-nook-dtd-14-96x144.jpg 96w, https:\/\/doubletakedecor.com\/uploads\/2025\/09\/garden-nook-dtd-14-280x420.jpg 280w, https:\/\/doubletakedecor.com\/uploads\/2025\/09\/garden-nook-dtd-14-320x480.jpg 320w, https:\/\/doubletakedecor.com\/uploads\/2025\/09\/garden-nook-dtd-14-360x540.jpg 360w, https:\/\/doubletakedecor.com\/uploads\/2025\/09\/garden-nook-dtd-14-363x545.jpg 363w, https:\/\/doubletakedecor.com\/uploads\/2025\/09\/garden-nook-dtd-14-370x555.jpg 370w, https:\/\/doubletakedecor.com\/uploads\/2025\/09\/garden-nook-dtd-14-400x600.jpg 400w, https:\/\/doubletakedecor.com\/uploads\/2025\/09\/garden-nook-dtd-14-560x840.jpg 560w, https:\/\/doubletakedecor.com\/uploads\/2025\/09\/garden-nook-dtd-14-480x720.jpg 480w\" sizes=\"auto, (max-width: 700px) 100vw, 700px\" \/><\/p>\n<p>Teremts csendes \u00fcl\u0151helyet egy id\u0151j\u00e1r\u00e1s \u00e1ltal koptatott fa paddal, amelyet levendula bokrok vesznek k\u00f6rbe. A levendula egyszerre mutat\u00f3s \u00e9s illatos. Rakj le lapos k\u00f6veket, amelyek l\u00e9pcs\u0151k\u00e9nt mutatj\u00e1k az utat a kis pihen\u0151helyedhez. \u00dcltess k\u00f6r\u00e9 sokf\u00e9le vir\u00e1got, hogy eg\u00e9sz \u00e9vben sz\u00ednes legyen. A pad n\u00e9zzen a kert legszebb r\u00e9sz\u00e9re, hogy igaz\u00e1n ki tudj kapcsolni.<\/p>\n<h2>Kopottas pad a kerti mened\u00e9kben<\/h2>\n<p><img loading=\"lazy\" decoding=\"async\" width=\"700\" height=\"1049\" alt=\"Kopottas fa pad d\u00fas lomb\u00fa z\u00f6lddel \u00e9s r\u00f3zsasz\u00edn r\u00f3zs\u00e1kkal k\u00f6r\u00fclv\u00e9ve, kavicsos \u00f6sv\u00e9nnyel, hangulatos kerti zugk\u00e9nt pihen\u00e9shez.\" class=\"aligncenter size-full wp-image-6776\" src=\"https:\/\/doubletakedecor.com\/uploads\/2025\/09\/garden-nook-dtd-15.jpg\" srcset=\"https:\/\/doubletakedecor.com\/uploads\/2025\/09\/garden-nook-dtd-15.jpg 700w, https:\/\/doubletakedecor.com\/uploads\/2025\/09\/garden-nook-dtd-15-200x300.jpg 200w, https:\/\/doubletakedecor.com\/uploads\/2025\/09\/garden-nook-dtd-15-683x1024.jpg 683w, https:\/\/doubletakedecor.com\/uploads\/2025\/09\/garden-nook-dtd-15-96x144.jpg 96w, https:\/\/doubletakedecor.com\/uploads\/2025\/09\/garden-nook-dtd-15-280x420.jpg 280w, https:\/\/doubletakedecor.com\/uploads\/2025\/09\/garden-nook-dtd-15-320x480.jpg 320w, https:\/\/doubletakedecor.com\/uploads\/2025\/09\/garden-nook-dtd-15-360x539.jpg 360w, https:\/\/doubletakedecor.com\/uploads\/2025\/09\/garden-nook-dtd-15-363x544.jpg 363w, https:\/\/doubletakedecor.com\/uploads\/2025\/09\/garden-nook-dtd-15-370x554.jpg 370w, https:\/\/doubletakedecor.com\/uploads\/2025\/09\/garden-nook-dtd-15-400x599.jpg 400w, https:\/\/doubletakedecor.com\/uploads\/2025\/09\/garden-nook-dtd-15-560x839.jpg 560w, https:\/\/doubletakedecor.com\/uploads\/2025\/09\/garden-nook-dtd-15-480x719.jpg 480w\" sizes=\"auto, (max-width: 700px) 100vw, 700px\" \/><\/p>\n<p>Hozz l\u00e9tre egy b\u00e9k\u00e9s mened\u00e9ket, ha egy r\u00e9gi, fa padot \u00e1ll\u00edtasz be a buja z\u00f6ld n\u00f6v\u00e9nyek k\u00f6z\u00e9. Form\u00e1ld k\u00f6rbe \u00e1polt s\u00f6v\u00e9nnyel, hogy kijel\u00f6ld a helyet, \u00e9s \u00fcltess mell\u00e9 puha r\u00f3zsasz\u00edn r\u00f3zs\u00e1kat, hogy sz\u00ednt is vigy\u00e9l a k\u00e9pbe. Vezess el egy kavicsos s\u00e9t\u00e1nyt eg\u00e9szen a kuck\u00f3dig, \u00edgy mindenki k\u00f6nnyen megtal\u00e1lja majd. Ez a kialak\u00edt\u00e1s ide\u00e1lis egy reggeli k\u00e1v\u00e9hoz vagy esti elm\u00e9ly\u00fcl\u00e9shez.<\/p>\n<h2>Hangulatos, vil\u00e1g\u00edtott fa kuck\u00f3<\/h2>\n<p><img loading=\"lazy\" decoding=\"async\" width=\"700\" height=\"1049\" alt=\"Hangulatos kerti kuck\u00f3 f\u00e1b\u00f3l, \u00e9g\u0151sorral, fonott sz\u00e9kkel \u00e9s rengeteg n\u00f6v\u00e9nnyel, amely nyugodt mened\u00e9ket ad.\" class=\"aligncenter size-full wp-image-6782\" src=\"https:\/\/doubletakedecor.com\/uploads\/2025\/09\/garden-nook-dtd-16.jpg\" srcset=\"https:\/\/doubletakedecor.com\/uploads\/2025\/09\/garden-nook-dtd-16.jpg 700w, https:\/\/doubletakedecor.com\/uploads\/2025\/09\/garden-nook-dtd-16-200x300.jpg 200w, https:\/\/doubletakedecor.com\/uploads\/2025\/09\/garden-nook-dtd-16-683x1024.jpg 683w, https:\/\/doubletakedecor.com\/uploads\/2025\/09\/garden-nook-dtd-16-96x144.jpg 96w, https:\/\/doubletakedecor.com\/uploads\/2025\/09\/garden-nook-dtd-16-280x420.jpg 280w, https:\/\/doubletakedecor.com\/uploads\/2025\/09\/garden-nook-dtd-16-320x480.jpg 320w, https:\/\/doubletakedecor.com\/uploads\/2025\/09\/garden-nook-dtd-16-360x539.jpg 360w, https:\/\/doubletakedecor.com\/uploads\/2025\/09\/garden-nook-dtd-16-363x544.jpg 363w, https:\/\/doubletakedecor.com\/uploads\/2025\/09\/garden-nook-dtd-16-370x554.jpg 370w, https:\/\/doubletakedecor.com\/uploads\/2025\/09\/garden-nook-dtd-16-400x599.jpg 400w, https:\/\/doubletakedecor.com\/uploads\/2025\/09\/garden-nook-dtd-16-560x839.jpg 560w, https:\/\/doubletakedecor.com\/uploads\/2025\/09\/garden-nook-dtd-16-480x719.jpg 480w\" sizes=\"auto, (max-width: 700px) 100vw, 700px\" \/><\/p>\n<p>\u00c9p\u00edts egy fedett pihen\u0151t f\u00e1b\u00f3l k\u00e9sz\u00fclt szerkezettel \u00e9s enyh\u00e9n lejt\u0151s tet\u0151vel. Akassz fel meleg f\u00e9ny\u0171 \u00e9g\u0151sorokat, hogy este is bar\u00e1ts\u00e1gos f\u00e9ny legyen. Rendezd be fonott sz\u00e9kekkel, puha p\u00e1rn\u00e1kkal \u00e9s egy kis asztallal. Vedd k\u00f6rbe cserepes f\u0171szern\u00f6v\u00e9nyekkel \u00e9s vir\u00e1gokkal, \u00edgy a term\u00e9szet minden oldalr\u00f3l jelen lehet ebben a nyugodt mened\u00e9kben.<\/p>\n<h2>Vid\u00e9kies fonott pihen\u0151 vir\u00e1gok k\u00f6z\u00f6tt<\/h2>\n<p><img loading=\"lazy\" decoding=\"async\" width=\"700\" height=\"1049\" alt=\"Nyugodt kerti zug fonott kanap\u00e9val, vir\u00e1gos p\u00e1rn\u00e1kkal, k\u0151 \u00f6sv\u00e9ny mellett, sz\u00ednes vir\u00e1gok \u00e9s buja z\u00f6ldn\u00f6v\u00e9nyek k\u00f6z\u00f6tt.\" class=\"aligncenter size-full wp-image-6788\" src=\"https:\/\/doubletakedecor.com\/uploads\/2025\/09\/garden-nook-dtd-17.jpg\" srcset=\"https:\/\/doubletakedecor.com\/uploads\/2025\/09\/garden-nook-dtd-17.jpg 700w, https:\/\/doubletakedecor.com\/uploads\/2025\/09\/garden-nook-dtd-17-200x300.jpg 200w, https:\/\/doubletakedecor.com\/uploads\/2025\/09\/garden-nook-dtd-17-683x1024.jpg 683w, https:\/\/doubletakedecor.com\/uploads\/2025\/09\/garden-nook-dtd-17-96x144.jpg 96w, https:\/\/doubletakedecor.com\/uploads\/2025\/09\/garden-nook-dtd-17-280x420.jpg 280w, https:\/\/doubletakedecor.com\/uploads\/2025\/09\/garden-nook-dtd-17-320x480.jpg 320w, https:\/\/doubletakedecor.com\/uploads\/2025\/09\/garden-nook-dtd-17-360x539.jpg 360w, https:\/\/doubletakedecor.com\/uploads\/2025\/09\/garden-nook-dtd-17-363x544.jpg 363w, https:\/\/doubletakedecor.com\/uploads\/2025\/09\/garden-nook-dtd-17-370x554.jpg 370w, https:\/\/doubletakedecor.com\/uploads\/2025\/09\/garden-nook-dtd-17-400x599.jpg 400w, https:\/\/doubletakedecor.com\/uploads\/2025\/09\/garden-nook-dtd-17-560x839.jpg 560w, https:\/\/doubletakedecor.com\/uploads\/2025\/09\/garden-nook-dtd-17-480x719.jpg 480w\" sizes=\"auto, (max-width: 700px) 100vw, 700px\" \/><\/p>\n<p>Alak\u00edts ki b\u00e9k\u00e9s pihen\u0151helyet egy fonott kanap\u00e9val, amelyen sz\u00ednes p\u00e1rn\u00e1k vannak, k\u0151\u00f6sv\u00e9ny mellett. Szeg\u00e9lyezd k\u00f6rbe \u00e9l\u00e9nk, egym\u00e1shoz ill\u0151 sz\u00edn\u0171 vir\u00e1gokkal, \u00e9s tegy\u00e9l ki kis asztalokat, amikre n\u00f6v\u00e9nyeket vagy \u00fcd\u00edt\u0151t helyezhetsz. A k\u00f6rnyez\u0151 lombkorona term\u00e9szetes \u00e1rny\u00e9kot biztos\u00edt, \u00edgy t\u00f6k\u00e9letes hely lesz a kikapcsol\u00f3d\u00e1shoz.<\/p>\n<h2>Pergol\u00e1s hint\u00e1s olvas\u00f3kuck\u00f3<\/h2>\n<p><img loading=\"lazy\" decoding=\"async\" width=\"700\" height=\"1049\" alt=\"Rusztikus fa hinta cs\u00edkos p\u00e1rn\u00e1val \u00e9s term\u00e9szetk\u00f6zeli d\u00edszp\u00e1rn\u00e1kkal, pergola alatt \u00e9s n\u00f6v\u00e9nyek k\u00f6z\u00f6tt, puha k\u00fclt\u00e9ri sz\u0151nyegen.\" class=\"aligncenter size-full wp-image-6794\" src=\"https:\/\/doubletakedecor.com\/uploads\/2025\/09\/garden-nook-dtd-18.jpg\" srcset=\"https:\/\/doubletakedecor.com\/uploads\/2025\/09\/garden-nook-dtd-18.jpg 700w, https:\/\/doubletakedecor.com\/uploads\/2025\/09\/garden-nook-dtd-18-200x300.jpg 200w, https:\/\/doubletakedecor.com\/uploads\/2025\/09\/garden-nook-dtd-18-683x1024.jpg 683w, https:\/\/doubletakedecor.com\/uploads\/2025\/09\/garden-nook-dtd-18-96x144.jpg 96w, https:\/\/doubletakedecor.com\/uploads\/2025\/09\/garden-nook-dtd-18-280x420.jpg 280w, https:\/\/doubletakedecor.com\/uploads\/2025\/09\/garden-nook-dtd-18-320x480.jpg 320w, https:\/\/doubletakedecor.com\/uploads\/2025\/09\/garden-nook-dtd-18-360x539.jpg 360w, https:\/\/doubletakedecor.com\/uploads\/2025\/09\/garden-nook-dtd-18-363x544.jpg 363w, https:\/\/doubletakedecor.com\/uploads\/2025\/09\/garden-nook-dtd-18-370x554.jpg 370w, https:\/\/doubletakedecor.com\/uploads\/2025\/09\/garden-nook-dtd-18-400x599.jpg 400w, https:\/\/doubletakedecor.com\/uploads\/2025\/09\/garden-nook-dtd-18-560x839.jpg 560w, https:\/\/doubletakedecor.com\/uploads\/2025\/09\/garden-nook-dtd-18-480x719.jpg 480w\" sizes=\"auto, (max-width: 700px) 100vw, 700px\" \/><\/p>\n<p>Hozz l\u00e9tre nyugodt olvas\u00f3sarkot egy fa hint\u00e1val a pergola alatt. Tegy\u00e9l r\u00e1 id\u0151j\u00e1r\u00e1s\u00e1ll\u00f3 p\u00e1rn\u00e1t \u00e9s barna, f\u00f6ldsz\u00edn\u0171 d\u00edszp\u00e1rn\u00e1kat, hogy k\u00e9nyelmes legyen. Rakj le egy strapab\u00edr\u00f3 k\u00fclt\u00e9ri sz\u0151nyeget a kavics\u00e1gyra, hogy puh\u00e1bb \u00e9s stabilabb legyen a fel\u00fclet. N\u00f6v\u00e9nyekkel vedd k\u00f6rbe a helyet, hogy egyszerre legyen z\u00e1rt, de m\u00e9gis szell\u0151s \u00e9s t\u00e1gas a kis mened\u00e9ked.<\/p>\n<h2>T\u0171zrak\u00f3helyes fa terasz pergol\u00e1val<\/h2>\n<p><img loading=\"lazy\" decoding=\"async\" width=\"700\" height=\"1050\" alt=\"K\u00f6r alak\u00fa t\u0171zrak\u00f3 fa teraszon, k\u00e9nyelmes kr\u00e9msz\u00edn\u0171 kanap\u00e9val \u00e9s sz\u00e9kkel, pergola alatt, hangulatvil\u00e1g\u00edt\u00e1ssal \u00e9s buja z\u00f6ld n\u00f6v\u00e9nyek k\u00f6z\u00f6tt.\" class=\"aligncenter size-full wp-image-6800\" src=\"https:\/\/doubletakedecor.com\/uploads\/2025\/09\/garden-nook-dtd-19.jpg\" srcset=\"https:\/\/doubletakedecor.com\/uploads\/2025\/09\/garden-nook-dtd-19.jpg 700w, https:\/\/doubletakedecor.com\/uploads\/2025\/09\/garden-nook-dtd-19-200x300.jpg 200w, https:\/\/doubletakedecor.com\/uploads\/2025\/09\/garden-nook-dtd-19-683x1024.jpg 683w, https:\/\/doubletakedecor.com\/uploads\/2025\/09\/garden-nook-dtd-19-96x144.jpg 96w, https:\/\/doubletakedecor.com\/uploads\/2025\/09\/garden-nook-dtd-19-280x420.jpg 280w, https:\/\/doubletakedecor.com\/uploads\/2025\/09\/garden-nook-dtd-19-320x480.jpg 320w, https:\/\/doubletakedecor.com\/uploads\/2025\/09\/garden-nook-dtd-19-360x540.jpg 360w, https:\/\/doubletakedecor.com\/uploads\/2025\/09\/garden-nook-dtd-19-363x545.jpg 363w, https:\/\/doubletakedecor.com\/uploads\/2025\/09\/garden-nook-dtd-19-370x555.jpg 370w, https:\/\/doubletakedecor.com\/uploads\/2025\/09\/garden-nook-dtd-19-400x600.jpg 400w, https:\/\/doubletakedecor.com\/uploads\/2025\/09\/garden-nook-dtd-19-560x840.jpg 560w, https:\/\/doubletakedecor.com\/uploads\/2025\/09\/garden-nook-dtd-19-480x720.jpg 480w\" sizes=\"auto, (max-width: 700px) 100vw, 700px\" \/><\/p>\n<p>V\u00e1ltoztasd kertedet igazi vend\u00e9gfogad\u00f3 helysz\u00ednn\u00e9 ezzel az eleg\u00e1ns t\u0171zrak\u00f3 sarokkal. Helyezz el k\u00f6r alak\u00fa t\u0171zrak\u00f3t k\u00e9nyelmes \u00fcl\u0151helyekkel, mindezt f\u00e1b\u00f3l k\u00e9sz\u00fclt pergola alatt. Szerelj fel meleget ad\u00f3 \u00e9g\u0151sorokat, amelyek t\u00f6k\u00e9letesek esti \u00f6sszej\u00f6vetelekhez. Feh\u00e9r kaviccsal \u00e9s k\u0151lapokkal adj text\u00far\u00e1t a k\u00f6zegnek, d\u00fas z\u00f6ld n\u00f6v\u00e9nyek pedig gondoskodnak a priv\u00e1t szf\u00e9r\u00e1r\u00f3l \u00e9s term\u00e9szetes hangulatr\u00f3l.<\/p>\n<h2>Kerti bolt\u00edves \u00f6sv\u00e9ny paddal<\/h2>\n<p><img loading=\"lazy\" decoding=\"async\" width=\"700\" height=\"1049\" alt=\"B\u00e1jos t\u00e9gl\u00e1b\u00f3l rakott kerti \u00f6sv\u00e9ny, z\u00f6lddel befuttatott fah\u00edddal, amely egy padhoz vezet, sz\u00ednes vir\u00e1g\u00e1gy\u00e1sok k\u00f6z\u00f6tt.\" class=\"aligncenter size-full wp-image-6806\" src=\"https:\/\/doubletakedecor.com\/uploads\/2025\/09\/garden-nook-dtd-20.jpg\" srcset=\"https:\/\/doubletakedecor.com\/uploads\/2025\/09\/garden-nook-dtd-20.jpg 700w, https:\/\/doubletakedecor.com\/uploads\/2025\/09\/garden-nook-dtd-20-200x300.jpg 200w, https:\/\/doubletakedecor.com\/uploads\/2025\/09\/garden-nook-dtd-20-683x1024.jpg 683w, https:\/\/doubletakedecor.com\/uploads\/2025\/09\/garden-nook-dtd-20-96x144.jpg 96w, https:\/\/doubletakedecor.com\/uploads\/2025\/09\/garden-nook-dtd-20-280x420.jpg 280w, https:\/\/doubletakedecor.com\/uploads\/2025\/09\/garden-nook-dtd-20-320x480.jpg 320w, https:\/\/doubletakedecor.com\/uploads\/2025\/09\/garden-nook-dtd-20-360x539.jpg 360w, https:\/\/doubletakedecor.com\/uploads\/2025\/09\/garden-nook-dtd-20-363x544.jpg 363w, https:\/\/doubletakedecor.com\/uploads\/2025\/09\/garden-nook-dtd-20-370x554.jpg 370w, https:\/\/doubletakedecor.com\/uploads\/2025\/09\/garden-nook-dtd-20-400x599.jpg 400w, https:\/\/doubletakedecor.com\/uploads\/2025\/09\/garden-nook-dtd-20-560x839.jpg 560w, https:\/\/doubletakedecor.com\/uploads\/2025\/09\/garden-nook-dtd-20-480x719.jpg 480w\" sizes=\"auto, (max-width: 700px) 100vw, 700px\" \/><\/p>\n<p>Hozz l\u00e9tre eldugott kis kerti sarkot egy bolt\u00edves bej\u00e1rattal, amit fut\u00f3n\u00f6v\u00e9nyek d\u00edsz\u00edtenek. Az \u00fat v\u00e9g\u00e9n helyezz el egy k\u00e9nyelmes padot, ami igazi c\u00e9lpont lesz. A j\u00e1rd\u00e1t tedd izgalmass\u00e1 mint\u00e1s t\u00e9gl\u00e1kkal, a k\u00e9t oldal\u00e1n pedig b\u00e1tran \u00fcltess soksz\u00edn\u0171 \u00e9vel\u0151ket, \u00edgy eg\u00e9sz \u00e9vben \u00e9l\u00e9nk marad a l\u00e1tv\u00e1ny. Ez a kialak\u00edt\u00e1s egyszerre ad c\u00e9lt \u00e9s nyugalmat, valamint meg\u0151rzi a priv\u00e1t szf\u00e9r\u00e1t is.<\/p>\n<h2>H\u00e1l\u00f3s verand\u00e1n l\u00f3g\u00f3sz\u00e9k<\/h2>\n<p><img loading=\"lazy\" decoding=\"async\" width=\"700\" height=\"1050\" alt=\"Csendes, h\u00e1l\u00f3val v\u00e9dett veranda, fonott l\u00f3g\u00f3sz\u00e9kkel, cserepes n\u00f6v\u00e9nyekkel, nat\u00far sz\u0151nyegen, fekete falakkal.\" class=\"aligncenter size-full wp-image-6812\" src=\"https:\/\/doubletakedecor.com\/uploads\/2025\/09\/garden-nook-dtd-21.jpg\" srcset=\"https:\/\/doubletakedecor.com\/uploads\/2025\/09\/garden-nook-dtd-21.jpg 700w, https:\/\/doubletakedecor.com\/uploads\/2025\/09\/garden-nook-dtd-21-200x300.jpg 200w, https:\/\/doubletakedecor.com\/uploads\/2025\/09\/garden-nook-dtd-21-683x1024.jpg 683w, https:\/\/doubletakedecor.com\/uploads\/2025\/09\/garden-nook-dtd-21-96x144.jpg 96w, https:\/\/doubletakedecor.com\/uploads\/2025\/09\/garden-nook-dtd-21-280x420.jpg 280w, https:\/\/doubletakedecor.com\/uploads\/2025\/09\/garden-nook-dtd-21-320x480.jpg 320w, https:\/\/doubletakedecor.com\/uploads\/2025\/09\/garden-nook-dtd-21-360x540.jpg 360w, https:\/\/doubletakedecor.com\/uploads\/2025\/09\/garden-nook-dtd-21-363x545.jpg 363w, https:\/\/doubletakedecor.com\/uploads\/2025\/09\/garden-nook-dtd-21-370x555.jpg 370w, https:\/\/doubletakedecor.com\/uploads\/2025\/09\/garden-nook-dtd-21-400x600.jpg 400w, https:\/\/doubletakedecor.com\/uploads\/2025\/09\/garden-nook-dtd-21-560x840.jpg 560w, https:\/\/doubletakedecor.com\/uploads\/2025\/09\/garden-nook-dtd-21-480x720.jpg 480w\" sizes=\"auto, (max-width: 700px) 100vw, 700px\" \/><\/p>\n<p>Alak\u00edtsd \u00e1t a h\u00e1l\u00f3s verand\u00e1t igazi n\u00f6v\u00e9nybirodalomm\u00e1 \u00fagy, hogy k\u00e9nyelmes l\u00f3g\u00f3sz\u00e9ket teszel a k\u00f6z\u00e9ppontba, puha p\u00e1rn\u00e1k t\u00e1rsas\u00e1g\u00e1ban. Rakj k\u00f6rbe sokf\u00e9le cserepes n\u00f6v\u00e9nyt, k\u00fcl\u00f6nb\u00f6z\u0151 magass\u00e1gban, hogy mozgalmasabb legyen az \u00f6sszk\u00e9p. Tegy\u00e9l le egy term\u00e9szetes anyag\u00fa sz\u0151nyeget, \u00e9s haszn\u00e1lj egy fapolcot, hogy oda is kit\u00e9hess apr\u00f3 d\u00edszeket vagy tov\u00e1bbi n\u00f6v\u00e9nyeket.<\/p>\n<h2>Magas\u00e1gy\u00e1sok fal\u00e9pcs\u0151k\u00f6n<\/h2>\n<p><img loading=\"lazy\" decoding=\"async\" width=\"700\" height=\"1049\" alt=\"\u00c9lettel teli kerti t\u00e9r fa magas\u00e1gy\u00e1sokkal, deszk\u00e1kb\u00f3l k\u00e9sz\u00fclt \u00f6sv\u00e9nnyel, f\u0171szerekkel, z\u00f6lds\u00e9gekkel \u00e9s cserepes n\u00f6v\u00e9nyekkel k\u00f6r\u00fclv\u00e9ve.\" class=\"aligncenter size-full wp-image-6818\" src=\"https:\/\/doubletakedecor.com\/uploads\/2025\/09\/garden-nook-dtd-22.jpg\" srcset=\"https:\/\/doubletakedecor.com\/uploads\/2025\/09\/garden-nook-dtd-22.jpg 700w, https:\/\/doubletakedecor.com\/uploads\/2025\/09\/garden-nook-dtd-22-200x300.jpg 200w, https:\/\/doubletakedecor.com\/uploads\/2025\/09\/garden-nook-dtd-22-683x1024.jpg 683w, https:\/\/doubletakedecor.com\/uploads\/2025\/09\/garden-nook-dtd-22-96x144.jpg 96w, https:\/\/doubletakedecor.com\/uploads\/2025\/09\/garden-nook-dtd-22-280x420.jpg 280w, https:\/\/doubletakedecor.com\/uploads\/2025\/09\/garden-nook-dtd-22-320x480.jpg 320w, https:\/\/doubletakedecor.com\/uploads\/2025\/09\/garden-nook-dtd-22-360x539.jpg 360w, https:\/\/doubletakedecor.com\/uploads\/2025\/09\/garden-nook-dtd-22-363x544.jpg 363w, https:\/\/doubletakedecor.com\/uploads\/2025\/09\/garden-nook-dtd-22-370x554.jpg 370w, https:\/\/doubletakedecor.com\/uploads\/2025\/09\/garden-nook-dtd-22-400x599.jpg 400w, https:\/\/doubletakedecor.com\/uploads\/2025\/09\/garden-nook-dtd-22-560x839.jpg 560w, https:\/\/doubletakedecor.com\/uploads\/2025\/09\/garden-nook-dtd-22-480x719.jpg 480w\" sizes=\"auto, (max-width: 700px) 100vw, 700px\" \/><\/p>\n<p>Helyezz el magas\u00e1gy\u00e1sokat egy fa pall\u00f3kb\u00f3l rakott \u00f6sv\u00e9ny ment\u00e9n. \u00cdgy egyszer\u0171bben tudsz kert\u00e9szkedni \u00e9s k\u00f6nnyebb a megk\u00f6zel\u00edt\u00e9s is. Tervezd meg \u00fagy, hogy ker\u00fclj\u00f6n sok napf\u00e9ny a f\u0171szereknek \u00e9s z\u00f6lds\u00e9geknek. Tegy\u00e9l ki n\u00f6v\u00e9nyjel\u00f6l\u0151ket, hogy mindig tudd, mi hol van, \u00e9s cserepes n\u00f6v\u00e9nyeket is helyezhetsz mell\u00e9j\u00fck, melyeket k\u00f6nnyen mozgathatsz. Ez a megold\u00e1s egyes\u00edti a hasznoss\u00e1got \u00e9s a mutat\u00f3s megjelen\u00e9st, r\u00e1ad\u00e1sul a munka is k\u00e9nyelmesebb lesz.<\/p>\n<h2>Pergol\u00e1s-f\u00e1s kerti sarok \u00fcl\u0151hellyel<\/h2>\n<p><img loading=\"lazy\" decoding=\"async\" width=\"700\" height=\"1050\" alt=\"Hangulatos k\u00fclt\u00e9ri \u00fcl\u0151hely fa pergol\u00e1val, U-alak\u00fa sarokkanap\u00e9val, d\u00edszp\u00e1rn\u00e1kkal, fah\u00eddon, \u00e9s lombos n\u00f6v\u00e9nyekkel a h\u00e1tt\u00e9rben, amelyek v\u00e9dik a priv\u00e1t szf\u00e9r\u00e1t.\" class=\"aligncenter size-full wp-image-6824\" src=\"https:\/\/doubletakedecor.com\/uploads\/2025\/09\/garden-nook-dtd-23.jpg\" srcset=\"https:\/\/doubletakedecor.com\/uploads\/2025\/09\/garden-nook-dtd-23.jpg 700w, https:\/\/doubletakedecor.com\/uploads\/2025\/09\/garden-nook-dtd-23-200x300.jpg 200w, https:\/\/doubletakedecor.com\/uploads\/2025\/09\/garden-nook-dtd-23-683x1024.jpg 683w, https:\/\/doubletakedecor.com\/uploads\/2025\/09\/garden-nook-dtd-23-96x144.jpg 96w, https:\/\/doubletakedecor.com\/uploads\/2025\/09\/garden-nook-dtd-23-280x420.jpg 280w, https:\/\/doubletakedecor.com\/uploads\/2025\/09\/garden-nook-dtd-23-320x480.jpg 320w, https:\/\/doubletakedecor.com\/uploads\/2025\/09\/garden-nook-dtd-23-360x540.jpg 360w, https:\/\/doubletakedecor.com\/uploads\/2025\/09\/garden-nook-dtd-23-363x545.jpg 363w, https:\/\/doubletakedecor.com\/uploads\/2025\/09\/garden-nook-dtd-23-370x555.jpg 370w, https:\/\/doubletakedecor.com\/uploads\/2025\/09\/garden-nook-dtd-23-400x600.jpg 400w, https:\/\/doubletakedecor.com\/uploads\/2025\/09\/garden-nook-dtd-23-560x840.jpg 560w, https:\/\/doubletakedecor.com\/uploads\/2025\/09\/garden-nook-dtd-23-480x720.jpg 480w\" sizes=\"auto, (max-width: 700px) 100vw, 700px\" \/><\/p>\n<p>Alak\u00edts ki egy nyugodt mened\u00e9ket egy U-alak\u00fa \u00fcl\u0151garnit\u00far\u00e1val, amelyet fa pergola \u00e9s egy \u00e1rny\u00e9kot ad\u00f3 fa fed le. Tegy\u00e9l r\u00e1 sokf\u00e9le, k\u00fcl\u00f6nb\u00f6z\u0151 text\u00far\u00e1j\u00fa p\u00e1rn\u00e1t, hogy egyszerre legyen k\u00e9nyelmes \u00e9s st\u00edlusos. Az \u00fcl\u0151helyet tedd egy fa teraszra, amit feh\u00e9r kavicsok vesznek k\u00f6rbe \u2013 ez seg\u00edt a csapad\u00e9k elvezet\u00e9s\u00e9ben, \u00e9s j\u00f3l mutat. Helyezz el cserepes f\u0171szern\u00f6v\u00e9nyeket a k\u00f6zelben, \u00edgy mindig lesz egy kis illat \u00e9s hasznos z\u00f6lds\u00e9g is k\u00e9zn\u00e9l. Ezzel a kialak\u00edt\u00e1ssal elt\u00e1volodhatsz a zajt\u00f3l, de m\u00e9gis nyitott \u00e9s term\u00e9szetes marad a t\u00e9r.<\/p>\n<h2>Belt\u00e9ri kert pihen\u0151sarok v\u00edzcsobog\u00f3val<\/h2>\n<p><img loading=\"lazy\" decoding=\"async\" width=\"700\" height=\"1049\" alt=\"F\u00e1b\u00f3l k\u00e9sz\u00fclt kanap\u00e9 sz\u00ednes p\u00e1rn\u00e1kkal, k\u0151\u00f6sv\u00e9nyen elhelyezve, buja n\u00f6v\u00e9nyekkel, v\u00edzcsobog\u00f3val, b\u00e9k\u00e9s kerti kuck\u00f3t teremtve.\" class=\"aligncenter size-full wp-image-6830\" src=\"https:\/\/doubletakedecor.com\/uploads\/2025\/09\/garden-nook-dtd-24.jpg\" srcset=\"https:\/\/doubletakedecor.com\/uploads\/2025\/09\/garden-nook-dtd-24.jpg 700w, https:\/\/doubletakedecor.com\/uploads\/2025\/09\/garden-nook-dtd-24-200x300.jpg 200w, https:\/\/doubletakedecor.com\/uploads\/2025\/09\/garden-nook-dtd-24-683x1024.jpg 683w, https:\/\/doubletakedecor.com\/uploads\/2025\/09\/garden-nook-dtd-24-96x144.jpg 96w, https:\/\/doubletakedecor.com\/uploads\/2025\/09\/garden-nook-dtd-24-280x420.jpg 280w, https:\/\/doubletakedecor.com\/uploads\/2025\/09\/garden-nook-dtd-24-320x480.jpg 320w, https:\/\/doubletakedecor.com\/uploads\/2025\/09\/garden-nook-dtd-24-360x539.jpg 360w, https:\/\/doubletakedecor.com\/uploads\/2025\/09\/garden-nook-dtd-24-363x544.jpg 363w, https:\/\/doubletakedecor.com\/uploads\/2025\/09\/garden-nook-dtd-24-370x554.jpg 370w, https:\/\/doubletakedecor.com\/uploads\/2025\/09\/garden-nook-dtd-24-400x599.jpg 400w, https:\/\/doubletakedecor.com\/uploads\/2025\/09\/garden-nook-dtd-24-560x839.jpg 560w, https:\/\/doubletakedecor.com\/uploads\/2025\/09\/garden-nook-dtd-24-480x719.jpg 480w\" sizes=\"auto, (max-width: 700px) 100vw, 700px\" \/><\/p>\n<p>Alak\u00edts ki meghitt pihen\u0151helyet k\u00e9nyelmes \u00fcl\u0151hellyel \u00e9s term\u00e9szetes elemekkel. Helyezz el egy fa kanap\u00e9t k\u0151b\u0151l kirakott ter\u00fcleten, egy kisebb v\u00edzcsobog\u00f3 k\u00f6zel\u00e9ben \u2013 a v\u00edz hangja seg\u00edt a kikapcsol\u00f3d\u00e1sban. Tegy\u00e9l le sz\u00ednes p\u00e1rn\u00e1kat \u00e9s textur\u00e1lt sz\u0151nyeget, hogy feldobd a d\u00fas z\u00f6ld k\u00f6rnyezetet. Gondoskodj valamilyen fed\u00e9sr\u0151l, de hagyd, hogy sz\u0171rt term\u00e9szetes f\u00e9ny \u00e1ramoljon be, hogy igaz\u00e1n nyugodt legyen a l\u00e9gk\u00f6r.<\/p>\n<h2>\u00c1rny\u00e9kolt kerti pihen\u0151 z\u00f6ld k\u00f6rnyezetben<\/h2>\n<p><img loading=\"lazy\" decoding=\"async\" width=\"700\" height=\"1049\" alt=\"Csendes k\u00fclt\u00e9ri \u00fcl\u0151hely f\u00e9m paddal, kavicsos alapon, sok z\u00f6lddel, asztalk\u00e1val, cserepes n\u00f6v\u00e9nyekkel \u00e9s naperny\u0151vel.\" class=\"aligncenter size-full wp-image-6836\" src=\"https:\/\/doubletakedecor.com\/uploads\/2025\/09\/garden-nook-dtd-25.jpg\" srcset=\"https:\/\/doubletakedecor.com\/uploads\/2025\/09\/garden-nook-dtd-25.jpg 700w, https:\/\/doubletakedecor.com\/uploads\/2025\/09\/garden-nook-dtd-25-200x300.jpg 200w, https:\/\/doubletakedecor.com\/uploads\/2025\/09\/garden-nook-dtd-25-683x1024.jpg 683w, https:\/\/doubletakedecor.com\/uploads\/2025\/09\/garden-nook-dtd-25-96x144.jpg 96w, https:\/\/doubletakedecor.com\/uploads\/2025\/09\/garden-nook-dtd-25-280x420.jpg 280w, https:\/\/doubletakedecor.com\/uploads\/2025\/09\/garden-nook-dtd-25-320x480.jpg 320w, https:\/\/doubletakedecor.com\/uploads\/2025\/09\/garden-nook-dtd-25-360x539.jpg 360w, https:\/\/doubletakedecor.com\/uploads\/2025\/09\/garden-nook-dtd-25-363x544.jpg 363w, https:\/\/doubletakedecor.com\/uploads\/2025\/09\/garden-nook-dtd-25-370x554.jpg 370w, https:\/\/doubletakedecor.com\/uploads\/2025\/09\/garden-nook-dtd-25-400x599.jpg 400w, https:\/\/doubletakedecor.com\/uploads\/2025\/09\/garden-nook-dtd-25-560x839.jpg 560w, https:\/\/doubletakedecor.com\/uploads\/2025\/09\/garden-nook-dtd-25-480x719.jpg 480w\" sizes=\"auto, (max-width: 700px) 100vw, 700px\" \/><\/p>\n<p>Teremts meghitt k\u00fclt\u00e9ri sarkot egy f\u00e9mszerkezetes paddal, amelyet kavicsos talajra helyezel a k\u00f6nnyebb v\u00edzelvezet\u00e9s\u00e9rt \u00e9s stabilit\u00e1s\u00e9rt. Tegy\u00e9l mell\u00e9 kis kerti asztalt cserepes n\u00f6v\u00e9nyekkel \u2013 \u00edgy mindig van hov\u00e1 tenni az italod vagy egy k\u00f6nyvet. Gondoskodj naperny\u0151r\u0151l, ami \u00e1rny\u00e9kot ad a t\u0171z\u0151 napon, este pedig haszn\u00e1lj l\u00e1mp\u00e1st a bar\u00e1ts\u00e1gos hangulat\u00e9rt. Pr\u00f3b\u00e1ld \u00fagy kialak\u00edtani, hogy a z\u00f6ld n\u00f6v\u00e9nyzet term\u00e9szetes h\u00e1tt\u00e9rk\u00e9nt szolg\u00e1ljon, meg\u0151rizve a priv\u00e1ts\u00e1got is.<\/p>\n<h2>Fa Adirondack sz\u00e9k a t\u00f3parton<\/h2>\n<p><img loading=\"lazy\" decoding=\"async\" width=\"700\" height=\"1050\" alt=\"Fa Adirondack sz\u00e9k k\u0151\u00f6sv\u00e9nyen, buja z\u00f6ld n\u00f6v\u00e9nyek, nyugodt t\u00f3 \u00e9s v\u00edzes\u00e9s mellett.\" class=\"aligncenter size-full wp-image-6842\" src=\"https:\/\/doubletakedecor.com\/uploads\/2025\/09\/garden-nook-dtd-26.jpg\" srcset=\"https:\/\/doubletakedecor.com\/uploads\/2025\/09\/garden-nook-dtd-26.jpg 700w, https:\/\/doubletakedecor.com\/uploads\/2025\/09\/garden-nook-dtd-26-200x300.jpg 200w, https:\/\/doubletakedecor.com\/uploads\/2025\/09\/garden-nook-dtd-26-683x1024.jpg 683w, https:\/\/doubletakedecor.com\/uploads\/2025\/09\/garden-nook-dtd-26-96x144.jpg 96w, https:\/\/doubletakedecor.com\/uploads\/2025\/09\/garden-nook-dtd-26-280x420.jpg 280w, https:\/\/doubletakedecor.com\/uploads\/2025\/09\/garden-nook-dtd-26-320x480.jpg 320w, https:\/\/doubletakedecor.com\/uploads\/2025\/09\/garden-nook-dtd-26-360x540.jpg 360w, https:\/\/doubletakedecor.com\/uploads\/2025\/09\/garden-nook-dtd-26-363x545.jpg 363w, https:\/\/doubletakedecor.com\/uploads\/2025\/09\/garden-nook-dtd-26-370x555.jpg 370w, https:\/\/doubletakedecor.com\/uploads\/2025\/09\/garden-nook-dtd-26-400x600.jpg 400w, https:\/\/doubletakedecor.com\/uploads\/2025\/09\/garden-nook-dtd-26-560x840.jpg 560w, https:\/\/doubletakedecor.com\/uploads\/2025\/09\/garden-nook-dtd-26-480x720.jpg 480w\" sizes=\"auto, (max-width: 700px) 100vw, 700px\" \/><\/p>\n<p>Helyezz el egy k\u00e9nyelmes Adirondack sz\u00e9ket a k\u0151\u00f6sv\u00e9ny mellett, \u00edgy r\u00f6gt\u00f6n lesz egy helyed a pihen\u00e9sre. Az ergonomikus kialak\u00edt\u00e1s j\u00f3l illik a d\u00edszf\u00fcves, bokros k\u00f6rnyezetbe. Egy kis tavat is l\u00e9trehozhatsz tavir\u00f3zs\u00e1kkal \u00e9s szel\u00edden foly\u00f3 v\u00edzes\u00e9ssel, hogy a csobog\u00e1s elnyomja a zajokat, s a l\u00e1tv\u00e1ny is megnyugtat\u00f3 legyen.<\/p>\n<h2>B\u00e9k\u00e9s kerti zug k\u00f6ves \u00f6sv\u00e9nnyel<\/h2>\n<p><img loading=\"lazy\" decoding=\"async\" width=\"700\" height=\"1049\" alt=\"K\u0151\u00f6sv\u00e9ny vezet fapadokhoz, buja z\u00f6ld n\u00f6v\u00e9nyek, sz\u00ednes vir\u00e1gok \u00e9s \u00e1rny\u00e9kot ad\u00f3 f\u00e1k k\u00f6z\u00f6tt, igazi gy\u00f3gy\u00edt\u00f3 kerti zugot alkotva.\" class=\"aligncenter size-full wp-image-6848\" src=\"https:\/\/doubletakedecor.com\/uploads\/2025\/09\/garden-nook-dtd-27.jpg\" srcset=\"https:\/\/doubletakedecor.com\/uploads\/2025\/09\/garden-nook-dtd-27.jpg 700w, https:\/\/doubletakedecor.com\/uploads\/2025\/09\/garden-nook-dtd-27-200x300.jpg 200w, https:\/\/doubletakedecor.com\/uploads\/2025\/09\/garden-nook-dtd-27-683x1024.jpg 683w, https:\/\/doubletakedecor.com\/uploads\/2025\/09\/garden-nook-dtd-27-96x144.jpg 96w, https:\/\/doubletakedecor.com\/uploads\/2025\/09\/garden-nook-dtd-27-280x420.jpg 280w, https:\/\/doubletakedecor.com\/uploads\/2025\/09\/garden-nook-dtd-27-320x480.jpg 320w, https:\/\/doubletakedecor.com\/uploads\/2025\/09\/garden-nook-dtd-27-360x539.jpg 360w, https:\/\/doubletakedecor.com\/uploads\/2025\/09\/garden-nook-dtd-27-363x544.jpg 363w, https:\/\/doubletakedecor.com\/uploads\/2025\/09\/garden-nook-dtd-27-370x554.jpg 370w, https:\/\/doubletakedecor.com\/uploads\/2025\/09\/garden-nook-dtd-27-400x599.jpg 400w, https:\/\/doubletakedecor.com\/uploads\/2025\/09\/garden-nook-dtd-27-560x839.jpg 560w, https:\/\/doubletakedecor.com\/uploads\/2025\/09\/garden-nook-dtd-27-480x719.jpg 480w\" sizes=\"auto, (max-width: 700px) 100vw, 700px\" \/><\/p>\n<p>Kombin\u00e1ld a lapos k\u00f6vekb\u0151l kirakott \u00f6sv\u00e9nyeket j\u00f3l elhelyezett fa padokkal, \u00edgy igaz\u00e1n nyugodt kis sarkot alak\u00edthatsz ki. Az \u00fcl\u0151helyet \u00e1ll\u00edtsd k\u00f6r alakban \u00fcltetett n\u00f6v\u00e9ny\u00e1gy\u00e1sok mell\u00e9, \u00edgy mindig lesz mit n\u00e9zni. \u00dcltess sokf\u00e9le level\u0171 \u00e9s text\u00far\u00e1j\u00fa n\u00f6v\u00e9nyt, p\u00e9ld\u00e1ul p\u00e1fr\u00e1nyokat, sz\u00e9les level\u0171 z\u00f6ldeket \u00e9s sz\u00ednes vir\u00e1gokat \u2013 \u00edgy minden \u00e9rz\u00e9kszervedet megmozgatja a t\u00e9r. \u00c1rny\u00e9kot ad\u00f3 fa is j\u00f3l j\u00f6n, hogy a legmelegebb napokon is h\u0171v\u00f6s maradhasson a k\u00f6rny\u00e9k.<\/p>\n<h2>GYIK<\/h2>\n<details class=\"g-accordion \"><summary><h3>Mi az a kerti kuck\u00f3?<\/h3><\/summary>\n<p>A kerti kuck\u00f3 egy hangulatos zug, amit pihen\u00e9sre alak\u00edtanak ki, \u00e9s lehet\u0151s\u00e9get ad arra, hogy nyugodt k\u00f6rnyezetben \u00e9lvezhesd a term\u00e9szetet. \u00c1ltal\u00e1ban k\u00e9nyelmes \u00fcl\u0151helyekb\u0151l \u00e9s d\u00fas n\u00f6v\u00e9nyekb\u0151l \u00e1ll, \u00edgy igaz\u00e1n b\u00e9k\u00e9s \u00e9s h\u00edvogat\u00f3 hangulatot teremt. Ezek a szem\u00e9lyes mened\u00e9khelyek t\u00f6k\u00e9letesek:<\/p>\n<ul>\n<li>olvas\u00e1shoz,<\/li>\n<li>medit\u00e1ci\u00f3hoz,<\/li>\n<li>vagy hogy egyszer\u0171en csak \u00e1tadd magad a kert nyugalm\u00e1nak.<\/li>\n<\/ul>\n<p>Ha <strong>k\u00e9nyelmes b\u00fatorokat<\/strong> \u00e9s <strong>sz\u00ednes n\u00f6v\u00e9nyeket<\/strong> viszel be, b\u00e1rmelyik kertedb\u0151l kialak\u00edthatod az ide\u00e1lis b\u00fav\u00f3helyet, ahol kikapcsol\u00f3dhatsz, \u00e9s kiszabadulhatsz a h\u00e9tk\u00f6znapok zaj\u00e1b\u00f3l.<\/p>\n<\/details><details class=\"g-accordion \"><summary><h3>Hogyan dobhatja fel a kerti kuck\u00f3 a kertedet?<\/h3><\/summary>\n<p>Egy kerti kuck\u00f3 az udvarodat egy nyugodt, elvonul\u00f3s helly\u00e9 v\u00e1ltoztathatja. K\u00f6z\u00e9ppontba helyezi a kertet, \u00e9s l\u00e1tv\u00e1nyosan sz\u00e9p\u00edti is azt. Helyezz el k\u00e9nyelmes \u00fcl\u0151alkalmatoss\u00e1gokat, p\u00e9ld\u00e1ul pihen\u0151sz\u00e9keket, padokat, \u00e9s \u00fcltess k\u00f6r\u00e9j\u00fck sz\u00ednes vir\u00e1gokat \u00e9s n\u00f6v\u00e9nyeket \u2013 \u00edgy igaz\u00e1n cs\u00e1b\u00edt\u00f3 o\u00e1zist teremthetsz, ami mindig kivisz a szabadba. Ez a b\u00e9k\u00e9s mened\u00e9k lehet\u0151v\u00e9 teszi, hogy k\u00f6zel \u00e9rezd magad a term\u00e9szethez, ak\u00e1r a h\u00e1z m\u00f6g\u00f6tt is. Ha m\u00e9g meghittebb hangulatra v\u00e1gysz, egy <strong>ind\u00e1kkal futtatott pavilon<\/strong> vagy egy <strong>\u00e1rny\u00e9kol\u00f3 r\u00e1cs<\/strong> seg\u00edthet, hogy a kuck\u00f3d igaz\u00e1n elvonul\u00f3s \u00e9s priv\u00e1t hely legyen.<\/p>\n<\/details><details class=\"g-accordion \"><summary><h3>Mik a kerti kuck\u00f3 legfontosabb elemei?<\/h3><\/summary>\n<p>A <strong>k\u00e9nyelmes \u00fcl\u0151hely<\/strong> elengedhetetlen egy j\u00f3 kis kerti kuck\u00f3hoz. Lehet pad vagy sz\u00e9k \u2013 ezek az elemek teszik igaz\u00e1n nyugodtt\u00e1 \u00e9s otthonoss\u00e1 a sarkot. Ha buja n\u00f6v\u00e9nyeket \u00e9s sz\u00ednes vir\u00e1gokat helyezel el, nem csak szebb, hanem sokkal nyugalmasabb lesz a hely. Egy kis melegs\u00e9g\u00e9rt gondolj p\u00e9ld\u00e1ul:<\/p>\n<ul>\n<li>p\u00e1rn\u00e1kra,<\/li>\n<li>kertbe val\u00f3 sz\u0151nyegre,<\/li>\n<li>hangulatos vil\u00e1g\u00edt\u00e1sra.<\/li>\n<\/ul>\n<p>A priv\u00e1t szf\u00e9ra is nagyon fontos \u2013 s\u00f6v\u00e9nyekkel vagy lugassal teremthetsz elvonul\u00f3s teret, ahol t\u00e9nyleg kikapcsolhatsz. Ezekb\u0151l az elemekb\u0151l val\u00f3di <strong>h\u00edvogat\u00f3 mened\u00e9k<\/strong> lesz m\u00e9g a legkisebb kertben is.<\/p>\n<\/details><details class=\"g-accordion \"><summary><h3>Hogy v\u00e1lassz helyet a kerti kuck\u00f3nak?<\/h3><\/summary>\n<p>A t\u00f6k\u00e9letes kerti kuck\u00f3 hely\u00e9nek kiv\u00e1laszt\u00e1s\u00e1hoz fontos odafigyelni a <strong>napf\u00e9nyre, a priv\u00e1t szf\u00e9r\u00e1ra, \u00e9s a k\u00f6nny\u0171 megk\u00f6zel\u00edthet\u0151s\u00e9gre<\/strong>. Keresd meg azt a r\u00e9szt a kertben, ahol el\u00e9g napf\u00e9ny van a n\u00f6v\u00e9nyeid sz\u00e1m\u00e1ra, de \u00fclni is k\u00e9nyelmes \u2013 ehhez n\u00e9mi \u00e1rny\u00e9k is kell. A term\u00e9szetes hat\u00e1rok, p\u00e9ld\u00e1ul ker\u00edt\u00e9sek vagy bokrok, seg\u00edthetnek a kuck\u00f3 elz\u00e1rtabb\u00e1 t\u00e9tel\u00e9ben.<\/p>\n<ul>\n<li>a k\u00f6nny\u0171 megk\u00f6zel\u00edt\u00e9s is l\u00e9nyeges,<\/li>\n<li>v\u00e1lassz olyan helyet, ami k\u00f6zel van a h\u00e1zhoz,<\/li>\n<li>\u00edgy k\u00f6nny\u0171 kimenni a kertbe is vagy visszat\u00e9rni,<\/li>\n<li>a nyugalom \u00e9rdek\u00e9ben<\/li>\n<li>ker\u00fcld a forgalmasabb r\u00e9szeket.<\/li>\n<\/ul>\n<p><strong>Figyeld meg azt is, hogyan v\u00e1ltozik a f\u00e9ny a nap sor\u00e1n!<\/strong> \u00cdgy tal\u00e1lod meg azt az elrendez\u00e9st, ahol igaz\u00e1n j\u00f3l esik majd megpihenni a kuck\u00f3ban.<\/p>\n<\/details><details class=\"g-accordion \"><summary><h3>Milyen \u00fcl\u0151alkalmatoss\u00e1gok j\u00f3k a kerti kuck\u00f3ban?<\/h3><\/summary>\n<p>Ha hangulatos kerti kuck\u00f3t szeretn\u00e9l, v\u00e1lassz olyan \u00fcl\u0151helyeket, mint a padok, napoz\u00f3sz\u00e9kek vagy ak\u00e1r f\u00fcgg\u0151\u00e1gyak. A <strong>id\u0151j\u00e1r\u00e1s\u00e1ll\u00f3 anyagokb\u00f3l<\/strong> k\u00e9sz\u00fclt b\u00fatorok (kezelt fa, f\u00e9m vagy m\u0171rattan) tart\u00f3sak \u00e9s j\u00f3l b\u00edrj\u00e1k kint is. P\u00e1rn\u00e1kkal m\u00e9g k\u00e9nyelmesebb\u00e9 \u00e9s mutat\u00f3sabb\u00e1 teheted ezeket, \u00edgy \u00f6r\u00f6mmel pihensz majd le.<\/p>\n<ul>\n<li>adirondack sz\u00e9kek,<\/li>\n<li>kis k\u00e1v\u00e9z\u00f3asztal garnit\u00fara,<\/li>\n<li>\u00f6sszecsukhat\u00f3 b\u00fatorok.<\/li>\n<\/ul>\n<p>Ha t\u00f6bbf\u00e9le \u00fcl\u0151helyet kombin\u00e1lsz, mindenf\u00e9le tev\u00e9kenys\u00e9ghez \u2013 p\u00e9ld\u00e1ul laz\u00edt\u00e1shoz vagy olvas\u00e1shoz \u2013 tal\u00e1lsz megfelel\u0151t. Kis helyen egy k\u00e9nyelmes, puha sz\u00e9k is elf\u00e9rhet. <strong>Az \u00f6sszecsukhat\u00f3 b\u00fator pedig sokoldal\u00fa, hiszen k\u00f6nnyen mozgathatod, ahova csak szeretn\u00e9d.<\/strong><\/p>\n<\/details> <details class=\"g-accordion \"><summary><h3>Hogyan var\u00e1zsolhatj\u00e1k \u00e1t a n\u00f6v\u00e9nyek \u00e9s vir\u00e1gok a kerted kuck\u00f3j\u00e1t?<\/h3><\/summary>  <\/p>\n<p>A n\u00f6v\u00e9nyek \u00e9s vir\u00e1gok igazi \u00e1tv\u00e1ltoz\u00f3m\u0171v\u00e9szek \u2013 k\u00e9pesek \u00e9l\u00e9nk sz\u00edneket, izgalmas form\u00e1kat \u00e9s kellemes illatokat csemp\u00e9szni a kerted egyik kis zug\u00e1ba. Ha t\u00f6bbf\u00e9le vir\u00e1gz\u00f3 n\u00f6v\u00e9nyt keversz buja z\u00f6lddel, h\u00edvogat\u00f3 hangulatot teremthetsz, amely feldobja a helyet.<\/p>\n<ul>\n<li>Magas cserj\u00e9k vagy apr\u00f3 f\u00e1k szuper h\u00e1tteret adnak,<\/li>\n<li>a k\u00f6z\u00e9pmagas \u00e9vel\u0151k vagy f\u0171szern\u00f6v\u00e9nyek t\u00f6bb r\u00e9teget \u00e9s m\u00e9lys\u00e9get visznek a l\u00e1tv\u00e1nyba,<\/li>\n<li>ind\u00e1s, lecs\u00fcng\u0151 n\u00f6v\u00e9nyek szeg\u00e9lyk\u00e9nt mozgalmass\u00e1got \u00e9s \u00e9vszakos v\u00e1ltozatoss\u00e1got hoznak.<\/li>\n<\/ul>\n<p>Ha csak n\u00e9h\u00e1ny sz\u00ednn\u00e9l maradsz, \u00e9s egy-egy f\u0151 n\u00f6v\u00e9nyt t\u00f6bbsz\u00f6r is el\u00fcltetsz, egys\u00e9ges, nyugodt hangulatot kapsz.<\/p>\n<p><strong>A vir\u00e1gokra \u00e9rkez\u0151 beporz\u00f3k \u00e9lettel t\u00f6ltik meg ezt a kis teret, \u00edgy igaz\u00e1n vid\u00e1m \u00e9s k\u00fcl\u00f6nleges lesz.<\/strong> Ha ink\u00e1bb \u00e1rny\u00e9kos a kerted, v\u00e1lassz p\u00e9ld\u00e1ul astilb\u00e9t vagy pistik\u00e9t; m\u00edg napf\u00e9nyesebb r\u00e9szeken a levendula vagy a gy\u0171sz\u0171vir\u00e1g \u00e9rzi j\u00f3l mag\u00e1t.<\/p>\n<\/details>\n<details class=\"g-accordion \"><summary><h3>Mi\u00e9rt fontos a vil\u00e1g\u00edt\u00e1s egy kertzugban?<\/h3><\/summary>  <\/p>\n<p>A vil\u00e1g\u00edt\u00e1s kulcsfontoss\u00e1g\u00fa, ha szeretn\u00e9d este is \u00e9lvezni a kerted kis kuck\u00f3j\u00e1t. A meleg, szel\u00edd f\u00e9nyek bar\u00e1ts\u00e1gos hangulatot teremtenek, ahol j\u00f3l esik pihenni. Ha <strong>f\u00e9nyf\u00fcz\u00e9reket, l\u00e1mp\u00e1sokat vagy napelemes vil\u00e1g\u00edt\u00f3testeket<\/strong> haszn\u00e1lsz, m\u00e1ris mes\u00e9sebb, r\u00e1ad\u00e1sul biztons\u00e1gosabb lesz minden. Egy \u00e1tgondolt f\u00e9nyrendszer miatt akkor is sz\u00edvesen \u00fclsz ki, ha m\u00e1r lement a nap. Az okosan kital\u00e1lt vil\u00e1g\u00edt\u00e1s kiemeli a n\u00f6v\u00e9nyek form\u00e1it \u00e9s fel\u00fcleteit is, \u00edgy m\u00e9g szebbnek l\u00e1tod a saj\u00e1t kerted zug\u00e1t.<\/p>\n<\/details>\n<details class=\"g-accordion \"><summary><h3>Hogyan teheted egyediv\u00e9, szem\u00e9lyess\u00e9 a kerti kuck\u00f3dat dekor\u00e1ci\u00f3val?<\/h3><\/summary>  <\/p>\n<p>Vigy\u00e9l saj\u00e1t st\u00edlust a kerted sark\u00e1ba n\u00e9h\u00e1ny szuper dekorelemmel! Kezdd k\u00e9nyelmes k\u00fclt\u00e9ri p\u00e1rn\u00e1kkal \u00e9s sz\u00ednes sz\u0151nyegekkel, amelyek vid\u00e1ms\u00e1got \u00e9s puhas\u00e1got adnak. Fali k\u00e9pek vagy kerti szobrok karaktert adnak a t\u00e9rnek, egy-egy k\u00fcl\u00f6nleges kasp\u00f3 pedig egyedi hangulatot hoz. M\u00e9g meghittebb\u00e9 v\u00e1lik a hely, ha kiraksz szem\u00e9lyes apr\u00f3s\u00e1gokat \u2013 p\u00e9ld\u00e1ul csal\u00e1di fot\u00f3kat vagy k\u00e9zzel k\u00e9sz\u00fclt d\u00edszeket.<\/p>\n<p>Hangulatfokoz\u00f3nak (de t\u00falzs\u00fafol\u00e1s n\u00e9lk\u00fcl!) haszn\u00e1lhatsz t\u00fckr\u00f6ket, kis szobrokat vagy csilingel\u0151 d\u00edszeket is. Figyelj arra, hogy ezek a dolgok j\u00f3l illeszkedjenek a kuck\u00f3d eg\u00e9sz\u00e9hez! Ha este szeretn\u00e9l igazi var\u00e1zst, f\u0171zz ki f\u00e9nyf\u00fcz\u00e9reket vagy helyezz el itt-ott l\u00e1mp\u00e1sokat.<\/p>\n<ul>\n<li>Dekor\u00e1ld minden \u00e9vszakban \u00faj dolgokkal,<\/li>\n<li>tedd izgalmass\u00e1 tematikus figur\u00e1kkal \u2013 mondjuk \u0151sszel t\u00f6k\u00f6kkel vagy tavasszal pillang\u00f3s d\u00edszekkel,<\/li>\n<li>haszn\u00e1lj v\u00e1ltozatos, cser\u00e9lhet\u0151 n\u00f6v\u00e9nyeket, hogy mindig legyen valami friss \u00e9s \u00e9l\u00e9nk.<\/li>\n<\/ul>\n<p>Ezek az \u00f6tletek k\u00fcl\u00f6nlegesen hangulatos b\u00fav\u00f3helly\u00e9 var\u00e1zsolj\u00e1k a kerti kuck\u00f3dat.<\/p>\n<\/details>\n<details class=\"g-accordion \"><summary><h3>Milyen kreat\u00edv t\u00e9m\u00e1kat v\u00e1laszthatsz a kerti kuck\u00f3dhoz?<\/h3><\/summary>  <\/p>\n<p>A kerted egyik kis sark\u00e1t k\u00f6nnyen var\u00e1zsolhatod egyedi \u00e9s bar\u00e1ts\u00e1gos helly\u00e9, ha kiv\u00e1lasztasz valamilyen izgalmas t\u00e9m\u00e1t.<\/p>\n<ul>\n<li>Ha szeretsz olvasni, alak\u00edts ki egy olvas\u00f3sarkot k\u00f6nyvespolccal \u00e9s puha p\u00e1rn\u00e1kkal \u2013 \u00edgy mindig lesz egy elb\u00faj\u00f3s helyed,<\/li>\n<li>ha a mes\u00e9s dolgok vonzanak, csin\u00e1lj t\u00fcnd\u00e9rkertet pici d\u00edszekkel \u00e9s figur\u00e1kkal \u2013 ett\u0151l igaz\u00e1n k\u00fcl\u00f6nleges lesz a hangulat,<\/li>\n<li>szereted a mediterr\u00e1n \u00e9rz\u00e9st? Helyezz el <strong>terrakotta kasp\u00f3kat<\/strong> \u00e9l\u00e9nk sz\u00edn\u0171 vir\u00e1gokkal, \u00edgy minden nap nyaral\u00f3s hangulatba ker\u00fclsz,<\/li>\n<li>ha a nyugalom a c\u00e9l, csemp\u00e9ssz \u201cf\u00fcrd\u0151-spa\u201d hangulatot: tegy\u00e9l ki kis csobog\u00f3t vagy illatos n\u00f6v\u00e9nyeket, hogy ellazulhass.<\/li>\n<\/ul>\n<p>M\u00e9g szem\u00e9lyesebb\u00e9 teheted a helyed n\u00e9h\u00e1ny sz\u00ednes p\u00e1rn\u00e1val, k\u00fclt\u00e9ri sz\u0151nyeggel vagy l\u00e1mp\u00e1ssal \u2013 ezek nemcsak k\u00e9nyelmesebb\u00e9, hanem szebb\u00e9 is var\u00e1zsolj\u00e1k b\u00e1rmelyik t\u00e9m\u00e1t.<\/p>\n<\/details>\n","protected":false},"excerpt":{"rendered":"<p>K\u00e9pzeld el, hogy a kerted egyik csendes sark\u00e1t egy szem\u00e9lyes mened\u00e9kk\u00e9 var\u00e1zsolod, ahol lelassul az id\u0151, \u00e9s elillan minden stressz. Ez a kertzug var\u00e1zsa\u2014a saj\u00e1t ig\u00e9nyeid szerint kialak\u00edtott, bar\u00e1ts\u00e1gos kis hely, ami nyugodt pihen\u0151t ny\u00fajt, alig n\u00e9h\u00e1ny l\u00e9p\u00e9sre az otthonodt\u00f3l. Ezek a var\u00e1zslatos k\u00fclt\u00e9ri mened\u00e9kek k\u00e9nyelmes \u00fcl\u0151helyet \u00e9s d\u00fas n\u00f6v\u00e9nyzetet \u00f6tv\u00f6znek, hogy t\u00f6k\u00e9letes helyet teremtsenek olvas\u00e1shoz, medit\u00e1ci\u00f3hoz, vagy egyszer\u0171en a&hellip;<\/p>\n","protected":false},"author":12,"featured_media":6857,"comment_status":"closed","ping_status":"closed","sticky":false,"template":"","format":"standard","meta":{"rank_math_focus_keyword":"kerti zugok","rank_math_title":"Kerti zugok \u00f6tletek: Hozz l\u00e9tre egy hangulatos k\u00fclt\u00e9ri mened\u00e9ket","rank_math_description":"Fedezd fel a kerti zugok \u00f6tleteit, hogy hangulatos szabadt\u00e9ri mened\u00e9khelly\u00e9 alak\u00edtsd az udvarodat. Fokozd a relax\u00e1ci\u00f3t st\u00edlusos \u00e9s nyugodt diz\u00e1jnokkal.","footnotes":""},"categories":[124],"tags":[],"class_list":["post-7476","post","type-post","status-publish","format-standard","has-post-thumbnail","hentry","category-kert"],"g_custom_schema_json":"<script type=\"application\/ld+json\">\n{\n  \"@context\": \"https:\/\/schema.org\",\n  \"@type\": \"FAQPage\",\n  \"mainEntity\": [\n    {\n      \"@type\": \"Question\",\n      \"name\": \"Mi az a kerti kuck\u00f3?\",\n      \"acceptedAnswer\": {\n        \"@type\": \"Answer\",\n        \"text\": \"A kerti kuck\u00f3 egy hangulatos zug, amit pihen\u00e9sre alak\u00edtanak ki, \u00e9s lehet\u0151s\u00e9get ad arra, hogy nyugodt k\u00f6rnyezetben \u00e9lvezhesd a term\u00e9szetet. \u00c1ltal\u00e1ban k\u00e9nyelmes \u00fcl\u0151helyekb\u0151l \u00e9s d\u00fas n\u00f6v\u00e9nyekb\u0151l \u00e1ll, \u00edgy igaz\u00e1n b\u00e9k\u00e9s \u00e9s h\u00edvogat\u00f3 hangulatot teremt. Ezek a szem\u00e9lyes mened\u00e9khelyek t\u00f6k\u00e9letesek olvas\u00e1shoz, medit\u00e1ci\u00f3hoz vagy a kert nyugalm\u00e1nak \u00e9lvezet\u00e9hez.\"\n      }\n    },\n    {\n      \"@type\": \"Question\",\n      \"name\": \"Hogyan dobhatja fel a kerti kuck\u00f3 a kertedet?\",\n      \"acceptedAnswer\": {\n        \"@type\": \"Answer\",\n        \"text\": \"Egy kerti kuck\u00f3 az udvarodat egy nyugodt, elvonul\u00f3s helly\u00e9 v\u00e1ltoztathatja. K\u00f6z\u00e9ppontba helyezi a kertet, \u00e9s l\u00e1tv\u00e1nyosan sz\u00e9p\u00edti is azt. Helyezz el k\u00e9nyelmes \u00fcl\u0151alkalmatoss\u00e1gokat, p\u00e9ld\u00e1ul pihen\u0151sz\u00e9keket, padokat, \u00e9s \u00fcltess k\u00f6r\u00e9j\u00fck sz\u00ednes vir\u00e1gokat \u00e9s n\u00f6v\u00e9nyeket \u2013 \u00edgy igaz\u00e1n cs\u00e1b\u00edt\u00f3 o\u00e1zist teremthetsz, ami mindig kivisz a szabadba.\"\n      }\n    },\n    {\n      \"@type\": \"Question\",\n      \"name\": \"Mik a kerti kuck\u00f3 legfontosabb elemei?\",\n      \"acceptedAnswer\": {\n        \"@type\": \"Answer\",\n        \"text\": \"A k\u00e9nyelmes \u00fcl\u0151hely elengedhetetlen egy j\u00f3 kis kerti kuck\u00f3hoz. Lehet pad vagy sz\u00e9k \u2013 ezek az elemek teszik igaz\u00e1n nyugodtt\u00e1 \u00e9s otthonoss\u00e1 a sarkot. Ha buja n\u00f6v\u00e9nyeket \u00e9s sz\u00ednes vir\u00e1gokat helyezel el, nem csak szebb, hanem sokkal nyugalmasabb lesz a hely.\"\n      }\n    },\n    {\n      \"@type\": \"Question\",\n      \"name\": \"Hogy v\u00e1lassz helyet a kerti kuck\u00f3nak?\",\n      \"acceptedAnswer\": {\n        \"@type\": \"Answer\",\n        \"text\": \"A t\u00f6k\u00e9letes kerti kuck\u00f3 hely\u00e9nek kiv\u00e1laszt\u00e1s\u00e1hoz fontos odafigyelni a napf\u00e9nyre, a priv\u00e1t szf\u00e9r\u00e1ra, \u00e9s a k\u00f6nny\u0171 megk\u00f6zel\u00edthet\u0151s\u00e9gre. Keresd meg azt a r\u00e9szt a kertben, ahol el\u00e9g napf\u00e9ny van a n\u00f6v\u00e9nyeid sz\u00e1m\u00e1ra, de \u00fclni is k\u00e9nyelmes \u2013 ehhez n\u00e9mi \u00e1rny\u00e9k is kell. A term\u00e9szetes hat\u00e1rok, p\u00e9ld\u00e1ul ker\u00edt\u00e9sek vagy bokrok, seg\u00edthetnek a kuck\u00f3 elz\u00e1rtabb\u00e1 t\u00e9tel\u00e9ben.\"\n      }\n    },\n    {\n      \"@type\": \"Question\",\n      \"name\": \"Milyen \u00fcl\u0151alkalmatoss\u00e1gok j\u00f3k a kerti kuck\u00f3ban?\",\n      \"acceptedAnswer\": {\n        \"@type\": \"Answer\",\n        \"text\": \"Ha hangulatos kerti kuck\u00f3t szeretn\u00e9l, v\u00e1lassz olyan \u00fcl\u0151helyeket, mint a padok, napoz\u00f3sz\u00e9kek vagy ak\u00e1r f\u00fcgg\u0151\u00e1gyak. Az id\u0151j\u00e1r\u00e1s\u00e1ll\u00f3 anyagokb\u00f3l k\u00e9sz\u00fclt b\u00fatorok tart\u00f3sak \u00e9s j\u00f3l b\u00edrj\u00e1k kint is. P\u00e1rn\u00e1kkal m\u00e9g k\u00e9nyelmesebb\u00e9 \u00e9s mutat\u00f3sabb\u00e1 teheted ezeket, \u00edgy \u00f6r\u00f6mmel pihensz majd le.\"\n      }\n    },\n    {\n      \"@type\": \"Question\",\n      \"name\": \"Hogyan var\u00e1zsolhatj\u00e1k \u00e1t a n\u00f6v\u00e9nyek \u00e9s vir\u00e1gok a kerted kuck\u00f3j\u00e1t?\",\n      \"acceptedAnswer\": {\n        \"@type\": \"Answer\",\n        \"text\": \"A n\u00f6v\u00e9nyek \u00e9s vir\u00e1gok igazi \u00e1tv\u00e1ltoz\u00f3m\u0171v\u00e9szek \u2013 k\u00e9pesek \u00e9l\u00e9nk sz\u00edneket, izgalmas form\u00e1kat \u00e9s kellemes illatokat csemp\u00e9szni a kerted egyik kis zug\u00e1ba. Ha t\u00f6bbf\u00e9le vir\u00e1gz\u00f3 n\u00f6v\u00e9nyt keversz buja z\u00f6lddel, h\u00edvogat\u00f3 hangulatot teremthetsz, amely feldobja a helyet. Magas cserj\u00e9k vagy apr\u00f3 f\u00e1k szuper h\u00e1tteret adnak.\"\n      }\n    },\n    {\n      \"@type\": \"Question\",\n      \"name\": \"Mi\u00e9rt fontos a vil\u00e1g\u00edt\u00e1s egy kertzugban?\",\n      \"acceptedAnswer\": {\n        \"@type\": \"Answer\",\n        \"text\": \"A vil\u00e1g\u00edt\u00e1s kulcsfontoss\u00e1g\u00fa, ha szeretn\u00e9d este is \u00e9lvezni a kerted kis kuck\u00f3j\u00e1t. A meleg, szel\u00edd f\u00e9nyek bar\u00e1ts\u00e1gos hangulatot teremtenek, ahol j\u00f3l esik pihenni. Ha f\u00e9nyf\u00fcz\u00e9reket, l\u00e1mp\u00e1sokat vagy napelemes vil\u00e1g\u00edt\u00f3testeket haszn\u00e1lsz, m\u00e1ris mes\u00e9sebb, r\u00e1ad\u00e1sul biztons\u00e1gosabb lesz minden.\"\n      }\n    },\n    {\n      \"@type\": \"Question\",\n      \"name\": \"Hogyan teheted egyediv\u00e9, szem\u00e9lyess\u00e9 a kerti kuck\u00f3dat dekor\u00e1ci\u00f3val?\",\n      \"acceptedAnswer\": {\n        \"@type\": \"Answer\",\n        \"text\": \"Vigy\u00e9l saj\u00e1t st\u00edlust a kerted sark\u00e1ba n\u00e9h\u00e1ny szuper dekorelemmel! Kezdd k\u00e9nyelmes k\u00fclt\u00e9ri p\u00e1rn\u00e1kkal \u00e9s sz\u00ednes sz\u0151nyegekkel, amelyek vid\u00e1ms\u00e1got \u00e9s puhas\u00e1got adnak. Fali k\u00e9pek vagy kerti szobrok karaktert adnak a t\u00e9rnek, egy-egy k\u00fcl\u00f6nleges kasp\u00f3 pedig egyedi hangulatot hoz.\"\n      }\n    },\n    {\n      \"@type\": \"Question\",\n      \"name\": \"Milyen kreat\u00edv t\u00e9m\u00e1kat v\u00e1laszthatsz a kerti kuck\u00f3dhoz?\",\n      \"acceptedAnswer\": {\n        \"@type\": \"Answer\",\n        \"text\": \"A kerted egyik kis sark\u00e1t k\u00f6nnyen var\u00e1zsolhatod egyedi \u00e9s bar\u00e1ts\u00e1gos helly\u00e9, ha kiv\u00e1lasztasz valamilyen izgalmas t\u00e9m\u00e1t. Ha szeretsz olvasni, alak\u00edts ki egy olvas\u00f3sarkot k\u00f6nyvespolccal \u00e9s puha p\u00e1rn\u00e1kkal \u2013 \u00edgy mindig lesz egy elb\u00faj\u00f3s helyed. Ha a mes\u00e9s dolgok vonzanak, csin\u00e1lj t\u00fcnd\u00e9rkertet pici d\u00edszekkel \u00e9s figur\u00e1kkal.\"\n      }\n    }\n  ]\n}\n<\/script>\n\n<script type=\"application\/ld+json\">\n{\n  \"@context\": \"https:\/\/schema.org\",\n  \"@type\": \"HowTo\",\n  \"name\": \"Hogyan alak\u00edts ki hangulatos kerti kuck\u00f3t?\",\n  \"description\": \"L\u00e9p\u00e9sr\u0151l l\u00e9p\u00e9sre bemutatjuk, hogyan hozhatsz l\u00e9tre saj\u00e1t, szem\u00e9lyes kertzugot a pihen\u00e9shez, olvas\u00e1shoz vagy medit\u00e1ci\u00f3hoz.\",\n  \"image\": \"https:\/\/doubletakedecor.com\/uploads\/2025\/09\/garden-nook-dtd-01.jpg\",\n  \"totalTime\": \"PT7H\",\n  \"estimatedCost\": {\n    \"@type\": \"MonetaryAmount\",\n    \"currency\": \"HUF\",\n    \"value\": \"30000\"\n  },\n  \"supply\": [\n    {\n      \"@type\": \"HowToSupply\",\n      \"name\": \"Kerti pad vagy sz\u00e9k\"\n    },\n    {\n      \"@type\": \"HowToSupply\",\n      \"name\": \"P\u00e1rn\u00e1k, k\u00fclt\u00e9ri text\u00edli\u00e1k\"\n    },\n    {\n      \"@type\": \"HowToSupply\",\n      \"name\": \"Kasp\u00f3k, cserepes n\u00f6v\u00e9nyek, vir\u00e1gok\"\n    },\n    {\n      \"@type\": \"HowToSupply\",\n      \"name\": \"Hangulatvil\u00e1g\u00edt\u00e1s (f\u00e9nyf\u00fcz\u00e9r, l\u00e1mp\u00e1s, napelemes l\u00e1mpa)\"\n    },\n    {\n      \"@type\": \"HowToSupply\",\n      \"name\": \"Dekor\u00e1ci\u00f3s elemek\"\n    },\n    {\n      \"@type\": \"HowToSupply\",\n      \"name\": \"Kavics, k\u0151lap, fa \u00f6sv\u00e9ny\"\n    }\n  ],\n  \"tool\": [\n    {\n      \"@type\": \"HowToTool\",\n      \"name\": \"Kerti szersz\u00e1mok\"\n    },\n    {\n      \"@type\": \"HowToTool\",\n      \"name\": \"Locsol\u00f3kanna\"\n    },\n    {\n      \"@type\": \"HowToTool\",\n      \"name\": \"\u00d6sszeszerel\u0151 szersz\u00e1mok\"\n    }\n  ],\n  \"step\": [\n    {\n      \"@type\": \"HowToStep\",\n      \"name\": \"V\u00e1laszd ki a t\u00f6k\u00e9letes helyet!\",\n      \"text\": \"Keresd meg a kertben azt a csendes, napos, de r\u00e9szben \u00e1rny\u00e9kos r\u00e9szt, ahol k\u00e9nyelmesen elf\u00e9r egy pad vagy sz\u00e9k. Fontos, hogy k\u00f6nnyen megk\u00f6zel\u00edthet\u0151 legyen, m\u00e9gis biztos\u00edtson nyugalmat.\",\n      \"image\": \"https:\/\/doubletakedecor.com\/uploads\/2025\/09\/garden-nook-dtd-10.jpg\"\n    },\n    {\n      \"@type\": \"HowToStep\",\n      \"name\": \"Helyezd el az \u00fcl\u0151alkalmatoss\u00e1got!\",\n      \"text\": \"\u00c1ll\u00edts be egy padot, fotelt vagy f\u00fcgg\u0151\u00e1gyat a kiv\u00e1lasztott helyre. P\u00e1rn\u00e1kkal \u00e9s k\u00fclt\u00e9ri sz\u0151nyeggel m\u00e9g k\u00e9nyelmesebb\u00e9 teheted.\",\n      \"image\": \"https:\/\/doubletakedecor.com\/uploads\/2025\/09\/garden-nook-dtd-02.jpg\"\n    },\n    {\n      \"@type\": \"HowToStep\",\n      \"name\": \"\u00dcltess n\u00f6v\u00e9nyeket!\",\n      \"text\": \"Helyezz el buja, sz\u00ednes n\u00f6v\u00e9nyeket \u00e9s vir\u00e1gokat a kuck\u00f3 k\u00f6r\u00e9. Magasabb cserj\u00e9k, s\u00f6v\u00e9nyek vagy ind\u00e1s n\u00f6v\u00e9nyek priv\u00e1t hangulatot adnak.\",\n      \"image\": \"https:\/\/doubletakedecor.com\/uploads\/2025\/09\/garden-nook-dtd-14.jpg\"\n    },\n    {\n      \"@type\": \"HowToStep\",\n      \"name\": \"Dekor\u00e1lj kedved szerint!\",\n      \"text\": \"V\u00e1lassz szem\u00e9lyes hangulatot t\u00fckr\u00f6z\u0151 dekor\u00e1ci\u00f3kat: k\u00fclt\u00e9ri p\u00e1rn\u00e1k, sz\u0151nyegek, szobrok vagy kis asztal is j\u00f3l j\u00f6het. Ha egyedi t\u00e9m\u00e1t szeretn\u00e9l, haszn\u00e1lj terrakotta kasp\u00f3kat, t\u00fcnd\u00e9rkerti d\u00edszeket vagy mediterr\u00e1n elemeket.\",\n      \"image\": \"https:\/\/doubletakedecor.com\/uploads\/2025\/09\/garden-nook-dtd-17.jpg\"\n    },\n    {\n      \"@type\": \"HowToStep\",\n      \"name\": \"Vil\u00e1g\u00edtsd meg a zugot!\",\n      \"text\": \"Szerelj fel f\u00e9nyf\u00fcz\u00e9rt, napelemes l\u00e1mp\u00e1kat vagy gyerty\u00e1kat, hogy este is hangulatos legyen a kertzug. A vil\u00e1g\u00edt\u00e1s kiemeli a n\u00f6v\u00e9nyek sz\u00e9ps\u00e9g\u00e9t \u00e9s biztons\u00e1gosabb\u00e1 teszi a helysz\u00ednt.\",\n      \"image\": \"https:\/\/doubletakedecor.com\/uploads\/2025\/09\/garden-nook-dtd-11.jpg\"\n    },\n    {\n      \"@type\": \"HowToStep\",\n      \"name\": \"\u00c9lvezd a nyugodt perceket!\",\n      \"text\": \"\u00dclj le a kedvenc zugodba, olvass, medit\u00e1lj, vagy csak figyeld a term\u00e9szetet. A saj\u00e1t kertzugodban mindig nyugalomra \u00e9s felt\u00f6lt\u0151d\u00e9sre lelsz.\",\n      \"image\": \"https:\/\/doubletakedecor.com\/uploads\/2025\/09\/garden-nook-dtd-09.jpg\"\n    }\n  ]\n}\n<\/script>","_links":{"self":[{"href":"https:\/\/doubletakedecor.com\/hu\/wp-json\/wp\/v2\/posts\/7476","targetHints":{"allow":["GET"]}}],"collection":[{"href":"https:\/\/doubletakedecor.com\/hu\/wp-json\/wp\/v2\/posts"}],"about":[{"href":"https:\/\/doubletakedecor.com\/hu\/wp-json\/wp\/v2\/types\/post"}],"author":[{"embeddable":true,"href":"https:\/\/doubletakedecor.com\/hu\/wp-json\/wp\/v2\/users\/12"}],"replies":[{"embeddable":true,"href":"https:\/\/doubletakedecor.com\/hu\/wp-json\/wp\/v2\/comments?post=7476"}],"version-history":[{"count":1,"href":"https:\/\/doubletakedecor.com\/hu\/wp-json\/wp\/v2\/posts\/7476\/revisions"}],"predecessor-version":[{"id":7477,"href":"https:\/\/doubletakedecor.com\/hu\/wp-json\/wp\/v2\/posts\/7476\/revisions\/7477"}],"wp:featuredmedia":[{"embeddable":true,"href":"https:\/\/doubletakedecor.com\/hu\/wp-json\/wp\/v2\/media\/6857"}],"wp:attachment":[{"href":"https:\/\/doubletakedecor.com\/hu\/wp-json\/wp\/v2\/media?parent=7476"}],"wp:term":[{"taxonomy":"category","embeddable":true,"href":"https:\/\/doubletakedecor.com\/hu\/wp-json\/wp\/v2\/categories?post=7476"},{"taxonomy":"post_tag","embeddable":true,"href":"https:\/\/doubletakedecor.com\/hu\/wp-json\/wp\/v2\/tags?post=7476"}],"curies":[{"name":"wp","href":"https:\/\/api.w.org\/{rel}","templated":true}]}}