{"id":7486,"date":"2025-09-04T02:38:20","date_gmt":"2025-09-04T00:38:20","guid":{"rendered":"https:\/\/doubletakedecor.com\/kulteri-dekoraciok\/szabadteri-tuzrako-hely\/"},"modified":"2025-09-04T03:24:28","modified_gmt":"2025-09-04T01:24:28","slug":"szabadteri-tuzrako-hely","status":"publish","type":"post","link":"https:\/\/doubletakedecor.com\/hu\/kulteri-dekoraciok\/szabadteri-tuzrako-hely\/","title":{"rendered":"Alak\u00edtsd \u00e1t a kerted leny\u0171g\u00f6z\u0151 szabadt\u00e9ri t\u0171zt\u00e9r kialak\u00edt\u00e1s\u00e1val"},"content":{"rendered":"<p>Alak\u00edtsd \u00e1t a kertedet egy var\u00e1zslatos k\u00f6z\u00f6ss\u00e9gi helly\u00e9 egy k\u00fclt\u00e9ri t\u0171zrak\u00f3val! Ez a meghitt kis sarok t\u00f6k\u00e9letes helysz\u00edn lehet felejthetetlen \u00f6sszej\u00f6vetelekhez, ahol a t\u0171z l\u00e1ngjai a t\u00e1rsas\u00e1gi \u00e9let k\u00f6z\u00e9ppontj\u00e1ban t\u00e1ncolnak. A t\u0171zrak\u00f3 egyszerre praktikus \u00e9s l\u00e1tv\u00e1nyos, \u00edgy t\u00f6k\u00e9letes v\u00e1laszt\u00e1s ak\u00e1r egy bar\u00e1ti besz\u00e9lget\u00e9shez, ak\u00e1r egy csal\u00e1di esthez.<\/p>\n<p>Figyelj oda a tart\u00f3s, h\u0151\u00e1ll\u00f3 anyagok kiv\u00e1laszt\u00e1s\u00e1ra, mint p\u00e9ld\u00e1ul a gr\u00e1nit, a t\u00e9gla vagy a f\u00e9m, \u00e9s tervezz k\u00e9nyelmes \u00fcl\u0151helyeket, hogy mindenki j\u00f3kat besz\u00e9lgethessen! Ha szeretsz bark\u00e1csolni, egyszer\u0171en megoldhatod a t\u0171zrak\u00f3k\u00e9sz\u00edt\u00e9st betonblokkokb\u00f3l vagy r\u00e9gi anyagokb\u00f3l is. Ha eleg\u00e1nsabb hat\u00e1sra v\u00e1gysz, \u00e9p\u00edtett padokat, v\u00edzi elemeket vagy hangulatos vil\u00e1g\u00edt\u00e1st is hozz\u00e1adhatsz.<\/p>\n<p>A t\u0171zrak\u00f3 var\u00e1zsa nem csak a l\u00e1ngokban rejlik. \u00dcltesd k\u00f6rbe a ter\u00fcletet helyi n\u00f6v\u00e9nyekkel, sz\u00f3rd meg dekorat\u00edv k\u00f6vekkel, \u00e9s haszn\u00e1ld ki az \u00e9jszakai f\u00e9nyeket, \u00edgy igazi kis kerti mened\u00e9ket teremthetsz magadnak. Ha puha p\u00e1rn\u00e1kkal \u00e9s meleg takar\u00f3kkal k\u00e9nyezteted a vend\u00e9geidet, sz\u00edvesen maradnak majd hosszabb ideig is. Gondoskodj a biztons\u00e1gr\u00f3l is, hogy a k\u00f6z\u00f6s id\u0151t t\u00e9nyleg gondtalanul \u00e9lvezhess\u00e9tek.<\/p>\n<p>Ak\u00e1r pillecukrot s\u00fct\u00f6getsz a l\u00e1mpaf\u00fcz\u00e9rek alatt, ak\u00e1r csak besz\u00e9lgetsz egy h\u0171v\u00f6s est\u00e9n, a k\u00fclt\u00e9ri t\u0171zrak\u00f3 melegs\u00e9get, sz\u00e9ps\u00e9get \u00e9s hasznoss\u00e1got is ad a kertedhez. Ez nemcsak egy \u00faj eleme lesz az udvarodnak, hanem lehet\u0151s\u00e9get is ad arra, hogy kicsit lelassulj, kapcsol\u00f3dj szeretteiddel, \u00e9s \u00f6r\u00f6k eml\u00e9keket gy\u0171jts a saj\u00e1t kis kertedben.<\/p>\n<div class=\"kt_block\" id=\"kt_id\">\n<span class=\"kt_headline\">\u00d6sszefoglal\u00f3<\/span><\/p>\n<ul class=\"kt_post_list\">\n<li><strong>\ud83d\udd25 Meghitt k\u00f6z\u00f6ss\u00e9gi t\u00e9r:<\/strong> Egy k\u00fclt\u00e9ri t\u0171zrak\u00f3 bar\u00e1ts\u00e1gos \u00e9s h\u00edvogat\u00f3 hangulatot teremt a kertben, t\u00f6k\u00e9letes csal\u00e1di programokhoz vagy nagyobb \u00f6sszej\u00f6vetelekhez.<\/li>\n<li><strong>\ud83d\udee0\ufe0f Rugalmas kialak\u00edt\u00e1s:<\/strong> Bark\u00e1cs m\u00f3dszert\u0151l (p\u00e9ld\u00e1ul betonelemekb\u0151l) a profi, be\u00e9p\u00edtett \u00fcl\u00e9sekig \u00e9s vil\u00e1g\u00edt\u00e1sig sokf\u00e9lek\u00e9ppen kialak\u00edthatod a saj\u00e1t st\u00edlusodnak \u00e9s p\u00e9nzt\u00e1rc\u00e1dnak megfelel\u0151 t\u0171zrak\u00f3t.<\/li>\n<li><strong>\ud83c\udf3f Hangulatos kert\u00e9szet:<\/strong> \u00dcltess k\u00f6r\u00e9 helyi n\u00f6v\u00e9nyeket, t\u00e9gy le d\u00edsz\u00edt\u0151k\u00f6veket, vagy haszn\u00e1lj l\u00e1mp\u00e1kat, hogy igazi kertimened\u00e9kk\u00e9 v\u00e1ljon, ahol j\u00f3kat lehet besz\u00e9lgetni \u00e9s pihenni.<\/li>\n<li><strong>\ud83d\udecb\ufe0f K\u00e9nyelmes \u00e9s biztons\u00e1gos:<\/strong> Gondoskodj k\u00e9nyelmes \u00fcl\u0151helyekr\u0151l, p\u00e1rn\u00e1kr\u00f3l, \u00e9s mindig tartsd be a t\u0171zrak\u00e1s szab\u00e1lyait, hogy mindenki j\u00f3l \u00e9s biztons\u00e1gban \u00e9rezze mag\u00e1t.<\/li>\n<\/ul>\n<\/div>\n<h2>Sz\u00ednes Adirondack sz\u00e9kek a t\u0171zrak\u00f3 k\u00f6r\u00fcl<\/h2>\n<p><img loading=\"lazy\" decoding=\"async\" width=\"700\" height=\"1050\" alt=\"K\u00f6r alak\u00fa k\u0151 t\u0171zrak\u00f3, k\u00f6r\u00fcl\u00f6tte soksz\u00edn\u0171 Adirondack sz\u00e9kek, h\u00e1tt\u00e9rben medence \u00e9s f\u00e9nyf\u00fcz\u00e9r, igazi kerti \u00f6sszej\u00f6v\u0151s hangulat.\" class=\"aligncenter size-full wp-image-6862\" src=\"https:\/\/doubletakedecor.com\/uploads\/2025\/09\/outdoor-fire-pit-area-dtd-01.jpg\" srcset=\"https:\/\/doubletakedecor.com\/uploads\/2025\/09\/outdoor-fire-pit-area-dtd-01.jpg 700w, https:\/\/doubletakedecor.com\/uploads\/2025\/09\/outdoor-fire-pit-area-dtd-01-200x300.jpg 200w, https:\/\/doubletakedecor.com\/uploads\/2025\/09\/outdoor-fire-pit-area-dtd-01-683x1024.jpg 683w, https:\/\/doubletakedecor.com\/uploads\/2025\/09\/outdoor-fire-pit-area-dtd-01-96x144.jpg 96w, https:\/\/doubletakedecor.com\/uploads\/2025\/09\/outdoor-fire-pit-area-dtd-01-280x420.jpg 280w, https:\/\/doubletakedecor.com\/uploads\/2025\/09\/outdoor-fire-pit-area-dtd-01-320x480.jpg 320w, https:\/\/doubletakedecor.com\/uploads\/2025\/09\/outdoor-fire-pit-area-dtd-01-360x540.jpg 360w, https:\/\/doubletakedecor.com\/uploads\/2025\/09\/outdoor-fire-pit-area-dtd-01-363x545.jpg 363w, https:\/\/doubletakedecor.com\/uploads\/2025\/09\/outdoor-fire-pit-area-dtd-01-370x555.jpg 370w, https:\/\/doubletakedecor.com\/uploads\/2025\/09\/outdoor-fire-pit-area-dtd-01-400x600.jpg 400w, https:\/\/doubletakedecor.com\/uploads\/2025\/09\/outdoor-fire-pit-area-dtd-01-560x840.jpg 560w, https:\/\/doubletakedecor.com\/uploads\/2025\/09\/outdoor-fire-pit-area-dtd-01-480x720.jpg 480w\" sizes=\"auto, (max-width: 700px) 100vw, 700px\" \/><\/p>\n<p>Teremts \u00e9l\u00e9nk hangulatot, ha sz\u00ednes Adirondack sz\u00e9keket rendezel k\u00f6rbe a k\u0151 t\u0171zrak\u00f3 k\u00f6r\u00fcl. Ez a k\u00f6rk\u00f6r\u00f6s elhelyez\u00e9s mindenkit bevon a besz\u00e9lget\u00e9sbe, \u00e9s mindenki egyform\u00e1n \u00e9lvezheti a t\u0171z meleg\u00e9t. Esti \u00f6sszej\u00f6vetelekhez d\u00edsz\u00edtsd a helyet hangulatos f\u00e9nyf\u00fcz\u00e9rekkel. Ez a megold\u00e1s nagyobb, t\u00f6bb funkci\u00f3s kertekben mutat a legjobban.<\/p>\n<h2>K\u00f6r alak\u00fa k\u0151terasz t\u0171zrak\u00f3 k\u00f6zponttal<\/h2>\n<p><img loading=\"lazy\" decoding=\"async\" width=\"700\" height=\"1050\" alt=\"Parkos\u00edtott, k\u00f6rk\u00f6r\u00f6s kert, szab\u00e1lytalan k\u0151lapokkal kirakva a k\u00f6z\u00e9ppontban t\u0171zrak\u00f3val, k\u00f6rben buja gyep \u00e9s s\u00e1rga vir\u00e1gok.\" class=\"aligncenter size-full wp-image-6868\" src=\"https:\/\/doubletakedecor.com\/uploads\/2025\/09\/outdoor-fire-pit-area-dtd-02.jpg\" srcset=\"https:\/\/doubletakedecor.com\/uploads\/2025\/09\/outdoor-fire-pit-area-dtd-02.jpg 700w, https:\/\/doubletakedecor.com\/uploads\/2025\/09\/outdoor-fire-pit-area-dtd-02-200x300.jpg 200w, https:\/\/doubletakedecor.com\/uploads\/2025\/09\/outdoor-fire-pit-area-dtd-02-683x1024.jpg 683w, https:\/\/doubletakedecor.com\/uploads\/2025\/09\/outdoor-fire-pit-area-dtd-02-96x144.jpg 96w, https:\/\/doubletakedecor.com\/uploads\/2025\/09\/outdoor-fire-pit-area-dtd-02-280x420.jpg 280w, https:\/\/doubletakedecor.com\/uploads\/2025\/09\/outdoor-fire-pit-area-dtd-02-320x480.jpg 320w, https:\/\/doubletakedecor.com\/uploads\/2025\/09\/outdoor-fire-pit-area-dtd-02-360x540.jpg 360w, https:\/\/doubletakedecor.com\/uploads\/2025\/09\/outdoor-fire-pit-area-dtd-02-363x545.jpg 363w, https:\/\/doubletakedecor.com\/uploads\/2025\/09\/outdoor-fire-pit-area-dtd-02-370x555.jpg 370w, https:\/\/doubletakedecor.com\/uploads\/2025\/09\/outdoor-fire-pit-area-dtd-02-400x600.jpg 400w, https:\/\/doubletakedecor.com\/uploads\/2025\/09\/outdoor-fire-pit-area-dtd-02-560x840.jpg 560w, https:\/\/doubletakedecor.com\/uploads\/2025\/09\/outdoor-fire-pit-area-dtd-02-480x720.jpg 480w\" sizes=\"auto, (max-width: 700px) 100vw, 700px\" \/><\/p>\n<p>Rendezd \u00fagy a szab\u00e1lytalan k\u0151lapokat, hogy k\u00f6r alakban keretezz\u00e9k a t\u0171zrak\u00f3t, \u00e9s igaz\u00e1n felt\u0171n\u0151 l\u00e1tv\u00e1ny lesz bel\u0151le. A s\u00f6t\u00e9t k\u00f6vek \u00e9s a z\u00f6ld gyep izgalmas kontrasztja, a kavicsos szeg\u00e9ly pedig \u00fcgyes elv\u00e1laszt\u00f3. Dobd fel a helyet sz\u00ednes vir\u00e1g\u00e1gy\u00e1sokkal. Ez a megold\u00e1s j\u00f3l kapcsolhat\u00f3 a f\u00e1b\u00f3l k\u00e9sz\u00fclt teraszokhoz, \u00edgy a kinti t\u00e9r igaz\u00e1n egys\u00e9gess\u00e9 v\u00e1lik.<\/p>\n<h2>K\u0151b\u0151l \u00e9p\u00edtett t\u0171zrak\u00f3 k\u00f6r alak\u00fa \u00fcl\u00e9sekkel<\/h2>\n<p><img loading=\"lazy\" decoding=\"async\" width=\"700\" height=\"1050\" alt=\"Meghitt k\u00fclt\u00e9ri t\u0171zrak\u00f3, k\u00f6rben k\u0151pad, sz\u00ednes p\u00e1rn\u00e1k \u00e9s kov\u00e1csoltvas sz\u00e9kek a t\u00e9rk\u00f6ves teraszon, buja z\u00f6ld n\u00f6v\u00e9nyekkel k\u00f6r\u00fclv\u00e9ve.\" class=\"aligncenter size-full wp-image-6874\" src=\"https:\/\/doubletakedecor.com\/uploads\/2025\/09\/outdoor-fire-pit-area-dtd-03.jpg\" srcset=\"https:\/\/doubletakedecor.com\/uploads\/2025\/09\/outdoor-fire-pit-area-dtd-03.jpg 700w, https:\/\/doubletakedecor.com\/uploads\/2025\/09\/outdoor-fire-pit-area-dtd-03-200x300.jpg 200w, https:\/\/doubletakedecor.com\/uploads\/2025\/09\/outdoor-fire-pit-area-dtd-03-683x1024.jpg 683w, https:\/\/doubletakedecor.com\/uploads\/2025\/09\/outdoor-fire-pit-area-dtd-03-96x144.jpg 96w, https:\/\/doubletakedecor.com\/uploads\/2025\/09\/outdoor-fire-pit-area-dtd-03-280x420.jpg 280w, https:\/\/doubletakedecor.com\/uploads\/2025\/09\/outdoor-fire-pit-area-dtd-03-320x480.jpg 320w, https:\/\/doubletakedecor.com\/uploads\/2025\/09\/outdoor-fire-pit-area-dtd-03-360x540.jpg 360w, https:\/\/doubletakedecor.com\/uploads\/2025\/09\/outdoor-fire-pit-area-dtd-03-363x545.jpg 363w, https:\/\/doubletakedecor.com\/uploads\/2025\/09\/outdoor-fire-pit-area-dtd-03-370x555.jpg 370w, https:\/\/doubletakedecor.com\/uploads\/2025\/09\/outdoor-fire-pit-area-dtd-03-400x600.jpg 400w, https:\/\/doubletakedecor.com\/uploads\/2025\/09\/outdoor-fire-pit-area-dtd-03-560x840.jpg 560w, https:\/\/doubletakedecor.com\/uploads\/2025\/09\/outdoor-fire-pit-area-dtd-03-480x720.jpg 480w\" sizes=\"auto, (max-width: 700px) 100vw, 700px\" \/><\/p>\n<p>Tedd bar\u00e1ts\u00e1goss\u00e1 a besz\u00e9lget\u0151helyet egy k\u0151 t\u0171zrak\u00f3val \u00e9s k\u00e9nyelmes, k\u00f6rben elhelyezett, be\u00e9p\u00edtett \u00fcl\u00e9sekkel. Sz\u00ednes p\u00e1rn\u00e1kkal m\u00e9g meghittebb lesz a hangulat. Tegy\u00e9l ki n\u00e9h\u00e1ny plusz sz\u00e9ket is, hogy t\u00f6bben is elf\u00e9rjetek. A biztons\u00e1gos t\u00e9rk\u00f6vek \u00e9s a sok n\u00f6v\u00e9ny csak fokozz\u00e1k a term\u00e9szetk\u00f6zeli \u00e9rz\u00e9st.<\/p>\n<h2>K\u0151b\u0151l \u00e9p\u00edtett t\u0171zrak\u00f3 Adirondack sz\u00e9kekkel<\/h2>\n<p><img loading=\"lazy\" decoding=\"async\" width=\"700\" height=\"1050\" alt=\"K\u00f6r alak\u00fa k\u0151 t\u0171zrak\u00f3 \u00e9l\u00e9nk piros Adirondack sz\u00e9kekkel, rusztikus k\u0151teraszr\u00f3l kil\u00e1t\u00e1s a t\u00f3ra, z\u00f6ld n\u00f6v\u00e9nyekkel k\u00f6r\u00fclv\u00e9ve\" class=\"aligncenter size-full wp-image-6880\" src=\"https:\/\/doubletakedecor.com\/uploads\/2025\/09\/outdoor-fire-pit-area-dtd-04.jpg\" srcset=\"https:\/\/doubletakedecor.com\/uploads\/2025\/09\/outdoor-fire-pit-area-dtd-04.jpg 700w, https:\/\/doubletakedecor.com\/uploads\/2025\/09\/outdoor-fire-pit-area-dtd-04-200x300.jpg 200w, https:\/\/doubletakedecor.com\/uploads\/2025\/09\/outdoor-fire-pit-area-dtd-04-683x1024.jpg 683w, https:\/\/doubletakedecor.com\/uploads\/2025\/09\/outdoor-fire-pit-area-dtd-04-96x144.jpg 96w, https:\/\/doubletakedecor.com\/uploads\/2025\/09\/outdoor-fire-pit-area-dtd-04-280x420.jpg 280w, https:\/\/doubletakedecor.com\/uploads\/2025\/09\/outdoor-fire-pit-area-dtd-04-320x480.jpg 320w, https:\/\/doubletakedecor.com\/uploads\/2025\/09\/outdoor-fire-pit-area-dtd-04-360x540.jpg 360w, https:\/\/doubletakedecor.com\/uploads\/2025\/09\/outdoor-fire-pit-area-dtd-04-363x545.jpg 363w, https:\/\/doubletakedecor.com\/uploads\/2025\/09\/outdoor-fire-pit-area-dtd-04-370x555.jpg 370w, https:\/\/doubletakedecor.com\/uploads\/2025\/09\/outdoor-fire-pit-area-dtd-04-400x600.jpg 400w, https:\/\/doubletakedecor.com\/uploads\/2025\/09\/outdoor-fire-pit-area-dtd-04-560x840.jpg 560w, https:\/\/doubletakedecor.com\/uploads\/2025\/09\/outdoor-fire-pit-area-dtd-04-480x720.jpg 480w\" sizes=\"auto, (max-width: 700px) 100vw, 700px\" \/><\/p>\n<p>Hangs\u00falyozd a t\u00e1rsas\u00e1gi \u00e9lm\u00e9nyt egy strapab\u00edr\u00f3 k\u0151burkolat\u00fa t\u0171zrak\u00f3val. \u00c1ll\u00edts piros Adirondack sz\u00e9keket k\u00f6r\u00e9, \u00edgy k\u00e9nyelmesen \u00e9s biztons\u00e1gosan besz\u00e9lgethettek a t\u0171z mellett. N\u00e9h\u00e1ny cserepes n\u00f6v\u00e9ny sz\u00ednt visz az \u00f6sszk\u00e9pbe. A t\u00f3parti elhelyezked\u00e9s egyszerre biztos\u00edt melegs\u00e9get \u00e9s gy\u00f6ny\u00f6r\u0171 kil\u00e1t\u00e1st.<\/p>\n<h2>K\u00f6r alak\u00fa k\u0151 t\u0171zrak\u00f3 Adirondack \u00fcl\u0151helyekkel<\/h2>\n<p><img loading=\"lazy\" decoding=\"async\" width=\"700\" height=\"1050\" alt=\"K\u00fclt\u00e9ri k\u0151 t\u0171zrak\u00f3 Adirondack sz\u00e9kekkel, narancss\u00e1rga p\u00e1rn\u00e1kkal, \u00edves k\u0151paddal, t\u00e9rk\u00f6vek \u00e9s buja z\u00f6ldek k\u00f6rnyezet\u00e9ben.\" class=\"aligncenter size-full wp-image-6886\" src=\"https:\/\/doubletakedecor.com\/uploads\/2025\/09\/outdoor-fire-pit-area-dtd-05.jpg\" srcset=\"https:\/\/doubletakedecor.com\/uploads\/2025\/09\/outdoor-fire-pit-area-dtd-05.jpg 700w, https:\/\/doubletakedecor.com\/uploads\/2025\/09\/outdoor-fire-pit-area-dtd-05-200x300.jpg 200w, https:\/\/doubletakedecor.com\/uploads\/2025\/09\/outdoor-fire-pit-area-dtd-05-683x1024.jpg 683w, https:\/\/doubletakedecor.com\/uploads\/2025\/09\/outdoor-fire-pit-area-dtd-05-96x144.jpg 96w, https:\/\/doubletakedecor.com\/uploads\/2025\/09\/outdoor-fire-pit-area-dtd-05-280x420.jpg 280w, https:\/\/doubletakedecor.com\/uploads\/2025\/09\/outdoor-fire-pit-area-dtd-05-320x480.jpg 320w, https:\/\/doubletakedecor.com\/uploads\/2025\/09\/outdoor-fire-pit-area-dtd-05-360x540.jpg 360w, https:\/\/doubletakedecor.com\/uploads\/2025\/09\/outdoor-fire-pit-area-dtd-05-363x545.jpg 363w, https:\/\/doubletakedecor.com\/uploads\/2025\/09\/outdoor-fire-pit-area-dtd-05-370x555.jpg 370w, https:\/\/doubletakedecor.com\/uploads\/2025\/09\/outdoor-fire-pit-area-dtd-05-400x600.jpg 400w, https:\/\/doubletakedecor.com\/uploads\/2025\/09\/outdoor-fire-pit-area-dtd-05-560x840.jpg 560w, https:\/\/doubletakedecor.com\/uploads\/2025\/09\/outdoor-fire-pit-area-dtd-05-480x720.jpg 480w\" sizes=\"auto, (max-width: 700px) 100vw, 700px\" \/><\/p>\n<p>Alak\u00edts ki kiegyens\u00falyozott t\u0171zrak\u00f3 teret fa Adirondack sz\u00e9kekkel \u00e9s \u00edves k\u0151 paddal, \u00edgy t\u00f6bbf\u00e9le \u00fcl\u0151hely k\u00f6z\u00fcl lehet v\u00e1lasztani. V\u00e1lassz p\u00e1rn\u00e1kb\u00f3l harmoniz\u00e1l\u00f3 sz\u00edn\u00f6ssze\u00e1ll\u00edt\u00e1st, ez feldobja a l\u00e1tv\u00e1nyt \u00e9s n\u00f6veli a k\u00e9nyelmet. T\u00f6bbf\u00e9le sz\u00edn\u0171 nagym\u00e9ret\u0171 t\u00e9rk\u00f6vek teszik izgalmass\u00e1 \u00e9s tart\u00f3ss\u00e1 a burkolatot. Tegy\u00e9l ki hangulatos vil\u00e1g\u00edt\u00e1st az esti \u00f3r\u00e1kra a ter\u00fclet sz\u00e9l\u00e9n.<\/p>\n<h2>L\u00e9ces pavilon t\u0171zrak\u00f3val<\/h2>\n<p><img loading=\"lazy\" decoding=\"async\" width=\"700\" height=\"1050\" alt=\"Feh\u00e9r l\u00e9ces pavilon, n\u00e9gy Adirondack sz\u00e9k k\u0151 t\u0171zrak\u00f3 k\u00f6r\u00fcl, k\u00f6r alak\u00fa fa padozat, csendes vid\u00e9ki t\u00e1jban.\" class=\"aligncenter size-full wp-image-6892\" src=\"https:\/\/doubletakedecor.com\/uploads\/2025\/09\/outdoor-fire-pit-area-dtd-06.jpg\" srcset=\"https:\/\/doubletakedecor.com\/uploads\/2025\/09\/outdoor-fire-pit-area-dtd-06.jpg 700w, https:\/\/doubletakedecor.com\/uploads\/2025\/09\/outdoor-fire-pit-area-dtd-06-200x300.jpg 200w, https:\/\/doubletakedecor.com\/uploads\/2025\/09\/outdoor-fire-pit-area-dtd-06-683x1024.jpg 683w, https:\/\/doubletakedecor.com\/uploads\/2025\/09\/outdoor-fire-pit-area-dtd-06-96x144.jpg 96w, https:\/\/doubletakedecor.com\/uploads\/2025\/09\/outdoor-fire-pit-area-dtd-06-280x420.jpg 280w, https:\/\/doubletakedecor.com\/uploads\/2025\/09\/outdoor-fire-pit-area-dtd-06-320x480.jpg 320w, https:\/\/doubletakedecor.com\/uploads\/2025\/09\/outdoor-fire-pit-area-dtd-06-360x540.jpg 360w, https:\/\/doubletakedecor.com\/uploads\/2025\/09\/outdoor-fire-pit-area-dtd-06-363x545.jpg 363w, https:\/\/doubletakedecor.com\/uploads\/2025\/09\/outdoor-fire-pit-area-dtd-06-370x555.jpg 370w, https:\/\/doubletakedecor.com\/uploads\/2025\/09\/outdoor-fire-pit-area-dtd-06-400x600.jpg 400w, https:\/\/doubletakedecor.com\/uploads\/2025\/09\/outdoor-fire-pit-area-dtd-06-560x840.jpg 560w, https:\/\/doubletakedecor.com\/uploads\/2025\/09\/outdoor-fire-pit-area-dtd-06-480x720.jpg 480w\" sizes=\"auto, (max-width: 700px) 100vw, 700px\" \/><\/p>\n<p>Hozz l\u00e9tre eleg\u00e1ns k\u00fclt\u00e9ri pihen\u0151t egy feh\u00e9r, l\u00e9ces pavilonnal, amelynek k\u00f6zep\u00e9n helyezkedik el a t\u0171zrak\u00f3. Adirondack sz\u00e9kekkel k\u00e9nyelmes besz\u00e9lget\u0151sarkokat alak\u00edthatsz ki. Felemel\u0151 a hangulat, ha be\u00e9p\u00edtesz n\u00e9h\u00e1ny meleg f\u00e9ny\u0171 l\u00e1mp\u00e1t, \u00e9s n\u00e9mi cserepes n\u00f6v\u00e9nyt is elhelyezel d\u00edsz\u00edt\u00e9sk\u00e9nt. A k\u00f6r alak\u00fa fa padl\u00f3 sz\u00e9p kontrasztot ad a term\u00e9szetes k\u00f6rnyezetnek.<\/p>\n<h2>K\u00f6r alak\u00fa t\u0171zrak\u00f3 puha \u00fcl\u0151helyekkel<\/h2>\n<p><img loading=\"lazy\" decoding=\"async\" width=\"700\" height=\"1050\" alt=\"Meghitt k\u00fclt\u00e9ri terasz n\u00e9gy puha p\u00e1rn\u00e1s sz\u00e9kkel, amelyek k\u00f6rbeveszik a vil\u00e1g\u00edt\u00f3 t\u0171zrak\u00f3t, h\u00e1tt\u00e9rben hegyvid\u00e9ki t\u00e1j.\" class=\"aligncenter size-full wp-image-6898\" src=\"https:\/\/doubletakedecor.com\/uploads\/2025\/09\/outdoor-fire-pit-area-dtd-07.jpg\" srcset=\"https:\/\/doubletakedecor.com\/uploads\/2025\/09\/outdoor-fire-pit-area-dtd-07.jpg 700w, https:\/\/doubletakedecor.com\/uploads\/2025\/09\/outdoor-fire-pit-area-dtd-07-200x300.jpg 200w, https:\/\/doubletakedecor.com\/uploads\/2025\/09\/outdoor-fire-pit-area-dtd-07-683x1024.jpg 683w, https:\/\/doubletakedecor.com\/uploads\/2025\/09\/outdoor-fire-pit-area-dtd-07-96x144.jpg 96w, https:\/\/doubletakedecor.com\/uploads\/2025\/09\/outdoor-fire-pit-area-dtd-07-280x420.jpg 280w, https:\/\/doubletakedecor.com\/uploads\/2025\/09\/outdoor-fire-pit-area-dtd-07-320x480.jpg 320w, https:\/\/doubletakedecor.com\/uploads\/2025\/09\/outdoor-fire-pit-area-dtd-07-360x540.jpg 360w, https:\/\/doubletakedecor.com\/uploads\/2025\/09\/outdoor-fire-pit-area-dtd-07-363x545.jpg 363w, https:\/\/doubletakedecor.com\/uploads\/2025\/09\/outdoor-fire-pit-area-dtd-07-370x555.jpg 370w, https:\/\/doubletakedecor.com\/uploads\/2025\/09\/outdoor-fire-pit-area-dtd-07-400x600.jpg 400w, https:\/\/doubletakedecor.com\/uploads\/2025\/09\/outdoor-fire-pit-area-dtd-07-560x840.jpg 560w, https:\/\/doubletakedecor.com\/uploads\/2025\/09\/outdoor-fire-pit-area-dtd-07-480x720.jpg 480w\" sizes=\"auto, (max-width: 700px) 100vw, 700px\" \/><\/p>\n<p>Alak\u00edts ki bar\u00e1ts\u00e1gos \u00f6sszej\u00f6vetelhelyet k\u00f6r alak\u00fa t\u0171zrak\u00f3val, k\u00f6r\u00fcl\u00f6tte puha p\u00e1rn\u00e1kkal ell\u00e1tott sz\u00e9kekkel. Haszn\u00e1lj sima k\u00f6veket a t\u0171zrak\u00f3 k\u00f6r\u00fcl, hogy biztons\u00e1gos \u00e9s letisztult legyen a megjelen\u00e9s. A s\u00f6t\u00e9tebb, tart\u00f3s j\u00e1r\u00f3lap burkolaton m\u00e9g jobban kiemelkedik a t\u0171zrak\u00f3 \u00e9s remek\u00fcl b\u00edrja az id\u0151j\u00e1r\u00e1st is.<\/p>\n<h2>Hatsz\u00f6glet\u0171 k\u0151 t\u0171zrak\u00f3-pihen\u0151<\/h2>\n<p><img loading=\"lazy\" decoding=\"async\" width=\"700\" height=\"1050\" alt=\"Hatsz\u00f6glet\u0171 k\u0151 t\u0171zrak\u00f3, k\u00f6rben fa Adirondack sz\u00e9kek, k\u00f6vezett terasz, sz\u00ednes cserepes vir\u00e1gok \u00e9s gazdag z\u00f6ld n\u00f6v\u00e9nyzet.\" class=\"aligncenter size-full wp-image-6904\" src=\"https:\/\/doubletakedecor.com\/uploads\/2025\/09\/outdoor-fire-pit-area-dtd-08.jpg\" srcset=\"https:\/\/doubletakedecor.com\/uploads\/2025\/09\/outdoor-fire-pit-area-dtd-08.jpg 700w, https:\/\/doubletakedecor.com\/uploads\/2025\/09\/outdoor-fire-pit-area-dtd-08-200x300.jpg 200w, https:\/\/doubletakedecor.com\/uploads\/2025\/09\/outdoor-fire-pit-area-dtd-08-683x1024.jpg 683w, https:\/\/doubletakedecor.com\/uploads\/2025\/09\/outdoor-fire-pit-area-dtd-08-96x144.jpg 96w, https:\/\/doubletakedecor.com\/uploads\/2025\/09\/outdoor-fire-pit-area-dtd-08-280x420.jpg 280w, https:\/\/doubletakedecor.com\/uploads\/2025\/09\/outdoor-fire-pit-area-dtd-08-320x480.jpg 320w, https:\/\/doubletakedecor.com\/uploads\/2025\/09\/outdoor-fire-pit-area-dtd-08-360x540.jpg 360w, https:\/\/doubletakedecor.com\/uploads\/2025\/09\/outdoor-fire-pit-area-dtd-08-363x545.jpg 363w, https:\/\/doubletakedecor.com\/uploads\/2025\/09\/outdoor-fire-pit-area-dtd-08-370x555.jpg 370w, https:\/\/doubletakedecor.com\/uploads\/2025\/09\/outdoor-fire-pit-area-dtd-08-400x600.jpg 400w, https:\/\/doubletakedecor.com\/uploads\/2025\/09\/outdoor-fire-pit-area-dtd-08-560x840.jpg 560w, https:\/\/doubletakedecor.com\/uploads\/2025\/09\/outdoor-fire-pit-area-dtd-08-480x720.jpg 480w\" sizes=\"auto, (max-width: 700px) 100vw, 700px\" \/><\/p>\n<p>L\u00e9gy kreat\u00edv: tegy\u00e9l egy hatsz\u00f6glet\u0171 k\u0151 t\u0171zrak\u00f3t a kerted k\u00f6zpontj\u00e1ba! Helyezd el a sz\u00e9keket k\u00e9nyelmes t\u00e1vols\u00e1gban, hogy mindenkinek jusson hely \u00e9s j\u00f3 hangulat is legyen. Sz\u00ednes cserepes vir\u00e1gok \u2013 f\u0151leg narancss\u00e1rga \u00e9s s\u00e1rga \u00e1rnyalatok \u2013 feldobj\u00e1k a z\u00f6ld n\u00f6v\u00e9nyzetet. Ez az elrendez\u00e9s eg\u00e9sz \u00e9vben haszn\u00e1lhat\u00f3 \u00e9s j\u00f3l \u00f6tv\u00f6zi a sz\u00e9pet a praktikumossal.<\/p>\n<h2>Bolt\u00edves kerti t\u0171zrak\u00f3<\/h2>\n<p><img loading=\"lazy\" decoding=\"async\" width=\"700\" height=\"1050\" alt=\"Meghitt kerti nappali, b\u00e9zs kanap\u00e9kkal k\u00f6r\u00fclv\u00e9ve a k\u0151 t\u0171zrak\u00f3t, f\u00e1b\u00f3l k\u00e9sz\u00fclt bolt\u00edv alatt, leoml\u00f3 r\u00f3zsasz\u00edn murvaf\u00fcrt\u00f6kkel.\" class=\"aligncenter size-full wp-image-6910\" src=\"https:\/\/doubletakedecor.com\/uploads\/2025\/09\/outdoor-fire-pit-area-dtd-09.jpg\" srcset=\"https:\/\/doubletakedecor.com\/uploads\/2025\/09\/outdoor-fire-pit-area-dtd-09.jpg 700w, https:\/\/doubletakedecor.com\/uploads\/2025\/09\/outdoor-fire-pit-area-dtd-09-200x300.jpg 200w, https:\/\/doubletakedecor.com\/uploads\/2025\/09\/outdoor-fire-pit-area-dtd-09-683x1024.jpg 683w, https:\/\/doubletakedecor.com\/uploads\/2025\/09\/outdoor-fire-pit-area-dtd-09-96x144.jpg 96w, https:\/\/doubletakedecor.com\/uploads\/2025\/09\/outdoor-fire-pit-area-dtd-09-280x420.jpg 280w, https:\/\/doubletakedecor.com\/uploads\/2025\/09\/outdoor-fire-pit-area-dtd-09-320x480.jpg 320w, https:\/\/doubletakedecor.com\/uploads\/2025\/09\/outdoor-fire-pit-area-dtd-09-360x540.jpg 360w, https:\/\/doubletakedecor.com\/uploads\/2025\/09\/outdoor-fire-pit-area-dtd-09-363x545.jpg 363w, https:\/\/doubletakedecor.com\/uploads\/2025\/09\/outdoor-fire-pit-area-dtd-09-370x555.jpg 370w, https:\/\/doubletakedecor.com\/uploads\/2025\/09\/outdoor-fire-pit-area-dtd-09-400x600.jpg 400w, https:\/\/doubletakedecor.com\/uploads\/2025\/09\/outdoor-fire-pit-area-dtd-09-560x840.jpg 560w, https:\/\/doubletakedecor.com\/uploads\/2025\/09\/outdoor-fire-pit-area-dtd-09-480x720.jpg 480w\" sizes=\"auto, (max-width: 700px) 100vw, 700px\" \/><\/p>\n<p>Var\u00e1zsolj meghitt besz\u00e9lget\u0151sarkot a kertbe puha, k\u00e1rpitozott \u00fcl\u0151helyekkel egy k\u00f6r alak\u00fa t\u0171zrak\u00f3 k\u00f6r\u00e9. Keretezd a teret egy rusztikus bolt\u00edvvel, amire b\u00e1tran futtasd fel sz\u00ednes vir\u00e1gokat, p\u00e9ld\u00e1ul murvaf\u00fcrt\u00f6t. N\u00e9h\u00e1ny d\u00edszp\u00e1rn\u00e1val \u00e9s j\u00f3l elhelyezett n\u00f6v\u00e9nnyel otthonosabb\u00e1 \u00e9s k\u00fcl\u00f6nlegesebb\u00e9 teheted a teret.<\/p>\n<h2>K\u0151szeg\u00e9lyes t\u0171zrak\u00f3 sz\u00ednes \u00fcl\u0151helyekkel<\/h2>\n<p><img loading=\"lazy\" decoding=\"async\" width=\"700\" height=\"1050\" alt=\"Meghitt k\u00fclt\u00e9ri t\u0171zrak\u00f3 term\u00e9szetes k\u0151szeg\u00e9llyel, t\u00fcrkiz sz\u00e9kek d\u00edszp\u00e1rn\u00e1kkal \u00e9s fa paddal, z\u00f6ld n\u00f6v\u00e9nyek k\u00f6z\u00f6tt.\" class=\"aligncenter size-full wp-image-6916\" src=\"https:\/\/doubletakedecor.com\/uploads\/2025\/09\/outdoor-fire-pit-area-dtd-10.jpg\" srcset=\"https:\/\/doubletakedecor.com\/uploads\/2025\/09\/outdoor-fire-pit-area-dtd-10.jpg 700w, https:\/\/doubletakedecor.com\/uploads\/2025\/09\/outdoor-fire-pit-area-dtd-10-200x300.jpg 200w, https:\/\/doubletakedecor.com\/uploads\/2025\/09\/outdoor-fire-pit-area-dtd-10-683x1024.jpg 683w, https:\/\/doubletakedecor.com\/uploads\/2025\/09\/outdoor-fire-pit-area-dtd-10-96x144.jpg 96w, https:\/\/doubletakedecor.com\/uploads\/2025\/09\/outdoor-fire-pit-area-dtd-10-280x420.jpg 280w, https:\/\/doubletakedecor.com\/uploads\/2025\/09\/outdoor-fire-pit-area-dtd-10-320x480.jpg 320w, https:\/\/doubletakedecor.com\/uploads\/2025\/09\/outdoor-fire-pit-area-dtd-10-360x540.jpg 360w, https:\/\/doubletakedecor.com\/uploads\/2025\/09\/outdoor-fire-pit-area-dtd-10-363x545.jpg 363w, https:\/\/doubletakedecor.com\/uploads\/2025\/09\/outdoor-fire-pit-area-dtd-10-370x555.jpg 370w, https:\/\/doubletakedecor.com\/uploads\/2025\/09\/outdoor-fire-pit-area-dtd-10-400x600.jpg 400w, https:\/\/doubletakedecor.com\/uploads\/2025\/09\/outdoor-fire-pit-area-dtd-10-560x840.jpg 560w, https:\/\/doubletakedecor.com\/uploads\/2025\/09\/outdoor-fire-pit-area-dtd-10-480x720.jpg 480w\" sizes=\"auto, (max-width: 700px) 100vw, 700px\" \/><\/p>\n<p>\u00d6tv\u00f6zd a term\u00e9szetess\u00e9get a k\u00e9nyelemmel: k\u0151szeget\u0171 t\u0171zrak\u00f3t sz\u00ednes, p\u00e9ld\u00e1ul t\u00fcrkiz f\u00e9m sz\u00e9kekkel \u00e9s mutat\u00f3s d\u00edszp\u00e1rn\u00e1kkal! Helyezz ki egy fa padot ugyanolyan p\u00e1rn\u00e1kkal, hogy t\u00f6bben is le\u00fclhessenek. A z\u00f6ld n\u00f6v\u00e9nyek h\u00e1tt\u00e9rk\u00e9nt szolg\u00e1lnak, \u00e9s gondolkodhatsz \u00e1rny\u00e9kol\u00f3 elhelyez\u00e9s\u00e9n is a ny\u00e1ri meleg ellen.<\/p>\n<h2>T\u0171zrak\u00f3hely Adirondack sz\u00e9kekkel<\/h2>\n<p><img loading=\"lazy\" decoding=\"async\" width=\"700\" height=\"1050\" alt=\"Hangulatos fekete Adirondack sz\u00e9kek k\u00e9k kock\u00e1s p\u00e1rn\u00e1kkal egy k\u0151vel k\u00f6r\u00fclvett t\u0171zrak\u00f3 mellett, sz\u00ednes avar \u00e9s \u0151szi lombhull\u00e1s veszi k\u00f6r\u00fcl.\" class=\"aligncenter size-full wp-image-6922\" src=\"https:\/\/doubletakedecor.com\/uploads\/2025\/09\/outdoor-fire-pit-area-dtd-11.jpg\" srcset=\"https:\/\/doubletakedecor.com\/uploads\/2025\/09\/outdoor-fire-pit-area-dtd-11.jpg 700w, https:\/\/doubletakedecor.com\/uploads\/2025\/09\/outdoor-fire-pit-area-dtd-11-200x300.jpg 200w, https:\/\/doubletakedecor.com\/uploads\/2025\/09\/outdoor-fire-pit-area-dtd-11-683x1024.jpg 683w, https:\/\/doubletakedecor.com\/uploads\/2025\/09\/outdoor-fire-pit-area-dtd-11-96x144.jpg 96w, https:\/\/doubletakedecor.com\/uploads\/2025\/09\/outdoor-fire-pit-area-dtd-11-280x420.jpg 280w, https:\/\/doubletakedecor.com\/uploads\/2025\/09\/outdoor-fire-pit-area-dtd-11-320x480.jpg 320w, https:\/\/doubletakedecor.com\/uploads\/2025\/09\/outdoor-fire-pit-area-dtd-11-360x540.jpg 360w, https:\/\/doubletakedecor.com\/uploads\/2025\/09\/outdoor-fire-pit-area-dtd-11-363x545.jpg 363w, https:\/\/doubletakedecor.com\/uploads\/2025\/09\/outdoor-fire-pit-area-dtd-11-370x555.jpg 370w, https:\/\/doubletakedecor.com\/uploads\/2025\/09\/outdoor-fire-pit-area-dtd-11-400x600.jpg 400w, https:\/\/doubletakedecor.com\/uploads\/2025\/09\/outdoor-fire-pit-area-dtd-11-560x840.jpg 560w, https:\/\/doubletakedecor.com\/uploads\/2025\/09\/outdoor-fire-pit-area-dtd-11-480x720.jpg 480w\" sizes=\"auto, (max-width: 700px) 100vw, 700px\" \/><\/p>\n<p>Alak\u00edts ki meghitt h\u00e1ts\u00f3 kerti pihen\u0151t k\u00e9t Adirondack sz\u00e9kkel \u00e9s pihe-puha p\u00e1rn\u00e1kkal, egy k\u0151vel k\u00f6rbevett t\u0171zrak\u00f3 k\u00f6r\u00fcl. Tegy\u00e9l egy kis asztalk\u00e1t a sz\u00e9kek k\u00f6z\u00e9, \u00edgy lesz hely italnak \u00e9s d\u00edszeknek. Az igazi hangulat\u00e9rt ne s\u00f6p\u00f6rd fel teljesen a lehullott leveleket, hadd tegye szebb\u00e9 a term\u00e9szet a szabadt\u00e9ri \u00fcld\u00f6g\u00e9l\u00e9st!<\/p>\n<h2>Kerti t\u0171zrak\u00f3 sz\u00ednes sz\u00e9kekkel<\/h2>\n<p><img loading=\"lazy\" decoding=\"async\" width=\"700\" height=\"1050\" alt=\"Csendes kert k\u0151 t\u0171zrak\u00f3val, k\u00f6r\u00fcl\u00f6tte sz\u00ednes Adirondack sz\u00e9kek, egy f\u00e1b\u00f3l k\u00e9sz\u00fclt pergola alatt \u2013 t\u00f6k\u00e9letes szabadt\u00e9ri egy\u00fcttl\u00e9tekhez.\" class=\"aligncenter size-full wp-image-6928\" src=\"https:\/\/doubletakedecor.com\/uploads\/2025\/09\/outdoor-fire-pit-area-dtd-12.jpg\" srcset=\"https:\/\/doubletakedecor.com\/uploads\/2025\/09\/outdoor-fire-pit-area-dtd-12.jpg 700w, https:\/\/doubletakedecor.com\/uploads\/2025\/09\/outdoor-fire-pit-area-dtd-12-200x300.jpg 200w, https:\/\/doubletakedecor.com\/uploads\/2025\/09\/outdoor-fire-pit-area-dtd-12-683x1024.jpg 683w, https:\/\/doubletakedecor.com\/uploads\/2025\/09\/outdoor-fire-pit-area-dtd-12-96x144.jpg 96w, https:\/\/doubletakedecor.com\/uploads\/2025\/09\/outdoor-fire-pit-area-dtd-12-280x420.jpg 280w, https:\/\/doubletakedecor.com\/uploads\/2025\/09\/outdoor-fire-pit-area-dtd-12-320x480.jpg 320w, https:\/\/doubletakedecor.com\/uploads\/2025\/09\/outdoor-fire-pit-area-dtd-12-360x540.jpg 360w, https:\/\/doubletakedecor.com\/uploads\/2025\/09\/outdoor-fire-pit-area-dtd-12-363x545.jpg 363w, https:\/\/doubletakedecor.com\/uploads\/2025\/09\/outdoor-fire-pit-area-dtd-12-370x555.jpg 370w, https:\/\/doubletakedecor.com\/uploads\/2025\/09\/outdoor-fire-pit-area-dtd-12-400x600.jpg 400w, https:\/\/doubletakedecor.com\/uploads\/2025\/09\/outdoor-fire-pit-area-dtd-12-560x840.jpg 560w, https:\/\/doubletakedecor.com\/uploads\/2025\/09\/outdoor-fire-pit-area-dtd-12-480x720.jpg 480w\" sizes=\"auto, (max-width: 700px) 100vw, 700px\" \/><\/p>\n<p>Hozz l\u00e9tre k\u00f6z\u00f6s\u00e9gi teret, ahol a k\u0151b\u0151l \u00e9p\u00edtett t\u0171zrak\u00f3t vibr\u00e1l\u00f3 sz\u00edn\u0171 Adirondack sz\u00e9kekkel veszed k\u00f6rbe. Keretezd le a r\u00e9szt egy fapergol\u00e1val, \u00edgy m\u00e9g mutat\u00f3sabb lesz a kerted. Kavicsos utak vezessenek a t\u00e1gabb kerthez. Vir\u00e1gokkal szeg\u00e9lyezd a teret, hogy nappal is vid\u00e1m, term\u00e9szetes hangulata legyen.<\/p>\n<h2>U alak\u00fa \u00fcl\u0151garnit\u00fara t\u0171zrak\u00f3val<\/h2>\n<p><img loading=\"lazy\" decoding=\"async\" width=\"700\" height=\"1050\" alt=\"Hangulatos szabadt\u00e9ri nappali vil\u00e1gosk\u00e9k U alak\u00fa \u00fcl\u0151garnit\u00far\u00e1val, sz\u00ednes p\u00e1rn\u00e1kkal, k\u00f6z\u00e9pen egy n\u00e9gyzet alak\u00fa k\u0151 t\u0171zrak\u00f3val, t\u00e9rk\u00f6ves teraszon.\" class=\"aligncenter size-full wp-image-6934\" src=\"https:\/\/doubletakedecor.com\/uploads\/2025\/09\/outdoor-fire-pit-area-dtd-13.jpg\" srcset=\"https:\/\/doubletakedecor.com\/uploads\/2025\/09\/outdoor-fire-pit-area-dtd-13.jpg 700w, https:\/\/doubletakedecor.com\/uploads\/2025\/09\/outdoor-fire-pit-area-dtd-13-200x300.jpg 200w, https:\/\/doubletakedecor.com\/uploads\/2025\/09\/outdoor-fire-pit-area-dtd-13-683x1024.jpg 683w, https:\/\/doubletakedecor.com\/uploads\/2025\/09\/outdoor-fire-pit-area-dtd-13-96x144.jpg 96w, https:\/\/doubletakedecor.com\/uploads\/2025\/09\/outdoor-fire-pit-area-dtd-13-280x420.jpg 280w, https:\/\/doubletakedecor.com\/uploads\/2025\/09\/outdoor-fire-pit-area-dtd-13-320x480.jpg 320w, https:\/\/doubletakedecor.com\/uploads\/2025\/09\/outdoor-fire-pit-area-dtd-13-360x540.jpg 360w, https:\/\/doubletakedecor.com\/uploads\/2025\/09\/outdoor-fire-pit-area-dtd-13-363x545.jpg 363w, https:\/\/doubletakedecor.com\/uploads\/2025\/09\/outdoor-fire-pit-area-dtd-13-370x555.jpg 370w, https:\/\/doubletakedecor.com\/uploads\/2025\/09\/outdoor-fire-pit-area-dtd-13-400x600.jpg 400w, https:\/\/doubletakedecor.com\/uploads\/2025\/09\/outdoor-fire-pit-area-dtd-13-560x840.jpg 560w, https:\/\/doubletakedecor.com\/uploads\/2025\/09\/outdoor-fire-pit-area-dtd-13-480x720.jpg 480w\" sizes=\"auto, (max-width: 700px) 100vw, 700px\" \/><\/p>\n<p>Rendezz be pazar kerti besz\u00e9lget\u0151sarkot U alakban elhelyezett, vil\u00e1gosk\u00e9k p\u00e1rn\u00e1kkal \u00e9s \u00e9l\u00e9nk d\u00edszp\u00e1rn\u00e1kkal feldobott \u00fcl\u0151garnit\u00far\u00e1val. Tedd a t\u0171zrak\u00f3t a k\u00f6z\u00e9ppontba, \u00edgy kellemes meleget \u00e9s f\u00e9nyt ad. Kombin\u00e1ld a t\u00e9rk\u00f6veket kaviccsal, hogy izgalmasabb legyen a talaj. Kis kasp\u00f3kkal z\u00f6ld\u00edtsd a k\u00f6rnyezetet. T\u00f6k\u00e9letes nagyobb bar\u00e1ti \u00f6sszej\u00f6vetelekhez is, mert mindenki egym\u00e1sra figyelhet.<\/p>\n<h2>Pergol\u00e1val fedett t\u0171zrak\u00f3-lounge<\/h2>\n<p><img loading=\"lazy\" decoding=\"async\" width=\"700\" height=\"1050\" alt=\"Hangulatos kerti \u00fcl\u0151sarok fapergola alatt, feh\u00e9r p\u00e1rn\u00e1s b\u00fatorokkal, modern, n\u00e9gyzet alak\u00fa t\u0171zrak\u00f3val, kavicson elhelyezve.\" class=\"aligncenter size-full wp-image-6940\" src=\"https:\/\/doubletakedecor.com\/uploads\/2025\/09\/outdoor-fire-pit-area-dtd-14.jpg\" srcset=\"https:\/\/doubletakedecor.com\/uploads\/2025\/09\/outdoor-fire-pit-area-dtd-14.jpg 700w, https:\/\/doubletakedecor.com\/uploads\/2025\/09\/outdoor-fire-pit-area-dtd-14-200x300.jpg 200w, https:\/\/doubletakedecor.com\/uploads\/2025\/09\/outdoor-fire-pit-area-dtd-14-683x1024.jpg 683w, https:\/\/doubletakedecor.com\/uploads\/2025\/09\/outdoor-fire-pit-area-dtd-14-96x144.jpg 96w, https:\/\/doubletakedecor.com\/uploads\/2025\/09\/outdoor-fire-pit-area-dtd-14-280x420.jpg 280w, https:\/\/doubletakedecor.com\/uploads\/2025\/09\/outdoor-fire-pit-area-dtd-14-320x480.jpg 320w, https:\/\/doubletakedecor.com\/uploads\/2025\/09\/outdoor-fire-pit-area-dtd-14-360x540.jpg 360w, https:\/\/doubletakedecor.com\/uploads\/2025\/09\/outdoor-fire-pit-area-dtd-14-363x545.jpg 363w, https:\/\/doubletakedecor.com\/uploads\/2025\/09\/outdoor-fire-pit-area-dtd-14-370x555.jpg 370w, https:\/\/doubletakedecor.com\/uploads\/2025\/09\/outdoor-fire-pit-area-dtd-14-400x600.jpg 400w, https:\/\/doubletakedecor.com\/uploads\/2025\/09\/outdoor-fire-pit-area-dtd-14-560x840.jpg 560w, https:\/\/doubletakedecor.com\/uploads\/2025\/09\/outdoor-fire-pit-area-dtd-14-480x720.jpg 480w\" sizes=\"auto, (max-width: 700px) 100vw, 700px\" \/><\/p>\n<p>Var\u00e1zsolj eleg\u00e1ns k\u00fclt\u00e9ri pihen\u0151helyet, ha a t\u0171zrak\u00f3s r\u00e9szt egy fapergola al\u00e1 teszed. Haszn\u00e1lj fekete-feh\u00e9r b\u00fatorokat, hogy igaz\u00e1n l\u00e1tv\u00e1nyos legyen. J\u00e1tssz v\u00e1ltozatos p\u00e1rn\u00e1k mint\u00e1ival a m\u00e9g t\u00f6bb izgalom \u00e9rdek\u00e9ben. Fekete k\u00f6vekkel dobd fel a t\u0171zrak\u00f3t, ha modern hat\u00e1st szeretn\u00e9l. Maradj letisztult, \u00e9s csak n\u00e9h\u00e1ny hangs\u00falyos n\u00f6v\u00e9nyt v\u00e1lassz a kavics mell\u00e9, hogy meg\u0151rizd az egyens\u00falyt.<\/p>\n<h2>Modern t\u0171zrak\u00f3 \u00edves \u00fcl\u0151helyekkel<\/h2>\n<p><img loading=\"lazy\" decoding=\"async\" width=\"700\" height=\"1050\" alt=\"Kerek t\u0171zrak\u00f3 feh\u00e9r kavicson, k\u00f6r\u00fcl\u00f6tte modern b\u0151r sz\u00e9kek, buja z\u00f6ld n\u00f6v\u00e9nyek k\u00f6z\u00f6tt \u2013 b\u00e9k\u00e9s szabadt\u00e9ri \u00f6sszej\u00f6vetelekhez.\" class=\"aligncenter size-full wp-image-6946\" src=\"https:\/\/doubletakedecor.com\/uploads\/2025\/09\/outdoor-fire-pit-area-dtd-15.jpg\" srcset=\"https:\/\/doubletakedecor.com\/uploads\/2025\/09\/outdoor-fire-pit-area-dtd-15.jpg 700w, https:\/\/doubletakedecor.com\/uploads\/2025\/09\/outdoor-fire-pit-area-dtd-15-200x300.jpg 200w, https:\/\/doubletakedecor.com\/uploads\/2025\/09\/outdoor-fire-pit-area-dtd-15-683x1024.jpg 683w, https:\/\/doubletakedecor.com\/uploads\/2025\/09\/outdoor-fire-pit-area-dtd-15-96x144.jpg 96w, https:\/\/doubletakedecor.com\/uploads\/2025\/09\/outdoor-fire-pit-area-dtd-15-280x420.jpg 280w, https:\/\/doubletakedecor.com\/uploads\/2025\/09\/outdoor-fire-pit-area-dtd-15-320x480.jpg 320w, https:\/\/doubletakedecor.com\/uploads\/2025\/09\/outdoor-fire-pit-area-dtd-15-360x540.jpg 360w, https:\/\/doubletakedecor.com\/uploads\/2025\/09\/outdoor-fire-pit-area-dtd-15-363x545.jpg 363w, https:\/\/doubletakedecor.com\/uploads\/2025\/09\/outdoor-fire-pit-area-dtd-15-370x555.jpg 370w, https:\/\/doubletakedecor.com\/uploads\/2025\/09\/outdoor-fire-pit-area-dtd-15-400x600.jpg 400w, https:\/\/doubletakedecor.com\/uploads\/2025\/09\/outdoor-fire-pit-area-dtd-15-560x840.jpg 560w, https:\/\/doubletakedecor.com\/uploads\/2025\/09\/outdoor-fire-pit-area-dtd-15-480x720.jpg 480w\" sizes=\"auto, (max-width: 700px) 100vw, 700px\" \/><\/p>\n<p>\u00c9p\u00edts modern kerti pihen\u0151t egy kerek t\u0171zrak\u00f3val \u00e9s st\u00edlusos, \u00edves sz\u00e9kekkel. Feh\u00e9r kaviccsal j\u00f3l elk\u00fcl\u00f6n\u00edtheted a r\u00e9szt, \u00e9s izgalmasabb lesz az \u00f6sszhat\u00e1s. \u00dcltess magas d\u00edszf\u00fcveket \u00e9s bokrokat k\u00f6rbe, ezek term\u00e9szetes priv\u00e1t szf\u00e9r\u00e1t teremtenek. K\u00f6ves j\u00e1r\u00f3lapokat is tegy\u00e9l, hogy k\u00f6nnyen megk\u00f6zel\u00edthet\u0151 legyen az \u00fcl\u0151hely.<\/p>\n<h2>Egyszer\u0171 beton t\u0171zrak\u00f3 k\u00f6r\u00fcli \u00fcl\u0151hely<\/h2>\n<p><img loading=\"lazy\" decoding=\"async\" width=\"700\" height=\"1050\" alt=\"N\u00e9gy f\u00e1b\u00f3l k\u00e9sz\u00fclt sz\u00e9k k\u00f6ralakban egy beton t\u0171zrak\u00f3 k\u00f6r\u00fcl sz\u00e9p kertrendez\u00e9ssel, s\u00f6v\u00e9nnyel \u00e9s buja n\u00f6v\u00e9nyekkel.\" class=\"aligncenter size-full wp-image-6952\" src=\"https:\/\/doubletakedecor.com\/uploads\/2025\/09\/outdoor-fire-pit-area-dtd-16.jpg\" srcset=\"https:\/\/doubletakedecor.com\/uploads\/2025\/09\/outdoor-fire-pit-area-dtd-16.jpg 700w, https:\/\/doubletakedecor.com\/uploads\/2025\/09\/outdoor-fire-pit-area-dtd-16-200x300.jpg 200w, https:\/\/doubletakedecor.com\/uploads\/2025\/09\/outdoor-fire-pit-area-dtd-16-683x1024.jpg 683w, https:\/\/doubletakedecor.com\/uploads\/2025\/09\/outdoor-fire-pit-area-dtd-16-96x144.jpg 96w, https:\/\/doubletakedecor.com\/uploads\/2025\/09\/outdoor-fire-pit-area-dtd-16-280x420.jpg 280w, https:\/\/doubletakedecor.com\/uploads\/2025\/09\/outdoor-fire-pit-area-dtd-16-320x480.jpg 320w, https:\/\/doubletakedecor.com\/uploads\/2025\/09\/outdoor-fire-pit-area-dtd-16-360x540.jpg 360w, https:\/\/doubletakedecor.com\/uploads\/2025\/09\/outdoor-fire-pit-area-dtd-16-363x545.jpg 363w, https:\/\/doubletakedecor.com\/uploads\/2025\/09\/outdoor-fire-pit-area-dtd-16-370x555.jpg 370w, https:\/\/doubletakedecor.com\/uploads\/2025\/09\/outdoor-fire-pit-area-dtd-16-400x600.jpg 400w, https:\/\/doubletakedecor.com\/uploads\/2025\/09\/outdoor-fire-pit-area-dtd-16-560x840.jpg 560w, https:\/\/doubletakedecor.com\/uploads\/2025\/09\/outdoor-fire-pit-area-dtd-16-480x720.jpg 480w\" sizes=\"auto, (max-width: 700px) 100vw, 700px\" \/><\/p>\n<p>Teremts eleg\u00e1ns \u00f6sszej\u00f6v\u0151s r\u00e9szt egy minimalista beton t\u0171zrak\u00f3 k\u00f6r\u00e9 rakott fa sz\u00e9kekkel. D\u00edszf\u00fcvekkel \u00f6leld k\u00f6r\u00fcl az eg\u00e9sz helyet, \u00edgy lesz mutat\u00f3s \u00e9s priv\u00e1t is. A k\u00f6r alak k\u00f6nnyen besz\u00e9lget\u00e9sre h\u00edv, mik\u00f6zben a letisztult l\u00e1tv\u00e1nyt meg\u0151rzi. Ha puh\u00e1bb \u00fcl\u0151helyet szeretn\u00e9l, haszn\u00e1lj v\u00edz\u00e1ll\u00f3 p\u00e1rn\u00e1kat, \u00edgy este is k\u00e9nyelmesen \u00e9lvezheted a hangulatot.<\/p>\n<h2>V\u00edzparti t\u0171zrak\u00f3 Adirondack sz\u00e9kekkel<\/h2>\n<p><img loading=\"lazy\" decoding=\"async\" width=\"700\" height=\"1050\" alt=\"Hangulatos k\u0151 t\u0171zrak\u00f3 Adirondack sz\u00e9kekkel, egy nyugodt t\u00f3parti k\u00f6rnyezetben, l\u00e1tv\u00e1nyos n\u00f6v\u00e9nyekkel.\" class=\"aligncenter size-full wp-image-6958\" src=\"https:\/\/doubletakedecor.com\/uploads\/2025\/09\/outdoor-fire-pit-area-dtd-17.jpg\" srcset=\"https:\/\/doubletakedecor.com\/uploads\/2025\/09\/outdoor-fire-pit-area-dtd-17.jpg 700w, https:\/\/doubletakedecor.com\/uploads\/2025\/09\/outdoor-fire-pit-area-dtd-17-200x300.jpg 200w, https:\/\/doubletakedecor.com\/uploads\/2025\/09\/outdoor-fire-pit-area-dtd-17-683x1024.jpg 683w, https:\/\/doubletakedecor.com\/uploads\/2025\/09\/outdoor-fire-pit-area-dtd-17-96x144.jpg 96w, https:\/\/doubletakedecor.com\/uploads\/2025\/09\/outdoor-fire-pit-area-dtd-17-280x420.jpg 280w, https:\/\/doubletakedecor.com\/uploads\/2025\/09\/outdoor-fire-pit-area-dtd-17-320x480.jpg 320w, https:\/\/doubletakedecor.com\/uploads\/2025\/09\/outdoor-fire-pit-area-dtd-17-360x540.jpg 360w, https:\/\/doubletakedecor.com\/uploads\/2025\/09\/outdoor-fire-pit-area-dtd-17-363x545.jpg 363w, https:\/\/doubletakedecor.com\/uploads\/2025\/09\/outdoor-fire-pit-area-dtd-17-370x555.jpg 370w, https:\/\/doubletakedecor.com\/uploads\/2025\/09\/outdoor-fire-pit-area-dtd-17-400x600.jpg 400w, https:\/\/doubletakedecor.com\/uploads\/2025\/09\/outdoor-fire-pit-area-dtd-17-560x840.jpg 560w, https:\/\/doubletakedecor.com\/uploads\/2025\/09\/outdoor-fire-pit-area-dtd-17-480x720.jpg 480w\" sizes=\"auto, (max-width: 700px) 100vw, 700px\" \/><\/p>\n<p>Rakj Adirondack sz\u00e9keket k\u00f6r alakban a term\u00e9szetes k\u0151 t\u0171zrak\u00f3 k\u00f6r\u00e9, \u00edgy k\u00f6nnyebb lesz besz\u00e9lgetni. Helyezd az \u00fcl\u0151r\u00e9szt s\u00edk, f\u00fcves r\u00e9szre k\u00f6zel a v\u00edzhez, hogy igaz\u00e1n megnyugtat\u00f3 legyen a hangulat. Sz\u00ednes vir\u00e1g\u00e1gy\u00e1sokkal tedd m\u00e9g vid\u00e1mabb\u00e1 a l\u00e1tv\u00e1nyt. Ez az elrendez\u00e9s t\u00f6k\u00e9letes esti kikapcsol\u00f3d\u00e1shoz, f\u0151leg ha sz\u00e9p v\u00edzparti kil\u00e1t\u00e1sban is gy\u00f6ny\u00f6rk\u00f6dhetsz.<\/p>\n<h2>Rusztikus k\u0151 t\u0171zrak\u00f3terv<\/h2>\n<p><img loading=\"lazy\" decoding=\"async\" width=\"700\" height=\"1050\" alt=\"Kerek k\u0151 t\u0171zrak\u00f3 mozaik k\u00f6vekkel burkolt k\u00f6rnyezetben, buja \u00f6r\u00f6kz\u00f6ldekkel, bar\u00e1ts\u00e1gos, hangulatos k\u00fclt\u00e9ri helyen.\" class=\"aligncenter size-full wp-image-6964\" src=\"https:\/\/doubletakedecor.com\/uploads\/2025\/09\/outdoor-fire-pit-area-dtd-18.jpg\" srcset=\"https:\/\/doubletakedecor.com\/uploads\/2025\/09\/outdoor-fire-pit-area-dtd-18.jpg 700w, https:\/\/doubletakedecor.com\/uploads\/2025\/09\/outdoor-fire-pit-area-dtd-18-200x300.jpg 200w, https:\/\/doubletakedecor.com\/uploads\/2025\/09\/outdoor-fire-pit-area-dtd-18-683x1024.jpg 683w, https:\/\/doubletakedecor.com\/uploads\/2025\/09\/outdoor-fire-pit-area-dtd-18-96x144.jpg 96w, https:\/\/doubletakedecor.com\/uploads\/2025\/09\/outdoor-fire-pit-area-dtd-18-280x420.jpg 280w, https:\/\/doubletakedecor.com\/uploads\/2025\/09\/outdoor-fire-pit-area-dtd-18-320x480.jpg 320w, https:\/\/doubletakedecor.com\/uploads\/2025\/09\/outdoor-fire-pit-area-dtd-18-360x540.jpg 360w, https:\/\/doubletakedecor.com\/uploads\/2025\/09\/outdoor-fire-pit-area-dtd-18-363x545.jpg 363w, https:\/\/doubletakedecor.com\/uploads\/2025\/09\/outdoor-fire-pit-area-dtd-18-370x555.jpg 370w, https:\/\/doubletakedecor.com\/uploads\/2025\/09\/outdoor-fire-pit-area-dtd-18-400x600.jpg 400w, https:\/\/doubletakedecor.com\/uploads\/2025\/09\/outdoor-fire-pit-area-dtd-18-560x840.jpg 560w, https:\/\/doubletakedecor.com\/uploads\/2025\/09\/outdoor-fire-pit-area-dtd-18-480x720.jpg 480w\" sizes=\"auto, (max-width: 700px) 100vw, 700px\" \/><\/p>\n<p>K\u00e9sz\u00edts bar\u00e1ts\u00e1gos, kuck\u00f3s r\u00e9szt egy k\u00f6r alak\u00fa k\u0151b\u0151l \u00e9p\u00fclt t\u0171zrak\u00f3val \u00e9s term\u00e9szetes k\u0151burkolattal. Haszn\u00e1lj szab\u00e1lytalan, mozaikszer\u0171 k\u00f6veket k\u00f6rben, hogy \u00e9rdekesebb legyen a talaj. Ker\u00edtsd k\u00f6rbe \u00f6r\u00f6kz\u00f6ldekkel, \u00edgy eg\u00e9sz \u00e9vben z\u00f6ldellni fog. G\u00f6rbe \u00f6sv\u00e9nnyel k\u00f6zel\u00edtheted meg k\u00f6nnyen a t\u0171zrak\u00f3t. A felhalmozott t\u0171zifa nemcsak hasznos, de j\u00f3l is mutat bel\u00fcl a k\u00f6veken.<\/p>\n<h2>T\u00f3parti t\u0171zrak\u00f3 Adirondack \u00fcl\u0151helyekkel<\/h2>\n<p><img loading=\"lazy\" decoding=\"async\" width=\"700\" height=\"1049\" alt=\"Adirondack sz\u00e9kek k\u0151 t\u0171zrak\u00f3 k\u00f6r\u00fcl a v\u00edz k\u00f6zel\u00e9ben; h\u00edd vezet egy var\u00e1zslatos pavilonhoz buja n\u00f6v\u00e9nyek k\u00f6z\u00f6tt.\" class=\"aligncenter size-full wp-image-6970\" src=\"https:\/\/doubletakedecor.com\/uploads\/2025\/09\/outdoor-fire-pit-area-dtd-19.jpg\" srcset=\"https:\/\/doubletakedecor.com\/uploads\/2025\/09\/outdoor-fire-pit-area-dtd-19.jpg 700w, https:\/\/doubletakedecor.com\/uploads\/2025\/09\/outdoor-fire-pit-area-dtd-19-200x300.jpg 200w, https:\/\/doubletakedecor.com\/uploads\/2025\/09\/outdoor-fire-pit-area-dtd-19-683x1024.jpg 683w, https:\/\/doubletakedecor.com\/uploads\/2025\/09\/outdoor-fire-pit-area-dtd-19-96x144.jpg 96w, https:\/\/doubletakedecor.com\/uploads\/2025\/09\/outdoor-fire-pit-area-dtd-19-280x420.jpg 280w, https:\/\/doubletakedecor.com\/uploads\/2025\/09\/outdoor-fire-pit-area-dtd-19-320x480.jpg 320w, https:\/\/doubletakedecor.com\/uploads\/2025\/09\/outdoor-fire-pit-area-dtd-19-360x539.jpg 360w, https:\/\/doubletakedecor.com\/uploads\/2025\/09\/outdoor-fire-pit-area-dtd-19-363x544.jpg 363w, https:\/\/doubletakedecor.com\/uploads\/2025\/09\/outdoor-fire-pit-area-dtd-19-370x554.jpg 370w, https:\/\/doubletakedecor.com\/uploads\/2025\/09\/outdoor-fire-pit-area-dtd-19-400x599.jpg 400w, https:\/\/doubletakedecor.com\/uploads\/2025\/09\/outdoor-fire-pit-area-dtd-19-560x839.jpg 560w, https:\/\/doubletakedecor.com\/uploads\/2025\/09\/outdoor-fire-pit-area-dtd-19-480x719.jpg 480w\" sizes=\"auto, (max-width: 700px) 100vw, 700px\" \/><\/p>\n<p>Alak\u00edts ki v\u00edzparti pihen\u0151t fa Adirondack sz\u00e9kekkel \u00e9s k\u0151 t\u0171zrak\u00f3val. A k\u00f6rbe rendezett sz\u00e9kekhez mindenki k\u00f6nnyen csatlakozhat, mik\u00f6zben k\u00f6z\u00f6sen gy\u00f6ny\u00f6rk\u00f6dt\u00f6k a kil\u00e1t\u00e1sban. \u00c9p\u00edts egy kis hidat a pavilonhoz, \u00edgy lesz fedett \u00fccs\u00f6rg\u00e9si lehet\u0151s\u00e9g is. Haszn\u00e1lj term\u00e9szetes anyagokat, hogy j\u00f3l illeszkedjen a t\u00e1jba, \u00e9s igaz\u00e1n nyugodt, egys\u00e9ges t\u00e9rben pihenhessetek.<\/p>\n<h2>Rusztikus k\u0151 t\u0171zrak\u00f3 f\u00e1b\u00f3l k\u00e9sz\u00fclt \u00fcl\u0151k\u00e9kkel<\/h2>\n<p><img loading=\"lazy\" decoding=\"async\" width=\"700\" height=\"1049\" alt=\"K\u00f6r alak\u00fa k\u0151 t\u0171zrak\u00f3 rusztikus fa \u00fcl\u0151k\u00e9kkel kavicson, s\u0171r\u0171 z\u00f6ld n\u00f6v\u00e9nyek \u00e1ltal k\u00f6r\u00fclv\u00e9ve \u2013 b\u00e9k\u00e9s, szabadt\u00e9ri \u00f6sszej\u00f6vetelek helye.\" class=\"aligncenter size-full wp-image-6976\" src=\"https:\/\/doubletakedecor.com\/uploads\/2025\/09\/outdoor-fire-pit-area-dtd-20.jpg\" srcset=\"https:\/\/doubletakedecor.com\/uploads\/2025\/09\/outdoor-fire-pit-area-dtd-20.jpg 700w, https:\/\/doubletakedecor.com\/uploads\/2025\/09\/outdoor-fire-pit-area-dtd-20-200x300.jpg 200w, https:\/\/doubletakedecor.com\/uploads\/2025\/09\/outdoor-fire-pit-area-dtd-20-683x1024.jpg 683w, https:\/\/doubletakedecor.com\/uploads\/2025\/09\/outdoor-fire-pit-area-dtd-20-96x144.jpg 96w, https:\/\/doubletakedecor.com\/uploads\/2025\/09\/outdoor-fire-pit-area-dtd-20-280x420.jpg 280w, https:\/\/doubletakedecor.com\/uploads\/2025\/09\/outdoor-fire-pit-area-dtd-20-320x480.jpg 320w, https:\/\/doubletakedecor.com\/uploads\/2025\/09\/outdoor-fire-pit-area-dtd-20-360x539.jpg 360w, https:\/\/doubletakedecor.com\/uploads\/2025\/09\/outdoor-fire-pit-area-dtd-20-363x544.jpg 363w, https:\/\/doubletakedecor.com\/uploads\/2025\/09\/outdoor-fire-pit-area-dtd-20-370x554.jpg 370w, https:\/\/doubletakedecor.com\/uploads\/2025\/09\/outdoor-fire-pit-area-dtd-20-400x599.jpg 400w, https:\/\/doubletakedecor.com\/uploads\/2025\/09\/outdoor-fire-pit-area-dtd-20-560x839.jpg 560w, https:\/\/doubletakedecor.com\/uploads\/2025\/09\/outdoor-fire-pit-area-dtd-20-480x719.jpg 480w\" sizes=\"auto, (max-width: 700px) 100vw, 700px\" \/><\/p>\n<p>Hozz l\u00e9tre term\u00e9szetes hangulat\u00fa \u00f6sszej\u00f6v\u0151sarkot egy k\u0151b\u0151l rakott, k\u00f6r alak\u00fa t\u0171zrak\u00f3val \u00e9s egyszer\u0171 fa \u00fcl\u0151k\u00e9kkel. A kavics talaj j\u00f3l elvezeti a vizet, r\u00e1ad\u00e1sul passzol a rusztikus \u00f6sszhat\u00e1shoz is. \u00dcltesd k\u00f6rbe v\u00e1ltozatos n\u00f6v\u00e9nyekkel, hogy intimebb legyen az \u00e9lm\u00e9ny. Ez az alacsony karbantart\u00e1s\u00fa megold\u00e1s szinte b\u00e1rmilyen kerti st\u00edlushoz j\u00f3l illik.<\/p>\n<h2>Minimalista t\u0171zrak\u00f3s \u00fcl\u0151elrendez\u00e9s<\/h2>\n<p><img loading=\"lazy\" decoding=\"async\" width=\"700\" height=\"1049\" alt=\"B\u00e9k\u00e9s k\u00fclt\u00e9ri r\u00e9sz fa karf\u00e1s sz\u00e9kekkel, fekete t\u0171zrak\u00f3asztallal \u00e9s feh\u00e9r falakkal, melyeket z\u00f6ld n\u00f6v\u00e9nyek \u00f6lelnek k\u00f6r\u00fcl.\" class=\"aligncenter size-full wp-image-6982\" src=\"https:\/\/doubletakedecor.com\/uploads\/2025\/09\/outdoor-fire-pit-area-dtd-21.jpg\" srcset=\"https:\/\/doubletakedecor.com\/uploads\/2025\/09\/outdoor-fire-pit-area-dtd-21.jpg 700w, https:\/\/doubletakedecor.com\/uploads\/2025\/09\/outdoor-fire-pit-area-dtd-21-200x300.jpg 200w, https:\/\/doubletakedecor.com\/uploads\/2025\/09\/outdoor-fire-pit-area-dtd-21-683x1024.jpg 683w, https:\/\/doubletakedecor.com\/uploads\/2025\/09\/outdoor-fire-pit-area-dtd-21-96x144.jpg 96w, https:\/\/doubletakedecor.com\/uploads\/2025\/09\/outdoor-fire-pit-area-dtd-21-280x420.jpg 280w, https:\/\/doubletakedecor.com\/uploads\/2025\/09\/outdoor-fire-pit-area-dtd-21-320x480.jpg 320w, https:\/\/doubletakedecor.com\/uploads\/2025\/09\/outdoor-fire-pit-area-dtd-21-360x539.jpg 360w, https:\/\/doubletakedecor.com\/uploads\/2025\/09\/outdoor-fire-pit-area-dtd-21-363x544.jpg 363w, https:\/\/doubletakedecor.com\/uploads\/2025\/09\/outdoor-fire-pit-area-dtd-21-370x554.jpg 370w, https:\/\/doubletakedecor.com\/uploads\/2025\/09\/outdoor-fire-pit-area-dtd-21-400x599.jpg 400w, https:\/\/doubletakedecor.com\/uploads\/2025\/09\/outdoor-fire-pit-area-dtd-21-560x839.jpg 560w, https:\/\/doubletakedecor.com\/uploads\/2025\/09\/outdoor-fire-pit-area-dtd-21-480x719.jpg 480w\" sizes=\"auto, (max-width: 700px) 100vw, 700px\" \/><\/p>\n<p>Rendezd a fa karf\u00e1s sz\u00e9keket vil\u00e1gos p\u00e1rn\u00e1kkal egy fekete t\u0171zrak\u00f3asztal k\u00f6r\u00e9, hogy letisztult, modern hangulata legyen a helynek. Feh\u00e9r falakkal vil\u00e1gosabb, t\u00e1gasabb lesz az \u00f6sszhat\u00e1s. D\u00fas n\u00f6v\u00e9nyekkel keretezd, \u00edgy elz\u00e1rtabb\u00e1 v\u00e1lik a kert akkor is, ha nem telepakolod n\u00f6v\u00e9nyekkel. Hagyj annyi helyet a sz\u00e9kek k\u00f6z\u00f6tt, hogy k\u00e9nyelmes legyen a mozg\u00e1s, de k\u00f6zel maradjatok egym\u00e1shoz a j\u00f3 besz\u00e9lget\u00e9sekhez.<\/p>\n<h2>Modern k\u0151 t\u0171zrak\u00f3 \u00fcl\u0151hellyel<\/h2>\n<p><img loading=\"lazy\" decoding=\"async\" width=\"700\" height=\"1049\" alt=\"Modern szabadt\u00e9ri \u00e9lett\u00e9r k\u0151 t\u0171zrak\u00f3val, vil\u00e1gos fa \u00fcl\u0151hellyel, k\u00e9k \u00e9s feh\u00e9r p\u00e1rn\u00e1kkal, rendezett z\u00f6ld n\u00f6v\u00e9nyekkel.\" class=\"aligncenter size-full wp-image-6988\" src=\"https:\/\/doubletakedecor.com\/uploads\/2025\/09\/outdoor-fire-pit-area-dtd-22.jpg\" srcset=\"https:\/\/doubletakedecor.com\/uploads\/2025\/09\/outdoor-fire-pit-area-dtd-22.jpg 700w, https:\/\/doubletakedecor.com\/uploads\/2025\/09\/outdoor-fire-pit-area-dtd-22-200x300.jpg 200w, https:\/\/doubletakedecor.com\/uploads\/2025\/09\/outdoor-fire-pit-area-dtd-22-683x1024.jpg 683w, https:\/\/doubletakedecor.com\/uploads\/2025\/09\/outdoor-fire-pit-area-dtd-22-96x144.jpg 96w, https:\/\/doubletakedecor.com\/uploads\/2025\/09\/outdoor-fire-pit-area-dtd-22-280x420.jpg 280w, https:\/\/doubletakedecor.com\/uploads\/2025\/09\/outdoor-fire-pit-area-dtd-22-320x480.jpg 320w, https:\/\/doubletakedecor.com\/uploads\/2025\/09\/outdoor-fire-pit-area-dtd-22-360x539.jpg 360w, https:\/\/doubletakedecor.com\/uploads\/2025\/09\/outdoor-fire-pit-area-dtd-22-363x544.jpg 363w, https:\/\/doubletakedecor.com\/uploads\/2025\/09\/outdoor-fire-pit-area-dtd-22-370x554.jpg 370w, https:\/\/doubletakedecor.com\/uploads\/2025\/09\/outdoor-fire-pit-area-dtd-22-400x599.jpg 400w, https:\/\/doubletakedecor.com\/uploads\/2025\/09\/outdoor-fire-pit-area-dtd-22-560x839.jpg 560w, https:\/\/doubletakedecor.com\/uploads\/2025\/09\/outdoor-fire-pit-area-dtd-22-480x719.jpg 480w\" sizes=\"auto, (max-width: 700px) 100vw, 700px\" \/><\/p>\n<p>Teremts harmonikus k\u00fclt\u00e9ri nappalit, ahol a term\u00e9szetes \u00e9s modern elemek tal\u00e1lkoznak. K\u00f6rbe tedd a k\u00e9nyelmes fa \u00fcl\u0151helyeket puha p\u00e1rn\u00e1kkal egy mutat\u00f3s k\u0151 t\u0171zrak\u00f3 k\u00f6r\u00fcl. \u00c9l\u0151 n\u00f6v\u00e9nyekkel, cserepes vir\u00e1gokkal \u00e9s \u00e1rnyat ad\u00f3 f\u00e1val tedd teljess\u00e9 a k\u00e9pet. Padl\u00f3nak v\u00e1lassz nagy, sz\u00fcrke kerti lapokat, est\u00e9re pedig falra szerelhet\u0151 l\u00e1mp\u00e1kkal teremts meghitt hangulatot. \u00cdgy eg\u00e9sz \u00e9vben \u00e9lvezhetitek a szabadt\u00e9ri besz\u00e9lget\u00e9seket.<\/p>\n<h2>Modern, nyolcsz\u00f6glet\u0171 t\u0171zrak\u00f3-lounge<\/h2>\n<p><img loading=\"lazy\" decoding=\"async\" width=\"700\" height=\"1050\" alt=\"Eleg\u00e1ns k\u00fclt\u00e9ri r\u00e9sz modern, nyolcsz\u00f6glet\u0171 t\u0171zrak\u00f3val, k\u00f6r\u00fcl\u00f6tte feh\u00e9r kaviccsal, k\u00e9nyelmes sz\u00fcrke kanap\u00e9val \u00e9s hangulatos f\u00e9nyf\u00fcz\u00e9rrel.\" class=\"aligncenter size-full wp-image-6994\" src=\"https:\/\/doubletakedecor.com\/uploads\/2025\/09\/outdoor-fire-pit-area-dtd-23.jpg\" srcset=\"https:\/\/doubletakedecor.com\/uploads\/2025\/09\/outdoor-fire-pit-area-dtd-23.jpg 700w, https:\/\/doubletakedecor.com\/uploads\/2025\/09\/outdoor-fire-pit-area-dtd-23-200x300.jpg 200w, https:\/\/doubletakedecor.com\/uploads\/2025\/09\/outdoor-fire-pit-area-dtd-23-683x1024.jpg 683w, https:\/\/doubletakedecor.com\/uploads\/2025\/09\/outdoor-fire-pit-area-dtd-23-96x144.jpg 96w, https:\/\/doubletakedecor.com\/uploads\/2025\/09\/outdoor-fire-pit-area-dtd-23-280x420.jpg 280w, https:\/\/doubletakedecor.com\/uploads\/2025\/09\/outdoor-fire-pit-area-dtd-23-320x480.jpg 320w, https:\/\/doubletakedecor.com\/uploads\/2025\/09\/outdoor-fire-pit-area-dtd-23-360x540.jpg 360w, https:\/\/doubletakedecor.com\/uploads\/2025\/09\/outdoor-fire-pit-area-dtd-23-363x545.jpg 363w, https:\/\/doubletakedecor.com\/uploads\/2025\/09\/outdoor-fire-pit-area-dtd-23-370x555.jpg 370w, https:\/\/doubletakedecor.com\/uploads\/2025\/09\/outdoor-fire-pit-area-dtd-23-400x600.jpg 400w, https:\/\/doubletakedecor.com\/uploads\/2025\/09\/outdoor-fire-pit-area-dtd-23-560x840.jpg 560w, https:\/\/doubletakedecor.com\/uploads\/2025\/09\/outdoor-fire-pit-area-dtd-23-480x720.jpg 480w\" sizes=\"auto, (max-width: 700px) 100vw, 700px\" \/><\/p>\n<p>Szerezz be nyolcsz\u00f6glet\u0171 t\u0171zrak\u00f3t \u00e9s kombin\u00e1ld fekete kaviccsal meg feh\u00e9r murv\u00e1val, hogy igaz\u00e1n modern legyen a t\u00e9r. K\u00e9nyelmes kanap\u00e9val tedd bar\u00e1ts\u00e1goss\u00e1 a sarkot, p\u00e1r kos\u00e1rnyi z\u00f6ld n\u00f6v\u00e9nnyel a hangulat miatt. Fesz\u00edts ki f\u00e9nyf\u00fcz\u00e9rt a t\u0171zrak\u00f3 f\u00f6l\u00e9, \u00edgy este is k\u00fcl\u00f6nleges lesz. Ha tudsz, \u00e9p\u00edts oszlopokat vagy falr\u00e9szt a t\u00e9r keretez\u00e9s\u00e9hez, hogy igaz\u00e1n st\u00edlusos legyen.<\/p>\n<h2>L alak\u00fa \u00fcl\u0151garnit\u00fara t\u0171zrak\u00f3hoz<\/h2>\n<p><img loading=\"lazy\" decoding=\"async\" width=\"700\" height=\"1049\" alt=\"L alak\u00fa \u00fcl\u0151garnit\u00fara \u00e9l\u00e9nk d\u00edszp\u00e1rn\u00e1kkal, modern t\u0171zrak\u00f3 k\u00f6r\u00fcl egy kertben l\u00e9p\u0151k\u00f6vekkel \u00e9s d\u00edszn\u00f6v\u00e9nyekkel.\" class=\"aligncenter size-full wp-image-7000\" src=\"https:\/\/doubletakedecor.com\/uploads\/2025\/09\/outdoor-fire-pit-area-dtd-24.jpg\" srcset=\"https:\/\/doubletakedecor.com\/uploads\/2025\/09\/outdoor-fire-pit-area-dtd-24.jpg 700w, https:\/\/doubletakedecor.com\/uploads\/2025\/09\/outdoor-fire-pit-area-dtd-24-200x300.jpg 200w, https:\/\/doubletakedecor.com\/uploads\/2025\/09\/outdoor-fire-pit-area-dtd-24-683x1024.jpg 683w, https:\/\/doubletakedecor.com\/uploads\/2025\/09\/outdoor-fire-pit-area-dtd-24-96x144.jpg 96w, https:\/\/doubletakedecor.com\/uploads\/2025\/09\/outdoor-fire-pit-area-dtd-24-280x420.jpg 280w, https:\/\/doubletakedecor.com\/uploads\/2025\/09\/outdoor-fire-pit-area-dtd-24-320x480.jpg 320w, https:\/\/doubletakedecor.com\/uploads\/2025\/09\/outdoor-fire-pit-area-dtd-24-360x539.jpg 360w, https:\/\/doubletakedecor.com\/uploads\/2025\/09\/outdoor-fire-pit-area-dtd-24-363x544.jpg 363w, https:\/\/doubletakedecor.com\/uploads\/2025\/09\/outdoor-fire-pit-area-dtd-24-370x554.jpg 370w, https:\/\/doubletakedecor.com\/uploads\/2025\/09\/outdoor-fire-pit-area-dtd-24-400x599.jpg 400w, https:\/\/doubletakedecor.com\/uploads\/2025\/09\/outdoor-fire-pit-area-dtd-24-560x839.jpg 560w, https:\/\/doubletakedecor.com\/uploads\/2025\/09\/outdoor-fire-pit-area-dtd-24-480x719.jpg 480w\" sizes=\"auto, (max-width: 700px) 100vw, 700px\" \/><\/p>\n<p>Teremts h\u00edvogat\u00f3 kerti tal\u00e1lkoz\u00f3helyet egy nagy L alak\u00fa kanap\u00e9val, amely k\u00f6rbe\u00f6leli a t\u0171zrak\u00f3t. Bor\u00edtsd el sz\u00ednes d\u00edszp\u00e1rn\u00e1kkal a kanap\u00e9t, ett\u0151l vid\u00e1mabb \u00e9s k\u00e9nyelmesebb lesz a hely. A r\u00e9sz mell\u00e9 rendezz s\u00f6v\u00e9nyt \u00e9s d\u00edsz\u00edtett kaviccsal bor\u00edtsd a talajt, \u00edgy kev\u00e9s gond van vele. Rakj ki j\u00e1r\u00f3lapokat, hogy k\u00f6nnyen odatal\u00e1lj, \u00e9s okosan elhelyezett n\u00f6v\u00e9nyekkel tegy\u00e9l r\u00e1 m\u00e9g egy lap\u00e1ttal a hangulatra.<\/p>\n<h2>GYIK<\/h2>\n<details class=\"g-accordion \"><summary><h3>Mi az a k\u00fclt\u00e9ri t\u0171zrak\u00f3 ter\u00fclet?<\/h3><\/summary>\n<p>Egy k\u00fclt\u00e9ri t\u0171zrak\u00f3 ter\u00fclet a kerted vagy az udvarod egyik r\u00e9sz\u00e9t alak\u00edtja \u00e1t hangulatos k\u00f6zpontt\u00e1, ahol a t\u0171zrak\u00f3 \u00e1ll a figyelem k\u00f6z\u00e9ppontj\u00e1ban. Ez a h\u00edvogat\u00f3 helysz\u00edn <strong>csal\u00e1di vagy bar\u00e1ti \u00f6sszej\u00f6vetelek, kikapcsol\u00f3d\u00e1s, \u00e9s sz\u00f3rakoz\u00e1s<\/strong> t\u00f6k\u00e9letes helye lehet. K\u00e9nyelmes \u00fcl\u00e9sek, p\u00e9ld\u00e1ul sz\u00e9kek vagy padok teszik lehet\u0151v\u00e9, hogy j\u00f3l \u00e9rezd magad szeretteiddel.<\/p>\n<p>Sz\u00e9p n\u00f6v\u00e9nyekkel vagy d\u00edsz\u00edt\u0151elemekkel m\u00e9g kellemesebb\u00e9 teheted ezt a helyet, \u00edgy k\u00f6nnyen a bar\u00e1ti bulik vagy k\u00f6z\u00f6s programok kedvence lesz. Ugyanakkor az olyan praktikus megold\u00e1sok, mint a z\u00fazott k\u0151 vagy viacolor burkolat, feldobj\u00e1k a l\u00e1tv\u00e1nyt \u00e9s hasznosak is. Egy k\u00fclt\u00e9ri t\u0171zrak\u00f3 ter\u00fclet egyszerre mutat\u00f3s \u00e9s hasznos kieg\u00e9sz\u00edt\u0151je lehet b\u00e1rmilyen udvarnak.<\/p>\n<\/details><details class=\"g-accordion \"><summary><h3>Milyen anyagok a legjobbak t\u0171zrak\u00f3 \u00e9p\u00edt\u00e9s\u00e9hez?<\/h3><\/summary>\n<p>A t\u0171zrak\u00f3 anyag\u00e1nak kiv\u00e1laszt\u00e1sakor nemcsak a kin\u00e9zet sz\u00e1m\u00edt, hanem az is, mennyire tart\u00f3s. A legn\u00e9pszer\u0171bb anyagok:<\/p>\n<ul>\n<li><strong>k\u0151<\/strong>,<\/li>\n<li><strong>t\u00e9gla<\/strong>,<\/li>\n<li><strong>beton<\/strong>,<\/li>\n<li><strong>f\u00e9m<\/strong>.<\/li>\n<\/ul>\n<p>P\u00e9ld\u00e1ul a gr\u00e1nitk\u00f6vek <strong>term\u00e9szetes sz\u00e9ps\u00e9get<\/strong> \u00e9s <strong>magas h\u0151\u00e1ll\u00f3s\u00e1got<\/strong> adnak, \u00edgy j\u00f3l b\u00edrj\u00e1k a meleget, \u00e9s rusztikus hangulatot teremtenek. A t\u00e9gla <strong>\u00f6r\u00f6k klasszikus<\/strong>, \u00edgy hossz\u00fa t\u00e1von is j\u00f3 v\u00e1laszt\u00e1s.<\/p>\n<p>A beton nagyon sokoldal\u00fa, hiszen b\u00e1rmilyen form\u00e1ra \u00f6nthet\u0151, ez\u00e9rt modern \u00f6tletekhez is illik. Ha hordozhat\u00f3 t\u0171zrak\u00f3t szeretn\u00e9l, a <strong>ac\u00e9l<\/strong> vagy <strong>\u00f6nt\u00f6ttvas<\/strong> n\u00e9pszer\u0171ek, mert <strong>er\u0151sek<\/strong> \u00e9s <strong>j\u00f3l mutatnak<\/strong>. Ak\u00e1rhogy d\u00f6ntesz, fontos, hogy az anyag <strong>h\u0151\u00e1ll\u00f3<\/strong> legyen \u00e9s b\u00edrja a k\u00fclt\u00e9ri k\u00f6r\u00fclm\u00e9nyeket, hogy a t\u0171zrak\u00f3d val\u00f3ban biztons\u00e1gos \u00e9s <strong>tart\u00f3s<\/strong> maradjon.<\/p>\n<\/details><details class=\"g-accordion \"><summary><h3>Milyen kreat\u00edv t\u0171zrak\u00f3 diz\u00e1jnok l\u00e9teznek?<\/h3><\/summary>\n<p>K\u00fcl\u00f6nleges t\u0171zrak\u00f3 kialak\u00edt\u00e1sokkal teljesen \u00e1talak\u00edthatod a kerted. Lehetnek <strong>k\u00f6r alak\u00faak<\/strong>, <strong>sz\u00f6gletesek<\/strong> vagy ak\u00e1r <strong>egyedi form\u00e1j\u00faak<\/strong> is, amelyek j\u00f3l illeszkednek a k\u00f6rnyezet\u00fckh\u00f6z. A be\u00e9p\u00edtett \u00fcl\u0151helyek k\u00e9nyelmet \u00e9s praktikuss\u00e1got adnak, a d\u00edszk\u00f6vek \u00e9s k\u00f6zeli n\u00f6v\u00e9nyek pedig sz\u00e9p\u00edtik a l\u00e1tv\u00e1nyt.<\/p>\n<p>Egy <strong>v\u00edzes\u00e9s<\/strong> vagy <strong>hangulatvil\u00e1g\u00edt\u00e1s<\/strong> is igazi l\u00e1tv\u00e1nyoss\u00e1gg\u00e1 teheti a t\u0171zrak\u00f3 teret, f\u0151leg este. Ha p\u00e9ld\u00e1ul k\u00f6vet vagy f\u00e9met haszn\u00e1lsz, teljesen k\u00fcl\u00f6nb\u00f6z\u0151\u2014ak\u00e1r rusztikus, ak\u00e1r modern\u2014st\u00edlusokat val\u00f3s\u00edthatsz meg. Ezek a kreat\u00edv \u00f6tletek feldobj\u00e1k a k\u00f6z\u00f6s kerti programokat, \u00e9s <strong>igaz\u00e1n hangulatos helyet teremtenek, ahol j\u00f3 egy\u00fctt lenni a csal\u00e1ddal \u00e9s bar\u00e1tokkal<\/strong>.<\/p>\n<\/details><details class=\"g-accordion \"><summary><h3>Milyen DIY t\u0171zrak\u00f3 \u00f6tletek vannak?<\/h3><\/summary>\n<p>Szeretn\u00e9d feldobni a kerted? <strong>DIY t\u0171zrak\u00f3 \u00f6tletekkel<\/strong> ezt k\u00f6nnyen \u00e9s olcs\u00f3n megteheted. Egyszer\u0171 kezdet, ha p\u00e9ld\u00e1ul cementblokkokb\u00f3l \u00e9p\u00edtesz alapt\u0171zrak\u00f3t. Ha a term\u00e9szetes megjelen\u00e9st szereted, a szabadon rakott k\u00f6vek tart\u00f3sak \u00e9s sz\u00e9pek, s\u0151t, igazi erdei hangulatot adnak a kertednek. Kreat\u00edv megold\u00e1s, ha egy r\u00e9gi, f\u00e9m t\u00e1lat vagy ed\u00e9nyt alak\u00edtasz \u00e1t t\u0171zrak\u00f3nak, \u00edgy egyedi, k\u00fcl\u00f6nleges kerti d\u00edszed lesz.<\/p>\n<p>Szeretn\u00e9l igaz\u00e1n l\u00e1tv\u00e1nyosat? Pr\u00f3b\u00e1ld ki az <strong>bes\u00fcllyesztett t\u0171zrak\u00f3t<\/strong>\u2014ez beleolvad a k\u00f6rnyezetbe, m\u00e9gis k\u00e9nyelmes, k\u00f6z\u00f6s helyet teremt. Ha k\u00f6rbe pakolsz t\u00e9gl\u00e1b\u00f3l k\u00e9sz\u00fclt \u00fcl\u00e9seket, t\u00f6k\u00e9letes lesz a hangulat a csal\u00e1di vagy bar\u00e1ti besz\u00e9lget\u00e9sekhez.<\/p>\n<ul>\n<li>Ha a k\u00e9nyelmet szereted, k\u00e9sz szetteket is vehetsz, amelyekhez mindent megadnak az egyszer\u0171 \u00f6ssze\u00e9p\u00edt\u00e9shez,<\/li>\n<li>beton j\u00e1r\u00f3lap vagy s\u00f3der stabil alapot ad, \u00edgy az id\u0151j\u00e1r\u00e1st is j\u00f3l b\u00edrja,<\/li>\n<li>legyen ak\u00e1r k\u0151, ak\u00e1r t\u00e9gla az alap, egy massz\u00edv aljzat vagy ragaszt\u00f3 n\u00f6veli a tart\u00f3ss\u00e1got,<\/li>\n<li>ezek a DIY projektek nemcsak szebb\u00e9 teszik a kerted \u2013 hanem olyan k\u00e9nyelmes helyet is teremtenek, ahol lehet p\u00e9ld\u00e1ul pillecukrot s\u00fctni, vagy laz\u00edtani est\u00e9nk\u00e9nt a f\u00e9nyf\u00fcz\u00e9rek alatt,<\/li>\n<li>egy kis tervez\u00e9ssel \u00e9s \u00f6tlettel igazi k\u00f6zponti r\u00e9sze lehet a t\u0171zrak\u00f3 a kertednek, amit mindenki sz\u00edvesen haszn\u00e1l majd.<\/li>\n<\/ul>\n<\/details><details class=\"g-accordion \"><summary><h3>Hogyan alak\u00edts ki k\u00e9nyelmes t\u0171zrak\u00f3 \u00fcl\u0151helyet?<\/h3><\/summary>\n<p>Egy k\u00e9nyelmes t\u0171zrak\u00f3 k\u00f6r\u00fcli \u00fcl\u0151hely kialak\u00edt\u00e1sa n\u00e9mi odafigyel\u00e9st ig\u00e9nyel, hogy egyszerre legyen k\u00e9nyelmes \u00e9s praktikus. El\u0151sz\u00f6r is v\u00e1lassz biztons\u00e1gos helyet, <strong>tartsd t\u00e1vol a t\u0171zrak\u00f3t \u00e9ghet\u0151 anyagokt\u00f3l<\/strong>, de legyen k\u00f6nnyen megk\u00f6zel\u00edthet\u0151. A sz\u00e9keket vagy padokat rendezheted k\u00f6r vagy f\u00e9lk\u00f6r alakban, \u00edgy k\u00f6nnyebb lesz a besz\u00e9lget\u00e9s is.<\/p>\n<ul>\n<li>Stabil anyagot v\u00e1lassz, p\u00e9ld\u00e1ul f\u00e1t vagy f\u00e9met padokhoz, sz\u00e9kekhez vagy hint\u00e1khoz,<\/li>\n<li>p\u00e1rn\u00e1kkal, takar\u00f3kkal m\u00e9g k\u00e9nyelmesebb\u00e9 teheted,<\/li>\n<li>tehetsz ki kis asztalokat is, hogy legyen hely az italoknak vagy r\u00e1gcs\u00e1lnival\u00f3knak.<\/li>\n<\/ul>\n<ul>\n<li>T\u00e9rk\u0151 vagy kavics burkolattal kijel\u00f6lheted a helyet, \u00e9s \u00edgy a rendrak\u00e1s is k\u00f6nnyebb lesz,<\/li>\n<li>ha este is j\u00f3l j\u00f6nne egy kis hangulatf\u00e9ny, haszn\u00e1lj \u00e9g\u0151sort vagy l\u00e1mp\u00e1sokat,<\/li>\n<li><strong>legfontosabb a biztons\u00e1g: mindig legyen el\u00e9g t\u00e1vols\u00e1g a t\u0171zrak\u00f3 \u00e9s az \u00fcl\u0151helyek k\u00f6z\u00f6tt<\/strong>, hogy mindenki nyugodtan pihenhessen \u00e9s \u00e9lvezhesse a k\u00f6z\u00f6s pillanatokat odakint.<\/li>\n<\/ul>\n<\/details> <details class=\"g-accordion \"><summary><h3>Melyek a legjobb \u00fcl\u0151hely-megold\u00e1sok t\u0171zrak\u00f3helyhez?<\/h3><\/summary>\n<p>Ha t\u0171zrak\u00f3helyet tervezel, gondolj arra, hogy t\u00f6bbfajta \u00fcl\u0151alkalmatoss\u00e1got is elhelyezz, \u00edgy k\u00e9nyelmesebb \u00e9s rugalmasabb lesz a t\u00e9r. Ezeket pr\u00f3b\u00e1ld ki:<\/p>\n<ul>\n<li>a k\u00fclt\u00e9ri sz\u00e9kek \u00e9s padok sokoldal\u00faak,<\/li>\n<li>a be\u00e9p\u00edtett \u00fcl\u0151helyek, p\u00e9ld\u00e1ul a k\u0151falak j\u00f3l illeszkednek a kerthez,<\/li>\n<li>ha j\u00e1t\u00e9kosabb hangulatra v\u00e1gysz, tegy\u00e9l ki hint\u00e1kat is,<\/li>\n<li>a p\u00e1rn\u00e1zott sz\u00e9keken pedig m\u00e9g pihentet\u0151bb a laz\u00edt\u00e1s.<\/li>\n<\/ul>\n<p>V\u00e1lassz <strong>id\u0151j\u00e1r\u00e1s\u00e1ll\u00f3 anyagokat<\/strong>, p\u00e9ld\u00e1ul teakf\u00e1t vagy alum\u00edniumot, \u00edgy a b\u00fatorok kib\u00edrj\u00e1k az es\u0151t, naps\u00fct\u00e9st is. Ezek az \u00fcl\u0151helyek nemcsak k\u00e9nyelmesek, hanem mindenf\u00e9le t\u0171zrak\u00f3helyhez j\u00f3l mutatnak, \u00edgy t\u00f6k\u00e9letesek a hangulatos, bar\u00e1ti \u00f6sszej\u00f6vetelekhez a kertben.<\/p>\n<\/details><details class=\"g-accordion \"><summary><h3>Hogyan teheti jobb\u00e1 a kerttervez\u00e9s a t\u0171zrak\u00f3hely k\u00f6rny\u00e9k\u00e9t?<\/h3><\/summary>\n<p>Egy j\u00f3l \u00e1tgondolt kerttervez\u00e9s teljesen megv\u00e1ltoztathatja a t\u0171zrak\u00f3hely hangulat\u00e1t. A n\u00f6v\u00e9nyek \u00e9s vir\u00e1gok \u00faj sz\u00edneket, \u00e9letet visznek a t\u00e9rbe, a d\u00edszk\u00f6vek \u00e9s kavicsos \u00f6sv\u00e9nyek pedig izgalmasabb\u00e1, l\u00e1tv\u00e1nyosabb\u00e1 teszik a k\u00f6rny\u00e9ket. Az \u00f6sv\u00e9nyek seg\u00edtenek k\u00f6nnyen megk\u00f6zel\u00edteni a t\u0171zrak\u00f3t, \u00e9s a kert r\u00e9sz\u00e9v\u00e9 is teszik ezt a sarkot.<\/p>\n<ul>\n<li>a n\u00f6v\u00e9nyek \u00e9s vir\u00e1gok \u00e9letet, sz\u00ednt visznek a t\u00e9rbe,<\/li>\n<li>a d\u00edszk\u00f6vek \u00e9s kavicsos utak l\u00e1tv\u00e1nyt \u00e9s k\u00fcl\u00f6nleges text\u00far\u00e1t adnak,<\/li>\n<li>az \u00f6sv\u00e9nyek egyszerre k\u00f6nny\u00edtik meg a k\u00f6zleked\u00e9st \u00e9s k\u00f6tnek \u00f6ssze a kerttel.<\/li>\n<\/ul>\n<p>Este a f\u00e9nyek \u2013 p\u00e9ld\u00e1ul f\u00e9nyf\u00fcz\u00e9rek vagy l\u00e1mp\u00e1sok \u2013 fokozz\u00e1k a hangulatot \u00e9s biztons\u00e1got is adnak. Egy kis csobog\u00f3 vagy v\u00edzj\u00e1t\u00e9k pedig ak\u00e1r nyugtat\u00f3 hat\u00e1ssal is lehet. \u00c9rdemes bokrokkal vagy r\u00e1csokkal v\u00e9dettebb\u00e9 is tenni a helyet, ett\u0151l k\u00fcl\u00f6n kis pihen\u0151sarokk\u00e1 v\u00e1lik.<\/p>\n<ul>\n<li>a f\u00e9nyf\u00fcz\u00e9rek vagy l\u00e1mp\u00e1sok este hangulatosabb\u00e1 \u00e9s biztons\u00e1gosabb\u00e1 teszik a t\u0171zrak\u00f3t,<\/li>\n<li>egy kis v\u00edzj\u00e1t\u00e9k, p\u00e9ld\u00e1ul egy sz\u00f6k\u0151k\u00fat, kellemes hangulatot hoz,<\/li>\n<li>a bokrok vagy r\u00e1csok nagyobb priv\u00e1t szf\u00e9r\u00e1t adnak, \u00edgy a t\u0171zrak\u00f3hely egyedi, k\u00fcl\u00f6n\u00e1ll\u00f3 r\u00e9sze lesz a kertnek.<\/li>\n<\/ul>\n<p>Ha rendezetten szeretn\u00e9d tartani a k\u00f6rny\u00e9ket, ter\u00edts geotextilt a kavics vagy a mulcs al\u00e1, \u00edgy nem fognak kin\u0151ni a gazok. <strong>V\u00e1lassz k\u00f6rny\u00e9kbeli, honos n\u00f6v\u00e9nyeket, mert ezek magukt\u00f3l is j\u00f3l \u00e9rzik magukat, \u00e9s kev\u00e9s gondoz\u00e1st ig\u00e9nyelnek.<\/strong> Az ilyen d\u00edsz\u00edt\u0151 \u00f6tletekkel nemcsak szebb lesz a t\u0171zrak\u00f3hely, hanem igaz\u00e1n h\u00edvogat\u00f3 csal\u00e1di, bar\u00e1ti helysz\u00ednt is kapsz a kertben.<\/p>\n<\/details><details class=\"g-accordion \"><summary><h3>Hogyan lehet a vil\u00e1g\u00edt\u00e1ssal hangulatosabb\u00e1 tenni a t\u0171zrak\u00f3helyet?<\/h3><\/summary>\n<p>Ha j\u00f3l v\u00e1lasztasz vil\u00e1g\u00edt\u00e1st a t\u0171zrak\u00f3helyhez, este is var\u00e1zslatos \u00e9s bar\u00e1ts\u00e1gos lesz a kert. A <strong>f\u00e9nyf\u00fcz\u00e9rek<\/strong> sokak kedvencei: l\u00e1gy f\u00e9nyt adnak, ha a f\u00e1kra vagy ker\u00edt\u00e9sekre akasztod \u0151ket. <strong>L\u00e1mp\u00e1sok<\/strong> is j\u00f3k, mert oda teszed \u0151ket, ahov\u00e1 csak akarod, \u00edgy mindig pont ott lesz el\u00e9g f\u00e9ny. J\u00f3 \u00f6tlet a <strong>be\u00e9p\u00edtett kerti vil\u00e1g\u00edt\u00e1s<\/strong> is, mert kiemeli az \u00f6sv\u00e9nyeket, az \u00fcl\u0151r\u00e9szeket, biztons\u00e1gosabb\u00e1 teszi a terepet, mik\u00f6zben nem nyomja el a t\u0171z f\u00e9ny\u00e9t sem.<\/p>\n<p>Az igaz\u00e1n bar\u00e1ts\u00e1gos k\u00f6rnyezethez puha, meleg f\u00e9ny kell. A <strong>\u00e1ll\u00edthat\u00f3 er\u0151ss\u00e9g\u0171 LED-l\u00e1mp\u00e1k<\/strong> seg\u00edtik, hogy mindig \u00e9pp annyi f\u00e9nyt adj, amennyi kell, m\u00edg a <strong>napelemes vil\u00e1g\u00edt\u00e1s<\/strong> energiatakar\u00e9kos \u00e9s k\u00f6rnyezetbar\u00e1t v\u00e1laszt\u00e1s. Ezekkel az \u00f6tletekkel este is j\u00f3l l\u00e1tsz, \u00e9s a t\u0171zrak\u00f3hely ide\u00e1lis lesz csal\u00e1di vagy bar\u00e1ti \u00f6sszej\u00f6vetelekhez.<\/p>\n<\/details><details class=\"g-accordion \"><summary><h3>Hogyan lehet igaz\u00e1n otthonos a k\u00fclt\u00e9ri \u00f6sszej\u00f6veteli hely?<\/h3><\/summary>\n<p>Ha egy igazi, bar\u00e1ts\u00e1gos k\u00fclt\u00e9ri pihen\u0151sarkot szeretn\u00e9l, a <strong>k\u00e9nyelem<\/strong> \u00e9s a <strong>hangulat<\/strong> legyen az els\u0151! V\u00e1lassz k\u00e9nyelmes \u00fcl\u0151alkalmatoss\u00e1gokat, \u00e9s dobj r\u00e1juk p\u00e1rn\u00e1kat vagy pl\u00e9deket, hogy minden este, m\u00e9g h\u0171v\u00f6sebb id\u0151ben is k\u00e9nyelmes legyen.<\/p>\n<p>A meghitt f\u00e9ny nagyon sokat sz\u00e1m\u00edt. Egy f\u00e9nyf\u00fcz\u00e9r vagy n\u00e9h\u00e1ny l\u00e1mp\u00e1s meleg, h\u00edvogat\u00f3 hangulatot teremt az esti \u00f6sszej\u00f6vetelekhez. K\u00e1v\u00e9z\u00f3asztal is j\u00f3l j\u00f6n \u2013 ide ker\u00fclhetnek a r\u00e1gcs\u00e1lnival\u00f3k, italok is, \u00edgy m\u00e9g \u00e9lvezetesebb lesz a k\u00f6z\u00f6s id\u0151t\u00f6lt\u00e9s.<\/p>\n<ul>\n<li>helyezz ki k\u00fclt\u00e9ri sz\u0151nyeget vagy d\u00edszp\u00e1rn\u00e1kat, \u00edgy igaz\u00e1n otthonos lesz a hely csal\u00e1dnak, bar\u00e1toknak,<\/li>\n<li>\u00fcltess n\u00e9h\u00e1ny n\u00f6v\u00e9nyt vagy vir\u00e1got a k\u00f6zelbe, hogy m\u00e9g sz\u00ednesebb \u00e9s \u00e9lettelibb legyen a k\u00f6rnyezet,<\/li>\n<li>ha szeretn\u00e9d v\u00e9dettebb\u00e9 tenni, haszn\u00e1lhatsz pergol\u00e1t vagy sz\u00e9lfog\u00f3t is.<\/li>\n<\/ul>\n<p>Ezzel a szeml\u00e9lettel nemcsak kellemesebb lesz minden \u00f6sszej\u00f6vetel, hanem a csal\u00e1di hangulat is igaz\u00e1n j\u00f3 lesz a kertedben.<\/p>\n<\/details><details class=\"g-accordion \"><summary><h3>Hogyan lehetsz biztos abban, hogy a t\u0171zrak\u00f3hely biztons\u00e1gos?<\/h3><\/summary>\n<p>Ahhoz, hogy mindenki biztons\u00e1gban legyen a t\u0171zrak\u00f3 k\u00f6r\u00fcl, n\u00e9h\u00e1ny dologra oda kell figyelni. El\u0151sz\u00f6r is, a t\u0171zrak\u00f3t mindig nem \u00e9ghet\u0151 fel\u00fcletre (p\u00e9ld\u00e1ul k\u0151re vagy betonra) \u00e1ll\u00edtsd, legal\u00e1bb <strong>3\u20136 m\u00e9terre<\/strong> az \u00e9p\u00fcletekt\u0151l vagy a k\u00f6nnyen meggyullad\u00f3 dolgokt\u00f3l, p\u00e9ld\u00e1ul f\u00e1kt\u00f3l.<\/p>\n<ul>\n<li>mindig legyen a k\u00f6zelben porolt\u00f3 vagy egy v\u00f6d\u00f6r v\u00edz v\u00e9szhelyzet eset\u00e9re,<\/li>\n<li>szikraver\u0151 h\u00e1l\u00f3 haszn\u00e1lata is aj\u00e1nlott, hogy ne rep\u00fcljenek ki izz\u00f3 par\u00e1zsdarabok,<\/li>\n<li>a vend\u00e9geket (f\u0151leg, ha gyerekek \u00e9s h\u00e1zi\u00e1llatok is vannak) \u00e9rdemes el\u0151re t\u00e1j\u00e9koztatni az alapvet\u0151 t\u0171zv\u00e9delmi szab\u00e1lyokr\u00f3l,<\/li>\n<li>a t\u0171zrak\u00f3 karbantart\u00e1sa is fontos,<\/li>\n<li>mindig vedd figyelembe az \u00e9rv\u00e9nyben l\u00e9v\u0151 helyi t\u0171zrak\u00e1si szab\u00e1lyokat is.<\/li>\n<\/ul>\n<p><strong>Minden haszn\u00e1lat ut\u00e1n t\u00e1vol\u00edtsd el a hamut, parazsat \u00e9s a szemetet, \u00edgy elker\u00fclheted a k\u00e9s\u0151bbi v\u00e9letlen gyullad\u00e1st.<\/strong> N\u00e9zd \u00e1t alkalmank\u00e9nt az \u00fcl\u0151helyeket \u00e9s a k\u00f6rny\u00e9ket, ha sz\u00fcks\u00e9ges, jav\u00edtsd meg, hogy mindig biztons\u00e1gos maradjon mindenki sz\u00e1m\u00e1ra.<\/p>\n<p>Ha ezekre odafigyelsz, a t\u0171zrak\u00f3hely igazi, meghitt \u00e9s nyugodt helye lehet a k\u00f6z\u00f6s kerti est\u00e9nek, ahol mindenki j\u00f3l \u00e9rezheti mag\u00e1t.<\/p>\n<\/details>\n","protected":false},"excerpt":{"rendered":"<p>Alak\u00edtsd \u00e1t a kertedet egy var\u00e1zslatos k\u00f6z\u00f6ss\u00e9gi helly\u00e9 egy k\u00fclt\u00e9ri t\u0171zrak\u00f3val! Ez a meghitt kis sarok t\u00f6k\u00e9letes helysz\u00edn lehet felejthetetlen \u00f6sszej\u00f6vetelekhez, ahol a t\u0171z l\u00e1ngjai a t\u00e1rsas\u00e1gi \u00e9let k\u00f6z\u00e9ppontj\u00e1ban t\u00e1ncolnak. A t\u0171zrak\u00f3 egyszerre praktikus \u00e9s l\u00e1tv\u00e1nyos, \u00edgy t\u00f6k\u00e9letes v\u00e1laszt\u00e1s ak\u00e1r egy bar\u00e1ti besz\u00e9lget\u00e9shez, ak\u00e1r egy csal\u00e1di esthez. Figyelj oda a tart\u00f3s, h\u0151\u00e1ll\u00f3 anyagok kiv\u00e1laszt\u00e1s\u00e1ra, mint p\u00e9ld\u00e1ul a gr\u00e1nit, a t\u00e9gla&hellip;<\/p>\n","protected":false},"author":12,"featured_media":7009,"comment_status":"closed","ping_status":"closed","sticky":false,"template":"","format":"standard","meta":{"rank_math_focus_keyword":"szabadt\u00e9ri t\u0171zrak\u00f3 hely","rank_math_title":"Szabadt\u00e9ri t\u0171zrak\u00f3 hely: Tervez\u00e9si \u00f6tletek \u00e9s inspir\u00e1ci\u00f3","rank_math_description":"Fedezd fel a kreat\u00edv k\u00fclt\u00e9ri t\u0171zrak\u00f3 hely \u00f6tleteket, amelyekkel melegs\u00e9ggel \u00e9s st\u00edlussal teheted szebb\u00e9 a kertedet, t\u00f6k\u00e9letes \u00f6sszej\u00f6vetelekhez \u00e9s pihen\u00e9shez.","footnotes":""},"categories":[141],"tags":[],"class_list":["post-7486","post","type-post","status-publish","format-standard","has-post-thumbnail","hentry","category-kulteri-dekoraciok"],"g_custom_schema_json":"<script type=\"application\/ld+json\">\n{\n  \"@context\": \"https:\/\/schema.org\",\n  \"@type\": \"FAQPage\",\n  \"mainEntity\": [\n    {\n      \"@type\": \"Question\",\n      \"name\": \"Mi az a k\u00fclt\u00e9ri t\u0171zrak\u00f3 ter\u00fclet?\",\n      \"acceptedAnswer\": {\n        \"@type\": \"Answer\",\n        \"text\": \"Egy k\u00fclt\u00e9ri t\u0171zrak\u00f3 ter\u00fclet a kert vagy udvar egyik r\u00e9sz\u00e9t alak\u00edtja \u00e1t hangulatos k\u00f6zpontt\u00e1, ahol a t\u0171zrak\u00f3 van a figyelem k\u00f6z\u00e9ppontj\u00e1ban. Ez t\u00f6k\u00e9letes csal\u00e1di vagy bar\u00e1ti \u00f6sszej\u00f6vetelek, kikapcsol\u00f3d\u00e1s helye lehet. K\u00e9nyelmes \u00fcl\u00e9sekkel, n\u00f6v\u00e9nyekkel vagy d\u00edsz\u00edt\u0151elemekkel m\u00e9g kellemesebb\u00e9 teheted.\"\n      }\n    },\n    {\n      \"@type\": \"Question\",\n      \"name\": \"Milyen anyagok a legjobbak t\u0171zrak\u00f3 \u00e9p\u00edt\u00e9s\u00e9hez?\",\n      \"acceptedAnswer\": {\n        \"@type\": \"Answer\",\n        \"text\": \"A legn\u00e9pszer\u0171bb anyagok: k\u0151, t\u00e9gla, beton, f\u00e9m. Fontos, hogy az anyag h\u0151\u00e1ll\u00f3 legyen \u00e9s b\u00edrja a k\u00fclt\u00e9ri k\u00f6r\u00fclm\u00e9nyeket. A gr\u00e1nit, t\u00e9gla, beton \u00e9s ac\u00e9l mind tart\u00f3s \u00e9s j\u00f3l mutat.\"\n      }\n    },\n    {\n      \"@type\": \"Question\",\n      \"name\": \"Milyen kreat\u00edv t\u0171zrak\u00f3 diz\u00e1jnok l\u00e9teznek?\",\n      \"acceptedAnswer\": {\n        \"@type\": \"Answer\",\n        \"text\": \"Lehetnek k\u00f6r alak\u00faak, sz\u00f6gletesek vagy egyedi form\u00e1j\u00faak is, amelyek j\u00f3l illeszkednek a kerthez. Be\u00e9p\u00edtett \u00fcl\u0151helyek, d\u00edszk\u00f6vek \u00e9s k\u00f6zeli n\u00f6v\u00e9nyek feldobj\u00e1k a l\u00e1tv\u00e1nyt. Vizes \u00e9s vil\u00e1g\u00edt\u00e1sos elemek is fokozz\u00e1k az \u00e9lm\u00e9nyt.\"\n      }\n    },\n    {\n      \"@type\": \"Question\",\n      \"name\": \"Milyen DIY t\u0171zrak\u00f3 \u00f6tletek vannak?\",\n      \"acceptedAnswer\": {\n        \"@type\": \"Answer\",\n        \"text\": \"K\u00e9sz\u00edthetsz cementblokkokb\u00f3l alap t\u0171zrak\u00f3t, vagy szabadon rakott k\u00f6vekkel term\u00e9szetes hangulatot adhatsz. R\u00e9gi f\u00e9m t\u00e1lb\u00f3l is egyedi t\u0171zrak\u00f3t alak\u00edthatsz ki. Bes\u00fcllyesztett t\u0171zrak\u00f3, t\u00e9gl\u00e1b\u00f3l k\u00e9sz\u00fclt \u00fcl\u00e9sek is j\u00f3 \u00f6tletek.\"\n      }\n    },\n    {\n      \"@type\": \"Question\",\n      \"name\": \"Hogyan alak\u00edts ki k\u00e9nyelmes t\u0171zrak\u00f3 \u00fcl\u0151helyet?\",\n      \"acceptedAnswer\": {\n        \"@type\": \"Answer\",\n        \"text\": \"V\u00e1lassz biztons\u00e1gos helyet, tartsd t\u00e1vol a t\u0171zrak\u00f3t \u00e9ghet\u0151 anyagokt\u00f3l. A sz\u00e9keket vagy padokat rendezd k\u00f6r vagy f\u00e9lk\u00f6r alakban, stabil anyagot, p\u00e1rn\u00e1kat \u00e9s kis asztalokat is haszn\u00e1lj.\"\n      }\n    },\n    {\n      \"@type\": \"Question\",\n      \"name\": \"Melyek a legjobb \u00fcl\u0151hely-megold\u00e1sok t\u0171zrak\u00f3helyhez?\",\n      \"acceptedAnswer\": {\n        \"@type\": \"Answer\",\n        \"text\": \"K\u00fclt\u00e9ri sz\u00e9kek, padok, be\u00e9p\u00edtett \u00fcl\u0151helyek, hint\u00e1k vagy p\u00e1rn\u00e1zott sz\u00e9kek mind j\u00f3k. V\u00e1lassz id\u0151j\u00e1r\u00e1s\u00e1ll\u00f3 anyagokat, p\u00e9ld\u00e1ul teakf\u00e1t vagy alum\u00edniumot, hogy tart\u00f3sak legyenek.\"\n      }\n    },\n    {\n      \"@type\": \"Question\",\n      \"name\": \"Hogyan teheti jobb\u00e1 a kerttervez\u00e9s a t\u0171zrak\u00f3hely k\u00f6rny\u00e9k\u00e9t?\",\n      \"acceptedAnswer\": {\n        \"@type\": \"Answer\",\n        \"text\": \"N\u00f6v\u00e9nyek, vir\u00e1gok, d\u00edszk\u00f6vek \u00e9s kavicsos \u00f6sv\u00e9nyek izgalmasabb\u00e1 \u00e9s szebb\u00e9 teszik a helyet. F\u00e9nyf\u00fcz\u00e9rek vagy l\u00e1mp\u00e1sok este hangulatosabb\u00e1 \u00e9s biztons\u00e1gosabb\u00e1 teszik.\"\n      }\n    },\n    {\n      \"@type\": \"Question\",\n      \"name\": \"Hogyan lehet a vil\u00e1g\u00edt\u00e1ssal hangulatosabb\u00e1 tenni a t\u0171zrak\u00f3helyet?\",\n      \"acceptedAnswer\": {\n        \"@type\": \"Answer\",\n        \"text\": \"F\u00e9nyf\u00fcz\u00e9rek, l\u00e1mp\u00e1sok, be\u00e9p\u00edtett kerti vil\u00e1g\u00edt\u00e1s vagy napelemes f\u00e9nyek mind hangulatosabb\u00e1 teszik a t\u0171zrak\u00f3helyet. Puha, meleg f\u00e9ny aj\u00e1nlott az esti egy\u00fcttl\u00e9tekhez.\"\n      }\n    },\n    {\n      \"@type\": \"Question\",\n      \"name\": \"Hogyan lehet igaz\u00e1n otthonos a k\u00fclt\u00e9ri \u00f6sszej\u00f6veteli hely?\",\n      \"acceptedAnswer\": {\n        \"@type\": \"Answer\",\n        \"text\": \"V\u00e1lassz k\u00e9nyelmes \u00fcl\u0151alkalmatoss\u00e1gokat, dobj r\u00e1juk p\u00e1rn\u00e1kat vagy pl\u00e9deket. F\u00e9nyf\u00fcz\u00e9r vagy l\u00e1mp\u00e1s meleg hangulatot teremt, k\u00e1v\u00e9z\u00f3asztal \u00e9s n\u00f6v\u00e9nyek is feldobj\u00e1k a helyet.\"\n      }\n    },\n    {\n      \"@type\": \"Question\",\n      \"name\": \"Hogyan lehetsz biztos abban, hogy a t\u0171zrak\u00f3hely biztons\u00e1gos?\",\n      \"acceptedAnswer\": {\n        \"@type\": \"Answer\",\n        \"text\": \"A t\u0171zrak\u00f3t nem \u00e9ghet\u0151 fel\u00fcletre \u00e1ll\u00edtsd, legal\u00e1bb 3\u20136 m\u00e9terre \u00e9p\u00fcletekt\u0151l. Legyen porolt\u00f3 vagy v\u00edz a k\u00f6zelben, haszn\u00e1lj szikraver\u0151 h\u00e1l\u00f3t, \u00e9s tartsd be a helyi szab\u00e1lyokat.\"\n      }\n    }\n  ]\n}\n<\/script>\n<script type=\"application\/ld+json\">\n{\n  \"@context\": \"https:\/\/schema.org\",\n  \"@type\": \"HowTo\",\n  \"name\": \"K\u00fclt\u00e9ri t\u0171zrak\u00f3hely kialak\u00edt\u00e1sa a kertben\",\n  \"description\": \"Tippek \u00e9s l\u00e9p\u00e9sek, hogyan alak\u00edts ki hangulatos, biztons\u00e1gos \u00e9s dekorat\u00edv k\u00fclt\u00e9ri t\u0171zrak\u00f3helyet a kertedben.\",\n  \"image\": \"https:\/\/doubletakedecor.com\/uploads\/2025\/09\/outdoor-fire-pit-area-dtd-01.jpg\",\n  \"totalTime\": \"PT2H\",\n  \"supply\": [\n    {\n      \"@type\": \"HowToSupply\",\n      \"name\": \"T\u0171z\u00e1ll\u00f3 anyagok (pl. k\u0151, t\u00e9gla, beton, f\u00e9m, gr\u00e1nit)\"\n    },\n    {\n      \"@type\": \"HowToSupply\",\n      \"name\": \"\u00dcl\u0151alkalmatoss\u00e1gok (sz\u00e9kek, padok, p\u00e1rn\u00e1k)\"\n    },\n    {\n      \"@type\": \"HowToSupply\",\n      \"name\": \"Dekor\u00e1ci\u00f3k (l\u00e1mpaf\u00fcz\u00e9r, n\u00f6v\u00e9nyek, d\u00edszk\u00f6vek)\"\n    },\n    {\n      \"@type\": \"HowToSupply\",\n      \"name\": \"Alapanyagok (betonblokkok, r\u00e9gi anyagok, kavics, s\u00f3der)\"\n    }\n  ],\n  \"tool\": [\n    {\n      \"@type\": \"HowToTool\",\n      \"name\": \"Lap\u00e1t\"\n    },\n    {\n      \"@type\": \"HowToTool\",\n      \"name\": \"V\u00edzszintez\u0151\"\n    },\n    {\n      \"@type\": \"HowToTool\",\n      \"name\": \"V\u00e9d\u0151keszty\u0171\"\n    }\n  ],\n  \"step\": [\n    {\n      \"@type\": \"HowToStep\",\n      \"name\": \"Helysz\u00edn kijel\u00f6l\u00e9se\",\n      \"text\": \"V\u00e1laszd ki a t\u0171zrak\u00f3 ide\u00e1lis hely\u00e9t a kertedben, legal\u00e1bb 3 m\u00e9ter t\u00e1vols\u00e1gra minden \u00e9p\u00fclett\u0151l, f\u00e1t\u00f3l vagy gy\u00fal\u00e9kony anyagt\u00f3l. M\u00e9rd ki a t\u0171zrak\u00f3 k\u00f6r\u00e9t, jel\u00f6ld ki kaviccsal vagy sp\u00e1rg\u00e1val. Ellen\u0151rizd, hogy a talaj egyenes \u00e9s stabil legyen.\"\n    },\n    {\n      \"@type\": \"HowToStep\",\n      \"name\": \"Talaj \u00e9s alap el\u0151k\u00e9sz\u00edt\u00e9se\",\n      \"text\": \"\u00c1sd ki a t\u0171zrak\u00f3 alapj\u00e1t kb. 10\u201315 cm m\u00e9lyen. Ter\u00edts le kavicsot vagy s\u00f3dert, t\u00f6m\u00f6r\u00edtsd le alaposan, hogy stabil legyen. Helyezz geotextilt a gyomok ellen.\"\n    },\n    {\n      \"@type\": \"HowToStep\",\n      \"name\": \"T\u0171zrak\u00f3 fel\u00e9p\u00edt\u00e9se\",\n      \"text\": \"Helyezd el a t\u0171z\u00e1ll\u00f3 k\u00f6veket, t\u00e9gl\u00e1kat vagy betonblokkokat k\u00f6r alakban. Rakd egym\u00e1sra az elemeket, ha magasabbra szeretn\u00e9d. Haszn\u00e1lj h\u0151\u00e1ll\u00f3 ragaszt\u00f3t, ha kell.\"\n    },\n    {\n      \"@type\": \"HowToStep\",\n      \"name\": \"\u00dcl\u0151helyek kialak\u00edt\u00e1sa\",\n      \"text\": \"Rendezd k\u00f6rbe a t\u0171zrak\u00f3t k\u00fclt\u00e9ri sz\u00e9kekkel, padokkal vagy be\u00e9p\u00edtett k\u0151\u00fcl\u00e9sekkel. Adj hozz\u00e1 p\u00e1rn\u00e1kat, takar\u00f3kat a k\u00e9nyelem\u00e9rt. K\u00e9sz\u00edts kis asztalk\u00e1t italok vagy r\u00e1gcs\u00e1lnival\u00f3k sz\u00e1m\u00e1ra.\"\n    },\n    {\n      \"@type\": \"HowToStep\",\n      \"name\": \"Dekor\u00e1ci\u00f3 \u00e9s vil\u00e1g\u00edt\u00e1s\",\n      \"text\": \"Helyezz el n\u00f6v\u00e9nyeket, vir\u00e1gokat, d\u00edszk\u00f6veket a t\u0171zrak\u00f3 k\u00f6r\u00fcl, hogy bar\u00e1ts\u00e1gosabb legyen. Haszn\u00e1lj k\u00fclt\u00e9ri f\u00e9nyf\u00fcz\u00e9rt, l\u00e1mp\u00e1st vagy napelemes vil\u00e1g\u00edt\u00e1st az esti hangulathoz. Gy\u0151z\u0151dj meg r\u00f3la, hogy a vil\u00e1g\u00edt\u00e1s nem zavarja a t\u0171z f\u00e9ny\u00e9t.\"\n    },\n    {\n      \"@type\": \"HowToStep\",\n      \"name\": \"Biztons\u00e1gi szempontok\",\n      \"text\": \"Mindig legyen a k\u00f6zelben porolt\u00f3 vagy v\u00f6d\u00f6r v\u00edz. Tartsd tiszt\u00e1n a t\u0171zrak\u00f3t \u00e9s k\u00f6rny\u00e9k\u00e9t, t\u00e1vol\u00edtsd el a hamut, parazsat haszn\u00e1lat ut\u00e1n. Tartsd be a helyi t\u0171zrak\u00e1si szab\u00e1lyokat.\"\n    }\n  ]\n}\n<\/script>","_links":{"self":[{"href":"https:\/\/doubletakedecor.com\/hu\/wp-json\/wp\/v2\/posts\/7486","targetHints":{"allow":["GET"]}}],"collection":[{"href":"https:\/\/doubletakedecor.com\/hu\/wp-json\/wp\/v2\/posts"}],"about":[{"href":"https:\/\/doubletakedecor.com\/hu\/wp-json\/wp\/v2\/types\/post"}],"author":[{"embeddable":true,"href":"https:\/\/doubletakedecor.com\/hu\/wp-json\/wp\/v2\/users\/12"}],"replies":[{"embeddable":true,"href":"https:\/\/doubletakedecor.com\/hu\/wp-json\/wp\/v2\/comments?post=7486"}],"version-history":[{"count":1,"href":"https:\/\/doubletakedecor.com\/hu\/wp-json\/wp\/v2\/posts\/7486\/revisions"}],"predecessor-version":[{"id":7487,"href":"https:\/\/doubletakedecor.com\/hu\/wp-json\/wp\/v2\/posts\/7486\/revisions\/7487"}],"wp:featuredmedia":[{"embeddable":true,"href":"https:\/\/doubletakedecor.com\/hu\/wp-json\/wp\/v2\/media\/7009"}],"wp:attachment":[{"href":"https:\/\/doubletakedecor.com\/hu\/wp-json\/wp\/v2\/media?parent=7486"}],"wp:term":[{"taxonomy":"category","embeddable":true,"href":"https:\/\/doubletakedecor.com\/hu\/wp-json\/wp\/v2\/categories?post=7486"},{"taxonomy":"post_tag","embeddable":true,"href":"https:\/\/doubletakedecor.com\/hu\/wp-json\/wp\/v2\/tags?post=7486"}],"curies":[{"name":"wp","href":"https:\/\/api.w.org\/{rel}","templated":true}]}}