{"id":7496,"date":"2025-09-04T02:40:06","date_gmt":"2025-09-04T00:40:06","guid":{"rendered":"https:\/\/doubletakedecor.com\/kulteri-dekoraciok\/kulteri-vilagitasi-otletek\/"},"modified":"2025-09-04T03:51:25","modified_gmt":"2025-09-04T01:51:25","slug":"kulteri-vilagitasi-otletek","status":"publish","type":"post","link":"https:\/\/doubletakedecor.com\/hu\/kulteri-dekoraciok\/kulteri-vilagitasi-otletek\/","title":{"rendered":"Innovat\u00edv k\u00fclt\u00e9ri vil\u00e1g\u00edt\u00e1si \u00f6tletek az otthonodhoz"},"content":{"rendered":"<p>Var\u00e1zsold el a k\u00fclt\u00e9ri tereidet meghitt mened\u00e9kk\u00e9 a megfelel\u0151 vil\u00e1g\u00edt\u00e1ssal! Legyen sz\u00f3 falil\u00e1mp\u00e1kr\u00f3l, amelyek kiemelik az \u00e9p\u00fclet sz\u00e9ps\u00e9g\u00e9t, vagy f\u00fcz\u00e9rl\u00e1mp\u00e1kr\u00f3l, amelyek \u00fcnnepi hangulatot adnak, a kerti vil\u00e1g\u00edt\u00e1s egyszerre lehet mutat\u00f3s \u00e9s hasznos a h\u00e1zad k\u00f6r\u00fcl.<\/p>\n<p>Minden vil\u00e1g\u00edt\u00e1si t\u00edpusnak megvan a maga szerepe a kertedben. A fal- \u00e9s oszlopl\u00e1mp\u00e1k eleg\u00e1nsan vil\u00e1g\u00edtj\u00e1k meg a teraszt \u00e9s a bej\u00e1ratot, m\u00edg a f\u00fcgg\u0151l\u00e1mp\u00e1k bar\u00e1ts\u00e1gos hangulatot teremtenek a verand\u00e1n. Ha a biztons\u00e1g fontos, a mozg\u00e1s\u00e9rz\u00e9kel\u0151s reflektorok er\u0151s f\u00e9nnyel riasztj\u00e1k el a betolakod\u00f3kat, ahogy mozg\u00e1st \u00e9rz\u00e9kelnek.<\/p>\n<p>Modern, okos k\u00fclt\u00e9ri vil\u00e1g\u00edt\u00e1si rendszerek m\u00e9g k\u00e9nyelmesebb\u00e9 teszik a haszn\u00e1latot: a telefonod seg\u00edts\u00e9g\u00e9vel ir\u00e1ny\u00edthatod a f\u00e9nyer\u0151t, id\u0151z\u00edtheted a vil\u00e1g\u00edt\u00e1st, vagy ak\u00e1r sz\u00edneket is v\u00e1ltogathatsz, hogy mindig a hangulatodhoz illjen a f\u00e9ny. Ezek a technikai \u00faj\u00edt\u00e1sok nemcsak rugalmasabb\u00e1, hanem energiatakar\u00e9kosabb\u00e1 is teszik a vil\u00e1g\u00edt\u00e1st, hiszen csak akkor kapcsolnak be, amikor sz\u00fcks\u00e9g van r\u00e1juk.<\/p>\n<p>A v\u00e1laszt\u00e1s a ti\u00e9d: v\u00e1laszthatsz megb\u00edzhat\u00f3an m\u0171k\u00f6d\u0151 vezet\u00e9kes l\u00e1mp\u00e1kat, vagy k\u00f6rnyezetbar\u00e1t, napelemes megold\u00e1sokat is \u2013 mindkett\u0151b\u0151l vannak p\u00e9nzt\u00e1rcabar\u00e1t lehet\u0151s\u00e9gek. A j\u00e1rdal\u00e1mp\u00e1k seg\u00edtenek elker\u00fclni a megbotl\u00e1st, a fed\u00e9lzetvil\u00e1g\u00edt\u00e1s biztons\u00e1goss\u00e1 teszi a l\u00e9pcs\u0151t, a dekor\u00e1ci\u00f3s f\u00e9nyek, mint p\u00e9ld\u00e1ul a \u201et\u00fcnd\u00e9rf\u00e9nyek\u201d, pedig meghitt hangulatot visznek a kertekbe \u00e9s teraszokra.<\/p>\n<p>Ha gondosan karbantartod, a k\u00fclt\u00e9ri vil\u00e1g\u00edt\u00e1s val\u00f3di kis \u00fcd\u00fcl\u0151helly\u00e9 var\u00e1zsolja az otthonodat, \u00edgy este is hosszabban \u00e9lvezheted a kertet vagy a teraszt.<\/p>\n<div class=\"kt_block\" id=\"kt_id\">\n<span class=\"kt_headline\">Legfontosabb tudnival\u00f3k<\/span><\/p>\n<ul class=\"kt_post_list\">\n<li><strong>\ud83d\udca1 Sokoldal\u00fa vil\u00e1g\u00edt\u00e1s:<\/strong> A k\u00fclt\u00e9ri vil\u00e1g\u00edt\u00e1s \u2013 p\u00e9ld\u00e1ul falil\u00e1mp\u00e1k, \u00e9g\u0151sorok \u00e9s okos f\u00e9nyek \u2013 nemcsak szebb\u00e9, hanem biztons\u00e1gosabb\u00e1 \u00e9s hangulatosabb\u00e1 teheti a kerti tereket, mik\u00f6zben megvil\u00e1g\u00edtja az utakat, seg\u00edt eligazodni \u00e9s kellemes l\u00e9gk\u00f6rt teremt.<\/li>\n<li><strong>\ud83c\udf3f K\u00f6rnyezetbar\u00e1t megold\u00e1sok:<\/strong> A napelemes l\u00e1mp\u00e1k \u00e9s energiatakar\u00e9kos okos rendszerek k\u00f6rnyezetk\u00edm\u00e9l\u0151 vil\u00e1g\u00edt\u00e1st biztos\u00edtanak, mik\u00f6zben rugalmasan \u00e9s st\u00edlusosan vil\u00e1g\u00edtj\u00e1k meg a k\u00fclt\u00e9ri tereket.<\/li>\n<li><strong>\ud83d\udd27 Gyakorlati \u00e9s dekorat\u00edv \u00f6tletek:<\/strong> P\u00e9ld\u00e1ul saj\u00e1t kez\u0171leg k\u00e9sz\u00edtett boros\u00fcveg-f\u00e1kly\u00e1k vagy f\u00fcgg\u0151 t\u00fcnd\u00e9rf\u00e9nyek \u2013 rengeteg kreat\u00edv, p\u00e9nzt\u00e1rcabar\u00e1t lehet\u0151s\u00e9g van arra, hogy egyediv\u00e9 var\u00e1zsold a kertedet vagy a teraszodat.<\/li>\n<li><strong>\ud83c\udfe1 Kinti mened\u00e9kteremt\u00e9s:<\/strong> K\u00fcl\u00f6nf\u00e9le vil\u00e1g\u00edt\u00e1sok \u2013 p\u00e9ld\u00e1ul f\u00fcgg\u0151l\u00e1mp\u00e1k \u00e9s l\u00e1mp\u00e1sok \u2013 \u00fcgyes kombin\u00e1ci\u00f3j\u00e1val meghitt, \u00fcd\u00fcl\u0151hangulat\u00fa k\u00fclt\u00e9ri teret hozhatsz l\u00e9tre. Ide\u00e1lis pihen\u00e9shez vagy esti vend\u00e9gs\u00e9gekhez.<\/li>\n<\/ul>\n<\/div>\n<h2>Eleg\u00e1ns k\u00fclt\u00e9ri vacsor\u00e1k f\u00e9nyei<\/h2>\n<p><img loading=\"lazy\" decoding=\"async\" width=\"700\" height=\"1050\" alt=\"Rusztikus vacsorahelyis\u00e9g faasztallal, text\u00far\u00e1lt fut\u00f3val, vir\u00e1gos asztald\u00edsszel, \u00fcvegl\u00e1mp\u00e1sokkal \u00e9s hangulatos mennyezeti, illetve f\u00fcz\u00e9rl\u00e1mp\u00e1kkal\" class=\"aligncenter size-full wp-image-7014\" src=\"https:\/\/doubletakedecor.com\/uploads\/2025\/09\/outdoor-lighting-ideas-dtd-01.jpg\" srcset=\"https:\/\/doubletakedecor.com\/uploads\/2025\/09\/outdoor-lighting-ideas-dtd-01.jpg 700w, https:\/\/doubletakedecor.com\/uploads\/2025\/09\/outdoor-lighting-ideas-dtd-01-200x300.jpg 200w, https:\/\/doubletakedecor.com\/uploads\/2025\/09\/outdoor-lighting-ideas-dtd-01-683x1024.jpg 683w, https:\/\/doubletakedecor.com\/uploads\/2025\/09\/outdoor-lighting-ideas-dtd-01-96x144.jpg 96w, https:\/\/doubletakedecor.com\/uploads\/2025\/09\/outdoor-lighting-ideas-dtd-01-280x420.jpg 280w, https:\/\/doubletakedecor.com\/uploads\/2025\/09\/outdoor-lighting-ideas-dtd-01-320x480.jpg 320w, https:\/\/doubletakedecor.com\/uploads\/2025\/09\/outdoor-lighting-ideas-dtd-01-360x540.jpg 360w, https:\/\/doubletakedecor.com\/uploads\/2025\/09\/outdoor-lighting-ideas-dtd-01-363x545.jpg 363w, https:\/\/doubletakedecor.com\/uploads\/2025\/09\/outdoor-lighting-ideas-dtd-01-370x555.jpg 370w, https:\/\/doubletakedecor.com\/uploads\/2025\/09\/outdoor-lighting-ideas-dtd-01-400x600.jpg 400w, https:\/\/doubletakedecor.com\/uploads\/2025\/09\/outdoor-lighting-ideas-dtd-01-560x840.jpg 560w, https:\/\/doubletakedecor.com\/uploads\/2025\/09\/outdoor-lighting-ideas-dtd-01-480x720.jpg 480w\" sizes=\"auto, (max-width: 700px) 100vw, 700px\" \/><\/p>\n<p>Hangulatos vacsorahelyet var\u00e1zsolhatsz, ha t\u00f6bbf\u00e9le f\u00e9nyt r\u00e9tegezel egym\u00e1s f\u00f6l\u00e9. T\u00e9gy \u00fcvegl\u00e1mp\u00e1sokat \u00e9s gyerty\u00e1kat az asztalra a meghitt f\u00e9ny miatt, a t\u00e9r f\u00f6l\u00e9 pedig l\u00f3gass egy karakteres f\u00fcgg\u0151l\u00e1mp\u00e1t. Felett\u00fck \u00f3vatosan elhelyezett f\u00fcz\u00e9rl\u00e1mp\u00e1k var\u00e1zslatos f\u00e9nyt adnak. Ezzel a t\u00f6bbszint\u0171 vil\u00e1g\u00edt\u00e1ssal a kerti est\u00e9d igaz\u00e1n h\u00edvogat\u00f3 marad, am\u00edg csak tart.<\/p>\n<h2>Boros\u00fcveg k\u00fclt\u00e9ri f\u00e1kly\u00e1k<\/h2>\n<p><img loading=\"lazy\" decoding=\"async\" width=\"700\" height=\"1050\" alt=\"\u00dajrahasznos\u00edtott z\u00f6ld boros\u00fcvegek eleg\u00e1ns k\u00fclt\u00e9ri f\u00e1kly\u00e1v\u00e1 alak\u00edtva, pisl\u00e1kol\u00f3 l\u00e1nggal, faasztalon elrendezve, hangulatos kerti k\u00f6rnyezetben.\" class=\"aligncenter size-full wp-image-7020\" src=\"https:\/\/doubletakedecor.com\/uploads\/2025\/09\/outdoor-lighting-ideas-dtd-02.jpg\" srcset=\"https:\/\/doubletakedecor.com\/uploads\/2025\/09\/outdoor-lighting-ideas-dtd-02.jpg 700w, https:\/\/doubletakedecor.com\/uploads\/2025\/09\/outdoor-lighting-ideas-dtd-02-200x300.jpg 200w, https:\/\/doubletakedecor.com\/uploads\/2025\/09\/outdoor-lighting-ideas-dtd-02-683x1024.jpg 683w, https:\/\/doubletakedecor.com\/uploads\/2025\/09\/outdoor-lighting-ideas-dtd-02-96x144.jpg 96w, https:\/\/doubletakedecor.com\/uploads\/2025\/09\/outdoor-lighting-ideas-dtd-02-280x420.jpg 280w, https:\/\/doubletakedecor.com\/uploads\/2025\/09\/outdoor-lighting-ideas-dtd-02-320x480.jpg 320w, https:\/\/doubletakedecor.com\/uploads\/2025\/09\/outdoor-lighting-ideas-dtd-02-360x540.jpg 360w, https:\/\/doubletakedecor.com\/uploads\/2025\/09\/outdoor-lighting-ideas-dtd-02-363x545.jpg 363w, https:\/\/doubletakedecor.com\/uploads\/2025\/09\/outdoor-lighting-ideas-dtd-02-370x555.jpg 370w, https:\/\/doubletakedecor.com\/uploads\/2025\/09\/outdoor-lighting-ideas-dtd-02-400x600.jpg 400w, https:\/\/doubletakedecor.com\/uploads\/2025\/09\/outdoor-lighting-ideas-dtd-02-560x840.jpg 560w, https:\/\/doubletakedecor.com\/uploads\/2025\/09\/outdoor-lighting-ideas-dtd-02-480x720.jpg 480w\" sizes=\"auto, (max-width: 700px) 100vw, 700px\" \/><\/p>\n<p>Az \u00fcres boros\u00fcvegekb\u0151l k\u00f6nnyen lehet eleg\u00e1ns k\u00fclt\u00e9ri f\u00e1klya a teraszodra! Csak mosd el \u0151ket, tegy\u00e9l bele k\u00fcl\u00f6nleges f\u00e1klyakan\u00f3cot, t\u00f6ltsd fel citronella olajjal \u2013 ez m\u00e9g a rovarokat is t\u00e1vol tartja. Helyezd el k\u00fcl\u00f6nb\u00f6z\u0151 magass\u00e1gban \u0151ket, hogy v\u00e1ltozatos legyen a f\u00e9nyhat\u00e1s. T\u00f6k\u00e9letes ny\u00e1ri est\u00e9khez vagy bar\u00e1ti \u00f6sszej\u00f6vetelekhez.<\/p>\n<h2>Horganyzott v\u00f6d\u00f6r gyertyaf\u00e9nyek<\/h2>\n<p><img loading=\"lazy\" decoding=\"async\" width=\"700\" height=\"1050\" alt=\"Horganyzott f\u00e9m v\u00f6d\u00f6rben s\u00e1rg\u00e1n izz\u00f3 gyertya, k\u00f6r\u00fcl\u00f6tte cserepes n\u00f6v\u00e9nyek \u00e9s kerti szersz\u00e1m, meghitt k\u00fclt\u00e9ri hangulatot teremtve\" class=\"aligncenter size-full wp-image-7026\" src=\"https:\/\/doubletakedecor.com\/uploads\/2025\/09\/outdoor-lighting-ideas-dtd-03.jpg\" srcset=\"https:\/\/doubletakedecor.com\/uploads\/2025\/09\/outdoor-lighting-ideas-dtd-03.jpg 700w, https:\/\/doubletakedecor.com\/uploads\/2025\/09\/outdoor-lighting-ideas-dtd-03-200x300.jpg 200w, https:\/\/doubletakedecor.com\/uploads\/2025\/09\/outdoor-lighting-ideas-dtd-03-683x1024.jpg 683w, https:\/\/doubletakedecor.com\/uploads\/2025\/09\/outdoor-lighting-ideas-dtd-03-96x144.jpg 96w, https:\/\/doubletakedecor.com\/uploads\/2025\/09\/outdoor-lighting-ideas-dtd-03-280x420.jpg 280w, https:\/\/doubletakedecor.com\/uploads\/2025\/09\/outdoor-lighting-ideas-dtd-03-320x480.jpg 320w, https:\/\/doubletakedecor.com\/uploads\/2025\/09\/outdoor-lighting-ideas-dtd-03-360x540.jpg 360w, https:\/\/doubletakedecor.com\/uploads\/2025\/09\/outdoor-lighting-ideas-dtd-03-363x545.jpg 363w, https:\/\/doubletakedecor.com\/uploads\/2025\/09\/outdoor-lighting-ideas-dtd-03-370x555.jpg 370w, https:\/\/doubletakedecor.com\/uploads\/2025\/09\/outdoor-lighting-ideas-dtd-03-400x600.jpg 400w, https:\/\/doubletakedecor.com\/uploads\/2025\/09\/outdoor-lighting-ideas-dtd-03-560x840.jpg 560w, https:\/\/doubletakedecor.com\/uploads\/2025\/09\/outdoor-lighting-ideas-dtd-03-480x720.jpg 480w\" sizes=\"auto, (max-width: 700px) 100vw, 700px\" \/><\/p>\n<p>Egy st\u00edlusos horganyzott v\u00f6d\u00f6r, benne gyerty\u00e1val, igazi rusztikus hangulatot ad a kerti est\u00e9idhez. Tedd cserepes n\u00f6v\u00e9nyek k\u00f6z\u00e9, hogy m\u00e9g hangulatosabb legyen az \u00f6sszej\u00f6vetel. Haszn\u00e1lj id\u0151j\u00e1r\u00e1s\u00e1ll\u00f3 gyerty\u00e1t, hogy ne olvadjon el a melegben vagy ne \u00e1zzon sz\u00e9t es\u0151ben. A biztons\u00e1g kedv\u00e9\u00e9rt stabil, nem gy\u00fal\u00e9kony helyre tedd, \u00e9s sose hagyd fel\u00fcgyelet n\u00e9lk\u00fcl!<\/p>\n<h2>Kov\u00e1csoltvas ker\u00edt\u00e9sl\u00e1mp\u00e1sok<\/h2>\n<p><img loading=\"lazy\" decoding=\"async\" width=\"700\" height=\"1050\" alt=\"Kov\u00e1csoltvas ker\u00edt\u00e9sen ragyog\u00f3 \u00fcvegl\u00e1mp\u00e1sok, amelyek meleg f\u00e9nyt adnak a buja kerti z\u00f6ldell\u00e9shez\" class=\"aligncenter size-full wp-image-7032\" src=\"https:\/\/doubletakedecor.com\/uploads\/2025\/09\/outdoor-lighting-ideas-dtd-04.jpg\" srcset=\"https:\/\/doubletakedecor.com\/uploads\/2025\/09\/outdoor-lighting-ideas-dtd-04.jpg 700w, https:\/\/doubletakedecor.com\/uploads\/2025\/09\/outdoor-lighting-ideas-dtd-04-200x300.jpg 200w, https:\/\/doubletakedecor.com\/uploads\/2025\/09\/outdoor-lighting-ideas-dtd-04-683x1024.jpg 683w, https:\/\/doubletakedecor.com\/uploads\/2025\/09\/outdoor-lighting-ideas-dtd-04-96x144.jpg 96w, https:\/\/doubletakedecor.com\/uploads\/2025\/09\/outdoor-lighting-ideas-dtd-04-280x420.jpg 280w, https:\/\/doubletakedecor.com\/uploads\/2025\/09\/outdoor-lighting-ideas-dtd-04-320x480.jpg 320w, https:\/\/doubletakedecor.com\/uploads\/2025\/09\/outdoor-lighting-ideas-dtd-04-360x540.jpg 360w, https:\/\/doubletakedecor.com\/uploads\/2025\/09\/outdoor-lighting-ideas-dtd-04-363x545.jpg 363w, https:\/\/doubletakedecor.com\/uploads\/2025\/09\/outdoor-lighting-ideas-dtd-04-370x555.jpg 370w, https:\/\/doubletakedecor.com\/uploads\/2025\/09\/outdoor-lighting-ideas-dtd-04-400x600.jpg 400w, https:\/\/doubletakedecor.com\/uploads\/2025\/09\/outdoor-lighting-ideas-dtd-04-560x840.jpg 560w, https:\/\/doubletakedecor.com\/uploads\/2025\/09\/outdoor-lighting-ideas-dtd-04-480x720.jpg 480w\" sizes=\"auto, (max-width: 700px) 100vw, 700px\" \/><\/p>\n<p>B\u0171b\u00e1jos l\u00e1tv\u00e1nyt teremthetsz, ha \u00fcvegl\u00e1mp\u00e1sokat teszel a kov\u00e1csoltvas ker\u00edt\u00e9sre, k\u00fcl\u00f6nb\u00f6z\u0151 magass\u00e1gokban. \u00cdgy igaz\u00e1n izgalmas, meleg f\u00e9ny sz\u00fcletik. Id\u0151j\u00e1r\u00e1s\u00e1ll\u00f3 gyerty\u00e1val tart\u00f3s a hat\u00e1s, de ak\u00e1r biztons\u00e1gos, elemes LED-l\u00e1mp\u00e1st is haszn\u00e1lhatsz. Ez az eleg\u00e1ns megold\u00e1s sz\u00e9pen keretezi a kertedet \u00e9s kellemes f\u00e9nyt ad az esti programokhoz is.<\/p>\n<h2>Rusztikus-modern kerti LED-l\u00e1mp\u00e1sok<\/h2>\n<p><img loading=\"lazy\" decoding=\"async\" width=\"700\" height=\"1050\" alt=\"H\u00e1rom k\u00fclt\u00e9ri LED kerti l\u00e1mp\u00e1s \u00fcvegb\u0151l, dr\u00f3th\u00e1l\u00f3s mint\u00e1val \u00e9s fa-navy k\u00e9k alapzattal, z\u00f6ld f\u0171ben, egy fa vir\u00e1gl\u00e1da mellett.\" class=\"aligncenter size-full wp-image-7038\" src=\"https:\/\/doubletakedecor.com\/uploads\/2025\/09\/outdoor-lighting-ideas-dtd-05.jpg\" srcset=\"https:\/\/doubletakedecor.com\/uploads\/2025\/09\/outdoor-lighting-ideas-dtd-05.jpg 700w, https:\/\/doubletakedecor.com\/uploads\/2025\/09\/outdoor-lighting-ideas-dtd-05-200x300.jpg 200w, https:\/\/doubletakedecor.com\/uploads\/2025\/09\/outdoor-lighting-ideas-dtd-05-683x1024.jpg 683w, https:\/\/doubletakedecor.com\/uploads\/2025\/09\/outdoor-lighting-ideas-dtd-05-96x144.jpg 96w, https:\/\/doubletakedecor.com\/uploads\/2025\/09\/outdoor-lighting-ideas-dtd-05-280x420.jpg 280w, https:\/\/doubletakedecor.com\/uploads\/2025\/09\/outdoor-lighting-ideas-dtd-05-320x480.jpg 320w, https:\/\/doubletakedecor.com\/uploads\/2025\/09\/outdoor-lighting-ideas-dtd-05-360x540.jpg 360w, https:\/\/doubletakedecor.com\/uploads\/2025\/09\/outdoor-lighting-ideas-dtd-05-363x545.jpg 363w, https:\/\/doubletakedecor.com\/uploads\/2025\/09\/outdoor-lighting-ideas-dtd-05-370x555.jpg 370w, https:\/\/doubletakedecor.com\/uploads\/2025\/09\/outdoor-lighting-ideas-dtd-05-400x600.jpg 400w, https:\/\/doubletakedecor.com\/uploads\/2025\/09\/outdoor-lighting-ideas-dtd-05-560x840.jpg 560w, https:\/\/doubletakedecor.com\/uploads\/2025\/09\/outdoor-lighting-ideas-dtd-05-480x720.jpg 480w\" sizes=\"auto, (max-width: 700px) 100vw, 700px\" \/><\/p>\n<p>Ezek a h\u00e1l\u00f3s \u00fcvegl\u00e1mp\u00e1k fa \u00e9s s\u00f6t\u00e9tk\u00e9k talppal kellemes, meleg f\u00e9nyt adnak est\u00e9nk\u00e9nt. A nat\u00far anyagok \u00e9s a modern sz\u00ednek egy\u00fctt eleg\u00e1nss\u00e1 teszik a kertedet. Helyezd el \u0151ket a kerti \u00f6sv\u00e9nyek mellett vagy \u00fcl\u0151helyek k\u00f6zel\u00e9ben, hogy egyszerre legyen hangulatos \u00e9s j\u00f3l l\u00e1that\u00f3 minden. Tart\u00f3s kialak\u00edt\u00e1suknak k\u00f6sz\u00f6nhet\u0151en b\u00edrj\u00e1k az id\u0151j\u00e1r\u00e1st is.<\/p>\n<h2>F\u00fcgg\u0151l\u00e1mp\u00e1k a k\u00fclt\u00e9ri falakon<\/h2>\n<p><img loading=\"lazy\" decoding=\"async\" width=\"700\" height=\"1050\" alt=\"Eleg\u00e1ns k\u00fclt\u00e9ri t\u00e9r, felette cs\u00edkos f\u00fcgg\u0151l\u00e1mp\u00e1k sz\u00fcrke kanap\u00e9 f\u00f6l\u00f6tt, meleg, h\u00edvogat\u00f3 hangulatot teremtve az esti pihen\u00e9shez.\" class=\"aligncenter size-full wp-image-7044\" src=\"https:\/\/doubletakedecor.com\/uploads\/2025\/09\/outdoor-lighting-ideas-dtd-06.jpg\" srcset=\"https:\/\/doubletakedecor.com\/uploads\/2025\/09\/outdoor-lighting-ideas-dtd-06.jpg 700w, https:\/\/doubletakedecor.com\/uploads\/2025\/09\/outdoor-lighting-ideas-dtd-06-200x300.jpg 200w, https:\/\/doubletakedecor.com\/uploads\/2025\/09\/outdoor-lighting-ideas-dtd-06-683x1024.jpg 683w, https:\/\/doubletakedecor.com\/uploads\/2025\/09\/outdoor-lighting-ideas-dtd-06-96x144.jpg 96w, https:\/\/doubletakedecor.com\/uploads\/2025\/09\/outdoor-lighting-ideas-dtd-06-280x420.jpg 280w, https:\/\/doubletakedecor.com\/uploads\/2025\/09\/outdoor-lighting-ideas-dtd-06-320x480.jpg 320w, https:\/\/doubletakedecor.com\/uploads\/2025\/09\/outdoor-lighting-ideas-dtd-06-360x540.jpg 360w, https:\/\/doubletakedecor.com\/uploads\/2025\/09\/outdoor-lighting-ideas-dtd-06-363x545.jpg 363w, https:\/\/doubletakedecor.com\/uploads\/2025\/09\/outdoor-lighting-ideas-dtd-06-370x555.jpg 370w, https:\/\/doubletakedecor.com\/uploads\/2025\/09\/outdoor-lighting-ideas-dtd-06-400x600.jpg 400w, https:\/\/doubletakedecor.com\/uploads\/2025\/09\/outdoor-lighting-ideas-dtd-06-560x840.jpg 560w, https:\/\/doubletakedecor.com\/uploads\/2025\/09\/outdoor-lighting-ideas-dtd-06-480x720.jpg 480w\" sizes=\"auto, (max-width: 700px) 100vw, 700px\" \/><\/p>\n<p>K\u00fcl\u00f6nleges f\u00fcgg\u0151l\u00e1mp\u00e1t szerelhetsz fel a k\u00fclt\u00e9ri falakra, amivel kiemelheted a pihen\u0151sarkot. A l\u00e1mpa l\u00f3g\u00f3 elhelyez\u00e9se egyszerre vil\u00e1g\u00edtja meg a falat \u00e9s az alatta l\u00e9v\u0151 \u00fcl\u0151helyet. V\u00e1lassz olyan modellt, ami \u00e9rdekes mint\u00e1kat vet\u00edt sz\u00e9t, \u00e9s ellen\u00e1ll az id\u0151j\u00e1r\u00e1snak \u2013 \u00edgy egyszerre lesz mutat\u00f3s \u00e9s hasznos a vil\u00e1g\u00edt\u00e1sod.<\/p>\n<h2>\u00dcveges t\u00fcnd\u00e9rf\u00e9nyek<\/h2>\n<p><img loading=\"lazy\" decoding=\"async\" width=\"700\" height=\"1050\" alt=\"\u00dcveged\u00e9nyben csillog\u00f3 t\u00fcnd\u00e9rf\u00e9nyek cs\u00edkos ter\u00edt\u0151n, h\u00e1tt\u00e9rben f\u00e1k a sz\u00fcrk\u00fcletben, meleg f\u00e9nyt \u00e1rasztva.\" class=\"aligncenter size-full wp-image-7050\" src=\"https:\/\/doubletakedecor.com\/uploads\/2025\/09\/outdoor-lighting-ideas-dtd-07.jpg\" srcset=\"https:\/\/doubletakedecor.com\/uploads\/2025\/09\/outdoor-lighting-ideas-dtd-07.jpg 700w, https:\/\/doubletakedecor.com\/uploads\/2025\/09\/outdoor-lighting-ideas-dtd-07-200x300.jpg 200w, https:\/\/doubletakedecor.com\/uploads\/2025\/09\/outdoor-lighting-ideas-dtd-07-683x1024.jpg 683w, https:\/\/doubletakedecor.com\/uploads\/2025\/09\/outdoor-lighting-ideas-dtd-07-96x144.jpg 96w, https:\/\/doubletakedecor.com\/uploads\/2025\/09\/outdoor-lighting-ideas-dtd-07-280x420.jpg 280w, https:\/\/doubletakedecor.com\/uploads\/2025\/09\/outdoor-lighting-ideas-dtd-07-320x480.jpg 320w, https:\/\/doubletakedecor.com\/uploads\/2025\/09\/outdoor-lighting-ideas-dtd-07-360x540.jpg 360w, https:\/\/doubletakedecor.com\/uploads\/2025\/09\/outdoor-lighting-ideas-dtd-07-363x545.jpg 363w, https:\/\/doubletakedecor.com\/uploads\/2025\/09\/outdoor-lighting-ideas-dtd-07-370x555.jpg 370w, https:\/\/doubletakedecor.com\/uploads\/2025\/09\/outdoor-lighting-ideas-dtd-07-400x600.jpg 400w, https:\/\/doubletakedecor.com\/uploads\/2025\/09\/outdoor-lighting-ideas-dtd-07-560x840.jpg 560w, https:\/\/doubletakedecor.com\/uploads\/2025\/09\/outdoor-lighting-ideas-dtd-07-480x720.jpg 480w\" sizes=\"auto, (max-width: 700px) 100vw, 700px\" \/><\/p>\n<p>Sima \u00fcveged\u00e9nyekb\u0151l var\u00e1zslatos k\u00fclt\u00e9ri l\u00e1mp\u00e1sokat k\u00e9sz\u00edthetsz, ha t\u00fcnd\u00e9rf\u00e9nyf\u00fcz\u00e9rrel t\u00f6lt\u00f6d meg \u0151ket. Helyezd az \u00f6sv\u00e9ny sz\u00e9l\u00e9re, asztalra vagy f\u00e1kra akasztva, hogy igazi mesebeli legyen a hangulat! Legjobb elemes verzi\u00f3val, id\u0151z\u00edt\u0151vel haszn\u00e1lni. Az \u00fcveg tetej\u00e9t z\u00e1rd le \u00e1tl\u00e1tsz\u00f3 szilikonnal, hogy ellen\u00e1lljon az es\u0151nek is.<\/p>\n<h2>Vintage t\u00fcrkiz kerti csill\u00e1r<\/h2>\n<p><img loading=\"lazy\" decoding=\"async\" width=\"700\" height=\"1029\" alt=\"Vintage st\u00edlus\u00fa, t\u00fcrkiz k\u00fclt\u00e9ri csill\u00e1r, vir\u00e1g alak\u00fa \u00fcvegbur\u00e1kkal \u00e9s dekorat\u00edv f\u00e9mminta d\u00edsz\u00edt\u00e9ssel, kerti h\u00e1tt\u00e9rben.\" class=\"aligncenter size-full wp-image-7056\" src=\"https:\/\/doubletakedecor.com\/uploads\/2025\/09\/outdoor-lighting-ideas-dtd-08.jpg\" srcset=\"https:\/\/doubletakedecor.com\/uploads\/2025\/09\/outdoor-lighting-ideas-dtd-08.jpg 700w, https:\/\/doubletakedecor.com\/uploads\/2025\/09\/outdoor-lighting-ideas-dtd-08-204x300.jpg 204w, https:\/\/doubletakedecor.com\/uploads\/2025\/09\/outdoor-lighting-ideas-dtd-08-697x1024.jpg 697w, https:\/\/doubletakedecor.com\/uploads\/2025\/09\/outdoor-lighting-ideas-dtd-08-96x141.jpg 96w, https:\/\/doubletakedecor.com\/uploads\/2025\/09\/outdoor-lighting-ideas-dtd-08-280x412.jpg 280w, https:\/\/doubletakedecor.com\/uploads\/2025\/09\/outdoor-lighting-ideas-dtd-08-320x470.jpg 320w, https:\/\/doubletakedecor.com\/uploads\/2025\/09\/outdoor-lighting-ideas-dtd-08-360x529.jpg 360w, https:\/\/doubletakedecor.com\/uploads\/2025\/09\/outdoor-lighting-ideas-dtd-08-363x534.jpg 363w, https:\/\/doubletakedecor.com\/uploads\/2025\/09\/outdoor-lighting-ideas-dtd-08-370x544.jpg 370w, https:\/\/doubletakedecor.com\/uploads\/2025\/09\/outdoor-lighting-ideas-dtd-08-400x588.jpg 400w, https:\/\/doubletakedecor.com\/uploads\/2025\/09\/outdoor-lighting-ideas-dtd-08-560x823.jpg 560w, https:\/\/doubletakedecor.com\/uploads\/2025\/09\/outdoor-lighting-ideas-dtd-08-480x706.jpg 480w\" sizes=\"auto, (max-width: 700px) 100vw, 700px\" \/><\/p>\n<p>Dobj fel b\u00e1rmilyen kerti sarkot egy l\u00e1tv\u00e1nyos, vintage hangulat\u00fa, t\u00fcrkiz csill\u00e1rral! Vir\u00e1gos \u00fcvegbur\u00e1kkal, d\u00edszes f\u00e9m elemekkel igazi \u00e9ke lesz a teraszodnak. Felf\u00fcggesztheted vastag \u00e1gra vagy pergol\u00e1ra. Haszn\u00e1lj szab\u00e1lyozhat\u00f3 f\u00e9nyer\u0151ss\u00e9g\u0171 izz\u00f3t, \u00e9s kezeld v\u00edz\u00e1ll\u00f3 lakkal, hogy hossz\u00fa ideig sz\u00e9p maradjon.<\/p>\n<h2>Fonott f\u00fcgg\u0151l\u00e1mp\u00e1sok<\/h2>\n<p><img loading=\"lazy\" decoding=\"async\" width=\"700\" height=\"1049\" alt=\"St\u00edlusos, fonott, f\u00fcgg\u0151 l\u00e1mp\u00e1sok sodrott zsin\u00f3rokkal, meleg f\u00e9nyt vetve a k\u00e9k h\u00e1tt\u00e9rre, z\u00f6ld n\u00f6v\u00e9nyek \u00e9s \u00fcvegek mellett.\" class=\"aligncenter size-full wp-image-7062\" src=\"https:\/\/doubletakedecor.com\/uploads\/2025\/09\/outdoor-lighting-ideas-dtd-09.jpg\" srcset=\"https:\/\/doubletakedecor.com\/uploads\/2025\/09\/outdoor-lighting-ideas-dtd-09.jpg 700w, https:\/\/doubletakedecor.com\/uploads\/2025\/09\/outdoor-lighting-ideas-dtd-09-200x300.jpg 200w, https:\/\/doubletakedecor.com\/uploads\/2025\/09\/outdoor-lighting-ideas-dtd-09-683x1024.jpg 683w, https:\/\/doubletakedecor.com\/uploads\/2025\/09\/outdoor-lighting-ideas-dtd-09-96x144.jpg 96w, https:\/\/doubletakedecor.com\/uploads\/2025\/09\/outdoor-lighting-ideas-dtd-09-280x420.jpg 280w, https:\/\/doubletakedecor.com\/uploads\/2025\/09\/outdoor-lighting-ideas-dtd-09-320x480.jpg 320w, https:\/\/doubletakedecor.com\/uploads\/2025\/09\/outdoor-lighting-ideas-dtd-09-360x539.jpg 360w, https:\/\/doubletakedecor.com\/uploads\/2025\/09\/outdoor-lighting-ideas-dtd-09-363x544.jpg 363w, https:\/\/doubletakedecor.com\/uploads\/2025\/09\/outdoor-lighting-ideas-dtd-09-370x554.jpg 370w, https:\/\/doubletakedecor.com\/uploads\/2025\/09\/outdoor-lighting-ideas-dtd-09-400x599.jpg 400w, https:\/\/doubletakedecor.com\/uploads\/2025\/09\/outdoor-lighting-ideas-dtd-09-560x839.jpg 560w, https:\/\/doubletakedecor.com\/uploads\/2025\/09\/outdoor-lighting-ideas-dtd-09-480x719.jpg 480w\" sizes=\"auto, (max-width: 700px) 100vw, 700px\" \/><\/p>\n<p>Ha nat\u00far, bar\u00e1ts\u00e1gos hangulatot szeretn\u00e9l, v\u00e1lassz fonott, k\u00e9zm\u0171ves hat\u00e1s\u00fa f\u00fcgg\u0151l\u00e1mp\u00e1kat! A sodrott zsin\u00f3rok k\u00fcl\u00f6nleges megjelen\u00e9st adnak, a l\u00e1mp\u00e1k meleg f\u00e9nye pedig t\u00f6k\u00e9letes az esti besz\u00e9lget\u00e9sekhez. K\u00fcl\u00f6nb\u00f6z\u0151 magass\u00e1gba akasztva izgalmas lesz az \u00f6sszhat\u00e1s, \u00e9s z\u00f6ld n\u00f6v\u00e9nyekkel is szuper\u00fcl mutatnak \u2013 ak\u00e1r \u00e9tkez\u0151asztal, ak\u00e1r pihen\u0151sarok f\u00f6l\u00e9 szerelve.<\/p>\n<h2>Krist\u00e1lyos csill\u00e1r bef\u0151ttes\u00fcvegekb\u0151l<\/h2>\n<p><img loading=\"lazy\" decoding=\"async\" width=\"700\" height=\"1049\" alt=\"K\u00f6r alak\u00fa, f\u00e9mb\u0151l k\u00e9sz\u00fclt csill\u00e1r, melyen bef\u0151ttes\u00fcvegek l\u00e1mpab\u00far\u00e1kk\u00e9nt \u00e9s lel\u00f3g\u00f3 krist\u00e1lygy\u00f6ngy\u00f6k teszik rusztikus-eleg\u00e1nss\u00e1 a k\u00fclt\u00e9ri vil\u00e1g\u00edt\u00e1st\" class=\"aligncenter size-full wp-image-7068\" src=\"https:\/\/doubletakedecor.com\/uploads\/2025\/09\/outdoor-lighting-ideas-dtd-10.jpg\" srcset=\"https:\/\/doubletakedecor.com\/uploads\/2025\/09\/outdoor-lighting-ideas-dtd-10.jpg 700w, https:\/\/doubletakedecor.com\/uploads\/2025\/09\/outdoor-lighting-ideas-dtd-10-200x300.jpg 200w, https:\/\/doubletakedecor.com\/uploads\/2025\/09\/outdoor-lighting-ideas-dtd-10-683x1024.jpg 683w, https:\/\/doubletakedecor.com\/uploads\/2025\/09\/outdoor-lighting-ideas-dtd-10-96x144.jpg 96w, https:\/\/doubletakedecor.com\/uploads\/2025\/09\/outdoor-lighting-ideas-dtd-10-280x420.jpg 280w, https:\/\/doubletakedecor.com\/uploads\/2025\/09\/outdoor-lighting-ideas-dtd-10-320x480.jpg 320w, https:\/\/doubletakedecor.com\/uploads\/2025\/09\/outdoor-lighting-ideas-dtd-10-360x539.jpg 360w, https:\/\/doubletakedecor.com\/uploads\/2025\/09\/outdoor-lighting-ideas-dtd-10-363x544.jpg 363w, https:\/\/doubletakedecor.com\/uploads\/2025\/09\/outdoor-lighting-ideas-dtd-10-370x554.jpg 370w, https:\/\/doubletakedecor.com\/uploads\/2025\/09\/outdoor-lighting-ideas-dtd-10-400x599.jpg 400w, https:\/\/doubletakedecor.com\/uploads\/2025\/09\/outdoor-lighting-ideas-dtd-10-560x839.jpg 560w, https:\/\/doubletakedecor.com\/uploads\/2025\/09\/outdoor-lighting-ideas-dtd-10-480x719.jpg 480w\" sizes=\"auto, (max-width: 700px) 100vw, 700px\" \/><\/p>\n<p>V\u00e1ltoztasd meg a kerted vagy teraszod hangulat\u00e1t ezzel a kreat\u00edv rusztikus-eleg\u00e1ns vil\u00e1g\u00edt\u00e1ssal! Szereld fel ezt a bef\u0151ttes\u00fcveg csill\u00e1rt az \u00e9tkez\u0151asztal f\u00f6l\u00e9, \u00edgy egyszerre lesz otthonos \u00e9s kifinomult a t\u00e9r. A krist\u00e1lyd\u00edszek m\u00e9g k\u00fcl\u00f6nlegesebb\u00e9 teszik a l\u00e1mp\u00e1t, m\u00edg az \u00fcvegek v\u00e9denek az izz\u00f3knak. Haszn\u00e1lj f\u00e9nyer\u0151szab\u00e1lyozhat\u00f3, meleg f\u00e9ny\u0171 LED izz\u00f3kat, hogy minden alkalomhoz igaz\u00edthasd a hangulatvil\u00e1g\u00edt\u00e1st.<\/p>\n<h2>L\u00e1mp\u00e1sokkal kivil\u00e1g\u00edtott, hangulatos k\u00fclt\u00e9ri pihen\u0151<\/h2>\n<p><img loading=\"lazy\" decoding=\"async\" width=\"700\" height=\"1050\" alt=\"H\u00edvogat\u00f3 k\u00fclt\u00e9ri \u00fcl\u0151hely, puha p\u00e1rn\u00e1kkal, dekorat\u00edv d\u00edszp\u00e1rn\u00e1kkal, \u00fcveg l\u00e1mp\u00e1sokban m\u00e9csesekkel \u00e9s cserepes n\u00f6v\u00e9nnyel, amely meleg hangulatot teremt.\" class=\"aligncenter size-full wp-image-7074\" src=\"https:\/\/doubletakedecor.com\/uploads\/2025\/09\/outdoor-lighting-ideas-dtd-11.jpg\" srcset=\"https:\/\/doubletakedecor.com\/uploads\/2025\/09\/outdoor-lighting-ideas-dtd-11.jpg 700w, https:\/\/doubletakedecor.com\/uploads\/2025\/09\/outdoor-lighting-ideas-dtd-11-200x300.jpg 200w, https:\/\/doubletakedecor.com\/uploads\/2025\/09\/outdoor-lighting-ideas-dtd-11-683x1024.jpg 683w, https:\/\/doubletakedecor.com\/uploads\/2025\/09\/outdoor-lighting-ideas-dtd-11-96x144.jpg 96w, https:\/\/doubletakedecor.com\/uploads\/2025\/09\/outdoor-lighting-ideas-dtd-11-280x420.jpg 280w, https:\/\/doubletakedecor.com\/uploads\/2025\/09\/outdoor-lighting-ideas-dtd-11-320x480.jpg 320w, https:\/\/doubletakedecor.com\/uploads\/2025\/09\/outdoor-lighting-ideas-dtd-11-360x540.jpg 360w, https:\/\/doubletakedecor.com\/uploads\/2025\/09\/outdoor-lighting-ideas-dtd-11-363x545.jpg 363w, https:\/\/doubletakedecor.com\/uploads\/2025\/09\/outdoor-lighting-ideas-dtd-11-370x555.jpg 370w, https:\/\/doubletakedecor.com\/uploads\/2025\/09\/outdoor-lighting-ideas-dtd-11-400x600.jpg 400w, https:\/\/doubletakedecor.com\/uploads\/2025\/09\/outdoor-lighting-ideas-dtd-11-560x840.jpg 560w, https:\/\/doubletakedecor.com\/uploads\/2025\/09\/outdoor-lighting-ideas-dtd-11-480x720.jpg 480w\" sizes=\"auto, (max-width: 700px) 100vw, 700px\" \/><\/p>\n<p>Alak\u00edts ki egy bar\u00e1ts\u00e1gos kis pihen\u0151sarkot elt\u00e9r\u0151 m\u00e9ret\u0171 \u00fcveg l\u00e1mp\u00e1sok \u00e9s puha textilek p\u00e1ros\u00edt\u00e1s\u00e1val! Helyezd el a l\u00e1mp\u00e1sokat k\u00fcl\u00f6nb\u00f6z\u0151 magass\u00e1gban, \u00edgy \u00e9rdekesebb lesz a vil\u00e1g\u00edt\u00e1s, \u00e9s szebb a l\u00e1tv\u00e1ny. A m\u00e9cseseket tedd stabil fapadl\u00f3ra vagy alapra, \u00e9s mindig \u00fcgyelj r\u00e1juk, ha \u00e9gnek. V\u00e1lassz id\u0151j\u00e1r\u00e1s\u00e1ll\u00f3 d\u00edszp\u00e1rn\u00e1kat \u00f6sszeill\u0151 sz\u00ednekben, hogy k\u00e9nyelmes \u00e9s sokoldal\u00fa legyen ez az esti pihen\u0151hely.<\/p>\n<h2>Hangulatos fedett terasz f\u00fcz\u00e9rvil\u00e1g\u00edt\u00e1ssal<\/h2>\n<p><img loading=\"lazy\" decoding=\"async\" width=\"700\" height=\"1050\" alt=\"H\u00edvogat\u00f3 k\u00fclt\u00e9ri terasz, k\u00e9nyelmes \u00fcl\u0151hellyel, f\u00fcgg\u0151sz\u00e9kkel \u00e9s meleg f\u00e9ny\u0171 f\u00e9nyf\u00fcz\u00e9rrel, amely bar\u00e1ts\u00e1gos esti hangulatot teremt.\" class=\"aligncenter size-full wp-image-7080\" src=\"https:\/\/doubletakedecor.com\/uploads\/2025\/09\/outdoor-lighting-ideas-dtd-12.jpg\" srcset=\"https:\/\/doubletakedecor.com\/uploads\/2025\/09\/outdoor-lighting-ideas-dtd-12.jpg 700w, https:\/\/doubletakedecor.com\/uploads\/2025\/09\/outdoor-lighting-ideas-dtd-12-200x300.jpg 200w, https:\/\/doubletakedecor.com\/uploads\/2025\/09\/outdoor-lighting-ideas-dtd-12-683x1024.jpg 683w, https:\/\/doubletakedecor.com\/uploads\/2025\/09\/outdoor-lighting-ideas-dtd-12-96x144.jpg 96w, https:\/\/doubletakedecor.com\/uploads\/2025\/09\/outdoor-lighting-ideas-dtd-12-280x420.jpg 280w, https:\/\/doubletakedecor.com\/uploads\/2025\/09\/outdoor-lighting-ideas-dtd-12-320x480.jpg 320w, https:\/\/doubletakedecor.com\/uploads\/2025\/09\/outdoor-lighting-ideas-dtd-12-360x540.jpg 360w, https:\/\/doubletakedecor.com\/uploads\/2025\/09\/outdoor-lighting-ideas-dtd-12-363x545.jpg 363w, https:\/\/doubletakedecor.com\/uploads\/2025\/09\/outdoor-lighting-ideas-dtd-12-370x555.jpg 370w, https:\/\/doubletakedecor.com\/uploads\/2025\/09\/outdoor-lighting-ideas-dtd-12-400x600.jpg 400w, https:\/\/doubletakedecor.com\/uploads\/2025\/09\/outdoor-lighting-ideas-dtd-12-560x840.jpg 560w, https:\/\/doubletakedecor.com\/uploads\/2025\/09\/outdoor-lighting-ideas-dtd-12-480x720.jpg 480w\" sizes=\"auto, (max-width: 700px) 100vw, 700px\" \/><\/p>\n<p>Alak\u00edts ki r\u00e9teges vil\u00e1g\u00edt\u00e1st \u00fagy, hogy a mennyezetre f\u00fcz\u00e9rl\u00e1mp\u00e1kat, a f\u00f6ldre vagy asztalra pedig l\u00e1mp\u00e1sokat helyezel. Tedd k\u00fcl\u00f6nb\u00f6z\u0151 magass\u00e1gokba a f\u00e9nyeket, \u00edgy megsz\u0171nnek az er\u0151s \u00e1rny\u00e9kok, \u00e9s m\u00e9lys\u00e9get kap a t\u00e9r. A legmelegebb hangulathoz v\u00e1lassz 2700-3000K k\u00f6z\u00f6tti sz\u00ednh\u0151m\u00e9rs\u00e9klet\u0171 izz\u00f3kat. Mindig k\u00fclt\u00e9ri haszn\u00e1latra gy\u00e1rtott l\u00e1mp\u00e1kat haszn\u00e1lj, \u00e9s \u00e9rdemes a napelemes megold\u00e1sokat is kipr\u00f3b\u00e1lni, ha energiatakar\u00e9koss\u00e1got szeretn\u00e9l.<\/p>\n<h2>Medencevil\u00e1g\u00edt\u00e1s bef\u0151ttes\u00fcvegekkel<\/h2>\n<p><img loading=\"lazy\" decoding=\"async\" width=\"700\" height=\"1050\" alt=\"Bef\u0151ttes\u00fcvegbe tett f\u00e9nyf\u00fcz\u00e9r l\u00f3g a medence felett alkonyatkor, hangulatos f\u00e9nyt ad a v\u00edznek; h\u00e1tt\u00e9rben piros sz\u00e9kek \u00e9s f\u00e9nyf\u00fcz\u00e9rek.\" class=\"aligncenter size-full wp-image-7086\" src=\"https:\/\/doubletakedecor.com\/uploads\/2025\/09\/outdoor-lighting-ideas-dtd-13.jpg\" srcset=\"https:\/\/doubletakedecor.com\/uploads\/2025\/09\/outdoor-lighting-ideas-dtd-13.jpg 700w, https:\/\/doubletakedecor.com\/uploads\/2025\/09\/outdoor-lighting-ideas-dtd-13-200x300.jpg 200w, https:\/\/doubletakedecor.com\/uploads\/2025\/09\/outdoor-lighting-ideas-dtd-13-683x1024.jpg 683w, https:\/\/doubletakedecor.com\/uploads\/2025\/09\/outdoor-lighting-ideas-dtd-13-96x144.jpg 96w, https:\/\/doubletakedecor.com\/uploads\/2025\/09\/outdoor-lighting-ideas-dtd-13-280x420.jpg 280w, https:\/\/doubletakedecor.com\/uploads\/2025\/09\/outdoor-lighting-ideas-dtd-13-320x480.jpg 320w, https:\/\/doubletakedecor.com\/uploads\/2025\/09\/outdoor-lighting-ideas-dtd-13-360x540.jpg 360w, https:\/\/doubletakedecor.com\/uploads\/2025\/09\/outdoor-lighting-ideas-dtd-13-363x545.jpg 363w, https:\/\/doubletakedecor.com\/uploads\/2025\/09\/outdoor-lighting-ideas-dtd-13-370x555.jpg 370w, https:\/\/doubletakedecor.com\/uploads\/2025\/09\/outdoor-lighting-ideas-dtd-13-400x600.jpg 400w, https:\/\/doubletakedecor.com\/uploads\/2025\/09\/outdoor-lighting-ideas-dtd-13-560x840.jpg 560w, https:\/\/doubletakedecor.com\/uploads\/2025\/09\/outdoor-lighting-ideas-dtd-13-480x720.jpg 480w\" sizes=\"auto, (max-width: 700px) 100vw, 700px\" \/><\/p>\n<p>Akassz fel bef\u0151ttes\u00fcvegeket, amelyekben csillog\u00f3 f\u00e9nyf\u00fcz\u00e9rek vannak, a medence k\u00f6r\u00fcli f\u00e1k \u00e1gaib\u00f3l. Ha t\u00f6bb \u00fcveget k\u00fcl\u00f6nb\u00f6z\u0151 magass\u00e1gban l\u00f3gatsz fel, var\u00e1zslatos f\u00e9nyj\u00e1t\u00e9kot kapsz. A v\u00edzen t\u00fckr\u00f6z\u0151d\u0151 f\u00e9nyek plusz hangulatot adnak. F\u00e9nyf\u00fcz\u00e9rekkel eg\u00e9sz\u00edtsd ki a teraszt, hogy az eg\u00e9sz kert egys\u00e9gesen hangulatos legyen este.<\/p>\n<h2>F\u00fcgg\u0151 \u00fcvegl\u00e1mp\u00e1sok a medence f\u00f6l\u00f6tt<\/h2>\n<p><img loading=\"lazy\" decoding=\"async\" width=\"700\" height=\"1050\" alt=\"F\u00e1b\u00f3l k\u00e9sz\u00fclt ker\u00edt\u00e9st \u00e9s medenc\u00e9t h\u00e1tt\u00e9rbe helyez\u0151, f\u00e1ra akasztott \u00fcvegl\u00e1mp\u00e1sok vil\u00e1g\u00edtj\u00e1k be a nyugodt kerti teret.\" class=\"aligncenter size-full wp-image-7092\" src=\"https:\/\/doubletakedecor.com\/uploads\/2025\/09\/outdoor-lighting-ideas-dtd-14.jpg\" srcset=\"https:\/\/doubletakedecor.com\/uploads\/2025\/09\/outdoor-lighting-ideas-dtd-14.jpg 700w, https:\/\/doubletakedecor.com\/uploads\/2025\/09\/outdoor-lighting-ideas-dtd-14-200x300.jpg 200w, https:\/\/doubletakedecor.com\/uploads\/2025\/09\/outdoor-lighting-ideas-dtd-14-683x1024.jpg 683w, https:\/\/doubletakedecor.com\/uploads\/2025\/09\/outdoor-lighting-ideas-dtd-14-96x144.jpg 96w, https:\/\/doubletakedecor.com\/uploads\/2025\/09\/outdoor-lighting-ideas-dtd-14-280x420.jpg 280w, https:\/\/doubletakedecor.com\/uploads\/2025\/09\/outdoor-lighting-ideas-dtd-14-320x480.jpg 320w, https:\/\/doubletakedecor.com\/uploads\/2025\/09\/outdoor-lighting-ideas-dtd-14-360x540.jpg 360w, https:\/\/doubletakedecor.com\/uploads\/2025\/09\/outdoor-lighting-ideas-dtd-14-363x545.jpg 363w, https:\/\/doubletakedecor.com\/uploads\/2025\/09\/outdoor-lighting-ideas-dtd-14-370x555.jpg 370w, https:\/\/doubletakedecor.com\/uploads\/2025\/09\/outdoor-lighting-ideas-dtd-14-400x600.jpg 400w, https:\/\/doubletakedecor.com\/uploads\/2025\/09\/outdoor-lighting-ideas-dtd-14-560x840.jpg 560w, https:\/\/doubletakedecor.com\/uploads\/2025\/09\/outdoor-lighting-ideas-dtd-14-480x720.jpg 480w\" sizes=\"auto, (max-width: 700px) 100vw, 700px\" \/><\/p>\n<p>Akassz \u00fcvegl\u00e1mp\u00e1sokat er\u0151s fa\u00e1gakra a medenc\u00e9d felett, \u00edgy igazi mesebeli f\u00e9nyhat\u00e1st \u00e9rsz el. Helyezd \u0151ket v\u00e1ltozatos magass\u00e1gba, \u00edgy l\u00e1tv\u00e1nyosabb lesz a t\u00e9r. Biztons\u00e1g \u00e9rdek\u00e9ben haszn\u00e1lj id\u0151j\u00e1r\u00e1s\u00e1ll\u00f3 LED m\u00e9csest, ami tart\u00f3s is marad. Ezzel a megold\u00e1ssal sz\u00e9pen kiemelheted a kert legszebb r\u00e9szeit, mik\u00f6zben hangulatos f\u00e9ny lesz az esti \u00fasz\u00e1shoz vagy besz\u00e9lget\u00e9sekhez.<\/p>\n<h2>L\u00f3g\u00f3l\u00e1mp\u00e1k a verand\u00e1n<\/h2>\n<p><img loading=\"lazy\" decoding=\"async\" width=\"700\" height=\"1050\" alt=\"K\u00fclt\u00e9ri veranda, amelyet l\u00f3g\u00f3 l\u00e1mp\u00e1k vil\u00e1g\u00edtanak meg, k\u00e9nyelmes \u00fcl\u0151hellyel, cs\u00edkos p\u00e1rn\u00e1kkal, term\u00e9szetes anyagokkal.\" class=\"aligncenter size-full wp-image-7098\" src=\"https:\/\/doubletakedecor.com\/uploads\/2025\/09\/outdoor-lighting-ideas-dtd-15.jpg\" srcset=\"https:\/\/doubletakedecor.com\/uploads\/2025\/09\/outdoor-lighting-ideas-dtd-15.jpg 700w, https:\/\/doubletakedecor.com\/uploads\/2025\/09\/outdoor-lighting-ideas-dtd-15-200x300.jpg 200w, https:\/\/doubletakedecor.com\/uploads\/2025\/09\/outdoor-lighting-ideas-dtd-15-683x1024.jpg 683w, https:\/\/doubletakedecor.com\/uploads\/2025\/09\/outdoor-lighting-ideas-dtd-15-96x144.jpg 96w, https:\/\/doubletakedecor.com\/uploads\/2025\/09\/outdoor-lighting-ideas-dtd-15-280x420.jpg 280w, https:\/\/doubletakedecor.com\/uploads\/2025\/09\/outdoor-lighting-ideas-dtd-15-320x480.jpg 320w, https:\/\/doubletakedecor.com\/uploads\/2025\/09\/outdoor-lighting-ideas-dtd-15-360x540.jpg 360w, https:\/\/doubletakedecor.com\/uploads\/2025\/09\/outdoor-lighting-ideas-dtd-15-363x545.jpg 363w, https:\/\/doubletakedecor.com\/uploads\/2025\/09\/outdoor-lighting-ideas-dtd-15-370x555.jpg 370w, https:\/\/doubletakedecor.com\/uploads\/2025\/09\/outdoor-lighting-ideas-dtd-15-400x600.jpg 400w, https:\/\/doubletakedecor.com\/uploads\/2025\/09\/outdoor-lighting-ideas-dtd-15-560x840.jpg 560w, https:\/\/doubletakedecor.com\/uploads\/2025\/09\/outdoor-lighting-ideas-dtd-15-480x720.jpg 480w\" sizes=\"auto, (max-width: 700px) 100vw, 700px\" \/><\/p>\n<p>A veranda felett l\u00f3g\u00f3 l\u00e1mp\u00e1kkal kellemes, meghitt hangulatot var\u00e1zsolhatsz naplemente ut\u00e1n. Helyezd a l\u00e1mp\u00e1kat k\u00fcl\u00f6nb\u00f6z\u0151 magass\u00e1gba, hogy izgalmasabb legyen a l\u00e1tv\u00e1ny, \u00e9s csak k\u00fclt\u00e9ri v\u00e1ltozatot haszn\u00e1lj! V\u00e1lassz meleg f\u00e9ny\u0171 izz\u00f3kat, ezek sokkal bar\u00e1ts\u00e1gosabbak, mint a hidegen vil\u00e1g\u00edt\u00f3 feh\u00e9r f\u00e9nyek, \u00e9s sz\u00e9pen kieg\u00e9sz\u00edtik a fa- vagy term\u00e9szetes anyagokat a verand\u00e1n.<\/p>\n<h2>Kerti \u00f6sv\u00e9ny vil\u00e1g\u00edt\u00e1s l\u00e1mp\u00e1sokkal<\/h2>\n<p><img loading=\"lazy\" decoding=\"async\" width=\"700\" height=\"1050\" alt=\"K\u0151vel kirakott kerti \u00f6sv\u00e9nyt vil\u00e1g\u00edtanak meg strat\u00e9giailag elhelyezett l\u00e1mp\u00e1s form\u00e1j\u00fa vil\u00e1g\u00edt\u00f3testek, melyek vezetik a szem\u00fcnket a d\u00fas n\u00f6v\u00e9nyzeten \u00e1t alkonyatkor.\" class=\"aligncenter size-full wp-image-7104\" src=\"https:\/\/doubletakedecor.com\/uploads\/2025\/09\/outdoor-lighting-ideas-dtd-16.jpg\" srcset=\"https:\/\/doubletakedecor.com\/uploads\/2025\/09\/outdoor-lighting-ideas-dtd-16.jpg 700w, https:\/\/doubletakedecor.com\/uploads\/2025\/09\/outdoor-lighting-ideas-dtd-16-200x300.jpg 200w, https:\/\/doubletakedecor.com\/uploads\/2025\/09\/outdoor-lighting-ideas-dtd-16-683x1024.jpg 683w, https:\/\/doubletakedecor.com\/uploads\/2025\/09\/outdoor-lighting-ideas-dtd-16-96x144.jpg 96w, https:\/\/doubletakedecor.com\/uploads\/2025\/09\/outdoor-lighting-ideas-dtd-16-280x420.jpg 280w, https:\/\/doubletakedecor.com\/uploads\/2025\/09\/outdoor-lighting-ideas-dtd-16-320x480.jpg 320w, https:\/\/doubletakedecor.com\/uploads\/2025\/09\/outdoor-lighting-ideas-dtd-16-360x540.jpg 360w, https:\/\/doubletakedecor.com\/uploads\/2025\/09\/outdoor-lighting-ideas-dtd-16-363x545.jpg 363w, https:\/\/doubletakedecor.com\/uploads\/2025\/09\/outdoor-lighting-ideas-dtd-16-370x555.jpg 370w, https:\/\/doubletakedecor.com\/uploads\/2025\/09\/outdoor-lighting-ideas-dtd-16-400x600.jpg 400w, https:\/\/doubletakedecor.com\/uploads\/2025\/09\/outdoor-lighting-ideas-dtd-16-560x840.jpg 560w, https:\/\/doubletakedecor.com\/uploads\/2025\/09\/outdoor-lighting-ideas-dtd-16-480x720.jpg 480w\" sizes=\"auto, (max-width: 700px) 100vw, 700px\" \/><\/p>\n<p>Helyezz el l\u00e1mp\u00e1sokat a kerti \u00f6sv\u00e9ny ment\u00e9n, \u00edgy egyszerre lesz biztons\u00e1gos \u00e9s hangulatos a s\u00e9ta este. Az ide\u00e1lis hat\u00e1s\u00e9rt 2\u20132,5 m\u00e9terenk\u00e9nt tegy\u00e9l le egy-egy l\u00e1mp\u00e1st, hogy ne legyen t\u00fal vil\u00e1gos, de j\u00f3l l\u00e1tsz\u00f3djon az \u00fat. V\u00e1lassz meleg f\u00e9ny\u0171 izz\u00f3kat, ezek kiemelik a n\u00f6v\u00e9nyeket, mik\u00f6zben j\u00f3l l\u00e1that\u00f3 a j\u00e1rda.<\/p>\n<h2>Sz\u00ednes f\u00e9nyf\u00fcz\u00e9r a fa ker\u00edt\u00e9sen<\/h2>\n<p><img loading=\"lazy\" decoding=\"async\" width=\"700\" height=\"1050\" alt=\"Sz\u00ednes dekorf\u00e9nyek d\u00edsz\u00edtik a fa ker\u00edt\u00e9st: \u00e9l\u00e9nk piros, k\u00e9k, s\u00e1rga \u00e9s z\u00f6ld izz\u00f3k teremtenek vid\u00e1m, \u00fcnnepi k\u00fclt\u00e9ri hangulatot.\" class=\"aligncenter size-full wp-image-7110\" src=\"https:\/\/doubletakedecor.com\/uploads\/2025\/09\/outdoor-lighting-ideas-dtd-17.jpg\" srcset=\"https:\/\/doubletakedecor.com\/uploads\/2025\/09\/outdoor-lighting-ideas-dtd-17.jpg 700w, https:\/\/doubletakedecor.com\/uploads\/2025\/09\/outdoor-lighting-ideas-dtd-17-200x300.jpg 200w, https:\/\/doubletakedecor.com\/uploads\/2025\/09\/outdoor-lighting-ideas-dtd-17-683x1024.jpg 683w, https:\/\/doubletakedecor.com\/uploads\/2025\/09\/outdoor-lighting-ideas-dtd-17-96x144.jpg 96w, https:\/\/doubletakedecor.com\/uploads\/2025\/09\/outdoor-lighting-ideas-dtd-17-280x420.jpg 280w, https:\/\/doubletakedecor.com\/uploads\/2025\/09\/outdoor-lighting-ideas-dtd-17-320x480.jpg 320w, https:\/\/doubletakedecor.com\/uploads\/2025\/09\/outdoor-lighting-ideas-dtd-17-360x540.jpg 360w, https:\/\/doubletakedecor.com\/uploads\/2025\/09\/outdoor-lighting-ideas-dtd-17-363x545.jpg 363w, https:\/\/doubletakedecor.com\/uploads\/2025\/09\/outdoor-lighting-ideas-dtd-17-370x555.jpg 370w, https:\/\/doubletakedecor.com\/uploads\/2025\/09\/outdoor-lighting-ideas-dtd-17-400x600.jpg 400w, https:\/\/doubletakedecor.com\/uploads\/2025\/09\/outdoor-lighting-ideas-dtd-17-560x840.jpg 560w, https:\/\/doubletakedecor.com\/uploads\/2025\/09\/outdoor-lighting-ideas-dtd-17-480x720.jpg 480w\" sizes=\"auto, (max-width: 700px) 100vw, 700px\" \/><\/p>\n<p>Alak\u00edtsd sz\u00edness\u00e9 a kerti ker\u00edt\u00e9st soksz\u00edn\u0171 f\u00e9nyf\u00fcz\u00e9rrel! Az izz\u00f3kat egyenletesen, a fels\u0151 \u00e9len helyezd el a legjobb hat\u00e1s kedv\u00e9\u00e9rt. Haszn\u00e1lj id\u0151j\u00e1r\u00e1s\u00e1ll\u00f3 f\u00e9nyf\u00fcz\u00e9rt, a vezet\u00e9keket pedig er\u0151s csatokkal r\u00f6gz\u00edtsd, hogy ellen\u00e1lljanak az es\u0151nek. LED f\u00e9nyekkel energiahat\u00e9konyabb \u00e9s tart\u00f3sabb lesz a vil\u00e1g\u00edt\u00e1s, b\u00e1rmi is legyen az id\u0151j\u00e1r\u00e1s.<\/p>\n<h2>Hangulatos, h\u00e1tt\u00e9rvil\u00e1g\u00edt\u00e1sos fakeretes \u00fcl\u0151sarok<\/h2>\n<p><img loading=\"lazy\" decoding=\"async\" width=\"700\" height=\"1050\" alt=\"Kivil\u00e1g\u00edtott, L-alak\u00fa k\u00fclt\u00e9ri \u00fcl\u0151garnit\u00fara sz\u00fcrke sz\u00ednben, l\u00e1mp\u00e1s \u00e9s rejtett fa panel vil\u00e1g\u00edt\u00e1s ad r\u00e9teges hangulatf\u00e9nyt.\" class=\"aligncenter size-full wp-image-7116\" src=\"https:\/\/doubletakedecor.com\/uploads\/2025\/09\/outdoor-lighting-ideas-dtd-18.jpg\" srcset=\"https:\/\/doubletakedecor.com\/uploads\/2025\/09\/outdoor-lighting-ideas-dtd-18.jpg 700w, https:\/\/doubletakedecor.com\/uploads\/2025\/09\/outdoor-lighting-ideas-dtd-18-200x300.jpg 200w, https:\/\/doubletakedecor.com\/uploads\/2025\/09\/outdoor-lighting-ideas-dtd-18-683x1024.jpg 683w, https:\/\/doubletakedecor.com\/uploads\/2025\/09\/outdoor-lighting-ideas-dtd-18-96x144.jpg 96w, https:\/\/doubletakedecor.com\/uploads\/2025\/09\/outdoor-lighting-ideas-dtd-18-280x420.jpg 280w, https:\/\/doubletakedecor.com\/uploads\/2025\/09\/outdoor-lighting-ideas-dtd-18-320x480.jpg 320w, https:\/\/doubletakedecor.com\/uploads\/2025\/09\/outdoor-lighting-ideas-dtd-18-360x540.jpg 360w, https:\/\/doubletakedecor.com\/uploads\/2025\/09\/outdoor-lighting-ideas-dtd-18-363x545.jpg 363w, https:\/\/doubletakedecor.com\/uploads\/2025\/09\/outdoor-lighting-ideas-dtd-18-370x555.jpg 370w, https:\/\/doubletakedecor.com\/uploads\/2025\/09\/outdoor-lighting-ideas-dtd-18-400x600.jpg 400w, https:\/\/doubletakedecor.com\/uploads\/2025\/09\/outdoor-lighting-ideas-dtd-18-560x840.jpg 560w, https:\/\/doubletakedecor.com\/uploads\/2025\/09\/outdoor-lighting-ideas-dtd-18-480x720.jpg 480w\" sizes=\"auto, (max-width: 700px) 100vw, 700px\" \/><\/p>\n<p>\u00c9p\u00edts be rejtett vil\u00e1g\u00edt\u00e1st a fa falpanelekbe, \u00edgy m\u00e9lys\u00e9get \u00e9s bar\u00e1ts\u00e1gos f\u00e9nyt adsz a k\u00fclt\u00e9ri pihen\u0151z\u00f3n\u00e1dnak. \u00c1ll\u00edtsd az L-alak\u00fa \u00fcl\u0151garnit\u00far\u00e1t \u00fagy, hogy k\u00e9nyelmes legyen a besz\u00e9lget\u00e9s, egy egyszer\u0171 doh\u00e1nyz\u00f3asztalra pedig tegy\u00e9l l\u00e1mp\u00e1st a tov\u00e1bbi f\u00e9ny\u00e9rt. Magas n\u00f6v\u00e9nyekkel keretezheted a teret, \u00edgy egyszerre lesz meghitt \u00e9s nyitott a hangulat.<\/p>\n<h2>Kivil\u00e1g\u00edtott kerti s\u00e9ta\u00fat<\/h2>\n<p><img loading=\"lazy\" decoding=\"async\" width=\"700\" height=\"1049\" alt=\"Tompa f\u00e9ny\u0171, meleg l\u00e1mp\u00e1sok vil\u00e1g\u00edtj\u00e1k meg a t\u00e9rk\u0151vel kirakott k\u00fclt\u00e9ri j\u00e1rd\u00e1t, melyet bokrok \u00e9s vir\u00e1gok szeg\u00e9lyeznek.\" class=\"aligncenter size-full wp-image-7122\" src=\"https:\/\/doubletakedecor.com\/uploads\/2025\/09\/outdoor-lighting-ideas-dtd-19.jpg\" srcset=\"https:\/\/doubletakedecor.com\/uploads\/2025\/09\/outdoor-lighting-ideas-dtd-19.jpg 700w, https:\/\/doubletakedecor.com\/uploads\/2025\/09\/outdoor-lighting-ideas-dtd-19-200x300.jpg 200w, https:\/\/doubletakedecor.com\/uploads\/2025\/09\/outdoor-lighting-ideas-dtd-19-683x1024.jpg 683w, https:\/\/doubletakedecor.com\/uploads\/2025\/09\/outdoor-lighting-ideas-dtd-19-96x144.jpg 96w, https:\/\/doubletakedecor.com\/uploads\/2025\/09\/outdoor-lighting-ideas-dtd-19-280x420.jpg 280w, https:\/\/doubletakedecor.com\/uploads\/2025\/09\/outdoor-lighting-ideas-dtd-19-320x480.jpg 320w, https:\/\/doubletakedecor.com\/uploads\/2025\/09\/outdoor-lighting-ideas-dtd-19-360x539.jpg 360w, https:\/\/doubletakedecor.com\/uploads\/2025\/09\/outdoor-lighting-ideas-dtd-19-363x544.jpg 363w, https:\/\/doubletakedecor.com\/uploads\/2025\/09\/outdoor-lighting-ideas-dtd-19-370x554.jpg 370w, https:\/\/doubletakedecor.com\/uploads\/2025\/09\/outdoor-lighting-ideas-dtd-19-400x599.jpg 400w, https:\/\/doubletakedecor.com\/uploads\/2025\/09\/outdoor-lighting-ideas-dtd-19-560x839.jpg 560w, https:\/\/doubletakedecor.com\/uploads\/2025\/09\/outdoor-lighting-ideas-dtd-19-480x719.jpg 480w\" sizes=\"auto, (max-width: 700px) 100vw, 700px\" \/><\/p>\n<p>Dobd fel a kerti \u00f6sv\u00e9nyt j\u00f3l elhelyezett l\u00e1mp\u00e1kkal, amelyek egyszerre vil\u00e1g\u00edtj\u00e1k meg biztons\u00e1gosan az utat, \u00e9s sz\u00e9pp\u00e9 var\u00e1zsolj\u00e1k a k\u00f6rnyezetet. A l\u00e1mp\u00e1kat kicsit szemmagass\u00e1g al\u00e1 helyezd, \u00edgy nem vak\u00edtanak, de j\u00f3l l\u00e1tszik hova l\u00e9psz. V\u00e1lassz 2700-3000K k\u00f6z\u00f6tti, meleg f\u00e9ny\u0171 izz\u00f3kat, ezek sz\u00e9pen kiemelik a z\u00f6ld n\u00f6v\u00e9nyeket. Id\u0151z\u00edt\u0151vel is be lehet \u00e1ll\u00edtani, \u00edgy este mag\u00e1t\u00f3l bekapcsol a f\u00e9ny.<\/p>\n<h2>F\u00fcz\u00e9rvil\u00e1g\u00edt\u00e1s az esti hangulathoz<\/h2>\n<p><img loading=\"lazy\" decoding=\"async\" width=\"700\" height=\"1050\" alt=\"K\u00fclt\u00e9ri t\u00e9r, ahol f\u00fcz\u00e9rl\u00e1mp\u00e1k vil\u00e1g\u00edtj\u00e1k meg a lounge sz\u00e9keket, t\u0171zrak\u00f3helyet \u00e9s t\u00fcrkiz \u00e9tkez\u0151szettet a buja n\u00f6v\u00e9nyzet k\u00f6z\u00f6tt.\" class=\"aligncenter size-full wp-image-7128\" src=\"https:\/\/doubletakedecor.com\/uploads\/2025\/09\/outdoor-lighting-ideas-dtd-20.jpg\" srcset=\"https:\/\/doubletakedecor.com\/uploads\/2025\/09\/outdoor-lighting-ideas-dtd-20.jpg 700w, https:\/\/doubletakedecor.com\/uploads\/2025\/09\/outdoor-lighting-ideas-dtd-20-200x300.jpg 200w, https:\/\/doubletakedecor.com\/uploads\/2025\/09\/outdoor-lighting-ideas-dtd-20-683x1024.jpg 683w, https:\/\/doubletakedecor.com\/uploads\/2025\/09\/outdoor-lighting-ideas-dtd-20-96x144.jpg 96w, https:\/\/doubletakedecor.com\/uploads\/2025\/09\/outdoor-lighting-ideas-dtd-20-280x420.jpg 280w, https:\/\/doubletakedecor.com\/uploads\/2025\/09\/outdoor-lighting-ideas-dtd-20-320x480.jpg 320w, https:\/\/doubletakedecor.com\/uploads\/2025\/09\/outdoor-lighting-ideas-dtd-20-360x540.jpg 360w, https:\/\/doubletakedecor.com\/uploads\/2025\/09\/outdoor-lighting-ideas-dtd-20-363x545.jpg 363w, https:\/\/doubletakedecor.com\/uploads\/2025\/09\/outdoor-lighting-ideas-dtd-20-370x555.jpg 370w, https:\/\/doubletakedecor.com\/uploads\/2025\/09\/outdoor-lighting-ideas-dtd-20-400x600.jpg 400w, https:\/\/doubletakedecor.com\/uploads\/2025\/09\/outdoor-lighting-ideas-dtd-20-560x840.jpg 560w, https:\/\/doubletakedecor.com\/uploads\/2025\/09\/outdoor-lighting-ideas-dtd-20-480x720.jpg 480w\" sizes=\"auto, (max-width: 700px) 100vw, 700px\" \/><\/p>\n<p>Akassz fel f\u00fcz\u00e9rl\u00e1mp\u00e1kat a fejed f\u00f6l\u00e9, hogy igaz\u00e1n bar\u00e1ts\u00e1gos legyen a kert este is! Helyezd a l\u00e1mp\u00e1kat keresztben a pihen\u0151hely f\u00f6l\u00e9, \u00edgy mindenhov\u00e1 egyenletesen jut f\u00e9ny. Kombin\u00e1ld t\u0171zrak\u00f3helyet \u00e9s f\u00e9nyf\u00fcz\u00e9rt, \u00edgy izgalmasabb lesz az esti hangulat \u00e9s biztons\u00e1gosabb a f\u00e9ny. Mindig id\u0151j\u00e1r\u00e1s\u00e1ll\u00f3, LED v\u00e1ltozatot v\u00e1lassz \u2013 ez hosszabb ideig m\u0171k\u00f6dik, \u00e9s kevesebb \u00e1ramot fogyaszt.<\/p>\n<h2>Hangulatos, vil\u00e1g\u00edtott terasz \u00fcl\u0151hely<\/h2>\n<p><img loading=\"lazy\" decoding=\"async\" width=\"700\" height=\"1050\" alt=\"K\u00fclt\u00e9ri pihen\u0151sarok fonott sz\u00e9kekkel, sz\u00ednes p\u00e1rn\u00e1kkal, a fa ker\u00edt\u00e9s ment\u00e9n elhelyezett f\u00e9nyf\u00fcz\u00e9r ad meghitt f\u00e9nyt.\" class=\"aligncenter size-full wp-image-7134\" src=\"https:\/\/doubletakedecor.com\/uploads\/2025\/09\/outdoor-lighting-ideas-dtd-21.jpg\" srcset=\"https:\/\/doubletakedecor.com\/uploads\/2025\/09\/outdoor-lighting-ideas-dtd-21.jpg 700w, https:\/\/doubletakedecor.com\/uploads\/2025\/09\/outdoor-lighting-ideas-dtd-21-200x300.jpg 200w, https:\/\/doubletakedecor.com\/uploads\/2025\/09\/outdoor-lighting-ideas-dtd-21-683x1024.jpg 683w, https:\/\/doubletakedecor.com\/uploads\/2025\/09\/outdoor-lighting-ideas-dtd-21-96x144.jpg 96w, https:\/\/doubletakedecor.com\/uploads\/2025\/09\/outdoor-lighting-ideas-dtd-21-280x420.jpg 280w, https:\/\/doubletakedecor.com\/uploads\/2025\/09\/outdoor-lighting-ideas-dtd-21-320x480.jpg 320w, https:\/\/doubletakedecor.com\/uploads\/2025\/09\/outdoor-lighting-ideas-dtd-21-360x540.jpg 360w, https:\/\/doubletakedecor.com\/uploads\/2025\/09\/outdoor-lighting-ideas-dtd-21-363x545.jpg 363w, https:\/\/doubletakedecor.com\/uploads\/2025\/09\/outdoor-lighting-ideas-dtd-21-370x555.jpg 370w, https:\/\/doubletakedecor.com\/uploads\/2025\/09\/outdoor-lighting-ideas-dtd-21-400x600.jpg 400w, https:\/\/doubletakedecor.com\/uploads\/2025\/09\/outdoor-lighting-ideas-dtd-21-560x840.jpg 560w, https:\/\/doubletakedecor.com\/uploads\/2025\/09\/outdoor-lighting-ideas-dtd-21-480x720.jpg 480w\" sizes=\"auto, (max-width: 700px) 100vw, 700px\" \/><\/p>\n<p>Var\u00e1zsold kuck\u00f3ss\u00e1 a teraszt vagy udvart, ha f\u00e9nyf\u00fcz\u00e9reket fesz\u00edtesz ki a ker\u00edt\u00e9sre vagy korl\u00e1tra! A l\u00e1gy f\u00e9ny kellemesebb\u00e9 teszi az \u00f6sszej\u00f6veteleket, \u00e9s nem zavar\u00f3an er\u0151s. Fonott b\u00fatorokkal, vid\u00e1m p\u00e1rn\u00e1kkal \u00e9s egy k\u00fclt\u00e9ri sz\u0151nyeggel m\u00e9g hangulatosabb lehet a t\u00e9r. Ha a vil\u00e1g\u00edt\u00e1st k\u00fcl\u00f6nb\u00f6z\u0151 magass\u00e1gban helyezed el, igaz\u00e1n meghitt lesz a sarkod.<\/p>\n<h2>F\u00e9nyf\u00fcz\u00e9r a ker\u00edt\u00e9s tetej\u00e9n<\/h2>\n<p><img loading=\"lazy\" decoding=\"async\" width=\"700\" height=\"1050\" alt=\"Meleg f\u00e9ny\u0171 f\u00fcz\u00e9rek d\u00edsz\u00edtik v\u00e9gig a rusztikus fa ker\u00edt\u00e9s tetej\u00e9t, bar\u00e1ts\u00e1gos l\u00e9gk\u00f6rt teremtve; s\u0171r\u0171 n\u00f6v\u00e9nyzet eg\u00e9sz\u00edti ki a k\u00e9pet.\" class=\"aligncenter size-full wp-image-7140\" src=\"https:\/\/doubletakedecor.com\/uploads\/2025\/09\/outdoor-lighting-ideas-dtd-22.jpg\" srcset=\"https:\/\/doubletakedecor.com\/uploads\/2025\/09\/outdoor-lighting-ideas-dtd-22.jpg 700w, https:\/\/doubletakedecor.com\/uploads\/2025\/09\/outdoor-lighting-ideas-dtd-22-200x300.jpg 200w, https:\/\/doubletakedecor.com\/uploads\/2025\/09\/outdoor-lighting-ideas-dtd-22-683x1024.jpg 683w, https:\/\/doubletakedecor.com\/uploads\/2025\/09\/outdoor-lighting-ideas-dtd-22-96x144.jpg 96w, https:\/\/doubletakedecor.com\/uploads\/2025\/09\/outdoor-lighting-ideas-dtd-22-280x420.jpg 280w, https:\/\/doubletakedecor.com\/uploads\/2025\/09\/outdoor-lighting-ideas-dtd-22-320x480.jpg 320w, https:\/\/doubletakedecor.com\/uploads\/2025\/09\/outdoor-lighting-ideas-dtd-22-360x540.jpg 360w, https:\/\/doubletakedecor.com\/uploads\/2025\/09\/outdoor-lighting-ideas-dtd-22-363x545.jpg 363w, https:\/\/doubletakedecor.com\/uploads\/2025\/09\/outdoor-lighting-ideas-dtd-22-370x555.jpg 370w, https:\/\/doubletakedecor.com\/uploads\/2025\/09\/outdoor-lighting-ideas-dtd-22-400x600.jpg 400w, https:\/\/doubletakedecor.com\/uploads\/2025\/09\/outdoor-lighting-ideas-dtd-22-560x840.jpg 560w, https:\/\/doubletakedecor.com\/uploads\/2025\/09\/outdoor-lighting-ideas-dtd-22-480x720.jpg 480w\" sizes=\"auto, (max-width: 700px) 100vw, 700px\" \/><\/p>\n<p>Szerelj v\u00e9gig f\u00e9nyf\u00fcz\u00e9rt a fa ker\u00edt\u00e9s tetej\u00e9n, hogy meghitt, \u00f6sszef\u00fcgg\u0151 f\u00e9nyl\u00e1nc vegye k\u00f6r\u00fcl a kertet. Fekete sz\u00edn\u0171 r\u00f6gz\u00edt\u0151kkel er\u0151s\u00edtsd meg a l\u00e1mp\u00e1kat, hogy ellen\u00e1lljanak az es\u0151nek \u00e9s sz\u00e9lnek. Ez a m\u00f3dszer nemcsak vil\u00e1g\u00edt\u00e1st ad, hanem kiemeli a fa erezet\u00e9t \u00e9s a ker\u00edt\u00e9s sz\u00e9ps\u00e9g\u00e9t is. \u00dcltess al\u00e1 s\u0171r\u0171 n\u00f6v\u00e9nyeket, \u00edgy r\u00e9teges, m\u00e9lyebb lesz az esti hat\u00e1s.<\/p>\n<h2>\u00d6sv\u00e9nymelletti l\u00e1mp\u00e1sok kerti f\u00e9nyekhez<\/h2>\n<p><img loading=\"lazy\" decoding=\"async\" width=\"700\" height=\"1050\" alt=\"K\u0151vel kirakott s\u00e9ta\u00fat vezet a puha p\u00e1zsiton, melyet dekorat\u00edv l\u00e1mp\u00e1sok vil\u00e1g\u00edtanak meg, bar\u00e1ts\u00e1gos, h\u00edvogat\u00f3, \u00e9jszakai kerti hangulatot teremtve.\" class=\"aligncenter size-full wp-image-7146\" src=\"https:\/\/doubletakedecor.com\/uploads\/2025\/09\/outdoor-lighting-ideas-dtd-23.jpg\" srcset=\"https:\/\/doubletakedecor.com\/uploads\/2025\/09\/outdoor-lighting-ideas-dtd-23.jpg 700w, https:\/\/doubletakedecor.com\/uploads\/2025\/09\/outdoor-lighting-ideas-dtd-23-200x300.jpg 200w, https:\/\/doubletakedecor.com\/uploads\/2025\/09\/outdoor-lighting-ideas-dtd-23-683x1024.jpg 683w, https:\/\/doubletakedecor.com\/uploads\/2025\/09\/outdoor-lighting-ideas-dtd-23-96x144.jpg 96w, https:\/\/doubletakedecor.com\/uploads\/2025\/09\/outdoor-lighting-ideas-dtd-23-280x420.jpg 280w, https:\/\/doubletakedecor.com\/uploads\/2025\/09\/outdoor-lighting-ideas-dtd-23-320x480.jpg 320w, https:\/\/doubletakedecor.com\/uploads\/2025\/09\/outdoor-lighting-ideas-dtd-23-360x540.jpg 360w, https:\/\/doubletakedecor.com\/uploads\/2025\/09\/outdoor-lighting-ideas-dtd-23-363x545.jpg 363w, https:\/\/doubletakedecor.com\/uploads\/2025\/09\/outdoor-lighting-ideas-dtd-23-370x555.jpg 370w, https:\/\/doubletakedecor.com\/uploads\/2025\/09\/outdoor-lighting-ideas-dtd-23-400x600.jpg 400w, https:\/\/doubletakedecor.com\/uploads\/2025\/09\/outdoor-lighting-ideas-dtd-23-560x840.jpg 560w, https:\/\/doubletakedecor.com\/uploads\/2025\/09\/outdoor-lighting-ideas-dtd-23-480x720.jpg 480w\" sizes=\"auto, (max-width: 700px) 100vw, 700px\" \/><\/p>\n<p>Vil\u00e1g\u00edtsd meg a kerti utat j\u00f3l elhelyezett l\u00e1mp\u00e1sokkal, \u00edgy biztons\u00e1gosan \u00e1tvezetnek a telken, mik\u00f6zben sz\u00e9pen kiemelik a kert k\u00fcl\u00f6nleges r\u00e9szeit. V\u00e1lassz id\u0151j\u00e1r\u00e1s\u00e1ll\u00f3 l\u00e1mp\u00e1t, ami illik az udvar st\u00edlus\u00e1hoz! A l\u00e1mp\u00e1kat mindig egyenletes t\u00e1vols\u00e1gra tedd le a j\u00f3 f\u00e9ny\u00e9rt \u00e9s a biztons\u00e1g\u00e9rt. Ha energiatakar\u00e9kos megold\u00e1st szeretn\u00e9l, v\u00e1lassz napelemes l\u00e1mp\u00e1kat, hiszen ezek nappal t\u00f6lt\u0151dnek fel.<\/p>\n<h2>GYIK<\/h2>\n<details class=\"g-accordion \"><summary><h3>Melyek a legjobb k\u00fclt\u00e9ri vil\u00e1g\u00edt\u00e1si \u00f6tletek?<\/h3><\/summary>\n<p>A k\u00fclt\u00e9ri vil\u00e1g\u00edt\u00e1s jelent\u0151sen jav\u00edthatja otthonod k\u00fclsej\u00e9t \u00e9s haszn\u00e1lhat\u00f3s\u00e1g\u00e1t is. T\u00f6bbf\u00e9le megold\u00e1s k\u00f6z\u00fcl v\u00e1laszthatsz, p\u00e9ld\u00e1ul:<\/p>\n<ul>\n<li>fali l\u00e1mp\u00e1k,<\/li>\n<li>oszlopos l\u00e1mp\u00e1k,<\/li>\n<li>f\u00fcgg\u0151 l\u00e1mp\u00e1k,<\/li>\n<li>f\u00e9nyf\u0171z\u00e9rek,<\/li>\n<li>reflektorok,<\/li>\n<li>napelemes l\u00e1mp\u00e1k.<\/li>\n<\/ul>\n<p>Ezekkel teljesen \u00e1talak\u00edthatod a k\u00fclt\u00e9ri helysz\u00edneket.<\/p>\n<p><strong>A falra \u00e9s oszlopra szerelt l\u00e1mp\u00e1k<\/strong> nem csak f\u00e9nyt adnak a teraszhoz vagy bej\u00e1rathoz, hanem eleg\u00e1nsabb\u00e1 is teszik a teret. Ha otthonos hangulatot szeretn\u00e9l a teraszon vagy verand\u00e1n, <strong>a f\u00fcgg\u0151 l\u00e1mp\u00e1k<\/strong> ide\u00e1lisak.<\/p>\n<p><strong>A f\u00e9nyf\u0171z\u00e9rek<\/strong> nagyon sokf\u00e9lek\u00e9ppen haszn\u00e1lhat\u00f3k: f\u00e1kra vagy \u00e9p\u00fcletekre felf\u00fcggesztve vid\u00e1m, \u00fcnnepi hangulatot var\u00e1zsolnak. Ek\u00f6zben <strong>a reflektorok<\/strong> a biztons\u00e1got n\u00f6velik, mivel er\u0151s f\u00e9ny\u00fckkel elriasztj\u00e1k a betolakod\u00f3kat. <strong>A napelemes l\u00e1mp\u00e1k<\/strong> k\u00f6rnyezetbar\u00e1tak, hiszen a nap energi\u00e1j\u00e1val m\u0171k\u00f6dnek, \u00edgy p\u00e9ld\u00e1ul kerti vagy j\u00e1rdal\u00e1mpak\u00e9nt is meg\u00e1llj\u00e1k a hely\u00fcket.<\/p>\n<p>Minden megold\u00e1s m\u00e1s-m\u00e1s c\u00e9lt szolg\u00e1l\u2014lehet, hogy a hangulatra, lehet, hogy a biztons\u00e1gra f\u00f3kusz\u00e1l. Ha tudatosan kombin\u00e1lod \u0151ket, a kerted nemcsak praktikus, hanem igaz\u00e1n sz\u00e9p is lesz.<\/p>\n<\/details><details class=\"g-accordion \"><summary><h3>Milyen st\u00edlus\u00fa k\u00fclt\u00e9ri vil\u00e1g\u00edt\u00e1sok l\u00e9teznek?<\/h3><\/summary>\n<p>A k\u00fclt\u00e9ri vil\u00e1g\u00edt\u00e1s sokf\u00e9le lehet\u0151s\u00e9get k\u00edn\u00e1l, hogy illeszkedjen b\u00e1rmilyen k\u00f6rnyezetbe.<\/p>\n<ul>\n<li><strong>A fali l\u00e1mp\u00e1k<\/strong> nemcsak hangulatos f\u00e9nyt adnak, hanem kiemelik a h\u00e1z sz\u00e9p r\u00e9szleteit is, \u00edgy j\u00f3l mutatnak p\u00e9ld\u00e1ul a bej\u00e1ratn\u00e1l vagy teraszon,<\/li>\n<li><strong>az oszlopos l\u00e1mp\u00e1k<\/strong> eleg\u00e1nsabb\u00e1 teszik a bej\u00e1ratokat \u00e9s j\u00e1rd\u00e1kat, d\u00edsz\u00edt\u0151 \u00e9s praktikus c\u00e9lt is szolg\u00e1lnak,<\/li>\n<li>ha meghitt l\u00e9gk\u00f6rt szeretn\u00e9l a torn\u00e1con vagy teraszon, <strong>a f\u00fcgg\u0151 l\u00e1mp\u00e1k<\/strong> remek v\u00e1laszt\u00e1snak sz\u00e1m\u00edtanak.<\/li>\n<\/ul>\n<p>A f\u00e9nyf\u0171z\u00e9rek vid\u00e1m hangulatot adnak a f\u00e1knak vagy m\u00e1s kerti t\u00e1rgyaknak, r\u00e1ad\u00e1sul nagyon sokf\u00e9lek\u00e9ppen haszn\u00e1lhat\u00f3ak.<\/p>\n<p>Ha a biztons\u00e1g a legfontosabb, <strong>a reflektorok<\/strong> er\u0151s f\u00e9ny\u00fckkel sokat seg\u00edtenek a betolakod\u00f3k t\u00e1vol tart\u00e1s\u00e1ban.<\/p>\n<p><strong>A kertvil\u00e1g\u00edt\u00e1s<\/strong> sz\u00e9pp\u00e9 teszi a kertet azzal, hogy kiemeli a n\u00f6v\u00e9nyeket vagy v\u00edzj\u00e1t\u00e9kokat. A k\u00f6rnyezetbar\u00e1t <strong>napelemes l\u00e1mp\u00e1k<\/strong> pedig nappal a napf\u00e9ny energi\u00e1j\u00e1t haszn\u00e1lj\u00e1k, amit este f\u00e9nyk\u00e9nt adnak vissza.<\/p>\n<p>A k\u00fcl\u00f6nb\u00f6z\u0151 t\u00edpusok j\u00f3l alkalmazkodnak a v\u00e1ltozatos k\u00fclt\u00e9ri ig\u00e9nyekhez, \u00edgy mindenki megtal\u00e1lhatja azt, ami a hangulathoz, biztons\u00e1ghoz vagy praktikuss\u00e1ghoz a legjobban passzol.<\/p>\n<\/details><details class=\"g-accordion \"><summary><h3>Mik a \u201eokos\u201d k\u00fclt\u00e9ri vil\u00e1g\u00edt\u00e1s el\u0151nyei?<\/h3><\/summary>\n<p>Az okos k\u00fclt\u00e9ri vil\u00e1g\u00edt\u00e1s sokf\u00e9le el\u0151nyt ny\u00fajt, hogy k\u00e9nyelmesebb \u00e9s biztons\u00e1gosabb legyen a kert vagy az udvar. Az egyik legjobb dolog, hogy egy telefonos applik\u00e1ci\u00f3val k\u00f6nnyen be\u00e1ll\u00edthatod a f\u00e9nyer\u0151t vagy id\u0151z\u00edtheted, mikor kapcsoljanak be a l\u00e1mp\u00e1k.<\/p>\n<ul>\n<li><strong>Energiatakar\u00e9koss\u00e1g<\/strong> is nagy el\u0151nye,<\/li>\n<li>mert ezek a l\u00e1mp\u00e1k csak akkor kapcsolnak be, amikor t\u00e9nyleg sz\u00fcks\u00e9g van r\u00e1juk, \u00edgy cs\u00f6kkenthet\u0151 az \u00e1ramfogyaszt\u00e1s,<\/li>\n<li>ha pedig otthonautomatika rendszerhez csatlakoztatod, m\u00e9g hat\u00e9konyabb lehet az energiafelhaszn\u00e1l\u00e1s.<\/li>\n<\/ul>\n<p>Az okos vil\u00e1g\u00edt\u00e1s tov\u00e1bb n\u00f6velheti a biztons\u00e1got is, mivel mozg\u00e1s\u00e9rz\u00e9kel\u0151ikkel azonnal bekapcsolnak, ha valaki k\u00f6zeledik. <strong>Ez nemcsak elriasztja a betolakod\u00f3kat, de biztons\u00e1gosabb\u00e1 is teszi a h\u00e1zat.<\/strong><\/p>\n<p>Emellett k\u00f6nnyen szem\u00e9lyre szabhatod: v\u00e1ltoztathatsz sz\u00ednt, villog\u00e1st vagy f\u00e9nyj\u00e1t\u00e9kot, hogy illeszkedjen a kedvedhez vagy egy k\u00fcl\u00f6nleges alkalomhoz. Az okos k\u00fclt\u00e9ri f\u00e9nyek teh\u00e1t rugalmasak, takar\u00e9kosak \u00e9s biztons\u00e1gosabb\u00e1 is var\u00e1zsolj\u00e1k az udvart.<\/p>\n<\/details><details class=\"g-accordion \"><summary><h3>Melyiket v\u00e1lasszam: Vezet\u00e9kes vagy napelemes k\u00fclt\u00e9ri vil\u00e1g\u00edt\u00e1st?<\/h3><\/summary>\n<p>Az ide\u00e1lis k\u00fclt\u00e9ri vil\u00e1g\u00edt\u00e1s kiv\u00e1laszt\u00e1s\u00e1n\u00e1l \u00e9rdemes figyelembe venni, mire is lesz pontosan sz\u00fcks\u00e9ged.<\/p>\n<ul>\n<li><strong>A vezet\u00e9kes l\u00e1mp\u00e1k<\/strong> tart\u00f3sabb megold\u00e1st adnak a teraszokon vagy kerti s\u00e9t\u00e1nyokon, mert folyamatos az \u00e1ramell\u00e1t\u00e1suk,<\/li>\n<li>de \u00e1ltal\u00e1ban villanyszerel\u0151 kell a felszerel\u00e9s\u00fckh\u00f6z, mert elektromos munk\u00e1t ig\u00e9nyelnek,<\/li>\n<li><strong>a napelemes l\u00e1mp\u00e1k<\/strong> viszont k\u00f6nnyen telep\u00edthet\u0151k, k\u00f6rnyezetbar\u00e1tak \u00e9s nem ig\u00e9nyelnek vezet\u00e9kez\u00e9st,<\/li>\n<li>legink\u00e1bb napos helyeken m\u0171k\u00f6dnek j\u00f3l, \u00e9s ide\u00e1lisak, ha gyakran v\u00e1ltoztatn\u00e1d meg, hova ker\u00fcljenek,<\/li>\n<li>v\u00e1laszt\u00e1s el\u0151tt gondold \u00e1t, mi lesz a hely, mire haszn\u00e1lod majd a l\u00e1mp\u00e1t, \u00e9s mennyire sz\u00e1m\u00edt az energiahat\u00e9konys\u00e1g.<\/li>\n<\/ul>\n<\/details><details class=\"g-accordion \"><summary><h3>Mi\u00e9rt k\u00f6rnyezetbar\u00e1t megold\u00e1s a napelemes vil\u00e1g\u00edt\u00e1s?<\/h3><\/summary>\n<p>A napelemes l\u00e1mp\u00e1k <strong>k\u00f6rnyezettudatos m\u00f3dszert<\/strong> k\u00edn\u00e1lnak a k\u00fclt\u00e9ri vil\u00e1g\u00edt\u00e1sra. A nap energi\u00e1j\u00e1t haszn\u00e1lj\u00e1k fel, \u00edgy kevesebb \u00e1ramot fogyasztanak, ezzel pedig kisebb lesz az \u00f6kol\u00f3giai l\u00e1bnyomod is. Ezek a l\u00e1mp\u00e1k az \u00f6sszegy\u0171jt\u00f6tt napf\u00e9nyt alak\u00edtj\u00e1k \u00e1t vil\u00e1g\u00edt\u00e1ss\u00e1, <strong>ami j\u00f3t tesz a k\u00f6rnyezetnek<\/strong>, \u00e9s seg\u00edt sp\u00f3rolni is az \u00e1ramsz\u00e1ml\u00e1n.<\/p>\n<p><strong>Nagy el\u0151ny\u00fck, hogy k\u00f6nnyen felszerelhet\u0151k.<\/strong> Nincs sz\u00fcks\u00e9g vezet\u00e9kekre, b\u00e1rhov\u00e1 lerakhatod \u0151ket, ahov\u00e1 szeretn\u00e9d. Ez a gyors \u00e9s egyszer\u0171 megold\u00e1s id\u0151takar\u00e9kos, \u00e9s tiszta energi\u00e1val vil\u00e1g\u00edtja be a kertet.<\/p>\n<\/details><details class=\"g-accordion \"><summary><h3>Milyen p\u00e9nzt\u00e1rcabar\u00e1t k\u00fclt\u00e9ri vil\u00e1g\u00edt\u00e1si \u00f6tletek vannak?<\/h3><\/summary>\n<p><strong>A napelemes l\u00e1mp\u00e1k<\/strong>, <strong>f\u00e9nyf\u00fcz\u00e9rek<\/strong> \u00e9s <strong>DIY \u00f6tletek<\/strong> igaz\u00e1n k\u00f6lts\u00e9ghat\u00e9kony megold\u00e1st ny\u00fajtanak a kert vil\u00e1g\u00edt\u00e1s\u00e1ra.<\/p>\n<ul>\n<li>A napelemes l\u00e1mp\u00e1k a napf\u00e9nyt hasznos\u00edtj\u00e1k, nem kell hozz\u00e1juk vezet\u00e9kez\u00e9s, \u00e9s energiatakar\u00e9kosak,<\/li>\n<li>kiv\u00e1l\u00f3ak utak vagy kertr\u00e9szek megvil\u00e1g\u00edt\u00e1s\u00e1hoz,<\/li>\n<li>a f\u00e9nyf\u00fcz\u00e9rek meleg, meghitt hangulatot teremtenek a teraszon vagy a f\u00e1k k\u00f6z\u00f6tt, ami kev\u00e9sb\u00e9 dr\u00e1ga, m\u00e9gis l\u00e1tv\u00e1nyos megold\u00e1s,<\/li>\n<li>DIY \u00f6tletekkel olcs\u00f3 alapanyagokb\u00f3l is egyedi f\u00e9nyeket k\u00e9sz\u00edthetsz, hogy igaz\u00e1n a saj\u00e1t \u00edzl\u00e9sed szerint alak\u00edtsd a kertet,<\/li>\n<li>ezek a lehet\u0151s\u00e9gek egyszer\u0171en feldobj\u00e1k a k\u00fclt\u00e9ri teret an\u00e9lk\u00fcl, hogy a p\u00e9nzt\u00e1rc\u00e1dat megterheln\u00e9k.<\/li>\n<\/ul>\n<\/details><details class=\"g-accordion \"><summary><h3>Milyen sz\u00edn\u0171 vil\u00e1g\u00edt\u00e1sok k\u00f6z\u00fcl lehet v\u00e1lasztani k\u00fclt\u00e9ren?<\/h3><\/summary>\n<p>A k\u00fclt\u00e9ri vil\u00e1g\u00edt\u00e1s sz\u00ednvil\u00e1ga sokf\u00e9le ig\u00e9nyhez \u00e9s hangulathoz alkalmazkodik. Ezek k\u00f6z\u00fcl a legn\u00e9pszer\u0171bbek:<\/p>\n<ul>\n<li><strong>a meleg feh\u00e9r<\/strong> bar\u00e1ts\u00e1gos, otthonos f\u00e9nyt ad, \u00edgy j\u00f3 v\u00e1laszt\u00e1s lehet teraszra vagy verand\u00e1ra,<\/li>\n<li><strong>a hideg feh\u00e9r<\/strong> tiszta, modern hat\u00e1st kelt, gyakran haszn\u00e1lj\u00e1k biztons\u00e1gi c\u00e9lokra, vagy a kocsibe\u00e1ll\u00f3, j\u00e1rda megvil\u00e1g\u00edt\u00e1s\u00e1ra,<\/li>\n<li><strong>a sz\u00ednes f\u00e9nyek<\/strong> vid\u00e1m hangulatot teremtenek, k\u00fcl\u00f6nleges alkalmakra, bulikra vagy a kert egy-egy r\u00e9sz\u00e9nek kiemel\u00e9s\u00e9re remekek.<\/li>\n<\/ul>\n<p><strong>Ezekkel a f\u00e9nyekkel egyszer\u0171en, saj\u00e1t \u00edzl\u00e9sed szerint alak\u00edthatod a k\u00fclt\u00e9ri terek hangulat\u00e1t.<\/strong><\/p>\n<\/details><details class=\"g-accordion \"><summary><h3>Hogyan n\u00f6veli a k\u00fclt\u00e9ri vil\u00e1g\u00edt\u00e1s a biztons\u00e1got?<\/h3><\/summary>\n<p>A k\u00fclt\u00e9ri vil\u00e1g\u00edt\u00e1s elengedhetetlen a <strong>biztons\u00e1g \u00e9s v\u00e9detts\u00e9g<\/strong> szempontj\u00e1b\u00f3l is. A vil\u00e1g\u00edt\u00e1ssal l\u00e1that\u00f3v\u00e1 v\u00e1lik az \u00fat, a bej\u00e1rat vagy a s\u00f6t\u00e9t sarkok, \u00edgy j\u00f3val k\u00f6nnyebb \u00e9s biztons\u00e1gosabb k\u00f6zlekedni a kertben, f\u0151leg este. Ez a jobb l\u00e1that\u00f3s\u00e1g seg\u00edt megel\u0151zni a baleseteket, \u00e9s magabiztosabb\u00e1 teszi a mozg\u00e1st.<\/p>\n<p><strong>A biztons\u00e1gi l\u00e1mp\u00e1k<\/strong> elrettenthetik a betolakod\u00f3kat, \u00edgy sokkal kisebb az es\u00e9lye, hogy illet\u00e9ktelenek j\u00f6jjenek a kertbe. A megfelel\u0151 vil\u00e1g\u00edt\u00e1s cs\u00f6kkenti az elbotl\u00e1s vagy egy\u00e9b balesetek kock\u00e1zat\u00e1t is, k\u00fcl\u00f6n\u00f6sen s\u00f6t\u00e9tben.<\/p>\n<ul>\n<li>Az \u00fatsz\u00e9li l\u00e1mp\u00e1k megmutatj\u00e1k, merre j\u00e1rd biztons\u00e1gosan az \u00f6sv\u00e9nyt,<\/li>\n<li>a mozg\u00e1s\u00e9rz\u00e9kel\u0151s l\u00e1mp\u00e1k plusz v\u00e9delmet ny\u00fajtanak, hiszen csak mozg\u00e1sra kapcsolnak be,<\/li>\n<li>a k\u00fclt\u00e9ri vil\u00e1g\u00edt\u00e1s teh\u00e1t nemcsak szebb, hanem biztons\u00e1gosabb is lesz t\u0151le a k\u00f6rnyezet.<\/li>\n<\/ul>\n<\/details><details class=\"g-accordion \"><summary><h3>Mi\u00e9rt fontos a j\u00e1rdavil\u00e1g\u00edt\u00e1s a biztons\u00e1g \u00e9rdek\u00e9ben?<\/h3><\/summary>\n<p>A j\u00e1rda ment\u00e9n elhelyezett l\u00e1mp\u00e1k nagyon fontosak, mert f\u00e9nyt adnak az \u00fatnak, \u00edgy elker\u00fclhet\u0151ek a botl\u00e1sok \u00e9s es\u00e9sek. El\u00e9g vil\u00e1goss\u00e1got biztos\u00edtanak ahhoz, hogy vend\u00e9geid is k\u00f6nnyen megtal\u00e1lj\u00e1k a bej\u00e1ratot s\u00f6t\u00e9tben. Ezek a vil\u00e1g\u00edt\u00f3testek d\u00edsz\u00edtik is a kertet, mert l\u00e1gyan kijel\u00f6lik a j\u00e1rda vonal\u00e1t. Jobb lesz a l\u00e1that\u00f3s\u00e1g, \u00edgy k\u00f6nnyebben \u00e9szrevehet\u0151 lesz minden akad\u00e1ly vagy egyenetlen r\u00e9sz is. <strong>A j\u00e1rdavil\u00e1g\u00edt\u00e1s teh\u00e1t egyszerre ny\u00fajt biztons\u00e1got \u00e9s sz\u00e9p\u00edti a kertedet.<\/strong><\/p>\n<\/details><details class=\"g-accordion \"><summary><h3>Hogyan jav\u00edtja a terasz- \u00e9s l\u00e9pcs\u0151vil\u00e1g\u00edt\u00e1s a biztons\u00e1got?<\/h3><\/summary>\n<p>A teraszon \u00e9s l\u00e9pcs\u0151n elhelyezett vil\u00e1g\u00edt\u00e1s nagyban seg\u00edt a biztons\u00e1gos k\u00f6zleked\u00e9sben, k\u00fcl\u00f6n\u00f6sen s\u00f6t\u00e9tben. A l\u00e9pcs\u0151fokok \u00e9s a j\u00e1r\u00f3fel\u00fcletek j\u00f3l l\u00e1that\u00f3v\u00e1 v\u00e1lnak, \u00edgy sokkal kevesebb az es\u00e9lye a botl\u00e1snak vagy eles\u00e9snek\u2014ez f\u0151leg egyenetlen vagy s\u00f6t\u00e9t helyeken sz\u00e1m\u00edt rengeteget. Az er\u0151sebb f\u00e9ny r\u00e1ad\u00e1sul a betolakod\u00f3kat is elt\u00e1ntor\u00edthatja, ami miatt biztons\u00e1gosabb lesz az otthonod.<\/p>\n<p><strong>T\u00f6bbf\u00e9le vil\u00e1g\u00edt\u00e1s k\u00f6z\u00fcl v\u00e1laszthatsz:<\/strong><\/p>\n<ul>\n<li>be\u00e9p\u00edtett <strong>LED l\u00e1mp\u00e1k<\/strong>,<\/li>\n<li>napelemes f\u00e9nyek,<\/li>\n<li>kisfesz\u00fclts\u00e9g\u0171 l\u00e1mp\u00e1k.<\/li>\n<\/ul>\n<p>Ezek mind nemcsak a biztons\u00e1got n\u00f6velik, de d\u00edsz\u00edtik is a teret \u00e9s energi\u00e1t is takar\u00edtanak meg.<\/p>\n<\/details> <details class=\"g-accordion \"><summary><h3>Milyen szerepet j\u00e1tszanak a reflektorok a k\u00fclt\u00e9ri biztons\u00e1gban?<\/h3><\/summary>\n<p>A reflektorok elengedhetetlenek a k\u00fclt\u00e9ri biztons\u00e1ghoz, mivel er\u0151s f\u00e9ny\u00fckkel nagy ter\u00fcleteket vil\u00e1g\u00edtanak be. Ez az intenz\u00edv f\u00e9ny megnehez\u00edti, hogy illet\u00e9ktelenek felt\u0171n\u00e9s n\u00e9lk\u00fcl k\u00f6zel\u00edtsenek meg egy ter\u00fcletet, \u00e9s egyben elriasztja a bet\u00f6r\u0151ket. Sok reflektor <strong>mozg\u00e1s\u00e9rz\u00e9kel\u0151vel<\/strong> is rendelkezik, \u00edgy csak akkor kapcsolnak be, ha mozg\u00e1st \u00e9szlelnek, ezzel m\u00e9g nagyobb v\u00e9delmet ny\u00fajtanak. K\u00fcl\u00f6n\u00f6sen hasznosak a k\u00f6vetkez\u0151 helyeken:<\/p>\n<ul>\n<li>kocsibe\u00e1ll\u00f3k,<\/li>\n<li>h\u00e1ts\u00f3 kertek,<\/li>\n<li>bej\u00e1ratok.<\/li>\n<\/ul>\n<p>Ha ezek a ter\u00fcletek mindig j\u00f3l meg vannak vil\u00e1g\u00edtva, <strong>az reflektorok jelent\u0151sen n\u00f6velik a k\u00fclt\u00e9ri biztons\u00e1got.<\/strong><\/p>\n<\/details><details class=\"g-accordion \"><summary><h3>Hogyan seg\u00edtenek a mozg\u00e1s\u00e9rz\u00e9kel\u0151s l\u00e1mp\u00e1k az energiahat\u00e9konys\u00e1gban?<\/h3><\/summary>\n<p><strong>Mozg\u00e1s\u00e9rz\u00e9kel\u0151s l\u00e1mp\u00e1k<\/strong> az\u00e9rt takar\u00e9kosak, mert csak akkor kapcsolnak be, ha t\u00e9nyleg mozg\u00e1st \u00e9rz\u00e9kelnek \u2013 \u00edgy elker\u00fclhet\u0151 a felesleges \u00e1ramfelhaszn\u00e1l\u00e1s. Ez azt jelenti, hogy a vil\u00e1g\u00edt\u00e1s csak val\u00f3ban sz\u00fcks\u00e9g eset\u00e9n m\u0171k\u00f6dik, ami jelent\u0151sen cs\u00f6kkenti a villanysz\u00e1ml\u00e1t \u00e9s hozz\u00e1j\u00e1rul a k\u00f6rnyezetv\u00e9delemhez is.<\/p>\n<p>Ezek az \u00e9rz\u00e9kel\u0151k <strong>okos k\u00fclt\u00e9ri vil\u00e1g\u00edt\u00e1si rendszerekbe<\/strong> is integr\u00e1lhat\u00f3k, amelyek t\u00e1vir\u00e1ny\u00edt\u00e1ssal vagy telefonos alkalmaz\u00e1ssal k\u00f6nnyen vez\u00e9relhet\u0151k \u00e9s id\u0151z\u00edthet\u0151k. Ha a mozg\u00e1s\u00e9rz\u00e9kel\u0151t energiatakar\u00e9kos funkci\u00f3kkal kombin\u00e1lod, nagyszer\u0171 megold\u00e1st kapsz, ami v\u00e9di a k\u00f6rnyezetet \u2013 mik\u00f6zben biztons\u00e1gos \u00e9s j\u00f3l m\u0171k\u00f6d\u0151 lesz a kerted vagy az udvarod.<\/p>\n<\/details><details class=\"g-accordion \"><summary><h3>\u00c9rdemes-e alkonyatt\u00f3l pirkadatig m\u0171k\u00f6d\u0151 l\u00e1mp\u00e1kat v\u00e1lasztani automatikus m\u0171k\u00f6d\u00e9shez?<\/h3><\/summary>\n<p><strong>Az alkonyatt\u00f3l pirkadatig vil\u00e1g\u00edt\u00f3 l\u00e1mp\u00e1k<\/strong> k\u00e9nyelmes \u00e9s hat\u00e9kony m\u00f3dj\u00e1t jelentik a k\u00fclt\u00e9ri vil\u00e1g\u00edt\u00e1snak. Ezek a l\u00e1mp\u00e1k naplemente ut\u00e1n automatikusan bekapcsolnak, \u00e9s napkeltekor magukt\u00f3l lekapcsolnak, \u00edgy folyamatosan vil\u00e1g\u00edtanak an\u00e9lk\u00fcl, hogy neked kellene kapcsolgatni \u0151ket. Ezzel nemcsak megk\u00f6nny\u00edtik a h\u00e9tk\u00f6znapokat, hanem biztons\u00e1gosabb\u00e1 is teszik a k\u00f6rnyezetet \u2013 az eg\u00e9sz \u00e9jszaka vil\u00e1g\u00edt\u00f3 f\u00e9ny elriasztja a h\u00edvatlan vend\u00e9geket. F\u0151leg bej\u00e1ratokn\u00e1l, teraszokon \u00e9s kertekben hasznosak, mert elfelejtheted, mikor kellene le- vagy felkapcsolni. Az ilyen l\u00e1mp\u00e1k \u00e9rz\u00e9kel\u0151i a f\u00e9nyviszonyokat is figyelik, \u00edgy csak akkor vil\u00e1g\u00edtanak, ha t\u00e9nyleg kell \u2013 ezzel is energi\u00e1t takar\u00edtanak meg.<\/p>\n<\/details><details class=\"g-accordion \"><summary><h3>Milyen el\u0151nyei vannak a kertvil\u00e1g\u00edt\u00e1snak?<\/h3><\/summary>\n<p>A kertvil\u00e1g\u00edt\u00e1s sokf\u00e9le el\u0151nnyel j\u00e1r: nemcsak szebb\u00e9, hanem haszn\u00e1lhat\u00f3bb\u00e1 is teszi a k\u00fclt\u00e9ri ter\u00fcleteket.<\/p>\n<p>Seg\u00edts\u00e9g\u00e9vel kiemelhetsz olyan elemeket, mint p\u00e9ld\u00e1ul:<\/p>\n<ul>\n<li>f\u00e1k,<\/li>\n<li>bokrok,<\/li>\n<li>kerti szobrok.<\/li>\n<\/ul>\n<p>Ha bevil\u00e1g\u00edtod az utakat \u00e9s a s\u00f6t\u00e9t sarkokat, biztons\u00e1gosabb\u00e1 teszed a kertet, \u00e9s cs\u00f6kkented a balesetek es\u00e9ly\u00e9t, \u00edgy m\u00e9g est\u00e9nk\u00e9nt is k\u00f6nnyebb k\u00f6zlekedni.<\/p>\n<p>A kertvil\u00e1g\u00edt\u00e1s r\u00e1ad\u00e1sul meghitt hangulatot teremt, \u00edgy ak\u00e1r bar\u00e1ti \u00f6sszej\u00f6vetelekhez, ak\u00e1r esti pihen\u00e9shez is alkalmas lesz a kert.<\/p>\n<p>J\u00f3l elhelyezett l\u00e1mp\u00e1kkal, p\u00e9ld\u00e1ul talajba s\u00fcllyeszthet\u0151 f\u00e9nyekkel vagy ir\u00e1ny\u00edtott reflektorokkal, l\u00e1tv\u00e1nyos f\u00e9nyj\u00e1t\u00e9kot hozhatsz l\u00e9tre. Az \u00f6sv\u00e9nyek ment\u00e9n elhelyezett l\u00e1mp\u00e1k pedig nem csak a biztons\u00e1got n\u00f6velik, hanem st\u00edlusosabb\u00e1 is teszik a kerteket, j\u00e1rd\u00e1kat.<\/p>\n<p><strong>Ha energiatakar\u00e9kos, p\u00e9ld\u00e1ul LED-es \u00e9g\u0151ket v\u00e1lasztasz, mindezt m\u00e9g gazdas\u00e1gosabban \u00e9lvezheted.<\/strong> Ezek ak\u00e1r <strong>40 000 \u00f3r\u00e1n<\/strong> \u00e1t is m\u0171k\u00f6dnek, \u00e9s sokkal kevesebb \u00e1ramot fogyasztanak, mint a hagyom\u00e1nyos izz\u00f3k, \u00edgy k\u00f6rnyezetk\u00edm\u00e9l\u0151bbek \u00e9s hossz\u00fa t\u00e1von p\u00e9nzt is megtakar\u00edtasz, mert ritk\u00e1bban kell cser\u00e9lni \u0151ket.<\/p>\n<\/details><details class=\"g-accordion \"><summary><h3>Hogyan dobj\u00e1k fel a k\u00fclt\u00e9ri tereket a fali l\u00e1mp\u00e1k?<\/h3><\/summary>\n<p>A fali l\u00e1mp\u00e1k kellemes hangulatot visznek a k\u00fclt\u00e9ri helysz\u00ednekre, l\u00e1gy f\u00e9ny\u00fck pedig kiemeli az \u00e9p\u00fclet sz\u00e9p r\u00e9szleteit. Meghitt\u00e9 teszik a teraszokat, fedett bej\u00e1r\u00f3kat, vagy b\u00e1rmelyik k\u00fclt\u00e9ri pihen\u0151helyet, amib\u0151l \u00edgy igazi kis mened\u00e9k v\u00e1lik. Ha \u00fcgyesen helyezed el a fali l\u00e1mp\u00e1kat, jav\u00edtj\u00e1k a l\u00e1t\u00e1si viszonyokat, \u00e9s m\u00e9g szebb\u00e9 is teszik a k\u00f6rnyezetet. <strong>Ezek a l\u00e1mp\u00e1k t\u00f6k\u00e9letesen \u00f6tv\u00f6zik a praktikumot \u00e9s az eleganci\u00e1t, \u00edgy a k\u00fclt\u00e9ri terek \u00f6sszk\u00e9p\u00e9t is emelik.<\/strong><\/p>\n<\/details><details class=\"g-accordion \"><summary><h3>Hogyan v\u00e1ltoztatj\u00e1k meg a f\u00fcgg\u0151l\u00e1mp\u00e1k a teraszokat \u00e9s verand\u00e1kat?<\/h3><\/summary>\n<p>A f\u00fcgg\u0151l\u00e1mp\u00e1k teljesen \u00e1t tudj\u00e1k alak\u00edtani a terasz vagy veranda hangulat\u00e1t: d\u00edsz\u00edt\u0151elemk\u00e9nt m\u0171k\u00f6dnek, \u00e9s kellemes, bar\u00e1ts\u00e1gos k\u00f6zeget teremtenek. Hat\u00e1rozottan kijel\u00f6lik a k\u00fcl\u00f6nb\u00f6z\u0151 k\u00fclt\u00e9ri tereket, \u00e9s feldobj\u00e1k a l\u00e1tv\u00e1nyt. T\u00f6k\u00e9letesek, ha nyugodt l\u00e9gk\u00f6rt szeretn\u00e9l, vagy vacsoravend\u00e9geket v\u00e1rsz \u2013 k\u00fcl\u00f6n\u00f6sen j\u00f3l mutatnak, ha gerend\u00e1kr\u00f3l, pergol\u00e1kr\u00f3l l\u00f3gnak le, hangs\u00falyozva a dekor\u00e1ci\u00f3t \u00e9s az \u00e9p\u00fclet karakter\u00e9t. Legyen sz\u00f3 <strong>Edison-izz\u00f3s f\u00e9nyf\u00fcz\u00e9rekr\u0151l<\/strong> vagy <strong>teraszl\u00e1mp\u00e1sokr\u00f3l<\/strong>, ezek a l\u00e1mp\u00e1k lehet\u0151s\u00e9get adnak, hogy saj\u00e1t st\u00edlusodhoz igaz\u00edtsd a vil\u00e1g\u00edt\u00e1st.<\/p>\n<\/details><details class=\"g-accordion \"><summary><h3>Hogyan var\u00e1zsolnak k\u00fcl\u00f6nleges hangulatot az \u00e9g\u0151sorok?<\/h3><\/summary>\n<p>Az \u00e9g\u0151sorok j\u00e1t\u00e9kos, szinte mesebeli hangulatot adnak a kertnek vagy udvarnak. Sokf\u00e9lek\u00e9ppen feltekerheted \u0151ket ak\u00e1r f\u00e1kra, ker\u00edt\u00e9sre vagy terasz k\u00f6r\u00e9, \u00e9s mindenhol elb\u0171v\u00f6l\u0151, h\u00edvogat\u00f3 lesz t\u0151l\u00fck a t\u00e9r.<\/p>\n<p>Ha k\u00fcl\u00f6nb\u00f6z\u0151 mint\u00e1kban rendezed el \u0151ket, eg\u00e9szen \u00e1tlagos helyeket is izgalmass\u00e1 \u00e9s mutat\u00f3ss\u00e1 var\u00e1zsolhatsz \u2013 t\u00f6k\u00e9letesek \u00f6sszej\u00f6vetelekhez vagy ak\u00e1r egy b\u00e9k\u00e9s esti pihen\u00e9shez is. L\u00e1gy f\u00e9ny\u00fck egyszerre dekorat\u00edv \u00e9s praktikus, de sosem zavarja a szemet. Ezek a l\u00e1mp\u00e1k t\u00f6k\u00e9letesek arra, hogy vid\u00e1m, m\u00e9gis st\u00edlusos l\u00e9gk\u00f6rt hozz l\u00e9tre a kertedben vagy a h\u00e1ts\u00f3 udvarban.<\/p>\n<\/details><details class=\"g-accordion \"><summary><h3>Milyen dekorat\u00edv hat\u00e1suk van a sziklal\u00e1mp\u00e1knak?<\/h3><\/summary>\n<p><strong>A sziklal\u00e1mp\u00e1k<\/strong> t\u00f6k\u00e9letesen beleolvadnak a kertbe, mik\u00f6zben k\u00fcl\u00f6nleges d\u00edszhat\u00e1st ny\u00fajtanak. Megvil\u00e1g\u00edtj\u00e1k a kerti elemeket, az utakat vagy ak\u00e1r a szikl\u00e1s r\u00e9szeket, egyszerre jav\u00edtva a l\u00e1t\u00e1si viszonyokat \u00e9s a biztons\u00e1got. Diszkr\u00e9ten simulnak a k\u00f6rnyezethez, kiemelik a kert sz\u00e9ps\u00e9geit an\u00e9lk\u00fcl, hogy elvonn\u00e1k a figyelmet. Ha \u00f6sv\u00e9nyeket vil\u00e1g\u00edtasz meg vel\u00fck, vagy egyedi kerti t\u00e1rgyakat emelsz ki, harmonikus, st\u00edlusos k\u00f6rnyezetet teremtenek. K\u00fcl\u00f6n\u00f6sen azoknak ide\u00e1lis, akik \u00fagy szeretn\u00e9k feldobni a kertet, hogy a f\u00e9ny ne legyen t\u00fal tolakod\u00f3, m\u00e9gis eleg\u00e1ns hat\u00e1st \u00e9rjenek el.<\/p>\n<\/details><details class=\"g-accordion \"><summary><h3>Mi\u00e9rt praktikusak a talajba s\u00fcllyeszthet\u0151 l\u00e1mp\u00e1k?<\/h3><\/summary>\n<p>A talajba s\u00fcllyeszthet\u0151 l\u00e1mp\u00e1k visszafogott vil\u00e1g\u00edt\u00e1st adnak, \u00e9s teljesen a felsz\u00ednnel egy s\u00edkban helyezkednek el, \u00edgy tiszta, rendezett l\u00e1tv\u00e1nyt ny\u00fajtanak. K\u00fcl\u00f6n\u00f6sen j\u00f3k a k\u00f6vetkez\u0151 helyek kiemel\u00e9s\u00e9re:<\/p>\n<ul>\n<li>kerti \u00f6sv\u00e9nyek,<\/li>\n<li>aut\u00f3be\u00e1ll\u00f3k,<\/li>\n<li>gondozott z\u00f6ldter\u00fcletek.<\/li>\n<\/ul>\n<p>Ezek a l\u00e1mp\u00e1k nemcsak a l\u00e1tv\u00e1nyt \u00e9s a haszn\u00e1lhat\u00f3s\u00e1got n\u00f6velik, hanem meg\u0151rzik a kert letisztult st\u00edlus\u00e1t is. Kiemelheted vel\u00fck egy h\u00e1z st\u00edlusos r\u00e9szleteit, vagy megmutathatod a vend\u00e9geknek, merre menjenek. <strong>Egyszer\u0171 eleganci\u00e1juk miatt ide\u00e1lisak, ha kifinomult k\u00fclt\u00e9ri hangulatra v\u00e1gysz.<\/strong><\/p>\n<\/details><details class=\"g-accordion \"><summary><h3>Alkalmasak-e a tengeri min\u0151s\u00e9g\u0171 l\u00e1mp\u00e1k tengerparti k\u00f6rnyezetbe?<\/h3><\/summary>\n<p><strong>A tengeri min\u0151s\u00e9g\u0171 l\u00e1mp\u00e1k<\/strong> nagyszer\u0171 v\u00e1laszt\u00e1st jelentenek tengerk\u00f6zeli ter\u00fcleteken, mert rendk\u00edv\u00fcl strapab\u00edr\u00f3k. \u00dagy tervezt\u00e9k \u0151ket, hogy elviselj\u00e9k a sz\u00e9ls\u0151s\u00e9ges id\u0151j\u00e1r\u00e1st \u00e9s a s\u00f3s tengeri leveg\u0151t, ez\u00e9rt <strong>tart\u00f3sak<\/strong> \u00e9s <strong>rozsda\u00e1ll\u00f3ak<\/strong>, \u00edgy hossz\u00fa ideig haszn\u00e1lhat\u00f3k a v\u00edzparton. Akkor is j\u00f3l m\u0171k\u00f6dnek \u00e9s sz\u00e9pek maradnak, ha gyakran ki vannak t\u00e9ve az elemeknek, \u00edgy <strong>megb\u00edzhat\u00f3 vil\u00e1g\u00edt\u00e1si megold\u00e1st<\/strong> ny\u00fajtanak a partk\u00f6zeli kertekben vagy teraszokon.<\/p>\n<\/details><details class=\"g-accordion \"><summary><h3>Milyen kieg\u00e9sz\u00edt\u0151kkel lehet m\u00e9g jobb a k\u00fclt\u00e9ri vil\u00e1g\u00edt\u00e1s?<\/h3><\/summary>\n<p>K\u00f6nny\u0171 fejleszteni a k\u00fclt\u00e9ri vil\u00e1g\u00edt\u00e1st, ha n\u00e9h\u00e1ny praktikus kieg\u00e9sz\u00edt\u0151t haszn\u00e1lsz. Ilyenek p\u00e9ld\u00e1ul:<\/p>\n<ul>\n<li><strong>Az id\u0151z\u00edt\u0151k<\/strong> seg\u00edtenek abban, hogy a l\u00e1mp\u00e1k csak akkor \u00e9gjenek, amikor t\u00e9nyleg kell, \u00edgy k\u00e9nyelmesen \u00e9s energiatakar\u00e9kosan m\u0171k\u00f6dtethet\u0151k,<\/li>\n<li><strong>a f\u00e9nyer\u0151-szab\u00e1lyoz\u00f3k<\/strong> lehet\u0151v\u00e9 teszik, hogy igaz\u00edtsd a f\u00e9ny er\u0151ss\u00e9g\u00e9t \u2013 \u00edgy \u00e9ppen annyi f\u00e9nyt kapsz, amennyire sz\u00fcks\u00e9g van a kikapcsol\u00f3d\u00e1shoz vagy vend\u00e9gl\u00e1t\u00e1shoz,<\/li>\n<li><strong>okosotthon-eszk\u00f6z\u00f6k<\/strong> seg\u00edts\u00e9g\u00e9vel ak\u00e1r mobilr\u00f3l is vez\u00e9relheted a l\u00e1mp\u00e1kat, ami k\u00e9nyelmes \u00e9s egyszer\u0171.<\/li>\n<\/ul>\n<p>Ezekkel a kieg\u00e9sz\u00edt\u0151kkel egyszer\u0171en be\u00e1ll\u00edthatod a vil\u00e1g\u00edt\u00e1st, hogy pont olyan legyen, amilyenre sz\u00fcks\u00e9ged van. Nemcsak k\u00e9nyelmesebb\u00e9 teszik a haszn\u00e1latot, de a vil\u00e1g\u00edt\u00e1s teljesen a te ig\u00e9nyeidhez igaz\u00edthat\u00f3 a k\u00fclt\u00e9ri terekben.<\/p>\n<\/details><details class=\"g-accordion \"><summary><h3>Hogyan var\u00e1zsolhatsz mini \u00fcd\u00fcl\u0151hangulatot a k\u00fclt\u00e9ri f\u00e9nyekkel?<\/h3><\/summary>\n<p>A k\u00fclt\u00e9ri vil\u00e1g\u00edt\u00e1s teljesen meg tudja v\u00e1ltoztatni a kert vagy a terasz hangulat\u00e1t \u2013 ak\u00e1r egy mini \u00fcd\u00fcl\u0151helyet is kialak\u00edthatsz a seg\u00edts\u00e9g\u00fckkel. K\u00e9pzeld el, ahogy f\u00e9nyf\u00fcz\u00e9rek l\u00f3gnak a kertben vagy a f\u00e1kr\u00f3l, \u00e9s puha f\u00e9nyt \u00e1rasztanak. L\u00e1mp\u00e1sokkal rusztikus hangulatot hozhatsz l\u00e9tre, a kertvil\u00e1g\u00edt\u00e1s pedig kiemeli az \u00f6sv\u00e9nyeket \u00e9s a n\u00f6v\u00e9nyeket, \u00edgy a kert minden sarka bar\u00e1ts\u00e1gos lesz.<\/p>\n<p><strong>A napelemes lesz\u00farhat\u00f3 l\u00e1mp\u00e1k<\/strong> k\u00f6rnyezetbar\u00e1tak, vil\u00e1g\u00edtanak \u00e9s m\u00e9g \u00e1ramot is sp\u00f3rolnak. Az \u00e9tkez\u0151sarkokban a f\u00fcgg\u0151l\u00e1mp\u00e1k, vagy a rattanb\u00f3l font l\u00e1mpatestek plusz eleganci\u00e1t adnak. Meleg sz\u00edn\u0171 f\u00e9nyekkel m\u00e9g ink\u00e1bb ellaz\u00edt\u00f3 lesz a hangulat, \u00e9s az udvarod egy igazi luxus o\u00e1ziss\u00e1 v\u00e1lik.<\/p>\n<p><strong>Az okos vil\u00e1g\u00edt\u00e1s<\/strong> szem\u00e9lyre szabhat\u00f3 ir\u00e1ny\u00edt\u00e1st ad: be\u00e1ll\u00edthatod a f\u00e9nyer\u0151t, az id\u0151z\u00edt\u00e9st, \u00e9s egyszer\u0171en kezelheted a vil\u00e1g\u00edt\u00e1st, amikor csak szeretn\u00e9d. Ha t\u00f6bb st\u00edlust is \u00f6tv\u00f6z\u00f6l \u2013 p\u00e9ld\u00e1ul fali karokat vagy mint\u00e1s l\u00e1mp\u00e1sokat \u2013, p\u00e1r egyszer\u0171 mozdulattal megteremtheted azt a nyugalmat \u00e9s meghitts\u00e9get, mint egy val\u00f3di \u00fcd\u00fcl\u0151helyen \u2013 mindezt a saj\u00e1t kertedben.<\/p>\n<\/details><details class=\"g-accordion \"><summary><h3>Hogyan lehet meghosszabb\u00edtani a k\u00fclt\u00e9ri vil\u00e1g\u00edt\u00e1s \u00e9lettartam\u00e1t rendszeres karbantart\u00e1ssal?<\/h3><\/summary>\n<p><strong>Az \u00e1lland\u00f3 karbantart\u00e1s<\/strong> nagym\u00e9rt\u00e9kben n\u00f6veli a k\u00fclt\u00e9ri vil\u00e1g\u00edt\u00e1s \u00e9lettartam\u00e1t. Ha rendszeresen let\u00f6rl\u00f6d a l\u00e1mpatesteket, megel\u0151z\u00f6d, hogy a por \u00e9s kosz eltakar\u00e1ssa a f\u00e9nyt. \u00c9rdemes id\u0151nk\u00e9nt ellen\u0151rizni, hogy nem s\u00e9r\u00fclt-e meg valami \u2013 ha kell, egy ki\u00e9gett izz\u00f3t azonnal cser\u00e9lj ki, hogy mindig megfelel\u0151en vil\u00e1g\u00edtson a rendszer.<\/p>\n<p>Arra is figyelj, hogy <strong>az elektromos vezet\u00e9kek mindig \u00e9pek \u00e9s biztons\u00e1gosak<\/strong> legyenek, mert ez alapvet\u0151 a vil\u00e1g\u00edt\u00e1s hossz\u00fa t\u00e1v\u00fa m\u0171k\u00f6d\u00e9s\u00e9hez. Ha van a k\u00f6zelben n\u00f6v\u00e9ny, v\u00e1gd vissza rendszeresen, hogy ne takarja el a l\u00e1mp\u00e1kat, vagy ne d\u00f6rzs\u00f6l\u0151dj\u00f6n a bur\u00e1hoz.<\/p>\n<p>Ha ezeket a l\u00e9p\u00e9seket betartod, <strong>sokkal tart\u00f3sabb \u00e9s hat\u00e9konyabb<\/strong> lesz a k\u00fclt\u00e9ri vil\u00e1g\u00edt\u00e1sod, \u00e9s mindig sz\u00e9pen f\u00e9nylik majd a kerted vagy az udvarod.<\/p>\n<\/details>\n","protected":false},"excerpt":{"rendered":"<p>Var\u00e1zsold el a k\u00fclt\u00e9ri tereidet meghitt mened\u00e9kk\u00e9 a megfelel\u0151 vil\u00e1g\u00edt\u00e1ssal! Legyen sz\u00f3 falil\u00e1mp\u00e1kr\u00f3l, amelyek kiemelik az \u00e9p\u00fclet sz\u00e9ps\u00e9g\u00e9t, vagy f\u00fcz\u00e9rl\u00e1mp\u00e1kr\u00f3l, amelyek \u00fcnnepi hangulatot adnak, a kerti vil\u00e1g\u00edt\u00e1s egyszerre lehet mutat\u00f3s \u00e9s hasznos a h\u00e1zad k\u00f6r\u00fcl. Minden vil\u00e1g\u00edt\u00e1si t\u00edpusnak megvan a maga szerepe a kertedben. A fal- \u00e9s oszlopl\u00e1mp\u00e1k eleg\u00e1nsan vil\u00e1g\u00edtj\u00e1k meg a teraszt \u00e9s a bej\u00e1ratot, m\u00edg a f\u00fcgg\u0151l\u00e1mp\u00e1k bar\u00e1ts\u00e1gos&hellip;<\/p>\n","protected":false},"author":12,"featured_media":7155,"comment_status":"closed","ping_status":"closed","sticky":false,"template":"","format":"standard","meta":{"rank_math_focus_keyword":"k\u00fclt\u00e9ri vil\u00e1g\u00edt\u00e1si \u00f6tletek","rank_math_title":"A legjobb k\u00fclt\u00e9ri vil\u00e1g\u00edt\u00e1si \u00f6tletek, amelyekkel megvil\u00e1g\u00edthatod a teredet","rank_math_description":"Fedezd fel a kreat\u00edv k\u00fclt\u00e9ri vil\u00e1g\u00edt\u00e1si \u00f6tleteket, amelyekkel st\u00edlusos \u00e9s funkcion\u00e1lis megold\u00e1sokkal fokozhatod otthonod hangulat\u00e1t \u00e9s biztons\u00e1g\u00e1t.","footnotes":""},"categories":[141],"tags":[],"class_list":["post-7496","post","type-post","status-publish","format-standard","has-post-thumbnail","hentry","category-kulteri-dekoraciok"],"g_custom_schema_json":"<script type=\"application\/ld+json\" id=\"schema\">\n{\n  \"@context\": \"https:\/\/schema.org\",\n  \"@type\": \"FAQPage\",\n  \"mainEntity\": [\n    {\n      \"@type\": \"Question\",\n      \"name\": \"Melyek a legjobb k\u00fclt\u00e9ri vil\u00e1g\u00edt\u00e1si \u00f6tletek?\",\n      \"acceptedAnswer\": {\n        \"@type\": \"Answer\",\n        \"text\": \"A k\u00fclt\u00e9ri vil\u00e1g\u00edt\u00e1s jav\u00edtja az otthonod k\u00fclsej\u00e9t \u00e9s haszn\u00e1lhat\u00f3s\u00e1g\u00e1t. V\u00e1laszthatsz fali l\u00e1mp\u00e1kat, oszlopos l\u00e1mp\u00e1kat, f\u00fcgg\u0151 l\u00e1mp\u00e1kat, f\u00e9nyf\u0171z\u00e9reket, reflektorokat vagy napelemes l\u00e1mp\u00e1kat. Ezekkel teljesen \u00e1talak\u00edthatod a k\u00fclt\u00e9ri helysz\u00edneket.\"\n      }\n    },\n    {\n      \"@type\": \"Question\",\n      \"name\": \"Milyen st\u00edlus\u00fa k\u00fclt\u00e9ri vil\u00e1g\u00edt\u00e1sok l\u00e9teznek?\",\n      \"acceptedAnswer\": {\n        \"@type\": \"Answer\",\n        \"text\": \"A k\u00fclt\u00e9ri vil\u00e1g\u00edt\u00e1s sokf\u00e9le lehet\u0151s\u00e9get k\u00edn\u00e1l, hogy illeszkedjen b\u00e1rmilyen k\u00f6rnyezetbe. A fali, oszlopos, f\u00fcgg\u0151 l\u00e1mp\u00e1k, f\u00e9nyf\u0171z\u00e9rek, reflektorok, kertvil\u00e1g\u00edt\u00e1s \u00e9s napelemes l\u00e1mp\u00e1k k\u00f6z\u00fcl v\u00e1laszthatsz.\"\n      }\n    },\n    {\n      \"@type\": \"Question\",\n      \"name\": \"Mik a \u201eokos\u201d k\u00fclt\u00e9ri vil\u00e1g\u00edt\u00e1s el\u0151nyei?\",\n      \"acceptedAnswer\": {\n        \"@type\": \"Answer\",\n        \"text\": \"Az okos k\u00fclt\u00e9ri vil\u00e1g\u00edt\u00e1s k\u00e9nyelmesebb \u00e9s biztons\u00e1gosabb\u00e1 teszi a kertet. Egy telefonos applik\u00e1ci\u00f3val k\u00f6nnyen be\u00e1ll\u00edthatod a f\u00e9nyer\u0151t vagy id\u0151z\u00edtheted a l\u00e1mp\u00e1kat. Energiatakar\u00e9kos \u00e9s szem\u00e9lyre szabhat\u00f3 megold\u00e1s.\"\n      }\n    },\n    {\n      \"@type\": \"Question\",\n      \"name\": \"Melyiket v\u00e1lasszam: Vezet\u00e9kes vagy napelemes k\u00fclt\u00e9ri vil\u00e1g\u00edt\u00e1st?\",\n      \"acceptedAnswer\": {\n        \"@type\": \"Answer\",\n        \"text\": \"A vezet\u00e9kes l\u00e1mp\u00e1k tart\u00f3sabbak, de telep\u00edt\u00e9s\u00fck szak\u00e9rtelmet ig\u00e9nyel. A napelemes l\u00e1mp\u00e1k k\u00f6nnyen telep\u00edthet\u0151k, k\u00f6rnyezetbar\u00e1tak, ide\u00e1lisak napos helyeken, \u00e9s nem ig\u00e9nyelnek vezet\u00e9kez\u00e9st.\"\n      }\n    },\n    {\n      \"@type\": \"Question\",\n      \"name\": \"Mi\u00e9rt k\u00f6rnyezetbar\u00e1t megold\u00e1s a napelemes vil\u00e1g\u00edt\u00e1s?\",\n      \"acceptedAnswer\": {\n        \"@type\": \"Answer\",\n        \"text\": \"A napelemes l\u00e1mp\u00e1k a nap energi\u00e1j\u00e1t haszn\u00e1lj\u00e1k fel, \u00edgy kevesebb \u00e1ramot fogyasztanak \u00e9s kisebb lesz az \u00f6kol\u00f3giai l\u00e1bnyomod. K\u00f6nnyen felszerelhet\u0151k, tiszta energi\u00e1val vil\u00e1g\u00edtj\u00e1k be a kertet.\"\n      }\n    },\n    {\n      \"@type\": \"Question\",\n      \"name\": \"Milyen p\u00e9nzt\u00e1rcabar\u00e1t k\u00fclt\u00e9ri vil\u00e1g\u00edt\u00e1si \u00f6tletek vannak?\",\n      \"acceptedAnswer\": {\n        \"@type\": \"Answer\",\n        \"text\": \"A napelemes l\u00e1mp\u00e1k, f\u00e9nyf\u00fcz\u00e9rek \u00e9s DIY \u00f6tletek k\u00f6lts\u00e9ghat\u00e9kony megold\u00e1st ny\u00fajtanak. Ezekkel egyszer\u0171en feldobhatod a k\u00fclt\u00e9ri teret an\u00e9lk\u00fcl, hogy a p\u00e9nzt\u00e1rc\u00e1dat megterheln\u00e9d.\"\n      }\n    },\n    {\n      \"@type\": \"Question\",\n      \"name\": \"Milyen sz\u00edn\u0171 vil\u00e1g\u00edt\u00e1sok k\u00f6z\u00fcl lehet v\u00e1lasztani k\u00fclt\u00e9ren?\",\n      \"acceptedAnswer\": {\n        \"@type\": \"Answer\",\n        \"text\": \"A k\u00fclt\u00e9ri vil\u00e1g\u00edt\u00e1s sz\u00ednvil\u00e1ga v\u00e1ltozatos: v\u00e1laszthatsz meleg feh\u00e9r, hideg feh\u00e9r vagy sz\u00ednes f\u00e9nyeket. Ezekkel a f\u00e9nyekkel egyszer\u0171en alak\u00edthatod a k\u00fclt\u00e9ri terek hangulat\u00e1t.\"\n      }\n    },\n    {\n      \"@type\": \"Question\",\n      \"name\": \"Hogyan n\u00f6veli a k\u00fclt\u00e9ri vil\u00e1g\u00edt\u00e1s a biztons\u00e1got?\",\n      \"acceptedAnswer\": {\n        \"@type\": \"Answer\",\n        \"text\": \"A k\u00fclt\u00e9ri vil\u00e1g\u00edt\u00e1s l\u00e1that\u00f3v\u00e1 teszi az utat, a bej\u00e1ratot vagy a s\u00f6t\u00e9t sarkokat, \u00edgy biztons\u00e1gosabb a k\u00f6zleked\u00e9s. A biztons\u00e1gi l\u00e1mp\u00e1k elriasztj\u00e1k a betolakod\u00f3kat \u00e9s cs\u00f6kkentik a balesetek kock\u00e1zat\u00e1t.\"\n      }\n    },\n    {\n      \"@type\": \"Question\",\n      \"name\": \"Mi\u00e9rt fontos a j\u00e1rdavil\u00e1g\u00edt\u00e1s a biztons\u00e1g \u00e9rdek\u00e9ben?\",\n      \"acceptedAnswer\": {\n        \"@type\": \"Answer\",\n        \"text\": \"A j\u00e1rda ment\u00e9n elhelyezett l\u00e1mp\u00e1k f\u00e9nyt adnak az \u00fatnak, \u00edgy elker\u00fclhet\u0151ek a botl\u00e1sok \u00e9s es\u00e9sek. Jobb lesz a l\u00e1that\u00f3s\u00e1g, \u00e9s biztons\u00e1gosabb\u00e1 v\u00e1lik a k\u00f6zleked\u00e9s a kertben.\"\n      }\n    },\n    {\n      \"@type\": \"Question\",\n      \"name\": \"Hogyan jav\u00edtja a terasz- \u00e9s l\u00e9pcs\u0151vil\u00e1g\u00edt\u00e1s a biztons\u00e1got?\",\n      \"acceptedAnswer\": {\n        \"@type\": \"Answer\",\n        \"text\": \"A teraszon \u00e9s l\u00e9pcs\u0151n elhelyezett vil\u00e1g\u00edt\u00e1s seg\u00edt a biztons\u00e1gos k\u00f6zleked\u00e9sben, k\u00fcl\u00f6n\u00f6sen s\u00f6t\u00e9tben. A l\u00e9pcs\u0151fokok j\u00f3l l\u00e1that\u00f3v\u00e1 v\u00e1lnak, \u00edgy kevesebb az es\u00e9ly a botl\u00e1sra.\"\n      }\n    },\n    {\n      \"@type\": \"Question\",\n      \"name\": \"Milyen szerepet j\u00e1tszanak a reflektorok a k\u00fclt\u00e9ri biztons\u00e1gban?\",\n      \"acceptedAnswer\": {\n        \"@type\": \"Answer\",\n        \"text\": \"A reflektorok er\u0151s f\u00e9ny\u00fckkel nagy ter\u00fcleteket vil\u00e1g\u00edtanak be \u00e9s elriasztj\u00e1k a betolakod\u00f3kat. Mozg\u00e1s\u00e9rz\u00e9kel\u0151vel felszerelt v\u00e1ltozatok m\u00e9g nagyobb biztons\u00e1got ny\u00fajtanak.\"\n      }\n    },\n    {\n      \"@type\": \"Question\",\n      \"name\": \"Hogyan seg\u00edtenek a mozg\u00e1s\u00e9rz\u00e9kel\u0151s l\u00e1mp\u00e1k az energiahat\u00e9konys\u00e1gban?\",\n      \"acceptedAnswer\": {\n        \"@type\": \"Answer\",\n        \"text\": \"A mozg\u00e1s\u00e9rz\u00e9kel\u0151s l\u00e1mp\u00e1k csak akkor kapcsolnak be, ha t\u00e9nyleg mozg\u00e1st \u00e9rz\u00e9kelnek. Ez elker\u00fcli a felesleges \u00e1ramfelhaszn\u00e1l\u00e1st, \u00edgy cs\u00f6kken a villanysz\u00e1mla \u00e9s k\u00f6rnyezetbar\u00e1tabb a m\u0171k\u00f6d\u00e9s.\"\n      }\n    },\n    {\n      \"@type\": \"Question\",\n      \"name\": \"\u00c9rdemes-e alkonyatt\u00f3l pirkadatig m\u0171k\u00f6d\u0151 l\u00e1mp\u00e1kat v\u00e1lasztani automatikus m\u0171k\u00f6d\u00e9shez?\",\n      \"acceptedAnswer\": {\n        \"@type\": \"Answer\",\n        \"text\": \"Az alkonyatt\u00f3l pirkadatig vil\u00e1g\u00edt\u00f3 l\u00e1mp\u00e1k k\u00e9nyelmesek, mert automatikusan m\u0171k\u00f6dnek. Folyamatosan vil\u00e1g\u00edtanak \u00e9jjel, n\u00f6velik a biztons\u00e1got, \u00e9s csak akkor vil\u00e1g\u00edtanak, ha t\u00e9nyleg kell.\"\n      }\n    },\n    {\n      \"@type\": \"Question\",\n      \"name\": \"Milyen el\u0151nyei vannak a kertvil\u00e1g\u00edt\u00e1snak?\",\n      \"acceptedAnswer\": {\n        \"@type\": \"Answer\",\n        \"text\": \"A kertvil\u00e1g\u00edt\u00e1s szebb\u00e9 \u00e9s haszn\u00e1lhat\u00f3bb\u00e1 teszi a k\u00fclt\u00e9ri ter\u00fcleteket. Kiemeli a f\u00e1k, bokrok \u00e9s kerti szobrok sz\u00e9ps\u00e9g\u00e9t, n\u00f6veli a biztons\u00e1got \u00e9s meghitt hangulatot teremt.\"\n      }\n    },\n    {\n      \"@type\": \"Question\",\n      \"name\": \"Hogyan dobj\u00e1k fel a k\u00fclt\u00e9ri tereket a fali l\u00e1mp\u00e1k?\",\n      \"acceptedAnswer\": {\n        \"@type\": \"Answer\",\n        \"text\": \"A fali l\u00e1mp\u00e1k kellemes hangulatot visznek a k\u00fclt\u00e9ri helysz\u00ednekre, l\u00e1gy f\u00e9ny\u00fck kiemeli az \u00e9p\u00fclet r\u00e9szleteit. Meghitt\u00e9 teszik a teraszokat \u00e9s jav\u00edtj\u00e1k a l\u00e1t\u00e1si viszonyokat.\"\n      }\n    },\n    {\n      \"@type\": \"Question\",\n      \"name\": \"Hogyan v\u00e1ltoztatj\u00e1k meg a f\u00fcgg\u0151l\u00e1mp\u00e1k a teraszokat \u00e9s verand\u00e1kat?\",\n      \"acceptedAnswer\": {\n        \"@type\": \"Answer\",\n        \"text\": \"A f\u00fcgg\u0151l\u00e1mp\u00e1k d\u00edsz\u00edt\u0151elemk\u00e9nt m\u0171k\u00f6dnek, kellemes, bar\u00e1ts\u00e1gos k\u00f6zeget teremtenek, \u00e9s kijel\u00f6lik a k\u00fcl\u00f6nb\u00f6z\u0151 k\u00fclt\u00e9ri tereket. Feldobj\u00e1k a l\u00e1tv\u00e1nyt \u00e9s nyugodt l\u00e9gk\u00f6rt biztos\u00edtanak.\"\n      }\n    },\n    {\n      \"@type\": \"Question\",\n      \"name\": \"Hogyan var\u00e1zsolnak k\u00fcl\u00f6nleges hangulatot az \u00e9g\u0151sorok?\",\n      \"acceptedAnswer\": {\n        \"@type\": \"Answer\",\n        \"text\": \"Az \u00e9g\u0151sorok j\u00e1t\u00e9kos, mesebeli hangulatot adnak a kertnek vagy udvarnak. Sokf\u00e9lek\u00e9ppen feltekerheted \u0151ket, \u00e9s mindenhol elb\u0171v\u00f6l\u0151, h\u00edvogat\u00f3 lesz t\u0151l\u00fck a t\u00e9r.\"\n      }\n    },\n    {\n      \"@type\": \"Question\",\n      \"name\": \"Milyen dekorat\u00edv hat\u00e1suk van a sziklal\u00e1mp\u00e1knak?\",\n      \"acceptedAnswer\": {\n        \"@type\": \"Answer\",\n        \"text\": \"A sziklal\u00e1mp\u00e1k beleolvadnak a kertbe, mik\u00f6zben d\u00edszhat\u00e1st ny\u00fajtanak. Megvil\u00e1g\u00edtj\u00e1k a kerti elemeket \u00e9s utakat, kiemelik a kert sz\u00e9ps\u00e9geit an\u00e9lk\u00fcl, hogy felt\u0171n\u0151ek lenn\u00e9nek.\"\n      }\n    },\n    {\n      \"@type\": \"Question\",\n      \"name\": \"Mi\u00e9rt praktikusak a talajba s\u00fcllyeszthet\u0151 l\u00e1mp\u00e1k?\",\n      \"acceptedAnswer\": {\n        \"@type\": \"Answer\",\n        \"text\": \"A talajba s\u00fcllyeszthet\u0151 l\u00e1mp\u00e1k visszafogott vil\u00e1g\u00edt\u00e1st adnak \u00e9s a felsz\u00ednnel egy s\u00edkban helyezkednek el. J\u00f3 v\u00e1laszt\u00e1s kerti \u00f6sv\u00e9nyek, aut\u00f3be\u00e1ll\u00f3k \u00e9s z\u00f6ldter\u00fcletek megvil\u00e1g\u00edt\u00e1s\u00e1ra.\"\n      }\n    },\n    {\n      \"@type\": \"Question\",\n      \"name\": \"Alkalmasak-e a tengeri min\u0151s\u00e9g\u0171 l\u00e1mp\u00e1k tengerparti k\u00f6rnyezetbe?\",\n      \"acceptedAnswer\": {\n        \"@type\": \"Answer\",\n        \"text\": \"A tengeri min\u0151s\u00e9g\u0171 l\u00e1mp\u00e1k tart\u00f3sak, rozsda\u00e1ll\u00f3ak \u00e9s ellen\u00e1llnak a sz\u00e9ls\u0151s\u00e9ges id\u0151j\u00e1r\u00e1snak. Ide\u00e1lisak partk\u00f6zeli kertekbe vagy teraszokra.\"\n      }\n    },\n    {\n      \"@type\": \"Question\",\n      \"name\": \"Milyen kieg\u00e9sz\u00edt\u0151kkel lehet m\u00e9g jobb a k\u00fclt\u00e9ri vil\u00e1g\u00edt\u00e1s?\",\n      \"acceptedAnswer\": {\n        \"@type\": \"Answer\",\n        \"text\": \"Az id\u0151z\u00edt\u0151k, f\u00e9nyer\u0151-szab\u00e1lyoz\u00f3k \u00e9s okosotthon-eszk\u00f6z\u00f6k k\u00e9nyelmesebb\u00e9 \u00e9s energiatakar\u00e9kosabb\u00e1 teszik a k\u00fclt\u00e9ri vil\u00e1g\u00edt\u00e1st. Ezekkel egyszer\u0171en be\u00e1ll\u00edthatod a vil\u00e1g\u00edt\u00e1st az ig\u00e9nyeidhez.\"\n      }\n    },\n    {\n      \"@type\": \"Question\",\n      \"name\": \"Hogyan var\u00e1zsolhatsz mini \u00fcd\u00fcl\u0151hangulatot a k\u00fclt\u00e9ri f\u00e9nyekkel?\",\n      \"acceptedAnswer\": {\n        \"@type\": \"Answer\",\n        \"text\": \"A k\u00fclt\u00e9ri vil\u00e1g\u00edt\u00e1s teljesen meg tudja v\u00e1ltoztatni a kert hangulat\u00e1t. F\u00e9nyf\u00fcz\u00e9rek, l\u00e1mp\u00e1sok \u00e9s okos vil\u00e1g\u00edt\u00e1s seg\u00edts\u00e9g\u00e9vel kialak\u00edthatod a saj\u00e1t mini \u00fcd\u00fcl\u0151helyedet.\"\n      }\n    },\n    {\n      \"@type\": \"Question\",\n      \"name\": \"Hogyan lehet meghosszabb\u00edtani a k\u00fclt\u00e9ri vil\u00e1g\u00edt\u00e1s \u00e9lettartam\u00e1t rendszeres karbantart\u00e1ssal?\",\n      \"acceptedAnswer\": {\n        \"@type\": \"Answer\",\n        \"text\": \"Az \u00e1lland\u00f3 karbantart\u00e1s n\u00f6veli a vil\u00e1g\u00edt\u00e1s \u00e9lettartam\u00e1t. Rendszeresen t\u00f6r\u00f6ld le a l\u00e1mpatesteket, ellen\u0151rizd az izz\u00f3kat \u00e9s a vezet\u00e9keket, hogy mindig megfelel\u0151en m\u0171k\u00f6djenek.\"\n      }\n    }\n  ]\n}\n<\/script>\n<script type=\"application\/ld+json\" id=\"schema\">\n{\n  \"@context\": \"https:\/\/schema.org\",\n  \"@type\": \"HowTo\",\n  \"name\": \"K\u00fclt\u00e9ri vil\u00e1g\u00edt\u00e1s \u00f6tletek \u00e9s megval\u00f3s\u00edt\u00e1s l\u00e9p\u00e9sr\u0151l l\u00e9p\u00e9sre\",\n  \"description\": \"Fedezd fel, hogyan var\u00e1zsolhatsz hangulatos, biztons\u00e1gos \u00e9s energiatakar\u00e9kos vil\u00e1g\u00edt\u00e1st a kertedbe vagy teraszodra \u2013 hagyom\u00e1nyos \u00e9s modern m\u00f3dszerekkel.\",\n  \"image\": \"https:\/\/doubletakedecor.com\/uploads\/2025\/09\/outdoor-lighting-ideas-dtd-01.jpg\",\n  \"step\": [\n    {\n      \"@type\": \"HowToStep\",\n      \"name\": \"Tervezz st\u00edlusos vil\u00e1g\u00edt\u00e1st\",\n      \"text\": \"V\u00e1laszd ki a k\u00edv\u00e1nt vil\u00e1g\u00edt\u00e1si st\u00edlust: fali l\u00e1mp\u00e1k, f\u00fcgg\u0151 l\u00e1mp\u00e1k, f\u00e9nyf\u00fcz\u00e9rek, napelemes vagy vezet\u00e9kes l\u00e1mp\u00e1k. Gondold v\u00e9gig, hova szeretn\u00e9d helyezni \u0151ket \u2013 \u00f6sv\u00e9ny, terasz, pihen\u0151sarok vagy bej\u00e1rat.\",\n      \"image\": \"https:\/\/doubletakedecor.com\/uploads\/2025\/09\/outdoor-lighting-ideas-dtd-01.jpg\"\n    },\n    {\n      \"@type\": \"HowToStep\",\n      \"name\": \"V\u00e1lassz k\u00f6rnyezetbar\u00e1t vagy okos megold\u00e1st\",\n      \"text\": \"D\u00f6nts LED, napelemes vagy okos vil\u00e1g\u00edt\u00e1s mellett az energiatakar\u00e9koss\u00e1g\u00e9rt. Okos rendszerekkel telefonr\u00f3l is ir\u00e1ny\u00edthatod a f\u00e9nyer\u0151t \u00e9s id\u0151z\u00edtheted a vil\u00e1g\u00edt\u00e1st.\",\n      \"image\": \"https:\/\/doubletakedecor.com\/uploads\/2025\/09\/outdoor-lighting-ideas-dtd-02.jpg\"\n    },\n    {\n      \"@type\": \"HowToStep\",\n      \"name\": \"Kreat\u00edv DIY \u00f6tletek\",\n      \"text\": \"Haszn\u00e1lj boros\u00fcvegekb\u0151l k\u00e9sz\u00fclt f\u00e1kly\u00e1kat, fonott l\u00e1mp\u00e1sokat vagy t\u00fcnd\u00e9rf\u00e9nyeket az egyedi hangulat\u00e9rt. Ezek p\u00e9nzt\u00e1rcabar\u00e1t \u00e9s k\u00f6nnyen kivitelezhet\u0151 megold\u00e1sok.\",\n      \"image\": \"https:\/\/doubletakedecor.com\/uploads\/2025\/09\/outdoor-lighting-ideas-dtd-03.jpg\"\n    },\n    {\n      \"@type\": \"HowToStep\",\n      \"name\": \"R\u00e9tegezd a f\u00e9nyeket\",\n      \"text\": \"Kombin\u00e1ld a l\u00e1mp\u00e1sokat, f\u00fcz\u00e9reket \u00e9s gyerty\u00e1kat t\u00f6bb magass\u00e1gban a kellemes, meghitt f\u00e9nyhat\u00e1s\u00e9rt. \u00cdgy a k\u00fclt\u00e9ri terek m\u00e9lyebbek, h\u00edvogat\u00f3bbak lesznek.\",\n      \"image\": \"https:\/\/doubletakedecor.com\/uploads\/2025\/09\/outdoor-lighting-ideas-dtd-04.jpg\"\n    },\n    {\n      \"@type\": \"HowToStep\",\n      \"name\": \"Helyezd el biztons\u00e1gosan a f\u00e9nyeket\",\n      \"text\": \"Gondoskodj arr\u00f3l, hogy minden k\u00fclt\u00e9ri l\u00e1mpa id\u0151j\u00e1r\u00e1s\u00e1ll\u00f3 legyen, \u00e9s stabil, nem gy\u00fal\u00e9kony helyre ker\u00fclj\u00f6n. A j\u00e1rda ment\u00e9n elhelyezett l\u00e1mp\u00e1k seg\u00edtenek elker\u00fclni a botl\u00e1st.\",\n      \"image\": \"https:\/\/doubletakedecor.com\/uploads\/2025\/09\/outdoor-lighting-ideas-dtd-16.jpg\"\n    },\n    {\n      \"@type\": \"HowToStep\",\n      \"name\": \"\u00c1pol\u00e1s \u00e9s karbantart\u00e1s\",\n      \"text\": \"Rendszeresen t\u00f6r\u00f6ld le a l\u00e1mpatesteket, ellen\u0151rizd az izz\u00f3kat \u00e9s a vezet\u00e9keket. \u00cdgy a vil\u00e1g\u00edt\u00e1s mindig megb\u00edzhat\u00f3an \u00e9s sz\u00e9pen m\u0171k\u00f6dik.\",\n      \"image\": \"https:\/\/doubletakedecor.com\/uploads\/2025\/09\/outdoor-lighting-ideas-dtd-11.jpg\"\n    }\n  ],\n  \"supply\": [\n    {\n      \"@type\": \"HowToSupply\",\n      \"name\": \"K\u00fclt\u00e9ri l\u00e1mp\u00e1k (fali, f\u00fcgg\u0151, j\u00e1rdal\u00e1mpa, f\u00e9nyf\u00fcz\u00e9r)\"\n    },\n    {\n      \"@type\": \"HowToSupply\",\n      \"name\": \"Napelemes vagy LED izz\u00f3k\"\n    },\n    {\n      \"@type\": \"HowToSupply\",\n      \"name\": \"Boros\u00fcvegek, v\u00f6dr\u00f6k, fonott l\u00e1mpaerny\u0151k (DIY-hoz)\"\n    }\n  ],\n  \"tool\": [\n    {\n      \"@type\": \"HowToTool\",\n      \"name\": \"Csavarh\u00faz\u00f3, f\u00far\u00f3 (vezet\u00e9kes l\u00e1mp\u00e1khoz)\"\n    },\n    {\n      \"@type\": \"HowToTool\",\n      \"name\": \"Id\u0151j\u00e1r\u00e1s\u00e1ll\u00f3 r\u00f6gz\u00edt\u0151csatok, k\u00e1belk\u00f6tegel\u0151\"\n    }\n  ],\n  \"estimatedCost\": {\n    \"@type\": \"MonetaryAmount\",\n    \"currency\": \"HUF\",\n    \"value\": \"2000-25000\"\n  },\n  \"totalTime\": \"P0DT2H0M\"\n}\n<\/script>","_links":{"self":[{"href":"https:\/\/doubletakedecor.com\/hu\/wp-json\/wp\/v2\/posts\/7496","targetHints":{"allow":["GET"]}}],"collection":[{"href":"https:\/\/doubletakedecor.com\/hu\/wp-json\/wp\/v2\/posts"}],"about":[{"href":"https:\/\/doubletakedecor.com\/hu\/wp-json\/wp\/v2\/types\/post"}],"author":[{"embeddable":true,"href":"https:\/\/doubletakedecor.com\/hu\/wp-json\/wp\/v2\/users\/12"}],"replies":[{"embeddable":true,"href":"https:\/\/doubletakedecor.com\/hu\/wp-json\/wp\/v2\/comments?post=7496"}],"version-history":[{"count":1,"href":"https:\/\/doubletakedecor.com\/hu\/wp-json\/wp\/v2\/posts\/7496\/revisions"}],"predecessor-version":[{"id":7497,"href":"https:\/\/doubletakedecor.com\/hu\/wp-json\/wp\/v2\/posts\/7496\/revisions\/7497"}],"wp:featuredmedia":[{"embeddable":true,"href":"https:\/\/doubletakedecor.com\/hu\/wp-json\/wp\/v2\/media\/7155"}],"wp:attachment":[{"href":"https:\/\/doubletakedecor.com\/hu\/wp-json\/wp\/v2\/media?parent=7496"}],"wp:term":[{"taxonomy":"category","embeddable":true,"href":"https:\/\/doubletakedecor.com\/hu\/wp-json\/wp\/v2\/categories?post=7496"},{"taxonomy":"post_tag","embeddable":true,"href":"https:\/\/doubletakedecor.com\/hu\/wp-json\/wp\/v2\/tags?post=7496"}],"curies":[{"name":"wp","href":"https:\/\/api.w.org\/{rel}","templated":true}]}}