{"id":7506,"date":"2025-09-04T02:39:46","date_gmt":"2025-09-04T00:39:46","guid":{"rendered":"https:\/\/doubletakedecor.com\/kulteri-dekoraciok\/kulteri-ulosarok-otletek\/"},"modified":"2025-09-04T10:56:14","modified_gmt":"2025-09-04T08:56:14","slug":"kulteri-ulosarok-otletek","status":"publish","type":"post","link":"https:\/\/doubletakedecor.com\/hu\/kulteri-dekoraciok\/kulteri-ulosarok-otletek\/","title":{"rendered":"Kreat\u00edv \u00f6tletek a k\u00fclt\u00e9ri \u00fcl\u0151sarok kialak\u00edt\u00e1s\u00e1hoz"},"content":{"rendered":"<p>K\u00fcls\u0151 teredet h\u00edvogat\u00f3 o\u00e1ziss\u00e1 var\u00e1zsolni egyszer\u0171bb, mint gondoln\u00e1d \u2013 a l\u00e9nyeg, hogy k\u00e9nyelmes, st\u00edlusos \u00e9s praktikus legyen. Legyen sz\u00f3 t\u00e1gas h\u00e1ts\u00f3 kertr\u0151l vagy egy kis teraszr\u00f3l, p\u00e1r j\u00f3 \u00f6tlettel olyan pihen\u0151helyet hozhatsz l\u00e9tre, ahol kikapcsol\u00f3dni \u00e9s vend\u00e9geket fogadni is \u00f6r\u00f6m.<\/p>\n<p>A hangulatos \u00fcl\u0151helyek id\u0151j\u00e1r\u00e1s\u00e1ll\u00f3 b\u00fatorokkal, hangulatvil\u00e1g\u00edt\u00e1s est\u00e9re \u00e9s n\u00e9mi z\u00f6ld n\u00f6v\u00e9ny minden szabadt\u00e9ri nappalit feldob. Egy t\u0171zrak\u00f3hely, k\u00fclt\u00e9ri sz\u0151nyeg vagy okos \u00e1rny\u00e9kol\u00e1s m\u00e9g k\u00e9nyelmesebb\u00e9 \u00e9s szebb\u00e9 teheti a helyet \u2013 nem csak szemre, hanem haszn\u00e1lat k\u00f6zben is.<\/p>\n<p>Aki sp\u00f3rolni szeretne, az ismer\u0151s t\u00e1rgyakb\u00f3l is csod\u00e1t alkothat: p\u00e9ld\u00e1ul raklapb\u00f3l \u00fcl\u0151alkalmatoss\u00e1got k\u00e9sz\u00edthet, vagy r\u00e9gi b\u00fatorb\u00f3l \u00fajat var\u00e1zsolhat egy friss fest\u00e9ssel. Multifunkci\u00f3s darabok rejtett t\u00e1rol\u00f3val pedig seg\u00edtenek rendet tartani \u00e9s kis helyen is kreat\u00edvan berendezni a teraszt vagy erk\u00e9lyt.<\/p>\n<p>A term\u00e9szetes elemek csak fokozz\u00e1k a bar\u00e1ts\u00e1gos hangulatot\u202f\u2013\u202flegyen sz\u00f3 falra futtatott n\u00f6v\u00e9nyekr\u0151l, cserepes vir\u00e1gokr\u00f3l vagy ak\u00e1r egy kis f\u00fcgg\u0151kert\u00e9szetr\u0151l. Ha mindezeket \u00fcgyesen kombin\u00e1lod \u2013 k\u00e9nyelmes \u00fcl\u0151alkalmatoss\u00e1g, hangulatos f\u00e9nyek, priv\u00e1t szf\u00e9ra \u00e9s egy kis z\u00f6ld \u2013 eg\u00e9szen biztos, hogy a szabadt\u00e9ri pihen\u0151sarok lesz az \u00faj kedvenc helyed, ahol felt\u00f6lt\u0151dhetsz \u00e9s egy\u00fctt lehetsz a szeretteiddel.<\/p>\n<div class=\"kt_block\" id=\"kt_id\">\n<span class=\"kt_headline\">Fontos tudnival\u00f3k<\/span><\/p>\n<ul class=\"kt_post_list\">\n<li><strong>\ud83c\udfe1 O\u00e1ziss\u00e1 alak\u00edt\u00e1s:<\/strong> A szabadt\u00e9ri t\u00e9r k\u00e9nyelmes, hangulatos \u00e9s praktikus lesz, ha id\u0151j\u00e1r\u00e1s\u00e1ll\u00f3 b\u00fatorokat, hangulatvil\u00e1g\u00edt\u00e1st vagy n\u00f6v\u00e9nyeket haszn\u00e1lsz.<\/li>\n<li><strong>\ud83d\udca1 P\u00e9nzt\u00e1rcabar\u00e1t megold\u00e1sok:<\/strong> Ha sp\u00f3rolni szeretn\u00e9l, k\u00e9sz\u00edts \u00fcl\u00e9seket raklapb\u00f3l vagy \u00faj\u00edtsd fel a r\u00e9gi b\u00fatorokat egy kis fest\u00e9ssel, \u00edgy fill\u00e9rekb\u0151l is lehet st\u00edlusos k\u00fclt\u00e9ri sarkod.<\/li>\n<li><strong>\ud83c\udf3f Term\u00e9szetes elemek \u00e9s priv\u00e1t szf\u00e9ra:<\/strong> A term\u00e9szetk\u00f6zeli hangulathoz j\u00f3l j\u00f6hetnek falra futtatott n\u00f6v\u00e9nyek, cserepes vir\u00e1gok \u00e9s \u00e1rny\u00e9kol\u00f3k, amelyek sz\u00e9pek \u00e9s intimebb\u00e9 is teszik a helyet.<\/li>\n<li><strong>\ud83d\udecb\ufe0f Helytakar\u00e9kos b\u00fatorok:<\/strong> Az okos, t\u00f6bbfunkci\u00f3s b\u00fatorok (p\u00e9ld\u00e1ul rejtett t\u00e1rol\u00f3val) seg\u00edtenek a kis helyek maxim\u00e1lis kihaszn\u00e1l\u00e1s\u00e1ban, \u00e9s rendszert tartanak an\u00e9lk\u00fcl, hogy zs\u00fafolt lenne a l\u00e1tv\u00e1ny.<\/li>\n<\/ul>\n<\/div>\n<h2>F\u00e1b\u00f3l k\u00e9sz\u00fclt pergol\u00e1s pihen\u0151sarok<\/h2>\n<p><img loading=\"lazy\" decoding=\"async\" width=\"700\" height=\"1049\" alt=\"A cozy outdoor seating area with wooden pergola, two sofas with colorful pillows, and string lights for evening ambiance.\" class=\"aligncenter size-full wp-image-7160\" src=\"https:\/\/doubletakedecor.com\/uploads\/2025\/09\/outdoor-sitting-area-ideas-dtd-01.jpg\" srcset=\"https:\/\/doubletakedecor.com\/uploads\/2025\/09\/outdoor-sitting-area-ideas-dtd-01.jpg 700w, https:\/\/doubletakedecor.com\/uploads\/2025\/09\/outdoor-sitting-area-ideas-dtd-01-200x300.jpg 200w, https:\/\/doubletakedecor.com\/uploads\/2025\/09\/outdoor-sitting-area-ideas-dtd-01-683x1024.jpg 683w, https:\/\/doubletakedecor.com\/uploads\/2025\/09\/outdoor-sitting-area-ideas-dtd-01-96x144.jpg 96w, https:\/\/doubletakedecor.com\/uploads\/2025\/09\/outdoor-sitting-area-ideas-dtd-01-280x420.jpg 280w, https:\/\/doubletakedecor.com\/uploads\/2025\/09\/outdoor-sitting-area-ideas-dtd-01-320x480.jpg 320w, https:\/\/doubletakedecor.com\/uploads\/2025\/09\/outdoor-sitting-area-ideas-dtd-01-360x539.jpg 360w, https:\/\/doubletakedecor.com\/uploads\/2025\/09\/outdoor-sitting-area-ideas-dtd-01-363x544.jpg 363w, https:\/\/doubletakedecor.com\/uploads\/2025\/09\/outdoor-sitting-area-ideas-dtd-01-370x554.jpg 370w, https:\/\/doubletakedecor.com\/uploads\/2025\/09\/outdoor-sitting-area-ideas-dtd-01-400x599.jpg 400w, https:\/\/doubletakedecor.com\/uploads\/2025\/09\/outdoor-sitting-area-ideas-dtd-01-560x839.jpg 560w, https:\/\/doubletakedecor.com\/uploads\/2025\/09\/outdoor-sitting-area-ideas-dtd-01-480x719.jpg 480w\" sizes=\"auto, (max-width: 700px) 100vw, 700px\" \/><\/p>\n<p>Teremts meghitt o\u00e1zist a kertben: p\u00e1ros\u00edtsd a term\u00e9szetes anyagokat a maxim\u00e1lis k\u00e9nyelemmel! \u00c1ll\u00edtsd k\u00f6rbe a kanap\u00e9kat egy mutat\u00f3s doh\u00e1nyz\u00f3asztal k\u00f6r\u00fcl, dobj le egy k\u00fclt\u00e9ri sz\u0151nyeget a f\u00f6ldre, \u00e9s cserepes n\u00f6v\u00e9nyekkel vid\u00edtsd fel a helyet. L\u00f3gass fel \u00e9g\u0151sorokat, hogy este is hangulatos legyen a sarok. A faburkolat \u00e9s a pergola melegs\u00e9get \u00e9s izgalmas l\u00e1tv\u00e1nyt ad.<\/p>\n<h2>Hangulatos k\u00fclt\u00e9ri nappali text\u00far\u00e1kkal<\/h2>\n<p><img loading=\"lazy\" decoding=\"async\" width=\"700\" height=\"1050\" alt=\"Stylish outdoor living area featuring a blue-cushioned sectional, wooden coffee table, woven wall art, and lush potted plants on a textured rug.\" class=\"aligncenter size-full wp-image-7166\" src=\"https:\/\/doubletakedecor.com\/uploads\/2025\/09\/outdoor-sitting-area-ideas-dtd-02.jpg\" srcset=\"https:\/\/doubletakedecor.com\/uploads\/2025\/09\/outdoor-sitting-area-ideas-dtd-02.jpg 700w, https:\/\/doubletakedecor.com\/uploads\/2025\/09\/outdoor-sitting-area-ideas-dtd-02-200x300.jpg 200w, https:\/\/doubletakedecor.com\/uploads\/2025\/09\/outdoor-sitting-area-ideas-dtd-02-683x1024.jpg 683w, https:\/\/doubletakedecor.com\/uploads\/2025\/09\/outdoor-sitting-area-ideas-dtd-02-96x144.jpg 96w, https:\/\/doubletakedecor.com\/uploads\/2025\/09\/outdoor-sitting-area-ideas-dtd-02-280x420.jpg 280w, https:\/\/doubletakedecor.com\/uploads\/2025\/09\/outdoor-sitting-area-ideas-dtd-02-320x480.jpg 320w, https:\/\/doubletakedecor.com\/uploads\/2025\/09\/outdoor-sitting-area-ideas-dtd-02-360x540.jpg 360w, https:\/\/doubletakedecor.com\/uploads\/2025\/09\/outdoor-sitting-area-ideas-dtd-02-363x545.jpg 363w, https:\/\/doubletakedecor.com\/uploads\/2025\/09\/outdoor-sitting-area-ideas-dtd-02-370x555.jpg 370w, https:\/\/doubletakedecor.com\/uploads\/2025\/09\/outdoor-sitting-area-ideas-dtd-02-400x600.jpg 400w, https:\/\/doubletakedecor.com\/uploads\/2025\/09\/outdoor-sitting-area-ideas-dtd-02-560x840.jpg 560w, https:\/\/doubletakedecor.com\/uploads\/2025\/09\/outdoor-sitting-area-ideas-dtd-02-480x720.jpg 480w\" sizes=\"auto, (max-width: 700px) 100vw, 700px\" \/><\/p>\n<p>Bar\u00e1ts\u00e1gos k\u00fclt\u00e9ri nappalit k\u00f6nnyen teremthetsz: haszn\u00e1ld a k\u00fcl\u00f6nf\u00e9le text\u00far\u00e1kat, p\u00e9ld\u00e1ul falra akasztott fonott d\u00edszeket \u00e9s k\u00fcl\u00f6nb\u00f6z\u0151 mint\u00e1j\u00fa d\u00edszp\u00e1rn\u00e1kat. Egy nagy sz\u0151nyeg seg\u00edt kijel\u00f6lni az \u00fcl\u0151r\u00e9szt. Cserepes n\u00f6v\u00e9nyeket \u00e9rdemes \u00fagy elhelyezni, hogy kiss\u00e9 elrejts\u00e9k a sarkot \u2013 \u00edgy igaz\u00e1n nyugis lesz a hangulat. Fali vil\u00e1g\u00edt\u00e1ssal este is \u00e9lvezheted a teret, an\u00e9lk\u00fcl, hogy a padl\u00f3n helyet foglaln\u00e1nak a l\u00e1mp\u00e1k.<\/p>\n<h2>Z\u00f6ld \u00fcl\u0151garnit\u00far\u00e1s k\u00fclt\u00e9ri pihen\u0151<\/h2>\n<p><img loading=\"lazy\" decoding=\"async\" width=\"700\" height=\"1050\" alt=\"Cozy outdoor living space featuring a green sectional sofa with decorative pillows and a white coffee table surrounded by lush greenery.\" class=\"aligncenter size-full wp-image-7172\" src=\"https:\/\/doubletakedecor.com\/uploads\/2025\/09\/outdoor-sitting-area-ideas-dtd-03.jpg\" srcset=\"https:\/\/doubletakedecor.com\/uploads\/2025\/09\/outdoor-sitting-area-ideas-dtd-03.jpg 700w, https:\/\/doubletakedecor.com\/uploads\/2025\/09\/outdoor-sitting-area-ideas-dtd-03-200x300.jpg 200w, https:\/\/doubletakedecor.com\/uploads\/2025\/09\/outdoor-sitting-area-ideas-dtd-03-683x1024.jpg 683w, https:\/\/doubletakedecor.com\/uploads\/2025\/09\/outdoor-sitting-area-ideas-dtd-03-96x144.jpg 96w, https:\/\/doubletakedecor.com\/uploads\/2025\/09\/outdoor-sitting-area-ideas-dtd-03-280x420.jpg 280w, https:\/\/doubletakedecor.com\/uploads\/2025\/09\/outdoor-sitting-area-ideas-dtd-03-320x480.jpg 320w, https:\/\/doubletakedecor.com\/uploads\/2025\/09\/outdoor-sitting-area-ideas-dtd-03-360x540.jpg 360w, https:\/\/doubletakedecor.com\/uploads\/2025\/09\/outdoor-sitting-area-ideas-dtd-03-363x545.jpg 363w, https:\/\/doubletakedecor.com\/uploads\/2025\/09\/outdoor-sitting-area-ideas-dtd-03-370x555.jpg 370w, https:\/\/doubletakedecor.com\/uploads\/2025\/09\/outdoor-sitting-area-ideas-dtd-03-400x600.jpg 400w, https:\/\/doubletakedecor.com\/uploads\/2025\/09\/outdoor-sitting-area-ideas-dtd-03-560x840.jpg 560w, https:\/\/doubletakedecor.com\/uploads\/2025\/09\/outdoor-sitting-area-ideas-dtd-03-480x720.jpg 480w\" sizes=\"auto, (max-width: 700px) 100vw, 700px\" \/><\/p>\n<p>L\u00e9gy kreat\u00edv: v\u00e1lassz puha, z\u00f6ld \u00fcl\u0151garnit\u00far\u00e1t, eg\u00e9sz\u00edtsd ki vid\u00e1m p\u00e1rn\u00e1kkal \u00e9s fonott takar\u00f3val a maxim\u00e1lis k\u00e9nyelem\u00e9rt. Egy lamell\u00e1s doh\u00e1nyz\u00f3asztalra tegy\u00e9l d\u00edszt\u00e1lc\u00e1n cserepes n\u00f6v\u00e9nyeket. F\u00fcgg\u0151 n\u00f6v\u00e9nyeket akaszthatsz a h\u00e1tt\u00e9r r\u00e1cs\u00e1ra, hogy z\u00f6ld, z\u00e1rt hangulatot \u00e9rj el.<\/p>\n<h2>Tr\u00f3pusi, r\u00e9tegezett \u00fcl\u0151helyes terasz<\/h2>\n<p><img loading=\"lazy\" decoding=\"async\" width=\"700\" height=\"1050\" alt=\"Cozy outdoor seating area with black bench, circular rattan chair, string lights, thatched umbrella, and decorative elements on a patterned rug.\" class=\"aligncenter size-full wp-image-7178\" src=\"https:\/\/doubletakedecor.com\/uploads\/2025\/09\/outdoor-sitting-area-ideas-dtd-04.jpg\" srcset=\"https:\/\/doubletakedecor.com\/uploads\/2025\/09\/outdoor-sitting-area-ideas-dtd-04.jpg 700w, https:\/\/doubletakedecor.com\/uploads\/2025\/09\/outdoor-sitting-area-ideas-dtd-04-200x300.jpg 200w, https:\/\/doubletakedecor.com\/uploads\/2025\/09\/outdoor-sitting-area-ideas-dtd-04-683x1024.jpg 683w, https:\/\/doubletakedecor.com\/uploads\/2025\/09\/outdoor-sitting-area-ideas-dtd-04-96x144.jpg 96w, https:\/\/doubletakedecor.com\/uploads\/2025\/09\/outdoor-sitting-area-ideas-dtd-04-280x420.jpg 280w, https:\/\/doubletakedecor.com\/uploads\/2025\/09\/outdoor-sitting-area-ideas-dtd-04-320x480.jpg 320w, https:\/\/doubletakedecor.com\/uploads\/2025\/09\/outdoor-sitting-area-ideas-dtd-04-360x540.jpg 360w, https:\/\/doubletakedecor.com\/uploads\/2025\/09\/outdoor-sitting-area-ideas-dtd-04-363x545.jpg 363w, https:\/\/doubletakedecor.com\/uploads\/2025\/09\/outdoor-sitting-area-ideas-dtd-04-370x555.jpg 370w, https:\/\/doubletakedecor.com\/uploads\/2025\/09\/outdoor-sitting-area-ideas-dtd-04-400x600.jpg 400w, https:\/\/doubletakedecor.com\/uploads\/2025\/09\/outdoor-sitting-area-ideas-dtd-04-560x840.jpg 560w, https:\/\/doubletakedecor.com\/uploads\/2025\/09\/outdoor-sitting-area-ideas-dtd-04-480x720.jpg 480w\" sizes=\"auto, (max-width: 700px) 100vw, 700px\" \/><\/p>\n<p>Sz\u00ednes, \u00e9letteli kinti sarkot alkothatsz, ha t\u00f6bbf\u00e9le \u00fcl\u0151helyet kombin\u00e1lsz, p\u00e9ld\u00e1ul egy letisztult padot egy l\u00e1tv\u00e1nyos rattan sz\u00e9kkel. Mint\u00e1s p\u00e1rn\u00e1kkal kelts vid\u00e1m hangulatot. Egy k\u00fclt\u00e9ri sz\u0151nyeg \u00f6sszefogja a teret, az \u00e9g\u0151sor pedig este is hangulatoss\u00e1 teszi. Praktikus kiszolg\u00e1l\u00f3asztal \u00e9s dekor\u00e1ci\u00f3 is j\u00f3l j\u00f6n \u2013 \u00edgy egyszerre lesz st\u00edlusos \u00e9s haszn\u00e1lhat\u00f3 a hely.<\/p>\n<h2>Hangulatos fonott \u00fcl\u0151hely \u00e9l\u00e9nk sz\u00ednekkel<\/h2>\n<p><img loading=\"lazy\" decoding=\"async\" width=\"700\" height=\"1050\" alt=\"Inviting outdoor seating area with wicker furniture, colorful cushions, and a striped rug, surrounded by greenery for perfect relaxation.\" class=\"aligncenter size-full wp-image-7184\" src=\"https:\/\/doubletakedecor.com\/uploads\/2025\/09\/outdoor-sitting-area-ideas-dtd-05.jpg\" srcset=\"https:\/\/doubletakedecor.com\/uploads\/2025\/09\/outdoor-sitting-area-ideas-dtd-05.jpg 700w, https:\/\/doubletakedecor.com\/uploads\/2025\/09\/outdoor-sitting-area-ideas-dtd-05-200x300.jpg 200w, https:\/\/doubletakedecor.com\/uploads\/2025\/09\/outdoor-sitting-area-ideas-dtd-05-683x1024.jpg 683w, https:\/\/doubletakedecor.com\/uploads\/2025\/09\/outdoor-sitting-area-ideas-dtd-05-96x144.jpg 96w, https:\/\/doubletakedecor.com\/uploads\/2025\/09\/outdoor-sitting-area-ideas-dtd-05-280x420.jpg 280w, https:\/\/doubletakedecor.com\/uploads\/2025\/09\/outdoor-sitting-area-ideas-dtd-05-320x480.jpg 320w, https:\/\/doubletakedecor.com\/uploads\/2025\/09\/outdoor-sitting-area-ideas-dtd-05-360x540.jpg 360w, https:\/\/doubletakedecor.com\/uploads\/2025\/09\/outdoor-sitting-area-ideas-dtd-05-363x545.jpg 363w, https:\/\/doubletakedecor.com\/uploads\/2025\/09\/outdoor-sitting-area-ideas-dtd-05-370x555.jpg 370w, https:\/\/doubletakedecor.com\/uploads\/2025\/09\/outdoor-sitting-area-ideas-dtd-05-400x600.jpg 400w, https:\/\/doubletakedecor.com\/uploads\/2025\/09\/outdoor-sitting-area-ideas-dtd-05-560x840.jpg 560w, https:\/\/doubletakedecor.com\/uploads\/2025\/09\/outdoor-sitting-area-ideas-dtd-05-480x720.jpg 480w\" sizes=\"auto, (max-width: 700px) 100vw, 700px\" \/><\/p>\n<p>Ha igaz\u00e1n bar\u00e1ts\u00e1gos k\u00fclt\u00e9ri sarkot szeretn\u00e9l, v\u00e1lassz semleges sz\u00edn\u0171 fonott b\u00fatort \u00e9s \u00e9l\u00e9nk, kontrasztos p\u00e1rn\u00e1kat. Egy sokoldal\u00fa puff asztalk\u00e9nt is haszn\u00e1lhat\u00f3, ha van rajta levehet\u0151 t\u00e1lca. K\u00f6nny\u0171 pokr\u00f3ccal is k\u00e9sz\u00fclhetsz a h\u0171v\u00f6sebb est\u00e9kre, \u00e9s egy mint\u00e1s k\u00fclt\u00e9ri sz\u0151nyeg egys\u00e9ges\u00edti az eg\u00e9sz teret, mik\u00f6zben j\u00f3l b\u00edrja az id\u0151j\u00e1r\u00e1st.<\/p>\n<h2>Sziklapadl\u00f3s terasz Adirondack sz\u00e9kekkel<\/h2>\n<p><img loading=\"lazy\" decoding=\"async\" width=\"700\" height=\"1049\" alt=\"Two white Adirondack chairs with pink polka-dot cushions on a flagstone patio, accented by turquoise planters and a decorative lantern.\" class=\"aligncenter size-full wp-image-7190\" src=\"https:\/\/doubletakedecor.com\/uploads\/2025\/09\/outdoor-sitting-area-ideas-dtd-06.jpg\" srcset=\"https:\/\/doubletakedecor.com\/uploads\/2025\/09\/outdoor-sitting-area-ideas-dtd-06.jpg 700w, https:\/\/doubletakedecor.com\/uploads\/2025\/09\/outdoor-sitting-area-ideas-dtd-06-200x300.jpg 200w, https:\/\/doubletakedecor.com\/uploads\/2025\/09\/outdoor-sitting-area-ideas-dtd-06-683x1024.jpg 683w, https:\/\/doubletakedecor.com\/uploads\/2025\/09\/outdoor-sitting-area-ideas-dtd-06-96x144.jpg 96w, https:\/\/doubletakedecor.com\/uploads\/2025\/09\/outdoor-sitting-area-ideas-dtd-06-280x420.jpg 280w, https:\/\/doubletakedecor.com\/uploads\/2025\/09\/outdoor-sitting-area-ideas-dtd-06-320x480.jpg 320w, https:\/\/doubletakedecor.com\/uploads\/2025\/09\/outdoor-sitting-area-ideas-dtd-06-360x539.jpg 360w, https:\/\/doubletakedecor.com\/uploads\/2025\/09\/outdoor-sitting-area-ideas-dtd-06-363x544.jpg 363w, https:\/\/doubletakedecor.com\/uploads\/2025\/09\/outdoor-sitting-area-ideas-dtd-06-370x554.jpg 370w, https:\/\/doubletakedecor.com\/uploads\/2025\/09\/outdoor-sitting-area-ideas-dtd-06-400x599.jpg 400w, https:\/\/doubletakedecor.com\/uploads\/2025\/09\/outdoor-sitting-area-ideas-dtd-06-560x839.jpg 560w, https:\/\/doubletakedecor.com\/uploads\/2025\/09\/outdoor-sitting-area-ideas-dtd-06-480x719.jpg 480w\" sizes=\"auto, (max-width: 700px) 100vw, 700px\" \/><\/p>\n<p>Dobd fel a teraszt k\u00e9nyelmes Adirondack sz\u00e9kekkel strapab\u00edr\u00f3 sziklapadl\u00f3n. Vid\u00e1m sz\u00ednes p\u00e1rn\u00e1kkal \u00e9s vir\u00e1gos kasp\u00f3kkal igaz\u00e1n hangulatos lesz a sarok. K\u00e9t sz\u00e9k k\u00f6z\u00e9 elhelyezett l\u00e1mp\u00e1s gondoskodik az esti f\u00e9nyekr\u0151l. Ez az egyszer\u0171 megold\u00e1s kev\u00e9s gondoz\u00e1st ig\u00e9nyel, m\u00e9gis szuper pihen\u0151helyet ad.<\/p>\n<h2>Kerti el\u0151t\u00e9ri \u00fcl\u0151sarok<\/h2>\n<p><img loading=\"lazy\" decoding=\"async\" width=\"700\" height=\"1049\" alt=\"A cozy outdoor sitting area with two black chairs, a pink table, and flowers under a striped awning by a yellow wall\" class=\"aligncenter size-full wp-image-7196\" src=\"https:\/\/doubletakedecor.com\/uploads\/2025\/09\/outdoor-sitting-area-ideas-dtd-07.jpg\" srcset=\"https:\/\/doubletakedecor.com\/uploads\/2025\/09\/outdoor-sitting-area-ideas-dtd-07.jpg 700w, https:\/\/doubletakedecor.com\/uploads\/2025\/09\/outdoor-sitting-area-ideas-dtd-07-200x300.jpg 200w, https:\/\/doubletakedecor.com\/uploads\/2025\/09\/outdoor-sitting-area-ideas-dtd-07-683x1024.jpg 683w, https:\/\/doubletakedecor.com\/uploads\/2025\/09\/outdoor-sitting-area-ideas-dtd-07-96x144.jpg 96w, https:\/\/doubletakedecor.com\/uploads\/2025\/09\/outdoor-sitting-area-ideas-dtd-07-280x420.jpg 280w, https:\/\/doubletakedecor.com\/uploads\/2025\/09\/outdoor-sitting-area-ideas-dtd-07-320x480.jpg 320w, https:\/\/doubletakedecor.com\/uploads\/2025\/09\/outdoor-sitting-area-ideas-dtd-07-360x539.jpg 360w, https:\/\/doubletakedecor.com\/uploads\/2025\/09\/outdoor-sitting-area-ideas-dtd-07-363x544.jpg 363w, https:\/\/doubletakedecor.com\/uploads\/2025\/09\/outdoor-sitting-area-ideas-dtd-07-370x554.jpg 370w, https:\/\/doubletakedecor.com\/uploads\/2025\/09\/outdoor-sitting-area-ideas-dtd-07-400x599.jpg 400w, https:\/\/doubletakedecor.com\/uploads\/2025\/09\/outdoor-sitting-area-ideas-dtd-07-560x839.jpg 560w, https:\/\/doubletakedecor.com\/uploads\/2025\/09\/outdoor-sitting-area-ideas-dtd-07-480x719.jpg 480w\" sizes=\"auto, (max-width: 700px) 100vw, 700px\" \/><\/p>\n<p>Alak\u00edts ki b\u00e1jos bej\u00e1rati \u00fcl\u0151sarkot k\u00e9t pl\u00fcss p\u00e1rn\u00e1s f\u00e9m sz\u00e9kkel, szemben egym\u00e1ssal. Tegy\u00e9l k\u00f6z\u00e9j\u00fck sz\u00ednes kis asztalt, ami j\u00f3l mutat \u00e9s hasznos is. Egy kis vir\u00e1gdekor\u00e1ci\u00f3val bar\u00e1ts\u00e1gos, h\u00edvogat\u00f3 lesz a hely. Ez a megold\u00e1s kis helyen is m\u0171k\u00f6dik, t\u00f6k\u00e9letes reggeli k\u00e1v\u00e9hoz vagy k\u00f6tetlen besz\u00e9lget\u00e9shez.<\/p>\n<h2>Rusztikus pergol\u00e1s nap\u00e1gyas pihen\u0151<\/h2>\n<p><img loading=\"lazy\" decoding=\"async\" width=\"700\" height=\"1050\" alt=\"Serene outdoor lounging area with wooden pergola, white curtains, and comfortable daybed featuring neutral pillows and throw blanket.\" class=\"aligncenter size-full wp-image-7202\" src=\"https:\/\/doubletakedecor.com\/uploads\/2025\/09\/outdoor-sitting-area-ideas-dtd-08.jpg\" srcset=\"https:\/\/doubletakedecor.com\/uploads\/2025\/09\/outdoor-sitting-area-ideas-dtd-08.jpg 700w, https:\/\/doubletakedecor.com\/uploads\/2025\/09\/outdoor-sitting-area-ideas-dtd-08-200x300.jpg 200w, https:\/\/doubletakedecor.com\/uploads\/2025\/09\/outdoor-sitting-area-ideas-dtd-08-683x1024.jpg 683w, https:\/\/doubletakedecor.com\/uploads\/2025\/09\/outdoor-sitting-area-ideas-dtd-08-96x144.jpg 96w, https:\/\/doubletakedecor.com\/uploads\/2025\/09\/outdoor-sitting-area-ideas-dtd-08-280x420.jpg 280w, https:\/\/doubletakedecor.com\/uploads\/2025\/09\/outdoor-sitting-area-ideas-dtd-08-320x480.jpg 320w, https:\/\/doubletakedecor.com\/uploads\/2025\/09\/outdoor-sitting-area-ideas-dtd-08-360x540.jpg 360w, https:\/\/doubletakedecor.com\/uploads\/2025\/09\/outdoor-sitting-area-ideas-dtd-08-363x545.jpg 363w, https:\/\/doubletakedecor.com\/uploads\/2025\/09\/outdoor-sitting-area-ideas-dtd-08-370x555.jpg 370w, https:\/\/doubletakedecor.com\/uploads\/2025\/09\/outdoor-sitting-area-ideas-dtd-08-400x600.jpg 400w, https:\/\/doubletakedecor.com\/uploads\/2025\/09\/outdoor-sitting-area-ideas-dtd-08-560x840.jpg 560w, https:\/\/doubletakedecor.com\/uploads\/2025\/09\/outdoor-sitting-area-ideas-dtd-08-480x720.jpg 480w\" sizes=\"auto, (max-width: 700px) 100vw, 700px\" \/><\/p>\n<p>\u00c1lmodj egy nyugodt, laza sarokr\u00f3l: szerelj fel rusztikus pergol\u00e1t fa\u00e1gakb\u00f3l egy k\u00e9nyelmes nap\u00e1gy f\u00f6l\u00e9. Feh\u00e9r leplek adj\u00e1k a kellemes \u00e1rny\u00e9kot \u00e9s priv\u00e1t hangulatot, m\u00e9gis szell\u0151s marad t\u0151le a hely. D\u00edszp\u00e1rn\u00e1kkal, takar\u00f3val teheted m\u00e9g bar\u00e1ts\u00e1gosabb\u00e1. A padl\u00f3 feh\u00e9rre festve vil\u00e1gosabb lesz, a fonott b\u00fator pedig term\u00e9szetes hat\u00e1st k\u00f6lcs\u00f6n\u00f6z.<\/p>\n<h2>Fonott \u00fcl\u0151alkalmatoss\u00e1g napraforg\u00f3kkal<\/h2>\n<p><img loading=\"lazy\" decoding=\"async\" width=\"700\" height=\"1049\" alt=\"Cozy white wicker chairs with cushions and a round table featuring sunflowers, creating a peaceful outdoor sitting area.\" class=\"aligncenter size-full wp-image-7208\" src=\"https:\/\/doubletakedecor.com\/uploads\/2025\/09\/outdoor-sitting-area-ideas-dtd-09.jpg\" srcset=\"https:\/\/doubletakedecor.com\/uploads\/2025\/09\/outdoor-sitting-area-ideas-dtd-09.jpg 700w, https:\/\/doubletakedecor.com\/uploads\/2025\/09\/outdoor-sitting-area-ideas-dtd-09-200x300.jpg 200w, https:\/\/doubletakedecor.com\/uploads\/2025\/09\/outdoor-sitting-area-ideas-dtd-09-683x1024.jpg 683w, https:\/\/doubletakedecor.com\/uploads\/2025\/09\/outdoor-sitting-area-ideas-dtd-09-96x144.jpg 96w, https:\/\/doubletakedecor.com\/uploads\/2025\/09\/outdoor-sitting-area-ideas-dtd-09-280x420.jpg 280w, https:\/\/doubletakedecor.com\/uploads\/2025\/09\/outdoor-sitting-area-ideas-dtd-09-320x480.jpg 320w, https:\/\/doubletakedecor.com\/uploads\/2025\/09\/outdoor-sitting-area-ideas-dtd-09-360x539.jpg 360w, https:\/\/doubletakedecor.com\/uploads\/2025\/09\/outdoor-sitting-area-ideas-dtd-09-363x544.jpg 363w, https:\/\/doubletakedecor.com\/uploads\/2025\/09\/outdoor-sitting-area-ideas-dtd-09-370x554.jpg 370w, https:\/\/doubletakedecor.com\/uploads\/2025\/09\/outdoor-sitting-area-ideas-dtd-09-400x599.jpg 400w, https:\/\/doubletakedecor.com\/uploads\/2025\/09\/outdoor-sitting-area-ideas-dtd-09-560x839.jpg 560w, https:\/\/doubletakedecor.com\/uploads\/2025\/09\/outdoor-sitting-area-ideas-dtd-09-480x719.jpg 480w\" sizes=\"auto, (max-width: 700px) 100vw, 700px\" \/><\/p>\n<p>Form\u00e1ld \u00e1t a k\u00fclt\u00e9ri sarok hangulat\u00e1t klasszikus feh\u00e9r fonott sz\u00e9kekkel. Puha p\u00e1rn\u00e1kkal lesz igaz\u00e1n k\u00e9nyelmes, a k\u00f6z\u00e9j\u00fck helyezett kerek asztal praktikus is. Egy csokor friss napraforg\u00f3 \u00e9s n\u00e9h\u00e1ny gyertya pillanatok alatt bar\u00e1ts\u00e1gosabb\u00e1 teszi a teret. Helyezd olyan r\u00e9szre, ahol relux\u00e1s ablakok vannak, \u00edgy \u00e9rdekesebb lesz a l\u00e1tv\u00e1ny \u00e9s a priv\u00e1tszf\u00e9r\u00e1ra is figyelhetsz.<\/p>\n<h2>Hangulatos, vil\u00e1g\u00edtott kerti pad<\/h2>\n<p><img loading=\"lazy\" decoding=\"async\" width=\"700\" height=\"1050\" alt=\"Decorative black metal bench against concrete wall with colorful flower beds and recessed lighting creating a cozy outdoor seating area.\" class=\"aligncenter size-full wp-image-7214\" src=\"https:\/\/doubletakedecor.com\/uploads\/2025\/09\/outdoor-sitting-area-ideas-dtd-10.jpg\" srcset=\"https:\/\/doubletakedecor.com\/uploads\/2025\/09\/outdoor-sitting-area-ideas-dtd-10.jpg 700w, https:\/\/doubletakedecor.com\/uploads\/2025\/09\/outdoor-sitting-area-ideas-dtd-10-200x300.jpg 200w, https:\/\/doubletakedecor.com\/uploads\/2025\/09\/outdoor-sitting-area-ideas-dtd-10-683x1024.jpg 683w, https:\/\/doubletakedecor.com\/uploads\/2025\/09\/outdoor-sitting-area-ideas-dtd-10-96x144.jpg 96w, https:\/\/doubletakedecor.com\/uploads\/2025\/09\/outdoor-sitting-area-ideas-dtd-10-280x420.jpg 280w, https:\/\/doubletakedecor.com\/uploads\/2025\/09\/outdoor-sitting-area-ideas-dtd-10-320x480.jpg 320w, https:\/\/doubletakedecor.com\/uploads\/2025\/09\/outdoor-sitting-area-ideas-dtd-10-360x540.jpg 360w, https:\/\/doubletakedecor.com\/uploads\/2025\/09\/outdoor-sitting-area-ideas-dtd-10-363x545.jpg 363w, https:\/\/doubletakedecor.com\/uploads\/2025\/09\/outdoor-sitting-area-ideas-dtd-10-370x555.jpg 370w, https:\/\/doubletakedecor.com\/uploads\/2025\/09\/outdoor-sitting-area-ideas-dtd-10-400x600.jpg 400w, https:\/\/doubletakedecor.com\/uploads\/2025\/09\/outdoor-sitting-area-ideas-dtd-10-560x840.jpg 560w, https:\/\/doubletakedecor.com\/uploads\/2025\/09\/outdoor-sitting-area-ideas-dtd-10-480x720.jpg 480w\" sizes=\"auto, (max-width: 700px) 100vw, 700px\" \/><\/p>\n<p>Hozz l\u00e9tre nyugodt, csendes sarkot egy f\u00e9m paddal a struktur\u00e1lt faln\u00e1l, sz\u00ednes vir\u00e1g\u00e1gy\u00e1sok k\u00f6z\u00f6tt. Rejtett, talajba s\u00fcllyesztett vil\u00e1g\u00edt\u00e1ssal este is k\u00fcl\u00f6nlegess\u00e9 teheted a l\u00e1tv\u00e1nyt. A n\u00f6v\u00e9nyeket s\u00f6t\u00e9t mulccsal k\u00f6r\u00fclv\u00e9ve rendezett lesz a t\u00e9r, r\u00e1ad\u00e1sul a f\u00f6ld sem sz\u00e1rad ki olyan gyorsan.<\/p>\n<h2>Kavicsos \u00f6sv\u00e9ny melletti \u00fcl\u0151sarok<\/h2>\n<p><img loading=\"lazy\" decoding=\"async\" width=\"700\" height=\"1049\" alt=\"H\u00e1rom fekete f\u00e9m sz\u00e9k piros p\u00e1rn\u00e1val egy kavicsos \u00f6sv\u00e9ny ment\u00e9n, k\u0151lapokkal, meghitt k\u00fclt\u00e9ri \u00fcl\u0151helyet kialak\u00edtva.\" class=\"aligncenter size-full wp-image-7220\" src=\"https:\/\/doubletakedecor.com\/uploads\/2025\/09\/outdoor-sitting-area-ideas-dtd-11.jpg\" srcset=\"https:\/\/doubletakedecor.com\/uploads\/2025\/09\/outdoor-sitting-area-ideas-dtd-11.jpg 700w, https:\/\/doubletakedecor.com\/uploads\/2025\/09\/outdoor-sitting-area-ideas-dtd-11-200x300.jpg 200w, https:\/\/doubletakedecor.com\/uploads\/2025\/09\/outdoor-sitting-area-ideas-dtd-11-683x1024.jpg 683w, https:\/\/doubletakedecor.com\/uploads\/2025\/09\/outdoor-sitting-area-ideas-dtd-11-96x144.jpg 96w, https:\/\/doubletakedecor.com\/uploads\/2025\/09\/outdoor-sitting-area-ideas-dtd-11-280x420.jpg 280w, https:\/\/doubletakedecor.com\/uploads\/2025\/09\/outdoor-sitting-area-ideas-dtd-11-320x480.jpg 320w, https:\/\/doubletakedecor.com\/uploads\/2025\/09\/outdoor-sitting-area-ideas-dtd-11-360x539.jpg 360w, https:\/\/doubletakedecor.com\/uploads\/2025\/09\/outdoor-sitting-area-ideas-dtd-11-363x544.jpg 363w, https:\/\/doubletakedecor.com\/uploads\/2025\/09\/outdoor-sitting-area-ideas-dtd-11-370x554.jpg 370w, https:\/\/doubletakedecor.com\/uploads\/2025\/09\/outdoor-sitting-area-ideas-dtd-11-400x599.jpg 400w, https:\/\/doubletakedecor.com\/uploads\/2025\/09\/outdoor-sitting-area-ideas-dtd-11-560x839.jpg 560w, https:\/\/doubletakedecor.com\/uploads\/2025\/09\/outdoor-sitting-area-ideas-dtd-11-480x719.jpg 480w\" sizes=\"auto, (max-width: 700px) 100vw, 700px\" \/><\/p>\n<p>Var\u00e1zsolj bar\u00e1ts\u00e1gos \u00fcl\u0151helyet a kertedbe egy kavicsos alappal \u00e9s n\u00e9h\u00e1ny l\u00e9p\u0151k\u0151vel, hogy \u00e9rdekesebb legyen a l\u00e1tv\u00e1ny. Helyezd el a f\u00e9m sz\u00e9keket \u00fagy, hogy a kert fontosabb r\u00e9szei fel\u00e9 n\u00e9zzenek, vagy hogy k\u00f6nnyebb legyen besz\u00e9lgetni. Akaszd fel n\u00e9h\u00e1ny kasp\u00f3t a falra, \u00e9s tegy\u00e9l cserepes n\u00f6v\u00e9nyeket is, k\u00fcl\u00f6nb\u00f6z\u0151 magass\u00e1gokba, hogy z\u00f6ldet vigy\u00e9l a k\u00f6rnyezetbe. V\u00e1lassz egym\u00e1shoz ill\u0151 p\u00e1rn\u00e1kat a k\u00e9nyelmesebb \u00fcl\u00e9shez, \u00e9s \u00edgy a sz\u00ednek is sz\u00e9pen fognak mutatni egy\u00fctt.<\/p>\n<h2>Feh\u00e9r fonott sz\u00e9kek a teraszon<\/h2>\n<p><img loading=\"lazy\" decoding=\"async\" width=\"700\" height=\"1049\" alt=\"Hangulatos k\u00fclt\u00e9ri \u00fcl\u0151hely feh\u00e9r fonott sz\u00e9kekkel egy z\u00f6ld, homok\u00f3ra alak\u00fa asztal k\u00f6r\u00fcl, r\u00f3zs\u00e1kkal, friss\u00edt\u0151vel, \u00e9s es\u0151 \u00e1ztatta j\u00e1r\u00f3lapokkal.\" class=\"aligncenter size-full wp-image-7226\" src=\"https:\/\/doubletakedecor.com\/uploads\/2025\/09\/outdoor-sitting-area-ideas-dtd-12.jpg\" srcset=\"https:\/\/doubletakedecor.com\/uploads\/2025\/09\/outdoor-sitting-area-ideas-dtd-12.jpg 700w, https:\/\/doubletakedecor.com\/uploads\/2025\/09\/outdoor-sitting-area-ideas-dtd-12-200x300.jpg 200w, https:\/\/doubletakedecor.com\/uploads\/2025\/09\/outdoor-sitting-area-ideas-dtd-12-683x1024.jpg 683w, https:\/\/doubletakedecor.com\/uploads\/2025\/09\/outdoor-sitting-area-ideas-dtd-12-96x144.jpg 96w, https:\/\/doubletakedecor.com\/uploads\/2025\/09\/outdoor-sitting-area-ideas-dtd-12-280x420.jpg 280w, https:\/\/doubletakedecor.com\/uploads\/2025\/09\/outdoor-sitting-area-ideas-dtd-12-320x480.jpg 320w, https:\/\/doubletakedecor.com\/uploads\/2025\/09\/outdoor-sitting-area-ideas-dtd-12-360x539.jpg 360w, https:\/\/doubletakedecor.com\/uploads\/2025\/09\/outdoor-sitting-area-ideas-dtd-12-363x544.jpg 363w, https:\/\/doubletakedecor.com\/uploads\/2025\/09\/outdoor-sitting-area-ideas-dtd-12-370x554.jpg 370w, https:\/\/doubletakedecor.com\/uploads\/2025\/09\/outdoor-sitting-area-ideas-dtd-12-400x599.jpg 400w, https:\/\/doubletakedecor.com\/uploads\/2025\/09\/outdoor-sitting-area-ideas-dtd-12-560x839.jpg 560w, https:\/\/doubletakedecor.com\/uploads\/2025\/09\/outdoor-sitting-area-ideas-dtd-12-480x719.jpg 480w\" sizes=\"auto, (max-width: 700px) 100vw, 700px\" \/><\/p>\n<p>Alak\u00edts ki hangulatos k\u00fclt\u00e9ri sarkot v\u00edz\u00e1ll\u00f3 fonott sz\u00e9kekkel \u00e9s egy vid\u00e1m, sz\u00ednes asztallal. D\u00edsz\u00edtsd friss vir\u00e1gokkal, \u00e9s tegy\u00e9l ki apr\u00f3bb dekor\u00e1ci\u00f3kat, amiket \u00e9vszakonk\u00e9nt v\u00e1ltoztathatsz. Az \u00fcl\u0151helyet helyezd el z\u00f6ld n\u00f6v\u00e9nyek k\u00f6zel\u00e9ben, \u00edgy nyugodt, b\u00e9k\u00e9s hangulatot var\u00e1zsolhatsz. Fontos, hogy a b\u00fatorokat k\u00f6nnyen b\u00edrj\u00e1k az es\u0151t is, \u00edgy akkor sem lesz gond, ha elered az es\u0151.<\/p>\n<h2>Naperny\u0151vel \u00e1rny\u00e9kolt nagyp\u00e1rn\u00e1s lounge<\/h2>\n<p><img loading=\"lazy\" decoding=\"async\" width=\"700\" height=\"1049\" alt=\"Eleg\u00e1ns kerti terasz feh\u00e9r naperny\u0151vel, sarokkanap\u00e9val \u00e9s fonott sz\u00e9kekkel, geometrikus sz\u0151nyegen, t\u00f6k\u00e9letes vend\u00e9gfogad\u00e1shoz.\" class=\"aligncenter size-full wp-image-7232\" src=\"https:\/\/doubletakedecor.com\/uploads\/2025\/09\/outdoor-sitting-area-ideas-dtd-13.jpg\" srcset=\"https:\/\/doubletakedecor.com\/uploads\/2025\/09\/outdoor-sitting-area-ideas-dtd-13.jpg 700w, https:\/\/doubletakedecor.com\/uploads\/2025\/09\/outdoor-sitting-area-ideas-dtd-13-200x300.jpg 200w, https:\/\/doubletakedecor.com\/uploads\/2025\/09\/outdoor-sitting-area-ideas-dtd-13-683x1024.jpg 683w, https:\/\/doubletakedecor.com\/uploads\/2025\/09\/outdoor-sitting-area-ideas-dtd-13-96x144.jpg 96w, https:\/\/doubletakedecor.com\/uploads\/2025\/09\/outdoor-sitting-area-ideas-dtd-13-280x420.jpg 280w, https:\/\/doubletakedecor.com\/uploads\/2025\/09\/outdoor-sitting-area-ideas-dtd-13-320x480.jpg 320w, https:\/\/doubletakedecor.com\/uploads\/2025\/09\/outdoor-sitting-area-ideas-dtd-13-360x539.jpg 360w, https:\/\/doubletakedecor.com\/uploads\/2025\/09\/outdoor-sitting-area-ideas-dtd-13-363x544.jpg 363w, https:\/\/doubletakedecor.com\/uploads\/2025\/09\/outdoor-sitting-area-ideas-dtd-13-370x554.jpg 370w, https:\/\/doubletakedecor.com\/uploads\/2025\/09\/outdoor-sitting-area-ideas-dtd-13-400x599.jpg 400w, https:\/\/doubletakedecor.com\/uploads\/2025\/09\/outdoor-sitting-area-ideas-dtd-13-560x839.jpg 560w, https:\/\/doubletakedecor.com\/uploads\/2025\/09\/outdoor-sitting-area-ideas-dtd-13-480x719.jpg 480w\" sizes=\"auto, (max-width: 700px) 100vw, 700px\" \/><\/p>\n<p>Tedd k\u00fcl\u00f6nlegess\u00e9 a kinti helyed egy nagy naperny\u0151vel, amit egy k\u00f6r alak\u00fa doh\u00e1nyz\u00f3asztal f\u00f6l\u00e9 helyezel. Rakj le egy semleges sz\u00edn\u0171 sarokkanap\u00e9t, dobj r\u00e1 sz\u00ednes d\u00edszp\u00e1rn\u00e1kat, hogy \u00e9letet vigy\u00e9l bele, \u00e9s eg\u00e9sz\u00edtsd ki fonott fotelelekkel. Mindezt bor\u00edtsd egy mint\u00e1s k\u00fclt\u00e9ri sz\u0151nyeggel, amely melegebb\u00e9 teszi a k\u00f6vezett fel\u00fcletet, \u00e9s kijel\u00f6li az \u00fcl\u00e9s hely\u00e9t.<\/p>\n<h2>F\u00e1s \u00e1rnyas, rusztikus \u00e9tkez\u0151<\/h2>\n<p><img loading=\"lazy\" decoding=\"async\" width=\"700\" height=\"1049\" alt=\"Rusztikus faasztal fonott sz\u00e9kekkel, k\u00e9nyelmes p\u00e1rn\u00e1kkal \u00e9s egyszer\u0171 asztaldekorral, \u00e1rnyas fa alatt k\u00fclt\u00e9ri vacsor\u00e1z\u00e1shoz.\" class=\"aligncenter size-full wp-image-7238\" src=\"https:\/\/doubletakedecor.com\/uploads\/2025\/09\/outdoor-sitting-area-ideas-dtd-14.jpg\" srcset=\"https:\/\/doubletakedecor.com\/uploads\/2025\/09\/outdoor-sitting-area-ideas-dtd-14.jpg 700w, https:\/\/doubletakedecor.com\/uploads\/2025\/09\/outdoor-sitting-area-ideas-dtd-14-200x300.jpg 200w, https:\/\/doubletakedecor.com\/uploads\/2025\/09\/outdoor-sitting-area-ideas-dtd-14-683x1024.jpg 683w, https:\/\/doubletakedecor.com\/uploads\/2025\/09\/outdoor-sitting-area-ideas-dtd-14-96x144.jpg 96w, https:\/\/doubletakedecor.com\/uploads\/2025\/09\/outdoor-sitting-area-ideas-dtd-14-280x420.jpg 280w, https:\/\/doubletakedecor.com\/uploads\/2025\/09\/outdoor-sitting-area-ideas-dtd-14-320x480.jpg 320w, https:\/\/doubletakedecor.com\/uploads\/2025\/09\/outdoor-sitting-area-ideas-dtd-14-360x539.jpg 360w, https:\/\/doubletakedecor.com\/uploads\/2025\/09\/outdoor-sitting-area-ideas-dtd-14-363x544.jpg 363w, https:\/\/doubletakedecor.com\/uploads\/2025\/09\/outdoor-sitting-area-ideas-dtd-14-370x554.jpg 370w, https:\/\/doubletakedecor.com\/uploads\/2025\/09\/outdoor-sitting-area-ideas-dtd-14-400x599.jpg 400w, https:\/\/doubletakedecor.com\/uploads\/2025\/09\/outdoor-sitting-area-ideas-dtd-14-560x839.jpg 560w, https:\/\/doubletakedecor.com\/uploads\/2025\/09\/outdoor-sitting-area-ideas-dtd-14-480x719.jpg 480w\" sizes=\"auto, (max-width: 700px) 100vw, 700px\" \/><\/p>\n<p>Hozz l\u00e9tre term\u00e9szetes \u00e9tkez\u0151t kint, ha az asztalt egy nagy \u00e1rnyas fa al\u00e1 teszed. V\u00e1lassz egyszer\u0171, f\u00e1b\u00f3l k\u00e9sz\u00fclt b\u00fatorokat fonott sz\u00e9kekkel, amelyekhez puha p\u00e1rn\u00e1k is j\u00f3l j\u00f6nnek. Tegy\u00e9l az asztalra egyszer\u0171, de sz\u00e9p d\u00edszeket, p\u00e9ld\u00e1ul cserepes n\u00f6v\u00e9nyeket vagy \u00fcvegl\u00e1mp\u00e1sokat. Egy-k\u00e9t pokr\u00f3c j\u00f3l j\u00f6n, ha h\u0171v\u00f6sebb lesz, \u00e9s izgalmasabb\u00e1 is teszi a helyet.<\/p>\n<h2>Intim fonott sz\u00e9kp\u00e1r besz\u00e9lget\u0151hely<\/h2>\n<p><img loading=\"lazy\" decoding=\"async\" width=\"700\" height=\"1049\" alt=\"Kerek fa asztal vir\u00e1gokkal, k\u00e9t fonott sz\u00e9k k\u00e9k p\u00e1rn\u00e1val, t\u00e9glafal \u00e9s zsalug\u00e1terek el\u0151tt.\" class=\"aligncenter size-full wp-image-7244\" src=\"https:\/\/doubletakedecor.com\/uploads\/2025\/09\/outdoor-sitting-area-ideas-dtd-15.jpg\" srcset=\"https:\/\/doubletakedecor.com\/uploads\/2025\/09\/outdoor-sitting-area-ideas-dtd-15.jpg 700w, https:\/\/doubletakedecor.com\/uploads\/2025\/09\/outdoor-sitting-area-ideas-dtd-15-200x300.jpg 200w, https:\/\/doubletakedecor.com\/uploads\/2025\/09\/outdoor-sitting-area-ideas-dtd-15-683x1024.jpg 683w, https:\/\/doubletakedecor.com\/uploads\/2025\/09\/outdoor-sitting-area-ideas-dtd-15-96x144.jpg 96w, https:\/\/doubletakedecor.com\/uploads\/2025\/09\/outdoor-sitting-area-ideas-dtd-15-280x420.jpg 280w, https:\/\/doubletakedecor.com\/uploads\/2025\/09\/outdoor-sitting-area-ideas-dtd-15-320x480.jpg 320w, https:\/\/doubletakedecor.com\/uploads\/2025\/09\/outdoor-sitting-area-ideas-dtd-15-360x539.jpg 360w, https:\/\/doubletakedecor.com\/uploads\/2025\/09\/outdoor-sitting-area-ideas-dtd-15-363x544.jpg 363w, https:\/\/doubletakedecor.com\/uploads\/2025\/09\/outdoor-sitting-area-ideas-dtd-15-370x554.jpg 370w, https:\/\/doubletakedecor.com\/uploads\/2025\/09\/outdoor-sitting-area-ideas-dtd-15-400x599.jpg 400w, https:\/\/doubletakedecor.com\/uploads\/2025\/09\/outdoor-sitting-area-ideas-dtd-15-560x839.jpg 560w, https:\/\/doubletakedecor.com\/uploads\/2025\/09\/outdoor-sitting-area-ideas-dtd-15-480x719.jpg 480w\" sizes=\"auto, (max-width: 700px) 100vw, 700px\" \/><\/p>\n<p>Teremts meghitt besz\u00e9lget\u0151sarkot k\u00e9t fonott sz\u00e9kkel, amiket egy egyszer\u0171, kerek faasztal k\u00f6r\u00e9 \u00e1ll\u00edtasz. Rakj r\u00e1 mint\u00e1s, k\u00e9k p\u00e1rn\u00e1kat, hogy k\u00e9nyelmesebb legyen, \u00e9s dobj fel egy sz\u00e9p vir\u00e1gd\u00edszt az asztal k\u00f6zep\u00e9re. \u00c1ll\u00edtsd az eg\u00e9sz kis sarkot egy v\u00e9dett fal vagy zsalug\u00e1ter k\u00f6zel\u00e9be, \u00e9s tegy\u00e9l k\u00f6r\u00e9 apr\u00f3 cserepes n\u00f6v\u00e9nyeket, hogy m\u00e9g z\u00f6ldebb legyen a hangulat.<\/p>\n<h2>Fut\u00f3n\u00f6v\u00e9nyes fedett terasz\u00e9tkez\u0151<\/h2>\n<p><img loading=\"lazy\" decoding=\"async\" width=\"700\" height=\"1049\" alt=\"Hangulatos kinti \u00e9tkez\u0151 hossz\u00fak\u00e1s asztallal, f\u00e9m sz\u00e9kekkel, fut\u00f3n\u00f6v\u00e9nyes pergola \u00e9s \u00e9g\u0151sor alatt - t\u00f6k\u00e9letes vend\u00e9gek fogad\u00e1s\u00e1ra.\" class=\"aligncenter size-full wp-image-7250\" src=\"https:\/\/doubletakedecor.com\/uploads\/2025\/09\/outdoor-sitting-area-ideas-dtd-16.jpg\" srcset=\"https:\/\/doubletakedecor.com\/uploads\/2025\/09\/outdoor-sitting-area-ideas-dtd-16.jpg 700w, https:\/\/doubletakedecor.com\/uploads\/2025\/09\/outdoor-sitting-area-ideas-dtd-16-200x300.jpg 200w, https:\/\/doubletakedecor.com\/uploads\/2025\/09\/outdoor-sitting-area-ideas-dtd-16-683x1024.jpg 683w, https:\/\/doubletakedecor.com\/uploads\/2025\/09\/outdoor-sitting-area-ideas-dtd-16-96x144.jpg 96w, https:\/\/doubletakedecor.com\/uploads\/2025\/09\/outdoor-sitting-area-ideas-dtd-16-280x420.jpg 280w, https:\/\/doubletakedecor.com\/uploads\/2025\/09\/outdoor-sitting-area-ideas-dtd-16-320x480.jpg 320w, https:\/\/doubletakedecor.com\/uploads\/2025\/09\/outdoor-sitting-area-ideas-dtd-16-360x539.jpg 360w, https:\/\/doubletakedecor.com\/uploads\/2025\/09\/outdoor-sitting-area-ideas-dtd-16-363x544.jpg 363w, https:\/\/doubletakedecor.com\/uploads\/2025\/09\/outdoor-sitting-area-ideas-dtd-16-370x554.jpg 370w, https:\/\/doubletakedecor.com\/uploads\/2025\/09\/outdoor-sitting-area-ideas-dtd-16-400x599.jpg 400w, https:\/\/doubletakedecor.com\/uploads\/2025\/09\/outdoor-sitting-area-ideas-dtd-16-560x839.jpg 560w, https:\/\/doubletakedecor.com\/uploads\/2025\/09\/outdoor-sitting-area-ideas-dtd-16-480x719.jpg 480w\" sizes=\"auto, (max-width: 700px) 100vw, 700px\" \/><\/p>\n<p>H\u00fazz n\u00f6v\u00e9nyeket a pergola felett, hogy a teraszodra term\u00e9szetes \u00e1rny\u00e9k ker\u00fclj\u00f6n. Nappal h\u0171v\u00f6s, este pedig a vil\u00e1g\u00edt\u00f3 \u00e9g\u0151sorok teszik hangulatoss\u00e1 a vacsor\u00e1t. Haszn\u00e1lj k\u00fcl\u00f6nb\u00f6z\u0151 mint\u00e1j\u00fa f\u00e9msz\u00e9keket, \u00edgy izgalmasabb lesz, m\u00e9gis egys\u00e9ges marad az \u00f6sszhat\u00e1s. \u00c1ll\u00edtsd be az asztalt \u00fagy, hogy legyen el\u00e9g mag\u00e1nszf\u00e9r\u00e1d \u00e9s sz\u00e9p kil\u00e1t\u00e1sod is.<\/p>\n<h2>Eleg\u00e1ns feh\u00e9r sarokkanap\u00e9s k\u00fclt\u00e9ri nappali<\/h2>\n<p><img loading=\"lazy\" decoding=\"async\" width=\"700\" height=\"1049\" alt=\"St\u00edlusos k\u00fclt\u00e9ri nappali feh\u00e9r sarokkanap\u00e9val, cs\u00edkos p\u00e1rn\u00e1kkal, modern sz\u00fcrke asztallal, k\u0151lapos padl\u00f3val \u00e9s k\u00f6r\u00fcl\u00f6tte z\u00f6lddel.\" class=\"aligncenter size-full wp-image-7256\" src=\"https:\/\/doubletakedecor.com\/uploads\/2025\/09\/outdoor-sitting-area-ideas-dtd-17.jpg\" srcset=\"https:\/\/doubletakedecor.com\/uploads\/2025\/09\/outdoor-sitting-area-ideas-dtd-17.jpg 700w, https:\/\/doubletakedecor.com\/uploads\/2025\/09\/outdoor-sitting-area-ideas-dtd-17-200x300.jpg 200w, https:\/\/doubletakedecor.com\/uploads\/2025\/09\/outdoor-sitting-area-ideas-dtd-17-683x1024.jpg 683w, https:\/\/doubletakedecor.com\/uploads\/2025\/09\/outdoor-sitting-area-ideas-dtd-17-96x144.jpg 96w, https:\/\/doubletakedecor.com\/uploads\/2025\/09\/outdoor-sitting-area-ideas-dtd-17-280x420.jpg 280w, https:\/\/doubletakedecor.com\/uploads\/2025\/09\/outdoor-sitting-area-ideas-dtd-17-320x480.jpg 320w, https:\/\/doubletakedecor.com\/uploads\/2025\/09\/outdoor-sitting-area-ideas-dtd-17-360x539.jpg 360w, https:\/\/doubletakedecor.com\/uploads\/2025\/09\/outdoor-sitting-area-ideas-dtd-17-363x544.jpg 363w, https:\/\/doubletakedecor.com\/uploads\/2025\/09\/outdoor-sitting-area-ideas-dtd-17-370x554.jpg 370w, https:\/\/doubletakedecor.com\/uploads\/2025\/09\/outdoor-sitting-area-ideas-dtd-17-400x599.jpg 400w, https:\/\/doubletakedecor.com\/uploads\/2025\/09\/outdoor-sitting-area-ideas-dtd-17-560x839.jpg 560w, https:\/\/doubletakedecor.com\/uploads\/2025\/09\/outdoor-sitting-area-ideas-dtd-17-480x719.jpg 480w\" sizes=\"auto, (max-width: 700px) 100vw, 700px\" \/><\/p>\n<p>Alak\u00edts ki ig\u00e9nyes k\u00fclt\u00e9ri pihen\u0151r\u00e9szleget feh\u00e9r sarokkanap\u00e9val \u00e9s cs\u00edkos d\u00edszp\u00e1rn\u00e1kkal. Tegy\u00e9l egy letisztult doh\u00e1nyz\u00f3asztalt k\u00f6z\u00e9pre, \u00e9s z\u00f6ld \u00f6r\u00f6kz\u00f6ldekkel gondoskodj a priv\u00e1t szf\u00e9r\u00e1r\u00f3l. A nagy k\u0151lapos burkolat tart\u00f3ss\u00e1got \u00e9s l\u00e1tv\u00e1nyt is ad. Este hangulatosak lesznek a l\u00e1mp\u00e1s gyertyatart\u00f3k, ha vend\u00e9geket fogadsz.<\/p>\n<h2>Fedett teraszos sz\u00f3rakoz\u00f3szoba<\/h2>\n<p><img loading=\"lazy\" decoding=\"async\" width=\"700\" height=\"1049\" alt=\"Eleg\u00e1ns k\u00fclt\u00e9ri nappali feh\u00e9r kanap\u00e9val, fotelekkel \u00e9s fa doh\u00e1nyz\u00f3asztallal fedett terasz alatt, felszerelt TV-vel \u00e9s z\u00f6ld n\u00f6v\u00e9nyekkel.\" class=\"aligncenter size-full wp-image-7262\" src=\"https:\/\/doubletakedecor.com\/uploads\/2025\/09\/outdoor-sitting-area-ideas-dtd-18.jpg\" srcset=\"https:\/\/doubletakedecor.com\/uploads\/2025\/09\/outdoor-sitting-area-ideas-dtd-18.jpg 700w, https:\/\/doubletakedecor.com\/uploads\/2025\/09\/outdoor-sitting-area-ideas-dtd-18-200x300.jpg 200w, https:\/\/doubletakedecor.com\/uploads\/2025\/09\/outdoor-sitting-area-ideas-dtd-18-683x1024.jpg 683w, https:\/\/doubletakedecor.com\/uploads\/2025\/09\/outdoor-sitting-area-ideas-dtd-18-96x144.jpg 96w, https:\/\/doubletakedecor.com\/uploads\/2025\/09\/outdoor-sitting-area-ideas-dtd-18-280x420.jpg 280w, https:\/\/doubletakedecor.com\/uploads\/2025\/09\/outdoor-sitting-area-ideas-dtd-18-320x480.jpg 320w, https:\/\/doubletakedecor.com\/uploads\/2025\/09\/outdoor-sitting-area-ideas-dtd-18-360x539.jpg 360w, https:\/\/doubletakedecor.com\/uploads\/2025\/09\/outdoor-sitting-area-ideas-dtd-18-363x544.jpg 363w, https:\/\/doubletakedecor.com\/uploads\/2025\/09\/outdoor-sitting-area-ideas-dtd-18-370x554.jpg 370w, https:\/\/doubletakedecor.com\/uploads\/2025\/09\/outdoor-sitting-area-ideas-dtd-18-400x599.jpg 400w, https:\/\/doubletakedecor.com\/uploads\/2025\/09\/outdoor-sitting-area-ideas-dtd-18-560x839.jpg 560w, https:\/\/doubletakedecor.com\/uploads\/2025\/09\/outdoor-sitting-area-ideas-dtd-18-480x719.jpg 480w\" sizes=\"auto, (max-width: 700px) 100vw, 700px\" \/><\/p>\n<p>\u00c9p\u00edts eg\u00e9sz \u00e9vben haszn\u00e1lhat\u00f3, fedett k\u00fclt\u00e9ri nappalit. V\u00e1lassz id\u0151j\u00e1r\u00e1s\u00e1ll\u00f3, m\u00e9gis belt\u00e9r hangulat\u00fa b\u00fatorokat, \u00e9s szerelj fel egy TV-t a sz\u00f3rakoz\u00e1shoz. Hozz be term\u00e9szetes fa darabokat \u00e9s puha textileket, hogy bar\u00e1ts\u00e1gosabb legyen az \u00f6sszk\u00e9p. N\u00e9h\u00e1ny j\u00f3l elhelyezett n\u00f6v\u00e9ny gondoskodik a priv\u00e1t szf\u00e9r\u00e1r\u00f3l an\u00e9lk\u00fcl, hogy z\u00e1rt lenne a t\u00e9r. Egy tart\u00f3s k\u00fclt\u00e9ri sz\u0151nyeg is j\u00f3l j\u00f6n, hogy kijel\u00f6ld az \u00fcl\u0151r\u00e9szt.<\/p>\n<h2>F\u00e1val \u00f6sszhangban berendezett k\u00fclt\u00e9ri pihen\u0151<\/h2>\n<p><img loading=\"lazy\" decoding=\"async\" width=\"700\" height=\"1050\" alt=\"Nyugodt k\u00fclt\u00e9ri terasz, fa alatt p\u00e1rn\u00e1zott \u00fcl\u0151hellyel, l\u00f3g\u00f3 l\u00e1mp\u00e1val, \u00e9s dr\u00f3tv\u00e1zas \u00e9tkez\u0151sz\u00e9kekkel naperny\u0151 alatt.\" class=\"aligncenter size-full wp-image-7268\" src=\"https:\/\/doubletakedecor.com\/uploads\/2025\/09\/outdoor-sitting-area-ideas-dtd-19.jpg\" srcset=\"https:\/\/doubletakedecor.com\/uploads\/2025\/09\/outdoor-sitting-area-ideas-dtd-19.jpg 700w, https:\/\/doubletakedecor.com\/uploads\/2025\/09\/outdoor-sitting-area-ideas-dtd-19-200x300.jpg 200w, https:\/\/doubletakedecor.com\/uploads\/2025\/09\/outdoor-sitting-area-ideas-dtd-19-683x1024.jpg 683w, https:\/\/doubletakedecor.com\/uploads\/2025\/09\/outdoor-sitting-area-ideas-dtd-19-96x144.jpg 96w, https:\/\/doubletakedecor.com\/uploads\/2025\/09\/outdoor-sitting-area-ideas-dtd-19-280x420.jpg 280w, https:\/\/doubletakedecor.com\/uploads\/2025\/09\/outdoor-sitting-area-ideas-dtd-19-320x480.jpg 320w, https:\/\/doubletakedecor.com\/uploads\/2025\/09\/outdoor-sitting-area-ideas-dtd-19-360x540.jpg 360w, https:\/\/doubletakedecor.com\/uploads\/2025\/09\/outdoor-sitting-area-ideas-dtd-19-363x545.jpg 363w, https:\/\/doubletakedecor.com\/uploads\/2025\/09\/outdoor-sitting-area-ideas-dtd-19-370x555.jpg 370w, https:\/\/doubletakedecor.com\/uploads\/2025\/09\/outdoor-sitting-area-ideas-dtd-19-400x600.jpg 400w, https:\/\/doubletakedecor.com\/uploads\/2025\/09\/outdoor-sitting-area-ideas-dtd-19-560x840.jpg 560w, https:\/\/doubletakedecor.com\/uploads\/2025\/09\/outdoor-sitting-area-ideas-dtd-19-480x720.jpg 480w\" sizes=\"auto, (max-width: 700px) 100vw, 700px\" \/><\/p>\n<p>\u00c9p\u00edtsd be a megl\u00e9v\u0151 f\u00e1kat a k\u00fclt\u00e9ri \u00fcl\u0151helyedbe, hogy term\u00e9szetes \u00e1rny\u00e9kot nyerj. Szerelj fel egy l\u00f3g\u00f3 l\u00e1mp\u00e1t az egyik er\u0151s \u00e1gra, ami j\u00f3 hangulatot ad este. A p\u00e1rn\u00e1k sz\u00edn\u00e9t is hangold \u00f6ssze egym\u00e1ssal. Helyezz el egy apr\u00f3 \u00e9tkez\u0151sarkot naperny\u0151vel, hogy mindenki megtal\u00e1lja a neki tetsz\u0151 helyet. Ezzel a m\u00f3dszerrel megmarad a f\u00e1k eredeti sz\u00e9ps\u00e9ge \u00e9s term\u00e9szetes \u00e9rzete is.<\/p>\n<h2>Modern-rusztikus k\u00fclt\u00e9ri pihen\u0151t\u00e9r<\/h2>\n<p><img loading=\"lazy\" decoding=\"async\" width=\"700\" height=\"1050\" alt=\"St\u00edlusos k\u00fclt\u00e9ri terasz sz\u00fcrke sarokkanap\u00e9val, fa doh\u00e1nyz\u00f3asztallal, nyitott fagerend\u00e1s mennyezettel \u00e9s k\u0151padl\u00f3val - t\u00f6k\u00e9letes relax\u00e1ci\u00f3hoz.\" class=\"aligncenter size-full wp-image-7274\" src=\"https:\/\/doubletakedecor.com\/uploads\/2025\/09\/outdoor-sitting-area-ideas-dtd-20.jpg\" srcset=\"https:\/\/doubletakedecor.com\/uploads\/2025\/09\/outdoor-sitting-area-ideas-dtd-20.jpg 700w, https:\/\/doubletakedecor.com\/uploads\/2025\/09\/outdoor-sitting-area-ideas-dtd-20-200x300.jpg 200w, https:\/\/doubletakedecor.com\/uploads\/2025\/09\/outdoor-sitting-area-ideas-dtd-20-683x1024.jpg 683w, https:\/\/doubletakedecor.com\/uploads\/2025\/09\/outdoor-sitting-area-ideas-dtd-20-96x144.jpg 96w, https:\/\/doubletakedecor.com\/uploads\/2025\/09\/outdoor-sitting-area-ideas-dtd-20-280x420.jpg 280w, https:\/\/doubletakedecor.com\/uploads\/2025\/09\/outdoor-sitting-area-ideas-dtd-20-320x480.jpg 320w, https:\/\/doubletakedecor.com\/uploads\/2025\/09\/outdoor-sitting-area-ideas-dtd-20-360x540.jpg 360w, https:\/\/doubletakedecor.com\/uploads\/2025\/09\/outdoor-sitting-area-ideas-dtd-20-363x545.jpg 363w, https:\/\/doubletakedecor.com\/uploads\/2025\/09\/outdoor-sitting-area-ideas-dtd-20-370x555.jpg 370w, https:\/\/doubletakedecor.com\/uploads\/2025\/09\/outdoor-sitting-area-ideas-dtd-20-400x600.jpg 400w, https:\/\/doubletakedecor.com\/uploads\/2025\/09\/outdoor-sitting-area-ideas-dtd-20-560x840.jpg 560w, https:\/\/doubletakedecor.com\/uploads\/2025\/09\/outdoor-sitting-area-ideas-dtd-20-480x720.jpg 480w\" sizes=\"auto, (max-width: 700px) 100vw, 700px\" \/><\/p>\n<p>Tedd meghitt\u00e9 a k\u00fclt\u00e9ri sarkot, ha vegy\u00edted a modern \u00e9s a rusztikus elemeket. A sarokkanap\u00e9n puha, textur\u00e1lt p\u00e1rn\u00e1k gondoskodnak a k\u00e9nyelemr\u0151l, a fa asztal melegs\u00e9get ad az \u00f6sszk\u00e9phez. Tegy\u00e9l ki n\u00e9h\u00e1ny egyszer\u0171 z\u00f6ld n\u00f6v\u00e9nyt, hogy frissess\u00e9get hozzon, de ne legyen t\u00fal sok. Meleg id\u0151ben j\u00f3l j\u00f6n egy mennyezeti ventil\u00e1tor is. A k\u0151padl\u00f3 tart\u00f3s, \u00edgy b\u00edrja az id\u0151j\u00e1r\u00e1st is.<\/p>\n<h2>Eleg\u00e1ns teraszos \u00e9tkez\u0151<\/h2>\n<p><img loading=\"lazy\" decoding=\"async\" width=\"700\" height=\"1050\" alt=\"Eleg\u00e1ns k\u00fclt\u00e9ri \u00e9tkez\u0151 teraszon, p\u00e1rn\u00e1zott sz\u00e9kekkel egy k\u0151asztal k\u00f6r\u00fcl, r\u00f3zsasz\u00edn hortenzia vir\u00e1gokkal, buja z\u00f6ld k\u00f6rnyezetben.\" class=\"aligncenter size-full wp-image-7280\" src=\"https:\/\/doubletakedecor.com\/uploads\/2025\/09\/outdoor-sitting-area-ideas-dtd-21.jpg\" srcset=\"https:\/\/doubletakedecor.com\/uploads\/2025\/09\/outdoor-sitting-area-ideas-dtd-21.jpg 700w, https:\/\/doubletakedecor.com\/uploads\/2025\/09\/outdoor-sitting-area-ideas-dtd-21-200x300.jpg 200w, https:\/\/doubletakedecor.com\/uploads\/2025\/09\/outdoor-sitting-area-ideas-dtd-21-683x1024.jpg 683w, https:\/\/doubletakedecor.com\/uploads\/2025\/09\/outdoor-sitting-area-ideas-dtd-21-96x144.jpg 96w, https:\/\/doubletakedecor.com\/uploads\/2025\/09\/outdoor-sitting-area-ideas-dtd-21-280x420.jpg 280w, https:\/\/doubletakedecor.com\/uploads\/2025\/09\/outdoor-sitting-area-ideas-dtd-21-320x480.jpg 320w, https:\/\/doubletakedecor.com\/uploads\/2025\/09\/outdoor-sitting-area-ideas-dtd-21-360x540.jpg 360w, https:\/\/doubletakedecor.com\/uploads\/2025\/09\/outdoor-sitting-area-ideas-dtd-21-363x545.jpg 363w, https:\/\/doubletakedecor.com\/uploads\/2025\/09\/outdoor-sitting-area-ideas-dtd-21-370x555.jpg 370w, https:\/\/doubletakedecor.com\/uploads\/2025\/09\/outdoor-sitting-area-ideas-dtd-21-400x600.jpg 400w, https:\/\/doubletakedecor.com\/uploads\/2025\/09\/outdoor-sitting-area-ideas-dtd-21-560x840.jpg 560w, https:\/\/doubletakedecor.com\/uploads\/2025\/09\/outdoor-sitting-area-ideas-dtd-21-480x720.jpg 480w\" sizes=\"auto, (max-width: 700px) 100vw, 700px\" \/><\/p>\n<p>Hozz l\u00e9tre st\u00edlusos k\u00fclt\u00e9ri \u00e9tkez\u0151t, ahol a k\u0151lap burkolat \u00e9s a v\u00e1ltozatos anyagb\u00f3l k\u00e9sz\u00fclt, p\u00e1rn\u00e1s sz\u00e9kek tal\u00e1lkoznak. V\u00e1lassz \u00e9l\u00e9nk, p\u00e9ld\u00e1ul hortenzia vir\u00e1gokat asztald\u00edsznek, hogy sz\u00ednt vigy\u00e9l a z\u00f6ld k\u00f6rnyezetbe. \u00dcltess s\u00f6v\u00e9nyt a priv\u00e1t szf\u00e9ra miatt, \u00edgy m\u00e9g bar\u00e1ts\u00e1gosabb lesz a helyed. Az asztalt \u00fagy \u00e1ll\u00edtsd be, hogy j\u00f3l \u00e9rje a napf\u00e9ny \u2014 \u00edgy mindig kellemes itt enni.<\/p>\n<h2>T\u00e9glakandall\u00f3s terasz-pihen\u0151<\/h2>\n<p><img loading=\"lazy\" decoding=\"async\" width=\"700\" height=\"1050\" alt=\"Meghitt, rusztikus k\u00fclt\u00e9ri terasz t\u00e9gla kandall\u00f3val, fonott, feh\u00e9r p\u00e1rn\u00e1s sz\u00e9kekkel \u00e9s tr\u00f3pusi n\u00f6v\u00e9nyekkel, meleg hangulatban.\" class=\"aligncenter size-full wp-image-7286\" src=\"https:\/\/doubletakedecor.com\/uploads\/2025\/09\/outdoor-sitting-area-ideas-dtd-22.jpg\" srcset=\"https:\/\/doubletakedecor.com\/uploads\/2025\/09\/outdoor-sitting-area-ideas-dtd-22.jpg 700w, https:\/\/doubletakedecor.com\/uploads\/2025\/09\/outdoor-sitting-area-ideas-dtd-22-200x300.jpg 200w, https:\/\/doubletakedecor.com\/uploads\/2025\/09\/outdoor-sitting-area-ideas-dtd-22-683x1024.jpg 683w, https:\/\/doubletakedecor.com\/uploads\/2025\/09\/outdoor-sitting-area-ideas-dtd-22-96x144.jpg 96w, https:\/\/doubletakedecor.com\/uploads\/2025\/09\/outdoor-sitting-area-ideas-dtd-22-280x420.jpg 280w, https:\/\/doubletakedecor.com\/uploads\/2025\/09\/outdoor-sitting-area-ideas-dtd-22-320x480.jpg 320w, https:\/\/doubletakedecor.com\/uploads\/2025\/09\/outdoor-sitting-area-ideas-dtd-22-360x540.jpg 360w, https:\/\/doubletakedecor.com\/uploads\/2025\/09\/outdoor-sitting-area-ideas-dtd-22-363x545.jpg 363w, https:\/\/doubletakedecor.com\/uploads\/2025\/09\/outdoor-sitting-area-ideas-dtd-22-370x555.jpg 370w, https:\/\/doubletakedecor.com\/uploads\/2025\/09\/outdoor-sitting-area-ideas-dtd-22-400x600.jpg 400w, https:\/\/doubletakedecor.com\/uploads\/2025\/09\/outdoor-sitting-area-ideas-dtd-22-560x840.jpg 560w, https:\/\/doubletakedecor.com\/uploads\/2025\/09\/outdoor-sitting-area-ideas-dtd-22-480x720.jpg 480w\" sizes=\"auto, (max-width: 700px) 100vw, 700px\" \/><\/p>\n<p>Teremts bar\u00e1ts\u00e1gos kinti pihen\u0151helyet egy rusztikus t\u00e9glakandall\u00f3 \u00e9s k\u00e9nyelmes fonott sz\u00e9kek seg\u00edts\u00e9g\u00e9vel. A tr\u00f3pusi hangulatot er\u0151s\u00edtik a j\u00f3l elhelyezett p\u00e1lm\u00e1k, az \u00f6sszk\u00e9pet pedig egy term\u00e9szetes anyagb\u00f3l k\u00e9sz\u00fclt sz\u0151nyeg l\u00e1gy\u00edtja. Tegy\u00e9l az \u00fcvegasztalra friss vir\u00e1gokat vagy z\u00f6ld d\u00edszt, att\u00f3l lesz igaz\u00e1n h\u00edvogat\u00f3 a hely.<\/p>\n<h2>Pergol\u00e1s, f\u00e9nyf\u00fcz\u00e9res lounge t\u00e9r<\/h2>\n<p><img loading=\"lazy\" decoding=\"async\" width=\"700\" height=\"1050\" alt=\"St\u00edlusos k\u00fclt\u00e9ri terasz fa pergola alatt, \u00e9g\u0151sorokkal, fonott b\u00fatorokkal, sz\u00ednes p\u00e1rn\u00e1kkal \u00e9s geometrikus sz\u0151nyeggel.\" class=\"aligncenter size-full wp-image-7292\" src=\"https:\/\/doubletakedecor.com\/uploads\/2025\/09\/outdoor-sitting-area-ideas-dtd-23.jpg\" srcset=\"https:\/\/doubletakedecor.com\/uploads\/2025\/09\/outdoor-sitting-area-ideas-dtd-23.jpg 700w, https:\/\/doubletakedecor.com\/uploads\/2025\/09\/outdoor-sitting-area-ideas-dtd-23-200x300.jpg 200w, https:\/\/doubletakedecor.com\/uploads\/2025\/09\/outdoor-sitting-area-ideas-dtd-23-683x1024.jpg 683w, https:\/\/doubletakedecor.com\/uploads\/2025\/09\/outdoor-sitting-area-ideas-dtd-23-96x144.jpg 96w, https:\/\/doubletakedecor.com\/uploads\/2025\/09\/outdoor-sitting-area-ideas-dtd-23-280x420.jpg 280w, https:\/\/doubletakedecor.com\/uploads\/2025\/09\/outdoor-sitting-area-ideas-dtd-23-320x480.jpg 320w, https:\/\/doubletakedecor.com\/uploads\/2025\/09\/outdoor-sitting-area-ideas-dtd-23-360x540.jpg 360w, https:\/\/doubletakedecor.com\/uploads\/2025\/09\/outdoor-sitting-area-ideas-dtd-23-363x545.jpg 363w, https:\/\/doubletakedecor.com\/uploads\/2025\/09\/outdoor-sitting-area-ideas-dtd-23-370x555.jpg 370w, https:\/\/doubletakedecor.com\/uploads\/2025\/09\/outdoor-sitting-area-ideas-dtd-23-400x600.jpg 400w, https:\/\/doubletakedecor.com\/uploads\/2025\/09\/outdoor-sitting-area-ideas-dtd-23-560x840.jpg 560w, https:\/\/doubletakedecor.com\/uploads\/2025\/09\/outdoor-sitting-area-ideas-dtd-23-480x720.jpg 480w\" sizes=\"auto, (max-width: 700px) 100vw, 700px\" \/><\/p>\n<p>Alak\u00edts ki hangulatos vend\u00e9gfogad\u00f3 sarkot fa pergol\u00e1val \u00e9s esti f\u00e9nyf\u00fcz\u00e9rekkel. Keverj \u00f6ssze k\u00e9nyelmes \u00fcl\u0151b\u00fatorokat, k\u00fcl\u00f6nb\u00f6z\u0151 sz\u00edn\u0171 (p\u00e9ld\u00e1ul sz\u00fcrke \u00e9s narancss\u00e1rga) p\u00e1rn\u00e1kat. A fonott b\u00fatorok \u00e9s a mint\u00e1s, k\u00fclt\u00e9ri sz\u0151nyeg kellemes text\u00far\u00e1t \u00e9s hat\u00e1rozott t\u00e9rbeli elv\u00e1laszt\u00e1st adnak. Apr\u00f3 cserepes n\u00f6v\u00e9nyekkel \u00e9s gyerty\u00e1kkal rendezd el a k\u00f6zponti asztalt, hogy otthonosabb legyen.<\/p>\n<h2>Falusi hangulat\u00fa l\u00e1mp\u00e1s-f\u00e9nyes \u00fcl\u0151sarok<\/h2>\n<p><img loading=\"lazy\" decoding=\"async\" width=\"700\" height=\"1049\" alt=\"Meghitt k\u00fclt\u00e9ri \u00fcl\u0151hely feh\u00e9r fa kanap\u00e9val, p\u00e1rn\u00e1kkal \u00e9s l\u00e1mp\u00e1sokkal egy hangulatos fah\u00e1z mellett, meleg vil\u00e1g\u00edt\u00e1ssal.\" class=\"aligncenter size-full wp-image-7298\" src=\"https:\/\/doubletakedecor.com\/uploads\/2025\/09\/outdoor-sitting-area-ideas-dtd-24.jpg\" srcset=\"https:\/\/doubletakedecor.com\/uploads\/2025\/09\/outdoor-sitting-area-ideas-dtd-24.jpg 700w, https:\/\/doubletakedecor.com\/uploads\/2025\/09\/outdoor-sitting-area-ideas-dtd-24-200x300.jpg 200w, https:\/\/doubletakedecor.com\/uploads\/2025\/09\/outdoor-sitting-area-ideas-dtd-24-683x1024.jpg 683w, https:\/\/doubletakedecor.com\/uploads\/2025\/09\/outdoor-sitting-area-ideas-dtd-24-96x144.jpg 96w, https:\/\/doubletakedecor.com\/uploads\/2025\/09\/outdoor-sitting-area-ideas-dtd-24-280x420.jpg 280w, https:\/\/doubletakedecor.com\/uploads\/2025\/09\/outdoor-sitting-area-ideas-dtd-24-320x480.jpg 320w, https:\/\/doubletakedecor.com\/uploads\/2025\/09\/outdoor-sitting-area-ideas-dtd-24-360x539.jpg 360w, https:\/\/doubletakedecor.com\/uploads\/2025\/09\/outdoor-sitting-area-ideas-dtd-24-363x544.jpg 363w, https:\/\/doubletakedecor.com\/uploads\/2025\/09\/outdoor-sitting-area-ideas-dtd-24-370x554.jpg 370w, https:\/\/doubletakedecor.com\/uploads\/2025\/09\/outdoor-sitting-area-ideas-dtd-24-400x599.jpg 400w, https:\/\/doubletakedecor.com\/uploads\/2025\/09\/outdoor-sitting-area-ideas-dtd-24-560x839.jpg 560w, https:\/\/doubletakedecor.com\/uploads\/2025\/09\/outdoor-sitting-area-ideas-dtd-24-480x719.jpg 480w\" sizes=\"auto, (max-width: 700px) 100vw, 700px\" \/><\/p>\n<p>Var\u00e1zsolj otthonos k\u00fclt\u00e9ri kuck\u00f3t puha \u00fcl\u0151alkalmatoss\u00e1gokkal \u00e9s r\u00e9tegezett vil\u00e1g\u00edt\u00e1ssal. Helyezz el feh\u00e9r fa kanap\u00e9t k\u00fcl\u00f6nb\u00f6z\u0151 mint\u00e1j\u00fa p\u00e1rn\u00e1k sor\u00e1val, term\u00e9szetes sz\u0151nyegen. Rengeteg l\u00e1mp\u00e1ssal teremts meghitt f\u00e9nyt. Kis asztalokat is rakj ki a praktikum kedv\u00e9\u00e9rt, \u00e9s cserepes n\u00f6v\u00e9nyekkel friss\u00edtsd a sarkot. Egy naperny\u0151vel eg\u00e9sz nap haszn\u00e1lhat\u00f3 marad a helyed.<\/p>\n<h2>GYIK<\/h2>\n<details class=\"g-accordion \"><summary><h3>Milyen kreat\u00edv \u00f6tletekkel teheted hangulatoss\u00e1 a kinti \u00fcl\u0151r\u00e9szt?<\/h3><\/summary>\n<p>Egy h\u00edvogat\u00f3 kerti \u00fcl\u0151hely kialak\u00edt\u00e1s\u00e1hoz fontos, hogy egyszerre legyen <strong>k\u00e9nyelmes<\/strong>, <strong>st\u00edlusos<\/strong> \u00e9s <strong>praktikus<\/strong>.<\/p>\n<ul>\n<li>V\u00e1lassz puha foteleket, f\u00fcgg\u0151\u00e1gyat vagy ak\u00e1r be\u00e9p\u00edtett padot \u2013 \u00edgy igaz\u00e1n kellemes helyet teremthetsz a pihen\u00e9shez,<\/li>\n<li>gondoskodj \u00e1rny\u00e9kr\u00f3l is \u2013 p\u00e9ld\u00e1ul pergol\u00e1val vagy naperny\u0151vel,<\/li>\n<li>dobd fel a teret p\u00e1rn\u00e1kkal, valamint sok z\u00f6ld n\u00f6v\u00e9nnyel, amik m\u00e9g otthonosabb\u00e1 teszik a helyet.<\/li>\n<\/ul>\n<p>A bar\u00e1ts\u00e1gos l\u00e9gk\u00f6rh\u00f6z j\u00f3l j\u00f6het egy <strong>t\u0171zrak\u00f3hely<\/strong> vagy egy <strong>szabadt\u00e9ri sz\u0151nyeg<\/strong>. A t\u0171zrak\u00f3 nemcsak meleget ad, hanem remek k\u00f6zponti eleme lehet a t\u00e1rsas \u00f6sszej\u00f6veteleknek, m\u00edg egy sz\u0151nyeg j\u00f3l keretezi a teret \u00e9s k\u00fcl\u00f6nleges text\u00far\u00e1t ad hozz\u00e1. P\u00e1r cserepes vagy falra szerelhet\u0151 n\u00f6v\u00e9nnyel m\u00e9g tov\u00e1bb fokozhatod a hangulatot.<\/p>\n<p>Kisebb erk\u00e9lyen vagy teraszon hasznosak a helytakar\u00e9kos b\u00fatorok, p\u00e9ld\u00e1ul t\u00e1rol\u00f3s padok vagy \u00f6sszecsukhat\u00f3 sz\u00e9kek, \u00edgy nem lesz zs\u00fafolt a t\u00e9r. Ha sp\u00f3rolni szeretn\u00e9l, \u00faj\u00edtsd fel r\u00e9gi b\u00fatoraidat n\u00e9mi fest\u00e9kkel, vagy bark\u00e1csolj raklapb\u00f3l \u00fcl\u0151alkalmatoss\u00e1got p\u00e1rn\u00e1k seg\u00edts\u00e9g\u00e9vel.<\/p>\n<p>V\u00e9g\u00fcl gondolj a vil\u00e1g\u00edt\u00e1sra is: f\u00e9nyf\u00fcz\u00e9r vagy l\u00e1mp\u00e1s meleg f\u00e9nyt ad est\u00e9nk\u00e9nt. Ezekkel az \u00f6tletekkel k\u00f6nnyen var\u00e1zsolhatsz igaz\u00e1n h\u00edvogat\u00f3, pihen\u00e9sre \u00e9s bar\u00e1ti \u00f6sszej\u00f6vetelekre is alkalmas k\u00fclt\u00e9ri \u00fcl\u0151helyet.<\/p>\n<\/details><details class=\"g-accordion \"><summary><h3>Hogyan lehet meghitt h\u00e1ts\u00f3 kerti pihen\u0151sarkot kialak\u00edtani?<\/h3><\/summary>\n<p>Egy otthonos h\u00e1ts\u00f3 kert kialak\u00edt\u00e1s\u00e1hoz olyan elemeket v\u00e1lassz, amelyek fokozz\u00e1k a k\u00e9nyelmet \u00e9s a hangulatot.<\/p>\n<ul>\n<li>Kezdd k\u00e9nyelmes, p\u00e1rn\u00e1zott kerti b\u00fatorokkal \u2013 lehetnek p\u00e1rn\u00e1zott sz\u00e9kek vagy k\u00e9nyelmes kanap\u00e9k, melyek pihen\u00e9sre cs\u00e1b\u00edtanak \u00e9s bar\u00e1ts\u00e1gosabb\u00e1 var\u00e1zsolj\u00e1k a kertet,<\/li>\n<li>dobj fel \u00e9l\u00e9nk sz\u00edn\u0171 textilekkel, hogy m\u00e9g bar\u00e1ts\u00e1gosabb legyen a t\u00e9r,<\/li>\n<li>egy t\u0171zrak\u00f3 hangulatos k\u00f6zponti elem lehet, \u00e9s j\u00f3l j\u00f6n h\u0171v\u00f6sebb est\u00e9ken,<\/li>\n<li>a k\u00fclt\u00e9ri sz\u0151nyeg kijel\u00f6li az \u00fcl\u0151r\u00e9szt, valamint sz\u00ednt \u00e9s puhas\u00e1got is ad,<\/li>\n<li>f\u00e9nyf\u00fcz\u00e9r vagy lampion pedig meghitt f\u00e9nyt \u00e1raszt, ha lement a nap.<\/li>\n<\/ul>\n<p>Term\u00e9szetes dekor\u00e1ci\u00f3k\u00e9nt haszn\u00e1lj cserepes n\u00f6v\u00e9nyeket vagy f\u00fcgg\u0151 kerteket \u2013 ezek nem foglalnak sok helyet, m\u00e9gis szebb\u00e9 \u00e9s nyugodtabb\u00e1 teszik a k\u00f6rnyezetet. A priv\u00e1t szf\u00e9r\u00e1hoz j\u00f3l j\u00f6nnek k\u00fclt\u00e9ri f\u00fcgg\u00f6ny\u00f6k vagy magas n\u00f6v\u00e9nyek is.<\/p>\n<ul>\n<li>Ha sz\u0171k\u00f6s a p\u00e9nzt\u00e1rc\u00e1d, kisebb teraszra is nagyszer\u0171 megold\u00e1s, ha raklapb\u00f3l \u00fcl\u0151helyet k\u00e9sz\u00edtesz p\u00e1rn\u00e1val,<\/li>\n<li>vagy k\u00e9sz\u00edthetsz saj\u00e1t kasp\u00f3kat is, \u00edgy k\u00fcl\u00f6nleges st\u00edlust adsz a kertnek kedvez\u0151 \u00e1ron,<\/li>\n<li>\u00e9s ne feledd: \u00e9rdemes helytakar\u00e9kos, t\u00f6bbfunkci\u00f3s b\u00fatorokat v\u00e1lasztani \u2013 p\u00e9ld\u00e1ul t\u00e1rol\u00f3s padokat \u2013, hogy mindig rend legyen, \u00e9s ne legyen t\u00falzs\u00fafolt a hely.<\/li>\n<\/ul>\n<p><strong>Ha ezekre odafigyelsz, a h\u00e1ts\u00f3 kertedb\u0151l k\u00f6nnyen meghitt pihen\u0151helyet var\u00e1zsolhatsz, ahol \u00f6r\u00f6m pihenni vagy \u00f6sszej\u00f6nni bar\u00e1tokkal.<\/strong><\/p>\n<\/details><details class=\"g-accordion \"><summary><h3>Hogyan alak\u00edthatod \u00e1t a kertedet vend\u00e9gv\u00e1r\u00f3 helly\u00e9?<\/h3><\/summary>\n<p>Ha szeretn\u00e9l a kertben szuper helyet a bar\u00e1ti \u00f6sszej\u00f6vetelekhez, sz\u00fcks\u00e9ged lesz egy kis tervez\u00e9sre \u00e9s kreat\u00edv \u00f6tletekre. \u00c9rdemes a teret t\u00f6bb r\u00e9szre osztani, p\u00e9ld\u00e1ul besz\u00e9lget\u0151s, \u00e9tkez\u0151s, f\u0151z\u0151s \u00e9s pihen\u0151s ter\u00fcletre. Egy nagyobb szabadt\u00e9ri sz\u0151nyeg j\u00f3l kijel\u00f6li, hol van az \u00fcl\u0151r\u00e9sz, \u00e9s rendezett, bar\u00e1ts\u00e1gosabb k\u00e9pet ad.<\/p>\n<p>Hangulathoz j\u00f3 v\u00e1laszt\u00e1s a f\u00e9nyf\u00fcz\u00e9r vagy l\u00e1mp\u00e1s, hiszen meleg f\u00e9nyt ad, \u00e9s kiemeli a kert egyes r\u00e9szeit. Ha k\u00e9nyelmesebb\u00e9 akarod tenni az \u00e9tkez\u00e9st, egy <strong>k\u00fclt\u00e9ri konyha<\/strong> vagy egy kis b\u00e1rpult is remek \u00f6tlet \u2013 \u00edgy k\u00f6nnyebb lesz a s\u00fct\u00e9s-f\u0151z\u00e9s, t\u00e1lal\u00e1s is.<\/p>\n<p>A pergola vagy napvitorla egyszerre ad \u00e1rny\u00e9kot \u00e9s sz\u00e9p\u00edti a kertet, r\u00e1ad\u00e1sul \u00e9rdekes k\u00f6z\u00e9ppont lehet a l\u00e1tv\u00e1nyban. A k\u00e9nyelmes, id\u0151j\u00e1r\u00e1s\u00e1ll\u00f3 b\u00fator garant\u00e1lja, hogy sz\u00edvesen fogtok itt id\u0151zni \u00e9s besz\u00e9lgetni.<\/p>\n<p>Ha k\u00fcl\u00f6nleges kerti programot szeretn\u00e9l, gondolj p\u00e9ld\u00e1ul egy <strong>szabadt\u00e9ri mozira<\/strong>, ahol megn\u00e9zhettek p\u00e1r filmet a csillagos \u00e9g alatt, vagy alak\u00edts ki <strong>j\u00e1t\u00e9ksarkot<\/strong> sportol\u00e1shoz \u2013 az eg\u00e9sz csal\u00e1d \u00e9lvezni fogja. A t\u0171zrak\u00f3 este meleget ad, \u00e9s bar\u00e1ti besz\u00e9lget\u00e9sekhez is t\u00f6k\u00e9letes.<\/p>\n<p>V\u00e1lassz olyan b\u00fatort, ami t\u00f6bbf\u00e9le funkci\u00f3t is ell\u00e1t: p\u00e9ld\u00e1ul t\u00e1rol\u00f3s padot, \u00f6sszehajthat\u00f3 asztalt. Ezekkel helyet sp\u00f3rolsz, m\u00e9gis st\u00edlusos \u00e9s k\u00e9nyelmes marad a vend\u00e9gv\u00e1r\u00f3 kert.<\/p>\n<\/details><details class=\"g-accordion \"><summary><h3>Milyen st\u00edlusos \u00f6tletekkel lehet a legt\u00f6bbet kihozni a kinti t\u00e9rb\u0151l?<\/h3><\/summary>\n<p>Ha kis k\u00fclt\u00e9ri helyb\u0151l szeretn\u00e9d kihozni a maximumot, v\u00e1lassz olyan megold\u00e1sokat, amelyek egyszerre <strong>praktikusak<\/strong> \u00e9s <strong>sz\u00e9pek<\/strong>.<\/p>\n<ul>\n<li>L\u00e9nyeges, hogy id\u0151j\u00e1r\u00e1s\u00e1ll\u00f3 b\u00fatorokat v\u00e1lassz, amelyek illenek az \u00e1ltalad elk\u00e9pzelt hangulathoz,<\/li>\n<li>az \u00fcl\u0151helyeket \u00e9rdemes \u00fagy elrendezni, hogy megk\u00f6nny\u00edts\u00e9k a besz\u00e9lget\u00e9st \u2013 p\u00e9ld\u00e1ul k\u00f6r alakban, esetleg a sz\u00e9keket egy k\u00f6z\u00e9ps\u0151 asztal k\u00f6r\u00fcl csoportos\u00edtva,<\/li>\n<li>a f\u00e9nyf\u00fcz\u00e9r \u00e9s a l\u00e1mp\u00e1s seg\u00edt hangulatot teremteni, \u00e9s kiemeli a f\u0151 helyeket.<\/li>\n<\/ul>\n<p>J\u00f3 \u00f6tlet t\u00f6bbfunkci\u00f3s b\u00fatort haszn\u00e1lni, amivel sok helyet sp\u00f3rolhatsz \u00e9s rugalmasabb lesz a t\u00e9r. A t\u00e1rol\u00f3s pad egyszerre \u00fcl\u0151hely, valamint rendszerezni is tudsz vele. K\u00fclt\u00e9ri sz\u0151nyeggel k\u00fcl\u00f6n z\u00f3n\u00e1kat alak\u00edthatsz ki, puh\u00e1bb lesz a j\u00e1r\u00f3fel\u00fclet \u2013 a d\u00edszp\u00e1rn\u00e1k pedig sz\u00ednesebb\u00e9 \u00e9s k\u00e9nyelmesebb\u00e9 teszik a helyet.<\/p>\n<p>A f\u00fcgg\u0151leges kert hasznos, mert felfel\u00e9 terjeszkedhetsz, \u00edgy t\u00f6bb a z\u00f6ld \u00e9s marad hely tov\u00e1bbi \u00fcl\u0151alkalmatoss\u00e1goknak is.<\/p>\n<p>Haszn\u00e1lj k\u00f6rnyezetbar\u00e1t anyagokat, s csemp\u00e9ssz be min\u00e9l t\u00f6bb sz\u00ednes n\u00f6v\u00e9nyt a dekor\u00e1ci\u00f3ba. <strong>Egy pergola vagy naperny\u0151 j\u00f3 v\u00e9delmet ad a h\u0151s\u00e9g ellen, mik\u00f6zben szebb lesz a kert k\u00e9pe is.<\/strong><\/p>\n<p>Ezekkel az \u00f6tletekkel helytakar\u00e9kos, bar\u00e1ts\u00e1gos \u00e9s st\u00edlusos k\u00fclt\u00e9ri teret hozhatsz l\u00e9tre, ahol j\u00f3l esik le\u00fclni, besz\u00e9lgetni vagy kikapcsol\u00f3dni.<\/p>\n<\/details><details class=\"g-accordion \"><summary><h3>Hogyan rendezd be olcs\u00f3n a kis teraszt?<\/h3><\/summary>\n<p>Egy kis teraszb\u00f3l is igazi pihen\u0151helyet var\u00e1zsolhatsz, ehhez nem kell sok p\u00e9nz \u2013 el\u00e9g egy kis kreativit\u00e1s!<\/p>\n<ul>\n<li>Fesd \u00e1t a megl\u00e9v\u0151 b\u00fatoraidat, \u00edgy teljesen \u00faj k\u00fcls\u0151t kapnak,<\/li>\n<li>k\u00e9sz\u00edts egyedi \u00fcl\u0151helyet raklapb\u00f3l \u00e9s puha p\u00e1rn\u00e1kb\u00f3l,<\/li>\n<li>csin\u00e1lj h\u00e1zilag vir\u00e1gtart\u00f3kat vagy kisebb t\u0171zrak\u00f3helyet, mert ezek olcs\u00f3n, m\u00e9gis \u00f6tletesek,<\/li>\n<li>haszn\u00e1lj term\u00e9szeti anyagokat is: p\u00e9ld\u00e1ul fat\u00f6nk vagy nagy k\u00f6vek is lehetnek \u00fcl\u0151alkalmatoss\u00e1gok \u2013 \u00edgy k\u00fcl\u00f6nleges lesz az \u00f6sszhat\u00e1s, \u00e9s nem dr\u00e1ga.<\/li>\n<\/ul>\n<p>Burkolathoz:<\/p>\n<ul>\n<li><strong>beton j\u00e1r\u00f3lap<\/strong> nagyszer\u0171 olcs\u00f3 v\u00e1laszt\u00e1s,<\/li>\n<li><strong>m\u0171f\u0171<\/strong> pedig j\u00e1t\u00e9kos k\u00fcllemet ad, \u00e9s szinte nem ig\u00e9nyel gondoz\u00e1st.<\/li>\n<\/ul>\n<p>Az atmoszf\u00e9r\u00e1hoz:<\/p>\n<ul>\n<li>f\u00e9nyf\u00fcz\u00e9rrel k\u00f6nnyen teremthetsz hangulatos f\u00e9nyt,<\/li>\n<li>valamint rakj a falra vir\u00e1gtart\u00f3kat vagy m\u00e1s fali d\u00edszt, hogy helyet sp\u00f3rolj, m\u00e9gse legyen zs\u00fafolt a t\u00e9r.<\/li>\n<\/ul>\n<p><strong>V\u00e1lassz olyan b\u00fatort, ami t\u00f6bb c\u00e9lt szolg\u00e1l \u2013 p\u00e9ld\u00e1ul egy t\u00e1rol\u00f3s padot, amit \u00fcl\u0151helyk\u00e9nt \u00e9s pakol\u00e1sra is haszn\u00e1lhatsz \u2013, \u00edgy k\u00f6nnyen rendszerezett \u00e9s helytakar\u00e9kos marad a terasz.<\/strong><\/p>\n<p>Ezekkel az olcs\u00f3 \u00f6tletekkel pillanatok alatt k\u00e9nyelmes, bar\u00e1ts\u00e1gos kis teraszt alak\u00edthatsz ki, felesleges kiad\u00e1sok n\u00e9lk\u00fcl.<\/p>\n<\/details><details class=\"g-accordion \"><summary><h3>Melyek a legjobb helytakar\u00e9kos b\u00fatorok k\u00fclt\u00e9rre?<\/h3><\/summary>\n<p>Ha a k\u00fclt\u00e9ri hely sz\u0171k\u00f6s, <strong>helytakar\u00e9kos b\u00fatorokkal<\/strong> lehet a legt\u00f6bbet kihozni bel\u0151le.<\/p>\n<ul>\n<li>Az \u00f6sszecsukhat\u00f3 vagy k\u00f6nnyen elpakolhat\u00f3 sz\u00e9kek t\u00f6k\u00e9letesek kis teraszra, mert haszn\u00e1laton k\u00edv\u00fcl egyszer\u0171en elrakhatod \u0151ket,<\/li>\n<li>egy kerek \u00fcvegasztal tov\u00e1bb t\u00e1g\u00edtja vizu\u00e1lisan a helyet,<\/li>\n<li>olyan t\u00f6bbfunkci\u00f3s b\u00fator, mint p\u00e9ld\u00e1ul a t\u00e1rol\u00f3s pad vagy a puff, ami asztalk\u00e9nt is haszn\u00e1lhat\u00f3, m\u00e9g t\u00f6bb helyet sp\u00f3rol neked,<\/li>\n<li>a k\u00f6nny\u0171 m\u0171anyag vagy f\u00e9m b\u00fatorokat pedig k\u00f6nny\u0171 \u00e1trendezni ak\u00e1rmilyen programhoz, \u00edgy minden alkalommal pont olyan lesz a t\u00e9r, amilyenre sz\u00fcks\u00e9ged van.<\/li>\n<\/ul>\n<\/details><details class=\"g-accordion \"><summary><h3>Mi\u00e9rt \u00e9rdemes t\u00f6bbfunkci\u00f3s b\u00fatort v\u00e1lasztani a k\u00fclt\u00e9rre?<\/h3><\/summary>\n<p>A t\u00f6bbfunkci\u00f3s b\u00fatorok sokkal praktikusabb\u00e1 teszik a kinti tereket, mert egyszerre t\u00f6bb c\u00e9lt szolg\u00e1lnak, \u00edgy nem lesz zs\u00fafolt a hely. P\u00e9ld\u00e1ul egy <strong>jut\u00e1b\u00f3l k\u00e9sz\u00fclt puff<\/strong> kit\u0171n\u0151 l\u00e1btart\u00f3, de plusz \u00fcl\u0151helyk\u00e9nt is haszn\u00e1lhatod vend\u00e9geknek. Az ilyen rugalmas b\u00fatorokat k\u00f6nnyen elrendezheted b\u00e1rmilyen alkalomhoz vagy rendezv\u00e9nyhez.<\/p>\n<ul>\n<li>t\u00e1rol\u00f3s padok,<\/li>\n<li>puffok, amik asztalk\u00e9nt is haszn\u00e1lhat\u00f3k,<\/li>\n<li>ezeknek h\u00e1la rengeteg helyet sp\u00f3rolsz, a kinti r\u00e9sz mindig rendezett \u00e9s v\u00e1ltozatos lesz, \u00edgy b\u00e1rmilyen ig\u00e9nyt k\u00f6nnyen kiszolg\u00e1l.<\/li>\n<\/ul>\n<\/details><details class=\"g-accordion \"><summary><h3>Hogyan v\u00e1lassz k\u00e9nyelmes \u00fcl\u0151alkalmatoss\u00e1got a k\u00fclt\u00e9rre?<\/h3><\/summary>\n<p>K\u00e9nyelmes kerti \u00fcl\u0151b\u00fator v\u00e1laszt\u00e1s\u00e1hoz a <strong>strapab\u00edr\u00f3 anyag<\/strong> \u00e9s a <strong>k\u00e9nyelem<\/strong> a legfontosabb. J\u00f3, ha <strong>tikf\u00e1b\u00f3l<\/strong>, <strong>eukaliptuszf\u00e1b\u00f3l<\/strong>, <strong>alum\u00edniumb\u00f3l<\/strong> vagy <strong>szintetikus rattanb\u00f3l<\/strong> k\u00e9sz\u00fclnek, mert ezek j\u00f3l b\u00edrj\u00e1k az id\u0151j\u00e1r\u00e1st, nem mennek t\u00f6nkre k\u00f6nnyen. A p\u00e1rn\u00e1khoz b\u00e1tran haszn\u00e1lj k\u00fclt\u00e9ri sz\u00f6vetet, \u00edgy nem fakul ki, \u00e9s nem \u00e1zik el gyorsan.<\/p>\n<ul>\n<li>Napoz\u00f3\u00e1gy,<\/li>\n<li>sarokkanap\u00e9,<\/li>\n<li>kerti \u00e9tkez\u0151garnit\u00fara.<\/li>\n<\/ul>\n<p>Ezek mind alkalmasak egyed\u00fcli pihen\u00e9sre vagy bar\u00e1ti \u00f6sszej\u00f6vetelekhez is. Ha k\u00fcl\u00f6nleges hangulatot szeretn\u00e9l, tegy\u00e9l ki <strong>f\u00fcgg\u0151\u00e1gyat<\/strong> vagy <strong>hint\u00e1t<\/strong> is, ezek m\u00e9g j\u00e1t\u00e9kosabb\u00e1 \u00e9s bar\u00e1ts\u00e1gosabb\u00e1 teszik a kertet.<\/p>\n<p>Az \u00fcl\u0151helyeket \u00e9rdemes \u00fagy elrendezni, hogy k\u00f6nnyen lehessen k\u00f6zlekedni \u00e9s el\u00e9rni minden fontos pontot a kertben. \u00cdgy k\u00e9nyelmes lesz \u00e9s j\u00f3l n\u00e9z ki. Ha \u00e1tgondoltan v\u00e1lasztod meg az elemeket, sok\u00e1ig \u00e9lvezheted a csal\u00e1doddal vagy bar\u00e1taiddal a szabadban t\u00f6lt\u00f6tt id\u0151t.<\/p>\n<\/details><details class=\"g-accordion \"><summary><h3>Hogyan tehetsz priv\u00e1tabb\u00e1 egy k\u00fclt\u00e9ri \u00fcl\u0151r\u00e9szt?<\/h3><\/summary>\n<p>Ha szeretn\u00e9d elrejteni magad a k\u00edv\u00e1ncsi szemek el\u0151l a kerti \u00fcl\u0151r\u00e9szen, pr\u00f3b\u00e1lj ki n\u00e9h\u00e1ny kreat\u00edv, m\u00e9gis sz\u00e9p megold\u00e1st:<\/p>\n<ul>\n<li><strong>F\u00fcgg\u00f6ny\u00f6kre eml\u00e9keztet\u0151, f\u00e9nyt \u00e1tereszt\u0151 anyagok<\/strong> helyettes\u00edthetik a falat: beengedik a term\u00e9szetes f\u00e9nyt, de v\u00e9delmet ny\u00fajtanak a bel\u00e1t\u00e1s ellen,<\/li>\n<li><strong>f\u00fcgg\u0151leges kert vagy falra akaszthat\u00f3 n\u00f6v\u00e9nyek<\/strong> term\u00e9szetes t\u00e9relv\u00e1laszt\u00f3k\u00e9nt m\u0171k\u00f6dnek, ugyanakkor csinos\u00edtj\u00e1k a kertet is,<\/li>\n<li><strong>diz\u00e1jnos, saj\u00e1t k\u00e9sz\u00edt\u00e9s\u0171 parav\u00e1n vagy m\u0171s\u00f6v\u00e9ny<\/strong> is rejtett zugot ad, mik\u00f6zben vil\u00e1gos \u00e9s nyitott marad a t\u00e9r,<\/li>\n<li>magas cserepes n\u00f6v\u00e9ny vagy fut\u00f3n\u00f6v\u00e9nyekkel futtatott trellisz is t\u00f6k\u00e9letesen elv\u00e1laszt, \u00edgy z\u00f6ld, nyugalmas k\u00f6rnyezetet hoz l\u00e9tre.<\/li>\n<\/ul>\n<p><strong>Ezekkel a tippekkel k\u00e9nyelmesebb, pihentet\u0151bb \u00e9s meghittebb lesz a k\u00fclt\u00e9ri \u00fcl\u0151helyed, ahol igaz\u00e1n j\u00f3l \u00e9rzed majd magad.<\/strong><\/p>\n<\/details> <details class=\"g-accordion \"><summary><h3>Milyen szerepet j\u00e1tszik a k\u00fclt\u00e9ri vil\u00e1g\u00edt\u00e1s a hangulat megteremt\u00e9s\u00e9ben?<\/h3><\/summary>\n<p>A k\u00fclt\u00e9ri vil\u00e1g\u00edt\u00e1s teljesen \u00e1t tudja var\u00e1zsolni a kinti tereidet, \u00e9s kellemes hangulatot teremt. K\u00e9pzeld el, hogy f\u00e9nyf\u00fcz\u00e9rek l\u00f3gnak az udvaron, \u00e9s meghitt, bar\u00e1ts\u00e1gos f\u00e9nyben f\u00fcrdetik a helyet. A <strong>szol\u00e1r kerti l\u00e1mp\u00e1k<\/strong> nemcsak mutat\u00f3sak, hanem hasznosak is: kivil\u00e1g\u00edtj\u00e1k az \u00f6sv\u00e9nyeket, hogy este is biztons\u00e1gosan j\u00e1rhass. A tiki f\u00e1kly\u00e1k egyszerre tartj\u00e1k t\u00e1vol a rovarokat, \u00e9s kijel\u00f6lik a le\u00fcl\u0151s r\u00e9szeket.<\/p>\n<ul>\n<li>Ha <strong>k\u00f6rnyezetbar\u00e1t megold\u00e1st<\/strong> v\u00e1lasztasz, p\u00e9ld\u00e1ul szol\u00e1r l\u00e1mp\u00e1kat, akkor sp\u00f3rolsz az \u00e1ramsz\u00e1ml\u00e1n,<\/li>\n<li>szebb\u00e9 teszed a kerted,<\/li>\n<li>ha pedig szeretn\u00e9l eleg\u00e1nsabb hangulatot, akassz csill\u00e1rt a ki\u00fcl\u0151 f\u00f6l\u00e9,<\/li>\n<li>a l\u00e1mp\u00e1sok \u00e9s a gyerty\u00e1k vid\u00e1mabb\u00e1 \u00e9s meghittebb\u00e9 teszik a teret,<\/li>\n<li>\u00edgy t\u00f6k\u00e9letes k\u00f6rnyezetet teremthetsz egy eml\u00e9kezetes esti \u00f6sszej\u00f6vetelhez.<\/li>\n<\/ul>\n<p><strong>Ha okosan helyezed el a vil\u00e1g\u00edt\u00e1st, az nagyon feldobja a l\u00e1tv\u00e1nyt, \u00e9s a kertedet este is t\u00f6k\u00e9letes helysz\u00ednn\u00e9 var\u00e1zsolja<\/strong>, hogy eg\u00e9sz \u00e9vben zavartalanul \u00e9lvezhesd a szabadban t\u00f6lt\u00f6tt id\u0151t.<\/p>\n<\/details><details class=\"g-accordion \"><summary><h3>Hogyan alak\u00edtja \u00e1t a k\u00fclt\u00e9ri sz\u0151nyeg a teraszt?<\/h3><\/summary>\n<p>Egy k\u00fclt\u00e9ri sz\u0151nyeg t\u00e9nyleg teljesen megv\u00e1ltoztatja a teraszt: <strong>\u00e9l\u00e9nk sz\u00edneket<\/strong>, \u00e9rdekes fel\u00fcletet \u00e9s <strong>k\u00e9nyelmes puhas\u00e1got<\/strong> ad a talpad al\u00e1. Seg\u00edt kijel\u00f6lni a le\u00fcl\u0151s r\u00e9szeket, ett\u0151l egys\u00e9gesebbnek \u00e9s otthonosabbnak \u00e9rzed magad. Ezek a sz\u0151nyegek nemcsak d\u00edsz\u00edtenek, hanem elnyelik a hangot, \u00edgy csendesebb \u00e9s bar\u00e1ts\u00e1gosabb lesz a t\u00e9r, ak\u00e1r pihenni, ak\u00e1r bar\u00e1tokkal besz\u00e9lgetni szeretn\u00e9l. Egy k\u00fclt\u00e9ri sz\u0151nyeggel a teraszod st\u00edlusosabb \u00e9s sokkal k\u00e9nyelmesebb lesz, ide\u00e1lis a mez\u00edtl\u00e1bas s\u00e9t\u00e1khoz is.<\/p>\n<\/details><details class=\"g-accordion \"><summary><h3>Milyen el\u0151nyei vannak a k\u00fclt\u00e9ri f\u00fcgg\u00f6ny\u00f6knek?<\/h3><\/summary>\n<p>A k\u00fclt\u00e9ri f\u00fcgg\u00f6ny\u00f6k sokf\u00e9le el\u0151nyt adnak a ki\u00fcl\u0151s r\u00e9szedhez. Olyan, mintha ideiglenes falakat kapn\u00e1l \u2013 seg\u00edtenek elb\u00fajni a k\u00edv\u00e1ncsi szemek el\u0151l, de a term\u00e9szetes f\u00e9nyt az\u00e9rt beengedik. Kellemesebb\u00e9 is teszik a forr\u00f3 napokat, mert felfogj\u00e1k a nap er\u0151s sugarait, \u00e9s a sz\u00e9lt\u0151l is v\u00e9denek, hogy mindig j\u00f3 legyen a hangulat.<\/p>\n<ul>\n<li>nagyobb lesz a priv\u00e1t szf\u00e9ra, mik\u00f6zben a napf\u00e9ny sem v\u00e9sz el,<\/li>\n<li>kellemesebb lesz a melegben is,<\/li>\n<li>sz\u00e9l eset\u00e9n is nyugodt marad a k\u00f6rnyezet.<\/li>\n<\/ul>\n<p>A praktikum mellett sz\u00e9pen d\u00edsz\u00edtenek is: j\u00f3l passzolnak b\u00e1rmilyen st\u00edlushoz, \u00e9s r\u00e1ad\u00e1sul tomp\u00edtj\u00e1k a k\u00f6rnyez\u0151 zajokat, ami f\u0151leg forgalmasabb helyeken j\u00f6n j\u00f3l. \u00cdgy nyugodt k\u00f6rnyezetet teremtenek, ahol igaz\u00e1n ki lehet kapcsol\u00f3dni vagy ak\u00e1r bar\u00e1tokat vend\u00e9g\u00fcl h\u00edvni. Ha k\u00fclt\u00e9ri f\u00fcgg\u00f6ny\u00f6ket teszel a teraszra vagy az erk\u00e9lyre, nemcsak praktikusabb, hanem sokkal st\u00edlusosabb is lesz a szabadt\u00e9ri \u00e9lettered.<\/p>\n<\/details><details class=\"g-accordion \"><summary><h3>Hogyan teszik szebb\u00e9 a cserepes n\u00f6v\u00e9nyek a k\u00fclt\u00e9ri d\u00edsz\u00edt\u00e9st?<\/h3><\/summary>\n<p>A cserepes n\u00f6v\u00e9nyek szuper\u00fcl feldobj\u00e1k a k\u00fclt\u00e9ri dekor\u00e1ci\u00f3dat: sz\u00e9ps\u00e9get, nyugalmat \u00e9s term\u00e9szetess\u00e9get visznek a t\u00e9rbe. Kis helyen is elf\u00e9rnek, ez\u00e9rt kiskert vagy erk\u00e9ly eset\u00e9n is j\u00f3 v\u00e1laszt\u00e1s, mert z\u00f6ldd\u00e9 var\u00e1zsolj\u00e1k a k\u00f6rnyezetet an\u00e9lk\u00fcl, hogy t\u00falzs\u00fafoln\u00e1k a teret. Ha kombin\u00e1lod \u0151ket f\u00fcgg\u0151 vir\u00e1gtart\u00f3kkal vagy z\u00f6ldfalakkal, igaz\u00e1n izgalmas \u00e9s v\u00e1ltozatos l\u00e1tv\u00e1nyt teremthetsz: vir\u00e1gos \u00e9s leveles n\u00f6v\u00e9nyeket vegy\u00edtve vid\u00e1mabb lesz a hely.<\/p>\n<ul>\n<li>Ha k\u00fcl\u00f6nb\u00f6z\u0151 magass\u00e1gba helyezed \u0151ket, \u00e9rdekesebb \u00e9s bar\u00e1ts\u00e1gosabb lesz a t\u00e9r,<\/li>\n<li>illatos n\u00f6v\u00e9nyekkel vagy f\u0171szern\u00f6v\u00e9nyekkel m\u00e9g kellemesebb \u00e9lm\u00e9nyt biztos\u00edtasz,<\/li>\n<li>a cserepek k\u00f6nnyen mozgathat\u00f3k, \u00edgy b\u00e1rmikor \u00fajrarendezheted \u0151ket, ha v\u00e1ltoz\u00e1st szeretn\u00e9l,<\/li>\n<li>ez a rugalmass\u00e1g lehet\u0151v\u00e9 teszi, hogy mindig igazodj az \u00e9vszakokhoz vagy a hangulatodhoz,<\/li>\n<li>a cserepes n\u00f6v\u00e9nyek nemcsak szebb\u00e9 var\u00e1zsolj\u00e1k a k\u00fclt\u00e9ri helyet, hanem nyugodt, bar\u00e1ts\u00e1gos k\u00f6rnyezetet is teremtenek pihen\u00e9shez vagy k\u00f6z\u00f6s programokhoz.<\/li>\n<\/ul>\n<\/details><details class=\"g-accordion \"><summary><h3>Milyen el\u0151nyei vannak a f\u00fcgg\u0151leges kert\u00e9szked\u00e9snek a szabadban?<\/h3><\/summary>\n<p>Ha kicsi a hely a szabadban, a <strong>f\u00fcgg\u0151leges kert<\/strong> szuper megold\u00e1s: kihaszn\u00e1lhatod a falakat vagy b\u00e1rmilyen f\u00fcgg\u0151leges fel\u00fcletet. Ez k\u00fcl\u00f6n\u00f6sen j\u00f3l j\u00f6n kis udvarokban vagy erk\u00e9lyeken, ahol minden n\u00e9gyzetcentim\u00e9ter sz\u00e1m\u00edt. F\u00fcgg\u0151leges kertekkel rengeteg z\u00f6ldet vihetsz a t\u00e9rbe an\u00e9lk\u00fcl, hogy foglaln\u00e1d a padl\u00f3t \u2013 \u00edgy sokkal mutat\u00f3sabb lesz a k\u00fclt\u00e9ri tered.<\/p>\n<p>A sz\u00e9p l\u00e1tv\u00e1nyon t\u00fal a <strong>f\u00fcgg\u0151leges kertek jav\u00edtj\u00e1k a leveg\u0151 min\u0151s\u00e9g\u00e9t is<\/strong>, hiszen t\u00f6bb n\u00f6v\u00e9ny f\u00e9r el kis helyen. Izgalmas l\u00e1tv\u00e1nyt teremtenek, \u00edgy a hely igaz\u00e1n \u00e9lettel teliv\u00e9 v\u00e1lik. Ha szereted a priv\u00e1t szf\u00e9r\u00e1t, ezek a kertek term\u00e9szetes parav\u00e1nk\u00e9nt is m\u0171k\u00f6dnek: elb\u00fajhatsz m\u00e1sok el\u0151l, mik\u00f6zben a t\u00e9r m\u00e9gis nyitott marad.<\/p>\n<p>Ha cserepes vagy f\u00fcggesztett n\u00f6v\u00e9nyeket is be\u00e9p\u00edtesz, \u00f6sszef\u00fcgg\u0151, z\u00f6ld hangulatot hozhatsz l\u00e9tre. Legyen sz\u00f3 modern vagy ink\u00e1bb rusztikus st\u00edlusr\u00f3l, a <strong>f\u00fcgg\u0151leges kert rengeteg lehet\u0151s\u00e9get k\u00edn\u00e1l<\/strong>, \u00e9s seg\u00edt, hogy kev\u00e9s helyen is igaz\u00e1n sz\u00e9p \u00e9s praktikus k\u00fclt\u00e9ri \u00e9lettered legyen.<\/p>\n<\/details><details class=\"g-accordion \"><summary><h3>Milyen k\u00fcl\u00f6nleges kert\u00e9p\u00edt\u00e9si \u00f6tletek l\u00e9teznek a k\u00fclt\u00e9ri terekhez?<\/h3><\/summary>\n<p>Ha egy kis kreativit\u00e1st szeretn\u00e9l vinni a szabadt\u00e9ri kertedbe, pr\u00f3b\u00e1ld ki ezeket az \u00f6tleteket:<\/p>\n<ul>\n<li>Alak\u00edts ki hangulatos sarkokat k\u00e9nyelmes \u00fcl\u0151helyekkel, hogy a term\u00e9szetben is pihenhess,<\/li>\n<li>d\u00edsz kavicsokkal vagy k\u00f6vekkel k\u00e9sz\u00edts mint\u00e1s \u00f6sv\u00e9nyeket \u2013 \u00edgy egyszerre lesz praktikus \u00e9s szemet gy\u00f6ny\u00f6rk\u00f6dtet\u0151 a kerted,<\/li>\n<li>v\u00edzi elemeket \u2013 sz\u00f6k\u0151kutat vagy kis tavat \u2013 is be\u00e9p\u00edthetsz, amelyek egyszerre megnyugtatnak \u00e9s l\u00e1tv\u00e1nyos k\u00f6z\u00e9ppontot adnak a kertednek.<\/li>\n<\/ul>\n<p>Ha <strong>\u0151shonos n\u00f6v\u00e9nyeket<\/strong> \u00fcltetsz, sokkal k\u00f6nnyebb a gondoz\u00e1s, mert ezek jobban b\u00edrj\u00e1k a helyi k\u00f6r\u00fclm\u00e9nyeket, r\u00e1ad\u00e1sul seg\u00edtik a term\u00e9szetes \u00e9l\u0151vil\u00e1got is. R\u00e1csokat vagy bolt\u00edveket is haszn\u00e1lhatsz, hogy felfel\u00e9 n\u00f6v\u0151 n\u00f6v\u00e9nyekkel k\u00fcl\u00f6nleges, z\u00f6ld falakat alak\u00edts ki.<\/p>\n<p>Ha nagy \u00e1talak\u00edt\u00e1s n\u00e9lk\u00fcl szeretn\u00e9l \u00fajat, vigy\u00e9l be <strong>kerti d\u00edszeket<\/strong> vagy szobrokat \u2013 ezek \u00e9letet \u00e9s vid\u00e1ms\u00e1got visznek a kertbe. A rusztikus elemek \u2013 p\u00e9ld\u00e1ul fa padok vagy \u00e1gakb\u00f3l k\u00e9sz\u00fclt b\u00fatorok \u2013 egyedi hangulatot teremtenek, \u00e9s harmonikusan illeszkednek a term\u00e9szethez.<\/p>\n<p>Ezekkel az \u00f6tletekkel nemcsak szebb lesz a kerted, hanem igaz\u00e1n bar\u00e1ts\u00e1gos, h\u00edvogat\u00f3 helyet is teremthetsz pihen\u00e9shez \u00e9s sz\u00f3rakoz\u00e1shoz.<\/p>\n<\/details><details class=\"g-accordion \"><summary><h3>Miben seg\u00edthet egy pergola a k\u00fclt\u00e9ri \u00e9lett\u00e9rben?<\/h3><\/summary>\n<p>Egy pergola teljesen megv\u00e1ltoztatja a kinti teredet: egyszerre ad \u00e1rny\u00e9kot, tagolja a helyet, \u00e9s ide\u00e1lis helyet teremt pihen\u00e9shez vagy k\u00f6z\u00f6s \u00e9tkez\u00e9sekhez. R\u00e1futtathatsz k\u00fasz\u00f3n\u00f6v\u00e9nyeket vagy vir\u00e1gokat, \u00edgy m\u00e9g z\u00f6ldebb \u00e9s szebb lesz a k\u00f6rnyezet \u2013 \u00e9s igaz\u00e1n bar\u00e1ts\u00e1gos hangulatot kapsz, ami minden vend\u00e9get elvar\u00e1zsol.<\/p>\n<p>A pergol\u00e1k r\u00e1ad\u00e1sul <strong>rengetegf\u00e9le st\u00edlusban k\u00e9sz\u00fclhetnek<\/strong>: kihelyezhetsz r\u00e1 f\u00e9nyf\u00fcz\u00e9reket vagy l\u00e1mp\u00e1sokat, hogy este is hangulatos \u00e9s mutat\u00f3s legyen. Ha kihelyezel egy pergol\u00e1t a kertbe, sokkal haszn\u00e1lhat\u00f3bb \u00e9s szebb lesz az eg\u00e9sz k\u00fclt\u00e9ri tered.<\/p>\n<\/details><details class=\"g-accordion \"><summary><h3>Milyen el\u0151ny\u00f6kkel j\u00e1r, ha t\u0171zrak\u00f3helyet alak\u00edtasz ki a kertedben?<\/h3><\/summary>\n<p>Egy <strong>t\u0171zrak\u00f3hely<\/strong> igaz\u00e1n var\u00e1zslatoss\u00e1 teszi a kertedet. Nemcsak meleget ad, hanem \u00f6sszegy\u0171jti az embereket \u2013 egyb\u0151l az este k\u00f6z\u00e9ppontja lesz, ahol j\u00f3 besz\u00e9lgetni, s\u00fct\u00f6getni vagy csak hallgatni a t\u0171z ropog\u00e1s\u00e1t. Itt sz\u00edvesen \u00f6sszej\u00f6n a csal\u00e1d \u00e9s a bar\u00e1tok. Ha k\u00e9nyelmes sz\u00e9keket, p\u00e9ld\u00e1ul sz\u00ednes p\u00e1rn\u00e1kkal feldobott karossz\u00e9keket teszel k\u00f6r\u00e9, m\u00e9g hangulatosabb lesz pihenni vagy besz\u00e9lgetni.<\/p>\n<p>Egy t\u0171zrak\u00f3helyt\u0151l a terasz vagy kert t\u00e9nyleg eml\u00e9kezetes helysz\u00ednn\u00e9 v\u00e1lik: meleget ad a h\u0171v\u00f6s est\u00e9ken, \u00e9s a l\u00e1tv\u00e1ny\u00e1val is feldobja a teret. Ak\u00e1r csendes, egyed\u00fcl t\u00f6lt\u00f6tt est\u00e9khez v\u00e1gysz, ak\u00e1r nagyobb bulikhoz, egy ilyen hely mindig feldobja a <strong>hangulatot<\/strong> \u00e9s <strong>praktikusabb\u00e1 is teszi a kertedet<\/strong>.<\/p>\n<p>Ha j\u00f3l beilleszted a t\u0171zrak\u00f3helyet a kerti diz\u00e1jnba, akkor a kert nem csak egy \u00fajabb r\u00e9sze lesz az otthonodnak, hanem igazi <strong>\u00e9lettel teli hely, ahol szuper eml\u00e9kek sz\u00fcletnek.<\/strong><\/p>\n<\/details><details class=\"g-accordion \"><summary><h3>Mik az alapvet\u0151 dolgok egy k\u00fclt\u00e9ri konyh\u00e1ban?<\/h3><\/summary>\n<p>Egy k\u00fclt\u00e9ri konyha igaz\u00e1n feldobja az udvart \u2013 k\u00e9nyelmesebb\u00e9 \u00e9s \u00e9lvezetesebb\u00e9 teszi a kint elt\u00f6lt\u00f6tt id\u0151t. Ennek a sz\u00edv\u00e9ben a <strong>grill<\/strong> \u00e1ll \u2013 itt k\u00e9sz\u00fcl minden finoms\u00e1g. <strong>B\u0151s\u00e9ges munkafel\u00fclet<\/strong> kell mell\u00e9, hogy k\u00f6nnyen tudj el\u0151k\u00e9sz\u00edteni mindent. <strong>Praktikus t\u00e1rol\u00f3k<\/strong> is elengedhetetlenek, hogy mindig rend legyen \u00e9s minden k\u00e9zn\u00e9l legyen.<\/p>\n<ul>\n<li>Ha van mosogat\u00f3, egyszer\u0171bb a f\u0151z\u00e9s \u00e9s a pakol\u00e1s is,<\/li>\n<li>egy kinti \u00e9tkez\u0151r\u00e9sz pedig t\u00f6k\u00e9letes helyet ad, hogy egy\u00fctt egyetek a csal\u00e1ddal vagy bar\u00e1tokkal a szabad \u00e9g alatt,<\/li>\n<li>ha beszerzel n\u00e9h\u00e1ny l\u00e1mp\u00e1t, s\u00f6t\u00e9ted\u00e9s ut\u00e1n is k\u00e9nyelmesen haszn\u00e1lhatod a konyh\u00e1t,<\/li>\n<li>nappal pedig j\u00f3, ha van pergola vagy naperny\u0151, hogy elb\u00fajhass a t\u0171z\u0151 nap el\u0151l.<\/li>\n<li>Ezek egy\u00fctt igazi k\u00fclt\u00e9ri nappaliv\u00e1 alak\u00edtj\u00e1k a teret \u2013 ide\u00e1lis bar\u00e1ti \u00f6sszej\u00f6vetelekre vagy nyugodt, csendes \u00e9tkez\u00e9sekre is.<\/li>\n<\/ul>\n<\/details><details class=\"g-accordion \"><summary><h3>Mi\u00e9rt j\u00f3, ha van kinti zuhany a kertben?<\/h3><\/summary>\n<p>Egy k\u00fclt\u00e9ri zuhany sokf\u00e9le el\u0151nyt k\u00edn\u00e1l:<\/p>\n<ul>\n<li>praktikus \u00e9s luxus \u00e9rz\u00e9st is ad,<\/li>\n<li>\u00fasz\u00e1s vagy kert\u00e9szked\u00e9s ut\u00e1n gyorsan le tudod mosni magad,<\/li>\n<li>seg\u00edt tiszt\u00e1n tartani a h\u00e1zat \u2013 a kosz \u00e9s homok kint marad,<\/li>\n<li>a kinti zuhany egyszer\u0171s\u00edti a mindennapokat.<\/li>\n<\/ul>\n<p>K\u00fcl\u00f6n\u00f6sen olyan csal\u00e1doknak hasznos, akik sok id\u0151t t\u00f6ltenek a szabadban. <strong>Nemcsak praktikus, hanem kicsit eleg\u00e1nsabb\u00e1 is teszi a h\u00e1zat<\/strong> \u2013 r\u00e1ad\u00e1sul n\u00f6veli az ingatlan \u00e9rt\u00e9k\u00e9t \u00e9s vonz\u00f3bb\u00e1 teszi azt. Teh\u00e1t ha szeretn\u00e9d feldobni a kertet valami hasznossal \u00e9s mutat\u00f3s dologgal, egy k\u00fclt\u00e9ri zuhany t\u00f6k\u00e9letes v\u00e1laszt\u00e1s.<\/p>\n<\/details><details class=\"g-accordion \"><summary><h3>Hogyan dobhatod fel saj\u00e1t kez\u0171leg a k\u00fclt\u00e9ri teredet?<\/h3><\/summary>\n<p>Kis bark\u00e1csol\u00e1ssal jelent\u0151sen szebb \u00e9s haszn\u00e1lhat\u00f3bb lesz a k\u00fclt\u00e9ri tered \u2013 r\u00e1ad\u00e1sul an\u00e9lk\u00fcl, hogy sokat k\u00f6lten\u00e9l. Kezd\u00e9sk\u00e9nt \u00e9p\u00edthetsz egy <strong>t\u0171zrak\u00f3helyet<\/strong>, ami meleget ad, \u00e9s remek helysz\u00edn lesz a bar\u00e1ti vagy csal\u00e1di \u00f6sszej\u00f6vetelekhez. Vagy k\u00e9sz\u00edthetsz <strong>z\u00fazottk\u0151 teraszt<\/strong> \u2013 csak fektess le geotext\u00edli\u00e1t, sz\u00f3rj r\u00e1 kavicsot, \u00e9s k\u00e9sz is a mutat\u00f3s, k\u00f6nnyen kezelhet\u0151 t\u00e9r.<\/p>\n<p>Az \u00fcl\u0151helyeket is k\u00e9sz\u00edtheted \u00fajrahasznos\u00edtott anyagokb\u00f3l, p\u00e9ld\u00e1ul raklapokb\u00f3l vagy betont\u00e9gl\u00e1kb\u00f3l, tetej\u00e9re puha p\u00e1rn\u00e1kat tegy\u00e9l \u2013 \u00edgy olcs\u00f3n, saj\u00e1t \u00edzl\u00e9s szerint alkothatsz. K\u00e9sz\u00edthetsz saj\u00e1t vir\u00e1gtart\u00f3kat is f\u00e1b\u00f3l vagy r\u00e9gi f\u00e9m ed\u00e9nyekb\u0151l: szuper\u00fcl mutatnak gy\u00f3gyn\u00f6v\u00e9nyekkel vagy sz\u00ednes vir\u00e1gokkal.<\/p>\n<p>Hangulatvil\u00e1g\u00edt\u00e1st is olcs\u00f3n teremthetsz: tegy\u00e9l ki <strong>f\u00e9nyf\u00fcz\u00e9rt<\/strong> vagy l\u00e1mp\u00e1sokat, amelyek este meghitt f\u00e9nyt adnak egy besz\u00e9lget\u00e9shez. Ha szeretn\u00e9l igaz\u00e1n egyedi d\u00edszt, csin\u00e1lj k\u00fclt\u00e9ri csill\u00e1rt fakorl\u00e1tb\u00f3l \u00e9s elemes \u00e9g\u0151kb\u0151l.<\/p>\n<p>Legy\u00e9l kreat\u00edv a hely kihaszn\u00e1l\u00e1s\u00e1val is: <strong>f\u00fcgg\u0151leges kerttel<\/strong> a falakon m\u00e9g t\u00f6bb n\u00f6v\u00e9nynek adhatsz helyet \u2013 nemcsak hangulatosabb, hanem kicsit el is rejt a k\u00edv\u00e1ncsi szemek el\u0151l. Ha a n\u00f6v\u00e9nyeket k\u00fcl\u00f6nb\u00f6z\u0151 szintekre helyezed, l\u00e1tv\u00e1nyosabb lesz az \u00f6sszhat\u00e1s.<\/p>\n<p><strong>Ezekkel a saj\u00e1t k\u00e9sz\u00edt\u00e9s\u0171 \u00f6tletekkel sokkal szem\u00e9lyesebb\u00e9 \u00e9s bar\u00e1ts\u00e1gosabb\u00e1 v\u00e1lik a k\u00fclt\u00e9ri tered \u2013 t\u00f6k\u00e9letes hely lesz a laz\u00edt\u00e1sra \u00e9s a k\u00f6z\u00f6s programokra is.<\/strong><\/p>\n<\/details>\n","protected":false},"excerpt":{"rendered":"<p>K\u00fcls\u0151 teredet h\u00edvogat\u00f3 o\u00e1ziss\u00e1 var\u00e1zsolni egyszer\u0171bb, mint gondoln\u00e1d \u2013 a l\u00e9nyeg, hogy k\u00e9nyelmes, st\u00edlusos \u00e9s praktikus legyen. Legyen sz\u00f3 t\u00e1gas h\u00e1ts\u00f3 kertr\u0151l vagy egy kis teraszr\u00f3l, p\u00e1r j\u00f3 \u00f6tlettel olyan pihen\u0151helyet hozhatsz l\u00e9tre, ahol kikapcsol\u00f3dni \u00e9s vend\u00e9geket fogadni is \u00f6r\u00f6m. A hangulatos \u00fcl\u0151helyek id\u0151j\u00e1r\u00e1s\u00e1ll\u00f3 b\u00fatorokkal, hangulatvil\u00e1g\u00edt\u00e1s est\u00e9re \u00e9s n\u00e9mi z\u00f6ld n\u00f6v\u00e9ny minden szabadt\u00e9ri nappalit feldob. Egy t\u0171zrak\u00f3hely, k\u00fclt\u00e9ri sz\u0151nyeg vagy&hellip;<\/p>\n","protected":false},"author":12,"featured_media":7307,"comment_status":"closed","ping_status":"closed","sticky":false,"template":"","format":"standard","meta":{"rank_math_focus_keyword":"k\u00fclt\u00e9ri \u00fcl\u0151sarok \u00f6tletek","rank_math_title":"Legjobb k\u00fclt\u00e9ri \u00fcl\u0151sarok \u00f6tletek a t\u00f6k\u00e9letes pihen\u0151hely\u00e9rt","rank_math_description":"Fedezd fel az innovat\u00edv k\u00fclt\u00e9ri \u00fcl\u0151sarok \u00f6tleteket, amelyekkel st\u00edlusos \u00e9s k\u00e9nyelmes relax\u00e1ci\u00f3s mened\u00e9khelly\u00e9 alak\u00edthatod \u00e1t a teredet.","footnotes":""},"categories":[141],"tags":[],"class_list":["post-7506","post","type-post","status-publish","format-standard","has-post-thumbnail","hentry","category-kulteri-dekoraciok"],"g_custom_schema_json":"<script type=\"application\/ld+json\">\n{\n  \"@context\": \"https:\/\/schema.org\",\n  \"@type\": \"FAQPage\",\n  \"mainEntity\": [\n    {\n      \"@type\": \"Question\",\n      \"name\": \"Milyen kreat\u00edv \u00f6tletekkel teheted hangulatoss\u00e1 a kinti \u00fcl\u0151r\u00e9szt?\",\n      \"acceptedAnswer\": {\n        \"@type\": \"Answer\",\n        \"text\": \"Egy h\u00edvogat\u00f3 kerti \u00fcl\u0151hely kialak\u00edt\u00e1s\u00e1hoz fontos, hogy egyszerre legyen k\u00e9nyelmes, st\u00edlusos \u00e9s praktikus. V\u00e1lassz puha foteleket, f\u00fcgg\u0151\u00e1gyat vagy ak\u00e1r be\u00e9p\u00edtett padot \u2013 \u00edgy igaz\u00e1n kellemes helyet teremthetsz a pihen\u00e9shez. Gondoskodj \u00e1rny\u00e9kr\u00f3l is \u2013 p\u00e9ld\u00e1ul pergol\u00e1val vagy naperny\u0151vel.\"\n      }\n    },\n    {\n      \"@type\": \"Question\",\n      \"name\": \"Hogyan lehet meghitt h\u00e1ts\u00f3 kerti pihen\u0151sarkot kialak\u00edtani?\",\n      \"acceptedAnswer\": {\n        \"@type\": \"Answer\",\n        \"text\": \"Egy otthonos h\u00e1ts\u00f3 kert kialak\u00edt\u00e1s\u00e1hoz olyan elemeket v\u00e1lassz, amelyek fokozz\u00e1k a k\u00e9nyelmet \u00e9s a hangulatot. Kezdd k\u00e9nyelmes, p\u00e1rn\u00e1zott kerti b\u00fatorokkal \u2013 lehetnek p\u00e1rn\u00e1zott sz\u00e9kek vagy k\u00e9nyelmes kanap\u00e9k, melyek pihen\u00e9sre cs\u00e1b\u00edtanak. Dobj fel \u00e9l\u00e9nk sz\u00edn\u0171 textilekkel, hogy m\u00e9g bar\u00e1ts\u00e1gosabb legyen a t\u00e9r.\"\n      }\n    },\n    {\n      \"@type\": \"Question\",\n      \"name\": \"Hogyan alak\u00edthatod \u00e1t a kertedet vend\u00e9gv\u00e1r\u00f3 helly\u00e9?\",\n      \"acceptedAnswer\": {\n        \"@type\": \"Answer\",\n        \"text\": \"Ha szeretn\u00e9l a kertben szuper helyet a bar\u00e1ti \u00f6sszej\u00f6vetelekhez, sz\u00fcks\u00e9ged lesz egy kis tervez\u00e9sre \u00e9s kreat\u00edv \u00f6tletekre. \u00c9rdemes a teret t\u00f6bb r\u00e9szre osztani, p\u00e9ld\u00e1ul besz\u00e9lget\u0151s, \u00e9tkez\u0151s, f\u0151z\u0151s \u00e9s pihen\u0151s ter\u00fcletre. Egy nagyobb szabadt\u00e9ri sz\u0151nyeg j\u00f3l kijel\u00f6li, hol van az \u00fcl\u0151r\u00e9sz.\"\n      }\n    },\n    {\n      \"@type\": \"Question\",\n      \"name\": \"Milyen st\u00edlusos \u00f6tletekkel lehet a legt\u00f6bbet kihozni a kinti t\u00e9rb\u0151l?\",\n      \"acceptedAnswer\": {\n        \"@type\": \"Answer\",\n        \"text\": \"Ha kis k\u00fclt\u00e9ri helyb\u0151l szeretn\u00e9d kihozni a maximumot, v\u00e1lassz olyan megold\u00e1sokat, amelyek egyszerre praktikusak \u00e9s sz\u00e9pek. L\u00e9nyeges, hogy id\u0151j\u00e1r\u00e1s\u00e1ll\u00f3 b\u00fatorokat v\u00e1lassz, amelyek illenek az \u00e1ltalad elk\u00e9pzelt hangulathoz. Az \u00fcl\u0151helyeket \u00e9rdemes \u00fagy elrendezni, hogy megk\u00f6nny\u00edts\u00e9k a besz\u00e9lget\u00e9st.\"\n      }\n    },\n    {\n      \"@type\": \"Question\",\n      \"name\": \"Hogyan rendezd be olcs\u00f3n a kis teraszt?\",\n      \"acceptedAnswer\": {\n        \"@type\": \"Answer\",\n        \"text\": \"Egy kis teraszb\u00f3l is igazi pihen\u0151helyet var\u00e1zsolhatsz, ehhez nem kell sok p\u00e9nz \u2013 el\u00e9g egy kis kreativit\u00e1s! Fesd \u00e1t a megl\u00e9v\u0151 b\u00fatoraidat, \u00edgy teljesen \u00faj k\u00fcls\u0151t kapnak. K\u00e9sz\u00edts egyedi \u00fcl\u0151helyet raklapb\u00f3l \u00e9s puha p\u00e1rn\u00e1kb\u00f3l.\"\n      }\n    },\n    {\n      \"@type\": \"Question\",\n      \"name\": \"Melyek a legjobb helytakar\u00e9kos b\u00fatorok k\u00fclt\u00e9rre?\",\n      \"acceptedAnswer\": {\n        \"@type\": \"Answer\",\n        \"text\": \"Ha a k\u00fclt\u00e9ri hely sz\u0171k\u00f6s, helytakar\u00e9kos b\u00fatorokkal lehet a legt\u00f6bbet kihozni bel\u0151le. Az \u00f6sszecsukhat\u00f3 vagy k\u00f6nnyen elpakolhat\u00f3 sz\u00e9kek t\u00f6k\u00e9letesek kis teraszra, mert haszn\u00e1laton k\u00edv\u00fcl egyszer\u0171en elrakhatod \u0151ket. Egy kerek \u00fcvegasztal tov\u00e1bb t\u00e1g\u00edtja vizu\u00e1lisan a helyet.\"\n      }\n    },\n    {\n      \"@type\": \"Question\",\n      \"name\": \"Mi\u00e9rt \u00e9rdemes t\u00f6bbfunkci\u00f3s b\u00fatort v\u00e1lasztani a k\u00fclt\u00e9rre?\",\n      \"acceptedAnswer\": {\n        \"@type\": \"Answer\",\n        \"text\": \"A t\u00f6bbfunkci\u00f3s b\u00fatorok sokkal praktikusabb\u00e1 teszik a kinti tereket, mert egyszerre t\u00f6bb c\u00e9lt szolg\u00e1lnak, \u00edgy nem lesz zs\u00fafolt a hely. P\u00e9ld\u00e1ul egy jut\u00e1b\u00f3l k\u00e9sz\u00fclt puff kit\u0171n\u0151 l\u00e1btart\u00f3, de plusz \u00fcl\u0151helyk\u00e9nt is haszn\u00e1lhatod vend\u00e9geknek. Az ilyen rugalmas b\u00fatorokat k\u00f6nnyen elrendezheted b\u00e1rmilyen alkalomhoz.\"\n      }\n    },\n    {\n      \"@type\": \"Question\",\n      \"name\": \"Hogyan v\u00e1lassz k\u00e9nyelmes \u00fcl\u0151alkalmatoss\u00e1got a k\u00fclt\u00e9rre?\",\n      \"acceptedAnswer\": {\n        \"@type\": \"Answer\",\n        \"text\": \"K\u00e9nyelmes kerti \u00fcl\u0151b\u00fator v\u00e1laszt\u00e1s\u00e1hoz a strapab\u00edr\u00f3 anyag \u00e9s a k\u00e9nyelem a legfontosabb. J\u00f3, ha tikf\u00e1b\u00f3l, eukaliptuszf\u00e1b\u00f3l, alum\u00edniumb\u00f3l vagy szintetikus rattanb\u00f3l k\u00e9sz\u00fclnek, mert ezek j\u00f3l b\u00edrj\u00e1k az id\u0151j\u00e1r\u00e1st. A p\u00e1rn\u00e1khoz b\u00e1tran haszn\u00e1lj k\u00fclt\u00e9ri sz\u00f6vetet.\"\n      }\n    },\n    {\n      \"@type\": \"Question\",\n      \"name\": \"Hogyan tehetsz priv\u00e1tabb\u00e1 egy k\u00fclt\u00e9ri \u00fcl\u0151r\u00e9szt?\",\n      \"acceptedAnswer\": {\n        \"@type\": \"Answer\",\n        \"text\": \"Ha szeretn\u00e9d elrejteni magad a k\u00edv\u00e1ncsi szemek el\u0151l a kerti \u00fcl\u0151r\u00e9szen, pr\u00f3b\u00e1lj ki n\u00e9h\u00e1ny kreat\u00edv, m\u00e9gis sz\u00e9p megold\u00e1st: F\u00fcgg\u00f6ny\u00f6kre eml\u00e9keztet\u0151, f\u00e9nyt \u00e1tereszt\u0151 anyagok helyettes\u00edthetik a falat. F\u00fcgg\u0151leges kert vagy falra akaszthat\u00f3 n\u00f6v\u00e9nyek term\u00e9szetes t\u00e9relv\u00e1laszt\u00f3k\u00e9nt m\u0171k\u00f6dnek.\"\n      }\n    },\n    {\n      \"@type\": \"Question\",\n      \"name\": \"Milyen szerepet j\u00e1tszik a k\u00fclt\u00e9ri vil\u00e1g\u00edt\u00e1s a hangulat megteremt\u00e9s\u00e9ben?\",\n      \"acceptedAnswer\": {\n        \"@type\": \"Answer\",\n        \"text\": \"A k\u00fclt\u00e9ri vil\u00e1g\u00edt\u00e1s teljesen \u00e1t tudja var\u00e1zsolni a kinti tereidet, \u00e9s kellemes hangulatot teremt. K\u00e9pzeld el, hogy f\u00e9nyf\u00fcz\u00e9rek l\u00f3gnak az udvaron, \u00e9s meghitt, bar\u00e1ts\u00e1gos f\u00e9nyben f\u00fcrdetik a helyet. A szol\u00e1r kerti l\u00e1mp\u00e1k nemcsak mutat\u00f3sak, hanem hasznosak is.\"\n      }\n    },\n    {\n      \"@type\": \"Question\",\n      \"name\": \"Hogyan alak\u00edtja \u00e1t a k\u00fclt\u00e9ri sz\u0151nyeg a teraszt?\",\n      \"acceptedAnswer\": {\n        \"@type\": \"Answer\",\n        \"text\": \"Egy k\u00fclt\u00e9ri sz\u0151nyeg t\u00e9nyleg teljesen megv\u00e1ltoztatja a teraszt: \u00e9l\u00e9nk sz\u00edneket, \u00e9rdekes fel\u00fcletet \u00e9s k\u00e9nyelmes puhas\u00e1got ad a talpad al\u00e1. Seg\u00edt kijel\u00f6lni a le\u00fcl\u0151s r\u00e9szeket, ett\u0151l egys\u00e9gesebbnek \u00e9s otthonosabbnak \u00e9rzed magad. Ezek a sz\u0151nyegek nemcsak d\u00edsz\u00edtenek, hanem elnyelik a hangot.\"\n      }\n    },\n    {\n      \"@type\": \"Question\",\n      \"name\": \"Milyen el\u0151nyei vannak a k\u00fclt\u00e9ri f\u00fcgg\u00f6ny\u00f6knek?\",\n      \"acceptedAnswer\": {\n        \"@type\": \"Answer\",\n        \"text\": \"A k\u00fclt\u00e9ri f\u00fcgg\u00f6ny\u00f6k sokf\u00e9le el\u0151nyt adnak a ki\u00fcl\u0151s r\u00e9szedhez. Olyan, mintha ideiglenes falakat kapn\u00e1l \u2013 seg\u00edtenek elb\u00fajni a k\u00edv\u00e1ncsi szemek el\u0151l, de a term\u00e9szetes f\u00e9nyt az\u00e9rt beengedik. Kellemesebb\u00e9 is teszik a forr\u00f3 napokat, mert felfogj\u00e1k a nap er\u0151s sugarait.\"\n      }\n    },\n    {\n      \"@type\": \"Question\",\n      \"name\": \"Hogyan teszik szebb\u00e9 a cserepes n\u00f6v\u00e9nyek a k\u00fclt\u00e9ri d\u00edsz\u00edt\u00e9st?\",\n      \"acceptedAnswer\": {\n        \"@type\": \"Answer\",\n        \"text\": \"A cserepes n\u00f6v\u00e9nyek szuper\u00fcl feldobj\u00e1k a k\u00fclt\u00e9ri dekor\u00e1ci\u00f3dat: sz\u00e9ps\u00e9get, nyugalmat \u00e9s term\u00e9szetess\u00e9get visznek a t\u00e9rbe. Kis helyen is elf\u00e9rnek, ez\u00e9rt kiskert vagy erk\u00e9ly eset\u00e9n is j\u00f3 v\u00e1laszt\u00e1s. Ha kombin\u00e1lod \u0151ket f\u00fcgg\u0151 vir\u00e1gtart\u00f3kkal vagy z\u00f6ldfalakkal, izgalmas l\u00e1tv\u00e1nyt teremthetsz.\"\n      }\n    },\n    {\n      \"@type\": \"Question\",\n      \"name\": \"Milyen el\u0151nyei vannak a f\u00fcgg\u0151leges kert\u00e9szked\u00e9snek a szabadban?\",\n      \"acceptedAnswer\": {\n        \"@type\": \"Answer\",\n        \"text\": \"Ha kicsi a hely a szabadban, a f\u00fcgg\u0151leges kert szuper megold\u00e1s: kihaszn\u00e1lhatod a falakat vagy b\u00e1rmilyen f\u00fcgg\u0151leges fel\u00fcletet. Ez k\u00fcl\u00f6n\u00f6sen j\u00f3l j\u00f6n kis udvarokban vagy erk\u00e9lyeken, ahol minden n\u00e9gyzetcentim\u00e9ter sz\u00e1m\u00edt. F\u00fcgg\u0151leges kertekkel rengeteg z\u00f6ldet vihetsz a t\u00e9rbe.\"\n      }\n    },\n    {\n      \"@type\": \"Question\",\n      \"name\": \"Milyen k\u00fcl\u00f6nleges kert\u00e9p\u00edt\u00e9si \u00f6tletek l\u00e9teznek a k\u00fclt\u00e9ri terekhez?\",\n      \"acceptedAnswer\": {\n        \"@type\": \"Answer\",\n        \"text\": \"Ha egy kis kreativit\u00e1st szeretn\u00e9l vinni a szabadt\u00e9ri kertedbe, pr\u00f3b\u00e1ld ki ezeket az \u00f6tleteket: Alak\u00edts ki hangulatos sarkokat k\u00e9nyelmes \u00fcl\u0151helyekkel, hogy a term\u00e9szetben is pihenhess. D\u00edsz kavicsokkal vagy k\u00f6vekkel k\u00e9sz\u00edts mint\u00e1s \u00f6sv\u00e9nyeket. V\u00edzi elemeket is be\u00e9p\u00edthetsz.\"\n      }\n    },\n    {\n      \"@type\": \"Question\",\n      \"name\": \"Miben seg\u00edthet egy pergola a k\u00fclt\u00e9ri \u00e9lett\u00e9rben?\",\n      \"acceptedAnswer\": {\n        \"@type\": \"Answer\",\n        \"text\": \"Egy pergola teljesen megv\u00e1ltoztatja a kinti teredet: egyszerre ad \u00e1rny\u00e9kot, tagolja a helyet, \u00e9s ide\u00e1lis helyet teremt pihen\u00e9shez vagy k\u00f6z\u00f6s \u00e9tkez\u00e9sekhez. R\u00e1futtathatsz k\u00fasz\u00f3n\u00f6v\u00e9nyeket vagy vir\u00e1gokat, \u00edgy m\u00e9g z\u00f6ldebb \u00e9s szebb lesz a k\u00f6rnyezet. Bar\u00e1ts\u00e1gos hangulatot kapsz.\"\n      }\n    },\n    {\n      \"@type\": \"Question\",\n      \"name\": \"Milyen el\u0151ny\u00f6kkel j\u00e1r, ha t\u0171zrak\u00f3helyet alak\u00edtasz ki a kertedben?\",\n      \"acceptedAnswer\": {\n        \"@type\": \"Answer\",\n        \"text\": \"Egy t\u0171zrak\u00f3hely igaz\u00e1n var\u00e1zslatoss\u00e1 teszi a kertedet. Nemcsak meleget ad, hanem \u00f6sszegy\u0171jti az embereket \u2013 egyb\u0151l az este k\u00f6z\u00e9ppontja lesz. Itt sz\u00edvesen \u00f6sszej\u00f6n a csal\u00e1d \u00e9s a bar\u00e1tok.\"\n      }\n    },\n    {\n      \"@type\": \"Question\",\n      \"name\": \"Mik az alapvet\u0151 dolgok egy k\u00fclt\u00e9ri konyh\u00e1ban?\",\n      \"acceptedAnswer\": {\n        \"@type\": \"Answer\",\n        \"text\": \"Egy k\u00fclt\u00e9ri konyha igaz\u00e1n feldobja az udvart \u2013 k\u00e9nyelmesebb\u00e9 \u00e9s \u00e9lvezetesebb\u00e9 teszi a kint elt\u00f6lt\u00f6tt id\u0151t. Ennek a sz\u00edv\u00e9ben a grill \u00e1ll \u2013 itt k\u00e9sz\u00fcl minden finoms\u00e1g. B\u0151s\u00e9ges munkafel\u00fclet kell mell\u00e9, hogy k\u00f6nnyen tudj el\u0151k\u00e9sz\u00edteni mindent.\"\n      }\n    },\n    {\n      \"@type\": \"Question\",\n      \"name\": \"Mi\u00e9rt j\u00f3, ha van kinti zuhany a kertben?\",\n      \"acceptedAnswer\": {\n        \"@type\": \"Answer\",\n        \"text\": \"Egy k\u00fclt\u00e9ri zuhany sokf\u00e9le el\u0151nyt k\u00edn\u00e1l: praktikus \u00e9s luxus \u00e9rz\u00e9st is ad. \u00dasz\u00e1s vagy kert\u00e9szked\u00e9s ut\u00e1n gyorsan le tudod mosni magad. Seg\u00edt tiszt\u00e1n tartani a h\u00e1zat \u2013 a kosz \u00e9s homok kint marad.\"\n      }\n    },\n    {\n      \"@type\": \"Question\",\n      \"name\": \"Hogyan dobhatod fel saj\u00e1t kez\u0171leg a k\u00fclt\u00e9ri teredet?\",\n      \"acceptedAnswer\": {\n        \"@type\": \"Answer\",\n        \"text\": \"Kis bark\u00e1csol\u00e1ssal jelent\u0151sen szebb \u00e9s haszn\u00e1lhat\u00f3bb lesz a k\u00fclt\u00e9ri tered \u2013 r\u00e1ad\u00e1sul an\u00e9lk\u00fcl, hogy sokat k\u00f6lten\u00e9l. \u00c9p\u00edthetsz egy t\u0171zrak\u00f3helyet, ami meleget ad, \u00e9s remek helysz\u00edn lesz a bar\u00e1ti vagy csal\u00e1di \u00f6sszej\u00f6vetelekhez. K\u00e9sz\u00edthetsz z\u00fazottk\u0151 teraszt is.\"\n      }\n    }\n  ]\n}\n<\/script>\n<script type=\"application\/ld+json\">\n{\n  \"@context\": \"https:\/\/schema.org\",\n  \"@type\": \"HowTo\",\n  \"name\": \"Hangulatos k\u00fclt\u00e9ri pihen\u0151sarok kialak\u00edt\u00e1sa\",\n  \"description\": \"L\u00e9p\u00e9sr\u0151l l\u00e9p\u00e9sre bemutatjuk, hogyan alak\u00edthatsz ki hangulatos, k\u00e9nyelmes \u00e9s st\u00edlusos k\u00fclt\u00e9ri \u00fcl\u0151helyet, ak\u00e1r h\u00e1ts\u00f3 kertben, ak\u00e1r egy kis teraszon.\",\n  \"totalTime\": \"PT1H\",\n  \"supply\": [\n    {\n      \"@type\": \"HowToSupply\",\n      \"name\": \"Id\u0151j\u00e1r\u00e1s\u00e1ll\u00f3 k\u00fclt\u00e9ri b\u00fatorok\"\n    },\n    {\n      \"@type\": \"HowToSupply\",\n      \"name\": \"D\u00edszp\u00e1rn\u00e1k\"\n    },\n    {\n      \"@type\": \"HowToSupply\",\n      \"name\": \"K\u00fclt\u00e9ri sz\u0151nyeg\"\n    },\n    {\n      \"@type\": \"HowToSupply\",\n      \"name\": \"F\u00e9nyf\u00fcz\u00e9r vagy l\u00e1mp\u00e1s\"\n    },\n    {\n      \"@type\": \"HowToSupply\",\n      \"name\": \"Cserepes n\u00f6v\u00e9nyek\"\n    },\n    {\n      \"@type\": \"HowToSupply\",\n      \"name\": \"Raklap vagy r\u00e9gi b\u00fator (opcion\u00e1lis, bark\u00e1csol\u00e1shoz)\"\n    },\n    {\n      \"@type\": \"HowToSupply\",\n      \"name\": \"Fest\u00e9k r\u00e9gi b\u00fator fel\u00faj\u00edt\u00e1s\u00e1hoz\"\n    }\n  ],\n  \"tool\": [\n    {\n      \"@type\": \"HowToTool\",\n      \"name\": \"Kalap\u00e1cs\"\n    },\n    {\n      \"@type\": \"HowToTool\",\n      \"name\": \"Csavarh\u00faz\u00f3\"\n    },\n    {\n      \"@type\": \"HowToTool\",\n      \"name\": \"Kefe (fest\u00e9shez)\"\n    }\n  ],\n  \"step\": [\n    {\n      \"@type\": \"HowToStep\",\n      \"name\": \"\u00dcl\u0151hely kialak\u00edt\u00e1sa\",\n      \"text\": \"V\u00e1lassz id\u0151j\u00e1r\u00e1s\u00e1ll\u00f3, k\u00e9nyelmes k\u00fclt\u00e9ri b\u00fatorokat, p\u00e9ld\u00e1ul kanap\u00e9kat, foteleket vagy raklapb\u00f3l k\u00e9sz\u00fclt \u00fcl\u0151alkalmatoss\u00e1gokat. Helyezd el \u0151ket egy k\u00f6zponti asztal k\u00f6r\u00fcl, hogy praktikus \u00e9s bar\u00e1ts\u00e1gos legyen a t\u00e9r.\"\n    },\n    {\n      \"@type\": \"HowToStep\",\n      \"name\": \"St\u00edlusos text\u00edli\u00e1k elhelyez\u00e9se\",\n      \"text\": \"Helyezz ki d\u00edszp\u00e1rn\u00e1kat, k\u00fclt\u00e9ri takar\u00f3t vagy sz\u0151nyeget. Ezek puh\u00e1bb\u00e1, k\u00e9nyelmesebb\u00e9 \u00e9s sz\u00ednesebb\u00e9 teszik a pihen\u0151sarkot, \u00e9s seg\u00edtenek kijel\u00f6lni a le\u00fcl\u0151s r\u00e9szt.\"\n    },\n    {\n      \"@type\": \"HowToStep\",\n      \"name\": \"Hangulatvil\u00e1g\u00edt\u00e1s ki\u00e9p\u00edt\u00e9se\",\n      \"text\": \"F\u00fcggessz fel f\u00e9nyf\u00fcz\u00e9rt vagy helyezz ki l\u00e1mp\u00e1sokat, hogy este is kellemes legyen a hangulat. A vil\u00e1g\u00edt\u00e1s meleg f\u00e9nye kiemeli a k\u00fclt\u00e9ri \u00fcl\u0151helyet, \u00e9s meghittebb\u00e9 teszi a teret.\"\n    },\n    {\n      \"@type\": \"HowToStep\",\n      \"name\": \"Z\u00f6ld n\u00f6v\u00e9nyek \u00e9s term\u00e9szetes elemek elhelyez\u00e9se\",\n      \"text\": \"Helyezz el cserepes n\u00f6v\u00e9nyeket, falra futtatott z\u00f6ldet vagy f\u00fcgg\u0151kertet a t\u00e9r k\u00f6r\u00fcl. Ezek feldobj\u00e1k a l\u00e1tv\u00e1nyt, term\u00e9szetes hangulatot adnak, \u00e9s ak\u00e1r priv\u00e1tabb\u00e1 is teszik a sarkot.\"\n    },\n    {\n      \"@type\": \"HowToStep\",\n      \"name\": \"Bark\u00e1csol\u00e1s \u00e9s fel\u00faj\u00edt\u00e1s (opcion\u00e1lis)\",\n      \"text\": \"Ha sp\u00f3rolni szeretn\u00e9l, k\u00e9sz\u00edts \u00fcl\u00e9seket raklapb\u00f3l vagy \u00faj\u00edtsd fel r\u00e9gi b\u00fatorokat fest\u00e9ssel. Multifunkci\u00f3s darabokkal, p\u00e9ld\u00e1ul rejtett t\u00e1rol\u00f3s paddal, kreat\u00edvan kihaszn\u00e1lhatod a teret.\"\n    },\n    {\n      \"@type\": \"HowToStep\",\n      \"name\": \"V\u00e9gs\u0151 elrendez\u00e9s \u00e9s d\u00edsz\u00edt\u00e9s\",\n      \"text\": \"Rendezd el a b\u00fatorokat \u00fagy, hogy k\u00f6nnyen lehessen besz\u00e9lgetni \u00e9s mozogni. Tegy\u00e9l ki apr\u00f3 dekor\u00e1ci\u00f3kat, p\u00e9ld\u00e1ul gyerty\u00e1kat vagy vir\u00e1gokat, hogy m\u00e9g otthonosabb legyen a k\u00fclt\u00e9ri pihen\u0151sarok.\"\n    }\n  ],\n  \"image\": [\n    \"https:\/\/doubletakedecor.com\/uploads\/2025\/09\/outdoor-sitting-area-ideas-dtd-01.jpg\",\n    \"https:\/\/doubletakedecor.com\/uploads\/2025\/09\/outdoor-sitting-area-ideas-dtd-02.jpg\",\n    \"https:\/\/doubletakedecor.com\/uploads\/2025\/09\/outdoor-sitting-area-ideas-dtd-03.jpg\",\n    \"https:\/\/doubletakedecor.com\/uploads\/2025\/09\/outdoor-sitting-area-ideas-dtd-04.jpg\"\n  ]\n}\n<\/script>","_links":{"self":[{"href":"https:\/\/doubletakedecor.com\/hu\/wp-json\/wp\/v2\/posts\/7506","targetHints":{"allow":["GET"]}}],"collection":[{"href":"https:\/\/doubletakedecor.com\/hu\/wp-json\/wp\/v2\/posts"}],"about":[{"href":"https:\/\/doubletakedecor.com\/hu\/wp-json\/wp\/v2\/types\/post"}],"author":[{"embeddable":true,"href":"https:\/\/doubletakedecor.com\/hu\/wp-json\/wp\/v2\/users\/12"}],"replies":[{"embeddable":true,"href":"https:\/\/doubletakedecor.com\/hu\/wp-json\/wp\/v2\/comments?post=7506"}],"version-history":[{"count":1,"href":"https:\/\/doubletakedecor.com\/hu\/wp-json\/wp\/v2\/posts\/7506\/revisions"}],"predecessor-version":[{"id":7507,"href":"https:\/\/doubletakedecor.com\/hu\/wp-json\/wp\/v2\/posts\/7506\/revisions\/7507"}],"wp:featuredmedia":[{"embeddable":true,"href":"https:\/\/doubletakedecor.com\/hu\/wp-json\/wp\/v2\/media\/7307"}],"wp:attachment":[{"href":"https:\/\/doubletakedecor.com\/hu\/wp-json\/wp\/v2\/media?parent=7506"}],"wp:term":[{"taxonomy":"category","embeddable":true,"href":"https:\/\/doubletakedecor.com\/hu\/wp-json\/wp\/v2\/categories?post=7506"},{"taxonomy":"post_tag","embeddable":true,"href":"https:\/\/doubletakedecor.com\/hu\/wp-json\/wp\/v2\/tags?post=7506"}],"curies":[{"name":"wp","href":"https:\/\/api.w.org\/{rel}","templated":true}]}}