{"id":8262,"date":"2025-09-13T16:35:51","date_gmt":"2025-09-13T14:35:51","guid":{"rendered":"https:\/\/doubletakedecor.com\/tematikus-szobak\/zold-szoba-dekoracio-otletek\/"},"modified":"2025-09-13T16:57:02","modified_gmt":"2025-09-13T14:57:02","slug":"zold-szoba-dekoracio-otletek","status":"publish","type":"post","link":"https:\/\/doubletakedecor.com\/hu\/tematikus-szobak\/zold-szoba-dekoracio-otletek\/","title":{"rendered":"Alak\u00edtsd \u00e1t a teredet: Inspir\u00e1l\u00f3 z\u00f6ld szoba dekor\u00e1ci\u00f3s \u00f6tletek"},"content":{"rendered":"<p>Z\u00f6ld szobadekor\u00e1ci\u00f3val otthonod friss\u00edt\u0151 mened\u00e9kk\u00e9 v\u00e1lhat, ahol egyszerre \u00e9rv\u00e9nyes\u00fcl a st\u00edlus \u00e9s a nyugalom. A mer\u00e9sz smaragdz\u00f6ld falakt\u00f3l a visszafogott zs\u00e1lyaz\u00f6ld b\u00fatorokig a z\u00f6ld sz\u00edn sz\u00e1mtalan lehet\u0151s\u00e9get ny\u00fajt arra, hogy l\u00e1tv\u00e1nyosan feldobd a teret, mik\u00f6zben t\u00e1mogatja a j\u00f3 k\u00f6z\u00e9rzetet is.<\/p>\n<p>A z\u00f6ld bels\u0151 terek k\u00f6zelebb hoznak minket a term\u00e9szet nyugtat\u00f3 erej\u00e9hez, amely a gy\u00f3gyul\u00e1ssal, a fejl\u0151d\u00e9ssel \u00e9s az \u00fajrakezd\u00e9ssel kapcsolatos. A vil\u00e1gosz\u00f6ld \u00e1rnyalatok t\u00e1gasabb\u00e1 tehetik a kisebb helyis\u00e9geket, m\u00edg a m\u00e9lyebb sz\u00ednek otthonos, kuck\u00f3s hangulatot adnak. A z\u00f6ld sz\u00e9pen mutat term\u00e9szetes anyagokkal, p\u00e9ld\u00e1ul f\u00e1val \u00e9s k\u0151vel, illetve f\u00e9mes r\u00e9szletekkel, amelyek egy kis luxust csemp\u00e9sznek a lak\u00e1sba.<\/p>\n<p>Az \u00e9l\u0151 n\u00f6v\u00e9nyek alapvet\u0151 r\u00e9szei b\u00e1rmilyen z\u00f6ld t\u00f3nus\u00fa dekor\u00e1ci\u00f3nak \u2014 nemcsak l\u00e1tv\u00e1nyosak, hanem jav\u00edtj\u00e1k a leveg\u0151 min\u0151s\u00e9g\u00e9t, \u00e9s igazi \u00e9letet visznek otthonodba. Ak\u00e1r egysz\u00edn\u0171 z\u00f6ld \u00e1rnyalatokat haszn\u00e1lsz, ak\u00e1r kontrasztot teremtesz m\u00e1s sz\u00ednekkel, a z\u00f6ld minden st\u00edlushoz k\u00e9pes alkalmazkodni, legyen sz\u00f3 minimalista vagy boh\u00e9m lakberendez\u00e9sr\u0151l.<\/p>\n<p>Ha \u00e1tgondoltan v\u00e1lasztod ki a z\u00f6ld falakat, textileket \u00e9s kieg\u00e9sz\u00edt\u0151ket, olyan tereket teremthetsz, amelyek t\u00fckr\u00f6zik az egy\u00e9nis\u00e9ged, mik\u00f6zben nyugodt l\u00e9gk\u00f6rt var\u00e1zsolnak. A z\u00f6ld sz\u00edn j\u00f3t\u00e9kony hat\u00e1ssal van lelk\u00fcnkre: cs\u00f6kkenti a stresszt, el\u0151seg\u00edti a kreativit\u00e1st \u2014 \u00edgy a v\u00e1laszt\u00e1s nem csak sz\u00e9p, hanem praktikus is.<\/p>\n<div class=\"kt_block\" id=\"kt_id\">\n<span class=\"kt_headline\">Legfontosabb gondolatok<\/span><\/p>\n<ul class=\"kt_post_list\">\n<li><strong>\ud83c\udf3f Term\u00e9szetes nyugalom:<\/strong> A z\u00f6ld szobadekor b\u00e1rmely helyis\u00e9get nyugodt, j\u00f3l-l\u00e9tes mened\u00e9kk\u00e9 alak\u00edthat; a vil\u00e1gos zs\u00e1ly\u00e1t\u00f3l a m\u00e9ly smaragdz\u00f6ldig minden \u00e1rnyalat a term\u00e9szet megnyugtat\u00f3 erej\u00e9t t\u00fckr\u00f6zi.<\/li>\n<li><strong>\ud83c\udfe1 Sokoldal\u00fa diz\u00e1jn:<\/strong> A z\u00f6ld remek\u00fcl p\u00e1ros\u00edthat\u00f3 term\u00e9szetes anyagokkal, p\u00e9ld\u00e1ul f\u00e1val \u00e9s k\u0151vel, de f\u00e9mes r\u00e9szletekkel is, \u00edgy luxus \u00e9s m\u00e9lys\u00e9g ker\u00fclhet a szob\u00e1ba.<\/li>\n<li><strong>\ud83c\udf31 \u00c9l\u0151 elemek:<\/strong> Az \u00e9l\u0151 n\u00f6v\u00e9nyek l\u00e1tv\u00e1nyoss\u00e1, friss\u00e9 \u00e9s eg\u00e9szs\u00e9gesebb\u00e9 teszik a z\u00f6ld dekor\u00e1ci\u00f3t, hiszen tiszt\u00edtj\u00e1k a leveg\u0151t \u00e9s term\u00e9szetes hangulatot teremtenek.<\/li>\n<li><strong>\ud83c\udfa8 Kreat\u00edv szabads\u00e1g:<\/strong> A z\u00f6ld sz\u00e1mtalan m\u00f3don alkalmazhat\u00f3: lehet hangs\u00falyos fal, vagy sokf\u00e9le \u00e1rnyalatb\u00f3l \u00e1ll\u00f3 egysz\u00edn\u0171 diz\u00e1jn, b\u00e1rmely st\u00edlushoz \u2014 ak\u00e1r minimalista, ak\u00e1r boh\u00e9m \u2014 remek\u00fcl illik.<\/li>\n<\/ul>\n<\/div>\n<h2>Tr\u00f3pusi z\u00f6ld nappali<\/h2>\n<p><img loading=\"lazy\" decoding=\"async\" width=\"700\" height=\"1050\" alt=\"Vil\u00e1gos nappali k\u00e9kes falakkal, feh\u00e9r kanap\u00e9val, z\u00f6ld leveles d\u00edszp\u00e1rn\u00e1kkal, sok tr\u00f3pusi n\u00f6v\u00e9nnyel \u00e9s nyugodt hangulattal.\" class=\"aligncenter size-full wp-image-7520\" src=\"https:\/\/doubletakedecor.com\/uploads\/2025\/09\/green-room-decor-ideas-dtd-01.jpg\" srcset=\"https:\/\/doubletakedecor.com\/uploads\/2025\/09\/green-room-decor-ideas-dtd-01.jpg 700w, https:\/\/doubletakedecor.com\/uploads\/2025\/09\/green-room-decor-ideas-dtd-01-200x300.jpg 200w, https:\/\/doubletakedecor.com\/uploads\/2025\/09\/green-room-decor-ideas-dtd-01-683x1024.jpg 683w, https:\/\/doubletakedecor.com\/uploads\/2025\/09\/green-room-decor-ideas-dtd-01-96x144.jpg 96w, https:\/\/doubletakedecor.com\/uploads\/2025\/09\/green-room-decor-ideas-dtd-01-280x420.jpg 280w, https:\/\/doubletakedecor.com\/uploads\/2025\/09\/green-room-decor-ideas-dtd-01-320x480.jpg 320w, https:\/\/doubletakedecor.com\/uploads\/2025\/09\/green-room-decor-ideas-dtd-01-360x540.jpg 360w, https:\/\/doubletakedecor.com\/uploads\/2025\/09\/green-room-decor-ideas-dtd-01-363x545.jpg 363w, https:\/\/doubletakedecor.com\/uploads\/2025\/09\/green-room-decor-ideas-dtd-01-370x555.jpg 370w, https:\/\/doubletakedecor.com\/uploads\/2025\/09\/green-room-decor-ideas-dtd-01-400x600.jpg 400w, https:\/\/doubletakedecor.com\/uploads\/2025\/09\/green-room-decor-ideas-dtd-01-560x840.jpg 560w, https:\/\/doubletakedecor.com\/uploads\/2025\/09\/green-room-decor-ideas-dtd-01-480x720.jpg 480w\" sizes=\"auto, (max-width: 700px) 100vw, 700px\" \/><\/p>\n<p>Alkoss igazi tr\u00f3pusi hangulatot puha k\u00e9k falakkal \u00e9s sok z\u00f6ld kieg\u00e9sz\u00edt\u0151vel! Helyezz el fonott b\u00fatorokat vagy bambusz rol\u00f3kat, hogy melegs\u00e9get vigy\u00e9l a t\u00e9rbe. Dobj n\u00e9h\u00e1ny leveles mint\u00e1j\u00fa p\u00e1rn\u00e1t a semleges sz\u00edn\u0171 kanap\u00e9ra, \u00e9s \u00e1ll\u00edts k\u00fcl\u00f6nf\u00e9le magasban z\u00f6ld n\u00f6v\u00e9nyeket. F\u00e1b\u00f3l k\u00e9sz\u00fclt r\u00e9szletekkel \u00e9s vir\u00e1gmint\u00e1s f\u00fcgg\u00f6nnyel lesz igaz\u00e1n friss\u00edt\u0151 ez a mened\u00e9k.<\/p>\n<h2>M\u00e9lyz\u00f6ld nappali k\u00e9k kieg\u00e9sz\u00edt\u0151kkel<\/h2>\n<p><img loading=\"lazy\" decoding=\"async\" width=\"700\" height=\"1050\" alt=\"Eleg\u00e1ns nappali m\u00e9lyz\u00f6ld falakkal, fa doh\u00e1nyz\u00f3asztallal mint\u00e1s sz\u0151nyegen, k\u00e9k \u00e9s z\u00f6ld fotelekkel, \u00e9s k\u0151b\u0151l k\u00e9sz\u00fclt kandall\u00f3val, d\u00edsz\u00edtett p\u00e1rk\u00e1nnyal.\" class=\"aligncenter size-full wp-image-7526\" src=\"https:\/\/doubletakedecor.com\/uploads\/2025\/09\/green-room-decor-ideas-dtd-02.jpg\" srcset=\"https:\/\/doubletakedecor.com\/uploads\/2025\/09\/green-room-decor-ideas-dtd-02.jpg 700w, https:\/\/doubletakedecor.com\/uploads\/2025\/09\/green-room-decor-ideas-dtd-02-200x300.jpg 200w, https:\/\/doubletakedecor.com\/uploads\/2025\/09\/green-room-decor-ideas-dtd-02-683x1024.jpg 683w, https:\/\/doubletakedecor.com\/uploads\/2025\/09\/green-room-decor-ideas-dtd-02-96x144.jpg 96w, https:\/\/doubletakedecor.com\/uploads\/2025\/09\/green-room-decor-ideas-dtd-02-280x420.jpg 280w, https:\/\/doubletakedecor.com\/uploads\/2025\/09\/green-room-decor-ideas-dtd-02-320x480.jpg 320w, https:\/\/doubletakedecor.com\/uploads\/2025\/09\/green-room-decor-ideas-dtd-02-360x540.jpg 360w, https:\/\/doubletakedecor.com\/uploads\/2025\/09\/green-room-decor-ideas-dtd-02-363x545.jpg 363w, https:\/\/doubletakedecor.com\/uploads\/2025\/09\/green-room-decor-ideas-dtd-02-370x555.jpg 370w, https:\/\/doubletakedecor.com\/uploads\/2025\/09\/green-room-decor-ideas-dtd-02-400x600.jpg 400w, https:\/\/doubletakedecor.com\/uploads\/2025\/09\/green-room-decor-ideas-dtd-02-560x840.jpg 560w, https:\/\/doubletakedecor.com\/uploads\/2025\/09\/green-room-decor-ideas-dtd-02-480x720.jpg 480w\" sizes=\"auto, (max-width: 700px) 100vw, 700px\" \/><\/p>\n<p>Burkold otthonodat gazdag, m\u00e9lyz\u00f6ld falakkal, \u00edgy igaz\u00e1n hangulatos \u00e9s eleg\u00e1ns teret kapsz! Az \u00e9l\u00e9nk falakat remek\u00fcl ellens\u00falyozz\u00e1k vid\u00e1m, k\u00e9k \u00fcl\u0151b\u00fatorok. V\u00e1lassz mint\u00e1s sz\u0151nyeget, amely visszak\u00f6sz\u00f6n a szoba sz\u00edneib\u0151l. V\u00e9gezet\u00fcl d\u00edsz\u00edtsd a kandall\u00f3p\u00e1rk\u00e1nyt k\u00e9pekkel \u00e9s olyan kieg\u00e9sz\u00edt\u0151kkel, amelyek sz\u00ednben illenek a szob\u00e1hoz \u2014 \u00edgy minden r\u00e9szlet harmonikusan \u00f6sszeillik.<\/p>\n<h2>Luxus z\u00f6ldesk\u00e9k nappali<\/h2>\n<p><img loading=\"lazy\" decoding=\"async\" width=\"700\" height=\"1050\" alt=\"Eleg\u00e1ns nappali m\u00e9ly z\u00f6ldesk\u00e9k falakkal, smaragdz\u00f6ld b\u00e1rsony kanap\u00e9val, vintage fotellel, arany d\u00edsz\u00edt\u00e9sekkel \u00e9s kifinomult hangulattal.\" class=\"aligncenter size-full wp-image-7532\" src=\"https:\/\/doubletakedecor.com\/uploads\/2025\/09\/green-room-decor-ideas-dtd-03.jpg\" srcset=\"https:\/\/doubletakedecor.com\/uploads\/2025\/09\/green-room-decor-ideas-dtd-03.jpg 700w, https:\/\/doubletakedecor.com\/uploads\/2025\/09\/green-room-decor-ideas-dtd-03-200x300.jpg 200w, https:\/\/doubletakedecor.com\/uploads\/2025\/09\/green-room-decor-ideas-dtd-03-683x1024.jpg 683w, https:\/\/doubletakedecor.com\/uploads\/2025\/09\/green-room-decor-ideas-dtd-03-96x144.jpg 96w, https:\/\/doubletakedecor.com\/uploads\/2025\/09\/green-room-decor-ideas-dtd-03-280x420.jpg 280w, https:\/\/doubletakedecor.com\/uploads\/2025\/09\/green-room-decor-ideas-dtd-03-320x480.jpg 320w, https:\/\/doubletakedecor.com\/uploads\/2025\/09\/green-room-decor-ideas-dtd-03-360x540.jpg 360w, https:\/\/doubletakedecor.com\/uploads\/2025\/09\/green-room-decor-ideas-dtd-03-363x545.jpg 363w, https:\/\/doubletakedecor.com\/uploads\/2025\/09\/green-room-decor-ideas-dtd-03-370x555.jpg 370w, https:\/\/doubletakedecor.com\/uploads\/2025\/09\/green-room-decor-ideas-dtd-03-400x600.jpg 400w, https:\/\/doubletakedecor.com\/uploads\/2025\/09\/green-room-decor-ideas-dtd-03-560x840.jpg 560w, https:\/\/doubletakedecor.com\/uploads\/2025\/09\/green-room-decor-ideas-dtd-03-480x720.jpg 480w\" sizes=\"auto, (max-width: 700px) 100vw, 700px\" \/><\/p>\n<p>Hangulatos mened\u00e9ket teremthetsz, ha m\u00e9ly z\u00f6ldesk\u00e9k falakat kombin\u00e1lsz smaragdz\u00f6ld b\u00e1rsonykanap\u00e9val \u00e9s fotellel. Az \u00e9l\u00e9nk sz\u00ednek mellett f\u00e9nyes, f\u00e9mes kieg\u00e9sz\u00edt\u0151kre \u00e9s eleg\u00e1ns l\u00e1mp\u00e1kra is sz\u00fcks\u00e9ged lesz. Vastag, textur\u00e1lt sz\u0151nyegekkel \u00e9s mint\u00e1s f\u00fcgg\u00f6nnyel m\u00e9g izgalmasabb\u00e1 teheted a szob\u00e1t. Egy-egy vir\u00e1gos asztald\u00edsz frissess\u00e9get visz a t\u00e9rbe, \u00fagy, hogy v\u00e9gig egys\u00e9ges marad a hangulat.<\/p>\n<h2>\u00c9l\u00e9nk z\u00f6ld falpanelekkel<\/h2>\n<p><img loading=\"lazy\" decoding=\"async\" width=\"700\" height=\"1050\" alt=\"Nappali vibr\u00e1l\u00f3 z\u00f6ld paneles fallal, b\u00e9zs kanap\u00e9val, z\u00f6ld p\u00e1rn\u00e1kkal, feh\u00e9r doh\u00e1nyz\u00f3asztallal \u00e9s dekorat\u00edv kieg\u00e9sz\u00edt\u0151kkel.\" class=\"aligncenter size-full wp-image-7538\" src=\"https:\/\/doubletakedecor.com\/uploads\/2025\/09\/green-room-decor-ideas-dtd-04.jpg\" srcset=\"https:\/\/doubletakedecor.com\/uploads\/2025\/09\/green-room-decor-ideas-dtd-04.jpg 700w, https:\/\/doubletakedecor.com\/uploads\/2025\/09\/green-room-decor-ideas-dtd-04-200x300.jpg 200w, https:\/\/doubletakedecor.com\/uploads\/2025\/09\/green-room-decor-ideas-dtd-04-683x1024.jpg 683w, https:\/\/doubletakedecor.com\/uploads\/2025\/09\/green-room-decor-ideas-dtd-04-96x144.jpg 96w, https:\/\/doubletakedecor.com\/uploads\/2025\/09\/green-room-decor-ideas-dtd-04-280x420.jpg 280w, https:\/\/doubletakedecor.com\/uploads\/2025\/09\/green-room-decor-ideas-dtd-04-320x480.jpg 320w, https:\/\/doubletakedecor.com\/uploads\/2025\/09\/green-room-decor-ideas-dtd-04-360x540.jpg 360w, https:\/\/doubletakedecor.com\/uploads\/2025\/09\/green-room-decor-ideas-dtd-04-363x545.jpg 363w, https:\/\/doubletakedecor.com\/uploads\/2025\/09\/green-room-decor-ideas-dtd-04-370x555.jpg 370w, https:\/\/doubletakedecor.com\/uploads\/2025\/09\/green-room-decor-ideas-dtd-04-400x600.jpg 400w, https:\/\/doubletakedecor.com\/uploads\/2025\/09\/green-room-decor-ideas-dtd-04-560x840.jpg 560w, https:\/\/doubletakedecor.com\/uploads\/2025\/09\/green-room-decor-ideas-dtd-04-480x720.jpg 480w\" sizes=\"auto, (max-width: 700px) 100vw, 700px\" \/><\/p>\n<p>Adj karaktert a nappalinak egy mer\u00e9sz, z\u00f6ld falpanellel! Ehhez j\u00f3l passzolnak a vil\u00e1gos b\u00fatorok \u00e9s az elt\u00e9r\u0151 \u00e1rnyalat\u00fa z\u00f6ld p\u00e1rn\u00e1k. Vigy\u00e9l text\u00far\u00e1t a t\u00e9rbe \u00fcvegl\u00e1mp\u00e1kkal, mint\u00e1s sz\u0151nyeggel \u00e9s bekeretezett m\u0171alkot\u00e1sokkal. \u00cdgy egyszerre lesz eleg\u00e1ns \u00e9s vibr\u00e1l\u00f3 a szoba.<\/p>\n<h2>Z\u00f6ld nappali be\u00e9p\u00edtett polccal<\/h2>\n<p><img loading=\"lazy\" decoding=\"async\" width=\"700\" height=\"1050\" alt=\"Vibr\u00e1l\u00f3 z\u00f6ld nappali be\u00e9p\u00edtett polcokkal, sok term\u00e9szetes f\u00e9nnyel, fa doh\u00e1nyz\u00f3asztallal \u00e9s sz\u00ednes textilekkel, bar\u00e1ts\u00e1gos, st\u00edlusos hangulatban.\" class=\"aligncenter size-full wp-image-7544\" src=\"https:\/\/doubletakedecor.com\/uploads\/2025\/09\/green-room-decor-ideas-dtd-05.jpg\" srcset=\"https:\/\/doubletakedecor.com\/uploads\/2025\/09\/green-room-decor-ideas-dtd-05.jpg 700w, https:\/\/doubletakedecor.com\/uploads\/2025\/09\/green-room-decor-ideas-dtd-05-200x300.jpg 200w, https:\/\/doubletakedecor.com\/uploads\/2025\/09\/green-room-decor-ideas-dtd-05-683x1024.jpg 683w, https:\/\/doubletakedecor.com\/uploads\/2025\/09\/green-room-decor-ideas-dtd-05-96x144.jpg 96w, https:\/\/doubletakedecor.com\/uploads\/2025\/09\/green-room-decor-ideas-dtd-05-280x420.jpg 280w, https:\/\/doubletakedecor.com\/uploads\/2025\/09\/green-room-decor-ideas-dtd-05-320x480.jpg 320w, https:\/\/doubletakedecor.com\/uploads\/2025\/09\/green-room-decor-ideas-dtd-05-360x540.jpg 360w, https:\/\/doubletakedecor.com\/uploads\/2025\/09\/green-room-decor-ideas-dtd-05-363x545.jpg 363w, https:\/\/doubletakedecor.com\/uploads\/2025\/09\/green-room-decor-ideas-dtd-05-370x555.jpg 370w, https:\/\/doubletakedecor.com\/uploads\/2025\/09\/green-room-decor-ideas-dtd-05-400x600.jpg 400w, https:\/\/doubletakedecor.com\/uploads\/2025\/09\/green-room-decor-ideas-dtd-05-560x840.jpg 560w, https:\/\/doubletakedecor.com\/uploads\/2025\/09\/green-room-decor-ideas-dtd-05-480x720.jpg 480w\" sizes=\"auto, (max-width: 700px) 100vw, 700px\" \/><\/p>\n<p>A mer\u00e9sz z\u00f6ld falak mellett haszn\u00e1lj vil\u00e1gos, semleges b\u00fatorokat, mint p\u00e9ld\u00e1ul egy k\u00f6nnyed kanap\u00e9. Adj m\u00e9lys\u00e9get kontrasztos textilekkel \u00e9s fa elemekkel! A be\u00e9p\u00edtett polc el\u0151nye, hogy sok mindent elnyel, m\u00e9gis letisztult marad a berendez\u00e9s. Egy \u00e9l\u00e9nk sz\u0151nyeg \u00f6sszehozza a sz\u00ednek vil\u00e1g\u00e1t, \u00e9s megszil\u00e1rd\u00edtja a szoba k\u00f6zep\u00e9t.<\/p>\n<h2>Z\u00f6ldb\u00e1rsony kanap\u00e9s nappali<\/h2>\n<p><img loading=\"lazy\" decoding=\"async\" width=\"700\" height=\"1050\" alt=\"Eleg\u00e1ns nappali gazdag z\u00f6ld falakkal, kandall\u00f3val, z\u00f6ld b\u00e1rsony kanap\u00e9val, mint\u00e1s p\u00e1rn\u00e1kkal \u00e9s hozz\u00e1 ill\u0151 b\u00fatorokkal.\" class=\"aligncenter size-full wp-image-7550\" src=\"https:\/\/doubletakedecor.com\/uploads\/2025\/09\/green-room-decor-ideas-dtd-06.jpg\" srcset=\"https:\/\/doubletakedecor.com\/uploads\/2025\/09\/green-room-decor-ideas-dtd-06.jpg 700w, https:\/\/doubletakedecor.com\/uploads\/2025\/09\/green-room-decor-ideas-dtd-06-200x300.jpg 200w, https:\/\/doubletakedecor.com\/uploads\/2025\/09\/green-room-decor-ideas-dtd-06-683x1024.jpg 683w, https:\/\/doubletakedecor.com\/uploads\/2025\/09\/green-room-decor-ideas-dtd-06-96x144.jpg 96w, https:\/\/doubletakedecor.com\/uploads\/2025\/09\/green-room-decor-ideas-dtd-06-280x420.jpg 280w, https:\/\/doubletakedecor.com\/uploads\/2025\/09\/green-room-decor-ideas-dtd-06-320x480.jpg 320w, https:\/\/doubletakedecor.com\/uploads\/2025\/09\/green-room-decor-ideas-dtd-06-360x540.jpg 360w, https:\/\/doubletakedecor.com\/uploads\/2025\/09\/green-room-decor-ideas-dtd-06-363x545.jpg 363w, https:\/\/doubletakedecor.com\/uploads\/2025\/09\/green-room-decor-ideas-dtd-06-370x555.jpg 370w, https:\/\/doubletakedecor.com\/uploads\/2025\/09\/green-room-decor-ideas-dtd-06-400x600.jpg 400w, https:\/\/doubletakedecor.com\/uploads\/2025\/09\/green-room-decor-ideas-dtd-06-560x840.jpg 560w, https:\/\/doubletakedecor.com\/uploads\/2025\/09\/green-room-decor-ideas-dtd-06-480x720.jpg 480w\" sizes=\"auto, (max-width: 700px) 100vw, 700px\" \/><\/p>\n<p>Tedd a z\u00f6ld b\u00e1rsonykanap\u00e9t a nappali k\u00f6z\u00e9ppontj\u00e1v\u00e1! Ehhez j\u00f3l passzolnak vil\u00e1gosabb sz\u0151nyegek \u00e9s semleges sz\u00edn\u0171 falak is. Mint\u00e1s d\u00edszp\u00e1rn\u00e1kkal tov\u00e1bb fokozhatod a l\u00e1tv\u00e1nyt, \u00e9s kiemelheted egy vil\u00e1gos fotellel is a d\u00fas z\u00f6ld \u00e1rnyalatot. Az \u00fcvegasztalt d\u00edsz\u00edtsd p\u00e1r k\u00f6nyvvel \u00e9s kis cserepes n\u00f6v\u00e9nyekkel \u2014 \u00edgy term\u00e9szetes \u00e9s eleg\u00e1ns lesz az \u00f6sszhat\u00e1s.<\/p>\n<h2>Finom, mattz\u00f6ld fal\u00fa nappali<\/h2>\n<p><img loading=\"lazy\" decoding=\"async\" width=\"700\" height=\"1050\" alt=\"St\u00edlusos nappali puha z\u00f6ld falakkal, menta kanap\u00e9val, sz\u00ednes p\u00e1rn\u00e1kkal \u00e9s term\u00e9szetes dekor\u00e1ci\u00f3val, friss \u00e9s h\u00edvogat\u00f3 hangulatban.\" class=\"aligncenter size-full wp-image-7556\" src=\"https:\/\/doubletakedecor.com\/uploads\/2025\/09\/green-room-decor-ideas-dtd-07.jpg\" srcset=\"https:\/\/doubletakedecor.com\/uploads\/2025\/09\/green-room-decor-ideas-dtd-07.jpg 700w, https:\/\/doubletakedecor.com\/uploads\/2025\/09\/green-room-decor-ideas-dtd-07-200x300.jpg 200w, https:\/\/doubletakedecor.com\/uploads\/2025\/09\/green-room-decor-ideas-dtd-07-683x1024.jpg 683w, https:\/\/doubletakedecor.com\/uploads\/2025\/09\/green-room-decor-ideas-dtd-07-96x144.jpg 96w, https:\/\/doubletakedecor.com\/uploads\/2025\/09\/green-room-decor-ideas-dtd-07-280x420.jpg 280w, https:\/\/doubletakedecor.com\/uploads\/2025\/09\/green-room-decor-ideas-dtd-07-320x480.jpg 320w, https:\/\/doubletakedecor.com\/uploads\/2025\/09\/green-room-decor-ideas-dtd-07-360x540.jpg 360w, https:\/\/doubletakedecor.com\/uploads\/2025\/09\/green-room-decor-ideas-dtd-07-363x545.jpg 363w, https:\/\/doubletakedecor.com\/uploads\/2025\/09\/green-room-decor-ideas-dtd-07-370x555.jpg 370w, https:\/\/doubletakedecor.com\/uploads\/2025\/09\/green-room-decor-ideas-dtd-07-400x600.jpg 400w, https:\/\/doubletakedecor.com\/uploads\/2025\/09\/green-room-decor-ideas-dtd-07-560x840.jpg 560w, https:\/\/doubletakedecor.com\/uploads\/2025\/09\/green-room-decor-ideas-dtd-07-480x720.jpg 480w\" sizes=\"auto, (max-width: 700px) 100vw, 700px\" \/><\/p>\n<p>V\u00e1lassz visszafogott, mattz\u00f6ld falat, ha nyugodt \u00e9s b\u00e9k\u00e9s alapot szeretn\u00e9l a nappalidhoz. Eg\u00e9sz\u00edtsd ki ezt nat\u00far fa b\u00fatorokkal \u00e9s term\u00e9szetes sz\u0151nyegekkel. Sz\u00ednes, mint\u00e1s p\u00e1rn\u00e1kkal tudsz m\u00e9lys\u00e9get vinni a t\u00e9rbe. Rendezz el k\u00f6nyveket \u00e9s n\u00f6v\u00e9nyeket egy d\u00edszes l\u00e9tr\u00e1n vagy polcon, \u00edgy v\u00e1ltozatos, m\u00e9gis rendezett lesz a szoba.<\/p>\n<h2>Modern z\u00f6ld sarokkanap\u00e9s nappali<\/h2>\n<p><img loading=\"lazy\" decoding=\"async\" width=\"700\" height=\"1050\" alt=\"Modern nappali puha z\u00f6ld sarokkanap\u00e9val, sz\u00ednes d\u00edszp\u00e1rn\u00e1kkal, magas szoban\u00f6v\u00e9nnyel \u00e9s st\u00edlusos fa doh\u00e1nyz\u00f3asztallal.\" class=\"aligncenter size-full wp-image-7562\" src=\"https:\/\/doubletakedecor.com\/uploads\/2025\/09\/green-room-decor-ideas-dtd-08.jpg\" srcset=\"https:\/\/doubletakedecor.com\/uploads\/2025\/09\/green-room-decor-ideas-dtd-08.jpg 700w, https:\/\/doubletakedecor.com\/uploads\/2025\/09\/green-room-decor-ideas-dtd-08-200x300.jpg 200w, https:\/\/doubletakedecor.com\/uploads\/2025\/09\/green-room-decor-ideas-dtd-08-683x1024.jpg 683w, https:\/\/doubletakedecor.com\/uploads\/2025\/09\/green-room-decor-ideas-dtd-08-96x144.jpg 96w, https:\/\/doubletakedecor.com\/uploads\/2025\/09\/green-room-decor-ideas-dtd-08-280x420.jpg 280w, https:\/\/doubletakedecor.com\/uploads\/2025\/09\/green-room-decor-ideas-dtd-08-320x480.jpg 320w, https:\/\/doubletakedecor.com\/uploads\/2025\/09\/green-room-decor-ideas-dtd-08-360x540.jpg 360w, https:\/\/doubletakedecor.com\/uploads\/2025\/09\/green-room-decor-ideas-dtd-08-363x545.jpg 363w, https:\/\/doubletakedecor.com\/uploads\/2025\/09\/green-room-decor-ideas-dtd-08-370x555.jpg 370w, https:\/\/doubletakedecor.com\/uploads\/2025\/09\/green-room-decor-ideas-dtd-08-400x600.jpg 400w, https:\/\/doubletakedecor.com\/uploads\/2025\/09\/green-room-decor-ideas-dtd-08-560x840.jpg 560w, https:\/\/doubletakedecor.com\/uploads\/2025\/09\/green-room-decor-ideas-dtd-08-480x720.jpg 480w\" sizes=\"auto, (max-width: 700px) 100vw, 700px\" \/><\/p>\n<p>Egy felt\u0171n\u0151 z\u00f6ld sarokkanap\u00e9 azonnal berendezi a teret \u00e9s a figyelem k\u00f6z\u00e9ppontj\u00e1ba ker\u00fcl. Ehhez j\u00f3l illenek a vil\u00e1gos falak \u00e9s a sok term\u00e9szetes f\u00e9ny. K\u00fcl\u00f6nf\u00e9le d\u00edszp\u00e1rn\u00e1kkal \u00e9s mint\u00e1s sz\u0151nyeggel teheted izgalmasabb\u00e1 a szob\u00e1t. Egy magas szoban\u00f6v\u00e9ny m\u00e9g jobban kiemeli a z\u00f6ld tematika friss, leveg\u0151s hangulat\u00e1t.<\/p>\n<h2>Hangulatos z\u00f6ld olvas\u00f3kuck\u00f3 tet\u0151ablakkal<\/h2>\n<p><img loading=\"lazy\" decoding=\"async\" width=\"700\" height=\"1050\" alt=\"Hangulatos, z\u00f6ld fal\u00fa olvas\u00f3kuck\u00f3 tet\u0151vil\u00e1g\u00edt\u00e1ssal, sarokkanap\u00e9val, d\u00edszp\u00e1rn\u00e1kkal, fa polccal \u00e9s l\u00e1gy vil\u00e1g\u00edt\u00e1ssal a nyugodt, zavartalan pihen\u00e9shez.\" class=\"aligncenter size-full wp-image-7568\" src=\"https:\/\/doubletakedecor.com\/uploads\/2025\/09\/green-room-decor-ideas-dtd-09.jpg\" srcset=\"https:\/\/doubletakedecor.com\/uploads\/2025\/09\/green-room-decor-ideas-dtd-09.jpg 700w, https:\/\/doubletakedecor.com\/uploads\/2025\/09\/green-room-decor-ideas-dtd-09-200x300.jpg 200w, https:\/\/doubletakedecor.com\/uploads\/2025\/09\/green-room-decor-ideas-dtd-09-683x1024.jpg 683w, https:\/\/doubletakedecor.com\/uploads\/2025\/09\/green-room-decor-ideas-dtd-09-96x144.jpg 96w, https:\/\/doubletakedecor.com\/uploads\/2025\/09\/green-room-decor-ideas-dtd-09-280x420.jpg 280w, https:\/\/doubletakedecor.com\/uploads\/2025\/09\/green-room-decor-ideas-dtd-09-320x480.jpg 320w, https:\/\/doubletakedecor.com\/uploads\/2025\/09\/green-room-decor-ideas-dtd-09-360x540.jpg 360w, https:\/\/doubletakedecor.com\/uploads\/2025\/09\/green-room-decor-ideas-dtd-09-363x545.jpg 363w, https:\/\/doubletakedecor.com\/uploads\/2025\/09\/green-room-decor-ideas-dtd-09-370x555.jpg 370w, https:\/\/doubletakedecor.com\/uploads\/2025\/09\/green-room-decor-ideas-dtd-09-400x600.jpg 400w, https:\/\/doubletakedecor.com\/uploads\/2025\/09\/green-room-decor-ideas-dtd-09-560x840.jpg 560w, https:\/\/doubletakedecor.com\/uploads\/2025\/09\/green-room-decor-ideas-dtd-09-480x720.jpg 480w\" sizes=\"auto, (max-width: 700px) 100vw, 700px\" \/><\/p>\n<p>Haszn\u00e1ld ki a ferde mennyezetet \u00fagy, hogy z\u00f6ld fal\u00fa olvas\u00f3kuck\u00f3t alak\u00edtasz ki alatta! A kanap\u00e9t helyezd tet\u0151ablak al\u00e1, hogy term\u00e9szetes f\u00e9ny \u00e1radjon be. Puha, v\u00e1ltozatos p\u00e1rn\u00e1kkal tehetsz r\u00f3la, hogy igaz\u00e1n k\u00e9nyelmes legyen. Egy kis fa polc t\u00f6k\u00e9letes a k\u00f6nyveknek \u00e9s a kedvenc d\u00edszt\u00e1rgyaknak. Egy asztali l\u00e1mp\u00e1val est\u00e9nk\u00e9nt is kellemess\u00e9 teheted a hangulatot. Ez a kis zug egyszerre k\u00e9nyelmes \u00e9s praktikus olyan helyeken is, ahol kev\u00e9sb\u00e9 egyenesek a falak.<\/p>\n<h2>Eleg\u00e1ns, z\u00f6ld t\u00f3nus\u00fa nappali<\/h2>\n<p><img loading=\"lazy\" decoding=\"async\" width=\"700\" height=\"1050\" alt=\"Ol\u00edvaz\u00f6ld kanap\u00e9 vil\u00e1gos, napf\u00e9nyes szob\u00e1ban z\u00f6ld falakkal, arany d\u00edsz\u00edt\u00e9sekkel \u00e9s szoban\u00f6v\u00e9nyekkel, nyugodt, term\u00e9szetes hangulatban.\" class=\"aligncenter size-full wp-image-7574\" src=\"https:\/\/doubletakedecor.com\/uploads\/2025\/09\/green-room-decor-ideas-dtd-10.jpg\" srcset=\"https:\/\/doubletakedecor.com\/uploads\/2025\/09\/green-room-decor-ideas-dtd-10.jpg 700w, https:\/\/doubletakedecor.com\/uploads\/2025\/09\/green-room-decor-ideas-dtd-10-200x300.jpg 200w, https:\/\/doubletakedecor.com\/uploads\/2025\/09\/green-room-decor-ideas-dtd-10-683x1024.jpg 683w, https:\/\/doubletakedecor.com\/uploads\/2025\/09\/green-room-decor-ideas-dtd-10-96x144.jpg 96w, https:\/\/doubletakedecor.com\/uploads\/2025\/09\/green-room-decor-ideas-dtd-10-280x420.jpg 280w, https:\/\/doubletakedecor.com\/uploads\/2025\/09\/green-room-decor-ideas-dtd-10-320x480.jpg 320w, https:\/\/doubletakedecor.com\/uploads\/2025\/09\/green-room-decor-ideas-dtd-10-360x540.jpg 360w, https:\/\/doubletakedecor.com\/uploads\/2025\/09\/green-room-decor-ideas-dtd-10-363x545.jpg 363w, https:\/\/doubletakedecor.com\/uploads\/2025\/09\/green-room-decor-ideas-dtd-10-370x555.jpg 370w, https:\/\/doubletakedecor.com\/uploads\/2025\/09\/green-room-decor-ideas-dtd-10-400x600.jpg 400w, https:\/\/doubletakedecor.com\/uploads\/2025\/09\/green-room-decor-ideas-dtd-10-560x840.jpg 560w, https:\/\/doubletakedecor.com\/uploads\/2025\/09\/green-room-decor-ideas-dtd-10-480x720.jpg 480w\" sizes=\"auto, (max-width: 700px) 100vw, 700px\" \/><\/p>\n<p>Nyugodt nappalit teremthetsz, ha k\u00fcl\u00f6nb\u00f6z\u0151 z\u00f6ld \u00e1rnyalatokat haszn\u00e1lsz a falakon \u00e9s a b\u00fatorokon. Az arany sz\u00edn\u0171 asztalok, l\u00e1bak vagy k\u00e9pkeretek eleg\u00e1ns \u00e9s sz\u00e9p befejez\u00e9st adnak a szob\u00e1nak. P\u00e1r puha, mint\u00e1s d\u00edszp\u00e1rna \u00e9s j\u00f3l elhelyezett szoban\u00f6v\u00e9ny tov\u00e1bb er\u0151s\u00edtik a term\u00e9szetes t\u00e9m\u00e1t, mik\u00f6zben megmarad a kifinomult hangulat.<\/p>\n<h2>Z\u00f6ld falak klasszikus b\u00fatorokkal<\/h2>\n<p><img loading=\"lazy\" decoding=\"async\" width=\"700\" height=\"1050\" alt=\"Egy hangulatos sarok tompa z\u00f6ld falakkal, k\u00e9k fotellel \u00e9s kandall\u00f3val \u2013 nyugodt olvas\u00f3sarok term\u00e9szetes elemekkel.\" class=\"aligncenter size-full wp-image-7580\" src=\"https:\/\/doubletakedecor.com\/uploads\/2025\/09\/green-room-decor-ideas-dtd-11.jpg\" srcset=\"https:\/\/doubletakedecor.com\/uploads\/2025\/09\/green-room-decor-ideas-dtd-11.jpg 700w, https:\/\/doubletakedecor.com\/uploads\/2025\/09\/green-room-decor-ideas-dtd-11-200x300.jpg 200w, https:\/\/doubletakedecor.com\/uploads\/2025\/09\/green-room-decor-ideas-dtd-11-683x1024.jpg 683w, https:\/\/doubletakedecor.com\/uploads\/2025\/09\/green-room-decor-ideas-dtd-11-96x144.jpg 96w, https:\/\/doubletakedecor.com\/uploads\/2025\/09\/green-room-decor-ideas-dtd-11-280x420.jpg 280w, https:\/\/doubletakedecor.com\/uploads\/2025\/09\/green-room-decor-ideas-dtd-11-320x480.jpg 320w, https:\/\/doubletakedecor.com\/uploads\/2025\/09\/green-room-decor-ideas-dtd-11-360x540.jpg 360w, https:\/\/doubletakedecor.com\/uploads\/2025\/09\/green-room-decor-ideas-dtd-11-363x545.jpg 363w, https:\/\/doubletakedecor.com\/uploads\/2025\/09\/green-room-decor-ideas-dtd-11-370x555.jpg 370w, https:\/\/doubletakedecor.com\/uploads\/2025\/09\/green-room-decor-ideas-dtd-11-400x600.jpg 400w, https:\/\/doubletakedecor.com\/uploads\/2025\/09\/green-room-decor-ideas-dtd-11-560x840.jpg 560w, https:\/\/doubletakedecor.com\/uploads\/2025\/09\/green-room-decor-ideas-dtd-11-480x720.jpg 480w\" sizes=\"auto, (max-width: 700px) 100vw, 700px\" \/><\/p>\n<p>Nyugtat\u00f3 hangulatot teremthetsz, ha tompa z\u00f6ld falakat vil\u00e1gosk\u00e9k fotellel p\u00e1ros\u00edtasz. Egy egyszer\u0171 v\u00e1z\u00e1ba z\u00f6ld \u00e1gakat tehetsz a kandall\u00f3d mell\u00e9, \u00edgy m\u00e9g term\u00e9szetesebb\u00e9 v\u00e1lik a t\u00e9r. A fa b\u00fatorok melegs\u00e9get adnak a sz\u00ednvil\u00e1gnak. Engedd be a term\u00e9szetes f\u00e9nyt, hogy a szoba m\u00e9g bar\u00e1ts\u00e1gosabb legyen.<\/p>\n<h2>Ol\u00edvaz\u00f6ld kanap\u00e9 n\u00f6v\u00e9nyes kieg\u00e9sz\u00edt\u0151kkel<\/h2>\n<p><img loading=\"lazy\" decoding=\"async\" width=\"700\" height=\"1050\" alt=\"St\u00edlusos nappali ol\u00edvaz\u00f6ld kanap\u00e9val, d\u00edszp\u00e1rn\u00e1kkal \u00e9s sok szoban\u00f6v\u00e9nnyel \u2013 nyugodt, term\u00e9szet ihlette t\u00e9r.\" class=\"aligncenter size-full wp-image-7586\" src=\"https:\/\/doubletakedecor.com\/uploads\/2025\/09\/green-room-decor-ideas-dtd-12.jpg\" srcset=\"https:\/\/doubletakedecor.com\/uploads\/2025\/09\/green-room-decor-ideas-dtd-12.jpg 700w, https:\/\/doubletakedecor.com\/uploads\/2025\/09\/green-room-decor-ideas-dtd-12-200x300.jpg 200w, https:\/\/doubletakedecor.com\/uploads\/2025\/09\/green-room-decor-ideas-dtd-12-683x1024.jpg 683w, https:\/\/doubletakedecor.com\/uploads\/2025\/09\/green-room-decor-ideas-dtd-12-96x144.jpg 96w, https:\/\/doubletakedecor.com\/uploads\/2025\/09\/green-room-decor-ideas-dtd-12-280x420.jpg 280w, https:\/\/doubletakedecor.com\/uploads\/2025\/09\/green-room-decor-ideas-dtd-12-320x480.jpg 320w, https:\/\/doubletakedecor.com\/uploads\/2025\/09\/green-room-decor-ideas-dtd-12-360x540.jpg 360w, https:\/\/doubletakedecor.com\/uploads\/2025\/09\/green-room-decor-ideas-dtd-12-363x545.jpg 363w, https:\/\/doubletakedecor.com\/uploads\/2025\/09\/green-room-decor-ideas-dtd-12-370x555.jpg 370w, https:\/\/doubletakedecor.com\/uploads\/2025\/09\/green-room-decor-ideas-dtd-12-400x600.jpg 400w, https:\/\/doubletakedecor.com\/uploads\/2025\/09\/green-room-decor-ideas-dtd-12-560x840.jpg 560w, https:\/\/doubletakedecor.com\/uploads\/2025\/09\/green-room-decor-ideas-dtd-12-480x720.jpg 480w\" sizes=\"auto, (max-width: 700px) 100vw, 700px\" \/><\/p>\n<p>Nyugodt nappalit var\u00e1zsolhatsz egy ol\u00edvaz\u00f6ld kanap\u00e9val \u00e9s sok n\u00f6v\u00e9nnyel. Helyezz el k\u00fcl\u00f6nb\u00f6z\u0151 m\u00e9ret\u0171 n\u00f6v\u00e9nyeket, hogy izgalmasabb legyen a l\u00e1tv\u00e1ny. Egyszer\u0171 b\u00fatorokkal \u00e9s term\u00e9szetes fa r\u00e9szletekkel ellens\u00falyozd a z\u00f6ldet. P\u00e1rn\u00e1k teszik k\u00e9nyelmess\u00e9 a kanap\u00e9t. \u00cdgy term\u00e9szetes, eleg\u00e1ns hangulatot alak\u00edthatsz ki otthon.<\/p>\n<h2>Z\u00f6ld hangs\u00falyfal a nappaliban<\/h2>\n<p><img loading=\"lazy\" decoding=\"async\" width=\"700\" height=\"1050\" alt=\"St\u00edlusos nappali \u00e9l\u00e9nk z\u00f6ld hangs\u00falyfallal, barna b\u0151rkanap\u00e9val \u00e9s n\u00f6v\u00e9nyes dekorral.\" class=\"aligncenter size-full wp-image-7592\" src=\"https:\/\/doubletakedecor.com\/uploads\/2025\/09\/green-room-decor-ideas-dtd-13.jpg\" srcset=\"https:\/\/doubletakedecor.com\/uploads\/2025\/09\/green-room-decor-ideas-dtd-13.jpg 700w, https:\/\/doubletakedecor.com\/uploads\/2025\/09\/green-room-decor-ideas-dtd-13-200x300.jpg 200w, https:\/\/doubletakedecor.com\/uploads\/2025\/09\/green-room-decor-ideas-dtd-13-683x1024.jpg 683w, https:\/\/doubletakedecor.com\/uploads\/2025\/09\/green-room-decor-ideas-dtd-13-96x144.jpg 96w, https:\/\/doubletakedecor.com\/uploads\/2025\/09\/green-room-decor-ideas-dtd-13-280x420.jpg 280w, https:\/\/doubletakedecor.com\/uploads\/2025\/09\/green-room-decor-ideas-dtd-13-320x480.jpg 320w, https:\/\/doubletakedecor.com\/uploads\/2025\/09\/green-room-decor-ideas-dtd-13-360x540.jpg 360w, https:\/\/doubletakedecor.com\/uploads\/2025\/09\/green-room-decor-ideas-dtd-13-363x545.jpg 363w, https:\/\/doubletakedecor.com\/uploads\/2025\/09\/green-room-decor-ideas-dtd-13-370x555.jpg 370w, https:\/\/doubletakedecor.com\/uploads\/2025\/09\/green-room-decor-ideas-dtd-13-400x600.jpg 400w, https:\/\/doubletakedecor.com\/uploads\/2025\/09\/green-room-decor-ideas-dtd-13-560x840.jpg 560w, https:\/\/doubletakedecor.com\/uploads\/2025\/09\/green-room-decor-ideas-dtd-13-480x720.jpg 480w\" sizes=\"auto, (max-width: 700px) 100vw, 700px\" \/><\/p>\n<p>Egy s\u00f6t\u00e9t smaragdz\u00f6ld fal remek k\u00f6z\u00e9ppontja lehet a nappalidnak. V\u00e1lassz hozz\u00e1 semleges sz\u00edn\u0171 b\u00fatorokat \u00e9s puha p\u00e1rn\u00e1kat, n\u00f6v\u00e9ny mot\u00edvum\u00fa k\u00e9pekkel kieg\u00e9sz\u00edtve. N\u00f6v\u00e9nyekkel fokozhatod a term\u00e9szetes hat\u00e1st. A polcokon k\u00fcl\u00f6nb\u00f6z\u0151 magass\u00e1g\u00fa t\u00e1rgyakat helyezz el, hogy \u00e9rdekes legyen az \u00f6sszhat\u00e1s, m\u00e9gis minden j\u00f3l illeszkedjen egym\u00e1shoz.<\/p>\n<h2>B\u00e1tran z\u00f6ld falak r\u00f3zsasz\u00edn kieg\u00e9sz\u00edt\u0151kkel<\/h2>\n<p><img loading=\"lazy\" decoding=\"async\" width=\"700\" height=\"1050\" alt=\"Modern nappali \u00e9l\u00e9nk z\u00f6ld falakkal, r\u00f3zsasz\u00edn kanap\u00e9val, n\u00f6v\u00e9nyes k\u00e9pekkel \u2013 vid\u00e1m, friss hangulat.\" class=\"aligncenter size-full wp-image-7598\" src=\"https:\/\/doubletakedecor.com\/uploads\/2025\/09\/green-room-decor-ideas-dtd-14.jpg\" srcset=\"https:\/\/doubletakedecor.com\/uploads\/2025\/09\/green-room-decor-ideas-dtd-14.jpg 700w, https:\/\/doubletakedecor.com\/uploads\/2025\/09\/green-room-decor-ideas-dtd-14-200x300.jpg 200w, https:\/\/doubletakedecor.com\/uploads\/2025\/09\/green-room-decor-ideas-dtd-14-683x1024.jpg 683w, https:\/\/doubletakedecor.com\/uploads\/2025\/09\/green-room-decor-ideas-dtd-14-96x144.jpg 96w, https:\/\/doubletakedecor.com\/uploads\/2025\/09\/green-room-decor-ideas-dtd-14-280x420.jpg 280w, https:\/\/doubletakedecor.com\/uploads\/2025\/09\/green-room-decor-ideas-dtd-14-320x480.jpg 320w, https:\/\/doubletakedecor.com\/uploads\/2025\/09\/green-room-decor-ideas-dtd-14-360x540.jpg 360w, https:\/\/doubletakedecor.com\/uploads\/2025\/09\/green-room-decor-ideas-dtd-14-363x545.jpg 363w, https:\/\/doubletakedecor.com\/uploads\/2025\/09\/green-room-decor-ideas-dtd-14-370x555.jpg 370w, https:\/\/doubletakedecor.com\/uploads\/2025\/09\/green-room-decor-ideas-dtd-14-400x600.jpg 400w, https:\/\/doubletakedecor.com\/uploads\/2025\/09\/green-room-decor-ideas-dtd-14-560x840.jpg 560w, https:\/\/doubletakedecor.com\/uploads\/2025\/09\/green-room-decor-ideas-dtd-14-480x720.jpg 480w\" sizes=\"auto, (max-width: 700px) 100vw, 700px\" \/><\/p>\n<p>Dobj fel egy z\u00f6ld szob\u00e1t r\u00f3zsasz\u00edn b\u00fatorokkal a friss kontraszt\u00e9rt. Tartsd meg az egyens\u00falyt feh\u00e9r k\u00e9pkeretekkel \u00e9s egy semleges sz\u0151nyeggel, amin apr\u00f3 z\u00f6ld r\u00e9szletek jelennek meg. Tegy\u00e9l hasonl\u00f3 p\u00e1rn\u00e1kat a f\u0151b\u00fatorra, \u00e9s eg\u00e9sz\u00edtsd ki \u00e9l\u0151 n\u00f6v\u00e9nnyel, hogy mindenhol \u00e9rezhet\u0151 legyen a term\u00e9szet ihlette hangulat.<\/p>\n<h2>Z\u00f6ld dolgoz\u00f3sarok otthon<\/h2>\n<p><img loading=\"lazy\" decoding=\"async\" width=\"700\" height=\"1050\" alt=\"Otthonos z\u00f6ld dolgoz\u00f3sarok s\u00f6t\u00e9t fa \u00edr\u00f3asztallal, b\u0151r sz\u00e9kkel, absztrakt k\u00e9pekkel \u00e9s ablakon be\u00e1raml\u00f3 f\u00e9nnyel.\" class=\"aligncenter size-full wp-image-7604\" src=\"https:\/\/doubletakedecor.com\/uploads\/2025\/09\/green-room-decor-ideas-dtd-15.jpg\" srcset=\"https:\/\/doubletakedecor.com\/uploads\/2025\/09\/green-room-decor-ideas-dtd-15.jpg 700w, https:\/\/doubletakedecor.com\/uploads\/2025\/09\/green-room-decor-ideas-dtd-15-200x300.jpg 200w, https:\/\/doubletakedecor.com\/uploads\/2025\/09\/green-room-decor-ideas-dtd-15-683x1024.jpg 683w, https:\/\/doubletakedecor.com\/uploads\/2025\/09\/green-room-decor-ideas-dtd-15-96x144.jpg 96w, https:\/\/doubletakedecor.com\/uploads\/2025\/09\/green-room-decor-ideas-dtd-15-280x420.jpg 280w, https:\/\/doubletakedecor.com\/uploads\/2025\/09\/green-room-decor-ideas-dtd-15-320x480.jpg 320w, https:\/\/doubletakedecor.com\/uploads\/2025\/09\/green-room-decor-ideas-dtd-15-360x540.jpg 360w, https:\/\/doubletakedecor.com\/uploads\/2025\/09\/green-room-decor-ideas-dtd-15-363x545.jpg 363w, https:\/\/doubletakedecor.com\/uploads\/2025\/09\/green-room-decor-ideas-dtd-15-370x555.jpg 370w, https:\/\/doubletakedecor.com\/uploads\/2025\/09\/green-room-decor-ideas-dtd-15-400x600.jpg 400w, https:\/\/doubletakedecor.com\/uploads\/2025\/09\/green-room-decor-ideas-dtd-15-560x840.jpg 560w, https:\/\/doubletakedecor.com\/uploads\/2025\/09\/green-room-decor-ideas-dtd-15-480x720.jpg 480w\" sizes=\"auto, (max-width: 700px) 100vw, 700px\" \/><\/p>\n<p>Hat\u00e9konyan dolgozhatsz, ha m\u00e9lyz\u00f6ld falakat s\u00f6t\u00e9t mennyezettel p\u00e1ros\u00edtasz, \u00edgy t\u00e1gasabbnak t\u0171nik a sarok. F\u00e1b\u00f3l k\u00e9sz\u00fclt b\u00fatorok melegs\u00e9get, a b\u0151r r\u00e9szletek eleganci\u00e1t hoznak. Tegy\u00e9l a falra f\u00f6ldsz\u00edn\u0171 k\u00e9peket \u00e9s helyezz el kis n\u00f6v\u00e9nyeket az asztal k\u00f6zel\u00e9ben. Egy puha sz\u0151nyeg \u00e9s a term\u00e9szetes f\u00e9ny igaz\u00e1n k\u00e9nyelmess\u00e9 teheti a munkahelyedet.<\/p>\n<h2>Z\u00f6ld hangs\u00falyfal m\u0171v\u00e9szi dekorral<\/h2>\n<p><img loading=\"lazy\" decoding=\"async\" width=\"700\" height=\"1050\" alt=\"Hangulatos t\u00e9r z\u00f6ld hangs\u00falyfallal, bekeretezett k\u00e9pekkel, be\u00e9p\u00edtett polccal, n\u00f6v\u00e9nyekkel \u00e9s kanap\u00e9val sz\u00ednes p\u00e1rn\u00e1kkal.\" class=\"aligncenter size-full wp-image-7610\" src=\"https:\/\/doubletakedecor.com\/uploads\/2025\/09\/green-room-decor-ideas-dtd-16.jpg\" srcset=\"https:\/\/doubletakedecor.com\/uploads\/2025\/09\/green-room-decor-ideas-dtd-16.jpg 700w, https:\/\/doubletakedecor.com\/uploads\/2025\/09\/green-room-decor-ideas-dtd-16-200x300.jpg 200w, https:\/\/doubletakedecor.com\/uploads\/2025\/09\/green-room-decor-ideas-dtd-16-683x1024.jpg 683w, https:\/\/doubletakedecor.com\/uploads\/2025\/09\/green-room-decor-ideas-dtd-16-96x144.jpg 96w, https:\/\/doubletakedecor.com\/uploads\/2025\/09\/green-room-decor-ideas-dtd-16-280x420.jpg 280w, https:\/\/doubletakedecor.com\/uploads\/2025\/09\/green-room-decor-ideas-dtd-16-320x480.jpg 320w, https:\/\/doubletakedecor.com\/uploads\/2025\/09\/green-room-decor-ideas-dtd-16-360x540.jpg 360w, https:\/\/doubletakedecor.com\/uploads\/2025\/09\/green-room-decor-ideas-dtd-16-363x545.jpg 363w, https:\/\/doubletakedecor.com\/uploads\/2025\/09\/green-room-decor-ideas-dtd-16-370x555.jpg 370w, https:\/\/doubletakedecor.com\/uploads\/2025\/09\/green-room-decor-ideas-dtd-16-400x600.jpg 400w, https:\/\/doubletakedecor.com\/uploads\/2025\/09\/green-room-decor-ideas-dtd-16-560x840.jpg 560w, https:\/\/doubletakedecor.com\/uploads\/2025\/09\/green-room-decor-ideas-dtd-16-480x720.jpg 480w\" sizes=\"auto, (max-width: 700px) 100vw, 700px\" \/><\/p>\n<p>Izgalmas, k\u00f6zponti r\u00e9szt alkothatsz \u00fagy, ha \u00e9l\u00e9nk z\u00f6ld falra rendezett k\u00e9peket akasztasz. Semleges b\u00fatorokkal \u00e9s vid\u00e1m mint\u00e1j\u00fa text\u00edli\u00e1kkal egyens\u00falyozd a fal sz\u00edn\u00e9t. A polcokon k\u00fcl\u00f6nb\u00f6z\u0151 magass\u00e1g\u00fa t\u00e1rgyakkal \u00e9s n\u00f6v\u00e9nyekkel teremts v\u00e1ltozatoss\u00e1got, \u00e9s vidd be a term\u00e9szet sz\u00edneit.<\/p>\n<h2>Z\u00f6ld fal\u00fa nappali fa gerend\u00e1kkal<\/h2>\n<p><img loading=\"lazy\" decoding=\"async\" width=\"700\" height=\"1050\" alt=\"Modern nappali \u00e9l\u00e9nk z\u00f6ld falakkal, ol\u00edvaz\u00f6ld mennyezettel \u00e9s fa gerend\u00e1kkal, z\u00f6ld kanap\u00e9val \u00e9s d\u00edszp\u00e1rn\u00e1kkal.\" class=\"aligncenter size-full wp-image-7616\" src=\"https:\/\/doubletakedecor.com\/uploads\/2025\/09\/green-room-decor-ideas-dtd-17.jpg\" srcset=\"https:\/\/doubletakedecor.com\/uploads\/2025\/09\/green-room-decor-ideas-dtd-17.jpg 700w, https:\/\/doubletakedecor.com\/uploads\/2025\/09\/green-room-decor-ideas-dtd-17-200x300.jpg 200w, https:\/\/doubletakedecor.com\/uploads\/2025\/09\/green-room-decor-ideas-dtd-17-683x1024.jpg 683w, https:\/\/doubletakedecor.com\/uploads\/2025\/09\/green-room-decor-ideas-dtd-17-96x144.jpg 96w, https:\/\/doubletakedecor.com\/uploads\/2025\/09\/green-room-decor-ideas-dtd-17-280x420.jpg 280w, https:\/\/doubletakedecor.com\/uploads\/2025\/09\/green-room-decor-ideas-dtd-17-320x480.jpg 320w, https:\/\/doubletakedecor.com\/uploads\/2025\/09\/green-room-decor-ideas-dtd-17-360x540.jpg 360w, https:\/\/doubletakedecor.com\/uploads\/2025\/09\/green-room-decor-ideas-dtd-17-363x545.jpg 363w, https:\/\/doubletakedecor.com\/uploads\/2025\/09\/green-room-decor-ideas-dtd-17-370x555.jpg 370w, https:\/\/doubletakedecor.com\/uploads\/2025\/09\/green-room-decor-ideas-dtd-17-400x600.jpg 400w, https:\/\/doubletakedecor.com\/uploads\/2025\/09\/green-room-decor-ideas-dtd-17-560x840.jpg 560w, https:\/\/doubletakedecor.com\/uploads\/2025\/09\/green-room-decor-ideas-dtd-17-480x720.jpg 480w\" sizes=\"auto, (max-width: 700px) 100vw, 700px\" \/><\/p>\n<p>Ha z\u00f6ld falakat ol\u00edvaz\u00f6ld mennyezettel \u00e9s l\u00e1that\u00f3 fa gerend\u00e1kkal kombin\u00e1lsz, term\u00e9szetes, t\u00e1gas hat\u00e1st \u00e9rhetsz el. Semleges b\u00fatorokkal \u00e9s j\u00f3l elhelyezett d\u00edszt\u00e1rgyakkal oldd a s\u00f6t\u00e9t sz\u00ednek dr\u00e1mais\u00e1g\u00e1t. N\u00f6v\u00e9nyes k\u00e9pekkel eg\u00e9sz\u00edtsd ki a berendez\u00e9st, \u00e9s \u00fcgyelj arra, hogy el\u00e9g f\u00e9ny jusson a szob\u00e1ba, \u00edgy nem lesz t\u00fal s\u00f6t\u00e9t.<\/p>\n<h2>Eleg\u00e1ns nappali tompa z\u00f6lddel<\/h2>\n<p><img loading=\"lazy\" decoding=\"async\" width=\"700\" height=\"1049\" alt=\"Eleg\u00e1ns nappali tompa z\u00f6ld falakkal, b\u00e9zs kanap\u00e9val, fa doh\u00e1nyz\u00f3asztallal \u00e9s z\u00f6ld spalett\u00e1kkal, ahogy a napf\u00e9ny beragyog.\" class=\"aligncenter size-full wp-image-7622\" src=\"https:\/\/doubletakedecor.com\/uploads\/2025\/09\/green-room-decor-ideas-dtd-18.jpg\" srcset=\"https:\/\/doubletakedecor.com\/uploads\/2025\/09\/green-room-decor-ideas-dtd-18.jpg 700w, https:\/\/doubletakedecor.com\/uploads\/2025\/09\/green-room-decor-ideas-dtd-18-200x300.jpg 200w, https:\/\/doubletakedecor.com\/uploads\/2025\/09\/green-room-decor-ideas-dtd-18-683x1024.jpg 683w, https:\/\/doubletakedecor.com\/uploads\/2025\/09\/green-room-decor-ideas-dtd-18-96x144.jpg 96w, https:\/\/doubletakedecor.com\/uploads\/2025\/09\/green-room-decor-ideas-dtd-18-280x420.jpg 280w, https:\/\/doubletakedecor.com\/uploads\/2025\/09\/green-room-decor-ideas-dtd-18-320x480.jpg 320w, https:\/\/doubletakedecor.com\/uploads\/2025\/09\/green-room-decor-ideas-dtd-18-360x539.jpg 360w, https:\/\/doubletakedecor.com\/uploads\/2025\/09\/green-room-decor-ideas-dtd-18-363x544.jpg 363w, https:\/\/doubletakedecor.com\/uploads\/2025\/09\/green-room-decor-ideas-dtd-18-370x554.jpg 370w, https:\/\/doubletakedecor.com\/uploads\/2025\/09\/green-room-decor-ideas-dtd-18-400x599.jpg 400w, https:\/\/doubletakedecor.com\/uploads\/2025\/09\/green-room-decor-ideas-dtd-18-560x839.jpg 560w, https:\/\/doubletakedecor.com\/uploads\/2025\/09\/green-room-decor-ideas-dtd-18-480x719.jpg 480w\" sizes=\"auto, (max-width: 700px) 100vw, 700px\" \/><\/p>\n<p>L\u00e1gy z\u00f6ld falakkal \u00e9s sok term\u00e9szetes f\u00e9nnyel igazi nyugodt szigetet teremthetsz. Egy vil\u00e1gos kanap\u00e9 \u00e9s mint\u00e1s p\u00e1rn\u00e1k vizu\u00e1lis v\u00e1ltozatoss\u00e1got adnak. Fa b\u00fatorokkal, friss vir\u00e1gokkal m\u00e9g ink\u00e1bb kiemelheted a term\u00e9szetess\u00e9get. Okosan elhelyezett k\u00f6nyvespolcok egyszerre praktikusak \u00e9s d\u00edsz\u00edtenek. Ez az \u00f6sszhat\u00e1s eleg\u00e1ns, m\u00e9gis k\u00e9nyelmes lesz.<\/p>\n<h2>F\u00e1s tap\u00e9t\u00e1s nappali<\/h2>\n<p><img loading=\"lazy\" decoding=\"async\" width=\"700\" height=\"1050\" alt=\"Letisztult nappali z\u00f6ld-feh\u00e9r fa mint\u00e1s tap\u00e9t\u00e1val, francia ajt\u00f3kkal a kert fel\u00e9, puha z\u00f6ld cs\u00edkos kanap\u00e9val \u00e9s p\u00e1rn\u00e1kkal.\" class=\"aligncenter size-full wp-image-7628\" src=\"https:\/\/doubletakedecor.com\/uploads\/2025\/09\/green-room-decor-ideas-dtd-19.jpg\" srcset=\"https:\/\/doubletakedecor.com\/uploads\/2025\/09\/green-room-decor-ideas-dtd-19.jpg 700w, https:\/\/doubletakedecor.com\/uploads\/2025\/09\/green-room-decor-ideas-dtd-19-200x300.jpg 200w, https:\/\/doubletakedecor.com\/uploads\/2025\/09\/green-room-decor-ideas-dtd-19-683x1024.jpg 683w, https:\/\/doubletakedecor.com\/uploads\/2025\/09\/green-room-decor-ideas-dtd-19-96x144.jpg 96w, https:\/\/doubletakedecor.com\/uploads\/2025\/09\/green-room-decor-ideas-dtd-19-280x420.jpg 280w, https:\/\/doubletakedecor.com\/uploads\/2025\/09\/green-room-decor-ideas-dtd-19-320x480.jpg 320w, https:\/\/doubletakedecor.com\/uploads\/2025\/09\/green-room-decor-ideas-dtd-19-360x540.jpg 360w, https:\/\/doubletakedecor.com\/uploads\/2025\/09\/green-room-decor-ideas-dtd-19-363x545.jpg 363w, https:\/\/doubletakedecor.com\/uploads\/2025\/09\/green-room-decor-ideas-dtd-19-370x555.jpg 370w, https:\/\/doubletakedecor.com\/uploads\/2025\/09\/green-room-decor-ideas-dtd-19-400x600.jpg 400w, https:\/\/doubletakedecor.com\/uploads\/2025\/09\/green-room-decor-ideas-dtd-19-560x840.jpg 560w, https:\/\/doubletakedecor.com\/uploads\/2025\/09\/green-room-decor-ideas-dtd-19-480x720.jpg 480w\" sizes=\"auto, (max-width: 700px) 100vw, 700px\" \/><\/p>\n<p>Dobd fel a szob\u00e1t egy term\u00e9szet ihlette mint\u00e1s tap\u00e9t\u00e1val, \u00edgy l\u00e1tv\u00e1nyos lesz a fal. Helyezz el egyszer\u0171, de eleg\u00e1ns b\u00fatorokat, \u00e9s puha z\u00f6ld k\u00e1rpitot haszn\u00e1lj. A p\u00e1rn\u00e1kban keverd a z\u00f6ldet a visszafogott sz\u00ednekkel. \u00dagy tedd le az \u00fcl\u0151b\u00fatorokat, hogy min\u00e9l t\u00f6bb term\u00e9szetes f\u00e9nyt kapjanak. Meleg, f\u00e9mes kieg\u00e9sz\u00edt\u0151kkel var\u00e1zsolhatsz extra eleganci\u00e1t.<\/p>\n<h2>Rusztikus h\u00e1l\u00f3 k\u00e9k mennyezettel<\/h2>\n<p><img loading=\"lazy\" decoding=\"async\" width=\"700\" height=\"1050\" alt=\"St\u00edlusos h\u00e1l\u00f3szoba magas, k\u00e9k mennyezettel, fa fallal, puha \u00e1ggyal \u00e9s sz\u00fcrke sarokkanap\u00e9val, term\u00e9szetes dekorral \u00e9s n\u00f6v\u00e9nyekkel.\" class=\"aligncenter size-full wp-image-7634\" src=\"https:\/\/doubletakedecor.com\/uploads\/2025\/09\/green-room-decor-ideas-dtd-20.jpg\" srcset=\"https:\/\/doubletakedecor.com\/uploads\/2025\/09\/green-room-decor-ideas-dtd-20.jpg 700w, https:\/\/doubletakedecor.com\/uploads\/2025\/09\/green-room-decor-ideas-dtd-20-200x300.jpg 200w, https:\/\/doubletakedecor.com\/uploads\/2025\/09\/green-room-decor-ideas-dtd-20-683x1024.jpg 683w, https:\/\/doubletakedecor.com\/uploads\/2025\/09\/green-room-decor-ideas-dtd-20-96x144.jpg 96w, https:\/\/doubletakedecor.com\/uploads\/2025\/09\/green-room-decor-ideas-dtd-20-280x420.jpg 280w, https:\/\/doubletakedecor.com\/uploads\/2025\/09\/green-room-decor-ideas-dtd-20-320x480.jpg 320w, https:\/\/doubletakedecor.com\/uploads\/2025\/09\/green-room-decor-ideas-dtd-20-360x540.jpg 360w, https:\/\/doubletakedecor.com\/uploads\/2025\/09\/green-room-decor-ideas-dtd-20-363x545.jpg 363w, https:\/\/doubletakedecor.com\/uploads\/2025\/09\/green-room-decor-ideas-dtd-20-370x555.jpg 370w, https:\/\/doubletakedecor.com\/uploads\/2025\/09\/green-room-decor-ideas-dtd-20-400x600.jpg 400w, https:\/\/doubletakedecor.com\/uploads\/2025\/09\/green-room-decor-ideas-dtd-20-560x840.jpg 560w, https:\/\/doubletakedecor.com\/uploads\/2025\/09\/green-room-decor-ideas-dtd-20-480x720.jpg 480w\" sizes=\"auto, (max-width: 700px) 100vw, 700px\" \/><\/p>\n<p>A leveg\u0151s, term\u00e9szetes hangulat\u00e9rt kombin\u00e1ld a bolt\u00edves, k\u00e9k mennyezetet gazdag fa burkolatokkal. Tedd egys\u00e9gess\u00e9 a st\u00edlust sokf\u00e9le text\u00far\u00e1j\u00fa p\u00e1rn\u00e1val az \u00e1gyon \u00e9s a kanap\u00e9n. V\u00e9kony f\u00fcgg\u00f6ny\u00f6kkel t\u00f6bb f\u00e9nyt engedhetsz be, mik\u00f6zben megmarad a priv\u00e1t szf\u00e9ra. Fonott b\u00fatorok \u00e9s cserepes n\u00f6v\u00e9nyek teszik teljess\u00e9 ezt a rusztikus-modern pihen\u0151helyet.<\/p>\n<h2>Z\u00f6ld dolgoz\u00f3szoba arany \u00edr\u00f3asztallal<\/h2>\n<p><img loading=\"lazy\" decoding=\"async\" width=\"700\" height=\"1050\" alt=\"Modern dolgoz\u00f3szoba m\u00e9lyz\u00f6ld falakkal, arany d\u00edsz\u00edt\u00e9s\u0171 \u00edr\u00f3asztallal, cserepes n\u00f6v\u00e9nnyel \u00e9s kort\u00e1rs b\u00fatorokkal.\" class=\"aligncenter size-full wp-image-7640\" src=\"https:\/\/doubletakedecor.com\/uploads\/2025\/09\/green-room-decor-ideas-dtd-21.jpg\" srcset=\"https:\/\/doubletakedecor.com\/uploads\/2025\/09\/green-room-decor-ideas-dtd-21.jpg 700w, https:\/\/doubletakedecor.com\/uploads\/2025\/09\/green-room-decor-ideas-dtd-21-200x300.jpg 200w, https:\/\/doubletakedecor.com\/uploads\/2025\/09\/green-room-decor-ideas-dtd-21-683x1024.jpg 683w, https:\/\/doubletakedecor.com\/uploads\/2025\/09\/green-room-decor-ideas-dtd-21-96x144.jpg 96w, https:\/\/doubletakedecor.com\/uploads\/2025\/09\/green-room-decor-ideas-dtd-21-280x420.jpg 280w, https:\/\/doubletakedecor.com\/uploads\/2025\/09\/green-room-decor-ideas-dtd-21-320x480.jpg 320w, https:\/\/doubletakedecor.com\/uploads\/2025\/09\/green-room-decor-ideas-dtd-21-360x540.jpg 360w, https:\/\/doubletakedecor.com\/uploads\/2025\/09\/green-room-decor-ideas-dtd-21-363x545.jpg 363w, https:\/\/doubletakedecor.com\/uploads\/2025\/09\/green-room-decor-ideas-dtd-21-370x555.jpg 370w, https:\/\/doubletakedecor.com\/uploads\/2025\/09\/green-room-decor-ideas-dtd-21-400x600.jpg 400w, https:\/\/doubletakedecor.com\/uploads\/2025\/09\/green-room-decor-ideas-dtd-21-560x840.jpg 560w, https:\/\/doubletakedecor.com\/uploads\/2025\/09\/green-room-decor-ideas-dtd-21-480x720.jpg 480w\" sizes=\"auto, (max-width: 700px) 100vw, 700px\" \/><\/p>\n<p>Eleg\u00e1ns dolgoz\u00f3sarkot alkothatsz m\u00e9lyz\u00f6ld falakkal \u00e9s f\u00e9mes r\u00e9szletekkel. Helyezd arany \u00edr\u00f3asztalodat a hangs\u00falyos falhoz, mell\u00e9 egy modern l\u00e1mp\u00e1t \u00e9s egy kis n\u00f6v\u00e9nyt is tegy\u00e9l. Egyszer\u0171, keretezett k\u00e9pekkel d\u00edsz\u00edtsd a teret, hogy ne legyen t\u00fal zs\u00fafolt. Egy sz\u00ednben harmoniz\u00e1l\u00f3 sz\u0151nyeg k\u00e9nyelmesebb\u00e9 \u00e9s \u00f6sszeszedettebb\u00e9 teszi a dolgoz\u00f3szob\u00e1t.<\/p>\n<h2>\u00c9l\u00e9nk nappali z\u00f6ld kieg\u00e9sz\u00edt\u0151kkel<\/h2>\n<p><img loading=\"lazy\" decoding=\"async\" width=\"700\" height=\"1050\" alt=\"Hangulatos nappali z\u00f6ld k\u00e9tszem\u00e9lyes kanap\u00e9val, vir\u00e1gos sz\u00f3f\u00e1val, fa doh\u00e1nyz\u00f3asztallal \u00e9s t\u00fcrkiz d\u00edszt\u00e1rgyakkal, lev\u00e9lmint\u00e1s f\u00fcgg\u00f6nnyel \u00e9s sok n\u00f6v\u00e9nnyel.\" class=\"aligncenter size-full wp-image-7646\" src=\"https:\/\/doubletakedecor.com\/uploads\/2025\/09\/green-room-decor-ideas-dtd-22.jpg\" srcset=\"https:\/\/doubletakedecor.com\/uploads\/2025\/09\/green-room-decor-ideas-dtd-22.jpg 700w, https:\/\/doubletakedecor.com\/uploads\/2025\/09\/green-room-decor-ideas-dtd-22-200x300.jpg 200w, https:\/\/doubletakedecor.com\/uploads\/2025\/09\/green-room-decor-ideas-dtd-22-683x1024.jpg 683w, https:\/\/doubletakedecor.com\/uploads\/2025\/09\/green-room-decor-ideas-dtd-22-96x144.jpg 96w, https:\/\/doubletakedecor.com\/uploads\/2025\/09\/green-room-decor-ideas-dtd-22-280x420.jpg 280w, https:\/\/doubletakedecor.com\/uploads\/2025\/09\/green-room-decor-ideas-dtd-22-320x480.jpg 320w, https:\/\/doubletakedecor.com\/uploads\/2025\/09\/green-room-decor-ideas-dtd-22-360x540.jpg 360w, https:\/\/doubletakedecor.com\/uploads\/2025\/09\/green-room-decor-ideas-dtd-22-363x545.jpg 363w, https:\/\/doubletakedecor.com\/uploads\/2025\/09\/green-room-decor-ideas-dtd-22-370x555.jpg 370w, https:\/\/doubletakedecor.com\/uploads\/2025\/09\/green-room-decor-ideas-dtd-22-400x600.jpg 400w, https:\/\/doubletakedecor.com\/uploads\/2025\/09\/green-room-decor-ideas-dtd-22-560x840.jpg 560w, https:\/\/doubletakedecor.com\/uploads\/2025\/09\/green-room-decor-ideas-dtd-22-480x720.jpg 480w\" sizes=\"auto, (max-width: 700px) 100vw, 700px\" \/><\/p>\n<p>Vegy\u00edtsd a m\u00e9lyz\u00f6ldet narancs \u00e9s s\u00e1rga \u00e1rnyalatokkal, hogy \u00e9letteli legyen a nappali. Vigy\u00e9l be sok n\u00f6v\u00e9nyt \u00e9s lev\u00e9lmint\u00e1s f\u00fcgg\u00f6nyt, \u00edgy val\u00f3ban term\u00e9szetk\u00f6zeli lesz a hangulat. A felt\u0171n\u0151 b\u00fatorokat vil\u00e1gos padl\u00f3val egyens\u00falyozd ki. Haszn\u00e1lj k\u00fcl\u00f6nb\u00f6z\u0151 anyag\u00fa p\u00e1rn\u00e1kat \u00e9s puffokat, hogy k\u00e9nyelmes \u00e9s izgalmas legyen a helyis\u00e9g.<\/p>\n<h2>Gy\u00e9m\u00e1ntmint\u00e1s z\u00f6ld hangs\u00falyfal<\/h2>\n<p><img loading=\"lazy\" decoding=\"async\" width=\"700\" height=\"1050\" alt=\"St\u00edlusos nappali gy\u00e9m\u00e1ntmint\u00e1s z\u00f6ld fallal, \u00edves sz\u00fcrke kanap\u00e9val, fa k\u00f6nyvespolccal \u00e9s klasszikus m\u00e1rv\u00e1ny kandall\u00f3val.\" class=\"aligncenter size-full wp-image-7652\" src=\"https:\/\/doubletakedecor.com\/uploads\/2025\/09\/green-room-decor-ideas-dtd-23.jpg\" srcset=\"https:\/\/doubletakedecor.com\/uploads\/2025\/09\/green-room-decor-ideas-dtd-23.jpg 700w, https:\/\/doubletakedecor.com\/uploads\/2025\/09\/green-room-decor-ideas-dtd-23-200x300.jpg 200w, https:\/\/doubletakedecor.com\/uploads\/2025\/09\/green-room-decor-ideas-dtd-23-683x1024.jpg 683w, https:\/\/doubletakedecor.com\/uploads\/2025\/09\/green-room-decor-ideas-dtd-23-96x144.jpg 96w, https:\/\/doubletakedecor.com\/uploads\/2025\/09\/green-room-decor-ideas-dtd-23-280x420.jpg 280w, https:\/\/doubletakedecor.com\/uploads\/2025\/09\/green-room-decor-ideas-dtd-23-320x480.jpg 320w, https:\/\/doubletakedecor.com\/uploads\/2025\/09\/green-room-decor-ideas-dtd-23-360x540.jpg 360w, https:\/\/doubletakedecor.com\/uploads\/2025\/09\/green-room-decor-ideas-dtd-23-363x545.jpg 363w, https:\/\/doubletakedecor.com\/uploads\/2025\/09\/green-room-decor-ideas-dtd-23-370x555.jpg 370w, https:\/\/doubletakedecor.com\/uploads\/2025\/09\/green-room-decor-ideas-dtd-23-400x600.jpg 400w, https:\/\/doubletakedecor.com\/uploads\/2025\/09\/green-room-decor-ideas-dtd-23-560x840.jpg 560w, https:\/\/doubletakedecor.com\/uploads\/2025\/09\/green-room-decor-ideas-dtd-23-480x720.jpg 480w\" sizes=\"auto, (max-width: 700px) 100vw, 700px\" \/><\/p>\n<p>Tedd k\u00fcl\u00f6nlegess\u00e9 a szob\u00e1t egy gy\u00e9m\u00e1ntmint\u00e1s z\u00f6ld fallal, ami igaz\u00e1n felt\u0171n\u0151 lesz. Vil\u00e1gossz\u00fcrke kanap\u00e9val kiegyens\u00falyozhatod az \u00e9l\u00e9nk sz\u00ednt. Fa b\u00fatorokkal \u00e9s dekor\u00e1ci\u00f3val kellemes melegs\u00e9get viszel a t\u00e9rbe. K\u00e9pek \u00e9s k\u00f6nyvek szem\u00e9lyesebb\u00e9 teszik a helyis\u00e9get. A minta izgalmass\u00e1 teszi a szob\u00e1t, mik\u00f6zben meg\u0151rzi az eleg\u00e1ns, klasszikus hangulatot.<\/p>\n<h2>Rusztikus elegancia z\u00f6ld r\u00e9szletekkel<\/h2>\n<p><img loading=\"lazy\" decoding=\"async\" width=\"700\" height=\"1050\" alt=\"Meleg nappali fa gerend\u00e1kkal, z\u00f6ld f\u00fcgg\u00f6nnyel, k\u00e9nyelmes fotellel \u00e9s t\u00e9gl\u00e1s kandall\u00f3val.\" class=\"aligncenter size-full wp-image-7658\" src=\"https:\/\/doubletakedecor.com\/uploads\/2025\/09\/green-room-decor-ideas-dtd-24.jpg\" srcset=\"https:\/\/doubletakedecor.com\/uploads\/2025\/09\/green-room-decor-ideas-dtd-24.jpg 700w, https:\/\/doubletakedecor.com\/uploads\/2025\/09\/green-room-decor-ideas-dtd-24-200x300.jpg 200w, https:\/\/doubletakedecor.com\/uploads\/2025\/09\/green-room-decor-ideas-dtd-24-683x1024.jpg 683w, https:\/\/doubletakedecor.com\/uploads\/2025\/09\/green-room-decor-ideas-dtd-24-96x144.jpg 96w, https:\/\/doubletakedecor.com\/uploads\/2025\/09\/green-room-decor-ideas-dtd-24-280x420.jpg 280w, https:\/\/doubletakedecor.com\/uploads\/2025\/09\/green-room-decor-ideas-dtd-24-320x480.jpg 320w, https:\/\/doubletakedecor.com\/uploads\/2025\/09\/green-room-decor-ideas-dtd-24-360x540.jpg 360w, https:\/\/doubletakedecor.com\/uploads\/2025\/09\/green-room-decor-ideas-dtd-24-363x545.jpg 363w, https:\/\/doubletakedecor.com\/uploads\/2025\/09\/green-room-decor-ideas-dtd-24-370x555.jpg 370w, https:\/\/doubletakedecor.com\/uploads\/2025\/09\/green-room-decor-ideas-dtd-24-400x600.jpg 400w, https:\/\/doubletakedecor.com\/uploads\/2025\/09\/green-room-decor-ideas-dtd-24-560x840.jpg 560w, https:\/\/doubletakedecor.com\/uploads\/2025\/09\/green-room-decor-ideas-dtd-24-480x720.jpg 480w\" sizes=\"auto, (max-width: 700px) 100vw, 700px\" \/><\/p>\n<p>A fa gerend\u00e1kat puha z\u00f6ld f\u00fcgg\u00f6ny\u00f6kkel kombin\u00e1ld a f\u00f6ldsz\u00ednek harm\u00f3ni\u00e1j\u00e1\u00e9rt. Egy z\u00f6ld v\u00e1za benne \u00e9l\u00e9nk narancs vir\u00e1gokkal igaz\u00e1n figyelemfelkelt\u0151 d\u00edsz lehet az asztalon. A kandall\u00f3 k\u00f6r\u00fcli polcokon k\u00fcl\u00f6nb\u00f6z\u0151 magass\u00e1g\u00fa t\u00e1rgyakat helyezz el. Ez a megold\u00e1s melegs\u00e9get ad, mik\u00f6zben a z\u00f6ld r\u00e9szletek v\u00e9gig eleg\u00e1nsan megmaradnak.<\/p>\n<h2>Absztrakt m\u0171v\u00e9szet z\u00f6ld kieg\u00e9sz\u00edt\u0151kkel<\/h2>\n<p><img loading=\"lazy\" decoding=\"async\" width=\"700\" height=\"1050\" alt=\"St\u00edlusos kom\u00f3d z\u00f6ld absztrakt k\u00e9ppel, z\u00f6ld l\u00e1mp\u00e1val, g\u00f6mbd\u00edszekkel \u00e9s friss n\u00f6v\u00e9nyekkel \u2013 modern, eleg\u00e1ns \u00f6sszhat\u00e1s.\" class=\"aligncenter size-full wp-image-7664\" src=\"https:\/\/doubletakedecor.com\/uploads\/2025\/09\/green-room-decor-ideas-dtd-25.jpg\" srcset=\"https:\/\/doubletakedecor.com\/uploads\/2025\/09\/green-room-decor-ideas-dtd-25.jpg 700w, https:\/\/doubletakedecor.com\/uploads\/2025\/09\/green-room-decor-ideas-dtd-25-200x300.jpg 200w, https:\/\/doubletakedecor.com\/uploads\/2025\/09\/green-room-decor-ideas-dtd-25-683x1024.jpg 683w, https:\/\/doubletakedecor.com\/uploads\/2025\/09\/green-room-decor-ideas-dtd-25-96x144.jpg 96w, https:\/\/doubletakedecor.com\/uploads\/2025\/09\/green-room-decor-ideas-dtd-25-280x420.jpg 280w, https:\/\/doubletakedecor.com\/uploads\/2025\/09\/green-room-decor-ideas-dtd-25-320x480.jpg 320w, https:\/\/doubletakedecor.com\/uploads\/2025\/09\/green-room-decor-ideas-dtd-25-360x540.jpg 360w, https:\/\/doubletakedecor.com\/uploads\/2025\/09\/green-room-decor-ideas-dtd-25-363x545.jpg 363w, https:\/\/doubletakedecor.com\/uploads\/2025\/09\/green-room-decor-ideas-dtd-25-370x555.jpg 370w, https:\/\/doubletakedecor.com\/uploads\/2025\/09\/green-room-decor-ideas-dtd-25-400x600.jpg 400w, https:\/\/doubletakedecor.com\/uploads\/2025\/09\/green-room-decor-ideas-dtd-25-560x840.jpg 560w, https:\/\/doubletakedecor.com\/uploads\/2025\/09\/green-room-decor-ideas-dtd-25-480x720.jpg 480w\" sizes=\"auto, (max-width: 700px) 100vw, 700px\" \/><\/p>\n<p>Emeld ki a szoba z\u00f6ld hangulat\u00e1t gondosan \u00f6sszev\u00e1logatott absztrakt k\u00e9pekkel \u00e9s hozz\u00e1ill\u0151 dekor\u00e1ci\u00f3val. Az egyenes vonal\u00fa festm\u00e9nyeket text\u00far\u00e1lt kos\u00e1rral, \u00e9l\u00e9nk n\u00f6v\u00e9nyekkel teheted bar\u00e1ts\u00e1gosabb\u00e1. K\u00fcl\u00f6nb\u00f6z\u0151 alak\u00fa \u00e9s m\u00e9ret\u0171 szobrokkal lend\u00fcletet viszel a t\u00e9rbe. A magass\u00e1gok \u00e9s form\u00e1k v\u00e1ltozatoss\u00e1ga \u00e9l\u0151v\u00e9 \u00e9s izgalmass\u00e1 var\u00e1zsolja a fel\u00fcletet.<\/p>\n<h2>GYIK<\/h2>\n<details class=\"g-accordion \"><summary><h3>Milyen \u00f6tletek vannak egy z\u00f6ld szoba dekor\u00e1l\u00e1s\u00e1hoz?<\/h3><\/summary>\n<p>Ha bar\u00e1ts\u00e1gos z\u00f6ld szob\u00e1t szeretn\u00e9l, olyan elemeket \u00e9rdemes haszn\u00e1lni, amelyek kellemes hangulatot teremtenek. Egy z\u00f6ldre festett fal r\u00f6gt\u00f6n a figyelem k\u00f6z\u00e9ppontj\u00e1ba ker\u00fcl \u00e9s m\u00e9lys\u00e9get ad a t\u00e9rnek. Ehhez j\u00f3l illenek a hasonl\u00f3 \u00e1rnyalat\u00fa b\u00fatorok, p\u00e9ld\u00e1ul egy z\u00f6ld kanap\u00e9 vagy fotel, hogy egys\u00e9ges legyen az \u00f6sszhat\u00e1s. <strong>A dekor\u00e1ci\u00f3ban a n\u00f6v\u00e9nyek elengedhetetlenek: egyszerre teszik szebb\u00e9 a szob\u00e1t, jav\u00edtj\u00e1k a leveg\u0151t \u00e9s term\u00e9szetes \u00e9letet visznek a k\u00f6rnyezetbe.<\/strong><\/p>\n<p>Puhas\u00e1got \u00e9s frissess\u00e9get vihetsz a t\u00e9rbe z\u00f6ld p\u00e1rn\u00e1kkal vagy pl\u00e9dekkel. Ha egyszer\u0171, egysz\u00edn\u0171 megjelen\u00e9st szeretn\u00e9l, haszn\u00e1lj ugyanazt a z\u00f6ld t\u00f3nust a falakon, b\u00fatorokon \u00e9s kisebb kieg\u00e9sz\u00edt\u0151k\u00f6n is.<\/p>\n<p>K\u00fcl\u00f6nf\u00e9le z\u00f6ldek kombin\u00e1l\u00e1s\u00e1val teljesen m\u00e1s st\u00edlust \u00e9rhetsz el. A vil\u00e1gosz\u00f6ld sz\u00ednek feh\u00e9rrel vagy vil\u00e1gos f\u00e1val k\u00f6nny\u0171, t\u00e1gas \u00e9rzetet adnak, m\u00edg a s\u00f6t\u00e9tebb z\u00f6ldek otthonoss\u00e1got teremtenek. \u00c9rdekes karaktert \u00e9rhetsz el, ha mint\u00e1s anyagokkal vagy r\u00e9gi darabokkal vegy\u00edted a z\u00f6ld kieg\u00e9sz\u00edt\u0151ket.<\/p>\n<p>Ha eleg\u00e1nsabb hat\u00e1sra v\u00e1gysz, v\u00e1lassz arany vagy bronz d\u00edsz\u00edt\u0151elemeket mell\u00e9j\u00fck, \u00e9s term\u00e9szetes anyagokat, p\u00e9ld\u00e1ul f\u00e1t. A b\u00e1rsonyf\u00fcgg\u00f6ny k\u00fcl\u00f6nleges text\u00far\u00e1t ad, amivel m\u00e9g exkluz\u00edvabb lesz a szoba.<\/p>\n<p>Pr\u00f3b\u00e1ld ki az \u00e9l\u00e9nk dr\u00e1gak\u0151-z\u00f6ld sz\u00edneket, p\u00e9ld\u00e1ul a smaragdz\u00f6ldet, ha luxus\u00e9rzetre v\u00e1gysz. Ezeket az \u00f6tleteket vegy\u00edtve igaz\u00e1n v\u00e1ltozatos \u00e9s meghitt teret alak\u00edthatsz ki, ami teljesen t\u00fckr\u00f6zi a saj\u00e1t st\u00edlusod \u00e9s kiemeli a z\u00f6ld dekor\u00e1ci\u00f3 megnyugtat\u00f3 hangulat\u00e1t.<\/p>\n<\/details><details class=\"g-accordion \"><summary><h3>Milyen el\u0151nyei vannak a z\u00f6ld enteri\u0151rnek?<\/h3><\/summary>\n<p>A z\u00f6ld sz\u00ednek sz\u00e1mos el\u0151nnyel j\u00e1rnak, emiatt sokan v\u00e1lasztj\u00e1k ezt az otthondekor\u00e1ci\u00f3ban. <strong>A z\u00f6ld sz\u00ednt kapcsolatba hozz\u00e1k a b\u0151s\u00e9ggel<\/strong>, <strong>gy\u00f3gyul\u00e1ssal<\/strong>, <strong>\u00fajrakezd\u00e9ssel<\/strong> \u00e9s <strong>fejl\u0151d\u00e9ssel<\/strong>. Ez a sz\u00edn testi-lelki egyens\u00falyt \u00e9s frissess\u00e9get visz a terekbe, emiatt ide\u00e1lis olyan helyekre, ahol nyugalmat szeretn\u00e9nk teremteni.<\/p>\n<p>Bels\u0151\u00e9p\u00edt\u00e9szetben a z\u00f6ld harm\u00f3ni\u00e1t, egyens\u00falyt \u00e9s sz\u00e9ps\u00e9get ad a helyis\u00e9geknek. Sokf\u00e9le \u00e1rnyalata l\u00e9tezik: p\u00e9ld\u00e1ul a ragyog\u00f3 smaragd z\u00f6ld energikusabb hangulatot \u00e1raszt, m\u00edg a halv\u00e1ny zs\u00e1lyaz\u00f6ld nyugalmat hoz. <strong>A vil\u00e1gosabb z\u00f6ldek t\u00e1gasabb\u00e1, vil\u00e1gosabb\u00e1 teszik a szob\u00e1kat<\/strong>, m\u00edg a <strong>s\u00f6t\u00e9tebb z\u00f6ldek meghitt l\u00e9gk\u00f6rt teremtenek<\/strong>.<\/p>\n<p>Az \u00e9l\u0151 n\u00f6v\u00e9nyek nemcsak feldobj\u00e1k a helyis\u00e9get, de a leveg\u0151 min\u0151s\u00e9g\u00e9t is jav\u00edtj\u00e1k, eg\u00e9szs\u00e9gesebb kl\u00edm\u00e1t teremtve. Kisebb kieg\u00e9sz\u00edt\u0151kkel, mint a z\u00f6ld sz\u00edn\u0171 p\u00e1rn\u00e1k vagy sz\u0151nyegek, k\u00f6nnyen becsemp\u00e9szhetsz egy kis extra sz\u00ednt an\u00e9lk\u00fcl, hogy t\u00fal er\u0151ss\u00e9 v\u00e1lna az \u00f6sszhat\u00e1s.<\/p>\n<p>V\u00e9g\u00fcl a z\u00f6ld sz\u00ednek seg\u00edtenek abban, hogy k\u00f6zelebb \u00e9rezd magad a term\u00e9szethez, \u00e9s val\u00f3di nyugalmat teremtsenek otthonodban. Ha okosan v\u00e1lasztod ki az \u00e1rnyalatokat, \u00e9s \u00e9l\u0151, term\u00e9szetes elemeket haszn\u00e1lsz, a szob\u00e1k b\u00e9k\u00e9s, h\u00edvogat\u00f3 helyekk\u00e9 v\u00e1lnak.<\/p>\n<\/details><details class=\"g-accordion \"><summary><h3>Mit jelent a term\u00e9szet ihlette lakberendez\u00e9s?<\/h3><\/summary>\n<p>A term\u00e9szet sz\u00e9ps\u00e9g\u00e9t bevinni a lak\u00e1sba azt jelenti, hogy <strong>term\u00e9szet ihlette dekor\u00e1ci\u00f3t<\/strong> haszn\u00e1lsz. Ez mag\u00e1ba foglalja a z\u00f6ld n\u00f6v\u00e9nyeket, a f\u00f6ldsz\u00edneket \u00e9s term\u00e9szetes anyagokat, \u00edgy b\u00e9k\u00e9s, csendes szob\u00e1t teremthetsz vele. Ez a st\u00edlus \u00f6sszekapcsolja a belteret a term\u00e9szettel.<\/p>\n<ul>\n<li>a n\u00f6v\u00e9nyek feldobj\u00e1k a szob\u00e1t, \u00e9s m\u00e9g a leveg\u0151t is jav\u00edtj\u00e1k,<\/li>\n<li>a f\u00f6ldsz\u00ednek melegs\u00e9get \u00e9s otthonoss\u00e1got teremtenek,<\/li>\n<li>a fa vagy k\u0151, mint term\u00e9szetes anyagok, karaktert \u00e9s val\u00f3di hangulatot visznek b\u00e1rmely t\u00e9rbe.<\/li>\n<\/ul>\n<p>Ez a megk\u00f6zel\u00edt\u00e9s legink\u00e1bb a letisztults\u00e1gra \u00e9s a nyugalomra \u00e9p\u00edt, \u00edgy az otthonod igazi pihen\u0151helly\u00e9 v\u00e1lik, ahol <strong>t\u00fckr\u00f6z\u0151dik a term\u00e9szet csendje<\/strong>.<\/p>\n<\/details><details class=\"g-accordion \"><summary><h3>Hogyan dobj\u00e1k fel a szoban\u00f6v\u00e9nyek egy helyis\u00e9g hangulat\u00e1t?<\/h3><\/summary>\n<p>A z\u00f6ld n\u00f6v\u00e9nyek felt\u0171n\u0151en feldobj\u00e1k a szob\u00e1t: term\u00e9szetes b\u00e1jukkal megeleven\u00edtik a teret \u00e9s friss, \u00e9l\u00e9nk sz\u00edneket visznek be. A l\u00e1tv\u00e1nyuk mellett tiszt\u00edtj\u00e1k a leveg\u0151t, \u00edgy eg\u00e9szs\u00e9gesebb\u00e9 \u00e9s bar\u00e1ts\u00e1gosabb\u00e1 teszik a lak\u00e1st. Ha sokf\u00e9le n\u00f6v\u00e9nyt haszn\u00e1lsz, nyugodt, h\u00edvogat\u00f3 hangulatot teremthetsz ak\u00e1rhol.<\/p>\n<p>P\u00e9ld\u00e1ul <strong>p\u00e1fr\u00e1nyt<\/strong>, <strong>pozsg\u00e1sokat<\/strong> vagy <strong>fut\u00f3n\u00f6v\u00e9nyeket<\/strong> is v\u00e1laszthatsz \u2013 egy d\u00edszes kasp\u00f3ban vagy fali vir\u00e1gtart\u00f3ban igaz\u00e1n \u00e9rdekes text\u00far\u00e1kat hoznak l\u00e9tre. Ha m\u00e9g hangs\u00falyosabb\u00e1 szeretn\u00e9d tenni a n\u00f6v\u00e9nyeket, k\u00e9sz\u00edts vertik\u00e1lis kertet vagy pakolj tele polcokat k\u00fcl\u00f6nf\u00e9le szoban\u00f6v\u00e9nyekkel. Ezek nemcsak sz\u00e9pp\u00e9 teszik a teret, hanem seg\u00edtenek elcsendesedni, kikapcsol\u00f3dni, mivel a term\u00e9szet nyugalm\u00e1t viszik be a lak\u00e1sba.<\/p>\n<\/details><details class=\"g-accordion \"><summary><h3>Milyen z\u00f6ld \u00e1rnyalatok l\u00e9teznek a lakberendez\u00e9sben?<\/h3><\/summary>\n<p>A <strong>z\u00f6ld<\/strong> rendk\u00edv\u00fcl sokoldal\u00fa sz\u00edn, amivel teljesen \u00e1talak\u00edthatod a szob\u00e1k hangulat\u00e1t. Ak\u00e1r a vil\u00e1gos, laza tengerhab z\u00f6ldet, ak\u00e1r a m\u00e9ly, s\u0171r\u0171 erd\u0151z\u00f6ldet kedveled, biztosan tal\u00e1lsz az \u00edzl\u00e9sedhez ill\u0151 \u00e1rnyalatot. <strong>A vil\u00e1gosz\u00f6ld sz\u00ednek t\u00e1gasabbnak mutatj\u00e1k a kisebb tereket<\/strong>, m\u00edg <strong>a s\u00f6t\u00e9tebb z\u00f6ldek otthonoss\u00e1, melegg\u00e9 var\u00e1zsolj\u00e1k azokat<\/strong>.<\/p>\n<ul>\n<li>ha eleg\u00e1ns \u00f6ssze\u00e1ll\u00edt\u00e1sra v\u00e1gysz, v\u00e1laszd a ragyog\u00f3 smaragdz\u00f6ldet, b\u00e1tran haszn\u00e1ld kiemel\u0151 sz\u00ednk\u00e9nt vagy nagyobb b\u00fatorokon,<\/li>\n<li>az olajz\u00f6ld term\u00e9szetk\u00f6zeli hangulatot ad, \u00e9s j\u00f3l illik a fa vagy k\u0151 berendez\u00e9sekhez,<\/li>\n<li>ha dr\u00e1mai hat\u00e1st szeretn\u00e9l, pr\u00f3b\u00e1ld ki a vad\u00e1sz z\u00f6ldet \u2013 t\u00f6k\u00e9letes kiemel\u0151 falakhoz vagy l\u00e1tv\u00e1nyos \u00f6tletekhez a nappaliban \u00e9s h\u00e1l\u00f3szob\u00e1ban.<\/li>\n<\/ul>\n<p><strong>Az akvaz\u00f6ld<\/strong> pedig vid\u00e1mabb, energikus l\u00e9gk\u00f6rt ad p\u00e9ld\u00e1ul a konyh\u00e1ban vagy f\u00fcrd\u0151ben. A megfelel\u0151 z\u00f6ld kiv\u00e1laszt\u00e1sakor gondolj a <strong>szoba m\u00e9ret\u00e9re<\/strong>, <strong>f\u00e9nyviszonyokra<\/strong> \u00e9s <strong>m\u00e1r megl\u00e9v\u0151 berendez\u00e9sre<\/strong>. \u00c9rdemes t\u00f6bbf\u00e9le fest\u00e9kmint\u00e1t is kipr\u00f3b\u00e1lni, hogy l\u00e1sd, hogyan v\u00e1ltozik a sz\u00edn a nap folyam\u00e1n a szob\u00e1ban.<\/p>\n<p>Ezen k\u00edv\u00fcl, ha k\u00fcl\u00f6nb\u00f6z\u0151 z\u00f6ldeket kombin\u00e1lsz m\u00e1s sz\u00ednekkel \u2013 p\u00e9ld\u00e1ul <strong>arannyal<\/strong> vagy <strong>tenger\u00e9szk\u00e9kkel<\/strong> \u2013 leny\u0171g\u00f6z\u0151, harmonikus \u00f6sszhat\u00e1st \u00e9rhetsz el, amivel az eg\u00e9sz lak\u00e1s hangulata szebb lesz.<\/p>\n<\/details><details class=\"g-accordion \"><summary><h3>Hogyan hatnak az elt\u00e9r\u0151 z\u00f6ld \u00e1rnyalatok a szoba hangulat\u00e1ra?<\/h3><\/summary>\n<p>A <strong>z\u00f6ld \u00e1rnyalatok<\/strong> nagyban befoly\u00e1solj\u00e1k, hogyan \u00e9rezz\u00fck magunkat egy szob\u00e1ban \u2013 mindegyik sz\u00edn m\u00e1s-m\u00e1s hangulatot teremt.<\/p>\n<ul>\n<li>a s\u00f6t\u00e9tz\u00f6ldek, p\u00e9ld\u00e1ul az erd\u0151- vagy smaragdz\u00f6ld, otthonos \u00e9s bar\u00e1ts\u00e1gos teret teremtenek, j\u00f3l m\u0171k\u00f6dnek nappaliban, h\u00e1l\u00f3szob\u00e1ban,<\/li>\n<li>ezek a sz\u00ednek m\u00e9lys\u00e9get \u00e9s gazdags\u00e1got adnak, f\u0151leg ha meleg f\u00e9nyekkel p\u00e1ros\u00edtod,<\/li>\n<li>a vil\u00e1gosabb \u00e1rnyalatok, p\u00e9ld\u00e1ul a zs\u00e1lyaz\u00f6ld vagy tengerhab z\u00f6ld, nyugodt \u00e9s pihentet\u0151 k\u00f6rnyezetet teremtenek \u2013 ide\u00e1lisak f\u00fcrd\u0151be vagy medit\u00e1ci\u00f3s sarokba,<\/li>\n<li>ezek a t\u00f3nusok r\u00e1ad\u00e1sul t\u00e1gasabb\u00e1 teszik a kis helyis\u00e9geket, mivel t\u00f6bb f\u00e9nyt vernek vissza,<\/li>\n<li>mik\u00f6zben \u00e1rnyalatot v\u00e1lasztasz, vedd figyelembe a szoba f\u00e9nyviszonyait.<\/li>\n<\/ul>\n<p><strong>A term\u00e9szetes f\u00e9ny kiemeli a z\u00f6ldek \u00e9l\u00e9nks\u00e9g\u00e9t, m\u00edg a mesters\u00e9ges vil\u00e1g\u00edt\u00e1s ak\u00e1r teljesen megv\u00e1ltoztathatja \u0151ket.<\/strong> P\u00e9ld\u00e1ul a meleg, izz\u00f3l\u00e1mp\u00e1s f\u00e9ny m\u00e9g otthonosabb\u00e1 teszi a s\u00f6t\u00e9tebb z\u00f6ldeket.<\/p>\n<p>A megfelel\u0151 z\u00f6ld megtal\u00e1l\u00e1sa att\u00f3l is f\u00fcgg, milyen hangulatot szeretn\u00e9l \u00e9s milyenek a m\u00e1r megl\u00e9v\u0151 berendez\u00e9si t\u00e1rgyak. Ha kipr\u00f3b\u00e1lsz t\u00f6bb fest\u00e9kmint\u00e1t, k\u00fcl\u00f6nb\u00f6z\u0151 napszakokban is megn\u00e9zheted, melyik az, ami igaz\u00e1n illik a t\u00e9rhez. \u00cdgy igaz\u00e1n kellemes, nyugodt szob\u00e1t alak\u00edthatsz ki, ahol j\u00f3l \u00e9rzed magad.<\/p>\n<\/details><details class=\"g-accordion \"><summary><h3>Hogyan befoly\u00e1solj\u00e1k a z\u00f6ld falfest\u00e9kek a lakberendez\u00e9st?<\/h3><\/summary>\n<p><strong>A z\u00f6ld falak<\/strong> fontos szerepet kapnak a lakberendez\u00e9sben: egyszerre sokoldal\u00faak \u00e9s izgalmasak. Ha vil\u00e1gosabb \u00e1rnyalatokat \u2013 p\u00e9ld\u00e1ul tengerhab vagy pasztellz\u00f6ld \u2013 haszn\u00e1lsz, a kicsi helyis\u00e9gek is nagyobbnak t\u0171nnek, mert a falakr\u00f3l visszaver\u0151d\u0151 f\u00e9ny t\u00e1gass\u00e1got k\u00f6lcs\u00f6n\u00f6z. Ezzel szemben a s\u00f6t\u00e9tebb z\u00f6ldek, p\u00e9ld\u00e1ul az erd\u0151z\u00f6ld vagy m\u00e9lyz\u00f6ld, meghitts\u00e9get \u00e9s meleget adnak \u2013 ezek k\u00fcl\u00f6n\u00f6sen j\u00f3l n\u00e9znek ki nappaliban vagy h\u00e1l\u00f3ban.<\/p>\n<p><strong>Fontos el\u0151re kipr\u00f3b\u00e1lni a fest\u00e9kmint\u00e1kat<\/strong>, hiszen \u00edgy l\u00e1thatod, hogyan v\u00e1ltozik a z\u00f6ld sz\u00edn a f\u00e9nyviszonyokkal a nap folyam\u00e1n. Ez seg\u00edt megtal\u00e1lni az \u00e1rnyalatot, ami a legjobban illik a berendez\u00e9shez \u00e9s a hangulathoz. P\u00e9ld\u00e1ul egy \u00e9l\u00e9nk smaragd igazi hangs\u00falyos elem lehet, m\u00edg a puha, pasztelles zs\u00e1lya z\u00f6ld a nyugalmat sug\u00e1rozza.<\/p>\n<p>Ha a falakon, b\u00fatorokon \u00e9s kieg\u00e9sz\u00edt\u0151k\u00f6n is k\u00fcl\u00f6nb\u00f6z\u0151 z\u00f6ldeket haszn\u00e1lsz, igaz\u00e1n egys\u00e9ges lesz az \u00f6sszk\u00e9p. Ez az\u00e9rt j\u00f3, mert a z\u00f6ld sok m\u00e1s sz\u00ednnel j\u00f3l p\u00e1ros\u00edthat\u00f3, legyen sz\u00f3 konyhaszekr\u00e9nyekr\u0151l vagy kanap\u00e9r\u00f3l. A z\u00f6ld minden szob\u00e1ba \u00e9letet \u00e9s dinamizmust hoz.<\/p>\n<p>Az ide\u00e1lis \u00e1rnyalat kiv\u00e1laszt\u00e1sakor gondolj arra, mennyi <strong>term\u00e9szetes f\u00e9nyt<\/strong> kap a szoba, illetve mekkora a t\u00e9r. Ez sokat seg\u00edt, hogy harmonikus, sz\u00e9p k\u00f6rnyezetet alak\u00edts ki.<\/p>\n<\/details><details class=\"g-accordion \"><summary><h3>Hogyan alak\u00edtj\u00e1k \u00e1t a z\u00f6ld falak a szob\u00e1t?<\/h3><\/summary>\n<p><p><strong>A z\u00f6ld falak<\/strong> val\u00f3ban \u00e1tform\u00e1lj\u00e1k a szob\u00e1kat: er\u0151s l\u00e1tv\u00e1nyt, f\u00f3kuszpontot teremtenek. Emiatt a t\u00e9r sokkal bar\u00e1ts\u00e1gosabbnak, \u00e9l\u00e9nkebbnek t\u0171nik. A z\u00f6ld falak emellett a hangulatunkra is hatnak, seg\u00edtenek ellazulni; ez alapvet\u0151 a komfortos lak\u00e1s kialak\u00edt\u00e1s\u00e1n\u00e1l.<\/p>\n<\/p>\n<ul>\n<li>Ha z\u00f6ld falat tervezel, \u00e9rdemes t\u00f6bb \u00e1rnyalatot is kipr\u00f3b\u00e1lni a nap k\u00fcl\u00f6nb\u00f6z\u0151 szakaiban,<\/li>\n<li>\u00edgy l\u00e1thatod, hogyan v\u00e1ltozik a sz\u00edn, hogyan illik a megl\u00e9v\u0151 dekor\u00e1ci\u00f3hoz,<\/li>\n<li>tov\u00e1bb\u00e1 remek\u00fcl lehet vari\u00e1lni a z\u00f6ld falakat k\u00fcl\u00f6nb\u00f6z\u0151 b\u00fatorokkal \u00e9s anyagokkal, ez sokf\u00e9le st\u00edlust tesz lehet\u0151v\u00e9.<\/li>\n<\/ul>\n<p><p>Kisebb helyis\u00e9gekhez j\u00f3 v\u00e1laszt\u00e1s a <strong>tengerhabz\u00f6ld<\/strong> vagy <strong>pasztellz\u00f6ld<\/strong> \u00e1rnyalat, mert optikailag t\u00e1gasabb\u00e1, vil\u00e1gosabb\u00e1 teszi a teret. A <strong>smaragd<\/strong> vagy <strong>erd\u0151z\u00f6ld<\/strong> viszont igazi m\u00e9lys\u00e9get, melegs\u00e9get ad a nappalinak vagy a h\u00e1l\u00f3nak. Ha kiemel\u0151 sz\u00ednekkel p\u00e1ros\u00edtod a z\u00f6ldet \u2013 p\u00e9ld\u00e1ul <strong>arannyal<\/strong> vagy <strong>tenger\u00e9szk\u00e9kkel<\/strong> \u2013, igaz\u00e1n k\u00fcl\u00f6nleges l\u00e1tv\u00e1nyt kapsz.<\/p>\n<\/p>\n<p><p><strong>\u00d6sszess\u00e9g\u00e9ben a z\u00f6ld falak nemcsak szebb\u00e9 teszik a szob\u00e1t, hanem hozz\u00e1j\u00e1rulnak ahhoz is, hogy egyens\u00falyi \u00e9s nyugodt k\u00f6rnyezetet alak\u00edts ki otthonodban.<\/strong><\/p>\n<\/p>\n<\/details><details class=\"g-accordion \"><summary><h3>Hogyan befoly\u00e1solja a z\u00f6ldre festett fal a hangulatot?<\/h3><\/summary>\n<p>A z\u00f6ld fallal er\u0151teljesen befoly\u00e1solhatod a hangulatodat: seg\u00edt nyugodt, pihentet\u0151 k\u00f6rnyezetet l\u00e9trehozni. Az sem mindegy, milyen \u00e1rnyalatot v\u00e1lasztasz:<\/p>\n<ul>\n<li>a s\u00f6t\u00e9tebb z\u00f6ldek, p\u00e9ld\u00e1ul a <strong>smaragd<\/strong> vagy <strong>erd\u0151z\u00f6ld<\/strong>, bar\u00e1ts\u00e1gos, meghitt \u00e9rzetet adnak,<\/li>\n<li>a vil\u00e1gosabb z\u00f6ldek, p\u00e9ld\u00e1ul a <strong>zs\u00e1lyaz\u00f6ld<\/strong> vagy <strong>tengerhabz\u00f6ld<\/strong>, k\u00f6nnyeds\u00e9get visznek a szob\u00e1ba.<\/li>\n<li>a puha \u00e1rnyalatok sok f\u00e9nyt visszavernek, \u00edgy a kisebb helyis\u00e9gek is nagyobbnak t\u0171nnek,<\/li>\n<li>a m\u00e9lyebb z\u00f6ldek melegs\u00e9get \u00e9s m\u00e9lys\u00e9get adnak, ezek j\u00f3l m\u0171k\u00f6dnek p\u00e9ld\u00e1ul a nappaliban vagy h\u00e1l\u00f3ban.<\/li>\n<\/ul>\n<p>Fontos, hogy figyeld meg a <strong>term\u00e9szetes f\u00e9ny<\/strong> mennyis\u00e9g\u00e9t \u00e9s <strong>a szoba m\u00e9ret\u00e9t<\/strong> \u2013 ezek seg\u00edtenek abban, hogy a legjobb sz\u00ednt v\u00e1laszd. K\u00eds\u00e9rletezz t\u00f6bbf\u00e9le fest\u00e9kmint\u00e1val, hogy biztosan harm\u00f3ni\u00e1ban legyen a megl\u00e9v\u0151 berendez\u00e9ssel is. P\u00e9ld\u00e1ul <strong>a meleg f\u00e9ny\u0171 izz\u00f3k<\/strong> m\u00e9g bar\u00e1ts\u00e1gosabb\u00e1 teszik a z\u00f6ld \u00e1rnyalatokat.<\/p>\n<p><strong>V\u00e9g\u00fcl a z\u00f6ld fal nemcsak l\u00e1tv\u00e1nyos, hanem egyidej\u0171leg megnyugtat\u00f3, kiegyens\u00falyozott l\u00e9gk\u00f6rt teremt, amit a saj\u00e1t \u00edzl\u00e9sedhez igaz\u00edthatsz.<\/strong><\/p>\n<\/details><details class=\"g-accordion \"><summary><h3>Milyen el\u0151nyei vannak a z\u00f6ld kiemel\u0151 falaknak?<\/h3><\/summary>\n<p><strong>A z\u00f6ld kiemel\u0151 falak<\/strong> egyszerre teszik l\u00e1tv\u00e1nyosabb\u00e1 \u00e9s praktikusabb\u00e1 a szob\u00e1t. Ezek a falak igazi f\u00f3kuszpontokk\u00e1 v\u00e1lnak, vonzz\u00e1k a tekintetet, \u00e9s harm\u00f3ni\u00e1ba hozz\u00e1k a berendez\u00e9st, mik\u00f6zben m\u00e9lys\u00e9get, sz\u00ednt adnak a t\u00e9rnek. Ez a dekor\u00e1ci\u00f3s megold\u00e1s lehet\u0151s\u00e9get ny\u00fajt a kreativit\u00e1sod ki\u00e9l\u00e9s\u00e9re, mert remek\u00fcl kombin\u00e1lhatod m\u00e1s sz\u00ednekkel, anyagokkal, m\u00e9gis egys\u00e9ges marad az eredm\u00e9ny.<\/p>\n<p>A kiemel\u0151 falak drasztikusan meg tudj\u00e1k v\u00e1ltoztatni a szoba hangulat\u00e1t \u2013 p\u00e9ld\u00e1ul er\u0151s kontrasztot adnak m\u00e1s elemekkel, ett\u0151l izgalmasabb lesz a t\u00e9r. A z\u00f6ld j\u00f3l illik m\u00e1s \u00e9l\u00e9nk vagy f\u00f6ld sz\u00ednekhez is, p\u00e9ld\u00e1ul p\u00faderr\u00f3zsasz\u00ednhez vagy olajz\u00f6ldh\u00f6z, \u00edgy sokf\u00e9le st\u00edlusban \u00e9rv\u00e9nyes\u00fcl. R\u00e1ad\u00e1sul a kiemel\u0151 fal j\u00f3l elk\u00fcl\u00f6n\u00edthet egy-egy r\u00e9szt, ha egy lak\u00e1sban t\u00f6bb funkci\u00f3j\u00fa terek vannak.<\/p>\n<p>Ha z\u00f6ldet v\u00e1lasztasz kiemel\u0151 falnak, \u00e9l\u00e9nk, m\u00e9gis nyugodt hangulatot vihetsz be. K\u00eds\u00e9rletezz a smaragdt\u00f3l a l\u00e1gy zs\u00e1ly\u00e1ig b\u00e1rmennyi \u00e1rnyalattal, m\u00edg megtal\u00e1lod azt, ami igaz\u00e1n illik az elk\u00e9pzelt hangulathoz. \u00cdgy k\u00f6nnyed\u00e9n teremthetsz nyugodt, l\u00e1tv\u00e1nyos k\u00f6rnyezetet, ami egyszerre szemreval\u00f3 \u00e9s pihentet\u0151.<\/p>\n<p>V\u00e9g\u00fcl <strong>a z\u00f6ld kiemel\u0151 fal nem csak sz\u00e9p, hanem nagyon praktikus is<\/strong> ahhoz, hogy izgalmas \u00e9s egyedi lak\u00e1sbels\u0151t alak\u00edts ki, ami a hangulatodra is pozit\u00edvan hat.<\/p>\n<\/details><details class=\"g-accordion \"><summary><h3>Milyen hat\u00e1sa van a kiemel\u0151 falnak egy z\u00f6ld szob\u00e1ban?<\/h3><\/summary>\n<p>Ha egy <strong>kiemel\u0151 falat<\/strong> festesz a z\u00f6ld szob\u00e1ban, az izgalmas kontrasztot ad \u00e9s m\u00e1ris karakteress\u00e9 teszi a teret. Egy ilyen fal seg\u00edt elk\u00fcl\u00f6n\u00edteni a helyis\u00e9geket vagy tereket, mik\u00f6zben nem veszik el az egys\u00e9ges, sz\u00e9p \u00f6sszk\u00e9p. F\u00f3kuszpontt\u00e1 v\u00e1lik, m\u00e9lys\u00e9get ad a szob\u00e1nak, j\u00f3l kieg\u00e9sz\u00edti a t\u00f6bbi dekor\u00e1ci\u00f3t.<\/p>\n<p>K\u00fcl\u00f6nf\u00e9le sz\u00ednekkel \u00e9s anyagokkal is kombin\u00e1lhatod, hogy harmonikus legyen a l\u00e1tv\u00e1ny \u2013 ez\u00e9rt nagyon v\u00e1ltozatos st\u00edlusokban haszn\u00e1lhat\u00f3. A kiemel\u0151 fal el\u0151nye, hogy szabadon j\u00e1tszhatsz az \u00e1rnyalatokkal: p\u00e9ld\u00e1ul<\/p>\n<ul>\n<li>a ragyog\u00f3 smaragd z\u00f6ld luxust sug\u00e1roz,<\/li>\n<li>a puha zs\u00e1lya hangulata nyugalmat visz be.<\/li>\n<\/ul>\n<p>Ezzel k\u00f6nnyen szem\u00e9lyre szabhatod a szoba hangulat\u00e1t, hogy igaz\u00e1n otthonos legyen.<\/p>\n<\/details><details class=\"g-accordion \"><summary><h3>Hogyan m\u0171k\u00f6dik a \u201ecolor-drenching\u201d z\u00f6ld sz\u00ednnel?<\/h3><\/summary>\n<p>Ha mindenhol z\u00f6ldet haszn\u00e1lsz a lak\u00e1sban, igaz\u00e1n egys\u00e9ges, k\u00fcl\u00f6nleges hat\u00e1st hozhatsz l\u00e9tre. A szoba t\u00f6bb pontj\u00e1n, falakon, b\u00fatorokon, kisebb kieg\u00e9sz\u00edt\u0151k\u00f6n elhelyezett k\u00fcl\u00f6nb\u00f6z\u0151 z\u00f6ld \u00e1rnyalatok kiemelik a sz\u00edn frissess\u00e9g\u00e9t. \u00cdgy mintha k\u00f6r\u00fcl\u00f6lelne a z\u00f6ld, egyedi, nyugalmas hangulatot teremtenek.<\/p>\n<ul>\n<li>K\u00eds\u00e9rletezz \u00e9l\u00e9nk smaragdz\u00f6ld \u00e9s l\u00e1gy zs\u00e1lyaz\u00f6ld kever\u00e9s\u00e9vel! \u00cdgy izgalmas lesz a t\u00e9r, m\u00e9gsem t\u00falz\u00f3.<\/li>\n<li>\u00c9rdemes ezek mell\u00e9 semleges sz\u00edneket (p\u00e9ld\u00e1ul b\u00e9zst vagy feh\u00e9ret) v\u00e1lasztani \u2013 ez kiemeli a z\u00f6ldet, de nem lesz t\u00fal hars\u00e1ny.<\/li>\n<\/ul>\n<p><strong>A megvil\u00e1g\u00edt\u00e1s nagyon fontos enn\u00e9l a dekor\u00e1ci\u00f3n\u00e1l.<\/strong> A term\u00e9szetes f\u00e9ny \u00e9l\u00e9nkebb\u00e9 teszi a z\u00f6ldeket, a meleg izz\u00f3k pedig m\u00e9g m\u00e9lyebb sz\u00ednhat\u00e1st adnak. Pr\u00f3b\u00e1ld ki a mint\u00e1kat k\u00fcl\u00f6nb\u00f6z\u0151 napszakokban, \u00edgy l\u00e1thatod, hogyan v\u00e1ltozik a sz\u00edn a f\u00e9nyben.<\/p>\n<p>Ha m\u00e9g \u00e9rdekesebb hat\u00e1sra v\u00e1gysz, haszn\u00e1lj b\u00e1rsonyf\u00fcgg\u00f6ny\u00f6ket vagy n\u00f6v\u00e9nymint\u00e1s anyagokat \u2013 ezek feldobj\u00e1k a szob\u00e1t \u00e9s seg\u00edtenek egys\u00e9gg\u00e9 form\u00e1lni a diz\u00e1jnt. \u00cdgy k\u00f6nnyen el\u00e9rheted, hogy bar\u00e1ts\u00e1gos \u00e9s igaz\u00e1n egyedi legyen az otthonod.<\/p>\n<\/details><details class=\"g-accordion \"><summary><h3>Milyen hat\u00e9kony z\u00f6ld sz\u00edns\u00e9m\u00e1kat alkothatsz?<\/h3><\/summary>\n<p>Hat\u00e9kony <strong>z\u00f6ld sz\u00ednkombin\u00e1ci\u00f3<\/strong> akkor sz\u00fcletik, ha okosan kevered a k\u00fcl\u00f6nf\u00e9le z\u00f6ldeket semleges, meleg vagy h\u0171v\u00f6s sz\u00ednekkel \u2013 \u00edgy harmonikus \u00e9s sz\u00e9p lesz az \u00f6sszhat\u00e1s.<\/p>\n<ul>\n<li>Pr\u00f3b\u00e1lj ki gazdag z\u00f6ldeket b\u00e9zs vagy kr\u00e9msz\u00edn mell\u00e9! Ez eleg\u00e1nss\u00e1, m\u00e9gis nyugodtt\u00e1 teszi a szob\u00e1t,<\/li>\n<li>a vibr\u00e1l\u00f3 smaragdz\u00f6ld p\u00e1ros\u00edtva a k\u00e9k vagy sz\u00fcrke hidegebb t\u00f3nusaival igaz\u00e1n friss, dinamikus tereket eredm\u00e9nyez,<\/li>\n<li>melegebb elemekkel, mint az arany vagy a r\u00e9z, a z\u00f6ld kombin\u00e1lva otthonosabb\u00e1, eleg\u00e1nsabb\u00e1 is tenni az enteri\u0151rt \u2013 j\u00f3l haszn\u00e1lhat\u00f3 a nappaliban, ha egy kis luxust szeretn\u00e9l,<\/li>\n<li>ha egyetlen sz\u00edn t\u00f6bb \u00e1rnyalat\u00e1t vegy\u00edted \u2013 p\u00e9ld\u00e1ul a halv\u00e1nyz\u00f6ldt\u0151l a m\u00e9ly vad\u00e1sz z\u00f6ldig \u2013 igazi, elm\u00e9ly\u00fclt, nyugtat\u00f3 hat\u00e1s\u00fa teret kapsz.<\/li>\n<\/ul>\n<p><strong>Mindig pr\u00f3b\u00e1ld ki a fest\u00e9kmint\u00e1kat!<\/strong> \u00cdgy l\u00e1thatod, hogyan v\u00e1ltozik a sz\u00edn a napf\u00e9ny hat\u00e1s\u00e1ra, \u00e9s csak az ut\u00e1n d\u00f6nts, hogy hogyan mutat majd a megl\u00e9v\u0151 b\u00fatorokkal. Ak\u00e1r meleg, ak\u00e1r h\u0171v\u00f6s, ak\u00e1r vibr\u00e1l\u00f3 a c\u00e9l, egy j\u00f3l \u00e1tgondolt z\u00f6ld sz\u00edns\u00e9ma st\u00edlusoss\u00e1 \u00e9s bar\u00e1ts\u00e1goss\u00e1 var\u00e1zsol b\u00e1rmilyen szob\u00e1t.<\/p>\n<\/details> <details class=\"g-accordion \"><summary><h3>Hogyan \u00e9rhet\u0151 el monokr\u00f3m paletta z\u00f6lddel?<\/h3><\/summary>  <\/p>\n<p>Ha monokr\u00f3m palett\u00e1t szeretn\u00e9l z\u00f6lddel, fontos, hogy a k\u00fcl\u00f6nb\u00f6z\u0151 z\u00f6ld \u00e1rnyalatokat a t\u00e9r t\u00f6bb pontj\u00e1n is megjelen\u00edtsd \u2013 p\u00e9ld\u00e1ul a falakon, b\u00fatorokon vagy kieg\u00e9sz\u00edt\u0151k\u00f6n. Ez a m\u00f3dszer egys\u00e9ges, st\u00edlusos \u00f6sszhat\u00e1st biztos\u00edt. Kezdd egy meghat\u00e1roz\u00f3 \u00e1rnyalattal a falon \u2013 legyen az s\u00f6t\u00e9t erd\u0151z\u00f6ld vagy vil\u00e1gos zs\u00e1lyaz\u00f6ld \u2013 \u00edgy megadod a t\u00e9r alaphangj\u00e1t. V\u00e1lassz ehhez ill\u0151 b\u00fatorokat a hasonl\u00f3 \u00e1rnyalatokb\u00f3l, hogy megmaradjon az \u00f6sszhang.<\/p>\n<ul>\n<li>Vigy\u00e9l be k\u00fcl\u00f6nb\u00f6z\u0151 text\u00far\u00e1kat, hogy izgalmasabb legyen az \u00f6sszk\u00e9p, de maradj a sz\u00ednvil\u00e1gn\u00e1l; p\u00e9ld\u00e1ul egy b\u00e1rsonykanap\u00e9 vagy lenv\u00e1szon f\u00fcgg\u00f6ny j\u00f3 v\u00e1laszt\u00e1s lehet, ami passzol a kiv\u00e1lasztott z\u00f6ldekhez,<\/li>\n<li>A kieg\u00e9sz\u00edt\u0151k, mint a p\u00e1rn\u00e1k, sz\u0151nyegek vagy k\u00e9pek, szint\u00e9n t\u00fckr\u00f6zz\u00e9k ugyanezt a sz\u00edns\u00e9m\u00e1t a harm\u00f3nia miatt,<\/li>\n<li>Hogy v\u00e1ltozatos, de m\u00e9gis egys\u00e9ges legyen a szoba, keverj vil\u00e1gosabb \u00e9s s\u00f6t\u00e9tebb z\u00f6ld \u00e1rnyalatokat is a helyis\u00e9gben.<\/li>\n<\/ul>\n<p>P\u00e9ld\u00e1ul pr\u00f3b\u00e1ld ki, hogy vad\u00e1sz-z\u00f6ld fal mell\u00e9 ol\u00edvaz\u00f6ld b\u00fatorokat teszel, vagy \u00e9l\u00e9nk smaragdz\u00f6ld d\u00edszeket kombin\u00e1lsz nyugodt tengeri hab \u00e1rnyalat\u00fa text\u00edli\u00e1kkal. Ez a soksz\u00edn\u0171s\u00e9g kiemeli minden z\u00f6ld saj\u00e1tos sz\u00e9ps\u00e9g\u00e9t.<\/p>\n<p><strong>Figyelj oda a f\u00e9nyekre is \u2013 a term\u00e9szetes f\u00e9ny \u00e9l\u00e9nkebb\u00e9 var\u00e1zsolja a z\u00f6ldet, m\u00edg a mesters\u00e9ges vil\u00e1g\u00edt\u00e1s kiss\u00e9 m\u00f3dos\u00edthatja az \u00e1rnyalatokat.<\/strong> Pr\u00f3b\u00e1ld ki a fest\u00e9kmint\u00e1kat k\u00fcl\u00f6nb\u00f6z\u0151 napszakokban, hogy biztosan el\u00e9rd a k\u00edv\u00e1nt hat\u00e1st.<\/p>\n<p><strong>L\u00e9nyeg\u00e9ben az ilyen harm\u00f3ni\u00e1ra t\u00f6rekv\u0151 z\u00f6ld haszn\u00e1lat igaz\u00e1n friss\u00edt\u0151 \u00e9s eleg\u00e1ns l\u00e9gk\u00f6rt hoz l\u00e9tre.<\/strong><\/p>\n<\/details>\n<details class=\"g-accordion \"><summary><h3>Hogyan alak\u00edthatsz ki nyugodt hangulatot z\u00f6lddel?<\/h3><\/summary>  <\/p>\n<p>Ha szeretn\u00e9l nyugalmat teremteni, v\u00e1lassz l\u00e1gy, tompa z\u00f6ld \u00e1rnyalatokat, \u00e9s eg\u00e9sz\u00edtsd ki term\u00e9szetes anyagokkal. P\u00e9ld\u00e1ul <strong>zs\u00e1lya<\/strong> vagy <strong>pasztellz\u00f6ld<\/strong> biztos\u00edtja a b\u00e9k\u00e9s hangulatot, a fa \u00e9s k\u0151 kieg\u00e9sz\u00edt\u0151k pedig r\u00e1er\u0151s\u00edtenek erre a nyugalomra. A n\u00f6v\u00e9nyek nemcsak d\u00edsz\u00edtenek, de m\u00e9g a leveg\u0151t is friss\u00edtik, \u00edgy a szoba igaz\u00e1n meghitt\u00e9 v\u00e1lik.<\/p>\n<p>A hangulat tov\u00e1bbi fokoz\u00e1s\u00e1hoz haszn\u00e1lj lenb\u0151l vagy pamutb\u00f3l k\u00e9sz\u00fclt textileket, amelyek illenek a z\u00f6ldh\u00f6z. Meleg f\u00e9nyekkel m\u00e9g bar\u00e1ts\u00e1gosabb\u00e1, pihentet\u0151bb\u00e9 var\u00e1zsolhatod az otthonodat, ahol t\u00e9nyleg kikapcsolhatsz. Ez a megold\u00e1s egyszerre pihentet\u0151, \u00e9s szinte \u00e9szrev\u00e9tlen\u00fcl k\u00f6ti \u00f6ssze a belt\u00e9ri teret a term\u00e9szet csendj\u00e9vel.<\/p>\n<\/details>\n<details class=\"g-accordion \"><summary><h3>Hogyan teremthetsz nyugalmas k\u00f6rnyezetet z\u00f6ld sz\u00ednnel?<\/h3><\/summary>  <\/p>\n<p>Ha nyugtat\u00f3 teret szeretn\u00e9l l\u00e9trehozni z\u00f6lddel, figyelj ezekre:<\/p>\n<ul>\n<li>haszn\u00e1lj l\u00e1gy \u00e1rnyalatokat,<\/li>\n<li>helyezz el n\u00f6v\u00e9nyeket,<\/li>\n<li>v\u00e1lassz puha anyagokat.<\/li>\n<\/ul>\n<p>A vil\u00e1gosabb z\u00f6ldek, mint p\u00e9ld\u00e1ul a <strong>zs\u00e1lya<\/strong> vagy a <strong>pasztell<\/strong>, nyitotts\u00e1got \u00e9s b\u00e9k\u00e9t sugallnak. A szoban\u00f6v\u00e9nyek nemcsak friss\u00edtik a leveg\u0151t, hanem a term\u00e9szet sz\u00e9ps\u00e9g\u00e9t is beviszik a szob\u00e1ba. A puha text\u00edli\u00e1k \u2013 p\u00e9ld\u00e1ul <strong>len<\/strong> vagy <strong>pamut<\/strong> \u2013 melegs\u00e9get, otthonoss\u00e1got adnak a helyis\u00e9gnek. Az elemek tudatos \u00f6sszev\u00e1logat\u00e1s\u00e1val igaz\u00e1n bar\u00e1ts\u00e1gos \u00e9s pihentet\u0151 l\u00e9gk\u00f6rt alak\u00edthatsz ki.<\/p>\n<\/details>\n<details class=\"g-accordion \"><summary><h3>Milyen jellemz\u0151i vannak a vil\u00e1gosz\u00f6ld nappaliknak?<\/h3><\/summary>  <\/p>\n<p>A vil\u00e1gosz\u00f6ld nappalik f\u00e9nyesek, l\u00e9giesek, \u00e9s nagyobbnak mutatj\u00e1k a teret. Ha p\u00e9ld\u00e1ul <strong>alma-z\u00f6ldet<\/strong> vagy <strong>z\u00f6ld alapsz\u00ednt<\/strong> v\u00e1lasztasz, kellemes, friss hangulatot \u00e9rhetsz el. Ehhez j\u00f3l illenek a feh\u00e9r vagy vil\u00e1gos fa b\u00fatorok, amelyek meg\u0151rzik az otthon meghitt, bar\u00e1ts\u00e1gos hangulat\u00e1t.<\/p>\n<p>A b\u00e9k\u00e9s \u00f6sszhat\u00e1st k\u00f6nny\u0171 anyagokkal \u00e9s term\u00e9szetes text\u00far\u00e1kkal \u2013 p\u00e9ld\u00e1ul pamuttal vagy lennel \u2013 tudod m\u00e9g ink\u00e1bb kiemelni. Ezek a textilek nemcsak k\u00e9nyelmet adnak, de a szoba nyugalmas hangulat\u00e1t is er\u0151s\u00edtik. A szoban\u00f6v\u00e9nyek m\u00e9g t\u00f6bb term\u00e9szetet visznek be az otthonodba.<\/p>\n<p>A puha megvil\u00e1g\u00edt\u00e1s \u00e9s a l\u00e1gy z\u00f6ld \u00e1rnyalatok egy\u00fctt nyugodt, \u00f6sszehangolt hat\u00e1st adnak, ami el\u0151seg\u00edti a pihen\u00e9st \u00e9s j\u00f3 k\u00f6z\u00e9rzetet. Ha modern hangulatot szeretn\u00e9l, pr\u00f3b\u00e1lkozz egyszer\u0171, letisztult d\u00edsz\u00edt\u00e9ssel, hogy a t\u00e9r rendezett, m\u00e9gis st\u00edlusos maradjon.<\/p>\n<p><strong>\u00d6sszess\u00e9g\u00e9ben a vil\u00e1gosz\u00f6ld nappalik friss\u00edt\u0151, eleg\u00e1ns \u00e9s k\u00e9nyelmes l\u00e9gk\u00f6rt teremtenek \u2013 ide\u00e1lisak a b\u00e9k\u00e9s, nyitott otthonhoz.<\/strong><\/p>\n<\/details>\n<details class=\"g-accordion \"><summary><h3>Hogyan teremtenek a s\u00f6t\u00e9tz\u00f6ld nappalik nyugalmat?<\/h3><\/summary>  <\/p>\n<p>A s\u00f6t\u00e9tz\u00f6ld nappalik nyugtat\u00f3, eleg\u00e1ns k\u00f6rnyezetet hoznak l\u00e9tre, ahol igaz\u00e1n kellemes pihenni. Ha ezt a gazdag sz\u00ednt vil\u00e1gosabb b\u00fatorokkal \u00e9s meleg, l\u00e1gy f\u00e9nyekkel kombin\u00e1lod, otthonos, kuck\u00f3s hangulatot kapsz. S\u00f6t\u00e9tz\u00f6ld j\u00f3l passzol sokf\u00e9le sz\u00ednhez \u00e9s anyaghoz, \u00edgy sz\u00e1mtalan st\u00edlusban meg\u00e1llja a hely\u00e9t.<\/p>\n<ul>\n<li>Haszn\u00e1lj f\u00e9m d\u00edsz\u00edt\u00e9seket, hogy m\u00e9g eleg\u00e1nsabb legyen a t\u00e9r,<\/li>\n<li>f\u00e1b\u00f3l k\u00e9sz\u00fclt b\u00fatorokkal fokozhatod a meghitts\u00e9get,<\/li>\n<li>a s\u00f6t\u00e9tz\u00f6ld term\u00e9szetes jellege pedig m\u00e9g kellemesebb helly\u00e9 teszi a nappalit, ahol \u00f6r\u00f6m pihenni.<\/li>\n<\/ul>\n<\/details>\n<details class=\"g-accordion \"><summary><h3>Hogyan gazdag\u00edtja a m\u00e9lyz\u00f6ld a szoba hangulat\u00e1t?<\/h3><\/summary>  <\/p>\n<p><strong>A m\u00e9lyz\u00f6ld<\/strong> gazdags\u00e1got, m\u00e9lys\u00e9get ad a szob\u00e1nak, \u00e9s bar\u00e1ts\u00e1gos, vend\u00e9gszeret\u0151 l\u00e9gk\u00f6rt teremt. Ez a sokoldal\u00fa \u00e1rnyalat rengeteg m\u00e1s sz\u00ednhez \u00e9s anyaghoz illik, ez\u00e9rt egyedi, st\u00edlusos megold\u00e1sokat k\u00edn\u00e1l an\u00e9lk\u00fcl, hogy t\u00falz\u00e1sba esn\u00e9nk.<\/p>\n<p>M\u00e9lyz\u00f6ldet vihetsz be p\u00e9ld\u00e1ul a fal sz\u00edn\u00e9vel vagy a b\u00fatorokkal \u2013 \u00edgy j\u00f3l \u00e9rv\u00e9nyes\u00fcl a vil\u00e1gos elemek mellett, \u00e9s kiemeli a szoba egyedi r\u00e9szleteit. Ez a sz\u00edn otthonoss\u00e1got \u00e1raszt, ez\u00e9rt a nappalihoz vagy h\u00e1l\u00f3szob\u00e1hoz is t\u00f6k\u00e9letes v\u00e1laszt\u00e1s, ahol fontos a k\u00e9nyelem. Ha arannyal vagy r\u00e9zzel eg\u00e9sz\u00edted ki, <strong>a m\u00e9lyz\u00f6ld val\u00f3di luxushat\u00e1st \u00e9s eleganci\u00e1t sug\u00e1roz<\/strong>.<\/p>\n<p>A vil\u00e1g\u00edt\u00e1s is nagyban befoly\u00e1solja, hogyan l\u00e1tjuk ezt a sz\u00ednt: a meleg f\u00e9nyek kiemelik a gazdags\u00e1g\u00e1t, m\u00edg a term\u00e9szetes f\u00e9ny napszakt\u00f3l f\u00fcgg\u0151en v\u00e1ltoztatja megjelen\u00e9s\u00e9t. B\u00e1tran k\u00eds\u00e9rletezz a vil\u00e1g\u00edt\u00e1ssal, hogy megtal\u00e1ld a t\u00f6k\u00e9letes hangulatot.<\/p>\n<p>V\u00e9g\u00fcl a m\u00e9lyz\u00f6ld a gondosan \u00f6sszev\u00e1logatott sz\u00ednekkel \u00e9s vil\u00e1g\u00edt\u00e1ssal igaz\u00e1n eleg\u00e1ns, h\u00edvogat\u00f3 \u00e9letteret var\u00e1zsol a szob\u00e1b\u00f3l.<\/p>\n<\/details>\n<details class=\"g-accordion \"><summary><h3>Mik\u00e9nt dobja fel a vibr\u00e1l\u00f3 smaragd a szoba hangulat\u00e1t?<\/h3><\/summary>  <\/p>\n<p><strong>A vibr\u00e1l\u00f3 smaragd<\/strong> igazi luxust \u00e9s kifinomults\u00e1got visz b\u00e1rmilyen helyis\u00e9gbe, \u00e9s figyelemfelkelt\u0151 f\u00f3kuszpontt\u00e1 v\u00e1lik. Ezt a mag\u00e1val ragad\u00f3 sz\u00ednt sokf\u00e9lek\u00e9ppen be\u00fcltetheted a dekor\u00e1ci\u00f3ba:<\/p>\n<ul>\n<li>A smaragdz\u00f6ld sz\u00edn\u0171 kiemelt falfel\u00fclet dr\u00e1mai h\u00e1tteret ad, \u00e9s gazdagabbnak l\u00e1ttatja a szob\u00e1t,<\/li>\n<li>egy ilyen \u00e1rnyalatra festett kanap\u00e9 vagy fotel eleg\u00e1ns lesz, \u00e9s besz\u00e9dt\u00e9m\u00e1v\u00e1 v\u00e1lik,<\/li>\n<li>a kisebb d\u00edszek, p\u00e9ld\u00e1ul p\u00e1rn\u00e1k vagy takar\u00f3k, friss sz\u00ednfoltot visznek a t\u00e9rbe an\u00e9lk\u00fcl, hogy t\u00fal sok lenne a z\u00f6ld.<\/li>\n<\/ul>\n<p>A konyh\u00e1ban vagy f\u00fcrd\u0151szob\u00e1ban <strong>a smaragd z\u00f6ld szekr\u00e9nyek m\u00e9lys\u00e9get \u00e9s gazdags\u00e1got k\u00f6lcs\u00f6n\u00f6znek<\/strong>, f\u0151leg feh\u00e9rrel vagy f\u00e1val t\u00e1rs\u00edtva.<\/p>\n<p><strong>A f\u00e9ny nagyon fontos, ha smaragd sz\u00ednt haszn\u00e1lsz<\/strong>. A meleg izz\u00f3k kiemelik, hogy a sz\u00edn mennyire gazdag, m\u00edg a napf\u00e9ny \u00e9l\u00e9nkebb\u00e9 teszi. Arannyal kombin\u00e1lva m\u00e9g \u00fcnnep\u00e9lyesebb lesz a t\u00e9r, a tenger\u00e9szk\u00e9k mellett pedig l\u00e1tv\u00e1nyos kontrasztot ad.<\/p>\n<p>Kisebb szob\u00e1kban az is seg\u00edt, ha t\u00fckr\u00f6kkel kombin\u00e1lod a smaragd z\u00f6ld elemeket \u2013 \u00edgy t\u00e1gasabbnak t\u0171nik a helyis\u00e9g, de a sz\u00edn m\u00e9lys\u00e9ge is megmarad. Ak\u00e1r mer\u00e9sz, ak\u00e1r visszafogott megold\u00e1st v\u00e1lasztasz, <strong>a smaragd gazdag\u00edtja a szob\u00e1t \u00e9s karaktert ad neki.<\/strong><\/p>\n<\/details>\n<details class=\"g-accordion \"><summary><h3>Mi\u00e9rt n\u00e9pszer\u0171 a kifinomult zs\u00e1lya?<\/h3><\/summary>  <\/p>\n<p><strong>A kifinomult zs\u00e1lyaz\u00f6ld<\/strong> az\u00e9rt kedvelt, mert nyugalmat \u00e9s st\u00edlust sug\u00e1roz. Enyhe \u00e1rnyalata illik sokf\u00e9le sz\u00ednhez, \u00edgy b\u00e1rmilyen lakberendez\u00e9si st\u00edlushoz k\u00f6nnyen beillesztheted. A zs\u00e1lyaz\u00f6ld nyugodt, b\u00e9k\u00e9s k\u00f6zeget teremt \u2013 t\u00f6k\u00e9letes pihen\u00e9shez, lelassul\u00e1shoz.<\/p>\n<ul>\n<li>Diszkr\u00e9t eleganci\u00e1ja modern \u00e9s hagyom\u00e1nyos terekben is j\u00f3l m\u0171k\u00f6dik,<\/li>\n<li>kiemeli a szoba l\u00e1tv\u00e1ny\u00e1t an\u00e9lk\u00fcl, hogy elvenn\u00e9 a hangs\u00falyt a t\u00f6bbi b\u00fator el\u0151l,<\/li>\n<li>egyar\u00e1nt sz\u00e9p semleges sz\u00ednekkel vagy \u00e9l\u00e9nk kieg\u00e9sz\u00edt\u0151kkel.<\/li>\n<\/ul>\n<p>\u00cdgy <strong>a kifinomult zs\u00e1lya sok kombinat\u00edv lehet\u0151s\u00e9get ad<\/strong>, hogy egyed\u00fcl\u00e1ll\u00f3an harmonikus tereket hozz l\u00e9tre, ahol igaz\u00e1n j\u00f3l \u00e9rzed magad.<\/p>\n<\/details>\n<details class=\"g-accordion \"><summary><h3>Milyen el\u0151nyei vannak a tompa \u00e9s k\u00f6zepes z\u00f6ld \u00e1rnyalatoknak?<\/h3><\/summary>  <\/p>\n<p>A tompa \u00e9s k\u00f6zepes z\u00f6ld \u00e1rnyalatok rengeteg el\u0151nyt k\u00edn\u00e1lnak otthoni dekor\u00e1ci\u00f3hoz. Ezek a sz\u00ednek <strong>eleg\u00e1ns \u00e9s nyugodt hangulatot<\/strong> teremtenek, \u00e9s t\u00f6bbf\u00e9le st\u00edlushoz is remek\u00fcl illenek. Egyszer\u0171en t\u00e1rs\u00edthatod m\u00e1s sz\u00ednekkel, mert <strong>egys\u00e9ges \u00f6sszhangot<\/strong> adnak k\u00fcl\u00f6nb\u00f6z\u0151 lakberendez\u00e9si elemeknek.<\/p>\n<ul>\n<li>A tompa z\u00f6ld \u00e1rnyalatok finoman oldj\u00e1k a t\u00e9r fesz\u00fclts\u00e9g\u00e9t, el\u0151seg\u00edtik a kikapcsol\u00f3d\u00e1st,<\/li>\n<li>a k\u00f6zepes t\u00f3nusok m\u00e9lys\u00e9get, gazdags\u00e1got adnak an\u00e9lk\u00fcl, hogy t\u00fal s\u00f6t\u00e9tek lenn\u00e9nek,<\/li>\n<li>az \u00f6sszhang modern \u00e9s hagyom\u00e1nyos k\u00f6rnyezetben is j\u00f3l m\u0171k\u00f6dik.<\/li>\n<\/ul>\n<p>Ha ezeket az \u00e1rnyalatokat haszn\u00e1lod, igaz\u00e1n <strong>nyugodt \u00e9s \u00e9rdekes k\u00f6rnyezetet<\/strong> var\u00e1zsolhatsz oda, ahol j\u00f3l esik megpihenni.<\/p>\n<\/details>\n<details class=\"g-accordion \"><summary><h3>Mik a z\u00f6ld t\u00f3nusok leg\u00fajabb luxus trendjei?<\/h3><\/summary>  <\/p>\n<p>Napjaink luxus lakberendez\u00e9si trendjeiben nagyon n\u00e9pszer\u0171ek a z\u00f6ld \u00e1rnyalatok, f\u0151leg az \u00e9l\u00e9nk <strong>smaragd<\/strong>, az eleg\u00e1ns <strong>zs\u00e1lya<\/strong> \u00e9s a m\u00e9lyz\u00f6ld d\u00edsz\u00edt\u0151elemek. Ezek a sz\u00ednek gyakran t\u00e1rsulnak puha b\u00e1rsonnyal vagy csillog\u00f3 f\u00e9mes fel\u00fcletekkel, amelyek igaz\u00e1n ig\u00e9nyes \u00f6sszhat\u00e1st keltenek. P\u00e9ld\u00e1ul a smaragd z\u00f6ld sokszor jelenik meg kanap\u00e9kban vagy fotelokban, melyek azonnal a szoba \u00e9kess\u00e9g\u00e9v\u00e9 v\u00e1lnak.<\/p>\n<p>Ha konyh\u00e1ban vagy f\u00fcrd\u0151ben is haszn\u00e1lsz smaragdz\u00f6ld szekr\u00e9nyeket, eleg\u00e1nsabb hat\u00e1st \u00e9rsz el. Ez a sz\u00edn j\u00f3l passzol aranyhoz, tenger\u00e9szk\u00e9khez vagy korallhoz is, \u00edgy v\u00e1ltozatos, de m\u00e9gis harmonikus lehet a dekor\u00e1ci\u00f3.<\/p>\n<ul>\n<li>K\u00f6nnyen v\u00e1ltoztathat\u00f3 tap\u00e9t\u00e1k vagy fest\u00e9kek a kiemelt falakon l\u00e1tv\u00e1nyos hat\u00e1st keltenek,<\/li>\n<li>apr\u00f3bb d\u00edszek, mint egy v\u00e1za vagy k\u00e9p smaragd \u00e1rnyalattal, visszafogott luxust adnak,<\/li>\n<li>ezek a trendek a kifinomults\u00e1g \u00e9s elegancia ir\u00e1nti v\u00e1gyr\u00f3l \u00e1rulkodnak.<\/li>\n<\/ul>\n<p>Ha ezeket az elemeket \u00fcgyesen vegy\u00edted, igaz\u00e1n h\u00edvogat\u00f3, k\u00fcl\u00f6nleges otthonod lehet, ami hossz\u00fa ideig meg\u0151rzi var\u00e1zs\u00e1t.<\/p>\n<\/details>\n<details class=\"g-accordion \"><summary><h3>Hogyan emelik ki a s\u00f6t\u00e9t fest\u00e9ksz\u00ednek a z\u00f6ld dekor\u00e1ci\u00f3t?<\/h3><\/summary>  <\/p>\n<p><strong>A s\u00f6t\u00e9t fest\u00e9ksz\u00ednek<\/strong> m\u00e9lys\u00e9get \u00e9s izgalmat adnak a z\u00f6ld dekor\u00e1ci\u00f3nak, \u00e9s a lak\u00e1s hangulat\u00e1t is k\u00fcl\u00f6nlegesebb\u00e9 teszik. <strong>A s\u00f6t\u00e9tz\u00f6ldek<\/strong> f\u0151leg igazi kuck\u00f3s mened\u00e9ket alak\u00edtanak ki, ahol j\u00f3lesik lelass\u00edtani, a vil\u00e1gosabb \u00e1rnyalatokkal pedig harm\u00f3ni\u00e1t teremthetsz. A sz\u00ednek j\u00e1t\u00e9ka izgalmas, m\u00e9gis eleg\u00e1ns hangulatot biztos\u00edt b\u00e1rmelyik szob\u00e1nak.<\/p>\n<p>\u00c9rdemes kombin\u00e1lni <strong>m\u00e9ly smaragdz\u00f6ldet<\/strong> <strong>l\u00e1gy zs\u00e1ly\u00e1val<\/strong> \u2013 \u00edgy kiemelheted a szoba k\u00fcl\u00f6nb\u00f6z\u0151 oldalait, an\u00e9lk\u00fcl hogy t\u00fal er\u0151s lenne az \u00f6sszhat\u00e1s. Pr\u00f3b\u00e1lkozz b\u00e1tran a k\u00fcl\u00f6nf\u00e9le \u00e1rnyalatokkal \u00e9s vil\u00e1g\u00edt\u00e1ssal, hogy megtal\u00e1ld azt a st\u00edlust, ami igaz\u00e1n illik a b\u00fatorokhoz, \u00e9s kellemes atmoszf\u00e9r\u00e1t teremt.<\/p>\n<\/details>\n<details class=\"g-accordion \"><summary><h3>Hogyan hatnak az \u00e9kk\u0151 sz\u00ednek a z\u00f6ld lakberendez\u00e9sben?<\/h3><\/summary>  <\/p>\n<p>D\u00fas <strong>\u00e9kk\u0151sz\u00ednek<\/strong>, mint a <strong>smaragd<\/strong> vagy a m\u00e9lyz\u00f6ld, k\u00f6nnyen feldobj\u00e1k a z\u00f6ld dekor\u00e1ci\u00f3t, hiszen \u00e9l\u00e9nks\u00e9get \u00e9s kis luxust csemp\u00e9sznek a t\u00e9rbe. Ha b\u00fatorokban, <strong>kieg\u00e9sz\u00edt\u0151kben<\/strong> vagy <strong>k\u00e9peken<\/strong> haszn\u00e1lod ezeket az \u00e1rnyalatokat, az eg\u00e9sz szoba eleg\u00e1nsabb\u00e1 v\u00e1lik. Ezek a sz\u00ednek sokf\u00e9le text\u00far\u00e1hoz vagy anyaghoz passzolnak, \u00edgy szabadon k\u00eds\u00e9rletezhetsz.<\/p>\n<p>Ha j\u00f3l v\u00e1lasztod meg, <strong>az \u00e9kk\u0151 \u00e1rnyalatok t\u00e9nyleg megv\u00e1ltoztatj\u00e1k a t\u00e9r hangulat\u00e1t<\/strong> \u2013 egyszerre lesz vid\u00e1m \u00e9s h\u00edvogat\u00f3. Ezekkel a sz\u00ednekkel nemcsak mutat\u00f3s lesz az enteri\u0151r, hanem saj\u00e1t, egyedi st\u00edlusod is t\u00fckr\u00f6zheted.<\/p>\n<\/details>\n<details class=\"g-accordion \"><summary><h3>Mib\u0151l mer\u00edthetsz inspir\u00e1ci\u00f3t, ha z\u00f6lddel szerezn\u00e9d meg\u00faj\u00edtani otthonodat?<\/h3><\/summary>  <\/p>\n<p>A term\u00e9szetb\u0151l, m\u0171v\u00e9szeti alkot\u00e1sokb\u00f3l vagy a leg\u00fajabb trendekb\u0151l is sok ihletet nyerhetsz, ha <strong>z\u00f6ld<\/strong> \u00e1rnyalatokat szeretn\u00e9l bevinni a lak\u00e1sba. Olyan sz\u00edneket v\u00e1lassz, amelyek a buja erd\u0151k vagy vir\u00e1gos kertek hangulat\u00e1t id\u00e9zik \u2013 ezek k\u00f6nnyed\u00e9n megjelennek p\u00e9ld\u00e1ul:<\/p>\n<ul>\n<li>n\u00f6v\u00e9nyekben,<\/li>\n<li>fa b\u00fatorokban \u00e9s term\u00e9szetes anyagokban,<\/li>\n<li>z\u00f6ld sz\u00edn\u0171 k\u00e9pekben vagy d\u00edszekben, melyek egyszerre adnak m\u00e9lys\u00e9get, k\u00f6zponti f\u00f3kuszt vagy harm\u00f3ni\u00e1t a t\u00e9rnek.<\/li>\n<\/ul>\n<p>Ha figyeled a diz\u00e1jntrendeket, m\u00e9g \u00f6tletesebb m\u00f3dokat tal\u00e1lhatsz a z\u00f6ld sz\u00edn beemel\u00e9s\u00e9re. Nagyon divatos lett p\u00e9ld\u00e1ul a <strong>sz\u00edn\u00e1ztat\u00f3 technika<\/strong>, amikor t\u00f6bbf\u00e9le z\u00f6ld \u00e1rnyalatot kombin\u00e1lsz egy helyis\u00e9gben. Ezeket az inspir\u00e1ci\u00f3kat vegy\u00edtve igaz\u00e1n egyedi, otthonos \u00e9s megnyugtat\u00f3 tereket alak\u00edthatsz ki.<\/p>\n<\/details>\n<details class=\"g-accordion \"><summary><h3>Milyen szerepe van az oliva, vad\u00e1sz- \u00e9s aqua z\u00f6ldnek a lakberendez\u00e9sben?<\/h3><\/summary>  <\/p>\n<p>Az oliva-, vad\u00e1sz- \u00e9s aquaz\u00f6ld mind saj\u00e1tos hangulatot visz az otthoni dekorba. Az oliva f\u00f6ldsz\u00ednei term\u00e9szetes anyagokkal, mint fa vagy k\u0151, szuper\u00fcl p\u00e1ros\u00edthat\u00f3k \u2013 t\u00f6k\u00e9letes egy rusztikus vagy boh\u00e9m st\u00edlushoz, \u00e9s igaz\u00e1n meghitt\u00e9 teszi a nappalit vagy a konyh\u00e1t.<\/p>\n<p>A vad\u00e1sz-z\u00f6ld m\u00e9lys\u00e9get, eleganci\u00e1t ad b\u00e1rmelyik t\u00e9rnek. Modern vagy vintage st\u00edlusban is j\u00f3l mutat, \u00e9s arany vagy r\u00e9z <strong>d\u00edsz\u00edt\u00e9sekkel<\/strong> ak\u00e1r h\u00e1l\u00f3ban, ak\u00e1r eb\u00e9dl\u0151ben eleg\u00e1nsabb\u00e1 v\u00e1lik a t\u00e9r.<\/p>\n<p>Az aquaz\u00f6ld friss\u00edt\u0151, vid\u00e1m sz\u00ednt ad, ami p\u00e9ld\u00e1ul f\u00fcrd\u0151szob\u00e1ba vagy tengerparti hangulat\u00fa helyis\u00e9gbe kiv\u00e1l\u00f3. Feh\u00e9rrel \u00e9s k\u00e9kkel t\u00e1rs\u00edtva t\u00e1gas, vil\u00e1gos lesz a szoba.<\/p>\n<p>Ezeknek az \u00e1rnyalatoknak a be\u00e9p\u00edt\u00e9s\u00e9vel rengeteg st\u00edlust pr\u00f3b\u00e1lhatsz ki, mik\u00f6zben mindenhol megmarad a harm\u00f3nia. Legyen sz\u00f3 <strong>kiemelt falr\u00f3l<\/strong>, b\u00fatorr\u00f3l vagy p\u00e1rn\u00e1r\u00f3l \u00e9s sz\u0151nyegr\u0151l, a z\u00f6ldek egyszerre fejezik ki az egy\u00e9nis\u00e9gedet \u00e9s teremtenek csendes, pihentet\u0151 k\u00f6rnyezetet.<\/p>\n<\/details>\n<details class=\"g-accordion \"><summary><h3>Milyen szerepe van a pasztellz\u00f6ldnek az otthoni enteri\u0151rben?<\/h3><\/summary>  <\/p>\n<p>A pasztellz\u00f6ld otthonos \u00e9s megnyugtat\u00f3 hangulatot visz b\u00e1rmelyik helyis\u00e9gbe. K\u00fcl\u00f6n\u00f6sen n\u00e9pszer\u0171 <strong>gyerekszob\u00e1ban<\/strong>, <strong>f\u00fcrd\u0151ben<\/strong> vagy <strong>nappaliban<\/strong>, mert igaz\u00e1n ellaz\u00edtja az embert. K\u00f6nny\u0171 feh\u00e9rrel vagy <strong>semleges sz\u00ednekkel<\/strong> kombin\u00e1lni, \u00edgy vil\u00e1gosabb lesz a t\u00e9r, de a nyugodt l\u00e9gk\u00f6r is megmarad. Ha kanap\u00e9t vagy fotelt v\u00e1lasztasz ebben az \u00e1rnyalatban, az visszafogottan, de sz\u00e9pen feldobja a szob\u00e1t. Ha term\u00e9szetes anyagokkal, p\u00e9ld\u00e1ul <strong>vil\u00e1gos f\u00e1val<\/strong> toldod meg, m\u00e9g otthonosabb lesz a helyis\u00e9g. Kisebb terekben is remek v\u00e1laszt\u00e1s, mert visszaveri a f\u00e9nyt, \u00edgy nyitottabb, t\u00e1gasabb lesz a szoba. Ez a sz\u00edn v\u00e1ltozatos, \u00e9s mindig seg\u00edt, hogy pihentet\u0151, k\u00e9nyelmes k\u00f6rnyezetet alak\u00edts ki.<\/p>\n<\/details>\n<details class=\"g-accordion \"><summary><h3>Hogyan illeszthet\u0151 f\u00f6ldes st\u00edlus a z\u00f6ld dekor\u00e1ci\u00f3hoz?<\/h3><\/summary>  <\/p>\n<p>A f\u00f6ldes st\u00edlus \u00e9s a z\u00f6ld dekor kombin\u00e1l\u00e1sa arr\u00f3l sz\u00f3l, hogy term\u00e9szetes anyagokat, text\u00far\u00e1kat \u00e9s sz\u00edneket haszn\u00e1lsz, amelyek a kinti vil\u00e1got id\u00e9zik. \u00cdgy a szoba bar\u00e1ts\u00e1gosabb lesz, \u00e9s szinte \u00e9szrev\u00e9tlen\u00fcl kapcsol\u00f3dik a term\u00e9szethez.<\/p>\n<ul>\n<li>Ha f\u00e1t, k\u00f6vet vagy agyagot viszel be, melegs\u00e9get \u00e9s hiteless\u00e9get adsz a t\u00e9rnek,<\/li>\n<li>a fonott kosarak vagy juta sz\u0151nyegek tov\u00e1bbi text\u00far\u00e1t, izgalmat hoznak,<\/li>\n<li>a z\u00f6ld \u00e1rnyalatok pedig friss\u00edt\u0151en kieg\u00e9sz\u00edtik a f\u00f6ldsz\u00edneket.<\/li>\n<\/ul>\n<p>A vil\u00e1gos, p\u00e9ld\u00e1ul zs\u00e1lya \u00e1rnyalat\u00fa z\u00f6ldek \u00e9s a fa b\u00fatorok b\u00e9k\u00e9s, kiegyens\u00falyozott l\u00e9gk\u00f6rt teremtenek. A s\u00f6t\u00e9tebb, p\u00e9ld\u00e1ul vad\u00e1sz-z\u00f6ld j\u00f3l mutat k\u0151vel, \u00e9s eleg\u00e1nsabb lesz t\u0151le a t\u00e9r. <strong>A n\u00f6v\u00e9nyes, botanikus mint\u00e1k is k\u00f6zelebb hozz\u00e1k a term\u00e9szetet<\/strong>, plusz l\u00e1tv\u00e1nyosak.<\/p>\n<p><strong>A vil\u00e1g\u00edt\u00e1s is fontos \u2013 a term\u00e9szetes f\u00e9ny kihozza a z\u00f6ldek \u00e9s f\u00f6ldsz\u00ednek sz\u00e9ps\u00e9g\u00e9t<\/strong>, \u00edgy m\u00e9g otthonosabb a szoba. Ha mesters\u00e9ges vil\u00e1g\u00edt\u00e1st haszn\u00e1lsz, olyan f\u00e9nyt v\u00e1lassz, ami meleg \u00e1rnyalat\u00fa, mert ez is t\u00e1mogatja az \u00f6sszhangot.<\/p>\n<p>Ezzel a megk\u00f6zel\u00edt\u00e9ssel igaz\u00e1n kiegyens\u00falyozott, b\u00e9k\u00e9s \u00e9s term\u00e9szetk\u00f6zeli szob\u00e1kat hozhatsz l\u00e9tre, ahol \u00f6r\u00f6m tart\u00f3zkodni.<\/p>\n<\/details>\n<details class=\"g-accordion \"><summary><h3>Milyen hat\u00e1ssal vannak a meleg \u00e1rnyalatok a z\u00f6ld szob\u00e1kban?<\/h3><\/summary>  <\/p>\n<p>Ha <strong>meleg t\u00f3nusokat<\/strong> viszel a z\u00f6ld szob\u00e1ba, bar\u00e1ts\u00e1gosabb, intimebb lesz a hangulat, \u00e9s a dekor m\u00e9lyebbnek, gazdagabbnak t\u0171nik. Egy kis <strong>arany vagy r\u00e9z kieg\u00e9sz\u00edt\u0151vel<\/strong> j\u00e1t\u00e9kos, harmonikus k\u00f6zpontokat emelhetsz ki, amelyek sz\u00e9pen kiemelik a term\u00e9szetes z\u00f6ldeket. Ezek a meleg \u00e1rnyalatok j\u00f3l illeszkednek a k\u00fcl\u00f6nb\u00f6z\u0151 z\u00f6ldekhez, \u00e9s lehet\u0151s\u00e9get adnak, hogy b\u00e1tran k\u00eds\u00e9rletezz a lak\u00e1sod st\u00edlus\u00e1val.<\/p>\n<\/details>\n","protected":false},"excerpt":{"rendered":"<p>Z\u00f6ld szobadekor\u00e1ci\u00f3val otthonod friss\u00edt\u0151 mened\u00e9kk\u00e9 v\u00e1lhat, ahol egyszerre \u00e9rv\u00e9nyes\u00fcl a st\u00edlus \u00e9s a nyugalom. A mer\u00e9sz smaragdz\u00f6ld falakt\u00f3l a visszafogott zs\u00e1lyaz\u00f6ld b\u00fatorokig a z\u00f6ld sz\u00edn sz\u00e1mtalan lehet\u0151s\u00e9get ny\u00fajt arra, hogy l\u00e1tv\u00e1nyosan feldobd a teret, mik\u00f6zben t\u00e1mogatja a j\u00f3 k\u00f6z\u00e9rzetet is. A z\u00f6ld bels\u0151 terek k\u00f6zelebb hoznak minket a term\u00e9szet nyugtat\u00f3 erej\u00e9hez, amely a gy\u00f3gyul\u00e1ssal, a fejl\u0151d\u00e9ssel \u00e9s az \u00fajrakezd\u00e9ssel kapcsolatos.&hellip;<\/p>\n","protected":false},"author":12,"featured_media":7673,"comment_status":"closed","ping_status":"closed","sticky":false,"template":"","format":"standard","meta":{"rank_math_focus_keyword":"z\u00f6ld szoba dekor\u00e1ci\u00f3 \u00f6tletek","rank_math_title":"Alak\u00edtsd \u00e1t a teredet st\u00edlusosan","rank_math_description":"Fedezd fel leny\u0171g\u00f6z\u0151 z\u00f6ld szoba dekor\u00e1ci\u00f3s \u00f6tleteket, hogy st\u00edlusosan \u00e9s eleg\u00e1nsan friss\u00edtsd fel a teredet. Ismerd meg a trendeket \u00e9s tippeket egy \u00e9l\u00e9nk otthon\u00e9rt.","footnotes":""},"categories":[147],"tags":[],"class_list":["post-8262","post","type-post","status-publish","format-standard","has-post-thumbnail","hentry","category-tematikus-szobak"],"g_custom_schema_json":"<script type=\"application\/ld+json\">\n{\n  \"@context\": \"https:\/\/schema.org\",\n  \"@type\": \"FAQPage\",\n  \"mainEntity\": [\n    {\n      \"@type\": \"Question\",\n      \"name\": \"Milyen \u00f6tletek vannak egy z\u00f6ld szoba dekor\u00e1l\u00e1s\u00e1hoz?\",\n      \"acceptedAnswer\": {\n        \"@type\": \"Answer\",\n        \"text\": \"Ha bar\u00e1ts\u00e1gos z\u00f6ld szob\u00e1t szeretn\u00e9l, olyan elemeket \u00e9rdemes haszn\u00e1lni, amelyek kellemes hangulatot teremtenek. Egy z\u00f6ldre festett fal r\u00f6gt\u00f6n a figyelem k\u00f6z\u00e9ppontj\u00e1ba ker\u00fcl \u00e9s m\u00e9lys\u00e9get ad a t\u00e9rnek. A dekor\u00e1ci\u00f3ban a n\u00f6v\u00e9nyek elengedhetetlenek: egyszerre teszik szebb\u00e9 a szob\u00e1t, jav\u00edtj\u00e1k a leveg\u0151t \u00e9s term\u00e9szetes \u00e9letet visznek a k\u00f6rnyezetbe.\"\n      }\n    },\n    {\n      \"@type\": \"Question\",\n      \"name\": \"Milyen el\u0151nyei vannak a z\u00f6ld enteri\u0151rnek?\",\n      \"acceptedAnswer\": {\n        \"@type\": \"Answer\",\n        \"text\": \"A z\u00f6ld sz\u00ednek sz\u00e1mos el\u0151nnyel j\u00e1rnak, emiatt sokan v\u00e1lasztj\u00e1k ezt az otthondekor\u00e1ci\u00f3ban. A z\u00f6ld sz\u00ednt kapcsolatba hozz\u00e1k a b\u0151s\u00e9ggel, gy\u00f3gyul\u00e1ssal, \u00fajrakezd\u00e9ssel \u00e9s fejl\u0151d\u00e9ssel. Ez a sz\u00edn testi-lelki egyens\u00falyt \u00e9s frissess\u00e9get visz a terekbe.\"\n      }\n    },\n    {\n      \"@type\": \"Question\",\n      \"name\": \"Mit jelent a term\u00e9szet ihlette lakberendez\u00e9s?\",\n      \"acceptedAnswer\": {\n        \"@type\": \"Answer\",\n        \"text\": \"A term\u00e9szet sz\u00e9ps\u00e9g\u00e9t bevinni a lak\u00e1sba azt jelenti, hogy term\u00e9szet ihlette dekor\u00e1ci\u00f3t haszn\u00e1lsz. Ez mag\u00e1ba foglalja a z\u00f6ld n\u00f6v\u00e9nyeket, a f\u00f6ldsz\u00edneket \u00e9s term\u00e9szetes anyagokat, \u00edgy b\u00e9k\u00e9s, csendes szob\u00e1t teremthetsz vele.\"\n      }\n    },\n    {\n      \"@type\": \"Question\",\n      \"name\": \"Hogyan dobj\u00e1k fel a szoban\u00f6v\u00e9nyek egy helyis\u00e9g hangulat\u00e1t?\",\n      \"acceptedAnswer\": {\n        \"@type\": \"Answer\",\n        \"text\": \"A z\u00f6ld n\u00f6v\u00e9nyek felt\u0171n\u0151en feldobj\u00e1k a szob\u00e1t: term\u00e9szetes b\u00e1jukkal megeleven\u00edtik a teret \u00e9s friss, \u00e9l\u00e9nk sz\u00edneket visznek be. A l\u00e1tv\u00e1nyuk mellett tiszt\u00edtj\u00e1k a leveg\u0151t, \u00edgy eg\u00e9szs\u00e9gesebb\u00e9 \u00e9s bar\u00e1ts\u00e1gosabb\u00e1 teszik a lak\u00e1st. Ha sokf\u00e9le n\u00f6v\u00e9nyt haszn\u00e1lsz, nyugodt, h\u00edvogat\u00f3 hangulatot teremthetsz ak\u00e1rhol.\"\n      }\n    },\n    {\n      \"@type\": \"Question\",\n      \"name\": \"Milyen z\u00f6ld \u00e1rnyalatok l\u00e9teznek a lakberendez\u00e9sben?\",\n      \"acceptedAnswer\": {\n        \"@type\": \"Answer\",\n        \"text\": \"A z\u00f6ld rendk\u00edv\u00fcl sokoldal\u00fa sz\u00edn, amivel teljesen \u00e1talak\u00edthatod a szob\u00e1k hangulat\u00e1t. Ak\u00e1r a vil\u00e1gos, laza tengerhab z\u00f6ldet, ak\u00e1r a m\u00e9ly, s\u0171r\u0171 erd\u0151z\u00f6ldet kedveled, biztosan tal\u00e1lsz az \u00edzl\u00e9sedhez ill\u0151 \u00e1rnyalatot. A vil\u00e1gosz\u00f6ld sz\u00ednek t\u00e1gasabbnak mutatj\u00e1k a kisebb tereket.\"\n      }\n    },\n    {\n      \"@type\": \"Question\",\n      \"name\": \"Hogyan hatnak az elt\u00e9r\u0151 z\u00f6ld \u00e1rnyalatok a szoba hangulat\u00e1ra?\",\n      \"acceptedAnswer\": {\n        \"@type\": \"Answer\",\n        \"text\": \"A z\u00f6ld \u00e1rnyalatok nagyban befoly\u00e1solj\u00e1k, hogyan \u00e9rezz\u00fck magunkat egy szob\u00e1ban \u2013 mindegyik sz\u00edn m\u00e1s-m\u00e1s hangulatot teremt. A s\u00f6t\u00e9tz\u00f6ldek, p\u00e9ld\u00e1ul az erd\u0151- vagy smaragdz\u00f6ld, otthonos \u00e9s bar\u00e1ts\u00e1gos teret teremtenek, j\u00f3l m\u0171k\u00f6dnek nappaliban, h\u00e1l\u00f3szob\u00e1ban.\"\n      }\n    },\n    {\n      \"@type\": \"Question\",\n      \"name\": \"Hogyan befoly\u00e1solj\u00e1k a z\u00f6ld falfest\u00e9kek a lakberendez\u00e9st?\",\n      \"acceptedAnswer\": {\n        \"@type\": \"Answer\",\n        \"text\": \"A z\u00f6ld falak fontos szerepet kapnak a lakberendez\u00e9sben: egyszerre sokoldal\u00faak \u00e9s izgalmasak. Ha vil\u00e1gosabb \u00e1rnyalatokat \u2013 p\u00e9ld\u00e1ul tengerhab vagy pasztellz\u00f6ld \u2013 haszn\u00e1lsz, a kicsi helyis\u00e9gek is nagyobbnak t\u0171nnek, mert a falakr\u00f3l visszaver\u0151d\u0151 f\u00e9ny t\u00e1gass\u00e1got k\u00f6lcs\u00f6n\u00f6z.\"\n      }\n    },\n    {\n      \"@type\": \"Question\",\n      \"name\": \"Hogyan alak\u00edtj\u00e1k \u00e1t a z\u00f6ld falak a szob\u00e1t?\",\n      \"acceptedAnswer\": {\n        \"@type\": \"Answer\",\n        \"text\": \"A z\u00f6ld falak val\u00f3ban \u00e1tform\u00e1lj\u00e1k a szob\u00e1kat: er\u0151s l\u00e1tv\u00e1nyt, f\u00f3kuszpontot teremtenek. Emiatt a t\u00e9r sokkal bar\u00e1ts\u00e1gosabbnak, \u00e9l\u00e9nkebbnek t\u0171nik. A z\u00f6ld falak emellett a hangulatunkra is hatnak, seg\u00edtenek ellazulni.\"\n      }\n    },\n    {\n      \"@type\": \"Question\",\n      \"name\": \"Hogyan befoly\u00e1solja a z\u00f6ldre festett fal a hangulatot?\",\n      \"acceptedAnswer\": {\n        \"@type\": \"Answer\",\n        \"text\": \"A z\u00f6ld fallal er\u0151teljesen befoly\u00e1solhatod a hangulatodat: seg\u00edt nyugodt, pihentet\u0151 k\u00f6rnyezetet l\u00e9trehozni. Az sem mindegy, milyen \u00e1rnyalatot v\u00e1lasztasz: a s\u00f6t\u00e9tebb z\u00f6ldek, p\u00e9ld\u00e1ul a smaragd vagy erd\u0151z\u00f6ld, bar\u00e1ts\u00e1gos, meghitt \u00e9rzetet adnak.\"\n      }\n    },\n    {\n      \"@type\": \"Question\",\n      \"name\": \"Milyen el\u0151nyei vannak a z\u00f6ld kiemel\u0151 falaknak?\",\n      \"acceptedAnswer\": {\n        \"@type\": \"Answer\",\n        \"text\": \"A z\u00f6ld kiemel\u0151 falak egyszerre teszik l\u00e1tv\u00e1nyosabb\u00e1 \u00e9s praktikusabb\u00e1 a szob\u00e1t. Ezek a falak igazi f\u00f3kuszpontokk\u00e1 v\u00e1lnak, vonzz\u00e1k a tekintetet, \u00e9s harm\u00f3ni\u00e1ba hozz\u00e1k a berendez\u00e9st, mik\u00f6zben m\u00e9lys\u00e9get, sz\u00ednt adnak a t\u00e9rnek.\"\n      }\n    },\n    {\n      \"@type\": \"Question\",\n      \"name\": \"Milyen hat\u00e1sa van a kiemel\u0151 falnak egy z\u00f6ld szob\u00e1ban?\",\n      \"acceptedAnswer\": {\n        \"@type\": \"Answer\",\n        \"text\": \"Ha egy kiemel\u0151 falat festesz a z\u00f6ld szob\u00e1ban, az izgalmas kontrasztot ad \u00e9s m\u00e1ris karakteress\u00e9 teszi a teret. Egy ilyen fal seg\u00edt elk\u00fcl\u00f6n\u00edteni a helyis\u00e9geket vagy tereket, mik\u00f6zben nem veszik el az egys\u00e9ges, sz\u00e9p \u00f6sszk\u00e9p.\"\n      }\n    },\n    {\n      \"@type\": \"Question\",\n      \"name\": \"Hogyan m\u0171k\u00f6dik a \u201ecolor-drenching\u201d z\u00f6ld sz\u00ednnel?\",\n      \"acceptedAnswer\": {\n        \"@type\": \"Answer\",\n        \"text\": \"Ha mindenhol z\u00f6ldet haszn\u00e1lsz a lak\u00e1sban, igaz\u00e1n egys\u00e9ges, k\u00fcl\u00f6nleges hat\u00e1st hozhatsz l\u00e9tre. A szoba t\u00f6bb pontj\u00e1n, falakon, b\u00fatorokon, kisebb kieg\u00e9sz\u00edt\u0151k\u00f6n elhelyezett k\u00fcl\u00f6nb\u00f6z\u0151 z\u00f6ld \u00e1rnyalatok kiemelik a sz\u00edn frissess\u00e9g\u00e9t.\"\n      }\n    },\n    {\n      \"@type\": \"Question\",\n      \"name\": \"Milyen hat\u00e9kony z\u00f6ld sz\u00edns\u00e9m\u00e1kat alkothatsz?\",\n      \"acceptedAnswer\": {\n        \"@type\": \"Answer\",\n        \"text\": \"Hat\u00e9kony z\u00f6ld sz\u00ednkombin\u00e1ci\u00f3 akkor sz\u00fcletik, ha okosan kevered a k\u00fcl\u00f6nf\u00e9le z\u00f6ldeket semleges, meleg vagy h\u0171v\u00f6s sz\u00ednekkel \u2013 \u00edgy harmonikus \u00e9s sz\u00e9p lesz az \u00f6sszhat\u00e1s. Pr\u00f3b\u00e1lj ki gazdag z\u00f6ldeket b\u00e9zs vagy kr\u00e9msz\u00edn mell\u00e9!\"\n      }\n    },\n    {\n      \"@type\": \"Question\",\n      \"name\": \"Hogyan \u00e9rhet\u0151 el monokr\u00f3m paletta z\u00f6lddel?\",\n      \"acceptedAnswer\": {\n        \"@type\": \"Answer\",\n        \"text\": \"Ha monokr\u00f3m palett\u00e1t szeretn\u00e9l z\u00f6lddel, fontos, hogy a k\u00fcl\u00f6nb\u00f6z\u0151 z\u00f6ld \u00e1rnyalatokat a t\u00e9r t\u00f6bb pontj\u00e1n is megjelen\u00edtsd \u2013 p\u00e9ld\u00e1ul a falakon, b\u00fatorokon vagy kieg\u00e9sz\u00edt\u0151k\u00f6n. Ez a m\u00f3dszer egys\u00e9ges, st\u00edlusos \u00f6sszhat\u00e1st biztos\u00edt.\"\n      }\n    },\n    {\n      \"@type\": \"Question\",\n      \"name\": \"Hogyan alak\u00edthatsz ki nyugodt hangulatot z\u00f6lddel?\",\n      \"acceptedAnswer\": {\n        \"@type\": \"Answer\",\n        \"text\": \"Ha szeretn\u00e9l nyugalmat teremteni, v\u00e1lassz l\u00e1gy, tompa z\u00f6ld \u00e1rnyalatokat, \u00e9s eg\u00e9sz\u00edtsd ki term\u00e9szetes anyagokkal. P\u00e9ld\u00e1ul zs\u00e1lya vagy pasztellz\u00f6ld biztos\u00edtja a b\u00e9k\u00e9s hangulatot, a fa \u00e9s k\u0151 kieg\u00e9sz\u00edt\u0151k pedig r\u00e1er\u0151s\u00edtenek erre a nyugalomra.\"\n      }\n    }\n  ]\n}\n<\/script>\n\n<script type=\"application\/ld+json\">\n{\n  \"@context\": \"https:\/\/schema.org\",\n  \"@type\": \"HowTo\",\n  \"name\": \"Hogyan dekor\u00e1ld a szob\u00e1dat z\u00f6ld sz\u00ednnel\",\n  \"description\": \"L\u00e9p\u00e9sr\u0151l l\u00e9p\u00e9sre \u00fatmutat\u00f3 ahhoz, hogyan alak\u00edts ki friss\u00edt\u0151, nyugodt z\u00f6ld szobabels\u0151t.\",\n  \"image\": [\n    \"https:\/\/doubletakedecor.com\/uploads\/2025\/09\/green-room-decor-ideas-dtd-01.jpg\",\n    \"https:\/\/doubletakedecor.com\/uploads\/2025\/09\/green-room-decor-ideas-dtd-02.jpg\",\n    \"https:\/\/doubletakedecor.com\/uploads\/2025\/09\/green-room-decor-ideas-dtd-03.jpg\",\n    \"https:\/\/doubletakedecor.com\/uploads\/2025\/09\/green-room-decor-ideas-dtd-04.jpg\",\n    \"https:\/\/doubletakedecor.com\/uploads\/2025\/09\/green-room-decor-ideas-dtd-05.jpg\",\n    \"https:\/\/doubletakedecor.com\/uploads\/2025\/09\/green-room-decor-ideas-dtd-06.jpg\",\n    \"https:\/\/doubletakedecor.com\/uploads\/2025\/09\/green-room-decor-ideas-dtd-07.jpg\",\n    \"https:\/\/doubletakedecor.com\/uploads\/2025\/09\/green-room-decor-ideas-dtd-08.jpg\",\n    \"https:\/\/doubletakedecor.com\/uploads\/2025\/09\/green-room-decor-ideas-dtd-09.jpg\",\n    \"https:\/\/doubletakedecor.com\/uploads\/2025\/09\/green-room-decor-ideas-dtd-10.jpg\"\n  ],\n  \"totalTime\": \"PT2H\",\n  \"supply\": [\n    {\n      \"@type\": \"HowToSupply\",\n      \"name\": \"z\u00f6ld falfest\u00e9k (pl. smaragd, zs\u00e1lya vagy pasztell)\"\n    },\n    {\n      \"@type\": \"HowToSupply\",\n      \"name\": \"z\u00f6ld vagy term\u00e9szetes \u00e1rnyalat\u00fa b\u00fatorok\"\n    },\n    {\n      \"@type\": \"HowToSupply\",\n      \"name\": \"\u00e9l\u0151 n\u00f6v\u00e9nyek, kasp\u00f3k\"\n    },\n    {\n      \"@type\": \"HowToSupply\",\n      \"name\": \"d\u00edszp\u00e1rn\u00e1k, textilek z\u00f6ld \u00e1rnyalatban\"\n    },\n    {\n      \"@type\": \"HowToSupply\",\n      \"name\": \"f\u00e9mes (arany, r\u00e9z) \u00e9s fa kieg\u00e9sz\u00edt\u0151k\"\n    }\n  ],\n  \"tool\": [\n    {\n      \"@type\": \"HowToTool\",\n      \"name\": \"ecset \u00e9s henger\"\n    },\n    {\n      \"@type\": \"HowToTool\",\n      \"name\": \"b\u00fatorok mozgat\u00e1s\u00e1hoz seg\u00e9deszk\u00f6z\"\n    }\n  ],\n  \"step\": [\n    {\n      \"@type\": \"HowToStep\",\n      \"name\": \"V\u00e1laszd ki a megfelel\u0151 z\u00f6ld \u00e1rnyalatot\",\n      \"text\": \"K\u00eds\u00e9rletezz t\u00f6bb z\u00f6ld fest\u00e9kmint\u00e1val a falon, hogy megtal\u00e1ld a t\u00e9rhez, f\u00e9nyviszonyokhoz \u00e9s b\u00fatorokhoz legjobban ill\u0151t.\",\n      \"image\": \"https:\/\/doubletakedecor.com\/uploads\/2025\/09\/green-room-decor-ideas-dtd-01.jpg\"\n    },\n    {\n      \"@type\": \"HowToStep\",\n      \"name\": \"Fesd ki a falakat\",\n      \"text\": \"Haszn\u00e1lj vil\u00e1gos vagy m\u00e9ly z\u00f6ld \u00e1rnyalatot kiemelt falon vagy ak\u00e1r minden falon, hogy egys\u00e9ges, term\u00e9szetes hat\u00e1st \u00e9rj el.\",\n      \"image\": \"https:\/\/doubletakedecor.com\/uploads\/2025\/09\/green-room-decor-ideas-dtd-02.jpg\"\n    },\n    {\n      \"@type\": \"HowToStep\",\n      \"name\": \"V\u00e1lassz z\u00f6ld vagy term\u00e9szetes b\u00fatorokat\",\n      \"text\": \"Illeszd a b\u00fatorokat a kiv\u00e1lasztott z\u00f6ldh\u00f6z. J\u00f3l mutat egy smaragd vagy ol\u00edvaz\u00f6ld kanap\u00e9, de a fa, bambusz vagy fonott b\u00fatorok is sz\u00e9pen kiemelik a term\u00e9szetess\u00e9get.\",\n      \"image\": \"https:\/\/doubletakedecor.com\/uploads\/2025\/09\/green-room-decor-ideas-dtd-03.jpg\"\n    },\n    {\n      \"@type\": \"HowToStep\",\n      \"name\": \"Helyezz el \u00e9l\u0151 n\u00f6v\u00e9nyeket\",\n      \"text\": \"Tegy\u00e9l k\u00fcl\u00f6nb\u00f6z\u0151 magass\u00e1g\u00fa szoban\u00f6v\u00e9nyeket a t\u00e9rbe \u2013 polcra, asztalra vagy ablak mell\u00e9. Ezek friss\u00edtik a leveg\u0151t \u00e9s otthonosabb\u00e1 teszik a szob\u00e1t.\",\n      \"image\": \"https:\/\/doubletakedecor.com\/uploads\/2025\/09\/green-room-decor-ideas-dtd-04.jpg\"\n    },\n    {\n      \"@type\": \"HowToStep\",\n      \"name\": \"Eg\u00e9sz\u00edtsd ki z\u00f6ld \u00e1rnyalat\u00fa textilekkel\",\n      \"text\": \"V\u00e1lassz d\u00edszp\u00e1rn\u00e1kat, pl\u00e9deket, sz\u0151nyegeket z\u00f6ld sz\u00ednben vagy mint\u00e1val. Ezekkel finoman fokozhatod a z\u00f6ld hat\u00e1st.\",\n      \"image\": \"https:\/\/doubletakedecor.com\/uploads\/2025\/09\/green-room-decor-ideas-dtd-05.jpg\"\n    },\n    {\n      \"@type\": \"HowToStep\",\n      \"name\": \"Haszn\u00e1lj term\u00e9szetes \u00e9s f\u00e9mes kieg\u00e9sz\u00edt\u0151ket\",\n      \"text\": \"Fa, k\u0151, arany vagy r\u00e9z elemekkel m\u00e9g eleg\u00e1nsabb\u00e1 \u00e9s melegebb\u00e9 teheted a szob\u00e1t. Ezek j\u00f3l kiemelik a z\u00f6ld sz\u00edneket.\",\n      \"image\": \"https:\/\/doubletakedecor.com\/uploads\/2025\/09\/green-room-decor-ideas-dtd-06.jpg\"\n    },\n    {\n      \"@type\": \"HowToStep\",\n      \"name\": \"\u00c1ll\u00edtsd \u00f6ssze a vil\u00e1g\u00edt\u00e1st\",\n      \"text\": \"Meleg f\u00e9ny\u0171 l\u00e1mp\u00e1kkal \u00e9s term\u00e9szetes f\u00e9nnyel fokozhatod a z\u00f6ld sz\u00edn frissess\u00e9g\u00e9t \u00e9s nyugalm\u00e1t.\",\n      \"image\": \"https:\/\/doubletakedecor.com\/uploads\/2025\/09\/green-room-decor-ideas-dtd-07.jpg\"\n    },\n    {\n      \"@type\": \"HowToStep\",\n      \"name\": \"Kombin\u00e1ld a k\u00fcl\u00f6nb\u00f6z\u0151 z\u00f6ld \u00e1rnyalatokat\",\n      \"text\": \"Vari\u00e1ld a vil\u00e1gos \u00e9s s\u00f6t\u00e9t z\u00f6ldeket, p\u00e9ld\u00e1ul egy m\u00e9lyz\u00f6ld falat vil\u00e1gosabb b\u00fatorokkal, vagy ford\u00edtva. Ez k\u00fcl\u00f6nleges, st\u00edlusos \u00f6sszhat\u00e1st ad.\",\n      \"image\": \"https:\/\/doubletakedecor.com\/uploads\/2025\/09\/green-room-decor-ideas-dtd-08.jpg\"\n    },\n    {\n      \"@type\": \"HowToStep\",\n      \"name\": \"Dekor\u00e1ld a r\u00e9szleteket\",\n      \"text\": \"Haszn\u00e1lj z\u00f6ld kasp\u00f3kat, n\u00f6v\u00e9nymint\u00e1s k\u00e9peket, vagy d\u00edszt\u00e1rgyakat, hogy egys\u00e9ges \u00e9s nyugodt legyen a t\u00e9r.\",\n      \"image\": \"https:\/\/doubletakedecor.com\/uploads\/2025\/09\/green-room-decor-ideas-dtd-09.jpg\"\n    },\n    {\n      \"@type\": \"HowToStep\",\n      \"name\": \"\u00c9lvezd a meg\u00fajult szob\u00e1t\",\n      \"text\": \"A z\u00f6ld szoba egyszerre friss\u00edt\u0151, st\u00edlusos \u00e9s nyugtat\u00f3 mened\u00e9k lesz az otthonodban.\"\n    }\n  ]\n}\n<\/script>","_links":{"self":[{"href":"https:\/\/doubletakedecor.com\/hu\/wp-json\/wp\/v2\/posts\/8262","targetHints":{"allow":["GET"]}}],"collection":[{"href":"https:\/\/doubletakedecor.com\/hu\/wp-json\/wp\/v2\/posts"}],"about":[{"href":"https:\/\/doubletakedecor.com\/hu\/wp-json\/wp\/v2\/types\/post"}],"author":[{"embeddable":true,"href":"https:\/\/doubletakedecor.com\/hu\/wp-json\/wp\/v2\/users\/12"}],"replies":[{"embeddable":true,"href":"https:\/\/doubletakedecor.com\/hu\/wp-json\/wp\/v2\/comments?post=8262"}],"version-history":[{"count":1,"href":"https:\/\/doubletakedecor.com\/hu\/wp-json\/wp\/v2\/posts\/8262\/revisions"}],"predecessor-version":[{"id":8263,"href":"https:\/\/doubletakedecor.com\/hu\/wp-json\/wp\/v2\/posts\/8262\/revisions\/8263"}],"wp:featuredmedia":[{"embeddable":true,"href":"https:\/\/doubletakedecor.com\/hu\/wp-json\/wp\/v2\/media\/7673"}],"wp:attachment":[{"href":"https:\/\/doubletakedecor.com\/hu\/wp-json\/wp\/v2\/media?parent=8262"}],"wp:term":[{"taxonomy":"category","embeddable":true,"href":"https:\/\/doubletakedecor.com\/hu\/wp-json\/wp\/v2\/categories?post=8262"},{"taxonomy":"post_tag","embeddable":true,"href":"https:\/\/doubletakedecor.com\/hu\/wp-json\/wp\/v2\/tags?post=8262"}],"curies":[{"name":"wp","href":"https:\/\/api.w.org\/{rel}","templated":true}]}}