{"id":8290,"date":"2025-09-13T16:35:37","date_gmt":"2025-09-13T14:35:37","guid":{"rendered":"https:\/\/doubletakedecor.com\/videkies\/paraszthaz-asztal-otletek\/"},"modified":"2025-09-13T18:06:20","modified_gmt":"2025-09-13T16:06:20","slug":"paraszthaz-asztal-otletek","status":"publish","type":"post","link":"https:\/\/doubletakedecor.com\/hu\/videkies\/paraszthaz-asztal-otletek\/","title":{"rendered":"Kreat\u00edv paraszth\u00e1z asztal \u00f6tletek az \u00e9tkez\u0151d sz\u00e1m\u00e1ra"},"content":{"rendered":"<p>A vid\u00e9ki st\u00edlus\u00fa asztalok igazi kedvencek lettek a lakberendez\u0151k k\u00f6r\u00e9ben, hiszen id\u0151tlen sz\u00e9ps\u00e9g\u00fckkel \u00f6tv\u00f6zik a rusztikus b\u00e1jt \u00e9s a praktikus haszn\u00e1lhat\u00f3s\u00e1got. Ezek az asztalok t\u00f6bbet jelentenek, mint egyszer\u0171 \u00e9tkez\u0151b\u00fatorok \u2013 gyakran a lak\u00e1s k\u00f6z\u00e9ppontj\u00e1v\u00e1 v\u00e1lnak, ahov\u00e1 a csal\u00e1d \u00e9s bar\u00e1tok sz\u00edvesen \u00f6sszegy\u0171lnek, meleg, bar\u00e1ts\u00e1gos hangulatot teremtve.<\/p>\n<p>A vid\u00e9ki asztalok sokf\u00e9le st\u00edlusban kaphat\u00f3k, a hagyom\u00e1nyos rusztikust\u00f3l eg\u00e9szen a modern, ipari kombin\u00e1ci\u00f3kig, \u00edgy mindenki megtal\u00e1lhatja a saj\u00e1t \u00edzl\u00e9s\u00e9hez ill\u0151t. Ezek az asztalok min\u0151s\u00e9gi f\u00e1kb\u00f3l k\u00e9sz\u00fclnek, p\u00e9ld\u00e1ul t\u00f6lgyb\u0151l, csereszny\u00e9b\u0151l, barna juharb\u00f3l vagy di\u00f3b\u00f3l. Minden darab egyedi karaktert kap a term\u00e9szetes erezetnek \u00e9s a fa text\u00far\u00e1j\u00e1nak k\u00f6sz\u00f6nhet\u0151en \u2013 k\u00fcl\u00f6n\u00f6sen igaz ez, ha \u00fajrahasznos\u00edtott pajtaf\u00e1b\u00f3l k\u00e9sz\u00fclnek.<\/p>\n<p>A vid\u00e9ki asztalok egyik legnagyobb el\u0151nye, hogy rengetegf\u00e9lek\u00e9ppen alak\u00edthat\u00f3k. Te v\u00e1laszthatod meg p\u00e9ld\u00e1ul a l\u00e1bak t\u00edpus\u00e1t (n\u00e9gy l\u00e1b\u00fa, talpas vagy keresztl\u00e1b\u00fa), illetve a fel\u00fcletkezel\u00e9st is, hogy az asztal t\u00f6k\u00e9letesen illeszkedjen otthonodba. Az asztalos hobbi szerelmesei k\u00fcl\u00f6n\u00f6sen szeretik ezeket az asztalokat, mert az egyszer\u0171 szerkezetnek h\u00e1la m\u00e1r kezd\u0151k is k\u00f6nnyen elk\u00e9sz\u00edthetik n\u00e9h\u00e1ny alap szersz\u00e1mmal.<\/p>\n<p>Ak\u00e1r boltban v\u00e1s\u00e1rolod, ak\u00e1r te magad k\u00e9sz\u00edted el, egy vid\u00e9ki asztal az \u00e9tkez\u0151t igaz\u00e1n meghitt\u00e9 \u00e9s bar\u00e1ts\u00e1goss\u00e1 var\u00e1zsolja. Ha hozz\u00e1ill\u0151 sz\u00e9keket, k\u00e1rpitozott \u00fcl\u0151alkalmatoss\u00e1gokat vagy ak\u00e1r egyszer\u0171 padokat v\u00e1lasztasz mell\u00e9, olyan k\u00f6zponti helyet tudsz teremteni, ahol a st\u00edlus, a k\u00e9nyelem \u00e9s az \u00f6r\u00f6k divat t\u00f6k\u00e9letesen \u00f6sszeolvad.<\/p>\n<div class=\"kt_block\" id=\"kt_id\">\n<span class=\"kt_headline\">Legfontosabb tudnival\u00f3k<\/span><\/p>\n<ul class=\"kt_post_list\">\n<li><strong>\ud83c\udfe1 Id\u0151tlen st\u00edlus:<\/strong> A vid\u00e9ki asztalok rusztikus b\u00e1juk \u00e9s sokoldal\u00fas\u00e1guk miatt n\u00e9pszer\u0171ek. K\u00f6zponti \u00f6sszej\u00f6vetelek helysz\u00edn\u00e9\u00fcl szolg\u00e1lnak, \u00e9s otthonos hangulatot var\u00e1zsolnak b\u00e1rmely lak\u00e1sba.<\/li>\n<li><strong>\ud83e\udeb5 Szem\u00e9lyre szabhat\u00f3:<\/strong> Ezek az asztalok rengetegf\u00e9le lehet\u0151s\u00e9get k\u00edn\u00e1lnak a fa t\u00edpus\u00e1t\u00f3l kezdve a l\u00e1bak st\u00edlus\u00e1ig, \u00edgy teljesen a saj\u00e1t \u00edzl\u00e9sedhez igaz\u00edthatod \u0151ket.<\/li>\n<li><strong>\ud83d\udd28 Bark\u00e1csbar\u00e1t:<\/strong> A vid\u00e9ki asztalok egyszer\u0171 szerkezet\u00fcknek k\u00f6sz\u00f6nhet\u0151en ide\u00e1lisak azoknak, akik sz\u00edvesen bark\u00e1csolnak otthon. Ak\u00e1r kezd\u0151k\u00e9nt is hozz\u00e1l\u00e1thatsz az elk\u00e9sz\u00edt\u00e9s\u00fckh\u00f6z, ha van n\u00e9h\u00e1ny alap szersz\u00e1mod.<\/li>\n<li><strong>\ud83c\udf7d\ufe0f Sokoldal\u00fa \u00e9tkez\u0151k:<\/strong> Ak\u00e1r egys\u00e9ges, ak\u00e1r sokf\u00e9le sz\u00e9kkel p\u00e1ros\u00edtod, a vid\u00e9ki asztal h\u00edvogat\u00f3, st\u00edlusos, k\u00e9nyelmes \u00e9tkez\u0151helyet teremt.<\/li>\n<\/ul>\n<\/div>\n<h2>Eleg\u00e1ns fa asztal huzatos sz\u00e9kekkel<\/h2>\n<p><img loading=\"lazy\" decoding=\"async\" width=\"700\" height=\"1050\" alt=\"Vil\u00e1gos \u00e9tkez\u0151 vil\u00e1gos fa asztallal, sz\u00fcrke \u00e9s feh\u00e9r huzatos sz\u00e9kekkel, r\u00e9z csill\u00e1rral \u00e9s k\u0151falas polcokkal.\" class=\"aligncenter size-full wp-image-7678\" src=\"https:\/\/doubletakedecor.com\/uploads\/2025\/09\/farmhouse-table-ideas-dtd-01.jpg\" srcset=\"https:\/\/doubletakedecor.com\/uploads\/2025\/09\/farmhouse-table-ideas-dtd-01.jpg 700w, https:\/\/doubletakedecor.com\/uploads\/2025\/09\/farmhouse-table-ideas-dtd-01-200x300.jpg 200w, https:\/\/doubletakedecor.com\/uploads\/2025\/09\/farmhouse-table-ideas-dtd-01-683x1024.jpg 683w, https:\/\/doubletakedecor.com\/uploads\/2025\/09\/farmhouse-table-ideas-dtd-01-96x144.jpg 96w, https:\/\/doubletakedecor.com\/uploads\/2025\/09\/farmhouse-table-ideas-dtd-01-280x420.jpg 280w, https:\/\/doubletakedecor.com\/uploads\/2025\/09\/farmhouse-table-ideas-dtd-01-320x480.jpg 320w, https:\/\/doubletakedecor.com\/uploads\/2025\/09\/farmhouse-table-ideas-dtd-01-360x540.jpg 360w, https:\/\/doubletakedecor.com\/uploads\/2025\/09\/farmhouse-table-ideas-dtd-01-363x545.jpg 363w, https:\/\/doubletakedecor.com\/uploads\/2025\/09\/farmhouse-table-ideas-dtd-01-370x555.jpg 370w, https:\/\/doubletakedecor.com\/uploads\/2025\/09\/farmhouse-table-ideas-dtd-01-400x600.jpg 400w, https:\/\/doubletakedecor.com\/uploads\/2025\/09\/farmhouse-table-ideas-dtd-01-560x840.jpg 560w, https:\/\/doubletakedecor.com\/uploads\/2025\/09\/farmhouse-table-ideas-dtd-01-480x720.jpg 480w\" sizes=\"auto, (max-width: 700px) 100vw, 700px\" \/><\/p>\n<p>Alak\u00edts ki eleg\u00e1ns \u00e9tkez\u0151t egy vil\u00e1gos fa, t\u00e9glalap alak\u00fa asztallal \u00e9s semleges sz\u00edn\u0171, huzatos sz\u00e9kekkel. Ez a p\u00e1ros\u00edt\u00e1s egyszerre mutat\u00f3s \u00e9s praktikus \u2013 a huzatokat k\u00f6nnyen leveheted \u00e9s kimoshatod. Eg\u00e9sz\u00edtsd ki a megjelen\u00e9st egy l\u00e1tv\u00e1nyos r\u00e9z csill\u00e1rral \u00e9s egyszer\u0171 z\u00f6ld n\u00f6v\u00e9nydekorral, hogy igaz\u00e1n megh\u00edv\u00f3 legyen a t\u00e9r.<\/p>\n<h2>Tengerparti hangulat\u00fa, kerek vid\u00e9ki asztal<\/h2>\n<p><img loading=\"lazy\" decoding=\"async\" width=\"700\" height=\"1050\" alt=\"Rusztikus, kerek vid\u00e9ki asztal fonott sz\u00e9kekkel \u00e9s z\u00f6ld pad\u00fcl\u00e9ssel, fekete csill\u00e1rral, tengerparti kieg\u00e9sz\u00edt\u0151kkel.\" class=\"aligncenter size-full wp-image-7684\" src=\"https:\/\/doubletakedecor.com\/uploads\/2025\/09\/farmhouse-table-ideas-dtd-02.jpg\" srcset=\"https:\/\/doubletakedecor.com\/uploads\/2025\/09\/farmhouse-table-ideas-dtd-02.jpg 700w, https:\/\/doubletakedecor.com\/uploads\/2025\/09\/farmhouse-table-ideas-dtd-02-200x300.jpg 200w, https:\/\/doubletakedecor.com\/uploads\/2025\/09\/farmhouse-table-ideas-dtd-02-683x1024.jpg 683w, https:\/\/doubletakedecor.com\/uploads\/2025\/09\/farmhouse-table-ideas-dtd-02-96x144.jpg 96w, https:\/\/doubletakedecor.com\/uploads\/2025\/09\/farmhouse-table-ideas-dtd-02-280x420.jpg 280w, https:\/\/doubletakedecor.com\/uploads\/2025\/09\/farmhouse-table-ideas-dtd-02-320x480.jpg 320w, https:\/\/doubletakedecor.com\/uploads\/2025\/09\/farmhouse-table-ideas-dtd-02-360x540.jpg 360w, https:\/\/doubletakedecor.com\/uploads\/2025\/09\/farmhouse-table-ideas-dtd-02-363x545.jpg 363w, https:\/\/doubletakedecor.com\/uploads\/2025\/09\/farmhouse-table-ideas-dtd-02-370x555.jpg 370w, https:\/\/doubletakedecor.com\/uploads\/2025\/09\/farmhouse-table-ideas-dtd-02-400x600.jpg 400w, https:\/\/doubletakedecor.com\/uploads\/2025\/09\/farmhouse-table-ideas-dtd-02-560x840.jpg 560w, https:\/\/doubletakedecor.com\/uploads\/2025\/09\/farmhouse-table-ideas-dtd-02-480x720.jpg 480w\" sizes=\"auto, (max-width: 700px) 100vw, 700px\" \/><\/p>\n<p>\u00d6tv\u00f6zd a rusztikus hangulatot a tengerparti st\u00edlussal: kombin\u00e1lj egy kerek fa vid\u00e9ki asztalt fonott \u00fcl\u00e9s\u0171 sz\u00e9kekkel \u00e9s be\u00e9p\u00edtett paddal. Dobd fel a teret z\u00f6ld k\u00e1rpitokkal, d\u00edszp\u00e1rn\u00e1kkal, \u00e9s sz\u00e1r\u00edtott vir\u00e1gokkal \u00fcvegv\u00e1z\u00e1ban. Fali dekor\u00e1ci\u00f3nak v\u00e1lassz egy r\u00e9gi evez\u0151t, hogy igazi tengerparti hangulatot adj a szob\u00e1nak.<\/p>\n<h2>Ov\u00e1lis vid\u00e9ki asztal rattan l\u00e1mp\u00e1val<\/h2>\n<p><img loading=\"lazy\" decoding=\"async\" width=\"700\" height=\"1050\" alt=\"Hangulatos \u00e9tkez\u0151 ov\u00e1lis fa vid\u00e9ki asztallal, modern sz\u00e9kekkel, fonott rattan l\u00e1mp\u00e1val, feh\u00e9r lamb\u00e9ri\u00e1s falak mellett.\" class=\"aligncenter size-full wp-image-7690\" src=\"https:\/\/doubletakedecor.com\/uploads\/2025\/09\/farmhouse-table-ideas-dtd-03.jpg\" srcset=\"https:\/\/doubletakedecor.com\/uploads\/2025\/09\/farmhouse-table-ideas-dtd-03.jpg 700w, https:\/\/doubletakedecor.com\/uploads\/2025\/09\/farmhouse-table-ideas-dtd-03-200x300.jpg 200w, https:\/\/doubletakedecor.com\/uploads\/2025\/09\/farmhouse-table-ideas-dtd-03-683x1024.jpg 683w, https:\/\/doubletakedecor.com\/uploads\/2025\/09\/farmhouse-table-ideas-dtd-03-96x144.jpg 96w, https:\/\/doubletakedecor.com\/uploads\/2025\/09\/farmhouse-table-ideas-dtd-03-280x420.jpg 280w, https:\/\/doubletakedecor.com\/uploads\/2025\/09\/farmhouse-table-ideas-dtd-03-320x480.jpg 320w, https:\/\/doubletakedecor.com\/uploads\/2025\/09\/farmhouse-table-ideas-dtd-03-360x540.jpg 360w, https:\/\/doubletakedecor.com\/uploads\/2025\/09\/farmhouse-table-ideas-dtd-03-363x545.jpg 363w, https:\/\/doubletakedecor.com\/uploads\/2025\/09\/farmhouse-table-ideas-dtd-03-370x555.jpg 370w, https:\/\/doubletakedecor.com\/uploads\/2025\/09\/farmhouse-table-ideas-dtd-03-400x600.jpg 400w, https:\/\/doubletakedecor.com\/uploads\/2025\/09\/farmhouse-table-ideas-dtd-03-560x840.jpg 560w, https:\/\/doubletakedecor.com\/uploads\/2025\/09\/farmhouse-table-ideas-dtd-03-480x720.jpg 480w\" sizes=\"auto, (max-width: 700px) 100vw, 700px\" \/><\/p>\n<p>\u00daj\u00edtsd meg \u00e9tkez\u0151det ov\u00e1lis, term\u00e9szetes mint\u00e1zat\u00fa faasztallal. Kombin\u00e1ld t\u00f6bbf\u00e9le, k\u00e9nyelmes sz\u00e9kkel, \u00e9s szerelj a plafonra rattan f\u00fcgg\u0151l\u00e1mp\u00e1kat a meleg f\u00e9ny miatt. A hangulathoz j\u00f3l illik egy cs\u00edkos sz\u0151nyeg, egyszer\u0171 asztald\u00edszk\u00e9nt pedig \u00fcvegpalackok \u00e9s fonott t\u00e1l. A feh\u00e9r lamb\u00e9ri\u00e1s falak t\u00e1gas, modern vid\u00e9ki hangulatot adnak a helyis\u00e9gnek.<\/p>\n<h2>Klasszikus elegancia faasztallal<\/h2>\n<p><img loading=\"lazy\" decoding=\"async\" width=\"700\" height=\"1049\" alt=\"Fa vid\u00e9ki asztal k\u00e1rpitozott sz\u00e9kekkel, gyerty\u00e1s csill\u00e1r alatt, semleges \u00e9tkez\u0151ben, vitrines szekr\u00e9nyekkel.\" class=\"aligncenter size-full wp-image-7696\" src=\"https:\/\/doubletakedecor.com\/uploads\/2025\/09\/farmhouse-table-ideas-dtd-04.jpg\" srcset=\"https:\/\/doubletakedecor.com\/uploads\/2025\/09\/farmhouse-table-ideas-dtd-04.jpg 700w, https:\/\/doubletakedecor.com\/uploads\/2025\/09\/farmhouse-table-ideas-dtd-04-200x300.jpg 200w, https:\/\/doubletakedecor.com\/uploads\/2025\/09\/farmhouse-table-ideas-dtd-04-683x1024.jpg 683w, https:\/\/doubletakedecor.com\/uploads\/2025\/09\/farmhouse-table-ideas-dtd-04-96x144.jpg 96w, https:\/\/doubletakedecor.com\/uploads\/2025\/09\/farmhouse-table-ideas-dtd-04-280x420.jpg 280w, https:\/\/doubletakedecor.com\/uploads\/2025\/09\/farmhouse-table-ideas-dtd-04-320x480.jpg 320w, https:\/\/doubletakedecor.com\/uploads\/2025\/09\/farmhouse-table-ideas-dtd-04-360x539.jpg 360w, https:\/\/doubletakedecor.com\/uploads\/2025\/09\/farmhouse-table-ideas-dtd-04-363x544.jpg 363w, https:\/\/doubletakedecor.com\/uploads\/2025\/09\/farmhouse-table-ideas-dtd-04-370x554.jpg 370w, https:\/\/doubletakedecor.com\/uploads\/2025\/09\/farmhouse-table-ideas-dtd-04-400x599.jpg 400w, https:\/\/doubletakedecor.com\/uploads\/2025\/09\/farmhouse-table-ideas-dtd-04-560x839.jpg 560w, https:\/\/doubletakedecor.com\/uploads\/2025\/09\/farmhouse-table-ideas-dtd-04-480x719.jpg 480w\" sizes=\"auto, (max-width: 700px) 100vw, 700px\" \/><\/p>\n<p>V\u00e1lassz id\u0151tlen hangulatot ezzel a klasszikus vid\u00e9ki asztallal. Helyezz mell\u00e9 k\u00e1rpitozott sz\u00e9keket a maxim\u00e1lis k\u00e9nyelem\u00e9rt. Egy hagyom\u00e1nyos, gyerty\u00e1kb\u00f3l \u00e1ll\u00f3 csill\u00e1r remek f\u00f3kuszpont lehet, vitrines szekr\u00e9nyekben pedig praktikusan tarthatod a d\u00edszt\u00e1rgyakat. Semleges falfest\u00e9k \u00e9s feh\u00e9r lamb\u00e9ria kiemeli az asztal rusztikus sz\u00e9ps\u00e9g\u00e9t.<\/p>\n<h2>Rusztikus eleg\u00e1ns vid\u00e9ki \u00e9tkez\u0151<\/h2>\n<p><img loading=\"lazy\" decoding=\"async\" width=\"700\" height=\"1050\" alt=\"Rusztikus fa vid\u00e9ki asztal st\u00edlusos sz\u00e9kekkel, z\u00f6ld n\u00f6v\u00e9nyekkel, r\u00f3zsasz\u00edn vir\u00e1gokkal, l\u00e1mp\u00e1sokkal \u00e9s puha fut\u00f3val.\" class=\"aligncenter size-full wp-image-7702\" src=\"https:\/\/doubletakedecor.com\/uploads\/2025\/09\/farmhouse-table-ideas-dtd-05.jpg\" srcset=\"https:\/\/doubletakedecor.com\/uploads\/2025\/09\/farmhouse-table-ideas-dtd-05.jpg 700w, https:\/\/doubletakedecor.com\/uploads\/2025\/09\/farmhouse-table-ideas-dtd-05-200x300.jpg 200w, https:\/\/doubletakedecor.com\/uploads\/2025\/09\/farmhouse-table-ideas-dtd-05-683x1024.jpg 683w, https:\/\/doubletakedecor.com\/uploads\/2025\/09\/farmhouse-table-ideas-dtd-05-96x144.jpg 96w, https:\/\/doubletakedecor.com\/uploads\/2025\/09\/farmhouse-table-ideas-dtd-05-280x420.jpg 280w, https:\/\/doubletakedecor.com\/uploads\/2025\/09\/farmhouse-table-ideas-dtd-05-320x480.jpg 320w, https:\/\/doubletakedecor.com\/uploads\/2025\/09\/farmhouse-table-ideas-dtd-05-360x540.jpg 360w, https:\/\/doubletakedecor.com\/uploads\/2025\/09\/farmhouse-table-ideas-dtd-05-363x545.jpg 363w, https:\/\/doubletakedecor.com\/uploads\/2025\/09\/farmhouse-table-ideas-dtd-05-370x555.jpg 370w, https:\/\/doubletakedecor.com\/uploads\/2025\/09\/farmhouse-table-ideas-dtd-05-400x600.jpg 400w, https:\/\/doubletakedecor.com\/uploads\/2025\/09\/farmhouse-table-ideas-dtd-05-560x840.jpg 560w, https:\/\/doubletakedecor.com\/uploads\/2025\/09\/farmhouse-table-ideas-dtd-05-480x720.jpg 480w\" sizes=\"auto, (max-width: 700px) 100vw, 700px\" \/><\/p>\n<p>Hozz l\u00e9tre eleg\u00e1ns vid\u00e9ki \u00e9tkez\u0151t nat\u00far faasztallal \u00e9s vil\u00e1gos, keresztp\u00e1ntos sz\u00e9kekkel. Ter\u00edts v\u00e9gig az asztalon egy halv\u00e1ny r\u00f3zsasz\u00edn fut\u00f3t, \u00e9s \u00e1ll\u00edts k\u00f6z\u00e9pre z\u00f6ld n\u00f6v\u00e9nyekb\u0151l \u00e9s hozz\u00e1 ill\u0151 vir\u00e1gokb\u00f3l \u00e1ll\u00f3 csokrot \u00e1ttetsz\u0151 v\u00e1z\u00e1ban. Tegy\u00e9l ki dekorat\u00edv l\u00e1mp\u00e1sokat sz\u00ednes m\u00e9csesekkel, hogy k\u00fcl\u00f6nleges hangulatot adj. Tipp: Haszn\u00e1lj fonott sz\u0151nyeget az asztal alatt, hogy k\u00e9nyelmes, meghitt legyen a t\u00e9r.<\/p>\n<h2>Kerek asztal feh\u00e9r huzatos sz\u00e9kekkel<\/h2>\n<p><img loading=\"lazy\" decoding=\"async\" width=\"700\" height=\"1050\" alt=\"Eleg\u00e1ns, kerek fa vid\u00e9ki asztal feh\u00e9r huzatos sz\u00e9kekkel, fonott asztald\u00edsszel \u00e9s geometrikus l\u00e1mp\u00e1val egy vil\u00e1gos \u00e9tkez\u0151ben.\" class=\"aligncenter size-full wp-image-7708\" src=\"https:\/\/doubletakedecor.com\/uploads\/2025\/09\/farmhouse-table-ideas-dtd-06.jpg\" srcset=\"https:\/\/doubletakedecor.com\/uploads\/2025\/09\/farmhouse-table-ideas-dtd-06.jpg 700w, https:\/\/doubletakedecor.com\/uploads\/2025\/09\/farmhouse-table-ideas-dtd-06-200x300.jpg 200w, https:\/\/doubletakedecor.com\/uploads\/2025\/09\/farmhouse-table-ideas-dtd-06-683x1024.jpg 683w, https:\/\/doubletakedecor.com\/uploads\/2025\/09\/farmhouse-table-ideas-dtd-06-96x144.jpg 96w, https:\/\/doubletakedecor.com\/uploads\/2025\/09\/farmhouse-table-ideas-dtd-06-280x420.jpg 280w, https:\/\/doubletakedecor.com\/uploads\/2025\/09\/farmhouse-table-ideas-dtd-06-320x480.jpg 320w, https:\/\/doubletakedecor.com\/uploads\/2025\/09\/farmhouse-table-ideas-dtd-06-360x540.jpg 360w, https:\/\/doubletakedecor.com\/uploads\/2025\/09\/farmhouse-table-ideas-dtd-06-363x545.jpg 363w, https:\/\/doubletakedecor.com\/uploads\/2025\/09\/farmhouse-table-ideas-dtd-06-370x555.jpg 370w, https:\/\/doubletakedecor.com\/uploads\/2025\/09\/farmhouse-table-ideas-dtd-06-400x600.jpg 400w, https:\/\/doubletakedecor.com\/uploads\/2025\/09\/farmhouse-table-ideas-dtd-06-560x840.jpg 560w, https:\/\/doubletakedecor.com\/uploads\/2025\/09\/farmhouse-table-ideas-dtd-06-480x720.jpg 480w\" sizes=\"auto, (max-width: 700px) 100vw, 700px\" \/><\/p>\n<p>\u00c1ll\u00edts kontrasztot s\u00f6t\u00e9t faasztal \u00e9s feh\u00e9r huzatos sz\u00e9kek p\u00e1ros\u00edt\u00e1s\u00e1val. A k\u00f6z\u00e9pen elhelyezett fonott t\u00e1lk\u00e1ba tehetsz term\u00e9szetes d\u00edszeket, hogy igaz\u00e1n felt\u0171n\u0151 legyen az asztald\u00edsz. Z\u00f6ld n\u00f6v\u00e9nyeket is helyezz el cserepekben, hogy \u00e9l\u0151bb, h\u00edvogat\u00f3bb legyen a t\u00e9r. Egy modern, geometrikus f\u00fcgg\u0151l\u00e1mpa m\u00e9gis megtartja a vid\u00e9ki st\u00edlus hangulat\u00e1t.<\/p>\n<h2>Vil\u00e1gos vid\u00e9ki \u00e9tkez\u0151<\/h2>\n<p><img loading=\"lazy\" decoding=\"async\" width=\"700\" height=\"1050\" alt=\"T\u00e1gas \u00e9tkez\u0151 rusztikus fa vid\u00e9ki asztallal, feh\u00e9r sz\u00e9kekkel, cserepes n\u00f6v\u00e9nyekkel \u00e9s \u00e9l\u00e9nk z\u00f6ld l\u00e1mp\u00e1val.\" class=\"aligncenter size-full wp-image-7714\" src=\"https:\/\/doubletakedecor.com\/uploads\/2025\/09\/farmhouse-table-ideas-dtd-07.jpg\" srcset=\"https:\/\/doubletakedecor.com\/uploads\/2025\/09\/farmhouse-table-ideas-dtd-07.jpg 700w, https:\/\/doubletakedecor.com\/uploads\/2025\/09\/farmhouse-table-ideas-dtd-07-200x300.jpg 200w, https:\/\/doubletakedecor.com\/uploads\/2025\/09\/farmhouse-table-ideas-dtd-07-683x1024.jpg 683w, https:\/\/doubletakedecor.com\/uploads\/2025\/09\/farmhouse-table-ideas-dtd-07-96x144.jpg 96w, https:\/\/doubletakedecor.com\/uploads\/2025\/09\/farmhouse-table-ideas-dtd-07-280x420.jpg 280w, https:\/\/doubletakedecor.com\/uploads\/2025\/09\/farmhouse-table-ideas-dtd-07-320x480.jpg 320w, https:\/\/doubletakedecor.com\/uploads\/2025\/09\/farmhouse-table-ideas-dtd-07-360x540.jpg 360w, https:\/\/doubletakedecor.com\/uploads\/2025\/09\/farmhouse-table-ideas-dtd-07-363x545.jpg 363w, https:\/\/doubletakedecor.com\/uploads\/2025\/09\/farmhouse-table-ideas-dtd-07-370x555.jpg 370w, https:\/\/doubletakedecor.com\/uploads\/2025\/09\/farmhouse-table-ideas-dtd-07-400x600.jpg 400w, https:\/\/doubletakedecor.com\/uploads\/2025\/09\/farmhouse-table-ideas-dtd-07-560x840.jpg 560w, https:\/\/doubletakedecor.com\/uploads\/2025\/09\/farmhouse-table-ideas-dtd-07-480x720.jpg 480w\" sizes=\"auto, (max-width: 700px) 100vw, 700px\" \/><\/p>\n<p>D\u00edsz\u00edtsd vid\u00e9ki asztalodat cserepes f\u0171szern\u00f6v\u00e9nyekkel vagy p\u00e1fr\u00e1nyokkal egy egyszer\u0171 t\u00e1lc\u00e1n. A term\u00e9szetes fa \u00e9s a feh\u00e9r sz\u00e9kek k\u00f6nnyed, vend\u00e9gv\u00e1r\u00f3 hangulatot teremtenek. Egy szemet vonz\u00f3 f\u00fcgg\u0151l\u00e1mp\u00e1val tov\u00e1bb fokozhatod a l\u00e1tv\u00e1nyt. Feh\u00e9r falakkal pedig m\u00e9g t\u00e1gasabbnak \u00e9s vil\u00e1gosabbnak t\u0171nik majd a helyis\u00e9g.<\/p>\n<h2>Rusztikus gerend\u00e1s \u00e9tkez\u0151<\/h2>\n<p><img loading=\"lazy\" decoding=\"async\" width=\"700\" height=\"1049\" alt=\"Eleg\u00e1ns vid\u00e9ki \u00e9tkez\u0151 l\u00e1tsz\u00f3 gerend\u00e1kkal, faasztallal, t\u00f6bbf\u00e9le \u00fcl\u0151hellyel \u00e9s vitrines szekr\u00e9nnyel, term\u00e9szetes f\u00e9nyben.\" class=\"aligncenter size-full wp-image-7720\" src=\"https:\/\/doubletakedecor.com\/uploads\/2025\/09\/farmhouse-table-ideas-dtd-08.jpg\" srcset=\"https:\/\/doubletakedecor.com\/uploads\/2025\/09\/farmhouse-table-ideas-dtd-08.jpg 700w, https:\/\/doubletakedecor.com\/uploads\/2025\/09\/farmhouse-table-ideas-dtd-08-200x300.jpg 200w, https:\/\/doubletakedecor.com\/uploads\/2025\/09\/farmhouse-table-ideas-dtd-08-683x1024.jpg 683w, https:\/\/doubletakedecor.com\/uploads\/2025\/09\/farmhouse-table-ideas-dtd-08-96x144.jpg 96w, https:\/\/doubletakedecor.com\/uploads\/2025\/09\/farmhouse-table-ideas-dtd-08-280x420.jpg 280w, https:\/\/doubletakedecor.com\/uploads\/2025\/09\/farmhouse-table-ideas-dtd-08-320x480.jpg 320w, https:\/\/doubletakedecor.com\/uploads\/2025\/09\/farmhouse-table-ideas-dtd-08-360x539.jpg 360w, https:\/\/doubletakedecor.com\/uploads\/2025\/09\/farmhouse-table-ideas-dtd-08-363x544.jpg 363w, https:\/\/doubletakedecor.com\/uploads\/2025\/09\/farmhouse-table-ideas-dtd-08-370x554.jpg 370w, https:\/\/doubletakedecor.com\/uploads\/2025\/09\/farmhouse-table-ideas-dtd-08-400x599.jpg 400w, https:\/\/doubletakedecor.com\/uploads\/2025\/09\/farmhouse-table-ideas-dtd-08-560x839.jpg 560w, https:\/\/doubletakedecor.com\/uploads\/2025\/09\/farmhouse-table-ideas-dtd-08-480x719.jpg 480w\" sizes=\"auto, (max-width: 700px) 100vw, 700px\" \/><\/p>\n<p>Keverj t\u00f6bbf\u00e9le sz\u00e9ket a vid\u00e9ki asztal k\u00f6r\u00fcl, hogy bar\u00e1ts\u00e1gos, otthonos legyen a t\u00e9r. Az asztal k\u00f6zep\u00e9re tegy\u00e9l egyszer\u0171 fut\u00f3t \u00e9s n\u00e9h\u00e1ny z\u00f6ld n\u00f6v\u00e9nyt, hogy friss legyen az \u00f6sszhat\u00e1s. Helyezd az asztalt ablak k\u00f6zel\u00e9be, hogy napf\u00e9ny \u00e1raszthassa el a szob\u00e1t, egy puha text\u00far\u00e1j\u00fa sz\u0151nyeg pedig melegebb\u00e9 teszi a helyis\u00e9get. A vitrines szekr\u00e9nyen ak\u00e1r a legszebb t\u00e1ny\u00e9rjaidat is ki\u00e1ll\u00edthatod.<\/p>\n<h2>Hangulatos reggeliz\u0151 sarok rusztikus asztallal<\/h2>\n<p><img loading=\"lazy\" decoding=\"async\" width=\"700\" height=\"1050\" alt=\"Hangulatos reggeliz\u0151 sarok rusztikus faasztallal, hozz\u00e1ill\u0151 paddal, k\u00e9k l\u00e1mp\u00e1val \u00e9s ablak\u00fcl\u00e9ssel mint\u00e1s p\u00e1rn\u00e1kkal.\" class=\"aligncenter size-full wp-image-7726\" src=\"https:\/\/doubletakedecor.com\/uploads\/2025\/09\/farmhouse-table-ideas-dtd-09.jpg\" srcset=\"https:\/\/doubletakedecor.com\/uploads\/2025\/09\/farmhouse-table-ideas-dtd-09.jpg 700w, https:\/\/doubletakedecor.com\/uploads\/2025\/09\/farmhouse-table-ideas-dtd-09-200x300.jpg 200w, https:\/\/doubletakedecor.com\/uploads\/2025\/09\/farmhouse-table-ideas-dtd-09-683x1024.jpg 683w, https:\/\/doubletakedecor.com\/uploads\/2025\/09\/farmhouse-table-ideas-dtd-09-96x144.jpg 96w, https:\/\/doubletakedecor.com\/uploads\/2025\/09\/farmhouse-table-ideas-dtd-09-280x420.jpg 280w, https:\/\/doubletakedecor.com\/uploads\/2025\/09\/farmhouse-table-ideas-dtd-09-320x480.jpg 320w, https:\/\/doubletakedecor.com\/uploads\/2025\/09\/farmhouse-table-ideas-dtd-09-360x540.jpg 360w, https:\/\/doubletakedecor.com\/uploads\/2025\/09\/farmhouse-table-ideas-dtd-09-363x545.jpg 363w, https:\/\/doubletakedecor.com\/uploads\/2025\/09\/farmhouse-table-ideas-dtd-09-370x555.jpg 370w, https:\/\/doubletakedecor.com\/uploads\/2025\/09\/farmhouse-table-ideas-dtd-09-400x600.jpg 400w, https:\/\/doubletakedecor.com\/uploads\/2025\/09\/farmhouse-table-ideas-dtd-09-560x840.jpg 560w, https:\/\/doubletakedecor.com\/uploads\/2025\/09\/farmhouse-table-ideas-dtd-09-480x720.jpg 480w\" sizes=\"auto, (max-width: 700px) 100vw, 700px\" \/><\/p>\n<p>Teremts bar\u00e1ts\u00e1gos helyet egy term\u00e9szetes asztallal \u00e9s hozz\u00e1 t\u00f6k\u00e9letesen ill\u0151 paddal. V\u00e1lassz kontrasztos l\u00e1mp\u00e1t, valamint puha text\u00edli\u00e1kat a m\u00e9g otthonosabb hat\u00e1s\u00e9rt. A rusztikus elemekhez friss z\u00f6ld n\u00f6v\u00e9nyek \u00e9s sz\u00ednes gy\u00fcm\u00f6lcs\u00f6k is j\u00f3l illenek, mint egyszer\u0171 asztald\u00edsz. Az ablak melletti be\u00fcl\u0151s r\u00e9sz puha p\u00e1rn\u00e1kkal helytakar\u00e9kos \u00e9s k\u00e9nyelmes is egyben.<\/p>\n<h2>K\u00fcl\u00f6nb\u00f6z\u0151 st\u00edlus\u00fa vid\u00e9ki \u00e9tkez\u0151sz\u00e9kek<\/h2>\n<p><img loading=\"lazy\" decoding=\"async\" width=\"700\" height=\"1050\" alt=\"Hangulatos konyha fa vid\u00e9ki asztallal, k\u00fcl\u00f6nb\u00f6z\u0151 st\u00edlus\u00fa sz\u00e9kekkel, csill\u00e1rral \u00e9s vintage z\u00f6ld h\u0171t\u0151vel, ami rusztikus hangulatot ad.\" class=\"aligncenter size-full wp-image-7732\" src=\"https:\/\/doubletakedecor.com\/uploads\/2025\/09\/farmhouse-table-ideas-dtd-10.jpg\" srcset=\"https:\/\/doubletakedecor.com\/uploads\/2025\/09\/farmhouse-table-ideas-dtd-10.jpg 700w, https:\/\/doubletakedecor.com\/uploads\/2025\/09\/farmhouse-table-ideas-dtd-10-200x300.jpg 200w, https:\/\/doubletakedecor.com\/uploads\/2025\/09\/farmhouse-table-ideas-dtd-10-683x1024.jpg 683w, https:\/\/doubletakedecor.com\/uploads\/2025\/09\/farmhouse-table-ideas-dtd-10-96x144.jpg 96w, https:\/\/doubletakedecor.com\/uploads\/2025\/09\/farmhouse-table-ideas-dtd-10-280x420.jpg 280w, https:\/\/doubletakedecor.com\/uploads\/2025\/09\/farmhouse-table-ideas-dtd-10-320x480.jpg 320w, https:\/\/doubletakedecor.com\/uploads\/2025\/09\/farmhouse-table-ideas-dtd-10-360x540.jpg 360w, https:\/\/doubletakedecor.com\/uploads\/2025\/09\/farmhouse-table-ideas-dtd-10-363x545.jpg 363w, https:\/\/doubletakedecor.com\/uploads\/2025\/09\/farmhouse-table-ideas-dtd-10-370x555.jpg 370w, https:\/\/doubletakedecor.com\/uploads\/2025\/09\/farmhouse-table-ideas-dtd-10-400x600.jpg 400w, https:\/\/doubletakedecor.com\/uploads\/2025\/09\/farmhouse-table-ideas-dtd-10-560x840.jpg 560w, https:\/\/doubletakedecor.com\/uploads\/2025\/09\/farmhouse-table-ideas-dtd-10-480x720.jpg 480w\" sizes=\"auto, (max-width: 700px) 100vw, 700px\" \/><\/p>\n<p>Tedd v\u00e1ltozatoss\u00e1 a vid\u00e9ki asztalt k\u00fcl\u00f6nb\u00f6z\u0151 t\u00edpus\u00fa sz\u00e9kekkel. Kombin\u00e1ld a nat\u00far fa \u00e9s a festett fel\u00fcleteket harmoniz\u00e1l\u00f3 sz\u00ednekben, ett\u0151l lesz igaz\u00e1n egyedi \u00e9s m\u00e9gis egys\u00e9ges a t\u00e9r. \u00dcgyelj arra, hogy a sz\u00e9kek magass\u00e1ga nagyj\u00e1b\u00f3l azonos legyen a k\u00e9nyelem \u00e9rdek\u00e9ben. Ezzel az \u00f6tlettel k\u00fcl\u00f6nleges hangulatot teremthetsz, mik\u00f6zben a vid\u00e9ki st\u00edlus f\u0151 jegyeit is megtartod.<\/p>\n<h2>Kerek vid\u00e9ki asztal fonott sz\u00e9kekkel<\/h2>\n<p><img loading=\"lazy\" decoding=\"async\" width=\"700\" height=\"1050\" alt=\"Vil\u00e1gos \u00e9tkez\u0151 kerek fa vid\u00e9ki asztallal, fonott sz\u00e9kekkel \u00e9s zs\u00e1kv\u00e1szon l\u00e1mp\u00e1val, t\u00f6k\u00e9letes k\u00f6z\u00f6s \u00e9tkez\u00e9sekhez.\" class=\"aligncenter size-full wp-image-7738\" src=\"https:\/\/doubletakedecor.com\/uploads\/2025\/09\/farmhouse-table-ideas-dtd-11.jpg\" srcset=\"https:\/\/doubletakedecor.com\/uploads\/2025\/09\/farmhouse-table-ideas-dtd-11.jpg 700w, https:\/\/doubletakedecor.com\/uploads\/2025\/09\/farmhouse-table-ideas-dtd-11-200x300.jpg 200w, https:\/\/doubletakedecor.com\/uploads\/2025\/09\/farmhouse-table-ideas-dtd-11-683x1024.jpg 683w, https:\/\/doubletakedecor.com\/uploads\/2025\/09\/farmhouse-table-ideas-dtd-11-96x144.jpg 96w, https:\/\/doubletakedecor.com\/uploads\/2025\/09\/farmhouse-table-ideas-dtd-11-280x420.jpg 280w, https:\/\/doubletakedecor.com\/uploads\/2025\/09\/farmhouse-table-ideas-dtd-11-320x480.jpg 320w, https:\/\/doubletakedecor.com\/uploads\/2025\/09\/farmhouse-table-ideas-dtd-11-360x540.jpg 360w, https:\/\/doubletakedecor.com\/uploads\/2025\/09\/farmhouse-table-ideas-dtd-11-363x545.jpg 363w, https:\/\/doubletakedecor.com\/uploads\/2025\/09\/farmhouse-table-ideas-dtd-11-370x555.jpg 370w, https:\/\/doubletakedecor.com\/uploads\/2025\/09\/farmhouse-table-ideas-dtd-11-400x600.jpg 400w, https:\/\/doubletakedecor.com\/uploads\/2025\/09\/farmhouse-table-ideas-dtd-11-560x840.jpg 560w, https:\/\/doubletakedecor.com\/uploads\/2025\/09\/farmhouse-table-ideas-dtd-11-480x720.jpg 480w\" sizes=\"auto, (max-width: 700px) 100vw, 700px\" \/><\/p>\n<p>Teremts vil\u00e1gos, bar\u00e1ts\u00e1gos \u00e9tkez\u0151t egy kerek fa asztallal \u00e9s textur\u00e1lt, fonott sz\u00e9kekkel. Tegy\u00e9l a sz\u00e9kekre puha p\u00e1rn\u00e1kat, a plafonra pedig zs\u00e1kv\u00e1szonb\u00f3l k\u00e9sz\u00fclt, dob alak\u00fa l\u00e1mp\u00e1t a meleg f\u00e9ny\u00e9rt. Az asztalt friss gy\u00fcm\u00f6lccsel \u00e9s vir\u00e1gokkal is feld\u00edsz\u00edtheted, hogy term\u00e9szetes hat\u00e1st kelts. Ez a berendez\u00e9s egyszerre mutat\u00f3s \u00e9s praktikus, legyen sz\u00f3 h\u00e9tk\u00f6znapi eb\u00e9dr\u0151l vagy bar\u00e1ti \u00f6sszej\u00f6vetelr\u0151l.<\/p>\n<h2>K\u00f6r Alap\u00fa Rusztikus \u00c9tkez\u0151asztal<\/h2>\n<p><img loading=\"lazy\" decoding=\"async\" width=\"700\" height=\"1050\" alt=\"Eleg\u00e1ns, kerek, f\u00e1b\u00f3l k\u00e9sz\u00fclt \u00e9tkez\u0151asztal k\u00e1rpitozott sz\u00e9kekkel, csill\u00e1rral a tetej\u00e9n, vir\u00e1gos asztald\u00edsszel, vil\u00e1gos \u00e9tkez\u0151ben.\" class=\"aligncenter size-full wp-image-7744\" src=\"https:\/\/doubletakedecor.com\/uploads\/2025\/09\/farmhouse-table-ideas-dtd-12.jpg\" srcset=\"https:\/\/doubletakedecor.com\/uploads\/2025\/09\/farmhouse-table-ideas-dtd-12.jpg 700w, https:\/\/doubletakedecor.com\/uploads\/2025\/09\/farmhouse-table-ideas-dtd-12-200x300.jpg 200w, https:\/\/doubletakedecor.com\/uploads\/2025\/09\/farmhouse-table-ideas-dtd-12-683x1024.jpg 683w, https:\/\/doubletakedecor.com\/uploads\/2025\/09\/farmhouse-table-ideas-dtd-12-96x144.jpg 96w, https:\/\/doubletakedecor.com\/uploads\/2025\/09\/farmhouse-table-ideas-dtd-12-280x420.jpg 280w, https:\/\/doubletakedecor.com\/uploads\/2025\/09\/farmhouse-table-ideas-dtd-12-320x480.jpg 320w, https:\/\/doubletakedecor.com\/uploads\/2025\/09\/farmhouse-table-ideas-dtd-12-360x540.jpg 360w, https:\/\/doubletakedecor.com\/uploads\/2025\/09\/farmhouse-table-ideas-dtd-12-363x545.jpg 363w, https:\/\/doubletakedecor.com\/uploads\/2025\/09\/farmhouse-table-ideas-dtd-12-370x555.jpg 370w, https:\/\/doubletakedecor.com\/uploads\/2025\/09\/farmhouse-table-ideas-dtd-12-400x600.jpg 400w, https:\/\/doubletakedecor.com\/uploads\/2025\/09\/farmhouse-table-ideas-dtd-12-560x840.jpg 560w, https:\/\/doubletakedecor.com\/uploads\/2025\/09\/farmhouse-table-ideas-dtd-12-480x720.jpg 480w\" sizes=\"auto, (max-width: 700px) 100vw, 700px\" \/><\/p>\n<p>Alak\u00edts ki hangulatos \u00e9tkez\u0151sarkot egy k\u00f6r alak\u00fa, f\u00e1b\u00f3l k\u00e9sz\u00fclt asztallal, ahol j\u00f3l esik \u00f6sszegy\u0171lni. V\u00e1lassz hozz\u00e1 fonott h\u00e1tt\u00e1ml\u00e1j\u00fa, puha \u00fcl\u0151fel\u00fclet\u0171 sz\u00e9keket \u2013 egyszerre k\u00e9nyelmesek \u00e9s mutat\u00f3sak. A term\u00e9szetes fa \u00e1rnyalatok \u00e9s a finom sz\u00fcrke k\u00e1rpit igaz\u00e1n sokoldal\u00fav\u00e1 teszik a berendez\u00e9st. Egyszer\u0171, vir\u00e1gos asztald\u00edsszel pedig \u00e9letet vihetsz az enteri\u0151rbe.<\/p>\n<h2>Feh\u00e9rre M\u00e1zolt Rusztikus Asztalter\u00edt\u00e9k<\/h2>\n<p><img loading=\"lazy\" decoding=\"async\" width=\"700\" height=\"1050\" alt=\"\u00cdzl\u00e9sesen ter\u00edtett, feh\u00e9rre m\u00e1zolt rusztikus asztal r\u00e9gi vir\u00e1gos v\u00e1z\u00e1kkal, k\u00e9k-feh\u00e9r t\u00e1ny\u00e9rokkal, fakanalakkal, term\u00e9szetes f\u00e9nyben.\" class=\"aligncenter size-full wp-image-7750\" src=\"https:\/\/doubletakedecor.com\/uploads\/2025\/09\/farmhouse-table-ideas-dtd-13.jpg\" srcset=\"https:\/\/doubletakedecor.com\/uploads\/2025\/09\/farmhouse-table-ideas-dtd-13.jpg 700w, https:\/\/doubletakedecor.com\/uploads\/2025\/09\/farmhouse-table-ideas-dtd-13-200x300.jpg 200w, https:\/\/doubletakedecor.com\/uploads\/2025\/09\/farmhouse-table-ideas-dtd-13-683x1024.jpg 683w, https:\/\/doubletakedecor.com\/uploads\/2025\/09\/farmhouse-table-ideas-dtd-13-96x144.jpg 96w, https:\/\/doubletakedecor.com\/uploads\/2025\/09\/farmhouse-table-ideas-dtd-13-280x420.jpg 280w, https:\/\/doubletakedecor.com\/uploads\/2025\/09\/farmhouse-table-ideas-dtd-13-320x480.jpg 320w, https:\/\/doubletakedecor.com\/uploads\/2025\/09\/farmhouse-table-ideas-dtd-13-360x540.jpg 360w, https:\/\/doubletakedecor.com\/uploads\/2025\/09\/farmhouse-table-ideas-dtd-13-363x545.jpg 363w, https:\/\/doubletakedecor.com\/uploads\/2025\/09\/farmhouse-table-ideas-dtd-13-370x555.jpg 370w, https:\/\/doubletakedecor.com\/uploads\/2025\/09\/farmhouse-table-ideas-dtd-13-400x600.jpg 400w, https:\/\/doubletakedecor.com\/uploads\/2025\/09\/farmhouse-table-ideas-dtd-13-560x840.jpg 560w, https:\/\/doubletakedecor.com\/uploads\/2025\/09\/farmhouse-table-ideas-dtd-13-480x720.jpg 480w\" sizes=\"auto, (max-width: 700px) 100vw, 700px\" \/><\/p>\n<p>R\u00e9gi, k\u00e9k-feh\u00e9r t\u00e1ny\u00e9rok \u00e9s fakanalak r\u00e9tegez\u00e9s\u00e9vel igaz\u00e1n sz\u00e9p, vid\u00e9ki st\u00edlus\u00fa ter\u00edt\u00e9ket alak\u00edthatsz ki. Vir\u00e1gaidat v\u00e1ltozatos antik v\u00e1z\u00e1kba tedd \u2013 legyenek k\u00f6zt\u00fck barack \u00e9s r\u00f3zsasz\u00edn sz\u00ednek is! Ha elt\u00e9r\u0151 form\u00e1j\u00fa poharakat haszn\u00e1lsz, m\u00e9g k\u00fcl\u00f6nlegesebb lesz a hangulat. Term\u00e9szetes anyag\u00fa szalv\u00e9t\u00e1val igaz\u00e1n otthonos, vend\u00e9gv\u00e1r\u00f3 lesz az asztal \u2013 t\u00f6k\u00e9letes ak\u00e1r \u00fcnnepi alkalmakra is.<\/p>\n<h2>Eleg\u00e1ns Rusztikus \u00c9tkez\u0151<\/h2>\n<p><img loading=\"lazy\" decoding=\"async\" width=\"700\" height=\"1049\" alt=\"Rusztikus, f\u00e1b\u00f3l k\u00e9sz\u00fclt asztal k\u00e9k rojtos sz\u00e9kekkel, fonott csill\u00e1rral, z\u00f6ld tap\u00e9t\u00e1s fal el\u0151tt.\" class=\"aligncenter size-full wp-image-7756\" src=\"https:\/\/doubletakedecor.com\/uploads\/2025\/09\/farmhouse-table-ideas-dtd-14.jpg\" srcset=\"https:\/\/doubletakedecor.com\/uploads\/2025\/09\/farmhouse-table-ideas-dtd-14.jpg 700w, https:\/\/doubletakedecor.com\/uploads\/2025\/09\/farmhouse-table-ideas-dtd-14-200x300.jpg 200w, https:\/\/doubletakedecor.com\/uploads\/2025\/09\/farmhouse-table-ideas-dtd-14-683x1024.jpg 683w, https:\/\/doubletakedecor.com\/uploads\/2025\/09\/farmhouse-table-ideas-dtd-14-96x144.jpg 96w, https:\/\/doubletakedecor.com\/uploads\/2025\/09\/farmhouse-table-ideas-dtd-14-280x420.jpg 280w, https:\/\/doubletakedecor.com\/uploads\/2025\/09\/farmhouse-table-ideas-dtd-14-320x480.jpg 320w, https:\/\/doubletakedecor.com\/uploads\/2025\/09\/farmhouse-table-ideas-dtd-14-360x539.jpg 360w, https:\/\/doubletakedecor.com\/uploads\/2025\/09\/farmhouse-table-ideas-dtd-14-363x544.jpg 363w, https:\/\/doubletakedecor.com\/uploads\/2025\/09\/farmhouse-table-ideas-dtd-14-370x554.jpg 370w, https:\/\/doubletakedecor.com\/uploads\/2025\/09\/farmhouse-table-ideas-dtd-14-400x599.jpg 400w, https:\/\/doubletakedecor.com\/uploads\/2025\/09\/farmhouse-table-ideas-dtd-14-560x839.jpg 560w, https:\/\/doubletakedecor.com\/uploads\/2025\/09\/farmhouse-table-ideas-dtd-14-480x719.jpg 480w\" sizes=\"auto, (max-width: 700px) 100vw, 700px\" \/><\/p>\n<p>Kelts modern, m\u00e9gis otthonos hangulatot: v\u00e1lassz term\u00e9szetes f\u00e1b\u00f3l k\u00e9sz\u00fclt asztalt, \u00e9s p\u00e1ros\u00edtsd boh\u00e9m, k\u00e9k rojtos sz\u00e9kekkel. A l\u00e1gy mint\u00e1j\u00fa, z\u00f6ld tap\u00e9ta m\u00e9lys\u00e9get ad, mik\u00f6zben friss \u00e9s t\u00e1gas marad a t\u00e9r. Egy k\u00fcl\u00f6nleges, fonott csill\u00e1rral igaz\u00e1n hangs\u00falyos elemet vihetsz a helyis\u00e9gbe, \u00edgy rusztikus \u00e9s eleg\u00e1ns hat\u00e1s keveredik.<\/p>\n<h2>Farmasztal Hajl\u00edtott Fasz\u00e9kekkel<\/h2>\n<p><img loading=\"lazy\" decoding=\"async\" width=\"700\" height=\"1050\" alt=\"Hangulatos konyhai \u00e9tkez\u0151 s\u00f6t\u00e9t f\u00e1b\u00f3l k\u00e9sz\u00fclt asztallal, hajl\u00edtott fasz\u00e9kekkel, friss f\u0171szern\u00f6v\u00e9nyekkel, feh\u00e9r csempe \u00e9s napf\u00e9ny mellett.\" class=\"aligncenter size-full wp-image-7762\" src=\"https:\/\/doubletakedecor.com\/uploads\/2025\/09\/farmhouse-table-ideas-dtd-15.jpg\" srcset=\"https:\/\/doubletakedecor.com\/uploads\/2025\/09\/farmhouse-table-ideas-dtd-15.jpg 700w, https:\/\/doubletakedecor.com\/uploads\/2025\/09\/farmhouse-table-ideas-dtd-15-200x300.jpg 200w, https:\/\/doubletakedecor.com\/uploads\/2025\/09\/farmhouse-table-ideas-dtd-15-683x1024.jpg 683w, https:\/\/doubletakedecor.com\/uploads\/2025\/09\/farmhouse-table-ideas-dtd-15-96x144.jpg 96w, https:\/\/doubletakedecor.com\/uploads\/2025\/09\/farmhouse-table-ideas-dtd-15-280x420.jpg 280w, https:\/\/doubletakedecor.com\/uploads\/2025\/09\/farmhouse-table-ideas-dtd-15-320x480.jpg 320w, https:\/\/doubletakedecor.com\/uploads\/2025\/09\/farmhouse-table-ideas-dtd-15-360x540.jpg 360w, https:\/\/doubletakedecor.com\/uploads\/2025\/09\/farmhouse-table-ideas-dtd-15-363x545.jpg 363w, https:\/\/doubletakedecor.com\/uploads\/2025\/09\/farmhouse-table-ideas-dtd-15-370x555.jpg 370w, https:\/\/doubletakedecor.com\/uploads\/2025\/09\/farmhouse-table-ideas-dtd-15-400x600.jpg 400w, https:\/\/doubletakedecor.com\/uploads\/2025\/09\/farmhouse-table-ideas-dtd-15-560x840.jpg 560w, https:\/\/doubletakedecor.com\/uploads\/2025\/09\/farmhouse-table-ideas-dtd-15-480x720.jpg 480w\" sizes=\"auto, (max-width: 700px) 100vw, 700px\" \/><\/p>\n<p>Harmonikus \u00e9tkez\u0151hozz l\u00e9tre egy s\u00f6t\u00e9t, f\u00e1b\u00f3l k\u00e9sz\u00fclt farmasztallal \u00e9s klasszikus hajl\u00edtott fasz\u00e9kekkel. Eg\u00e9sz\u00edtsd ki a rusztikus vil\u00e1got modern elemekkel, mint a feh\u00e9r csempe vagy letisztult b\u00fatorok. Egyszer\u0171 f\u0171szeres asztald\u00edsz teszi term\u00e9szetess\u00e9 a l\u00e1tv\u00e1nyt. Hagyd, hogy a napf\u00e9ny kiemelje a fa sz\u00e9p erezet\u00e9t!<\/p>\n<h2>Kevertsz\u00e9kes Farmasztal<\/h2>\n<p><img loading=\"lazy\" decoding=\"async\" width=\"700\" height=\"1049\" alt=\"Rusztikus farmasztal k\u00fcl\u00f6nb\u00f6z\u0151 t\u00edpus\u00fa sz\u00e9kekkel, dupla csill\u00e1rral, eleg\u00e1ns ter\u00edt\u00e9kkel egy vil\u00e1gos, t\u00e1gas t\u00e9rben.\" class=\"aligncenter size-full wp-image-7768\" src=\"https:\/\/doubletakedecor.com\/uploads\/2025\/09\/farmhouse-table-ideas-dtd-16.jpg\" srcset=\"https:\/\/doubletakedecor.com\/uploads\/2025\/09\/farmhouse-table-ideas-dtd-16.jpg 700w, https:\/\/doubletakedecor.com\/uploads\/2025\/09\/farmhouse-table-ideas-dtd-16-200x300.jpg 200w, https:\/\/doubletakedecor.com\/uploads\/2025\/09\/farmhouse-table-ideas-dtd-16-683x1024.jpg 683w, https:\/\/doubletakedecor.com\/uploads\/2025\/09\/farmhouse-table-ideas-dtd-16-96x144.jpg 96w, https:\/\/doubletakedecor.com\/uploads\/2025\/09\/farmhouse-table-ideas-dtd-16-280x420.jpg 280w, https:\/\/doubletakedecor.com\/uploads\/2025\/09\/farmhouse-table-ideas-dtd-16-320x480.jpg 320w, https:\/\/doubletakedecor.com\/uploads\/2025\/09\/farmhouse-table-ideas-dtd-16-360x539.jpg 360w, https:\/\/doubletakedecor.com\/uploads\/2025\/09\/farmhouse-table-ideas-dtd-16-363x544.jpg 363w, https:\/\/doubletakedecor.com\/uploads\/2025\/09\/farmhouse-table-ideas-dtd-16-370x554.jpg 370w, https:\/\/doubletakedecor.com\/uploads\/2025\/09\/farmhouse-table-ideas-dtd-16-400x599.jpg 400w, https:\/\/doubletakedecor.com\/uploads\/2025\/09\/farmhouse-table-ideas-dtd-16-560x839.jpg 560w, https:\/\/doubletakedecor.com\/uploads\/2025\/09\/farmhouse-table-ideas-dtd-16-480x719.jpg 480w\" sizes=\"auto, (max-width: 700px) 100vw, 700px\" \/><\/p>\n<p>\u00c9rdekes lesz az \u00f6sszk\u00e9p, ha elt\u00e9r\u0151 st\u00edlus\u00fa sz\u00e9keket v\u00e1lasztasz a farmasztal k\u00f6r\u00e9. Kombin\u00e1lhatsz k\u00e1rpitozott karossz\u00e9keket f\u00e9m oldal\u00fa sz\u00e9kekkel \u2013 ett\u0151l kiegyens\u00falyozott \u00e9s egyedi lesz a helyis\u00e9g. Maradj a feh\u00e9r \u00e9s nat\u00far fa \u00e1rnyalatokn\u00e1l a harm\u00f3nia kedv\u00e9\u00e9rt. L\u00e1tv\u00e1nyos csill\u00e1rokkal \u00e9s puha sz\u0151nyeggel bar\u00e1ts\u00e1gos, otthonos atmoszf\u00e9r\u00e1t teremthetsz.<\/p>\n<h2>Klasszikus Farmh\u00e1z Modern Kontraszttal<\/h2>\n<p><img loading=\"lazy\" decoding=\"async\" width=\"700\" height=\"1050\" alt=\"Rusztikus fa \u00e9tkez\u0151asztal fekete p\u00e1lc\u00e1s sz\u00e9kekkel, k\u00f6r alak\u00fa csill\u00e1rral, l\u00e1tsz\u00f3 gerend\u00e1kkal \u2013 igazi farmh\u00e1z hangulat.\" class=\"aligncenter size-full wp-image-7774\" src=\"https:\/\/doubletakedecor.com\/uploads\/2025\/09\/farmhouse-table-ideas-dtd-17.jpg\" srcset=\"https:\/\/doubletakedecor.com\/uploads\/2025\/09\/farmhouse-table-ideas-dtd-17.jpg 700w, https:\/\/doubletakedecor.com\/uploads\/2025\/09\/farmhouse-table-ideas-dtd-17-200x300.jpg 200w, https:\/\/doubletakedecor.com\/uploads\/2025\/09\/farmhouse-table-ideas-dtd-17-683x1024.jpg 683w, https:\/\/doubletakedecor.com\/uploads\/2025\/09\/farmhouse-table-ideas-dtd-17-96x144.jpg 96w, https:\/\/doubletakedecor.com\/uploads\/2025\/09\/farmhouse-table-ideas-dtd-17-280x420.jpg 280w, https:\/\/doubletakedecor.com\/uploads\/2025\/09\/farmhouse-table-ideas-dtd-17-320x480.jpg 320w, https:\/\/doubletakedecor.com\/uploads\/2025\/09\/farmhouse-table-ideas-dtd-17-360x540.jpg 360w, https:\/\/doubletakedecor.com\/uploads\/2025\/09\/farmhouse-table-ideas-dtd-17-363x545.jpg 363w, https:\/\/doubletakedecor.com\/uploads\/2025\/09\/farmhouse-table-ideas-dtd-17-370x555.jpg 370w, https:\/\/doubletakedecor.com\/uploads\/2025\/09\/farmhouse-table-ideas-dtd-17-400x600.jpg 400w, https:\/\/doubletakedecor.com\/uploads\/2025\/09\/farmhouse-table-ideas-dtd-17-560x840.jpg 560w, https:\/\/doubletakedecor.com\/uploads\/2025\/09\/farmhouse-table-ideas-dtd-17-480x720.jpg 480w\" sizes=\"auto, (max-width: 700px) 100vw, 700px\" \/><\/p>\n<p>A rusztikus fa asztal \u00e9s a fekete p\u00e1lc\u00e1s sz\u00e9kek igazi l\u00e1tv\u00e1nyos kontrasztot alkotnak. F\u00f6l\u00e9j\u00fck k\u00f6r alak\u00fa, gyerty\u00e1s csill\u00e1r ker\u00fclj\u00f6n, hogy eleg\u00e1nsan vil\u00e1g\u00edtsa meg az asztalt. Feh\u00e9r faburkolat \u00e9s szimmetrikus k\u00e9pek a falon teljess\u00e9 teszik az \u00f6sszhat\u00e1st. \u00cdgy a klasszikus farmh\u00e1z-st\u00edlus modern r\u00e9szletekkel tal\u00e1lkozik \u2013 t\u00f6k\u00e9letes csal\u00e1di \u00f6sszej\u00f6vetelekhez.<\/p>\n<h2>Hangulatos Reggeliz\u0151 Ablakpaddal<\/h2>\n<p><img loading=\"lazy\" decoding=\"async\" width=\"700\" height=\"1049\" alt=\"Vil\u00e1gos \u00e9tkez\u0151sarok p\u00e1rn\u00e1zott ablappaddal, fa k\u00f6rasztallal, fonott l\u00e1mp\u00e1val, nat\u00far fa gerend\u00e1kkal.\" class=\"aligncenter size-full wp-image-7780\" src=\"https:\/\/doubletakedecor.com\/uploads\/2025\/09\/farmhouse-table-ideas-dtd-18.jpg\" srcset=\"https:\/\/doubletakedecor.com\/uploads\/2025\/09\/farmhouse-table-ideas-dtd-18.jpg 700w, https:\/\/doubletakedecor.com\/uploads\/2025\/09\/farmhouse-table-ideas-dtd-18-200x300.jpg 200w, https:\/\/doubletakedecor.com\/uploads\/2025\/09\/farmhouse-table-ideas-dtd-18-683x1024.jpg 683w, https:\/\/doubletakedecor.com\/uploads\/2025\/09\/farmhouse-table-ideas-dtd-18-96x144.jpg 96w, https:\/\/doubletakedecor.com\/uploads\/2025\/09\/farmhouse-table-ideas-dtd-18-280x420.jpg 280w, https:\/\/doubletakedecor.com\/uploads\/2025\/09\/farmhouse-table-ideas-dtd-18-320x480.jpg 320w, https:\/\/doubletakedecor.com\/uploads\/2025\/09\/farmhouse-table-ideas-dtd-18-360x539.jpg 360w, https:\/\/doubletakedecor.com\/uploads\/2025\/09\/farmhouse-table-ideas-dtd-18-363x544.jpg 363w, https:\/\/doubletakedecor.com\/uploads\/2025\/09\/farmhouse-table-ideas-dtd-18-370x554.jpg 370w, https:\/\/doubletakedecor.com\/uploads\/2025\/09\/farmhouse-table-ideas-dtd-18-400x599.jpg 400w, https:\/\/doubletakedecor.com\/uploads\/2025\/09\/farmhouse-table-ideas-dtd-18-560x839.jpg 560w, https:\/\/doubletakedecor.com\/uploads\/2025\/09\/farmhouse-table-ideas-dtd-18-480x719.jpg 480w\" sizes=\"auto, (max-width: 700px) 100vw, 700px\" \/><\/p>\n<p>H\u00edvogat\u00f3 \u00e9tkez\u0151sarkot teremthetsz, ha be\u00e9p\u00edtett padot haszn\u00e1lsz \u2013 d\u00edsz\u00edtsd k\u00fcl\u00f6nf\u00e9le, egym\u00e1shoz ill\u0151 text\u00edli\u00e1kkal! A k\u00f6r alak\u00fa farmasztalt helyezd k\u00f6z\u00e9pre, hogy k\u00e9nyelmesen elf\u00e9rjenek a l\u00e1bak. Meleget adnak a nat\u00far fa elemek \u00e9s egy fonott mennyezeti l\u00e1mpa. Egyszer\u0171 asztalter\u00edt\u00e9kkel \u00e9s kis z\u00f6ld d\u00edszekkel friss, otthonos hangulatot hozhatsz l\u00e9tre, ahol igaz\u00e1n j\u00f3 egy\u00fctt lenni.<\/p>\n<h2>Rusztikus Eleg\u00e1ns Farmasztal<\/h2>\n<p><img loading=\"lazy\" decoding=\"async\" width=\"700\" height=\"1049\" alt=\"Meleg, f\u00e1b\u00f3l k\u00e9sz\u00fclt \u00e9tkez\u0151asztal rattan sz\u00e9kekkel, fonott l\u00e1mp\u00e1val, sok f\u00e9nnyel \u00e9s z\u00f6ld n\u00f6v\u00e9nyekkel \u2013 igazi otthonoss\u00e1g.\" class=\"aligncenter size-full wp-image-7786\" src=\"https:\/\/doubletakedecor.com\/uploads\/2025\/09\/farmhouse-table-ideas-dtd-19.jpg\" srcset=\"https:\/\/doubletakedecor.com\/uploads\/2025\/09\/farmhouse-table-ideas-dtd-19.jpg 700w, https:\/\/doubletakedecor.com\/uploads\/2025\/09\/farmhouse-table-ideas-dtd-19-200x300.jpg 200w, https:\/\/doubletakedecor.com\/uploads\/2025\/09\/farmhouse-table-ideas-dtd-19-683x1024.jpg 683w, https:\/\/doubletakedecor.com\/uploads\/2025\/09\/farmhouse-table-ideas-dtd-19-96x144.jpg 96w, https:\/\/doubletakedecor.com\/uploads\/2025\/09\/farmhouse-table-ideas-dtd-19-280x420.jpg 280w, https:\/\/doubletakedecor.com\/uploads\/2025\/09\/farmhouse-table-ideas-dtd-19-320x480.jpg 320w, https:\/\/doubletakedecor.com\/uploads\/2025\/09\/farmhouse-table-ideas-dtd-19-360x539.jpg 360w, https:\/\/doubletakedecor.com\/uploads\/2025\/09\/farmhouse-table-ideas-dtd-19-363x544.jpg 363w, https:\/\/doubletakedecor.com\/uploads\/2025\/09\/farmhouse-table-ideas-dtd-19-370x554.jpg 370w, https:\/\/doubletakedecor.com\/uploads\/2025\/09\/farmhouse-table-ideas-dtd-19-400x599.jpg 400w, https:\/\/doubletakedecor.com\/uploads\/2025\/09\/farmhouse-table-ideas-dtd-19-560x839.jpg 560w, https:\/\/doubletakedecor.com\/uploads\/2025\/09\/farmhouse-table-ideas-dtd-19-480x719.jpg 480w\" sizes=\"auto, (max-width: 700px) 100vw, 700px\" \/><\/p>\n<p>V\u00e1lassz massz\u00edv, f\u00e1b\u00f3l k\u00e9sz\u00fclt asztalt vegyes anyag\u00fa sz\u00e9kekkel, p\u00e9ld\u00e1ul k\u00f6nnyed rattan form\u00e1kkal. Vil\u00e1gos p\u00e1rn\u00e1kkal m\u00e9g k\u00e9nyelmesebb lesz. Egy fonott l\u00e1mpa a plafonon hangs\u00falyozza a farmh\u00e1z hangulatot. P\u00e1r cserepes n\u00f6v\u00e9ny \u00e9s textur\u00e1lt padl\u00f3sz\u0151nyeg teszi teljess\u00e9 a rusztikus-eleg\u00e1ns megjelen\u00e9st.<\/p>\n<h2>Rusztikus Asztal Puha Pados \u00dcl\u0151hellyel<\/h2>\n<p><img loading=\"lazy\" decoding=\"async\" width=\"700\" height=\"1050\" alt=\"Rusztikus fa \u00e9tkez\u0151asztal vil\u00e1gos, l\u00e9gies t\u00e9rben, \u00e1ttetsz\u0151 f\u00fcgg\u00f6ny\u00f6kkel, pl\u00fcss padokkal, lila sz\u0151nyeggel.\" class=\"aligncenter size-full wp-image-7792\" src=\"https:\/\/doubletakedecor.com\/uploads\/2025\/09\/farmhouse-table-ideas-dtd-20.jpg\" srcset=\"https:\/\/doubletakedecor.com\/uploads\/2025\/09\/farmhouse-table-ideas-dtd-20.jpg 700w, https:\/\/doubletakedecor.com\/uploads\/2025\/09\/farmhouse-table-ideas-dtd-20-200x300.jpg 200w, https:\/\/doubletakedecor.com\/uploads\/2025\/09\/farmhouse-table-ideas-dtd-20-683x1024.jpg 683w, https:\/\/doubletakedecor.com\/uploads\/2025\/09\/farmhouse-table-ideas-dtd-20-96x144.jpg 96w, https:\/\/doubletakedecor.com\/uploads\/2025\/09\/farmhouse-table-ideas-dtd-20-280x420.jpg 280w, https:\/\/doubletakedecor.com\/uploads\/2025\/09\/farmhouse-table-ideas-dtd-20-320x480.jpg 320w, https:\/\/doubletakedecor.com\/uploads\/2025\/09\/farmhouse-table-ideas-dtd-20-360x540.jpg 360w, https:\/\/doubletakedecor.com\/uploads\/2025\/09\/farmhouse-table-ideas-dtd-20-363x545.jpg 363w, https:\/\/doubletakedecor.com\/uploads\/2025\/09\/farmhouse-table-ideas-dtd-20-370x555.jpg 370w, https:\/\/doubletakedecor.com\/uploads\/2025\/09\/farmhouse-table-ideas-dtd-20-400x600.jpg 400w, https:\/\/doubletakedecor.com\/uploads\/2025\/09\/farmhouse-table-ideas-dtd-20-560x840.jpg 560w, https:\/\/doubletakedecor.com\/uploads\/2025\/09\/farmhouse-table-ideas-dtd-20-480x720.jpg 480w\" sizes=\"auto, (max-width: 700px) 100vw, 700px\" \/><\/p>\n<p>K\u00e9nyelmes, k\u00e1rpitozott paddal b\u0151v\u00edtheted az asztalt \u2013 \u00edgy sokan elf\u00e9rnek, \u00e9s bar\u00e1ts\u00e1gos lesz a hangulat. A kem\u00e9ny f\u00e1t j\u00f3l ellens\u00falyozz\u00e1k a puha anyagok, az asztalra helyezett l\u00e1mp\u00e1k pedig meghitt f\u00e9nyt adnak est\u00e9re. Egy sz\u00ednes vir\u00e1gcsokor pedig igaz\u00e1n feldobja \u00e9s \u00e9lettel t\u00f6lti meg az \u00e9tkez\u0151t.<\/p>\n<h2>Rusztikus Farmasztal Fekete R\u00e9szletekkel<\/h2>\n<p><img loading=\"lazy\" decoding=\"async\" width=\"700\" height=\"1050\" alt=\"Term\u00e9szetes fa farmasztal fekete p\u00e1lc\u00e1s sz\u00e9kekkel, fonott kos\u00e1r asztald\u00edsszel, fekete csill\u00e1rral, vil\u00e1gos, napos t\u00e9rben.\" class=\"aligncenter size-full wp-image-7798\" src=\"https:\/\/doubletakedecor.com\/uploads\/2025\/09\/farmhouse-table-ideas-dtd-21.jpg\" srcset=\"https:\/\/doubletakedecor.com\/uploads\/2025\/09\/farmhouse-table-ideas-dtd-21.jpg 700w, https:\/\/doubletakedecor.com\/uploads\/2025\/09\/farmhouse-table-ideas-dtd-21-200x300.jpg 200w, https:\/\/doubletakedecor.com\/uploads\/2025\/09\/farmhouse-table-ideas-dtd-21-683x1024.jpg 683w, https:\/\/doubletakedecor.com\/uploads\/2025\/09\/farmhouse-table-ideas-dtd-21-96x144.jpg 96w, https:\/\/doubletakedecor.com\/uploads\/2025\/09\/farmhouse-table-ideas-dtd-21-280x420.jpg 280w, https:\/\/doubletakedecor.com\/uploads\/2025\/09\/farmhouse-table-ideas-dtd-21-320x480.jpg 320w, https:\/\/doubletakedecor.com\/uploads\/2025\/09\/farmhouse-table-ideas-dtd-21-360x540.jpg 360w, https:\/\/doubletakedecor.com\/uploads\/2025\/09\/farmhouse-table-ideas-dtd-21-363x545.jpg 363w, https:\/\/doubletakedecor.com\/uploads\/2025\/09\/farmhouse-table-ideas-dtd-21-370x555.jpg 370w, https:\/\/doubletakedecor.com\/uploads\/2025\/09\/farmhouse-table-ideas-dtd-21-400x600.jpg 400w, https:\/\/doubletakedecor.com\/uploads\/2025\/09\/farmhouse-table-ideas-dtd-21-560x840.jpg 560w, https:\/\/doubletakedecor.com\/uploads\/2025\/09\/farmhouse-table-ideas-dtd-21-480x720.jpg 480w\" sizes=\"auto, (max-width: 700px) 100vw, 700px\" \/><\/p>\n<p>Otthonos, meleg \u00e9tkez\u0151t kapsz, ha fakasztalt fekete p\u00e1lc\u00e1s sz\u00e9kekkel p\u00e1ros\u00edtasz. Az egyszer\u0171 fonott kos\u00e1r asztald\u00edsz kiemeli a term\u00e9szetes hangulatot. A fekete csill\u00e1r \u00e9s a konyhapult sz\u00ednei \u00f6sszhangba hozz\u00e1k a teret, m\u00edg a nagy ablakok beengedik a napf\u00e9nyt. Ez a kombin\u00e1ci\u00f3 l\u00e9gies, m\u00e9gis otthonos \u00e9tkez\u0151t eredm\u00e9nyez.<\/p>\n<h2>Modern Farmh\u00e1z \u00c9tkez\u0151<\/h2>\n<p><img loading=\"lazy\" decoding=\"async\" width=\"700\" height=\"1050\" alt=\"Modern \u00e9tkez\u0151 s\u00f6t\u00e9t faasztallal, fekete sz\u00e9kekkel, textur\u00e1lt sz\u0151nyegen, sok term\u00e9szetes f\u00e9nyben, l\u00e1tsz\u00f3 gerend\u00e1kkal.\" class=\"aligncenter size-full wp-image-7804\" src=\"https:\/\/doubletakedecor.com\/uploads\/2025\/09\/farmhouse-table-ideas-dtd-22.jpg\" srcset=\"https:\/\/doubletakedecor.com\/uploads\/2025\/09\/farmhouse-table-ideas-dtd-22.jpg 700w, https:\/\/doubletakedecor.com\/uploads\/2025\/09\/farmhouse-table-ideas-dtd-22-200x300.jpg 200w, https:\/\/doubletakedecor.com\/uploads\/2025\/09\/farmhouse-table-ideas-dtd-22-683x1024.jpg 683w, https:\/\/doubletakedecor.com\/uploads\/2025\/09\/farmhouse-table-ideas-dtd-22-96x144.jpg 96w, https:\/\/doubletakedecor.com\/uploads\/2025\/09\/farmhouse-table-ideas-dtd-22-280x420.jpg 280w, https:\/\/doubletakedecor.com\/uploads\/2025\/09\/farmhouse-table-ideas-dtd-22-320x480.jpg 320w, https:\/\/doubletakedecor.com\/uploads\/2025\/09\/farmhouse-table-ideas-dtd-22-360x540.jpg 360w, https:\/\/doubletakedecor.com\/uploads\/2025\/09\/farmhouse-table-ideas-dtd-22-363x545.jpg 363w, https:\/\/doubletakedecor.com\/uploads\/2025\/09\/farmhouse-table-ideas-dtd-22-370x555.jpg 370w, https:\/\/doubletakedecor.com\/uploads\/2025\/09\/farmhouse-table-ideas-dtd-22-400x600.jpg 400w, https:\/\/doubletakedecor.com\/uploads\/2025\/09\/farmhouse-table-ideas-dtd-22-560x840.jpg 560w, https:\/\/doubletakedecor.com\/uploads\/2025\/09\/farmhouse-table-ideas-dtd-22-480x720.jpg 480w\" sizes=\"auto, (max-width: 700px) 100vw, 700px\" \/><\/p>\n<p>Hozz l\u00e9tre modern-farmh\u00e1z hangulatot s\u00f6t\u00e9t, f\u00e1b\u00f3l k\u00e9sz\u00fclt asztallal \u00e9s fekete sz\u00e9kekkel, amelyek egy textur\u00e1lt sz\u0151nyegen \u00e1llnak. Helyezd az asztalt nagy ablak k\u00f6zel\u00e9be, hogy sok f\u00e9ny legyen. Maradj a visszafogott sz\u00ednekn\u00e9l a t\u00e9rben, a k\u00f6zeli \u00fcl\u0151helyre puha p\u00e1rn\u00e1kat tegy\u00e9l, hogy bar\u00e1ts\u00e1gosabb legyen. F\u00fcggeszt\u00e9k l\u00e1mp\u00e1kkal n\u00f6velheted a modern farmh\u00e1z \u00e9rz\u00e9st.<\/p>\n<h2>Term\u00e9szetes F\u00e9ny\u0171 Farmasztal<\/h2>\n<p><img loading=\"lazy\" decoding=\"async\" width=\"700\" height=\"1050\" alt=\"Rusztikus fa farmasztal n\u00f6v\u00e9nyekkel, feh\u00e9r vir\u00e1gokkal, f\u0171szern\u00f6v\u00e9nyekkel, nagy ablakok mellett; fekete sz\u00e9kek vil\u00e1gos p\u00e1rn\u00e1kkal; l\u00f3g\u00f3 l\u00e1mp\u00e1kkal.\" class=\"aligncenter size-full wp-image-7810\" src=\"https:\/\/doubletakedecor.com\/uploads\/2025\/09\/farmhouse-table-ideas-dtd-23.jpg\" srcset=\"https:\/\/doubletakedecor.com\/uploads\/2025\/09\/farmhouse-table-ideas-dtd-23.jpg 700w, https:\/\/doubletakedecor.com\/uploads\/2025\/09\/farmhouse-table-ideas-dtd-23-200x300.jpg 200w, https:\/\/doubletakedecor.com\/uploads\/2025\/09\/farmhouse-table-ideas-dtd-23-683x1024.jpg 683w, https:\/\/doubletakedecor.com\/uploads\/2025\/09\/farmhouse-table-ideas-dtd-23-96x144.jpg 96w, https:\/\/doubletakedecor.com\/uploads\/2025\/09\/farmhouse-table-ideas-dtd-23-280x420.jpg 280w, https:\/\/doubletakedecor.com\/uploads\/2025\/09\/farmhouse-table-ideas-dtd-23-320x480.jpg 320w, https:\/\/doubletakedecor.com\/uploads\/2025\/09\/farmhouse-table-ideas-dtd-23-360x540.jpg 360w, https:\/\/doubletakedecor.com\/uploads\/2025\/09\/farmhouse-table-ideas-dtd-23-363x545.jpg 363w, https:\/\/doubletakedecor.com\/uploads\/2025\/09\/farmhouse-table-ideas-dtd-23-370x555.jpg 370w, https:\/\/doubletakedecor.com\/uploads\/2025\/09\/farmhouse-table-ideas-dtd-23-400x600.jpg 400w, https:\/\/doubletakedecor.com\/uploads\/2025\/09\/farmhouse-table-ideas-dtd-23-560x840.jpg 560w, https:\/\/doubletakedecor.com\/uploads\/2025\/09\/farmhouse-table-ideas-dtd-23-480x720.jpg 480w\" sizes=\"auto, (max-width: 700px) 100vw, 700px\" \/><\/p>\n<p>Az asztalt helyezd nagy ablakok mell\u00e9, hogy min\u00e9l t\u00f6bb term\u00e9szetes f\u00e9ny essen r\u00e1. K\u00e9sz\u00edts elt\u00e9r\u0151 magass\u00e1g\u00fa cserepes n\u00f6v\u00e9nyekb\u0151l asztald\u00edszt \u2013 legyenek k\u00f6zt\u00fck magasabb vir\u00e1gok \u00e9s kisebb f\u0171szern\u00f6v\u00e9nyek is. Egy t\u00e1l sz\u00ednes citrusgy\u00fcm\u00f6lcs l\u00e1tv\u00e1nyos frissess\u00e9get ad. Tegy\u00e9l az egyszer\u0171 fekete sz\u00e9kekre vil\u00e1gos p\u00e1rn\u00e1t, hogy m\u00e9g k\u00e9nyelmesebb \u00e9s melegebb legyen az \u00f6sszk\u00e9p.<\/p>\n<h2>Rusztikus Farmh\u00e1z \u00c9tkez\u0151 Elrendez\u00e9s<\/h2>\n<p><img loading=\"lazy\" decoding=\"async\" width=\"700\" height=\"1050\" alt=\"T\u00e1gas, \u00f6sszenyitott t\u00e9r rusztikus faasztallal, keresztp\u00e1ntos sz\u00e9kekkel, l\u00e1tv\u00e1nyos csill\u00e1rral, meleg hangulattal.\" class=\"aligncenter size-full wp-image-7816\" src=\"https:\/\/doubletakedecor.com\/uploads\/2025\/09\/farmhouse-table-ideas-dtd-24.jpg\" srcset=\"https:\/\/doubletakedecor.com\/uploads\/2025\/09\/farmhouse-table-ideas-dtd-24.jpg 700w, https:\/\/doubletakedecor.com\/uploads\/2025\/09\/farmhouse-table-ideas-dtd-24-200x300.jpg 200w, https:\/\/doubletakedecor.com\/uploads\/2025\/09\/farmhouse-table-ideas-dtd-24-683x1024.jpg 683w, https:\/\/doubletakedecor.com\/uploads\/2025\/09\/farmhouse-table-ideas-dtd-24-96x144.jpg 96w, https:\/\/doubletakedecor.com\/uploads\/2025\/09\/farmhouse-table-ideas-dtd-24-280x420.jpg 280w, https:\/\/doubletakedecor.com\/uploads\/2025\/09\/farmhouse-table-ideas-dtd-24-320x480.jpg 320w, https:\/\/doubletakedecor.com\/uploads\/2025\/09\/farmhouse-table-ideas-dtd-24-360x540.jpg 360w, https:\/\/doubletakedecor.com\/uploads\/2025\/09\/farmhouse-table-ideas-dtd-24-363x545.jpg 363w, https:\/\/doubletakedecor.com\/uploads\/2025\/09\/farmhouse-table-ideas-dtd-24-370x555.jpg 370w, https:\/\/doubletakedecor.com\/uploads\/2025\/09\/farmhouse-table-ideas-dtd-24-400x600.jpg 400w, https:\/\/doubletakedecor.com\/uploads\/2025\/09\/farmhouse-table-ideas-dtd-24-560x840.jpg 560w, https:\/\/doubletakedecor.com\/uploads\/2025\/09\/farmhouse-table-ideas-dtd-24-480x720.jpg 480w\" sizes=\"auto, (max-width: 700px) 100vw, 700px\" \/><\/p>\n<p>\u00c1ll\u00edtsd az asztalt a nappali k\u00f6zel\u00e9be, \u00edgy k\u00f6nnyed\u00e9n \u00e1tl\u00e1that\u00f3, nyitott t\u00e9rben lehettek egy\u00fctt. Keresztp\u00e1ntos sz\u00e9kek \u00fcl\u0151helynek, l\u00e1tv\u00e1nyos csill\u00e1r az asztal f\u00f6l\u00e9 \u2013 ezek egy\u00fctt otthonos, meghitt hangulatot adnak. A term\u00e9szetes fa melegs\u00e9get visz a t\u00e9rbe, textur\u00e1lt kieg\u00e9sz\u00edt\u0151kkel pedig l\u00e1gy\u00edthatod a l\u00e1tv\u00e1nyt. \u00cdgy egyszerre lesz rusztikus \u00e9s id\u0151tlen\u00fcl eleg\u00e1ns az \u00e9tkez\u0151d.<\/p>\n<h2>Kevertsz\u00e9kes Farmh\u00e1z \u00c9tkez\u0151<\/h2>\n<p><img loading=\"lazy\" decoding=\"async\" width=\"700\" height=\"1049\" alt=\"Rusztikus farmasztal elt\u00e9r\u0151 sz\u00e9kekkel, feh\u00e9r gerend\u00e1s mennyezet alatt, csill\u00e1rral, be\u00e1rad\u00f3 term\u00e9szetes f\u00e9nnyel.\" class=\"aligncenter size-full wp-image-7822\" src=\"https:\/\/doubletakedecor.com\/uploads\/2025\/09\/farmhouse-table-ideas-dtd-25.jpg\" srcset=\"https:\/\/doubletakedecor.com\/uploads\/2025\/09\/farmhouse-table-ideas-dtd-25.jpg 700w, https:\/\/doubletakedecor.com\/uploads\/2025\/09\/farmhouse-table-ideas-dtd-25-200x300.jpg 200w, https:\/\/doubletakedecor.com\/uploads\/2025\/09\/farmhouse-table-ideas-dtd-25-683x1024.jpg 683w, https:\/\/doubletakedecor.com\/uploads\/2025\/09\/farmhouse-table-ideas-dtd-25-96x144.jpg 96w, https:\/\/doubletakedecor.com\/uploads\/2025\/09\/farmhouse-table-ideas-dtd-25-280x420.jpg 280w, https:\/\/doubletakedecor.com\/uploads\/2025\/09\/farmhouse-table-ideas-dtd-25-320x480.jpg 320w, https:\/\/doubletakedecor.com\/uploads\/2025\/09\/farmhouse-table-ideas-dtd-25-360x539.jpg 360w, https:\/\/doubletakedecor.com\/uploads\/2025\/09\/farmhouse-table-ideas-dtd-25-363x544.jpg 363w, https:\/\/doubletakedecor.com\/uploads\/2025\/09\/farmhouse-table-ideas-dtd-25-370x554.jpg 370w, https:\/\/doubletakedecor.com\/uploads\/2025\/09\/farmhouse-table-ideas-dtd-25-400x599.jpg 400w, https:\/\/doubletakedecor.com\/uploads\/2025\/09\/farmhouse-table-ideas-dtd-25-560x839.jpg 560w, https:\/\/doubletakedecor.com\/uploads\/2025\/09\/farmhouse-table-ideas-dtd-25-480x719.jpg 480w\" sizes=\"auto, (max-width: 700px) 100vw, 700px\" \/><\/p>\n<p>Ha k\u00fcl\u00f6nb\u00f6z\u0151 st\u00edlus\u00fa sz\u00e9keket teszel a farmasztal k\u00f6r\u00e9, egyszerre hat k\u00f6nnyednek \u00e9s \u00e9rdekesnek a t\u00e9r. Keverj p\u00e1lc\u00e1s sz\u00e9keket k\u00e1rpitozott darabokkal, \u00edgy lesz l\u00e1tv\u00e1nyos \u00e9s k\u00e9nyelmes a hely. Puha sz\u0151nyeggel \u00f6sszefoghatod az eg\u00e9szet, a sz\u00ednvil\u00e1g maradjon \u00f6sszehangolt. Ez a megold\u00e1s szem\u00e9lyes hangulatot visz az \u00e9tkez\u0151be!<\/p>\n<h2>Kevertsz\u00e9kes Farmh\u00e1z \u00c9tkez\u0151<\/h2>\n<p><img loading=\"lazy\" decoding=\"async\" width=\"700\" height=\"1049\" alt=\"Feh\u00e9r farmasztal elt\u00e9r\u0151 sz\u00e9kekkel, bolt\u00edven kereszt\u00fcl n\u00e9zve, arany csill\u00e1rral, mint\u00e1s sz\u0151nyegekkel, s\u00f6t\u00e9t f\u00fcgg\u00f6nnyel.\" class=\"aligncenter size-full wp-image-7828\" src=\"https:\/\/doubletakedecor.com\/uploads\/2025\/09\/farmhouse-table-ideas-dtd-26.jpg\" srcset=\"https:\/\/doubletakedecor.com\/uploads\/2025\/09\/farmhouse-table-ideas-dtd-26.jpg 700w, https:\/\/doubletakedecor.com\/uploads\/2025\/09\/farmhouse-table-ideas-dtd-26-200x300.jpg 200w, https:\/\/doubletakedecor.com\/uploads\/2025\/09\/farmhouse-table-ideas-dtd-26-683x1024.jpg 683w, https:\/\/doubletakedecor.com\/uploads\/2025\/09\/farmhouse-table-ideas-dtd-26-96x144.jpg 96w, https:\/\/doubletakedecor.com\/uploads\/2025\/09\/farmhouse-table-ideas-dtd-26-280x420.jpg 280w, https:\/\/doubletakedecor.com\/uploads\/2025\/09\/farmhouse-table-ideas-dtd-26-320x480.jpg 320w, https:\/\/doubletakedecor.com\/uploads\/2025\/09\/farmhouse-table-ideas-dtd-26-360x539.jpg 360w, https:\/\/doubletakedecor.com\/uploads\/2025\/09\/farmhouse-table-ideas-dtd-26-363x544.jpg 363w, https:\/\/doubletakedecor.com\/uploads\/2025\/09\/farmhouse-table-ideas-dtd-26-370x554.jpg 370w, https:\/\/doubletakedecor.com\/uploads\/2025\/09\/farmhouse-table-ideas-dtd-26-400x599.jpg 400w, https:\/\/doubletakedecor.com\/uploads\/2025\/09\/farmhouse-table-ideas-dtd-26-560x839.jpg 560w, https:\/\/doubletakedecor.com\/uploads\/2025\/09\/farmhouse-table-ideas-dtd-26-480x719.jpg 480w\" sizes=\"auto, (max-width: 700px) 100vw, 700px\" \/><\/p>\n<p>Vidd be a j\u00e1t\u00e9koss\u00e1got az \u00e9tkez\u0151be: p\u00e1ros\u00edts vil\u00e1gos fa sz\u00e9keket s\u00f6t\u00e9tebb p\u00e1lc\u00e1s sz\u00e9kekkel, \u00edgy dinamikus lesz az \u00f6sszk\u00e9p. Emeld ki egy karakteres csill\u00e1rral, ami eleganci\u00e1t hoz a t\u00e9rbe. Mint\u00e1s sz\u0151nyegekkel keretezd az \u00e9tkez\u0151r\u00e9szt \u2013 ett\u0151l m\u00e9g otthonosabb lesz a hangulat. Ez az \u00f6tlet remek\u00fcl \u00f6tv\u00f6zi a laza vid\u00e9ki hangulatot a kifinomult r\u00e9szletekkel.<\/p>\n<h2>Rusztikus Farmasztalter\u00edt\u00e9k<\/h2>\n<p><img loading=\"lazy\" decoding=\"async\" width=\"700\" height=\"1050\" alt=\"\u00c9tkez\u0151 rusztikus faasztallal, r\u00e9gi sz\u00e9kekkel, r\u00e9teges ter\u00edt\u00e9kkel, z\u00f6ld \u00fcvegpoharakkal, friss vir\u00e1gos asztald\u00edsszel.\" class=\"aligncenter size-full wp-image-7834\" src=\"https:\/\/doubletakedecor.com\/uploads\/2025\/09\/farmhouse-table-ideas-dtd-27.jpg\" srcset=\"https:\/\/doubletakedecor.com\/uploads\/2025\/09\/farmhouse-table-ideas-dtd-27.jpg 700w, https:\/\/doubletakedecor.com\/uploads\/2025\/09\/farmhouse-table-ideas-dtd-27-200x300.jpg 200w, https:\/\/doubletakedecor.com\/uploads\/2025\/09\/farmhouse-table-ideas-dtd-27-683x1024.jpg 683w, https:\/\/doubletakedecor.com\/uploads\/2025\/09\/farmhouse-table-ideas-dtd-27-96x144.jpg 96w, https:\/\/doubletakedecor.com\/uploads\/2025\/09\/farmhouse-table-ideas-dtd-27-280x420.jpg 280w, https:\/\/doubletakedecor.com\/uploads\/2025\/09\/farmhouse-table-ideas-dtd-27-320x480.jpg 320w, https:\/\/doubletakedecor.com\/uploads\/2025\/09\/farmhouse-table-ideas-dtd-27-360x540.jpg 360w, https:\/\/doubletakedecor.com\/uploads\/2025\/09\/farmhouse-table-ideas-dtd-27-363x545.jpg 363w, https:\/\/doubletakedecor.com\/uploads\/2025\/09\/farmhouse-table-ideas-dtd-27-370x555.jpg 370w, https:\/\/doubletakedecor.com\/uploads\/2025\/09\/farmhouse-table-ideas-dtd-27-400x600.jpg 400w, https:\/\/doubletakedecor.com\/uploads\/2025\/09\/farmhouse-table-ideas-dtd-27-560x840.jpg 560w, https:\/\/doubletakedecor.com\/uploads\/2025\/09\/farmhouse-table-ideas-dtd-27-480x720.jpg 480w\" sizes=\"auto, (max-width: 700px) 100vw, 700px\" \/><\/p>\n<p>R\u00e9tegezz alapt\u00e1ny\u00e9rokat f\u00f6ldsz\u00ednekkel, tegy\u00e9l r\u00e1juk d\u00edszes feh\u00e9r t\u00e1ny\u00e9rokat \u2013 \u00edgy lesz igaz\u00e1n eleg\u00e1ns a ter\u00edt\u00e9k. Z\u00f6ld, \u00e1ttetsz\u0151 poharakkal csemp\u00e9szhetsz egy kis sz\u00ednt az asztalra. Egy egyszer\u0171 fut\u00f3, benne v\u00e1gott vir\u00e1gok \u00fcveg v\u00e1z\u00e1ban t\u00f6k\u00e9letes befejez\u00e9se az \u00f6sszk\u00e9pnek. Ez a kombin\u00e1ci\u00f3 k\u00fcl\u00f6n\u00f6sen j\u00f3l mutat rusztikus f\u00e1val \u00e9s r\u00e9gies hat\u00e1s\u00fa sz\u00e9kekkel, b\u00e1rmilyen \u00f6sszej\u00f6vetelre.<\/p>\n<h2>GYIK<\/h2>\n<details class=\"g-accordion \"><summary><h3>Milyen n\u00e9pszer\u0171 \u00f6tletek vannak a paraszth\u00e1zi asztalokhoz?<\/h3><\/summary>\n<p>A paraszth\u00e1zi \u00e9tkez\u0151asztalok rusztikus megjelen\u00e9s\u00fckkel \u00e9s bark\u00e1cs hangulatukkal sokak kedvencei lettek. Gyakran term\u00e9szetes anyagokb\u00f3l k\u00e9sz\u00fclnek, \u00edgy otthonos, bar\u00e1ts\u00e1gos \u00e9rz\u00e9st teremtenek. Jellemz\u0151 r\u00e1juk a massz\u00edv tart\u00f3gerenda \u00e9s a k\u00fcl\u00f6nb\u00f6z\u0151 fafajt\u00e1kb\u00f3l k\u00e9sz\u00fclt, mark\u00e1nsan erezett fel\u00fclet, ami igaz\u00e1n egyedi rusztikus hangulatot \u00e1raszt. <strong>K\u00fcl\u00f6n\u00f6sen n\u00e9pszer\u0171ek a r\u00e9gi pajta f\u00e1b\u00f3l k\u00e9sz\u00fclt v\u00e1ltozatok, mert \u00e9rdekes text\u00far\u00e1juk van \u00e9s minden darabnak t\u00f6rt\u00e9nete van.<\/strong><\/p>\n<p>Sokan maguk k\u00e9sz\u00edtik el paraszth\u00e1zi asztalukat \u00fajrahasznos\u00edtott f\u00e1b\u00f3l vagy online bark\u00e1cs \u00fatmutat\u00f3k alapj\u00e1n. \u00cdgy saj\u00e1t st\u00edlushoz \u00e9s t\u00e9rhez igazod\u00f3 asztal sz\u00fclethet. Sokszor v\u00e1laszthatunk hozz\u00e1 padokat vagy k\u00fcl\u00f6nf\u00e9le sz\u00e9keket is, hogy m\u00e9g szem\u00e9lyesebb legyen az \u00f6sszhat\u00e1s. Szezon\u00e1lis dekor\u00e1ci\u00f3kkal, p\u00e9ld\u00e1ul friss vir\u00e1gokkal vagy j\u00f3l kital\u00e1lt asztald\u00edszekkel is feldobhatjuk a l\u00e1tv\u00e1nyt.<\/p>\n<ul>\n<li>k\u00f6nnyed\u00e9n illeszkednek b\u00e1rmilyen st\u00edlus\u00fa otthonba,<\/li>\n<li>karaktert visznek egy tiszta feh\u00e9r szob\u00e1ba,<\/li>\n<li>otthonoss\u00e1got adnak, f\u0151leg ha vintage l\u00e1mp\u00e1kkal p\u00e1ros\u00edtjuk \u0151ket.<\/li>\n<\/ul>\n<p><strong>V\u00e9g\u00fcl, egy paraszth\u00e1zi asztalb\u00f3l b\u00e1rmilyen helysz\u00ednt igazi, meghitt tal\u00e1lkoz\u00f3helly\u00e9 var\u00e1zsolhatunk.<\/strong><\/p>\n<\/details><details class=\"g-accordion \"><summary><h3>Milyen t\u00edpus\u00fa paraszth\u00e1zi asztalok l\u00e9teznek?<\/h3><\/summary>\n<p>Sz\u00e1mos k\u00fcl\u00f6nb\u00f6z\u0151 st\u00edlus\u00fa paraszth\u00e1zi asztal l\u00e9tezik, \u00edgy b\u00e1rmilyen otthonban j\u00f3l mutatnak.<\/p>\n<ul>\n<li>a hagyom\u00e1nyos asztalok rusztikus form\u00e1ikkal \u00e9s koptatott fel\u00fcleteikkel igazi vintage hangulatot teremtenek,<\/li>\n<li>a modern paraszth\u00e1zi asztalok letisztultak \u00e9s egyszer\u0171ek, a mai trendeket k\u00f6vetik,<\/li>\n<li>ha v\u00e1rosias hangulatot keresel, az ipari st\u00edlus\u00fa asztalok \u00f6tv\u00f6zik a fa \u00e9s f\u00e9m anyagokat.<\/li>\n<\/ul>\n<p>Ezeket az asztalokat sokf\u00e9lek\u00e9pp lehet szem\u00e9lyre szabni, hogy illeszkedjenek az otthoni berendez\u00e9shez. P\u00e9ld\u00e1ul k\u00fcl\u00f6nb\u00f6z\u0151 <strong>l\u00e1bform\u00e1kat<\/strong> v\u00e1laszthatsz, mint az egy vagy k\u00e9t talpas (piedeszt\u00e1l) alap, ami nagyban meghat\u00e1rozza az asztal megjelen\u00e9s\u00e9t \u00e9s haszn\u00e1lat\u00e1t. Vannak olyan lehet\u0151s\u00e9gek is, mint a <strong>\u201cbutterfly\u201d bet\u00e9tlap<\/strong> vagy a <strong>lehajthat\u00f3 lap<\/strong>, amikkel k\u00fcl\u00f6nf\u00e9le m\u00e9retekhez igaz\u00edthatod az asztalt. A refekt\u00f3rium \u00e9s shaker asztal st\u00edlusok pedig a k\u00f6z\u00f6s \u00e9tkez\u00e9s hangulat\u00e1t hozz\u00e1k, \u00edgy m\u00e9g otthonosabb\u00e1 tesznek minden teret.<\/p>\n<p>A sokf\u00e9le v\u00e1ltozatnak k\u00f6sz\u00f6nhet\u0151en mindenki megtal\u00e1lhatja a sz\u00e1m\u00e1ra legjobb \u00e9tkez\u0151asztalt, \u00edgy egyszerre lesz sz\u00e9p \u00e9s praktikus az otthonod.<\/p>\n<\/details><details class=\"g-accordion \"><summary><h3>Milyen fafajt\u00e1k a legjobbak paraszth\u00e1zi asztalokhoz?<\/h3><\/summary>\n<p>Ha paraszth\u00e1zi asztalhoz v\u00e1lasztasz f\u00e1t, a <strong>t\u00f6lgy, cseresznye, barna juhar \u00e9s di\u00f3<\/strong> mind kiv\u00e1l\u00f3 opci\u00f3. Ezek tart\u00f3sak \u00e9s egyedi megjelen\u00e9st k\u00f6lcs\u00f6n\u00f6znek az asztalnak.<\/p>\n<ul>\n<li><strong>a t\u00f6lgy<\/strong> nagyon er\u0151s fa \u00e9s klasszikusan rusztikus mint\u00e1zata igaz\u00e1n l\u00e1tv\u00e1nyos,<\/li>\n<li><strong>a cseresznye<\/strong> gazdag, meleg sz\u00edne az id\u0151 m\u00fal\u00e1s\u00e1val egyre m\u00e9lyebb lesz, \u00edgy eleg\u00e1ns hangulatot ad a helyis\u00e9gnek,<\/li>\n<li><strong>a barna juhar<\/strong> rendk\u00edv\u00fcl sokoldal\u00fa; k\u00f6nnyen lehet p\u00e1colni vagy festeni, hogy illeszkedjen b\u00e1rmilyen berendez\u00e9shez,<\/li>\n<li><strong>a di\u00f3<\/strong> s\u00f6t\u00e9t t\u00f3nusai \u00e9s sima tapint\u00e1sa miatt eleg\u00e1ns \u00e9s n\u00edv\u00f3s darab, ha szereted a kifinomultabb megjelen\u00e9st.<\/li>\n<\/ul>\n<p>Az \u00e1ltalad v\u00e1lasztott fa nemcsak az asztal k\u00fclsej\u00e9t, hanem annak tart\u00f3ss\u00e1g\u00e1t is meghat\u00e1rozza, \u00e9s a tiszt\u00edt\u00e1st, karbantart\u00e1st is befoly\u00e1solja. Az ilyen t\u00f6m\u00f6rfa asztalok \u00e9veken \u00e1t f\u0151 helyet foglalhatnak el az otthonodban, \u00e9s minden st\u00edlushoz j\u00f3l illeszkednek \u2013 ak\u00e1r hagyom\u00e1nyos, ak\u00e1r modernebb berendez\u00e9sr\u0151l van sz\u00f3. Emellett bar\u00e1ts\u00e1gosabb, hangulatosabb lesz t\u0151l\u00fck az eb\u00e9dl\u0151.<\/p>\n<\/details><details class=\"g-accordion \"><summary><h3>Milyen anyagokat haszn\u00e1lnak leggyakrabban paraszth\u00e1zi asztalokhoz?<\/h3><\/summary>\n<p>A paraszth\u00e1zi asztalokn\u00e1l leggyakrabban t\u00f6m\u00f6r f\u00e1t haszn\u00e1lnak, p\u00e9ld\u00e1ul <strong>feny\u0151t<\/strong>, <strong>t\u00f6lgyet<\/strong> vagy <strong>\u00fajrahasznos\u00edtott f\u00e1t<\/strong>. Mindegyik egy kis saj\u00e1t hangulatot ad az asztalnak.<\/p>\n<ul>\n<li>a feny\u0151 n\u00e9pszer\u0171, mert olcs\u00f3 \u00e9s k\u00f6nny\u0171 vele dolgozni,<\/li>\n<li>a t\u00f6lgy strapab\u00edr\u00f3, id\u0151t\u00e1ll\u00f3, \u00e9s mint\u00e1zata igaz\u00e1n mutat\u00f3s,<\/li>\n<li>az \u00fajrahasznos\u00edtott fa pedig k\u00fcl\u00f6nleges, antik hangulatot teremt, mert j\u00f3l l\u00e1that\u00f3 a rajta az \u00e9vek nyoma.<\/li>\n<\/ul>\n<p>Hogy modernebb legyen, sokan v\u00e1lasztanak <strong>f\u00e9m kieg\u00e9sz\u00edt\u0151ket<\/strong> is a fa mell\u00e9. Ezzel nem csak tart\u00f3sabb lesz az asztal, de megmarad a term\u00e9szetes hangulat is. Az anyag kiv\u00e1laszt\u00e1sakor a szem\u00e9lyes \u00edzl\u00e9sed \u00e9s a p\u00e9nzt\u00e1rc\u00e1d a d\u00f6nt\u0151, hogy t\u00e9nyleg hozz\u00e1d \u00e9s az otthonodhoz ill\u0151 asztalod legyen.<\/p>\n<\/details><details class=\"g-accordion \"><summary><h3>Milyen el\u0151nyei vannak a t\u00f6m\u00f6rf\u00e1nak, ha paraszth\u00e1zi asztalt k\u00e9sz\u00edtesz?<\/h3><\/summary>\n<p><strong>A t\u00f6m\u00f6rfa<\/strong> t\u00f6bb szempontb\u00f3l is remek v\u00e1laszt\u00e1s paraszth\u00e1zi asztalhoz:<\/p>\n<ul>\n<li>nagyon tart\u00f3s, \u00edgy \u00e9vekig b\u00edrja a mindennapos ig\u00e9nybev\u00e9telt is,<\/li>\n<li>megjelen\u00e9s\u00e9vel b\u00e1rmilyen st\u00edlushoz illik, \u00e9s melegs\u00e9get, otthonoss\u00e1got visz a szob\u00e1ba,<\/li>\n<li>szabadon v\u00e1laszthatsz hozz\u00e1 sz\u00ednt \u00e9s lakkoz\u00e1st, \u00edgy t\u00f6k\u00e9letesen illeszkedik a b\u00fatorokhoz,<\/li>\n<li>minden asztal m\u00e1s erezet\u0171, \u00edgy mindegyik teljesen egyedi lesz,<\/li>\n<li>ha felel\u0151sen szerzed be, k\u00f6rnyezetbar\u00e1t d\u00f6nt\u00e9s, ez\u00e9rt a fenntarthat\u00f3s\u00e1gban is seg\u00edt.<\/li>\n<\/ul>\n<\/details><details class=\"g-accordion \"><summary><h3>Hogyan befoly\u00e1solj\u00e1k a l\u00e1bak st\u00edlusai a paraszth\u00e1zi asztalok kin\u00e9zet\u00e9t?<\/h3><\/summary>\n<p>A paraszth\u00e1zi asztalok kin\u00e9zet\u00e9t \u00e9s haszn\u00e1lhat\u00f3s\u00e1g\u00e1t nagyban meghat\u00e1rozza, hogy milyen t\u00edpus\u00fa l\u00e1bat v\u00e1lasztasz hozz\u00e1. Egy n\u00e9gy l\u00e1b\u00fa asztal <strong>klasszikus \u00e9s massz\u00edv kin\u00e9zetet<\/strong> ad, \u00e9s b\u00e1rmilyen otthonban j\u00f3l mutat. Az egytalpas (piedeszt\u00e1l) asztal viszont eleg\u00e1nsabb, <strong>helytakar\u00e9kos<\/strong> \u00e9s a k\u00f6z\u00e9ps\u0151 tart\u00f3 miatt t\u00f6bb a l\u00e1bt\u00e9r \u2013 remek v\u00e1laszt\u00e1s kisebb helyekre. Ha nagyobb csal\u00e1di vacsor\u00e1kra szeretn\u00e9d haszn\u00e1lni az asztalt, a k\u00e9ttalpas asztalok <strong>extra stabilit\u00e1st<\/strong> ny\u00fajtanak, ez\u00e9rt nagyobb asztallapokat is k\u00f6nnyen elb\u00edrnak.<\/p>\n<p>A keresztgerend\u00e1s (trestle) asztalok igaz\u00e1n rusztikus k\u00fcls\u0151t adnak a helyis\u00e9gnek. Er\u0151s tart\u00f3rudak jellemzik \u0151ket, amelyek j\u00f3l mutatnak \u00e9s k\u00e9nyelmes a l\u00e1baknak is. Ezek a k\u00fcl\u00f6nb\u00f6z\u0151 l\u00e1bt\u00edpusok nem csak a megjelen\u00e9st teszik egyediv\u00e9, de a mindennapi haszn\u00e1lhat\u00f3s\u00e1got is jav\u00edtj\u00e1k. Mindegyik m\u00e1s-m\u00e1s ig\u00e9nyre jelent praktikus megold\u00e1st, mik\u00f6zben sz\u00e9p is marad az asztal.<\/p>\n<\/details><details class=\"g-accordion \"><summary><h3>Milyen tulajdons\u00e1gai vannak az egy- \u00e9s k\u00e9ttalpas asztaloknak?<\/h3><\/summary>\n<p><strong>Az egytalpas (piedeszt\u00e1l) asztalok<\/strong> k\u00f6z\u00e9pen kapnak t\u00e1maszt\u00e9kot, \u00edgy szabadon k\u00f6rbej\u00e1rhat\u00f3k, \u00e9s m\u00e9g kis helyen is k\u00e9nyelmesen elf\u00e9rnek. A k\u00f6z\u00e9ps\u0151 tart\u00f3 miatt k\u00f6nny\u0171 k\u00f6rbe\u00fclni \u0151ket, ez\u00e9rt st\u00edlusosak \u00e9s praktikusak is sz\u0171kebb helyeken.<\/p>\n<p><strong>A k\u00e9ttalpas asztalok<\/strong> viszont k\u00e9t t\u00e1maszukkal m\u00e9g stabilabbak \u00e9s nagyobb asztallapot is elb\u00edrnak, \u00edgy ide\u00e1lisak, ha sok vend\u00e9get v\u00e1rsz vagy nagy csal\u00e1di vacsor\u00e1kra rendezn\u00e9d be az \u00e9tkez\u0151t.<\/p>\n<ul>\n<li>stabil alappal b\u00edrnak, \u00edgy nagy s\u00falyt \u00e9s m\u00e9retet is k\u00f6nnyen elviselnek,<\/li>\n<li>t\u00e1gas \u00e9tkez\u0151kbe aj\u00e1nlottak, ahol gyakori a vend\u00e9gs\u00e9g,<\/li>\n<li>mindk\u00e9t fajta j\u00f3l illeszkedik a paraszth\u00e1zi st\u00edlushoz, k\u00fcl\u00f6nb\u00f6z\u0151 sz\u00ednekben \u00e9s anyagokban kaphat\u00f3k, hogy minden ig\u00e9nyhez megfeleljenek.<\/li>\n<\/ul>\n<\/details><details class=\"g-accordion \"><summary><h3>Mik\u00e9nt ad eleganci\u00e1t a piedeszt\u00e1l asztal a paraszth\u00e1zi k\u00f6rnyezetnek?<\/h3><\/summary>\n<p>A piedeszt\u00e1l asztalok eleg\u00e1ns megjelen\u00e9st k\u00f6lcs\u00f6n\u00f6znek a paraszth\u00e1zi \u00e9tkez\u0151knek, hiszen egys\u00e9ges, sima asztallapot adnak, amivel igaz\u00e1n k\u00fcl\u00f6nleges lesz az \u00e9tkez\u00e9s. St\u00edlusos l\u00e1bazatuk r\u00e9v\u00e9n egyszerre eleg\u00e1nsak \u00e9s bar\u00e1ts\u00e1gosak, t\u00f6k\u00e9letesen beleillenek a paraszth\u00e1zi hangulatba.<\/p>\n<p>Az asztal alatt szabad t\u00e9r van, \u00edgy k\u00f6nny\u0171 k\u00f6r\u00fcl\u00f6tte mozogni \u00e9s v\u00e1ltozatosan lehet k\u00f6r\u00e9 \u00fcltetni a vend\u00e9geket. Ezek a darabok j\u00f3l illenek ak\u00e1r rusztikus, ak\u00e1r modern paraszth\u00e1zi berendez\u00e9shez, \u00e9s egyedi form\u00e1juk miatt igaz\u00e1n l\u00e1tv\u00e1nyosak tudnak lenni.<\/p>\n<p><strong>Sokoldal\u00fa kialak\u00edt\u00e1suk<\/strong> miatt a piedeszt\u00e1l asztalok h\u00e9tk\u00f6znapi \u00e9s \u00fcnnepi alkalmakkor is remek\u00fcl mutatnak, igaz\u00e1n st\u00edlusos k\u00f6zpontja lehet b\u00e1rmelyik \u00e9tkez\u0151nek.<\/p>\n<\/details><details class=\"g-accordion \"><summary><h3>Hogyan teszik rugalmasabb\u00e1 a \u201cbutterfly\u201d \u00e9s lehajthat\u00f3 asztalok az \u00e9tkez\u0151t?<\/h3><\/summary>\n<p><strong>A \u201cbutterfly\u201d \u00e9s lehajthat\u00f3 asztalok<\/strong> igazi rugalmass\u00e1got adnak az \u00e9tkez\u0151h\u00f6z, \u00edgy ak\u00e1r kisebb, ak\u00e1r nagyobb t\u00e1rsas\u00e1ghoz igaz\u00edthat\u00f3k.<\/p>\n<ul>\n<li>a butterfly asztalba egy rejtett, kihajthat\u00f3 plusz lap van be\u00e9p\u00edtve, \u00edgy gyorsan \u00e1talak\u00edthat\u00f3 nagyobb esem\u00e9nyekhez,<\/li>\n<li>a lehajthat\u00f3 asztalokn\u00e1l a k\u00e9t oldal\u00e1t fel vagy le lehet hajtani, ami sz\u0171k helyen praktikus \u00e9s helytakar\u00e9kos,<\/li>\n<li>mindk\u00e9t v\u00e1ltozat egyszerre mutat\u00f3s \u00e9s alkalmazkod\u00f3, t\u00f6k\u00e9letes, ha n\u00e9ha t\u00f6bb, n\u00e9ha kevesebb helyre van sz\u00fcks\u00e9g az otthonodban.<\/li>\n<\/ul>\n<p>Az ilyen asztalok nemcsak j\u00f3l n\u00e9znek ki, hanem praktikus megold\u00e1st jelentenek sokf\u00e9le helyis\u00e9gbe vagy \u00e9lethelyzethez.<\/p>\n<\/details><details class=\"g-accordion \"><summary><h3>Mi a funkci\u00f3ja a refekt\u00f3rium \u00e9s shaker asztaloknak a paraszth\u00e1zi berendez\u00e9sben?<\/h3><\/summary>\n<p><strong>A refekt\u00f3rium \u00e9s shaker asztalok<\/strong> alapvet\u0151 r\u00e9szei a paraszth\u00e1zi otthonoknak. A refekt\u00f3rium asztalok hossz\u00fak\u00e1sak \u00e9s massz\u00edvak, k\u00f6z\u00f6s \u00e9tkez\u00e9sekhez ide\u00e1lisak, rusztikus fel\u00fclet\u00fck pedig er\u0151s\u00edti a paraszth\u00e1zi hangulatot. Robusztus szerkezet\u00fck miatt sok vend\u00e9get vend\u00e9g\u00fcl l\u00e1thatsz rajtuk, mik\u00f6zben j\u00f3l mutatnak a t\u00e9rben.<\/p>\n<p>A shaker asztalok viszont a letisztult, funkcion\u00e1lis formavil\u00e1got k\u00e9pviselik, egyszer\u0171 vonalakkal \u00e9s visszafogott eleganci\u00e1val b\u00e1rmilyen berendez\u00e9si st\u00edlushoz illenek. Mindk\u00e9t fajta sokf\u00e9le lehet\u0151s\u00e9get k\u00edn\u00e1l a dekor\u00e1ci\u00f3ban, mik\u00f6zben bar\u00e1ts\u00e1gos l\u00e9gk\u00f6rt teremtenek a mindennapokhoz.<\/p>\n<\/details><details class=\"g-accordion \"><summary><h3>Hogyan eg\u00e9sz\u00edtik ki a paraszth\u00e1zi sz\u00e9kek az asztal st\u00edlus\u00e1t?<\/h3><\/summary>\n<p>A paraszth\u00e1zi sz\u00e9kek nagyon fontos szerepet t\u00f6ltenek be az asztal megjelen\u00e9s\u00e9ben, hiszen egyszerre kell kin\u00e9zet\u00fcknek \u00e9s k\u00e9nyelm\u00fcknek is megfelelni. <strong>A l\u00e9trasz\u00e9kek<\/strong> klasszikus rusztikus hangulatot visznek az asztal k\u00f6r\u00e9, m\u00edg <strong>a k\u00e1rpitozott sz\u00e9kek<\/strong> k\u00e9nyelmesebbek, \u00e9s m\u00e1s sz\u00e9kekkel is szabadon p\u00e1ros\u00edthat\u00f3k, \u00edgy igaz\u00e1n egyedi lehet az \u00f6sszhat\u00e1s. <strong>A padok<\/strong> pedig t\u00f6bb embert tudnak le\u00fcltetni \u00e9s laz\u00e1bb\u00e1, bar\u00e1ts\u00e1gosabb\u00e1 teszik a hangulatot, f\u0151leg nagyobb asztalokn\u00e1l.<\/p>\n<p>Ha olyan sz\u00e9keket v\u00e1lasztasz, amelyek sz\u00ednben vagy faerezetben illenek az asztalhoz, akkor harmonikus lesz a berendez\u00e9s. Ha viszont szereted a j\u00e1t\u00e9koss\u00e1got, v\u00e1lassz elt\u00e9r\u0151 st\u00edlus\u00fa vagy sz\u00edn\u0171 sz\u00e9keket, ak\u00e1r r\u00e9gi \u00e9s \u00faj kombin\u00e1ci\u00f3j\u00e1t: <strong>\u00edgy nem csak a paraszth\u00e1zi hangulat er\u0151s\u00f6dik, de m\u00e9g bar\u00e1ts\u00e1gosabb \u00e9s otthonosabb lesz az \u00e9tkez\u0151.<\/strong><\/p>\n<\/details><details class=\"g-accordion \"><summary><h3>Mi a k\u00e9nyelmes \u00fcl\u00e9s alapfelt\u00e9tele egy paraszth\u00e1zi asztaln\u00e1l?<\/h3><\/summary>\n<p>K\u00e9nyelmes \u00fcl\u0151hely kialak\u00edt\u00e1s\u00e1hoz paraszth\u00e1zi asztal k\u00f6r\u00fcl \u00e9rdemes n\u00e9h\u00e1ny dolgot figyelembe venni: j\u00f3, ha a sz\u00e9kek megfelel\u0151 magass\u00e1g\u00faak, hogy \u00fcl\u00e9s k\u00f6zben a l\u00e1bak k\u00e9nyelmesen a f\u00f6ld\u00f6n legyenek, a k\u00f6ny\u00f6k pedig egy magass\u00e1gban legyen az asztallappal. A komfortot n\u00f6velheted p\u00e1rn\u00e1kkal vagy k\u00e1rpitozott sz\u00e9kekkel \u2013 ez f\u0151leg hosszabb vacsor\u00e1kon j\u00f6n j\u00f3l.<\/p>\n<ul>\n<li>v\u00e1lassz olyan sz\u00e9ket vagy padot, ami illik az asztal st\u00edlus\u00e1hoz,<\/li>\n<li>a l\u00e9trasz\u00e9kek \u00f6r\u00f6kz\u00f6ld rusztikus hangulatot adnak,<\/li>\n<li>a k\u00e1rpitozott v\u00e1ltozatok extra k\u00e9nyelmet biztos\u00edtanak,<\/li>\n<li>a padok sok embernek adnak helyet,<\/li>\n<li>laz\u00e1bb, k\u00f6zvetlenebb lesz t\u0151l\u00fck a l\u00e9gk\u00f6r.<\/li>\n<\/ul>\n<p><strong>B\u00e1tran pr\u00f3b\u00e1ld keverni a k\u00fcl\u00f6nb\u00f6z\u0151 st\u00edlusokat, \u00edgy igaz\u00e1n meleg \u00e9s otthonos lesz a t\u00e9r!<\/strong><\/p>\n<p>Olyan \u00fcl\u0151alkalmatoss\u00e1gokat v\u00e1lassz, amelyek illenek az \u00e9tkez\u0151 hangulat\u00e1hoz\u2014legyen az modern vagy hagyom\u00e1nyos. Ezzel egyens\u00falyt teremthetsz a funkcionalit\u00e1s \u00e9s a st\u00edlus k\u00f6z\u00f6tt, \u00edgy minden vend\u00e9g sz\u00edvesen fog le\u00fclni az asztalodhoz.<\/p>\n<\/details><details class=\"g-accordion \"><summary><h3>Milyen st\u00edlusok \u00e9s sz\u00ednek illenek legjobban a paraszth\u00e1zi asztalokhoz?<\/h3><\/summary>\n<p>A paraszth\u00e1zi asztal igazi j\u00e1tsz\u00f3t\u00e9r a st\u00edlusok \u00e9s sz\u00ednek ter\u00e9n: a rusztikust\u00f3l a modernig vagy \u00e9ppen a vintage ihlet\u00e9s\u0171 v\u00e1ltozatokig b\u00e1rmit v\u00e1laszthatsz.<\/p>\n<ul>\n<li>a rusztikus asztalokat sokszor \u00fajrahasznos\u00edtott f\u00e1b\u00f3l k\u00e9sz\u00edtik, kopottas fel\u00fclettel,<\/li>\n<li>a modern darabok letisztultak, \u00e9s lehet benn\u00fck ak\u00e1r f\u00e9m vagy \u00fcveg bet\u00e9t, hogy igaz\u00e1n trendik legyenek,<\/li>\n<li>a vintage asztalok pedig d\u00edsz\u00edt\u00e9ssel, farag\u00e1ssal vagy fest\u00e9ssel nyernek egyedis\u00e9get.<\/li>\n<\/ul>\n<p>A sz\u00ednv\u00e1laszt\u00e1sn\u00e1l a <strong>semleges \u00e1rnyalatok<\/strong> a legn\u00e9pszer\u0171bbek \u2013 a feh\u00e9r, b\u00e9zs vagy sz\u00fcrke id\u0151t\u00e1ll\u00f3 \u00e9s szinte b\u00e1rmilyen d\u00edsz\u00edt\u00e9shez illik. Ezek a sz\u00ednek sosem mennek ki a divatb\u00f3l \u00e9s minden \u00e9vszakban j\u00f3l mutatnak.<\/p>\n<p><strong>A szem\u00e9lyre szab\u00e1snak csak a k\u00e9pzeleted szab hat\u00e1rt;<\/strong> magad d\u00f6ntheted el az asztal m\u00e9ret\u00e9t, alakj\u00e1t, sz\u00edn\u00e9t \u00e9s st\u00edlus\u00e1t. Kombin\u00e1lhatod paddal vagy elt\u00e9r\u0151 st\u00edlus\u00fa sz\u00e9kekkel is \u2013 ez plusz j\u00e1t\u00e9koss\u00e1got \u00e9s otthonoss\u00e1got visz a t\u00e9rbe. <strong>\u00cdgy nemcsak l\u00e1tv\u00e1nyos, de praktikus k\u00f6zpontja lehet b\u00e1rmelyik otthonnak.<\/strong><\/p>\n<\/details><details class=\"g-accordion \"><summary><h3>Milyen el\u0151nye van annak, ha semleges sz\u00edneket p\u00e1ros\u00edtasz paraszth\u00e1zi asztalhoz?<\/h3><\/summary>\n<p>Ha semleges sz\u00edn\u0171 asztalt v\u00e1lasztasz, <strong>id\u0151tlen \u00e9s rugalmas \u00e9tkez\u0151 teret<\/strong> kapsz. Ezekkel a sz\u00ednekkel k\u00f6nnyen kombin\u00e1lhatsz k\u00fcl\u00f6nb\u00f6z\u0151 text\u00far\u00e1kat \u00e9s anyagokat \u2013 p\u00e9ld\u00e1ul f\u00e1t, f\u00e9met, sz\u00f6vetet \u2013, \u00edgy v\u00e1ltozatos lesz a l\u00e1tv\u00e1ny, de nem lesz t\u00falzs\u00fafolt. Ez a st\u00edlus bar\u00e1ts\u00e1gos, nyugodt l\u00e9gk\u00f6rt teremt, amiben a szoba is nagyobbnak t\u0171nhet.<\/p>\n<ul>\n<li>a feh\u00e9r,<\/li>\n<li>a b\u00e9zs,<\/li>\n<li>a sz\u00fcrke t\u00f6k\u00e9letes h\u00e1tt\u00e9r, ha v\u00e1ltoztatni akarod a dekor\u00e1ci\u00f3t az \u00e9vszakokkal, \u00e9s sosem \u00fctk\u00f6znek a megl\u00e9v\u0151 sz\u00ednekhez.<\/li>\n<\/ul>\n<p>Ez a sokoldal\u00fas\u00e1g biztos\u00edtja, hogy \u00e9tkez\u0151d mindig st\u00edlusos legyen, \u00e9s egyszer\u0171en tudj v\u00e1ltoztatni, ha m\u00e1sra v\u00e1gysz id\u0151vel.<\/p>\n<\/details><details class=\"g-accordion \"><summary><h3>Hogyan teszik izgalmasabb\u00e1 a vegyes anyagok a paraszth\u00e1zi asztalokat?<\/h3><\/summary>\n<p>T\u00f6bbf\u00e9le anyagb\u00f3l k\u00e9sz\u00fclt asztalok izgalmasabb\u00e1 teszik a paraszth\u00e1zi \u00e9tkez\u0151t, mert j\u00e1t\u00e9koss\u00e1got \u00e9s m\u00e9lys\u00e9get adnak a helyis\u00e9gnek. Ha p\u00e9ld\u00e1ul a <strong>rusztikus f\u00e1t f\u00e9mmel<\/strong> vagy ak\u00e1r <strong>letisztult \u00fcveggel<\/strong> p\u00e1ros\u00edtod, k\u00fcl\u00f6nleges \u00f6sszhat\u00e1s j\u00f6n l\u00e9tre. Ez nemcsak az asztal egyedis\u00e9get emeli ki, hanem j\u00f3l illik a hagyom\u00e1nyos \u00e9s modern berendez\u00e9sekhez is. Puha text\u00edli\u00e1kkal, p\u00e9ld\u00e1ul <strong>lenv\u00e1szonnal<\/strong> is tov\u00e1bb fokozhatod a meghitt, vend\u00e9gszeret\u0151 paraszth\u00e1zi hangulatot.<\/p>\n<\/details> <details class=\"g-accordion \"><summary><h3>Hogyan illeszkednek az ipari hat\u00e1sok a vid\u00e9ki st\u00edlushoz?<\/h3><\/summary>\n<p>Az ipari \u00e9s vid\u00e9ki st\u00edlus t\u00f6k\u00e9letesen \u00f6tv\u00f6zhet\u0151 <strong>f\u00e9mes kieg\u00e9sz\u00edt\u0151kkel<\/strong>, letisztult vonalakkal \u00e9s egyszer\u0171 form\u00e1kkal. \u00cdgy modern, m\u00e9gis otthonos terek j\u00f6nnek l\u00e9tre, amelyek napjaink ig\u00e9nyeit szolg\u00e1lj\u00e1k \u00fagy, hogy a rusztikus hangulatot is meg\u0151rzik.<\/p>\n<p>A f\u00e9m \u2013 mint p\u00e9ld\u00e1ul ac\u00e9l vagy vas \u2013 remek\u00fcl mutat a hagyom\u00e1nyos fa anyagok mellett, izgalmas kontrasztot teremtve. P\u00e9ld\u00e1ul egy ipari st\u00edlus\u00fa l\u00e1mpa vagy f\u00e9m sz\u00e9k m\u00e9g jobban kihangs\u00falyozza a fa \u00e9tkez\u0151asztal meleg hangulat\u00e1t, \u00e9s k\u00fcl\u00f6nleges karaktert ad a t\u00e9rnek.<\/p>\n<p>Az anyagok kever\u00e9s\u00e9t\u0151l nemcsak l\u00e1tv\u00e1nyosabb, hanem praktikusabb \u00e9s st\u00edlusosabb is lesz a helyis\u00e9g. Ez a p\u00e1ros\u00edt\u00e1s azoknak t\u00f6k\u00e9letes, akik szeretik az ipari dekor letisztults\u00e1g\u00e1t, de a vid\u00e9ki otthon melegs\u00e9ge is fontos sz\u00e1mukra.<\/p>\n<\/details><details class=\"g-accordion \"><summary><h3>Milyen a vil\u00e1gos \u00e9s t\u00e1gas vid\u00e9ki \u00e9tkez\u0151 l\u00e1tv\u00e1nya?<\/h3><\/summary>\n<p>Egy vil\u00e1gos, leveg\u0151s vid\u00e9ki \u00e9tkez\u0151 igaz\u00e1n h\u00edvogat\u00f3 hangulatot \u00e1raszt. Ha <strong>feh\u00e9r<\/strong> \u00e9s <strong>l\u00e1gy pasztell<\/strong> sz\u00edneket haszn\u00e1lsz, a sok term\u00e9szetes f\u00e9nyt\u0151l m\u00e9g nagyobbnak t\u0171nik a helyis\u00e9g, \u00edgy bar\u00e1ti \u00f6sszej\u00f6vetelekhez is ide\u00e1lis lesz. A vil\u00e1gos falak \u00e9s b\u00fatorok sz\u00e9pen visszaverik a napf\u00e9nyt, m\u00e9g ragyog\u00f3bb\u00e1 t\u00e9ve a szob\u00e1t.<\/p>\n<ul>\n<li>kulcsfontoss\u00e1g\u00faak a nagy ablakok, amelyek beengedik a sok term\u00e9szetes f\u00e9nyt,<\/li>\n<li>a t\u00fckr\u00f6k tov\u00e1bb fokozhatj\u00e1k ezt a hat\u00e1st, hiszen sz\u00e9tsz\u00f3rj\u00e1k a f\u00e9nyt a t\u00e9rben,<\/li>\n<li>a vil\u00e1gos f\u00fcgg\u00f6ny\u00f6k \u00e9s k\u00e1rpitok a friss, k\u00f6nnyed, m\u00e9gis otthonos \u00e9rzetet adj\u00e1k.<\/li>\n<\/ul>\n<p>Egy figyelemfelkelt\u0151 l\u00e1mpa egyszerre gondoskodik a vil\u00e1g\u00edt\u00e1sr\u00f3l, \u00e9s d\u00edsz\u00edt\u0151 elemk\u00e9nt karaktert is k\u00f6lcs\u00f6n\u00f6z a t\u00e9rnek. Az <strong>\u00f3ri\u00e1si csill\u00e1rok<\/strong> vagy a <strong>r\u00e9gi st\u00edlus\u00fa izz\u00f3k<\/strong> egyszerre emelik ki a rusztikus var\u00e1zst \u00e9s biztos\u00edtj\u00e1k a megfelel\u0151 f\u00e9nyt.<\/p>\n<p>Az itt felsorolt elemek egy\u00fctt egy olyan hangulatos, m\u00e9gis eleg\u00e1ns \u00e9tkez\u0151t teremtenek, ahol minden \u00e9tkez\u00e9s igazi vid\u00e1m \u00e9lm\u00e9ny lesz. A <strong>st\u00edlus, a praktikum \u00e9s a hangulat<\/strong> t\u00f6k\u00e9letes egyens\u00falya teszi a vid\u00e9ki \u00e9tkez\u0151t egyszerre haszn\u00e1lhat\u00f3v\u00e1 \u00e9s sz\u00e9pp\u00e9.<\/p>\n<\/details><details class=\"g-accordion \"><summary><h3>Hogyan illik a vintage st\u00edlus\u00fa izz\u00f3 a vid\u00e9ki asztalter\u00edt\u00e9khez?<\/h3><\/summary>\n<p>A vintage st\u00edlus\u00fa izz\u00f3k <strong>meleg, nosztalgikus f\u00e9nyt<\/strong> adnak az \u00e9tkez\u0151asztalnak, \u00edgy t\u00f6k\u00e9letesen illenek a rusztikus dekor\u00e1ci\u00f3hoz. L\u00e1that\u00f3 sz\u00e1laik k\u00fcl\u00f6nleges hangulatot teremtenek, meghittebb\u00e9 teszik a f\u00e1b\u00f3l k\u00e9sz\u00fclt asztalt, \u00e9s kiemelik a r\u00e9gi vagy antik fel\u00fcletek b\u00e1j\u00e1t.<\/p>\n<p>Ezeket az izz\u00f3kat elhelyezheted l\u00e1tv\u00e1nyos l\u00e1mp\u00e1kban, p\u00e9ld\u00e1ul <strong>csill\u00e1rokban<\/strong> vagy <strong>vintage st\u00edlus\u00fa f\u00fcgg\u0151l\u00e1mp\u00e1kban<\/strong>, \u00edgy igaz\u00e1n egyedi lesz az \u00e9tkez\u0151 megjelen\u00e9se. Ebben az \u00f6ssze\u00e1ll\u00edt\u00e1sban a vil\u00e1g\u00edt\u00e1s nem csak praktikus, hanem komolyan hozz\u00e1j\u00e1rul a szoba <strong>egys\u00e9ges, h\u00edvogat\u00f3 hangulat\u00e1hoz<\/strong> is.<\/p>\n<\/details><details class=\"g-accordion \"><summary><h3>Hogyan teszik egyediv\u00e9 az elt\u00e9r\u0151 r\u00e9szletek a vid\u00e9ki \u00e9tkez\u0151t?<\/h3><\/summary>\n<p>Ha k\u00fcl\u00f6nb\u00f6z\u0151 st\u00edlus\u00fa darabokat viszel be a vid\u00e9ki \u00e9tkez\u0151be, karaktert \u00e9s laza, bar\u00e1ts\u00e1gos hangulatot kapsz. K\u00fcl\u00f6nb\u00f6z\u0151 sz\u00e9kek egy faasztal k\u00f6r\u00fcl remek\u00fcl mutatnak, \u00e9s \u00edgy saj\u00e1t st\u00edlusodat is kiemelheted. Ak\u00e1r robosztus fa, ak\u00e1r eleg\u00e1nsabb anyagok \u2013 p\u00e9ld\u00e1ul egy krist\u00e1lycsill\u00e1r \u2013 mind-mind seg\u00edtenek megmutatni a vid\u00e9ki st\u00edlus k\u00f6nnyeds\u00e9g\u00e9t. <strong>Ez a sokf\u00e9les\u00e9g nemcsak egyedi st\u00edlust teremt, hanem hagyja, hogy a szem\u00e9lyis\u00e9ged is \u00e9rv\u00e9nyes\u00fclj\u00f6n.<\/strong> A v\u00e1ltozatos r\u00e9szletek melegs\u00e9get \u00e9s otthonoss\u00e1got adnak, \u00edgy a vend\u00e9gek \u00e9s a csal\u00e1dtagok is sz\u00edvesen \u00fclnek asztalhoz minden nap.<\/p>\n<\/details><details class=\"g-accordion \"><summary><h3>Mib\u0151l \u00e1ll a rusztikus dekor\u00e1ci\u00f3 egy vid\u00e9ki \u00e9tkez\u0151ben?<\/h3><\/summary>\n<p>Egy vid\u00e9ki \u00e9tkez\u0151ben a rusztikus dekor megmutatja a term\u00e9szetes anyagok \u00e9s a meleg sz\u00ednek sz\u00e9ps\u00e9g\u00e9t. A t\u00f6m\u00f6rfa b\u00fatorok, p\u00e9ld\u00e1ul egy nagy faasztal vagy sz\u00e9kek, egyszerre adnak melegs\u00e9get \u00e9s karaktert a t\u00e9rnek. A sz\u0151tt text\u00edli\u00e1k \u2013 mint egy asztali fut\u00f3 vagy p\u00e1rn\u00e1k \u2013 csak tov\u00e1bb fokozz\u00e1k a k\u00e9nyelmet \u00e9s a st\u00edlust. Ha beviszel egy kis term\u00e9szetet \u2013 p\u00e9ld\u00e1ul cserepes n\u00f6v\u00e9nyekkel vagy v\u00e1gott vir\u00e1ggal \u2013 m\u00e9g frissebb, bar\u00e1ts\u00e1gosabb lesz a hangulat. A vintage l\u00e1mp\u00e1k \u00e9s a f\u00f6ldsz\u00ednek szint\u00e9n sokat tesznek hozz\u00e1 a h\u00edvogat\u00f3 \u00e9rz\u00e9shez, \u00edgy igazi vid\u00e9ki b\u00e1j k\u00f6lt\u00f6zik az \u00e9tkez\u0151be. <strong>Ezek az elemek egy\u00fctt egy olyan t\u00e1gas, meleg teret alkotnak, ahol j\u00f3 \u00f6ssze\u00fclni.<\/strong><\/p>\n<\/details><details class=\"g-accordion \"><summary><h3>Mit ad hozz\u00e1 egy rusztikus bakasztal az \u00e9tkez\u0151h\u00f6z?<\/h3><\/summary>\n<p>Egy rusztikus bakasztal igaz\u00e1n k\u00fcl\u00f6nlegess\u00e9 teszi az \u00e9tkez\u0151t, hiszen klasszikus, massz\u00edv kialak\u00edt\u00e1s\u00e1val az igazi hagyom\u00e1nyos k\u00e9zm\u0171vess\u00e9g hangulat\u00e1t hozza el.<\/p>\n<ul>\n<li>l\u00e1tv\u00e1nyos, l\u00e1that\u00f3 gerend\u00e1kkal,<\/li>\n<li>term\u00e9szetes fa fel\u00fclettel,<\/li>\n<li>t\u00f6k\u00e9letesen illik a vid\u00e9ki st\u00edlushoz.<\/li>\n<\/ul>\n<p>Ez a strapab\u00edr\u00f3 asztal sok \u00fcl\u0151helyet k\u00edn\u00e1l, \u00edgy vend\u00e9gs\u00e9gekhez is ide\u00e1lis. <strong>A titka a v\u00e1ltozatos st\u00edlushoz val\u00f3 illeszthet\u0151s\u00e9ge<\/strong>, vagyis egyszerre passzol a vintage \u00e9s a modern vid\u00e9ki hangulathoz is. Egy ilyen asztallal meleg, bar\u00e1ts\u00e1gos k\u00f6zpontja lesz az \u00e9tkez\u0151nek, <strong>remek csal\u00e1di vacsor\u00e1khoz \u00e9s \u00fcnnepi alkalmakhoz egyar\u00e1nt<\/strong>.<\/p>\n<\/details><details class=\"g-accordion \"><summary><h3>Hogyan v\u00e1laszd ki a megfelel\u0151 m\u00e9ret\u0171 \u00e9s alak\u00fa vid\u00e9ki asztalt?<\/h3><\/summary>\n<p>A t\u00f6k\u00e9letes vid\u00e9ki asztal kiv\u00e1laszt\u00e1s\u00e1n\u00e1l fontos, hogy figyelembe vedd a hely m\u00e9ret\u00e9t \u00e9s azt, h\u00e1nyan \u00fclnek majd k\u00f6r\u00fcl\u00f6tte. M\u00e9rd le az \u00e9tkez\u0151t, hogy mekkora asztal f\u00e9r el \u00fagy, hogy k\u00f6r\u00fcl\u00f6tte legal\u00e1bb <strong>90 cm<\/strong> szabad hely maradjon a k\u00e9nyelmes mozg\u00e1shoz.<\/p>\n<p>\u00dcl\u0151helyenk\u00e9nt kb. <strong>60 cm<\/strong> sz\u00e9less\u00e9g sz\u00e1m\u00edt ide\u00e1lisnak. Az asztalok k\u00f6z\u00f6tt gyakori a t\u00e9glalap, n\u00e9gyzet \u00e9s k\u00f6r alak, mindegyik m\u00e1s c\u00e9lt \u00e9s hangulatot k\u00edn\u00e1l:<\/p>\n<ul>\n<li>a t\u00e9glalap alak\u00fa asztalok \u00f6r\u00f6k klasszikusok, \u00e9s nagy t\u00e1rsas\u00e1gokra ide\u00e1lisak,<\/li>\n<li>a n\u00e9gyzet alak\u00fa asztalok kisebb vagy sz\u00f6gletes helyis\u00e9gekbe val\u00f3k, intimebb hangulatot teremtenek,<\/li>\n<li>a k\u00f6r alak\u00fa asztalok megk\u00f6nny\u00edtik a besz\u00e9lget\u00e9st, r\u00e1ad\u00e1sul nincsenek sz\u00f6gleteik, \u00edgy kisebb helyeken is j\u00f3l elf\u00e9rnek.<\/li>\n<\/ul>\n<p>Ha v\u00e1lasztasz, gondolj arra, mire van legink\u00e1bb sz\u00fcks\u00e9ged: hagyom\u00e1nyos helyre ink\u00e1bb a t\u00e9glalap, otthonos, meghitt sarokba a k\u00f6r, v\u00e1ltozatos elrendez\u00e9shez a n\u00e9gyzet a t\u00f6k\u00e9letes. <strong>Egy j\u00f3l \u00e1tgondolt d\u00f6nt\u00e9ssel az asztal igaz\u00e1n harmonikusan fog illeszkedni a helyis\u00e9gedhez, s\u0151t, a lak\u00e1s d\u00edsze is lehet.<\/strong><\/p>\n<\/details><details class=\"g-accordion \"><summary><h3>Hogyan tudod szem\u00e9lyre szabni a vid\u00e9ki asztalt?<\/h3><\/summary>\n<p>A vid\u00e9ki asztal testreszab\u00e1s\u00e1val igaz\u00e1n egyediv\u00e1 teheted az otthonodat. El\u0151sz\u00f6r v\u00e1laszd ki a megfelel\u0151 <strong>m\u00e9retet<\/strong>, <strong>form\u00e1t<\/strong> \u00e9s <strong>anyagot<\/strong>, amik illenek az \u00e9tkez\u0151dh\u00f6z. Gondolkodj p\u00e9ld\u00e1ul a k\u00f6vetkez\u0151 faanyagokon:<\/p>\n<ul>\n<li>t\u00f6lgy,<\/li>\n<li>cseresznye,<\/li>\n<li>\u00fajrahasznos\u00edtott fa.<\/li>\n<\/ul>\n<p>V\u00e1lassz olyan sz\u00edneket \u00e9s fel\u00fcleteket, amelyek j\u00f3l passzolnak a lak\u00e1sod hangulat\u00e1hoz.<\/p>\n<p>Az asztal form\u00e1ja sem mindegy: <strong>a t\u00e9glalap klasszikus<\/strong> terekbe j\u00f3, m\u00edg <strong>a k\u00f6r alak<\/strong> meghitt, csal\u00e1dias \u00e9tkez\u00e9sekhez ide\u00e1lis. Ha valami igaz\u00e1n karaktereset szeretn\u00e9l, v\u00e1laszthatsz <strong>antikolt fel\u00fcletet<\/strong> vagy <strong>\u00e9l\u0151 \u00e9l\u0171<\/strong> kialak\u00edt\u00e1st is. Szem\u00e9lyes r\u00e9szletk\u00e9nt ak\u00e1r belegrav\u00edroztathatsz monogramot, vagy k\u00fcl\u00f6nleges foganty\u00fakat is v\u00e1laszthatsz.<\/p>\n<p>Ne feledd a praktikus szempontokat sem: egy pad m\u00e9g lezserebb\u00e9 teszi a helyet, m\u00edg a k\u00fcl\u00f6nb\u00f6z\u0151 sz\u00e9kek j\u00e1t\u00e9koss\u00e1got visznek bele. <strong>Ha odafigyelsz ezekre az apr\u00f3s\u00e1gokra, az asztalod nemcsak b\u00fator lesz, hanem igazi k\u00f6zpontja a lak\u00e1snak.<\/strong><\/p>\n<\/details><details class=\"g-accordion \"><summary><h3>Milyen lehet\u0151s\u00e9gek vannak egy egyedi vid\u00e9ki asztal megalkot\u00e1s\u00e1ra?<\/h3><\/summary>\n<p>Ha saj\u00e1t, egyedi vid\u00e9ki asztalt k\u00e9sz\u00edten\u00e9l, rengeteg v\u00e1laszt\u00e1si lehet\u0151s\u00e9g \u00e1ll el\u0151tted \u2013 \u00edgy teljesen a saj\u00e1t \u00edzl\u00e9sedre \u00e9s ig\u00e9nyeidre szabhatod.<\/p>\n<ul>\n<li>d\u00f6nthetsz a fa fajt\u00e1j\u00e1r\u00f3l; n\u00e9pszer\u0171 a t\u00f6lgy, cseresznye, barna juhar \u00e9s di\u00f3 \u2013 mindegyik m\u00e1s kin\u00e9zetet \u00e9s tart\u00f3ss\u00e1got ad,<\/li>\n<li>v\u00e1laszthatsz k\u00fcl\u00f6nf\u00e9le fel\u00fcletkezel\u00e9st: lehet r\u00e9gies, antikolt vagy \u00e9pp modern, letisztult st\u00edlus,<\/li>\n<li>az asztall\u00e1bak is sokf\u00e9l\u00e9k: az egy- vagy k\u00e9toszlopos asztall\u00e1b eleg\u00e1nsabb\u00e1 teszi, a hagyom\u00e1nyos n\u00e9gy l\u00e1b pedig klasszikus \u00e9s egyszer\u0171,<\/li>\n<li>az asztal form\u00e1ja szint\u00e9n alak\u00edthat\u00f3; a t\u00e9glalap mindig divatos, a k\u00f6r viszont otthonosabb\u00e1 teszi a hangulatot,<\/li>\n<li>az egyedi megjelen\u00e9s\u00e9rt \u00e9rdemes p\u00e9ld\u00e1ul \u00e9l\u0151 \u00e9l\u0171 vagy grav\u00edrozott asztallapot v\u00e1lasztani,<\/li>\n<li>a f\u00e9m kieg\u00e9sz\u00edt\u0151k is feldobj\u00e1k a designt, hisz j\u00f3l keverik a vid\u00e9ki \u00e9s ipari elemeket.<\/li>\n<\/ul>\n<p><strong>Ezekkel az egyedi r\u00e9szletekkel olyan b\u00fatordarabod lesz, amely t\u00f6k\u00e9letesen illik az \u00e9tkez\u0151dbe, \u00e9s a saj\u00e1t st\u00edlusodat is t\u00fckr\u00f6zi.<\/strong><\/p>\n<\/details><details class=\"g-accordion \"><summary><h3>Milyen testreszab\u00e1si lehet\u0151s\u00e9gek vannak egy vid\u00e9ki \u00e9tkez\u0151garnit\u00far\u00e1n\u00e1l?<\/h3><\/summary>\n<p>A vid\u00e9ki \u00e9tkez\u0151garnit\u00far\u00e1k szabadon testreszabhat\u00f3k: kiv\u00e1laszthatod a hozz\u00e1 ill\u0151 sz\u00e9keket, fel\u00fcleteket vagy asztalm\u00e9reteket, hogy igaz\u00e1n harmonikus legyen az \u00f6sszhat\u00e1s, \u00e9s j\u00f3l mutasson az otthonodban. Sokf\u00e9le fa k\u00f6z\u00fcl v\u00e1laszthatsz, p\u00e9ld\u00e1ul <strong>t\u00f6lgy<\/strong>, <strong>cseresznye<\/strong> vagy <strong>di\u00f3<\/strong>, \u00edgy tart\u00f3s \u00e9s mutat\u00f3s asztalod \u00e9s sz\u00e9keid is lesznek.<\/p>\n<ul>\n<li>a fel\u00fcletekhez v\u00e1laszthatsz ak\u00e1r antikolt, ak\u00e1r modern st\u00edlust,<\/li>\n<li>az asztall\u00e1bak mint\u00e1zat\u00e1val is egyedis\u00e9get vihetsz bele \u2013 az egy vagy k\u00e9toszlopos l\u00e1bak p\u00e9ld\u00e1ul eleg\u00e1ns hat\u00e1st keltenek,<\/li>\n<li>ha a rusztikus b\u00e1j mellett szereted a moderns\u00e9get, v\u00e1laszd a fa \u00e9s f\u00e9m kombin\u00e1ci\u00f3j\u00e1t.<\/li>\n<\/ul>\n<p><strong>\u00cdgy nemcsak praktikus, de teljesen egyedi darabod lesz, amely term\u00e9szetesen illeszkedik az otthonod st\u00edlus\u00e1ba.<\/strong><\/p>\n<\/details><details class=\"g-accordion \"><summary><h3>Kezd\u0151k\u00e9nt hogyan k\u00e9sz\u00edthetsz saj\u00e1t vid\u00e9ki asztalt?<\/h3><\/summary>\n<p>M\u00e9g ha nincs is sok tapasztalatod, k\u00f6nnyen elk\u00e9sz\u00edthetsz egy igazi vid\u00e9ki asztalt, ha j\u00f3l v\u00e1lasztod meg az anyagokat \u00e9s az eszk\u00f6z\u00f6ket. V\u00e1lassz olcs\u00f3, k\u00f6nnyen kezelhet\u0151 f\u00e1t, p\u00e9ld\u00e1ul <strong>feny\u0151t<\/strong> vagy <strong>jegeny\u00e9t<\/strong>. Ezekhez a k\u00f6vetkez\u0151 alap szersz\u00e1mokra lesz sz\u00fcks\u00e9ged:<\/p>\n<ul>\n<li>f\u00far\u00f3,<\/li>\n<li>f\u0171r\u00e9sz,<\/li>\n<li>centim\u00e9ter,<\/li>\n<li>szor\u00edt\u00f3k, hogy pontos legyen minden v\u00e1g\u00e1s.<\/li>\n<\/ul>\n<p>El\u0151sz\u00f6r v\u00e1gd m\u00e9retre a faanyagot a kiv\u00e1lasztott asztalm\u00e9rethez. Az asztallap \u00f6ssze\u00e1ll\u00edt\u00e1s\u00e1hoz haszn\u00e1lj egyszer\u0171 k\u00f6t\u00e9si m\u00f3dszert, hogy stabil \u00e9s mutat\u00f3s legyen. Az extra stabilit\u00e1s\u00e9rt szerelj al\u00e1:<\/p>\n<ul>\n<li>massz\u00edv gerend\u00e1kat,<\/li>\n<li>vagy a bakasztal szerkezetet v\u00e1laszd.<\/li>\n<\/ul>\n<p><strong>A csiszol\u00e1s nagyon fontos a sima fel\u00fclethez.<\/strong> Ha ezzel k\u00e9sz vagy, fess vagy p\u00e1colj sz\u00ednt, ami illik otthonodhoz. A v\u00e9g\u00e9n lakkozd is le, \u00edgy tart\u00f3sabb lesz az asztalod.<\/p>\n<p><strong>Ezeket a l\u00e9p\u00e9seket k\u00f6vetve egy d\u00e9lut\u00e1n alatt kezd\u0151k\u00e9nt is elk\u00e9sz\u00edtheted saj\u00e1t, praktikus vid\u00e9ki asztalodat.<\/strong> Ezzel a projekttel rusztikus hangulatot teremthetsz a konyh\u00e1dban an\u00e9lk\u00fcl, hogy sokat k\u00f6lten\u00e9l r\u00e1.<\/p>\n<\/details><details class=\"g-accordion \"><summary><h3>Milyen l\u00e9p\u00e9sekb\u0151l \u00e1ll egy h\u00e1zilag k\u00e9sz\u00edtett vid\u00e9ki asztal projektje?<\/h3><\/summary>\n<p>Egy saj\u00e1t k\u00e9zzel k\u00e9sz\u00edtett vid\u00e9ki asztal elk\u00e9sz\u00edt\u00e9se n\u00e9h\u00e1ny fontos l\u00e9p\u00e9st ig\u00e9nyel, hogy igaz\u00e1n j\u00f3l siker\u00fclj\u00f6n. El\u0151sz\u00f6r v\u00e1lassz tart\u00f3s anyagot, p\u00e9ld\u00e1ul <strong>feny\u0151t<\/strong> vagy <strong>t\u00f6lgyet<\/strong>, ezek b\u00edrni fogj\u00e1k a mindennapos haszn\u00e1latot. Centim\u00e9terrel m\u00e9rd le \u00e9s f\u0171r\u00e9sszel v\u00e1gd pontos m\u00e9retre a faanyagot. Az asztallaphoz <strong>\u00f6nmetsz\u0151 csavarokkal<\/strong> \u00e9s <strong>faragaszt\u00f3val<\/strong> r\u00f6gz\u00edtsd \u00f6ssze a deszk\u00e1kat, hogy stabil legyen az eredm\u00e9ny.<\/p>\n<ul>\n<li>Az asztall\u00e1bak v\u00e1laszt\u00e1sa is rajtad m\u00falik: a hagyom\u00e1nyos n\u00e9gy l\u00e1b klasszikus,<\/li>\n<li>a bakasztal szerkezet stabilit\u00e1st \u00e9s vid\u00e9ki hangulatot ad,<\/li>\n<li>ha minden \u00f6ssze\u00e1llt, csiszold v\u00e9gig alaposan a fel\u00fcleteket, hogy sima legyen az asztal.<\/li>\n<\/ul>\n<p>Csiszol\u00e1s ut\u00e1n v\u00e1lassz egy sz\u00ednt vagy p\u00e1col\u00e1st, ami illik a helyis\u00e9ghez. V\u00e9g\u00fcl lakkozd le <strong>poliuret\u00e1nnal<\/strong>, \u00edgy v\u00e9dett lesz \u00e9s m\u00e9g szebb is marad majd.<\/p>\n<p>Ha ezekre a l\u00e9p\u00e9sekre \u00e9s a sz\u00fcks\u00e9ges eszk\u00f6z\u00f6kre (<strong>f\u00far\u00f3<\/strong>, <strong>szor\u00edt\u00f3k<\/strong>, <strong>csiszol\u00f3g\u00e9p<\/strong>) figyelsz, olyan asztalt tudsz k\u00e9sz\u00edteni, amely nemcsak praktikus, hanem melegs\u00e9get \u00e9s egyedis\u00e9get is visz az \u00e9tkez\u0151dbe.<\/p>\n<\/details><details class=\"g-accordion \"><summary><h3>Milyen szersz\u00e1mok \u00e9s anyagok kellenek egy vid\u00e9ki asztal elk\u00e9sz\u00edt\u00e9s\u00e9hez?<\/h3><\/summary>\n<p>Egy stabil \u00e9s sz\u00e9p vid\u00e9ki asztal elk\u00e9sz\u00edt\u00e9s\u00e9hez a megfelel\u0151 szersz\u00e1mok \u00e9s anyagok kellenek. Sz\u00fcks\u00e9ged lesz ezekre a szersz\u00e1mokra:<\/p>\n<ul>\n<li>f\u00far\u00f3,<\/li>\n<li>Kreg Jig f\u00far\u00f3kieg\u00e9sz\u00edt\u0151,<\/li>\n<li>k\u00f6rf\u0171r\u00e9sz,<\/li>\n<li>opcion\u00e1lisan g\u00e9rv\u00e1g\u00f3 f\u0171r\u00e9sz,<\/li>\n<li>rezg\u0151csiszol\u00f3,<\/li>\n<li>f\u00far\u00f3sz\u00e1r k\u00e9szlet,<\/li>\n<li>centim\u00e9ter,<\/li>\n<li>v\u00edzm\u00e9rt\u00e9k,<\/li>\n<li>der\u00e9ksz\u00f6g,<\/li>\n<li>ceruza,<\/li>\n<li>v\u00e9d\u0151szem\u00fcveg.<\/li>\n<\/ul>\n<p>Ezekkel az eszk\u00f6z\u00f6kkel lesznek pontosak a v\u00e1g\u00e1sok \u00e9s massz\u00edvak a szerkezetek.<\/p>\n<p>Az anyagok k\u00f6z\u00fcl a szok\u00e1sos feny\u0151deszka, p\u00e9ld\u00e1ul <strong>5&#215;10-es<\/strong> \u00e9s <strong>5&#215;15-\u00f6s<\/strong> gerenda ker\u00fcl el\u0151leg. P\u00e9ld\u00e1ul:<\/p>\n<ul>\n<li>hat darab 5&#215;10-es deszka l\u00e1bakhoz \u00e9s kerethez,<\/li>\n<li>hat darab 5&#215;15-\u00f6s deszka asztallaphoz,<\/li>\n<li>kb. 100 \u00f6nmetsz\u0151 csavar a szerel\u00e9shez.<\/li>\n<\/ul>\n<p>A <strong>faragaszt\u00f3<\/strong> nagyon fontos a k\u00f6t\u00e9sekn\u00e9l, a p\u00e1col\u00e1s vagy lakkoz\u00e1s pedig tesztess\u00e9 teszi a fel\u00fcletet.<\/p>\n<p>Ezekkel a kell\u00e9kekkel m\u00e1r kezd\u0151k\u00e9nt is el tudod k\u00e9sz\u00edteni a saj\u00e1t vid\u00e9ki asztalodat. <strong>K\u00f6nnyen megval\u00f3s\u00edthat\u00f3 DIY projekt, amivel igazi vid\u00e9ki hangulatot vihetsz az \u00e9tkez\u0151be.<\/strong><\/p>\n<\/details><details class=\"g-accordion \"><summary><h3>Mi tartozik bele egy vid\u00e9ki asztal v\u00e1g\u00e1si list\u00e1j\u00e1ba?<\/h3><\/summary>\n<p>A v\u00e1g\u00e1si lista seg\u00edt pontosan \u00f6ssze\u00edrni, milyen (h\u00e1ny darab, milyen hossz\u00fa) faanyagra lesz sz\u00fcks\u00e9ged az asztal elk\u00e9sz\u00edt\u00e9s\u00e9hez. Leggyakrabban haszn\u00e1lt faanyagok:<\/p>\n<ul>\n<li><strong>5&#215;10-es vagy 10&#215;10-es<\/strong> gerenda a l\u00e1bakhoz,<\/li>\n<li>keretfa,<\/li>\n<li>kit\u00e1maszt\u00f3 keresztl\u00e9c,<\/li>\n<li>az asztallaphoz t\u00f6bb darab <strong>5&#215;20-as<\/strong> deszka.<\/li>\n<\/ul>\n<p>Term\u00e9szetesen a pontos m\u00e9reteket a k\u00edv\u00e1nt asztalm\u00e9ret hat\u00e1rozza meg. Ezzel a r\u00e9szletes list\u00e1val egyszer\u0171bb minden anyagot el\u0151re beszerezni, \u00edgy gyorsabban \u00e9s kevesebb hib\u00e1val tudod \u00f6sszerakni az asztalt. <strong>Olyan, mint egy tervezet, aminek k\u00f6sz\u00f6nhet\u0151en minden darabot pontosan m\u00e9retre tudsz v\u00e1gni, \u00e9s sz\u00e9p lesz a v\u00e9geredm\u00e9ny.<\/strong><\/p>\n<\/details><details class=\"g-accordion \"><summary><h3>Hogyan szereld \u00f6ssze a vid\u00e9ki asztalt l\u00e9p\u00e9sr\u0151l l\u00e9p\u00e9sre?<\/h3><\/summary>\n<p>Ha massz\u00edv \u00e9s mutat\u00f3s vid\u00e9ki asztalt szeretn\u00e9l, el\u0151sz\u00f6r szedd \u00f6ssze a sz\u00fcks\u00e9ges anyagokat:<\/p>\n<ul>\n<li>p\u00e9ld\u00e1ul 5&#215;10-es deszkat a l\u00e1bakhoz \u00e9s a kerethez,<\/li>\n<li>5&#215;15-\u00f6s deszk\u00e1t az asztallaphoz,<\/li>\n<li>\u00f6nmetsz\u0151 csavarokat,<\/li>\n<li>faragaszt\u00f3t,<\/li>\n<li>Kreg Jig sablont.<\/li>\n<\/ul>\n<p>Kezdd az asztallappal: a 5&#215;15-\u00f6s lapokat fogas k\u00f6t\u00e9sben, Kreg Jig seg\u00edts\u00e9g\u00e9vel r\u00f6gz\u00edtsd, \u00edgy er\u0151s, l\u00e1thatatlan csatlakoz\u00e1sokat kapsz. Az extra tart\u00e1s\u00e9rt haszn\u00e1lj faragaszt\u00f3t is a deszk\u00e1k k\u00f6z\u00f6tt.<\/p>\n<p>Ezut\u00e1n rakd \u00f6ssze az asztal alapj\u00e1t. V\u00e1gj n\u00e9gy 5&#215;10-es f\u00e1t a k\u00edv\u00e1nt l\u00e1bmagass\u00e1gra, ezekb\u0151l lesz a l\u00e1b. \u00dcgyelj r\u00e1, hogy a k\u00e9t l\u00e1bp\u00e1r k\u00f6z\u00e9 keretk\u00e9nt r\u00f6gz\u00edts plusz deszk\u00e1kat, megfelel\u0151 magass\u00e1gban r\u00f6gz\u00edtve, hogy k\u00e9nyelmesen elf\u00e9rjenek a l\u00e1bak az asztal alatt.<\/p>\n<p>A keretek k\u00f6z\u00f6tt keresztl\u00e9cet is tehetsz, ett\u0151l m\u00e9g stabilabb lesz az asztal. Ezut\u00e1n r\u00f6gz\u00edtsd a k\u00e9sz v\u00e1zat az asztallaphoz. Minden elemet igaz\u00edts pontosan, hogy az asztal ne billegjen, rendesen elossza a s\u00falyt.<\/p>\n<p>Ha minden k\u00e9sz, ellen\u0151rizd, hogy nincs-e sz\u00fcks\u00e9g igaz\u00edt\u00e1sra, majd h\u00fazd meg a csavarokat, ak\u00e1r plusz merev\u00edt\u00e9sekkel is, hogy az asztal sok\u00e1ig stabil maradjon. <strong>Ezzel biztos\u00edthatod, hogy az asztal tart\u00f3s lesz.<\/strong><\/p>\n<p>V\u00e9g\u00fcl csiszold \u00e1t az \u00e9leket, fel\u00fcleteket, majd kend le a v\u00e1lasztott p\u00e1ccal vagy fest\u00e9kkel \u2013 \u00edgy az asztal sz\u00e9p \u00e9s ellen\u00e1ll\u00f3 lesz. Ha k\u00f6veted ezeket a l\u00e9p\u00e9seket, \u00e9s haszn\u00e1lod a megfelel\u0151 szersz\u00e1mokat, olyan vid\u00e9ki asztalt k\u00e9sz\u00edthetsz, ami minden st\u00edlushoz j\u00f3l passzol.<\/p>\n<\/details>\n","protected":false},"excerpt":{"rendered":"<p>A vid\u00e9ki st\u00edlus\u00fa asztalok igazi kedvencek lettek a lakberendez\u0151k k\u00f6r\u00e9ben, hiszen id\u0151tlen sz\u00e9ps\u00e9g\u00fckkel \u00f6tv\u00f6zik a rusztikus b\u00e1jt \u00e9s a praktikus haszn\u00e1lhat\u00f3s\u00e1got. Ezek az asztalok t\u00f6bbet jelentenek, mint egyszer\u0171 \u00e9tkez\u0151b\u00fatorok \u2013 gyakran a lak\u00e1s k\u00f6z\u00e9ppontj\u00e1v\u00e1 v\u00e1lnak, ahov\u00e1 a csal\u00e1d \u00e9s bar\u00e1tok sz\u00edvesen \u00f6sszegy\u0171lnek, meleg, bar\u00e1ts\u00e1gos hangulatot teremtve. A vid\u00e9ki asztalok sokf\u00e9le st\u00edlusban kaphat\u00f3k, a hagyom\u00e1nyos rusztikust\u00f3l eg\u00e9szen a modern, ipari kombin\u00e1ci\u00f3kig,&hellip;<\/p>\n","protected":false},"author":12,"featured_media":7843,"comment_status":"closed","ping_status":"closed","sticky":false,"template":"","format":"standard","meta":{"rank_math_focus_keyword":"paraszth\u00e1z asztal \u00f6tletek","rank_math_title":"Legjobb paraszth\u00e1z asztal \u00f6tletek egy b\u00e1jos \u00e9tkez\u0151 kialak\u00edt\u00e1s\u00e1hoz","rank_math_description":"Fedezd fel a st\u00edlusos paraszth\u00e1z asztal \u00f6tleteket, amelyek rusztikus b\u00e1jjal \u00e9s modern eleganci\u00e1val var\u00e1zsolj\u00e1k fel az \u00e9tkez\u0151det.","footnotes":""},"categories":[133],"tags":[],"class_list":["post-8290","post","type-post","status-publish","format-standard","has-post-thumbnail","hentry","category-videkies"],"g_custom_schema_json":"<script type=\"application\/ld+json\">\n{\n  \"@context\": \"https:\/\/schema.org\",\n  \"@type\": \"FAQPage\",\n  \"mainEntity\": [\n    {\n      \"@type\": \"Question\",\n      \"name\": \"Milyen n\u00e9pszer\u0171 \u00f6tletek vannak a paraszth\u00e1zi asztalokhoz?\",\n      \"acceptedAnswer\": {\n        \"@type\": \"Answer\",\n        \"text\": \"A paraszth\u00e1zi \u00e9tkez\u0151asztalok rusztikus megjelen\u00e9s\u00fckkel \u00e9s bark\u00e1cs hangulatukkal sokak kedvencei lettek. Gyakran term\u00e9szetes anyagokb\u00f3l k\u00e9sz\u00fclnek, \u00edgy otthonos, bar\u00e1ts\u00e1gos \u00e9rz\u00e9st teremtenek. Jellemz\u0151 r\u00e1juk a massz\u00edv tart\u00f3gerenda \u00e9s a k\u00fcl\u00f6nb\u00f6z\u0151 fafajt\u00e1kb\u00f3l k\u00e9sz\u00fclt, mark\u00e1nsan erezett fel\u00fclet.\"\n      }\n    },\n    {\n      \"@type\": \"Question\",\n      \"name\": \"Milyen t\u00edpus\u00fa paraszth\u00e1zi asztalok l\u00e9teznek?\",\n      \"acceptedAnswer\": {\n        \"@type\": \"Answer\",\n        \"text\": \"Sz\u00e1mos k\u00fcl\u00f6nb\u00f6z\u0151 st\u00edlus\u00fa paraszth\u00e1zi asztal l\u00e9tezik, \u00edgy b\u00e1rmilyen otthonban j\u00f3l mutatnak. A hagyom\u00e1nyos asztalok rusztikus form\u00e1ikkal \u00e9s koptatott fel\u00fcleteikkel igazi vintage hangulatot teremtenek. A modern paraszth\u00e1zi asztalok letisztultak, egyszer\u0171ek, az ipari st\u00edlus\u00faak pedig a fa \u00e9s f\u00e9m anyagokat \u00f6tv\u00f6zik.\"\n      }\n    },\n    {\n      \"@type\": \"Question\",\n      \"name\": \"Milyen fafajt\u00e1k a legjobbak paraszth\u00e1zi asztalokhoz?\",\n      \"acceptedAnswer\": {\n        \"@type\": \"Answer\",\n        \"text\": \"A t\u00f6lgy, cseresznye, barna juhar \u00e9s di\u00f3 mind kiv\u00e1l\u00f3 opci\u00f3 paraszth\u00e1zi asztalhoz. Ezek tart\u00f3sak \u00e9s egyedi megjelen\u00e9st k\u00f6lcs\u00f6n\u00f6znek az asztalnak. Az \u00e1ltalad v\u00e1lasztott fa meghat\u00e1rozza az asztal tart\u00f3ss\u00e1g\u00e1t \u00e9s k\u00fclsej\u00e9t is.\"\n      }\n    },\n    {\n      \"@type\": \"Question\",\n      \"name\": \"Milyen anyagokat haszn\u00e1lnak leggyakrabban paraszth\u00e1zi asztalokhoz?\",\n      \"acceptedAnswer\": {\n        \"@type\": \"Answer\",\n        \"text\": \"A paraszth\u00e1zi asztalokn\u00e1l leggyakrabban t\u00f6m\u00f6r f\u00e1t haszn\u00e1lnak, p\u00e9ld\u00e1ul feny\u0151t, t\u00f6lgyet vagy \u00fajrahasznos\u00edtott f\u00e1t. Hogy modernebb legyen, sokan v\u00e1lasztanak f\u00e9m kieg\u00e9sz\u00edt\u0151ket is a fa mell\u00e9.\"\n      }\n    },\n    {\n      \"@type\": \"Question\",\n      \"name\": \"Milyen el\u0151nyei vannak a t\u00f6m\u00f6rf\u00e1nak, ha paraszth\u00e1zi asztalt k\u00e9sz\u00edtesz?\",\n      \"acceptedAnswer\": {\n        \"@type\": \"Answer\",\n        \"text\": \"A t\u00f6m\u00f6rfa nagyon tart\u00f3s, \u00edgy \u00e9vekig b\u00edrja a mindennapos ig\u00e9nybev\u00e9telt is. Megjelen\u00e9s\u00e9vel b\u00e1rmilyen st\u00edlushoz illik, melegs\u00e9get, otthonoss\u00e1got visz a szob\u00e1ba, \u00e9s minden asztal m\u00e1s erezet\u0171, ez\u00e9rt mindegyik teljesen egyedi lesz.\"\n      }\n    },\n    {\n      \"@type\": \"Question\",\n      \"name\": \"Hogyan befoly\u00e1solj\u00e1k a l\u00e1bak st\u00edlusai a paraszth\u00e1zi asztalok kin\u00e9zet\u00e9t?\",\n      \"acceptedAnswer\": {\n        \"@type\": \"Answer\",\n        \"text\": \"A l\u00e1bak t\u00edpusa nagyban meghat\u00e1rozza az asztal megjelen\u00e9s\u00e9t \u00e9s haszn\u00e1lhat\u00f3s\u00e1g\u00e1t. Egy n\u00e9gy l\u00e1b\u00fa asztal klasszikus \u00e9s massz\u00edv kin\u00e9zetet ad, az egytalpas (piedeszt\u00e1l) asztal eleg\u00e1nsabb \u00e9s helytakar\u00e9kos.\"\n      }\n    },\n    {\n      \"@type\": \"Question\",\n      \"name\": \"Milyen tulajdons\u00e1gai vannak az egy- \u00e9s k\u00e9ttalpas asztaloknak?\",\n      \"acceptedAnswer\": {\n        \"@type\": \"Answer\",\n        \"text\": \"Az egytalpas asztalok k\u00f6z\u00e9pen kapnak t\u00e1maszt\u00e9kot, \u00edgy szabadon k\u00f6rbej\u00e1rhat\u00f3k, kis helyen is k\u00e9nyelmesek. A k\u00e9ttalpas asztalok k\u00e9t t\u00e1maszukkal m\u00e9g stabilabbak \u00e9s nagyobb asztallapot is elb\u00edrnak.\"\n      }\n    },\n    {\n      \"@type\": \"Question\",\n      \"name\": \"Mik\u00e9nt ad eleganci\u00e1t a piedeszt\u00e1l asztal a paraszth\u00e1zi k\u00f6rnyezetnek?\",\n      \"acceptedAnswer\": {\n        \"@type\": \"Answer\",\n        \"text\": \"A piedeszt\u00e1l asztalok eleg\u00e1ns megjelen\u00e9st k\u00f6lcs\u00f6n\u00f6znek, egys\u00e9ges, sima asztallapot adnak \u00e9s k\u00fcl\u00f6nleges lesz az \u00e9tkez\u00e9s. St\u00edlusos l\u00e1bazatuk r\u00e9v\u00e9n egyszerre eleg\u00e1nsak \u00e9s bar\u00e1ts\u00e1gosak.\"\n      }\n    },\n    {\n      \"@type\": \"Question\",\n      \"name\": \"Hogyan teszik rugalmasabb\u00e1 a \u201cbutterfly\u201d \u00e9s lehajthat\u00f3 asztalok az \u00e9tkez\u0151t?\",\n      \"acceptedAnswer\": {\n        \"@type\": \"Answer\",\n        \"text\": \"A \u201cbutterfly\u201d \u00e9s lehajthat\u00f3 asztalok igazi rugalmass\u00e1got adnak, \u00edgy ak\u00e1r kisebb, ak\u00e1r nagyobb t\u00e1rsas\u00e1ghoz igaz\u00edthat\u00f3k. A butterfly asztalban rejtett, kihajthat\u00f3 plusz lap van, a lehajthat\u00f3 asztalokn\u00e1l a k\u00e9t oldal\u00e1t lehet fel vagy le hajtani.\"\n      }\n    },\n    {\n      \"@type\": \"Question\",\n      \"name\": \"Mi a funkci\u00f3ja a refekt\u00f3rium \u00e9s shaker asztaloknak a paraszth\u00e1zi berendez\u00e9sben?\",\n      \"acceptedAnswer\": {\n        \"@type\": \"Answer\",\n        \"text\": \"A refekt\u00f3rium asztalok hossz\u00fak\u00e1sak \u00e9s massz\u00edvak, k\u00f6z\u00f6s \u00e9tkez\u00e9sekhez ide\u00e1lisak, rusztikus fel\u00fclet\u00fck pedig er\u0151s\u00edti a paraszth\u00e1zi hangulatot. A shaker asztalok letisztult, funkcion\u00e1lis formavil\u00e1got k\u00e9pviselnek.\"\n      }\n    },\n    {\n      \"@type\": \"Question\",\n      \"name\": \"Hogyan eg\u00e9sz\u00edtik ki a paraszth\u00e1zi sz\u00e9kek az asztal st\u00edlus\u00e1t?\",\n      \"acceptedAnswer\": {\n        \"@type\": \"Answer\",\n        \"text\": \"A l\u00e9trasz\u00e9kek klasszikus rusztikus hangulatot visznek az asztal k\u00f6r\u00e9, a k\u00e1rpitozott sz\u00e9kek k\u00e9nyelmesebbek, a padok pedig laz\u00e1bb\u00e1, bar\u00e1ts\u00e1gosabb\u00e1 teszik a hangulatot. K\u00fcl\u00f6nb\u00f6z\u0151 st\u00edlus\u00fa vagy sz\u00edn\u0171 sz\u00e9kekkel egyedi lehet az \u00f6sszhat\u00e1s.\"\n      }\n    },\n    {\n      \"@type\": \"Question\",\n      \"name\": \"Mi a k\u00e9nyelmes \u00fcl\u00e9s alapfelt\u00e9tele egy paraszth\u00e1zi asztaln\u00e1l?\",\n      \"acceptedAnswer\": {\n        \"@type\": \"Answer\",\n        \"text\": \"A sz\u00e9kek megfelel\u0151 magass\u00e1g\u00faak legyenek, hogy \u00fcl\u00e9s k\u00f6zben a l\u00e1bak k\u00e9nyelmesen a f\u00f6ld\u00f6n legyenek, a k\u00f6ny\u00f6k pedig egy magass\u00e1gban legyen az asztallappal. P\u00e1rn\u00e1kkal vagy k\u00e1rpitozott sz\u00e9kekkel n\u00f6velhet\u0151 a komfort.\"\n      }\n    },\n    {\n      \"@type\": \"Question\",\n      \"name\": \"Milyen st\u00edlusok \u00e9s sz\u00ednek illenek legjobban a paraszth\u00e1zi asztalokhoz?\",\n      \"acceptedAnswer\": {\n        \"@type\": \"Answer\",\n        \"text\": \"A rusztikust\u00f3l a modernig vagy vintage ihlet\u00e9s\u0171 v\u00e1ltozatokig b\u00e1rmit v\u00e1laszthatsz. A legn\u00e9pszer\u0171bbek a semleges \u00e1rnyalatok \u2013 feh\u00e9r, b\u00e9zs vagy sz\u00fcrke \u2013, amelyek id\u0151t\u00e1ll\u00f3ak \u00e9s minden dekor\u00e1ci\u00f3hoz illenek.\"\n      }\n    },\n    {\n      \"@type\": \"Question\",\n      \"name\": \"Milyen el\u0151nye van annak, ha semleges sz\u00edneket p\u00e1ros\u00edtasz paraszth\u00e1zi asztalhoz?\",\n      \"acceptedAnswer\": {\n        \"@type\": \"Answer\",\n        \"text\": \"A semleges sz\u00ednek id\u0151tlen \u00e9s rugalmas \u00e9tkez\u0151 teret adnak, k\u00f6nnyen kombin\u00e1lhat\u00f3k k\u00fcl\u00f6nb\u00f6z\u0151 text\u00far\u00e1kkal \u00e9s anyagokkal. Ezek a sz\u00ednek bar\u00e1ts\u00e1gos, nyugodt l\u00e9gk\u00f6rt teremtenek.\"\n      }\n    },\n    {\n      \"@type\": \"Question\",\n      \"name\": \"Hogyan teszik izgalmasabb\u00e1 a vegyes anyagok a paraszth\u00e1zi asztalokat?\",\n      \"acceptedAnswer\": {\n        \"@type\": \"Answer\",\n        \"text\": \"Ha a rusztikus f\u00e1t f\u00e9mmel vagy \u00fcveggel p\u00e1ros\u00edtod, k\u00fcl\u00f6nleges \u00f6sszhat\u00e1s j\u00f6n l\u00e9tre. Ez j\u00f3l illik hagyom\u00e1nyos \u00e9s modern berendez\u00e9sekhez is, tov\u00e1bb\u00e1 puha text\u00edli\u00e1kkal fokozhat\u00f3 a meghitt hangulat.\"\n      }\n    }\n  ]\n}\n<\/script>\n\n<script type=\"application\/ld+json\">\n{\n  \"@context\": \"https:\/\/schema.org\",\n  \"@type\": \"HowTo\",\n  \"name\": \"Saj\u00e1t vid\u00e9ki asztal k\u00e9sz\u00edt\u00e9se kezd\u0151k\u00e9nt\",\n  \"description\": \"K\u00f6nnyen elk\u00e9sz\u00edthetsz egy igazi vid\u00e9ki asztalt, ha j\u00f3l v\u00e1lasztod meg az anyagokat \u00e9s az eszk\u00f6z\u00f6ket. Ez a HowTo v\u00e9gigvezet az asztal elk\u00e9sz\u00edt\u00e9s\u00e9nek egyszer\u0171 l\u00e9p\u00e9sein, kezd\u0151 bark\u00e1csol\u00f3k sz\u00e1m\u00e1ra is.\",\n  \"image\": \"https:\/\/doubletakedecor.com\/uploads\/2025\/09\/farmhouse-table-ideas-dtd-01.jpg\",\n  \"totalTime\": \"PT6H\",\n  \"tool\": [\n    {\n      \"@type\": \"HowToTool\",\n      \"name\": \"f\u00far\u00f3\"\n    },\n    {\n      \"@type\": \"HowToTool\",\n      \"name\": \"f\u0171r\u00e9sz\"\n    },\n    {\n      \"@type\": \"HowToTool\",\n      \"name\": \"centim\u00e9ter\"\n    },\n    {\n      \"@type\": \"HowToTool\",\n      \"name\": \"szor\u00edt\u00f3k\"\n    }\n  ],\n  \"supply\": [\n    {\n      \"@type\": \"HowToSupply\",\n      \"name\": \"feny\u0151 vagy jegenye faanyag\"\n    },\n    {\n      \"@type\": \"HowToSupply\",\n      \"name\": \"\u00f6nmetsz\u0151 csavar\"\n    },\n    {\n      \"@type\": \"HowToSupply\",\n      \"name\": \"faragaszt\u00f3\"\n    },\n    {\n      \"@type\": \"HowToSupply\",\n      \"name\": \"p\u00e1c vagy fest\u00e9k\"\n    },\n    {\n      \"@type\": \"HowToSupply\",\n      \"name\": \"lakk\"\n    }\n  ],\n  \"step\": [\n    {\n      \"@type\": \"HowToStep\",\n      \"name\": \"Anyagok \u00e9s szersz\u00e1mok kiv\u00e1laszt\u00e1sa\",\n      \"text\": \"V\u00e1lassz olcs\u00f3, k\u00f6nnyen kezelhet\u0151 f\u00e1t, p\u00e9ld\u00e1ul feny\u0151t vagy jegeny\u00e9t. Sz\u00fcks\u00e9ged lesz f\u00far\u00f3ra, f\u0171r\u00e9szre, centim\u00e9terre \u00e9s szor\u00edt\u00f3kra.\",\n      \"image\": \"https:\/\/doubletakedecor.com\/uploads\/2025\/09\/farmhouse-table-ideas-dtd-01.jpg\"\n    },\n    {\n      \"@type\": \"HowToStep\",\n      \"name\": \"Faanyag m\u00e9retre v\u00e1g\u00e1sa\",\n      \"text\": \"M\u00e9rd le \u00e9s v\u00e1gd m\u00e9retre a faanyagot a kiv\u00e1lasztott asztalm\u00e9rethez. Az asztallaphoz t\u00f6bb darab deszk\u00e1t haszn\u00e1lj.\",\n      \"image\": \"https:\/\/doubletakedecor.com\/uploads\/2025\/09\/farmhouse-table-ideas-dtd-12.jpg\"\n    },\n    {\n      \"@type\": \"HowToStep\",\n      \"name\": \"Asztallap \u00f6ssze\u00e1ll\u00edt\u00e1sa\",\n      \"text\": \"Az asztallaphoz egyszer\u0171 k\u00f6t\u00e9si m\u00f3dszert alkalmazz, \u00f6nmetsz\u0151 csavarokkal \u00e9s faragaszt\u00f3val r\u00f6gz\u00edtsd a deszk\u00e1kat. Az extra stabilit\u00e1s\u00e9rt szerelj al\u00e1 massz\u00edv gerend\u00e1kat vagy v\u00e1laszd a bakasztal szerkezetet.\",\n      \"image\": \"https:\/\/doubletakedecor.com\/uploads\/2025\/09\/farmhouse-table-ideas-dtd-13.jpg\"\n    },\n    {\n      \"@type\": \"HowToStep\",\n      \"name\": \"Fel\u00fclet csiszol\u00e1sa\",\n      \"text\": \"Csiszold sim\u00e1ra az asztal fel\u00fclet\u00e9t. Ez nagyon fontos, hogy sz\u00e9p, sima legyen a v\u00e9geredm\u00e9ny.\",\n      \"image\": \"https:\/\/doubletakedecor.com\/uploads\/2025\/09\/farmhouse-table-ideas-dtd-15.jpg\"\n    },\n    {\n      \"@type\": \"HowToStep\",\n      \"name\": \"Fest\u00e9s, p\u00e1col\u00e1s \u00e9s lakkoz\u00e1s\",\n      \"text\": \"Fesd vagy p\u00e1colj sz\u00ednt az asztalra, ami illik otthonodhoz, majd lakkozd is le a tart\u00f3ss\u00e1g\u00e9rt.\",\n      \"image\": \"https:\/\/doubletakedecor.com\/uploads\/2025\/09\/farmhouse-table-ideas-dtd-16.jpg\"\n    }\n  ]\n}\n<\/script>","_links":{"self":[{"href":"https:\/\/doubletakedecor.com\/hu\/wp-json\/wp\/v2\/posts\/8290","targetHints":{"allow":["GET"]}}],"collection":[{"href":"https:\/\/doubletakedecor.com\/hu\/wp-json\/wp\/v2\/posts"}],"about":[{"href":"https:\/\/doubletakedecor.com\/hu\/wp-json\/wp\/v2\/types\/post"}],"author":[{"embeddable":true,"href":"https:\/\/doubletakedecor.com\/hu\/wp-json\/wp\/v2\/users\/12"}],"replies":[{"embeddable":true,"href":"https:\/\/doubletakedecor.com\/hu\/wp-json\/wp\/v2\/comments?post=8290"}],"version-history":[{"count":1,"href":"https:\/\/doubletakedecor.com\/hu\/wp-json\/wp\/v2\/posts\/8290\/revisions"}],"predecessor-version":[{"id":8291,"href":"https:\/\/doubletakedecor.com\/hu\/wp-json\/wp\/v2\/posts\/8290\/revisions\/8291"}],"wp:featuredmedia":[{"embeddable":true,"href":"https:\/\/doubletakedecor.com\/hu\/wp-json\/wp\/v2\/media\/7843"}],"wp:attachment":[{"href":"https:\/\/doubletakedecor.com\/hu\/wp-json\/wp\/v2\/media?parent=8290"}],"wp:term":[{"taxonomy":"category","embeddable":true,"href":"https:\/\/doubletakedecor.com\/hu\/wp-json\/wp\/v2\/categories?post=8290"},{"taxonomy":"post_tag","embeddable":true,"href":"https:\/\/doubletakedecor.com\/hu\/wp-json\/wp\/v2\/tags?post=8290"}],"curies":[{"name":"wp","href":"https:\/\/api.w.org\/{rel}","templated":true}]}}