{"id":8292,"date":"2025-09-13T16:35:25","date_gmt":"2025-09-13T14:35:25","guid":{"rendered":"https:\/\/doubletakedecor.com\/kert\/cserepnoveny-elrendezesi-otletek\/"},"modified":"2025-09-13T18:06:25","modified_gmt":"2025-09-13T16:06:25","slug":"cserepnoveny-elrendezesi-otletek","status":"publish","type":"post","link":"https:\/\/doubletakedecor.com\/hu\/kert\/cserepnoveny-elrendezesi-otletek\/","title":{"rendered":"Kreat\u00edv cserepespl\u00e1nta-elrendez\u00e9si \u00f6tletek, amelyek feldobj\u00e1k a teredet"},"content":{"rendered":"<p>Alak\u00edtsd \u00e1t a k\u00fclt\u00e9ri ter\u00fcleteidet kreat\u00edv cserepes n\u00f6v\u00e9nyelrendez\u00e9sekkel, hogy \u00e9letet vigy\u00e9l a verand\u00e1ra, teraszra vagy az erk\u00e9lyre. Sz\u00ednes vir\u00e1gokat, d\u00fas lomb\u00fa n\u00f6v\u00e9nyeket \u00e9s karakteres kasp\u00f3kat kombin\u00e1lva olyan \u00f6ssze\u00e1ll\u00edt\u00e1sokat hozhatsz l\u00e9tre, amelyek igazi l\u00e1tv\u00e1nyelemei lesznek a kertednek.<\/p>\n<p>A cserepes n\u00f6v\u00e9nyekben az a j\u00f3, hogy sokf\u00e9lek\u00e9ppen lehet \u0151ket elrendezni, \u00e9s k\u00f6nnyen alkalmazkodnak b\u00e1rmilyen helyhez. Ny\u00e1ron h\u0151s\u00e9gt\u0171r\u0151 egyny\u00e1riakat, \u0151sszel krizant\u00e9mokat v\u00e1lassz, hogy eg\u00e9sz \u00e9vben mutat\u00f3sak legyenek. Haszn\u00e1lhatsz ak\u00e1r r\u00e9gi v\u00f6dr\u00f6ket, antik locsol\u00f3kann\u00e1kat vagy f\u00e1b\u00f3l k\u00e9sz\u00fclt l\u00e1d\u00e1kat is &#8211; ezek k\u00fcl\u00f6nleges hangulatot adnak, \u00e9s praktikus \u00fcltet\u0151ed\u00e9nyek is.<\/p>\n<p>A l\u00e1tv\u00e1nyos elrendez\u00e9s titka a tudatos \u00f6ssze\u00e1ll\u00edt\u00e1s. V\u00e1lassz k\u00fcl\u00f6nb\u00f6z\u0151 magass\u00e1g\u00fa n\u00f6v\u00e9nyeket, kombin\u00e1ld a leoml\u00f3 \u00e9s felfel\u00e9 t\u00f6r\u0151 fajt\u00e1kat, \u00e9s j\u00e1tssz a levelek text\u00far\u00e1j\u00e1val \u00e9s a vir\u00e1gsz\u00ednekkel. Legjobb, ha f\u00f6ld helyett laza \u00fcltet\u0151k\u00f6zeget haszn\u00e1lsz, hogy a v\u00edz k\u00f6nnyen elfolyhasson \u2013 \u00edgy elker\u00fclheted a gy\u00f6k\u00e9rrothad\u00e1st, \u00e9s a n\u00f6v\u00e9nyeid eg\u00e9szs\u00e9gesebben fejl\u0151dnek.<\/p>\n<p>A cserepes megold\u00e1sokkal b\u00e1rmire k\u00e9pes vagy: alkothatsz bel\u0151l\u00fck parav\u00e1nt a k\u00edv\u00e1ncsiskod\u00f3 tekintetek ellen, rusztikus kis sarkokat rendezhetsz be, vagy f\u00fcgg\u0151leges elrendez\u00e9ssel is helyet sp\u00f3rolhatsz. Ha k\u00fcl\u00f6nb\u00f6z\u0151 m\u00e9ret\u0171 cserepeket \u00e9s \u00e9vszakhoz ill\u0151 n\u00f6v\u00e9nyeket v\u00e1logatsz \u00f6ssze, mindig friss marad az \u00f6sszhat\u00e1s, r\u00e1ad\u00e1sul a saj\u00e1t st\u00edlusodat is megmutathatod vel\u00fck.<\/p>\n<div class=\"kt_block\" id=\"kt_id\">\n<span class=\"kt_headline\">L\u00e9nyeges dolgok<\/span><\/p>\n<ul class=\"kt_post_list\">\n<li><strong>\ud83c\udf3f Sokr\u00e9t\u0171 cserepes kert\u00e9szked\u00e9s:<\/strong> A kreat\u00edv cserepes \u00f6ssze\u00e1ll\u00edt\u00e1sok teljesen \u00e1tv\u00e1ltoztathatj\u00e1k a k\u00fclt\u00e9ri helyeket \u2013 p\u00e9ld\u00e1ul a verand\u00e1t, a teraszt vagy az erk\u00e9lyt \u2013, ha \u00e9l\u00e9nk sz\u00edn\u0171 vir\u00e1gokat, d\u00fas lombot \u00e9s k\u00fcl\u00f6nleges kasp\u00f3kat haszn\u00e1lsz.<\/li>\n<li><strong>\ud83c\udf42 \u00c9vszakhoz idomul\u00f3 \u00f6tletek:<\/strong> Ny\u00e1ron v\u00e1lassz h\u0151s\u00e9gt\u0171r\u0151 egyny\u00e1riakat, \u0151sszel krizant\u00e9mokat \u2013 ez eg\u00e9sz \u00e9vben mutat\u00f3s cser\u00e9pkerteket biztos\u00edt, f\u0151leg, ha k\u00fcl\u00f6nleges \u00fcltet\u0151ed\u00e9nyeket is beveted.<\/li>\n<li><strong>\ud83c\udfa8 Kreat\u00edv elrendez\u00e9s:<\/strong> Legyen \u00e9rdekes az \u00f6sszk\u00e9p: vari\u00e1ld a n\u00f6v\u00e9nymagass\u00e1gokat, keverd a leoml\u00f3 \u00e9s felfel\u00e9 t\u00f6r\u0151 fajt\u00e1kat, j\u00e1tssz a sz\u00ednekkel \u00e9s levelek form\u00e1j\u00e1val, hogy izgalmas \u00e9s rendezett hat\u00e1st \u00e9rj el.<\/li>\n<li><strong>\ud83c\udfe1 V\u00e9gtelen lehet\u0151s\u00e9gek:<\/strong> Legyen sz\u00f3 magas d\u00edszn\u00f6v\u00e9nyekb\u0151l k\u00e9sz\u00fclt takar\u00f3falakr\u00f3l, vintage hangulat\u00fa sarokr\u00f3l vagy helytakar\u00e9kos, f\u00fcgg\u0151leges elrendez\u00e9sekr\u0151l \u2013 a cserepes n\u00f6v\u00e9nyekkel szinte b\u00e1rmit megval\u00f3s\u00edthatsz, mik\u00f6zben a saj\u00e1t st\u00edlusodat is kifejezheted.<\/li>\n<\/ul>\n<\/div>\n<h2>\u00c9l\u00e9nk sz\u00ednek a terasz cserepekben<\/h2>\n<p><img loading=\"lazy\" decoding=\"async\" width=\"700\" height=\"1050\" alt=\"\u00c9l\u00e9nks\u00e1rga k\u00fapvir\u00e1ggal, narancss\u00e1rga vir\u00e1gokkal \u00e9s leoml\u00f3 z\u00f6lddel teli terrakotta cser\u00e9p modern otthon k\u0151 terasz\u00e1n, mellette sz\u00e9kekkel.\" class=\"aligncenter size-full wp-image-7848\" src=\"https:\/\/doubletakedecor.com\/uploads\/2025\/09\/potted-plant-arrangement-ideas-dtd-01.jpg\" srcset=\"https:\/\/doubletakedecor.com\/uploads\/2025\/09\/potted-plant-arrangement-ideas-dtd-01.jpg 700w, https:\/\/doubletakedecor.com\/uploads\/2025\/09\/potted-plant-arrangement-ideas-dtd-01-200x300.jpg 200w, https:\/\/doubletakedecor.com\/uploads\/2025\/09\/potted-plant-arrangement-ideas-dtd-01-683x1024.jpg 683w, https:\/\/doubletakedecor.com\/uploads\/2025\/09\/potted-plant-arrangement-ideas-dtd-01-96x144.jpg 96w, https:\/\/doubletakedecor.com\/uploads\/2025\/09\/potted-plant-arrangement-ideas-dtd-01-280x420.jpg 280w, https:\/\/doubletakedecor.com\/uploads\/2025\/09\/potted-plant-arrangement-ideas-dtd-01-320x480.jpg 320w, https:\/\/doubletakedecor.com\/uploads\/2025\/09\/potted-plant-arrangement-ideas-dtd-01-360x540.jpg 360w, https:\/\/doubletakedecor.com\/uploads\/2025\/09\/potted-plant-arrangement-ideas-dtd-01-363x545.jpg 363w, https:\/\/doubletakedecor.com\/uploads\/2025\/09\/potted-plant-arrangement-ideas-dtd-01-370x555.jpg 370w, https:\/\/doubletakedecor.com\/uploads\/2025\/09\/potted-plant-arrangement-ideas-dtd-01-400x600.jpg 400w, https:\/\/doubletakedecor.com\/uploads\/2025\/09\/potted-plant-arrangement-ideas-dtd-01-560x840.jpg 560w, https:\/\/doubletakedecor.com\/uploads\/2025\/09\/potted-plant-arrangement-ideas-dtd-01-480x720.jpg 480w\" sizes=\"auto, (max-width: 700px) 100vw, 700px\" \/><\/p>\n<p>N\u00f6veld a bej\u00e1rat vonzerej\u00e9t egy terrakotta cser\u00e9ppel, amiben egym\u00e1st kiemel\u0151 sz\u00ednek vannak! \u00dcltesd \u00f6ssze a felt\u0171n\u0151 k\u00fapvir\u00e1gokat leoml\u00f3 z\u00f6ldekkel \u00e9s narancss\u00e1rga vir\u00e1gcsom\u00f3kkal, hogy igaz\u00e1n l\u00e1tv\u00e1nyos legyen. Helyezd el a cserepes \u00f6ssze\u00e1ll\u00edt\u00e1st \u00fcl\u0151helyek k\u00f6zel\u00e9ben, hogy bar\u00e1ts\u00e1gosabb\u00e1 tedd a teret. A n\u00f6v\u00e9nyeket ritk\u00e1bban, de b\u0151ven \u00f6nt\u00f6zd, \u00edgy er\u0151s gy\u00f6kereket nevelnek.<\/p>\n<h2>Terrakotta cserepek k\u00e9k vir\u00e1gokkal<\/h2>\n<p><img loading=\"lazy\" decoding=\"async\" width=\"700\" height=\"1050\" alt=\"\u00c9l\u00e9nk k\u00e9k vir\u00e1gok \u00f6mlenek ki terrakotta cserepekb\u0151l l\u00e9pcs\u0151n, t\u00e9gla fal \u00e9s fekete zsalug\u00e1terek mellett, hangulatos bej\u00e1ratot eredm\u00e9nyezve.\" class=\"aligncenter size-full wp-image-7854\" src=\"https:\/\/doubletakedecor.com\/uploads\/2025\/09\/potted-plant-arrangement-ideas-dtd-02.jpg\" srcset=\"https:\/\/doubletakedecor.com\/uploads\/2025\/09\/potted-plant-arrangement-ideas-dtd-02.jpg 700w, https:\/\/doubletakedecor.com\/uploads\/2025\/09\/potted-plant-arrangement-ideas-dtd-02-200x300.jpg 200w, https:\/\/doubletakedecor.com\/uploads\/2025\/09\/potted-plant-arrangement-ideas-dtd-02-683x1024.jpg 683w, https:\/\/doubletakedecor.com\/uploads\/2025\/09\/potted-plant-arrangement-ideas-dtd-02-96x144.jpg 96w, https:\/\/doubletakedecor.com\/uploads\/2025\/09\/potted-plant-arrangement-ideas-dtd-02-280x420.jpg 280w, https:\/\/doubletakedecor.com\/uploads\/2025\/09\/potted-plant-arrangement-ideas-dtd-02-320x480.jpg 320w, https:\/\/doubletakedecor.com\/uploads\/2025\/09\/potted-plant-arrangement-ideas-dtd-02-360x540.jpg 360w, https:\/\/doubletakedecor.com\/uploads\/2025\/09\/potted-plant-arrangement-ideas-dtd-02-363x545.jpg 363w, https:\/\/doubletakedecor.com\/uploads\/2025\/09\/potted-plant-arrangement-ideas-dtd-02-370x555.jpg 370w, https:\/\/doubletakedecor.com\/uploads\/2025\/09\/potted-plant-arrangement-ideas-dtd-02-400x600.jpg 400w, https:\/\/doubletakedecor.com\/uploads\/2025\/09\/potted-plant-arrangement-ideas-dtd-02-560x840.jpg 560w, https:\/\/doubletakedecor.com\/uploads\/2025\/09\/potted-plant-arrangement-ideas-dtd-02-480x720.jpg 480w\" sizes=\"auto, (max-width: 700px) 100vw, 700px\" \/><\/p>\n<p>Tegy\u00e9l \u00fcdv\u00f6zl\u0151 hangulatot otthonod bej\u00e1rat\u00e1hoz leoml\u00f3 cserepes \u00f6ssze\u00e1ll\u00edt\u00e1sokkal! Tedd a nagyobb cserepet k\u00f6z\u00e9ppontba, mell\u00e9 a kisebbet, \u00edgy lesz kiegyens\u00falyozott a l\u00e1tv\u00e1ny. \u00c9l\u00e9nk k\u00e9k vir\u00e1gokat v\u00e1lassz, ezek sz\u00e9pen kiemelik a cser\u00e9p meleg sz\u00edn\u00e9t. Ha textur\u00e1lt fal el\u0151tt helyezed el \u0151ket, m\u00e9g mediterr\u00e1nabb lesz az \u00f6sszhat\u00e1s. Mindig \u00f6nt\u00f6zd \u0151ket alaposan, de figyelj, hogy le tudjon folyni a v\u00edz, nehogy beposhadjon a gy\u00f6k\u00e9r.<\/p>\n<h2>Sz\u00ednes vir\u00e1gcserepek a bej\u00e1ratn\u00e1l<\/h2>\n<p><img loading=\"lazy\" decoding=\"async\" width=\"700\" height=\"1050\" alt=\"Hangulatos bej\u00e1rat h\u00e1rom d\u00edszes cser\u00e9ppel, amelyekben narancs-, s\u00e1rga \u00e9s lila vir\u00e1gok vannak, feh\u00e9r ajt\u00f3s fapadl\u00f3 el\u0151tt.\" class=\"aligncenter size-full wp-image-7860\" src=\"https:\/\/doubletakedecor.com\/uploads\/2025\/09\/potted-plant-arrangement-ideas-dtd-03.jpg\" srcset=\"https:\/\/doubletakedecor.com\/uploads\/2025\/09\/potted-plant-arrangement-ideas-dtd-03.jpg 700w, https:\/\/doubletakedecor.com\/uploads\/2025\/09\/potted-plant-arrangement-ideas-dtd-03-200x300.jpg 200w, https:\/\/doubletakedecor.com\/uploads\/2025\/09\/potted-plant-arrangement-ideas-dtd-03-683x1024.jpg 683w, https:\/\/doubletakedecor.com\/uploads\/2025\/09\/potted-plant-arrangement-ideas-dtd-03-96x144.jpg 96w, https:\/\/doubletakedecor.com\/uploads\/2025\/09\/potted-plant-arrangement-ideas-dtd-03-280x420.jpg 280w, https:\/\/doubletakedecor.com\/uploads\/2025\/09\/potted-plant-arrangement-ideas-dtd-03-320x480.jpg 320w, https:\/\/doubletakedecor.com\/uploads\/2025\/09\/potted-plant-arrangement-ideas-dtd-03-360x540.jpg 360w, https:\/\/doubletakedecor.com\/uploads\/2025\/09\/potted-plant-arrangement-ideas-dtd-03-363x545.jpg 363w, https:\/\/doubletakedecor.com\/uploads\/2025\/09\/potted-plant-arrangement-ideas-dtd-03-370x555.jpg 370w, https:\/\/doubletakedecor.com\/uploads\/2025\/09\/potted-plant-arrangement-ideas-dtd-03-400x600.jpg 400w, https:\/\/doubletakedecor.com\/uploads\/2025\/09\/potted-plant-arrangement-ideas-dtd-03-560x840.jpg 560w, https:\/\/doubletakedecor.com\/uploads\/2025\/09\/potted-plant-arrangement-ideas-dtd-03-480x720.jpg 480w\" sizes=\"auto, (max-width: 700px) 100vw, 700px\" \/><\/p>\n<p>Hozz l\u00e9tre h\u00edvogat\u00f3 bej\u00e1ratot k\u00fcl\u00f6nb\u00f6z\u0151 magass\u00e1g\u00fa \u00e9s text\u00far\u00e1j\u00fa cserepekb\u0151l! Kombin\u00e1ld az \u00e9l\u00e9nk vir\u00e1gokat puh\u00e1bb level\u0171 fajt\u00e1kkal, \u00edgy \u00e9rdekesebb lesz az \u00f6sszk\u00e9p. A legnagyobb \u00e9s legsz\u00ednesebb \u00f6ssze\u00e1ll\u00edt\u00e1st tedd a f\u00f3kuszba, mell\u00e9 j\u00f6hetnek a kisebbek. A l\u00e9pcs\u0151zetes elrendez\u00e9s kiemeli a vir\u00e1gokat, \u00e9s feldobja az utcafrontot.<\/p>\n<h2>Sz\u00ednes ker\u00e1mia vir\u00e1gt\u00e1l \u00f6ssze\u00e1ll\u00edt\u00e1s<\/h2>\n<p><img loading=\"lazy\" decoding=\"async\" width=\"700\" height=\"1050\" alt=\"Nagy, k\u00e9k ker\u00e1mia cser\u00e9p, tele sz\u00ednes vir\u00e1gokkal, lepattogzott fest\u00e9k\u0171 t\u00fcrkiz sz\u00e9k mellett, bar\u00e1ts\u00e1gos, sz\u00ednes bej\u00e1rat el\u0151tt.\" class=\"aligncenter size-full wp-image-7866\" src=\"https:\/\/doubletakedecor.com\/uploads\/2025\/09\/potted-plant-arrangement-ideas-dtd-04.jpg\" srcset=\"https:\/\/doubletakedecor.com\/uploads\/2025\/09\/potted-plant-arrangement-ideas-dtd-04.jpg 700w, https:\/\/doubletakedecor.com\/uploads\/2025\/09\/potted-plant-arrangement-ideas-dtd-04-200x300.jpg 200w, https:\/\/doubletakedecor.com\/uploads\/2025\/09\/potted-plant-arrangement-ideas-dtd-04-683x1024.jpg 683w, https:\/\/doubletakedecor.com\/uploads\/2025\/09\/potted-plant-arrangement-ideas-dtd-04-96x144.jpg 96w, https:\/\/doubletakedecor.com\/uploads\/2025\/09\/potted-plant-arrangement-ideas-dtd-04-280x420.jpg 280w, https:\/\/doubletakedecor.com\/uploads\/2025\/09\/potted-plant-arrangement-ideas-dtd-04-320x480.jpg 320w, https:\/\/doubletakedecor.com\/uploads\/2025\/09\/potted-plant-arrangement-ideas-dtd-04-360x540.jpg 360w, https:\/\/doubletakedecor.com\/uploads\/2025\/09\/potted-plant-arrangement-ideas-dtd-04-363x545.jpg 363w, https:\/\/doubletakedecor.com\/uploads\/2025\/09\/potted-plant-arrangement-ideas-dtd-04-370x555.jpg 370w, https:\/\/doubletakedecor.com\/uploads\/2025\/09\/potted-plant-arrangement-ideas-dtd-04-400x600.jpg 400w, https:\/\/doubletakedecor.com\/uploads\/2025\/09\/potted-plant-arrangement-ideas-dtd-04-560x840.jpg 560w, https:\/\/doubletakedecor.com\/uploads\/2025\/09\/potted-plant-arrangement-ideas-dtd-04-480x720.jpg 480w\" sizes=\"auto, (max-width: 700px) 100vw, 700px\" \/><\/p>\n<p>Var\u00e1zsolj vend\u00e9gcsalogat\u00f3 el\u0151teret egy nagy, k\u00e9k ker\u00e1mia cser\u00e9p \u00e9s \u00e9l\u00e9nk narancs, illetve piros vir\u00e1gok kombin\u00e1ci\u00f3j\u00e1val! Egyens\u00falyozd a l\u00e1tv\u00e1nyt leoml\u00f3 z\u00f6ldekkel a d\u00fasabb hat\u00e1s\u00e9rt. Tedd az \u00f6ssze\u00e1ll\u00edt\u00e1st egy karakteres b\u00fator \u2013 p\u00e9ld\u00e1ul egy lepattogzott fest\u00e9k\u0171 sz\u00e9k \u2013 mell\u00e9, hogy egys\u00e9ges \u00e9s bar\u00e1ts\u00e1gos l\u00e1tv\u00e1nyt kapj.<\/p>\n<h2>F\u00fcgg\u0151 horganyzott kasp\u00f3 vir\u00e1gokkal<\/h2>\n<p><img loading=\"lazy\" decoding=\"async\" width=\"700\" height=\"1050\" alt=\"\u00c9l\u00e9nk f\u00fcgg\u0151 kasp\u00f3 piros \u00e9s feh\u00e9r vir\u00e1gokkal, f\u00e1ra akasztva, amely kedves d\u00edsze a kertnek.\" class=\"aligncenter size-full wp-image-7872\" src=\"https:\/\/doubletakedecor.com\/uploads\/2025\/09\/potted-plant-arrangement-ideas-dtd-05.jpg\" srcset=\"https:\/\/doubletakedecor.com\/uploads\/2025\/09\/potted-plant-arrangement-ideas-dtd-05.jpg 700w, https:\/\/doubletakedecor.com\/uploads\/2025\/09\/potted-plant-arrangement-ideas-dtd-05-200x300.jpg 200w, https:\/\/doubletakedecor.com\/uploads\/2025\/09\/potted-plant-arrangement-ideas-dtd-05-683x1024.jpg 683w, https:\/\/doubletakedecor.com\/uploads\/2025\/09\/potted-plant-arrangement-ideas-dtd-05-96x144.jpg 96w, https:\/\/doubletakedecor.com\/uploads\/2025\/09\/potted-plant-arrangement-ideas-dtd-05-280x420.jpg 280w, https:\/\/doubletakedecor.com\/uploads\/2025\/09\/potted-plant-arrangement-ideas-dtd-05-320x480.jpg 320w, https:\/\/doubletakedecor.com\/uploads\/2025\/09\/potted-plant-arrangement-ideas-dtd-05-360x540.jpg 360w, https:\/\/doubletakedecor.com\/uploads\/2025\/09\/potted-plant-arrangement-ideas-dtd-05-363x545.jpg 363w, https:\/\/doubletakedecor.com\/uploads\/2025\/09\/potted-plant-arrangement-ideas-dtd-05-370x555.jpg 370w, https:\/\/doubletakedecor.com\/uploads\/2025\/09\/potted-plant-arrangement-ideas-dtd-05-400x600.jpg 400w, https:\/\/doubletakedecor.com\/uploads\/2025\/09\/potted-plant-arrangement-ideas-dtd-05-560x840.jpg 560w, https:\/\/doubletakedecor.com\/uploads\/2025\/09\/potted-plant-arrangement-ideas-dtd-05-480x720.jpg 480w\" sizes=\"auto, (max-width: 700px) 100vw, 700px\" \/><\/p>\n<p>Haszn\u00e1ld ki a f\u00fcgg\u0151leges teret is: akassz horganyzott kasp\u00f3kat massz\u00edv fa\u00e1gakra! Kombin\u00e1ld a piros \u00e9s feh\u00e9r vir\u00e1gokat leoml\u00f3 z\u00f6ldekkel a l\u00e1tv\u00e1nyosabb eredm\u00e9ny\u00e9rt. Ez a megold\u00e1s t\u00f6k\u00e9letes, ha kev\u00e9s a hely a kertedben. \u00dcgyelj a j\u00f3 v\u00edzelvezet\u00e9sre \u00e9s \u00f6nt\u00f6zd gyakrabban \u2013 a f\u00fcgg\u0151 kasp\u00f3k k\u00f6nnyen kisz\u00e1radnak a napon.<\/p>\n<h2>Kerti terasz terrakotta k\u00f6zponttal<\/h2>\n<p><img loading=\"lazy\" decoding=\"async\" width=\"700\" height=\"1050\" alt=\"Hangulatos k\u00fclt\u00e9ri \u00fcl\u0151hely, rusztikus asztallal \u00e9s feh\u00e9r padokkal, amelyet sz\u00ednes cserepes vir\u00e1gok vesznek k\u00f6r\u00fcl t\u00e9gla padl\u00f3zaton.\" class=\"aligncenter size-full wp-image-7878\" src=\"https:\/\/doubletakedecor.com\/uploads\/2025\/09\/potted-plant-arrangement-ideas-dtd-06.jpg\" srcset=\"https:\/\/doubletakedecor.com\/uploads\/2025\/09\/potted-plant-arrangement-ideas-dtd-06.jpg 700w, https:\/\/doubletakedecor.com\/uploads\/2025\/09\/potted-plant-arrangement-ideas-dtd-06-200x300.jpg 200w, https:\/\/doubletakedecor.com\/uploads\/2025\/09\/potted-plant-arrangement-ideas-dtd-06-683x1024.jpg 683w, https:\/\/doubletakedecor.com\/uploads\/2025\/09\/potted-plant-arrangement-ideas-dtd-06-96x144.jpg 96w, https:\/\/doubletakedecor.com\/uploads\/2025\/09\/potted-plant-arrangement-ideas-dtd-06-280x420.jpg 280w, https:\/\/doubletakedecor.com\/uploads\/2025\/09\/potted-plant-arrangement-ideas-dtd-06-320x480.jpg 320w, https:\/\/doubletakedecor.com\/uploads\/2025\/09\/potted-plant-arrangement-ideas-dtd-06-360x540.jpg 360w, https:\/\/doubletakedecor.com\/uploads\/2025\/09\/potted-plant-arrangement-ideas-dtd-06-363x545.jpg 363w, https:\/\/doubletakedecor.com\/uploads\/2025\/09\/potted-plant-arrangement-ideas-dtd-06-370x555.jpg 370w, https:\/\/doubletakedecor.com\/uploads\/2025\/09\/potted-plant-arrangement-ideas-dtd-06-400x600.jpg 400w, https:\/\/doubletakedecor.com\/uploads\/2025\/09\/potted-plant-arrangement-ideas-dtd-06-560x840.jpg 560w, https:\/\/doubletakedecor.com\/uploads\/2025\/09\/potted-plant-arrangement-ideas-dtd-06-480x720.jpg 480w\" sizes=\"auto, (max-width: 700px) 100vw, 700px\" \/><\/p>\n<p>Emeld ki az asztalt egy b\u0151velked\u0151, lila vir\u00e1gokkal teli terrakotta cser\u00e9ppel! Helyezz k\u00f6r\u00e9 sz\u00ednben passzol\u00f3 cserepes n\u00f6v\u00e9nyeket a t\u00e9r sz\u00e9l\u00e9n, hogy egys\u00e9ges legyen a l\u00e1tv\u00e1ny. A t\u00e9gla burkolat j\u00f3 alapot ad, \u00e9s kihangs\u00falyozza a term\u00e9szetk\u00f6zeli hangulatot.<\/p>\n<h2>L\u00e9pcs\u0151zetes n\u00f6v\u00e9nyelrendez\u00e9s a verand\u00e1n<\/h2>\n<p><img loading=\"lazy\" decoding=\"async\" width=\"700\" height=\"1050\" alt=\"Hangulatos k\u00fclt\u00e9ri elrendez\u00e9s, ahol terrakotta cserepekben \u00e9l\u00e9nk vir\u00e1gok k\u00fcl\u00f6nb\u00f6z\u0151 magass\u00e1gban sorakoznak a l\u00e9pcs\u0151k\u00f6n, hozz\u00e1 ill\u0151 f\u00fcgg\u0151kos\u00e1rral kieg\u00e9sz\u00edtve.\" class=\"aligncenter size-full wp-image-7884\" src=\"https:\/\/doubletakedecor.com\/uploads\/2025\/09\/potted-plant-arrangement-ideas-dtd-07.jpg\" srcset=\"https:\/\/doubletakedecor.com\/uploads\/2025\/09\/potted-plant-arrangement-ideas-dtd-07.jpg 700w, https:\/\/doubletakedecor.com\/uploads\/2025\/09\/potted-plant-arrangement-ideas-dtd-07-200x300.jpg 200w, https:\/\/doubletakedecor.com\/uploads\/2025\/09\/potted-plant-arrangement-ideas-dtd-07-683x1024.jpg 683w, https:\/\/doubletakedecor.com\/uploads\/2025\/09\/potted-plant-arrangement-ideas-dtd-07-96x144.jpg 96w, https:\/\/doubletakedecor.com\/uploads\/2025\/09\/potted-plant-arrangement-ideas-dtd-07-280x420.jpg 280w, https:\/\/doubletakedecor.com\/uploads\/2025\/09\/potted-plant-arrangement-ideas-dtd-07-320x480.jpg 320w, https:\/\/doubletakedecor.com\/uploads\/2025\/09\/potted-plant-arrangement-ideas-dtd-07-360x540.jpg 360w, https:\/\/doubletakedecor.com\/uploads\/2025\/09\/potted-plant-arrangement-ideas-dtd-07-363x545.jpg 363w, https:\/\/doubletakedecor.com\/uploads\/2025\/09\/potted-plant-arrangement-ideas-dtd-07-370x555.jpg 370w, https:\/\/doubletakedecor.com\/uploads\/2025\/09\/potted-plant-arrangement-ideas-dtd-07-400x600.jpg 400w, https:\/\/doubletakedecor.com\/uploads\/2025\/09\/potted-plant-arrangement-ideas-dtd-07-560x840.jpg 560w, https:\/\/doubletakedecor.com\/uploads\/2025\/09\/potted-plant-arrangement-ideas-dtd-07-480x720.jpg 480w\" sizes=\"auto, (max-width: 700px) 100vw, 700px\" \/><\/p>\n<p>Rendezd cserepes n\u00f6v\u00e9nyeidet a l\u00e9pcs\u0151re, hogy mozgalmas \u00e9s bar\u00e1ts\u00e1gos bej\u00e1ratot kapj! Az als\u00f3 fokokra tedd a nagyobb, feljebb a kisebb cserepeket az egyens\u00faly\u00e9rt. V\u00e1lassz k\u00fcl\u00f6nb\u00f6z\u0151 vir\u00e1gsz\u00edneket, ezek j\u00f3l mutatnak a feh\u00e9r t\u00e9gl\u00e1n. Akassz el f\u00fcgg\u0151kosarat is, \u00edgy felfel\u00e9 is kit\u00f6lt\u00f6d a teret. Hagyd szabadon a l\u00e9pcs\u0151t, hogy k\u00f6nny\u0171 legyen j\u00e1rni rajta.<\/p>\n<h2>\u00dcvegh\u00e1zi asztal s\u00e1rga tulip\u00e1nokkal<\/h2>\n<p><img loading=\"lazy\" decoding=\"async\" width=\"700\" height=\"1050\" alt=\"Rusztikus faasztal terrakotta cserepekkel, benn\u00fck s\u00e1rga tulip\u00e1nokkal \u00e9s k\u00e9k vir\u00e1gokkal, napf\u00e9nyes \u00fcvegh\u00e1zban.\" class=\"aligncenter size-full wp-image-7890\" src=\"https:\/\/doubletakedecor.com\/uploads\/2025\/09\/potted-plant-arrangement-ideas-dtd-08.jpg\" srcset=\"https:\/\/doubletakedecor.com\/uploads\/2025\/09\/potted-plant-arrangement-ideas-dtd-08.jpg 700w, https:\/\/doubletakedecor.com\/uploads\/2025\/09\/potted-plant-arrangement-ideas-dtd-08-200x300.jpg 200w, https:\/\/doubletakedecor.com\/uploads\/2025\/09\/potted-plant-arrangement-ideas-dtd-08-683x1024.jpg 683w, https:\/\/doubletakedecor.com\/uploads\/2025\/09\/potted-plant-arrangement-ideas-dtd-08-96x144.jpg 96w, https:\/\/doubletakedecor.com\/uploads\/2025\/09\/potted-plant-arrangement-ideas-dtd-08-280x420.jpg 280w, https:\/\/doubletakedecor.com\/uploads\/2025\/09\/potted-plant-arrangement-ideas-dtd-08-320x480.jpg 320w, https:\/\/doubletakedecor.com\/uploads\/2025\/09\/potted-plant-arrangement-ideas-dtd-08-360x540.jpg 360w, https:\/\/doubletakedecor.com\/uploads\/2025\/09\/potted-plant-arrangement-ideas-dtd-08-363x545.jpg 363w, https:\/\/doubletakedecor.com\/uploads\/2025\/09\/potted-plant-arrangement-ideas-dtd-08-370x555.jpg 370w, https:\/\/doubletakedecor.com\/uploads\/2025\/09\/potted-plant-arrangement-ideas-dtd-08-400x600.jpg 400w, https:\/\/doubletakedecor.com\/uploads\/2025\/09\/potted-plant-arrangement-ideas-dtd-08-560x840.jpg 560w, https:\/\/doubletakedecor.com\/uploads\/2025\/09\/potted-plant-arrangement-ideas-dtd-08-480x720.jpg 480w\" sizes=\"auto, (max-width: 700px) 100vw, 700px\" \/><\/p>\n<p>\u00c1ll\u00edts \u00f6ssze vid\u00e1m \u00fcvegh\u00e1zi elrendez\u00e9st: tegy\u00e9l s\u00e1rga tulip\u00e1nokat \u00e9s k\u00e9k vir\u00e1gokat terrakotta cserepekbe egy rusztikus asztalra! D\u00edsz\u00edtheted egy t\u00e1ny\u00e9r sz\u00ednes toj\u00e1ssal is, hogy m\u00e9g hangulatosabb legyen. Helyezd az asztalt naps\u00fct\u00f6tte helyre, v\u00e1lassz k\u00fcl\u00f6nb\u00f6z\u0151 magass\u00e1g\u00fa n\u00f6v\u00e9nyeket is a v\u00e1ltozatos l\u00e1tv\u00e1nyhoz.<\/p>\n<h2>L\u00e9pcs\u0151zetes fonott kosaras elrendez\u00e9s a bej\u00e1ratn\u00e1l<\/h2>\n<p><img loading=\"lazy\" decoding=\"async\" width=\"700\" height=\"1050\" alt=\"Hangulatos bej\u00e1rat, ahol fonott kosarakban feh\u00e9r vir\u00e1gok \u00e9s r\u00f3zsasz\u00edn pet\u00fani\u00e1k sorakoznak a fa l\u00e9pcs\u0151n, k\u00e9k \u00fcvegajt\u00f3 el\u0151tt.\" class=\"aligncenter size-full wp-image-7896\" src=\"https:\/\/doubletakedecor.com\/uploads\/2025\/09\/potted-plant-arrangement-ideas-dtd-09.jpg\" srcset=\"https:\/\/doubletakedecor.com\/uploads\/2025\/09\/potted-plant-arrangement-ideas-dtd-09.jpg 700w, https:\/\/doubletakedecor.com\/uploads\/2025\/09\/potted-plant-arrangement-ideas-dtd-09-200x300.jpg 200w, https:\/\/doubletakedecor.com\/uploads\/2025\/09\/potted-plant-arrangement-ideas-dtd-09-683x1024.jpg 683w, https:\/\/doubletakedecor.com\/uploads\/2025\/09\/potted-plant-arrangement-ideas-dtd-09-96x144.jpg 96w, https:\/\/doubletakedecor.com\/uploads\/2025\/09\/potted-plant-arrangement-ideas-dtd-09-280x420.jpg 280w, https:\/\/doubletakedecor.com\/uploads\/2025\/09\/potted-plant-arrangement-ideas-dtd-09-320x480.jpg 320w, https:\/\/doubletakedecor.com\/uploads\/2025\/09\/potted-plant-arrangement-ideas-dtd-09-360x540.jpg 360w, https:\/\/doubletakedecor.com\/uploads\/2025\/09\/potted-plant-arrangement-ideas-dtd-09-363x545.jpg 363w, https:\/\/doubletakedecor.com\/uploads\/2025\/09\/potted-plant-arrangement-ideas-dtd-09-370x555.jpg 370w, https:\/\/doubletakedecor.com\/uploads\/2025\/09\/potted-plant-arrangement-ideas-dtd-09-400x600.jpg 400w, https:\/\/doubletakedecor.com\/uploads\/2025\/09\/potted-plant-arrangement-ideas-dtd-09-560x840.jpg 560w, https:\/\/doubletakedecor.com\/uploads\/2025\/09\/potted-plant-arrangement-ideas-dtd-09-480x720.jpg 480w\" sizes=\"auto, (max-width: 700px) 100vw, 700px\" \/><\/p>\n<p>Fonott kosarakba \u00fcltetett vir\u00e1gokat \u00e9s z\u00f6ldeket rendezz el a bej\u00e1rati l\u00e9pcs\u0151n fokozatosan egym\u00e1s f\u00f6l\u00e9! A legnagyobb kosarat tedd legalulra, \u00edgy lesz stabil \u00e9s mutat\u00f3s. Kombin\u00e1ld a feh\u00e9r vir\u00e1gokat \u00e9l\u00e9nk pet\u00fani\u00e1val, \u00edgy m\u00e9g jobban kit\u0171nnek a s\u00f6t\u00e9t ajt\u00f3 mellett. Friss\u00edtsd fel az elrendez\u00e9st \u00e9vszakonk\u00e9nt, hogy mindig bar\u00e1ts\u00e1gos legyen a bej\u00e1ratod!<\/p>\n<h2>L\u00e9pcs\u0151zetes n\u00f6v\u00e9nyek a kerti falon<\/h2>\n<p><img loading=\"lazy\" decoding=\"async\" width=\"700\" height=\"1050\" alt=\"Terrakotta cserepek sz\u00ednes vir\u00e1gokkal \u00e9s lila lev\u00e9llel egy k\u0151fal ment\u00e9n, f\u00f6l\u00f6tt\u00fck leoml\u00f3 z\u00f6ldekkel, t\u00e9gla j\u00e1rda mellett.\" class=\"aligncenter size-full wp-image-7902\" src=\"https:\/\/doubletakedecor.com\/uploads\/2025\/09\/potted-plant-arrangement-ideas-dtd-10.jpg\" srcset=\"https:\/\/doubletakedecor.com\/uploads\/2025\/09\/potted-plant-arrangement-ideas-dtd-10.jpg 700w, https:\/\/doubletakedecor.com\/uploads\/2025\/09\/potted-plant-arrangement-ideas-dtd-10-200x300.jpg 200w, https:\/\/doubletakedecor.com\/uploads\/2025\/09\/potted-plant-arrangement-ideas-dtd-10-683x1024.jpg 683w, https:\/\/doubletakedecor.com\/uploads\/2025\/09\/potted-plant-arrangement-ideas-dtd-10-96x144.jpg 96w, https:\/\/doubletakedecor.com\/uploads\/2025\/09\/potted-plant-arrangement-ideas-dtd-10-280x420.jpg 280w, https:\/\/doubletakedecor.com\/uploads\/2025\/09\/potted-plant-arrangement-ideas-dtd-10-320x480.jpg 320w, https:\/\/doubletakedecor.com\/uploads\/2025\/09\/potted-plant-arrangement-ideas-dtd-10-360x540.jpg 360w, https:\/\/doubletakedecor.com\/uploads\/2025\/09\/potted-plant-arrangement-ideas-dtd-10-363x545.jpg 363w, https:\/\/doubletakedecor.com\/uploads\/2025\/09\/potted-plant-arrangement-ideas-dtd-10-370x555.jpg 370w, https:\/\/doubletakedecor.com\/uploads\/2025\/09\/potted-plant-arrangement-ideas-dtd-10-400x600.jpg 400w, https:\/\/doubletakedecor.com\/uploads\/2025\/09\/potted-plant-arrangement-ideas-dtd-10-560x840.jpg 560w, https:\/\/doubletakedecor.com\/uploads\/2025\/09\/potted-plant-arrangement-ideas-dtd-10-480x720.jpg 480w\" sizes=\"auto, (max-width: 700px) 100vw, 700px\" \/><\/p>\n<p>Haszn\u00e1ld ki a magasabb falakat is: tegy\u00e9l k\u00fcl\u00f6nb\u00f6z\u0151 m\u00e9ret\u0171 terrakotta cserepeket sz\u00ednes vir\u00e1gokkal, leoml\u00f3 n\u00f6v\u00e9nyekkel egym\u00e1s f\u00f6l\u00e9! V\u00e1ltogasd a lila, s\u00e1rga \u00e9s z\u00f6ld lombokat a m\u00e9lys\u00e9g\u00e9rt. Az ilyen \u00f6ssze\u00e1ll\u00edt\u00e1sokat helyezd kerti \u00f6sv\u00e9nyek ment\u00e9n, hogy t\u00f6bb sz\u00f6gb\u0151l is gy\u00f6ny\u00f6rk\u00f6dhess benn\u00fck.<\/p>\n<h2>\u00c9vszakos cserepes teraszdekor\u00e1ci\u00f3<\/h2>\n<p><img loading=\"lazy\" decoding=\"async\" width=\"700\" height=\"1050\" alt=\"Eleg\u00e1ns, s\u00f6t\u00e9tbarna kasp\u00f3 \u00e9l\u00e9nk z\u00f6lddel, narancss\u00e1rga vir\u00e1gokkal \u00e9s magas, tollas d\u00edszf\u0171vel, otthonos k\u00fclt\u00e9ri \u00fcl\u0151hely mellett.\" class=\"aligncenter size-full wp-image-7908\" src=\"https:\/\/doubletakedecor.com\/uploads\/2025\/09\/potted-plant-arrangement-ideas-dtd-11.jpg\" srcset=\"https:\/\/doubletakedecor.com\/uploads\/2025\/09\/potted-plant-arrangement-ideas-dtd-11.jpg 700w, https:\/\/doubletakedecor.com\/uploads\/2025\/09\/potted-plant-arrangement-ideas-dtd-11-200x300.jpg 200w, https:\/\/doubletakedecor.com\/uploads\/2025\/09\/potted-plant-arrangement-ideas-dtd-11-683x1024.jpg 683w, https:\/\/doubletakedecor.com\/uploads\/2025\/09\/potted-plant-arrangement-ideas-dtd-11-96x144.jpg 96w, https:\/\/doubletakedecor.com\/uploads\/2025\/09\/potted-plant-arrangement-ideas-dtd-11-280x420.jpg 280w, https:\/\/doubletakedecor.com\/uploads\/2025\/09\/potted-plant-arrangement-ideas-dtd-11-320x480.jpg 320w, https:\/\/doubletakedecor.com\/uploads\/2025\/09\/potted-plant-arrangement-ideas-dtd-11-360x540.jpg 360w, https:\/\/doubletakedecor.com\/uploads\/2025\/09\/potted-plant-arrangement-ideas-dtd-11-363x545.jpg 363w, https:\/\/doubletakedecor.com\/uploads\/2025\/09\/potted-plant-arrangement-ideas-dtd-11-370x555.jpg 370w, https:\/\/doubletakedecor.com\/uploads\/2025\/09\/potted-plant-arrangement-ideas-dtd-11-400x600.jpg 400w, https:\/\/doubletakedecor.com\/uploads\/2025\/09\/potted-plant-arrangement-ideas-dtd-11-560x840.jpg 560w, https:\/\/doubletakedecor.com\/uploads\/2025\/09\/potted-plant-arrangement-ideas-dtd-11-480x720.jpg 480w\" sizes=\"auto, (max-width: 700px) 100vw, 700px\" \/><\/p>\n<p>Kombin\u00e1ld a magas d\u00edszf\u00fcveket \u00e9l\u00e9nk vir\u00e1gokkal egy k\u00fcl\u00f6nleges kasp\u00f3ban, hogy igaz\u00e1n l\u00e1tv\u00e1nyos legyen az eredm\u00e9ny! A narancss\u00e1rga vir\u00e1gokat tedd el\u0151re, a d\u00edszf\u00fcveket m\u00f6g\u00e9, \u00edgy lesz t\u00e9rhat\u00e1sa az \u00f6ssze\u00e1ll\u00edt\u00e1snak. Olyan ed\u00e9nyt v\u00e1lassz, ami illik a k\u00fclt\u00e9ri b\u00fatorodhoz. Helyezd \u00fcl\u0151helyek k\u00f6zel\u00e9be, hogy feldobja a hangulatot, de maradjon el\u00e9g hely a mozg\u00e1shoz.<\/p>\n<h2>Textur\u00e1lt v\u00f6r\u00f6s kasp\u00f3 sz\u00ednes lomb\u00fa n\u00f6v\u00e9nyekkel<\/h2>\n<p><img loading=\"lazy\" decoding=\"async\" width=\"700\" height=\"1050\" alt=\"D\u00edszes v\u00f6r\u00f6s kasp\u00f3, melyben sokf\u00e9le n\u00f6v\u00e9ny tal\u00e1lhat\u00f3: \u00e9l\u00e9nk piros-s\u00e1rga levelek \u00e9s tarka z\u00f6ldek emelkednek ki a nyugodt kert h\u00e1tter\u00e9ben.\" class=\"aligncenter size-full wp-image-7914\" src=\"https:\/\/doubletakedecor.com\/uploads\/2025\/09\/potted-plant-arrangement-ideas-dtd-12.jpg\" srcset=\"https:\/\/doubletakedecor.com\/uploads\/2025\/09\/potted-plant-arrangement-ideas-dtd-12.jpg 700w, https:\/\/doubletakedecor.com\/uploads\/2025\/09\/potted-plant-arrangement-ideas-dtd-12-200x300.jpg 200w, https:\/\/doubletakedecor.com\/uploads\/2025\/09\/potted-plant-arrangement-ideas-dtd-12-683x1024.jpg 683w, https:\/\/doubletakedecor.com\/uploads\/2025\/09\/potted-plant-arrangement-ideas-dtd-12-96x144.jpg 96w, https:\/\/doubletakedecor.com\/uploads\/2025\/09\/potted-plant-arrangement-ideas-dtd-12-280x420.jpg 280w, https:\/\/doubletakedecor.com\/uploads\/2025\/09\/potted-plant-arrangement-ideas-dtd-12-320x480.jpg 320w, https:\/\/doubletakedecor.com\/uploads\/2025\/09\/potted-plant-arrangement-ideas-dtd-12-360x540.jpg 360w, https:\/\/doubletakedecor.com\/uploads\/2025\/09\/potted-plant-arrangement-ideas-dtd-12-363x545.jpg 363w, https:\/\/doubletakedecor.com\/uploads\/2025\/09\/potted-plant-arrangement-ideas-dtd-12-370x555.jpg 370w, https:\/\/doubletakedecor.com\/uploads\/2025\/09\/potted-plant-arrangement-ideas-dtd-12-400x600.jpg 400w, https:\/\/doubletakedecor.com\/uploads\/2025\/09\/potted-plant-arrangement-ideas-dtd-12-560x840.jpg 560w, https:\/\/doubletakedecor.com\/uploads\/2025\/09\/potted-plant-arrangement-ideas-dtd-12-480x720.jpg 480w\" sizes=\"auto, (max-width: 700px) 100vw, 700px\" \/><\/p>\n<p>Hozz l\u00e9tre leny\u0171g\u00f6z\u0151 l\u00e1tv\u00e1nyt az\u00e1ltal, hogy k\u00fcl\u00f6nf\u00e9le sz\u00edn\u0171 n\u00f6v\u00e9nyeket \u00fcltetsz egy dekorat\u00edv kasp\u00f3ba. V\u00e1lassz olyan n\u00f6v\u00e9nyeket, amelyeknek elt\u00e9r\u0151 a lev\u00e9lform\u00e1juk \u00e9s a magass\u00e1guk, \u00edgy t\u00f6bbdimenzi\u00f3s hat\u00e1st \u00e9rsz el. A piros level\u0171 n\u00f6v\u00e9nyeket helyezd k\u00f6z\u00e9pre, hogy kiemelkedjenek, k\u00f6r\u00e9j\u00fck pedig \u00fcltess z\u00f6ldlevel\u0171 fajt\u00e1kat. Mindig az adott n\u00f6v\u00e9ny v\u00edzig\u00e9ny\u00e9hez igazodva \u00f6nt\u00f6zz, ne merev id\u0151beoszt\u00e1s szerint, \u00edgy eg\u00e9szs\u00e9gesebbek lesznek.<\/p>\n<h2>\u00c9l\u00e9nk terrakotta kasp\u00f3s n\u00f6v\u00e9nykompoz\u00edci\u00f3<\/h2>\n<p><img loading=\"lazy\" decoding=\"async\" width=\"700\" height=\"1050\" alt=\"Buj\u00e1n z\u00f6ldell\u0151 p\u00e1lma \u00e9s sz\u00ednes lomb\u00fa n\u00f6v\u00e9nyek terrakotta kasp\u00f3ban, lila \u00e9s r\u00f3zsasz\u00edn, sz\u00edv alak\u00fa levelekkel egy t\u00e9glaj\u00e1rd\u00e1n.\" class=\"aligncenter size-full wp-image-7920\" src=\"https:\/\/doubletakedecor.com\/uploads\/2025\/09\/potted-plant-arrangement-ideas-dtd-13.jpg\" srcset=\"https:\/\/doubletakedecor.com\/uploads\/2025\/09\/potted-plant-arrangement-ideas-dtd-13.jpg 700w, https:\/\/doubletakedecor.com\/uploads\/2025\/09\/potted-plant-arrangement-ideas-dtd-13-200x300.jpg 200w, https:\/\/doubletakedecor.com\/uploads\/2025\/09\/potted-plant-arrangement-ideas-dtd-13-683x1024.jpg 683w, https:\/\/doubletakedecor.com\/uploads\/2025\/09\/potted-plant-arrangement-ideas-dtd-13-96x144.jpg 96w, https:\/\/doubletakedecor.com\/uploads\/2025\/09\/potted-plant-arrangement-ideas-dtd-13-280x420.jpg 280w, https:\/\/doubletakedecor.com\/uploads\/2025\/09\/potted-plant-arrangement-ideas-dtd-13-320x480.jpg 320w, https:\/\/doubletakedecor.com\/uploads\/2025\/09\/potted-plant-arrangement-ideas-dtd-13-360x540.jpg 360w, https:\/\/doubletakedecor.com\/uploads\/2025\/09\/potted-plant-arrangement-ideas-dtd-13-363x545.jpg 363w, https:\/\/doubletakedecor.com\/uploads\/2025\/09\/potted-plant-arrangement-ideas-dtd-13-370x555.jpg 370w, https:\/\/doubletakedecor.com\/uploads\/2025\/09\/potted-plant-arrangement-ideas-dtd-13-400x600.jpg 400w, https:\/\/doubletakedecor.com\/uploads\/2025\/09\/potted-plant-arrangement-ideas-dtd-13-560x840.jpg 560w, https:\/\/doubletakedecor.com\/uploads\/2025\/09\/potted-plant-arrangement-ideas-dtd-13-480x720.jpg 480w\" sizes=\"auto, (max-width: 700px) 100vw, 700px\" \/><\/p>\n<p>Helyezz magasabb n\u00f6v\u00e9nyt, p\u00e9ld\u00e1ul egy p\u00e1lm\u00e1t k\u00f6z\u00e9pre, majd \u00fcltess k\u00f6r\u00e9 lila \u00e9s r\u00f3zsasz\u00edn, elt\u00e9r\u0151 lomb\u00fa n\u00f6v\u00e9nyeket. Ez a r\u00e9tegezett elrendez\u00e9s izgalmasabb\u00e1, ugyanakkor kiegyens\u00falyozott\u00e1 teszi a kasp\u00f3t. Egy ilyen kompoz\u00edci\u00f3val egyszer\u0171 j\u00e1rd\u00e1kat vagy teraszokat is l\u00e1tv\u00e1nyos k\u00f6z\u00e9ppontt\u00e1 alak\u00edthatsz. Ne felejts el a terrakotta kasp\u00f3 alj\u00e1ra kavicsot tenni, hogy a v\u00edz elfolyhasson \u2013 ez fontos az eg\u00e9szs\u00e9ges n\u00f6v\u00e9nyekhez.<\/p>\n<h2>Rusztikus pad \u00e9s sz\u00ednes vir\u00e1gok kasp\u00f3ban<\/h2>\n<p><img loading=\"lazy\" decoding=\"async\" width=\"700\" height=\"1050\" alt=\"Id\u0151j\u00e1r\u00e1s \u00e1ltal form\u00e1lt fa pad a kertben, el\u0151tte egy t\u00falcsordul\u00f3 terrakotta kasp\u00f3ban piros, r\u00f3zsasz\u00edn \u00e9s lila vir\u00e1gok, nyugodt pihen\u0151sarkot teremtve.\" class=\"aligncenter size-full wp-image-7926\" src=\"https:\/\/doubletakedecor.com\/uploads\/2025\/09\/potted-plant-arrangement-ideas-dtd-14.jpg\" srcset=\"https:\/\/doubletakedecor.com\/uploads\/2025\/09\/potted-plant-arrangement-ideas-dtd-14.jpg 700w, https:\/\/doubletakedecor.com\/uploads\/2025\/09\/potted-plant-arrangement-ideas-dtd-14-200x300.jpg 200w, https:\/\/doubletakedecor.com\/uploads\/2025\/09\/potted-plant-arrangement-ideas-dtd-14-683x1024.jpg 683w, https:\/\/doubletakedecor.com\/uploads\/2025\/09\/potted-plant-arrangement-ideas-dtd-14-96x144.jpg 96w, https:\/\/doubletakedecor.com\/uploads\/2025\/09\/potted-plant-arrangement-ideas-dtd-14-280x420.jpg 280w, https:\/\/doubletakedecor.com\/uploads\/2025\/09\/potted-plant-arrangement-ideas-dtd-14-320x480.jpg 320w, https:\/\/doubletakedecor.com\/uploads\/2025\/09\/potted-plant-arrangement-ideas-dtd-14-360x540.jpg 360w, https:\/\/doubletakedecor.com\/uploads\/2025\/09\/potted-plant-arrangement-ideas-dtd-14-363x545.jpg 363w, https:\/\/doubletakedecor.com\/uploads\/2025\/09\/potted-plant-arrangement-ideas-dtd-14-370x555.jpg 370w, https:\/\/doubletakedecor.com\/uploads\/2025\/09\/potted-plant-arrangement-ideas-dtd-14-400x600.jpg 400w, https:\/\/doubletakedecor.com\/uploads\/2025\/09\/potted-plant-arrangement-ideas-dtd-14-560x840.jpg 560w, https:\/\/doubletakedecor.com\/uploads\/2025\/09\/potted-plant-arrangement-ideas-dtd-14-480x720.jpg 480w\" sizes=\"auto, (max-width: 700px) 100vw, 700px\" \/><\/p>\n<p>Hozz l\u00e9tre egy nyugodt kertisarkot egy nagy terrakotta kasp\u00f3val, amelyb\u0151l \u00e9l\u00e9nk sz\u00edn\u0171 vir\u00e1gok \u00f6z\u00f6nlenek el\u0151 egy r\u00e9gi fapad el\u0151tt. Kombin\u00e1lj \u00f6sszehangolt sz\u00edn\u0171 vir\u00e1gokat \u00e9s n\u00e9h\u00e1ny magasabb, karcs\u00fa n\u00f6v\u00e9nyt a kasp\u00f3ba, hogy izgalmasabb legyen az \u00f6sszk\u00e9p. Ez nemcsak sz\u00e9p l\u00e1tv\u00e1nyt ny\u00fajt, hanem nyugodt helyet is biztos\u00edt a term\u00e9szet \u00e9lvezet\u00e9re. Tedd a kompoz\u00edci\u00f3t a kert egyik sark\u00e1ba a legnagyobb hat\u00e1s\u00e9rt.<\/p>\n<h2>L\u00e9pcs\u0151re helyezett, k\u00fcl\u00f6nb\u00f6z\u0151 magass\u00e1g\u00fa kosaras kasp\u00f3k<\/h2>\n<p>Rendezd el a fonott kosarakat l\u00e9pcs\u0151n, elt\u00e9r\u0151 magass\u00e1gokban, hogy m\u00e9lys\u00e9get \u00e9s k\u00fcl\u00f6nleges l\u00e1tv\u00e1nyt adj a kertednek. V\u00e1lassz \u00f6sszehangolt sz\u00edneket, p\u00e9ld\u00e1ul lil\u00e1t \u00e9s halv\u00e1ny r\u00f3zsasz\u00ednt, ezzel m\u00e9g kellemesebb lesz az \u00f6sszk\u00e9p. T\u00f6ltsd meg \u0151ket kontrasztos levelekkel \u00e9s kis vir\u00e1gos n\u00f6v\u00e9nyekkel, hogy egys\u00e9ges, m\u00e9gis v\u00e1ltozatos hat\u00e1st \u00e9rj el. Ez a kompoz\u00edci\u00f3 remek\u00fcl mutat bej\u00e1ratn\u00e1l vagy terasz sarokban is.<\/p>\n<h2>\u00c9l\u00e9nk, sz\u00ednes kasp\u00f3kert<\/h2>\n<p><img loading=\"lazy\" decoding=\"async\" width=\"700\" height=\"1050\" alt=\"Sz\u00ednes kerti kompoz\u00edci\u00f3: \u00f6t nagym\u00e9ret\u0171 kasp\u00f3 t\u00fcrkizben, s\u00e1rg\u00e1ban, z\u00f6ldben \u00e9s lil\u00e1ban, pet\u00fani\u00e1kkal \u00e9s vegyes vir\u00e1gokkal a buja z\u00f6ld h\u00e1tt\u00e9r el\u0151tt.\" class=\"aligncenter size-full wp-image-7932\" src=\"https:\/\/doubletakedecor.com\/uploads\/2025\/09\/potted-plant-arrangement-ideas-dtd-16.jpg\" srcset=\"https:\/\/doubletakedecor.com\/uploads\/2025\/09\/potted-plant-arrangement-ideas-dtd-16.jpg 700w, https:\/\/doubletakedecor.com\/uploads\/2025\/09\/potted-plant-arrangement-ideas-dtd-16-200x300.jpg 200w, https:\/\/doubletakedecor.com\/uploads\/2025\/09\/potted-plant-arrangement-ideas-dtd-16-683x1024.jpg 683w, https:\/\/doubletakedecor.com\/uploads\/2025\/09\/potted-plant-arrangement-ideas-dtd-16-96x144.jpg 96w, https:\/\/doubletakedecor.com\/uploads\/2025\/09\/potted-plant-arrangement-ideas-dtd-16-280x420.jpg 280w, https:\/\/doubletakedecor.com\/uploads\/2025\/09\/potted-plant-arrangement-ideas-dtd-16-320x480.jpg 320w, https:\/\/doubletakedecor.com\/uploads\/2025\/09\/potted-plant-arrangement-ideas-dtd-16-360x540.jpg 360w, https:\/\/doubletakedecor.com\/uploads\/2025\/09\/potted-plant-arrangement-ideas-dtd-16-363x545.jpg 363w, https:\/\/doubletakedecor.com\/uploads\/2025\/09\/potted-plant-arrangement-ideas-dtd-16-370x555.jpg 370w, https:\/\/doubletakedecor.com\/uploads\/2025\/09\/potted-plant-arrangement-ideas-dtd-16-400x600.jpg 400w, https:\/\/doubletakedecor.com\/uploads\/2025\/09\/potted-plant-arrangement-ideas-dtd-16-560x840.jpg 560w, https:\/\/doubletakedecor.com\/uploads\/2025\/09\/potted-plant-arrangement-ideas-dtd-16-480x720.jpg 480w\" sizes=\"auto, (max-width: 700px) 100vw, 700px\" \/><\/p>\n<p>Alkoss l\u00e1tv\u00e1nyos k\u00f6z\u00e9ppontot nagy, \u00e9l\u00e9nk sz\u00edn\u0171 kasp\u00f3kkal, p\u00e9ld\u00e1ul t\u00fcrkiz, s\u00e1rga vagy lila \u00e1rnyalatokban. Mindegyik kasp\u00f3ba olyan vir\u00e1gokat \u00fcltess, amelyek j\u00f3l illenek a kasp\u00f3 sz\u00edn\u00e9hez \u2013 p\u00e9ld\u00e1ul lila kasp\u00f3ba pet\u00fani\u00e1t, t\u00fcrkizbe piros vir\u00e1got. V\u00e1ltoztass a magass\u00e1gokon \u00e9s a kasp\u00f3k m\u00e9ret\u00e9n az izgalmas elrendez\u00e9s \u00e9rdek\u00e9ben. Z\u00f6ld h\u00e1tt\u00e9r el\u00e9 helyezve igaz\u00e1n hat\u00e1sos lesz b\u00e1rmelyik kertben.<\/p>\n<h2>S\u00e1rga pozsg\u00e1s kasp\u00f3 beton talapzaton<\/h2>\n<p><img loading=\"lazy\" decoding=\"async\" width=\"700\" height=\"1050\" alt=\"S\u00e1rga kasp\u00f3 pozsg\u00e1s n\u00f6v\u00e9nyekkel, betonkorongokon, k\u00f6r\u00fcl\u00f6tte z\u00f6ld n\u00f6v\u00e9nyek \u00e9s kavicsok st\u00edlusos kerti k\u00f6rnyezetben.\" class=\"aligncenter size-full wp-image-7938\" src=\"https:\/\/doubletakedecor.com\/uploads\/2025\/09\/potted-plant-arrangement-ideas-dtd-17.jpg\" srcset=\"https:\/\/doubletakedecor.com\/uploads\/2025\/09\/potted-plant-arrangement-ideas-dtd-17.jpg 700w, https:\/\/doubletakedecor.com\/uploads\/2025\/09\/potted-plant-arrangement-ideas-dtd-17-200x300.jpg 200w, https:\/\/doubletakedecor.com\/uploads\/2025\/09\/potted-plant-arrangement-ideas-dtd-17-683x1024.jpg 683w, https:\/\/doubletakedecor.com\/uploads\/2025\/09\/potted-plant-arrangement-ideas-dtd-17-96x144.jpg 96w, https:\/\/doubletakedecor.com\/uploads\/2025\/09\/potted-plant-arrangement-ideas-dtd-17-280x420.jpg 280w, https:\/\/doubletakedecor.com\/uploads\/2025\/09\/potted-plant-arrangement-ideas-dtd-17-320x480.jpg 320w, https:\/\/doubletakedecor.com\/uploads\/2025\/09\/potted-plant-arrangement-ideas-dtd-17-360x540.jpg 360w, https:\/\/doubletakedecor.com\/uploads\/2025\/09\/potted-plant-arrangement-ideas-dtd-17-363x545.jpg 363w, https:\/\/doubletakedecor.com\/uploads\/2025\/09\/potted-plant-arrangement-ideas-dtd-17-370x555.jpg 370w, https:\/\/doubletakedecor.com\/uploads\/2025\/09\/potted-plant-arrangement-ideas-dtd-17-400x600.jpg 400w, https:\/\/doubletakedecor.com\/uploads\/2025\/09\/potted-plant-arrangement-ideas-dtd-17-560x840.jpg 560w, https:\/\/doubletakedecor.com\/uploads\/2025\/09\/potted-plant-arrangement-ideas-dtd-17-480x720.jpg 480w\" sizes=\"auto, (max-width: 700px) 100vw, 700px\" \/><\/p>\n<p>Emeld ki a kerted st\u00edlus\u00e1t azzal, hogy egy sz\u00ednes kasp\u00f3t betonkorongokra helyezel. Ez az elrendez\u00e9s kiemeli a kasp\u00f3t, mert r\u00f6gt\u00f6n odavonzza a szemet. Kombin\u00e1ld a vid\u00e1m ker\u00e1mi\u00e1t semleges betonnal, hogy igaz\u00e1n l\u00e1tv\u00e1nyos legyen az \u00f6sszhat\u00e1s. Vedd k\u00f6r\u00fcl a kasp\u00f3t z\u00f6ld n\u00f6v\u00e9nyekkel \u00e9s kavicsokkal a rendezett, diz\u00e1jnos hat\u00e1s\u00e9rt.<\/p>\n<h2>Szintezett n\u00f6v\u00e9nybemutat\u00f3 a verand\u00e1n<\/h2>\n<p><img loading=\"lazy\" decoding=\"async\" width=\"700\" height=\"1050\" alt=\"Hangulatos k\u00fclt\u00e9ri n\u00f6v\u00e9nydekor\u00e1ci\u00f3 a verand\u00e1n: k\u00fcl\u00f6nb\u00f6z\u0151 magass\u00e1g\u00fa terrakotta \u00e9s fonott kasp\u00f3k egy t\u00f6bbszintes kerti elrendez\u00e9sben.\" class=\"aligncenter size-full wp-image-7944\" src=\"https:\/\/doubletakedecor.com\/uploads\/2025\/09\/potted-plant-arrangement-ideas-dtd-18.jpg\" srcset=\"https:\/\/doubletakedecor.com\/uploads\/2025\/09\/potted-plant-arrangement-ideas-dtd-18.jpg 700w, https:\/\/doubletakedecor.com\/uploads\/2025\/09\/potted-plant-arrangement-ideas-dtd-18-200x300.jpg 200w, https:\/\/doubletakedecor.com\/uploads\/2025\/09\/potted-plant-arrangement-ideas-dtd-18-683x1024.jpg 683w, https:\/\/doubletakedecor.com\/uploads\/2025\/09\/potted-plant-arrangement-ideas-dtd-18-96x144.jpg 96w, https:\/\/doubletakedecor.com\/uploads\/2025\/09\/potted-plant-arrangement-ideas-dtd-18-280x420.jpg 280w, https:\/\/doubletakedecor.com\/uploads\/2025\/09\/potted-plant-arrangement-ideas-dtd-18-320x480.jpg 320w, https:\/\/doubletakedecor.com\/uploads\/2025\/09\/potted-plant-arrangement-ideas-dtd-18-360x540.jpg 360w, https:\/\/doubletakedecor.com\/uploads\/2025\/09\/potted-plant-arrangement-ideas-dtd-18-363x545.jpg 363w, https:\/\/doubletakedecor.com\/uploads\/2025\/09\/potted-plant-arrangement-ideas-dtd-18-370x555.jpg 370w, https:\/\/doubletakedecor.com\/uploads\/2025\/09\/potted-plant-arrangement-ideas-dtd-18-400x600.jpg 400w, https:\/\/doubletakedecor.com\/uploads\/2025\/09\/potted-plant-arrangement-ideas-dtd-18-560x840.jpg 560w, https:\/\/doubletakedecor.com\/uploads\/2025\/09\/potted-plant-arrangement-ideas-dtd-18-480x720.jpg 480w\" sizes=\"auto, (max-width: 700px) 100vw, 700px\" \/><\/p>\n<p>Legyen mozgalmasabb a k\u00fclt\u00e9ri t\u00e9r, ha k\u00fcl\u00f6nb\u00f6z\u0151 magass\u00e1g\u00fa terrakotta kasp\u00f3kat \u00e9s fonott kosarakat helyezel el egym\u00e1s felett, mellett. Fel\u00fclre \u00fcltess f\u0171szern\u00f6v\u00e9nyeket, k\u00f6z\u00e9pre kevert lombozat\u00fa n\u00f6v\u00e9nyeket, alulra pedig buja z\u00f6ld n\u00f6v\u00e9nyeket nagyobb kasp\u00f3ban. V\u00e1lassz k\u00fcl\u00f6nf\u00e9le sz\u00edn\u0171 \u00e9s anyag\u00fa kasp\u00f3t a v\u00e1ltozatos, m\u00e9gis egys\u00e9ges l\u00e1tv\u00e1ny\u00e9rt.<\/p>\n<h2>Tr\u00f3pusi bej\u00e1rati n\u00f6v\u00e9nykompoz\u00edci\u00f3<\/h2>\n<p><img loading=\"lazy\" decoding=\"async\" width=\"700\" height=\"1050\" alt=\"Eleg\u00e1ns bej\u00e1rat magas, bord\u00e1zott kasp\u00f3val, benne tr\u00f3pusi lombozat \u00e9s narancs-s\u00e1rga vir\u00e1gok, mellette kerek kasp\u00f3ban r\u00f3zsasz\u00edn vir\u00e1gok, s\u00f6t\u00e9t fa fal el\u0151tt.\" class=\"aligncenter size-full wp-image-7950\" src=\"https:\/\/doubletakedecor.com\/uploads\/2025\/09\/potted-plant-arrangement-ideas-dtd-19.jpg\" srcset=\"https:\/\/doubletakedecor.com\/uploads\/2025\/09\/potted-plant-arrangement-ideas-dtd-19.jpg 700w, https:\/\/doubletakedecor.com\/uploads\/2025\/09\/potted-plant-arrangement-ideas-dtd-19-200x300.jpg 200w, https:\/\/doubletakedecor.com\/uploads\/2025\/09\/potted-plant-arrangement-ideas-dtd-19-683x1024.jpg 683w, https:\/\/doubletakedecor.com\/uploads\/2025\/09\/potted-plant-arrangement-ideas-dtd-19-96x144.jpg 96w, https:\/\/doubletakedecor.com\/uploads\/2025\/09\/potted-plant-arrangement-ideas-dtd-19-280x420.jpg 280w, https:\/\/doubletakedecor.com\/uploads\/2025\/09\/potted-plant-arrangement-ideas-dtd-19-320x480.jpg 320w, https:\/\/doubletakedecor.com\/uploads\/2025\/09\/potted-plant-arrangement-ideas-dtd-19-360x540.jpg 360w, https:\/\/doubletakedecor.com\/uploads\/2025\/09\/potted-plant-arrangement-ideas-dtd-19-363x545.jpg 363w, https:\/\/doubletakedecor.com\/uploads\/2025\/09\/potted-plant-arrangement-ideas-dtd-19-370x555.jpg 370w, https:\/\/doubletakedecor.com\/uploads\/2025\/09\/potted-plant-arrangement-ideas-dtd-19-400x600.jpg 400w, https:\/\/doubletakedecor.com\/uploads\/2025\/09\/potted-plant-arrangement-ideas-dtd-19-560x840.jpg 560w, https:\/\/doubletakedecor.com\/uploads\/2025\/09\/potted-plant-arrangement-ideas-dtd-19-480x720.jpg 480w\" sizes=\"auto, (max-width: 700px) 100vw, 700px\" \/><\/p>\n<p>Var\u00e1zsolj igaz\u00e1n l\u00e1tv\u00e1nyos bej\u00e1ratot k\u00fcl\u00f6nf\u00e9le magass\u00e1g\u00fa \u00e9s text\u00far\u00e1j\u00fa kasp\u00f3kkal. P\u00e1ros\u00edts egy magas, bord\u00e1zott kasp\u00f3t tr\u00f3pusi n\u00f6v\u00e9nyekkel \u00e9s narancs-s\u00e1rga vir\u00e1gokkal, valamint egy kisebb, k\u00f6r alak\u00fa kasp\u00f3t \u00e9l\u00e9nk r\u00f3zsasz\u00edn vir\u00e1gokkal. L\u00f3g\u00f3, k\u00fasz\u00f3 n\u00f6v\u00e9nyekkel l\u00e1gy\u00edtsd az \u00e9leket, hogy a l\u00e1tv\u00e1ny folyamatos legyen. S\u00f6t\u00e9tebb h\u00e1tt\u00e9r el\u00e9 t\u00e9ve igaz\u00e1n \u00e9lettel teli \u00e9s kontrasztos lesz az \u00f6sszhat\u00e1s.<\/p>\n<h2>T\u00fcrkiz spalett\u00e1s ablak kaszk\u00e1dos kasp\u00f3val<\/h2>\n<p><img loading=\"lazy\" decoding=\"async\" width=\"700\" height=\"1050\" alt=\"Eleg\u00e1ns belt\u00e9ri t\u00e9r t\u00fcrkiz spalett\u00e1kkal, bolt\u00edves bej\u00e1rattal \u00e9s t\u00falcsordul\u00f3 kasp\u00f3val: r\u00f3zsasz\u00edn vir\u00e1gok \u00e9s leoml\u00f3 lombozat k\u0151padl\u00f3n.\" class=\"aligncenter size-full wp-image-7956\" src=\"https:\/\/doubletakedecor.com\/uploads\/2025\/09\/potted-plant-arrangement-ideas-dtd-20.jpg\" srcset=\"https:\/\/doubletakedecor.com\/uploads\/2025\/09\/potted-plant-arrangement-ideas-dtd-20.jpg 700w, https:\/\/doubletakedecor.com\/uploads\/2025\/09\/potted-plant-arrangement-ideas-dtd-20-200x300.jpg 200w, https:\/\/doubletakedecor.com\/uploads\/2025\/09\/potted-plant-arrangement-ideas-dtd-20-683x1024.jpg 683w, https:\/\/doubletakedecor.com\/uploads\/2025\/09\/potted-plant-arrangement-ideas-dtd-20-96x144.jpg 96w, https:\/\/doubletakedecor.com\/uploads\/2025\/09\/potted-plant-arrangement-ideas-dtd-20-280x420.jpg 280w, https:\/\/doubletakedecor.com\/uploads\/2025\/09\/potted-plant-arrangement-ideas-dtd-20-320x480.jpg 320w, https:\/\/doubletakedecor.com\/uploads\/2025\/09\/potted-plant-arrangement-ideas-dtd-20-360x540.jpg 360w, https:\/\/doubletakedecor.com\/uploads\/2025\/09\/potted-plant-arrangement-ideas-dtd-20-363x545.jpg 363w, https:\/\/doubletakedecor.com\/uploads\/2025\/09\/potted-plant-arrangement-ideas-dtd-20-370x555.jpg 370w, https:\/\/doubletakedecor.com\/uploads\/2025\/09\/potted-plant-arrangement-ideas-dtd-20-400x600.jpg 400w, https:\/\/doubletakedecor.com\/uploads\/2025\/09\/potted-plant-arrangement-ideas-dtd-20-560x840.jpg 560w, https:\/\/doubletakedecor.com\/uploads\/2025\/09\/potted-plant-arrangement-ideas-dtd-20-480x720.jpg 480w\" sizes=\"auto, (max-width: 700px) 100vw, 700px\" \/><\/p>\n<p>Emeld ki az \u00e9p\u00fclet k\u00fcl\u00f6nlegess\u00e9geit n\u00f6v\u00e9nyek tudatos elhelyez\u00e9s\u00e9vel. \u00c1ll\u00edts egy \u00e9l\u00e9nk sz\u00edn\u0171, leoml\u00f3 n\u00f6v\u00e9nyekkel teli kasp\u00f3t dekorat\u00edv r\u00e9szlet, p\u00e9ld\u00e1ul t\u00fcrkiz spaletta mell\u00e9, hogy harmonikus legyen a l\u00e1tv\u00e1ny. A kihangs\u00falyozott \u00e9p\u00edt\u00e9szeti elemek \u00e9s a term\u00e9szetes n\u00f6v\u00e9nyzet p\u00e1ros\u00edt\u00e1sa m\u00e9lys\u00e9get \u00e9s karaktert ad a t\u00e9rnek. A lecs\u00fcng\u0151 n\u00f6v\u00e9nyek seg\u00edtenek l\u00e1gy\u00edtani a kem\u00e9ny fel\u00fcleteket.<\/p>\n<h2>R\u00e9tegezett sarokn\u00f6v\u00e9ny-elrendez\u00e9s<\/h2>\n<p><img loading=\"lazy\" decoding=\"async\" width=\"700\" height=\"1050\" alt=\"Buj\u00e1n z\u00f6ldell\u0151 sarok dekor\u00e1ci\u00f3, ahol k\u00fcl\u00f6nb\u00f6z\u0151 magass\u00e1g\u00fa n\u00f6v\u00e9nyek \u00e9s sz\u00ednes lombozat\u00fa kasp\u00f3k teremtenek hangulatos belt\u00e9ri o\u00e1zist.\" class=\"aligncenter size-full wp-image-7962\" src=\"https:\/\/doubletakedecor.com\/uploads\/2025\/09\/potted-plant-arrangement-ideas-dtd-21.jpg\" srcset=\"https:\/\/doubletakedecor.com\/uploads\/2025\/09\/potted-plant-arrangement-ideas-dtd-21.jpg 700w, https:\/\/doubletakedecor.com\/uploads\/2025\/09\/potted-plant-arrangement-ideas-dtd-21-200x300.jpg 200w, https:\/\/doubletakedecor.com\/uploads\/2025\/09\/potted-plant-arrangement-ideas-dtd-21-683x1024.jpg 683w, https:\/\/doubletakedecor.com\/uploads\/2025\/09\/potted-plant-arrangement-ideas-dtd-21-96x144.jpg 96w, https:\/\/doubletakedecor.com\/uploads\/2025\/09\/potted-plant-arrangement-ideas-dtd-21-280x420.jpg 280w, https:\/\/doubletakedecor.com\/uploads\/2025\/09\/potted-plant-arrangement-ideas-dtd-21-320x480.jpg 320w, https:\/\/doubletakedecor.com\/uploads\/2025\/09\/potted-plant-arrangement-ideas-dtd-21-360x540.jpg 360w, https:\/\/doubletakedecor.com\/uploads\/2025\/09\/potted-plant-arrangement-ideas-dtd-21-363x545.jpg 363w, https:\/\/doubletakedecor.com\/uploads\/2025\/09\/potted-plant-arrangement-ideas-dtd-21-370x555.jpg 370w, https:\/\/doubletakedecor.com\/uploads\/2025\/09\/potted-plant-arrangement-ideas-dtd-21-400x600.jpg 400w, https:\/\/doubletakedecor.com\/uploads\/2025\/09\/potted-plant-arrangement-ideas-dtd-21-560x840.jpg 560w, https:\/\/doubletakedecor.com\/uploads\/2025\/09\/potted-plant-arrangement-ideas-dtd-21-480x720.jpg 480w\" sizes=\"auto, (max-width: 700px) 100vw, 700px\" \/><\/p>\n<p>Adj m\u00e9lys\u00e9get a szobai n\u00f6v\u00e9nygy\u0171jtem\u00e9nyednek k\u00fcl\u00f6nb\u00f6z\u0151 magass\u00e1g\u00fa elrendez\u00e9ssel. A magasabb, karcs\u00fabb n\u00f6v\u00e9nyeket a fal mell\u00e9 \u00e1ll\u00edtsd, el\u00e9j\u00fck k\u00f6zepes m\u00e9ret\u0171eket, majd el\u0151re kisebb kasp\u00f3kat rendezz. Kombin\u00e1ld a terrakott\u00e1t beton kasp\u00f3val, \u00edgy a fel\u00fcletek \u00f6sszhat\u00e1sa is izgalmas lesz. V\u00e1lassz k\u00fcl\u00f6nf\u00e9le lev\u00e9lform\u00e1j\u00fa \u00e9s sz\u00edn\u0171 n\u00f6v\u00e9nyeket, de maradj az egys\u00e9ges z\u00f6ld sz\u00ednvil\u00e1gn\u00e1l.<\/p>\n<h2>T\u00fcrkiz ajt\u00f3 kasp\u00f3kkal<\/h2>\n<p><img loading=\"lazy\" decoding=\"async\" width=\"700\" height=\"1050\" alt=\"T\u00fcrkiz spalett\u00e1s ajt\u00f3, mellette k\u00e9t d\u00fas kasp\u00f3ban r\u00f3zsasz\u00edn vir\u00e1gok \u00e9s z\u00f6ld n\u00f6v\u00e9nyek, hangulatos tr\u00f3pusi bej\u00e1rat k\u0151burkolaton.\" class=\"aligncenter size-full wp-image-7968\" src=\"https:\/\/doubletakedecor.com\/uploads\/2025\/09\/potted-plant-arrangement-ideas-dtd-22.jpg\" srcset=\"https:\/\/doubletakedecor.com\/uploads\/2025\/09\/potted-plant-arrangement-ideas-dtd-22.jpg 700w, https:\/\/doubletakedecor.com\/uploads\/2025\/09\/potted-plant-arrangement-ideas-dtd-22-200x300.jpg 200w, https:\/\/doubletakedecor.com\/uploads\/2025\/09\/potted-plant-arrangement-ideas-dtd-22-683x1024.jpg 683w, https:\/\/doubletakedecor.com\/uploads\/2025\/09\/potted-plant-arrangement-ideas-dtd-22-96x144.jpg 96w, https:\/\/doubletakedecor.com\/uploads\/2025\/09\/potted-plant-arrangement-ideas-dtd-22-280x420.jpg 280w, https:\/\/doubletakedecor.com\/uploads\/2025\/09\/potted-plant-arrangement-ideas-dtd-22-320x480.jpg 320w, https:\/\/doubletakedecor.com\/uploads\/2025\/09\/potted-plant-arrangement-ideas-dtd-22-360x540.jpg 360w, https:\/\/doubletakedecor.com\/uploads\/2025\/09\/potted-plant-arrangement-ideas-dtd-22-363x545.jpg 363w, https:\/\/doubletakedecor.com\/uploads\/2025\/09\/potted-plant-arrangement-ideas-dtd-22-370x555.jpg 370w, https:\/\/doubletakedecor.com\/uploads\/2025\/09\/potted-plant-arrangement-ideas-dtd-22-400x600.jpg 400w, https:\/\/doubletakedecor.com\/uploads\/2025\/09\/potted-plant-arrangement-ideas-dtd-22-560x840.jpg 560w, https:\/\/doubletakedecor.com\/uploads\/2025\/09\/potted-plant-arrangement-ideas-dtd-22-480x720.jpg 480w\" sizes=\"auto, (max-width: 700px) 100vw, 700px\" \/><\/p>\n<p>D\u00edsz\u00edtsd a bej\u00e1ratot k\u00fcl\u00f6nb\u00f6z\u0151 magass\u00e1g\u00fa kasp\u00f3kkal. Egy magasabb kasp\u00f3ba \u00fcltess d\u00edszf\u00fcveket, mell\u00e9 egy alacsonyabb, kerekded ed\u00e9nybe lecs\u00fcng\u0151 n\u00f6v\u00e9nyeket v\u00e1lassz. Olyan kasp\u00f3sz\u00edneket keress, amelyek visszak\u00f6sz\u00f6nnek az ajt\u00f3 vagy d\u00edsz\u00edt\u0151 elemek sz\u00edn\u00e9ben, hogy \u00f6sszhangban legyen az eg\u00e9sz. Tarka level\u0171 \u00e9s \u00e9l\u00e9nk vir\u00e1gos n\u00f6v\u00e9nyekkel eg\u00e9sz \u00e9vben l\u00e1tv\u00e1nyos marad a bej\u00e1ratod.<\/p>\n<h2>\u00c9l\u00e9nk, vegyes n\u00f6v\u00e9nykasp\u00f3 kert<\/h2>\n<p><img loading=\"lazy\" decoding=\"async\" width=\"700\" height=\"1050\" alt=\"Nagy, k\u00e9k ker\u00e1mia kasp\u00f3, amely tele van s\u00e1rga-lila tarka levelekkel, \u00e9l\u00e9nk vir\u00e1gokkal \u00e9s z\u00f6ld lombozattal, k\u0151 j\u00e1rd\u00e1n.\" class=\"aligncenter size-full wp-image-7974\" src=\"https:\/\/doubletakedecor.com\/uploads\/2025\/09\/potted-plant-arrangement-ideas-dtd-23.jpg\" srcset=\"https:\/\/doubletakedecor.com\/uploads\/2025\/09\/potted-plant-arrangement-ideas-dtd-23.jpg 700w, https:\/\/doubletakedecor.com\/uploads\/2025\/09\/potted-plant-arrangement-ideas-dtd-23-200x300.jpg 200w, https:\/\/doubletakedecor.com\/uploads\/2025\/09\/potted-plant-arrangement-ideas-dtd-23-683x1024.jpg 683w, https:\/\/doubletakedecor.com\/uploads\/2025\/09\/potted-plant-arrangement-ideas-dtd-23-96x144.jpg 96w, https:\/\/doubletakedecor.com\/uploads\/2025\/09\/potted-plant-arrangement-ideas-dtd-23-280x420.jpg 280w, https:\/\/doubletakedecor.com\/uploads\/2025\/09\/potted-plant-arrangement-ideas-dtd-23-320x480.jpg 320w, https:\/\/doubletakedecor.com\/uploads\/2025\/09\/potted-plant-arrangement-ideas-dtd-23-360x540.jpg 360w, https:\/\/doubletakedecor.com\/uploads\/2025\/09\/potted-plant-arrangement-ideas-dtd-23-363x545.jpg 363w, https:\/\/doubletakedecor.com\/uploads\/2025\/09\/potted-plant-arrangement-ideas-dtd-23-370x555.jpg 370w, https:\/\/doubletakedecor.com\/uploads\/2025\/09\/potted-plant-arrangement-ideas-dtd-23-400x600.jpg 400w, https:\/\/doubletakedecor.com\/uploads\/2025\/09\/potted-plant-arrangement-ideas-dtd-23-560x840.jpg 560w, https:\/\/doubletakedecor.com\/uploads\/2025\/09\/potted-plant-arrangement-ideas-dtd-23-480x720.jpg 480w\" sizes=\"auto, (max-width: 700px) 100vw, 700px\" \/><\/p>\n<p>Alak\u00edts ki igaz\u00e1n l\u00e1tv\u00e1nyos sarokpontot egy nagy ker\u00e1mia kasp\u00f3val, amit elt\u00e9r\u0151 sz\u00edn\u0171 \u00e9s form\u00e1j\u00fa levelekkel \u00e9s vir\u00e1gokkal t\u00f6ltesz meg. Kombin\u00e1ld a magasabb, form\u00e1sabb n\u00f6v\u00e9nyeket lefel\u00e9 cs\u00fcng\u0151 t\u00edpusokkal az \u00e9rdekes \u00f6sszk\u00e9p \u00e9rdek\u00e9ben. A k\u00f6z\u00e9ppontba vagy a h\u00e1ts\u00f3 r\u00e9szbe ker\u00fclj\u00f6n a magasabb n\u00f6v\u00e9ny, el\u0151re az alacsonyabbak, k\u00fcl\u00f6nb\u00f6z\u0151 sz\u00ednekkel fokozva a hat\u00e1st. Alaposan \u00f6nt\u00f6zd, de \u00fcgyelj arra, hogy a v\u00edz ki tudjon folyni alul, \u00edgy nem rohadnak el a gy\u00f6kerek.<\/p>\n<h2>Paraszth\u00e1zas bej\u00e1rati kert dekor\u00e1ci\u00f3<\/h2>\n<p><img loading=\"lazy\" decoding=\"async\" width=\"700\" height=\"1050\" alt=\"Bej\u00e1rat sz\u00ednes kasp\u00f3kkal, fut\u00f3 n\u00f6v\u00e9nyekkel \u00e9s l\u00f3g\u00f3 vir\u00e1gokkal d\u00edsz\u00edtve, menta z\u00f6ld ajt\u00f3 \u00e9s feh\u00e9r, d\u00edsz\u00edtett bicikli mellett.\" class=\"aligncenter size-full wp-image-7980\" src=\"https:\/\/doubletakedecor.com\/uploads\/2025\/09\/potted-plant-arrangement-ideas-dtd-24.jpg\" srcset=\"https:\/\/doubletakedecor.com\/uploads\/2025\/09\/potted-plant-arrangement-ideas-dtd-24.jpg 700w, https:\/\/doubletakedecor.com\/uploads\/2025\/09\/potted-plant-arrangement-ideas-dtd-24-200x300.jpg 200w, https:\/\/doubletakedecor.com\/uploads\/2025\/09\/potted-plant-arrangement-ideas-dtd-24-683x1024.jpg 683w, https:\/\/doubletakedecor.com\/uploads\/2025\/09\/potted-plant-arrangement-ideas-dtd-24-96x144.jpg 96w, https:\/\/doubletakedecor.com\/uploads\/2025\/09\/potted-plant-arrangement-ideas-dtd-24-280x420.jpg 280w, https:\/\/doubletakedecor.com\/uploads\/2025\/09\/potted-plant-arrangement-ideas-dtd-24-320x480.jpg 320w, https:\/\/doubletakedecor.com\/uploads\/2025\/09\/potted-plant-arrangement-ideas-dtd-24-360x540.jpg 360w, https:\/\/doubletakedecor.com\/uploads\/2025\/09\/potted-plant-arrangement-ideas-dtd-24-363x545.jpg 363w, https:\/\/doubletakedecor.com\/uploads\/2025\/09\/potted-plant-arrangement-ideas-dtd-24-370x555.jpg 370w, https:\/\/doubletakedecor.com\/uploads\/2025\/09\/potted-plant-arrangement-ideas-dtd-24-400x600.jpg 400w, https:\/\/doubletakedecor.com\/uploads\/2025\/09\/potted-plant-arrangement-ideas-dtd-24-560x840.jpg 560w, https:\/\/doubletakedecor.com\/uploads\/2025\/09\/potted-plant-arrangement-ideas-dtd-24-480x720.jpg 480w\" sizes=\"auto, (max-width: 700px) 100vw, 700px\" \/><\/p>\n<p>Hozz l\u00e9tre h\u00edvogat\u00f3 bej\u00e1ratot k\u00fcl\u00f6nb\u00f6z\u0151 m\u00e9ret\u0171 \u00e9s magass\u00e1g\u00fa kasp\u00f3k \u00f6ssze\u00e1ll\u00edt\u00e1s\u00e1val. Sz\u00ednes vir\u00e1gtart\u00f3kat halmozz az ajt\u00f3 k\u00f6r\u00e9, eg\u00e9sz\u00edtsd ki fut\u00f3n\u00f6v\u00e9nyekkel a magas\u00edt\u00e1s\u00e9rt. F\u0171zz fel l\u00f3g\u00f3 vir\u00e1gokat az ablakok k\u00f6zel\u00e9be, hogy t\u00f6bb szintje legyen az elrendez\u00e9snek, \u00e9s haszn\u00e1ld ki az olyan egyedi r\u00e9szleteket, mint p\u00e9ld\u00e1ul egy d\u00edszes bicikli, hogy m\u00e9g izgalmasabb legyen a l\u00e1tv\u00e1ny. Az \u00f6sszhang kedv\u00e9\u00e9rt v\u00e1lassz egym\u00e1shoz ill\u0151 sz\u00edn\u0171 vir\u00e1gokat!<\/p>\n<h2>Sz\u00ednes mad\u00e1rod\u00fa-kert dekor\u00e1ci\u00f3<\/h2>\n<p><img loading=\"lazy\" decoding=\"async\" width=\"700\" height=\"1050\" alt=\"\u00c9l\u00e9nk sz\u00edn\u0171 vir\u00e1gcserepek \u00e9s sz\u00ednes mad\u00e1rod\u00fak fa r\u00e1cson, melyet leoml\u00f3 lila, r\u00f3zsasz\u00edn \u00e9s feh\u00e9r vir\u00e1gok eg\u00e9sz\u00edtenek ki kedves kerti jelenetet teremtve.\" class=\"aligncenter size-full wp-image-7986\" src=\"https:\/\/doubletakedecor.com\/uploads\/2025\/09\/potted-plant-arrangement-ideas-dtd-25.jpg\" srcset=\"https:\/\/doubletakedecor.com\/uploads\/2025\/09\/potted-plant-arrangement-ideas-dtd-25.jpg 700w, https:\/\/doubletakedecor.com\/uploads\/2025\/09\/potted-plant-arrangement-ideas-dtd-25-200x300.jpg 200w, https:\/\/doubletakedecor.com\/uploads\/2025\/09\/potted-plant-arrangement-ideas-dtd-25-683x1024.jpg 683w, https:\/\/doubletakedecor.com\/uploads\/2025\/09\/potted-plant-arrangement-ideas-dtd-25-96x144.jpg 96w, https:\/\/doubletakedecor.com\/uploads\/2025\/09\/potted-plant-arrangement-ideas-dtd-25-280x420.jpg 280w, https:\/\/doubletakedecor.com\/uploads\/2025\/09\/potted-plant-arrangement-ideas-dtd-25-320x480.jpg 320w, https:\/\/doubletakedecor.com\/uploads\/2025\/09\/potted-plant-arrangement-ideas-dtd-25-360x540.jpg 360w, https:\/\/doubletakedecor.com\/uploads\/2025\/09\/potted-plant-arrangement-ideas-dtd-25-363x545.jpg 363w, https:\/\/doubletakedecor.com\/uploads\/2025\/09\/potted-plant-arrangement-ideas-dtd-25-370x555.jpg 370w, https:\/\/doubletakedecor.com\/uploads\/2025\/09\/potted-plant-arrangement-ideas-dtd-25-400x600.jpg 400w, https:\/\/doubletakedecor.com\/uploads\/2025\/09\/potted-plant-arrangement-ideas-dtd-25-560x840.jpg 560w, https:\/\/doubletakedecor.com\/uploads\/2025\/09\/potted-plant-arrangement-ideas-dtd-25-480x720.jpg 480w\" sizes=\"auto, (max-width: 700px) 100vw, 700px\" \/><\/p>\n<p>Alkoss bar\u00e1ts\u00e1gos kerti k\u00f6z\u00e9ppontot \u00fagy, hogy \u00e9l\u00e9nk mad\u00e1rod\u00fakat p\u00e1ros\u00edtasz kaszk\u00e1dos vir\u00e1gokkal egy f\u00e1b\u00f3l k\u00e9sz\u00fclt r\u00e1cs el\u0151tt. A kasp\u00f3kat elt\u00e9r\u0151 magass\u00e1gban helyezd el a v\u00e1ltozatos l\u00e1tv\u00e1ny\u00e9rt, \u00e9s keverj hozz\u00e1 k\u00fcl\u00f6nb\u00f6z\u0151 vir\u00e1gsz\u00edneket, hogy vid\u00e1m \u00e9s egys\u00e9ges legyen az \u00f6sszhat\u00e1s. Hat\u00e1rold le az eg\u00e9sz ter\u00fcletet t\u00e9glaj\u00e1rd\u00e1val, \u00edgy a vend\u00e9geket is bevezeted ebbe a k\u00fcl\u00f6nleges kerti sarokba. Ez az elrendez\u00e9s j\u00e1t\u00e9kos \u00e9s praktikus egyszerre.<\/p>\n<h2>R\u00e9tegezett kertes j\u00e1rdasz\u00e9li elrendez\u00e9s<\/h2>\n<p><img loading=\"lazy\" decoding=\"async\" width=\"700\" height=\"1050\" alt=\"K\u00fcl\u00f6nb\u00f6z\u0151 m\u00e9ret\u0171 terrakotta kasp\u00f3k p\u00e1fr\u00e1nyokkal, vir\u00e1gokkal \u00e9s f\u0171szern\u00f6v\u00e9nyekkel kavicsos kert\u00faton, buja z\u00f6ld h\u00e1tt\u00e9rrel.\" class=\"aligncenter size-full wp-image-7992\" src=\"https:\/\/doubletakedecor.com\/uploads\/2025\/09\/potted-plant-arrangement-ideas-dtd-26.jpg\" srcset=\"https:\/\/doubletakedecor.com\/uploads\/2025\/09\/potted-plant-arrangement-ideas-dtd-26.jpg 700w, https:\/\/doubletakedecor.com\/uploads\/2025\/09\/potted-plant-arrangement-ideas-dtd-26-200x300.jpg 200w, https:\/\/doubletakedecor.com\/uploads\/2025\/09\/potted-plant-arrangement-ideas-dtd-26-683x1024.jpg 683w, https:\/\/doubletakedecor.com\/uploads\/2025\/09\/potted-plant-arrangement-ideas-dtd-26-96x144.jpg 96w, https:\/\/doubletakedecor.com\/uploads\/2025\/09\/potted-plant-arrangement-ideas-dtd-26-280x420.jpg 280w, https:\/\/doubletakedecor.com\/uploads\/2025\/09\/potted-plant-arrangement-ideas-dtd-26-320x480.jpg 320w, https:\/\/doubletakedecor.com\/uploads\/2025\/09\/potted-plant-arrangement-ideas-dtd-26-360x540.jpg 360w, https:\/\/doubletakedecor.com\/uploads\/2025\/09\/potted-plant-arrangement-ideas-dtd-26-363x545.jpg 363w, https:\/\/doubletakedecor.com\/uploads\/2025\/09\/potted-plant-arrangement-ideas-dtd-26-370x555.jpg 370w, https:\/\/doubletakedecor.com\/uploads\/2025\/09\/potted-plant-arrangement-ideas-dtd-26-400x600.jpg 400w, https:\/\/doubletakedecor.com\/uploads\/2025\/09\/potted-plant-arrangement-ideas-dtd-26-560x840.jpg 560w, https:\/\/doubletakedecor.com\/uploads\/2025\/09\/potted-plant-arrangement-ideas-dtd-26-480x720.jpg 480w\" sizes=\"auto, (max-width: 700px) 100vw, 700px\" \/><\/p>\n<p>Helyezz el k\u00fcl\u00f6nb\u00f6z\u0151 magass\u00e1g\u00fa terrakotta kasp\u00f3kat kavicsos kerti \u00faton, \u00edgy igaz\u00e1n mozgalmas lesz a l\u00e1tv\u00e1ny. H\u00e1tulra tedd a magasabb p\u00e1fr\u00e1nyokat \u00e9s d\u00edszf\u00fcveket, el\u0151re pedig \u00fcltess vir\u00e1gos n\u00f6v\u00e9nyeket, hogy term\u00e9szetes r\u00e9tegz\u0151d\u00e9st kapj. Ez az elrendez\u00e9s sz\u00e9pen keretezi az \u00f6sv\u00e9nyt, de m\u00e9g mindig k\u00e9nyelmesen lehet k\u00f6zlekedni mellette. A k\u00fcl\u00f6nb\u00f6z\u0151 text\u00far\u00e1k \u00e9s magass\u00e1gok m\u00e9lys\u00e9get adnak az eg\u00e9sz kertnek, \u00e9s kiemelik a n\u00f6v\u00e9nyeket a h\u00e1tt\u00e9rben is.<\/p>\n<h2>GYIK<\/h2>\n<details class=\"g-accordion \"><summary><h3>Milyen kreat\u00edv \u00f6tletek vannak cserepes n\u00f6v\u00e9nyek elrendez\u00e9s\u00e9re?<\/h3><\/summary>\n<p>A kreat\u00edv cserepes n\u00f6v\u00e9nykompoz\u00edci\u00f3k k\u00e9pesek teljesen meg\u00faj\u00edtani a k\u00fclt\u00e9ri tereket. Ha sz\u00ednes vir\u00e1gokat \u00e9s d\u00fas lomb\u00fa n\u00f6v\u00e9nyeket v\u00e1lasztasz, k\u00f6nnyen \u00e9letet vihetsz a teraszra vagy erk\u00e9lyre. K\u00f6vest az \u00e9vszakokat: \u00fcltess helyi n\u00f6v\u00e9nyeket term\u00e9szetes hat\u00e1s\u00e9rt, vagy <strong>h\u0151t\u0171r\u0151 egyny\u00e1riakat<\/strong> a ny\u00e1ri h\u00f3napokra. Egyedi tart\u00f3k, mint a <strong>horganyzott d\u00e9zs\u00e1k<\/strong> vagy <strong>retr\u00f3 locsol\u00f3kann\u00e1k<\/strong>, k\u00fcl\u00f6nleges b\u00e1jt \u00e9s karaktert visznek a l\u00e1tv\u00e1nyba. Ha t\u00f6bbf\u00e9le magass\u00e1g\u00fa \u00e9s level\u0171 n\u00f6v\u00e9nyt kombin\u00e1lsz, izgalmasabb lesz az \u00f6sszk\u00e9p, \u00e9s ha sz\u00ednes vir\u00e1gokat elt\u00e9r\u0151 lombbal p\u00e1ros\u00edtasz, igaz\u00e1n felt\u0171n\u0151 dekor\u00e1ci\u00f3 sz\u00fcletik.<\/p>\n<ul>\n<li>Csoportos\u00edts k\u00fcl\u00f6nb\u00f6z\u0151 m\u00e9ret\u0171 cserepeket, hogy m\u00e9g m\u00e9lyebb \u00e9s \u00e9rdekesebb legyen a l\u00e1tv\u00e1ny.<\/li>\n<li>L\u00f3g\u00f3, fut\u00f3 n\u00f6v\u00e9nyeket \u00fcltess \u00e1ll\u00f3 fajt\u00e1k mell\u00e9 \u2014 \u00edgy igaz\u00e1n buja, v\u00edzes\u00e9s-szer\u0171 hat\u00e1st \u00e9rhetsz el.<\/li>\n<li>V\u00e1lassz olyan tart\u00f3kat, amelyek passzolnak elk\u00e9pzel\u00e9seidhez: r\u00e9gi v\u00f6dr\u00f6k vagy d\u00edszt\u00e1lak is feldobhatj\u00e1k a st\u00edlust.<\/li>\n<li>Mindig figyelj arra, hogy minden n\u00f6v\u00e9nynek megfelel\u0151 napf\u00e9nyt \u00e9s vizet biztos\u00edts, hogy j\u00f3l fejl\u0151djenek.<\/li>\n<li>Ha m\u00e9g kreat\u00edvabb szeretn\u00e9l lenni, gondolkodj szokatlan megold\u00e1sokban: p\u00e9ld\u00e1ul talicska vagy f\u00e9ml\u00e1mp\u00e1s is lehet \u00faj vir\u00e1gtart\u00f3.<\/li>\n<li>Ezeket is megt\u00f6ltheted \u00e9vszaknak megfelel\u0151 n\u00f6v\u00e9nyekkel, hogy l\u00e1tv\u00e1nyos mini-kerteket hozz l\u00e9tre.<\/li>\n<li>Ezzel a m\u00f3dszerrel nemcsak a kompoz\u00edci\u00f3s sz\u00e9ps\u00e9get emeled ki, hanem szem\u00e9lyes \u00edzl\u00e9sed is visszak\u00f6sz\u00f6n az egyedi tart\u00f3kkal \u00e9s \u00f6tletes \u00f6ssze\u00e1ll\u00edt\u00e1sokkal.<\/li>\n<\/ul>\n<\/details><details class=\"g-accordion \"><summary><h3>Hogyan teheti \u00e9rdekesebb\u00e9 a balkonodat vagy kertedet a kont\u00e9neres kert\u00e9szked\u00e9s?<\/h3><\/summary>\n<p><strong>Kont\u00e9neres kert\u00e9szked\u00e9ssel<\/strong> b\u00e1rmilyen k\u00fclt\u00e9ri t\u00e9r \u00fajj\u00e1 sz\u00fcletik, legyen sz\u00f3 ak\u00e1r apr\u00f3 erk\u00e9lyr\u0151l, ak\u00e1r nagy teraszr\u00f3l. Sz\u00ednt, v\u00e1ltozatos form\u00e1kat, \u00e9s kellemes illatokat adhatsz hozz\u00e1 egyedi vagy ak\u00e1r horganyzott v\u00f6dr\u00f6kb\u0151l k\u00e9sz\u00fclt cserepekkel, melyek l\u00e1tv\u00e1nyos f\u00f3kuszpontjai lesznek b\u00e1rmelyik r\u00e9sznek.<\/p>\n<p>A <strong>kont\u00e9neres kert\u00e9szked\u00e9s<\/strong> egyik legjobb el\u0151nye a rugalmass\u00e1ga. A n\u00f6v\u00e9nyeket k\u00f6nnyen \u00e1thelyezheted, hogy mindig a legjobb napf\u00e9nyt kapj\u00e1k, \u00edgy t\u00e9len-ny\u00e1ron sz\u00e9p marad a t\u00e9r. Ha egym\u00e1s mell\u00e9 csoportos\u00edtod a cserepeket, m\u00e9g v\u00e1ltozatosabb \u00f6sszhat\u00e1st \u00e9rsz el, r\u00e1ad\u00e1sul helytakar\u00e9kos is \u2013 eg\u00e9sz \u00e9vben bar\u00e1ts\u00e1gos, h\u00edvogat\u00f3 lesz a kert vagy terasz.<\/p>\n<\/details><details class=\"g-accordion \"><summary><h3>Milyen n\u00f6v\u00e9nyeket \u00fcltess egy cser\u00e9pbe, hogy igaz\u00e1n mutat\u00f3s legyen?<\/h3><\/summary>\n<p>Ha egy cser\u00e9pbe t\u00f6bbf\u00e9le vir\u00e1got \u00e9s lombos n\u00f6v\u00e9nyt \u00fcltetsz, nagyon l\u00e1tv\u00e1nyos \u00f6ssze\u00e1ll\u00edt\u00e1st kapsz. P\u00e9ld\u00e1ul nagy level\u0171 <strong>Acalypha<\/strong> j\u00f3l mutat \u00e9l\u00e9nk sz\u00edn\u0171 <strong>pet\u00fani\u00e1kkal<\/strong> vagy <strong>zinni\u00e1kkal<\/strong> egy\u00fctt. Ha az \u00e9v minden szak\u00e1ban szeretn\u00e9d, hogy sz\u00e9p legyen, \u00fcltess egy\u00fctt:<\/p>\n<ul>\n<li>h\u0151t\u0171r\u0151 egyny\u00e1riakat, mint p\u00e9ld\u00e1ul <strong>angel\u00f3nia<\/strong>,<\/li>\n<li>\u00e9s h\u0171v\u00f6sebb \u00e9vszakban j\u00f3l teljes\u00edt\u0151ket, p\u00e9ld\u00e1ul <strong>\u00e1rv\u00e1cska.<\/strong><\/li>\n<\/ul>\n<p>Ha t\u00f6bbf\u00e9le magass\u00e1g\u00fa \u00e9s n\u00f6veked\u00e9s\u0171 n\u00f6v\u00e9nyt kombin\u00e1lsz \u2013 p\u00e9ld\u00e1ul fut\u00f3akat \u00e1ll\u00f3 form\u00e1kkal \u2013, gazdag, soksz\u00edn\u0171 l\u00e1tv\u00e1nyt kapsz, \u00edgy eg\u00e9sz \u00e9vben izgalmas marad az \u00f6ssze\u00e1ll\u00edt\u00e1sod.<\/p>\n<\/details><details class=\"g-accordion \"><summary><h3>Mi a legjobb \u00fcltet\u0151k\u00f6zeg cserepes n\u00f6v\u00e9nyekhez?<\/h3><\/summary>\n<p>Cserepes n\u00f6v\u00e9nyekhez a legjobb v\u00e1laszt\u00e1s a <strong>f\u00f6ldmentes kever\u00e9k<\/strong>, ami j\u00f3l szell\u0151zik \u00e9s t\u00e1masztja a gy\u00f6kereket. Az ilyen kever\u00e9k nem t\u00f6m\u00f6r\u00f6dik \u00e9s nem tart meg t\u00fal sok vizet, mint a hagyom\u00e1nyos kerti f\u00f6ld \u2013 \u00edgy elker\u00fclhet\u0151 a gy\u00f6k\u00e9rrothad\u00e1s. Leggyakrabban az al\u00e1bbiakb\u00f3l \u00e1ll:<\/p>\n<ul>\n<li>t\u0151zegmoha,<\/li>\n<li>perlit,<\/li>\n<li>vermikulit.<\/li>\n<\/ul>\n<p><strong>Ez a kever\u00e9k megtartja a megfelel\u0151 nedvess\u00e9get, de a gy\u00f6kerekhez is jut el\u00e9g leveg\u0151.<\/strong> Ez az egyens\u00faly megakad\u00e1lyozza a t\u00fal\u00f6nt\u00f6z\u00e9st, \u00e9s el\u0151seg\u00edti az er\u0151teljes n\u00f6veked\u00e9st.<\/p>\n<p>Fontos, hogy rendszeresen \u00f6nt\u00f6zd \u00e9s t\u00e1poldatozd is a n\u00f6v\u00e9nyeket, hogy mindig el\u00e9g t\u00e1panyaghoz jussanak, \u00e9s sz\u00e9pen fejl\u0151djenek. A f\u00f6ldmentes k\u00f6zeg m\u00e9g abban is seg\u00edt, hogy kevesebb k\u00e1rtev\u0151 \u00e9s betegs\u00e9g jelenjen meg, mint a hagyom\u00e1nyos f\u00f6ldben \u2013 \u00edgy eg\u00e9szs\u00e9gesebbek lesznek a n\u00f6v\u00e9nyeid.<\/p>\n<\/details><details class=\"g-accordion \"><summary><h3>Mi\u00e9rt \u00e9rdemes f\u00f6ldmentes kever\u00e9ket haszn\u00e1lni a cserepes kert\u00e9szked\u00e9shez?<\/h3><\/summary>\n<p>A <strong>f\u00f6ldmentes kever\u00e9keknek<\/strong> sok el\u0151nye van cserepes kert\u00e9szked\u00e9sn\u00e9l. Kiv\u00e1l\u00f3an szell\u0151znek \u00e9s elvezetik a felesleges vizet, ez\u00e9rt seg\u00edtenek megel\u0151zni a gy\u00f6k\u00e9rrothad\u00e1st, ami gyakori gond a hagyom\u00e1nyos f\u00f6ldn\u00e9l. R\u00e1ad\u00e1sul ezek a kever\u00e9kek k\u00f6nny\u0171ek, \u00edgy k\u00f6nnyebb \u00e1tmozgatni a cserepeket. Sok t\u00edpus m\u00e1r eleve t\u00e1panyagokkal d\u00fas\u00edtott, ami el\u0151seg\u00edti a n\u00f6v\u00e9nyek eg\u00e9szs\u00e9ges fejl\u0151d\u00e9s\u00e9t.<\/p>\n<ul>\n<li>t\u0151zegmoha,<\/li>\n<li>perlit,<\/li>\n<li>vermikulit.<\/li>\n<\/ul>\n<p>Ezek egy\u00fctt megtartj\u00e1k a nedvess\u00e9get, ugyanakkor a gy\u00f6kerek leveg\u0151h\u00f6z jutnak. Emellett az ilyen k\u00f6zegekben ritk\u00e1bban fordulnak el\u0151 k\u00e1rtev\u0151k vagy betegs\u00e9gek, mint hagyom\u00e1nyos f\u00f6ldn\u00e9l, \u00edgy n\u00f6v\u00e9nyeid eg\u00e9szs\u00e9gesebbek maradnak.<\/p>\n<p><strong>Ilyen \u00fcltet\u0151kever\u00e9k haszn\u00e1lat\u00e1val n\u00f6v\u00e9nyeid sz\u00e9pen fejl\u0151dnek, tele lesznek vir\u00e1ggal.<\/strong> Ha megfelel\u0151en \u00f6nt\u00f6z\u00f6l \u00e9s t\u00e1panyagot is adsz, n\u00f6v\u00e9nyeid garant\u00e1ltan j\u00f3l \u00e9rzik majd magukat b\u00e1rmelyik cser\u00e9pben.<\/p>\n<\/details><details class=\"g-accordion \"><summary><h3>Mennyire fontosak a v\u00edzelvezet\u0151 lyukak a kerti cserepeken?<\/h3><\/summary>\n<p>A v\u00edzelvezet\u0151 lyukak nagyon fontosak a cserepes n\u00f6v\u00e9nyek eg\u00e9szs\u00e9ge szempontj\u00e1b\u00f3l. Ezeken kereszt\u00fcl kifolyik a felesleges v\u00edz, \u00edgy megel\u0151zhet\u0151 a t\u00fal\u00f6nt\u00f6z\u00e9s \u00e9s a gy\u00f6k\u00e9rrothad\u00e1s. Ha nincs megfelel\u0151 v\u00edzelvezet\u00e9s, a gy\u00f6kerek el\u00e1znak \u00e9s nem jutnak el\u00e9g oxig\u00e9nhez, ami k\u00e1ros\u00edtja a n\u00f6v\u00e9nyt.<\/p>\n<p>Cserepes v\u00e1laszt\u00e1sn\u00e1l vagy saj\u00e1t k\u00e9sz\u00edt\u00e9sn\u00e9l \u00fcgyelj r\u00e1, hogy el\u00e9g v\u00edzelvezet\u0151 lyuk legyen az alj\u00e1n, \u00edgy fejl\u0151dhetnek eg\u00e9szs\u00e9gesen a gy\u00f6kerek. Ha m\u00e9gis olyan tart\u00f3d van, amelyen nincsenek lyukak, akkor seg\u00edthet:<\/p>\n<ul>\n<li>egy kis kavicsr\u00e9teg az alj\u00e1ra,<\/li>\n<li>vagy f\u00f6ldmentes kever\u00e9k haszn\u00e1lata, amely jobban szab\u00e1lyozza a nedvess\u00e9get.<\/li>\n<li>Ezek a tr\u00fckk\u00f6k seg\u00edtenek, hogy a n\u00f6v\u00e9nyeid eg\u00e9szs\u00e9gesen fejl\u0151djenek, \u00e9s elker\u00fcld a t\u00fal\u00f6nt\u00f6z\u00e9s probl\u00e9m\u00e1it a cserepes kert\u00e9szked\u00e9s sor\u00e1n.<\/li>\n<\/ul>\n<\/details><details class=\"g-accordion \"><summary><h3>Melyiket \u00e9rdemes v\u00e1lasztani: hagyom\u00e1nyos agyagcserepet vagy d\u00edszes cserepet?<\/h3><\/summary>\n<p>Az agyagcserepeknek \u00e9s a d\u00edszes tart\u00f3knak egyar\u00e1nt megvannak a maguk el\u0151nyei:<\/p>\n<ul>\n<li>Az <strong>agyagcserepek j\u00f3l szell\u0151znek,<\/strong> \u00edgy a gy\u00f6kerekhez is eljut a leveg\u0151, ez pedig eg\u00e9szs\u00e9gesebb n\u00f6veked\u00e9st jelent. A term\u00e9szetes megjelen\u00e9s\u00fck szinte b\u00e1rhova j\u00f3l illik.<\/li>\n<li>A d\u00edszes cserepek rengetegf\u00e9le st\u00edlusban \u00e9s anyagb\u00f3l kaphat\u00f3k, \u00edgy igaz\u00e1n egyedi megjelen\u00e9st adhatsz vel\u00fck a kertednek vagy teraszodnak.<\/li>\n<\/ul>\n<p>A v\u00e1laszt\u00e1sn\u00e1l mindig vedd figyelembe a n\u00f6v\u00e9ny ig\u00e9nyeit: p\u00e9ld\u00e1ul mennyi v\u00edzelvezet\u00e9sre vagy szell\u0151ztet\u00e9sre van sz\u00fcks\u00e9ge a gy\u00f6kereknek. Az agyagcserepek j\u00f3l elvezetik a vizet, de emiatt gyorsabban is kisz\u00e1radnak, \u00edgy gyakrabban kell \u00f6nt\u00f6zni \u0151ket. A d\u00edszes cserepek sokf\u00e9l\u00e9k: n\u00e9melyik nem szell\u0151zik, vagy nincs rajta lyuk.<\/p>\n<p>Ha mindkett\u0151t kombin\u00e1lod, azzal sokkal k\u00fcl\u00f6nlegesebb lehet a kerted: az agyagcserepeket haszn\u00e1lhatod azokhoz a n\u00f6v\u00e9nyekhez, amik szeretik a leveg\u0151s k\u00f6zeget, a d\u00edszes tart\u00f3kat pedig d\u00edsz\u00edtsd a kert lehet\u0151 legl\u00e1tv\u00e1nyosabb pontj\u00e1ra. <strong>\u00cdgy praktikum \u00e9s sz\u00e9ps\u00e9g t\u00f6k\u00e9letesen kieg\u00e9sz\u00edthetik egym\u00e1st.<\/strong><\/p>\n<\/details><details class=\"g-accordion \"><summary><h3>Milyen k\u00fcl\u00f6nleges tart\u00f3kat haszn\u00e1lhatsz cserepes n\u00f6v\u00e9nyekhez?<\/h3><\/summary>\n<p>Ha szeretn\u00e9d k\u00fcl\u00f6nlegess\u00e9 var\u00e1zsolni a teraszodat vagy kertedet, gondolkodj a hagyom\u00e1nyos cserepeken t\u00fal! Haszn\u00e1lj p\u00e9ld\u00e1ul:<\/p>\n<ul>\n<li>horganyzott d\u00e9zs\u00e1kat,<\/li>\n<li>r\u00e9gi talicsk\u00e1t,<\/li>\n<li>fa rekeszeket, amelyekr\u0151l rusztikus hangulatot \u00e1rasztanak.<\/li>\n<\/ul>\n<p>A r\u00e9gi locsol\u00f3kanna vagy egy te\u00e1scs\u00e9sze is lehet szuper aranyos vir\u00e1gtart\u00f3, ezzel mesebeliv\u00e9 t\u00e9ve a kerted.<\/p>\n<p>Ha helyet szeretn\u00e9l sp\u00f3rolni \u00e9s igaz\u00e1n l\u00e1tv\u00e1nyos hat\u00e1st el\u00e9rni, pr\u00f3b\u00e1ld ki a f\u00fcgg\u0151leges megold\u00e1sokat is! P\u00e9ld\u00e1ul falra r\u00f6gz\u00edthet\u0151 \u00fcltet\u0151k:<\/p>\n<ul>\n<li>r\u00e9gi v\u00e1g\u00f3deszk\u00e1b\u00f3l k\u00e9sz\u00fclt,<\/li>\n<li>vagy rak\u00e1solhat\u00f3 rendszerek<\/li>\n<\/ul>\n<p>praktikusak is, \u00e9s igaz\u00e1n feldobj\u00e1k a k\u00f6rnyezetet. A szokatlan tart\u00f3k nemcsak helytakar\u00e9kosak, hanem egyediv\u00e9 is teszik a n\u00f6v\u00e9nyelrendez\u00e9sedet.<\/p>\n<\/details><details class=\"g-accordion \"><summary><h3>Mi\u00e9rt j\u00f3 nagy m\u00e9ret\u0171 urn\u00e1kat haszn\u00e1lni n\u00f6v\u00e9nykompoz\u00edci\u00f3khoz?<\/h3><\/summary>\n<p>A nagy urn\u00e1k remek\u00fcl mutatnak a kertben vagy a teraszon, mert azonnal odavonzz\u00e1k a tekintetet, \u00edgy biztosan senki nem megy el mellett\u00fck sz\u00f3 n\u00e9lk\u00fcl. Belsej\u00fck t\u00e1gas, ez\u00e9rt sokf\u00e9le n\u00f6v\u00e9ny f\u00e9r el benn\u00fck, \u00e9s igaz\u00e1n d\u00fas, sz\u00ednes \u00f6ssze\u00e1ll\u00edt\u00e1st alkothatsz vel\u00fck.<\/p>\n<p>Ezek a hatalmas urn\u00e1k r\u00e1ad\u00e1sul eleg\u00e1ns, kifinomult hangulatot adnak b\u00e1rmilyen k\u00fclt\u00e9ri helynek, k\u00fcl\u00f6n\u00f6sen alkalmasak bej\u00e1ratokhoz vagy form\u00e1lisabb kertekbe. <strong>Neh\u00e9z s\u00falyuknak k\u00f6sz\u00f6nhet\u0151en akkor sem borulnak fel k\u00f6nnyen, ha viharos sz\u00e9l t\u00e1mad,<\/strong> \u00edgy a n\u00f6v\u00e9nyeid biztosan biztons\u00e1gban maradnak. Ezek az urn\u00e1k teh\u00e1t gy\u00f6ny\u00f6r\u0171ek \u00e9s hasznosak egyszerre, val\u00f3ban feldobj\u00e1k a kerted hangulat\u00e1t.<\/p>\n<\/details><details class=\"g-accordion \"><summary><h3>Mik az el\u0151nyei a horganyzott v\u00f6dr\u00f6knek n\u00f6v\u00e9nytart\u00f3k\u00e9nt?<\/h3><\/summary>\n<p>A horganyzott v\u00f6dr\u00f6k nagyszer\u0171 v\u00e1laszt\u00e1sok cserepes n\u00f6v\u00e9nyekhez. Rusztikus hangulatot adnak, ami j\u00f3l illik ak\u00e1r egy vid\u00e9ki, ak\u00e1r modernebb kertbe is. Tart\u00f3sak, ellen\u00e1llnak az id\u0151j\u00e1r\u00e1snak, \u00e9s ha aljukra lyukakat f\u00farsz, j\u00f3l vezetik el a felesleges vizet \u2013 ez el\u0151seg\u00edti, hogy a n\u00f6v\u00e9nyek gy\u00f6kerei eg\u00e9szs\u00e9gesen fejl\u0151djenek.<\/p>\n<p>Ezek a v\u00f6dr\u00f6k sokoldal\u00faak: vir\u00e1gokat, f\u0171szern\u00f6v\u00e9nyeket is \u00fcltethetsz bel\u00e9j\u00fck, \u00edgy praktikusak kont\u00e9neres kert\u00e9szked\u00e9shez. K\u00fcl\u00f6nb\u00f6z\u0151 n\u00f6v\u00e9ny\u00f6ssze\u00e1ll\u00edt\u00e1sokban is j\u00f3l mutatnak, k\u00f6nnyen beilleszthet\u0151k b\u00e1rmilyen st\u00edlus\u00fa kertbe.<\/p>\n<\/details><details class=\"g-accordion \"><summary><h3>Miben seg\u00edthet egy cserepes n\u00f6v\u00e9nytart\u00f3 \u00e1llv\u00e1ny vagy g\u00f6rg\u0151s al\u00e1t\u00e9t?<\/h3><\/summary>\n<p>Egy n\u00f6v\u00e9ny\u00e1llv\u00e1ny vagy gurul\u00f3s al\u00e1t\u00e9t nagyban megk\u00f6nny\u00edti a nagyobb cserepek mozgat\u00e1s\u00e1t, \u00edgy n\u00f6v\u00e9nyeid mindig <strong>megfelel\u0151 napf\u00e9nyt<\/strong> kapnak. B\u00e1rmikor \u00e1t tudod rendezni a cserepeket, ha v\u00e1ltoztatni szeretn\u00e9l. Az \u00e1llv\u00e1nyra emelt cserepek nemcsak szebben l\u00e1tszanak, de k\u00f6nnyebb gondozni is \u0151ket, mert nem kell annyit hajolni. Tov\u00e1bb\u00e1, a v\u00edz is k\u00f6nnyebben elfolyik, \u00edgy nem \u00e1ll meg az alj\u00e1n, \u00e9s elker\u00fclheted a gy\u00f6k\u00e9rrothad\u00e1st is. Egy \u00e1llv\u00e1ny vagy al\u00e1t\u00e9t teh\u00e1t nemcsak <strong>praktikusabb\u00e1<\/strong>, hanem <strong>mutat\u00f3sabb\u00e1<\/strong> is teszi a cserepes n\u00f6v\u00e9nyek elrendez\u00e9s\u00e9t.<\/p>\n<\/details> <details class=\"g-accordion \"><summary><h3>Hogyan jav\u00edtja a r\u00e9tegez\u00e9s a cserepes n\u00f6v\u00e9nykompoz\u00edci\u00f3kat?<\/h3><\/summary>\n<p>Ha r\u00e9tegeket viszel a cserepes n\u00f6v\u00e9nykompoz\u00edci\u00f3kba, azok m\u00e9lyebbnek \u00e9s l\u00e1tv\u00e1nyosabbnak t\u0171nnek. <strong>A magas n\u00f6v\u00e9nyek<\/strong> lesznek a f\u0151szerepl\u0151k, a k\u00f6zepes m\u00e9ret\u0171ek \u00e9s a fut\u00f3 fajt\u00e1k pedig kit\u00f6ltik az \u00fcres helyeket, sz\u00e9pen \u00f6sszemosva a sz\u00e9leket. Ezzel a m\u00f3dszerrel minden n\u00f6v\u00e9ny el\u00e9g f\u00e9nyt kap, hiszen a magasabbak nem takarj\u00e1k el az alacsonyabbakat, \u00edgy jobb lesz a leveg\u0151 mozg\u00e1sa is a n\u00f6v\u00e9nyek k\u00f6r\u00fcl, ami eg\u00e9szs\u00e9gesebb\u00e9 teszi \u0151ket. <strong>Az eredm\u00e9ny egy vid\u00e1m, \u00f6sszeszedett elrendez\u00e9s, amely sz\u00ednes \u00e9s \u00e9l\u00e9nk l\u00e1tv\u00e1ny\u00e1val mag\u00e1ra vonzza a tekintetet.<\/strong><\/p>\n<\/details><details class=\"g-accordion \"><summary><h3>Mi a szerepe a sz\u00ednes vir\u00e1goknak a cserepes n\u00f6v\u00e9nykompoz\u00edci\u00f3kban?<\/h3><\/summary>\n<p>Az \u00e9l\u00e9nk sz\u00edn\u0171 vir\u00e1gok igazi f\u0151szerepl\u0151k a cserepes n\u00f6v\u00e9nyek k\u00f6z\u00f6tt, mert m\u00e1r messzir\u0151l felkeltik a figyelmet \u00e9s feldobj\u00e1k a l\u00e1tv\u00e1nyt. D\u00edsz\u00edtik az elrendez\u00e9st, f\u0151leg ha \u00f6sszev\u00e1logatod a sz\u00edneket \u2013 legyenek egym\u00e1shoz ill\u0151 vagy kontrasztos \u00e1rnyalatok \u2013, \u00edgy a kompoz\u00edci\u00f3 eg\u00e9sz szezonban mozgalmas \u00e9s ak\u00e1r \u00e9vszakonk\u00e9nt v\u00e1ltoz\u00f3 lehet. <strong>Ezek a vir\u00e1gok \u00e9rz\u00e9seket keltenek, \u00edgy a k\u00fclt\u00e9ri ter\u00fcletet meghitt\u00e9 \u00e9s bar\u00e1ts\u00e1goss\u00e1 var\u00e1zsolj\u00e1k.<\/strong> Ha t\u00f6bbf\u00e9le form\u00e1j\u00fa \u00e9s m\u00e9ret\u0171 vir\u00e1got \u00fcltetsz, az a text\u00far\u00e1t is gazdag\u00edtja, m\u00e9g \u00e9rdekesebb\u00e9 t\u00e9ve a l\u00e1tv\u00e1nyt.<\/p>\n<\/details><details class=\"g-accordion \"><summary><h3>Mi az a lombd\u00edszes kont\u00e9nerkert, \u00e9s hogyan k\u00e9sz\u00fcl?<\/h3><\/summary>\n<p>A lombd\u00edszes kont\u00e9nerkertben nem a vir\u00e1gok, hanem a levelek sz\u00e9ps\u00e9ge \u00e9s text\u00far\u00e1ja ker\u00fcl el\u0151t\u00e9rbe. \u00cdgy k\u00e9sz\u00edtheted el:<\/p>\n<ul>\n<li>V\u00e1lassz k\u00fcl\u00f6nb\u00f6z\u0151 sz\u00edn\u0171 vagy mint\u00e1s level\u0171 n\u00f6v\u00e9nyeket, p\u00e9ld\u00e1ul z\u00f6ldet vagy tarka mint\u00e1zat\u00fat,<\/li>\n<li>keress \u00e9rdekes lev\u00e9lform\u00e1kat,<\/li>\n<li>kombin\u00e1ld a sz\u00e9les leveleket finom, tollszer\u0171ekkel, hogy a text\u00far\u00e1k keveredjenek.<\/li>\n<\/ul>\n<p><strong>Ha ezeket a n\u00f6v\u00e9nyeket r\u00e9tegezve \u00fclteted a cser\u00e9pbe, eg\u00e9sz \u00e9vben mutat\u00f3s, buja l\u00e1tv\u00e1nyt kapsz vir\u00e1gok n\u00e9lk\u00fcl is.<\/strong> Ez a st\u00edlus ide\u00e1lis lehet f\u00e9l\u00e1rny\u00e9kos helyekre vagy ha kev\u00e9s gondoz\u00e1st szeretn\u00e9l.<\/p>\n<\/details><details class=\"g-accordion \"><summary><h3>Mik azok a h\u0151t\u0171r\u0151 egyny\u00e1ri n\u00f6v\u00e9nyek \u00e9s mire j\u00f3k?<\/h3><\/summary>\n<p>Ha ny\u00e1ron szeretn\u00e9d sz\u00ednesebb\u00e9 tenni a cserepes kertedet, <strong>a h\u0151t\u0171r\u0151 egyny\u00e1ri n\u00f6v\u00e9nyek<\/strong> remek v\u00e1laszt\u00e1sok. Ezek a n\u00f6v\u00e9nyek j\u00f3l b\u00edrj\u00e1k a forr\u00f3s\u00e1got \u00e9s a sz\u00e1razs\u00e1got, \u00edgy akkor is sz\u00e9p vir\u00e1gaik lesznek, amikor m\u00e1s n\u00f6v\u00e9nyek m\u00e1r nehezen viselik a meleget. Pr\u00f3b\u00e1ld ki p\u00e9ld\u00e1ul az al\u00e1bbiakat:<\/p>\n<ul>\n<li>angyaltrombita (angelonia),<\/li>\n<li>c\u00e9rnamet\u00e9ng (zinnia),<\/li>\n<li>pet\u00fania.<\/li>\n<\/ul>\n<p><strong>Ezek a n\u00f6v\u00e9nyek eg\u00e9sz szezonban vid\u00e1m sz\u00ednekkel \u00e9s folyamatos vir\u00e1gz\u00e1ssal dobj\u00e1k fel a kertedet.<\/strong> A kem\u00e9nyebb fajt\u00e1kkal \u00e9l\u00e9nk, tart\u00f3s kompoz\u00edci\u00f3kat k\u00e9sz\u00edthetsz, amelyek a legmelegebb napokat is \u00e1tv\u00e9szelik.<\/p>\n<\/details><details class=\"g-accordion \"><summary><h3>Hogyan befoly\u00e1solj\u00e1k az \u00e9vszakok a n\u00f6v\u00e9nyv\u00e1laszt\u00e1st?<\/h3><\/summary>\n<p>Az \u00e9vszaknak megfelel\u0151 n\u00f6v\u00e9nyek kiv\u00e1laszt\u00e1sa nagyon fontos, mert minden n\u00f6v\u00e9ny m\u00e1skor \u00e9rzi mag\u00e1t a legjobban. Tavasszal p\u00e9ld\u00e1ul a <strong>\u00e1rv\u00e1csk\u00e1k \u00e9s tulip\u00e1nok<\/strong> szeretik a h\u0171v\u00f6sebb id\u0151t \u00e9s ilyenkor virulnak. Ny\u00e1ron <strong>a pet\u00fani\u00e1k \u00e9s c\u00e9rnamet\u00e9ng<\/strong> b\u00edrj\u00e1k a meleget, \u00e9s igaz\u00e1n l\u00e1tv\u00e1nyosak lesznek. \u0150sszel a <strong>krizant\u00e9mok \u00e9s d\u00edszf\u00fcvek<\/strong> sz\u00ednpomp\u00e1s hangulatot teremtenek \u00e9s k\u00fcl\u00f6nleges text\u00far\u00e1t adnak a kertnek. T\u00e9len pedig <strong>az \u00f6r\u00f6kz\u00f6ldek \u00e9s \u00e9vszakhoz ill\u0151 d\u00edszek<\/strong> gondoskodnak arr\u00f3l, hogy a kert tov\u00e1bbra is sz\u00e9p maradjon.<\/p>\n<p>Ha az \u00e9vszakok szerint v\u00e1lasztod a n\u00f6v\u00e9nyeidet, t\u00fckr\u00f6zheted a term\u00e9szet v\u00e1ltoz\u00e1sait, \u00e9s minden n\u00f6v\u00e9ny sz\u00e1m\u00e1ra ide\u00e1lis k\u00f6r\u00fclm\u00e9nyeket teremthetsz. <strong>\u00cdgy a kerted eg\u00e9sz \u00e9vben vid\u00e1m \u00e9s vonz\u00f3 lesz.<\/strong><\/p>\n<\/details><details class=\"g-accordion \"><summary><h3>Melyek a legjobb \u00e9vszakos vir\u00e1gok cserepekbe?<\/h3><\/summary>\n<p>Ha j\u00f3l v\u00e1lasztod ki az \u00e9vszaknak megfelel\u0151 cserepes vir\u00e1gokat, eg\u00e9sz \u00e9vben friss \u00e9s sz\u00ednes lesz az elrendez\u00e9sed.<\/p>\n<ul>\n<li>Tavasszal a <strong>\u00e1rv\u00e1cska<\/strong>, <strong>tulip\u00e1n<\/strong> \u00e9s <strong>oroszl\u00e1nsz\u00e1j<\/strong> \u00e9l\u00e9nk sz\u00ednei garant\u00e1ltan feldobj\u00e1k a kompoz\u00edci\u00f3 t\u00f6ltsd,<\/li>\n<li>Ny\u00e1ron v\u00e1laszd a melegkedvel\u0151 egyny\u00e1riakat, mint a <strong>pet\u00fania<\/strong>, <strong>c\u00e9rnamet\u00e9ng<\/strong> vagy <strong>angyaltrombita<\/strong>, hogy a h\u0151s\u00e9g ellen\u00e9re is sz\u00e9p maradjon a cser\u00e9p,<\/li>\n<li>\u0150sszel <strong>krizant\u00e9m, d\u00edszkel \u00e9s \u0151szir\u00f3zsa<\/strong> gondoskodik a gazdag sz\u00ednekr\u0151l,<\/li>\n<li>T\u00e9len pedig az \u00f6r\u00f6kz\u00f6ldek, mint a <strong>kikeleti hunyor<\/strong> vagy a <strong>t\u00e9li \u00e1rvi\u00e1cska<\/strong> adnak z\u00f6ldell\u0151 h\u00e1tteret \u00e9s vir\u00e1gokat a hidegben is.<\/li>\n<\/ul>\n<p><strong>Ha \u00edgy v\u00e1lasztasz, cser\u00e9pkertjeid minden \u00e9vszakban \u00fcd\u00e9k \u00e9s l\u00e1tv\u00e1nyosak maradnak.<\/strong><\/p>\n<\/details><details class=\"g-accordion \"><summary><h3>Hogyan teheted \u0151szi hangulat\u00fav\u00e1 a cserepes n\u00f6v\u00e9nyeket a kertben?<\/h3><\/summary>\n<p>Az \u0151szi cserepes n\u00f6v\u00e9nyek seg\u00edts\u00e9g\u00e9vel behozhatod a szezon \u00e9l\u00e9nk sz\u00edneit \u00e9s jellegzetes text\u00far\u00e1it a kertedbe. A krizant\u00e9m, d\u00edszk\u00e1poszta \u00e9s \u00e1rvi\u00e1cska ilyenkor igaz\u00e1n sz\u00ednes \u00e9s vid\u00e1m l\u00e1tv\u00e1nyt ny\u00fajtanak. A hangulatot feldobhatod t\u00f6k\u00f6kkel vagy d\u00edszt\u00f6k\u00f6kkel, amiket k\u00f6z\u00e9j\u00fck helyezel. Gondosan elhelyezett cserepekkel, k\u00fcl\u00f6nb\u00f6z\u0151 magass\u00e1g \u00e9s text\u00fara j\u00e1t\u00e9k\u00e1val igaz\u00e1n k\u00fcl\u00f6nleges \u00f6sszhangot teremthetsz. Ha pedig term\u00e9szetes elemeket, p\u00e9ld\u00e1ul szalmab\u00e1l\u00e1kat vagy rusztikus fa l\u00e1d\u00e1kat is beviszel, a kert m\u00e9g bar\u00e1ts\u00e1gosabb \u00e9s \u0151szi hangulat\u00fa lesz. <strong>Ezekkel az apr\u00f3 r\u00e9szletekkel m\u00e9g szebb\u00e9 \u00e9s hangulatosabb\u00e1 var\u00e1zsolhatod a kertedet.<\/strong><\/p>\n<\/details><details class=\"g-accordion \"><summary><h3>Milyen \u00f6tletek vannak teraszra vagy erk\u00e9lyre cserepes n\u00f6v\u00e9nyekhez?<\/h3><\/summary>\n<p>A teraszra vagy erk\u00e9lyre val\u00f3 cserepes n\u00f6v\u00e9nyek c\u00e9lja, hogy <strong>a helyet j\u00f3l kihaszn\u00e1lj\u00e1k<\/strong>, mik\u00f6zben szebb\u00e9 is teszik azt. <strong>A vertik\u00e1lis kert\u00e9szked\u00e9s<\/strong> \u2013 p\u00e9ld\u00e1ul falra szerelhet\u0151 kasp\u00f3k vagy l\u00e9pcs\u0151zetes \u00e1llv\u00e1nyok \u2013 kit\u0171n\u0151 m\u00f3dja annak, hogy kis helyen is sok n\u00f6v\u00e9ny elf\u00e9rjen. Ha fut\u00f3 n\u00f6v\u00e9nyeket teszel f\u00fcgg\u0151 kosarakba, z\u00f6lddel t\u00f6lt\u00f6d meg a teret an\u00e9lk\u00fcl, hogy elfoglaln\u00e1d a padl\u00f3t. Ha egyny\u00e1riakat \u00e9s \u00e9vel\u0151ket vegy\u00edtesz, eg\u00e9sz \u00e9vben sz\u00ednes maradhat az \u00f6sszhat\u00e1s. K\u00fcl\u00f6nb\u00f6z\u0151 magass\u00e1g\u00fa \u00e9s m\u00e9ret\u0171 cserepeket \u00f6sszev\u00e1logatva izgalmas l\u00e1tv\u00e1nyt adhatsz a helynek. D\u00edsz\u00edts b\u00e1tran l\u00e1mp\u00e1sokkal vagy kertdekor\u00e1ci\u00f3val, hogy m\u00e9g h\u00edvogat\u00f3bb legyen a teraszod vagy erk\u00e9lyed.<\/p>\n<\/details><details class=\"g-accordion \"><summary><h3>Hogyan lehet hat\u00e9konyan kialak\u00edtani priv\u00e1t z\u00f3n\u00e1t n\u00f6v\u00e9nyekkel a szabadban?<\/h3><\/summary>\n<p>Ha egy kis mag\u00e1nszf\u00e9r\u00e1ra v\u00e1gysz a kertben, \u00e9rdemes d\u00fas \u00e9s magas n\u00f6v\u00e9nyekkel kialak\u00edtani olyan sarkokat, amelyek eltakarj\u00e1k a k\u00edv\u00e1ncsi szemek el\u0151l a pihen\u0151helyet. Az ilyen z\u00f3n\u00e1kat d\u00edszf\u00fcvekkel, magas \u00e9vel\u0151kkel vagy cserj\u00e9kkel \u00fcltetett cserepekkel is k\u00f6nnyed\u00e9n l\u00e9trehozhatod. Ha k\u00fcl\u00f6nf\u00e9le magass\u00e1g\u00fa n\u00f6v\u00e9nyeket r\u00e9tegezel egym\u00e1s mell\u00e9, nemcsak takar\u00e1s, hanem sz\u00e9p l\u00e1tv\u00e1ny is lesz a v\u00e9geredm\u00e9ny. Futtass k\u00fasz\u00f3n\u00f6v\u00e9nyeket r\u00e1csokra \u2013 ezek f\u00fcgg\u0151leges parav\u00e1nk\u00e9nt is j\u00f3l m\u0171k\u00f6dnek. T\u00f6bb cser\u00e9ppel mini z\u00f6ld falat is kialak\u00edthatsz.<strong>\u00cdgy m\u00e9g szebb lesz a kert, mik\u00f6zben nyugalmas, elz\u00e1rt szegletet is teremtesz.<\/strong><\/p>\n<\/details><details class=\"g-accordion \"><summary><h3>Hogyan teheted rusztikus kerti cserepekkel hangulatosabb\u00e1 a teret?<\/h3><\/summary>\n<p>A rusztikus kerti cserepek term\u00e9szetes, meghitt hangulatot teremtenek a kertben. Gyakran <strong>fa l\u00e1d\u00e1kb\u00f3l<\/strong>, <strong>horganyzott v\u00f6dr\u00f6kb\u0151l<\/strong> vagy <strong>terrakotta kasp\u00f3kb\u00f3l<\/strong> k\u00e9sz\u00fclnek. Ezek a t\u00e1rgyak eml\u00e9keztetnek a r\u00e9gi id\u0151kre \u00e9s otthonoss\u00e1 teszik a kertet. B\u00e1rmit tehetsz bel\u00e9j\u00fck, legyen az sz\u00ednes vir\u00e1g vagy z\u00f6ldell\u0151 n\u00f6v\u00e9ny, a kert karaktere biztosan er\u0151sebb lesz. Az apr\u00f3bb hib\u00e1k \u00e9s a term\u00e9szetes anyagok text\u00far\u00e1i k\u00fcl\u00f6nleges b\u00e1jt k\u00f6lcs\u00f6n\u00f6znek \u2013 a kert ett\u0151l v\u00e1lik igaz\u00e1n bar\u00e1ts\u00e1goss\u00e1. Ha az ilyen rusztikus elemeket \u00f6tv\u00f6z\u00f6d a term\u00e9szetes n\u00f6v\u00e9nyekkel, j\u00f3l harmoniz\u00e1l\u00f3, gy\u00f6ny\u00f6r\u0171 \u00f6sszhat\u00e1st kapsz a kertedben.<\/p>\n<\/details><details class=\"g-accordion \"><summary><h3>Hogyan lesz a n\u00f6v\u00e9nykompoz\u00edci\u00f3kb\u00f3l igazi l\u00e1tv\u00e1nyoss\u00e1g vignett\u00e1kkal?<\/h3><\/summary>\n<p>A vignett\u00e1k lehet\u0151v\u00e9 teszik, hogy a cserepes n\u00f6v\u00e9nyekb\u0151l izgalmas, t\u00f6rt\u00e9netet elmes\u00e9l\u0151 elrendez\u00e9seket k\u00e9sz\u00edts. Amikor egym\u00e1s mell\u00e9 helyezel sz\u00ednben, form\u00e1ban vagy hangulatban \u00f6sszeill\u0151 n\u00f6v\u00e9nyeket \u00e9s d\u00edszeket, az \u00f6sszk\u00e9p egys\u00e9ges lesz. Gondolj csak egy olyan vignett\u00e1ra, ahol f\u0171szern\u00f6v\u00e9nyeket, d\u00edszkavicsokat \u00e9s rusztikus cserepeket p\u00e1ros\u00edtasz \u2013 ett\u0151l olyan lesz, mint egy bar\u00e1ts\u00e1gos \u201ekonyhakert\u201d. \u00cdgy ki\u00e9lheted a kreativit\u00e1sodat, \u00e9s egy\u00e9ni st\u00edlusod is visszat\u00fckr\u00f6z\u0151dhet a n\u00f6v\u00e9nyek elrendez\u00e9s\u00e9ben. <strong>A vignett\u00e1k r\u00e9tegekkel, apr\u00f3 r\u00e9szletekkel teszik k\u00edv\u00e1ncsiv\u00e1 a n\u00e9z\u0151t \u00e9s emelik ki a kert hangulat\u00e1t.<\/strong> Ez a m\u00f3dszer nemcsak az egyes n\u00f6v\u00e9nyeket mutatja meg szebben, hanem az eg\u00e9sz elrendez\u00e9st egy igazi kis m\u0171alkot\u00e1ss\u00e1 form\u00e1lja a kertedben.<\/p>\n<\/details><details class=\"g-accordion \"><summary><h3>Milyen el\u0151nyei vannak a cserepek csoportos elrendez\u00e9s\u00e9nek?<\/h3><\/summary>\n<p>Ha t\u00f6bb cserepet rendezel \u00f6ssze egy helyen, sz\u00e1mos el\u0151ny\u00f6d lesz. L\u00e1tv\u00e1nyosabb, izgalmasabb lesz a kert, \u00e9s m\u00e9g a kisebb ter\u00fcleteket, p\u00e9ld\u00e1ul teraszt vagy erk\u00e9lyt is kihaszn\u00e1lhatod.<\/p>\n<ul>\n<li>A csoportosan elhelyezett n\u00f6v\u00e9nyek seg\u00edtenek bent tartani a talaj nedvess\u00e9g\u00e9t, \u00edgy ritk\u00e1bban kell \u00f6nt\u00f6zni,<\/li>\n<li>egyszerre tudod \u0151ket \u00f6nt\u00f6zni \u00e9s t\u00e1poldatozni, \u00edgy gyorsabb \u00e9s k\u00e9nyelmesebb a gondoz\u00e1s,<\/li>\n<li>\u00f6sszetolva minden n\u00f6v\u00e9ny el\u00e9g f\u00e9nyt \u00e9s leveg\u0151t kap, ami eg\u00e9szs\u00e9gesebb\u00e9 teszi \u0151ket,<\/li>\n<li>ez az elrendez\u00e9s seg\u00edt egys\u00e9ges kertk\u00e9pet kialak\u00edtani, \u00e9s b\u00e1tran k\u00eds\u00e9rletezhetsz k\u00fcl\u00f6nf\u00e9le n\u00f6v\u00e9nykombin\u00e1ci\u00f3kkal vagy cserepekkel,<\/li>\n<li>v\u00e9g\u00fcl nemcsak a n\u00f6v\u00e9nyek \u00e1pol\u00e1sa lesz k\u00f6nnyebb, hanem a kerted is hangulatosabb \u00e9s rendezettebb lesz.<\/li>\n<\/ul>\n<\/details><details class=\"g-accordion \"><summary><h3>Hogyan k\u00e9sz\u00edthetsz saj\u00e1t k\u00e9sz\u00edt\u00e9s\u0171 k\u00fclt\u00e9ri cserepeket?<\/h3><\/summary>\n<p>Saj\u00e1t k\u00fclt\u00e9ri cserepeket k\u00e9sz\u00edteni szuper kreat\u00edv \u00e9s sz\u00f3rakoztat\u00f3 elfoglalts\u00e1g. El\u0151sz\u00f6r v\u00e1lassz anyagokat, p\u00e9ld\u00e1ul:<\/p>\n<ul>\n<li>fa raklapokat,<\/li>\n<li>r\u00e9gi l\u00e1d\u00e1kat,<\/li>\n<li>\u00fajrahasznos\u00edtott t\u00e1rgyakat, p\u00e9ld\u00e1ul b\u00e1dogdobozt vagy v\u00f6dr\u00f6t.<\/li>\n<\/ul>\n<p>Fontos, hogy a cserepek alj\u00e1n legyenek v\u00edzelvezet\u0151 lyukak, \u00edgy elker\u00fclheted a pang\u00f3 vizet. Ha szeretn\u00e9d, fesd le vagy d\u00edsz\u00edtsd az ed\u00e9nyeket, hogy passzoljanak a kerted st\u00edlus\u00e1hoz.<\/p>\n<p>Ezut\u00e1n t\u00f6ltsd fel j\u00f3 min\u0151s\u00e9g\u0171 vir\u00e1gf\u00f6lddel, ami el\u00e9g leveg\u0151s, de j\u00f3l megtartja a nedvess\u00e9get is. V\u00e1lassz olyan n\u00f6v\u00e9nyeket, amelyek j\u00f3l \u00e9rzik magukat a helyi kl\u00edm\u00e1ban \u00e9s tetszenek is neked. B\u00e1tran pr\u00f3b\u00e1ld ki a k\u00fcl\u00f6nleges elrendez\u00e9seket, t\u00e9m\u00e1kat, \u00edgy igaz\u00e1n saj\u00e1toss\u00e1, kreat\u00edvv\u00e1 teheted a kertedet.<\/p>\n<p>M\u00e9g egyedibb hat\u00e1s\u00e9rt haszn\u00e1lhatsz szokatlan t\u00e1rgyakat is:<\/p>\n<ul>\n<li>p\u00e9ld\u00e1ul egy horganyzott lav\u00f3rt,<\/li>\n<li>vagy egy r\u00e9gi talicsk\u00e1t.<\/li>\n<\/ul>\n<p><strong>Ha ezeket a l\u00e9p\u00e9seket k\u00f6veted, olyan egyedi cserepek k\u00e9sz\u00fclnek, amelyek nemcsak hasznosak, hanem \u00f6tletess\u00e9g\u00fckkel \u00e9s sz\u00ednes \u00f6ssze\u00e1ll\u00edt\u00e1sukkal igaz\u00e1n feldobj\u00e1k a kertedet.<\/strong><\/p>\n<\/details>\n","protected":false},"excerpt":{"rendered":"<p>Alak\u00edtsd \u00e1t a k\u00fclt\u00e9ri ter\u00fcleteidet kreat\u00edv cserepes n\u00f6v\u00e9nyelrendez\u00e9sekkel, hogy \u00e9letet vigy\u00e9l a verand\u00e1ra, teraszra vagy az erk\u00e9lyre. Sz\u00ednes vir\u00e1gokat, d\u00fas lomb\u00fa n\u00f6v\u00e9nyeket \u00e9s karakteres kasp\u00f3kat kombin\u00e1lva olyan \u00f6ssze\u00e1ll\u00edt\u00e1sokat hozhatsz l\u00e9tre, amelyek igazi l\u00e1tv\u00e1nyelemei lesznek a kertednek. A cserepes n\u00f6v\u00e9nyekben az a j\u00f3, hogy sokf\u00e9lek\u00e9ppen lehet \u0151ket elrendezni, \u00e9s k\u00f6nnyen alkalmazkodnak b\u00e1rmilyen helyhez. Ny\u00e1ron h\u0151s\u00e9gt\u0171r\u0151 egyny\u00e1riakat, \u0151sszel krizant\u00e9mokat v\u00e1lassz, hogy eg\u00e9sz&hellip;<\/p>\n","protected":false},"author":12,"featured_media":8001,"comment_status":"closed","ping_status":"closed","sticky":false,"template":"","format":"standard","meta":{"rank_math_focus_keyword":"cser\u00e9pn\u00f6v\u00e9ny elrendez\u00e9si \u00f6tletek","rank_math_title":"Legjobb cser\u00e9pn\u00f6v\u00e9ny elrendez\u00e9si \u00f6tletek leny\u0171g\u00f6z\u0151 dekor\u00e1ci\u00f3khoz","rank_math_description":"Fedezz fel inspir\u00e1l\u00f3 cserepes n\u00f6v\u00e9ny\u00f6ssze\u00e1ll\u00edt\u00e1si \u00f6tleteket, amelyekkel \u00e9l\u00e9nk \u00e9s buja o\u00e1ziss\u00e1 alak\u00edthatod otthonod vagy kertedet.","footnotes":""},"categories":[124],"tags":[],"class_list":["post-8292","post","type-post","status-publish","format-standard","has-post-thumbnail","hentry","category-kert"],"g_custom_schema_json":"<script type=\"application\/ld+json\">\n{\n  \"@context\": \"https:\/\/schema.org\",\n  \"@type\": \"FAQPage\",\n  \"mainEntity\": [\n    {\n      \"@type\": \"Question\",\n      \"name\": \"Milyen kreat\u00edv \u00f6tletek vannak cserepes n\u00f6v\u00e9nyek elrendez\u00e9s\u00e9re?\",\n      \"acceptedAnswer\": {\n        \"@type\": \"Answer\",\n        \"text\": \"A kreat\u00edv cserepes n\u00f6v\u00e9nykompoz\u00edci\u00f3k teljesen meg\u00faj\u00edtj\u00e1k a k\u00fclt\u00e9ri tereket. Sz\u00ednes vir\u00e1gokkal, d\u00fas lomb\u00fa n\u00f6v\u00e9nyekkel \u00e9s k\u00fcl\u00f6nleges tart\u00f3kkal igaz\u00e1n figyelemfelkelt\u0151 dekor\u00e1ci\u00f3 k\u00e9sz\u00edthet\u0151. Ha t\u00f6bbf\u00e9le magass\u00e1g\u00fa \u00e9s level\u0171 n\u00f6v\u00e9nyt kombin\u00e1lsz, izgalmasabb lesz az \u00f6sszk\u00e9p.\"\n      }\n    },\n    {\n      \"@type\": \"Question\",\n      \"name\": \"Hogyan teheti \u00e9rdekesebb\u00e9 a balkonodat vagy kertedet a kont\u00e9neres kert\u00e9szked\u00e9s?\",\n      \"acceptedAnswer\": {\n        \"@type\": \"Answer\",\n        \"text\": \"Kont\u00e9neres kert\u00e9szked\u00e9ssel b\u00e1rmilyen k\u00fclt\u00e9ri t\u00e9r \u00fajj\u00e1 sz\u00fcletik. Sz\u00ednt, v\u00e1ltozatos form\u00e1kat \u00e9s illatokat adhatsz hozz\u00e1 egyedi cserepekkel. A n\u00f6v\u00e9nyeket k\u00f6nnyen \u00e1thelyezheted, hogy mindig a legjobb napf\u00e9nyt kapj\u00e1k.\"\n      }\n    },\n    {\n      \"@type\": \"Question\",\n      \"name\": \"Milyen n\u00f6v\u00e9nyeket \u00fcltess egy cser\u00e9pbe, hogy igaz\u00e1n mutat\u00f3s legyen?\",\n      \"acceptedAnswer\": {\n        \"@type\": \"Answer\",\n        \"text\": \"Ha egy cser\u00e9pbe t\u00f6bbf\u00e9le vir\u00e1got \u00e9s lombos n\u00f6v\u00e9nyt \u00fcltetsz, nagyon l\u00e1tv\u00e1nyos \u00f6ssze\u00e1ll\u00edt\u00e1st kapsz. Ha t\u00f6bbf\u00e9le magass\u00e1g\u00fa \u00e9s n\u00f6veked\u00e9s\u0171 n\u00f6v\u00e9nyt kombin\u00e1lsz, gazdag \u00e9s soksz\u00edn\u0171 l\u00e1tv\u00e1nyt kapsz. \u00cdgy eg\u00e9sz \u00e9vben izgalmas marad az \u00f6ssze\u00e1ll\u00edt\u00e1sod.\"\n      }\n    },\n    {\n      \"@type\": \"Question\",\n      \"name\": \"Mi a legjobb \u00fcltet\u0151k\u00f6zeg cserepes n\u00f6v\u00e9nyekhez?\",\n      \"acceptedAnswer\": {\n        \"@type\": \"Answer\",\n        \"text\": \"A legjobb v\u00e1laszt\u00e1s a f\u00f6ldmentes kever\u00e9k, ami j\u00f3l szell\u0151zik \u00e9s t\u00e1masztja a gy\u00f6kereket. Ez a kever\u00e9k megtartja a megfelel\u0151 nedvess\u00e9get, de a gy\u00f6kerekhez is jut el\u00e9g leveg\u0151. Fontos a rendszeres \u00f6nt\u00f6z\u00e9s \u00e9s t\u00e1poldatoz\u00e1s.\"\n      }\n    },\n    {\n      \"@type\": \"Question\",\n      \"name\": \"Mi\u00e9rt \u00e9rdemes f\u00f6ldmentes kever\u00e9ket haszn\u00e1lni a cserepes kert\u00e9szked\u00e9shez?\",\n      \"acceptedAnswer\": {\n        \"@type\": \"Answer\",\n        \"text\": \"A f\u00f6ldmentes kever\u00e9kek kiv\u00e1l\u00f3an szell\u0151znek \u00e9s elvezetik a felesleges vizet, \u00edgy megel\u0151zik a gy\u00f6k\u00e9rrothad\u00e1st. Ezek a kever\u00e9kek k\u00f6nny\u0171ek, ez\u00e9rt a cserepek k\u00f6nnyebben mozgathat\u00f3k. Ritk\u00e1bban fordulnak el\u0151 benn\u00fck k\u00e1rtev\u0151k vagy betegs\u00e9gek.\"\n      }\n    },\n    {\n      \"@type\": \"Question\",\n      \"name\": \"Mennyire fontosak a v\u00edzelvezet\u0151 lyukak a kerti cserepeken?\",\n      \"acceptedAnswer\": {\n        \"@type\": \"Answer\",\n        \"text\": \"A v\u00edzelvezet\u0151 lyukak nagyon fontosak a cserepes n\u00f6v\u00e9nyek eg\u00e9szs\u00e9ge szempontj\u00e1b\u00f3l. Ezeken kereszt\u00fcl kifolyik a felesleges v\u00edz, \u00edgy megel\u0151zhet\u0151 a t\u00fal\u00f6nt\u00f6z\u00e9s \u00e9s a gy\u00f6k\u00e9rrothad\u00e1s. Ha nincs megfelel\u0151 v\u00edzelvezet\u00e9s, a gy\u00f6kerek el\u00e1znak.\"\n      }\n    },\n    {\n      \"@type\": \"Question\",\n      \"name\": \"Melyiket \u00e9rdemes v\u00e1lasztani: hagyom\u00e1nyos agyagcserepet vagy d\u00edszes cserepet?\",\n      \"acceptedAnswer\": {\n        \"@type\": \"Answer\",\n        \"text\": \"Az agyagcserepek j\u00f3l szell\u0151znek, \u00edgy a gy\u00f6kerekhez is eljut a leveg\u0151. A d\u00edszes cserepek rengetegf\u00e9le st\u00edlusban \u00e9s anyagb\u00f3l kaphat\u00f3k, \u00edgy egyedi megjelen\u00e9st adhatsz a kertednek. Kombin\u00e1ld \u0151ket, hogy praktikum \u00e9s sz\u00e9ps\u00e9g kieg\u00e9sz\u00edtse egym\u00e1st.\"\n      }\n    },\n    {\n      \"@type\": \"Question\",\n      \"name\": \"Milyen k\u00fcl\u00f6nleges tart\u00f3kat haszn\u00e1lhatsz cserepes n\u00f6v\u00e9nyekhez?\",\n      \"acceptedAnswer\": {\n        \"@type\": \"Answer\",\n        \"text\": \"Haszn\u00e1lhatsz horganyzott d\u00e9zs\u00e1kat, r\u00e9gi talicsk\u00e1t vagy fa rekeszeket. Egy r\u00e9gi locsol\u00f3kanna vagy te\u00e1scs\u00e9sze is lehet aranyos vir\u00e1gtart\u00f3. Pr\u00f3b\u00e1ld ki a f\u00fcgg\u0151leges megold\u00e1sokat is, p\u00e9ld\u00e1ul falra r\u00f6gz\u00edthet\u0151 \u00fcltet\u0151ket.\"\n      }\n    },\n    {\n      \"@type\": \"Question\",\n      \"name\": \"Mi\u00e9rt j\u00f3 nagy m\u00e9ret\u0171 urn\u00e1kat haszn\u00e1lni n\u00f6v\u00e9nykompoz\u00edci\u00f3khoz?\",\n      \"acceptedAnswer\": {\n        \"@type\": \"Answer\",\n        \"text\": \"A nagy urn\u00e1k azonnal odavonzz\u00e1k a tekintetet, \u00e9s eleg\u00e1ns hangulatot adnak b\u00e1rmilyen k\u00fclt\u00e9ri helynek. Belsej\u00fck t\u00e1gas, ez\u00e9rt sokf\u00e9le n\u00f6v\u00e9ny f\u00e9r el benn\u00fck. Neh\u00e9z s\u00falyuk miatt kev\u00e9sb\u00e9 borulnak fel sz\u00e9lben.\"\n      }\n    },\n    {\n      \"@type\": \"Question\",\n      \"name\": \"Mik az el\u0151nyei a horganyzott v\u00f6dr\u00f6knek n\u00f6v\u00e9nytart\u00f3k\u00e9nt?\",\n      \"acceptedAnswer\": {\n        \"@type\": \"Answer\",\n        \"text\": \"A horganyzott v\u00f6dr\u00f6k tart\u00f3sak, ellen\u00e1llnak az id\u0151j\u00e1r\u00e1snak, \u00e9s rusztikus hangulatot adnak a kertnek. Ha lyukakat f\u00farsz az aljukra, j\u00f3l vezetik el a felesleges vizet. Vir\u00e1gokat vagy f\u0171szern\u00f6v\u00e9nyeket is \u00fcltethetsz bel\u00e9j\u00fck.\"\n      }\n    },\n    {\n      \"@type\": \"Question\",\n      \"name\": \"Miben seg\u00edthet egy cserepes n\u00f6v\u00e9nytart\u00f3 \u00e1llv\u00e1ny vagy g\u00f6rg\u0151s al\u00e1t\u00e9t?\",\n      \"acceptedAnswer\": {\n        \"@type\": \"Answer\",\n        \"text\": \"Egy n\u00f6v\u00e9ny\u00e1llv\u00e1ny vagy gurul\u00f3s al\u00e1t\u00e9t megk\u00f6nny\u00edti a nagyobb cserepek mozgat\u00e1s\u00e1t. Az \u00e1llv\u00e1nyra emelt cserepek szebben l\u00e1tszanak, \u00e9s k\u00f6nnyebb gondozni is \u0151ket. A v\u00edz k\u00f6nnyebben elfolyik, \u00edgy elker\u00fclhet\u0151 a gy\u00f6k\u00e9rrothad\u00e1s.\"\n      }\n    },\n    {\n      \"@type\": \"Question\",\n      \"name\": \"Hogyan jav\u00edtja a r\u00e9tegez\u00e9s a cserepes n\u00f6v\u00e9nykompoz\u00edci\u00f3kat?\",\n      \"acceptedAnswer\": {\n        \"@type\": \"Answer\",\n        \"text\": \"A r\u00e9tegez\u00e9s m\u00e9lyebbnek \u00e9s l\u00e1tv\u00e1nyosabbnak t\u0171n\u0151 elrendez\u00e9st eredm\u00e9nyez. Magas n\u00f6v\u00e9nyek lesznek a f\u0151szerepl\u0151k, a k\u00f6zepesek \u00e9s fut\u00f3k kit\u00f6ltik az \u00fcres helyeket. Ezzel minden n\u00f6v\u00e9ny el\u00e9g f\u00e9nyt kap \u00e9s eg\u00e9szs\u00e9gesebb lesz.\"\n      }\n    },\n    {\n      \"@type\": \"Question\",\n      \"name\": \"Mi a szerepe a sz\u00ednes vir\u00e1goknak a cserepes n\u00f6v\u00e9nykompoz\u00edci\u00f3kban?\",\n      \"acceptedAnswer\": {\n        \"@type\": \"Answer\",\n        \"text\": \"Az \u00e9l\u00e9nk sz\u00edn\u0171 vir\u00e1gok feldobj\u00e1k az elrendez\u00e9st, mert m\u00e1r messzir\u0151l felkeltik a figyelmet. Ha \u00f6sszev\u00e1logatod a sz\u00edneket, eg\u00e9sz szezonban mozgalmas \u00e9s v\u00e1ltozatos lehet a kompoz\u00edci\u00f3. Ezek a vir\u00e1gok \u00e9rz\u00e9seket keltenek.\"\n      }\n    },\n    {\n      \"@type\": \"Question\",\n      \"name\": \"Mi az a lombd\u00edszes kont\u00e9nerkert, \u00e9s hogyan k\u00e9sz\u00fcl?\",\n      \"acceptedAnswer\": {\n        \"@type\": \"Answer\",\n        \"text\": \"A lombd\u00edszes kont\u00e9nerkertben a levelek sz\u00e9ps\u00e9ge \u00e9s text\u00far\u00e1ja ker\u00fcl el\u0151t\u00e9rbe. V\u00e1lassz k\u00fcl\u00f6nb\u00f6z\u0151 sz\u00edn\u0171 vagy mint\u00e1s level\u0171 n\u00f6v\u00e9nyeket, \u00e9rdekes lev\u00e9lform\u00e1kat, \u00e9s kombin\u00e1ld a text\u00far\u00e1kat. R\u00e9tegezve \u00fcltetve eg\u00e9sz \u00e9vben mutat\u00f3s lesz.\"\n      }\n    },\n    {\n      \"@type\": \"Question\",\n      \"name\": \"Mik azok a h\u0151t\u0171r\u0151 egyny\u00e1ri n\u00f6v\u00e9nyek \u00e9s mire j\u00f3k?\",\n      \"acceptedAnswer\": {\n        \"@type\": \"Answer\",\n        \"text\": \"A h\u0151t\u0171r\u0151 egyny\u00e1ri n\u00f6v\u00e9nyek j\u00f3l b\u00edrj\u00e1k a forr\u00f3s\u00e1got \u00e9s a sz\u00e1razs\u00e1got, \u00edgy akkor is sz\u00e9p vir\u00e1gaik lesznek, amikor m\u00e1s n\u00f6v\u00e9nyek m\u00e1r nehezen viselik a meleget. Vid\u00e1m sz\u00ednekkel \u00e9s folyamatos vir\u00e1gz\u00e1ssal dobj\u00e1k fel a kertedet.\"\n      }\n    },\n    {\n      \"@type\": \"Question\",\n      \"name\": \"Hogyan befoly\u00e1solj\u00e1k az \u00e9vszakok a n\u00f6v\u00e9nyv\u00e1laszt\u00e1st?\",\n      \"acceptedAnswer\": {\n        \"@type\": \"Answer\",\n        \"text\": \"Az \u00e9vszaknak megfelel\u0151 n\u00f6v\u00e9nyek kiv\u00e1laszt\u00e1sa nagyon fontos, mert minden n\u00f6v\u00e9ny m\u00e1skor \u00e9rzi mag\u00e1t a legjobban. Tavasszal \u00e1rny\u00e9kos helyekre \u00e1rny\u00e9kt\u0171r\u0151 n\u00f6v\u00e9nyeket, ny\u00e1ron melegkedvel\u0151eket \u00fcltess. \u00cdgy a kerted eg\u00e9sz \u00e9vben vonz\u00f3 lesz.\"\n      }\n    },\n    {\n      \"@type\": \"Question\",\n      \"name\": \"Melyek a legjobb \u00e9vszakos vir\u00e1gok cserepekbe?\",\n      \"acceptedAnswer\": {\n        \"@type\": \"Answer\",\n        \"text\": \"Tavasszal \u00e1rny\u00e9kt\u0171r\u0151 \u00e1rv\u00edz, tulip\u00e1n, oroszl\u00e1nsz\u00e1j, ny\u00e1ron melegkedvel\u0151 egyny\u00e1riak, \u0151sszel krizant\u00e9m, d\u00edszkel, t\u00e9len \u00f6r\u00f6kz\u00f6ldek a legjobbak. \u00cdgy cser\u00e9pkertjeid minden \u00e9vszakban \u00fcd\u00e9k \u00e9s l\u00e1tv\u00e1nyosak maradnak.\"\n      }\n    },\n    {\n      \"@type\": \"Question\",\n      \"name\": \"Hogyan teheted \u0151szi hangulat\u00fav\u00e1 a cserepes n\u00f6v\u00e9nyeket a kertben?\",\n      \"acceptedAnswer\": {\n        \"@type\": \"Answer\",\n        \"text\": \"Az \u0151szi cserepes n\u00f6v\u00e9nyekkel behozhatod a szezon \u00e9l\u00e9nk sz\u00edneit \u00e9s text\u00far\u00e1it. Krizant\u00e9m, d\u00edszk\u00e1poszta \u00e9s \u00e1rvi\u00e1cska ilyenkor igaz\u00e1n sz\u00ednes \u00e9s vid\u00e1m l\u00e1tv\u00e1nyt ny\u00fajtanak. Term\u00e9szetes elemekkel m\u00e9g bar\u00e1ts\u00e1gosabb\u00e1 v\u00e1lik a kert.\"\n      }\n    },\n    {\n      \"@type\": \"Question\",\n      \"name\": \"Milyen \u00f6tletek vannak teraszra vagy erk\u00e9lyre cserepes n\u00f6v\u00e9nyekhez?\",\n      \"acceptedAnswer\": {\n        \"@type\": \"Answer\",\n        \"text\": \"A vertik\u00e1lis kert\u00e9szked\u00e9s, p\u00e9ld\u00e1ul falra szerelhet\u0151 kasp\u00f3k vagy l\u00e9pcs\u0151zetes \u00e1llv\u00e1nyok, j\u00f3 m\u00f3dja, hogy kis helyen is sok n\u00f6v\u00e9ny elf\u00e9rjen. Ha egyny\u00e1riakat \u00e9s \u00e9vel\u0151ket vegy\u00edtesz, eg\u00e9sz \u00e9vben sz\u00ednes marad az \u00f6sszhat\u00e1s.\"\n      }\n    },\n    {\n      \"@type\": \"Question\",\n      \"name\": \"Hogyan lehet hat\u00e9konyan kialak\u00edtani priv\u00e1t z\u00f3n\u00e1t n\u00f6v\u00e9nyekkel a szabadban?\",\n      \"acceptedAnswer\": {\n        \"@type\": \"Answer\",\n        \"text\": \"D\u00fas \u00e9s magas n\u00f6v\u00e9nyekkel kialak\u00edtott sarkok eltakarj\u00e1k a k\u00edv\u00e1ncsi szemek el\u0151l a pihen\u0151helyet. Ha k\u00fcl\u00f6nf\u00e9le magass\u00e1g\u00fa n\u00f6v\u00e9nyeket r\u00e9tegezel, takar\u00e1s mellett sz\u00e9p l\u00e1tv\u00e1ny is lesz a v\u00e9geredm\u00e9ny. K\u00fasz\u00f3n\u00f6v\u00e9nyeket futtathatsz r\u00e1csokra.\"\n      }\n    },\n    {\n      \"@type\": \"Question\",\n      \"name\": \"Hogyan teheted rusztikus kerti cserepekkel hangulatosabb\u00e1 a teret?\",\n      \"acceptedAnswer\": {\n        \"@type\": \"Answer\",\n        \"text\": \"A rusztikus kerti cserepek term\u00e9szetes, meghitt hangulatot teremtenek a kertben. Fa l\u00e1d\u00e1kb\u00f3l, horganyzott v\u00f6dr\u00f6kb\u0151l vagy terrakotta kasp\u00f3kb\u00f3l k\u00e9sz\u00fclhetnek. Ezek a t\u00e1rgyak k\u00fcl\u00f6nleges b\u00e1jt k\u00f6lcs\u00f6n\u00f6znek.\"\n      }\n    },\n    {\n      \"@type\": \"Question\",\n      \"name\": \"Hogyan lesz a n\u00f6v\u00e9nykompoz\u00edci\u00f3kb\u00f3l igazi l\u00e1tv\u00e1nyoss\u00e1g vignett\u00e1kkal?\",\n      \"acceptedAnswer\": {\n        \"@type\": \"Answer\",\n        \"text\": \"A vignett\u00e1k lehet\u0151v\u00e9 teszik, hogy a cserepes n\u00f6v\u00e9nyekb\u0151l t\u00f6rt\u00e9netet elmes\u00e9l\u0151 elrendez\u00e9sek k\u00e9sz\u00fcljenek. Ha egym\u00e1s mell\u00e9 helyezel \u00f6sszeill\u0151 n\u00f6v\u00e9nyeket \u00e9s d\u00edszeket, egys\u00e9ges lesz az \u00f6sszk\u00e9p. A vignett\u00e1k apr\u00f3 r\u00e9szletekkel emelik ki a kert hangulat\u00e1t.\"\n      }\n    },\n    {\n      \"@type\": \"Question\",\n      \"name\": \"Milyen el\u0151nyei vannak a cserepek csoportos elrendez\u00e9s\u00e9nek?\",\n      \"acceptedAnswer\": {\n        \"@type\": \"Answer\",\n        \"text\": \"A csoportosan elhelyezett n\u00f6v\u00e9nyek seg\u00edtenek bent tartani a talaj nedvess\u00e9g\u00e9t. Egyszerre tudod \u0151ket \u00f6nt\u00f6zni \u00e9s t\u00e1poldatozni, \u00edgy gyorsabb \u00e9s k\u00e9nyelmesebb a gondoz\u00e1s. Hangulatosabb \u00e9s rendezettebb lesz a kert.\"\n      }\n    },\n    {\n      \"@type\": \"Question\",\n      \"name\": \"Hogyan k\u00e9sz\u00edthetsz saj\u00e1t k\u00e9sz\u00edt\u00e9s\u0171 k\u00fclt\u00e9ri cserepeket?\",\n      \"acceptedAnswer\": {\n        \"@type\": \"Answer\",\n        \"text\": \"Saj\u00e1t k\u00fclt\u00e9ri cserepeket k\u00e9sz\u00edteni kreat\u00edv \u00e9s sz\u00f3rakoztat\u00f3 elfoglalts\u00e1g. V\u00e1lassz anyagokat, p\u00e9ld\u00e1ul fa raklapokat vagy r\u00e9gi l\u00e1d\u00e1kat, f\u00farj v\u00edzelvezet\u0151 lyukakat az aljukra, \u00e9s d\u00edsz\u00edtsd \u0151ket. T\u00f6ltsd fel j\u00f3 min\u0151s\u00e9g\u0171 vir\u00e1gf\u00f6lddel, \u00e9s v\u00e1lassz helyi kl\u00edm\u00e1hoz ill\u0151 n\u00f6v\u00e9nyeket.\"\n      }\n    }\n  ]\n}\n<\/script>\n<script type=\"application\/ld+json\">\n{\n  \"@context\": \"https:\/\/schema.org\",\n  \"@type\": \"HowTo\",\n  \"name\": \"Kreat\u00edv cserepes n\u00f6v\u00e9nyelrendez\u00e9sek k\u00fclt\u00e9rre\",\n  \"description\": \"Ismerd meg, hogyan alak\u00edthatod \u00e1t verand\u00e1d, teraszod vagy erk\u00e9lyed kreat\u00edv cserepes n\u00f6v\u00e9nyelrendez\u00e9sekkel, hogy igaz\u00e1n l\u00e1tv\u00e1nyos, hangulatos k\u00fclt\u00e9ri teret hozz l\u00e9tre.\",\n  \"image\": \"https:\/\/doubletakedecor.com\/uploads\/2025\/09\/potted-plant-arrangement-ideas-dtd-01.jpg\",\n  \"totalTime\": \"PT1H\",\n  \"supply\": [\n    {\n      \"@type\": \"HowToSupply\",\n      \"name\": \"Cserepek (terrakotta, ker\u00e1mia, fonott kos\u00e1r, horganyzott v\u00f6d\u00f6r stb.)\"\n    },\n    {\n      \"@type\": \"HowToSupply\",\n      \"name\": \"\u00dcltet\u0151k\u00f6zeg (f\u00f6ldmentes kever\u00e9k, perlit, vermikulit, t\u0151zegmoha)\"\n    },\n    {\n      \"@type\": \"HowToSupply\",\n      \"name\": \"V\u00e1lasztott n\u00f6v\u00e9nyek (vir\u00e1gok, d\u00edszf\u0171, lombd\u00edsz, fut\u00f3n\u00f6v\u00e9nyek, egyny\u00e1riak, \u00e9vel\u0151k)\"\n    },\n    {\n      \"@type\": \"HowToSupply\",\n      \"name\": \"Kavics vagy v\u00edzelvezet\u0151 r\u00e9teg\"\n    },\n    {\n      \"@type\": \"HowToSupply\",\n      \"name\": \"V\u00edz\u00f6nt\u00f6z\u0151 kanna\"\n    },\n    {\n      \"@type\": \"HowToSupply\",\n      \"name\": \"D\u00edszek (mad\u00e1rod\u00fa, kerti dekor\u00e1ci\u00f3, vintage t\u00e1rgyak)\"\n    }\n  ],\n  \"tool\": [\n    {\n      \"@type\": \"HowToTool\",\n      \"name\": \"\u00dcltet\u0151 lap\u00e1t\"\n    },\n    {\n      \"@type\": \"HowToTool\",\n      \"name\": \"K\u00e9zi gereblye\"\n    },\n    {\n      \"@type\": \"HowToTool\",\n      \"name\": \"K\u00e9zi f\u00far\u00f3 (lyukak k\u00e9sz\u00edt\u00e9s\u00e9hez, ha sz\u00fcks\u00e9ges)\"\n    }\n  ],\n  \"step\": [\n    {\n      \"@type\": \"HowToStep\",\n      \"name\": \"V\u00e1laszd ki a tart\u00f3kat \u00e9s a helysz\u00ednt\",\n      \"text\": \"Hat\u00e1rozd meg, hol szeretn\u00e9d a n\u00f6v\u00e9nykompoz\u00edci\u00f3kat (terasz, veranda, erk\u00e9ly vagy kert). V\u00e1lassz k\u00fcl\u00f6nb\u00f6z\u0151 m\u00e9ret\u0171, anyag\u00fa \u00e9s st\u00edlus\u00fa cserepeket, hogy izgalmasabb legyen az \u00f6sszk\u00e9p. Gondolj rusztikus, antik vagy modern tart\u00f3kra is.\"\n    },\n    {\n      \"@type\": \"HowToStep\",\n      \"name\": \"Biztos\u00edts j\u00f3 v\u00edzelvezet\u00e9st\",\n      \"text\": \"Ellen\u0151rizd, hogy minden cser\u00e9p alj\u00e1n van-e v\u00edzelvezet\u0151 lyuk. Ha nincs, f\u00farj r\u00e1 lyukat vagy tegy\u00e9l az alj\u00e1ra kavicsr\u00e9teget. \u00cdgy a felesleges v\u00edz el tud folyni, \u00e9s elker\u00fcl\u00f6d a gy\u00f6k\u00e9rrothad\u00e1st.\"\n    },\n    {\n      \"@type\": \"HowToStep\",\n      \"name\": \"T\u00f6ltsd fel a cserepeket \u00fcltet\u0151k\u00f6zeggel\",\n      \"text\": \"Haszn\u00e1lj laza, f\u00f6ldmentes \u00fcltet\u0151kever\u00e9ket, mint t\u0151zegmoha, perlit \u00e9s vermikulit. Ez biztos\u00edtja a megfelel\u0151 szell\u0151z\u00e9st \u00e9s nedvess\u00e9gtart\u00e1st a n\u00f6v\u00e9nyeknek.\"\n    },\n    {\n      \"@type\": \"HowToStep\",\n      \"name\": \"V\u00e1laszd ki \u00e9s helyezd el a n\u00f6v\u00e9nyeket\",\n      \"text\": \"Kombin\u00e1lj k\u00fcl\u00f6nb\u00f6z\u0151 magass\u00e1g\u00fa, sz\u00edn\u0171 \u00e9s text\u00far\u00e1j\u00fa n\u00f6v\u00e9nyeket. A magasabbakat k\u00f6z\u00e9pre vagy h\u00e1tra, leoml\u00f3kat a cser\u00e9p sz\u00e9l\u00e9re \u00fcltesd. V\u00e1lassz \u00e9vszakhoz ill\u0151 n\u00f6v\u00e9nyeket, p\u00e9ld\u00e1ul h\u0151t\u0171r\u0151 egyny\u00e1riakat ny\u00e1ron, krizant\u00e9mokat \u0151sszel.\"\n    },\n    {\n      \"@type\": \"HowToStep\",\n      \"name\": \"\u00dcltesd el a n\u00f6v\u00e9nyeket\",\n      \"text\": \"\u00d3vatosan helyezd el a n\u00f6v\u00e9nyeket a cserepekben. Figyelj r\u00e1, hogy ne legyenek t\u00fal zs\u00fafoltak, \u00edgy mindegyik el\u00e9g f\u00e9nyt kap \u00e9s eg\u00e9szs\u00e9gesen fejl\u0151dik.\"\n    },\n    {\n      \"@type\": \"HowToStep\",\n      \"name\": \"\u00d6nt\u00f6zz \u00e9s gondozd a kompoz\u00edci\u00f3kat\",\n      \"text\": \"\u00d6nt\u00f6zd meg a n\u00f6v\u00e9nyeket, de \u00fcgyelj a megfelel\u0151 v\u00edzelvezet\u00e9sre. Rendszeresen ellen\u0151rizd a talaj nedvess\u00e9g\u00e9t, \u00e9s sz\u00fcks\u00e9g szerint t\u00e1poldatozd is a n\u00f6v\u00e9nyeket.\"\n    },\n    {\n      \"@type\": \"HowToStep\",\n      \"name\": \"Dekor\u00e1ld \u00e9s helyezd el a kompoz\u00edci\u00f3kat\",\n      \"text\": \"Helyezd el a cserepes n\u00f6v\u00e9nyeket \u00fcl\u0151helyek, bej\u00e1ratok vagy falak k\u00f6zel\u00e9ben, hogy kiemeld a l\u00e1tv\u00e1nyt. Kieg\u00e9sz\u00edtheted dekor\u00e1ci\u00f3val, p\u00e9ld\u00e1ul mad\u00e1rod\u00faval vagy vintage t\u00e1rgyakkal a m\u00e9g hangulatosabb \u00f6sszhat\u00e1s\u00e9rt.\"\n    }\n  ]\n}\n<\/script>","_links":{"self":[{"href":"https:\/\/doubletakedecor.com\/hu\/wp-json\/wp\/v2\/posts\/8292","targetHints":{"allow":["GET"]}}],"collection":[{"href":"https:\/\/doubletakedecor.com\/hu\/wp-json\/wp\/v2\/posts"}],"about":[{"href":"https:\/\/doubletakedecor.com\/hu\/wp-json\/wp\/v2\/types\/post"}],"author":[{"embeddable":true,"href":"https:\/\/doubletakedecor.com\/hu\/wp-json\/wp\/v2\/users\/12"}],"replies":[{"embeddable":true,"href":"https:\/\/doubletakedecor.com\/hu\/wp-json\/wp\/v2\/comments?post=8292"}],"version-history":[{"count":1,"href":"https:\/\/doubletakedecor.com\/hu\/wp-json\/wp\/v2\/posts\/8292\/revisions"}],"predecessor-version":[{"id":8293,"href":"https:\/\/doubletakedecor.com\/hu\/wp-json\/wp\/v2\/posts\/8292\/revisions\/8293"}],"wp:featuredmedia":[{"embeddable":true,"href":"https:\/\/doubletakedecor.com\/hu\/wp-json\/wp\/v2\/media\/8001"}],"wp:attachment":[{"href":"https:\/\/doubletakedecor.com\/hu\/wp-json\/wp\/v2\/media?parent=8292"}],"wp:term":[{"taxonomy":"category","embeddable":true,"href":"https:\/\/doubletakedecor.com\/hu\/wp-json\/wp\/v2\/categories?post=8292"},{"taxonomy":"post_tag","embeddable":true,"href":"https:\/\/doubletakedecor.com\/hu\/wp-json\/wp\/v2\/tags?post=8292"}],"curies":[{"name":"wp","href":"https:\/\/api.w.org\/{rel}","templated":true}]}}