{"id":8294,"date":"2025-09-13T16:35:14","date_gmt":"2025-09-13T14:35:14","guid":{"rendered":"https:\/\/doubletakedecor.com\/kulteri-dekoraciok\/terasz-fali-dekoracio-otletek\/"},"modified":"2025-09-13T18:06:29","modified_gmt":"2025-09-13T16:06:29","slug":"terasz-fali-dekoracio-otletek","status":"publish","type":"post","link":"https:\/\/doubletakedecor.com\/hu\/kulteri-dekoraciok\/terasz-fali-dekoracio-otletek\/","title":{"rendered":"Kreat\u00edv \u00e9s st\u00edlusos veranda fald\u00edsz \u00f6tletek"},"content":{"rendered":"<p>A torn\u00e1codat sokkal k\u00f6nnyebben \u00e1talak\u00edthatod bar\u00e1ts\u00e1gos, h\u00edvogat\u00f3 t\u00e9rr\u00e9, mint gondoln\u00e1d \u2013 f\u0151leg, ha j\u00f3l v\u00e1lasztod meg a faldekor\u00e1ci\u00f3kat. Ak\u00e1r rusztikus fa t\u00e1bl\u00e1k, ak\u00e1r id\u0151j\u00e1r\u00e1s\u00e1ll\u00f3 f\u00e9m dekorok mellett d\u00f6ntesz, szinte v\u00e9gtelen a lehet\u0151s\u00e9g arra, hogy a szabadt\u00e9ri r\u00e9szt teljesen a saj\u00e1t \u00edzl\u00e9sedre alak\u00edtsd. A tudatos v\u00e1logat\u00e1s nemcsak a h\u00e1zad k\u00fclsej\u00e9t teszi mutat\u00f3sabb\u00e1, de csal\u00e1dtagjaidat \u00e9s vend\u00e9geidet is sz\u00edvesen fogadja majd.<\/p>\n<p>Olyan elemeket v\u00e1lassz, amelyek t\u00fckr\u00f6zik a st\u00edlusodat, \u00e9s j\u00f3l b\u00edrj\u00e1k az id\u0151j\u00e1r\u00e1s viszontags\u00e1gait. Az id\u0151j\u00e1r\u00e1s\u00e1ll\u00f3 anyagok, mint a kezelt fa, a massz\u00edv f\u00e9m vagy a k\u00fclt\u00e9ri sz\u00f6vetek gondoskodnak r\u00f3la, hogy a dekor\u00e1ci\u00f3 szezonr\u00f3l szezonra sz\u00e9p maradjon. Kombin\u00e1ld b\u00e1tran az anyagokat \u00e9s fel\u00fcleteket: p\u00e9ld\u00e1ul tehetsz a falra fa polcokat f\u00e9m fali d\u00edszekkel, vagy t\u00fckr\u00f6ket, hogy nagyobbnak t\u0171nj\u00f6n a helyed \u2013 \u00edgy lesz izgalmas \u00e9s sokoldal\u00fa a l\u00e1tv\u00e1ny.<\/p>\n<p>Ne felejtsd el, milyen sokat sz\u00e1m\u00edt a z\u00f6ld n\u00f6v\u00e9ny a faldekor\u00e1ci\u00f3ban! A f\u00fcgg\u0151leges kertek vagy a falra r\u00f6gz\u00edthet\u0151 kasp\u00f3k k\u00f6zelebb hozz\u00e1k a term\u00e9szetet, r\u00e1ad\u00e1sul helytakar\u00e9kosak is. Ha harmonikus \u00f6sszhat\u00e1st szeretn\u00e9l, v\u00e1logass olyan sz\u00edneket, amelyek illenek a h\u00e1zad k\u00fclsej\u00e9hez, \u00e9s sz\u00e9pen \u00f6sszek\u00f6tik a kinti \u00e9s benti tereket.<\/p>\n<p>Legyen sz\u00f3 vid\u00e9kies hangulat\u00fa, minim\u00e1l eleg\u00e1ns vagy vag\u00e1ny, modern megjelen\u00e9sr\u0151l, j\u00f3l megv\u00e1lasztott torn\u00e1cdekor\u00e1ci\u00f3val igaz\u00e1n otthonoss\u00e1 \u00e9s szem\u00e9lyess\u00e9 var\u00e1zsolhatod a bej\u00e1rati r\u00e9szt \u2013 \u00edgy minden nap j\u00f3 \u00e9rz\u00e9s lesz hazat\u00e9rni.<\/p>\n<div class=\"kt_block\" id=\"kt_id\">\n<span class=\"kt_headline\">Legfontosabb tudnival\u00f3k<\/span><\/p>\n<ul class=\"kt_post_list\">\n<li><strong>\ud83c\udfe1 Torn\u00e1c szem\u00e9lyre szab\u00e1sa:<\/strong> Alak\u00edtsd \u00e1t torn\u00e1codat igaz\u00e1n h\u00edvogat\u00f3v\u00e1 \u2013 haszn\u00e1lj rusztikus feliratokat, id\u0151j\u00e1r\u00e1s\u00e1ll\u00f3 f\u00e9md\u00edszeket vagy egy\u00e9b dekor\u00e1ci\u00f3kat, amik t\u00fckr\u00f6zik a st\u00edlusod, \u00e9s j\u00f3l b\u00edrj\u00e1k a szabadban.<\/li>\n<li><strong>\ud83c\udf3f N\u00f6v\u00e9nyek be\u00e9p\u00edt\u00e9se:<\/strong> V\u00e1lassz f\u00fcgg\u0151leges kerteket vagy falra szerelhet\u0151 kasp\u00f3kat, hogy t\u00f6bb term\u00e9szetet hozz a teraszra, a kis helyet jobban kihaszn\u00e1ld, \u00e9s sz\u00e9pen \u00f6sszek\u00f6sd a kinti-benti \u00e9lettereket.<\/li>\n<li><strong>\ud83c\udfa8 Anyagok \u00e9s text\u00far\u00e1k kever\u00e9se:<\/strong> Dobd fel a l\u00e1tv\u00e1nyt \u00fagy, hogy p\u00e9ld\u00e1ul f\u00e1val kombin\u00e1lt f\u00e9m fali dekorokat helyezel ki, t\u00fckr\u00f6ket teszel fel a t\u00e9rn\u00f6vel\u00e9shez, illetve haszn\u00e1lsz kezelt f\u00e1t \u00e9s k\u00fclt\u00e9ri sz\u00f6veteket, amelyek ellen\u00e1llnak az id\u0151j\u00e1r\u00e1snak.<\/li>\n<li><strong>\ud83d\udd6f\ufe0f Hangulatf\u00e9nyek \u00e9s sz\u00ednek:<\/strong> Meleg f\u00e9nyekkel \u00e9s j\u00f3l megv\u00e1lasztott sz\u00ednekkel bar\u00e1ts\u00e1goss\u00e1 teheted a torn\u00e1cot, \u00f6sszhangba hozhatod a h\u00e1zad k\u00fclsej\u00e9vel, \u00e9s val\u00f3di kikapcsol\u00f3d\u00f3 helyet teremthetsz magadnak kint is.<\/li>\n<\/ul>\n<\/div>\n<h2>\u0150szi Rusztikus Torn\u00e1c Bel\u00e9p\u0151<\/h2>\n<p><img loading=\"lazy\" decoding=\"async\" width=\"700\" height=\"1050\" alt=\"Hangulatos k\u00fclt\u00e9ri bej\u00e1rat t\u00e9gla fallal, \u0151szi koszor\u00faval, t\u00fcrkiz pad puha p\u00e1rn\u00e1kkal, valamint feh\u00e9r t\u00f6k\u00f6kkel \u00e9s n\u00f6v\u00e9nyekkel d\u00edsz\u00edtve.\" class=\"aligncenter size-full wp-image-8006\" src=\"https:\/\/doubletakedecor.com\/uploads\/2025\/09\/porch-wall-decor-ideas-dtd-01.jpg\" srcset=\"https:\/\/doubletakedecor.com\/uploads\/2025\/09\/porch-wall-decor-ideas-dtd-01.jpg 700w, https:\/\/doubletakedecor.com\/uploads\/2025\/09\/porch-wall-decor-ideas-dtd-01-200x300.jpg 200w, https:\/\/doubletakedecor.com\/uploads\/2025\/09\/porch-wall-decor-ideas-dtd-01-683x1024.jpg 683w, https:\/\/doubletakedecor.com\/uploads\/2025\/09\/porch-wall-decor-ideas-dtd-01-96x144.jpg 96w, https:\/\/doubletakedecor.com\/uploads\/2025\/09\/porch-wall-decor-ideas-dtd-01-280x420.jpg 280w, https:\/\/doubletakedecor.com\/uploads\/2025\/09\/porch-wall-decor-ideas-dtd-01-320x480.jpg 320w, https:\/\/doubletakedecor.com\/uploads\/2025\/09\/porch-wall-decor-ideas-dtd-01-360x540.jpg 360w, https:\/\/doubletakedecor.com\/uploads\/2025\/09\/porch-wall-decor-ideas-dtd-01-363x545.jpg 363w, https:\/\/doubletakedecor.com\/uploads\/2025\/09\/porch-wall-decor-ideas-dtd-01-370x555.jpg 370w, https:\/\/doubletakedecor.com\/uploads\/2025\/09\/porch-wall-decor-ideas-dtd-01-400x600.jpg 400w, https:\/\/doubletakedecor.com\/uploads\/2025\/09\/porch-wall-decor-ideas-dtd-01-560x840.jpg 560w, https:\/\/doubletakedecor.com\/uploads\/2025\/09\/porch-wall-decor-ideas-dtd-01-480x720.jpg 480w\" sizes=\"auto, (max-width: 700px) 100vw, 700px\" \/><\/p>\n<p>Tedd bar\u00e1ts\u00e1goss\u00e1 a bej\u00e1ratodat term\u00e9szetes anyagokkal \u00e9s \u00e9l\u00e9nk sz\u00ednfoltokkal! Akassz egy sz\u00e1r\u00edtott falev\u00e9l koszor\u00fat a t\u00e9gla falra, hogy meleg kontrasztot adj. Helyezz el egy festett padot vegyes mint\u00e1j\u00fa p\u00e1rn\u00e1kkal, hogy k\u00e9nyelmes legyen. Tegy\u00e9l ki t\u00f6bb szintben rakott l\u00e1d\u00e1kat cserepes n\u00f6v\u00e9nyekkel, valamint feh\u00e9r t\u00f6k\u00f6kkel \u2013 \u00edgy lesz az \u00f6sszhat\u00e1s igaz\u00e1n \u0151szi \u00e9s meghitt.<\/p>\n<h2>\u00c9l\u00e9nk Boh\u00e9m Torn\u00e1c<\/h2>\n<p><img loading=\"lazy\" decoding=\"async\" width=\"700\" height=\"1050\" alt=\"Hangulatos torn\u00e1c fonott sz\u00e9kekkel, k\u00e9k p\u00e1rn\u00e1kkal, f\u00fcgg\u0151 \u00fcveg kasp\u00f3kkal \u00e9s mint\u00e1s sz\u0151nyeggel, ami pihen\u0151sarkot teremt.\" class=\"aligncenter size-full wp-image-8012\" src=\"https:\/\/doubletakedecor.com\/uploads\/2025\/09\/porch-wall-decor-ideas-dtd-02.jpg\" srcset=\"https:\/\/doubletakedecor.com\/uploads\/2025\/09\/porch-wall-decor-ideas-dtd-02.jpg 700w, https:\/\/doubletakedecor.com\/uploads\/2025\/09\/porch-wall-decor-ideas-dtd-02-200x300.jpg 200w, https:\/\/doubletakedecor.com\/uploads\/2025\/09\/porch-wall-decor-ideas-dtd-02-683x1024.jpg 683w, https:\/\/doubletakedecor.com\/uploads\/2025\/09\/porch-wall-decor-ideas-dtd-02-96x144.jpg 96w, https:\/\/doubletakedecor.com\/uploads\/2025\/09\/porch-wall-decor-ideas-dtd-02-280x420.jpg 280w, https:\/\/doubletakedecor.com\/uploads\/2025\/09\/porch-wall-decor-ideas-dtd-02-320x480.jpg 320w, https:\/\/doubletakedecor.com\/uploads\/2025\/09\/porch-wall-decor-ideas-dtd-02-360x540.jpg 360w, https:\/\/doubletakedecor.com\/uploads\/2025\/09\/porch-wall-decor-ideas-dtd-02-363x545.jpg 363w, https:\/\/doubletakedecor.com\/uploads\/2025\/09\/porch-wall-decor-ideas-dtd-02-370x555.jpg 370w, https:\/\/doubletakedecor.com\/uploads\/2025\/09\/porch-wall-decor-ideas-dtd-02-400x600.jpg 400w, https:\/\/doubletakedecor.com\/uploads\/2025\/09\/porch-wall-decor-ideas-dtd-02-560x840.jpg 560w, https:\/\/doubletakedecor.com\/uploads\/2025\/09\/porch-wall-decor-ideas-dtd-02-480x720.jpg 480w\" sizes=\"auto, (max-width: 700px) 100vw, 700px\" \/><\/p>\n<p>Alak\u00edts ki boh\u00e9m hangulat\u00fa pihen\u0151sarkot a torn\u00e1con! Kombin\u00e1ld a sz\u00ednes, l\u00f3g\u00f3 kasp\u00f3kat k\u00e9k \u00e1rnyalat\u00fa p\u00e1rn\u00e1kkal. Tegy\u00e9l le egy mint\u00e1s sz\u0151nyeget, hogy kijel\u00f6ld a pihen\u0151helyet \u00e9s feldobd a l\u00e1tv\u00e1nyt. Esti hangulathoz v\u00e1lassz d\u00edszes l\u00e1mp\u00e1st, ami nem csak dekorat\u00edv, de f\u00e9nyt is ad. Rakj ki k\u00fcl\u00f6nb\u00f6z\u0151 magass\u00e1g\u00fa cserepes n\u00f6v\u00e9nyeket, \u00edgy lesz igaz\u00e1n v\u00e1ltozatos a t\u00e9r.<\/p>\n<h2>Geometrikus M\u0171v\u00e9szet a Teraszon<\/h2>\n<p><img loading=\"lazy\" decoding=\"async\" width=\"700\" height=\"1050\" alt=\"Sz\u00ednes geometrikus fali k\u00e9p t\u00fcrkiz \u00e9s s\u00e1rga \u00e1rnyalatban: k\u00f6z\u00e9ppontban egy modern terasz, \u00e9g\u0151sorral \u00e9s s\u00e1rga sz\u00e9kkel.\" class=\"aligncenter size-full wp-image-8018\" src=\"https:\/\/doubletakedecor.com\/uploads\/2025\/09\/porch-wall-decor-ideas-dtd-03.jpg\" srcset=\"https:\/\/doubletakedecor.com\/uploads\/2025\/09\/porch-wall-decor-ideas-dtd-03.jpg 700w, https:\/\/doubletakedecor.com\/uploads\/2025\/09\/porch-wall-decor-ideas-dtd-03-200x300.jpg 200w, https:\/\/doubletakedecor.com\/uploads\/2025\/09\/porch-wall-decor-ideas-dtd-03-683x1024.jpg 683w, https:\/\/doubletakedecor.com\/uploads\/2025\/09\/porch-wall-decor-ideas-dtd-03-96x144.jpg 96w, https:\/\/doubletakedecor.com\/uploads\/2025\/09\/porch-wall-decor-ideas-dtd-03-280x420.jpg 280w, https:\/\/doubletakedecor.com\/uploads\/2025\/09\/porch-wall-decor-ideas-dtd-03-320x480.jpg 320w, https:\/\/doubletakedecor.com\/uploads\/2025\/09\/porch-wall-decor-ideas-dtd-03-360x540.jpg 360w, https:\/\/doubletakedecor.com\/uploads\/2025\/09\/porch-wall-decor-ideas-dtd-03-363x545.jpg 363w, https:\/\/doubletakedecor.com\/uploads\/2025\/09\/porch-wall-decor-ideas-dtd-03-370x555.jpg 370w, https:\/\/doubletakedecor.com\/uploads\/2025\/09\/porch-wall-decor-ideas-dtd-03-400x600.jpg 400w, https:\/\/doubletakedecor.com\/uploads\/2025\/09\/porch-wall-decor-ideas-dtd-03-560x840.jpg 560w, https:\/\/doubletakedecor.com\/uploads\/2025\/09\/porch-wall-decor-ideas-dtd-03-480x720.jpg 480w\" sizes=\"auto, (max-width: 700px) 100vw, 700px\" \/><\/p>\n<p>L\u00e9gy mer\u00e9sz: v\u00e1lassz egy nagy, geometriai mint\u00e1s, term\u00e9szetes fa keretes k\u00e9pet a terasz fal\u00e1ra, ami azonnal odavonzza minden tekintetet. A l\u00e1tv\u00e1nyt a b\u00fatorok sz\u00edneivel is \u00f6sszhangba hozhatod, igazodva a k\u00e9pen l\u00e9v\u0151 mot\u00edvumokhoz. F\u0171z\u00e9rl\u00e1mp\u00e1kkal est\u00e9re is kellemes, bar\u00e1ts\u00e1gos hangulatot teremthetsz. \u00cdgy egy egyszer\u0171 falb\u00f3l igazi gal\u00e9ria-hat\u00e1st var\u00e1zsolhatsz a szabadban is.<\/p>\n<h2><\/h2>\n<p><img loading=\"lazy\" decoding=\"async\" width=\"700\" height=\"1049\" alt=\"None\" class=\"aligncenter size-full wp-image-8024\" src=\"https:\/\/doubletakedecor.com\/uploads\/2025\/09\/porch-wall-decor-ideas-dtd-04.jpg\" srcset=\"https:\/\/doubletakedecor.com\/uploads\/2025\/09\/porch-wall-decor-ideas-dtd-04.jpg 700w, https:\/\/doubletakedecor.com\/uploads\/2025\/09\/porch-wall-decor-ideas-dtd-04-200x300.jpg 200w, https:\/\/doubletakedecor.com\/uploads\/2025\/09\/porch-wall-decor-ideas-dtd-04-683x1024.jpg 683w, https:\/\/doubletakedecor.com\/uploads\/2025\/09\/porch-wall-decor-ideas-dtd-04-96x144.jpg 96w, https:\/\/doubletakedecor.com\/uploads\/2025\/09\/porch-wall-decor-ideas-dtd-04-280x420.jpg 280w, https:\/\/doubletakedecor.com\/uploads\/2025\/09\/porch-wall-decor-ideas-dtd-04-320x480.jpg 320w, https:\/\/doubletakedecor.com\/uploads\/2025\/09\/porch-wall-decor-ideas-dtd-04-360x539.jpg 360w, https:\/\/doubletakedecor.com\/uploads\/2025\/09\/porch-wall-decor-ideas-dtd-04-363x544.jpg 363w, https:\/\/doubletakedecor.com\/uploads\/2025\/09\/porch-wall-decor-ideas-dtd-04-370x554.jpg 370w, https:\/\/doubletakedecor.com\/uploads\/2025\/09\/porch-wall-decor-ideas-dtd-04-400x599.jpg 400w, https:\/\/doubletakedecor.com\/uploads\/2025\/09\/porch-wall-decor-ideas-dtd-04-560x839.jpg 560w, https:\/\/doubletakedecor.com\/uploads\/2025\/09\/porch-wall-decor-ideas-dtd-04-480x719.jpg 480w\" sizes=\"auto, (max-width: 700px) 100vw, 700px\" \/><\/p>\n<h2>\u0150szi St\u00edlus\u00fa Torn\u00e1cpad<\/h2>\n<p><img loading=\"lazy\" decoding=\"async\" width=\"700\" height=\"1050\" alt=\"Hangulatos torn\u00e1c feh\u00e9r paddal, t\u00f6k\u00f6kkel a r\u00e9gi l\u00e1d\u00e1n, fekete zsalug\u00e1terekkel \u00e9s \u0151szi koszor\u00faval: igazi otthonos \u0151szi hangulat.\" class=\"aligncenter size-full wp-image-8030\" src=\"https:\/\/doubletakedecor.com\/uploads\/2025\/09\/porch-wall-decor-ideas-dtd-05.jpg\" srcset=\"https:\/\/doubletakedecor.com\/uploads\/2025\/09\/porch-wall-decor-ideas-dtd-05.jpg 700w, https:\/\/doubletakedecor.com\/uploads\/2025\/09\/porch-wall-decor-ideas-dtd-05-200x300.jpg 200w, https:\/\/doubletakedecor.com\/uploads\/2025\/09\/porch-wall-decor-ideas-dtd-05-683x1024.jpg 683w, https:\/\/doubletakedecor.com\/uploads\/2025\/09\/porch-wall-decor-ideas-dtd-05-96x144.jpg 96w, https:\/\/doubletakedecor.com\/uploads\/2025\/09\/porch-wall-decor-ideas-dtd-05-280x420.jpg 280w, https:\/\/doubletakedecor.com\/uploads\/2025\/09\/porch-wall-decor-ideas-dtd-05-320x480.jpg 320w, https:\/\/doubletakedecor.com\/uploads\/2025\/09\/porch-wall-decor-ideas-dtd-05-360x540.jpg 360w, https:\/\/doubletakedecor.com\/uploads\/2025\/09\/porch-wall-decor-ideas-dtd-05-363x545.jpg 363w, https:\/\/doubletakedecor.com\/uploads\/2025\/09\/porch-wall-decor-ideas-dtd-05-370x555.jpg 370w, https:\/\/doubletakedecor.com\/uploads\/2025\/09\/porch-wall-decor-ideas-dtd-05-400x600.jpg 400w, https:\/\/doubletakedecor.com\/uploads\/2025\/09\/porch-wall-decor-ideas-dtd-05-560x840.jpg 560w, https:\/\/doubletakedecor.com\/uploads\/2025\/09\/porch-wall-decor-ideas-dtd-05-480x720.jpg 480w\" sizes=\"auto, (max-width: 700px) 100vw, 700px\" \/><\/p>\n<p>Var\u00e1zsolj bar\u00e1ts\u00e1gos sarkot a bej\u00e1ratodhoz egy festett paddal, sz\u00ednes, puha p\u00e1rn\u00e1kkal. Egy r\u00e9gi fa l\u00e1da t\u00f6k\u00e9letes lehet, hogy r\u00e1tegy\u00e9l n\u00e9h\u00e1ny d\u00edszt\u00f6k\u00f6t. Falev\u00e9l koszor\u00faval \u00e9s cserepes krizant\u00e9mokkal fokozhatod az \u0151szi \u00e9rz\u00e9st. A praktikus \u00fcl\u0151hely \u00e9s a szezon\u00e1lis d\u00edszek egyszerre teszik otthonoss\u00e1 \u00e9s hasznoss\u00e1 ezt a kis teret.<\/p>\n<h2>R\u00e1csos Falt\u00e1masz N\u00f6v\u00e9nyekkel<\/h2>\n<p><img loading=\"lazy\" decoding=\"async\" width=\"700\" height=\"1050\" alt=\"Hangulatos k\u00fclt\u00e9ri t\u00e9r: fa r\u00e1csos trellis cserepes n\u00f6v\u00e9nyekkel, feh\u00e9r ajt\u00f3 l\u00e1mp\u00e1sokkal, kis fa asztalka napoz\u00f3teraszon.\" class=\"aligncenter size-full wp-image-8036\" src=\"https:\/\/doubletakedecor.com\/uploads\/2025\/09\/porch-wall-decor-ideas-dtd-06.jpg\" srcset=\"https:\/\/doubletakedecor.com\/uploads\/2025\/09\/porch-wall-decor-ideas-dtd-06.jpg 700w, https:\/\/doubletakedecor.com\/uploads\/2025\/09\/porch-wall-decor-ideas-dtd-06-200x300.jpg 200w, https:\/\/doubletakedecor.com\/uploads\/2025\/09\/porch-wall-decor-ideas-dtd-06-683x1024.jpg 683w, https:\/\/doubletakedecor.com\/uploads\/2025\/09\/porch-wall-decor-ideas-dtd-06-96x144.jpg 96w, https:\/\/doubletakedecor.com\/uploads\/2025\/09\/porch-wall-decor-ideas-dtd-06-280x420.jpg 280w, https:\/\/doubletakedecor.com\/uploads\/2025\/09\/porch-wall-decor-ideas-dtd-06-320x480.jpg 320w, https:\/\/doubletakedecor.com\/uploads\/2025\/09\/porch-wall-decor-ideas-dtd-06-360x540.jpg 360w, https:\/\/doubletakedecor.com\/uploads\/2025\/09\/porch-wall-decor-ideas-dtd-06-363x545.jpg 363w, https:\/\/doubletakedecor.com\/uploads\/2025\/09\/porch-wall-decor-ideas-dtd-06-370x555.jpg 370w, https:\/\/doubletakedecor.com\/uploads\/2025\/09\/porch-wall-decor-ideas-dtd-06-400x600.jpg 400w, https:\/\/doubletakedecor.com\/uploads\/2025\/09\/porch-wall-decor-ideas-dtd-06-560x840.jpg 560w, https:\/\/doubletakedecor.com\/uploads\/2025\/09\/porch-wall-decor-ideas-dtd-06-480x720.jpg 480w\" sizes=\"auto, (max-width: 700px) 100vw, 700px\" \/><\/p>\n<p>Dobd fel a torn\u00e1cod fal\u00e1t egy fa r\u00e1csos trelisszel, ami remek\u00fcl mutat, ha k\u00fcl\u00f6nb\u00f6z\u0151 kasp\u00f3kat \u00e9s n\u00f6v\u00e9nyeket l\u00f3gatsz r\u00e1. \u00cdgy a padl\u00f3 szabadon marad, de a z\u00f6ld m\u00e9gis mindenhol jelen van. Egy kis oldalasztal seg\u00edthet tov\u00e1bbi dekor\u00e1ci\u00f3k elhelyez\u00e9s\u00e9ben. A falra szerelt l\u00e1mp\u00e1sok meleg\u00edtik \u00e9s otthonoss\u00e1 teszik a hangulatot, f\u0151leg esti \u00f6sszej\u00f6vetelekn\u00e9l.<\/p>\n<h2>Eleg\u00e1ns, Szimmetrikus Bej\u00e1rati D\u00edsz\u00edt\u00e9s<\/h2>\n<p><img loading=\"lazy\" decoding=\"async\" width=\"700\" height=\"1043\" alt=\"Bar\u00e1ts\u00e1gos h\u00e1zbej\u00e1rat fa ajt\u00f3kkal, p\u00e1ros koszor\u00fakkal, k\u00fclt\u00e9ri vil\u00e1g\u00edt\u00e1ssal \u00e9s d\u00edszes kasp\u00f3kkal: meghitt torn\u00e1c.\" class=\"aligncenter size-full wp-image-8042\" src=\"https:\/\/doubletakedecor.com\/uploads\/2025\/09\/porch-wall-decor-ideas-dtd-07.jpg\" srcset=\"https:\/\/doubletakedecor.com\/uploads\/2025\/09\/porch-wall-decor-ideas-dtd-07.jpg 700w, https:\/\/doubletakedecor.com\/uploads\/2025\/09\/porch-wall-decor-ideas-dtd-07-201x300.jpg 201w, https:\/\/doubletakedecor.com\/uploads\/2025\/09\/porch-wall-decor-ideas-dtd-07-687x1024.jpg 687w, https:\/\/doubletakedecor.com\/uploads\/2025\/09\/porch-wall-decor-ideas-dtd-07-96x143.jpg 96w, https:\/\/doubletakedecor.com\/uploads\/2025\/09\/porch-wall-decor-ideas-dtd-07-280x417.jpg 280w, https:\/\/doubletakedecor.com\/uploads\/2025\/09\/porch-wall-decor-ideas-dtd-07-320x477.jpg 320w, https:\/\/doubletakedecor.com\/uploads\/2025\/09\/porch-wall-decor-ideas-dtd-07-360x536.jpg 360w, https:\/\/doubletakedecor.com\/uploads\/2025\/09\/porch-wall-decor-ideas-dtd-07-363x541.jpg 363w, https:\/\/doubletakedecor.com\/uploads\/2025\/09\/porch-wall-decor-ideas-dtd-07-370x551.jpg 370w, https:\/\/doubletakedecor.com\/uploads\/2025\/09\/porch-wall-decor-ideas-dtd-07-400x596.jpg 400w, https:\/\/doubletakedecor.com\/uploads\/2025\/09\/porch-wall-decor-ideas-dtd-07-560x834.jpg 560w, https:\/\/doubletakedecor.com\/uploads\/2025\/09\/porch-wall-decor-ideas-dtd-07-480x715.jpg 480w\" sizes=\"auto, (max-width: 700px) 100vw, 700px\" \/><\/p>\n<p>Hozz l\u00e9tre rendezett \u00e9s harmonikus bej\u00e1ratot: akassz az ajt\u00f3p\u00e1rra ugyanolyan koszor\u00fakat a szimmetria kedv\u00e9\u00e9rt! Mell\u00e9j\u00fck helyezz azonos vil\u00e1g\u00edt\u00f3testeket \u00e9s elt\u00e9r\u0151 magass\u00e1g\u00fa kasp\u00f3kat, hogy v\u00e1ltozatos, m\u00e9gis egys\u00e9ges legyen az \u00f6sszk\u00e9p. R\u00e9tegezz kis mint\u00e1s l\u00e1bt\u00f6rl\u0151t egy nagyobb sz\u0151nyegre, \u00edgy lesz \u00e9rdekes a fogad\u00e1s. Ez a st\u00edlus minden \u00e9vszakban j\u00f3l mutat \u2013 csak cser\u00e9ld a koszor\u00fat \u00e9s vir\u00e1gokat az adott \u00e9vszakhoz ill\u0151en!<\/p>\n<h2>Hagyom\u00e1nyos Bej\u00e1rat Fali L\u00e1mp\u00e1kkal<\/h2>\n<p><img loading=\"lazy\" decoding=\"async\" width=\"700\" height=\"1050\" alt=\"Eleg\u00e1ns bej\u00e1rati r\u00e9sz s\u00f6t\u00e9t fa ajt\u00f3val, vintage fali l\u00e1mp\u00e1kkal \u00e9s fa vir\u00e1gtart\u00f3kkal, amelyekben sok a z\u00f6ld, feh\u00e9r t\u00e9glafal el\u0151tt.\" class=\"aligncenter size-full wp-image-8048\" src=\"https:\/\/doubletakedecor.com\/uploads\/2025\/09\/porch-wall-decor-ideas-dtd-08.jpg\" srcset=\"https:\/\/doubletakedecor.com\/uploads\/2025\/09\/porch-wall-decor-ideas-dtd-08.jpg 700w, https:\/\/doubletakedecor.com\/uploads\/2025\/09\/porch-wall-decor-ideas-dtd-08-200x300.jpg 200w, https:\/\/doubletakedecor.com\/uploads\/2025\/09\/porch-wall-decor-ideas-dtd-08-683x1024.jpg 683w, https:\/\/doubletakedecor.com\/uploads\/2025\/09\/porch-wall-decor-ideas-dtd-08-96x144.jpg 96w, https:\/\/doubletakedecor.com\/uploads\/2025\/09\/porch-wall-decor-ideas-dtd-08-280x420.jpg 280w, https:\/\/doubletakedecor.com\/uploads\/2025\/09\/porch-wall-decor-ideas-dtd-08-320x480.jpg 320w, https:\/\/doubletakedecor.com\/uploads\/2025\/09\/porch-wall-decor-ideas-dtd-08-360x540.jpg 360w, https:\/\/doubletakedecor.com\/uploads\/2025\/09\/porch-wall-decor-ideas-dtd-08-363x545.jpg 363w, https:\/\/doubletakedecor.com\/uploads\/2025\/09\/porch-wall-decor-ideas-dtd-08-370x555.jpg 370w, https:\/\/doubletakedecor.com\/uploads\/2025\/09\/porch-wall-decor-ideas-dtd-08-400x600.jpg 400w, https:\/\/doubletakedecor.com\/uploads\/2025\/09\/porch-wall-decor-ideas-dtd-08-560x840.jpg 560w, https:\/\/doubletakedecor.com\/uploads\/2025\/09\/porch-wall-decor-ideas-dtd-08-480x720.jpg 480w\" sizes=\"auto, (max-width: 700px) 100vw, 700px\" \/><\/p>\n<p>Emeld ki a bej\u00e1ratod k\u00e9toldal\u00e1n szimmetrikus, l\u00e1mp\u00e1s st\u00edlus\u00fa fali f\u00e9nyekkel! Helyezz mell\u00e9j\u00fck fa kasp\u00f3kat d\u00fas n\u00f6v\u00e9nyekkel, hogy egyens\u00falyos, bar\u00e1ts\u00e1gos legyen a l\u00e1tv\u00e1ny. A meleg f\u00e9nyek \u00e9s term\u00e9szetes elemek kiemelik a vil\u00e1gos falakat, igazi otthonos teret teremtenek. A l\u00e1mp\u00e1kat \u00e9rdemes szemmagass\u00e1gban elhelyezni, \u00edgy lesz megfelel\u0151 a f\u00e9ny \u00e9s a diz\u00e1jn is.<\/p>\n<h2>Rusztikus fali dekor\u00e1ci\u00f3 fonott kieg\u00e9sz\u00edt\u0151kkel<\/h2>\n<p><img loading=\"lazy\" decoding=\"async\" width=\"700\" height=\"1050\" alt=\"Bar\u00e1ts\u00e1gos, feh\u00e9r lamb\u00e9ri\u00e1s veranda fonott kosarakkal, koszor\u00faval, kov\u00e1csoltvas paddal p\u00e1rn\u00e1kkal \u00e9s cserepes n\u00f6v\u00e9nyekkel egy nyugodt k\u00fclt\u00e9ri pihen\u0151helyen.\" class=\"aligncenter size-full wp-image-8054\" src=\"https:\/\/doubletakedecor.com\/uploads\/2025\/09\/porch-wall-decor-ideas-dtd-09.jpg\" srcset=\"https:\/\/doubletakedecor.com\/uploads\/2025\/09\/porch-wall-decor-ideas-dtd-09.jpg 700w, https:\/\/doubletakedecor.com\/uploads\/2025\/09\/porch-wall-decor-ideas-dtd-09-200x300.jpg 200w, https:\/\/doubletakedecor.com\/uploads\/2025\/09\/porch-wall-decor-ideas-dtd-09-683x1024.jpg 683w, https:\/\/doubletakedecor.com\/uploads\/2025\/09\/porch-wall-decor-ideas-dtd-09-96x144.jpg 96w, https:\/\/doubletakedecor.com\/uploads\/2025\/09\/porch-wall-decor-ideas-dtd-09-280x420.jpg 280w, https:\/\/doubletakedecor.com\/uploads\/2025\/09\/porch-wall-decor-ideas-dtd-09-320x480.jpg 320w, https:\/\/doubletakedecor.com\/uploads\/2025\/09\/porch-wall-decor-ideas-dtd-09-360x540.jpg 360w, https:\/\/doubletakedecor.com\/uploads\/2025\/09\/porch-wall-decor-ideas-dtd-09-363x545.jpg 363w, https:\/\/doubletakedecor.com\/uploads\/2025\/09\/porch-wall-decor-ideas-dtd-09-370x555.jpg 370w, https:\/\/doubletakedecor.com\/uploads\/2025\/09\/porch-wall-decor-ideas-dtd-09-400x600.jpg 400w, https:\/\/doubletakedecor.com\/uploads\/2025\/09\/porch-wall-decor-ideas-dtd-09-560x840.jpg 560w, https:\/\/doubletakedecor.com\/uploads\/2025\/09\/porch-wall-decor-ideas-dtd-09-480x720.jpg 480w\" sizes=\"auto, (max-width: 700px) 100vw, 700px\" \/><\/p>\n<p>Var\u00e1zsold \u00fajj\u00e1 a verand\u00e1dat n\u00e9h\u00e1ny aszimmetrikusan elrendezett fonott kos\u00e1rral a feh\u00e9r falon. Egy egyszer\u0171 koszor\u00fa remek\u00fcl mutat majd a vil\u00e1gos h\u00e1tt\u00e9ren. Tegy\u00e9l ki cserepes n\u00f6v\u00e9nyeket \u00e9s k\u00e9nyelmes \u00fcl\u0151helyeket, amelyek j\u00f3l passzolnak egym\u00e1shoz. A k\u00fcl\u00f6nb\u00f6z\u0151 anyagok \u00e9s term\u00e9szetes text\u00far\u00e1k m\u00e9g hangulatosabb\u00e1 \u00e9s bar\u00e1ts\u00e1gosabb\u00e1 teszik a teret.<\/p>\n<h2>\u00c9l\u00e9nk veranda vir\u00e1gos d\u00edsz\u00edt\u00e9ssel<\/h2>\n<p><img loading=\"lazy\" decoding=\"async\" width=\"700\" height=\"1050\" alt=\"Hangulatos el\u0151veranda cs\u00edkos napoz\u00f3sz\u00e9kekkel, sz\u00ednben ill\u0151 sz\u0151nyeggel, l\u00f3g\u00f3 vir\u00e1gtart\u00f3kkal \u00e9s cserepes n\u00f6v\u00e9nyekkel a korl\u00e1ttal p\u00e1rhuzamosan.\" class=\"aligncenter size-full wp-image-8060\" src=\"https:\/\/doubletakedecor.com\/uploads\/2025\/09\/porch-wall-decor-ideas-dtd-10.jpg\" srcset=\"https:\/\/doubletakedecor.com\/uploads\/2025\/09\/porch-wall-decor-ideas-dtd-10.jpg 700w, https:\/\/doubletakedecor.com\/uploads\/2025\/09\/porch-wall-decor-ideas-dtd-10-200x300.jpg 200w, https:\/\/doubletakedecor.com\/uploads\/2025\/09\/porch-wall-decor-ideas-dtd-10-683x1024.jpg 683w, https:\/\/doubletakedecor.com\/uploads\/2025\/09\/porch-wall-decor-ideas-dtd-10-96x144.jpg 96w, https:\/\/doubletakedecor.com\/uploads\/2025\/09\/porch-wall-decor-ideas-dtd-10-280x420.jpg 280w, https:\/\/doubletakedecor.com\/uploads\/2025\/09\/porch-wall-decor-ideas-dtd-10-320x480.jpg 320w, https:\/\/doubletakedecor.com\/uploads\/2025\/09\/porch-wall-decor-ideas-dtd-10-360x540.jpg 360w, https:\/\/doubletakedecor.com\/uploads\/2025\/09\/porch-wall-decor-ideas-dtd-10-363x545.jpg 363w, https:\/\/doubletakedecor.com\/uploads\/2025\/09\/porch-wall-decor-ideas-dtd-10-370x555.jpg 370w, https:\/\/doubletakedecor.com\/uploads\/2025\/09\/porch-wall-decor-ideas-dtd-10-400x600.jpg 400w, https:\/\/doubletakedecor.com\/uploads\/2025\/09\/porch-wall-decor-ideas-dtd-10-560x840.jpg 560w, https:\/\/doubletakedecor.com\/uploads\/2025\/09\/porch-wall-decor-ideas-dtd-10-480x720.jpg 480w\" sizes=\"auto, (max-width: 700px) 100vw, 700px\" \/><\/p>\n<p>Tedd vid\u00e1mm\u00e1 a verand\u00e1dat cs\u00edkos b\u00fatorokkal \u00e9s hozz\u00e1 ill\u0151 sz\u0151nyegekkel. Akassz dekorat\u00edv vir\u00e1gtart\u00f3kat a plafonra, hogy t\u00f6bb szintje legyen a t\u00e9rnek, \u00e9s sorakoztass cserepes n\u00f6v\u00e9nyeket a korl\u00e1t ment\u00e9n, hogy olyan legyen, mint egy kis kert. Kombin\u00e1ld az \u00e9l\u00e9nk sz\u00edneket, p\u00e9ld\u00e1ul z\u00f6ldeket \u00e9s k\u00e9keket, l\u00e1gy vir\u00e1gokkal, \u00edgy igaz\u00e1n h\u00edvogat\u00f3 hangulatot teremthetsz kint is.<\/p>\n<h2>N\u00f6v\u00e9nyek \u00e9s fonott dekor\u00e1ci\u00f3 egy\u00fctt<\/h2>\n<p><img loading=\"lazy\" decoding=\"async\" width=\"700\" height=\"1049\" alt=\"Vend\u00e9gv\u00e1r\u00f3 veranda feh\u00e9r kanap\u00e9val, mint\u00e1s p\u00e1rn\u00e1kkal, \u00e9s z\u00f6ld n\u00f6v\u00e9nyekkel teli dekorat\u00edv fali kosarakkal\" class=\"aligncenter size-full wp-image-8066\" src=\"https:\/\/doubletakedecor.com\/uploads\/2025\/09\/porch-wall-decor-ideas-dtd-11.jpg\" srcset=\"https:\/\/doubletakedecor.com\/uploads\/2025\/09\/porch-wall-decor-ideas-dtd-11.jpg 700w, https:\/\/doubletakedecor.com\/uploads\/2025\/09\/porch-wall-decor-ideas-dtd-11-200x300.jpg 200w, https:\/\/doubletakedecor.com\/uploads\/2025\/09\/porch-wall-decor-ideas-dtd-11-683x1024.jpg 683w, https:\/\/doubletakedecor.com\/uploads\/2025\/09\/porch-wall-decor-ideas-dtd-11-96x144.jpg 96w, https:\/\/doubletakedecor.com\/uploads\/2025\/09\/porch-wall-decor-ideas-dtd-11-280x420.jpg 280w, https:\/\/doubletakedecor.com\/uploads\/2025\/09\/porch-wall-decor-ideas-dtd-11-320x480.jpg 320w, https:\/\/doubletakedecor.com\/uploads\/2025\/09\/porch-wall-decor-ideas-dtd-11-360x539.jpg 360w, https:\/\/doubletakedecor.com\/uploads\/2025\/09\/porch-wall-decor-ideas-dtd-11-363x544.jpg 363w, https:\/\/doubletakedecor.com\/uploads\/2025\/09\/porch-wall-decor-ideas-dtd-11-370x554.jpg 370w, https:\/\/doubletakedecor.com\/uploads\/2025\/09\/porch-wall-decor-ideas-dtd-11-400x599.jpg 400w, https:\/\/doubletakedecor.com\/uploads\/2025\/09\/porch-wall-decor-ideas-dtd-11-560x839.jpg 560w, https:\/\/doubletakedecor.com\/uploads\/2025\/09\/porch-wall-decor-ideas-dtd-11-480x719.jpg 480w\" sizes=\"auto, (max-width: 700px) 100vw, 700px\" \/><\/p>\n<p>D\u00edsz\u00edtsd a veranda fal\u00e1t fonott kosarakkal, amiket \u00e9letteli z\u00f6ldekkel t\u00f6ltesz meg. Ha a kosarakat a k\u00e9nyelmes \u00fcl\u0151hely f\u00f6l\u00e9 teszed, igaz\u00e1n l\u00e1tv\u00e1nyos lesz az \u00f6sszhat\u00e1s. P\u00e1ros\u00edtsd mindezt \u00f6sszeill\u0151 d\u00edszp\u00e1rn\u00e1kkal a szabadban is, hogy minden harmonikus legyen. Ez a megold\u00e1s nemcsak l\u00e1tv\u00e1nyos, hanem igaz\u00e1n otthonos l\u00e9gk\u00f6rt is teremt.<\/p>\n<h2>Eleg\u00e1ns k\u00fclt\u00e9ri \u00fcl\u0151sarok<\/h2>\n<p><img loading=\"lazy\" decoding=\"async\" width=\"700\" height=\"1050\" alt=\"St\u00edlusos k\u00fclt\u00e9ri veranda s\u00f6t\u00e9tbarna fonott b\u00fatorokkal, k\u00e9k p\u00e1rn\u00e1kkal \u00e9s d\u00edszp\u00e1rn\u00e1kkal, t\u00e9glafalak el\u0151tt \u2013 a t\u00f6k\u00e9letes laz\u00edt\u00f3hely.\" class=\"aligncenter size-full wp-image-8072\" src=\"https:\/\/doubletakedecor.com\/uploads\/2025\/09\/porch-wall-decor-ideas-dtd-12.jpg\" srcset=\"https:\/\/doubletakedecor.com\/uploads\/2025\/09\/porch-wall-decor-ideas-dtd-12.jpg 700w, https:\/\/doubletakedecor.com\/uploads\/2025\/09\/porch-wall-decor-ideas-dtd-12-200x300.jpg 200w, https:\/\/doubletakedecor.com\/uploads\/2025\/09\/porch-wall-decor-ideas-dtd-12-683x1024.jpg 683w, https:\/\/doubletakedecor.com\/uploads\/2025\/09\/porch-wall-decor-ideas-dtd-12-96x144.jpg 96w, https:\/\/doubletakedecor.com\/uploads\/2025\/09\/porch-wall-decor-ideas-dtd-12-280x420.jpg 280w, https:\/\/doubletakedecor.com\/uploads\/2025\/09\/porch-wall-decor-ideas-dtd-12-320x480.jpg 320w, https:\/\/doubletakedecor.com\/uploads\/2025\/09\/porch-wall-decor-ideas-dtd-12-360x540.jpg 360w, https:\/\/doubletakedecor.com\/uploads\/2025\/09\/porch-wall-decor-ideas-dtd-12-363x545.jpg 363w, https:\/\/doubletakedecor.com\/uploads\/2025\/09\/porch-wall-decor-ideas-dtd-12-370x555.jpg 370w, https:\/\/doubletakedecor.com\/uploads\/2025\/09\/porch-wall-decor-ideas-dtd-12-400x600.jpg 400w, https:\/\/doubletakedecor.com\/uploads\/2025\/09\/porch-wall-decor-ideas-dtd-12-560x840.jpg 560w, https:\/\/doubletakedecor.com\/uploads\/2025\/09\/porch-wall-decor-ideas-dtd-12-480x720.jpg 480w\" sizes=\"auto, (max-width: 700px) 100vw, 700px\" \/><\/p>\n<p>Alak\u00edts ki egys\u00e9ges k\u00fclt\u00e9ri \u00e9letteret \u00fagy, hogy hangold \u00f6ssze a b\u00fatorokat \u00e9s a dekor\u00e1ci\u00f3t. V\u00e1lassz id\u0151j\u00e1r\u00e1s\u00e1ll\u00f3 fonott b\u00fatorokat strapab\u00edr\u00f3, k\u00e9k huzatokkal. Egy sz\u00ednes sz\u0151nyeg m\u00e9g jobban kihangs\u00falyozza a teret. Dobd fel a hangulatot ker\u00e1mia d\u00edszekkel \u00e9s v\u00e1ltozatos p\u00e1rn\u00e1kkal. Helyezd el az \u00fcl\u0151k\u00e9ket \u00fagy, hogy a legjobban \u00e9lvezhesd a kil\u00e1t\u00e1st is \u2013 ett\u0151l lesz igaz\u00e1n meghitt a pihen\u00e9s.<\/p>\n<h2>K\u00e9k, tengerparti hangulat\u00fa veranda fonott b\u00fatorokkal<\/h2>\n<p><img loading=\"lazy\" decoding=\"async\" width=\"700\" height=\"1050\" alt=\"Otthonos el\u0151veranda k\u00e9k burkolattal, k\u00e9nyelmes fonott kanap\u00e9val \u00e9s p\u00e1rn\u00e1kkal, lel\u00f3g\u00f3 n\u00f6v\u00e9nyekkel \u00e9s dekor\u00e1ci\u00f3kkal a kikapcsol\u00f3d\u00e1s\u00e9rt.\" class=\"aligncenter size-full wp-image-8078\" src=\"https:\/\/doubletakedecor.com\/uploads\/2025\/09\/porch-wall-decor-ideas-dtd-13.jpg\" srcset=\"https:\/\/doubletakedecor.com\/uploads\/2025\/09\/porch-wall-decor-ideas-dtd-13.jpg 700w, https:\/\/doubletakedecor.com\/uploads\/2025\/09\/porch-wall-decor-ideas-dtd-13-200x300.jpg 200w, https:\/\/doubletakedecor.com\/uploads\/2025\/09\/porch-wall-decor-ideas-dtd-13-683x1024.jpg 683w, https:\/\/doubletakedecor.com\/uploads\/2025\/09\/porch-wall-decor-ideas-dtd-13-96x144.jpg 96w, https:\/\/doubletakedecor.com\/uploads\/2025\/09\/porch-wall-decor-ideas-dtd-13-280x420.jpg 280w, https:\/\/doubletakedecor.com\/uploads\/2025\/09\/porch-wall-decor-ideas-dtd-13-320x480.jpg 320w, https:\/\/doubletakedecor.com\/uploads\/2025\/09\/porch-wall-decor-ideas-dtd-13-360x540.jpg 360w, https:\/\/doubletakedecor.com\/uploads\/2025\/09\/porch-wall-decor-ideas-dtd-13-363x545.jpg 363w, https:\/\/doubletakedecor.com\/uploads\/2025\/09\/porch-wall-decor-ideas-dtd-13-370x555.jpg 370w, https:\/\/doubletakedecor.com\/uploads\/2025\/09\/porch-wall-decor-ideas-dtd-13-400x600.jpg 400w, https:\/\/doubletakedecor.com\/uploads\/2025\/09\/porch-wall-decor-ideas-dtd-13-560x840.jpg 560w, https:\/\/doubletakedecor.com\/uploads\/2025\/09\/porch-wall-decor-ideas-dtd-13-480x720.jpg 480w\" sizes=\"auto, (max-width: 700px) 100vw, 700px\" \/><\/p>\n<p>Teremts nyugodt, tengerparti hangulatot k\u00e9k falak \u00e9s fonott b\u00fatorok seg\u00edts\u00e9g\u00e9vel. Rendezd el a cs\u00edkos p\u00e1rn\u00e1kat, hogy k\u00e9nyelmes \u00e9s mutat\u00f3s is legyen. Akassz fel k\u00fcl\u00f6nb\u00f6z\u0151 magass\u00e1g\u00fa vir\u00e1gtart\u00f3kat \u00e9s rakj ki t\u00f6bbf\u00e9le cserepes n\u00f6v\u00e9nyt, hogy t\u00e9rhat\u00e1st adj a verand\u00e1nak. Tegy\u00e9l ki egy kis oldalasztalt is, amit\u0151l praktikusabb lesz a hely, \u00e9s eg\u00e9sz\u00edtsd ki l\u00e1gy vil\u00e1g\u00edt\u00e1ssal az esti lazul\u00e1sokhoz.<\/p>\n<h2>Sz\u00fcrke ajt\u00f3 b\u00e1rsonyvir\u00e1gos kasp\u00f3kkal<\/h2>\n<p><img loading=\"lazy\" decoding=\"async\" width=\"700\" height=\"933\" alt=\"H\u00edvogat\u00f3 veranda sz\u00fcrke ajt\u00f3val, fekete l\u00e1mp\u00e1sokkal \u00e9s f\u00e9mb\u0151l k\u00e9sz\u00fclt kasp\u00f3kban s\u00e1rga b\u00e1rsonyvir\u00e1gokkal \u2013 eleg\u00e1ns, bar\u00e1ts\u00e1gos bej\u00e1rat.\" class=\"aligncenter size-full wp-image-8084\" src=\"https:\/\/doubletakedecor.com\/uploads\/2025\/09\/porch-wall-decor-ideas-dtd-14.jpg\" srcset=\"https:\/\/doubletakedecor.com\/uploads\/2025\/09\/porch-wall-decor-ideas-dtd-14.jpg 700w, https:\/\/doubletakedecor.com\/uploads\/2025\/09\/porch-wall-decor-ideas-dtd-14-225x300.jpg 225w, https:\/\/doubletakedecor.com\/uploads\/2025\/09\/porch-wall-decor-ideas-dtd-14-96x128.jpg 96w, https:\/\/doubletakedecor.com\/uploads\/2025\/09\/porch-wall-decor-ideas-dtd-14-280x373.jpg 280w, https:\/\/doubletakedecor.com\/uploads\/2025\/09\/porch-wall-decor-ideas-dtd-14-320x427.jpg 320w, https:\/\/doubletakedecor.com\/uploads\/2025\/09\/porch-wall-decor-ideas-dtd-14-360x480.jpg 360w, https:\/\/doubletakedecor.com\/uploads\/2025\/09\/porch-wall-decor-ideas-dtd-14-363x484.jpg 363w, https:\/\/doubletakedecor.com\/uploads\/2025\/09\/porch-wall-decor-ideas-dtd-14-370x493.jpg 370w, https:\/\/doubletakedecor.com\/uploads\/2025\/09\/porch-wall-decor-ideas-dtd-14-400x533.jpg 400w, https:\/\/doubletakedecor.com\/uploads\/2025\/09\/porch-wall-decor-ideas-dtd-14-560x746.jpg 560w, https:\/\/doubletakedecor.com\/uploads\/2025\/09\/porch-wall-decor-ideas-dtd-14-480x640.jpg 480w\" sizes=\"auto, (max-width: 700px) 100vw, 700px\" \/><\/p>\n<p>Var\u00e1zsolj bar\u00e1ts\u00e1gos bej\u00e1ratot szimmetrikusan elhelyezett fekete l\u00e1mp\u00e1sokkal a vil\u00e1gossz\u00fcrke ajt\u00f3 k\u00e9t oldal\u00e1n. Szerelj fel egy egyszer\u0171 fekete postal\u00e1d\u00e1t a feh\u00e9r falra, \u00e9s j\u00f3l l\u00e1that\u00f3 helyre tedd ki a h\u00e1zsz\u00e1mot. Helyezz el k\u00e9t oldalra f\u00e9mb\u0151l k\u00e9sz\u00fclt kasp\u00f3kat \u00e9l\u00e9nk s\u00e1rga b\u00e1rsonyvir\u00e1gokkal, hogy kicsit feldobd a bej\u00e1ratot, \u00e9s z\u00e1rd le az \u00f6sszk\u00e9pet egy nat\u00far l\u00e1bt\u00f6rl\u0151vel \u2013 ez adja meg a rusztikus hangulatot.<\/p>\n<h2>Hat\u00e1rozott fekete ajt\u00f3 vir\u00e1gos kieg\u00e9sz\u00edt\u0151kkel<\/h2>\n<p><img loading=\"lazy\" decoding=\"async\" width=\"700\" height=\"1050\" alt=\"Vend\u00e9gv\u00e1r\u00f3 el\u0151veranda l\u00e1tv\u00e1nyos fekete ajt\u00f3val feh\u00e9r t\u00e9gla el\u0151tt, fel\u00fcl lila vir\u00e1gokkal, k\u00e9toldalt k\u00e9nyelmes \u00fcl\u0151helyekkel.\" class=\"aligncenter size-full wp-image-8090\" src=\"https:\/\/doubletakedecor.com\/uploads\/2025\/09\/porch-wall-decor-ideas-dtd-15.jpg\" srcset=\"https:\/\/doubletakedecor.com\/uploads\/2025\/09\/porch-wall-decor-ideas-dtd-15.jpg 700w, https:\/\/doubletakedecor.com\/uploads\/2025\/09\/porch-wall-decor-ideas-dtd-15-200x300.jpg 200w, https:\/\/doubletakedecor.com\/uploads\/2025\/09\/porch-wall-decor-ideas-dtd-15-683x1024.jpg 683w, https:\/\/doubletakedecor.com\/uploads\/2025\/09\/porch-wall-decor-ideas-dtd-15-96x144.jpg 96w, https:\/\/doubletakedecor.com\/uploads\/2025\/09\/porch-wall-decor-ideas-dtd-15-280x420.jpg 280w, https:\/\/doubletakedecor.com\/uploads\/2025\/09\/porch-wall-decor-ideas-dtd-15-320x480.jpg 320w, https:\/\/doubletakedecor.com\/uploads\/2025\/09\/porch-wall-decor-ideas-dtd-15-360x540.jpg 360w, https:\/\/doubletakedecor.com\/uploads\/2025\/09\/porch-wall-decor-ideas-dtd-15-363x545.jpg 363w, https:\/\/doubletakedecor.com\/uploads\/2025\/09\/porch-wall-decor-ideas-dtd-15-370x555.jpg 370w, https:\/\/doubletakedecor.com\/uploads\/2025\/09\/porch-wall-decor-ideas-dtd-15-400x600.jpg 400w, https:\/\/doubletakedecor.com\/uploads\/2025\/09\/porch-wall-decor-ideas-dtd-15-560x840.jpg 560w, https:\/\/doubletakedecor.com\/uploads\/2025\/09\/porch-wall-decor-ideas-dtd-15-480x720.jpg 480w\" sizes=\"auto, (max-width: 700px) 100vw, 700px\" \/><\/p>\n<p>Tegy\u00e9l hangs\u00falyos bej\u00e1ratot f\u00e9nyes fekete ajt\u00f3val vil\u00e1gos fal el\u0151tt. Akassz egy \u00e9l\u00e9nk sz\u00edn\u0171 vir\u00e1gtart\u00f3t az ajt\u00f3 f\u00f6l\u00e9, \u00edgy az lesz a bej\u00e1rat f\u00f3kuszpontja, a k\u00e9t oldalra pedig cserepes n\u00f6v\u00e9nyeket tegy\u00e9l egyens\u00falynak. Egy textur\u00e1lt l\u00e1bt\u00f6rl\u0151 \u00e9s k\u00e9nyelmes \u00fcl\u0151helyek fokozz\u00e1k a k\u00e9nyelmet \u00e9s a l\u00e1tv\u00e1nyt is. Ez a kombin\u00e1ci\u00f3 m\u00e9lys\u00e9get \u00e9s egyedi karaktert ad a verand\u00e1dnak.<\/p>\n<h2>F\u00fcgg\u0151leges kert a falon<\/h2>\n<p><img loading=\"lazy\" decoding=\"async\" width=\"700\" height=\"1050\" alt=\"Hangulatos veranda rattan kanap\u00e9val, kerek asztallal \u00e9s f\u00fcgg\u0151leges kertfallal, terrakotta cserepes n\u00f6v\u00e9nyekkel, meleg f\u00e9nyekkel.\" class=\"aligncenter size-full wp-image-8096\" src=\"https:\/\/doubletakedecor.com\/uploads\/2025\/09\/porch-wall-decor-ideas-dtd-16.jpg\" srcset=\"https:\/\/doubletakedecor.com\/uploads\/2025\/09\/porch-wall-decor-ideas-dtd-16.jpg 700w, https:\/\/doubletakedecor.com\/uploads\/2025\/09\/porch-wall-decor-ideas-dtd-16-200x300.jpg 200w, https:\/\/doubletakedecor.com\/uploads\/2025\/09\/porch-wall-decor-ideas-dtd-16-683x1024.jpg 683w, https:\/\/doubletakedecor.com\/uploads\/2025\/09\/porch-wall-decor-ideas-dtd-16-96x144.jpg 96w, https:\/\/doubletakedecor.com\/uploads\/2025\/09\/porch-wall-decor-ideas-dtd-16-280x420.jpg 280w, https:\/\/doubletakedecor.com\/uploads\/2025\/09\/porch-wall-decor-ideas-dtd-16-320x480.jpg 320w, https:\/\/doubletakedecor.com\/uploads\/2025\/09\/porch-wall-decor-ideas-dtd-16-360x540.jpg 360w, https:\/\/doubletakedecor.com\/uploads\/2025\/09\/porch-wall-decor-ideas-dtd-16-363x545.jpg 363w, https:\/\/doubletakedecor.com\/uploads\/2025\/09\/porch-wall-decor-ideas-dtd-16-370x555.jpg 370w, https:\/\/doubletakedecor.com\/uploads\/2025\/09\/porch-wall-decor-ideas-dtd-16-400x600.jpg 400w, https:\/\/doubletakedecor.com\/uploads\/2025\/09\/porch-wall-decor-ideas-dtd-16-560x840.jpg 560w, https:\/\/doubletakedecor.com\/uploads\/2025\/09\/porch-wall-decor-ideas-dtd-16-480x720.jpg 480w\" sizes=\"auto, (max-width: 700px) 100vw, 700px\" \/><\/p>\n<p>Hozz l\u00e9tre leny\u0171g\u00f6z\u0151 f\u00fcgg\u0151leges kertet \u00fagy, hogy terrakotta cserepeket teszel a veranda fal\u00e1ra. \u00dcltess v\u00e1ltozatos, sz\u00ednes z\u00f6ldeket a cserepekbe, \u00e9s rendezd \u0151ket ritmusosan a feh\u00e9r t\u00e9gla el\u0151tt. \u00cdgy helyet sp\u00f3rolsz, a n\u00f6v\u00e9nyek k\u00f6zben d\u00edsz\u00edtik a falat \u00e9s a verand\u00e1t, r\u00e1ad\u00e1sul az \u00fcl\u0151helyet sem veszik el. Ez a h\u00e1tt\u00e9rbar\u00e1ts\u00e1gosabb\u00e1 teszi minden \u00f6sszej\u00f6vetelt is.<\/p>\n<h2>Te\u00e1z\u00f3s veranda \u00fcl\u0151sarok<\/h2>\n<p>Alak\u00edts ki besz\u00e9lget\u0151sarkot k\u00e9nyelmes f\u00e9m sz\u00e9kekkel \u00e9s puha p\u00e1rn\u00e1kkal. K\u00f6z\u00e9pre tegy\u00e9l egy kis kerek asztalt, ami t\u00f6k\u00e9letes a te\u00e1z\u00e1shoz. V\u00e1lassz szimmetrikus fali l\u00e1mp\u00e1kat, hogy kellemes f\u00e9ny legyen este. Egy dekorat\u00edv falipanel pedig kiemeli, k\u00fcl\u00f6nlegess\u00e9 teszi a veranda fal\u00e1t.<\/p>\n<h2>Rusztikus veranda \u00e9tkez\u0151<\/h2>\n<p><img loading=\"lazy\" decoding=\"async\" width=\"700\" height=\"1050\" alt=\"Rusztikus fa \u00e9tkez\u0151asztal k\u00fcl\u00f6nb\u00f6z\u0151 sz\u00e9kekkel egy vil\u00e1gos-feh\u00e9r verand\u00e1n, friss vir\u00e1gokkal \u00e9s citrusd\u00edsz\u00edt\u00e9ssel a bar\u00e1ts\u00e1gos, laza kinti \u00e9tkez\u00e9sekhez.\" class=\"aligncenter size-full wp-image-8102\" src=\"https:\/\/doubletakedecor.com\/uploads\/2025\/09\/porch-wall-decor-ideas-dtd-18.jpg\" srcset=\"https:\/\/doubletakedecor.com\/uploads\/2025\/09\/porch-wall-decor-ideas-dtd-18.jpg 700w, https:\/\/doubletakedecor.com\/uploads\/2025\/09\/porch-wall-decor-ideas-dtd-18-200x300.jpg 200w, https:\/\/doubletakedecor.com\/uploads\/2025\/09\/porch-wall-decor-ideas-dtd-18-683x1024.jpg 683w, https:\/\/doubletakedecor.com\/uploads\/2025\/09\/porch-wall-decor-ideas-dtd-18-96x144.jpg 96w, https:\/\/doubletakedecor.com\/uploads\/2025\/09\/porch-wall-decor-ideas-dtd-18-280x420.jpg 280w, https:\/\/doubletakedecor.com\/uploads\/2025\/09\/porch-wall-decor-ideas-dtd-18-320x480.jpg 320w, https:\/\/doubletakedecor.com\/uploads\/2025\/09\/porch-wall-decor-ideas-dtd-18-360x540.jpg 360w, https:\/\/doubletakedecor.com\/uploads\/2025\/09\/porch-wall-decor-ideas-dtd-18-363x545.jpg 363w, https:\/\/doubletakedecor.com\/uploads\/2025\/09\/porch-wall-decor-ideas-dtd-18-370x555.jpg 370w, https:\/\/doubletakedecor.com\/uploads\/2025\/09\/porch-wall-decor-ideas-dtd-18-400x600.jpg 400w, https:\/\/doubletakedecor.com\/uploads\/2025\/09\/porch-wall-decor-ideas-dtd-18-560x840.jpg 560w, https:\/\/doubletakedecor.com\/uploads\/2025\/09\/porch-wall-decor-ideas-dtd-18-480x720.jpg 480w\" sizes=\"auto, (max-width: 700px) 100vw, 700px\" \/><\/p>\n<p>Tegy\u00e9l a verand\u00e1dra egy term\u00e9szetes fa \u00e9tkez\u0151asztalt, amelyet feh\u00e9rre festett \u00e9s nat\u00far sz\u00e9kekkel vegy\u00edthetsz, hogy vid\u00e1m \u00e9s otthonos hat\u00e1st keltsen. V\u00e1lassz olyan sz\u00e9keket, amik nem szettben vannak, \u00edgy karakteresebb lesz a t\u00e9r. A k\u00f6z\u00e9pre helyezett friss v\u00e1gott vir\u00e1gok \u00e9s a cserepes n\u00f6v\u00e9nyek k\u00f6zelebb hozz\u00e1k a term\u00e9szetet. A feh\u00e9r falak pedig seg\u00edtenek, hogy sokkal vil\u00e1gosabb, t\u00e1gasabb legyen a veranda.<\/p>\n<h2>Sz\u00fcrke kom\u00f3d dekorat\u00edv t\u00fck\u00f6rrel<\/h2>\n<p><img loading=\"lazy\" decoding=\"async\" width=\"700\" height=\"1050\" alt=\"St\u00edlusos sz\u00fcrke kom\u00f3d t\u00fck\u00f6rrel egy zsindelyes veranda fal\u00e1n, l\u00e1mp\u00e1val, t\u00fcrkiz v\u00e1z\u00e1val, gyerty\u00e1kkal \u00e9s friss vir\u00e1gokkal dekor\u00e1lva.\" class=\"aligncenter size-full wp-image-8108\" src=\"https:\/\/doubletakedecor.com\/uploads\/2025\/09\/porch-wall-decor-ideas-dtd-19.jpg\" srcset=\"https:\/\/doubletakedecor.com\/uploads\/2025\/09\/porch-wall-decor-ideas-dtd-19.jpg 700w, https:\/\/doubletakedecor.com\/uploads\/2025\/09\/porch-wall-decor-ideas-dtd-19-200x300.jpg 200w, https:\/\/doubletakedecor.com\/uploads\/2025\/09\/porch-wall-decor-ideas-dtd-19-683x1024.jpg 683w, https:\/\/doubletakedecor.com\/uploads\/2025\/09\/porch-wall-decor-ideas-dtd-19-96x144.jpg 96w, https:\/\/doubletakedecor.com\/uploads\/2025\/09\/porch-wall-decor-ideas-dtd-19-280x420.jpg 280w, https:\/\/doubletakedecor.com\/uploads\/2025\/09\/porch-wall-decor-ideas-dtd-19-320x480.jpg 320w, https:\/\/doubletakedecor.com\/uploads\/2025\/09\/porch-wall-decor-ideas-dtd-19-360x540.jpg 360w, https:\/\/doubletakedecor.com\/uploads\/2025\/09\/porch-wall-decor-ideas-dtd-19-363x545.jpg 363w, https:\/\/doubletakedecor.com\/uploads\/2025\/09\/porch-wall-decor-ideas-dtd-19-370x555.jpg 370w, https:\/\/doubletakedecor.com\/uploads\/2025\/09\/porch-wall-decor-ideas-dtd-19-400x600.jpg 400w, https:\/\/doubletakedecor.com\/uploads\/2025\/09\/porch-wall-decor-ideas-dtd-19-560x840.jpg 560w, https:\/\/doubletakedecor.com\/uploads\/2025\/09\/porch-wall-decor-ideas-dtd-19-480x720.jpg 480w\" sizes=\"auto, (max-width: 700px) 100vw, 700px\" \/><\/p>\n<p>\u00daj\u00edtsd meg a verand\u00e1d fal\u00e1t egy st\u00edlusos kom\u00f3d\u2013t\u00fck\u00f6r p\u00e1rossal. Tedd a term\u00e9szetes sz\u00edn\u0171 kom\u00f3dot a falhoz, \u00e9s l\u00f3gass f\u00f6l\u00e9 egy dekorat\u00edv t\u00fckr\u00f6t, hogy visszaverje a f\u00e9nyt. A kom\u00f3d tetej\u00e9re rendezett l\u00e1mpa, v\u00e1z\u00e1k, gyerty\u00e1k \u00e9s friss vir\u00e1gok harm\u00f3ni\u00e1t \u00e9s \u00e9l\u00e9nk sz\u00ednfoltot adnak. Egy mint\u00e1s sz\u0151nyeggel kijel\u00f6lheted az \u00fcl\u0151r\u00e9szt, ett\u0151l m\u00e9g bar\u00e1ts\u00e1gosabb lesz a t\u00e9r.<\/p>\n<h2>Modern k\u00fclt\u00e9ri sz\u00f3rakoz\u00f3hely<\/h2>\n<p><img loading=\"lazy\" decoding=\"async\" width=\"700\" height=\"1050\" alt=\"St\u00edlusos veranda s\u00f6t\u00e9t fa akcentusfallal, grillez\u0151 r\u00e9sszel, z\u00e1szl\u00f3f\u00fcz\u00e9rrel \u00e9s k\u00e9nyelmes paddal, p\u00e1rn\u00e1kkal.\" class=\"aligncenter size-full wp-image-8114\" src=\"https:\/\/doubletakedecor.com\/uploads\/2025\/09\/porch-wall-decor-ideas-dtd-20.jpg\" srcset=\"https:\/\/doubletakedecor.com\/uploads\/2025\/09\/porch-wall-decor-ideas-dtd-20.jpg 700w, https:\/\/doubletakedecor.com\/uploads\/2025\/09\/porch-wall-decor-ideas-dtd-20-200x300.jpg 200w, https:\/\/doubletakedecor.com\/uploads\/2025\/09\/porch-wall-decor-ideas-dtd-20-683x1024.jpg 683w, https:\/\/doubletakedecor.com\/uploads\/2025\/09\/porch-wall-decor-ideas-dtd-20-96x144.jpg 96w, https:\/\/doubletakedecor.com\/uploads\/2025\/09\/porch-wall-decor-ideas-dtd-20-280x420.jpg 280w, https:\/\/doubletakedecor.com\/uploads\/2025\/09\/porch-wall-decor-ideas-dtd-20-320x480.jpg 320w, https:\/\/doubletakedecor.com\/uploads\/2025\/09\/porch-wall-decor-ideas-dtd-20-360x540.jpg 360w, https:\/\/doubletakedecor.com\/uploads\/2025\/09\/porch-wall-decor-ideas-dtd-20-363x545.jpg 363w, https:\/\/doubletakedecor.com\/uploads\/2025\/09\/porch-wall-decor-ideas-dtd-20-370x555.jpg 370w, https:\/\/doubletakedecor.com\/uploads\/2025\/09\/porch-wall-decor-ideas-dtd-20-400x600.jpg 400w, https:\/\/doubletakedecor.com\/uploads\/2025\/09\/porch-wall-decor-ideas-dtd-20-560x840.jpg 560w, https:\/\/doubletakedecor.com\/uploads\/2025\/09\/porch-wall-decor-ideas-dtd-20-480x720.jpg 480w\" sizes=\"auto, (max-width: 700px) 100vw, 700px\" \/><\/p>\n<p>Alak\u00edts ki hangulatos bulihelysz\u00ednt s\u00f6t\u00e9t falbor\u00edt\u00e1ssal, amit\u0151l igaz\u00e1n k\u00fcl\u00f6nleges lesz a veranda. Tegy\u00e9l mell\u00e9 egy rozsdamentes ac\u00e9l s\u00fct\u0151t \u00e9s helyezz el cserepes n\u00f6v\u00e9nyeket a term\u00e9szetess\u00e9g kedv\u00e9\u00e9rt. A mint\u00e1s p\u00e1rn\u00e1k a padon valamint egy sz\u00e9p sz\u0151nyeg melegebb\u00e9 \u00e9s k\u00e9nyelmesebb\u00e9 teszik a sarkot. Sz\u00ednes z\u00e1szl\u00f3f\u00fcz\u00e9rrel \u00e9s m\u00e1s vid\u00e1m dekor\u00e1ci\u00f3kkal igazi \u00fcnnepi hangulatot var\u00e1zsolhatsz b\u00e1rmilyen \u00f6sszej\u00f6vetelhez.<\/p>\n<h2>F\u00fcgg\u0151leges kerti \u00fcltet\u0151rendszer<\/h2>\n<p>Haszn\u00e1ld ki a veranda fal\u00e1t l\u00e9pcs\u0151zetesen elhelyezett f\u00e1b\u00f3l k\u00e9sz\u00fclt \u00fcltet\u0151kkel. A tetej\u00e9re ker\u00fcljenek a sz\u00ednes vir\u00e1gok, k\u00f6z\u00e9pen fut\u00f3 f\u0171szern\u00f6v\u00e9nyek, alul pedig z\u00f6ld level\u0171 n\u00f6v\u00e9nyek legyenek. Szereld fel biztons\u00e1gosan az eg\u00e9sz rendszert a k\u00fclt\u00e9ri falra, \u00e9s eg\u00e9sz\u00edtsd ki vil\u00e1g\u00edt\u00e1ssal. Ez a megold\u00e1s t\u00f6bb z\u00f6ldet visz a verand\u00e1ra \u00fagy, hogy k\u00f6zben nem foglal el sok helyet a padl\u00f3n.<\/p>\n<h2>GYIK<\/h2>\n<details class=\"g-accordion \"><summary><h3>Milyen kreat\u00edv \u00f6tletekkel d\u00edsz\u00edtheted a verand\u00e1d falait?<\/h3><\/summary>\n<p>K\u00f6nnyen hangulatos kuck\u00f3v\u00e1 var\u00e1zsolhatod a verand\u00e1dat kreat\u00edv fali dekor\u00e1ci\u00f3val. Pr\u00f3b\u00e1ld ki a rusztikus vagy vid\u00e9ki st\u00edlust, amelyekn\u00e9l term\u00e9szetes anyagok \u00e9s f\u00f6ldsz\u00ednek adnak melegs\u00e9get a t\u00e9rnek. <strong>A k\u00fclt\u00e9ri f\u00e9m m\u0171alkot\u00e1sok tart\u00f3sak \u00e9s st\u00edlusosak, \u00edgy remek k\u00f6zponti d\u00edszei lehetnek a verand\u00e1nak<\/strong>, m\u00edg a n\u00e9vre sz\u00f3l\u00f3 f\u00e9m t\u00e1bl\u00e1k egyszerre mutat\u00f3sak \u00e9s praktikusak.<\/p>\n<p>Ha feldobn\u00e1d egy kis z\u00f6lddel, \u00fcltess \u00e9l\u0151 n\u00f6v\u00e9nyekb\u0151l f\u00fcgg\u0151 falakat vagy olyan kis kerteket, amelyek a falra r\u00f6gz\u00edthet\u0151k. Ezek nemcsak szebb\u00e9 teszik a verand\u00e1dat, hanem jav\u00edtj\u00e1k a leveg\u0151 min\u0151s\u00e9g\u00e9t is, \u00edgy friss\u00edt\u0151 hangulatot teremtenek. Ha k\u00fcl\u00f6nf\u00e9le n\u00f6v\u00e9nyeket \u00fcltetsz a falra, \u00e9l\u00e9nk sz\u00edneket \u00e9s v\u00e1ltozatos text\u00far\u00e1kat vihetsz a t\u00e9rbe.<\/p>\n<p>Ha szeretsz bark\u00e1csolni, rengeteg szabadt\u00e9ri dekor\u00e1ci\u00f3s \u00f6tletb\u0151l v\u00e1logathatsz. <strong>Fel\u00faj\u00edtott anyagokb\u00f3l vagy egyedi t\u00e1bl\u00e1kb\u00f3l saj\u00e1t d\u00edszeket k\u00e9sz\u00edthetsz, amelyekben megmutathatod az egy\u00e9nis\u00e9gedet, \u00e9s az id\u0151j\u00e1r\u00e1snak is ellen\u00e1llnak.<\/strong><\/p>\n<p>A harmonikus l\u00e1tv\u00e1nyhoz \u00e9rdemes k\u00fcl\u00f6nf\u00e9le m\u00e9ret\u0171 \u00e9s st\u00edlus\u00fa fali d\u00edszeket \u00f6sszehangolni. Kombin\u00e1ld a f\u00e1t, f\u00e9met, textilt \u2013 \u00edgy izgalmas, de m\u00e9gis egys\u00e9ges lesz a v\u00e9geredm\u00e9ny. Ezekkel az \u00f6tletekkel meghitt, otthonos mened\u00e9kk\u00e9 var\u00e1zsolhatod a verand\u00e1dat.<\/p>\n<\/details><details class=\"g-accordion \"><summary><h3>Hogyan alak\u00edthatja \u00e1t a k\u00fclt\u00e9ri fali dekor\u00e1ci\u00f3 a teredet?<\/h3><\/summary>\n<p>A k\u00fclt\u00e9ri fali dekor\u00e1ci\u00f3 szebb\u00e9 \u00e9s praktikusabb\u00e1 is teheti az udvarodat vagy verand\u00e1dat. Ha felteszel p\u00e9ld\u00e1ul <strong>f\u00e9m fali d\u00edszeket<\/strong> vagy <strong>egyedi t\u00e1bl\u00e1kat<\/strong>, bar\u00e1ts\u00e1goss\u00e1 \u00e9s h\u00edvogat\u00f3v\u00e1 var\u00e1zsolhatod a bej\u00e1ratot, \u00e9s az otthonod is l\u00e1tv\u00e1nyosabb\u00e1 v\u00e1lik k\u00edv\u00fclr\u0151l.<\/p>\n<p>K\u00fcl\u00f6nf\u00e9le anyagok, text\u00far\u00e1k \u00e9s sz\u00ednek, p\u00e9ld\u00e1ul rusztikus \u00e9s modern elemek kever\u00e9s\u00e9vel v\u00e1ltozatos, egyedi hangulatot teremthetsz. Mindig \u00e9rdemes <strong>id\u0151j\u00e1r\u00e1s\u00e1ll\u00f3 anyagokat<\/strong> v\u00e1lasztani, hogy a d\u00edszek sok\u00e1ig sz\u00e9pek maradjanak.<\/p>\n<p>A k\u00fclt\u00e9ri fali dekor\u00e1ci\u00f3 nemcsak sz\u00e9p, de egy st\u00edlust is k\u00f6lcs\u00f6n\u00f6z a teraszoknak vagy h\u00e1ts\u00f3 verand\u00e1knak. F\u00fcgg\u0151 vagy fali n\u00f6v\u00e9nyek nemcsak feldobj\u00e1k ezeket a tereket, hanem a leveg\u0151 min\u0151s\u00e9g\u00e9t is jav\u00edtj\u00e1k. \u00cdgy t\u00f6k\u00e9letes helysz\u00ednt teremtenek bar\u00e1ti \u00f6sszej\u00f6vetelekhez vagy csendes pihen\u00e9shez.<\/p>\n<p><strong>Ha okosan v\u00e1lasztod ki a k\u00fclt\u00e9ri dekor\u00e1ci\u00f3t, az otthonod r\u00e9szek\u00e9nt olyan bar\u00e1ts\u00e1gos \u00e9s tart\u00f3s szabadt\u00e9ri helyet hozhatsz l\u00e9tre, amely minden nap \u00f6r\u00f6met okoz.<\/strong><\/p>\n<\/details><details class=\"g-accordion \"><summary><h3>Mik a hat\u00e9kony \u00f6tletek a veranda dekor\u00e1l\u00e1s\u00e1hoz?<\/h3><\/summary>\n<p>Bar\u00e1ts\u00e1gos pihen\u0151helly\u00e9 egyszer\u0171en alak\u00edthatod a verand\u00e1dat. Kezdd <strong>\u00e9l\u00e9nk sz\u00ednekkel<\/strong> \u2013 v\u00e1lassz sz\u00ednes p\u00e1rn\u00e1kat, kasp\u00f3kat vagy falid\u00edszeket, ezek lesznek a figyelemfelkelt\u0151 pontok. A n\u00f6v\u00e9nyek \u00e9letet visznek a t\u00e9rbe, sz\u00ednt, text\u00far\u00e1t adnak, r\u00e1ad\u00e1sul a veranda <strong>leveg\u0151j\u00e9t is jav\u00edtj\u00e1k<\/strong>.<\/p>\n<ul>\n<li>V\u00e1lassz olyan b\u00fatort, ami illik a st\u00edlusodhoz, de k\u00e9nyelmes is,<\/li>\n<li>egy k\u00e9nyelmes hintasz\u00e9k vagy egy rusztikus asztal remek v\u00e1laszt\u00e1s a t\u00e1rsas \u00f6sszej\u00f6vetelekhez,<\/li>\n<li>a vil\u00e1g\u00edt\u00e1s nagyon fontos a hangulathoz; meleg f\u00e9ny\u0171 f\u00fcz\u00e9rek vagy fonott l\u00e1mp\u00e1k bar\u00e1ts\u00e1gos l\u00e9gk\u00f6rt teremtenek.<\/li>\n<\/ul>\n<p>Bark\u00e1csolt t\u00e1rgyakkal is csemp\u00e9szhetsz szem\u00e9lyes hangulatot a verand\u00e1ra, ami igaz\u00e1n egyediv\u00e9 teszi. Haszn\u00e1lj <strong>id\u0151j\u00e1r\u00e1s\u00e1ll\u00f3 anyagokat<\/strong>, hogy a dekor\u00e1ci\u00f3 sok\u00e1ig sz\u00e9p maradjon.<\/p>\n<ul>\n<li>A kisebb verand\u00e1kon j\u00f3 megold\u00e1s a helytakar\u00e9kos f\u00fcgg\u0151 falikertek \u00e9s a kompakt b\u00fatorok,<\/li>\n<li>a term\u00e9szetes anyagok, p\u00e9ld\u00e1ul a fa vagy a k\u0151 melegs\u00e9get adnak, \u00e9s \u00f6sszek\u00f6tik a teret a k\u00fclt\u00e9rrel.<\/li>\n<\/ul>\n<p><strong>Ha \u00e1tgondoltan v\u00e1logatod \u00f6ssze a d\u00edszeket, egyszerre lesz sz\u00e9p \u00e9s k\u00e9nyelmes a verand\u00e1d \u2013 \u00edgy igaz\u00e1n j\u00f3 lesz ott pihenni vagy besz\u00e9lgetni.<\/strong><\/p>\n<\/details><details class=\"g-accordion \"><summary><h3>Hogyan v\u00e1lassz k\u00fclt\u00e9ri fali dekor\u00e1ci\u00f3t a verand\u00e1ra?<\/h3><\/summary>\n<p>A t\u00f6k\u00e9letes k\u00fclt\u00e9ri fali dekor\u00e1ci\u00f3 kiv\u00e1laszt\u00e1s\u00e1hoz \u00e9rdemes el\u0151re \u00e1tgondolni, milyen legyen az \u00f6sszhat\u00e1s. Minden azon m\u00falik, milyen st\u00edlus\u00fa a h\u00e1zad: ha ink\u00e1bb vid\u00e9ki hangulat\u00fa, v\u00e1lassz hozz\u00e1 rusztikus fa t\u00e1bl\u00e1kat vagy b\u00e1jos f\u00e9m d\u00edszeket.<\/p>\n<p>A sz\u00ednek is sokat sz\u00e1m\u00edtanak. Olyan \u00e1rnyalatokat keress, amelyek kiemelik a veranda sz\u00e9ps\u00e9g\u00e9t, \u00e9s j\u00f3l passzolnak a homlokzathoz is. A f\u00f6ldsz\u00ednek p\u00e9ld\u00e1ul melegebb, bar\u00e1ts\u00e1gosabb hangulatot teremtenek.<\/p>\n<p>Az anyagokat se feledd \u2013 tart\u00f3snak kell lenni\u00fck, hogy kib\u00edrj\u00e1k az id\u0151j\u00e1r\u00e1s viszontags\u00e1gait. <strong>Kezelt fa<\/strong> vagy <strong>f\u00e9m<\/strong> fali d\u00edsz mindkett\u0151 j\u00f3 v\u00e1laszt\u00e1s, mert sok\u00e1ig sz\u00e9p marad. N\u00e9zz sz\u00e9t egyedi falik\u00e9pek vagy d\u00edszt\u00e1rgyak k\u00f6z\u00f6tt is, hogy a veranda t\u00fckr\u00f6zze a saj\u00e1t \u00edzl\u00e9sedet!<\/p>\n<p><strong>Ha ezeket a szempontokat v\u00e9giggondolod, biztosan olyan k\u00fclt\u00e9ri fali dekor\u00e1ci\u00f3t tal\u00e1lsz, ami tart\u00f3s lesz \u00e9s igaz\u00e1n felpezsd\u00edti a verand\u00e1dat.<\/strong><\/p>\n<\/details><details class=\"g-accordion \"><summary><h3>Milyen otthondekor\u00e1ci\u00f3s tippek vannak a veranda falaira?<\/h3><\/summary>\n<p>Amikor a veranda falait d\u00edsz\u00edted, \u00e9rdemes \u00f6tv\u00f6zni a <strong>praktikuss\u00e1got<\/strong> \u00e9s <strong>eszt\u00e9tik\u00e1t<\/strong>. Egy j\u00f3l elhelyezett t\u00fck\u00f6r feler\u0151s\u00edti a f\u00e9nyt, t\u00e1gasabb\u00e1 teszi a t\u00e9r\u00e9rzetet, \u00edgy a veranda nyitottabbnak, bar\u00e1ts\u00e1gosabbnak t\u0171nik. V\u00e1lassz olyan fali d\u00edszeket, amelyek illenek a veranda hangulat\u00e1hoz \u2013 legyen az rusztikus, vid\u00e9ki vagy modern.<\/p>\n<p><strong>Term\u00e9szetes anyagokat<\/strong>, p\u00e9ld\u00e1ul f\u00e1t vagy k\u00f6vet haszn\u00e1lva egys\u00e9ges hat\u00e1st \u00e9rhetsz el, mert ezek j\u00f3l \u00f6sszeillenek a k\u00fclt\u00e9ri k\u00f6rnyezettel. Ezek az anyagok nemcsak text\u00far\u00e1t, hanem melegs\u00e9get \u00e9s egyedis\u00e9get is adnak a dekor\u00e1ci\u00f3nak.<\/p>\n<p>Olyan d\u00edszt\u00e1rgyakat v\u00e1lassz (p\u00e9ld\u00e1ul koszor\u00fak vagy k\u00e9pek), amelyek b\u00edrj\u00e1k az id\u0151j\u00e1r\u00e1st, \u00edgy sok\u00e1ig sz\u00e9pek maradnak. A harmonikus \u00f6sszhat\u00e1s kedv\u00e9\u00e9rt keverd a k\u00fcl\u00f6nb\u00f6z\u0151 m\u00e9ret\u0171 \u00e9s st\u00edlus\u00fa fali d\u00edszeket.<\/p>\n<p>Ha okosan v\u00e1logatod meg az elemeket, a veranda falai igazi l\u00e1tv\u00e1nyoss\u00e1gg\u00e1, kedves hangulat\u00fa k\u00fclt\u00e9rr\u00e9 v\u00e1lhatnak.<\/p>\n<\/details><details class=\"g-accordion \"><summary><h3>Hogyan jav\u00edthatod a veranda kin\u00e9zet\u00e9t fali dekor\u00e1ci\u00f3val?<\/h3><\/summary>\n<p>A veranda falainak szebb\u00edt\u00e9sekor fontos, hogy j\u00f3l p\u00e1ros\u00edtsd a sz\u00edneket, text\u00far\u00e1kat \u00e9s a r\u00e9tegez\u00e9st. El\u0151sz\u00f6r v\u00e1lassz olyan sz\u00edneket, amelyek passzolnak a h\u00e1zad k\u00fclsej\u00e9hez. Ak\u00e1r f\u00f6ldsz\u00edneket, ak\u00e1r mer\u00e9szebb \u00e1rnyalatokat szeretsz, ezek alapvet\u0151en meghat\u00e1rozz\u00e1k a hangulatot.<\/p>\n<ul>\n<li>B\u00e1tran vegy\u00edts k\u00fcl\u00f6nb\u00f6z\u0151 text\u00far\u00e1kat \u2013 p\u00e9ld\u00e1ul f\u00e1t, f\u00e9met vagy sz\u00f6vetet \u2013, hogy v\u00e1ltozatosabb legyen az \u00f6sszk\u00e9p,<\/li>\n<li>a fali vir\u00e1gtart\u00f3k vagy falra akaszthat\u00f3 k\u00e9pek is remek figyelemfelkelt\u0151 pontok lehetnek,<\/li>\n<li>pr\u00f3b\u00e1lj ki t\u00f6bbf\u00e9le m\u00e9retet \u00e9s st\u00edlust, hogy egyens\u00falyba hozd a kin\u00e9zetet.<\/li>\n<\/ul>\n<p><strong>A r\u00e9tegez\u00e9s kulcsfontoss\u00e1g\u00fa az egys\u00e9ges l\u00e1tv\u00e1nyhoz.<\/strong> P\u00e9ld\u00e1ul helyezz egy nagyobb k\u00e9pet kisebb d\u00edszt\u00e1rgyak m\u00f6g\u00e9 egy polcra, \u00edgy t\u00e9rhat\u00e1st hozol l\u00e9tre. Ha a m\u0171alkot\u00e1sok mell\u00e9 n\u00f6v\u00e9nyeket is elhelyezel, az m\u00e9g bar\u00e1ts\u00e1gosabb hangulatot teremt, \u00e9s a leveg\u0151 is jobb lesz.<\/p>\n<p>A megfelel\u0151 f\u00e9nyek tov\u00e1bb er\u0151s\u00edtik a hat\u00e1st: a f\u00e9nyf\u00fcz\u00e9rek vagy fali l\u00e1mp\u00e1k kiemelik a k\u00e9peket, \u00e9s kellemes hangulatot adnak a verand\u00e1nak est\u00e9re.<\/p>\n<p>Ha \u00edgy \u00f6tv\u00f6z\u00f6d a k\u00fcl\u00f6nb\u00f6z\u0151 elemeket, a veranda igazi otthonos, st\u00edlusos k\u00fclt\u00e9rr\u00e9 v\u00e1lik, ahol egyszerre lehet pihenni \u00e9s j\u00f3l \u00e9rezni magad.<\/p>\n<\/details><details class=\"g-accordion \"><summary><h3>Mik az el\u0151nyei a k\u00fclt\u00e9ri f\u00e9m fali d\u00edszeknek?<\/h3><\/summary>\n<p>A <strong>k\u00fclt\u00e9ri f\u00e9m fali d\u00edszek<\/strong> fantasztikus elemei lehetnek a verand\u00e1nak, mert tart\u00f3sak, id\u0151j\u00e1r\u00e1s\u00e1ll\u00f3k \u00e9s b\u00e1rmelyik \u00e9vszakot kib\u00edrj\u00e1k. Ennek k\u00f6sz\u00f6nhet\u0151en hossz\u00fa t\u00e1von meg\u0151rzik sz\u00e9ps\u00e9g\u00fcket, m\u00e9g kedvez\u0151tlen id\u0151ben is.<\/p>\n<ul>\n<li>Ezek a d\u00edszek k\u00fcl\u00f6nleges hangulatot adnak a verand\u00e1nak, mert l\u00e1tv\u00e1nyos k\u00f6zponti elemek,<\/li>\n<li>csillog\u00f3 fel\u00fcleteik pedig izgalmasan verik vissza a f\u00e9nyt,<\/li>\n<li>v\u00e1ltozatos st\u00edlusokban kaphat\u00f3k \u2013 legyen az elvont, modern, vagy n\u00f6v\u00e9nymint\u00e1s, k\u00f6nny\u0171 olyat tal\u00e1lni, ami illik az otthonodhoz.<\/li>\n<\/ul>\n<p>Nemcsak sz\u00e9pek, de <strong>l\u00e1tv\u00e1nyosan n\u00f6velik a h\u00e1z k\u00fcls\u0151 vonzerej\u00e9t<\/strong> is. J\u00f3l kieg\u00e9sz\u00edtik a t\u00f6bbi dekor\u00e1ci\u00f3t, b\u00e1rmilyen st\u00edlus\u00fa is a veranda \u2013 lehet rusztikus vagy eg\u00e9szen modern is.<\/p>\n<p>\u00d6sszefoglalva, a f\u00e9m fali d\u00edszek praktikusak \u00e9s kreat\u00edvak: a verand\u00e1n bar\u00e1ts\u00e1gos teret teremtenek, mik\u00f6zben k\u00f6nnyed\u00e9n \u00e1tv\u00e9szelik az id\u0151j\u00e1r\u00e1si k\u00f6r\u00fclm\u00e9nyeket is.<\/p>\n<\/details><details class=\"g-accordion \"><summary><h3>Hogyan v\u00e1lassz igaz\u00e1n egyedi fali dekor\u00e1ci\u00f3t a verand\u00e1ra?<\/h3><\/summary>\n<p>Az egyedi fali d\u00edszek kiv\u00e1laszt\u00e1s\u00e1hoz n\u00e9h\u00e1ny dolgot \u00e9rdemes \u00e1tgondolni, hogy val\u00f3ban feldobj\u00e1k a verand\u00e1t. Els\u0151k\u00e9nt vedd figyelembe a saj\u00e1t st\u00edlusodat \u00e9s az otthonod f\u0151 t\u00e9m\u00e1j\u00e1t. <strong>Egyedi k\u00e9sz\u00edt\u00e9s\u0171 d\u00edszekkel igaz\u00e1n szem\u00e9lyess\u00e9 teheted a verand\u00e1t<\/strong>. Egy nagyobb m\u00e9ret\u0171 fali \u00f3ra p\u00e9ld\u00e1ul l\u00e1tv\u00e1nyos k\u00f6z\u00e9ppont lehet.<\/p>\n<p>Olyan dekor\u00e1ci\u00f3t keress, ami j\u00f3l illeszkedik a veranda megl\u00e9v\u0151 sz\u00edneihez \u00e9s anyagaihoz, \u00edgy minden sz\u00e9p egys\u00e9get alkot. Ne feledd, a <strong>id\u0151j\u00e1r\u00e1s\u00e1ll\u00f3 anyag<\/strong> is fontos, hogy a dekor\u00e1ci\u00f3 hossz\u00fa t\u00e1von megmaradjon.<\/p>\n<ul>\n<li>Pr\u00f3b\u00e1lj ki k\u00fcl\u00f6nb\u00f6z\u0151 anyagokat \u00e9s text\u00far\u00e1kat, p\u00e9ld\u00e1ul f\u00e9met vagy f\u00e1t,<\/li>\n<li>ezek m\u00e9lys\u00e9get \u00e9s karaktert adnak a t\u00e9rnek,<\/li>\n<li>az elt\u00e9r\u0151 m\u00e9ret\u0171 \u00e9s st\u00edlus\u00fa elemek kever\u00e9se \u00e9lettel t\u00f6lti meg a verand\u00e1t.<\/li>\n<\/ul>\n<p>Ha \u00fagy v\u00e1lasztasz egyedi fali dekor\u00e1ci\u00f3t, hogy igazodik az \u00edzl\u00e9sedhez \u00e9s a gyakorlati elv\u00e1r\u00e1sokhoz is, a veranda igaz\u00e1n bar\u00e1ts\u00e1gos, szem\u00e9lyes k\u00fclt\u00e9rr\u00e9 v\u00e1lik. <strong>\u00cdgy pont \u00fagy mutat majd, ahogy elk\u00e9pzelted \u2013 \u00e9s az id\u0151j\u00e1r\u00e1s sem \u00e1rt neki.<\/strong><\/p>\n<\/details><details class=\"g-accordion \"><summary><h3>Mi\u00e9rt el\u0151ny\u00f6sek a n\u00e9vre sz\u00f3l\u00f3 f\u00e9m t\u00e1bl\u00e1k?<\/h3><\/summary>\n<p>A n\u00e9vre sz\u00f3l\u00f3 f\u00e9m t\u00e1bl\u00e1k k\u00fcl\u00f6nleges hangulatot k\u00f6lcs\u00f6n\u00f6znek a verand\u00e1nak \u00e9s igaz\u00e1n bar\u00e1ts\u00e1gos, egyedi megjelen\u00e9st biztos\u00edtanak. Ezek a d\u00edszek nemcsak sz\u00e9pek, hanem praktikus c\u00e9lt is szolg\u00e1lnak, p\u00e9ld\u00e1ul j\u00f3l l\u00e1that\u00f3 lehet rajtuk a h\u00e1zsz\u00e1m vagy a tulajdonos neve.<\/p>\n<p>Strapab\u00edr\u00f3k \u00e9s <strong>id\u0151j\u00e1r\u00e1s\u00e1ll\u00f3ak<\/strong>, \u00edgy b\u00e1rmilyen id\u0151ben kint hagyhat\u00f3k, m\u00e9gis sok\u00e1ig mutat\u00f3sak maradnak. Sokf\u00e9le st\u00edlusban \u00e9s fel\u00fclettel el\u00e9rhet\u0151k \u2013 a rusztikust\u00f3l a modernig \u2013, \u00edgy mindenki megtal\u00e1lja az \u00edzl\u00e9s\u00e9hez ill\u0151t.<\/p>\n<p>Ezekkel a t\u00e1bl\u00e1kkal k\u00f6nnyen feldobhatod az otthonod bej\u00e1rat\u00e1t, \u00e9s k\u00fcl\u00f6nleges karaktert adhatsz neki. Ha egyszerre szeretn\u00e9l <strong>eszt\u00e9tikus \u00e9s praktikus<\/strong> dekor\u00e1ci\u00f3t, a n\u00e9vre sz\u00f3l\u00f3 f\u00e9m t\u00e1bl\u00e1k ide\u00e1lis v\u00e1laszt\u00e1st jelentenek.<\/p>\n<\/details><details class=\"g-accordion \"><summary><h3>Hogyan k\u00e9sz\u00edts saj\u00e1t, egyedi fali dekor\u00e1ci\u00f3t a verand\u00e1ra?<\/h3><\/summary>\n<p>Saj\u00e1t k\u00e9sz\u00edt\u00e9s\u0171 fali d\u00edsz seg\u00edts\u00e9g\u00e9vel igaz\u00e1n egyediv\u00e9 var\u00e1zsolhatod a verand\u00e1t, mik\u00f6zben a k\u00fclt\u00e9ri hangulatot is feldobod. Kezdd olyan bark\u00e1csprojektek kipr\u00f3b\u00e1l\u00e1s\u00e1val, amelyek passzolnak a st\u00edlusodhoz. Haszn\u00e1lj p\u00e9ld\u00e1ul <strong>\u00fajrahasznos\u00edtott anyagokat<\/strong>, mint r\u00e9gi fa vagy f\u00e9m, \u00edgy tart\u00f3s, ugyanakkor k\u00fcl\u00f6nleges d\u00edszeket alkothatsz. Ha csal\u00e1di monogramot vagy kedvenc id\u00e9zetet is felteszel, igaz\u00e1n szem\u00e9lyess\u00e9 teheted a dekor\u00e1ci\u00f3t.<\/p>\n<p>Az id\u0151j\u00e1r\u00e1s viszontags\u00e1gait\u00f3l \u00fagy v\u00e9dd a m\u0171ved, hogy <strong>id\u0151j\u00e1r\u00e1s\u00e1ll\u00f3 fest\u00e9ket vagy lakkr\u00e9teget<\/strong> haszn\u00e1lsz. Pr\u00f3b\u00e1lj ki t\u00f6bbf\u00e9le sz\u00ednt \u00e9s text\u00far\u00e1t, hogy izgalmasabb legyen az \u00f6sszhat\u00e1s. A kezelt fa, f\u00e9m vagy strapab\u00edr\u00f3 textil mind j\u00f3 v\u00e1laszt\u00e1s k\u00fclt\u00e9rre.<\/p>\n<p><strong>A szem\u00e9lyes d\u00edszek nemcsak a h\u00e1z k\u00fclsej\u00e9t, de a hangulat\u00e1t is feldobj\u00e1k, \u00e9s igaz\u00e1n meghitt\u00e9 teszik a verand\u00e1t.<\/strong> Lehet sz\u00f3 ak\u00e1r egyedi t\u00e1bl\u00e1kr\u00f3l, ak\u00e1r saj\u00e1t \u00f6ssze\u00e1ll\u00edt\u00e1s\u00fa kompoz\u00edci\u00f3r\u00f3l, a l\u00e9nyeg, hogy minden elem harmoniz\u00e1ljon a veranda eg\u00e9sz st\u00edlus\u00e1val. Egy kis odafigyel\u00e9ssel \u00e9s alkot\u00f3kedvvel olyan dekor\u00e1ci\u00f3kat k\u00e9sz\u00edthetsz, amelyek egyszerre praktikusak \u00e9s l\u00e1tv\u00e1nyosak \u2013 \u00e9s gy\u00f6ny\u00f6r\u0171en t\u00fckr\u00f6zik az otthonod hangulat\u00e1t.<\/p>\n<\/details><details class=\"g-accordion \"><summary><h3>Mik az el\u0151nyei egy t\u00falm\u00e9retes fali \u00f3r\u00e1nak?<\/h3><\/summary>\n<p>Egy nagym\u00e9ret\u0171 fali \u00f3ra a verand\u00e1n nemcsak sz\u00e9p d\u00edsz, hanem hasznos is. Hatalmas m\u00e9ret\u00e9vel igaz\u00e1n felt\u0171n\u0151, \u00e9s r\u00f6gt\u00f6n feldobja a teret. <strong>Nagy sz\u00e1mlapja<\/strong> messzir\u0151l is j\u00f3l l\u00e1that\u00f3, ez\u00e9rt kifejezetten praktikus k\u00fclt\u00e9ren. R\u00e1ad\u00e1sul a k\u00fcl\u00f6nleges m\u00e9ret szinte b\u00e1rmilyen st\u00edlushoz, p\u00e9ld\u00e1ul <strong>rusztikus hangulathoz<\/strong> vagy <strong>modern eleganci\u00e1hoz<\/strong> is illik, \u00edgy karakteresebb\u00e9 v\u00e1lik a veranda. Ha <strong>id\u0151j\u00e1r\u00e1s\u00e1ll\u00f3 anyagb\u00f3l<\/strong> v\u00e1lasztod, sok\u00e1ig d\u00edsz\u00edtheted vele a verand\u00e1t an\u00e9lk\u00fcl, hogy t\u00f6nkremenne.<\/p>\n<\/details><details class=\"g-accordion \"><summary><h3>Miben seg\u00edthetnek a fali polcok a veranda d\u00edsz\u00edt\u00e9s\u00e9ben?<\/h3><\/summary>\n<p>A fali polcok nagyon praktikusak \u00e9s st\u00edlusosak a verand\u00e1n. Tov\u00e1bbi helyet biztos\u00edtanak p\u00e9ld\u00e1ul:<\/p>\n<ul>\n<li>d\u00edszt\u00e1rgyaknak,<\/li>\n<li>n\u00f6v\u00e9nyeknek,<\/li>\n<li>szem\u00e9lyes kedvenceidnek.<\/li>\n<\/ul>\n<p>Ha \u00fcgyesen rendezgeted ezeket a dolgokat, \u00e9rdekes, figyelemfelkelt\u0151 pontokat alak\u00edthatsz ki, amelyek egyediv\u00e9 teszik a verand\u00e1t. <strong>A polcokat b\u00e1rmikor \u00fajra dekor\u00e1lhatod \u2013 \u00e9vszakhoz vagy aktu\u00e1lis hangulathoz igaz\u00edtva \u2013, ez\u00e9rt mindig \u00faj arca lehet a verand\u00e1nak.<\/strong> A fali polcokkal egyszerre lesz rendezett \u00e9s kellemes a k\u00fclt\u00e9ri t\u00e9r.<\/p>\n<\/details><details class=\"g-accordion \"><summary><h3>Hogyan haszn\u00e1ld a t\u00fckr\u00f6ket a veranda faldekor\u00e1ci\u00f3j\u00e1ban?<\/h3><\/summary>\n<p>A t\u00fckr\u00f6k remek\u00fcl feldobj\u00e1k a veranda falait: nagyobbnak, vil\u00e1gosabbnak mutatj\u00e1k a teret, mert visszaverik a f\u00e9nyt. Ha j\u00f3l helyezed el a t\u00fckr\u00f6t, a legkisebb veranda is t\u00e1gasabbnak \u00e9s h\u00edvogat\u00f3bbnak \u00e9rz\u0151dik. V\u00e1lassz <strong>id\u0151j\u00e1r\u00e1s\u00e1ll\u00f3 kerettel<\/strong> rendelkez\u0151 t\u00fckr\u00f6t, hogy sok\u00e1ig haszn\u00e1lhasd kint. Ha a t\u00fck\u00f6r visszaveri p\u00e9ld\u00e1ul a n\u00f6v\u00e9nyeket vagy egy m\u00e1sik d\u00edszt, <strong>izgalmasabb\u00e1 \u00e9s hangulatosabb\u00e1 teszi a verand\u00e1t an\u00e9lk\u00fcl, hogy t\u00falzs\u00fafoltt\u00e1 v\u00e1lna a hely<\/strong>.<\/p>\n<\/details><details class=\"g-accordion \"><summary><h3>Hogyan haszn\u00e1ld a v\u00e1szonk\u00e9peket a verand\u00e1n?<\/h3><\/summary>\n<p>Egy-egy v\u00e1szonk\u00e9p vid\u00e1m sz\u00edneket \u00e9s karaktert visz a verand\u00e1ra. Hogy hossz\u00fa ideig sz\u00e9p maradjon, <strong>id\u0151j\u00e1r\u00e1s\u00e1ll\u00f3 v\u00e1szonb\u00f3l<\/strong> k\u00e9sz\u00fclt k\u00e9pet v\u00e1lassz, vagy helyezd \u00e1rny\u00e9kosabb, v\u00e9dett helyre. \u00cdgy sok\u00e1ig \u00e9l\u00e9nk marad a k\u00e9p. Ezek a v\u00e1szonk\u00e9pek remek k\u00f6zponti d\u00edszek, amikkel k\u00f6nnyed\u00e9n megmutathatod a st\u00edlusodat \u2013 legyen sz\u00f3 b\u00e1rmilyen dekor\u00e1ci\u00f3r\u00f3l, rusztikusr\u00f3l vagy modernr\u0151l. Ha j\u00f3l helyezed el a k\u00e9peket, <strong>vend\u00e9gv\u00e1r\u00f3, harmonikus teret kapsz<\/strong>, ami \u00f6sszehangban van a veranda t\u00f6bbi elem\u00e9vel.<\/p>\n<\/details><details class=\"g-accordion \"><summary><h3>Mik azok a f\u00e1b\u00f3l k\u00e9sz\u00fclt t\u00e1bl\u00e1k, \u00e9s hogyan haszn\u00e1lhatod \u0151ket a veranda d\u00edsz\u00edt\u00e9s\u00e9re?<\/h3><\/summary>\n<p>A fa t\u00e1bl\u00e1k egyszerre bar\u00e1ts\u00e1goss\u00e1 \u00e9s praktikusabb\u00e1 is teszik a verand\u00e1t. Lehetnek \u00fcdv\u00f6zl\u0151 t\u00e1bl\u00e1k vagy ak\u00e1r ir\u00e1nymutat\u00f3k \u2013 mindenk\u00e9ppen szem\u00e9lyess\u00e9 var\u00e1zsolj\u00e1k a bej\u00e1ratot. Kiv\u00e1l\u00f3an illenek rusztikus hangulathoz, de egy vintage vagy vid\u00e9ki st\u00edlus\u00fa verand\u00e1n is j\u00f3l mutatnak. <strong>Tart\u00f3s alapanyagb\u00f3l<\/strong>, p\u00e9ld\u00e1ul kezelt f\u00e1b\u00f3l k\u00e9sz\u00fclnek, \u00edgy kib\u00edrj\u00e1k a kinti id\u0151j\u00e1r\u00e1st, \u00e9s k\u00f6zben szebb\u00e9 teszik a teret.<\/p>\n<p>Ha szereted a szem\u00e9lyre szabhat\u00f3 dekor\u00e1ci\u00f3t, a fa t\u00e1bl\u00e1k <strong>szinte v\u00e9gtelen lehet\u0151s\u00e9get<\/strong> k\u00edn\u00e1lnak: csal\u00e1dnevet, id\u00e9zetet, \u00fcnnepi \u00fcdv\u00f6zletet is r\u00e1tehetsz. Ez sokat dob a veranda l\u00e1tv\u00e1ny\u00e1n, igaz\u00e1n h\u00edvogat\u00f3 lesz t\u0151le az otthonod. P\u00e1ros\u00edtsd a fa t\u00e1bl\u00e1kat f\u00e9m d\u00edszekkel vagy n\u00f6v\u00e9nyekkel, \u00edgy igaz\u00e1n harmonikus \u00e9s egyedi lesz a veranda st\u00edlusa.<\/p>\n<\/details> <details class=\"g-accordion \"><summary><h3>Mik azok a vintage elemek a torn\u00e1c faldekor\u00e1ci\u00f3j\u00e1n\u00e1l?<\/h3><\/summary>  <\/p>\n<p>Ha vintage elemeket viszel be a torn\u00e1cod falaira, az nagym\u00e9rt\u00e9kben n\u00f6velheti a hely hangulat\u00e1t \u00e9s egyedis\u00e9g\u00e9t. <strong>Antik feliratok<\/strong> nagyon n\u00e9pszer\u0171ek: egyszerre nosztalgikusak, \u00e9s kicsit a m\u00faltba is engednek betekint\u00e9st. Ezek a t\u00e1bl\u00e1k kopottas k\u00fclsej\u00fckkel \u00e9s klasszikus bet\u0171t\u00edpusukkal remek\u00fcl illenek a rusztikus vagy vid\u00e9ki st\u00edlushoz.<\/p>\n<ul>\n<li>\u00c9rdemes r\u00e9gi b\u00fatordarabokat, p\u00e9ld\u00e1ul kov\u00e1csoltvas padokat vagy r\u00e9gi fa sz\u00e9keket is elhelyezni,<\/li>\n<li>ezeket gondosan tedd a torn\u00e1codra, hogy k\u00e9nyelmes \u00e9s id\u0151tlen\u00fcl eleg\u00e1ns legyen a hangulat,<\/li>\n<li>a retr\u00f3 fali d\u00edszek is szuper\u00fcl viszik bele a vintage \u00e9rz\u00e9st.<\/li>\n<\/ul>\n<p>Olyan k\u00e9peket v\u00e1lassz, amelyek a r\u00e9gi id\u0151k sz\u00edneit, t\u00e9m\u00e1it vagy st\u00edlus\u00e1t id\u00e9zik. \u00cdgy a k\u00fcl\u00f6nf\u00e9le dekor\u00e1ci\u00f3k t\u00f6k\u00e9letesen \u00f6sszeillenek majd a torn\u00e1codon.<\/p>\n<p>Ha j\u00f3l v\u00e1lasztod ki \u00e9s rendezed el ezeket a r\u00e9gi hangulat\u00fa kieg\u00e9sz\u00edt\u0151ket, a torn\u00e1codb\u00f3l egy meghitt, bar\u00e1ts\u00e1gos helyet var\u00e1zsolhatsz, ahol a nosztalgia \u00e9s a modern \u00edzl\u00e9s j\u00f3l megf\u00e9rnek egym\u00e1s mellett.<\/p>\n<\/details>\n<details class=\"g-accordion \"><summary><h3>Hogyan lehet rusztikus torn\u00e1cdekor\u00e1ci\u00f3t el\u00e9rni fali d\u00edszekkel?<\/h3><\/summary>  <\/p>\n<p>Ha szeretn\u00e9d, hogy torn\u00e1cod igazi vid\u00e9ki mened\u00e9k legyen, v\u00e1lassz term\u00e9szetes anyagokat, f\u00f6ldsz\u00edneket \u00e9s t\u00e1jk\u00e9peket id\u00e9z\u0151 dekorokat. Kezdd <strong>f\u00e1b\u00f3l vagy f\u00e9mb\u0151l<\/strong> k\u00e9sz\u00fclt t\u00e1rgyakkal, ezek igaz\u00e1n k\u00fcl\u00f6nlegess\u00e9 teszik a teret. A barna, z\u00f6ld, vagy rozsda sz\u00ednek meleg \u00e9s otthonos hangulatot teremtenek.<\/p>\n<ul>\n<li>Rakj fel egyszer\u0171 felirat\u00fa, vagy term\u00e9szeti t\u00e9m\u00e1t \u00e1br\u00e1zol\u00f3 fat\u00e1bl\u00e1kat, \u00edgy m\u00e9g rusztikusabb lesz az \u00f6sszk\u00e9p,<\/li>\n<li>a k\u00fclt\u00e9ri f\u00e9m fali d\u00edszek, mint a falevelek vagy \u00e1llatok, igaz\u00e1n egyediv\u00e9 teszik a helyet, r\u00e1ad\u00e1sul j\u00f3l b\u00edrj\u00e1k az id\u0151j\u00e1r\u00e1st is,<\/li>\n<li>ha t\u00f6bb text\u00far\u00e1t szeretn\u00e9l, v\u00e1lassz term\u00e9szetes mint\u00e1j\u00fa vagy sz\u00edn\u0171 textileket falra,<\/li>\n<li>t\u00f6bbf\u00e9le anyagot \u2013 p\u00e9ld\u00e1ul v\u00e1sznat vagy zs\u00e1kv\u00e1sznat \u2013 is kombin\u00e1lhatsz, \u00edgy lesz m\u00e9lys\u00e9ge a t\u00e9rnek, de nem lesz zs\u00fafolt.<\/li>\n<li>Ha j\u00f3l kevered ezeket az elemeket, a torn\u00e1codb\u00f3l nyugodt, rusztikus hangulat\u00fa pihen\u0151hely v\u00e1lik, amit k\u00f6nny\u0171 rendben tartani \u00e9s sz\u00e9p is marad.<\/li>\n<\/ul>\n<\/details>\n<details class=\"g-accordion \"><summary><h3>Milyen tippek vannak a vid\u00e9ki st\u00edlus\u00fa torn\u00e1c dekor\u00e1l\u00e1s\u00e1hoz?<\/h3><\/summary>  <\/p>\n<p>Ha b\u00e1jos, farmh\u00e1z-st\u00edlus\u00fa torn\u00e1cot szeretn\u00e9l, kezdd <strong>feh\u00e9r<\/strong>, <strong>sz\u00fcrke<\/strong> vagy <strong>b\u00e9zs<\/strong> alapokkal. Ezek a nyugodt sz\u00ednek t\u00f6k\u00e9letes h\u00e1tteret adnak a paraszth\u00e1zi hangulatnak. Vintage d\u00edszekkel, p\u00e9ld\u00e1ul kopottas fat\u00e1bl\u00e1kkal vagy r\u00e9gi l\u00e1mp\u00e1sokkal vihetsz be egyedi hangulatot \u00e9s kis t\u00f6rt\u00e9nelmet is.<\/p>\n<p>Fontos a k\u00e9nyelmes \u00fcl\u0151hely is. Egy puha hintasz\u00e9k vagy r\u00e9gi fapad sokat dob a hangulaton, amit egyszer\u0171 mint\u00e1s, puha p\u00e1rn\u00e1kkal m\u00e9g bar\u00e1ts\u00e1gosabb\u00e1 tehetsz \u2013 \u00edgy t\u00e9nyleg farmh\u00e1z \u00e9rzetet keltesz.<\/p>\n<ul>\n<li>Haszn\u00e1lj min\u00e9l t\u00f6bb term\u00e9szetes anyagot, mint a fa vagy a f\u00e9m, \u00edgy m\u00e9g jobban kij\u00f6n a st\u00edlus,<\/li>\n<li>a horganyzott kasp\u00f3k remek\u00fcl mutatnak benne friss z\u00f6lddel vagy szezon\u00e1lis vir\u00e1gokkal,<\/li>\n<li>\u00edgy lesz igaz\u00e1n sz\u00e9p \u00e9s friss a torn\u00e1cod.<\/li>\n<\/ul>\n<p><strong>Ne feledd: a kevesebb t\u00f6bb \u2013 ne pakold tele t\u00fal sok d\u00edsz\u00edt\u00e9ssel!<\/strong> V\u00e1lassz ink\u00e1bb n\u00e9h\u00e1ny d\u00edszt, ami igaz\u00e1n a vid\u00e9ki st\u00edlust k\u00e9pviseli, \u00e9s \u00edgy egyszerre lesz k\u00e9nyelmes \u00e9s mutat\u00f3s a torn\u00e1cod.<\/p>\n<\/details>\n<details class=\"g-accordion \"><summary><h3>Hogyan haszn\u00e1lj farmh\u00e1z jelleg\u0171 vil\u00e1g\u00edt\u00e1st a torn\u00e1codon?<\/h3><\/summary>  <\/p>\n<p>Egy <strong>farmh\u00e1z vil\u00e1g\u00edt\u00e1s<\/strong> nagyban fokozhatja a torn\u00e1cod hangulat\u00e1t. V\u00e1lassz meleg f\u00e9ny\u0171 l\u00e1mp\u00e1kat, mint p\u00e9ld\u00e1ul fonott f\u00fcgg\u0151l\u00e1mp\u00e1k vagy f\u00e9nyf\u0171z\u00e9rek. Ezek egyszerre otthonosabb\u00e1 teszik a teret, \u00e9s st\u00edlusosak is \u2013 t\u00f6k\u00e9letesen illenek egy bar\u00e1ts\u00e1gos esti \u00f6sszej\u00f6vetelhez.<\/p>\n<p>Haszn\u00e1lhatsz l\u00e1mp\u00e1sokat <strong>Edison-izz\u00f3kkal<\/strong>, hogy m\u00e9g eredetibb farmh\u00e1z-hangulatot kapj. Ezek l\u00e1gy f\u00e9nye melegs\u00e9get, \u00e9s egyben rusztikus hat\u00e1st is k\u00f6lcs\u00f6n\u00f6z a torn\u00e1codnak. Ezeket \u00fagy helyezd el, hogy kiemelj\u00e9k a f\u0151bb r\u00e9szeket, p\u00e9ld\u00e1ul az \u00fcl\u0151helyeket vagy dekor elemeket.<\/p>\n<p>M\u00e9g t\u00f6bb egyedis\u00e9ghez v\u00e1lassz falil\u00e1mp\u00e1kat, melyek anyaga fa vagy f\u00e9m \u2013 ezek j\u00f3l illenek a farmh\u00e1z st\u00edlus\u00e1hoz, l\u00e1tv\u00e1nyosak \u00e9s tart\u00f3sak is a szabadban.<\/p>\n<p><strong>Ha \u00e1tgondoltan haszn\u00e1lod ezeket a vil\u00e1g\u00edt\u00f3 d\u00edszeket, a torn\u00e1codb\u00f3l igaz\u00e1n h\u00edvogat\u00f3, pihen\u00e9sre vagy vend\u00e9gfogad\u00e1sra is t\u00f6k\u00e9letes hely lesz.<\/strong><\/p>\n<\/details>\n<details class=\"g-accordion \"><summary><h3>Hogyan alkalmazz torn\u00e1c fali dekorokat hat\u00e9konyan?<\/h3><\/summary>  <\/p>\n<p>Ha sz\u00e9p, egys\u00e9ges \u00f6sszk\u00e9pet szeretn\u00e9l, fali d\u00edsz\u00edt\u00e9sn\u00e9l vegy\u00edts <strong>fa<\/strong>, <strong>f\u00e9m<\/strong> \u00e9s <strong>textil<\/strong> anyagokat. Ezekb\u0151l v\u00e1ltozatos m\u00e9ret\u0171 \u00e9s st\u00edlus\u00fa d\u00edszeket haszn\u00e1lhatsz, \u00edgy \u00e9rdekes \u00e9s harmonikus marad az \u00f6sszhat\u00e1s.<\/p>\n<p>Mindig vedd figyelembe a torn\u00e1cod st\u00edlus\u00e1t, amikor kiv\u00e1lasztod a dekor\u00e1ci\u00f3t. Ha p\u00e9ld\u00e1ul <strong>rusztikus hangulat<\/strong> a c\u00e9l, akkor kombin\u00e1ld a f\u00e9mmel d\u00edsz\u00edtett fat\u00e1bl\u00e1kat. Sz\u00ednben is \u00fcgyelj r\u00e1, hogy igazodjanak a m\u00e1r megl\u00e9v\u0151 dekorhoz.<\/p>\n<p><strong>A nagyobb d\u00edszek<\/strong> remek\u00fcl felh\u00edvj\u00e1k a figyelmet egy-egy pontra, m\u00edg a kisebb elemeket eloszthatod k\u00f6r\u00fcl\u00f6tt\u00fck, hogy hangulatos maradjon a t\u00e9r \u00e9s ne legyen t\u00falzs\u00fafolt.<\/p>\n<p>Ha j\u00f3l v\u00e1logatod \u00e9s rendezed el a fali d\u00edszeket, olyan torn\u00e1cot kapsz, ami igaz\u00e1n t\u00fckr\u00f6zi a st\u00edlusodat, \u00e9s k\u00f6zben praktikus \u00e9s h\u00edvogat\u00f3 is marad.<\/p>\n<\/details>\n<details class=\"g-accordion \"><summary><h3>Milyen hat\u00e1ssal vannak a t\u00f3nusos falfest\u00e9kek a torn\u00e1c dekor\u00e1ci\u00f3j\u00e1ra?<\/h3><\/summary>  <\/p>\n<p><strong>A t\u00f3nusos falfest\u00e9kek<\/strong> kulcsfontoss\u00e1g\u00faak a torn\u00e1c d\u00edsz\u00edt\u00e9s\u00e9ben \u2013 ezek nyugodt, egys\u00e9ges teret teremtenek. Ilyen \u00e1rnyalatok t\u00f6k\u00e9letesen kieg\u00e9sz\u00edtik a megl\u00e9v\u0151 b\u00fatorokat \u00e9s a fali dekor\u00e1ci\u00f3t, \u00edgy szebb lesz az \u00f6sszhat\u00e1s. <strong>A halv\u00e1nyabb, tomp\u00e1bb sz\u00ednek nemcsak pihentet\u0151ek, hanem sokf\u00e9le st\u00edlussal j\u00f3l mutatnak<\/strong> a torn\u00e1con. Ezek az \u00e1rnyalatok k\u00f6nnyed\u00e9n \u00f6sszefogj\u00e1k a k\u00fcl\u00f6nb\u00f6z\u0151 dekor\u00e1ci\u00f3kat, mik\u00f6zben harm\u00f3ni\u00e1ba ker\u00fclnek a h\u00e1z k\u00fclsej\u00e9vel is. Az ilyen \u00e1tgondolt sz\u00ednv\u00e1laszt\u00e1ssal <strong>eleg\u00e1ns \u00e9s nyugodt k\u00fclt\u00e9ri \u00e9letteret<\/strong> teremthetsz.<\/p>\n<\/details>\n<details class=\"g-accordion \"><summary><h3>Hogyan \u00e9rhetsz el letisztult, minimalista torn\u00e1cdekor\u00e1ci\u00f3t?<\/h3><\/summary>  <\/p>\n<p>Egy <strong>minimalista torn\u00e1c<\/strong> titka az egyszer\u0171s\u00e9g \u00e9s funkcionalit\u00e1s. V\u00e1lassz kev\u00e9s, de sz\u00e9p \u00e9s hasznos b\u00fatort. Maradj a semleges sz\u00ednekn\u00e9l: <strong>feh\u00e9r<\/strong>, <strong>sz\u00fcrke<\/strong> vagy <strong>b\u00e9zs<\/strong> alapokkal biztos a letisztult, egys\u00e9ges \u00f6sszhat\u00e1s. Ezek a sz\u00ednek j\u00f3l illenek b\u00e1rmilyen st\u00edlushoz.<\/p>\n<ul>\n<li>V\u00e1lassz sokoldal\u00fa b\u00fatort,<\/li>\n<li>p\u00e9ld\u00e1ul egy padot be\u00e9p\u00edtett t\u00e1rol\u00f3val, hogy egyszerre legyen hely \u00fclni \u00e9s rendezetten tartani mindent,<\/li>\n<li>ne zs\u00fafold t\u00fal a teret \u2013 hagyj teret minden darabnak, \u00edgy igaz\u00e1n j\u00f3l \u00e9rv\u00e9nyes\u00fclnek.<\/li>\n<\/ul>\n<p>Haszn\u00e1lj term\u00e9szetes anyagokat, p\u00e9ld\u00e1ul f\u00e1t vagy f\u00e9met \u2013 ezek egyszer\u0171, de eleg\u00e1ns text\u00far\u00e1t visznek be, an\u00e9lk\u00fcl hogy t\u00fal hangs\u00falyosak lenn\u00e9nek. Egy szer\u00e9ny fat\u00e1bla vagy letisztult f\u00e9md\u00edsz t\u00f6k\u00e9letesen illik ebbe a st\u00edlusba.<\/p>\n<ul>\n<li>Csek\u00e9ly mennyis\u00e9g\u0171 n\u00f6v\u00e9ny is feldobja,<\/li>\n<li>v\u00e1lassz kev\u00e9s gondoz\u00e1st ig\u00e9nyl\u0151 fajt\u00e1kat pici cserepekbe vagy fali kasp\u00f3kba,<\/li>\n<li>a rend mindig legyen meg a t\u00e9rben.<\/li>\n<\/ul>\n<p>A vil\u00e1g\u00edt\u00e1s legyen finom, m\u00e9gis elegend\u0151 \u2013 <strong>gyeng\u00e9d f\u00e9nyf\u0171z\u00e9r<\/strong> vagy visszafogott fali l\u00e1mpa t\u00f6k\u00e9letes, hiszen nem vonja el a figyelmet, de j\u00f3l megvil\u00e1g\u00edtja a teret.<\/p>\n<p>Ezekre az elemekre koncentr\u00e1lva st\u00edlusos, k\u00e9nyelmes \u00e9s egyszer\u0171 torn\u00e1cot teremthetsz \u2013 mintha csak a lak\u00e1sod folytat\u00e1sa lenne a szabadban.<\/p>\n<\/details>\n<details class=\"g-accordion \"><summary><h3>Hogyan lehet \u00e9l\u00e9nk sz\u00edneket haszn\u00e1lni a torn\u00e1c dekor\u00e1l\u00e1s\u00e1n\u00e1l?<\/h3><\/summary>  <\/p>\n<p>Ha energikusabb\u00e1, lend\u00fcletesebb\u00e9 tenn\u00e9d a torn\u00e1codat, v\u00e1lassz mer\u00e9sz, vid\u00e1m sz\u00edneket. Ind\u00edthatsz \u00e9l\u00e9nk sz\u00edn\u0171 p\u00e1rn\u00e1kkal, figyelemfelkelt\u0151 fali k\u00e9pekkel vagy sz\u00ednes vir\u00e1gl\u00e1d\u00e1kkal \u2013 ezek azonnal magukra vonj\u00e1k a tekintetet, \u00e9s feldobj\u00e1k a helyet.<\/p>\n<p>Figyelj arra, hogy a hars\u00e1ny sz\u00ednek mell\u00e9 semleges \u00e1rnyalatokat v\u00e1lassz a t\u00f6bbi b\u00fatorhoz, hogy kellemes, harmonikus maradjon az \u00f6sszhang.<\/p>\n<p>K\u00eds\u00e9rletezz: egy k\u00fcl\u00f6nleges vir\u00e1gl\u00e1da kihangs\u00falyozhat egy adott r\u00e9szt, m\u00edg egy \u00e9l\u00e9nk fali d\u00edsz az eg\u00e9sz teret vid\u00e1mabb\u00e1 teszi.<\/p>\n<p>Fontos, hogy a sz\u00ednes elemekhez <strong>id\u0151j\u00e1r\u00e1s\u00e1ll\u00f3 anyagokat<\/strong> haszn\u00e1lj, \u00edgy sok\u00e1ig mutat\u00f3sak maradnak kint is. Ha j\u00f3l v\u00e1logatod \u00f6ssze a vid\u00e1m sz\u00edneket, a torn\u00e1cod egy bar\u00e1ts\u00e1gos, \u00e9lettel teli k\u00fclt\u00e9ri szob\u00e1v\u00e1 v\u00e1ltozik, ahol igaz\u00e1n megmutathatod a saj\u00e1t st\u00edlusod is.<\/p>\n<\/details>\n<details class=\"g-accordion \"><summary><h3>Mik a kontrasztos sz\u00ednek a torn\u00e1c fali m\u0171v\u00e9szet\u00e9ben?<\/h3><\/summary>  <\/p>\n<p>A kontrasztos sz\u00ednek izgalmasabb\u00e1 \u00e9s mutat\u00f3sabb\u00e1 teszik a fali dekor\u00e1ci\u00f3t, kiemelik az egyes r\u00e9szeket. Ha p\u00e9ld\u00e1ul <strong>k\u00e9ket narancss\u00e1rg\u00e1val<\/strong>, <strong>pirosat z\u00f6lddel<\/strong> vagy <strong>s\u00e1rg\u00e1t lil\u00e1val<\/strong> p\u00e1ros\u00edtasz, igaz\u00e1n felt\u0171n\u0151 lesz a falik\u00e9p.<\/p>\n<p>Ha a falak h\u0171v\u00f6sebb \u00e1rnyalat\u00faak \u2013 mondjuk k\u00e9kek vagy z\u00f6ldek \u2013, tehetsz mell\u00e9j\u00fck narancss\u00e1rga vagy piros dekor\u00e1ci\u00f3t, \u00edgy \u00e9l\u00e9nkebb lesz az \u00f6sszk\u00e9p. Ezek a sz\u00ednek m\u00e9lys\u00e9get \u00e9s karaktert adnak, de ne vidd t\u00falz\u00e1sba \u2013 ha t\u00fal sok az ellent\u00e9t, zavar\u00f3 lehet. Haszn\u00e1lj feh\u00e9ret vagy sz\u00fcrk\u00e9t az \u00e9l\u00e9nk sz\u00ednek k\u00f6z\u00e9, hogy sz\u00e9p \u00e1tmenetek legyenek.<\/p>\n<p><strong>A kontrasztos sz\u00ednek seg\u00edtenek kijel\u00f6lni a t\u00e9r egyes r\u00e9szeit<\/strong>. Egy vil\u00e1gos sz\u00edn\u0171 fal kiemelheti p\u00e9ld\u00e1ul az \u00fcl\u0151r\u00e9sz m\u00f6g\u00f6tti szakaszt. \u00cdgy a torn\u00e1cod nemcsak szebb lesz, hanem egys\u00e9gesebb is az \u00f6sszhat\u00e1s.<\/p>\n<\/details>\n<details class=\"g-accordion \"><summary><h3>Hogyan v\u00e1laszd ki a megfelel\u0151 sz\u00edneket \u00e9s fest\u00e9ket a torn\u00e1codra?<\/h3><\/summary>  <\/p>\n<p>Ha szeretn\u00e9l bar\u00e1ts\u00e1gos k\u00fclt\u00e9ri terecsk\u00e9t, fontos, milyen sz\u00edneket \u00e9s fest\u00e9ket v\u00e1lasztasz a torn\u00e1codra. El\u0151sz\u00f6r n\u00e9zd meg, milyen st\u00edlus\u00fa a h\u00e1zad.<\/p>\n<ul>\n<li>Ha hagyom\u00e1nyos, j\u00f3 a feh\u00e9r, b\u00e9zs vagy halv\u00e1nysz\u00fcrke \u2013 id\u0151t\u00e1ll\u00f3, eleg\u00e1ns st\u00edlus,<\/li>\n<li>a mer\u00e9szebb sz\u00ednek pedig a modern h\u00e1zakhoz illenek j\u00f3l.<\/li>\n<\/ul>\n<p>K\u00f6rnyezeted is sz\u00e1m\u00edt a sz\u00ednv\u00e1laszt\u00e1sn\u00e1l.<\/p>\n<ul>\n<li>A f\u00f6ldsz\u00ednek j\u00f3l illenek a term\u00e9szetes k\u00f6rnyezethez,<\/li>\n<li>a v\u00e1rosban viszont b\u00e1tran v\u00e1lassz \u00e9l\u00e9nkebb \u00e1rnyalatokat, hogy kit\u0171nj\u00f6n a torn\u00e1cod.<\/li>\n<\/ul>\n<p>Fontos, milyen hangulatot szeretn\u00e9l:<\/p>\n<ul>\n<li>a meleg s\u00e1rga vagy piros \u00e1rnyalatok bar\u00e1ts\u00e1gos hangulatot adnak,<\/li>\n<li>a hidegebb k\u00e9k vagy z\u00f6ld sz\u00ednek pihentetnek.<\/li>\n<\/ul>\n<p>Ha fest\u00e9ket v\u00e1lasztasz, mindenk\u00e9pp <strong>id\u0151j\u00e1r\u00e1s\u00e1ll\u00f3 term\u00e9ket<\/strong> keress, \u00edgy sok\u00e1ig sz\u00e9p marad a fest\u00e9s, b\u00e1rhogyan v\u00e1ltozzon is az id\u0151.<\/p>\n<p>\u00d6sszefoglalva: v\u00e1laszd a torn\u00e1choz a h\u00e1z st\u00edlus\u00e1nak megfelel\u0151 sz\u00edneket, \u00e9s gondolj a k\u00f6rnyezetre is. <strong>Ezzel a m\u00f3dszerrel nemcsak sz\u00e9p\u00edted, hanem hossz\u00fa t\u00e1von is v\u00e9ded is majd a k\u00fclt\u00e9ri el\u0151teret.<\/strong><\/p>\n<\/details>\n<details class=\"g-accordion \"><summary><h3>Milyen tan\u00e1csokat \u00e9rdemes megfogadni, ha \u00fajrafested a bej\u00e1rati ajt\u00f3t?<\/h3><\/summary>  <\/p>\n<p><strong>A bej\u00e1rati ajt\u00f3 fest\u00e9se<\/strong> egyszer\u0171, de nagyon l\u00e1tv\u00e1nyos m\u00f3dja annak, hogy feldobd az otthonod k\u00fclsej\u00e9t. V\u00e1lassz <strong>id\u0151j\u00e1r\u00e1s\u00e1ll\u00f3 fest\u00e9ket<\/strong>, \u00e9s olyan sz\u00ednt, ami illik a h\u00e1zhoz \u2013 maradhatsz a klasszikus sz\u00ednekn\u00e9l, vagy lehetsz mer\u00e9szebb, ha felt\u0171n\u0151bb bej\u00e1ratot szeretn\u00e9l.<\/p>\n<p>Az el\u0151k\u00e9sz\u00edt\u00e9s kulcsfontoss\u00e1g\u00fa, ha sz\u00e9p v\u00e9geredm\u00e9nyt akarsz:<\/p>\n<ul>\n<li>szedd le az \u00f6sszes kilincset, zsan\u00e9rt \u00e9s d\u00edszt a fest\u00e9s el\u0151tt,<\/li>\n<li>alaposan tiszt\u00edtsd meg az ajt\u00f3t, hogy por \u00e9s zs\u00edr ne maradjon rajta,<\/li>\n<li>enyh\u00e9n csiszold \u00e1t, hogy kiegyenl\u00edtsd a fel\u00fcletet,<\/li>\n<li>ha sz\u00fcks\u00e9ges, haszn\u00e1lj alapoz\u00f3t, hogy jobban tapadjon majd a fest\u00e9k.<\/li>\n<\/ul>\n<p>Fest\u00e9sn\u00e9l haszn\u00e1lj j\u00f3 min\u0151s\u00e9g\u0171 ecsetet vagy hengert. <strong>T\u00f6bb v\u00e9kony r\u00e9teget vigy\u00e9l fel, ne egy vastagot<\/strong> \u2013 \u00edgy nem lesz cs\u00edkos vagy foltos. Mindig hagyd megsz\u00e1radni, miel\u0151tt \u00fajabb r\u00e9teget festen\u00e9l, tartsd be a fest\u00e9k sz\u00e1rad\u00e1si idej\u00e9t.<\/p>\n<p>Amikor teljesen megsz\u00e1radt, tedd vissza a vasalatokat, \u00e9s k\u00e9szen is van a meg\u00fajult ajt\u00f3. Ezeket a l\u00e9p\u00e9seket betartva <strong>sok\u00e1ig sz\u00e9p marad a bej\u00e1ratod<\/strong>, \u00e9s mindenkit leny\u0171g\u00f6z majd.<\/p>\n<\/details>\n<details class=\"g-accordion \"><summary><h3>Hogyan lehet otthonos, bar\u00e1ts\u00e1gos bej\u00e1rati torn\u00e1cot kialak\u00edtani fali dekorral?<\/h3><\/summary>  <\/p>\n<p>Az igaz\u00e1n kuck\u00f3s, bar\u00e1ts\u00e1gos torn\u00e1c titka, hogy melegs\u00e9get \u00e9s pihen\u00e9st sug\u00e1rz\u00f3 elemeket haszn\u00e1lj. Tegy\u00e9l fel <strong>meleg f\u00e9ny\u0171 l\u00e1mp\u00e1kat<\/strong>, p\u00e9ld\u00e1ul f\u00e9nyf\u00fcz\u00e9reket vagy l\u00e1mp\u00e1sokat \u2013 ezek kellemes hangulatot teremtenek. K\u00e9nyelmes \u00fcl\u0151helyek is kellenek: gondolj hintasz\u00e9kre vagy puha p\u00e1rn\u00e1s padra, hogy minden vend\u00e9g sz\u00edvesen id\u0151zz\u00f6n n\u00e1lad. K\u00fclt\u00e9ri sz\u0151nyegek \u00e9s d\u00edszp\u00e1rn\u00e1k m\u00e9g otthonosabb\u00e1 teszik a torn\u00e1cot.<\/p>\n<p>N\u00f6v\u00e9nyekkel egyszer\u0171en bevonhatod a term\u00e9szetet: f\u00fcgg\u0151 kasp\u00f3k vagy falra r\u00f6gz\u00edtett kis kertek nagyon mutat\u00f3sak, \u00e9s nem foglalj\u00e1k a helyet. V\u00e1lassz <strong>id\u0151j\u00e1r\u00e1s\u00e1ll\u00f3 textileket<\/strong>, hogy hossz\u00fa ideig sz\u00e9pek maradjanak a p\u00e1rn\u00e1k.<\/p>\n<p>A fali dekor\u00e1ci\u00f3 alapvet\u0151 a l\u00e1tv\u00e1ny szempontj\u00e1b\u00f3l. Egyedi f\u00e9m t\u00e1bl\u00e1k vagy fa falik\u00e9pek sz\u00ednesebb\u00e9 teszik a bej\u00e1ratot, egy j\u00f3l elhelyezett t\u00fck\u00f6r pedig visszaveri a f\u00e9nyt, \u00edgy t\u00e1gasabbnak t\u0171nik a hely.<\/p>\n<p><strong>Ha mindent j\u00f3l \u00e1tgondolsz, a torn\u00e1cod igazi pihen\u0151sarokk\u00e1 alakul, ami egyszerre praktikus \u00e9s bar\u00e1ts\u00e1gos \u2013 ide\u00e1lis pihen\u00e9shez, vagy k\u00f6z\u00f6s id\u0151t\u00f6lt\u00e9shez.<\/strong><\/p>\n<\/details>\n<details class=\"g-accordion \"><summary><h3>Milyen \u00f6tletek vannak kis bej\u00e1rati torn\u00e1c berendez\u00e9s\u00e9re?<\/h3><\/summary>  <\/p>\n<p>Ha kicsi a bej\u00e1rati torn\u00e1cod, haszn\u00e1ld ki a f\u00fcgg\u0151leges teret, \u00e9s olyan b\u00fatorokat v\u00e1lassz, amelyek helytakar\u00e9kosak. Fali kasp\u00f3k vagy f\u00fcgg\u0151leges mini kertek t\u00f6k\u00e9letesek, ha z\u00f6ldet szeretn\u00e9l, de kev\u00e9s a hely \u2013 r\u00e1ad\u00e1sul m\u00e9g a leveg\u0151t is friss\u00edtik. \u00dcl\u00e9shez v\u00e1lassz \u00f6sszecsukhat\u00f3 sz\u00e9keket vagy t\u00e1rol\u00f3s padot, \u00edgy rendet is tartasz.<\/p>\n<ul>\n<li><strong>T\u00fckr\u00f6kkel optikailag t\u00e1g\u00edthatod a teret<\/strong> \u2013 t\u00f6bb f\u00e9nyt vernek vissza, ez\u00e9rt nagyobbnak l\u00e1tszik a torn\u00e1c,<\/li>\n<li>\u00e9l\u00e9nk sz\u00edn\u0171 p\u00e1rn\u00e1kkal vagy apr\u00f3 d\u00edszekkel feldobhatod az \u00f6sszhat\u00e1st an\u00e9lk\u00fcl, hogy zs\u00fafolt lenne,<\/li>\n<li>a vil\u00e1g\u00edt\u00e1s se maradjon ki; egy f\u00e9nyf\u0171z\u00e9r vagy l\u00e1mp\u00e1s kellemes hangulatot ad,<\/li>\n<li>mindig tart\u00f3s, <strong>id\u0151j\u00e1r\u00e1s\u00e1ll\u00f3 anyagokat<\/strong> haszn\u00e1lj, \u00edgy sz\u00e9p marad minden dekor\u00e1ci\u00f3 v\u00e1ltoz\u00f3 id\u0151ben is.<\/li>\n<li>Ha j\u00f3l kombin\u00e1lod a praktik\u00e1t \u00e9s a st\u00edlust, kis torn\u00e1codb\u00f3l is lehet igaz\u00e1n h\u00edvogat\u00f3, szem\u00e9lyes el\u0151t\u00e9r.<\/li>\n<\/ul>\n<\/details>\n<details class=\"g-accordion \"><summary><h3>Hogyan dobhatod fel a bej\u00e1ratot fali d\u00edszekkel?<\/h3><\/summary>  <\/p>\n<p><strong>A torn\u00e1c fali dekor\u00e1ci\u00f3j\u00e1val<\/strong> az el\u0151szoba igaz\u00e1n bar\u00e1ts\u00e1gos \u00e9s egyedi lesz. Olyan darabokat v\u00e1lassz, amik t\u00fckr\u00f6zik a st\u00edlusod, \u00e9s illenek a bej\u00e1rat d\u00edsz\u00edt\u00e9s\u00e9hez. Legyen sz\u00f3 rusztikus, modern vagy paraszth\u00e1zas hangulatr\u00f3l, fontos, hogy minden passzoljon egym\u00e1shoz.<\/p>\n<p><strong>A k\u00fclt\u00e9ri fali f\u00e9mdekor\u00e1ci\u00f3<\/strong> tart\u00f3s \u00e9s l\u00e1tv\u00e1nyos \u2013 b\u00edrja az id\u0151j\u00e1r\u00e1st, \u00e9s azonnal felh\u00edvja mag\u00e1ra a figyelmet. <strong>Szem\u00e9lyre szabott f\u00e9m t\u00e1bl\u00e1kkal<\/strong> pedig kedves \u00fcdv\u00f6zl\u00e9ssel v\u00e1rhatod a vend\u00e9geket.<\/p>\n<p>Ha k\u00fcl\u00f6nf\u00e9le anyagokat \u00e9s sz\u00edneket kombin\u00e1lsz, m\u00e9g izgalmasabb lesz az \u00f6sszk\u00e9p. P\u00e9ld\u00e1ul j\u00f3l mutat egy\u00fctt a v\u00e1szonk\u00e9p \u00e9s a falra rakott fat\u00e1bla. Egy j\u00f3l elhelyezett t\u00fck\u00f6r pedig feldobja a bej\u00e1ratot, mert t\u00f6bb f\u00e9ny lesz, \u00e9s nagyobbnak t\u0171nik a t\u00e9r.<\/p>\n<p>Ha \u00e1tgondoltan v\u00e1lasztasz <strong>fali torn\u00e1c dekor\u00e1ci\u00f3t<\/strong>, az el\u0151t\u00e9r nemcsak st\u00edlusosabb lesz, de a vend\u00e9geket is bar\u00e1ts\u00e1gosabban fogadja majd az otthonod.<\/p>\n<\/details>\n<details class=\"g-accordion \"><summary><h3>Milyen fali d\u00edsz\u00edt\u00e9si \u00f6tletek vannak a nyugodt hangulat\u00fa teraszhoz?<\/h3><\/summary>  <\/p>\n<p>V\u00e1ltoztasd a teraszt igazi pihen\u0151helly\u00e9 nyugtat\u00f3 fali k\u00e9pekkel. V\u00e1lassz l\u00e1gy sz\u00edneket \u00e9s a term\u00e9szet vil\u00e1g\u00e1t id\u00e9z\u0151 d\u00edszeket, ezek meghitt hangulatot teremtenek. V\u00edzi elemek \u2013 p\u00e9ld\u00e1ul kis sz\u00f6k\u0151kutak \u2013 finom csobog\u00e1ssal seg\u00edtik a relax\u00e1l\u00e1st. N\u00f6v\u00e9nyekkel vagy f\u00fcgg\u0151leges mini kertekkel m\u00e9g szebb \u2013 \u00e9s eg\u00e9szs\u00e9gesebb \u2013 lesz a t\u00e9r.<\/p>\n<ul>\n<li>Term\u00e9szet t\u00e9m\u00e1j\u00fa k\u00e9pekkel, p\u00e9ld\u00e1ul t\u00e1jk\u00e9pekkel vagy vir\u00e1gos printekkel k\u00f6nnyed\u00e9n behozhatod a term\u00e9szet hangulat\u00e1t a teraszra,<\/li>\n<li>minden anyag legyen id\u0151j\u00e1r\u00e1s\u00e1ll\u00f3, \u00edgy a dekor\u00e1ci\u00f3d hossz\u00fa ideig mutat\u00f3s marad,<\/li>\n<li>ha ezeket az \u00f6tleteket k\u00f6veted, a terasz igazi, st\u00edlusos mened\u00e9kk\u00e9 lesz, ahol k\u00f6nny\u0171 kiszakadni a mindennapokb\u00f3l.<\/li>\n<\/ul>\n<\/details>\n","protected":false},"excerpt":{"rendered":"<p>A torn\u00e1codat sokkal k\u00f6nnyebben \u00e1talak\u00edthatod bar\u00e1ts\u00e1gos, h\u00edvogat\u00f3 t\u00e9rr\u00e9, mint gondoln\u00e1d \u2013 f\u0151leg, ha j\u00f3l v\u00e1lasztod meg a faldekor\u00e1ci\u00f3kat. Ak\u00e1r rusztikus fa t\u00e1bl\u00e1k, ak\u00e1r id\u0151j\u00e1r\u00e1s\u00e1ll\u00f3 f\u00e9m dekorok mellett d\u00f6ntesz, szinte v\u00e9gtelen a lehet\u0151s\u00e9g arra, hogy a szabadt\u00e9ri r\u00e9szt teljesen a saj\u00e1t \u00edzl\u00e9sedre alak\u00edtsd. A tudatos v\u00e1logat\u00e1s nemcsak a h\u00e1zad k\u00fclsej\u00e9t teszi mutat\u00f3sabb\u00e1, de csal\u00e1dtagjaidat \u00e9s vend\u00e9geidet is sz\u00edvesen fogadja majd. Olyan&hellip;<\/p>\n","protected":false},"author":12,"featured_media":8123,"comment_status":"closed","ping_status":"closed","sticky":false,"template":"","format":"standard","meta":{"rank_math_focus_keyword":"terasz fali dekor\u00e1ci\u00f3 \u00f6tletek","rank_math_title":"Legjobb terasz fali dekor\u00e1ci\u00f3 \u00f6tletek leny\u0171g\u00f6z\u0151 k\u00fclt\u00e9ri t\u00e9rhez","rank_math_description":"**Fedezz fel egyedi torn\u00e1c fald\u00edsz \u00f6tleteket a k\u00fcls\u0151 t\u00e9r feldob\u00e1s\u00e1hoz. Alak\u00edtsd \u00e1t a torn\u00e1codat st\u00edlusos \u00e9s kreat\u00edv dekor\u00e1ci\u00f3kkal.**","footnotes":""},"categories":[141],"tags":[],"class_list":["post-8294","post","type-post","status-publish","format-standard","has-post-thumbnail","hentry","category-kulteri-dekoraciok"],"g_custom_schema_json":"<script type=\"application\/ld+json\">\n{\n  \"@context\": \"https:\/\/schema.org\",\n  \"@type\": \"FAQPage\",\n  \"mainEntity\": [\n    {\n      \"@type\": \"Question\",\n      \"name\": \"Milyen kreat\u00edv \u00f6tletekkel d\u00edsz\u00edtheted a verand\u00e1d falait?\",\n      \"acceptedAnswer\": {\n        \"@type\": \"Answer\",\n        \"text\": \"K\u00f6nnyen hangulatos kuck\u00f3v\u00e1 var\u00e1zsolhatod a verand\u00e1dat kreat\u00edv fali dekor\u00e1ci\u00f3val. Pr\u00f3b\u00e1ld ki a rusztikus vagy vid\u00e9ki st\u00edlust, amelyekn\u00e9l term\u00e9szetes anyagok \u00e9s f\u00f6ldsz\u00ednek adnak melegs\u00e9get a t\u00e9rnek. A k\u00fclt\u00e9ri f\u00e9m m\u0171alkot\u00e1sok tart\u00f3sak \u00e9s st\u00edlusosak, \u00edgy remek k\u00f6zponti d\u00edszei lehetnek a verand\u00e1nak.\"\n      }\n    },\n    {\n      \"@type\": \"Question\",\n      \"name\": \"Hogyan alak\u00edthatja \u00e1t a k\u00fclt\u00e9ri fali dekor\u00e1ci\u00f3 a teredet?\",\n      \"acceptedAnswer\": {\n        \"@type\": \"Answer\",\n        \"text\": \"A k\u00fclt\u00e9ri fali dekor\u00e1ci\u00f3 szebb\u00e9 \u00e9s praktikusabb\u00e1 is teheti az udvarodat vagy verand\u00e1dat. Ha felteszel p\u00e9ld\u00e1ul f\u00e9m fali d\u00edszeket vagy egyedi t\u00e1bl\u00e1kat, bar\u00e1ts\u00e1goss\u00e1 \u00e9s h\u00edvogat\u00f3v\u00e1 var\u00e1zsolhatod a bej\u00e1ratot, \u00e9s az otthonod is l\u00e1tv\u00e1nyosabb\u00e1 v\u00e1lik k\u00edv\u00fclr\u0151l. K\u00fcl\u00f6nf\u00e9le anyagok, text\u00far\u00e1k \u00e9s sz\u00ednek, p\u00e9ld\u00e1ul rusztikus \u00e9s modern elemek kever\u00e9s\u00e9vel v\u00e1ltozatos, egyedi hangulatot teremthetsz.\"\n      }\n    },\n    {\n      \"@type\": \"Question\",\n      \"name\": \"Mik a hat\u00e9kony \u00f6tletek a veranda dekor\u00e1l\u00e1s\u00e1hoz?\",\n      \"acceptedAnswer\": {\n        \"@type\": \"Answer\",\n        \"text\": \"Bar\u00e1ts\u00e1gos pihen\u0151helly\u00e9 egyszer\u0171en alak\u00edthatod a verand\u00e1dat. Kezdd \u00e9l\u00e9nk sz\u00ednekkel \u2013 v\u00e1lassz sz\u00ednes p\u00e1rn\u00e1kat, kasp\u00f3kat vagy falid\u00edszeket, ezek lesznek a figyelemfelkelt\u0151 pontok. A n\u00f6v\u00e9nyek \u00e9letet visznek a t\u00e9rbe, sz\u00ednt, text\u00far\u00e1t adnak, r\u00e1ad\u00e1sul a veranda leveg\u0151j\u00e9t is jav\u00edtj\u00e1k.\"\n      }\n    },\n    {\n      \"@type\": \"Question\",\n      \"name\": \"Hogyan v\u00e1lassz k\u00fclt\u00e9ri fali dekor\u00e1ci\u00f3t a verand\u00e1ra?\",\n      \"acceptedAnswer\": {\n        \"@type\": \"Answer\",\n        \"text\": \"A t\u00f6k\u00e9letes k\u00fclt\u00e9ri fali dekor\u00e1ci\u00f3 kiv\u00e1laszt\u00e1s\u00e1hoz \u00e9rdemes el\u0151re \u00e1tgondolni, milyen legyen az \u00f6sszhat\u00e1s. Minden azon m\u00falik, milyen st\u00edlus\u00fa a h\u00e1zad: ha ink\u00e1bb vid\u00e9ki hangulat\u00fa, v\u00e1lassz hozz\u00e1 rusztikus fa t\u00e1bl\u00e1kat vagy b\u00e1jos f\u00e9m d\u00edszeket. A sz\u00ednek is sokat sz\u00e1m\u00edtanak. Olyan \u00e1rnyalatokat keress, amelyek kiemelik a veranda sz\u00e9ps\u00e9g\u00e9t, \u00e9s j\u00f3l passzolnak a homlokzathoz is.\"\n      }\n    },\n    {\n      \"@type\": \"Question\",\n      \"name\": \"Milyen otthondekor\u00e1ci\u00f3s tippek vannak a veranda falaira?\",\n      \"acceptedAnswer\": {\n        \"@type\": \"Answer\",\n        \"text\": \"Amikor a veranda falait d\u00edsz\u00edted, \u00e9rdemes \u00f6tv\u00f6zni a praktikuss\u00e1got \u00e9s eszt\u00e9tik\u00e1t. Egy j\u00f3l elhelyezett t\u00fck\u00f6r feler\u0151s\u00edti a f\u00e9nyt, t\u00e1gasabb\u00e1 teszi a t\u00e9r\u00e9rzetet, \u00edgy a veranda nyitottabbnak, bar\u00e1ts\u00e1gosabbnak t\u0171nik. V\u00e1lassz olyan fali d\u00edszeket, amelyek illenek a veranda hangulat\u00e1hoz \u2013 legyen az rusztikus, vid\u00e9ki vagy modern.\"\n      }\n    },\n    {\n      \"@type\": \"Question\",\n      \"name\": \"Hogyan jav\u00edthatod a veranda kin\u00e9zet\u00e9t fali dekor\u00e1ci\u00f3val?\",\n      \"acceptedAnswer\": {\n        \"@type\": \"Answer\",\n        \"text\": \"A veranda falainak szebb\u00edt\u00e9sekor fontos, hogy j\u00f3l p\u00e1ros\u00edtsd a sz\u00edneket, text\u00far\u00e1kat \u00e9s a r\u00e9tegez\u00e9st. El\u0151sz\u00f6r v\u00e1lassz olyan sz\u00edneket, amelyek passzolnak a h\u00e1zad k\u00fclsej\u00e9hez. Ak\u00e1r f\u00f6ldsz\u00edneket, ak\u00e1r mer\u00e9szebb \u00e1rnyalatokat szeretsz, ezek alapvet\u0151en meghat\u00e1rozz\u00e1k a hangulatot.\"\n      }\n    },\n    {\n      \"@type\": \"Question\",\n      \"name\": \"Mik az el\u0151nyei a k\u00fclt\u00e9ri f\u00e9m fali d\u00edszeknek?\",\n      \"acceptedAnswer\": {\n        \"@type\": \"Answer\",\n        \"text\": \"A k\u00fclt\u00e9ri f\u00e9m fali d\u00edszek fantasztikus elemei lehetnek a verand\u00e1nak, mert tart\u00f3sak, id\u0151j\u00e1r\u00e1s\u00e1ll\u00f3k \u00e9s b\u00e1rmelyik \u00e9vszakot kib\u00edrj\u00e1k. Ennek k\u00f6sz\u00f6nhet\u0151en hossz\u00fa t\u00e1von meg\u0151rzik sz\u00e9ps\u00e9g\u00fcket, m\u00e9g kedvez\u0151tlen id\u0151ben is. Ezek a d\u00edszek k\u00fcl\u00f6nleges hangulatot adnak a verand\u00e1nak, mert l\u00e1tv\u00e1nyos k\u00f6zponti elemek.\"\n      }\n    },\n    {\n      \"@type\": \"Question\",\n      \"name\": \"Hogyan v\u00e1lassz igaz\u00e1n egyedi fali dekor\u00e1ci\u00f3t a verand\u00e1ra?\",\n      \"acceptedAnswer\": {\n        \"@type\": \"Answer\",\n        \"text\": \"Az egyedi fali d\u00edszek kiv\u00e1laszt\u00e1s\u00e1hoz n\u00e9h\u00e1ny dolgot \u00e9rdemes \u00e1tgondolni, hogy val\u00f3ban feldobj\u00e1k a verand\u00e1t. Els\u0151k\u00e9nt vedd figyelembe a saj\u00e1t st\u00edlusodat \u00e9s az otthonod f\u0151 t\u00e9m\u00e1j\u00e1t. Egyedi k\u00e9sz\u00edt\u00e9s\u0171 d\u00edszekkel igaz\u00e1n szem\u00e9lyess\u00e9 teheted a verand\u00e1t.\"\n      }\n    },\n    {\n      \"@type\": \"Question\",\n      \"name\": \"Mi\u00e9rt el\u0151ny\u00f6sek a n\u00e9vre sz\u00f3l\u00f3 f\u00e9m t\u00e1bl\u00e1k?\",\n      \"acceptedAnswer\": {\n        \"@type\": \"Answer\",\n        \"text\": \"A n\u00e9vre sz\u00f3l\u00f3 f\u00e9m t\u00e1bl\u00e1k k\u00fcl\u00f6nleges hangulatot k\u00f6lcs\u00f6n\u00f6znek a verand\u00e1nak \u00e9s igaz\u00e1n bar\u00e1ts\u00e1gos, egyedi megjelen\u00e9st biztos\u00edtanak. Ezek a d\u00edszek nemcsak sz\u00e9pek, hanem praktikus c\u00e9lt is szolg\u00e1lnak, p\u00e9ld\u00e1ul j\u00f3l l\u00e1that\u00f3 lehet rajtuk a h\u00e1zsz\u00e1m vagy a tulajdonos neve. Strapab\u00edr\u00f3k \u00e9s id\u0151j\u00e1r\u00e1s\u00e1ll\u00f3ak, \u00edgy b\u00e1rmilyen id\u0151ben kint hagyhat\u00f3k, m\u00e9gis sok\u00e1ig mutat\u00f3sak maradnak.\"\n      }\n    },\n    {\n      \"@type\": \"Question\",\n      \"name\": \"Hogyan k\u00e9sz\u00edts saj\u00e1t, egyedi fali dekor\u00e1ci\u00f3t a verand\u00e1ra?\",\n      \"acceptedAnswer\": {\n        \"@type\": \"Answer\",\n        \"text\": \"Saj\u00e1t k\u00e9sz\u00edt\u00e9s\u0171 fali d\u00edsz seg\u00edts\u00e9g\u00e9vel igaz\u00e1n egyediv\u00e9 var\u00e1zsolhatod a verand\u00e1t, mik\u00f6zben a k\u00fclt\u00e9ri hangulatot is feldobod. Kezdd olyan bark\u00e1csprojektek kipr\u00f3b\u00e1l\u00e1s\u00e1val, amelyek passzolnak a st\u00edlusodhoz. Haszn\u00e1lj p\u00e9ld\u00e1ul \u00fajrahasznos\u00edtott anyagokat, mint r\u00e9gi fa vagy f\u00e9m, \u00edgy tart\u00f3s, ugyanakkor k\u00fcl\u00f6nleges d\u00edszeket alkothatsz.\"\n      }\n    },\n    {\n      \"@type\": \"Question\",\n      \"name\": \"Mik az el\u0151nyei egy t\u00falm\u00e9retes fali \u00f3r\u00e1nak?\",\n      \"acceptedAnswer\": {\n        \"@type\": \"Answer\",\n        \"text\": \"Egy nagym\u00e9ret\u0171 fali \u00f3ra a verand\u00e1n nemcsak sz\u00e9p d\u00edsz, hanem hasznos is. Hatalmas m\u00e9ret\u00e9vel igaz\u00e1n felt\u0171n\u0151, \u00e9s r\u00f6gt\u00f6n feldobja a teret. Nagy sz\u00e1mlapja messzir\u0151l is j\u00f3l l\u00e1that\u00f3, ez\u00e9rt kifejezetten praktikus k\u00fclt\u00e9ren.\"\n      }\n    },\n    {\n      \"@type\": \"Question\",\n      \"name\": \"Miben seg\u00edthetnek a fali polcok a veranda d\u00edsz\u00edt\u00e9s\u00e9ben?\",\n      \"acceptedAnswer\": {\n        \"@type\": \"Answer\",\n        \"text\": \"A fali polcok nagyon praktikusak \u00e9s st\u00edlusosak a verand\u00e1n. Tov\u00e1bbi helyet biztos\u00edtanak p\u00e9ld\u00e1ul d\u00edszt\u00e1rgyaknak, n\u00f6v\u00e9nyeknek, szem\u00e9lyes kedvenceidnek. Ha \u00fcgyesen rendezgeted ezeket a dolgokat, \u00e9rdekes, figyelemfelkelt\u0151 pontokat alak\u00edthatsz ki, amelyek egyediv\u00e9 teszik a verand\u00e1t.\"\n      }\n    },\n    {\n      \"@type\": \"Question\",\n      \"name\": \"Hogyan haszn\u00e1ld a t\u00fckr\u00f6ket a veranda faldekor\u00e1ci\u00f3j\u00e1ban?\",\n      \"acceptedAnswer\": {\n        \"@type\": \"Answer\",\n        \"text\": \"A t\u00fckr\u00f6k remek\u00fcl feldobj\u00e1k a veranda falait: nagyobbnak, vil\u00e1gosabbnak mutatj\u00e1k a teret, mert visszaverik a f\u00e9nyt. Ha j\u00f3l helyezed el a t\u00fckr\u00f6t, a legkisebb veranda is t\u00e1gasabbnak \u00e9s h\u00edvogat\u00f3bbnak \u00e9rz\u0151dik. V\u00e1lassz id\u0151j\u00e1r\u00e1s\u00e1ll\u00f3 kerettel rendelkez\u0151 t\u00fckr\u00f6t, hogy sok\u00e1ig haszn\u00e1lhasd kint.\"\n      }\n    },\n    {\n      \"@type\": \"Question\",\n      \"name\": \"Hogyan haszn\u00e1ld a v\u00e1szonk\u00e9peket a verand\u00e1n?\",\n      \"acceptedAnswer\": {\n        \"@type\": \"Answer\",\n        \"text\": \"Egy-egy v\u00e1szonk\u00e9p vid\u00e1m sz\u00edneket \u00e9s karaktert visz a verand\u00e1ra. Hogy hossz\u00fa ideig sz\u00e9p maradjon, id\u0151j\u00e1r\u00e1s\u00e1ll\u00f3 v\u00e1szonb\u00f3l k\u00e9sz\u00fclt k\u00e9pet v\u00e1lassz, vagy helyezd \u00e1rny\u00e9kosabb, v\u00e9dett helyre. \u00cdgy sok\u00e1ig \u00e9l\u00e9nk marad a k\u00e9p.\"\n      }\n    },\n    {\n      \"@type\": \"Question\",\n      \"name\": \"Mik azok a f\u00e1b\u00f3l k\u00e9sz\u00fclt t\u00e1bl\u00e1k, \u00e9s hogyan haszn\u00e1lhatod \u0151ket a veranda d\u00edsz\u00edt\u00e9s\u00e9re?\",\n      \"acceptedAnswer\": {\n        \"@type\": \"Answer\",\n        \"text\": \"A fa t\u00e1bl\u00e1k egyszerre bar\u00e1ts\u00e1goss\u00e1 \u00e9s praktikusabb\u00e1 is teszik a verand\u00e1t. Lehetnek \u00fcdv\u00f6zl\u0151 t\u00e1bl\u00e1k vagy ak\u00e1r ir\u00e1nymutat\u00f3k \u2013 mindenk\u00e9ppen szem\u00e9lyess\u00e9 var\u00e1zsolj\u00e1k a bej\u00e1ratot. Kiv\u00e1l\u00f3an illenek rusztikus hangulathoz, de egy vintage vagy vid\u00e9ki st\u00edlus\u00fa verand\u00e1n is j\u00f3l mutatnak.\"\n      }\n    },\n    {\n      \"@type\": \"Question\",\n      \"name\": \"Mik azok a vintage elemek a torn\u00e1c faldekor\u00e1ci\u00f3j\u00e1n\u00e1l?\",\n      \"acceptedAnswer\": {\n        \"@type\": \"Answer\",\n        \"text\": \"Ha vintage elemeket viszel be a torn\u00e1cod falaira, az nagym\u00e9rt\u00e9kben n\u00f6velheti a hely hangulat\u00e1t \u00e9s egyedis\u00e9g\u00e9t. Antik feliratok nagyon n\u00e9pszer\u0171ek: egyszerre nosztalgikusak, \u00e9s kicsit a m\u00faltba is engednek betekint\u00e9st. Ezek a t\u00e1bl\u00e1k kopottas k\u00fclsej\u00fckkel \u00e9s klasszikus bet\u0171t\u00edpusukkal remek\u00fcl illenek a rusztikus vagy vid\u00e9ki st\u00edlushoz.\"\n      }\n    },\n    {\n      \"@type\": \"Question\",\n      \"name\": \"Hogyan lehet rusztikus torn\u00e1cdekor\u00e1ci\u00f3t el\u00e9rni fali d\u00edszekkel?\",\n      \"acceptedAnswer\": {\n        \"@type\": \"Answer\",\n        \"text\": \"Ha szeretn\u00e9d, hogy torn\u00e1cod igazi vid\u00e9ki mened\u00e9k legyen, v\u00e1lassz term\u00e9szetes anyagokat, f\u00f6ldsz\u00edneket \u00e9s t\u00e1jk\u00e9peket id\u00e9z\u0151 dekorokat. Kezdd f\u00e1b\u00f3l vagy f\u00e9mb\u0151l k\u00e9sz\u00fclt t\u00e1rgyakkal, ezek igaz\u00e1n k\u00fcl\u00f6nlegess\u00e9 teszik a teret. A barna, z\u00f6ld, vagy rozsda sz\u00ednek meleg \u00e9s otthonos hangulatot teremtenek.\"\n      }\n    },\n    {\n      \"@type\": \"Question\",\n      \"name\": \"Milyen tippek vannak a vid\u00e9ki st\u00edlus\u00fa torn\u00e1c dekor\u00e1l\u00e1s\u00e1hoz?\",\n      \"acceptedAnswer\": {\n        \"@type\": \"Answer\",\n        \"text\": \"Ha b\u00e1jos, farmh\u00e1z-st\u00edlus\u00fa torn\u00e1cot szeretn\u00e9l, kezdd feh\u00e9r, sz\u00fcrke vagy b\u00e9zs alapokkal. Ezek a nyugodt sz\u00ednek t\u00f6k\u00e9letes h\u00e1tteret adnak a paraszth\u00e1zi hangulatnak. Vintage d\u00edszekkel, p\u00e9ld\u00e1ul kopottas fat\u00e1bl\u00e1kkal vagy r\u00e9gi l\u00e1mp\u00e1sokkal vihetsz be egyedi hangulatot \u00e9s kis t\u00f6rt\u00e9nelmet is.\"\n      }\n    },\n    {\n      \"@type\": \"Question\",\n      \"name\": \"Hogyan haszn\u00e1lj farmh\u00e1z jelleg\u0171 vil\u00e1g\u00edt\u00e1st a torn\u00e1codon?\",\n      \"acceptedAnswer\": {\n        \"@type\": \"Answer\",\n        \"text\": \"Egy farmh\u00e1z vil\u00e1g\u00edt\u00e1s nagyban fokozhatja a torn\u00e1cod hangulat\u00e1t. V\u00e1lassz meleg f\u00e9ny\u0171 l\u00e1mp\u00e1kat, mint p\u00e9ld\u00e1ul fonott f\u00fcgg\u0151l\u00e1mp\u00e1k vagy f\u00e9nyf\u0171z\u00e9rek. Ezek egyszerre otthonosabb\u00e1 teszik a teret, \u00e9s st\u00edlusosak is \u2013 t\u00f6k\u00e9letesen illenek egy bar\u00e1ts\u00e1gos esti \u00f6sszej\u00f6vetelhez.\"\n      }\n    },\n    {\n      \"@type\": \"Question\",\n      \"name\": \"Hogyan alkalmazz torn\u00e1c fali dekorokat hat\u00e9konyan?\",\n      \"acceptedAnswer\": {\n        \"@type\": \"Answer\",\n        \"text\": \"Ha sz\u00e9p, egys\u00e9ges \u00f6sszk\u00e9pet szeretn\u00e9l, fali d\u00edsz\u00edt\u00e9sn\u00e9l vegy\u00edts fa, f\u00e9m \u00e9s textil anyagokat. Ezekb\u0151l v\u00e1ltozatos m\u00e9ret\u0171 \u00e9s st\u00edlus\u00fa d\u00edszeket haszn\u00e1lhatsz, \u00edgy \u00e9rdekes \u00e9s harmonikus marad az \u00f6sszhat\u00e1s. Mindig vedd figyelembe a torn\u00e1cod st\u00edlus\u00e1t, amikor kiv\u00e1lasztod a dekor\u00e1ci\u00f3t.\"\n      }\n    },\n    {\n      \"@type\": \"Question\",\n      \"name\": \"Milyen hat\u00e1ssal vannak a t\u00f3nusos falfest\u00e9kek a torn\u00e1c dekor\u00e1ci\u00f3j\u00e1ra?\",\n      \"acceptedAnswer\": {\n        \"@type\": \"Answer\",\n        \"text\": \"A t\u00f3nusos falfest\u00e9kek kulcsfontoss\u00e1g\u00faak a torn\u00e1c d\u00edsz\u00edt\u00e9s\u00e9ben \u2013 ezek nyugodt, egys\u00e9ges teret teremtenek. Ilyen \u00e1rnyalatok t\u00f6k\u00e9letesen kieg\u00e9sz\u00edtik a megl\u00e9v\u0151 b\u00fatorokat \u00e9s a fali dekor\u00e1ci\u00f3t, \u00edgy szebb lesz az \u00f6sszhat\u00e1s. A halv\u00e1nyabb, tomp\u00e1bb sz\u00ednek nemcsak pihentet\u0151ek, hanem sokf\u00e9le st\u00edlussal j\u00f3l mutatnak a torn\u00e1con.\"\n      }\n    },\n    {\n      \"@type\": \"Question\",\n      \"name\": \"Hogyan \u00e9rhetsz el letisztult, minimalista torn\u00e1cdekor\u00e1ci\u00f3t?\",\n      \"acceptedAnswer\": {\n        \"@type\": \"Answer\",\n        \"text\": \"Egy minimalista torn\u00e1c titka az egyszer\u0171s\u00e9g \u00e9s funkcionalit\u00e1s. V\u00e1lassz kev\u00e9s, de sz\u00e9p \u00e9s hasznos b\u00fatort. Maradj a semleges sz\u00ednekn\u00e9l: feh\u00e9r, sz\u00fcrke vagy b\u00e9zs alapokkal biztos a letisztult, egys\u00e9ges \u00f6sszhat\u00e1s.\"\n      }\n    },\n    {\n      \"@type\": \"Question\",\n      \"name\": \"Hogyan lehet \u00e9l\u00e9nk sz\u00edneket haszn\u00e1lni a torn\u00e1c dekor\u00e1l\u00e1s\u00e1n\u00e1l?\",\n      \"acceptedAnswer\": {\n        \"@type\": \"Answer\",\n        \"text\": \"Ha energikusabb\u00e1, lend\u00fcletesebb\u00e9 tenn\u00e9d a torn\u00e1codat, v\u00e1lassz mer\u00e9sz, vid\u00e1m sz\u00edneket. Ind\u00edthatsz \u00e9l\u00e9nk sz\u00edn\u0171 p\u00e1rn\u00e1kkal, figyelemfelkelt\u0151 fali k\u00e9pekkel vagy sz\u00ednes vir\u00e1gl\u00e1d\u00e1kkal \u2013 ezek azonnal magukra vonj\u00e1k a tekintetet, \u00e9s feldobj\u00e1k a helyet.\"\n      }\n    },\n    {\n      \"@type\": \"Question\",\n      \"name\": \"Mik a kontrasztos sz\u00ednek a torn\u00e1c fali m\u0171v\u00e9szet\u00e9ben?\",\n      \"acceptedAnswer\": {\n        \"@type\": \"Answer\",\n        \"text\": \"A kontrasztos sz\u00ednek izgalmasabb\u00e1 \u00e9s mutat\u00f3sabb\u00e1 teszik a fali dekor\u00e1ci\u00f3t, kiemelik az egyes r\u00e9szeket. Ha p\u00e9ld\u00e1ul k\u00e9ket narancss\u00e1rg\u00e1val, pirosat z\u00f6lddel vagy s\u00e1rg\u00e1t lil\u00e1val p\u00e1ros\u00edtasz, igaz\u00e1n felt\u0171n\u0151 lesz a falik\u00e9p.\"\n      }\n    },\n    {\n      \"@type\": \"Question\",\n      \"name\": \"Hogyan v\u00e1laszd ki a megfelel\u0151 sz\u00edneket \u00e9s fest\u00e9ket a torn\u00e1codra?\",\n      \"acceptedAnswer\": {\n        \"@type\": \"Answer\",\n        \"text\": \"Ha szeretn\u00e9l bar\u00e1ts\u00e1gos k\u00fclt\u00e9ri terecsk\u00e9t, fontos, milyen sz\u00edneket \u00e9s fest\u00e9ket v\u00e1lasztasz a torn\u00e1codra. El\u0151sz\u00f6r n\u00e9zd meg, milyen st\u00edlus\u00fa a h\u00e1zad. Ha hagyom\u00e1nyos, j\u00f3 a feh\u00e9r, b\u00e9zs vagy halv\u00e1nysz\u00fcrke \u2013 id\u0151t\u00e1ll\u00f3, eleg\u00e1ns st\u00edlus.\"\n      }\n    },\n    {\n      \"@type\": \"Question\",\n      \"name\": \"Milyen tan\u00e1csokat \u00e9rdemes megfogadni, ha \u00fajrafested a bej\u00e1rati ajt\u00f3t?\",\n      \"acceptedAnswer\": {\n        \"@type\": \"Answer\",\n        \"text\": \"A bej\u00e1rati ajt\u00f3 fest\u00e9se egyszer\u0171, de nagyon l\u00e1tv\u00e1nyos m\u00f3dja annak, hogy feldobd az otthonod k\u00fclsej\u00e9t. V\u00e1lassz id\u0151j\u00e1r\u00e1s\u00e1ll\u00f3 fest\u00e9ket, \u00e9s olyan sz\u00ednt, ami illik a h\u00e1zhoz \u2013 maradhatsz a klasszikus sz\u00ednekn\u00e9l, vagy lehetsz mer\u00e9szebb, ha felt\u0171n\u0151bb bej\u00e1ratot szeretn\u00e9l.\"\n      }\n    },\n    {\n      \"@type\": \"Question\",\n      \"name\": \"Hogyan lehet otthonos, bar\u00e1ts\u00e1gos bej\u00e1rati torn\u00e1cot kialak\u00edtani fali dekorral?\",\n      \"acceptedAnswer\": {\n        \"@type\": \"Answer\",\n        \"text\": \"Az igaz\u00e1n kuck\u00f3s, bar\u00e1ts\u00e1gos torn\u00e1c titka, hogy melegs\u00e9get \u00e9s pihen\u00e9st sug\u00e1rz\u00f3 elemeket haszn\u00e1lj. Tegy\u00e9l fel meleg f\u00e9ny\u0171 l\u00e1mp\u00e1kat, p\u00e9ld\u00e1ul f\u00e9nyf\u00fcz\u00e9reket vagy l\u00e1mp\u00e1sokat \u2013 ezek kellemes hangulatot teremtenek. K\u00e9nyelmes \u00fcl\u0151helyek is kellenek: gondolj hintasz\u00e9kre vagy puha p\u00e1rn\u00e1s padra.\"\n      }\n    },\n    {\n      \"@type\": \"Question\",\n      \"name\": \"Milyen \u00f6tletek vannak kis bej\u00e1rati torn\u00e1c berendez\u00e9s\u00e9re?\",\n      \"acceptedAnswer\": {\n        \"@type\": \"Answer\",\n        \"text\": \"Ha kicsi a bej\u00e1rati torn\u00e1cod, haszn\u00e1ld ki a f\u00fcgg\u0151leges teret, \u00e9s olyan b\u00fatorokat v\u00e1lassz, amelyek helytakar\u00e9kosak. Fali kasp\u00f3k vagy f\u00fcgg\u0151leges mini kertek t\u00f6k\u00e9letesek, ha z\u00f6ldet szeretn\u00e9l, de kev\u00e9s a hely \u2013 r\u00e1ad\u00e1sul m\u00e9g a leveg\u0151t is friss\u00edtik.\"\n      }\n    },\n    {\n      \"@type\": \"Question\",\n      \"name\": \"Hogyan dobhatod fel a bej\u00e1ratot fali d\u00edszekkel?\",\n      \"acceptedAnswer\": {\n        \"@type\": \"Answer\",\n        \"text\": \"A torn\u00e1c fali dekor\u00e1ci\u00f3j\u00e1val az el\u0151szoba igaz\u00e1n bar\u00e1ts\u00e1gos \u00e9s egyedi lesz. Olyan darabokat v\u00e1lassz, amik t\u00fckr\u00f6zik a st\u00edlusod, \u00e9s illenek a bej\u00e1rat d\u00edsz\u00edt\u00e9s\u00e9hez. Legyen sz\u00f3 rusztikus, modern vagy paraszth\u00e1zas hangulatr\u00f3l, fontos, hogy minden passzoljon egym\u00e1shoz.\"\n      }\n    },\n    {\n      \"@type\": \"Question\",\n      \"name\": \"Milyen fali d\u00edsz\u00edt\u00e9si \u00f6tletek vannak a nyugodt hangulat\u00fa teraszhoz?\",\n      \"acceptedAnswer\": {\n        \"@type\": \"Answer\",\n        \"text\": \"V\u00e1ltoztasd a teraszt igazi pihen\u0151helly\u00e9 nyugtat\u00f3 fali k\u00e9pekkel. V\u00e1lassz l\u00e1gy sz\u00edneket \u00e9s a term\u00e9szet vil\u00e1g\u00e1t id\u00e9z\u0151 d\u00edszeket, ezek meghitt hangulatot teremtenek. V\u00edzi elemek \u2013 p\u00e9ld\u00e1ul kis sz\u00f6k\u0151kutak \u2013 finom csobog\u00e1ssal seg\u00edtik a relax\u00e1l\u00e1st.\"\n      }\n    }\n  ]\n}\n<\/script>\n\n<script type=\"application\/ld+json\">\n{\n  \"@context\": \"https:\/\/schema.org\",\n  \"@type\": \"HowTo\",\n  \"name\": \"Hogyan alak\u00edtsd \u00e1t a verand\u00e1dat bar\u00e1ts\u00e1gos, h\u00edvogat\u00f3 t\u00e9rr\u00e9 kreat\u00edv fali dekor\u00e1ci\u00f3val?\",\n  \"description\": \"L\u00e9p\u00e9sr\u0151l l\u00e9p\u00e9sre \u00fatmutat\u00f3 ahhoz, hogy a verand\u00e1d st\u00edlusos, szem\u00e9lyes \u00e9s id\u0151j\u00e1r\u00e1s\u00e1ll\u00f3 faldekor\u00e1ci\u00f3val igaz\u00e1n otthonos legyen.\",\n  \"image\": [\n    \"https:\/\/doubletakedecor.com\/uploads\/2025\/09\/porch-wall-decor-ideas-dtd-01.jpg\",\n    \"https:\/\/doubletakedecor.com\/uploads\/2025\/09\/porch-wall-decor-ideas-dtd-02.jpg\",\n    \"https:\/\/doubletakedecor.com\/uploads\/2025\/09\/porch-wall-decor-ideas-dtd-03.jpg\"\n  ],\n  \"totalTime\": \"PT3H\",\n  \"supply\": [\n    {\n      \"@type\": \"HowToSupply\",\n      \"name\": \"Fa \u00e9s\/vagy f\u00e9m fali dekor\u00e1ci\u00f3k\"\n    },\n    {\n      \"@type\": \"HowToSupply\",\n      \"name\": \"K\u00fclt\u00e9ri kasp\u00f3k, n\u00f6v\u00e9nyek\"\n    },\n    {\n      \"@type\": \"HowToSupply\",\n      \"name\": \"K\u00fclt\u00e9ri text\u00edli\u00e1k (pl. p\u00e1rn\u00e1k, sz\u0151nyegek)\"\n    },\n    {\n      \"@type\": \"HowToSupply\",\n      \"name\": \"T\u00fck\u00f6r (id\u0151j\u00e1r\u00e1s\u00e1ll\u00f3 kerettel)\"\n    },\n    {\n      \"@type\": \"HowToSupply\",\n      \"name\": \"Fali polcok, akaszt\u00f3k\"\n    },\n    {\n      \"@type\": \"HowToSupply\",\n      \"name\": \"Id\u0151j\u00e1r\u00e1s\u00e1ll\u00f3 fest\u00e9k\"\n    },\n    {\n      \"@type\": \"HowToSupply\",\n      \"name\": \"R\u00f6gz\u00edt\u0151elemek (csavarok, kamp\u00f3k)\"\n    }\n  ],\n  \"tool\": [\n    {\n      \"@type\": \"HowToTool\",\n      \"name\": \"F\u00far\u00f3, csavarh\u00faz\u00f3\"\n    },\n    {\n      \"@type\": \"HowToTool\",\n      \"name\": \"Kalap\u00e1cs\"\n    },\n    {\n      \"@type\": \"HowToTool\",\n      \"name\": \"M\u00e9r\u0151szalag\"\n    }\n  ],\n  \"step\": [\n    {\n      \"@type\": \"HowToStep\",\n      \"name\": \"St\u00edlus \u00e9s sz\u00ednek kiv\u00e1laszt\u00e1sa\",\n      \"text\": \"D\u00f6ntsd el, milyen hangulatot szeretn\u00e9l a verand\u00e1don: rusztikus, vid\u00e9ki, modern vagy boh\u00e9m? V\u00e1lassz a h\u00e1zhoz ill\u0151 sz\u00ednpalett\u00e1t, \u00e9s ehhez igaz\u00edtsd a dekor\u00e1ci\u00f3kat.\",\n      \"url\": \"https:\/\/doubletakedecor.com\/uploads\/2025\/09\/porch-wall-decor-ideas-dtd-01.jpg\",\n      \"image\": \"https:\/\/doubletakedecor.com\/uploads\/2025\/09\/porch-wall-decor-ideas-dtd-01.jpg\"\n    },\n    {\n      \"@type\": \"HowToStep\",\n      \"name\": \"Id\u0151j\u00e1r\u00e1s\u00e1ll\u00f3 anyagok beszerz\u00e9se\",\n      \"text\": \"Keress tart\u00f3s, id\u0151j\u00e1r\u00e1s\u00e1ll\u00f3 fa, f\u00e9m vagy sz\u00f6vet dekor\u00e1ci\u00f3kat \u00e9s kasp\u00f3kat. \u00cdgy dekor\u00e1ci\u00f3d minden \u00e9vszakban sz\u00e9p marad.\",\n      \"url\": \"https:\/\/doubletakedecor.com\/uploads\/2025\/09\/porch-wall-decor-ideas-dtd-09.jpg\",\n      \"image\": \"https:\/\/doubletakedecor.com\/uploads\/2025\/09\/porch-wall-decor-ideas-dtd-09.jpg\"\n    },\n    {\n      \"@type\": \"HowToStep\",\n      \"name\": \"Faldekor\u00e1ci\u00f3k elhelyez\u00e9se\",\n      \"text\": \"Kombin\u00e1ld b\u00e1tran az anyagokat: helyezz fel fa polcokat, f\u00e9m fali d\u00edszeket vagy t\u00fckr\u00f6ket. A t\u00fck\u00f6r t\u00e1g\u00edtja a teret, a kasp\u00f3k term\u00e9szetess\u00e9get visznek a verand\u00e1ra.\",\n      \"url\": \"https:\/\/doubletakedecor.com\/uploads\/2025\/09\/porch-wall-decor-ideas-dtd-03.jpg\",\n      \"image\": \"https:\/\/doubletakedecor.com\/uploads\/2025\/09\/porch-wall-decor-ideas-dtd-03.jpg\"\n    },\n    {\n      \"@type\": \"HowToStep\",\n      \"name\": \"N\u00f6v\u00e9nyek \u00e9s kasp\u00f3k elhelyez\u00e9se\",\n      \"text\": \"Haszn\u00e1lj f\u00fcgg\u0151leges kerteket vagy falra szerelhet\u0151 kasp\u00f3kat, hogy helytakar\u00e9kos, term\u00e9szetk\u00f6zeli hat\u00e1st \u00e9rj el.\",\n      \"url\": \"https:\/\/doubletakedecor.com\/uploads\/2025\/09\/porch-wall-decor-ideas-dtd-16.jpg\",\n      \"image\": \"https:\/\/doubletakedecor.com\/uploads\/2025\/09\/porch-wall-decor-ideas-dtd-16.jpg\"\n    },\n    {\n      \"@type\": \"HowToStep\",\n      \"name\": \"Hangulatvil\u00e1g\u00edt\u00e1s\",\n      \"text\": \"Meleg f\u00e9nyekkel, lampionokkal vagy f\u00fcz\u00e9rekkel bar\u00e1ts\u00e1gosabb\u00e1 teheted a torn\u00e1cot, k\u00fcl\u00f6n\u00f6sen esti haszn\u00e1latra.\",\n      \"url\": \"https:\/\/doubletakedecor.com\/uploads\/2025\/09\/porch-wall-decor-ideas-dtd-17.jpg\",\n      \"image\": \"https:\/\/doubletakedecor.com\/uploads\/2025\/09\/porch-wall-decor-ideas-dtd-17.jpg\"\n    },\n    {\n      \"@type\": \"HowToStep\",\n      \"name\": \"\u00c9l\u00e9nk sz\u00ednek \u00e9s text\u00far\u00e1k vari\u00e1l\u00e1sa\",\n      \"text\": \"Sz\u00ednes p\u00e1rn\u00e1kkal, sz\u0151nyegekkel vagy festett b\u00fatorokkal vid\u00e1m hangulatot k\u00f6lcs\u00f6n\u00f6zhetsz a verand\u00e1dnak.\",\n      \"url\": \"https:\/\/doubletakedecor.com\/uploads\/2025\/09\/porch-wall-decor-ideas-dtd-12.jpg\",\n      \"image\": \"https:\/\/doubletakedecor.com\/uploads\/2025\/09\/porch-wall-decor-ideas-dtd-12.jpg\"\n    },\n    {\n      \"@type\": \"HowToStep\",\n      \"name\": \"Szem\u00e9lyes kieg\u00e9sz\u00edt\u0151k elhelyez\u00e9se\",\n      \"text\": \"Tedd egyediv\u00e9 a teret n\u00e9vre sz\u00f3l\u00f3 t\u00e1bl\u00e1val, egyedi bark\u00e1csdekorral vagy vintage elemekkel.\",\n      \"url\": \"https:\/\/doubletakedecor.com\/uploads\/2025\/09\/porch-wall-decor-ideas-dtd-05.jpg\",\n      \"image\": \"https:\/\/doubletakedecor.com\/uploads\/2025\/09\/porch-wall-decor-ideas-dtd-05.jpg\"\n    }\n  ]\n}\n<\/script>","_links":{"self":[{"href":"https:\/\/doubletakedecor.com\/hu\/wp-json\/wp\/v2\/posts\/8294","targetHints":{"allow":["GET"]}}],"collection":[{"href":"https:\/\/doubletakedecor.com\/hu\/wp-json\/wp\/v2\/posts"}],"about":[{"href":"https:\/\/doubletakedecor.com\/hu\/wp-json\/wp\/v2\/types\/post"}],"author":[{"embeddable":true,"href":"https:\/\/doubletakedecor.com\/hu\/wp-json\/wp\/v2\/users\/12"}],"replies":[{"embeddable":true,"href":"https:\/\/doubletakedecor.com\/hu\/wp-json\/wp\/v2\/comments?post=8294"}],"version-history":[{"count":1,"href":"https:\/\/doubletakedecor.com\/hu\/wp-json\/wp\/v2\/posts\/8294\/revisions"}],"predecessor-version":[{"id":8295,"href":"https:\/\/doubletakedecor.com\/hu\/wp-json\/wp\/v2\/posts\/8294\/revisions\/8295"}],"wp:featuredmedia":[{"embeddable":true,"href":"https:\/\/doubletakedecor.com\/hu\/wp-json\/wp\/v2\/media\/8123"}],"wp:attachment":[{"href":"https:\/\/doubletakedecor.com\/hu\/wp-json\/wp\/v2\/media?parent=8294"}],"wp:term":[{"taxonomy":"category","embeddable":true,"href":"https:\/\/doubletakedecor.com\/hu\/wp-json\/wp\/v2\/categories?post=8294"},{"taxonomy":"post_tag","embeddable":true,"href":"https:\/\/doubletakedecor.com\/hu\/wp-json\/wp\/v2\/tags?post=8294"}],"curies":[{"name":"wp","href":"https:\/\/api.w.org\/{rel}","templated":true}]}}