{"id":8296,"date":"2025-09-13T16:35:02","date_gmt":"2025-09-13T14:35:02","guid":{"rendered":"https:\/\/doubletakedecor.com\/kert\/lepcsokovek\/"},"modified":"2025-09-13T18:06:33","modified_gmt":"2025-09-13T16:06:33","slug":"lepcsokovek","status":"publish","type":"post","link":"https:\/\/doubletakedecor.com\/hu\/kert\/lepcsokovek\/","title":{"rendered":"Tedd szebb\u00e9 a kerti \u00f6sv\u00e9nyedet gy\u00f6ny\u00f6r\u0171 l\u00e9pcs\u0151k\u00f6vekkel"},"content":{"rendered":"<p>A l\u00e9p\u0151k\u00f6vek nemcsak praktikus \u00fatvonalak a kertedben \u2013 sokoldal\u00fa d\u00edsz\u00edt\u0151elemek is, amelyek egyszerre teszik szebb\u00e9 \u00e9s haszn\u00e1lhat\u00f3bb\u00e1 a szabadt\u00e9ri teret. Ezek a lapos k\u00f6vek term\u00e9szetes k\u0151b\u0151l, betonb\u00f3l, t\u00e9gl\u00e1b\u00f3l vagy ak\u00e1r f\u00e1b\u00f3l is k\u00e9sz\u00fclhetnek. J\u00e1r\u00f3fel\u00fcletet adnak, mik\u00f6zben a k\u00f6vek k\u00f6z\u00f6tt tov\u00e1bb n\u0151het a f\u0171 \u00e9s m\u00e1s n\u00f6v\u00e9nyek.<\/p>\n<p>A l\u00e9p\u0151k\u00f6vek t\u00f6bbet tudnak, mint csak vezetni a l\u00e9pteket vagy meg\u00f3vni a talajt az er\u00f3zi\u00f3t\u00f3l. V\u00e9gtelen lehet\u0151s\u00e9get k\u00edn\u00e1lnak a kreativit\u00e1sra. Sokf\u00e9le form\u00e1ban, sz\u00ednben \u00e9s mint\u00e1zattal v\u00e1laszthatsz hozz\u00e1juk, \u00edgy b\u00e1rmilyen kertst\u00edlushoz igaz\u00edthatod \u0151ket. K\u00e9sz\u00edthetsz saj\u00e1t l\u00e9p\u0151k\u00f6veket \u00f6nt\u0151form\u00e1kkal \u00e9s d\u00edsz\u00edt\u0151elemekkel, vagy v\u00e1laszthatsz el\u0151re gy\u00e1rtott darabokat is. Ezek az utak karaktert \u00e9s hat\u00e1rozott megjelen\u00e9st adnak a kertednek.<\/p>\n<p>Ha a lerak\u00e1sn\u00e1l gondosan tervezel, \u00e9s id\u0151nk\u00e9nt karbantartod a l\u00e9p\u0151k\u00f6veket, bar\u00e1ts\u00e1gos \u00f6sv\u00e9nyeket kapsz, amelyek emelik a kert l\u00e1tv\u00e1ny\u00e1t \u00e9s v\u00e9dik a gyepet. Seg\u00edtenek elk\u00fcl\u00f6n\u00edteni a k\u00fcl\u00f6nb\u00f6z\u0151 funkci\u00f3j\u00fa ter\u00fcleteket, kiemelik a fontos pontokat, \u00e9s j\u00f3 tapad\u00e1st adnak es\u0151s id\u0151ben is. Sokoldal\u00fas\u00e1guk miatt a l\u00e9p\u0151k\u00f6vek kiv\u00e1l\u00f3 alternat\u00edv\u00e1i a hagyom\u00e1nyos j\u00e1r\u00f3lapoknak, mert saj\u00e1t, egyedi mint\u00e1t is kialak\u00edthatsz vel\u00fck, t\u00f6k\u00e9letesen illeszkedve a term\u00e9szetes k\u00f6rnyezethez.<\/p>\n<div class=\"kt_block\" id=\"kt_id\">\n<span class=\"kt_headline\">Legfontosabb tudnival\u00f3k<\/span><\/p>\n<ul class=\"kt_post_list\">\n<li><strong>\ud83c\udf3f Sokoldal\u00fa kertsz\u00e9p\u00edt\u0151k:<\/strong> A l\u00e9p\u0151k\u00f6vek nemcsak stabil s\u00e9t\u00e1nyokat adnak a kertedbe, hanem eszt\u00e9tikusabb\u00e1 teszik a kertet, hiszen \u00f6sszek\u00f6tik a hasznoss\u00e1got a sz\u00e9ps\u00e9ggel.<\/li>\n<li><strong>\ud83c\udfa8 K\u00e9zm\u0171ves kreativit\u00e1s:<\/strong> Sokf\u00e9le anyagb\u00f3l, form\u00e1ban \u00e9s sz\u00ednben el\u00e9rhet\u0151ek, \u00edgy a l\u00e9p\u0151k\u00f6veket teljesen testre szabhatod \u2013 szem\u00e9lyre szabott, egyedi kerti utak sz\u00fclethetnek bel\u0151l\u00fck.<\/li>\n<li><strong>\ud83d\udee0\ufe0f Egyszer\u0171 DIY-projekt:<\/strong> Ha saj\u00e1t l\u00e9p\u0151k\u00f6veket k\u00e9sz\u00edtesz \u00f6nt\u0151form\u00e1kkal, k\u00f6nnyed\u00e9n d\u00edsz\u00edtheted \u0151ket k\u00fcl\u00f6nf\u00e9le elemekkel is, \u00edgy k\u00fcl\u00f6nleges hangulatot vihetsz a kertedbe.<\/li>\n<li><strong>\ud83c\udf33 Hasznos kerti elemek:<\/strong> A l\u00e9p\u0151k\u00f6vek kijel\u00f6lik a kert funkci\u00f3s r\u00e9szeit, vezetik a s\u00e9t\u00e1kat, megel\u0151zik a talajer\u00f3zi\u00f3t \u00e9s a l\u00e1tv\u00e1nyt is jav\u00edtj\u00e1k \u2013 igazi d\u00edszei lehetnek b\u00e1rmilyen kertnek.<\/li>\n<\/ul>\n<\/div>\n<h2>Betonlapos kerti \u00f6sv\u00e9ny<\/h2>\n<p><img loading=\"lazy\" decoding=\"async\" width=\"700\" height=\"1050\" alt=\"F\u00f6ldsz\u00edn\u0171 betonlapokb\u00f3l \u00e1ll\u00f3 kerti \u00fat kavicsokkal, f\u0171vel, ny\u00edrt bokrokkal, fa ker\u00edt\u00e9ssel a h\u00e1tt\u00e9rben.\" class=\"aligncenter size-full wp-image-8128\" src=\"https:\/\/doubletakedecor.com\/uploads\/2025\/09\/stepping-stone-ideas-dtd-01.jpg\" srcset=\"https:\/\/doubletakedecor.com\/uploads\/2025\/09\/stepping-stone-ideas-dtd-01.jpg 700w, https:\/\/doubletakedecor.com\/uploads\/2025\/09\/stepping-stone-ideas-dtd-01-200x300.jpg 200w, https:\/\/doubletakedecor.com\/uploads\/2025\/09\/stepping-stone-ideas-dtd-01-683x1024.jpg 683w, https:\/\/doubletakedecor.com\/uploads\/2025\/09\/stepping-stone-ideas-dtd-01-96x144.jpg 96w, https:\/\/doubletakedecor.com\/uploads\/2025\/09\/stepping-stone-ideas-dtd-01-280x420.jpg 280w, https:\/\/doubletakedecor.com\/uploads\/2025\/09\/stepping-stone-ideas-dtd-01-320x480.jpg 320w, https:\/\/doubletakedecor.com\/uploads\/2025\/09\/stepping-stone-ideas-dtd-01-360x540.jpg 360w, https:\/\/doubletakedecor.com\/uploads\/2025\/09\/stepping-stone-ideas-dtd-01-363x545.jpg 363w, https:\/\/doubletakedecor.com\/uploads\/2025\/09\/stepping-stone-ideas-dtd-01-370x555.jpg 370w, https:\/\/doubletakedecor.com\/uploads\/2025\/09\/stepping-stone-ideas-dtd-01-400x600.jpg 400w, https:\/\/doubletakedecor.com\/uploads\/2025\/09\/stepping-stone-ideas-dtd-01-560x840.jpg 560w, https:\/\/doubletakedecor.com\/uploads\/2025\/09\/stepping-stone-ideas-dtd-01-480x720.jpg 480w\" sizes=\"auto, (max-width: 700px) 100vw, 700px\" \/><\/p>\n<p>Rakj le nagy, t\u00e9glalap alak\u00fa betonlapokat egy eleg\u00e1ns kerti \u00fat kialak\u00edt\u00e1s\u00e1hoz. K\u00f6r\u00e9j\u00fck sz\u00f3rj apr\u00f3 kavicsokat, \u00e9s hagyd, hogy a f\u0171 n\u0151j\u00f6n a h\u00e9zagok k\u00f6zt a term\u00e9szetesebb l\u00e1tv\u00e1ny\u00e9rt. Ez a megold\u00e1s tart\u00f3s \u00e9s sz\u00e9p, emellett j\u00f3l kijel\u00f6li a j\u00e1r\u00f3fel\u00fcletet. Az \u00fat sz\u00e9leit form\u00e1zott bokrokkal \u00e9s \u00f6r\u00f6kz\u00f6ldekkel teheted rendezett\u00e9 \u00e9s \u00e1tl\u00e1that\u00f3v\u00e1.<\/p>\n<h2>Kanyarg\u00f3s t\u00e9gl\u00e1s kerti \u00f6sv\u00e9ny<\/h2>\n<p><img loading=\"lazy\" decoding=\"async\" width=\"700\" height=\"1050\" alt=\"V\u00f6r\u00f6s t\u00e9gl\u00e1kb\u00f3l kirakott kerti \u00f6sv\u00e9ny k\u00f6r alak\u00fa vir\u00e1gmint\u00e1val, buja z\u00f6lddel \u00e9s d\u00edszkavicsokkal k\u00f6r\u00fclv\u00e9ve.\" class=\"aligncenter size-full wp-image-8134\" src=\"https:\/\/doubletakedecor.com\/uploads\/2025\/09\/stepping-stone-ideas-dtd-02.jpg\" srcset=\"https:\/\/doubletakedecor.com\/uploads\/2025\/09\/stepping-stone-ideas-dtd-02.jpg 700w, https:\/\/doubletakedecor.com\/uploads\/2025\/09\/stepping-stone-ideas-dtd-02-200x300.jpg 200w, https:\/\/doubletakedecor.com\/uploads\/2025\/09\/stepping-stone-ideas-dtd-02-683x1024.jpg 683w, https:\/\/doubletakedecor.com\/uploads\/2025\/09\/stepping-stone-ideas-dtd-02-96x144.jpg 96w, https:\/\/doubletakedecor.com\/uploads\/2025\/09\/stepping-stone-ideas-dtd-02-280x420.jpg 280w, https:\/\/doubletakedecor.com\/uploads\/2025\/09\/stepping-stone-ideas-dtd-02-320x480.jpg 320w, https:\/\/doubletakedecor.com\/uploads\/2025\/09\/stepping-stone-ideas-dtd-02-360x540.jpg 360w, https:\/\/doubletakedecor.com\/uploads\/2025\/09\/stepping-stone-ideas-dtd-02-363x545.jpg 363w, https:\/\/doubletakedecor.com\/uploads\/2025\/09\/stepping-stone-ideas-dtd-02-370x555.jpg 370w, https:\/\/doubletakedecor.com\/uploads\/2025\/09\/stepping-stone-ideas-dtd-02-400x600.jpg 400w, https:\/\/doubletakedecor.com\/uploads\/2025\/09\/stepping-stone-ideas-dtd-02-560x840.jpg 560w, https:\/\/doubletakedecor.com\/uploads\/2025\/09\/stepping-stone-ideas-dtd-02-480x720.jpg 480w\" sizes=\"auto, (max-width: 700px) 100vw, 700px\" \/><\/p>\n<p>Haszn\u00e1lj v\u00f6r\u00f6s t\u00e9gl\u00e1kat, \u00e9s rakd ki kanyarg\u00f3s mint\u00e1ban, hogy egy egyedi kerti utat hozz l\u00e9tre. K\u00f6z\u00e9pen dekorat\u00edv, k\u00f6r alak\u00fa vir\u00e1gmot\u00edvum lehet a l\u00e1tv\u00e1nyos f\u00f3kuszpont. Az \u00fat sz\u00e9l\u00e9t d\u00edszkavicsokkal szeg\u00e9lyezd, ami kiemeli \u00e9s elv\u00e1lasztja a z\u00f6ld k\u00f6rnyezett\u0151l. Ez a megold\u00e1s egyszerre funkcion\u00e1lis \u00e9s k\u00fcl\u00f6nleges d\u00edsze is lesz a kertednek.<\/p>\n<h2>Vegyes anyag\u00fa kerti \u00f6sv\u00e9ny<\/h2>\n<p><img loading=\"lazy\" decoding=\"async\" width=\"700\" height=\"1050\" alt=\"Kanyarg\u00f3 kerti \u00fat f\u00e9nyes \u00e9s rusztikus k\u00f6vekkel, buja z\u00f6ld n\u00f6v\u00e9nyzettel, sz\u00ednes vir\u00e1gokkal \u00e9s d\u00edszkavicsokkal k\u00f6r\u00fclv\u00e9ve.\" class=\"aligncenter size-full wp-image-8140\" src=\"https:\/\/doubletakedecor.com\/uploads\/2025\/09\/stepping-stone-ideas-dtd-03.jpg\" srcset=\"https:\/\/doubletakedecor.com\/uploads\/2025\/09\/stepping-stone-ideas-dtd-03.jpg 700w, https:\/\/doubletakedecor.com\/uploads\/2025\/09\/stepping-stone-ideas-dtd-03-200x300.jpg 200w, https:\/\/doubletakedecor.com\/uploads\/2025\/09\/stepping-stone-ideas-dtd-03-683x1024.jpg 683w, https:\/\/doubletakedecor.com\/uploads\/2025\/09\/stepping-stone-ideas-dtd-03-96x144.jpg 96w, https:\/\/doubletakedecor.com\/uploads\/2025\/09\/stepping-stone-ideas-dtd-03-280x420.jpg 280w, https:\/\/doubletakedecor.com\/uploads\/2025\/09\/stepping-stone-ideas-dtd-03-320x480.jpg 320w, https:\/\/doubletakedecor.com\/uploads\/2025\/09\/stepping-stone-ideas-dtd-03-360x540.jpg 360w, https:\/\/doubletakedecor.com\/uploads\/2025\/09\/stepping-stone-ideas-dtd-03-363x545.jpg 363w, https:\/\/doubletakedecor.com\/uploads\/2025\/09\/stepping-stone-ideas-dtd-03-370x555.jpg 370w, https:\/\/doubletakedecor.com\/uploads\/2025\/09\/stepping-stone-ideas-dtd-03-400x600.jpg 400w, https:\/\/doubletakedecor.com\/uploads\/2025\/09\/stepping-stone-ideas-dtd-03-560x840.jpg 560w, https:\/\/doubletakedecor.com\/uploads\/2025\/09\/stepping-stone-ideas-dtd-03-480x720.jpg 480w\" sizes=\"auto, (max-width: 700px) 100vw, 700px\" \/><\/p>\n<p>Alkoss izgalmas \u00f6sv\u00e9nyt f\u00e9nyes \u00e9s \u00e9rdes k\u00f6vek kombin\u00e1l\u00e1s\u00e1val, k\u00f6r alak\u00fa kavicsmint\u00e1kkal feldobva. Helyezd el a l\u00e9p\u0151k\u00f6veket k\u00e9nyelmes t\u00e1vols\u00e1gra egym\u00e1st\u00f3l, szeg\u00e9lyezd alacsony n\u00f6v\u00e9s\u0171 n\u00f6v\u00e9nyekkel a hat\u00e1rozott szeg\u00e9ly\u00e9rt. Az \u00f6sszhat\u00e1st sz\u00ednes vir\u00e1gokkal \u00e9s kontrasztos anyagokkal fokozhatod tov\u00e1bb.<\/p>\n<h2>Modern, fekete l\u00e9p\u0151k\u0151-\u00f6sv\u00e9ny<\/h2>\n<p><img loading=\"lazy\" decoding=\"async\" width=\"700\" height=\"1050\" alt=\"T\u00e9glalap alak\u00fa, fekete l\u00e9p\u0151k\u00f6vek alkotta egyenes kerti \u00f6sv\u00e9ny, buja z\u00f6ld n\u00f6v\u00e9nyekkel \u00e9s sima kavicsokkal, mulccsal takart f\u00f6ld\u00f6n.\" class=\"aligncenter size-full wp-image-8146\" src=\"https:\/\/doubletakedecor.com\/uploads\/2025\/09\/stepping-stone-ideas-dtd-04.jpg\" srcset=\"https:\/\/doubletakedecor.com\/uploads\/2025\/09\/stepping-stone-ideas-dtd-04.jpg 700w, https:\/\/doubletakedecor.com\/uploads\/2025\/09\/stepping-stone-ideas-dtd-04-200x300.jpg 200w, https:\/\/doubletakedecor.com\/uploads\/2025\/09\/stepping-stone-ideas-dtd-04-683x1024.jpg 683w, https:\/\/doubletakedecor.com\/uploads\/2025\/09\/stepping-stone-ideas-dtd-04-96x144.jpg 96w, https:\/\/doubletakedecor.com\/uploads\/2025\/09\/stepping-stone-ideas-dtd-04-280x420.jpg 280w, https:\/\/doubletakedecor.com\/uploads\/2025\/09\/stepping-stone-ideas-dtd-04-320x480.jpg 320w, https:\/\/doubletakedecor.com\/uploads\/2025\/09\/stepping-stone-ideas-dtd-04-360x540.jpg 360w, https:\/\/doubletakedecor.com\/uploads\/2025\/09\/stepping-stone-ideas-dtd-04-363x545.jpg 363w, https:\/\/doubletakedecor.com\/uploads\/2025\/09\/stepping-stone-ideas-dtd-04-370x555.jpg 370w, https:\/\/doubletakedecor.com\/uploads\/2025\/09\/stepping-stone-ideas-dtd-04-400x600.jpg 400w, https:\/\/doubletakedecor.com\/uploads\/2025\/09\/stepping-stone-ideas-dtd-04-560x840.jpg 560w, https:\/\/doubletakedecor.com\/uploads\/2025\/09\/stepping-stone-ideas-dtd-04-480x720.jpg 480w\" sizes=\"auto, (max-width: 700px) 100vw, 700px\" \/><\/p>\n<p>Rendezz t\u00e9glalap alak\u00fa, fekete k\u00f6veket egyenes sorba, \u00edgy modern kerti utat kapsz. A k\u00f6vek k\u00f6z\u00e9 ker\u00fclhet mulcs, ami \u00e1polt, letisztult hat\u00e1st ad. \u00dcltess n\u00f6v\u00e9nyeket mindk\u00e9t oldal\u00e1ra a kiemel\u00e9shez, \u00e9s d\u00edsz\u00edtsd egyik sz\u00e9l\u00e9t kavicsokkal a text\u00fara v\u00e1ltozatoss\u00e1g\u00e1\u00e9rt. Ez a st\u00edlus kiv\u00e1l\u00f3 v\u00e1laszt\u00e1s modern, de term\u00e9szetk\u00f6zeli kertekbe is.<\/p>\n<h2>Term\u00e9sk\u0151b\u0151l k\u00e9sz\u00fclt kerti \u00f6sv\u00e9ny<\/h2>\n<p><img loading=\"lazy\" decoding=\"async\" width=\"700\" height=\"1050\" alt=\"Term\u00e9sk\u0151 lapokb\u00f3l \u00e1ll\u00f3 kerti \u00f6sv\u00e9ny, szeg\u00e9ly\u00e9n buja f\u0171vel \u00e9s sz\u00ednes vir\u00e1gokkal, h\u00e1tt\u00e9rben k\u0151sz\u00f6k\u0151k\u00fattal \u00e9s paddal.\" class=\"aligncenter size-full wp-image-8152\" src=\"https:\/\/doubletakedecor.com\/uploads\/2025\/09\/stepping-stone-ideas-dtd-05.jpg\" srcset=\"https:\/\/doubletakedecor.com\/uploads\/2025\/09\/stepping-stone-ideas-dtd-05.jpg 700w, https:\/\/doubletakedecor.com\/uploads\/2025\/09\/stepping-stone-ideas-dtd-05-200x300.jpg 200w, https:\/\/doubletakedecor.com\/uploads\/2025\/09\/stepping-stone-ideas-dtd-05-683x1024.jpg 683w, https:\/\/doubletakedecor.com\/uploads\/2025\/09\/stepping-stone-ideas-dtd-05-96x144.jpg 96w, https:\/\/doubletakedecor.com\/uploads\/2025\/09\/stepping-stone-ideas-dtd-05-280x420.jpg 280w, https:\/\/doubletakedecor.com\/uploads\/2025\/09\/stepping-stone-ideas-dtd-05-320x480.jpg 320w, https:\/\/doubletakedecor.com\/uploads\/2025\/09\/stepping-stone-ideas-dtd-05-360x540.jpg 360w, https:\/\/doubletakedecor.com\/uploads\/2025\/09\/stepping-stone-ideas-dtd-05-363x545.jpg 363w, https:\/\/doubletakedecor.com\/uploads\/2025\/09\/stepping-stone-ideas-dtd-05-370x555.jpg 370w, https:\/\/doubletakedecor.com\/uploads\/2025\/09\/stepping-stone-ideas-dtd-05-400x600.jpg 400w, https:\/\/doubletakedecor.com\/uploads\/2025\/09\/stepping-stone-ideas-dtd-05-560x840.jpg 560w, https:\/\/doubletakedecor.com\/uploads\/2025\/09\/stepping-stone-ideas-dtd-05-480x720.jpg 480w\" sizes=\"auto, (max-width: 700px) 100vw, 700px\" \/><\/p>\n<p>Alak\u00edts ki eleg\u00e1ns kerti utat nagy, term\u00e9szetes k\u0151lapokb\u00f3l, amiket egyenletesen helyezel a f\u0171be. Mellette sz\u00ednes vir\u00e1gokat \u00e9s d\u00edszn\u00f6v\u00e9nyeket \u00fcltethetsz, \u00edgy vid\u00e1m \u00e9s h\u00edvogat\u00f3 lesz az \u00f6sv\u00e9ny. Ha van r\u00e1 hely, helyezz el sz\u00f6k\u0151kutat vagy padot is \u2013 hogy pihenni is legyen kedved ezen az \u00faton.<\/p>\n<h2>Sz\u00ednes kavicsos kert\u00f6sv\u00e9ny<\/h2>\n<p><img loading=\"lazy\" decoding=\"async\" width=\"700\" height=\"1050\" alt=\"Sz\u00ednes kavicsokb\u00f3l kirakott kerti \u00f6sv\u00e9ny, amely egy k\u00f6r alak\u00fa k\u0151 v\u00edzmedenc\u00e9hez vezet, k\u00f6rben buja z\u00f6lddel \u00e9s lombokkal.\" class=\"aligncenter size-full wp-image-8158\" src=\"https:\/\/doubletakedecor.com\/uploads\/2025\/09\/stepping-stone-ideas-dtd-06.jpg\" srcset=\"https:\/\/doubletakedecor.com\/uploads\/2025\/09\/stepping-stone-ideas-dtd-06.jpg 700w, https:\/\/doubletakedecor.com\/uploads\/2025\/09\/stepping-stone-ideas-dtd-06-200x300.jpg 200w, https:\/\/doubletakedecor.com\/uploads\/2025\/09\/stepping-stone-ideas-dtd-06-683x1024.jpg 683w, https:\/\/doubletakedecor.com\/uploads\/2025\/09\/stepping-stone-ideas-dtd-06-96x144.jpg 96w, https:\/\/doubletakedecor.com\/uploads\/2025\/09\/stepping-stone-ideas-dtd-06-280x420.jpg 280w, https:\/\/doubletakedecor.com\/uploads\/2025\/09\/stepping-stone-ideas-dtd-06-320x480.jpg 320w, https:\/\/doubletakedecor.com\/uploads\/2025\/09\/stepping-stone-ideas-dtd-06-360x540.jpg 360w, https:\/\/doubletakedecor.com\/uploads\/2025\/09\/stepping-stone-ideas-dtd-06-363x545.jpg 363w, https:\/\/doubletakedecor.com\/uploads\/2025\/09\/stepping-stone-ideas-dtd-06-370x555.jpg 370w, https:\/\/doubletakedecor.com\/uploads\/2025\/09\/stepping-stone-ideas-dtd-06-400x600.jpg 400w, https:\/\/doubletakedecor.com\/uploads\/2025\/09\/stepping-stone-ideas-dtd-06-560x840.jpg 560w, https:\/\/doubletakedecor.com\/uploads\/2025\/09\/stepping-stone-ideas-dtd-06-480x720.jpg 480w\" sizes=\"auto, (max-width: 700px) 100vw, 700px\" \/><\/p>\n<p>Izgalmas, kanyarg\u00f3s kertutat alak\u00edthatsz ki sima, f\u00f6ldsz\u00edn\u0171 kavicsokb\u00f3l. Rendezd a k\u00f6veket term\u00e9szetes, laza mint\u00e1ban, amely egy sz\u00e9p v\u00edzj\u00e1t\u00e9khoz vezet. Az \u00f6sv\u00e9nyt d\u00fas n\u00f6v\u00e9nyekkel szeg\u00e9lyezd, \u00edgy m\u00e9g vid\u00e1mabb \u00e9s h\u00edvogat\u00f3bb lesz a kerted.<\/p>\n<h2>Mozaikos k\u0151lap kerti \u00f6sv\u00e9ny<\/h2>\n<p><img loading=\"lazy\" decoding=\"async\" width=\"700\" height=\"1050\" alt=\"Dekorat\u00edv, mint\u00e1s k\u0151lapokb\u00f3l \u00e1ll\u00f3 kerti \u00f6sv\u00e9ny mozaikos hat\u00e1ssal, szeg\u00e9ly\u00e9n buja host\u00e1kkal \u00e9s p\u00e1fr\u00e1nyokkal.\" class=\"aligncenter size-full wp-image-8164\" src=\"https:\/\/doubletakedecor.com\/uploads\/2025\/09\/stepping-stone-ideas-dtd-07.jpg\" srcset=\"https:\/\/doubletakedecor.com\/uploads\/2025\/09\/stepping-stone-ideas-dtd-07.jpg 700w, https:\/\/doubletakedecor.com\/uploads\/2025\/09\/stepping-stone-ideas-dtd-07-200x300.jpg 200w, https:\/\/doubletakedecor.com\/uploads\/2025\/09\/stepping-stone-ideas-dtd-07-683x1024.jpg 683w, https:\/\/doubletakedecor.com\/uploads\/2025\/09\/stepping-stone-ideas-dtd-07-96x144.jpg 96w, https:\/\/doubletakedecor.com\/uploads\/2025\/09\/stepping-stone-ideas-dtd-07-280x420.jpg 280w, https:\/\/doubletakedecor.com\/uploads\/2025\/09\/stepping-stone-ideas-dtd-07-320x480.jpg 320w, https:\/\/doubletakedecor.com\/uploads\/2025\/09\/stepping-stone-ideas-dtd-07-360x540.jpg 360w, https:\/\/doubletakedecor.com\/uploads\/2025\/09\/stepping-stone-ideas-dtd-07-363x545.jpg 363w, https:\/\/doubletakedecor.com\/uploads\/2025\/09\/stepping-stone-ideas-dtd-07-370x555.jpg 370w, https:\/\/doubletakedecor.com\/uploads\/2025\/09\/stepping-stone-ideas-dtd-07-400x600.jpg 400w, https:\/\/doubletakedecor.com\/uploads\/2025\/09\/stepping-stone-ideas-dtd-07-560x840.jpg 560w, https:\/\/doubletakedecor.com\/uploads\/2025\/09\/stepping-stone-ideas-dtd-07-480x720.jpg 480w\" sizes=\"auto, (max-width: 700px) 100vw, 700px\" \/><\/p>\n<p>Rakj ki egyedi mint\u00e1s, mozaikos hat\u00e1s\u00fa k\u0151lapokat, melyek l\u00e9p\u0151k\u0151k\u00e9nt \u00e9s d\u00edsz\u00edt\u0151elemk\u00e9nt is szolg\u00e1lnak. Az \u00fat mellett \u00e1rny\u00e9kkedvel\u0151 host\u00e1kat \u00e9s p\u00e1fr\u00e1nyokat \u00fcltethetsz, hogy kiemeld a k\u00f6vek mint\u00e1zat\u00e1t. Nagyobb k\u00f6veket is elhelyezhetsz az \u00fat ment\u00e9n, \u00edgy m\u00e9g term\u00e9szetesebben illeszkedik majd k\u00f6rnyezet\u00e9be. K\u00fcl\u00f6n\u00f6sen j\u00f3l mutat lejt\u0151s ter\u00fcleteken, ahol fontos a j\u00f3 j\u00e1rhat\u00f3s\u00e1g is.<\/p>\n<h2>Fa, t\u00e9glalap alak\u00fa l\u00e9p\u0151k\u00f6vek<\/h2>\n<p><img loading=\"lazy\" decoding=\"async\" width=\"700\" height=\"1050\" alt=\"Vonz\u00f3, t\u00e9glalap alak\u00fa fa l\u00e9p\u0151k\u00f6vek egyenes \u00f6sv\u00e9nyt alkotnak kavicsok \u00e9s d\u00fas n\u00f6v\u00e9nyzet k\u00f6z\u00f6tt, karakteres text\u00farakontrasztot \u00e9s rendezett \u00f6sszhangot teremtve.\" class=\"aligncenter size-full wp-image-8170\" src=\"https:\/\/doubletakedecor.com\/uploads\/2025\/09\/stepping-stone-ideas-dtd-08.jpg\" srcset=\"https:\/\/doubletakedecor.com\/uploads\/2025\/09\/stepping-stone-ideas-dtd-08.jpg 700w, https:\/\/doubletakedecor.com\/uploads\/2025\/09\/stepping-stone-ideas-dtd-08-200x300.jpg 200w, https:\/\/doubletakedecor.com\/uploads\/2025\/09\/stepping-stone-ideas-dtd-08-683x1024.jpg 683w, https:\/\/doubletakedecor.com\/uploads\/2025\/09\/stepping-stone-ideas-dtd-08-96x144.jpg 96w, https:\/\/doubletakedecor.com\/uploads\/2025\/09\/stepping-stone-ideas-dtd-08-280x420.jpg 280w, https:\/\/doubletakedecor.com\/uploads\/2025\/09\/stepping-stone-ideas-dtd-08-320x480.jpg 320w, https:\/\/doubletakedecor.com\/uploads\/2025\/09\/stepping-stone-ideas-dtd-08-360x540.jpg 360w, https:\/\/doubletakedecor.com\/uploads\/2025\/09\/stepping-stone-ideas-dtd-08-363x545.jpg 363w, https:\/\/doubletakedecor.com\/uploads\/2025\/09\/stepping-stone-ideas-dtd-08-370x555.jpg 370w, https:\/\/doubletakedecor.com\/uploads\/2025\/09\/stepping-stone-ideas-dtd-08-400x600.jpg 400w, https:\/\/doubletakedecor.com\/uploads\/2025\/09\/stepping-stone-ideas-dtd-08-560x840.jpg 560w, https:\/\/doubletakedecor.com\/uploads\/2025\/09\/stepping-stone-ideas-dtd-08-480x720.jpg 480w\" sizes=\"auto, (max-width: 700px) 100vw, 700px\" \/><\/p>\n<p>Alkoss eleg\u00e1ns kertutat t\u00e9glalap alak\u00fa fa l\u00e9p\u0151k\u00f6vek lerak\u00e1s\u00e1val, sima kavics\u00e1gyon. Helyezd el \u0151ket k\u00e9nyelmes t\u00e1vols\u00e1gra, \u00e9s szeg\u00e9lyezd az utat alacsony cserj\u00e9kkel a rendezetts\u00e9g\u00e9rt. K\u00fcl\u00f6n\u00f6sen j\u00f3l illik jap\u00e1n st\u00edlus\u00fa vagy modern kertekbe is, ahol egyszerre sz\u00e1m\u00edt a praktikum \u00e9s a letisztult sz\u00e9ps\u00e9g.<\/p>\n<h2>Vir\u00e1gokkal szeg\u00e9lyezett kerti k\u0151\u00f6sv\u00e9ny<\/h2>\n<p><img loading=\"lazy\" decoding=\"async\" width=\"700\" height=\"1050\" alt=\"Kerti \u00f6sv\u00e9ny, amely szab\u00e1lytalan k\u0151lapokon kanyarog sz\u00ednes vir\u00e1gok \u00e9s buja z\u00f6ld n\u00f6v\u00e9nyek k\u00f6z\u00f6tt sz\u00f3rt napf\u00e9nyben.\" class=\"aligncenter size-full wp-image-8176\" src=\"https:\/\/doubletakedecor.com\/uploads\/2025\/09\/stepping-stone-ideas-dtd-09.jpg\" srcset=\"https:\/\/doubletakedecor.com\/uploads\/2025\/09\/stepping-stone-ideas-dtd-09.jpg 700w, https:\/\/doubletakedecor.com\/uploads\/2025\/09\/stepping-stone-ideas-dtd-09-200x300.jpg 200w, https:\/\/doubletakedecor.com\/uploads\/2025\/09\/stepping-stone-ideas-dtd-09-683x1024.jpg 683w, https:\/\/doubletakedecor.com\/uploads\/2025\/09\/stepping-stone-ideas-dtd-09-96x144.jpg 96w, https:\/\/doubletakedecor.com\/uploads\/2025\/09\/stepping-stone-ideas-dtd-09-280x420.jpg 280w, https:\/\/doubletakedecor.com\/uploads\/2025\/09\/stepping-stone-ideas-dtd-09-320x480.jpg 320w, https:\/\/doubletakedecor.com\/uploads\/2025\/09\/stepping-stone-ideas-dtd-09-360x540.jpg 360w, https:\/\/doubletakedecor.com\/uploads\/2025\/09\/stepping-stone-ideas-dtd-09-363x545.jpg 363w, https:\/\/doubletakedecor.com\/uploads\/2025\/09\/stepping-stone-ideas-dtd-09-370x555.jpg 370w, https:\/\/doubletakedecor.com\/uploads\/2025\/09\/stepping-stone-ideas-dtd-09-400x600.jpg 400w, https:\/\/doubletakedecor.com\/uploads\/2025\/09\/stepping-stone-ideas-dtd-09-560x840.jpg 560w, https:\/\/doubletakedecor.com\/uploads\/2025\/09\/stepping-stone-ideas-dtd-09-480x720.jpg 480w\" sizes=\"auto, (max-width: 700px) 100vw, 700px\" \/><\/p>\n<p>Alak\u00edts ki egy hangulatos kerti s\u00e9t\u00e1nyt szab\u00e1lytalan k\u0151lapokkal, amiket \u00e9l\u00e9nk vir\u00e1gok vesznek k\u00f6r\u00fcl. \u00dcltesd a vir\u00e1gokat k\u00fcl\u00f6nb\u00f6z\u0151 magass\u00e1gokban \u00e9s sz\u00ednekben, hogy izgalmasabb legyen a l\u00e1tv\u00e1ny. Tegy\u00e9l magasabb d\u00edszf\u00fcveket az alacsony vir\u00e1gok m\u00f6g\u00e9, \u00edgy m\u00e9lys\u00e9get adhatsz az \u00f6sv\u00e9nynek. A k\u00f6vek k\u00f6z\u00f6tt hagyj el\u00e9g helyet, hogy talajtakar\u00f3 n\u00f6v\u00e9nyek is n\u0151hessenek ott, \u00edgy term\u00e9szetes hat\u00e1st \u00e9rhetsz el.<\/p>\n<h2>K\u00f6r alak\u00fa kavics\u00f6sv\u00e9ny<\/h2>\n<p><img loading=\"lazy\" decoding=\"async\" width=\"700\" height=\"1050\" alt=\"Eleg\u00e1ns, k\u00f6r alak\u00fa l\u00e9p\u0151k\u00f6vek sima feh\u00e9r, sz\u00fcrke \u00e9s fekete kavicsokb\u00f3l, szab\u00e1lyos k\u00f6r\u00f6kben elrendezve \u00fcde z\u00f6ld gyepben.\" class=\"aligncenter size-full wp-image-8182\" src=\"https:\/\/doubletakedecor.com\/uploads\/2025\/09\/stepping-stone-ideas-dtd-10.jpg\" srcset=\"https:\/\/doubletakedecor.com\/uploads\/2025\/09\/stepping-stone-ideas-dtd-10.jpg 700w, https:\/\/doubletakedecor.com\/uploads\/2025\/09\/stepping-stone-ideas-dtd-10-200x300.jpg 200w, https:\/\/doubletakedecor.com\/uploads\/2025\/09\/stepping-stone-ideas-dtd-10-683x1024.jpg 683w, https:\/\/doubletakedecor.com\/uploads\/2025\/09\/stepping-stone-ideas-dtd-10-96x144.jpg 96w, https:\/\/doubletakedecor.com\/uploads\/2025\/09\/stepping-stone-ideas-dtd-10-280x420.jpg 280w, https:\/\/doubletakedecor.com\/uploads\/2025\/09\/stepping-stone-ideas-dtd-10-320x480.jpg 320w, https:\/\/doubletakedecor.com\/uploads\/2025\/09\/stepping-stone-ideas-dtd-10-360x540.jpg 360w, https:\/\/doubletakedecor.com\/uploads\/2025\/09\/stepping-stone-ideas-dtd-10-363x545.jpg 363w, https:\/\/doubletakedecor.com\/uploads\/2025\/09\/stepping-stone-ideas-dtd-10-370x555.jpg 370w, https:\/\/doubletakedecor.com\/uploads\/2025\/09\/stepping-stone-ideas-dtd-10-400x600.jpg 400w, https:\/\/doubletakedecor.com\/uploads\/2025\/09\/stepping-stone-ideas-dtd-10-560x840.jpg 560w, https:\/\/doubletakedecor.com\/uploads\/2025\/09\/stepping-stone-ideas-dtd-10-480x720.jpg 480w\" sizes=\"auto, (max-width: 700px) 100vw, 700px\" \/><\/p>\n<p>Egyedi \u00e9s eleg\u00e1ns kavics\u00f6sv\u00e9nyt k\u00e9sz\u00edthetsz, ha sima, elt\u00e9r\u0151 sz\u00edn\u0171 kavicsokat rendezel el k\u00f6r alakban. H\u00fazz kijel\u00f6lt k\u00f6rvonalat, \u00e9s rakd bele a kavicsokat a form\u00e1ba, \u00edgy rendezett, m\u00e9gis mutat\u00f3s lesz az \u00f6sv\u00e9nyed. Ez a diz\u00e1jn nemcsak sz\u00e9p, de seg\u00edt elvezetni a vend\u00e9geket a kertedben, mik\u00f6zben modern, \u00edzl\u00e9ses hat\u00e1st kelt.<\/p>\n<h2>Term\u00e9szetes k\u0151\u00f6sv\u00e9ny z\u00f6ld n\u00f6v\u00e9nyek k\u00f6z\u00f6tt<\/h2>\n<p><img loading=\"lazy\" decoding=\"async\" width=\"700\" height=\"1050\" alt=\"Szab\u00e1lytalan s\u00f6t\u00e9t k\u00f6vek alkotta, textur\u00e1lt \u00f6sv\u00e9ny kanyarog buja z\u00f6ld f\u0171ben, hangulatos kerti s\u00e9t\u00e1t k\u00edn\u00e1lva.\" class=\"aligncenter size-full wp-image-8188\" src=\"https:\/\/doubletakedecor.com\/uploads\/2025\/09\/stepping-stone-ideas-dtd-11.jpg\" srcset=\"https:\/\/doubletakedecor.com\/uploads\/2025\/09\/stepping-stone-ideas-dtd-11.jpg 700w, https:\/\/doubletakedecor.com\/uploads\/2025\/09\/stepping-stone-ideas-dtd-11-200x300.jpg 200w, https:\/\/doubletakedecor.com\/uploads\/2025\/09\/stepping-stone-ideas-dtd-11-683x1024.jpg 683w, https:\/\/doubletakedecor.com\/uploads\/2025\/09\/stepping-stone-ideas-dtd-11-96x144.jpg 96w, https:\/\/doubletakedecor.com\/uploads\/2025\/09\/stepping-stone-ideas-dtd-11-280x420.jpg 280w, https:\/\/doubletakedecor.com\/uploads\/2025\/09\/stepping-stone-ideas-dtd-11-320x480.jpg 320w, https:\/\/doubletakedecor.com\/uploads\/2025\/09\/stepping-stone-ideas-dtd-11-360x540.jpg 360w, https:\/\/doubletakedecor.com\/uploads\/2025\/09\/stepping-stone-ideas-dtd-11-363x545.jpg 363w, https:\/\/doubletakedecor.com\/uploads\/2025\/09\/stepping-stone-ideas-dtd-11-370x555.jpg 370w, https:\/\/doubletakedecor.com\/uploads\/2025\/09\/stepping-stone-ideas-dtd-11-400x600.jpg 400w, https:\/\/doubletakedecor.com\/uploads\/2025\/09\/stepping-stone-ideas-dtd-11-560x840.jpg 560w, https:\/\/doubletakedecor.com\/uploads\/2025\/09\/stepping-stone-ideas-dtd-11-480x720.jpg 480w\" sizes=\"auto, (max-width: 700px) 100vw, 700px\" \/><\/p>\n<p>Kanyarog\u00f3 \u00f6sv\u00e9nyt k\u00e9sz\u00edthetsz egym\u00e1shoz ill\u0151, szab\u00e1lytalan s\u00f6t\u00e9t k\u00f6vekb\u0151l. A v\u00e1ltozatos fel\u00fclet m\u00e9g \u00e9rdekesebb l\u00e1tv\u00e1nyt ad, de \u00e9rdemes a k\u00f6veket k\u00f6zel egym\u00e1shoz rakni, hogy stabil legyen a j\u00e1r\u00e1s. Szeg\u00e9lyezd az utat s\u0171r\u0171 f\u0171vel, \u00edgy m\u00e9g term\u00e9szetesebb \u00e9s bar\u00e1ts\u00e1gosabb lesz a kerted \u00f6sszk\u00e9pe. Ez az \u00f6tlet egyszerre praktikus \u00e9s sz\u00e9p.<\/p>\n<h2>Term\u00e9szetes k\u0151lapos kerti \u00f6sv\u00e9ny<\/h2>\n<p><img loading=\"lazy\" decoding=\"async\" width=\"700\" height=\"1050\" alt=\"Kanyarod\u00f3 \u00f6sv\u00e9ny nagy, lapos k\u0151lapokb\u00f3l, buja z\u00f6ld n\u00f6v\u00e9nyek \u00e9s sz\u00ednes vir\u00e1gok k\u00f6z\u00f6tt, \u00e9vel\u0151kkel \u00e9s f\u0171szern\u00f6v\u00e9nyekkel szeg\u00e9lyezve, r\u00e1csos h\u00e1tt\u00e9rrel.\" class=\"aligncenter size-full wp-image-8194\" src=\"https:\/\/doubletakedecor.com\/uploads\/2025\/09\/stepping-stone-ideas-dtd-12.jpg\" srcset=\"https:\/\/doubletakedecor.com\/uploads\/2025\/09\/stepping-stone-ideas-dtd-12.jpg 700w, https:\/\/doubletakedecor.com\/uploads\/2025\/09\/stepping-stone-ideas-dtd-12-200x300.jpg 200w, https:\/\/doubletakedecor.com\/uploads\/2025\/09\/stepping-stone-ideas-dtd-12-683x1024.jpg 683w, https:\/\/doubletakedecor.com\/uploads\/2025\/09\/stepping-stone-ideas-dtd-12-96x144.jpg 96w, https:\/\/doubletakedecor.com\/uploads\/2025\/09\/stepping-stone-ideas-dtd-12-280x420.jpg 280w, https:\/\/doubletakedecor.com\/uploads\/2025\/09\/stepping-stone-ideas-dtd-12-320x480.jpg 320w, https:\/\/doubletakedecor.com\/uploads\/2025\/09\/stepping-stone-ideas-dtd-12-360x540.jpg 360w, https:\/\/doubletakedecor.com\/uploads\/2025\/09\/stepping-stone-ideas-dtd-12-363x545.jpg 363w, https:\/\/doubletakedecor.com\/uploads\/2025\/09\/stepping-stone-ideas-dtd-12-370x555.jpg 370w, https:\/\/doubletakedecor.com\/uploads\/2025\/09\/stepping-stone-ideas-dtd-12-400x600.jpg 400w, https:\/\/doubletakedecor.com\/uploads\/2025\/09\/stepping-stone-ideas-dtd-12-560x840.jpg 560w, https:\/\/doubletakedecor.com\/uploads\/2025\/09\/stepping-stone-ideas-dtd-12-480x720.jpg 480w\" sizes=\"auto, (max-width: 700px) 100vw, 700px\" \/><\/p>\n<p>V\u00e1lassz nagyobb lapos k\u00f6veket \u00e9s teremts vel\u00fck k\u00f6nnyed\u00e9n k\u00f6vethet\u0151 kerti \u00f6sv\u00e9nyt, amit sz\u00ednes vir\u00e1gok vesznek k\u00f6r\u00fcl. Tedd a l\u00e9p\u0151k\u00f6veket \u00fagy, hogy k\u00e9nyelmes legyen rajtuk s\u00e9t\u00e1lni, k\u00f6zben figyelj arra is, hogy egy szintben legyenek. A k\u00f6vek k\u00f6z\u00e9 \u00fcltess alacsony n\u00f6v\u00e9s\u0171 illatos f\u0171szern\u00f6v\u00e9nyeket, mint a kakukkf\u0171 vagy kamilla, \u00edgy s\u00e9ta k\u00f6zben illatokkal is gazdagodik az \u00e9lm\u00e9nyed.<\/p>\n<h2>Rusztikus k\u0151\u00f6sv\u00e9ny a z\u00f6ld gyepen<\/h2>\n<p><img loading=\"lazy\" decoding=\"async\" width=\"700\" height=\"1050\" alt=\"Hangulatos, rusztikus \u00f6sv\u00e9ny lapos k\u00f6vekb\u0151l egy \u00e9l\u00e9nk z\u00f6ld gyepen, gondozott bokrokkal \u00e9s rendezett t\u00e1jjal szeg\u00e9lyezve.\" class=\"aligncenter size-full wp-image-8200\" src=\"https:\/\/doubletakedecor.com\/uploads\/2025\/09\/stepping-stone-ideas-dtd-13.jpg\" srcset=\"https:\/\/doubletakedecor.com\/uploads\/2025\/09\/stepping-stone-ideas-dtd-13.jpg 700w, https:\/\/doubletakedecor.com\/uploads\/2025\/09\/stepping-stone-ideas-dtd-13-200x300.jpg 200w, https:\/\/doubletakedecor.com\/uploads\/2025\/09\/stepping-stone-ideas-dtd-13-683x1024.jpg 683w, https:\/\/doubletakedecor.com\/uploads\/2025\/09\/stepping-stone-ideas-dtd-13-96x144.jpg 96w, https:\/\/doubletakedecor.com\/uploads\/2025\/09\/stepping-stone-ideas-dtd-13-280x420.jpg 280w, https:\/\/doubletakedecor.com\/uploads\/2025\/09\/stepping-stone-ideas-dtd-13-320x480.jpg 320w, https:\/\/doubletakedecor.com\/uploads\/2025\/09\/stepping-stone-ideas-dtd-13-360x540.jpg 360w, https:\/\/doubletakedecor.com\/uploads\/2025\/09\/stepping-stone-ideas-dtd-13-363x545.jpg 363w, https:\/\/doubletakedecor.com\/uploads\/2025\/09\/stepping-stone-ideas-dtd-13-370x555.jpg 370w, https:\/\/doubletakedecor.com\/uploads\/2025\/09\/stepping-stone-ideas-dtd-13-400x600.jpg 400w, https:\/\/doubletakedecor.com\/uploads\/2025\/09\/stepping-stone-ideas-dtd-13-560x840.jpg 560w, https:\/\/doubletakedecor.com\/uploads\/2025\/09\/stepping-stone-ideas-dtd-13-480x720.jpg 480w\" sizes=\"auto, (max-width: 700px) 100vw, 700px\" \/><\/p>\n<p>Term\u00e9szetes hat\u00e1s\u00fa s\u00e9t\u00e1nyt tudsz kialak\u00edtani, ha lapos k\u00f6veket teszel egym\u00e1st\u00f3l egy kis t\u00e1vols\u00e1gra, hogy a f\u0171 is kin\u0151hessen k\u00f6zt\u00fck. \u00c9rdemes a k\u00f6veket a f\u0171 szintj\u00e9be s\u00fcllyeszteni, hogy a f\u0171ny\u00edr\u00e1s is egyszer\u0171 maradjon. Ez a megold\u00e1s praktikus \u00e9s eszt\u00e9tikus: a gyep sz\u00e9p marad, mik\u00f6zben a k\u0151\u00f6sv\u00e9ny kiemeli a kerted hangulat\u00e1t. V\u00e1lassz egyforma vastags\u00e1g\u00fa k\u00f6veket a biztons\u00e1gos j\u00e1r\u00e1shoz.<\/p>\n<h2>Term\u00e9szetes k\u0151lap\u00f6sv\u00e9ny<\/h2>\n<p><img loading=\"lazy\" decoding=\"async\" width=\"700\" height=\"1050\" alt=\"Szab\u00e1lytalan alak\u00fa k\u0151lapokb\u00f3l k\u00e9sz\u00fclt \u00f6sv\u00e9ny s\u00f6t\u00e9t kavicson, k\u00f6r\u00fcl\u00f6tte buja z\u00f6ld n\u00f6v\u00e9nyek, \u00edgy teremve nyugodt kerti hangulatot.\" class=\"aligncenter size-full wp-image-8206\" src=\"https:\/\/doubletakedecor.com\/uploads\/2025\/09\/stepping-stone-ideas-dtd-14.jpg\" srcset=\"https:\/\/doubletakedecor.com\/uploads\/2025\/09\/stepping-stone-ideas-dtd-14.jpg 700w, https:\/\/doubletakedecor.com\/uploads\/2025\/09\/stepping-stone-ideas-dtd-14-200x300.jpg 200w, https:\/\/doubletakedecor.com\/uploads\/2025\/09\/stepping-stone-ideas-dtd-14-683x1024.jpg 683w, https:\/\/doubletakedecor.com\/uploads\/2025\/09\/stepping-stone-ideas-dtd-14-96x144.jpg 96w, https:\/\/doubletakedecor.com\/uploads\/2025\/09\/stepping-stone-ideas-dtd-14-280x420.jpg 280w, https:\/\/doubletakedecor.com\/uploads\/2025\/09\/stepping-stone-ideas-dtd-14-320x480.jpg 320w, https:\/\/doubletakedecor.com\/uploads\/2025\/09\/stepping-stone-ideas-dtd-14-360x540.jpg 360w, https:\/\/doubletakedecor.com\/uploads\/2025\/09\/stepping-stone-ideas-dtd-14-363x545.jpg 363w, https:\/\/doubletakedecor.com\/uploads\/2025\/09\/stepping-stone-ideas-dtd-14-370x555.jpg 370w, https:\/\/doubletakedecor.com\/uploads\/2025\/09\/stepping-stone-ideas-dtd-14-400x600.jpg 400w, https:\/\/doubletakedecor.com\/uploads\/2025\/09\/stepping-stone-ideas-dtd-14-560x840.jpg 560w, https:\/\/doubletakedecor.com\/uploads\/2025\/09\/stepping-stone-ideas-dtd-14-480x720.jpg 480w\" sizes=\"auto, (max-width: 700px) 100vw, 700px\" \/><\/p>\n<p>Ha igaz\u00e1n l\u00e1tv\u00e1nyos, term\u00e9szetes \u00f6sv\u00e9nyt szeretn\u00e9l, rakd le a k\u00fcl\u00f6nb\u00f6z\u0151 form\u00e1j\u00fa k\u00f6veket s\u00f6t\u00e9t kavicsra. Olyan k\u00f6veket v\u00e1lassz, amelyek hasonl\u00f3 vastags\u00e1g\u00faak, \u00edgy k\u00e9nyelmes lesz rajtuk s\u00e9t\u00e1lni. Hagyj k\u00f6zt\u00fck nagyj\u00e1b\u00f3l 60 centi t\u00e1vols\u00e1got, hogy k\u00e9nyelmes l\u00e9p\u00e9sekkel tudd bej\u00e1rni. A szeg\u00e9lyhez \u00fcltess sz\u00e1razs\u00e1gt\u0171r\u0151 n\u00f6v\u00e9nyeket, \u00edgy kev\u00e9s gondoz\u00e1st ig\u00e9nyel majd az \u00f6sv\u00e9nyed. N\u00e9ha \u00e9rdemes le\u00f6bl\u00edteni a k\u00f6veket, hogy sz\u00e9pek maradjanak.<\/p>\n<h2>Modern, t\u00e9glalap alak\u00fa k\u0151\u00f6sv\u00e9ny<\/h2>\n<p><img loading=\"lazy\" decoding=\"async\" width=\"700\" height=\"1050\" alt=\"T\u00e9glalap alak\u00fa k\u0151lapokb\u00f3l \u00e1ll\u00f3 minimalista kerti \u00f6sv\u00e9ny vegyes barna \u00e9s feh\u00e9r kavicson, textur\u00e1lt feh\u00e9r fal el\u0151tt.\" class=\"aligncenter size-full wp-image-8212\" src=\"https:\/\/doubletakedecor.com\/uploads\/2025\/09\/stepping-stone-ideas-dtd-15.jpg\" srcset=\"https:\/\/doubletakedecor.com\/uploads\/2025\/09\/stepping-stone-ideas-dtd-15.jpg 700w, https:\/\/doubletakedecor.com\/uploads\/2025\/09\/stepping-stone-ideas-dtd-15-200x300.jpg 200w, https:\/\/doubletakedecor.com\/uploads\/2025\/09\/stepping-stone-ideas-dtd-15-683x1024.jpg 683w, https:\/\/doubletakedecor.com\/uploads\/2025\/09\/stepping-stone-ideas-dtd-15-96x144.jpg 96w, https:\/\/doubletakedecor.com\/uploads\/2025\/09\/stepping-stone-ideas-dtd-15-280x420.jpg 280w, https:\/\/doubletakedecor.com\/uploads\/2025\/09\/stepping-stone-ideas-dtd-15-320x480.jpg 320w, https:\/\/doubletakedecor.com\/uploads\/2025\/09\/stepping-stone-ideas-dtd-15-360x540.jpg 360w, https:\/\/doubletakedecor.com\/uploads\/2025\/09\/stepping-stone-ideas-dtd-15-363x545.jpg 363w, https:\/\/doubletakedecor.com\/uploads\/2025\/09\/stepping-stone-ideas-dtd-15-370x555.jpg 370w, https:\/\/doubletakedecor.com\/uploads\/2025\/09\/stepping-stone-ideas-dtd-15-400x600.jpg 400w, https:\/\/doubletakedecor.com\/uploads\/2025\/09\/stepping-stone-ideas-dtd-15-560x840.jpg 560w, https:\/\/doubletakedecor.com\/uploads\/2025\/09\/stepping-stone-ideas-dtd-15-480x720.jpg 480w\" sizes=\"auto, (max-width: 700px) 100vw, 700px\" \/><\/p>\n<p>Alak\u00edts ki modern s\u00e9t\u00e1nyt t\u00e9glalap alak\u00fa k\u00f6vekb\u0151l egy kevert sz\u00edn\u0171 kavics\u00e1gyon. V\u00e1ltoztasd a k\u00f6vek sz\u00edn\u00e9t \u00e9s fel\u00fclet\u00e9t, hogy \u00e9rdekesebb legyen a l\u00e1tv\u00e1ny, de figyelj arra, hogy a k\u00f6vek k\u00f6z\u00f6tti t\u00e1vols\u00e1g mindig egyforma maradjon. A kavics\u00e1gy nemcsak l\u00e1tv\u00e1nyos, hanem jav\u00edtja a v\u00edzelvezet\u00e9st is. Ez a letisztult \u00f6sv\u00e9ny t\u00f6k\u00e9letes v\u00e1laszt\u00e1s modern vagy minimalista kertekhez.<\/p>\n<h2>Kavics k\u00f6z\u00e9 \u00e1gyazott k\u0151\u00f6sv\u00e9ny finom vir\u00e1gokkal<\/h2>\n<p><img loading=\"lazy\" decoding=\"async\" width=\"700\" height=\"1050\" alt=\"Nyugodt kerti \u00f6sv\u00e9ny term\u00e9szetes k\u0151lapokkal, feh\u00e9r csillag alak\u00fa vir\u00e1gokkal \u00e9s buja z\u00f6ld levelekkel szeg\u00e9lyezve, sz\u0171rt napf\u00e9nyben.\" class=\"aligncenter size-full wp-image-8218\" src=\"https:\/\/doubletakedecor.com\/uploads\/2025\/09\/stepping-stone-ideas-dtd-16.jpg\" srcset=\"https:\/\/doubletakedecor.com\/uploads\/2025\/09\/stepping-stone-ideas-dtd-16.jpg 700w, https:\/\/doubletakedecor.com\/uploads\/2025\/09\/stepping-stone-ideas-dtd-16-200x300.jpg 200w, https:\/\/doubletakedecor.com\/uploads\/2025\/09\/stepping-stone-ideas-dtd-16-683x1024.jpg 683w, https:\/\/doubletakedecor.com\/uploads\/2025\/09\/stepping-stone-ideas-dtd-16-96x144.jpg 96w, https:\/\/doubletakedecor.com\/uploads\/2025\/09\/stepping-stone-ideas-dtd-16-280x420.jpg 280w, https:\/\/doubletakedecor.com\/uploads\/2025\/09\/stepping-stone-ideas-dtd-16-320x480.jpg 320w, https:\/\/doubletakedecor.com\/uploads\/2025\/09\/stepping-stone-ideas-dtd-16-360x540.jpg 360w, https:\/\/doubletakedecor.com\/uploads\/2025\/09\/stepping-stone-ideas-dtd-16-363x545.jpg 363w, https:\/\/doubletakedecor.com\/uploads\/2025\/09\/stepping-stone-ideas-dtd-16-370x555.jpg 370w, https:\/\/doubletakedecor.com\/uploads\/2025\/09\/stepping-stone-ideas-dtd-16-400x600.jpg 400w, https:\/\/doubletakedecor.com\/uploads\/2025\/09\/stepping-stone-ideas-dtd-16-560x840.jpg 560w, https:\/\/doubletakedecor.com\/uploads\/2025\/09\/stepping-stone-ideas-dtd-16-480x720.jpg 480w\" sizes=\"auto, (max-width: 700px) 100vw, 700px\" \/><\/p>\n<p>Var\u00e1zsolj b\u00e9k\u00e9s kerti s\u00e9t\u00e1nyt term\u00e9szetes k\u00f6vekkel, amiket csillag alak\u00fa feh\u00e9r vir\u00e1gok \u00e9s sokf\u00e9le z\u00f6ld n\u00f6v\u00e9ny d\u00edsz\u00edt. Hagyd a k\u00f6vek k\u00f6z\u00f6tt kell\u0151 t\u00e1vols\u00e1got, hogy a n\u00f6v\u00e9nyek is elf\u00e9rjenek. Rendszeresen \u00f6nt\u00f6zd, hogy a z\u00f6ld n\u00f6v\u00e9nyek mindig frissek \u00e9s \u00e9lettel telik legyenek. \u00c1rny\u00e9kosabb helyeken v\u00e1lassz \u00e1rny\u00e9kt\u0171r\u0151, vir\u00e1gz\u00f3 n\u00f6v\u00e9nyeket.<\/p>\n<h2>K\u00f6r alak\u00fa k\u0151l\u00e9p\u00e9sek a kertben<\/h2>\n<p><img loading=\"lazy\" decoding=\"async\" width=\"700\" height=\"1050\" alt=\"Kanyarg\u00f3 kerti \u00f6sv\u00e9ny v\u00e1ltakoz\u00f3 piros \u00e9s sz\u00fcrke, k\u00f6r alak\u00fa l\u00e9p\u0151k\u00f6vekkel, buja z\u00f6ld n\u00f6v\u00e9nyek k\u00f6z\u00f6tt, amely egy fa teraszhoz \u00e9s pergol\u00e1hoz vezet.\" class=\"aligncenter size-full wp-image-8224\" src=\"https:\/\/doubletakedecor.com\/uploads\/2025\/09\/stepping-stone-ideas-dtd-17.jpg\" srcset=\"https:\/\/doubletakedecor.com\/uploads\/2025\/09\/stepping-stone-ideas-dtd-17.jpg 700w, https:\/\/doubletakedecor.com\/uploads\/2025\/09\/stepping-stone-ideas-dtd-17-200x300.jpg 200w, https:\/\/doubletakedecor.com\/uploads\/2025\/09\/stepping-stone-ideas-dtd-17-683x1024.jpg 683w, https:\/\/doubletakedecor.com\/uploads\/2025\/09\/stepping-stone-ideas-dtd-17-96x144.jpg 96w, https:\/\/doubletakedecor.com\/uploads\/2025\/09\/stepping-stone-ideas-dtd-17-280x420.jpg 280w, https:\/\/doubletakedecor.com\/uploads\/2025\/09\/stepping-stone-ideas-dtd-17-320x480.jpg 320w, https:\/\/doubletakedecor.com\/uploads\/2025\/09\/stepping-stone-ideas-dtd-17-360x540.jpg 360w, https:\/\/doubletakedecor.com\/uploads\/2025\/09\/stepping-stone-ideas-dtd-17-363x545.jpg 363w, https:\/\/doubletakedecor.com\/uploads\/2025\/09\/stepping-stone-ideas-dtd-17-370x555.jpg 370w, https:\/\/doubletakedecor.com\/uploads\/2025\/09\/stepping-stone-ideas-dtd-17-400x600.jpg 400w, https:\/\/doubletakedecor.com\/uploads\/2025\/09\/stepping-stone-ideas-dtd-17-560x840.jpg 560w, https:\/\/doubletakedecor.com\/uploads\/2025\/09\/stepping-stone-ideas-dtd-17-480x720.jpg 480w\" sizes=\"auto, (max-width: 700px) 100vw, 700px\" \/><\/p>\n<p>Hat\u00e1sos \u00e9s k\u00fcl\u00f6nleges \u00f6sv\u00e9nyt k\u00e9sz\u00edthetsz, ha v\u00e1ltogatod a piros \u00e9s sz\u00fcrke k\u00f6r alak\u00fa l\u00e9p\u0151k\u00f6veket, \u00e9s kavics\u00e1gy\u00e1sba helyezed \u0151ket. Rakd le a k\u00f6veket \u00fagy, hogy k\u00e9nyelmes l\u00e9ptekkel tudd \u0151ket k\u00f6vetni. A szeg\u00e9lyt d\u00edsz\u00edtsd kis kavicsokkal \u00e9s nagyobb dekorat\u00edv k\u00f6vekkel, mell\u00e9 \u00fcltess alacsony, terjed\u0151 n\u00f6v\u00e9nyeket, hogy l\u00e1gyabb legyen az \u00f6sszk\u00e9p, de az \u00f6sv\u00e9ny j\u00f3l j\u00e1rhat\u00f3 maradjon.<\/p>\n<h2>Feh\u00e9r vid\u00e9ki h\u00e1z st\u00edlus\u00fa bej\u00e1rat k\u0151\u00f6sv\u00e9nnyel<\/h2>\n<p><img loading=\"lazy\" decoding=\"async\" width=\"700\" height=\"1049\" alt=\"Feh\u00e9r h\u00e1z bej\u00e1rata, f\u00e1b\u00f3l k\u00e9sz\u00fclt l\u00e9pcs\u0151vel, k\u00e9t oldal\u00e1n cserepes n\u00f6v\u00e9nyek \u00e9s l\u00e1mp\u00e1sok, sz\u00e9les k\u0151lapokkal \u00e9s f\u0171vel alkotva hangulatos \u00f6sv\u00e9nyt.\" class=\"aligncenter size-full wp-image-8230\" src=\"https:\/\/doubletakedecor.com\/uploads\/2025\/09\/stepping-stone-ideas-dtd-18.jpg\" srcset=\"https:\/\/doubletakedecor.com\/uploads\/2025\/09\/stepping-stone-ideas-dtd-18.jpg 700w, https:\/\/doubletakedecor.com\/uploads\/2025\/09\/stepping-stone-ideas-dtd-18-200x300.jpg 200w, https:\/\/doubletakedecor.com\/uploads\/2025\/09\/stepping-stone-ideas-dtd-18-683x1024.jpg 683w, https:\/\/doubletakedecor.com\/uploads\/2025\/09\/stepping-stone-ideas-dtd-18-96x144.jpg 96w, https:\/\/doubletakedecor.com\/uploads\/2025\/09\/stepping-stone-ideas-dtd-18-280x420.jpg 280w, https:\/\/doubletakedecor.com\/uploads\/2025\/09\/stepping-stone-ideas-dtd-18-320x480.jpg 320w, https:\/\/doubletakedecor.com\/uploads\/2025\/09\/stepping-stone-ideas-dtd-18-360x539.jpg 360w, https:\/\/doubletakedecor.com\/uploads\/2025\/09\/stepping-stone-ideas-dtd-18-363x544.jpg 363w, https:\/\/doubletakedecor.com\/uploads\/2025\/09\/stepping-stone-ideas-dtd-18-370x554.jpg 370w, https:\/\/doubletakedecor.com\/uploads\/2025\/09\/stepping-stone-ideas-dtd-18-400x599.jpg 400w, https:\/\/doubletakedecor.com\/uploads\/2025\/09\/stepping-stone-ideas-dtd-18-560x839.jpg 560w, https:\/\/doubletakedecor.com\/uploads\/2025\/09\/stepping-stone-ideas-dtd-18-480x719.jpg 480w\" sizes=\"auto, (max-width: 700px) 100vw, 700px\" \/><\/p>\n<p>Tedd hangulatoss\u00e1 a bej\u00e1ratodat sz\u00e9les, laz\u00e1n elhelyezett k\u0151lapokkal \u00e9s k\u00f6z\u00f6tt\u00fck n\u00f6v\u0151 f\u0171vel. Az \u00f6sv\u00e9ny k\u00e9t oldal\u00e1ra helyezz hozz\u00e1ill\u0151, visszafogott sz\u00edn\u0171 cserepes n\u00f6v\u00e9nyeket, \u00edgy sz\u00e9pen kiegyens\u00falyozott lesz a t\u00e9r. Akassz fel l\u00e1mp\u00e1sokat \u00e9s h\u00fazz ki \u00e9g\u0151sorokat, hogy este is kellemesen hangulatos legyen az el\u0151kert \u00e9s l\u00e1tv\u00e1nyos legyen a h\u00e1z bej\u00e1rata.<\/p>\n<h2>\u00d6sszekapcsol\u00f3d\u00f3 k\u00f6vek \u00f6sv\u00e9nye a kertben<\/h2>\n<p><img loading=\"lazy\" decoding=\"async\" width=\"700\" height=\"1050\" alt=\"Kert, amelyben sz\u00ednes vir\u00e1gok \u00e9s buja z\u00f6ld n\u00f6v\u00e9nyek veszik k\u00f6r\u00fcl a teraszt, ahol \u00f6sszekapcsol\u00f3d\u00f3 sz\u00fcrke \u00e9s feh\u00e9r l\u00e9p\u0151k\u00f6vek vannak.\" class=\"aligncenter size-full wp-image-8236\" src=\"https:\/\/doubletakedecor.com\/uploads\/2025\/09\/stepping-stone-ideas-dtd-19.jpg\" srcset=\"https:\/\/doubletakedecor.com\/uploads\/2025\/09\/stepping-stone-ideas-dtd-19.jpg 700w, https:\/\/doubletakedecor.com\/uploads\/2025\/09\/stepping-stone-ideas-dtd-19-200x300.jpg 200w, https:\/\/doubletakedecor.com\/uploads\/2025\/09\/stepping-stone-ideas-dtd-19-683x1024.jpg 683w, https:\/\/doubletakedecor.com\/uploads\/2025\/09\/stepping-stone-ideas-dtd-19-96x144.jpg 96w, https:\/\/doubletakedecor.com\/uploads\/2025\/09\/stepping-stone-ideas-dtd-19-280x420.jpg 280w, https:\/\/doubletakedecor.com\/uploads\/2025\/09\/stepping-stone-ideas-dtd-19-320x480.jpg 320w, https:\/\/doubletakedecor.com\/uploads\/2025\/09\/stepping-stone-ideas-dtd-19-360x540.jpg 360w, https:\/\/doubletakedecor.com\/uploads\/2025\/09\/stepping-stone-ideas-dtd-19-363x545.jpg 363w, https:\/\/doubletakedecor.com\/uploads\/2025\/09\/stepping-stone-ideas-dtd-19-370x555.jpg 370w, https:\/\/doubletakedecor.com\/uploads\/2025\/09\/stepping-stone-ideas-dtd-19-400x600.jpg 400w, https:\/\/doubletakedecor.com\/uploads\/2025\/09\/stepping-stone-ideas-dtd-19-560x840.jpg 560w, https:\/\/doubletakedecor.com\/uploads\/2025\/09\/stepping-stone-ideas-dtd-19-480x720.jpg 480w\" sizes=\"auto, (max-width: 700px) 100vw, 700px\" \/><\/p>\n<p>Teremts harmonikus l\u00e1tv\u00e1nyt sz\u00fcrke \u00e9s feh\u00e9r, egym\u00e1sba illeszked\u0151 k\u00f6vekkel, \u00e9s \u00fcltess mell\u00e9 \u00e9l\u00e9nk lila \u00e9s s\u00e1rga vir\u00e1gokat s\u00f6t\u00e9t mulcson, hogy jobban kiemelkedjenek a sz\u00ednek. Ez a megold\u00e1s t\u00f6k\u00e9letes \u00e1tmenet a terasz \u00e9s a gyep k\u00f6z\u00f6tt, nemcsak praktikus, hanem feldobja a kerted hangulat\u00e1t is.<\/p>\n<h2>Medence melletti k\u0151kock\u00e1s \u00f6sv\u00e9ny<\/h2>\n<p><img loading=\"lazy\" decoding=\"async\" width=\"700\" height=\"1050\" alt=\"Nyugodt \u00fasz\u00f3medence, ahol k\u0151kock\u00e1k, f\u00e1b\u00f3l k\u00e9sz\u00fclt pihen\u0151hely \u00e9s k\u00e9nyelmes \u00fcl\u0151b\u00fatorok vannak buja z\u00f6ld n\u00f6v\u00e9nyek k\u00f6z\u00f6tt.\" class=\"aligncenter size-full wp-image-8242\" src=\"https:\/\/doubletakedecor.com\/uploads\/2025\/09\/stepping-stone-ideas-dtd-20.jpg\" srcset=\"https:\/\/doubletakedecor.com\/uploads\/2025\/09\/stepping-stone-ideas-dtd-20.jpg 700w, https:\/\/doubletakedecor.com\/uploads\/2025\/09\/stepping-stone-ideas-dtd-20-200x300.jpg 200w, https:\/\/doubletakedecor.com\/uploads\/2025\/09\/stepping-stone-ideas-dtd-20-683x1024.jpg 683w, https:\/\/doubletakedecor.com\/uploads\/2025\/09\/stepping-stone-ideas-dtd-20-96x144.jpg 96w, https:\/\/doubletakedecor.com\/uploads\/2025\/09\/stepping-stone-ideas-dtd-20-280x420.jpg 280w, https:\/\/doubletakedecor.com\/uploads\/2025\/09\/stepping-stone-ideas-dtd-20-320x480.jpg 320w, https:\/\/doubletakedecor.com\/uploads\/2025\/09\/stepping-stone-ideas-dtd-20-360x540.jpg 360w, https:\/\/doubletakedecor.com\/uploads\/2025\/09\/stepping-stone-ideas-dtd-20-363x545.jpg 363w, https:\/\/doubletakedecor.com\/uploads\/2025\/09\/stepping-stone-ideas-dtd-20-370x555.jpg 370w, https:\/\/doubletakedecor.com\/uploads\/2025\/09\/stepping-stone-ideas-dtd-20-400x600.jpg 400w, https:\/\/doubletakedecor.com\/uploads\/2025\/09\/stepping-stone-ideas-dtd-20-560x840.jpg 560w, https:\/\/doubletakedecor.com\/uploads\/2025\/09\/stepping-stone-ideas-dtd-20-480x720.jpg 480w\" sizes=\"auto, (max-width: 700px) 100vw, 700px\" \/><\/p>\n<p>K\u00e9sz\u00edts pihen\u0151 sarkot a medence mell\u00e9 \u00fagy, hogy v\u00e1ltogatod a nagy k\u0151kock\u00e1kat \u00e9s a f\u00fcvet az \u00f6sv\u00e9nyen. Ett\u0151l nemcsak k\u00e9nyelmes lesz k\u00f6rbej\u00e1rni a medenc\u00e9t, hanem a sok z\u00f6ld is enyh\u00edti a burkolat kem\u00e9nys\u00e9g\u00e9t. Helyezz ki k\u00e9nyelmes b\u00fatorokat, \u00e9s \u00fcltess magasabb n\u00f6v\u00e9nyeket, hogy priv\u00e1tabb legyen a t\u00e9r. Olyan k\u00fclt\u00e9ri p\u00e1rn\u00e1kat v\u00e1lassz, amelyek sz\u00ednei passzolnak a kert t\u00f6bbi r\u00e9sz\u00e9hez.<\/p>\n<h2>GYIK<\/h2>\n<details class=\"g-accordion \"><summary><h3>Mik azok a l\u00e9p\u0151k\u00f6vek?<\/h3><\/summary>\n<p>A l\u00e9p\u0151k\u00f6vek gyakran jelennek meg kertekben vagy udvarokon. Ezek lapos darabok, amikkel hangulatos \u00f6sv\u00e9nyt lehet kialak\u00edtani. Nemcsak <strong>biztos fel\u00fcletet<\/strong> adnak a j\u00e1r\u00e1shoz, hanem szebb\u00e9 is teszik a kinti teret. \u00c1ltal\u00e1ban k\u0151b\u0151l, betonb\u00f3l vagy f\u00e1b\u00f3l k\u00e9sz\u00fclnek, \u00e9s \u00fagy helyezik el \u0151ket, hogy a f\u0171 vagy talajtakar\u00f3 k\u00f6z\u00e9j\u00fck n\u0151hessen. Ezzel nemcsak \u00e9rdekesebb\u00e9 v\u00e1lik a l\u00e1tv\u00e1ny, de bizonyos helyeken a talajer\u00f3zi\u00f3t is seg\u00edtenek megel\u0151zni. A l\u00e9p\u0151k\u00f6vek teh\u00e1t <strong>praktikusak \u00e9s d\u00edsz\u00edt\u0151elemek<\/strong> is egyben: kijel\u00f6lik az utat \u00e9s feldobj\u00e1k az udvar vagy a kert kin\u00e9zet\u00e9t.<\/p>\n<\/details><details class=\"g-accordion \"><summary><h3>Mib\u0151l k\u00e9sz\u00fclhetnek l\u00e9p\u0151k\u00f6vek?<\/h3><\/summary>\n<p>A l\u00e9p\u0151k\u00f6vek sokf\u00e9le, tart\u00f3s \u00e9s mutat\u00f3s anyagb\u00f3l k\u00e9sz\u00fclhetnek:<\/p>\n<ul>\n<li>a term\u00e9szetes k\u00f6vek, mint a pala vagy a s\u00fctt\u0151k\u0151, rusztikus hangulatot adnak, \u00e9s hossz\u00fa \u00e9vekig b\u00edrj\u00e1k,<\/li>\n<li>a beton nagyon sokoldal\u00fa, tetsz\u0151leges form\u00e1ra \u00f6nthet\u0151, \u00edgy b\u00e1rmilyen st\u00edlushoz igaz\u00edthat\u00f3,<\/li>\n<li>a t\u00e9gla j\u00f3 v\u00e1laszt\u00e1s azoknak, akik a hagyom\u00e1nyos megjelen\u00e9st szeretik, \u00e9s v\u00e1ltozatos mint\u00e1kban is lerakhat\u00f3,<\/li>\n<li>a fa\u2014r\u00f6nk\u00f6kb\u0151l vagy deszk\u00e1kb\u00f3l\u2014term\u00e9szetes \u00e9rzetet visz a kertbe, viszont folyamatos gondoz\u00e1st ig\u00e9nyel, mert hamarabb t\u00f6nkremegy az id\u0151j\u00e1r\u00e1s miatt,<\/li>\n<li>minden anyagnak megvan a maga el\u0151nye, \u00edgy k\u00f6nny\u0171 olyat v\u00e1lasztani, ami a saj\u00e1t kertedhez vagy ig\u00e9nyeidhez a legjobban illik.<\/li>\n<\/ul>\n<\/details><details class=\"g-accordion \"><summary><h3>Milyen form\u00e1kban \u00e9s sz\u00ednekben kaphat\u00f3k l\u00e9p\u0151k\u00f6vek?<\/h3><\/summary>\n<p>A l\u00e9p\u0151k\u00f6vek k\u00fcl\u00f6nf\u00e9le form\u00e1iknak \u00e9s sz\u00edn\u00fcknek k\u00f6sz\u00f6nhet\u0151en igaz\u00e1n egyedi hangulatot adnak a kertnek. Gyakori form\u00e1k p\u00e9ld\u00e1ul:<\/p>\n<ul>\n<li>k\u00f6r\u00f6k,<\/li>\n<li>n\u00e9gyzetek,<\/li>\n<li>t\u00e9glalapok,<\/li>\n<li>szab\u00e1lytalan alakzatok.<\/li>\n<\/ul>\n<p>Ezeket b\u00e1tran lehet keverni is, \u00edgy teljesen egyedi mint\u00e1kat k\u00e9sz\u00edthetsz, amik t\u00fckr\u00f6zik a saj\u00e1t st\u00edlusodat. A sz\u00ednv\u00e1laszt\u00e9k is sz\u00e9les: az <strong>erdei barna \u00e9s sz\u00fcrke \u00e1rnyalatokt\u00f3l<\/strong> eg\u00e9szen a <strong>\u00e9l\u00e9nk, vid\u00e1m sz\u00ednekig<\/strong> mindent megtal\u00e1lsz. \u00cdgy k\u00f6nny\u0171 olyat tal\u00e1lni, ami illik a kerted hangulat\u00e1hoz. Ezeknek a k\u00f6veknek k\u00f6sz\u00f6nhet\u0151en a k\u00fclt\u00e9ri terek nemcsak <strong>szebbek, hanem praktikusabbak<\/strong> is lesznek.<\/p>\n<\/details><details class=\"g-accordion \"><summary><h3>Hogyan k\u00e9sz\u00edthetsz egyedi l\u00e9p\u0151k\u00f6veket form\u00e1kkal?<\/h3><\/summary>\n<p>Saj\u00e1t l\u00e9p\u0151k\u00f6veket k\u00e9sz\u00edteni form\u00e1k seg\u00edts\u00e9g\u00e9vel egyszer\u0171 \u00e9s kreat\u00edv m\u00f3dja annak, hogy szem\u00e9lyesebb\u00e9 tedd a kertedet.<\/p>\n<ul>\n<li>El\u0151sz\u00f6r v\u00e1lassz ki egy neked tetsz\u0151 form\u00e1t \u00e9s m\u00e9retet,<\/li>\n<li>sokf\u00e9le m\u0171anyag vagy szilikon \u00f6nt\u0151forma k\u00f6z\u00fcl v\u00e1laszthatsz, amelyekkel igaz\u00e1n v\u00e1ltozatos mint\u00e1k k\u00e9sz\u00fclhetnek,<\/li>\n<li>ezut\u00e1n keverd be a betont,<\/li>\n<li>ha gyorsabb eredm\u00e9nyt szeretn\u00e9l, haszn\u00e1lj <strong>gyorsan k\u00f6t\u0151 betont<\/strong>,<\/li>\n<li>\u00f6ntsd a massz\u00e1t a form\u00e1ba, \u00e9s sim\u00edtsd el, hogy mindenhov\u00e1 egyenletesen jusson.<\/li>\n<\/ul>\n<p>M\u00edg a beton nedves, ak\u00e1r gy\u00f6ngy\u00f6kkel vagy sz\u00ednes mozaikdarabokkal is d\u00edsz\u00edtheted, hogy m\u00e9g l\u00e1tv\u00e1nyosabb legyen. Azt\u00e1n hagyd, hogy teljesen megk\u00f6ss\u00f6n\u2014ehhez \u00e1ltal\u00e1ban n\u00e9h\u00e1ny napra van sz\u00fcks\u00e9g, hogy igaz\u00e1n tart\u00f3s legyen a l\u00e9p\u0151k\u0151. Ha elk\u00e9sz\u00fclt, ezek az egyedi darabok nemcsak feldobj\u00e1k a kertet vagy az udvart, hanem a saj\u00e1t \u00edzl\u00e9sedet is t\u00fckr\u00f6zik. <strong>Egy ilyen bark\u00e1cs-projekt nemcsak d\u00edsz\u00edt, hanem praktikus s\u00e9t\u00e1nyt is kialak\u00edt a szabadban.<\/strong><\/p>\n<\/details><details class=\"g-accordion \"><summary><h3>Hogyan kem\u00e9nyedik meg a l\u00e9p\u0151k\u0151?<\/h3><\/summary>\n<p>A l\u00e9p\u0151k\u0151 megkem\u00e9nyed\u00e9se azzal kezd\u0151dik, hogy a form\u00e1ba \u00f6nt\u00f6tt beton <strong>sz\u00e9pen megszil\u00e1rdul<\/strong>. Ez a nagyon fontos l\u00e9p\u00e9s \u00e1ltal\u00e1ban n\u00e9h\u00e1ny napig tart, hiszen ekkor v\u00e1lik igaz\u00e1n er\u0151ss\u00e9 a beton. Az id\u0151j\u00e1r\u00e1s, p\u00e9ld\u00e1ul a h\u0151m\u00e9rs\u00e9klet \u00e9s a p\u00e1ratartalom, befoly\u00e1solja, mennyi ideig tart ez a folyamat. Fontos, hogy a k\u00f6veket tartsd nedvesen \u00e9s v\u00e9dd az er\u0151s naps\u00fct\u00e9st\u0151l vagy es\u0151t\u0151l, am\u00edg teljesen meg nem k\u00f6tnek. Ha elk\u00e9sz\u00fcltek, ezek a l\u00e9p\u0151k\u00f6vek j\u00f3l b\u00edrj\u00e1k majd a kinti haszn\u00e1latot: <strong>tart\u00f3sak \u00e9s hasznosak<\/strong> lesznek a kerti utakhoz vagy teraszokhoz, mik\u00f6zben sz\u00e9pp\u00e9 is teszik a teret.<\/p>\n<\/details> <details class=\"g-accordion \"><summary><h3>Hogyan kell lefektetni a tipeg\u0151k\u00f6veket a legjobb eredm\u00e9ny \u00e9rdek\u00e9ben?<\/h3><\/summary>  <\/p>\n<p>A legjobb eredm\u00e9ny \u00e9rdek\u00e9ben mindig tervezz el\u0151re, ha tipeg\u0151k\u00f6veket szeretn\u00e9l lerakni. Jel\u00f6ld ki el\u0151sz\u00f6r az \u00f6sv\u00e9ny \u00fatvonal\u00e1t p\u00e9ld\u00e1ul madzaggal vagy kr\u00e9t\u00e1val, hogy pontosan tudd, hova ker\u00fcljenek a k\u00f6vek.<\/p>\n<ul>\n<li>\u00c1ss sek\u00e9ly g\u00f6dr\u00f6ket mindegyik k\u0151 sz\u00e1m\u00e1ra,<\/li>\n<li>gy\u0151z\u0151dj meg arr\u00f3l, hogy a k\u00f6vek egy szintben legyenek a k\u00f6rnyez\u0151 talajjal, \u00edgy elker\u00fclhet\u0151 az elbotl\u00e1s,<\/li>\n<li>helyezd el a k\u00f6veket a g\u00f6dr\u00f6kbe \u00fagy, hogy k\u00f6z\u00f6tt\u00fck egyforma t\u00e1vols\u00e1g legyen \u2013 \u00edgy k\u00e9nyelmes lesz rajtuk j\u00e1rni.<\/li>\n<\/ul>\n<p>T\u00f6ltsd ki a k\u00f6vek k\u00f6r\u00fcli r\u00e9seket f\u00f6lddel vagy kaviccsal, hogy azok stabilak legyenek, \u00e9s sz\u00e9pen illeszkedjenek a k\u00f6rnyezetbe. Ez nemcsak praktikus, hanem szebb\u00e9 is teszi a kertedet. V\u00e1lassz tart\u00f3s anyagokat, p\u00e9ld\u00e1ul <strong>betonb\u00f3l<\/strong> vagy <strong>term\u00e9sk\u0151b\u0151l<\/strong> k\u00e9sz\u00fclt tipeg\u0151ket, amelyeket megtal\u00e1lsz a helyi kert\u00e9szetben \u2013 ezek j\u00f3l b\u00edrj\u00e1k az id\u0151j\u00e1r\u00e1st, \u00e9s illenek a kert hangulat\u00e1hoz.<\/p>\n<p>A rendszeres karbantart\u00e1s sokat sz\u00e1m\u00edt: gyakran ellen\u0151rizd, hogy a k\u00f6vek egyenesen \u00e1llnak \u00e9s nincsenek-e ben\u0151ve f\u0171vel vagy gyomokkal. <strong>Ezzel a k\u00f6nny\u0171 m\u00f3dszerrel tart\u00f3s, sz\u00e9p \u00e9s praktikus \u00f6sv\u00e9nyt alak\u00edthatsz ki a kertedben, amivel elrendezheted a gyalogos forgalmat, mik\u00f6zben a kerted st\u00edlus\u00e1t is feldobod.<\/strong><\/p>\n<\/details>\n<details class=\"g-accordion \"><summary><h3>Hogyan lehet \u00f6sv\u00e9nyeket kialak\u00edtani tipeg\u0151k\u00f6vekkel?<\/h3><\/summary>  <\/p>\n<p>A tipeg\u0151k\u00f6vek seg\u00edtenek \u00f6sv\u00e9nyeket l\u00e9trehozni, hogy k\u00e9nyelmesen lehessen s\u00e9t\u00e1lni a kertben vagy udvaron. Ak\u00e1r k\u00fcl\u00f6nf\u00e9le mint\u00e1kat is form\u00e1lhatsz bel\u0151l\u00fck \u2013 ezzel terelheted a vend\u00e9geket egyik helyr\u0151l a m\u00e1sikra, mik\u00f6zben a kerted l\u00e1tv\u00e1ny\u00e1t is szebb\u00e9 teszed. Ha id\u0151vel a k\u00f6vek k\u00f6z\u00f6tt kin\u0151 a f\u0171 vagy a talajtakar\u00f3 n\u00f6v\u00e9nyek, az \u00f6sv\u00e9ny term\u00e9szetesen belesimul a t\u00e1jba, \u00e9s rendezett hat\u00e1st kelt. <strong>Ez nemcsak mutat\u00f3s, de seg\u00edt megel\u0151zni a talajer\u00f3zi\u00f3t is.<\/strong><\/p>\n<\/details>\n<details class=\"g-accordion \"><summary><h3>Hogyan lehet tipeg\u0151k\u00f6vekkel kijel\u00f6lni a kert k\u00fcl\u00f6nb\u00f6z\u0151 r\u00e9szeit?<\/h3><\/summary>  <\/p>\n<p>A tipeg\u0151k\u00f6vek fontos szerepet j\u00e1tszanak a k\u00fclt\u00e9ri terek tagol\u00e1s\u00e1ban: seg\u00edtenek elv\u00e1lasztani p\u00e9ld\u00e1ul a vir\u00e1g\u00e1gy\u00e1sokat, pihen\u0151helyeket vagy j\u00e1rd\u00e1kat. \u00cdgy rendezettebb\u00e9 v\u00e1lik a kert, r\u00e1ad\u00e1sul a k\u00f6vek \u00faj sz\u00ednt \u00e9s text\u00far\u00e1t adnak a k\u00f6rnyezethez. Ha \u00fcgyesen helyezed el a tipeg\u0151ket, az emberek k\u00f6nnyen megtal\u00e1lj\u00e1k az utat, mik\u00f6zben a kert egyes r\u00e9szei is jobban kiemelkednek. A k\u00f6vek kijel\u00f6lhetnek olyan z\u00f3n\u00e1kat is, ahol lehet eb\u00e9delni vagy laz\u00edtani, \u00edgy a kert j\u00f3l szervezett \u00e9s h\u00edvogat\u00f3 lesz.<\/p>\n<\/details>\n<details class=\"g-accordion \"><summary><h3>Haszn\u00e1lhat\u00f3k a tipeg\u0151k\u00f6vek burkol\u00f3lapk\u00e9nt?<\/h3><\/summary>  <\/p>\n<p>A tipeg\u0151k\u00f6vek remek v\u00e1laszt\u00e1snak sz\u00e1m\u00edtanak, ha szeretn\u00e9l valami m\u00e1st, mint a hagyom\u00e1nyos burkol\u00f3lapokat. <strong>Rugalmasan alak\u00edthatod \u0151ket, egyedi mint\u00e1kat hozhatsz l\u00e9tre, r\u00e1ad\u00e1sul k\u00f6nnyen cser\u00e9lhet\u0151k vagy \u00e1thelyezhet\u0151k \u2013 ez\u00e9rt t\u00f6k\u00e9letesek \u00f6sv\u00e9nyekhez, teraszokhoz vagy s\u00e9t\u00e1nyokhoz.<\/strong><\/p>\n<ul>\n<li>Egyszer\u0171en illeszkednek a term\u00e9szetes k\u00f6rnyezetbe,<\/li>\n<li>szebb\u00e9 teszik a kerti tereket,<\/li>\n<li>sokf\u00e9le st\u00edlushoz alkalmazhat\u00f3k,<\/li>\n<li>praktikusak is,<\/li>\n<li>\u00edgy egyszerre lesz hasznos \u00e9s mutat\u00f3s a kerted vagy udvarod.<\/li>\n<\/ul>\n<\/details>\n<details class=\"g-accordion \"><summary><h3>Milyen el\u0151nyei vannak a tipeg\u0151k\u00f6vek haszn\u00e1lat\u00e1nak a kertben?<\/h3><\/summary>  <\/p>\n<p>Ha tipeg\u0151k\u00f6veket teszel a kertedbe, t\u00f6bbf\u00e9le hasznot h\u00fazhatsz bel\u0151le:<\/p>\n<ul>\n<li>J\u00f3l l\u00e1that\u00f3 \u00f6sv\u00e9nyek vezetnek az egyes r\u00e9szekhez,<\/li>\n<li>kev\u00e9sb\u00e9 taposs\u00e1k le a vir\u00e1gokat vagy \u00e1gy\u00e1sokat, \u00edgy a t\u00f6r\u00e9keny n\u00f6v\u00e9nyek is v\u00e9dve vannak,<\/li>\n<li>plusz text\u00far\u00e1t \u00e9s sz\u00ednt is vihetsz a kertbe, amit\u0151l m\u00e9g szebb lesz,<\/li>\n<li>s\u00e1rtapos\u00f3k\u00e9nt is m\u0171k\u00f6dnek, es\u0151ben is stabilan lehet l\u00e9pni rajtuk,<\/li>\n<li>kiemelik a kert \u00e9rdekes r\u00e9szeit \u2013 p\u00e9ld\u00e1ul \u00fcl\u0151helyeket vagy d\u00edszt\u00e1rgyakat \u2013, \u00edgy m\u00e9g l\u00e1tv\u00e1nyosabb lesz az \u00f6sszk\u00e9p.<\/li>\n<\/ul>\n<p><strong>Ez\u00e9rt \u00e9rdemes tipeg\u0151k\u00f6veket haszn\u00e1lni: egyszerre teszik praktikusabb\u00e1 \u00e9s szebb\u00e9 b\u00e1rmelyik kertet.<\/strong><\/p>\n<\/details>\n<details class=\"g-accordion \"><summary><h3>Hogyan n\u00f6velik a tipeg\u0151k\u00f6vek az el\u0151kert vonzerej\u00e9t?<\/h3><\/summary>  <\/p>\n<p>A tipeg\u0151k\u00f6vek igaz\u00e1n feldobj\u00e1k a h\u00e1z megjelen\u00e9s\u00e9t: bar\u00e1ts\u00e1gos utat teremtenek a bej\u00e1rathoz, \u00e9s m\u00e9g a kert \u00f6sszk\u00e9p\u00e9t is jav\u00edtj\u00e1k. Aki szeretn\u00e9 megmutatni st\u00edlus\u00e1t, sokf\u00e9le <strong>anyagot, form\u00e1t \u00e9s sz\u00ednt<\/strong> v\u00e1logathat \u00f6ssze, hogy igaz\u00e1n egyedi legyen az el\u0151kertje. Egy j\u00f3l elhelyezett \u00f6sv\u00e9ny v\u00e9gigvezeti a l\u00e1togat\u00f3kat \u00e9rdekes kerti r\u00e9szeken is.<\/p>\n<ul>\n<li>A tipeg\u0151k\u00f6vek sz\u00e9pen belesimulnak a k\u00f6rnyezetbe,<\/li>\n<li>szebb\u00e9 teszik az udvart \u00e9s ak\u00e1r vonz\u00f3bb\u00e1 is tehetik a h\u00e1zat,<\/li>\n<li>de nem csak a l\u00e1tv\u00e1nyuk j\u00f3, hiszen rengeteg hasznos szerep\u00fck is van.<\/li>\n<\/ul>\n<p>Seg\u00edtenek meg\u00e1ll\u00edtani a talajer\u00f3zi\u00f3t \u00e9s k\u00f6nnyebben \u00e1t lehet j\u00e1rni t\u0151l\u00fck a kertet. Ez\u00e9rt szinte b\u00e1rmilyen kerttervez\u00e9si \u00f6tletbe j\u00f3l illenek.<\/p>\n<\/details>\n","protected":false},"excerpt":{"rendered":"<p>A l\u00e9p\u0151k\u00f6vek nemcsak praktikus \u00fatvonalak a kertedben \u2013 sokoldal\u00fa d\u00edsz\u00edt\u0151elemek is, amelyek egyszerre teszik szebb\u00e9 \u00e9s haszn\u00e1lhat\u00f3bb\u00e1 a szabadt\u00e9ri teret. Ezek a lapos k\u00f6vek term\u00e9szetes k\u0151b\u0151l, betonb\u00f3l, t\u00e9gl\u00e1b\u00f3l vagy ak\u00e1r f\u00e1b\u00f3l is k\u00e9sz\u00fclhetnek. J\u00e1r\u00f3fel\u00fcletet adnak, mik\u00f6zben a k\u00f6vek k\u00f6z\u00f6tt tov\u00e1bb n\u0151het a f\u0171 \u00e9s m\u00e1s n\u00f6v\u00e9nyek. A l\u00e9p\u0151k\u00f6vek t\u00f6bbet tudnak, mint csak vezetni a l\u00e9pteket vagy meg\u00f3vni a talajt az&hellip;<\/p>\n","protected":false},"author":12,"featured_media":8251,"comment_status":"closed","ping_status":"closed","sticky":false,"template":"","format":"standard","meta":{"rank_math_focus_keyword":"l\u00e9pcs\u0151k\u00f6vek","rank_math_title":"Alak\u00edtsd \u00e1t a kerted \u00f6sv\u00e9ny\u00e9t","rank_math_description":"Fedezd fel a t\u00f6k\u00e9letes l\u00e9pcs\u0151k\u00f6veket, amelyek st\u00edlusosan \u00e9s tart\u00f3san fejlesztik kerti \u00f6sv\u00e9nyedet. V\u00e1s\u00e1rolj most egy leny\u0171g\u00f6z\u0151 k\u00fclt\u00e9ri \u00e1talakul\u00e1s\u00e9rt.","footnotes":""},"categories":[124],"tags":[],"class_list":["post-8296","post","type-post","status-publish","format-standard","has-post-thumbnail","hentry","category-kert"],"g_custom_schema_json":"<script type=\"application\/ld+json\">\n{\n  \"@context\": \"https:\/\/schema.org\",\n  \"@type\": \"FAQPage\",\n  \"mainEntity\": [\n    {\n      \"@type\": \"Question\",\n      \"name\": \"Mik azok a l\u00e9p\u0151k\u00f6vek?\",\n      \"acceptedAnswer\": {\n        \"@type\": \"Answer\",\n        \"text\": \"A l\u00e9p\u0151k\u00f6vek gyakran jelennek meg kertekben vagy udvarokon. Ezek lapos darabok, amikkel hangulatos \u00f6sv\u00e9nyt lehet kialak\u00edtani. Nemcsak biztos fel\u00fcletet adnak a j\u00e1r\u00e1shoz, hanem szebb\u00e9 is teszik a kinti teret.\"\n      }\n    },\n    {\n      \"@type\": \"Question\",\n      \"name\": \"Mib\u0151l k\u00e9sz\u00fclhetnek l\u00e9p\u0151k\u00f6vek?\",\n      \"acceptedAnswer\": {\n        \"@type\": \"Answer\",\n        \"text\": \"A l\u00e9p\u0151k\u00f6vek sokf\u00e9le, tart\u00f3s \u00e9s mutat\u00f3s anyagb\u00f3l k\u00e9sz\u00fclhetnek: term\u00e9szetes k\u00f6vek, mint a pala vagy a s\u00fctt\u0151k\u0151, beton, t\u00e9gla, fa. Minden anyagnak megvan a maga el\u0151nye, \u00edgy k\u00f6nny\u0171 olyat v\u00e1lasztani, ami a saj\u00e1t kertedhez vagy ig\u00e9nyeidhez a legjobban illik.\"\n      }\n    },\n    {\n      \"@type\": \"Question\",\n      \"name\": \"Milyen form\u00e1kban \u00e9s sz\u00ednekben kaphat\u00f3k l\u00e9p\u0151k\u00f6vek?\",\n      \"acceptedAnswer\": {\n        \"@type\": \"Answer\",\n        \"text\": \"A l\u00e9p\u0151k\u00f6vek k\u00fcl\u00f6nf\u00e9le form\u00e1iknak \u00e9s sz\u00edn\u00fcknek k\u00f6sz\u00f6nhet\u0151en igaz\u00e1n egyedi hangulatot adnak a kertnek. Gyakori form\u00e1k p\u00e9ld\u00e1ul k\u00f6r\u00f6k, n\u00e9gyzetek, t\u00e9glalapok, szab\u00e1lytalan alakzatok. Ezeket b\u00e1tran lehet keverni is, \u00edgy teljesen egyedi mint\u00e1kat k\u00e9sz\u00edthetsz.\"\n      }\n    },\n    {\n      \"@type\": \"Question\",\n      \"name\": \"Hogyan k\u00e9sz\u00edthetsz egyedi l\u00e9p\u0151k\u00f6veket form\u00e1kkal?\",\n      \"acceptedAnswer\": {\n        \"@type\": \"Answer\",\n        \"text\": \"Saj\u00e1t l\u00e9p\u0151k\u00f6veket k\u00e9sz\u00edteni form\u00e1k seg\u00edts\u00e9g\u00e9vel egyszer\u0171 \u00e9s kreat\u00edv m\u00f3dja annak, hogy szem\u00e9lyesebb\u00e9 tedd a kertedet. El\u0151sz\u00f6r v\u00e1lassz ki egy neked tetsz\u0151 form\u00e1t \u00e9s m\u00e9retet, majd keverd be a betont. \u00d6ntsd a massz\u00e1t a form\u00e1ba, \u00e9s sim\u00edtsd el, hogy mindenhov\u00e1 egyenletesen jusson.\"\n      }\n    },\n    {\n      \"@type\": \"Question\",\n      \"name\": \"Hogyan kem\u00e9nyedik meg a l\u00e9p\u0151k\u0151?\",\n      \"acceptedAnswer\": {\n        \"@type\": \"Answer\",\n        \"text\": \"A l\u00e9p\u0151k\u0151 megkem\u00e9nyed\u00e9se azzal kezd\u0151dik, hogy a form\u00e1ba \u00f6nt\u00f6tt beton sz\u00e9pen megszil\u00e1rdul. Ez a nagyon fontos l\u00e9p\u00e9s \u00e1ltal\u00e1ban n\u00e9h\u00e1ny napig tart, hiszen ekkor v\u00e1lik igaz\u00e1n er\u0151ss\u00e9 a beton. Az id\u0151j\u00e1r\u00e1s, p\u00e9ld\u00e1ul a h\u0151m\u00e9rs\u00e9klet \u00e9s a p\u00e1ratartalom, befoly\u00e1solja, mennyi ideig tart ez a folyamat.\"\n      }\n    },\n    {\n      \"@type\": \"Question\",\n      \"name\": \"Hogyan kell lefektetni a tipeg\u0151k\u00f6veket a legjobb eredm\u00e9ny \u00e9rdek\u00e9ben?\",\n      \"acceptedAnswer\": {\n        \"@type\": \"Answer\",\n        \"text\": \"A legjobb eredm\u00e9ny \u00e9rdek\u00e9ben mindig tervezz el\u0151re, ha tipeg\u0151k\u00f6veket szeretn\u00e9l lerakni. Jel\u00f6ld ki el\u0151sz\u00f6r az \u00f6sv\u00e9ny \u00fatvonal\u00e1t p\u00e9ld\u00e1ul madzaggal vagy kr\u00e9t\u00e1val, hogy pontosan tudd, hova ker\u00fcljenek a k\u00f6vek. \u00c1ss sek\u00e9ly g\u00f6dr\u00f6ket mindegyik k\u0151 sz\u00e1m\u00e1ra.\"\n      }\n    },\n    {\n      \"@type\": \"Question\",\n      \"name\": \"Hogyan lehet \u00f6sv\u00e9nyeket kialak\u00edtani tipeg\u0151k\u00f6vekkel?\",\n      \"acceptedAnswer\": {\n        \"@type\": \"Answer\",\n        \"text\": \"A tipeg\u0151k\u00f6vek seg\u00edtenek \u00f6sv\u00e9nyeket l\u00e9trehozni, hogy k\u00e9nyelmesen lehessen s\u00e9t\u00e1lni a kertben vagy udvaron. Ak\u00e1r k\u00fcl\u00f6nf\u00e9le mint\u00e1kat is form\u00e1lhatsz bel\u0151l\u00fck \u2013 ezzel terelheted a vend\u00e9geket egyik helyr\u0151l a m\u00e1sikra. Ha id\u0151vel a k\u00f6vek k\u00f6z\u00f6tt kin\u0151 a f\u0171 vagy a talajtakar\u00f3 n\u00f6v\u00e9nyek, az \u00f6sv\u00e9ny term\u00e9szetesen belesimul a t\u00e1jba.\"\n      }\n    },\n    {\n      \"@type\": \"Question\",\n      \"name\": \"Hogyan lehet tipeg\u0151k\u00f6vekkel kijel\u00f6lni a kert k\u00fcl\u00f6nb\u00f6z\u0151 r\u00e9szeit?\",\n      \"acceptedAnswer\": {\n        \"@type\": \"Answer\",\n        \"text\": \"A tipeg\u0151k\u00f6vek fontos szerepet j\u00e1tszanak a k\u00fclt\u00e9ri terek tagol\u00e1s\u00e1ban: seg\u00edtenek elv\u00e1lasztani p\u00e9ld\u00e1ul a vir\u00e1g\u00e1gy\u00e1sokat, pihen\u0151helyeket vagy j\u00e1rd\u00e1kat. \u00cdgy rendezettebb\u00e9 v\u00e1lik a kert, r\u00e1ad\u00e1sul a k\u00f6vek \u00faj sz\u00ednt \u00e9s text\u00far\u00e1t adnak a k\u00f6rnyezethez. Ha \u00fcgyesen helyezed el a tipeg\u0151ket, az emberek k\u00f6nnyen megtal\u00e1lj\u00e1k az utat.\"\n      }\n    },\n    {\n      \"@type\": \"Question\",\n      \"name\": \"Haszn\u00e1lhat\u00f3k a tipeg\u0151k\u00f6vek burkol\u00f3lapk\u00e9nt?\",\n      \"acceptedAnswer\": {\n        \"@type\": \"Answer\",\n        \"text\": \"A tipeg\u0151k\u00f6vek remek v\u00e1laszt\u00e1snak sz\u00e1m\u00edtanak, ha szeretn\u00e9l valami m\u00e1st, mint a hagyom\u00e1nyos burkol\u00f3lapokat. Rugalmasan alak\u00edthatod \u0151ket, egyedi mint\u00e1kat hozhatsz l\u00e9tre, r\u00e1ad\u00e1sul k\u00f6nnyen cser\u00e9lhet\u0151k vagy \u00e1thelyezhet\u0151k \u2013 ez\u00e9rt t\u00f6k\u00e9letesek \u00f6sv\u00e9nyekhez, teraszokhoz vagy s\u00e9t\u00e1nyokhoz.\"\n      }\n    },\n    {\n      \"@type\": \"Question\",\n      \"name\": \"Milyen el\u0151nyei vannak a tipeg\u0151k\u00f6vek haszn\u00e1lat\u00e1nak a kertben?\",\n      \"acceptedAnswer\": {\n        \"@type\": \"Answer\",\n        \"text\": \"Ha tipeg\u0151k\u00f6veket teszel a kertedbe, t\u00f6bbf\u00e9le hasznot h\u00fazhatsz bel\u0151le: j\u00f3l l\u00e1that\u00f3 \u00f6sv\u00e9nyek vezetnek az egyes r\u00e9szekhez, kev\u00e9sb\u00e9 taposs\u00e1k le a vir\u00e1gokat vagy \u00e1gy\u00e1sokat, plusz text\u00far\u00e1t \u00e9s sz\u00ednt is vihetsz a kertbe. S\u00e1rtapos\u00f3k\u00e9nt is m\u0171k\u00f6dnek, es\u0151ben is stabilan lehet l\u00e9pni rajtuk.\"\n      }\n    },\n    {\n      \"@type\": \"Question\",\n      \"name\": \"Hogyan n\u00f6velik a tipeg\u0151k\u00f6vek az el\u0151kert vonzerej\u00e9t?\",\n      \"acceptedAnswer\": {\n        \"@type\": \"Answer\",\n        \"text\": \"A tipeg\u0151k\u00f6vek igaz\u00e1n feldobj\u00e1k a h\u00e1z megjelen\u00e9s\u00e9t: bar\u00e1ts\u00e1gos utat teremtenek a bej\u00e1rathoz, \u00e9s m\u00e9g a kert \u00f6sszk\u00e9p\u00e9t is jav\u00edtj\u00e1k. Aki szeretn\u00e9 megmutatni st\u00edlus\u00e1t, sokf\u00e9le anyagot, form\u00e1t \u00e9s sz\u00ednt v\u00e1logathat \u00f6ssze, hogy igaz\u00e1n egyedi legyen az el\u0151kertje. Egy j\u00f3l elhelyezett \u00f6sv\u00e9ny v\u00e9gigvezeti a l\u00e1togat\u00f3kat \u00e9rdekes kerti r\u00e9szeken is.\"\n      }\n    }\n  ]\n}\n<\/script>\n<script type=\"application\/ld+json\">\n{\n  \"@context\": \"https:\/\/schema.org\",\n  \"@type\": \"HowTo\",\n  \"name\": \"Egyedi l\u00e9p\u0151k\u00f6vek k\u00e9sz\u00edt\u00e9se form\u00e1kkal\",\n  \"description\": \"Saj\u00e1t l\u00e9p\u0151k\u00f6veket k\u00e9sz\u00edthetsz \u00f6nt\u0151form\u00e1k seg\u00edts\u00e9g\u00e9vel, \u00edgy szem\u00e9lyre szabott kerti \u00f6sv\u00e9nyt alak\u00edthatsz ki.\",\n  \"image\": \"https:\/\/doubletakedecor.com\/uploads\/2025\/09\/stepping-stone-ideas-dtd-01.jpg\",\n  \"totalTime\": \"P3D\",\n  \"supply\": [\n    {\n      \"@type\": \"HowToSupply\",\n      \"name\": \"Beton\"\n    },\n    {\n      \"@type\": \"HowToSupply\",\n      \"name\": \"V\u00edz\"\n    },\n    {\n      \"@type\": \"HowToSupply\",\n      \"name\": \"\u00d6nt\u0151forma (m\u0171anyag vagy szilikon)\"\n    },\n    {\n      \"@type\": \"HowToSupply\",\n      \"name\": \"D\u00edsz\u00edt\u0151elemek (gy\u00f6ngy, mozaik, kavics)\"\n    }\n  ],\n  \"tool\": [\n    {\n      \"@type\": \"HowToTool\",\n      \"name\": \"V\u00f6d\u00f6r vagy kever\u0151ed\u00e9ny\"\n    },\n    {\n      \"@type\": \"HowToTool\",\n      \"name\": \"Kever\u0151kan\u00e1l\"\n    },\n    {\n      \"@type\": \"HowToTool\",\n      \"name\": \"Spakli vagy sim\u00edt\u00f3\"\n    },\n    {\n      \"@type\": \"HowToTool\",\n      \"name\": \"V\u00e9d\u0151keszty\u0171\"\n    }\n  ],\n  \"step\": [\n    {\n      \"@type\": \"HowToStep\",\n      \"name\": \"Forma kiv\u00e1laszt\u00e1sa\",\n      \"text\": \"V\u00e1lassz ki egy tetsz\u0151leges \u00f6nt\u0151form\u00e1t \u00e9s hat\u00e1rozd meg a k\u00edv\u00e1nt m\u00e9retet.\",\n      \"image\": \"https:\/\/doubletakedecor.com\/uploads\/2025\/09\/stepping-stone-ideas-dtd-01.jpg\"\n    },\n    {\n      \"@type\": \"HowToStep\",\n      \"name\": \"Beton bekever\u00e9se\",\n      \"text\": \"Keverd \u00f6ssze a betont a v\u00edzzel a csomagol\u00e1son l\u00e9v\u0151 utas\u00edt\u00e1s szerint.\",\n      \"image\": \"https:\/\/doubletakedecor.com\/uploads\/2025\/09\/stepping-stone-ideas-dtd-01.jpg\"\n    },\n    {\n      \"@type\": \"HowToStep\",\n      \"name\": \"\u00d6nt\u00e9s \u00e9s d\u00edsz\u00edt\u00e9s\",\n      \"text\": \"\u00d6ntsd a betonmassz\u00e1t a form\u00e1ba, sim\u00edtsd el a felsz\u00ednt, majd a nedves betonba helyezd bele a d\u00edsz\u00edt\u0151elemeket.\",\n      \"image\": \"https:\/\/doubletakedecor.com\/uploads\/2025\/09\/stepping-stone-ideas-dtd-01.jpg\"\n    },\n    {\n      \"@type\": \"HowToStep\",\n      \"name\": \"Sz\u00e1rad\u00e1s \u00e9s kiv\u00e9tel\",\n      \"text\": \"Hagyd a l\u00e9p\u0151k\u00f6vet a form\u00e1ban megsz\u00e1radni (\u00e1ltal\u00e1ban legal\u00e1bb 24-48 \u00f3ra), majd \u00f3vatosan vedd ki a form\u00e1b\u00f3l.\",\n      \"image\": \"https:\/\/doubletakedecor.com\/uploads\/2025\/09\/stepping-stone-ideas-dtd-01.jpg\"\n    },\n    {\n      \"@type\": \"HowToStep\",\n      \"name\": \"Elhelyez\u00e9s a kertben\",\n      \"text\": \"A k\u00e9sz l\u00e9p\u0151k\u00f6veket helyezd el az el\u0151re kijel\u00f6lt \u00fatvonalra, \u00e9s igaz\u00edtsd \u0151ket a k\u00f6rnyez\u0151 talaj szintj\u00e9hez.\"\n    }\n  ]\n}\n<\/script>","_links":{"self":[{"href":"https:\/\/doubletakedecor.com\/hu\/wp-json\/wp\/v2\/posts\/8296","targetHints":{"allow":["GET"]}}],"collection":[{"href":"https:\/\/doubletakedecor.com\/hu\/wp-json\/wp\/v2\/posts"}],"about":[{"href":"https:\/\/doubletakedecor.com\/hu\/wp-json\/wp\/v2\/types\/post"}],"author":[{"embeddable":true,"href":"https:\/\/doubletakedecor.com\/hu\/wp-json\/wp\/v2\/users\/12"}],"replies":[{"embeddable":true,"href":"https:\/\/doubletakedecor.com\/hu\/wp-json\/wp\/v2\/comments?post=8296"}],"version-history":[{"count":1,"href":"https:\/\/doubletakedecor.com\/hu\/wp-json\/wp\/v2\/posts\/8296\/revisions"}],"predecessor-version":[{"id":8297,"href":"https:\/\/doubletakedecor.com\/hu\/wp-json\/wp\/v2\/posts\/8296\/revisions\/8297"}],"wp:featuredmedia":[{"embeddable":true,"href":"https:\/\/doubletakedecor.com\/hu\/wp-json\/wp\/v2\/media\/8251"}],"wp:attachment":[{"href":"https:\/\/doubletakedecor.com\/hu\/wp-json\/wp\/v2\/media?parent=8296"}],"wp:term":[{"taxonomy":"category","embeddable":true,"href":"https:\/\/doubletakedecor.com\/hu\/wp-json\/wp\/v2\/categories?post=8296"},{"taxonomy":"post_tag","embeddable":true,"href":"https:\/\/doubletakedecor.com\/hu\/wp-json\/wp\/v2\/tags?post=8296"}],"curies":[{"name":"wp","href":"https:\/\/api.w.org\/{rel}","templated":true}]}}