{"id":8576,"date":"2025-09-16T20:18:09","date_gmt":"2025-09-16T18:18:09","guid":{"rendered":"https:\/\/doubletakedecor.com\/diy-projektek\/butor-festesi-otletek\/"},"modified":"2025-09-16T20:55:52","modified_gmt":"2025-09-16T18:55:52","slug":"butor-festesi-otletek","status":"publish","type":"post","link":"https:\/\/doubletakedecor.com\/hu\/diy-projektek\/butor-festesi-otletek\/","title":{"rendered":"Kreat\u00edv b\u00fatorv\u00e1zol\u00e1si \u00f6tletek k\u00e1pr\u00e1zatos meg\u00faj\u00edt\u00e1shoz"},"content":{"rendered":"<p>B\u00e1rmilyen b\u00fatorb\u00f3l k\u00f6nnyen k\u00e9sz\u00edthetsz igaz\u00e1n k\u00fcl\u00f6nleges darabot \u2013 sokkal egyszer\u0171bb, mint gondoln\u00e1d! A megfelel\u0151 fest\u00e9kkel \u00e9s n\u00e9h\u00e1ny j\u00f3l bev\u00e1lt technik\u00e1val \u00faj \u00e9letet lehelhetsz r\u00e9gi, megunt b\u00fatorokba, mik\u00f6zben megmutathatod a saj\u00e1t st\u00edlusodat is.<\/p>\n<p>A lehet\u0151s\u00e9gek sz\u00e1ma v\u00e9gtelen: p\u00e9ld\u00e1ul a k\u00f6nnyen haszn\u00e1lhat\u00f3 kr\u00e9tafest\u00e9kkel vagy a rusztikus, antikolt hat\u00e1ssal eg\u00e9szen \u00fajj\u00e1 var\u00e1zsolhatod a b\u00fatoraidat. Lehet, hogy a pasztellsz\u00ednek tetszenek, vagy \u00e9ppen a mer\u00e9szebb, modern \u00e1rnyalatok, esetleg a r\u00e9gi id\u0151k mint\u00e1i \u2013 a fest\u00e9k mindig megfizethet\u0151 m\u00f3dja annak, hogy teljesen \u00e1talak\u00edtsd az otthonod hangulat\u00e1t.<\/p>\n<p>A siker titka a j\u00f3 el\u0151k\u00e9sz\u00edt\u00e9s \u00e9s a min\u0151s\u00e9gi anyagok kiv\u00e1laszt\u00e1sa. Az alapoz\u00f3 seg\u00edt, hogy a fest\u00e9k jobban tapadjon, a kiv\u00e1l\u00f3 min\u0151s\u00e9g\u0171 fest\u00e9kek pedig szebben fednek \u00e9s tart\u00f3sabbak lesznek. Ha kedved t\u00e1mad k\u00eds\u00e9rletezni, kipr\u00f3b\u00e1lhatod a sablonokat, az ombre hat\u00e1st vagy a sz\u00ednblokkol\u00e1st \u2013 \u00edgy az egyszer\u0171 darabokb\u00f3l igazi m\u0171v\u00e9szi k\u00f6z\u00e9ppontot alkothatsz.<\/p>\n<p>B\u00e1tran emeld ki a d\u00edszes r\u00e9szleteket, vagy lopj egy kis vid\u00e1ms\u00e1got p\u00e9ld\u00e1ul a fi\u00f3kok, szekr\u00e9nyh\u00e1tak belsej\u00e9be is! M\u00e9g a legapr\u00f3bb dolgok \u2013 mint egy festett k\u00e9pkeret vagy l\u00e1mpatalp \u2013 is \u00f6sszefogj\u00e1k a helyis\u00e9get an\u00e9lk\u00fcl, hogy t\u00fal sokba ker\u00fcln\u00e9nek. Ha bele mersz v\u00e1gni ezekbe a kreat\u00edv \u00f6tletekbe, \u00fagy friss\u00edtheted fel az otthonod, hogy k\u00f6zben igaz\u00e1n egyedi t\u00e1rgyakat k\u00e9sz\u00edtesz, amik csak r\u00f3lad mes\u00e9lnek.<\/p>\n<div class=\"kt_block\" id=\"kt_id\">\n<span class=\"kt_headline\">Fontos tudnival\u00f3k<\/span><\/p>\n<ul class=\"kt_post_list\">\n<li><strong>\ud83c\udfa8 V\u00e9gtelen lehet\u0151s\u00e9g fest\u00e9kkel:<\/strong> A b\u00fatorfest\u00e9ssel szinte b\u00e1rmit megval\u00f3s\u00edthatsz: sablon, ombre vagy antik hat\u00e1s \u2013 mind egyedi st\u00edlust ad a b\u00fatorodnak.<\/li>\n<li><strong>\ud83d\udd8c\ufe0f Az el\u0151k\u00e9sz\u00edt\u00e9s a siker kulcsa:<\/strong> Tiszt\u00edt\u00e1s, csiszol\u00e1s \u00e9s alapoz\u00e1s n\u00e9lk\u00fcl nincs strapab\u00edr\u00f3, ig\u00e9nyes v\u00e9gleges fel\u00fclet.<\/li>\n<li><strong>\ud83d\udca1 Emeld ki a k\u00fcl\u00f6nleges r\u00e9szleteket:<\/strong> D\u00edsz\u00edtsd b\u00e1tran a mint\u00e1kat vagy sz\u00ednezd meg v\u00e1ratlan helyeken, hogy a b\u00fator igaz\u00e1n szem\u00e9lyes legyen \u00e9s kiemelkedjen a t\u00f6megb\u0151l.<\/li>\n<li><strong>\ud83d\udcaa Sz\u00e1m\u00edt a j\u00f3 min\u0151s\u00e9g:<\/strong> Pr\u00e9mium fest\u00e9ket \u00e9s alapoz\u00f3t haszn\u00e1lj \u2013 \u00edgy k\u00f6nnyebb a munka, jobb a fed\u00e9s, \u00e9s tart\u00f3sabb lesz a k\u00e9sz b\u00fator.<\/li>\n<\/ul>\n<\/div>\n<h2>M\u00e1rv\u00e1nyos r\u00f3zsasz\u00edn-arany kom\u00f3d<\/h2>\n<p><img loading=\"lazy\" decoding=\"async\" width=\"700\" height=\"1050\" alt=\"Romantikus n\u00e9gyszeres fi\u00f3kos kom\u00f3d m\u00e1rv\u00e1nyos pink \u00e9s feh\u00e9r mint\u00e1val, arany d\u00edsz\u00edt\u00e9sekkel, rajta v\u00e1z\u00e1ban r\u00f3zs\u00e1kkal.\" class=\"aligncenter size-full wp-image-8307\" src=\"https:\/\/doubletakedecor.com\/uploads\/2025\/09\/furniture-painting-ideas-dtd-01.jpg\" srcset=\"https:\/\/doubletakedecor.com\/uploads\/2025\/09\/furniture-painting-ideas-dtd-01.jpg 700w, https:\/\/doubletakedecor.com\/uploads\/2025\/09\/furniture-painting-ideas-dtd-01-200x300.jpg 200w, https:\/\/doubletakedecor.com\/uploads\/2025\/09\/furniture-painting-ideas-dtd-01-683x1024.jpg 683w\" sizes=\"auto, (max-width: 700px) 100vw, 700px\" \/><\/p>\n<p>Egy sima kom\u00f3dot is igazi \u00e9kszerdobozz\u00e1 tehetsz a m\u00e1rv\u00e1nyos technik\u00e1val. Fess alapnak feh\u00e9ret, \u00e9s am\u00edg m\u00e9g nedves, keverj bele r\u00f3zsasz\u00edn akrilfest\u00e9ket \u2013 ett\u0151l lesz eleg\u00e1ns, m\u00e1rv\u00e1nyszer\u0171 a minta. Az \u00e9leket \u00e9s foganty\u00fakat arany sz\u00ednnel emeld ki, hogy igaz\u00e1n luxus hat\u00e1st \u00e9rj el. Friss v\u00e1gott vir\u00e1gokkal \u00e9s hozz\u00e1ill\u0151 faldekorral lesz teljes a hangulat.<\/p>\n<h2>Antikolt k\u00e9k vir\u00e1gos hintasz\u00e9k<\/h2>\n<p><img loading=\"lazy\" decoding=\"async\" width=\"700\" height=\"1050\" alt=\"\u00c9l\u00e9nk k\u00e9k hintasz\u00e9k s\u00e1rga-feh\u00e9r vir\u00e1gmint\u00e1val, term\u00e9szetes k\u0151fal \u00e9s sz\u00ednes kerti vir\u00e1gok el\u0151tt \u00e1ll.\" class=\"aligncenter size-full wp-image-8313\" src=\"https:\/\/doubletakedecor.com\/uploads\/2025\/09\/furniture-painting-ideas-dtd-02.jpg\" srcset=\"https:\/\/doubletakedecor.com\/uploads\/2025\/09\/furniture-painting-ideas-dtd-02.jpg 700w, https:\/\/doubletakedecor.com\/uploads\/2025\/09\/furniture-painting-ideas-dtd-02-200x300.jpg 200w, https:\/\/doubletakedecor.com\/uploads\/2025\/09\/furniture-painting-ideas-dtd-02-683x1024.jpg 683w\" sizes=\"auto, (max-width: 700px) 100vw, 700px\" \/><\/p>\n<p>Egy hagyom\u00e1nyos hintasz\u00e9k is \u00faj \u00e9letet kap \u00e9l\u00e9nk k\u00e9k fest\u00e9ssel \u00e9s k\u00e9zzel festett vir\u00e1gmint\u00e1kkal. Ha a sz\u00e9lekre \u00e9s a gyakran \u00e9rintett r\u00e9szekhez \u00f3vatosan csiszolsz, a b\u00fator igaz\u00e1n karakteres lesz. Teraszb\u00fatorokn\u00e1l is remek\u00fcl m\u0171k\u00f6dik, r\u00e1ad\u00e1sul egy k\u00fclt\u00e9ri lakkal tart\u00f3sabb is lesz az id\u0151j\u00e1r\u00e1s viszontags\u00e1gaival szemben.<\/p>\n<h2>Eleg\u00e1ns kerek \u00e9tkez\u0151asztal<\/h2>\n<p><img loading=\"lazy\" decoding=\"async\" width=\"700\" height=\"1050\" alt=\"Festett, vil\u00e1gos sz\u00edn\u0171 kerek asztal, rajta orchidea k\u00f6z\u00e9pen; j\u00f3l l\u00e1tszik a b\u00fatorfest\u00e9s \u00e1talak\u00edt\u00f3 ereje.\" class=\"aligncenter size-full wp-image-8319\" src=\"https:\/\/doubletakedecor.com\/uploads\/2025\/09\/furniture-painting-ideas-dtd-03.jpg\" srcset=\"https:\/\/doubletakedecor.com\/uploads\/2025\/09\/furniture-painting-ideas-dtd-03.jpg 700w, https:\/\/doubletakedecor.com\/uploads\/2025\/09\/furniture-painting-ideas-dtd-03-200x300.jpg 200w, https:\/\/doubletakedecor.com\/uploads\/2025\/09\/furniture-painting-ideas-dtd-03-683x1024.jpg 683w\" sizes=\"auto, (max-width: 700px) 100vw, 700px\" \/><\/p>\n<p>Tedd k\u00fcl\u00f6nlegess\u00e9 az \u00e9tkez\u0151t egy vil\u00e1gos, textur\u00e1lt fel\u00fclet\u0171 kerek asztallal! Helyezz el rajta egy kasp\u00f3s orchide\u00e1t arany t\u00e1lc\u00e1n, \u00edgy term\u00e9szetes eleganci\u00e1t visz a t\u00e9rbe, de nem uralja le a helyis\u00e9get. Tedd az asztalt ablak k\u00f6zel\u00e9be, \u00edgy a f\u00e9ny m\u00e9g jobban kiemeli a b\u00fatordarab sz\u00e9ps\u00e9g\u00e9t \u00e9s az apr\u00f3 r\u00e9szleteket.<\/p>\n<h2>S\u00f6t\u00e9tk\u00e9k-arany f\u00fcrd\u0151szobai hangulat<\/h2>\n<p><img loading=\"lazy\" decoding=\"async\" width=\"700\" height=\"1050\" alt=\"Eleg\u00e1ns f\u00fcrd\u0151, s\u00f6t\u00e9tk\u00e9k szekr\u00e9nnyel \u00e9s arany foganty\u00faval, feh\u00e9r m\u00e1rv\u00e1ny mosd\u00f3pulttal, r\u00e9z csapteleppel \u00e9s kerek aranykeretes t\u00fck\u00f6rrel.\" class=\"aligncenter size-full wp-image-8325\" src=\"https:\/\/doubletakedecor.com\/uploads\/2025\/09\/furniture-painting-ideas-dtd-04.jpg\" srcset=\"https:\/\/doubletakedecor.com\/uploads\/2025\/09\/furniture-painting-ideas-dtd-04.jpg 700w, https:\/\/doubletakedecor.com\/uploads\/2025\/09\/furniture-painting-ideas-dtd-04-200x300.jpg 200w, https:\/\/doubletakedecor.com\/uploads\/2025\/09\/furniture-painting-ideas-dtd-04-683x1024.jpg 683w\" sizes=\"auto, (max-width: 700px) 100vw, 700px\" \/><\/p>\n<p>Dobd fel a f\u00fcrd\u0151szob\u00e1dat s\u00f6t\u00e9tk\u00e9k \u00e9s arany sz\u00ednekkel! Tegy\u00e9l be egy magas, s\u00f6t\u00e9tk\u00e9k szekr\u00e9nyt a rendszerez\u00e9shez, mell\u00e9 egy m\u00e1rv\u00e1ny mosd\u00f3pultot r\u00e9z szerelv\u00e9nyekkel. Egy aranykeretes t\u00fck\u00f6r vil\u00e1gosabb\u00e1 teszi a helyis\u00e9get, a finom vir\u00e1gd\u00edszek pedig l\u00e1gys\u00e1got adnak. Egy puha tapint\u00e1s\u00fa sz\u0151nyeggel \u00e9s sz\u00e9pen hajtogatott t\u00f6r\u00f6lk\u00f6z\u0151kkel lesz igaz\u00e1n rendezett \u00e9s megnyugtat\u00f3 az \u00f6sszk\u00e9p.<\/p>\n<h2>S\u00f6t\u00e9tk\u00e9k f\u00fcrd\u0151szobai szekr\u00e9ny<\/h2>\n<p><img loading=\"lazy\" decoding=\"async\" width=\"700\" height=\"1050\" alt=\"Modern f\u00fcrd\u0151 l\u00e1tv\u00e1nyos, festett s\u00f6t\u00e9tk\u00e9k szekr\u00e9nnyel, arany foganty\u00fakkal, k\u0151 pulttal \u00e9s eleg\u00e1ns t\u00fckr\u00f6kkel.\" class=\"aligncenter size-full wp-image-8331\" src=\"https:\/\/doubletakedecor.com\/uploads\/2025\/09\/furniture-painting-ideas-dtd-05.jpg\" srcset=\"https:\/\/doubletakedecor.com\/uploads\/2025\/09\/furniture-painting-ideas-dtd-05.jpg 700w, https:\/\/doubletakedecor.com\/uploads\/2025\/09\/furniture-painting-ideas-dtd-05-200x300.jpg 200w, https:\/\/doubletakedecor.com\/uploads\/2025\/09\/furniture-painting-ideas-dtd-05-683x1024.jpg 683w\" sizes=\"auto, (max-width: 700px) 100vw, 700px\" \/><\/p>\n<p>Ha eleg\u00e1ns hat\u00e1st szeretn\u00e9l, p\u00e1ros\u00edtsd a s\u00f6t\u00e9tk\u00e9k szekr\u00e9nyt arany foganty\u00fakkal. V\u00e1lassz hozz\u00e1 vil\u00e1gosabb, term\u00e9szetes k\u0151b\u0151l k\u00e9sz\u00fclt pultot, \u00edgy nem lesz t\u00fal s\u00f6t\u00e9t az \u00f6sszk\u00e9p. Keretezett t\u00fckr\u00f6kkel t\u00e1gasabbnak t\u0171nik a f\u00fcrd\u0151, p\u00e1r z\u00f6ld n\u00f6v\u00e9ny pedig frissess\u00e9get csemp\u00e9sz a helyis\u00e9gbe. Ez a hagyom\u00e1nyos sz\u00ednp\u00e1ros\u00edt\u00e1s mindig luxushat\u00e1st kelt.<\/p>\n<h2>Rusztikus vil\u00e1gosk\u00e9k doh\u00e1nyz\u00f3asztal<\/h2>\n<p><img loading=\"lazy\" decoding=\"async\" width=\"700\" height=\"1050\" alt=\"Nappali antikolt vil\u00e1gosk\u00e9k doh\u00e1nyz\u00f3asztallal, cserepes n\u00f6v\u00e9nyekkel, b\u00e9zs kanap\u00e9n mint\u00e1s p\u00e1rn\u00e1kkal \u00e9s vid\u00e1m dekor\u00e1ci\u00f3kkal.\" class=\"aligncenter size-full wp-image-8337\" src=\"https:\/\/doubletakedecor.com\/uploads\/2025\/09\/furniture-painting-ideas-dtd-06.jpg\" srcset=\"https:\/\/doubletakedecor.com\/uploads\/2025\/09\/furniture-painting-ideas-dtd-06.jpg 700w, https:\/\/doubletakedecor.com\/uploads\/2025\/09\/furniture-painting-ideas-dtd-06-200x300.jpg 200w, https:\/\/doubletakedecor.com\/uploads\/2025\/09\/furniture-painting-ideas-dtd-06-683x1024.jpg 683w\" sizes=\"auto, (max-width: 700px) 100vw, 700px\" \/><\/p>\n<p>Vigyen egy kis vid\u00e9ki b\u00e1jt a nappalidba egy antikolt vil\u00e1gosk\u00e9k doh\u00e1nyz\u00f3asztallal! Egy egyszer\u0171 fa t\u00e1lc\u00e1ra tegy\u00e9l p\u00e1r kis cserepes n\u00f6v\u00e9nyt, \u00edgy m\u00e9g \u00fcd\u00e9bb lesz az \u00f6sszhat\u00e1s. Ez a darab remek\u00fcl mutat semleges sz\u00edn\u0171 kanap\u00e9kkal, de sz\u00ednes kieg\u00e9sz\u00edt\u0151kkel is feldobhat\u00f3. Kr\u00e9tafest\u00e9kkel \u00e9s enyhe csiszol\u00e1ssal t\u00f6k\u00e9letes, kopottas hat\u00e1st \u00e9rsz el.<\/p>\n<h2>\u00c9l\u00e9nk k\u00e9k szekr\u00e9ny \u00fajj\u00e1sz\u00fclet\u00e9se<\/h2>\n<p><img loading=\"lazy\" decoding=\"async\" width=\"700\" height=\"1050\" alt=\"Hangulatos nappali \u00e9l\u00e9nk k\u00e9k, karcs\u00fa l\u00e1b\u00fa szekr\u00e9nnyel, vir\u00e1gokkal, n\u00f6v\u00e9nyekkel, t\u00e1jk\u00e9pfestm\u00e9ny al\u00e1 helyezve.\" class=\"aligncenter size-full wp-image-8343\" src=\"https:\/\/doubletakedecor.com\/uploads\/2025\/09\/furniture-painting-ideas-dtd-07.jpg\" srcset=\"https:\/\/doubletakedecor.com\/uploads\/2025\/09\/furniture-painting-ideas-dtd-07.jpg 700w, https:\/\/doubletakedecor.com\/uploads\/2025\/09\/furniture-painting-ideas-dtd-07-200x300.jpg 200w, https:\/\/doubletakedecor.com\/uploads\/2025\/09\/furniture-painting-ideas-dtd-07-683x1024.jpg 683w\" sizes=\"auto, (max-width: 700px) 100vw, 700px\" \/><\/p>\n<p>L\u00e9legezz \u00faj \u00e9letet egy r\u00e9gi szekr\u00e9nybe \u00e9l\u00e9nk k\u00e9k fest\u00e9ssel! Az \u00e1llv\u00e1nyos, v\u00e9kony l\u00e1bak modernn\u00e9 teszik, a term\u00e9szetes anyagok \u2013 p\u00e9ld\u00e1ul fonott kos\u00e1r vagy z\u00f6ld n\u00f6v\u00e9nyek \u2013 pedig j\u00f3l ellens\u00falyozz\u00e1k az \u00e9l\u00e9nk sz\u00ednt. Figyelj a fal sz\u00edn\u00e9re is: ha \u00f6sszehangolod a b\u00fatorral, igaz\u00e1n egys\u00e9ges lesz a t\u00e9r. A mer\u00e9sz sz\u00edn\u0171 b\u00fator mindig mag\u00e1ra vonja a tekintetet, f\u0151leg letisztultabb k\u00f6rnyezetben.<\/p>\n<h2>K\u00e9k \u00e1rnyalat\u00fa h\u00e1l\u00f3szoba sarok<\/h2>\n<p><img loading=\"lazy\" decoding=\"async\" width=\"700\" height=\"1050\" alt=\"Nyugtat\u00f3 k\u00e9k h\u00e1l\u00f3sarok, passzol\u00f3 szekr\u00e9nnyel \u00e9s \u00edr\u00f3asztallal, fonott f\u00fcgg\u0151l\u00e1mp\u00e1val, letisztult paddal \u00e9s \u00edzl\u00e9ses fali dekorral.\" class=\"aligncenter size-full wp-image-8349\" src=\"https:\/\/doubletakedecor.com\/uploads\/2025\/09\/furniture-painting-ideas-dtd-08.jpg\" srcset=\"https:\/\/doubletakedecor.com\/uploads\/2025\/09\/furniture-painting-ideas-dtd-08.jpg 700w, https:\/\/doubletakedecor.com\/uploads\/2025\/09\/furniture-painting-ideas-dtd-08-200x300.jpg 200w, https:\/\/doubletakedecor.com\/uploads\/2025\/09\/furniture-painting-ideas-dtd-08-683x1024.jpg 683w\" sizes=\"auto, (max-width: 700px) 100vw, 700px\" \/><\/p>\n<p>Alak\u00edtsd \u00e1t h\u00e1l\u00f3szob\u00e1dat k\u00fcl\u00f6nb\u00f6z\u0151 k\u00e9k \u00e1rnyalatokkal, \u00edgy egys\u00e9ges, m\u00e9gis v\u00e1ltozatos lesz a t\u00e9r. Fesd a falakat \u00e9s a b\u00fatorokat is j\u00f3l \u00f6sszeill\u0151 k\u00e9kre, ett\u0151l rendezett \u00e9s harmonikus lesz az \u00f6sszk\u00e9p. A h\u0171v\u00f6s k\u00e9keket term\u00e9szetes anyag\u00fa kieg\u00e9sz\u00edt\u0151kkel \u2013 p\u00e9ld\u00e1ul fonott l\u00e1mp\u00e1val vagy fa d\u00edszekkel \u2013 meleg\u00edtheted fel.<\/p>\n<h2>R\u00e9gi, n\u00e1dfonatos t\u00e1ml\u00e1j\u00fa karossz\u00e9k<\/h2>\n<p><img loading=\"lazy\" decoding=\"async\" width=\"700\" height=\"1050\" alt=\"Vintage wingback chair with caned backrest, adorned with botanical cushion and yellow accent pillow in a bright, cozy reading nook.\" class=\"aligncenter size-full wp-image-8355\" src=\"https:\/\/doubletakedecor.com\/uploads\/2025\/09\/furniture-painting-ideas-dtd-09.jpg\" srcset=\"https:\/\/doubletakedecor.com\/uploads\/2025\/09\/furniture-painting-ideas-dtd-09.jpg 700w, https:\/\/doubletakedecor.com\/uploads\/2025\/09\/furniture-painting-ideas-dtd-09-200x300.jpg 200w, https:\/\/doubletakedecor.com\/uploads\/2025\/09\/furniture-painting-ideas-dtd-09-683x1024.jpg 683w\" sizes=\"auto, (max-width: 700px) 100vw, 700px\" \/><\/p>\n<p>Var\u00e1zsold \u00fajj\u00e1 a klasszikus, sz\u00e1rnyas karossz\u00e9ket egy l\u00e9gies, n\u00e1dfonatos h\u00e1tt\u00e1ml\u00e1val, hogy k\u00f6nnyed \u00e9s eleg\u00e1ns hangulatot kapjon. Tegy\u00e9l r\u00e1 n\u00f6v\u00e9nyes mint\u00e1s p\u00e1rn\u00e1kat \u00e9s \u00e9l\u00e9nk sz\u00edn\u0171 d\u00edszp\u00e1rn\u00e1kat, hogy m\u00e9g izgalmasabb\u00e1 tedd. Helyezd a sz\u00e9ket ablak vagy m\u00e1s term\u00e9szetes f\u00e9nyforr\u00e1s mell\u00e9, \u00edgy sz\u00e9pen \u00e9rv\u00e9nyes\u00fcl a fonott h\u00e1tt\u00e1mla r\u00e9szletess\u00e9ge. Eg\u00e9sz\u00edtsd ki a sarkot m\u00e1s, f\u00e1b\u00f3l k\u00e9sz\u00fclt b\u00fatorral \u00e9s mint\u00e1s text\u00edli\u00e1kkal.<\/p>\n<h2>K\u00e9k kom\u00f3d arany foganty\u00fakkal<\/h2>\n<p><img loading=\"lazy\" decoding=\"async\" width=\"700\" height=\"1050\" alt=\"A soft blue dresser with six drawers and gold handles, decorated with a wooden box, leaf artwork, and potted plant against a neutral backdrop.\" class=\"aligncenter size-full wp-image-8361\" src=\"https:\/\/doubletakedecor.com\/uploads\/2025\/09\/furniture-painting-ideas-dtd-10.jpg\" srcset=\"https:\/\/doubletakedecor.com\/uploads\/2025\/09\/furniture-painting-ideas-dtd-10.jpg 700w, https:\/\/doubletakedecor.com\/uploads\/2025\/09\/furniture-painting-ideas-dtd-10-200x300.jpg 200w, https:\/\/doubletakedecor.com\/uploads\/2025\/09\/furniture-painting-ideas-dtd-10-683x1024.jpg 683w\" sizes=\"auto, (max-width: 700px) 100vw, 700px\" \/><\/p>\n<p>Dobd fel az egyszer\u0171 kom\u00f3dot egy nyugodt, k\u00e9k fest\u00e9ssel \u00e9s eleg\u00e1ns arany foganty\u00fakkal. Ez a p\u00e1ros\u00edt\u00e1s id\u0151tlen st\u00edlust ad a b\u00fatorodnak, \u00edgy j\u00f3l mutat h\u00e1l\u00f3szob\u00e1ban vagy nappaliban is. Miel\u0151tt festen\u00e9l, haszn\u00e1lj alapoz\u00f3t, hogy jobban tapadjon a fest\u00e9k. A kr\u00e9tafest\u00e9k vagy tejfest\u00e9k sz\u00e9p, matt fel\u00fcletet ad, de mindig v\u00e1rd meg, hogy megsz\u00e1radjon k\u00e9t r\u00e9teg k\u00f6z\u00f6tt, \u00edgy profin mutat majd a b\u00fatordarabod.<\/p>\n<h2>Harmonikus h\u00e1l\u00f3szoba festett b\u00fatorokkal<\/h2>\n<p><img loading=\"lazy\" decoding=\"async\" width=\"700\" height=\"1050\" alt=\"A peaceful bedroom with light green painted bed frame and wardrobe against soft pink walls, creating a harmonious vintage-modern retreat.\" class=\"aligncenter size-full wp-image-8367\" src=\"https:\/\/doubletakedecor.com\/uploads\/2025\/09\/furniture-painting-ideas-dtd-11.jpg\" srcset=\"https:\/\/doubletakedecor.com\/uploads\/2025\/09\/furniture-painting-ideas-dtd-11.jpg 700w, https:\/\/doubletakedecor.com\/uploads\/2025\/09\/furniture-painting-ideas-dtd-11-200x300.jpg 200w, https:\/\/doubletakedecor.com\/uploads\/2025\/09\/furniture-painting-ideas-dtd-11-683x1024.jpg 683w\" sizes=\"auto, (max-width: 700px) 100vw, 700px\" \/><\/p>\n<p>Friss\u00edtsd fel a h\u00e1l\u00f3szob\u00e1dat festett b\u00fatorokkal, hogy nyugodt \u00e9s egys\u00e9ges hangulatot teremts. Haszn\u00e1lj halv\u00e1nyz\u00f6ld \u00e1gykeretet \u00e9s ehhez passzol\u00f3 szekr\u00e9nyt, \u00edgy ezek adj\u00e1k a szoba alapj\u00e1t. Eg\u00e9sz\u00edtsd ki a berendez\u00e9st semleges \u00e1rnyalatokkal \u00e9s visszafogott mint\u00e1kkal. Egy\u00fctt modern \u00e9s klasszikus r\u00e9szletek keverednek, \u00edgy igaz\u00e1n pihentet\u0151, hangulatos helyet kapsz.<\/p>\n<h2>Vintage z\u00f6ld kom\u00f3d dekor\u00e1l\u00e1sa<\/h2>\n<p><img loading=\"lazy\" decoding=\"async\" width=\"700\" height=\"1050\" alt=\"Elegant green vintage dresser with brass knobs, styled with books, potted fern and nature artwork in a bright, airy room.\" class=\"aligncenter size-full wp-image-8373\" src=\"https:\/\/doubletakedecor.com\/uploads\/2025\/09\/furniture-painting-ideas-dtd-12.jpg\" srcset=\"https:\/\/doubletakedecor.com\/uploads\/2025\/09\/furniture-painting-ideas-dtd-12.jpg 700w, https:\/\/doubletakedecor.com\/uploads\/2025\/09\/furniture-painting-ideas-dtd-12-200x300.jpg 200w, https:\/\/doubletakedecor.com\/uploads\/2025\/09\/furniture-painting-ideas-dtd-12-683x1024.jpg 683w\" sizes=\"auto, (max-width: 700px) 100vw, 700px\" \/><\/p>\n<p>Adj \u00faj \u00e9letet egy egyszer\u0171 kom\u00f3dnak m\u00e9ly smaragdz\u00f6ld fest\u00e9kkel, \u00edgy r\u00f6gt\u00f6n vintage st\u00edlust kap. Az aranysz\u00edn\u0171 foganty\u00fak eleg\u00e1ns kontrasztot ny\u00fajtanak. Dekor\u00e1ld gondosan \u00f6sszev\u00e1logatott kieg\u00e9sz\u00edt\u0151kkel: rendezz r\u00e1 sz\u00ednben harmoniz\u00e1l\u00f3 k\u00f6nyveket, t\u00e9gy mell\u00e9 egy kis cserepes n\u00f6v\u00e9nyt, \u00e9s helyezd el term\u00e9szet t\u00e9m\u00e1j\u00fa k\u00e9pek k\u00f6zel\u00e9ben. Egy ilyen szett egys\u00e9ges, st\u00edlusos hangulatot teremt.<\/p>\n<h2>Eleg\u00e1ns sz\u00fcrke k\u00e1rpitozott \u00e1gyv\u00e9g a h\u00e1l\u00f3ban<\/h2>\n<p><img loading=\"lazy\" decoding=\"async\" width=\"700\" height=\"1050\" alt=\"Cozy bedroom with padded gray headboard, black nightstand, decorative pillows, and stylish wall sconce against white shiplap walls\" class=\"aligncenter size-full wp-image-8379\" src=\"https:\/\/doubletakedecor.com\/uploads\/2025\/09\/furniture-painting-ideas-dtd-13.jpg\" srcset=\"https:\/\/doubletakedecor.com\/uploads\/2025\/09\/furniture-painting-ideas-dtd-13.jpg 700w, https:\/\/doubletakedecor.com\/uploads\/2025\/09\/furniture-painting-ideas-dtd-13-200x300.jpg 200w, https:\/\/doubletakedecor.com\/uploads\/2025\/09\/furniture-painting-ideas-dtd-13-683x1024.jpg 683w\" sizes=\"auto, (max-width: 700px) 100vw, 700px\" \/><\/p>\n<p>Var\u00e1zsolj eleg\u00e1ns hangulatot a h\u00e1l\u00f3szob\u00e1ba egy d\u00edszes, szegecselt sz\u00fcrke \u00e1gyv\u00e9ggel. Kombin\u00e1ld k\u00fcl\u00f6nb\u00f6z\u0151 p\u00e1rn\u00e1kkal, p\u00e9ld\u00e1ul b\u00e1rsony z\u00f6lddel vagy cs\u00edkos mint\u00e1val, \u00edgy izgalmasabb \u00e9s r\u00e9tegzettebb lesz az \u00f6sszhat\u00e1s. Egy letisztult \u00e9jjeliszekr\u00e9ny szem\u00e9lyes t\u00e1rgyakkal \u00e9s t\u00e1rol\u00f3val praktikus \u00e9s st\u00edlusos. Szerelj falra modern l\u00e1mp\u00e1t, \u00edgy helyet takar\u00edtasz meg, \u00e9s k\u00fcl\u00f6nleges vil\u00e1g\u00edt\u00e1st kapsz. Az eg\u00e9sz egy\u00fctt h\u00edvogat\u00f3, kiegyens\u00falyozott pihen\u0151helyet alkot.<\/p>\n<h2>R\u00f3zsasz\u00edn kom\u00f3d arany r\u00e9szletekkel<\/h2>\n<p><img loading=\"lazy\" decoding=\"async\" width=\"700\" height=\"1050\" alt=\"Colorful interior featuring a bright pink dresser with gold handles, decorative accessories, and a blue patterned chair creating a lively atmosphere.\" class=\"aligncenter size-full wp-image-8385\" src=\"https:\/\/doubletakedecor.com\/uploads\/2025\/09\/furniture-painting-ideas-dtd-14.jpg\" srcset=\"https:\/\/doubletakedecor.com\/uploads\/2025\/09\/furniture-painting-ideas-dtd-14.jpg 700w, https:\/\/doubletakedecor.com\/uploads\/2025\/09\/furniture-painting-ideas-dtd-14-200x300.jpg 200w, https:\/\/doubletakedecor.com\/uploads\/2025\/09\/furniture-painting-ideas-dtd-14-683x1024.jpg 683w\" sizes=\"auto, (max-width: 700px) 100vw, 700px\" \/><\/p>\n<p>Kelts \u00e9letet a szob\u00e1dba egy \u00e9l\u00e9nk r\u00f3zsasz\u00edn kom\u00f3ddal \u00e9s aranysz\u00edn\u0171 foganty\u00fakkal. A tart\u00f3s eredm\u00e9nyhez haszn\u00e1lj j\u00f3 min\u0151s\u00e9g\u0171 alapoz\u00f3t fest\u00e9s el\u0151tt. A felt\u0171n\u0151 sz\u00edn azonnal mag\u00e1ra vonja a tekintetet, a f\u00e9m foganty\u00fak pedig eleganci\u00e1t visznek az \u00f6sszk\u00e9pbe. Kieg\u00e9sz\u00edtheted z\u00f6ld \u00fcvegl\u00e1mp\u00e1val, mint\u00e1s textilekkel \u00e9s sz\u00ednes sz\u00e9kekkel, hogy egys\u00e9ges \u00e9s vid\u00e1m legyen a t\u00e9r.<\/p>\n<h2>Korall kom\u00f3d arany r\u00e9szletekkel<\/h2>\n<p><img loading=\"lazy\" decoding=\"async\" width=\"700\" height=\"1050\" alt=\"A coral-colored dresser with gold hardware beneath a round gold mirror, styled with decorative accessories against a dark green wall.\" class=\"aligncenter size-full wp-image-8391\" src=\"https:\/\/doubletakedecor.com\/uploads\/2025\/09\/furniture-painting-ideas-dtd-15.jpg\" srcset=\"https:\/\/doubletakedecor.com\/uploads\/2025\/09\/furniture-painting-ideas-dtd-15.jpg 700w, https:\/\/doubletakedecor.com\/uploads\/2025\/09\/furniture-painting-ideas-dtd-15-200x300.jpg 200w, https:\/\/doubletakedecor.com\/uploads\/2025\/09\/furniture-painting-ideas-dtd-15-683x1024.jpg 683w\" sizes=\"auto, (max-width: 700px) 100vw, 700px\" \/><\/p>\n<p>Fesd \u00e1t az unalmas kom\u00f3dot \u00e9l\u00e9nk korallsz\u00edn\u0171re, eg\u00e9sz\u00edtsd ki arany foganty\u00fakkal, \u00e9s m\u00e1ris \u00faj karaktert kap a szoba. S\u00f6t\u00e9t falak mellett m\u00e9g jobban kiemelkedik ez a b\u00fatordarab. Tegy\u00e9l f\u00f6l\u00e9 egy sz\u00ednben passzol\u00f3, arany keretes t\u00fckr\u00f6t, \u00edgy magasabbnak \u00e9s vil\u00e1gosabbnak fog t\u0171nni a t\u00e9r. V\u00e1lassz hozz\u00e1 egyszer\u0171 d\u00edszt\u00e1rgyakat, amelyek sz\u00ednben passzolnak, \u00edgy igaz\u00e1n st\u00edlusos lesz az \u00f6sszhat\u00e1s.<\/p>\n<h2>Tenger\u00e9sz-k\u00e9k kom\u00f3d klasszikus r\u00e9szletekkel<\/h2>\n<p><img loading=\"lazy\" decoding=\"async\" width=\"700\" height=\"1050\" alt=\"Vintage navy blue dresser with five drawers, styled with potted greenery, decorative vases, and botanical wall art above\" class=\"aligncenter size-full wp-image-8397\" src=\"https:\/\/doubletakedecor.com\/uploads\/2025\/09\/furniture-painting-ideas-dtd-16.jpg\" srcset=\"https:\/\/doubletakedecor.com\/uploads\/2025\/09\/furniture-painting-ideas-dtd-16.jpg 700w, https:\/\/doubletakedecor.com\/uploads\/2025\/09\/furniture-painting-ideas-dtd-16-200x300.jpg 200w, https:\/\/doubletakedecor.com\/uploads\/2025\/09\/furniture-painting-ideas-dtd-16-683x1024.jpg 683w\" sizes=\"auto, (max-width: 700px) 100vw, 700px\" \/><\/p>\n<p>Alak\u00edtsd \u00e1t r\u00e9gi b\u00fatoraidat m\u00e9ly tenger\u00e9szk\u00e9k fest\u00e9kkel, \u00edgy id\u0151tlen, eleg\u00e1ns hangulatot kapsz. Haszn\u00e1lj min\u0151s\u00e9gi b\u00fatorfest\u00e9ket, \u00e9s vigy\u00e9l fel 2-3 v\u00e9kony r\u00e9teget, hogy tart\u00f3s legyen. A s\u00f6t\u00e9t sz\u00ednhez j\u00f3l illik a kontrasztos, fekete vagy s\u00f6t\u00e9t f\u00e9m foganty\u00fa. Dekor\u00e1ld n\u00f6v\u00e9nyekkel \u00e9s botanikus poszterekkel, \u00edgy m\u00e9g ink\u00e1bb kiemelkedik a s\u00f6t\u00e9t \u00e1rnyalat. Ez a sz\u00edn remek\u00fcl mutat h\u00e1l\u00f3szob\u00e1ba vagy el\u0151szob\u00e1ba is.<\/p>\n<h2>K\u00e9tsz\u00edn\u0171 kom\u00f3d \u00f6tlet<\/h2>\n<p><img loading=\"lazy\" decoding=\"async\" width=\"700\" height=\"1050\" alt=\"Stylish chest of drawers with wood top and white base, adorned with a potted plant, mirror, and decorative accents.\" class=\"aligncenter size-full wp-image-8403\" src=\"https:\/\/doubletakedecor.com\/uploads\/2025\/09\/furniture-painting-ideas-dtd-17.jpg\" srcset=\"https:\/\/doubletakedecor.com\/uploads\/2025\/09\/furniture-painting-ideas-dtd-17.jpg 700w, https:\/\/doubletakedecor.com\/uploads\/2025\/09\/furniture-painting-ideas-dtd-17-200x300.jpg 200w, https:\/\/doubletakedecor.com\/uploads\/2025\/09\/furniture-painting-ideas-dtd-17-683x1024.jpg 683w\" sizes=\"auto, (max-width: 700px) 100vw, 700px\" \/><\/p>\n<p>Friss\u00edtsd fel a h\u00e1l\u00f3szobab\u00fatort, ha feh\u00e9rre fested a kom\u00f3d alj\u00e1t, de a tetej\u00e9t \u00e9s a fi\u00f3kel\u0151lapokat meghagyod nat\u00far fa sz\u00ednben, hogy sz\u00e9pen l\u00e1tsz\u00f3djon a fa erezete. Add hozz\u00e1 arany sz\u00edn\u0171 gombokat a fi\u00f3kokra, \u00edgy eleg\u00e1nsabb lesz. A v\u00e9kony, kiss\u00e9 sz\u00f6gletes l\u00e1bak a k\u00f6z\u00e9pkor st\u00edlus\u00e1t id\u00e9zik. M\u00e1r csak egyszer\u0171 d\u00edszeket, n\u00f6v\u00e9nyt \u00e9s t\u00fckr\u00f6t kell hozz\u00e1tenned, hogy modern, letisztult \u00f6sszhat\u00e1st \u00e9rj el.<\/p>\n<h2>Rusztikus feh\u00e9r zongora dekor\u00e1ci\u00f3<\/h2>\n<p><img loading=\"lazy\" decoding=\"async\" width=\"700\" height=\"1050\" alt=\"Weathered white piano with landscape painting above, acoustic guitar leaning on top, and small potted plants creating a warm, rustic decor arrangement\" class=\"aligncenter size-full wp-image-8409\" src=\"https:\/\/doubletakedecor.com\/uploads\/2025\/09\/furniture-painting-ideas-dtd-18.jpg\" srcset=\"https:\/\/doubletakedecor.com\/uploads\/2025\/09\/furniture-painting-ideas-dtd-18.jpg 700w, https:\/\/doubletakedecor.com\/uploads\/2025\/09\/furniture-painting-ideas-dtd-18-200x300.jpg 200w, https:\/\/doubletakedecor.com\/uploads\/2025\/09\/furniture-painting-ideas-dtd-18-683x1024.jpg 683w\" sizes=\"auto, (max-width: 700px) 100vw, 700px\" \/><\/p>\n<p>Var\u00e1zsolj r\u00e9gi zongor\u00e1db\u00f3l egyedi k\u00f6z\u00e9ppontot a nappaliban! Haszn\u00e1lj kr\u00e9tafest\u00e9ket, hogy kopottas, vintage hat\u00e1sa legyen. \u00c1ll\u00edts a tetej\u00e9re git\u00e1rt, p\u00e1r kis n\u00f6v\u00e9nyt, \u00e9s tegy\u00e9l f\u00f6l\u00e9 egy t\u00e1jk\u00e9pet, hogy hangulatos, egys\u00e9ges legyen a t\u00e9r. Ezzel a dekor\u00e1ci\u00f3val a zongora eredeti karaktere is megmarad. Kiemelheted a sz\u00e9ps\u00e9g\u00e9t l\u00e1mp\u00e1kkal vagy term\u00e9szetes f\u00e9nnyel.<\/p>\n<h2>Eleg\u00e1ns feh\u00e9r kom\u00f3d arany r\u00e9szletekkel<\/h2>\n<p><img loading=\"lazy\" decoding=\"async\" width=\"700\" height=\"1050\" alt=\"White dresser with gold knobs against rustic brick wall, topped with decorative items and paired with round mirror\" class=\"aligncenter size-full wp-image-8415\" src=\"https:\/\/doubletakedecor.com\/uploads\/2025\/09\/furniture-painting-ideas-dtd-19.jpg\" srcset=\"https:\/\/doubletakedecor.com\/uploads\/2025\/09\/furniture-painting-ideas-dtd-19.jpg 700w, https:\/\/doubletakedecor.com\/uploads\/2025\/09\/furniture-painting-ideas-dtd-19-200x300.jpg 200w, https:\/\/doubletakedecor.com\/uploads\/2025\/09\/furniture-painting-ideas-dtd-19-683x1024.jpg 683w\" sizes=\"auto, (max-width: 700px) 100vw, 700px\" \/><\/p>\n<p>Friss\u00edtsd fel a r\u00e9gi kom\u00f3dot \u00e9l\u00e9nk, tiszta feh\u00e9r fest\u00e9kkel, majd cser\u00e9ld le a foganty\u00fakat arany, kerek gombokra, hogy azonnal eleg\u00e1nsabb legyen. Helyezd t\u00e9glafal el\u00e9, \u00edgy igaz\u00e1n l\u00e1tv\u00e1nyos lesz a kontraszt. Tegy\u00e9l f\u00f6l\u00e9 nagy, kerek t\u00fckr\u00f6t, \u00e9s egy cserepes n\u00f6v\u00e9nnyel egyens\u00falyozd ki a kom\u00f3d elrendez\u00e9s\u00e9t. Az asztallapra csak p\u00e1r apr\u00f3 d\u00edszt rakj, \u00edgy a megjelen\u00e9s mindig rendezett \u00e9s st\u00edlusosan egyszer\u0171 marad.<\/p>\n<h2>Mentaz\u00f6ld kom\u00f3d f\u00e9mes r\u00e9szletekkel<\/h2>\n<p><img loading=\"lazy\" decoding=\"async\" width=\"700\" height=\"1050\" alt=\"Stylish mint green dresser with metallic knobs under a vibrant seascape painting in a cozy bedroom setting.\" class=\"aligncenter size-full wp-image-8421\" src=\"https:\/\/doubletakedecor.com\/uploads\/2025\/09\/furniture-painting-ideas-dtd-20.jpg\" srcset=\"https:\/\/doubletakedecor.com\/uploads\/2025\/09\/furniture-painting-ideas-dtd-20.jpg 700w, https:\/\/doubletakedecor.com\/uploads\/2025\/09\/furniture-painting-ideas-dtd-20-200x300.jpg 200w, https:\/\/doubletakedecor.com\/uploads\/2025\/09\/furniture-painting-ideas-dtd-20-683x1024.jpg 683w\" sizes=\"auto, (max-width: 700px) 100vw, 700px\" \/><\/p>\n<p>Azonnal friss hangulatot vihetsz a h\u00e1l\u00f3szob\u00e1ba egy mentaz\u00f6ld kom\u00f3ddal. Tegy\u00e9l r\u00e1 f\u00e9mes foganty\u00fakat, \u00edgy modern lesz az \u00f6sszhat\u00e1s. D\u00edsz\u00edtsd a b\u00fator f\u00f6l\u00f6tti falat egy nagyobb festm\u00e9nnyel, amit kisebb, hozz\u00e1 ill\u0151 k\u00e9pek eg\u00e9sz\u00edtenek ki. Z\u00e1rd le a dekor\u00e1ci\u00f3t n\u00e9h\u00e1ny visszafogott d\u00edszt\u00e1rggyal, p\u00e9ld\u00e1ul egy letisztult asztali l\u00e1mp\u00e1val vagy egy bekeretezett fot\u00f3val, \u00edgy egyszerre lesz praktikus \u00e9s st\u00edlusos a szoba.<\/p>\n<h2>GYIK<\/h2>\n<details class=\"g-accordion \"><summary><h3>Milyen kreat\u00edv b\u00fatorfest\u00e9si \u00f6tletek l\u00e9teznek?<\/h3><\/summary>\n<p><p>A b\u00fatorfest\u00e9s kiv\u00e1l\u00f3 m\u00f3dja annak, hogy a mindennapi b\u00fatorokat igaz\u00e1n egyediv\u00e9 \u00e9s a saj\u00e1t st\u00edlusodra jellemz\u0151v\u00e9 var\u00e1zsold. Pr\u00f3b\u00e1lj ki k\u00fcl\u00f6nf\u00e9le fest\u00e9kt\u00edpusokat \u2013 p\u00e9ld\u00e1ul <strong>kr\u00e9tafest\u00e9ket<\/strong>, <strong>tejfest\u00e9ket<\/strong> vagy <strong>\u00e1sv\u00e1nyi fest\u00e9ket<\/strong> \u2013, hogy v\u00e1ltozatos fel\u00fcleteket alkoss. Egy kis karaktert adhatsz a b\u00fatoroknak ombre sz\u00edn\u00e1tmenettel, geometrikus mint\u00e1kkal vagy antikolt hat\u00e1ssal.<\/p>\n<\/p>\n<p><p>Lepd meg magad azzal, hogy nem csak a l\u00e1that\u00f3 r\u00e9szeket fested! Fesd be p\u00e9ld\u00e1ul a szekr\u00e9ny h\u00e1tlapj\u00e1t vagy a fi\u00f3kok belsej\u00e9t is. Ha belt\u00e9ri b\u00fatort szeretn\u00e9l kitenni a szabadba, v\u00e1lassz <strong>kiv\u00e1l\u00f3 min\u0151s\u00e9g\u0171 k\u00fclt\u00e9ri fest\u00e9ket<\/strong>, hogy tart\u00f3s legyen.<\/p>\n<\/p>\n<p><p>Ha igaz\u00e1n egyedi darabokat szeretn\u00e9l, haszn\u00e1lj sablonmint\u00e1kat vagy k\u00e9sz\u00edts ut\u00e1noz\u00f3 technik\u00e1kat, p\u00e9ld\u00e1ul <strong>malachit-hat\u00e1st<\/strong>, \u00edgy eleg\u00e1nsabb\u00e1 teheted a b\u00fatort. Tematikus \u00f6tletek \u2013 mint az \u00f3ce\u00e1n ihlette form\u00e1k \u2013 szint\u00e9n feldobj\u00e1k a b\u00fatorokat. Az \u00e9l\u00e9nk sz\u00ednek modern hangulatot visznek otthonodba, m\u00edg a visszafogott \u00e1rnyalatok id\u0151tlen eleganci\u00e1t sugallnak \u2013 mindkett\u0151 er\u0151sen meg tudja v\u00e1ltoztatni egy szoba hangulat\u00e1t.<\/p>\n<\/p>\n<p><p><strong>Ezekkel a kreat\u00edv m\u00f3dszerekkel b\u00e1rmely b\u00fatordarab l\u00e1tv\u00e1nyos kieg\u00e9sz\u00edt\u0151v\u00e9 v\u00e1lik otthonodban, ahol a saj\u00e1t \u00f6tleteid \u00e9s egy\u00e9ni st\u00edlusod is \u00e9rv\u00e9nyes\u00fclni tud.<\/strong><\/p>\n<\/p>\n<\/details><details class=\"g-accordion \"><summary><h3>Hogyan lehet \u00e1talak\u00edtani a b\u00fatorokat fest\u00e9ssel?<\/h3><\/summary>\n<p>Egy friss fest\u00e9kr\u00e9teg teljesen megv\u00e1ltoztathatja egy b\u00fator kin\u00e9zet\u00e9t, \u00e9s \u00faj \u00e9letet vihet otthonodba. El\u0151sz\u00f6r v\u00e1lassz egy olyan sz\u00ednt, amely j\u00f3l illik a lak\u00e1sod st\u00edlus\u00e1hoz. Az egyik legfontosabb l\u00e9p\u00e9s, hogy alaposan megtiszt\u00edtsd \u00e9s el\u0151k\u00e9sz\u00edtsd a b\u00fatort, mert \u00edgy j\u00f3l tapad majd r\u00e1 a fest\u00e9k. Mindig <strong>j\u00f3 min\u0151s\u00e9g\u0171 fest\u00e9ket<\/strong> haszn\u00e1lj, ami kifejezetten az adott anyaghoz \u2013 p\u00e9ld\u00e1ul f\u00e1hoz, f\u00e9mhez vagy laminalthoz \u2013 k\u00e9sz\u00fclt.<\/p>\n<p>Az alapoz\u00f3 haszn\u00e1lata nemcsak tart\u00f3sabb\u00e1 teszi a fest\u00e9st, hanem a sz\u00ednek is szebben l\u00e1tszanak majd. Ha szeretn\u00e9d feldobni a b\u00fatort, pr\u00f3b\u00e1ld ki p\u00e9ld\u00e1ul ezek k\u00f6z\u00fcl valamelyiket:<\/p>\n<ul>\n<li>antikolt hat\u00e1s, ha egy kis rusztikus jelleget szeretn\u00e9l,<\/li>\n<li>sablonokkal k\u00fcl\u00f6nleges mint\u00e1k,<\/li>\n<li>olyan technik\u00e1k, melyekb\u0151l a r\u00e9gi b\u00fatordarab \u00faj, trendi lesz.<\/li>\n<\/ul>\n<p>Ezeket betartva <strong>b\u00e1rmilyen b\u00fatort k\u00f6nnyen \u00e9s sikeresen fel tudsz friss\u00edteni otthonodban.<\/strong><\/p>\n<\/details><details class=\"g-accordion \"><summary><h3>Mi\u00e9rt \u00e9rdemes j\u00f3 min\u0151s\u00e9g\u0171 fest\u00e9ket haszn\u00e1lni a b\u00fatorokon?<\/h3><\/summary>\n<p><strong>A j\u00f3 min\u0151s\u00e9g\u0171 fest\u00e9k<\/strong> rengeteg el\u0151nnyel j\u00e1r, ha b\u00fatorfel\u00faj\u00edt\u00e1sr\u00f3l van sz\u00f3. Ez nemcsak szebb\u00e9 teszi a b\u00fatort, hanem sokkal tov\u00e1bb is v\u00e9di azt. Ilyen fest\u00e9kek er\u0151s, ellen\u00e1ll\u00f3 r\u00e9teget alkotnak, \u00edgy a b\u00fator jobban t\u0171ri a mindennapi haszn\u00e1latot, \u00e9s hosszabb ideig j\u00f3 \u00e1llapotban marad. Emellett jobb a fed\u0151k\u00e9pess\u00e9g\u00fck is, ez\u00e9rt j\u00f3l elfedik az apr\u00f3 hib\u00e1kat, \u00edgy a v\u00e9geredm\u00e9ny profi \u00e9s sima lesz. K\u00f6nnyen felvihet\u0151k \u00e9s tiszt\u00edthat\u00f3k, ami egyszer\u0171bb\u00e9 \u00e9s gyorsabb\u00e1 teszi a munk\u00e1t.<\/p>\n<p><strong>Ha pr\u00e9mium fest\u00e9ket v\u00e1lasztasz<\/strong>, ezzel sokkal tart\u00f3sabb\u00e1 teheted b\u00fatoraidat. Az olcs\u00f3bb fest\u00e9k k\u00f6nnyebben kifakul, m\u00edg a jobb min\u0151s\u00e9g\u0171 fest\u00e9k \u00e9l\u00e9nk marad, \u00edgy j\u00f3val ritk\u00e1bban lesz sz\u00fcks\u00e9g ut\u00f3lagos jav\u00edt\u00e1sokra. Ha ilyet haszn\u00e1lsz, hossz\u00fa ideig sz\u00e9p \u00e9s er\u0151s marad a b\u00fatorod \u2013 teh\u00e1t hossz\u00fa t\u00e1von is meg\u00e9ri a befektet\u00e9s.<\/p>\n<p>Ezen k\u00edv\u00fcl <strong>a legjobb fest\u00e9kek elengedhetetlenek<\/strong> a k\u00fcl\u00f6nleges technik\u00e1khoz, mint p\u00e9ld\u00e1ul az antikol\u00e1s vagy a stencilez\u00e9s. Ezekn\u00e9l fontos, hogy a fest\u00e9k j\u00f3l tapadjon, \u00e9s b\u00edrja a k\u00fcl\u00f6nf\u00e9le megmunk\u00e1l\u00e1sokat is. A j\u00f3 min\u0151s\u00e9g\u0171 alapanyagok jobban kiemelik a kreativit\u00e1sodat is, \u00e9s garant\u00e1lj\u00e1k, hogy a v\u00e9geredm\u00e9ny sz\u00e9p \u00e9s tart\u00f3s marad.<\/p>\n<\/details><details class=\"g-accordion \"><summary><h3>Mik a l\u00e9p\u00e9sei a r\u00e9gi vagy fa b\u00fatorok fest\u00e9s\u00e9nek?<\/h3><\/summary>\n<p>A r\u00e9gi vagy f\u00e1b\u00f3l k\u00e9sz\u00fclt b\u00fatorok fel\u00faj\u00edt\u00e1sa n\u00e9h\u00e1ny egyszer\u0171, de fontos l\u00e9p\u00e9sb\u0151l \u00e1ll:<\/p>\n<ul>\n<li>El\u0151sz\u00f6r alaposan tiszt\u00edtsd meg a b\u00fatort, hogy ne maradjon rajta por, zs\u00edr vagy kosz \u2013 ez nagyon fontos, hogy sz\u00e9p, sima legyen a fel\u00fclet,<\/li>\n<li>csiszold le a b\u00fatort, hogy egyenletes alapot kapj, \u00edgy a fest\u00e9k jobban tapad,<\/li>\n<li>ha a b\u00fator lakkozott vagy m\u00e9g sosem volt festve, haszn\u00e1lj alapoz\u00f3 fest\u00e9ket is, \u00edgy biztosabb lesz a fed\u00e9s.<\/li>\n<\/ul>\n<p>Ha megsz\u00e1radt az alapoz\u00f3, v\u00e1lassz kifejezetten f\u00e1hoz val\u00f3, j\u00f3 min\u0151s\u00e9g\u0171 fest\u00e9ket. V\u00e9kony r\u00e9tegekben vidd fel, \u00e9s hagyd, hogy minden r\u00e9teg teljesen megsz\u00e1radjon, miel\u0151tt a k\u00f6vetkez\u0151 k\u00f6vetkezik \u2013 \u00edgy elker\u00fclheted a cs\u00f6p\u00f6g\u00e9seket \u00e9s foltokat. A v\u00e9g\u00e9n javasolt egy fed\u0151lakkal befejezni, hogy tart\u00f3sabb legyen a v\u00e9delem.<\/p>\n<p><strong>Ezekkel a l\u00e9p\u00e9sekkel nemcsak szebb\u00e9, st\u00edlusosabb\u00e1 teheted a r\u00e9gi b\u00fatoraidat, de meghosszabb\u00edthatod azok \u00e9lettartam\u00e1t is, mert a fest\u00e9s tart\u00f3ss\u00e1 v\u00e1lik.<\/strong><\/p>\n<\/details><details class=\"g-accordion \"><summary><h3>Milyen b\u00fatorfest\u00e9si technik\u00e1k l\u00e9teznek?<\/h3><\/summary>\n<p>A b\u00fatorfest\u00e9ssel sokf\u00e9le kreat\u00edv megold\u00e1st kipr\u00f3b\u00e1lhatsz. N\u00e9h\u00e1ny technika, amit \u00e9rdemes ismerned:<\/p>\n<ul>\n<li><strong>sz\u00e1raz ecsetel\u00e9s<\/strong>, ami \u00e9rdes, r\u00e9gi hat\u00e1s\u00fa fel\u00fcletet ad,<\/li>\n<li><strong>sz\u00ednek r\u00e9tegez\u00e9se<\/strong>, \u00edgy m\u00e9lys\u00e9get, gazdags\u00e1got vihetsz a b\u00fatordarabba,<\/li>\n<li><strong>stencilez\u00e9s<\/strong> \u2013 \u00edgy k\u00f6nnyen k\u00e9sz\u00edthetsz bonyolult mint\u00e1kat,<\/li>\n<li><strong>antik hat\u00e1s<\/strong>, amikor a festett fel\u00fclet \u00e9leit visszacsiszolod, ett\u0151l rusztikus lesz a b\u00fator,<\/li>\n<li><strong>sz\u00ednblokkol\u00e1s vagy met\u00e1l f\u00e9ny\u0171 fest\u00e9s<\/strong> a modern hat\u00e1s\u00e9rt.<\/li>\n<\/ul>\n<p><strong>A repedezett (crackle) hat\u00e1s antik kin\u00e9zetet k\u00f6lcs\u00f6n\u00f6z, mert olyan, mintha a fest\u00e9k megrepedezett volna.<\/strong> A kr\u00e9tafest\u00e9ket sokan szeretik, mert matt, poros hat\u00e1st ad, \u00e9s szinte nem kell el\u0151k\u00e9sz\u00edteni hozz\u00e1 a fel\u00fcletet, \u00edgy gyors \u00e9s k\u00f6nny\u0171 vele dolgozni. <strong>A laz\u00faroz\u00e1s (glazing) j\u00f3l j\u00f6n, ha a sz\u00edneket sz\u00e9pen szeretn\u00e9d \u00f6sszemosni<\/strong>, \u00e9s extra r\u00e9tegeket teremthetsz vele.<\/p>\n<p>Ezekkel a technik\u00e1kkal igaz\u00e1n egyedi, hozz\u00e1d ill\u0151 b\u00fatorokat alkothatsz, amelyek az otthonod meghat\u00e1roz\u00f3 darabjai lesznek.<\/p>\n<\/details><details class=\"g-accordion \"><summary><h3>Hogyan haszn\u00e1lhat\u00f3 a kr\u00e9tafest\u00e9k b\u00fatorfel\u00faj\u00edt\u00e1shoz?<\/h3><\/summary>\n<p>A kr\u00e9tafest\u00e9k remek v\u00e1laszt\u00e1s, ha b\u00fatorokat szeretn\u00e9l fel\u00faj\u00edtani, mert <strong>matt fel\u00fcletet<\/strong> ad \u00e9s egyszer\u0171 a haszn\u00e1lata. \u00c1ltal\u00e1ban nem sz\u00fcks\u00e9ges hossz\u00fa el\u0151k\u00e9sz\u00edt\u00e9s vagy alapoz\u00e1s sem.<\/p>\n<p>El\u00e9g, ha megtiszt\u00edtod a b\u00fatort, majd egyb\u0151l felkenheted a kr\u00e9tafest\u00e9ket. <strong>Gyorsan sz\u00e1rad<\/strong>, ez\u00e9rt ide\u00e1lis a gyors bark\u00e1csol\u00e1shoz is.<\/p>\n<p>Ha fest\u00e9s ut\u00e1n kicsit visszacsiszolod az \u00e9leket, sz\u00e9p, vintage (r\u00e9gi hangulat\u00fa) \u00f6sszhat\u00e1st \u00e9rhetsz el, \u00e9s egyediv\u00e9 teheted b\u00fatoraidat. A v\u00e9g\u00e9n \u00e9rdemes <strong>viaszr\u00e9teggel lez\u00e1rni<\/strong>, hogy megv\u00e9dd a fest\u00e9ket.<\/p>\n<p>A kr\u00e9tafest\u00e9k sokf\u00e9le anyagra felvihet\u0151, ez\u00e9rt f\u00e1b\u00f3l vagy f\u00e9mb\u0151l k\u00e9sz\u00fclt b\u00fatorok \u00e1talak\u00edt\u00e1s\u00e1hoz is t\u00f6k\u00e9letes.<\/p>\n<p>Ha beveted a kr\u00e9tafest\u00e9ket a b\u00fatorfel\u00faj\u00edt\u00e1sban, k\u00f6nnyen, gyorsan el\u00e9rheted a k\u00edv\u00e1nt st\u00edlust. Ak\u00e1r antikolt, ak\u00e1r egyszer\u0171en felfriss\u00edtett darabra v\u00e1gysz, ezzel a m\u00f3dszerrel szabadon j\u00e1tszhatsz a megjelen\u00e9ssel, \u00e9s rengeteg kreat\u00edv lehet\u0151s\u00e9ghez jutsz.<\/p>\n<\/details> <details class=\"g-accordion \"><summary><h3>Milyen tippek seg\u00edtenek rusztikus, koptatott (distressed) fel\u00fclet el\u00e9r\u00e9s\u00e9ben?<\/h3><\/summary>  <\/p>\n<p>B\u00fatorokat nagyon egyszer\u0171 \u00e9s \u00e9lvezetes <strong>koptatott fel\u00fclettel<\/strong> feldobni. El\u0151sz\u00f6r fesd le a kiv\u00e1lasztott sz\u00ednnel, \u00e9s hagyd teljesen megsz\u00e1radni. Ezut\u00e1n csiszol\u00f3pap\u00edrral vagy csiszol\u00f3t\u00f6mbbel finoman d\u00f6rzs\u00f6ld vissza az \u00e9leket, sarkokat. \u00cdgy el\u0151bukkan a fa vagy kor\u00e1bbi fest\u00e9kr\u00e9teg, amit\u0151l a b\u00fator igaz\u00e1n \u00f6reg, haszn\u00e1lt hat\u00e1st kap.<\/p>\n<ul>\n<li>Ha m\u00e9g elm\u00e9ly\u00fcltebb, r\u00e9teges hat\u00e1st szeretn\u00e9l, kenj a fest\u00e9kre egy r\u00e9teg m\u00e1zat vagy viaszt,<\/li>\n<li>\u00e9rdemes el\u0151sz\u00f6r egy kisebb r\u00e9szen kipr\u00f3b\u00e1lni a m\u00f3dszert, hogy t\u00f6k\u00e9letes\u00edthesd a mozdulatokat,<\/li>\n<li>ha m\u00e1r megy, v\u00e1gj bele a nagyobb fel\u00fcletekbe is.<\/li>\n<\/ul>\n<p><strong>Ezzel a technik\u00e1val nemcsak a kreativit\u00e1sodat mutatod meg, hanem teljesen egyedi hangulatot adhatsz b\u00e1rmely b\u00fatordarabnak.<\/strong><\/p>\n<\/details>\n<details class=\"g-accordion \"><summary><h3>Hogyan \u00e9rhetsz el shabby chic hat\u00e1st festett b\u00fatorokkal?<\/h3><\/summary>  <\/p>\n<p>Ha szereted a shabby chic st\u00edlust, ne f\u00e9lj a t\u00f6k\u00e9letlens\u00e9gt\u0151l, \u00e9s v\u00e1lassz puha, halv\u00e1ny sz\u00edneket \u2013 p\u00e9ld\u00e1ul <strong>pasztellk\u00e9ket<\/strong>, <strong>r\u00f3zsasz\u00ednt<\/strong> vagy <strong>kr\u00e9msz\u00ednt<\/strong>. El\u0151sz\u00f6r fesd le <strong>kr\u00e9tafest\u00e9kkel<\/strong>, ami matt \u00e9s k\u00f6nnyen kezelhet\u0151. A sz\u00e1rad\u00e1s ut\u00e1n \u00f3vatosan csiszold vissza a sz\u00e9leket, hogy kiss\u00e9 kopott, karakteres legyen. Ha szeretn\u00e9d, j\u00e1tszhatsz \u00e1rnyalatokkal egy sz\u00edncsal\u00e1don bel\u00fcl a l\u00e1tv\u00e1ny m\u00e9ly\u00edt\u00e9s\u00e9hez.<\/p>\n<ul>\n<li>Haszn\u00e1lj sablonokat, \u00e9s fess vir\u00e1gos vagy vintage mint\u00e1kat, hogy m\u00e9g k\u00fcl\u00f6nlegesebb legyen az \u00f6sszhat\u00e1s,<\/li>\n<li>d\u00edsz\u00edtheted antik hat\u00e1s\u00fa foganty\u00fakkal vagy gombokkal is,<\/li>\n<li>\u00e9s a r\u00e9gi karcok, \u00fct\u0151d\u00e9sek maradjanak csak rajta \u2013 ett\u0151l lesz igaz\u00e1n egyedi.<\/li>\n<\/ul>\n<p>Ez a st\u00edlus kiemeli a b\u00fator m\u00faltj\u00e1t \u00e9s egy\u00e9ni hangulat\u00e1t. \u00cdgy olyan darabot alkothatsz, ami id\u0151tlen, st\u00edlusos, \u00e9s nagyon j\u00f3l passzol a meghitt, otthonos lakberendez\u00e9shez.<\/p>\n<\/details>\n<details class=\"g-accordion \"><summary><h3>Hogyan k\u00e9sz\u00edthetsz vintage hat\u00e1s\u00fa festett b\u00fatort?<\/h3><\/summary>  <\/p>\n<p>Ha <strong>vintage st\u00edlust<\/strong> szeretn\u00e9l, el\u0151sz\u00f6r gondolj arra a korszakra, amit visszaadn\u00e1l. Ehhez f\u0151leg a <strong>pasztell \u00e9s tompa sz\u00ednek<\/strong> illenek. Az <strong>\u00f6reg\u00edtett hat\u00e1st<\/strong> t\u00f6bbf\u00e9le koptat\u00e1ssal \u00e9rheted el, m\u00e1zol\u00e1ssal pedig m\u00e9g karakteresebb lesz a b\u00fator. Ha t\u00f6bb \u00e1rnyalatot r\u00e9tegzel egym\u00e1sra, m\u00e9g izgalmasabb fel\u00fcletet kapsz.<\/p>\n<p>R\u00e9gi t\u00edpus\u00fa b\u00fatorfoganty\u00fakkal vagy sablonnal k\u00e9sz\u00fclt mint\u00e1kkal tov\u00e1bb fokozhatod a hangulatot, amit\u0151l igaz\u00e1n hiteles lesz az \u00f6sszk\u00e9p. Ne zavarjon, ha nem t\u00f6k\u00e9letes a fel\u00fclet \u2013 minden egyes apr\u00f3 hiba a b\u00fator t\u00f6rt\u00e9net\u00e9nek r\u00e9sze, amit a <strong>vintage st\u00edlus kifejezetten \u00e9rt\u00e9kel<\/strong>.<\/p>\n<\/details>\n<details class=\"g-accordion \"><summary><h3>Hogyan viheted fel egyedi mint\u00e1kat a festett b\u00fatorokra?<\/h3><\/summary>  <\/p>\n<p>Ha szeretn\u00e9d feldobni a festett b\u00fatoraidat, pr\u00f3b\u00e1ld ki ezeket a kreat\u00edv m\u00f3dszereket:<\/p>\n<ul>\n<li>Haszn\u00e1lj sablonokat vagy fest\u0151szalagot geometriai mint\u00e1khoz,<\/li>\n<li>k\u00eds\u00e9rletezz szivaccsal vagy ecsettel, hogy k\u00fcl\u00f6nf\u00e9le sz\u00ednekkel k\u00fcl\u00f6nleges hat\u00e1sokat \u00e9rj el,<\/li>\n<li>bonyolultabb mint\u00e1khoz remek \u00f6tlet a mint\u00e1s pap\u00edrral t\u00f6rt\u00e9n\u0151 dekup\u00e1zs,<\/li>\n<li>az ombre \u00e9s a color blocking technika is szuper \u00e9s l\u00e1tv\u00e1nyos lehet\u0151s\u00e9geket ad,<\/li>\n<li>\u00edgy minden b\u00fatorod igaz\u00e1n kit\u0171nhet a t\u00f6megb\u0151l.<\/li>\n<\/ul>\n<\/details>\n<details class=\"g-accordion \"><summary><h3>Hogyan emelheted ki fest\u00e9ssel a b\u00fator r\u00e9szleteit?<\/h3><\/summary>  <\/p>\n<p>Ha a b\u00fatorod d\u00edsz\u00edt\u00e9seit, form\u00e1it szeretn\u00e9d kiemelni, v\u00e1lassz olyan fest\u00e9ksz\u00ednt, ami kontrasztot ad a megl\u00e9v\u0151 fel\u00fclethez. Ez k\u00fcl\u00f6n\u00f6sen j\u00f3l mutat a kis kiemelked\u0151 mint\u00e1kon vagy szeg\u00e9lyeken. Ha m\u00e9lyebb hat\u00e1st szeretn\u00e9l, pr\u00f3b\u00e1ld ki a vil\u00e1gosabb sz\u00ednt \u00e9s sz\u00e1raz ecsettel h\u00fazd \u00e1t a kiemelked\u00e9seken \u2013 \u00edgy m\u00e9g jobban l\u00e1tszik majd a text\u00fara \u00e9s forma.<\/p>\n<p>M\u00e9g l\u00e1tv\u00e1nyosabb lehet, ha \u00e1ttetsz\u0151 m\u00e1zat vagy h\u00edg\u00edtott fest\u00e9ket viszel fel a r\u00e9szletekre: ett\u0151l nemcsak ig\u00e9nyes lesz az \u00f6sszk\u00e9p, de a kidolgozotts\u00e1g is felt\u0171nik. Egy kis odafigyel\u00e9ssel a h\u00e9tk\u00f6znapi b\u00fatorb\u00f3l igaz\u00e1n <strong>figyelemfelkelt\u0151 darab<\/strong> v\u00e1lhat a lak\u00e1sban.<\/p>\n<\/details>\n<details class=\"g-accordion \"><summary><h3>Hogyan haszn\u00e1lhatsz \u00e9l\u00e9nk sz\u00edneket a b\u00fatord\u00edsz\u00edt\u00e9sben?<\/h3><\/summary>  <\/p>\n<p>Az <strong>\u00e9l\u00e9nk sz\u00ednek<\/strong> bevezet\u00e9se a b\u00fatorokba azt jelenti, hogy b\u00e1tran v\u00e1lasztasz mer\u00e9sz \u00e1rnyalatokat \u2013 p\u00e9ld\u00e1ul egy sz\u00e9ken vagy fi\u00f3kos szekr\u00e9nyen is kiemelheted a szob\u00e1t ezekkel. Ha az \u00e9l\u00e9nk b\u00fatorokat semleges, visszafogottabb dekorral p\u00e1ros\u00edtod, harm\u00f3ni\u00e1t teremthetsz, de ha t\u00f6bbf\u00e9le sz\u00ednt keversz, ak\u00e1r eklektikus, vid\u00e1m hangulatot is el\u00e9rhetsz.<\/p>\n<p><strong>K\u00eds\u00e9rletezz b\u00e1tran, hogy megtal\u00e1ld a sz\u00e1modra t\u00f6k\u00e9letes sz\u00edn- \u00e9s fel\u00fcletkombin\u00e1ci\u00f3t<\/strong>, \u00e9s ne f\u00e9lj vari\u00e1lni, am\u00edg el nem el\u00e9red a legjobb \u00f6sszhat\u00e1st! Az \u00e9l\u00e9nk \u00e1rnyalatok nemcsak energi\u00e1t adnak a lak\u00e1snak, hanem seg\u00edtenek az egyedi st\u00edlusod kifejez\u00e9s\u00e9ben is.<\/p>\n<\/details>\n<details class=\"g-accordion \"><summary><h3>Melyek a legjobb sz\u00ednek festett b\u00fatorhoz?<\/h3><\/summary>  <\/p>\n<p>Ha festett b\u00fatorn\u00e1l keresed a t\u00f6k\u00e9letes sz\u00ednt, n\u00e9zd meg a szoba megl\u00e9v\u0151 sz\u00edneit, \u00e9s gondold \u00e1t, milyen hangulatot szeretn\u00e9l.<\/p>\n<ul>\n<li>A pasztellek, p\u00e9ld\u00e1ul a mentaz\u00f6ld vagy halv\u00e1nyr\u00f3zsasz\u00edn, nyugalmat \u00e9s pihen\u00e9st sug\u00e1roznak, ez\u00e9rt f\u0151leg h\u00e1l\u00f3szob\u00e1ba vagy relax\u00e1ci\u00f3s terekbe passzolnak,<\/li>\n<li>az er\u0151teljes sz\u00ednek, mint a tenger\u00e9szk\u00e9k, m\u00e9lyz\u00f6ld vagy bord\u00f3 kifinomultabb hangulatot hoznak \u2013 j\u00f3l mutatnak a nappaliban vagy az \u00e9tkez\u0151ben,<\/li>\n<li>a semleges \u00e1rnyalatok (feh\u00e9r, sz\u00fcrke, b\u00e9zs) szinte minden st\u00edlushoz illeszthet\u0151k \u00e9s k\u00f6nnyen kombin\u00e1lhat\u00f3ak,<\/li>\n<li>a vibr\u00e1l\u00f3, \u00e9l\u00e9nk sz\u00ednek (pl. s\u00e1rga vagy korall) energi\u00e1val t\u00f6ltik meg a teret \u2013 p\u00e9ld\u00e1ul gyerekszob\u00e1ban vagy j\u00e1tsz\u00f3helyen lehetnek kiv\u00e1l\u00f3ak.<\/li>\n<\/ul>\n<p>V\u00e9g\u00fcl is a legfontosabb, hogy olyan sz\u00ednt v\u00e1lassz, ami k\u00f6zel \u00e1ll hozz\u00e1d! \u00cdgy a festett b\u00fator nemcsak feldobja az otthonod, hanem teljesen t\u00fckr\u00f6zi a saj\u00e1t st\u00edlusod is.<\/p>\n<\/details>\n<details class=\"g-accordion \"><summary><h3>Milyen k\u00f6lts\u00e9ghat\u00e9kony m\u00f3djai vannak a lak\u00e1sdekor friss\u00edt\u00e9s\u00e9nek fest\u00e9kkel?<\/h3><\/summary>  <\/p>\n<p>P\u00e1r ecsetvon\u00e1ssal, kev\u00e9s fest\u00e9kkel is \u00faj \u00e9letet var\u00e1zsolhatsz a lak\u00e1sba. Egy r\u00e9gi b\u00fatordarab \u00e1tfest\u00e9se m\u00e1ris teljesen m\u00e1s hangulatot ad a szob\u00e1nak. Pr\u00f3b\u00e1ld ki a k\u00e9pkeretek vagy kisebb d\u00edszt\u00e1rgyak \u2013 p\u00e9ld\u00e1ul v\u00e1z\u00e1k, l\u00e1mp\u00e1k \u2013 \u00e1tfest\u00e9s\u00e9t is, \u00edgy igaz\u00e1n friss lesz az \u00f6sszhat\u00e1s.<\/p>\n<p><strong>Ha maradt fest\u00e9ked kor\u00e1bbi projektekb\u0151l, azt is b\u00e1tran haszn\u00e1ld fel \u2013 \u00edgy nemcsak p\u00e9nzt takar\u00edthatsz meg, hanem a lak\u00e1s sz\u00ednei is \u00f6sszhangban maradnak.<\/strong> K\u00eds\u00e9rletezz mint\u00e1zatokkal, sablonoz\u00e1ssal vagy \u00e9pp koptat\u00e1ssal \u2013 \u00edgy nagyon egyedi lesz minden b\u00fatordarabod.<\/p>\n<p>Kisebb, \u00e1tfestett d\u00edszek remek\u00fcl \u00f6sszefogj\u00e1k a berendez\u00e9st, r\u00e1ad\u00e1sul nem ker\u00fclnek sokba. Ezekkel a kreat\u00edv, p\u00e9nzt\u00e1rcabar\u00e1t \u00f6tletekkel az otthonod m\u00e9g szebb lesz, \u00e9s biztosan t\u00fckr\u00f6zni fogja a te st\u00edlusod is.<\/p>\n<\/details>\n<details class=\"g-accordion \"><summary><h3>Milyen egyszer\u0171 DIY \u00f6tletek vannak festett b\u00fatorok \u00e1talak\u00edt\u00e1s\u00e1ra?<\/h3><\/summary>  <\/p>\n<p>Ha szeretn\u00e9l \u00fajj\u00e1var\u00e1zsolni egy b\u00fatordarabot, pr\u00f3b\u00e1ld ki a DIY fest\u00e9si projekteket! Egy r\u00e9gi kom\u00f3dot p\u00e9ld\u00e1ul <strong>\u00e9l\u00e9nk sz\u00ednnel<\/strong> \u00e9s \u00faj foganty\u00fakkal igazi k\u00fcl\u00f6nlegess\u00e9 tehetsz.<\/p>\n<ul>\n<li>Ha ink\u00e1bb a rusztikus st\u00edlus tetszik, egy kis asztalt is lefesthetsz \u00e9s visszacsiszolhatsz, hogy hangulatos, kopottas legyen,<\/li>\n<li>a vid\u00e1m mint\u00e1kat kedveled? Sablonnal vagy szabadk\u00e9zzel fess egyedi mint\u00e1kat egy sz\u00e9kre,<\/li>\n<li>ak\u00e1r egy szekr\u00e9nyajt\u00f3b\u00f3l is k\u00e9sz\u00edthetsz <strong>kr\u00e9tat\u00e1bl\u00e1t<\/strong> \u2013 erre jegyzetelhetsz vagy rajzolhatsz, \u00edgy haszn\u00e1lhat\u00f3 \u00e9s mutat\u00f3s is lesz!<\/li>\n<\/ul>\n<p>Merj b\u00e1tran keverni sz\u00edneket, anyagokat, fel\u00fcleteket \u2013 \u00edgy t\u00e9nyleg minden b\u00fatordarab <strong>egyszeri \u00e9s megism\u00e9telhetetlen<\/strong> lesz!<\/p>\n<\/details>\n","protected":false},"excerpt":{"rendered":"<p>B\u00e1rmilyen b\u00fatorb\u00f3l k\u00f6nnyen k\u00e9sz\u00edthetsz igaz\u00e1n k\u00fcl\u00f6nleges darabot \u2013 sokkal egyszer\u0171bb, mint gondoln\u00e1d! A megfelel\u0151 fest\u00e9kkel \u00e9s n\u00e9h\u00e1ny j\u00f3l bev\u00e1lt technik\u00e1val \u00faj \u00e9letet lehelhetsz r\u00e9gi, megunt b\u00fatorokba, mik\u00f6zben megmutathatod a saj\u00e1t st\u00edlusodat is. A lehet\u0151s\u00e9gek sz\u00e1ma v\u00e9gtelen: p\u00e9ld\u00e1ul a k\u00f6nnyen haszn\u00e1lhat\u00f3 kr\u00e9tafest\u00e9kkel vagy a rusztikus, antikolt hat\u00e1ssal eg\u00e9szen \u00fajj\u00e1 var\u00e1zsolhatod a b\u00fatoraidat. Lehet, hogy a pasztellsz\u00ednek tetszenek, vagy \u00e9ppen a mer\u00e9szebb,&hellip;<\/p>\n","protected":false},"author":12,"featured_media":8430,"comment_status":"closed","ping_status":"closed","sticky":false,"template":"","format":"standard","meta":{"rank_math_focus_keyword":"b\u00fator fest\u00e9si \u00f6tletek","rank_math_title":"B\u00fator fest\u00e9si \u00f6tletek: Alak\u00edtsd \u00e1t a teredet kreat\u00edv diz\u00e1jnokkal","rank_math_description":"Fedezd fel az innovat\u00edv b\u00fator fest\u00e9si \u00f6tleteket, hogy st\u00edlusosan \u00e9s kreat\u00edvan friss\u00edtsd fel a teredet. T\u00f6k\u00e9letes bark\u00e1csol\u00e1s szerelmeseinek.","footnotes":""},"categories":[130],"tags":[],"class_list":["post-8576","post","type-post","status-publish","format-standard","has-post-thumbnail","hentry","category-diy-projektek"],"g_custom_schema_json":"<script type=\"application\/ld+json\">\n{\n  \"@context\": \"https:\/\/schema.org\",\n  \"@type\": \"FAQPage\",\n  \"mainEntity\": [\n    {\n      \"@type\": \"Question\",\n      \"name\": \"Milyen kreat\u00edv b\u00fatorfest\u00e9si \u00f6tletek l\u00e9teznek?\",\n      \"acceptedAnswer\": {\n        \"@type\": \"Answer\",\n        \"text\": \"A b\u00fatorfest\u00e9s kiv\u00e1l\u00f3 m\u00f3dja annak, hogy a mindennapi b\u00fatorokat igaz\u00e1n egyediv\u00e9 var\u00e1zsold. Pr\u00f3b\u00e1lj ki k\u00fcl\u00f6nf\u00e9le fest\u00e9kt\u00edpusokat \u2013 p\u00e9ld\u00e1ul kr\u00e9tafest\u00e9ket, tejfest\u00e9ket vagy \u00e1sv\u00e1nyi fest\u00e9ket \u2013, hogy v\u00e1ltozatos fel\u00fcleteket alkoss. Egy kis karaktert adhatsz a b\u00fatoroknak ombre sz\u00edn\u00e1tmenettel, geometrikus mint\u00e1kkal vagy antikolt hat\u00e1ssal.\"\n      }\n    },\n    {\n      \"@type\": \"Question\",\n      \"name\": \"Hogyan lehet \u00e1talak\u00edtani a b\u00fatorokat fest\u00e9ssel?\",\n      \"acceptedAnswer\": {\n        \"@type\": \"Answer\",\n        \"text\": \"Egy friss fest\u00e9kr\u00e9teg teljesen megv\u00e1ltoztathatja egy b\u00fator kin\u00e9zet\u00e9t, \u00e9s \u00faj \u00e9letet vihet otthonodba. El\u0151sz\u00f6r v\u00e1lassz egy olyan sz\u00ednt, amely j\u00f3l illik a lak\u00e1sod st\u00edlus\u00e1hoz. Az egyik legfontosabb l\u00e9p\u00e9s, hogy alaposan megtiszt\u00edtsd \u00e9s el\u0151k\u00e9sz\u00edtsd a b\u00fatort, mert \u00edgy j\u00f3l tapad majd r\u00e1 a fest\u00e9k.\"\n      }\n    },\n    {\n      \"@type\": \"Question\",\n      \"name\": \"Mi\u00e9rt \u00e9rdemes j\u00f3 min\u0151s\u00e9g\u0171 fest\u00e9ket haszn\u00e1lni a b\u00fatorokon?\",\n      \"acceptedAnswer\": {\n        \"@type\": \"Answer\",\n        \"text\": \"A j\u00f3 min\u0151s\u00e9g\u0171 fest\u00e9k rengeteg el\u0151nnyel j\u00e1r, ha b\u00fatorfel\u00faj\u00edt\u00e1sr\u00f3l van sz\u00f3. Ez nemcsak szebb\u00e9 teszi a b\u00fatort, hanem sokkal tov\u00e1bb is v\u00e9di azt. Ilyen fest\u00e9kek er\u0151s, ellen\u00e1ll\u00f3 r\u00e9teget alkotnak, \u00edgy a b\u00fator jobban t\u0171ri a mindennapi haszn\u00e1latot.\"\n      }\n    },\n    {\n      \"@type\": \"Question\",\n      \"name\": \"Mik a l\u00e9p\u00e9sei a r\u00e9gi vagy fa b\u00fatorok fest\u00e9s\u00e9nek?\",\n      \"acceptedAnswer\": {\n        \"@type\": \"Answer\",\n        \"text\": \"A r\u00e9gi vagy f\u00e1b\u00f3l k\u00e9sz\u00fclt b\u00fatorok fel\u00faj\u00edt\u00e1sa n\u00e9h\u00e1ny egyszer\u0171, de fontos l\u00e9p\u00e9sb\u0151l \u00e1ll: El\u0151sz\u00f6r alaposan tiszt\u00edtsd meg a b\u00fatort, hogy ne maradjon rajta por, zs\u00edr vagy kosz \u2013 ez nagyon fontos, hogy sz\u00e9p, sima legyen a fel\u00fclet, csiszold le a b\u00fatort, hogy egyenletes alapot kapj, \u00edgy a fest\u00e9k jobban tapad, ha a b\u00fator lakkozott vagy m\u00e9g sosem volt festve, haszn\u00e1lj alapoz\u00f3 fest\u00e9ket is, \u00edgy biztosabb lesz a fed\u00e9s.\"\n      }\n    },\n    {\n      \"@type\": \"Question\",\n      \"name\": \"Milyen b\u00fatorfest\u00e9si technik\u00e1k l\u00e9teznek?\",\n      \"acceptedAnswer\": {\n        \"@type\": \"Answer\",\n        \"text\": \"A b\u00fatorfest\u00e9ssel sokf\u00e9le kreat\u00edv megold\u00e1st kipr\u00f3b\u00e1lhatsz. N\u00e9h\u00e1ny technika, amit \u00e9rdemes ismerned: sz\u00e1raz ecsetel\u00e9s, sz\u00ednek r\u00e9tegez\u00e9se, stencilez\u00e9s, antik hat\u00e1s, sz\u00ednblokkol\u00e1s vagy met\u00e1l f\u00e9ny\u0171 fest\u00e9s a modern hat\u00e1s\u00e9rt.\"\n      }\n    },\n    {\n      \"@type\": \"Question\",\n      \"name\": \"Hogyan haszn\u00e1lhat\u00f3 a kr\u00e9tafest\u00e9k b\u00fatorfel\u00faj\u00edt\u00e1shoz?\",\n      \"acceptedAnswer\": {\n        \"@type\": \"Answer\",\n        \"text\": \"A kr\u00e9tafest\u00e9k remek v\u00e1laszt\u00e1s, ha b\u00fatorokat szeretn\u00e9l fel\u00faj\u00edtani, mert matt fel\u00fcletet ad \u00e9s egyszer\u0171 a haszn\u00e1lata. \u00c1ltal\u00e1ban nem sz\u00fcks\u00e9ges hossz\u00fa el\u0151k\u00e9sz\u00edt\u00e9s vagy alapoz\u00e1s sem. El\u00e9g, ha megtiszt\u00edtod a b\u00fatort, majd egyb\u0151l felkenheted a kr\u00e9tafest\u00e9ket.\"\n      }\n    },\n    {\n      \"@type\": \"Question\",\n      \"name\": \"Milyen tippek seg\u00edtenek rusztikus, koptatott (distressed) fel\u00fclet el\u00e9r\u00e9s\u00e9ben?\",\n      \"acceptedAnswer\": {\n        \"@type\": \"Answer\",\n        \"text\": \"B\u00fatorokat nagyon egyszer\u0171 \u00e9s \u00e9lvezetes koptatott fel\u00fclettel feldobni. El\u0151sz\u00f6r fesd le a kiv\u00e1lasztott sz\u00ednnel, \u00e9s hagyd teljesen megsz\u00e1radni. Ezut\u00e1n csiszol\u00f3pap\u00edrral vagy csiszol\u00f3t\u00f6mbbel finoman d\u00f6rzs\u00f6ld vissza az \u00e9leket, sarkokat.\"\n      }\n    },\n    {\n      \"@type\": \"Question\",\n      \"name\": \"Hogyan \u00e9rhetsz el shabby chic hat\u00e1st festett b\u00fatorokkal?\",\n      \"acceptedAnswer\": {\n        \"@type\": \"Answer\",\n        \"text\": \"Ha szereted a shabby chic st\u00edlust, ne f\u00e9lj a t\u00f6k\u00e9letlens\u00e9gt\u0151l, \u00e9s v\u00e1lassz puha, halv\u00e1ny sz\u00edneket \u2013 p\u00e9ld\u00e1ul pasztellk\u00e9ket, r\u00f3zsasz\u00ednt vagy kr\u00e9msz\u00ednt. El\u0151sz\u00f6r fesd le kr\u00e9tafest\u00e9kkel, ami matt \u00e9s k\u00f6nnyen kezelhet\u0151. A sz\u00e1rad\u00e1s ut\u00e1n \u00f3vatosan csiszold vissza a sz\u00e9leket, hogy kiss\u00e9 kopott, karakteres legyen.\"\n      }\n    },\n    {\n      \"@type\": \"Question\",\n      \"name\": \"Hogyan k\u00e9sz\u00edthetsz vintage hat\u00e1s\u00fa festett b\u00fatort?\",\n      \"acceptedAnswer\": {\n        \"@type\": \"Answer\",\n        \"text\": \"Ha vintage st\u00edlust szeretn\u00e9l, el\u0151sz\u00f6r gondolj arra a korszakra, amit visszaadn\u00e1l. Ehhez f\u0151leg a pasztell \u00e9s tompa sz\u00ednek illenek. Az \u00f6reg\u00edtett hat\u00e1st t\u00f6bbf\u00e9le koptat\u00e1ssal \u00e9rheted el, m\u00e1zol\u00e1ssal pedig m\u00e9g karakteresebb lesz a b\u00fator.\"\n      }\n    },\n    {\n      \"@type\": \"Question\",\n      \"name\": \"Hogyan viheted fel egyedi mint\u00e1kat a festett b\u00fatorokra?\",\n      \"acceptedAnswer\": {\n        \"@type\": \"Answer\",\n        \"text\": \"Ha szeretn\u00e9d feldobni a festett b\u00fatoraidat, pr\u00f3b\u00e1ld ki ezeket a kreat\u00edv m\u00f3dszereket: Haszn\u00e1lj sablonokat vagy fest\u0151szalagot geometriai mint\u00e1khoz, k\u00eds\u00e9rletezz szivaccsal vagy ecsettel, hogy k\u00fcl\u00f6nf\u00e9le sz\u00ednekkel k\u00fcl\u00f6nleges hat\u00e1sokat \u00e9rj el.\"\n      }\n    },\n    {\n      \"@type\": \"Question\",\n      \"name\": \"Hogyan emelheted ki fest\u00e9ssel a b\u00fator r\u00e9szleteit?\",\n      \"acceptedAnswer\": {\n        \"@type\": \"Answer\",\n        \"text\": \"Ha a b\u00fatorod d\u00edsz\u00edt\u00e9seit, form\u00e1it szeretn\u00e9d kiemelni, v\u00e1lassz olyan fest\u00e9ksz\u00ednt, ami kontrasztot ad a megl\u00e9v\u0151 fel\u00fclethez. Ez k\u00fcl\u00f6n\u00f6sen j\u00f3l mutat a kis kiemelked\u0151 mint\u00e1kon vagy szeg\u00e9lyeken. Ha m\u00e9lyebb hat\u00e1st szeretn\u00e9l, pr\u00f3b\u00e1ld ki a vil\u00e1gosabb sz\u00ednt \u00e9s sz\u00e1raz ecsettel h\u00fazd \u00e1t a kiemelked\u00e9seken.\"\n      }\n    },\n    {\n      \"@type\": \"Question\",\n      \"name\": \"Hogyan haszn\u00e1lhatsz \u00e9l\u00e9nk sz\u00edneket a b\u00fatord\u00edsz\u00edt\u00e9sben?\",\n      \"acceptedAnswer\": {\n        \"@type\": \"Answer\",\n        \"text\": \"Az \u00e9l\u00e9nk sz\u00ednek bevezet\u00e9se a b\u00fatorokba azt jelenti, hogy b\u00e1tran v\u00e1lasztasz mer\u00e9sz \u00e1rnyalatokat \u2013 p\u00e9ld\u00e1ul egy sz\u00e9ken vagy fi\u00f3kos szekr\u00e9nyen is kiemelheted a szob\u00e1t ezekkel. Ha az \u00e9l\u00e9nk b\u00fatorokat semleges, visszafogottabb dekorral p\u00e1ros\u00edtod, harm\u00f3ni\u00e1t teremthetsz.\"\n      }\n    },\n    {\n      \"@type\": \"Question\",\n      \"name\": \"Melyek a legjobb sz\u00ednek festett b\u00fatorhoz?\",\n      \"acceptedAnswer\": {\n        \"@type\": \"Answer\",\n        \"text\": \"Ha festett b\u00fatorn\u00e1l keresed a t\u00f6k\u00e9letes sz\u00ednt, n\u00e9zd meg a szoba megl\u00e9v\u0151 sz\u00edneit, \u00e9s gondold \u00e1t, milyen hangulatot szeretn\u00e9l. A pasztellek, p\u00e9ld\u00e1ul a mentaz\u00f6ld vagy halv\u00e1nyr\u00f3zsasz\u00edn, nyugalmat \u00e9s pihen\u00e9st sug\u00e1roznak, ez\u00e9rt f\u0151leg h\u00e1l\u00f3szob\u00e1ba vagy relax\u00e1ci\u00f3s terekbe passzolnak.\"\n      }\n    },\n    {\n      \"@type\": \"Question\",\n      \"name\": \"Milyen k\u00f6lts\u00e9ghat\u00e9kony m\u00f3djai vannak a lak\u00e1sdekor friss\u00edt\u00e9s\u00e9nek fest\u00e9kkel?\",\n      \"acceptedAnswer\": {\n        \"@type\": \"Answer\",\n        \"text\": \"P\u00e1r ecsetvon\u00e1ssal, kev\u00e9s fest\u00e9kkel is \u00faj \u00e9letet var\u00e1zsolhatsz a lak\u00e1sba. Egy r\u00e9gi b\u00fatordarab \u00e1tfest\u00e9se m\u00e1ris teljesen m\u00e1s hangulatot ad a szob\u00e1nak. Pr\u00f3b\u00e1ld ki a k\u00e9pkeretek vagy kisebb d\u00edszt\u00e1rgyak \u2013 p\u00e9ld\u00e1ul v\u00e1z\u00e1k, l\u00e1mp\u00e1k \u2013 \u00e1tfest\u00e9s\u00e9t is, \u00edgy igaz\u00e1n friss lesz az \u00f6sszhat\u00e1s.\"\n      }\n    },\n    {\n      \"@type\": \"Question\",\n      \"name\": \"Milyen egyszer\u0171 DIY \u00f6tletek vannak festett b\u00fatorok \u00e1talak\u00edt\u00e1s\u00e1ra?\",\n      \"acceptedAnswer\": {\n        \"@type\": \"Answer\",\n        \"text\": \"Ha szeretn\u00e9l \u00fajj\u00e1var\u00e1zsolni egy b\u00fatordarabot, pr\u00f3b\u00e1ld ki a DIY fest\u00e9si projekteket! Egy r\u00e9gi kom\u00f3dot p\u00e9ld\u00e1ul \u00e9l\u00e9nk sz\u00ednnel \u00e9s \u00faj foganty\u00fakkal igazi k\u00fcl\u00f6nlegess\u00e9 tehetsz. Ha ink\u00e1bb a rusztikus st\u00edlus tetszik, egy kis asztalt is lefesthetsz \u00e9s visszacsiszolhatsz, hogy hangulatos, kopottas legyen.\"\n      }\n    }\n  ]\n}\n<\/script>\n<script type=\"application\/ld+json\">\n{\n  \"@context\": \"https:\/\/schema.org\",\n  \"@type\": \"HowTo\",\n  \"name\": \"R\u00e9gi b\u00fator \u00e1talak\u00edt\u00e1sa fest\u00e9ssel l\u00e9p\u00e9sr\u0151l l\u00e9p\u00e9sre\",\n  \"description\": \"Ismerd meg, hogyan \u00faj\u00edthatsz fel r\u00e9gi vagy fa b\u00fatort h\u00e1zilag, fest\u00e9ssel, hogy egyedi \u00e9s st\u00edlusos darabot kapj.\",\n  \"image\": [\n    \"https:\/\/doubletakedecor.com\/uploads\/2025\/09\/furniture-painting-ideas-dtd-01.jpg\",\n    \"https:\/\/doubletakedecor.com\/uploads\/2025\/09\/furniture-painting-ideas-dtd-02.jpg\",\n    \"https:\/\/doubletakedecor.com\/uploads\/2025\/09\/furniture-painting-ideas-dtd-03.jpg\"\n  ],\n  \"totalTime\": \"PT4H\",\n  \"supply\": [\n    {\n      \"@type\": \"HowToSupply\",\n      \"name\": \"B\u00fator (pl. kom\u00f3d, sz\u00e9k vagy asztal)\"\n    },\n    {\n      \"@type\": \"HowToSupply\",\n      \"name\": \"Kiv\u00e1l\u00f3 min\u0151s\u00e9g\u0171 fest\u00e9k (kr\u00e9tafest\u00e9k, tejfest\u00e9k vagy akrilfest\u00e9k)\"\n    },\n    {\n      \"@type\": \"HowToSupply\",\n      \"name\": \"Alapoz\u00f3 fest\u00e9k\"\n    },\n    {\n      \"@type\": \"HowToSupply\",\n      \"name\": \"Csiszol\u00f3pap\u00edr vagy csiszol\u00f3t\u00f6mb\"\n    },\n    {\n      \"@type\": \"HowToSupply\",\n      \"name\": \"Ecsetek, hengerek\"\n    },\n    {\n      \"@type\": \"HowToSupply\",\n      \"name\": \"Fed\u0151lakk vagy viasz\"\n    },\n    {\n      \"@type\": \"HowToSupply\",\n      \"name\": \"V\u00e9d\u0151f\u00f3lia\/\u00fajs\u00e1gpap\u00edr a munkater\u00fclethez\"\n    },\n    {\n      \"@type\": \"HowToSupply\",\n      \"name\": \"Keszty\u0171\"\n    }\n  ],\n  \"tool\": [\n    {\n      \"@type\": \"HowToTool\",\n      \"name\": \"Csavarh\u00faz\u00f3 (foganty\u00fak elt\u00e1vol\u00edt\u00e1s\u00e1hoz)\"\n    },\n    {\n      \"@type\": \"HowToTool\",\n      \"name\": \"Tiszt\u00edt\u00f3kend\u0151\"\n    }\n  ],\n  \"step\": [\n    {\n      \"@type\": \"HowToStep\",\n      \"name\": \"1. Tiszt\u00edt\u00e1s \u00e9s el\u0151k\u00e9sz\u00edt\u00e9s\",\n      \"text\": \"El\u0151sz\u00f6r alaposan tiszt\u00edtsd meg a b\u00fatort, hogy ne maradjon rajta por, zs\u00edr vagy kosz. T\u00e1vol\u00edtsd el a foganty\u00fakat, szerelv\u00e9nyeket, majd csiszol\u00f3pap\u00edrral vagy csiszol\u00f3t\u00f6mbbel sim\u00edtsd le a fel\u00fcletet, hogy a fest\u00e9k j\u00f3l tapadjon.\",\n      \"image\": \"https:\/\/doubletakedecor.com\/uploads\/2025\/09\/furniture-painting-ideas-dtd-01.jpg\"\n    },\n    {\n      \"@type\": \"HowToStep\",\n      \"name\": \"2. Alapoz\u00e1s\",\n      \"text\": \"Ha a b\u00fator lakkozott vagy m\u00e9g sosem volt festve, haszn\u00e1lj alapoz\u00f3 fest\u00e9ket. Ez seg\u00edt abban, hogy a fed\u0151fest\u00e9k egyenletesen tapadjon, \u00e9s tart\u00f3sabb legyen a v\u00e9geredm\u00e9ny.\",\n      \"image\": \"https:\/\/doubletakedecor.com\/uploads\/2025\/09\/furniture-painting-ideas-dtd-02.jpg\"\n    },\n    {\n      \"@type\": \"HowToStep\",\n      \"name\": \"3. Fest\u00e9s\",\n      \"text\": \"V\u00e1laszd ki a megfelel\u0151 fest\u00e9ket (kr\u00e9tafest\u00e9k, tejfest\u00e9k vagy akrilfest\u00e9k), majd v\u00e9kony r\u00e9tegekben vidd fel a fel\u00fcletre ecsettel vagy hengerrel. Hagyj id\u0151t a r\u00e9tegek sz\u00e1rad\u00e1s\u00e1ra.\",\n      \"image\": \"https:\/\/doubletakedecor.com\/uploads\/2025\/09\/furniture-painting-ideas-dtd-03.jpg\"\n    },\n    {\n      \"@type\": \"HowToStep\",\n      \"name\": \"4. Dekor\u00e1ci\u00f3s technik\u00e1k alkalmaz\u00e1sa\",\n      \"text\": \"K\u00eds\u00e9rletezz k\u00fcl\u00f6nb\u00f6z\u0151 technik\u00e1kkal: sablon, ombre, antikol\u00e1s, sz\u00ednblokkol\u00e1s vagy stencilez\u00e9s. Ezek m\u00e9g egyedibb\u00e9 teszik a b\u00fatorodat.\",\n      \"image\": \"https:\/\/doubletakedecor.com\/uploads\/2025\/09\/furniture-painting-ideas-dtd-04.jpg\"\n    },\n    {\n      \"@type\": \"HowToStep\",\n      \"name\": \"5. Lakkoz\u00e1s vagy viaszol\u00e1s\",\n      \"text\": \"A teljes sz\u00e1rad\u00e1s ut\u00e1n vigy\u00e9l fel fed\u0151lakkot vagy viaszt a fel\u00fcletre, hogy tart\u00f3sabb \u00e9s ellen\u00e1ll\u00f3bb legyen a b\u00fator.\",\n      \"image\": \"https:\/\/doubletakedecor.com\/uploads\/2025\/09\/furniture-painting-ideas-dtd-05.jpg\"\n    },\n    {\n      \"@type\": \"HowToStep\",\n      \"name\": \"6. \u00d6sszeszerel\u00e9s \u00e9s dekor\u00e1l\u00e1s\",\n      \"text\": \"Helyezd vissza a foganty\u00fakat, szerelv\u00e9nyeket, majd d\u00edsz\u00edtsd a fel\u00faj\u00edtott b\u00fatort a saj\u00e1t st\u00edlusod szerint. Elhelyezheted v\u00e1z\u00e1kat, n\u00f6v\u00e9nyeket vagy m\u00e1s kieg\u00e9sz\u00edt\u0151ket is.\",\n      \"image\": \"https:\/\/doubletakedecor.com\/uploads\/2025\/09\/furniture-painting-ideas-dtd-06.jpg\"\n    }\n  ]\n}\n<\/script>","_links":{"self":[{"href":"https:\/\/doubletakedecor.com\/hu\/wp-json\/wp\/v2\/posts\/8576","targetHints":{"allow":["GET"]}}],"collection":[{"href":"https:\/\/doubletakedecor.com\/hu\/wp-json\/wp\/v2\/posts"}],"about":[{"href":"https:\/\/doubletakedecor.com\/hu\/wp-json\/wp\/v2\/types\/post"}],"author":[{"embeddable":true,"href":"https:\/\/doubletakedecor.com\/hu\/wp-json\/wp\/v2\/users\/12"}],"replies":[{"embeddable":true,"href":"https:\/\/doubletakedecor.com\/hu\/wp-json\/wp\/v2\/comments?post=8576"}],"version-history":[{"count":1,"href":"https:\/\/doubletakedecor.com\/hu\/wp-json\/wp\/v2\/posts\/8576\/revisions"}],"predecessor-version":[{"id":8577,"href":"https:\/\/doubletakedecor.com\/hu\/wp-json\/wp\/v2\/posts\/8576\/revisions\/8577"}],"wp:featuredmedia":[{"embeddable":true,"href":"https:\/\/doubletakedecor.com\/hu\/wp-json\/wp\/v2\/media\/8430"}],"wp:attachment":[{"href":"https:\/\/doubletakedecor.com\/hu\/wp-json\/wp\/v2\/media?parent=8576"}],"wp:term":[{"taxonomy":"category","embeddable":true,"href":"https:\/\/doubletakedecor.com\/hu\/wp-json\/wp\/v2\/categories?post=8576"},{"taxonomy":"post_tag","embeddable":true,"href":"https:\/\/doubletakedecor.com\/hu\/wp-json\/wp\/v2\/tags?post=8576"}],"curies":[{"name":"wp","href":"https:\/\/api.w.org\/{rel}","templated":true}]}}