{"id":9363,"date":"2025-09-25T17:18:03","date_gmt":"2025-09-25T15:18:03","guid":{"rendered":"https:\/\/doubletakedecor.com\/dekoracios-otletek\/kis-konyha-dekoracios-otletek\/"},"modified":"2025-09-25T19:16:32","modified_gmt":"2025-09-25T17:16:32","slug":"kis-konyha-dekoracios-otletek","status":"publish","type":"post","link":"https:\/\/doubletakedecor.com\/hu\/dekoracios-otletek\/kis-konyha-dekoracios-otletek\/","title":{"rendered":"\u00d6tletes dekor\u00e1ci\u00f3s \u00f6tletek kis konyh\u00e1khoz"},"content":{"rendered":"<p>Kis konyh\u00e1dat st\u00edlusos, praktikus t\u00e9rr\u00e9 alak\u00edtani nem ig\u00e9nyel v\u00e9gtelen n\u00e9gyzetm\u00e9tert \u2013 csak n\u00e9h\u00e1ny okos tervez\u00e9si d\u00f6nt\u00e9st. A megfelel\u0151 megold\u00e1sokkal m\u00e9g a legapr\u00f3bb f\u0151z\u0151sarok is vil\u00e1gosnak, nyitottnak \u00e9s rendezettnek t\u0171nhet, mik\u00f6zben t\u00fckr\u00f6zi a saj\u00e1t st\u00edlusod.<\/p>\n<p>A legfontosabb tipp, hogy vil\u00e1gos sz\u00edneket v\u00e1lassz a falakra \u00e9s a szekr\u00e9nyekre, \u00edgy l\u00e9giesebb lesz a t\u00e9r, amit \u00f6tletes t\u00e1rol\u00e1si megold\u00e1sok eg\u00e9sz\u00edtenek ki. Nyitott polcok, felfel\u00e9 terjeszked\u0151 t\u00e1rol\u00f3k \u00e9s t\u00f6bbfunkci\u00f3s b\u00fatorok seg\u00edtenek, hogy minden elf\u00e9rjen, de semmi ne legyen \u00fatban. Ha sz\u00ednes h\u00e1tlapokat vagy cser\u00e9pben nevelt f\u0171szern\u00f6v\u00e9nyeket is elhelyezel, m\u00e1ris otthonosabb \u00e9s szem\u00e9lyesebb lesz a helyis\u00e9g.<\/p>\n<p>A j\u00f3l megtervezett vil\u00e1g\u00edt\u00e1s is nagyon fontos: t\u00f6bbf\u00e9le f\u00e9nyforr\u00e1s seg\u00edts\u00e9g\u00e9vel nagyobbnak l\u00e1tszanak a kis konyh\u00e1k, mik\u00f6zben kiemelheted a legszebb r\u00e9szleteket. Kis k\u00f6lts\u00e9gvet\u00e9ssel is \u00fajat hozhatsz l\u00e9tre, p\u00e9ld\u00e1ul \u00f6ntapad\u00f3s tap\u00e9t\u00e1val, \u00faj foganty\u00fakkal vagy haszn\u00e1lt kieg\u00e9sz\u00edt\u0151kkel. Ak\u00e1r hossz\u00fak\u00e1s, ak\u00e1r sarkalatos a konyh\u00e1d, ezek az \u00f6tletek megmutatj\u00e1k, hogy egy kis t\u00e9r is tele lehet st\u00edlussal, ha beveted a kreativit\u00e1sod.<\/p>\n<div class=\"kt_block\" id=\"kt_id\">\n<span class=\"kt_headline\">Legfontosabb tippek<\/span><\/p>\n<ul class=\"kt_post_list\">\n<li><strong>\ud83c\udfa8 Vil\u00e1gos \u00e9s t\u00e1gas hat\u00e1s:<\/strong> Vil\u00e1gosra fessed a falakat \u00e9s a szekr\u00e9nyeket, hogy a kicsi konyha nagyobbnak, nyitottabbnak \u00e9s vil\u00e1gosabbnak t\u0171nj\u00f6n.<\/li>\n<li><strong>\ud83e\ude9c Okos t\u00e1rol\u00e1s:<\/strong> Haszn\u00e1ld ki az okos t\u00e1rol\u00e1si lehet\u0151s\u00e9geket, p\u00e9ld\u00e1ul a nyitott polcokat, a magas t\u00e1rol\u00f3kat \u00e9s a t\u00f6bbfunkci\u00f3s b\u00fatorokat, hogy mindennek helye legyen \u00e9s k\u00f6nnyen hozz\u00e1f\u00e9rj a sz\u00fcks\u00e9ges dolgokhoz.<\/li>\n<li><strong>\ud83d\udca1 R\u00e9teges vil\u00e1g\u00edt\u00e1s:<\/strong> Tervezz t\u00f6bbf\u00e9le vil\u00e1g\u00edt\u00e1st a konyh\u00e1ba \u2013 haszn\u00e1ld a term\u00e9szetes f\u00e9nyt \u00e9s k\u00fcl\u00f6nf\u00e9le l\u00e1mp\u00e1kat, hogy nagyobbnak t\u0171nj\u00f6n a t\u00e9r \u00e9s kiemeljen n\u00e9h\u00e1ny sz\u00e9p r\u00e9szletet.<\/li>\n<li><strong>\ud83c\udf43 Szem\u00e9lyes \u00e9s p\u00e9nzt\u00e1rcabar\u00e1t \u00f6tletek:<\/strong> Tegy\u00e9l egyediv\u00e9 sz\u00ednes h\u00e1tfallal, cser\u00e9pben nevelt f\u0171szerekkel, illetve p\u00e9nzt\u00e1rcabar\u00e1t v\u00e1ltoztat\u00e1sokkal, p\u00e9ld\u00e1ul \u00f6ntapad\u00f3s tap\u00e9t\u00e1val vagy haszn\u00e1lt kieg\u00e9sz\u00edt\u0151kkel.<\/li>\n<\/ul>\n<\/div>\n<h2>Rusztikus fat\u00e1rol\u00f3s konyhasziget<\/h2>\n<p><img loading=\"lazy\" decoding=\"async\" width=\"700\" height=\"1050\" alt=\"Meleg, rusztikus konyha fa szigettel, k\u0151 munkalappal \u00e9s z\u00f6ld polcokkal, ahol a vintage t\u00e1rol\u00f3k \u00e9s meghitt dekor\u00e1ci\u00f3k is l\u00e1that\u00f3k.\" class=\"aligncenter size-full wp-image-9011\" src=\"https:\/\/doubletakedecor.com\/uploads\/2025\/09\/small-kitchen-design-ideas-dtd-01.jpg\" srcset=\"https:\/\/doubletakedecor.com\/uploads\/2025\/09\/small-kitchen-design-ideas-dtd-01.jpg 700w, https:\/\/doubletakedecor.com\/uploads\/2025\/09\/small-kitchen-design-ideas-dtd-01-200x300.jpg 200w, https:\/\/doubletakedecor.com\/uploads\/2025\/09\/small-kitchen-design-ideas-dtd-01-683x1024.jpg 683w\" sizes=\"auto, (max-width: 700px) 100vw, 700px\" \/><\/p>\n<p>Hozd ki a legt\u00f6bbet a kis konyh\u00e1db\u00f3l egy sokoldal\u00fa fa konyhaszigettel! Tedd a polcokra fonott kosarakat, \u00edgy st\u00edlusosan, el\u00e9rhet\u0151 helyen t\u00e1rolhatsz mindent. A gyakran haszn\u00e1lt eszk\u00f6z\u00f6ket tedd a fels\u0151 polcra, hogy f\u0151z\u00e9s k\u00f6zben k\u00e9zn\u00e9l legyenek. F\u00f6ldsz\u00ednek \u00e9s term\u00e9szetes elemek, mint p\u00e9ld\u00e1ul cser\u00e9pben nevelt f\u0171szern\u00f6v\u00e9nyek, egyszerre teszik praktikusabb\u00e1 \u00e9s frissebb\u00e9 a konyh\u00e1d.<\/p>\n<h2>Ablakos sarok konyhai dekor\u00e1ci\u00f3<\/h2>\n<p><img loading=\"lazy\" decoding=\"async\" width=\"700\" height=\"1050\" alt=\"Hangulatos konyha s\u00e1rga plisz\u00e9 ablakf\u00fcgg\u00f6nnyel, fa munkalapon friss z\u00f6lds\u00e9gekkel \u00e9s vir\u00e1gokkal, b\u00e9zs szekr\u00e9nyekkel \u00e9s nyitott polcokkal.\" class=\"aligncenter size-full wp-image-9017\" src=\"https:\/\/doubletakedecor.com\/uploads\/2025\/09\/small-kitchen-design-ideas-dtd-02.jpg\" srcset=\"https:\/\/doubletakedecor.com\/uploads\/2025\/09\/small-kitchen-design-ideas-dtd-02.jpg 700w, https:\/\/doubletakedecor.com\/uploads\/2025\/09\/small-kitchen-design-ideas-dtd-02-200x300.jpg 200w, https:\/\/doubletakedecor.com\/uploads\/2025\/09\/small-kitchen-design-ideas-dtd-02-683x1024.jpg 683w\" sizes=\"auto, (max-width: 700px) 100vw, 700px\" \/><\/p>\n<p>Tedd vil\u00e1gosabb\u00e1 a konyh\u00e1dat egy d\u00edszes ablakos sarokkal! Egy plisz\u00e9 f\u00fcgg\u00f6ny bekeretezi a term\u00e9szetes f\u00e9nyt, alatta pedig dekor\u00e1lhatsz. Helyezz gy\u00fcm\u00f6lcs\u00f6ket egy fa t\u00e1lc\u00e1ra, rakj egyszer\u0171 v\u00e1z\u00e1kba vir\u00e1gokat \u2013 ett\u0151l \u00e9l\u00e9nkebb lesz a konyha. A praktikus pult \u00e9s a d\u00edsz\u00edt\u0151 elemek egy\u00fctt a hasznoss\u00e1got \u00e9s a b\u00e1jt is kihozz\u00e1k a t\u00e9rb\u0151l.<\/p>\n<h2>Parasztkonyhai mosogat\u00f3 s\u00f6t\u00e9tk\u00e9k szekr\u00e9nnyel<\/h2>\n<p><img loading=\"lazy\" decoding=\"async\" width=\"700\" height=\"1050\" alt=\"Modern konyha s\u00f6t\u00e9tk\u00e9k szekr\u00e9nyekkel, fa munkalappal, parasztkonyhai mosogat\u00f3val, r\u00e9z csappal \u00e9s nyitott polcokon dekor\u00e1ci\u00f3val.\" class=\"aligncenter size-full wp-image-9023\" src=\"https:\/\/doubletakedecor.com\/uploads\/2025\/09\/small-kitchen-design-ideas-dtd-03.jpg\" srcset=\"https:\/\/doubletakedecor.com\/uploads\/2025\/09\/small-kitchen-design-ideas-dtd-03.jpg 700w, https:\/\/doubletakedecor.com\/uploads\/2025\/09\/small-kitchen-design-ideas-dtd-03-200x300.jpg 200w, https:\/\/doubletakedecor.com\/uploads\/2025\/09\/small-kitchen-design-ideas-dtd-03-683x1024.jpg 683w\" sizes=\"auto, (max-width: 700px) 100vw, 700px\" \/><\/p>\n<p>A st\u00edlusos, de kicsi konyh\u00e1dban j\u00f3l mutat egy m\u00e9ly parasztkonyhai mosogat\u00f3 s\u00f6t\u00e9tk\u00e9k szekr\u00e9nyekkel \u00e9s r\u00e9z r\u00e9szletekkel. A nyitott fa polc egyszerre ad helyet \u00e9s l\u00e1tv\u00e1nyt; a fa, f\u00e9m \u00e9s f\u00e9nyes csempe egy\u00fctt l\u00e1tv\u00e1nyos, de nem zs\u00fafolja sz\u00e9t a helyet. F\u00fcggesztett l\u00e1mp\u00e1kkal felh\u00edvhatod a figyelmet a mennyezetre, \u00edgy magasabbnak l\u00e1tszik a szoba.<\/p>\n<h2>Rusztikus-modern konyha k\u0151falakkal<\/h2>\n<p><img loading=\"lazy\" decoding=\"async\" width=\"700\" height=\"1050\" alt=\"K\u0151fal\u00fa konyha puha z\u00f6ld szekr\u00e9nyekkel, s\u00f6t\u00e9t munkalappal \u00e9s meleg fa \u00e9tkez\u0151-garnit\u00far\u00e1val, ami egyszerre meghitt \u00e9s st\u00edlusos.\" class=\"aligncenter size-full wp-image-9029\" src=\"https:\/\/doubletakedecor.com\/uploads\/2025\/09\/small-kitchen-design-ideas-dtd-04.jpg\" srcset=\"https:\/\/doubletakedecor.com\/uploads\/2025\/09\/small-kitchen-design-ideas-dtd-04.jpg 700w, https:\/\/doubletakedecor.com\/uploads\/2025\/09\/small-kitchen-design-ideas-dtd-04-200x300.jpg 200w, https:\/\/doubletakedecor.com\/uploads\/2025\/09\/small-kitchen-design-ideas-dtd-04-683x1024.jpg 683w\" sizes=\"auto, (max-width: 700px) 100vw, 700px\" \/><\/p>\n<p>Egyszer\u0171en \u00f6tv\u00f6zd a rusztikus var\u00e1zst \u00e9s a modern k\u00e9nyelmet: k\u0151falakat p\u00e1ros\u00edts vil\u00e1gosz\u00f6ld szekr\u00e9nyekkel! Az \u00e9tkez\u0151r\u00e9szt egy meleg fa asztal alapozza meg, a s\u00f6t\u00e9t munkalapok pedig izgalmas kontrasztot adnak. Ipari st\u00edlus\u00fa l\u00e1mp\u00e1t is felszerelhetsz, hogy m\u00e9g praktikusabb legyen a munkater\u00fclet. Egy sz\u0151tt sziz\u00e1l sz\u0151nyeg melegen tartja a l\u00e1bad \u00e9s bar\u00e1ts\u00e1gosabb\u00e1 teszi a teret.<\/p>\n<h2>Modern konyha nyitott polcokkal<\/h2>\n<p><img loading=\"lazy\" decoding=\"async\" width=\"700\" height=\"1050\" alt=\"Letisztult konyha vil\u00e1gos szekr\u00e9nyekkel, beton pulttal, halsz\u00e1lkamint\u00e1s fa padl\u00f3val, nagy ablakokkal \u00e9s ipari l\u00e1mp\u00e1kkal.\" class=\"aligncenter size-full wp-image-9035\" src=\"https:\/\/doubletakedecor.com\/uploads\/2025\/09\/small-kitchen-design-ideas-dtd-05.jpg\" srcset=\"https:\/\/doubletakedecor.com\/uploads\/2025\/09\/small-kitchen-design-ideas-dtd-05.jpg 700w, https:\/\/doubletakedecor.com\/uploads\/2025\/09\/small-kitchen-design-ideas-dtd-05-200x300.jpg 200w, https:\/\/doubletakedecor.com\/uploads\/2025\/09\/small-kitchen-design-ideas-dtd-05-683x1024.jpg 683w\" sizes=\"auto, (max-width: 700px) 100vw, 700px\" \/><\/p>\n<p>Hozd ki a legt\u00f6bbet a kis konyh\u00e1db\u00f3l nyitott polcokkal, amelyekre elf\u00e9rnek a f\u0171szerek \u00e9s d\u00edszek is. Az ipari l\u00e1mp\u00e1k k\u00fcl\u00f6nlegess\u00e9 teszik a teret an\u00e9lk\u00fcl, hogy megt\u00f6rn\u00e9k a modern hangulatot. A halsz\u00e1lka mint\u00e1s padl\u00f3 melegs\u00e9get visz a vil\u00e1gos szekr\u00e9nyek \u00e9s a beton munkalap k\u00f6z\u00e9. Term\u00e9szetes anyagokkal bar\u00e1ts\u00e1gosabb\u00e1 var\u00e1zsolhatod a modern konyh\u00e1t.<\/p>\n<h2>S\u00f6t\u00e9tz\u00f6ld szekr\u00e9nyek m\u00e1rv\u00e1ny r\u00e9szletekkel<\/h2>\n<p><img loading=\"lazy\" decoding=\"async\" width=\"700\" height=\"1050\" alt=\"Modern konyha gazdag z\u00f6ld szekr\u00e9nyekkel, m\u00e1rv\u00e1ny munkapulttal, fa nyitott polcokkal \u00e9s d\u00edszt\u00e1rgyakkal a rozsdamentes t\u0171zhely felett.\" class=\"aligncenter size-full wp-image-9041\" src=\"https:\/\/doubletakedecor.com\/uploads\/2025\/09\/small-kitchen-design-ideas-dtd-06.jpg\" srcset=\"https:\/\/doubletakedecor.com\/uploads\/2025\/09\/small-kitchen-design-ideas-dtd-06.jpg 700w, https:\/\/doubletakedecor.com\/uploads\/2025\/09\/small-kitchen-design-ideas-dtd-06-200x300.jpg 200w, https:\/\/doubletakedecor.com\/uploads\/2025\/09\/small-kitchen-design-ideas-dtd-06-683x1024.jpg 683w\" sizes=\"auto, (max-width: 700px) 100vw, 700px\" \/><\/p>\n<p>L\u00e1tv\u00e1nyos lehet a kis konyh\u00e1d, ha mer\u00e9sz z\u00f6ld szekr\u00e9nyeket v\u00e1lasztasz vil\u00e1gos m\u00e1rv\u00e1ny munkalappal p\u00e1ros\u00edtva. A nyitott fa polcokra d\u00edszt \u00e9s hasznos dolgot is tehetsz, \u00edgy helyet sp\u00f3rolsz \u00e9s mutat\u00f3s lesz a t\u00e9r. Feh\u00e9r metr\u00f3csemp\u00e9vel m\u00e9g vil\u00e1gosabbnak l\u00e1tszik a helyis\u00e9g, ez pedig optikailag t\u00e1g\u00edtja is azt. A gazdag z\u00f6ld sz\u00ednt term\u00e9szetes elemekkel ellens\u00falyozd, hogy bar\u00e1ts\u00e1gos maradjon a hangulat.<\/p>\n<h2>Tompa z\u00f6ld szekr\u00e9nyek r\u00e9z r\u00e9szletekkel<\/h2>\n<p><img loading=\"lazy\" decoding=\"async\" width=\"700\" height=\"1050\" alt=\"B\u00e1jos konyha l\u00e1gy z\u00f6ld szekr\u00e9nyekkel, r\u00e9z foganty\u00fakkal, s\u00f6t\u00e9t pulttal \u00e9s fa r\u00e9szletekkel, amelyet term\u00e9szetes f\u00e9ny vil\u00e1g\u00edt meg.\" class=\"aligncenter size-full wp-image-9047\" src=\"https:\/\/doubletakedecor.com\/uploads\/2025\/09\/small-kitchen-design-ideas-dtd-07.jpg\" srcset=\"https:\/\/doubletakedecor.com\/uploads\/2025\/09\/small-kitchen-design-ideas-dtd-07.jpg 700w, https:\/\/doubletakedecor.com\/uploads\/2025\/09\/small-kitchen-design-ideas-dtd-07-200x300.jpg 200w, https:\/\/doubletakedecor.com\/uploads\/2025\/09\/small-kitchen-design-ideas-dtd-07-683x1024.jpg 683w\" sizes=\"auto, (max-width: 700px) 100vw, 700px\" \/><\/p>\n<p>Fokozd a melegs\u00e9get \u00e9s a kontrasztot tompa z\u00f6ld szekr\u00e9nyek \u00e9s r\u00e9z foganty\u00fak p\u00e1ros\u00edt\u00e1s\u00e1val! A fa v\u00e1g\u00f3deszk\u00e1k remek\u00fcl illenek a rusztikus-modern st\u00edlushoz. Nyitott polcon rendezd el \u00fcvegben a leggyakrabban haszn\u00e1lt alapanyagokat, \u00edgy k\u00f6nnyen el\u00e9red \u0151ket. Tegy\u00e9l n\u00e9h\u00e1ny apr\u00f3 n\u00f6v\u00e9nyt az ablak k\u00f6zel\u00e9be, hogy \u00e9letteli \u00e9s rendezett legyen a konyh\u00e1d.<\/p>\n<h2>K\u00e9k b\u00e1rszekr\u00e9ny bort\u00e1rol\u00f3val<\/h2>\n<p><img loading=\"lazy\" decoding=\"async\" width=\"700\" height=\"1050\" alt=\"St\u00edlusos nedves b\u00e1r k\u00e9k szekr\u00e9nnyel, \u00fcveg bet\u00e9tes ajt\u00f3kkal, k\u0151 munkalappal, arany csappal \u00e9s be\u00e9p\u00edtett bort\u00e1rol\u00f3val.\" class=\"aligncenter size-full wp-image-9053\" src=\"https:\/\/doubletakedecor.com\/uploads\/2025\/09\/small-kitchen-design-ideas-dtd-08.jpg\" srcset=\"https:\/\/doubletakedecor.com\/uploads\/2025\/09\/small-kitchen-design-ideas-dtd-08.jpg 700w, https:\/\/doubletakedecor.com\/uploads\/2025\/09\/small-kitchen-design-ideas-dtd-08-200x300.jpg 200w, https:\/\/doubletakedecor.com\/uploads\/2025\/09\/small-kitchen-design-ideas-dtd-08-683x1024.jpg 683w\" sizes=\"auto, (max-width: 700px) 100vw, 700px\" \/><\/p>\n<p>Ha szeretsz vend\u00e9geket fogadni, egy kisebb konyh\u00e1ban is elf\u00e9r egy st\u00edlusos mini b\u00e1r. Az \u00fcveges fels\u0151 szekr\u00e9nyek sz\u00e9pen mutatj\u00e1k a poharakat, mik\u00f6zben a sima, foganty\u00fa n\u00e9lk\u00fcli als\u00f3 szekr\u00e9nyek letisztult hat\u00e1st adnak. Egy be\u00e9p\u00edtett bort\u00e1rol\u00f3 seg\u00edt, hogy a borokat a megfelel\u0151 h\u0151m\u00e9rs\u00e9kleten tartsd. Arany sz\u00edn\u0171 csapteleppel vagy foganty\u00faval m\u00e9g k\u00fcl\u00f6nlegesebb\u00e9 teheted az eg\u00e9sz konyh\u00e1t.<\/p>\n<h2>Nyitott polcok sz\u00ednes t\u00e1ny\u00e9rokkal<\/h2>\n<p><img loading=\"lazy\" decoding=\"async\" width=\"700\" height=\"1050\" alt=\"Modern feh\u00e9r konyha nyitott polcokkal, amelyeken sz\u00ednes t\u00e1ny\u00e9rok l\u00e1that\u00f3k a metr\u00f3csempe h\u00e1tfal \u00e9s a fekete pult felett.\" class=\"aligncenter size-full wp-image-9059\" src=\"https:\/\/doubletakedecor.com\/uploads\/2025\/09\/small-kitchen-design-ideas-dtd-09.jpg\" srcset=\"https:\/\/doubletakedecor.com\/uploads\/2025\/09\/small-kitchen-design-ideas-dtd-09.jpg 700w, https:\/\/doubletakedecor.com\/uploads\/2025\/09\/small-kitchen-design-ideas-dtd-09-200x300.jpg 200w, https:\/\/doubletakedecor.com\/uploads\/2025\/09\/small-kitchen-design-ideas-dtd-09-683x1024.jpg 683w\" sizes=\"auto, (max-width: 700px) 100vw, 700px\" \/><\/p>\n<p>Tartsd k\u00e9zn\u00e9l a mindennapos dolgokat, \u00e9s k\u00f6zben d\u00edsz\u00edts is \u2013 szerelj fel nyitott polcokat a pult f\u00f6l\u00f6tt! Helyezz el rajtuk sz\u00ednes t\u00e1ny\u00e9rokat, poharakat, ak\u00e1r sz\u00edn vagy m\u00e9ret alapj\u00e1n sorba rendezve. N\u00e9h\u00e1ny dekorat\u00edv t\u00e1rgy is mehet mell\u00e9j\u00fck. Ez a megold\u00e1s nemcsak praktikus, de \u00e9letet \u00e9s egyedis\u00e9get is visz a kis konyh\u00e1dba.<\/p>\n<h2>Modern konyha meleg \u00e1rnyalatokkal<\/h2>\n<p><img loading=\"lazy\" decoding=\"async\" width=\"700\" height=\"1050\" alt=\"Vil\u00e1gos fa konyha m\u00e1rv\u00e1ny pulttal, nyitott polcokkal \u00e9s funkcion\u00e1lis szigettel, amely alatt fekete \u00e9s r\u00f3zsasz\u00edn b\u00e1rsz\u00e9kek vannak, \u00fcvegbur\u00e1s l\u00e1mp\u00e1k alatt.\" class=\"aligncenter size-full wp-image-9065\" src=\"https:\/\/doubletakedecor.com\/uploads\/2025\/09\/small-kitchen-design-ideas-dtd-10.jpg\" srcset=\"https:\/\/doubletakedecor.com\/uploads\/2025\/09\/small-kitchen-design-ideas-dtd-10.jpg 700w, https:\/\/doubletakedecor.com\/uploads\/2025\/09\/small-kitchen-design-ideas-dtd-10-200x300.jpg 200w, https:\/\/doubletakedecor.com\/uploads\/2025\/09\/small-kitchen-design-ideas-dtd-10-683x1024.jpg 683w\" sizes=\"auto, (max-width: 700px) 100vw, 700px\" \/><\/p>\n<p>Tedd vonz\u00f3bb\u00e1 a kicsi konyh\u00e1dat vil\u00e1gos fa szekr\u00e9nyekkel \u00e9s feh\u00e9r m\u00e1rv\u00e1ny pulttal! A nyitott polcokon elf\u00e9rnek a dekor\u00e1ci\u00f3k is, mik\u00f6zben mindent k\u00f6nnyen el\u00e9rsz. Egy praktikus sziget kis helyen is dupla feladatot l\u00e1t el: haszn\u00e1lhatod el\u0151k\u00e9sz\u00edt\u00e9sre \u00e9s \u00e9tkez\u00e9sre is. F\u00fcgg\u0151 l\u00e1mp\u00e1kkal k\u00fcl\u00f6nleges hat\u00e1st \u00e9rsz el, a b\u00e1rsz\u00e9keket pedig tolt be a pult al\u00e1, hogy szabadon maradjon a padl\u00f3.<\/p>\n<h2>Klasszikus k\u00e9k konyha vid\u00e9ki elemekkel<\/h2>\n<p><img loading=\"lazy\" decoding=\"async\" width=\"700\" height=\"1050\" alt=\"B\u00e1jos konyha vil\u00e1gosk\u00e9k szekr\u00e9nyekkel, r\u00e9z foganty\u00fakkal, parasztmosogat\u00f3val az ablakok alatt \u00e9s kock\u00e1s padl\u00f3val.\" class=\"aligncenter size-full wp-image-9071\" src=\"https:\/\/doubletakedecor.com\/uploads\/2025\/09\/small-kitchen-design-ideas-dtd-11.jpg\" srcset=\"https:\/\/doubletakedecor.com\/uploads\/2025\/09\/small-kitchen-design-ideas-dtd-11.jpg 700w, https:\/\/doubletakedecor.com\/uploads\/2025\/09\/small-kitchen-design-ideas-dtd-11-200x300.jpg 200w, https:\/\/doubletakedecor.com\/uploads\/2025\/09\/small-kitchen-design-ideas-dtd-11-683x1024.jpg 683w\" sizes=\"auto, (max-width: 700px) 100vw, 700px\" \/><\/p>\n<p>Tedd bar\u00e1ts\u00e1goss\u00e1 \u00e9s id\u0151t\u00e1ll\u00f3v\u00e1 a konyh\u00e1dat vil\u00e1gosk\u00e9k b\u00fatorokkal \u00e9s r\u00e9z foganty\u00fakkal! Nyitott polcokra tedd ki a kedvenc ed\u00e9nyeid, \u00edgy t\u00f6bb hely marad a szekr\u00e9nyben. Az egyszer\u0171, de l\u00e1tv\u00e1nyos r\u00e9szletek \u2013 p\u00e9ld\u00e1ul a fekete-feh\u00e9r kock\u00e1s padl\u00f3 \u2013 felfriss\u00edtik a teret, an\u00e9lk\u00fcl hogy zs\u00fafoltan hatna a kis hely.<\/p>\n<h2>K\u00e9t sz\u00edn\u0171 konyhaszekr\u00e9ny \u2013 modern st\u00edlusban<\/h2>\n<p><img loading=\"lazy\" decoding=\"async\" width=\"700\" height=\"1050\" alt=\"Modern konyha s\u00f6t\u00e9tk\u00e9k \u00e9s feh\u00e9r szekr\u00e9nyekkel, r\u00e9z sz\u00edn\u0171 foganty\u00fakkal, nyitott polcokkal \u00e9s kerek fa \u00e9tkez\u0151asztallal, amelyhez minimalista sz\u00e9kek tartoznak.\" class=\"aligncenter size-full wp-image-9077\" src=\"https:\/\/doubletakedecor.com\/uploads\/2025\/09\/small-kitchen-design-ideas-dtd-12.jpg\" srcset=\"https:\/\/doubletakedecor.com\/uploads\/2025\/09\/small-kitchen-design-ideas-dtd-12.jpg 700w, https:\/\/doubletakedecor.com\/uploads\/2025\/09\/small-kitchen-design-ideas-dtd-12-200x300.jpg 200w, https:\/\/doubletakedecor.com\/uploads\/2025\/09\/small-kitchen-design-ideas-dtd-12-683x1024.jpg 683w\" sizes=\"auto, (max-width: 700px) 100vw, 700px\" \/><\/p>\n<p>Ha egy modern \u00e9s praktikus konyh\u00e1t szeretn\u00e9l, kombin\u00e1ld a s\u00f6t\u00e9tk\u00e9k \u00e9s feh\u00e9r szekr\u00e9nyeket r\u00e9z sz\u00edn\u0171 foganty\u00fakkal. Tegy\u00e9l fel nyitott polcokat, ahol mutat\u00f3s t\u00e1lakat, b\u00f6gr\u00e9ket \u00e9s cserepes n\u00f6v\u00e9nyeket helyezhetsz el, \u00edgy bar\u00e1ts\u00e1gosabb lesz a hangulat. A vil\u00e1gos f\u00e9ny \u00e9s kerek fa b\u00fatorok egyens\u00falyoss\u00e1 teszik az \u00e9tkez\u0151t. N\u00e9h\u00e1ny puha p\u00e1rna \u00e9s egy sz\u0151nyeg m\u00e9g k\u00e9nyelmesebb\u00e9 teszi ezt a teret.<\/p>\n<h2>Modern konyhasarok nyitott polcokkal<\/h2>\n<p><img loading=\"lazy\" decoding=\"async\" width=\"700\" height=\"1050\" alt=\"Modern konyhasarok fa polcokkal, fekete szekr\u00e9nyekkel arany foganty\u00fakkal \u00e9s st\u00edlusos d\u00edsz\u00edt\u0151elemekkel, kis helyen.\" class=\"aligncenter size-full wp-image-9083\" src=\"https:\/\/doubletakedecor.com\/uploads\/2025\/09\/small-kitchen-design-ideas-dtd-13.jpg\" srcset=\"https:\/\/doubletakedecor.com\/uploads\/2025\/09\/small-kitchen-design-ideas-dtd-13.jpg 700w, https:\/\/doubletakedecor.com\/uploads\/2025\/09\/small-kitchen-design-ideas-dtd-13-200x300.jpg 200w, https:\/\/doubletakedecor.com\/uploads\/2025\/09\/small-kitchen-design-ideas-dtd-13-683x1024.jpg 683w\" sizes=\"auto, (max-width: 700px) 100vw, 700px\" \/><\/p>\n<p>Hozd ki a legt\u00f6bbet a kis konyh\u00e1db\u00f3l, r\u00f6gz\u00edts lebeg\u0151 fa polcokat fekete f\u00e9m tart\u00f3kkal. Tartsd az alapvet\u0151 \u00e9lelmiszereket \u00e1tl\u00e1tsz\u00f3 \u00fcveged\u00e9nyekben, mert \u00edgy \u00e1tl\u00e1that\u00f3 \u00e9s mutat\u00f3s lesz a t\u00e1rol\u00e1s. A s\u00f6t\u00e9t konyhaszekr\u00e9nyek mell\u00e9 v\u00e1lassz f\u00e9m foganty\u00fakat, hogy eleg\u00e1ns kontrasztot hozz l\u00e9tre. Kev\u00e9s, de j\u00f3l megv\u00e1lasztott cserepes n\u00f6v\u00e9ny \u00e9s egyszer\u0171 dekor\u00e1ci\u00f3 bar\u00e1ts\u00e1goss\u00e1 teszi a helyet an\u00e9lk\u00fcl, hogy zs\u00fafoltnak t\u0171nne.<\/p>\n<h2>Eleg\u00e1ns feh\u00e9r konyha d\u00edsz\u00edt\u0151 r\u00e9szletekkel<\/h2>\n<p><img loading=\"lazy\" decoding=\"async\" width=\"700\" height=\"1050\" alt=\"Modern feh\u00e9r konyha d\u00edszt\u00e1ny\u00e9rokkal, sz\u00fcrke gr\u00e1nit munkalapokkal \u00e9s sz\u00ednes r\u00e9szletekkel, amelyek h\u00edvogat\u00f3 f\u0151z\u0151helyet teremtenek.\" class=\"aligncenter size-full wp-image-9089\" src=\"https:\/\/doubletakedecor.com\/uploads\/2025\/09\/small-kitchen-design-ideas-dtd-14.jpg\" srcset=\"https:\/\/doubletakedecor.com\/uploads\/2025\/09\/small-kitchen-design-ideas-dtd-14.jpg 700w, https:\/\/doubletakedecor.com\/uploads\/2025\/09\/small-kitchen-design-ideas-dtd-14-200x300.jpg 200w, https:\/\/doubletakedecor.com\/uploads\/2025\/09\/small-kitchen-design-ideas-dtd-14-683x1024.jpg 683w\" sizes=\"auto, (max-width: 700px) 100vw, 700px\" \/><\/p>\n<p>Emeld ki a kis konyh\u00e1d st\u00edlus\u00e1t szem\u00e9lyes d\u00edsz\u00edt\u0151elemekkel! Akaszd fel a d\u00edszt\u00e1ny\u00e9rokat a p\u00e1raelsz\u00edv\u00f3 f\u00f6l\u00e9, hogy izgalmasabb legyen az \u00f6sszhat\u00e1s, \u00e9s haszn\u00e1lj \u00fcveged\u00e9nyeket az alap\u00e9lelmiszerek t\u00e1rol\u00e1s\u00e1ra. Egy vid\u00e1m sz\u00edn\u0171, felt\u0171n\u0151 ed\u00e9ny vagy l\u00e1bas megt\u00f6ri a semleges sz\u00ednvil\u00e1got, de m\u00e9gis egys\u00e9ges marad az \u00f6sszk\u00e9p.<\/p>\n<h2>K\u00e9t sz\u00edn\u0171, modern konyha<\/h2>\n<p><img loading=\"lazy\" decoding=\"async\" width=\"700\" height=\"1050\" alt=\"Modern konyha k\u00e9t sz\u00ednben: s\u00f6t\u00e9tz\u00f6ld \u00e9s vil\u00e1gos szekr\u00e9nyek, feh\u00e9r m\u00e1rv\u00e1ny munkalap, st\u00edlusos f\u00fcgg\u0151l\u00e1mp\u00e1k.\" class=\"aligncenter size-full wp-image-9095\" src=\"https:\/\/doubletakedecor.com\/uploads\/2025\/09\/small-kitchen-design-ideas-dtd-15.jpg\" srcset=\"https:\/\/doubletakedecor.com\/uploads\/2025\/09\/small-kitchen-design-ideas-dtd-15.jpg 700w, https:\/\/doubletakedecor.com\/uploads\/2025\/09\/small-kitchen-design-ideas-dtd-15-200x300.jpg 200w, https:\/\/doubletakedecor.com\/uploads\/2025\/09\/small-kitchen-design-ideas-dtd-15-683x1024.jpg 683w\" sizes=\"auto, (max-width: 700px) 100vw, 700px\" \/><\/p>\n<p>V\u00e1laszd el egym\u00e1st\u00f3l a fels\u0151 \u00e9s als\u00f3 szekr\u00e9nyek sz\u00edn\u00e9t, p\u00e9ld\u00e1ul m\u00e9lyz\u00f6ldet p\u00e1ros\u00edts vil\u00e1gossal, hogy \u00e9rdekesebb legyen a kis konyha l\u00e1tv\u00e1nya. Igaz\u00edtsd a foganty\u00fak anyag\u00e1t is sz\u00ednekhez \u2013 z\u00f6ldh\u00f6z r\u00e9z, vil\u00e1goshoz ac\u00e9l mutat j\u00f3l. Cserepes n\u00f6v\u00e9nyekkel \u00e9s egy hossz\u00fafut\u00e1s\u00fa sz\u0151nyeggel term\u00e9szetes, meleg hangulatot teremthetsz. Egy l\u00e1tv\u00e1nyos f\u00fcgg\u0151l\u00e1mpa remek f\u00f3kuszpont lehet, mik\u00f6zben el\u00e9g f\u00e9nyt is ad.<\/p>\n<h2>L\u00e1gy r\u00f3zsasz\u00edn \u00e9s arany konyhadesign<\/h2>\n<p><img loading=\"lazy\" decoding=\"async\" width=\"700\" height=\"1050\" alt=\"Modern konyha feh\u00e9r szekr\u00e9nyekkel, arany sz\u00edn\u0171 foganty\u00fakkal, halv\u00e1ny r\u00f3zsasz\u00edn falakkal, m\u00e1rv\u00e1ny munkalappal \u00e9s hagyom\u00e1nyos mint\u00e1s sz\u0151nyeggel, ami otthonos hangulatot teremt.\" class=\"aligncenter size-full wp-image-9101\" src=\"https:\/\/doubletakedecor.com\/uploads\/2025\/09\/small-kitchen-design-ideas-dtd-16.jpg\" srcset=\"https:\/\/doubletakedecor.com\/uploads\/2025\/09\/small-kitchen-design-ideas-dtd-16.jpg 700w, https:\/\/doubletakedecor.com\/uploads\/2025\/09\/small-kitchen-design-ideas-dtd-16-200x300.jpg 200w, https:\/\/doubletakedecor.com\/uploads\/2025\/09\/small-kitchen-design-ideas-dtd-16-683x1024.jpg 683w\" sizes=\"auto, (max-width: 700px) 100vw, 700px\" \/><\/p>\n<p>L\u00e1gy r\u00f3zsasz\u00edn falakkal \u00e9s feh\u00e9r szekr\u00e9nyekkel, arany foganty\u00fakkal eleg\u00e1ns \u00e9s otthonos hangulatot teremthetsz. A feh\u00e9r metr\u00f3csempe vil\u00e1gos h\u00e1tteret ad a m\u00e1rv\u00e1ny munkalaphoz. Egy hagyom\u00e1nyos mint\u00e1j\u00fa sz\u0151nyeg melegs\u00e9get visz a helyis\u00e9gbe, a cserepes n\u00f6v\u00e9nyek pedig feldobj\u00e1k a modern, de m\u00e9gis klasszikus st\u00edlust.<\/p>\n<h2>Modern vil\u00e1gossz\u00fcrke konyha arany r\u00e9szletekkel<\/h2>\n<p><img loading=\"lazy\" decoding=\"async\" width=\"700\" height=\"1050\" alt=\"Vil\u00e1gossz\u00fcrke konyha arany foganty\u00fakkal, egyszer\u0171 \u00e9tkez\u0151asztal vessz\u0151 t\u00e1ny\u00e9ral\u00e1t\u00e9tekkel \u00e9s friss vir\u00e1gokkal a meleg fa padl\u00f3n.\" class=\"aligncenter size-full wp-image-9107\" src=\"https:\/\/doubletakedecor.com\/uploads\/2025\/09\/small-kitchen-design-ideas-dtd-17.jpg\" srcset=\"https:\/\/doubletakedecor.com\/uploads\/2025\/09\/small-kitchen-design-ideas-dtd-17.jpg 700w, https:\/\/doubletakedecor.com\/uploads\/2025\/09\/small-kitchen-design-ideas-dtd-17-200x300.jpg 200w, https:\/\/doubletakedecor.com\/uploads\/2025\/09\/small-kitchen-design-ideas-dtd-17-683x1024.jpg 683w\" sizes=\"auto, (max-width: 700px) 100vw, 700px\" \/><\/p>\n<p>Vil\u00e1gossz\u00fcrke szekr\u00e9nyekkel \u00e9s eleg\u00e1ns arany foganty\u00fakkal igaz\u00e1n ragyog\u00f3 lesz a kis konyh\u00e1d. Egy apr\u00f3 \u00e9tkez\u0151asztalt term\u00e9szetes anyag\u00fa, fonott al\u00e1t\u00e9tekkel eg\u00e9sz\u00edts ki, \u00e9s tegy\u00e9l r\u00e1 egy csokor friss vir\u00e1got, hogy vid\u00e1mabb legyen a t\u00e9r. Egy semleges sz\u00edn\u0171 sz\u0151nyeg m\u00e9g t\u00f6bb text\u00far\u00e1t ad a helyis\u00e9gnek, \u00edgy st\u00edlusos \u00e9s \u00e9lhet\u0151 lesz a konyh\u00e1d.<\/p>\n<h2>Ol\u00edvaz\u00f6ld konyha sakkt\u00e1bl\u00e1s padl\u00f3val<\/h2>\n<p><img loading=\"lazy\" decoding=\"async\" width=\"700\" height=\"1050\" alt=\"Eleg\u00e1ns konyha ol\u00edvaz\u00f6ld szekr\u00e9nyekkel, r\u00e9z sz\u00edn\u0171 foganty\u00fakkal, fekete p\u00e1raelsz\u00edv\u00f3val \u00e9s l\u00e1tv\u00e1nyos, sakkt\u00e1blaszer\u0171 padl\u00f3val.\" class=\"aligncenter size-full wp-image-9113\" src=\"https:\/\/doubletakedecor.com\/uploads\/2025\/09\/small-kitchen-design-ideas-dtd-18.jpg\" srcset=\"https:\/\/doubletakedecor.com\/uploads\/2025\/09\/small-kitchen-design-ideas-dtd-18.jpg 700w, https:\/\/doubletakedecor.com\/uploads\/2025\/09\/small-kitchen-design-ideas-dtd-18-200x300.jpg 200w, https:\/\/doubletakedecor.com\/uploads\/2025\/09\/small-kitchen-design-ideas-dtd-18-683x1024.jpg 683w\" sizes=\"auto, (max-width: 700px) 100vw, 700px\" \/><\/p>\n<p>Az ol\u00edvaz\u00f6ld szekr\u00e9nyek \u00e9s a r\u00e9z foganty\u00fak sosem mennek ki a divatb\u00f3l, eleg\u00e1ns hangulatot visznek a kis konyh\u00e1dba. A fekete-feh\u00e9r sakkt\u00e1bl\u00e1s padl\u00f3 feldobja a teret, m\u00edg a feh\u00e9r metr\u00f3csempe vil\u00e1gosabb\u00e1 var\u00e1zsolja azt. Munkater\u00fcletet fa v\u00e1g\u00f3deszk\u00e1val \u00e9s \u00e1tl\u00e1that\u00f3, rendezett tart\u00f3kkal tehetsz praktikuss\u00e1 \u00e9s hangulatoss\u00e1 egyszerre.<\/p>\n<h2>Eleg\u00e1ns m\u00e1rv\u00e1ny \u00e9s arany konyha<\/h2>\n<p><img loading=\"lazy\" decoding=\"async\" width=\"700\" height=\"1050\" alt=\"Modern konyha inox t\u0171zhellyel, m\u00e1rv\u00e1ny h\u00e1tfallal, nyitott fa polcokon ki\u00e1ll\u00edtott ker\u00e1miad\u00edszekkel, feh\u00e9r szekr\u00e9nyekkel \u00e9s arany foganty\u00fakkal.\" class=\"aligncenter size-full wp-image-9119\" src=\"https:\/\/doubletakedecor.com\/uploads\/2025\/09\/small-kitchen-design-ideas-dtd-19.jpg\" srcset=\"https:\/\/doubletakedecor.com\/uploads\/2025\/09\/small-kitchen-design-ideas-dtd-19.jpg 700w, https:\/\/doubletakedecor.com\/uploads\/2025\/09\/small-kitchen-design-ideas-dtd-19-200x300.jpg 200w, https:\/\/doubletakedecor.com\/uploads\/2025\/09\/small-kitchen-design-ideas-dtd-19-683x1024.jpg 683w\" sizes=\"auto, (max-width: 700px) 100vw, 700px\" \/><\/p>\n<p>Nyitott fa polcokkal kihaszn\u00e1lhatod a konyha magass\u00e1g\u00e1t, mik\u00f6zben a t\u00e9r t\u00e1gas marad. A feh\u00e9r szekr\u00e9nyekhez arany sz\u00edn\u0171 foganty\u00fakat v\u00e1lassz, hogy luxus\u00e9rzetet teremts an\u00e9lk\u00fcl, hogy zs\u00fafoltt\u00e1 v\u00e1lna a hely. P\u00e1r alapvet\u0151 konyhai eszk\u00f6z \u2013 p\u00e9ld\u00e1ul v\u00e1g\u00f3deszka vagy kis gy\u00fcm\u00f6lcs\u00f6st\u00e1l \u2013 egyszerre praktikus \u00e9s d\u00edsz\u00edt\u0151 elem is lehet.<\/p>\n<h2>Meleg s\u00e1rga szekr\u00e9nyek nyitott polcokkal<\/h2>\n<p><img loading=\"lazy\" decoding=\"async\" width=\"700\" height=\"1050\" alt=\"Meleg s\u00e1rga szekr\u00e9nyek nyitott polcokkal, amelyeken k\u00f6nyvek \u00e9s ker\u00e1mi\u00e1k sorakoznak, rusztikus \u00e9s modern r\u00e9szletek egy vil\u00e1gos, bar\u00e1ts\u00e1gos t\u00e9rben.\" class=\"aligncenter size-full wp-image-9125\" src=\"https:\/\/doubletakedecor.com\/uploads\/2025\/09\/small-kitchen-design-ideas-dtd-20.jpg\" srcset=\"https:\/\/doubletakedecor.com\/uploads\/2025\/09\/small-kitchen-design-ideas-dtd-20.jpg 700w, https:\/\/doubletakedecor.com\/uploads\/2025\/09\/small-kitchen-design-ideas-dtd-20-200x300.jpg 200w, https:\/\/doubletakedecor.com\/uploads\/2025\/09\/small-kitchen-design-ideas-dtd-20-683x1024.jpg 683w\" sizes=\"auto, (max-width: 700px) 100vw, 700px\" \/><\/p>\n<p>Haszn\u00e1ld ki a helyet a szekr\u00e9nyek f\u00f6l\u00f6tti nyitott polcokkal! Mutat\u00f3s k\u00f6nyveket \u00e9s sz\u00ednes ker\u00e1mi\u00e1kat tehetsz ide, hogy egyedi legyen a konyh\u00e1d. A meleg s\u00e1rga szekr\u00e9nyekhez j\u00f3l illenek a cserepes n\u00f6v\u00e9nyek. A k\u00e1v\u00e9f\u0151z\u0151t vagy m\u00e1s gyakran haszn\u00e1lt eszk\u00f6z\u00f6det tartsd k\u00f6nnyen el\u00e9rhet\u0151 helyen. A k\u00fcl\u00f6nb\u00f6z\u0151 fel\u00fcletek \u2013 t\u00e9glafal, fa \u00e9s modern, sima anyagok \u2013 egy\u00fctt izgalmas, otthonos \u00f6sszhat\u00e1st keltenek.<\/p>\n<h2>Modern feh\u00e9r-fekete konyha<\/h2>\n<p><img loading=\"lazy\" decoding=\"async\" width=\"700\" height=\"1050\" alt=\"Modern feh\u00e9r konyha fekete foganty\u00fakkal, mint\u00e1s h\u00e1tfallal, fa munkalappal \u00e9s friss gy\u00fcm\u00f6lcs\u00f6kkel, amelyek melegs\u00e9get adnak a letisztult megjelen\u00e9shez.\" class=\"aligncenter size-full wp-image-9131\" src=\"https:\/\/doubletakedecor.com\/uploads\/2025\/09\/small-kitchen-design-ideas-dtd-21.jpg\" srcset=\"https:\/\/doubletakedecor.com\/uploads\/2025\/09\/small-kitchen-design-ideas-dtd-21.jpg 700w, https:\/\/doubletakedecor.com\/uploads\/2025\/09\/small-kitchen-design-ideas-dtd-21-200x300.jpg 200w, https:\/\/doubletakedecor.com\/uploads\/2025\/09\/small-kitchen-design-ideas-dtd-21-683x1024.jpg 683w\" sizes=\"auto, (max-width: 700px) 100vw, 700px\" \/><\/p>\n<p>J\u00e1tssz az ellent\u00e9tekkel: feh\u00e9r szekr\u00e9nyekhez fekete foganty\u00fakat v\u00e1lassz, \u00edgy modern lesz a konyh\u00e1d. Mint\u00e1s h\u00e1tfal teszi izgalmasabb\u00e1 az \u00f6sszk\u00e9pet, m\u00e9gis tiszta marad az \u00f6sszhat\u00e1s. A fa elemek melegs\u00e9get visznek a monokr\u00f3m t\u00e9rbe. Ha friss gy\u00fcm\u00f6lcs\u00f6ket is teszel ki dekor\u00e1ci\u00f3k\u00e9nt, egyszerre lesz sz\u00ednes \u00e9s praktikus a konyh\u00e1d.<\/p>\n<h2>K\u00e9k-feh\u00e9r k\u00e9tsz\u00edn\u0171 konyha<\/h2>\n<p><img loading=\"lazy\" decoding=\"async\" width=\"700\" height=\"1050\" alt=\"Eleg\u00e1ns konyha feh\u00e9r fels\u0151 \u00e9s tenger\u00e9szk\u00e9k als\u00f3 szekr\u00e9nyekkel, farmh\u00e1z st\u00edlus\u00fa mosogat\u00f3val, mint\u00e1s padl\u00f3lapokkal \u00e9s metr\u00f3csempe h\u00e1tfallal.\" class=\"aligncenter size-full wp-image-9137\" src=\"https:\/\/doubletakedecor.com\/uploads\/2025\/09\/small-kitchen-design-ideas-dtd-22.jpg\" srcset=\"https:\/\/doubletakedecor.com\/uploads\/2025\/09\/small-kitchen-design-ideas-dtd-22.jpg 700w, https:\/\/doubletakedecor.com\/uploads\/2025\/09\/small-kitchen-design-ideas-dtd-22-200x300.jpg 200w, https:\/\/doubletakedecor.com\/uploads\/2025\/09\/small-kitchen-design-ideas-dtd-22-683x1024.jpg 683w\" sizes=\"auto, (max-width: 700px) 100vw, 700px\" \/><\/p>\n<p>T\u00f6rd meg a konyh\u00e1d egyhang\u00fas\u00e1g\u00e1t: kombin\u00e1ld a feh\u00e9r fels\u0151 szekr\u00e9nyeket s\u00f6t\u00e9tk\u00e9k als\u00f3kkal, \u00edgy t\u00e1gasabbnak \u00e9s mozgalmasabbnak t\u0171nik a hely. Az arany sz\u00edn\u0171 foganty\u00fak eleganci\u00e1t k\u00f6lcs\u00f6n\u00f6znek, a mint\u00e1s padl\u00f3 pedig r\u00f6gt\u00f6n odavonzza a tekintetet. A fels\u0151 szekr\u00e9nyek helyett n\u00e9h\u00e1ny nyitott polc m\u00e9g szell\u0151sebb\u00e9 teszi a teret.<\/p>\n<h2>Modern z\u00f6ld konyhaszekr\u00e9nyek<\/h2>\n<p><img loading=\"lazy\" decoding=\"async\" width=\"700\" height=\"1050\" alt=\"Modern konyha halv\u00e1nyz\u00f6ld szekr\u00e9nyekkel, fekete g\u00e9pekkel, m\u00e1rv\u00e1ny munkalappal \u00e9s fa r\u00e9szletekkel, elegancia kis t\u00e9rben.\" class=\"aligncenter size-full wp-image-9143\" src=\"https:\/\/doubletakedecor.com\/uploads\/2025\/09\/small-kitchen-design-ideas-dtd-23.jpg\" srcset=\"https:\/\/doubletakedecor.com\/uploads\/2025\/09\/small-kitchen-design-ideas-dtd-23.jpg 700w, https:\/\/doubletakedecor.com\/uploads\/2025\/09\/small-kitchen-design-ideas-dtd-23-200x300.jpg 200w, https:\/\/doubletakedecor.com\/uploads\/2025\/09\/small-kitchen-design-ideas-dtd-23-683x1024.jpg 683w\" sizes=\"auto, (max-width: 700px) 100vw, 700px\" \/><\/p>\n<p>Kombin\u00e1ld a halv\u00e1nyz\u00f6ld szekr\u00e9nyeket letisztult fekete g\u00e9pekkel, hogy izgalmas legyen a sz\u00ednvil\u00e1g. Feh\u00e9r m\u00e1rv\u00e1ny munkalap vil\u00e1gos\u00edtja a helyet \u00e9s praktikus is egyben. N\u00e9h\u00e1ny fa kieg\u00e9sz\u00edt\u0151 \u00e9s egy t\u00e1lka sz\u00ednes gy\u00fcm\u00f6lcs vid\u00e1mm\u00e1 \u00e9s bar\u00e1ts\u00e1goss\u00e1 teszik a helyis\u00e9get.<\/p>\n<h2>\u00cdves sziget d\u00edsz\u00edtett fel\u00fclettel<\/h2>\n<p><img loading=\"lazy\" decoding=\"async\" width=\"700\" height=\"1050\" alt=\"Modern feh\u00e9r konyha, amelyben \u00edves sziget van d\u00edsz\u00edtett fel\u00fclettel, arany foganty\u00fakkal \u00e9s letisztult f\u00fcgg\u0151l\u00e1mp\u00e1kkal, vil\u00e1gos, kifinomult t\u00e9rben.\" class=\"aligncenter size-full wp-image-9149\" src=\"https:\/\/doubletakedecor.com\/uploads\/2025\/09\/small-kitchen-design-ideas-dtd-24.jpg\" srcset=\"https:\/\/doubletakedecor.com\/uploads\/2025\/09\/small-kitchen-design-ideas-dtd-24.jpg 700w, https:\/\/doubletakedecor.com\/uploads\/2025\/09\/small-kitchen-design-ideas-dtd-24-200x300.jpg 200w, https:\/\/doubletakedecor.com\/uploads\/2025\/09\/small-kitchen-design-ideas-dtd-24-683x1024.jpg 683w\" sizes=\"auto, (max-width: 700px) 100vw, 700px\" \/><\/p>\n<p>Adj \u00e9p\u00edt\u00e9szeti \u00e9rdekess\u00e9get kis konyh\u00e1dnak: v\u00e1lassz \u00edves, d\u00edsz\u00edtett fel\u00fclet\u0171 szigetet! A feh\u00e9r szekr\u00e9nyeken finom arany foganty\u00fak eleganci\u00e1t adnak an\u00e9lk\u00fcl, hogy elnehez\u00edten\u00e9k a teret. Nyitott f\u00fcgg\u0151l\u00e1mp\u00e1k \u00e9s egy egyszer\u0171, lebeg\u0151 polc is el\u00e9g, hogy k\u00f6nnyed \u00e9s vil\u00e1gos maradjon a konyha.<\/p>\n<h2>K\u00e9k-feh\u00e9r konyha mint\u00e1s h\u00e1tfallal<\/h2>\n<p><img loading=\"lazy\" decoding=\"async\" width=\"700\" height=\"1050\" alt=\"Vil\u00e1gos feh\u00e9r konyha k\u00e9k mint\u00e1s h\u00e1tfallal, m\u00e1rv\u00e1ny munkalappal, l\u00f3g\u00f3 l\u00e1mpatesttel \u00e9s hagyom\u00e1nyos ter\u00fcletsz\u0151nyeggel.\" class=\"aligncenter size-full wp-image-9155\" src=\"https:\/\/doubletakedecor.com\/uploads\/2025\/09\/small-kitchen-design-ideas-dtd-25.jpg\" srcset=\"https:\/\/doubletakedecor.com\/uploads\/2025\/09\/small-kitchen-design-ideas-dtd-25.jpg 700w, https:\/\/doubletakedecor.com\/uploads\/2025\/09\/small-kitchen-design-ideas-dtd-25-200x300.jpg 200w, https:\/\/doubletakedecor.com\/uploads\/2025\/09\/small-kitchen-design-ideas-dtd-25-683x1024.jpg 683w\" sizes=\"auto, (max-width: 700px) 100vw, 700px\" \/><\/p>\n<p>Egy k\u00e9k mint\u00e1s h\u00e1tfal izgalmas kontrasztot teremt a feh\u00e9r szekr\u00e9nyekhez k\u00e9pest. K\u00f6nnyedd\u00e9 var\u00e1zsolhatod a teret vil\u00e1gos m\u00e1rv\u00e1ny munkalappal \u00e9s n\u00e9h\u00e1ny gondosan kiv\u00e1lasztott z\u00f6ld n\u00f6v\u00e9nnyel. Egy hagyom\u00e1nyos mint\u00e1j\u00fa sz\u0151nyeg a padl\u00f3n melegs\u00e9get visz a konyh\u00e1ba, an\u00e9lk\u00fcl hogy t\u00falzs\u00fafoln\u00e1 a kis helyis\u00e9get.<\/p>\n<h2>Nyitott polcok ker\u00e1miat\u00e1rggyal<\/h2>\n<p><img loading=\"lazy\" decoding=\"async\" width=\"700\" height=\"1050\" alt=\"Feh\u00e9r, nyitott polcok k\u00e9k-feh\u00e9r ker\u00e1mi\u00e1kkal, farmh\u00e1z mosogat\u00f3val, s\u00f6t\u00e9t munkalappal \u00e9s sok term\u00e9szetes f\u00e9nyben \u00fasz\u00f3, bar\u00e1ts\u00e1gos konyh\u00e1val.\" class=\"aligncenter size-full wp-image-9161\" src=\"https:\/\/doubletakedecor.com\/uploads\/2025\/09\/small-kitchen-design-ideas-dtd-26.jpg\" srcset=\"https:\/\/doubletakedecor.com\/uploads\/2025\/09\/small-kitchen-design-ideas-dtd-26.jpg 700w, https:\/\/doubletakedecor.com\/uploads\/2025\/09\/small-kitchen-design-ideas-dtd-26-200x300.jpg 200w, https:\/\/doubletakedecor.com\/uploads\/2025\/09\/small-kitchen-design-ideas-dtd-26-683x1024.jpg 683w\" sizes=\"auto, (max-width: 700px) 100vw, 700px\" \/><\/p>\n<p>Nyitott polcok seg\u00edts\u00e9g\u00e9vel a konyh\u00e1d egyszerre lesz praktikus \u00e9s dekorat\u00edv. Helyezz el k\u00e9k-feh\u00e9r ker\u00e1mi\u00e1kat l\u00e1tv\u00e1nyosan, haszn\u00e1lj f\u00e9mkosarakat, hogy \u00e1tl\u00e1that\u00f3 legyen a rend. Ha az ablakhoz k\u00f6zel ker\u00fclnek a polcok, a term\u00e9szetes f\u00e9ny m\u00e9g t\u00e1gasabbnak l\u00e1ttatja a teret. Egy-k\u00e9t cserepes n\u00f6v\u00e9ny vagy n\u00e9h\u00e1ny citrusf\u00e9le \u00e9l\u00e9nk sz\u00ednt visz a semleges h\u00e1tt\u00e9rbe.<\/p>\n<h2>Kontrasztos szekr\u00e9nyek nyitott polcokkal<\/h2>\n<p><img loading=\"lazy\" decoding=\"async\" width=\"700\" height=\"1050\" alt=\"Modern konyha s\u00f6t\u00e9tfa als\u00f3 szekr\u00e9nyekkel, arany foganty\u00fakkal, nyitott polcokkal \u00e9s \u00fcvegajt\u00f3s vitrinnel, amelyet term\u00e9szetes f\u00e9ny vil\u00e1g\u00edt meg.\" class=\"aligncenter size-full wp-image-9167\" src=\"https:\/\/doubletakedecor.com\/uploads\/2025\/09\/small-kitchen-design-ideas-dtd-27.jpg\" srcset=\"https:\/\/doubletakedecor.com\/uploads\/2025\/09\/small-kitchen-design-ideas-dtd-27.jpg 700w, https:\/\/doubletakedecor.com\/uploads\/2025\/09\/small-kitchen-design-ideas-dtd-27-200x300.jpg 200w, https:\/\/doubletakedecor.com\/uploads\/2025\/09\/small-kitchen-design-ideas-dtd-27-683x1024.jpg 683w\" sizes=\"auto, (max-width: 700px) 100vw, 700px\" \/><\/p>\n<p>Alak\u00edts ki m\u00e9lys\u00e9get a t\u00e9rben: kombin\u00e1ld a s\u00f6t\u00e9tfa als\u00f3 szekr\u00e9nyeket a vil\u00e1gos, nyitott polcokkal. Az arany foganty\u00fak \u00e9s r\u00e9z sz\u00edn\u0171 r\u00e9szletek melegebb\u00e9, eleg\u00e1nsabb\u00e1 teszik a konyh\u00e1t. Az \u00fcvegajt\u00f3s fels\u0151 szekr\u00e9nyekben mutat\u00f3san helyezheted el a kedvenc \u00e9tk\u00e9szleteidet. Engedd be a min\u00e9l t\u00f6bb term\u00e9szetes f\u00e9nyt, hogy a kontrasztok m\u00e9g jobban \u00e9rv\u00e9nyes\u00fcljenek a kis konyh\u00e1dban.<\/p>\n<h2>GYIK<\/h2>\n<details class=\"g-accordion \"><summary><h3>Mik a legjobb \u00f6tletek egy kis konyha dekor\u00e1l\u00e1s\u00e1hoz?<\/h3><\/summary>\n<p>Ha kis konyh\u00e1t szeretn\u00e9l berendezni, a l\u00e9nyeg, hogy <strong>vil\u00e1gos, t\u00e1gas \u00e9s rendezett<\/strong> legyen a helyis\u00e9g. Kezdd azzal, hogy <strong>vil\u00e1gos sz\u00edneket<\/strong> v\u00e1lasztasz \u2013 feh\u00e9r, halv\u00e1nysz\u00fcrke vagy l\u00e1gy k\u00e9k \u2013 a falakra, szekr\u00e9nyekre \u00e9s a h\u00e1tfalra is. Ezek a sz\u00ednek sz\u00e9pen visszaverik a term\u00e9szetes f\u00e9nyt, \u00edgy nagyobbnak l\u00e1ttatj\u00e1k a konyh\u00e1t.<\/p>\n<p><strong>Nyitott polcokkal<\/strong> egyszer\u0171en n\u00f6velheted a t\u00e1rol\u00f3helyet \u00e9s t\u00e1gasabb\u00e1 teheted a teret. A pult f\u00f6l\u00f6tti lebeg\u0151polcokra teheted a t\u00e1ny\u00e9rokat vagy a poharakat \u2013 \u00edgy minden k\u00e9zn\u00e9l lesz, \u00e9s nem lesz zs\u00fafolt a konyha. \u00c9rdemes t\u00f6bbf\u00e9le szerepet bet\u00f6lt\u0151 b\u00fatorokban gondolkodni; p\u00e9ld\u00e1ul egy konyhasziget lehet munkafel\u00fclet \u00e9s \u00e9tkez\u0151asztal is egyszerre. V\u00e1lassz <strong>kicsi, kompakt h\u00e1ztart\u00e1si eszk\u00f6z\u00f6ket<\/strong> \u2013 mint egy keskeny h\u0171t\u0151 vagy kisebb mosogat\u00f3g\u00e9p \u2013, \u00edgy helyet takar\u00edthatsz meg, m\u00e9gis minden funkci\u00f3 megmarad. A be\u00e9p\u00edtett boros\u00e1llv\u00e1nyok \u00e9s m\u00e1s praktikus r\u00e9szletek pedig nemcsak a t\u00e1rol\u00e1st seg\u00edtik, hanem <strong>eleg\u00e1nsabb\u00e1 is teszik<\/strong> a konyh\u00e1t.<\/p>\n<ul>\n<li>tegy\u00e9l f\u0171szern\u00f6v\u00e9nyeket az ablakp\u00e1rk\u00e1nyra vagy akaszd \u0151ket cser\u00e9pben falra \u2013 \u00edgy mindig lesz friss z\u00f6ld a konyh\u00e1ban,<\/li>\n<li>mutass be n\u00e9h\u00e1ny sz\u00e9p k\u00e9pet vagy diz\u00e1jnos v\u00e1g\u00f3deszk\u00e1t, hogy vid\u00e1mabb legyen a hely,<\/li>\n<li>engedj be min\u00e9l t\u00f6bb term\u00e9szetes f\u00e9nyt tet\u0151ablakon, nagy ablakokon vagy \u00fcvegajt\u00f3kon kereszt\u00fcl,<\/li>\n<li>v\u00e1lassz j\u00f3 megvil\u00e1g\u00edt\u00e1st \u2013 p\u00e9ld\u00e1ul f\u00fcgg\u0151l\u00e1mp\u00e1kat vagy pult alatti LED-eket,<\/li>\n<li>egy sz\u00ednes vagy mint\u00e1s h\u00e1tfal l\u00e1tv\u00e1nyosan feldobja a konyh\u00e1t.<\/li>\n<\/ul>\n<p><strong>Haszn\u00e1ld ki a f\u00fcgg\u0151leges helyeket is!<\/strong> Magas szekr\u00e9nyek, falra szerelt k\u00e9sr\u00e1cs vagy akaszt\u00f3s s\u00edn az ev\u0151eszk\u00f6z\u00f6knek \u2013 \u00edgy minden centi hasznosul. Ha szeretn\u00e9l rendet, rejtett t\u00e1rol\u00f3t \u2013 p\u00e9ld\u00e1ul kih\u00fazhat\u00f3 polcokat vagy g\u00e9pparkol\u00f3t \u2013 is alkalmazhatsz, hogy a konyhai eszk\u00f6z\u00f6k ne legyenek szem el\u0151tt.<\/p>\n<p>Ha otthonos \u00e9tkez\u0151sarkot \u00e1lmodsz, egy be\u00e9p\u00edtett pad vagy egy kicsi, kerek asztal a sarokban t\u00f6k\u00e9letes v\u00e1laszt\u00e1s. Egy gurul\u00f3s kocsival b\u0151v\u00edtheted a munkafel\u00fcletet, amikor sz\u00fcks\u00e9ges, k\u00e9s\u0151bb pedig egyszer\u0171en elrejtheted.<\/p>\n<ul>\n<li>leter\u00edthetsz egy mint\u00e1s sz\u0151nyeget, hogy mozgalmasabb legyen a t\u00e9r,<\/li>\n<li>haszn\u00e1lj fonott kosarakat extra t\u00e1rol\u00f3k\u00e9nt \u2013 ezek melegs\u00e9get is visznek a konyh\u00e1ba,<\/li>\n<li>v\u00e1lassz mer\u00e9sz tap\u00e9t\u00e1t egy kiemelt falra, s\u0151t ak\u00e1r a plafonra is, hogy l\u00e1tv\u00e1nyos legyen,<\/li>\n<li>helyezz el st\u00edlusos t\u00e1lc\u00e1kat, hogy \u00f6sszefogd a dekor\u00e1ci\u00f3t,<\/li>\n<li>egy-k\u00e9t \u00e9l\u00e9nk sz\u00edn\u0171 kieg\u00e9sz\u00edt\u0151 igaz\u00e1n feldobja a hangulatot.<\/li>\n<\/ul>\n<p><strong>Ne feledd a praktikuss\u00e1got sem!<\/strong> Egy kis el\u0151szobai kamra, \u00f6tletes f\u0171szertart\u00f3k vagy osztott falak az eszk\u00f6z\u00f6knek nap mint nap megk\u00f6nny\u00edtik a dolgodat. Ha b\u00e9relhet\u0151 lak\u00e1sban \u00e9lsz, vagy kev\u00e9s p\u00e9nzb\u0151l dolgozol, a levehet\u0151 tap\u00e9ta \u00e9s a haszn\u00e1lt leletek <strong>j\u00f3, k\u00f6lts\u00e9gk\u00edm\u00e9l\u0151 m\u00f3dot jelentenek, hogy felfriss\u00edtsd a konyh\u00e1d<\/strong>, an\u00e9lk\u00fcl hogy \u00e1talak\u00edt\u00e1sba kezden\u00e9l. Egy kis konyha is lehet <strong>gy\u00f6ny\u00f6r\u0171 \u00e9s j\u00f3l m\u0171k\u00f6d\u0151<\/strong>, ha \u00fcgyesen egyens\u00falyozol a praktikum \u00e9s a diz\u00e1jn k\u00f6z\u00f6tt.<\/p>\n<\/details><details class=\"g-accordion \"><summary><h3>Hogyan lehet egy kis konyh\u00e1t nagyobbnak l\u00e1ttatni?<\/h3><\/summary>\n<p>Ha szeretn\u00e9d, hogy a kis konyh\u00e1d t\u00e1gasabbnak hasson, els\u0151k\u00e9nt v\u00e1lassz <strong>vil\u00e1gos sz\u00edneket a falakra \u00e9s a szekr\u00e9nyekre<\/strong>. Az olyan \u00e1rnyalatok, mint a <strong>feh\u00e9r, vil\u00e1gossz\u00fcrke vagy finom pasztellek<\/strong> visszaverik a f\u00e9nyt \u00e9s szinte azonnal kinyitj\u00e1k a teret. <strong>M\u00e1r ez az egy v\u00e1ltoztat\u00e1s is optikailag sokkal nagyobb\u00e1 teheti a konyh\u00e1t.<\/strong>\n<\/p>\n<p>\nA t\u00fckr\u00f6s fel\u00fcletek \u2013 p\u00e9ld\u00e1ul egy <strong>h\u00e1tfal vagy egy j\u00f3l elhelyezett fali t\u00fck\u00f6r<\/strong> \u2013 megsokszorozz\u00e1k a vil\u00e1goss\u00e1got, \u00e9s m\u00e9lyebbnek l\u00e1ttatj\u00e1k a szob\u00e1t. <strong>Ezek az apr\u00f3 tr\u00fckk\u00f6k sokat sz\u00e1m\u00edtanak.<\/strong>\n<\/p>\n<p>\nA fels\u0151 szekr\u00e9nyek helyett pr\u00f3b\u00e1lj <strong>nyitott vagy lebeg\u0151 polcokat<\/strong> felszerelni \u2013 \u00edgy felfel\u00e9 ir\u00e1nyul a tekintet, \u00e9s magasabbnak t\u0171nik a plafon is. Ha t\u00e1rol\u00e1sr\u00f3l van sz\u00f3, <strong>padl\u00f3t\u00f3l plafonig \u00e9r\u0151 szekr\u00e9nyek<\/strong> kihaszn\u00e1lj\u00e1k a magass\u00e1got an\u00e9lk\u00fcl, hogy sz\u0171k\u00edten\u00e9k a teret. Min\u00e9l t\u00f6bb f\u00e9nyt engedsz be <strong>nagy ablakokkal, tet\u0151ablakkal<\/strong> vagy <strong>pult alatti vil\u00e1g\u00edt\u00e1ssal<\/strong>, ann\u00e1l vil\u00e1gosabb \u00e9s h\u00edvogat\u00f3bb lesz a konyha.\n<\/p>\n<p>\nAz \u00e1tl\u00e1that\u00f3 elrendez\u00e9shez maradj <strong>kompakt, praktikus b\u00fatorokn\u00e1l<\/strong> \u2013 p\u00e9ld\u00e1ul egy v\u00e9kony konyhasziget vagy egy gurul\u00f3s konyhakocsi is sokat seg\u00edt. <strong>Ne zs\u00fafold tele a pultot!<\/strong> Fali akaszt\u00f3k, m\u00e1gneses cs\u00edkok vagy t\u00e1rol\u00f3s\u00ednek j\u00f3l rendszerezik az ev\u0151eszk\u00f6z\u00f6ket \u00e9s f\u0171szereket is. \u00cdgy k\u00f6nnyebb rendet tartani \u00e9s elker\u00fclni a k\u00e1oszt.\n<\/p>\n<p>\nA f\u00e9nyes fel\u00fcletek \u2013 <strong>\u00fcvegcsempe, pol\u00edrozott k\u0151 vagy rozsdamentes ac\u00e9l<\/strong> \u2013 sok f\u00e9nyt visszavernek, ez\u00e9rt j\u00f3 v\u00e1laszt\u00e1s a h\u00e1tfalra vagy a pultra. <strong>Vil\u00e1gosabb\u00e1 \u00e9s t\u00e1gasabb\u00e1 teszik a konyh\u00e1t.<\/strong> Ha sz\u00ednt vinn\u00e9l be, v\u00e1lassz mint\u00e1s h\u00e1tfalat vagy puha, pasztellsz\u00edn\u0171 sz\u0151nyeget \u2013 ett\u0151l egyedi \u00e9s mozgalmas lesz, m\u00e9gsem lesz zs\u00fafolt. Ha lehets\u00e9ges, t\u00e1vol\u00edtsd el a nagy, s\u00f6t\u00e9t rol\u00f3kat vagy a fels\u0151 szekr\u00e9nyajt\u00f3kat, \u00edgy szabadon \u00e1t lehet l\u00e1tni az eg\u00e9sz helyis\u00e9gen.\n<\/p>\n<p>\nAmennyiben lehet\u0151s\u00e9g van r\u00e1, <strong>nyisd meg kicsit jobban a teret<\/strong> \u2013 p\u00e9ld\u00e1ul egy falr\u00e9szr\u0151l vedd le a fels\u0151 szekr\u00e9nyeket, vagy k\u00e9sz\u00edts \u00e1tj\u00e1r\u00f3t az \u00e9tkez\u0151 fel\u00e9. <strong>\u00c1tl\u00e1tsz\u00f3 polcokkal vagy hossz\u00e1ban rakott csemp\u00e9vel \u2013 f\u0151leg hossz\u00fak\u00e1s (gal\u00e9ria) konyh\u00e1ban \u2013 m\u00e9lyebbnek t\u0171nik a szoba.<\/strong>\n<\/p>\n<p>\nAz ablakokra v\u00e1lassz <strong>\u00e1ttetsz\u0151, v\u00e9kony anyagot<\/strong> vagy ne tegy\u00e9l r\u00e1 semmit, ha ez nem zavarja a priv\u00e1t szf\u00e9r\u00e1dat. Tartsd a kisebb t\u00e1rgyakat <strong>d\u00edszes t\u00e1lc\u00e1kban vagy kosarakban<\/strong> \u2013 \u00edgy pillanatok alatt rendet tudsz tenni. <strong>Ez\u00e1ltal mindent letisztultnak \u00e9s szell\u0151snek \u00e9rzel majd.<\/strong> Ha pedig <strong>ugyanolyan anyagokat, sz\u00edneket \u00e9s mint\u00e1kat<\/strong> haszn\u00e1lsz mindenhol, a szem k\u00f6nnyebben v\u00e9gigfut a helyis\u00e9gen, \u00edgy m\u00e9g t\u00e1gasabbnak l\u00e1tszik majd a konyha.\n<\/p>\n<ul>\n<li>nagy fel\u00fcletekre vil\u00e1gos \u00e1rnyalatokat v\u00e1lassz,<\/li>\n<li>haszn\u00e1lj t\u00fckr\u00f6ket vagy t\u00fckr\u00f6s h\u00e1tfalat,<\/li>\n<li>alkalmazz nyitott polcokat \u00e9s f\u00fcgg\u0151leges t\u00e1rol\u00f3kat,<\/li>\n<li>helyezz el padl\u00f3t\u00f3l plafonig szekr\u00e9nyeket, cs\u00f6kkentsd a robosztus fels\u0151 szekr\u00e9nyeket,<\/li>\n<li>vil\u00e1g\u00edtsd be a s\u00f6t\u00e9t sarkokat term\u00e9szetes \u00e9s pult alatti l\u00e1mp\u00e1kkal,<\/li>\n<li>tartsd tiszt\u00e1n a pultot, haszn\u00e1lj min\u00e9l t\u00f6bb fali, akaszt\u00f3s t\u00e1rol\u00f3t,<\/li>\n<li>f\u00e9nyes fel\u00fcletekkel dolgozz, \u00e9s ink\u00e1bb minimalista ablakd\u00edsz\u00edt\u00e9st v\u00e1lassz.<\/li>\n<\/ul>\n<\/details><details class=\"g-accordion \"><summary><h3>Milyen tr\u00fckk\u00f6kkel lehet j\u00f3l kihaszn\u00e1lni a helyet egy kis konyh\u00e1ban?<\/h3><\/summary>\n<p>Egy kis konyh\u00e1b\u00f3l is kihozhatod a legt\u00f6bbet, ha <strong>okosan berendezed \u00e9s rendezetten tartod<\/strong>. N\u00e9h\u00e1ny j\u00f3l \u00e1tgondolt megold\u00e1ssal m\u00e9g a legsz\u0171kebb t\u00e9r is t\u00e1gasabb \u00e9s haszn\u00e1lhat\u00f3bb lehet. Sokszor pont az <strong>egyszer\u0171bb \u00f6tletek m\u0171k\u00f6dnek a legjobban<\/strong>.<\/p>\n<ul>\n<li>Kih\u00fazhat\u00f3 szekr\u00e9nyek \u00e9s m\u00e9ly fi\u00f3kok beszerel\u00e9s\u00e9vel mindenhez k\u00e9nyelmesen hozz\u00e1f\u00e9rsz, ellent\u00e9tben a hagyom\u00e1nyos szekr\u00e9nyekkel,<\/li>\n<li>egy kih\u00fazhat\u00f3 f\u0171szertart\u00f3, rejtett szemetes vagy magas kamrat\u00e1rol\u00f3 minden zugot kihaszn\u00e1l,<\/li>\n<li>ezekkel a megold\u00e1sokkal ott kapsz extra helyet, ahol a legnagyobb sz\u00fcks\u00e9g van r\u00e1, an\u00e9lk\u00fcl, hogy zs\u00fafolt lenne a konyha.<\/li>\n<\/ul>\n<ul>\n<li>A plafonig tart\u00f3 szekr\u00e9nyek, lebeg\u0151 polcok vagy falra szerelhet\u0151 tart\u00f3k az \u00fcres falakat is hasznoss\u00e1 teszik,<\/li>\n<li>U-alak\u00fa vagy keskeny, gal\u00e9ri\u00e1s konyh\u00e1kban p\u00e9ld\u00e1ul egy sarokmosogat\u00f3 vagy \u00fagynevezett \u201clusta Susan\u201d polc igaz\u00e1n j\u00f3l kihaszn\u00e1lja a sarkokat is,<\/li>\n<li>ha a fels\u0151 falr\u00e9szeket is be\u00e9p\u00edted, t\u00e9nyleg nem v\u00e9sz k\u00e1rba egyetlen centi sem.<\/li>\n<\/ul>\n<ul>\n<li>Kisebb, be\u00e9p\u00edtett g\u00e9pek \u2013 p\u00e9ld\u00e1ul kism\u00e9ret\u0171 mosogat\u00f3g\u00e9p, pult al\u00e1 ill\u0151 mikr\u00f3 vagy lapos h\u0171t\u0151szekr\u00e9ny \u2013 nem foglalnak sok helyet, m\u00e9gis minden megvan,<\/li>\n<li>az integr\u00e1lt g\u00e9pek \u2013 p\u00e9ld\u00e1ul a pult alatti p\u00e1raelsz\u00edv\u00f3 vagy a konyhaszekr\u00e9nybe simul\u00f3 h\u0171t\u0151 \u2013 \u00e1tl\u00e1that\u00f3bb\u00e1, rendezettebb\u00e9 teszik a teret,<\/li>\n<li><strong>ezekkel az okos v\u00e1laszt\u00e1sokkal a konyha t\u00e1gasnak hat \u00e9s nincs benne felesleges zs\u00fafolts\u00e1g<\/strong>.<\/li>\n<\/ul>\n<ul>\n<li>Fi\u00f3k elv\u00e1laszt\u00f3k szuper\u00fcl rendszerezik az ev\u0151eszk\u00f6z\u00f6ket,<\/li>\n<li>apr\u00f3 g\u00e9pek g\u00e9pparkol\u00f3ban rejtve maradnak, m\u00e9gis k\u00f6nnyen el\u0151vehet\u0151k,<\/li>\n<li>fali tart\u00f3k, m\u00e1gneses k\u00e9start\u00f3k vagy akaszt\u00f3s s\u00ednek helyet szabad\u00edtanak fel a pulton,<\/li>\n<li>az ilyen szervez\u0151kkel minden szekr\u00e9ny \u00e9s fi\u00f3k okosabban kihaszn\u00e1lhat\u00f3,<\/li>\n<li><strong>a sz\u00fcks\u00e9ges dolgok mindig k\u00e9zn\u00e9l lesznek, m\u00e9gsem foglalnak el \u00e9rt\u00e9kes munkafel\u00fcletet<\/strong>.<\/li>\n<\/ul>\n<ul>\n<li>Kihajthat\u00f3 polcok \u00e9s gurul\u00f3s konyhaszigetek extra el\u0151k\u00e9sz\u00edt\u0151 helyet adnak, amikor t\u00e9nyleg kell,<\/li>\n<li>t\u00f6bbszintes rendszerez\u0151k \u00e9s szekr\u00e9ny alatti akaszt\u00f3k seg\u00edtenek a mindennapi holmik t\u00e1rol\u00e1s\u00e1ban,<\/li>\n<li>olyan mozgathat\u00f3 b\u00fatorok, mint egy kis gurul\u00f3s asztal vagy b\u00e1rsz\u00e9kek, rugalmasabb\u00e1 teszik a konyh\u00e1t, k\u00f6nnyed\u00e9n f\u00e9lretehet\u0151ek,<\/li>\n<li>ez a sokoldal\u00fas\u00e1g seg\u00edt, hogy a konyha mindig aktu\u00e1lis ig\u00e9nyeidhez igazodjon,<\/li>\n<li><strong>az ilyen praktikus megold\u00e1sokkal igazi, rendezett, j\u00f3l haszn\u00e1lhat\u00f3 konyh\u00e1t kapsz, tele hellyel<\/strong>.<\/li>\n<\/ul>\n<ul>\n<li>Fali kosarak, egym\u00e1sra rakhat\u00f3 dobozok \u00e9s t\u00e1ny\u00e9rtart\u00f3k felfel\u00e9 is b\u0151v\u00edtik a t\u00e1rol\u00e1st,<\/li>\n<li>mozgathat\u00f3 vagy f\u00e9lretehet\u0151 b\u00fatorokkal m\u00e9g t\u00f6bb alkalmazkod\u00e1si lehet\u0151s\u00e9ged lesz,<\/li>\n<li>vil\u00e1gos, f\u00e9nyvisszaver\u0151 fel\u00fcletekkel optikailag t\u00e1gasabb a t\u00e9r,<\/li>\n<li>\u00e9l\u00e9nk sz\u00ednek vagy sz\u00ednkontrasztok k\u00fcl\u00f6nlegess\u00e9 teszik a konyh\u00e1t \u00e9s seg\u00edtenek az \u00e1tl\u00e1that\u00f3s\u00e1gban is,<\/li>\n<li><strong>ha ezeket a strat\u00e9gi\u00e1kat kombin\u00e1lod \u2013 f\u0151leg hossz\u00fak\u00e1s vagy L-alak\u00fa konyh\u00e1ban \u2013, akkor a kis konyh\u00e1d is t\u00e1gas, rendezett \u00e9s igaz\u00e1n bar\u00e1ts\u00e1gos lesz<\/strong>.<\/li>\n<\/ul>\n<\/details> <details class=\"g-accordion \"><summary><h3>Milyen hat\u00e9kony t\u00e1rol\u00e1si megold\u00e1sok l\u00e9teznek kis konyh\u00e1kba?<\/h3><\/summary>  <\/p>\n<p>Egy kis konyh\u00e1ban a t\u00e1rol\u00e1s kulcsa, hogy kihaszn\u00e1ld a f\u00fcgg\u0151leges teret. <strong>Falra szerelt tart\u00f3k seg\u00edts\u00e9g\u00e9vel a l\u00e1bosok \u00e9s serpeny\u0151k felker\u00fclnek a falra a pult helyett<\/strong>\u2014\u00edgy t\u00f6bb hely marad a szekr\u00e9nyekben, de a f\u0151z\u0151ed\u00e9nyek m\u00e9gis mindig k\u00e9zn\u00e9l lesznek. A m\u00e1gneses cs\u00edkok is hasznosak: ezekre felteheted a k\u00e9seket vagy eszk\u00f6z\u00f6ket, <strong>\u00edgy \u00e1tl\u00e1that\u00f3bbak lesznek a fi\u00f3kok, a legfontosabb dolgaid pedig mindig el\u00e9rhet\u0151ek<\/strong>.<\/p>\n<ul>\n<li>magas, mennyezetig \u00e9r\u0151 szekr\u00e9nyekben t\u00e1rolhatod azokat a dolgokat, amiket ritk\u00e1n haszn\u00e1lsz,<\/li>\n<li>a mosogat\u00f3 alatti rendez\u0151k kihaszn\u00e1lj\u00e1k azt a helyet is, ami sokszor \u00fcresen marad \u2013 p\u00e9ld\u00e1ul takar\u00edt\u00f3szereknek,<\/li>\n<li>a falt\u00f3l falig \u00e9r\u0151 szekci\u00f3k nagyon hasznosak keskeny, hossz\u00fa konyh\u00e1kban,<\/li>\n<li>nyitott polcokra tehetsz poharakat, t\u00e1ny\u00e9rokat, ett\u0151l vil\u00e1gosabbnak \u00e9s t\u00e1gasabbnak hat a helyis\u00e9g,<\/li>\n<li>falra szerelhet\u0151 kosarak, akaszt\u00f3k vagy polcok seg\u00edtenek, hogy a b\u00f6gr\u00e9k \u00e9s ev\u0151eszk\u00f6z\u00f6k mindig k\u00e9zn\u00e9l legyenek, pult pedig szabadon maradjon.<\/li>\n<\/ul>\n<p>A fi\u00f3kokban elv\u00e1laszt\u00f3k seg\u00edts\u00e9g\u00e9vel rendben tarthatod a kanalakat, eszk\u00f6z\u00f6ket, <strong>\u00edgy a f\u0151z\u00e9s \u00e9s a takar\u00edt\u00e1s gyorsabb \u00e9s egyszer\u0171bb lesz<\/strong>. T\u00e1rol\u00f3kosarak vagy rekeszek a szekr\u00e9nyekben, polcokon remek\u00fcl elv\u00e1lasztj\u00e1k az \u00e9lelmiszereket, \u00e9s seg\u00edtenek a rend megtart\u00e1s\u00e1ban. Gurul\u00f3s kocsik vagy mozgathat\u00f3 szigetek extra munkafel\u00fcletet adnak, \u00e9s haszn\u00e1lat ut\u00e1n k\u00f6nnyen elrakhat\u00f3k. K\u00e9sz\u00fcl\u00e9kt\u00e1rol\u00f3 szekr\u00e9nyek elrejtik a kisebb g\u00e9peket, p\u00e9ld\u00e1ul a keny\u00e9rpir\u00edt\u00f3t is \u2013 \u00edgy a pult rendezett marad. Lehajthat\u00f3 vagy oldals\u00f3 polcok a szekr\u00e9nyeken plusz helyet adnak el\u0151k\u00e9sz\u00edt\u00e9shez vagy d\u00edszt\u00e1rgyakhoz.<\/p>\n<ul>\n<li>v\u00e1lassz keskeny h\u0171t\u0151t, be\u00e9p\u00edtett mikr\u00f3t vagy helytakar\u00e9kos mosogat\u00f3g\u00e9pet, hogy m\u00e9g t\u00f6bb helyed maradjon,<\/li>\n<li>tegy\u00e9l fel pult alatti vil\u00e1g\u00edt\u00e1st \u2013 ett\u0151l vil\u00e1gosabb lesz a munkafel\u00fclet, \u00e9s j\u00f3l mutatnak a nyitott polcokon l\u00e9v\u0151 dolgok is,<\/li>\n<li>a nagyon ritk\u00e1n haszn\u00e1lt t\u00e1lc\u00e1kat a legfels\u0151 szekr\u00e9nyeken is tarthatod \u2013 minden centim\u00e9ter sz\u00e1m\u00edt,<\/li>\n<li>pr\u00f3b\u00e1ld ki a t\u00e1ny\u00e9rtart\u00f3kat, falra szerelhet\u0151 f\u0171szertart\u00f3kat vagy lamell\u00e1s fali paneleket a speci\u00e1lis t\u00e1rol\u00e1shoz,<\/li>\n<li>dekorat\u00edv kosarakkal vagy mutat\u00f3s dobozokkal \u00faj st\u00edlust adhatsz a konyh\u00e1nak, mik\u00f6zben rendben tartod a holmikat.<\/li>\n<\/ul>\n<p>Sokoldal\u00fa b\u00fatorok, p\u00e9ld\u00e1ul fi\u00f3kos \u00fcl\u0151pad vagy kerek asztal rejtett t\u00e1rol\u00f3val k\u00e9nyelmet \u00e9s praktikumot is adnak egyszerre. <strong>Ezekkel az okos \u00f6tletekkel minden apr\u00f3 helyet kiakn\u00e1zhatsz, \u00edgy olyan konyh\u00e1d lesz, ahol val\u00f3ban j\u00f3l \u00e9rzed magad<\/strong>.<\/p>\n<\/details>\n<details class=\"g-accordion \"><summary><h3>Hogyan hangolhat\u00f3 \u00f6ssze a funkci\u00f3 \u00e9s a st\u00edlus kis konyh\u00e1kban?<\/h3><\/summary>  <\/p>\n<p>Egy kis konyh\u00e1ban a funkci\u00f3 \u00e9s a st\u00edlus \u00f6sszehangol\u00e1sa akkor siker\u00fcl igaz\u00e1n, ha olyan berendez\u00e9seket \u00e9s b\u00fatorokat v\u00e1lasztasz, amelyek mutat\u00f3sak \u00e9s praktikusak is egyben. <strong>Lekerek\u00edtett, be\u00e9p\u00edthet\u0151 vagy v\u00e9kony h\u00e1ztart\u00e1si g\u00e9pek<\/strong>\u2014p\u00e9ld\u00e1ul be\u00e9p\u00edtett mikr\u00f3, karcs\u00fa h\u0171t\u0151szekr\u00e9ny vagy eleg\u00e1ns kis mosogat\u00f3g\u00e9p\u2014helytakar\u00e9kosak, de <strong>sz\u00e9p, egys\u00e9ges megjelen\u00e9st adnak<\/strong>. V\u00e1lassz <strong>praktikus b\u00fatorokat<\/strong>, p\u00e9ld\u00e1ul sok mindent elnyel\u0151 szigetasztalt, vagy felhajthat\u00f3 \u00e9tkez\u0151sarkot\u2014\u00edgy a konyha egyszerre lesz k\u00e9nyelmes \u00e9s j\u00f3l n\u00e9z ki.<\/p>\n<p>A t\u00e1rol\u00e1si megold\u00e1soknak nem musz\u00e1j rejtve maradniuk\u2014lehetnek ak\u00e1r dekor\u00e1ci\u00f3k is. <strong>Nyitott polcok, \u00fcvegajt\u00f3s szekr\u00e9nyek vagy fonott kosarak<\/strong> nemcsak seg\u00edtik a rendet, hanem a mindennapi t\u00e1rgyakat is k\u00e9zn\u00e9l tartj\u00e1k. Ha k\u00fcl\u00f6nb\u00f6z\u0151 anyagokat kombin\u00e1lsz, p\u00e9ld\u00e1ul <strong>f\u00e1b\u00f3l k\u00e9sz\u00fclt szekr\u00e9nyek mell\u00e9 f\u00e9m polcokat<\/strong> vagy <strong>k\u0151pultot sz\u00ednes csemp\u00e9zett fallal<\/strong>, az <strong>izgalmasabb\u00e1 \u00e9s egyediv\u00e9 teszi a teret<\/strong>, mik\u00f6zben nem lesz zs\u00fafolt.<\/p>\n<p>Az egys\u00e9ges sz\u00ednek seg\u00edtenek \u00f6sszefogni a konyh\u00e1t. Szereted a <strong>nyugtat\u00f3 semleges \u00e1rnyalatokat, mer\u00e9sz sz\u00edneket vagy vibr\u00e1l\u00f3 foltokat<\/strong>? A te palett\u00e1d a te st\u00edlusod. Egyedi h\u00e1tfalak, sz\u00e9p d\u00edszek vagy vid\u00e1m tap\u00e9ta kis szem\u00e9lyis\u00e9get visznek be, \u00e9s \u00edgy a praktikum mell\u00e9 j\u00e1t\u00e9koss\u00e1got is t\u00e1rs\u00edtanak. <strong>T\u00f6bbszintes pultvil\u00e1g\u00edt\u00e1s vagy karakteres f\u00fcgg\u0151l\u00e1mp\u00e1k nemcsak hangulatot adnak, hanem f\u0151z\u00e9s k\u00f6zben is mindenhol j\u00f3l l\u00e1tsz majd<\/strong>.<\/p>\n<ul>\n<li>tegy\u00e9l fel mennyezetig \u00e9r\u0151 szekr\u00e9nyeket,<\/li>\n<li>akaszt\u00f3kat falra a serpeny\u0151knek vagy f\u0151z\u0151eszk\u00f6z\u00f6knek,<\/li>\n<li>teg\u00e9l fel akaszt\u00f3s\u00ednt sokf\u00e9le f\u00fcgg\u0151 eszk\u00f6zh\u00f6z,<\/li>\n<li>tartsd rendben a legfontosabbakat t\u00e1lc\u00e1kon, m\u00e1gneses k\u00e9start\u00f3n vagy t\u00e1ny\u00e9rtart\u00f3n,<\/li>\n<li>v\u00e1lassz egyszer\u0171bb g\u00e9peket \u00e9s letisztult kieg\u00e9sz\u00edt\u0151ket, hogy a konyha mindig rendezett \u00e9s bar\u00e1ts\u00e1gos legyen.<\/li>\n<\/ul>\n<p><strong>Tegy\u00e9l bele szem\u00e9lyes r\u00e9szleteket, amelyekn\u00e9l a form\u00e1nak is, a funkci\u00f3nak is szerepe van\u2014egy karakteres h\u00e1tfal, vid\u00e1m sz\u00e9kek vagy egy parasztkonyhai mosogat\u00f3 egyszerre mutatnak j\u00f3l, \u00e9s j\u00f3 szolg\u00e1latot tesznek.<\/strong> Az igazi var\u00e1zs abban rejlik, ahogyan ezek az elemek \u00f6sszekapcsol\u00f3dnak\u2014\u00edgy m\u00e9g a legkisebb konyha is egys\u00e9ges, \u00e1tgondolt \u00e9s t\u00f6k\u00e9letesen alkalmas lesz f\u0151z\u00e9sre \u00e9s k\u00f6z\u00f6s \u00e9tkez\u00e9sekre is.<\/p>\n<\/details>\n<details class=\"g-accordion \"><summary><h3>Hogyan seg\u00edthet a sz\u00edn \u00e9s a minta egy kis konyh\u00e1n?<\/h3><\/summary>  <\/p>\n<p><strong>A sz\u00ednek \u00e9s a mint\u00e1k teljesen \u00e1t tudj\u00e1k alak\u00edtani egy kis konyh\u00e1t: egyedi hangulatot teremtenek, \u00e9s t\u00e1gasabb \u00e9rzetet adnak.<\/strong> Ha a megfelel\u0151 \u00e1rnyalatokat v\u00e1lasztod\u2014p\u00e9ld\u00e1ul <strong>feh\u00e9ret, vil\u00e1gossz\u00fcrk\u00e9t vagy pasztellsz\u00edneket<\/strong>\u2014, az eg\u00e9sz teret vil\u00e1gosabb\u00e1 var\u00e1zsolja. <strong>A vil\u00e1gos falak vagy szekr\u00e9nyek seg\u00edtenek, hogy a konyha nagyobbnak t\u0171nj\u00f6n, a szob\u00e1k falai \u00e9s b\u00fatorai &#8222;t\u00e1volabb&#8221; ker\u00fclnek egym\u00e1st\u00f3l<\/strong>, ett\u0151l szell\u0151sebb, nyitottabb lesz minden.<\/p>\n<p>Ha szeretn\u00e9l t\u00f6bb m\u00e9lys\u00e9get, hozz be er\u0151sebb sz\u00edneket is! Egy-egy vag\u00e1ny \u00e1rnyalat\u2014mondjuk <strong>tenger\u00e9szk\u00e9k, terrakotta vagy smaragdz\u00f6ld<\/strong>\u2014 felt\u0171n\u0151 lehet p\u00e9ld\u00e1ul:<\/p>\n<ul>\n<li>fut\u00f3sz\u0151nyegen,<\/li>\n<li>konyharuh\u00e1n,<\/li>\n<li>tarka t\u00e1ny\u00e9rokon,<\/li>\n<li>d\u00edszt\u00e1lakon,<\/li>\n<li>vagy egy vid\u00e1m k\u00e9pen a falon.<\/li>\n<\/ul>\n<p>Ezek a sz\u00ednfoltok lend\u00fcletet adnak, mik\u00f6zben a konyha \u00f6sszk\u00e9pe egys\u00e9ges marad.<\/p>\n<p>Egy <strong>felt\u0171n\u0151 h\u00e1tfal<\/strong> r\u00f6gt\u00f6n a konyha k\u00f6z\u00e9ppontja lesz. V\u00e1laszthatsz <strong>sz\u00ednes, mint\u00e1s csemp\u00e9t<\/strong>, vagy ak\u00e1r <strong>\u00f6ntenmagadra tapad\u00f3 tap\u00e9t\u00e1t<\/strong> is, \u00e9s lehetsz geometrikus, vir\u00e1gos vagy mozaikos\u2014minden csak rajtad m\u00falik, hogy hol h\u00fazol meg egy karakteres mint\u00e1t, hogy ne legyen t\u00fal sok. <strong>\u00c9rdemes csak egy vagy k\u00e9t sarkot hangs\u00falyozni (p\u00e9ld\u00e1ul a h\u00e1tfalat vagy egy falr\u00e9szt), \u00edgy lesz igaz\u00e1n sz\u00e9p az \u00f6sszhat\u00e1s<\/strong>.<\/p>\n<p>Text\u00edli\u00e1kkal gyorsan felfriss\u00edtheted a konyh\u00e1t: pr\u00f3b\u00e1ld ki a vid\u00e1m sz\u0151nyegeket, p\u00e1rn\u00e1kat, f\u00fcgg\u00f6ny\u00f6ket vagy ter\u00edt\u0151ket\u2014ezek megt\u00f6rik a kem\u00e9ny fel\u00fcleteket, \u00e9s \u00e9letet visznek be a helyis\u00e9gbe. Ha a nyitott polcokat telepakolod sz\u00ednes b\u00f6gr\u00e9kkel, t\u00e1ny\u00e9rokkal, ett\u0151l bar\u00e1ts\u00e1gos \u00e9s k\u00f6nnyed lesz az eg\u00e9sz t\u00e9r.<\/p>\n<p><strong>Fontos az egyens\u00faly, ha s\u00f6t\u00e9tebb sz\u00edneket vagy er\u0151sebb mint\u00e1kat haszn\u00e1lsz.<\/strong> Ilyenkor ellens\u00falyozd \u0151ket sok f\u00e9nnyel vagy vil\u00e1gosabb fel\u00fcletekkel, hogy a konyha ne t\u0171nj\u00f6n t\u00fal zs\u00fafoltnak. Egy l\u00e1tv\u00e1nyos padl\u00f3csempe, cs\u00edkos tap\u00e9ta vagy sakkt\u00e1bl\u00e1s burkolat felfriss\u00edti a legegyszer\u0171bb helyis\u00e9get is. Ha modern hat\u00e1st szeretn\u00e9l, csin\u00e1ld meg a <strong>color-blockingot<\/strong>: sz\u00ednezd s\u00f6t\u00e9tebbre az als\u00f3 szekr\u00e9nyeket, hagyd vil\u00e1gosra a fels\u0151ket, \u00edgy nyitottabb marad a t\u00e9r.<\/p>\n<ul>\n<li>vid\u00e1m, mint\u00e1s f\u00fcgg\u00f6ny\u00f6k,<\/li>\n<li>sz\u00ednes haszn\u00e1lati eszk\u00f6z\u00f6k egy sorban,<\/li>\n<li>egyedi, sz\u00ednes h\u00e1tfalak,<\/li>\n<li>sz\u00ednes b\u00e1rsz\u00e9kek,<\/li>\n<li>dekorat\u00edv vil\u00e1g\u00edt\u00e1s.<\/li>\n<\/ul>\n<p><strong>M\u00e1r ezek az apr\u00f3 r\u00e9szletek is feldobj\u00e1k a konyh\u00e1t, \u00e9s megmutatj\u00e1k, milyen vagy te, \u00edgy a pici t\u00e9r is tele lesz lend\u00fclettel, melegs\u00e9ggel \u00e9s vid\u00e1ms\u00e1ggal<\/strong>.\n<\/p>\n<\/details>\n<details class=\"g-accordion \"><summary><h3>Mi a vil\u00e1g\u00edt\u00e1s szerepe egy kis konyh\u00e1ban?<\/h3><\/summary>  <\/p>\n<p><strong>A vil\u00e1g\u00edt\u00e1s hihetetlen ereje, hogy teljesen \u00e1talak\u00edthatja egy konyha m\u00e9ret\u00e9t \u00e9s hangulat\u00e1t.<\/strong> Ha j\u00f3l csin\u00e1lod, m\u00e9g a legkisebb helyis\u00e9g is nyitottabbnak \u00e9s bar\u00e1ts\u00e1gosabbnak t\u0171nik. Ha v\u00e1ltozatos f\u00e9nyeket haszn\u00e1lsz\u2014p\u00e9ld\u00e1ul munka-, \u00e1ltal\u00e1nos \u00e9s hangulatvil\u00e1g\u00edt\u00e1st\u2014, nem csak jobban l\u00e1tsz, de az eg\u00e9sz t\u00e9r is otthonosabb lesz.<\/p>\n<ul>\n<li><strong>A pult alatti LED-cs\u00edkok<\/strong> t\u00f6k\u00e9letesek, ha a munkater\u00fcletet szeretn\u00e9d megvil\u00e1g\u00edtani\u2014nagyobb biztons\u00e1gban \u00e9s k\u00e9nyelmesebben f\u0151zhetsz vel\u00fck,<\/li>\n<li><strong>A mennyezeti l\u00e1mp\u00e1k vagy be\u00e9p\u00edtett f\u00e9nyek<\/strong> biztos\u00edtj\u00e1k az \u00e1ltal\u00e1nos vil\u00e1g\u00edt\u00e1st, egyenletes, l\u00e1gy f\u00e9nyt adnak, elt\u00fcntetik az \u00e1rny\u00e9kokat,<\/li>\n<li><strong>A hangulatf\u00e9nyek<\/strong> kiemelhetnek p\u00e9ld\u00e1ul egy sz\u00e9p h\u00e1tfalat, m\u0171alkot\u00e1st vagy nyitott polcot\u2014ett\u0151l t\u00f6bb r\u00e9tege lesz a konyh\u00e1dnak, \u00e9s igazi szem\u00e9lyis\u00e9g k\u00f6lt\u00f6zik bele.<\/li>\n<\/ul>\n<p><strong>A term\u00e9szetes napf\u00e9ny szint\u00e9n \u00f3ri\u00e1si pluszt jelent.<\/strong> Nagy ablakokon vagy tet\u0151ablakon \u00e1t rengeteg f\u00e9ny juthat be\u2014ett\u0151l lesz igaz\u00e1n friss \u00e9s t\u00e1gas a konyha. Ha egyszer\u0171, \u00e1tl\u00e1tsz\u00f3 l\u00e1mpab\u00far\u00e1kat vagy k\u00f6nnyed f\u00fcgg\u0151l\u00e1mp\u00e1kat v\u00e1lasztasz, nem lesz zs\u00fafolt a hely, \u00e9s modern is marad. Olyan l\u00e1mp\u00e1t v\u00e1lassz, ami el\u00e9g f\u00e9nyt ad, de nem foglal sok helyet\u2014p\u00e9ld\u00e1ul karcs\u00fa f\u00fcgg\u0151l\u00e1mp\u00e1t vagy mennyezetbe \u00e9p\u00edthet\u0151t.<\/p>\n<p>A vil\u00e1g\u00edt\u00e1s nem csak a praktikuss\u00e1gr\u00f3l sz\u00f3l. <strong>Seg\u00edts\u00e9g\u00e9vel j\u00f3l mutatnak a k\u00fcl\u00f6nleges anyagok vagy sz\u00ednek<\/strong>\u2014p\u00e9ld\u00e1ul a csillog\u00f3 csempe vagy a f\u00e9nyes pult m\u00e9g ink\u00e1bb \u00e9rv\u00e9nyes\u00fcl egy meleg f\u00e9ny\u0171 izz\u00f3 alatt. A melegebb f\u00e9nyek bar\u00e1ts\u00e1gg\u00e1, k\u00e9nyelmess\u00e9 teszik a konyh\u00e1t, a hidegebb f\u00e9nyek pedig feler\u0151s\u00edtik a feh\u00e9r \u00e9s vil\u00e1gos sz\u00edneket.<\/p>\n<p><strong>Ha figyelsz a vil\u00e1g\u00edt\u00e1sra, egyszerre lesz sz\u00e9p \u00e9s k\u00f6nnyen haszn\u00e1lhat\u00f3 a konyha<\/strong>. P\u00e1r j\u00f3l v\u00e1lasztott vil\u00e1g\u00edt\u00f3testtel ak\u00e1r a legapr\u00f3bb t\u00e9r is t\u00e1gasabbnak, bar\u00e1ts\u00e1gosabbnak t\u0171nik majd\u2014\u00e9s t\u00f6k\u00e9letesen alkalmazkodik minden ig\u00e9nyedhez.<\/p>\n<\/details>\n<details class=\"g-accordion \"><summary><h3>Hogyan vihetsz egy\u00e9nis\u00e9get egy kis konyh\u00e1ba?<\/h3><\/summary>  <\/p>\n<p><strong>Egy kis konyh\u00e1t legjobban saj\u00e1t \u00f6tleteiddel, l\u00e1tv\u00e1nyos, szem\u00e9lyes r\u00e9szletekkel tehetsz igaz\u00e1n k\u00fcl\u00f6nlegess\u00e9.<\/strong> A nyitott polcokon vid\u00e1m, sz\u00ednes b\u00f6gr\u00e9k vagy t\u00e1ny\u00e9rok pillanatok alatt feldobj\u00e1k a hangulatot, a r\u00e9gi ev\u0151eszk\u00f6z\u00f6kb\u0151l pedig d\u00edszlet is lehet. <strong>Ha m\u00e9g k\u00fcl\u00f6nlegesebb teret szeretn\u00e9l, egy karakteres h\u00e1tfal\u2014mint\u00e1s csempe vagy \u00f6ntapad\u00f3s tap\u00e9ta\u2014pillanatok alatt modernn\u00e9 vagy j\u00e1t\u00e9koss\u00e1 teszi a konyh\u00e1t. Egy \u00e9l\u00e9nk sz\u00edn\u0171 fal is remek v\u00e1laszt\u00e1s, ha gyors v\u00e1ltoz\u00e1sra v\u00e1gysz.<\/strong><\/p>\n<p>Egy kis z\u00f6ld n\u00f6v\u00e9ny nagy v\u00e1ltoz\u00e1st hozhat: ablakp\u00e1rk\u00e1nyon elf\u00e9r n\u00e9h\u00e1ny f\u0171szern\u00f6v\u00e9ny, vagy akaszthatsz p\u00e1r kasp\u00f3t a mosogat\u00f3 f\u00f6l\u00e9. <strong>A vil\u00e1g\u00edt\u00e1s is lehet hangs\u00falyos: egy pendell\u00e1mpa vagy g\u00f6mb alak\u00fa f\u00e9nyforr\u00e1s r\u00f6gt\u00f6n mag\u00e1ra vonja a tekintetet, \u00e9s meghittebb hangulatot teremt.<\/strong> Szem\u00e9lyes t\u00e1rgyak\u2014p\u00e9ld\u00e1ul bekeretezett csal\u00e1di fot\u00f3k, egy kis kr\u00e9t\u00e1s t\u00e1bla receptekhez vagy k\u00e9zzel \u00edrt men\u00fck\u00e1rty\u00e1k\u2014igazi otthonn\u00e1 var\u00e1zsolj\u00e1k a konyh\u00e1d.<\/p>\n<ul>\n<li>haszn\u00e1lj vid\u00e1m, sz\u00ednes text\u00edli\u00e1kat\u2014mint\u00e1s f\u00fcgg\u00f6ny\u00f6k, sz\u00ednes sz\u0151nyegek vagy \u00e9l\u00e9nk konyharuh\u00e1k j\u00f3l feldobj\u00e1k a teret,<\/li>\n<li>cser\u00e9lj le p\u00e1r sz\u00e9ket sz\u00ednesre, fess egy zs\u00farkocsit \u00e9l\u00e9nk \u00e1rnyalatra, vagy v\u00e1lts ki \u00faj foganty\u00fakat, hogy szem\u00e9lyesebb legyen a l\u00e1tv\u00e1ny,<\/li>\n<li>t\u00e9gy ki kedvenc szak\u00e1csk\u00f6nyveid, fali k\u00e9peket vagy k\u00e9zzel k\u00e9sz\u00edtett ker\u00e1mi\u00e1t, ami megmutatja, mi \u00e1ll k\u00f6zel hozz\u00e1d.<\/li>\n<\/ul>\n<ul>\n<li>haszn\u00e1ld ki a falakat: l\u00f3gass fel v\u00e1g\u00f3deszk\u00e1kat vagy t\u00e1lc\u00e1kat kreat\u00edvan,<\/li>\n<li>szerelj fel akaszt\u00f3s\u00ednt az ev\u0151eszk\u00f6z\u00f6knek,<\/li>\n<li>tegy\u00e9l ki m\u00e1gneses tart\u00f3t a k\u00e9seknek\u2014\u00edgy mindig k\u00e9zn\u00e9l lesznek,<\/li>\n<li>keverd a k\u00fcl\u00f6nb\u00f6z\u0151 anyagokat\u2014fa polcot, k\u0151 h\u00e1tfalat, f\u00e9m csaptelepet\u2014hogy a t\u00e9r izgalmasabb \u00e9s m\u00e9lyebb legyen,<\/li>\n<li>apr\u00f3 r\u00e9szletekkel, p\u00e9ld\u00e1ul egy j\u00e1t\u00e9kos akaszt\u00f3val, \u00e9l\u00e9nk sz\u00edn\u0171 gy\u00fcm\u00f6lcst\u00e1llal vagy sz\u00ednes kos\u00e1rral is \u00faj \u00e9letet lehelhetsz a konyh\u00e1ba.<\/li>\n<\/ul>\n<p><strong>Egy-egy kreat\u00edv \u00f6tlet\u2014mint egy l\u00e1tv\u00e1nyos h\u00e1tfal vagy egy saj\u00e1t kis k\u00e1v\u00e9sarok\u2014\u00fagy tudj\u00e1k szem\u00e9lyess\u00e9 tenni a teret, ahogy semmi m\u00e1s.<\/strong> B\u00e1rmilyen apr\u00f3 is a konyha, sz\u00e1mtalan lehet\u0151s\u00e9g v\u00e1r, hogy igaz\u00e1n egyedi \u00e9s szerethet\u0151 legyen.<\/p>\n<\/details>\n<details class=\"g-accordion \"><summary><h3>Milyen p\u00e9nzt\u00e1rcabar\u00e1t dekor\u00f6tletek l\u00e9teznek kis konyh\u00e1kba?<\/h3><\/summary>  <\/p>\n<p>Ha <strong>sz\u0171k\u00f6s a k\u00f6lts\u00e9gvet\u00e9sed<\/strong>, att\u00f3l m\u00e9g k\u00f6nnyen feldobhatod a kis konyh\u00e1d p\u00e1r okos h\u00faz\u00e1ssal. Egy gyors falfest\u00e9s vil\u00e1gos \u00e1rnyalattal\u2014mint a <strong>feh\u00e9r vagy halv\u00e1nyk\u00e9k<\/strong>\u2014azonnal frissebb\u00e9 teszi a teret, r\u00e1ad\u00e1sul ak\u00e1r 30 ezer forint alatt is meg\u00faszhatod, ha saj\u00e1t magad v\u00e9gzed, m\u00e9gis <strong>szembet\u0171n\u0151 lesz a v\u00e1ltoz\u00e1s<\/strong>.<\/p>\n<p>Olcs\u00f3n beszerezhetsz <strong>\u00f6ntenmagadra tapad\u00f3 tap\u00e9t\u00e1t<\/strong> vagy <strong>mint\u00e1s falmatric\u00e1kat<\/strong> is\u2014ezek egy tekercs \u00e1ra ak\u00e1r m\u00e1r p\u00e1r ezer forintt\u00f3l indul, \u00e9s felfriss\u00edthetsz vel\u00fck egy-egy falr\u00e9szt, h\u00e1tfalat vagy ak\u00e1r a mennyezetet. Egy \u00f3ra alatt teljesen \u00faj hangulata lesz a konyh\u00e1dnak.<\/p>\n<ul>\n<li>k\u00e9peket vagy csal\u00e1di fot\u00f3kat kit\u00e9ve szem\u00e9lyes hat\u00e1st \u00e9rhetsz el,<\/li>\n<li>nyitott polcok\u2014ak\u00e1r boltb\u00f3l v\u00e1s\u00e1rolva vagy \u00fajrahasznos\u00edtott f\u00e1b\u00f3l k\u00e9sz\u00fclt verzi\u00f3ban\u2014m\u00e9g t\u00f6bb helyet adnak, \u00e9s sz\u00e9pen mutatnak,<\/li>\n<li>r\u00e9gi kom\u00f3d vagy fi\u00f3kos szekr\u00e9ny \u00e1talak\u00edtva szuper \u00faj konyhasziget lehet,<\/li>\n<li>turk\u00e1l\u00f3b\u00f3l vett egyedi t\u00e1lca, kos\u00e1r vagy \u00e9rdekes k\u00e9p is j\u00f3l mutat,<\/li>\n<li>szekr\u00e9nyfoganty\u00fak vagy l\u00e1mpabur\u00e1k cser\u00e9je p\u00e1r ezer forintb\u00f3l l\u00e1tv\u00e1nyos v\u00e1ltoz\u00e1st hoz.<\/li>\n<\/ul>\n<p><strong>T\u00f6bb f\u00e9ny<\/strong> t\u00e1gasabb \u00e9rzetet kelt: pult al\u00e1 szerelhet\u0151 LED-cs\u00edkok vagy apr\u00f3 l\u00e1mp\u00e1k ak\u00e1r p\u00e1r ezer forintb\u00f3l megvannak, de megvil\u00e1g\u00edtj\u00e1k a munkapadot. Ha nehezebb rendet tartani, pr\u00f3b\u00e1ld ki az ajt\u00f3ra akaszthat\u00f3 t\u00e1rol\u00f3kat vagy \u00f6ntapad\u00f3s kamp\u00f3kat\u2014ezekhez szersz\u00e1m sem kell, csak ragaszd fel a f\u0171szereknek, ev\u0151eszk\u00f6z\u00f6knek, t\u00f6rl\u0151knek.<\/p>\n<p>Sz\u00ednt \u00e9s \u00e9letet hoznak a <strong>n\u00f6v\u00e9nyek<\/strong> vagy f\u0171szerek is\u2014haszn\u00e1lt \u00fcvegbe vagy olcs\u00f3 cserepekbe \u00fcltetve m\u00e9g gazdas\u00e1gosabb. N\u00e9h\u00e1ny mint\u00e1s sz\u0151nyeg vagy sz\u00ednes t\u00f6r\u00f6lk\u00f6z\u0151 pedig szint\u00e9n 5-8 ezer forintb\u00f3l extra hangulatot var\u00e1zsol. <strong>Ezekb\u0151l az apr\u00f3s\u00e1gokb\u00f3l is vid\u00e1ms\u00e1g \u00e9s frissess\u00e9g sug\u00e1rzik a konyh\u00e1dban<\/strong>.<\/p>\n<p>Ha b\u00e9relsz, akkor is megoldhat\u00f3 a dekor: <strong>haszn\u00e1lj k\u00f6nnyen elt\u00e1vol\u00edthat\u00f3 tap\u00e9t\u00e1t, gurul\u00f3s asztalt vagy ideiglenes akaszt\u00f3kat<\/strong>\u2014ezek mind <strong>egy\u00e9ni hangulatot adnak, m\u00e9gis gyorsan v\u00e1ltoztathat\u00f3k vagy elvihet\u0151k k\u00f6lt\u00f6z\u00e9skor is<\/strong>.<\/p>\n<\/details>\n","protected":false},"excerpt":{"rendered":"<p>Kis konyh\u00e1dat st\u00edlusos, praktikus t\u00e9rr\u00e9 alak\u00edtani nem ig\u00e9nyel v\u00e9gtelen n\u00e9gyzetm\u00e9tert \u2013 csak n\u00e9h\u00e1ny okos tervez\u00e9si d\u00f6nt\u00e9st. A megfelel\u0151 megold\u00e1sokkal m\u00e9g a legapr\u00f3bb f\u0151z\u0151sarok is vil\u00e1gosnak, nyitottnak \u00e9s rendezettnek t\u0171nhet, mik\u00f6zben t\u00fckr\u00f6zi a saj\u00e1t st\u00edlusod. A legfontosabb tipp, hogy vil\u00e1gos sz\u00edneket v\u00e1lassz a falakra \u00e9s a szekr\u00e9nyekre, \u00edgy l\u00e9giesebb lesz a t\u00e9r, amit \u00f6tletes t\u00e1rol\u00e1si megold\u00e1sok eg\u00e9sz\u00edtenek ki. Nyitott polcok, felfel\u00e9&hellip;<\/p>\n","protected":false},"author":12,"featured_media":9176,"comment_status":"open","ping_status":"open","sticky":false,"template":"","format":"standard","meta":{"rank_math_focus_keyword":"kis konyha dekor\u00e1ci\u00f3s \u00f6tletek","rank_math_title":"Maximaliz\u00e1ld a teret st\u00edlusosan","rank_math_description":"Fedezd fel kis konyha dekor\u00e1ci\u00f3s \u00f6tleteket a hely maximaliz\u00e1l\u00e1s\u00e1hoz \u00e9s alak\u00edtsd st\u00edlusoss\u00e1 konyh\u00e1d okos tervez\u00e9si tippekkel \u00e9s kreat\u00edv megold\u00e1sokkal.","footnotes":""},"categories":[128,137],"tags":[],"class_list":["post-9363","post","type-post","status-publish","format-standard","has-post-thumbnail","hentry","category-dekoracios-otletek","category-konyha"],"g_custom_schema_json":"<script type=\"application\/ld+json\">\n{\n  \"@context\": \"https:\/\/schema.org\",\n  \"@type\": \"FAQPage\",\n  \"mainEntity\": [\n    {\n      \"@type\": \"Question\",\n      \"name\": \"Mik a legjobb \u00f6tletek egy kis konyha dekor\u00e1l\u00e1s\u00e1hoz?\",\n      \"acceptedAnswer\": {\n        \"@type\": \"Answer\",\n        \"text\": \"Ha kis konyh\u00e1t szeretn\u00e9l berendezni, a l\u00e9nyeg, hogy vil\u00e1gos, t\u00e1gas \u00e9s rendezett legyen a helyis\u00e9g. Kezdd azzal, hogy vil\u00e1gos sz\u00edneket v\u00e1lasztasz \u2013 feh\u00e9r, halv\u00e1nysz\u00fcrke vagy l\u00e1gy k\u00e9k \u2013 a falakra, szekr\u00e9nyekre \u00e9s a h\u00e1tfalra is. Ezek a sz\u00ednek sz\u00e9pen visszaverik a term\u00e9szetes f\u00e9nyt, \u00edgy nagyobbnak l\u00e1ttatj\u00e1k a konyh\u00e1t.\"\n      }\n    },\n    {\n      \"@type\": \"Question\",\n      \"name\": \"Hogyan lehet egy kis konyh\u00e1t nagyobbnak l\u00e1ttatni?\",\n      \"acceptedAnswer\": {\n        \"@type\": \"Answer\",\n        \"text\": \"Ha szeretn\u00e9d, hogy a kis konyh\u00e1d t\u00e1gasabbnak hasson, els\u0151k\u00e9nt v\u00e1lassz vil\u00e1gos sz\u00edneket a falakra \u00e9s a szekr\u00e9nyekre. Az olyan \u00e1rnyalatok, mint a feh\u00e9r, vil\u00e1gossz\u00fcrke vagy finom pasztellek visszaverik a f\u00e9nyt \u00e9s szinte azonnal kinyitj\u00e1k a teret. M\u00e1r ez az egy v\u00e1ltoztat\u00e1s is optikailag sokkal nagyobb\u00e1 teheti a konyh\u00e1t.\"\n      }\n    },\n    {\n      \"@type\": \"Question\",\n      \"name\": \"Milyen tr\u00fckk\u00f6kkel lehet j\u00f3l kihaszn\u00e1lni a helyet egy kis konyh\u00e1ban?\",\n      \"acceptedAnswer\": {\n        \"@type\": \"Answer\",\n        \"text\": \"Egy kis konyh\u00e1b\u00f3l is kihozhatod a legt\u00f6bbet, ha okosan berendezed \u00e9s rendezetten tartod. N\u00e9h\u00e1ny j\u00f3l \u00e1tgondolt megold\u00e1ssal m\u00e9g a legsz\u0171kebb t\u00e9r is t\u00e1gasabb \u00e9s haszn\u00e1lhat\u00f3bb lehet. Sokszor pont az egyszer\u0171bb \u00f6tletek m\u0171k\u00f6dnek a legjobban.\"\n      }\n    },\n    {\n      \"@type\": \"Question\",\n      \"name\": \"Milyen hat\u00e9kony t\u00e1rol\u00e1si megold\u00e1sok l\u00e9teznek kis konyh\u00e1kba?\",\n      \"acceptedAnswer\": {\n        \"@type\": \"Answer\",\n        \"text\": \"Egy kis konyh\u00e1ban a t\u00e1rol\u00e1s kulcsa, hogy kihaszn\u00e1ld a f\u00fcgg\u0151leges teret. Falra szerelt tart\u00f3k seg\u00edts\u00e9g\u00e9vel a l\u00e1bosok \u00e9s serpeny\u0151k felker\u00fclnek a falra a pult helyett\u2014\u00edgy t\u00f6bb hely marad a szekr\u00e9nyekben, de a f\u0151z\u0151ed\u00e9nyek m\u00e9gis mindig k\u00e9zn\u00e9l lesznek. A m\u00e1gneses cs\u00edkok is hasznosak: ezekre felteheted a k\u00e9seket vagy eszk\u00f6z\u00f6ket, \u00edgy \u00e1tl\u00e1that\u00f3bbak lesznek a fi\u00f3kok, a legfontosabb dolgaid pedig mindig el\u00e9rhet\u0151ek.\"\n      }\n    },\n    {\n      \"@type\": \"Question\",\n      \"name\": \"Hogyan hangolhat\u00f3 \u00f6ssze a funkci\u00f3 \u00e9s a st\u00edlus kis konyh\u00e1kban?\",\n      \"acceptedAnswer\": {\n        \"@type\": \"Answer\",\n        \"text\": \"Egy kis konyh\u00e1ban a funkci\u00f3 \u00e9s a st\u00edlus \u00f6sszehangol\u00e1sa akkor siker\u00fcl igaz\u00e1n, ha olyan berendez\u00e9seket \u00e9s b\u00fatorokat v\u00e1lasztasz, amelyek mutat\u00f3sak \u00e9s praktikusak is egyben. Lekerek\u00edtett, be\u00e9p\u00edthet\u0151 vagy v\u00e9kony h\u00e1ztart\u00e1si g\u00e9pek\u2014p\u00e9ld\u00e1ul be\u00e9p\u00edtett mikr\u00f3, karcs\u00fa h\u0171t\u0151szekr\u00e9ny vagy eleg\u00e1ns kis mosogat\u00f3g\u00e9p\u2014helytakar\u00e9kosak, de sz\u00e9p, egys\u00e9ges megjelen\u00e9st adnak.\"\n      }\n    },\n    {\n      \"@type\": \"Question\",\n      \"name\": \"Hogyan seg\u00edthet a sz\u00edn \u00e9s a minta egy kis konyh\u00e1n?\",\n      \"acceptedAnswer\": {\n        \"@type\": \"Answer\",\n        \"text\": \"A sz\u00ednek \u00e9s a mint\u00e1k teljesen \u00e1t tudj\u00e1k alak\u00edtani egy kis konyh\u00e1t: egyedi hangulatot teremtenek, \u00e9s t\u00e1gasabb \u00e9rzetet adnak. Ha a megfelel\u0151 \u00e1rnyalatokat v\u00e1lasztod\u2014p\u00e9ld\u00e1ul feh\u00e9ret, vil\u00e1gossz\u00fcrk\u00e9t vagy pasztellsz\u00edneket\u2014, az eg\u00e9sz teret vil\u00e1gosabb\u00e1 var\u00e1zsolja.\"\n      }\n    },\n    {\n      \"@type\": \"Question\",\n      \"name\": \"Mi a vil\u00e1g\u00edt\u00e1s szerepe egy kis konyh\u00e1ban?\",\n      \"acceptedAnswer\": {\n        \"@type\": \"Answer\",\n        \"text\": \"A vil\u00e1g\u00edt\u00e1s hihetetlen ereje, hogy teljesen \u00e1talak\u00edthatja egy konyha m\u00e9ret\u00e9t \u00e9s hangulat\u00e1t. Ha j\u00f3l csin\u00e1lod, m\u00e9g a legkisebb helyis\u00e9g is nyitottabbnak \u00e9s bar\u00e1ts\u00e1gosabbnak t\u0171nik. Ha v\u00e1ltozatos f\u00e9nyeket haszn\u00e1lsz\u2014p\u00e9ld\u00e1ul munka-, \u00e1ltal\u00e1nos \u00e9s hangulatvil\u00e1g\u00edt\u00e1st\u2014, nem csak jobban l\u00e1tsz, de az eg\u00e9sz t\u00e9r is otthonosabb lesz.\"\n      }\n    },\n    {\n      \"@type\": \"Question\",\n      \"name\": \"Hogyan vihetsz egy\u00e9nis\u00e9get egy kis konyh\u00e1ba?\",\n      \"acceptedAnswer\": {\n        \"@type\": \"Answer\",\n        \"text\": \"Egy kis konyh\u00e1t legjobban saj\u00e1t \u00f6tleteiddel, l\u00e1tv\u00e1nyos, szem\u00e9lyes r\u00e9szletekkel tehetsz igaz\u00e1n k\u00fcl\u00f6nlegess\u00e9. A nyitott polcokon vid\u00e1m, sz\u00ednes b\u00f6gr\u00e9k vagy t\u00e1ny\u00e9rok pillanatok alatt feldobj\u00e1k a hangulatot, a r\u00e9gi ev\u0151eszk\u00f6z\u00f6kb\u0151l pedig d\u00edszlet is lehet. Ha m\u00e9g k\u00fcl\u00f6nlegesebb teret szeretn\u00e9l, egy karakteres h\u00e1tfal\u2014mint\u00e1s csempe vagy \u00f6ntapad\u00f3s tap\u00e9ta\u2014pillanatok alatt modernn\u00e9 vagy j\u00e1t\u00e9koss\u00e1 teszi a konyh\u00e1t.\"\n      }\n    },\n    {\n      \"@type\": \"Question\",\n      \"name\": \"Milyen p\u00e9nzt\u00e1rcabar\u00e1t dekor\u00f6tletek l\u00e9teznek kis konyh\u00e1kba?\",\n      \"acceptedAnswer\": {\n        \"@type\": \"Answer\",\n        \"text\": \"Ha sz\u0171k\u00f6s a k\u00f6lts\u00e9gvet\u00e9sed, att\u00f3l m\u00e9g k\u00f6nnyen feldobhatod a kis konyh\u00e1d p\u00e1r okos h\u00faz\u00e1ssal. Egy gyors falfest\u00e9s vil\u00e1gos \u00e1rnyalattal\u2014mint a feh\u00e9r vagy halv\u00e1nyk\u00e9k\u2014azonnal frissebb\u00e9 teszi a teret, r\u00e1ad\u00e1sul ak\u00e1r 30 ezer forint alatt is meg\u00faszhatod, ha saj\u00e1t magad v\u00e9gzed, m\u00e9gis szembet\u0171n\u0151 lesz a v\u00e1ltoz\u00e1s.\"\n      }\n    }\n  ]\n}\n<\/script>\n<script type=\"application\/ld+json\">\n{\n  \"@context\": \"https:\/\/schema.org\",\n  \"@type\": \"HowTo\",\n  \"name\": \"Kis konyha st\u00edlusos \u00e9s praktikus berendez\u00e9se \u2013 l\u00e9p\u00e9sr\u0151l l\u00e9p\u00e9sre\",\n  \"description\": \"Tippek, hogyan alak\u00edtsd \u00e1t kis konyh\u00e1dat vil\u00e1gos, t\u00e1gas, rendezett \u00e9s egyedi t\u00e9rr\u00e9.\",\n  \"estimatedCost\": {\n    \"@type\": \"MonetaryAmount\",\n    \"currency\": \"HUF\",\n    \"value\": \"30000\"\n  },\n  \"supply\": [\n    {\n      \"@type\": \"HowToSupply\",\n      \"name\": \"Vil\u00e1gos sz\u00edn\u0171 falfest\u00e9k\"\n    },\n    {\n      \"@type\": \"HowToSupply\",\n      \"name\": \"Nyitott polcok vagy fali t\u00e1rol\u00f3k\"\n    },\n    {\n      \"@type\": \"HowToSupply\",\n      \"name\": \"Kompakt, praktikus b\u00fatorok\"\n    },\n    {\n      \"@type\": \"HowToSupply\",\n      \"name\": \"\u00d6ntapad\u00f3s tap\u00e9ta vagy falmatrica\"\n    },\n    {\n      \"@type\": \"HowToSupply\",\n      \"name\": \"F\u0171szern\u00f6v\u00e9nyek, kasp\u00f3k, dekor\u00e1ci\u00f3k\"\n    },\n    {\n      \"@type\": \"HowToSupply\",\n      \"name\": \"T\u00f6bbf\u00e9le vil\u00e1g\u00edt\u00e1s (mennyezeti, pult alatti, hangulat)\"\n    }\n  ],\n  \"tool\": [\n    {\n      \"@type\": \"HowToTool\",\n      \"name\": \"K\u00e9zi szersz\u00e1mok (csavarh\u00faz\u00f3, f\u00far\u00f3, m\u00e9r\u0151szalag)\"\n    },\n    {\n      \"@type\": \"HowToTool\",\n      \"name\": \"Fest\u0151eszk\u00f6z\u00f6k\"\n    }\n  ],\n  \"step\": [\n    {\n      \"@type\": \"HowToStep\",\n      \"name\": \"Vil\u00e1gos sz\u00ednek v\u00e1laszt\u00e1sa\",\n      \"text\": \"Fesd vil\u00e1gosra a falakat \u00e9s a szekr\u00e9nyeket \u2013 feh\u00e9r, vil\u00e1gossz\u00fcrke vagy l\u00e1gy k\u00e9k \u00e1rnyalatban. Ez\u00e1ltal a helyis\u00e9g t\u00e1gasabbnak \u00e9s vil\u00e1gosabbnak fog t\u0171nni.\",\n      \"image\": \"https:\/\/doubletakedecor.com\/uploads\/2025\/09\/small-kitchen-design-ideas-dtd-01.jpg\"\n    },\n    {\n      \"@type\": \"HowToStep\",\n      \"name\": \"Okos t\u00e1rol\u00e1si megold\u00e1sok alkalmaz\u00e1sa\",\n      \"text\": \"Haszn\u00e1lj nyitott polcokat, mennyezetig \u00e9r\u0151 szekr\u00e9nyeket, t\u00f6bbfunkci\u00f3s b\u00fatorokat. \u00cdgy minden elf\u00e9r, de semmi nincs \u00fatban, \u00e9s k\u00f6nnyebb rendet tartani.\",\n      \"image\": \"https:\/\/doubletakedecor.com\/uploads\/2025\/09\/small-kitchen-design-ideas-dtd-02.jpg\"\n    },\n    {\n      \"@type\": \"HowToStep\",\n      \"name\": \"R\u00e9teges vil\u00e1g\u00edt\u00e1s kialak\u00edt\u00e1sa\",\n      \"text\": \"Tervezz t\u00f6bbf\u00e9le vil\u00e1g\u00edt\u00e1st: term\u00e9szetes f\u00e9nyt, mennyezeti l\u00e1mp\u00e1kat, pult alatti LED-eket \u00e9s hangulatvil\u00e1g\u00edt\u00e1st, hogy a kis konyha nagyobbnak \u00e9s bar\u00e1ts\u00e1gosabbnak t\u0171nj\u00f6n.\",\n      \"image\": \"https:\/\/doubletakedecor.com\/uploads\/2025\/09\/small-kitchen-design-ideas-dtd-03.jpg\"\n    },\n    {\n      \"@type\": \"HowToStep\",\n      \"name\": \"Szem\u00e9lyes \u00e9s p\u00e9nzt\u00e1rcabar\u00e1t dekor\u00e1ci\u00f3k\",\n      \"text\": \"Sz\u00ednes h\u00e1tfal, cser\u00e9pben f\u0171szern\u00f6v\u00e9nyek, \u00f6ntapad\u00f3s tap\u00e9ta vagy haszn\u00e1lt kieg\u00e9sz\u00edt\u0151k \u2013 ett\u0151l lesz igaz\u00e1n egyedi a konyh\u00e1d.\",\n      \"image\": \"https:\/\/doubletakedecor.com\/uploads\/2025\/09\/small-kitchen-design-ideas-dtd-10.jpg\"\n    },\n    {\n      \"@type\": \"HowToStep\",\n      \"name\": \"F\u00fcgg\u0151leges terek kihaszn\u00e1l\u00e1sa\",\n      \"text\": \"Szerelj fel falra akaszt\u00f3kat, m\u00e1gneses k\u00e9start\u00f3t, lebeg\u0151 polcokat, mennyezetig \u00e9r\u0151 szekr\u00e9nyeket. \u00cdgy minden centim\u00e9tert kihaszn\u00e1lsz, \u00e9s \u00e1tl\u00e1that\u00f3bb lesz a t\u00e1rol\u00e1s.\",\n      \"image\": \"https:\/\/doubletakedecor.com\/uploads\/2025\/09\/small-kitchen-design-ideas-dtd-18.jpg\"\n    },\n    {\n      \"@type\": \"HowToStep\",\n      \"name\": \"Kompakt g\u00e9pek \u00e9s t\u00f6bbfunkci\u00f3s b\u00fatorok v\u00e1laszt\u00e1sa\",\n      \"text\": \"Haszn\u00e1lj keskeny h\u0171t\u0151t, be\u00e9p\u00edtett mikr\u00f3t, kism\u00e9ret\u0171 mosogat\u00f3g\u00e9pet, vagy mozgathat\u00f3 szigetasztalt. \u00cdgy minden funkci\u00f3 elf\u00e9r, m\u00e9gis t\u00e1gasabb a t\u00e9r.\",\n      \"image\": \"https:\/\/doubletakedecor.com\/uploads\/2025\/09\/small-kitchen-design-ideas-dtd-12.jpg\"\n    },\n    {\n      \"@type\": \"HowToStep\",\n      \"name\": \"Egyedi r\u00e9szletek hozz\u00e1ad\u00e1sa\",\n      \"text\": \"Tegy\u00e9l ki sz\u00ednes t\u00e1ny\u00e9rokat, csal\u00e1di fot\u00f3kat vagy n\u00f6v\u00e9nyeket, v\u00e1lassz karakteres h\u00e1tfalat vagy k\u00fcl\u00f6nleges vil\u00e1g\u00edt\u00e1st. Ezzel szem\u00e9lyess\u00e9 \u00e9s szerethet\u0151v\u00e9 v\u00e1lik a kis konyha.\",\n      \"image\": \"https:\/\/doubletakedecor.com\/uploads\/2025\/09\/small-kitchen-design-ideas-dtd-09.jpg\"\n    }\n  ]\n}\n<\/script>\n","_links":{"self":[{"href":"https:\/\/doubletakedecor.com\/hu\/wp-json\/wp\/v2\/posts\/9363","targetHints":{"allow":["GET"]}}],"collection":[{"href":"https:\/\/doubletakedecor.com\/hu\/wp-json\/wp\/v2\/posts"}],"about":[{"href":"https:\/\/doubletakedecor.com\/hu\/wp-json\/wp\/v2\/types\/post"}],"author":[{"embeddable":true,"href":"https:\/\/doubletakedecor.com\/hu\/wp-json\/wp\/v2\/users\/12"}],"replies":[{"embeddable":true,"href":"https:\/\/doubletakedecor.com\/hu\/wp-json\/wp\/v2\/comments?post=9363"}],"version-history":[{"count":1,"href":"https:\/\/doubletakedecor.com\/hu\/wp-json\/wp\/v2\/posts\/9363\/revisions"}],"predecessor-version":[{"id":9364,"href":"https:\/\/doubletakedecor.com\/hu\/wp-json\/wp\/v2\/posts\/9363\/revisions\/9364"}],"wp:featuredmedia":[{"embeddable":true,"href":"https:\/\/doubletakedecor.com\/hu\/wp-json\/wp\/v2\/media\/9176"}],"wp:attachment":[{"href":"https:\/\/doubletakedecor.com\/hu\/wp-json\/wp\/v2\/media?parent=9363"}],"wp:term":[{"taxonomy":"category","embeddable":true,"href":"https:\/\/doubletakedecor.com\/hu\/wp-json\/wp\/v2\/categories?post=9363"},{"taxonomy":"post_tag","embeddable":true,"href":"https:\/\/doubletakedecor.com\/hu\/wp-json\/wp\/v2\/tags?post=9363"}],"curies":[{"name":"wp","href":"https:\/\/api.w.org\/{rel}","templated":true}]}}