{"id":233,"count":1,"description":"Preme\u0148te svoju k\u00fape\u013e\u0148u na o\u00e1zu pokoja a \u0161t\u00fdlu, kde ka\u017ed\u00fd detail dotv\u00e1ra harmonick\u00fa atmosf\u00e9ru pre relax i praktick\u00e9 ka\u017edodenn\u00e9 ritu\u00e1ly. N\u00e1jdete tu in\u0161pir\u00e1cie na v\u00fdber elegantn\u00fdch doplnkov, modern\u00fdch \u00falo\u017en\u00fdch rie\u0161en\u00ed aj trendov\u00fdch farebn\u00fdch kombin\u00e1ci\u00ed, ktor\u00e9 roz\u017eiaria aj ten najmen\u0161\u00ed priestor. Objavte tipy, ako kombinova\u0165 funk\u010dnos\u0165 s dizajnom a vytvorte si z k\u00fape\u013ene miesto, kde budete ka\u017ed\u00fd de\u0148 za\u010d\u00edna\u0165 s \u00fasmevom.","link":"https:\/\/doubletakedecor.com\/sk\/kupelna\/","name":"K\u00fape\u013e\u0148a","slug":"kupelna","taxonomy":"category","parent":0,"meta":{"rank_math_focus_keyword":"kupelna","rank_math_title":"K\u00fape\u013e\u0148a: In\u0161pir\u00e1cie, doplnky a modern\u00fd dizajn pre va\u0161u o\u00e1zu pokoja","rank_math_description":"Objavte \u0161t\u00fdlov\u00e9 doplnky, trendy farby a \u00falo\u017en\u00e9 rie\u0161enia pre kr\u00e1snu a praktick\u00fa k\u00fape\u013e\u0148u. Preme\u0148te svoj priestor na o\u00e1zu."},"_links":{"self":[{"href":"https:\/\/doubletakedecor.com\/sk\/wp-json\/wp\/v2\/categories\/233","targetHints":{"allow":["GET"]}}],"collection":[{"href":"https:\/\/doubletakedecor.com\/sk\/wp-json\/wp\/v2\/categories"}],"about":[{"href":"https:\/\/doubletakedecor.com\/sk\/wp-json\/wp\/v2\/taxonomies\/category"}],"wp:post_type":[{"href":"https:\/\/doubletakedecor.com\/sk\/wp-json\/wp\/v2\/posts?categories=233"}],"curies":[{"name":"wp","href":"https:\/\/api.w.org\/{rel}","templated":true}]}}