{"id":3675,"date":"2025-07-27T22:37:14","date_gmt":"2025-07-27T20:37:14","guid":{"rendered":"https:\/\/doubletakedecor.com\/vstupna-hala\/veranda-chaty\/"},"modified":"2025-07-27T22:50:40","modified_gmt":"2025-07-27T20:50:40","slug":"veranda-chaty","status":"publish","type":"post","link":"https:\/\/doubletakedecor.com\/sk\/vstupna-hala\/veranda-chaty\/","title":{"rendered":"P\u00f4vabn\u00e9 n\u00e1pady pre tvoju chalup\u00e1rsku verandu"},"content":{"rendered":"<p>Vidiecka veranda nie je len architektonick\u00fdm prvkom \u2014 je to v\u0161estrann\u00e9 roz\u0161\u00edrenie tvojho domova, ktor\u00e9 hladko sp\u00e1ja pohodlie vn\u00fatra s \u010darom pr\u00edrody. Ak ju vhodne zariadi\u0161, premen\u00ed sa na \u00fatuln\u00e9 miesto na oddych, kde si m\u00f4\u017ee\u0161 v pokoji \u010d\u00edta\u0165 alebo sa zabavi\u0165 s priate\u013emi.<\/p>\n<p>Pr\u00edjemn\u00fa atmosf\u00e9ru na vidieckej verande vytvor\u00ed\u0161 pohodln\u00fdm seden\u00edm, napr\u00edklad pr\u00faten\u00fdmi kreslami, hojdac\u00edmi stoli\u010dkami alebo lavi\u010dkami. Tieto k\u00fasky ti u\u013eah\u010dia relax, ale z\u00e1rove\u0148 dotv\u00e1raj\u00fa rustik\u00e1lny \u0161t\u00fdl, ktor\u00fd je pre tak\u00e9to verandy typick\u00fd. \u017div\u00fd vzh\u013ead dosiahne\u0161 zasaden\u00edm pestr\u00fdch \u010drepn\u00edkov\u00fdch rastl\u00edn, ako s\u00fa mu\u0161k\u00e1ty \u010di hortenzie.<\/p>\n<p>Premyslen\u00e9 osvetlenie \u2014 sveteln\u00e9 re\u0165aze, lamp\u00e1\u0161e alebo n\u00e1stenn\u00e9 svietidl\u00e1 \u2014 pred\u013a\u017ei vyu\u017eitie tvojej verandy a\u017e do ve\u010dern\u00fdch hod\u00edn a dod\u00e1 priestoru tepl\u00fa, \u00fatuln\u00fa atmosf\u00e9ru. Vyu\u017eit\u00edm pr\u00edrodn\u00fdch materi\u00e1lov, ako je star\u00e9 drevo, kamenn\u00e9 doplnky \u010di kovov\u00e9 \u00fachytky, podpor\u00ed\u0161 prav\u00fd vidiecky dojem a prepoj\u00ed\u0161 verandu s okol\u00edm.<\/p>\n<p>\u010ci u\u017e tu vytvor\u00ed\u0161 jed\u00e1lensk\u00fd k\u00fat s mal\u00fdm stolom, \u010ditate\u013esk\u00fd k\u00fatik s m\u00e4kk\u00fdmi vank\u00fa\u0161mi alebo prid\u00e1\u0161 osobn\u00e9 dekor\u00e1cie z bl\u0161\u00edch trhov, tvoja vidiecka veranda sa m\u00f4\u017ee sta\u0165 tvoj\u00edm jedine\u010dn\u00fdm vonkaj\u0161\u00edm \u00fato\u010diskom, ktor\u00e9 uk\u00e1\u017ee tvoj \u0161t\u00fdl a zv\u00fdrazn\u00ed nad\u010dasov\u00e9 k\u00fazlo vidieckeho b\u00fdvania.<\/p>\n<div class=\"kt_block\" id=\"kt_id\">\n<span class=\"kt_headline\">Hlavn\u00e9 body<\/span><\/p>\n<ul class=\"kt_post_list\">\n<li><strong>\ud83c\udfe1 \u00datuln\u00fd \u00fakryt:<\/strong> Vidiecka veranda je poz\u00fdvaj\u00facim pred\u013a\u017een\u00edm domova, kde sa stret\u00e1va pohodlie s k\u00fazlom z\u00e1hrady \u2014 ide\u00e1lne na tich\u00e9 \u010d\u00edtanie aj vesel\u00e9 stretnutia.<\/li>\n<li><strong>\ud83e\ude91 Pohodln\u00e9 sedenie:<\/strong> Pr\u00faten\u00e9 kresl\u00e1, hojdacie stoli\u010dky a lavi\u010dky nie s\u00fa len na relax, ale aj dotv\u00e1raj\u00fa rustik\u00e1lny a \u010darovn\u00fd vzh\u013ead verandy.<\/li>\n<li><strong>\ud83c\udf3c \u017div\u00e9 rastliny:<\/strong> Farebn\u00e9 \u010drepn\u00edky s mu\u0161k\u00e1tmi, hortenziami a z\u00e1vesn\u00e9 ko\u0161\u00edky prin\u00e1\u0161aj\u00fa na verandu \u017eivot, farby a dotyk pr\u00edrody.<\/li>\n<li><strong>\ud83d\udca1 Premyslen\u00e9 osvetlenie:<\/strong> Sveteln\u00e9 re\u0165aze, lamp\u00e1\u0161e a n\u00e1stenn\u00e9 lampy umo\u017enia pou\u017e\u00edva\u0165 verandu aj ve\u010der a vytvoria pr\u00edjemn\u00fa atmosf\u00e9ru.<\/li>\n<\/ul>\n<\/div>\n<h2>Vstup do chalupy s kvetinov\u00fdmi detailmi<\/h2>\n<p><img loading=\"lazy\" decoding=\"async\" width=\"700\" height=\"1049\" alt=\"P\u00f4vabn\u00fd vstup do slamen\u00e9ho domu s otvoren\u00fdmi dverami, kvetinovou v\u00fdzdobou, zelen\u00fdmi gum\u00e1kmi a rustik\u00e1lnou policou s lamp\u00e1\u0161om.\" class=\"aligncenter size-full wp-image-3133\" src=\"https:\/\/doubletakedecor.com\/uploads\/2025\/07\/cottage-porch-dtd-01.jpg\" srcset=\"https:\/\/doubletakedecor.com\/uploads\/2025\/07\/cottage-porch-dtd-01.jpg 700w, https:\/\/doubletakedecor.com\/uploads\/2025\/07\/cottage-porch-dtd-01-200x300.jpg 200w, https:\/\/doubletakedecor.com\/uploads\/2025\/07\/cottage-porch-dtd-01-683x1024.jpg 683w, https:\/\/doubletakedecor.com\/uploads\/2025\/07\/cottage-porch-dtd-01-96x144.jpg 96w, https:\/\/doubletakedecor.com\/uploads\/2025\/07\/cottage-porch-dtd-01-280x420.jpg 280w, https:\/\/doubletakedecor.com\/uploads\/2025\/07\/cottage-porch-dtd-01-320x480.jpg 320w, https:\/\/doubletakedecor.com\/uploads\/2025\/07\/cottage-porch-dtd-01-360x539.jpg 360w, https:\/\/doubletakedecor.com\/uploads\/2025\/07\/cottage-porch-dtd-01-363x544.jpg 363w, https:\/\/doubletakedecor.com\/uploads\/2025\/07\/cottage-porch-dtd-01-370x554.jpg 370w, https:\/\/doubletakedecor.com\/uploads\/2025\/07\/cottage-porch-dtd-01-400x599.jpg 400w, https:\/\/doubletakedecor.com\/uploads\/2025\/07\/cottage-porch-dtd-01-560x839.jpg 560w, https:\/\/doubletakedecor.com\/uploads\/2025\/07\/cottage-porch-dtd-01-480x719.jpg 480w\" sizes=\"auto, (max-width: 700px) 100vw, 700px\" \/><\/p>\n<p>Vytvor srde\u010dn\u00e9 priv\u00edtanie t\u00fdm, \u017ee praktick\u00e9 predmety premen\u00ed\u0161 na dekor\u00e1cie. Lamp\u00e1\u0161 na poli\u010dke m\u00f4\u017ee sl\u00fa\u017ei\u0165 ako stojan pre farebn\u00e9 kvety; rustik\u00e1lne \u010drepn\u00edky dola\u010f miesto do posledn\u00e9ho detailu. Gum\u00e1ky polo\u017e tak, aby p\u00f4sobili milo a neboli len schovan\u00e9. Hrub\u0161\u00ed roho\u017e a zele\u0148 v okol\u00ed e\u0161te viac pod\u010diarknu pokoj a pohodu pri vchode.<\/p>\n<h2>Rustik\u00e1lne schodisko s \u010derven\u00fdmi mu\u0161k\u00e1tmi<\/h2>\n<p><img loading=\"lazy\" decoding=\"async\" width=\"700\" height=\"1049\" alt=\"P\u00f4vabn\u00fd vstup na verandu pri chal\u00fapke s \u010derven\u00fdmi mu\u0161k\u00e1tmi na drevenej stoli\u010dke pri \u017eltom obklade, z\u00e1vesn\u00e9 rastliny a rustik\u00e1lna stoli\u010dka.\" class=\"aligncenter size-full wp-image-3139\" src=\"https:\/\/doubletakedecor.com\/uploads\/2025\/07\/cottage-porch-dtd-02.jpg\" srcset=\"https:\/\/doubletakedecor.com\/uploads\/2025\/07\/cottage-porch-dtd-02.jpg 700w, https:\/\/doubletakedecor.com\/uploads\/2025\/07\/cottage-porch-dtd-02-200x300.jpg 200w, https:\/\/doubletakedecor.com\/uploads\/2025\/07\/cottage-porch-dtd-02-683x1024.jpg 683w, https:\/\/doubletakedecor.com\/uploads\/2025\/07\/cottage-porch-dtd-02-96x144.jpg 96w, https:\/\/doubletakedecor.com\/uploads\/2025\/07\/cottage-porch-dtd-02-280x420.jpg 280w, https:\/\/doubletakedecor.com\/uploads\/2025\/07\/cottage-porch-dtd-02-320x480.jpg 320w, https:\/\/doubletakedecor.com\/uploads\/2025\/07\/cottage-porch-dtd-02-360x539.jpg 360w, https:\/\/doubletakedecor.com\/uploads\/2025\/07\/cottage-porch-dtd-02-363x544.jpg 363w, https:\/\/doubletakedecor.com\/uploads\/2025\/07\/cottage-porch-dtd-02-370x554.jpg 370w, https:\/\/doubletakedecor.com\/uploads\/2025\/07\/cottage-porch-dtd-02-400x599.jpg 400w, https:\/\/doubletakedecor.com\/uploads\/2025\/07\/cottage-porch-dtd-02-560x839.jpg 560w, https:\/\/doubletakedecor.com\/uploads\/2025\/07\/cottage-porch-dtd-02-480x719.jpg 480w\" sizes=\"auto, (max-width: 700px) 100vw, 700px\" \/><\/p>\n<p>Zd\u00f4razni farby svojej verandy pestr\u00fdmi rastlinami. Dreven\u00fa stoli\u010dku natri na\u010derveno a pou\u017ei ju ako stojan pre v\u00fdrazn\u00e9 mu\u0161k\u00e1ty. Zaves rastliny v r\u00f4znych v\u00fd\u0161kach a pridaj star\u00fa stoli\u010dku pre h\u013abku priestoru. Kombinuj kontrastn\u00e9 farby s bled\u00fdm obkladom domu, \u010d\u00edm vznikne n\u00e1padit\u00fd, ale st\u00e1le vidiecky jemn\u00fd vzh\u013ead.<\/p>\n<h2>Rustik\u00e1lny \u010ditate\u013esk\u00fd k\u00fatik pri vstupe<\/h2>\n<p><img loading=\"lazy\" decoding=\"async\" width=\"700\" height=\"1049\" alt=\"P\u00f4vabn\u00fd biely murovan\u00fd k\u00fat s konzolov\u00fdm stol\u00edkom, zrkadlom, fialov\u00fdmi kvetmi a kreslom s kvetinov\u00fdm vank\u00fa\u0161om, ktor\u00e9 navodzuje pokojn\u00fd vidiecky \u0161t\u00fdl.\" class=\"aligncenter size-full wp-image-3145\" src=\"https:\/\/doubletakedecor.com\/uploads\/2025\/07\/cottage-porch-dtd-03.jpg\" srcset=\"https:\/\/doubletakedecor.com\/uploads\/2025\/07\/cottage-porch-dtd-03.jpg 700w, https:\/\/doubletakedecor.com\/uploads\/2025\/07\/cottage-porch-dtd-03-200x300.jpg 200w, https:\/\/doubletakedecor.com\/uploads\/2025\/07\/cottage-porch-dtd-03-683x1024.jpg 683w, https:\/\/doubletakedecor.com\/uploads\/2025\/07\/cottage-porch-dtd-03-96x144.jpg 96w, https:\/\/doubletakedecor.com\/uploads\/2025\/07\/cottage-porch-dtd-03-280x420.jpg 280w, https:\/\/doubletakedecor.com\/uploads\/2025\/07\/cottage-porch-dtd-03-320x480.jpg 320w, https:\/\/doubletakedecor.com\/uploads\/2025\/07\/cottage-porch-dtd-03-360x539.jpg 360w, https:\/\/doubletakedecor.com\/uploads\/2025\/07\/cottage-porch-dtd-03-363x544.jpg 363w, https:\/\/doubletakedecor.com\/uploads\/2025\/07\/cottage-porch-dtd-03-370x554.jpg 370w, https:\/\/doubletakedecor.com\/uploads\/2025\/07\/cottage-porch-dtd-03-400x599.jpg 400w, https:\/\/doubletakedecor.com\/uploads\/2025\/07\/cottage-porch-dtd-03-560x839.jpg 560w, https:\/\/doubletakedecor.com\/uploads\/2025\/07\/cottage-porch-dtd-03-480x719.jpg 480w\" sizes=\"auto, (max-width: 700px) 100vw, 700px\" \/><\/p>\n<p>O\u017eiv vchod \u00fatuln\u00fdm konzolov\u00fdm usporiadan\u00edm. Biely stol\u00edk postav k tehlovej stene a ozdob ho sez\u00f3nnymi kvetmi a ob\u013e\u00faben\u00fdmi fotografiami. Okr\u00fahle zrkadlo rozjasn\u00ed priestor a prid\u00e1 h\u013abku. Nezabudni pod stol\u00edk ulo\u017ei\u0165 pr\u00faten\u00e9 ko\u0161e na praktick\u00e9 skladovanie v\u0161etk\u00e9ho potrebn\u00e9ho na verandu.<\/p>\n<h2>Elegantn\u00e1 zimn\u00e1 z\u00e1hrada s kamennou terasou<\/h2>\n<p><img loading=\"lazy\" decoding=\"async\" width=\"700\" height=\"1049\" alt=\"P\u00f4vabn\u00e1 zimn\u00e1 z\u00e1hrada chalupy s bielymi oknami, kamennou terasou s dvoma stoli\u010dkami a stol\u00edkom, okolo bujn\u00e1 z\u00e1hrada a kvitn\u00face rastliny.\" class=\"aligncenter size-full wp-image-3151\" src=\"https:\/\/doubletakedecor.com\/uploads\/2025\/07\/cottage-porch-dtd-04.jpg\" srcset=\"https:\/\/doubletakedecor.com\/uploads\/2025\/07\/cottage-porch-dtd-04.jpg 700w, https:\/\/doubletakedecor.com\/uploads\/2025\/07\/cottage-porch-dtd-04-200x300.jpg 200w, https:\/\/doubletakedecor.com\/uploads\/2025\/07\/cottage-porch-dtd-04-683x1024.jpg 683w, https:\/\/doubletakedecor.com\/uploads\/2025\/07\/cottage-porch-dtd-04-96x144.jpg 96w, https:\/\/doubletakedecor.com\/uploads\/2025\/07\/cottage-porch-dtd-04-280x420.jpg 280w, https:\/\/doubletakedecor.com\/uploads\/2025\/07\/cottage-porch-dtd-04-320x480.jpg 320w, https:\/\/doubletakedecor.com\/uploads\/2025\/07\/cottage-porch-dtd-04-360x539.jpg 360w, https:\/\/doubletakedecor.com\/uploads\/2025\/07\/cottage-porch-dtd-04-363x544.jpg 363w, https:\/\/doubletakedecor.com\/uploads\/2025\/07\/cottage-porch-dtd-04-370x554.jpg 370w, https:\/\/doubletakedecor.com\/uploads\/2025\/07\/cottage-porch-dtd-04-400x599.jpg 400w, https:\/\/doubletakedecor.com\/uploads\/2025\/07\/cottage-porch-dtd-04-560x839.jpg 560w, https:\/\/doubletakedecor.com\/uploads\/2025\/07\/cottage-porch-dtd-04-480x719.jpg 480w\" sizes=\"auto, (max-width: 700px) 100vw, 700px\" \/><\/p>\n<p>Prepoj zimn\u00fa z\u00e1hradu s vonkaj\u0161\u00edm prostred\u00edm pomocou kamennej terasy. Vonku pou\u017eij biely z\u00e1hradn\u00fd n\u00e1bytok odoln\u00fd po\u010dasiu a or\u00e1muj terasu \u010drepn\u00edkmi s pestr\u00fdmi kvetmi. Ve\u013ek\u00e9 kamenn\u00e9 platne vyu\u017eije\u0161 ako chodn\u00edky medzi r\u00f4znymi \u010das\u0165ami a zachov\u00e1\u0161 harmonick\u00fd vzh\u013ead s okolitou zele\u0148ou.<\/p>\n<h2>\u017dlt\u00e1 veranda s pr\u00faten\u00fdm seden\u00edm<\/h2>\n<p><img loading=\"lazy\" decoding=\"async\" width=\"700\" height=\"1050\" alt=\"P\u00f4vabn\u00e1 \u017elt\u00e1 chalup\u00e1rska veranda s pr\u00fatenou lavicou, modr\u00fdmi vank\u00fa\u0161mi a farebn\u00fdmi kvetin\u00e1\u010dmi na drevenej podlahe.\" class=\"aligncenter size-full wp-image-3157\" src=\"https:\/\/doubletakedecor.com\/uploads\/2025\/07\/cottage-porch-dtd-05.jpg\" srcset=\"https:\/\/doubletakedecor.com\/uploads\/2025\/07\/cottage-porch-dtd-05.jpg 700w, https:\/\/doubletakedecor.com\/uploads\/2025\/07\/cottage-porch-dtd-05-200x300.jpg 200w, https:\/\/doubletakedecor.com\/uploads\/2025\/07\/cottage-porch-dtd-05-683x1024.jpg 683w, https:\/\/doubletakedecor.com\/uploads\/2025\/07\/cottage-porch-dtd-05-96x144.jpg 96w, https:\/\/doubletakedecor.com\/uploads\/2025\/07\/cottage-porch-dtd-05-280x420.jpg 280w, https:\/\/doubletakedecor.com\/uploads\/2025\/07\/cottage-porch-dtd-05-320x480.jpg 320w, https:\/\/doubletakedecor.com\/uploads\/2025\/07\/cottage-porch-dtd-05-360x540.jpg 360w, https:\/\/doubletakedecor.com\/uploads\/2025\/07\/cottage-porch-dtd-05-363x545.jpg 363w, https:\/\/doubletakedecor.com\/uploads\/2025\/07\/cottage-porch-dtd-05-370x555.jpg 370w, https:\/\/doubletakedecor.com\/uploads\/2025\/07\/cottage-porch-dtd-05-400x600.jpg 400w, https:\/\/doubletakedecor.com\/uploads\/2025\/07\/cottage-porch-dtd-05-560x840.jpg 560w, https:\/\/doubletakedecor.com\/uploads\/2025\/07\/cottage-porch-dtd-05-480x720.jpg 480w\" sizes=\"auto, (max-width: 700px) 100vw, 700px\" \/><\/p>\n<p>Vytvor na verande \u00fatuln\u00fd k\u00fatik kombin\u00e1ciou bielej pr\u00fatenej lavice s tmavomodr\u00fdmi vank\u00fa\u0161mi. Kvety v pestr\u00fdch \u010drepn\u00edkoch rozmiestni tak, aby farby p\u00f4sobili \u017eivo po\u010das cel\u00e9ho roka. Tepl\u00e1 dreven\u00e1 podlaha prid\u00e1 rustik\u00e1lny n\u00e1dych a lad\u00ed s vesel\u00fdm \u017elt\u00fdm domom. Nezabudni na mal\u00e9 dekor\u00e1cie pri vchode na spestrenie priestoru.<\/p>\n<h2>Klasick\u00e1 veranda s bielymi st\u013apmi<\/h2>\n<p><img loading=\"lazy\" decoding=\"async\" width=\"700\" height=\"1050\" alt=\"P\u00f4vabn\u00e1 jednoposchodov\u00e1 chalupa s bielymi st\u013apmi, presklen\u00fdmi dverami a lampou nad \u00fatuln\u00fdm vchodom.\" class=\"aligncenter size-full wp-image-3163\" src=\"https:\/\/doubletakedecor.com\/uploads\/2025\/07\/cottage-porch-dtd-06.jpg\" srcset=\"https:\/\/doubletakedecor.com\/uploads\/2025\/07\/cottage-porch-dtd-06.jpg 700w, https:\/\/doubletakedecor.com\/uploads\/2025\/07\/cottage-porch-dtd-06-200x300.jpg 200w, https:\/\/doubletakedecor.com\/uploads\/2025\/07\/cottage-porch-dtd-06-683x1024.jpg 683w, https:\/\/doubletakedecor.com\/uploads\/2025\/07\/cottage-porch-dtd-06-96x144.jpg 96w, https:\/\/doubletakedecor.com\/uploads\/2025\/07\/cottage-porch-dtd-06-280x420.jpg 280w, https:\/\/doubletakedecor.com\/uploads\/2025\/07\/cottage-porch-dtd-06-320x480.jpg 320w, https:\/\/doubletakedecor.com\/uploads\/2025\/07\/cottage-porch-dtd-06-360x540.jpg 360w, https:\/\/doubletakedecor.com\/uploads\/2025\/07\/cottage-porch-dtd-06-363x545.jpg 363w, https:\/\/doubletakedecor.com\/uploads\/2025\/07\/cottage-porch-dtd-06-370x555.jpg 370w, https:\/\/doubletakedecor.com\/uploads\/2025\/07\/cottage-porch-dtd-06-400x600.jpg 400w, https:\/\/doubletakedecor.com\/uploads\/2025\/07\/cottage-porch-dtd-06-560x840.jpg 560w, https:\/\/doubletakedecor.com\/uploads\/2025\/07\/cottage-porch-dtd-06-480x720.jpg 480w\" sizes=\"auto, (max-width: 700px) 100vw, 700px\" \/><\/p>\n<p>Klasick\u00fd vzh\u013ead vytvor\u00ed\u0161 symetrickou verandou s elegantn\u00fdmi bielymi st\u013apmi. Pri vstupe umiestni z oboch str\u00e1n rovnak\u00e9 kvetin\u00e1\u010de, ktor\u00e9 dodaj\u00fa zele\u0148 a rovnov\u00e1hu. Nad dvere nain\u0161taluj v\u00fdrazn\u00fd lamp\u00e1\u0161, ktor\u00fd pr\u00edjemne osvetl\u00ed vstup. Cestu k domu udr\u017euj jasne vyzna\u010den\u00fa a tvaruj okraje, aby host\u00ed viedla priamo k dver\u00e1m.<\/p>\n<h2>Pr\u00faten\u00e9 sedenie na verande<\/h2>\n<p><img loading=\"lazy\" decoding=\"async\" width=\"700\" height=\"1050\" alt=\"\u00datuln\u00e1 veranda s dvomi pr\u00faten\u00fdmi kreslami, okr\u00fahlym stol\u00edkom, \u010drepn\u00edkov\u00fdmi rastlinami a pr\u00edrodn\u00fdm koberecom pri bielom plote.\" class=\"aligncenter size-full wp-image-3169\" src=\"https:\/\/doubletakedecor.com\/uploads\/2025\/07\/cottage-porch-dtd-07.jpg\" srcset=\"https:\/\/doubletakedecor.com\/uploads\/2025\/07\/cottage-porch-dtd-07.jpg 700w, https:\/\/doubletakedecor.com\/uploads\/2025\/07\/cottage-porch-dtd-07-200x300.jpg 200w, https:\/\/doubletakedecor.com\/uploads\/2025\/07\/cottage-porch-dtd-07-683x1024.jpg 683w, https:\/\/doubletakedecor.com\/uploads\/2025\/07\/cottage-porch-dtd-07-96x144.jpg 96w, https:\/\/doubletakedecor.com\/uploads\/2025\/07\/cottage-porch-dtd-07-280x420.jpg 280w, https:\/\/doubletakedecor.com\/uploads\/2025\/07\/cottage-porch-dtd-07-320x480.jpg 320w, https:\/\/doubletakedecor.com\/uploads\/2025\/07\/cottage-porch-dtd-07-360x540.jpg 360w, https:\/\/doubletakedecor.com\/uploads\/2025\/07\/cottage-porch-dtd-07-363x545.jpg 363w, https:\/\/doubletakedecor.com\/uploads\/2025\/07\/cottage-porch-dtd-07-370x555.jpg 370w, https:\/\/doubletakedecor.com\/uploads\/2025\/07\/cottage-porch-dtd-07-400x600.jpg 400w, https:\/\/doubletakedecor.com\/uploads\/2025\/07\/cottage-porch-dtd-07-560x840.jpg 560w, https:\/\/doubletakedecor.com\/uploads\/2025\/07\/cottage-porch-dtd-07-480x720.jpg 480w\" sizes=\"auto, (max-width: 700px) 100vw, 700px\" \/><\/p>\n<p>Zria\u010f na verande k\u00fatik na rozhovor pr\u00faten\u00fdmi kreslami stojacimi na pr\u00edrodnom koberci, ktor\u00fd prid\u00e1va text\u00faru. Medzi kresl\u00e1 postav mal\u00fd okr\u00fahly stol\u00edk na n\u00e1poje alebo knihy. Miesto o\u017eiv \u010drepn\u00edkov\u00fdmi rastlinami r\u00f4znej v\u00fd\u0161ky a z\u00e1vesn\u00fdm ko\u0161\u00edkom pre zauj\u00edmav\u00fd vzh\u013ead. Takto vytvor\u00ed\u0161 pohodlie a vzdu\u0161n\u00fa, pr\u00edrodn\u00fa atmosf\u00e9ru.<\/p>\n<h2>Pr\u00edvetiv\u00fd stol\u00edk v z\u00e1hradke<\/h2>\n<p><img loading=\"lazy\" decoding=\"async\" width=\"700\" height=\"1050\" alt=\"\u00datuln\u00e9 z\u00e1hradn\u00e9 sedenie s okr\u00fahlym zelen\u00fdm stolom, zladen\u00fdmi stoli\u010dkami a farebn\u00fdmi \u010drepn\u00edkmi s kvetmi pri bielej tehlovej stene.\" class=\"aligncenter size-full wp-image-3175\" src=\"https:\/\/doubletakedecor.com\/uploads\/2025\/07\/cottage-porch-dtd-08.jpg\" srcset=\"https:\/\/doubletakedecor.com\/uploads\/2025\/07\/cottage-porch-dtd-08.jpg 700w, https:\/\/doubletakedecor.com\/uploads\/2025\/07\/cottage-porch-dtd-08-200x300.jpg 200w, https:\/\/doubletakedecor.com\/uploads\/2025\/07\/cottage-porch-dtd-08-683x1024.jpg 683w, https:\/\/doubletakedecor.com\/uploads\/2025\/07\/cottage-porch-dtd-08-96x144.jpg 96w, https:\/\/doubletakedecor.com\/uploads\/2025\/07\/cottage-porch-dtd-08-280x420.jpg 280w, https:\/\/doubletakedecor.com\/uploads\/2025\/07\/cottage-porch-dtd-08-320x480.jpg 320w, https:\/\/doubletakedecor.com\/uploads\/2025\/07\/cottage-porch-dtd-08-360x540.jpg 360w, https:\/\/doubletakedecor.com\/uploads\/2025\/07\/cottage-porch-dtd-08-363x545.jpg 363w, https:\/\/doubletakedecor.com\/uploads\/2025\/07\/cottage-porch-dtd-08-370x555.jpg 370w, https:\/\/doubletakedecor.com\/uploads\/2025\/07\/cottage-porch-dtd-08-400x600.jpg 400w, https:\/\/doubletakedecor.com\/uploads\/2025\/07\/cottage-porch-dtd-08-560x840.jpg 560w, https:\/\/doubletakedecor.com\/uploads\/2025\/07\/cottage-porch-dtd-08-480x720.jpg 480w\" sizes=\"auto, (max-width: 700px) 100vw, 700px\" \/><\/p>\n<p>O\u017eiv verandu bistro seden\u00edm. Vyber jemne farebn\u00fd st\u00f4l, ktor\u00fd sa hod\u00ed k fas\u00e1de domu, a pou\u017eij ve\u013ek\u00fd \u010drepn\u00edk s mie\u0161an\u00fdmi sez\u00f3nnymi kvetmi ako hlavn\u00fd doplnok. Stol\u00edk umiestni k stene pre \u00fatulnej\u0161ie posedenie a ohrani\u010d miesto kame\u0148mi, aby bol priestor jasne vymedzen\u00fd a podlaha stabiln\u00e1 pre n\u00e1bytok.<\/p>\n<h2>Klasick\u00fd siv\u00fd dom s bielymi st\u013apmi<\/h2>\n<p><img loading=\"lazy\" decoding=\"async\" width=\"700\" height=\"1050\" alt=\"P\u00f4vabn\u00e1 dvojposchodov\u00e1 chalupa so siv\u00fdm obkladom, bielymi st\u013apmi na prednej verande, okolit\u00e1 pestr\u00e1 z\u00e1hrada a biely plot.\" class=\"aligncenter size-full wp-image-3181\" src=\"https:\/\/doubletakedecor.com\/uploads\/2025\/07\/cottage-porch-dtd-09.jpg\" srcset=\"https:\/\/doubletakedecor.com\/uploads\/2025\/07\/cottage-porch-dtd-09.jpg 700w, https:\/\/doubletakedecor.com\/uploads\/2025\/07\/cottage-porch-dtd-09-200x300.jpg 200w, https:\/\/doubletakedecor.com\/uploads\/2025\/07\/cottage-porch-dtd-09-683x1024.jpg 683w, https:\/\/doubletakedecor.com\/uploads\/2025\/07\/cottage-porch-dtd-09-96x144.jpg 96w, https:\/\/doubletakedecor.com\/uploads\/2025\/07\/cottage-porch-dtd-09-280x420.jpg 280w, https:\/\/doubletakedecor.com\/uploads\/2025\/07\/cottage-porch-dtd-09-320x480.jpg 320w, https:\/\/doubletakedecor.com\/uploads\/2025\/07\/cottage-porch-dtd-09-360x540.jpg 360w, https:\/\/doubletakedecor.com\/uploads\/2025\/07\/cottage-porch-dtd-09-363x545.jpg 363w, https:\/\/doubletakedecor.com\/uploads\/2025\/07\/cottage-porch-dtd-09-370x555.jpg 370w, https:\/\/doubletakedecor.com\/uploads\/2025\/07\/cottage-porch-dtd-09-400x600.jpg 400w, https:\/\/doubletakedecor.com\/uploads\/2025\/07\/cottage-porch-dtd-09-560x840.jpg 560w, https:\/\/doubletakedecor.com\/uploads\/2025\/07\/cottage-porch-dtd-09-480x720.jpg 480w\" sizes=\"auto, (max-width: 700px) 100vw, 700px\" \/><\/p>\n<p>Vytvor poz\u00fdvac\u00ed vstup kombin\u00e1ciou \u0161trkov\u00e9ho chodn\u00edka s pestrou v\u00fdsadbou pri dome. Verandu or\u00e1muj bielymi st\u013apmi pre elegantn\u00fd, nad\u010dasov\u00fd vzh\u013ead a zv\u00fdrazni kontrast \u010diernymi okenicami na svetlej fas\u00e1de. Biely picket plot vymedz\u00ed z\u00e1hony a z\u00e1rove\u0148 nech\u00e1 dom otvoren\u00fd a v\u00edtaj\u00faci.<\/p>\n<h2>Tehlov\u00fd chodn\u00edk s kvetinov\u00fdmi z\u00e1honmi<\/h2>\n<p><img loading=\"lazy\" decoding=\"async\" width=\"700\" height=\"1050\" alt=\"Dvojposchodov\u00e1 \u017elt\u00e1 chalupa s v\u00ednov\u00fdmi okenicami, bielym z\u00e1bradl\u00edm na verande, tehlov\u00fdm chodn\u00edkom a farebn\u00fdmi kvetinov\u00fdmi z\u00e1honmi ohrani\u010den\u00fdmi bielymi rie\u010dnymi kame\u0148mi.\" class=\"aligncenter size-full wp-image-3187\" src=\"https:\/\/doubletakedecor.com\/uploads\/2025\/07\/cottage-porch-dtd-10.jpg\" srcset=\"https:\/\/doubletakedecor.com\/uploads\/2025\/07\/cottage-porch-dtd-10.jpg 700w, https:\/\/doubletakedecor.com\/uploads\/2025\/07\/cottage-porch-dtd-10-200x300.jpg 200w, https:\/\/doubletakedecor.com\/uploads\/2025\/07\/cottage-porch-dtd-10-683x1024.jpg 683w, https:\/\/doubletakedecor.com\/uploads\/2025\/07\/cottage-porch-dtd-10-96x144.jpg 96w, https:\/\/doubletakedecor.com\/uploads\/2025\/07\/cottage-porch-dtd-10-280x420.jpg 280w, https:\/\/doubletakedecor.com\/uploads\/2025\/07\/cottage-porch-dtd-10-320x480.jpg 320w, https:\/\/doubletakedecor.com\/uploads\/2025\/07\/cottage-porch-dtd-10-360x540.jpg 360w, https:\/\/doubletakedecor.com\/uploads\/2025\/07\/cottage-porch-dtd-10-363x545.jpg 363w, https:\/\/doubletakedecor.com\/uploads\/2025\/07\/cottage-porch-dtd-10-370x555.jpg 370w, https:\/\/doubletakedecor.com\/uploads\/2025\/07\/cottage-porch-dtd-10-400x600.jpg 400w, https:\/\/doubletakedecor.com\/uploads\/2025\/07\/cottage-porch-dtd-10-560x840.jpg 560w, https:\/\/doubletakedecor.com\/uploads\/2025\/07\/cottage-porch-dtd-10-480x720.jpg 480w\" sizes=\"auto, (max-width: 700px) 100vw, 700px\" \/><\/p>\n<p>Vstup spestri dekorat\u00edvnym tehlov\u00fdm chodn\u00edkom s kvetinov\u00fdmi z\u00e1honmi na oboch stran\u00e1ch. Biele rie\u010dne kamene pou\u017ei ako okraje z\u00e1honov, ktor\u00e9 jasne oddelia priestor a pridaj\u00fa \u0161trukt\u00faru. Kombinuj trvalky a sez\u00f3nne kvety, v\u010faka \u010domu bude chodn\u00edk kr\u00e1sne farebn\u00fd po\u010das cel\u00e9ho roka a lad\u00ed s detailmi na verande.<\/p>\n<h2>Elegantn\u00e9 schody na verande<\/h2>\n<p><img loading=\"lazy\" decoding=\"async\" width=\"700\" height=\"1049\" alt=\"Priv\u00edtacie dreven\u00e9 schody s bielymi z\u00e1bradliami, obl\u00fakov\u00fd kamienkov\u00fd chodn\u00edk a pestr\u00e9 rastliny v z\u00e1hrade.\" class=\"aligncenter size-full wp-image-3193\" src=\"https:\/\/doubletakedecor.com\/uploads\/2025\/07\/cottage-porch-dtd-11.jpg\" srcset=\"https:\/\/doubletakedecor.com\/uploads\/2025\/07\/cottage-porch-dtd-11.jpg 700w, https:\/\/doubletakedecor.com\/uploads\/2025\/07\/cottage-porch-dtd-11-200x300.jpg 200w, https:\/\/doubletakedecor.com\/uploads\/2025\/07\/cottage-porch-dtd-11-683x1024.jpg 683w, https:\/\/doubletakedecor.com\/uploads\/2025\/07\/cottage-porch-dtd-11-96x144.jpg 96w, https:\/\/doubletakedecor.com\/uploads\/2025\/07\/cottage-porch-dtd-11-280x420.jpg 280w, https:\/\/doubletakedecor.com\/uploads\/2025\/07\/cottage-porch-dtd-11-320x480.jpg 320w, https:\/\/doubletakedecor.com\/uploads\/2025\/07\/cottage-porch-dtd-11-360x539.jpg 360w, https:\/\/doubletakedecor.com\/uploads\/2025\/07\/cottage-porch-dtd-11-363x544.jpg 363w, https:\/\/doubletakedecor.com\/uploads\/2025\/07\/cottage-porch-dtd-11-370x554.jpg 370w, https:\/\/doubletakedecor.com\/uploads\/2025\/07\/cottage-porch-dtd-11-400x599.jpg 400w, https:\/\/doubletakedecor.com\/uploads\/2025\/07\/cottage-porch-dtd-11-560x839.jpg 560w, https:\/\/doubletakedecor.com\/uploads\/2025\/07\/cottage-porch-dtd-11-480x719.jpg 480w\" sizes=\"auto, (max-width: 700px) 100vw, 700px\" \/><\/p>\n<p>Priv\u00edtaj host\u00ed stmavo moren\u00fdmi dreven\u00fdmi schodmi a bielymi dekora\u010dn\u00fdmi st\u013apikmi. Na z\u00e1bradlie pridaj jemn\u00e9 svetlozelen\u00e9 prvky. Vzh\u013ead schodiska zv\u00fdrazni zakriven\u00fdm kamienkov\u00fdm chodn\u00edkom, ktor\u00fd or\u00e1muj dla\u017edicami, a pridaj kontrast farebn\u00fdch mul\u010dov a tr\u00e1vnat\u00fdch pl\u00f4ch. Toto spojenie klasiky a moderny pod\u010diarkne \u010daro tvojej chalupy.<\/p>\n<h2>Pr\u00faten\u00fd a hrav\u00fd k\u00fatik na verande<\/h2>\n<p><img loading=\"lazy\" decoding=\"async\" width=\"700\" height=\"1050\" alt=\"\u00datuln\u00e1 chalup\u00e1rska veranda s bielym pr\u00faten\u00fdm n\u00e1bytkom, farebn\u00fdmi vank\u00fa\u0161mi, \u010drepn\u00edkov\u00fdmi rastlinami a stropn\u00fdm ventil\u00e1torom.\" class=\"aligncenter size-full wp-image-3199\" src=\"https:\/\/doubletakedecor.com\/uploads\/2025\/07\/cottage-porch-dtd-12.jpg\" srcset=\"https:\/\/doubletakedecor.com\/uploads\/2025\/07\/cottage-porch-dtd-12.jpg 700w, https:\/\/doubletakedecor.com\/uploads\/2025\/07\/cottage-porch-dtd-12-200x300.jpg 200w, https:\/\/doubletakedecor.com\/uploads\/2025\/07\/cottage-porch-dtd-12-683x1024.jpg 683w, https:\/\/doubletakedecor.com\/uploads\/2025\/07\/cottage-porch-dtd-12-96x144.jpg 96w, https:\/\/doubletakedecor.com\/uploads\/2025\/07\/cottage-porch-dtd-12-280x420.jpg 280w, https:\/\/doubletakedecor.com\/uploads\/2025\/07\/cottage-porch-dtd-12-320x480.jpg 320w, https:\/\/doubletakedecor.com\/uploads\/2025\/07\/cottage-porch-dtd-12-360x540.jpg 360w, https:\/\/doubletakedecor.com\/uploads\/2025\/07\/cottage-porch-dtd-12-363x545.jpg 363w, https:\/\/doubletakedecor.com\/uploads\/2025\/07\/cottage-porch-dtd-12-370x555.jpg 370w, https:\/\/doubletakedecor.com\/uploads\/2025\/07\/cottage-porch-dtd-12-400x600.jpg 400w, https:\/\/doubletakedecor.com\/uploads\/2025\/07\/cottage-porch-dtd-12-560x840.jpg 560w, https:\/\/doubletakedecor.com\/uploads\/2025\/07\/cottage-porch-dtd-12-480x720.jpg 480w\" sizes=\"auto, (max-width: 700px) 100vw, 700px\" \/><\/p>\n<p>Preme\u0148 verandu na oddychov\u00e9 miesto kombin\u00e1ciou bieleho pr\u00faten\u00e9ho n\u00e1bytku a pestr\u00fdch vank\u00fa\u0161ov so vzormi. Sklenen\u00fd stol\u00edk vyu\u017eij na odkladanie a \u010derstv\u00e9 kvety pridaj\u00fa \u010fal\u0161iu d\u00e1vku farieb. V hor\u00facich d\u0148och sa bude hodi\u0165 stropn\u00fd ventil\u00e1tor, zatia\u013e \u010do koberec priestor z\u00fatuln\u00ed. \u010crepn\u00edky a z\u00e1vesn\u00e9 ko\u0161\u00edky e\u0161te viac zv\u00fdraznia svie\u017eu a \u00fatuln\u00fa atmosf\u00e9ru.<\/p>\n<h2>K\u00fatik s botanick\u00fdm mot\u00edvom<\/h2>\n<p><img loading=\"lazy\" decoding=\"async\" width=\"700\" height=\"1050\" alt=\"Biely hojdac\u00ed stoli\u010dka s botanick\u00fdm vank\u00fa\u0161om pri rustik\u00e1lnom stol\u00edku, obklopen\u00e1 pestrofarebn\u00fdmi \u010drepn\u00edkov\u00fdmi kvetmi a zele\u0148ou.\" class=\"aligncenter size-full wp-image-3205\" src=\"https:\/\/doubletakedecor.com\/uploads\/2025\/07\/cottage-porch-dtd-13.jpg\" srcset=\"https:\/\/doubletakedecor.com\/uploads\/2025\/07\/cottage-porch-dtd-13.jpg 700w, https:\/\/doubletakedecor.com\/uploads\/2025\/07\/cottage-porch-dtd-13-200x300.jpg 200w, https:\/\/doubletakedecor.com\/uploads\/2025\/07\/cottage-porch-dtd-13-683x1024.jpg 683w, https:\/\/doubletakedecor.com\/uploads\/2025\/07\/cottage-porch-dtd-13-96x144.jpg 96w, https:\/\/doubletakedecor.com\/uploads\/2025\/07\/cottage-porch-dtd-13-280x420.jpg 280w, https:\/\/doubletakedecor.com\/uploads\/2025\/07\/cottage-porch-dtd-13-320x480.jpg 320w, https:\/\/doubletakedecor.com\/uploads\/2025\/07\/cottage-porch-dtd-13-360x540.jpg 360w, https:\/\/doubletakedecor.com\/uploads\/2025\/07\/cottage-porch-dtd-13-363x545.jpg 363w, https:\/\/doubletakedecor.com\/uploads\/2025\/07\/cottage-porch-dtd-13-370x555.jpg 370w, https:\/\/doubletakedecor.com\/uploads\/2025\/07\/cottage-porch-dtd-13-400x600.jpg 400w, https:\/\/doubletakedecor.com\/uploads\/2025\/07\/cottage-porch-dtd-13-560x840.jpg 560w, https:\/\/doubletakedecor.com\/uploads\/2025\/07\/cottage-porch-dtd-13-480x720.jpg 480w\" sizes=\"auto, (max-width: 700px) 100vw, 700px\" \/><\/p>\n<p>Urob si \u00fatuln\u00fd \u010ditate\u013esk\u00fd k\u00fatik s bielou hojdacou stoli\u010dkou a vank\u00fa\u0161om s botanick\u00fdm mot\u00edvom. Kvety v \u010drepn\u00edkoch ulo\u017e do r\u00f4znych v\u00fd\u0161ok \u2014 v\u0161imni si origin\u00e1lny vt\u00e1\u010d\u00ed dom\u010dek pou\u017eit\u00fd ako kvetin\u00e1\u010d, ktor\u00fd p\u00f4sob\u00ed vintage. Pri stoli\u010dku polo\u017e rustik\u00e1lny stol\u00edk na odkladanie vec\u00ed alebo lamp\u00e1\u0161e pre pr\u00edjemn\u00e9 ve\u010dern\u00e9 svetlo. Rozmanit\u00e9 n\u00e1doby zvy\u0161uj\u00fa zauj\u00edmavos\u0165 priestoru.<\/p>\n<h2>Jesenn\u00e1 dekor\u00e1cia na verande chalupy<\/h2>\n<p><img loading=\"lazy\" decoding=\"async\" width=\"700\" height=\"1050\" alt=\"P\u00f4vabn\u00e1 biela veranda chalupy ozdoben\u00e1 jesenn\u00fdmi chryzant\u00e9mami, z\u00e1vesn\u00fdmi kvetinov\u00fdmi ko\u0161mi a dekora\u010dn\u00fdmi tekvicami pre sez\u00f3nnu atmosf\u00e9ru.\" class=\"aligncenter size-full wp-image-3211\" src=\"https:\/\/doubletakedecor.com\/uploads\/2025\/07\/cottage-porch-dtd-14.jpg\" srcset=\"https:\/\/doubletakedecor.com\/uploads\/2025\/07\/cottage-porch-dtd-14.jpg 700w, https:\/\/doubletakedecor.com\/uploads\/2025\/07\/cottage-porch-dtd-14-200x300.jpg 200w, https:\/\/doubletakedecor.com\/uploads\/2025\/07\/cottage-porch-dtd-14-683x1024.jpg 683w, https:\/\/doubletakedecor.com\/uploads\/2025\/07\/cottage-porch-dtd-14-96x144.jpg 96w, https:\/\/doubletakedecor.com\/uploads\/2025\/07\/cottage-porch-dtd-14-280x420.jpg 280w, https:\/\/doubletakedecor.com\/uploads\/2025\/07\/cottage-porch-dtd-14-320x480.jpg 320w, https:\/\/doubletakedecor.com\/uploads\/2025\/07\/cottage-porch-dtd-14-360x540.jpg 360w, https:\/\/doubletakedecor.com\/uploads\/2025\/07\/cottage-porch-dtd-14-363x545.jpg 363w, https:\/\/doubletakedecor.com\/uploads\/2025\/07\/cottage-porch-dtd-14-370x555.jpg 370w, https:\/\/doubletakedecor.com\/uploads\/2025\/07\/cottage-porch-dtd-14-400x600.jpg 400w, https:\/\/doubletakedecor.com\/uploads\/2025\/07\/cottage-porch-dtd-14-560x840.jpg 560w, https:\/\/doubletakedecor.com\/uploads\/2025\/07\/cottage-porch-dtd-14-480x720.jpg 480w\" sizes=\"auto, (max-width: 700px) 100vw, 700px\" \/><\/p>\n<p>Vytvor pr\u00edvetiv\u00fd jesenn\u00fd vstup tak, \u017ee na schody verandy nasklad\u00e1\u0161 farebn\u00e9 chryzant\u00e9my spolu s r\u00f4znymi tekvicami. Zaves pestr\u00e9 kvetinov\u00e9 ko\u0161e, ktor\u00e9 up\u00fataj\u00fa poh\u013ead smerom nahor, a pridaj su\u0161en\u00e9 tr\u00e1vy pre vidiecky n\u00e1dych. Striedaj oran\u017eov\u00e9 a biele tekvice \u2013 spolu p\u00f4sobia elegantne a kr\u00e1sne kontrastuj\u00fa s tvoj\u00edm domom. Cel\u00e9 to pekne or\u00e1muje vchod a vytvor\u00ed \u00fatuln\u00fa atmosf\u00e9ru.<\/p>\n<h2>Farebn\u00e1 jesenn\u00e1 dekor\u00e1cia na verande<\/h2>\n<p><img loading=\"lazy\" decoding=\"async\" width=\"700\" height=\"1050\" alt=\"Pohostinn\u00e1 biela veranda chalupy so zavesen\u00fdmi papra\u010fami, jesenn\u00fdmi \u010drepn\u00edkov\u00fdmi rastlinami a pohodln\u00fdm hojdac\u00edm kreslom pri kamennom chodn\u00edku.\" class=\"aligncenter size-full wp-image-3217\" src=\"https:\/\/doubletakedecor.com\/uploads\/2025\/07\/cottage-porch-dtd-15.jpg\" srcset=\"https:\/\/doubletakedecor.com\/uploads\/2025\/07\/cottage-porch-dtd-15.jpg 700w, https:\/\/doubletakedecor.com\/uploads\/2025\/07\/cottage-porch-dtd-15-200x300.jpg 200w, https:\/\/doubletakedecor.com\/uploads\/2025\/07\/cottage-porch-dtd-15-683x1024.jpg 683w, https:\/\/doubletakedecor.com\/uploads\/2025\/07\/cottage-porch-dtd-15-96x144.jpg 96w, https:\/\/doubletakedecor.com\/uploads\/2025\/07\/cottage-porch-dtd-15-280x420.jpg 280w, https:\/\/doubletakedecor.com\/uploads\/2025\/07\/cottage-porch-dtd-15-320x480.jpg 320w, https:\/\/doubletakedecor.com\/uploads\/2025\/07\/cottage-porch-dtd-15-360x540.jpg 360w, https:\/\/doubletakedecor.com\/uploads\/2025\/07\/cottage-porch-dtd-15-363x545.jpg 363w, https:\/\/doubletakedecor.com\/uploads\/2025\/07\/cottage-porch-dtd-15-370x555.jpg 370w, https:\/\/doubletakedecor.com\/uploads\/2025\/07\/cottage-porch-dtd-15-400x600.jpg 400w, https:\/\/doubletakedecor.com\/uploads\/2025\/07\/cottage-porch-dtd-15-560x840.jpg 560w, https:\/\/doubletakedecor.com\/uploads\/2025\/07\/cottage-porch-dtd-15-480x720.jpg 480w\" sizes=\"auto, (max-width: 700px) 100vw, 700px\" \/><\/p>\n<p>Priprav si \u00fatuln\u00fa jesenn\u00fa verandu so zavesen\u00fdmi papra\u010fami a oran\u017eov\u00fdmi \u010drepn\u00edkov\u00fdmi rastlinami, ktor\u00e9 kr\u00e1sne vynikn\u00fa pri bielej fas\u00e1de. Pridaj klasick\u00e9 hojdacie kreslo pre pr\u00edjemn\u00e9 posedenie a postav na schody v\u00e1zy r\u00f4znych v\u00fd\u0161ok, aby veranda p\u00f4sobila zauj\u00edmavo. Pravidelne upravuj chodn\u00edk ku vchodu \u2013 dod\u00e1 tvojmu domu \u0161mrnc a zv\u00fdrazn\u00ed zmenu ro\u010dn\u00e9ho obdobia.<\/p>\n<h2>Jese\u0148 v rohu chalupovej verandy<\/h2>\n<p><img loading=\"lazy\" decoding=\"async\" width=\"700\" height=\"1050\" alt=\"Pr\u00edvetiv\u00e1 chalupov\u00e1 veranda s pletenou stoli\u010dkou, oran\u017eovou dekou, chryzant\u00e9mami, pr\u00edrodn\u00fdm vencom a sez\u00f3nnymi tekvicami, ktor\u00e9 vytv\u00e1raj\u00fa tepl\u00fa jesenn\u00fa atmosf\u00e9ru.\" class=\"aligncenter size-full wp-image-3223\" src=\"https:\/\/doubletakedecor.com\/uploads\/2025\/07\/cottage-porch-dtd-16.jpg\" srcset=\"https:\/\/doubletakedecor.com\/uploads\/2025\/07\/cottage-porch-dtd-16.jpg 700w, https:\/\/doubletakedecor.com\/uploads\/2025\/07\/cottage-porch-dtd-16-200x300.jpg 200w, https:\/\/doubletakedecor.com\/uploads\/2025\/07\/cottage-porch-dtd-16-683x1024.jpg 683w, https:\/\/doubletakedecor.com\/uploads\/2025\/07\/cottage-porch-dtd-16-96x144.jpg 96w, https:\/\/doubletakedecor.com\/uploads\/2025\/07\/cottage-porch-dtd-16-280x420.jpg 280w, https:\/\/doubletakedecor.com\/uploads\/2025\/07\/cottage-porch-dtd-16-320x480.jpg 320w, https:\/\/doubletakedecor.com\/uploads\/2025\/07\/cottage-porch-dtd-16-360x540.jpg 360w, https:\/\/doubletakedecor.com\/uploads\/2025\/07\/cottage-porch-dtd-16-363x545.jpg 363w, https:\/\/doubletakedecor.com\/uploads\/2025\/07\/cottage-porch-dtd-16-370x555.jpg 370w, https:\/\/doubletakedecor.com\/uploads\/2025\/07\/cottage-porch-dtd-16-400x600.jpg 400w, https:\/\/doubletakedecor.com\/uploads\/2025\/07\/cottage-porch-dtd-16-560x840.jpg 560w, https:\/\/doubletakedecor.com\/uploads\/2025\/07\/cottage-porch-dtd-16-480x720.jpg 480w\" sizes=\"auto, (max-width: 700px) 100vw, 700px\" \/><\/p>\n<p>Preme\u0148 k\u00fat svojej verandy na jesenn\u00fd oddychov\u00fd k\u00fatik \u2013 sta\u010d\u00ed pohodln\u00e1 pleten\u00e1 stoli\u010dka s dekou v tepl\u00fdch farb\u00e1ch. Pestro rozmiestni \u010drepn\u00edky s chryzant\u00e9mami a zelen\u00fdmi rastlinami r\u00f4znych ve\u013ekost\u00ed. Tekvice, biele aj oran\u017eov\u00e9, polo\u017e na zem. Na stenu zaveste vidiecky veniec. Na policu v nieko\u013ek\u00fdch \u00farovniach pridaj \u010fal\u0161ie sez\u00f3nne kvety \u2013 v\u00fdsledok bude dokonal\u00fd.<\/p>\n<h2>Priv\u00edtanie na verande s jesennou v\u00fdzdobou<\/h2>\n<p><img loading=\"lazy\" decoding=\"async\" width=\"700\" height=\"1050\" alt=\"Priv\u00edtaj\u00faca biela chalupa s dreven\u00fdmi dverami, sez\u00f3nnym vencom, n\u00e1stenn\u00fdmi lamp\u00e1\u0161mi, \u010derven\u00fdmi kvetmi a drevenou lavi\u010dkou, ktor\u00e9 vytv\u00e1raj\u00fa \u00fatuln\u00fa verandu.\" class=\"aligncenter size-full wp-image-3229\" src=\"https:\/\/doubletakedecor.com\/uploads\/2025\/07\/cottage-porch-dtd-17.jpg\" srcset=\"https:\/\/doubletakedecor.com\/uploads\/2025\/07\/cottage-porch-dtd-17.jpg 700w, https:\/\/doubletakedecor.com\/uploads\/2025\/07\/cottage-porch-dtd-17-200x300.jpg 200w, https:\/\/doubletakedecor.com\/uploads\/2025\/07\/cottage-porch-dtd-17-683x1024.jpg 683w, https:\/\/doubletakedecor.com\/uploads\/2025\/07\/cottage-porch-dtd-17-96x144.jpg 96w, https:\/\/doubletakedecor.com\/uploads\/2025\/07\/cottage-porch-dtd-17-280x420.jpg 280w, https:\/\/doubletakedecor.com\/uploads\/2025\/07\/cottage-porch-dtd-17-320x480.jpg 320w, https:\/\/doubletakedecor.com\/uploads\/2025\/07\/cottage-porch-dtd-17-360x540.jpg 360w, https:\/\/doubletakedecor.com\/uploads\/2025\/07\/cottage-porch-dtd-17-363x545.jpg 363w, https:\/\/doubletakedecor.com\/uploads\/2025\/07\/cottage-porch-dtd-17-370x555.jpg 370w, https:\/\/doubletakedecor.com\/uploads\/2025\/07\/cottage-porch-dtd-17-400x600.jpg 400w, https:\/\/doubletakedecor.com\/uploads\/2025\/07\/cottage-porch-dtd-17-560x840.jpg 560w, https:\/\/doubletakedecor.com\/uploads\/2025\/07\/cottage-porch-dtd-17-480x720.jpg 480w\" sizes=\"auto, (max-width: 700px) 100vw, 700px\" \/><\/p>\n<p>Vytvor nad\u010dasov\u00e9 priv\u00edtanie t\u00fdm, \u017ee k dreven\u00fdm dver\u00e1m prid\u00e1\u0161 rovnak\u00e9 svietniky na oboch stran\u00e1ch aj harmonizuj\u00face rastliny. Kvetin\u00e1\u010de polo\u017e na r\u00f4zne v\u00fd\u0161ky pre zauj\u00edmav\u00fd vzh\u013ead. Dopl\u0148 sez\u00f3nny veniec, ktor\u00fd bude ladi\u0165 s domom, a pridaj pohodln\u00fa lavi\u010dku \u2013 v\u00fdborne posl\u00fa\u017ei pri ve\u010dern\u00fdch rozhovoroch.<\/p>\n<h2>Chalupov\u00fd vchod so\u00a0kamenn\u00fdm chodn\u00edkom<\/h2>\n<p><img loading=\"lazy\" decoding=\"async\" width=\"700\" height=\"1050\" alt=\"P\u00f4vabn\u00fd exteri\u00e9r chalupy s drevenou verandou, kamenn\u00fdm chodn\u00edkom lemovan\u00fdm pestrofarebn\u00fdmi z\u00e1honmi a svie\u017eim zelen\u00fdm tr\u00e1vnikom.\" class=\"aligncenter size-full wp-image-3235\" src=\"https:\/\/doubletakedecor.com\/uploads\/2025\/07\/cottage-porch-dtd-18.jpg\" srcset=\"https:\/\/doubletakedecor.com\/uploads\/2025\/07\/cottage-porch-dtd-18.jpg 700w, https:\/\/doubletakedecor.com\/uploads\/2025\/07\/cottage-porch-dtd-18-200x300.jpg 200w, https:\/\/doubletakedecor.com\/uploads\/2025\/07\/cottage-porch-dtd-18-683x1024.jpg 683w, https:\/\/doubletakedecor.com\/uploads\/2025\/07\/cottage-porch-dtd-18-96x144.jpg 96w, https:\/\/doubletakedecor.com\/uploads\/2025\/07\/cottage-porch-dtd-18-280x420.jpg 280w, https:\/\/doubletakedecor.com\/uploads\/2025\/07\/cottage-porch-dtd-18-320x480.jpg 320w, https:\/\/doubletakedecor.com\/uploads\/2025\/07\/cottage-porch-dtd-18-360x540.jpg 360w, https:\/\/doubletakedecor.com\/uploads\/2025\/07\/cottage-porch-dtd-18-363x545.jpg 363w, https:\/\/doubletakedecor.com\/uploads\/2025\/07\/cottage-porch-dtd-18-370x555.jpg 370w, https:\/\/doubletakedecor.com\/uploads\/2025\/07\/cottage-porch-dtd-18-400x600.jpg 400w, https:\/\/doubletakedecor.com\/uploads\/2025\/07\/cottage-porch-dtd-18-560x840.jpg 560w, https:\/\/doubletakedecor.com\/uploads\/2025\/07\/cottage-porch-dtd-18-480x720.jpg 480w\" sizes=\"auto, (max-width: 700px) 100vw, 700px\" \/><\/p>\n<p>Zla\u010f vstup do chalupy kombin\u00e1ciou ve\u013ek\u00fdch ploch\u00fdch kame\u0148ov a farebn\u00fdch \u010drepn\u00edkov\u00fdch rastl\u00edn. Vidiecke materi\u00e1ly chodn\u00edka a pestrofarebn\u00e9 kvetiny spolo\u010dne pod\u010diarknu kr\u00e1su tvojej verandy. Kvetin\u00e1\u010de rozmiestni popri ceste, aby ka\u017ed\u00fd hos\u0165 u\u017e z chodn\u00edka vn\u00edmal vrel\u00fa atmosf\u00e9ru vchodu do chalupy.<\/p>\n<h2>Adirondack kresl\u00e1 s kvetinovou v\u00fdzdobou<\/h2>\n<p><img loading=\"lazy\" decoding=\"async\" width=\"700\" height=\"1050\" alt=\"\u00datuln\u00e1 chalupov\u00e1 veranda s dvoma svetl\u00fdmi Adirondack kreslami obklopen\u00fdmi kvetin\u00e1\u010dmi so zele\u0148ou a bielymi kvetmi na drevenej terase.\" class=\"aligncenter size-full wp-image-3241\" src=\"https:\/\/doubletakedecor.com\/uploads\/2025\/07\/cottage-porch-dtd-19.jpg\" srcset=\"https:\/\/doubletakedecor.com\/uploads\/2025\/07\/cottage-porch-dtd-19.jpg 700w, https:\/\/doubletakedecor.com\/uploads\/2025\/07\/cottage-porch-dtd-19-200x300.jpg 200w, https:\/\/doubletakedecor.com\/uploads\/2025\/07\/cottage-porch-dtd-19-683x1024.jpg 683w, https:\/\/doubletakedecor.com\/uploads\/2025\/07\/cottage-porch-dtd-19-96x144.jpg 96w, https:\/\/doubletakedecor.com\/uploads\/2025\/07\/cottage-porch-dtd-19-280x420.jpg 280w, https:\/\/doubletakedecor.com\/uploads\/2025\/07\/cottage-porch-dtd-19-320x480.jpg 320w, https:\/\/doubletakedecor.com\/uploads\/2025\/07\/cottage-porch-dtd-19-360x540.jpg 360w, https:\/\/doubletakedecor.com\/uploads\/2025\/07\/cottage-porch-dtd-19-363x545.jpg 363w, https:\/\/doubletakedecor.com\/uploads\/2025\/07\/cottage-porch-dtd-19-370x555.jpg 370w, https:\/\/doubletakedecor.com\/uploads\/2025\/07\/cottage-porch-dtd-19-400x600.jpg 400w, https:\/\/doubletakedecor.com\/uploads\/2025\/07\/cottage-porch-dtd-19-560x840.jpg 560w, https:\/\/doubletakedecor.com\/uploads\/2025\/07\/cottage-porch-dtd-19-480x720.jpg 480w\" sizes=\"auto, (max-width: 700px) 100vw, 700px\" \/><\/p>\n<p>Vytvor na svojej verande pokojn\u00fa o\u00e1zu s bledo sfarben\u00fdmi Adirondack kreslami a okolo nich pestrofarebn\u00e9 kvety vo v\u00e1zach. Medzi kresl\u00e1 polo\u017e keramick\u00fd \u010drepn\u00edk s bielymi kvetmi ako hlavn\u00fd bod. Drevo terasy p\u00f4sob\u00ed prirodzene teplo a svietidl\u00e1 na stene zabezpe\u010dia pr\u00edjemn\u00e9 svetlo aj po zotmen\u00ed. Kvetin\u00e1\u010de ulo\u017e na r\u00f4zne \u00farovne pre p\u00fatav\u00fd efekt.<\/p>\n<h2>Vstup do chalupy s\u00a0v\u00fdh\u013eadom do z\u00e1hrady<\/h2>\n<p><img loading=\"lazy\" decoding=\"async\" width=\"700\" height=\"1050\" alt=\"P\u00f4vabn\u00fd vchod s dvojkr\u00eddlov\u00fdmi dverami a z\u00e1clonou, \u010do sa otv\u00e1ra do rozkvitnutej z\u00e1hrady s \u010drepn\u00edkov\u00fdmi rastlinami a jed\u00e1lensk\u00fdm stolom. Vo vn\u00fatri vidiecka dekor\u00e1cia.\" class=\"aligncenter size-full wp-image-3247\" src=\"https:\/\/doubletakedecor.com\/uploads\/2025\/07\/cottage-porch-dtd-20.jpg\" srcset=\"https:\/\/doubletakedecor.com\/uploads\/2025\/07\/cottage-porch-dtd-20.jpg 700w, https:\/\/doubletakedecor.com\/uploads\/2025\/07\/cottage-porch-dtd-20-200x300.jpg 200w, https:\/\/doubletakedecor.com\/uploads\/2025\/07\/cottage-porch-dtd-20-683x1024.jpg 683w, https:\/\/doubletakedecor.com\/uploads\/2025\/07\/cottage-porch-dtd-20-96x144.jpg 96w, https:\/\/doubletakedecor.com\/uploads\/2025\/07\/cottage-porch-dtd-20-280x420.jpg 280w, https:\/\/doubletakedecor.com\/uploads\/2025\/07\/cottage-porch-dtd-20-320x480.jpg 320w, https:\/\/doubletakedecor.com\/uploads\/2025\/07\/cottage-porch-dtd-20-360x540.jpg 360w, https:\/\/doubletakedecor.com\/uploads\/2025\/07\/cottage-porch-dtd-20-363x545.jpg 363w, https:\/\/doubletakedecor.com\/uploads\/2025\/07\/cottage-porch-dtd-20-370x555.jpg 370w, https:\/\/doubletakedecor.com\/uploads\/2025\/07\/cottage-porch-dtd-20-400x600.jpg 400w, https:\/\/doubletakedecor.com\/uploads\/2025\/07\/cottage-porch-dtd-20-560x840.jpg 560w, https:\/\/doubletakedecor.com\/uploads\/2025\/07\/cottage-porch-dtd-20-480x720.jpg 480w\" sizes=\"auto, (max-width: 700px) 100vw, 700px\" \/><\/p>\n<p>Prepoj chalupu so z\u00e1hradou \u013eahk\u00fdmi z\u00e1clonami, ktor\u00e9 zjemnia vchod bez toho, aby blokovali svetlo. Rastliny v \u010drepn\u00edkoch rozlo\u017e tak, aby vytv\u00e1rali vizu\u00e1lnu cestu medzi interi\u00e9rom a exteri\u00e9rom. Pridaj e\u0161te pr\u00edrodn\u00e9 doplnky \u2013 napr\u00edklad pr\u00faten\u00e9 ko\u0161e a vzorovan\u00fd koberec \u2013 ktor\u00e9 zachovaj\u00fa rustik\u00e1lnu pohodu na celom prahu.<\/p>\n<h2>Klasick\u00fd kamenn\u00fd vchod s \u010diernymi dverami<\/h2>\n<p><img loading=\"lazy\" decoding=\"async\" width=\"700\" height=\"1050\" alt=\"P\u00f4vabn\u00fd chalupov\u00fd vchod s kamenn\u00fdmi schodmi, \u010diernymi ozdobn\u00fdmi dverami, dekora\u010dn\u00fdm svetlom a \u017eiariv\u00fdmi fialov\u00fdmi kvetmi, ktor\u00e9 vytv\u00e1raj\u00fa pr\u00edvetiv\u00fa atmosf\u00e9ru.\" class=\"aligncenter size-full wp-image-3253\" src=\"https:\/\/doubletakedecor.com\/uploads\/2025\/07\/cottage-porch-dtd-21.jpg\" srcset=\"https:\/\/doubletakedecor.com\/uploads\/2025\/07\/cottage-porch-dtd-21.jpg 700w, https:\/\/doubletakedecor.com\/uploads\/2025\/07\/cottage-porch-dtd-21-200x300.jpg 200w, https:\/\/doubletakedecor.com\/uploads\/2025\/07\/cottage-porch-dtd-21-683x1024.jpg 683w, https:\/\/doubletakedecor.com\/uploads\/2025\/07\/cottage-porch-dtd-21-96x144.jpg 96w, https:\/\/doubletakedecor.com\/uploads\/2025\/07\/cottage-porch-dtd-21-280x420.jpg 280w, https:\/\/doubletakedecor.com\/uploads\/2025\/07\/cottage-porch-dtd-21-320x480.jpg 320w, https:\/\/doubletakedecor.com\/uploads\/2025\/07\/cottage-porch-dtd-21-360x540.jpg 360w, https:\/\/doubletakedecor.com\/uploads\/2025\/07\/cottage-porch-dtd-21-363x545.jpg 363w, https:\/\/doubletakedecor.com\/uploads\/2025\/07\/cottage-porch-dtd-21-370x555.jpg 370w, https:\/\/doubletakedecor.com\/uploads\/2025\/07\/cottage-porch-dtd-21-400x600.jpg 400w, https:\/\/doubletakedecor.com\/uploads\/2025\/07\/cottage-porch-dtd-21-560x840.jpg 560w, https:\/\/doubletakedecor.com\/uploads\/2025\/07\/cottage-porch-dtd-21-480x720.jpg 480w\" sizes=\"auto, (max-width: 700px) 100vw, 700px\" \/><\/p>\n<p>Dopraj svojej chalupe elegantn\u00fd a nad\u010dasov\u00fd vzh\u013ead \u2013 \u010dierne dvere or\u00e1movan\u00e9 ozdobn\u00fdm osvetlen\u00edm vyzeraj\u00fa naozaj \u0161t\u00fdlovo. Na kamenn\u00e9 schody postav rovnak\u00e9 \u010drepn\u00edky rastl\u00edn na obe strany a z\u00e1hony dopl\u0148 fialov\u00fdmi krami. Takto vytvor\u00ed\u0161 vchod, ktor\u00fd je nielen form\u00e1lny, ale st\u00e1le \u00fatuln\u00fd a pln\u00fd chalup\u00e1rskeho \u0161armu.<\/p>\n<h2>Pleten\u00e9 stoli\u010dky s\u00a0\u00fatuln\u00fdmi detailmi<\/h2>\n<p><img loading=\"lazy\" decoding=\"async\" width=\"700\" height=\"1049\" alt=\"P\u00f4vabn\u00e1 chalupov\u00e1 veranda s dvoma pleten\u00fdmi stoli\u010dkami, kr\u00e9mov\u00fdmi vank\u00fa\u0161mi, imit\u00e1ciou ko\u017eu\u0161iny a \u010diernym stol\u00edkom pod z\u00e1vesn\u00fdm lamp\u00e1\u0161om.\" class=\"aligncenter size-full wp-image-3259\" src=\"https:\/\/doubletakedecor.com\/uploads\/2025\/07\/cottage-porch-dtd-22.jpg\" srcset=\"https:\/\/doubletakedecor.com\/uploads\/2025\/07\/cottage-porch-dtd-22.jpg 700w, https:\/\/doubletakedecor.com\/uploads\/2025\/07\/cottage-porch-dtd-22-200x300.jpg 200w, https:\/\/doubletakedecor.com\/uploads\/2025\/07\/cottage-porch-dtd-22-683x1024.jpg 683w, https:\/\/doubletakedecor.com\/uploads\/2025\/07\/cottage-porch-dtd-22-96x144.jpg 96w, https:\/\/doubletakedecor.com\/uploads\/2025\/07\/cottage-porch-dtd-22-280x420.jpg 280w, https:\/\/doubletakedecor.com\/uploads\/2025\/07\/cottage-porch-dtd-22-320x480.jpg 320w, https:\/\/doubletakedecor.com\/uploads\/2025\/07\/cottage-porch-dtd-22-360x539.jpg 360w, https:\/\/doubletakedecor.com\/uploads\/2025\/07\/cottage-porch-dtd-22-363x544.jpg 363w, https:\/\/doubletakedecor.com\/uploads\/2025\/07\/cottage-porch-dtd-22-370x554.jpg 370w, https:\/\/doubletakedecor.com\/uploads\/2025\/07\/cottage-porch-dtd-22-400x599.jpg 400w, https:\/\/doubletakedecor.com\/uploads\/2025\/07\/cottage-porch-dtd-22-560x839.jpg 560w, https:\/\/doubletakedecor.com\/uploads\/2025\/07\/cottage-porch-dtd-22-480x719.jpg 480w\" sizes=\"auto, (max-width: 700px) 100vw, 700px\" \/><\/p>\n<p>Na verande si zariad pr\u00edjemn\u00e9 miesto na sedenie s pleten\u00fdmi stoli\u010dkami a m\u00e4kk\u00fdmi vank\u00fa\u0161mi. Na jednu stoli\u010dku preho\u010f umel\u00fa ko\u017eu\u0161inu \u2013 zahreje \u0165a po\u010das chladn\u00fdch ve\u010derov. Medzi stoli\u010dky polo\u017e mal\u00fd stol\u00edk na n\u00e1poje a nad hlavu zaveste lamp\u00e1\u0161, ktor\u00fd ve\u010der dotvor\u00ed t\u00fa spr\u00e1vnu chalup\u00e1rsku atmosf\u00e9ru.<\/p>\n<h2>Slne\u010dn\u00e1 o\u00e1za na verande chalupy<\/h2>\n<p><img loading=\"lazy\" decoding=\"async\" width=\"700\" height=\"1050\" alt=\"Svetl\u00e1 biela zimn\u00e1 z\u00e1hrada s pr\u00fatenou pohovkou, farebn\u00fdmi vank\u00fa\u0161mi a otvoren\u00fdmi dverami ved\u00facimi do z\u00e1hrady s vonkaj\u0161\u00edm poseden\u00edm.\" class=\"aligncenter size-full wp-image-3265\" src=\"https:\/\/doubletakedecor.com\/uploads\/2025\/07\/cottage-porch-dtd-23.jpg\" srcset=\"https:\/\/doubletakedecor.com\/uploads\/2025\/07\/cottage-porch-dtd-23.jpg 700w, https:\/\/doubletakedecor.com\/uploads\/2025\/07\/cottage-porch-dtd-23-200x300.jpg 200w, https:\/\/doubletakedecor.com\/uploads\/2025\/07\/cottage-porch-dtd-23-683x1024.jpg 683w, https:\/\/doubletakedecor.com\/uploads\/2025\/07\/cottage-porch-dtd-23-96x144.jpg 96w, https:\/\/doubletakedecor.com\/uploads\/2025\/07\/cottage-porch-dtd-23-280x420.jpg 280w, https:\/\/doubletakedecor.com\/uploads\/2025\/07\/cottage-porch-dtd-23-320x480.jpg 320w, https:\/\/doubletakedecor.com\/uploads\/2025\/07\/cottage-porch-dtd-23-360x540.jpg 360w, https:\/\/doubletakedecor.com\/uploads\/2025\/07\/cottage-porch-dtd-23-363x545.jpg 363w, https:\/\/doubletakedecor.com\/uploads\/2025\/07\/cottage-porch-dtd-23-370x555.jpg 370w, https:\/\/doubletakedecor.com\/uploads\/2025\/07\/cottage-porch-dtd-23-400x600.jpg 400w, https:\/\/doubletakedecor.com\/uploads\/2025\/07\/cottage-porch-dtd-23-560x840.jpg 560w, https:\/\/doubletakedecor.com\/uploads\/2025\/07\/cottage-porch-dtd-23-480x720.jpg 480w\" sizes=\"auto, (max-width: 700px) 100vw, 700px\" \/><\/p>\n<p>Prepoj interi\u00e9r s exteri\u00e9rom bielou zimnou z\u00e1hradou so svetl\u00fdmi stenami a pr\u00faten\u00fdm n\u00e1bytkom pln\u00fdm farebn\u00fdch vank\u00fa\u0161ov. K drevenej podlahe pridaj tkan\u00fd koberec pre prirodzen\u00fd vzh\u013ead. Sedenie oto\u010d smerom k z\u00e1hrade a za dvere umiestni vonkaj\u0161\u00ed jed\u00e1lensk\u00fd set \u2013 m\u00e1\u0161 tak ve\u013ea mo\u017enost\u00ed na pohostenie host\u00ed. Svetl\u00e9 farby odr\u00e1\u017eaj\u00fa slnko, tak\u017ee cel\u00e9 miesto p\u00f4sob\u00ed v\u017edy svie\u017eo.<\/p>\n<h2>Vidiecky vchod do chalupy<\/h2>\n<p><img loading=\"lazy\" decoding=\"async\" width=\"700\" height=\"1049\" alt=\"Poz\u00fdvaj\u00faca veranda chalupy s kr\u00e9mov\u00fdmi dverami, dekora\u010dn\u00fdmi lamp\u00e1\u0161mi, kvetin\u00e1\u010dmi a postar\u0161ou drevenou lavi\u010dkou na kamennej dla\u017ebe.\" class=\"aligncenter size-full wp-image-3271\" src=\"https:\/\/doubletakedecor.com\/uploads\/2025\/07\/cottage-porch-dtd-24.jpg\" srcset=\"https:\/\/doubletakedecor.com\/uploads\/2025\/07\/cottage-porch-dtd-24.jpg 700w, https:\/\/doubletakedecor.com\/uploads\/2025\/07\/cottage-porch-dtd-24-200x300.jpg 200w, https:\/\/doubletakedecor.com\/uploads\/2025\/07\/cottage-porch-dtd-24-683x1024.jpg 683w, https:\/\/doubletakedecor.com\/uploads\/2025\/07\/cottage-porch-dtd-24-96x144.jpg 96w, https:\/\/doubletakedecor.com\/uploads\/2025\/07\/cottage-porch-dtd-24-280x420.jpg 280w, https:\/\/doubletakedecor.com\/uploads\/2025\/07\/cottage-porch-dtd-24-320x480.jpg 320w, https:\/\/doubletakedecor.com\/uploads\/2025\/07\/cottage-porch-dtd-24-360x539.jpg 360w, https:\/\/doubletakedecor.com\/uploads\/2025\/07\/cottage-porch-dtd-24-363x544.jpg 363w, https:\/\/doubletakedecor.com\/uploads\/2025\/07\/cottage-porch-dtd-24-370x554.jpg 370w, https:\/\/doubletakedecor.com\/uploads\/2025\/07\/cottage-porch-dtd-24-400x599.jpg 400w, https:\/\/doubletakedecor.com\/uploads\/2025\/07\/cottage-porch-dtd-24-560x839.jpg 560w, https:\/\/doubletakedecor.com\/uploads\/2025\/07\/cottage-porch-dtd-24-480x719.jpg 480w\" sizes=\"auto, (max-width: 700px) 100vw, 700px\" \/><\/p>\n<p>Na verandu prines \u00fatuln\u00fa atmosf\u00e9ru kombin\u00e1ciou vidieckych prvkov s u\u017eito\u010dn\u00fdmi doplnkami. Osvetlenie ve\u010der zaist\u00ed lamp\u00e1\u0161 a kamenn\u00e9 detaily dodaj\u00fa trv\u00e1cny vzh\u013ead. Po oboch stran\u00e1ch dver\u00ed rozmiestni terakotov\u00e9 \u010drepn\u00edky so zele\u0148ou, aby prirodzene or\u00e1movali vchod. Jednoduch\u00e1 dreven\u00e1 lavi\u010dka dotvor\u00ed vzh\u013ead a posl\u00fa\u017ei na oddych s v\u00fdh\u013eadom do z\u00e1hrady.<\/p>\n<h2>Chalupov\u00fd \u00fakryt v z\u00e1hradke pri kamennom dome<\/h2>\n<p><img loading=\"lazy\" decoding=\"async\" width=\"700\" height=\"1050\" alt=\"P\u00f4vabn\u00e1 kamenn\u00e1 chalupa s pop\u00ednav\u00fdmi rastlinami, zelen\u00fdm tr\u00e1vnikom a rustik\u00e1lnym dreven\u00fdm n\u00e1bytkom na vonkaj\u0161ie relaxovanie.\" class=\"aligncenter size-full wp-image-3277\" src=\"https:\/\/doubletakedecor.com\/uploads\/2025\/07\/cottage-porch-dtd-25.jpg\" srcset=\"https:\/\/doubletakedecor.com\/uploads\/2025\/07\/cottage-porch-dtd-25.jpg 700w, https:\/\/doubletakedecor.com\/uploads\/2025\/07\/cottage-porch-dtd-25-200x300.jpg 200w, https:\/\/doubletakedecor.com\/uploads\/2025\/07\/cottage-porch-dtd-25-683x1024.jpg 683w, https:\/\/doubletakedecor.com\/uploads\/2025\/07\/cottage-porch-dtd-25-96x144.jpg 96w, https:\/\/doubletakedecor.com\/uploads\/2025\/07\/cottage-porch-dtd-25-280x420.jpg 280w, https:\/\/doubletakedecor.com\/uploads\/2025\/07\/cottage-porch-dtd-25-320x480.jpg 320w, https:\/\/doubletakedecor.com\/uploads\/2025\/07\/cottage-porch-dtd-25-360x540.jpg 360w, https:\/\/doubletakedecor.com\/uploads\/2025\/07\/cottage-porch-dtd-25-363x545.jpg 363w, https:\/\/doubletakedecor.com\/uploads\/2025\/07\/cottage-porch-dtd-25-370x555.jpg 370w, https:\/\/doubletakedecor.com\/uploads\/2025\/07\/cottage-porch-dtd-25-400x600.jpg 400w, https:\/\/doubletakedecor.com\/uploads\/2025\/07\/cottage-porch-dtd-25-560x840.jpg 560w, https:\/\/doubletakedecor.com\/uploads\/2025\/07\/cottage-porch-dtd-25-480x720.jpg 480w\" sizes=\"auto, (max-width: 700px) 100vw, 700px\" \/><\/p>\n<p>Podporte kr\u00e1su chalupy t\u00fdm, \u017ee si vytvor\u00ed\u0161 vlastn\u00fd z\u00e1hradn\u00fd oddychov\u00fd k\u00fatik. Pop\u00ednav\u00e9 rastliny na kamenn\u00fdch m\u00faroch p\u00f4sobia prirodzene a dreven\u00fd n\u00e1bytok na tr\u00e1ve je ide\u00e1lny na neform\u00e1lne posedenia. Stoli\u010dky usporiadaj do skup\u00edn na rozhovor a z\u00e1hony pekne ohrani\u010d \u2013 zelen\u00fd priestor potom vynikne. Skombinuj upraven\u00e9 \u010dasti z\u00e1hrady s vo\u013enej\u0161\u00edm \u0161t\u00fdlom pre prav\u00fd vidiecky pocit.<\/p>\n<h2>Pobytov\u00e1 veranda s morsk\u00fdm n\u00e1dychom<\/h2>\n<p><img loading=\"lazy\" decoding=\"async\" width=\"700\" height=\"1050\" alt=\"Priv\u00edtaj\u00faca veranda chalupy s b\u00e9\u017eovou rohovou seda\u010dkou, tyrkysov\u00fdmi doplnkami, pr\u00faten\u00fdm jed\u00e1lensk\u00fdm setom a z\u00e1vesn\u00fdmi z\u00e1clonami \u2013 vytv\u00e1ra oddychov\u00fd vonkaj\u0161\u00ed priestor.\" class=\"aligncenter size-full wp-image-3283\" src=\"https:\/\/doubletakedecor.com\/uploads\/2025\/07\/cottage-porch-dtd-26.jpg\" srcset=\"https:\/\/doubletakedecor.com\/uploads\/2025\/07\/cottage-porch-dtd-26.jpg 700w, https:\/\/doubletakedecor.com\/uploads\/2025\/07\/cottage-porch-dtd-26-200x300.jpg 200w, https:\/\/doubletakedecor.com\/uploads\/2025\/07\/cottage-porch-dtd-26-683x1024.jpg 683w, https:\/\/doubletakedecor.com\/uploads\/2025\/07\/cottage-porch-dtd-26-96x144.jpg 96w, https:\/\/doubletakedecor.com\/uploads\/2025\/07\/cottage-porch-dtd-26-280x420.jpg 280w, https:\/\/doubletakedecor.com\/uploads\/2025\/07\/cottage-porch-dtd-26-320x480.jpg 320w, https:\/\/doubletakedecor.com\/uploads\/2025\/07\/cottage-porch-dtd-26-360x540.jpg 360w, https:\/\/doubletakedecor.com\/uploads\/2025\/07\/cottage-porch-dtd-26-363x545.jpg 363w, https:\/\/doubletakedecor.com\/uploads\/2025\/07\/cottage-porch-dtd-26-370x555.jpg 370w, https:\/\/doubletakedecor.com\/uploads\/2025\/07\/cottage-porch-dtd-26-400x600.jpg 400w, https:\/\/doubletakedecor.com\/uploads\/2025\/07\/cottage-porch-dtd-26-560x840.jpg 560w, https:\/\/doubletakedecor.com\/uploads\/2025\/07\/cottage-porch-dtd-26-480x720.jpg 480w\" sizes=\"auto, (max-width: 700px) 100vw, 700px\" \/><\/p>\n<p>Preme\u0148 verandu na chalup\u00e1rsky raj s morskou atmosf\u00e9rou. Kombinuj b\u00e9\u017eov\u00fa seda\u010dku s tyrkysov\u00fdmi vank\u00fa\u0161mi pre svie\u017ei vzh\u013ead. Pridaj viacer\u00e9 stol\u00edky na ob\u010derstvenie a rozde\u013e z\u00f3nu na opa\u013eovanie aj spolo\u010dn\u00e9 jedenie. Priesvitn\u00e9 z\u00e1vesy zachovaj\u00fa s\u00fakromie, no pustia dnu svetlo. Ventil\u00e1tor na strope zaist\u00ed pohodlie aj cez hor\u00face dni. Priestor vyzna\u010d kobercom \u2013 bude p\u00f4sobi\u0165 ucelenej\u0161ie.<\/p>\n<h2>Slne\u010dn\u00e1 zimn\u00e1 z\u00e1hrada na verande<\/h2>\n<p><img loading=\"lazy\" decoding=\"async\" width=\"700\" height=\"1050\" alt=\"\u00datuln\u00e1 zimn\u00e1 z\u00e1hrada s bielymi okenicami, svetlou seda\u010dkou s modrozelen\u00fdmi vank\u00fa\u0161mi, drevenou stoli\u010dkou a rustik\u00e1lnym konferen\u010dn\u00fdm stolom obklopen\u00fdm \u010drepn\u00edkov\u00fdmi rastlinami.\" class=\"aligncenter size-full wp-image-3289\" src=\"https:\/\/doubletakedecor.com\/uploads\/2025\/07\/cottage-porch-dtd-27.jpg\" srcset=\"https:\/\/doubletakedecor.com\/uploads\/2025\/07\/cottage-porch-dtd-27.jpg 700w, https:\/\/doubletakedecor.com\/uploads\/2025\/07\/cottage-porch-dtd-27-200x300.jpg 200w, https:\/\/doubletakedecor.com\/uploads\/2025\/07\/cottage-porch-dtd-27-683x1024.jpg 683w, https:\/\/doubletakedecor.com\/uploads\/2025\/07\/cottage-porch-dtd-27-96x144.jpg 96w, https:\/\/doubletakedecor.com\/uploads\/2025\/07\/cottage-porch-dtd-27-280x420.jpg 280w, https:\/\/doubletakedecor.com\/uploads\/2025\/07\/cottage-porch-dtd-27-320x480.jpg 320w, https:\/\/doubletakedecor.com\/uploads\/2025\/07\/cottage-porch-dtd-27-360x540.jpg 360w, https:\/\/doubletakedecor.com\/uploads\/2025\/07\/cottage-porch-dtd-27-363x545.jpg 363w, https:\/\/doubletakedecor.com\/uploads\/2025\/07\/cottage-porch-dtd-27-370x555.jpg 370w, https:\/\/doubletakedecor.com\/uploads\/2025\/07\/cottage-porch-dtd-27-400x600.jpg 400w, https:\/\/doubletakedecor.com\/uploads\/2025\/07\/cottage-porch-dtd-27-560x840.jpg 560w, https:\/\/doubletakedecor.com\/uploads\/2025\/07\/cottage-porch-dtd-27-480x720.jpg 480w\" sizes=\"auto, (max-width: 700px) 100vw, 700px\" \/><\/p>\n<p>Pretvor verandu na tich\u00fa zimn\u00fa z\u00e1hradu \u2013 vyu\u017ei maximum svetla v\u010faka nastavite\u013en\u00fdm okeniciam. Rozmiestni pohodln\u00e9 sedenie, modro-zelen\u00e9 vank\u00fa\u0161e a rustik\u00e1lny stol\u00edk. Po priestore rozlo\u017e \u010drepn\u00edkov\u00e9 rastliny, ktor\u00e9 ho o\u017eivia. Tkan\u00fd koberec zjemn\u00ed podlahu z tmav\u00e9ho dreva. Kontrast medzi svetl\u00fdm n\u00e1bytkom a tmavou podlahou up\u00fata pozornos\u0165 a dod\u00e1 \u0161t\u00fdl.<\/p>\n<h2>Elegantn\u00fd verandov\u00fd jed\u00e1lensk\u00fd k\u00fatik s okr\u00fahlym stolom<\/h2>\n<p><img loading=\"lazy\" decoding=\"async\" width=\"700\" height=\"1050\" alt=\"P\u00f4vabn\u00e1 veranda s okr\u00fahlym tmav\u00fdm stolom a \u0161tyrmi bielymi kovov\u00fdmi stoli\u010dkami na drevenej podlahe, obklopen\u00e1 bielym z\u00e1bradl\u00edm s v\u00fdh\u013eadom do z\u00e1hrady.\" class=\"aligncenter size-full wp-image-3295\" src=\"https:\/\/doubletakedecor.com\/uploads\/2025\/07\/cottage-porch-dtd-28.jpg\" srcset=\"https:\/\/doubletakedecor.com\/uploads\/2025\/07\/cottage-porch-dtd-28.jpg 700w, https:\/\/doubletakedecor.com\/uploads\/2025\/07\/cottage-porch-dtd-28-200x300.jpg 200w, https:\/\/doubletakedecor.com\/uploads\/2025\/07\/cottage-porch-dtd-28-683x1024.jpg 683w, https:\/\/doubletakedecor.com\/uploads\/2025\/07\/cottage-porch-dtd-28-96x144.jpg 96w, https:\/\/doubletakedecor.com\/uploads\/2025\/07\/cottage-porch-dtd-28-280x420.jpg 280w, https:\/\/doubletakedecor.com\/uploads\/2025\/07\/cottage-porch-dtd-28-320x480.jpg 320w, https:\/\/doubletakedecor.com\/uploads\/2025\/07\/cottage-porch-dtd-28-360x540.jpg 360w, https:\/\/doubletakedecor.com\/uploads\/2025\/07\/cottage-porch-dtd-28-363x545.jpg 363w, https:\/\/doubletakedecor.com\/uploads\/2025\/07\/cottage-porch-dtd-28-370x555.jpg 370w, https:\/\/doubletakedecor.com\/uploads\/2025\/07\/cottage-porch-dtd-28-400x600.jpg 400w, https:\/\/doubletakedecor.com\/uploads\/2025\/07\/cottage-porch-dtd-28-560x840.jpg 560w, https:\/\/doubletakedecor.com\/uploads\/2025\/07\/cottage-porch-dtd-28-480x720.jpg 480w\" sizes=\"auto, (max-width: 700px) 100vw, 700px\" \/><\/p>\n<p>Vytvor si \u0161t\u00fdlov\u00e9 vonkaj\u0161ie miesto na jedenie \u2013 posta\u010d\u00ed tmav\u00fd okr\u00fahly st\u00f4l a ozdobn\u00e9 biele stoli\u010dky z kovu. Postaven\u00e9 pri bielom z\u00e1bradl\u00ed ti umo\u017enia vychutn\u00e1va\u0165 si v\u00fdh\u013ead do z\u00e1hrady a z\u00e1rove\u0148 chr\u00e1ni\u0165 s\u00fakromie. Mal\u00e1 rastlina v strede stola prid\u00e1 k\u00fazlo pr\u00edrody. Tento k\u00fat v\u00fdborne lad\u00ed s drevenou verandou a je praktick\u00fd aj pekn\u00fd po\u010das cel\u00e9ho roka.<\/p>\n<h2>Vidiecka veranda s hojdac\u00edmi kreslami<\/h2>\n<p><img loading=\"lazy\" decoding=\"async\" width=\"700\" height=\"1049\" alt=\"Pr\u00edvetiv\u00e1 jesenn\u00e1 veranda so \u0161tyrmi dreven\u00fdmi hojdac\u00edmi kreslami, staro\u017eitn\u00fdm stol\u00edkom s tekvicami a zavesen\u00fdm lamp\u00e1\u0161om pre \u00fatuln\u00fa sez\u00f3nnu atmosf\u00e9ru.\" class=\"aligncenter size-full wp-image-3301\" src=\"https:\/\/doubletakedecor.com\/uploads\/2025\/07\/cottage-porch-dtd-29.jpg\" srcset=\"https:\/\/doubletakedecor.com\/uploads\/2025\/07\/cottage-porch-dtd-29.jpg 700w, https:\/\/doubletakedecor.com\/uploads\/2025\/07\/cottage-porch-dtd-29-200x300.jpg 200w, https:\/\/doubletakedecor.com\/uploads\/2025\/07\/cottage-porch-dtd-29-683x1024.jpg 683w, https:\/\/doubletakedecor.com\/uploads\/2025\/07\/cottage-porch-dtd-29-96x144.jpg 96w, https:\/\/doubletakedecor.com\/uploads\/2025\/07\/cottage-porch-dtd-29-280x420.jpg 280w, https:\/\/doubletakedecor.com\/uploads\/2025\/07\/cottage-porch-dtd-29-320x480.jpg 320w, https:\/\/doubletakedecor.com\/uploads\/2025\/07\/cottage-porch-dtd-29-360x539.jpg 360w, https:\/\/doubletakedecor.com\/uploads\/2025\/07\/cottage-porch-dtd-29-363x544.jpg 363w, https:\/\/doubletakedecor.com\/uploads\/2025\/07\/cottage-porch-dtd-29-370x554.jpg 370w, https:\/\/doubletakedecor.com\/uploads\/2025\/07\/cottage-porch-dtd-29-400x599.jpg 400w, https:\/\/doubletakedecor.com\/uploads\/2025\/07\/cottage-porch-dtd-29-560x839.jpg 560w, https:\/\/doubletakedecor.com\/uploads\/2025\/07\/cottage-porch-dtd-29-480x719.jpg 480w\" sizes=\"auto, (max-width: 700px) 100vw, 700px\" \/><\/p>\n<p>Preme\u0148 verandu na jesenn\u00e9 \u00fato\u010disko, kde si odd\u00fdchne\u0161 s priate\u013emi aj rodinou. Usporiadaj dreven\u00e9 hojdacie kresl\u00e1 tak, aby ste mohli pohodlne rozpr\u00e1va\u0165. Na staro\u017eitn\u00fd stol\u00edk rozlo\u017e pestr\u00e9 tekvice \u2013 stan\u00fa sa pr\u00edrodnou dekor\u00e1ciou. Ve\u010der zap\u00e1\u013e z\u00e1vesn\u00e9 lamp\u00e1\u0161e a celej verande dod\u00e1\u0161 \u00fatuln\u00fa, chalup\u00e1rsku atmosf\u00e9ru. Neutr\u00e1lne dreven\u00e9 pozadie nech\u00e1 vynikn\u00fa\u0165 v\u0161etky sez\u00f3nne ozdoby.<\/p>\n<h2>\u010casto kladen\u00e9 ot\u00e1zky (FAQ)<\/h2>\n<details class=\"g-accordion \"><summary><h3>\u010co rob\u00ed verandu pri vidieckej chatke pr\u00edvetivou?<\/h3><\/summary>\n<p>Pr\u00edvetiv\u00e1 veranda pri chatke o\u017eije v\u010faka nieko\u013ek\u00fdm d\u00f4le\u017eit\u00fdm prvkom, ktor\u00e9 vytv\u00e1raj\u00fa \u00fatuln\u00fa atmosf\u00e9ru:<\/p>\n<ul>\n<li>pohodln\u00fd n\u00e1bytok, napr\u00edklad pr\u00faten\u00e9 stoli\u010dky alebo hojda\u010dky na verande, prid\u00e1va relax aj \u0161arm,<\/li>\n<li>kvety v \u010drepn\u00edkoch, ako s\u00fa mu\u0161k\u00e1ty a hortenzie, vn\u00e1\u0161aj\u00fa do priestoru \u017eiariv\u00e9 farby a k\u00fasok pr\u00edrody,<\/li>\n<li>ozdobn\u00e9 veci, napr\u00edklad ven\u010deky alebo sez\u00f3nna v\u00fdzdoba, e\u0161te viac zv\u00fdraz\u0148uj\u00fa pr\u00edvetiv\u00fd pocit.<\/li>\n<\/ul>\n<p>Vidiecky alebo rustik\u00e1lny \u0161t\u00fdl sa skvele hod\u00ed k architekt\u00fare chatky aj okolitej pr\u00edrode. Materi\u00e1ly ako <strong>drevo alebo kov<\/strong> dodaj\u00fa priestoru osobitos\u0165 a z\u00e1rove\u0148 ladia s prostred\u00edm. Sta\u010d\u00ed prida\u0165 nie\u010do osobn\u00e9 \u2013 od rodinn\u00fdch pamiatok a\u017e po staro\u017eitnosti z baz\u00e1ra \u2013 a veranda bude naozaj tvoja.<\/p>\n<p>Ve\u013emi d\u00f4le\u017eit\u00e9 je aj osvetlenie; <strong>sveteln\u00e9 re\u0165aze alebo lamp\u00e1\u0161e<\/strong> vedia ve\u010der vonku navodi\u0165 pr\u00edjemn\u00fa a tepl\u00fa atmosf\u00e9ru. Celkov\u00fd \u0161t\u00fdl by mal by\u0165 pohodln\u00fd, ale z\u00e1rove\u0148 \u0161t\u00fdlov\u00fd a odzrkad\u013eova\u0165 osobnos\u0165 domova.<\/p>\n<p><strong>Vonkaj\u0161ie koberce a vank\u00fa\u0161e o\u017eivia verandu farbami a text\u00farami, \u010do e\u0161te zvy\u0161uje pohodlie.<\/strong> Dobre navrhnut\u00e1 veranda prirodzene roz\u0161iruje vn\u00fatorn\u00fd priestor o k\u00fatik na stret\u00e1vanie \u010di chv\u00edle pokoja len pre seba.<\/p>\n<\/details><details class=\"g-accordion \"><summary><h3>Ako veranda pri chatke sl\u00fa\u017ei ako exteri\u00e9rov\u00e1 ob\u00fdva\u010dka?<\/h3><\/summary>\n<p>Veranda pri chatke je ako \u010fal\u0161ia miestnos\u0165 tvojho domu, kde spoj\u00ed\u0161 pohodlie vo vn\u00fatri s rados\u0165ou z pobytu vonku. Je skvel\u00e1 na \u010derstv\u00fd vzduch, \u010d\u00edtanie knihy alebo stretnutia s priate\u013emi.<\/p>\n<ul>\n<li>o \u00fatulnos\u0165 sa postaraj\u00fa r\u00f4zne miesta na sedenie, ako s\u00fa pr\u00faten\u00e9 stoli\u010dky,<\/li>\n<li>hojdacie stoli\u010dky,<\/li>\n<li>hojda\u010dky vpredu aj vzadu na verande.<\/li>\n<\/ul>\n<p>Osobn\u00fd \u0161t\u00fdl a \u0161arm dodaj\u00fa vank\u00fa\u0161e na vonkaj\u0161ie pou\u017eitie, ven\u010deky alebo sez\u00f3nne dekor\u00e1cie. Chce\u0161 si vychutna\u0165 jedlo pod hol\u00fdm nebom? Sta\u010d\u00ed prida\u0165 mal\u00fd bistro stol\u00edk a hne\u010f m\u00e1\u0161 miesto na ra\u0148ajky \u010di obed vonku.<\/p>\n<ul>\n<li>\u010drepn\u00edky a z\u00e1vesn\u00e9 ko\u0161e pln\u00e9 kvitn\u00facich rastl\u00edn, ako s\u00fa mu\u0161k\u00e1ty alebo hortenzie,<\/li>\n<li>zmenia verandu na k\u00fasok z\u00e1hrady,<\/li>\n<li>k \u010fal\u0161iemu pohodliu a \u0161t\u00fdlu pom\u00f4\u017eu pleten\u00e9 koberce a vank\u00fa\u0161e.<\/li>\n<\/ul>\n<p>Dobre navrhnut\u00e1 veranda nielen kraj\u0161ie vyzer\u00e1, ale aj zv\u00fd\u0161i hodnotu tvojho domova v\u010faka \u010fal\u0161iemu priestoru chr\u00e1nen\u00e9mu pred po\u010das\u00edm. Je skvelou vo\u013ebou na letn\u00e9 stretnutia aj tich\u00e9 chv\u00ed\u013eky v objat\u00ed pr\u00edrody.<\/p>\n<\/details><details class=\"g-accordion \"><summary><h3>Ako m\u00f4\u017ee by\u0165 veranda s\u00fa\u010das\u0165ou z\u00e1hrady?<\/h3><\/summary>\n<p>Ak veranda prirodzene spl\u00fdva so z\u00e1hradou, vn\u00fatorn\u00fd aj vonkaj\u0161\u00ed priestor p\u00f4sob\u00ed pr\u00edvetivo a prepojene. Pom\u00f4\u017eu ti k tomu tieto prvky:<\/p>\n<ul>\n<li>rastliny v \u010drepn\u00edkoch,<\/li>\n<li>z\u00e1vesn\u00e9 ko\u0161\u00edky,<\/li>\n<li>okenn\u00e9 debni\u010dky s pestr\u00fdmi kvetmi ako s\u00fa kosmos alebo alyssum.<\/li>\n<\/ul>\n<p>Takto bude veranda \u017eiari\u0165 farbami po\u010das cel\u00e9ho roka.<\/p>\n<p>\u010crepn\u00edky m\u00f4\u017ee\u0161 rozmiestni\u0165 k hojda\u010dk\u00e1m alebo pr\u00faten\u00fdm stoli\u010dk\u00e1m, aby si poc\u00edtil e\u0161te v\u00e4\u010d\u0161ie spojenie so z\u00e1hradou. Kombin\u00e1cia letni\u010diek a trvaliek sa star\u00e1 o pestr\u00fa a neust\u00e1le sa meniacu v\u00fdzdobu. Zelen\u00e9 rastliny ako <strong>bre\u010dtan<\/strong> alebo <strong>zlat\u00e1 dyssodia<\/strong> v \u010drepn\u00edkoch vytv\u00e1raj\u00fa zauj\u00edmav\u00fa text\u00faru.<\/p>\n<p>V\u00e4zbu so z\u00e1hradou posilnia aj materi\u00e1ly \u2013 <strong>drevo na n\u00e1bytku<\/strong> alebo <strong>kamenn\u00e9 chodn\u00ed\u010dky<\/strong> ladia s oboma priestormi. V\u00fdberom prvkov, ktor\u00e9 sa hodia k okolitej krajine, premen\u00ed\u0161 verandu na prirodzen\u00e9 pokra\u010dovanie z\u00e1hrady.<\/p>\n<\/details><details class=\"g-accordion \"><summary><h3>Ak\u00fd vonkaj\u0161\u00ed n\u00e1bytok vylep\u0161\u00ed verandu pri chatke?<\/h3><\/summary>\n<p>Ak chce\u0161, aby bola veranda \u00fatuln\u00e1 a p\u00f4sobila vidiecky, treba spoji\u0165 pohodlie a \u0161arm. Skvelou vo\u013ebou s\u00fa:<\/p>\n<ul>\n<li>pr\u00faten\u00e9 stoli\u010dky, hojda\u010dky \u010di hojdacie kresl\u00e1 na oddych aj pekn\u00fd vzh\u013ead,<\/li>\n<li>lavice, ktor\u00e9 pon\u00fakaj\u00fa viac miesta na sedenie a st\u00e1le p\u00f4sobia \u00fatulne.<\/li>\n<\/ul>\n<p>Pri stretnutiach pote\u0161ia mal\u00e9 stol\u00edky na odlo\u017eenie n\u00e1pojov alebo drobnost\u00ed. Farby a extra pohodlie pridaj\u00fa vank\u00fa\u0161e a deky \u2013 verte, v\u010faka nim bude veranda ove\u013ea pr\u00edjemnej\u0161ia. <strong>Atmosf\u00e9ru vylep\u0161ia aj lamp\u00e1\u0161e alebo \u010drepn\u00edky s kvetmi.<\/strong><\/p>\n<p>N\u00e1bytok z odoln\u00fdch materi\u00e1lov vydr\u017e\u00ed dlh\u0161ie a z\u00e1rove\u0148 dolad\u00ed vidiecky vzh\u013ead verandy. <strong>Pleten\u00e9 text\u00fary zase p\u00f4sobia elegantne a st\u00e1le s\u00fa pohodln\u00e9.<\/strong><\/p>\n<p>Vyber vonkaj\u0161\u00ed n\u00e1bytok pod\u013ea svojho vkusu \u2013 tak si vytvor\u00ed\u0161 priestor, ktor\u00fd nielen lad\u00ed s chatkou, ale skvele posl\u00fa\u017ei na relax aj stretnutia s priate\u013emi.<\/p>\n<\/details> <details class=\"g-accordion \"><summary><h3>Ak\u00e9 s\u00fa najlep\u0161ie mo\u017enosti sedenia na verande vidieckeho dom\u010deka?<\/h3><\/summary>  <\/p>\n<p>Pri v\u00fdbere sedenia na verandu vidieckeho dom\u010deka s\u00fa d\u00f4le\u017eit\u00e9 pohodlie aj \u0161t\u00fdl. Sk\u00fas tieto ob\u013e\u00faben\u00e9 mo\u017enosti, ktor\u00e9 vytvoria \u00fatuln\u00fa atmosf\u00e9ru, ide\u00e1lnu na odpo\u010dinok alebo rozhovory:<\/p>\n<ul>\n<li>pr\u00faten\u00e9 kresl\u00e1,<\/li>\n<li>hojda\u010dky na sedenie,<\/li>\n<li>kresl\u00e1 typu \u201eglider\u201c (hojdacie kreslo na li\u017ein\u00e1ch).<\/li>\n<\/ul>\n<p>Pou\u017eit\u00edm lavice alebo z\u00e1vesnej hojda\u010dky roz\u0161\u00edri\u0161 mo\u017enosti na sedenie a z\u00e1rove\u0148 vylep\u0161\u00ed\u0161 \u010daro verandy. <strong>Ak zvol\u00ed\u0161 materi\u00e1ly odoln\u00e9 vo\u010di poveternostn\u00fdm vplyvom<\/strong>, tvoj n\u00e1bytok vydr\u017e\u00ed da\u017e\u010fu aj slnku a zostane dlho pekn\u00fd. Tieto mo\u017enosti vylep\u0161uj\u00fa funkcionalitu aj vzh\u013ead verandy, tak\u017ee z\u00edska\u0161 pr\u00edjemn\u00fd priestor na r\u00f4zne aktivity a prav\u00fd vidiecky pocit.<\/p>\n<\/details>\n<details class=\"g-accordion \"><summary><h3>Ako ozdobi\u0165 verandu vidieckeho dom\u010deka kvetmi a rastlinami?<\/h3><\/summary>  <\/p>\n<p>Preme\u0148 verandu na pestr\u00e9 a l\u00e1kav\u00e9 miesto pomocou vhodnej kombin\u00e1cie kvetov a rastl\u00edn. Pou\u017ei:<\/p>\n<ul>\n<li>kvetin\u00e1\u010de s rastlinami,<\/li>\n<li>z\u00e1vesn\u00e9 ko\u0161e,<\/li>\n<li>truhl\u00edky na okenn\u00e9 parapety.<\/li>\n<\/ul>\n<p>Vyber si v\u00fdrazn\u00e9 kvety ako <strong>mu\u0161k\u00e1ty<\/strong> alebo <strong>hortenzie<\/strong>, ktor\u00e9 bud\u00fa svieti\u0165 po\u010das celej sez\u00f3ny.<\/p>\n<p>Kr\u00e1su aj praktickos\u0165 pridaj\u00fa bylinky \u010di mal\u00e9 zeleninov\u00e9 rastliny. Rozmiestni ich do <strong>dekorat\u00edvnych kvetin\u00e1\u010dov<\/strong> vo viacer\u00fdch v\u00fd\u0161kach, sk\u00fasi\u0165 m\u00f4\u017ee\u0161 napr\u00edklad <strong>terakotov\u00e9 n\u00e1doby<\/strong> \u2013 tie dodaj\u00fa verande klasick\u00fd vidiecky vzh\u013ead.<\/p>\n<p>Aby v\u0161etko ladilo s pr\u00edrodou v okol\u00ed, vyberaj rastliny, ktor\u00e9 sa k nej hodia. Kombin\u00e1cia letni\u010diek a trvaliek zabezpe\u010d\u00ed pestr\u00fd vzh\u013ead po\u010das cel\u00e9ho roka a veranda bude \u010dasom e\u0161te zelen\u0161ia. Dobre zvolen\u00fdmi a rozmiestnen\u00fdmi rastlinami si vytvor\u00ed\u0161 dokonal\u00fd k\u00fatik na oddych a pobyt vonku.<\/p>\n<\/details>\n<details class=\"g-accordion \"><summary><h3>Ak\u00e9 mo\u017enosti osvetlenia dodaj\u00fa verande \u010daro?<\/h3><\/summary>  <\/p>\n<p>Re\u0165azov\u00e9 svetielka, lamp\u00e1\u0161e a n\u00e1stenn\u00e9 svietidl\u00e1 s\u00fa skvelou vo\u013ebou na osvetlenie verandy s k\u00fazelnou atmosf\u00e9rou.<\/p>\n<ul>\n<li>svetielkov\u00e9 re\u0165aze vytvoria magick\u00fa n\u00e1ladu ve\u010der, ide\u00e1lnu na letn\u00e9 posed\u00e1vanie,<\/li>\n<li>lamp\u00e1\u0161e dodaj\u00fa jemn\u00e9 svetlo a zd\u00f4raznia vidiecky \u0161t\u00fdl,<\/li>\n<li>n\u00e1stenn\u00e9 svietidl\u00e1 zv\u00fdraznia architekt\u00faru a poskytn\u00fa praktick\u00e9 osvetlenie.<\/li>\n<\/ul>\n<p>Tepl\u00e9 odtiene \u017eiaroviek e\u0161te viac zv\u00fdraznia \u00fatulnos\u0165, tak\u017ee veranda bude pr\u00edvetiv\u00fdm miestom aj na ve\u010dern\u00e9 stretnutia. Tak\u00e9to osvetlenie nielen rozjasn\u00ed priestor, ale dokonale lad\u00ed so zvy\u0161kom v\u00fdbavy verandy, ako s\u00fa pr\u00faten\u00e9 \u010di hojdacie kresl\u00e1. V\u00fdsledkom je harmonick\u00e9 a poz\u00fdvaj\u00face miesto na sedenie vonku.<\/p>\n<\/details>\n<details class=\"g-accordion \"><summary><h3>Ako zakomponova\u0165 rustik\u00e1lne materi\u00e1ly na verande vidieckeho dom\u010deka?<\/h3><\/summary>  <\/p>\n<p>Pou\u017eitie rustik\u00e1lnych materi\u00e1lov dod\u00e1 verande teplo a osobit\u00fd \u0161t\u00fdl. Za\u010dni s <strong>drevit\u00fdmi prvkami<\/strong> \u2013 napr\u00edklad stol\u00edk alebo lavica zo star\u00e9ho dreva prines\u00fa prirodzen\u00fa pohodu. <strong>Kame\u0148<\/strong> \u2013 napr\u00edklad v podobe kvetin\u00e1\u010dov \u010di chodn\u00edka \u2013 prid\u00e1 text\u00faru aj odolnos\u0165 a vytvor\u00ed pr\u00edrodn\u00fa atmosf\u00e9ru.<\/p>\n<p>Pre v\u00e4\u010d\u0161\u00ed efekt m\u00f4\u017ee\u0161 pou\u017ei\u0165 <strong>kovov\u00e9 doplnky<\/strong>, napr\u00edklad z\u00e1bradlie \u010di osvetlenie z kovan\u00e9ho \u017eeleza. Takto z\u00edska veranda origin\u00e1lny vzh\u013ead a v\u0161etko bude pekne ladi\u0165 s pr\u00edrodou a tradi\u010dn\u00fdm vidieckym \u0161t\u00fdlom.<\/p>\n<p>Spr\u00e1vna kombin\u00e1cia t\u00fdchto prvkov vytvor\u00ed vyv\u00e1\u017een\u00fd a \u00fatuln\u00fd priestor, ktor\u00fd p\u00f4sob\u00ed prirodzene. <strong>Pridan\u00edm pr\u00faten\u00fdch roho\u017eiek alebo vonkaj\u0161\u00edch kobercov<\/strong> e\u0161te zv\u00fdrazn\u00ed\u0161 \u0161trukt\u00faru a podpor\u00ed\u0161 pr\u00edvetiv\u00fa atmosf\u00e9ru.<\/p>\n<p>Ke\u010f tieto rustik\u00e1lne materi\u00e1ly zlad\u00ed\u0161 s tvoj\u00edm vkusom a okol\u00edm, <strong>veranda sa stane \u00fatuln\u00fdm roz\u0161\u00edren\u00edm tvojho domova.<\/strong><\/p>\n<\/details>\n<details class=\"g-accordion \"><summary><h3>Ak\u00e9 lacn\u00e9 n\u00e1pady existuj\u00fa na dekorovanie verandy vidieckeho dom\u010deka?<\/h3><\/summary>  <\/p>\n<p>Zariadi\u0165 verandu \u00fatulne a pekne sa d\u00e1 aj s mal\u00fdm rozpo\u010dtom, sta\u010d\u00ed zapoji\u0165 fant\u00e1ziu a vyu\u017ei\u0165, \u010do m\u00e1\u0161 po ruke. Sk\u00fas vlastn\u00e9 \u201eDIY\u201c projekty \u2013 napr\u00edklad star\u00e9 vedr\u00e1 alebo debni\u010dky preme\u0148 na \u010darovn\u00e9 kvetin\u00e1\u010de, alebo daj star\u00e9mu n\u00e1bytku nov\u00fd \u017eivot s trochou farby. <strong>Sek\u00e1\u010de a baz\u00e1re s\u00fa pokladnicou origin\u00e1lnych k\u00faskov<\/strong>, ktor\u00e9 dodaj\u00fa priestoru osobitos\u0165 a podporia vidiecky vzh\u013ead.<\/p>\n<p>Zapoj pr\u00edrodn\u00e9 materi\u00e1ly ako hal\u00fazky, kamene alebo l\u00fa\u010dne kvety \u2013 skvele doplnia okolie a pritom \u0165a to ni\u010d nestoj\u00ed. Jasne farebn\u00e9 vank\u00fa\u0161e a podsed\u00e1ky prines\u00fa pohodlie aj vesel\u00fa n\u00e1ladu, tak\u017ee veranda o\u017eije.<\/p>\n<ul>\n<li>poobzeraj sa po retro dekor\u00e1ci\u00e1ch na burz\u00e1ch \u010di v baz\u00e1roch,<\/li>\n<li>h\u013eadaj poklady na bl\u0161\u00edch trhoch, ktor\u00e9 zapadn\u00fa k tvojmu \u0161t\u00fdlu,<\/li>\n<li>pou\u017ei jednoduch\u00e9, dostupn\u00e9 n\u00e1pady na \u00fatuln\u00fa verandu.<\/li>\n<\/ul>\n<p>Z\u00e1vesn\u00e9 kvetin\u00e1\u010de s mu\u0161k\u00e1tmi, astromi alebo bre\u010dtanom vnes\u00fa teplo a zauj\u00edmav\u00fd vzh\u013ead. <strong>V\u010faka t\u00fdmto \u0161ikovn\u00fdm n\u00e1padom vytvor\u00ed\u0161 pr\u00edvetiv\u00fa verandu, ktor\u00e1 je praktick\u00e1, \u00fatuln\u00e1 a bude odzrkad\u013eova\u0165 tvoj osobn\u00fd \u0161t\u00fdl.<\/strong><\/p>\n<\/details>\n<details class=\"g-accordion \"><summary><h3>Ako si na verande vytvori\u0165 \u00fatuln\u00fd \u010ditate\u013esk\u00fd k\u00fatik?<\/h3><\/summary>  <\/p>\n<p>Vytvori\u0165 si na verande dom\u010deka \u010ditate\u013esk\u00fd k\u00fatik je skvel\u00fd sp\u00f4sob, ako si vychutna\u0165 pokoj bl\u00edzko pr\u00edrody. Za\u010dni pohodln\u00fdm seden\u00edm, napr\u00edklad <strong>pr\u00faten\u00fdm kreslom<\/strong> alebo <strong>hojdacou sie\u0165ou<\/strong> pod\u013ea tvojho vkusu. Pohodlie e\u0161te zv\u00fd\u0161i\u0161 m\u00e4kk\u00fdmi vank\u00fa\u0161mi a hrejivou dekou \u2013 ide\u00e1lne, ak sa ponor\u00ed\u0161 do knihy na dlh\u0161ie.<\/p>\n<ul>\n<li>priprav si mal\u00fd stol\u00edk na kni\u017eku a ob\u013e\u00faben\u00fd n\u00e1poj \u2013 napr\u00edklad \u010daj alebo k\u00e1vu,<\/li>\n<li>dostato\u010dn\u00e9 osvetlenie je ve\u010der d\u00f4le\u017eit\u00e9; lamp\u00e1\u0161 alebo mal\u00e1 lampa poskytn\u00fa svetlo aj pr\u00edjemn\u00fa atmosf\u00e9ru,<\/li>\n<li>k\u00fatik obklop kvetmi alebo zele\u0148ou v \u010drepn\u00edkoch \u2013 zabezpe\u010d\u00ed\u0161 si tak s\u00fakromie a k\u00fasok pr\u00edrody.<\/li>\n<\/ul>\n<p>Pou\u017ei <strong>rustik\u00e1lne materi\u00e1ly, ako drevo alebo kov<\/strong> \u2013 v\u010faka nim bude \u010ditate\u013esk\u00fd k\u00fatik ladi\u0165 so zvy\u0161kom verandy aj s vidieckym \u0161t\u00fdlom. Ke\u010f tieto prvky usporiada\u0161 pod\u013ea seba, vytvor\u00ed\u0161 si ide\u00e1lne miesto na oddych s knihou, kde bude\u0161 v pohode uprostred pr\u00edrody.<\/p>\n<\/details>\n","protected":false},"excerpt":{"rendered":"<p>Vidiecka veranda nie je len architektonick\u00fdm prvkom \u2014 je to v\u0161estrann\u00e9 roz\u0161\u00edrenie tvojho domova, ktor\u00e9 hladko sp\u00e1ja pohodlie vn\u00fatra s \u010darom pr\u00edrody. Ak ju vhodne zariadi\u0161, premen\u00ed sa na \u00fatuln\u00e9 miesto na oddych, kde si m\u00f4\u017ee\u0161 v pokoji \u010d\u00edta\u0165 alebo sa zabavi\u0165 s priate\u013emi. Pr\u00edjemn\u00fa atmosf\u00e9ru na vidieckej verande vytvor\u00ed\u0161 pohodln\u00fdm seden\u00edm, napr\u00edklad pr\u00faten\u00fdmi kreslami, hojdac\u00edmi stoli\u010dkami alebo lavi\u010dkami. Tieto&hellip;<\/p>\n","protected":false},"author":14,"featured_media":3311,"comment_status":"closed","ping_status":"closed","sticky":false,"template":"","format":"standard","meta":{"rank_math_focus_keyword":"veranda chaty","rank_math_title":"Vylep\u0161i svoj vonkaj\u0161\u00ed priestor","rank_math_description":"Objavte p\u00f4vabn\u00e9 n\u00e1pady na vidiecke verandy, ktor\u00e9 obohatia v\u00e1\u0161 vonkaj\u0161\u00ed priestor \u0161t\u00fdlom a pohodl\u00edm. Ide\u00e1lne na relax\u00e1ciu a z\u00e1bavu.","footnotes":""},"categories":[240],"tags":[],"class_list":["post-3675","post","type-post","status-publish","format-standard","has-post-thumbnail","hentry","category-vstupna-hala"],"g_custom_schema_json":"<script type=\"application\/ld+json\">\n{\n  \"@context\": \"https:\/\/schema.org\",\n  \"@type\": \"FAQPage\",\n  \"mainEntity\": [\n    {\n      \"@type\": \"Question\",\n      \"name\": \"\u010co rob\u00ed verandu pri vidieckej chatke pr\u00edvetivou?\",\n      \"acceptedAnswer\": {\n        \"@type\": \"Answer\",\n        \"text\": \"Pr\u00edvetiv\u00e1 veranda pri chatke o\u017eije v\u010faka nieko\u013ek\u00fdm d\u00f4le\u017eit\u00fdm prvkom, ktor\u00e9 vytv\u00e1raj\u00fa \u00fatuln\u00fa atmosf\u00e9ru: pohodln\u00fd n\u00e1bytok, napr\u00edklad pr\u00faten\u00e9 stoli\u010dky alebo hojda\u010dky na verande, prid\u00e1va relax aj \u0161arm, kvety v \u010drepn\u00edkoch, ako s\u00fa mu\u0161k\u00e1ty a hortenzie, vn\u00e1\u0161aj\u00fa do priestoru \u017eiariv\u00e9 farby a k\u00fasok pr\u00edrody, ozdobn\u00e9 veci, napr\u00edklad ven\u010deky alebo sez\u00f3nna v\u00fdzdoba, e\u0161te viac zv\u00fdraz\u0148uj\u00fa pr\u00edvetiv\u00fd pocit.\"\n      }\n    },\n    {\n      \"@type\": \"Question\",\n      \"name\": \"Ako veranda pri chatke sl\u00fa\u017ei ako exteri\u00e9rov\u00e1 ob\u00fdva\u010dka?\",\n      \"acceptedAnswer\": {\n        \"@type\": \"Answer\",\n        \"text\": \"Veranda pri chatke je ako \u010fal\u0161ia miestnos\u0165 tvojho domu, kde spoj\u00ed\u0161 pohodlie vo vn\u00fatri s rados\u0165ou z pobytu vonku. Je skvel\u00e1 na \u010derstv\u00fd vzduch, \u010d\u00edtanie knihy alebo stretnutia s priate\u013emi. O \u00fatulnos\u0165 sa postaraj\u00fa r\u00f4zne miesta na sedenie, ako s\u00fa pr\u00faten\u00e9 stoli\u010dky.\"\n      }\n    },\n    {\n      \"@type\": \"Question\",\n      \"name\": \"Ako m\u00f4\u017ee by\u0165 veranda s\u00fa\u010das\u0165ou z\u00e1hrady?\",\n      \"acceptedAnswer\": {\n        \"@type\": \"Answer\",\n        \"text\": \"Ak veranda prirodzene spl\u00fdva so z\u00e1hradou, vn\u00fatorn\u00fd aj vonkaj\u0161\u00ed priestor p\u00f4sob\u00ed pr\u00edvetivo a prepojene. Pom\u00f4\u017eu ti k tomu tieto prvky: rastliny v \u010drepn\u00edkoch, z\u00e1vesn\u00e9 ko\u0161\u00edky, okenn\u00e9 debni\u010dky s pestr\u00fdmi kvetmi ako s\u00fa kosmos alebo alyssum.\"\n      }\n    },\n    {\n      \"@type\": \"Question\",\n      \"name\": \"Ak\u00fd vonkaj\u0161\u00ed n\u00e1bytok vylep\u0161\u00ed verandu pri chatke?\",\n      \"acceptedAnswer\": {\n        \"@type\": \"Answer\",\n        \"text\": \"Ak chce\u0161, aby bola veranda \u00fatuln\u00e1 a p\u00f4sobila vidiecky, treba spoji\u0165 pohodlie a \u0161arm. Skvelou vo\u013ebou s\u00fa: pr\u00faten\u00e9 stoli\u010dky, hojda\u010dky \u010di hojdacie kresl\u00e1 na oddych aj pekn\u00fd vzh\u013ead, lavice, ktor\u00e9 pon\u00fakaj\u00fa viac miesta na sedenie a st\u00e1le p\u00f4sobia \u00fatulne.\"\n      }\n    },\n    {\n      \"@type\": \"Question\",\n      \"name\": \"Ak\u00e9 s\u00fa najlep\u0161ie mo\u017enosti sedenia na verande vidieckeho dom\u010deka?\",\n      \"acceptedAnswer\": {\n        \"@type\": \"Answer\",\n        \"text\": \"Pri v\u00fdbere sedenia na verandu vidieckeho dom\u010deka s\u00fa d\u00f4le\u017eit\u00e9 pohodlie aj \u0161t\u00fdl. Sk\u00fas tieto ob\u013e\u00faben\u00e9 mo\u017enosti, ktor\u00e9 vytvoria \u00fatuln\u00fa atmosf\u00e9ru, ide\u00e1lnu na odpo\u010dinok alebo rozhovory: pr\u00faten\u00e9 kresl\u00e1, hojda\u010dky na sedenie, kresl\u00e1 typu \u201eglider\u201c.\"\n      }\n    },\n    {\n      \"@type\": \"Question\",\n      \"name\": \"Ako ozdobi\u0165 verandu vidieckeho dom\u010deka kvetmi a rastlinami?\",\n      \"acceptedAnswer\": {\n        \"@type\": \"Answer\",\n        \"text\": \"Preme\u0148 verandu na pestr\u00e9 a l\u00e1kav\u00e9 miesto pomocou vhodnej kombin\u00e1cie kvetov a rastl\u00edn. Pou\u017ei: kvetin\u00e1\u010de s rastlinami, z\u00e1vesn\u00e9 ko\u0161e, truhl\u00edky na okenn\u00e9 parapety. Vyber si v\u00fdrazn\u00e9 kvety ako mu\u0161k\u00e1ty alebo hortenzie.\"\n      }\n    },\n    {\n      \"@type\": \"Question\",\n      \"name\": \"Ak\u00e9 mo\u017enosti osvetlenia dodaj\u00fa verande \u010daro?\",\n      \"acceptedAnswer\": {\n        \"@type\": \"Answer\",\n        \"text\": \"Re\u0165azov\u00e9 svetielka, lamp\u00e1\u0161e a n\u00e1stenn\u00e9 svietidl\u00e1 s\u00fa skvelou vo\u013ebou na osvetlenie verandy s k\u00fazelnou atmosf\u00e9rou. Svetielkov\u00e9 re\u0165aze vytvoria magick\u00fa n\u00e1ladu ve\u010der, ide\u00e1lnu na letn\u00e9 posed\u00e1vanie, lamp\u00e1\u0161e dodaj\u00fa jemn\u00e9 svetlo a zd\u00f4raznia vidiecky \u0161t\u00fdl.\"\n      }\n    },\n    {\n      \"@type\": \"Question\",\n      \"name\": \"Ako zakomponova\u0165 rustik\u00e1lne materi\u00e1ly na verande vidieckeho dom\u010deka?\",\n      \"acceptedAnswer\": {\n        \"@type\": \"Answer\",\n        \"text\": \"Pou\u017eitie rustik\u00e1lnych materi\u00e1lov dod\u00e1 verande teplo a osobit\u00fd \u0161t\u00fdl. Za\u010dni s drevit\u00fdmi prvkami \u2013 napr\u00edklad stol\u00edk alebo lavica zo star\u00e9ho dreva prines\u00fa prirodzen\u00fa pohodu. Kame\u0148 \u2013 napr\u00edklad v podobe kvetin\u00e1\u010dov \u010di chodn\u00edka \u2013 prid\u00e1 text\u00faru aj odolnos\u0165.\"\n      }\n    },\n    {\n      \"@type\": \"Question\",\n      \"name\": \"Ak\u00e9 lacn\u00e9 n\u00e1pady existuj\u00fa na dekorovanie verandy vidieckeho dom\u010deka?\",\n      \"acceptedAnswer\": {\n        \"@type\": \"Answer\",\n        \"text\": \"Zariadi\u0165 verandu \u00fatulne a pekne sa d\u00e1 aj s mal\u00fdm rozpo\u010dtom, sta\u010d\u00ed zapoji\u0165 fant\u00e1ziu a vyu\u017ei\u0165, \u010do m\u00e1\u0161 po ruke. Sk\u00fas vlastn\u00e9 \u201eDIY\u201c projekty \u2013 napr\u00edklad star\u00e9 vedr\u00e1 alebo debni\u010dky preme\u0148 na \u010darovn\u00e9 kvetin\u00e1\u010de, alebo daj star\u00e9mu n\u00e1bytku nov\u00fd \u017eivot s trochou farby.\"\n      }\n    },\n    {\n      \"@type\": \"Question\",\n      \"name\": \"Ako si na verande vytvori\u0165 \u00fatuln\u00fd \u010ditate\u013esk\u00fd k\u00fatik?\",\n      \"acceptedAnswer\": {\n        \"@type\": \"Answer\",\n        \"text\": \"Vytvori\u0165 si na verande dom\u010deka \u010ditate\u013esk\u00fd k\u00fatik je skvel\u00fd sp\u00f4sob, ako si vychutna\u0165 pokoj bl\u00edzko pr\u00edrody. Za\u010dni pohodln\u00fdm seden\u00edm, napr\u00edklad pr\u00faten\u00fdm kreslom alebo hojdacou sie\u0165ou pod\u013ea tvojho vkusu. Pohodlie e\u0161te zv\u00fd\u0161i\u0161 m\u00e4kk\u00fdmi vank\u00fa\u0161mi a hrejivou dekou.\"\n      }\n    }\n  ]\n}\n<\/script>\n<script type=\"application\/ld+json\">\n{\n  \"@context\": \"https:\/\/schema.org\",\n  \"@type\": \"HowTo\",\n  \"name\": \"Ako zariadi\u0165 a dekorova\u0165 vidiecku verandu\",\n  \"description\": \"Nau\u010dte sa, ako vytvori\u0165 \u00fatuln\u00fa a \u0161t\u00fdlov\u00fa verandu pri vidieckom dom\u010deku pomocou spr\u00e1vneho n\u00e1bytku, kvet\u00edn, osvetlenia a dekor\u00e1ci\u00ed.\",\n  \"step\": [\n    {\n      \"@type\": \"HowToStep\",\n      \"name\": \"Vyberte pohodln\u00e9 sedenie\",\n      \"text\": \"Pou\u017eite pr\u00faten\u00e9 kresl\u00e1, hojdacie stoli\u010dky alebo lavi\u010dky, ktor\u00e9 podporia relax a z\u00e1rove\u0148 dotvoria rustik\u00e1lny \u0161t\u00fdl.\",\n      \"image\": \"https:\/\/doubletakedecor.com\/uploads\/2025\/07\/cottage-porch-dtd-07.jpg\"\n    },\n    {\n      \"@type\": \"HowToStep\",\n      \"name\": \"Pridajte kvety a rastliny\",\n      \"text\": \"Zasa\u010fte farebn\u00e9 mu\u0161k\u00e1ty, hortenzie alebo in\u00e9 pestr\u00e9 rastliny do \u010drepn\u00edkov a z\u00e1vesn\u00fdch ko\u0161ov na o\u017eivenie priestoru.\",\n      \"image\": \"https:\/\/doubletakedecor.com\/uploads\/2025\/07\/cottage-porch-dtd-02.jpg\"\n    },\n    {\n      \"@type\": \"HowToStep\",\n      \"name\": \"Zvo\u013ete vhodn\u00e9 osvetlenie\",\n      \"text\": \"Pou\u017eite sveteln\u00e9 re\u0165aze, lamp\u00e1\u0161e alebo n\u00e1stenn\u00e9 svietidl\u00e1, ktor\u00e9 umo\u017enia vyu\u017e\u00edva\u0165 verandu aj ve\u010der a vytvoria \u00fatuln\u00fa atmosf\u00e9ru.\",\n      \"image\": \"https:\/\/doubletakedecor.com\/uploads\/2025\/07\/cottage-porch-dtd-06.jpg\"\n    },\n    {\n      \"@type\": \"HowToStep\",\n      \"name\": \"Pou\u017eite pr\u00edrodn\u00e9 a rustik\u00e1lne materi\u00e1ly\",\n      \"text\": \"Doplnky z dreva, kame\u0148a \u010di kovu zv\u00fdraznia vidiecky dojem a prepoja verandu s okol\u00edm.\",\n      \"image\": \"https:\/\/doubletakedecor.com\/uploads\/2025\/07\/cottage-porch-dtd-21.jpg\"\n    },\n    {\n      \"@type\": \"HowToStep\",\n      \"name\": \"Dopl\u0148te osobn\u00e9 dekor\u00e1cie\",\n      \"text\": \"Pridajte vank\u00fa\u0161e, koberce, vintage predmety alebo dekor\u00e1cie z bl\u0161\u00edch trhov, aby veranda z\u00edskala osobit\u00fd \u0161t\u00fdl a nad\u010dasov\u00e9 k\u00fazlo.\",\n      \"image\": \"https:\/\/doubletakedecor.com\/uploads\/2025\/07\/cottage-porch-dtd-12.jpg\"\n    },\n    {\n      \"@type\": \"HowToStep\",\n      \"name\": \"Vytvorte tematick\u00e9 k\u00fatiky\",\n      \"text\": \"Zariadte jed\u00e1lensk\u00fd alebo \u010ditate\u013esk\u00fd k\u00fatik, pou\u017eite m\u00e4kk\u00e9 vank\u00fa\u0161e, stoly a osvetlenie pod\u013ea potreby.\",\n      \"image\": \"https:\/\/doubletakedecor.com\/uploads\/2025\/07\/cottage-porch-dtd-28.jpg\"\n    }\n  ],\n  \"image\": [\n    \"https:\/\/doubletakedecor.com\/uploads\/2025\/07\/cottage-porch-dtd-01.jpg\",\n    \"https:\/\/doubletakedecor.com\/uploads\/2025\/07\/cottage-porch-dtd-02.jpg\",\n    \"https:\/\/doubletakedecor.com\/uploads\/2025\/07\/cottage-porch-dtd-03.jpg\"\n  ],\n  \"supply\": [\n    {\n      \"@type\": \"HowToSupply\",\n      \"name\": \"Pr\u00faten\u00e9 kresl\u00e1 alebo lavi\u010dky\"\n    },\n    {\n      \"@type\": \"HowToSupply\",\n      \"name\": \"\u010crepn\u00edky s kvetmi (mu\u0161k\u00e1ty, hortenzie, letni\u010dky)\"\n    },\n    {\n      \"@type\": \"HowToSupply\",\n      \"name\": \"Sveteln\u00e9 re\u0165aze, lamp\u00e1\u0161e, svietidl\u00e1\"\n    },\n    {\n      \"@type\": \"HowToSupply\",\n      \"name\": \"Pr\u00edrodn\u00e9 materi\u00e1ly (drevo, kame\u0148, kov)\"\n    },\n    {\n      \"@type\": \"HowToSupply\",\n      \"name\": \"Dekora\u010dn\u00e9 vank\u00fa\u0161e, koberce\"\n    },\n    {\n      \"@type\": \"HowToSupply\",\n      \"name\": \"Vintage predmety, osobn\u00e9 dekor\u00e1cie\"\n    }\n  ],\n  \"tool\": [\n    {\n      \"@type\": \"HowToTool\",\n      \"name\": \"Z\u00e1hradn\u00edcke n\u00e1radie\"\n    },\n    {\n      \"@type\": \"HowToTool\",\n      \"name\": \"Z\u00e1vesn\u00e9 ko\u0161e alebo truhl\u00edky\"\n    },\n    {\n      \"@type\": \"HowToTool\",\n      \"name\": \"Farby a \u0161tetce na \u00fapravu n\u00e1bytku\"\n    }\n  ],\n  \"totalTime\": \"PT2H\"\n}\n<\/script>","_links":{"self":[{"href":"https:\/\/doubletakedecor.com\/sk\/wp-json\/wp\/v2\/posts\/3675","targetHints":{"allow":["GET"]}}],"collection":[{"href":"https:\/\/doubletakedecor.com\/sk\/wp-json\/wp\/v2\/posts"}],"about":[{"href":"https:\/\/doubletakedecor.com\/sk\/wp-json\/wp\/v2\/types\/post"}],"author":[{"embeddable":true,"href":"https:\/\/doubletakedecor.com\/sk\/wp-json\/wp\/v2\/users\/14"}],"replies":[{"embeddable":true,"href":"https:\/\/doubletakedecor.com\/sk\/wp-json\/wp\/v2\/comments?post=3675"}],"version-history":[{"count":1,"href":"https:\/\/doubletakedecor.com\/sk\/wp-json\/wp\/v2\/posts\/3675\/revisions"}],"predecessor-version":[{"id":3676,"href":"https:\/\/doubletakedecor.com\/sk\/wp-json\/wp\/v2\/posts\/3675\/revisions\/3676"}],"wp:featuredmedia":[{"embeddable":true,"href":"https:\/\/doubletakedecor.com\/sk\/wp-json\/wp\/v2\/media\/3311"}],"wp:attachment":[{"href":"https:\/\/doubletakedecor.com\/sk\/wp-json\/wp\/v2\/media?parent=3675"}],"wp:term":[{"taxonomy":"category","embeddable":true,"href":"https:\/\/doubletakedecor.com\/sk\/wp-json\/wp\/v2\/categories?post=3675"},{"taxonomy":"post_tag","embeddable":true,"href":"https:\/\/doubletakedecor.com\/sk\/wp-json\/wp\/v2\/tags?post=3675"}],"curies":[{"name":"wp","href":"https:\/\/api.w.org\/{rel}","templated":true}]}}