{"id":5455,"date":"2025-08-12T20:42:43","date_gmt":"2025-08-12T18:42:43","guid":{"rendered":"https:\/\/doubletakedecor.com\/zahrada\/francuzsky-zahradny-dizajn\/"},"modified":"2025-08-12T23:36:29","modified_gmt":"2025-08-12T21:36:29","slug":"francuzsky-zahradny-dizajn","status":"publish","type":"post","link":"https:\/\/doubletakedecor.com\/sk\/zahrada\/francuzsky-zahradny-dizajn\/","title":{"rendered":"Vytvorenie vlastnej franc\u00fazskej z\u00e1hrady: N\u00e1vrh a in\u0161pir\u00e1cia"},"content":{"rendered":"<p>Franc\u00fazska z\u00e1hradn\u00e1 architekt\u00fara je d\u00f4kazom jemn\u00e9ho spojenia pr\u00edrody a \u013eudskej zru\u010dnosti, zn\u00e1ma po celom svete pre svoju v\u00fdrazn\u00fa symetriu a form\u00e1lnu v\u00fdsadbu. Tieto n\u00e1dhern\u00e9 priestory premie\u0148aj\u00fa krajinu na \u017eiv\u00e9 umeleck\u00e9 diela v\u010faka presne vyskladan\u00fdm geometrick\u00fdm vzorom, ktor\u00e9 dod\u00e1vaj\u00fa z\u00e1hrade poriadok a harm\u00f3niu. V srdci franc\u00fazskych z\u00e1hrad stoja prepracovan\u00e9 partery vytvoren\u00e9 z n\u00edzkych \u017eiv\u00fdch plotov. Tie tvoria symetrick\u00e9 tvary a \u010dasto rozde\u013euj\u00fa priestor na samostatn\u00e9 \u201eizby\u201c pod\u013ea chodn\u00edkov a \u00fah\u013eadne upraven\u00fdch l\u00edni\u00ed kr\u00edkov.<\/p>\n<p>Voda je vo franc\u00fazskej z\u00e1hrade ve\u013emi d\u00f4le\u017eit\u00e1. Font\u00e1ny a reflexn\u00e9 jazierka prid\u00e1vaj\u00fa oku n\u00e1dheru a pr\u00edjemn\u00fd zvuk upokojuje cel\u00e9 okolie. Starobyl\u00e9 prvky \u2013 napr\u00edklad vintage kvetin\u00e1\u010de \u2013 vn\u00e1\u0161aj\u00fa do priestoru historick\u00e9 \u010daro, zatia\u013e \u010do buxusov\u00e9 \u017eiv\u00e9 ploty a kamienkov\u00e9 chodn\u00ed\u010dky udr\u017eiavaj\u00fa z\u00e1hradu st\u00e1le upraven\u00fa a kr\u00e1snu.<\/p>\n<p>Franc\u00fazske z\u00e1hrady s\u00edce uprednost\u0148uj\u00fa obmedzen\u00e9 farebn\u00e9 kombin\u00e1cie, no vybran\u00e9 kvety zv\u00fdraz\u0148uj\u00fa ich form\u00e1lnu kr\u00e1su. Vo\u0148av\u00e9 rastliny, ako s\u00fa pomaran\u010dovn\u00edky \u010di levandu\u013ea, pote\u0161ia v\u0161etky zmysly a dod\u00e1vaj\u00fa z\u00e1hrade h\u013abku. Dokonal\u00e1 rovnov\u00e1ha medzi pravideln\u00fdmi tvrd\u00fdmi prvkami \u2013 kamenn\u00fdmi m\u00farmi, terasami a geometrick\u00fdm v\u00fdsadbou \u2013 ukazuje, ako \u010dlovek vie s citom pracova\u0165 s pr\u00edrodou a vytv\u00e1ra\u0165 vonkaj\u0161ie \u00fato\u010disk\u00e1, ktor\u00e9 sp\u00e1jaj\u00fa eleganciu so zmyslom pre poriadok.<\/p>\n<div class=\"kt_block\" id=\"kt_id\">\n<span class=\"kt_headline\">Hlavn\u00e9 my\u0161lienky<\/span><\/p>\n<ul class=\"kt_post_list\">\n<li><strong>\ud83c\udf3f Symetrick\u00e1 elegancia:<\/strong> Franc\u00fazska z\u00e1hrada je zn\u00e1ma svojou dokonalou symetriou a preh\u013eadn\u00fdm usporiadan\u00edm. Geometrick\u00e9 vzory a partery menia be\u017en\u00fd tr\u00e1vnik na umeleck\u00e9 dielo.<\/li>\n<li><strong>\ud83d\udca7 Pokojn\u00e9 vodn\u00e9 prvky:<\/strong> Font\u00e1ny \u010di odrazov\u00e9 jazierka dod\u00e1vaj\u00fa priestoru kr\u00e1su a jemn\u00e9 \u0161umenie vody, v\u010faka \u010domu je atmosf\u00e9ra franc\u00fazskej z\u00e1hrady ve\u013emi pokojn\u00e1.<\/li>\n<li><strong>\ud83c\udf38 Vo\u0148av\u00e9 rastliny:<\/strong> Starostlivo vyberan\u00e9 kvety a v\u00f4ne \u2013 napr\u00edklad levandu\u013ea a pomaran\u010dovn\u00edky \u2013 sa postaraj\u00fa o intenz\u00edvny z\u00e1\u017eitok pre v\u0161etky zmysly a pod\u010diarknu kr\u00e1su z\u00e1hrady.<\/li>\n<li><strong>\ud83c\udfe1 Spojenie s domom:<\/strong> Franc\u00fazska z\u00e1hrada je premyslen\u00e1 tak, aby plynule nadv\u00e4zovala na dom \u2013 pomocou chodn\u00ed\u010dkov, ter\u00e1s a pestr\u00fdch v\u00fdsadieb vytv\u00e1ra harm\u00f3niu medzi interi\u00e9rom a vonkaj\u0161\u00edm priestorom.<\/li>\n<\/ul>\n<\/div>\n<h2>\u00daprava z\u00e1hrady pri kamennom dome<\/h2>\n<p><img loading=\"lazy\" decoding=\"async\" width=\"700\" height=\"1050\" alt=\"Rustik\u00e1lny kamenn\u00fd dom s okenn\u00fdmi truhlicami pln\u00fdmi ru\u017eov\u00fdch a fialov\u00fdch kvetov, okn\u00e1 so z\u00e1clonami, svie\u017ea z\u00e1hrada a lavi\u010dka uprostred kvitn\u00facich rastl\u00edn.\" class=\"aligncenter size-full wp-image-4903\" src=\"https:\/\/doubletakedecor.com\/uploads\/2025\/08\/french-garden-design-dtd-01.jpg\" srcset=\"https:\/\/doubletakedecor.com\/uploads\/2025\/08\/french-garden-design-dtd-01.jpg 700w, https:\/\/doubletakedecor.com\/uploads\/2025\/08\/french-garden-design-dtd-01-200x300.jpg 200w, https:\/\/doubletakedecor.com\/uploads\/2025\/08\/french-garden-design-dtd-01-683x1024.jpg 683w, https:\/\/doubletakedecor.com\/uploads\/2025\/08\/french-garden-design-dtd-01-96x144.jpg 96w, https:\/\/doubletakedecor.com\/uploads\/2025\/08\/french-garden-design-dtd-01-280x420.jpg 280w, https:\/\/doubletakedecor.com\/uploads\/2025\/08\/french-garden-design-dtd-01-320x480.jpg 320w, https:\/\/doubletakedecor.com\/uploads\/2025\/08\/french-garden-design-dtd-01-360x540.jpg 360w, https:\/\/doubletakedecor.com\/uploads\/2025\/08\/french-garden-design-dtd-01-363x545.jpg 363w, https:\/\/doubletakedecor.com\/uploads\/2025\/08\/french-garden-design-dtd-01-370x555.jpg 370w, https:\/\/doubletakedecor.com\/uploads\/2025\/08\/french-garden-design-dtd-01-400x600.jpg 400w, https:\/\/doubletakedecor.com\/uploads\/2025\/08\/french-garden-design-dtd-01-560x840.jpg 560w, https:\/\/doubletakedecor.com\/uploads\/2025\/08\/french-garden-design-dtd-01-480x720.jpg 480w\" sizes=\"auto, (max-width: 700px) 100vw, 700px\" \/><\/p>\n<p>Franc\u00fazsku z\u00e1hradu o\u017eiv\u00ed\u0161 premyslen\u00fdm rozmiestnen\u00edm kvetov. Okenn\u00e9 truhlice, ktor\u00e9 pretekaj\u00fa ru\u017eov\u00fdmi a fialov\u00fdmi kvetmi na kamenn\u00fdch m\u00faroch, p\u00f4sobia skuto\u010dne autenticky. Postav \u010drepn\u00edkov\u00e9 rastliny popri chodn\u00edkoch a pridaj jednoduch\u00fa dreven\u00fa lavi\u010dku na pokojn\u00e9 posedenie. Dobre udr\u017eiavan\u00fd tr\u00e1vnik je ide\u00e1lnym pozad\u00edm pre pestr\u00e9 okrajov\u00e9 z\u00e1hony.<\/p>\n<h2>Rustik\u00e1lny franc\u00fazsky jed\u00e1lensk\u00fd k\u00fat na terase<\/h2>\n<p><img loading=\"lazy\" decoding=\"async\" width=\"700\" height=\"1050\" alt=\"Patio pri kamennej chalupe s okr\u00fahlym stolom, modr\u00fdmi stoli\u010dkami, pop\u00ednav\u00fdmi rastlinami a tvarovan\u00fdmi kr\u00edkmi, ktor\u00e9 vytv\u00e1raj\u00fa pokojn\u00fa atmosf\u00e9ru franc\u00fazskej z\u00e1hrady.\" class=\"aligncenter size-full wp-image-4909\" src=\"https:\/\/doubletakedecor.com\/uploads\/2025\/08\/french-garden-design-dtd-02.jpg\" srcset=\"https:\/\/doubletakedecor.com\/uploads\/2025\/08\/french-garden-design-dtd-02.jpg 700w, https:\/\/doubletakedecor.com\/uploads\/2025\/08\/french-garden-design-dtd-02-200x300.jpg 200w, https:\/\/doubletakedecor.com\/uploads\/2025\/08\/french-garden-design-dtd-02-683x1024.jpg 683w, https:\/\/doubletakedecor.com\/uploads\/2025\/08\/french-garden-design-dtd-02-96x144.jpg 96w, https:\/\/doubletakedecor.com\/uploads\/2025\/08\/french-garden-design-dtd-02-280x420.jpg 280w, https:\/\/doubletakedecor.com\/uploads\/2025\/08\/french-garden-design-dtd-02-320x480.jpg 320w, https:\/\/doubletakedecor.com\/uploads\/2025\/08\/french-garden-design-dtd-02-360x540.jpg 360w, https:\/\/doubletakedecor.com\/uploads\/2025\/08\/french-garden-design-dtd-02-363x545.jpg 363w, https:\/\/doubletakedecor.com\/uploads\/2025\/08\/french-garden-design-dtd-02-370x555.jpg 370w, https:\/\/doubletakedecor.com\/uploads\/2025\/08\/french-garden-design-dtd-02-400x600.jpg 400w, https:\/\/doubletakedecor.com\/uploads\/2025\/08\/french-garden-design-dtd-02-560x840.jpg 560w, https:\/\/doubletakedecor.com\/uploads\/2025\/08\/french-garden-design-dtd-02-480x720.jpg 480w\" sizes=\"auto, (max-width: 700px) 100vw, 700px\" \/><\/p>\n<p>Vy\u010daruj \u00fatuln\u00fd priestor na stolovanie pomocou pevn\u00e9ho kamenn\u00e9ho stola a svetlomodr\u00fdch kovov\u00fdch stoli\u010diek. Pridaj vzorovan\u00e9 vank\u00fa\u0161e pre pohodlie a \u0161t\u00fdl. Obe\u017ee terasu pop\u00ednav\u00fdmi rastlinami, ktor\u00e9 poskytn\u00fa prirodzen\u00fd tie\u0148 a s\u00fakromie. Okolo rozmiestni tvarovan\u00e9 buxusy v terakotov\u00fdch \u010drepn\u00edkoch, ktor\u00e9 zv\u00fdraznia prav\u00fa atmosf\u00e9ru franc\u00fazskej z\u00e1hrady.<\/p>\n<h2>Vstup do z\u00e1hrady pri kamennej chalupe<\/h2>\n<p><img loading=\"lazy\" decoding=\"async\" width=\"700\" height=\"1050\" alt=\"P\u00f4vabn\u00fd kamenn\u00fd vchod obklopen\u00fd bre\u010dtanom, dekora\u010dn\u00fdmi lamp\u00e1\u0161mi a elegantn\u00fdmi buxusmi vo vkusn\u00fdch \u010drepn\u00edkoch pri kamennom chodn\u00edku.\" class=\"aligncenter size-full wp-image-4915\" src=\"https:\/\/doubletakedecor.com\/uploads\/2025\/08\/french-garden-design-dtd-03.jpg\" srcset=\"https:\/\/doubletakedecor.com\/uploads\/2025\/08\/french-garden-design-dtd-03.jpg 700w, https:\/\/doubletakedecor.com\/uploads\/2025\/08\/french-garden-design-dtd-03-200x300.jpg 200w, https:\/\/doubletakedecor.com\/uploads\/2025\/08\/french-garden-design-dtd-03-683x1024.jpg 683w, https:\/\/doubletakedecor.com\/uploads\/2025\/08\/french-garden-design-dtd-03-96x144.jpg 96w, https:\/\/doubletakedecor.com\/uploads\/2025\/08\/french-garden-design-dtd-03-280x420.jpg 280w, https:\/\/doubletakedecor.com\/uploads\/2025\/08\/french-garden-design-dtd-03-320x480.jpg 320w, https:\/\/doubletakedecor.com\/uploads\/2025\/08\/french-garden-design-dtd-03-360x540.jpg 360w, https:\/\/doubletakedecor.com\/uploads\/2025\/08\/french-garden-design-dtd-03-363x545.jpg 363w, https:\/\/doubletakedecor.com\/uploads\/2025\/08\/french-garden-design-dtd-03-370x555.jpg 370w, https:\/\/doubletakedecor.com\/uploads\/2025\/08\/french-garden-design-dtd-03-400x600.jpg 400w, https:\/\/doubletakedecor.com\/uploads\/2025\/08\/french-garden-design-dtd-03-560x840.jpg 560w, https:\/\/doubletakedecor.com\/uploads\/2025\/08\/french-garden-design-dtd-03-480x720.jpg 480w\" sizes=\"auto, (max-width: 700px) 100vw, 700px\" \/><\/p>\n<p>Or\u00e1muj vchod do domu bre\u010dtanom pre prirodzen\u00fa eleganciu a strategicky rozmiestni lamp\u00e1\u0161e, ktor\u00e9 navodia pr\u00edjemn\u00fa atmosf\u00e9ru. R\u00f4zne \u010drepn\u00edky \u2013 od rastl\u00edn tvarovan\u00fdch do gule po o\u0161\u00fachan\u00e9 kvetin\u00e1\u010de \u2013 prines\u00fa zauj\u00edmav\u00fa kombin\u00e1ciu materi\u00e1lov a tvarov. Vyberaj star\u0161ie kamenn\u00e9 n\u00e1doby, ktor\u00e9 zapadn\u00fa k fas\u00e1de domu. Cel\u00fd vzh\u013ead dotvor\u00ed kamenn\u00fd chodn\u00edk, ktor\u00fd pod\u010diarkne origin\u00e1lne \u010daro franc\u00fazskej z\u00e1hrady.<\/p>\n<h2>Elegantn\u00e9 kamenn\u00e9 patio s buxusov\u00fdmi akcentmi<\/h2>\n<p><img loading=\"lazy\" decoding=\"async\" width=\"700\" height=\"1050\" alt=\"Franc\u00fazsky z\u00e1hradn\u00fd dizajn s kamenn\u00fdm patio, pr\u00fatenou pohovkou, buxusov\u00fdmi strom\u010dekmi a brosky\u0148ov\u00fdmi stenami so sivomodr\u00fdmi okenicami.\" class=\"aligncenter size-full wp-image-4921\" src=\"https:\/\/doubletakedecor.com\/uploads\/2025\/08\/french-garden-design-dtd-04.jpg\" srcset=\"https:\/\/doubletakedecor.com\/uploads\/2025\/08\/french-garden-design-dtd-04.jpg 700w, https:\/\/doubletakedecor.com\/uploads\/2025\/08\/french-garden-design-dtd-04-200x300.jpg 200w, https:\/\/doubletakedecor.com\/uploads\/2025\/08\/french-garden-design-dtd-04-683x1024.jpg 683w, https:\/\/doubletakedecor.com\/uploads\/2025\/08\/french-garden-design-dtd-04-96x144.jpg 96w, https:\/\/doubletakedecor.com\/uploads\/2025\/08\/french-garden-design-dtd-04-280x420.jpg 280w, https:\/\/doubletakedecor.com\/uploads\/2025\/08\/french-garden-design-dtd-04-320x480.jpg 320w, https:\/\/doubletakedecor.com\/uploads\/2025\/08\/french-garden-design-dtd-04-360x540.jpg 360w, https:\/\/doubletakedecor.com\/uploads\/2025\/08\/french-garden-design-dtd-04-363x545.jpg 363w, https:\/\/doubletakedecor.com\/uploads\/2025\/08\/french-garden-design-dtd-04-370x555.jpg 370w, https:\/\/doubletakedecor.com\/uploads\/2025\/08\/french-garden-design-dtd-04-400x600.jpg 400w, https:\/\/doubletakedecor.com\/uploads\/2025\/08\/french-garden-design-dtd-04-560x840.jpg 560w, https:\/\/doubletakedecor.com\/uploads\/2025\/08\/french-garden-design-dtd-04-480x720.jpg 480w\" sizes=\"auto, (max-width: 700px) 100vw, 700px\" \/><\/p>\n<p>Vytvor typick\u00fa franc\u00fazsku z\u00e1hradn\u00fa o\u00e1zu v\u010faka kamennej dla\u017ebe a symetricky umiestnen\u00fdm buxusov\u00fdm strom\u010dekom. Pr\u00faten\u00fd n\u00e1bytok postav tak, aby smeroval ku vstupu do domu, a vzniklo pr\u00edjemn\u00e9 miesto na rozhovory. Na svetl\u00e9 steny nechaj pop\u00edna\u0165 zelen\u00e9 rastliny a pridaj modr\u00e9 okenice pre prav\u00fa atmosf\u00e9ru Provence.<\/p>\n<h2>Sedenie vo franc\u00fazskej z\u00e1hrade<\/h2>\n<p><img loading=\"lazy\" decoding=\"async\" width=\"700\" height=\"1050\" alt=\"Elegantn\u00fd vonkaj\u0161\u00ed priestor na sedenie s modr\u00fdmi vank\u00fa\u0161mi na stoli\u010dk\u00e1ch a minimalistick\u00fdm stolom, obklopen\u00fd hustou zele\u0148ou a buxusmi.\" class=\"aligncenter size-full wp-image-4927\" src=\"https:\/\/doubletakedecor.com\/uploads\/2025\/08\/french-garden-design-dtd-05.jpg\" srcset=\"https:\/\/doubletakedecor.com\/uploads\/2025\/08\/french-garden-design-dtd-05.jpg 700w, https:\/\/doubletakedecor.com\/uploads\/2025\/08\/french-garden-design-dtd-05-200x300.jpg 200w, https:\/\/doubletakedecor.com\/uploads\/2025\/08\/french-garden-design-dtd-05-683x1024.jpg 683w, https:\/\/doubletakedecor.com\/uploads\/2025\/08\/french-garden-design-dtd-05-96x144.jpg 96w, https:\/\/doubletakedecor.com\/uploads\/2025\/08\/french-garden-design-dtd-05-280x420.jpg 280w, https:\/\/doubletakedecor.com\/uploads\/2025\/08\/french-garden-design-dtd-05-320x480.jpg 320w, https:\/\/doubletakedecor.com\/uploads\/2025\/08\/french-garden-design-dtd-05-360x540.jpg 360w, https:\/\/doubletakedecor.com\/uploads\/2025\/08\/french-garden-design-dtd-05-363x545.jpg 363w, https:\/\/doubletakedecor.com\/uploads\/2025\/08\/french-garden-design-dtd-05-370x555.jpg 370w, https:\/\/doubletakedecor.com\/uploads\/2025\/08\/french-garden-design-dtd-05-400x600.jpg 400w, https:\/\/doubletakedecor.com\/uploads\/2025\/08\/french-garden-design-dtd-05-560x840.jpg 560w, https:\/\/doubletakedecor.com\/uploads\/2025\/08\/french-garden-design-dtd-05-480x720.jpg 480w\" sizes=\"auto, (max-width: 700px) 100vw, 700px\" \/><\/p>\n<p>Vytvor \u00fatuln\u00e9 sedenie na jemnom \u0161trkovom podklade s modern\u00fdmi stoli\u010dkami a farebne zladen\u00fdmi vank\u00fa\u0161mi. Umiestni ho bl\u00edzko franc\u00fazskych okien, aby sa dalo \u013eahko prech\u00e1dza\u0165 z domu na terasu. Okolo vysa\u010f tvarovan\u00fd buxus a pop\u00ednav\u00e9 rastliny na steny. Ako jednoduch\u00fd stredobod pou\u017ei mal\u00fd \u010drepn\u00edkov\u00fd kvietok \u2013 cel\u00e9 miesto tak z\u00edska pokojn\u00fa atmosf\u00e9ru.<\/p>\n<h2>Rustik\u00e1lne stolovanie v zeleni franc\u00fazskej z\u00e1hrady<\/h2>\n<p><img loading=\"lazy\" decoding=\"async\" width=\"700\" height=\"1050\" alt=\"Pokojn\u00e9 vonkaj\u0161ie stolovanie s dreven\u00fdm stolom a kovov\u00fdmi stoli\u010dkami pod pergolou obrastenou vini\u010dom, obklopen\u00e9 bujnou zele\u0148ou a kvitn\u00facimi rastlinami.\" class=\"aligncenter size-full wp-image-4933\" src=\"https:\/\/doubletakedecor.com\/uploads\/2025\/08\/french-garden-design-dtd-06.jpg\" srcset=\"https:\/\/doubletakedecor.com\/uploads\/2025\/08\/french-garden-design-dtd-06.jpg 700w, https:\/\/doubletakedecor.com\/uploads\/2025\/08\/french-garden-design-dtd-06-200x300.jpg 200w, https:\/\/doubletakedecor.com\/uploads\/2025\/08\/french-garden-design-dtd-06-683x1024.jpg 683w, https:\/\/doubletakedecor.com\/uploads\/2025\/08\/french-garden-design-dtd-06-96x144.jpg 96w, https:\/\/doubletakedecor.com\/uploads\/2025\/08\/french-garden-design-dtd-06-280x420.jpg 280w, https:\/\/doubletakedecor.com\/uploads\/2025\/08\/french-garden-design-dtd-06-320x480.jpg 320w, https:\/\/doubletakedecor.com\/uploads\/2025\/08\/french-garden-design-dtd-06-360x540.jpg 360w, https:\/\/doubletakedecor.com\/uploads\/2025\/08\/french-garden-design-dtd-06-363x545.jpg 363w, https:\/\/doubletakedecor.com\/uploads\/2025\/08\/french-garden-design-dtd-06-370x555.jpg 370w, https:\/\/doubletakedecor.com\/uploads\/2025\/08\/french-garden-design-dtd-06-400x600.jpg 400w, https:\/\/doubletakedecor.com\/uploads\/2025\/08\/french-garden-design-dtd-06-560x840.jpg 560w, https:\/\/doubletakedecor.com\/uploads\/2025\/08\/french-garden-design-dtd-06-480x720.jpg 480w\" sizes=\"auto, (max-width: 700px) 100vw, 700px\" \/><\/p>\n<p>Vytvor si jed\u00e1lensk\u00fd k\u00fatik v pr\u00edrode s rustik\u00e1lnym dreven\u00fdm stolom a kovov\u00fdmi stoli\u010dkami pod pergolou obrastenou vini\u010dom. Umiestni ho k m\u00faru zo skuto\u010dn\u00e9ho kame\u0148a pre autentick\u00fd dojem a maj po ruke \u010derstv\u00e9 bylinky pre v\u00f4\u0148u aj do kuchyne. Skombinuj biele a ru\u017eov\u00e9 kvety, aby z\u00e1hrada \u017eiarila vo franc\u00fazskych t\u00f3noch. Daj si z\u00e1le\u017ea\u0165 na tom, aby listy cez pergolu vytv\u00e1rali pr\u00edjemn\u00fd prieh\u013ead medzi svetlom a tie\u0148om.<\/p>\n<h2>Rustik\u00e1lny kamenn\u00fd dvor\u010dek<\/h2>\n<p><img loading=\"lazy\" decoding=\"async\" width=\"700\" height=\"1049\" alt=\"Pokojn\u00fd franc\u00fazsky dvor so kamenn\u00fdmi stenami, dreven\u00fdmi le\u017eadlami, levandu\u013eou a fialov\u00fdmi kvetmi v terakotov\u00fdch \u010drepn\u00edkoch a kamennou font\u00e1nou.\" class=\"aligncenter size-full wp-image-4939\" src=\"https:\/\/doubletakedecor.com\/uploads\/2025\/08\/french-garden-design-dtd-07.jpg\" srcset=\"https:\/\/doubletakedecor.com\/uploads\/2025\/08\/french-garden-design-dtd-07.jpg 700w, https:\/\/doubletakedecor.com\/uploads\/2025\/08\/french-garden-design-dtd-07-200x300.jpg 200w, https:\/\/doubletakedecor.com\/uploads\/2025\/08\/french-garden-design-dtd-07-683x1024.jpg 683w, https:\/\/doubletakedecor.com\/uploads\/2025\/08\/french-garden-design-dtd-07-96x144.jpg 96w, https:\/\/doubletakedecor.com\/uploads\/2025\/08\/french-garden-design-dtd-07-280x420.jpg 280w, https:\/\/doubletakedecor.com\/uploads\/2025\/08\/french-garden-design-dtd-07-320x480.jpg 320w, https:\/\/doubletakedecor.com\/uploads\/2025\/08\/french-garden-design-dtd-07-360x539.jpg 360w, https:\/\/doubletakedecor.com\/uploads\/2025\/08\/french-garden-design-dtd-07-363x544.jpg 363w, https:\/\/doubletakedecor.com\/uploads\/2025\/08\/french-garden-design-dtd-07-370x554.jpg 370w, https:\/\/doubletakedecor.com\/uploads\/2025\/08\/french-garden-design-dtd-07-400x599.jpg 400w, https:\/\/doubletakedecor.com\/uploads\/2025\/08\/french-garden-design-dtd-07-560x839.jpg 560w, https:\/\/doubletakedecor.com\/uploads\/2025\/08\/french-garden-design-dtd-07-480x719.jpg 480w\" sizes=\"auto, (max-width: 700px) 100vw, 700px\" \/><\/p>\n<p>Odd\u00fdchni si v tichej franc\u00fazskej z\u00e1hrade, kde dreven\u00e9 le\u017eadl\u00e1 dop\u013a\u0148aj\u00fa levandu\u013ea a fialov\u00e9 kvety v terakotov\u00fdch kvetin\u00e1\u010doch. Tradi\u010dn\u00fd \u0161trk na chodn\u00ed\u010dkoch dod\u00e1va prav\u00fa atmosf\u00e9ru. V strede umiestni kamenn\u00fa font\u00e1nu, ktor\u00e1 cel\u00fd priestor zjednot\u00ed. \u010crepn\u00edky porozkladaj pri starom m\u00fare a okam\u017eite vytvor\u00ed\u0161 priestor ako stvoren\u00fd na pokojn\u00e9 popoludnie.<\/p>\n<h2>Jed\u00e1lensk\u00fd k\u00fat pod pergolou obrastenou vini\u010dom<\/h2>\n<p><img loading=\"lazy\" decoding=\"async\" width=\"700\" height=\"1050\" alt=\"Franc\u00fazska z\u00e1hrada s drevenou pergolou zarastenou pop\u00ednavkami, pr\u00faten\u00fdm jed\u00e1lensk\u00fdm n\u00e1bytkom a bylinkami v kvetin\u00e1\u010doch pre pokojn\u00fa atmosf\u00e9ru vonku.\" class=\"aligncenter size-full wp-image-4945\" src=\"https:\/\/doubletakedecor.com\/uploads\/2025\/08\/french-garden-design-dtd-08.jpg\" srcset=\"https:\/\/doubletakedecor.com\/uploads\/2025\/08\/french-garden-design-dtd-08.jpg 700w, https:\/\/doubletakedecor.com\/uploads\/2025\/08\/french-garden-design-dtd-08-200x300.jpg 200w, https:\/\/doubletakedecor.com\/uploads\/2025\/08\/french-garden-design-dtd-08-683x1024.jpg 683w, https:\/\/doubletakedecor.com\/uploads\/2025\/08\/french-garden-design-dtd-08-96x144.jpg 96w, https:\/\/doubletakedecor.com\/uploads\/2025\/08\/french-garden-design-dtd-08-280x420.jpg 280w, https:\/\/doubletakedecor.com\/uploads\/2025\/08\/french-garden-design-dtd-08-320x480.jpg 320w, https:\/\/doubletakedecor.com\/uploads\/2025\/08\/french-garden-design-dtd-08-360x540.jpg 360w, https:\/\/doubletakedecor.com\/uploads\/2025\/08\/french-garden-design-dtd-08-363x545.jpg 363w, https:\/\/doubletakedecor.com\/uploads\/2025\/08\/french-garden-design-dtd-08-370x555.jpg 370w, https:\/\/doubletakedecor.com\/uploads\/2025\/08\/french-garden-design-dtd-08-400x600.jpg 400w, https:\/\/doubletakedecor.com\/uploads\/2025\/08\/french-garden-design-dtd-08-560x840.jpg 560w, https:\/\/doubletakedecor.com\/uploads\/2025\/08\/french-garden-design-dtd-08-480x720.jpg 480w\" sizes=\"auto, (max-width: 700px) 100vw, 700px\" \/><\/p>\n<p>Dopraj si pokojn\u00fa z\u00f3nu na stolovanie pod drevenou pergolou obrastenou pop\u00ednavkami. Ku stolu zo surov\u00e9ho dreva zvo\u013e pr\u00faten\u00e9 stoli\u010dky pre origin\u00e1lnu franc\u00fazsku atmosf\u00e9ru. Pridaj praktick\u00fa bo\u010dn\u00fa skrinku na serv\u00edrovanie a po obvode rozmiestni bylinky v kvetin\u00e1\u010doch \u2013 pre v\u00f4\u0148u aj do kuchyne. Prirodzen\u00fd vzh\u013ead priestoru pod\u010diarkni tepl\u00fdmi hlinen\u00fdmi dla\u017edicami.<\/p>\n<h2>Elegantn\u00fd vstup do franc\u00fazskej z\u00e1hrady<\/h2>\n<p><img loading=\"lazy\" decoding=\"async\" width=\"700\" height=\"1049\" alt=\"Rustik\u00e1lne dreven\u00e9 dvere so sklom, okolo pop\u00ednav\u00e9 ru\u017ee a ru\u017eov\u00e9 kvety v terakotov\u00fdch \u010drepn\u00edkoch pri kamennej cesti\u010dke.\" class=\"aligncenter size-full wp-image-4951\" src=\"https:\/\/doubletakedecor.com\/uploads\/2025\/08\/french-garden-design-dtd-09.jpg\" srcset=\"https:\/\/doubletakedecor.com\/uploads\/2025\/08\/french-garden-design-dtd-09.jpg 700w, https:\/\/doubletakedecor.com\/uploads\/2025\/08\/french-garden-design-dtd-09-200x300.jpg 200w, https:\/\/doubletakedecor.com\/uploads\/2025\/08\/french-garden-design-dtd-09-683x1024.jpg 683w, https:\/\/doubletakedecor.com\/uploads\/2025\/08\/french-garden-design-dtd-09-96x144.jpg 96w, https:\/\/doubletakedecor.com\/uploads\/2025\/08\/french-garden-design-dtd-09-280x420.jpg 280w, https:\/\/doubletakedecor.com\/uploads\/2025\/08\/french-garden-design-dtd-09-320x480.jpg 320w, https:\/\/doubletakedecor.com\/uploads\/2025\/08\/french-garden-design-dtd-09-360x539.jpg 360w, https:\/\/doubletakedecor.com\/uploads\/2025\/08\/french-garden-design-dtd-09-363x544.jpg 363w, https:\/\/doubletakedecor.com\/uploads\/2025\/08\/french-garden-design-dtd-09-370x554.jpg 370w, https:\/\/doubletakedecor.com\/uploads\/2025\/08\/french-garden-design-dtd-09-400x599.jpg 400w, https:\/\/doubletakedecor.com\/uploads\/2025\/08\/french-garden-design-dtd-09-560x839.jpg 560w, https:\/\/doubletakedecor.com\/uploads\/2025\/08\/french-garden-design-dtd-09-480x719.jpg 480w\" sizes=\"auto, (max-width: 700px) 100vw, 700px\" \/><\/p>\n<p>Vstupn\u00e9 dvere zv\u00fdrazni kvitn\u00facimi rastlinami v terakotov\u00fdch \u010drepn\u00edkoch, ktor\u00e9 kr\u00e1sne vynikn\u00fa pri bielych sten\u00e1ch domu. Ne\u010faleko polo\u017e kamenn\u00fa lavi\u010dku na oddych a rozj\u00edmanie. Pop\u00ednav\u00e9 ru\u017ee zjemnia ostr\u00e9 l\u00ednie architekt\u00fary a pr\u00edrodn\u00fd kamenn\u00fd chodn\u00ed\u010dek s tr\u00e1vou zakomponuj do priestoru pre origin\u00e1lny franc\u00fazsky p\u00f4vab. Takto vytvor\u00ed\u0161 pohodov\u00fa a pr\u00edvetiv\u00fa atmosf\u00e9ru.<\/p>\n<h2>Elegantn\u00e1 z\u00e1hradn\u00e1 cesti\u010dka s obl\u00fakmi<\/h2>\n<p><img loading=\"lazy\" decoding=\"async\" width=\"700\" height=\"1050\" alt=\"Pokojn\u00e1 kamenn\u00e1 cesti\u010dka lemovan\u00e1 hustou zele\u0148ou a elegantn\u00fdmi obl\u00fakmi, ktor\u00e9 ved\u00fa k pokojnej font\u00e1ne vo franc\u00fazskej z\u00e1hrade.\" class=\"aligncenter size-full wp-image-4957\" src=\"https:\/\/doubletakedecor.com\/uploads\/2025\/08\/french-garden-design-dtd-10.jpg\" srcset=\"https:\/\/doubletakedecor.com\/uploads\/2025\/08\/french-garden-design-dtd-10.jpg 700w, https:\/\/doubletakedecor.com\/uploads\/2025\/08\/french-garden-design-dtd-10-200x300.jpg 200w, https:\/\/doubletakedecor.com\/uploads\/2025\/08\/french-garden-design-dtd-10-683x1024.jpg 683w, https:\/\/doubletakedecor.com\/uploads\/2025\/08\/french-garden-design-dtd-10-96x144.jpg 96w, https:\/\/doubletakedecor.com\/uploads\/2025\/08\/french-garden-design-dtd-10-280x420.jpg 280w, https:\/\/doubletakedecor.com\/uploads\/2025\/08\/french-garden-design-dtd-10-320x480.jpg 320w, https:\/\/doubletakedecor.com\/uploads\/2025\/08\/french-garden-design-dtd-10-360x540.jpg 360w, https:\/\/doubletakedecor.com\/uploads\/2025\/08\/french-garden-design-dtd-10-363x545.jpg 363w, https:\/\/doubletakedecor.com\/uploads\/2025\/08\/french-garden-design-dtd-10-370x555.jpg 370w, https:\/\/doubletakedecor.com\/uploads\/2025\/08\/french-garden-design-dtd-10-400x600.jpg 400w, https:\/\/doubletakedecor.com\/uploads\/2025\/08\/french-garden-design-dtd-10-560x840.jpg 560w, https:\/\/doubletakedecor.com\/uploads\/2025\/08\/french-garden-design-dtd-10-480x720.jpg 480w\" sizes=\"auto, (max-width: 700px) 100vw, 700px\" \/><\/p>\n<p>Vytvor si typick\u00fa franc\u00fazsku promen\u00e1du so symetrick\u00fdmi obl\u00fakmi popretk\u00e1van\u00fdmi pop\u00ednav\u00fdmi rastlinami. Jemn\u00e9 lamp\u00e1\u0161e roz\u017eiaria cestu i po zotmen\u00ed. Okraje lemuj upraven\u00fdm \u017eiv\u00fdm plotom. Na konci chodn\u00edka postav font\u00e1nu alebo podobn\u00fd v\u00fdrazn\u00fd prvok, ktor\u00fd up\u00fata oko. Vyberaj svetl\u00fa kamenn\u00fa dla\u017ebu, ak\u00fa n\u00e1jde\u0161 v par\u00ed\u017eskych z\u00e1hrad\u00e1ch.<\/p>\n<h2>Kamenist\u00e1 cesti\u010dka s tvarovan\u00fdmi plotmi<\/h2>\n<p><img loading=\"lazy\" decoding=\"async\" width=\"700\" height=\"1050\" alt=\"Kr\u00e1sne upraven\u00e1 z\u00e1hrada pri franc\u00fazskom dome s kamennou cesti\u010dkou, pravideln\u00fdmi \u017eiv\u00fdmi plotmi, ru\u017eami a ozdobnou font\u00e1nou.\" class=\"aligncenter size-full wp-image-4963\" src=\"https:\/\/doubletakedecor.com\/uploads\/2025\/08\/french-garden-design-dtd-11.jpg\" srcset=\"https:\/\/doubletakedecor.com\/uploads\/2025\/08\/french-garden-design-dtd-11.jpg 700w, https:\/\/doubletakedecor.com\/uploads\/2025\/08\/french-garden-design-dtd-11-200x300.jpg 200w, https:\/\/doubletakedecor.com\/uploads\/2025\/08\/french-garden-design-dtd-11-683x1024.jpg 683w, https:\/\/doubletakedecor.com\/uploads\/2025\/08\/french-garden-design-dtd-11-96x144.jpg 96w, https:\/\/doubletakedecor.com\/uploads\/2025\/08\/french-garden-design-dtd-11-280x420.jpg 280w, https:\/\/doubletakedecor.com\/uploads\/2025\/08\/french-garden-design-dtd-11-320x480.jpg 320w, https:\/\/doubletakedecor.com\/uploads\/2025\/08\/french-garden-design-dtd-11-360x540.jpg 360w, https:\/\/doubletakedecor.com\/uploads\/2025\/08\/french-garden-design-dtd-11-363x545.jpg 363w, https:\/\/doubletakedecor.com\/uploads\/2025\/08\/french-garden-design-dtd-11-370x555.jpg 370w, https:\/\/doubletakedecor.com\/uploads\/2025\/08\/french-garden-design-dtd-11-400x600.jpg 400w, https:\/\/doubletakedecor.com\/uploads\/2025\/08\/french-garden-design-dtd-11-560x840.jpg 560w, https:\/\/doubletakedecor.com\/uploads\/2025\/08\/french-garden-design-dtd-11-480x720.jpg 480w\" sizes=\"auto, (max-width: 700px) 100vw, 700px\" \/><\/p>\n<p>Vytvor tradi\u010dn\u00fd franc\u00fazsky chodn\u00edk z pr\u00edrodn\u00fdch kame\u0148ov s pravideln\u00fdmi \u017eiv\u00fdmi plotmi po stran\u00e1ch. Pre o\u017eivenie vysa\u010f pestrofarebn\u00e9 ru\u017ee, ktor\u00e9 vynikn\u00fa pri zelenej kulise. Pridaj ozdobn\u00fa font\u00e1nu ako v\u00fdrazn\u00fd prvok uprostred. Dbaj na spr\u00e1vne rozmiestnenie ka\u017ed\u00e9ho detailu, aby bol priestor vyv\u00e1\u017een\u00fd, elegantn\u00fd a ladil s celkov\u00fdm vzh\u013eadom domu.<\/p>\n<h2>Vonkaj\u0161ie stolovanie vo franc\u00fazskej z\u00e1hrade<\/h2>\n<p><img loading=\"lazy\" decoding=\"async\" width=\"700\" height=\"1050\" alt=\"Pokojn\u00e1 franc\u00fazska z\u00e1hrada s hortenziami a levandu\u013eou popri \u0161trkovom chodn\u00edku, ktor\u00fd vedie k \u017elt\u00e9mu domu s modr\u00fdmi okenicami a zatienen\u00fdm vonkaj\u0161\u00edm stolovan\u00edm.\" class=\"aligncenter size-full wp-image-4969\" src=\"https:\/\/doubletakedecor.com\/uploads\/2025\/08\/french-garden-design-dtd-12.jpg\" srcset=\"https:\/\/doubletakedecor.com\/uploads\/2025\/08\/french-garden-design-dtd-12.jpg 700w, https:\/\/doubletakedecor.com\/uploads\/2025\/08\/french-garden-design-dtd-12-200x300.jpg 200w, https:\/\/doubletakedecor.com\/uploads\/2025\/08\/french-garden-design-dtd-12-683x1024.jpg 683w, https:\/\/doubletakedecor.com\/uploads\/2025\/08\/french-garden-design-dtd-12-96x144.jpg 96w, https:\/\/doubletakedecor.com\/uploads\/2025\/08\/french-garden-design-dtd-12-280x420.jpg 280w, https:\/\/doubletakedecor.com\/uploads\/2025\/08\/french-garden-design-dtd-12-320x480.jpg 320w, https:\/\/doubletakedecor.com\/uploads\/2025\/08\/french-garden-design-dtd-12-360x540.jpg 360w, https:\/\/doubletakedecor.com\/uploads\/2025\/08\/french-garden-design-dtd-12-363x545.jpg 363w, https:\/\/doubletakedecor.com\/uploads\/2025\/08\/french-garden-design-dtd-12-370x555.jpg 370w, https:\/\/doubletakedecor.com\/uploads\/2025\/08\/french-garden-design-dtd-12-400x600.jpg 400w, https:\/\/doubletakedecor.com\/uploads\/2025\/08\/french-garden-design-dtd-12-560x840.jpg 560w, https:\/\/doubletakedecor.com\/uploads\/2025\/08\/french-garden-design-dtd-12-480x720.jpg 480w\" sizes=\"auto, (max-width: 700px) 100vw, 700px\" \/><\/p>\n<p>Pokojn\u00fa jed\u00e1lensk\u00fa z\u00f3nu vo franc\u00fazskej z\u00e1hrade vytvor\u00ed\u0161 \u0161trkov\u00fdm chodn\u00edkom, lemovan\u00fdm bohat\u00fdmi hortenziami a levandu\u013eou. Umiestni jed\u00e1lensk\u00fd st\u00f4l pod ve\u013ek\u00fd slne\u010dn\u00edk pri fas\u00e1de domu, aby v\u0161etko bolo poruke. Na st\u00f4l polo\u017e \u010drepn\u00edkov\u00e9 kvety pre elegantn\u00fd dojem. Pohodln\u00e9 stoli\u010dky \u0165a pozv\u00fa k oddychu a vychutn\u00e1vaniu kr\u00e1snej z\u00e1hrady.<\/p>\n<h2>Form\u00e1lny \u0161trkov\u00fd chodn\u00edk<\/h2>\n<p><img loading=\"lazy\" decoding=\"async\" width=\"700\" height=\"1050\" alt=\"Symetrick\u00e1 z\u00e1hradn\u00e1 cesti\u010dka zo \u0161trku ved\u00faca ku zlat\u00e9mu kamenn\u00e9mu domu so zelen\u00fdmi okenicami a upraven\u00fdmi \u017eiv\u00fdmi plotmi.\" class=\"aligncenter size-full wp-image-4975\" src=\"https:\/\/doubletakedecor.com\/uploads\/2025\/08\/french-garden-design-dtd-13.jpg\" srcset=\"https:\/\/doubletakedecor.com\/uploads\/2025\/08\/french-garden-design-dtd-13.jpg 700w, https:\/\/doubletakedecor.com\/uploads\/2025\/08\/french-garden-design-dtd-13-200x300.jpg 200w, https:\/\/doubletakedecor.com\/uploads\/2025\/08\/french-garden-design-dtd-13-683x1024.jpg 683w, https:\/\/doubletakedecor.com\/uploads\/2025\/08\/french-garden-design-dtd-13-96x144.jpg 96w, https:\/\/doubletakedecor.com\/uploads\/2025\/08\/french-garden-design-dtd-13-280x420.jpg 280w, https:\/\/doubletakedecor.com\/uploads\/2025\/08\/french-garden-design-dtd-13-320x480.jpg 320w, https:\/\/doubletakedecor.com\/uploads\/2025\/08\/french-garden-design-dtd-13-360x540.jpg 360w, https:\/\/doubletakedecor.com\/uploads\/2025\/08\/french-garden-design-dtd-13-363x545.jpg 363w, https:\/\/doubletakedecor.com\/uploads\/2025\/08\/french-garden-design-dtd-13-370x555.jpg 370w, https:\/\/doubletakedecor.com\/uploads\/2025\/08\/french-garden-design-dtd-13-400x600.jpg 400w, https:\/\/doubletakedecor.com\/uploads\/2025\/08\/french-garden-design-dtd-13-560x840.jpg 560w, https:\/\/doubletakedecor.com\/uploads\/2025\/08\/french-garden-design-dtd-13-480x720.jpg 480w\" sizes=\"auto, (max-width: 700px) 100vw, 700px\" \/><\/p>\n<p>Vytvor si klasick\u00fd franc\u00fazsky vstup so symetrick\u00fdmi \u017eiv\u00fdmi plotmi pri \u0161trkovom chodn\u00edku. Jemn\u00e9 z\u00e1hradn\u00e9 osvetlenie roz\u017eiari cestu aj po z\u00e1pade slnka. Do stredu daj v\u00fdrazn\u00fa sochu alebo in\u00fd zauj\u00edmav\u00fd prvok, ktor\u00fd up\u00fata pozornos\u0165. Pr\u00edsnu form\u00e1lnos\u0165 m\u00f4\u017ee\u0161 zjemni\u0165 v\u00fdsadbou star\u0161ieho stromu, ktor\u00fd poskytne tie\u0148 a podpor\u00ed architektonick\u00fa zauj\u00edmavos\u0165 priestoru.<\/p>\n<h2>Klasick\u00e1 symetria s tvarovan\u00fdmi prvkami<\/h2>\n<p><img loading=\"lazy\" decoding=\"async\" width=\"700\" height=\"1050\" alt=\"Kr\u00e1sne upraven\u00e1 franc\u00fazska z\u00e1hrada s majest\u00e1tnym stromom, gu\u013eovit\u00fdmi kr\u00edkmi, prepracovan\u00fdmi chodn\u00edkmi a elegantn\u00fdmi domami s bielymi stenami v pozad\u00ed.\" class=\"aligncenter size-full wp-image-4981\" src=\"https:\/\/doubletakedecor.com\/uploads\/2025\/08\/french-garden-design-dtd-14.jpg\" srcset=\"https:\/\/doubletakedecor.com\/uploads\/2025\/08\/french-garden-design-dtd-14.jpg 700w, https:\/\/doubletakedecor.com\/uploads\/2025\/08\/french-garden-design-dtd-14-200x300.jpg 200w, https:\/\/doubletakedecor.com\/uploads\/2025\/08\/french-garden-design-dtd-14-683x1024.jpg 683w, https:\/\/doubletakedecor.com\/uploads\/2025\/08\/french-garden-design-dtd-14-96x144.jpg 96w, https:\/\/doubletakedecor.com\/uploads\/2025\/08\/french-garden-design-dtd-14-280x420.jpg 280w, https:\/\/doubletakedecor.com\/uploads\/2025\/08\/french-garden-design-dtd-14-320x480.jpg 320w, https:\/\/doubletakedecor.com\/uploads\/2025\/08\/french-garden-design-dtd-14-360x540.jpg 360w, https:\/\/doubletakedecor.com\/uploads\/2025\/08\/french-garden-design-dtd-14-363x545.jpg 363w, https:\/\/doubletakedecor.com\/uploads\/2025\/08\/french-garden-design-dtd-14-370x555.jpg 370w, https:\/\/doubletakedecor.com\/uploads\/2025\/08\/french-garden-design-dtd-14-400x600.jpg 400w, https:\/\/doubletakedecor.com\/uploads\/2025\/08\/french-garden-design-dtd-14-560x840.jpg 560w, https:\/\/doubletakedecor.com\/uploads\/2025\/08\/french-garden-design-dtd-14-480x720.jpg 480w\" sizes=\"auto, (max-width: 700px) 100vw, 700px\" \/><\/p>\n<p>Vytvor v z\u00e1hrade vyv\u00e1\u017een\u00fd stredobod tak, \u017ee okolo dominantn\u00e9ho stromu umiestni\u0161 gu\u013eovit\u00e9 tvarovan\u00e9 kr\u00edky. Starostlivo strihan\u00e9 \u017eiv\u00e9 ploty zv\u00fdraznia chodn\u00ed\u010dky a oddelia z\u00e1hradn\u00e9 \u010dasti. Pre elegantn\u00fd kontrast vysa\u010f biele kvety k zelenej v\u00fdsadbe. Cel\u00fd vzh\u013ead dolad\u00ed\u0161 obrubami z drobn\u00fdch kamienkov, ktor\u00e9 pridaj\u00fa text\u00faru a jasn\u00e9 ohrani\u010denie z\u00e1honom.<\/p>\n<h2>Symetrick\u00fd chodn\u00edk s upraven\u00fdmi \u017eiv\u00fdmi plotmi<\/h2>\n<p><img loading=\"lazy\" decoding=\"async\" width=\"700\" height=\"1050\" alt=\"Kr\u00e1sne upraven\u00e1 z\u00e1hrada s kamenn\u00fdm chodn\u00edkom cez zelen\u00fd tr\u00e1vnik, lemovan\u00fdm gu\u013eat\u00fdmi kr\u00edkmi a strihan\u00fdmi plotmi ved\u00facimi k bielemu ozdobn\u00e9mu plotu.\" class=\"aligncenter size-full wp-image-4987\" src=\"https:\/\/doubletakedecor.com\/uploads\/2025\/08\/french-garden-design-dtd-15.jpg\" srcset=\"https:\/\/doubletakedecor.com\/uploads\/2025\/08\/french-garden-design-dtd-15.jpg 700w, https:\/\/doubletakedecor.com\/uploads\/2025\/08\/french-garden-design-dtd-15-200x300.jpg 200w, https:\/\/doubletakedecor.com\/uploads\/2025\/08\/french-garden-design-dtd-15-683x1024.jpg 683w, https:\/\/doubletakedecor.com\/uploads\/2025\/08\/french-garden-design-dtd-15-96x144.jpg 96w, https:\/\/doubletakedecor.com\/uploads\/2025\/08\/french-garden-design-dtd-15-280x420.jpg 280w, https:\/\/doubletakedecor.com\/uploads\/2025\/08\/french-garden-design-dtd-15-320x480.jpg 320w, https:\/\/doubletakedecor.com\/uploads\/2025\/08\/french-garden-design-dtd-15-360x540.jpg 360w, https:\/\/doubletakedecor.com\/uploads\/2025\/08\/french-garden-design-dtd-15-363x545.jpg 363w, https:\/\/doubletakedecor.com\/uploads\/2025\/08\/french-garden-design-dtd-15-370x555.jpg 370w, https:\/\/doubletakedecor.com\/uploads\/2025\/08\/french-garden-design-dtd-15-400x600.jpg 400w, https:\/\/doubletakedecor.com\/uploads\/2025\/08\/french-garden-design-dtd-15-560x840.jpg 560w, https:\/\/doubletakedecor.com\/uploads\/2025\/08\/french-garden-design-dtd-15-480x720.jpg 480w\" sizes=\"auto, (max-width: 700px) 100vw, 700px\" \/><\/p>\n<p>Dopraj z\u00e1hrade harmonick\u00fd vzh\u013ead t\u00fdm, \u017ee vytvor\u00ed\u0161 kamenn\u00fd chodn\u00edk lemovan\u00fd perfektne gu\u013eat\u00fdmi kru\u0161p\u00e1nmi. Klasick\u00fa \u0161trukt\u00faru zabezpe\u010dia upraven\u00e9 \u017eiv\u00e9 ploty. Biely plot so zdoben\u00fdmi st\u013apmi predstavuje elegantn\u00fa hranicu a vy\u0161\u0161ie stromy v pozad\u00ed dotvoria pr\u00edjemn\u00e9 vrstvenie z\u00e1hrady.<\/p>\n<h2>Geometrick\u00e9 rozlo\u017eenie form\u00e1lnej z\u00e1hrady<\/h2>\n<p><img loading=\"lazy\" decoding=\"async\" width=\"700\" height=\"1050\" alt=\"Form\u00e1lna franc\u00fazska z\u00e1hrada so symetrick\u00fdmi \u017eiv\u00fdmi plotmi, tvarovan\u00fdmi kr\u00edkmi a centr\u00e1lnou font\u00e1nou s elegantn\u00fdm \u010diernobielym seden\u00edm.\" class=\"aligncenter size-full wp-image-4993\" src=\"https:\/\/doubletakedecor.com\/uploads\/2025\/08\/french-garden-design-dtd-16.jpg\" srcset=\"https:\/\/doubletakedecor.com\/uploads\/2025\/08\/french-garden-design-dtd-16.jpg 700w, https:\/\/doubletakedecor.com\/uploads\/2025\/08\/french-garden-design-dtd-16-200x300.jpg 200w, https:\/\/doubletakedecor.com\/uploads\/2025\/08\/french-garden-design-dtd-16-683x1024.jpg 683w, https:\/\/doubletakedecor.com\/uploads\/2025\/08\/french-garden-design-dtd-16-96x144.jpg 96w, https:\/\/doubletakedecor.com\/uploads\/2025\/08\/french-garden-design-dtd-16-280x420.jpg 280w, https:\/\/doubletakedecor.com\/uploads\/2025\/08\/french-garden-design-dtd-16-320x480.jpg 320w, https:\/\/doubletakedecor.com\/uploads\/2025\/08\/french-garden-design-dtd-16-360x540.jpg 360w, https:\/\/doubletakedecor.com\/uploads\/2025\/08\/french-garden-design-dtd-16-363x545.jpg 363w, https:\/\/doubletakedecor.com\/uploads\/2025\/08\/french-garden-design-dtd-16-370x555.jpg 370w, https:\/\/doubletakedecor.com\/uploads\/2025\/08\/french-garden-design-dtd-16-400x600.jpg 400w, https:\/\/doubletakedecor.com\/uploads\/2025\/08\/french-garden-design-dtd-16-560x840.jpg 560w, https:\/\/doubletakedecor.com\/uploads\/2025\/08\/french-garden-design-dtd-16-480x720.jpg 480w\" sizes=\"auto, (max-width: 700px) 100vw, 700px\" \/><\/p>\n<p>Vytvor klasick\u00fa franc\u00fazsku z\u00e1hradu pomocou symetrick\u00fdch vzorov \u017eiv\u00fdch plotov okolo centr\u00e1lnej font\u00e1ny. O zdoben\u00fd vzh\u013ead sa postaraj\u00fa presne strihan\u00e9 tvarovan\u00e9 kr\u00edky a jasne veden\u00e9 kamenn\u00e9 chodn\u00edky. Pridaj \u0161t\u00fdlov\u00e9 vonkaj\u0161ie sedenie s tradi\u010dn\u00fdmi vzormi ako miesto na oddych a pozorovanie. Vysok\u00e9 stromy v zadnej \u010dasti z\u00e1hrady zaistia pocit s\u00fakromia.<\/p>\n<h2>Elegantn\u00fd chodn\u00edk so zdobenou kamennou v\u00e1zou<\/h2>\n<p><img loading=\"lazy\" decoding=\"async\" width=\"700\" height=\"1050\" alt=\"\u00dapraven\u00e1 franc\u00fazska z\u00e1hradn\u00e1 cesti\u010dka s upraven\u00fdmi \u017eiv\u00fdmi plotmi, ozdobnou kamennou v\u00e1zou v strede a klasick\u00fdm kamenn\u00fdm m\u00farom v pozad\u00ed.\" class=\"aligncenter size-full wp-image-4999\" src=\"https:\/\/doubletakedecor.com\/uploads\/2025\/08\/french-garden-design-dtd-17.jpg\" srcset=\"https:\/\/doubletakedecor.com\/uploads\/2025\/08\/french-garden-design-dtd-17.jpg 700w, https:\/\/doubletakedecor.com\/uploads\/2025\/08\/french-garden-design-dtd-17-200x300.jpg 200w, https:\/\/doubletakedecor.com\/uploads\/2025\/08\/french-garden-design-dtd-17-683x1024.jpg 683w, https:\/\/doubletakedecor.com\/uploads\/2025\/08\/french-garden-design-dtd-17-96x144.jpg 96w, https:\/\/doubletakedecor.com\/uploads\/2025\/08\/french-garden-design-dtd-17-280x420.jpg 280w, https:\/\/doubletakedecor.com\/uploads\/2025\/08\/french-garden-design-dtd-17-320x480.jpg 320w, https:\/\/doubletakedecor.com\/uploads\/2025\/08\/french-garden-design-dtd-17-360x540.jpg 360w, https:\/\/doubletakedecor.com\/uploads\/2025\/08\/french-garden-design-dtd-17-363x545.jpg 363w, https:\/\/doubletakedecor.com\/uploads\/2025\/08\/french-garden-design-dtd-17-370x555.jpg 370w, https:\/\/doubletakedecor.com\/uploads\/2025\/08\/french-garden-design-dtd-17-400x600.jpg 400w, https:\/\/doubletakedecor.com\/uploads\/2025\/08\/french-garden-design-dtd-17-560x840.jpg 560w, https:\/\/doubletakedecor.com\/uploads\/2025\/08\/french-garden-design-dtd-17-480x720.jpg 480w\" sizes=\"auto, (max-width: 700px) 100vw, 700px\" \/><\/p>\n<p>Pov\u00fd\u0161 z\u00e1hradn\u00fd chodn\u00edk vkusne umiestnenou kamennou v\u00e1zou, vyplnenou farebn\u00fdmi kvetmi v strede cesty. Umiestni ju medzi presne strihan\u00e9 \u017eiv\u00e9 ploty, aby vznikol v\u00fdrazn\u00fd stredobod. Tento typick\u00fd franc\u00fazsky prvok zaujme poh\u013eady a s\u00fa\u010dasne vytv\u00e1ra form\u00e1lnu symetriu. Podobn\u00e9 ozdobn\u00e9 detaily m\u00f4\u017ee\u0161 prida\u0165 aj na m\u00fary v okol\u00ed pre jednotn\u00fd \u0161t\u00fdl.<\/p>\n<h2>Vidiecke z\u00e1hradn\u00e9 \u00fato\u010disko<\/h2>\n<p><img loading=\"lazy\" decoding=\"async\" width=\"700\" height=\"1050\" alt=\"P\u00f4vabn\u00fd vonkaj\u0161\u00ed k\u00fatik s obl\u00fakom s bielymi z\u00e1vesmi, \u00fatulnou poste\u013eou a z\u00e1vesn\u00fdm svetlom medzi o\u0161\u00fachan\u00fdmi stenami a \u0165ahav\u00fdmi rastlinami \u2013 ide\u00e1lne \u00fato\u010disko vo franc\u00fazskej z\u00e1hrade.\" class=\"aligncenter size-full wp-image-5005\" src=\"https:\/\/doubletakedecor.com\/uploads\/2025\/08\/french-garden-design-dtd-18.jpg\" srcset=\"https:\/\/doubletakedecor.com\/uploads\/2025\/08\/french-garden-design-dtd-18.jpg 700w, https:\/\/doubletakedecor.com\/uploads\/2025\/08\/french-garden-design-dtd-18-200x300.jpg 200w, https:\/\/doubletakedecor.com\/uploads\/2025\/08\/french-garden-design-dtd-18-683x1024.jpg 683w, https:\/\/doubletakedecor.com\/uploads\/2025\/08\/french-garden-design-dtd-18-96x144.jpg 96w, https:\/\/doubletakedecor.com\/uploads\/2025\/08\/french-garden-design-dtd-18-280x420.jpg 280w, https:\/\/doubletakedecor.com\/uploads\/2025\/08\/french-garden-design-dtd-18-320x480.jpg 320w, https:\/\/doubletakedecor.com\/uploads\/2025\/08\/french-garden-design-dtd-18-360x540.jpg 360w, https:\/\/doubletakedecor.com\/uploads\/2025\/08\/french-garden-design-dtd-18-363x545.jpg 363w, https:\/\/doubletakedecor.com\/uploads\/2025\/08\/french-garden-design-dtd-18-370x555.jpg 370w, https:\/\/doubletakedecor.com\/uploads\/2025\/08\/french-garden-design-dtd-18-400x600.jpg 400w, https:\/\/doubletakedecor.com\/uploads\/2025\/08\/french-garden-design-dtd-18-560x840.jpg 560w, https:\/\/doubletakedecor.com\/uploads\/2025\/08\/french-garden-design-dtd-18-480x720.jpg 480w\" sizes=\"auto, (max-width: 700px) 100vw, 700px\" \/><\/p>\n<p>Navrhni si z\u00e1hradn\u00fd k\u00fatik s franc\u00fazskym n\u00e1dychom t\u00fdm, \u017ee vonkaj\u0161\u00ed priestor or\u00e1muje\u0161 vzdu\u0161n\u00fdmi z\u00e1vesmi a natiahne\u0161 do\u0148 pr\u00edrodn\u00e9 text\u00fary. Do \u00fatuln\u00e9ho z\u00e1kutia pridaj pohodln\u00e9 sedenie s neutr\u00e1lnymi po\u0165ahmi a ozdobn\u00fdmi vank\u00fa\u0161mi. Elegantn\u00fd \u0161mrnc dod\u00e1 n\u00e1padn\u00e9 z\u00e1vesn\u00e9 svetlo. Z\u00e1vere\u010dn\u00fd efekt dotvoria pop\u00ednav\u00e9 rastliny a rustik\u00e1lne z\u00e1hradn\u00e9 n\u00e1radie ako dekor\u00e1cia.<\/p>\n<h2>Franc\u00fazsky dom\u010dek s baldach\u00fdnom z ru\u017e\u00ed<\/h2>\n<p><img loading=\"lazy\" decoding=\"async\" width=\"700\" height=\"1050\" alt=\"P\u00f4vabn\u00fd vidiecky tehlov\u00fd dom s \u010diernymi dverami, obklopen\u00fd ru\u017eov\u00fdmi ru\u017eami, tvarovan\u00fdmi kr\u00edkmi a levandu\u013eou pozd\u013a\u017e \u0161trkovej cesti\u010dky.\" class=\"aligncenter size-full wp-image-5011\" src=\"https:\/\/doubletakedecor.com\/uploads\/2025\/08\/french-garden-design-dtd-19.jpg\" srcset=\"https:\/\/doubletakedecor.com\/uploads\/2025\/08\/french-garden-design-dtd-19.jpg 700w, https:\/\/doubletakedecor.com\/uploads\/2025\/08\/french-garden-design-dtd-19-200x300.jpg 200w, https:\/\/doubletakedecor.com\/uploads\/2025\/08\/french-garden-design-dtd-19-683x1024.jpg 683w, https:\/\/doubletakedecor.com\/uploads\/2025\/08\/french-garden-design-dtd-19-96x144.jpg 96w, https:\/\/doubletakedecor.com\/uploads\/2025\/08\/french-garden-design-dtd-19-280x420.jpg 280w, https:\/\/doubletakedecor.com\/uploads\/2025\/08\/french-garden-design-dtd-19-320x480.jpg 320w, https:\/\/doubletakedecor.com\/uploads\/2025\/08\/french-garden-design-dtd-19-360x540.jpg 360w, https:\/\/doubletakedecor.com\/uploads\/2025\/08\/french-garden-design-dtd-19-363x545.jpg 363w, https:\/\/doubletakedecor.com\/uploads\/2025\/08\/french-garden-design-dtd-19-370x555.jpg 370w, https:\/\/doubletakedecor.com\/uploads\/2025\/08\/french-garden-design-dtd-19-400x600.jpg 400w, https:\/\/doubletakedecor.com\/uploads\/2025\/08\/french-garden-design-dtd-19-560x840.jpg 560w, https:\/\/doubletakedecor.com\/uploads\/2025\/08\/french-garden-design-dtd-19-480x720.jpg 480w\" sizes=\"auto, (max-width: 700px) 100vw, 700px\" \/><\/p>\n<p>Vytvor typick\u00fd franc\u00fazsky vstup do z\u00e1hrady tak, \u017ee pop\u00ednav\u00e9 ru\u017ee vyvedie\u0161 nad dverami. K tvarovan\u00fdm kr\u00edkom pridaj vo\u0148av\u00fa levandu\u013eu \u2013 pre prav\u00fa provens\u00e1lsku atmosf\u00e9ru. Namiesto bet\u00f3nu pou\u017ei na chodn\u00edky \u0161trk, ktor\u00fd lep\u0161ie odv\u00e1dza vodu a pri choden\u00ed po \u0148om pr\u00edjemne \u0161kr\u00edpe pod nohami. Dopl\u0148 klasick\u00fa lampu a pod\u010diarkne\u0161 romantick\u00fd dojem.<\/p>\n<h2>Franc\u00fazsky z\u00e1hradn\u00fd k\u00fatik s font\u00e1nou<\/h2>\n<p><img loading=\"lazy\" decoding=\"async\" width=\"700\" height=\"1049\" alt=\"Pokojn\u00e1 franc\u00fazska z\u00e1hrada so kamennou font\u00e1nou obklopenou ru\u017eov\u00fdmi ru\u017eami, levandu\u013eou a drevenou lavicou s vank\u00fa\u0161mi pri n\u00e1stennej lampe.\" class=\"aligncenter size-full wp-image-5017\" src=\"https:\/\/doubletakedecor.com\/uploads\/2025\/08\/french-garden-design-dtd-20.jpg\" srcset=\"https:\/\/doubletakedecor.com\/uploads\/2025\/08\/french-garden-design-dtd-20.jpg 700w, https:\/\/doubletakedecor.com\/uploads\/2025\/08\/french-garden-design-dtd-20-200x300.jpg 200w, https:\/\/doubletakedecor.com\/uploads\/2025\/08\/french-garden-design-dtd-20-683x1024.jpg 683w, https:\/\/doubletakedecor.com\/uploads\/2025\/08\/french-garden-design-dtd-20-96x144.jpg 96w, https:\/\/doubletakedecor.com\/uploads\/2025\/08\/french-garden-design-dtd-20-280x420.jpg 280w, https:\/\/doubletakedecor.com\/uploads\/2025\/08\/french-garden-design-dtd-20-320x480.jpg 320w, https:\/\/doubletakedecor.com\/uploads\/2025\/08\/french-garden-design-dtd-20-360x539.jpg 360w, https:\/\/doubletakedecor.com\/uploads\/2025\/08\/french-garden-design-dtd-20-363x544.jpg 363w, https:\/\/doubletakedecor.com\/uploads\/2025\/08\/french-garden-design-dtd-20-370x554.jpg 370w, https:\/\/doubletakedecor.com\/uploads\/2025\/08\/french-garden-design-dtd-20-400x599.jpg 400w, https:\/\/doubletakedecor.com\/uploads\/2025\/08\/french-garden-design-dtd-20-560x839.jpg 560w, https:\/\/doubletakedecor.com\/uploads\/2025\/08\/french-garden-design-dtd-20-480x719.jpg 480w\" sizes=\"auto, (max-width: 700px) 100vw, 700px\" \/><\/p>\n<p>Vytvor nad\u010dasov\u00e9 miesto na oddych s kamennou font\u00e1nou v hlavnej \u00falohe, okolo ktorej kvitn\u00fa ru\u017eov\u00e9 ru\u017ee a trsy levandule. Polo\u017e bl\u00edzko m\u00e4kk\u00fa dreven\u00fa lavicu na pokojn\u00e9 rozj\u00edmanie. Pridaj n\u00e1stenn\u00e9 lampy na kamenn\u00e9 steny, aby si mohol z\u00e1hradu vyu\u017e\u00edva\u0165 aj ve\u010der. Pre skuto\u010dne franc\u00fazsku atmosf\u00e9ru kombinuj \u0161trukt\u00farovan\u00e9 prvky s bohatou kvetinovou v\u00fdsadbou.<\/p>\n<h2>Vidiecky z\u00e1hradn\u00fd k\u00fatik pri m\u00fare<\/h2>\n<p><img loading=\"lazy\" decoding=\"async\" width=\"700\" height=\"1050\" alt=\"P\u00f4vabn\u00e1 franc\u00fazska z\u00e1hrada s vidieckym tehlov\u00fdm m\u00farom, drevenou lavi\u010dkou, kamenn\u00fdmi chodn\u00edkmi a bujn\u00fdmi kvitn\u00facimi rastlinami vytv\u00e1ra elegantn\u00fd vonkaj\u0161\u00ed priestor.\" class=\"aligncenter size-full wp-image-5023\" src=\"https:\/\/doubletakedecor.com\/uploads\/2025\/08\/french-garden-design-dtd-21.jpg\" srcset=\"https:\/\/doubletakedecor.com\/uploads\/2025\/08\/french-garden-design-dtd-21.jpg 700w, https:\/\/doubletakedecor.com\/uploads\/2025\/08\/french-garden-design-dtd-21-200x300.jpg 200w, https:\/\/doubletakedecor.com\/uploads\/2025\/08\/french-garden-design-dtd-21-683x1024.jpg 683w, https:\/\/doubletakedecor.com\/uploads\/2025\/08\/french-garden-design-dtd-21-96x144.jpg 96w, https:\/\/doubletakedecor.com\/uploads\/2025\/08\/french-garden-design-dtd-21-280x420.jpg 280w, https:\/\/doubletakedecor.com\/uploads\/2025\/08\/french-garden-design-dtd-21-320x480.jpg 320w, https:\/\/doubletakedecor.com\/uploads\/2025\/08\/french-garden-design-dtd-21-360x540.jpg 360w, https:\/\/doubletakedecor.com\/uploads\/2025\/08\/french-garden-design-dtd-21-363x545.jpg 363w, https:\/\/doubletakedecor.com\/uploads\/2025\/08\/french-garden-design-dtd-21-370x555.jpg 370w, https:\/\/doubletakedecor.com\/uploads\/2025\/08\/french-garden-design-dtd-21-400x600.jpg 400w, https:\/\/doubletakedecor.com\/uploads\/2025\/08\/french-garden-design-dtd-21-560x840.jpg 560w, https:\/\/doubletakedecor.com\/uploads\/2025\/08\/french-garden-design-dtd-21-480x720.jpg 480w\" sizes=\"auto, (max-width: 700px) 100vw, 700px\" \/><\/p>\n<p>Navrhni si tich\u00e9 posedenie tak, \u017ee dreven\u00fa lavi\u010dku umiestni\u0161 k tehlov\u00e9mu m\u00faru. Pozd\u013a\u017e kamenn\u00fdch chodn\u00ed\u010dkov vysa\u010f gu\u013eat\u00e9 buxusy a vo\u0148av\u00e9 bylinky na typicky franc\u00fazsku \u0161trukt\u00faru. Pridaj biele hortenzie na zv\u00fdraznenie a n\u00e1stenn\u00e9 lampy pre dotyk romantiky ve\u010der. Vyber star\u0161ie kvetin\u00e1\u010de a napl\u0148 ich sez\u00f3nnymi kvetmi \u2013 razom z nich bude p\u00fatav\u00fd prvok z\u00e1hrady.<\/p>\n<h2>Franc\u00fazsky vstup do z\u00e1hrady s kamenn\u00fdm chodn\u00ed\u010dkom<\/h2>\n<p><img loading=\"lazy\" decoding=\"async\" width=\"700\" height=\"1050\" alt=\"Dvojkr\u00eddlov\u00e9 sklenen\u00e9 dvere or\u00e1movan\u00e9 zele\u0148ou, kamenn\u00fd chodn\u00edk s kvetin\u00e1\u010dmi s levandu\u013eou a biela lavica v pokojnej franc\u00fazskej z\u00e1hrade.\" class=\"aligncenter size-full wp-image-5029\" src=\"https:\/\/doubletakedecor.com\/uploads\/2025\/08\/french-garden-design-dtd-22.jpg\" srcset=\"https:\/\/doubletakedecor.com\/uploads\/2025\/08\/french-garden-design-dtd-22.jpg 700w, https:\/\/doubletakedecor.com\/uploads\/2025\/08\/french-garden-design-dtd-22-200x300.jpg 200w, https:\/\/doubletakedecor.com\/uploads\/2025\/08\/french-garden-design-dtd-22-683x1024.jpg 683w, https:\/\/doubletakedecor.com\/uploads\/2025\/08\/french-garden-design-dtd-22-96x144.jpg 96w, https:\/\/doubletakedecor.com\/uploads\/2025\/08\/french-garden-design-dtd-22-280x420.jpg 280w, https:\/\/doubletakedecor.com\/uploads\/2025\/08\/french-garden-design-dtd-22-320x480.jpg 320w, https:\/\/doubletakedecor.com\/uploads\/2025\/08\/french-garden-design-dtd-22-360x540.jpg 360w, https:\/\/doubletakedecor.com\/uploads\/2025\/08\/french-garden-design-dtd-22-363x545.jpg 363w, https:\/\/doubletakedecor.com\/uploads\/2025\/08\/french-garden-design-dtd-22-370x555.jpg 370w, https:\/\/doubletakedecor.com\/uploads\/2025\/08\/french-garden-design-dtd-22-400x600.jpg 400w, https:\/\/doubletakedecor.com\/uploads\/2025\/08\/french-garden-design-dtd-22-560x840.jpg 560w, https:\/\/doubletakedecor.com\/uploads\/2025\/08\/french-garden-design-dtd-22-480x720.jpg 480w\" sizes=\"auto, (max-width: 700px) 100vw, 700px\" \/><\/p>\n<p>Navrhni poz\u00fdvaj\u00faci vstup do z\u00e1hrady z nerovn\u00fdch kamenn\u00fdch platn\u00ed s pruhmi tr\u00e1vy \u2013 pre typick\u00fd franc\u00fazsky vidiecky dojem. Chodn\u00edk olemuj kvetin\u00e1\u010dmi s levandu\u013eou a \u010derven\u00fdmi kvetmi pre farbu aj v\u00f4\u0148u. Pri chodn\u00ed\u010dku m\u00f4\u017ee\u0161 postavi\u0165 dekorat\u00edvnu lavi\u010dku na pokojn\u00e9 sedenie vo svojej kr\u00e1sne upravenej o\u00e1ze.<\/p>\n<h2>Franc\u00fazsky vstup do z\u00e1hrady s in\u0161pir\u00e1ciou Eur\u00f3py<\/h2>\n<p><img loading=\"lazy\" decoding=\"async\" width=\"700\" height=\"1050\" alt=\"Elegantn\u00e9 siv\u00e9 dvojkr\u00eddlov\u00e9 dvere s obl\u00fakmi, obklopen\u00e9 pop\u00ednav\u00fdmi ru\u017eov\u00fdmi ru\u017eami a kvetin\u00e1\u010dmi vytv\u00e1raj\u00fa o\u010daruj\u00faci vstup do franc\u00fazskej z\u00e1hrady.\" class=\"aligncenter size-full wp-image-5035\" src=\"https:\/\/doubletakedecor.com\/uploads\/2025\/08\/french-garden-design-dtd-23.jpg\" srcset=\"https:\/\/doubletakedecor.com\/uploads\/2025\/08\/french-garden-design-dtd-23.jpg 700w, https:\/\/doubletakedecor.com\/uploads\/2025\/08\/french-garden-design-dtd-23-200x300.jpg 200w, https:\/\/doubletakedecor.com\/uploads\/2025\/08\/french-garden-design-dtd-23-683x1024.jpg 683w, https:\/\/doubletakedecor.com\/uploads\/2025\/08\/french-garden-design-dtd-23-96x144.jpg 96w, https:\/\/doubletakedecor.com\/uploads\/2025\/08\/french-garden-design-dtd-23-280x420.jpg 280w, https:\/\/doubletakedecor.com\/uploads\/2025\/08\/french-garden-design-dtd-23-320x480.jpg 320w, https:\/\/doubletakedecor.com\/uploads\/2025\/08\/french-garden-design-dtd-23-360x540.jpg 360w, https:\/\/doubletakedecor.com\/uploads\/2025\/08\/french-garden-design-dtd-23-363x545.jpg 363w, https:\/\/doubletakedecor.com\/uploads\/2025\/08\/french-garden-design-dtd-23-370x555.jpg 370w, https:\/\/doubletakedecor.com\/uploads\/2025\/08\/french-garden-design-dtd-23-400x600.jpg 400w, https:\/\/doubletakedecor.com\/uploads\/2025\/08\/french-garden-design-dtd-23-560x840.jpg 560w, https:\/\/doubletakedecor.com\/uploads\/2025\/08\/french-garden-design-dtd-23-480x720.jpg 480w\" sizes=\"auto, (max-width: 700px) 100vw, 700px\" \/><\/p>\n<p>Vytvor \u010darovn\u00fd eur\u00f3psky vstup pomocou pop\u00ednav\u00fdch ru\u017e\u00ed okolo dver\u00ed. Na obe strany umiestni symetrick\u00e9 kvetin\u00e1\u010de, ktor\u00e9 zv\u00fdraznia vstup. Pridaj ozdobn\u00fa lavi\u010dku, ktor\u00e1 posl\u00fa\u017ei na sedenie aj ako dekor\u00e1cia. Tento klasick\u00fd \u0161t\u00fdl pon\u00faka v\u00edtan\u00fd poh\u013ead do z\u00e1hrady a z\u00e1rove\u0148 dodr\u017eiava franc\u00fazsku z\u00e1hradn\u00fa eleganciu a rovnov\u00e1hu.<\/p>\n<h2>\u0160trkov\u00fd chodn\u00edk s kvetinov\u00fdmi okrajmi<\/h2>\n<p><img loading=\"lazy\" decoding=\"async\" width=\"700\" height=\"1050\" alt=\"Pokojn\u00fd chodn\u00edk zo \u0161trku lemovan\u00fd farebn\u00fdmi beg\u00f3niami a vysok\u00fdmi kvetin\u00e1\u010dmi, s obl\u00fakov\u00fdmi trel\u00e1\u017eami vytv\u00e1raj\u00facimi zelen\u00fd baldach\u00fdn vo franc\u00fazskej z\u00e1hrade.\" class=\"aligncenter size-full wp-image-5041\" src=\"https:\/\/doubletakedecor.com\/uploads\/2025\/08\/french-garden-design-dtd-24.jpg\" srcset=\"https:\/\/doubletakedecor.com\/uploads\/2025\/08\/french-garden-design-dtd-24.jpg 700w, https:\/\/doubletakedecor.com\/uploads\/2025\/08\/french-garden-design-dtd-24-200x300.jpg 200w, https:\/\/doubletakedecor.com\/uploads\/2025\/08\/french-garden-design-dtd-24-683x1024.jpg 683w, https:\/\/doubletakedecor.com\/uploads\/2025\/08\/french-garden-design-dtd-24-96x144.jpg 96w, https:\/\/doubletakedecor.com\/uploads\/2025\/08\/french-garden-design-dtd-24-280x420.jpg 280w, https:\/\/doubletakedecor.com\/uploads\/2025\/08\/french-garden-design-dtd-24-320x480.jpg 320w, https:\/\/doubletakedecor.com\/uploads\/2025\/08\/french-garden-design-dtd-24-360x540.jpg 360w, https:\/\/doubletakedecor.com\/uploads\/2025\/08\/french-garden-design-dtd-24-363x545.jpg 363w, https:\/\/doubletakedecor.com\/uploads\/2025\/08\/french-garden-design-dtd-24-370x555.jpg 370w, https:\/\/doubletakedecor.com\/uploads\/2025\/08\/french-garden-design-dtd-24-400x600.jpg 400w, https:\/\/doubletakedecor.com\/uploads\/2025\/08\/french-garden-design-dtd-24-560x840.jpg 560w, https:\/\/doubletakedecor.com\/uploads\/2025\/08\/french-garden-design-dtd-24-480x720.jpg 480w\" sizes=\"auto, (max-width: 700px) 100vw, 700px\" \/><\/p>\n<p>Tak\u00fdto klasick\u00fd franc\u00fazsky chodn\u00edk vytvor\u00ed\u0161 kombin\u00e1ciou jemn\u00e9ho \u0161trku a symetrick\u00fdch kvetinov\u00fdch z\u00e1honov. Vyber farebn\u00e9 beg\u00f3nie na st\u00e1lu d\u00e1vku farieb a or\u00e1muj z\u00e1honmi vo vyv\u00fd\u0161en\u00fdch kvetin\u00e1\u010doch. Pre zauj\u00edmav\u00fa v\u00fd\u0161ku nain\u0161taluj obl\u00faky a nechaj po nich r\u00e1s\u0165 pop\u00ednav\u00e9 rastliny ako zelen\u00fa strechu. Dbaj na to, aby prechody medzi \u0161trkom a rastlinami boli \u010dist\u00e9 a jasn\u00e9 \u2013 to vytvor\u00ed form\u00e1lny franc\u00fazsky dojem.<\/p>\n<h2>Terasa s v\u00fdh\u013eadom na vinicu<\/h2>\n<p><img loading=\"lazy\" decoding=\"async\" width=\"700\" height=\"1050\" alt=\"\u00datuln\u00e9 vonkaj\u0161ie posedenie s okr\u00fahlym stolom a stoli\u010dkami s v\u00fdh\u013eadom na malebn\u00e9 vinice a vzdialen\u00e9 hory.\" class=\"aligncenter size-full wp-image-5047\" src=\"https:\/\/doubletakedecor.com\/uploads\/2025\/08\/french-garden-design-dtd-25.jpg\" srcset=\"https:\/\/doubletakedecor.com\/uploads\/2025\/08\/french-garden-design-dtd-25.jpg 700w, https:\/\/doubletakedecor.com\/uploads\/2025\/08\/french-garden-design-dtd-25-200x300.jpg 200w, https:\/\/doubletakedecor.com\/uploads\/2025\/08\/french-garden-design-dtd-25-683x1024.jpg 683w, https:\/\/doubletakedecor.com\/uploads\/2025\/08\/french-garden-design-dtd-25-96x144.jpg 96w, https:\/\/doubletakedecor.com\/uploads\/2025\/08\/french-garden-design-dtd-25-280x420.jpg 280w, https:\/\/doubletakedecor.com\/uploads\/2025\/08\/french-garden-design-dtd-25-320x480.jpg 320w, https:\/\/doubletakedecor.com\/uploads\/2025\/08\/french-garden-design-dtd-25-360x540.jpg 360w, https:\/\/doubletakedecor.com\/uploads\/2025\/08\/french-garden-design-dtd-25-363x545.jpg 363w, https:\/\/doubletakedecor.com\/uploads\/2025\/08\/french-garden-design-dtd-25-370x555.jpg 370w, https:\/\/doubletakedecor.com\/uploads\/2025\/08\/french-garden-design-dtd-25-400x600.jpg 400w, https:\/\/doubletakedecor.com\/uploads\/2025\/08\/french-garden-design-dtd-25-560x840.jpg 560w, https:\/\/doubletakedecor.com\/uploads\/2025\/08\/french-garden-design-dtd-25-480x720.jpg 480w\" sizes=\"auto, (max-width: 700px) 100vw, 700px\" \/><\/p>\n<p>Vytvor si franc\u00fazsky k\u00fatik na pozorovanie v\u00fdh\u013eadov s jednoduch\u00fdm bistro stol\u00edkom a stoli\u010dkami na \u0161trkovom podlo\u017e\u00ed. N\u00e1bytok oto\u010d tak, aby ste sa mohli kocha\u0165 krajinou, a kombinuj r\u00f4zne \u0161t\u00fdly stoli\u010diek pre autentick\u00fd \u0161mrnc. Pridaj jednu kvetinu do \u010drepn\u00edka ako decentn\u00fd dotyk. Tak\u00e9to usporiadanie skvele funguje na okraji z\u00e1hrady s pekn\u00fdm v\u00fdh\u013eadom a prenesie ti domov franc\u00fazsku eleganciu.<\/p>\n<h2>Elegantn\u00e9 vonkaj\u0161ie jed\u00e1lensk\u00e9 \u00fato\u010disko<\/h2>\n<p><img loading=\"lazy\" decoding=\"async\" width=\"700\" height=\"1050\" alt=\"Pokojn\u00e1 jed\u00e1lensk\u00e1 z\u00f3na vo franc\u00fazskej z\u00e1hrade s kr\u00e9mov\u00fdm slne\u010dn\u00edkom, rustik\u00e1lnym dreven\u00fdm stolom, pr\u00faten\u00fdmi stoli\u010dkami a levandu\u013eou na \u0161trkovom chodn\u00edku.\" class=\"aligncenter size-full wp-image-5053\" src=\"https:\/\/doubletakedecor.com\/uploads\/2025\/08\/french-garden-design-dtd-26.jpg\" srcset=\"https:\/\/doubletakedecor.com\/uploads\/2025\/08\/french-garden-design-dtd-26.jpg 700w, https:\/\/doubletakedecor.com\/uploads\/2025\/08\/french-garden-design-dtd-26-200x300.jpg 200w, https:\/\/doubletakedecor.com\/uploads\/2025\/08\/french-garden-design-dtd-26-683x1024.jpg 683w, https:\/\/doubletakedecor.com\/uploads\/2025\/08\/french-garden-design-dtd-26-96x144.jpg 96w, https:\/\/doubletakedecor.com\/uploads\/2025\/08\/french-garden-design-dtd-26-280x420.jpg 280w, https:\/\/doubletakedecor.com\/uploads\/2025\/08\/french-garden-design-dtd-26-320x480.jpg 320w, https:\/\/doubletakedecor.com\/uploads\/2025\/08\/french-garden-design-dtd-26-360x540.jpg 360w, https:\/\/doubletakedecor.com\/uploads\/2025\/08\/french-garden-design-dtd-26-363x545.jpg 363w, https:\/\/doubletakedecor.com\/uploads\/2025\/08\/french-garden-design-dtd-26-370x555.jpg 370w, https:\/\/doubletakedecor.com\/uploads\/2025\/08\/french-garden-design-dtd-26-400x600.jpg 400w, https:\/\/doubletakedecor.com\/uploads\/2025\/08\/french-garden-design-dtd-26-560x840.jpg 560w, https:\/\/doubletakedecor.com\/uploads\/2025\/08\/french-garden-design-dtd-26-480x720.jpg 480w\" sizes=\"auto, (max-width: 700px) 100vw, 700px\" \/><\/p>\n<p>Dopraj si franc\u00fazsku atmosf\u00e9ru pri stolovan\u00ed vonku \u2013 spoj rustik\u00e1lny dreven\u00fd n\u00e1bytok s pr\u00faten\u00fdmi stoli\u010dkami pod kr\u00e9mov\u00fdm slne\u010dn\u00edkom. St\u00f4l polo\u017e na \u0161trk, aby p\u00f4sobil autenticky, a obklop ho tvarovan\u00fdmi \u017eiv\u00fdmi plotmi a levandu\u013eou pre \u0161trukt\u00faru aj v\u00f4\u0148u. Na st\u00f4l poukladaj \u010derstv\u00e9 kvety, ktor\u00e9 ladia s pr\u00edrodn\u00fdmi t\u00f3nmi z\u00e1hrady.<\/p>\n<h2>Vyv\u00fd\u0161en\u00e1 zeleninov\u00e1 z\u00e1hrada (potager)<\/h2>\n<p><img loading=\"lazy\" decoding=\"async\" width=\"700\" height=\"1049\" alt=\"P\u00f4vabn\u00e1 zeleninov\u00e1 z\u00e1hrada s dreven\u00fdmi vyv\u00fd\u0161en\u00fdmi z\u00e1honmi, zdrav\u00fdmi bylinkami a zeleninou, vidieckou b\u00fadkou a chodn\u00ed\u010dkami lemovan\u00fdmi kvetmi v \u0161t\u00fdle franc\u00fazskej z\u00e1hradky potager.\" class=\"aligncenter size-full wp-image-5059\" src=\"https:\/\/doubletakedecor.com\/uploads\/2025\/08\/french-garden-design-dtd-27.jpg\" srcset=\"https:\/\/doubletakedecor.com\/uploads\/2025\/08\/french-garden-design-dtd-27.jpg 700w, https:\/\/doubletakedecor.com\/uploads\/2025\/08\/french-garden-design-dtd-27-200x300.jpg 200w, https:\/\/doubletakedecor.com\/uploads\/2025\/08\/french-garden-design-dtd-27-683x1024.jpg 683w, https:\/\/doubletakedecor.com\/uploads\/2025\/08\/french-garden-design-dtd-27-96x144.jpg 96w, https:\/\/doubletakedecor.com\/uploads\/2025\/08\/french-garden-design-dtd-27-280x420.jpg 280w, https:\/\/doubletakedecor.com\/uploads\/2025\/08\/french-garden-design-dtd-27-320x480.jpg 320w, https:\/\/doubletakedecor.com\/uploads\/2025\/08\/french-garden-design-dtd-27-360x539.jpg 360w, https:\/\/doubletakedecor.com\/uploads\/2025\/08\/french-garden-design-dtd-27-363x544.jpg 363w, https:\/\/doubletakedecor.com\/uploads\/2025\/08\/french-garden-design-dtd-27-370x554.jpg 370w, https:\/\/doubletakedecor.com\/uploads\/2025\/08\/french-garden-design-dtd-27-400x599.jpg 400w, https:\/\/doubletakedecor.com\/uploads\/2025\/08\/french-garden-design-dtd-27-560x839.jpg 560w, https:\/\/doubletakedecor.com\/uploads\/2025\/08\/french-garden-design-dtd-27-480x719.jpg 480w\" sizes=\"auto, (max-width: 700px) 100vw, 700px\" \/><\/p>\n<p>Vytvor funk\u010dn\u00fd franc\u00fazsky potager so zeleninou a bylinkami vo vyv\u00fd\u0161en\u00fdch dreven\u00fdch z\u00e1honoch. Zasadzuj plodiny do pr\u00ed\u0165a\u017eliv\u00fdch vzorov a kvety striedaj s \u00fa\u017eitkov\u00fdmi rastlinami. Praktick\u00fdm stredobodom z\u00e1hradky m\u00f4\u017ee by\u0165 jednoduch\u00fd vidiecky dom\u010dek. Cesti\u010dky vysa\u010f pestrofarebn\u00fdmi kvetmi \u2013 z\u00e1hrada tak bude kr\u00e1sna a zber \u00farody ti p\u00f4jde \u013eahko.<\/p>\n<h2>Tich\u00e9 \u00fato\u010disko pri font\u00e1ne a zelen\u00fdch \u017eiv\u00fdch plotoch<\/h2>\n<p><img loading=\"lazy\" decoding=\"async\" width=\"700\" height=\"1050\" alt=\"Pokojn\u00e1 franc\u00fazska z\u00e1hrada s vysok\u00fdmi zelen\u00fdmi \u017eiv\u00fdmi plotmi, ktor\u00e9 vytv\u00e1raj\u00fa cesti\u010dku k elegantnej kamennej font\u00e1ne, olemovan\u00fa upraven\u00fdm tr\u00e1vnikom pod modrou oblohou.\" class=\"aligncenter size-full wp-image-5065\" src=\"https:\/\/doubletakedecor.com\/uploads\/2025\/08\/french-garden-design-dtd-28.jpg\" srcset=\"https:\/\/doubletakedecor.com\/uploads\/2025\/08\/french-garden-design-dtd-28.jpg 700w, https:\/\/doubletakedecor.com\/uploads\/2025\/08\/french-garden-design-dtd-28-200x300.jpg 200w, https:\/\/doubletakedecor.com\/uploads\/2025\/08\/french-garden-design-dtd-28-683x1024.jpg 683w, https:\/\/doubletakedecor.com\/uploads\/2025\/08\/french-garden-design-dtd-28-96x144.jpg 96w, https:\/\/doubletakedecor.com\/uploads\/2025\/08\/french-garden-design-dtd-28-280x420.jpg 280w, https:\/\/doubletakedecor.com\/uploads\/2025\/08\/french-garden-design-dtd-28-320x480.jpg 320w, https:\/\/doubletakedecor.com\/uploads\/2025\/08\/french-garden-design-dtd-28-360x540.jpg 360w, https:\/\/doubletakedecor.com\/uploads\/2025\/08\/french-garden-design-dtd-28-363x545.jpg 363w, https:\/\/doubletakedecor.com\/uploads\/2025\/08\/french-garden-design-dtd-28-370x555.jpg 370w, https:\/\/doubletakedecor.com\/uploads\/2025\/08\/french-garden-design-dtd-28-400x600.jpg 400w, https:\/\/doubletakedecor.com\/uploads\/2025\/08\/french-garden-design-dtd-28-560x840.jpg 560w, https:\/\/doubletakedecor.com\/uploads\/2025\/08\/french-garden-design-dtd-28-480x720.jpg 480w\" sizes=\"auto, (max-width: 700px) 100vw, 700px\" \/><\/p>\n<p>Vytvor si svoj pokojn\u00fd k\u00fatik tak, \u017ee vodn\u00e9 prvky ohrani\u010d\u00ed\u0161 d\u00f4kladne strihan\u00fdmi \u017eiv\u00fdmi plotmi. Vytvor form\u00e1lne cesti\u010dky k centr\u00e1lnej kamennej font\u00e1ne a d\u00f4le\u017eit\u00e9 je, aby v\u0161etko bolo v spr\u00e1vnej mierke k tvojej z\u00e1hrade. Pravideln\u00e9 tvarovanie zaist\u00ed \u010dist\u00e9 l\u00ednie a typick\u00fd franc\u00fazsky vzh\u013ead. Tak\u00e9to zelen\u00e9 steny vyzeraj\u00fa dobre po cel\u00fd rok.<\/p>\n<h2>Vonkaj\u0161ie posedenie s franc\u00fazskou atmosf\u00e9rou<\/h2>\n<p><img loading=\"lazy\" decoding=\"async\" width=\"700\" height=\"1050\" alt=\"P\u00f4vabn\u00e9 vonkaj\u0161ie posedenie s pr\u00faten\u00fdmi seda\u010dkami, kamenn\u00fdm m\u00farom v pozad\u00ed a \u017eiariv\u00fdmi ru\u017eov\u00fdmi a bielymi kvetmi vytv\u00e1ra pokojn\u00e9 prostredie franc\u00fazskej z\u00e1hrady.\" class=\"aligncenter size-full wp-image-5071\" src=\"https:\/\/doubletakedecor.com\/uploads\/2025\/08\/french-garden-design-dtd-29.jpg\" srcset=\"https:\/\/doubletakedecor.com\/uploads\/2025\/08\/french-garden-design-dtd-29.jpg 700w, https:\/\/doubletakedecor.com\/uploads\/2025\/08\/french-garden-design-dtd-29-200x300.jpg 200w, https:\/\/doubletakedecor.com\/uploads\/2025\/08\/french-garden-design-dtd-29-683x1024.jpg 683w, https:\/\/doubletakedecor.com\/uploads\/2025\/08\/french-garden-design-dtd-29-96x144.jpg 96w, https:\/\/doubletakedecor.com\/uploads\/2025\/08\/french-garden-design-dtd-29-280x420.jpg 280w, https:\/\/doubletakedecor.com\/uploads\/2025\/08\/french-garden-design-dtd-29-320x480.jpg 320w, https:\/\/doubletakedecor.com\/uploads\/2025\/08\/french-garden-design-dtd-29-360x540.jpg 360w, https:\/\/doubletakedecor.com\/uploads\/2025\/08\/french-garden-design-dtd-29-363x545.jpg 363w, https:\/\/doubletakedecor.com\/uploads\/2025\/08\/french-garden-design-dtd-29-370x555.jpg 370w, https:\/\/doubletakedecor.com\/uploads\/2025\/08\/french-garden-design-dtd-29-400x600.jpg 400w, https:\/\/doubletakedecor.com\/uploads\/2025\/08\/french-garden-design-dtd-29-560x840.jpg 560w, https:\/\/doubletakedecor.com\/uploads\/2025\/08\/french-garden-design-dtd-29-480x720.jpg 480w\" sizes=\"auto, (max-width: 700px) 100vw, 700px\" \/><\/p>\n<p>Vytvor si franc\u00fazske z\u00e1hradn\u00e9 \u00fato\u010disko jednoduch\u00fdm poseden\u00edm pri kamennom m\u00fare. Pozadie vysa\u010f farebn\u00fdmi ru\u017eov\u00fdmi a bielymi kvetmi, na sedenie pou\u017ei pr\u00faten\u00fd n\u00e1bytok s neutr\u00e1lnymi vank\u00fa\u0161mi pre nad\u010dasov\u00fd vzh\u013ead. Prida\u0165 m\u00f4\u017ee\u0161 rustik\u00e1lny dreven\u00fd stol\u00edk so skromn\u00fdmi hlinen\u00fdmi n\u00e1dobami. Nezabudni na levandu\u013eu, ktor\u00e1 dod\u00e1 prav\u00fa franc\u00fazsku v\u00f4\u0148u.<\/p>\n<h2>Jed\u00e1lensk\u00e1 terasa vo franc\u00fazskej z\u00e1hrade<\/h2>\n<p><img loading=\"lazy\" decoding=\"async\" width=\"700\" height=\"1049\" alt=\"K\u00fazeln\u00e9 vonkaj\u0161ie stolovanie so stolom s modr\u00fdm obrusom a kvetmi, obklopen\u00fdm kovov\u00fdmi stoli\u010dkami a vidieckym domom s modr\u00fdmi okenicami v zelenej franc\u00fazskej z\u00e1hrade.\" class=\"aligncenter size-full wp-image-5077\" src=\"https:\/\/doubletakedecor.com\/uploads\/2025\/08\/french-garden-design-dtd-30.jpg\" srcset=\"https:\/\/doubletakedecor.com\/uploads\/2025\/08\/french-garden-design-dtd-30.jpg 700w, https:\/\/doubletakedecor.com\/uploads\/2025\/08\/french-garden-design-dtd-30-200x300.jpg 200w, https:\/\/doubletakedecor.com\/uploads\/2025\/08\/french-garden-design-dtd-30-683x1024.jpg 683w, https:\/\/doubletakedecor.com\/uploads\/2025\/08\/french-garden-design-dtd-30-96x144.jpg 96w, https:\/\/doubletakedecor.com\/uploads\/2025\/08\/french-garden-design-dtd-30-280x420.jpg 280w, https:\/\/doubletakedecor.com\/uploads\/2025\/08\/french-garden-design-dtd-30-320x480.jpg 320w, https:\/\/doubletakedecor.com\/uploads\/2025\/08\/french-garden-design-dtd-30-360x539.jpg 360w, https:\/\/doubletakedecor.com\/uploads\/2025\/08\/french-garden-design-dtd-30-363x544.jpg 363w, https:\/\/doubletakedecor.com\/uploads\/2025\/08\/french-garden-design-dtd-30-370x554.jpg 370w, https:\/\/doubletakedecor.com\/uploads\/2025\/08\/french-garden-design-dtd-30-400x599.jpg 400w, https:\/\/doubletakedecor.com\/uploads\/2025\/08\/french-garden-design-dtd-30-560x839.jpg 560w, https:\/\/doubletakedecor.com\/uploads\/2025\/08\/french-garden-design-dtd-30-480x719.jpg 480w\" sizes=\"auto, (max-width: 700px) 100vw, 700px\" \/><\/p>\n<p>Vytvor elegantn\u00fd priestor na jedlo vonku pomocou modr\u00fdch akcentov v \u0161t\u00fdle tradi\u010dnej franc\u00fazskej z\u00e1hrady. Dlh\u00fd st\u00f4l prikry svetlomodr\u00fdm obrusom a postav ho bl\u00edzko domu pre v\u00e4\u010d\u0161ie pohodlie. Na st\u00f4l poukladaj modr\u00e9 kvetin\u00e1\u010de s bielymi kvetmi a kombinuj s kovov\u00fdmi stoli\u010dkami s m\u00e4kk\u00fdmi vank\u00fa\u0161mi \u2013 v\u010faka tomu si m\u00f4\u017eete vychutna\u0165 dlh\u00e9 spolo\u010dn\u00e9 chv\u00edle vonku.<\/p>\n<h2>FAQ<\/h2>\n<details class=\"g-accordion \"><summary><h3>Ak\u00e9 s\u00fa hlavn\u00e9 \u010drty franc\u00fazskeho z\u00e1hradn\u00e9ho \u0161t\u00fdlu?<\/h3><\/summary>\n<p>Franc\u00fazsky z\u00e1hradn\u00fd \u0161t\u00fdl je zn\u00e1my svojimi presn\u00fdmi l\u00edniami a symetriou. V\u0161ade vidno geometrick\u00e9 vzory, ktor\u00e9 v z\u00e1hrade vytv\u00e1raj\u00fa poriadok a harm\u00f3niu. Parterov\u00e9 z\u00e1hony s\u00fa \u010dasto zlo\u017een\u00e9 z n\u00edzkych \u017eiv\u00fdch plotov, ktor\u00e9 tvaruj\u00fa symetrick\u00e9 obrazce. Cel\u00fd priestor b\u00fdva rozdelen\u00fd do jasne oddelen\u00fdch \u010dast\u00ed alebo \u201eizieb\u201c, ktor\u00e9 ur\u010duj\u00fa chodn\u00edky a zelen\u00e9 steny.<\/p>\n<p>Vodn\u00e9 prvky s\u00fa pre franc\u00fazske z\u00e1hrady naozaj d\u00f4le\u017eit\u00e9. <strong>Font\u00e1ny<\/strong> a <strong>odrazov\u00e9 baz\u00e9niky<\/strong> prid\u00e1vaj\u00fa kr\u00e1se a tie\u017e upokojuj\u00fa. Z\u00e1hradu \u010dasto zdobia staro\u017eitn\u00e9 predmety, napr\u00edklad vintage kvetin\u00e1\u010de. Upraven\u00fd tr\u00e1vnik, boxov\u00e9 \u017eiv\u00e9 ploty a \u0161trkov\u00e9 chodn\u00edky vytv\u00e1raj\u00fa pocit \u010distoty a poriadku.<\/p>\n<p>Na farebn\u00e9 kvety sa kladie d\u00f4raz pod\u013ea tradi\u010dn\u00fdch farebn\u00fdch sch\u00e9m, zatia\u013e \u010do vo\u0148av\u00e9 pomaran\u010dovn\u00edky alebo levandu\u013ea e\u0161te viac pote\u0161ia zmysly. Stavby z kame\u0148a, m\u00fariky alebo terasy dod\u00e1vaj\u00fa z\u00e1hrade \u0161trukt\u00faru a dop\u013a\u0148aj\u00fa jej jasn\u00e9 geometrick\u00e9 l\u00ednie.<\/p>\n<p>Symetria je pre franc\u00fazske z\u00e1hrady k\u013e\u00fa\u010dov\u00e1, preto\u017ee ka\u017ed\u00fd strom, kr\u00edk \u010di chodn\u00edk m\u00e1 svoje presn\u00e9 miesto. <strong>Pr\u00e1ve t\u00e1to rovnov\u00e1ha vytv\u00e1ra pocit ve\u013ekoleposti a ukazuje, ako dobre dok\u00e1\u017ee \u010dlovek zladi\u0165 kr\u00e1su pr\u00edrody.<\/strong> Ka\u017ed\u00e1 vonkaj\u0161ia \u201eizba\u201c m\u00e1 svoje vyu\u017eitie \u2014 \u010di u\u017e na oddych alebo na pr\u00edjemn\u00e9 stretnutia s priate\u013emi v kr\u00e1snom prostred\u00ed.<\/p>\n<p>Franc\u00fazsky z\u00e1hradn\u00fd \u0161t\u00fdl teda sp\u00e1ja eleganciu, premyslen\u00e9 usporiadanie, dekor\u00e1cie a s\u00falad s pr\u00edrodou do jedn\u00e9ho celku.<\/p>\n<\/details><details class=\"g-accordion \"><summary><h3>Ako sa franc\u00fazsky z\u00e1hradn\u00fd \u0161t\u00fdl vyv\u00edjal v priebehu \u010dasu?<\/h3><\/summary>\n<p>Franc\u00fazske z\u00e1hrady pre\u0161li po\u010das hist\u00f3rie ve\u013ek\u00fdmi zmenami. Spo\u010diatku boli pr\u00edsne form\u00e1lne, dnes sa v nich d\u00e1 vidie\u0165 aj uvo\u013enenej\u0161\u00ed \u0161t\u00fdl, aj ke\u010f si st\u00e1le udr\u017eiavaj\u00fa svoje typick\u00e9 prvky.<\/p>\n<p>Kedysi sa tieto z\u00e1hrady sp\u00e1jali hlavne s presn\u00fdmi vzormi, zlo\u017eit\u00fdmi <strong>partermi<\/strong> a rovn\u00fdmi l\u00edniami, ktor\u00e9 e\u0161te viac zv\u00fdraz\u0148ovali <strong>symetriu a ve\u013ekolepos\u0165<\/strong>.<\/p>\n<p>Postupom \u010dasu \u013eudia za\u010dali kombinova\u0165 vypestovan\u00e9 z\u00e1hony s vo\u013enej\u0161\u00edmi, pr\u00edrodnej\u0161\u00edmi \u010das\u0165ami. Tento trend priniesol do franc\u00fazskych z\u00e1hrad uvo\u013enenej\u0161\u00ed \u0161t\u00fdl, v ktorom v\u0161ak zost\u00e1vaj\u00fa prvky ako partery, no objavuje sa viac nepravideln\u00fdch tvarov. Elegantne sa tak mie\u0161a upratan\u00e1 \u010das\u0165 s vo\u013enej\u0161ou, \u010do vytv\u00e1ra pekn\u00fd s\u00falad medzi riadkom a divokos\u0165ou.<\/p>\n<p>Tieto zmeny ukazuj\u00fa, \u017ee franc\u00fazske z\u00e1hrady sa prisp\u00f4sobili nov\u00fdm m\u00f3dnym vln\u00e1m a umo\u017enili pestova\u0165 aj <strong>viac druhov rastl\u00edn a farieb<\/strong>.<\/p>\n<p>K\u00fdm v tradi\u010dn\u00fdch z\u00e1hrad\u00e1ch prevl\u00e1dali najm\u00e4 modr\u00e9 a biele t\u00f3ny, dnes \u010dasto n\u00e1jde\u0161 <strong>\u017eiariv\u00e9 kvety<\/strong>, ktor\u00e9 z\u00e1hradu e\u0161te viac rozjasnia.<\/p>\n<p>Cel\u00fd v\u00fdvoj franc\u00fazskeho \u0161t\u00fdlu ilustruje jeho schopnos\u0165 obnovy \u2014 dok\u00e1\u017ee sledova\u0165 nov\u00e9 trendy, ale st\u00e1le si zachov\u00e1va rovnov\u00e1hu a eleganciu.<\/p>\n<\/details><details class=\"g-accordion \"><summary><h3>Ako ovplyvnilo z\u00e1hradn\u00edctvo franc\u00fazsky z\u00e1hradn\u00fd \u0161t\u00fdl?<\/h3><\/summary>\n<p>Z\u00e1hradn\u00edctvo malo obrovsk\u00fd vplyv na kr\u00e1su aj funk\u010dnos\u0165 franc\u00fazskych z\u00e1hrad. Ve\u013ek\u00e9 zmeny zaviedol <strong>Jean-Baptiste de La Quintinie<\/strong>, ktor\u00fd pri\u0161iel s nov\u00fdmi sp\u00f4sobmi tvarovania stromov a organizovania z\u00e1honov. Jeho inov\u00e1cie zv\u00fd\u0161ili v\u00fdnosy a z\u00e1rove\u0148 vylep\u0161ili vzh\u013ead z\u00e1hrad \u2014 pr\u00e1ve on v\u00fdrazne prispel k vzniku zlo\u017eit\u00fdch parterov zdoben\u00fdch okrasn\u00fdmi rastlinami.<\/p>\n<p>V 17. storo\u010d\u00ed boli mo\u017enosti v\u00fdberu farebn\u00fdch kvetov mal\u00e9. Nesk\u00f4r v\u0161ak s objaven\u00edm nov\u00fdch rastl\u00edn do z\u00e1hrad pribudlo viac r\u00f4znych farieb. T\u00e1to zmena umo\u017enila pestova\u0165 \u0161ir\u0161iu \u0161k\u00e1lu druhov, \u010do priebe\u017ene zvy\u0161ovalo kr\u00e1su franc\u00fazskych z\u00e1hrad. <strong>Pr\u00e1ve v\u010faka z\u00e1hradn\u00edctvu mohli odborn\u00edci dba\u0165 na symetriu \u2014 presn\u00fdm rozmiestnen\u00edm rastl\u00edn a stromov.<\/strong><\/p>\n<p>V\u0161etky tieto vylep\u0161enia priviedli do z\u00e1hrad jasn\u00e9 l\u00ednie a presn\u00fa symetriu, ktor\u00fdmi sa franc\u00fazsky \u0161t\u00fdl p\u00fd\u0161i dodnes. Z\u00e1hradn\u00edctvo teda prepojilo kr\u00e1su s praktickos\u0165ou a zanechalo svoju nezmazate\u013en\u00fa stopu na tomto elegantnom \u0161t\u00fdle.<\/p>\n<\/details><details class=\"g-accordion \"><summary><h3>Ak\u00fa \u00falohu hr\u00e1 symetria vo franc\u00fazskych z\u00e1hrad\u00e1ch?<\/h3><\/summary>\n<p>Franc\u00fazske z\u00e1hrady s\u00fa zn\u00e1me presnou symetriou, v\u010faka ktorej p\u00f4sobia upravene a harmonicky. Cesti\u010dky, rastliny aj vodn\u00e9 prvky s\u00fa v t\u00fdchto z\u00e1hrad\u00e1ch zoraden\u00e9 s ve\u013ekou starostlivos\u0165ou a vytv\u00e1raj\u00fa pocit ve\u013ekosti. Z\u00e1hrady v\u00e4\u010d\u0161inou maj\u00fa <strong>hlavn\u00fa os<\/strong>, ktor\u00e1 vedie poh\u013eadom n\u00e1v\u0161tevn\u00edka a zd\u00f4raz\u0148uje d\u00f4kladn\u00fa pr\u00e1cu s pr\u00edrodou. Symetria je pre franc\u00fazsku eleganciu z\u00e1sadn\u00e1 \u2014 prin\u00e1\u0161a kr\u00e1su aj poriadok do ka\u017edej \u010dasti priestoru. Pr\u00e1ve v\u010faka nej vynik\u00e1 umenie prepoji\u0165 n\u00e1dhern\u00e9 rastliny s presn\u00fdmi tvarmi, v\u010faka \u010domu tieto z\u00e1hrady zost\u00e1vaj\u00fa v\u017edy upraven\u00e9 a in\u0161piruj\u00face.<\/p>\n<\/details><details class=\"g-accordion \"><summary><h3>Ako geometrick\u00e9 l\u00ednie definuj\u00fa franc\u00fazsku z\u00e1hradu?<\/h3><\/summary>\n<p><strong>Geometrick\u00e9 l\u00ednie<\/strong> s\u00fa z\u00e1kladom usporiadanej a elegantnej podoby franc\u00fazskych z\u00e1hrad. Ukazuj\u00fa sa v rozlo\u017een\u00ed chodn\u00edkov, parterov a \u017eiv\u00fdch plotov, ktor\u00e9 tvoria typick\u00e9 tvary ako \u0161tvorce, obd\u013a\u017eniky \u010di kruhy. Tak\u00e9to vzory robia z\u00e1hradu kraj\u0161ou a z\u00e1rove\u0148 jasne rozde\u013euj\u00fa jej \u010dasti, tak\u017ee n\u00e1v\u0161tevn\u00edci sa v nej lep\u0161ie orientuj\u00fa.<\/p>\n<ul>\n<li>chodn\u00edky s\u00fa d\u00f4le\u017eit\u00e9, preto\u017ee ved\u00fa cez z\u00e1hradu,<\/li>\n<li>rozdelen\u00edm vytv\u00e1raj\u00fa men\u0161ie oddelen\u00e9 \u201eizby\u201c a cestu medzi nimi,<\/li>\n<li>partery zas zvy\u0161uj\u00fa preh\u013eadnos\u0165 v\u010faka starostlivo upraven\u00fdm z\u00e1honom ohrani\u010den\u00fdm n\u00edzkymi plotmi alebo \u0161trkom.<\/li>\n<\/ul>\n<p>D\u00f4raz na geometrick\u00e9 l\u00ednie pom\u00e1ha nielen s orient\u00e1ciou, ale aj s pocitom, \u017ee \u010dlovek m\u00e1 pr\u00edrodu pod kontrolou. Tento \u0161t\u00fdl najviac vynik\u00e1 v sl\u00e1vnych z\u00e1hrad\u00e1ch, ako s\u00fa <strong>Versailles<\/strong>, kde v\u0161etko presne sed\u00ed pod\u013ea premyslen\u00e9ho pl\u00e1nu. Geometria v usporiadan\u00ed franc\u00fazskych z\u00e1hrad ukazuje <strong>eleganciu a presnos\u0165<\/strong>, \u010do k nim neodmyslite\u013ene patr\u00ed.<\/p>\n<\/details><details class=\"g-accordion \"><summary><h3>Ak\u00e9 druhy rastl\u00edn s\u00fa typick\u00e9 pre franc\u00fazske z\u00e1hrady?<\/h3><\/summary>\n<p>Franc\u00fazske z\u00e1hrady s\u00fa zn\u00e1me d\u00f4vtipn\u00fdm spojen\u00edm okrasn\u00fdch aj u\u017eito\u010dn\u00fdch rastl\u00edn. V\u00fdraznou \u010drtou s\u00fa tvarovan\u00e9 kr\u00edky \u2014 topiary, ktor\u00e9 z\u00e1hradu ozdobia presn\u00fdmi geometrick\u00fdmi tvarmi a dodaj\u00fa jej elegantn\u00fd vzh\u013ead. Stromy ako <strong>hrab<\/strong>, <strong>jase\u0148<\/strong> \u010di <strong>lipa<\/strong> zabezpe\u010dia nielen poriadok, ale aj pr\u00edjemn\u00fd tie\u0148.<\/p>\n<p>Kedysi sa vo franc\u00fazskych z\u00e1hrad\u00e1ch pestovali hlavne kvety v odtie\u0148och modrej, ru\u017eovej, bielej a fialovej. Ale u\u017e v 18. storo\u010d\u00ed za\u010dali prib\u00fada\u0165 aj v\u00fdraznej\u0161ie farby. <strong>Levandu\u013ea zost\u00e1va st\u00e1licou \u2014 po str\u00e1nke v\u00f4ne aj tradi\u010dn\u00fdch farieb.<\/strong><\/p>\n<ul>\n<li>ru\u017ee s\u00fa ob\u013e\u00faben\u00e9 trv\u00e1ce rastliny, ktor\u00e9 kvitn\u00fa cel\u00e9 leto,<\/li>\n<li>hust\u00e9 boxov\u00e9 \u017eiv\u00e9 ploty lemuj\u00fa partery a chodn\u00edky,<\/li>\n<li>citrusovn\u00edky do z\u00e1hrad prin\u00e1\u0161aj\u00fa v\u00f4\u0148u aj zauj\u00edmav\u00fa zelen\u00fa farbu.<\/li>\n<\/ul>\n<p>V\u00fdber rastl\u00edn pod\u010diarkuje upraven\u00fd tvar z\u00e1hrady a z\u00e1rove\u0148 pon\u00faka ve\u013ea rozli\u010dn\u00fdch farieb a \u0161trukt\u00far, ktor\u00e9 sa menia po\u010das cel\u00e9ho roka.<\/p>\n<\/details><details class=\"g-accordion \"><summary><h3>Ako sa vo franc\u00fazskych z\u00e1hrad\u00e1ch vyu\u017e\u00edvaj\u00fa vodn\u00e9 prvky?<\/h3><\/summary>\n<p><p>Vodn\u00e9 prvky maj\u00fa vo franc\u00fazskych z\u00e1hrad\u00e1ch <strong>dekorat\u00edvny v\u00fdznam<\/strong> aj <strong>praktick\u00e9 vyu\u017eitie<\/strong>. Prvky ako <strong>font\u00e1ny<\/strong>, <strong>kan\u00e1ly<\/strong> a <strong>baz\u00e9ny<\/strong> robia z\u00e1hradu kraj\u0161ou a navy\u0161e prin\u00e1\u0161aj\u00fa pokoj. V\u0161etky s\u00fa starostlivo za\u010dlenen\u00e9 do cel\u00e9ho pl\u00e1nu z\u00e1hrady, aby e\u0161te viac vynikla jej kr\u00e1sa a d\u00f4raz na architekt\u00faru.<\/p>\n<\/p>\n<ul>\n<li>font\u00e1ny \u010dasto pri\u0165ahuj\u00fa poh\u013ead aj sluch \u2014 ich pohyb a zvuk vytv\u00e1raj\u00fa pr\u00edjemn\u00fa atmosf\u00e9ru,<\/li>\n<li>odrazov\u00e9 baz\u00e9ny zrkadlia nebo aj okolie, \u010d\u00edm p\u00f4sobia tajomne,<\/li>\n<li>kan\u00e1ly niekedy ved\u00fa pozd\u013a\u017e hlavn\u00fdch os\u00ed alebo popri chodn\u00edkoch, \u010d\u00edm zv\u00fdraz\u0148uj\u00fa symetriu z\u00e1hrady.<\/li>\n<\/ul>\n<p><p>V\u0161etky tieto prvky spolu zvy\u0161uj\u00fa <strong>v\u00fdnimo\u010dnos\u0165 franc\u00fazskych z\u00e1hrad<\/strong> a z\u00e1rove\u0148 pom\u00e1haj\u00fa vytv\u00e1ra\u0165 pokojn\u00e9 prostredie, ktor\u00e9 v\u00fdborne lad\u00ed s ich typick\u00fdm usporiadan\u00edm.<\/p>\n<\/p>\n<\/details> <details class=\"g-accordion \"><summary><h3>Ak\u00fd v\u00fdznam m\u00e1 hardscaping vo franc\u00fazskom z\u00e1hradnom dizajne?<\/h3><\/summary>  <\/p>\n<p>Vo franc\u00fazskom z\u00e1hradnom dizajne je <strong>hardscaping<\/strong>, teda pou\u017eitie pevn\u00fdch stavebn\u00fdch prvkov, k\u013e\u00fa\u010dov\u00fd pre vytvorenie jasnej \u0161trukt\u00fary a rozdelenia z\u00e1hrady. Prvky ako kamenn\u00e9 m\u00fariky, chodn\u00edky alebo terasy nielen skr\u00e1\u0161\u013euj\u00fa cel\u00fd priestor, ale aj zlep\u0161uj\u00fa jeho funk\u010dnos\u0165. Tieto pevn\u00e9 \u010dasti pom\u00e1haj\u00fa rozdeli\u0165 z\u00e1hradu na samostatn\u00e9 z\u00f3ny, ktor\u00e9 na seba nadv\u00e4zuj\u00fa ako miestnosti v dome.<\/p>\n<p>Geometrick\u00e9 vzory z materi\u00e1lov ako \u0161trk, kame\u0148 alebo tehla d\u00e1vaj\u00fa z\u00e1hrade usporiadan\u00fd a elegantn\u00fd vzh\u013ead. Navy\u0161e, tak\u00e9to rie\u0161enia s\u00fa odoln\u00e9 a vy\u017eaduj\u00fa men\u0161iu \u00fadr\u017ebu.<\/p>\n<p>Hardscaping v\u0161ak nie je len o \u0161trukt\u00fare \u2013 <strong>tvoria z\u00e1klad pre r\u00f4zne ozdobn\u00e9 prvky<\/strong>. Starod\u00e1vne kvetin\u00e1\u010de m\u00f4\u017eu dotvori\u0165 chodn\u00edky alebo terasy a vn\u00e1\u0161a\u0165 do z\u00e1hrady \u010fal\u0161iu eleganciu. Dla\u017eobn\u00e9 kocky alebo prec\u00edzne poukladan\u00e9 tehly nielen ved\u00fa n\u00e1v\u0161tevn\u00edkov, ale zv\u00fdraz\u0148uj\u00fa aj form\u00e1lny \u0161t\u00fdl z\u00e1hrady.<\/p>\n<p>Na z\u00e1ver \u2013 hardscaping je nevyhnutn\u00fd, ak chce\u0161 dosiahnu\u0165 typick\u00fa franc\u00fazsku eleganciu. Sp\u00e1ja kr\u00e1su aj praktickos\u0165 v\u010faka premyslene vybran\u00fdm materi\u00e1lom a n\u00e1padit\u00e9mu usporiadaniu.<\/p>\n<\/details>\n<details class=\"g-accordion \"><summary><h3>\u010co s\u00fa parterov\u00e9 z\u00e1hrady a ako sa navrhuj\u00fa?<\/h3><\/summary>  <\/p>\n<p>Parterov\u00e9 z\u00e1hrady s\u00fa typick\u00fdm znakom franc\u00fazskeho z\u00e1hradn\u00e9ho \u0161t\u00fdlu a vynikaj\u00fa zlo\u017eit\u00fdmi geometrick\u00fdmi vzormi. Charakteristick\u00e9 s\u00fa pre ne symetrick\u00e9 z\u00e1hony, ktor\u00e9 \u010dasto lemuje n\u00edzky \u017eiv\u00fd plot alebo \u0161trkov\u00e9 chodn\u00edky. Medzi z\u00e1kladn\u00e9 tvary patria \u0161tvorce, kruhy a \u0161pir\u00e1ly. Ka\u017ed\u00e1 \u010das\u0165 z\u00e1hrady je navrhnut\u00e1 tak, aby v\u00fdsledok p\u00f4sobil dokonale vyv\u00e1\u017eene.<\/p>\n<ul>\n<li>na ohrani\u010denie sa \u010dasto pou\u017e\u00edvaj\u00fa \u017eiv\u00e9 ploty z kru\u0161p\u00e1nu,<\/li>\n<li>\u0161trkov\u00e9 chodn\u00edky nielen skr\u00e1\u0161\u013euj\u00fa z\u00e1hradu, ale aj u\u013eah\u010duj\u00fa pohyb medzi zelen\u00fdmi z\u00e1honmi,<\/li>\n<li>aj ke\u010f partery zvy\u010dajne zvolia tlmen\u00e9 farby, pestr\u00e9 kvety dodaj\u00fa z\u00e1hrade svie\u017ei, modern\u00fd dotyk bez poru\u0161enia klasick\u00fdch pravidiel.<\/li>\n<\/ul>\n<p><strong>Parterov\u00e9 z\u00e1hrady svojimi detailn\u00fdmi n\u00e1vrhmi a prec\u00edznym preveden\u00edm steles\u0148uj\u00fa eleganciu a presnos\u0165 franc\u00fazskej krajiny.<\/strong><\/p>\n<\/details>\n<details class=\"g-accordion \"><summary><h3>Ako m\u00f4\u017ee\u0161 do franc\u00fazskej z\u00e1hrady zakomponova\u0165 pestr\u00e9 kvety?<\/h3><\/summary>  <\/p>\n<p>Ak chce\u0161 ma\u0165 vo franc\u00fazskej z\u00e1hrade farebn\u00e9 kvety, sta\u010d\u00ed vybra\u0165 druhy, ktor\u00e9 ladia s tradi\u010dn\u00fdmi t\u00f3nmi a prin\u00e1\u0161aj\u00fa farby v priebehu cel\u00e9ho roka. Kombinuj jarn\u00e9 tulip\u00e1ny, narcis a pivonky, aby si udr\u017eal z\u00e1hradu st\u00e1le pestr\u00fa. Tieto kvety kr\u00e1sne doplnia kru\u0161p\u00e1nov\u00e9 ploty alebo \u0161trkov\u00e9 chodn\u00ed\u010dky.<\/p>\n<p>O pestr\u00fa z\u00e1hradu sa treba pravidelne stara\u0165 \u2013 priebe\u017ene odstra\u0148ova\u0165 odkvitnut\u00e9 kvety a vys\u00e1dza\u0165 nov\u00e9 rastliny pod\u013ea sez\u00f3ny. Ru\u017ee ako trvalky dodaj\u00fa dlhotrvaj\u00facu kr\u00e1su a letni\u010dky sa ka\u017edoro\u010dne postaraj\u00fa o nov\u00fa farebn\u00fa atmosf\u00e9ru.<\/p>\n<p>Harmonick\u00e9 farby s\u00fa d\u00f4le\u017eit\u00e9, vyberaj tak\u00e9, ktor\u00e9 bu\u010f ladia alebo kontrastuj\u00fa s klasick\u00fdmi pastelmi \u010di levandu\u013eou. Pre zauj\u00edmavej\u0161\u00ed vzh\u013ead m\u00f4\u017ee\u0161 vysadi\u0165 rastliny v r\u00f4znych v\u00fd\u0161kach, \u010d\u00edm dod\u00e1\u0161 z\u00e1hrade h\u013abku.<\/p>\n<p><strong>Ak premyslene vyberie\u0161 kvety a bude\u0161 sa o ne stara\u0165, dok\u00e1\u017ee\u0161 do franc\u00fazskej z\u00e1hrady vn\u00e1\u0161a\u0165 farby, pri\u010dom zostane elegantn\u00e1.<\/strong><\/p>\n<\/details>\n<details class=\"g-accordion \"><summary><h3>Ako vytvori\u0165 vonkaj\u0161ie miestnosti vo franc\u00fazskej z\u00e1hrade?<\/h3><\/summary>  <\/p>\n<p>Vo franc\u00fazskej z\u00e1hrade m\u00f4\u017ee\u0161 vytvori\u0165 oddelen\u00e9 z\u00f3ny, pri\u010dom ka\u017ed\u00e1 sl\u00fa\u017ei in\u00e9mu \u00fa\u010delu. D\u00f4le\u017eit\u00e9 je, aby navz\u00e1jom ladili a prechody medzi nimi p\u00f4sobili prirodzene. Na rozdelenie a s\u00fakromie pou\u017ei \u017eiv\u00e9 ploty, trel\u00e1\u017ee alebo pergoly. Pohodln\u00e9 lavi\u010dky alebo mal\u00e9 bistro stol\u00edky vy\u010daruj\u00fa pr\u00edjemn\u00e9 miesta na oddych \u010di stretnutia.<\/p>\n<ul>\n<li>kru\u0161p\u00e1nov\u00e9 ploty s\u00fa ide\u00e1lne na vytvorenie \u201esteny\u201c medzi jednotliv\u00fdmi \u010das\u0165ami z\u00e1hrady,<\/li>\n<li>hust\u00fd porast m\u00f4\u017ee\u0161 zostriha\u0165 do presn\u00fdch tvarov pod\u013ea svojej predstavy,<\/li>\n<li>\u0161trkov\u00e9 chodn\u00ed\u010dky jednoducho odde\u013euj\u00fa z\u00f3ny a z\u00e1rove\u0148 ved\u00fa \u013eud\u00ed po z\u00e1hrade.<\/li>\n<\/ul>\n<p>Ka\u017ed\u00e9 miesto m\u00f4\u017ee\u0161 ozdobi\u0165 nie\u010d\u00edm zauj\u00edmav\u00fdm \u2013 napr\u00edklad vodn\u00fdm prvkom \u010di staro\u017eitn\u00fdmi kvetin\u00e1\u010dmi. Obd\u013a\u017enikov\u00e9 jazierko alebo font\u00e1nka vnes\u00fa pokoj a vo\u0148av\u00e1 levandu\u013ea spr\u00edjemn\u00ed atmosf\u00e9ru.<\/p>\n<p><strong>V z\u00e1hrade m\u00f4\u017ee\u0161 ma\u0165 aj jed\u00e1lensk\u00fd priestor s stolom a stoli\u010dkami, kde si vychutn\u00e1\u0161 jedlo obklopen\u00fd zele\u0148ou.<\/strong> Tak sa z franc\u00fazskej z\u00e1hrady st\u00e1va organizovan\u00fd a kr\u00e1sny k\u00fasok pr\u00edrody na relax aj stretnutia.<\/p>\n<\/details>\n<details class=\"g-accordion \"><summary><h3>Ako sa franc\u00fazske z\u00e1hrady prep\u00e1jaj\u00fa s rezidenciou?<\/h3><\/summary>  <\/p>\n<p>Franc\u00fazske z\u00e1hrady s\u00fa navrhnut\u00e9 tak, aby ladili s domom v pozad\u00ed, ktor\u00fd sa \u010dasto st\u00e1va hlavnou dominantou celej kompoz\u00edcie. Hlavn\u00fd chodn\u00edk zv\u00e4\u010d\u0161a vedie priamo od vstupu do domu a sp\u00e1ja interi\u00e9r so z\u00e1hradou aj vizu\u00e1lne aj priestorovo. <strong>T\u00fdmto premyslen\u00fdm rozlo\u017een\u00edm z\u00e1hrada e\u0161te viac zv\u00fdrazn\u00ed architektonick\u00e9 detaily domu.<\/strong><\/p>\n<p>Pri prech\u00e1dzke z\u00e1hradou sa \u010dasto pohybuje\u0161 popri \u017eiv\u00fdch plotoch alebo mohutn\u00fdch cyprusoch, ktor\u00e9 \u0165a naved\u00fa z jednej \u010dasti do druhej. Terasy alebo patio hne\u010f pri dome sl\u00fa\u017eia na vonkaj\u0161ie posedenie a vytv\u00e1raj\u00fa pr\u00edjemn\u00e9 miesto na oddych \u010di stolovanie \u2013 hranica medzi domom a z\u00e1hradou takmer zanik\u00e1.<\/p>\n<p>Vodn\u00e9 prvky ako font\u00e1nky \u010di zrkadliace jazierka pri vchode sa odr\u00e1\u017eaj\u00fa v architekt\u00fare budovy a prin\u00e1\u0161aj\u00fa pocit pokoja. Pestrofarebn\u00e9 kvety a vo\u0148av\u00e9 rastliny, ako je levandu\u013ea, e\u0161te viac umoc\u0148uj\u00fa z\u00e1\u017eitok vonku aj vn\u00fatri.<\/p>\n<p><strong>V\u010faka dokonal\u00e9mu prepojeniu s domom franc\u00fazska z\u00e1hrada roz\u0161iruje obytn\u00fd priestor a z\u00e1rove\u0148 zachov\u00e1va svoju form\u00e1lnu kr\u00e1su a symetriu.<\/strong><\/p>\n<\/details>\n<details class=\"g-accordion \"><summary><h3>Ako m\u00f4\u017eu staro\u017eitn\u00e9 a vintage prvky vylep\u0161i\u0165 franc\u00fazsku z\u00e1hradu?<\/h3><\/summary>  <\/p>\n<p>Prvky zo star\u00fdch \u010dias alebo vintage k\u00fasky dok\u00e1\u017eu franc\u00fazskej z\u00e1hrade doda\u0165 \u0161arm a nostalgick\u00fa atmosf\u00e9ru. Napr\u00edklad pou\u017eitie <strong>ma\u010dac\u00edch hl\u00e1v<\/strong> alebo <strong>star\u00fdch teh\u00e1l<\/strong> na chodn\u00edkoch p\u00f4sob\u00ed autenticky a pripom\u00edna minulos\u0165. <strong>Vintage z\u00e1hradn\u00fd n\u00e1bytok<\/strong>, ako s\u00fa kovan\u00e9 lavi\u010dky, prinesie eleganciu aj miesto na sedenie.<\/p>\n<p>Ozdobn\u00e9 kvetin\u00e1\u010de m\u00f4\u017eu by\u0165 stredobodom pozornosti alebo zauj\u00edmav\u00fdm doplnkom k zelenej kulise. Tak\u00e9to detaily zvy\u0161uj\u00fa estetick\u00fa hodnotu z\u00e1hrady a pod\u010diarkuj\u00fa <strong>nad\u010dasov\u00fa eleganciu<\/strong>, ktor\u00e1 je pre franc\u00fazske z\u00e1hrady typick\u00e1. Historick\u00e9 predmety, ako <strong>kamenn\u00e9 urny<\/strong> \u010di <strong>liatinov\u00e9 ozdoby<\/strong>, vnes\u00fa \u010fal\u0161iu vrstvu text\u00fary a zaujm\u00fa na prv\u00fd poh\u013ead.<\/p>\n<p>Ak tieto prvky rozmiestni\u0161 s citom, aj oby\u010dajn\u00fd k\u00fatik z\u00e1hrady sa premen\u00ed na miesto s vlastn\u00fdm pr\u00edbehom. Takto dok\u00e1\u017ee\u0161 spoji\u0165 minulos\u0165 so s\u00fa\u010dasnos\u0165ou a vytvori\u0165 harmonick\u00fd priestor s tradi\u010dnou eleganciou.<\/p>\n<\/details>\n<details class=\"g-accordion \"><summary><h3>Ako sa stara\u0165 o z\u00e1hradu v \u0161t\u00fdle Franc\u00fazska?<\/h3><\/summary>  <\/p>\n<p>Ak chce\u0161, aby tvoja franc\u00fazska z\u00e1hrada vyzerala v\u017edy elegantne, potrebuje pravideln\u00fa starostlivos\u0165 a pozornos\u0165. \u017div\u00e9 ploty, napr\u00edklad z kru\u0161p\u00e1nu, treba \u010dasto striha\u0165, aby zostali v presn\u00fdch geometrick\u00fdch tvaroch. Aj rastliny odoln\u00e9 vo\u010di suchu, ako levandu\u013ea alebo citrusy, potrebuj\u00fa pravideln\u00fa z\u00e1lievku.<\/p>\n<p>Mul\u010dovanie je d\u00f4le\u017eit\u00e9 na udr\u017eiavanie vlhkosti v p\u00f4de a zabr\u00e1ni rastu buriny, \u010d\u00edm zabezpe\u010d\u00ed zdrav\u00e9 podmienky pre rastliny. Ak bude\u0161 do z\u00e1hrady vn\u00e1\u0161a\u0165 pravidelne nov\u00e9 rastliny pod\u013ea sez\u00f3ny, zaist\u00ed\u0161 pestrofarebn\u00e9 kvety po\u010das cel\u00e9ho roka \u2013 trvalky ako ru\u017ee prines\u00fa st\u00e1lu farbu, letni\u010dky ka\u017ed\u00fa sez\u00f3nu obmenia vzh\u013ead z\u00e1hrady.<\/p>\n<p>Odstra\u0148ovanie odkvitnut\u00fdch kvetov, teda \u201edeadheading\u201c, podpor\u00ed \u010fal\u0161ie kvitnutie a udr\u017e\u00ed z\u00e1hradu \u010dist\u00fa. <strong>Takto bude kvetinov\u00e1 v\u00fdzdoba v\u017edy pekn\u00e1 a prostredie upraven\u00e9.<\/strong><\/p>\n<p>O \u0161trkov\u00e9 chodn\u00edky alebo kamenn\u00e9 terasy sa staraj pravideln\u00fdm \u010disten\u00edm. O\u017eiv z\u00e1hradu aj staro\u017eitn\u00fdmi kvetin\u00e1\u010dmi alebo franc\u00fazskymi keramick\u00fdmi n\u00e1dobami pre \u010fal\u0161\u00ed n\u00e1dych hist\u00f3rie.<\/p>\n<p><strong>Len pravidelnou starostlivos\u0165ou bude tvoja z\u00e1hrada odr\u00e1\u017ea\u0165 klasick\u00e9 hodnoty franc\u00fazskeho dizajnu a z\u00e1rove\u0148 p\u00f4sobi\u0165 moderne.<\/strong><\/p>\n<\/details>\n<details class=\"g-accordion \"><summary><h3>Ak\u00e9 s\u00fa rozdiely medzi franc\u00fazskymi a talianskymi renesan\u010dn\u00fdmi z\u00e1hradami?<\/h3><\/summary>  <\/p>\n<p>Franc\u00fazske aj talianske renesan\u010dn\u00e9 z\u00e1hrady maj\u00fa ka\u017ed\u00fd svoj jedine\u010dn\u00fd \u0161t\u00fdl. <strong>Franc\u00fazske z\u00e1hrady<\/strong> s\u00fa zn\u00e1me form\u00e1lnou symetriou a geometrick\u00fdmi vzormi \u2013 v\u0161etko m\u00e1 presn\u00fd tvar, poriadok a harm\u00f3niu. Dobre zoraden\u00e9 parterov\u00e9 z\u00e1hony a upraven\u00e9 rastliny vytv\u00e1raj\u00fa elegantn\u00fa atmosf\u00e9ru.<\/p>\n<p>Naopak, <strong>talianske renesan\u010dn\u00e9 z\u00e1hrady<\/strong> zd\u00f4raz\u0148uj\u00fa prirodzen\u00fa kr\u00e1su krajiny. Uprednost\u0148uj\u00fa obl\u00faky a tvary, ktor\u00e9 ladia s okol\u00edm. Ich terasy \u010dasto kop\u00edruj\u00fa svahy a tvary krajiny.<\/p>\n<p>Oba \u0161t\u00fdly pou\u017e\u00edvan\u00edm rastl\u00edn ukazuj\u00fa svoje rozdiely:<\/p>\n<ul>\n<li>franc\u00fazske z\u00e1hrady si vyberaj\u00fa jemn\u00e9 farby, aby v\u00fdsledok p\u00f4sobil upravene a form\u00e1lne,<\/li>\n<li>talianske z\u00e1hrady preferuj\u00fa r\u00f4zne druhy stredomorsk\u00fdch rastl\u00edn, \u010d\u00edm zd\u00f4raz\u0148uj\u00fa bl\u00edzkos\u0165 s pr\u00edrodou.<\/li>\n<\/ul>\n<p>Voda nech\u00fdba ani v jednom \u0161t\u00fdle, no uplat\u0148uje sa r\u00f4zne:<\/p>\n<ul>\n<li>vo franc\u00fazskej z\u00e1hrade je vodn\u00fd prvok hlavn\u00fdm bodom symetrick\u00e9ho rozlo\u017eenia,<\/li>\n<li>v talianskej z\u00e1hrade vodn\u00e9 plochy plynule zapadaj\u00fa do pr\u00edrodn\u00e9ho prostredia.<\/li>\n<\/ul>\n<p><strong>V t\u00fdchto rozdieloch vid\u00ed\u0161 dva odli\u0161n\u00e9 pr\u00edstupy renesancie \u2013 jeden chce pr\u00edrodu ovl\u00e1da\u0165 a usmerni\u0165, druh\u00fd jej kr\u00e1su oslavuje cez organick\u00e9 tvary.<\/strong><\/p>\n<\/details>\n","protected":false},"excerpt":{"rendered":"<p>Franc\u00fazska z\u00e1hradn\u00e1 architekt\u00fara je d\u00f4kazom jemn\u00e9ho spojenia pr\u00edrody a \u013eudskej zru\u010dnosti, zn\u00e1ma po celom svete pre svoju v\u00fdrazn\u00fa symetriu a form\u00e1lnu v\u00fdsadbu. Tieto n\u00e1dhern\u00e9 priestory premie\u0148aj\u00fa krajinu na \u017eiv\u00e9 umeleck\u00e9 diela v\u010faka presne vyskladan\u00fdm geometrick\u00fdm vzorom, ktor\u00e9 dod\u00e1vaj\u00fa z\u00e1hrade poriadok a harm\u00f3niu. V srdci franc\u00fazskych z\u00e1hrad stoja prepracovan\u00e9 partery vytvoren\u00e9 z n\u00edzkych \u017eiv\u00fdch plotov. Tie tvoria symetrick\u00e9 tvary a \u010dasto&hellip;<\/p>\n","protected":false},"author":14,"featured_media":5087,"comment_status":"closed","ping_status":"closed","sticky":false,"template":"","format":"standard","meta":{"rank_math_focus_keyword":"franc\u00fazsky z\u00e1hradn\u00fd dizajn","rank_math_title":"Franc\u00fazsky z\u00e1hradn\u00fd dizajn: Tipy na vytvorenie klasickej krajiny","rank_math_description":"Objavte, ako navrhn\u00fa\u0165 franc\u00fazsku z\u00e1hradu s klasick\u00fdmi prvkami, symetriou a eleganciou, aby ste premenili svoj vonkaj\u0161\u00ed priestor.","footnotes":""},"categories":[232],"tags":[],"class_list":["post-5455","post","type-post","status-publish","format-standard","has-post-thumbnail","hentry","category-zahrada"],"g_custom_schema_json":"<script type=\"application\/ld+json\">\n{\n  \"@context\": \"https:\/\/schema.org\",\n  \"@type\": \"FAQPage\",\n  \"mainEntity\": [\n    {\n      \"@type\": \"Question\",\n      \"name\": \"Ak\u00e9 s\u00fa hlavn\u00e9 \u010drty franc\u00fazskeho z\u00e1hradn\u00e9ho \u0161t\u00fdlu?\",\n      \"acceptedAnswer\": {\n        \"@type\": \"Answer\",\n        \"text\": \"Franc\u00fazsky z\u00e1hradn\u00fd \u0161t\u00fdl je zn\u00e1my svojimi presn\u00fdmi l\u00edniami a symetriou. V\u0161ade vidno geometrick\u00e9 vzory, ktor\u00e9 v z\u00e1hrade vytv\u00e1raj\u00fa poriadok a harm\u00f3niu. Parterov\u00e9 z\u00e1hony s\u00fa \u010dasto zlo\u017een\u00e9 z n\u00edzkych \u017eiv\u00fdch plotov, ktor\u00e9 tvaruj\u00fa symetrick\u00e9 obrazce.\"\n      }\n    },\n    {\n      \"@type\": \"Question\",\n      \"name\": \"Ako sa franc\u00fazsky z\u00e1hradn\u00fd \u0161t\u00fdl vyv\u00edjal v priebehu \u010dasu?\",\n      \"acceptedAnswer\": {\n        \"@type\": \"Answer\",\n        \"text\": \"Franc\u00fazske z\u00e1hrady pre\u0161li po\u010das hist\u00f3rie ve\u013ek\u00fdmi zmenami. Spo\u010diatku boli pr\u00edsne form\u00e1lne, dnes sa v nich d\u00e1 vidie\u0165 aj uvo\u013enenej\u0161\u00ed \u0161t\u00fdl, aj ke\u010f si st\u00e1le udr\u017eiavaj\u00fa svoje typick\u00e9 prvky. Kedysi sa tieto z\u00e1hrady sp\u00e1jali hlavne s presn\u00fdmi vzormi, zlo\u017eit\u00fdmi partermi a rovn\u00fdmi l\u00edniami.\"\n      }\n    },\n    {\n      \"@type\": \"Question\",\n      \"name\": \"Ako ovplyvnilo z\u00e1hradn\u00edctvo franc\u00fazsky z\u00e1hradn\u00fd \u0161t\u00fdl?\",\n      \"acceptedAnswer\": {\n        \"@type\": \"Answer\",\n        \"text\": \"Z\u00e1hradn\u00edctvo malo obrovsk\u00fd vplyv na kr\u00e1su aj funk\u010dnos\u0165 franc\u00fazskych z\u00e1hrad. Ve\u013ek\u00e9 zmeny zaviedol Jean-Baptiste de La Quintinie, ktor\u00fd pri\u0161iel s nov\u00fdmi sp\u00f4sobmi tvarovania stromov a organizovania z\u00e1honov. Jeho inov\u00e1cie zv\u00fd\u0161ili v\u00fdnosy a z\u00e1rove\u0148 vylep\u0161ili vzh\u013ead z\u00e1hrad.\"\n      }\n    },\n    {\n      \"@type\": \"Question\",\n      \"name\": \"Ak\u00fa \u00falohu hr\u00e1 symetria vo franc\u00fazskych z\u00e1hrad\u00e1ch?\",\n      \"acceptedAnswer\": {\n        \"@type\": \"Answer\",\n        \"text\": \"Franc\u00fazske z\u00e1hrady s\u00fa zn\u00e1me presnou symetriou, v\u010faka ktorej p\u00f4sobia upravene a harmonicky. Cesti\u010dky, rastliny aj vodn\u00e9 prvky s\u00fa v t\u00fdchto z\u00e1hrad\u00e1ch zoraden\u00e9 s ve\u013ekou starostlivos\u0165ou a vytv\u00e1raj\u00fa pocit ve\u013ekosti. Z\u00e1hrady v\u00e4\u010d\u0161inou maj\u00fa hlavn\u00fa os, ktor\u00e1 vedie poh\u013eadom n\u00e1v\u0161tevn\u00edka.\"\n      }\n    },\n    {\n      \"@type\": \"Question\",\n      \"name\": \"Ako geometrick\u00e9 l\u00ednie definuj\u00fa franc\u00fazsku z\u00e1hradu?\",\n      \"acceptedAnswer\": {\n        \"@type\": \"Answer\",\n        \"text\": \"Geometrick\u00e9 l\u00ednie s\u00fa z\u00e1kladom usporiadanej a elegantnej podoby franc\u00fazskych z\u00e1hrad. Ukazuj\u00fa sa v rozlo\u017een\u00ed chodn\u00edkov, parterov a \u017eiv\u00fdch plotov, ktor\u00e9 tvoria typick\u00e9 tvary ako \u0161tvorce, obd\u013a\u017eniky \u010di kruhy. Tak\u00e9to vzory robia z\u00e1hradu kraj\u0161ou a z\u00e1rove\u0148 jasne rozde\u013euj\u00fa jej \u010dasti.\"\n      }\n    },\n    {\n      \"@type\": \"Question\",\n      \"name\": \"Ak\u00e9 druhy rastl\u00edn s\u00fa typick\u00e9 pre franc\u00fazske z\u00e1hrady?\",\n      \"acceptedAnswer\": {\n        \"@type\": \"Answer\",\n        \"text\": \"Franc\u00fazske z\u00e1hrady s\u00fa zn\u00e1me d\u00f4vtipn\u00fdm spojen\u00edm okrasn\u00fdch aj u\u017eito\u010dn\u00fdch rastl\u00edn. V\u00fdraznou \u010drtou s\u00fa tvarovan\u00e9 kr\u00edky \u2014 topiary, ktor\u00e9 z\u00e1hradu ozdobia presn\u00fdmi geometrick\u00fdmi tvarmi a dodaj\u00fa jej elegantn\u00fd vzh\u013ead. Stromy ako hrab, jase\u0148 \u010di lipa zabezpe\u010dia nielen poriadok, ale aj pr\u00edjemn\u00fd tie\u0148.\"\n      }\n    },\n    {\n      \"@type\": \"Question\",\n      \"name\": \"Ako sa vo franc\u00fazskych z\u00e1hrad\u00e1ch vyu\u017e\u00edvaj\u00fa vodn\u00e9 prvky?\",\n      \"acceptedAnswer\": {\n        \"@type\": \"Answer\",\n        \"text\": \"Vodn\u00e9 prvky maj\u00fa vo franc\u00fazskych z\u00e1hrad\u00e1ch dekorat\u00edvny v\u00fdznam aj praktick\u00e9 vyu\u017eitie. Prvky ako font\u00e1ny, kan\u00e1ly a baz\u00e9ny robia z\u00e1hradu kraj\u0161ou a navy\u0161e prin\u00e1\u0161aj\u00fa pokoj. V\u0161etky s\u00fa starostlivo za\u010dlenen\u00e9 do cel\u00e9ho pl\u00e1nu z\u00e1hrady, aby e\u0161te viac vynikla jej kr\u00e1sa a d\u00f4raz na architekt\u00faru.\"\n      }\n    },\n    {\n      \"@type\": \"Question\",\n      \"name\": \"Ak\u00fd v\u00fdznam m\u00e1 hardscaping vo franc\u00fazskom z\u00e1hradnom dizajne?\",\n      \"acceptedAnswer\": {\n        \"@type\": \"Answer\",\n        \"text\": \"Vo franc\u00fazskom z\u00e1hradnom dizajne je hardscaping, teda pou\u017eitie pevn\u00fdch stavebn\u00fdch prvkov, k\u013e\u00fa\u010dov\u00fd pre vytvorenie jasnej \u0161trukt\u00fary a rozdelenia z\u00e1hrady. Prvky ako kamenn\u00e9 m\u00fariky, chodn\u00edky alebo terasy nielen skr\u00e1\u0161\u013euj\u00fa cel\u00fd priestor, ale aj zlep\u0161uj\u00fa jeho funk\u010dnos\u0165. Tieto pevn\u00e9 \u010dasti pom\u00e1haj\u00fa rozdeli\u0165 z\u00e1hradu na samostatn\u00e9 z\u00f3ny.\"\n      }\n    },\n    {\n      \"@type\": \"Question\",\n      \"name\": \"\u010co s\u00fa parterov\u00e9 z\u00e1hrady a ako sa navrhuj\u00fa?\",\n      \"acceptedAnswer\": {\n        \"@type\": \"Answer\",\n        \"text\": \"Parterov\u00e9 z\u00e1hrady s\u00fa typick\u00fdm znakom franc\u00fazskeho z\u00e1hradn\u00e9ho \u0161t\u00fdlu a vynikaj\u00fa zlo\u017eit\u00fdmi geometrick\u00fdmi vzormi. Charakteristick\u00e9 s\u00fa pre ne symetrick\u00e9 z\u00e1hony, ktor\u00e9 \u010dasto lemuje n\u00edzky \u017eiv\u00fd plot alebo \u0161trkov\u00e9 chodn\u00edky. Medzi z\u00e1kladn\u00e9 tvary patria \u0161tvorce, kruhy a \u0161pir\u00e1ly.\"\n      }\n    },\n    {\n      \"@type\": \"Question\",\n      \"name\": \"Ako m\u00f4\u017ee\u0161 do franc\u00fazskej z\u00e1hrady zakomponova\u0165 pestr\u00e9 kvety?\",\n      \"acceptedAnswer\": {\n        \"@type\": \"Answer\",\n        \"text\": \"Ak chce\u0161 ma\u0165 vo franc\u00fazskej z\u00e1hrade farebn\u00e9 kvety, sta\u010d\u00ed vybra\u0165 druhy, ktor\u00e9 ladia s tradi\u010dn\u00fdmi t\u00f3nmi a prin\u00e1\u0161aj\u00fa farby v priebehu cel\u00e9ho roka. Kombinuj jarn\u00e9 tulip\u00e1ny, narcis a pivonky, aby si udr\u017eal z\u00e1hradu st\u00e1le pestr\u00fa. Tieto kvety kr\u00e1sne doplnia kru\u0161p\u00e1nov\u00e9 ploty alebo \u0161trkov\u00e9 chodn\u00ed\u010dky.\"\n      }\n    },\n    {\n      \"@type\": \"Question\",\n      \"name\": \"Ako vytvori\u0165 vonkaj\u0161ie miestnosti vo franc\u00fazskej z\u00e1hrade?\",\n      \"acceptedAnswer\": {\n        \"@type\": \"Answer\",\n        \"text\": \"Vo franc\u00fazskej z\u00e1hrade m\u00f4\u017ee\u0161 vytvori\u0165 oddelen\u00e9 z\u00f3ny, pri\u010dom ka\u017ed\u00e1 sl\u00fa\u017ei in\u00e9mu \u00fa\u010delu. D\u00f4le\u017eit\u00e9 je, aby navz\u00e1jom ladili a prechody medzi nimi p\u00f4sobili prirodzene. Na rozdelenie a s\u00fakromie pou\u017ei \u017eiv\u00e9 ploty, trel\u00e1\u017ee alebo pergoly.\"\n      }\n    },\n    {\n      \"@type\": \"Question\",\n      \"name\": \"Ako sa franc\u00fazske z\u00e1hrady prep\u00e1jaj\u00fa s rezidenciou?\",\n      \"acceptedAnswer\": {\n        \"@type\": \"Answer\",\n        \"text\": \"Franc\u00fazske z\u00e1hrady s\u00fa navrhnut\u00e9 tak, aby ladili s domom v pozad\u00ed, ktor\u00fd sa \u010dasto st\u00e1va hlavnou dominantou celej kompoz\u00edcie. Hlavn\u00fd chodn\u00edk zv\u00e4\u010d\u0161a vedie priamo od vstupu do domu a sp\u00e1ja interi\u00e9r so z\u00e1hradou aj vizu\u00e1lne aj priestorovo. T\u00fdmto premyslen\u00fdm rozlo\u017een\u00edm z\u00e1hrada e\u0161te viac zv\u00fdrazn\u00ed architektonick\u00e9 detaily domu.\"\n      }\n    },\n    {\n      \"@type\": \"Question\",\n      \"name\": \"Ako m\u00f4\u017eu staro\u017eitn\u00e9 a vintage prvky vylep\u0161i\u0165 franc\u00fazsku z\u00e1hradu?\",\n      \"acceptedAnswer\": {\n        \"@type\": \"Answer\",\n        \"text\": \"Prvky zo star\u00fdch \u010dias alebo vintage k\u00fasky dok\u00e1\u017eu franc\u00fazskej z\u00e1hrade doda\u0165 \u0161arm a nostalgick\u00fa atmosf\u00e9ru. Napr\u00edklad pou\u017eitie ma\u010dac\u00edch hl\u00e1v alebo star\u00fdch teh\u00e1l na chodn\u00edkoch p\u00f4sob\u00ed autenticky a pripom\u00edna minulos\u0165. Vintage z\u00e1hradn\u00fd n\u00e1bytok, ako s\u00fa kovan\u00e9 lavi\u010dky, prinesie eleganciu aj miesto na sedenie.\"\n      }\n    },\n    {\n      \"@type\": \"Question\",\n      \"name\": \"Ako sa stara\u0165 o z\u00e1hradu v \u0161t\u00fdle Franc\u00fazska?\",\n      \"acceptedAnswer\": {\n        \"@type\": \"Answer\",\n        \"text\": \"Ak chce\u0161, aby tvoja franc\u00fazska z\u00e1hrada vyzerala v\u017edy elegantne, potrebuje pravideln\u00fa starostlivos\u0165 a pozornos\u0165. \u017div\u00e9 ploty, napr\u00edklad z kru\u0161p\u00e1nu, treba \u010dasto striha\u0165, aby zostali v presn\u00fdch geometrick\u00fdch tvaroch. Aj rastliny odoln\u00e9 vo\u010di suchu, ako levandu\u013ea alebo citrusy, potrebuj\u00fa pravideln\u00fa z\u00e1lievku.\"\n      }\n    },\n    {\n      \"@type\": \"Question\",\n      \"name\": \"Ak\u00e9 s\u00fa rozdiely medzi franc\u00fazskymi a talianskymi renesan\u010dn\u00fdmi z\u00e1hradami?\",\n      \"acceptedAnswer\": {\n        \"@type\": \"Answer\",\n        \"text\": \"Franc\u00fazske aj talianske renesan\u010dn\u00e9 z\u00e1hrady maj\u00fa ka\u017ed\u00fd svoj jedine\u010dn\u00fd \u0161t\u00fdl. Franc\u00fazske z\u00e1hrady s\u00fa zn\u00e1me form\u00e1lnou symetriou a geometrick\u00fdmi vzormi \u2013 v\u0161etko m\u00e1 presn\u00fd tvar, poriadok a harm\u00f3niu. Dobre zoraden\u00e9 parterov\u00e9 z\u00e1hony a upraven\u00e9 rastliny vytv\u00e1raj\u00fa elegantn\u00fa atmosf\u00e9ru.\"\n      }\n    }\n  ]\n}\n<\/script>\n<script type=\"application\/ld+json\">\n{\n  \"@context\": \"https:\/\/schema.org\",\n  \"@type\": \"HowTo\",\n  \"name\": \"Ako vytvori\u0165 franc\u00fazsku z\u00e1hradu pri dome\",\n  \"description\": \"Z\u00e1kladn\u00e9 kroky na vytvorenie franc\u00fazskej z\u00e1hrady s d\u00f4razom na symetriu, geometrick\u00e9 vzory a klasick\u00e9 rastliny.\",\n  \"image\": \"https:\/\/doubletakedecor.com\/uploads\/2025\/08\/french-garden-design-dtd-01.jpg\",\n  \"step\": [\n    {\n      \"@type\": \"HowToStep\",\n      \"name\": \"Napl\u00e1nuj symetriu a rozdelenie z\u00e1hrady\",\n      \"text\": \"Navrhni geometrick\u00e9 rozlo\u017eenie z\u00e1hrady s jasn\u00fdmi osami a partermi. Rozde\u013e priestor na men\u0161ie \u010dasti pomocou chodn\u00edkov a \u017eiv\u00fdch plotov. Zoh\u013eadni proporcie vo\u010di domu.\"\n    },\n    {\n      \"@type\": \"HowToStep\",\n      \"name\": \"Vytvor parterov\u00e9 z\u00e1hony\",\n      \"text\": \"Zalo\u017e n\u00edzke \u017eiv\u00e9 ploty v symetrick\u00fdch tvaroch \u2013 \u0161tvorce, kruhy \u010di \u0161pir\u00e1ly. Partery ohrani\u010d chodn\u00edkmi zo \u0161trku. Dopln ich o kvitn\u00face rastliny pod\u013ea klasick\u00fdch farebn\u00fdch sch\u00e9m.\"\n    },\n    {\n      \"@type\": \"HowToStep\",\n      \"name\": \"Zakomponuj vodn\u00e9 prvky\",\n      \"text\": \"Pridaj font\u00e1nu, jazierko alebo kan\u00e1l ako centr\u00e1lny bod. Vodn\u00e9 prvky umiestni tak, aby zv\u00fdraznili osov\u00fa symetriu z\u00e1hrady. Ich zvuk a pohyb prines\u00fa do priestoru pokoj.\"\n    },\n    {\n      \"@type\": \"HowToStep\",\n      \"name\": \"Pou\u017ei tradi\u010dn\u00e9 rastliny\",\n      \"text\": \"Vysa\u010f levandu\u013eu, ru\u017ee, citrusy a topiary z kru\u0161p\u00e1nu. Stromy ako lipa alebo jase\u0148 zabezpe\u010dia tie\u0148. Vyber kvety v odtie\u0148och modrej, fialovej, bielej a ru\u017eovej.\"\n    },\n    {\n      \"@type\": \"HowToStep\",\n      \"name\": \"Zvo\u013e form\u00e1lne hardscaping prvky\",\n      \"text\": \"Zvo\u013e kamenn\u00fd chodn\u00edk, patio alebo terasu z pr\u00edrodn\u00e9ho kame\u0148a \u010di \u0161trku. Rozmiestni vintage kvetin\u00e1\u010de a ozdobn\u00e9 n\u00e1doby. Cesti\u010dky udr\u017euj pravidelne \u010dist\u00e9.\"\n    },\n    {\n      \"@type\": \"HowToStep\",\n      \"name\": \"Vytvor vonkaj\u0161ie miestnosti\",\n      \"text\": \"Vy\u010dle\u0148 v z\u00e1hrade miesta na oddych alebo stolovanie. Oddel ich \u017eiv\u00fdmi plotmi, trel\u00e1\u017eami alebo pergolou. Pridaj lavi\u010dky, bistro st\u00f4l \u010di z\u00e1hradn\u00e9 sedenie.\"\n    },\n    {\n      \"@type\": \"HowToStep\",\n      \"name\": \"Ozdob vstupn\u00e9 body a prepojenie s domom\",\n      \"text\": \"Vytvor reprezentat\u00edvny vstup do z\u00e1hrady pomocou chodn\u00edka a pop\u00ednav\u00fdch rastl\u00edn. Prepoj z\u00e1hradu s domom terasou alebo patio. Ozdob vchod vintage lamp\u00e1\u0161mi alebo kvetin\u00e1\u010dmi.\"\n    },\n    {\n      \"@type\": \"HowToStep\",\n      \"name\": \"Pravidelne sa staraj o z\u00e1hradu\",\n      \"text\": \"Strihaj \u017eiv\u00e9 ploty a topiary, odstra\u0148uj odkvitnut\u00e9 kvety, \u010dist chodn\u00edky a zavla\u017euj rastliny pod\u013ea potreby. V\u010faka \u00fadr\u017ebe zostane z\u00e1hrada upraven\u00e1 a elegantn\u00e1.\"\n    }\n  ],\n  \"tool\": [\n    { \"@type\": \"HowToTool\", \"name\": \"Z\u00e1hradn\u00e9 no\u017enice\" },\n    { \"@type\": \"HowToTool\", \"name\": \"R\u00fd\u013e\" },\n    { \"@type\": \"HowToTool\", \"name\": \"Zalieva\u010d\" }\n  ],\n  \"supply\": [\n    { \"@type\": \"HowToSupply\", \"name\": \"Kru\u0161p\u00e1nov\u00e9 sadenice\" },\n    { \"@type\": \"HowToSupply\", \"name\": \"Levandu\u013ea\" },\n    { \"@type\": \"HowToSupply\", \"name\": \"Kamenn\u00fd \u0161trk\" },\n    { \"@type\": \"HowToSupply\", \"name\": \"Vintage kvetin\u00e1\u010de\" },\n    { \"@type\": \"HowToSupply\", \"name\": \"Font\u00e1na alebo jazierko\" },\n    { \"@type\": \"HowToSupply\", \"name\": \"Rastliny ru\u017e\u00ed\" }\n  ],\n  \"estimatedCost\": {\n    \"@type\": \"MonetaryAmount\",\n    \"currency\": \"EUR\",\n    \"value\": \"200-2000\"\n  },\n  \"totalTime\": \"P2W\",\n  \"author\": {\n    \"@type\": \"Person\",\n    \"name\": \"Double Take Decor\"\n  }\n}\n<\/script>","_links":{"self":[{"href":"https:\/\/doubletakedecor.com\/sk\/wp-json\/wp\/v2\/posts\/5455","targetHints":{"allow":["GET"]}}],"collection":[{"href":"https:\/\/doubletakedecor.com\/sk\/wp-json\/wp\/v2\/posts"}],"about":[{"href":"https:\/\/doubletakedecor.com\/sk\/wp-json\/wp\/v2\/types\/post"}],"author":[{"embeddable":true,"href":"https:\/\/doubletakedecor.com\/sk\/wp-json\/wp\/v2\/users\/14"}],"replies":[{"embeddable":true,"href":"https:\/\/doubletakedecor.com\/sk\/wp-json\/wp\/v2\/comments?post=5455"}],"version-history":[{"count":1,"href":"https:\/\/doubletakedecor.com\/sk\/wp-json\/wp\/v2\/posts\/5455\/revisions"}],"predecessor-version":[{"id":5456,"href":"https:\/\/doubletakedecor.com\/sk\/wp-json\/wp\/v2\/posts\/5455\/revisions\/5456"}],"wp:featuredmedia":[{"embeddable":true,"href":"https:\/\/doubletakedecor.com\/sk\/wp-json\/wp\/v2\/media\/5087"}],"wp:attachment":[{"href":"https:\/\/doubletakedecor.com\/sk\/wp-json\/wp\/v2\/media?parent=5455"}],"wp:term":[{"taxonomy":"category","embeddable":true,"href":"https:\/\/doubletakedecor.com\/sk\/wp-json\/wp\/v2\/categories?post=5455"},{"taxonomy":"post_tag","embeddable":true,"href":"https:\/\/doubletakedecor.com\/sk\/wp-json\/wp\/v2\/tags?post=5455"}],"curies":[{"name":"wp","href":"https:\/\/api.w.org\/{rel}","templated":true}]}}