{"id":5477,"date":"2025-08-12T20:44:32","date_gmt":"2025-08-12T18:44:32","guid":{"rendered":"https:\/\/doubletakedecor.com\/vonkajsie-dekoracie\/napady-na-prekrytie-terasy\/"},"modified":"2025-08-13T00:33:31","modified_gmt":"2025-08-12T22:33:31","slug":"napady-na-prekrytie-terasy","status":"publish","type":"post","link":"https:\/\/doubletakedecor.com\/sk\/vonkajsie-dekoracie\/napady-na-prekrytie-terasy\/","title":{"rendered":"Kreat\u00edvne n\u00e1pady na pokrytie terasy, ktor\u00e9 premenia tvoj vonkaj\u0161\u00ed priestor"},"content":{"rendered":"<p>Premen svoj vonkaj\u0161\u00ed priestor na oddych v\u010faka ide\u00e1lnemu prekrytiu terasy, ktor\u00e9 kombinuje \u0161t\u00fdl a funk\u010dnos\u0165. M\u00f4\u017ee\u0161 si vybra\u0165 pevn\u00e9 kon\u0161trukcie, ktor\u00e9 poskytn\u00fa spo\u013eahliv\u00fd tie\u0148, alebo sedlov\u00e9 strechy, ktor\u00e9 zlep\u0161uj\u00fa pr\u00fadenie vzduchu a vp\u00fa\u0161\u0165aj\u00fa viac denn\u00e9ho svetla. V\u00fdber je naozaj pestr\u00fd a ka\u017ed\u00fd si ho vie prisp\u00f4sobi\u0165 pod\u013ea svojich predst\u00e1v o z\u00e1hrade.<\/p>\n<p>V\u00fdber materi\u00e1lu je ve\u013emi d\u00f4le\u017eit\u00fd, ke\u010f chce\u0161 vytvori\u0165 svoj vysn\u00edvan\u00fd vonkaj\u0161\u00ed k\u00fatik. Hlin\u00edk p\u00f4sob\u00ed moderne, \u013eahko sa udr\u017eiava a vydr\u017e\u00ed dlho pekn\u00fd. Naopak, c\u00e9der vnesie dom\u00e1cku atmosf\u00e9ru a je prirodzene odoln\u00fd vo\u010di hnilobe. Ak chce\u0161 flexibilitu, textiln\u00e9 mark\u00edzy alebo tieniace plachty pon\u00fakaj\u00fa prisp\u00f4sobite\u013en\u00e9 rie\u0161enia a mno\u017estvo vzh\u013eadov\u00fdch mo\u017enost\u00ed.<\/p>\n<p>Nad z\u00e1kladnou kon\u0161trukciou m\u00f4\u017ee\u0161 prem\u00fd\u0161\u013ea\u0165 aj o doplnkoch, ktor\u00e9 terasu e\u0161te viac spr\u00edjemnia. Ohnisko vytvor\u00ed \u00fatuln\u00e9 centrum pre chladnej\u0161ie ve\u010dery. Stropn\u00e9 ventil\u00e1tory zase spr\u00edjemnia sedenie v hor\u00facich d\u0148och. Dekorat\u00edvne prvky, ako vzory alebo zauj\u00edmav\u00e9 tvary, vie\u0161 pou\u017ei\u0165 na zd\u00f4raznenie svojho \u0161t\u00fdlu a o\u017eivenie celkov\u00e9ho dizajnu terasy.<\/p>\n<p>\u010ci u\u017e \u0165a l\u00e1ka jednoduch\u00fd dizajn modernej hlin\u00edkovej pergoly, alebo nad\u010dasov\u00e9 k\u00fazlo drevenej kon\u0161trukcie so st\u013apmi z kame\u0148a, spr\u00e1vne prekrytie terasy vie z ka\u017edej z\u00e1hrady spravi\u0165 \u00fatuln\u00fd \u00fakryt. Mo\u017enosti siahaj\u00fa od cenovo dostupn\u00fdch DIY projektov a\u017e po trval\u00e9 rie\u0161enia na mieru, tak\u017ee si dok\u00e1\u017ee\u0161 vytvori\u0165 dokonal\u00fa vonkaj\u0161iu o\u00e1zu pod\u013ea svojho rozpo\u010dtu a predst\u00e1v.<\/p>\n<div class=\"kt_block\" id=\"kt_id\">\n<span class=\"kt_headline\">Hlavn\u00e9 my\u0161lienky<\/span><\/p>\n<ul class=\"kt_post_list\">\n<li><strong>\ud83c\udfe1 R\u00f4zne druhy prekryt\u00ed terasy:<\/strong> Prekrytia ter\u00e1s existuj\u00fa vo viacer\u00fdch \u0161t\u00fdloch, ako s\u00fa pevn\u00e9 kon\u0161trukcie, sedlov\u00e9 strechy, hlin\u00edkov\u00e9 \u010di dreven\u00e9 kryty. Ka\u017ed\u00fd typ ti prinesie in\u00e9 v\u00fdhody ako tie\u0148, vetranie alebo zatrakt\u00edvnenie okolit\u00e9ho prostredia.<\/li>\n<li><strong>\ud83d\udee0\ufe0f V\u00fdznam vo\u013eby materi\u00e1lu:<\/strong> Spr\u00e1vne vybran\u00e9 materi\u00e1ly, napr\u00edklad hlin\u00edk pre jednoduch\u00fa \u00fadr\u017ebu alebo c\u00e9der pre rustik\u00e1lny vzh\u013ead, s\u00fa z\u00e1kladom odoln\u00e9ho a oku lahodiaceho vonkaj\u0161ieho priestoru.<\/li>\n<li><strong>\ud83d\udd25 Praktick\u00e9 vylep\u0161enia:<\/strong> Pridanie ohniska, stropn\u00e9ho ventil\u00e1tora alebo dekor\u00e1ci\u00ed vie cel\u00fa terasu pozdvihn\u00fa\u0165 na miesto, kde sa bude\u0161 c\u00edti\u0165 pohodlne po cel\u00fd rok.<\/li>\n<li><strong>\ud83d\udca1 Dizajn na mieru:<\/strong> Prekrytia ter\u00e1s sa daj\u00fa prisp\u00f4sobi\u0165 \u2013 m\u00f4\u017ee\u0161 si ich postavi\u0165 svojpomocne s mal\u00fdm rozpo\u010dtom alebo si da\u0165 navrhn\u00fa\u0165 origin\u00e1lnu kon\u0161trukciu, ktor\u00e1 bude vystihova\u0165 tvoj \u0161t\u00fdl i potreby z\u00e1hrady.<\/li>\n<\/ul>\n<\/div>\n<h2>Pavil\u00f3n s jed\u00e1lensk\u00fdm stolom a slamenou strechou<\/h2>\n<p><img loading=\"lazy\" decoding=\"async\" width=\"700\" height=\"1049\" alt=\"\u0160t\u00fdlov\u00fd jed\u00e1lensk\u00fd k\u00fatik s pr\u00edrodnou slamenou strechou, dreven\u00fdm stolom a elegantn\u00fdmi bielymi z\u00e1vesmi, ktor\u00e9 vytv\u00e1raj\u00fa pokojn\u00fa atmosf\u00e9ru na ve\u010dierky vonku.\" class=\"aligncenter size-full wp-image-5243\" src=\"https:\/\/doubletakedecor.com\/uploads\/2025\/08\/patio-cover-ideas-dtd-01.jpg\" srcset=\"https:\/\/doubletakedecor.com\/uploads\/2025\/08\/patio-cover-ideas-dtd-01.jpg 700w, https:\/\/doubletakedecor.com\/uploads\/2025\/08\/patio-cover-ideas-dtd-01-200x300.jpg 200w, https:\/\/doubletakedecor.com\/uploads\/2025\/08\/patio-cover-ideas-dtd-01-683x1024.jpg 683w, https:\/\/doubletakedecor.com\/uploads\/2025\/08\/patio-cover-ideas-dtd-01-96x144.jpg 96w, https:\/\/doubletakedecor.com\/uploads\/2025\/08\/patio-cover-ideas-dtd-01-280x420.jpg 280w, https:\/\/doubletakedecor.com\/uploads\/2025\/08\/patio-cover-ideas-dtd-01-320x480.jpg 320w, https:\/\/doubletakedecor.com\/uploads\/2025\/08\/patio-cover-ideas-dtd-01-360x539.jpg 360w, https:\/\/doubletakedecor.com\/uploads\/2025\/08\/patio-cover-ideas-dtd-01-363x544.jpg 363w, https:\/\/doubletakedecor.com\/uploads\/2025\/08\/patio-cover-ideas-dtd-01-370x554.jpg 370w, https:\/\/doubletakedecor.com\/uploads\/2025\/08\/patio-cover-ideas-dtd-01-400x599.jpg 400w, https:\/\/doubletakedecor.com\/uploads\/2025\/08\/patio-cover-ideas-dtd-01-560x839.jpg 560w, https:\/\/doubletakedecor.com\/uploads\/2025\/08\/patio-cover-ideas-dtd-01-480x719.jpg 480w\" sizes=\"auto, (max-width: 700px) 100vw, 700px\" \/><\/p>\n<p>Vytvor elegantn\u00e9 miesto na vonkaj\u0161ie stolovanie v\u010faka pr\u00edrodnej slamennej streche, ktor\u00e1 prep\u00fa\u0161\u0165a jemn\u00e9 svetlo, no z\u00e1rove\u0148 p\u00f4sob\u00ed \u013eahko a vzdu\u0161ne. Pridaj kamenn\u00fa dla\u017ebu, ktor\u00e1 je trv\u00e1cna, a biele z\u00e1vesy pre v\u00e4\u010d\u0161ie s\u00fakromie. Priestor si m\u00f4\u017ee\u0161 z\u00fatulni\u0165 kobercom s text\u00farou a kombinova\u0165 dreven\u00fd n\u00e1bytok s m\u00e4kk\u00fdmi podsed\u00e1kmi pre pohodlie.<\/p>\n<h2>Botanick\u00fd pergolov\u00fd lounge k\u00fatik<\/h2>\n<p><img loading=\"lazy\" decoding=\"async\" width=\"700\" height=\"1049\" alt=\"Pohodln\u00e9 vonkaj\u0161ie sedenie so sivou pohovkou, ratanov\u00fdmi kreslami a kvetinov\u00fdmi vank\u00fa\u0161mi pod pergolou obklopenou zele\u0148ou\" class=\"aligncenter size-full wp-image-5249\" src=\"https:\/\/doubletakedecor.com\/uploads\/2025\/08\/patio-cover-ideas-dtd-02.jpg\" srcset=\"https:\/\/doubletakedecor.com\/uploads\/2025\/08\/patio-cover-ideas-dtd-02.jpg 700w, https:\/\/doubletakedecor.com\/uploads\/2025\/08\/patio-cover-ideas-dtd-02-200x300.jpg 200w, https:\/\/doubletakedecor.com\/uploads\/2025\/08\/patio-cover-ideas-dtd-02-683x1024.jpg 683w, https:\/\/doubletakedecor.com\/uploads\/2025\/08\/patio-cover-ideas-dtd-02-96x144.jpg 96w, https:\/\/doubletakedecor.com\/uploads\/2025\/08\/patio-cover-ideas-dtd-02-280x420.jpg 280w, https:\/\/doubletakedecor.com\/uploads\/2025\/08\/patio-cover-ideas-dtd-02-320x480.jpg 320w, https:\/\/doubletakedecor.com\/uploads\/2025\/08\/patio-cover-ideas-dtd-02-360x539.jpg 360w, https:\/\/doubletakedecor.com\/uploads\/2025\/08\/patio-cover-ideas-dtd-02-363x544.jpg 363w, https:\/\/doubletakedecor.com\/uploads\/2025\/08\/patio-cover-ideas-dtd-02-370x554.jpg 370w, https:\/\/doubletakedecor.com\/uploads\/2025\/08\/patio-cover-ideas-dtd-02-400x599.jpg 400w, https:\/\/doubletakedecor.com\/uploads\/2025\/08\/patio-cover-ideas-dtd-02-560x839.jpg 560w, https:\/\/doubletakedecor.com\/uploads\/2025\/08\/patio-cover-ideas-dtd-02-480x719.jpg 480w\" sizes=\"auto, (max-width: 700px) 100vw, 700px\" \/><\/p>\n<p>Vytvor tropick\u00fa o\u00e1zu spojen\u00edm ratanov\u00e9ho n\u00e1bytku a farebn\u00fdch kvetinov\u00fdch vank\u00fa\u0161ov. Pohodln\u00fa pohovku zora\u010f s kreslami okolo centr\u00e1lneho stol\u00edka, aby sa dobre rozpr\u00e1valo. Nad hlavou postav pergolu na vytvorenie tie\u0148a a podlahu pokry dla\u017ebou s kame\u0148ov\u00fdm vzorom pre v\u00e4\u010d\u0161iu odolnos\u0165. Pridaj mno\u017estvo kvetin\u00e1\u010dov, aby cel\u00fd priestor p\u00f4sobil prirodzene a svie\u017eo.<\/p>\n<h2>Modern\u00e1 kovov\u00e1 pergola s priesvitnou strechou<\/h2>\n<p><img loading=\"lazy\" decoding=\"async\" width=\"700\" height=\"1049\" alt=\"Elegantn\u00e1 kovov\u00e1 pergola s priesvitnou strechou tieniaca dreven\u00fd jed\u00e1lensk\u00fd st\u00f4l na vydl\u00e1\u017edenej terase pri tmavej tehlovej stavbe s posuvn\u00fdmi dverami.\" class=\"aligncenter size-full wp-image-5255\" src=\"https:\/\/doubletakedecor.com\/uploads\/2025\/08\/patio-cover-ideas-dtd-03.jpg\" srcset=\"https:\/\/doubletakedecor.com\/uploads\/2025\/08\/patio-cover-ideas-dtd-03.jpg 700w, https:\/\/doubletakedecor.com\/uploads\/2025\/08\/patio-cover-ideas-dtd-03-200x300.jpg 200w, https:\/\/doubletakedecor.com\/uploads\/2025\/08\/patio-cover-ideas-dtd-03-683x1024.jpg 683w, https:\/\/doubletakedecor.com\/uploads\/2025\/08\/patio-cover-ideas-dtd-03-96x144.jpg 96w, https:\/\/doubletakedecor.com\/uploads\/2025\/08\/patio-cover-ideas-dtd-03-280x420.jpg 280w, https:\/\/doubletakedecor.com\/uploads\/2025\/08\/patio-cover-ideas-dtd-03-320x480.jpg 320w, https:\/\/doubletakedecor.com\/uploads\/2025\/08\/patio-cover-ideas-dtd-03-360x539.jpg 360w, https:\/\/doubletakedecor.com\/uploads\/2025\/08\/patio-cover-ideas-dtd-03-363x544.jpg 363w, https:\/\/doubletakedecor.com\/uploads\/2025\/08\/patio-cover-ideas-dtd-03-370x554.jpg 370w, https:\/\/doubletakedecor.com\/uploads\/2025\/08\/patio-cover-ideas-dtd-03-400x599.jpg 400w, https:\/\/doubletakedecor.com\/uploads\/2025\/08\/patio-cover-ideas-dtd-03-560x839.jpg 560w, https:\/\/doubletakedecor.com\/uploads\/2025\/08\/patio-cover-ideas-dtd-03-480x719.jpg 480w\" sizes=\"auto, (max-width: 700px) 100vw, 700px\" \/><\/p>\n<p>Postav modern\u00fa kovov\u00fa pergolu s prieh\u013eadnou strechou, aby si mohla stolova\u0165 vonku za ka\u017ed\u00e9ho po\u010dasia, no nestratil\/a si denn\u00e9 svetlo. Podlahu vytvor z ve\u013ek\u00fdch \u0161tvorcov\u00fdch dla\u017ed\u00edc pre \u010dist\u00fd vzh\u013ead a pridaj dreven\u00fd n\u00e1bytok, ktor\u00fd z\u00fatuln\u00ed ka\u017ed\u00fd priestor. Zvo\u013e si terasu v bl\u00edzkosti posuvn\u00fdch dver\u00ed, aby si \u013eahko prech\u00e1dzal\/a medzi interi\u00e9rom a exteri\u00e9rom, \u010do je skvel\u00e9 pre n\u00e1v\u0161tevy i rodinn\u00e9 posedenia.<\/p>\n<h2>Modern\u00e1 pergola s jed\u00e1lensk\u00fdm k\u00fatikom<\/h2>\n<p><img loading=\"lazy\" decoding=\"async\" width=\"700\" height=\"1049\" alt=\"S\u00fa\u010dasn\u00e1 terasa s dreven\u00fdm jed\u00e1lensk\u00fdm seden\u00edm pod zatienenou pergolou, obklopen\u00e1 modernou architekt\u00farou a vysok\u00fdmi okrasn\u00fdmi tr\u00e1vami.\" class=\"aligncenter size-full wp-image-5261\" src=\"https:\/\/doubletakedecor.com\/uploads\/2025\/08\/patio-cover-ideas-dtd-04.jpg\" srcset=\"https:\/\/doubletakedecor.com\/uploads\/2025\/08\/patio-cover-ideas-dtd-04.jpg 700w, https:\/\/doubletakedecor.com\/uploads\/2025\/08\/patio-cover-ideas-dtd-04-200x300.jpg 200w, https:\/\/doubletakedecor.com\/uploads\/2025\/08\/patio-cover-ideas-dtd-04-683x1024.jpg 683w, https:\/\/doubletakedecor.com\/uploads\/2025\/08\/patio-cover-ideas-dtd-04-96x144.jpg 96w, https:\/\/doubletakedecor.com\/uploads\/2025\/08\/patio-cover-ideas-dtd-04-280x420.jpg 280w, https:\/\/doubletakedecor.com\/uploads\/2025\/08\/patio-cover-ideas-dtd-04-320x480.jpg 320w, https:\/\/doubletakedecor.com\/uploads\/2025\/08\/patio-cover-ideas-dtd-04-360x539.jpg 360w, https:\/\/doubletakedecor.com\/uploads\/2025\/08\/patio-cover-ideas-dtd-04-363x544.jpg 363w, https:\/\/doubletakedecor.com\/uploads\/2025\/08\/patio-cover-ideas-dtd-04-370x554.jpg 370w, https:\/\/doubletakedecor.com\/uploads\/2025\/08\/patio-cover-ideas-dtd-04-400x599.jpg 400w, https:\/\/doubletakedecor.com\/uploads\/2025\/08\/patio-cover-ideas-dtd-04-560x839.jpg 560w, https:\/\/doubletakedecor.com\/uploads\/2025\/08\/patio-cover-ideas-dtd-04-480x719.jpg 480w\" sizes=\"auto, (max-width: 700px) 100vw, 700px\" \/><\/p>\n<p>Vytvor si modern\u00fd vonkaj\u0161\u00ed priestor s jednoduchou pergolou nad terasou. Pod \u0148u umiestni dreven\u00fd jed\u00e1lensk\u00fd set, ktor\u00fd vyu\u017ei\u0165 na v\u0161estrann\u00e9 posedenia. Okolie vysa\u010f nen\u00e1ro\u010dn\u00fdmi okrasn\u00fdmi tr\u00e1vami, ktor\u00e9 nevy\u017eaduj\u00fa ve\u013ea starostlivosti. T\u00e1to kombin\u00e1cia ti zabezpe\u010d\u00ed tie\u0148, ochranu a elegantn\u00fd vzh\u013ead po\u010das ka\u017ed\u00e9ho ro\u010dn\u00e9ho obdobia.<\/p>\n<h2>Latkov\u00e1 dreven\u00e1 pergola nad jed\u00e1lenskou terasou<\/h2>\n<p><img loading=\"lazy\" decoding=\"async\" width=\"700\" height=\"1049\" alt=\"Priestrann\u00e1 dreven\u00e1 terasa s modernou latkovou strechou nad jed\u00e1lensk\u00fdm seden\u00edm, obklopen\u00e1 pr\u00edrodn\u00fdm prostred\u00edm\" class=\"aligncenter size-full wp-image-5267\" src=\"https:\/\/doubletakedecor.com\/uploads\/2025\/08\/patio-cover-ideas-dtd-05.jpg\" srcset=\"https:\/\/doubletakedecor.com\/uploads\/2025\/08\/patio-cover-ideas-dtd-05.jpg 700w, https:\/\/doubletakedecor.com\/uploads\/2025\/08\/patio-cover-ideas-dtd-05-200x300.jpg 200w, https:\/\/doubletakedecor.com\/uploads\/2025\/08\/patio-cover-ideas-dtd-05-683x1024.jpg 683w, https:\/\/doubletakedecor.com\/uploads\/2025\/08\/patio-cover-ideas-dtd-05-96x144.jpg 96w, https:\/\/doubletakedecor.com\/uploads\/2025\/08\/patio-cover-ideas-dtd-05-280x420.jpg 280w, https:\/\/doubletakedecor.com\/uploads\/2025\/08\/patio-cover-ideas-dtd-05-320x480.jpg 320w, https:\/\/doubletakedecor.com\/uploads\/2025\/08\/patio-cover-ideas-dtd-05-360x539.jpg 360w, https:\/\/doubletakedecor.com\/uploads\/2025\/08\/patio-cover-ideas-dtd-05-363x544.jpg 363w, https:\/\/doubletakedecor.com\/uploads\/2025\/08\/patio-cover-ideas-dtd-05-370x554.jpg 370w, https:\/\/doubletakedecor.com\/uploads\/2025\/08\/patio-cover-ideas-dtd-05-400x599.jpg 400w, https:\/\/doubletakedecor.com\/uploads\/2025\/08\/patio-cover-ideas-dtd-05-560x839.jpg 560w, https:\/\/doubletakedecor.com\/uploads\/2025\/08\/patio-cover-ideas-dtd-05-480x719.jpg 480w\" sizes=\"auto, (max-width: 700px) 100vw, 700px\" \/><\/p>\n<p>Vyu\u017ei latkov\u00fa dreven\u00fa pergolu, ktor\u00e1 vytv\u00e1ra hru svetla a tie\u0148a, no st\u00e1le \u0165a chr\u00e1ni pred slnkom. Jed\u00e1lensk\u00fd priestor umiestni priamo pod pergolu, aby si ju \u010do najlep\u0161ie vyu\u017eil\/a. Tepl\u00fd odtie\u0148 dreva kr\u00e1sne lad\u00ed s pr\u00edrodou a pom\u00e1ha vytv\u00e1ra\u0165 plynul\u00fd prechod medzi domom a z\u00e1hradou. Ide\u00e1lne najm\u00e4 pre v\u00e4\u010d\u0161ie a otvorenej\u0161ie terasy.<\/p>\n<h2>Biela pergola s pohodln\u00fdm seden\u00edm<\/h2>\n<p><img loading=\"lazy\" decoding=\"async\" width=\"700\" height=\"1049\" alt=\"Pohodln\u00e1 vonkaj\u0161ia terasa s bielou pergolou, dreven\u00fdm konferen\u010dn\u00fdm stol\u00edkom a \u010dal\u00fanen\u00fdm n\u00e1bytkom obklopen\u00e1 zele\u0148ou.\" class=\"aligncenter size-full wp-image-5273\" src=\"https:\/\/doubletakedecor.com\/uploads\/2025\/08\/patio-cover-ideas-dtd-06.jpg\" srcset=\"https:\/\/doubletakedecor.com\/uploads\/2025\/08\/patio-cover-ideas-dtd-06.jpg 700w, https:\/\/doubletakedecor.com\/uploads\/2025\/08\/patio-cover-ideas-dtd-06-200x300.jpg 200w, https:\/\/doubletakedecor.com\/uploads\/2025\/08\/patio-cover-ideas-dtd-06-683x1024.jpg 683w, https:\/\/doubletakedecor.com\/uploads\/2025\/08\/patio-cover-ideas-dtd-06-96x144.jpg 96w, https:\/\/doubletakedecor.com\/uploads\/2025\/08\/patio-cover-ideas-dtd-06-280x420.jpg 280w, https:\/\/doubletakedecor.com\/uploads\/2025\/08\/patio-cover-ideas-dtd-06-320x480.jpg 320w, https:\/\/doubletakedecor.com\/uploads\/2025\/08\/patio-cover-ideas-dtd-06-360x539.jpg 360w, https:\/\/doubletakedecor.com\/uploads\/2025\/08\/patio-cover-ideas-dtd-06-363x544.jpg 363w, https:\/\/doubletakedecor.com\/uploads\/2025\/08\/patio-cover-ideas-dtd-06-370x554.jpg 370w, https:\/\/doubletakedecor.com\/uploads\/2025\/08\/patio-cover-ideas-dtd-06-400x599.jpg 400w, https:\/\/doubletakedecor.com\/uploads\/2025\/08\/patio-cover-ideas-dtd-06-560x839.jpg 560w, https:\/\/doubletakedecor.com\/uploads\/2025\/08\/patio-cover-ideas-dtd-06-480x719.jpg 480w\" sizes=\"auto, (max-width: 700px) 100vw, 700px\" \/><\/p>\n<p>O\u017eiv svoju terasu v\u00fdraznou bielou pergolou, ktor\u00e1 pekne vyv\u00e1\u017ei tienist\u00e9 aj slne\u010dn\u00e9 miesta. K nej si zorad pohodln\u00e9 sedenie, ozdob ho vank\u00fa\u0161mi s r\u00f4znymi text\u00farami a vy\u0161perkuj mas\u00edvnym dreven\u00fdm stol\u00edkom. Rozmiestni n\u00e1bytok tak, aby podporoval rozhovory a mal\/a plynul\u00fd prechod medzi ob\u00fdva\u010dkou a z\u00e1hradou cez sklenen\u00e9 dvere.<\/p>\n<h2>Rustik\u00e1lna terasa s terakotovou dla\u017ebou a krytou verandou<\/h2>\n<p><img loading=\"lazy\" decoding=\"async\" width=\"700\" height=\"1049\" alt=\"P\u00f4vabn\u00e1 vonkaj\u0161ia terasa s terakotov\u00fdmi dla\u017edicami, dreven\u00fdm stolom, kovov\u00fdmi stoli\u010dkami pod bielym tr\u00e1mov\u00fdm stropom a obklopen\u00e1 zele\u0148ou.\" class=\"aligncenter size-full wp-image-5279\" src=\"https:\/\/doubletakedecor.com\/uploads\/2025\/08\/patio-cover-ideas-dtd-07.jpg\" srcset=\"https:\/\/doubletakedecor.com\/uploads\/2025\/08\/patio-cover-ideas-dtd-07.jpg 700w, https:\/\/doubletakedecor.com\/uploads\/2025\/08\/patio-cover-ideas-dtd-07-200x300.jpg 200w, https:\/\/doubletakedecor.com\/uploads\/2025\/08\/patio-cover-ideas-dtd-07-683x1024.jpg 683w, https:\/\/doubletakedecor.com\/uploads\/2025\/08\/patio-cover-ideas-dtd-07-96x144.jpg 96w, https:\/\/doubletakedecor.com\/uploads\/2025\/08\/patio-cover-ideas-dtd-07-280x420.jpg 280w, https:\/\/doubletakedecor.com\/uploads\/2025\/08\/patio-cover-ideas-dtd-07-320x480.jpg 320w, https:\/\/doubletakedecor.com\/uploads\/2025\/08\/patio-cover-ideas-dtd-07-360x539.jpg 360w, https:\/\/doubletakedecor.com\/uploads\/2025\/08\/patio-cover-ideas-dtd-07-363x544.jpg 363w, https:\/\/doubletakedecor.com\/uploads\/2025\/08\/patio-cover-ideas-dtd-07-370x554.jpg 370w, https:\/\/doubletakedecor.com\/uploads\/2025\/08\/patio-cover-ideas-dtd-07-400x599.jpg 400w, https:\/\/doubletakedecor.com\/uploads\/2025\/08\/patio-cover-ideas-dtd-07-560x839.jpg 560w, https:\/\/doubletakedecor.com\/uploads\/2025\/08\/patio-cover-ideas-dtd-07-480x719.jpg 480w\" sizes=\"auto, (max-width: 700px) 100vw, 700px\" \/><\/p>\n<p>Spojenie terakotovej dla\u017eby s bielymi tr\u00e1mami navod\u00ed pocit \u00fatuln\u00e9ho prechodu medzi domom a z\u00e1hradou. Pod krytou \u010das\u0165ou m\u00f4\u017ee\u0161 umiestni\u0165 kovov\u00fd n\u00e1bytok s pohodln\u00fdmi vank\u00fa\u0161mi. Pridaj pestrofarebn\u00e9 kvetin\u00e1\u010de na okraje terasy, ktor\u00e9 priestor zjemnia a ur\u010dia jeho hranice. Tak\u00e1to terasa je vhodn\u00e1 na stretnutia po\u010das cel\u00e9ho roka, nech je po\u010dasie ak\u00e9ko\u013evek.<\/p>\n<h2>Elegantn\u00fd vonkaj\u0161\u00ed lounge so z\u00e1vesmi<\/h2>\n<p><img loading=\"lazy\" decoding=\"async\" width=\"700\" height=\"1049\" alt=\"Kryt\u00e1 terasa s \u010derven\u00fdm \u010dal\u00fanen\u00fdm seden\u00edm, bielymi z\u00e1vesmi, obklopen\u00e1 bohatou zele\u0148ou a kamenn\u00fdmi chodn\u00edkmi v z\u00e1hrade.\" class=\"aligncenter size-full wp-image-5285\" src=\"https:\/\/doubletakedecor.com\/uploads\/2025\/08\/patio-cover-ideas-dtd-08.jpg\" srcset=\"https:\/\/doubletakedecor.com\/uploads\/2025\/08\/patio-cover-ideas-dtd-08.jpg 700w, https:\/\/doubletakedecor.com\/uploads\/2025\/08\/patio-cover-ideas-dtd-08-200x300.jpg 200w, https:\/\/doubletakedecor.com\/uploads\/2025\/08\/patio-cover-ideas-dtd-08-683x1024.jpg 683w, https:\/\/doubletakedecor.com\/uploads\/2025\/08\/patio-cover-ideas-dtd-08-96x144.jpg 96w, https:\/\/doubletakedecor.com\/uploads\/2025\/08\/patio-cover-ideas-dtd-08-280x420.jpg 280w, https:\/\/doubletakedecor.com\/uploads\/2025\/08\/patio-cover-ideas-dtd-08-320x480.jpg 320w, https:\/\/doubletakedecor.com\/uploads\/2025\/08\/patio-cover-ideas-dtd-08-360x539.jpg 360w, https:\/\/doubletakedecor.com\/uploads\/2025\/08\/patio-cover-ideas-dtd-08-363x544.jpg 363w, https:\/\/doubletakedecor.com\/uploads\/2025\/08\/patio-cover-ideas-dtd-08-370x554.jpg 370w, https:\/\/doubletakedecor.com\/uploads\/2025\/08\/patio-cover-ideas-dtd-08-400x599.jpg 400w, https:\/\/doubletakedecor.com\/uploads\/2025\/08\/patio-cover-ideas-dtd-08-560x839.jpg 560w, https:\/\/doubletakedecor.com\/uploads\/2025\/08\/patio-cover-ideas-dtd-08-480x719.jpg 480w\" sizes=\"auto, (max-width: 700px) 100vw, 700px\" \/><\/p>\n<p>Zabezpe\u010d s\u00fakromie a ochranu pred slnkom nain\u0161talovan\u00edm bielych z\u00e1vesov na tvoju kryt\u00fa terasu. Skombinuj to s pohodln\u00fdm seden\u00edm a strategicky rozmiestnen\u00fdmi kvetin\u00e1\u010dmi, aby si vytvoril\/a atmosf\u00e9ru dovolenkov\u00e9ho rezortu. Medzi r\u00f4znymi \u010das\u0165ami terasy polo\u017e kamenn\u00e9 chodn\u00edky a vysa\u010f suchuodoln\u00e9 rastliny, ktor\u00e9 sa hodia na slne\u010dn\u00e9 miesta a nevy\u017eaduj\u00fa ve\u013ek\u00fa starostlivos\u0165.<\/p>\n<h2>Obl\u00fakov\u00e1 pergola s polopriesvitnou strechou<\/h2>\n<p><img loading=\"lazy\" decoding=\"async\" width=\"700\" height=\"1050\" alt=\"\u0160t\u00fdlov\u00e1 obl\u00fakov\u00e1 pergola s polopriesvitn\u00fdm prekryt\u00edm, okr\u00fahly jed\u00e1lensk\u00fd st\u00f4l a \u0161tyri kovov\u00e9 stoli\u010dky na kamennej dla\u017ebe obklopenej bujnou z\u00e1hradou.\" class=\"aligncenter size-full wp-image-5291\" src=\"https:\/\/doubletakedecor.com\/uploads\/2025\/08\/patio-cover-ideas-dtd-09.jpg\" srcset=\"https:\/\/doubletakedecor.com\/uploads\/2025\/08\/patio-cover-ideas-dtd-09.jpg 700w, https:\/\/doubletakedecor.com\/uploads\/2025\/08\/patio-cover-ideas-dtd-09-200x300.jpg 200w, https:\/\/doubletakedecor.com\/uploads\/2025\/08\/patio-cover-ideas-dtd-09-683x1024.jpg 683w, https:\/\/doubletakedecor.com\/uploads\/2025\/08\/patio-cover-ideas-dtd-09-96x144.jpg 96w, https:\/\/doubletakedecor.com\/uploads\/2025\/08\/patio-cover-ideas-dtd-09-280x420.jpg 280w, https:\/\/doubletakedecor.com\/uploads\/2025\/08\/patio-cover-ideas-dtd-09-320x480.jpg 320w, https:\/\/doubletakedecor.com\/uploads\/2025\/08\/patio-cover-ideas-dtd-09-360x540.jpg 360w, https:\/\/doubletakedecor.com\/uploads\/2025\/08\/patio-cover-ideas-dtd-09-363x545.jpg 363w, https:\/\/doubletakedecor.com\/uploads\/2025\/08\/patio-cover-ideas-dtd-09-370x555.jpg 370w, https:\/\/doubletakedecor.com\/uploads\/2025\/08\/patio-cover-ideas-dtd-09-400x600.jpg 400w, https:\/\/doubletakedecor.com\/uploads\/2025\/08\/patio-cover-ideas-dtd-09-560x840.jpg 560w, https:\/\/doubletakedecor.com\/uploads\/2025\/08\/patio-cover-ideas-dtd-09-480x720.jpg 480w\" sizes=\"auto, (max-width: 700px) 100vw, 700px\" \/><\/p>\n<p>Vytvor \u0161t\u00fdlov\u00fd jed\u00e1lensk\u00fd k\u00fatik vonku pomocou obl\u00fakovej pergoly s polopriesvitnou strechou, ktor\u00e1 \u0165a ochr\u00e1ni pred da\u017e\u010fom, ale e\u0161te pust\u00ed aj denn\u00e9 svetlo. K nej sa hod\u00ed okr\u00fahly jed\u00e1lensk\u00fd set a cel\u00fd priestor m\u00f4\u017ee\u0161 umiestni\u0165 bl\u00edzko grilu, aby si mal\/a varenie vonku v\u017edy poruke. Svetl\u00e1 kamenn\u00e1 dla\u017eba navy\u0161e presvetl\u00ed priestor a \u013eahko sa udr\u017eiava.<\/p>\n<h2>Modern\u00fd sklenen\u00fd z\u00e1hradn\u00fd pavil\u00f3n<\/h2>\n<p><img loading=\"lazy\" decoding=\"async\" width=\"700\" height=\"1050\" alt=\"Elegantn\u00fd pavil\u00f3n so sklenen\u00fdmi stenami a \u010diernym r\u00e1mom, vybaven\u00fd minimalistick\u00fdm bielym n\u00e1bytkom uprostred zelenej z\u00e1hrady, ku ktor\u00e9mu ved\u00fa kamenn\u00e9 chodn\u00edky.\" class=\"aligncenter size-full wp-image-5297\" src=\"https:\/\/doubletakedecor.com\/uploads\/2025\/08\/patio-cover-ideas-dtd-10.jpg\" srcset=\"https:\/\/doubletakedecor.com\/uploads\/2025\/08\/patio-cover-ideas-dtd-10.jpg 700w, https:\/\/doubletakedecor.com\/uploads\/2025\/08\/patio-cover-ideas-dtd-10-200x300.jpg 200w, https:\/\/doubletakedecor.com\/uploads\/2025\/08\/patio-cover-ideas-dtd-10-683x1024.jpg 683w, https:\/\/doubletakedecor.com\/uploads\/2025\/08\/patio-cover-ideas-dtd-10-96x144.jpg 96w, https:\/\/doubletakedecor.com\/uploads\/2025\/08\/patio-cover-ideas-dtd-10-280x420.jpg 280w, https:\/\/doubletakedecor.com\/uploads\/2025\/08\/patio-cover-ideas-dtd-10-320x480.jpg 320w, https:\/\/doubletakedecor.com\/uploads\/2025\/08\/patio-cover-ideas-dtd-10-360x540.jpg 360w, https:\/\/doubletakedecor.com\/uploads\/2025\/08\/patio-cover-ideas-dtd-10-363x545.jpg 363w, https:\/\/doubletakedecor.com\/uploads\/2025\/08\/patio-cover-ideas-dtd-10-370x555.jpg 370w, https:\/\/doubletakedecor.com\/uploads\/2025\/08\/patio-cover-ideas-dtd-10-400x600.jpg 400w, https:\/\/doubletakedecor.com\/uploads\/2025\/08\/patio-cover-ideas-dtd-10-560x840.jpg 560w, https:\/\/doubletakedecor.com\/uploads\/2025\/08\/patio-cover-ideas-dtd-10-480x720.jpg 480w\" sizes=\"auto, (max-width: 700px) 100vw, 700px\" \/><\/p>\n<p>Vytvor luxusn\u00fd vonkaj\u0161\u00ed priestor s pavil\u00f3nom zo skla s decentn\u00fdm \u010diernym r\u00e1mom. Ak ho umiestni\u0161 do z\u00e1hrady ako hlavn\u00fd prvok, sta\u010d\u00ed prida\u0165 pohodln\u00fd n\u00e1bytok a bude\u0161 si ho u\u017e\u00edva\u0165 po\u010das cel\u00e9ho roka. Kamenn\u00e9 chodn\u00edky ti umo\u017enia pohodlne chodi\u0165 a v\u00fdsadba okolo pavil\u00f3nu poskytne s\u00fakromie.<\/p>\n<h2>Pergolov\u00fd oddych pri jazere<\/h2>\n<p><img loading=\"lazy\" decoding=\"async\" width=\"700\" height=\"1050\" alt=\"Vkusn\u00e1 kryt\u00e1 terasa s ratanov\u00fdm seden\u00edm a v\u00fdh\u013eadom na pokojn\u00fa vodn\u00fa hladinu, doplnen\u00e1 elegantn\u00fdmi st\u013apmi a zavesenou lampou.\" class=\"aligncenter size-full wp-image-5303\" src=\"https:\/\/doubletakedecor.com\/uploads\/2025\/08\/patio-cover-ideas-dtd-11.jpg\" srcset=\"https:\/\/doubletakedecor.com\/uploads\/2025\/08\/patio-cover-ideas-dtd-11.jpg 700w, https:\/\/doubletakedecor.com\/uploads\/2025\/08\/patio-cover-ideas-dtd-11-200x300.jpg 200w, https:\/\/doubletakedecor.com\/uploads\/2025\/08\/patio-cover-ideas-dtd-11-683x1024.jpg 683w, https:\/\/doubletakedecor.com\/uploads\/2025\/08\/patio-cover-ideas-dtd-11-96x144.jpg 96w, https:\/\/doubletakedecor.com\/uploads\/2025\/08\/patio-cover-ideas-dtd-11-280x420.jpg 280w, https:\/\/doubletakedecor.com\/uploads\/2025\/08\/patio-cover-ideas-dtd-11-320x480.jpg 320w, https:\/\/doubletakedecor.com\/uploads\/2025\/08\/patio-cover-ideas-dtd-11-360x540.jpg 360w, https:\/\/doubletakedecor.com\/uploads\/2025\/08\/patio-cover-ideas-dtd-11-363x545.jpg 363w, https:\/\/doubletakedecor.com\/uploads\/2025\/08\/patio-cover-ideas-dtd-11-370x555.jpg 370w, https:\/\/doubletakedecor.com\/uploads\/2025\/08\/patio-cover-ideas-dtd-11-400x600.jpg 400w, https:\/\/doubletakedecor.com\/uploads\/2025\/08\/patio-cover-ideas-dtd-11-560x840.jpg 560w, https:\/\/doubletakedecor.com\/uploads\/2025\/08\/patio-cover-ideas-dtd-11-480x720.jpg 480w\" sizes=\"auto, (max-width: 700px) 100vw, 700px\" \/><\/p>\n<p>Vytvor si pokojn\u00e9 miesto pri jazere pod pergolou s klasick\u00fdmi st\u013apmi, ktor\u00e9 r\u00e1mcuj\u00fa v\u00fdh\u013eady na vodu. Vyber si ratanov\u00fd n\u00e1bytok odoln\u00fd vo\u010di po\u010dasiu s m\u00e4kk\u00fdmi vank\u00fa\u0161mi pre pohodlie. Pr\u00edjemn\u00fa atmosf\u00e9ru navod\u00ed\u0161 zavesen\u00fdmi lamp\u00e1\u0161mi na ve\u010dern\u00e9 posedenia. N\u00e1bytok rozmiestni tak, aby si mohol\/a vychutn\u00e1va\u0165 v\u00fdh\u013eady a z\u00e1rove\u0148 pohodlne komunikova\u0165 s priate\u013emi.<\/p>\n<h2>Terasa s pergolou a pr\u00edstupom k baz\u00e9nu<\/h2>\n<p><img loading=\"lazy\" decoding=\"async\" width=\"700\" height=\"1049\" alt=\"Modern\u00fd exteri\u00e9rov\u00fd priestor s drevenou pergolou, gau\u010dom v tvare L, kamenn\u00fdm prvkom s n\u00e1ladov\u00fdm osvetlen\u00edm a v\u00fdh\u013eadom na baz\u00e9n.\" class=\"aligncenter size-full wp-image-5309\" src=\"https:\/\/doubletakedecor.com\/uploads\/2025\/08\/patio-cover-ideas-dtd-12.jpg\" srcset=\"https:\/\/doubletakedecor.com\/uploads\/2025\/08\/patio-cover-ideas-dtd-12.jpg 700w, https:\/\/doubletakedecor.com\/uploads\/2025\/08\/patio-cover-ideas-dtd-12-200x300.jpg 200w, https:\/\/doubletakedecor.com\/uploads\/2025\/08\/patio-cover-ideas-dtd-12-683x1024.jpg 683w, https:\/\/doubletakedecor.com\/uploads\/2025\/08\/patio-cover-ideas-dtd-12-96x144.jpg 96w, https:\/\/doubletakedecor.com\/uploads\/2025\/08\/patio-cover-ideas-dtd-12-280x420.jpg 280w, https:\/\/doubletakedecor.com\/uploads\/2025\/08\/patio-cover-ideas-dtd-12-320x480.jpg 320w, https:\/\/doubletakedecor.com\/uploads\/2025\/08\/patio-cover-ideas-dtd-12-360x539.jpg 360w, https:\/\/doubletakedecor.com\/uploads\/2025\/08\/patio-cover-ideas-dtd-12-363x544.jpg 363w, https:\/\/doubletakedecor.com\/uploads\/2025\/08\/patio-cover-ideas-dtd-12-370x554.jpg 370w, https:\/\/doubletakedecor.com\/uploads\/2025\/08\/patio-cover-ideas-dtd-12-400x599.jpg 400w, https:\/\/doubletakedecor.com\/uploads\/2025\/08\/patio-cover-ideas-dtd-12-560x839.jpg 560w, https:\/\/doubletakedecor.com\/uploads\/2025\/08\/patio-cover-ideas-dtd-12-480x719.jpg 480w\" sizes=\"auto, (max-width: 700px) 100vw, 700px\" \/><\/p>\n<p>Vytvor si na terase viac\u00fa\u010delov\u00e9 \u00fato\u010disko \u2013 sta\u010d\u00ed nain\u0161talova\u0165 dreven\u00fa pergolu. Po rozlo\u017een\u00ed pohodln\u00e9ho sedenia si u\u017eije\u0161 tie\u0148 aj v\u00fdh\u013ead na baz\u00e9n. Ak prid\u00e1\u0161 kamenn\u00fd ohnisko, ve\u010dery bud\u00fa \u00fatulnej\u0161ie. Okolo terasy vysa\u010f rastliny, ktor\u00e9 ti dopraj\u00fa s\u00fakromie, ale zachovaj\u00fa otvoren\u00fa atmosf\u00e9ru, ktor\u00e1 rob\u00ed tento \u0161t\u00fdl tak ob\u013e\u00faben\u00fdm.<\/p>\n<h2>Modern\u00e9 ohnisko s modr\u00fdm seden\u00edm<\/h2>\n<p><img loading=\"lazy\" decoding=\"async\" width=\"700\" height=\"1050\" alt=\"Modern\u00fd exteri\u00e9rov\u00fd priestor s modr\u00fdmi pohovkami okolo ohniska, prekryt\u00fd drevenou pergolou a s kamenn\u00fdm m\u00farom v pozad\u00ed.\" class=\"aligncenter size-full wp-image-5315\" src=\"https:\/\/doubletakedecor.com\/uploads\/2025\/08\/patio-cover-ideas-dtd-13.jpg\" srcset=\"https:\/\/doubletakedecor.com\/uploads\/2025\/08\/patio-cover-ideas-dtd-13.jpg 700w, https:\/\/doubletakedecor.com\/uploads\/2025\/08\/patio-cover-ideas-dtd-13-200x300.jpg 200w, https:\/\/doubletakedecor.com\/uploads\/2025\/08\/patio-cover-ideas-dtd-13-683x1024.jpg 683w, https:\/\/doubletakedecor.com\/uploads\/2025\/08\/patio-cover-ideas-dtd-13-96x144.jpg 96w, https:\/\/doubletakedecor.com\/uploads\/2025\/08\/patio-cover-ideas-dtd-13-280x420.jpg 280w, https:\/\/doubletakedecor.com\/uploads\/2025\/08\/patio-cover-ideas-dtd-13-320x480.jpg 320w, https:\/\/doubletakedecor.com\/uploads\/2025\/08\/patio-cover-ideas-dtd-13-360x540.jpg 360w, https:\/\/doubletakedecor.com\/uploads\/2025\/08\/patio-cover-ideas-dtd-13-363x545.jpg 363w, https:\/\/doubletakedecor.com\/uploads\/2025\/08\/patio-cover-ideas-dtd-13-370x555.jpg 370w, https:\/\/doubletakedecor.com\/uploads\/2025\/08\/patio-cover-ideas-dtd-13-400x600.jpg 400w, https:\/\/doubletakedecor.com\/uploads\/2025\/08\/patio-cover-ideas-dtd-13-560x840.jpg 560w, https:\/\/doubletakedecor.com\/uploads\/2025\/08\/patio-cover-ideas-dtd-13-480x720.jpg 480w\" sizes=\"auto, (max-width: 700px) 100vw, 700px\" \/><\/p>\n<p>Zaria\u010f si \u0161t\u00fdlov\u00fd vonkaj\u0161\u00ed k\u00fatik s obdl\u017en\u00edkov\u00fdm ohniskom uprostred. Pohodln\u00e9 modr\u00e9 pohovky s vank\u00fa\u0161mi urobia priestor \u00fatuln\u00fd aj modern\u00fd. Nad hlavou umiestni dreven\u00fa pergolu, ktor\u00e1 vytvor\u00ed pr\u00edjemn\u00e9 svetlo. Kamenn\u00e1 stena v pozad\u00ed dod\u00e1 pr\u00edrodn\u00fd vzh\u013ead a ve\u013ek\u00e9 svetl\u00e9 dla\u017edice kr\u00e1sne doplnia celkov\u00fd vzh\u013ead.<\/p>\n<h2>Kryt\u00e1 terasa s prieh\u013eadnou strechou<\/h2>\n<p><img loading=\"lazy\" decoding=\"async\" width=\"700\" height=\"1050\" alt=\"Pokojn\u00e1 dreven\u00e1 terasa s prieh\u013eadnou strechou, pohodln\u00fdm kreslom, stol\u00edkom a zelenou rastlinou pre oddych.\" class=\"aligncenter size-full wp-image-5321\" src=\"https:\/\/doubletakedecor.com\/uploads\/2025\/08\/patio-cover-ideas-dtd-14.jpg\" srcset=\"https:\/\/doubletakedecor.com\/uploads\/2025\/08\/patio-cover-ideas-dtd-14.jpg 700w, https:\/\/doubletakedecor.com\/uploads\/2025\/08\/patio-cover-ideas-dtd-14-200x300.jpg 200w, https:\/\/doubletakedecor.com\/uploads\/2025\/08\/patio-cover-ideas-dtd-14-683x1024.jpg 683w, https:\/\/doubletakedecor.com\/uploads\/2025\/08\/patio-cover-ideas-dtd-14-96x144.jpg 96w, https:\/\/doubletakedecor.com\/uploads\/2025\/08\/patio-cover-ideas-dtd-14-280x420.jpg 280w, https:\/\/doubletakedecor.com\/uploads\/2025\/08\/patio-cover-ideas-dtd-14-320x480.jpg 320w, https:\/\/doubletakedecor.com\/uploads\/2025\/08\/patio-cover-ideas-dtd-14-360x540.jpg 360w, https:\/\/doubletakedecor.com\/uploads\/2025\/08\/patio-cover-ideas-dtd-14-363x545.jpg 363w, https:\/\/doubletakedecor.com\/uploads\/2025\/08\/patio-cover-ideas-dtd-14-370x555.jpg 370w, https:\/\/doubletakedecor.com\/uploads\/2025\/08\/patio-cover-ideas-dtd-14-400x600.jpg 400w, https:\/\/doubletakedecor.com\/uploads\/2025\/08\/patio-cover-ideas-dtd-14-560x840.jpg 560w, https:\/\/doubletakedecor.com\/uploads\/2025\/08\/patio-cover-ideas-dtd-14-480x720.jpg 480w\" sizes=\"auto, (max-width: 700px) 100vw, 700px\" \/><\/p>\n<p>Vyu\u017ei maximum denn\u00e9ho svetla a z\u00e1rove\u0148 sa ochr\u00e1\u0148 pred da\u017e\u010fom \u2013 sta\u010d\u00ed si nad terasu da\u0165 prieh\u013eadn\u00fa strechu. O s\u00fakromie sa postar\u00e1 pl\u00f4tik z rovnak\u00e9ho materi\u00e1lu. Na dokreslenie pohody ti posta\u010d\u00ed pohodln\u00e9 kreslo, mal\u00fd stol\u00edk a jedna \u010di dve kvetin\u00e1\u010de so zele\u0148ou. Tak z\u00edska\u0161 pr\u00edjemn\u00fd a elegantn\u00fd oddychov\u00fd k\u00fatok na \u010derstvom vzduchu.<\/p>\n<h2>Vonkaj\u0161ia kuchy\u0148a s vysok\u00fdm stropom<\/h2>\n<p><img loading=\"lazy\" decoding=\"async\" width=\"700\" height=\"1050\" alt=\"Elegantn\u00e1 vonkaj\u0161ia kuchy\u0148a s modr\u00fdmi skrinkami, \u017eulovou pracovnou doskou a v\u00fdh\u013eadom na rieku pod bielym tr\u00e1mov\u00fdm stropom.\" class=\"aligncenter size-full wp-image-5327\" src=\"https:\/\/doubletakedecor.com\/uploads\/2025\/08\/patio-cover-ideas-dtd-15.jpg\" srcset=\"https:\/\/doubletakedecor.com\/uploads\/2025\/08\/patio-cover-ideas-dtd-15.jpg 700w, https:\/\/doubletakedecor.com\/uploads\/2025\/08\/patio-cover-ideas-dtd-15-200x300.jpg 200w, https:\/\/doubletakedecor.com\/uploads\/2025\/08\/patio-cover-ideas-dtd-15-683x1024.jpg 683w, https:\/\/doubletakedecor.com\/uploads\/2025\/08\/patio-cover-ideas-dtd-15-96x144.jpg 96w, https:\/\/doubletakedecor.com\/uploads\/2025\/08\/patio-cover-ideas-dtd-15-280x420.jpg 280w, https:\/\/doubletakedecor.com\/uploads\/2025\/08\/patio-cover-ideas-dtd-15-320x480.jpg 320w, https:\/\/doubletakedecor.com\/uploads\/2025\/08\/patio-cover-ideas-dtd-15-360x540.jpg 360w, https:\/\/doubletakedecor.com\/uploads\/2025\/08\/patio-cover-ideas-dtd-15-363x545.jpg 363w, https:\/\/doubletakedecor.com\/uploads\/2025\/08\/patio-cover-ideas-dtd-15-370x555.jpg 370w, https:\/\/doubletakedecor.com\/uploads\/2025\/08\/patio-cover-ideas-dtd-15-400x600.jpg 400w, https:\/\/doubletakedecor.com\/uploads\/2025\/08\/patio-cover-ideas-dtd-15-560x840.jpg 560w, https:\/\/doubletakedecor.com\/uploads\/2025\/08\/patio-cover-ideas-dtd-15-480x720.jpg 480w\" sizes=\"auto, (max-width: 700px) 100vw, 700px\" \/><\/p>\n<p>Dopraj si luxusn\u00e9 miesto na stretnutia s rodinou a priate\u013emi \u2013 spoj praktickos\u0165 s vkusom. Vyv\u00fd\u0161en\u00fd biely strop s tr\u00e1mami otvor\u00ed priestor a chr\u00e1ni pred po\u010das\u00edm. \u017dulov\u00e1 pracovn\u00e1 doska v kombin\u00e1cii s farebne odli\u0161n\u00fdmi skrinkami je modern\u00e1 a zauj\u00edmav\u00e1. Pridaj barov\u00e9 stoli\u010dky pre nen\u00faten\u00e9 stolovanie a p\u00e1r rastl\u00edn, ktor\u00e9 prepoja kuchy\u0148u s pr\u00edrodou okolo teba.<\/p>\n<h2>Dreven\u00e1 pergola s kovovou strechou<\/h2>\n<p><img loading=\"lazy\" decoding=\"async\" width=\"700\" height=\"1050\" alt=\"Dreven\u00e1 pergola s kovovou strechou, bielymi z\u00e1clonami a ratanov\u00fdm n\u00e1bytkom, ktor\u00fd vytv\u00e1ra pohodln\u00e9 a \u0161t\u00fdlov\u00e9 exteri\u00e9rov\u00e9 posedenie.\" class=\"aligncenter size-full wp-image-5333\" src=\"https:\/\/doubletakedecor.com\/uploads\/2025\/08\/patio-cover-ideas-dtd-16.jpg\" srcset=\"https:\/\/doubletakedecor.com\/uploads\/2025\/08\/patio-cover-ideas-dtd-16.jpg 700w, https:\/\/doubletakedecor.com\/uploads\/2025\/08\/patio-cover-ideas-dtd-16-200x300.jpg 200w, https:\/\/doubletakedecor.com\/uploads\/2025\/08\/patio-cover-ideas-dtd-16-683x1024.jpg 683w, https:\/\/doubletakedecor.com\/uploads\/2025\/08\/patio-cover-ideas-dtd-16-96x144.jpg 96w, https:\/\/doubletakedecor.com\/uploads\/2025\/08\/patio-cover-ideas-dtd-16-280x420.jpg 280w, https:\/\/doubletakedecor.com\/uploads\/2025\/08\/patio-cover-ideas-dtd-16-320x480.jpg 320w, https:\/\/doubletakedecor.com\/uploads\/2025\/08\/patio-cover-ideas-dtd-16-360x540.jpg 360w, https:\/\/doubletakedecor.com\/uploads\/2025\/08\/patio-cover-ideas-dtd-16-363x545.jpg 363w, https:\/\/doubletakedecor.com\/uploads\/2025\/08\/patio-cover-ideas-dtd-16-370x555.jpg 370w, https:\/\/doubletakedecor.com\/uploads\/2025\/08\/patio-cover-ideas-dtd-16-400x600.jpg 400w, https:\/\/doubletakedecor.com\/uploads\/2025\/08\/patio-cover-ideas-dtd-16-560x840.jpg 560w, https:\/\/doubletakedecor.com\/uploads\/2025\/08\/patio-cover-ideas-dtd-16-480x720.jpg 480w\" sizes=\"auto, (max-width: 700px) 100vw, 700px\" \/><\/p>\n<p>Spojenie \u0161t\u00fdlu a odolnosti? Vyber si pergolu s drevenou kon\u0161trukciou a kovovou strechou. Bielymi z\u00e1clonami si oddel\u00ed\u0161 priestor, no st\u00e1le tu zostane vzdu\u0161nos\u0165. Pridaj tmav\u00fd ratanov\u00fd n\u00e1bytok s m\u00e4kk\u00fdmi vank\u00fa\u0161mi na pohodln\u00e9 posedenie. Okolie m\u00f4\u017ee\u0161 rozjasni\u0165 kvitn\u00facimi rastlinami, ktor\u00e9 pozv\u00fa k relaxu aj n\u00e1v\u0161teve.<\/p>\n<h2>Pergola so z\u00e1vesmi a svetielkami<\/h2>\n<p><img loading=\"lazy\" decoding=\"async\" width=\"700\" height=\"1049\" alt=\"Dreven\u00e1 pergola s bielymi z\u00e1vesmi a svetielkami nad pohodln\u00fdm seden\u00edm na terase obklopenej zele\u0148ou.\" class=\"aligncenter size-full wp-image-5339\" src=\"https:\/\/doubletakedecor.com\/uploads\/2025\/08\/patio-cover-ideas-dtd-17.jpg\" srcset=\"https:\/\/doubletakedecor.com\/uploads\/2025\/08\/patio-cover-ideas-dtd-17.jpg 700w, https:\/\/doubletakedecor.com\/uploads\/2025\/08\/patio-cover-ideas-dtd-17-200x300.jpg 200w, https:\/\/doubletakedecor.com\/uploads\/2025\/08\/patio-cover-ideas-dtd-17-683x1024.jpg 683w, https:\/\/doubletakedecor.com\/uploads\/2025\/08\/patio-cover-ideas-dtd-17-96x144.jpg 96w, https:\/\/doubletakedecor.com\/uploads\/2025\/08\/patio-cover-ideas-dtd-17-280x420.jpg 280w, https:\/\/doubletakedecor.com\/uploads\/2025\/08\/patio-cover-ideas-dtd-17-320x480.jpg 320w, https:\/\/doubletakedecor.com\/uploads\/2025\/08\/patio-cover-ideas-dtd-17-360x539.jpg 360w, https:\/\/doubletakedecor.com\/uploads\/2025\/08\/patio-cover-ideas-dtd-17-363x544.jpg 363w, https:\/\/doubletakedecor.com\/uploads\/2025\/08\/patio-cover-ideas-dtd-17-370x554.jpg 370w, https:\/\/doubletakedecor.com\/uploads\/2025\/08\/patio-cover-ideas-dtd-17-400x599.jpg 400w, https:\/\/doubletakedecor.com\/uploads\/2025\/08\/patio-cover-ideas-dtd-17-560x839.jpg 560w, https:\/\/doubletakedecor.com\/uploads\/2025\/08\/patio-cover-ideas-dtd-17-480x719.jpg 480w\" sizes=\"auto, (max-width: 700px) 100vw, 700px\" \/><\/p>\n<p>Vytvor si \u00fatuln\u00fd k\u00fatik pod pergolou \u2013 z\u00e1vesy posl\u00fa\u017eia na par\u00e1du aj na trochu s\u00fakromia. Nad hlavou pohodovo rozves sveteln\u00e9 re\u0165aze, ve\u010der ti v\u010faka nim terasa kr\u00e1sne rozsvieti. Rozmiestni pohodln\u00e9 sedenie a pridaj p\u00e1r kvetin\u00e1\u010dov so zele\u0148ou. Pre jednotn\u00fd vzh\u013ead nech dreven\u00e1 terasa plynule nav\u00e4zuje a\u017e po tr\u00e1vnik.<\/p>\n<h2>Luxusn\u00e1 pergola s oddychov\u00fdm seden\u00edm<\/h2>\n<p><img loading=\"lazy\" decoding=\"async\" width=\"700\" height=\"1049\" alt=\"Elegantn\u00fd vonkaj\u0161\u00ed priestor s drevenou pergolou, okr\u00fahlym ohniskom a pohodln\u00fdm seden\u00edm pri modernej \u010diernej plote.\" class=\"aligncenter size-full wp-image-5345\" src=\"https:\/\/doubletakedecor.com\/uploads\/2025\/08\/patio-cover-ideas-dtd-18.jpg\" srcset=\"https:\/\/doubletakedecor.com\/uploads\/2025\/08\/patio-cover-ideas-dtd-18.jpg 700w, https:\/\/doubletakedecor.com\/uploads\/2025\/08\/patio-cover-ideas-dtd-18-200x300.jpg 200w, https:\/\/doubletakedecor.com\/uploads\/2025\/08\/patio-cover-ideas-dtd-18-683x1024.jpg 683w, https:\/\/doubletakedecor.com\/uploads\/2025\/08\/patio-cover-ideas-dtd-18-96x144.jpg 96w, https:\/\/doubletakedecor.com\/uploads\/2025\/08\/patio-cover-ideas-dtd-18-280x420.jpg 280w, https:\/\/doubletakedecor.com\/uploads\/2025\/08\/patio-cover-ideas-dtd-18-320x480.jpg 320w, https:\/\/doubletakedecor.com\/uploads\/2025\/08\/patio-cover-ideas-dtd-18-360x539.jpg 360w, https:\/\/doubletakedecor.com\/uploads\/2025\/08\/patio-cover-ideas-dtd-18-363x544.jpg 363w, https:\/\/doubletakedecor.com\/uploads\/2025\/08\/patio-cover-ideas-dtd-18-370x554.jpg 370w, https:\/\/doubletakedecor.com\/uploads\/2025\/08\/patio-cover-ideas-dtd-18-400x599.jpg 400w, https:\/\/doubletakedecor.com\/uploads\/2025\/08\/patio-cover-ideas-dtd-18-560x839.jpg 560w, https:\/\/doubletakedecor.com\/uploads\/2025\/08\/patio-cover-ideas-dtd-18-480x719.jpg 480w\" sizes=\"auto, (max-width: 700px) 100vw, 700px\" \/><\/p>\n<p>Zariad si vonkaj\u0161ie \u00fato\u010disko ako v rezorte \u2013 vytvor priestor s pergolou a kruhov\u00fdm ohniskom v strede. Zvo\u013e neutr\u00e1lne vank\u00fa\u0161e a r\u00f4znorod\u00e9 text\u00fary na e\u0161te v\u00e4\u010d\u0161ie pohodlie. Modern\u00fd \u010dierny plot vzadu ti poskytne s\u00fakromie. Prepojenie zabezpe\u010d\u00ed tkan\u00fd exteri\u00e9rov\u00fd koberec, ktor\u00fd priestor opticky spoj\u00ed do jedn\u00e9ho celku.<\/p>\n<h2>Dreven\u00e1 kuchynsk\u00e1 pergola<\/h2>\n<p><img loading=\"lazy\" decoding=\"async\" width=\"700\" height=\"1049\" alt=\"\u0160t\u00fdlov\u00e1 vonkaj\u0161ia kuchy\u0148a s drevenou pergolou, nerezov\u00fdm grilom, latkov\u00fdm \u00falo\u017en\u00fdm priestorom a zele\u0148ou pre s\u00fakromie.\" class=\"aligncenter size-full wp-image-5351\" src=\"https:\/\/doubletakedecor.com\/uploads\/2025\/08\/patio-cover-ideas-dtd-19.jpg\" srcset=\"https:\/\/doubletakedecor.com\/uploads\/2025\/08\/patio-cover-ideas-dtd-19.jpg 700w, https:\/\/doubletakedecor.com\/uploads\/2025\/08\/patio-cover-ideas-dtd-19-200x300.jpg 200w, https:\/\/doubletakedecor.com\/uploads\/2025\/08\/patio-cover-ideas-dtd-19-683x1024.jpg 683w, https:\/\/doubletakedecor.com\/uploads\/2025\/08\/patio-cover-ideas-dtd-19-96x144.jpg 96w, https:\/\/doubletakedecor.com\/uploads\/2025\/08\/patio-cover-ideas-dtd-19-280x420.jpg 280w, https:\/\/doubletakedecor.com\/uploads\/2025\/08\/patio-cover-ideas-dtd-19-320x480.jpg 320w, https:\/\/doubletakedecor.com\/uploads\/2025\/08\/patio-cover-ideas-dtd-19-360x539.jpg 360w, https:\/\/doubletakedecor.com\/uploads\/2025\/08\/patio-cover-ideas-dtd-19-363x544.jpg 363w, https:\/\/doubletakedecor.com\/uploads\/2025\/08\/patio-cover-ideas-dtd-19-370x554.jpg 370w, https:\/\/doubletakedecor.com\/uploads\/2025\/08\/patio-cover-ideas-dtd-19-400x599.jpg 400w, https:\/\/doubletakedecor.com\/uploads\/2025\/08\/patio-cover-ideas-dtd-19-560x839.jpg 560w, https:\/\/doubletakedecor.com\/uploads\/2025\/08\/patio-cover-ideas-dtd-19-480x719.jpg 480w\" sizes=\"auto, (max-width: 700px) 100vw, 700px\" \/><\/p>\n<p>Premeni si z\u00e1hradu na funk\u010dn\u00fa kuchy\u0148u nain\u0161talovan\u00edm lamelovej drevenej pergoly nad kuchynsk\u00fdm k\u00fatom. Spotrebi\u010de z nerezovej ocele daj k stene pre viac vo\u013en\u00e9ho miesta. Dreven\u00e9 \u00falo\u017en\u00e9 skrinky ochr\u00e1nia z\u00e1kladn\u00e9 veci. Zele\u0148 po okrajoch ti prinesie s\u00fakromie aj pr\u00edjemn\u00fd pr\u00edrodn\u00fd pocit, pri\u010dom dreven\u00e1 podlaha zost\u00e1va pevn\u00e1 a odoln\u00e1.<\/p>\n<h2>Elegantn\u00e9 kryt\u00e9 patio na oddych<\/h2>\n<p><img loading=\"lazy\" decoding=\"async\" width=\"700\" height=\"1049\" alt=\"Kryt\u00e9 patio s dreven\u00fdm stropom, z\u00e1vesnou lampou, pohodln\u00fdm seden\u00edm a v\u00fdh\u013eadom na baz\u00e9n pre \u0161t\u00fdlov\u00fd \u017eivot vonku.\" class=\"aligncenter size-full wp-image-5357\" src=\"https:\/\/doubletakedecor.com\/uploads\/2025\/08\/patio-cover-ideas-dtd-20.jpg\" srcset=\"https:\/\/doubletakedecor.com\/uploads\/2025\/08\/patio-cover-ideas-dtd-20.jpg 700w, https:\/\/doubletakedecor.com\/uploads\/2025\/08\/patio-cover-ideas-dtd-20-200x300.jpg 200w, https:\/\/doubletakedecor.com\/uploads\/2025\/08\/patio-cover-ideas-dtd-20-683x1024.jpg 683w, https:\/\/doubletakedecor.com\/uploads\/2025\/08\/patio-cover-ideas-dtd-20-96x144.jpg 96w, https:\/\/doubletakedecor.com\/uploads\/2025\/08\/patio-cover-ideas-dtd-20-280x420.jpg 280w, https:\/\/doubletakedecor.com\/uploads\/2025\/08\/patio-cover-ideas-dtd-20-320x480.jpg 320w, https:\/\/doubletakedecor.com\/uploads\/2025\/08\/patio-cover-ideas-dtd-20-360x539.jpg 360w, https:\/\/doubletakedecor.com\/uploads\/2025\/08\/patio-cover-ideas-dtd-20-363x544.jpg 363w, https:\/\/doubletakedecor.com\/uploads\/2025\/08\/patio-cover-ideas-dtd-20-370x554.jpg 370w, https:\/\/doubletakedecor.com\/uploads\/2025\/08\/patio-cover-ideas-dtd-20-400x599.jpg 400w, https:\/\/doubletakedecor.com\/uploads\/2025\/08\/patio-cover-ideas-dtd-20-560x839.jpg 560w, https:\/\/doubletakedecor.com\/uploads\/2025\/08\/patio-cover-ideas-dtd-20-480x719.jpg 480w\" sizes=\"auto, (max-width: 700px) 100vw, 700px\" \/><\/p>\n<p>Vytvor si \u0161t\u00fdlov\u00fd exteri\u00e9rov\u00fd ob\u00fdva\u010dkov\u00fd priestor; dreven\u00fd strop dod\u00e1 teplo aj charakter. Rozmiestni pohodln\u00e9 sedenie okolo n\u00edzkeho stol\u00edka a dopl\u0148 v\u00fdrazn\u00fdm z\u00e1vesn\u00fdm osvetlen\u00edm pre pr\u00edjemn\u00fa ve\u010dern\u00fa atmosf\u00e9ru. Pridaj drobn\u00e9 rastlinky a dekor\u00e1cie, ktor\u00e9 priestor z\u00fatulnia. T\u00e1to kombin\u00e1cia v sebe skr\u00fdva pohodu interi\u00e9ru a z\u00e1\u017eitky exteri\u00e9ru.<\/p>\n<h2>Modern\u00e1 dreven\u00e1 pergola s le\u017eadlami<\/h2>\n<p><img loading=\"lazy\" decoding=\"async\" width=\"700\" height=\"1049\" alt=\"\u0160t\u00fdlov\u00e9 dreven\u00e9 le\u017eadl\u00e1 na bet\u00f3novej terase s pergolou, s v\u00fdh\u013eadom na tr\u00e1vnik a baz\u00e9n.\" class=\"aligncenter size-full wp-image-5363\" src=\"https:\/\/doubletakedecor.com\/uploads\/2025\/08\/patio-cover-ideas-dtd-21.jpg\" srcset=\"https:\/\/doubletakedecor.com\/uploads\/2025\/08\/patio-cover-ideas-dtd-21.jpg 700w, https:\/\/doubletakedecor.com\/uploads\/2025\/08\/patio-cover-ideas-dtd-21-200x300.jpg 200w, https:\/\/doubletakedecor.com\/uploads\/2025\/08\/patio-cover-ideas-dtd-21-683x1024.jpg 683w, https:\/\/doubletakedecor.com\/uploads\/2025\/08\/patio-cover-ideas-dtd-21-96x144.jpg 96w, https:\/\/doubletakedecor.com\/uploads\/2025\/08\/patio-cover-ideas-dtd-21-280x420.jpg 280w, https:\/\/doubletakedecor.com\/uploads\/2025\/08\/patio-cover-ideas-dtd-21-320x480.jpg 320w, https:\/\/doubletakedecor.com\/uploads\/2025\/08\/patio-cover-ideas-dtd-21-360x539.jpg 360w, https:\/\/doubletakedecor.com\/uploads\/2025\/08\/patio-cover-ideas-dtd-21-363x544.jpg 363w, https:\/\/doubletakedecor.com\/uploads\/2025\/08\/patio-cover-ideas-dtd-21-370x554.jpg 370w, https:\/\/doubletakedecor.com\/uploads\/2025\/08\/patio-cover-ideas-dtd-21-400x599.jpg 400w, https:\/\/doubletakedecor.com\/uploads\/2025\/08\/patio-cover-ideas-dtd-21-560x839.jpg 560w, https:\/\/doubletakedecor.com\/uploads\/2025\/08\/patio-cover-ideas-dtd-21-480x719.jpg 480w\" sizes=\"auto, (max-width: 700px) 100vw, 700px\" \/><\/p>\n<p>Dopraj si modern\u00fd oddychov\u00fd priestor \u2013 kombinuj dreven\u00fa pergolu s pohodln\u00fdmi le\u017eadlami na \u010distej bet\u00f3novej terase. Pergola ti poskytne \u010diasto\u010dn\u00fd tie\u0148 a zauj\u00edmav\u00fd vzh\u013ead. Umiestni ju bl\u00edzko baz\u00e9na, aby z\u00e1hrada p\u00f4sobila zjednotene. V\u017edy vyberaj drevo, ktor\u00e9 odol\u00e1va po\u010dasiu a pasuje k \u0161t\u00fdlu tvojho domu, aby prechod medzi interi\u00e9rom a exteri\u00e9rom bol prirodzen\u00fd.<\/p>\n<h2>Modern\u00fd priestor na vonkaj\u0161ie posedenia<\/h2>\n<p><img loading=\"lazy\" decoding=\"async\" width=\"700\" height=\"1050\" alt=\"Elegantn\u00fd vonkaj\u0161\u00ed priestor s kamenn\u00fdmi chodn\u00edkmi, dreven\u00fdm pozad\u00edm, vonkaj\u0161ou kuchy\u0148ou a prekryt\u00fdm jed\u00e1lensk\u00fdm k\u00fatom obklopen\u00fdm zele\u0148ou.\" class=\"aligncenter size-full wp-image-5369\" src=\"https:\/\/doubletakedecor.com\/uploads\/2025\/08\/patio-cover-ideas-dtd-22.jpg\" srcset=\"https:\/\/doubletakedecor.com\/uploads\/2025\/08\/patio-cover-ideas-dtd-22.jpg 700w, https:\/\/doubletakedecor.com\/uploads\/2025\/08\/patio-cover-ideas-dtd-22-200x300.jpg 200w, https:\/\/doubletakedecor.com\/uploads\/2025\/08\/patio-cover-ideas-dtd-22-683x1024.jpg 683w, https:\/\/doubletakedecor.com\/uploads\/2025\/08\/patio-cover-ideas-dtd-22-96x144.jpg 96w, https:\/\/doubletakedecor.com\/uploads\/2025\/08\/patio-cover-ideas-dtd-22-280x420.jpg 280w, https:\/\/doubletakedecor.com\/uploads\/2025\/08\/patio-cover-ideas-dtd-22-320x480.jpg 320w, https:\/\/doubletakedecor.com\/uploads\/2025\/08\/patio-cover-ideas-dtd-22-360x540.jpg 360w, https:\/\/doubletakedecor.com\/uploads\/2025\/08\/patio-cover-ideas-dtd-22-363x545.jpg 363w, https:\/\/doubletakedecor.com\/uploads\/2025\/08\/patio-cover-ideas-dtd-22-370x555.jpg 370w, https:\/\/doubletakedecor.com\/uploads\/2025\/08\/patio-cover-ideas-dtd-22-400x600.jpg 400w, https:\/\/doubletakedecor.com\/uploads\/2025\/08\/patio-cover-ideas-dtd-22-560x840.jpg 560w, https:\/\/doubletakedecor.com\/uploads\/2025\/08\/patio-cover-ideas-dtd-22-480x720.jpg 480w\" sizes=\"auto, (max-width: 700px) 100vw, 700px\" \/><\/p>\n<p>Navrhni si funk\u010dn\u00fd kryt\u00fd priestor na terase, kde si ka\u017ed\u00fd n\u00e1jde svoje miesto. Dreven\u00e9 pozadie zv\u00fdrazn\u00ed oddychov\u00e9 sedenie, jed\u00e1lensk\u00fd k\u00fat ochr\u00e1ni \u0161t\u00fdlov\u00e1 strecha. Chodn\u00edky zo \u0161irok\u00fdch kamenn\u00fdch platn\u00ed s tr\u00e1vou medzi nimi s\u00fa n\u00e1padit\u00e9 a praktick\u00e9. O s\u00fakromie a pr\u00edjemn\u00fd vzh\u013ead sa postaraj\u00fa starostlivo vybran\u00e9 rastliny.<\/p>\n<h2>Modern\u00fd baz\u00e9nov\u00fd oddych pod pergolou<\/h2>\n<p><img loading=\"lazy\" decoding=\"async\" width=\"700\" height=\"1049\" alt=\"Elegantn\u00fd baz\u00e9n s le\u017eadlami pod drevenou pergolou, priestorom na sedenie a bujnou zele\u0148ou pre relax\u00e1ciu vonku.\" class=\"aligncenter size-full wp-image-5375\" src=\"https:\/\/doubletakedecor.com\/uploads\/2025\/08\/patio-cover-ideas-dtd-23.jpg\" srcset=\"https:\/\/doubletakedecor.com\/uploads\/2025\/08\/patio-cover-ideas-dtd-23.jpg 700w, https:\/\/doubletakedecor.com\/uploads\/2025\/08\/patio-cover-ideas-dtd-23-200x300.jpg 200w, https:\/\/doubletakedecor.com\/uploads\/2025\/08\/patio-cover-ideas-dtd-23-683x1024.jpg 683w, https:\/\/doubletakedecor.com\/uploads\/2025\/08\/patio-cover-ideas-dtd-23-96x144.jpg 96w, https:\/\/doubletakedecor.com\/uploads\/2025\/08\/patio-cover-ideas-dtd-23-280x420.jpg 280w, https:\/\/doubletakedecor.com\/uploads\/2025\/08\/patio-cover-ideas-dtd-23-320x480.jpg 320w, https:\/\/doubletakedecor.com\/uploads\/2025\/08\/patio-cover-ideas-dtd-23-360x539.jpg 360w, https:\/\/doubletakedecor.com\/uploads\/2025\/08\/patio-cover-ideas-dtd-23-363x544.jpg 363w, https:\/\/doubletakedecor.com\/uploads\/2025\/08\/patio-cover-ideas-dtd-23-370x554.jpg 370w, https:\/\/doubletakedecor.com\/uploads\/2025\/08\/patio-cover-ideas-dtd-23-400x599.jpg 400w, https:\/\/doubletakedecor.com\/uploads\/2025\/08\/patio-cover-ideas-dtd-23-560x839.jpg 560w, https:\/\/doubletakedecor.com\/uploads\/2025\/08\/patio-cover-ideas-dtd-23-480x719.jpg 480w\" sizes=\"auto, (max-width: 700px) 100vw, 700px\" \/><\/p>\n<p>Vytvor si modern\u00fd oddychov\u00fd priestor spojen\u00edm drevenej pergoly s pohodln\u00fdm seden\u00edm pri baz\u00e9ne. Le\u017eadl\u00e1 umiestni na svetlej dla\u017ebe, \u010do o\u017eiv\u00ed priestor a spr\u00edjemn\u00ed le\u0148o\u0161enie. Okolie zahal zele\u0148ou pre v\u00e4\u010d\u0161ie s\u00fakromie aj pr\u00edjemn\u00fa atmosf\u00e9ru. Tento dizajn je skvelou vo\u013ebou, ak chce\u0161 vyv\u00e1\u017ei\u0165 tie\u0148 a otvorenos\u0165 po\u010das cel\u00e9ho roka.<\/p>\n<h2>Pergola nad jed\u00e1lensk\u00fdm priestorom<\/h2>\n<p><img loading=\"lazy\" decoding=\"async\" width=\"700\" height=\"1050\" alt=\"P\u00f4vabn\u00e9 vonkaj\u0161ie jed\u00e1lensk\u00e9 miesto s drevenou pergolou, kovov\u00fdm stolom a stoli\u010dkami s b\u00e9\u017eov\u00fdmi vank\u00fa\u0161mi, obklopen\u00e9 bujnou zele\u0148ou.\" class=\"aligncenter size-full wp-image-5381\" src=\"https:\/\/doubletakedecor.com\/uploads\/2025\/08\/patio-cover-ideas-dtd-24.jpg\" srcset=\"https:\/\/doubletakedecor.com\/uploads\/2025\/08\/patio-cover-ideas-dtd-24.jpg 700w, https:\/\/doubletakedecor.com\/uploads\/2025\/08\/patio-cover-ideas-dtd-24-200x300.jpg 200w, https:\/\/doubletakedecor.com\/uploads\/2025\/08\/patio-cover-ideas-dtd-24-683x1024.jpg 683w, https:\/\/doubletakedecor.com\/uploads\/2025\/08\/patio-cover-ideas-dtd-24-96x144.jpg 96w, https:\/\/doubletakedecor.com\/uploads\/2025\/08\/patio-cover-ideas-dtd-24-280x420.jpg 280w, https:\/\/doubletakedecor.com\/uploads\/2025\/08\/patio-cover-ideas-dtd-24-320x480.jpg 320w, https:\/\/doubletakedecor.com\/uploads\/2025\/08\/patio-cover-ideas-dtd-24-360x540.jpg 360w, https:\/\/doubletakedecor.com\/uploads\/2025\/08\/patio-cover-ideas-dtd-24-363x545.jpg 363w, https:\/\/doubletakedecor.com\/uploads\/2025\/08\/patio-cover-ideas-dtd-24-370x555.jpg 370w, https:\/\/doubletakedecor.com\/uploads\/2025\/08\/patio-cover-ideas-dtd-24-400x600.jpg 400w, https:\/\/doubletakedecor.com\/uploads\/2025\/08\/patio-cover-ideas-dtd-24-560x840.jpg 560w, https:\/\/doubletakedecor.com\/uploads\/2025\/08\/patio-cover-ideas-dtd-24-480x720.jpg 480w\" sizes=\"auto, (max-width: 700px) 100vw, 700px\" \/><\/p>\n<p>Zme\u0148 svoju terasu na jed\u00e1lensk\u00fd raj \u2013 dreven\u00e1 pergola dod\u00e1 \u0161t\u00fdl aj jemn\u00fd tie\u0148. N\u00e1bytok zo \u017eeleza je odoln\u00fd a elegantn\u00fd z\u00e1rove\u0148. Pohodln\u00e9 vank\u00fa\u0161iky pred\u013a\u017eia spolo\u010dn\u00e9 stolovanie a v\u00e1za s \u010derstv\u00fdmi kvetmi ako stredobod stola navod\u00ed pr\u00edjemn\u00fa atmosf\u00e9ru.<\/p>\n<h2>Dreven\u00e1 pergola pre baz\u00e9nov\u00fd relax<\/h2>\n<p><img loading=\"lazy\" decoding=\"async\" width=\"700\" height=\"1049\" alt=\"Rustik\u00e1lna kryt\u00e1 terasa s dreven\u00fdmi tr\u00e1mami, pohodln\u00fdm seden\u00edm, susediacim jed\u00e1lensk\u00fdm priestorom a baz\u00e9nom v zelenej z\u00e1hrade.\" class=\"aligncenter size-full wp-image-5387\" src=\"https:\/\/doubletakedecor.com\/uploads\/2025\/08\/patio-cover-ideas-dtd-25.jpg\" srcset=\"https:\/\/doubletakedecor.com\/uploads\/2025\/08\/patio-cover-ideas-dtd-25.jpg 700w, https:\/\/doubletakedecor.com\/uploads\/2025\/08\/patio-cover-ideas-dtd-25-200x300.jpg 200w, https:\/\/doubletakedecor.com\/uploads\/2025\/08\/patio-cover-ideas-dtd-25-683x1024.jpg 683w, https:\/\/doubletakedecor.com\/uploads\/2025\/08\/patio-cover-ideas-dtd-25-96x144.jpg 96w, https:\/\/doubletakedecor.com\/uploads\/2025\/08\/patio-cover-ideas-dtd-25-280x420.jpg 280w, https:\/\/doubletakedecor.com\/uploads\/2025\/08\/patio-cover-ideas-dtd-25-320x480.jpg 320w, https:\/\/doubletakedecor.com\/uploads\/2025\/08\/patio-cover-ideas-dtd-25-360x539.jpg 360w, https:\/\/doubletakedecor.com\/uploads\/2025\/08\/patio-cover-ideas-dtd-25-363x544.jpg 363w, https:\/\/doubletakedecor.com\/uploads\/2025\/08\/patio-cover-ideas-dtd-25-370x554.jpg 370w, https:\/\/doubletakedecor.com\/uploads\/2025\/08\/patio-cover-ideas-dtd-25-400x599.jpg 400w, https:\/\/doubletakedecor.com\/uploads\/2025\/08\/patio-cover-ideas-dtd-25-560x839.jpg 560w, https:\/\/doubletakedecor.com\/uploads\/2025\/08\/patio-cover-ideas-dtd-25-480x719.jpg 480w\" sizes=\"auto, (max-width: 700px) 100vw, 700px\" \/><\/p>\n<p>Vybuduj si multifunk\u010dn\u00fd exteri\u00e9r \u2013 pergolu umiestni hne\u010f ved\u013ea baz\u00e9na, pokojne pou\u017ei hrub\u0161ie tr\u00e1my pre pevnos\u0165 a rustik\u00e1lny vzh\u013ead. Rozlo\u017e pohodln\u00fd n\u00e1bytok s vank\u00fa\u0161mi odoln\u00fdmi vo\u010di po\u010dasiu. Pridaj aj jed\u00e1lensk\u00fd st\u00f4l pod hol\u00fdm nebom a v\u0161etko dotvor zele\u0148ou po okrajoch pre e\u0161te pr\u00edjemnej\u0161ie prostredie.<\/p>\n<h2>Pr\u00edstre\u0161ok s re\u0165azov\u00fdmi svetlami<\/h2>\n<p><img loading=\"lazy\" decoding=\"async\" width=\"700\" height=\"1050\" alt=\"\u0160t\u00fdlov\u00fd dreven\u00fd st\u00f4l s lavicami pod pr\u00edstre\u0161kom so svetielkami, na pieskovej ploche obklopenej zele\u0148ou s vesel\u00fdm domom v pozad\u00ed.\" class=\"aligncenter size-full wp-image-5393\" src=\"https:\/\/doubletakedecor.com\/uploads\/2025\/08\/patio-cover-ideas-dtd-26.jpg\" srcset=\"https:\/\/doubletakedecor.com\/uploads\/2025\/08\/patio-cover-ideas-dtd-26.jpg 700w, https:\/\/doubletakedecor.com\/uploads\/2025\/08\/patio-cover-ideas-dtd-26-200x300.jpg 200w, https:\/\/doubletakedecor.com\/uploads\/2025\/08\/patio-cover-ideas-dtd-26-683x1024.jpg 683w, https:\/\/doubletakedecor.com\/uploads\/2025\/08\/patio-cover-ideas-dtd-26-96x144.jpg 96w, https:\/\/doubletakedecor.com\/uploads\/2025\/08\/patio-cover-ideas-dtd-26-280x420.jpg 280w, https:\/\/doubletakedecor.com\/uploads\/2025\/08\/patio-cover-ideas-dtd-26-320x480.jpg 320w, https:\/\/doubletakedecor.com\/uploads\/2025\/08\/patio-cover-ideas-dtd-26-360x540.jpg 360w, https:\/\/doubletakedecor.com\/uploads\/2025\/08\/patio-cover-ideas-dtd-26-363x545.jpg 363w, https:\/\/doubletakedecor.com\/uploads\/2025\/08\/patio-cover-ideas-dtd-26-370x555.jpg 370w, https:\/\/doubletakedecor.com\/uploads\/2025\/08\/patio-cover-ideas-dtd-26-400x600.jpg 400w, https:\/\/doubletakedecor.com\/uploads\/2025\/08\/patio-cover-ideas-dtd-26-560x840.jpg 560w, https:\/\/doubletakedecor.com\/uploads\/2025\/08\/patio-cover-ideas-dtd-26-480x720.jpg 480w\" sizes=\"auto, (max-width: 700px) 100vw, 700px\" \/><\/p>\n<p>Vytvor \u00fatuln\u00e9 a pr\u00edvetiv\u00e9 miesto na stolovanie pod pr\u00edstre\u0161kom s re\u0165azov\u00fdmi svetielkami. Z\u00edska\u0161 tie\u0148 cez de\u0148 a pr\u00edjemn\u00e9 m\u00e4kk\u00e9 svetlo po zotmen\u00ed. Pr\u00edstre\u0161ok postav nad dreven\u00fd st\u00f4l na pieskovisku, \u010do p\u00f4sob\u00ed prirodzene a origin\u00e1lne. Okolie zaha\u013e do zelene pre \u017eiv\u00fd vzh\u013ead. Je to ide\u00e1lne rie\u0161enie, ak chce\u0161 spoji\u0165 praktickos\u0165 so \u0161t\u00fdlom.<\/p>\n<h2>FAQ<\/h2>\n<details class=\"g-accordion \"><summary><h3>Ak\u00e9 s\u00fa ob\u013e\u00faben\u00e9 n\u00e1pady na prekrytie terasy?<\/h3><\/summary>\n<p>Prekrytia ter\u00e1s sa vyr\u00e1baj\u00fa v r\u00f4znych \u0161t\u00fdloch a ka\u017ed\u00fd z nich zlep\u0161\u00ed tvoje vonkaj\u0161ie b\u00fdvanie nielen funk\u010dne, ale aj vzh\u013eadom.<\/p>\n<ul>\n<li>pevn\u00e9 prekrytia poskytuj\u00fa spo\u013eahliv\u00fd tie\u0148, s\u00fa odoln\u00e9 a vy\u017eaduj\u00fa minimum starostlivosti,<\/li>\n<li>sedlov\u00e9 strechy vytv\u00e1raj\u00fa vy\u0161\u0161\u00ed strop, lep\u0161ie odvetr\u00e1vanie a p\u00fa\u0161\u0165aj\u00fa dovn\u00fatra viac prirodzen\u00e9ho svetla,<\/li>\n<li>hlin\u00edkov\u00e9 pergoly vynikaj\u00fa odolnos\u0165ou vo\u010di po\u010dasiu, pon\u00fakaj\u00fa \u010diasto\u010dn\u00e9 zatienenie a dovo\u013euj\u00fa pr\u00fadenie vzduchu,<\/li>\n<li>mo\u017enosti z c\u00e9dra dodaj\u00fa tvojmu dvoru rustik\u00e1lny \u0161arm, s\u00fa pevn\u00e9 a odoln\u00e9 vo\u010di hnilobe, \u010do sa skvele hod\u00ed na \u00fatuln\u00e9 vonkaj\u0161ie posedenie \u010di oddychov\u00fd k\u00fatik.<\/li>\n<\/ul>\n<p>Ak prid\u00e1\u0161 krb alebo ohnisko, nielen\u017ee zlep\u0161\u00ed\u0161 atmosf\u00e9ru, ale aj vyu\u017eije\u0161 terasu aj po\u010das chladnej\u0161\u00edch ve\u010derov \u2013 ohe\u0148 sa stane centrom tvojho posedenia. Dekorat\u00edvne prvky, ako s\u00fa vzory \u010di origin\u00e1lne tvary, posun\u00fa aj be\u017en\u00e9 prekrytia na vy\u0161\u0161iu \u00farove\u0148 a umo\u017enia ti vyjadri\u0165 svoj osobn\u00fd \u0161t\u00fdl.<\/p>\n<p>Pri v\u00fdbere materi\u00e1lu je d\u00f4le\u017eit\u00e9 myslie\u0165 na jeho vlastnosti: <strong>hlin\u00edk zabezpe\u010d\u00ed dlh\u00fa \u017eivotnos\u0165<\/strong> a minim\u00e1lnu \u00fadr\u017ebu, zatia\u013e \u010do <strong>c\u00e9der dod\u00e1 priestoru teplo v\u010faka svojej prirodzenej kr\u00e1se<\/strong>. Ka\u017ed\u00fd materi\u00e1l m\u00e1 svoje plusy \u2013 esteticky aj prakticky, tak\u017ee si dok\u00e1\u017ee\u0161 terasu prisp\u00f4sobi\u0165 pod\u013ea svojich predst\u00e1v.<\/p>\n<p>Pestr\u00e9 mo\u017enosti ti m\u00f4\u017eu premeni\u0165 ak\u00fdko\u013evek dvor na tich\u00e9 \u00fato\u010disko, kde sa sp\u00e1ja pohodlie s kr\u00e1sou pod hol\u00fdm nebom.<\/p>\n<\/details><details class=\"g-accordion \"><summary><h3>Ktor\u00e9 materi\u00e1ly s\u00fa najlep\u0161ie na prekrytie terasy?<\/h3><\/summary>\n<p>Spr\u00e1vny v\u00fdber materi\u00e1lu prekrytia terasy je k\u013e\u00fa\u010dov\u00fd na dlh\u00fa \u017eivotnos\u0165 aj dobr\u00fd vzh\u013ead. Medzi najob\u013e\u00fabenej\u0161ie patria <strong>hlin\u00edk<\/strong> a <strong>c\u00e9der<\/strong>, ke\u010f\u017ee ka\u017ed\u00fd m\u00e1 svoje \u0161pecifick\u00e9 v\u00fdhody.<\/p>\n<ul>\n<li><strong>hlin\u00edkov\u00e9 stre\u0161n\u00e9 prekrytia<\/strong> s\u00fa zn\u00e1me dlhou \u017eivotnos\u0165ou, jednoduchou \u00fadr\u017ebou a odolnos\u0165ou vo\u010di po\u010dasiu,<\/li>\n<li>dod\u00e1vaj\u00fa modern\u00fd a \u010dist\u00fd vzh\u013ead a v\u00fdborne chr\u00e1nia pred da\u017e\u010fom aj slnkom,<\/li>\n<li>s\u00fa \u013eahk\u00e9, tak\u017ee ich mont\u00e1\u017e je jednoduch\u0161ia ne\u017e pri \u0165a\u017ek\u00fdch materi\u00e1loch.<\/li>\n<\/ul>\n<ul>\n<li><strong>prekrytia z c\u00e9dra<\/strong> p\u00f4sobia prirodzene, rustik\u00e1lne a s\u00fa pevn\u00e9,<\/li>\n<li>c\u00e9der je odoln\u00fd vo\u010di hnilobe, tak\u017ee vydr\u017e\u00ed dlh\u00e9 roky a vonku vytv\u00e1ra tepl\u00e9, pr\u00edjemn\u00e9 prostredie,<\/li>\n<li>jeho v\u00f4\u0148a z\u00fatul\u0148uje priestor e\u0161te viac.<\/li>\n<\/ul>\n<p>Pre t\u00fdch, \u010do chc\u00fa viac mo\u017enost\u00ed, <strong>l\u00e1tkov\u00e9 plachty a tieniace siete<\/strong> pon\u00fakaj\u00fa variabilitu. \u013dahko si ich prisp\u00f4sob\u00ed\u0161 farbou aj vzorom a jednoducho nastav\u00ed\u0161 \u00farove\u0148 tie\u0148a pod\u013ea aktu\u00e1lnej potreby.<\/p>\n<p>Pri v\u00fdbere nezabudni myslie\u0165 na podnebie, ko\u013eko starostlivosti chce\u0161 venova\u0165 \u00fadr\u017ebe a ak\u00fd \u0161t\u00fdl sa ti p\u00e1\u010di. Ak tieto faktory zos\u00falad\u00ed\u0161 so svojimi po\u017eiadavkami, tvoja terasa bude nielen praktick\u00e1, ale pote\u0161\u00ed aj na poh\u013ead a bude ti vonku sl\u00fa\u017ei\u0165 e\u0161te lep\u0161ie.<\/p>\n<\/details><details class=\"g-accordion \"><summary><h3>Ako ovplyv\u0148uje \u0161t\u00fdl a dizajn vzh\u013ead tvojej terasy?<\/h3><\/summary>\n<p>\u0160t\u00fdl a dizajn terasy v\u00fdrazne ovplyv\u0148uje celkov\u00fa atmosf\u00e9ru tvojej z\u00e1hrady. Modern\u00e9 prevedenia uprednost\u0148uj\u00fa \u010dist\u00e9 l\u00ednie a jednoduch\u00e9 tvary, pri\u010dom materi\u00e1ly ako <strong>hlin\u00edk<\/strong> dod\u00e1vaj\u00fa priestoru s\u00fa\u010dasn\u00fd vzh\u013ead. Tak\u00fdto pr\u00edstup vytv\u00e1ra elegantn\u00fd a upratan\u00fd pocit, ktor\u00fd sa hod\u00ed do mestsk\u00e9ho prostredia.<\/p>\n<p>Naopak, rustik\u00e1lny \u0161t\u00fdl pou\u017e\u00edva pr\u00edrodn\u00e9 materi\u00e1ly \u2013 napr\u00edklad <strong>drevo<\/strong> alebo <strong>c\u00e9der<\/strong> \u2013 ktor\u00e9 prin\u00e1\u0161aj\u00fa teplo a \u0161arm. Tieto dizajny \u010dasto obsahuj\u00fa ozdobn\u00e9 vzory alebo origin\u00e1lne tvary, aby p\u00f4sobili e\u0161te \u00fatulnej\u0161ie. \u010ci u\u017e preferuje\u0161 modern\u00fd alebo vidiecky \u0161t\u00fdl, je to najm\u00e4 o tvojom vkuse a predstave ide\u00e1lneho vonkaj\u0161ieho priestoru.<\/p>\n<p>Klasick\u00e9 prevedenia kombinuj\u00fa osved\u010den\u00e9 prvky s praktick\u00fdmi funkciami na dosiahnutie nestarn\u00faceho vzh\u013eadu. \u010casto pon\u00fakaj\u00fa <strong>kamenn\u00e9 st\u013apy<\/strong> alebo ozdobn\u00e9 detaily, ktor\u00e9 vnes\u00fa do priestoru noblesu. Ka\u017ed\u00fd \u0161t\u00fdl m\u00e1 svoje \u010daro, tak\u017ee si m\u00f4\u017ee\u0161 vybra\u0165 presne pod\u013ea seba.<\/p>\n<p><strong>Na z\u00e1ver, v\u00fdberom dizajnu, ktor\u00fd sa ti p\u00e1\u010di, premen\u00ed\u0161 terasu na l\u00e1kav\u00e9 miesto na mieru sebe a svojmu sp\u00f4sobu \u017eivota.<\/strong><\/p>\n<\/details><details class=\"g-accordion \"><summary><h3>Ak\u00fa \u00falohu zohr\u00e1va farebn\u00e1 sch\u00e9ma pri n\u00e1vrhu prekrytia terasy?<\/h3><\/summary>\n<p>Farebn\u00e9 kombin\u00e1cie s\u00fa pri n\u00e1vrhu prekrytia terasy ve\u013emi d\u00f4le\u017eit\u00e9 \u2013 ovplyv\u0148uj\u00fa n\u00e1ladu aj celkov\u00fd vzh\u013ead vonkaj\u0161ieho priestoru. Ak zlad\u00ed\u0161 farby, dosiahne\u0161 harmonick\u00fd dojem, ktor\u00fd bude odr\u00e1\u017ea\u0165 tvoj \u0161t\u00fdl. Napr\u00edklad <strong>neutr\u00e1lne odtiene<\/strong> ako b\u00e9\u017eov\u00e1 alebo siv\u00e1 p\u00f4sobia pokojne a d\u00e1vaj\u00fa vynikn\u00fa\u0165 n\u00e1bytku \u010di rastlin\u00e1m.<\/p>\n<p>No ak t\u00fa\u017ei\u0161 po \u017eivej\u0161om vzh\u013eade, <strong>kontrastn\u00e9 farby<\/strong> dok\u00e1\u017eu doda\u0165 energiu a dynamiku. V\u00fdrazn\u00e9 farby \u2013 napr\u00edklad \u010derven\u00e1 alebo modr\u00e1 na materi\u00e1loch \u010di dekor\u00e1ci\u00e1ch \u2013 up\u00fataj\u00fa pozornos\u0165 a vytvoria siln\u00fd dojem.<\/p>\n<p>Vhodne zvolen\u00e1 farba materi\u00e1lu, n\u00e1bytku alebo doplnkov nielen zjednot\u00ed vzh\u013ead, ale aj posiln\u00ed kr\u00e1su cel\u00e9ho priestoru. Tak\u00e9to prepojenie vytv\u00e1ra pr\u00edjemn\u00fa atmosf\u00e9ru na oddych aj hostenie. D\u00f4le\u017eit\u00e9 je zladi\u0165 farebn\u00fa sch\u00e9mu s tvojimi preferenciami, aby v\u00fdsledok bol nielen estetick\u00fd, ale aj osobit\u00fd.<\/p>\n<p><strong>V\u00fdber spr\u00e1vnych farieb je k\u013e\u00fa\u010dov\u00fd<\/strong> na vytvorenie po\u017eadovanej atmosf\u00e9ry vo vonkaj\u0161om \u00fato\u010disku. \u010ci u\u017e chce\u0161 pokojn\u00fd priestor vo svetl\u00fdch t\u00f3noch alebo \u017eiariv\u00fd s v\u00fdrazn\u00fdmi kontrastmi, premyslen\u00e1 farebn\u00e1 sch\u00e9ma v\u017edy v\u00fdrazne pom\u00f4\u017ee tvojmu dizajnu.<\/p>\n<\/details><details class=\"g-accordion \"><summary><h3>Ako dosiahnu\u0165 modern\u00fd alebo rustik\u00e1lny vzh\u013ead terasov\u00e9ho prekrytia?<\/h3><\/summary>\n<p><p>Ak chce\u0161 modern\u00fa terasu, zvo\u013e \u010dist\u00e9 l\u00ednie a minimalistick\u00fd dizajn s <strong>hlin\u00edkov\u00fdmi materi\u00e1lmi<\/strong>. Hlin\u00edk je zn\u00e1my svoj\u00edm elegantn\u00fdm vzh\u013eadom a odolnos\u0165ou, tak\u017ee sa hod\u00ed do modern\u00e9ho prostredia. Efekt modern\u00e9ho \u0161t\u00fdlu posilnia jednoduch\u00fd n\u00e1bytok a neutr\u00e1lny farebn\u00fd z\u00e1klad, v\u010faka \u010domu terasa p\u00f4sob\u00ed upratane a elegantne.<\/p>\n<\/p>\n<p><p>P\u00e1\u010di sa ti sk\u00f4r <strong>rustik\u00e1lna atmosf\u00e9ra<\/strong>? Potom vyu\u017e\u00edvaj pr\u00edrodn\u00e9 materi\u00e1ly ako c\u00e9der, ktor\u00fd vnesie do priestoru teplo a v\u00fdnimo\u010dn\u00fd \u0161mrnc v\u010faka svojej \u0161trukt\u00fare aj v\u00f4ni. Rustik\u00e1lny \u0161t\u00fdl dotiahne\u0161 drobnos\u0165ami ako s\u00fa star\u00e9 lamp\u00e1\u0161e alebo kovov\u00e9 ozdoby. Tepl\u00e9 zemit\u00e9 odtiene zas cel\u00e9 prevedenie zjednotia do pr\u00edjemn\u00e9ho celku.<\/p>\n<\/p>\n<p><p><strong>N\u00e1bytok hr\u00e1 rozhoduj\u00facu \u00falohu<\/strong> pri oboch \u0161t\u00fdloch. Modern\u00e9 priestory kr\u00e1sne dopln\u00ed jednoduch\u00fd n\u00e1bytok s kovov\u00fdmi prvkami, na rustik\u00e1lnu terasu zas patria dreven\u00e9 k\u00fasky, ktor\u00e9 dodaj\u00fa osobitos\u0165. Pri oboch \u0161t\u00fdloch m\u00f4\u017ee\u0161 dotvori\u0165 fin\u00e1lny vzh\u013ead cez doplnky, ktor\u00e9 vyjadruj\u00fa tvoj vkus \u2013 a urobi\u0165 z vonkaj\u0161ej terasy miesto pod\u013ea svojich predst\u00e1v.<\/p>\n<\/p>\n<\/details><details class=\"g-accordion \"><summary><h3>Ak\u00e9 s\u00fa cenovo dostupn\u00e9 n\u00e1pady na prekrytie terasy?<\/h3><\/summary>\n<p>Ak chce\u0161 postavi\u0165 prekrytie terasy a pritom u\u0161etri\u0165, trochu kreativity a dobr\u00e9 pl\u00e1novanie ti pom\u00f4\u017eu spravi\u0165 ve\u013ea za m\u00e1lo. Napr\u00edklad <strong>l\u00e1tkov\u00e9 plachty svojpomocne<\/strong> alebo <strong>tieniace siete<\/strong> stoja m\u00e1lo a pritom umo\u017enia pekn\u00e9 dizajnov\u00e9 vari\u00e1cie. Postavi\u0165 <strong>jednoduch\u00fa dreven\u00fa kon\u0161trukciu<\/strong> zo snadno dostupn\u00fdch materi\u00e1lov je tie\u017e v\u00fdhodn\u00e9 rie\u0161enie pre \u0161etrn\u00fd rozpo\u010det.<\/p>\n<p>Ak zrecykluje\u0161 u\u017e existuj\u00face materi\u00e1ly alebo kon\u0161trukcie, u\u0161etr\u00ed\u0161 e\u0161te viac a navy\u0161e d\u00e1\u0161 terase origin\u00e1lny rozmer. \u0160ikovn\u00fdm vyu\u017eit\u00edm lacn\u00fdch materi\u00e1lov dok\u00e1\u017ee\u0161 svoje posedenie modernizova\u0165 a z\u00e1rove\u0148 uk\u00e1\u017ee\u0161 svoj osobn\u00fd \u0161t\u00fdl \u2013 bez toho, aby si minul ve\u013ea pe\u0148az\u00ed.<\/p>\n<\/details><details class=\"g-accordion \"><summary><h3>Ak\u00e9 s\u00fa lacn\u00e9 n\u00e1pady na prekrytie terasy, ktor\u00e9 zvl\u00e1dne\u0161 s\u00e1m?<\/h3><\/summary>\n<p>Premeni\u0165 svoju terasu na oddychov\u00fd priestor s vlastnoru\u010dne vyroben\u00fdm a cenovo v\u00fdhodn\u00fdm prekryt\u00edm je ove\u013ea jednoduch\u0161ie, ne\u017e sa zd\u00e1. Sk\u00fas tieto overen\u00e9 tipy:<\/p>\n<ul>\n<li>pou\u017ei\u0165 plachty alebo l\u00e1tky ako tieniace siete,<\/li>\n<li>postavi\u0165 jednoduch\u00fa pergolu,<\/li>\n<li>vyrobi\u0165 pr\u00edstre\u0161ok z PVC trubiek.<\/li>\n<\/ul>\n<p><strong>Plachty \u010di l\u00e1tky ako tieniace siete<\/strong> m\u00f4\u017ee\u0161 \u013eahko uchyti\u0165 \u0161pag\u00e1tom alebo h\u00e1\u010dikmi, \u010d\u00edm z\u00edska\u0161 variabiln\u00e9 tienenie pod\u013ea potreby.<\/p>\n<p><strong>Jednoduch\u00fa pergolu<\/strong> zvl\u00e1dne\u0161 s pou\u017eit\u00edm z\u00e1kladn\u00e9ho n\u00e1radia a nieko\u013ek\u00fdch tr\u00e1mov zo smrekov\u00e9ho alebo in\u00e9ho o\u0161etren\u00e9ho dreva. Tak\u00e1to stavba vytvor\u00ed pr\u00edjemn\u00fd tie\u0148, nech\u00e1 vzduch vo\u013ene pr\u00fadi\u0165 a ke\u010f ju natiera\u0161, perfektne zapadne k tvojmu domu.<\/p>\n<p>Chce\u0161 e\u0161te \u00faspornej\u0161iu verziu? <strong>Postav pr\u00edstre\u0161ok z PVC trubiek<\/strong> \u2013 s\u00fa \u013eahk\u00e9, \u013eahko ich zmontuje\u0161 a vydr\u017eia aj vonku. Ke\u010f cez kon\u0161trukciu preves\u00ed\u0161 l\u00e1tku, dod\u00e1\u0161 terase nielen tienenie, ale aj \u0161t\u00fdl s minim\u00e1lnymi n\u00e1kladmi.<\/p>\n<p><strong>V\u0161etky tieto projekty s\u00fa skuto\u010dne jednoduch\u00e9 a zvl\u00e1dne ich v\u00e4\u010d\u0161ina majite\u013eov domov, tak\u017ee si svoj dvor uprav\u00ed\u0161 presne pod\u013ea seba a z\u00e1rove\u0148 u\u0161etr\u00ed\u0161.<\/strong><\/p>\n<\/details><details class=\"g-accordion \"><summary><h3>Ako m\u00f4\u017eu stavebnicov\u00e9 sady prekrytia terasy vylep\u0161i\u0165 tvoj vonkaj\u0161\u00ed priestor?<\/h3><\/summary>\n<p>Sady na prekrytie terasy pon\u00fakaj\u00fa jednoduch\u00e9 a efekt\u00edvne rie\u0161enie, ako premeni\u0165 dvor na \u00fatuln\u00e9 miesto. V\u010faka <strong>predpripraven\u00fdm dielom<\/strong> a <strong>preh\u013eadn\u00e9mu n\u00e1vodu<\/strong> je mont\u00e1\u017e naozaj nen\u00e1ro\u010dn\u00e1. Vybra\u0165 si m\u00f4\u017ee\u0161 z r\u00f4znych ve\u013ekost\u00ed a \u0161t\u00fdlov, tak\u017ee ka\u017ed\u00fd si n\u00e1jde presne to, \u010do sa mu p\u00e1\u010di.<\/p>\n<p>Aj ke\u010f si s\u00e1m e\u0161te \u017eiadny projekt nestaval, stavebnicov\u00e9 sady to v\u00fdrazne u\u013eah\u010dia \u2013 v\u010faka nim si r\u00fdchlo vytvor\u00ed\u0161 vo vonkaj\u0161om prostred\u00ed nov\u00e9 miesto na oddych \u010di z\u00e1bavu. Zabezpe\u010d\u00ed\u0161 si <strong>tie\u0148 a ochranu<\/strong> pred po\u010das\u00edm, \u010do zlep\u0161\u00ed pohodlie aj mo\u017enosti vyu\u017eitia.<\/p>\n<p>Sady sa vyr\u00e1baj\u00fa v r\u00f4znych dizajnoch z materi\u00e1lu ako <strong>hlin\u00edk<\/strong> \u010di <strong>drevo<\/strong>. \u010ci u\u017e m\u00e1\u0161 rad\u0161ej modern\u00fd minimalizmus alebo rustik\u00e1lny \u0161mrnc, v\u017edy si m\u00f4\u017ee\u0161 zvoli\u0165 pod\u013ea seba.<\/p>\n<p><strong>V\u010faka invest\u00edcii do takejto sady z\u00edska\u0161 nielen kraj\u0161\u00ed priestor, ale aj funk\u010dn\u00e9 rie\u0161enie pre relax \u010di stretnutia s priate\u013emi.<\/strong><\/p>\n<\/details><details class=\"g-accordion \"><summary><h3>\u010co s\u00fa pevn\u00e9 prekrytia terasy a ak\u00e9 s\u00fa ich v\u00fdhody?<\/h3><\/summary>\n<p>Pevn\u00e9 prekrytia terasy s\u00fa trvalo namontovan\u00e9 kon\u0161trukcie, ktor\u00e9 poskytuj\u00fa neust\u00e1ly tie\u0148 a ochranu pred po\u010das\u00edm. Po in\u0161tal\u00e1cii u\u017e vy\u017eaduj\u00fa len minimum starostlivosti a s\u00fa navrhnut\u00e9 tak, aby odolali aj n\u00e1ro\u010dn\u00fdm podmienkam. Vyr\u00e1baj\u00fa sa z materi\u00e1lov, ako je <strong>hlin\u00edk<\/strong> alebo <strong>drevo<\/strong>, a pon\u00fakaj\u00fa preto mno\u017estvo mo\u017enost\u00ed dizajnu aj \u0161t\u00fdlu.<\/p>\n<ul>\n<li>hlin\u00edk je ob\u013e\u00faben\u00fd pre svoj modern\u00fd vzh\u013ead a odolnos\u0165 vo\u010di po\u010dasiu,<\/li>\n<li>drevo, napr\u00edklad c\u00e9der, zasa vnesie do priestoru prirodzen\u00fa kr\u00e1su a \u00fatulnos\u0165.<\/li>\n<\/ul>\n<p>Pevn\u00e9 prekrytia ale nie s\u00fa len o vzh\u013eade. Spo\u013eahlivo chr\u00e1nia pred slnkom i da\u017e\u010fom, tak\u017ee sa viac nebude\u0161 musie\u0165 b\u00e1\u0165 po\u010dasia, ke\u010f si chce\u0161 u\u017e\u00edva\u0165 vonku. V\u010faka nim bude\u0161 m\u00f4c\u0165 terasu vyu\u017e\u00edva\u0165 po cel\u00fd rok. Navy\u0161e sa daj\u00fa \u0161t\u00fdlovo zladi\u0165 s domom \u010di z\u00e1hradou a e\u0161te vylep\u0161ia celkov\u00fd dojem z priestoru.<\/p>\n<p><strong>Okrem praktickosti zvy\u0161uj\u00fa tieto pevn\u00e9 stavby aj hodnotu nehnute\u013enosti t\u00fdm, \u017ee zlep\u0161uj\u00fa vyu\u017eite\u013enos\u0165 a vzh\u013ead dvora.<\/strong> Ak si spr\u00e1vne zvol\u00ed\u0161 materi\u00e1l, tvoj pr\u00edstre\u0161ok prepoj\u00ed \u00fa\u010delnos\u0165 so \u0161t\u00fdlom a vytvor\u00ed tak atrakt\u00edvny priestor na b\u00fdvanie vonku.<\/p>\n<\/details><details class=\"g-accordion \"><summary><h3>Ako m\u00f4\u017ee prekrytie terasy premeni\u0165 dvor na zelen\u00fa o\u00e1zu?<\/h3><\/summary>\n<p>Prekrytie terasy dok\u00e1\u017ee z tvojho dvora spravi\u0165 pr\u00edjemn\u00fa, oddychov\u00fa o\u00e1zu. T\u00fdm, \u017ee zabezpe\u010d\u00ed <strong>komfortn\u00fd vonkaj\u0161\u00ed priestor<\/strong>, st\u00e1va sa terasa ob\u013e\u00faben\u00fdm miestom po\u010das slne\u010dn\u00fdch dn\u00ed. Aj po\u010das hor\u00fa\u010dav je na nej pr\u00edjemne, tak\u017ee je ide\u00e1lna na relax aj spolo\u010densk\u00e9 stretnutia.<\/p>\n<p>Ke\u010f prid\u00e1\u0161 vhodn\u00fd n\u00e1bytok, ohnisko alebo ozdobn\u00e9 doplnky, cel\u00fd dojem pov\u00fd\u0161i\u0161 e\u0161te vy\u0161\u0161ie. Tak\u00e9to doplnky ti <strong>skr\u00e1\u0161lia dvor<\/strong> a zlep\u0161ia jeho praktick\u00e9 vyu\u017eitie, napr\u00edklad na posedenia \u010di romantick\u00e9 ve\u010dery. Ohnisko poskytne teplo v chladnej\u0161\u00edch d\u0148och a dobre vybran\u00e9 dekor\u00e1cie uk\u00e1\u017eu tvoj unik\u00e1tny vkus.<\/p>\n<p>Ak si vyberie\u0161 materi\u00e1ly ako <strong>c\u00e9der<\/strong> alebo <strong>hlin\u00edk<\/strong>, m\u00e1\u0161 mo\u017enos\u0165 prisp\u00f4sobi\u0165 si celkov\u00fd vzh\u013ead svojho z\u00e1kutia tak, aby odpovedal tvojej predstave o dokonalom dvore.<\/p>\n<\/details><details class=\"g-accordion \"><summary><h3>Ak\u00e9 s\u00fa najlep\u0161ie vlastnosti vysn\u00edvan\u00e9ho prekrytia terasy?<\/h3><\/summary>\n<p>Pri navrhovan\u00ed svojho ide\u00e1lneho prekrytia terasy sa zameraj na <strong>odolnos\u0165<\/strong>, <strong>\u0161t\u00fdl<\/strong> a <strong>praktickos\u0165<\/strong>.<\/p>\n<ul>\n<li>zvo\u013e <strong>hlin\u00edk<\/strong>, ak ti ide o pevnos\u0165 a z\u00e1rove\u0148 chce\u0161 minim\u00e1lne stara\u0165 sa o \u00fadr\u017ebu,<\/li>\n<li>ak t\u00fa\u017ei\u0161 po pr\u00edrodnom vzh\u013eade, <strong>c\u00e9der<\/strong> je skvel\u00fd v\u010faka prirodzenej odolnosti vo\u010di hnilobe,<\/li>\n<li>pre lep\u0161iu atmosf\u00e9ru nain\u0161taluj zabudovan\u00e9 osvetlenie, aby si svoju terasu mohol vyu\u017e\u00edva\u0165 aj ve\u010der,<\/li>\n<li>na hor\u00face dni zv\u00e1\u017e aj stropn\u00e9 ventil\u00e1tory.<\/li>\n<\/ul>\n<p>Ak si chce\u0161 terasu u\u017e\u00edva\u0165 po cel\u00fd rok, oplat\u00ed sa prida\u0165 <strong>vykurovanie<\/strong> \u2013 zabudovan\u00e9 alebo prenosn\u00e9 ohrieva\u010de s\u00fa ve\u013ekou v\u00fdhodou po\u010das chladnej\u0161\u00edch mesiacov. Pri vlastnom n\u00e1vrhu si m\u00f4\u017ee\u0161 pr\u00edstre\u0161ok farebne aj tvarovo zladi\u0165 s domom \u010di svojimi ob\u013e\u00faben\u00fdmi doplnkami. Ke\u010f sa s\u00fastred\u00ed\u0161 na tieto detaily, vytvor\u00ed\u0161 si prekrytie, ktor\u00e9 je nielen praktick\u00e9 a \u0161t\u00fdlov\u00e9, ale sprav\u00ed z tvojho dvora pr\u00edjemn\u00e9 miesto na odpo\u010dinok aj z\u00e1bavu.<\/p>\n<\/details><details class=\"g-accordion \"><summary><h3>Ako ti m\u00f4\u017ee fotogal\u00e9ria pom\u00f4c\u0165 pri n\u00e1vrhu tvojho pr\u00edstre\u0161ku?<\/h3><\/summary>\n<p>Fotogal\u00e9ria je super n\u00e1pad, ak h\u013ead\u00e1\u0161 in\u0161pir\u00e1ciu na svoj pr\u00edstre\u0161ok. V\u010faka nej si m\u00f4\u017ee\u0161 prezrie\u0165 mno\u017estvo \u0161t\u00fdlov, materi\u00e1lov aj rozlo\u017een\u00ed a z\u00edska\u0165 nov\u00e9 n\u00e1pady na to, ako by mohla tvoja terasa vyzera\u0165. Mo\u017eno \u0165a oslov\u00ed rustik\u00e1lny <strong>c\u00e9der<\/strong> alebo modern\u00fd, elegantn\u00fd <strong>hlin\u00edk<\/strong>.<\/p>\n<p>Prezeran\u00edm obr\u00e1zkov si \u013eah\u0161ie predstav\u00ed\u0161, ako farebn\u00e9 kombin\u00e1cie a detaily ovplyvnia celkov\u00fd dojem. M\u00f4\u017ee\u0161 na\u010derpa\u0165 tvoriv\u00fa energiu a objavi\u0165 rie\u0161enia, ktor\u00e9 \u0165a dovtedy nenapadli. <strong>Dobre zostaven\u00e1 fotogal\u00e9ria sl\u00fa\u017ei ako kreat\u00edvna pr\u00edru\u010dka a umo\u017en\u00ed ti navrhn\u00fa\u0165 si jedine\u010dn\u00fd a osobit\u00fd pr\u00edstre\u0161ok, ktor\u00fd vystihne tvoj vkus a vylep\u0161\u00ed tvoj vonkaj\u0161\u00ed svet.<\/strong><\/p>\n<\/details><details class=\"g-accordion \"><summary><h3>Ak\u00e9 s\u00fa v\u00fdhody tieniacich plachiet a siet\u00ed?<\/h3><\/summary>\n<p>Tieniace plachty a siete prin\u00e1\u0161aj\u00fa ve\u013ea v\u00fdhod t\u00fdm, ktor\u00ed chc\u00fa ma\u0165 funk\u010dn\u00fd aj \u0161t\u00fdlov\u00fd vonkaj\u0161\u00ed priestor. S\u00fa \u013eahk\u00e9, jednoducho sa montuj\u00fa a poskytuj\u00fa <strong>nastavite\u013en\u00fd tie\u0148<\/strong>, ktor\u00fd m\u00f4\u017ee\u0161 meni\u0165 pod\u013ea pohybu slnka, tak\u017ee je terasa ove\u013ea pohodlnej\u0161ia.<\/p>\n<p>V\u010faka r\u00f4znym dizajnom a farb\u00e1m plachty nielen chr\u00e1nia pred <strong>\u0161kodliv\u00fdmi UV l\u00fa\u010dmi<\/strong>, ale tie\u017e o\u017eivia terasu o modern\u00fd alebo \u00fatuln\u00fd prvok. S\u00fa mimoriadne univerz\u00e1lne a daj\u00fa sa pou\u017ei\u0165 prakticky kdeko\u013evek \u2013 \u010di u\u017e si vyberie\u0161 minimalistick\u00fd alebo sk\u00f4r rustik\u00e1lny \u0161t\u00fdl.<\/p>\n<p>V\u00fdhodou je aj ich <strong>cenov\u00e1 dostupnos\u0165<\/strong> v porovnan\u00ed s trval\u00fdmi pevn\u00fdmi kon\u0161trukciami. V\u010faka nim si m\u00f4\u017ee\u0161 spravi\u0165 pekn\u00fd dvor pod\u013ea svojho vkusu aj s men\u0161\u00edm rozpo\u010dtom. Ak si teda zvol\u00ed\u0161 tieniace plachty alebo siete, z\u00edska\u0161 praktick\u00fd aj estetick\u00fd efekt a z\u00e1rove\u0148 priestor pod\u013ea seba.<\/p>\n<\/details> <details class=\"g-accordion \"><summary><h3>Mali by ste zv\u00e1\u017ei\u0165 mark\u00edzy na terasu?<\/h3><\/summary>\n<p>Mark\u00edzy s\u00fa skvel\u00fdm sp\u00f4sobom, ako vylep\u0161i\u0165 svoju terasu \u2013 zabezpe\u010dia ti pr\u00edjemn\u00fd tie\u0148 aj ochranu pred rozmarami po\u010dasia. Na v\u00fdber m\u00e1\u0161 mno\u017estvo \u0161t\u00fdlov a materi\u00e1lov, tak\u017ee si \u013eahko n\u00e1jde\u0161 tak\u00fa, ktor\u00e1 sa hod\u00ed k tvojmu domu. Tieto pr\u00edstre\u0161ky premenia tvoje vonkaj\u0161ie priestory na pohodlnej\u0161ie miesta t\u00fdm, \u017ee \u0165a chr\u00e1nia pred da\u017e\u010fom aj slnkom. V\u010faka tomu bude\u0161 svoju terasu vyu\u017e\u00edva\u0165 omnoho \u010dastej\u0161ie.<\/p>\n<p><strong>M\u00f4\u017ee\u0161 si vybra\u0165 medzi v\u00fdsuvnou alebo pevnou mark\u00edzou v z\u00e1vislosti od toho, ak\u00fa flexibilitu chce\u0161.<\/strong> Spr\u00e1vny v\u00fdber materi\u00e1lov a farieb v\u00fdrazne vylep\u0161\u00ed vzh\u013ead tvojho domu zvonka, tak\u017ee mark\u00edzy nie s\u00fa len praktick\u00fdm, ale aj \u0161t\u00fdlov\u00fdm doplnkom na ak\u00fako\u013evek terasu.<\/p>\n<\/details><details class=\"g-accordion \"><summary><h3>Ako m\u00f4\u017ee pr\u00edstre\u0161ok s mark\u00edzou prinies\u0165 flexibilitu?<\/h3><\/summary>\n<p>Pr\u00edstre\u0161ok s <strong>mark\u00edzou<\/strong> prin\u00e1\u0161a do vonkaj\u0161\u00edch priestorov v\u00fdnimo\u010dn\u00fa flexibilitu \u2013 v\u010faka nemu si vie\u0161 jednoducho regulova\u0165 slnko aj tie\u0148. Toto prisp\u00f4sobenie je ide\u00e1lne pri meniacom sa po\u010das\u00ed a v\u00fdrazne zvy\u0161uje pohodlie. <strong>Kedyko\u013evek mark\u00edzu vysunie\u0161 alebo zasunie\u0161<\/strong> pod\u013ea potreby, pon\u00faka viac mo\u017enost\u00ed ne\u017e trval\u00fd pr\u00edstre\u0161ok.<\/p>\n<ul>\n<li>V chladnej\u0161\u00edch d\u0148och si m\u00f4\u017ee\u0161 u\u017e\u00edva\u0165 slne\u010dn\u00e9 l\u00fa\u010de,<\/li>\n<li>v hor\u00fa\u010dave si sprav\u00ed\u0161 potrebn\u00fd tie\u0148,<\/li>\n<li>a tvoja terasa tak zost\u00e1va \u00fatuln\u00fdm miestom po\u010das cel\u00e9ho roka.<\/li>\n<\/ul>\n<p>Navy\u0161e, <strong>nastavite\u013en\u00e9 mark\u00edzy<\/strong> sa vedia prisp\u00f4sobi\u0165 r\u00f4znym aktivit\u00e1m aj osobn\u00e9mu vkusu \u2013 vytvoria ti priestor presne pod\u013ea tvojich predst\u00e1v.<\/p>\n<\/details><details class=\"g-accordion \"><summary><h3>Ak\u00e9 s\u00fa v\u00fdhody hlin\u00edkovej pergoly?<\/h3><\/summary>\n<p><strong>Hlin\u00edkov\u00e9 pergoly<\/strong> s\u00fa zn\u00e1me svojou <strong>dlhou \u017eivotnos\u0165ou<\/strong> a <strong>minim\u00e1lnou \u00fadr\u017ebou<\/strong>, preto s\u00fa skvelou vo\u013ebou na vylep\u0161enie vonkaj\u0161\u00edch z\u00f3n. Odol\u00e1vaj\u00fa v\u0161etk\u00fdm rozmarom po\u010dasia a nemenia sa r\u00fdchlo ani pri v\u00fdrazn\u00fdch v\u00fdkyvoch. Vyr\u00e1baj\u00fa sa v r\u00f4znych \u0161t\u00fdloch aj farb\u00e1ch, tak\u017ee si vie\u0161 prisp\u00f4sobi\u0165 pergolu pod\u013ea svojich predst\u00e1v.<\/p>\n<p>Tak\u00e9to pergoly z\u00e1rove\u0148 poskytuj\u00fa tie\u0148 a umo\u017e\u0148uj\u00fa vo\u013en\u00e9 pr\u00fadenie vzduchu, tak\u017ee vytv\u00e1raj\u00fa pr\u00edjemn\u00e9 miesto so spr\u00e1vnym pomerom svetla a v\u00e1nku. T\u00fdm v\u0161etk\u00fdm s\u00fa hlin\u00edkov\u00e9 pergoly praktick\u00fdm a z\u00e1rove\u0148 \u0161t\u00fdlov\u00fdm o\u017eiven\u00edm ka\u017ed\u00e9ho dvora \u010di z\u00e1hrady.<\/p>\n<\/details><details class=\"g-accordion \"><summary><h3>Pre\u010do si vybra\u0165 alt\u00e1nok z c\u00e9drov\u00e9ho dreva?<\/h3><\/summary>\n<p>Ak si zvol\u00ed\u0161 <strong>alt\u00e1nok z c\u00e9drov\u00e9ho dreva<\/strong>, tvoja terasa z\u00edska mno\u017estvo v\u00fdhod. Prirodzen\u00fd, rustik\u00e1lny vzh\u013ead <strong>c\u00e9dr dod\u00e1va teplo a \u00fatulnos\u0165<\/strong>, v\u010faka \u010domu sa z\u00e1hrada premen\u00ed na pr\u00edjemn\u00e9 miesto na oddych. C\u00e9der je presl\u00e1ven\u00fd svojou trv\u00e1cnos\u0165ou \u2013 <strong>odol\u00e1va hnilobe aj poveternostn\u00fdm vplyvom<\/strong>, tak\u017ee alt\u00e1nok ti vydr\u017e\u00ed dlh\u00e9 roky.<\/p>\n<p>Navy\u0161e v\u00f4\u0148a c\u00e9dru vylep\u0161\u00ed z\u00e1\u017eitok z pobytu vonku a oslov\u00ed v\u0161etky tvoje zmysly. Unik\u00e1tna kombin\u00e1cia kr\u00e1sy a odolnosti rob\u00ed z c\u00e9drov\u00e9ho alt\u00e1nku ide\u00e1lnu vo\u013ebu, ak chce\u0161 vytvori\u0165 <strong>\u00fatuln\u00e9, ale aj pevn\u00e9 miest na oddych<\/strong> vo svojej z\u00e1hrade.<\/p>\n<\/details><details class=\"g-accordion \"><summary><h3>Ak\u00e9 s\u00fa v\u00fdhody tienenia na terase?<\/h3><\/summary>\n<p>Pridanie tieniacej kon\u0161trukcie na terasu ti prinesie tieto v\u00fdhody:<\/p>\n<ul>\n<li>ochr\u00e1ni \u0165a pred slnkom a umo\u017en\u00ed ti u\u017e\u00edva\u0165 si pobyt vonku aj v hor\u00fa\u010dav\u00e1ch,<\/li>\n<li>prispieva k pohodliu a zni\u017euje vystavenie \u0161kodliv\u00e9mu UV \u017eiareniu,<\/li>\n<li>pretransformuje terasy na pr\u00edjemn\u00e9 miesta pre stretnutia s priate\u013emi,<\/li>\n<li>vytvor\u00ed ide\u00e1lne prostredie na oslavy \u010di oddych v kruhu rodiny,<\/li>\n<li>chr\u00e1ni tvoje z\u00e1hradn\u00e9 sedenie pred siln\u00fdm slnkom, tak\u017ee farby nevybledn\u00fa a materi\u00e1ly sa nepo\u0161kodia,<\/li>\n<li>zlep\u0161uje energetick\u00fa \u00fa\u010dinnos\u0165 tvojho domu obmedzen\u00edm prenosu tepla dovn\u00fatra.<\/li>\n<\/ul>\n<p>Na v\u00fdber m\u00e1\u0161 viac mo\u017enost\u00ed \u2013 <strong>pergoly<\/strong>, <strong>plachty<\/strong> aj <strong>mark\u00edzy<\/strong> sa daj\u00fa upravi\u0165 pod\u013ea tvojho vkusu aj ve\u013ekosti priestoru. <strong>\u010ci u\u017e si zvol\u00ed\u0161 elegantn\u00fa pergolu alebo praktick\u00fa mark\u00edzu, tienenie zv\u00fd\u0161i funk\u010dnos\u0165 aj kr\u00e1su ka\u017ed\u00e9ho vonkaj\u0161ieho priestoru.<\/strong><\/p>\n<\/details><details class=\"g-accordion \"><summary><h3>Ako m\u00f4\u017ee \u0161t\u00edtov\u00fd pr\u00edstre\u0161ok vylep\u0161i\u0165 tvoju terasu?<\/h3><\/summary>\n<p><p><strong>\u0160t\u00edtov\u00fd pr\u00edstre\u0161ok<\/strong> dod\u00e1 tvojmu vonkaj\u0161iemu priestoru \u0161arm a z\u00e1rove\u0148 poskytne viac priestoru nad hlavou. Jeho \u0161ikm\u00e1 strecha zlep\u0161uje cirkul\u00e1ciu vzduchu a p\u00fa\u0161\u0165a dovn\u00fatra viac prirodzen\u00e9ho svetla, \u010d\u00edm vytv\u00e1ra pohodln\u00e9 prostredie. Pr\u00edstre\u0161ok si m\u00f4\u017ee\u0161 prisp\u00f4sobi\u0165 materi\u00e1lmi ako hlin\u00edk alebo c\u00e9der, aby ladil s tvoj\u00edm domom, tak\u017ee z\u00edska\u0161 kombin\u00e1ciu elegancie a praktick\u00e9ho vyu\u017eitia.<\/p>\n<\/p>\n<p><p>Navy\u0161e, <strong>\u0161t\u00edtov\u00e9 pr\u00edstre\u0161ky zlep\u0161uj\u00fa vetranie<\/strong> a navodzuj\u00fa pocit otvorenosti, tak\u017ee s\u00fa ide\u00e1lne tam, kde chce\u0161 viac vzduchu a priestoru. Ak dolad\u00ed\u0161 farby a materi\u00e1ly, vytvor\u00ed\u0161 si vonkaj\u0161\u00ed priestor presne pod\u013ea seba a vyu\u017eije\u0161 v\u0161etky v\u00fdhody tak\u00e9hoto rie\u0161enia.<\/p>\n<\/p>\n<\/details><details class=\"g-accordion \"><summary><h3>Ak\u00e9 s\u00fa v\u00fdhody samostatne stojaceho pr\u00edstre\u0161ku?<\/h3><\/summary>\n<p>Vo\u013ene stojace pr\u00edstre\u0161ky na terasu maj\u00fa ve\u013ea v\u00fdhod \u2013 poskytuj\u00fa ti slobodu pri navrhovan\u00ed aj umiest\u0148ovan\u00ed. V\u010faka nim si vytvor\u00ed\u0161 jedine\u010dn\u00e9 vonkaj\u0161ie \u00fato\u010disko, ktor\u00e9 nemus\u00ed by\u0165 spojen\u00e9 s domom. Tieto pr\u00edstre\u0161ky poskytuj\u00fa tie\u0148 a ochranu, aj ke\u010f stoja samostatne, a umo\u017enia oddeli\u0165 napr\u00edklad priestor na jedenie od z\u00f3ny na oddych, \u010do e\u0161te viac zatrakt\u00edvni tvoj dvor.<\/p>\n<ul>\n<li>Ve\u013ek\u00fdm plusom je, \u017ee ich m\u00f4\u017ee\u0161 umiestni\u0165 kamko\u013evek, aby si si u\u017eil slnko alebo pekn\u00fd v\u00fdh\u013ead,<\/li>\n<li>vybra\u0165 si vie\u0161 r\u00f4zne materi\u00e1ly \u2013 hlin\u00edk p\u00f4sob\u00ed modernej\u0161ie, c\u00e9der dod\u00e1 \u00fatulnos\u0165, tak\u017ee z\u00e1\u017eitok zvonku bude v\u017edy pod\u013ea teba,<\/li>\n<li>tak\u00e9to pr\u00edstre\u0161ky \u0165a ochr\u00e1nia pred slnkom aj da\u017e\u010fom, a z\u00e1rove\u0148 zachovaj\u00fa pocit vo\u013en\u00e9ho priestoru.<\/li>\n<\/ul>\n<p>Kedysi prid\u00e1\u0161 <strong>osvetlenie<\/strong> alebo <strong>ventil\u00e1tor<\/strong>, z\u00edska\u0161 e\u0161te viac pohodlia. Celkovo ti samostatne stojaci pr\u00edstre\u0161ok pon\u00fakne dvor, ktor\u00fd je variabiln\u00fd, kr\u00e1sny a dokonale zodpoved\u00e1 tvojmu \u0161t\u00fdlu aj potreb\u00e1m.<\/p>\n<\/details><details class=\"g-accordion \"><summary><h3>Pre\u010do pripoji\u0165 pr\u00edstre\u0161ok priamo k domu?<\/h3><\/summary>\n<p>Pripojenie pr\u00edstre\u0161ku k domu prin\u00e1\u0161a praktick\u00e9 aj vizu\u00e1lne v\u00fdhody. Pekne splynie s domom, tak\u017ee vytvor\u00ed jednotn\u00fd a vkusn\u00fd dojem. <strong>Toto plynul\u00e9 spojenie nielen zvy\u0161uje kr\u00e1su domu, ale hlavne u\u013eah\u010duje prechod medzi vn\u00fatrom a vonkaj\u0161\u00edm priestorom.<\/strong><\/p>\n<p>Pr\u00edstre\u0161ok z\u00e1rove\u0148 ochr\u00e1ni pred da\u017e\u010fom alebo siln\u00fdm slnkom a umo\u017en\u00ed u\u017e\u00edva\u0165 si terasu po\u010das cel\u00e9ho roka. Ochr\u00e1ni tie\u017e tvoje sedenie a doplnky pred po\u0161koden\u00edm, v\u010faka \u010domu vydr\u017eia dlh\u0161ie pekn\u00e9.<\/p>\n<p>Okrem toho vylep\u0161enie terasy zv\u00fd\u0161i hodnotu tvojho domu, ke\u010f\u017ee z\u00edska\u0161 nov\u00fd vyu\u017eite\u013en\u00fd priestor, kde si u\u017eije\u0161 pohodu aj \u010das s priate\u013emi. Pr\u00edstre\u0161ok m\u00f4\u017ee by\u0165 z:<\/p>\n<ul>\n<li>hlin\u00edka,<\/li>\n<li>c\u00e9dru,<\/li>\n<li>alebo in\u00e9ho materi\u00e1lu pod\u013ea tvojho vkusu.<\/li>\n<\/ul>\n<p>V\u010faka tomu si vie\u0161 v\u0161etko navrhn\u00fa\u0165 pod\u013ea seba \u2013 a z\u00e1rove\u0148 to nikde nebude neladi\u0165 s domom.<\/p>\n<\/details><details class=\"g-accordion \"><summary><h3>Ako m\u00f4\u017ee kamenn\u00fd st\u013ap doda\u0165 terase eleganciu?<\/h3><\/summary>\n<p>Pr\u00edstre\u0161ok na terase s kamenn\u00fdmi st\u013apmi dod\u00e1 tvojmu vonkaj\u0161iemu priestoru <strong>eleganciu<\/strong> a <strong>pevnos\u0165<\/strong>. Ich nad\u010dasov\u00fd vzh\u013ead sa hod\u00ed k r\u00f4znym \u0161t\u00fdlom domov a e\u0161te zv\u00fdrazn\u00ed celkov\u00fa kr\u00e1su priestoru. <strong>Pevn\u00e9 st\u013apy<\/strong> zabezpe\u010dia, \u017ee ti pr\u00edstre\u0161ok vydr\u017e\u00ed dlh\u00e9 roky.<\/p>\n<p>Navy\u0161e tak\u00fdto dizajn premen\u00ed terasu na pr\u00edjemn\u00e9 miesto s <strong>luxusnou atmosf\u00e9rou<\/strong>. S kame\u0148om si vie\u0161 priestor prisp\u00f4sobi\u0165 presne pod\u013ea seba a z\u00e1rove\u0148 si zachov\u00e1\u0161 \u0161t\u00fdl aj nad\u010dasov\u00fa eleganciu.<\/p>\n<\/details><details class=\"g-accordion \"><summary><h3>Ako vytvori\u0165 vonkaj\u0161ie izby pomocou pr\u00edstre\u0161ku na terase?<\/h3><\/summary>\n<p>Ak chce\u0161 pomocou pr\u00edstre\u0161ku vytvori\u0165 na dvore \u201evonkaj\u0161ie izby\u201c, je d\u00f4le\u017eit\u00e9 najprv premyslie\u0165, na \u010do bude ka\u017ed\u00fd priestor sl\u00fa\u017ei\u0165 \u2013 napr\u00edklad na jedlo, oddych alebo varenie \u2013 a hranice miestnost\u00ed vyzna\u010di\u0165 n\u00e1bytkom a dekor\u00e1ciami.<\/p>\n<ul>\n<li>vyber tak\u00fd typ pr\u00edstre\u0161ku, ktor\u00fd sa hod\u00ed k tomu, na \u010do bude dan\u00e1 \u010das\u0165 ur\u010den\u00e1,<\/li>\n<li>napr\u00edklad <strong>hlin\u00edkov\u00e1 pergola<\/strong> pust\u00ed dnu trochu slnka aj vzduch, tak\u017ee je ide\u00e1lna nad jed\u00e1lensk\u00fd st\u00f4l,<\/li>\n<li>naopak <strong>c\u00e9drov\u00fd pr\u00edstre\u0161ok<\/strong> dod\u00e1 pohodu a \u00fatulnos\u0165 \u2013 vhodn\u00e9 na le\u0148o\u0161enie s rodinou.<\/li>\n<\/ul>\n<p>Prirodzen\u00e9 hranice vie\u0161 zv\u00fdrazni\u0165 aj zele\u0148ou a \u017eiv\u00fdmi plotmi. Vyber si pr\u00edstre\u0161ok, ktor\u00fd vystihuje tvoj \u0161t\u00fdl a z\u00e1rove\u0148 \u0165a ochr\u00e1ni pred po\u010das\u00edm.<\/p>\n<p>Pridaj aj osvetlenie alebo stropn\u00fd ventil\u00e1tor, aby bolo v\u0161etko e\u0161te pohodlnej\u0161ie. <strong>Dobre premyslen\u00fd dizajn ti nielen zjednodu\u0161\u00ed \u017eivot, ale premen\u00ed dvor na kr\u00e1sne a prisp\u00f4sobiv\u00e9 miesto, kde si ka\u017ed\u00fd n\u00e1jde to svoje.<\/strong><\/p>\n<\/details><details class=\"g-accordion \"><summary><h3>Ak\u00e9 mo\u017enosti m\u00e1\u0161, ak chce\u0161 prekry\u0165 terasu pri baz\u00e9ne?<\/h3><\/summary>\n<p>Pri v\u00fdbere pr\u00edstre\u0161ku na terasu pri baz\u00e9ne m\u00e1\u0161 poruke hne\u010f viacero praktick\u00fdch aj \u0161t\u00fdlov\u00fdch rie\u0161en\u00ed:<\/p>\n<ul>\n<li><strong>V\u00fdsuvn\u00e9 mark\u00edzy<\/strong> s\u00fa ve\u013emi flexibiln\u00e9 \u2013 pod\u013ea po\u010dasia si nastav\u00ed\u0161, ko\u013eko tie\u0148a alebo slnka chce\u0161. Preto s\u00fa v\u00fdbornou vo\u013ebou na \u00fapravu slne\u010dnej pohody,<\/li>\n<li>ak potrebuje\u0161 st\u00e1lu ochranu pred da\u017e\u010fom a slnkom, sk\u00fas pevn\u00e9 pr\u00edstre\u0161ky. Tie si m\u00f4\u017ee\u0161 necha\u0165 vyrobi\u0165 z hlin\u00edka alebo c\u00e9dra \u2013 prines\u00fa ti odolnos\u0165 aj pekn\u00fd dizajn,<\/li>\n<li>ak t\u00fa\u017ei\u0161 po modernej\u0161om vzh\u013eade, odoln\u00e9 tieniace plachty s\u00fa st\u00e1le popul\u00e1rnej\u0161ie. Nielen\u017ee dobre chr\u00e1nia pred slnkom, ale vybra\u0165 si m\u00f4\u017ee\u0161 z pestr\u00fdch farieb a tvarov, aby ladili s tvoj\u00edm dvorom.<\/li>\n<\/ul>\n<p>Ke\u010f\u017ee pri baz\u00e9ne je viac vlhko, ur\u010dite si vyberaj <strong>materi\u00e1ly odoln\u00e9 vo\u010di vlhkosti<\/strong>. Dobr\u00fd pr\u00edstre\u0161ok ti zlep\u0161\u00ed funk\u010dnos\u0165 aj vzh\u013ead priestoru \u2013 postar\u00e1 sa o tie\u0148, <strong>ochranu pred UV \u017eiaren\u00edm<\/strong> a tvoja terasa bude st\u00e1le l\u00e1kadlom.<\/p>\n<\/details><details class=\"g-accordion \"><summary><h3>Ako vie ozdobn\u00fd pr\u00edstre\u0161ok vyzdvihn\u00fa\u0165 cel\u00fd dizajn terasy?<\/h3><\/summary>\n<p>Ozdobn\u00fd pr\u00edstre\u0161ok vie tvoju terasu \u00faplne premeni\u0165 a dod\u00e1 jej \u0161mrnc aj osobitos\u0165. Ak prid\u00e1\u0161 zauj\u00edmav\u00e9 prvky \u2013 jemn\u00e9 vzory, netradi\u010dn\u00e9 tvary \u010di \u017eiariv\u00e9 farby \u2013 zatrakt\u00edvni\u0161 vzh\u013ead a z\u00e1rove\u0148 vyjadr\u00ed\u0161 svoj \u0161t\u00fdl. Takto vytvor\u00ed\u0161 poz\u00fdvaj\u00facu atmosf\u00e9ru.<\/p>\n<ul>\n<li>Skvelou vo\u013ebou je c\u00e9der alebo hlin\u00edk,<\/li>\n<li>ka\u017ed\u00fd z t\u00fdchto materi\u00e1lov m\u00e1 in\u00fa \u0161trukt\u00faru a dopln\u00ed tvoj ob\u013e\u00faben\u00fd \u0161t\u00fdl,<\/li>\n<li>ozdobn\u00e9 osvetlenie a l\u00e1tkov\u00e9 doplnky e\u0161te viac dotvoria celkov\u00fd dojem.<\/li>\n<\/ul>\n<p>Prisp\u00f4soben\u00edm t\u00fdchto detailov dok\u00e1\u017ee\u0161 aj oby\u010dajn\u00fa terasu zmeni\u0165 na jedine\u010dn\u00fd priestor, ktor\u00fd bude odr\u00e1\u017ea\u0165 tvoj vkus a z\u00e1rove\u0148 bude praktick\u00fd aj kr\u00e1sny na poh\u013ead.<\/p>\n<\/details><details class=\"g-accordion \"><summary><h3>Ak\u00e9 s\u00fa v\u00fdhody roz\u0161\u00edrenia terasov\u00e9ho pr\u00edstre\u0161ku?<\/h3><\/summary>\n<p>Ak si pr\u00edstre\u0161ok na terase roz\u0161\u00edri\u0161, z\u00edska\u0161 viac miesta aj komfortu pri tr\u00e1ven\u00ed \u010dasu vonku. Najv\u00e4\u010d\u0161ou v\u00fdhodou je nov\u00fd <strong>tie\u0148<\/strong>, v\u010faka ktor\u00e9mu bud\u00fa hor\u00face dni znesite\u013enej\u0161ie a priestor vyu\u017eije\u0161 e\u0161te dlh\u0161ie. Zrazu sa ti terasa bude zda\u0165 v\u00e4\u010d\u0161ia, zmest\u00ed\u0161 sem viac n\u00e1bytku aj dekor\u00e1ci\u00ed.<\/p>\n<p>Roz\u0161\u00edren\u00fd pr\u00edstre\u0161ok ti d\u00e1va aj v\u00e4\u010d\u0161iu vo\u013enos\u0165 \u2013 priestor sa d\u00e1 \u013eahko prisp\u00f4sobi\u0165 na stolovanie, le\u0148o\u0161enie alebo oslavy s priate\u013emi. V\u010faka tomu je terasa vyu\u017eite\u013en\u00e1 presne pod\u013ea tvojich predst\u00e1v aj \u0161t\u00fdlu.<\/p>\n<p>Z\u00e1rove\u0148 poskytne ochranu pred da\u017e\u010fom a vetrom \u2013 n\u00e1bytok a doplnky tak zostan\u00fa kraj\u0161ie ove\u013ea dlh\u0161ie a ty si m\u00f4\u017ee\u0161 u\u017e\u00edva\u0165 vonku v ka\u017edom po\u010das\u00ed.<\/p>\n<p><strong>Stru\u010dne povedan\u00e9 \u2013 pr\u00edstre\u0161ok s roz\u0161\u00edren\u00edm prin\u00e1\u0161a viac tie\u0148a, lep\u0161ie mo\u017enosti vyu\u017eitia a spo\u013eahliv\u00fa ochranu, \u010d\u00edm sa st\u00e1va neocenite\u013en\u00fdm k\u00faskom v ka\u017edej z\u00e1hrade.<\/strong><\/p>\n<\/details><details class=\"g-accordion \"><summary><h3>Ako m\u00f4\u017eu vyv\u00fd\u0161en\u00e9 stre\u0161n\u00e9 prvky vylep\u0161i\u0165 pr\u00edstre\u0161ok na terase?<\/h3><\/summary>\n<p><p><strong>Vyv\u00fd\u0161en\u00e9 stre\u0161n\u00e9 \u010dasti<\/strong> vedia skvelo vylep\u0161i\u0165 tvoj pr\u00edstre\u0161ok, preto\u017ee pridaj\u00fa v\u00fd\u0161ku aj \u0161t\u00fdl. Zlep\u0161\u00ed sa pr\u00fadenie vzduchu a prenikne viac svetla, tak\u017ee priestor je pr\u00edjemnej\u0161\u00ed a p\u00f4sob\u00ed vzdu\u0161nej\u0161ie. Tak\u00e1to v\u00fd\u0161ka prinesie aj pocit v\u00e4\u010d\u0161ej slobody a vkusn\u00fd vzh\u013ead.<\/p>\n<\/p>\n<p><p>Navy\u0161e, vyv\u00fd\u0161en\u00e9 stre\u0161n\u00e9 \u010dasti vytv\u00e1raj\u00fa zauj\u00edmav\u00fd tvar, v\u010faka \u010domu sa tvoja terasa stane neprehliadnute\u013en\u00fdm prvkom dvora. <strong>Tento jedine\u010dn\u00fd dizajn up\u00fata pozornos\u0165 a z\u00e1rove\u0148 vie ladi\u0165 s r\u00f4znymi \u0161t\u00fdlmi \u2013 od modern\u00fdch a\u017e po tradi\u010dn\u00e9.<\/strong><\/p>\n<\/p>\n<p><p>Kombin\u00e1ciou t\u00fdchto prvkov z\u00edska\u0161 vyv\u00e1\u017een\u00fa kombin\u00e1ciu funk\u010dnosti a elegancie a tvoj pr\u00edstre\u0161ok dostane \u00faplne nov\u00fd rozmer.<\/p>\n<\/p>\n<\/details><details class=\"g-accordion \"><summary><h3>Ak\u00e9 s\u00fa v\u00fdhody stropn\u00e9ho ventil\u00e1tora na terase?<\/h3><\/summary>\n<p>Ak nain\u0161taluje\u0161 na terasu stropn\u00fd ventil\u00e1tor, z\u00edska\u0161 mnoho v\u00fdhod \u2013 spoj\u00ed\u0161 pohodlie s pekn\u00fdm \u0161t\u00fdlom. Najm\u00e4 si zlep\u0161\u00ed\u0161 pr\u00fadenie vzduchu, tak\u017ee aj v najv\u00e4\u010d\u0161\u00edch hor\u00fa\u010dav\u00e1ch si m\u00f4\u017ee\u0161 pobyt vonku vychutn\u00e1va\u0165 v\u010faka svie\u017eemu v\u00e1nku.<\/p>\n<ul>\n<li>zlep\u0161uje cirkul\u00e1ciu vzduchu,<\/li>\n<li>odh\u00e1\u0148a otravn\u00fd hmyz,<\/li>\n<li>a prid\u00e1 tvojej terase \u0161t\u00fdlov\u00fd vzh\u013ead.<\/li>\n<\/ul>\n<p>Okrem toho, \u017ee \u0165a ventil\u00e1tor ochlad\u00ed, z\u00e1rove\u0148 odpud\u00ed hmyz a vytvor\u00ed pohodovej\u0161ie prostredie na stolovanie alebo n\u00e1v\u0161tevy. Tak\u00fdto ventil\u00e1tor pozdvihne aj vzh\u013ead celej terasy, lebo bude nielen u\u017eito\u010dn\u00fd, ale aj vkusn\u00fd doplnok.<\/p>\n<p>Ak si vyberie\u0161 model, ktor\u00fd sa bude hodi\u0165 k tvojmu n\u00e1bytku, terasa z\u00edska e\u0161te viac na kr\u00e1se. \u010ci u\u017e zvol\u00ed\u0161 modern\u00fd dizajn s \u010dist\u00fdmi l\u00edniami, alebo rustik\u00e1lny ventil\u00e1tor z dreva \u010di c\u00e9dra, tvoja terasa sa v\u010faka nemu stane e\u0161te pr\u00edjemnej\u0161\u00edm miestom na oddych.<\/p>\n<\/details><details class=\"g-accordion \"><summary><h3>Ako vylep\u0161ia ohnisk\u00e1 kryt\u00fa terasu?<\/h3><\/summary>\n<p>Ak na svojej krytej terase prid\u00e1\u0161 <strong>ohnisko<\/strong> alebo in\u00fd <strong>prvok s oh\u0148om<\/strong>, hne\u010f t\u00fdm zv\u00fdrazn\u00ed\u0161 \u010daro cel\u00e9ho priestoru. Ohe\u0148 zahreje a vytvor\u00ed pr\u00edjemn\u00fa atmosf\u00e9ru na stret\u00e1vanie aj ve\u010der. \u010casto sa <strong>ohnisk\u00e1<\/strong> alebo <strong>vonkaj\u0161ie krby<\/strong> stan\u00fa stredobodom terasy, tak\u017ee pril\u00e1kaj\u00fa priate\u013eov aj rodinu na spolo\u010dn\u00e9 chv\u00edle aj v chladnej\u0161om po\u010das\u00ed. Okrem pohody vylep\u0161ia celkov\u00fd dojem a premenia oby\u010dajn\u00fa terasu na \u00fatuln\u00e9 miesto. Navy\u0161e \u2013 tieto prvky perfektne zapadn\u00fa k r\u00f4znym \u0161t\u00fdlom ter\u00e1s a prisp\u00f4sobia sa ka\u017edej pr\u00edle\u017eitosti.<\/p>\n<\/details><details class=\"g-accordion \"><summary><h3>Ak\u00e9 s\u00fa v\u00fdhody s\u00fakromnej steny pri n\u00e1vrhu terasy?<\/h3><\/summary>\n<p>Pridanie <strong>s\u00fakromnej steny<\/strong> pri terase prin\u00e1\u0161a mno\u017estvo v\u00fdhod a vylep\u0161\u00ed pohodu aj vyu\u017eite\u013enos\u0165 vonkaj\u0161ieho priestoru. V prvom rade tak\u00e1to stena oddel\u00ed tvoj priestor od poh\u013eadov a zn\u00ed\u017ei hluk, tak\u017ee si u\u017eije\u0161 viac s\u00fakromia. <strong>V\u010faka tomu si m\u00f4\u017ee\u0161 terasu u\u017e\u00edva\u0165 bez ru\u0161enia okolit\u00fdm svetom alebo susedmi.<\/strong><\/p>\n<p>Tak\u00e9to steny m\u00f4\u017eu by\u0165 z dreva, kame\u0148a alebo kovu a jednoducho ich zladi\u0161 s dizajnom pr\u00edstre\u0161ku. Ak preferuje\u0161 modern\u00fd alebo sk\u00f4r rustik\u00e1lny \u0161t\u00fdl, r\u00f4zne materi\u00e1ly poskytn\u00fa potrebn\u00fa flexibilitu a e\u0161te aj zv\u00fdraznia kr\u00e1su priestoru.<\/p>\n<p>Z\u00e1rove\u0148 s\u00fakromn\u00e1 stena chr\u00e1ni aj pred vetrom alebo lietaj\u00facim prachom. A ak k nej prid\u00e1\u0161 pop\u00ednav\u00e9 rastliny alebo osvetlenie, z\u00edskava \u010fal\u0161ie praktick\u00e9 aj estetick\u00e9 funkcie.<\/p>\n<p>Skvele navrhnut\u00e1 s\u00fakromn\u00e1 stena ti teda dopraje viac komfortu, bezpe\u010dia a atmosf\u00e9ry, ktor\u00e1 bude presne pod\u013ea tvojho vkusu.<\/p>\n<\/details>\n","protected":false},"excerpt":{"rendered":"<p>Premen svoj vonkaj\u0161\u00ed priestor na oddych v\u010faka ide\u00e1lnemu prekrytiu terasy, ktor\u00e9 kombinuje \u0161t\u00fdl a funk\u010dnos\u0165. M\u00f4\u017ee\u0161 si vybra\u0165 pevn\u00e9 kon\u0161trukcie, ktor\u00e9 poskytn\u00fa spo\u013eahliv\u00fd tie\u0148, alebo sedlov\u00e9 strechy, ktor\u00e9 zlep\u0161uj\u00fa pr\u00fadenie vzduchu a vp\u00fa\u0161\u0165aj\u00fa viac denn\u00e9ho svetla. V\u00fdber je naozaj pestr\u00fd a ka\u017ed\u00fd si ho vie prisp\u00f4sobi\u0165 pod\u013ea svojich predst\u00e1v o z\u00e1hrade. V\u00fdber materi\u00e1lu je ve\u013emi d\u00f4le\u017eit\u00fd, ke\u010f chce\u0161 vytvori\u0165 svoj&hellip;<\/p>\n","protected":false},"author":14,"featured_media":5403,"comment_status":"closed","ping_status":"closed","sticky":false,"template":"","format":"standard","meta":{"rank_math_focus_keyword":"n\u00e1pady na prekrytie terasy","rank_math_title":"Najlep\u0161ie n\u00e1pady na prekrytie terasy pre \u0161t\u00fdlov\u00e9 vonkaj\u0161ie b\u00fdvanie","rank_math_description":"Objavte inovat\u00edvne n\u00e1pady na prekrytie terasy, ktor\u00e9 zv\u00fd\u0161ia \u0161t\u00fdl a funk\u010dnos\u0165 va\u0161ej vonkaj\u0161ej oblasti. N\u00e1jdite si perfektn\u00e9 prekrytie pre v\u00e1\u0161 priestor.","footnotes":""},"categories":[249],"tags":[],"class_list":["post-5477","post","type-post","status-publish","format-standard","has-post-thumbnail","hentry","category-vonkajsie-dekoracie"],"g_custom_schema_json":"<script type=\"application\/ld+json\">\n{\n  \"@context\": \"https:\/\/schema.org\",\n  \"@type\": \"FAQPage\",\n  \"mainEntity\": [\n    {\n      \"@type\": \"Question\",\n      \"name\": \"Ak\u00e9 s\u00fa ob\u013e\u00faben\u00e9 n\u00e1pady na prekrytie terasy?\",\n      \"acceptedAnswer\": {\n        \"@type\": \"Answer\",\n        \"text\": \"Prekrytia ter\u00e1s sa vyr\u00e1baj\u00fa v r\u00f4znych \u0161t\u00fdloch a ka\u017ed\u00fd z nich zlep\u0161\u00ed tvoje vonkaj\u0161ie b\u00fdvanie nielen funk\u010dne, ale aj vzh\u013eadom. Pevn\u00e9 prekrytia poskytuj\u00fa spo\u013eahliv\u00fd tie\u0148, s\u00fa odoln\u00e9 a vy\u017eaduj\u00fa minimum starostlivosti. Sedlov\u00e9 strechy vytv\u00e1raj\u00fa vy\u0161\u0161\u00ed strop, lep\u0161ie odvetr\u00e1vanie a p\u00fa\u0161\u0165aj\u00fa dovn\u00fatra viac prirodzen\u00e9ho svetla.\"\n      }\n    },\n    {\n      \"@type\": \"Question\",\n      \"name\": \"Ktor\u00e9 materi\u00e1ly s\u00fa najlep\u0161ie na prekrytie terasy?\",\n      \"acceptedAnswer\": {\n        \"@type\": \"Answer\",\n        \"text\": \"Spr\u00e1vny v\u00fdber materi\u00e1lu prekrytia terasy je k\u013e\u00fa\u010dov\u00fd na dlh\u00fa \u017eivotnos\u0165 aj dobr\u00fd vzh\u013ead. Medzi najob\u013e\u00fabenej\u0161ie patria hlin\u00edk a c\u00e9der, ke\u010f\u017ee ka\u017ed\u00fd m\u00e1 svoje \u0161pecifick\u00e9 v\u00fdhody. Hlin\u00edkov\u00e9 stre\u0161n\u00e9 prekrytia s\u00fa zn\u00e1me dlhou \u017eivotnos\u0165ou, jednoduchou \u00fadr\u017ebou a odolnos\u0165ou vo\u010di po\u010dasiu.\"\n      }\n    },\n    {\n      \"@type\": \"Question\",\n      \"name\": \"Ako ovplyv\u0148uje \u0161t\u00fdl a dizajn vzh\u013ead tvojej terasy?\",\n      \"acceptedAnswer\": {\n        \"@type\": \"Answer\",\n        \"text\": \"\u0160t\u00fdl a dizajn terasy v\u00fdrazne ovplyv\u0148uje celkov\u00fa atmosf\u00e9ru tvojej z\u00e1hrady. Modern\u00e9 prevedenia uprednost\u0148uj\u00fa \u010dist\u00e9 l\u00ednie a jednoduch\u00e9 tvary, pri\u010dom materi\u00e1ly ako hlin\u00edk dod\u00e1vaj\u00fa priestoru s\u00fa\u010dasn\u00fd vzh\u013ead. Naopak, rustik\u00e1lny \u0161t\u00fdl pou\u017e\u00edva pr\u00edrodn\u00e9 materi\u00e1ly.\"\n      }\n    },\n    {\n      \"@type\": \"Question\",\n      \"name\": \"Ak\u00fa \u00falohu zohr\u00e1va farebn\u00e1 sch\u00e9ma pri n\u00e1vrhu prekrytia terasy?\",\n      \"acceptedAnswer\": {\n        \"@type\": \"Answer\",\n        \"text\": \"Farebn\u00e9 kombin\u00e1cie s\u00fa pri n\u00e1vrhu prekrytia terasy ve\u013emi d\u00f4le\u017eit\u00e9 \u2013 ovplyv\u0148uj\u00fa n\u00e1ladu aj celkov\u00fd vzh\u013ead vonkaj\u0161ieho priestoru. Ak zlad\u00ed\u0161 farby, dosiahne\u0161 harmonick\u00fd dojem, ktor\u00fd bude odr\u00e1\u017ea\u0165 tvoj \u0161t\u00fdl. Napr\u00edklad neutr\u00e1lne odtiene ako b\u00e9\u017eov\u00e1 alebo siv\u00e1 p\u00f4sobia pokojne.\"\n      }\n    },\n    {\n      \"@type\": \"Question\",\n      \"name\": \"Ako dosiahnu\u0165 modern\u00fd alebo rustik\u00e1lny vzh\u013ead terasov\u00e9ho prekrytia?\",\n      \"acceptedAnswer\": {\n        \"@type\": \"Answer\",\n        \"text\": \"Ak chce\u0161 modern\u00fa terasu, zvo\u013e \u010dist\u00e9 l\u00ednie a minimalistick\u00fd dizajn s hlin\u00edkov\u00fdmi materi\u00e1lmi. Hlin\u00edk je zn\u00e1my svoj\u00edm elegantn\u00fdm vzh\u013eadom a odolnos\u0165ou, tak\u017ee sa hod\u00ed do modern\u00e9ho prostredia. P\u00e1\u010di sa ti sk\u00f4r rustik\u00e1lna atmosf\u00e9ra? Potom vyu\u017e\u00edvaj pr\u00edrodn\u00e9 materi\u00e1ly ako c\u00e9der.\"\n      }\n    },\n    {\n      \"@type\": \"Question\",\n      \"name\": \"Ak\u00e9 s\u00fa cenovo dostupn\u00e9 n\u00e1pady na prekrytie terasy?\",\n      \"acceptedAnswer\": {\n        \"@type\": \"Answer\",\n        \"text\": \"Ak chce\u0161 postavi\u0165 prekrytie terasy a pritom u\u0161etri\u0165, trochu kreativity a dobr\u00e9 pl\u00e1novanie ti pom\u00f4\u017eu spravi\u0165 ve\u013ea za m\u00e1lo. Napr\u00edklad l\u00e1tkov\u00e9 plachty svojpomocne alebo tieniace siete stoja m\u00e1lo a pritom umo\u017enia pekn\u00e9 dizajnov\u00e9 vari\u00e1cie. Postavi\u0165 jednoduch\u00fa dreven\u00fa kon\u0161trukciu zo snadno dostupn\u00fdch materi\u00e1lov je tie\u017e v\u00fdhodn\u00e9 rie\u0161enie pre \u0161etrn\u00fd rozpo\u010det.\"\n      }\n    },\n    {\n      \"@type\": \"Question\",\n      \"name\": \"Ak\u00e9 s\u00fa lacn\u00e9 n\u00e1pady na prekrytie terasy, ktor\u00e9 zvl\u00e1dne\u0161 s\u00e1m?\",\n      \"acceptedAnswer\": {\n        \"@type\": \"Answer\",\n        \"text\": \"Premeni\u0165 svoju terasu na oddychov\u00fd priestor s vlastnoru\u010dne vyroben\u00fdm a cenovo v\u00fdhodn\u00fdm prekryt\u00edm je ove\u013ea jednoduch\u0161ie, ne\u017e sa zd\u00e1. Sk\u00fas tieto overen\u00e9 tipy: pou\u017ei\u0165 plachty alebo l\u00e1tky ako tieniace siete, postavi\u0165 jednoduch\u00fa pergolu, vyrobi\u0165 pr\u00edstre\u0161ok z PVC trubiek.\"\n      }\n    },\n    {\n      \"@type\": \"Question\",\n      \"name\": \"Ako m\u00f4\u017eu stavebnicov\u00e9 sady prekrytia terasy vylep\u0161i\u0165 tvoj vonkaj\u0161\u00ed priestor?\",\n      \"acceptedAnswer\": {\n        \"@type\": \"Answer\",\n        \"text\": \"Sady na prekrytie terasy pon\u00fakaj\u00fa jednoduch\u00e9 a efekt\u00edvne rie\u0161enie, ako premeni\u0165 dvor na \u00fatuln\u00e9 miesto. V\u010faka predpripraven\u00fdm dielom a preh\u013eadn\u00e9mu n\u00e1vodu je mont\u00e1\u017e naozaj nen\u00e1ro\u010dn\u00e1. Vybra\u0165 si m\u00f4\u017ee\u0161 z r\u00f4znych ve\u013ekost\u00ed a \u0161t\u00fdlov.\"\n      }\n    },\n    {\n      \"@type\": \"Question\",\n      \"name\": \"\u010co s\u00fa pevn\u00e9 prekrytia terasy a ak\u00e9 s\u00fa ich v\u00fdhody?\",\n      \"acceptedAnswer\": {\n        \"@type\": \"Answer\",\n        \"text\": \"Pevn\u00e9 prekrytia terasy s\u00fa trvalo namontovan\u00e9 kon\u0161trukcie, ktor\u00e9 poskytuj\u00fa neust\u00e1ly tie\u0148 a ochranu pred po\u010das\u00edm. Po in\u0161tal\u00e1cii u\u017e vy\u017eaduj\u00fa len minimum starostlivosti a s\u00fa navrhnut\u00e9 tak, aby odolali aj n\u00e1ro\u010dn\u00fdm podmienkam. Vyr\u00e1baj\u00fa sa z materi\u00e1lov, ako je hlin\u00edk alebo drevo.\"\n      }\n    },\n    {\n      \"@type\": \"Question\",\n      \"name\": \"Ako m\u00f4\u017ee prekrytie terasy premeni\u0165 dvor na zelen\u00fa o\u00e1zu?\",\n      \"acceptedAnswer\": {\n        \"@type\": \"Answer\",\n        \"text\": \"Prekrytie terasy dok\u00e1\u017ee z tvojho dvora spravi\u0165 pr\u00edjemn\u00fa, oddychov\u00fa o\u00e1zu. T\u00fdm, \u017ee zabezpe\u010d\u00ed komfortn\u00fd vonkaj\u0161\u00ed priestor, st\u00e1va sa terasa ob\u013e\u00faben\u00fdm miestom po\u010das slne\u010dn\u00fdch dn\u00ed. Aj po\u010das hor\u00fa\u010dav je na nej pr\u00edjemne.\"\n      }\n    }\n  ]\n}\n<\/script>\n<script type=\"application\/ld+json\">\n{\n  \"@context\": \"https:\/\/schema.org\",\n  \"@type\": \"HowTo\",\n  \"name\": \"Ako si vlastnoru\u010dne vyrobi\u0165 lacn\u00e9 prekrytie terasy\",\n  \"description\": \"Nau\u010d sa, ako si vytvori\u0165 jednoduch\u00e9 a cenovo dostupn\u00e9 prekrytie terasy svojpomocne pomocou dostupn\u00fdch materi\u00e1lov.\",\n  \"image\": [\n    \"https:\/\/doubletakedecor.com\/uploads\/2025\/08\/patio-cover-ideas-dtd-01.jpg\",\n    \"https:\/\/doubletakedecor.com\/uploads\/2025\/08\/patio-cover-ideas-dtd-05.jpg\"\n  ],\n  \"totalTime\": \"PT4H\",\n  \"estimatedCost\": {\n    \"@type\": \"MonetaryAmount\",\n    \"currency\": \"EUR\",\n    \"value\": \"80\"\n  },\n  \"supply\": [\n    {\n      \"@type\": \"HowToSupply\",\n      \"name\": \"l\u00e1tka alebo plachta\"\n    },\n    {\n      \"@type\": \"HowToSupply\",\n      \"name\": \"PVC trubky alebo dreven\u00e9 tr\u00e1my\"\n    },\n    {\n      \"@type\": \"HowToSupply\",\n      \"name\": \"\u0161pag\u00e1t alebo h\u00e1\u010diky\"\n    },\n    {\n      \"@type\": \"HowToSupply\",\n      \"name\": \"n\u00e1radie (v\u0155ta\u010dka, skrutkova\u010d, kladivo)\"\n    }\n  ],\n  \"tool\": [\n    {\n      \"@type\": \"HowToTool\",\n      \"name\": \"meter\"\n    },\n    {\n      \"@type\": \"HowToTool\",\n      \"name\": \"rebr\u00edk\"\n    }\n  ],\n  \"step\": [\n    {\n      \"@type\": \"HowToStep\",\n      \"name\": \"Rozmeranie priestoru\",\n      \"text\": \"Zmeraj plochu terasy, ktor\u00fa chce\u0161 prekry\u0165, a ur\u010di ide\u00e1lne umiestnenie kon\u0161trukcie.\",\n      \"image\": \"https:\/\/doubletakedecor.com\/uploads\/2025\/08\/patio-cover-ideas-dtd-21.jpg\"\n    },\n    {\n      \"@type\": \"HowToStep\",\n      \"name\": \"Pr\u00edprava materi\u00e1lov\",\n      \"text\": \"Priprav si potrebn\u00fa l\u00e1tku alebo plachtu, PVC trubky alebo dreven\u00e9 tr\u00e1my a spojovac\u00ed materi\u00e1l. Skontroluj, \u010di m\u00e1\u0161 v\u0161etko n\u00e1radie a pom\u00f4cky.\",\n      \"image\": \"https:\/\/doubletakedecor.com\/uploads\/2025\/08\/patio-cover-ideas-dtd-17.jpg\"\n    },\n    {\n      \"@type\": \"HowToStep\",\n      \"name\": \"Zostavenie kon\u0161trukcie\",\n      \"text\": \"Z PVC trubiek alebo dreva zostav z\u00e1klad kon\u0161trukcie pod\u013ea zvolen\u00e9ho tvaru. Dobre upevni v\u0161etky spoje, aby bola kon\u0161trukcia stabiln\u00e1.\",\n      \"image\": \"https:\/\/doubletakedecor.com\/uploads\/2025\/08\/patio-cover-ideas-dtd-16.jpg\"\n    },\n    {\n      \"@type\": \"HowToStep\",\n      \"name\": \"Upevnenie plachty alebo l\u00e1tky\",\n      \"text\": \"Plachtu pripevni na kon\u0161trukciu pomocou \u0161pag\u00e1tu alebo h\u00e1\u010dikov. Uisti sa, \u017ee je l\u00e1tka dostato\u010dne napnut\u00e1, aby vytv\u00e1rala tie\u0148.\",\n      \"image\": \"https:\/\/doubletakedecor.com\/uploads\/2025\/08\/patio-cover-ideas-dtd-26.jpg\"\n    },\n    {\n      \"@type\": \"HowToStep\",\n      \"name\": \"Fin\u00e1lne \u00fapravy\",\n      \"text\": \"Skontroluj, \u010di je cel\u00e9 prekrytie bezpe\u010dn\u00e9 a pevn\u00e9. Pr\u00edpadne pridaj dekor\u00e1cie alebo svetielka na dotvorenie atmosf\u00e9ry.\"\n    }\n  ]\n}\n<\/script>\n","_links":{"self":[{"href":"https:\/\/doubletakedecor.com\/sk\/wp-json\/wp\/v2\/posts\/5477","targetHints":{"allow":["GET"]}}],"collection":[{"href":"https:\/\/doubletakedecor.com\/sk\/wp-json\/wp\/v2\/posts"}],"about":[{"href":"https:\/\/doubletakedecor.com\/sk\/wp-json\/wp\/v2\/types\/post"}],"author":[{"embeddable":true,"href":"https:\/\/doubletakedecor.com\/sk\/wp-json\/wp\/v2\/users\/14"}],"replies":[{"embeddable":true,"href":"https:\/\/doubletakedecor.com\/sk\/wp-json\/wp\/v2\/comments?post=5477"}],"version-history":[{"count":1,"href":"https:\/\/doubletakedecor.com\/sk\/wp-json\/wp\/v2\/posts\/5477\/revisions"}],"predecessor-version":[{"id":5478,"href":"https:\/\/doubletakedecor.com\/sk\/wp-json\/wp\/v2\/posts\/5477\/revisions\/5478"}],"wp:featuredmedia":[{"embeddable":true,"href":"https:\/\/doubletakedecor.com\/sk\/wp-json\/wp\/v2\/media\/5403"}],"wp:attachment":[{"href":"https:\/\/doubletakedecor.com\/sk\/wp-json\/wp\/v2\/media?parent=5477"}],"wp:term":[{"taxonomy":"category","embeddable":true,"href":"https:\/\/doubletakedecor.com\/sk\/wp-json\/wp\/v2\/categories?post=5477"},{"taxonomy":"post_tag","embeddable":true,"href":"https:\/\/doubletakedecor.com\/sk\/wp-json\/wp\/v2\/tags?post=5477"}],"curies":[{"name":"wp","href":"https:\/\/api.w.org\/{rel}","templated":true}]}}