{"id":6627,"date":"2025-08-25T00:56:12","date_gmt":"2025-08-24T22:56:12","guid":{"rendered":"https:\/\/doubletakedecor.com\/vonkajsie-dekoracie\/utulne-napady-na-verandu\/"},"modified":"2025-08-25T02:11:07","modified_gmt":"2025-08-25T00:11:07","slug":"utulne-napady-na-verandu","status":"publish","type":"post","link":"https:\/\/doubletakedecor.com\/sk\/vonkajsie-dekoracie\/utulne-napady-na-verandu\/","title":{"rendered":"Preme\u0148 svoj priestor: \u00fatuln\u00e9 n\u00e1pady na verandu pre celoro\u010dn\u00e9 pohodlie"},"content":{"rendered":"<p>Premen svoju verandu na \u00fatuln\u00e9 miesto tak, \u017ee spoj\u00ed\u0161 pohodlie a \u0161t\u00fdl pomocou premyslen\u00fdch dizajnov\u00fdch prvkov. M\u00e4kk\u00e9 posedenie s vank\u00fa\u0161mi a tepl\u00e9 svetlo re\u0165azov\u00fdch l\u00e1mp vytvoria pr\u00edjemn\u00fa atmosf\u00e9ru vonku. Sta\u010d\u00ed, ak pou\u017eije\u0161 viac vrstiev text\u00edli\u00ed a dopln\u00ed\u0161 ich osobn\u00fdmi detailmi, ktor\u00e9 ukazuj\u00fa tvoj vlastn\u00fd vkus.<\/p>\n<p>Nez\u00e1le\u017e\u00ed na tom, \u010di m\u00e1\u0161 ve\u013ek\u00fa verandu na vidieku alebo mal\u00fd k\u00fatik v meste. Spr\u00e1vny n\u00e1bytok, osvetlenie a dekor\u00e1cie m\u00f4\u017eu \u00faplne zmeni\u0165 tvoje vonkaj\u0161ie b\u00fdvanie. Odoln\u00e9 materi\u00e1ly vydr\u017eia v ka\u017edom po\u010das\u00ed a sez\u00f3nne drobnosti zabezpe\u010dia, \u017ee tvoj priestor bude v\u017edy svie\u017ei a l\u00e1kav\u00fd.<\/p>\n<p>Rastliny prines\u00fa do priestoru \u017eivot a pr\u00edjemn\u00fa \u0161trukt\u00faru, zatia\u013e \u010do vlastnoru\u010dn\u00e9 projekty, ako ru\u010dne vyroben\u00e9 kvetin\u00e1\u010de alebo natret\u00fd n\u00e1bytok, ti umo\u017enia \u0161etri\u0165 peniaze a z\u00e1rove\u0148 si prisp\u00f4sobi\u0165 terasu pod\u013ea seba. Prem\u00fd\u0161\u013eaj aj nad samostatn\u00fdmi z\u00f3nami na \u010d\u00edtanie alebo posedenie s priate\u013emi a nezabudni na detaily pre dom\u00e1cich mil\u00e1\u010dikov, ak b\u00fdva\u0161 so zvieratami.<\/p>\n<p>Ak si v\u0161etko dobre napl\u00e1nuje\u0161, tvoja veranda nebude len oby\u010dajn\u00fd vchod. Stane sa pred\u013a\u017een\u00edm tvojho domova, kde si m\u00f4\u017ee\u0161 r\u00e1no vychutna\u0165 k\u00e1vu, ve\u010der odd\u00fdchnu\u0165 alebo cez v\u00edkend stretn\u00fa\u0165 rodinu a kamar\u00e1tov. Ke\u010f vyu\u017eije\u0161 tieto \u00fatuln\u00e9 n\u00e1pady, vytvor\u00ed\u0161 vonkaj\u0161iu o\u00e1zu, ktor\u00e1 s otvorenou n\u00e1ru\u010dou priv\u00edta ka\u017ed\u00e9ho \u010dlena rodiny aj host\u00ed.<\/p>\n<div class=\"kt_block\" id=\"kt_id\">\n<span class=\"kt_headline\">Najd\u00f4le\u017eitej\u0161ie body<\/span><\/p>\n<ul class=\"kt_post_list\">\n<li><strong>\ud83d\udecb\ufe0f Pohodlie a \u0161t\u00fdl:<\/strong> Zme\u0148 svoju verandu na \u00fatuln\u00fd k\u00fat kombin\u00e1ciou pohodln\u00e9ho n\u00e1bytku s vank\u00fa\u0161mi, dekora\u010dn\u00fdch svetielok a \u0161t\u00fdlov\u00fdch doplnkov.<\/li>\n<li><strong>\ud83c\udf3f Pr\u00edrodn\u00e9 prvky:<\/strong> Pridaj rastliny, ktor\u00e9 vnes\u00fa \u017eivot a upokojuj\u00facu atmosf\u00e9ru do tvojho priestoru.<\/li>\n<li><strong>\ud83c\udfa8 Osobn\u00e9 detaily:<\/strong> O\u017eiv svoju verandu vlastnoru\u010dn\u00fdmi dekor\u00e1ciami a sez\u00f3nnymi doplnkami pod\u013ea vlastn\u00e9ho vkusu, nech je st\u00e1le svie\u017ea a v\u00fdnimo\u010dn\u00e1.<\/li>\n<li><strong>\ud83c\udfe1 Viac priestoru na \u017eivot:<\/strong> S rozumn\u00fdm pl\u00e1novan\u00edm m\u00f4\u017ee by\u0165 tvoja veranda pred\u013a\u017een\u00edm domova \u2013 ide\u00e1lne miesto na oddych aj spolo\u010dn\u00e9 chv\u00edle s rodinou a priate\u013emi.<\/li>\n<\/ul>\n<\/div>\n<h2>Modern\u00e1 veranda s kompozitnou podlahou<\/h2>\n<p><img loading=\"lazy\" decoding=\"async\" width=\"700\" height=\"1049\" alt=\"Priestrann\u00e1 veranda so svetlou kompozitnou podlahou, bielym stropom s obkladom, pr\u00faten\u00fdmi kreslami a dreven\u00fdm hojdac\u00edm kreslom s v\u00fdh\u013eadom na zele\u0148.\" class=\"aligncenter size-full wp-image-5495\" src=\"https:\/\/doubletakedecor.com\/uploads\/2025\/08\/cozy-porch-ideas-dtd-01.jpg\" srcset=\"https:\/\/doubletakedecor.com\/uploads\/2025\/08\/cozy-porch-ideas-dtd-01.jpg 700w, https:\/\/doubletakedecor.com\/uploads\/2025\/08\/cozy-porch-ideas-dtd-01-200x300.jpg 200w, https:\/\/doubletakedecor.com\/uploads\/2025\/08\/cozy-porch-ideas-dtd-01-683x1024.jpg 683w, https:\/\/doubletakedecor.com\/uploads\/2025\/08\/cozy-porch-ideas-dtd-01-96x144.jpg 96w, https:\/\/doubletakedecor.com\/uploads\/2025\/08\/cozy-porch-ideas-dtd-01-280x420.jpg 280w, https:\/\/doubletakedecor.com\/uploads\/2025\/08\/cozy-porch-ideas-dtd-01-320x480.jpg 320w, https:\/\/doubletakedecor.com\/uploads\/2025\/08\/cozy-porch-ideas-dtd-01-360x539.jpg 360w, https:\/\/doubletakedecor.com\/uploads\/2025\/08\/cozy-porch-ideas-dtd-01-363x544.jpg 363w, https:\/\/doubletakedecor.com\/uploads\/2025\/08\/cozy-porch-ideas-dtd-01-370x554.jpg 370w, https:\/\/doubletakedecor.com\/uploads\/2025\/08\/cozy-porch-ideas-dtd-01-400x599.jpg 400w, https:\/\/doubletakedecor.com\/uploads\/2025\/08\/cozy-porch-ideas-dtd-01-560x839.jpg 560w, https:\/\/doubletakedecor.com\/uploads\/2025\/08\/cozy-porch-ideas-dtd-01-480x719.jpg 480w\" sizes=\"auto, (max-width: 700px) 100vw, 700px\" \/><\/p>\n<p>Dosiahni rovnov\u00e1hu medzi pohodl\u00edm a \u0161t\u00fdlom so svetlou kompozitnou podlahou, o ktor\u00fa sa takmer nemus\u00ed\u0161 stara\u0165. Pre cirkul\u00e1ciu vzduchu po\u010das tepl\u00fdch dn\u00ed nain\u0161taluj stropn\u00fd ventil\u00e1tor a pon\u00fakni r\u00f4zne mo\u017enosti sedenia \u2013 pr\u00faten\u00e9 kresl\u00e1 aj klasick\u00e9 hojdacie kreslo. Ve\u010der vyu\u017eije\u0161 strategicky umiestnen\u00e9 osvetlenie a modern\u00e9 z\u00e1bradlie dod\u00e1 priestoru \u0161t\u00fdl aj bezpe\u010die.<\/p>\n<h2>Klasick\u00e1 tehlov\u00e1 veranda s hojda\u010dkou<\/h2>\n<p><img loading=\"lazy\" decoding=\"async\" width=\"700\" height=\"1049\" alt=\"Poz\u00fdvaj\u00faca predn\u00e1 veranda s bielymi st\u013apmi, stropn\u00fdm ventil\u00e1torom, ozdobn\u00fdm svietidlom, tehlovou podlahou a pohodlnou hojda\u010dkou s vank\u00fa\u0161mi\" class=\"aligncenter size-full wp-image-5501\" src=\"https:\/\/doubletakedecor.com\/uploads\/2025\/08\/cozy-porch-ideas-dtd-02.jpg\" srcset=\"https:\/\/doubletakedecor.com\/uploads\/2025\/08\/cozy-porch-ideas-dtd-02.jpg 700w, https:\/\/doubletakedecor.com\/uploads\/2025\/08\/cozy-porch-ideas-dtd-02-200x300.jpg 200w, https:\/\/doubletakedecor.com\/uploads\/2025\/08\/cozy-porch-ideas-dtd-02-683x1024.jpg 683w, https:\/\/doubletakedecor.com\/uploads\/2025\/08\/cozy-porch-ideas-dtd-02-96x144.jpg 96w, https:\/\/doubletakedecor.com\/uploads\/2025\/08\/cozy-porch-ideas-dtd-02-280x420.jpg 280w, https:\/\/doubletakedecor.com\/uploads\/2025\/08\/cozy-porch-ideas-dtd-02-320x480.jpg 320w, https:\/\/doubletakedecor.com\/uploads\/2025\/08\/cozy-porch-ideas-dtd-02-360x539.jpg 360w, https:\/\/doubletakedecor.com\/uploads\/2025\/08\/cozy-porch-ideas-dtd-02-363x544.jpg 363w, https:\/\/doubletakedecor.com\/uploads\/2025\/08\/cozy-porch-ideas-dtd-02-370x554.jpg 370w, https:\/\/doubletakedecor.com\/uploads\/2025\/08\/cozy-porch-ideas-dtd-02-400x599.jpg 400w, https:\/\/doubletakedecor.com\/uploads\/2025\/08\/cozy-porch-ideas-dtd-02-560x839.jpg 560w, https:\/\/doubletakedecor.com\/uploads\/2025\/08\/cozy-porch-ideas-dtd-02-480x719.jpg 480w\" sizes=\"auto, (max-width: 700px) 100vw, 700px\" \/><\/p>\n<p>Zv\u00fd\u0161 pohodlie na verande kombin\u00e1ciou stropn\u00e9ho ventil\u00e1tora a z\u00e1vesn\u00e9ho svietidla na tepl\u00e9 ve\u010dery. Vyber si r\u00f4zne typy sedenia \u2013 lavi\u010dku aj hojda\u010dku, pri\u010dom nezabudni na m\u00e4kk\u00e9 vank\u00fa\u0161e. Kvetin\u00e1\u010de rozmiestni strategicky, aby zv\u00fdraznili priestor a prepojili verandu s okol\u00edm. Tehlov\u00e1 podlaha v vzore \u201erybej kosti\u201d dod\u00e1 nad\u010dasov\u00fd \u0161arm a z\u00e1rove\u0148 je praktick\u00e1.<\/p>\n<h2>\u010cierno-biela vonkaj\u0161ia ob\u00fdva\u010dka<\/h2>\n<p><img loading=\"lazy\" decoding=\"async\" width=\"700\" height=\"1049\" alt=\"\u00datuln\u00e1 veranda s \u010diernou drevenou stenou, bielymi r\u00e1mami, dvoma dreven\u00fdmi stoli\u010dkami s vank\u00fa\u0161mi a pr\u00faten\u00fdm odkladac\u00edm stol\u00edkom s ob\u010derstven\u00edm.\" class=\"aligncenter size-full wp-image-5507\" src=\"https:\/\/doubletakedecor.com\/uploads\/2025\/08\/cozy-porch-ideas-dtd-03.jpg\" srcset=\"https:\/\/doubletakedecor.com\/uploads\/2025\/08\/cozy-porch-ideas-dtd-03.jpg 700w, https:\/\/doubletakedecor.com\/uploads\/2025\/08\/cozy-porch-ideas-dtd-03-200x300.jpg 200w, https:\/\/doubletakedecor.com\/uploads\/2025\/08\/cozy-porch-ideas-dtd-03-683x1024.jpg 683w, https:\/\/doubletakedecor.com\/uploads\/2025\/08\/cozy-porch-ideas-dtd-03-96x144.jpg 96w, https:\/\/doubletakedecor.com\/uploads\/2025\/08\/cozy-porch-ideas-dtd-03-280x420.jpg 280w, https:\/\/doubletakedecor.com\/uploads\/2025\/08\/cozy-porch-ideas-dtd-03-320x480.jpg 320w, https:\/\/doubletakedecor.com\/uploads\/2025\/08\/cozy-porch-ideas-dtd-03-360x539.jpg 360w, https:\/\/doubletakedecor.com\/uploads\/2025\/08\/cozy-porch-ideas-dtd-03-363x544.jpg 363w, https:\/\/doubletakedecor.com\/uploads\/2025\/08\/cozy-porch-ideas-dtd-03-370x554.jpg 370w, https:\/\/doubletakedecor.com\/uploads\/2025\/08\/cozy-porch-ideas-dtd-03-400x599.jpg 400w, https:\/\/doubletakedecor.com\/uploads\/2025\/08\/cozy-porch-ideas-dtd-03-560x839.jpg 560w, https:\/\/doubletakedecor.com\/uploads\/2025\/08\/cozy-porch-ideas-dtd-03-480x719.jpg 480w\" sizes=\"auto, (max-width: 700px) 100vw, 700px\" \/><\/p>\n<p>Vytvor si \u0161t\u00fdlov\u00fd vonkaj\u0161\u00ed k\u00fatik v\u010faka kontrastu \u010diernych stien a bielych detailov. Pohodln\u00e9 dreven\u00e9 stoli\u010dky s m\u00e4kk\u00fdmi vank\u00fa\u0161mi postav k pr\u00faten\u00e9mu stol\u00edku na drobn\u00e9 pohostenie. Pridaj z\u00e1vesn\u00e9 dreven\u00e9 dekor\u00e1cie a sveteln\u00e9 re\u0165aze pre \u00fatuln\u00fa atmosf\u00e9ru. Nezabudni na \u010drepn\u00edkov\u00e9 rastliny, ktor\u00e9 prines\u00fa pr\u00edrodu priamo k miestu na sedenie. Takto z\u00edska\u0161 viac pohodlia aj \u0161t\u00fdlu naraz.<\/p>\n<h2>Namodro laden\u00e1 veranda s pr\u00faten\u00fdmi hojdac\u00edmi kreslami<\/h2>\n<p><img loading=\"lazy\" decoding=\"async\" width=\"700\" height=\"1049\" alt=\"Pr\u00faten\u00e9 hojdacie kresl\u00e1 na \u010dierno-bielom kockovanom koberci, pr\u00faten\u00fd odkladac\u00ed ko\u0161\u00edk ako stol\u00edk, kvety a tmavomodr\u00e9 steny tvoria pokojn\u00e9 \u00fato\u010disko\" class=\"aligncenter size-full wp-image-5513\" src=\"https:\/\/doubletakedecor.com\/uploads\/2025\/08\/cozy-porch-ideas-dtd-04.jpg\" srcset=\"https:\/\/doubletakedecor.com\/uploads\/2025\/08\/cozy-porch-ideas-dtd-04.jpg 700w, https:\/\/doubletakedecor.com\/uploads\/2025\/08\/cozy-porch-ideas-dtd-04-200x300.jpg 200w, https:\/\/doubletakedecor.com\/uploads\/2025\/08\/cozy-porch-ideas-dtd-04-683x1024.jpg 683w, https:\/\/doubletakedecor.com\/uploads\/2025\/08\/cozy-porch-ideas-dtd-04-96x144.jpg 96w, https:\/\/doubletakedecor.com\/uploads\/2025\/08\/cozy-porch-ideas-dtd-04-280x420.jpg 280w, https:\/\/doubletakedecor.com\/uploads\/2025\/08\/cozy-porch-ideas-dtd-04-320x480.jpg 320w, https:\/\/doubletakedecor.com\/uploads\/2025\/08\/cozy-porch-ideas-dtd-04-360x539.jpg 360w, https:\/\/doubletakedecor.com\/uploads\/2025\/08\/cozy-porch-ideas-dtd-04-363x544.jpg 363w, https:\/\/doubletakedecor.com\/uploads\/2025\/08\/cozy-porch-ideas-dtd-04-370x554.jpg 370w, https:\/\/doubletakedecor.com\/uploads\/2025\/08\/cozy-porch-ideas-dtd-04-400x599.jpg 400w, https:\/\/doubletakedecor.com\/uploads\/2025\/08\/cozy-porch-ideas-dtd-04-560x839.jpg 560w, https:\/\/doubletakedecor.com\/uploads\/2025\/08\/cozy-porch-ideas-dtd-04-480x719.jpg 480w\" sizes=\"auto, (max-width: 700px) 100vw, 700px\" \/><\/p>\n<p>Zme\u0148 verandu na pohodln\u00e9 miesto s tmavomodr\u00fdmi stenami v kontraste s bielymi r\u00e1mami. Pr\u00faten\u00e9 hojdacie kresl\u00e1 s m\u00e4kk\u00fdmi vank\u00fa\u0161mi a dekora\u010dn\u00fdmi vank\u00fa\u0161ikmi poskytuj\u00fa relax. Pr\u00faten\u00fd ko\u0161\u00edk posl\u00fa\u017ei ako stol\u00edk na k\u00e1vu a \u010dierno-biely kockovan\u00fd koberec zv\u00fdrazn\u00ed priestor. Do ko\u0161\u00edka na boku pridaj deky na chladnej\u0161ie ve\u010dery.<\/p>\n<h2>Rustik\u00e1lny vonkaj\u0161\u00ed jed\u00e1lensk\u00fd priestor<\/h2>\n<p><img loading=\"lazy\" decoding=\"async\" width=\"700\" height=\"1050\" alt=\"\u00datuln\u00fd jed\u00e1lensk\u00fd k\u00fat na verande s dreven\u00fdm stolom, skladac\u00edmi stoli\u010dkami, modrou stoli\u010dkou, zavesen\u00fdmi papra\u010fami a bohatou zele\u0148ou v pozad\u00ed.\" class=\"aligncenter size-full wp-image-5519\" src=\"https:\/\/doubletakedecor.com\/uploads\/2025\/08\/cozy-porch-ideas-dtd-05.jpg\" srcset=\"https:\/\/doubletakedecor.com\/uploads\/2025\/08\/cozy-porch-ideas-dtd-05.jpg 700w, https:\/\/doubletakedecor.com\/uploads\/2025\/08\/cozy-porch-ideas-dtd-05-200x300.jpg 200w, https:\/\/doubletakedecor.com\/uploads\/2025\/08\/cozy-porch-ideas-dtd-05-683x1024.jpg 683w, https:\/\/doubletakedecor.com\/uploads\/2025\/08\/cozy-porch-ideas-dtd-05-96x144.jpg 96w, https:\/\/doubletakedecor.com\/uploads\/2025\/08\/cozy-porch-ideas-dtd-05-280x420.jpg 280w, https:\/\/doubletakedecor.com\/uploads\/2025\/08\/cozy-porch-ideas-dtd-05-320x480.jpg 320w, https:\/\/doubletakedecor.com\/uploads\/2025\/08\/cozy-porch-ideas-dtd-05-360x540.jpg 360w, https:\/\/doubletakedecor.com\/uploads\/2025\/08\/cozy-porch-ideas-dtd-05-363x545.jpg 363w, https:\/\/doubletakedecor.com\/uploads\/2025\/08\/cozy-porch-ideas-dtd-05-370x555.jpg 370w, https:\/\/doubletakedecor.com\/uploads\/2025\/08\/cozy-porch-ideas-dtd-05-400x600.jpg 400w, https:\/\/doubletakedecor.com\/uploads\/2025\/08\/cozy-porch-ideas-dtd-05-560x840.jpg 560w, https:\/\/doubletakedecor.com\/uploads\/2025\/08\/cozy-porch-ideas-dtd-05-480x720.jpg 480w\" sizes=\"auto, (max-width: 700px) 100vw, 700px\" \/><\/p>\n<p>Preme\u0148 verandu na pr\u00edjemn\u00e9 miesto na stolovanie v\u010faka pevn\u00e9mu dreven\u00e9mu stolu a kombin\u00e1cii r\u00f4znych stoli\u010diek. Pridaj vank\u00fa\u0161e pre pohodlie a jeden v\u00fdrazn\u00fd farebn\u00fd k\u00fasok, napr\u00edklad modr\u00fa stoli\u010dku. Zaveste paprade do kvetin\u00e1\u010dov nad st\u00f4l a vnes do priestoru viac zelene zhora. Tento flexibiln\u00fd stolovac\u00ed k\u00fat je ide\u00e1lny na rodinn\u00e9 ve\u010dere aj elegantn\u00e9 posedenia pod hol\u00fdm nebom.<\/p>\n<h2>Slne\u010dn\u00e1 miestnos\u0165 s pruhovanou pohovkou a pr\u00edrodn\u00fdmi detailmi<\/h2>\n<p><img loading=\"lazy\" decoding=\"async\" width=\"700\" height=\"1050\" alt=\"Svetl\u00e1 slne\u010dn\u00e1 miestnos\u0165 s pruhovanou pohovkou, modrozelen\u00fdmi vank\u00fa\u0161mi, dreven\u00fdm stol\u00edkom a pr\u00faten\u00fdmi doplnkami zaplaven\u00fdmi prirodzen\u00fdm svetlom.\" class=\"aligncenter size-full wp-image-5525\" src=\"https:\/\/doubletakedecor.com\/uploads\/2025\/08\/cozy-porch-ideas-dtd-06.jpg\" srcset=\"https:\/\/doubletakedecor.com\/uploads\/2025\/08\/cozy-porch-ideas-dtd-06.jpg 700w, https:\/\/doubletakedecor.com\/uploads\/2025\/08\/cozy-porch-ideas-dtd-06-200x300.jpg 200w, https:\/\/doubletakedecor.com\/uploads\/2025\/08\/cozy-porch-ideas-dtd-06-683x1024.jpg 683w, https:\/\/doubletakedecor.com\/uploads\/2025\/08\/cozy-porch-ideas-dtd-06-96x144.jpg 96w, https:\/\/doubletakedecor.com\/uploads\/2025\/08\/cozy-porch-ideas-dtd-06-280x420.jpg 280w, https:\/\/doubletakedecor.com\/uploads\/2025\/08\/cozy-porch-ideas-dtd-06-320x480.jpg 320w, https:\/\/doubletakedecor.com\/uploads\/2025\/08\/cozy-porch-ideas-dtd-06-360x540.jpg 360w, https:\/\/doubletakedecor.com\/uploads\/2025\/08\/cozy-porch-ideas-dtd-06-363x545.jpg 363w, https:\/\/doubletakedecor.com\/uploads\/2025\/08\/cozy-porch-ideas-dtd-06-370x555.jpg 370w, https:\/\/doubletakedecor.com\/uploads\/2025\/08\/cozy-porch-ideas-dtd-06-400x600.jpg 400w, https:\/\/doubletakedecor.com\/uploads\/2025\/08\/cozy-porch-ideas-dtd-06-560x840.jpg 560w, https:\/\/doubletakedecor.com\/uploads\/2025\/08\/cozy-porch-ideas-dtd-06-480x720.jpg 480w\" sizes=\"auto, (max-width: 700px) 100vw, 700px\" \/><\/p>\n<p>Vytvor tepl\u00fd priestor na relax kombin\u00e1ciou pruhovan\u00e9ho \u010dal\u00fanenia s pr\u00edrodn\u00fdmi materi\u00e1lmi, ako je pr\u00fatie a drevo. Zlad\u00ed\u0161 to farebnou sch\u00e9mou modrej a zelenej na vank\u00fa\u0161och, ktor\u00e9 strategicky rozmiestni\u0161. \u010cerstv\u00e9 kvety vnes\u00fa do miestnosti \u017eiariv\u00fd bod, r\u00f4zne mo\u017enosti sedenia pridaj\u00fa na praktickosti. N\u00e1bytok umiestni tak, aby \u010do najviac vyu\u017eil prirodzen\u00e9 svetlo.<\/p>\n<h2>Hojdacia poste\u013e s pohodln\u00fdmi vank\u00fa\u0161mi<\/h2>\n<p><img loading=\"lazy\" decoding=\"async\" width=\"700\" height=\"1049\" alt=\"Pokojn\u00e1 veranda s drevenou hojdacou poste\u013eou, m\u00e4kk\u00fdmi vank\u00fa\u0161mi a pr\u00faten\u00fdmi taburetmi na pruhovanom koberci \u2013 dokonal\u00e9 miesto na le\u0148o\u0161enie.\" class=\"aligncenter size-full wp-image-5531\" src=\"https:\/\/doubletakedecor.com\/uploads\/2025\/08\/cozy-porch-ideas-dtd-07.jpg\" srcset=\"https:\/\/doubletakedecor.com\/uploads\/2025\/08\/cozy-porch-ideas-dtd-07.jpg 700w, https:\/\/doubletakedecor.com\/uploads\/2025\/08\/cozy-porch-ideas-dtd-07-200x300.jpg 200w, https:\/\/doubletakedecor.com\/uploads\/2025\/08\/cozy-porch-ideas-dtd-07-683x1024.jpg 683w, https:\/\/doubletakedecor.com\/uploads\/2025\/08\/cozy-porch-ideas-dtd-07-96x144.jpg 96w, https:\/\/doubletakedecor.com\/uploads\/2025\/08\/cozy-porch-ideas-dtd-07-280x420.jpg 280w, https:\/\/doubletakedecor.com\/uploads\/2025\/08\/cozy-porch-ideas-dtd-07-320x480.jpg 320w, https:\/\/doubletakedecor.com\/uploads\/2025\/08\/cozy-porch-ideas-dtd-07-360x539.jpg 360w, https:\/\/doubletakedecor.com\/uploads\/2025\/08\/cozy-porch-ideas-dtd-07-363x544.jpg 363w, https:\/\/doubletakedecor.com\/uploads\/2025\/08\/cozy-porch-ideas-dtd-07-370x554.jpg 370w, https:\/\/doubletakedecor.com\/uploads\/2025\/08\/cozy-porch-ideas-dtd-07-400x599.jpg 400w, https:\/\/doubletakedecor.com\/uploads\/2025\/08\/cozy-porch-ideas-dtd-07-560x839.jpg 560w, https:\/\/doubletakedecor.com\/uploads\/2025\/08\/cozy-porch-ideas-dtd-07-480x719.jpg 480w\" sizes=\"auto, (max-width: 700px) 100vw, 700px\" \/><\/p>\n<p>Zaria\u010f si priestor na oddych pomocou visiacej drevenej postele s vank\u00fa\u0161mi r\u00f4znych vzorov. Priestor zv\u00fdrazni pruhovan\u00fdm kobercom v neutr\u00e1lnych farb\u00e1ch a pr\u00faten\u00fdmi taburetmi, ktor\u00e9 vyu\u017eije\u0161 na sedenie alebo ako stol\u00edk. Pridaj \u013eahk\u00fa deku na chladnej\u0161ie ve\u010dery a poste\u013e umiestni bl\u00edzko zelenej, aby vznikla pr\u00edjemn\u00e1 a tich\u00e1 atmosf\u00e9ra.<\/p>\n<h2>Modern\u00fd vonkaj\u0161\u00ed lounge s rohovou seda\u010dkou<\/h2>\n<p><img loading=\"lazy\" decoding=\"async\" width=\"700\" height=\"1050\" alt=\"\u00datuln\u00e1 vonkaj\u0161ia veranda s rohovou seda\u010dkou v tvare L, dreven\u00fdm konferen\u010dn\u00fdm stol\u00edkom, stropn\u00fdm ventil\u00e1torom a dekorat\u00edvnymi rastlinami v bielych \u010drepn\u00edkoch.\" class=\"aligncenter size-full wp-image-5537\" src=\"https:\/\/doubletakedecor.com\/uploads\/2025\/08\/cozy-porch-ideas-dtd-08.jpg\" srcset=\"https:\/\/doubletakedecor.com\/uploads\/2025\/08\/cozy-porch-ideas-dtd-08.jpg 700w, https:\/\/doubletakedecor.com\/uploads\/2025\/08\/cozy-porch-ideas-dtd-08-200x300.jpg 200w, https:\/\/doubletakedecor.com\/uploads\/2025\/08\/cozy-porch-ideas-dtd-08-683x1024.jpg 683w, https:\/\/doubletakedecor.com\/uploads\/2025\/08\/cozy-porch-ideas-dtd-08-96x144.jpg 96w, https:\/\/doubletakedecor.com\/uploads\/2025\/08\/cozy-porch-ideas-dtd-08-280x420.jpg 280w, https:\/\/doubletakedecor.com\/uploads\/2025\/08\/cozy-porch-ideas-dtd-08-320x480.jpg 320w, https:\/\/doubletakedecor.com\/uploads\/2025\/08\/cozy-porch-ideas-dtd-08-360x540.jpg 360w, https:\/\/doubletakedecor.com\/uploads\/2025\/08\/cozy-porch-ideas-dtd-08-363x545.jpg 363w, https:\/\/doubletakedecor.com\/uploads\/2025\/08\/cozy-porch-ideas-dtd-08-370x555.jpg 370w, https:\/\/doubletakedecor.com\/uploads\/2025\/08\/cozy-porch-ideas-dtd-08-400x600.jpg 400w, https:\/\/doubletakedecor.com\/uploads\/2025\/08\/cozy-porch-ideas-dtd-08-560x840.jpg 560w, https:\/\/doubletakedecor.com\/uploads\/2025\/08\/cozy-porch-ideas-dtd-08-480x720.jpg 480w\" sizes=\"auto, (max-width: 700px) 100vw, 700px\" \/><\/p>\n<p>Vytvor si miesto na rozhovory s neutr\u00e1lnou rohovou seda\u010dkou a text\u00farovan\u00fdmi vank\u00fa\u0161mi. Dreven\u00fd stol\u00edk v strede m\u00f4\u017ee\u0161 ozdobi\u0165 jednoduch\u00fdmi doplnkami \u2013 rastliny, svie\u010dky. Stropn\u00fd ventil\u00e1tor ti spr\u00edjemn\u00ed tepl\u00e9 dni, zatia\u013e \u010do v\u00e4\u010d\u0161ie rastliny v \u010drepn\u00edkoch cel\u00fa verandu kr\u00e1sne usporiadaj\u00fa. Tento priestor je ide\u00e1lny na pohodov\u00e9 chv\u00edle aj stret\u00e1vanie s bl\u00edzkymi.<\/p>\n<h2>Kamen\u00fd krb a vysok\u00fd biely strop<\/h2>\n<p><img loading=\"lazy\" decoding=\"async\" width=\"700\" height=\"1050\" alt=\"Svetl\u00e1 veranda s bielym stropom, kamenn\u00fdm krbom, tmavomodrou pohovkou s dekora\u010dn\u00fdmi vank\u00fa\u0161mi a pr\u00faten\u00fdm kreslom \u2013 \u00fatuln\u00fd vonkaj\u0161\u00ed \u017eivotn\u00fd priestor.\" class=\"aligncenter size-full wp-image-5543\" src=\"https:\/\/doubletakedecor.com\/uploads\/2025\/08\/cozy-porch-ideas-dtd-09.jpg\" srcset=\"https:\/\/doubletakedecor.com\/uploads\/2025\/08\/cozy-porch-ideas-dtd-09.jpg 700w, https:\/\/doubletakedecor.com\/uploads\/2025\/08\/cozy-porch-ideas-dtd-09-200x300.jpg 200w, https:\/\/doubletakedecor.com\/uploads\/2025\/08\/cozy-porch-ideas-dtd-09-683x1024.jpg 683w, https:\/\/doubletakedecor.com\/uploads\/2025\/08\/cozy-porch-ideas-dtd-09-96x144.jpg 96w, https:\/\/doubletakedecor.com\/uploads\/2025\/08\/cozy-porch-ideas-dtd-09-280x420.jpg 280w, https:\/\/doubletakedecor.com\/uploads\/2025\/08\/cozy-porch-ideas-dtd-09-320x480.jpg 320w, https:\/\/doubletakedecor.com\/uploads\/2025\/08\/cozy-porch-ideas-dtd-09-360x540.jpg 360w, https:\/\/doubletakedecor.com\/uploads\/2025\/08\/cozy-porch-ideas-dtd-09-363x545.jpg 363w, https:\/\/doubletakedecor.com\/uploads\/2025\/08\/cozy-porch-ideas-dtd-09-370x555.jpg 370w, https:\/\/doubletakedecor.com\/uploads\/2025\/08\/cozy-porch-ideas-dtd-09-400x600.jpg 400w, https:\/\/doubletakedecor.com\/uploads\/2025\/08\/cozy-porch-ideas-dtd-09-560x840.jpg 560w, https:\/\/doubletakedecor.com\/uploads\/2025\/08\/cozy-porch-ideas-dtd-09-480x720.jpg 480w\" sizes=\"auto, (max-width: 700px) 100vw, 700px\" \/><\/p>\n<p>Z \u00fatulnej verandy si vy\u010daruj celoro\u010dn\u00e9 \u00fato\u010disko so \u0161t\u00fdlov\u00fdm kamenn\u00fdm krbom a rustik\u00e1lnou drevenou r\u00edmsou. Vyv\u00e1\u017e mas\u00edvny krb \u013eahk\u00fdm pr\u00faten\u00fdm n\u00e1bytkom a tmavomodr\u00fdm \u010dal\u00fanen\u00edm. Pou\u017ei koberec z pr\u00edrodn\u00e9ho vl\u00e1kna na dotvorenie pr\u00edjemnej text\u00fary a vysok\u00fd biely strop otvor\u00ed priestor. Dekora\u010dn\u00e9 vank\u00fa\u0161e o\u017eivia celkov\u00fd vzh\u013ead farbou.<\/p>\n<h2>Ob\u00fdva\u010dka na verande so zele\u0148ou<\/h2>\n<p><img loading=\"lazy\" decoding=\"async\" width=\"700\" height=\"1049\" alt=\"Poz\u00fdvaj\u00faca predn\u00e1 veranda s pohodlnou pohovkou, pr\u00faten\u00fdm kreslom so \u017eiariv\u00fdmi vank\u00fa\u0161mi a mno\u017estvom kvetin\u00e1\u010dov, ktor\u00e9 tvoria oddychov\u00fd vonkaj\u0161\u00ed k\u00fat.\" class=\"aligncenter size-full wp-image-5549\" src=\"https:\/\/doubletakedecor.com\/uploads\/2025\/08\/cozy-porch-ideas-dtd-10.jpg\" srcset=\"https:\/\/doubletakedecor.com\/uploads\/2025\/08\/cozy-porch-ideas-dtd-10.jpg 700w, https:\/\/doubletakedecor.com\/uploads\/2025\/08\/cozy-porch-ideas-dtd-10-200x300.jpg 200w, https:\/\/doubletakedecor.com\/uploads\/2025\/08\/cozy-porch-ideas-dtd-10-683x1024.jpg 683w, https:\/\/doubletakedecor.com\/uploads\/2025\/08\/cozy-porch-ideas-dtd-10-96x144.jpg 96w, https:\/\/doubletakedecor.com\/uploads\/2025\/08\/cozy-porch-ideas-dtd-10-280x420.jpg 280w, https:\/\/doubletakedecor.com\/uploads\/2025\/08\/cozy-porch-ideas-dtd-10-320x480.jpg 320w, https:\/\/doubletakedecor.com\/uploads\/2025\/08\/cozy-porch-ideas-dtd-10-360x539.jpg 360w, https:\/\/doubletakedecor.com\/uploads\/2025\/08\/cozy-porch-ideas-dtd-10-363x544.jpg 363w, https:\/\/doubletakedecor.com\/uploads\/2025\/08\/cozy-porch-ideas-dtd-10-370x554.jpg 370w, https:\/\/doubletakedecor.com\/uploads\/2025\/08\/cozy-porch-ideas-dtd-10-400x599.jpg 400w, https:\/\/doubletakedecor.com\/uploads\/2025\/08\/cozy-porch-ideas-dtd-10-560x839.jpg 560w, https:\/\/doubletakedecor.com\/uploads\/2025\/08\/cozy-porch-ideas-dtd-10-480x719.jpg 480w\" sizes=\"auto, (max-width: 700px) 100vw, 700px\" \/><\/p>\n<p>Vytvor relaxa\u010dn\u00fa o\u00e1zu kombin\u00e1ciou \u0161t\u00fdlovej pohovky a pr\u00faten\u00e9ho kresla na svojej verande. Podlahu natri na jemno\u0161ed\u00fa, ktor\u00e1 posl\u00fa\u017ei ako elegantn\u00fd z\u00e1klad. Okolo miest na sedenie rozmiestni kvetin\u00e1\u010de r\u00f4znych v\u00fd\u0161ok, aby si prirodzene or\u00e1moval priestor. Dopl\u0148 pr\u00faten\u00e9 ko\u0161e a z\u00e1vesn\u00e9 lamp\u00e1\u0161e pre klasick\u00e9 \u010daro a zauj\u00edmav\u00fd vzh\u013ead.<\/p>\n<h2>Vstupn\u00e1 chodba v modrej so drevom<\/h2>\n<p><img loading=\"lazy\" decoding=\"async\" width=\"700\" height=\"1049\" alt=\"Poz\u00fdvaj\u00faca predsie\u0148 s tmavomodr\u00fdmi stenami, drevenou lavicou, h\u00e1\u010dikmi na zavesenie a prirodzen\u00fdm svetlom cez sklenen\u00e9 panely s v\u00fdh\u013eadom na zele\u0148.\" class=\"aligncenter size-full wp-image-5555\" src=\"https:\/\/doubletakedecor.com\/uploads\/2025\/08\/cozy-porch-ideas-dtd-11.jpg\" srcset=\"https:\/\/doubletakedecor.com\/uploads\/2025\/08\/cozy-porch-ideas-dtd-11.jpg 700w, https:\/\/doubletakedecor.com\/uploads\/2025\/08\/cozy-porch-ideas-dtd-11-200x300.jpg 200w, https:\/\/doubletakedecor.com\/uploads\/2025\/08\/cozy-porch-ideas-dtd-11-683x1024.jpg 683w, https:\/\/doubletakedecor.com\/uploads\/2025\/08\/cozy-porch-ideas-dtd-11-96x144.jpg 96w, https:\/\/doubletakedecor.com\/uploads\/2025\/08\/cozy-porch-ideas-dtd-11-280x420.jpg 280w, https:\/\/doubletakedecor.com\/uploads\/2025\/08\/cozy-porch-ideas-dtd-11-320x480.jpg 320w, https:\/\/doubletakedecor.com\/uploads\/2025\/08\/cozy-porch-ideas-dtd-11-360x539.jpg 360w, https:\/\/doubletakedecor.com\/uploads\/2025\/08\/cozy-porch-ideas-dtd-11-363x544.jpg 363w, https:\/\/doubletakedecor.com\/uploads\/2025\/08\/cozy-porch-ideas-dtd-11-370x554.jpg 370w, https:\/\/doubletakedecor.com\/uploads\/2025\/08\/cozy-porch-ideas-dtd-11-400x599.jpg 400w, https:\/\/doubletakedecor.com\/uploads\/2025\/08\/cozy-porch-ideas-dtd-11-560x839.jpg 560w, https:\/\/doubletakedecor.com\/uploads\/2025\/08\/cozy-porch-ideas-dtd-11-480x719.jpg 480w\" sizes=\"auto, (max-width: 700px) 100vw, 700px\" \/><\/p>\n<p>Navrhni \u00fatuln\u00fd prechodov\u00fd priestor s kombin\u00e1ciou tmavomodr\u00fdch stien a pr\u00edrodn\u00e9ho dreva. Nad lavicu pridaj praktick\u00e9 h\u00e1\u010diky na zavesenie vec\u00ed, pou\u017eij pr\u00faten\u00e9 ko\u0161e a m\u00e4kk\u00fd koberec pre pr\u00edjemn\u00fd dojem. Z\u00e1vesn\u00e9 svietidlo dod\u00e1 pr\u00edjemn\u00e9 svetlo a sklenen\u00e9 panely prines\u00fa do predsiene maximum denn\u00e9ho svetla. Tak\u00e1to veranda je funk\u010dn\u00e1 aj \u0161t\u00fdlov\u00e1 z\u00e1rove\u0148.<\/p>\n<h2>Boho \u00fato\u010disko na verande z pr\u00fatia<\/h2>\n<p><img loading=\"lazy\" decoding=\"async\" width=\"700\" height=\"1050\" alt=\"Pr\u00edjemn\u00e1 veranda s modrou pr\u00fatenou pohovkou, bielymi kreslami, farebn\u00fdmi vank\u00fa\u0161mi a kvetmi v kvetin\u00e1\u010doch na tkanom koberci pod zavesen\u00fdm svietidlom.\" class=\"aligncenter size-full wp-image-5561\" src=\"https:\/\/doubletakedecor.com\/uploads\/2025\/08\/cozy-porch-ideas-dtd-12.jpg\" srcset=\"https:\/\/doubletakedecor.com\/uploads\/2025\/08\/cozy-porch-ideas-dtd-12.jpg 700w, https:\/\/doubletakedecor.com\/uploads\/2025\/08\/cozy-porch-ideas-dtd-12-200x300.jpg 200w, https:\/\/doubletakedecor.com\/uploads\/2025\/08\/cozy-porch-ideas-dtd-12-683x1024.jpg 683w, https:\/\/doubletakedecor.com\/uploads\/2025\/08\/cozy-porch-ideas-dtd-12-96x144.jpg 96w, https:\/\/doubletakedecor.com\/uploads\/2025\/08\/cozy-porch-ideas-dtd-12-280x420.jpg 280w, https:\/\/doubletakedecor.com\/uploads\/2025\/08\/cozy-porch-ideas-dtd-12-320x480.jpg 320w, https:\/\/doubletakedecor.com\/uploads\/2025\/08\/cozy-porch-ideas-dtd-12-360x540.jpg 360w, https:\/\/doubletakedecor.com\/uploads\/2025\/08\/cozy-porch-ideas-dtd-12-363x545.jpg 363w, https:\/\/doubletakedecor.com\/uploads\/2025\/08\/cozy-porch-ideas-dtd-12-370x555.jpg 370w, https:\/\/doubletakedecor.com\/uploads\/2025\/08\/cozy-porch-ideas-dtd-12-400x600.jpg 400w, https:\/\/doubletakedecor.com\/uploads\/2025\/08\/cozy-porch-ideas-dtd-12-560x840.jpg 560w, https:\/\/doubletakedecor.com\/uploads\/2025\/08\/cozy-porch-ideas-dtd-12-480x720.jpg 480w\" sizes=\"auto, (max-width: 700px) 100vw, 700px\" \/><\/p>\n<p>Vytvor l\u00e1kav\u00fd vonkaj\u0161\u00ed k\u00fatik s kombin\u00e1ciou modr\u00e9ho a bieleho pr\u00faten\u00e9ho n\u00e1bytku a pestr\u00fdmi vank\u00fa\u0161mi s r\u00f4znymi vzormi. O teplo sa postar\u00e1 \u0161trukt\u00farovan\u00fd koberec a boh\u00e9msky \u0161t\u00fdl pod\u010diarkne zavesen\u00e9 svietidlo z pr\u00edrodn\u00fdch materi\u00e1lov. Pridaj kvety v r\u00f4zne vysok\u00fdch a farebn\u00fdch kvetin\u00e1\u010doch pre zauj\u00edmavej\u0161\u00ed vzh\u013ead. Sedadl\u00e1 nasmeruj tak, aby \u010do najlep\u0161ie vyu\u017eili svetlo cez sklenen\u00e9 dvere.<\/p>\n<h2>Slne\u010dn\u00e1 miestnos\u0165 s r\u00f4znorod\u00fdm seden\u00edm<\/h2>\n<p><img loading=\"lazy\" decoding=\"async\" width=\"700\" height=\"1050\" alt=\"\u0160t\u00fdlov\u00e1 zimn\u00e1 z\u00e1hrada s bielymi seda\u010dkami a farebn\u00fdmi vank\u00fa\u0161mi, pr\u00faten\u00fdmi kreslami, dreven\u00fdm stol\u00edkom, kobercami z pr\u00edrodn\u00fdch vl\u00e1kien a ve\u013ek\u00fdmi oknami s v\u00fdh\u013eadom na zele\u0148.\" class=\"aligncenter size-full wp-image-5567\" src=\"https:\/\/doubletakedecor.com\/uploads\/2025\/08\/cozy-porch-ideas-dtd-13.jpg\" srcset=\"https:\/\/doubletakedecor.com\/uploads\/2025\/08\/cozy-porch-ideas-dtd-13.jpg 700w, https:\/\/doubletakedecor.com\/uploads\/2025\/08\/cozy-porch-ideas-dtd-13-200x300.jpg 200w, https:\/\/doubletakedecor.com\/uploads\/2025\/08\/cozy-porch-ideas-dtd-13-683x1024.jpg 683w, https:\/\/doubletakedecor.com\/uploads\/2025\/08\/cozy-porch-ideas-dtd-13-96x144.jpg 96w, https:\/\/doubletakedecor.com\/uploads\/2025\/08\/cozy-porch-ideas-dtd-13-280x420.jpg 280w, https:\/\/doubletakedecor.com\/uploads\/2025\/08\/cozy-porch-ideas-dtd-13-320x480.jpg 320w, https:\/\/doubletakedecor.com\/uploads\/2025\/08\/cozy-porch-ideas-dtd-13-360x540.jpg 360w, https:\/\/doubletakedecor.com\/uploads\/2025\/08\/cozy-porch-ideas-dtd-13-363x545.jpg 363w, https:\/\/doubletakedecor.com\/uploads\/2025\/08\/cozy-porch-ideas-dtd-13-370x555.jpg 370w, https:\/\/doubletakedecor.com\/uploads\/2025\/08\/cozy-porch-ideas-dtd-13-400x600.jpg 400w, https:\/\/doubletakedecor.com\/uploads\/2025\/08\/cozy-porch-ideas-dtd-13-560x840.jpg 560w, https:\/\/doubletakedecor.com\/uploads\/2025\/08\/cozy-porch-ideas-dtd-13-480x720.jpg 480w\" sizes=\"auto, (max-width: 700px) 100vw, 700px\" \/><\/p>\n<p>Vytvor univerz\u00e1lnu slne\u010dn\u00fa miestnos\u0165 kombinovan\u00edm r\u00f4znych typov sedenia, napr\u00edklad biely rohov\u00fd gau\u010d so pr\u00faten\u00fdmi kreslami. Charakter pridaj\u00fa r\u00f4zne vank\u00fa\u0161e a koberce z pr\u00edrodn\u00e9ho materi\u00e1lu. Jednoduch\u00fd dreven\u00fd stol\u00edk nechaj v strede miestnosti na v\u0161estrann\u00e9 vyu\u017eitie. Pre viac pohodlia nain\u0161taluj stropn\u00fd ventil\u00e1tor, ktor\u00fd rozpr\u00fadi vzduch a umo\u017en\u00ed ti vychutna\u0165 si svetlo z ve\u013ek\u00fdch okien.<\/p>\n<h2>Pobre\u017en\u00e9 \u00fato\u010disko v zimnej z\u00e1hrade<\/h2>\n<p><img loading=\"lazy\" decoding=\"async\" width=\"700\" height=\"1049\" alt=\"Svetl\u00e1 zimn\u00e1 z\u00e1hrada s ve\u013ek\u00fdmi oknami, modrou pohovkou s vank\u00fa\u0161mi so vzorom, kvetmi v kvetin\u00e1\u010doch a dekor\u00e1ciami in\u0161pirovan\u00fdmi morom, ktor\u00e9 vytv\u00e1raj\u00fa pr\u00edjemn\u00fa atmosf\u00e9ru.\" class=\"aligncenter size-full wp-image-5573\" src=\"https:\/\/doubletakedecor.com\/uploads\/2025\/08\/cozy-porch-ideas-dtd-14.jpg\" srcset=\"https:\/\/doubletakedecor.com\/uploads\/2025\/08\/cozy-porch-ideas-dtd-14.jpg 700w, https:\/\/doubletakedecor.com\/uploads\/2025\/08\/cozy-porch-ideas-dtd-14-200x300.jpg 200w, https:\/\/doubletakedecor.com\/uploads\/2025\/08\/cozy-porch-ideas-dtd-14-683x1024.jpg 683w, https:\/\/doubletakedecor.com\/uploads\/2025\/08\/cozy-porch-ideas-dtd-14-96x144.jpg 96w, https:\/\/doubletakedecor.com\/uploads\/2025\/08\/cozy-porch-ideas-dtd-14-280x420.jpg 280w, https:\/\/doubletakedecor.com\/uploads\/2025\/08\/cozy-porch-ideas-dtd-14-320x480.jpg 320w, https:\/\/doubletakedecor.com\/uploads\/2025\/08\/cozy-porch-ideas-dtd-14-360x539.jpg 360w, https:\/\/doubletakedecor.com\/uploads\/2025\/08\/cozy-porch-ideas-dtd-14-363x544.jpg 363w, https:\/\/doubletakedecor.com\/uploads\/2025\/08\/cozy-porch-ideas-dtd-14-370x554.jpg 370w, https:\/\/doubletakedecor.com\/uploads\/2025\/08\/cozy-porch-ideas-dtd-14-400x599.jpg 400w, https:\/\/doubletakedecor.com\/uploads\/2025\/08\/cozy-porch-ideas-dtd-14-560x839.jpg 560w, https:\/\/doubletakedecor.com\/uploads\/2025\/08\/cozy-porch-ideas-dtd-14-480x719.jpg 480w\" sizes=\"auto, (max-width: 700px) 100vw, 700px\" \/><\/p>\n<p>Premie\u0148 svoju verandu na miesto s atmosf\u00e9rou pri mori pomocou svetlomodrej a bielej v\u00fdzdoby. Pohodln\u00e1 pohovka s vank\u00fa\u0161mi s r\u00f4znymi vzormi bude \u00fastredn\u00fdm bodom miestnosti. Pridaj kvetin\u00e1\u010de s rastlinami v rovnakom \u0161t\u00fdle pre svie\u017eos\u0165. Celok dotvor\u00ed jednoduch\u00fd dreven\u00fd stol\u00edk a doplnky z pr\u00edrodn\u00fdch materi\u00e1lov, ako napr\u00edklad pufy alebo pr\u00faten\u00e9 kresl\u00e1, ktor\u00e9 zv\u00fdraznia \u00fatulnos\u0165.<\/p>\n<h2>\u0160t\u00fdlov\u00e1 vonkaj\u0161ia ob\u00fdva\u010dka na verande<\/h2>\n<p><img loading=\"lazy\" decoding=\"async\" width=\"700\" height=\"1050\" alt=\"\u00datuln\u00e1 veranda s ventil\u00e1torom na strope, m\u00e4kkou pohovkou s farebn\u00fdmi vank\u00fa\u0161mi, pr\u00faten\u00fdmi kreslami a geometrick\u00fdm kobercom obklopen\u00e1 zele\u0148ou.\" class=\"aligncenter size-full wp-image-5579\" src=\"https:\/\/doubletakedecor.com\/uploads\/2025\/08\/cozy-porch-ideas-dtd-15.jpg\" srcset=\"https:\/\/doubletakedecor.com\/uploads\/2025\/08\/cozy-porch-ideas-dtd-15.jpg 700w, https:\/\/doubletakedecor.com\/uploads\/2025\/08\/cozy-porch-ideas-dtd-15-200x300.jpg 200w, https:\/\/doubletakedecor.com\/uploads\/2025\/08\/cozy-porch-ideas-dtd-15-683x1024.jpg 683w, https:\/\/doubletakedecor.com\/uploads\/2025\/08\/cozy-porch-ideas-dtd-15-96x144.jpg 96w, https:\/\/doubletakedecor.com\/uploads\/2025\/08\/cozy-porch-ideas-dtd-15-280x420.jpg 280w, https:\/\/doubletakedecor.com\/uploads\/2025\/08\/cozy-porch-ideas-dtd-15-320x480.jpg 320w, https:\/\/doubletakedecor.com\/uploads\/2025\/08\/cozy-porch-ideas-dtd-15-360x540.jpg 360w, https:\/\/doubletakedecor.com\/uploads\/2025\/08\/cozy-porch-ideas-dtd-15-363x545.jpg 363w, https:\/\/doubletakedecor.com\/uploads\/2025\/08\/cozy-porch-ideas-dtd-15-370x555.jpg 370w, https:\/\/doubletakedecor.com\/uploads\/2025\/08\/cozy-porch-ideas-dtd-15-400x600.jpg 400w, https:\/\/doubletakedecor.com\/uploads\/2025\/08\/cozy-porch-ideas-dtd-15-560x840.jpg 560w, https:\/\/doubletakedecor.com\/uploads\/2025\/08\/cozy-porch-ideas-dtd-15-480x720.jpg 480w\" sizes=\"auto, (max-width: 700px) 100vw, 700px\" \/><\/p>\n<p>Vytvor modern\u00fd vonkaj\u0161\u00ed priestor pomocou v\u00fdrazn\u00e9ho koberca s geometrick\u00fdm vzorom, ktor\u00fd spoj\u00ed cel\u00fd n\u00e1bytok. Skombinuj pr\u00faten\u00e9 kresl\u00e1 s m\u00e4kkou pohovkou a o\u017eiv ich farebn\u00fdmi vank\u00fa\u0161mi. Pre pr\u00edjemn\u00fd chl\u00e1dok v lete nain\u0161taluj stropn\u00fd ventil\u00e1tor. Pridaj aj kvety v kvetin\u00e1\u010doch, ktor\u00e9 pribl\u00ed\u017eia verandu pr\u00edrode.<\/p>\n<h2>Pestrofarebn\u00e9 pr\u00faten\u00e9 sedenie na verande<\/h2>\n<p><img loading=\"lazy\" decoding=\"async\" width=\"700\" height=\"1050\" alt=\"Vesel\u00e1 veranda s bielym pr\u00faten\u00fdm n\u00e1bytkom, vank\u00fa\u0161mi v ru\u017eovej a oran\u017eovej, pruhovan\u00fdm kobercom a \u017eltou lampou, obklopen\u00e1 zele\u0148ou.\" class=\"aligncenter size-full wp-image-5585\" src=\"https:\/\/doubletakedecor.com\/uploads\/2025\/08\/cozy-porch-ideas-dtd-16.jpg\" srcset=\"https:\/\/doubletakedecor.com\/uploads\/2025\/08\/cozy-porch-ideas-dtd-16.jpg 700w, https:\/\/doubletakedecor.com\/uploads\/2025\/08\/cozy-porch-ideas-dtd-16-200x300.jpg 200w, https:\/\/doubletakedecor.com\/uploads\/2025\/08\/cozy-porch-ideas-dtd-16-683x1024.jpg 683w, https:\/\/doubletakedecor.com\/uploads\/2025\/08\/cozy-porch-ideas-dtd-16-96x144.jpg 96w, https:\/\/doubletakedecor.com\/uploads\/2025\/08\/cozy-porch-ideas-dtd-16-280x420.jpg 280w, https:\/\/doubletakedecor.com\/uploads\/2025\/08\/cozy-porch-ideas-dtd-16-320x480.jpg 320w, https:\/\/doubletakedecor.com\/uploads\/2025\/08\/cozy-porch-ideas-dtd-16-360x540.jpg 360w, https:\/\/doubletakedecor.com\/uploads\/2025\/08\/cozy-porch-ideas-dtd-16-363x545.jpg 363w, https:\/\/doubletakedecor.com\/uploads\/2025\/08\/cozy-porch-ideas-dtd-16-370x555.jpg 370w, https:\/\/doubletakedecor.com\/uploads\/2025\/08\/cozy-porch-ideas-dtd-16-400x600.jpg 400w, https:\/\/doubletakedecor.com\/uploads\/2025\/08\/cozy-porch-ideas-dtd-16-560x840.jpg 560w, https:\/\/doubletakedecor.com\/uploads\/2025\/08\/cozy-porch-ideas-dtd-16-480x720.jpg 480w\" sizes=\"auto, (max-width: 700px) 100vw, 700px\" \/><\/p>\n<p>Vytvor vesel\u00fd letn\u00fd k\u00fatik pomocou vank\u00fa\u0161ov v ru\u017eov\u00fdch, oran\u017eov\u00fdch a \u017elt\u00fdch odtie\u0148och na bielom pr\u00fatenom n\u00e1bytku. Pridaj pruhovan\u00fd koberec, ktor\u00fd z\u00f3nu oddel\u00ed a prinesie zauj\u00edmav\u00fa \u0161trukt\u00faru. Dotvor ho \u010derstv\u00fdmi kvetmi a zavesen\u00fdmi rastlinami pre pr\u00edrodn\u00fd n\u00e1dych. Stropn\u00fd ventil\u00e1tor zabezpe\u010d\u00ed pohodu po\u010das tepl\u00fdch dn\u00ed. Pestr\u00e9 doplnky skombinuj s neutr\u00e1lnou podlahou, aby p\u00f4sobil celok harmonicky.<\/p>\n<h2>Tropick\u00e9 b\u00fdvanie v slne\u010dnej miestnosti<\/h2>\n<p><img loading=\"lazy\" decoding=\"async\" width=\"700\" height=\"1050\" alt=\"Levandu\u013eov\u00e1 pohovka s kvetinov\u00fdmi vank\u00fa\u0161mi, pr\u00faten\u00e9 kresl\u00e1 a stol\u00edk so sklenenou doskou v svetlej miestnosti s tropick\u00fdmi doplnkami.\" class=\"aligncenter size-full wp-image-5591\" src=\"https:\/\/doubletakedecor.com\/uploads\/2025\/08\/cozy-porch-ideas-dtd-17.jpg\" srcset=\"https:\/\/doubletakedecor.com\/uploads\/2025\/08\/cozy-porch-ideas-dtd-17.jpg 700w, https:\/\/doubletakedecor.com\/uploads\/2025\/08\/cozy-porch-ideas-dtd-17-200x300.jpg 200w, https:\/\/doubletakedecor.com\/uploads\/2025\/08\/cozy-porch-ideas-dtd-17-683x1024.jpg 683w, https:\/\/doubletakedecor.com\/uploads\/2025\/08\/cozy-porch-ideas-dtd-17-96x144.jpg 96w, https:\/\/doubletakedecor.com\/uploads\/2025\/08\/cozy-porch-ideas-dtd-17-280x420.jpg 280w, https:\/\/doubletakedecor.com\/uploads\/2025\/08\/cozy-porch-ideas-dtd-17-320x480.jpg 320w, https:\/\/doubletakedecor.com\/uploads\/2025\/08\/cozy-porch-ideas-dtd-17-360x540.jpg 360w, https:\/\/doubletakedecor.com\/uploads\/2025\/08\/cozy-porch-ideas-dtd-17-363x545.jpg 363w, https:\/\/doubletakedecor.com\/uploads\/2025\/08\/cozy-porch-ideas-dtd-17-370x555.jpg 370w, https:\/\/doubletakedecor.com\/uploads\/2025\/08\/cozy-porch-ideas-dtd-17-400x600.jpg 400w, https:\/\/doubletakedecor.com\/uploads\/2025\/08\/cozy-porch-ideas-dtd-17-560x840.jpg 560w, https:\/\/doubletakedecor.com\/uploads\/2025\/08\/cozy-porch-ideas-dtd-17-480x720.jpg 480w\" sizes=\"auto, (max-width: 700px) 100vw, 700px\" \/><\/p>\n<p>Vytvor energick\u00fd priestor v slne\u010dnej miestnosti s levandu\u013eov\u00fdm n\u00e1bytkom a kvetinov\u00fdmi doplnkami. Pr\u00faten\u00fd n\u00e1bytok vyv\u00e1\u017e m\u00e4kk\u00fdmi text\u00edliami pre efekt rozdielnych povrchov. Svie\u017ei vzh\u013ead zachov\u00e1\u0161 v\u010faka priesvitn\u00fdm z\u00e1clon\u00e1m a kvetom v kvetin\u00e1\u010doch. Osobit\u00fd \u0161t\u00fdl doplnia mal\u00e9 kyti\u010dky a ob\u013e\u00faben\u00e9 knihy na pr\u00fatenom stol\u00edku.<\/p>\n<h2>Tropick\u00e1 veranda s hojdac\u00edmi kreslami<\/h2>\n<p><img loading=\"lazy\" decoding=\"async\" width=\"700\" height=\"1050\" alt=\"P\u00f4vabn\u00e1 veranda s \u010diernymi hojdac\u00edmi kreslami na \u0161edej podlahe, s modr\u00fdmi vank\u00fa\u0161mi, bielymi z\u00e1vesmi a tropick\u00fdmi rastlinami.\" class=\"aligncenter size-full wp-image-5597\" src=\"https:\/\/doubletakedecor.com\/uploads\/2025\/08\/cozy-porch-ideas-dtd-18.jpg\" srcset=\"https:\/\/doubletakedecor.com\/uploads\/2025\/08\/cozy-porch-ideas-dtd-18.jpg 700w, https:\/\/doubletakedecor.com\/uploads\/2025\/08\/cozy-porch-ideas-dtd-18-200x300.jpg 200w, https:\/\/doubletakedecor.com\/uploads\/2025\/08\/cozy-porch-ideas-dtd-18-683x1024.jpg 683w, https:\/\/doubletakedecor.com\/uploads\/2025\/08\/cozy-porch-ideas-dtd-18-96x144.jpg 96w, https:\/\/doubletakedecor.com\/uploads\/2025\/08\/cozy-porch-ideas-dtd-18-280x420.jpg 280w, https:\/\/doubletakedecor.com\/uploads\/2025\/08\/cozy-porch-ideas-dtd-18-320x480.jpg 320w, https:\/\/doubletakedecor.com\/uploads\/2025\/08\/cozy-porch-ideas-dtd-18-360x540.jpg 360w, https:\/\/doubletakedecor.com\/uploads\/2025\/08\/cozy-porch-ideas-dtd-18-363x545.jpg 363w, https:\/\/doubletakedecor.com\/uploads\/2025\/08\/cozy-porch-ideas-dtd-18-370x555.jpg 370w, https:\/\/doubletakedecor.com\/uploads\/2025\/08\/cozy-porch-ideas-dtd-18-400x600.jpg 400w, https:\/\/doubletakedecor.com\/uploads\/2025\/08\/cozy-porch-ideas-dtd-18-560x840.jpg 560w, https:\/\/doubletakedecor.com\/uploads\/2025\/08\/cozy-porch-ideas-dtd-18-480x720.jpg 480w\" sizes=\"auto, (max-width: 700px) 100vw, 700px\" \/><\/p>\n<p>Vytvor pr\u00edjemn\u00e9 vonkaj\u0161ie miesto kombinovan\u00edm pohodln\u00fdch \u010diernych hojdac\u00edch kresiel s farebn\u00fdmi vank\u00fa\u0161mi. Priestor oddel koberec z pr\u00edrodn\u00fdch vl\u00e1kien a pre \u0161t\u00fdl aj s\u00fakromie zaves biele z\u00e1clony. Stropn\u00fd ventil\u00e1tor vyu\u017eije\u0161 na osvie\u017eenie po\u010das hor\u00facich dn\u00ed. K tomu pridaj tropick\u00e9 rastliny v kvetin\u00e1\u010doch, ktor\u00e9 dotvoria pokojn\u00e9 prostredie. Ide\u00e1lne na rann\u00fa k\u00e1vu \u010di ve\u010dern\u00fd relax.<\/p>\n<h2>Hojda\u010dka so vank\u00fa\u0161mi v pr\u00edmorskom \u0161t\u00fdle<\/h2>\n<p><img loading=\"lazy\" decoding=\"async\" width=\"700\" height=\"1050\" alt=\"Pr\u00edjemn\u00e1 dreven\u00e1 hojda\u010dka so svetlomodr\u00fdmi a bielymi vank\u00fa\u0161mi na drevenej terase, obklopen\u00e1 kvetmi a zele\u0148ou.\" class=\"aligncenter size-full wp-image-5603\" src=\"https:\/\/doubletakedecor.com\/uploads\/2025\/08\/cozy-porch-ideas-dtd-19.jpg\" srcset=\"https:\/\/doubletakedecor.com\/uploads\/2025\/08\/cozy-porch-ideas-dtd-19.jpg 700w, https:\/\/doubletakedecor.com\/uploads\/2025\/08\/cozy-porch-ideas-dtd-19-200x300.jpg 200w, https:\/\/doubletakedecor.com\/uploads\/2025\/08\/cozy-porch-ideas-dtd-19-683x1024.jpg 683w, https:\/\/doubletakedecor.com\/uploads\/2025\/08\/cozy-porch-ideas-dtd-19-96x144.jpg 96w, https:\/\/doubletakedecor.com\/uploads\/2025\/08\/cozy-porch-ideas-dtd-19-280x420.jpg 280w, https:\/\/doubletakedecor.com\/uploads\/2025\/08\/cozy-porch-ideas-dtd-19-320x480.jpg 320w, https:\/\/doubletakedecor.com\/uploads\/2025\/08\/cozy-porch-ideas-dtd-19-360x540.jpg 360w, https:\/\/doubletakedecor.com\/uploads\/2025\/08\/cozy-porch-ideas-dtd-19-363x545.jpg 363w, https:\/\/doubletakedecor.com\/uploads\/2025\/08\/cozy-porch-ideas-dtd-19-370x555.jpg 370w, https:\/\/doubletakedecor.com\/uploads\/2025\/08\/cozy-porch-ideas-dtd-19-400x600.jpg 400w, https:\/\/doubletakedecor.com\/uploads\/2025\/08\/cozy-porch-ideas-dtd-19-560x840.jpg 560w, https:\/\/doubletakedecor.com\/uploads\/2025\/08\/cozy-porch-ideas-dtd-19-480x720.jpg 480w\" sizes=\"auto, (max-width: 700px) 100vw, 700px\" \/><\/p>\n<p>Premie\u0148 svoju terasu na pokojn\u00fd k\u00fatik s drevenou hojda\u010dkou upevnenou na strope. Pridaj vank\u00fa\u0161e v modrej a bielej farbe pre pohodlie, cez chladn\u00e9 ve\u010dery pridaj m\u00e4kk\u00fa deku. Okolo naaran\u017euj kvety v kvetin\u00e1\u010doch a zele\u0148, a nezabudni na mal\u00fd dreven\u00fd stol\u00edk na ob\u010derstvenie alebo dekor\u00e1cie.<\/p>\n<h2>Elegantn\u00e9 pobre\u017en\u00e9 stolovanie na verande<\/h2>\n<p><img loading=\"lazy\" decoding=\"async\" width=\"700\" height=\"1050\" alt=\"Svetl\u00e1 jed\u00e1lensk\u00e1 \u010das\u0165 s okr\u00fahlym bielym stolom, ru\u017eov\u00fdm aran\u017em\u00e1nom a modrobielymi p\u00e1sikov\u00fdmi vank\u00fa\u0161mi, ktor\u00e9 vytv\u00e1raj\u00fa pokojn\u00fa atmosf\u00e9ru pri mori.\" class=\"aligncenter size-full wp-image-5609\" src=\"https:\/\/doubletakedecor.com\/uploads\/2025\/08\/cozy-porch-ideas-dtd-20.jpg\" srcset=\"https:\/\/doubletakedecor.com\/uploads\/2025\/08\/cozy-porch-ideas-dtd-20.jpg 700w, https:\/\/doubletakedecor.com\/uploads\/2025\/08\/cozy-porch-ideas-dtd-20-200x300.jpg 200w, https:\/\/doubletakedecor.com\/uploads\/2025\/08\/cozy-porch-ideas-dtd-20-683x1024.jpg 683w, https:\/\/doubletakedecor.com\/uploads\/2025\/08\/cozy-porch-ideas-dtd-20-96x144.jpg 96w, https:\/\/doubletakedecor.com\/uploads\/2025\/08\/cozy-porch-ideas-dtd-20-280x420.jpg 280w, https:\/\/doubletakedecor.com\/uploads\/2025\/08\/cozy-porch-ideas-dtd-20-320x480.jpg 320w, https:\/\/doubletakedecor.com\/uploads\/2025\/08\/cozy-porch-ideas-dtd-20-360x540.jpg 360w, https:\/\/doubletakedecor.com\/uploads\/2025\/08\/cozy-porch-ideas-dtd-20-363x545.jpg 363w, https:\/\/doubletakedecor.com\/uploads\/2025\/08\/cozy-porch-ideas-dtd-20-370x555.jpg 370w, https:\/\/doubletakedecor.com\/uploads\/2025\/08\/cozy-porch-ideas-dtd-20-400x600.jpg 400w, https:\/\/doubletakedecor.com\/uploads\/2025\/08\/cozy-porch-ideas-dtd-20-560x840.jpg 560w, https:\/\/doubletakedecor.com\/uploads\/2025\/08\/cozy-porch-ideas-dtd-20-480x720.jpg 480w\" sizes=\"auto, (max-width: 700px) 100vw, 700px\" \/><\/p>\n<p>Vytvor svetl\u00fd a vzdu\u0161n\u00fd priestor na stolovanie s okr\u00fahlym bielym stolom ako stredobodom. Vank\u00fa\u0161e s modr\u00fdmi a bielymi p\u00e1sikmi zjednotia cel\u00fd vzh\u013ead. Kvety \u2013 napr\u00edklad ru\u017eov\u00e9 ru\u017ee vo v\u00e1ze \u2013 kr\u00e1sne osvie\u017eia atmosf\u00e9ru. Pr\u00edrodn\u00fd dojem umocn\u00ed stolovanie bl\u00edzko sklenen\u00fdch dver\u00ed s v\u00fdh\u013eadom na zele\u0148 vonku.<\/p>\n<h2>Klasick\u00e1 \u010diernobiela veranda<\/h2>\n<p><img loading=\"lazy\" decoding=\"async\" width=\"700\" height=\"1049\" alt=\"\u00datuln\u00e1 veranda s \u010diernymi hojdac\u00edmi kreslami, bielymi doskami na stene a star\u00fdm dreven\u00fdm stol\u00edkom so zele\u0148ou v kvetin\u00e1\u010doch.\" class=\"aligncenter size-full wp-image-5615\" src=\"https:\/\/doubletakedecor.com\/uploads\/2025\/08\/cozy-porch-ideas-dtd-21.jpg\" srcset=\"https:\/\/doubletakedecor.com\/uploads\/2025\/08\/cozy-porch-ideas-dtd-21.jpg 700w, https:\/\/doubletakedecor.com\/uploads\/2025\/08\/cozy-porch-ideas-dtd-21-200x300.jpg 200w, https:\/\/doubletakedecor.com\/uploads\/2025\/08\/cozy-porch-ideas-dtd-21-683x1024.jpg 683w, https:\/\/doubletakedecor.com\/uploads\/2025\/08\/cozy-porch-ideas-dtd-21-96x144.jpg 96w, https:\/\/doubletakedecor.com\/uploads\/2025\/08\/cozy-porch-ideas-dtd-21-280x420.jpg 280w, https:\/\/doubletakedecor.com\/uploads\/2025\/08\/cozy-porch-ideas-dtd-21-320x480.jpg 320w, https:\/\/doubletakedecor.com\/uploads\/2025\/08\/cozy-porch-ideas-dtd-21-360x539.jpg 360w, https:\/\/doubletakedecor.com\/uploads\/2025\/08\/cozy-porch-ideas-dtd-21-363x544.jpg 363w, https:\/\/doubletakedecor.com\/uploads\/2025\/08\/cozy-porch-ideas-dtd-21-370x554.jpg 370w, https:\/\/doubletakedecor.com\/uploads\/2025\/08\/cozy-porch-ideas-dtd-21-400x599.jpg 400w, https:\/\/doubletakedecor.com\/uploads\/2025\/08\/cozy-porch-ideas-dtd-21-560x839.jpg 560w, https:\/\/doubletakedecor.com\/uploads\/2025\/08\/cozy-porch-ideas-dtd-21-480x719.jpg 480w\" sizes=\"auto, (max-width: 700px) 100vw, 700px\" \/><\/p>\n<p>Vytvor nad\u010dasov\u00e9 miesto na oddych so siln\u00fdm kontrastom \u010diernych hojdac\u00edch kresiel a bielej fas\u00e1dy. Praktick\u00fd stol\u00edk so z\u00e1suvkami ti posl\u00fa\u017ei na odkladanie aj vystavenie dekor\u00e1ci\u00ed. \u017div\u00e9 rastliny v kvetin\u00e1\u010doch prines\u00fa energiu a vrstven\u00e9 osvetlenie s lamp\u00e1\u0161om a n\u00e1stenn\u00fdmi svietidlami navod\u00ed dokonal\u00fa ve\u010dern\u00fa atmosf\u00e9ru. Dreven\u00e1 podlaha vyv\u00e1\u017ei \u0161t\u00fdl aj pohodlie.<\/p>\n<h2>Pr\u00faten\u00fd sal\u00f3nik s kame\u0148om<\/h2>\n<p><img loading=\"lazy\" decoding=\"async\" width=\"700\" height=\"1049\" alt=\"Pr\u00edjemn\u00fd vonkaj\u0161\u00ed ob\u00fdvac\u00ed priestor s pr\u00faten\u00fdm n\u00e1bytkom, bielymi vank\u00fa\u0161mi, kamenn\u00fdm stolom a svetielkami s \u00fatulnou atmosf\u00e9rou.\" class=\"aligncenter size-full wp-image-5621\" src=\"https:\/\/doubletakedecor.com\/uploads\/2025\/08\/cozy-porch-ideas-dtd-22.jpg\" srcset=\"https:\/\/doubletakedecor.com\/uploads\/2025\/08\/cozy-porch-ideas-dtd-22.jpg 700w, https:\/\/doubletakedecor.com\/uploads\/2025\/08\/cozy-porch-ideas-dtd-22-200x300.jpg 200w, https:\/\/doubletakedecor.com\/uploads\/2025\/08\/cozy-porch-ideas-dtd-22-683x1024.jpg 683w, https:\/\/doubletakedecor.com\/uploads\/2025\/08\/cozy-porch-ideas-dtd-22-96x144.jpg 96w, https:\/\/doubletakedecor.com\/uploads\/2025\/08\/cozy-porch-ideas-dtd-22-280x420.jpg 280w, https:\/\/doubletakedecor.com\/uploads\/2025\/08\/cozy-porch-ideas-dtd-22-320x480.jpg 320w, https:\/\/doubletakedecor.com\/uploads\/2025\/08\/cozy-porch-ideas-dtd-22-360x539.jpg 360w, https:\/\/doubletakedecor.com\/uploads\/2025\/08\/cozy-porch-ideas-dtd-22-363x544.jpg 363w, https:\/\/doubletakedecor.com\/uploads\/2025\/08\/cozy-porch-ideas-dtd-22-370x554.jpg 370w, https:\/\/doubletakedecor.com\/uploads\/2025\/08\/cozy-porch-ideas-dtd-22-400x599.jpg 400w, https:\/\/doubletakedecor.com\/uploads\/2025\/08\/cozy-porch-ideas-dtd-22-560x839.jpg 560w, https:\/\/doubletakedecor.com\/uploads\/2025\/08\/cozy-porch-ideas-dtd-22-480x719.jpg 480w\" sizes=\"auto, (max-width: 700px) 100vw, 700px\" \/><\/p>\n<p>Vytvor poz\u00fdvaj\u00facu vonkaj\u0161iu ob\u00fdva\u010dku so seda\u010dkou z pr\u00fatia a bielymi vank\u00fa\u0161mi, doplnenou kamenn\u00fdm stolom. Ve\u010der spr\u00edjemnia svetielka zavesen\u00e9 nad hlavou a v\u00e4\u010d\u0161ie aj men\u0161ie rastliny v kvetin\u00e1\u010doch pridaj\u00fa pr\u00edrodn\u00fa atmosf\u00e9ru. Tvrd\u00e9 povrchy zjemni m\u00e4kk\u00fdmi doplnkami ako vank\u00fa\u0161e, aby si si u\u017eil pohodlie aj odolnos\u0165 z\u00e1rove\u0148.<\/p>\n<h2>Pr\u00faten\u00e9 sedenie pri z\u00e1pade slnka<\/h2>\n<p><img loading=\"lazy\" decoding=\"async\" width=\"700\" height=\"1050\" alt=\"\u00datuln\u00e1 veranda s pr\u00faten\u00fdmi kreslami a vank\u00fa\u0161mi okolo stola, osvetlen\u00e1 tepl\u00fdm svetlom z\u00e1padu pre v\u00fdh\u013ead na vodu.\" class=\"aligncenter size-full wp-image-5627\" src=\"https:\/\/doubletakedecor.com\/uploads\/2025\/08\/cozy-porch-ideas-dtd-23.jpg\" srcset=\"https:\/\/doubletakedecor.com\/uploads\/2025\/08\/cozy-porch-ideas-dtd-23.jpg 700w, https:\/\/doubletakedecor.com\/uploads\/2025\/08\/cozy-porch-ideas-dtd-23-200x300.jpg 200w, https:\/\/doubletakedecor.com\/uploads\/2025\/08\/cozy-porch-ideas-dtd-23-683x1024.jpg 683w, https:\/\/doubletakedecor.com\/uploads\/2025\/08\/cozy-porch-ideas-dtd-23-96x144.jpg 96w, https:\/\/doubletakedecor.com\/uploads\/2025\/08\/cozy-porch-ideas-dtd-23-280x420.jpg 280w, https:\/\/doubletakedecor.com\/uploads\/2025\/08\/cozy-porch-ideas-dtd-23-320x480.jpg 320w, https:\/\/doubletakedecor.com\/uploads\/2025\/08\/cozy-porch-ideas-dtd-23-360x540.jpg 360w, https:\/\/doubletakedecor.com\/uploads\/2025\/08\/cozy-porch-ideas-dtd-23-363x545.jpg 363w, https:\/\/doubletakedecor.com\/uploads\/2025\/08\/cozy-porch-ideas-dtd-23-370x555.jpg 370w, https:\/\/doubletakedecor.com\/uploads\/2025\/08\/cozy-porch-ideas-dtd-23-400x600.jpg 400w, https:\/\/doubletakedecor.com\/uploads\/2025\/08\/cozy-porch-ideas-dtd-23-560x840.jpg 560w, https:\/\/doubletakedecor.com\/uploads\/2025\/08\/cozy-porch-ideas-dtd-23-480x720.jpg 480w\" sizes=\"auto, (max-width: 700px) 100vw, 700px\" \/><\/p>\n<p>Zostav pr\u00faten\u00e9 kresl\u00e1 tak, aby ste sa mohli rozpr\u00e1va\u0165 a z\u00e1rove\u0148 sledova\u0165 z\u00e1pad slnka. Priestor pod\u010diarkni pevn\u00fdm kobercom, ktor\u00fd dobre zvl\u00e1da vonkaj\u0161ie podmienky a z\u00e1rove\u0148 zahreje. Na pohodlie pou\u017eij vank\u00fa\u0161e z odolnej l\u00e1tky. Kvetin\u00e1\u010de rozmiestni medzi st\u013apy tak, aby vytv\u00e1rali pekn\u00fd r\u00e1m pre v\u00fdh\u013ead, ale ni\u010d nezakr\u00fdvali. Takto dosiahne\u0161 dokonal\u00fa ve\u010dern\u00fa atmosf\u00e9ru.<\/p>\n<h2>Pergolov\u00fd sal\u00f3nik so svetielkami<\/h2>\n<p><img loading=\"lazy\" decoding=\"async\" width=\"700\" height=\"1050\" alt=\"\u00datuln\u00e9 posedenie pod pergolou so svetielkami, m\u00e4kk\u00fdm lavicov\u00fdm seden\u00edm, hojda\u010dkou a ratanov\u00fdm pufom na \u0161trukt\u00farovanom koberci v zeleni.\" class=\"aligncenter size-full wp-image-5633\" src=\"https:\/\/doubletakedecor.com\/uploads\/2025\/08\/cozy-porch-ideas-dtd-24.jpg\" srcset=\"https:\/\/doubletakedecor.com\/uploads\/2025\/08\/cozy-porch-ideas-dtd-24.jpg 700w, https:\/\/doubletakedecor.com\/uploads\/2025\/08\/cozy-porch-ideas-dtd-24-200x300.jpg 200w, https:\/\/doubletakedecor.com\/uploads\/2025\/08\/cozy-porch-ideas-dtd-24-683x1024.jpg 683w, https:\/\/doubletakedecor.com\/uploads\/2025\/08\/cozy-porch-ideas-dtd-24-96x144.jpg 96w, https:\/\/doubletakedecor.com\/uploads\/2025\/08\/cozy-porch-ideas-dtd-24-280x420.jpg 280w, https:\/\/doubletakedecor.com\/uploads\/2025\/08\/cozy-porch-ideas-dtd-24-320x480.jpg 320w, https:\/\/doubletakedecor.com\/uploads\/2025\/08\/cozy-porch-ideas-dtd-24-360x540.jpg 360w, https:\/\/doubletakedecor.com\/uploads\/2025\/08\/cozy-porch-ideas-dtd-24-363x545.jpg 363w, https:\/\/doubletakedecor.com\/uploads\/2025\/08\/cozy-porch-ideas-dtd-24-370x555.jpg 370w, https:\/\/doubletakedecor.com\/uploads\/2025\/08\/cozy-porch-ideas-dtd-24-400x600.jpg 400w, https:\/\/doubletakedecor.com\/uploads\/2025\/08\/cozy-porch-ideas-dtd-24-560x840.jpg 560w, https:\/\/doubletakedecor.com\/uploads\/2025\/08\/cozy-porch-ideas-dtd-24-480x720.jpg 480w\" sizes=\"auto, (max-width: 700px) 100vw, 700px\" \/><\/p>\n<p>Zme\u0148 verandu na no\u010dn\u00fd \u00fakryt s re\u0165azov\u00fdmi svetlami prevesen\u00fdmi cez pergolu. Umiestni n\u00edzke sedenie s m\u00e4kk\u00fdmi vank\u00fa\u0161mi okolo ratanov\u00e9ho pufu v strede. Dodaj lamp\u00e1\u0161e so svie\u010dkami pre tepl\u00e9 svetlo a hojda\u010dku pre le\u017e\u00e9rny \u0161t\u00fdl. \u0160trukt\u00farovan\u00fd vonkaj\u0161\u00ed koberec spoj\u00ed v\u0161etko dokopy a vy\u010dlen\u00ed tento k\u00fat v zeleni.<\/p>\n<h2>Rustik\u00e1lne pohodlie na verande<\/h2>\n<p><img loading=\"lazy\" decoding=\"async\" width=\"700\" height=\"1049\" alt=\"\u00datuln\u00e1 pr\u00faten\u00e1 pohovka s botanick\u00fdm vank\u00fa\u0161om ved\u013ea star\u00e9ho zelen\u00e9ho kufra ako stol\u00edka, s kvetin\u00e1\u010dmi a zavesen\u00fdm lamp\u00e1\u0161om.\" class=\"aligncenter size-full wp-image-5639\" src=\"https:\/\/doubletakedecor.com\/uploads\/2025\/08\/cozy-porch-ideas-dtd-25.jpg\" srcset=\"https:\/\/doubletakedecor.com\/uploads\/2025\/08\/cozy-porch-ideas-dtd-25.jpg 700w, https:\/\/doubletakedecor.com\/uploads\/2025\/08\/cozy-porch-ideas-dtd-25-200x300.jpg 200w, https:\/\/doubletakedecor.com\/uploads\/2025\/08\/cozy-porch-ideas-dtd-25-683x1024.jpg 683w, https:\/\/doubletakedecor.com\/uploads\/2025\/08\/cozy-porch-ideas-dtd-25-96x144.jpg 96w, https:\/\/doubletakedecor.com\/uploads\/2025\/08\/cozy-porch-ideas-dtd-25-280x420.jpg 280w, https:\/\/doubletakedecor.com\/uploads\/2025\/08\/cozy-porch-ideas-dtd-25-320x480.jpg 320w, https:\/\/doubletakedecor.com\/uploads\/2025\/08\/cozy-porch-ideas-dtd-25-360x539.jpg 360w, https:\/\/doubletakedecor.com\/uploads\/2025\/08\/cozy-porch-ideas-dtd-25-363x544.jpg 363w, https:\/\/doubletakedecor.com\/uploads\/2025\/08\/cozy-porch-ideas-dtd-25-370x554.jpg 370w, https:\/\/doubletakedecor.com\/uploads\/2025\/08\/cozy-porch-ideas-dtd-25-400x599.jpg 400w, https:\/\/doubletakedecor.com\/uploads\/2025\/08\/cozy-porch-ideas-dtd-25-560x839.jpg 560w, https:\/\/doubletakedecor.com\/uploads\/2025\/08\/cozy-porch-ideas-dtd-25-480x719.jpg 480w\" sizes=\"auto, (max-width: 700px) 100vw, 700px\" \/><\/p>\n<p>Premie\u0148 verandu pohodlnou pr\u00fatenou pohovkou a stol\u00edkom zo star\u00e9ho kufra. Vidite\u013en\u00e9 zn\u00e1mky pou\u017e\u00edvania, ako star\u00fd zelen\u00fd kufor, dodaj\u00fa miestu charakter a posl\u00fa\u017eia aj na \u00faschovu. Pr\u00edrodu vnies botanick\u00fdmi vank\u00fa\u0161mi a zele\u0148ou. K tomu zaves klasick\u00fd lamp\u00e1\u0161 na jemn\u00e9 ve\u010dern\u00e9 svietenie. T\u00e1to kombin\u00e1cia prinesie rovnov\u00e1hu rustik\u00e1lneho \u0161t\u00fdlu a \u00fatulnosti pod hol\u00fdm nebom.<\/p>\n<h2>Ru\u017eov\u00e9 dvere a \u00fatuln\u00e1 veranda<\/h2>\n<p><img loading=\"lazy\" decoding=\"async\" width=\"700\" height=\"1049\" alt=\"\u00datuln\u00fd vchod s ru\u017eov\u00fdmi dverami, vencom, bielym hojdac\u00edm kreslom, geometrick\u00fdm kobercom a dekorat\u00edvnou kvetin\u00e1\u010dom pre \u0161t\u00fdlov\u00fd vstup do domu.\" class=\"aligncenter size-full wp-image-5645\" src=\"https:\/\/doubletakedecor.com\/uploads\/2025\/08\/cozy-porch-ideas-dtd-26.jpg\" srcset=\"https:\/\/doubletakedecor.com\/uploads\/2025\/08\/cozy-porch-ideas-dtd-26.jpg 700w, https:\/\/doubletakedecor.com\/uploads\/2025\/08\/cozy-porch-ideas-dtd-26-200x300.jpg 200w, https:\/\/doubletakedecor.com\/uploads\/2025\/08\/cozy-porch-ideas-dtd-26-683x1024.jpg 683w, https:\/\/doubletakedecor.com\/uploads\/2025\/08\/cozy-porch-ideas-dtd-26-96x144.jpg 96w, https:\/\/doubletakedecor.com\/uploads\/2025\/08\/cozy-porch-ideas-dtd-26-280x420.jpg 280w, https:\/\/doubletakedecor.com\/uploads\/2025\/08\/cozy-porch-ideas-dtd-26-320x480.jpg 320w, https:\/\/doubletakedecor.com\/uploads\/2025\/08\/cozy-porch-ideas-dtd-26-360x539.jpg 360w, https:\/\/doubletakedecor.com\/uploads\/2025\/08\/cozy-porch-ideas-dtd-26-363x544.jpg 363w, https:\/\/doubletakedecor.com\/uploads\/2025\/08\/cozy-porch-ideas-dtd-26-370x554.jpg 370w, https:\/\/doubletakedecor.com\/uploads\/2025\/08\/cozy-porch-ideas-dtd-26-400x599.jpg 400w, https:\/\/doubletakedecor.com\/uploads\/2025\/08\/cozy-porch-ideas-dtd-26-560x839.jpg 560w, https:\/\/doubletakedecor.com\/uploads\/2025\/08\/cozy-porch-ideas-dtd-26-480x719.jpg 480w\" sizes=\"auto, (max-width: 700px) 100vw, 700px\" \/><\/p>\n<p>Vytvor poz\u00fdvaj\u00faci vstup pomocou v\u00fdrazn\u00fdch ru\u017eov\u00fdch dver\u00ed so zelen\u00fdm vencom. Pohodlie zabezpe\u010d\u00ed biele hojdacie kreslo s ozdobn\u00fdm vank\u00fa\u0161om na koberci s geometrick\u00fdm vzorom. Celok dopl\u0148 spr\u00e1vnym osvetlen\u00edm, pestovanou zele\u0148ou v kvetin\u00e1\u010doch a pr\u00edvetivou roho\u017ekou pri dver\u00e1ch. Tento jednoduch\u00fd, no \u0161t\u00fdlov\u00fd aran\u017em\u00e1n premen\u00ed ka\u017ed\u00fa verandu na o\u010daruj\u00face miesto.<\/p>\n<h2>Elegantn\u00fd vstup s modr\u00fdmi dvojit\u00fdmi dverami<\/h2>\n<p><img loading=\"lazy\" decoding=\"async\" width=\"700\" height=\"1050\" alt=\"P\u00f4vabn\u00fd vstup s modr\u00fdmi dvojkr\u00eddlov\u00fdmi dverami, bielymi kvetin\u00e1\u010dmi s fialov\u00fdmi kvetmi, kamenn\u00fdm chodn\u00edkom a n\u00e1stenn\u00fdmi lampami.\" class=\"aligncenter size-full wp-image-5651\" src=\"https:\/\/doubletakedecor.com\/uploads\/2025\/08\/cozy-porch-ideas-dtd-27.jpg\" srcset=\"https:\/\/doubletakedecor.com\/uploads\/2025\/08\/cozy-porch-ideas-dtd-27.jpg 700w, https:\/\/doubletakedecor.com\/uploads\/2025\/08\/cozy-porch-ideas-dtd-27-200x300.jpg 200w, https:\/\/doubletakedecor.com\/uploads\/2025\/08\/cozy-porch-ideas-dtd-27-683x1024.jpg 683w, https:\/\/doubletakedecor.com\/uploads\/2025\/08\/cozy-porch-ideas-dtd-27-96x144.jpg 96w, https:\/\/doubletakedecor.com\/uploads\/2025\/08\/cozy-porch-ideas-dtd-27-280x420.jpg 280w, https:\/\/doubletakedecor.com\/uploads\/2025\/08\/cozy-porch-ideas-dtd-27-320x480.jpg 320w, https:\/\/doubletakedecor.com\/uploads\/2025\/08\/cozy-porch-ideas-dtd-27-360x540.jpg 360w, https:\/\/doubletakedecor.com\/uploads\/2025\/08\/cozy-porch-ideas-dtd-27-363x545.jpg 363w, https:\/\/doubletakedecor.com\/uploads\/2025\/08\/cozy-porch-ideas-dtd-27-370x555.jpg 370w, https:\/\/doubletakedecor.com\/uploads\/2025\/08\/cozy-porch-ideas-dtd-27-400x600.jpg 400w, https:\/\/doubletakedecor.com\/uploads\/2025\/08\/cozy-porch-ideas-dtd-27-560x840.jpg 560w, https:\/\/doubletakedecor.com\/uploads\/2025\/08\/cozy-porch-ideas-dtd-27-480x720.jpg 480w\" sizes=\"auto, (max-width: 700px) 100vw, 700px\" \/><\/p>\n<p>Or\u00e1muj dvojkr\u00eddlov\u00e9 dvere rovnak\u00fdmi kvetin\u00e1\u010dmi s fialov\u00fdmi kvetmi a \u0165ahaj\u00facou sa zele\u0148ou pre vyv\u00e1\u017een\u00fd vzh\u013ead. Kvetin\u00e1\u010de daj po oboch stran\u00e1ch vstupu. Ve\u010dern\u00e9 osvetlenie zabezpe\u010dia n\u00e1stenn\u00e9 svietidl\u00e1. Chodn\u00edk z pr\u00edrodn\u00e9ho kame\u0148a zase prinesie do priestoru \u0161trukt\u00faru. Jednoduch\u00e1 roho\u017eka pred dverami dolad\u00ed cel\u00fd dojem priv\u00edtania.<\/p>\n<h2>FAQ<\/h2>\n<details class=\"g-accordion \"><summary><h3>\u010co s\u00fa \u00fatuln\u00e9 n\u00e1pady na terasu?<\/h3><\/summary>\n<p>Navrhn\u00fa\u0165 \u00fatuln\u00fa terasu znamen\u00e1 vytvori\u0165 vonkaj\u0161\u00ed priestor, kde sa bude\u0161 c\u00edti\u0165 pr\u00edjemne a v\u00edtan\u00fd. Za\u010dni v\u00fdberom <strong>pohodln\u00e9ho sedenia<\/strong> \u2013 napr\u00edklad ratanov\u00e9 stoli\u010dky alebo hojda\u010dka na terasu, a m\u00e4kk\u00e9 vank\u00fa\u0161e a deky dodaj\u00fa e\u0161te viac pohodlia. Vonkaj\u0161\u00ed koberec pom\u00f4\u017ee oddeli\u0165 z\u00f3nu na sedenie a doplnky ako vank\u00fa\u0161iky \u010di dekor\u00e1cie jej daj\u00fa tvoj osobit\u00fd \u0161t\u00fdl.<\/p>\n<p>Osvetlenie je ve\u013emi d\u00f4le\u017eit\u00e9 na dotvorenie atmosf\u00e9ry. Sk\u00fas pou\u017ei\u0165 <strong>svetielkov\u00e9 re\u0165aze alebo lamp\u00e1\u0161e<\/strong>, ktor\u00e9 vytvoria pr\u00edjemn\u00e9 tepl\u00e9 svetlo. \u017divot na terasu prines\u00fa aj kvety \u010di rastliny v kvetin\u00e1\u010doch. Ak do priestoru prid\u00e1\u0161 mal\u00fd stol\u00edk a stoli\u010dky, stane sa z neho v\u00fdborn\u00e9 miesto na jedenie alebo na k\u00e1vu.<\/p>\n<p>Vyberaj materi\u00e1ly, ktor\u00e9 s\u00fa vhodn\u00e9 von, aby ti vydr\u017eali \u010do najdlh\u0161ie. Kombinuj r\u00f4zne text\u00edlie pre e\u0161te v\u00e4\u010d\u0161\u00ed komfort. Ak chce\u0161 u\u0161etri\u0165, porozhliadni sa po n\u00e1padoch na DIY projekty \u2013 napr\u00edklad natieranie star\u00e9ho n\u00e1bytku alebo ru\u010dn\u00e9 vyr\u00e1banie kvetin\u00e1\u010dov. Skvel\u00e9 k\u00fasky m\u00f4\u017ee\u0161 n\u00e1js\u0165 aj v second handoch a pretrie\u0165 si ich tak, aby pasovali do tvojho \u0161t\u00fdlu.<\/p>\n<p>Ak chce\u0161, aby terasa vyzerala pekne po\u010das cel\u00e9ho roka, obmie\u0148aj ozdoby pod\u013ea ro\u010dn\u00fdch obdob\u00ed \u2013 napr\u00edklad ven\u010deky alebo girlandy. A nezabudni na drobnosti, ako s\u00fa zvonkohry alebo k\u0155midl\u00e1 pre vt\u00e1\u010diky \u2013 tie dodaj\u00fa \u010daro bez toho, aby bol priestor preplnen\u00fd, tak\u017ee tvoja terasa ostane pr\u00edjemn\u00fdm miestom na oddych \u010di stretnutia.<\/p>\n<\/details><details class=\"g-accordion \"><summary><h3>Ako si navrhn\u00fa\u0165 pr\u00edjemn\u00fa terasu?<\/h3><\/summary>\n<p>Ak chce\u0161 vytvori\u0165 pr\u00edjemn\u00fa terasu, najsk\u00f4r si vyber pohodln\u00e9 sedenie \u2013 napr\u00edklad stoli\u010dky s m\u00e4kk\u00fdmi podsed\u00e1kmi alebo \u00fatuln\u00fa hojda\u010dku. Pohodlie e\u0161te zv\u00fd\u0161i\u0161 m\u00e4kk\u00fdmi vank\u00fa\u0161mi a dekami. Terase dod\u00e1\u0161 osobitos\u0165, ke\u010f ju vyzdob\u00ed\u0161 ozdobami, obr\u00e1zkami alebo kvetinami. <strong>Osvetlenie je d\u00f4le\u017eit\u00e9<\/strong> \u2013 svetielka alebo lamp\u00e1\u0161e roz\u017eiaria ve\u010dery pr\u00edjemn\u00fdm, tepl\u00fdm svetlom a tvoja terasa bude p\u00f4sobi\u0165 \u00fatulne na oddych aj n\u00e1v\u0161tevy.<\/p>\n<p>Pou\u017ei vonkaj\u0161\u00ed koberec na oddelenie z\u00f3n a vyber si <strong>odoln\u00e9 materi\u00e1ly<\/strong>, aby vydr\u017eali po\u010dasie a z\u00e1rove\u0148 vyzerali dobre. Pre harmonick\u00fd vzh\u013ead zvo\u013e farby, ktor\u00e9 ladia s tvoj\u00edm \u0161t\u00fdlom a domom. V\u017edy m\u00f4\u017ee\u0161 dekor\u00e1cie obmie\u0148a\u0165 pod\u013ea sez\u00f3ny a terasa tak zostane st\u00e1le svie\u017ea.<\/p>\n<p>Terasu si osvie\u017e aj vlastn\u00fdmi n\u00e1padmi \u2013 napr\u00edklad zvonkohrou, krm\u00edtkom pre vt\u00e1ky alebo ru\u010dne vyroben\u00fdmi doplnkami, ktor\u00e9 priestor o\u017eivia bez preplnenia. DIY projekty ti navy\u0161e umo\u017enia e\u0161te viac sa vyjadri\u0165, a aj s men\u0161\u00edm rozpo\u010dtom z\u00edsk\u00e1\u0161 pr\u00edjemn\u00e9 miesto na stretnutia \u010di relax.<\/p>\n<\/details><details class=\"g-accordion \"><summary><h3>Ak\u00e9 s\u00fa hlavn\u00e9 prvky vidieckej terasy?<\/h3><\/summary>\n<p>Vidiecka terasa p\u00f4sob\u00ed pohostinne a vn\u00e1\u0161a do priestoru pr\u00edrodn\u00fa pohodu. \u010casto je vyroben\u00e1 z <strong>dreven\u00fdch<\/strong> alebo <strong>kovov\u00fdch<\/strong> materi\u00e1lov, ktor\u00e9 nikdy nevyjd\u00fa z m\u00f3dy. Hojdacie kresl\u00e1 vytv\u00e1raj\u00fa miesto na oddych a tepl\u00e9 farby pr\u00edrodn\u00fdch odtie\u0148ov dodaj\u00fa terase \u00fatulnos\u0165.<\/p>\n<p>Pre prav\u00fd vidiecky \u0161t\u00fdl sa hodia doplnky s du\u0161ou. <strong>Star\u00e9 lamp\u00e1\u0161e<\/strong> \u010di <strong>retro cedu\u013eky<\/strong> m\u00f4\u017eu by\u0165 zauj\u00edmav\u00fdm stredobodom. Kvetin\u00e1\u010de s rastlinami prines\u00fa viac farieb a dokonalo vynikn\u00fa na drevenom \u010di kovovom z\u00e1klade.<\/p>\n<ul>\n<li>vytv\u00e1raj vrstvy \u2013 napr\u00edklad v ratanovom n\u00e1bytku,<\/li>\n<li>deky z bavlny e\u0161te pridaj\u00fa na pohodl\u00ed,<\/li>\n<li>takto terasa z\u00edska nielen zauj\u00edmav\u00fd vzh\u013ead, ale aj pr\u00edjemn\u00fd pocit pre host\u00ed.<\/li>\n<\/ul>\n<p>Kombinovan\u00edm t\u00fdchto prvkov vznikne vidiecka terasa, ktor\u00e1 je praktick\u00e1 a z\u00e1rove\u0148 kr\u00e1sna na poh\u013ead.<\/p>\n<\/details><details class=\"g-accordion \"><summary><h3>Ako \u010do najlep\u0161ie vyu\u017ei\u0165 mal\u00fa terasu?<\/h3><\/summary>\n<p>Na malej terase je d\u00f4le\u017eit\u00e9 vybra\u0165 si n\u00e1bytok a dekor\u00e1cie, ktor\u00e9 s\u00fa praktick\u00e9, ale z\u00e1rove\u0148 pekn\u00e9. Dobrou vo\u013ebou s\u00fa multifunk\u010dn\u00e9 k\u00fasky \u2013 napr\u00edklad <strong>lavica s \u00falo\u017en\u00fdm priestorom<\/strong> alebo <strong>skladacie stoli\u010dky<\/strong>, ktor\u00e9 \u0161etria miesto. Drobn\u00e9 poli\u010dky na stenu vyu\u017eije\u0161 pre kvety alebo ozdoby a ponech\u00e1\u0161 podlahu vo\u013en\u00fa. <strong>Svetl\u00e9 farby<\/strong> dok\u00e1\u017eu priestor opticky zv\u00e4\u010d\u0161i\u0165 a terasa bude p\u00f4sobi\u0165 vzdu\u0161nej\u0161ie.<\/p>\n<p>Jednoduch\u00fd \u0161t\u00fdl bez zbyto\u010dnost\u00ed nech\u00e1 terasu p\u00f4sobi\u0165 upravene, bez neporiadku. Pohodln\u00e9 vank\u00fa\u0161e a deky pridaj\u00fa komfort bez toho, aby mal\u00fd priestor preplnili. Zele\u0148 vyrie\u0161 vertik\u00e1lne &#8211; z\u00e1vesn\u00e9 kvetin\u00e1\u010de alebo steny na kvety s\u00fa skvel\u00fdm sp\u00f4sobom, ako vlo\u017ei\u0165 rastliny na terasu a nezabera\u0165 cenn\u00e9 miesto na zemi. Ve\u010derom dodaj\u00fa pr\u00edjemn\u00fa atmosf\u00e9ru <strong>tepl\u00e9 svetl\u00e1<\/strong> \u2013 terasa bude ide\u00e1lna na oddych aj stretnutia.<\/p>\n<p><strong>V\u00fdber praktick\u00e9ho n\u00e1bytku a \u0161ikovn\u00e9 vyu\u017eitie stien zabezpe\u010d\u00ed, \u017ee tvoja mal\u00e1 terasa bude jednoduch\u00e1, \u0161t\u00fdlov\u00e1 a \u00fatuln\u00e1.<\/strong><\/p>\n<\/details><details class=\"g-accordion \"><summary><h3>Ak\u00e9 s\u00fa najlep\u0161ie tipy na v\u00fdzdobu terasy?<\/h3><\/summary>\n<p>Ak chce\u0161 terasu pekne ozdobi\u0165, za\u010dni v\u00fdberom farieb, ktor\u00e9 ladia s fas\u00e1dou domu \u2013 tak z\u00edska\u0161 jednotn\u00fd a upraven\u00fd vzh\u013ead. Kombinuj viacero text\u00far, aby bola terasa zauj\u00edmavej\u0161ia. Pou\u017ei napr\u00edklad ratan, drevo \u010di kov na n\u00e1bytok a doplnky.<\/p>\n<ul>\n<li><strong>Odoln\u00e9 materi\u00e1ly<\/strong> s\u00fa d\u00f4le\u017eit\u00e9, lebo dobre zvl\u00e1dnu po\u010dasie,<\/li>\n<li>nezni\u010dia sa r\u00fdchlo a st\u00e1le vyzeraj\u00fa dobre,<\/li>\n<li>vnukni priestoru osobitos\u0165 rodinn\u00fdmi fotkami alebo ru\u010dne vyroben\u00fdmi k\u00faskami,<\/li>\n<li>tak uk\u00e1\u017ee\u0161 svoj \u0161t\u00fdl a terasa bude naozaj tvoja.<\/li>\n<\/ul>\n<p>Ke\u010f bude\u0161 dekor\u00e1cie obmie\u0148a\u0165 pod\u013ea ro\u010dn\u00fdch obdob\u00ed, terasa zostane po\u010das cel\u00e9ho roka svie\u017ea a pr\u00edjemn\u00e1. Sk\u00fas meni\u0165 vank\u00fa\u0161e, deky alebo kvetin\u00e1\u010de pod\u013ea toho, \u010do je pr\u00e1ve aktu\u00e1lne.<\/p>\n<p>Vrstvenie text\u00edli\u00ed \u2013 vank\u00fa\u0161ov a diek \u2013 ti nielen spr\u00edjemn\u00ed posedenie, ale navod\u00ed \u00fatuln\u00fa atmosf\u00e9ru na relax aj stretnutia.<\/p>\n<p><strong>D\u00f4le\u017eit\u00e9 je osvetlenie<\/strong> \u2013 svetielka alebo lamp\u00e1\u0161e roz\u017eiaria ve\u010dery a urobia terasu pr\u00edjemnou. V\u0161etky tieto prvky spolu vytvoria exteri\u00e9rov\u00fa \u201cob\u00fdva\u010dku\u201d, kde si u\u017eije\u0161 spolo\u010dnos\u0165 aj chv\u00edle pre seba.<\/p>\n<\/details><details class=\"g-accordion \"><summary><h3>Ako si vybra\u0165 spr\u00e1vny n\u00e1bytok na terasu?<\/h3><\/summary>\n<p>Pri v\u00fdbere n\u00e1bytku na terasu najprv zv\u00e1\u017e, ak\u00fd ve\u013ek\u00fd m\u00e1\u0161 priestor. Na v\u00e4\u010d\u0161iu terasu sa zmestia aj v\u00e4\u010d\u0161ie k\u00fasky, no men\u0161ie miesto vyu\u017eije\u0161 najlep\u0161ie s men\u0161\u00edm alebo viac\u00fa\u010delov\u00fdm n\u00e1bytkom, ako s\u00fa lavi\u010dky s \u00falo\u017en\u00fdm priestorom. Premysli si \u0161t\u00fdl \u2013 tradi\u010dn\u00fd alebo modern\u00fd \u2013 aby terasa ladila s okol\u00edm. <strong>Nezabudni na pohodlie \u2013 vyber si n\u00e1bytok s vank\u00fa\u0161mi a ergonomick\u00fdm tvarom.<\/strong><\/p>\n<p>Vo\u013e <strong>materi\u00e1ly odoln\u00e9 vo\u010di po\u010dasiu<\/strong>, napr\u00edklad teak, hlin\u00edk alebo umel\u00fd ratan \u2013 tak\u00fdto n\u00e1bytok ti vydr\u017e\u00ed dlho. Ak chce\u0161 doda\u0165 terase \u0161mrnc, kombinuj r\u00f4zne vzory na text\u00edli\u00e1ch, ale dr\u017e sa jednej farebnej palety pre harmonick\u00fd dojem.<\/p>\n<ul>\n<li>Sk\u00fas kombinova\u0165 viac druhov sedenia \u2013 stoli\u010dky,<\/li>\n<li>dvojkresl\u00e1,<\/li>\n<li>hojda\u010dky \u2013 bude\u0161 ma\u0165 variabilitu aj \u0161t\u00fdl.<\/li>\n<\/ul>\n<p>Na z\u00e1ver zjedno\u0165 n\u00e1bytok s ostatn\u00fdmi prvkami terasy, ako s\u00fa svietidl\u00e1 \u010di kvetin\u00e1\u010de. <strong>Takto dosiahne\u0161 harmonick\u00fd vzh\u013ead a terasa zostane nielen kr\u00e1sna, ale aj praktick\u00e1 a pohodln\u00e1.<\/strong><\/p>\n<\/details><details class=\"g-accordion \"><summary><h3>Ako pou\u017e\u00edva\u0165 farby, aby terasa vynikla?<\/h3><\/summary>\n<p>Farebn\u00e1 terasa vznikne v\u010faka dobr\u00e9mu v\u00fdberu <strong>farieb na sten\u00e1ch, n\u00e1bytku a doplnkoch<\/strong>. Na za\u010diatok si vyber paletu, ktor\u00e1 vystihuje tvoj vkus \u2013 pokojne aj pestr\u00e9 alebo jemn\u00e9, tlmen\u00e9 t\u00f3ny. T\u00e1to vo\u013eba ovplyvn\u00ed cel\u00fa atmosf\u00e9ru miesta. Zauj\u00edmav\u00e9 a ladn\u00e9 akcenty vytvor pomocou vank\u00fa\u0161ov, kobercov alebo kvetin\u00e1\u010dov.<\/p>\n<p>Ak chce\u0161, aby terasa na poh\u013ead up\u00fatala, jednej v\u00fdraznej farbe m\u00f4\u017ee\u0161 da\u0165 priestor na dver\u00e1ch \u010di z\u00e1bradl\u00ed. Ak m\u00e1\u0161 rad\u0161ej pokojnej\u0161ie miesto, siahni po jemn\u00fdch neutr\u00e1lnych t\u00f3noch, ktor\u00e9 zv\u00fdraznia farebn\u00e9 drobnosti. <strong>Doplnkov\u00e9 farby zaistia harm\u00f3niu a vyv\u00e1\u017een\u00fd celok.<\/strong><\/p>\n<p>Svie\u017ei vzh\u013ead terasy si udr\u017e\u00ed\u0161, ke\u010f bude\u0161 dekor\u00e1cie \u010di rastliny meni\u0165 pod\u013ea ro\u010dn\u00e9ho obdobia alebo n\u00e1lady. Kvety, ktor\u00e9 s farbami ladia, umocnia celkov\u00fd dojem.<\/p>\n<p>Dobre premyslen\u00e1 farebn\u00e1 sch\u00e9ma men\u00ed terasu na pr\u00edjemn\u00e9 a pekn\u00e9 miesto, kde sa oplat\u00ed oddychova\u0165 alebo poz\u00fdva\u0165 host\u00ed.<\/p>\n<\/details><details class=\"g-accordion \"><summary><h3>Ako kombinova\u0165 vzory na terase?<\/h3><\/summary>\n<p>Kombinovanie vzorov dok\u00e1\u017ee tvoju terasu o\u017eivi\u0165 a doda\u0165 jej <strong>veselos\u0165 aj zauj\u00edmavos\u0165<\/strong>. Za\u010dni jedn\u00fdm <strong>z\u00e1kladn\u00fdm vzorom<\/strong>, napr\u00edklad na ve\u013ekom koberci alebo na n\u00e1bytku \u2013 ten vytvor\u00ed hlavn\u00fa \u201et\u00e9mu\u201c. \u010eal\u0161ie, men\u0161ie vzory pridaj cez vank\u00fa\u0161e a doplnky. Vyber si <strong>farby, ktor\u00e9 sa k sebe hodia<\/strong> \u2013 tak bude v\u0161etko spolu ladn\u00e9 a priestor nebude chaotick\u00fd.<\/p>\n<ul>\n<li>Kombinuj aj r\u00f4zne text\u00fary s r\u00f4znymi vzormi, aby terasa p\u00f4sobila zauj\u00edmavej\u0161ie,<\/li>\n<li>napr\u00edklad koberec s geometrick\u00fdm vzorom sa hod\u00ed k vank\u00fa\u0161om s kvetmi alebo k pr\u00fa\u017ekovan\u00fdm dek\u00e1m,<\/li>\n<li>v\u0161etko dr\u017e vo farb\u00e1ch, ktor\u00e9 spolu ladia, aby terasa vyzerala harmonicky a pokojne.<\/li>\n<\/ul>\n<\/details> <details class=\"g-accordion \"><summary><h3>Ak\u00e9 s\u00fa n\u00e1pady na osvetlenie verandy?<\/h3><\/summary>\n<p>Osvetlenie verandy dok\u00e1\u017ee premeni\u0165 ka\u017ed\u00fd vonkaj\u0161\u00ed priestor na \u00fatuln\u00e9 a pr\u00edjemn\u00e9 miesto. Za\u010dni t\u00fdm, \u017ee zaves\u00ed\u0161 <strong>sveteln\u00e9 re\u0165aze<\/strong>; dodaj\u00fa miestu k\u00fazlo a vytvoria pr\u00edjemn\u00fa atmosf\u00e9ru. Skvelo ich doplnia <strong>lamp\u00e1\u0161e<\/strong>, ktor\u00e9 prines\u00fa rustik\u00e1lny n\u00e1dych a ich m\u00e4kk\u00e9 svetlo kr\u00e1sne zv\u00fdrazn\u00ed ve\u010dern\u00fa pohodu. <strong>N\u00e1stenn\u00e9 svietidl\u00e1<\/strong> dodaj\u00fa \u0161t\u00fdl, ale z\u00e1rove\u0148 sa postaraj\u00fa aj o bezpe\u010die t\u00fdm, \u017ee v\u00fdborne osvetlia priestor.<\/p>\n<p>Ak chce\u0161 meni\u0165 n\u00e1ladu pod\u013ea potreby, siahni po <strong>stmievate\u013en\u00fdch svietidl\u00e1ch<\/strong>. <strong>Solen\u010dn\u00e9 svietidl\u00e1<\/strong> s\u00fa zase ekologickou vo\u013ebou, ktor\u00e1 \u0161etr\u00ed energiu aj pr\u00edrodu.<\/p>\n<p>Kombinovan\u00edm r\u00f4znych druhov osvetlenia m\u00f4\u017ee\u0161 prida\u0165 h\u013abku aj zauj\u00edmavos\u0165 v\u00fdzdobe verandy. \u010ci u\u017e poz\u00fdva\u0161 priate\u013eov alebo si u\u017e\u00edva\u0161 pokojn\u00fd ve\u010der osamote, tieto n\u00e1pady skombinuj\u00fa \u0161t\u00fdl s praktickos\u0165ou \u00faplne jednoducho.<\/p>\n<\/details><details class=\"g-accordion \"><summary><h3>Ako vyu\u017ei\u0165 osvetlenie na vytvorenie \u00fatulnej atmosf\u00e9ry?<\/h3><\/summary>\n<p>Ak chce\u0161 vytvori\u0165 \u00fatuln\u00fa atmosf\u00e9ru pomocou svetiel, v\u0161etko z\u00e1vis\u00ed od spr\u00e1vneho v\u00fdberu. Za\u010dni <strong>\u017eiarovkami s teplou farbou<\/strong>, ktor\u00e9 svietia jemn\u00fdm a pr\u00edjemn\u00fdm svetlom. Hod\u00ed sa ich pou\u017ei\u0165 do l\u00e1mp alebo sveteln\u00fdch re\u0165az\u00ed na jemnej\u0161\u00ed efekt. Svetl\u00e1 umiestni na r\u00f4znych \u00farovniach, aby si priestoru pridal h\u013abku a zauj\u00edmavos\u0165.<\/p>\n<p>Pre e\u0161te pr\u00edjemnej\u0161\u00ed dojem pridaj <strong>svie\u010dky<\/strong> \u2013 zahrej\u00fa priestor a navodia tu spr\u00e1vnu n\u00e1ladu. T\u00fdmto sp\u00f4sobom vytvor\u00ed\u0161 \u00fatuln\u00e9 aj dynamick\u00e9 prostredie, ide\u00e1lne na oddych \u010di posedenie s priate\u013emi.<\/p>\n<\/details><details class=\"g-accordion \"><summary><h3>Ak\u00e9 s\u00fa najlep\u0161ie rastliny na v\u00fdzdobu verandy?<\/h3><\/summary>\n<p>Vybera\u0165 rastliny na verandu znamen\u00e1 zvoli\u0165 tie, ktor\u00e9 dobre zvl\u00e1dnu vonkaj\u0161ie podmienky. Odoln\u00e9 mo\u017enosti ako <strong>paprade<\/strong>, <strong>pet\u00fanie<\/strong> \u010di <strong>mu\u0161k\u00e1ty<\/strong> s\u00fa v\u00fdbornou vo\u013ebou, preto\u017ee vydr\u017eia aj hor\u0161ie po\u010dasie.<\/p>\n<ul>\n<li>Ak chce\u0161 u\u0161etri\u0165 miesto a prida\u0165 zele\u0148 vo v\u00fd\u0161ke o\u010d\u00ed, pou\u017ei z\u00e1vesn\u00e9 kvetin\u00e1\u010de alebo okenn\u00e9 truhl\u00edky,<\/li>\n<li>d\u00f4le\u017eit\u00e9 je vybera\u0165 rastliny, ktor\u00e9 ladia s farbami tvojej verandy, aby p\u00f4sobila zjednotene,<\/li>\n<li>pridan\u00edm sez\u00f3nnych kvetov bude tvoja veranda farebn\u00e1 a pr\u00edvetiv\u00e1 po\u010das cel\u00e9ho roka.<\/li>\n<\/ul>\n<\/details><details class=\"g-accordion \"><summary><h3>Ako prida\u0165 na verandu pr\u00edrodn\u00e9 text\u00fary?<\/h3><\/summary>\n<p>Pr\u00edrodn\u00e9 text\u00fary dok\u00e1\u017eu verandu skuto\u010dne zmeni\u0165 na poh\u013ead aj na pocit. Sk\u00fas zakomponova\u0165 materi\u00e1ly ako drevo, pr\u00fatie \u010di kame\u0148, ktor\u00e9 vytvoria \u00fatuln\u00e9 a z\u00e1rove\u0148 pr\u00edrodn\u00e9 prostredie.<\/p>\n<ul>\n<li>Dreven\u00fd n\u00e1bytok p\u00f4sob\u00ed teplo a je dostato\u010dne odoln\u00fd na vonkaj\u0161ie pou\u017eitie,<\/li>\n<li>pr\u00faten\u00e9 ko\u0161\u00edky m\u00f4\u017eu by\u0165 peknou dekor\u00e1ciou a z\u00e1rove\u0148 posl\u00fa\u017eia na odkladanie drobnost\u00ed,<\/li>\n<li>kvetin\u00e1\u010de z kame\u0148a vnes\u00fa zemitej\u0161\u00ed pocit a skvelo sa hodia k rastlin\u00e1m.<\/li>\n<\/ul>\n<p>Pre v\u00e4\u010d\u0161ie pohodlie polo\u017e na zem <strong>jutov\u00e9 kobercce<\/strong> \u2013 s\u00fa pevn\u00e9, ale z\u00e1rove\u0148 prirodzen\u00e9 na dotyk. <strong>Bavlnen\u00e9 deky<\/strong> v jemn\u00fdch farb\u00e1ch zjemnia tvrd\u0161ie povrchy okolo.<\/p>\n<p><strong>Tajomstvo pr\u00edjemnej verandy je v premyslenom vrstven\u00ed t\u00fdchto text\u00far.<\/strong> Ak ich bude\u0161 kombinova\u0165 s citom, vytvor\u00ed\u0161 pohodln\u00fd a jednotn\u00fd priestor presne pod\u013ea svojho \u0161t\u00fdlu.<\/p>\n<\/details><details class=\"g-accordion \"><summary><h3>Ak\u00e9 DIY doplnky si m\u00f4\u017ee\u0161 na verandu vyrobi\u0165?<\/h3><\/summary>\n<p>Osobn\u00e9 doplnky dok\u00e1\u017eu tvoju verandu o\u017eivi\u0165 aj bez ve\u013ek\u00fdch v\u00fddavkov. Napr\u00edklad:<\/p>\n<ul>\n<li>ru\u010dne vyroben\u00e9 kvetin\u00e1\u010de zo zrecyklovan\u00e9ho dreva alebo pekn\u00e9 ozdobn\u00e9 n\u00e1doby m\u00f4\u017eu by\u0165 skuto\u010dn\u00fdm origin\u00e1lom,<\/li>\n<li>dreven\u00e9 tabule s n\u00e1pismi alebo kresbami e\u0161te zv\u00fdraznia celkov\u00fd vzh\u013ead verandy,<\/li>\n<li>vank\u00fa\u0161e z vonkaj\u0161ej l\u00e1tky zase prines\u00fa pohodlie aj \u0161t\u00fdl.<\/li>\n<\/ul>\n<p>Ak chce\u0161 pr\u00edjemn\u00e9 osvetlenie, sk\u00fas si vyrobi\u0165 lamp\u00e1\u0161e alebo svietniky z poh\u00e1rov od zav\u00e1ran\u00edn. Pevn\u00fd vonkaj\u0161\u00ed koberec m\u00f4\u017ee jasne vymedzi\u0165 priestor na sedenie. A ak natrie\u0161 dreven\u00fa lavi\u010dku veselou farbou, okam\u017eite z nej bude zauj\u00edmav\u00e1 dominanta.<\/p>\n<p><strong>Tak\u00e9to DIY projekty dodaj\u00fa tvojej verande jedine\u010dn\u00fd n\u00e1dych a rozv\u00edjaj\u00fa tvoju kreativitu \u2013 v\u00fdsledkom je miesto ako stvoren\u00e9 na oddych aj stretnutia s priate\u013emi.<\/strong><\/p>\n<\/details><details class=\"g-accordion \"><summary><h3>Ako si vytvori\u0165 \u00fatuln\u00fd \u010ditate\u013esk\u00fd k\u00fatik na verande?<\/h3><\/summary>\n<p>Pre \u00fatuln\u00fd \u010ditate\u013esk\u00fd k\u00fatik na verande postupuj takto:<\/p>\n<ul>\n<li>vyber si pohodln\u00e9 kreslo alebo dokonca hojdaciu sie\u0165,<\/li>\n<li>pridaj m\u00e4kk\u00e9 vank\u00fa\u0161e a deku, aby bolo sedenie pr\u00edjemn\u00e9,<\/li>\n<li>postav si lampu alebo zaveste sveteln\u00e9 re\u0165aze na \u010d\u00edtanie bez \u00fanave o\u010d\u00ed,<\/li>\n<li>mal\u00fd stol\u00edk sa z\u00edde na n\u00e1poje \u010di mal\u00e9 ob\u010derstvenie,<\/li>\n<li>k\u00fatik obklop rastlinami, aby bol pokojnej\u0161\u00ed a pr\u00edjemnej\u0161\u00ed.<\/li>\n<\/ul>\n<p><strong>Takto sa tvoja veranda zmen\u00ed na miesto, kde sa pohodlne za\u010d\u00edta\u0161 do ob\u013e\u00faben\u00fdch kn\u00edh a odd\u00fdchne\u0161 si od sveta.<\/strong><\/p>\n<\/details><details class=\"g-accordion \"><summary><h3>Ak\u00e9 s\u00fa n\u00e1pady na \u00fatuln\u00fa hojda\u010dku na verande?<\/h3><\/summary>\n<p>Ak chce\u0161, aby bola tvoja hojda\u010dka na verande \u010do najpohodlnej\u0161ia, ozdob ju <strong>m\u00e4kk\u00fdmi vank\u00fa\u0161mi<\/strong> a <strong>teplou dekou<\/strong>. Umiestni hojda\u010dku <strong>do tienistej \u010dasti<\/strong>, aby bola pr\u00edjemn\u00e9 \u00fato\u010disko pred slnkom. Okolit\u00e9 kvety v kvetin\u00e1\u010doch alebo jemn\u00e9 svetielka v okol\u00ed spravia miesto e\u0161te \u00fatulnej\u0161\u00edm. <strong>V\u010faka t\u00fdmto detailom sa hojda\u010dka stane dokonal\u00fdm miestom na oddych \u010di rozpr\u00e1vanie s bl\u00edzkymi.<\/strong><\/p>\n<\/details><details class=\"g-accordion \"><summary><h3>Ako vytvori\u0165 verandu vhodn\u00fa pre dom\u00e1ce zvierat\u00e1?<\/h3><\/summary>\n<p>Ak m\u00e1\u0161 <strong>dom\u00e1ce zvieratko<\/strong>, vyberaj n\u00e1bytok aj doplnky, ktor\u00e9 s\u00fa <strong>pevn\u00e9 a \u013eahko sa \u010distia<\/strong>. To ti u\u0161etr\u00ed pr\u00e1cu s upratovan\u00edm a pred\u013a\u017ei \u017eivotnos\u0165 vybavenia. Pre pohodlie tvojho mil\u00e1\u010dika nezabudni na pelie\u0161ok alebo deku, aby sa tu c\u00edtil ako doma.<\/p>\n<p>Bezpe\u010dnos\u0165 je najd\u00f4le\u017eitej\u0161ia, preto nezabudni:<\/p>\n<ul>\n<li>odstr\u00e1ni\u0165 jedovat\u00e9 rastliny,<\/li>\n<li>uprata\u0165 ostr\u00e9 predmety,<\/li>\n<li>prida\u0165 misku s vodou na osvie\u017eenie,<\/li>\n<li>pon\u00faknu\u0165 hra\u010dky na zabavenie,<\/li>\n<li>vytvori\u0165 priestor, v ktorom si u\u017eije\u0161 \u010das ty aj zvieratko.<\/li>\n<\/ul>\n<p>Ak si tieto prvky vyberie\u0161 s rozmyslom, vznikne vonkaj\u0161ie miesto ide\u00e1lne pre \u0161tvornoh\u00fdch mil\u00e1\u010dikov aj pre pekn\u00fd vzh\u013ead verandy.<\/p>\n<\/details><details class=\"g-accordion \"><summary><h3>Ak\u00e9 v\u00fdhody m\u00e1 zasklen\u00e1 veranda?<\/h3><\/summary>\n<p>Zasklen\u00e1 veranda m\u00e1 ve\u013ea skvel\u00fdch v\u00fdhod:<\/p>\n<ul>\n<li>udr\u017e\u00ed otravn\u00fdch kom\u00e1rov a in\u00fd hmyz \u010falej od teba,<\/li>\n<li>dovol\u00ed ti u\u017e\u00edva\u0165 si vonkaj\u0161ie prostredie bez dotierav\u00fdch n\u00e1v\u0161tevn\u00edkov,<\/li>\n<li>pon\u00faka viac s\u00fakromia, tak\u017ee sa hod\u00ed na relax aj rodinn\u00e9 posedenia,<\/li>\n<li>chr\u00e1ni pred zl\u00fdm po\u010das\u00edm a d\u00e1 sa vyu\u017ei\u0165 pri r\u00f4znych teplot\u00e1ch,<\/li>\n<li>zlep\u0161\u00ed vetranie, tak\u017ee sa ti bude pr\u00edjemne d\u00fdcha\u0165 aj v hor\u0161\u00edch d\u0148och.<\/li>\n<\/ul>\n<p><strong>V\u010faka t\u00fdmto v\u00fdhod\u00e1m je zasklen\u00e1 veranda \u00fatuln\u00fdm miestom, ktor\u00e9 kr\u00e1sne prepoj\u00ed tvoj domov s pr\u00edrodou a prid\u00e1 mu hodnotu aj pohodlie.<\/strong><\/p>\n<\/details><details class=\"g-accordion \"><summary><h3>Ako m\u00f4\u017ee\u0161 meni\u0165 sez\u00f3nnu v\u00fdzdobu na verande?<\/h3><\/summary>\n<p>Ak chce\u0161, aby tvoja veranda bola vesel\u00e1 a pr\u00edjemn\u00e1 po cel\u00fd rok, prisp\u00f4sob jej v\u00fdzdobu pod\u013ea ro\u010dn\u00e9ho obdobia. Sta\u010d\u00ed vymeni\u0165 vank\u00fa\u0161e, deky alebo kvetin\u00e1\u010de, aby v\u017edy ladili s aktu\u00e1lnymi farbami a t\u00e9mou sez\u00f3ny.<\/p>\n<ul>\n<li>na jese\u0148 m\u00f4\u017eu kr\u00e1snu atmosf\u00e9ru vytvori\u0165 tekvice alebo dekorat\u00edvne plody,<\/li>\n<li>na jar to zase o\u017eivia pestrofarebn\u00e9 kvety a pripomen\u00fa prich\u00e1dzaj\u00facu jar.<\/li>\n<\/ul>\n<p>Sviatky s\u00fa v\u00fdborn\u00e1 pr\u00edle\u017eitos\u0165 na vesel\u0161iu v\u00fdzdobu. <strong>Sk\u00fas zavesi\u0165 viano\u010dn\u00fd veniec alebo vystavi\u0165 ve\u013ekono\u010dn\u00e9 vaj\u00ed\u010dka, aby si osl\u00e1vil \u0161peci\u00e1lne dni.<\/strong> Pr\u00edrodn\u00e9 ozdoby, ako \u0161i\u0161ky v zime alebo mu\u0161le v lete, navodia potrebn\u00fa n\u00e1ladu bez toho, aby p\u00f4sobili ru\u0161ivo.<\/p>\n<p>Maj po ruke univerz\u00e1lne doplnky, napr\u00edklad lamp\u00e1\u0161e alebo neutr\u00e1lne vank\u00fa\u0161e, ktor\u00e9 sa bud\u00fa da\u0165 vyu\u017ei\u0165 st\u00e1le. Sta\u010d\u00ed vymeni\u0165 mal\u00e9 dekor\u00e1cie pod\u013ea sez\u00f3ny a <strong>tvoja veranda ostane kr\u00e1sna a \u00fatuln\u00e1 po cel\u00fd rok.<\/strong><\/p>\n<\/details><details class=\"g-accordion \"><summary><h3>Ak\u00e9 lacn\u00e9 n\u00e1pady o\u017eivia tvoju verandu?<\/h3><\/summary>\n<p>Premeni\u0165 verandu na tepl\u00e9 a pohostinn\u00e9 miesto nemus\u00ed by\u0165 drah\u00e9. Za\u010dni t\u00fdm, \u017ee n\u00e1bytok natre\u0161 novou farbou a hne\u010f bude vyzera\u0165 lep\u0161ie. V second handoch vie\u0161 n\u00e1js\u0165 origin\u00e1lne dekor\u00e1cie, ktor\u00e9 m\u00f4\u017ee\u0161 upravi\u0165 pod\u013ea seba.<\/p>\n<p><strong>Pus\u0165 sa do jednoduch\u00fdch DIY projektov<\/strong>, napr\u00edklad do v\u00fdroby kvetin\u00e1\u010dov \u010di \u0161itia vank\u00fa\u0161ov; svojmu priestoru dod\u00e1\u0161 osobit\u00fd \u0161t\u00fdl a ni\u010d \u0165a to nebude st\u00e1\u0165. Rastliny ako pet\u00fanie alebo paprade dok\u00e1\u017eu priestor okam\u017eite rozjasni\u0165 za v\u00fdhodn\u00fa cenu.<\/p>\n<ul>\n<li>sveteln\u00e9 re\u0165aze alebo svie\u010dky vytvoria \u00fatuln\u00fa atmosf\u00e9ru za lacno,<\/li>\n<li>pou\u017eitie star\u0161\u00edch vec\u00ed z dom\u00e1cnosti \u0161etr\u00ed peniaze a verande prid\u00e1 vlastn\u00fd \u0161t\u00fdl,<\/li>\n<li>kvetin\u00e1\u010de alebo stol\u00edk zo star\u00e9ho dreva dodaj\u00fa vidiecky r\u00e1z a s\u00fa nen\u00e1ro\u010dn\u00e9 na zhotovenie,<\/li>\n<li>star\u00e9 ratanov\u00e9 sedenie m\u00f4\u017ee\u0161 jednoducho pre\u010dal\u00fani\u0165 a z\u00edska\u0165 tak viac pohodlia aj \u0161t\u00fdlu za m\u00e1lo pe\u0148az\u00ed,<\/li>\n<li>tieto jednoduch\u00e9 \u00fapravy z tvojej verandy r\u00fdchlo spravia pr\u00edjemn\u00e9 miesto na oddych aj stret\u00e1vanie s priate\u013emi.<\/li>\n<\/ul>\n<\/details><details class=\"g-accordion \"><summary><h3>Ako prepoji\u0165 vn\u00fatorn\u00fd a vonkaj\u0161\u00ed priestor?<\/h3><\/summary>\n<p>Ak chce\u0161, aby prechod medzi domom a z\u00e1hradou p\u00f4sobil prirodzene, sna\u017e sa o jednotn\u00fd vzh\u013ead oboch priestorov. Pou\u017e\u00edvaj podobn\u00e9 materi\u00e1ly a farby, aby si z\u00edskal pr\u00edjemne zladen\u00fd dojem. <strong>Ve\u013ek\u00e9 posuvn\u00e9 dvere<\/strong> \u010di <strong>priestrann\u00e9 okn\u00e1<\/strong> u\u013eah\u010dia pohyb dovn\u00fatra aj von a p\u00f4sobia \u0161t\u00fdlovo. Ak zvol\u00ed\u0161 podobn\u00fd \u0161t\u00fdl n\u00e1bytku, vizu\u00e1lne ich prepoj\u00ed\u0161 e\u0161te viac.<\/p>\n<ul>\n<li>vonkaj\u0161ie koberce s\u00fa v\u00fdborn\u00e9 na odl\u00ed\u0161enie r\u00f4znych \u010dast\u00ed, no z\u00e1rove\u0148 zachovaj\u00fa s\u00fadr\u017enos\u0165 priestoru,<\/li>\n<li>pom\u00f4\u017eu ti rozdeli\u0165 plochy bez naru\u0161enia celistvosti,<\/li>\n<li>rastliny e\u0161te viac sp\u00e1jaj\u00fa domov so z\u00e1hradou a dotvoria celkov\u00fd dojem.<\/li>\n<\/ul>\n<p>Spr\u00e1vne zvolen\u00e9 osvetlenie je d\u00f4le\u017eit\u00e9 pre celkov\u00fa pohodu. Siahni po svetl\u00e1ch, ktor\u00e9 sa hodia dovn\u00fatra aj von a podporia pocit jednoliatosti. Praktick\u00e9 s\u00fa aj <strong>vonkaj\u0161ie z\u00e1vesy<\/strong> alebo tienidl\u00e1 \u2013 spr\u00edjemnia atmosf\u00e9ru aj pridaj\u00fa s\u00fakromie.<\/p>\n<p><strong>Ak zos\u00falad\u00ed\u0161 tieto prvky, z\u00edsk\u00e1\u0161 domov, ktor\u00fd sa kr\u00e1sne prepoj\u00ed s vonkaj\u0161\u00edm prostred\u00edm \u2013 ide\u00e1lny na relax aj stret\u00e1vanie s priate\u013emi.<\/strong><\/p>\n<\/details>\n","protected":false},"excerpt":{"rendered":"<p>Premen svoju verandu na \u00fatuln\u00e9 miesto tak, \u017ee spoj\u00ed\u0161 pohodlie a \u0161t\u00fdl pomocou premyslen\u00fdch dizajnov\u00fdch prvkov. M\u00e4kk\u00e9 posedenie s vank\u00fa\u0161mi a tepl\u00e9 svetlo re\u0165azov\u00fdch l\u00e1mp vytvoria pr\u00edjemn\u00fa atmosf\u00e9ru vonku. Sta\u010d\u00ed, ak pou\u017eije\u0161 viac vrstiev text\u00edli\u00ed a dopln\u00ed\u0161 ich osobn\u00fdmi detailmi, ktor\u00e9 ukazuj\u00fa tvoj vlastn\u00fd vkus. Nez\u00e1le\u017e\u00ed na tom, \u010di m\u00e1\u0161 ve\u013ek\u00fa verandu na vidieku alebo mal\u00fd k\u00fatik v meste. Spr\u00e1vny&hellip;<\/p>\n","protected":false},"author":14,"featured_media":5661,"comment_status":"closed","ping_status":"closed","sticky":false,"template":"","format":"standard","meta":{"rank_math_focus_keyword":"\u00fatuln\u00e9 n\u00e1pady na verandu","rank_math_title":"\u00datuln\u00e9 n\u00e1pady na verandu: Preme\u0148 svoj vonkaj\u0161\u00ed priestor","rank_math_description":"Objavte \u00fatuln\u00e9 n\u00e1pady na verandu a vytvorte si tepl\u00fd a pr\u00edjemn\u00fd vonkaj\u0161\u00ed priestor ide\u00e1lny na relax\u00e1ciu a stretnutia.","footnotes":""},"categories":[249],"tags":[],"class_list":["post-6627","post","type-post","status-publish","format-standard","has-post-thumbnail","hentry","category-vonkajsie-dekoracie"],"g_custom_schema_json":"<script type=\"application\/ld+json\">\n{\n  \"@context\": \"https:\/\/schema.org\",\n  \"@type\": \"FAQPage\",\n  \"mainEntity\": [\n    {\n      \"@type\": \"Question\",\n      \"name\": \"\u010co s\u00fa \u00fatuln\u00e9 n\u00e1pady na terasu?\",\n      \"acceptedAnswer\": {\n        \"@type\": \"Answer\",\n        \"text\": \"Navrhn\u00fa\u0165 \u00fatuln\u00fa terasu znamen\u00e1 vytvori\u0165 vonkaj\u0161\u00ed priestor, kde sa bude\u0161 c\u00edti\u0165 pr\u00edjemne a v\u00edtan\u00fd. Za\u010dni v\u00fdberom pohodln\u00e9ho sedenia \u2013 napr\u00edklad ratanov\u00e9 stoli\u010dky alebo hojda\u010dka na terasu, a m\u00e4kk\u00e9 vank\u00fa\u0161e a deky dodaj\u00fa e\u0161te viac pohodlia. Vonkaj\u0161\u00ed koberec pom\u00f4\u017ee oddeli\u0165 z\u00f3nu na sedenie a doplnky ako vank\u00fa\u0161iky \u010di dekor\u00e1cie jej daj\u00fa tvoj osobit\u00fd \u0161t\u00fdl.\"\n      }\n    },\n    {\n      \"@type\": \"Question\",\n      \"name\": \"Ako si navrhn\u00fa\u0165 pr\u00edjemn\u00fa terasu?\",\n      \"acceptedAnswer\": {\n        \"@type\": \"Answer\",\n        \"text\": \"Ak chce\u0161 vytvori\u0165 pr\u00edjemn\u00fa terasu, najsk\u00f4r si vyber pohodln\u00e9 sedenie \u2013 napr\u00edklad stoli\u010dky s m\u00e4kk\u00fdmi podsed\u00e1kmi alebo \u00fatuln\u00fa hojda\u010dku. Pohodlie e\u0161te zv\u00fd\u0161i\u0161 m\u00e4kk\u00fdmi vank\u00fa\u0161mi a dekami. Terase dod\u00e1\u0161 osobitos\u0165, ke\u010f ju vyzdob\u00ed\u0161 ozdobami, obr\u00e1zkami alebo kvetinami.\"\n      }\n    },\n    {\n      \"@type\": \"Question\",\n      \"name\": \"Ak\u00e9 s\u00fa hlavn\u00e9 prvky vidieckej terasy?\",\n      \"acceptedAnswer\": {\n        \"@type\": \"Answer\",\n        \"text\": \"Vidiecka terasa p\u00f4sob\u00ed pohostinne a vn\u00e1\u0161a do priestoru pr\u00edrodn\u00fa pohodu. \u010casto je vyroben\u00e1 z dreven\u00fdch alebo kovov\u00fdch materi\u00e1lov, ktor\u00e9 nikdy nevyjd\u00fa z m\u00f3dy. Hojdacie kresl\u00e1 vytv\u00e1raj\u00fa miesto na oddych a tepl\u00e9 farby pr\u00edrodn\u00fdch odtie\u0148ov dodaj\u00fa terase \u00fatulnos\u0165.\"\n      }\n    },\n    {\n      \"@type\": \"Question\",\n      \"name\": \"Ako \u010do najlep\u0161ie vyu\u017ei\u0165 mal\u00fa terasu?\",\n      \"acceptedAnswer\": {\n        \"@type\": \"Answer\",\n        \"text\": \"Na malej terase je d\u00f4le\u017eit\u00e9 vybra\u0165 si n\u00e1bytok a dekor\u00e1cie, ktor\u00e9 s\u00fa praktick\u00e9, ale z\u00e1rove\u0148 pekn\u00e9. Dobrou vo\u013ebou s\u00fa multifunk\u010dn\u00e9 k\u00fasky \u2013 napr\u00edklad lavica s \u00falo\u017en\u00fdm priestorom alebo skladacie stoli\u010dky, ktor\u00e9 \u0161etria miesto. Drobn\u00e9 poli\u010dky na stenu vyu\u017eije\u0161 pre kvety alebo ozdoby a ponech\u00e1\u0161 podlahu vo\u013en\u00fa.\"\n      }\n    },\n    {\n      \"@type\": \"Question\",\n      \"name\": \"Ak\u00e9 s\u00fa najlep\u0161ie tipy na v\u00fdzdobu terasy?\",\n      \"acceptedAnswer\": {\n        \"@type\": \"Answer\",\n        \"text\": \"Ak chce\u0161 terasu pekne ozdobi\u0165, za\u010dni v\u00fdberom farieb, ktor\u00e9 ladia s fas\u00e1dou domu \u2013 tak z\u00edska\u0161 jednotn\u00fd a upraven\u00fd vzh\u013ead. Kombinuj viacero text\u00far, aby bola terasa zauj\u00edmavej\u0161ia. Pou\u017ei napr\u00edklad ratan, drevo \u010di kov na n\u00e1bytok a doplnky.\"\n      }\n    },\n    {\n      \"@type\": \"Question\",\n      \"name\": \"Ako si vybra\u0165 spr\u00e1vny n\u00e1bytok na terasu?\",\n      \"acceptedAnswer\": {\n        \"@type\": \"Answer\",\n        \"text\": \"Pri v\u00fdbere n\u00e1bytku na terasu najprv zv\u00e1\u017e, ak\u00fd ve\u013ek\u00fd m\u00e1\u0161 priestor. Na v\u00e4\u010d\u0161iu terasu sa zmestia aj v\u00e4\u010d\u0161ie k\u00fasky, no men\u0161ie miesto vyu\u017eije\u0161 najlep\u0161ie s men\u0161\u00edm alebo viac\u00fa\u010delov\u00fdm n\u00e1bytkom, ako s\u00fa lavi\u010dky s \u00falo\u017en\u00fdm priestorom. Premysli si \u0161t\u00fdl \u2013 tradi\u010dn\u00fd alebo modern\u00fd \u2013 aby terasa ladila s okol\u00edm.\"\n      }\n    },\n    {\n      \"@type\": \"Question\",\n      \"name\": \"Ako pou\u017e\u00edva\u0165 farby, aby terasa vynikla?\",\n      \"acceptedAnswer\": {\n        \"@type\": \"Answer\",\n        \"text\": \"Farebn\u00e1 terasa vznikne v\u010faka dobr\u00e9mu v\u00fdberu farieb na sten\u00e1ch, n\u00e1bytku a doplnkoch. Na za\u010diatok si vyber paletu, ktor\u00e1 vystihuje tvoj vkus \u2013 pokojne aj pestr\u00e9 alebo jemn\u00e9, tlmen\u00e9 t\u00f3ny. T\u00e1to vo\u013eba ovplyvn\u00ed cel\u00fa atmosf\u00e9ru miesta.\"\n      }\n    },\n    {\n      \"@type\": \"Question\",\n      \"name\": \"Ako kombinova\u0165 vzory na terase?\",\n      \"acceptedAnswer\": {\n        \"@type\": \"Answer\",\n        \"text\": \"Kombinovanie vzorov dok\u00e1\u017ee tvoju terasu o\u017eivi\u0165 a doda\u0165 jej veselos\u0165 aj zauj\u00edmavos\u0165. Za\u010dni jedn\u00fdm z\u00e1kladn\u00fdm vzorom, napr\u00edklad na ve\u013ekom koberci alebo na n\u00e1bytku \u2013 ten vytvor\u00ed hlavn\u00fa \u201et\u00e9mu\u201c. \u010eal\u0161ie, men\u0161ie vzory pridaj cez vank\u00fa\u0161e a doplnky.\"\n      }\n    },\n    {\n      \"@type\": \"Question\",\n      \"name\": \"Ak\u00e9 s\u00fa n\u00e1pady na osvetlenie verandy?\",\n      \"acceptedAnswer\": {\n        \"@type\": \"Answer\",\n        \"text\": \"Osvetlenie verandy dok\u00e1\u017ee premeni\u0165 ka\u017ed\u00fd vonkaj\u0161\u00ed priestor na \u00fatuln\u00e9 a pr\u00edjemn\u00e9 miesto. Za\u010dni t\u00fdm, \u017ee zaves\u00ed\u0161 sveteln\u00e9 re\u0165aze; dodaj\u00fa miestu k\u00fazlo a vytvoria pr\u00edjemn\u00fa atmosf\u00e9ru. Skvelo ich doplnia lamp\u00e1\u0161e, ktor\u00e9 prines\u00fa rustik\u00e1lny n\u00e1dych a ich m\u00e4kk\u00e9 svetlo kr\u00e1sne zv\u00fdrazn\u00ed ve\u010dern\u00fa pohodu.\"\n      }\n    },\n    {\n      \"@type\": \"Question\",\n      \"name\": \"Ako vyu\u017ei\u0165 osvetlenie na vytvorenie \u00fatulnej atmosf\u00e9ry?\",\n      \"acceptedAnswer\": {\n        \"@type\": \"Answer\",\n        \"text\": \"Ak chce\u0161 vytvori\u0165 \u00fatuln\u00fa atmosf\u00e9ru pomocou svetiel, v\u0161etko z\u00e1vis\u00ed od spr\u00e1vneho v\u00fdberu. Za\u010dni \u017eiarovkami s teplou farbou, ktor\u00e9 svietia jemn\u00fdm a pr\u00edjemn\u00fdm svetlom. Hod\u00ed sa ich pou\u017ei\u0165 do l\u00e1mp alebo sveteln\u00fdch re\u0165az\u00ed na jemnej\u0161\u00ed efekt.\"\n      }\n    },\n    {\n      \"@type\": \"Question\",\n      \"name\": \"Ak\u00e9 s\u00fa najlep\u0161ie rastliny na v\u00fdzdobu verandy?\",\n      \"acceptedAnswer\": {\n        \"@type\": \"Answer\",\n        \"text\": \"Vybera\u0165 rastliny na verandu znamen\u00e1 zvoli\u0165 tie, ktor\u00e9 dobre zvl\u00e1dnu vonkaj\u0161ie podmienky. Odoln\u00e9 mo\u017enosti ako paprade, pet\u00fanie \u010di mu\u0161k\u00e1ty s\u00fa v\u00fdbornou vo\u013ebou, preto\u017ee vydr\u017eia aj hor\u0161ie po\u010dasie. Ak chce\u0161 u\u0161etri\u0165 miesto a prida\u0165 zele\u0148 vo v\u00fd\u0161ke o\u010d\u00ed, pou\u017ei z\u00e1vesn\u00e9 kvetin\u00e1\u010de alebo okenn\u00e9 truhl\u00edky.\"\n      }\n    },\n    {\n      \"@type\": \"Question\",\n      \"name\": \"Ako prida\u0165 na verandu pr\u00edrodn\u00e9 text\u00fary?\",\n      \"acceptedAnswer\": {\n        \"@type\": \"Answer\",\n        \"text\": \"Pr\u00edrodn\u00e9 text\u00fary dok\u00e1\u017eu verandu skuto\u010dne zmeni\u0165 na poh\u013ead aj na pocit. Sk\u00fas zakomponova\u0165 materi\u00e1ly ako drevo, pr\u00fatie \u010di kame\u0148, ktor\u00e9 vytvoria \u00fatuln\u00e9 a z\u00e1rove\u0148 pr\u00edrodn\u00e9 prostredie. Dreven\u00fd n\u00e1bytok p\u00f4sob\u00ed teplo a je dostato\u010dne odoln\u00fd na vonkaj\u0161ie pou\u017eitie.\"\n      }\n    },\n    {\n      \"@type\": \"Question\",\n      \"name\": \"Ak\u00e9 DIY doplnky si m\u00f4\u017ee\u0161 na verandu vyrobi\u0165?\",\n      \"acceptedAnswer\": {\n        \"@type\": \"Answer\",\n        \"text\": \"Osobn\u00e9 doplnky dok\u00e1\u017eu tvoju verandu o\u017eivi\u0165 aj bez ve\u013ek\u00fdch v\u00fddavkov. Napr\u00edklad: ru\u010dne vyroben\u00e9 kvetin\u00e1\u010de zo zrecyklovan\u00e9ho dreva alebo pekn\u00e9 ozdobn\u00e9 n\u00e1doby m\u00f4\u017eu by\u0165 skuto\u010dn\u00fdm origin\u00e1lom. Dreven\u00e9 tabule s n\u00e1pismi alebo kresbami e\u0161te zv\u00fdraznia celkov\u00fd vzh\u013ead verandy.\"\n      }\n    },\n    {\n      \"@type\": \"Question\",\n      \"name\": \"Ako si vytvori\u0165 \u00fatuln\u00fd \u010ditate\u013esk\u00fd k\u00fatik na verande?\",\n      \"acceptedAnswer\": {\n        \"@type\": \"Answer\",\n        \"text\": \"Pre \u00fatuln\u00fd \u010ditate\u013esk\u00fd k\u00fatik na verande postupuj takto: vyber si pohodln\u00e9 kreslo alebo dokonca hojdaciu sie\u0165, pridaj m\u00e4kk\u00e9 vank\u00fa\u0161e a deku, aby bolo sedenie pr\u00edjemn\u00e9. Postav si lampu alebo zaveste sveteln\u00e9 re\u0165aze na \u010d\u00edtanie bez \u00fanavy o\u010d\u00ed.\"\n      }\n    },\n    {\n      \"@type\": \"Question\",\n      \"name\": \"Ak\u00e9 s\u00fa n\u00e1pady na \u00fatuln\u00fa hojda\u010dku na verande?\",\n      \"acceptedAnswer\": {\n        \"@type\": \"Answer\",\n        \"text\": \"Ak chce\u0161, aby bola tvoja hojda\u010dka na verande \u010do najpohodlnej\u0161ia, ozdob ju m\u00e4kk\u00fdmi vank\u00fa\u0161mi a teplou dekou. Umiestni hojda\u010dku do tienistej \u010dasti, aby bola pr\u00edjemn\u00e9 \u00fato\u010disko pred slnkom. Okolit\u00e9 kvety v kvetin\u00e1\u010doch alebo jemn\u00e9 svetielka v okol\u00ed spravia miesto e\u0161te \u00fatulnej\u0161\u00edm.\"\n      }\n    },\n    {\n      \"@type\": \"Question\",\n      \"name\": \"Ako vytvori\u0165 verandu vhodn\u00fa pre dom\u00e1ce zvierat\u00e1?\",\n      \"acceptedAnswer\": {\n        \"@type\": \"Answer\",\n        \"text\": \"Ak m\u00e1\u0161 dom\u00e1ce zvieratko, vyberaj n\u00e1bytok aj doplnky, ktor\u00e9 s\u00fa pevn\u00e9 a \u013eahko sa \u010distia. To ti u\u0161etr\u00ed pr\u00e1cu s upratovan\u00edm a pred\u013a\u017ei \u017eivotnos\u0165 vybavenia. Pre pohodlie tvojho mil\u00e1\u010dika nezabudni na pelie\u0161ok alebo deku, aby sa tu c\u00edtil ako doma.\"\n      }\n    },\n    {\n      \"@type\": \"Question\",\n      \"name\": \"Ak\u00e9 v\u00fdhody m\u00e1 zasklen\u00e1 veranda?\",\n      \"acceptedAnswer\": {\n        \"@type\": \"Answer\",\n        \"text\": \"Zasklen\u00e1 veranda m\u00e1 ve\u013ea skvel\u00fdch v\u00fdhod: udr\u017e\u00ed otravn\u00fdch kom\u00e1rov a in\u00fd hmyz \u010falej od teba. Dovol\u00ed ti u\u017e\u00edva\u0165 si vonkaj\u0161ie prostredie bez dotierav\u00fdch n\u00e1v\u0161tevn\u00edkov. Pon\u00faka viac s\u00fakromia, tak\u017ee sa hod\u00ed na relax aj rodinn\u00e9 posedenia.\"\n      }\n    },\n    {\n      \"@type\": \"Question\",\n      \"name\": \"Ako m\u00f4\u017ee\u0161 meni\u0165 sez\u00f3nnu v\u00fdzdobu na verande?\",\n      \"acceptedAnswer\": {\n        \"@type\": \"Answer\",\n        \"text\": \"Ak chce\u0161, aby tvoja veranda bola vesel\u00e1 a pr\u00edjemn\u00e1 po cel\u00fd rok, prisp\u00f4sob jej v\u00fdzdobu pod\u013ea ro\u010dn\u00e9ho obdobia. Sta\u010d\u00ed vymeni\u0165 vank\u00fa\u0161e, deky alebo kvetin\u00e1\u010de, aby v\u017edy ladili s aktu\u00e1lnymi farbami a t\u00e9mou sez\u00f3ny. Na jese\u0148 m\u00f4\u017eu kr\u00e1snu atmosf\u00e9ru vytvori\u0165 tekvice alebo dekorat\u00edvne plody.\"\n      }\n    },\n    {\n      \"@type\": \"Question\",\n      \"name\": \"Ak\u00e9 lacn\u00e9 n\u00e1pady o\u017eivia tvoju verandu?\",\n      \"acceptedAnswer\": {\n        \"@type\": \"Answer\",\n        \"text\": \"Premeni\u0165 verandu na tepl\u00e9 a pohostinn\u00e9 miesto nemus\u00ed by\u0165 drah\u00e9. Za\u010dni t\u00fdm, \u017ee n\u00e1bytok natre\u0161 novou farbou a hne\u010f bude vyzera\u0165 lep\u0161ie. V second handoch vie\u0161 n\u00e1js\u0165 origin\u00e1lne dekor\u00e1cie, ktor\u00e9 m\u00f4\u017ee\u0161 upravi\u0165 pod\u013ea seba.\"\n      }\n    },\n    {\n      \"@type\": \"Question\",\n      \"name\": \"Ako prepoji\u0165 vn\u00fatorn\u00fd a vonkaj\u0161\u00ed priestor?\",\n      \"acceptedAnswer\": {\n        \"@type\": \"Answer\",\n        \"text\": \"Ak chce\u0161, aby prechod medzi domom a z\u00e1hradou p\u00f4sobil prirodzene, sna\u017e sa o jednotn\u00fd vzh\u013ead oboch priestorov. Pou\u017e\u00edvaj podobn\u00e9 materi\u00e1ly a farby, aby si z\u00edskal pr\u00edjemne zladen\u00fd dojem. Ve\u013ek\u00e9 posuvn\u00e9 dvere \u010di priestrann\u00e9 okn\u00e1 u\u013eah\u010dia pohyb dovn\u00fatra aj von a p\u00f4sobia \u0161t\u00fdlovo.\"\n      }\n    }\n  ]\n}\n<\/script>\n\n<script type=\"application\/ld+json\">\n{\n  \"@context\": \"https:\/\/schema.org\",\n  \"@type\": \"HowTo\",\n  \"name\": \"Ako si navrhn\u00fa\u0165 \u00fatuln\u00fa terasu alebo verandu\",\n  \"description\": \"Podrobn\u00fd n\u00e1vod, ako premeni\u0165 svoju verandu alebo terasu na \u00fatuln\u00e9 miesto s praktick\u00fdmi tipmi na zariadenie, dekor\u00e1cie a osvetlenie.\",\n  \"image\": \"https:\/\/doubletakedecor.com\/uploads\/2025\/08\/cozy-porch-ideas-dtd-01.jpg\",\n  \"totalTime\": \"PT1H\",\n  \"estimatedCost\": {\n    \"@type\": \"MonetaryAmount\",\n    \"currency\": \"EUR\",\n    \"value\": \"100\"\n  },\n  \"supply\": [\n    {\n      \"@type\": \"HowToSupply\",\n      \"name\": \"Pohodln\u00fd n\u00e1bytok (napr. kresl\u00e1, lavica, hojda\u010dka)\"\n    },\n    {\n      \"@type\": \"HowToSupply\",\n      \"name\": \"Vank\u00fa\u0161e a deky\"\n    },\n    {\n      \"@type\": \"HowToSupply\",\n      \"name\": \"Vonkaj\u0161\u00ed koberec\"\n    },\n    {\n      \"@type\": \"HowToSupply\",\n      \"name\": \"Dekora\u010dn\u00e9 svetl\u00e1 (re\u0165azov\u00e9 svetl\u00e1, lamp\u00e1\u0161e)\"\n    },\n    {\n      \"@type\": \"HowToSupply\",\n      \"name\": \"Kvetin\u00e1\u010de a rastliny\"\n    },\n    {\n      \"@type\": \"HowToSupply\",\n      \"name\": \"Sez\u00f3nne dekor\u00e1cie a osobn\u00e9 doplnky\"\n    },\n    {\n      \"@type\": \"HowToSupply\",\n      \"name\": \"Pr\u00faten\u00e9 a pr\u00edrodn\u00e9 text\u00edlie\"\n    }\n  ],\n  \"tool\": [\n    {\n      \"@type\": \"HowToTool\",\n      \"name\": \"N\u00e1radie na mont\u00e1\u017e n\u00e1bytku\"\n    },\n    {\n      \"@type\": \"HowToTool\",\n      \"name\": \"Kladivo\"\n    },\n    {\n      \"@type\": \"HowToTool\",\n      \"name\": \"No\u017enice\"\n    }\n  ],\n  \"step\": [\n    {\n      \"@type\": \"HowToStep\",\n      \"name\": \"Vyber pohodln\u00fd n\u00e1bytok\",\n      \"text\": \"Zvo\u013e z\u00e1kladn\u00e9 sedenie pod\u013ea ve\u013ekosti verandy \u2013 kresl\u00e1, lavicu alebo hojda\u010dku. M\u00e4kk\u00e9 vank\u00fa\u0161e a deky zv\u00fd\u0161ia pohodlie a vytvoria \u00fatuln\u00fa atmosf\u00e9ru.\"\n    },\n    {\n      \"@type\": \"HowToStep\",\n      \"name\": \"Z\u00f3nuj priestor kobercom\",\n      \"text\": \"Polo\u017e vonkaj\u0161\u00ed koberec, ktor\u00fd oddel\u00ed sedenie a z\u00e1rove\u0148 prid\u00e1 text\u00faru a farbu. Koberec m\u00f4\u017ee by\u0165 neutr\u00e1lny alebo s v\u00fdrazn\u00fdm vzorom pod\u013ea \u0161t\u00fdlu.\"\n    },\n    {\n      \"@type\": \"HowToStep\",\n      \"name\": \"Pridaj osvetlenie\",\n      \"text\": \"Pou\u017ei re\u0165azov\u00e9 svetl\u00e1, lamp\u00e1\u0161e alebo n\u00e1stenn\u00e9 svietidl\u00e1 na dotvorenie pr\u00edjemnej atmosf\u00e9ry. Tepl\u00e9 svetlo je najvhodnej\u0161ie na ve\u010dern\u00e9 posedenia.\"\n    },\n    {\n      \"@type\": \"HowToStep\",\n      \"name\": \"Ozdob rastlinami a pr\u00edrodn\u00fdmi prvkami\",\n      \"text\": \"Rozmiestni kvetin\u00e1\u010de s rastlinami r\u00f4znej v\u00fd\u0161ky a farieb okolo miest na sedenie. Pr\u00edrodn\u00e9 materi\u00e1ly ako pr\u00fatie, drevo \u010di kame\u0148 zv\u00fdraznia \u00fatulnos\u0165.\"\n    },\n    {\n      \"@type\": \"HowToStep\",\n      \"name\": \"Pou\u017ei osobn\u00e9 a sez\u00f3nne doplnky\",\n      \"text\": \"Pridaj vank\u00fa\u0161e s r\u00f4znymi vzormi, deky pod\u013ea ro\u010dn\u00e9ho obdobia alebo vlastnoru\u010dne vyroben\u00e9 dekor\u00e1cie. Tak bude veranda st\u00e1le svie\u017ea a v\u00fdnimo\u010dn\u00e1.\"\n    },\n    {\n      \"@type\": \"HowToStep\",\n      \"name\": \"Vytvor \u010ditate\u013esk\u00fd alebo relaxa\u010dn\u00fd k\u00fatik\",\n      \"text\": \"Vyber pohodln\u00e9 kreslo alebo hojdaciu sie\u0165, pridaj lampu a mal\u00fd stol\u00edk. Rastliny a vank\u00fa\u0161e zv\u00fd\u0161ia pohodlie a pocit s\u00fakromia.\"\n    },\n    {\n      \"@type\": \"HowToStep\",\n      \"name\": \"Zabezpe\u010d priestor pre dom\u00e1ce zvierat\u00e1\",\n      \"text\": \"Ak b\u00fdva\u0161 so zvieratami, priprav pre nich pelie\u0161ok alebo deku. Odstr\u00e1\u0148 nebezpe\u010dn\u00e9 predmety a rastliny, aby bola veranda bezpe\u010dn\u00e1 pre v\u0161etk\u00fdch.\"\n    }\n  ]\n}\n<\/script>","_links":{"self":[{"href":"https:\/\/doubletakedecor.com\/sk\/wp-json\/wp\/v2\/posts\/6627","targetHints":{"allow":["GET"]}}],"collection":[{"href":"https:\/\/doubletakedecor.com\/sk\/wp-json\/wp\/v2\/posts"}],"about":[{"href":"https:\/\/doubletakedecor.com\/sk\/wp-json\/wp\/v2\/types\/post"}],"author":[{"embeddable":true,"href":"https:\/\/doubletakedecor.com\/sk\/wp-json\/wp\/v2\/users\/14"}],"replies":[{"embeddable":true,"href":"https:\/\/doubletakedecor.com\/sk\/wp-json\/wp\/v2\/comments?post=6627"}],"version-history":[{"count":1,"href":"https:\/\/doubletakedecor.com\/sk\/wp-json\/wp\/v2\/posts\/6627\/revisions"}],"predecessor-version":[{"id":6628,"href":"https:\/\/doubletakedecor.com\/sk\/wp-json\/wp\/v2\/posts\/6627\/revisions\/6628"}],"wp:featuredmedia":[{"embeddable":true,"href":"https:\/\/doubletakedecor.com\/sk\/wp-json\/wp\/v2\/media\/5661"}],"wp:attachment":[{"href":"https:\/\/doubletakedecor.com\/sk\/wp-json\/wp\/v2\/media?parent=6627"}],"wp:term":[{"taxonomy":"category","embeddable":true,"href":"https:\/\/doubletakedecor.com\/sk\/wp-json\/wp\/v2\/categories?post=6627"},{"taxonomy":"post_tag","embeddable":true,"href":"https:\/\/doubletakedecor.com\/sk\/wp-json\/wp\/v2\/tags?post=6627"}],"curies":[{"name":"wp","href":"https:\/\/api.w.org\/{rel}","templated":true}]}}