{"id":6679,"date":"2025-08-25T00:57:01","date_gmt":"2025-08-24T22:57:01","guid":{"rendered":"https:\/\/doubletakedecor.com\/vonkajsie-dekoracie\/napady-na-obkolesujuce-verandy\/"},"modified":"2025-08-25T03:49:39","modified_gmt":"2025-08-25T01:49:39","slug":"napady-na-obkolesujuce-verandy","status":"publish","type":"post","link":"https:\/\/doubletakedecor.com\/sk\/vonkajsie-dekoracie\/napady-na-obkolesujuce-verandy\/","title":{"rendered":"O\u010daruj\u00face n\u00e1pady na obklopuj\u00face verandy, ktor\u00e9 transformuj\u00fa tvoj domov"},"content":{"rendered":"<p>Predstav si, \u017ee vyst\u00fapi\u0161 na verandu, ktor\u00e1 elegantne obop\u00edna tvoj dom a pon\u00faka ti n\u00e1dhern\u00fd v\u00fdh\u013ead aj mno\u017estvo mo\u017enost\u00ed na oddych a z\u00e1bavu. Verandy s obvodov\u00fdm typom nie s\u00fa len architektonick\u00fdm detailom\u2014predstavuj\u00fa roz\u0161\u00edrenie tvojho b\u00fdvania a dokonale sp\u00e1jaj\u00fa vn\u00fatorn\u00e9 pohodlie s \u010darom exteri\u00e9ru.<\/p>\n<p>Od vidieckych \u0161t\u00fdlov s pr\u00edrodn\u00fdm drevom a\u017e po elegantn\u00e9 viktori\u00e1nske verzie so zdoben\u00fdmi z\u00e1bradliami\u2014tieto priestory m\u00f4\u017ee\u0161 prisp\u00f4sobi\u0165 tak, aby ladili s ak\u00fdmko\u013evek \u0161t\u00fdlom domu. \u010ci u\u017e t\u00fa\u017ei\u0161 po \u00fatulnom k\u00fatiku na rann\u00fa k\u00e1vu alebo ve\u013ekorysom priestore na letn\u00e9 oslavy, verandy okolo domu pon\u00fakaj\u00fa rie\u0161enia pre ka\u017ed\u00fd \u017eivotn\u00fd \u0161t\u00fdl.<\/p>\n<p>Tak\u00e9to verandy premenia oby\u010dajn\u00fd dom na pr\u00edvetiv\u00e9 \u00fato\u010disko, zlep\u0161ia prv\u00fd dojem a vytvoria funk\u010dn\u00e9 exteri\u00e9rov\u00e9 b\u00fdvanie chr\u00e1nen\u00e9 pred po\u010das\u00edm. Pridaj pohodln\u00e9 sedenie, vonkaj\u0161\u00ed krb pre celoro\u010dn\u00e9 vyu\u017eitie alebo alt\u00e1nok pre viac tie\u0148a a charakteru.<\/p>\n<p>Kr\u00e1sa obvodov\u00fdch verand spo\u010d\u00edva najm\u00e4 v ich prisp\u00f4sobivosti\u2014skvele funguj\u00fa pri mal\u00fdch chatk\u00e1ch aj pri ve\u013ek\u00fdch s\u00eddlach, pri jednopodla\u017en\u00fdch aj dvojposchodov\u00fdch domoch. Ak zvol\u00ed\u0161 premyslen\u00e9 detaily ako \u0161ind\u013eov\u00fa strechu, vstavan\u00e9 sedenie alebo tlmen\u00e9 osvetlenie, tvoja veranda sa m\u00f4\u017ee sta\u0165 najob\u013e\u00fabenej\u0161\u00edm miestom v dome, ktor\u00e9 sp\u00e1ja kr\u00e1su a praktickos\u0165 v dokonalej harm\u00f3nii.<\/p>\n<div class=\"kt_block\" id=\"kt_id\">\n<span class=\"kt_headline\">Hlavn\u00e9 my\u0161lienky<\/span><\/p>\n<ul class=\"kt_post_list\">\n<li><strong>\ud83c\udfe1 Prirodzen\u00e9 prepojenie interi\u00e9ru s exteri\u00e9rom:<\/strong> Obvodov\u00e9 verandy roz\u0161iruj\u00fa tvoje b\u00fdvanie do vonkaj\u0161ieho priestoru a sp\u00e1jaj\u00fa vn\u00fatorn\u00fd komfort s vonkaj\u0161\u00edm \u0161armom. S\u00fa ide\u00e1lne na oddych aj stretnutia s priate\u013emi.<\/li>\n<li><strong>\ud83c\udfa8 Mo\u017enos\u0165 prisp\u00f4sobenia:<\/strong> \u010ci u\u017e m\u00e1\u0161 r\u00e1d vidiecky \u0161t\u00fdl alebo viktori\u00e1nsku eleganciu, veranda okolo domu sa d\u00e1 upravi\u0165 na ak\u00fdko\u013evek vkus a z\u00e1rove\u0148 vylep\u0161\u00ed vzh\u013ead aj funk\u010dnos\u0165 tvojho b\u00fdvania.<\/li>\n<li><strong>\ud83c\udf33 Univerz\u00e1lne a prisp\u00f4sobiv\u00e9:<\/strong> Tak\u00e9to verandy dodaj\u00fa \u0161mrnc malej chate aj ve\u013ek\u00e9mu domu, poskytuj\u00fa ochranu pred po\u010das\u00edm a flexibiln\u00e9 mo\u017enosti pre r\u00f4zne aktivity.<\/li>\n<li><strong>\ud83c\udf1f V\u00e4\u010d\u0161ia pr\u00ed\u0165a\u017elivos\u0165 domu:<\/strong> Ak prid\u00e1\u0161 pohodln\u00e9 sedenie, pr\u00edjemn\u00e9 osvetlenie a dekorat\u00edvne z\u00e1bradlia, veranda sa stane \u00fatuln\u00fdm miestom, ktor\u00e9 zv\u00fd\u0161i pr\u00ed\u0165a\u017elivos\u0165 aj vyu\u017eite\u013enos\u0165 tvojho domu.<\/li>\n<\/ul>\n<\/div>\n<h2>Modern\u00fd dom s elegantnou verandou<\/h2>\n<p><img loading=\"lazy\" decoding=\"async\" width=\"700\" height=\"1050\" alt=\"Ohromuj\u00faci modern\u00fd dom s priestrannou verandou dookola, elegantn\u00fdmi st\u013apmi a upravenou zele\u0148ou v pokojnom prostred\u00ed.\" class=\"aligncenter size-full wp-image-5817\" src=\"https:\/\/doubletakedecor.com\/uploads\/2025\/08\/wraparound-porch-ideas-dtd-01.jpg\" srcset=\"https:\/\/doubletakedecor.com\/uploads\/2025\/08\/wraparound-porch-ideas-dtd-01.jpg 700w, https:\/\/doubletakedecor.com\/uploads\/2025\/08\/wraparound-porch-ideas-dtd-01-200x300.jpg 200w, https:\/\/doubletakedecor.com\/uploads\/2025\/08\/wraparound-porch-ideas-dtd-01-683x1024.jpg 683w, https:\/\/doubletakedecor.com\/uploads\/2025\/08\/wraparound-porch-ideas-dtd-01-96x144.jpg 96w, https:\/\/doubletakedecor.com\/uploads\/2025\/08\/wraparound-porch-ideas-dtd-01-280x420.jpg 280w, https:\/\/doubletakedecor.com\/uploads\/2025\/08\/wraparound-porch-ideas-dtd-01-320x480.jpg 320w, https:\/\/doubletakedecor.com\/uploads\/2025\/08\/wraparound-porch-ideas-dtd-01-360x540.jpg 360w, https:\/\/doubletakedecor.com\/uploads\/2025\/08\/wraparound-porch-ideas-dtd-01-363x545.jpg 363w, https:\/\/doubletakedecor.com\/uploads\/2025\/08\/wraparound-porch-ideas-dtd-01-370x555.jpg 370w, https:\/\/doubletakedecor.com\/uploads\/2025\/08\/wraparound-porch-ideas-dtd-01-400x600.jpg 400w, https:\/\/doubletakedecor.com\/uploads\/2025\/08\/wraparound-porch-ideas-dtd-01-560x840.jpg 560w, https:\/\/doubletakedecor.com\/uploads\/2025\/08\/wraparound-porch-ideas-dtd-01-480x720.jpg 480w\" sizes=\"auto, (max-width: 700px) 100vw, 700px\" \/><\/p>\n<p>Vytvor modern\u00fd a \u0161t\u00fdlov\u00fd vzh\u013ead kombinovan\u00edm bielych a tmav\u00fdch prvkov pre v\u00fdrazn\u00fd kontrast. Pevn\u00e9 st\u013apy dodaj\u00fa fas\u00e1de eleganciu aj stabilitu. O verandu sa staraj s d\u00f4razom na detail\u2014udr\u017eiavaj tr\u00e1vnik zelen\u00fd a \u017eiv\u00e9 ploty starostlivo zastrihnut\u00e9 pre upraven\u00fd dojem. Vysa\u010f tienist\u00e9 stromy, aby bol pobyt na verande pr\u00edjemn\u00fd aj po\u010das hor\u00facich letn\u00fdch dn\u00ed.<\/p>\n<h2>Ve\u010dern\u00e1 veranda so svetelnou atmosf\u00e9rou<\/h2>\n<p><img loading=\"lazy\" decoding=\"async\" width=\"700\" height=\"1050\" alt=\"Pr\u00edvetiv\u00fd dom s osvetlen\u00fdmi oknami a verandou dookola v podve\u010dernom svetle, s bohatou zele\u0148ou a jemn\u00fdm osvetlen\u00edm lampami.\" class=\"aligncenter size-full wp-image-5823\" src=\"https:\/\/doubletakedecor.com\/uploads\/2025\/08\/wraparound-porch-ideas-dtd-02.jpg\" srcset=\"https:\/\/doubletakedecor.com\/uploads\/2025\/08\/wraparound-porch-ideas-dtd-02.jpg 700w, https:\/\/doubletakedecor.com\/uploads\/2025\/08\/wraparound-porch-ideas-dtd-02-200x300.jpg 200w, https:\/\/doubletakedecor.com\/uploads\/2025\/08\/wraparound-porch-ideas-dtd-02-683x1024.jpg 683w, https:\/\/doubletakedecor.com\/uploads\/2025\/08\/wraparound-porch-ideas-dtd-02-96x144.jpg 96w, https:\/\/doubletakedecor.com\/uploads\/2025\/08\/wraparound-porch-ideas-dtd-02-280x420.jpg 280w, https:\/\/doubletakedecor.com\/uploads\/2025\/08\/wraparound-porch-ideas-dtd-02-320x480.jpg 320w, https:\/\/doubletakedecor.com\/uploads\/2025\/08\/wraparound-porch-ideas-dtd-02-360x540.jpg 360w, https:\/\/doubletakedecor.com\/uploads\/2025\/08\/wraparound-porch-ideas-dtd-02-363x545.jpg 363w, https:\/\/doubletakedecor.com\/uploads\/2025\/08\/wraparound-porch-ideas-dtd-02-370x555.jpg 370w, https:\/\/doubletakedecor.com\/uploads\/2025\/08\/wraparound-porch-ideas-dtd-02-400x600.jpg 400w, https:\/\/doubletakedecor.com\/uploads\/2025\/08\/wraparound-porch-ideas-dtd-02-560x840.jpg 560w, https:\/\/doubletakedecor.com\/uploads\/2025\/08\/wraparound-porch-ideas-dtd-02-480x720.jpg 480w\" sizes=\"auto, (max-width: 700px) 100vw, 700px\" \/><\/p>\n<p>Pr\u00edjemn\u00fa ve\u010dern\u00fa atmosf\u00e9ru vytvor\u00ed\u0161 vhodne rozmiestnen\u00fdmi svetlami okolo verandy. Tepl\u00e9 osvetlenie zv\u00fdrazn\u00ed architektonick\u00e9 detaily a osvetl\u00ed chodn\u00edky. Olemuj verandu z\u00e1honmi s kvetmi, ktor\u00e9 e\u0161te viac vynikn\u00fa ve\u010der. Pre dokonal\u00fd dojem zvo\u013e vonkaj\u0161ie farby domu, ktor\u00e9 plynulo prech\u00e1dzaj\u00fa aj na pr\u00edstavby.<\/p>\n<h2>Jesenn\u00e1 veranda s dekor\u00e1ciou sez\u00f3ny<\/h2>\n<p><img loading=\"lazy\" decoding=\"async\" width=\"700\" height=\"1050\" alt=\"Biely dom so \u0161t\u00edhlymi st\u013apmi, jesenn\u00e9 oran\u017eov\u00e9 tekvice, \u010dierne hojdacie kresl\u00e1 a kvety v \u010drepn\u00edkoch na verande dookola.\" class=\"aligncenter size-full wp-image-5829\" src=\"https:\/\/doubletakedecor.com\/uploads\/2025\/08\/wraparound-porch-ideas-dtd-03.jpg\" srcset=\"https:\/\/doubletakedecor.com\/uploads\/2025\/08\/wraparound-porch-ideas-dtd-03.jpg 700w, https:\/\/doubletakedecor.com\/uploads\/2025\/08\/wraparound-porch-ideas-dtd-03-200x300.jpg 200w, https:\/\/doubletakedecor.com\/uploads\/2025\/08\/wraparound-porch-ideas-dtd-03-683x1024.jpg 683w, https:\/\/doubletakedecor.com\/uploads\/2025\/08\/wraparound-porch-ideas-dtd-03-96x144.jpg 96w, https:\/\/doubletakedecor.com\/uploads\/2025\/08\/wraparound-porch-ideas-dtd-03-280x420.jpg 280w, https:\/\/doubletakedecor.com\/uploads\/2025\/08\/wraparound-porch-ideas-dtd-03-320x480.jpg 320w, https:\/\/doubletakedecor.com\/uploads\/2025\/08\/wraparound-porch-ideas-dtd-03-360x540.jpg 360w, https:\/\/doubletakedecor.com\/uploads\/2025\/08\/wraparound-porch-ideas-dtd-03-363x545.jpg 363w, https:\/\/doubletakedecor.com\/uploads\/2025\/08\/wraparound-porch-ideas-dtd-03-370x555.jpg 370w, https:\/\/doubletakedecor.com\/uploads\/2025\/08\/wraparound-porch-ideas-dtd-03-400x600.jpg 400w, https:\/\/doubletakedecor.com\/uploads\/2025\/08\/wraparound-porch-ideas-dtd-03-560x840.jpg 560w, https:\/\/doubletakedecor.com\/uploads\/2025\/08\/wraparound-porch-ideas-dtd-03-480x720.jpg 480w\" sizes=\"auto, (max-width: 700px) 100vw, 700px\" \/><\/p>\n<p>Premen svoju verandu na \u00fatuln\u00e9 jesenn\u00e9 miesto s tekvicami a kvetmi v kvetin\u00e1\u010doch. \u010cierne hojdacie kresl\u00e1 poskytuj\u00fa pohodlie na sedenie a z\u00e1rove\u0148 kontrastuj\u00fa s bielymi st\u013apmi. Upraven\u00fd tr\u00e1vnik zv\u00fdrazn\u00ed celkov\u00fd vzh\u013ead domu. Pri dekorovan\u00ed mysl\u00ed\u0161 na vyv\u00e1\u017eenie jednotliv\u00fdch prvkov tak, aby priestor p\u00f4sobil \u00fatulne, nie preplnene.<\/p>\n<h2>Modern\u00fd vidiecky \u0161t\u00fdl verandy<\/h2>\n<p><img loading=\"lazy\" decoding=\"async\" width=\"700\" height=\"1050\" alt=\"Elegantn\u00fd dvojposchodov\u00fd vidiecky dom s bielou fas\u00e1dou, verandou okolo cel\u00e9ho domu, dreven\u00fdmi dvojkr\u00eddlov\u00fdmi dverami a pekne upravenou z\u00e1hradou.\" class=\"aligncenter size-full wp-image-5835\" src=\"https:\/\/doubletakedecor.com\/uploads\/2025\/08\/wraparound-porch-ideas-dtd-04.jpg\" srcset=\"https:\/\/doubletakedecor.com\/uploads\/2025\/08\/wraparound-porch-ideas-dtd-04.jpg 700w, https:\/\/doubletakedecor.com\/uploads\/2025\/08\/wraparound-porch-ideas-dtd-04-200x300.jpg 200w, https:\/\/doubletakedecor.com\/uploads\/2025\/08\/wraparound-porch-ideas-dtd-04-683x1024.jpg 683w, https:\/\/doubletakedecor.com\/uploads\/2025\/08\/wraparound-porch-ideas-dtd-04-96x144.jpg 96w, https:\/\/doubletakedecor.com\/uploads\/2025\/08\/wraparound-porch-ideas-dtd-04-280x420.jpg 280w, https:\/\/doubletakedecor.com\/uploads\/2025\/08\/wraparound-porch-ideas-dtd-04-320x480.jpg 320w, https:\/\/doubletakedecor.com\/uploads\/2025\/08\/wraparound-porch-ideas-dtd-04-360x540.jpg 360w, https:\/\/doubletakedecor.com\/uploads\/2025\/08\/wraparound-porch-ideas-dtd-04-363x545.jpg 363w, https:\/\/doubletakedecor.com\/uploads\/2025\/08\/wraparound-porch-ideas-dtd-04-370x555.jpg 370w, https:\/\/doubletakedecor.com\/uploads\/2025\/08\/wraparound-porch-ideas-dtd-04-400x600.jpg 400w, https:\/\/doubletakedecor.com\/uploads\/2025\/08\/wraparound-porch-ideas-dtd-04-560x840.jpg 560w, https:\/\/doubletakedecor.com\/uploads\/2025\/08\/wraparound-porch-ideas-dtd-04-480x720.jpg 480w\" sizes=\"auto, (max-width: 700px) 100vw, 700px\" \/><\/p>\n<p>Dramatick\u00fd vzh\u013ead docieli\u0161 kombin\u00e1ciou bieleho obkladu so s\u00fdtymi tmav\u00fdmi detailmi, napr\u00edklad na r\u00e1moch okien a kovovej streche. V\u00fdrazn\u00e9 dreven\u00e9 dvere sa stan\u00fa stredobodom, ktor\u00fd dop\u013a\u0148a \u0161irok\u00e9 schodisko pre pohodln\u00fd vstup. Verandu ohrani\u010d jednoduch\u00fdm z\u00e1bradl\u00edm, ktor\u00e9 je bezpe\u010dn\u00e9 a z\u00e1rove\u0148 ni\u010d nezakr\u00fdva z kr\u00e1sne upravenej z\u00e1hrady.<\/p>\n<h2>Vonkaj\u0161ie jedlo a gril na verande<\/h2>\n<p><img loading=\"lazy\" decoding=\"async\" width=\"700\" height=\"1050\" alt=\"P\u00f4vabn\u00e1 dreven\u00e1 veranda s bielymi z\u00e1bradliami, jed\u00e1lensk\u00fdm stolom, stoli\u010dkami, z\u00e1vesn\u00fdm svetlom a grilom pre dokonal\u00e9 letn\u00e9 posedenie.\" class=\"aligncenter size-full wp-image-5841\" src=\"https:\/\/doubletakedecor.com\/uploads\/2025\/08\/wraparound-porch-ideas-dtd-05.jpg\" srcset=\"https:\/\/doubletakedecor.com\/uploads\/2025\/08\/wraparound-porch-ideas-dtd-05.jpg 700w, https:\/\/doubletakedecor.com\/uploads\/2025\/08\/wraparound-porch-ideas-dtd-05-200x300.jpg 200w, https:\/\/doubletakedecor.com\/uploads\/2025\/08\/wraparound-porch-ideas-dtd-05-683x1024.jpg 683w, https:\/\/doubletakedecor.com\/uploads\/2025\/08\/wraparound-porch-ideas-dtd-05-96x144.jpg 96w, https:\/\/doubletakedecor.com\/uploads\/2025\/08\/wraparound-porch-ideas-dtd-05-280x420.jpg 280w, https:\/\/doubletakedecor.com\/uploads\/2025\/08\/wraparound-porch-ideas-dtd-05-320x480.jpg 320w, https:\/\/doubletakedecor.com\/uploads\/2025\/08\/wraparound-porch-ideas-dtd-05-360x540.jpg 360w, https:\/\/doubletakedecor.com\/uploads\/2025\/08\/wraparound-porch-ideas-dtd-05-363x545.jpg 363w, https:\/\/doubletakedecor.com\/uploads\/2025\/08\/wraparound-porch-ideas-dtd-05-370x555.jpg 370w, https:\/\/doubletakedecor.com\/uploads\/2025\/08\/wraparound-porch-ideas-dtd-05-400x600.jpg 400w, https:\/\/doubletakedecor.com\/uploads\/2025\/08\/wraparound-porch-ideas-dtd-05-560x840.jpg 560w, https:\/\/doubletakedecor.com\/uploads\/2025\/08\/wraparound-porch-ideas-dtd-05-480x720.jpg 480w\" sizes=\"auto, (max-width: 700px) 100vw, 700px\" \/><\/p>\n<p>Vybuduj funk\u010dn\u00fd priestor na rodinn\u00e9 oslavy a grilovanie kombinovan\u00edm jed\u00e1lensk\u00e9ho stola so spo\u013eahliv\u00fdm grilom. Gril postav k stene pre bezpe\u010dnos\u0165 a nechaj dos\u0165 miesta na sedenie. Ve\u010dern\u00fa atmosf\u00e9ru pod\u010diarkne v\u00fdrazn\u00e9 z\u00e1vesn\u00e9 svietidlo a p\u00e1r pekn\u00fdch rastl\u00edn v \u010drepn\u00edkoch. Farebnos\u0165 zlad\u00ed\u0161 s fas\u00e1dou domu, aby v\u0161etko p\u00f4sobilo jednotne.<\/p>\n<h2>Dvojposchodov\u00fd dom s kombinovan\u00fdm obkladom<\/h2>\n<p><img loading=\"lazy\" decoding=\"async\" width=\"700\" height=\"1045\" alt=\"Dvojposchodov\u00fd dom s kombinovan\u00fdm \u0161ind\u013eov\u00fdm a vodorovn\u00fdm obkladom, verandou, pohodln\u00fdmi kreslami a pestrou z\u00e1hradou.\" class=\"aligncenter size-full wp-image-5847\" src=\"https:\/\/doubletakedecor.com\/uploads\/2025\/08\/wraparound-porch-ideas-dtd-06.jpg\" srcset=\"https:\/\/doubletakedecor.com\/uploads\/2025\/08\/wraparound-porch-ideas-dtd-06.jpg 700w, https:\/\/doubletakedecor.com\/uploads\/2025\/08\/wraparound-porch-ideas-dtd-06-201x300.jpg 201w, https:\/\/doubletakedecor.com\/uploads\/2025\/08\/wraparound-porch-ideas-dtd-06-686x1024.jpg 686w, https:\/\/doubletakedecor.com\/uploads\/2025\/08\/wraparound-porch-ideas-dtd-06-96x143.jpg 96w, https:\/\/doubletakedecor.com\/uploads\/2025\/08\/wraparound-porch-ideas-dtd-06-280x418.jpg 280w, https:\/\/doubletakedecor.com\/uploads\/2025\/08\/wraparound-porch-ideas-dtd-06-320x478.jpg 320w, https:\/\/doubletakedecor.com\/uploads\/2025\/08\/wraparound-porch-ideas-dtd-06-360x537.jpg 360w, https:\/\/doubletakedecor.com\/uploads\/2025\/08\/wraparound-porch-ideas-dtd-06-363x542.jpg 363w, https:\/\/doubletakedecor.com\/uploads\/2025\/08\/wraparound-porch-ideas-dtd-06-370x552.jpg 370w, https:\/\/doubletakedecor.com\/uploads\/2025\/08\/wraparound-porch-ideas-dtd-06-400x597.jpg 400w, https:\/\/doubletakedecor.com\/uploads\/2025\/08\/wraparound-porch-ideas-dtd-06-560x836.jpg 560w, https:\/\/doubletakedecor.com\/uploads\/2025\/08\/wraparound-porch-ideas-dtd-06-480x717.jpg 480w\" sizes=\"auto, (max-width: 700px) 100vw, 700px\" \/><\/p>\n<p>O\u017eiv verandu kombinovan\u00edm rozdielnych typov obkladu v pr\u00edrodn\u00fdch odtie\u0148och. Biely lem okolo dver\u00ed a okien zv\u00fdrazn\u00ed vstup. Pre pr\u00edjemn\u00e9 posedenie rozmiestni pohodln\u00e9 kresl\u00e1 priamo pri hlavnom vchode a dopl\u0148 to symetricky rozlo\u017een\u00fdmi kvetmi v kvetin\u00e1\u010doch.<\/p>\n<h2>Klasick\u00fd biely dom so zelen\u00fdmi okenicami<\/h2>\n<p><img loading=\"lazy\" decoding=\"async\" width=\"700\" height=\"1050\" alt=\"Elegantn\u00fd dvojposchodov\u00fd biely dom s tmavozelen\u00fdmi okenicami a pr\u00edjemnou verandou dookola v bohatej zeleni.\" class=\"aligncenter size-full wp-image-5853\" src=\"https:\/\/doubletakedecor.com\/uploads\/2025\/08\/wraparound-porch-ideas-dtd-07.jpg\" srcset=\"https:\/\/doubletakedecor.com\/uploads\/2025\/08\/wraparound-porch-ideas-dtd-07.jpg 700w, https:\/\/doubletakedecor.com\/uploads\/2025\/08\/wraparound-porch-ideas-dtd-07-200x300.jpg 200w, https:\/\/doubletakedecor.com\/uploads\/2025\/08\/wraparound-porch-ideas-dtd-07-683x1024.jpg 683w, https:\/\/doubletakedecor.com\/uploads\/2025\/08\/wraparound-porch-ideas-dtd-07-96x144.jpg 96w, https:\/\/doubletakedecor.com\/uploads\/2025\/08\/wraparound-porch-ideas-dtd-07-280x420.jpg 280w, https:\/\/doubletakedecor.com\/uploads\/2025\/08\/wraparound-porch-ideas-dtd-07-320x480.jpg 320w, https:\/\/doubletakedecor.com\/uploads\/2025\/08\/wraparound-porch-ideas-dtd-07-360x540.jpg 360w, https:\/\/doubletakedecor.com\/uploads\/2025\/08\/wraparound-porch-ideas-dtd-07-363x545.jpg 363w, https:\/\/doubletakedecor.com\/uploads\/2025\/08\/wraparound-porch-ideas-dtd-07-370x555.jpg 370w, https:\/\/doubletakedecor.com\/uploads\/2025\/08\/wraparound-porch-ideas-dtd-07-400x600.jpg 400w, https:\/\/doubletakedecor.com\/uploads\/2025\/08\/wraparound-porch-ideas-dtd-07-560x840.jpg 560w, https:\/\/doubletakedecor.com\/uploads\/2025\/08\/wraparound-porch-ideas-dtd-07-480x720.jpg 480w\" sizes=\"auto, (max-width: 700px) 100vw, 700px\" \/><\/p>\n<p>Pou\u017ei bielu fas\u00e1du so zelen\u00fdmi okenicami pre nad\u010dasov\u00fd vzh\u013ead. Veranda dookola zv\u00fdrazn\u00ed dom bielymi z\u00e1bradliami a \u00fatuln\u00fdmi dreven\u00fdmi dverami. Pridaj k\u013eukat\u00fd chodn\u00edk z kamenn\u00fdch kociek, ktor\u00fd povedie a\u017e k vstupu a or\u00e1muj verandu upravenou zele\u0148ou, aby cel\u00fd priestor p\u00f4sobil poz\u00fdvavo a jednotne.<\/p>\n<h2>Klasick\u00fd tehlov\u00fd dom s obvodovou verandou<\/h2>\n<p><img loading=\"lazy\" decoding=\"async\" width=\"700\" height=\"1050\" alt=\"Elegantn\u00fd viacposchodov\u00fd tehlov\u00fd dom so zelen\u00fdmi detailmi, priestrannou verandou a upravenou z\u00e1hradou s k\u013eukat\u00fdm chodn\u00edkom.\" class=\"aligncenter size-full wp-image-5859\" src=\"https:\/\/doubletakedecor.com\/uploads\/2025\/08\/wraparound-porch-ideas-dtd-08.jpg\" srcset=\"https:\/\/doubletakedecor.com\/uploads\/2025\/08\/wraparound-porch-ideas-dtd-08.jpg 700w, https:\/\/doubletakedecor.com\/uploads\/2025\/08\/wraparound-porch-ideas-dtd-08-200x300.jpg 200w, https:\/\/doubletakedecor.com\/uploads\/2025\/08\/wraparound-porch-ideas-dtd-08-683x1024.jpg 683w, https:\/\/doubletakedecor.com\/uploads\/2025\/08\/wraparound-porch-ideas-dtd-08-96x144.jpg 96w, https:\/\/doubletakedecor.com\/uploads\/2025\/08\/wraparound-porch-ideas-dtd-08-280x420.jpg 280w, https:\/\/doubletakedecor.com\/uploads\/2025\/08\/wraparound-porch-ideas-dtd-08-320x480.jpg 320w, https:\/\/doubletakedecor.com\/uploads\/2025\/08\/wraparound-porch-ideas-dtd-08-360x540.jpg 360w, https:\/\/doubletakedecor.com\/uploads\/2025\/08\/wraparound-porch-ideas-dtd-08-363x545.jpg 363w, https:\/\/doubletakedecor.com\/uploads\/2025\/08\/wraparound-porch-ideas-dtd-08-370x555.jpg 370w, https:\/\/doubletakedecor.com\/uploads\/2025\/08\/wraparound-porch-ideas-dtd-08-400x600.jpg 400w, https:\/\/doubletakedecor.com\/uploads\/2025\/08\/wraparound-porch-ideas-dtd-08-560x840.jpg 560w, https:\/\/doubletakedecor.com\/uploads\/2025\/08\/wraparound-porch-ideas-dtd-08-480x720.jpg 480w\" sizes=\"auto, (max-width: 700px) 100vw, 700px\" \/><\/p>\n<p>Skombinuj \u010derven\u00fa tehlu s kontrastn\u00fdmi zelen\u00fdmi detailmi na verande pre nad\u010dasov\u00fd \u0161t\u00fdl. Vstup zv\u00fdrazn\u00ed k\u013eukat\u00fd chodn\u00edk, lemovan\u00fd upravenou z\u00e1hradou, ktor\u00fd vedie poh\u013ead priamo na verandu. Umiestni pohodln\u00e9 sedenie tak, aby si si mohol vychutna\u0165 v\u00fdh\u013ead na z\u00e1hradu a veranda sa stala srdcom domu.<\/p>\n<h2>Modern\u00e1 terasa so \u0161t\u00fdlov\u00fdm seden\u00edm<\/h2>\n<p><img loading=\"lazy\" decoding=\"async\" width=\"700\" height=\"1050\" alt=\"\u0160t\u00fdlov\u00e1 terasa dookola domu s bielymi pohovkami, stol\u00edkom a kvetmi v \u010drepn\u00edkoch pod tienidlom.\" class=\"aligncenter size-full wp-image-5865\" src=\"https:\/\/doubletakedecor.com\/uploads\/2025\/08\/wraparound-porch-ideas-dtd-09.jpg\" srcset=\"https:\/\/doubletakedecor.com\/uploads\/2025\/08\/wraparound-porch-ideas-dtd-09.jpg 700w, https:\/\/doubletakedecor.com\/uploads\/2025\/08\/wraparound-porch-ideas-dtd-09-200x300.jpg 200w, https:\/\/doubletakedecor.com\/uploads\/2025\/08\/wraparound-porch-ideas-dtd-09-683x1024.jpg 683w, https:\/\/doubletakedecor.com\/uploads\/2025\/08\/wraparound-porch-ideas-dtd-09-96x144.jpg 96w, https:\/\/doubletakedecor.com\/uploads\/2025\/08\/wraparound-porch-ideas-dtd-09-280x420.jpg 280w, https:\/\/doubletakedecor.com\/uploads\/2025\/08\/wraparound-porch-ideas-dtd-09-320x480.jpg 320w, https:\/\/doubletakedecor.com\/uploads\/2025\/08\/wraparound-porch-ideas-dtd-09-360x540.jpg 360w, https:\/\/doubletakedecor.com\/uploads\/2025\/08\/wraparound-porch-ideas-dtd-09-363x545.jpg 363w, https:\/\/doubletakedecor.com\/uploads\/2025\/08\/wraparound-porch-ideas-dtd-09-370x555.jpg 370w, https:\/\/doubletakedecor.com\/uploads\/2025\/08\/wraparound-porch-ideas-dtd-09-400x600.jpg 400w, https:\/\/doubletakedecor.com\/uploads\/2025\/08\/wraparound-porch-ideas-dtd-09-560x840.jpg 560w, https:\/\/doubletakedecor.com\/uploads\/2025\/08\/wraparound-porch-ideas-dtd-09-480x720.jpg 480w\" sizes=\"auto, (max-width: 700px) 100vw, 700px\" \/><\/p>\n<p>Vytvor si modern\u00fd exteri\u00e9rov\u00fd priestor s pohodln\u00fdmi pohovkami s m\u00e4kk\u00fdmi vank\u00fa\u0161mi a elegantn\u00fdm stol\u00edkom v strede. Rozmiestni \u010drepn\u00edky s bohatou zele\u0148ou \u010di kvitn\u00facimi rastlinami pre prirodzen\u00e9 o\u017eivenie. In\u0161taluj tienidlo, ktor\u00e9 poskytne pr\u00edjemn\u00fd tie\u0148 po\u010das hor\u00facich dn\u00ed, a ponechaj priestor vzdu\u0161n\u00fd. Tento dizajn premen\u00ed verandu na reprezentat\u00edvne miesto na stret\u00e1vanie.<\/p>\n<h2>Klasick\u00fd dvojposchodov\u00fd dom so zastre\u0161enou verandou<\/h2>\n<p><img loading=\"lazy\" decoding=\"async\" width=\"700\" height=\"1050\" alt=\"Dvojposchodov\u00fd \u017elt\u00fd dom s bielym lemovan\u00edm, pr\u00edvetivou verandou, kvetinov\u00fdmi z\u00e1honmi a bohatou zele\u0148ou.\" class=\"aligncenter size-full wp-image-5871\" src=\"https:\/\/doubletakedecor.com\/uploads\/2025\/08\/wraparound-porch-ideas-dtd-10.jpg\" srcset=\"https:\/\/doubletakedecor.com\/uploads\/2025\/08\/wraparound-porch-ideas-dtd-10.jpg 700w, https:\/\/doubletakedecor.com\/uploads\/2025\/08\/wraparound-porch-ideas-dtd-10-200x300.jpg 200w, https:\/\/doubletakedecor.com\/uploads\/2025\/08\/wraparound-porch-ideas-dtd-10-683x1024.jpg 683w, https:\/\/doubletakedecor.com\/uploads\/2025\/08\/wraparound-porch-ideas-dtd-10-96x144.jpg 96w, https:\/\/doubletakedecor.com\/uploads\/2025\/08\/wraparound-porch-ideas-dtd-10-280x420.jpg 280w, https:\/\/doubletakedecor.com\/uploads\/2025\/08\/wraparound-porch-ideas-dtd-10-320x480.jpg 320w, https:\/\/doubletakedecor.com\/uploads\/2025\/08\/wraparound-porch-ideas-dtd-10-360x540.jpg 360w, https:\/\/doubletakedecor.com\/uploads\/2025\/08\/wraparound-porch-ideas-dtd-10-363x545.jpg 363w, https:\/\/doubletakedecor.com\/uploads\/2025\/08\/wraparound-porch-ideas-dtd-10-370x555.jpg 370w, https:\/\/doubletakedecor.com\/uploads\/2025\/08\/wraparound-porch-ideas-dtd-10-400x600.jpg 400w, https:\/\/doubletakedecor.com\/uploads\/2025\/08\/wraparound-porch-ideas-dtd-10-560x840.jpg 560w, https:\/\/doubletakedecor.com\/uploads\/2025\/08\/wraparound-porch-ideas-dtd-10-480x720.jpg 480w\" sizes=\"auto, (max-width: 700px) 100vw, 700px\" \/><\/p>\n<p>Or\u00e1muj dom klasickou ve\u013ekou verandou, ktor\u00e1 siaha cez cel\u00fa fas\u00e1du. Biele z\u00e1bradlia kontrastuj\u00fa so svetlou farbou domu a vytv\u00e1raj\u00fa pr\u00edvetiv\u00fd vstup. Na schody umiestni kvetinov\u00e9 z\u00e1hony po oboch stran\u00e1ch pre sez\u00f3nnu pestros\u0165. Zastre\u0161en\u00e1 veranda poskytne tie\u0148, ochranu aj priestor na detaily ako dreven\u00e9 ozdoby.<\/p>\n<h2>Tradi\u010dn\u00fd biely dom s elegantnou verandou<\/h2>\n<p><img loading=\"lazy\" decoding=\"async\" width=\"700\" height=\"1050\" alt=\"O\u010daruj\u00faci dvojposchodov\u00fd biely dom s tradi\u010dnou verandou so \u0161t\u00fdlov\u00fdmi bielymi z\u00e1bradliami, z\u00e1vesn\u00fdmi kvetmi a udr\u017eiavan\u00fdm tr\u00e1vnikom.\" class=\"aligncenter size-full wp-image-5877\" src=\"https:\/\/doubletakedecor.com\/uploads\/2025\/08\/wraparound-porch-ideas-dtd-11.jpg\" srcset=\"https:\/\/doubletakedecor.com\/uploads\/2025\/08\/wraparound-porch-ideas-dtd-11.jpg 700w, https:\/\/doubletakedecor.com\/uploads\/2025\/08\/wraparound-porch-ideas-dtd-11-200x300.jpg 200w, https:\/\/doubletakedecor.com\/uploads\/2025\/08\/wraparound-porch-ideas-dtd-11-683x1024.jpg 683w, https:\/\/doubletakedecor.com\/uploads\/2025\/08\/wraparound-porch-ideas-dtd-11-96x144.jpg 96w, https:\/\/doubletakedecor.com\/uploads\/2025\/08\/wraparound-porch-ideas-dtd-11-280x420.jpg 280w, https:\/\/doubletakedecor.com\/uploads\/2025\/08\/wraparound-porch-ideas-dtd-11-320x480.jpg 320w, https:\/\/doubletakedecor.com\/uploads\/2025\/08\/wraparound-porch-ideas-dtd-11-360x540.jpg 360w, https:\/\/doubletakedecor.com\/uploads\/2025\/08\/wraparound-porch-ideas-dtd-11-363x545.jpg 363w, https:\/\/doubletakedecor.com\/uploads\/2025\/08\/wraparound-porch-ideas-dtd-11-370x555.jpg 370w, https:\/\/doubletakedecor.com\/uploads\/2025\/08\/wraparound-porch-ideas-dtd-11-400x600.jpg 400w, https:\/\/doubletakedecor.com\/uploads\/2025\/08\/wraparound-porch-ideas-dtd-11-560x840.jpg 560w, https:\/\/doubletakedecor.com\/uploads\/2025\/08\/wraparound-porch-ideas-dtd-11-480x720.jpg 480w\" sizes=\"auto, (max-width: 700px) 100vw, 700px\" \/><\/p>\n<p>Pr\u00edjemn\u00fa atmosf\u00e9ru dosiahne\u0161 ozdobn\u00fdmi konzolami a elegantn\u00fdmi bielymi z\u00e1bradliami po celej verande. Zaveste z\u00e1vesn\u00e9 kvetin\u00e1\u010de pre pestr\u00e9 o\u017eivenie a vytvor k vstupu jednoduch\u00fd \u0161trkov\u00fd chodn\u00edk. Udr\u017eiavan\u00fd tr\u00e1vnik pod\u010diarkne nad\u010dasov\u00fd vzh\u013ead domu aj verandy.<\/p>\n<h2>Modern\u00fd vidiecky dom s obvodovou verandou<\/h2>\n<p><img loading=\"lazy\" decoding=\"async\" width=\"700\" height=\"1050\" alt=\"Elegantn\u00fd biely dom s kovovou strechou, dreven\u00fdmi dvojkr\u00eddlov\u00fdmi dverami a verandou so starostlivo upravenou zele\u0148ou.\" class=\"aligncenter size-full wp-image-5883\" src=\"https:\/\/doubletakedecor.com\/uploads\/2025\/08\/wraparound-porch-ideas-dtd-12.jpg\" srcset=\"https:\/\/doubletakedecor.com\/uploads\/2025\/08\/wraparound-porch-ideas-dtd-12.jpg 700w, https:\/\/doubletakedecor.com\/uploads\/2025\/08\/wraparound-porch-ideas-dtd-12-200x300.jpg 200w, https:\/\/doubletakedecor.com\/uploads\/2025\/08\/wraparound-porch-ideas-dtd-12-683x1024.jpg 683w, https:\/\/doubletakedecor.com\/uploads\/2025\/08\/wraparound-porch-ideas-dtd-12-96x144.jpg 96w, https:\/\/doubletakedecor.com\/uploads\/2025\/08\/wraparound-porch-ideas-dtd-12-280x420.jpg 280w, https:\/\/doubletakedecor.com\/uploads\/2025\/08\/wraparound-porch-ideas-dtd-12-320x480.jpg 320w, https:\/\/doubletakedecor.com\/uploads\/2025\/08\/wraparound-porch-ideas-dtd-12-360x540.jpg 360w, https:\/\/doubletakedecor.com\/uploads\/2025\/08\/wraparound-porch-ideas-dtd-12-363x545.jpg 363w, https:\/\/doubletakedecor.com\/uploads\/2025\/08\/wraparound-porch-ideas-dtd-12-370x555.jpg 370w, https:\/\/doubletakedecor.com\/uploads\/2025\/08\/wraparound-porch-ideas-dtd-12-400x600.jpg 400w, https:\/\/doubletakedecor.com\/uploads\/2025\/08\/wraparound-porch-ideas-dtd-12-560x840.jpg 560w, https:\/\/doubletakedecor.com\/uploads\/2025\/08\/wraparound-porch-ideas-dtd-12-480x720.jpg 480w\" sizes=\"auto, (max-width: 700px) 100vw, 700px\" \/><\/p>\n<p>Vyv\u00e1\u017een\u00fd vzh\u013ead dosiahne\u0161 kombin\u00e1ciou kovovej strechy, bielej fas\u00e1dy a tmav\u00fdch detailov. Verandu zv\u00fdraznia dreven\u00e9 dvojkr\u00eddlov\u00e9 dvere a ve\u013ek\u00e9 okn\u00e1 prep\u00fa\u0161\u0165aj\u00face dostatok denn\u00e9ho svetla. Vys\u00e1dzaj symetrick\u00fa zele\u0148, upraven\u00e9 kr\u00edky a tienist\u00e9 stromy. Tento \u0161t\u00fdl kombinuje modern\u00e9 l\u00ednie s nad\u010dasovou obd\u013a\u017enikovou \u00fatulnos\u0165ou vidieckeho domu.<\/p>\n<h2>Ve\u013ekolep\u00fd dvojpodla\u017en\u00fd dom s verandou<\/h2>\n<p><img loading=\"lazy\" decoding=\"async\" width=\"700\" height=\"1049\" alt=\"Priestrann\u00fd dvojpodla\u017en\u00fd dom s bielymi st\u013apmi, ktor\u00e9 podopieraj\u00fa kr\u00e1snu verandu okolo domu, zasaden\u00fd do bujnej zelene\" class=\"aligncenter size-full wp-image-5889\" src=\"https:\/\/doubletakedecor.com\/uploads\/2025\/08\/wraparound-porch-ideas-dtd-13.jpg\" srcset=\"https:\/\/doubletakedecor.com\/uploads\/2025\/08\/wraparound-porch-ideas-dtd-13.jpg 700w, https:\/\/doubletakedecor.com\/uploads\/2025\/08\/wraparound-porch-ideas-dtd-13-200x300.jpg 200w, https:\/\/doubletakedecor.com\/uploads\/2025\/08\/wraparound-porch-ideas-dtd-13-683x1024.jpg 683w, https:\/\/doubletakedecor.com\/uploads\/2025\/08\/wraparound-porch-ideas-dtd-13-96x144.jpg 96w, https:\/\/doubletakedecor.com\/uploads\/2025\/08\/wraparound-porch-ideas-dtd-13-280x420.jpg 280w, https:\/\/doubletakedecor.com\/uploads\/2025\/08\/wraparound-porch-ideas-dtd-13-320x480.jpg 320w, https:\/\/doubletakedecor.com\/uploads\/2025\/08\/wraparound-porch-ideas-dtd-13-360x539.jpg 360w, https:\/\/doubletakedecor.com\/uploads\/2025\/08\/wraparound-porch-ideas-dtd-13-363x544.jpg 363w, https:\/\/doubletakedecor.com\/uploads\/2025\/08\/wraparound-porch-ideas-dtd-13-370x554.jpg 370w, https:\/\/doubletakedecor.com\/uploads\/2025\/08\/wraparound-porch-ideas-dtd-13-400x599.jpg 400w, https:\/\/doubletakedecor.com\/uploads\/2025\/08\/wraparound-porch-ideas-dtd-13-560x839.jpg 560w, https:\/\/doubletakedecor.com\/uploads\/2025\/08\/wraparound-porch-ideas-dtd-13-480x719.jpg 480w\" sizes=\"auto, (max-width: 700px) 100vw, 700px\" \/><\/p>\n<p>Vytvor na svojej verande pr\u00edjemn\u00e9 miesto s elegantn\u00fdmi bielymi st\u013apmi, ktor\u00e9 kr\u00e1sne ladia so svetl\u00fdmi obkladmi domu. Ak chce\u0161, z\u00e1klady domu oblo\u017e kame\u0148om \u2013 z\u00edsk\u00e1\u0161 tak nad\u010dasov\u00fd vzh\u013ead a ochranu pred po\u010das\u00edm. Rozmiestni pohodln\u00e9 sedenie tak, aby si mohol obdivova\u0165 upraven\u00fa z\u00e1hradu, a dopraj verande dostato\u010dn\u00fa \u0161\u00edrku pre svoje ob\u013e\u00faben\u00e9 stoli\u010dky a st\u00f4l.<\/p>\n<h2>Elegancia kame\u0148a a zelen\u00fdch obkladov<\/h2>\n<p><img loading=\"lazy\" decoding=\"async\" width=\"700\" height=\"1050\" alt=\"Ve\u013ek\u00fd viacpodla\u017en\u00fd dom s kamenn\u00fdmi a zelen\u00fdmi stenami, verandou okolo domu a n\u00e1dhern\u00fdm tr\u00e1vnikom so vzormi\" class=\"aligncenter size-full wp-image-5895\" src=\"https:\/\/doubletakedecor.com\/uploads\/2025\/08\/wraparound-porch-ideas-dtd-14.jpg\" srcset=\"https:\/\/doubletakedecor.com\/uploads\/2025\/08\/wraparound-porch-ideas-dtd-14.jpg 700w, https:\/\/doubletakedecor.com\/uploads\/2025\/08\/wraparound-porch-ideas-dtd-14-200x300.jpg 200w, https:\/\/doubletakedecor.com\/uploads\/2025\/08\/wraparound-porch-ideas-dtd-14-683x1024.jpg 683w, https:\/\/doubletakedecor.com\/uploads\/2025\/08\/wraparound-porch-ideas-dtd-14-96x144.jpg 96w, https:\/\/doubletakedecor.com\/uploads\/2025\/08\/wraparound-porch-ideas-dtd-14-280x420.jpg 280w, https:\/\/doubletakedecor.com\/uploads\/2025\/08\/wraparound-porch-ideas-dtd-14-320x480.jpg 320w, https:\/\/doubletakedecor.com\/uploads\/2025\/08\/wraparound-porch-ideas-dtd-14-360x540.jpg 360w, https:\/\/doubletakedecor.com\/uploads\/2025\/08\/wraparound-porch-ideas-dtd-14-363x545.jpg 363w, https:\/\/doubletakedecor.com\/uploads\/2025\/08\/wraparound-porch-ideas-dtd-14-370x555.jpg 370w, https:\/\/doubletakedecor.com\/uploads\/2025\/08\/wraparound-porch-ideas-dtd-14-400x600.jpg 400w, https:\/\/doubletakedecor.com\/uploads\/2025\/08\/wraparound-porch-ideas-dtd-14-560x840.jpg 560w, https:\/\/doubletakedecor.com\/uploads\/2025\/08\/wraparound-porch-ideas-dtd-14-480x720.jpg 480w\" sizes=\"auto, (max-width: 700px) 100vw, 700px\" \/><\/p>\n<p>Spojen\u00edm kame\u0148a a zelen\u00fdch obkladov vytvor\u00ed\u0161 na verande dramatick\u00fd, ale pr\u00edvetiv\u00fd \u0161t\u00fdl. Nain\u0161taluj ve\u013ek\u00e9 okn\u00e1, aby si vyu\u017eil \u010do najviac denn\u00e9ho svetla a zachoval pekn\u00fa architekt\u00faru domu. Vysk\u00fa\u0161aj zato\u010den\u00e9 chodn\u00edky a premyslen\u00e9 z\u00e1hony, ktor\u00e9 prived\u00fa n\u00e1v\u0161tevn\u00edkov priamo k vchodu. Tr\u00e1vnik pokosen\u00fd do p\u00e1sov dod\u00e1 domu elegantn\u00fd vzh\u013ead a zaujme na prv\u00fd poh\u013ead.<\/p>\n<h2>Elegantn\u00fd dom na svahu s l\u00e1kavou verandou<\/h2>\n<p><img loading=\"lazy\" decoding=\"async\" width=\"700\" height=\"1050\" alt=\"Viacposchodov\u00fd dom s verandou okolo cel\u00e9ho domu a bielymi kreslami Adirondack na tr\u00e1vniku obklopenom farebn\u00fdmi kvetmi\" class=\"aligncenter size-full wp-image-5901\" src=\"https:\/\/doubletakedecor.com\/uploads\/2025\/08\/wraparound-porch-ideas-dtd-15.jpg\" srcset=\"https:\/\/doubletakedecor.com\/uploads\/2025\/08\/wraparound-porch-ideas-dtd-15.jpg 700w, https:\/\/doubletakedecor.com\/uploads\/2025\/08\/wraparound-porch-ideas-dtd-15-200x300.jpg 200w, https:\/\/doubletakedecor.com\/uploads\/2025\/08\/wraparound-porch-ideas-dtd-15-683x1024.jpg 683w, https:\/\/doubletakedecor.com\/uploads\/2025\/08\/wraparound-porch-ideas-dtd-15-96x144.jpg 96w, https:\/\/doubletakedecor.com\/uploads\/2025\/08\/wraparound-porch-ideas-dtd-15-280x420.jpg 280w, https:\/\/doubletakedecor.com\/uploads\/2025\/08\/wraparound-porch-ideas-dtd-15-320x480.jpg 320w, https:\/\/doubletakedecor.com\/uploads\/2025\/08\/wraparound-porch-ideas-dtd-15-360x540.jpg 360w, https:\/\/doubletakedecor.com\/uploads\/2025\/08\/wraparound-porch-ideas-dtd-15-363x545.jpg 363w, https:\/\/doubletakedecor.com\/uploads\/2025\/08\/wraparound-porch-ideas-dtd-15-370x555.jpg 370w, https:\/\/doubletakedecor.com\/uploads\/2025\/08\/wraparound-porch-ideas-dtd-15-400x600.jpg 400w, https:\/\/doubletakedecor.com\/uploads\/2025\/08\/wraparound-porch-ideas-dtd-15-560x840.jpg 560w, https:\/\/doubletakedecor.com\/uploads\/2025\/08\/wraparound-porch-ideas-dtd-15-480x720.jpg 480w\" sizes=\"auto, (max-width: 700px) 100vw, 700px\" \/><\/p>\n<p>Vytvor si vonkaj\u0161\u00ed ob\u00fdva\u010dkov\u00fd priestor tak, \u017ee postav\u00ed\u0161 pohodln\u00e9 Adirondack stoli\u010dky na tr\u00e1vnik ved\u013ea verandy. Priestoru pridaj \u017eiv\u00e9 farby v\u010faka kvetinov\u00fdm z\u00e1honom a olemuj ich pr\u00edrodn\u00fdm kame\u0148om. Takto si m\u00f4\u017ee\u0161 posedie\u0165 bl\u00edzko domu a st\u00e1le ma\u0165 spojenie s jeho kr\u00e1snou architekt\u00farou.<\/p>\n<h2>Elegantn\u00e9 \u010dierno-biele sedenie na verande<\/h2>\n<p><img loading=\"lazy\" decoding=\"async\" width=\"700\" height=\"1050\" alt=\"Pr\u00edjemn\u00e1 veranda dookola domu s drevenou podlahou, bielym z\u00e1bradl\u00edm, pr\u00faten\u00fdmi seda\u010dkami s m\u00e4kk\u00fdmi vank\u00fa\u0161mi a \u010diernymi zavesen\u00fdmi lamp\u00e1\u0161mi.\" class=\"aligncenter size-full wp-image-5907\" src=\"https:\/\/doubletakedecor.com\/uploads\/2025\/08\/wraparound-porch-ideas-dtd-16.jpg\" srcset=\"https:\/\/doubletakedecor.com\/uploads\/2025\/08\/wraparound-porch-ideas-dtd-16.jpg 700w, https:\/\/doubletakedecor.com\/uploads\/2025\/08\/wraparound-porch-ideas-dtd-16-200x300.jpg 200w, https:\/\/doubletakedecor.com\/uploads\/2025\/08\/wraparound-porch-ideas-dtd-16-683x1024.jpg 683w, https:\/\/doubletakedecor.com\/uploads\/2025\/08\/wraparound-porch-ideas-dtd-16-96x144.jpg 96w, https:\/\/doubletakedecor.com\/uploads\/2025\/08\/wraparound-porch-ideas-dtd-16-280x420.jpg 280w, https:\/\/doubletakedecor.com\/uploads\/2025\/08\/wraparound-porch-ideas-dtd-16-320x480.jpg 320w, https:\/\/doubletakedecor.com\/uploads\/2025\/08\/wraparound-porch-ideas-dtd-16-360x540.jpg 360w, https:\/\/doubletakedecor.com\/uploads\/2025\/08\/wraparound-porch-ideas-dtd-16-363x545.jpg 363w, https:\/\/doubletakedecor.com\/uploads\/2025\/08\/wraparound-porch-ideas-dtd-16-370x555.jpg 370w, https:\/\/doubletakedecor.com\/uploads\/2025\/08\/wraparound-porch-ideas-dtd-16-400x600.jpg 400w, https:\/\/doubletakedecor.com\/uploads\/2025\/08\/wraparound-porch-ideas-dtd-16-560x840.jpg 560w, https:\/\/doubletakedecor.com\/uploads\/2025\/08\/wraparound-porch-ideas-dtd-16-480x720.jpg 480w\" sizes=\"auto, (max-width: 700px) 100vw, 700px\" \/><\/p>\n<p>Vytvor si nad\u010dasov\u00fd vonkaj\u0161\u00ed priestor, ak skombinuje\u0161 \u010dierny pr\u00faten\u00fd n\u00e1bytok s bielymi vank\u00fa\u0161mi a vzorovan\u00fdmi podu\u0161kami. Pre letn\u00e9 hor\u00fa\u010davy namontuj stropn\u00fd ventil\u00e1tor a zaves na stenu lamp\u00e1\u0161e, ktor\u00e9 pridaj\u00fa atmosf\u00e9ru. Kvetin\u00e1\u010de rozmiestni po celej verande \u2013 o\u017eivia \u010dierno-biely vzh\u013ead a prines\u00fa do priestoru trochu pr\u00edrody.<\/p>\n<h2>Viktori\u00e1nsky \u0161arm s \u010dervenou fas\u00e1dou<\/h2>\n<p><img loading=\"lazy\" decoding=\"async\" width=\"700\" height=\"1050\" alt=\"N\u00e1dhern\u00fd dom v viktori\u00e1nskom \u0161t\u00fdle s \u010derven\u00fdm obkladom, bielymi r\u00e1mami okien a pr\u00edjemnou verandou so \u0161t\u00fdlov\u00fdmi st\u013apmi.\" class=\"aligncenter size-full wp-image-5913\" src=\"https:\/\/doubletakedecor.com\/uploads\/2025\/08\/wraparound-porch-ideas-dtd-17.jpg\" srcset=\"https:\/\/doubletakedecor.com\/uploads\/2025\/08\/wraparound-porch-ideas-dtd-17.jpg 700w, https:\/\/doubletakedecor.com\/uploads\/2025\/08\/wraparound-porch-ideas-dtd-17-200x300.jpg 200w, https:\/\/doubletakedecor.com\/uploads\/2025\/08\/wraparound-porch-ideas-dtd-17-683x1024.jpg 683w, https:\/\/doubletakedecor.com\/uploads\/2025\/08\/wraparound-porch-ideas-dtd-17-96x144.jpg 96w, https:\/\/doubletakedecor.com\/uploads\/2025\/08\/wraparound-porch-ideas-dtd-17-280x420.jpg 280w, https:\/\/doubletakedecor.com\/uploads\/2025\/08\/wraparound-porch-ideas-dtd-17-320x480.jpg 320w, https:\/\/doubletakedecor.com\/uploads\/2025\/08\/wraparound-porch-ideas-dtd-17-360x540.jpg 360w, https:\/\/doubletakedecor.com\/uploads\/2025\/08\/wraparound-porch-ideas-dtd-17-363x545.jpg 363w, https:\/\/doubletakedecor.com\/uploads\/2025\/08\/wraparound-porch-ideas-dtd-17-370x555.jpg 370w, https:\/\/doubletakedecor.com\/uploads\/2025\/08\/wraparound-porch-ideas-dtd-17-400x600.jpg 400w, https:\/\/doubletakedecor.com\/uploads\/2025\/08\/wraparound-porch-ideas-dtd-17-560x840.jpg 560w, https:\/\/doubletakedecor.com\/uploads\/2025\/08\/wraparound-porch-ideas-dtd-17-480x720.jpg 480w\" sizes=\"auto, (max-width: 700px) 100vw, 700px\" \/><\/p>\n<p>Pod\u010diarkni kr\u00e1su svojej verandy viktori\u00e1nskymi detailmi, napr\u00edklad bielymi st\u013apmi a zdoben\u00fdm z\u00e1bradl\u00edm. Pre kontrast pou\u017ei \u017eiarivo \u010derven\u00fa fas\u00e1du s bielymi okrajmi \u2013 zv\u00fdrazn\u00ed\u0161 v\u0161etky pekn\u00e9 detaily domu. Bohato zdoben\u00e9 \u010dasti dola\u010f jednoduchou z\u00e1hradou, aby bol vstup vkusn\u00fd a ni\u010d\u00edm nepreplnen\u00fd.<\/p>\n<h2>Modern\u00fd dvojpodla\u017en\u00fd dom<\/h2>\n<p><img loading=\"lazy\" decoding=\"async\" width=\"700\" height=\"1050\" alt=\"S\u00fa\u010dasn\u00fd dvojpodla\u017en\u00fd dom s verandou okolo domu, bielymi stenami, dreven\u00fdmi prvkami a upravenou zele\u0148ou.\" class=\"aligncenter size-full wp-image-5919\" src=\"https:\/\/doubletakedecor.com\/uploads\/2025\/08\/wraparound-porch-ideas-dtd-18.jpg\" srcset=\"https:\/\/doubletakedecor.com\/uploads\/2025\/08\/wraparound-porch-ideas-dtd-18.jpg 700w, https:\/\/doubletakedecor.com\/uploads\/2025\/08\/wraparound-porch-ideas-dtd-18-200x300.jpg 200w, https:\/\/doubletakedecor.com\/uploads\/2025\/08\/wraparound-porch-ideas-dtd-18-683x1024.jpg 683w, https:\/\/doubletakedecor.com\/uploads\/2025\/08\/wraparound-porch-ideas-dtd-18-96x144.jpg 96w, https:\/\/doubletakedecor.com\/uploads\/2025\/08\/wraparound-porch-ideas-dtd-18-280x420.jpg 280w, https:\/\/doubletakedecor.com\/uploads\/2025\/08\/wraparound-porch-ideas-dtd-18-320x480.jpg 320w, https:\/\/doubletakedecor.com\/uploads\/2025\/08\/wraparound-porch-ideas-dtd-18-360x540.jpg 360w, https:\/\/doubletakedecor.com\/uploads\/2025\/08\/wraparound-porch-ideas-dtd-18-363x545.jpg 363w, https:\/\/doubletakedecor.com\/uploads\/2025\/08\/wraparound-porch-ideas-dtd-18-370x555.jpg 370w, https:\/\/doubletakedecor.com\/uploads\/2025\/08\/wraparound-porch-ideas-dtd-18-400x600.jpg 400w, https:\/\/doubletakedecor.com\/uploads\/2025\/08\/wraparound-porch-ideas-dtd-18-560x840.jpg 560w, https:\/\/doubletakedecor.com\/uploads\/2025\/08\/wraparound-porch-ideas-dtd-18-480x720.jpg 480w\" sizes=\"auto, (max-width: 700px) 100vw, 700px\" \/><\/p>\n<p>Na modernej fas\u00e1de kombinuj hladk\u00e9 biele steny s tepl\u00fdm drevom. Dopraj si ve\u013ek\u00e9 okn\u00e1 s dostatkom svetla a k balk\u00f3nom pou\u017ei sklen\u00e9 z\u00e1bradlia, ktor\u00e9 nechaj\u00fa dom p\u00f4sobi\u0165 priestranne. Cestu k vchodu zv\u00fdrazni \u0161irok\u00fdm schodiskom, okolo ktor\u00e9ho vysa\u010f ozdobn\u00e9 tr\u00e1vy a palmy pre tropick\u00fd vzh\u013ead. Ve\u010der roz\u017eiar architektonick\u00e9 prvky jemn\u00fdm vonkaj\u0161\u00edm osvetlen\u00edm.<\/p>\n<h2>Luxusn\u00e1 viac\u00farov\u0148ov\u00e1 veranda s baz\u00e9nom<\/h2>\n<p><img loading=\"lazy\" decoding=\"async\" width=\"700\" height=\"1049\" alt=\"Elegantn\u00fd dom so verandou okolo domu, kamenn\u00fdm a dreven\u00fdm exteri\u00e9rom, st\u013apmi, viac\u00farov\u0148ovou z\u00e1hradou a k\u00fatom pri baz\u00e9ne s le\u017eadlami.\" class=\"aligncenter size-full wp-image-5925\" src=\"https:\/\/doubletakedecor.com\/uploads\/2025\/08\/wraparound-porch-ideas-dtd-19.jpg\" srcset=\"https:\/\/doubletakedecor.com\/uploads\/2025\/08\/wraparound-porch-ideas-dtd-19.jpg 700w, https:\/\/doubletakedecor.com\/uploads\/2025\/08\/wraparound-porch-ideas-dtd-19-200x300.jpg 200w, https:\/\/doubletakedecor.com\/uploads\/2025\/08\/wraparound-porch-ideas-dtd-19-683x1024.jpg 683w, https:\/\/doubletakedecor.com\/uploads\/2025\/08\/wraparound-porch-ideas-dtd-19-96x144.jpg 96w, https:\/\/doubletakedecor.com\/uploads\/2025\/08\/wraparound-porch-ideas-dtd-19-280x420.jpg 280w, https:\/\/doubletakedecor.com\/uploads\/2025\/08\/wraparound-porch-ideas-dtd-19-320x480.jpg 320w, https:\/\/doubletakedecor.com\/uploads\/2025\/08\/wraparound-porch-ideas-dtd-19-360x539.jpg 360w, https:\/\/doubletakedecor.com\/uploads\/2025\/08\/wraparound-porch-ideas-dtd-19-363x544.jpg 363w, https:\/\/doubletakedecor.com\/uploads\/2025\/08\/wraparound-porch-ideas-dtd-19-370x554.jpg 370w, https:\/\/doubletakedecor.com\/uploads\/2025\/08\/wraparound-porch-ideas-dtd-19-400x599.jpg 400w, https:\/\/doubletakedecor.com\/uploads\/2025\/08\/wraparound-porch-ideas-dtd-19-560x839.jpg 560w, https:\/\/doubletakedecor.com\/uploads\/2025\/08\/wraparound-porch-ideas-dtd-19-480x719.jpg 480w\" sizes=\"auto, (max-width: 700px) 100vw, 700px\" \/><\/p>\n<p>Maximalizuj mo\u017enos\u0165 vyu\u017eitia verandy t\u00fdm, \u017ee rozdel\u00ed\u0161 priestor na viac oddychov\u00fdch z\u00f3n. Dla\u017eden\u00e9 kamenn\u00e9 schody pohodne spoja verandu s baz\u00e9nom, kde sa m\u00f4\u017ee\u0161 opa\u013eova\u0165 na leh\u00e1tkach. St\u013apy zachovaj\u00fa eleganciu domova, zatia\u013e \u010do sediace miesta rozmiestni tak, aby si mal s\u00fakromie aj v\u00fdh\u013ead. Bohat\u00e1 zele\u0148 zjemn\u00ed kamenn\u00e9 \u010dasti a v\u0161etko kr\u00e1sne prepoj\u00ed.<\/p>\n<h2>Klasick\u00e1 biela veranda farm\u00e1rskeho domu<\/h2>\n<p><img loading=\"lazy\" decoding=\"async\" width=\"700\" height=\"1050\" alt=\"Dvojpodla\u017en\u00fd biely dom s \u010diernymi okenicami, verandou okolo domu na st\u013apoch a z\u00e1vesn\u00fdmi kvetmi.\" class=\"aligncenter size-full wp-image-5931\" src=\"https:\/\/doubletakedecor.com\/uploads\/2025\/08\/wraparound-porch-ideas-dtd-20.jpg\" srcset=\"https:\/\/doubletakedecor.com\/uploads\/2025\/08\/wraparound-porch-ideas-dtd-20.jpg 700w, https:\/\/doubletakedecor.com\/uploads\/2025\/08\/wraparound-porch-ideas-dtd-20-200x300.jpg 200w, https:\/\/doubletakedecor.com\/uploads\/2025\/08\/wraparound-porch-ideas-dtd-20-683x1024.jpg 683w, https:\/\/doubletakedecor.com\/uploads\/2025\/08\/wraparound-porch-ideas-dtd-20-96x144.jpg 96w, https:\/\/doubletakedecor.com\/uploads\/2025\/08\/wraparound-porch-ideas-dtd-20-280x420.jpg 280w, https:\/\/doubletakedecor.com\/uploads\/2025\/08\/wraparound-porch-ideas-dtd-20-320x480.jpg 320w, https:\/\/doubletakedecor.com\/uploads\/2025\/08\/wraparound-porch-ideas-dtd-20-360x540.jpg 360w, https:\/\/doubletakedecor.com\/uploads\/2025\/08\/wraparound-porch-ideas-dtd-20-363x545.jpg 363w, https:\/\/doubletakedecor.com\/uploads\/2025\/08\/wraparound-porch-ideas-dtd-20-370x555.jpg 370w, https:\/\/doubletakedecor.com\/uploads\/2025\/08\/wraparound-porch-ideas-dtd-20-400x600.jpg 400w, https:\/\/doubletakedecor.com\/uploads\/2025\/08\/wraparound-porch-ideas-dtd-20-560x840.jpg 560w, https:\/\/doubletakedecor.com\/uploads\/2025\/08\/wraparound-porch-ideas-dtd-20-480x720.jpg 480w\" sizes=\"auto, (max-width: 700px) 100vw, 700px\" \/><\/p>\n<p>Tento nad\u010dasov\u00fd vzh\u013ead dosiahne\u0161 kombin\u00e1ciou bieleho obkladu a \u010diernych oken\u00edc. Verandu podopri pevn\u00fdmi st\u013apmi, ktor\u00e9 dodaj\u00fa domu zauj\u00edmav\u00fd \u0161t\u00fdl. Medzi jednotliv\u00e9 st\u013apy zaveste kvitn\u00face \u010drepn\u00edky \u2013 bud\u00fa meni\u0165 farby v z\u00e1vislosti od ro\u010dn\u00e9ho obdobia. Pr\u00edstup k verande zv\u00fdrazni symetrick\u00fdmi z\u00e1honmi a upraven\u00fdmi kr\u00edkmi.<\/p>\n<h2>Viktori\u00e1nsky \u0161arm s jesenn\u00fdmi doplnkami<\/h2>\n<p><img loading=\"lazy\" decoding=\"async\" width=\"700\" height=\"1050\" alt=\"Viktori\u00e1nsky dom so zdobenou verandou obklopen\u00fd \u017eiariv\u00fdm jesenn\u00fdm l\u00edst\u00edm a farebn\u00fdmi \u010drepn\u00edkmi s kvetmi\" class=\"aligncenter size-full wp-image-5937\" src=\"https:\/\/doubletakedecor.com\/uploads\/2025\/08\/wraparound-porch-ideas-dtd-21.jpg\" srcset=\"https:\/\/doubletakedecor.com\/uploads\/2025\/08\/wraparound-porch-ideas-dtd-21.jpg 700w, https:\/\/doubletakedecor.com\/uploads\/2025\/08\/wraparound-porch-ideas-dtd-21-200x300.jpg 200w, https:\/\/doubletakedecor.com\/uploads\/2025\/08\/wraparound-porch-ideas-dtd-21-683x1024.jpg 683w, https:\/\/doubletakedecor.com\/uploads\/2025\/08\/wraparound-porch-ideas-dtd-21-96x144.jpg 96w, https:\/\/doubletakedecor.com\/uploads\/2025\/08\/wraparound-porch-ideas-dtd-21-280x420.jpg 280w, https:\/\/doubletakedecor.com\/uploads\/2025\/08\/wraparound-porch-ideas-dtd-21-320x480.jpg 320w, https:\/\/doubletakedecor.com\/uploads\/2025\/08\/wraparound-porch-ideas-dtd-21-360x540.jpg 360w, https:\/\/doubletakedecor.com\/uploads\/2025\/08\/wraparound-porch-ideas-dtd-21-363x545.jpg 363w, https:\/\/doubletakedecor.com\/uploads\/2025\/08\/wraparound-porch-ideas-dtd-21-370x555.jpg 370w, https:\/\/doubletakedecor.com\/uploads\/2025\/08\/wraparound-porch-ideas-dtd-21-400x600.jpg 400w, https:\/\/doubletakedecor.com\/uploads\/2025\/08\/wraparound-porch-ideas-dtd-21-560x840.jpg 560w, https:\/\/doubletakedecor.com\/uploads\/2025\/08\/wraparound-porch-ideas-dtd-21-480x720.jpg 480w\" sizes=\"auto, (max-width: 700px) 100vw, 700px\" \/><\/p>\n<p>Verandu osvie\u017e na jese\u0148 \u010drepn\u00edkmi s kvitn\u00facimi rastlinami, ktor\u00e9 pekne vynikn\u00fa popri farebnom l\u00edst\u00ed. Nechaj trochu listov prirodzene zost\u00fapi\u0165 na schody \u2013 dodaj\u00fa miestu pohodov\u00fa sez\u00f3nnu atmosf\u00e9ru. Okolo vysa\u010f ozdobn\u00e9 tr\u00e1vy a pestrofarebn\u00e9 kr\u00ed\u010dky, ktor\u00e9 or\u00e1muj\u00fa cel\u00fd priestor. T\u00fdm vytvor\u00ed\u0161 pr\u00edvetiv\u00fd prechod medzi predz\u00e1hradkou a vchodom do domu.<\/p>\n<h2>Klasick\u00fd biely dom s kamenn\u00fdmi prvkami<\/h2>\n<p><img loading=\"lazy\" decoding=\"async\" width=\"700\" height=\"1050\" alt=\"S\u00fa\u010dasn\u00fd dom s bielym obkladom, kamenn\u00fdm detailom, verandou na st\u013apoch okolo domu a vkusne upraven\u00fdm chodn\u00edkom k dreven\u00fdm dvojit\u00fdm dver\u00e1m.\" class=\"aligncenter size-full wp-image-5943\" src=\"https:\/\/doubletakedecor.com\/uploads\/2025\/08\/wraparound-porch-ideas-dtd-22.jpg\" srcset=\"https:\/\/doubletakedecor.com\/uploads\/2025\/08\/wraparound-porch-ideas-dtd-22.jpg 700w, https:\/\/doubletakedecor.com\/uploads\/2025\/08\/wraparound-porch-ideas-dtd-22-200x300.jpg 200w, https:\/\/doubletakedecor.com\/uploads\/2025\/08\/wraparound-porch-ideas-dtd-22-683x1024.jpg 683w, https:\/\/doubletakedecor.com\/uploads\/2025\/08\/wraparound-porch-ideas-dtd-22-96x144.jpg 96w, https:\/\/doubletakedecor.com\/uploads\/2025\/08\/wraparound-porch-ideas-dtd-22-280x420.jpg 280w, https:\/\/doubletakedecor.com\/uploads\/2025\/08\/wraparound-porch-ideas-dtd-22-320x480.jpg 320w, https:\/\/doubletakedecor.com\/uploads\/2025\/08\/wraparound-porch-ideas-dtd-22-360x540.jpg 360w, https:\/\/doubletakedecor.com\/uploads\/2025\/08\/wraparound-porch-ideas-dtd-22-363x545.jpg 363w, https:\/\/doubletakedecor.com\/uploads\/2025\/08\/wraparound-porch-ideas-dtd-22-370x555.jpg 370w, https:\/\/doubletakedecor.com\/uploads\/2025\/08\/wraparound-porch-ideas-dtd-22-400x600.jpg 400w, https:\/\/doubletakedecor.com\/uploads\/2025\/08\/wraparound-porch-ideas-dtd-22-560x840.jpg 560w, https:\/\/doubletakedecor.com\/uploads\/2025\/08\/wraparound-porch-ideas-dtd-22-480x720.jpg 480w\" sizes=\"auto, (max-width: 700px) 100vw, 700px\" \/><\/p>\n<p>Dosiahni elegantn\u00fa a pritom pr\u00edvetiv\u00fa fas\u00e1du kombin\u00e1ciou bielych stien a kamenn\u00fdch detailov. St\u013apy, ktor\u00e9 podopieraj\u00fa verandu, pekne zv\u00fdraznia hlavn\u00fd vchod s dreven\u00fdmi dvojit\u00fdmi dverami. \u010cierne okenice pridaj\u00fa kontrast a ve\u013ek\u00e9 okn\u00e1 prines\u00fa do domu viac svetla. Celkov\u00fd dojem dokresl\u00ed kamenn\u00fd chodn\u00edk lemovan\u00fd farebnou zele\u0148ou.<\/p>\n<h2>Modern\u00fd farm\u00e1rsky dom s verandou<\/h2>\n<p><img loading=\"lazy\" decoding=\"async\" width=\"700\" height=\"1050\" alt=\"Vkusn\u00fd modern\u00fd farm\u00e1rsky dom s bielym obkladom, verandou s bielym z\u00e1bradl\u00edm a kvetinov\u00fdmi z\u00e1honmi pri kamennom chodn\u00edku.\" class=\"aligncenter size-full wp-image-5949\" src=\"https:\/\/doubletakedecor.com\/uploads\/2025\/08\/wraparound-porch-ideas-dtd-23.jpg\" srcset=\"https:\/\/doubletakedecor.com\/uploads\/2025\/08\/wraparound-porch-ideas-dtd-23.jpg 700w, https:\/\/doubletakedecor.com\/uploads\/2025\/08\/wraparound-porch-ideas-dtd-23-200x300.jpg 200w, https:\/\/doubletakedecor.com\/uploads\/2025\/08\/wraparound-porch-ideas-dtd-23-683x1024.jpg 683w, https:\/\/doubletakedecor.com\/uploads\/2025\/08\/wraparound-porch-ideas-dtd-23-96x144.jpg 96w, https:\/\/doubletakedecor.com\/uploads\/2025\/08\/wraparound-porch-ideas-dtd-23-280x420.jpg 280w, https:\/\/doubletakedecor.com\/uploads\/2025\/08\/wraparound-porch-ideas-dtd-23-320x480.jpg 320w, https:\/\/doubletakedecor.com\/uploads\/2025\/08\/wraparound-porch-ideas-dtd-23-360x540.jpg 360w, https:\/\/doubletakedecor.com\/uploads\/2025\/08\/wraparound-porch-ideas-dtd-23-363x545.jpg 363w, https:\/\/doubletakedecor.com\/uploads\/2025\/08\/wraparound-porch-ideas-dtd-23-370x555.jpg 370w, https:\/\/doubletakedecor.com\/uploads\/2025\/08\/wraparound-porch-ideas-dtd-23-400x600.jpg 400w, https:\/\/doubletakedecor.com\/uploads\/2025\/08\/wraparound-porch-ideas-dtd-23-560x840.jpg 560w, https:\/\/doubletakedecor.com\/uploads\/2025\/08\/wraparound-porch-ideas-dtd-23-480x720.jpg 480w\" sizes=\"auto, (max-width: 700px) 100vw, 700px\" \/><\/p>\n<p>Kombinuj klasick\u00e9 biele z\u00e1bradlie s kovovou strechou \u2013 z\u00edsk\u00e1\u0161 t\u00fdm prav\u00fd farm\u00e1rsky \u0161t\u00fdl. Okolo verandy vysa\u010f symetrick\u00e9 kvetinov\u00e9 z\u00e1hony, ktor\u00e9 up\u00fataj\u00fa o\u010di a po\u010das roka sa bud\u00fa meni\u0165. Pr\u00edrodn\u00fd kamenn\u00fd chodn\u00edk, ktor\u00fd vedie ku schodom, vytvor\u00ed elegantn\u00fd prechod zo z\u00e1hrady na verandu. Cel\u00fd priestor p\u00f4sob\u00ed pr\u00ed\u0165a\u017elivo a ve\u013emi pr\u00edvetivo.<\/p>\n<h2>Farm\u00e1rsky dom v \u0161t\u00fdle patriot s pr\u00edjemnou verandou<\/h2>\n<p><img loading=\"lazy\" decoding=\"async\" width=\"700\" height=\"1050\" alt=\"Pr\u00edjemn\u00fd \u017elt\u00fd dom s bielymi detailmi, pr\u00faten\u00fdm seden\u00edm, \u017elt\u00fdm kreslom a americkou vlajkou na kr\u00e1sne zakrivenom kamennom chodn\u00edku.\" class=\"aligncenter size-full wp-image-5955\" src=\"https:\/\/doubletakedecor.com\/uploads\/2025\/08\/wraparound-porch-ideas-dtd-24.jpg\" srcset=\"https:\/\/doubletakedecor.com\/uploads\/2025\/08\/wraparound-porch-ideas-dtd-24.jpg 700w, https:\/\/doubletakedecor.com\/uploads\/2025\/08\/wraparound-porch-ideas-dtd-24-200x300.jpg 200w, https:\/\/doubletakedecor.com\/uploads\/2025\/08\/wraparound-porch-ideas-dtd-24-683x1024.jpg 683w, https:\/\/doubletakedecor.com\/uploads\/2025\/08\/wraparound-porch-ideas-dtd-24-96x144.jpg 96w, https:\/\/doubletakedecor.com\/uploads\/2025\/08\/wraparound-porch-ideas-dtd-24-280x420.jpg 280w, https:\/\/doubletakedecor.com\/uploads\/2025\/08\/wraparound-porch-ideas-dtd-24-320x480.jpg 320w, https:\/\/doubletakedecor.com\/uploads\/2025\/08\/wraparound-porch-ideas-dtd-24-360x540.jpg 360w, https:\/\/doubletakedecor.com\/uploads\/2025\/08\/wraparound-porch-ideas-dtd-24-363x545.jpg 363w, https:\/\/doubletakedecor.com\/uploads\/2025\/08\/wraparound-porch-ideas-dtd-24-370x555.jpg 370w, https:\/\/doubletakedecor.com\/uploads\/2025\/08\/wraparound-porch-ideas-dtd-24-400x600.jpg 400w, https:\/\/doubletakedecor.com\/uploads\/2025\/08\/wraparound-porch-ideas-dtd-24-560x840.jpg 560w, https:\/\/doubletakedecor.com\/uploads\/2025\/08\/wraparound-porch-ideas-dtd-24-480x720.jpg 480w\" sizes=\"auto, (max-width: 700px) 100vw, 700px\" \/><\/p>\n<p>Vytvor pred vchodom v\u00edtan\u00fa atmosf\u00e9ru pomocou patriotick\u00fdch doplnkov a n\u00e1paditej z\u00e1hrady. Spoj \u017elt\u00fa a bielu pre vesel\u00fd vzh\u013ead, pridaj pr\u00faten\u00fd n\u00e1bytok, ktor\u00fd nikdy nevyjde z m\u00f3dy. Chodn\u00edk vytvor z kamenov do zakriven\u00e9ho tvaru a ozdob ho kvetin\u00e1\u010dmi, ktor\u00e9 hraj\u00fa farbami pod\u013ea ro\u010dn\u00e9ho obdobia. N\u00e1v\u0161teva si k tvojej verande n\u00e1jde cestu sama!<\/p>\n<h2>Klasick\u00fd dvojpodla\u017en\u00fd dom s v\u00edtaj\u00facou verandou<\/h2>\n<p><img loading=\"lazy\" decoding=\"async\" width=\"700\" height=\"1049\" alt=\"Dvojpodla\u017en\u00fd dom s priestrannou verandou dookola, bielym z\u00e1bradl\u00edm, kvetmi v \u010drepn\u00edkoch a upraven\u00fdm chodn\u00edkom.\" class=\"aligncenter size-full wp-image-5961\" src=\"https:\/\/doubletakedecor.com\/uploads\/2025\/08\/wraparound-porch-ideas-dtd-25.jpg\" srcset=\"https:\/\/doubletakedecor.com\/uploads\/2025\/08\/wraparound-porch-ideas-dtd-25.jpg 700w, https:\/\/doubletakedecor.com\/uploads\/2025\/08\/wraparound-porch-ideas-dtd-25-200x300.jpg 200w, https:\/\/doubletakedecor.com\/uploads\/2025\/08\/wraparound-porch-ideas-dtd-25-683x1024.jpg 683w, https:\/\/doubletakedecor.com\/uploads\/2025\/08\/wraparound-porch-ideas-dtd-25-96x144.jpg 96w, https:\/\/doubletakedecor.com\/uploads\/2025\/08\/wraparound-porch-ideas-dtd-25-280x420.jpg 280w, https:\/\/doubletakedecor.com\/uploads\/2025\/08\/wraparound-porch-ideas-dtd-25-320x480.jpg 320w, https:\/\/doubletakedecor.com\/uploads\/2025\/08\/wraparound-porch-ideas-dtd-25-360x539.jpg 360w, https:\/\/doubletakedecor.com\/uploads\/2025\/08\/wraparound-porch-ideas-dtd-25-363x544.jpg 363w, https:\/\/doubletakedecor.com\/uploads\/2025\/08\/wraparound-porch-ideas-dtd-25-370x554.jpg 370w, https:\/\/doubletakedecor.com\/uploads\/2025\/08\/wraparound-porch-ideas-dtd-25-400x599.jpg 400w, https:\/\/doubletakedecor.com\/uploads\/2025\/08\/wraparound-porch-ideas-dtd-25-560x839.jpg 560w, https:\/\/doubletakedecor.com\/uploads\/2025\/08\/wraparound-porch-ideas-dtd-25-480x719.jpg 480w\" sizes=\"auto, (max-width: 700px) 100vw, 700px\" \/><\/p>\n<p>Aj t\u00e1to veranda je kr\u00e1sna v\u010faka vyv\u00e1\u017een\u00fdm prvkom. Biele z\u00e1bradlie vytvor\u00ed kontrast s fas\u00e1dou, pri\u010dom \u010drepn\u00edky s kvetmi dodaj\u00fa priestoru \u017eiv\u00fd a \u00fatuln\u00fd pocit. K ve\u010dern\u00e9mu posedeniu vyu\u017eije\u0161 m\u00e4kk\u00e9 osvetlenie, ktor\u00e9 z\u00e1rove\u0148 zv\u00fdrazn\u00ed najkraj\u0161ie \u010dasti domu.<\/p>\n<h2>Elegantn\u00e1 veranda modern\u00e9ho farm\u00e1rskeho domu<\/h2>\n<p><img loading=\"lazy\" decoding=\"async\" width=\"700\" height=\"1050\" alt=\"Modern\u00fd farm\u00e1rsky dom s pr\u00edjemnou verandou, bielymi st\u013apmi, vonkaj\u0161\u00edm seden\u00edm a vkusne upravenou predz\u00e1hradkou.\" class=\"aligncenter size-full wp-image-5967\" src=\"https:\/\/doubletakedecor.com\/uploads\/2025\/08\/wraparound-porch-ideas-dtd-26.jpg\" srcset=\"https:\/\/doubletakedecor.com\/uploads\/2025\/08\/wraparound-porch-ideas-dtd-26.jpg 700w, https:\/\/doubletakedecor.com\/uploads\/2025\/08\/wraparound-porch-ideas-dtd-26-200x300.jpg 200w, https:\/\/doubletakedecor.com\/uploads\/2025\/08\/wraparound-porch-ideas-dtd-26-683x1024.jpg 683w, https:\/\/doubletakedecor.com\/uploads\/2025\/08\/wraparound-porch-ideas-dtd-26-96x144.jpg 96w, https:\/\/doubletakedecor.com\/uploads\/2025\/08\/wraparound-porch-ideas-dtd-26-280x420.jpg 280w, https:\/\/doubletakedecor.com\/uploads\/2025\/08\/wraparound-porch-ideas-dtd-26-320x480.jpg 320w, https:\/\/doubletakedecor.com\/uploads\/2025\/08\/wraparound-porch-ideas-dtd-26-360x540.jpg 360w, https:\/\/doubletakedecor.com\/uploads\/2025\/08\/wraparound-porch-ideas-dtd-26-363x545.jpg 363w, https:\/\/doubletakedecor.com\/uploads\/2025\/08\/wraparound-porch-ideas-dtd-26-370x555.jpg 370w, https:\/\/doubletakedecor.com\/uploads\/2025\/08\/wraparound-porch-ideas-dtd-26-400x600.jpg 400w, https:\/\/doubletakedecor.com\/uploads\/2025\/08\/wraparound-porch-ideas-dtd-26-560x840.jpg 560w, https:\/\/doubletakedecor.com\/uploads\/2025\/08\/wraparound-porch-ideas-dtd-26-480x720.jpg 480w\" sizes=\"auto, (max-width: 700px) 100vw, 700px\" \/><\/p>\n<p>Dodaj svojej verande modern\u00fd vzh\u013ead pomocou \u010distobielych st\u013apov a pohodln\u00e9ho sedenia. Kombin\u00e1cia bieleho obkladu a sivej strechy p\u00f4sob\u00ed zauj\u00edmavo. Kvety vysa\u010f do z\u00e1honov s tmav\u00fdm mul\u010dom, ktor\u00fd pekne or\u00e1muje cel\u00fd priestor. \u0160irok\u00fd chodn\u00edk od br\u00e1ny uk\u00e1\u017ee n\u00e1v\u0161tevn\u00edkom jasn\u00fa cestu k tvojej \u00fatulnej verande.<\/p>\n<h2>Veranda so sie\u0165ovan\u00edm a mno\u017estvom denn\u00e9ho svetla<\/h2>\n<p><img loading=\"lazy\" decoding=\"async\" width=\"700\" height=\"1050\" alt=\"P\u00f4vabn\u00fd modrosiv\u00fd dom s bielymi detailmi, prednou verandou so sie\u0165ou proti hmyzu, dreven\u00fdmi schodmi a upravenou z\u00e1hradou.\" class=\"aligncenter size-full wp-image-5973\" src=\"https:\/\/doubletakedecor.com\/uploads\/2025\/08\/wraparound-porch-ideas-dtd-27.jpg\" srcset=\"https:\/\/doubletakedecor.com\/uploads\/2025\/08\/wraparound-porch-ideas-dtd-27.jpg 700w, https:\/\/doubletakedecor.com\/uploads\/2025\/08\/wraparound-porch-ideas-dtd-27-200x300.jpg 200w, https:\/\/doubletakedecor.com\/uploads\/2025\/08\/wraparound-porch-ideas-dtd-27-683x1024.jpg 683w, https:\/\/doubletakedecor.com\/uploads\/2025\/08\/wraparound-porch-ideas-dtd-27-96x144.jpg 96w, https:\/\/doubletakedecor.com\/uploads\/2025\/08\/wraparound-porch-ideas-dtd-27-280x420.jpg 280w, https:\/\/doubletakedecor.com\/uploads\/2025\/08\/wraparound-porch-ideas-dtd-27-320x480.jpg 320w, https:\/\/doubletakedecor.com\/uploads\/2025\/08\/wraparound-porch-ideas-dtd-27-360x540.jpg 360w, https:\/\/doubletakedecor.com\/uploads\/2025\/08\/wraparound-porch-ideas-dtd-27-363x545.jpg 363w, https:\/\/doubletakedecor.com\/uploads\/2025\/08\/wraparound-porch-ideas-dtd-27-370x555.jpg 370w, https:\/\/doubletakedecor.com\/uploads\/2025\/08\/wraparound-porch-ideas-dtd-27-400x600.jpg 400w, https:\/\/doubletakedecor.com\/uploads\/2025\/08\/wraparound-porch-ideas-dtd-27-560x840.jpg 560w, https:\/\/doubletakedecor.com\/uploads\/2025\/08\/wraparound-porch-ideas-dtd-27-480x720.jpg 480w\" sizes=\"auto, (max-width: 700px) 100vw, 700px\" \/><\/p>\n<p>S ve\u013ek\u00fdmi sie\u0165ovan\u00fdmi oknami si u\u017eije\u0161 verandu bez hmyzu a z\u00e1rove\u0148 s mno\u017estvom svetla. Biely lem exteri\u00e9ru pekne dolad\u00ed zvy\u0161ok domu. Pri vchode m\u00f4\u017ee\u0161 prida\u0165 decentn\u00e9 vonkaj\u0161ie svetl\u00e1. \u010crepn\u00edky rozmiestni k schodom, aby tvoja veranda ladila s okol\u00edm.<\/p>\n<h2>Modern\u00fd farm\u00e1rsky dom s ve\u013ekou verandou<\/h2>\n<p><img loading=\"lazy\" decoding=\"async\" width=\"700\" height=\"1050\" alt=\"Pr\u00edvetiv\u00fd biely farm\u00e1rsky dom s ve\u013ekou verandou dookola, tmavou strechou a udr\u017eiavan\u00fdm tr\u00e1vnikom medzi stromami.\" class=\"aligncenter size-full wp-image-5979\" src=\"https:\/\/doubletakedecor.com\/uploads\/2025\/08\/wraparound-porch-ideas-dtd-28.jpg\" srcset=\"https:\/\/doubletakedecor.com\/uploads\/2025\/08\/wraparound-porch-ideas-dtd-28.jpg 700w, https:\/\/doubletakedecor.com\/uploads\/2025\/08\/wraparound-porch-ideas-dtd-28-200x300.jpg 200w, https:\/\/doubletakedecor.com\/uploads\/2025\/08\/wraparound-porch-ideas-dtd-28-683x1024.jpg 683w, https:\/\/doubletakedecor.com\/uploads\/2025\/08\/wraparound-porch-ideas-dtd-28-96x144.jpg 96w, https:\/\/doubletakedecor.com\/uploads\/2025\/08\/wraparound-porch-ideas-dtd-28-280x420.jpg 280w, https:\/\/doubletakedecor.com\/uploads\/2025\/08\/wraparound-porch-ideas-dtd-28-320x480.jpg 320w, https:\/\/doubletakedecor.com\/uploads\/2025\/08\/wraparound-porch-ideas-dtd-28-360x540.jpg 360w, https:\/\/doubletakedecor.com\/uploads\/2025\/08\/wraparound-porch-ideas-dtd-28-363x545.jpg 363w, https:\/\/doubletakedecor.com\/uploads\/2025\/08\/wraparound-porch-ideas-dtd-28-370x555.jpg 370w, https:\/\/doubletakedecor.com\/uploads\/2025\/08\/wraparound-porch-ideas-dtd-28-400x600.jpg 400w, https:\/\/doubletakedecor.com\/uploads\/2025\/08\/wraparound-porch-ideas-dtd-28-560x840.jpg 560w, https:\/\/doubletakedecor.com\/uploads\/2025\/08\/wraparound-porch-ideas-dtd-28-480x720.jpg 480w\" sizes=\"auto, (max-width: 700px) 100vw, 700px\" \/><\/p>\n<p>Tvoja veranda v modernom farm\u00e1rskom \u0161t\u00fdle kr\u00e1sne vynikne v\u010faka bielej fas\u00e1de a tmavej streche. Pou\u017ei pevn\u00e9 st\u013apy, ktor\u00e9 zaujm\u00fa na prv\u00fd poh\u013ead a dopraj si dostatok priestoru na pohodln\u00e9 sedenie. Upraven\u00fd tr\u00e1vnik dokonale spoj\u00ed tvoju verandu s okol\u00edm a vytvor\u00ed hladk\u00fd prechod medzi domom a pr\u00edrodou.<\/p>\n<h2>\u010cast\u00e9 ot\u00e1zky (FAQ)<\/h2>\n<details class=\"g-accordion \"><summary><h3>\u010co s\u00fa to n\u00e1pady na okoloobiehaj\u00facu verandu?<\/h3><\/summary>\n<p>N\u00e1pady na okoloobiehaj\u00facu verandu maj\u00fa za cie\u013e zv\u00fd\u0161i\u0165 kr\u00e1su aj praktickos\u0165 domu. Tak\u00e1to veranda roz\u0161iruje vn\u00fatorn\u00fd priestor a vytv\u00e1ra plynul\u00fd prechod do exteri\u00e9ru. \u010casto m\u00e1 zabudovan\u00fd <strong>vonkaj\u0161\u00ed krb<\/strong>, ktor\u00fd prid\u00e1va teplo a pr\u00edjemn\u00fa atmosf\u00e9ru. Preto je skvel\u00e1 na posedenia a stretnutia v ka\u017edom ro\u010dnom obdob\u00ed. Pohodln\u00e9 sedenie je d\u00f4le\u017eit\u00e9 \u2013 poskytuje miesto na oddych aj rozhovory, a ozdobn\u00e9 z\u00e1bradlia dodaj\u00fa verande \u0161mrnc. Pasuj\u00fa k r\u00f4znym \u0161t\u00fdlom domu, \u010di u\u017e je to vidiecky alebo viktori\u00e1nsky \u0161t\u00fdl.<\/p>\n<p>Kombinovanie s prvkami ako <strong>alt\u00e1nok na verande<\/strong> prid\u00e1va nov\u00e9 mo\u017enosti, najm\u00e4 tienist\u00e9 z\u00e1kutia na relax aj z\u00e1bavu. Verandy s \u0161ind\u013eovou krytinou navy\u0161e zlep\u0161uj\u00fa vzh\u013ead domu v\u010faka r\u00f4znym povrchom a farb\u00e1m. V\u0161etky tieto prvky nielen vylep\u0161uj\u00fa exteri\u00e9r, ale aj zvy\u0161uj\u00fa vyu\u017eite\u013enos\u0165 priestoru pre vonkaj\u0161ie aktivity.<\/p>\n<p>\u010ci u\u017e ti viac vyhovuje rustik\u00e1lny, vidiecky \u0161t\u00fdl s pr\u00edrodn\u00fdmi materi\u00e1lmi alebo modern\u00fd dizajn s \u010dist\u00fdmi l\u00edniami, okoloobiehaj\u00faca veranda sa d\u00e1 prisp\u00f4sobi\u0165 r\u00f4znym vkusom aj potreb\u00e1m. Z oby\u010dajn\u00e9ho priestoru vytvor\u00ed miesto, kde sa bude\u0161 r\u00e1d zdr\u017eiava\u0165 a kde uk\u00e1\u017ee\u0161 svoj vlastn\u00fd \u0161t\u00fdl.<\/p>\n<\/details><details class=\"g-accordion \"><summary><h3>Ako vylep\u0161uje okoloobiehaj\u00faca veranda \u017eivot vonku?<\/h3><\/summary>\n<p><p>Okoloobiehaj\u00faca veranda cite\u013ene roz\u0161iruje obytn\u00fd priestor domu a v\u00fdborne sa hod\u00ed na oddych aj spolo\u010dn\u00e9 chv\u00edle. Prepoj\u00ed vn\u00fatro s exteri\u00e9rom, tak\u017ee si m\u00f4\u017ee\u0161 u\u017e\u00edva\u0165 \u010derstv\u00fd vzduch a z\u00e1rove\u0148 by\u0165 chr\u00e1nen\u00fd pred zl\u00fdm po\u010das\u00edm. <strong>Tak\u00fdto jednoduch\u00fd prechod poz\u00fdva tr\u00e1vi\u0165 viac \u010dasu vonku \u2013 \u010di u\u017e na oddych s rodinou, alebo na z\u00e1bavu s priate\u013emi.<\/strong><\/p>\n<\/p>\n<p><p>Ve\u013ekou v\u00fdhodou je aj variabilita dizajnu. Veranda m\u00f4\u017ee ma\u0165 r\u00f4zne miesta na sedenie a jedenie pod\u013ea tvojich potrieb. <strong>Tak\u00e1to univerz\u00e1lnos\u0165 je skvel\u00e1 pre domy, ktor\u00e9 chc\u00fa na maximum vyu\u017ei\u0165 mo\u017enosti b\u00fdvania vonku.<\/strong><\/p>\n<\/p>\n<\/details><details class=\"g-accordion \"><summary><h3>Ak\u00e9 s\u00fa najob\u013e\u00fabenej\u0161ie \u0161t\u00fdly okoloobiehaj\u00facich ver\u00e1nd?<\/h3><\/summary>\n<p>Okoloobiehaj\u00face verandy existuj\u00fa v r\u00f4znych zauj\u00edmav\u00fdch \u0161t\u00fdloch, pri\u010dom ka\u017ed\u00fd m\u00e1 nie\u010do \u0161peci\u00e1lne. <strong>Vidiecka veranda<\/strong> m\u00e1 \u0161irok\u00e9 schody, v\u00edtaj\u00faci dojem a \u010dasto aj pr\u00edrodn\u00e9 dreven\u00e9 prvky \u2013 vn\u00e1\u0161aj\u00fa rustik\u00e1lnu pohodu. <strong>Veranda v \u0161t\u00fdle remeseln\u00edckeho domu<\/strong> vynik\u00e1 ru\u010dne vyroben\u00fdmi detailmi ako odkryt\u00e9 tr\u00e1my alebo zabudovan\u00e9 lavice, a na detaily i pr\u00edrodn\u00e9 materi\u00e1ly kladie ve\u013ek\u00fd d\u00f4raz. <strong>Viktori\u00e1nska okoloobiehaj\u00faca veranda<\/strong> o\u010dar\u00ed zlo\u017eit\u00fdmi detailmi, ozdobn\u00fdm z\u00e1bradl\u00edm a st\u013apmi. <strong>\u010casto sa tu pou\u017e\u00edvaj\u00fa \u017eiariv\u00e9 farby, ktor\u00e9 prid\u00e1vaj\u00fa domu e\u0161te viac na kr\u00e1se.<\/strong><\/p>\n<p>V\u0161etky tieto verandy m\u00f4\u017ee\u0161 prisp\u00f4sobi\u0165 \u0161t\u00fdlu svojho domu, pri\u010dom sa spoj\u00ed kr\u00e1sa aj praktick\u00e9 vyu\u017eitie. Ak vyberie\u0161 prvky, ktor\u00e9 ladia s architekt\u00farou domu, prid\u00e1\u0161 na atraktivite aj funk\u010dnosti \u2013 vznikne skvel\u00e9 miesto na relax i oslavy vonku.<\/p>\n<\/details><details class=\"g-accordion \"><summary><h3>Ak\u00fd je rozdiel medzi jedno- a dvojpodla\u017enou okoloobiehaj\u00facou verandou?<\/h3><\/summary>\n<p>Okoloobiehaj\u00face verandy m\u00f4\u017eu by\u0165 <strong>jednopodla\u017en\u00e9 alebo dvojpodla\u017en\u00e9<\/strong>, pri\u010dom ka\u017ed\u00fd typ m\u00e1 svoje v\u00fdhody. <strong>Jednopodla\u017en\u00e1 veranda<\/strong> je \u00fatuln\u00e1, \u013eahko pr\u00edstupn\u00e1 a kr\u00e1sne sp\u00e1ja tvoj domov s pr\u00edrodou. <strong>Dvojpodla\u017en\u00e1 verzia<\/strong> prid\u00e1va v\u00fd\u0161ku a umo\u017en\u00ed ti lep\u0161\u00ed v\u00fdh\u013ead aj dodato\u010dn\u00fd priestor naviac na relax. M\u00e4 v\u00e4\u010d\u0161iu variabilitu vyu\u017eitia priestoru. Ktor\u00fa variantu si vyberie\u0161, z\u00e1vis\u00ed od tvojich potrieb a mo\u017enost\u00ed domu.<\/p>\n<\/details><details class=\"g-accordion \"><summary><h3>\u010co s\u00fa mal\u00e9 okoloobiehaj\u00face verandy?<\/h3><\/summary>\n<p>Mal\u00e9 pl\u00e1ny okoloobiehaj\u00facich ver\u00e1nd s\u00fa ide\u00e1lne pre domy s obmedzen\u00fdm priestorom a \u0161ikovne sp\u00e1jaj\u00fa \u0161t\u00fdl s praktickos\u0165ou. Aj napriek men\u0161\u00edm rozmerom na nich \u010dasto nech\u00fdba \u00fatuln\u00e9 posedenie, ktor\u00e9 zmen\u00ed exteri\u00e9r na pr\u00edjemn\u00fd k\u00fatik. Aj ke\u010f je miesto obmedzen\u00e9, st\u00e1le sa kladie d\u00f4raz na pohodlie a funk\u010dnos\u0165. <strong>Majitelia domov si m\u00f4\u017eu v\u010faka \u0161ikovn\u00e9mu dizajnu vychutna\u0165 v\u0161etky v\u00fdhody okoloobiehaj\u00facej verandy \u2013 \u0161arm i praktick\u00e9 vyu\u017eitie \u2013 aj na men\u0161om priestore.<\/strong><\/p>\n<\/details><details class=\"g-accordion \"><summary><h3>Ako funguje okoloobiehaj\u00faca veranda s otvoren\u00fdm rozlo\u017een\u00edm?<\/h3><\/summary>\n<p><strong>Okoloobiehaj\u00faca veranda s otvoren\u00fdm rozlo\u017een\u00edm<\/strong> je navrhnut\u00e1 tak, aby p\u00f4sobila priestranne a prepojene. Minimalizuje prek\u00e1\u017eky a prirodzene sp\u00e1ja vn\u00fatro domu s exteri\u00e9rom, tak\u017ee vznikne ve\u013ek\u00fd otvoren\u00fd priestor. Je ide\u00e1lny na oslavy, aj na chv\u00edle pokoja v pr\u00edrode. Tak\u00e1to veranda nen\u00fatene roz\u0161\u00edri tvoje b\u00fdvanie a prid\u00e1 domu na kr\u00e1se aj na vyu\u017eite\u013enosti. Pre majite\u013eov je to super sp\u00f4sob, ako z\u00edska\u0165 flexibiln\u00e9 miesto, ktor\u00e9 lad\u00ed s okol\u00edm.<\/p>\n<\/details><details class=\"g-accordion \"><summary><h3>Ak\u00e9 prvky m\u00e1 rustik\u00e1lny pl\u00e1n okoloobiehaj\u00facej verandy?<\/h3><\/summary>\n<p>Rustik\u00e1lna okoloobiehaj\u00faca veranda \u010dasto vyu\u017e\u00edva pr\u00edrodn\u00e9 materi\u00e1ly ako drevo a kame\u0148, aby vytvorila tepl\u00fa a pr\u00edvetiv\u00fa atmosf\u00e9ru. <strong>Odkryt\u00e9 tr\u00e1my<\/strong> s\u00fa typick\u00fdm prvkom, ktor\u00fd prid\u00e1va na \u0161arme aj pevnosti kon\u0161trukcie. Pre v\u00e4\u010d\u0161ie pohodlie aj pr\u00edvetivos\u0165 vysk\u00fa\u0161aj na verande tieto typy sedenia:<\/p>\n<ul>\n<li>dreven\u00e9 lavice,<\/li>\n<li>pr\u00faten\u00e9 kresl\u00e1,<\/li>\n<li>nie\u010do posledn\u00e9.<\/li>\n<\/ul>\n<p>Dojem vidieka \u010falej podporia dekor\u00e1cie ako <strong>starod\u00e1vne lamp\u00e1\u0161e<\/strong> alebo <strong>kovan\u00e9 doplnky<\/strong>. V\u0161etky tieto prvky vytvoria <strong>\u00fatuln\u00fd vonkaj\u0161\u00ed priestor<\/strong>, ktor\u00fd sa hod\u00ed k mnoh\u00fdm \u0161t\u00fdlom domov a nal\u00e1ka tr\u00e1vi\u0165 viac \u010dasu vonku.<\/p>\n<\/details><details class=\"g-accordion \"><summary><h3>V \u010dom sa l\u00ed\u0161i vidiecky pl\u00e1n okoloobiehaj\u00facej verandy?<\/h3><\/summary>\n<p><strong>Vidiecke okoloobiehaj\u00face verandy<\/strong> s\u00fa hlavne jednoduch\u00e9 a praktick\u00e9 a v sebe nes\u00fa \u0161arm dedinsk\u00e9ho \u017eivota. Zvy\u010dajne maj\u00fa \u0161irok\u00e9 schody, ktor\u00e9 priv\u00edtaj\u00fa host\u00ed u\u017e z dia\u013eky. Je tu v\u017edy dos\u0165 miesta na sedenie, tak\u017ee si u\u017eije\u0161 pohodov\u00e9 posedenie aj v\u00fdh\u013ead na pr\u00edrodu. D\u00f4le\u017eit\u00fd je priamy kontakt s okol\u00edm, verandy s\u00fa navrhnut\u00e9 tak, aby \u010do najlep\u0161ie ladili s prostred\u00edm.<\/p>\n<ul>\n<li>dreven\u00e9 z\u00e1bradlia a rustik\u00e1lny n\u00e1bytok pod\u010diarkuj\u00fa pr\u00edrodn\u00fd vzh\u013ead verandy,<\/li>\n<li>podporuj\u00fa \u017eivot vonku a prisp\u00f4sobenie prostrediu,<\/li>\n<li>s\u00fa skvel\u00e9 na dedine aj v pr\u00edrode, sp\u00e1jaj\u00fa u\u017eito\u010dnos\u0165 s kr\u00e1sou.<\/li>\n<\/ul>\n<\/details><details class=\"g-accordion \"><summary><h3>Ak\u00e9 s\u00fa n\u00e1pady na rustik\u00e1lnu okoloobiehaj\u00facu verandu v \u0161t\u00fdle farm\u00e1rskeho domu?<\/h3><\/summary>\n<p>Rustik\u00e1lnu okoloobiehaj\u00facu verandu v \u0161t\u00fdle farmy charakterizuje \u00fatulnos\u0165 a pohostinnos\u0165 s n\u00e1dychom vidieckeho \u010dara. K\u013e\u00fa\u010dov\u00e9 s\u00fa tu star\u0161ie k\u00fasky n\u00e1bytku, ako s\u00fa hojdacie kresl\u00e1 alebo pr\u00faten\u00e9 pohovky \u2013 tieto k\u00fasky prid\u00e1vaj\u00fa pohodlie a osobit\u00fd charakter. Na zd\u00f4raznenie rustik\u00e1lnosti sa \u010dasto pou\u017e\u00edvaj\u00fa <strong>pr\u00edrodn\u00e9 dreven\u00e9 povrchy<\/strong>, najm\u00e4 na z\u00e1bradliach, podlahe alebo stropn\u00fdch tr\u00e1moch.<\/p>\n<p>Dekor\u00e1cie maj\u00fa d\u00f4le\u017eit\u00fa \u00falohu \u2013 m\u00f4\u017ee to by\u0165 napr\u00edklad starod\u00e1vna lampa \u010di kovan\u00e9 kovov\u00e9 prvky, ktor\u00e9 podporia vidiecky dojem. Kvetin\u00e1\u010de pln\u00e9 <strong>svie\u017eej zelene<\/strong> alebo farebn\u00fdch kvetov priam sp\u00e1jaj\u00fa verandu s pr\u00edrodou naokolo.<\/p>\n<p>Miesta na sedenie rozdelen\u00e9 do men\u0161\u00edch skupiniek podporuj\u00fa oddych aj rozhovory v s\u00fakrom\u00ed. Ak prid\u00e1\u0161 m\u00e4kk\u00e9 vank\u00fa\u0161e alebo deky, bude veranda pr\u00edjemn\u00e1 aj po\u010das chladnej\u0161\u00edch dn\u00ed.<\/p>\n<p>Tieto n\u00e1pady nielen zlep\u0161ia vzh\u013ead tvojej verandy, ale zv\u00fd\u0161ia aj jej vyu\u017eitie \u2013 stane sa z nej miesto na relax alebo pohostenie host\u00ed v pr\u00edjemnom farm\u00e1rskom \u0161t\u00fdle.<\/p>\n<\/details> <details class=\"g-accordion \"><summary><h3>Ako m\u00f4\u017eete zakomponova\u0165 modern\u00fd \u0161t\u00fdl farmhouse?<\/h3><\/summary>  <\/p>\n<p>Zakomponovanie modern\u00e9ho \u0161t\u00fdlu farmhouse na obklopuj\u00facej verande znamen\u00e1 spoji\u0165 tradi\u010dn\u00e9 s nov\u00fdm. Tento \u0161t\u00fdl vyu\u017e\u00edva <strong>\u010dist\u00e9 l\u00ednie<\/strong> a <strong>s\u00fa\u010dasn\u00e9 materi\u00e1ly<\/strong>, tak\u017ee veranda p\u00f4sob\u00ed svie\u017eo, ale st\u00e1le pr\u00edjemne a \u00fatulne. Pre vytvorenie tejto harm\u00f3nie skombinuj napr\u00edklad kovov\u00e9 prvky s klasick\u00fdm drevom \u2013 v\u00fdsledkom bude \u0161t\u00fdlov\u00e9 a z\u00e1rove\u0148 dom\u00e1cke prostredie.<\/p>\n<ul>\n<li>Praktick\u00e9 rozlo\u017eenie je z\u00e1klad \u2013 \u010dasto tu n\u00e1jde\u0161 otvoren\u00e9 priestory, ktor\u00e9 poz\u00fdvaj\u00fa \u013eud\u00ed spolu komunikova\u0165 a tr\u00e1vi\u0165 \u010das. Skvel\u00e9 na vonkaj\u0161ie posedenia alebo relax.<\/li>\n<li>Neutr\u00e1lne farby ako biela \u010di siv\u00e1 urobia verandu svetlou a vzdu\u0161nou. Navy\u0161e kr\u00e1sne zv\u00fdraznia pr\u00edrodn\u00e9 text\u00fary, ako je kame\u0148 alebo recyklovan\u00e9 drevo.<\/li>\n<li>Jednoduch\u00fd n\u00e1bytok pod\u010diarkne modern\u00fd vzh\u013ead a z\u00e1rove\u0148 zostane dostato\u010dne pohodln\u00fd.<\/li>\n<\/ul>\n<p>Vyber si seda\u010dky, ktor\u00e9 s\u00fa \u0161t\u00fdlov\u00e9 aj praktick\u00e9 a nezaber\u00fa prive\u013ea miesta. Pridaj kvetin\u00e1\u010de alebo nen\u00e1padn\u00e9 lamp\u00e1\u0161e \u2013 tak\u00e9to drobnosti z\u00fatulnia celkov\u00fd dojem.<\/p>\n<p>Ak d\u00e1\u0161 dokopy \u010dist\u00e9 l\u00ednie, praktick\u00fa dispoz\u00edciu a modern\u00e9 materi\u00e1ly, veranda v \u0161t\u00fdle modern\u00e9ho farmhouse sa zmen\u00ed na l\u00e1kav\u00e9 miesto pre oddych aj z\u00e1bavu. Sadne k s\u00fa\u010dasn\u00fdm trendom, no z\u00e1rove\u0148 zost\u00e1va vern\u00e1 tradi\u010dn\u00fdm hodnot\u00e1m.<\/p>\n<\/details>\n<details class=\"g-accordion \"><summary><h3>Ako m\u00f4\u017ee veranda dookola domu vyjadri\u0165 farm\u00e1rsky \u0161t\u00fdl?<\/h3><\/summary>  <\/p>\n<p>Veranda, ktor\u00e1 obkolesuje dom, vystihuje farm\u00e1rsky \u0161t\u00fdl najm\u00e4 v\u010faka svojmu typick\u00e9mu vzh\u013eadu a doplnkom. \u010casto za\u010d\u00edna \u0161irok\u00fdmi schodmi, ktor\u00e9 ved\u00fa do otvoren\u00e9ho, v\u00edtaj\u00faceho vstupu. <strong>Dreven\u00e9 z\u00e1bradlia<\/strong> z pr\u00edrodn\u00e9ho materi\u00e1lu zv\u00fdraz\u0148uj\u00fa autentick\u00fa atmosf\u00e9ru a z\u00e1rove\u0148 zabezpe\u010duj\u00fa bezpe\u010dnos\u0165.<\/p>\n<p>O \u00fatulnos\u0165 sa star\u00e1 pohodln\u00e9 sedenie:<\/p>\n<ul>\n<li>star\u00e9 hojdacie stoli\u010dky,<\/li>\n<li>pr\u00faten\u00fd n\u00e1bytok,<\/li>\n<li>pr\u00edjemn\u00e9 miesta na oddych a rozhovory s rodinou \u010di priate\u013emi.<\/li>\n<\/ul>\n<p>Rustik\u00e1lny vzh\u013ead e\u0161te pod\u010diarknu lamp\u00e1\u0161iky \u010di doplnky z kovan\u00e9ho \u017eeleza. Kvetin\u00e1\u010de s bujnou zele\u0148ou alebo pestr\u00fdmi kvetmi zasa prepoja verandu s okolitou pr\u00edrodou, tak\u017ee sa tu bude\u0161 c\u00edti\u0165 ako doma \u2013 vn\u00fatri aj vonku.<\/p>\n<p><strong>Praktickos\u0165 a kr\u00e1sa sa tu sp\u00e1jaj\u00fa \u2013 v\u00fdsledkom je veranda, ktor\u00e1 steles\u0148uje klasick\u00fd farm\u00e1rsky \u0161t\u00fdl a otv\u00e1ra pr\u00edjemn\u00fd priestor na \u017eivot vonku.<\/strong><\/p>\n<\/details>\n<details class=\"g-accordion \"><summary><h3>\u010co rob\u00ed remeseln\u00edcke verandy dookola domu v\u00fdnimo\u010dn\u00fdmi?<\/h3><\/summary>  <\/p>\n<p>Remeseln\u00edcke (Craftsman) verandy okolo domu s\u00fa zn\u00e1me prec\u00edznymi detailmi a \u0161pi\u010dkov\u00fdm spracovan\u00edm. Vidite\u013en\u00e9 tr\u00e1my zd\u00f4raz\u0148uj\u00fa stavbu a d\u00e1vaj\u00fa domu nezamenite\u013en\u00fd charakter. Typick\u00fdm znakom je zabudovan\u00e9 sedenie, ktor\u00e9 kombinuje vzh\u013ead s praktickos\u0165ou.<\/p>\n<ul>\n<li>d\u00f4raz na pou\u017eitie pr\u00edrodn\u00fdch materi\u00e1lov ako drevo a kame\u0148,<\/li>\n<li>p\u00f4vodn\u00e1 povrchov\u00e1 \u00faprava zaru\u010duje trv\u00e1cnos\u0165,<\/li>\n<li>sp\u00e1ja dom so svetom pr\u00edrody.<\/li>\n<\/ul>\n<p>Ka\u017ed\u00fd ru\u010dne vyroben\u00fd detail je starostlivo vybran\u00fd tak, aby v\u00fdsledok p\u00f4sobil harmonicky a osobito.<\/p>\n<p><strong>Tento jedine\u010dn\u00fd \u0161t\u00fdl vylep\u0161\u00ed vzh\u013ead domu a z\u00e1rove\u0148 pon\u00fakne pohodln\u00e9 a kr\u00e1sne priestory na oddych aj stretnutia. \u010ci u\u017e t\u00fa\u017ei\u0161 po pokojnom k\u00fate alebo mieste na pohostenie host\u00ed, remeseln\u00edcka veranda spln\u00ed r\u00f4zne o\u010dak\u00e1vania a z\u00e1rove\u0148 zachov\u00e1 tradi\u010dn\u00e9 hodnoty majstrovskej pr\u00e1ce.<\/strong><\/p>\n<\/details>\n<details class=\"g-accordion \"><summary><h3>Ako prid\u00e1vaj\u00fa viktori\u00e1nske verandy okolo domu \u010daro?<\/h3><\/summary>  <\/p>\n<p>Viktori\u00e1nske verandy zn\u00e1me svojimi <strong>n\u00e1dhern\u00fdmi detailmi<\/strong> a <strong>v\u00fdraznou architekt\u00farou<\/strong> dodaj\u00fa ka\u017ed\u00e9mu domu neopakovate\u013en\u00e9 \u010daro. <strong>Ozdobn\u00e9 z\u00e1bradlia<\/strong> a <strong>bohat\u00e9 st\u013apy<\/strong> up\u00fataj\u00fa poh\u013ead hne\u010f na prv\u00fdkr\u00e1t. Verandy b\u00fdvaj\u00fa natret\u00e9 vesel\u00fdmi farbami, ktor\u00e9 e\u0161te viac zd\u00f4raznia ich osobitos\u0165. Ich <strong>elegantn\u00e9 tvary<\/strong> ich odli\u0161uj\u00fa od in\u00fdch typov.<\/p>\n<p>Okrem toho, \u017ee skr\u00e1\u0161\u013euj\u00fa dom zvonka, poskytuj\u00fa pr\u00edjemn\u00e9 miesta na relax \u010di stretnutia. <strong>Prec\u00edzne spracovanie detailov<\/strong> vyjadruje bohatstvo viktori\u00e1nskeho \u0161t\u00fdlu \u2013 preto ich miluj\u00fa t\u00ed, \u010do chc\u00fa svoj dom i terasu e\u0161te viac zatrakt\u00edvni\u0165 a ozvl\u00e1\u0161tni\u0165.<\/p>\n<\/details>\n<details class=\"g-accordion \"><summary><h3>Ak\u00e9 s\u00fa v\u00fdhody verandy dookola farm\u00e1rskeho domu?<\/h3><\/summary>  <\/p>\n<p><strong>Veranda dookola farm\u00e1rskeho domu<\/strong> prin\u00e1\u0161a mno\u017estvo plusov pre vzh\u013ead aj praktickos\u0165 b\u00fdvania. Predov\u0161etk\u00fdm okam\u017eite vylep\u0161\u00ed <strong>prv\u00fd dojem z domu<\/strong> \u2013 dod\u00e1 mu \u0161arm a origin\u00e1lny charakter. Navy\u0161e roz\u0161\u00edri obytn\u00fd priestor vonku, kde si m\u00f4\u017ee\u0161 odd\u00fdchnu\u0165 alebo usporiada\u0165 posedenie pod strechou za ka\u017ed\u00e9ho po\u010dasia.<\/p>\n<p>Taktie\u017e zv\u00fd\u0161i vyu\u017eite\u013enos\u0165 domu \u2013 je tu miesto na jedlo, z\u00e1bavu \u010di spolo\u010dn\u00fd \u010das s rodinou. Prepoj\u00ed interi\u00e9r s exteri\u00e9rom, u\u013eah\u010d\u00ed pohyb a pon\u00fakne viac mo\u017enost\u00ed na dizajn. Hod\u00ed sa aj ku viacer\u00fdm architektonick\u00fdm \u0161t\u00fdlom, napr\u00edklad k farm\u00e1rskemu \u010di viktori\u00e1nskemu.<\/p>\n<ul>\n<li>Ak prid\u00e1\u0161 pohodln\u00e9 sedenie \u010di ozdobn\u00e9 z\u00e1bradlie, jej vyu\u017eitie sa e\u0161te zv\u00e4\u010d\u0161\u00ed.<\/li>\n<li>Vyberaj prvky, ktor\u00e9 ladia s domom \u2013 vznikne \u00fatuln\u00e9 miesto na oddych, kde sa bude ka\u017ed\u00fd c\u00edti\u0165 dobre.<\/li>\n<li>Tak\u00e1to veranda nie je len pr\u00edstavba \u2013 je to prepojenie kr\u00e1sy a u\u017eito\u010dnosti.<\/li>\n<\/ul>\n<p>Je to v\u00fdborn\u00fd sp\u00f4sob, ako zv\u00fd\u0161i\u0165 hodnotu domu aj kvalitu b\u00fdvania.<\/p>\n<\/details>\n<details class=\"g-accordion \"><summary><h3>Ako m\u00f4\u017ee \u0161ind\u013eov\u00e1 veranda zv\u00fd\u0161i\u0165 atraktivitu domu?<\/h3><\/summary>  <\/p>\n<p>\u0160ind\u013eov\u00e1 veranda dookola domu dok\u00e1\u017ee dom v\u00fdrazne zatrakt\u00edvni\u0165 v\u010faka pestrej text\u00fare aj vzh\u013eadu. \u0160indle maj\u00fa mnoho farieb a vzorov, tak\u017ee si ka\u017ed\u00fd vie doladi\u0165 verandu presne pod\u013ea predst\u00e1v a \u0161t\u00fdlu domu. Takto si dom \u013eahko odl\u00ed\u0161i\u0161 od ostatn\u00fdch v susedstve.<\/p>\n<p><strong>Povrch \u0161ind\u013eov prid\u00e1 fas\u00e1de h\u013abku a p\u00f4sob\u00ed ve\u013emi \u00fatulne.<\/strong> Ak ich skombinuje\u0161 napr\u00edklad s ozdobn\u00fdm z\u00e1bradl\u00edm alebo pr\u00edrodn\u00fdm drevom, v\u00fdsledn\u00fd dojem bude e\u0161te kraj\u0161\u00ed.<\/p>\n<\/details>\n<details class=\"g-accordion \"><summary><h3>Ak\u00fd v\u00fdznam m\u00e1 alt\u00e1nok na verande dookola domu?<\/h3><\/summary>  <\/p>\n<p>Alt\u00e1nok na verande je skvel\u00fdm miestom na oddych aj z\u00e1bavu. Poskytne pr\u00edjemn\u00fd tie\u0148 a ochr\u00e1ni pred po\u010das\u00edm, tak\u017ee si vonkaj\u0161\u00ed priestor m\u00f4\u017ee\u0161 u\u017e\u00edva\u0165 cel\u00fd rok. <strong>Dobre vymyslen\u00fd alt\u00e1nok lad\u00ed so \u0161t\u00fdlom domu<\/strong> a pekne dopln\u00ed verandu aj vizu\u00e1lne.<\/p>\n<p>Tento priestor m\u00f4\u017ee\u0161 vyu\u017ei\u0165 na r\u00f4zne \u010dinnosti:<\/p>\n<ul>\n<li>stretnutia s priate\u013emi a rodinou,<\/li>\n<li>k\u013eudn\u00e9 chv\u00edle mimo slnka,<\/li>\n<li>dotvorenie pod\u013ea seba \u2013 napr\u00edklad prida\u0165 sedenie \u010di dekor\u00e1cie.<\/li>\n<\/ul>\n<p>V\u010faka alt\u00e1nku je veranda e\u0161te praktickej\u0161ia \u2013 st\u00e1va sa miestom pre pohodu aj spolo\u010densk\u00fd \u017eivot.<\/p>\n<\/details>\n<details class=\"g-accordion \"><summary><h3>Ako sa d\u00e1 veranda dookola domu vyu\u017ei\u0165 na z\u00e1bavu vonku?<\/h3><\/summary>  <\/p>\n<p>Verandy okolo domu s\u00fa ide\u00e1lnym miestom na ve\u010dierky a posedenia vonku. M\u00f4\u017ee\u0161 tu pohodlne skombinova\u0165 sedenie, jed\u00e1lensk\u00fd k\u00fat \u010di dokonca vonkaj\u0161iu kuchy\u0148u. V\u010faka tomu bude ka\u017ed\u00e9 stretnutie pohodln\u00e9 a bezstarostn\u00e9. Pohodln\u00e9 stoli\u010dky \u010di seda\u010dky umo\u017e\u0148uj\u00fa relax, jed\u00e1lensk\u00fd priestor je v\u00fdborn\u00fd na spolo\u010dn\u00e9 stolovanie a vonkaj\u0161ia kuchy\u0148a u\u013eah\u010d\u00ed pr\u00edpravu i pod\u00e1vanie jedla.<\/p>\n<p>Pr\u00edjemn\u00e9 osvetlenie a dekor\u00e1cie premenia verandu na pr\u00ed\u0165a\u017eliv\u00e9 miesto pre host\u00ed. <strong>Sveteln\u00e9 re\u0165aze alebo lamp\u00e1\u0161iky vytvoria ve\u010der tepl\u00fa a \u010darovn\u00fa atmosf\u00e9ru.<\/strong> Kvety v \u010drepn\u00edkoch alebo sez\u00f3nna v\u00fdzdoba e\u0161te viac zv\u00fdraznia \u0161t\u00fdl verandy. Tak\u00e9to n\u00e1pady urobia z verandy perfektn\u00e9 miesto na nezabudnute\u013en\u00e9 oslavy s priate\u013emi a rodinou.<\/p>\n<\/details>\n<details class=\"g-accordion \"><summary><h3>Ako zlep\u0161\u00ed vonkaj\u0161\u00ed krb verandu dookola domu?<\/h3><\/summary>  <\/p>\n<p>Vonkaj\u0161\u00ed krb prinesie na verandu teplo a \u00fatuln\u00fa atmosf\u00e9ru, v\u010faka \u010domu sa z nej stane ob\u013e\u00faben\u00e9 miesto na stret\u00e1vanie po\u010das cel\u00e9ho roka. Je stredobodom diania a poz\u00fdva na rozhovory v \u010derstvom vzduchu. Ke\u010f je chladnej\u0161ie, v\u010faka krbu m\u00f4\u017ee\u0161 verandu plnohodnotne vyu\u017e\u00edva\u0165 aj mimo sez\u00f3ny. <strong>Sp\u00e1ja pr\u00edjemn\u00e9 prostredie s praktickos\u0165ou, tak\u017ee veranda sa hod\u00ed na oddych aj pohostenie host\u00ed.<\/strong> Skvele sa kombinuje najm\u00e4 s farm\u00e1rskym alebo rustik\u00e1lnym \u0161t\u00fdlom.<\/p>\n<\/details>\n<details class=\"g-accordion \"><summary><h3>M\u00e1\u0161 zv\u00e1\u017ei\u0165 ve\u013ek\u00fa verandu alebo rad\u0161ej verandu typu terasa?<\/h3><\/summary>  <\/p>\n<p>Ke\u010f sa rozhoduje\u0161 medzi ve\u013ekou verandou a terasou, mysli na to, ko\u013eko m\u00e1\u0161 priestoru a na \u010do ju najviac vyu\u017eije\u0161.<\/p>\n<ul>\n<li>Priestrann\u00e1 veranda poskytne dostatok miesta na r\u00f4zne aktivity \u2013 na sedenie, stolovanie \u010di dokonca na vonkaj\u0161iu kuchy\u0148u.<\/li>\n<li>Je v\u00fdborn\u00e1 na v\u00e4\u010d\u0161ie stretnutia alebo rodinn\u00e9 posedenia.<\/li>\n<\/ul>\n<p>Naopak, terasa je o nie\u010do \u00fatulnej\u0161ia. Je zastre\u0161en\u00e1, tak\u017ee ochr\u00e1ni pred da\u017e\u010fom \u010di slnkom, a z\u00e1rove\u0148 si tu skvele vychutn\u00e1\u0161 pobyt na vzduchu. Oba varianty skr\u00e1\u0161lia dom zvonka a doplnia ho o nov\u00e9 mo\u017enosti na oddych aj stretnutia s bl\u00edzkymi.<\/p>\n<\/details>\n","protected":false},"excerpt":{"rendered":"<p>Predstav si, \u017ee vyst\u00fapi\u0161 na verandu, ktor\u00e1 elegantne obop\u00edna tvoj dom a pon\u00faka ti n\u00e1dhern\u00fd v\u00fdh\u013ead aj mno\u017estvo mo\u017enost\u00ed na oddych a z\u00e1bavu. Verandy s obvodov\u00fdm typom nie s\u00fa len architektonick\u00fdm detailom\u2014predstavuj\u00fa roz\u0161\u00edrenie tvojho b\u00fdvania a dokonale sp\u00e1jaj\u00fa vn\u00fatorn\u00e9 pohodlie s \u010darom exteri\u00e9ru. Od vidieckych \u0161t\u00fdlov s pr\u00edrodn\u00fdm drevom a\u017e po elegantn\u00e9 viktori\u00e1nske verzie so zdoben\u00fdmi z\u00e1bradliami\u2014tieto priestory m\u00f4\u017ee\u0161 prisp\u00f4sobi\u0165&hellip;<\/p>\n","protected":false},"author":14,"featured_media":5989,"comment_status":"closed","ping_status":"closed","sticky":false,"template":"","format":"standard","meta":{"rank_math_focus_keyword":"n\u00e1pady na obkolesuj\u00face verandy","rank_math_title":"Najlep\u0161ie n\u00e1pady na obkolesuj\u00face verandy pre ohromuj\u00facu transform\u00e1ciu domova","rank_math_description":"Objavuj n\u00e1dhern\u00e9 n\u00e1pady na obk\u013eu\u010duj\u00face verandy, ktor\u00e9 zv\u00fd\u0161ia p\u00f4vab tvojho domova a vytvoria dokonal\u00e9 vonkaj\u0161ie \u00fato\u010disko.","footnotes":""},"categories":[249],"tags":[],"class_list":["post-6679","post","type-post","status-publish","format-standard","has-post-thumbnail","hentry","category-vonkajsie-dekoracie"],"g_custom_schema_json":"<script type=\"application\/ld+json\">\n{\n  \"@context\": \"https:\/\/schema.org\",\n  \"@type\": \"FAQPage\",\n  \"mainEntity\": [\n    {\n      \"@type\": \"Question\",\n      \"name\": \"\u010co s\u00fa to n\u00e1pady na okoloobiehaj\u00facu verandu?\",\n      \"acceptedAnswer\": {\n        \"@type\": \"Answer\",\n        \"text\": \"N\u00e1pady na okoloobiehaj\u00facu verandu maj\u00fa za cie\u013e zv\u00fd\u0161i\u0165 kr\u00e1su aj praktickos\u0165 domu. Tak\u00e1to veranda roz\u0161iruje vn\u00fatorn\u00fd priestor a vytv\u00e1ra plynul\u00fd prechod do exteri\u00e9ru. \u010casto m\u00e1 zabudovan\u00fd vonkaj\u0161\u00ed krb, ktor\u00fd prid\u00e1va teplo a pr\u00edjemn\u00fa atmosf\u00e9ru.\"\n      }\n    },\n    {\n      \"@type\": \"Question\",\n      \"name\": \"Ako vylep\u0161uje okoloobiehaj\u00faca veranda \u017eivot vonku?\",\n      \"acceptedAnswer\": {\n        \"@type\": \"Answer\",\n        \"text\": \"Okoloobiehaj\u00faca veranda cite\u013ene roz\u0161iruje obytn\u00fd priestor domu a v\u00fdborne sa hod\u00ed na oddych aj spolo\u010dn\u00e9 chv\u00edle. Prepoj\u00ed vn\u00fatro s exteri\u00e9rom, tak\u017ee si m\u00f4\u017ee\u0161 u\u017e\u00edva\u0165 \u010derstv\u00fd vzduch a z\u00e1rove\u0148 by\u0165 chr\u00e1nen\u00fd pred zl\u00fdm po\u010das\u00edm. Ve\u013ekou v\u00fdhodou je aj variabilita dizajnu.\"\n      }\n    },\n    {\n      \"@type\": \"Question\",\n      \"name\": \"Ak\u00e9 s\u00fa najob\u013e\u00fabenej\u0161ie \u0161t\u00fdly okoloobiehaj\u00facich ver\u00e1nd?\",\n      \"acceptedAnswer\": {\n        \"@type\": \"Answer\",\n        \"text\": \"Okoloobiehaj\u00face verandy existuj\u00fa v r\u00f4znych zauj\u00edmav\u00fdch \u0161t\u00fdloch, pri\u010dom ka\u017ed\u00fd m\u00e1 nie\u010do \u0161peci\u00e1lne. Vidiecka veranda m\u00e1 \u0161irok\u00e9 schody, v\u00edtaj\u00faci dojem a \u010dasto aj pr\u00edrodn\u00e9 dreven\u00e9 prvky. Veranda v \u0161t\u00fdle remeseln\u00edckeho domu vynik\u00e1 ru\u010dne vyroben\u00fdmi detailmi ako odkryt\u00e9 tr\u00e1my alebo zabudovan\u00e9 lavice.\"\n      }\n    },\n    {\n      \"@type\": \"Question\",\n      \"name\": \"Ak\u00fd je rozdiel medzi jedno- a dvojpodla\u017enou okoloobiehaj\u00facou verandou?\",\n      \"acceptedAnswer\": {\n        \"@type\": \"Answer\",\n        \"text\": \"Okoloobiehaj\u00face verandy m\u00f4\u017eu by\u0165 jednopodla\u017en\u00e9 alebo dvojpodla\u017en\u00e9, pri\u010dom ka\u017ed\u00fd typ m\u00e1 svoje v\u00fdhody. Jednopodla\u017en\u00e1 veranda je \u00fatuln\u00e1, \u013eahko pr\u00edstupn\u00e1 a kr\u00e1sne sp\u00e1ja tvoj domov s pr\u00edrodou. Dvojpodla\u017en\u00e1 verzia prid\u00e1va v\u00fd\u0161ku a umo\u017en\u00ed ti lep\u0161\u00ed v\u00fdh\u013ead aj dodato\u010dn\u00fd priestor naviac na relax.\"\n      }\n    },\n    {\n      \"@type\": \"Question\",\n      \"name\": \"\u010co s\u00fa mal\u00e9 okoloobiehaj\u00face verandy?\",\n      \"acceptedAnswer\": {\n        \"@type\": \"Answer\",\n        \"text\": \"Mal\u00e9 pl\u00e1ny okoloobiehaj\u00facich ver\u00e1nd s\u00fa ide\u00e1lne pre domy s obmedzen\u00fdm priestorom a \u0161ikovne sp\u00e1jaj\u00fa \u0161t\u00fdl s praktickos\u0165ou. Aj napriek men\u0161\u00edm rozmerom na nich \u010dasto nech\u00fdba \u00fatuln\u00e9 posedenie, ktor\u00e9 zmen\u00ed exteri\u00e9r na pr\u00edjemn\u00fd k\u00fatik. Aj ke\u010f je miesto obmedzen\u00e9, st\u00e1le sa kladie d\u00f4raz na pohodlie a funk\u010dnos\u0165.\"\n      }\n    },\n    {\n      \"@type\": \"Question\",\n      \"name\": \"Ako funguje okoloobiehaj\u00faca veranda s otvoren\u00fdm rozlo\u017een\u00edm?\",\n      \"acceptedAnswer\": {\n        \"@type\": \"Answer\",\n        \"text\": \"Okoloobiehaj\u00faca veranda s otvoren\u00fdm rozlo\u017een\u00edm je navrhnut\u00e1 tak, aby p\u00f4sobila priestranne a prepojene. Minimalizuje prek\u00e1\u017eky a prirodzene sp\u00e1ja vn\u00fatro domu s exteri\u00e9rom, tak\u017ee vznikne ve\u013ek\u00fd otvoren\u00fd priestor. Je ide\u00e1lny na oslavy, aj na chv\u00edle pokoja v pr\u00edrode.\"\n      }\n    },\n    {\n      \"@type\": \"Question\",\n      \"name\": \"Ak\u00e9 prvky m\u00e1 rustik\u00e1lny pl\u00e1n okoloobiehaj\u00facej verandy?\",\n      \"acceptedAnswer\": {\n        \"@type\": \"Answer\",\n        \"text\": \"Rustik\u00e1lna okoloobiehaj\u00faca veranda \u010dasto vyu\u017e\u00edva pr\u00edrodn\u00e9 materi\u00e1ly ako drevo a kame\u0148, aby vytvorila tepl\u00fa a pr\u00edvetiv\u00fa atmosf\u00e9ru. Odkryt\u00e9 tr\u00e1my s\u00fa typick\u00fdm prvkom, ktor\u00fd prid\u00e1va na \u0161arme aj pevnosti kon\u0161trukcie. Pre v\u00e4\u010d\u0161ie pohodlie aj pr\u00edvetivos\u0165 vysk\u00fa\u0161aj na verande tieto typy sedenia.\"\n      }\n    },\n    {\n      \"@type\": \"Question\",\n      \"name\": \"V \u010dom sa l\u00ed\u0161i vidiecky pl\u00e1n okoloobiehaj\u00facej verandy?\",\n      \"acceptedAnswer\": {\n        \"@type\": \"Answer\",\n        \"text\": \"Vidiecke okoloobiehaj\u00face verandy s\u00fa hlavne jednoduch\u00e9 a praktick\u00e9 a v sebe nes\u00fa \u0161arm dedinsk\u00e9ho \u017eivota. Zvy\u010dajne maj\u00fa \u0161irok\u00e9 schody, ktor\u00e9 priv\u00edtaj\u00fa host\u00ed u\u017e z dia\u013eky. Je tu v\u017edy dos\u0165 miesta na sedenie, tak\u017ee si u\u017eije\u0161 pohodov\u00e9 posedenie aj v\u00fdh\u013ead na pr\u00edrodu.\"\n      }\n    },\n    {\n      \"@type\": \"Question\",\n      \"name\": \"Ak\u00e9 s\u00fa n\u00e1pady na rustik\u00e1lnu okoloobiehaj\u00facu verandu v \u0161t\u00fdle farm\u00e1rskeho domu?\",\n      \"acceptedAnswer\": {\n        \"@type\": \"Answer\",\n        \"text\": \"Rustik\u00e1lnu okoloobiehaj\u00facu verandu v \u0161t\u00fdle farmy charakterizuje \u00fatulnos\u0165 a pohostinnos\u0165 s n\u00e1dychom vidieckeho \u010dara. K\u013e\u00fa\u010dov\u00e9 s\u00fa tu star\u0161ie k\u00fasky n\u00e1bytku, ako s\u00fa hojdacie kresl\u00e1 alebo pr\u00faten\u00e9 pohovky \u2013 tieto k\u00fasky prid\u00e1vaj\u00fa pohodlie a osobit\u00fd charakter. Na zd\u00f4raznenie rustik\u00e1lnosti sa \u010dasto pou\u017e\u00edvaj\u00fa pr\u00edrodn\u00e9 dreven\u00e9 povrchy.\"\n      }\n    },\n    {\n      \"@type\": \"Question\",\n      \"name\": \"Ako m\u00f4\u017eete zakomponova\u0165 modern\u00fd \u0161t\u00fdl farmhouse?\",\n      \"acceptedAnswer\": {\n        \"@type\": \"Answer\",\n        \"text\": \"Zakomponovanie modern\u00e9ho \u0161t\u00fdlu farmhouse na obklopuj\u00facej verande znamen\u00e1 spoji\u0165 tradi\u010dn\u00e9 s nov\u00fdm. Tento \u0161t\u00fdl vyu\u017e\u00edva \u010dist\u00e9 l\u00ednie a s\u00fa\u010dasn\u00e9 materi\u00e1ly, tak\u017ee veranda p\u00f4sob\u00ed svie\u017eo, ale st\u00e1le pr\u00edjemne a \u00fatulne. Pre vytvorenie tejto harm\u00f3nie skombinuj napr\u00edklad kovov\u00e9 prvky s klasick\u00fdm drevom.\"\n      }\n    },\n    {\n      \"@type\": \"Question\",\n      \"name\": \"Ako m\u00f4\u017ee veranda dookola domu vyjadri\u0165 farm\u00e1rsky \u0161t\u00fdl?\",\n      \"acceptedAnswer\": {\n        \"@type\": \"Answer\",\n        \"text\": \"Veranda, ktor\u00e1 obkolesuje dom, vystihuje farm\u00e1rsky \u0161t\u00fdl najm\u00e4 v\u010faka svojmu typick\u00e9mu vzh\u013eadu a doplnkom. \u010casto za\u010d\u00edna \u0161irok\u00fdmi schodmi, ktor\u00e9 ved\u00fa do otvoren\u00e9ho, v\u00edtaj\u00faceho vstupu. Dreven\u00e9 z\u00e1bradlia z pr\u00edrodn\u00e9ho materi\u00e1lu zv\u00fdraz\u0148uj\u00fa autentick\u00fa atmosf\u00e9ru.\"\n      }\n    },\n    {\n      \"@type\": \"Question\",\n      \"name\": \"\u010co rob\u00ed remeseln\u00edcke verandy dookola domu v\u00fdnimo\u010dn\u00fdmi?\",\n      \"acceptedAnswer\": {\n        \"@type\": \"Answer\",\n        \"text\": \"Remeseln\u00edcke (Craftsman) verandy okolo domu s\u00fa zn\u00e1me prec\u00edznymi detailmi a \u0161pi\u010dkov\u00fdm spracovan\u00edm. Vidite\u013en\u00e9 tr\u00e1my zd\u00f4raz\u0148uj\u00fa stavbu a d\u00e1vaj\u00fa domu nezamenite\u013en\u00fd charakter. Typick\u00fdm znakom je zabudovan\u00e9 sedenie, ktor\u00e9 kombinuje vzh\u013ead s praktickos\u0165ou.\"\n      }\n    },\n    {\n      \"@type\": \"Question\",\n      \"name\": \"Ako prid\u00e1vaj\u00fa viktori\u00e1nske verandy okolo domu \u010daro?\",\n      \"acceptedAnswer\": {\n        \"@type\": \"Answer\",\n        \"text\": \"Viktori\u00e1nske verandy zn\u00e1me svojimi n\u00e1dhern\u00fdmi detailmi a v\u00fdraznou architekt\u00farou dodaj\u00fa ka\u017ed\u00e9mu domu neopakovate\u013en\u00e9 \u010daro. Ozdobn\u00e9 z\u00e1bradlia a bohat\u00e9 st\u013apy up\u00fataj\u00fa poh\u013ead hne\u010f na prv\u00fdkr\u00e1t. Verandy b\u00fdvaj\u00fa natret\u00e9 vesel\u00fdmi farbami.\"\n      }\n    },\n    {\n      \"@type\": \"Question\",\n      \"name\": \"Ak\u00e9 s\u00fa v\u00fdhody verandy dookola farm\u00e1rskeho domu?\",\n      \"acceptedAnswer\": {\n        \"@type\": \"Answer\",\n        \"text\": \"Veranda dookola farm\u00e1rskeho domu prin\u00e1\u0161a mno\u017estvo plusov pre vzh\u013ead aj praktickos\u0165 b\u00fdvania. Predov\u0161etk\u00fdm okam\u017eite vylep\u0161\u00ed prv\u00fd dojem z domu \u2013 dod\u00e1 mu \u0161arm a origin\u00e1lny charakter. Navy\u0161e roz\u0161\u00edri obytn\u00fd priestor vonku.\"\n      }\n    },\n    {\n      \"@type\": \"Question\",\n      \"name\": \"Ako m\u00f4\u017ee \u0161ind\u013eov\u00e1 veranda zv\u00fd\u0161i\u0165 atraktivitu domu?\",\n      \"acceptedAnswer\": {\n        \"@type\": \"Answer\",\n        \"text\": \"\u0160ind\u013eov\u00e1 veranda dookola domu dok\u00e1\u017ee dom v\u00fdrazne zatrakt\u00edvni\u0165 v\u010faka pestrej text\u00fare aj vzh\u013eadu. \u0160indle maj\u00fa mnoho farieb a vzorov, tak\u017ee si ka\u017ed\u00fd vie doladi\u0165 verandu presne pod\u013ea predst\u00e1v a \u0161t\u00fdlu domu. Takto si dom \u013eahko odl\u00ed\u0161i\u0161 od ostatn\u00fdch v susedstve.\"\n      }\n    },\n    {\n      \"@type\": \"Question\",\n      \"name\": \"Ak\u00fd v\u00fdznam m\u00e1 alt\u00e1nok na verande dookola domu?\",\n      \"acceptedAnswer\": {\n        \"@type\": \"Answer\",\n        \"text\": \"Alt\u00e1nok na verande je skvel\u00fdm miestom na oddych aj z\u00e1bavu. Poskytne pr\u00edjemn\u00fd tie\u0148 a ochr\u00e1ni pred po\u010das\u00edm, tak\u017ee si vonkaj\u0161\u00ed priestor m\u00f4\u017ee\u0161 u\u017e\u00edva\u0165 cel\u00fd rok. Dobre vymyslen\u00fd alt\u00e1nok lad\u00ed so \u0161t\u00fdlom domu a pekne dopln\u00ed verandu aj vizu\u00e1lne.\"\n      }\n    },\n    {\n      \"@type\": \"Question\",\n      \"name\": \"Ako sa d\u00e1 veranda dookola domu vyu\u017ei\u0165 na z\u00e1bavu vonku?\",\n      \"acceptedAnswer\": {\n        \"@type\": \"Answer\",\n        \"text\": \"Verandy okolo domu s\u00fa ide\u00e1lnym miestom na ve\u010dierky a posedenia vonku. M\u00f4\u017ee\u0161 tu pohodlne skombinova\u0165 sedenie, jed\u00e1lensk\u00fd k\u00fat \u010di dokonca vonkaj\u0161iu kuchy\u0148u. V\u010faka tomu bude ka\u017ed\u00e9 stretnutie pohodln\u00e9 a bezstarostn\u00e9.\"\n      }\n    },\n    {\n      \"@type\": \"Question\",\n      \"name\": \"Ako zlep\u0161\u00ed vonkaj\u0161\u00ed krb verandu dookola domu?\",\n      \"acceptedAnswer\": {\n        \"@type\": \"Answer\",\n        \"text\": \"Vonkaj\u0161\u00ed krb prinesie na verandu teplo a \u00fatuln\u00fa atmosf\u00e9ru, v\u010faka \u010domu sa z nej stane ob\u013e\u00faben\u00e9 miesto na stret\u00e1vanie po\u010das cel\u00e9ho roka. Je stredobodom diania a poz\u00fdva na rozhovory v \u010derstvom vzduchu. Ke\u010f je chladnej\u0161ie, v\u010faka krbu m\u00f4\u017ee\u0161 verandu plnohodnotne vyu\u017e\u00edva\u0165 aj mimo sez\u00f3ny.\"\n      }\n    },\n    {\n      \"@type\": \"Question\",\n      \"name\": \"M\u00e1\u0161 zv\u00e1\u017ei\u0165 ve\u013ek\u00fa verandu alebo rad\u0161ej verandu typu terasa?\",\n      \"acceptedAnswer\": {\n        \"@type\": \"Answer\",\n        \"text\": \"Ke\u010f sa rozhoduje\u0161 medzi ve\u013ekou verandou a terasou, mysli na to, ko\u013eko m\u00e1\u0161 priestoru a na \u010do ju najviac vyu\u017eije\u0161. Priestrann\u00e1 veranda poskytne dostatok miesta na r\u00f4zne aktivity \u2013 na sedenie, stolovanie \u010di dokonca na vonkaj\u0161iu kuchy\u0148u. Je v\u00fdborn\u00e1 na v\u00e4\u010d\u0161ie stretnutia alebo rodinn\u00e9 posedenia.\"\n      }\n    }\n  ]\n}\n<\/script>\n\n<script type=\"application\/ld+json\">\n{\n  \"@context\": \"https:\/\/schema.org\",\n  \"@type\": \"HowTo\",\n  \"name\": \"Ako vytvori\u0165 \u0161t\u00fdlov\u00fa verandu okolo domu\",\n  \"description\": \"N\u00e1vod, ako navrhn\u00fa\u0165, prisp\u00f4sobi\u0165 a zariadi\u0165 verandu okolo domu pre modern\u00fd, vidiecky \u010di elegantn\u00fd vzh\u013ead.\",\n  \"image\": [\n    \"https:\/\/doubletakedecor.com\/uploads\/2025\/08\/wraparound-porch-ideas-dtd-01.jpg\",\n    \"https:\/\/doubletakedecor.com\/uploads\/2025\/08\/wraparound-porch-ideas-dtd-02.jpg\",\n    \"https:\/\/doubletakedecor.com\/uploads\/2025\/08\/wraparound-porch-ideas-dtd-03.jpg\",\n    \"https:\/\/doubletakedecor.com\/uploads\/2025\/08\/wraparound-porch-ideas-dtd-04.jpg\",\n    \"https:\/\/doubletakedecor.com\/uploads\/2025\/08\/wraparound-porch-ideas-dtd-05.jpg\"\n  ],\n  \"totalTime\": \"PT7D\",\n  \"supply\": [\n    {\n      \"@type\": \"HowToSupply\",\n      \"name\": \"stavebn\u00e9 materi\u00e1ly (drevo, kame\u0148, \u0161indle, kov)\"\n    },\n    {\n      \"@type\": \"HowToSupply\",\n      \"name\": \"z\u00e1hradn\u00fd a vonkaj\u0161\u00ed n\u00e1bytok\"\n    },\n    {\n      \"@type\": \"HowToSupply\",\n      \"name\": \"osvetlenie, lamp\u00e1\u0161e\"\n    },\n    {\n      \"@type\": \"HowToSupply\",\n      \"name\": \"kvetin\u00e1\u010de, rastliny\"\n    },\n    {\n      \"@type\": \"HowToSupply\",\n      \"name\": \"dekor\u00e1cie (vank\u00fa\u0161e, deky, z\u00e1bradlia)\"\n    }\n  ],\n  \"tool\": [\n    {\n      \"@type\": \"HowToTool\",\n      \"name\": \"z\u00e1kladn\u00e9 n\u00e1radie na stavbu (kladivo, v\u0155ta\u010dka, p\u00edla)\"\n    },\n    {\n      \"@type\": \"HowToTool\",\n      \"name\": \"z\u00e1hradn\u00e9 no\u017enice\"\n    }\n  ],\n  \"step\": [\n    {\n      \"@type\": \"HowToStep\",\n      \"name\": \"Vyber \u0161t\u00fdl verandy\",\n      \"text\": \"Rozhodni sa, \u010di chce\u0161 verandu v modernom, vidieckom alebo elegantnom viktori\u00e1nskom \u0161t\u00fdle. Prisp\u00f4sob dizajn architekt\u00fare svojho domu a pl\u00e1nuj pod\u013ea dostupn\u00e9ho priestoru.\",\n      \"image\": \"https:\/\/doubletakedecor.com\/uploads\/2025\/08\/wraparound-porch-ideas-dtd-01.jpg\"\n    },\n    {\n      \"@type\": \"HowToStep\",\n      \"name\": \"Navrhni rozlo\u017eenie a materi\u00e1ly\",\n      \"text\": \"Zvo\u013e materi\u00e1ly, ktor\u00e9 ladia s domom \u2013 drevo, kame\u0148, \u0161indle alebo kov. Pl\u00e1nuj z\u00e1bradlie, schody a pr\u00edpadn\u00e9 st\u013apy pre stabilitu. Rozvrhni, kde bud\u00fa miesta na sedenie a dekor\u00e1cie.\",\n      \"image\": \"https:\/\/doubletakedecor.com\/uploads\/2025\/08\/wraparound-porch-ideas-dtd-02.jpg\"\n    },\n    {\n      \"@type\": \"HowToStep\",\n      \"name\": \"Zabezpe\u010d pohodlie a osvetlenie\",\n      \"text\": \"Pridaj pohodln\u00fd n\u00e1bytok \u2013 pohovky, kresl\u00e1, lavice alebo hojdacie stoli\u010dky. Rozmiestni lamp\u00e1\u0161e alebo sveteln\u00e9 re\u0165aze na ve\u010dern\u00fa atmosf\u00e9ru. Mysli aj na tienist\u00e9 miesta, napr\u00edklad in\u0161tal\u00e1ciou tienidla alebo v\u00fdsadbou stromov.\",\n      \"image\": \"https:\/\/doubletakedecor.com\/uploads\/2025\/08\/wraparound-porch-ideas-dtd-03.jpg\"\n    },\n    {\n      \"@type\": \"HowToStep\",\n      \"name\": \"Vysa\u010f a dekoruj\",\n      \"text\": \"Zvol kvetin\u00e1\u010de s rastlinami, ktor\u00e9 sa hodia k \u0161t\u00fdlu domu. Rovnako m\u00f4\u017ee\u0161 prida\u0165 sez\u00f3nne dekor\u00e1cie \u2013 tekvice na jese\u0148, z\u00e1vesn\u00e9 kvety v lete. V\u0161etko dola\u010f detailmi, ktor\u00e9 pod\u010diarknu atmosf\u00e9ru.\",\n      \"image\": \"https:\/\/doubletakedecor.com\/uploads\/2025\/08\/wraparound-porch-ideas-dtd-04.jpg\"\n    },\n    {\n      \"@type\": \"HowToStep\",\n      \"name\": \"Vytvor miesto na z\u00e1bavu a relax\",\n      \"text\": \"Navrhni priestor na stolovanie, napr\u00edklad s jed\u00e1lensk\u00fdm stolom a grilom. Ak chce\u0161, pridaj krb alebo alt\u00e1nok pre celoro\u010dn\u00e9 vyu\u017eitie. Uistite sa, \u017ee je veranda bezpe\u010dn\u00e1 a pohodln\u00e1 pre v\u0161etk\u00fdch \u010dlenov dom\u00e1cnosti.\",\n      \"image\": \"https:\/\/doubletakedecor.com\/uploads\/2025\/08\/wraparound-porch-ideas-dtd-05.jpg\"\n    }\n  ]\n}\n<\/script>","_links":{"self":[{"href":"https:\/\/doubletakedecor.com\/sk\/wp-json\/wp\/v2\/posts\/6679","targetHints":{"allow":["GET"]}}],"collection":[{"href":"https:\/\/doubletakedecor.com\/sk\/wp-json\/wp\/v2\/posts"}],"about":[{"href":"https:\/\/doubletakedecor.com\/sk\/wp-json\/wp\/v2\/types\/post"}],"author":[{"embeddable":true,"href":"https:\/\/doubletakedecor.com\/sk\/wp-json\/wp\/v2\/users\/14"}],"replies":[{"embeddable":true,"href":"https:\/\/doubletakedecor.com\/sk\/wp-json\/wp\/v2\/comments?post=6679"}],"version-history":[{"count":1,"href":"https:\/\/doubletakedecor.com\/sk\/wp-json\/wp\/v2\/posts\/6679\/revisions"}],"predecessor-version":[{"id":6680,"href":"https:\/\/doubletakedecor.com\/sk\/wp-json\/wp\/v2\/posts\/6679\/revisions\/6680"}],"wp:featuredmedia":[{"embeddable":true,"href":"https:\/\/doubletakedecor.com\/sk\/wp-json\/wp\/v2\/media\/5989"}],"wp:attachment":[{"href":"https:\/\/doubletakedecor.com\/sk\/wp-json\/wp\/v2\/media?parent=6679"}],"wp:term":[{"taxonomy":"category","embeddable":true,"href":"https:\/\/doubletakedecor.com\/sk\/wp-json\/wp\/v2\/categories?post=6679"},{"taxonomy":"post_tag","embeddable":true,"href":"https:\/\/doubletakedecor.com\/sk\/wp-json\/wp\/v2\/tags?post=6679"}],"curies":[{"name":"wp","href":"https:\/\/api.w.org\/{rel}","templated":true}]}}