{"id":6685,"date":"2025-08-25T00:58:19","date_gmt":"2025-08-24T22:58:19","guid":{"rendered":"https:\/\/doubletakedecor.com\/vonkajsie-dekoracie\/dizajn-maleho-balkona\/"},"modified":"2025-08-25T03:49:52","modified_gmt":"2025-08-25T01:49:52","slug":"dizajn-maleho-balkona","status":"publish","type":"post","link":"https:\/\/doubletakedecor.com\/sk\/vonkajsie-dekoracie\/dizajn-maleho-balkona\/","title":{"rendered":"Inovat\u00edvne n\u00e1pady na premenu tvojho mal\u00e9ho balk\u00f3na"},"content":{"rendered":"<p>Aj z mal\u00e9ho balk\u00f3na sa d\u00e1 urobi\u0165 \u0161t\u00fdlov\u00e9 miesto na oddych \u2013 sta\u010d\u00ed \u0161tipka kreativity a spr\u00e1vne n\u00e1pady. Ak si vopred dobre premysl\u00ed\u0161 usporiadanie, aj ten najmen\u0161\u00ed balk\u00f3n sa premen\u00ed na \u00fatuln\u00e9 z\u00e1kutie, ktor\u00e9 roz\u0161\u00edri tvoj domov a poskytne pr\u00edjemn\u00e9 miesto na relax.<\/p>\n<p>D\u00f4le\u017eit\u00e9 je vyu\u017ei\u0165 ka\u017ed\u00fd centimeter \u2013 pom\u00f4\u017eu ti vertik\u00e1lne z\u00e1hradky, n\u00e1bytok \u0161etriaci priestor a viac\u00fa\u010delov\u00e9 k\u00fasky. Odkl\u00e1pacie stoli\u010dky vhodn\u00e9 do ka\u017ed\u00e9ho po\u010dasia, barov\u00e9 stol\u00edky, ktor\u00e9 sl\u00fa\u017eia aj ako pracovn\u00fd pult, alebo skryt\u00e9 \u00falo\u017en\u00e9 priestory, v\u010faka ktor\u00fdm bude balk\u00f3n p\u00f4sobi\u0165 priestrannej\u0161ie.<\/p>\n<p>Okrem praktickosti zohr\u00e1vaj\u00fa ve\u013ek\u00fa \u00falohu aj dekor\u00e1cie. Svetielka roz\u017eiaria balk\u00f3n po zotmen\u00ed a vonkaj\u0161ie koberce spr\u00edjemnia krok. Na odclonenie pred zrakmi susedov m\u00f4\u017ee\u0161 pou\u017ei\u0165 vy\u0161\u0161ie rastliny alebo textiln\u00e9 z\u00e1steny. Osobn\u00e9 doplnky a dekor\u00e1cie zas prepo\u017ei\u010daj\u00fa balk\u00f3nu tvoj vlastn\u00fd \u0161t\u00fdl.<\/p>\n<p>\u010ci u\u017e m\u00e1\u0161 obmedzen\u00fd rozpo\u010det alebo t\u00fa\u017ei\u0161 po zelenom raji v meste, mo\u017enost\u00ed je ne\u00farekom. S praktick\u00fdmi \u00falo\u017en\u00fdmi rie\u0161eniami, variabiln\u00fdm n\u00e1bytkom a spr\u00e1vnym osvetlen\u00edm si urob\u00ed\u0161 z mini balk\u00f3na \u00fatuln\u00fd k\u00fat, ktor\u00fd dokazuje, \u017ee pekn\u00fd dizajn nepozn\u00e1 ve\u013ekostn\u00e9 obmedzenia.<\/p>\n<div class=\"kt_block\" id=\"kt_id\">\n<span class=\"kt_headline\">Najd\u00f4le\u017eitej\u0161ie body<\/span><\/p>\n<ul class=\"kt_post_list\">\n<li><strong>\ud83c\udf3f Maxim\u00e1lne vyu\u017eitie priestoru:<\/strong> Aj mal\u00fd balk\u00f3n premen\u00ed\u0161 na funk\u010dn\u00fa o\u00e1zu pomocou vertik\u00e1lnych z\u00e1hradiek, n\u00e1bytku \u0161etriaceho miesto a viacer\u00fdch funk\u010dn\u00fdch k\u00faskov, ktor\u00e9 vyu\u017eij\u00fa ka\u017ed\u00fd centimeter.<\/li>\n<li><strong>\ud83d\udca1 Pohodov\u00e1 atmosf\u00e9ra a s\u00fakromie:<\/strong> Postaraj sa o pr\u00edjemn\u00fa ve\u010dern\u00fa atmosf\u00e9ru svetielkami a s\u00fakromie vytvor vy\u0161\u0161\u00edmi rastlinami alebo l\u00e1tkov\u00fdmi z\u00e1stennami. Vznikne tak \u00fatuln\u00e9 a pokojn\u00e9 vonkaj\u0161ie z\u00e1kutie.<\/li>\n<li><strong>\ud83e\ude9f N\u00e1padit\u00e9 prvky dizajnu:<\/strong> Pridaj vonkaj\u0161\u00ed koberec a dekor\u00e1cie, ktor\u00e9 vystihn\u00fa tvoj \u0161t\u00fdl. Balk\u00f3n sa stane pr\u00edjemn\u00fdm roz\u0161\u00edren\u00edm domova.<\/li>\n<li><strong>\ud83e\ude91 Variabiln\u00fd n\u00e1bytok:<\/strong> Vyberaj skladac\u00ed, odoln\u00fd a viac\u00fa\u010delov\u00fd n\u00e1bytok, ktor\u00fd prinesie pohodlie aj flexibilitu \u2013 ide\u00e1lne pre mal\u00e9 balk\u00f3nov\u00e9 priestory.<\/li>\n<\/ul>\n<\/div>\n<h2>\u00datuln\u00fd rohov\u00fd balk\u00f3nov\u00fd k\u00fatik<\/h2>\n<p><img loading=\"lazy\" decoding=\"async\" width=\"700\" height=\"1050\" alt=\"Poz\u00fdvav\u00fd balk\u00f3n s pohodln\u00fdm seden\u00edm, dekora\u010dn\u00fdmi vank\u00fa\u0161mi, ru\u017eov\u00fdmi kvetmi a jemn\u00fdmi z\u00e1vesmi, ktor\u00e9 vytv\u00e1raj\u00fa pokojn\u00e9 vonkaj\u0161ie \u00fato\u010disko.\" class=\"aligncenter size-full wp-image-6309\" src=\"https:\/\/doubletakedecor.com\/uploads\/2025\/08\/small-balcony-design-dtd-01.jpg\" srcset=\"https:\/\/doubletakedecor.com\/uploads\/2025\/08\/small-balcony-design-dtd-01.jpg 700w, https:\/\/doubletakedecor.com\/uploads\/2025\/08\/small-balcony-design-dtd-01-200x300.jpg 200w, https:\/\/doubletakedecor.com\/uploads\/2025\/08\/small-balcony-design-dtd-01-683x1024.jpg 683w, https:\/\/doubletakedecor.com\/uploads\/2025\/08\/small-balcony-design-dtd-01-96x144.jpg 96w, https:\/\/doubletakedecor.com\/uploads\/2025\/08\/small-balcony-design-dtd-01-280x420.jpg 280w, https:\/\/doubletakedecor.com\/uploads\/2025\/08\/small-balcony-design-dtd-01-320x480.jpg 320w, https:\/\/doubletakedecor.com\/uploads\/2025\/08\/small-balcony-design-dtd-01-360x540.jpg 360w, https:\/\/doubletakedecor.com\/uploads\/2025\/08\/small-balcony-design-dtd-01-363x545.jpg 363w, https:\/\/doubletakedecor.com\/uploads\/2025\/08\/small-balcony-design-dtd-01-370x555.jpg 370w, https:\/\/doubletakedecor.com\/uploads\/2025\/08\/small-balcony-design-dtd-01-400x600.jpg 400w, https:\/\/doubletakedecor.com\/uploads\/2025\/08\/small-balcony-design-dtd-01-560x840.jpg 560w, https:\/\/doubletakedecor.com\/uploads\/2025\/08\/small-balcony-design-dtd-01-480x720.jpg 480w\" sizes=\"auto, (max-width: 700px) 100vw, 700px\" \/><\/p>\n<p>Vytvor si o\u00e1zu pokoja pomocou text\u00far \u2013 pou\u017ei pruhovan\u00e9 vank\u00fa\u0161e \u010di deky s brmbolcami. Rohov\u00e1 lavica \u0161etr\u00ed miesto aj zvy\u0161uje pohodlie. Po z\u00e1bradl\u00ed zaveste prev\u00edsaj\u00face rastliny, ktor\u00e9 pridaj\u00fa zele\u0148 aj s\u00fakromie. Priestor z\u00fatuln\u00ed koberec s v\u00fdraznou text\u00farou a z\u00e1vesy, ktor\u00e9 opticky oddelia tvoj mal\u00fd raj od sveta.<\/p>\n<h2>Bambusov\u00e9 z\u00e1kutie na oddych<\/h2>\n<p><img loading=\"lazy\" decoding=\"async\" width=\"700\" height=\"1050\" alt=\"Modern\u00fd balk\u00f3n so siv\u00fdmi kreslami, dreven\u00fdm stol\u00edkom a bambusov\u00fdmi rastlinami, ktor\u00e9 vytv\u00e1raj\u00fa pokojn\u00e9 vonkaj\u0161ie sedenie.\" class=\"aligncenter size-full wp-image-6315\" src=\"https:\/\/doubletakedecor.com\/uploads\/2025\/08\/small-balcony-design-dtd-02.jpg\" srcset=\"https:\/\/doubletakedecor.com\/uploads\/2025\/08\/small-balcony-design-dtd-02.jpg 700w, https:\/\/doubletakedecor.com\/uploads\/2025\/08\/small-balcony-design-dtd-02-200x300.jpg 200w, https:\/\/doubletakedecor.com\/uploads\/2025\/08\/small-balcony-design-dtd-02-683x1024.jpg 683w, https:\/\/doubletakedecor.com\/uploads\/2025\/08\/small-balcony-design-dtd-02-96x144.jpg 96w, https:\/\/doubletakedecor.com\/uploads\/2025\/08\/small-balcony-design-dtd-02-280x420.jpg 280w, https:\/\/doubletakedecor.com\/uploads\/2025\/08\/small-balcony-design-dtd-02-320x480.jpg 320w, https:\/\/doubletakedecor.com\/uploads\/2025\/08\/small-balcony-design-dtd-02-360x540.jpg 360w, https:\/\/doubletakedecor.com\/uploads\/2025\/08\/small-balcony-design-dtd-02-363x545.jpg 363w, https:\/\/doubletakedecor.com\/uploads\/2025\/08\/small-balcony-design-dtd-02-370x555.jpg 370w, https:\/\/doubletakedecor.com\/uploads\/2025\/08\/small-balcony-design-dtd-02-400x600.jpg 400w, https:\/\/doubletakedecor.com\/uploads\/2025\/08\/small-balcony-design-dtd-02-560x840.jpg 560w, https:\/\/doubletakedecor.com\/uploads\/2025\/08\/small-balcony-design-dtd-02-480x720.jpg 480w\" sizes=\"auto, (max-width: 700px) 100vw, 700px\" \/><\/p>\n<p>Pre viac s\u00fakromia a atmosf\u00e9ry ohrani\u010d svoj balk\u00f3n vysok\u00fdmi bambusmi. O pohodlie sa postaraj\u00fa kresl\u00e1 s jemn\u00fdmi vank\u00fa\u0161mi a dreven\u00fd konferen\u010dn\u00fd stol\u00edk. Dreven\u00e1 podlaha zahreje dojem a presklen\u00e9 z\u00e1bradlie zachov\u00e1va vzdu\u0161nos\u0165. Ide\u00e1lne spojenie \u0161t\u00fdlu a \u00fato\u010diska aj v ru\u0161nom meste.<\/p>\n<h2>Ve\u010dern\u00fd balk\u00f3n pln\u00fd pohody so svetielkami<\/h2>\n<p><img loading=\"lazy\" decoding=\"async\" width=\"700\" height=\"1050\" alt=\"\u00datuln\u00e9 balk\u00f3nov\u00e9 posedenie s re\u0165azov\u00fdmi svetielkami, svetlou pohovkou, rastlinami na poli\u010dk\u00e1ch a dekorat\u00edvnym kobercom.\" class=\"aligncenter size-full wp-image-6321\" src=\"https:\/\/doubletakedecor.com\/uploads\/2025\/08\/small-balcony-design-dtd-03.jpg\" srcset=\"https:\/\/doubletakedecor.com\/uploads\/2025\/08\/small-balcony-design-dtd-03.jpg 700w, https:\/\/doubletakedecor.com\/uploads\/2025\/08\/small-balcony-design-dtd-03-200x300.jpg 200w, https:\/\/doubletakedecor.com\/uploads\/2025\/08\/small-balcony-design-dtd-03-683x1024.jpg 683w, https:\/\/doubletakedecor.com\/uploads\/2025\/08\/small-balcony-design-dtd-03-96x144.jpg 96w, https:\/\/doubletakedecor.com\/uploads\/2025\/08\/small-balcony-design-dtd-03-280x420.jpg 280w, https:\/\/doubletakedecor.com\/uploads\/2025\/08\/small-balcony-design-dtd-03-320x480.jpg 320w, https:\/\/doubletakedecor.com\/uploads\/2025\/08\/small-balcony-design-dtd-03-360x540.jpg 360w, https:\/\/doubletakedecor.com\/uploads\/2025\/08\/small-balcony-design-dtd-03-363x545.jpg 363w, https:\/\/doubletakedecor.com\/uploads\/2025\/08\/small-balcony-design-dtd-03-370x555.jpg 370w, https:\/\/doubletakedecor.com\/uploads\/2025\/08\/small-balcony-design-dtd-03-400x600.jpg 400w, https:\/\/doubletakedecor.com\/uploads\/2025\/08\/small-balcony-design-dtd-03-560x840.jpg 560w, https:\/\/doubletakedecor.com\/uploads\/2025\/08\/small-balcony-design-dtd-03-480x720.jpg 480w\" sizes=\"auto, (max-width: 700px) 100vw, 700px\" \/><\/p>\n<p>Rozves svoje miesto na balk\u00f3ne svetielkami, ktor\u00e9 spravia magick\u00fa atmosf\u00e9ru na ve\u010dern\u00fd oddych. Pohovka so svetl\u00fdmi vank\u00fa\u0161mi a n\u00edzky stol\u00edk dodaj\u00fa pohodlie. Na police rozmiestni rastliny v \u010drepn\u00edkoch a koberec s vzorom opticky vy\u010dlen\u00ed priestor. Kombinuj zele\u0148 s praktick\u00fdm n\u00e1bytkom pre dokonal\u00fd relax.<\/p>\n<h2>Balk\u00f3nov\u00e9 sedenie v neutr\u00e1lnych t\u00f3noch<\/h2>\n<p><img loading=\"lazy\" decoding=\"async\" width=\"700\" height=\"1050\" alt=\"Dreven\u00e1 lavica na balk\u00f3ne s neutr\u00e1lnymi vank\u00fa\u0161mi, pletenou dekou, \u010drepn\u00edkov\u00fdmi rastlinami a v\u00fdh\u013eadom na kopce a stromy.\" class=\"aligncenter size-full wp-image-6327\" src=\"https:\/\/doubletakedecor.com\/uploads\/2025\/08\/small-balcony-design-dtd-04.jpg\" srcset=\"https:\/\/doubletakedecor.com\/uploads\/2025\/08\/small-balcony-design-dtd-04.jpg 700w, https:\/\/doubletakedecor.com\/uploads\/2025\/08\/small-balcony-design-dtd-04-200x300.jpg 200w, https:\/\/doubletakedecor.com\/uploads\/2025\/08\/small-balcony-design-dtd-04-683x1024.jpg 683w, https:\/\/doubletakedecor.com\/uploads\/2025\/08\/small-balcony-design-dtd-04-96x144.jpg 96w, https:\/\/doubletakedecor.com\/uploads\/2025\/08\/small-balcony-design-dtd-04-280x420.jpg 280w, https:\/\/doubletakedecor.com\/uploads\/2025\/08\/small-balcony-design-dtd-04-320x480.jpg 320w, https:\/\/doubletakedecor.com\/uploads\/2025\/08\/small-balcony-design-dtd-04-360x540.jpg 360w, https:\/\/doubletakedecor.com\/uploads\/2025\/08\/small-balcony-design-dtd-04-363x545.jpg 363w, https:\/\/doubletakedecor.com\/uploads\/2025\/08\/small-balcony-design-dtd-04-370x555.jpg 370w, https:\/\/doubletakedecor.com\/uploads\/2025\/08\/small-balcony-design-dtd-04-400x600.jpg 400w, https:\/\/doubletakedecor.com\/uploads\/2025\/08\/small-balcony-design-dtd-04-560x840.jpg 560w, https:\/\/doubletakedecor.com\/uploads\/2025\/08\/small-balcony-design-dtd-04-480x720.jpg 480w\" sizes=\"auto, (max-width: 700px) 100vw, 700px\" \/><\/p>\n<p>Zaria\u010f si \u00fatuln\u00fd k\u00fat s neutr\u00e1lnymi vank\u00fa\u0161mi a textilom. Jagu\u00e1r na ve\u010dery prid\u00e1 deka s bohatou text\u00farou a na stol\u00edk m\u00f4\u017ee\u0161 v\u017edy polo\u017ei\u0165 n\u00e1poje. \u010crepn\u00edky s rastlinkami v r\u00f4znych v\u00fd\u0161kach priestor o\u017eivia. Minimalizmus znamen\u00e1 viac pohodlia, menej neporiadku a pokojnej\u0161iu atmosf\u00e9ru.<\/p>\n<h2>Slne\u010dn\u00fd v\u00fdklenok s pohodln\u00fdm kreslom<\/h2>\n<p><img loading=\"lazy\" decoding=\"async\" width=\"700\" height=\"1050\" alt=\"Modern\u00fd svetl\u00fd balk\u00f3n s ve\u013ek\u00fdmi oknami, oran\u017eov\u00fdm kreslom, dreven\u00fdm stol\u00edkom a dla\u017edicami so zeleno-bielym vzorom.\" class=\"aligncenter size-full wp-image-6333\" src=\"https:\/\/doubletakedecor.com\/uploads\/2025\/08\/small-balcony-design-dtd-05.jpg\" srcset=\"https:\/\/doubletakedecor.com\/uploads\/2025\/08\/small-balcony-design-dtd-05.jpg 700w, https:\/\/doubletakedecor.com\/uploads\/2025\/08\/small-balcony-design-dtd-05-200x300.jpg 200w, https:\/\/doubletakedecor.com\/uploads\/2025\/08\/small-balcony-design-dtd-05-683x1024.jpg 683w, https:\/\/doubletakedecor.com\/uploads\/2025\/08\/small-balcony-design-dtd-05-96x144.jpg 96w, https:\/\/doubletakedecor.com\/uploads\/2025\/08\/small-balcony-design-dtd-05-280x420.jpg 280w, https:\/\/doubletakedecor.com\/uploads\/2025\/08\/small-balcony-design-dtd-05-320x480.jpg 320w, https:\/\/doubletakedecor.com\/uploads\/2025\/08\/small-balcony-design-dtd-05-360x540.jpg 360w, https:\/\/doubletakedecor.com\/uploads\/2025\/08\/small-balcony-design-dtd-05-363x545.jpg 363w, https:\/\/doubletakedecor.com\/uploads\/2025\/08\/small-balcony-design-dtd-05-370x555.jpg 370w, https:\/\/doubletakedecor.com\/uploads\/2025\/08\/small-balcony-design-dtd-05-400x600.jpg 400w, https:\/\/doubletakedecor.com\/uploads\/2025\/08\/small-balcony-design-dtd-05-560x840.jpg 560w, https:\/\/doubletakedecor.com\/uploads\/2025\/08\/small-balcony-design-dtd-05-480x720.jpg 480w\" sizes=\"auto, (max-width: 700px) 100vw, 700px\" \/><\/p>\n<p>Preme\u0148 mal\u00fd balk\u00f3n na slne\u010dn\u00fa miestnos\u0165 s ve\u013ek\u00fdmi oknami. B\u00e9\u017eov\u00e9 rolety ti umo\u017enia regulova\u0165 svetlo, v\u00fdrazn\u00e9 kreslo v oran\u017eovej farbe pri\u0165ahuje poh\u013eady. Vzorovan\u00e9 dla\u017edice pod\u010diarknu \u0161t\u00fdl a mal\u00fd dreven\u00fd stol\u00edk je praktick\u00fd. S klimatiz\u00e1ciou si u\u017eije\u0161 pohodlie cel\u00fd rok.<\/p>\n<h2>Pokojn\u00fd k\u00fatik na \u010daj pri tehlovej stene<\/h2>\n<p><img loading=\"lazy\" decoding=\"async\" width=\"700\" height=\"1050\" alt=\"\u00datuln\u00fd ro\u017en\u00fd balk\u00f3n s tehlovou stenou, okr\u00fahlym bielym stol\u00edkom na \u010daj, ru\u017eov\u00fdm kvetom v \u010drepn\u00edku a pohodln\u00fdm kreslom.\" class=\"aligncenter size-full wp-image-6339\" src=\"https:\/\/doubletakedecor.com\/uploads\/2025\/08\/small-balcony-design-dtd-06.jpg\" srcset=\"https:\/\/doubletakedecor.com\/uploads\/2025\/08\/small-balcony-design-dtd-06.jpg 700w, https:\/\/doubletakedecor.com\/uploads\/2025\/08\/small-balcony-design-dtd-06-200x300.jpg 200w, https:\/\/doubletakedecor.com\/uploads\/2025\/08\/small-balcony-design-dtd-06-683x1024.jpg 683w, https:\/\/doubletakedecor.com\/uploads\/2025\/08\/small-balcony-design-dtd-06-96x144.jpg 96w, https:\/\/doubletakedecor.com\/uploads\/2025\/08\/small-balcony-design-dtd-06-280x420.jpg 280w, https:\/\/doubletakedecor.com\/uploads\/2025\/08\/small-balcony-design-dtd-06-320x480.jpg 320w, https:\/\/doubletakedecor.com\/uploads\/2025\/08\/small-balcony-design-dtd-06-360x540.jpg 360w, https:\/\/doubletakedecor.com\/uploads\/2025\/08\/small-balcony-design-dtd-06-363x545.jpg 363w, https:\/\/doubletakedecor.com\/uploads\/2025\/08\/small-balcony-design-dtd-06-370x555.jpg 370w, https:\/\/doubletakedecor.com\/uploads\/2025\/08\/small-balcony-design-dtd-06-400x600.jpg 400w, https:\/\/doubletakedecor.com\/uploads\/2025\/08\/small-balcony-design-dtd-06-560x840.jpg 560w, https:\/\/doubletakedecor.com\/uploads\/2025\/08\/small-balcony-design-dtd-06-480x720.jpg 480w\" sizes=\"auto, (max-width: 700px) 100vw, 700px\" \/><\/p>\n<p>Odd\u00fdchni si pri okr\u00fahlom bielom stole polo\u017eenom pri svetlej tehlovej stene. Skladacia stoli\u010dka s m\u00e4kk\u00fdm vank\u00fa\u0161om ti zaru\u010d\u00ed pohodlie. Kombin\u00e1cia bielych a levandu\u013eov\u00fdch z\u00e1vesov kr\u00e1sne zjemn\u00ed slne\u010dn\u00e9 svetlo. Na koberec a do kvetin\u00e1\u010da pridaj rozkvitnut\u00fd kvietok pre atmosf\u00e9ru ide\u00e1lnu na popolud\u0148aj\u0161\u00ed \u010daj.<\/p>\n<h2>\u00datuln\u00e9 pleten\u00e9 relaxa\u010dn\u00e9 z\u00e1kutie so zele\u0148ou<\/h2>\n<p><img loading=\"lazy\" decoding=\"async\" width=\"700\" height=\"1050\" alt=\"Pleten\u00e9 kreslo s vank\u00fa\u0161om, dreven\u00e9 stoli\u010dky s \u010drepn\u00edkmi, rustik\u00e1lne oplotenie, \u017elt\u00e9 kvetin\u00e1\u010de a zelen\u00fd umel\u00fd tr\u00e1vnik.\" class=\"aligncenter size-full wp-image-6345\" src=\"https:\/\/doubletakedecor.com\/uploads\/2025\/08\/small-balcony-design-dtd-07.jpg\" srcset=\"https:\/\/doubletakedecor.com\/uploads\/2025\/08\/small-balcony-design-dtd-07.jpg 700w, https:\/\/doubletakedecor.com\/uploads\/2025\/08\/small-balcony-design-dtd-07-200x300.jpg 200w, https:\/\/doubletakedecor.com\/uploads\/2025\/08\/small-balcony-design-dtd-07-683x1024.jpg 683w, https:\/\/doubletakedecor.com\/uploads\/2025\/08\/small-balcony-design-dtd-07-96x144.jpg 96w, https:\/\/doubletakedecor.com\/uploads\/2025\/08\/small-balcony-design-dtd-07-280x420.jpg 280w, https:\/\/doubletakedecor.com\/uploads\/2025\/08\/small-balcony-design-dtd-07-320x480.jpg 320w, https:\/\/doubletakedecor.com\/uploads\/2025\/08\/small-balcony-design-dtd-07-360x540.jpg 360w, https:\/\/doubletakedecor.com\/uploads\/2025\/08\/small-balcony-design-dtd-07-363x545.jpg 363w, https:\/\/doubletakedecor.com\/uploads\/2025\/08\/small-balcony-design-dtd-07-370x555.jpg 370w, https:\/\/doubletakedecor.com\/uploads\/2025\/08\/small-balcony-design-dtd-07-400x600.jpg 400w, https:\/\/doubletakedecor.com\/uploads\/2025\/08\/small-balcony-design-dtd-07-560x840.jpg 560w, https:\/\/doubletakedecor.com\/uploads\/2025\/08\/small-balcony-design-dtd-07-480x720.jpg 480w\" sizes=\"auto, (max-width: 700px) 100vw, 700px\" \/><\/p>\n<p>Vytvor si multifunk\u010dn\u00fd k\u00fat pomocou pleten\u00e9ho kresla v hlavnej \u00falohe. Dreven\u00e9 taburetky vyu\u017eije\u0161 aj ako stojany na kvety v r\u00f4znych v\u00fd\u0161kach. Na plot prichy\u0165 farebn\u00e9 kvetin\u00e1\u010de a podlaha s umelou tr\u00e1vou dod\u00e1 pr\u00edjemn\u00fd vzh\u013ead bez n\u00e1ro\u010dnej starostlivosti.<\/p>\n<h2>Elegantn\u00e9 jed\u00e1lensk\u00e9 sedenie na balk\u00f3ne<\/h2>\n<p><img loading=\"lazy\" decoding=\"async\" width=\"700\" height=\"1050\" alt=\"\u00datuln\u00fd balk\u00f3n s \u010diernym okr\u00fahlym stolom, \u0161t\u00fdlov\u00fdmi stoli\u010dkami, v\u00ednom, zele\u0148ou a franc\u00fazskymi dverami.\" class=\"aligncenter size-full wp-image-6351\" src=\"https:\/\/doubletakedecor.com\/uploads\/2025\/08\/small-balcony-design-dtd-08.jpg\" srcset=\"https:\/\/doubletakedecor.com\/uploads\/2025\/08\/small-balcony-design-dtd-08.jpg 700w, https:\/\/doubletakedecor.com\/uploads\/2025\/08\/small-balcony-design-dtd-08-200x300.jpg 200w, https:\/\/doubletakedecor.com\/uploads\/2025\/08\/small-balcony-design-dtd-08-683x1024.jpg 683w, https:\/\/doubletakedecor.com\/uploads\/2025\/08\/small-balcony-design-dtd-08-96x144.jpg 96w, https:\/\/doubletakedecor.com\/uploads\/2025\/08\/small-balcony-design-dtd-08-280x420.jpg 280w, https:\/\/doubletakedecor.com\/uploads\/2025\/08\/small-balcony-design-dtd-08-320x480.jpg 320w, https:\/\/doubletakedecor.com\/uploads\/2025\/08\/small-balcony-design-dtd-08-360x540.jpg 360w, https:\/\/doubletakedecor.com\/uploads\/2025\/08\/small-balcony-design-dtd-08-363x545.jpg 363w, https:\/\/doubletakedecor.com\/uploads\/2025\/08\/small-balcony-design-dtd-08-370x555.jpg 370w, https:\/\/doubletakedecor.com\/uploads\/2025\/08\/small-balcony-design-dtd-08-400x600.jpg 400w, https:\/\/doubletakedecor.com\/uploads\/2025\/08\/small-balcony-design-dtd-08-560x840.jpg 560w, https:\/\/doubletakedecor.com\/uploads\/2025\/08\/small-balcony-design-dtd-08-480x720.jpg 480w\" sizes=\"auto, (max-width: 700px) 100vw, 700px\" \/><\/p>\n<p>Prenes jed\u00e1lnu pohodu na balk\u00f3n \u2013 okr\u00fahly st\u00f4l so stoli\u010dkami z\u00fatulnia m\u00e4kk\u00e9 podsed\u00e1ky. Priprav si z\u00e1kladn\u00e9 prestieranie, aby mohla by\u0165 r\u00fdchlo poruke aj mal\u00e1 hostina. Pred zrakmi \u0165a ochr\u00e1nia zelen\u00e9 kr\u00edky v \u010drepn\u00edkoch, ale balk\u00f3n ostane pr\u00edjemne otvoren\u00fd. Odtvoren\u00e9 dvere prepoja interi\u00e9r s exteri\u00e9rom.<\/p>\n<h2>\u00datuln\u00e1 lavica s visiacimi rastlinami<\/h2>\n<p><img loading=\"lazy\" decoding=\"async\" width=\"700\" height=\"1050\" alt=\"Pokojn\u00fd balk\u00f3n s lavicou, vank\u00fa\u0161mi, visiacimi rastlinami, svetielkami a koberecom s dekorat\u00edvnym vzorom.\" class=\"aligncenter size-full wp-image-6357\" src=\"https:\/\/doubletakedecor.com\/uploads\/2025\/08\/small-balcony-design-dtd-09.jpg\" srcset=\"https:\/\/doubletakedecor.com\/uploads\/2025\/08\/small-balcony-design-dtd-09.jpg 700w, https:\/\/doubletakedecor.com\/uploads\/2025\/08\/small-balcony-design-dtd-09-200x300.jpg 200w, https:\/\/doubletakedecor.com\/uploads\/2025\/08\/small-balcony-design-dtd-09-683x1024.jpg 683w, https:\/\/doubletakedecor.com\/uploads\/2025\/08\/small-balcony-design-dtd-09-96x144.jpg 96w, https:\/\/doubletakedecor.com\/uploads\/2025\/08\/small-balcony-design-dtd-09-280x420.jpg 280w, https:\/\/doubletakedecor.com\/uploads\/2025\/08\/small-balcony-design-dtd-09-320x480.jpg 320w, https:\/\/doubletakedecor.com\/uploads\/2025\/08\/small-balcony-design-dtd-09-360x540.jpg 360w, https:\/\/doubletakedecor.com\/uploads\/2025\/08\/small-balcony-design-dtd-09-363x545.jpg 363w, https:\/\/doubletakedecor.com\/uploads\/2025\/08\/small-balcony-design-dtd-09-370x555.jpg 370w, https:\/\/doubletakedecor.com\/uploads\/2025\/08\/small-balcony-design-dtd-09-400x600.jpg 400w, https:\/\/doubletakedecor.com\/uploads\/2025\/08\/small-balcony-design-dtd-09-560x840.jpg 560w, https:\/\/doubletakedecor.com\/uploads\/2025\/08\/small-balcony-design-dtd-09-480x720.jpg 480w\" sizes=\"auto, (max-width: 700px) 100vw, 700px\" \/><\/p>\n<p>Prenes si pokoj na balk\u00f3n v\u010faka lavici, pohodln\u00fdm vank\u00fa\u0161om a dek\u00e1m. Zvisl\u00e9 miesto u\u0161etr\u00ed\u0161 zavesen\u00fdmi rastlinami, ktor\u00e9 dodaj\u00fa zele\u0148 bez toho, aby zabrali podlahu. Ve\u010dern\u00fa atmosf\u00e9ru vytvoria svetielka, praktick\u00fd je mal\u00fd stol\u010dek. Vzorovan\u00fd koberec zostruje priestor a zohreje atmosf\u00e9ru.<\/p>\n<h2>\u00datuln\u00e9 teepee na oddych<\/h2>\n<p><img loading=\"lazy\" decoding=\"async\" width=\"700\" height=\"1050\" alt=\"Biely stan v tvare teepee na balk\u00f3ne s m\u00e4kk\u00fdmi vank\u00fa\u0161mi, pre\u0161\u00edvanou podlo\u017ekou a mal\u00fdm stol\u00edkom.\" class=\"aligncenter size-full wp-image-6363\" src=\"https:\/\/doubletakedecor.com\/uploads\/2025\/08\/small-balcony-design-dtd-10.jpg\" srcset=\"https:\/\/doubletakedecor.com\/uploads\/2025\/08\/small-balcony-design-dtd-10.jpg 700w, https:\/\/doubletakedecor.com\/uploads\/2025\/08\/small-balcony-design-dtd-10-200x300.jpg 200w, https:\/\/doubletakedecor.com\/uploads\/2025\/08\/small-balcony-design-dtd-10-683x1024.jpg 683w, https:\/\/doubletakedecor.com\/uploads\/2025\/08\/small-balcony-design-dtd-10-96x144.jpg 96w, https:\/\/doubletakedecor.com\/uploads\/2025\/08\/small-balcony-design-dtd-10-280x420.jpg 280w, https:\/\/doubletakedecor.com\/uploads\/2025\/08\/small-balcony-design-dtd-10-320x480.jpg 320w, https:\/\/doubletakedecor.com\/uploads\/2025\/08\/small-balcony-design-dtd-10-360x540.jpg 360w, https:\/\/doubletakedecor.com\/uploads\/2025\/08\/small-balcony-design-dtd-10-363x545.jpg 363w, https:\/\/doubletakedecor.com\/uploads\/2025\/08\/small-balcony-design-dtd-10-370x555.jpg 370w, https:\/\/doubletakedecor.com\/uploads\/2025\/08\/small-balcony-design-dtd-10-400x600.jpg 400w, https:\/\/doubletakedecor.com\/uploads\/2025\/08\/small-balcony-design-dtd-10-560x840.jpg 560w, https:\/\/doubletakedecor.com\/uploads\/2025\/08\/small-balcony-design-dtd-10-480x720.jpg 480w\" sizes=\"auto, (max-width: 700px) 100vw, 700px\" \/><\/p>\n<p>Vytvor si tich\u00e9 miesto na oddych v bielom teepee zo vzdu\u0161nej l\u00e1tky. Pohodlie ti dodaj\u00fa vrstven\u00e9 text\u00edlie \u2013 pre\u0161\u00edvan\u00e1 podlo\u017eka, m\u00e4kk\u00e9 vank\u00fa\u0161e aj chlpat\u00fd koberec. Mal\u00fd stol\u00edk na n\u00e1poje a pr\u00faten\u00fd k\u00f4\u0161 na odkladanie robia z tohto k\u00fatika ide\u00e1lne miesto na \u010d\u00edtanie \u010di relax\u00e1ciu aj na malom balk\u00f3ne.<\/p>\n<h2>Mestsk\u00e1 stre\u0161n\u00e1 o\u00e1za s v\u00fdh\u013eadom na panor\u00e1mu<\/h2>\n<p><img loading=\"lazy\" decoding=\"async\" width=\"700\" height=\"1050\" alt=\"\u0160t\u00fdlov\u00e1 stre\u0161n\u00e1 terasa s n\u00e1bytkom s \u010dierno-bielymi pruhmi, kvetin\u00e1\u010dmi a panoramatick\u00fdm v\u00fdh\u013eadom na mesto na drevenej podlahe.\" class=\"aligncenter size-full wp-image-6369\" src=\"https:\/\/doubletakedecor.com\/uploads\/2025\/08\/small-balcony-design-dtd-11.jpg\" srcset=\"https:\/\/doubletakedecor.com\/uploads\/2025\/08\/small-balcony-design-dtd-11.jpg 700w, https:\/\/doubletakedecor.com\/uploads\/2025\/08\/small-balcony-design-dtd-11-200x300.jpg 200w, https:\/\/doubletakedecor.com\/uploads\/2025\/08\/small-balcony-design-dtd-11-683x1024.jpg 683w, https:\/\/doubletakedecor.com\/uploads\/2025\/08\/small-balcony-design-dtd-11-96x144.jpg 96w, https:\/\/doubletakedecor.com\/uploads\/2025\/08\/small-balcony-design-dtd-11-280x420.jpg 280w, https:\/\/doubletakedecor.com\/uploads\/2025\/08\/small-balcony-design-dtd-11-320x480.jpg 320w, https:\/\/doubletakedecor.com\/uploads\/2025\/08\/small-balcony-design-dtd-11-360x540.jpg 360w, https:\/\/doubletakedecor.com\/uploads\/2025\/08\/small-balcony-design-dtd-11-363x545.jpg 363w, https:\/\/doubletakedecor.com\/uploads\/2025\/08\/small-balcony-design-dtd-11-370x555.jpg 370w, https:\/\/doubletakedecor.com\/uploads\/2025\/08\/small-balcony-design-dtd-11-400x600.jpg 400w, https:\/\/doubletakedecor.com\/uploads\/2025\/08\/small-balcony-design-dtd-11-560x840.jpg 560w, https:\/\/doubletakedecor.com\/uploads\/2025\/08\/small-balcony-design-dtd-11-480x720.jpg 480w\" sizes=\"auto, (max-width: 700px) 100vw, 700px\" \/><\/p>\n<p>Preme\u0148 svoj mal\u00fd balk\u00f3n na mestsk\u00fa o\u00e1zu pomocou v\u00fdrazn\u00fdch \u010dierno-bielych pruhovan\u00fdch vank\u00fa\u0161ov na drevenom n\u00e1bytku. Kvetin\u00e1\u010de v modern\u00fdch \u010diernych n\u00e1dob\u00e1ch rozmiestni po obvode, aby si vytvoril pr\u00edrodn\u00fa hranicu. Vyber si jednotn\u00fa farebn\u00fa sch\u00e9mu, ktor\u00e1 lad\u00ed s exteri\u00e9rom budovy, pre harmonick\u00fd vzh\u013ead a \u010do najlep\u0161\u00ed v\u00fdh\u013ead na mesto.<\/p>\n<h2>Sc\u00e9nick\u00e9 stolovanie na terase<\/h2>\n<p><img loading=\"lazy\" decoding=\"async\" width=\"700\" height=\"1050\" alt=\"Elegantn\u00e1 vonkaj\u0161ia jed\u00e1le\u0148 na drevenej terase s pruhovan\u00fdm obrusom, \u010derstv\u00fdm jedlom a kr\u00e1snym v\u00fdh\u013eadom na kopce a vodu.\" class=\"aligncenter size-full wp-image-6375\" src=\"https:\/\/doubletakedecor.com\/uploads\/2025\/08\/small-balcony-design-dtd-12.jpg\" srcset=\"https:\/\/doubletakedecor.com\/uploads\/2025\/08\/small-balcony-design-dtd-12.jpg 700w, https:\/\/doubletakedecor.com\/uploads\/2025\/08\/small-balcony-design-dtd-12-200x300.jpg 200w, https:\/\/doubletakedecor.com\/uploads\/2025\/08\/small-balcony-design-dtd-12-683x1024.jpg 683w, https:\/\/doubletakedecor.com\/uploads\/2025\/08\/small-balcony-design-dtd-12-96x144.jpg 96w, https:\/\/doubletakedecor.com\/uploads\/2025\/08\/small-balcony-design-dtd-12-280x420.jpg 280w, https:\/\/doubletakedecor.com\/uploads\/2025\/08\/small-balcony-design-dtd-12-320x480.jpg 320w, https:\/\/doubletakedecor.com\/uploads\/2025\/08\/small-balcony-design-dtd-12-360x540.jpg 360w, https:\/\/doubletakedecor.com\/uploads\/2025\/08\/small-balcony-design-dtd-12-363x545.jpg 363w, https:\/\/doubletakedecor.com\/uploads\/2025\/08\/small-balcony-design-dtd-12-370x555.jpg 370w, https:\/\/doubletakedecor.com\/uploads\/2025\/08\/small-balcony-design-dtd-12-400x600.jpg 400w, https:\/\/doubletakedecor.com\/uploads\/2025\/08\/small-balcony-design-dtd-12-560x840.jpg 560w, https:\/\/doubletakedecor.com\/uploads\/2025\/08\/small-balcony-design-dtd-12-480x720.jpg 480w\" sizes=\"auto, (max-width: 700px) 100vw, 700px\" \/><\/p>\n<p>Urob si z balk\u00f3na \u0161t\u00fdlov\u00e9 miesto na stolovanie pomocou pruhovan\u00e9ho obrusu v neutr\u00e1lnych farb\u00e1ch. Na st\u00f4l polo\u017e \u010derstv\u00fd chlieb, ovocie a nezabudni na kvety vo v\u00e1ze ako stredobod. Skombinuj r\u00f4zne typy stoli\u010diek, aby bol priestor zauj\u00edmavej\u0161\u00ed, ale farby nech spolu ladia. Umiestni st\u00f4l tak, aby si \u010do najviac vychutnal v\u00fdh\u013ead a c\u00edtil sa ako v re\u0161taur\u00e1cii.<\/p>\n<h2>Balk\u00f3n s pruhovanou mark\u00edzou<\/h2>\n<p><img loading=\"lazy\" decoding=\"async\" width=\"700\" height=\"1050\" alt=\"\u0160t\u00fdlov\u00fd balk\u00f3n s \u010dierno-bielou pruhovanou mark\u00edzou, modern\u00fdm kreslom Acapulco a kvetin\u00e1\u010dmi na bielych sten\u00e1ch a sivej podlahe.\" class=\"aligncenter size-full wp-image-6381\" src=\"https:\/\/doubletakedecor.com\/uploads\/2025\/08\/small-balcony-design-dtd-13.jpg\" srcset=\"https:\/\/doubletakedecor.com\/uploads\/2025\/08\/small-balcony-design-dtd-13.jpg 700w, https:\/\/doubletakedecor.com\/uploads\/2025\/08\/small-balcony-design-dtd-13-200x300.jpg 200w, https:\/\/doubletakedecor.com\/uploads\/2025\/08\/small-balcony-design-dtd-13-683x1024.jpg 683w, https:\/\/doubletakedecor.com\/uploads\/2025\/08\/small-balcony-design-dtd-13-96x144.jpg 96w, https:\/\/doubletakedecor.com\/uploads\/2025\/08\/small-balcony-design-dtd-13-280x420.jpg 280w, https:\/\/doubletakedecor.com\/uploads\/2025\/08\/small-balcony-design-dtd-13-320x480.jpg 320w, https:\/\/doubletakedecor.com\/uploads\/2025\/08\/small-balcony-design-dtd-13-360x540.jpg 360w, https:\/\/doubletakedecor.com\/uploads\/2025\/08\/small-balcony-design-dtd-13-363x545.jpg 363w, https:\/\/doubletakedecor.com\/uploads\/2025\/08\/small-balcony-design-dtd-13-370x555.jpg 370w, https:\/\/doubletakedecor.com\/uploads\/2025\/08\/small-balcony-design-dtd-13-400x600.jpg 400w, https:\/\/doubletakedecor.com\/uploads\/2025\/08\/small-balcony-design-dtd-13-560x840.jpg 560w, https:\/\/doubletakedecor.com\/uploads\/2025\/08\/small-balcony-design-dtd-13-480x720.jpg 480w\" sizes=\"auto, (max-width: 700px) 100vw, 700px\" \/><\/p>\n<p>Pruhovan\u00e1 \u010dierno-biela mark\u00edza prinesie na tvoj mal\u00fd balk\u00f3n tie\u0148 aj \u0161t\u00fdl. Skombinuj ju s \u010dist\u00fdmi bielymi stenami na lep\u0161ie svetlo a so sivou podlahou, ktor\u00e1 je praktick\u00e1. Pridaj v\u00fdrazn\u00e9 kreslo a zelen\u00e9 rastliny v kvetin\u00e1\u010doch. Takto z\u00edska\u0161 modern\u00fd a funk\u010dn\u00fd balk\u00f3n vhodn\u00fd pre mestsk\u00e9 b\u00fdvanie.<\/p>\n<h2>Pr\u00edjemn\u00fd k\u00fatik s lavi\u010dkou a z\u00e1stenou<\/h2>\n<p><img loading=\"lazy\" decoding=\"async\" width=\"700\" height=\"1050\" alt=\"Dreven\u00e1 lavi\u010dka s vank\u00fa\u0161mi a dekou pri malom stole s kvetmi, obklopen\u00e1 rastlinami a lamelovou z\u00e1st\u011bnou.\" class=\"aligncenter size-full wp-image-6387\" src=\"https:\/\/doubletakedecor.com\/uploads\/2025\/08\/small-balcony-design-dtd-14.jpg\" srcset=\"https:\/\/doubletakedecor.com\/uploads\/2025\/08\/small-balcony-design-dtd-14.jpg 700w, https:\/\/doubletakedecor.com\/uploads\/2025\/08\/small-balcony-design-dtd-14-200x300.jpg 200w, https:\/\/doubletakedecor.com\/uploads\/2025\/08\/small-balcony-design-dtd-14-683x1024.jpg 683w, https:\/\/doubletakedecor.com\/uploads\/2025\/08\/small-balcony-design-dtd-14-96x144.jpg 96w, https:\/\/doubletakedecor.com\/uploads\/2025\/08\/small-balcony-design-dtd-14-280x420.jpg 280w, https:\/\/doubletakedecor.com\/uploads\/2025\/08\/small-balcony-design-dtd-14-320x480.jpg 320w, https:\/\/doubletakedecor.com\/uploads\/2025\/08\/small-balcony-design-dtd-14-360x540.jpg 360w, https:\/\/doubletakedecor.com\/uploads\/2025\/08\/small-balcony-design-dtd-14-363x545.jpg 363w, https:\/\/doubletakedecor.com\/uploads\/2025\/08\/small-balcony-design-dtd-14-370x555.jpg 370w, https:\/\/doubletakedecor.com\/uploads\/2025\/08\/small-balcony-design-dtd-14-400x600.jpg 400w, https:\/\/doubletakedecor.com\/uploads\/2025\/08\/small-balcony-design-dtd-14-560x840.jpg 560w, https:\/\/doubletakedecor.com\/uploads\/2025\/08\/small-balcony-design-dtd-14-480x720.jpg 480w\" sizes=\"auto, (max-width: 700px) 100vw, 700px\" \/><\/p>\n<p>Dopraj si pokojn\u00fd oddych s drevenou lavi\u010dkou, m\u00e4kk\u00fdmi vank\u00fa\u0161mi a dekou s brmbolcami. Mal\u00fd bo\u010dn\u00fd stol\u00edk vyu\u017eije\u0161 na n\u00e1poje alebo dekor\u00e1cie. Namontuj lamelov\u00fa z\u00e1stenou pre s\u00fakromie, ale nechaj priestor na vzduch a svetlo. Doladi priestor z\u00e1vesn\u00fdmi kvetin\u00e1\u010dmi a hu\u0148at\u00fdm kober\u010dekom pre v\u00e4\u010d\u0161ie pohodlie.<\/p>\n<h2>Pobre\u017en\u00e1 ob\u00fdva\u010dka s v\u00fdh\u013eadom na more<\/h2>\n<p><img loading=\"lazy\" decoding=\"async\" width=\"700\" height=\"1050\" alt=\"Koralov\u00e9 kreslo s pr\u00faten\u00fdmi opierkami a ozdobn\u00fdm vank\u00fa\u0161om pri sklen\u00fdch dver\u00e1ch s v\u00fdh\u013eadom na more a vonkaj\u0161\u00edm seden\u00edm.\" class=\"aligncenter size-full wp-image-6393\" src=\"https:\/\/doubletakedecor.com\/uploads\/2025\/08\/small-balcony-design-dtd-15.jpg\" srcset=\"https:\/\/doubletakedecor.com\/uploads\/2025\/08\/small-balcony-design-dtd-15.jpg 700w, https:\/\/doubletakedecor.com\/uploads\/2025\/08\/small-balcony-design-dtd-15-200x300.jpg 200w, https:\/\/doubletakedecor.com\/uploads\/2025\/08\/small-balcony-design-dtd-15-683x1024.jpg 683w, https:\/\/doubletakedecor.com\/uploads\/2025\/08\/small-balcony-design-dtd-15-96x144.jpg 96w, https:\/\/doubletakedecor.com\/uploads\/2025\/08\/small-balcony-design-dtd-15-280x420.jpg 280w, https:\/\/doubletakedecor.com\/uploads\/2025\/08\/small-balcony-design-dtd-15-320x480.jpg 320w, https:\/\/doubletakedecor.com\/uploads\/2025\/08\/small-balcony-design-dtd-15-360x540.jpg 360w, https:\/\/doubletakedecor.com\/uploads\/2025\/08\/small-balcony-design-dtd-15-363x545.jpg 363w, https:\/\/doubletakedecor.com\/uploads\/2025\/08\/small-balcony-design-dtd-15-370x555.jpg 370w, https:\/\/doubletakedecor.com\/uploads\/2025\/08\/small-balcony-design-dtd-15-400x600.jpg 400w, https:\/\/doubletakedecor.com\/uploads\/2025\/08\/small-balcony-design-dtd-15-560x840.jpg 560w, https:\/\/doubletakedecor.com\/uploads\/2025\/08\/small-balcony-design-dtd-15-480x720.jpg 480w\" sizes=\"auto, (max-width: 700px) 100vw, 700px\" \/><\/p>\n<p>Vytvor si tich\u00e9 miesto na \u010d\u00edtanie t\u00fdm, \u017ee postav\u00ed\u0161 zv\u00fdraz\u0148uj\u00face kreslo ku dver\u00e1m na balk\u00f3n. Vyber l\u00e1tky, ktor\u00e9 ladia s v\u00fdh\u013eadom, napr\u00edklad modr\u00e9 odtiene in\u0161pirovan\u00e9 morom. Z\u00e1clony nech s\u00fa \u013eahk\u00e9 a prep\u00fa\u0161\u0165aj\u00fa svetlo. Vonku m\u00f4\u017ee\u0161 da\u0165 mal\u00fd stol\u00edk na rann\u00fa k\u00e1vu s pekn\u00fdm v\u00fdh\u013eadom.<\/p>\n<h2>Pohodln\u00e9 posedenie s v\u00ednom a poch\u00fa\u0165kami<\/h2>\n<p><img loading=\"lazy\" decoding=\"async\" width=\"700\" height=\"1050\" alt=\"\u00datuln\u00fd balk\u00f3n s dreven\u00fdm stol\u00edkom, v\u00ednom a pohodln\u00fdm seden\u00edm s v\u00fdh\u013eadom na hory cez zele\u0148 na z\u00e1bradl\u00ed.\" class=\"aligncenter size-full wp-image-6399\" src=\"https:\/\/doubletakedecor.com\/uploads\/2025\/08\/small-balcony-design-dtd-16.jpg\" srcset=\"https:\/\/doubletakedecor.com\/uploads\/2025\/08\/small-balcony-design-dtd-16.jpg 700w, https:\/\/doubletakedecor.com\/uploads\/2025\/08\/small-balcony-design-dtd-16-200x300.jpg 200w, https:\/\/doubletakedecor.com\/uploads\/2025\/08\/small-balcony-design-dtd-16-683x1024.jpg 683w, https:\/\/doubletakedecor.com\/uploads\/2025\/08\/small-balcony-design-dtd-16-96x144.jpg 96w, https:\/\/doubletakedecor.com\/uploads\/2025\/08\/small-balcony-design-dtd-16-280x420.jpg 280w, https:\/\/doubletakedecor.com\/uploads\/2025\/08\/small-balcony-design-dtd-16-320x480.jpg 320w, https:\/\/doubletakedecor.com\/uploads\/2025\/08\/small-balcony-design-dtd-16-360x540.jpg 360w, https:\/\/doubletakedecor.com\/uploads\/2025\/08\/small-balcony-design-dtd-16-363x545.jpg 363w, https:\/\/doubletakedecor.com\/uploads\/2025\/08\/small-balcony-design-dtd-16-370x555.jpg 370w, https:\/\/doubletakedecor.com\/uploads\/2025\/08\/small-balcony-design-dtd-16-400x600.jpg 400w, https:\/\/doubletakedecor.com\/uploads\/2025\/08\/small-balcony-design-dtd-16-560x840.jpg 560w, https:\/\/doubletakedecor.com\/uploads\/2025\/08\/small-balcony-design-dtd-16-480x720.jpg 480w\" sizes=\"auto, (max-width: 700px) 100vw, 700px\" \/><\/p>\n<p>Premen svoj balk\u00f3n na romantick\u00e9 miesto s jednoduch\u00fdm dreven\u00fdm stolom. Pridaj pleten\u00fd ko\u0161\u00edk s modr\u00fdmi kvetmi a pod\u00e1vaj v\u00edno s mal\u00fdmi poch\u00fa\u0165kami na ve\u010der. Pre dokonal\u00e9 pohodlie rozho\u010f m\u00e4kk\u00e9 vank\u00fa\u0161e a deku v modr\u00fdch t\u00f3noch. Z\u00e1bradlie vyzdob rastlinami, aby si r\u00e1moval v\u00fdh\u013ead.<\/p>\n<h2>Pobre\u017en\u00fd vstup so n\u00e1morn\u00edckymi prvkami<\/h2>\n<p><img loading=\"lazy\" decoding=\"async\" width=\"700\" height=\"1050\" alt=\"Malebn\u00fd pobre\u017en\u00fd vstup s modr\u00fdmi dverami, star\u00fdmi \u0161ind\u013eami, visiacimi kvetmi a n\u00e1morn\u00edckymi detailami s v\u00fdh\u013eadom na pokojn\u00e9 pobre\u017eie s lo\u010fami.\" class=\"aligncenter size-full wp-image-6405\" src=\"https:\/\/doubletakedecor.com\/uploads\/2025\/08\/small-balcony-design-dtd-17.jpg\" srcset=\"https:\/\/doubletakedecor.com\/uploads\/2025\/08\/small-balcony-design-dtd-17.jpg 700w, https:\/\/doubletakedecor.com\/uploads\/2025\/08\/small-balcony-design-dtd-17-200x300.jpg 200w, https:\/\/doubletakedecor.com\/uploads\/2025\/08\/small-balcony-design-dtd-17-683x1024.jpg 683w, https:\/\/doubletakedecor.com\/uploads\/2025\/08\/small-balcony-design-dtd-17-96x144.jpg 96w, https:\/\/doubletakedecor.com\/uploads\/2025\/08\/small-balcony-design-dtd-17-280x420.jpg 280w, https:\/\/doubletakedecor.com\/uploads\/2025\/08\/small-balcony-design-dtd-17-320x480.jpg 320w, https:\/\/doubletakedecor.com\/uploads\/2025\/08\/small-balcony-design-dtd-17-360x540.jpg 360w, https:\/\/doubletakedecor.com\/uploads\/2025\/08\/small-balcony-design-dtd-17-363x545.jpg 363w, https:\/\/doubletakedecor.com\/uploads\/2025\/08\/small-balcony-design-dtd-17-370x555.jpg 370w, https:\/\/doubletakedecor.com\/uploads\/2025\/08\/small-balcony-design-dtd-17-400x600.jpg 400w, https:\/\/doubletakedecor.com\/uploads\/2025\/08\/small-balcony-design-dtd-17-560x840.jpg 560w, https:\/\/doubletakedecor.com\/uploads\/2025\/08\/small-balcony-design-dtd-17-480x720.jpg 480w\" sizes=\"auto, (max-width: 700px) 100vw, 700px\" \/><\/p>\n<p>Vytvor si na balk\u00f3ne pocit pr\u00edmorskej chalupy pou\u017eit\u00edm o\u0161\u00fachan\u00e9ho dreva, n\u00e1morn\u00edckych dekor\u00e1ci\u00ed a pestr\u00fdch kvetov v z\u00e1vesn\u00fdch \u010drepn\u00edkoch. Dialog modrej a bielej farby vytvor\u00ed pr\u00edmorsk\u00fa atmosf\u00e9ru. Pridaj ozdobn\u00fd kruh z\u00e1chrann\u00e9ho kolesa pre naozajstn\u00fd n\u00e1morn\u00edcky n\u00e1dych. Kvetin\u00e1\u010de rozmiestni tak, aby r\u00e1movali priestor a balk\u00f3n ostal vzdu\u0161n\u00fd.<\/p>\n<h2>V\u00fdrazn\u00fd balk\u00f3nov\u00fd k\u00fatik v modrej a zelenej<\/h2>\n<p><img loading=\"lazy\" decoding=\"async\" width=\"700\" height=\"1050\" alt=\"Pokojn\u00e1 balk\u00f3nov\u00e1 z\u00e1hradka s modr\u00fdm ozdobn\u00fdm stol\u00edkom, kvetin\u00e1\u010dmi pri tehlovej stene, \u010diernym plotom a pruhovan\u00fdm kobercom.\" class=\"aligncenter size-full wp-image-6411\" src=\"https:\/\/doubletakedecor.com\/uploads\/2025\/08\/small-balcony-design-dtd-18.jpg\" srcset=\"https:\/\/doubletakedecor.com\/uploads\/2025\/08\/small-balcony-design-dtd-18.jpg 700w, https:\/\/doubletakedecor.com\/uploads\/2025\/08\/small-balcony-design-dtd-18-200x300.jpg 200w, https:\/\/doubletakedecor.com\/uploads\/2025\/08\/small-balcony-design-dtd-18-683x1024.jpg 683w, https:\/\/doubletakedecor.com\/uploads\/2025\/08\/small-balcony-design-dtd-18-96x144.jpg 96w, https:\/\/doubletakedecor.com\/uploads\/2025\/08\/small-balcony-design-dtd-18-280x420.jpg 280w, https:\/\/doubletakedecor.com\/uploads\/2025\/08\/small-balcony-design-dtd-18-320x480.jpg 320w, https:\/\/doubletakedecor.com\/uploads\/2025\/08\/small-balcony-design-dtd-18-360x540.jpg 360w, https:\/\/doubletakedecor.com\/uploads\/2025\/08\/small-balcony-design-dtd-18-363x545.jpg 363w, https:\/\/doubletakedecor.com\/uploads\/2025\/08\/small-balcony-design-dtd-18-370x555.jpg 370w, https:\/\/doubletakedecor.com\/uploads\/2025\/08\/small-balcony-design-dtd-18-400x600.jpg 400w, https:\/\/doubletakedecor.com\/uploads\/2025\/08\/small-balcony-design-dtd-18-560x840.jpg 560w, https:\/\/doubletakedecor.com\/uploads\/2025\/08\/small-balcony-design-dtd-18-480x720.jpg 480w\" sizes=\"auto, (max-width: 700px) 100vw, 700px\" \/><\/p>\n<p>Vytvor vertik\u00e1lnu z\u00e1hradu pripevnen\u00edm \u010diernej drevenej dosky na stenu balk\u00f3na. Pou\u017ei modr\u00fd doplnkov\u00fd stol\u00edk pre o\u017eivenie farieb a kombinuj rastliny r\u00f4znych v\u00fd\u0161ok pre zauj\u00edmav\u00fd efekt. Pruhvan\u00fd koberec zhrani\u010d\u00ed priestor a prid\u00e1 text\u00faru. Tip: Skombinuj rastliny s lamp\u00e1\u0161mi pre \u00fatuln\u00fa atmosf\u00e9ru.<\/p>\n<h2>Prepojenie interi\u00e9ru a balk\u00f3na so zele\u0148ou<\/h2>\n<p><img loading=\"lazy\" decoding=\"async\" width=\"700\" height=\"1050\" alt=\"Svetl\u00fd interi\u00e9r s otvoren\u00fdmi sklenen\u00fdmi dverami na balk\u00f3n s ve\u013ekou rastlinou v \u010drepn\u00edku a terakotov\u00fdmi kvetin\u00e1\u010dmi na opotrebovanej drevenej podlahe.\" class=\"aligncenter size-full wp-image-6417\" src=\"https:\/\/doubletakedecor.com\/uploads\/2025\/08\/small-balcony-design-dtd-19.jpg\" srcset=\"https:\/\/doubletakedecor.com\/uploads\/2025\/08\/small-balcony-design-dtd-19.jpg 700w, https:\/\/doubletakedecor.com\/uploads\/2025\/08\/small-balcony-design-dtd-19-200x300.jpg 200w, https:\/\/doubletakedecor.com\/uploads\/2025\/08\/small-balcony-design-dtd-19-683x1024.jpg 683w, https:\/\/doubletakedecor.com\/uploads\/2025\/08\/small-balcony-design-dtd-19-96x144.jpg 96w, https:\/\/doubletakedecor.com\/uploads\/2025\/08\/small-balcony-design-dtd-19-280x420.jpg 280w, https:\/\/doubletakedecor.com\/uploads\/2025\/08\/small-balcony-design-dtd-19-320x480.jpg 320w, https:\/\/doubletakedecor.com\/uploads\/2025\/08\/small-balcony-design-dtd-19-360x540.jpg 360w, https:\/\/doubletakedecor.com\/uploads\/2025\/08\/small-balcony-design-dtd-19-363x545.jpg 363w, https:\/\/doubletakedecor.com\/uploads\/2025\/08\/small-balcony-design-dtd-19-370x555.jpg 370w, https:\/\/doubletakedecor.com\/uploads\/2025\/08\/small-balcony-design-dtd-19-400x600.jpg 400w, https:\/\/doubletakedecor.com\/uploads\/2025\/08\/small-balcony-design-dtd-19-560x840.jpg 560w, https:\/\/doubletakedecor.com\/uploads\/2025\/08\/small-balcony-design-dtd-19-480x720.jpg 480w\" sizes=\"auto, (max-width: 700px) 100vw, 700px\" \/><\/p>\n<p>Prepoj svoj ob\u00fdvac\u00ed priestor s balk\u00f3nom tak, \u017ee ku dver\u00e1m postav\u00ed\u0161 vy\u0161\u0161ie kvety v \u010drepn\u00edkoch. Vn\u00fatri pou\u017ei \u010dierne n\u00e1doby, na balk\u00f3ne terakotov\u00e9, aby si rozl\u00ed\u0161il z\u00f3ny. Polo\u017e na balk\u00f3n koberec odoln\u00fd vo\u010di po\u010dasiu, ktor\u00fd je pohodln\u00fd aj \u0161t\u00fdlov\u00fd. Takto dosiahne\u0161 maximum svetla a vzdu\u0161nosti.<\/p>\n<h2>Pleten\u00e9 sedenie s v\u00fdh\u013eadom na pr\u00edrodu<\/h2>\n<p><img loading=\"lazy\" decoding=\"async\" width=\"700\" height=\"1050\" alt=\"\u00datuln\u00fd balk\u00f3n s dvomi pr\u00faten\u00fdmi stoli\u010dkami, hu\u0148at\u00fdmi dekami, stol\u00edkom na drevenej podlahe a bujnou zele\u0148ou za sklom.\" class=\"aligncenter size-full wp-image-6423\" src=\"https:\/\/doubletakedecor.com\/uploads\/2025\/08\/small-balcony-design-dtd-20.jpg\" srcset=\"https:\/\/doubletakedecor.com\/uploads\/2025\/08\/small-balcony-design-dtd-20.jpg 700w, https:\/\/doubletakedecor.com\/uploads\/2025\/08\/small-balcony-design-dtd-20-200x300.jpg 200w, https:\/\/doubletakedecor.com\/uploads\/2025\/08\/small-balcony-design-dtd-20-683x1024.jpg 683w, https:\/\/doubletakedecor.com\/uploads\/2025\/08\/small-balcony-design-dtd-20-96x144.jpg 96w, https:\/\/doubletakedecor.com\/uploads\/2025\/08\/small-balcony-design-dtd-20-280x420.jpg 280w, https:\/\/doubletakedecor.com\/uploads\/2025\/08\/small-balcony-design-dtd-20-320x480.jpg 320w, https:\/\/doubletakedecor.com\/uploads\/2025\/08\/small-balcony-design-dtd-20-360x540.jpg 360w, https:\/\/doubletakedecor.com\/uploads\/2025\/08\/small-balcony-design-dtd-20-363x545.jpg 363w, https:\/\/doubletakedecor.com\/uploads\/2025\/08\/small-balcony-design-dtd-20-370x555.jpg 370w, https:\/\/doubletakedecor.com\/uploads\/2025\/08\/small-balcony-design-dtd-20-400x600.jpg 400w, https:\/\/doubletakedecor.com\/uploads\/2025\/08\/small-balcony-design-dtd-20-560x840.jpg 560w, https:\/\/doubletakedecor.com\/uploads\/2025\/08\/small-balcony-design-dtd-20-480x720.jpg 480w\" sizes=\"auto, (max-width: 700px) 100vw, 700px\" \/><\/p>\n<p>Premen mal\u00fd balk\u00f3n na pokojn\u00fa o\u00e1zu s pr\u00faten\u00fdmi stoli\u010dkami pre efekt text\u00fary a m\u00e4kk\u00fdmi dekami pre pohodlie. Mal\u00fd okr\u00fahly stol\u00edk sa hod\u00ed na n\u00e1poje alebo dekor\u00e1cie, koberec cel\u00fd priestor z\u00fatuln\u00ed. Rozlo\u017e n\u00e1bytok tak, aby si \u010do najviac videl na zele\u0148 \u2013 bude\u0161 ma\u0165 pocit spojenia s pr\u00edrodou.<\/p>\n<h2>Dreven\u00e9 prvky s pestrou zele\u0148ou<\/h2>\n<p><img loading=\"lazy\" decoding=\"async\" width=\"700\" height=\"1049\" alt=\"P\u00f4vabn\u00fd balk\u00f3n s dreven\u00fdm n\u00e1bytkom, kvetin\u00e1\u010dmi na poli\u010dk\u00e1ch a v\u00fdrazn\u00fdmi oran\u017eov\u00fdmi kvetmi vytv\u00e1ra \u00fatuln\u00e9 pr\u00edrodn\u00e9 \u00fato\u010disko.\" class=\"aligncenter size-full wp-image-6429\" src=\"https:\/\/doubletakedecor.com\/uploads\/2025\/08\/small-balcony-design-dtd-21.jpg\" srcset=\"https:\/\/doubletakedecor.com\/uploads\/2025\/08\/small-balcony-design-dtd-21.jpg 700w, https:\/\/doubletakedecor.com\/uploads\/2025\/08\/small-balcony-design-dtd-21-200x300.jpg 200w, https:\/\/doubletakedecor.com\/uploads\/2025\/08\/small-balcony-design-dtd-21-683x1024.jpg 683w, https:\/\/doubletakedecor.com\/uploads\/2025\/08\/small-balcony-design-dtd-21-96x144.jpg 96w, https:\/\/doubletakedecor.com\/uploads\/2025\/08\/small-balcony-design-dtd-21-280x420.jpg 280w, https:\/\/doubletakedecor.com\/uploads\/2025\/08\/small-balcony-design-dtd-21-320x480.jpg 320w, https:\/\/doubletakedecor.com\/uploads\/2025\/08\/small-balcony-design-dtd-21-360x539.jpg 360w, https:\/\/doubletakedecor.com\/uploads\/2025\/08\/small-balcony-design-dtd-21-363x544.jpg 363w, https:\/\/doubletakedecor.com\/uploads\/2025\/08\/small-balcony-design-dtd-21-370x554.jpg 370w, https:\/\/doubletakedecor.com\/uploads\/2025\/08\/small-balcony-design-dtd-21-400x599.jpg 400w, https:\/\/doubletakedecor.com\/uploads\/2025\/08\/small-balcony-design-dtd-21-560x839.jpg 560w, https:\/\/doubletakedecor.com\/uploads\/2025\/08\/small-balcony-design-dtd-21-480x719.jpg 480w\" sizes=\"auto, (max-width: 700px) 100vw, 700px\" \/><\/p>\n<p>Vytvor si pokojn\u00e9 miesto pomocou dreven\u00fdch doplnkov a r\u00f4znych druhov rastl\u00edn. Na stenu pripevni poli\u010dky na kvetin\u00e1\u010de a vyu\u017ei v\u00fd\u0161ku balk\u00f3na. Pre pohodlie si priprav skladac\u00ed n\u00e1bytok a hrejiv\u00fa deku. Farebn\u00e9 kvitn\u00face rastliny ulo\u017e k parapetom, aby roz\u017eiarili pr\u00edrodn\u00e9 t\u00f3ny dreva vesel\u00fdmi farbami.<\/p>\n<h2>S\u00fdty balk\u00f3n s \u010derven\u00fdm n\u00e1bytkom a dla\u017ebou<\/h2>\n<p><img loading=\"lazy\" decoding=\"async\" width=\"700\" height=\"1050\" alt=\"\u00datuln\u00fd balk\u00f3n s \u010derven\u00fdmi kovov\u00fdmi stoli\u010dkami, okr\u00fahlym stol\u00edkom, geometrickou modrou dla\u017ebou a bujn\u00fdmi rastlinami v kvetin\u00e1\u010doch.\" class=\"aligncenter size-full wp-image-6435\" src=\"https:\/\/doubletakedecor.com\/uploads\/2025\/08\/small-balcony-design-dtd-22.jpg\" srcset=\"https:\/\/doubletakedecor.com\/uploads\/2025\/08\/small-balcony-design-dtd-22.jpg 700w, https:\/\/doubletakedecor.com\/uploads\/2025\/08\/small-balcony-design-dtd-22-200x300.jpg 200w, https:\/\/doubletakedecor.com\/uploads\/2025\/08\/small-balcony-design-dtd-22-683x1024.jpg 683w, https:\/\/doubletakedecor.com\/uploads\/2025\/08\/small-balcony-design-dtd-22-96x144.jpg 96w, https:\/\/doubletakedecor.com\/uploads\/2025\/08\/small-balcony-design-dtd-22-280x420.jpg 280w, https:\/\/doubletakedecor.com\/uploads\/2025\/08\/small-balcony-design-dtd-22-320x480.jpg 320w, https:\/\/doubletakedecor.com\/uploads\/2025\/08\/small-balcony-design-dtd-22-360x540.jpg 360w, https:\/\/doubletakedecor.com\/uploads\/2025\/08\/small-balcony-design-dtd-22-363x545.jpg 363w, https:\/\/doubletakedecor.com\/uploads\/2025\/08\/small-balcony-design-dtd-22-370x555.jpg 370w, https:\/\/doubletakedecor.com\/uploads\/2025\/08\/small-balcony-design-dtd-22-400x600.jpg 400w, https:\/\/doubletakedecor.com\/uploads\/2025\/08\/small-balcony-design-dtd-22-560x840.jpg 560w, https:\/\/doubletakedecor.com\/uploads\/2025\/08\/small-balcony-design-dtd-22-480x720.jpg 480w\" sizes=\"auto, (max-width: 700px) 100vw, 700px\" \/><\/p>\n<p>Vysk\u00fa\u0161aj kontrast \u2013 v\u00fdrazn\u00fd \u010derven\u00fd n\u00e1bytok daj na geometrick\u00fa modr\u00fa dla\u017ebu. Pestr\u00e9 vank\u00fa\u0161iky vy\u010daria pohodlie, zelen\u00e9 rastliny a kvety celok zjemnia a prines\u00fa dotyk pr\u00edrody. Tak\u00fdto balk\u00f3n je ide\u00e1lny na rann\u00fa k\u00e1vu aj ve\u010dern\u00fd oddych, pri\u010dom zost\u00e1va praktick\u00fd a vesel\u00fd.<\/p>\n<h2>Okenn\u00fd k\u00fatik s pohovkou na \u010d\u00edtanie<\/h2>\n<p><img loading=\"lazy\" decoding=\"async\" width=\"700\" height=\"1049\" alt=\"Pokojn\u00e1 uzavret\u00e1 lod\u017eia s ve\u013ek\u00fdmi oknami, pohovkou so svetl\u00fdmi vank\u00fa\u0161mi, farebn\u00fdmi dekami, zelen\u00fdmi stenami a kvetin\u00e1\u010dmi.\" class=\"aligncenter size-full wp-image-6441\" src=\"https:\/\/doubletakedecor.com\/uploads\/2025\/08\/small-balcony-design-dtd-23.jpg\" srcset=\"https:\/\/doubletakedecor.com\/uploads\/2025\/08\/small-balcony-design-dtd-23.jpg 700w, https:\/\/doubletakedecor.com\/uploads\/2025\/08\/small-balcony-design-dtd-23-200x300.jpg 200w, https:\/\/doubletakedecor.com\/uploads\/2025\/08\/small-balcony-design-dtd-23-683x1024.jpg 683w, https:\/\/doubletakedecor.com\/uploads\/2025\/08\/small-balcony-design-dtd-23-96x144.jpg 96w, https:\/\/doubletakedecor.com\/uploads\/2025\/08\/small-balcony-design-dtd-23-280x420.jpg 280w, https:\/\/doubletakedecor.com\/uploads\/2025\/08\/small-balcony-design-dtd-23-320x480.jpg 320w, https:\/\/doubletakedecor.com\/uploads\/2025\/08\/small-balcony-design-dtd-23-360x539.jpg 360w, https:\/\/doubletakedecor.com\/uploads\/2025\/08\/small-balcony-design-dtd-23-363x544.jpg 363w, https:\/\/doubletakedecor.com\/uploads\/2025\/08\/small-balcony-design-dtd-23-370x554.jpg 370w, https:\/\/doubletakedecor.com\/uploads\/2025\/08\/small-balcony-design-dtd-23-400x599.jpg 400w, https:\/\/doubletakedecor.com\/uploads\/2025\/08\/small-balcony-design-dtd-23-560x839.jpg 560w, https:\/\/doubletakedecor.com\/uploads\/2025\/08\/small-balcony-design-dtd-23-480x719.jpg 480w\" sizes=\"auto, (max-width: 700px) 100vw, 700px\" \/><\/p>\n<p>Zmen balk\u00f3n alebo okenn\u00fa l\u00f3giu na pokojn\u00fd k\u00fatik s jednoduchou pohovkou a neutr\u00e1lnymi vank\u00fa\u0161mi. Pridaj dekora\u010dn\u00e9 deky v tehlovej a petrolejovej farbe pre hravos\u0165. Prepojenie s pr\u00edrodou zv\u00fdrazni rastlinami a zelen\u00fdmi stenami. Svetlo v priestore podpor\u00ed pocit pohody a bude\u0161 tu r\u00e1d oddychova\u0165.<\/p>\n<h2>Pr\u00faten\u00e9 kreslo s trel\u00e1\u017eou na stene<\/h2>\n<p><img loading=\"lazy\" decoding=\"async\" width=\"700\" height=\"1050\" alt=\"Okr\u00fahle pr\u00faten\u00e9 kreslo s ru\u017eov\u00fdm vank\u00fa\u0161om a dekou na balk\u00f3ne s drevenou trel\u00e1\u017eou, z\u00e1vesn\u00fdmi rastlinami a \u0161t\u00fdlov\u00fdm stol\u00edkom.\" class=\"aligncenter size-full wp-image-6447\" src=\"https:\/\/doubletakedecor.com\/uploads\/2025\/08\/small-balcony-design-dtd-24.jpg\" srcset=\"https:\/\/doubletakedecor.com\/uploads\/2025\/08\/small-balcony-design-dtd-24.jpg 700w, https:\/\/doubletakedecor.com\/uploads\/2025\/08\/small-balcony-design-dtd-24-200x300.jpg 200w, https:\/\/doubletakedecor.com\/uploads\/2025\/08\/small-balcony-design-dtd-24-683x1024.jpg 683w, https:\/\/doubletakedecor.com\/uploads\/2025\/08\/small-balcony-design-dtd-24-96x144.jpg 96w, https:\/\/doubletakedecor.com\/uploads\/2025\/08\/small-balcony-design-dtd-24-280x420.jpg 280w, https:\/\/doubletakedecor.com\/uploads\/2025\/08\/small-balcony-design-dtd-24-320x480.jpg 320w, https:\/\/doubletakedecor.com\/uploads\/2025\/08\/small-balcony-design-dtd-24-360x540.jpg 360w, https:\/\/doubletakedecor.com\/uploads\/2025\/08\/small-balcony-design-dtd-24-363x545.jpg 363w, https:\/\/doubletakedecor.com\/uploads\/2025\/08\/small-balcony-design-dtd-24-370x555.jpg 370w, https:\/\/doubletakedecor.com\/uploads\/2025\/08\/small-balcony-design-dtd-24-400x600.jpg 400w, https:\/\/doubletakedecor.com\/uploads\/2025\/08\/small-balcony-design-dtd-24-560x840.jpg 560w, https:\/\/doubletakedecor.com\/uploads\/2025\/08\/small-balcony-design-dtd-24-480x720.jpg 480w\" sizes=\"auto, (max-width: 700px) 100vw, 700px\" \/><\/p>\n<p>Vytvor si pr\u00edjemn\u00e9 miesto na oddych s okr\u00fahlym pr\u00faten\u00fdm kreslom a m\u00e4kk\u00fdm vank\u00fa\u0161om pri stene. Nad kreslo pripevni dreven\u00fa trel\u00e1\u017e a ozdob ju z\u00e1vesn\u00fdmi rastlinami, aby si \u0161etril podlahu. Dopln mal\u00fd stol\u00edk na kvetin\u00e1\u010d a pripraven\u00fa deku na chladn\u00e9 ve\u010dery.<\/p>\n<h2>Boho sedenie na balk\u00f3ne<\/h2>\n<p><img loading=\"lazy\" decoding=\"async\" width=\"700\" height=\"1050\" alt=\"\u00datuln\u00fd balk\u00f3n so sivou paletovou seda\u010dkou, vzorovan\u00fdmi vank\u00fa\u0161mi, z\u00e1vesn\u00fdmi rastlinami a pruhovan\u00fdm kobercom.\" class=\"aligncenter size-full wp-image-6453\" src=\"https:\/\/doubletakedecor.com\/uploads\/2025\/08\/small-balcony-design-dtd-25.jpg\" srcset=\"https:\/\/doubletakedecor.com\/uploads\/2025\/08\/small-balcony-design-dtd-25.jpg 700w, https:\/\/doubletakedecor.com\/uploads\/2025\/08\/small-balcony-design-dtd-25-200x300.jpg 200w, https:\/\/doubletakedecor.com\/uploads\/2025\/08\/small-balcony-design-dtd-25-683x1024.jpg 683w, https:\/\/doubletakedecor.com\/uploads\/2025\/08\/small-balcony-design-dtd-25-96x144.jpg 96w, https:\/\/doubletakedecor.com\/uploads\/2025\/08\/small-balcony-design-dtd-25-280x420.jpg 280w, https:\/\/doubletakedecor.com\/uploads\/2025\/08\/small-balcony-design-dtd-25-320x480.jpg 320w, https:\/\/doubletakedecor.com\/uploads\/2025\/08\/small-balcony-design-dtd-25-360x540.jpg 360w, https:\/\/doubletakedecor.com\/uploads\/2025\/08\/small-balcony-design-dtd-25-363x545.jpg 363w, https:\/\/doubletakedecor.com\/uploads\/2025\/08\/small-balcony-design-dtd-25-370x555.jpg 370w, https:\/\/doubletakedecor.com\/uploads\/2025\/08\/small-balcony-design-dtd-25-400x600.jpg 400w, https:\/\/doubletakedecor.com\/uploads\/2025\/08\/small-balcony-design-dtd-25-560x840.jpg 560w, https:\/\/doubletakedecor.com\/uploads\/2025\/08\/small-balcony-design-dtd-25-480x720.jpg 480w\" sizes=\"auto, (max-width: 700px) 100vw, 700px\" \/><\/p>\n<p>O\u017eiv svoj mal\u00fd balk\u00f3n paletov\u00fdm gau\u010dom opret\u00fdm o dreven\u00fa stenu. Pokombinuj biele a farebn\u00e9 vank\u00fa\u0161e pre pohodu aj \u0161t\u00fdl. Nad hlavou zaves textiln\u00e9 dekor\u00e1cie pre zauj\u00edmavos\u0165. Pridaj z\u00e1vesn\u00e9 rastliny, kvetiny v debni\u010dk\u00e1ch a pruhovan\u00fd koberec. Dopl\u0148 priestor pr\u00faten\u00fdm stol\u00edkom a lamp\u00e1\u0161om na ve\u010dern\u00fa pohodu.<\/p>\n<h2>\u010casto kladen\u00e9 ot\u00e1zky<\/h2>\n<details class=\"g-accordion \"><summary><h3>Ak\u00e9 s\u00fa \u0161t\u00fdlov\u00e9 n\u00e1pady na zariadenie mal\u00e9ho balk\u00f3na?<\/h3><\/summary>\n<p>Aj z mal\u00e9ho balk\u00f3na m\u00f4\u017ee\u0161 vytvori\u0165 \u00fatuln\u00e9 a \u0161t\u00fdlov\u00e9 miesto. Sta\u010d\u00ed dobr\u00fd n\u00e1pad a trochu pl\u00e1novania \u2014 a vy\u0165a\u017e\u00ed\u0161 z ka\u017edej \u0161tvorcovej stopy maximum, \u010di u\u017e po str\u00e1nke pohodlia alebo vzh\u013eadu.<\/p>\n<ul>\n<li>Umiestni na balk\u00f3n zvisl\u00fa z\u00e1hradku \u2013 zavesen\u00e9 kvetin\u00e1\u010de alebo steny s rastlinami prines\u00fa zele\u0148, no nezaber\u00fa ve\u013ea miesta,<\/li>\n<li>Vyber farby, ktor\u00e9 ladia s interi\u00e9rom bytu,<\/li>\n<li>Pridaj sveteln\u00fa re\u0165az alebo m\u00fadre LED lampy \u2014 umocnia atmosf\u00e9ru a zv\u00fdraznia doplnky,<\/li>\n<li>Zvo\u013e n\u00e1bytok, ktor\u00fd je praktick\u00fd a nezaber\u00e1 zbyto\u010dne priestor,<\/li>\n<li>Ide\u00e1lne s\u00fa skladacie a odoln\u00e9 k\u00fasky, napr\u00edklad stoli\u010dky alebo lavice s po\u0165ahmi, ktor\u00e9 s\u00fa pohodln\u00e9 a m\u00f4\u017ee\u0161 ich \u013eahko pres\u00fava\u0165,<\/li>\n<li>Dreven\u00fd balk\u00f3nov\u00fd stol\u00edk vyu\u017eije\u0161 ako miesto na jedenie alebo pr\u00e1cu,<\/li>\n<li>Ak chce\u0161 trv\u00e1cnos\u0165, pouva\u017euj nad \u0161peci\u00e1lnou podlahou alebo UV-odoln\u00fdmi vonkaj\u0161\u00edmi dla\u017edicami,<\/li>\n<li>K v\u00e4\u010d\u0161ej \u00fatulnosti pom\u00f4\u017ee vonkaj\u0161\u00ed koberec, ktor\u00fd prid\u00e1 teplo a \u0161t\u00fdl,<\/li>\n<li>S\u00fakromie zv\u00fd\u0161i\u0161 z\u00e1vesn\u00fdmi l\u00e1tkami alebo vy\u0161\u0161\u00edmi rastlinami v rohoch.<\/li>\n<li>Aj ten najmen\u0161\u00ed balk\u00f3n tak \u013eahko premen\u00ed\u0161 na pr\u00edjemn\u00e9 miesto, kde si odd\u00fdchne\u0161 a u\u017eije\u0161 si pohodu.<\/li>\n<\/ul>\n<p><strong>Zele\u0148 dod\u00e1 balk\u00f3nu pr\u00edrodn\u00fa atmosf\u00e9ru a vytvor\u00ed z neho tvoju \u201emestsk\u00fa d\u017eung\u013eu\u201c \u2013 skvel\u00e9 rie\u0161enie pre \u00fazke priestory.<\/strong><\/p>\n<p>Nech u\u017e ti je sympatick\u00fd modern\u00fd, rustik\u00e1lny alebo boho \u0161t\u00fdl, neboj sa uk\u00e1za\u0165 svoju osobnos\u0165. <strong>Dreven\u00fd balk\u00f3nov\u00fd barov\u00fd stol\u00edk m\u00f4\u017ee by\u0165 praktick\u00fd ako jed\u00e1lensk\u00fd st\u00f4l aj pracovn\u00fd k\u00fatik na \u010derstvom vzduchu.<\/strong><\/p>\n<p><strong>V\u010faka t\u00fdmto tipom aj mal\u00fd balk\u00f3n zmen\u00ed\u0161 na \u00fatuln\u00e9 miesto, kde si dokonale odd\u00fdchne\u0161 a na\u010derp\u00e1\u0161 energiu.<\/strong><\/p>\n<\/details><details class=\"g-accordion \"><summary><h3>Ako efekt\u00edvne vyu\u017ei\u0165 priestor na malom balk\u00f3ne?<\/h3><\/summary>\n<p>Ak chce\u0161 z mal\u00e9ho balk\u00f3na vy\u0165a\u017ei\u0165 \u010do najviac, zameraj sa na <strong>chytr\u00e9 \u00falo\u017en\u00e9 rie\u0161enia<\/strong> a <strong>viac\u00fa\u010delov\u00fd n\u00e1bytok<\/strong>. Sk\u00fas napr\u00edklad skladacie stoli\u010dky alebo stol\u00edky \u2014 nezaber\u00fa miesto a m\u00f4\u017ee\u0161 ich \u013eahko odlo\u017ei\u0165, ke\u010f ich nepotrebuje\u0161.<\/p>\n<p>Pou\u017ei zvisl\u00e9 poli\u010dky alebo steny s kvetin\u00e1\u010dmi, aby si mal poriadok, no st\u00e1le vo\u013en\u00fa podlahu. Vyber si drobn\u00fd n\u00e1bytok, ktor\u00fd nebude p\u00f4sobi\u0165 stiesnene, ale poskytne ti pohodlie.<\/p>\n<p>Skvelou vo\u013ebou s\u00fa lavi\u010dky s \u00falo\u017en\u00fdm priestorom alebo k\u00fasky, ktor\u00e9 sl\u00fa\u017eia aj na sedenie, aj na skladovanie vec\u00ed. Takto bude balk\u00f3n vyzera\u0165 upratane a vyu\u017eitie priestoru bude maxim\u00e1lne.<\/p>\n<p>Vo\u013e \u013eahk\u00fd a prenosn\u00fd n\u00e1bytok, tak\u017ee si m\u00f4\u017ee\u0161 balk\u00f3n jednoducho upravi\u0165 presne pod\u013ea potrieb \u2014 raz \u010d\u00edtac\u00ed k\u00fatik, inokedy miesto na mal\u00e9 posedenie. Nezabudni ani na <strong>materi\u00e1ly, ktor\u00e9 zvl\u00e1dnu po\u010dasie<\/strong>, aby ti n\u00e1bytok dlho vydr\u017eal vonku.<\/p>\n<p><strong>Ak vyu\u017eije\u0161 tieto tipy, aj ten najmen\u0161\u00ed balk\u00f3n premen\u00ed\u0161 na funk\u010dn\u00e9 a pr\u00edjemn\u00e9 miesto, kde sa bude\u0161 c\u00edti\u0165 pohodlne.<\/strong><\/p>\n<\/details><details class=\"g-accordion \"><summary><h3>Ak\u00fd n\u00e1bytok je najvhodnej\u0161\u00ed na mal\u00fd balk\u00f3n?<\/h3><\/summary>\n<p>Pri zaria\u010fovan\u00ed mal\u00e9ho balk\u00f3na s\u00fa najlep\u0161ie <strong>odoln\u00e9 k\u00fasky do ka\u017ed\u00e9ho po\u010dasia<\/strong>. Kompaktn\u00e9 kresl\u00e1 \u010di stoli\u010dky s po\u0165ahmi ti poskytn\u00fa pohodlie aj variabilitu. Aby si priestor vyu\u017eil efekt\u00edvne a nepreplnil ho, vyberaj <strong>\u00fasporn\u00e9 vonkaj\u0161ie jed\u00e1lensk\u00e9 s\u00fapravy<\/strong>. Dreven\u00fd balk\u00f3nov\u00fd barov\u00fd stol\u00edk je skvel\u00fd univerz\u00e1l \u2014 m\u00f4\u017ee\u0161 na \u0148om jes\u0165 aj pracova\u0165.<\/p>\n<ul>\n<li>Sk\u00fas skladacie stoli\u010dky alebo stol\u00edky,<\/li>\n<li>ke\u010f ich pr\u00e1ve nepotrebuje\u0161, \u013eahko ich odlo\u017e\u00ed\u0161,<\/li>\n<li>tak\u00fdto n\u00e1bytok ti pom\u00f4\u017ee vytvori\u0165 \u00fatuln\u00fd a praktick\u00fd balk\u00f3n \u2013 ide\u00e1lne aj pre men\u0161ie priestory.<\/li>\n<\/ul>\n<\/details><details class=\"g-accordion \"><summary><h3>Ak\u00fa podlahu zvoli\u0165 na mal\u00fd balk\u00f3n?<\/h3><\/summary>\n<p>Ak chce\u0161, aby balk\u00f3n vyzeral lep\u0161ie a bol pr\u00edjemnej\u0161\u00ed na pou\u017e\u00edvanie, v\u00fdber podlahy je ve\u013emi d\u00f4le\u017eit\u00fd. <strong>Vonkaj\u0161ie dla\u017edice<\/strong> s\u00fa \u0161t\u00fdlov\u00e9 aj odoln\u00e9, navy\u0161e ich k\u00fapi\u0161 v r\u00f4znych vzoroch, aby ladili s tvoj\u00edm vkusom. Ak chce\u0161, aby vydr\u017eali dlh\u0161ie, vyberaj tak\u00e9, ktor\u00e9 s\u00fa <strong>odoln\u00e9 vo\u010di UV l\u00fa\u010dom<\/strong>.<\/p>\n<p>V\u00fdraznej\u0161\u00ed vzh\u013ead z\u00edsk\u00e1\u0161 s podlahou zo dreva alebo kompozitu, ktor\u00e9 p\u00f4sobia elegantne. Ak m\u00e1\u0161 mal\u00fd rozpo\u010det, aj vtedy sa daj\u00fa n\u00e1js\u0165 pekn\u00e9 varianty za rozumn\u00fa cenu.<\/p>\n<p>Pre v\u00e4\u010d\u0161ie pohodlie a \u00fatuln\u00fd dojem pridaj <strong>vonkaj\u0161\u00ed koberec<\/strong>. Je odoln\u00fd, znesie d\u00e1\u017e\u010f aj slnko a vnesie farbu i text\u00faru do priestoru. Praktick\u00e9 s\u00fa aj <strong>proti\u0161mykov\u00e9 koberec<\/strong> \u2013 s\u00fa bezpe\u010dn\u00e9, aj ke\u010f bude podlaha mokr\u00e1, tak\u017ee s\u00fa na balk\u00f3n ako stvoren\u00e9.<\/p>\n<p><strong>Ak si spr\u00e1vne vyberie\u0161 podlahov\u00e9 materi\u00e1ly, z mal\u00e9ho balk\u00f3na sa stane \u00fatuln\u00e9 pred\u013a\u017eenie tvojho domova.<\/strong><\/p>\n<\/details> <details class=\"g-accordion \"><summary><h3>Ako m\u00f4\u017eem maximalizova\u0165 \u00falo\u017en\u00fd priestor na malom balk\u00f3ne?<\/h3><\/summary>  <\/p>\n<p>Z mal\u00e9ho balk\u00f3na vy\u0165a\u017e\u00ed\u0161 maximum \u00falo\u017en\u00e9ho priestoru v\u010faka \u0161ikovn\u00fdm a praktick\u00fdm n\u00e1padom. Sk\u00fas tieto tipy, ako z\u00edska\u0165 viac miesta:<\/p>\n<ul>\n<li>pou\u017ei \u00falo\u017en\u00e9 boxy na balk\u00f3n,<\/li>\n<li>namontuj policov\u00e9 reg\u00e1ly na zvisl\u00e9 uskladnenie vec\u00ed,<\/li>\n<li>vyu\u017ei priestor pod lavi\u010dkou na deky, vank\u00fa\u0161e alebo n\u00e1radie,<\/li>\n<li>zaves kvetin\u00e1\u010de, aby si uvo\u013enil podlahu a uk\u00e1zal svoje rastliny,<\/li>\n<li>pou\u017ei deliacu stenu so z\u00e1vesmi alebo policami ako prep\u00e1\u017eku aj miesto na odkladanie.<\/li>\n<\/ul>\n<p><strong>Takto z\u00edska\u0161 viac miesta, tvoj balk\u00f3n bude praktick\u00fd a z\u00e1rove\u0148 pekne upraven\u00fd.<\/strong><\/p>\n<\/details>\n<details class=\"g-accordion \"><summary><h3>Ako m\u00f4\u017eem zariadi\u0165 mal\u00fd balk\u00f3n lacno?<\/h3><\/summary>  <\/p>\n<p>Aj s men\u0161\u00edm rozpo\u010dtom si vie\u0161 z balk\u00f3na vytvori\u0165 \u00fatuln\u00e9 miesto na oddych. Za\u010dni t\u00fdm, \u017ee vysk\u00fa\u0161a\u0161 <strong>DIY dekor\u00e1cie<\/strong>, v\u010faka ktor\u00fdm prid\u00e1\u0161 osobn\u00fd \u0161t\u00fdl bez zbyto\u010dn\u00fdch v\u00fddavkov. Sk\u00fas napr\u00edklad:<\/p>\n<ul>\n<li>vyu\u017ei\u0165 star\u00fd n\u00e1bytok a da\u0165 mu nov\u00fd \u017eivot,<\/li>\n<li>vyrobi\u0165 si vlastn\u00e9 kvetin\u00e1\u010de,<\/li>\n<li>ozvl\u00e1\u0161tni\u0165 vzh\u013ead balk\u00f3na lacn\u00fdmi doplnkami, trendy kvetin\u00e1\u010dmi alebo svetielkami.<\/li>\n<\/ul>\n<p>Ak chce\u0161 viac s\u00fakromia, <strong>\u0161t\u00fdlov\u00e9 a dostupn\u00e9 l\u00e1tkov\u00e9 z\u00e1steny<\/strong> splnia \u00fa\u010del aj ozdobia priestor. Vyber si veci, ktor\u00e9 m\u00f4\u017ee\u0161 r\u00fdchlo uskladni\u0165 \u2013 napr\u00edklad <strong>skladacie stoli\u010dky<\/strong>, ktor\u00e9 nezaberaj\u00fa miesto, ke\u010f ich nepotrebuje\u0161. Zele\u0148 prid\u00e1\u0161 \u013eahko:<\/p>\n<ul>\n<li>zaves kvetin\u00e1\u010de,<\/li>\n<li>alebo pou\u017ei vertik\u00e1lne steny na rastliny.<\/li>\n<\/ul>\n<p>Takto prinesie\u0161 pr\u00edrodu aj na mal\u00fd balk\u00f3n a nezapln\u00ed\u0161 podlahu.<\/p>\n<p>Hlavn\u00fdm trikom je n\u00e1paditos\u0165 a rozumn\u00e9 m\u00ed\u0148anie. S pomocou univerz\u00e1lnych k\u00faskov a vlastnoru\u010dn\u00fdch doplnkov dok\u00e1\u017ee\u0161 premeni\u0165 svoj mal\u00fd balk\u00f3n na \u00fatuln\u00e9 miesto bez ve\u013ek\u00fdch v\u00fddavkov.<\/p>\n<\/details>\n<details class=\"g-accordion \"><summary><h3>Ako m\u00f4\u017eem vyu\u017ei\u0165 osvetlenie na vylep\u0161enie mal\u00e9ho balk\u00f3na?<\/h3><\/summary>  <\/p>\n<p>Spr\u00e1vne osvetlenie zmen\u00ed mal\u00fd balk\u00f3n na \u00fatuln\u00e9 a pr\u00edjemn\u00e9 miesto. Sk\u00fas <strong>smart LED osvetlenie<\/strong>, ktor\u00e9 ti pom\u00f4\u017ee u\u0161etri\u0165 energiu a nastav\u00ed\u0161 si jas pod\u013ea n\u00e1lady. <strong>Re\u0165azov\u00e9 svetl\u00e1<\/strong> alebo <strong>lamp\u00e1\u0161e<\/strong> dodaj\u00fa teplo a \u010daro, tak\u017ee ve\u010dery bud\u00fa ove\u013ea pr\u00edjemnej\u0161ie. Okolit\u00e9 svetlo pekne zv\u00fdrazn\u00ed rastliny alebo dekor\u00e1cie a pod\u010diarkne farby aj \u0161t\u00fdl. S dobr\u00fdm v\u00fdberom osvetlenia z\u00edska\u0161 z mal\u00e9ho priestoru pohodov\u00fd oddychov\u00fd k\u00fatik.<\/p>\n<\/details>\n<details class=\"g-accordion \"><summary><h3>Ako si m\u00f4\u017eem vytvori\u0165 mal\u00fa z\u00e1hradu na balk\u00f3ne?<\/h3><\/summary>  <\/p>\n<p>Z\u00e1hradka na balk\u00f3ne z\u00e1vis\u00ed hlavne od v\u00fdberu spr\u00e1vnych rastl\u00edn a \u0161ikovn\u00e9ho vyu\u017eitia priestoru. Na za\u010diatok sk\u00fas <strong>bylinky<\/strong> alebo <strong>sukulenty<\/strong>, lebo dobre zn\u00e1\u0161aj\u00fa aj men\u0161ie mno\u017estvo slnka, ktor\u00e9 m\u00e1 balk\u00f3n v\u00e4\u010d\u0161inou k dispoz\u00edcii. Priestor vyu\u017eije\u0161 na maximum, ak rastliny zaves\u00ed\u0161 alebo d\u00e1\u0161 na stojan a podlaha ostane vo\u013en\u00e1.<\/p>\n<ul>\n<li>Ak t\u00fa\u017ei\u0161 po malej zeleninovej z\u00e1hradke, pou\u017ei kompaktn\u00e9 n\u00e1doby \u2013 zmestia sa aj na mal\u00fd priestor,<\/li>\n<li>ak m\u00e1\u0161 dom\u00e1ce zvierat\u00e1, vyber rastliny bezpe\u010dn\u00e9 pre nich,<\/li>\n<li>zelen\u00e1 stena s kvetin\u00e1\u010dmi nielen dobre vyzer\u00e1, ale pojme viac rastl\u00edn naraz.<\/li>\n<\/ul>\n<p>Vyber si kvetin\u00e1\u010de, ktor\u00e9 ladia s tvoj\u00edm balk\u00f3nom. Najlep\u0161ie s\u00fa tie z \u013eahk\u00fdch materi\u00e1lov, napr\u00edklad z plastu alebo \u017eivice \u2013 vie\u0161 ich r\u00fdchlo presun\u00fa\u0165 pod\u013ea potreby alebo ro\u010dn\u00e9ho obdobia.<\/p>\n<p>Aby sa rastlin\u00e1m darilo, potrebuj\u00fa dostatok svetla. Zrkadl\u00e1 pom\u00f4\u017eu odrazi\u0165 slne\u010dn\u00e9 l\u00fa\u010de aj tam, kde slnko priamo nesvieti. <strong>Kvetin\u00e1\u010de so samozavla\u017eovan\u00edm<\/strong> zase udr\u017eia p\u00f4du st\u00e1le vlhk\u00fa a u\u0161etria ti starosti so z\u00e1lievkou.<\/p>\n<p>S trochu pl\u00e1novania a dobr\u00fdmi n\u00e1padmi sa aj ten najmen\u0161\u00ed balk\u00f3n m\u00f4\u017ee premeni\u0165 na bujn\u00fa o\u00e1zu, ktor\u00e1 \u0165a bude te\u0161i\u0165 cel\u00fd rok.<\/p>\n<\/details>\n<details class=\"g-accordion \"><summary><h3>Ak\u00e9 s\u00fa mo\u017enosti pre viac s\u00fakromia na malom balk\u00f3ne?<\/h3><\/summary>  <\/p>\n<p>Z mal\u00e9ho balk\u00f3na sa d\u00e1 jednoducho vytvori\u0165 s\u00fakromn\u00e9 miesto na relax v\u010faka \u0161ikovn\u00fdm rie\u0161eniam:<\/p>\n<ul>\n<li>pou\u017ei l\u00e1tkov\u00e9 z\u00e1steny alebo vonkaj\u0161ie z\u00e1vesy,<\/li>\n<li>vysa\u010f vy\u0161\u0161ie rastliny, alebo postav trel\u00e1\u017e,<\/li>\n<li>pridaj ozdobn\u00e9 z\u00e1bradlie alebo napodobeninu balk\u00f3na.<\/li>\n<\/ul>\n<p><strong>V\u010faka t\u00fdmto mo\u017enostiam z\u00edska\u0161 s\u00fakromie aj \u00fatuln\u00fd priestor, kde si m\u00f4\u017ee\u0161 vychutna\u0165 chv\u00edle pohody vonku.<\/strong><\/p>\n<\/details>\n<details class=\"g-accordion \"><summary><h3>Ako m\u00f4\u017eem mal\u00fd balk\u00f3n prisp\u00f4sobi\u0165 svojmu \u0161t\u00fdlu?<\/h3><\/summary>  <\/p>\n<p>Prenies\u0165 svoj \u0161t\u00fdl aj na mal\u00fd balk\u00f3n je skvel\u00e1 pr\u00edle\u017eitos\u0165 na vyjadrenie osobnosti. Za\u010dni dekor\u00e1ciami, ktor\u00e9 o tebe nie\u010do povedia \u2013 napr\u00edklad <strong>origin\u00e1lne vonkaj\u0161ie k\u00fasky<\/strong> alebo <strong>ru\u010dne vyroben\u00e9 doplnky<\/strong>. Ob\u013e\u00faben\u00e9 fotografie pridaj\u00fa balk\u00f3nu osobn\u00fd dotyk. Aby v\u0161etko ladilo, dr\u017e sa <strong>jednej farebnej palety<\/strong>. Pre pr\u00edjemn\u00fa atmosf\u00e9ru pou\u017eij <strong>jemn\u00e9 svetielka alebo lamp\u00e1\u0161iky<\/strong>. Tieto n\u00e1pady spravia z tvojho balk\u00f3na \u00fatuln\u00e9 miesto, kam sa bude\u0161 r\u00e1d vraca\u0165 a kde si odd\u00fdchne\u0161 od ka\u017edodenn\u00e9ho zhonu.<\/p>\n<\/details>\n","protected":false},"excerpt":{"rendered":"<p>Aj z mal\u00e9ho balk\u00f3na sa d\u00e1 urobi\u0165 \u0161t\u00fdlov\u00e9 miesto na oddych \u2013 sta\u010d\u00ed \u0161tipka kreativity a spr\u00e1vne n\u00e1pady. Ak si vopred dobre premysl\u00ed\u0161 usporiadanie, aj ten najmen\u0161\u00ed balk\u00f3n sa premen\u00ed na \u00fatuln\u00e9 z\u00e1kutie, ktor\u00e9 roz\u0161\u00edri tvoj domov a poskytne pr\u00edjemn\u00e9 miesto na relax. D\u00f4le\u017eit\u00e9 je vyu\u017ei\u0165 ka\u017ed\u00fd centimeter \u2013 pom\u00f4\u017eu ti vertik\u00e1lne z\u00e1hradky, n\u00e1bytok \u0161etriaci priestor a viac\u00fa\u010delov\u00e9 k\u00fasky. Odkl\u00e1pacie&hellip;<\/p>\n","protected":false},"author":14,"featured_media":6463,"comment_status":"closed","ping_status":"closed","sticky":false,"template":"","format":"standard","meta":{"rank_math_focus_keyword":"dizajn mal\u00e9ho balk\u00f3na","rank_math_title":"Najlep\u0161ie n\u00e1pady na dizajn mal\u00e9ho balk\u00f3na pre modern\u00e9 b\u00fdvanie","rank_math_description":"Objavte kreat\u00edvne n\u00e1pady na dizajn mal\u00e9ho balk\u00f3na, ktor\u00e9 maximalizuj\u00fa priestor a \u0161t\u00fdl vo va\u0161om vonkaj\u0161om obytnom priestore. Ide\u00e1lne pre mestsk\u00fdch obyvate\u013eov!","footnotes":""},"categories":[249],"tags":[],"class_list":["post-6685","post","type-post","status-publish","format-standard","has-post-thumbnail","hentry","category-vonkajsie-dekoracie"],"g_custom_schema_json":"<script type=\"application\/ld+json\">\n{\n  \"@context\": \"https:\/\/schema.org\",\n  \"@type\": \"FAQPage\",\n  \"mainEntity\": [\n    {\n      \"@type\": \"Question\",\n      \"name\": \"Ak\u00e9 s\u00fa \u0161t\u00fdlov\u00e9 n\u00e1pady na zariadenie mal\u00e9ho balk\u00f3na?\",\n      \"acceptedAnswer\": {\n        \"@type\": \"Answer\",\n        \"text\": \"Aj z mal\u00e9ho balk\u00f3na m\u00f4\u017ee\u0161 vytvori\u0165 \u00fatuln\u00e9 a \u0161t\u00fdlov\u00e9 miesto. Sta\u010d\u00ed dobr\u00fd n\u00e1pad a trochu pl\u00e1novania \u2014 a vy\u0165a\u017e\u00ed\u0161 z ka\u017edej \u0161tvorcovej stopy maximum, \u010di u\u017e po str\u00e1nke pohodlia alebo vzh\u013eadu. Umiestni na balk\u00f3n zvisl\u00fa z\u00e1hradku, pridaj sveteln\u00fa re\u0165az a vyber praktick\u00fd n\u00e1bytok.\"\n      }\n    },\n    {\n      \"@type\": \"Question\",\n      \"name\": \"Ako efekt\u00edvne vyu\u017ei\u0165 priestor na malom balk\u00f3ne?\",\n      \"acceptedAnswer\": {\n        \"@type\": \"Answer\",\n        \"text\": \"Ak chce\u0161 z mal\u00e9ho balk\u00f3na vy\u0165a\u017ei\u0165 \u010do najviac, zameraj sa na chytr\u00e9 \u00falo\u017en\u00e9 rie\u0161enia a viac\u00fa\u010delov\u00fd n\u00e1bytok. Sk\u00fas napr\u00edklad skladacie stoli\u010dky alebo stol\u00edky \u2014 nezaber\u00fa miesto a m\u00f4\u017ee\u0161 ich \u013eahko odlo\u017ei\u0165, ke\u010f ich nepotrebuje\u0161. Pou\u017ei zvisl\u00e9 poli\u010dky alebo steny s kvetin\u00e1\u010dmi, aby si mal poriadok, no st\u00e1le vo\u013en\u00fa podlahu.\"\n      }\n    },\n    {\n      \"@type\": \"Question\",\n      \"name\": \"Ak\u00fd n\u00e1bytok je najvhodnej\u0161\u00ed na mal\u00fd balk\u00f3n?\",\n      \"acceptedAnswer\": {\n        \"@type\": \"Answer\",\n        \"text\": \"Pri zaria\u010fovan\u00ed mal\u00e9ho balk\u00f3na s\u00fa najlep\u0161ie odoln\u00e9 k\u00fasky do ka\u017ed\u00e9ho po\u010dasia. Kompaktn\u00e9 kresl\u00e1 \u010di stoli\u010dky s po\u0165ahmi ti poskytn\u00fa pohodlie aj variabilitu. Sk\u00fas skladacie stoli\u010dky alebo stol\u00edky; ke\u010f ich pr\u00e1ve nepotrebuje\u0161, \u013eahko ich odlo\u017e\u00ed\u0161.\"\n      }\n    },\n    {\n      \"@type\": \"Question\",\n      \"name\": \"Ak\u00fa podlahu zvoli\u0165 na mal\u00fd balk\u00f3n?\",\n      \"acceptedAnswer\": {\n        \"@type\": \"Answer\",\n        \"text\": \"Ak chce\u0161, aby balk\u00f3n vyzeral lep\u0161ie a bol pr\u00edjemnej\u0161\u00ed na pou\u017e\u00edvanie, v\u00fdber podlahy je ve\u013emi d\u00f4le\u017eit\u00fd. Vonkaj\u0161ie dla\u017edice s\u00fa \u0161t\u00fdlov\u00e9 aj odoln\u00e9, navy\u0161e ich k\u00fapi\u0161 v r\u00f4znych vzoroch. Pre v\u00e4\u010d\u0161ie pohodlie pridaj vonkaj\u0161\u00ed koberec alebo proti\u0161mykov\u00fd koberec.\"\n      }\n    },\n    {\n      \"@type\": \"Question\",\n      \"name\": \"Ako m\u00f4\u017eem maximalizova\u0165 \u00falo\u017en\u00fd priestor na malom balk\u00f3ne?\",\n      \"acceptedAnswer\": {\n        \"@type\": \"Answer\",\n        \"text\": \"Z mal\u00e9ho balk\u00f3na vy\u0165a\u017e\u00ed\u0161 maximum \u00falo\u017en\u00e9ho priestoru v\u010faka \u0161ikovn\u00fdm a praktick\u00fdm n\u00e1padom. Pou\u017ei \u00falo\u017en\u00e9 boxy, policov\u00e9 reg\u00e1ly alebo priestor pod lavi\u010dkou na deky a vank\u00fa\u0161e. Takto z\u00edska\u0161 viac miesta a balk\u00f3n bude praktick\u00fd aj pekne upraven\u00fd.\"\n      }\n    },\n    {\n      \"@type\": \"Question\",\n      \"name\": \"Ako m\u00f4\u017eem zariadi\u0165 mal\u00fd balk\u00f3n lacno?\",\n      \"acceptedAnswer\": {\n        \"@type\": \"Answer\",\n        \"text\": \"Aj s men\u0161\u00edm rozpo\u010dtom si vie\u0161 z balk\u00f3na vytvori\u0165 \u00fatuln\u00e9 miesto na oddych. Sk\u00fas DIY dekor\u00e1cie, vyu\u017ei star\u00fd n\u00e1bytok a vyrob si vlastn\u00e9 kvetin\u00e1\u010de. Vyber si skladacie stoli\u010dky a zaves kvetin\u00e1\u010de pre \u00fasporu miesta.\"\n      }\n    },\n    {\n      \"@type\": \"Question\",\n      \"name\": \"Ako m\u00f4\u017eem vyu\u017ei\u0165 osvetlenie na vylep\u0161enie mal\u00e9ho balk\u00f3na?\",\n      \"acceptedAnswer\": {\n        \"@type\": \"Answer\",\n        \"text\": \"Spr\u00e1vne osvetlenie zmen\u00ed mal\u00fd balk\u00f3n na \u00fatuln\u00e9 a pr\u00edjemn\u00e9 miesto. Sk\u00fas smart LED osvetlenie alebo re\u0165azov\u00e9 svetl\u00e1, ktor\u00e9 dodaj\u00fa teplo a \u010daro. Okolit\u00e9 svetlo zv\u00fdrazn\u00ed rastliny a dekor\u00e1cie.\"\n      }\n    },\n    {\n      \"@type\": \"Question\",\n      \"name\": \"Ako si m\u00f4\u017eem vytvori\u0165 mal\u00fa z\u00e1hradu na balk\u00f3ne?\",\n      \"acceptedAnswer\": {\n        \"@type\": \"Answer\",\n        \"text\": \"Z\u00e1hradka na balk\u00f3ne z\u00e1vis\u00ed hlavne od v\u00fdberu spr\u00e1vnych rastl\u00edn a \u0161ikovn\u00e9ho vyu\u017eitia priestoru. Sk\u00fas bylinky alebo sukulenty, zaves rastliny alebo ich daj na stojan. Zrkadl\u00e1 pom\u00f4\u017eu odrazi\u0165 slne\u010dn\u00e9 l\u00fa\u010de a samozavla\u017eovacie kvetin\u00e1\u010de udr\u017eia p\u00f4du vlhk\u00fa.\"\n      }\n    },\n    {\n      \"@type\": \"Question\",\n      \"name\": \"Ak\u00e9 s\u00fa mo\u017enosti pre viac s\u00fakromia na malom balk\u00f3ne?\",\n      \"acceptedAnswer\": {\n        \"@type\": \"Answer\",\n        \"text\": \"Z mal\u00e9ho balk\u00f3na sa d\u00e1 jednoducho vytvori\u0165 s\u00fakromn\u00e9 miesto na relax v\u010faka \u0161ikovn\u00fdm rie\u0161eniam. Pou\u017ei l\u00e1tkov\u00e9 z\u00e1steny, vy\u0161\u0161ie rastliny alebo trel\u00e1\u017e; pridaj ozdobn\u00e9 z\u00e1bradlie alebo napodobeninu balk\u00f3na.\"\n      }\n    },\n    {\n      \"@type\": \"Question\",\n      \"name\": \"Ako m\u00f4\u017eem mal\u00fd balk\u00f3n prisp\u00f4sobi\u0165 svojmu \u0161t\u00fdlu?\",\n      \"acceptedAnswer\": {\n        \"@type\": \"Answer\",\n        \"text\": \"Prenies\u0165 svoj \u0161t\u00fdl aj na mal\u00fd balk\u00f3n je skvel\u00e1 pr\u00edle\u017eitos\u0165 na vyjadrenie osobnosti. Za\u010dni dekor\u00e1ciami, ktor\u00e9 o tebe nie\u010do povedia \u2013 napr\u00edklad origin\u00e1lne vonkaj\u0161ie k\u00fasky alebo ru\u010dne vyroben\u00e9 doplnky. Dr\u017e sa jednej farebnej palety a pou\u017eij jemn\u00e9 svetielka.\"\n      }\n    }\n  ]\n}\n<\/script>\n<script type=\"application\/ld+json\">\n{\n  \"@context\": \"https:\/\/schema.org\",\n  \"@type\": \"HowTo\",\n  \"name\": \"Ako zariadi\u0165 \u0161t\u00fdlov\u00fd mal\u00fd balk\u00f3n\",\n  \"description\": \"Praktick\u00e9 tipy, ako vyu\u017ei\u0165 aj mal\u00fd balk\u00f3n na maximum: rie\u0161enia pre priestor, \u00falo\u017en\u00e9 mo\u017enosti, osvetlenie a \u0161t\u00fdlov\u00e9 dekor\u00e1cie.\",\n  \"image\": \"https:\/\/doubletakedecor.com\/uploads\/2025\/08\/small-balcony-design-dtd-01.jpg\",\n  \"step\": [\n    {\n      \"@type\": \"HowToStep\",\n      \"name\": \"Premysli si rozlo\u017eenie\",\n      \"text\": \"Napl\u00e1nuj si usporiadanie balk\u00f3na tak, aby si vyu\u017eil ka\u017ed\u00fd centimeter. Rozhodni sa, kde bude\u0161 ma\u0165 sedenie, zele\u0148 a \u00falo\u017en\u00e9 priestory.\"\n    },\n    {\n      \"@type\": \"HowToStep\",\n      \"name\": \"Vyber variabiln\u00fd n\u00e1bytok\",\n      \"text\": \"Pou\u017ei skladacie stoli\u010dky alebo lavice s \u00falo\u017en\u00fdm priestorom, ktor\u00e9 m\u00f4\u017ee\u0161 \u013eahko pres\u00fava\u0165 alebo schova\u0165. Ide\u00e1lne s\u00fa viac\u00fa\u010delov\u00e9 k\u00fasky.\"\n    },\n    {\n      \"@type\": \"HowToStep\",\n      \"name\": \"Vytvor vertik\u00e1lnu z\u00e1hradku\",\n      \"text\": \"Zavesen\u00e9 kvetin\u00e1\u010de alebo steny s rastlinami prines\u00fa zele\u0148 bez toho, aby zabrali podlahu. Skombinuj r\u00f4zne v\u00fd\u0161ky rastl\u00edn pre zauj\u00edmav\u00fd efekt.\"\n    },\n    {\n      \"@type\": \"HowToStep\",\n      \"name\": \"Pridaj osvetlenie\",\n      \"text\": \"Re\u0165azov\u00e9 svetl\u00e1 alebo smart LED lampy vytvoria pr\u00edjemn\u00fa atmosf\u00e9ru aj po zotmen\u00ed. Osvetlen\u00edm zv\u00fdrazn\u00ed\u0161 dekor\u00e1cie a rastliny.\"\n    },\n    {\n      \"@type\": \"HowToStep\",\n      \"name\": \"Zabezpe\u010d s\u00fakromie\",\n      \"text\": \"Vy\u0161\u0161ie rastliny, textiln\u00e9 z\u00e1steny alebo trel\u00e1\u017e ochr\u00e1nia pred zvedav\u00fdmi poh\u013eadmi. Balk\u00f3n bude \u00fatulnej\u0161\u00ed a pokojnej\u0161\u00ed.\"\n    },\n    {\n      \"@type\": \"HowToStep\",\n      \"name\": \"Z\u00fatulni priestor dekor\u00e1ciami\",\n      \"text\": \"Vonkaj\u0161\u00ed koberec, vank\u00fa\u0161e a \u0161t\u00fdlov\u00e9 doplnky prepo\u017ei\u010daj\u00fa balk\u00f3nu tvoj vlastn\u00fd \u0161t\u00fdl. Dr\u017e sa jednej farebnej palety pre harmonick\u00fd vzh\u013ead.\"\n    },\n    {\n      \"@type\": \"HowToStep\",\n      \"name\": \"Maximalizuj \u00falo\u017en\u00fd priestor\",\n      \"text\": \"Pou\u017ei \u00falo\u017en\u00e9 boxy, policov\u00e9 reg\u00e1ly alebo lavi\u010dku s priestorom na deky a vank\u00fa\u0161e. Takto balk\u00f3n ostane upratan\u00fd a priestrann\u00fd.\"\n    }\n  ],\n  \"tool\": [\n    \"Skladacie stoli\u010dky alebo lavica\",\n    \"Z\u00e1vesn\u00e9 kvetin\u00e1\u010de\",\n    \"Mal\u00fd stol\u00edk\",\n    \"Smart LED osvetlenie alebo sveteln\u00e1 re\u0165az\",\n    \"Textiln\u00e9 z\u00e1steny alebo trel\u00e1\u017e\",\n    \"\u00dalo\u017en\u00e9 boxy, policov\u00e9 reg\u00e1ly\"\n  ],\n  \"supply\": [\n    \"Rastliny do kvetin\u00e1\u010dov\",\n    \"Vonkaj\u0161\u00ed koberec\",\n    \"Dekora\u010dn\u00e9 vank\u00fa\u0161e\",\n    \"Doplnky pod\u013ea \u0161t\u00fdlu\",\n    \"Svetl\u00e1 a lamp\u00e1\u0161e\"\n  ],\n  \"totalTime\": \"PT2H\"\n}\n<\/script>","_links":{"self":[{"href":"https:\/\/doubletakedecor.com\/sk\/wp-json\/wp\/v2\/posts\/6685","targetHints":{"allow":["GET"]}}],"collection":[{"href":"https:\/\/doubletakedecor.com\/sk\/wp-json\/wp\/v2\/posts"}],"about":[{"href":"https:\/\/doubletakedecor.com\/sk\/wp-json\/wp\/v2\/types\/post"}],"author":[{"embeddable":true,"href":"https:\/\/doubletakedecor.com\/sk\/wp-json\/wp\/v2\/users\/14"}],"replies":[{"embeddable":true,"href":"https:\/\/doubletakedecor.com\/sk\/wp-json\/wp\/v2\/comments?post=6685"}],"version-history":[{"count":1,"href":"https:\/\/doubletakedecor.com\/sk\/wp-json\/wp\/v2\/posts\/6685\/revisions"}],"predecessor-version":[{"id":6686,"href":"https:\/\/doubletakedecor.com\/sk\/wp-json\/wp\/v2\/posts\/6685\/revisions\/6686"}],"wp:featuredmedia":[{"embeddable":true,"href":"https:\/\/doubletakedecor.com\/sk\/wp-json\/wp\/v2\/media\/6463"}],"wp:attachment":[{"href":"https:\/\/doubletakedecor.com\/sk\/wp-json\/wp\/v2\/media?parent=6685"}],"wp:term":[{"taxonomy":"category","embeddable":true,"href":"https:\/\/doubletakedecor.com\/sk\/wp-json\/wp\/v2\/categories?post=6685"},{"taxonomy":"post_tag","embeddable":true,"href":"https:\/\/doubletakedecor.com\/sk\/wp-json\/wp\/v2\/tags?post=6685"}],"curies":[{"name":"wp","href":"https:\/\/api.w.org\/{rel}","templated":true}]}}