{"id":7478,"date":"2025-09-04T02:37:57","date_gmt":"2025-09-04T00:37:57","guid":{"rendered":"https:\/\/doubletakedecor.com\/zahrada\/zahradny-kutik\/"},"modified":"2025-09-04T03:09:17","modified_gmt":"2025-09-04T01:09:17","slug":"zahradny-kutik","status":"publish","type":"post","link":"https:\/\/doubletakedecor.com\/sk\/zahrada\/zahradny-kutik\/","title":{"rendered":"Preme\u0148 svoju z\u00e1hradu na \u00fatuln\u00e9 z\u00e1hradn\u00e9 z\u00e1kutie"},"content":{"rendered":"<p>Predstav si tich\u00fd k\u00fatik svojej z\u00e1hrady, ktor\u00fd sa zmenil na osobn\u00fd \u00fakryt, kde sa \u010das spoma\u013euje a stres mizne. Pr\u00e1ve to je \u010daro z\u00e1hradn\u00e9ho z\u00e1kutia \u2013 \u00fatuln\u00e9ho miesta, ktor\u00e9 je navrhnut\u00e9 tak, aby ti poskytlo pokoj a oddych priamo na tvojom dvore.<\/p>\n<p>Tieto \u010darovn\u00e9 vonkaj\u0161ie \u00fato\u010disk\u00e1 kombinuj\u00fa pohodln\u00e9 sedenie s bujnou zele\u0148ou a vytv\u00e1raj\u00fa dokonal\u00e9 miesto na \u010d\u00edtanie, medit\u00e1ciu alebo jednoducho na vychutn\u00e1vanie pokoja pr\u00edrody. \u010ci u\u017e je ukryt\u00e9 pod alt\u00e1nkom obrasten\u00fdm vini\u010dom alebo schovan\u00e9 za pr\u00edrodou vytvoren\u00fdm \u017eiv\u00fdm plotom, dobre navrhnut\u00e9 z\u00e1hradn\u00e9 z\u00e1kutie je nielen pekn\u00fdm stredobodom, ale aj skvel\u00fdm sp\u00f4sobom, ako unikn\u00fa\u0165 od ka\u017edodenn\u00fdch starost\u00ed.<\/p>\n<p>Kr\u00e1sa vytv\u00e1rania vlastn\u00e9ho z\u00e1kutia spo\u010d\u00edva v tom, \u017ee si ho m\u00f4\u017ee\u0161 prisp\u00f4sobi\u0165 pod\u013ea seba. Od v\u00fdberu odoln\u00e9ho z\u00e1hradn\u00e9ho n\u00e1bytku, ktor\u00fd \u0165a l\u00e1ka k oddychu, a\u017e po rastliny, ktor\u00e9 sa menia so sez\u00f3nami \u2013 ka\u017ed\u00fd detail rob\u00ed z\u00e1kutie v\u00fdnimo\u010dn\u00fdm. Pridaj jemn\u00e9 svetlo pre pr\u00edjemn\u00fa ve\u010dern\u00fa atmosf\u00e9ru, dekor\u00e1cie pod\u013ea vlastn\u00e9ho vkusu a premyslen\u00fa t\u00e9mu \u2013 napr\u00edklad \u010ditate\u013esk\u00fd k\u00fatik alebo stredomorsk\u00fa o\u00e1zu \u2013 a z\u00e1kutie bude skuto\u010dne tvoje.<\/p>\n<div class=\"kt_block\" id=\"kt_id\">\n<span class=\"kt_headline\">Hlavn\u00e9 my\u0161lienky<\/span><\/p>\n<ul class=\"kt_post_list\">\n<li><strong>\ud83c\udf3f Pokoj v z\u00e1hradnom z\u00e1kut\u00ed:<\/strong> Z\u00e1hradn\u00e9 z\u00e1kutie dok\u00e1\u017ee zmeni\u0165 roh tvojej z\u00e1hrady na osobn\u00e9 \u00fato\u010disko, kde sa pohodln\u00e9 sedenie sn\u00fabi s bujnou zele\u0148ou na \u00fanik od ka\u017edodenn\u00e9ho stresu.<\/li>\n<li><strong>\ud83e\ude91 Rozmanit\u00e9 dizajnov\u00e9 prvky:<\/strong> Pri zaria\u010fovan\u00ed z\u00e1kutia m\u00f4\u017ee\u0161 naplno prejavi\u0165 svoj \u0161t\u00fdl \u2013 od odoln\u00e9ho n\u00e1bytku cez sez\u00f3nne rastliny, m\u00e4kk\u00e9 osvetlenie a\u017e po dekor\u00e1cie, v\u010faka ktor\u00fdm bude tvoj k\u00fatik jedine\u010dn\u00fd a poz\u00fdvaj\u00faci.<\/li>\n<li><strong>\ud83c\udfe1 R\u00f4zne mo\u017enosti \u00fato\u010d\u00edsk:<\/strong> \u010ci u\u017e siahne\u0161 po bielej z\u00e1hradnej chatke, pastelovom alt\u00e1nku alebo hojda\u010dke pod pergolou, v ka\u017edom z\u00e1hradnom z\u00e1kut\u00ed n\u00e1jde\u0161 \u0161t\u00fdl, ktor\u00fd vylep\u0161\u00ed tvoj vonkaj\u0161\u00ed priestor.<\/li>\n<li><strong>\ud83d\udd6f\ufe0f Pr\u00edjemn\u00e9 osvetlenie:<\/strong> Dobre zvolen\u00e9 svetl\u00e1, ako s\u00fa sveteln\u00e9 re\u0165aze a lamp\u00e1\u0161e, zohr\u00e1vaj\u00fa k\u013e\u00fa\u010dov\u00fa \u00falohu \u2013 v\u010faka nim je z\u00e1hradn\u00e9 z\u00e1kutie \u00fatuln\u00e9 a pou\u017eite\u013en\u00e9 aj ve\u010der.<\/li>\n<\/ul>\n<\/div>\n<h2>\u00datuln\u00e9 biele z\u00e1hradn\u00e9 z\u00e1kutie v chatke<\/h2>\n<p><img loading=\"lazy\" decoding=\"async\" width=\"700\" height=\"1049\" alt=\"A charming white garden shed with glass doors, interior bench seating, and surrounding potted plants creating a peaceful retreat space.\" class=\"aligncenter size-full wp-image-6692\" src=\"https:\/\/doubletakedecor.com\/uploads\/2025\/09\/garden-nook-dtd-01.jpg\" srcset=\"https:\/\/doubletakedecor.com\/uploads\/2025\/09\/garden-nook-dtd-01.jpg 700w, https:\/\/doubletakedecor.com\/uploads\/2025\/09\/garden-nook-dtd-01-200x300.jpg 200w, https:\/\/doubletakedecor.com\/uploads\/2025\/09\/garden-nook-dtd-01-683x1024.jpg 683w, https:\/\/doubletakedecor.com\/uploads\/2025\/09\/garden-nook-dtd-01-96x144.jpg 96w, https:\/\/doubletakedecor.com\/uploads\/2025\/09\/garden-nook-dtd-01-280x420.jpg 280w, https:\/\/doubletakedecor.com\/uploads\/2025\/09\/garden-nook-dtd-01-320x480.jpg 320w, https:\/\/doubletakedecor.com\/uploads\/2025\/09\/garden-nook-dtd-01-360x539.jpg 360w, https:\/\/doubletakedecor.com\/uploads\/2025\/09\/garden-nook-dtd-01-363x544.jpg 363w, https:\/\/doubletakedecor.com\/uploads\/2025\/09\/garden-nook-dtd-01-370x554.jpg 370w, https:\/\/doubletakedecor.com\/uploads\/2025\/09\/garden-nook-dtd-01-400x599.jpg 400w, https:\/\/doubletakedecor.com\/uploads\/2025\/09\/garden-nook-dtd-01-560x839.jpg 560w, https:\/\/doubletakedecor.com\/uploads\/2025\/09\/garden-nook-dtd-01-480x719.jpg 480w\" sizes=\"auto, (max-width: 700px) 100vw, 700px\" \/><\/p>\n<p>Premeni oby\u010dajn\u00fa z\u00e1hradn\u00fa chatku na tich\u00e9 \u00fato\u010disko tak, \u017ee do rohu postav\u00ed\u0161 lavi\u010dku s vank\u00fa\u0161mi pre pohodln\u00e9 sedenie. Pridaj z\u00e1vesn\u00e9 kvetin\u00e1\u010de a ozdobn\u00e9 tabu\u013eky pre pr\u00edjemn\u00fa atmosf\u00e9ru. Okolie chatky vyzdob \u0161trkov\u00fdmi chodn\u00edkmi a r\u00f4znymi kvetmi v terakotov\u00fdch \u010di kamenn\u00fdch \u010drepn\u00edkoch, v\u010faka \u010domu bude cel\u00e9 miesto zauj\u00edmavej\u0161ie.<\/p>\n<h2>Z\u00e1kutie s drevenou lavi\u010dkou<\/h2>\n<p><img loading=\"lazy\" decoding=\"async\" width=\"700\" height=\"1049\" alt=\"Charming outdoor garden nook with wooden bench, decorative pillows, potted plants, and string lights creating a serene retreat space.\" class=\"aligncenter size-full wp-image-6698\" src=\"https:\/\/doubletakedecor.com\/uploads\/2025\/09\/garden-nook-dtd-02.jpg\" srcset=\"https:\/\/doubletakedecor.com\/uploads\/2025\/09\/garden-nook-dtd-02.jpg 700w, https:\/\/doubletakedecor.com\/uploads\/2025\/09\/garden-nook-dtd-02-200x300.jpg 200w, https:\/\/doubletakedecor.com\/uploads\/2025\/09\/garden-nook-dtd-02-683x1024.jpg 683w, https:\/\/doubletakedecor.com\/uploads\/2025\/09\/garden-nook-dtd-02-96x144.jpg 96w, https:\/\/doubletakedecor.com\/uploads\/2025\/09\/garden-nook-dtd-02-280x420.jpg 280w, https:\/\/doubletakedecor.com\/uploads\/2025\/09\/garden-nook-dtd-02-320x480.jpg 320w, https:\/\/doubletakedecor.com\/uploads\/2025\/09\/garden-nook-dtd-02-360x539.jpg 360w, https:\/\/doubletakedecor.com\/uploads\/2025\/09\/garden-nook-dtd-02-363x544.jpg 363w, https:\/\/doubletakedecor.com\/uploads\/2025\/09\/garden-nook-dtd-02-370x554.jpg 370w, https:\/\/doubletakedecor.com\/uploads\/2025\/09\/garden-nook-dtd-02-400x599.jpg 400w, https:\/\/doubletakedecor.com\/uploads\/2025\/09\/garden-nook-dtd-02-560x839.jpg 560w, https:\/\/doubletakedecor.com\/uploads\/2025\/09\/garden-nook-dtd-02-480x719.jpg 480w\" sizes=\"auto, (max-width: 700px) 100vw, 700px\" \/><\/p>\n<p>Vytvor si pokojn\u00fd oddychov\u00fd k\u00fatik tak, \u017ee postav\u00ed\u0161 dreven\u00fa lavi\u010dku ku tmavej stene pre pekn\u00fd kontrast. Na lavi\u010dku polo\u017e m\u00e4kk\u00e9 vank\u00fa\u0161e a nad \u0148u namontuj poli\u010dky s \u010drepn\u00edkmi. Pridaj aj mal\u00fd stol\u00edk a v okol\u00ed rozmiestni kvety v r\u00f4znych kvetin\u00e1\u010doch. Nad z\u00e1kutie zaveste sveteln\u00e9 re\u0165aze \u2013 dodaj\u00fa mu teplo a ve\u010dern\u00fa pohodu.<\/p>\n<h2>Pastelov\u00fd alt\u00e1nok s \u00fatuln\u00fdm seden\u00edm<\/h2>\n<p><img loading=\"lazy\" decoding=\"async\" width=\"700\" height=\"1050\" alt=\"Serene garden gazebo with large windows, cozy wooden bench, soft pillows, and decorative shelf surrounded by topiary plants and flowers.\" class=\"aligncenter size-full wp-image-6704\" src=\"https:\/\/doubletakedecor.com\/uploads\/2025\/09\/garden-nook-dtd-03.jpg\" srcset=\"https:\/\/doubletakedecor.com\/uploads\/2025\/09\/garden-nook-dtd-03.jpg 700w, https:\/\/doubletakedecor.com\/uploads\/2025\/09\/garden-nook-dtd-03-200x300.jpg 200w, https:\/\/doubletakedecor.com\/uploads\/2025\/09\/garden-nook-dtd-03-683x1024.jpg 683w, https:\/\/doubletakedecor.com\/uploads\/2025\/09\/garden-nook-dtd-03-96x144.jpg 96w, https:\/\/doubletakedecor.com\/uploads\/2025\/09\/garden-nook-dtd-03-280x420.jpg 280w, https:\/\/doubletakedecor.com\/uploads\/2025\/09\/garden-nook-dtd-03-320x480.jpg 320w, https:\/\/doubletakedecor.com\/uploads\/2025\/09\/garden-nook-dtd-03-360x540.jpg 360w, https:\/\/doubletakedecor.com\/uploads\/2025\/09\/garden-nook-dtd-03-363x545.jpg 363w, https:\/\/doubletakedecor.com\/uploads\/2025\/09\/garden-nook-dtd-03-370x555.jpg 370w, https:\/\/doubletakedecor.com\/uploads\/2025\/09\/garden-nook-dtd-03-400x600.jpg 400w, https:\/\/doubletakedecor.com\/uploads\/2025\/09\/garden-nook-dtd-03-560x840.jpg 560w, https:\/\/doubletakedecor.com\/uploads\/2025\/09\/garden-nook-dtd-03-480x720.jpg 480w\" sizes=\"auto, (max-width: 700px) 100vw, 700px\" \/><\/p>\n<p>Preme\u0148 svoje z\u00e1hradn\u00e9 z\u00e1kutie na tich\u00e9 \u00fato\u010disko s pastelov\u00fdm alt\u00e1nkom. Daj do neho ve\u013ek\u00e9 okn\u00e1, aby do neho prenikalo prirodzen\u00e9 svetlo, a dopl\u0148 lavi\u010dku s m\u00e4kk\u00fdmi vank\u00fa\u0161mi a dekami. O\u017eiv ho ozdobnou poli\u010dkou a v bielych kvetin\u00e1\u010doch vysa\u010f tvarovan\u00e9 kr\u00edky. Okolie dotvor farebn\u00fdmi kvetmi na zv\u00fdraznenie pokojnej atmosf\u00e9ry.<\/p>\n<h2>K\u00fatik s oblou z\u00e1hradnou lavi\u010dkou<\/h2>\n<p><img loading=\"lazy\" decoding=\"async\" width=\"700\" height=\"1049\" alt=\"A cozy garden nook featuring a curved metal bench with cushions, surrounded by colorful flowers under an elegant plant-covered arch.\" class=\"aligncenter size-full wp-image-6710\" src=\"https:\/\/doubletakedecor.com\/uploads\/2025\/09\/garden-nook-dtd-04.jpg\" srcset=\"https:\/\/doubletakedecor.com\/uploads\/2025\/09\/garden-nook-dtd-04.jpg 700w, https:\/\/doubletakedecor.com\/uploads\/2025\/09\/garden-nook-dtd-04-200x300.jpg 200w, https:\/\/doubletakedecor.com\/uploads\/2025\/09\/garden-nook-dtd-04-683x1024.jpg 683w, https:\/\/doubletakedecor.com\/uploads\/2025\/09\/garden-nook-dtd-04-96x144.jpg 96w, https:\/\/doubletakedecor.com\/uploads\/2025\/09\/garden-nook-dtd-04-280x420.jpg 280w, https:\/\/doubletakedecor.com\/uploads\/2025\/09\/garden-nook-dtd-04-320x480.jpg 320w, https:\/\/doubletakedecor.com\/uploads\/2025\/09\/garden-nook-dtd-04-360x539.jpg 360w, https:\/\/doubletakedecor.com\/uploads\/2025\/09\/garden-nook-dtd-04-363x544.jpg 363w, https:\/\/doubletakedecor.com\/uploads\/2025\/09\/garden-nook-dtd-04-370x554.jpg 370w, https:\/\/doubletakedecor.com\/uploads\/2025\/09\/garden-nook-dtd-04-400x599.jpg 400w, https:\/\/doubletakedecor.com\/uploads\/2025\/09\/garden-nook-dtd-04-560x839.jpg 560w, https:\/\/doubletakedecor.com\/uploads\/2025\/09\/garden-nook-dtd-04-480x719.jpg 480w\" sizes=\"auto, (max-width: 700px) 100vw, 700px\" \/><\/p>\n<p>Toto \u00fatuln\u00e9 z\u00e1kutie vytvor\u00ed\u0161, ke\u010f ako \u00fastredn\u00fd bod postav\u00ed\u0161 obl\u00fa kovov\u00fa lavi\u010dku s vank\u00fa\u0161mi. Okolo nej zasa\u010f farebn\u00e9 trvalky, napr\u00edklad levandu\u013eu, margar\u00e9ty \u010di pet\u00fanie. Nad lavi\u010dku postav obl\u00fak a nechaj po \u0148om r\u00e1s\u0165 pop\u00ednav\u00e9 rastliny. Vydl\u00e1\u017edi cesti\u010dku k lavi\u010dke kame\u0148mi, aby bol pr\u00edstup pohodln\u00fd aj za da\u017e\u010fa.<\/p>\n<h2>Oddych pod pergolou<\/h2>\n<p><img loading=\"lazy\" decoding=\"async\" width=\"700\" height=\"1049\" alt=\"Wooden pergola with teal cushioned bench surrounded by colorful flowers, creating a serene garden nook with stone pathway access.\" class=\"aligncenter size-full wp-image-6716\" src=\"https:\/\/doubletakedecor.com\/uploads\/2025\/09\/garden-nook-dtd-05.jpg\" srcset=\"https:\/\/doubletakedecor.com\/uploads\/2025\/09\/garden-nook-dtd-05.jpg 700w, https:\/\/doubletakedecor.com\/uploads\/2025\/09\/garden-nook-dtd-05-200x300.jpg 200w, https:\/\/doubletakedecor.com\/uploads\/2025\/09\/garden-nook-dtd-05-683x1024.jpg 683w, https:\/\/doubletakedecor.com\/uploads\/2025\/09\/garden-nook-dtd-05-96x144.jpg 96w, https:\/\/doubletakedecor.com\/uploads\/2025\/09\/garden-nook-dtd-05-280x420.jpg 280w, https:\/\/doubletakedecor.com\/uploads\/2025\/09\/garden-nook-dtd-05-320x480.jpg 320w, https:\/\/doubletakedecor.com\/uploads\/2025\/09\/garden-nook-dtd-05-360x539.jpg 360w, https:\/\/doubletakedecor.com\/uploads\/2025\/09\/garden-nook-dtd-05-363x544.jpg 363w, https:\/\/doubletakedecor.com\/uploads\/2025\/09\/garden-nook-dtd-05-370x554.jpg 370w, https:\/\/doubletakedecor.com\/uploads\/2025\/09\/garden-nook-dtd-05-400x599.jpg 400w, https:\/\/doubletakedecor.com\/uploads\/2025\/09\/garden-nook-dtd-05-560x839.jpg 560w, https:\/\/doubletakedecor.com\/uploads\/2025\/09\/garden-nook-dtd-05-480x719.jpg 480w\" sizes=\"auto, (max-width: 700px) 100vw, 700px\" \/><\/p>\n<p>Tie\u0148 pod pergolou vytvor\u00ed\u0161 tak, \u017ee nad pevn\u00fa lavi\u010dku s m\u00e4kk\u00fdmi vank\u00fa\u0161mi postav\u00ed\u0161 dreven\u00fa kon\u0161trukciu. Pou\u017ei l\u00e1tky odoln\u00e9 vo\u010di po\u010dasiu v tlmen\u00fdch farb\u00e1ch (napr. tyrkysov\u00e1) a pridaj vzorovan\u00e9 vank\u00fa\u0161e. Priestor ohrani\u010d kamenn\u00fdm chodn\u00edkom a okolie vysa\u010f rastlinami r\u00f4znej v\u00fd\u0161ky pre s\u00fakromie a pr\u00edjemn\u00fa atmosf\u00e9ru.<\/p>\n<h2>Meditat\u00edvne z\u00e1kutie s kamennou cesti\u010dkou<\/h2>\n<p><img loading=\"lazy\" decoding=\"async\" width=\"700\" height=\"1049\" alt=\"Tranquil garden nook with winding gravel path, stone steps, and a cozy wicker chair beside a meditative statue amid lush greenery.\" class=\"aligncenter size-full wp-image-6722\" src=\"https:\/\/doubletakedecor.com\/uploads\/2025\/09\/garden-nook-dtd-06.jpg\" srcset=\"https:\/\/doubletakedecor.com\/uploads\/2025\/09\/garden-nook-dtd-06.jpg 700w, https:\/\/doubletakedecor.com\/uploads\/2025\/09\/garden-nook-dtd-06-200x300.jpg 200w, https:\/\/doubletakedecor.com\/uploads\/2025\/09\/garden-nook-dtd-06-683x1024.jpg 683w, https:\/\/doubletakedecor.com\/uploads\/2025\/09\/garden-nook-dtd-06-96x144.jpg 96w, https:\/\/doubletakedecor.com\/uploads\/2025\/09\/garden-nook-dtd-06-280x420.jpg 280w, https:\/\/doubletakedecor.com\/uploads\/2025\/09\/garden-nook-dtd-06-320x480.jpg 320w, https:\/\/doubletakedecor.com\/uploads\/2025\/09\/garden-nook-dtd-06-360x539.jpg 360w, https:\/\/doubletakedecor.com\/uploads\/2025\/09\/garden-nook-dtd-06-363x544.jpg 363w, https:\/\/doubletakedecor.com\/uploads\/2025\/09\/garden-nook-dtd-06-370x554.jpg 370w, https:\/\/doubletakedecor.com\/uploads\/2025\/09\/garden-nook-dtd-06-400x599.jpg 400w, https:\/\/doubletakedecor.com\/uploads\/2025\/09\/garden-nook-dtd-06-560x839.jpg 560w, https:\/\/doubletakedecor.com\/uploads\/2025\/09\/garden-nook-dtd-06-480x719.jpg 480w\" sizes=\"auto, (max-width: 700px) 100vw, 700px\" \/><\/p>\n<p>Pokojn\u00e9 z\u00e1kutie vytvor\u00ed\u0161 kombin\u00e1ciou k\u013eukatej \u0161trkovej cesty a kamenn\u00fdch schodov. Pohodln\u00e9 ratanov\u00e9 kreslo umiestni ved\u013ea sochy alebo font\u00e1nky na rozj\u00edmanie. Okolie zjemni zele\u0148ou a dopl\u0148 kamenn\u00fa plo\u0161inu na sedenie. Najlep\u0161ie je, ak je z\u00e1kutie v skrytom k\u00fate z\u00e1hrady, kde hust\u00e9 rastliny poskytn\u00fa s\u00fakromie.<\/p>\n<h2>Adirondack stoli\u010dky v objat\u00ed aksamietn\u00edc<\/h2>\n<p><img loading=\"lazy\" decoding=\"async\" width=\"700\" height=\"1049\" alt=\"Wooden Adirondack chairs on a gravel path surrounded by lush greenery and vibrant orange marigolds, creating a tranquil garden nook.\" class=\"aligncenter size-full wp-image-6728\" src=\"https:\/\/doubletakedecor.com\/uploads\/2025\/09\/garden-nook-dtd-07.jpg\" srcset=\"https:\/\/doubletakedecor.com\/uploads\/2025\/09\/garden-nook-dtd-07.jpg 700w, https:\/\/doubletakedecor.com\/uploads\/2025\/09\/garden-nook-dtd-07-200x300.jpg 200w, https:\/\/doubletakedecor.com\/uploads\/2025\/09\/garden-nook-dtd-07-683x1024.jpg 683w, https:\/\/doubletakedecor.com\/uploads\/2025\/09\/garden-nook-dtd-07-96x144.jpg 96w, https:\/\/doubletakedecor.com\/uploads\/2025\/09\/garden-nook-dtd-07-280x420.jpg 280w, https:\/\/doubletakedecor.com\/uploads\/2025\/09\/garden-nook-dtd-07-320x480.jpg 320w, https:\/\/doubletakedecor.com\/uploads\/2025\/09\/garden-nook-dtd-07-360x539.jpg 360w, https:\/\/doubletakedecor.com\/uploads\/2025\/09\/garden-nook-dtd-07-363x544.jpg 363w, https:\/\/doubletakedecor.com\/uploads\/2025\/09\/garden-nook-dtd-07-370x554.jpg 370w, https:\/\/doubletakedecor.com\/uploads\/2025\/09\/garden-nook-dtd-07-400x599.jpg 400w, https:\/\/doubletakedecor.com\/uploads\/2025\/09\/garden-nook-dtd-07-560x839.jpg 560w, https:\/\/doubletakedecor.com\/uploads\/2025\/09\/garden-nook-dtd-07-480x719.jpg 480w\" sizes=\"auto, (max-width: 700px) 100vw, 700px\" \/><\/p>\n<p>Vytvor si nen\u00e1padn\u00e9 z\u00e1hradn\u00e9 z\u00e1kutie umiestnen\u00edm Adirondack stoli\u010diek na \u0161trkov\u00fd chodn\u00edk do objatia aksamietn\u00edc a hust\u00fdch rastl\u00edn. \u0160trk br\u00e1ni rastu buriny a pom\u00e1ha s odvodnen\u00edm. Stoli\u010dky m\u00f4\u017ee\u0161 oto\u010di\u0165 bu\u010f k sebe na rozhovor, alebo smerom na najkraj\u0161\u00ed v\u00fdh\u013ead. Pre e\u0161te v\u00e4\u010d\u0161ie pohodlie cez ve\u010der pridaj vonkaj\u0161ie podsed\u00e1ky.<\/p>\n<h2>K\u00fatik s oblou drevenou lavi\u010dkou<\/h2>\n<p><img loading=\"lazy\" decoding=\"async\" width=\"700\" height=\"1049\" alt=\"Curved wooden bench with stone base surrounded by vibrant purple and pink flowers in a beautifully landscaped garden with stone paving.\" class=\"aligncenter size-full wp-image-6734\" src=\"https:\/\/doubletakedecor.com\/uploads\/2025\/09\/garden-nook-dtd-08.jpg\" srcset=\"https:\/\/doubletakedecor.com\/uploads\/2025\/09\/garden-nook-dtd-08.jpg 700w, https:\/\/doubletakedecor.com\/uploads\/2025\/09\/garden-nook-dtd-08-200x300.jpg 200w, https:\/\/doubletakedecor.com\/uploads\/2025\/09\/garden-nook-dtd-08-683x1024.jpg 683w, https:\/\/doubletakedecor.com\/uploads\/2025\/09\/garden-nook-dtd-08-96x144.jpg 96w, https:\/\/doubletakedecor.com\/uploads\/2025\/09\/garden-nook-dtd-08-280x420.jpg 280w, https:\/\/doubletakedecor.com\/uploads\/2025\/09\/garden-nook-dtd-08-320x480.jpg 320w, https:\/\/doubletakedecor.com\/uploads\/2025\/09\/garden-nook-dtd-08-360x539.jpg 360w, https:\/\/doubletakedecor.com\/uploads\/2025\/09\/garden-nook-dtd-08-363x544.jpg 363w, https:\/\/doubletakedecor.com\/uploads\/2025\/09\/garden-nook-dtd-08-370x554.jpg 370w, https:\/\/doubletakedecor.com\/uploads\/2025\/09\/garden-nook-dtd-08-400x599.jpg 400w, https:\/\/doubletakedecor.com\/uploads\/2025\/09\/garden-nook-dtd-08-560x839.jpg 560w, https:\/\/doubletakedecor.com\/uploads\/2025\/09\/garden-nook-dtd-08-480x719.jpg 480w\" sizes=\"auto, (max-width: 700px) 100vw, 700px\" \/><\/p>\n<p>Vytvor si s\u00fakromn\u00fa o\u00e1zu s oblou drevenou lavi\u010dkou zasadenou do kamennej \u00fapravy ter\u00e9nu. Okolie lavi\u010dky vysa\u010f pestr\u00fdmi fialov\u00fdmi a ru\u017eov\u00fdmi kvetmi na p\u00fatav\u00fd vzh\u013ead. K plotu vysa\u010f pop\u00ednav\u00e9 rastliny, ktor\u00e9 ti zaistia s\u00fakromie, no z\u00e1rove\u0148 zachovaj\u00fa pocit priestoru. V\u0161etko zakon\u010di pr\u00edrodnou kamennou dla\u017ebou na pohodln\u00fd pr\u00edstup.<\/p>\n<h2>Z\u00e1vesn\u00e1 hojdacia sie\u0165 medzi stromami<\/h2>\n<p><img loading=\"lazy\" decoding=\"async\" width=\"700\" height=\"1050\" alt=\"A peaceful hammock with yellow pillows suspended between trees, surrounded by lush tropical foliage creating a natural retreat\" class=\"aligncenter size-full wp-image-6740\" src=\"https:\/\/doubletakedecor.com\/uploads\/2025\/09\/garden-nook-dtd-09.jpg\" srcset=\"https:\/\/doubletakedecor.com\/uploads\/2025\/09\/garden-nook-dtd-09.jpg 700w, https:\/\/doubletakedecor.com\/uploads\/2025\/09\/garden-nook-dtd-09-200x300.jpg 200w, https:\/\/doubletakedecor.com\/uploads\/2025\/09\/garden-nook-dtd-09-683x1024.jpg 683w, https:\/\/doubletakedecor.com\/uploads\/2025\/09\/garden-nook-dtd-09-96x144.jpg 96w, https:\/\/doubletakedecor.com\/uploads\/2025\/09\/garden-nook-dtd-09-280x420.jpg 280w, https:\/\/doubletakedecor.com\/uploads\/2025\/09\/garden-nook-dtd-09-320x480.jpg 320w, https:\/\/doubletakedecor.com\/uploads\/2025\/09\/garden-nook-dtd-09-360x540.jpg 360w, https:\/\/doubletakedecor.com\/uploads\/2025\/09\/garden-nook-dtd-09-363x545.jpg 363w, https:\/\/doubletakedecor.com\/uploads\/2025\/09\/garden-nook-dtd-09-370x555.jpg 370w, https:\/\/doubletakedecor.com\/uploads\/2025\/09\/garden-nook-dtd-09-400x600.jpg 400w, https:\/\/doubletakedecor.com\/uploads\/2025\/09\/garden-nook-dtd-09-560x840.jpg 560w, https:\/\/doubletakedecor.com\/uploads\/2025\/09\/garden-nook-dtd-09-480x720.jpg 480w\" sizes=\"auto, (max-width: 700px) 100vw, 700px\" \/><\/p>\n<p>Pokojn\u00e9 \u00fato\u010disko si vytvor\u00ed\u0161 aj jednoducho \u2013 zaves hojdaciu sie\u0165 medzi dva star\u00e9 stromy. Vyber l\u00e1tku, ktor\u00e1 dobre d\u00fdcha, a pridaj m\u00e4kk\u00e9 vank\u00fa\u0161iky na le\u0148o\u0161enie. Hojdacia sie\u0165 umiestni tam, kde ti pr\u00edrodn\u00e9 listy zabezpe\u010dia tie\u0148 a s\u00fakromie. Cel\u00fd priestor dotvor tropick\u00fdmi rastlinami a vytvor si o\u00e1zu pokoja na \u010d\u00edtanie \u010di medit\u00e1ciu.<\/p>\n<h2>Kvetinov\u00fd obl\u00fak ako vstup do z\u00e1kutia<\/h2>\n<p><img loading=\"lazy\" decoding=\"async\" width=\"700\" height=\"1049\" alt=\"Serene garden nook featuring a vibrant flower arch leading to a rustic wooden bench along a stone pathway surrounded by colorful blooms.\" class=\"aligncenter size-full wp-image-6746\" src=\"https:\/\/doubletakedecor.com\/uploads\/2025\/09\/garden-nook-dtd-10.jpg\" srcset=\"https:\/\/doubletakedecor.com\/uploads\/2025\/09\/garden-nook-dtd-10.jpg 700w, https:\/\/doubletakedecor.com\/uploads\/2025\/09\/garden-nook-dtd-10-200x300.jpg 200w, https:\/\/doubletakedecor.com\/uploads\/2025\/09\/garden-nook-dtd-10-683x1024.jpg 683w, https:\/\/doubletakedecor.com\/uploads\/2025\/09\/garden-nook-dtd-10-96x144.jpg 96w, https:\/\/doubletakedecor.com\/uploads\/2025\/09\/garden-nook-dtd-10-280x420.jpg 280w, https:\/\/doubletakedecor.com\/uploads\/2025\/09\/garden-nook-dtd-10-320x480.jpg 320w, https:\/\/doubletakedecor.com\/uploads\/2025\/09\/garden-nook-dtd-10-360x539.jpg 360w, https:\/\/doubletakedecor.com\/uploads\/2025\/09\/garden-nook-dtd-10-363x544.jpg 363w, https:\/\/doubletakedecor.com\/uploads\/2025\/09\/garden-nook-dtd-10-370x554.jpg 370w, https:\/\/doubletakedecor.com\/uploads\/2025\/09\/garden-nook-dtd-10-400x599.jpg 400w, https:\/\/doubletakedecor.com\/uploads\/2025\/09\/garden-nook-dtd-10-560x839.jpg 560w, https:\/\/doubletakedecor.com\/uploads\/2025\/09\/garden-nook-dtd-10-480x719.jpg 480w\" sizes=\"auto, (max-width: 700px) 100vw, 700px\" \/><\/p>\n<p>K\u00fatik na oddych skvelo zv\u00fdrazn\u00ed\u0161 tak, \u017ee ako vstup postav\u00ed\u0161 kvetinov\u00fd obl\u00fak. Pod obl\u00fakom vedie kamenn\u00fd chodn\u00edk priamo k pohodln\u00e9mu sedeniu. Kombinuj oran\u017eov\u00e9 a fialov\u00e9 kvety pre e\u0161te v\u00e4\u010d\u0161\u00ed dojem a okolit\u00e9 z\u00e1hony or\u00e1muj pravideln\u00fdm \u017eiv\u00fdm plotom. Tak\u00fdto obl\u00fak cel\u00fd priestor vizu\u00e1lne zv\u00fdrazn\u00ed a z\u00e1rove\u0148 jasne oddel\u00ed tvoje pokojn\u00e9 miesto.<\/p>\n<h2>Osvetlen\u00fd alt\u00e1nok na ve\u010dern\u00e9 posedenie<\/h2>\n<p><img loading=\"lazy\" decoding=\"async\" width=\"700\" height=\"1049\" alt=\"Cozy wooden gazebo with lattice details and shingled roof, softly lit in a lush garden with flowers and ambient lighting.\" class=\"aligncenter size-full wp-image-6752\" src=\"https:\/\/doubletakedecor.com\/uploads\/2025\/09\/garden-nook-dtd-11.jpg\" srcset=\"https:\/\/doubletakedecor.com\/uploads\/2025\/09\/garden-nook-dtd-11.jpg 700w, https:\/\/doubletakedecor.com\/uploads\/2025\/09\/garden-nook-dtd-11-200x300.jpg 200w, https:\/\/doubletakedecor.com\/uploads\/2025\/09\/garden-nook-dtd-11-683x1024.jpg 683w, https:\/\/doubletakedecor.com\/uploads\/2025\/09\/garden-nook-dtd-11-96x144.jpg 96w, https:\/\/doubletakedecor.com\/uploads\/2025\/09\/garden-nook-dtd-11-280x420.jpg 280w, https:\/\/doubletakedecor.com\/uploads\/2025\/09\/garden-nook-dtd-11-320x480.jpg 320w, https:\/\/doubletakedecor.com\/uploads\/2025\/09\/garden-nook-dtd-11-360x539.jpg 360w, https:\/\/doubletakedecor.com\/uploads\/2025\/09\/garden-nook-dtd-11-363x544.jpg 363w, https:\/\/doubletakedecor.com\/uploads\/2025\/09\/garden-nook-dtd-11-370x554.jpg 370w, https:\/\/doubletakedecor.com\/uploads\/2025\/09\/garden-nook-dtd-11-400x599.jpg 400w, https:\/\/doubletakedecor.com\/uploads\/2025\/09\/garden-nook-dtd-11-560x839.jpg 560w, https:\/\/doubletakedecor.com\/uploads\/2025\/09\/garden-nook-dtd-11-480x719.jpg 480w\" sizes=\"auto, (max-width: 700px) 100vw, 700px\" \/><\/p>\n<p>Preme\u0148 svoje z\u00e1hradn\u00e9 z\u00e1kutie na \u010darovn\u00fd ve\u010dern\u00fd \u00fakryt dobre rozmiestnen\u00fdm osvetlen\u00edm okolo alt\u00e1nku. Zaves vodotesn\u00e9 sveteln\u00e9 re\u0165aze alebo lamp\u00e1\u0161e na prelamovan\u00e9 steny pre jemn\u00e9 nasvietenie. Na lavi\u010dky daj vank\u00fa\u0161e na v\u00e4\u010d\u0161ie pohodlie a okolie vysa\u010f nen\u00e1ro\u010dn\u00fdmi trvalkami, ktor\u00e9 bud\u00fa kr\u00e1sne aj po cel\u00fd rok. Na chodn\u00edk daj mal\u00e9 svetielka, aby cesta k z\u00e1kutiu bola v\u017edy pr\u00edjemn\u00e1.<\/p>\n<h2>Elegantn\u00fd alt\u00e1nok so z\u00e1vojov\u00fdmi z\u00e1vesmi<\/h2>\n<p><img loading=\"lazy\" decoding=\"async\" width=\"700\" height=\"1049\" alt=\"P\u00f4vabn\u00fd z\u00e1hradn\u00fd alt\u00e1nok s tmavou kovovou kon\u0161trukciou, z\u00e1vojov\u00fdmi z\u00e1vesmi a \u00fatuln\u00fdm poseden\u00edm uprostred zelene a kamenist\u00fdch chodn\u00edkov.\" class=\"aligncenter size-full wp-image-6758\" src=\"https:\/\/doubletakedecor.com\/uploads\/2025\/09\/garden-nook-dtd-12.jpg\" srcset=\"https:\/\/doubletakedecor.com\/uploads\/2025\/09\/garden-nook-dtd-12.jpg 700w, https:\/\/doubletakedecor.com\/uploads\/2025\/09\/garden-nook-dtd-12-200x300.jpg 200w, https:\/\/doubletakedecor.com\/uploads\/2025\/09\/garden-nook-dtd-12-683x1024.jpg 683w, https:\/\/doubletakedecor.com\/uploads\/2025\/09\/garden-nook-dtd-12-96x144.jpg 96w, https:\/\/doubletakedecor.com\/uploads\/2025\/09\/garden-nook-dtd-12-280x420.jpg 280w, https:\/\/doubletakedecor.com\/uploads\/2025\/09\/garden-nook-dtd-12-320x480.jpg 320w, https:\/\/doubletakedecor.com\/uploads\/2025\/09\/garden-nook-dtd-12-360x539.jpg 360w, https:\/\/doubletakedecor.com\/uploads\/2025\/09\/garden-nook-dtd-12-363x544.jpg 363w, https:\/\/doubletakedecor.com\/uploads\/2025\/09\/garden-nook-dtd-12-370x554.jpg 370w, https:\/\/doubletakedecor.com\/uploads\/2025\/09\/garden-nook-dtd-12-400x599.jpg 400w, https:\/\/doubletakedecor.com\/uploads\/2025\/09\/garden-nook-dtd-12-560x839.jpg 560w, https:\/\/doubletakedecor.com\/uploads\/2025\/09\/garden-nook-dtd-12-480x719.jpg 480w\" sizes=\"auto, (max-width: 700px) 100vw, 700px\" \/><\/p>\n<p>Vytvor si pokojn\u00fa z\u00e1hradn\u00fa o\u00e1zu tak, \u017ee si postav\u00ed\u0161 kovov\u00fd alt\u00e1nok s ozdobn\u00fdmi mre\u017eami. Na z\u00e1vesy z \u013eahkej l\u00e1tky nezabudni \u2013 prines\u00fa s\u00fakromie a elegantn\u00fd vzh\u013ead. Do alt\u00e1nku polo\u017e m\u00e4kk\u00e9 sedacie vank\u00fa\u0161e a stol\u00edk, kde si m\u00f4\u017ee\u0161 vychutna\u0165 n\u00e1poj alebo \u010d\u00edta\u0165 knihu. Alt\u00e1nok obklop r\u00f4znymi rastlinami a kvetmi a spoj v\u0161etko kamenist\u00fdmi chodn\u00edkmi, aby p\u00f4sobil cel\u00fd priestor prepojene a pr\u00edjemne.<\/p>\n<h2>Biela lavi\u010dka v zelenej z\u00e1hrade<\/h2>\n<p><img loading=\"lazy\" decoding=\"async\" width=\"700\" height=\"1049\" alt=\"P\u00f4vabn\u00e1 biela lavi\u010dka zasaden\u00e1 v zelenej z\u00e1hrade medzi kame\u0148mi, fialov\u00fdmi kvetmi a bielymi \u013ealiami.\" class=\"aligncenter size-full wp-image-6764\" src=\"https:\/\/doubletakedecor.com\/uploads\/2025\/09\/garden-nook-dtd-13.jpg\" srcset=\"https:\/\/doubletakedecor.com\/uploads\/2025\/09\/garden-nook-dtd-13.jpg 700w, https:\/\/doubletakedecor.com\/uploads\/2025\/09\/garden-nook-dtd-13-200x300.jpg 200w, https:\/\/doubletakedecor.com\/uploads\/2025\/09\/garden-nook-dtd-13-683x1024.jpg 683w, https:\/\/doubletakedecor.com\/uploads\/2025\/09\/garden-nook-dtd-13-96x144.jpg 96w, https:\/\/doubletakedecor.com\/uploads\/2025\/09\/garden-nook-dtd-13-280x420.jpg 280w, https:\/\/doubletakedecor.com\/uploads\/2025\/09\/garden-nook-dtd-13-320x480.jpg 320w, https:\/\/doubletakedecor.com\/uploads\/2025\/09\/garden-nook-dtd-13-360x539.jpg 360w, https:\/\/doubletakedecor.com\/uploads\/2025\/09\/garden-nook-dtd-13-363x544.jpg 363w, https:\/\/doubletakedecor.com\/uploads\/2025\/09\/garden-nook-dtd-13-370x554.jpg 370w, https:\/\/doubletakedecor.com\/uploads\/2025\/09\/garden-nook-dtd-13-400x599.jpg 400w, https:\/\/doubletakedecor.com\/uploads\/2025\/09\/garden-nook-dtd-13-560x839.jpg 560w, https:\/\/doubletakedecor.com\/uploads\/2025\/09\/garden-nook-dtd-13-480x719.jpg 480w\" sizes=\"auto, (max-width: 700px) 100vw, 700px\" \/><\/p>\n<p>Pokojn\u00e9 oddychov\u00e9 miesto vytvor\u00ed\u0161 jednoducho \u2013 sta\u010d\u00ed bielu lavi\u010dku pri kamennom chodn\u00ed\u010dku a okolo nej nasadi\u0165 r\u00f4zne rastliny. Skombinuj fialov\u00e9 kvety s bielymi \u013ealiami pre zauj\u00edmav\u00fd kontrast. Hust\u00e9 kr\u00edky vyu\u017eije\u0161 ako prirodzen\u00e9 ohrani\u010denie priestoru. Svoj k\u00fatik umiestni tam, kde m\u00e1\u0161 najkraj\u0161\u00ed v\u00fdh\u013ead do z\u00e1hrady, aby si si mohol v tichu vychutna\u0165 rann\u00fa k\u00e1vu alebo chv\u00ed\u013eu pre seba.<\/p>\n<h2>Dreven\u00e1 lavi\u010dka v levandu\u013eovom k\u00fatiku<\/h2>\n<p><img loading=\"lazy\" decoding=\"async\" width=\"700\" height=\"1050\" alt=\"Star\u0161ia dreven\u00e1 lavi\u010dka ukryt\u00e1 v bohatej z\u00e1hrade s fialovou levandu\u013eou, farebn\u00fdmi kvetmi a kamenist\u00fdmi schod\u00edkmi.\" class=\"aligncenter size-full wp-image-6770\" src=\"https:\/\/doubletakedecor.com\/uploads\/2025\/09\/garden-nook-dtd-14.jpg\" srcset=\"https:\/\/doubletakedecor.com\/uploads\/2025\/09\/garden-nook-dtd-14.jpg 700w, https:\/\/doubletakedecor.com\/uploads\/2025\/09\/garden-nook-dtd-14-200x300.jpg 200w, https:\/\/doubletakedecor.com\/uploads\/2025\/09\/garden-nook-dtd-14-683x1024.jpg 683w, https:\/\/doubletakedecor.com\/uploads\/2025\/09\/garden-nook-dtd-14-96x144.jpg 96w, https:\/\/doubletakedecor.com\/uploads\/2025\/09\/garden-nook-dtd-14-280x420.jpg 280w, https:\/\/doubletakedecor.com\/uploads\/2025\/09\/garden-nook-dtd-14-320x480.jpg 320w, https:\/\/doubletakedecor.com\/uploads\/2025\/09\/garden-nook-dtd-14-360x540.jpg 360w, https:\/\/doubletakedecor.com\/uploads\/2025\/09\/garden-nook-dtd-14-363x545.jpg 363w, https:\/\/doubletakedecor.com\/uploads\/2025\/09\/garden-nook-dtd-14-370x555.jpg 370w, https:\/\/doubletakedecor.com\/uploads\/2025\/09\/garden-nook-dtd-14-400x600.jpg 400w, https:\/\/doubletakedecor.com\/uploads\/2025\/09\/garden-nook-dtd-14-560x840.jpg 560w, https:\/\/doubletakedecor.com\/uploads\/2025\/09\/garden-nook-dtd-14-480x720.jpg 480w\" sizes=\"auto, (max-width: 700px) 100vw, 700px\" \/><\/p>\n<p>Pokojn\u00e9 miesto na sedenie si priprav tak, \u017ee star\u00fa lavi\u010dku postav\u00ed\u0161 ku kr\u00edkom levandule. Z\u00edsk\u00e1\u0161 nielen kr\u00e1sny v\u00fdh\u013ead, ale aj pr\u00edjemn\u00fa v\u00f4\u0148u. Cestu k lavi\u010dke vyzna\u010d kame\u0148mi polo\u017een\u00fdmi ako \u0161lap\u00e1ky. Okolie dopl\u0148 r\u00f4znorod\u00fdmi kvitn\u00facimi rastlinami, aby ti robili rados\u0165 po cel\u00fd rok. Lavi\u010dku nato\u010d k tomu najkraj\u0161iemu poh\u013eadu do z\u00e1hrady, aby si si relax naplno u\u017eil.<\/p>\n<h2>Pokojn\u00fd k\u00fatik s patinovanou lavi\u010dkou<\/h2>\n<p><img loading=\"lazy\" decoding=\"async\" width=\"700\" height=\"1049\" alt=\"Star\u0161ia dreven\u00e1 lavi\u010dka ukryt\u00e1 v hustej zeleni a ru\u017eov\u00fdch ru\u017eiach, s chodn\u00edkom zo \u0161trku, vytv\u00e1raj\u00faca k\u00fatik na oddych.\" class=\"aligncenter size-full wp-image-6776\" src=\"https:\/\/doubletakedecor.com\/uploads\/2025\/09\/garden-nook-dtd-15.jpg\" srcset=\"https:\/\/doubletakedecor.com\/uploads\/2025\/09\/garden-nook-dtd-15.jpg 700w, https:\/\/doubletakedecor.com\/uploads\/2025\/09\/garden-nook-dtd-15-200x300.jpg 200w, https:\/\/doubletakedecor.com\/uploads\/2025\/09\/garden-nook-dtd-15-683x1024.jpg 683w, https:\/\/doubletakedecor.com\/uploads\/2025\/09\/garden-nook-dtd-15-96x144.jpg 96w, https:\/\/doubletakedecor.com\/uploads\/2025\/09\/garden-nook-dtd-15-280x420.jpg 280w, https:\/\/doubletakedecor.com\/uploads\/2025\/09\/garden-nook-dtd-15-320x480.jpg 320w, https:\/\/doubletakedecor.com\/uploads\/2025\/09\/garden-nook-dtd-15-360x539.jpg 360w, https:\/\/doubletakedecor.com\/uploads\/2025\/09\/garden-nook-dtd-15-363x544.jpg 363w, https:\/\/doubletakedecor.com\/uploads\/2025\/09\/garden-nook-dtd-15-370x554.jpg 370w, https:\/\/doubletakedecor.com\/uploads\/2025\/09\/garden-nook-dtd-15-400x599.jpg 400w, https:\/\/doubletakedecor.com\/uploads\/2025\/09\/garden-nook-dtd-15-560x839.jpg 560w, https:\/\/doubletakedecor.com\/uploads\/2025\/09\/garden-nook-dtd-15-480x719.jpg 480w\" sizes=\"auto, (max-width: 700px) 100vw, 700px\" \/><\/p>\n<p>Pokojn\u00e9 miesto na oddych si vytvor\u00ed\u0161 jednoducho \u2013 polo\u017e\u00ed\u0161 patinovan\u00fa lavi\u010dku do z\u00e1hrady s hustou zele\u0148ou. Pridaj upraven\u00e9 \u017eiv\u00e9 ploty, ktor\u00e9 vyzna\u010dia priestor, a ru\u017eov\u00e9 ru\u017ee pre kr\u00e1sne rozjasnenie. Urob kamenn\u00fd alebo \u0161trkov\u00fd chodn\u00edk, ktor\u00fd n\u00e1v\u0161tevn\u00edka prirodzene dovedie a\u017e ku k\u00fatiku. Tento priestor je ide\u00e1lny na pokojn\u00e9 r\u00e1no pri k\u00e1ve i na ve\u010dern\u00e9 prem\u00fd\u0161\u013eanie.<\/p>\n<h2>Osvetlen\u00fd dreven\u00fd k\u00fatik<\/h2>\n<p><img loading=\"lazy\" decoding=\"async\" width=\"700\" height=\"1049\" alt=\"\u00datuln\u00e9 vonkaj\u0161ie posedenie s dreven\u00fdm r\u00e1mom, svetielkami, ratanov\u00fdm kreslom a mno\u017estvom zelene.\" class=\"aligncenter size-full wp-image-6782\" src=\"https:\/\/doubletakedecor.com\/uploads\/2025\/09\/garden-nook-dtd-16.jpg\" srcset=\"https:\/\/doubletakedecor.com\/uploads\/2025\/09\/garden-nook-dtd-16.jpg 700w, https:\/\/doubletakedecor.com\/uploads\/2025\/09\/garden-nook-dtd-16-200x300.jpg 200w, https:\/\/doubletakedecor.com\/uploads\/2025\/09\/garden-nook-dtd-16-683x1024.jpg 683w, https:\/\/doubletakedecor.com\/uploads\/2025\/09\/garden-nook-dtd-16-96x144.jpg 96w, https:\/\/doubletakedecor.com\/uploads\/2025\/09\/garden-nook-dtd-16-280x420.jpg 280w, https:\/\/doubletakedecor.com\/uploads\/2025\/09\/garden-nook-dtd-16-320x480.jpg 320w, https:\/\/doubletakedecor.com\/uploads\/2025\/09\/garden-nook-dtd-16-360x539.jpg 360w, https:\/\/doubletakedecor.com\/uploads\/2025\/09\/garden-nook-dtd-16-363x544.jpg 363w, https:\/\/doubletakedecor.com\/uploads\/2025\/09\/garden-nook-dtd-16-370x554.jpg 370w, https:\/\/doubletakedecor.com\/uploads\/2025\/09\/garden-nook-dtd-16-400x599.jpg 400w, https:\/\/doubletakedecor.com\/uploads\/2025\/09\/garden-nook-dtd-16-560x839.jpg 560w, https:\/\/doubletakedecor.com\/uploads\/2025\/09\/garden-nook-dtd-16-480x719.jpg 480w\" sizes=\"auto, (max-width: 700px) 100vw, 700px\" \/><\/p>\n<p>O\u00e1zu pokoja si vytvor\u00ed\u0161 pomocou dreven\u00e9ho pr\u00edstre\u0161ku so \u0161ikmou strechou. Rozve\u0161aj tepl\u00e9 sveteln\u00e9 re\u0165aze, ktor\u00e9 ve\u010der vytvoria pr\u00edjemn\u00fa atmosf\u00e9ru. Pridaj ratanov\u00fa stoli\u010dku s m\u00e4kk\u00fdmi vank\u00fa\u0161mi a mal\u00fd stol\u00edk. Z okolitej zelene a kvetin\u00e1\u010dov s bylinkami urob prirodzen\u00fd r\u00e1m a dopraj svojmu priestoru pr\u00edrodn\u00fd dotyk i pohodu.<\/p>\n<h2>Rustik\u00e1lny k\u00fatik s ratanov\u00fdm gau\u010dom medzi kvetmi<\/h2>\n<p><img loading=\"lazy\" decoding=\"async\" width=\"700\" height=\"1049\" alt=\"Tich\u00fd z\u00e1hradn\u00fd k\u00fatik s ratanov\u00fdm gau\u010dom s kvetinov\u00fdmi vank\u00fa\u0161mi pri kamennom chodn\u00edku medzi pestrofarebn\u00fdmi kvetmi.\" class=\"aligncenter size-full wp-image-6788\" src=\"https:\/\/doubletakedecor.com\/uploads\/2025\/09\/garden-nook-dtd-17.jpg\" srcset=\"https:\/\/doubletakedecor.com\/uploads\/2025\/09\/garden-nook-dtd-17.jpg 700w, https:\/\/doubletakedecor.com\/uploads\/2025\/09\/garden-nook-dtd-17-200x300.jpg 200w, https:\/\/doubletakedecor.com\/uploads\/2025\/09\/garden-nook-dtd-17-683x1024.jpg 683w, https:\/\/doubletakedecor.com\/uploads\/2025\/09\/garden-nook-dtd-17-96x144.jpg 96w, https:\/\/doubletakedecor.com\/uploads\/2025\/09\/garden-nook-dtd-17-280x420.jpg 280w, https:\/\/doubletakedecor.com\/uploads\/2025\/09\/garden-nook-dtd-17-320x480.jpg 320w, https:\/\/doubletakedecor.com\/uploads\/2025\/09\/garden-nook-dtd-17-360x539.jpg 360w, https:\/\/doubletakedecor.com\/uploads\/2025\/09\/garden-nook-dtd-17-363x544.jpg 363w, https:\/\/doubletakedecor.com\/uploads\/2025\/09\/garden-nook-dtd-17-370x554.jpg 370w, https:\/\/doubletakedecor.com\/uploads\/2025\/09\/garden-nook-dtd-17-400x599.jpg 400w, https:\/\/doubletakedecor.com\/uploads\/2025\/09\/garden-nook-dtd-17-560x839.jpg 560w, https:\/\/doubletakedecor.com\/uploads\/2025\/09\/garden-nook-dtd-17-480x719.jpg 480w\" sizes=\"auto, (max-width: 700px) 100vw, 700px\" \/><\/p>\n<p>K pokojnej z\u00e1hradnej z\u00f3ne posta\u010d\u00ed ratanov\u00fd gau\u010d s farebn\u00fdmi vank\u00fa\u0161mi umiestnen\u00fd popri kamennom chodn\u00ed\u010dku. Okolie olemuj pestr\u00fdmi kvetmi, ich farby sa kr\u00e1sne doplnia. Pridaj men\u0161ie stol\u00edky na rastliny alebo n\u00e1poje. Pr\u00edrodn\u00e1 koruna z okolit\u00fdch stromov alebo kr\u00edkov poskytne m\u00e4kk\u00fd tie\u0148 pre ni\u010d\u00edm neru\u0161en\u00fd oddych.<\/p>\n<h2>Dreven\u00e1 hojda\u010dka pod pergolou<\/h2>\n<p><img loading=\"lazy\" decoding=\"async\" width=\"700\" height=\"1049\" alt=\"Rustik\u00e1lna dreven\u00e1 hojda\u010dka s pruhovan\u00fdm vank\u00fa\u0161om a pr\u00edrodn\u00fdmi vank\u00fa\u0161ikmi pod pergolou obklopen\u00e1 zele\u0148ou na \u0161trkovom koberci.\" class=\"aligncenter size-full wp-image-6794\" src=\"https:\/\/doubletakedecor.com\/uploads\/2025\/09\/garden-nook-dtd-18.jpg\" srcset=\"https:\/\/doubletakedecor.com\/uploads\/2025\/09\/garden-nook-dtd-18.jpg 700w, https:\/\/doubletakedecor.com\/uploads\/2025\/09\/garden-nook-dtd-18-200x300.jpg 200w, https:\/\/doubletakedecor.com\/uploads\/2025\/09\/garden-nook-dtd-18-683x1024.jpg 683w, https:\/\/doubletakedecor.com\/uploads\/2025\/09\/garden-nook-dtd-18-96x144.jpg 96w, https:\/\/doubletakedecor.com\/uploads\/2025\/09\/garden-nook-dtd-18-280x420.jpg 280w, https:\/\/doubletakedecor.com\/uploads\/2025\/09\/garden-nook-dtd-18-320x480.jpg 320w, https:\/\/doubletakedecor.com\/uploads\/2025\/09\/garden-nook-dtd-18-360x539.jpg 360w, https:\/\/doubletakedecor.com\/uploads\/2025\/09\/garden-nook-dtd-18-363x544.jpg 363w, https:\/\/doubletakedecor.com\/uploads\/2025\/09\/garden-nook-dtd-18-370x554.jpg 370w, https:\/\/doubletakedecor.com\/uploads\/2025\/09\/garden-nook-dtd-18-400x599.jpg 400w, https:\/\/doubletakedecor.com\/uploads\/2025\/09\/garden-nook-dtd-18-560x839.jpg 560w, https:\/\/doubletakedecor.com\/uploads\/2025\/09\/garden-nook-dtd-18-480x719.jpg 480w\" sizes=\"auto, (max-width: 700px) 100vw, 700px\" \/><\/p>\n<p>Ak si chce\u0161 urobi\u0165 \u010dit\u00e1re\u0148 na \u010derstvom vzduchu, zaveste dreven\u00fa hojda\u010dku pod pergolu. Pridaj odoln\u00fd vank\u00fa\u0161 a vank\u00fa\u0161iky v zemit\u00fdch farb\u00e1ch, aby si sa c\u00edtil pohodlne. Na \u0161trk polo\u017e vonkaj\u0161\u00ed koberec, ten priestor jasne vymedz\u00ed a prid\u00e1 text\u00faru. Okolie vysa\u010f zelen\u00fdmi rastlinami, ktor\u00e9 vytvoria s\u00fakromie a vzdu\u0161nos\u0165 z\u00e1rove\u0148.<\/p>\n<h2>Dreven\u00e1 terasa s ohniskom pod pergolou<\/h2>\n<p><img loading=\"lazy\" decoding=\"async\" width=\"700\" height=\"1050\" alt=\"Gu\u013eat\u00e9 ohnisko na drevenej terase, pohodln\u00e1 smotanov\u00e1 seda\u010dka a kreslo pod pergolou so svetielkami a bohatou zele\u0148ou.\" class=\"aligncenter size-full wp-image-6800\" src=\"https:\/\/doubletakedecor.com\/uploads\/2025\/09\/garden-nook-dtd-19.jpg\" srcset=\"https:\/\/doubletakedecor.com\/uploads\/2025\/09\/garden-nook-dtd-19.jpg 700w, https:\/\/doubletakedecor.com\/uploads\/2025\/09\/garden-nook-dtd-19-200x300.jpg 200w, https:\/\/doubletakedecor.com\/uploads\/2025\/09\/garden-nook-dtd-19-683x1024.jpg 683w, https:\/\/doubletakedecor.com\/uploads\/2025\/09\/garden-nook-dtd-19-96x144.jpg 96w, https:\/\/doubletakedecor.com\/uploads\/2025\/09\/garden-nook-dtd-19-280x420.jpg 280w, https:\/\/doubletakedecor.com\/uploads\/2025\/09\/garden-nook-dtd-19-320x480.jpg 320w, https:\/\/doubletakedecor.com\/uploads\/2025\/09\/garden-nook-dtd-19-360x540.jpg 360w, https:\/\/doubletakedecor.com\/uploads\/2025\/09\/garden-nook-dtd-19-363x545.jpg 363w, https:\/\/doubletakedecor.com\/uploads\/2025\/09\/garden-nook-dtd-19-370x555.jpg 370w, https:\/\/doubletakedecor.com\/uploads\/2025\/09\/garden-nook-dtd-19-400x600.jpg 400w, https:\/\/doubletakedecor.com\/uploads\/2025\/09\/garden-nook-dtd-19-560x840.jpg 560w, https:\/\/doubletakedecor.com\/uploads\/2025\/09\/garden-nook-dtd-19-480x720.jpg 480w\" sizes=\"auto, (max-width: 700px) 100vw, 700px\" \/><\/p>\n<p>Premen\u00ed\u0161 svoju z\u00e1hradu na miesto pre priate\u013esk\u00e9 stretnutia v\u010faka elegantn\u00e9mu ohnisku. Skombinuj kruhov\u00e9 ohnisko s pohodln\u00fdm seden\u00edm pod drevenou pergolou. Pridaj sveteln\u00e9 re\u0165aze, ktor\u00e9 zabezpe\u010dia \u00fatuln\u00e9 ve\u010dern\u00e9 osvetlenie. Biele kamienky a kamenn\u00e9 chodn\u00edky dodaj\u00fa text\u00faru. Zele\u0148 okolo sa postar\u00e1 o s\u00fakromie a pr\u00edjemn\u00fa pr\u00edrodn\u00fa atmosf\u00e9ru.<\/p>\n<h2>Obl\u00fakov\u00fd chodn\u00edk s lavi\u010dkou v z\u00e1hrade<\/h2>\n<p><img loading=\"lazy\" decoding=\"async\" width=\"700\" height=\"1049\" alt=\"Tehlov\u00fd chodn\u00edk s drevenou br\u00e1nou obrastenou zele\u0148ou ved\u00faci k lavi\u010dke medzi pestrofarebn\u00fdmi kvetinov\u00fdmi z\u00e1honmi.\" class=\"aligncenter size-full wp-image-6806\" src=\"https:\/\/doubletakedecor.com\/uploads\/2025\/09\/garden-nook-dtd-20.jpg\" srcset=\"https:\/\/doubletakedecor.com\/uploads\/2025\/09\/garden-nook-dtd-20.jpg 700w, https:\/\/doubletakedecor.com\/uploads\/2025\/09\/garden-nook-dtd-20-200x300.jpg 200w, https:\/\/doubletakedecor.com\/uploads\/2025\/09\/garden-nook-dtd-20-683x1024.jpg 683w, https:\/\/doubletakedecor.com\/uploads\/2025\/09\/garden-nook-dtd-20-96x144.jpg 96w, https:\/\/doubletakedecor.com\/uploads\/2025\/09\/garden-nook-dtd-20-280x420.jpg 280w, https:\/\/doubletakedecor.com\/uploads\/2025\/09\/garden-nook-dtd-20-320x480.jpg 320w, https:\/\/doubletakedecor.com\/uploads\/2025\/09\/garden-nook-dtd-20-360x539.jpg 360w, https:\/\/doubletakedecor.com\/uploads\/2025\/09\/garden-nook-dtd-20-363x544.jpg 363w, https:\/\/doubletakedecor.com\/uploads\/2025\/09\/garden-nook-dtd-20-370x554.jpg 370w, https:\/\/doubletakedecor.com\/uploads\/2025\/09\/garden-nook-dtd-20-400x599.jpg 400w, https:\/\/doubletakedecor.com\/uploads\/2025\/09\/garden-nook-dtd-20-560x839.jpg 560w, https:\/\/doubletakedecor.com\/uploads\/2025\/09\/garden-nook-dtd-20-480x719.jpg 480w\" sizes=\"auto, (max-width: 700px) 100vw, 700px\" \/><\/p>\n<p>Tich\u00e9 z\u00e1kutie v z\u00e1hrade vytvor obloc\u030cenou br\u00e1nou zarastenou pop\u00ednavkami, ktor\u00e1 sl\u00fa\u017ei ako vchod do tvojho \u00fato\u010diska. Na konci chodn\u00edka polo\u017e pohodln\u00fa lavi\u010dku ako cie\u013e a ozdobu priestoru. Chodn\u00edk z ozdobn\u00fdch teh\u00e1l prid\u00e1 zauj\u00edmavos\u0165, pestrofarebn\u00e9 trvalky po okrajoch zas kr\u00e1su po\u010das cel\u00e9ho roka. Tak\u00e9to rie\u0161enie pon\u00faka aj s\u00fakromie, aj \u0161mrnc.<\/p>\n<h2>Prestre\u0161en\u00e1 terasa s hojdac\u00edm kreslom<\/h2>\n<p><img loading=\"lazy\" decoding=\"async\" width=\"700\" height=\"1050\" alt=\"Pokojn\u00e1 terasa s ratanov\u00fdm hojdac\u00edm kreslom, obklopen\u00e1 kvetin\u00e1\u010dmi a koberec z pr\u00edrodn\u00e9ho vl\u00e1kna pri \u010diernych paneloch steny.\" class=\"aligncenter size-full wp-image-6812\" src=\"https:\/\/doubletakedecor.com\/uploads\/2025\/09\/garden-nook-dtd-21.jpg\" srcset=\"https:\/\/doubletakedecor.com\/uploads\/2025\/09\/garden-nook-dtd-21.jpg 700w, https:\/\/doubletakedecor.com\/uploads\/2025\/09\/garden-nook-dtd-21-200x300.jpg 200w, https:\/\/doubletakedecor.com\/uploads\/2025\/09\/garden-nook-dtd-21-683x1024.jpg 683w, https:\/\/doubletakedecor.com\/uploads\/2025\/09\/garden-nook-dtd-21-96x144.jpg 96w, https:\/\/doubletakedecor.com\/uploads\/2025\/09\/garden-nook-dtd-21-280x420.jpg 280w, https:\/\/doubletakedecor.com\/uploads\/2025\/09\/garden-nook-dtd-21-320x480.jpg 320w, https:\/\/doubletakedecor.com\/uploads\/2025\/09\/garden-nook-dtd-21-360x540.jpg 360w, https:\/\/doubletakedecor.com\/uploads\/2025\/09\/garden-nook-dtd-21-363x545.jpg 363w, https:\/\/doubletakedecor.com\/uploads\/2025\/09\/garden-nook-dtd-21-370x555.jpg 370w, https:\/\/doubletakedecor.com\/uploads\/2025\/09\/garden-nook-dtd-21-400x600.jpg 400w, https:\/\/doubletakedecor.com\/uploads\/2025\/09\/garden-nook-dtd-21-560x840.jpg 560w, https:\/\/doubletakedecor.com\/uploads\/2025\/09\/garden-nook-dtd-21-480x720.jpg 480w\" sizes=\"auto, (max-width: 700px) 100vw, 700px\" \/><\/p>\n<p>Preme\u0148 presklen\u00fa terasu na zelen\u00fd k\u00fat t\u00fdm, \u017ee skombinuje\u0161 pohodlie s rastlinami. Pou\u017ei z\u00e1vesn\u00e9 ratanov\u00e9 kreslo s m\u00e4kk\u00fdmi vank\u00fa\u0161mi ako hlavn\u00fd prvok, okolo rozmiestni r\u00f4zne kvetin\u00e1\u010de v r\u00f4znych v\u00fd\u0161kach. Pr\u00edrodn\u00fd koberec prinesie text\u00faru a na police m\u00f4\u017ee\u0161 vystavi\u0165 \u010fal\u0161ie rastliny \u010di drobn\u00e9 dekor\u00e1cie pod\u013ea vkusu.<\/p>\n<h2>Vyv\u00fd\u0161en\u00e9 z\u00e1hony pri drevenom chodn\u00ed\u010dku<\/h2>\n<p><img loading=\"lazy\" decoding=\"async\" width=\"700\" height=\"1049\" alt=\"Farebn\u00e1 z\u00e1hrada s vyv\u00fd\u0161en\u00fdmi dreven\u00fdmi z\u00e1honmi pozd\u013a\u017e terasov\u00e9ho chodn\u00edka medzi bylinkami, zeleninou a kvetinami v kvetin\u00e1\u010doch.\" class=\"aligncenter size-full wp-image-6818\" src=\"https:\/\/doubletakedecor.com\/uploads\/2025\/09\/garden-nook-dtd-22.jpg\" srcset=\"https:\/\/doubletakedecor.com\/uploads\/2025\/09\/garden-nook-dtd-22.jpg 700w, https:\/\/doubletakedecor.com\/uploads\/2025\/09\/garden-nook-dtd-22-200x300.jpg 200w, https:\/\/doubletakedecor.com\/uploads\/2025\/09\/garden-nook-dtd-22-683x1024.jpg 683w, https:\/\/doubletakedecor.com\/uploads\/2025\/09\/garden-nook-dtd-22-96x144.jpg 96w, https:\/\/doubletakedecor.com\/uploads\/2025\/09\/garden-nook-dtd-22-280x420.jpg 280w, https:\/\/doubletakedecor.com\/uploads\/2025\/09\/garden-nook-dtd-22-320x480.jpg 320w, https:\/\/doubletakedecor.com\/uploads\/2025\/09\/garden-nook-dtd-22-360x539.jpg 360w, https:\/\/doubletakedecor.com\/uploads\/2025\/09\/garden-nook-dtd-22-363x544.jpg 363w, https:\/\/doubletakedecor.com\/uploads\/2025\/09\/garden-nook-dtd-22-370x554.jpg 370w, https:\/\/doubletakedecor.com\/uploads\/2025\/09\/garden-nook-dtd-22-400x599.jpg 400w, https:\/\/doubletakedecor.com\/uploads\/2025\/09\/garden-nook-dtd-22-560x839.jpg 560w, https:\/\/doubletakedecor.com\/uploads\/2025\/09\/garden-nook-dtd-22-480x719.jpg 480w\" sizes=\"auto, (max-width: 700px) 100vw, 700px\" \/><\/p>\n<p>Vyv\u00fd\u0161en\u00e9 z\u00e1hony pozd\u013a\u017e dreven\u00fdch chodn\u00edkov u\u013eah\u010dia pr\u00e1cu v z\u00e1hrade a v\u0161etko bude na dosah. Rozmiestni ich tak, aby na bylinky a zeleninu dopadalo \u010do najviac slnka. K rastlin\u00e1m pridaj menovky, aby si vedel, \u010do kde rastie. Kvetin\u00e1\u010de v bl\u00edzkosti umo\u017enia pestova\u0165 \u010fal\u0161ie rastliny. Tento \u0161t\u00fdl je nielen praktick\u00fd, ale aj pekn\u00fd na poh\u013ead.<\/p>\n<h2>K\u00fatik s pergolou a stromom<\/h2>\n<p><img loading=\"lazy\" decoding=\"async\" width=\"700\" height=\"1050\" alt=\"\u00datuln\u00e9 vonkaj\u0161ie posedenie s drevenou pergolou, rohovou seda\u010dkou, pestr\u00fdmi vank\u00fa\u0161ikmi, drevenou terasou a zele\u0148ou pre s\u00fakromie.\" class=\"aligncenter size-full wp-image-6824\" src=\"https:\/\/doubletakedecor.com\/uploads\/2025\/09\/garden-nook-dtd-23.jpg\" srcset=\"https:\/\/doubletakedecor.com\/uploads\/2025\/09\/garden-nook-dtd-23.jpg 700w, https:\/\/doubletakedecor.com\/uploads\/2025\/09\/garden-nook-dtd-23-200x300.jpg 200w, https:\/\/doubletakedecor.com\/uploads\/2025\/09\/garden-nook-dtd-23-683x1024.jpg 683w, https:\/\/doubletakedecor.com\/uploads\/2025\/09\/garden-nook-dtd-23-96x144.jpg 96w, https:\/\/doubletakedecor.com\/uploads\/2025\/09\/garden-nook-dtd-23-280x420.jpg 280w, https:\/\/doubletakedecor.com\/uploads\/2025\/09\/garden-nook-dtd-23-320x480.jpg 320w, https:\/\/doubletakedecor.com\/uploads\/2025\/09\/garden-nook-dtd-23-360x540.jpg 360w, https:\/\/doubletakedecor.com\/uploads\/2025\/09\/garden-nook-dtd-23-363x545.jpg 363w, https:\/\/doubletakedecor.com\/uploads\/2025\/09\/garden-nook-dtd-23-370x555.jpg 370w, https:\/\/doubletakedecor.com\/uploads\/2025\/09\/garden-nook-dtd-23-400x600.jpg 400w, https:\/\/doubletakedecor.com\/uploads\/2025\/09\/garden-nook-dtd-23-560x840.jpg 560w, https:\/\/doubletakedecor.com\/uploads\/2025\/09\/garden-nook-dtd-23-480x720.jpg 480w\" sizes=\"auto, (max-width: 700px) 100vw, 700px\" \/><\/p>\n<p>Pokojn\u00e9 \u00fato\u010disko vytvor\u00ed\u0161 jednoduchou seda\u010dkou do tvaru U pod stromom s pergolou. Pohraj sa s r\u00f4znymi text\u00farami vank\u00fa\u0161ov na pohodlie aj \u0161t\u00fdl. Posadenie umiestni na vyv\u00fd\u0161en\u00fa dreven\u00fa terasu, ktor\u00fa obkoles bielymi kamienkami pre odvodnenie a pekn\u00fd kontrast. Do k\u00fatika vysadi\u0165 bylinky prinesie v\u00f4\u0148u aj \u00fa\u017eitok. V\u010faka hustej zelene z\u00edska\u0161 s\u00fakromie aj vzdu\u0161nos\u0165.<\/p>\n<h2>Vn\u00fatorn\u00e1 z\u00e1hrada s vodn\u00fdm prvkom<\/h2>\n<p><img loading=\"lazy\" decoding=\"async\" width=\"700\" height=\"1049\" alt=\"Dreven\u00e1 seda\u010dka s farebn\u00fdmi vank\u00fa\u0161mi na kamennom chodn\u00edku, uprostred bohatej zeleniny a pri vodnom prvku.\" class=\"aligncenter size-full wp-image-6830\" src=\"https:\/\/doubletakedecor.com\/uploads\/2025\/09\/garden-nook-dtd-24.jpg\" srcset=\"https:\/\/doubletakedecor.com\/uploads\/2025\/09\/garden-nook-dtd-24.jpg 700w, https:\/\/doubletakedecor.com\/uploads\/2025\/09\/garden-nook-dtd-24-200x300.jpg 200w, https:\/\/doubletakedecor.com\/uploads\/2025\/09\/garden-nook-dtd-24-683x1024.jpg 683w, https:\/\/doubletakedecor.com\/uploads\/2025\/09\/garden-nook-dtd-24-96x144.jpg 96w, https:\/\/doubletakedecor.com\/uploads\/2025\/09\/garden-nook-dtd-24-280x420.jpg 280w, https:\/\/doubletakedecor.com\/uploads\/2025\/09\/garden-nook-dtd-24-320x480.jpg 320w, https:\/\/doubletakedecor.com\/uploads\/2025\/09\/garden-nook-dtd-24-360x539.jpg 360w, https:\/\/doubletakedecor.com\/uploads\/2025\/09\/garden-nook-dtd-24-363x544.jpg 363w, https:\/\/doubletakedecor.com\/uploads\/2025\/09\/garden-nook-dtd-24-370x554.jpg 370w, https:\/\/doubletakedecor.com\/uploads\/2025\/09\/garden-nook-dtd-24-400x599.jpg 400w, https:\/\/doubletakedecor.com\/uploads\/2025\/09\/garden-nook-dtd-24-560x839.jpg 560w, https:\/\/doubletakedecor.com\/uploads\/2025\/09\/garden-nook-dtd-24-480x719.jpg 480w\" sizes=\"auto, (max-width: 700px) 100vw, 700px\" \/><\/p>\n<p>Tich\u00e9 z\u00e1kutie doma vytvor\u00ed\u0161 pohodln\u00fdm seden\u00edm a pr\u00edrodn\u00fdmi prvkami. Postav dreven\u00fa seda\u010dku na kamene pri malom vodnom elemente, ktor\u00fd bude \u0161umie\u0165 a prin\u00e1\u0161a\u0165 pohodu. Pridaj koberec s text\u00farou a farebn\u00e9 vank\u00fa\u0161e pre kontrast k zeleni. Ochrana pred da\u017e\u010fom a dostatok denn\u00e9ho svetla zaru\u010dia pr\u00edjemn\u00fa atmosf\u00e9ru po cel\u00fd de\u0148.<\/p>\n<h2>Tie\u0148 uprostred zelene<\/h2>\n<p><img loading=\"lazy\" decoding=\"async\" width=\"700\" height=\"1049\" alt=\"Pokojn\u00e1 vonkaj\u0161ia z\u00f3na so \u017eeleznou lavi\u010dkou na \u0161trku, obklopen\u00e1 zele\u0148ou, stol\u00edkom s kvetin\u00e1\u010dmi a tieniacim slne\u010dn\u00edkom.\" class=\"aligncenter size-full wp-image-6836\" src=\"https:\/\/doubletakedecor.com\/uploads\/2025\/09\/garden-nook-dtd-25.jpg\" srcset=\"https:\/\/doubletakedecor.com\/uploads\/2025\/09\/garden-nook-dtd-25.jpg 700w, https:\/\/doubletakedecor.com\/uploads\/2025\/09\/garden-nook-dtd-25-200x300.jpg 200w, https:\/\/doubletakedecor.com\/uploads\/2025\/09\/garden-nook-dtd-25-683x1024.jpg 683w, https:\/\/doubletakedecor.com\/uploads\/2025\/09\/garden-nook-dtd-25-96x144.jpg 96w, https:\/\/doubletakedecor.com\/uploads\/2025\/09\/garden-nook-dtd-25-280x420.jpg 280w, https:\/\/doubletakedecor.com\/uploads\/2025\/09\/garden-nook-dtd-25-320x480.jpg 320w, https:\/\/doubletakedecor.com\/uploads\/2025\/09\/garden-nook-dtd-25-360x539.jpg 360w, https:\/\/doubletakedecor.com\/uploads\/2025\/09\/garden-nook-dtd-25-363x544.jpg 363w, https:\/\/doubletakedecor.com\/uploads\/2025\/09\/garden-nook-dtd-25-370x554.jpg 370w, https:\/\/doubletakedecor.com\/uploads\/2025\/09\/garden-nook-dtd-25-400x599.jpg 400w, https:\/\/doubletakedecor.com\/uploads\/2025\/09\/garden-nook-dtd-25-560x839.jpg 560w, https:\/\/doubletakedecor.com\/uploads\/2025\/09\/garden-nook-dtd-25-480x719.jpg 480w\" sizes=\"auto, (max-width: 700px) 100vw, 700px\" \/><\/p>\n<p>Int\u00edmny oddychov\u00fd k\u00fat vonku vytvor\u00ed\u0161 tak, \u017ee lavi\u010dku s kovov\u00fdm r\u00e1mom polo\u017e\u00ed\u0161 na \u0161trk, ktor\u00fd zabezpe\u010d\u00ed stabilitu i odvod vody. Dopl\u0148 mal\u00fd stol\u00edk a p\u00e1r kvetin\u00e1\u010dov pre pestros\u0165. Ochranu pred slnkom ti poskytne slne\u010dn\u00edk a lanterny navodia ve\u010dern\u00fa pohodu. K\u00fatik daj k hustej\u0161ej zeleni, \u010d\u00edm podpor\u00ed\u0161 pocit s\u00fakromia.<\/p>\n<h2>Dreven\u00e9 kreslo Adirondack pri jazierku<\/h2>\n<p><img loading=\"lazy\" decoding=\"async\" width=\"700\" height=\"1050\" alt=\"Dreven\u00e9 kreslo Adirondack na kamennom chodn\u00edku obklopen\u00e9 zele\u0148ou s jazierkom a vodop\u00e1dom v pozad\u00ed.\" class=\"aligncenter size-full wp-image-6842\" src=\"https:\/\/doubletakedecor.com\/uploads\/2025\/09\/garden-nook-dtd-26.jpg\" srcset=\"https:\/\/doubletakedecor.com\/uploads\/2025\/09\/garden-nook-dtd-26.jpg 700w, https:\/\/doubletakedecor.com\/uploads\/2025\/09\/garden-nook-dtd-26-200x300.jpg 200w, https:\/\/doubletakedecor.com\/uploads\/2025\/09\/garden-nook-dtd-26-683x1024.jpg 683w, https:\/\/doubletakedecor.com\/uploads\/2025\/09\/garden-nook-dtd-26-96x144.jpg 96w, https:\/\/doubletakedecor.com\/uploads\/2025\/09\/garden-nook-dtd-26-280x420.jpg 280w, https:\/\/doubletakedecor.com\/uploads\/2025\/09\/garden-nook-dtd-26-320x480.jpg 320w, https:\/\/doubletakedecor.com\/uploads\/2025\/09\/garden-nook-dtd-26-360x540.jpg 360w, https:\/\/doubletakedecor.com\/uploads\/2025\/09\/garden-nook-dtd-26-363x545.jpg 363w, https:\/\/doubletakedecor.com\/uploads\/2025\/09\/garden-nook-dtd-26-370x555.jpg 370w, https:\/\/doubletakedecor.com\/uploads\/2025\/09\/garden-nook-dtd-26-400x600.jpg 400w, https:\/\/doubletakedecor.com\/uploads\/2025\/09\/garden-nook-dtd-26-560x840.jpg 560w, https:\/\/doubletakedecor.com\/uploads\/2025\/09\/garden-nook-dtd-26-480x720.jpg 480w\" sizes=\"auto, (max-width: 700px) 100vw, 700px\" \/><\/p>\n<p>Kreslo Adirondack postav ved\u013ea chodn\u00ed\u010dka z kame\u0148ov, kde bude\u0161 ma\u0165 skvel\u00e9 miesto na relax. Jeho tvar je ide\u00e1lny do z\u00e1hrady s okrasn\u00fdmi tr\u00e1vami a kr\u00edkmi. Ved\u013ea postav mal\u00e9 jazierko s leknami a jemn\u00fdm vodop\u00e1dom, ktor\u00fd prinesie zvuk vody a urob\u00ed atmosf\u00e9ru e\u0161te pokojnej\u0161ou.<\/p>\n<h2>S\u00fakromn\u00fd k\u00fatik pri kamennom chodn\u00edku<\/h2>\n<p><img loading=\"lazy\" decoding=\"async\" width=\"700\" height=\"1049\" alt=\"Kamenn\u00fd chodn\u00edk vedie k dreven\u00fdm lavi\u010dk\u00e1m medzi bujnou zele\u0148ou, pestrofarebn\u00fdmi kvetmi a kreslami pod stromami v tieni.\" class=\"aligncenter size-full wp-image-6848\" src=\"https:\/\/doubletakedecor.com\/uploads\/2025\/09\/garden-nook-dtd-27.jpg\" srcset=\"https:\/\/doubletakedecor.com\/uploads\/2025\/09\/garden-nook-dtd-27.jpg 700w, https:\/\/doubletakedecor.com\/uploads\/2025\/09\/garden-nook-dtd-27-200x300.jpg 200w, https:\/\/doubletakedecor.com\/uploads\/2025\/09\/garden-nook-dtd-27-683x1024.jpg 683w, https:\/\/doubletakedecor.com\/uploads\/2025\/09\/garden-nook-dtd-27-96x144.jpg 96w, https:\/\/doubletakedecor.com\/uploads\/2025\/09\/garden-nook-dtd-27-280x420.jpg 280w, https:\/\/doubletakedecor.com\/uploads\/2025\/09\/garden-nook-dtd-27-320x480.jpg 320w, https:\/\/doubletakedecor.com\/uploads\/2025\/09\/garden-nook-dtd-27-360x539.jpg 360w, https:\/\/doubletakedecor.com\/uploads\/2025\/09\/garden-nook-dtd-27-363x544.jpg 363w, https:\/\/doubletakedecor.com\/uploads\/2025\/09\/garden-nook-dtd-27-370x554.jpg 370w, https:\/\/doubletakedecor.com\/uploads\/2025\/09\/garden-nook-dtd-27-400x599.jpg 400w, https:\/\/doubletakedecor.com\/uploads\/2025\/09\/garden-nook-dtd-27-560x839.jpg 560w, https:\/\/doubletakedecor.com\/uploads\/2025\/09\/garden-nook-dtd-27-480x719.jpg 480w\" sizes=\"auto, (max-width: 700px) 100vw, 700px\" \/><\/p>\n<p>Pokojn\u00fd k\u00fatik vytvor\u00ed\u0161 spojen\u00edm rovn\u00fdch kamenn\u00fdch chodn\u00edkov s dreven\u00fdmi lavi\u010dkami na spr\u00e1vnych miestach. Posedenie daj k okr\u00fahlym z\u00e1honom, ktor\u00e9 p\u00f4sobia zauj\u00edmavo. Pestr\u00e9 tvary listov, paprade a \u017eiariv\u00e9 kvety pote\u0161ia o\u010di aj zmysly. Nezabudni na tienist\u00fd strom v bl\u00edzkosti, ktor\u00fd v hor\u00face dni chr\u00e1ni pred slnkom.<\/p>\n<h2>\u010casto kladen\u00e9 ot\u00e1zky<\/h2>\n<details class=\"g-accordion \"><summary><h3>\u010co je to z\u00e1hradn\u00fd k\u00fatik?<\/h3><\/summary>\n<p>Z\u00e1hradn\u00fd k\u00fatik je \u00fatuln\u00e9 miesto v z\u00e1hrade, kde si m\u00f4\u017ee\u0161 odd\u00fdchnu\u0165 a na\u010derpa\u0165 energiu v pr\u00edrode. Zvy\u010dajne v \u0148om n\u00e1jde\u0161 pohodln\u00e9 sedenie obklopen\u00e9 zele\u0148ou, tak\u017ee p\u00f4sob\u00ed pokojne a pr\u00edjemne. Tento osobn\u00fd \u00fakryt je ide\u00e1lny na:<\/p>\n<ul>\n<li>\u010d\u00edtanie,<\/li>\n<li>medit\u00e1ciu,<\/li>\n<li>alebo len na u\u017e\u00edvanie si pokoja na \u010derstvom vzduchu.<\/li>\n<\/ul>\n<p>Sta\u010d\u00ed prida\u0165 <strong>pohodln\u00fd n\u00e1bytok<\/strong> a <strong>\u017eiv\u00e9 rastliny<\/strong> a aj tvoja z\u00e1hrada sa m\u00f4\u017ee premeni\u0165 na perfektn\u00e9 miesto na relax, kde unikne\u0161 od ka\u017edodenn\u00e9ho zhonu.<\/p>\n<\/details><details class=\"g-accordion \"><summary><h3>Ako m\u00f4\u017ee z\u00e1hradn\u00fd k\u00fatik vylep\u0161i\u0165 tvoj vonkaj\u0161\u00ed priestor?<\/h3><\/summary>\n<p>Z\u00e1hradn\u00fd k\u00fatik urob\u00ed z tvojej z\u00e1hrady pokojn\u00e9 \u00fato\u010disko. Up\u00fata pozornos\u0165 a dod\u00e1 vonkaj\u0161iemu priestoru \u0161arm. Sta\u010d\u00ed prida\u0165 pohodln\u00e9 stoli\u010dky, le\u017eadl\u00e1 alebo lavi\u010dky a obklopi\u0165 ich pestr\u00fdmi rastlinami a kvetmi. Z\u00edskan\u00fd priestor \u0165a bude l\u00e1ka\u0165 tr\u00e1vi\u0165 viac \u010dasu vonku a na\u010derpa\u0165 silu z pr\u00edrody priamo za domom. Ak prid\u00e1\u0161 napr\u00edklad <strong>alt\u00e1nok obrasten\u00fd pop\u00ednavkami<\/strong> alebo <strong>tieniacu mre\u017eu<\/strong>, z\u00edska\u0161 viac s\u00fakromia a tvoj k\u00fatik sa zmen\u00ed na skuto\u010dn\u00e9 \u00fato\u010disko v z\u00e1hrade.<\/p>\n<\/details><details class=\"g-accordion \"><summary><h3>Ak\u00e9 s\u00fa hlavn\u00e9 prvky z\u00e1hradn\u00e9ho k\u00fatika?<\/h3><\/summary>\n<p>Pre \u00fatuln\u00fd z\u00e1hradn\u00fd k\u00fatik je ve\u013emi d\u00f4le\u017eit\u00e9 <strong>pohodln\u00e9 sedenie<\/strong>. \u010ci u\u017e si vyberie\u0161 lavi\u010dku alebo stoli\u010dky, tieto k\u00fasky premenia miesto na pokojn\u00e9 \u00fato\u010disko. Viac zelene a kvitn\u00facich rastl\u00edn priestor rozjasn\u00ed a vytvor\u00ed pr\u00edjemn\u00fa atmosf\u00e9ru. Ak chce\u0161, aby bol e\u0161te \u00fatulnej\u0161\u00ed, pridaj napr\u00edklad:<\/p>\n<ul>\n<li>vank\u00fa\u0161e,<\/li>\n<li>vonkaj\u0161\u00ed koberec,<\/li>\n<li>osvetlenie.<\/li>\n<\/ul>\n<p>D\u00f4le\u017eit\u00e9 je aj s\u00fakromie \u2013 vyu\u017e\u00edvaj \u017eiv\u00e9 ploty alebo trel\u00e1\u017ee, ktor\u00e9 ti dopraj\u00fa pokoj na oddych. Ke\u010f to v\u0161etko spoj\u00ed\u0161 dokopy, vytvor\u00ed\u0161 <strong>poz\u00fdvaj\u00face \u00fato\u010disko<\/strong> v ka\u017edej z\u00e1hrade.<\/p>\n<\/details><details class=\"g-accordion \"><summary><h3>Ako si spr\u00e1vne vybra\u0165 miesto na z\u00e1hradn\u00fd k\u00fatik?<\/h3><\/summary>\n<p>Ide\u00e1lne miesto pre z\u00e1hradn\u00fd k\u00fatik je tam, kde sa stret\u00e1va <strong>slne\u010dn\u00e9 svetlo, s\u00fakromie a pohodln\u00fd pr\u00edstup<\/strong>. Vyber si miesto, kde rastliny dostan\u00fa dos\u0165 slnka, ale kde bude aj trochu tie\u0148a na pohodln\u00e9 sedenie. \u017div\u00e9 ploty alebo ploty m\u00f4\u017eu zv\u00fd\u0161i\u0165 s\u00fakromie a vytvori\u0165 tich\u00fd k\u00fat. <\/p>\n<ul>\n<li>d\u00f4le\u017eit\u00fd je aj \u013eahk\u00fd pr\u00edstup,<\/li>\n<li>najlep\u0161ie je, ak je k\u00fatik bl\u00edzko domu,<\/li>\n<li>u\u013eah\u010d\u00ed to prechod medzi interi\u00e9rom a z\u00e1hradou,<\/li>\n<li>aby si si zachoval pokoj,<\/li>\n<li>vyhni sa ru\u0161n\u00fdm miestam v z\u00e1hrade.<\/li>\n<\/ul>\n<p><strong>V\u0161\u00edmaj si tie\u017e, ako sa po\u010das d\u0148a men\u00ed svetlo.<\/strong> Tak bude\u0161 vedie\u0165, ak\u00e9 usporiadanie je najlep\u0161ie pre pohodlie a pr\u00edjemn\u00fa atmosf\u00e9ru vo svojom z\u00e1hradnom k\u00fatiku.<\/p>\n<\/details><details class=\"g-accordion \"><summary><h3>Ak\u00e9 typy sedenia s\u00fa ide\u00e1lne do z\u00e1hradn\u00e9ho k\u00fatika?<\/h3><\/summary>\n<p>Do \u00fatuln\u00e9ho z\u00e1hradn\u00e9ho k\u00fatika sa hodia lavi\u010dky, le\u017eadl\u00e1 aj hojdacie siete. Najlep\u0161ie je pou\u017ei\u0165 <strong>odoln\u00e9 materi\u00e1ly<\/strong>, napr\u00edklad upraven\u00e9 drevo, kov alebo umel\u00fd ratan, ktor\u00e9 vydr\u017eia aj v da\u017edi. Pridaj vank\u00fa\u0161e a priestor bude e\u0161te komfortnej\u0161\u00ed.<\/p>\n<ul>\n<li>stoli\u010dky typu adirondack,<\/li>\n<li>mal\u00fd bistro set,<\/li>\n<li>skladac\u00ed n\u00e1bytok.<\/li>\n<\/ul>\n<p>Kombin\u00e1cia r\u00f4znych \u0161t\u00fdlov sedenia je fajn, ak chce\u0161 \u010d\u00edta\u0165, oddychova\u0165 \u010di len by\u0165 na vzduchu. Ak m\u00e1\u0161 m\u00e1lo miesta, posta\u010d\u00ed ti aj jedno pohodln\u00e9 le\u017eadlo. <strong>Skladac\u00ed n\u00e1bytok je praktick\u00fd, preto\u017ee ho \u013eahko presunie\u0161, ke\u010f bude\u0161 potrebova\u0165 viac miesta.<\/strong><\/p>\n<\/details> <details class=\"g-accordion \"><summary><h3>Ako m\u00f4\u017eu rastliny a kvety premeni\u0165 z\u00e1hradn\u00fd k\u00fatik?<\/h3><\/summary>  <\/p>\n<p>Rastliny a kvety dok\u00e1\u017eu \u00faplne zmeni\u0165 atmosf\u00e9ru z\u00e1hradn\u00e9ho k\u00fatika. Prines\u00fa \u017eiariv\u00e9 farby, r\u00f4zne povrchy a pr\u00edjemn\u00e9 v\u00f4ne. Ak spoj\u00ed\u0161 kvitn\u00face rastliny so svie\u017eou zele\u0148ou, vytvor\u00ed\u0161 pr\u00edvetiv\u00e9 miesto, ktor\u00e9 bude okam\u017eite kraj\u0161ie.<\/p>\n<ul>\n<li>Vysok\u00e9 kry alebo mal\u00e9 strom\u010deky sa hodia ako pekn\u00e9 pozadie,<\/li>\n<li>stredne vysok\u00e9 trvalky \u010di bylinky vytv\u00e1raj\u00fa zauj\u00edmav\u00e9 vrstvy,<\/li>\n<li>pop\u00ednav\u00e9 alebo previsnut\u00e9 rastliny pozd\u013a\u017e okrajov vn\u00e1\u0161aj\u00fa do priestoru pohyb a pocit, \u017ee sa z\u00e1hrada men\u00ed po\u010das roka.<\/li>\n<\/ul>\n<p>Ak si vyberie\u0161 len p\u00e1r z\u00e1kladn\u00fdch farieb a opakuje\u0161 hlavn\u00e9 druhy rastl\u00edn, k\u00fatik bude p\u00f4sobi\u0165 zjednotene a pokojne.<\/p>\n<p><strong>Ke\u010f tieto rastliny pril\u00e1kaj\u00fa ope\u013eova\u010de, k\u00fatik o\u017eije a stane sa e\u0161te pr\u00ed\u0165a\u017elivej\u0161\u00edm.<\/strong> Ak m\u00e1\u0161 tienist\u00e9 miesto, vysa\u010f astilby alebo net\u00fdkavky. Na slne\u010dn\u00e9 miesta sa zas hodia levandu\u013ea \u010di n\u00e1prstn\u00edk.<\/p>\n<\/details><details class=\"g-accordion \"><summary><h3>Ak\u00fa \u00falohu zohr\u00e1va osvetlenie v z\u00e1hradnom k\u00fatiku?<\/h3><\/summary>  <\/p>\n<p>Osvetlenie je v z\u00e1hradnom k\u00fatiku naozaj d\u00f4le\u017eit\u00e9. M\u00e1 ve\u013ek\u00fd vplyv na to, ak\u00fa atmosf\u00e9ru a vyu\u017eitie bude toto miesto ma\u0165, najm\u00e4 ve\u010der. Jemn\u00e9 tepl\u00e9 svetlo vytvor\u00ed \u00fatuln\u00e9 prostredie, ktor\u00e9 \u0165a poz\u00fdva oddychova\u0165. Ak pou\u017eije\u0161 <strong>sveteln\u00e9 re\u0165aze, lamp\u00e1\u0161iky alebo sol\u00e1rne svetl\u00e1<\/strong>, tvoj k\u00fatik bude nielen kraj\u0161\u00ed, ale aj bezpe\u010dnej\u0161\u00ed.<br \/>\nV\u010faka premyslen\u00e9mu osvetleniu sa tvoj z\u00e1hradn\u00fd k\u00fatik stane l\u00e1kav\u00fdm miestom po\u010das cel\u00e9ho d\u0148a. Svetlo m\u00f4\u017ee tie\u017e zv\u00fdrazni\u0165 povrchy a tvary, tak\u017ee cel\u00e9 miesto bude p\u00f4sobi\u0165 e\u0161te kraj\u0161ie a pr\u00edjemnej\u0161ie.<\/p>\n<\/details><details class=\"g-accordion \"><summary><h3>Ako si m\u00f4\u017ee\u0161 z\u00e1hradn\u00fd k\u00fatik prisp\u00f4sobi\u0165 pomocou dekor\u00e1ci\u00ed?<\/h3><\/summary>  <\/p>\n<p>Do z\u00e1hradn\u00e9ho k\u00fatika jednoducho prid\u00e1\u0161 svoju osobnos\u0165 pomocou doplnkov, ktor\u00e9 vystihuj\u00fa tvoj \u0161t\u00fdl. Za\u010dni m\u00e4kk\u00fdmi vank\u00fa\u0161mi a vonkaj\u0161\u00edmi kobercami, ktor\u00e9 prines\u00fa pohodlie aj \u017eiv\u00e9 farby. K\u00fasok umenia alebo z\u00e1hradn\u00e1 so\u0161ka prid\u00e1 charakter, netradi\u010dn\u00fd kvetin\u00e1\u010d zasa originalitu. Ak chce\u0161, aby sa k\u00fatik c\u00edtil ve\u013emi osobne, pridaj ob\u013e\u00faben\u00e9 fotografie rodiny alebo vlastnoru\u010dne vyroben\u00e9 predmety.<\/p>\n<p>Pohodov\u00fa n\u00e1ladu podporia doplnky ako zrkadl\u00e1, mal\u00e9 so\u0161ky alebo zvon\u010deky, no pritom to nepreh\u00e1\u0148aj s mno\u017estvom. V\u017edy sa sna\u017e, aby spolu v\u0161etky prvky ladili. Ak chce\u0161 ve\u010der k\u00fazeln\u00fa atmosf\u00e9ru, rozve\u0161aj svetielka alebo rozmiestni lamp\u00e1\u0161e.<\/p>\n<ul>\n<li>Po\u010das roka obmie\u0148aj v\u00fdzdobu za sez\u00f3nne dekor\u00e1cie,<\/li>\n<li>vyme\u0148 ozdoby pod\u013ea toho, ak\u00e9 obdobie pr\u00e1ve je,<\/li>\n<li>n\u00e1jdi rastliny, ktor\u00e9 vydr\u017eia a bud\u00fa farebn\u00e9 po\u010das viacer\u00fdch mesiacov.<\/li>\n<\/ul>\n<p>Tak\u00e9to osobn\u00e9 n\u00e1pady premenia tvoj z\u00e1hradn\u00fd k\u00fatik na \u00fatuln\u00e9 a jedine\u010dn\u00e9 miesto na tvojom dvore.<\/p>\n<\/details><details class=\"g-accordion \"><summary><h3>Ak\u00e9 s\u00fa zauj\u00edmav\u00e9 t\u00e9my pre z\u00e1hradn\u00fd k\u00fatik?<\/h3><\/summary>  <\/p>\n<p>O\u017eivi\u0165 z\u00e1hradn\u00fd k\u00fatik a urobi\u0165 z neho pr\u00edjemn\u00e9 miesto je jednoduch\u00e9, ak zvol\u00ed\u0161 kreat\u00edvnu t\u00e9mu.<\/p>\n<ul>\n<li>Ak r\u00e1d \u010d\u00edta\u0161 a t\u00fa\u017ei\u0161 po tichu, pote\u0161\u00ed \u0165a \u00fatuln\u00fd \u010ditate\u013esk\u00fd k\u00fatik s poli\u010dkami a m\u00e4kk\u00fdm seden\u00edm \u2013 ide\u00e1lne na skr\u00fd\u0161u s knihou,<\/li>\n<li>pre t\u00fdch, ktor\u00fdch l\u00e1ka fant\u00e1zia, sa hod\u00ed rozpr\u00e1vkov\u00e1 z\u00e1hradka s drobn\u00fdmi ozdobami \u2013 k\u00fatik tak z\u00edska k\u00fazlo,<\/li>\n<li>ak m\u00e1\u0161 r\u00e1d exotiku, sk\u00fas <strong>stredomorsk\u00fa t\u00e9mu<\/strong>. Hlinen\u00e9 n\u00e1doby v kombin\u00e1cii so \u017eiariv\u00fdmi kvetmi ju vy\u010daria \u013eahko,<\/li>\n<li>pre milovn\u00edkov pokoja posl\u00fa\u017eia relaxa\u010dn\u00e9 prvky, ako vodn\u00e9 jazierka alebo vo\u0148av\u00e9 rastliny, ktor\u00e9 navodia uvo\u013enen\u00fa atmosf\u00e9ru.<\/li>\n<\/ul>\n<p>Pre e\u0161te v\u00e4\u010d\u0161\u00ed pocit pohody pridaj farebn\u00e9 vank\u00fa\u0161e, vonkaj\u0161ie koberce \u010di lamp\u00e1\u0161e. Tieto prvky prines\u00fa pohodlie a vyzdvihn\u00fa \u0161t\u00fdl v akomko\u013evek k\u00fatiku.<\/p>\n<\/details>\n","protected":false},"excerpt":{"rendered":"<p>Predstav si tich\u00fd k\u00fatik svojej z\u00e1hrady, ktor\u00fd sa zmenil na osobn\u00fd \u00fakryt, kde sa \u010das spoma\u013euje a stres mizne. Pr\u00e1ve to je \u010daro z\u00e1hradn\u00e9ho z\u00e1kutia \u2013 \u00fatuln\u00e9ho miesta, ktor\u00e9 je navrhnut\u00e9 tak, aby ti poskytlo pokoj a oddych priamo na tvojom dvore. Tieto \u010darovn\u00e9 vonkaj\u0161ie \u00fato\u010disk\u00e1 kombinuj\u00fa pohodln\u00e9 sedenie s bujnou zele\u0148ou a vytv\u00e1raj\u00fa dokonal\u00e9 miesto na \u010d\u00edtanie, medit\u00e1ciu alebo&hellip;<\/p>\n","protected":false},"author":14,"featured_media":6858,"comment_status":"closed","ping_status":"closed","sticky":false,"template":"","format":"standard","meta":{"rank_math_focus_keyword":"z\u00e1hradn\u00fd k\u00fatik","rank_math_title":"N\u00e1pady na z\u00e1hradn\u00fd k\u00fatik: Vytvor si \u00fatuln\u00e9 vonkaj\u0161ie \u00fato\u010disko","rank_math_description":"Objavte n\u00e1pady na z\u00e1hradn\u00e9 z\u00e1kutia, ktor\u00e9 premenia va\u0161u z\u00e1hradu na \u00fatuln\u00e9 vonkaj\u0161ie \u00fato\u010disko. Zv\u00fd\u0161te relax\u00e1ciu \u0161t\u00fdlov\u00fdmi a pokojn\u00fdmi dizajnmi.","footnotes":""},"categories":[232],"tags":[],"class_list":["post-7478","post","type-post","status-publish","format-standard","has-post-thumbnail","hentry","category-zahrada"],"g_custom_schema_json":"<script type=\"application\/ld+json\">\n{\n  \"@context\": \"https:\/\/schema.org\",\n  \"@type\": \"FAQPage\",\n  \"mainEntity\": [\n    {\n      \"@type\": \"Question\",\n      \"name\": \"\u010co je to z\u00e1hradn\u00fd k\u00fatik?\",\n      \"acceptedAnswer\": {\n        \"@type\": \"Answer\",\n        \"text\": \"Z\u00e1hradn\u00fd k\u00fatik je \u00fatuln\u00e9 miesto v z\u00e1hrade, kde si m\u00f4\u017ee\u0161 odd\u00fdchnu\u0165 a na\u010derpa\u0165 energiu v pr\u00edrode. Zvy\u010dajne v \u0148om n\u00e1jde\u0161 pohodln\u00e9 sedenie obklopen\u00e9 zele\u0148ou, tak\u017ee p\u00f4sob\u00ed pokojne a pr\u00edjemne. Tento osobn\u00fd \u00fakryt je ide\u00e1lny na \u010d\u00edtanie, medit\u00e1ciu alebo len na u\u017e\u00edvanie si pokoja na \u010derstvom vzduchu.\"\n      }\n    },\n    {\n      \"@type\": \"Question\",\n      \"name\": \"Ako m\u00f4\u017ee z\u00e1hradn\u00fd k\u00fatik vylep\u0161i\u0165 tvoj vonkaj\u0161\u00ed priestor?\",\n      \"acceptedAnswer\": {\n        \"@type\": \"Answer\",\n        \"text\": \"Z\u00e1hradn\u00fd k\u00fatik urob\u00ed z tvojej z\u00e1hrady pokojn\u00e9 \u00fato\u010disko. Up\u00fata pozornos\u0165 a dod\u00e1 vonkaj\u0161iemu priestoru \u0161arm. Sta\u010d\u00ed prida\u0165 pohodln\u00e9 stoli\u010dky, le\u017eadl\u00e1 alebo lavi\u010dky a obklopi\u0165 ich pestr\u00fdmi rastlinami a kvetmi.\"\n      }\n    },\n    {\n      \"@type\": \"Question\",\n      \"name\": \"Ak\u00e9 s\u00fa hlavn\u00e9 prvky z\u00e1hradn\u00e9ho k\u00fatika?\",\n      \"acceptedAnswer\": {\n        \"@type\": \"Answer\",\n        \"text\": \"Pre \u00fatuln\u00fd z\u00e1hradn\u00fd k\u00fatik je ve\u013emi d\u00f4le\u017eit\u00e9 pohodln\u00e9 sedenie. \u010ci u\u017e si vyberie\u0161 lavi\u010dku alebo stoli\u010dky, tieto k\u00fasky premenia miesto na pokojn\u00e9 \u00fato\u010disko. Viac zelene a kvitn\u00facich rastl\u00edn priestor rozjasn\u00ed a vytvor\u00ed pr\u00edjemn\u00fa atmosf\u00e9ru.\"\n      }\n    },\n    {\n      \"@type\": \"Question\",\n      \"name\": \"Ako si spr\u00e1vne vybra\u0165 miesto na z\u00e1hradn\u00fd k\u00fatik?\",\n      \"acceptedAnswer\": {\n        \"@type\": \"Answer\",\n        \"text\": \"Ide\u00e1lne miesto pre z\u00e1hradn\u00fd k\u00fatik je tam, kde sa stret\u00e1va slne\u010dn\u00e9 svetlo, s\u00fakromie a pohodln\u00fd pr\u00edstup. Vyber si miesto, kde rastliny dostan\u00fa dos\u0165 slnka, ale kde bude aj trochu tie\u0148a na pohodln\u00e9 sedenie. \u017div\u00e9 ploty alebo ploty m\u00f4\u017eu zv\u00fd\u0161i\u0165 s\u00fakromie a vytvori\u0165 tich\u00fd k\u00fat.\"\n      }\n    },\n    {\n      \"@type\": \"Question\",\n      \"name\": \"Ak\u00e9 typy sedenia s\u00fa ide\u00e1lne do z\u00e1hradn\u00e9ho k\u00fatika?\",\n      \"acceptedAnswer\": {\n        \"@type\": \"Answer\",\n        \"text\": \"Do \u00fatuln\u00e9ho z\u00e1hradn\u00e9ho k\u00fatika sa hodia lavi\u010dky, le\u017eadl\u00e1 aj hojdacie siete. Najlep\u0161ie je pou\u017ei\u0165 odoln\u00e9 materi\u00e1ly, napr\u00edklad upraven\u00e9 drevo, kov alebo umel\u00fd ratan, ktor\u00e9 vydr\u017eia aj v da\u017edi. Pridaj vank\u00fa\u0161e a priestor bude e\u0161te komfortnej\u0161\u00ed.\"\n      }\n    },\n    {\n      \"@type\": \"Question\",\n      \"name\": \"Ako m\u00f4\u017eu rastliny a kvety premeni\u0165 z\u00e1hradn\u00fd k\u00fatik?\",\n      \"acceptedAnswer\": {\n        \"@type\": \"Answer\",\n        \"text\": \"Rastliny a kvety dok\u00e1\u017eu \u00faplne zmeni\u0165 atmosf\u00e9ru z\u00e1hradn\u00e9ho k\u00fatika. Prines\u00fa \u017eiariv\u00e9 farby, r\u00f4zne povrchy a pr\u00edjemn\u00e9 v\u00f4ne. Ak spoj\u00ed\u0161 kvitn\u00face rastliny so svie\u017eou zele\u0148ou, vytvor\u00ed\u0161 pr\u00edvetiv\u00e9 miesto, ktor\u00e9 bude okam\u017eite kraj\u0161ie.\"\n      }\n    },\n    {\n      \"@type\": \"Question\",\n      \"name\": \"Ak\u00fa \u00falohu zohr\u00e1va osvetlenie v z\u00e1hradnom k\u00fatiku?\",\n      \"acceptedAnswer\": {\n        \"@type\": \"Answer\",\n        \"text\": \"Osvetlenie je v z\u00e1hradnom k\u00fatiku naozaj d\u00f4le\u017eit\u00e9. M\u00e1 ve\u013ek\u00fd vplyv na to, ak\u00fa atmosf\u00e9ru a vyu\u017eitie bude toto miesto ma\u0165, najm\u00e4 ve\u010der. Jemn\u00e9 tepl\u00e9 svetlo vytvor\u00ed \u00fatuln\u00e9 prostredie, ktor\u00e9 \u0165a poz\u00fdva oddychova\u0165.\"\n      }\n    },\n    {\n      \"@type\": \"Question\",\n      \"name\": \"Ako si m\u00f4\u017ee\u0161 z\u00e1hradn\u00fd k\u00fatik prisp\u00f4sobi\u0165 pomocou dekor\u00e1ci\u00ed?\",\n      \"acceptedAnswer\": {\n        \"@type\": \"Answer\",\n        \"text\": \"Do z\u00e1hradn\u00e9ho k\u00fatika jednoducho prid\u00e1\u0161 svoju osobnos\u0165 pomocou doplnkov, ktor\u00e9 vystihuj\u00fa tvoj \u0161t\u00fdl. Za\u010dni m\u00e4kk\u00fdmi vank\u00fa\u0161mi a vonkaj\u0161\u00edmi kobercami, ktor\u00e9 prines\u00fa pohodlie aj \u017eiv\u00e9 farby. K\u00fasok umenia alebo z\u00e1hradn\u00e1 so\u0161ka prid\u00e1 charakter, netradi\u010dn\u00fd kvetin\u00e1\u010d zasa originalitu.\"\n      }\n    },\n    {\n      \"@type\": \"Question\",\n      \"name\": \"Ak\u00e9 s\u00fa zauj\u00edmav\u00e9 t\u00e9my pre z\u00e1hradn\u00fd k\u00fatik?\",\n      \"acceptedAnswer\": {\n        \"@type\": \"Answer\",\n        \"text\": \"O\u017eivi\u0165 z\u00e1hradn\u00fd k\u00fatik a urobi\u0165 z neho pr\u00edjemn\u00e9 miesto je jednoduch\u00e9, ak zvol\u00ed\u0161 kreat\u00edvnu t\u00e9mu. Ak r\u00e1d \u010d\u00edta\u0161 a t\u00fa\u017ei\u0161 po tichu, pote\u0161\u00ed \u0165a \u00fatuln\u00fd \u010ditate\u013esk\u00fd k\u00fatik s poli\u010dkami a m\u00e4kk\u00fdm seden\u00edm \u2013 ide\u00e1lne na skr\u00fd\u0161u s knihou.\"\n      }\n    }\n  ]\n}\n<\/script>\n<script type=\"application\/ld+json\">\n{\n  \"@context\": \"https:\/\/schema.org\",\n  \"@type\": \"HowTo\",\n  \"name\": \"Ako vytvori\u0165 z\u00e1hradn\u00e9 z\u00e1kutie pre oddych\",\n  \"description\": \"Podrobn\u00fd n\u00e1vod, ako si vytvori\u0165 \u00fatuln\u00e9 z\u00e1kutie v z\u00e1hrade na relax a oddych.\",\n  \"image\": [\n    \"https:\/\/doubletakedecor.com\/uploads\/2025\/09\/garden-nook-dtd-01.jpg\",\n    \"https:\/\/doubletakedecor.com\/uploads\/2025\/09\/garden-nook-dtd-02.jpg\",\n    \"https:\/\/doubletakedecor.com\/uploads\/2025\/09\/garden-nook-dtd-03.jpg\",\n    \"https:\/\/doubletakedecor.com\/uploads\/2025\/09\/garden-nook-dtd-04.jpg\",\n    \"https:\/\/doubletakedecor.com\/uploads\/2025\/09\/garden-nook-dtd-05.jpg\",\n    \"https:\/\/doubletakedecor.com\/uploads\/2025\/09\/garden-nook-dtd-06.jpg\",\n    \"https:\/\/doubletakedecor.com\/uploads\/2025\/09\/garden-nook-dtd-07.jpg\",\n    \"https:\/\/doubletakedecor.com\/uploads\/2025\/09\/garden-nook-dtd-08.jpg\",\n    \"https:\/\/doubletakedecor.com\/uploads\/2025\/09\/garden-nook-dtd-09.jpg\",\n    \"https:\/\/doubletakedecor.com\/uploads\/2025\/09\/garden-nook-dtd-10.jpg\"\n  ],\n  \"totalTime\": \"P2D\",\n  \"estimatedCost\": {\n    \"@type\": \"MonetaryAmount\",\n    \"currency\": \"EUR\",\n    \"value\": \"100\"\n  },\n  \"supply\": [\n    {\n      \"@type\": \"HowToSupply\",\n      \"name\": \"z\u00e1hradn\u00fd n\u00e1bytok (lavi\u010dka, stoli\u010dky, gau\u010d, hojdacia sie\u0165)\"\n    },\n    {\n      \"@type\": \"HowToSupply\",\n      \"name\": \"vank\u00fa\u0161e a deky\"\n    },\n    {\n      \"@type\": \"HowToSupply\",\n      \"name\": \"rastliny a kvety (trvalky, bylinky, pop\u00ednav\u00e9 rastliny)\"\n    },\n    {\n      \"@type\": \"HowToSupply\",\n      \"name\": \"kvetin\u00e1\u010de a \u010drepn\u00edky\"\n    },\n    {\n      \"@type\": \"HowToSupply\",\n      \"name\": \"sveteln\u00e9 re\u0165aze alebo lamp\u00e1\u0161e\"\n    },\n    {\n      \"@type\": \"HowToSupply\",\n      \"name\": \"dekor\u00e1cie (so\u0161ky, tabu\u013eky, zrkadl\u00e1)\"\n    },\n    {\n      \"@type\": \"HowToSupply\",\n      \"name\": \"pr\u00edrodn\u00fd materi\u00e1l (kame\u0148, \u0161trk, drevo)\"\n    }\n  ],\n  \"tool\": [\n    {\n      \"@type\": \"HowToTool\",\n      \"name\": \"z\u00e1hradn\u00e9 n\u00e1radie (lopatka, hrable, motyka)\"\n    },\n    {\n      \"@type\": \"HowToTool\",\n      \"name\": \"no\u017enice na rastliny\"\n    },\n    {\n      \"@type\": \"HowToTool\",\n      \"name\": \"vedro na zalievanie\"\n    }\n  ],\n  \"step\": [\n    {\n      \"@type\": \"HowToStep\",\n      \"name\": \"Vyber vhodn\u00e9 miesto\",\n      \"text\": \"Zvo\u013e \u010das\u0165 z\u00e1hrady, kde je s\u00fakromie, slne\u010dn\u00e9 svetlo a pr\u00edjemn\u00fd v\u00fdh\u013ead. Miesto by malo by\u0165 \u013eahko pr\u00edstupn\u00e9, ide\u00e1lne bl\u00edzko domu.\"\n    },\n    {\n      \"@type\": \"HowToStep\",\n      \"name\": \"Priprav z\u00e1klad\",\n      \"text\": \"Uprav ter\u00e9n a odstr\u00e1\u0148 burinu. Vysyp \u0161trk alebo polo\u017e dla\u017ebu pre such\u00fd a \u010dist\u00fd povrch.\"\n    },\n    {\n      \"@type\": \"HowToStep\",\n      \"name\": \"Umiestni sedenie\",\n      \"text\": \"Vyber lavi\u010dku, gau\u010d alebo stoli\u010dky pod\u013ea \u0161t\u00fdlu a ve\u013ekosti priestoru. Pridaj vank\u00fa\u0161e a deky pre v\u00e4\u010d\u0161ie pohodlie.\"\n    },\n    {\n      \"@type\": \"HowToStep\",\n      \"name\": \"Vysa\u010f rastliny\",\n      \"text\": \"Okolie ozdob kvitn\u00facimi rastlinami, trvalkami, bylinkami a kr\u00edkmi. Pop\u00ednav\u00e9 rastliny m\u00f4\u017eu r\u00e1s\u0165 po pergole alebo obl\u00faku.\"\n    },\n    {\n      \"@type\": \"HowToStep\",\n      \"name\": \"Pridaj dekor\u00e1cie\",\n      \"text\": \"Umiestni so\u0161ky, tabu\u013eky, zrkadlo alebo in\u00e9 doplnky pod\u013ea vkusu. Dekor\u00e1cie dodaj\u00fa k\u00fatiku osobit\u00fd \u0161t\u00fdl.\"\n    },\n    {\n      \"@type\": \"HowToStep\",\n      \"name\": \"Zabezpe\u010d osvetlenie\",\n      \"text\": \"Rozve\u0161aj sveteln\u00e9 re\u0165aze alebo postav lamp\u00e1\u0161e pre ve\u010dern\u00fa atmosf\u00e9ru. Sol\u00e1rne svetl\u00e1 s\u00fa praktick\u00e9 a ekologick\u00e9.\"\n    },\n    {\n      \"@type\": \"HowToStep\",\n      \"name\": \"Vytvor s\u00fakromie\",\n      \"text\": \"Pou\u017ei \u017eiv\u00e9 ploty, trel\u00e1\u017ee alebo pergolu. Rastliny zabezpe\u010dia oddelenie od zvy\u0161ku z\u00e1hrady a pokojn\u00e9 prostredie.\"\n    },\n    {\n      \"@type\": \"HowToStep\",\n      \"name\": \"U\u017e\u00edvaj si oddych\",\n      \"text\": \"Vychutnaj si \u010d\u00edtanie, relax, medit\u00e1ciu alebo posedenie v novom z\u00e1hradnom z\u00e1kut\u00ed.\"\n    }\n  ]\n}\n<\/script>","_links":{"self":[{"href":"https:\/\/doubletakedecor.com\/sk\/wp-json\/wp\/v2\/posts\/7478","targetHints":{"allow":["GET"]}}],"collection":[{"href":"https:\/\/doubletakedecor.com\/sk\/wp-json\/wp\/v2\/posts"}],"about":[{"href":"https:\/\/doubletakedecor.com\/sk\/wp-json\/wp\/v2\/types\/post"}],"author":[{"embeddable":true,"href":"https:\/\/doubletakedecor.com\/sk\/wp-json\/wp\/v2\/users\/14"}],"replies":[{"embeddable":true,"href":"https:\/\/doubletakedecor.com\/sk\/wp-json\/wp\/v2\/comments?post=7478"}],"version-history":[{"count":1,"href":"https:\/\/doubletakedecor.com\/sk\/wp-json\/wp\/v2\/posts\/7478\/revisions"}],"predecessor-version":[{"id":7479,"href":"https:\/\/doubletakedecor.com\/sk\/wp-json\/wp\/v2\/posts\/7478\/revisions\/7479"}],"wp:featuredmedia":[{"embeddable":true,"href":"https:\/\/doubletakedecor.com\/sk\/wp-json\/wp\/v2\/media\/6858"}],"wp:attachment":[{"href":"https:\/\/doubletakedecor.com\/sk\/wp-json\/wp\/v2\/media?parent=7478"}],"wp:term":[{"taxonomy":"category","embeddable":true,"href":"https:\/\/doubletakedecor.com\/sk\/wp-json\/wp\/v2\/categories?post=7478"},{"taxonomy":"post_tag","embeddable":true,"href":"https:\/\/doubletakedecor.com\/sk\/wp-json\/wp\/v2\/tags?post=7478"}],"curies":[{"name":"wp","href":"https:\/\/api.w.org\/{rel}","templated":true}]}}