{"id":8302,"date":"2025-09-13T16:35:14","date_gmt":"2025-09-13T14:35:14","guid":{"rendered":"https:\/\/doubletakedecor.com\/vonkajsie-dekoracie\/napady-na-dekoraciu-stien-na-verande\/"},"modified":"2025-09-13T18:24:31","modified_gmt":"2025-09-13T16:24:31","slug":"napady-na-dekoraciu-stien-na-verande","status":"publish","type":"post","link":"https:\/\/doubletakedecor.com\/sk\/vonkajsie-dekoracie\/napady-na-dekoraciu-stien-na-verande\/","title":{"rendered":"Kreat\u00edvne a \u0161t\u00fdlov\u00e9 n\u00e1pady na dekor\u00e1ciu stien verandy"},"content":{"rendered":"<p>Premeni\u0165 verandu na \u00fatuln\u00e9 a v\u00edtaj\u00face miesto je jednoduch\u0161ie, ako si mo\u017eno mysl\u00ed\u0161 \u2014 sta\u010d\u00ed spr\u00e1vna n\u00e1stenn\u00e1 dekor\u00e1cia. Od rustik\u00e1lnych dreven\u00fdch n\u00e1pisov a\u017e po kovov\u00e9 ozdoby odoln\u00e9 proti po\u010dasiu, mo\u017enost\u00ed, ako si prisp\u00f4sobi\u0165 svoj vonkaj\u0161\u00ed priestor, je naozaj ve\u013ea. Vhodne zvolen\u00e9 prvky dok\u00e1\u017eu \u00faplne zmeni\u0165 vzh\u013ead domu a vytvori\u0165 pr\u00edjemn\u00fa atmosf\u00e9ru pre tvoju rodinu aj host\u00ed.<\/p>\n<p>Vyberaj dekor\u00e1cie, ktor\u00e9 uk\u00e1\u017eu tvoj \u0161t\u00fdl, ale aj vydr\u017eia d\u00e1\u017e\u010f, vietor \u010di slnko. Materi\u00e1ly ako upraven\u00e9 drevo, pevn\u00fd kov alebo tkaniny ur\u010den\u00e9 na vonkaj\u0161ie pou\u017eitie bud\u00fa pekn\u00e9 po cel\u00fd rok. Ak chce\u0161 priestor obohati\u0165, sk\u00fas kombinova\u0165 r\u00f4zne povrchy \u2014 napr\u00edklad zaves dreven\u00e9 poli\u010dky, pridaj kovov\u00e9 obrazy na stenu alebo zaves zrkadlo a opticky verandu zv\u00e4\u010d\u0161\u00ed\u0161.<\/p>\n<p>Na stenu nezabudni prida\u0165 aj rastliny. Zvisl\u00e9 z\u00e1hradky \u010di zavesen\u00e9 kvetin\u00e1\u010de prines\u00fa na verandu k\u00fasky pr\u00edrody a vyu\u017eije\u0161 aj mal\u00fd priestor. Aby v\u0161etko ladilo, vyberaj farby, ktor\u00e9 sa hodia k exteri\u00e9ru domu. Tak jemne prepoj\u00ed\u0161 vn\u00fatorn\u00fd a vonkaj\u0161\u00ed \u017eivotn\u00fd priestor.<\/p>\n<p>\u010ci u\u017e m\u00e1\u0161 r\u00e1d vidiecky \u0161t\u00fdl, elegantn\u00fa jednoduchos\u0165 alebo v\u00fdrazn\u00e9 modern\u00e9 k\u00fasky, starostlivo vybran\u00e1 n\u00e1stenn\u00e1 dekor\u00e1cia zmen\u00ed oby\u010dajn\u00fa verandu na miesto, kam sa bude\u0161 ka\u017ed\u00fd de\u0148 r\u00e1d vraca\u0165.<\/p>\n<div class=\"kt_block\" id=\"kt_id\">\n<span class=\"kt_headline\">Zhrnutie<\/span><\/p>\n<ul class=\"kt_post_list\">\n<li><strong>\ud83c\udfe1 Prisp\u00f4sob si verandu:<\/strong> Zme\u0148 verandu na \u00fatuln\u00fd k\u00fat pomocou rustik\u00e1lnych dreven\u00fdch n\u00e1pisov, odoln\u00fdch kovov\u00fdch doplnkov a in\u00fdch dekor\u00e1ci\u00ed, ktor\u00e9 ti vydr\u017eia vonku a uk\u00e1\u017eu tvoj \u0161t\u00fdl.<\/li>\n<li><strong>\ud83c\udf3f Pridaj zele\u0148:<\/strong> Sk\u00fas zvisl\u00e9 z\u00e1hradky \u010di zavesen\u00e9 kvetin\u00e1\u010de. Z\u00edska\u0161 viac zelen\u00e9ho priestoru aj v men\u0161\u00edch k\u00fatoch a vytvor\u00ed\u0161 plynul\u00fd prechod medzi interi\u00e9rom a exteri\u00e9rom.<\/li>\n<li><strong>\ud83c\udfa8 Kombinuj povrchy a materi\u00e1ly:<\/strong> Drevo, kov, zrkadl\u00e1 \u010di l\u00e1tky na vonkaj\u0161ie pou\u017eitie spravia verandu zauj\u00edmavej\u0161ou a farebnej\u0161ou. Zrkadl\u00e1 navy\u0161e priestor opticky zv\u00e4\u010d\u0161ia.<\/li>\n<li><strong>\ud83d\udd6f\ufe0f Vy\u010daruj atmosf\u00e9ru svetlom a farbami:<\/strong> Tepl\u00e9 osvetlenie a zladen\u00e9 farby vytvoria pr\u00edjemn\u00fa atmosf\u00e9ru, ktor\u00e1 sa bude hodi\u0165 k domu a vonkaj\u0161\u00ed priestor \u0165a pozve na oddych.<\/li>\n<\/ul>\n<\/div>\n<h2>Vidiecky jesenn\u00fd vstup na verandu<\/h2>\n<p><img loading=\"lazy\" decoding=\"async\" width=\"700\" height=\"1050\" alt=\"Pr\u00edjemn\u00fd vonkaj\u0161\u00ed vchod s tehlovou stenou, jesenn\u00fdm vencom, tyrkysovou lavicou s vank\u00fa\u0161mi a bielymi tekvicami a rastlinami na sez\u00f3nnu v\u00fdzdobu.\" class=\"aligncenter size-full wp-image-8006\" src=\"https:\/\/doubletakedecor.com\/uploads\/2025\/09\/porch-wall-decor-ideas-dtd-01.jpg\" srcset=\"https:\/\/doubletakedecor.com\/uploads\/2025\/09\/porch-wall-decor-ideas-dtd-01.jpg 700w, https:\/\/doubletakedecor.com\/uploads\/2025\/09\/porch-wall-decor-ideas-dtd-01-200x300.jpg 200w, https:\/\/doubletakedecor.com\/uploads\/2025\/09\/porch-wall-decor-ideas-dtd-01-683x1024.jpg 683w, https:\/\/doubletakedecor.com\/uploads\/2025\/09\/porch-wall-decor-ideas-dtd-01-96x144.jpg 96w, https:\/\/doubletakedecor.com\/uploads\/2025\/09\/porch-wall-decor-ideas-dtd-01-280x420.jpg 280w, https:\/\/doubletakedecor.com\/uploads\/2025\/09\/porch-wall-decor-ideas-dtd-01-320x480.jpg 320w, https:\/\/doubletakedecor.com\/uploads\/2025\/09\/porch-wall-decor-ideas-dtd-01-360x540.jpg 360w, https:\/\/doubletakedecor.com\/uploads\/2025\/09\/porch-wall-decor-ideas-dtd-01-363x545.jpg 363w, https:\/\/doubletakedecor.com\/uploads\/2025\/09\/porch-wall-decor-ideas-dtd-01-370x555.jpg 370w, https:\/\/doubletakedecor.com\/uploads\/2025\/09\/porch-wall-decor-ideas-dtd-01-400x600.jpg 400w, https:\/\/doubletakedecor.com\/uploads\/2025\/09\/porch-wall-decor-ideas-dtd-01-560x840.jpg 560w, https:\/\/doubletakedecor.com\/uploads\/2025\/09\/porch-wall-decor-ideas-dtd-01-480x720.jpg 480w\" sizes=\"auto, (max-width: 700px) 100vw, 700px\" \/><\/p>\n<p>Priprav jesenn\u00e9 priv\u00edtanie spojen\u00edm pr\u00edrodn\u00fdch materi\u00e1lov a vesel\u00fdch farieb. Na tehlov\u00fa stenu zaves such\u00fd listov\u00fd veniec pre tepl\u00e9 zv\u00fdraznenie, pridaj lavicu s farebn\u00fdmi vank\u00fa\u0161mi a r\u00f4znorod\u00e9 debni\u010dky s rastlinami v r\u00f4znych v\u00fd\u0161kach. Biele tekvice dodaj\u00fa vstupu prav\u00fa jesenn\u00fa atmosf\u00e9ru.<\/p>\n<h2>\u017div\u00e1 boho veranda<\/h2>\n<p><img loading=\"lazy\" decoding=\"async\" width=\"700\" height=\"1050\" alt=\"Pr\u00edjemn\u00e1 veranda s ratanov\u00fdmi stoli\u010dkami, modr\u00fdmi vank\u00fa\u0161mi, zavesen\u00fdmi sklenen\u00fdmi kvetin\u00e1\u010dmi a vzorovan\u00fdm kobercom, vytv\u00e1raj\u00fac tak \u00fatuln\u00fd vonkaj\u0161\u00ed k\u00fatik na relax.\" class=\"aligncenter size-full wp-image-8012\" src=\"https:\/\/doubletakedecor.com\/uploads\/2025\/09\/porch-wall-decor-ideas-dtd-02.jpg\" srcset=\"https:\/\/doubletakedecor.com\/uploads\/2025\/09\/porch-wall-decor-ideas-dtd-02.jpg 700w, https:\/\/doubletakedecor.com\/uploads\/2025\/09\/porch-wall-decor-ideas-dtd-02-200x300.jpg 200w, https:\/\/doubletakedecor.com\/uploads\/2025\/09\/porch-wall-decor-ideas-dtd-02-683x1024.jpg 683w, https:\/\/doubletakedecor.com\/uploads\/2025\/09\/porch-wall-decor-ideas-dtd-02-96x144.jpg 96w, https:\/\/doubletakedecor.com\/uploads\/2025\/09\/porch-wall-decor-ideas-dtd-02-280x420.jpg 280w, https:\/\/doubletakedecor.com\/uploads\/2025\/09\/porch-wall-decor-ideas-dtd-02-320x480.jpg 320w, https:\/\/doubletakedecor.com\/uploads\/2025\/09\/porch-wall-decor-ideas-dtd-02-360x540.jpg 360w, https:\/\/doubletakedecor.com\/uploads\/2025\/09\/porch-wall-decor-ideas-dtd-02-363x545.jpg 363w, https:\/\/doubletakedecor.com\/uploads\/2025\/09\/porch-wall-decor-ideas-dtd-02-370x555.jpg 370w, https:\/\/doubletakedecor.com\/uploads\/2025\/09\/porch-wall-decor-ideas-dtd-02-400x600.jpg 400w, https:\/\/doubletakedecor.com\/uploads\/2025\/09\/porch-wall-decor-ideas-dtd-02-560x840.jpg 560w, https:\/\/doubletakedecor.com\/uploads\/2025\/09\/porch-wall-decor-ideas-dtd-02-480x720.jpg 480w\" sizes=\"auto, (max-width: 700px) 100vw, 700px\" \/><\/p>\n<p>Stvor verandu v boho \u0161t\u00fdle: spoj pestrofarebn\u00e9 z\u00e1vesn\u00e9 kvetin\u00e1\u010de s vank\u00fa\u0161mi v r\u00f4znych odtie\u0148och modrej. Pridaj vzorovan\u00fd koberec, ktor\u00fd vyzna\u010d\u00ed z\u00f3nu na sedenie a o\u017eiv\u00ed priestor. Na ve\u010dern\u00fa pohodu vyu\u017ei p\u00fatav\u00fd lamp\u00e1\u0161, ktor\u00fd je pekn\u00fd aj praktick\u00fd. Rastliny na r\u00f4znych \u00farovniach dodaj\u00fa priestoru h\u013abku a \u0161mrnc.<\/p>\n<h2>Geometrick\u00e9 umenie na stene ako stredobod dvora<\/h2>\n<p><img loading=\"lazy\" decoding=\"async\" width=\"700\" height=\"1050\" alt=\"Farebn\u00fd geometrick\u00fd obraz v tyrkysovej a \u017eltej farbe vytv\u00e1ra stredobod tejto \u00fatulnej terasy so svetielkami a \u017eltou kreslou.\" class=\"aligncenter size-full wp-image-8018\" src=\"https:\/\/doubletakedecor.com\/uploads\/2025\/09\/porch-wall-decor-ideas-dtd-03.jpg\" srcset=\"https:\/\/doubletakedecor.com\/uploads\/2025\/09\/porch-wall-decor-ideas-dtd-03.jpg 700w, https:\/\/doubletakedecor.com\/uploads\/2025\/09\/porch-wall-decor-ideas-dtd-03-200x300.jpg 200w, https:\/\/doubletakedecor.com\/uploads\/2025\/09\/porch-wall-decor-ideas-dtd-03-683x1024.jpg 683w, https:\/\/doubletakedecor.com\/uploads\/2025\/09\/porch-wall-decor-ideas-dtd-03-96x144.jpg 96w, https:\/\/doubletakedecor.com\/uploads\/2025\/09\/porch-wall-decor-ideas-dtd-03-280x420.jpg 280w, https:\/\/doubletakedecor.com\/uploads\/2025\/09\/porch-wall-decor-ideas-dtd-03-320x480.jpg 320w, https:\/\/doubletakedecor.com\/uploads\/2025\/09\/porch-wall-decor-ideas-dtd-03-360x540.jpg 360w, https:\/\/doubletakedecor.com\/uploads\/2025\/09\/porch-wall-decor-ideas-dtd-03-363x545.jpg 363w, https:\/\/doubletakedecor.com\/uploads\/2025\/09\/porch-wall-decor-ideas-dtd-03-370x555.jpg 370w, https:\/\/doubletakedecor.com\/uploads\/2025\/09\/porch-wall-decor-ideas-dtd-03-400x600.jpg 400w, https:\/\/doubletakedecor.com\/uploads\/2025\/09\/porch-wall-decor-ideas-dtd-03-560x840.jpg 560w, https:\/\/doubletakedecor.com\/uploads\/2025\/09\/porch-wall-decor-ideas-dtd-03-480x720.jpg 480w\" sizes=\"auto, (max-width: 700px) 100vw, 700px\" \/><\/p>\n<p>Pr\u00edjemn\u00fd a n\u00e1padn\u00fd vzh\u013ead dod\u00e1\u0161 verande ve\u013ek\u00fdm geometrick\u00fdm obrazom v drevenom r\u00e1me. Kombin\u00e1cia v\u00fdrazn\u00fdch vzorov a pestr\u00fdch farieb pritiahne poh\u013eady a dolad\u00ed exteri\u00e9r domu. N\u00e1bytok zlad\u00ed\u0161 k odtie\u0148om v obraze a ve\u010dern\u00fa atmosf\u00e9ru pod\u010diarknu nad hlavou zavesen\u00e9 svetielka. Oby\u010dajn\u00fa stenu tak zmen\u00ed\u0161 na v\u00fdnimo\u010dn\u00fa gal\u00e9riu pod hol\u00fdm nebom.<\/p>\n<h2><\/h2>\n<p><img loading=\"lazy\" decoding=\"async\" width=\"700\" height=\"1049\" alt=\"\u017diadny\" class=\"aligncenter size-full wp-image-8024\" src=\"https:\/\/doubletakedecor.com\/uploads\/2025\/09\/porch-wall-decor-ideas-dtd-04.jpg\" srcset=\"https:\/\/doubletakedecor.com\/uploads\/2025\/09\/porch-wall-decor-ideas-dtd-04.jpg 700w, https:\/\/doubletakedecor.com\/uploads\/2025\/09\/porch-wall-decor-ideas-dtd-04-200x300.jpg 200w, https:\/\/doubletakedecor.com\/uploads\/2025\/09\/porch-wall-decor-ideas-dtd-04-683x1024.jpg 683w, https:\/\/doubletakedecor.com\/uploads\/2025\/09\/porch-wall-decor-ideas-dtd-04-96x144.jpg 96w, https:\/\/doubletakedecor.com\/uploads\/2025\/09\/porch-wall-decor-ideas-dtd-04-280x420.jpg 280w, https:\/\/doubletakedecor.com\/uploads\/2025\/09\/porch-wall-decor-ideas-dtd-04-320x480.jpg 320w, https:\/\/doubletakedecor.com\/uploads\/2025\/09\/porch-wall-decor-ideas-dtd-04-360x539.jpg 360w, https:\/\/doubletakedecor.com\/uploads\/2025\/09\/porch-wall-decor-ideas-dtd-04-363x544.jpg 363w, https:\/\/doubletakedecor.com\/uploads\/2025\/09\/porch-wall-decor-ideas-dtd-04-370x554.jpg 370w, https:\/\/doubletakedecor.com\/uploads\/2025\/09\/porch-wall-decor-ideas-dtd-04-400x599.jpg 400w, https:\/\/doubletakedecor.com\/uploads\/2025\/09\/porch-wall-decor-ideas-dtd-04-560x839.jpg 560w, https:\/\/doubletakedecor.com\/uploads\/2025\/09\/porch-wall-decor-ideas-dtd-04-480x719.jpg 480w\" sizes=\"auto, (max-width: 700px) 100vw, 700px\" \/><\/p>\n<h2>Jesenn\u00e1 v\u00fdzdoba lavice na verande<\/h2>\n<p><img loading=\"lazy\" decoding=\"async\" width=\"700\" height=\"1050\" alt=\"O\u010daruj\u00faca predn\u00e1 veranda s bielou lavicou, tekvicami na drevenej truhlici, \u010diernymi okenicami a jesenn\u00fdm vencom, ktor\u00e9 vytv\u00e1raj\u00fa tepl\u00fa jesenn\u00fa atmosf\u00e9ru.\" class=\"aligncenter size-full wp-image-8030\" src=\"https:\/\/doubletakedecor.com\/uploads\/2025\/09\/porch-wall-decor-ideas-dtd-05.jpg\" srcset=\"https:\/\/doubletakedecor.com\/uploads\/2025\/09\/porch-wall-decor-ideas-dtd-05.jpg 700w, https:\/\/doubletakedecor.com\/uploads\/2025\/09\/porch-wall-decor-ideas-dtd-05-200x300.jpg 200w, https:\/\/doubletakedecor.com\/uploads\/2025\/09\/porch-wall-decor-ideas-dtd-05-683x1024.jpg 683w, https:\/\/doubletakedecor.com\/uploads\/2025\/09\/porch-wall-decor-ideas-dtd-05-96x144.jpg 96w, https:\/\/doubletakedecor.com\/uploads\/2025\/09\/porch-wall-decor-ideas-dtd-05-280x420.jpg 280w, https:\/\/doubletakedecor.com\/uploads\/2025\/09\/porch-wall-decor-ideas-dtd-05-320x480.jpg 320w, https:\/\/doubletakedecor.com\/uploads\/2025\/09\/porch-wall-decor-ideas-dtd-05-360x540.jpg 360w, https:\/\/doubletakedecor.com\/uploads\/2025\/09\/porch-wall-decor-ideas-dtd-05-363x545.jpg 363w, https:\/\/doubletakedecor.com\/uploads\/2025\/09\/porch-wall-decor-ideas-dtd-05-370x555.jpg 370w, https:\/\/doubletakedecor.com\/uploads\/2025\/09\/porch-wall-decor-ideas-dtd-05-400x600.jpg 400w, https:\/\/doubletakedecor.com\/uploads\/2025\/09\/porch-wall-decor-ideas-dtd-05-560x840.jpg 560w, https:\/\/doubletakedecor.com\/uploads\/2025\/09\/porch-wall-decor-ideas-dtd-05-480x720.jpg 480w\" sizes=\"auto, (max-width: 700px) 100vw, 700px\" \/><\/p>\n<p>Priv\u00edtanie na verande v jesennom \u0161t\u00fdle dosiahne\u0161 jednoducho: natret\u00e1 lavica s m\u00e4kk\u00fdmi vank\u00fa\u0161mi, na vintage truhlicu poukladaj dekorat\u00edvne tekvice. Pridaj such\u00fd veniec do dver\u00ed a hrant\u00edky s chryzant\u00e9mami. Spojenie praktick\u00e9ho sedenia s jesenn\u00fdmi doplnkami urob\u00ed z verandy tepl\u00fd, \u00fatuln\u00fd k\u00fat.<\/p>\n<h2>Rastlinn\u00fd k\u00fatik s mrie\u017ekou<\/h2>\n<p><img loading=\"lazy\" decoding=\"async\" width=\"700\" height=\"1050\" alt=\"Pr\u00edjemn\u00fd vonkaj\u0161\u00ed priestor so z\u00e1hradnou drevenou mrie\u017ekou, kvetin\u00e1\u010dmi, bielymi dverami s lamp\u00e1\u0161mi a dreven\u00fdm stol\u00edkom na terase.\" class=\"aligncenter size-full wp-image-8036\" src=\"https:\/\/doubletakedecor.com\/uploads\/2025\/09\/porch-wall-decor-ideas-dtd-06.jpg\" srcset=\"https:\/\/doubletakedecor.com\/uploads\/2025\/09\/porch-wall-decor-ideas-dtd-06.jpg 700w, https:\/\/doubletakedecor.com\/uploads\/2025\/09\/porch-wall-decor-ideas-dtd-06-200x300.jpg 200w, https:\/\/doubletakedecor.com\/uploads\/2025\/09\/porch-wall-decor-ideas-dtd-06-683x1024.jpg 683w, https:\/\/doubletakedecor.com\/uploads\/2025\/09\/porch-wall-decor-ideas-dtd-06-96x144.jpg 96w, https:\/\/doubletakedecor.com\/uploads\/2025\/09\/porch-wall-decor-ideas-dtd-06-280x420.jpg 280w, https:\/\/doubletakedecor.com\/uploads\/2025\/09\/porch-wall-decor-ideas-dtd-06-320x480.jpg 320w, https:\/\/doubletakedecor.com\/uploads\/2025\/09\/porch-wall-decor-ideas-dtd-06-360x540.jpg 360w, https:\/\/doubletakedecor.com\/uploads\/2025\/09\/porch-wall-decor-ideas-dtd-06-363x545.jpg 363w, https:\/\/doubletakedecor.com\/uploads\/2025\/09\/porch-wall-decor-ideas-dtd-06-370x555.jpg 370w, https:\/\/doubletakedecor.com\/uploads\/2025\/09\/porch-wall-decor-ideas-dtd-06-400x600.jpg 400w, https:\/\/doubletakedecor.com\/uploads\/2025\/09\/porch-wall-decor-ideas-dtd-06-560x840.jpg 560w, https:\/\/doubletakedecor.com\/uploads\/2025\/09\/porch-wall-decor-ideas-dtd-06-480x720.jpg 480w\" sizes=\"auto, (max-width: 700px) 100vw, 700px\" \/><\/p>\n<p>O\u017eiv oby\u010dajn\u00fa verandov\u00fa stenu drevenou z\u00e1hradnou mrie\u017ekou, ktor\u00fa vyu\u017eije\u0161 ako vertik\u00e1lny stojan na kvetin\u00e1\u010de. R\u00f4zne rastliny rozmiestni do v\u00fd\u0161ky, aby ostal priestor na podlahe vo\u013en\u00fd. Pod mrie\u017eku postav men\u0161\u00ed stol\u00edk na doplnky a k stene zaves lamp\u00e1\u0161e, ktor\u00e9 ve\u010der vy\u010daria pr\u00edjemn\u00e9 svetlo.<\/p>\n<h2>Elegantn\u00e1, symetrick\u00e1 v\u00fdzdoba dver\u00ed<\/h2>\n<p><img loading=\"lazy\" decoding=\"async\" width=\"700\" height=\"1043\" alt=\"Vstup do domu s dreven\u00fdmi dvojdverami, dvoma ven\u010dekmi, vonkaj\u0161\u00edm osvetlen\u00edm a ozdobn\u00fdmi kvetin\u00e1\u010dmi, ktor\u00e9 spolu vytv\u00e1raj\u00fa pr\u00edvetiv\u00fd priestor verandy.\" class=\"aligncenter size-full wp-image-8042\" src=\"https:\/\/doubletakedecor.com\/uploads\/2025\/09\/porch-wall-decor-ideas-dtd-07.jpg\" srcset=\"https:\/\/doubletakedecor.com\/uploads\/2025\/09\/porch-wall-decor-ideas-dtd-07.jpg 700w, https:\/\/doubletakedecor.com\/uploads\/2025\/09\/porch-wall-decor-ideas-dtd-07-201x300.jpg 201w, https:\/\/doubletakedecor.com\/uploads\/2025\/09\/porch-wall-decor-ideas-dtd-07-687x1024.jpg 687w, https:\/\/doubletakedecor.com\/uploads\/2025\/09\/porch-wall-decor-ideas-dtd-07-96x143.jpg 96w, https:\/\/doubletakedecor.com\/uploads\/2025\/09\/porch-wall-decor-ideas-dtd-07-280x417.jpg 280w, https:\/\/doubletakedecor.com\/uploads\/2025\/09\/porch-wall-decor-ideas-dtd-07-320x477.jpg 320w, https:\/\/doubletakedecor.com\/uploads\/2025\/09\/porch-wall-decor-ideas-dtd-07-360x536.jpg 360w, https:\/\/doubletakedecor.com\/uploads\/2025\/09\/porch-wall-decor-ideas-dtd-07-363x541.jpg 363w, https:\/\/doubletakedecor.com\/uploads\/2025\/09\/porch-wall-decor-ideas-dtd-07-370x551.jpg 370w, https:\/\/doubletakedecor.com\/uploads\/2025\/09\/porch-wall-decor-ideas-dtd-07-400x596.jpg 400w, https:\/\/doubletakedecor.com\/uploads\/2025\/09\/porch-wall-decor-ideas-dtd-07-560x834.jpg 560w, https:\/\/doubletakedecor.com\/uploads\/2025\/09\/porch-wall-decor-ideas-dtd-07-480x715.jpg 480w\" sizes=\"auto, (max-width: 700px) 100vw, 700px\" \/><\/p>\n<p>Zaves rovnak\u00e9 vence na oba kr\u00eddla dver\u00ed pre harmonick\u00fd vzh\u013ead vstupu. Dopl\u0148 rovnak\u00e9 svietidl\u00e1 a kvetin\u00e1\u010de v r\u00f4znych v\u00fd\u0161kach pre viac zauj\u00edmavosti. Polo\u017e vzorovan\u00fa roho\u017eku na v\u00e4\u010d\u0161\u00ed text\u00farovan\u00fd koberec, \u010d\u00edm vytvor\u00ed\u0161 vrstven\u00fd efekt. Tak\u00e9to usporiadanie funguje celoro\u010dne \u2014 veniec a kvety sta\u010d\u00ed meni\u0165 pod\u013ea ro\u010dn\u00e9ho obdobia.<\/p>\n<h2>Tradi\u010dn\u00fd vstup s n\u00e1stenn\u00fdmi svietnikmi<\/h2>\n<p><img loading=\"lazy\" decoding=\"async\" width=\"700\" height=\"1050\" alt=\"Elegantn\u00fd vstup so tmav\u00fdmi dreven\u00fdmi dverami, vintage svietnikmi a dreven\u00fdmi kvetin\u00e1\u010dmi so zele\u0148ou na pozad\u00ed bieleho tehlov\u00e9ho muriva.\" class=\"aligncenter size-full wp-image-8048\" src=\"https:\/\/doubletakedecor.com\/uploads\/2025\/09\/porch-wall-decor-ideas-dtd-08.jpg\" srcset=\"https:\/\/doubletakedecor.com\/uploads\/2025\/09\/porch-wall-decor-ideas-dtd-08.jpg 700w, https:\/\/doubletakedecor.com\/uploads\/2025\/09\/porch-wall-decor-ideas-dtd-08-200x300.jpg 200w, https:\/\/doubletakedecor.com\/uploads\/2025\/09\/porch-wall-decor-ideas-dtd-08-683x1024.jpg 683w, https:\/\/doubletakedecor.com\/uploads\/2025\/09\/porch-wall-decor-ideas-dtd-08-96x144.jpg 96w, https:\/\/doubletakedecor.com\/uploads\/2025\/09\/porch-wall-decor-ideas-dtd-08-280x420.jpg 280w, https:\/\/doubletakedecor.com\/uploads\/2025\/09\/porch-wall-decor-ideas-dtd-08-320x480.jpg 320w, https:\/\/doubletakedecor.com\/uploads\/2025\/09\/porch-wall-decor-ideas-dtd-08-360x540.jpg 360w, https:\/\/doubletakedecor.com\/uploads\/2025\/09\/porch-wall-decor-ideas-dtd-08-363x545.jpg 363w, https:\/\/doubletakedecor.com\/uploads\/2025\/09\/porch-wall-decor-ideas-dtd-08-370x555.jpg 370w, https:\/\/doubletakedecor.com\/uploads\/2025\/09\/porch-wall-decor-ideas-dtd-08-400x600.jpg 400w, https:\/\/doubletakedecor.com\/uploads\/2025\/09\/porch-wall-decor-ideas-dtd-08-560x840.jpg 560w, https:\/\/doubletakedecor.com\/uploads\/2025\/09\/porch-wall-decor-ideas-dtd-08-480x720.jpg 480w\" sizes=\"auto, (max-width: 700px) 100vw, 700px\" \/><\/p>\n<p>Dodaj verande \u0161mrnc zavesen\u00fdmi lamp\u00e1\u0161ov\u00fdmi svietnikmi po oboch stran\u00e1ch vchodu. Ve\u013ek\u00e9 dreven\u00e9 kvetin\u00e1\u010de s hustou zele\u0148ou podporia \u00fatuln\u00fd a vyv\u00e1\u017een\u00fd vzh\u013ead. Pr\u00edjemn\u00e9 svetlo spolu s pr\u00edrodn\u00fdmi materi\u00e1lmi pekne vynikne najm\u00e4 na svetlom pozad\u00ed steny. Svietniky ve\u0161aj vo v\u00fd\u0161ke o\u010d\u00ed pre najlep\u0161\u00ed efekt aj osvetlenie.<\/p>\n<h2>Rustik\u00e1lna n\u00e1stenn\u00e1 dekor\u00e1cia s tkan\u00fdmi prvkami<\/h2>\n<p><img loading=\"lazy\" decoding=\"async\" width=\"700\" height=\"1050\" alt=\"Pr\u00edvetiv\u00e1 veranda s bielymi panelmi, tkan\u00fdmi ko\u0161\u00edkmi, vencom, lavicou z kovan\u00e9ho \u017eeleza s vank\u00fa\u0161mi a kvetmi v \u010drepn\u00edkoch pre pokojn\u00fa vonkaj\u0161iu pohodu.\" class=\"aligncenter size-full wp-image-8054\" src=\"https:\/\/doubletakedecor.com\/uploads\/2025\/09\/porch-wall-decor-ideas-dtd-09.jpg\" srcset=\"https:\/\/doubletakedecor.com\/uploads\/2025\/09\/porch-wall-decor-ideas-dtd-09.jpg 700w, https:\/\/doubletakedecor.com\/uploads\/2025\/09\/porch-wall-decor-ideas-dtd-09-200x300.jpg 200w, https:\/\/doubletakedecor.com\/uploads\/2025\/09\/porch-wall-decor-ideas-dtd-09-683x1024.jpg 683w, https:\/\/doubletakedecor.com\/uploads\/2025\/09\/porch-wall-decor-ideas-dtd-09-96x144.jpg 96w, https:\/\/doubletakedecor.com\/uploads\/2025\/09\/porch-wall-decor-ideas-dtd-09-280x420.jpg 280w, https:\/\/doubletakedecor.com\/uploads\/2025\/09\/porch-wall-decor-ideas-dtd-09-320x480.jpg 320w, https:\/\/doubletakedecor.com\/uploads\/2025\/09\/porch-wall-decor-ideas-dtd-09-360x540.jpg 360w, https:\/\/doubletakedecor.com\/uploads\/2025\/09\/porch-wall-decor-ideas-dtd-09-363x545.jpg 363w, https:\/\/doubletakedecor.com\/uploads\/2025\/09\/porch-wall-decor-ideas-dtd-09-370x555.jpg 370w, https:\/\/doubletakedecor.com\/uploads\/2025\/09\/porch-wall-decor-ideas-dtd-09-400x600.jpg 400w, https:\/\/doubletakedecor.com\/uploads\/2025\/09\/porch-wall-decor-ideas-dtd-09-560x840.jpg 560w, https:\/\/doubletakedecor.com\/uploads\/2025\/09\/porch-wall-decor-ideas-dtd-09-480x720.jpg 480w\" sizes=\"auto, (max-width: 700px) 100vw, 700px\" \/><\/p>\n<p>Premen\u00ed\u0161 svoju verandu pomocou tkan\u00fdch ko\u0161\u00edkov rozmiestnen\u00fdch nepravidelne na bielej stene. Pridaj jednoduch\u00fd veniec, ktor\u00fd vynikne na svetlom pozad\u00ed. Doplnok tvoria kvety v \u010drepn\u00edkoch a pohodln\u00e9 sedenie. Striedaj r\u00f4zne text\u00fary a pr\u00edrodn\u00e9 materi\u00e1ly, aby vznikla h\u013abka a z\u00e1rove\u0148 zostal celok farebne zladen\u00fd.<\/p>\n<h2>\u017div\u00e1 veranda s kvetinov\u00fdmi detailmi<\/h2>\n<p><img loading=\"lazy\" decoding=\"async\" width=\"700\" height=\"1050\" alt=\"P\u00f4vabn\u00e1 predn\u00e1 veranda so pruhovan\u00fdmi kreslami na oddych, zladen\u00fdm kobercom, z\u00e1vesn\u00fdmi kvetin\u00e1\u010dmi a kvetmi v \u010drepn\u00edkoch pozd\u013a\u017e z\u00e1bradlia.\" class=\"aligncenter size-full wp-image-8060\" src=\"https:\/\/doubletakedecor.com\/uploads\/2025\/09\/porch-wall-decor-ideas-dtd-10.jpg\" srcset=\"https:\/\/doubletakedecor.com\/uploads\/2025\/09\/porch-wall-decor-ideas-dtd-10.jpg 700w, https:\/\/doubletakedecor.com\/uploads\/2025\/09\/porch-wall-decor-ideas-dtd-10-200x300.jpg 200w, https:\/\/doubletakedecor.com\/uploads\/2025\/09\/porch-wall-decor-ideas-dtd-10-683x1024.jpg 683w, https:\/\/doubletakedecor.com\/uploads\/2025\/09\/porch-wall-decor-ideas-dtd-10-96x144.jpg 96w, https:\/\/doubletakedecor.com\/uploads\/2025\/09\/porch-wall-decor-ideas-dtd-10-280x420.jpg 280w, https:\/\/doubletakedecor.com\/uploads\/2025\/09\/porch-wall-decor-ideas-dtd-10-320x480.jpg 320w, https:\/\/doubletakedecor.com\/uploads\/2025\/09\/porch-wall-decor-ideas-dtd-10-360x540.jpg 360w, https:\/\/doubletakedecor.com\/uploads\/2025\/09\/porch-wall-decor-ideas-dtd-10-363x545.jpg 363w, https:\/\/doubletakedecor.com\/uploads\/2025\/09\/porch-wall-decor-ideas-dtd-10-370x555.jpg 370w, https:\/\/doubletakedecor.com\/uploads\/2025\/09\/porch-wall-decor-ideas-dtd-10-400x600.jpg 400w, https:\/\/doubletakedecor.com\/uploads\/2025\/09\/porch-wall-decor-ideas-dtd-10-560x840.jpg 560w, https:\/\/doubletakedecor.com\/uploads\/2025\/09\/porch-wall-decor-ideas-dtd-10-480x720.jpg 480w\" sizes=\"auto, (max-width: 700px) 100vw, 700px\" \/><\/p>\n<p>Vytvor pohodov\u00fa atmosf\u00e9ru na verande v\u010faka zladen\u00e9mu pruhovan\u00e9mu n\u00e1bytku a kobercom. Zaves kvetin\u00e1\u010de zo stropu a rozlo\u017e pozd\u013a\u017e z\u00e1bradlia rastliny v \u010drepn\u00edkoch, ktor\u00e9 bud\u00fa preteka\u0165 cez okraj. \u017diariv\u00e9 farby ako zelen\u00e1 a modr\u00e1 zla\u010f s jemn\u00fdmi kvetmi. Pr\u00edjemn\u00fd v\u00fdsledok bude p\u00f4sobi\u0165 svie\u017eo a poz\u00fdvavo.<\/p>\n<h2>Kombin\u00e1cia zelene a tkan\u00fdch dekor\u00e1ci\u00ed<\/h2>\n<p><img loading=\"lazy\" decoding=\"async\" width=\"700\" height=\"1049\" alt=\"Pr\u00edvetiv\u00e1 veranda s bielou pohovkou, vzorovan\u00fdmi vank\u00fa\u0161mi a ozdobn\u00fdmi n\u00e1stenn\u00fdmi ko\u0161\u00edkmi so zele\u0148ou.\" class=\"aligncenter size-full wp-image-8066\" src=\"https:\/\/doubletakedecor.com\/uploads\/2025\/09\/porch-wall-decor-ideas-dtd-11.jpg\" srcset=\"https:\/\/doubletakedecor.com\/uploads\/2025\/09\/porch-wall-decor-ideas-dtd-11.jpg 700w, https:\/\/doubletakedecor.com\/uploads\/2025\/09\/porch-wall-decor-ideas-dtd-11-200x300.jpg 200w, https:\/\/doubletakedecor.com\/uploads\/2025\/09\/porch-wall-decor-ideas-dtd-11-683x1024.jpg 683w, https:\/\/doubletakedecor.com\/uploads\/2025\/09\/porch-wall-decor-ideas-dtd-11-96x144.jpg 96w, https:\/\/doubletakedecor.com\/uploads\/2025\/09\/porch-wall-decor-ideas-dtd-11-280x420.jpg 280w, https:\/\/doubletakedecor.com\/uploads\/2025\/09\/porch-wall-decor-ideas-dtd-11-320x480.jpg 320w, https:\/\/doubletakedecor.com\/uploads\/2025\/09\/porch-wall-decor-ideas-dtd-11-360x539.jpg 360w, https:\/\/doubletakedecor.com\/uploads\/2025\/09\/porch-wall-decor-ideas-dtd-11-363x544.jpg 363w, https:\/\/doubletakedecor.com\/uploads\/2025\/09\/porch-wall-decor-ideas-dtd-11-370x554.jpg 370w, https:\/\/doubletakedecor.com\/uploads\/2025\/09\/porch-wall-decor-ideas-dtd-11-400x599.jpg 400w, https:\/\/doubletakedecor.com\/uploads\/2025\/09\/porch-wall-decor-ideas-dtd-11-560x839.jpg 560w, https:\/\/doubletakedecor.com\/uploads\/2025\/09\/porch-wall-decor-ideas-dtd-11-480x719.jpg 480w\" sizes=\"auto, (max-width: 700px) 100vw, 700px\" \/><\/p>\n<p>O\u017eiv svoju verandu ko\u0161\u00edkmi so svie\u017eou zelenou, ktor\u00e9 upevn\u00ed\u0161 na stenu nad pohodln\u00e9 sedenie. Zla\u010f vank\u00fa\u0161e s vonkaj\u0161\u00edmi farbami, ktor\u00e9 si zvolil. Tak\u00fdto \u0161t\u00fdl up\u00fata poh\u013ead a vytvor\u00ed oddychov\u00e9 miesto, kde sa hostia bud\u00fa c\u00edti\u0165 pr\u00edjemne.<\/p>\n<h2>Elegantn\u00e9 vonkaj\u0161ie sedenie<\/h2>\n<p><img loading=\"lazy\" decoding=\"async\" width=\"700\" height=\"1050\" alt=\"\u0160t\u00fdlov\u00e1 veranda so tmav\u00fdm ratanov\u00fdm n\u00e1bytkom, modr\u00fdmi vank\u00fa\u0161mi a dekorat\u00edvnymi vank\u00fa\u0161ikmi pri tehlovej stene vytv\u00e1ra pokojn\u00e9 miesto na oddych.\" class=\"aligncenter size-full wp-image-8072\" src=\"https:\/\/doubletakedecor.com\/uploads\/2025\/09\/porch-wall-decor-ideas-dtd-12.jpg\" srcset=\"https:\/\/doubletakedecor.com\/uploads\/2025\/09\/porch-wall-decor-ideas-dtd-12.jpg 700w, https:\/\/doubletakedecor.com\/uploads\/2025\/09\/porch-wall-decor-ideas-dtd-12-200x300.jpg 200w, https:\/\/doubletakedecor.com\/uploads\/2025\/09\/porch-wall-decor-ideas-dtd-12-683x1024.jpg 683w, https:\/\/doubletakedecor.com\/uploads\/2025\/09\/porch-wall-decor-ideas-dtd-12-96x144.jpg 96w, https:\/\/doubletakedecor.com\/uploads\/2025\/09\/porch-wall-decor-ideas-dtd-12-280x420.jpg 280w, https:\/\/doubletakedecor.com\/uploads\/2025\/09\/porch-wall-decor-ideas-dtd-12-320x480.jpg 320w, https:\/\/doubletakedecor.com\/uploads\/2025\/09\/porch-wall-decor-ideas-dtd-12-360x540.jpg 360w, https:\/\/doubletakedecor.com\/uploads\/2025\/09\/porch-wall-decor-ideas-dtd-12-363x545.jpg 363w, https:\/\/doubletakedecor.com\/uploads\/2025\/09\/porch-wall-decor-ideas-dtd-12-370x555.jpg 370w, https:\/\/doubletakedecor.com\/uploads\/2025\/09\/porch-wall-decor-ideas-dtd-12-400x600.jpg 400w, https:\/\/doubletakedecor.com\/uploads\/2025\/09\/porch-wall-decor-ideas-dtd-12-560x840.jpg 560w, https:\/\/doubletakedecor.com\/uploads\/2025\/09\/porch-wall-decor-ideas-dtd-12-480x720.jpg 480w\" sizes=\"auto, (max-width: 700px) 100vw, 700px\" \/><\/p>\n<p>Zla\u010f n\u00e1bytok s dekor\u00e1ciami pre jednotn\u00fd vonkaj\u0161\u00ed priestor. Vyber si odoln\u00fd ratanov\u00fd n\u00e1bytok a vank\u00fa\u0161e v t\u00f3noch modrej, podtrhni ich vzorovan\u00fdm kobercom. Doplnky z keramiky a r\u00f4zne vank\u00fa\u0161iky dodaj\u00fa \u0161t\u00fdl. Rozlo\u017e sedenie tak, aby bol v\u00fdh\u013ead na pr\u00edrodu \u010do najlep\u0161\u00ed a aby si sa tam r\u00e1d vracal relaxova\u0165.<\/p>\n<h2>Modr\u00e1 pobre\u017en\u00e1 veranda s ratanov\u00fdm seden\u00edm<\/h2>\n<p><img loading=\"lazy\" decoding=\"async\" width=\"700\" height=\"1050\" alt=\"\u00datuln\u00e1 predn\u00e1 veranda s modr\u00fdm obkladom, pohodln\u00fdm ratanov\u00fdm gau\u010dom s vank\u00fa\u0161mi, z\u00e1vesn\u00fdmi rastlinami a dekor\u00e1ciami na odpo\u010dinok.\" class=\"aligncenter size-full wp-image-8078\" src=\"https:\/\/doubletakedecor.com\/uploads\/2025\/09\/porch-wall-decor-ideas-dtd-13.jpg\" srcset=\"https:\/\/doubletakedecor.com\/uploads\/2025\/09\/porch-wall-decor-ideas-dtd-13.jpg 700w, https:\/\/doubletakedecor.com\/uploads\/2025\/09\/porch-wall-decor-ideas-dtd-13-200x300.jpg 200w, https:\/\/doubletakedecor.com\/uploads\/2025\/09\/porch-wall-decor-ideas-dtd-13-683x1024.jpg 683w, https:\/\/doubletakedecor.com\/uploads\/2025\/09\/porch-wall-decor-ideas-dtd-13-96x144.jpg 96w, https:\/\/doubletakedecor.com\/uploads\/2025\/09\/porch-wall-decor-ideas-dtd-13-280x420.jpg 280w, https:\/\/doubletakedecor.com\/uploads\/2025\/09\/porch-wall-decor-ideas-dtd-13-320x480.jpg 320w, https:\/\/doubletakedecor.com\/uploads\/2025\/09\/porch-wall-decor-ideas-dtd-13-360x540.jpg 360w, https:\/\/doubletakedecor.com\/uploads\/2025\/09\/porch-wall-decor-ideas-dtd-13-363x545.jpg 363w, https:\/\/doubletakedecor.com\/uploads\/2025\/09\/porch-wall-decor-ideas-dtd-13-370x555.jpg 370w, https:\/\/doubletakedecor.com\/uploads\/2025\/09\/porch-wall-decor-ideas-dtd-13-400x600.jpg 400w, https:\/\/doubletakedecor.com\/uploads\/2025\/09\/porch-wall-decor-ideas-dtd-13-560x840.jpg 560w, https:\/\/doubletakedecor.com\/uploads\/2025\/09\/porch-wall-decor-ideas-dtd-13-480x720.jpg 480w\" sizes=\"auto, (max-width: 700px) 100vw, 700px\" \/><\/p>\n<p>Navod\u00ed\u0161 pokojn\u00fa pr\u00edmorsk\u00fa atmosf\u00e9ru, ak modr\u00fd obklad spoj\u00ed\u0161 s ratanov\u00fdm seden\u00edm. Vank\u00fa\u0161e s p\u00e1sikmi p\u00f4sobia zauj\u00edmavo a pohodlne. Pridaj z\u00e1vesn\u00e9 ko\u0161\u00edky a kvety v r\u00f4znej v\u00fd\u0161ke, z\u00edskaj tak viac priestoru aj h\u013abky. Mal\u00fd stol\u00edk na strane je praktick\u00fd a slab\u00e9 svetlo ti ve\u010der prid\u00e1 \u00fatulnos\u0165.<\/p>\n<h2>Siv\u00e9 dvere s kvetin\u00e1\u010dmi necht\u00edkov<\/h2>\n<p><img loading=\"lazy\" decoding=\"async\" width=\"700\" height=\"933\" alt=\"V\u00edtacia veranda so siv\u00fdmi dverami, \u010diernymi lamp\u00e1\u0161mi a kovov\u00fdmi kvetin\u00e1\u010dmi so \u017elt\u00fdmi necht\u00edkmi pre elegantn\u00fd vchod.\" class=\"aligncenter size-full wp-image-8084\" src=\"https:\/\/doubletakedecor.com\/uploads\/2025\/09\/porch-wall-decor-ideas-dtd-14.jpg\" srcset=\"https:\/\/doubletakedecor.com\/uploads\/2025\/09\/porch-wall-decor-ideas-dtd-14.jpg 700w, https:\/\/doubletakedecor.com\/uploads\/2025\/09\/porch-wall-decor-ideas-dtd-14-225x300.jpg 225w, https:\/\/doubletakedecor.com\/uploads\/2025\/09\/porch-wall-decor-ideas-dtd-14-96x128.jpg 96w, https:\/\/doubletakedecor.com\/uploads\/2025\/09\/porch-wall-decor-ideas-dtd-14-280x373.jpg 280w, https:\/\/doubletakedecor.com\/uploads\/2025\/09\/porch-wall-decor-ideas-dtd-14-320x427.jpg 320w, https:\/\/doubletakedecor.com\/uploads\/2025\/09\/porch-wall-decor-ideas-dtd-14-360x480.jpg 360w, https:\/\/doubletakedecor.com\/uploads\/2025\/09\/porch-wall-decor-ideas-dtd-14-363x484.jpg 363w, https:\/\/doubletakedecor.com\/uploads\/2025\/09\/porch-wall-decor-ideas-dtd-14-370x493.jpg 370w, https:\/\/doubletakedecor.com\/uploads\/2025\/09\/porch-wall-decor-ideas-dtd-14-400x533.jpg 400w, https:\/\/doubletakedecor.com\/uploads\/2025\/09\/porch-wall-decor-ideas-dtd-14-560x746.jpg 560w, https:\/\/doubletakedecor.com\/uploads\/2025\/09\/porch-wall-decor-ideas-dtd-14-480x640.jpg 480w\" sizes=\"auto, (max-width: 700px) 100vw, 700px\" \/><\/p>\n<p>Priv\u00edtaj host\u00ed pri vchode symetrick\u00fdmi \u010diernymi lamp\u00e1\u0161mi po bokoch jemnesiv\u00fdch dver\u00ed. Na bielom paneli m\u00f4\u017ee\u0161 upevni\u0165 \u0161t\u00fdlov\u00fa \u010diernu po\u0161tov\u00fa schr\u00e1nku a \u010d\u00edslo domu. Kvetin\u00e1\u010de s jasne \u017elt\u00fdmi necht\u00edkmi po oboch stran\u00e1ch prines\u00fa farbu. Na z\u00e1ver pridaj roho\u017eku z pr\u00edrodn\u00e9ho materi\u00e1lu pre rustik\u00e1lny \u0161mrnc.<\/p>\n<h2>V\u00fdrazn\u00e9 \u010dierne dvere s kvetinov\u00fdmi detailmi<\/h2>\n<p><img loading=\"lazy\" decoding=\"async\" width=\"700\" height=\"1050\" alt=\"Poz\u00fdvacia predn\u00e1 veranda s v\u00fdrazn\u00fdmi \u010diernymi dverami na bielom tehlovom pozad\u00ed, s fialov\u00fdmi zavesen\u00fdmi kvetmi a pohodln\u00fdm seden\u00edm.\" class=\"aligncenter size-full wp-image-8090\" src=\"https:\/\/doubletakedecor.com\/uploads\/2025\/09\/porch-wall-decor-ideas-dtd-15.jpg\" srcset=\"https:\/\/doubletakedecor.com\/uploads\/2025\/09\/porch-wall-decor-ideas-dtd-15.jpg 700w, https:\/\/doubletakedecor.com\/uploads\/2025\/09\/porch-wall-decor-ideas-dtd-15-200x300.jpg 200w, https:\/\/doubletakedecor.com\/uploads\/2025\/09\/porch-wall-decor-ideas-dtd-15-683x1024.jpg 683w, https:\/\/doubletakedecor.com\/uploads\/2025\/09\/porch-wall-decor-ideas-dtd-15-96x144.jpg 96w, https:\/\/doubletakedecor.com\/uploads\/2025\/09\/porch-wall-decor-ideas-dtd-15-280x420.jpg 280w, https:\/\/doubletakedecor.com\/uploads\/2025\/09\/porch-wall-decor-ideas-dtd-15-320x480.jpg 320w, https:\/\/doubletakedecor.com\/uploads\/2025\/09\/porch-wall-decor-ideas-dtd-15-360x540.jpg 360w, https:\/\/doubletakedecor.com\/uploads\/2025\/09\/porch-wall-decor-ideas-dtd-15-363x545.jpg 363w, https:\/\/doubletakedecor.com\/uploads\/2025\/09\/porch-wall-decor-ideas-dtd-15-370x555.jpg 370w, https:\/\/doubletakedecor.com\/uploads\/2025\/09\/porch-wall-decor-ideas-dtd-15-400x600.jpg 400w, https:\/\/doubletakedecor.com\/uploads\/2025\/09\/porch-wall-decor-ideas-dtd-15-560x840.jpg 560w, https:\/\/doubletakedecor.com\/uploads\/2025\/09\/porch-wall-decor-ideas-dtd-15-480x720.jpg 480w\" sizes=\"auto, (max-width: 700px) 100vw, 700px\" \/><\/p>\n<p>Vytvor v\u00fdrazn\u00fd vchod kontrastom tmav\u00fdch dver\u00ed so svetlou fas\u00e1dou. Nad dvere zaves pestr\u00fd kvet ako \u00fastredn\u00fd bod a po stran\u00e1ch saden\u00e9 rastliny pre symetriu. Pridaj text\u00farovan\u00fa roho\u017eku a m\u00e4kk\u00e9 sedenie \u2013 bude\u0161 ma\u0165 funk\u010dn\u00fd a pritom vkusn\u00fd priestor. T\u00e1to kombin\u00e1cia dod\u00e1 verande h\u013abku a charakter.<\/p>\n<h2>Vertik\u00e1lna z\u00e1hradn\u00e1 stena<\/h2>\n<p><img loading=\"lazy\" decoding=\"async\" width=\"700\" height=\"1050\" alt=\"\u00datuln\u00e1 veranda s ratanovou pohovkou, okr\u00fahlym stolom a vertik\u00e1lnou stenu s terakotov\u00fdmi \u010drepn\u00edkmi a tepl\u00fdm osvetlen\u00edm.\" class=\"aligncenter size-full wp-image-8096\" src=\"https:\/\/doubletakedecor.com\/uploads\/2025\/09\/porch-wall-decor-ideas-dtd-16.jpg\" srcset=\"https:\/\/doubletakedecor.com\/uploads\/2025\/09\/porch-wall-decor-ideas-dtd-16.jpg 700w, https:\/\/doubletakedecor.com\/uploads\/2025\/09\/porch-wall-decor-ideas-dtd-16-200x300.jpg 200w, https:\/\/doubletakedecor.com\/uploads\/2025\/09\/porch-wall-decor-ideas-dtd-16-683x1024.jpg 683w, https:\/\/doubletakedecor.com\/uploads\/2025\/09\/porch-wall-decor-ideas-dtd-16-96x144.jpg 96w, https:\/\/doubletakedecor.com\/uploads\/2025\/09\/porch-wall-decor-ideas-dtd-16-280x420.jpg 280w, https:\/\/doubletakedecor.com\/uploads\/2025\/09\/porch-wall-decor-ideas-dtd-16-320x480.jpg 320w, https:\/\/doubletakedecor.com\/uploads\/2025\/09\/porch-wall-decor-ideas-dtd-16-360x540.jpg 360w, https:\/\/doubletakedecor.com\/uploads\/2025\/09\/porch-wall-decor-ideas-dtd-16-363x545.jpg 363w, https:\/\/doubletakedecor.com\/uploads\/2025\/09\/porch-wall-decor-ideas-dtd-16-370x555.jpg 370w, https:\/\/doubletakedecor.com\/uploads\/2025\/09\/porch-wall-decor-ideas-dtd-16-400x600.jpg 400w, https:\/\/doubletakedecor.com\/uploads\/2025\/09\/porch-wall-decor-ideas-dtd-16-560x840.jpg 560w, https:\/\/doubletakedecor.com\/uploads\/2025\/09\/porch-wall-decor-ideas-dtd-16-480x720.jpg 480w\" sizes=\"auto, (max-width: 700px) 100vw, 700px\" \/><\/p>\n<p>P\u00f4sobiv\u00fd z\u00e1hradn\u00fd prvok \u013eahko vytvor\u00ed\u0161, ak na stenu upevn\u00ed\u0161 terakotov\u00e9 \u010drepn\u00edky v rytmickom rozlo\u017een\u00ed. Vys\u00e1dzaj r\u00f4zne zelen\u00e9 rastliny, ktor\u00e9 o\u017eivia stenu a dodaj\u00fa kontrast. Toto rie\u0161enie \u0161etr\u00ed miesto, nepr\u00edde\u0161 o priestor na sedenie a z\u00e1rove\u0148 vytvor\u00ed\u0161 kr\u00e1sne pozadie na spolo\u010dn\u00e9 chv\u00edle vonku.<\/p>\n<h2>Miesto pre \u010dajov\u00e9 posedenie na verande<\/h2>\n<p>Vytvor pr\u00edvetiv\u00e9 miesto na rozhovor s kovov\u00fdmi stoli\u010dkami a m\u00e4kk\u00fdmi vank\u00fa\u0161ikmi. Medzi ne postav mal\u00fd okr\u00fahly stol\u00edk na \u010daj. Pr\u00edjemn\u00e9 svetlo dodaj\u00fa n\u00e1stenn\u00e9 lamp\u00e1\u0161e umiestnen\u00e9 symetricky. Dreven\u00fd ozdobn\u00fd panel na stene zaujme a vnesie do priestoru \u0161trukt\u00faru aj \u0161t\u00fdl.<\/p>\n<h2>Rustik\u00e1lna jed\u00e1le\u0148 na verande<\/h2>\n<p><img loading=\"lazy\" decoding=\"async\" width=\"700\" height=\"1050\" alt=\"Rustik\u00e1lny dreven\u00fd st\u00f4l s r\u00f4znorod\u00fdmi stoli\u010dkami na jasne bielej verande, vyzdoben\u00fd \u010derstv\u00fdmi kvetmi a citrusmi pre neform\u00e1lne jedlo vonku.\" class=\"aligncenter size-full wp-image-8102\" src=\"https:\/\/doubletakedecor.com\/uploads\/2025\/09\/porch-wall-decor-ideas-dtd-18.jpg\" srcset=\"https:\/\/doubletakedecor.com\/uploads\/2025\/09\/porch-wall-decor-ideas-dtd-18.jpg 700w, https:\/\/doubletakedecor.com\/uploads\/2025\/09\/porch-wall-decor-ideas-dtd-18-200x300.jpg 200w, https:\/\/doubletakedecor.com\/uploads\/2025\/09\/porch-wall-decor-ideas-dtd-18-683x1024.jpg 683w, https:\/\/doubletakedecor.com\/uploads\/2025\/09\/porch-wall-decor-ideas-dtd-18-96x144.jpg 96w, https:\/\/doubletakedecor.com\/uploads\/2025\/09\/porch-wall-decor-ideas-dtd-18-280x420.jpg 280w, https:\/\/doubletakedecor.com\/uploads\/2025\/09\/porch-wall-decor-ideas-dtd-18-320x480.jpg 320w, https:\/\/doubletakedecor.com\/uploads\/2025\/09\/porch-wall-decor-ideas-dtd-18-360x540.jpg 360w, https:\/\/doubletakedecor.com\/uploads\/2025\/09\/porch-wall-decor-ideas-dtd-18-363x545.jpg 363w, https:\/\/doubletakedecor.com\/uploads\/2025\/09\/porch-wall-decor-ideas-dtd-18-370x555.jpg 370w, https:\/\/doubletakedecor.com\/uploads\/2025\/09\/porch-wall-decor-ideas-dtd-18-400x600.jpg 400w, https:\/\/doubletakedecor.com\/uploads\/2025\/09\/porch-wall-decor-ideas-dtd-18-560x840.jpg 560w, https:\/\/doubletakedecor.com\/uploads\/2025\/09\/porch-wall-decor-ideas-dtd-18-480x720.jpg 480w\" sizes=\"auto, (max-width: 700px) 100vw, 700px\" \/><\/p>\n<p>Spr\u00edjemni si stolovanie na verande pou\u017eit\u00edm kombin\u00e1cie pr\u00edrodn\u00e9ho dreva a bielen\u00e9ho n\u00e1bytku. Ka\u017ed\u00e1 stoli\u010dka m\u00f4\u017ee by\u0165 in\u00e1, no ke\u010f farebne ladia, p\u00f4sob\u00ed celok pr\u00edjemne aj origin\u00e1lne. Kytica \u010derstv\u00fdch kvetov na stole a rastliny v \u010drepn\u00edkoch prines\u00fa pr\u00edrodu bli\u017e\u0161ie k tebe. Biele steny zase odrazia svetlo a rozjasnia cel\u00fd priestor.<\/p>\n<h2>Siv\u00e1 komoda so zrkadlom ako dekor\u00e1cia<\/h2>\n<p><img loading=\"lazy\" decoding=\"async\" width=\"700\" height=\"1050\" alt=\"\u0160t\u00fdlov\u00e1 siv\u00e1 komoda so zrkadlom na drevenej verande, vyzdoben\u00e1 lampou, tyrkysovou v\u00e1zou, svie\u010dkami a \u010derstv\u00fdmi kvetmi.\" class=\"aligncenter size-full wp-image-8108\" src=\"https:\/\/doubletakedecor.com\/uploads\/2025\/09\/porch-wall-decor-ideas-dtd-19.jpg\" srcset=\"https:\/\/doubletakedecor.com\/uploads\/2025\/09\/porch-wall-decor-ideas-dtd-19.jpg 700w, https:\/\/doubletakedecor.com\/uploads\/2025\/09\/porch-wall-decor-ideas-dtd-19-200x300.jpg 200w, https:\/\/doubletakedecor.com\/uploads\/2025\/09\/porch-wall-decor-ideas-dtd-19-683x1024.jpg 683w, https:\/\/doubletakedecor.com\/uploads\/2025\/09\/porch-wall-decor-ideas-dtd-19-96x144.jpg 96w, https:\/\/doubletakedecor.com\/uploads\/2025\/09\/porch-wall-decor-ideas-dtd-19-280x420.jpg 280w, https:\/\/doubletakedecor.com\/uploads\/2025\/09\/porch-wall-decor-ideas-dtd-19-320x480.jpg 320w, https:\/\/doubletakedecor.com\/uploads\/2025\/09\/porch-wall-decor-ideas-dtd-19-360x540.jpg 360w, https:\/\/doubletakedecor.com\/uploads\/2025\/09\/porch-wall-decor-ideas-dtd-19-363x545.jpg 363w, https:\/\/doubletakedecor.com\/uploads\/2025\/09\/porch-wall-decor-ideas-dtd-19-370x555.jpg 370w, https:\/\/doubletakedecor.com\/uploads\/2025\/09\/porch-wall-decor-ideas-dtd-19-400x600.jpg 400w, https:\/\/doubletakedecor.com\/uploads\/2025\/09\/porch-wall-decor-ideas-dtd-19-560x840.jpg 560w, https:\/\/doubletakedecor.com\/uploads\/2025\/09\/porch-wall-decor-ideas-dtd-19-480x720.jpg 480w\" sizes=\"auto, (max-width: 700px) 100vw, 700px\" \/><\/p>\n<p>O\u017eiv svoju verandu komodou so zrkadlom. Umiestni komodu v neutr\u00e1lnych farb\u00e1ch pri stene a nad \u0148u zaves zrkadlo, ktor\u00e9 odraz\u00ed denn\u00e9 svetlo. Povrch komody ozdob lampou, v\u00e1zou a svie\u010dkami v rovnov\u00e1he. \u010cerstv\u00e9 kvety prines\u00fa farbu a vzorovan\u00fd koberec pod n\u00e1bytkom cel\u00fd priestor zv\u00fdrazn\u00ed.<\/p>\n<h2>Modern\u00fd priestor na z\u00e1bavu vonku<\/h2>\n<p><img loading=\"lazy\" decoding=\"async\" width=\"700\" height=\"1050\" alt=\"\u0160t\u00fdlov\u00e1 veranda s tmavou drevenou stenou, grilom, farebn\u00fdmi vlajo\u010dkami a pohodln\u00fdm seden\u00edm s vank\u00fa\u0161mi.\" class=\"aligncenter size-full wp-image-8114\" src=\"https:\/\/doubletakedecor.com\/uploads\/2025\/09\/porch-wall-decor-ideas-dtd-20.jpg\" srcset=\"https:\/\/doubletakedecor.com\/uploads\/2025\/09\/porch-wall-decor-ideas-dtd-20.jpg 700w, https:\/\/doubletakedecor.com\/uploads\/2025\/09\/porch-wall-decor-ideas-dtd-20-200x300.jpg 200w, https:\/\/doubletakedecor.com\/uploads\/2025\/09\/porch-wall-decor-ideas-dtd-20-683x1024.jpg 683w, https:\/\/doubletakedecor.com\/uploads\/2025\/09\/porch-wall-decor-ideas-dtd-20-96x144.jpg 96w, https:\/\/doubletakedecor.com\/uploads\/2025\/09\/porch-wall-decor-ideas-dtd-20-280x420.jpg 280w, https:\/\/doubletakedecor.com\/uploads\/2025\/09\/porch-wall-decor-ideas-dtd-20-320x480.jpg 320w, https:\/\/doubletakedecor.com\/uploads\/2025\/09\/porch-wall-decor-ideas-dtd-20-360x540.jpg 360w, https:\/\/doubletakedecor.com\/uploads\/2025\/09\/porch-wall-decor-ideas-dtd-20-363x545.jpg 363w, https:\/\/doubletakedecor.com\/uploads\/2025\/09\/porch-wall-decor-ideas-dtd-20-370x555.jpg 370w, https:\/\/doubletakedecor.com\/uploads\/2025\/09\/porch-wall-decor-ideas-dtd-20-400x600.jpg 400w, https:\/\/doubletakedecor.com\/uploads\/2025\/09\/porch-wall-decor-ideas-dtd-20-560x840.jpg 560w, https:\/\/doubletakedecor.com\/uploads\/2025\/09\/porch-wall-decor-ideas-dtd-20-480x720.jpg 480w\" sizes=\"auto, (max-width: 700px) 100vw, 700px\" \/><\/p>\n<p>Elegantn\u00e9 miesto na p\u00e1rty vytvor\u00ed\u0161 s tmavou drevenou stenou ako stredobod. Pridaj nerezov\u00fd gril a kvety v \u010drepn\u00edkoch pre spojenie funk\u010dnosti a zelene. Pohodln\u00e9 dreven\u00e9 sedenie s farebn\u00fdmi vank\u00fa\u0161mi a tepl\u00fd koberec zv\u00fd\u0161ia komfort. Farebn\u00e9 vlajo\u010dky rozveselia cel\u00fa verandu a podporia dobr\u00fa n\u00e1ladu.<\/p>\n<h2>Vertik\u00e1lny syst\u00e9m na pestovanie rastl\u00edn<\/h2>\n<p>Vyu\u017eij \u010do najlep\u0161ie priestor na stene s viacposchodov\u00fdmi dreven\u00fdmi kvetin\u00e1\u010dmi. Hore daj kvitn\u00face rastliny, do stredn\u00fdch boxov sadz bylinky a dolu hust\u00e9 zelen\u00e9 rastliny. Cel\u00fd syst\u00e9m poriadne upevni na vonkaj\u0161\u00ed obklad a dopl\u0148 vonkaj\u0161ie osvetlenie. Tento sp\u00f4sob prid\u00e1 priestoru h\u013abku, no ponech\u00e1 miesto na podlahe vo\u013en\u00e9.<\/p>\n<h2>FAQ<\/h2>\n<details class=\"g-accordion \"><summary><h3>Ak\u00e9 s\u00fa kreat\u00edvne n\u00e1pady na dekor\u00e1ciu stien na verande?<\/h3><\/summary>\n<p>Premeni\u0165 verandu na \u00fatuln\u00e9 miesto zvl\u00e1dne\u0161 \u013eahko s n\u00e1paditou v\u00fdzdobou stien. Sk\u00fas rustik\u00e1lne alebo vidiecke prvky, ktor\u00e9 vyu\u017e\u00edvaj\u00fa pr\u00edrodn\u00e9 materi\u00e1ly a tepl\u00e9, zemit\u00e1 farby na navodenie pohodovej atmosf\u00e9ry. <strong>Odoln\u00e9 a vkusn\u00e9 kovov\u00e9 dekor\u00e1cie s\u00fa v\u00fdborn\u00fdm stredobodom pozornosti<\/strong> a personalizovan\u00e9 kovov\u00e9 tabule pekne spoja \u0161t\u00fdl s praktickos\u0165ou.<\/p>\n<p>Ak m\u00e1\u0161 r\u00e1d zele\u0148, vysk\u00fa\u0161aj zelen\u00e9 steny alebo vertik\u00e1lne z\u00e1hrady. Okrem toho, \u017ee verandu o\u017eivia, zlep\u0161uj\u00fa tie\u017e vzduch a vytv\u00e1raj\u00fa svie\u017ee prostredie. Hraj sa s r\u00f4znymi druhmi rastl\u00edn v z\u00e1vesn\u00fdch kvetin\u00e1\u010doch a dopraj priestoru farby a text\u00fary.<\/p>\n<p>Ak \u0165a bav\u00ed tvoji\u0165 vlastn\u00e9 veci, mo\u017enost\u00ed exteri\u00e9rovej v\u00fdzdoby je naozaj dos\u0165. <strong>V\u00fdrobou origin\u00e1lnych k\u00faskov \u010di vlastn\u00fdch n\u00e1pisov uk\u00e1\u017ee\u0161 osobn\u00fd vkus a v\u010faka odoln\u00fdm materi\u00e1lom ti vydr\u017eia dlho pekn\u00e9.<\/strong><\/p>\n<p>Aby v\u0161etko ladilo, sk\u00fas r\u00f4zne ve\u013ekosti a \u0161t\u00fdly zavesen\u00fdch dekor\u00e1ci\u00ed vyv\u00e1\u017ei\u0165 na stene. Kombinuj drevo, kov a textil, aby si vytvoril zauj\u00edmav\u00fa, ale zjednoten\u00fa v\u00fdzdobu. S t\u00fdmito n\u00e1padmi premen\u00ed\u0161 verandu na pr\u00edjemn\u00e9 \u00fato\u010disko pre oddych aj rodinn\u00e9 chv\u00edle.<\/p>\n<\/details><details class=\"g-accordion \"><summary><h3>Ako m\u00f4\u017ee vonkaj\u0161ia v\u00fdzdoba stien zmeni\u0165 tvoj priestor?<\/h3><\/summary>\n<p>Vonkaj\u0161ia v\u00fdzdoba stien dok\u00e1\u017ee zmeni\u0165 priestor nielen na poh\u013ead, ale aj po praktickej str\u00e1nke. Ak prid\u00e1\u0161 napr\u00edklad <strong>kovov\u00e9 umeleck\u00e9 dekor\u00e1cie<\/strong> \u010di <strong>vlastn\u00e9 tabule<\/strong>, predn\u00e1 veranda bude p\u00f4sobi\u0165 nielen \u00fatulne, ale aj atrakt\u00edvnej\u0161ie z ulice.<\/p>\n<p>Kombin\u00e1cia r\u00f4znych materi\u00e1lov, text\u00far a farieb dod\u00e1 exteri\u00e9ru h\u013abku. Ak spoj\u00ed\u0161 rustik\u00e1lny \u0161t\u00fdl s modern\u00fdm dizajnom, vytvor\u00ed\u0161 harmonick\u00fd vzh\u013ead pod\u013ea tvojej chuti. Vyber v\u017edy <strong>odoln\u00e9 materi\u00e1ly<\/strong>, ktor\u00e9 vydr\u017eia v\u0161etky ro\u010dn\u00e9 obdobia.<\/p>\n<p>V\u00fdzdoba tie\u017e prid\u00e1va charakter teras\u00e1m a zadn\u00fdm verand\u00e1m. Vertik\u00e1lne z\u00e1hrady a z\u00e1vesn\u00e9 rastliny tieto miesta nielen skr\u00e1\u0161lia, ale zlep\u0161ia aj vzduch, \u010d\u00edm tu vznikne mil\u00e9 prostredie na stretnutia \u010di oddych.<\/p>\n<p><strong>Napokon, ak bude\u0161 o v\u00fdzdobe prem\u00fd\u0161\u013ea\u0165 dopredu, premen\u00ed\u0161 vonkaj\u0161\u00ed priestor na pred\u013a\u017eenie domova, ktor\u00fd dobre vyzer\u00e1 a funguje \u2013 navy\u0161e odol\u00e1 ka\u017ed\u00e9mu po\u010dasiu a spr\u00edjemn\u00ed ti ka\u017ed\u00fd de\u0148.<\/strong><\/p>\n<\/details><details class=\"g-accordion \"><summary><h3>Ak\u00e9 s\u00fa overen\u00e9 tipy na dekor\u00e1cie verandy?<\/h3><\/summary>\n<p>Z verandy m\u00f4\u017ee\u0161 urobi\u0165 pr\u00edjemn\u00e9 miesto jednoduch\u0161ie, ne\u017e si mysl\u00ed\u0161. Za\u010dni t\u00fdm, \u017ee prid\u00e1\u0161 <strong>\u017eiv\u00e9 farby<\/strong> pomocou vank\u00fa\u0161ov, kvetin\u00e1\u010dov alebo obrazov, ktor\u00e9 pritiahnu pozornos\u0165. Rastliny dodaj\u00fa priestoru \u017eivot i text\u00faru a navy\u0161e zlep\u0161ia <strong>vzduch na verande<\/strong>.<\/p>\n<ul>\n<li>vyber si n\u00e1bytok, ktor\u00fd sadne tvojmu \u0161t\u00fdlu, z\u00e1rove\u0148 v\u0161ak mysl\u00ed na pohodlie,<\/li>\n<li>h\u00fapacie kresl\u00e1 \u010di ve\u013ek\u00fd st\u00f4l na rodinn\u00e9 posedenia s\u00fa perfektn\u00e1 vo\u013eba,<\/li>\n<li>osvetlenie vytv\u00e1ra atmosf\u00e9ru \u2013 tepl\u00e9 \u017eiarovky, sveteln\u00e9 re\u0165aze alebo lampy z pr\u00edrodn\u00fdch materi\u00e1lov z\u00fatulnia cel\u00fa verandu.<\/li>\n<\/ul>\n<p>Pusti sa do DIY projektov, aby si dekor\u00e1cie mali osobn\u00fd r\u00e1z. V\u017edy uprednostni <strong>odln\u00e9 materi\u00e1ly<\/strong>, aby ti ozdoby vydr\u017eali dlh\u00e9 roky.<\/p>\n<ul>\n<li>ak je veranda men\u0161ia, vyu\u017ei priestor pomocou vertik\u00e1lnych z\u00e1hrad \u010di skladn\u00e9ho n\u00e1bytku,<\/li>\n<li>pr\u00edrodn\u00e9 materi\u00e1ly ako drevo alebo kame\u0148 zahrej\u00fa priestor a prirodzene ho spoja s okol\u00edm.<\/li>\n<\/ul>\n<p><strong>Ke\u010f si dopredu vyberie\u0161 kombin\u00e1ciu praktick\u00fdch a kr\u00e1snych prvkov, veranda sa stane tvojim ob\u013e\u00faben\u00fdm miestom na relax alebo posedenie s priate\u013emi.<\/strong><\/p>\n<\/details><details class=\"g-accordion \"><summary><h3>Ako si spr\u00e1vne vybra\u0165 dekor\u00e1ciu na steny vonkaj\u0161ej verandy?<\/h3><\/summary>\n<p>V\u00fdber dekor\u00e1ci\u00ed na steny vonkaj\u0161ej verandy si vy\u017eaduje trochu pl\u00e1novania, aby vznikol pr\u00edvetiv\u00fd a zladen\u00fd priestor. Najsk\u00f4r si premysli, v akom \u0161t\u00fdle m\u00e1\u0161 dom. Ak pripom\u00edna farmu \u010di chalupu, vyberaj sk\u00f4r dreven\u00e9 tabule alebo kovov\u00e9 umeleck\u00e9 k\u00fasky.<\/p>\n<p>Ve\u013ek\u00fa rolu hr\u00e1 farba. Zvo\u013e odtiene, ktor\u00e9 tvojmu domovu pristan\u00fa a prirodzene ladia s fas\u00e1dou. Zemit\u00e1 paleta \u010dasto navod\u00ed pocit pohody a \u00fatulnosti.<\/p>\n<p>Nezabudni ani na v\u00fdber materi\u00e1lov \u2013 mali by vydr\u017ea\u0165 ka\u017ed\u00e9 po\u010dasie. <strong>O\u0161etren\u00e9 drevo<\/strong> alebo <strong>kov<\/strong> s\u00fa najlep\u0161ou vo\u013ebou, ke\u010f\u017ee s\u00fa trv\u00e1cne. Sk\u00fas h\u013eada\u0165 aj zauj\u00edmav\u00e9 dekor\u00e1cie, ktor\u00e9 vyjadruj\u00fa tvoju osobnos\u0165 a dodaj\u00fa priestoru jedine\u010dn\u00fd charakter.<\/p>\n<p><strong>Ak si v\u0161etko dobre rozmysl\u00ed\u0161, vyberie\u0161 si ozdoby, ktor\u00e9 bud\u00fa nielen kr\u00e1sne a osobit\u00e9, ale aj odoln\u00e9 a tvoja veranda nimi z\u00edska nov\u00fd vzh\u013ead.<\/strong><\/p>\n<\/details><details class=\"g-accordion \"><summary><h3>Ak\u00e9 tipy na dom\u00e1cu dekor\u00e1ciu stien verandy existuj\u00fa?<\/h3><\/summary>\n<p>Ak chce\u0161 o\u017eivi\u0165 steny verandy, zameraj sa na rovnov\u00e1hu medzi <strong>praktickos\u0165ou<\/strong> a <strong>vzh\u013eadom<\/strong>. Zrkadl\u00e1 umiestnen\u00e9 na spr\u00e1vnych miestach opticky zv\u00e4\u010d\u0161ia priestor, presvetlia verandu a dodaj\u00fa jej h\u013abku \u2013 v\u010faka tomu p\u00f4sob\u00ed otvorenej\u0161ie a pr\u00edvetivej\u0161ie. Vyber tak\u00e9 ozdoby, ktor\u00e9 vystihuj\u00fa n\u00e1ladu tvojho priestoru, \u010di u\u017e je sk\u00f4r rustik\u00e1lny, farm\u00e1rsky alebo modern\u00fd.<\/p>\n<p>Ak prid\u00e1\u0161 <strong>pr\u00edrodn\u00e9 materi\u00e1ly<\/strong> ako drevo \u010di kame\u0148, v\u0161etko pekne spoj\u00ed\u0161 s vonkaj\u0161\u00edm prostred\u00edm. Tieto k\u00fasky prines\u00fa dekor\u00e1ci\u00e1m text\u00faru a teplo, pri\u010dom p\u00f4sobia prirodzene a nen\u00fatene.<\/p>\n<p>Siahni po dekor\u00e1ci\u00e1ch ako vence \u010di obr\u00e1zky, ktor\u00e9 vydr\u017eia vonku a nezni\u010d\u00ed ich d\u00e1\u017e\u010f. V\u017edy sa sna\u017e n\u00e1js\u0165 rovnov\u00e1hu medzi ve\u013ekos\u0165ami a \u0161t\u00fdlmi jednotliv\u00fdch ozd\u00f4b, aby vizu\u00e1l p\u00f4sobil pr\u00edjemne.<\/p>\n<p>Ak si d\u00e1\u0161 na v\u00fdbere z\u00e1le\u017ea\u0165, steny tvojej verandy sa \u013eahko stan\u00fa miestom, ktor\u00e9 up\u00fata u\u017e z dia\u013eky a vytvor\u00ed pozv\u00e1nku do cel\u00e9ho domu.<\/p>\n<\/details><details class=\"g-accordion \"><summary><h3>Ako vylep\u0161i\u0165 vzh\u013ead verandy v\u00fdzdobou stien?<\/h3><\/summary>\n<p>Vzh\u013ead verandy dolad\u00ed\u0161 pomocou dekor\u00e1ci\u00ed na stenu, ke\u010f spr\u00e1vne zladi\u0161 farby, materi\u00e1ly aj vrstvy. Za\u010dni v\u00fdberom odtie\u0148ov, ktor\u00e9 sa hodia k fas\u00e1de. \u010ci u\u017e zvol\u00ed\u0161 zemit\u00fa klasiku alebo vesel\u0161ie kontrasty, v\u0161etko formuje n\u00e1ladu priestoru.<\/p>\n<ul>\n<li>kombinuj r\u00f4zne text\u00fary ako drevo, kov \u010di l\u00e1tky a dod\u00e1\u0161 priestoru h\u013abku,<\/li>\n<li>kvetin\u00e1\u010de na stenu a obrazy m\u00f4\u017eu by\u0165 stredobodom, ktor\u00fd up\u00fata,<\/li>\n<li>bu\u010f kreat\u00edvny s ve\u013ekos\u0165ami a \u0161t\u00fdlmi dekor\u00e1ci\u00ed \u2013 \u013eahko tak z\u00edska\u0161 rovnov\u00e1hu.<\/li>\n<\/ul>\n<p><strong>Vrstvenie je k\u013e\u00fa\u010dom k jednoliatej v\u00fdzdobe.<\/strong> Ak napr\u00edklad umiestni\u0161 v\u00e4\u010d\u0161\u00ed obraz na pozadie a dopln\u00ed\u0161 ho men\u0161\u00edmi dekor\u00e1ciami na poli\u010dke, vytvor\u00ed\u0161 zauj\u00edmav\u00fd efekt. Rastliny popri umeleck\u00fdch dielach priestor zjemnia a z\u00e1rove\u0148 zlep\u0161ia vzduch.<\/p>\n<p>Dobr\u00e9 osvetlenie tvoj modern\u00fd vzh\u013ead e\u0161te zv\u00fdrazn\u00ed. Sveteln\u00e9 re\u0165aze alebo n\u00e1stenn\u00e9 svietidl\u00e1 ve\u010der rozjasnia dekor\u00e1cie a pozv\u00fa \u0165a oddychova\u0165 vonku.<\/p>\n<p>Kombinuj tieto prvky s citom a veranda bude pr\u00edjemn\u00fdm pred\u013a\u017een\u00edm domova, kde sa bude\u0161 r\u00e1d vraca\u0165 a ktor\u00e9 vyjadr\u00ed tvoj \u0161t\u00fdl.<\/p>\n<\/details><details class=\"g-accordion \"><summary><h3>Ak\u00e9 s\u00fa v\u00fdhody kovov\u00fdch dekor\u00e1ci\u00ed na stenu vo vonkaj\u0161\u00edch priestoroch?<\/h3><\/summary>\n<p><strong>Kovov\u00e9 dekor\u00e1cie na vonkaj\u0161ie steny<\/strong> s\u00fa skvel\u00e9 pr\u00e1ve v\u010faka odolnosti a schopnosti vydr\u017ea\u0165 nepriazniv\u00e9 po\u010dasie. Preto vyzeraj\u00fa kr\u00e1sne aj po dlhom \u010dase vonku.<\/p>\n<ul>\n<li>Tak\u00e9to k\u00fasky dodaj\u00fa verande originalitu, stan\u00fa sa stredobodom a v\u00fdzdobu pod\u010diarknu,<\/li>\n<li>leskl\u00fd povrch kovu odr\u00e1\u017ea svetlo a vytvor\u00ed zauj\u00edmav\u00e9 efekty,<\/li>\n<li>v ponuke n\u00e1jde\u0161 \u0161t\u00fdly od abstraktn\u00fdch tvarov a\u017e po mot\u00edvy z pr\u00edrody, \u013eahko si teda vyberie\u0161 pod\u013ea seba.<\/li>\n<\/ul>\n<p>Okrem kr\u00e1sneho vzh\u013eadu <strong>kovov\u00e9 dekor\u00e1cie zvy\u0161uj\u00fa hodnotu exteri\u00e9ru<\/strong>, preto\u017ee sa \u013eahko kombinuj\u00fa s \u010fal\u0161\u00edmi ozdobami nez\u00e1visle od \u0161t\u00fdlu. \u010ci m\u00e1\u0161 rad\u0161ej rustik\u00e1lny alebo modern\u00fd dizajn, v\u017edy zapasuj\u00fa.<\/p>\n<p>Celkovo tieto k\u00fasky sp\u00e1jaj\u00fa praktickos\u0165 s tvorivos\u0165ou a premenia verandu na origin\u00e1lne miesto, odoln\u00e9 aj vo\u010di vetru a da\u017e\u010fu.<\/p>\n<\/details><details class=\"g-accordion \"><summary><h3>Ako si vybra\u0165 origin\u00e1lne steny na verandu?<\/h3><\/summary>\n<p>Vybra\u0165 si jedine\u010dn\u00e9 dekor\u00e1cie na steny znamen\u00e1 myslie\u0165 na nieko\u013eko d\u00f4le\u017eit\u00fdch vec\u00ed. Vych\u00e1dzaj z vlastn\u00e9ho vkusu a \u0161t\u00fdlu svojho domova. <strong>Vlastnoru\u010dne vyroben\u00e9 alebo personalizovan\u00e9 k\u00fasky dodaj\u00fa priestoru jedine\u010dn\u00fd dotyk<\/strong> a veranda bude len tvoja. Ak chce\u0161, aby nie\u010do vyniklo, sk\u00fas ve\u013ek\u00e9 predmety \u2013 napr\u00edklad nadrozmern\u00e9 hodiny.<\/p>\n<p>Pri v\u00fdbere h\u013ea\u010f na to, \u010di dekor\u00e1cie ladia s ostatn\u00fdmi prvkami na verande. Mala by zapadn\u00fa\u0165 farebne a materi\u00e1lovo, aby v\u0161etko spolu fungovalo. A v\u017edy mysl\u00ed na <strong>odoln\u00e9 materi\u00e1ly<\/strong>, aby dekor\u00e1cia zostala pekn\u00e1 aj po da\u017edi a slnku.<\/p>\n<ul>\n<li>sk\u00fas r\u00f4zne \u0161t\u00fdly aj povrchy \u2013 ako kov a drevo,<\/li>\n<li>dod\u00e1\u0161 priestoru h\u013abku a charakter,<\/li>\n<li>pestr\u00e1 kombin\u00e1cia ve\u013ekost\u00ed a tvarov vnesie hravos\u0165.<\/li>\n<\/ul>\n<p>Ak vyberie\u0161 dekor\u00e1cie poctivo a pod\u013ea vlastn\u00e9ho vkusu aj potrieb, veranda sa zmen\u00ed na origin\u00e1lny priestor domu. <strong>Vyjadri tak svoju osobnos\u0165 a nemus\u00ed\u0161 sa b\u00e1\u0165 ani zl\u00e9ho po\u010dasia!<\/strong><\/p>\n<\/details><details class=\"g-accordion \"><summary><h3>Ak\u00e9 s\u00fa v\u00fdhody personalizovan\u00fdch kovov\u00fdch tab\u00fa\u013e?<\/h3><\/summary>\n<p>Personalizovan\u00e9 kovov\u00e9 tabule ti skr\u00e1\u0161lia verandu origin\u00e1lnym a pr\u00edvetiv\u00fdm sp\u00f4sobom. Okrem toho, \u017ee s\u00fa pekn\u00e9, s\u00fa aj praktick\u00e9 \u2013 vie\u0161 na ne da\u0165 \u010d\u00edslo domu \u010di meno.<\/p>\n<p>Vydr\u017eia hor\u00fa\u010davy, d\u00e1\u017e\u010f a mr\u00e1z, preto\u017ee s\u00fa <strong>trv\u00e1cne<\/strong> a <strong>odoln\u00e9 vo\u010di po\u010dasiu<\/strong>. S\u00fa v mnoh\u00fdch \u0161t\u00fdloch a povrchov\u00fdch \u00faprav\u00e1ch, od rustik\u00e1lnych po modern\u00e9, vyberie si ka\u017ed\u00fd.<\/p>\n<p>S takouto tabu\u013eou pred domom veranda hne\u010f z\u00edska na atraktivite a osobitosti. Ak h\u013ead\u00e1\u0161 <strong>\u0161t\u00fdl<\/strong> aj <strong>praktickos\u0165<\/strong> v jednom, personalizovan\u00e9 kovov\u00e9 tabule s\u00fa v\u00fdborn\u00e1 vo\u013eba.<\/p>\n<\/details><details class=\"g-accordion \"><summary><h3>Ako vytvori\u0165 vlastn\u00e9 dekor\u00e1cie na stenu verandy?<\/h3><\/summary>\n<p>Navrhn\u00fa\u0165 si dekor\u00e1cie na mieru je v\u00fdborn\u00fd sp\u00f4sob, ako uk\u00e1za\u0165 svoj \u0161t\u00fdl a spr\u00edjemni\u0165 si priestor pri dome. Sk\u00fas DIY projekty pod\u013ea toho, \u010do sa ti p\u00e1\u010di. Pou\u017ei <strong>recyklovan\u00e9 materi\u00e1ly<\/strong> \u2013 napr\u00edklad star\u00e9 drevo alebo kov \u2013 a vyrob k\u00fasky, ktor\u00e9 s\u00fa ekologick\u00e9 aj jedine\u010dn\u00e9. M\u00f4\u017ee\u0161 doplni\u0165 inici\u00e1ly rodiny \u010di ob\u013e\u00faben\u00e9 cit\u00e1ty a doda\u0165 dekor\u00e1cii osobn\u00e9 \u010daro.<\/p>\n<p>Na dlh\u00fa \u017eivotnos\u0165 pou\u017ei <strong>odoln\u00e9 farby alebo ochrann\u00e9 laky<\/strong>. Neboj sa sk\u00fa\u0161a\u0165 aj text\u00fary \u010di odtiene \u2013 ozdoby tak z\u00edskaj\u00fa h\u013abku a zauj\u00edmavos\u0165. Dobre posl\u00fa\u017ei o\u0161etren\u00e9 drevo, kov alebo pevn\u00e9 l\u00e1tky odoln\u00e9 vo\u010di po\u010dasiu.<\/p>\n<p><strong>Origin\u00e1lne prvky nielen zv\u00fd\u0161ia atrakt\u00edvnos\u0165 verandy, ale aj dodaj\u00fa miestu osobitos\u0165.<\/strong> \u010ci u\u017e vyrob\u00ed\u0161 vlastn\u00fa tabu\u013eu alebo posklad\u00e1\u0161 gal\u00e9riu obr\u00e1zkov, ka\u017ed\u00fd k\u00fasok by mal zapadn\u00fa\u0165 k zvy\u0161ku. Spojen\u00edm vlastnej v\u00fdroby a osobn\u00fdch detailov vytvor\u00ed\u0161 n\u00e1dhern\u00fa a praktick\u00fa v\u00fdzdobu pod\u013ea seba.<\/p>\n<\/details><details class=\"g-accordion \"><summary><h3>Ak\u00e9 s\u00fa v\u00fdhody ve\u013ek\u00fdch n\u00e1stenn\u00fdch hod\u00edn?<\/h3><\/summary>\n<p>Nadrozmern\u00e9 hodiny maj\u00fa na verande dve v\u00fdhody naraz \u2013 ukazuj\u00fa presn\u00fd \u010das a z\u00e1rove\u0148 p\u00f4sobia v\u00fdrazne ako dekor\u00e1cia. Pre svoju ve\u013ekos\u0165 pri\u0165ahuj\u00fa pozornos\u0165 a cel\u00fa verandu o\u017eivia. <strong>Ve\u013ek\u00fd cifern\u00edk<\/strong> je vidite\u013en\u00fd z dia\u013eky, tak\u017ee \u010das \u013eahko zist\u00ed\u0161, aj ke\u010f si vonku. Tak\u00e9to hodiny ladia s rustik\u00e1lnym aj modern\u00fdm \u0161t\u00fdlom a dodaj\u00fa priestoru osobitos\u0165. Ak zvol\u00ed\u0161 <strong>odoln\u00e9 materi\u00e1ly<\/strong>, nehroz\u00ed im ani d\u00e1\u017e\u010f, ani slnko a st\u00e1le zostan\u00fa kr\u00e1sne.<\/p>\n<\/details><details class=\"g-accordion \"><summary><h3>Ak\u00e9 s\u00fa v\u00fdhody n\u00e1stenn\u00fdch pol\u00edc vo v\u00fdzdobe verandy?<\/h3><\/summary>\n<p>N\u00e1stenn\u00e9 police s\u00fa skvel\u00fd sp\u00f4sob, ako zladi\u0165 na verande praktickos\u0165 a \u0161t\u00fdl. Pon\u00fakaj\u00fa miesto na:<\/p>\n<ul>\n<li>uk\u00e1zanie dekor\u00e1ci\u00ed,<\/li>\n<li>rastliny,<\/li>\n<li>osobn\u00e9 poklady.<\/li>\n<\/ul>\n<p>Dobr\u00fdm rozmiestnen\u00edm predmetov vytvor\u00ed\u0161 zauj\u00edmav\u00e9 miesta, ktor\u00e9 up\u00fataj\u00fa na prv\u00fd poh\u013ead a vd\u00fdchnu verande \u017eivot. Navy\u0161e <strong>police s\u00fa ide\u00e1lne na sez\u00f3nnu v\u00fdzdobu alebo tematick\u00e9 aran\u017em\u00e1ny, tak\u017ee veranda m\u00f4\u017ee vyzera\u0165 st\u00e1le inak po\u010das cel\u00e9ho roka.<\/strong> V\u010faka nim bude\u0161 ma\u0165 verandu upratan\u00fa a \u00fatuln\u00fa.<\/p>\n<\/details><details class=\"g-accordion \"><summary><h3>Ako vyu\u017ei\u0165 zrkadl\u00e1 pri v\u00fdzdobe stien verandy?<\/h3><\/summary>\n<p>Zrkadl\u00e1 v\u00fdborne rozjasnia a opticky zv\u00e4\u010d\u0161ia aj men\u0161iu verandu. Odraz svetla presvetl\u00ed priestor a vytvor\u00ed pr\u00edjemn\u00fa atmosf\u00e9ru. Ak zrkadlo spr\u00e1vne umiestni\u0161, aj \u00fazka veranda bude p\u00f4sobi\u0165 otvorenej\u0161ie a poz\u00fdvavej\u0161ie. Vyberaj <strong>odoln\u00e9 r\u00e1my vhodn\u00e9 do exteri\u00e9ru<\/strong>, aby zrkadl\u00e1 vydr\u017eali aj vonku. Zrkadlo dok\u00e1\u017ee kr\u00e1sne zachyti\u0165 odrazy rastl\u00edn alebo in\u00fdch dekor\u00e1ci\u00ed a <strong>prida\u0165 priestoru h\u013abku bez toho, aby p\u00f4sobil zapratane.<\/strong><\/p>\n<\/details><details class=\"g-accordion \"><summary><h3>Ako pou\u017ei\u0165 obrazy na pl\u00e1tne na verande?<\/h3><\/summary>\n<p>Obrazy na pl\u00e1tne prines\u00fa na verandu farby aj \u0161t\u00fdl. Aby vydr\u017eali, vyber <strong>odoln\u00e9 pl\u00e1tno ur\u010den\u00e9 na vonkaj\u0161ie pou\u017eitie<\/strong> alebo ich daj pod strechu, kde bud\u00fa chr\u00e1nen\u00e9. Tak si zachovaj\u00fa svoju pestros\u0165 dlh\u00fd \u010das. Pl\u00e1tna sa stan\u00fa v\u00fdraznou s\u00fa\u010das\u0165ou priestoru a m\u00f4\u017eu vystihn\u00fa\u0165 tvoj vkus, \u010di m\u00e1\u0161 rad\u0161ej rustik\u00e1lne, alebo modern\u00e9 prevedenie. Ak ich dobre rozmiestni\u0161, veranda bude <strong>pr\u00edvetiv\u00e1 a zladen\u00e1 s ostatnou v\u00fdzdobou.<\/strong><\/p>\n<\/details><details class=\"g-accordion \"><summary><h3>\u010co s\u00fa dreven\u00e9 tabule a ako ich vyu\u017ei\u0165 vo v\u00fdzdobe verandy?<\/h3><\/summary>\n<p>Dreven\u00e9 tabule dodaj\u00fa verande \u0161arm i praktickos\u0165. M\u00f4\u017eu sl\u00fa\u017ei\u0165 ako priv\u00edtanie pri dver\u00e1ch \u010di smerov\u00e9 cedule, v\u017edy v\u0161ak prines\u00fa osobn\u00fd dotyk. Skvelo sa hodia na rustik\u00e1lne alebo vidiecky laden\u00e9 verandy. Ak si ich d\u00e1\u0161 vyrobi\u0165 z <strong>odoln\u00e9ho dreva<\/strong>, neubl\u00ed\u017ei im ani d\u00e1\u017e\u010f \u010di vietor a zostan\u00fa dlho pekn\u00e9.<\/p>\n<p>Pre ka\u017ed\u00e9ho, kto chce dom o\u017eivi\u0165 po svojom, d\u00e1vaj\u00fa <strong>nekone\u010dn\u00e9 mo\u017enosti<\/strong> \u2013 od mena rodiny, cez cit\u00e1ty a\u017e po sez\u00f3nne n\u00e1pisy. V\u010faka nim bude tvoja veranda naozaj v\u00edtan\u00e1. Ak dreven\u00fa tabu\u013eu spoj\u00ed\u0161 s kovovou dekor\u00e1ciou alebo so zele\u0148ou, v\u00fdsledn\u00fd efekt bude e\u0161te hodnotnej\u0161\u00ed a v\u00fdstava zladenej\u0161\u00ed.<\/p>\n<\/details> <details class=\"g-accordion \"><summary><h3>\u010co s\u00fa vintage prvky na dekor\u00e1ciu steny verandy?<\/h3><\/summary>  <\/p>\n<p>Ak do stien svojej verandy zakomponuje\u0161 vintage prvky, dok\u00e1\u017ee\u0161 jej prida\u0165 osobit\u00fd \u0161arm a charakter. <strong>Starod\u00e1vne n\u00e1pisy<\/strong> s\u00fa ve\u013emi ob\u013e\u00faben\u00e9 \u2013 prin\u00e1\u0161aj\u00fa nostalgiu aj k\u00fasok hist\u00f3rie. Ich o\u0161\u00fachan\u00fd povrch a v\u00fdrazn\u00e9 p\u00edsmo skvele dop\u013a\u0148aj\u00fa rustik\u00e1lny alebo farm\u00e1rsky \u0161t\u00fdl.<\/p>\n<ul>\n<li>sk\u00fas prida\u0165 napr\u00edklad staro\u017eitn\u00fd n\u00e1bytok, ako s\u00fa kovan\u00e9 lavice alebo star\u00e9 dreven\u00e9 stoli\u010dky,<\/li>\n<li>umiestni tieto k\u00fasky premyslene, aby tvoja veranda p\u00f4sobila pr\u00edjemne a z\u00e1rove\u0148 mala klasick\u00fa eleganciu,<\/li>\n<li>retro obrazy na sten\u00e1ch s\u00fa \u010fal\u0161\u00edm skvel\u00fdm sp\u00f4sobom, ako vnies\u0165 do priestoru vintage atmosf\u00e9ru.<\/li>\n<\/ul>\n<p>Vyberaj si obrazy, ktor\u00e9 svojim farebn\u00fdm laden\u00edm, n\u00e1metom alebo \u0161t\u00fdlom pripom\u00ednaj\u00fa minul\u00e9 \u010dasy \u2013 v\u010faka tomu v\u0161etky dekor\u00e1cie na verande pekne prepoj\u00ed\u0161.<\/p>\n<p>Ak si tieto vintage prvky vyberie\u0161 rozumne a vhodne ich usporiada\u0161, veranda sa zmen\u00ed na \u00fatuln\u00e9 miesto, kde sa stret\u00e1va nostalgia s modern\u00fdm \u0161t\u00fdlom.<\/p>\n<\/details>\n<details class=\"g-accordion \"><summary><h3>Ako dosiahnu\u0165 rustik\u00e1lny vzh\u013ead verandy pomocou obrazov na stene?<\/h3><\/summary>  <\/p>\n<p>Preme\u0148 svoju verandu na pr\u00edjemn\u00e9 rustik\u00e1lne miesto pomocou stenn\u00fdch dekor\u00e1ci\u00ed z pr\u00edrodn\u00fdch materi\u00e1lov, v zemit\u00fdch farb\u00e1ch a s mot\u00edvmi in\u0161pirovan\u00fdmi vidiekom. Za\u010dni t\u00fdm, \u017ee si vyberie\u0161 k\u00fasky z <strong>drevena alebo kovu<\/strong> \u2013 tieto materi\u00e1ly p\u00f4sobia prirodzene a dotv\u00e1raj\u00fa atmosf\u00e9ru priestoru. Farby ako hned\u00e1, zelen\u00e1 \u010di hrdzav\u00e1 vytv\u00e1raj\u00fa pocit \u00fatulnosti.<\/p>\n<ul>\n<li>m\u00f4\u017ee\u0161 pou\u017ei\u0165 dreven\u00e9 cedule s jednoduch\u00fdm n\u00e1pisom alebo mot\u00edvom pr\u00edrody, ktor\u00e9 podporia vidiecky dojem,<\/li>\n<li>exteri\u00e9rov\u00e9 kovov\u00e9 umeleck\u00e9 k\u00fasky s mot\u00edvom listov \u010di zvierat dodaj\u00fa charakter a z\u00e1rove\u0148 vydr\u017eia r\u00f4zne po\u010dasie,<\/li>\n<li>na dotvorenie text\u00far pou\u017ei l\u00e1tky s pr\u00edrodn\u00fdm vzorom alebo v pr\u00edrodn\u00fdch farb\u00e1ch na zavesenie na stenu,<\/li>\n<li>vrstvi\u0165 m\u00f4\u017ee\u0161 napr\u00edklad pl\u00e1tno alebo jutov\u00e9 dekor\u00e1cie \u2013 pridaj\u00fa h\u013abku, ale priestor zbyto\u010dne nezahltia,<\/li>\n<li>v\u010faka citliv\u00e9mu prepojeniu t\u00fdchto prvkov vytvor\u00ed\u0161 verandu pln\u00fa vidieckeho \u0161armu, ktor\u00e1 bude st\u00e1le funk\u010dn\u00e1 a pr\u00edjemn\u00e1 na poh\u013ead.<\/li>\n<\/ul>\n<\/details>\n<details class=\"g-accordion \"><summary><h3>Ak\u00e9 s\u00fa tipy na verandu vo farm\u00e1rskom \u0161t\u00fdle?<\/h3><\/summary>  <\/p>\n<p>Ak chce\u0161 ma\u0165 verandu v \u0161t\u00fdle farmy, za\u010dni pou\u017eit\u00edm neutr\u00e1lnych odtie\u0148ov, ako s\u00fa <strong>biela<\/strong>, <strong>siv\u00e1<\/strong> a <strong>b\u00e9\u017eov\u00e1<\/strong>. Tieto farby vytvoria pokojn\u00e9 pozadie, ktor\u00e9 farm\u00e1rskym doplnkom ve\u013emi pristane. Osobit\u00fd p\u00f4vab dodaj\u00fa star\u00e9 dreven\u00e9 n\u00e1pisy alebo lucerny, ktor\u00e9 pripomen\u00fa minul\u00e9 \u010dasy.<\/p>\n<p>Pohodln\u00e9 sedenie je z\u00e1klad pohostinnej verandy. Pridaj napr\u00edklad hojdacie stoli\u010dky alebo star\u0161iu dreven\u00fa lavicu a dopl\u0148 ich m\u00e4kk\u00fdmi vank\u00fa\u0161ikmi s jednoduch\u00fdm vzorom, aby si zachoval typick\u00fa pohodu farm\u00e1rskeho \u0161t\u00fdlu.<\/p>\n<ul>\n<li>pou\u017eitie pr\u00edrodn\u00fdch materi\u00e1lov, napr\u00edklad dreva \u010di kovu, e\u0161te viac zv\u00fdrazn\u00ed t\u00e9mu,<\/li>\n<li>pozinkovan\u00e9 kvetin\u00e1\u010de s\u00fa v\u00fdborn\u00e9 na bohat\u00fa zele\u0148 alebo sez\u00f3nne kvety,<\/li>\n<li>dodaj\u00fa tvojej verande kr\u00e1su i svie\u017eos\u0165.<\/li>\n<\/ul>\n<p><strong>Nezab\u00fadaj, \u017ee menej je viac \u2013 vyhni sa zbyto\u010dn\u00e9mu mno\u017estvu dekor\u00e1ci\u00ed.<\/strong> S\u00fastre\u010f sa len na nieko\u013eko v\u00fdrazn\u00fdch k\u00faskov, ktor\u00e9 najlep\u0161ie vystihn\u00fa farm\u00e1rsky \u0161t\u00fdl a z\u00e1rove\u0148 nechaj\u00fa verandu p\u00f4sobi\u0165 \u00fatulne i prakticky.<\/p>\n<\/details>\n<details class=\"g-accordion \"><summary><h3>Ako zakomponova\u0165 farm\u00e1rske osvetlenie do verandy?<\/h3><\/summary>  <\/p>\n<p>V\u010faka <strong>farm\u00e1rskemu osvetleniu<\/strong> m\u00f4\u017ee tvoja veranda p\u00f4sobi\u0165 \u00fatulnej\u0161ie a pr\u00edjemnej\u0161ie. Najsk\u00f4r vyber svetl\u00e1 s tepl\u00fdm svetlom, napr\u00edklad pr\u00faten\u00e9 z\u00e1vesn\u00e9 lampy alebo sveteln\u00e9 re\u0165aze. Nie len\u017ee navodia pr\u00edjemn\u00fa atmosf\u00e9ru, ale s\u00fa aj praktick\u00e9 \u2013 ide\u00e1lne na letn\u00e9 ve\u010dery.<\/p>\n<p>Vhodn\u00e9 s\u00fa aj lucerny s <strong>Edison \u017eiarovkami<\/strong> \u2013 ich jemn\u00e9 svetlo zv\u00fdrazn\u00ed farm\u00e1rsky \u0161t\u00fdl. Umiestni svetl\u00e1 tak, aby zv\u00fdraznili miesta na sedenie alebo dekor\u00e1cie na stene.<\/p>\n<p>Pre e\u0161te v\u00e4\u010d\u0161\u00ed efekt pou\u017ei n\u00e1stenn\u00e9 svietidl\u00e1 vo farme \u0161t\u00fdle. H\u013eadaj k\u00fasky z dreva alebo kovu, ktor\u00e9 prines\u00fa do priestoru text\u00faru aj trv\u00e1cnos\u0165.<\/p>\n<p><strong>Ak v\u0161etky tieto svietidl\u00e1 dobre skombinuje\u0161, veranda sa stane l\u00e1kav\u00fdm miestom na oddych i posedenie s hos\u0165ami.<\/strong><\/p>\n<\/details>\n<details class=\"g-accordion \"><summary><h3>Ako \u00fa\u010dinne vyu\u017ei\u0165 dekor\u00e1cie na sten\u00e1ch verandy?<\/h3><\/summary>  <\/p>\n<p>Ak chce\u0161, aby tvoja veranda p\u00f4sobila jednotne a \u00fatulne, pou\u017ei na stene viacero materi\u00e1lov, napr\u00edklad <strong>drevo<\/strong>, <strong>kov<\/strong> \u010di <strong>textil<\/strong>. Prines\u00fa r\u00f4znorod\u00e9 text\u00fary a h\u013abku. Kombinuj r\u00f4zne ve\u013ekosti i \u0161t\u00fdly, aby v\u0161etko spolu ladilo.<\/p>\n<p>Zoh\u013eadni t\u00e9mu svojej verandy pri v\u00fdbere dekor\u00e1ci\u00ed. Ak uprednost\u0148uje\u0161 <strong>rustik\u00e1lny vzh\u013ead<\/strong>, dreven\u00e9 n\u00e1pisy s kovov\u00fdmi detailmi s\u00fa ide\u00e1lnou vo\u013ebou. D\u00f4le\u017eit\u00e9 je, aby farby ladili so zvy\u0161kom priestoru.<\/p>\n<p><strong>V\u00e4\u010d\u0161ie k\u00fasky<\/strong> m\u00f4\u017eu sl\u00fa\u017ei\u0165 ako v\u00fdrazn\u00e9 prvky, na ktor\u00e9 sa up\u00fata pozornos\u0165. Men\u0161ie dekor\u00e1cie zase rozmiestni okolo nich \u2013 zv\u00fdrazn\u00ed\u0161 tak jednotliv\u00e9 detaily, ale nevytvor\u00ed\u0161 zbyto\u010dn\u00fd neporiadok.<\/p>\n<p>Ak bude\u0161 dekor\u00e1cie vybera\u0165 a ve\u0161a\u0165 premyslene, veranda z\u00edska osobit\u00fa atmosf\u00e9ru zodpovedaj\u00facu tvojmu vkusu i potreb\u00e1m.<\/p>\n<\/details>\n<details class=\"g-accordion \"><summary><h3>Ako ovplyv\u0148uj\u00fa t\u00f3novan\u00e9 farby dekor verandy?<\/h3><\/summary>  <\/p>\n<p><strong>T\u00f3novan\u00e9 farby na stenu<\/strong> s\u00fa d\u00f4le\u017eit\u00e9, ak chce\u0161, aby tvoja veranda p\u00f4sobila pokojne a jednotne. Tak\u00e9to farby dobre ladia s n\u00e1bytkom a dekor\u00e1ciami, \u010d\u00edm skr\u00e1\u0161lia cel\u00fd priestor. <strong>Jemn\u00e9 odtiene prin\u00e1\u0161aj\u00fa oddychov\u00fa atmosf\u00e9ru a z\u00e1rove\u0148 vytv\u00e1raj\u00fa skvel\u00e9 pozadie<\/strong> pre r\u00f4zne druhy dekor\u00e1ci\u00ed. Tieto farby navy\u0161e prirodzene sp\u00e1jaj\u00fa v\u0161etky \u010dasti verandy a harmonizuj\u00fa s exteri\u00e9rom domu. Ak si farby vyberie\u0161 s rozumom, veranda bude p\u00f4sobi\u0165 <strong>elegantne a pokojne<\/strong>.<\/p>\n<\/details>\n<details class=\"g-accordion \"><summary><h3>Ako vyzdobi\u0165 verandu v minimalistickom duchu?<\/h3><\/summary>  <\/p>\n<p><strong>Minimalistick\u00e1 veranda<\/strong> znamen\u00e1 jednoduchos\u0165 a praktickos\u0165. Vyber si iba nieko\u013eko k\u013e\u00fa\u010dov\u00fdch k\u00faskov, ktor\u00e9 s\u00fa pekn\u00e9 aj funk\u010dn\u00e9. Pou\u017ei neutr\u00e1lnu farebn\u00fa paletu \u2013 <strong>bielu<\/strong>, <strong>siv\u00fa<\/strong> alebo <strong>b\u00e9\u017eov\u00fa<\/strong> \u2013 v\u010faka nim bude veranda p\u00f4sobi\u0165 pokojne a \u013eahko ich zlad\u00ed\u0161 s r\u00f4znymi \u0161t\u00fdlmi.<\/p>\n<ul>\n<li>vyber si n\u00e1bytok a doplnky, ktor\u00e9 maj\u00fa viac vyu\u017eit\u00ed,<\/li>\n<li>lavica so zabudovan\u00fdm \u00falo\u017en\u00fdm priestorom u\u0161etr\u00ed miesto a pom\u00f4\u017ee s poriadkom,<\/li>\n<li>ned\u00e1vaj pr\u00edli\u0161 ve\u013ea vec\u00ed, aby ka\u017ed\u00fd k\u00fasok mohol vynikn\u00fa\u0165.<\/li>\n<\/ul>\n<p>Pr\u00edrodn\u00e9 materi\u00e1ly, ako drevo alebo kov, pridaj\u00fa jemn\u00fa text\u00faru bez zbyto\u010dn\u00e9ho zahltenia. Skromn\u00fd dreven\u00fd n\u00e1pis alebo jednoduch\u00e1 kovov\u00e1 dekor\u00e1cia dok\u00e1\u017ee ozvl\u00e1\u0161tni\u0165 celkov\u00fd dizajn a z\u00e1rove\u0148 zachova\u0165 minimalistick\u00fa atmosf\u00e9ru.<\/p>\n<ul>\n<li>rastliny pou\u017e\u00edvaj striedmo, len na jemn\u00e9 o\u017eivenie,<\/li>\n<li>vyber nen\u00e1ro\u010dn\u00e9 druhy do men\u0161\u00edch kvetin\u00e1\u010dov alebo z\u00e1vesn\u00fdch n\u00e1dob,<\/li>\n<li>dbaj na to, aby v\u0161etko zostalo upratan\u00e9.<\/li>\n<\/ul>\n<p>Osvetlenie by malo by\u0165 jemn\u00e9, no dostato\u010dn\u00e9. Sk\u00fas <strong>jemn\u00e9 sveteln\u00e9 re\u0165aze<\/strong> alebo nen\u00e1padn\u00e9 n\u00e1stenn\u00e9 svietidl\u00e1, ktor\u00e9 priestor pr\u00edjemne roz\u017eiaria.<\/p>\n<p>Ak bude\u0161 myslie\u0165 na tieto z\u00e1sady, vytvor\u00ed\u0161 elegantn\u00fa, \u00fatuln\u00fa a funk\u010dn\u00fa minimalistick\u00fa verandu \u2013 ide\u00e1lne miesto na relax pod hol\u00fdm nebom.<\/p>\n<\/details>\n<details class=\"g-accordion \"><summary><h3>Ako pou\u017ei\u0165 v\u00fdrazn\u00e9 farebn\u00e9 akcenty na verande?<\/h3><\/summary>  <\/p>\n<p>\u017div\u00e9 farby m\u00f4\u017eu tvoju verandu okam\u017eite o\u017eivi\u0165 a doda\u0165 jej energiu. Za\u010dni pestr\u00fdmi vank\u00fa\u0161mi, n\u00e1padn\u00fdm obrazom alebo farebn\u00fdm kvetin\u00e1\u010dom ako dominantou priestoru. Tak\u00e9to prvky prirodzene pritiahnu zrak a vytvoria vesel\u00fa atmosf\u00e9ru.<\/p>\n<p>Pre zachovanie rovnov\u00e1hy ich dopl\u0148 neutr\u00e1lnymi t\u00f3nmi. Pr\u00e1ve kontrast umo\u017en\u00ed, aby jasn\u00e9 farby vynikli bez zbyto\u010dn\u00e9ho kriku.<\/p>\n<p>Sk\u00fa\u0161aj kombinova\u0165 r\u00f4zne odtiene, aby si zv\u00fdraznil ur\u010dit\u00e9 miesta na verande \u2013 napr\u00edklad zauj\u00edmav\u00fd kvetin\u00e1\u010d zvidite\u013en\u00ed konkr\u00e9tne miesto, k\u00fdm v\u00fdrazn\u00fd obraz roz\u017eiari cel\u00fa stenu.<\/p>\n<p>Vyberaj <strong>odoln\u00e9 materi\u00e1ly<\/strong>, ktor\u00e9 vydr\u017eia vonku a nestratia svoju farebnos\u0165. Ak pou\u017eije\u0161 smerom dizajn premyslene, veranda dostane nov\u00fd, vesel\u00fd vzh\u013ead, ktor\u00fd bude ladi\u0165 s tvoj\u00edm vkusom aj okol\u00edm domu.<\/p>\n<\/details>\n<details class=\"g-accordion \"><summary><h3>Ak\u00e9 kontrastn\u00e9 farby sa hodia na steny verandy?<\/h3><\/summary>  <\/p>\n<p>Kontrastn\u00e9 farby dok\u00e1\u017eu steny na verande kr\u00e1sne o\u017eivi\u0165 \u2013 vytvoria zauj\u00edmav\u00fd vizu\u00e1lny efekt a zv\u00fdraznia ur\u010dit\u00e9 dekor\u00e1cie. Ak skombinuje\u0161 doplnkov\u00e9 farby, napr\u00edklad <strong>modr\u00fa s oran\u017eovou<\/strong>, <strong>\u010derven\u00fa so zelenou<\/strong> alebo <strong>\u017elt\u00fa s fialovou<\/strong>, obraz na stene ihne\u010f zaujme.<\/p>\n<p>Ak m\u00e1\u0161 steny verandy v studen\u00fdch farb\u00e1ch (modr\u00e1, zelen\u00e1), zvo\u013e dekor\u00e1cie v tepl\u00fdch odtie\u0148och (oran\u017eov\u00e1, \u010derven\u00e1) \u2013 vytvor\u00ed\u0161 tak zauj\u00edmav\u00fd kontrast. Tento trik zv\u00fdrazn\u00ed nielen obrazy, ale aj h\u013abku priestoru. Nezab\u00fadaj na vyv\u00e1\u017eenos\u0165; pr\u00edli\u0161 ve\u013ea kontrastov m\u00f4\u017ee by\u0165 ru\u0161iv\u00fdch, preto pri farebn\u00fdch prechodoch vyu\u017e\u00edvaj aj neutr\u00e1lne t\u00f3ny, napr\u00edklad bielu alebo siv\u00fa.<\/p>\n<p><strong>Kontrastn\u00e9 farby dok\u00e1\u017eu na verande oddeli\u0165 niektor\u00e9 z\u00f3ny.<\/strong> Ak napr\u00edklad za seden\u00edm nama\u013euje\u0161 v\u00fdrazn\u00fa stenu, dan\u00fd k\u00fat sa jasne oddel\u00ed od zvy\u0161ku. Tento sp\u00f4sob nielen vylep\u0161\u00ed dizajn, ale aj navod\u00ed do priestoru pekn\u00fd harmonick\u00fd tok.<\/p>\n<\/details>\n<details class=\"g-accordion \"><summary><h3>Ako vybra\u0165 spr\u00e1vne farby a n\u00e1ter na verandu?<\/h3><\/summary>  <\/p>\n<p>Ak chce\u0161 ma\u0165 na verande pr\u00edjemn\u00fa atmosf\u00e9ru, pri v\u00fdbere farieb a n\u00e1teru mysli na viacero vec\u00ed. Zamysli sa, v akom \u0161t\u00fdle je tvoj domov.<\/p>\n<ul>\n<li>tradi\u010dn\u00fd dom pod\u010diarknu klasick\u00e9 farby ako biela, b\u00e9\u017eov\u00e1 \u010di jemn\u00e1 siv\u00e1,<\/li>\n<li>v\u00fdrazn\u00e9 odtiene pristane modern\u00e9mu domu \u2013 dodaj\u00fa mu eleganciu.<\/li>\n<\/ul>\n<p>Pri v\u00fdbere farby mysl\u00ed aj na okolie.<\/p>\n<ul>\n<li>zemit\u00e9 farby pekne ladia s pr\u00edrodou,<\/li>\n<li>\u017eiv\u00e9 farby vynikn\u00fa v meste.<\/li>\n<\/ul>\n<p>Z\u00e1le\u017e\u00ed tie\u017e na tom, ak\u00fa n\u00e1ladu chce\u0161 na verande vyvola\u0165;<\/p>\n<ul>\n<li>tepl\u00e9 \u017elt\u00e9 alebo \u010derven\u00e9 p\u00f4sobia veselo a pohostinne,<\/li>\n<li>modr\u00e1 a zelen\u00e1 upokoja.<\/li>\n<\/ul>\n<p>Pri n\u00e1tere si vyber <strong>odoln\u00fa farbu<\/strong>, ktor\u00e1 vydr\u017e\u00ed meniace sa po\u010dasie a ostane pekn\u00e1 dlho.<\/p>\n<p>Zhrnut\u00e9: zla\u010f farby na verande so \u0161t\u00fdlom domu a okol\u00edm a zamysli sa nad t\u00fdm, ak\u00fd pocit m\u00e1 miesto navodi\u0165. <strong>Tento pr\u00edstup \u0165a privedie k vo\u013ebe farieb, ktor\u00e9 skr\u00e1\u0161lia, ochr\u00e1nia a vylep\u0161ia tvoj vonkaj\u0161\u00ed priestor.<\/strong><\/p>\n<\/details>\n<details class=\"g-accordion \"><summary><h3>Ak\u00e9 s\u00fa tipy na prefarbenie vchodov\u00fdch dver\u00ed?<\/h3><\/summary>  <\/p>\n<p><strong>Natrie\u0165 vchodov\u00e9 dvere<\/strong> je r\u00fdchly sp\u00f4sob, ako vylep\u0161i\u0165 vzh\u013ead svojho domu. Najprv vyber <strong>farbu odoln\u00fa vo\u010di po\u010dasiu<\/strong> a zla\u010f odtie\u0148 s verandou a \u0161t\u00fdlom domu \u2013 pokojne aj v\u00fdraznej\u0161\u00ed, ak m\u00e1\u0161 r\u00e1d odv\u00e1\u017ene prvky, alebo neutr\u00e1lny na klasick\u00fd vzh\u013ead.<\/p>\n<p>Ak chce\u0161, aby mali dvere dokonal\u00fd povrch:<\/p>\n<ul>\n<li>najprv odmontuj v\u0161etky k\u013eu\u010dky a kovania,<\/li>\n<li>dvere d\u00f4kladne o\u010disti od ne\u010dist\u00f4t a mastnoty,<\/li>\n<li>\u013eahko ich prebr\u00fas, aby bol povrch hlad\u0161\u00ed,<\/li>\n<li>ak treba, pou\u017ei podkladov\u00fa farbu \u2013 nov\u00fd n\u00e1ter sa tak lep\u0161ie prichyt\u00ed.<\/li>\n<\/ul>\n<p>Pri samotnom ma\u013eovan\u00ed pou\u017ei kvalitn\u00e9 \u0161tetce alebo val\u010deky. <strong>Nan\u00e1\u0161an\u00edm viacer\u00fdch tenk\u00fdch vrstiev<\/strong> namiesto jednej hrubej zabr\u00e1nia\u0161 stekaniu farby a docieli\u0161 hladk\u00fd povrch. Ka\u017ed\u00fa vrstvu nechaj poriadne vyschn\u00fa\u0165 pod\u013ea n\u00e1vodu na obale.<\/p>\n<p>Po d\u00f4kladnom uschnut\u00ed pripevni kovania nasp\u00e4\u0165 a u\u017e\u00edvaj si pekn\u00e9, svie\u017ee dvere. Ak sa bude\u0161 dr\u017ea\u0165 t\u00fdchto tipov, vydr\u017e\u00ed ti nov\u00fd vzh\u013ead dver\u00ed dlho a bude st\u00e1le p\u00f4sobi\u0165 upravene.<\/p>\n<\/details>\n<details class=\"g-accordion \"><summary><h3>Ako vytvori\u0165 \u00fatuln\u00fa predn\u00fa verandu s dekor\u00e1ciou na stene?<\/h3><\/summary>  <\/p>\n<p>\u00datuln\u00fa predn\u00fa verandu s dekor\u00e1ciou na stene vytvor\u00ed\u0161 kombin\u00e1ciou prvkov, ktor\u00e9 vy\u017earuj\u00fa pohodu. Za\u010dni <strong>tepl\u00fdm osvetlen\u00edm<\/strong> \u2013 hodia sa sveteln\u00e9 re\u0165aze alebo lamp\u00e1\u0161e, ktor\u00e9 rozpt\u00fdlia pr\u00edjemn\u00e9 svetlo. Pohodln\u00e9 sedenie je z\u00e1klad \u2013 vyber si hojdacie kresl\u00e1 alebo lavice s m\u00e4kk\u00fdmi vank\u00fa\u0161mi, aby sa n\u00e1v\u0161tevy c\u00edtili v\u00edtan\u00e9. Pridaj vonkaj\u0161ie kober\u010deky a vank\u00fa\u0161e, ktor\u00e9 podporia komfort i \u0161t\u00fdl.<\/p>\n<p>Rastliny prines\u00fa na verandu k\u00fasok pr\u00edrody. Pou\u017ei z\u00e1vesn\u00e9 kvetin\u00e1\u010de alebo vertik\u00e1lnu z\u00e1hradu \u2013 \u0161etria miesto. Vyber <strong>odoln\u00e9 l\u00e1tky<\/strong> na vank\u00fa\u0161e a podsed\u00e1ky, aby zvl\u00e1dli aj nepriazniv\u00e9 po\u010dasie.<\/p>\n<p>Stenn\u00e9 dekor\u00e1cie zohr\u00e1vaj\u00fa ve\u013ek\u00fa \u00falohu pre celkov\u00fd dojem. Personalizovan\u00e9 kovov\u00e9 n\u00e1pisy \u010di dreven\u00e9 dekory dodaj\u00fa origin\u00e1lny \u0161mrnc, zrkadl\u00e1 zase priestor presvetlia a opticky zv\u00e4\u010d\u0161ia.<\/p>\n<p><strong>Ak si v\u0161etky tieto prvky dobre zlad\u00ed\u0161, tvoja predn\u00e1 veranda sa premen\u00ed na pr\u00edjemn\u00e9 \u00fato\u010disko, kde sa bude dobre relaxova\u0165 aj stret\u00e1va\u0165 s priate\u013emi.<\/strong><\/p>\n<\/details>\n<details class=\"g-accordion \"><summary><h3>Ak\u00e9 s\u00fa n\u00e1pady pre mal\u00fa predn\u00fa verandu?<\/h3><\/summary>  <\/p>\n<p>Ak m\u00e1\u0161 mal\u00fa predn\u00fa verandu, sk\u00fas vyu\u017ei\u0165 priestor do v\u00fd\u0161ky a zvo\u013e n\u00e1bytok, ktor\u00fd \u0161etr\u00ed miesto. N\u00e1stenn\u00e9 kvetin\u00e1\u010de alebo vertik\u00e1lne z\u00e1hrady s\u00fa skvel\u00e9 na pridanie zelene bez zaberania zbyto\u010dn\u00e9ho priestoru a e\u0161te zlep\u0161uj\u00fa vzduch v okol\u00ed. Sedenie vo\u013e praktick\u00e9 \u2013 skladacie stoli\u010dky alebo lavice s \u00falo\u017en\u00fdm priestorom ti pom\u00f4\u017eu udr\u017ea\u0165 poriadok.<\/p>\n<ul>\n<li><strong>Zrkadl\u00e1 opticky zv\u00e4\u010d\u0161ia verandu<\/strong>, preto\u017ee odr\u00e1\u017eaj\u00fa svetlo a priestor p\u00f4sob\u00ed v\u00e4\u010d\u0161ie,<\/li>\n<li>v\u00fdrazn\u00e9 farby na vank\u00fa\u0161och alebo drobn\u00fdch dekor\u00e1ci\u00e1ch vyjadria tvoj vkus bez toho, aby vznikol neporiadok,<\/li>\n<li>nezab\u00fadaj na osvetlenie \u2013 sveteln\u00e9 re\u0165aze alebo lamp\u00e1\u0161e vytvoria pr\u00edjemn\u00fa atmosf\u00e9ru,<\/li>\n<li>nezabudni pou\u017ei\u0165 <strong>materi\u00e1ly odoln\u00e9 vo\u010di po\u010dasiu<\/strong>, aby dekor\u00e1cie vydr\u017eali pekn\u00e9 aj funk\u010dn\u00e9 za ka\u017ed\u00e9ho po\u010dasia.<\/li>\n<li>Ak spoj\u00ed\u0161 n\u00e1paditos\u0165 s praktickos\u0165ou, aj mal\u00e1 veranda bude \u00fatuln\u00e1, \u0161t\u00fdlov\u00e1 a presne pod\u013ea tvojho vkusu.<\/li>\n<\/ul>\n<\/details>\n<details class=\"g-accordion \"><summary><h3>Ako vylep\u0161i\u0165 vstupn\u00fd priestor pomocou obrazov na steny verandy?<\/h3><\/summary>  <\/p>\n<p>Ak svoj vstup o\u017eiv\u00ed\u0161 <strong>obrazmi na stene verandy<\/strong>, hne\u010f p\u00f4sob\u00ed \u00fatulnej\u0161ie a v\u00edtaj\u00faco. Vyber si tak\u00e9, ktor\u00e9 vystihuj\u00fa tvoj osobn\u00fd \u0161t\u00fdl aj vzh\u013ead vchodu \u2013 \u010di u\u017e m\u00e1\u0161 r\u00e1d rustik\u00e1lny, modern\u00fd alebo farm\u00e1rsky \u0161t\u00fdl, dizajn obrazov tomu prisp\u00f4sob.<\/p>\n<p><strong>Kovov\u00e9 obrazy na vonkaj\u0161ie pou\u017eitie<\/strong> s\u00fa v\u00fdbornou vo\u013ebou \u2013 s\u00fa odoln\u00e9 a pritom pekn\u00e9. K tomu pridaj <strong>personalizovan\u00e9 kovov\u00e9 n\u00e1pisy<\/strong> \u2013 urob\u00ed\u0161 tak pekn\u00fa uv\u00edtaciu atmosf\u00e9ru hne\u010f pri dver\u00e1ch.<\/p>\n<p>Kombinuj r\u00f4zne \u0161trukt\u00fary a farby, aby vchod p\u00f4sobil zauj\u00edmavo a o\u017eiveno. Sk\u00fas napr\u00edklad pl\u00e1tenn\u00fd obraz so star\u00fdm dreven\u00fdm n\u00e1pisom \u2013 z\u00edsk\u00e1\u0161 pekn\u00fa kombin\u00e1ciu. Zrkadl\u00e1 dobre rozpty\u013euj\u00fa svetlo a opticky zv\u00e4\u010d\u0161ia priestor, tak\u017ee vchod bude p\u00f4sobi\u0165 priestrannej\u0161ie a pr\u00edjemnej\u0161ie.<\/p>\n<p>Ak bude\u0161 obrazy na verande vybera\u0165 s citom a zladi\u0161 ich s cel\u00fdm vstupom, vylep\u0161\u00ed\u0161 jeho vzh\u013ead a ka\u017ed\u00fd hos\u0165 sa bude c\u00edti\u0165 v\u00edtan\u00fd.<\/p>\n<\/details>\n<details class=\"g-accordion \"><summary><h3>Ak\u00e9 s\u00fa n\u00e1pady na steny terasy, ak chce\u0161, aby p\u00f4sobila oddychovo?<\/h3><\/summary>  <\/p>\n<p>Chce\u0161, aby terasa bola skuto\u010dnou o\u00e1zou pokoja? Vyberaj upokojuj\u00face obrazy na steny \u2013 zvo\u013e jemn\u00e9 odtiene a mot\u00edvy z pr\u00edrody, v\u010faka ktor\u00fdm sa bude\u0161 c\u00edti\u0165 uvo\u013enene. Prida\u0165 m\u00f4\u017ee\u0161 aj vodn\u00fd prvok, napr\u00edklad font\u00e1nu, ktor\u00e1 navod\u00ed pr\u00edjemn\u00fd zvuk a podpor\u00ed relax.<\/p>\n<ul>\n<li>obrazy s pr\u00edrodnou tematikou \u2013 krajinky, rastliny alebo botanick\u00e9 mot\u00edvy \u2013 pom\u00e1haj\u00fa navodi\u0165 pohodov\u00fa n\u00e1ladu a dobre ladia s vonkaj\u0161\u00edm priestorom,<\/li>\n<li>vyber odoln\u00e9 materi\u00e1ly, aby ti dekor\u00e1cie vydr\u017eali cel\u00fa sez\u00f3nu kr\u00e1sne,<\/li>\n<li>ak sa bude\u0161 dr\u017ea\u0165 t\u00fdchto tipov, tvoja terasa bude p\u00f4sobi\u0165 elegantne, pokojne a poskytne ti dokonal\u00fd \u00fanik od ka\u017edodenn\u00e9ho zhonu.<\/li>\n<\/ul>\n<\/details>\n","protected":false},"excerpt":{"rendered":"<p>Premeni\u0165 verandu na \u00fatuln\u00e9 a v\u00edtaj\u00face miesto je jednoduch\u0161ie, ako si mo\u017eno mysl\u00ed\u0161 \u2014 sta\u010d\u00ed spr\u00e1vna n\u00e1stenn\u00e1 dekor\u00e1cia. Od rustik\u00e1lnych dreven\u00fdch n\u00e1pisov a\u017e po kovov\u00e9 ozdoby odoln\u00e9 proti po\u010dasiu, mo\u017enost\u00ed, ako si prisp\u00f4sobi\u0165 svoj vonkaj\u0161\u00ed priestor, je naozaj ve\u013ea. Vhodne zvolen\u00e9 prvky dok\u00e1\u017eu \u00faplne zmeni\u0165 vzh\u013ead domu a vytvori\u0165 pr\u00edjemn\u00fa atmosf\u00e9ru pre tvoju rodinu aj host\u00ed. Vyberaj dekor\u00e1cie, ktor\u00e9 uk\u00e1\u017eu&hellip;<\/p>\n","protected":false},"author":14,"featured_media":8124,"comment_status":"closed","ping_status":"closed","sticky":false,"template":"","format":"standard","meta":{"rank_math_focus_keyword":"n\u00e1pady na dekor\u00e1ciu stien na verande","rank_math_title":"Najlep\u0161ie n\u00e1pady na dekor\u00e1ciu stien na verande pre \u00fa\u017easn\u00fd vonkaj\u0161\u00ed priestor","rank_math_description":"Objavte jedine\u010dn\u00e9 n\u00e1pady na v\u00fdzdobu stien verandu a vylep\u0161ite si svoj vonkaj\u0161\u00ed priestor. Preme\u0148te svoju verandu \u0161t\u00fdlov\u00fdmi a krea\u00edvnymi dekor\u00e1ciami.","footnotes":""},"categories":[249],"tags":[],"class_list":["post-8302","post","type-post","status-publish","format-standard","has-post-thumbnail","hentry","category-vonkajsie-dekoracie"],"g_custom_schema_json":"<script type=\"application\/ld+json\">\n{\n  \"@context\": \"https:\/\/schema.org\",\n  \"@type\": \"FAQPage\",\n  \"mainEntity\": [\n    {\n      \"@type\": \"Question\",\n      \"name\": \"Ak\u00e9 s\u00fa kreat\u00edvne n\u00e1pady na dekor\u00e1ciu stien na verande?\",\n      \"acceptedAnswer\": {\n        \"@type\": \"Answer\",\n        \"text\": \"Premeni\u0165 verandu na \u00fatuln\u00e9 miesto zvl\u00e1dne\u0161 \u013eahko s n\u00e1paditou v\u00fdzdobou stien. Sk\u00fas rustik\u00e1lne alebo vidiecke prvky, ktor\u00e9 vyu\u017e\u00edvaj\u00fa pr\u00edrodn\u00e9 materi\u00e1ly a tepl\u00e9, zemit\u00e1 farby na navodenie pohodovej atmosf\u00e9ry. Odoln\u00e9 a vkusn\u00e9 kovov\u00e9 dekor\u00e1cie s\u00fa v\u00fdborn\u00fdm stredobodom pozornosti.\"\n      }\n    },\n    {\n      \"@type\": \"Question\",\n      \"name\": \"Ako m\u00f4\u017ee vonkaj\u0161ia v\u00fdzdoba stien zmeni\u0165 tvoj priestor?\",\n      \"acceptedAnswer\": {\n        \"@type\": \"Answer\",\n        \"text\": \"Vonkaj\u0161ia v\u00fdzdoba stien dok\u00e1\u017ee zmeni\u0165 priestor nielen na poh\u013ead, ale aj po praktickej str\u00e1nke. Ak prid\u00e1\u0161 napr\u00edklad kovov\u00e9 umeleck\u00e9 dekor\u00e1cie \u010di vlastn\u00e9 tabule, predn\u00e1 veranda bude p\u00f4sobi\u0165 nielen \u00fatulne, ale aj atrakt\u00edvnej\u0161ie z ulice. Kombin\u00e1cia r\u00f4znych materi\u00e1lov, text\u00far a farieb dod\u00e1 exteri\u00e9ru h\u013abku.\"\n      }\n    },\n    {\n      \"@type\": \"Question\",\n      \"name\": \"Ak\u00e9 s\u00fa overen\u00e9 tipy na dekor\u00e1cie verandy?\",\n      \"acceptedAnswer\": {\n        \"@type\": \"Answer\",\n        \"text\": \"Z verandy m\u00f4\u017ee\u0161 urobi\u0165 pr\u00edjemn\u00e9 miesto jednoduch\u0161ie, ne\u017e si mysl\u00ed\u0161. Za\u010dni t\u00fdm, \u017ee prid\u00e1\u0161 \u017eiv\u00e9 farby pomocou vank\u00fa\u0161ov, kvetin\u00e1\u010dov alebo obrazov, ktor\u00e9 pritiahnu pozornos\u0165. Rastliny dodaj\u00fa priestoru \u017eivot i text\u00faru a navy\u0161e zlep\u0161ia vzduch na verande.\"\n      }\n    },\n    {\n      \"@type\": \"Question\",\n      \"name\": \"Ako si spr\u00e1vne vybra\u0165 dekor\u00e1ciu na steny vonkaj\u0161ej verandy?\",\n      \"acceptedAnswer\": {\n        \"@type\": \"Answer\",\n        \"text\": \"V\u00fdber dekor\u00e1ci\u00ed na steny vonkaj\u0161ej verandy si vy\u017eaduje trochu pl\u00e1novania, aby vznikol pr\u00edvetiv\u00fd a zladen\u00fd priestor. Najsk\u00f4r si premysli, v akom \u0161t\u00fdle m\u00e1\u0161 dom. Ak pripom\u00edna farmu \u010di chalupu, vyberaj sk\u00f4r dreven\u00e9 tabule alebo kovov\u00e9 umeleck\u00e9 k\u00fasky.\"\n      }\n    },\n    {\n      \"@type\": \"Question\",\n      \"name\": \"Ak\u00e9 tipy na dom\u00e1cu dekor\u00e1ciu stien verandy existuj\u00fa?\",\n      \"acceptedAnswer\": {\n        \"@type\": \"Answer\",\n        \"text\": \"Ak chce\u0161 o\u017eivi\u0165 steny verandy, zameraj sa na rovnov\u00e1hu medzi praktickos\u0165ou a vzh\u013eadom. Zrkadl\u00e1 umiestnen\u00e9 na spr\u00e1vnych miestach opticky zv\u00e4\u010d\u0161ia priestor, presvetlia verandu a dodaj\u00fa jej h\u013abku \u2013 v\u010faka tomu p\u00f4sob\u00ed otvorenej\u0161ie a pr\u00edvetivej\u0161ie. Vyber tak\u00e9 ozdoby, ktor\u00e9 vystihuj\u00fa n\u00e1ladu tvojho priestoru.\"\n      }\n    },\n    {\n      \"@type\": \"Question\",\n      \"name\": \"Ako vylep\u0161i\u0165 vzh\u013ead verandy v\u00fdzdobou stien?\",\n      \"acceptedAnswer\": {\n        \"@type\": \"Answer\",\n        \"text\": \"Vzh\u013ead verandy dolad\u00ed\u0161 pomocou dekor\u00e1ci\u00ed na stenu, ke\u010f spr\u00e1vne zladi\u0161 farby, materi\u00e1ly aj vrstvy. Za\u010dni v\u00fdberom odtie\u0148ov, ktor\u00e9 sa hodia k fas\u00e1de. \u010ci u\u017e zvol\u00ed\u0161 zemit\u00fa klasiku alebo vesel\u0161ie kontrasty, v\u0161etko formuje n\u00e1ladu priestoru.\"\n      }\n    },\n    {\n      \"@type\": \"Question\",\n      \"name\": \"Ak\u00e9 s\u00fa v\u00fdhody kovov\u00fdch dekor\u00e1ci\u00ed na stenu vo vonkaj\u0161\u00edch priestoroch?\",\n      \"acceptedAnswer\": {\n        \"@type\": \"Answer\",\n        \"text\": \"Kovov\u00e9 dekor\u00e1cie na vonkaj\u0161ie steny s\u00fa skvel\u00e9 pr\u00e1ve v\u010faka odolnosti a schopnosti vydr\u017ea\u0165 nepriazniv\u00e9 po\u010dasie. Preto vyzeraj\u00fa kr\u00e1sne aj po dlhom \u010dase vonku. Tak\u00e9to k\u00fasky dodaj\u00fa verande originalitu, stan\u00fa sa stredobodom a v\u00fdzdobu pod\u010diarknu.\"\n      }\n    },\n    {\n      \"@type\": \"Question\",\n      \"name\": \"Ako si vybra\u0165 origin\u00e1lne steny na verandu?\",\n      \"acceptedAnswer\": {\n        \"@type\": \"Answer\",\n        \"text\": \"Vybra\u0165 si jedine\u010dn\u00e9 dekor\u00e1cie na steny znamen\u00e1 myslie\u0165 na nieko\u013eko d\u00f4le\u017eit\u00fdch vec\u00ed. Vych\u00e1dzaj z vlastn\u00e9ho vkusu a \u0161t\u00fdlu svojho domova. Vlastnoru\u010dne vyroben\u00e9 alebo personalizovan\u00e9 k\u00fasky dodaj\u00fa priestoru jedine\u010dn\u00fd dotyk a veranda bude len tvoja.\"\n      }\n    },\n    {\n      \"@type\": \"Question\",\n      \"name\": \"Ak\u00e9 s\u00fa v\u00fdhody personalizovan\u00fdch kovov\u00fdch tab\u00fa\u013e?\",\n      \"acceptedAnswer\": {\n        \"@type\": \"Answer\",\n        \"text\": \"Personalizovan\u00e9 kovov\u00e9 tabule ti skr\u00e1\u0161lia verandu origin\u00e1lnym a pr\u00edvetiv\u00fdm sp\u00f4sobom. Okrem toho, \u017ee s\u00fa pekn\u00e9, s\u00fa aj praktick\u00e9 \u2013 vie\u0161 na ne da\u0165 \u010d\u00edslo domu \u010di meno. Vydr\u017eia hor\u00fa\u010davy, d\u00e1\u017e\u010f a mr\u00e1z, preto\u017ee s\u00fa trv\u00e1cne a odoln\u00e9 vo\u010di po\u010dasiu.\"\n      }\n    },\n    {\n      \"@type\": \"Question\",\n      \"name\": \"Ako vytvori\u0165 vlastn\u00e9 dekor\u00e1cie na stenu verandy?\",\n      \"acceptedAnswer\": {\n        \"@type\": \"Answer\",\n        \"text\": \"Navrhn\u00fa\u0165 si dekor\u00e1cie na mieru je v\u00fdborn\u00fd sp\u00f4sob, ako uk\u00e1za\u0165 svoj \u0161t\u00fdl a spr\u00edjemni\u0165 si priestor pri dome. Sk\u00fas DIY projekty pod\u013ea toho, \u010do sa ti p\u00e1\u010di. Pou\u017ei recyklovan\u00e9 materi\u00e1ly \u2013 napr\u00edklad star\u00e9 drevo alebo kov \u2013 a vyrob k\u00fasky, ktor\u00e9 s\u00fa ekologick\u00e9 aj jedine\u010dn\u00e9.\"\n      }\n    },\n    {\n      \"@type\": \"Question\",\n      \"name\": \"Ak\u00e9 s\u00fa v\u00fdhody ve\u013ek\u00fdch n\u00e1stenn\u00fdch hod\u00edn?\",\n      \"acceptedAnswer\": {\n        \"@type\": \"Answer\",\n        \"text\": \"Nadrozmern\u00e9 hodiny maj\u00fa na verande dve v\u00fdhody naraz \u2013 ukazuj\u00fa presn\u00fd \u010das a z\u00e1rove\u0148 p\u00f4sobia v\u00fdrazne ako dekor\u00e1cia. Pre svoju ve\u013ekos\u0165 pri\u0165ahuj\u00fa pozornos\u0165 a cel\u00fa verandu o\u017eivia. Ve\u013ek\u00fd cifern\u00edk je vidite\u013en\u00fd z dia\u013eky, tak\u017ee \u010das \u013eahko zist\u00ed\u0161, aj ke\u010f si vonku.\"\n      }\n    },\n    {\n      \"@type\": \"Question\",\n      \"name\": \"Ak\u00e9 s\u00fa v\u00fdhody n\u00e1stenn\u00fdch pol\u00edc vo v\u00fdzdobe verandy?\",\n      \"acceptedAnswer\": {\n        \"@type\": \"Answer\",\n        \"text\": \"N\u00e1stenn\u00e9 police s\u00fa skvel\u00fd sp\u00f4sob, ako zladi\u0165 na verande praktickos\u0165 a \u0161t\u00fdl. Pon\u00fakaj\u00fa miesto na uk\u00e1zanie dekor\u00e1ci\u00ed, rastliny, osobn\u00e9 poklady. Dobr\u00fdm rozmiestnen\u00edm predmetov vytvor\u00ed\u0161 zauj\u00edmav\u00e9 miesta, ktor\u00e9 up\u00fataj\u00fa na prv\u00fd poh\u013ead a vd\u00fdchnu verande \u017eivot.\"\n      }\n    },\n    {\n      \"@type\": \"Question\",\n      \"name\": \"Ako vyu\u017ei\u0165 zrkadl\u00e1 pri v\u00fdzdobe stien verandy?\",\n      \"acceptedAnswer\": {\n        \"@type\": \"Answer\",\n        \"text\": \"Zrkadl\u00e1 v\u00fdborne rozjasnia a opticky zv\u00e4\u010d\u0161ia aj men\u0161iu verandu. Odraz svetla presvetl\u00ed priestor a vytvor\u00ed pr\u00edjemn\u00fa atmosf\u00e9ru. Ak zrkadlo spr\u00e1vne umiestni\u0161, aj \u00fazka veranda bude p\u00f4sobi\u0165 otvorenej\u0161ie a poz\u00fdvavej\u0161ie.\"\n      }\n    },\n    {\n      \"@type\": \"Question\",\n      \"name\": \"Ako pou\u017ei\u0165 obrazy na pl\u00e1tne na verande?\",\n      \"acceptedAnswer\": {\n        \"@type\": \"Answer\",\n        \"text\": \"Obrazy na pl\u00e1tne prines\u00fa na verandu farby aj \u0161t\u00fdl. Aby vydr\u017eali, vyber odoln\u00e9 pl\u00e1tno ur\u010den\u00e9 na vonkaj\u0161ie pou\u017eitie alebo ich daj pod strechu, kde bud\u00fa chr\u00e1nen\u00e9. Tak si zachovaj\u00fa svoju pestros\u0165 dlh\u00fd \u010das.\"\n      }\n    },\n    {\n      \"@type\": \"Question\",\n      \"name\": \"\u010co s\u00fa dreven\u00e9 tabule a ako ich vyu\u017ei\u0165 vo v\u00fdzdobe verandy?\",\n      \"acceptedAnswer\": {\n        \"@type\": \"Answer\",\n        \"text\": \"Dreven\u00e9 tabule dodaj\u00fa verande \u0161arm i praktickos\u0165. M\u00f4\u017eu sl\u00fa\u017ei\u0165 ako priv\u00edtanie pri dver\u00e1ch \u010di smerov\u00e9 cedule, v\u017edy v\u0161ak prines\u00fa osobn\u00fd dotyk. Skvelo sa hodia na rustik\u00e1lne alebo vidiecky laden\u00e9 verandy.\"\n      }\n    }\n  ]\n}\n<\/script>\n<script type=\"application\/ld+json\">\n{\n  \"@context\": \"https:\/\/schema.org\",\n  \"@type\": \"HowTo\",\n  \"name\": \"Ako z\u00fatulni\u0165 verandu n\u00e1stennou dekor\u00e1ciou\",\n  \"description\": \"N\u00e1vod, ako premeni\u0165 verandu na \u00fatuln\u00e9 miesto pomocou vhodn\u00fdch dekor\u00e1ci\u00ed na stenu.\",\n  \"image\": [\n    \"https:\/\/doubletakedecor.com\/uploads\/2025\/09\/porch-wall-decor-ideas-dtd-01.jpg\",\n    \"https:\/\/doubletakedecor.com\/uploads\/2025\/09\/porch-wall-decor-ideas-dtd-02.jpg\",\n    \"https:\/\/doubletakedecor.com\/uploads\/2025\/09\/porch-wall-decor-ideas-dtd-03.jpg\"\n  ],\n  \"totalTime\": \"PT1H\",\n  \"supply\": [\n    {\n      \"@type\": \"HowToSupply\",\n      \"name\": \"dekor\u00e1cie na stenu (dreven\u00e9 n\u00e1pisy, kovov\u00e9 ozdoby, zrkadl\u00e1)\"\n    },\n    {\n      \"@type\": \"HowToSupply\",\n      \"name\": \"zavesen\u00e9 kvetin\u00e1\u010de alebo zvisl\u00e1 z\u00e1hradka\"\n    },\n    {\n      \"@type\": \"HowToSupply\",\n      \"name\": \"odoln\u00e9 materi\u00e1ly na vonkaj\u0161ie pou\u017eitie\"\n    },\n    {\n      \"@type\": \"HowToSupply\",\n      \"name\": \"vank\u00fa\u0161e a text\u00edlie\"\n    },\n    {\n      \"@type\": \"HowToSupply\",\n      \"name\": \"osvetlenie (lamp\u00e1\u0161e, sveteln\u00e9 re\u0165aze)\"\n    }\n  ],\n  \"tool\": [\n    {\n      \"@type\": \"HowToTool\",\n      \"name\": \"kladivo alebo skrutkova\u010d\"\n    },\n    {\n      \"@type\": \"HowToTool\",\n      \"name\": \"h\u00e1\u010diky na zavesenie\"\n    }\n  ],\n  \"step\": [\n    {\n      \"@type\": \"HowToStep\",\n      \"name\": \"Vyber dekor\u00e1cie odoln\u00e9 vo\u010di po\u010dasiu\",\n      \"text\": \"Materi\u00e1ly ako upraven\u00e9 drevo, pevn\u00fd kov alebo l\u00e1tky na vonkaj\u0161ie pou\u017eitie bud\u00fa pekn\u00e9 po cel\u00fd rok. Vyberaj dekor\u00e1cie, ktor\u00e9 uk\u00e1\u017eu tvoj \u0161t\u00fdl a vydr\u017eia d\u00e1\u017e\u010f, vietor \u010di slnko.\",\n      \"image\": \"https:\/\/doubletakedecor.com\/uploads\/2025\/09\/porch-wall-decor-ideas-dtd-01.jpg\"\n    },\n    {\n      \"@type\": \"HowToStep\",\n      \"name\": \"Kombinuj r\u00f4zne povrchy a materi\u00e1ly\",\n      \"text\": \"Zaves dreven\u00e9 poli\u010dky, pridaj kovov\u00e9 obrazy alebo zrkadlo. Kombin\u00e1cia povrchov a materi\u00e1lov sprav\u00ed verandu zauj\u00edmavej\u0161ou a opticky ju zv\u00e4\u010d\u0161\u00ed.\",\n      \"image\": \"https:\/\/doubletakedecor.com\/uploads\/2025\/09\/porch-wall-decor-ideas-dtd-02.jpg\"\n    },\n    {\n      \"@type\": \"HowToStep\",\n      \"name\": \"Pridaj rastliny na stenu\",\n      \"text\": \"Zvisl\u00e9 z\u00e1hradky \u010di zavesen\u00e9 kvetin\u00e1\u010de prines\u00fa na verandu k\u00fasky pr\u00edrody. Vyber farby, ktor\u00e9 sa hodia k exteri\u00e9ru domu a prepoja vn\u00fatorn\u00fd a vonkaj\u0161\u00ed priestor.\",\n      \"image\": \"https:\/\/doubletakedecor.com\/uploads\/2025\/09\/porch-wall-decor-ideas-dtd-03.jpg\"\n    },\n    {\n      \"@type\": \"HowToStep\",\n      \"name\": \"Dola\u010f atmosf\u00e9ru osvetlen\u00edm\",\n      \"text\": \"Tepl\u00e9 osvetlenie a zladen\u00e9 farby vytvoria pr\u00edjemn\u00fa atmosf\u00e9ru. Lamp\u00e1\u0161e alebo sveteln\u00e9 re\u0165aze zv\u00fdraznia celkov\u00fd dojem z verandy.\",\n      \"image\": \"https:\/\/doubletakedecor.com\/uploads\/2025\/09\/porch-wall-decor-ideas-dtd-07.jpg\"\n    },\n    {\n      \"@type\": \"HowToStep\",\n      \"name\": \"Dola\u010f detaily pod\u013ea \u0161t\u00fdlu\",\n      \"text\": \"Vyber detaily pod\u013ea toho, \u010di preferuje\u0161 vidiecky, elegantn\u00fd alebo modern\u00fd \u0161t\u00fdl. Starostlivo vybran\u00e1 dekor\u00e1cia zmen\u00ed verandu na miesto, kam sa bude\u0161 r\u00e1d vraca\u0165.\",\n      \"image\": \"https:\/\/doubletakedecor.com\/uploads\/2025\/09\/porch-wall-decor-ideas-dtd-13.jpg\"\n    }\n  ]\n}\n<\/script>\n","_links":{"self":[{"href":"https:\/\/doubletakedecor.com\/sk\/wp-json\/wp\/v2\/posts\/8302","targetHints":{"allow":["GET"]}}],"collection":[{"href":"https:\/\/doubletakedecor.com\/sk\/wp-json\/wp\/v2\/posts"}],"about":[{"href":"https:\/\/doubletakedecor.com\/sk\/wp-json\/wp\/v2\/types\/post"}],"author":[{"embeddable":true,"href":"https:\/\/doubletakedecor.com\/sk\/wp-json\/wp\/v2\/users\/14"}],"replies":[{"embeddable":true,"href":"https:\/\/doubletakedecor.com\/sk\/wp-json\/wp\/v2\/comments?post=8302"}],"version-history":[{"count":1,"href":"https:\/\/doubletakedecor.com\/sk\/wp-json\/wp\/v2\/posts\/8302\/revisions"}],"predecessor-version":[{"id":8303,"href":"https:\/\/doubletakedecor.com\/sk\/wp-json\/wp\/v2\/posts\/8302\/revisions\/8303"}],"wp:featuredmedia":[{"embeddable":true,"href":"https:\/\/doubletakedecor.com\/sk\/wp-json\/wp\/v2\/media\/8124"}],"wp:attachment":[{"href":"https:\/\/doubletakedecor.com\/sk\/wp-json\/wp\/v2\/media?parent=8302"}],"wp:term":[{"taxonomy":"category","embeddable":true,"href":"https:\/\/doubletakedecor.com\/sk\/wp-json\/wp\/v2\/categories?post=8302"},{"taxonomy":"post_tag","embeddable":true,"href":"https:\/\/doubletakedecor.com\/sk\/wp-json\/wp\/v2\/tags?post=8302"}],"curies":[{"name":"wp","href":"https:\/\/api.w.org\/{rel}","templated":true}]}}